{"submenu":"imprensa","resultado":[{"id":228,"0":228,"ordem":0,"1":0,"data":"2026-04-22","2":"2026-04-22","slug":"boletim-abint-de-noticias-semanais-123","3":"boletim-abint-de-noticias-semanais-123","titulo":"Boletim ABINT de Not\u00edcias Semanais","4":"Boletim ABINT de Not\u00edcias Semanais","titulo_en":"","5":"","texto":"<p style=\"text-align:justify\"><span style=\"font-size:11pt\"><span style=\"line-height:normal\"><span style=\"font-family:Aptos,sans-serif\"><span style=\"font-size:14.0pt\">Esta &eacute; uma compila&ccedil;&atilde;o das not&iacute;cias mais relevantes para o setor, incluindo informa&ccedil;&otilde;es sobre acordos internacionais, economia brasileira, sustentabilidade e mat&eacute;rias primas, al&eacute;m de novidades do setor de N&atilde;otecidos e Tecidos T&eacute;cnicos.<\/span><\/span><\/span><\/span><\/p>\r\n\r\n<p style=\"text-align:justify\"><span style=\"font-size:28pt\"><span style=\"font-family:Aptos,sans-serif\"><span style=\"letter-spacing:-0.5pt\"><b><span style=\"font-size:18.0pt\"><span style=\"font-variant:small-caps\">O que vem por a&iacute;<\/span><\/span><\/b><\/span><\/span><\/span><\/p>\r\n\r\n<p style=\"text-align:justify\"><img src=\"https:\/\/www.abint.org.br\/assets\/img\/editor\/post-quadrado-curso-naotecido-2026-2_20260326131535BHeNIfVpbl.png\" style=\"width: 500px; height: 500px;\" \/><\/p>\r\n\r\n<p style=\"text-align:justify\"><span style=\"font-size:11pt\"><span style=\"line-height:normal\"><span style=\"font-family:Aptos,sans-serif\"><a href=\"https:\/\/forms.gle\/SMUvLuH5kKYh745eA\" style=\"color:blue; text-decoration:underline\"><b><span style=\"font-size:14.0pt\">Informa&ccedil;&otilde;es e inscri&ccedil;&otilde;es<\/span><\/b><\/a><\/span><\/span><\/span><\/p>\r\n\r\n<p class=\"MsoTitle\" style=\"text-align:justify\"><span style=\"font-size:28pt\"><span style=\"font-family:Aptos,sans-serif\"><span style=\"letter-spacing:-0.5pt\"><b><span style=\"font-size:18.0pt\"><span style=\"font-variant:small-caps\">Not&iacute;cias das Associadas<\/span><\/span><\/b><\/span><\/span><\/span><\/p>\r\n\r\n<p style=\"text-align:justify\"><span style=\"font-size:11pt\"><span style=\"line-height:normal\"><span style=\"font-family:Aptos,sans-serif\"><a href=\"https:\/\/www.texspacetoday.com\/andritz-at-index26-driving-sustainability-with-next-generation-nonwoven-technologies\/?amp=1\" style=\"color:blue; text-decoration:underline\"><span lang=\"EN-US\" style=\"font-size:14.0pt\">ANDRITZ at INDEX26: Driving sustainability with next-generation nonwoven technologies<\/span><\/a><\/span><\/span><\/span><\/p>\r\n\r\n<p style=\"text-align:justify\"><span style=\"font-size:11pt\"><span style=\"line-height:normal\"><span style=\"font-family:Aptos,sans-serif\"><a href=\"https:\/\/www.indiantextilemagazine.in\/andritz-market-perspective-on-the-global-needlepunch-nonwovens-market\/\" style=\"color:blue; text-decoration:underline\"><span lang=\"EN-US\" style=\"font-size:14.0pt\">ANDRITZ market perspective: Global outlook for needlepunch nonwovens<\/span><\/a><\/span><\/span><\/span><\/p>\r\n\r\n<p style=\"text-align:justify\"><span style=\"font-size:11pt\"><span style=\"line-height:normal\"><span style=\"font-family:Aptos,sans-serif\"><a href=\"https:\/\/emobile.com.br\/site\/industria\/cipatex-completa-62-anos-com-crescimento\/\" style=\"color:blue; text-decoration:underline\"><span lang=\"EN-US\" style=\"font-size:14.0pt\">Cipatex completa 62 anos com crescimento<\/span><\/a><\/span><\/span><\/span><\/p>\r\n\r\n<p style=\"text-align:justify\"><span style=\"font-size:11pt\"><span style=\"line-height:normal\"><span style=\"font-family:Aptos,sans-serif\"><a href=\"https:\/\/textile-network.com\/en\/Technical-Textiles\/New-textile-solutions-from-Freudenberg-Performance-Materials\" style=\"color:blue; text-decoration:underline\"><span lang=\"EN-US\" style=\"font-size:14.0pt\">New textile solutions from Freudenberg Performance Materials<\/span><\/a><\/span><\/span><\/span><\/p>\r\n\r\n<p style=\"text-align:justify\"><span style=\"font-size:11pt\"><span style=\"line-height:normal\"><span style=\"font-family:Aptos,sans-serif\"><a href=\"https:\/\/www.nonwovens-industry.com\/breaking-news\/suominen-appoints-chief-human-resources-officer\/\" style=\"color:blue; text-decoration:underline\"><span lang=\"ES-AR\" style=\"font-size:14.0pt\">Suominen Appoints Chief Human Resources Officer<\/span><\/a><\/span><\/span><\/span><\/p>\r\n\r\n<p style=\"text-align:justify\"><span style=\"font-size:11pt\"><span style=\"line-height:normal\"><span style=\"font-family:Aptos,sans-serif\"><b><span style=\"font-size:18.0pt\"><span style=\"font-variant:small-caps\">Eventos<\/span><\/span><\/b><\/span><\/span><\/span><\/p>\r\n\r\n<p style=\"text-align:justify\"><span style=\"font-size:11pt\"><span style=\"line-height:normal\"><span style=\"font-family:Aptos,sans-serif\"><a href=\"https:\/\/app.rdstation.email\/mail\/b07f0776-f944-40f1-9356-0fff28bdd622?utm_medium=email&amp;utm_campaign=workshop_gestao_da_nova_nr_1_na_industria_textil_e_de_confeccao&amp;utm_source=RD+Station\" style=\"color:blue; text-decoration:underline\"><b><span style=\"font-size:14.0pt\">Workshop Abit | Gest&atilde;o da nova NR 1 na ind&uacute;stria t&ecirc;xtil e de confec&ccedil;&atilde;o<\/span><\/b><\/a><span style=\"font-size:14.0pt\">, 29 de abril de 2026, 09h30 &agrave;s 11h00, evento virtual<\/span><\/span><\/span><\/span><\/p>\r\n\r\n<p style=\"text-align:justify\"><span style=\"font-size:11pt\"><span style=\"line-height:normal\"><span style=\"font-family:Aptos,sans-serif\"><a href=\"https:\/\/app.rdstation.email\/mail\/0bafb62e-ee1c-47ab-8137-23bf03998981?utm_medium=email&amp;utm_campaign=emkt_curso_etiquetagem&amp;utm_source=RD+Station\" style=\"color:blue; text-decoration:underline\"><b><span style=\"font-size:14.0pt\">Curso | Etiquetagem de Produtos T&ecirc;xteis e Confeccionados<\/span><\/b><\/a><span style=\"font-size:14.0pt\">, 05 de maio de 2026, 09h &agrave;s 12h, evento virtual<\/span><\/span><\/span><\/span><\/p>\r\n\r\n<p style=\"text-align:justify\"><span style=\"font-size:11pt\"><span style=\"line-height:normal\"><span style=\"font-family:Aptos,sans-serif\"><a href=\"https:\/\/biotexfuture.info\/wp-content\/uploads\/2026\/03\/Agenda_BTF_InnovationDay_Spring_04032026.pdf\" style=\"color:blue; text-decoration:underline\"><b><span lang=\"EN-US\" style=\"font-size:14.0pt\">Innovation Day &ldquo;Harvesting Innovation: Bridging Agriculture and Textiles&rdquo;<\/span><\/b><\/a><span lang=\"EN-US\" style=\"font-size:14.0pt\">, 5 May 2026, 09:30 &ndash; 14:00 CEST (online streaming starts at 10:00), ITA, Otto-Blumenthal-Stra&szlig;e 1, 52074 Aachen or online (link will be provided upon registration)<\/span><\/span><\/span><\/span><\/p>\r\n\r\n<p style=\"text-align:justify\"><span style=\"font-size:11pt\"><span style=\"line-height:normal\"><span style=\"font-family:Aptos,sans-serif\"><a href=\"https:\/\/www.feimec.com.br\/pt\/home.html\" style=\"color:blue; text-decoration:underline\"><b><span style=\"font-size:14.0pt\">FEIMEC - Feira Internacional de M&aacute;quinas e Equipamentos<\/span><\/b><\/a><span style=\"font-size:14.0pt\">, 05 a 09 de maio de 2026, ter&ccedil;a a sexta - 10h &agrave;s 19h | s&aacute;bado - 9h &agrave;s 17h, S&atilde;o Paulo Expo, Rod. dos Imigrantes, KM 1,5<\/span><\/span><\/span><\/span><\/p>\r\n\r\n<p style=\"text-align:justify\"><span style=\"font-size:11pt\"><span style=\"line-height:normal\"><span style=\"font-family:Aptos,sans-serif\"><a href=\"https:\/\/www.sympla.com.br\/evento\/horizons-2026-inovabilidade-em-acao\/3303286?utm_source=emkt&amp;utm_medium=horizons-2026\" style=\"color:blue; text-decoration:underline\"><b><span style=\"font-size:14.0pt\">Horizons 2026 - Inovabilidade em A&ccedil;&atilde;o<\/span><\/b><\/a><span style=\"font-size:14.0pt\">, 06 e 07 de maio de 2026, das 09h &agrave;s 18h, evento presencial em Hub Green Sampa, Centro de Inova&ccedil;&atilde;o Verde Bruno Covas, S&atilde;o Paulo, SP<\/span><\/span><\/span><\/span><\/p>\r\n\r\n<p style=\"text-align:justify\"><span style=\"font-size:11pt\"><span style=\"line-height:normal\"><span style=\"font-family:Aptos,sans-serif\"><span lang=\"EN-US\" style=\"font-size:14.0pt\"><span style=\"color:blue\">The EIU | Webinar: protecting global operations with the Democracy Index<\/span><\/span><span lang=\"EN-US\" style=\"font-size:14.0pt\">, Thursday May 7th 2026<\/span><\/span><\/span><\/span><\/p>\r\n\r\n<p style=\"text-align:justify\"><span style=\"font-size:11pt\"><span style=\"line-height:normal\"><span style=\"font-family:Aptos,sans-serif\"><a href=\"https:\/\/click.b.economist.com\/?qs=ABB7InYiOjEsImQiOjQ4NTJ9AAcAAAAAAEYoD-3IVUP5SbFbhutXVg2PnNCC49Nsbg4WMPWtWrIOmIKxBFnPKY-WiWsuj1195iihMZpDfNzFaX9fC1yDcS4xEP6Sp7N3VVvEeOW5MJnB1w\" style=\"color:blue; text-decoration:underline\" title=\"Register for session 1:\"><b><span lang=\"EN-US\" style=\"font-size:14.0pt\">Register for session 1:<\/span><\/b><\/a><span lang=\"EN-US\" style=\"font-size:14.0pt\"> 8:30am BST | 9:30am CEST | 3:30pm HKT<\/span><\/span><\/span><\/span><\/p>\r\n\r\n<p style=\"text-align:justify\"><span style=\"font-size:11pt\"><span style=\"line-height:normal\"><span style=\"font-family:Aptos,sans-serif\"><a href=\"https:\/\/click.b.economist.com\/?qs=ABB7InYiOjEsImQiOjQ4NTJ9AAcAAAAAAEYoD-3JDiGlPNNvn40uhm1KOWP8LIlKPUMkcncPDHqQVMI8ttM7Op8sJHFxQxXqD5BNN4qN6BbelI_WhJ-cZfl1R_327bBIoPzBVEJUYdtF1g\" style=\"color:blue; text-decoration:underline\" title=\"Register for session 2:\"><b><span lang=\"EN-US\" style=\"font-size:14.0pt\">Register for session 2:<\/span><\/b><\/a><span lang=\"EN-US\" style=\"font-size:14.0pt\"> 10:00am EDT | 3:00pm BST | 4:00pm CEST<\/span><\/span><\/span><\/span><\/p>\r\n\r\n<p style=\"text-align:justify\"><span style=\"font-size:11pt\"><span style=\"line-height:normal\"><span style=\"font-family:Aptos,sans-serif\"><a href=\"https:\/\/www.hospitalar.com\/?utm_campaign=BRZ26HPR-MN-CREDENCIAMENTO-ABERTO&amp;utm_emailname=BRZ26HPR-MN-CREDENCIAMENTO-ABERTO-1-Resend&amp;utm_medium=email&amp;utm_source=eloqua&amp;utm_MDMContactID=2bb3d23c-a32f-4218-88d5-29f7fb45caee&amp;utm_campaigntype=Visitor%20Promotion&amp;eM=50c7dfe42c38ea8f10539f0a167fc763253059e495554a32db7a57f8f237ec4c&amp;eventSeriesCode=ES_HOSPITALAR&amp;eventEditionCode=BRZ26HPR&amp;sessionCode=S_EXHB&amp;sp_eh=50c7dfe42c38ea8f10539f0a167fc763253059e495554a32db7a57f8f237ec4c\" style=\"color:blue; text-decoration:underline\"><b><span style=\"font-size:14.0pt\">Hospitalar 2026<\/span><\/b><\/a><span style=\"font-size:14.0pt\">, 19 a 22 de maio, das 11h &agrave;s 20h, S&atilde;o Paulo Expo<\/span><\/span><\/span><\/span><\/p>\r\n\r\n<p style=\"text-align:justify\"><span style=\"font-size:11pt\"><span style=\"line-height:normal\"><span style=\"font-family:Aptos,sans-serif\"><a href=\"https:\/\/www.even3.com.br\/curso-internacional-de-desenvolvimento-profissional-geosynthetic-reinforced-soil-structures-688331\/\" style=\"color:blue; text-decoration:underline\"><b><span lang=\"EN-US\" style=\"font-size:14.0pt\">Professional Development Course &ndash; PDC: &ldquo;Geosynthetic Reinforced Soil Structures&rdquo;<\/span><\/b><\/a><span lang=\"EN-US\" style=\"font-size:14.0pt\">, May 26-28, 2026, 08:30 - 13:00 GMT-3, presential, S&atilde;o Paulo, SP<\/span><\/span><\/span><\/span><\/p>\r\n\r\n<p><img src=\"https:\/\/www.abint.org.br\/assets\/img\/editor\/2026-igs-curso-solos-reforcados-flyer2_20260423122243DZwGVMQPzO.png\" style=\"width: 500px; height: 707px;\" \/><\/p>\r\n\r\n<p style=\"text-align:justify\"><span style=\"font-size:11pt\"><span style=\"line-height:normal\"><span style=\"font-family:Aptos,sans-serif\"><a href=\"https:\/\/credenciamentonexumgroup.lovable.app\/evento\/personal-care-summit-latinoamerica-2026\" style=\"color:blue; text-decoration:underline\"><b><span style=\"font-size:14.0pt\">Personal Care Summit Latinoam&eacute;rica | I<\/span><\/b><b><span style=\"font-size:14.0pt\">nd&uacute;stria 5.0: Tecnologia e Pessoas<\/span><\/b><\/a><span style=\"font-size:14.0pt\">, 09 de junho de 2026, Hotel Pullman, Guarulhos, SP<\/span><\/span><\/span><\/span><\/p>\r\n\r\n<p style=\"text-align:justify\"><span style=\"font-size:11pt\"><span style=\"line-height:normal\"><span style=\"font-family:Aptos,sans-serif\"><a href=\"https:\/\/www.hightex.com.tr\/\" style=\"color:blue; text-decoration:underline\"><b><span lang=\"EN-US\" style=\"font-size:14.0pt\">HIGTEX 2026 &ndash; International Technical Textiles and Nonwoven Exhibition<\/span><\/b><\/a><span lang=\"EN-US\" style=\"font-size:14.0pt\">, June 9&ndash;13, T&Uuml;YAP Fair and Congress Center, \u0130stanbul, T&uuml;rkiye<\/span><\/span><\/span><\/span><\/p>\r\n\r\n<p style=\"text-align:justify\"><span style=\"font-size:11pt\"><span style=\"line-height:normal\"><span style=\"font-family:Aptos,sans-serif\"><a href=\"https:\/\/www.worldofwipes.org\/\" style=\"color:blue; text-decoration:underline\"><b><span lang=\"EN-US\" style=\"font-size:14.0pt\">INDA | WOW - World of Wipes International Conference<\/span><\/b><\/a><span lang=\"EN-US\" style=\"font-size:14.0pt\">, June 29&ndash;July 2, 2026, Grand Hyatt Nashville, Nashville, Tennessee USA<\/span><\/span><\/span><\/span><\/p>\r\n\r\n<p style=\"text-align:justify\"><span style=\"font-size:11pt\"><span style=\"line-height:normal\"><span style=\"font-family:Aptos,sans-serif\"><a href=\"https:\/\/filtech.de\/\" style=\"color:blue; text-decoration:underline\"><b><span style=\"font-size:14.0pt\">Filtech 2026<\/span><\/b><\/a><span style=\"font-size:14.0pt\">, 30 de junho a 2 de julho, Cologne, Alemanha<\/span><\/span><\/span><\/span><\/p>\r\n\r\n<p style=\"text-align:justify\"><span style=\"font-size:11pt\"><span style=\"line-height:normal\"><span style=\"font-family:Aptos,sans-serif\"><a href=\"https:\/\/www.formobile.com.br\/pt\/home.html\" style=\"color:blue; text-decoration:underline\"><b><span style=\"font-size:14.0pt\">ForM&oacute;bile 2026<\/span><\/b><\/a><span style=\"font-size:14.0pt\">, 30 de junho a 3 de julho, S&atilde;o Paulo Expo<\/span><\/span><\/span><\/span><\/p>\r\n\r\n<p style=\"text-align:justify\"><span style=\"font-size:11pt\"><span style=\"line-height:normal\"><span style=\"font-family:Aptos,sans-serif\"><a href=\"https:\/\/sienge.com.br\/construsummit\/\" style=\"color:blue; text-decoration:underline\"><b><span style=\"font-size:14.0pt\">Construsummit<\/span><\/b><\/a><span style=\"font-size:14.0pt\">, 1 e 2 de julho de 2026, Florian&oacute;polis, SC<\/span><\/span><\/span><\/span><\/p>\r\n\r\n<p style=\"text-align:justify\"><span style=\"font-size:11pt\"><span style=\"line-height:normal\"><span style=\"font-family:Aptos,sans-serif\"><a href=\"https:\/\/info.fastmarkets.com\/index.php\/email\/emailWebview?email=OTMwLVlTTi0zNDIAAAGgm9GYB4UXisBYfG6V1YgLbIkX8OtKVxG11VCYMcCYfPs1fCCJJmN773X5IwSwnvWO_PwKa82eHJaJrBpZ4hTGCHcBq8U9L5ysEA\" style=\"color:blue; text-decoration:underline\"><b><span style=\"font-size:14.0pt\">Fastmarkets Forest Products Latin America Conference 2026<\/span><\/b><\/a><span style=\"font-size:14.0pt\">, 10 a 12 de agosto de 2026, S&atilde;o Paulo<\/span><\/span><\/span><\/span><\/p>\r\n\r\n<p style=\"text-align:justify\"><span style=\"font-size:11pt\"><span style=\"line-height:normal\"><span style=\"font-family:Aptos,sans-serif\"><a href=\"https:\/\/feiplar.com\/Presencial\/inicio-2024\/\" style=\"color:blue; text-decoration:underline\"><b><span style=\"font-size:14.0pt\">FEIPLAR &amp; FEIPUR &ndash; Feira e Congresso Internacionais de Materiais Avan&ccedil;ados<\/span><\/b><\/a><span style=\"font-size:14.0pt\">, 25 a 27 de agosto de 2026, S&atilde;o Paulo Expo | Pavilh&atilde;o 5, S&atilde;o Paulo, SP, Brasil<\/span><\/span><\/span><\/span><\/p>\r\n\r\n<p style=\"text-align:justify\"><span style=\"font-size:11pt\"><span style=\"line-height:normal\"><span style=\"font-family:Aptos,sans-serif\"><a href=\"https:\/\/ficons.com.br\/\" style=\"color:blue; text-decoration:underline\"><b><span style=\"font-size:14.0pt\">FICONS - Feira Internacional de Materiais, Equipamentos e Servi&ccedil;os da Constru&ccedil;&atilde;o<\/span><\/b><\/a><span style=\"font-size:14.0pt\">, 15 a 18 de setembro de 2026, Centro de Conven&ccedil;&otilde;es de Pernambuco Recife\/ Olinda<\/span><\/span><\/span><\/span><\/p>\r\n\r\n<p style=\"text-align:justify\"><span style=\"font-size:11pt\"><span style=\"line-height:normal\"><span style=\"font-family:Aptos,sans-serif\"><a href=\"https:\/\/www.edana.org\/events\/outlook\/outlook-2025\" style=\"color:blue; text-decoration:underline\"><b><span style=\"font-size:14.0pt\">OUTLOOK&trade; 2026<\/span><\/b><\/a><span style=\"font-size:14.0pt\">, 22&ndash;24 September, Hotel Miragem, Cascais, Portugal<\/span><\/span><\/span><\/span><\/p>\r\n\r\n<p style=\"text-align:justify\"><span style=\"font-size:11pt\"><span style=\"line-height:normal\"><span style=\"font-family:Aptos,sans-serif\"><a href=\"https:\/\/hospitalmed.com.br\/feira\/\" style=\"color:blue; text-decoration:underline\"><b><span style=\"font-size:14.0pt\">HospitalMed<\/span><\/b><\/a><span style=\"font-size:14.0pt\">, 21 a 23 de outubro de 2026, das 14h &agrave;s 20h, Pernambuco Centro de Conven&ccedil;&otilde;es, Olinda<\/span><\/span><\/span><\/span><\/p>\r\n\r\n<p style=\"text-align:justify\"><span style=\"font-size:11pt\"><span style=\"line-height:normal\"><span style=\"font-family:Aptos,sans-serif\"><a href=\"https:\/\/www.edana.org\/events\/edana-sustainability-forum\" style=\"color:blue; text-decoration:underline\"><b><span lang=\"EN-US\" style=\"font-size:14.0pt\">Sustainability &amp; Policy Forum<\/span><\/b><\/a><span lang=\"EN-US\" style=\"font-size:14.0pt\">, 8&ndash;9 December 2026, Residence Palace in Brussels, Belgium<\/span><\/span><\/span><\/span><\/p>\r\n\r\n<p style=\"text-align:justify\"><span style=\"font-size:11pt\"><span style=\"line-height:normal\"><span style=\"font-family:Aptos,sans-serif\"><a href=\"https:\/\/infrane.com.br\/\" style=\"color:blue; text-decoration:underline\"><b><span style=\"font-size:14.0pt\">Infra NE<\/span><\/b><\/a><span style=\"font-size:14.0pt\">, 03 a 05 de mar&ccedil;o de 2027, Centro de Conven&ccedil;&otilde;es Salvador<\/span><\/span><\/span><\/span><\/p>\r\n\r\n<p style=\"text-align:justify\"><span style=\"font-size:28pt\"><span style=\"font-family:Aptos,sans-serif\"><span style=\"letter-spacing:-0.5pt\"><b><span style=\"font-size:18.0pt\"><span style=\"font-variant:small-caps\">Setor<\/span><\/span><\/b><\/span><\/span><\/span><\/p>\r\n\r\n<p style=\"text-align:justify\"><span style=\"font-size:11pt\"><span style=\"line-height:normal\"><span style=\"font-family:Aptos,sans-serif\"><a href=\"https:\/\/sinditextilsp.org.br\/home\/2026\/04\/nova-diretoria-e-conselhos-do-sinditextil-sp-tomam-posse\/\" style=\"color:blue; text-decoration:underline\"><span style=\"font-size:14.0pt\">Nova diretoria e conselhos do Sindit&ecirc;xtil-SP tomam posse<\/span><\/a><\/span><\/span><\/span><\/p>\r\n\r\n<p style=\"text-align:justify\"><span style=\"font-size:11pt\"><span style=\"line-height:normal\"><span style=\"font-family:Aptos,sans-serif\"><a href=\"https:\/\/plasticosemrevista.com.br\/petroquimicos-precos-em-marco-batem-recorde-de-aumento-mensal\/\" style=\"color:blue; text-decoration:underline\"><span style=\"font-size:14.0pt\">Petroqu&iacute;micos: pre&ccedil;os em mar&ccedil;o batem recorde de aumento mensal<\/span><\/a><\/span><\/span><\/span><\/p>\r\n\r\n<p style=\"text-align:justify\"><span style=\"font-size:11pt\"><span style=\"line-height:normal\"><span style=\"font-family:Aptos,sans-serif\"><a href=\"https:\/\/plasticosulamerica.com\/o-mercado-ve-o-barril-a-nafta-conta-outra-historia\/\" style=\"color:blue; text-decoration:underline\"><span style=\"font-size:14.0pt\">O mercado v&ecirc; o barril. a nafta conta outra hist&oacute;ria<\/span><\/a><\/span><\/span><\/span><\/p>\r\n\r\n<p style=\"text-align:justify\"><span style=\"font-size:11pt\"><span style=\"line-height:normal\"><span style=\"font-family:Aptos,sans-serif\"><a href=\"https:\/\/innovationintextiles.com\/convergence-across-the-nonwovens-value-chain\/\" style=\"color:blue; text-decoration:underline\"><span lang=\"EN-US\" style=\"font-size:14.0pt\">Convergence across the nonwovens value chain<\/span><\/a><\/span><\/span><\/span><\/p>\r\n\r\n<p style=\"text-align:justify\"><span style=\"font-size:11pt\"><span style=\"line-height:normal\"><span style=\"font-family:Aptos,sans-serif\"><a href=\"https:\/\/ebook.nonwovens-industry.com\/non-nonwovens-hygiene-market-ebook-3-26?utm_medium=email&amp;_hsenc=p2ANqtz-_wXqOAp8cOlrCA54kbGTMEQh0hun-0vrO5-_Yn0_4nAMz666v4C7eaf8jwoVS2xO_w2Wn63XwaxSIjlATVWWfYjynldA&amp;_hsmi=412429767&amp;utm_content=412429767&amp;utm_source=hs_email\" style=\"color:blue; text-decoration:underline\"><span lang=\"EN-US\" style=\"font-size:14.0pt\">Key Trends in Absorbent &amp; Disposable Hygiene for 2026<\/span><\/a><\/span><\/span><\/span><\/p>\r\n\r\n<p style=\"text-align:justify\"><span style=\"font-size:11pt\"><span style=\"line-height:normal\"><span style=\"font-family:Aptos,sans-serif\"><a href=\"https:\/\/portalpersonalcare.com.br\/producao-de-naotecidos-na-europa-recua-22-em-2025-aponta-edana\/?utm_medium=email&amp;utm_campaign=newsletter_15042026&amp;utm_source=RD+Station\" style=\"color:blue; text-decoration:underline\"><span style=\"font-size:14.0pt\">Produ&ccedil;&atilde;o de n&atilde;otecidos na Europa recua 2,2% em 2025, aponta EDANA<\/span><\/a><\/span><\/span><\/span><\/p>\r\n\r\n<p style=\"text-align:justify\"><span style=\"font-size:11pt\"><span style=\"line-height:normal\"><span style=\"font-family:Aptos,sans-serif\"><a href=\"https:\/\/sinditextilsp.org.br\/home\/2026\/04\/mercado-de-fibra-de-celulose-deve-chegar-a-us-6137-bi-ate-2034\/?utm_medium=email&amp;utm_campaign=boletim_verde_22&amp;utm_source=RD+Station\" style=\"color:blue; text-decoration:underline\"><span style=\"font-size:14.0pt\">Mercado de fibra de celulose deve chegar a US$ 61,37 bi at&eacute; 2034<\/span><\/a><\/span><\/span><\/span><\/p>\r\n\r\n<p style=\"text-align:justify\"><span style=\"font-size:11pt\"><span style=\"line-height:normal\"><span style=\"font-family:Aptos,sans-serif\"><a href=\"https:\/\/www.fibre2fashion.com\/news\/textile-news\/war-linked-energy-shock-pushing-inflation-higher-in-europe-imf-expert-309803-newsdetails.htm\" style=\"color:blue; text-decoration:underline\"><span lang=\"EN-US\" style=\"font-size:14.0pt\">Textiles | War-linked energy shock pushing inflation higher in Europe: IMF expert<\/span><\/a><\/span><\/span><\/span><\/p>\r\n\r\n<p style=\"text-align:justify\"><span style=\"font-size:11pt\"><span style=\"line-height:normal\"><span style=\"font-family:Aptos,sans-serif\"><a href=\"https:\/\/diariodonordeste.verdesmares.com.br\/opiniao\/colunistas\/egidio-serpa\/jornada-de-trabalho-deve-juntar-produtividade-e-competitividade-1.3757381\" style=\"color:blue; text-decoration:underline\"><span style=\"font-size:14.0pt\">Abit | Jornada de trabalho deve juntar produtividade e competitividade<\/span><\/a><\/span><\/span><\/span><\/p>\r\n\r\n<p style=\"text-align:justify\"><span style=\"font-size:11pt\"><span style=\"line-height:normal\"><span style=\"font-family:Aptos,sans-serif\"><a href=\"https:\/\/app.isend.com.br\/iSend\/view\/FC624790AE7FF860F3600115093E33B3850E0095076CA4BD3616881704E7A93C814853A14E193BC8\" style=\"color:blue; text-decoration:underline\"><span style=\"font-size:14.0pt\">SENAI-SP| Sua empresa no pr&oacute;ximo n&iacute;vel com o Brasil Mais Produtivo<\/span><\/a><\/span><\/span><\/span><\/p>\r\n\r\n<p style=\"text-align:justify\"><span style=\"font-size:11pt\"><span style=\"line-height:normal\"><span style=\"font-family:Aptos,sans-serif\"><a href=\"https:\/\/share.google\/mROLKCmxW7O2ya5Z4\" style=\"color:blue; text-decoration:underline\"><span style=\"font-size:14.0pt\">Petrobras e IG4 correm para eleger nova gest&atilde;o da Braskem neste m&ecirc;s; Helcio Tokeshi ser&aacute; o CEO<\/span><\/a><\/span><\/span><\/span><\/p>\r\n\r\n<p style=\"text-align:justify\"><span style=\"font-size:28pt\"><span style=\"font-family:Aptos,sans-serif\"><span style=\"letter-spacing:-0.5pt\"><b><span style=\"font-size:18.0pt\"><span style=\"font-variant:small-caps\">Ind&uacute;stria<\/span><\/span><\/b><\/span><\/span><\/span><\/p>\r\n\r\n<p style=\"text-align:justify\"><span style=\"font-size:11pt\"><span style=\"line-height:normal\"><span style=\"font-family:Aptos,sans-serif\"><a href=\"https:\/\/noticias.portaldaindustria.com.br\/noticias\/institucional\/cni-pede-apoio-a-parlamentares-para-ampliar-debate-sobre-mudancas-na-jornada-de-trabalho\/?utm_source=email&amp;utm_medium=newsletter&amp;utm_campaign=15042026_028\" style=\"color:blue; text-decoration:underline\"><span style=\"font-size:14.0pt\">CNI pede apoio a parlamentares para ampliar debate sobre mudan&ccedil;as na jornada de trabalho<\/span><\/a><\/span><\/span><\/span><\/p>\r\n\r\n<p style=\"text-align:justify\"><span style=\"font-size:11pt\"><span style=\"line-height:normal\"><span style=\"font-family:Aptos,sans-serif\"><a href=\"https:\/\/fecomercio.com.br\/noticia\/reducao-de-jornada-de-trabalho-para-40-horas-custaria-r-158-bilhoes-as-empresas?utm_medium=email&amp;utm_campaign=direto_ao_ponto_-_abr_1&amp;utm_source=RD+Station\" style=\"color:blue; text-decoration:underline\"><span style=\"font-size:14.0pt\">Redu&ccedil;&atilde;o de jornada de trabalho para 40 horas custaria R$ 158 bilh&otilde;es &agrave;s empresas<\/span><\/a><\/span><\/span><\/span><\/p>\r\n\r\n<p style=\"text-align:justify\"><span style=\"font-size:11pt\"><span style=\"line-height:normal\"><span style=\"font-family:Aptos,sans-serif\"><a href=\"https:\/\/noticias.portaldaindustria.com.br\/noticias\/economia\/brasileiro-prefere-clt-na-hora-de-procurar-emprego-revela-pesquisa-da-cni\/?utm_source=email&amp;utm_medium=newsletter&amp;utm_campaign=13042026_027\" style=\"color:blue; text-decoration:underline\"><span style=\"font-size:14.0pt\">Brasileiro prefere CLT na hora de procurar emprego, revela pesquisa da CNI<\/span><\/a><\/span><\/span><\/span><\/p>\r\n\r\n<p style=\"text-align:justify\"><span style=\"font-size:11pt\"><span style=\"line-height:normal\"><span style=\"font-family:Aptos,sans-serif\"><a href=\"https:\/\/noticias.portaldaindustria.com.br\/noticias\/economia\/confianca-da-industria-cai-ao-menor-patamar-desde-junho-de-2020-revela-cni\/?utm_source=email&amp;utm_medium=newsletter&amp;utm_campaign=17042026_029\" style=\"color:blue; text-decoration:underline\"><span style=\"font-size:14.0pt\">Confian&ccedil;a da ind&uacute;stria cai ao menor patamar desde junho de 2020, revela CNI<\/span><\/a><\/span><\/span><\/span><\/p>\r\n\r\n<p style=\"text-align:justify\"><span style=\"font-size:11pt\"><span style=\"line-height:normal\"><span style=\"font-family:Aptos,sans-serif\"><span style=\"font-size:14.0pt\"><a href=\"https:\/\/www.revistaanamaco.com.br\/cenario-melhor-na-industria-paulista-\" style=\"color:blue; text-decoration:underline\">Cen&aacute;rio melhor na ind&uacute;stria paulista<\/a><\/span><\/span><\/span><\/span><\/p>\r\n\r\n<p style=\"text-align:justify\"><span style=\"font-size:28pt\"><span style=\"font-family:Aptos,sans-serif\"><span style=\"letter-spacing:-0.5pt\"><b><span style=\"font-size:18.0pt\"><span style=\"font-variant:small-caps\">Sustentabilidade<\/span><\/span><\/b><\/span><\/span><\/span><\/p>\r\n\r\n<p style=\"text-align:justify\"><span style=\"font-size:11pt\"><span style=\"line-height:normal\"><span style=\"font-family:Aptos,sans-serif\"><a href=\"https:\/\/portalpersonalcare.com.br\/unicharm-recicla-fraldas-usadas-e-cria-novo-modelo-circular-no-japao\/?utm_medium=email&amp;utm_campaign=newsletter_15042026&amp;utm_source=RD+Station\" style=\"color:blue; text-decoration:underline\"><span style=\"font-size:14.0pt\">Unicharm recicla fraldas usadas e cria novo modelo circular no Jap&atilde;o<\/span><\/a><\/span><\/span><\/span><\/p>\r\n\r\n<p style=\"text-align:justify\"><span style=\"font-size:11pt\"><span style=\"line-height:normal\"><span style=\"font-family:Aptos,sans-serif\"><a href=\"https:\/\/mundodoplastico.plasticobrasil.com.br\/gestao\/reforma-tributaria-e-impostos-sobre-a-reciclagem\/?utm_campaign=BRZ25MDP-BP-Newsletter78&amp;utm_emailname=BRZ25MDP-BP-Newsletter78&amp;utm_medium=email&amp;utm_source=eloqua&amp;utm_MDMContactID=2bb3d23c-a32f-4218-88d5-29f7fb45caee&amp;utm_campaigntype=Newsletter&amp;eM=50c7dfe42c38ea8f10539f0a167fc763253059e495554a32db7a57f8f237ec4c&amp;eventSeriesCode=ES_PLSTCBRZL&amp;eventEditionCode=BRA27IPR&amp;sessionCode=S_EXHB&amp;sp_eh=50c7dfe42c38ea8f10539f0a167fc763253059e495554a32db7a57f8f237ec4c\" style=\"color:blue; text-decoration:underline\"><span style=\"font-size:14.0pt\">Reforma Tribut&aacute;ria vai aumentar os impostos sobre a reciclagem?<\/span><\/a><\/span><\/span><\/span><\/p>\r\n\r\n<p style=\"text-align:justify\"><span style=\"font-size:11pt\"><span style=\"line-height:normal\"><span style=\"font-family:Aptos,sans-serif\"><a href=\"https:\/\/portalcorreio.com.br\/dino\/?id=328864\" style=\"color:blue; text-decoration:underline\"><span style=\"font-size:14.0pt\">Abrafiltros: log&iacute;stica reversa movimenta a economia circular no Brasil<\/span><\/a><\/span><\/span><\/span><\/p>\r\n\r\n<p style=\"text-align:justify\"><span style=\"font-size:11pt\"><span style=\"line-height:normal\"><span style=\"font-family:Aptos,sans-serif\"><a href=\"https:\/\/s2fpartners.com.br\/2026\/04\/comunicado-do-mma-uniformiza-procedimentos-de-sistemas-de-logistica-reversa\/\" style=\"color:blue; text-decoration:underline\"><span style=\"font-size:14.0pt\">Comunicado do MMA uniformiza procedimentos de sistemas de log&iacute;stica reversa<\/span><\/a><\/span><\/span><\/span><\/p>\r\n\r\n<p style=\"text-align:justify\"><span style=\"font-size:11pt\"><span style=\"line-height:normal\"><span style=\"font-family:Aptos,sans-serif\"><a href=\"https:\/\/sinditextilsp.org.br\/home\/2026\/03\/bndes-vai-destinar-r-10-bi-para-industria-4-0-e-bens-de-capital-verde\/?utm_medium=email&amp;utm_campaign=boletim_verde_22&amp;utm_source=RD+Station\" style=\"color:blue; text-decoration:underline\"><span style=\"font-size:14.0pt\">BNDES vai destinar R$ 10 bi para ind&uacute;stria 4.0 e bens de capital verde<\/span><\/a><\/span><\/span><\/span><\/p>\r\n\r\n<p style=\"text-align:justify\"><span style=\"font-size:11pt\"><span style=\"line-height:normal\"><span style=\"font-family:Aptos,sans-serif\"><a href=\"https:\/\/plasticosulamerica.com\/forum-abre-de-sustentabilidade-2026-reune-liderancas-para-discutir-os-rumos-da-circularidade-na-industria-de-embalagens\/\" style=\"color:blue; text-decoration:underline\"><span style=\"font-size:14.0pt\">F&oacute;rum ABRE de sustentabilidade 2026 re&uacute;ne lideran&ccedil;as para discutir os rumos da circularidade na ind&uacute;stria de embalagens<\/span><\/a><\/span><\/span><\/span><\/p>\r\n\r\n<p style=\"text-align:justify\"><span style=\"font-size:11pt\"><span style=\"line-height:normal\"><span style=\"font-family:Aptos,sans-serif\"><a href=\"https:\/\/aventurasnahistoria.com.br\/noticias\/historia-hoje\/como-o-havai-esta-transformando-poluicao-em-infraestrutura-entenda.phtml\" style=\"color:blue; text-decoration:underline\"><span style=\"font-size:14.0pt\">Hava&iacute; est&aacute; transformando pl&aacute;stico do oceano em estradas para combater polui&ccedil;&atilde;o<\/span><\/a><\/span><\/span><\/span><\/p>\r\n\r\n<p style=\"text-align:justify\"><span style=\"font-size:11pt\"><span style=\"line-height:normal\"><span style=\"font-family:Aptos,sans-serif\"><a href=\"https:\/\/clickpetroleoegas.com.br\/casa-de-plastico-reciclado-fica-pronta-em-4-horas-e-vira-atracao-na-feicon-fachada-com-placa-cimenticia-e-textura-nano-rocha-com-10-anos-de-garantia-moveis-100-em-plastico-portas-ctl01\/\" style=\"color:blue; text-decoration:underline\"><span style=\"font-size:14.0pt\">Casa de pl&aacute;stico reciclado fica pronta em 4 horas e vira atra&ccedil;&atilde;o na Feicon<\/span><\/a><\/span><\/span><\/span><\/p>\r\n\r\n<p style=\"text-align:justify\"><span style=\"font-size:28pt\"><span style=\"font-family:Aptos,sans-serif\"><span style=\"letter-spacing:-0.5pt\"><b><span style=\"font-size:18.0pt\"><span style=\"font-variant:small-caps\">Inova&ccedil;&atilde;o<\/span><\/span><\/b><\/span><\/span><\/span><\/p>\r\n\r\n<p style=\"text-align:justify\"><span style=\"font-size:11pt\"><span style=\"line-height:normal\"><span style=\"font-family:Aptos,sans-serif\"><a href=\"https:\/\/technical-textiles.textiletechnology.net\/news\/news\/avient--techtextil-advanced-fibers-for-high-performance-and-lightweight-textile-applications-53284\" style=\"color:blue; text-decoration:underline\"><span style=\"font-size:14.0pt\">Fibras avan&ccedil;adas para aplica&ccedil;&otilde;es t&ecirc;xteis de alto desempenho e baixo peso<\/span><\/a><\/span><\/span><\/span><\/p>\r\n\r\n<p style=\"text-align:justify\"><span style=\"font-size:11pt\"><span style=\"line-height:normal\"><span style=\"font-family:Aptos,sans-serif\"><a href=\"https:\/\/www.cidadeconecta.com\/lado-bom\/projeto-transforma-plastico-em-solucao-contra-desertificacao-no-semiarido-mineiro\/\" style=\"color:blue; text-decoration:underline\"><span style=\"font-size:14.0pt\">Projeto transforma pl&aacute;stico em solu&ccedil;&atilde;o contra desertifica&ccedil;&atilde;o no semi&aacute;rido mineiro<\/span><\/a><\/span><\/span><\/span><\/p>\r\n\r\n<p style=\"text-align:justify\"><span style=\"font-size:11pt\"><span style=\"line-height:normal\"><span style=\"font-family:Aptos,sans-serif\"><a href=\"https:\/\/www.technical-textiles.net\/news\/free-content-soft-fibres-can-be-moved-electricity\" style=\"color:blue; text-decoration:underline\"><span lang=\"EN-US\" style=\"font-size:14.0pt\">Soft fibres can be moved with electricity<\/span><\/a><\/span><\/span><\/span><\/p>\r\n\r\n<p style=\"text-align:justify\"><span style=\"font-size:11pt\"><span style=\"line-height:normal\"><span style=\"font-family:Aptos,sans-serif\"><a href=\"https:\/\/www.technical-textiles.net\/news\/free-content-electrical-heating-elements-made-carbon-nanotube-fibres\" style=\"color:blue; text-decoration:underline\"><span lang=\"EN-US\" style=\"font-size:14.0pt\">Electrical heating elements made from carbon nanotube fibres<\/span><\/a><\/span><\/span><\/span><\/p>\r\n\r\n<p style=\"text-align:justify\"><span style=\"font-size:11pt\"><span style=\"line-height:normal\"><span style=\"font-family:Aptos,sans-serif\"><a href=\"https:\/\/share.google\/1HV9qqGP9iPEXnQou\" style=\"color:blue; text-decoration:underline\"><span style=\"font-size:14.0pt\">Grafeno na constru&ccedil;&atilde;o: 200x mais forte que a&ccedil;o, 50% menos CO\u2082<\/span><\/a><\/span><\/span><\/span><\/p>\r\n\r\n<p style=\"text-align:justify\"><span style=\"font-size:11pt\"><span style=\"line-height:normal\"><span style=\"font-family:Aptos,sans-serif\"><a href=\"https:\/\/clickpetroleoegas.com.br\/de-residuos-descartados-a-construcoes-prontas-startup-cria-blocos-modulares-com-plastico-reciclado-que-barateiam-obras-eliminam-mao-de-obra-especializada-e-aceleram-projetos-no-brasil-caes\/\" style=\"color:blue; text-decoration:underline\"><span style=\"font-size:14.0pt\">De res&iacute;duos descartados a constru&ccedil;&otilde;es prontas: startup cria blocos modulares com pl&aacute;stico reciclado que barateiam obras, eliminam m&atilde;o de obra especializada e aceleram projetos no Brasil<\/span><\/a><\/span><\/span><\/span><\/p>\r\n\r\n<p style=\"text-align:justify\"><span style=\"font-size:11pt\"><span style=\"line-height:normal\"><span style=\"font-family:Aptos,sans-serif\"><a href=\"https:\/\/portalpersonalcare.com.br\/abihpec-e-embrapii-firmam-parceria-para-impulsionar-inovacao-na-industria-de-personal-care\/?utm_medium=email&amp;utm_campaign=newsletter_15042026&amp;utm_source=RD+Station\" style=\"color:blue; text-decoration:underline\"><span style=\"font-size:14.0pt\">ABIHPEC e Embrapii firmam parceria para impulsionar inova&ccedil;&atilde;o na ind&uacute;stria de personal care<\/span><\/a><\/span><\/span><\/span><\/p>\r\n\r\n<p style=\"text-align:justify\"><span style=\"font-size:28pt\"><span style=\"font-family:Aptos,sans-serif\"><span style=\"letter-spacing:-0.5pt\"><b><span style=\"font-size:18.0pt\"><span style=\"font-variant:small-caps\">Com&eacute;rcio Exterior<\/span><\/span><\/b><\/span><\/span><\/span><\/p>\r\n\r\n<p style=\"text-align:justify\"><span style=\"font-size:11pt\"><span style=\"line-height:normal\"><span style=\"font-family:Aptos,sans-serif\"><a href=\"https:\/\/www.abicalcados.com.br\/conteudo\/noticias\/importacoes-acumulam-altas-desde-2021-e-preocupam-industria-calcadista-nacional\" style=\"color:blue; text-decoration:underline\"><span style=\"font-size:14.0pt\">Cal&ccedil;ados | Importa&ccedil;&otilde;es acumulam altas desde 2021 e preocupam ind&uacute;stria cal&ccedil;adista nacional<\/span><\/a><\/span><\/span><\/span><\/p>\r\n\r\n<p style=\"text-align:justify\"><span style=\"font-size:11pt\"><span style=\"line-height:normal\"><span style=\"font-family:Aptos,sans-serif\"><a href=\"https:\/\/www12.senado.leg.br\/noticias\/infomaterias\/2026\/04\/sonhado-ha-30-anos-acordo-mercosul-ue-entra-em-vigor\" style=\"color:blue; text-decoration:underline\"><span style=\"font-size:14.0pt\">Sonhado h&aacute; 30 anos, acordo Mercosul-UE entra em vigor<\/span><\/a><\/span><\/span><\/span><\/p>\r\n\r\n<p style=\"text-align:justify\"><span style=\"font-size:11pt\"><span style=\"line-height:normal\"><span style=\"font-family:Aptos,sans-serif\"><a href=\"https:\/\/veronoticias.com\/economia\/eua-defendem-revisao-de-acordo-comercial-com-mexico-e-canada\/\" style=\"color:blue; text-decoration:underline\"><span style=\"font-size:14.0pt\">EUA defendem revis&atilde;o de acordo comercial com M&eacute;xico e Canad&aacute;<\/span><\/a><\/span><\/span><\/span><\/p>\r\n\r\n<p style=\"text-align:justify\"><span style=\"font-size:28pt\"><span style=\"font-family:Aptos,sans-serif\"><span style=\"letter-spacing:-0.5pt\"><b><span style=\"font-size:18.0pt\"><span style=\"font-variant:small-caps\">Economia<\/span><\/span><\/b><\/span><\/span><\/span><\/p>\r\n\r\n<p style=\"text-align:justify\"><span style=\"font-size:11pt\"><span style=\"line-height:normal\"><span style=\"font-family:Aptos,sans-serif\"><a href=\"https:\/\/www.bcb.gov.br\/content\/focus\/focus\/R20260417.pdf\" style=\"color:blue; text-decoration:underline\"><span style=\"font-size:14.0pt\">Focus | Relat&oacute;rio de Mercado<\/span><\/a><\/span><\/span><\/span><\/p>\r\n\r\n<p style=\"text-align:justify\"><span style=\"font-size:11pt\"><span style=\"line-height:normal\"><span style=\"font-family:Aptos,sans-serif\"><a href=\"https:\/\/share.google\/Y0GwIxGV1Hjbft5sF\" style=\"color:blue; text-decoration:underline\"><span style=\"font-size:14.0pt\">Para FMI, Brasil est&aacute; &ldquo;relativamente bem posicionado&rdquo; para enfrentar a turbul&ecirc;ncia global<\/span><\/a><\/span><\/span><\/span><\/p>\r\n\r\n<p style=\"text-align:justify\"><span style=\"font-size:11pt\"><span style=\"line-height:normal\"><span style=\"font-family:Aptos,sans-serif\"><a href=\"https:\/\/share.google\/reO1AXw6aF4hyqZTZ\" style=\"color:blue; text-decoration:underline\"><span style=\"font-size:14.0pt\">FMI alerta que d&iacute;vida p&uacute;blica do Brasil pode atingir 100% do PIB j&aacute; em 2027<\/span><\/a><\/span><\/span><\/span><\/p>\r\n\r\n<p style=\"text-align:justify\"><span style=\"font-size:11pt\"><span style=\"line-height:normal\"><span style=\"font-family:Aptos,sans-serif\"><a href=\"https:\/\/portalibre.fgv.br\/system\/files\/divulgacao\/noticias\/mat-complementar\/2026-04\/Monitor%20do%20PIB-FGV%20-%20Abril%20de%202026%20-%20Ref.%20de%20fevereiro.pdf\" style=\"color:blue; text-decoration:underline\"><span style=\"font-size:14.0pt\">FGV IBRE | Monitor do PIB - Indicador mensal de fevereiro de 2026<\/span><\/a><\/span><\/span><\/span><\/p>\r\n\r\n<p style=\"text-align:justify\"><span style=\"font-size:11pt\"><span style=\"line-height:normal\"><span style=\"font-family:Aptos,sans-serif\"><a href=\"https:\/\/noticias.portaldaindustria.com.br\/noticias\/economia\/pib-deve-crescer-2-em-2026-projeta-cni\/?utm_source=email&amp;utm_medium=newsletter&amp;utm_campaign=20042026_030\" style=\"color:blue; text-decoration:underline\"><span style=\"font-size:14.0pt\">PIB deve crescer 2% em 2026, projeta CNI<\/span><\/a><\/span><\/span><\/span><\/p>\r\n\r\n<p style=\"text-align:justify\"><span style=\"font-size:11pt\"><span style=\"line-height:normal\"><span style=\"font-family:Aptos,sans-serif\"><a href=\"https:\/\/noticias.portaldaindustria.com.br\/noticias\/economia\/pib-revisado-pra-cima-e-os-desafios-tambem-ep-199\/?utm_source=email&amp;utm_medium=newsletter&amp;utm_campaign=22042026_031\" style=\"color:blue; text-decoration:underline\"><span style=\"font-size:14.0pt\">CNI &ndash; Economia em 60 segundos | PIB revisado pra cima... E os desafios tamb&eacute;m! (Ep. #199)<\/span><\/a><\/span><\/span><\/span><\/p>\r\n\r\n<p style=\"text-align:justify\"><span style=\"font-size:11pt\"><span style=\"line-height:normal\"><span style=\"font-family:Aptos,sans-serif\"><a href=\"https:\/\/www.youtube.com\/watch?v=JTQGwc3EHxA\" style=\"color:blue; text-decoration:underline\"><span style=\"font-size:14.0pt\">ABRA TALKS #25: Planejamento Estrat&eacute;gico em Cen&aacute;rios Incertos<\/span><\/a><\/span><\/span><\/span><\/p>\r\n\r\n<p style=\"text-align:justify\"><img src=\"https:\/\/www.abint.org.br\/assets\/img\/editor\/redes-sociais-abint-ctg-cth_20260407191027RiK7i7eslt.jpg\" \/><\/p>\r\n","6":"<p style=\"text-align:justify\"><span style=\"font-size:11pt\"><span style=\"line-height:normal\"><span style=\"font-family:Aptos,sans-serif\"><span style=\"font-size:14.0pt\">Esta &eacute; uma compila&ccedil;&atilde;o das not&iacute;cias mais relevantes para o setor, incluindo informa&ccedil;&otilde;es sobre acordos internacionais, economia brasileira, sustentabilidade e mat&eacute;rias primas, al&eacute;m de novidades do setor de N&atilde;otecidos e Tecidos T&eacute;cnicos.<\/span><\/span><\/span><\/span><\/p>\r\n\r\n<p style=\"text-align:justify\"><span style=\"font-size:28pt\"><span style=\"font-family:Aptos,sans-serif\"><span style=\"letter-spacing:-0.5pt\"><b><span style=\"font-size:18.0pt\"><span style=\"font-variant:small-caps\">O que vem por a&iacute;<\/span><\/span><\/b><\/span><\/span><\/span><\/p>\r\n\r\n<p style=\"text-align:justify\"><img src=\"https:\/\/www.abint.org.br\/assets\/img\/editor\/post-quadrado-curso-naotecido-2026-2_20260326131535BHeNIfVpbl.png\" style=\"width: 500px; height: 500px;\" \/><\/p>\r\n\r\n<p style=\"text-align:justify\"><span style=\"font-size:11pt\"><span style=\"line-height:normal\"><span style=\"font-family:Aptos,sans-serif\"><a href=\"https:\/\/forms.gle\/SMUvLuH5kKYh745eA\" style=\"color:blue; text-decoration:underline\"><b><span style=\"font-size:14.0pt\">Informa&ccedil;&otilde;es e inscri&ccedil;&otilde;es<\/span><\/b><\/a><\/span><\/span><\/span><\/p>\r\n\r\n<p class=\"MsoTitle\" style=\"text-align:justify\"><span style=\"font-size:28pt\"><span style=\"font-family:Aptos,sans-serif\"><span style=\"letter-spacing:-0.5pt\"><b><span style=\"font-size:18.0pt\"><span style=\"font-variant:small-caps\">Not&iacute;cias das Associadas<\/span><\/span><\/b><\/span><\/span><\/span><\/p>\r\n\r\n<p style=\"text-align:justify\"><span style=\"font-size:11pt\"><span style=\"line-height:normal\"><span style=\"font-family:Aptos,sans-serif\"><a href=\"https:\/\/www.texspacetoday.com\/andritz-at-index26-driving-sustainability-with-next-generation-nonwoven-technologies\/?amp=1\" style=\"color:blue; text-decoration:underline\"><span lang=\"EN-US\" style=\"font-size:14.0pt\">ANDRITZ at INDEX26: Driving sustainability with next-generation nonwoven technologies<\/span><\/a><\/span><\/span><\/span><\/p>\r\n\r\n<p style=\"text-align:justify\"><span style=\"font-size:11pt\"><span style=\"line-height:normal\"><span style=\"font-family:Aptos,sans-serif\"><a href=\"https:\/\/www.indiantextilemagazine.in\/andritz-market-perspective-on-the-global-needlepunch-nonwovens-market\/\" style=\"color:blue; text-decoration:underline\"><span lang=\"EN-US\" style=\"font-size:14.0pt\">ANDRITZ market perspective: Global outlook for needlepunch nonwovens<\/span><\/a><\/span><\/span><\/span><\/p>\r\n\r\n<p style=\"text-align:justify\"><span style=\"font-size:11pt\"><span style=\"line-height:normal\"><span style=\"font-family:Aptos,sans-serif\"><a href=\"https:\/\/emobile.com.br\/site\/industria\/cipatex-completa-62-anos-com-crescimento\/\" style=\"color:blue; text-decoration:underline\"><span lang=\"EN-US\" style=\"font-size:14.0pt\">Cipatex completa 62 anos com crescimento<\/span><\/a><\/span><\/span><\/span><\/p>\r\n\r\n<p style=\"text-align:justify\"><span style=\"font-size:11pt\"><span style=\"line-height:normal\"><span style=\"font-family:Aptos,sans-serif\"><a href=\"https:\/\/textile-network.com\/en\/Technical-Textiles\/New-textile-solutions-from-Freudenberg-Performance-Materials\" style=\"color:blue; text-decoration:underline\"><span lang=\"EN-US\" style=\"font-size:14.0pt\">New textile solutions from Freudenberg Performance Materials<\/span><\/a><\/span><\/span><\/span><\/p>\r\n\r\n<p style=\"text-align:justify\"><span style=\"font-size:11pt\"><span style=\"line-height:normal\"><span style=\"font-family:Aptos,sans-serif\"><a href=\"https:\/\/www.nonwovens-industry.com\/breaking-news\/suominen-appoints-chief-human-resources-officer\/\" style=\"color:blue; text-decoration:underline\"><span lang=\"ES-AR\" style=\"font-size:14.0pt\">Suominen Appoints Chief Human Resources Officer<\/span><\/a><\/span><\/span><\/span><\/p>\r\n\r\n<p style=\"text-align:justify\"><span style=\"font-size:11pt\"><span style=\"line-height:normal\"><span style=\"font-family:Aptos,sans-serif\"><b><span style=\"font-size:18.0pt\"><span style=\"font-variant:small-caps\">Eventos<\/span><\/span><\/b><\/span><\/span><\/span><\/p>\r\n\r\n<p style=\"text-align:justify\"><span style=\"font-size:11pt\"><span style=\"line-height:normal\"><span style=\"font-family:Aptos,sans-serif\"><a href=\"https:\/\/app.rdstation.email\/mail\/b07f0776-f944-40f1-9356-0fff28bdd622?utm_medium=email&amp;utm_campaign=workshop_gestao_da_nova_nr_1_na_industria_textil_e_de_confeccao&amp;utm_source=RD+Station\" style=\"color:blue; text-decoration:underline\"><b><span style=\"font-size:14.0pt\">Workshop Abit | Gest&atilde;o da nova NR 1 na ind&uacute;stria t&ecirc;xtil e de confec&ccedil;&atilde;o<\/span><\/b><\/a><span style=\"font-size:14.0pt\">, 29 de abril de 2026, 09h30 &agrave;s 11h00, evento virtual<\/span><\/span><\/span><\/span><\/p>\r\n\r\n<p style=\"text-align:justify\"><span style=\"font-size:11pt\"><span style=\"line-height:normal\"><span style=\"font-family:Aptos,sans-serif\"><a href=\"https:\/\/app.rdstation.email\/mail\/0bafb62e-ee1c-47ab-8137-23bf03998981?utm_medium=email&amp;utm_campaign=emkt_curso_etiquetagem&amp;utm_source=RD+Station\" style=\"color:blue; text-decoration:underline\"><b><span style=\"font-size:14.0pt\">Curso | Etiquetagem de Produtos T&ecirc;xteis e Confeccionados<\/span><\/b><\/a><span style=\"font-size:14.0pt\">, 05 de maio de 2026, 09h &agrave;s 12h, evento virtual<\/span><\/span><\/span><\/span><\/p>\r\n\r\n<p style=\"text-align:justify\"><span style=\"font-size:11pt\"><span style=\"line-height:normal\"><span style=\"font-family:Aptos,sans-serif\"><a href=\"https:\/\/biotexfuture.info\/wp-content\/uploads\/2026\/03\/Agenda_BTF_InnovationDay_Spring_04032026.pdf\" style=\"color:blue; text-decoration:underline\"><b><span lang=\"EN-US\" style=\"font-size:14.0pt\">Innovation Day &ldquo;Harvesting Innovation: Bridging Agriculture and Textiles&rdquo;<\/span><\/b><\/a><span lang=\"EN-US\" style=\"font-size:14.0pt\">, 5 May 2026, 09:30 &ndash; 14:00 CEST (online streaming starts at 10:00), ITA, Otto-Blumenthal-Stra&szlig;e 1, 52074 Aachen or online (link will be provided upon registration)<\/span><\/span><\/span><\/span><\/p>\r\n\r\n<p style=\"text-align:justify\"><span style=\"font-size:11pt\"><span style=\"line-height:normal\"><span style=\"font-family:Aptos,sans-serif\"><a href=\"https:\/\/www.feimec.com.br\/pt\/home.html\" style=\"color:blue; text-decoration:underline\"><b><span style=\"font-size:14.0pt\">FEIMEC - Feira Internacional de M&aacute;quinas e Equipamentos<\/span><\/b><\/a><span style=\"font-size:14.0pt\">, 05 a 09 de maio de 2026, ter&ccedil;a a sexta - 10h &agrave;s 19h | s&aacute;bado - 9h &agrave;s 17h, S&atilde;o Paulo Expo, Rod. dos Imigrantes, KM 1,5<\/span><\/span><\/span><\/span><\/p>\r\n\r\n<p style=\"text-align:justify\"><span style=\"font-size:11pt\"><span style=\"line-height:normal\"><span style=\"font-family:Aptos,sans-serif\"><a href=\"https:\/\/www.sympla.com.br\/evento\/horizons-2026-inovabilidade-em-acao\/3303286?utm_source=emkt&amp;utm_medium=horizons-2026\" style=\"color:blue; text-decoration:underline\"><b><span style=\"font-size:14.0pt\">Horizons 2026 - Inovabilidade em A&ccedil;&atilde;o<\/span><\/b><\/a><span style=\"font-size:14.0pt\">, 06 e 07 de maio de 2026, das 09h &agrave;s 18h, evento presencial em Hub Green Sampa, Centro de Inova&ccedil;&atilde;o Verde Bruno Covas, S&atilde;o Paulo, SP<\/span><\/span><\/span><\/span><\/p>\r\n\r\n<p style=\"text-align:justify\"><span style=\"font-size:11pt\"><span style=\"line-height:normal\"><span style=\"font-family:Aptos,sans-serif\"><span lang=\"EN-US\" style=\"font-size:14.0pt\"><span style=\"color:blue\">The EIU | Webinar: protecting global operations with the Democracy Index<\/span><\/span><span lang=\"EN-US\" style=\"font-size:14.0pt\">, Thursday May 7th 2026<\/span><\/span><\/span><\/span><\/p>\r\n\r\n<p style=\"text-align:justify\"><span style=\"font-size:11pt\"><span style=\"line-height:normal\"><span style=\"font-family:Aptos,sans-serif\"><a href=\"https:\/\/click.b.economist.com\/?qs=ABB7InYiOjEsImQiOjQ4NTJ9AAcAAAAAAEYoD-3IVUP5SbFbhutXVg2PnNCC49Nsbg4WMPWtWrIOmIKxBFnPKY-WiWsuj1195iihMZpDfNzFaX9fC1yDcS4xEP6Sp7N3VVvEeOW5MJnB1w\" style=\"color:blue; text-decoration:underline\" title=\"Register for session 1:\"><b><span lang=\"EN-US\" style=\"font-size:14.0pt\">Register for session 1:<\/span><\/b><\/a><span lang=\"EN-US\" style=\"font-size:14.0pt\"> 8:30am BST | 9:30am CEST | 3:30pm HKT<\/span><\/span><\/span><\/span><\/p>\r\n\r\n<p style=\"text-align:justify\"><span style=\"font-size:11pt\"><span style=\"line-height:normal\"><span style=\"font-family:Aptos,sans-serif\"><a href=\"https:\/\/click.b.economist.com\/?qs=ABB7InYiOjEsImQiOjQ4NTJ9AAcAAAAAAEYoD-3JDiGlPNNvn40uhm1KOWP8LIlKPUMkcncPDHqQVMI8ttM7Op8sJHFxQxXqD5BNN4qN6BbelI_WhJ-cZfl1R_327bBIoPzBVEJUYdtF1g\" style=\"color:blue; text-decoration:underline\" title=\"Register for session 2:\"><b><span lang=\"EN-US\" style=\"font-size:14.0pt\">Register for session 2:<\/span><\/b><\/a><span lang=\"EN-US\" style=\"font-size:14.0pt\"> 10:00am EDT | 3:00pm BST | 4:00pm CEST<\/span><\/span><\/span><\/span><\/p>\r\n\r\n<p style=\"text-align:justify\"><span style=\"font-size:11pt\"><span style=\"line-height:normal\"><span style=\"font-family:Aptos,sans-serif\"><a href=\"https:\/\/www.hospitalar.com\/?utm_campaign=BRZ26HPR-MN-CREDENCIAMENTO-ABERTO&amp;utm_emailname=BRZ26HPR-MN-CREDENCIAMENTO-ABERTO-1-Resend&amp;utm_medium=email&amp;utm_source=eloqua&amp;utm_MDMContactID=2bb3d23c-a32f-4218-88d5-29f7fb45caee&amp;utm_campaigntype=Visitor%20Promotion&amp;eM=50c7dfe42c38ea8f10539f0a167fc763253059e495554a32db7a57f8f237ec4c&amp;eventSeriesCode=ES_HOSPITALAR&amp;eventEditionCode=BRZ26HPR&amp;sessionCode=S_EXHB&amp;sp_eh=50c7dfe42c38ea8f10539f0a167fc763253059e495554a32db7a57f8f237ec4c\" style=\"color:blue; text-decoration:underline\"><b><span style=\"font-size:14.0pt\">Hospitalar 2026<\/span><\/b><\/a><span style=\"font-size:14.0pt\">, 19 a 22 de maio, das 11h &agrave;s 20h, S&atilde;o Paulo Expo<\/span><\/span><\/span><\/span><\/p>\r\n\r\n<p style=\"text-align:justify\"><span style=\"font-size:11pt\"><span style=\"line-height:normal\"><span style=\"font-family:Aptos,sans-serif\"><a href=\"https:\/\/www.even3.com.br\/curso-internacional-de-desenvolvimento-profissional-geosynthetic-reinforced-soil-structures-688331\/\" style=\"color:blue; text-decoration:underline\"><b><span lang=\"EN-US\" style=\"font-size:14.0pt\">Professional Development Course &ndash; PDC: &ldquo;Geosynthetic Reinforced Soil Structures&rdquo;<\/span><\/b><\/a><span lang=\"EN-US\" style=\"font-size:14.0pt\">, May 26-28, 2026, 08:30 - 13:00 GMT-3, presential, S&atilde;o Paulo, SP<\/span><\/span><\/span><\/span><\/p>\r\n\r\n<p><img src=\"https:\/\/www.abint.org.br\/assets\/img\/editor\/2026-igs-curso-solos-reforcados-flyer2_20260423122243DZwGVMQPzO.png\" style=\"width: 500px; height: 707px;\" \/><\/p>\r\n\r\n<p style=\"text-align:justify\"><span style=\"font-size:11pt\"><span style=\"line-height:normal\"><span style=\"font-family:Aptos,sans-serif\"><a href=\"https:\/\/credenciamentonexumgroup.lovable.app\/evento\/personal-care-summit-latinoamerica-2026\" style=\"color:blue; text-decoration:underline\"><b><span style=\"font-size:14.0pt\">Personal Care Summit Latinoam&eacute;rica | I<\/span><\/b><b><span style=\"font-size:14.0pt\">nd&uacute;stria 5.0: Tecnologia e Pessoas<\/span><\/b><\/a><span style=\"font-size:14.0pt\">, 09 de junho de 2026, Hotel Pullman, Guarulhos, SP<\/span><\/span><\/span><\/span><\/p>\r\n\r\n<p style=\"text-align:justify\"><span style=\"font-size:11pt\"><span style=\"line-height:normal\"><span style=\"font-family:Aptos,sans-serif\"><a href=\"https:\/\/www.hightex.com.tr\/\" style=\"color:blue; text-decoration:underline\"><b><span lang=\"EN-US\" style=\"font-size:14.0pt\">HIGTEX 2026 &ndash; International Technical Textiles and Nonwoven Exhibition<\/span><\/b><\/a><span lang=\"EN-US\" style=\"font-size:14.0pt\">, June 9&ndash;13, T&Uuml;YAP Fair and Congress Center, \u0130stanbul, T&uuml;rkiye<\/span><\/span><\/span><\/span><\/p>\r\n\r\n<p style=\"text-align:justify\"><span style=\"font-size:11pt\"><span style=\"line-height:normal\"><span style=\"font-family:Aptos,sans-serif\"><a href=\"https:\/\/www.worldofwipes.org\/\" style=\"color:blue; text-decoration:underline\"><b><span lang=\"EN-US\" style=\"font-size:14.0pt\">INDA | WOW - World of Wipes International Conference<\/span><\/b><\/a><span lang=\"EN-US\" style=\"font-size:14.0pt\">, June 29&ndash;July 2, 2026, Grand Hyatt Nashville, Nashville, Tennessee USA<\/span><\/span><\/span><\/span><\/p>\r\n\r\n<p style=\"text-align:justify\"><span style=\"font-size:11pt\"><span style=\"line-height:normal\"><span style=\"font-family:Aptos,sans-serif\"><a href=\"https:\/\/filtech.de\/\" style=\"color:blue; text-decoration:underline\"><b><span style=\"font-size:14.0pt\">Filtech 2026<\/span><\/b><\/a><span style=\"font-size:14.0pt\">, 30 de junho a 2 de julho, Cologne, Alemanha<\/span><\/span><\/span><\/span><\/p>\r\n\r\n<p style=\"text-align:justify\"><span style=\"font-size:11pt\"><span style=\"line-height:normal\"><span style=\"font-family:Aptos,sans-serif\"><a href=\"https:\/\/www.formobile.com.br\/pt\/home.html\" style=\"color:blue; text-decoration:underline\"><b><span style=\"font-size:14.0pt\">ForM&oacute;bile 2026<\/span><\/b><\/a><span style=\"font-size:14.0pt\">, 30 de junho a 3 de julho, S&atilde;o Paulo Expo<\/span><\/span><\/span><\/span><\/p>\r\n\r\n<p style=\"text-align:justify\"><span style=\"font-size:11pt\"><span style=\"line-height:normal\"><span style=\"font-family:Aptos,sans-serif\"><a href=\"https:\/\/sienge.com.br\/construsummit\/\" style=\"color:blue; text-decoration:underline\"><b><span style=\"font-size:14.0pt\">Construsummit<\/span><\/b><\/a><span style=\"font-size:14.0pt\">, 1 e 2 de julho de 2026, Florian&oacute;polis, SC<\/span><\/span><\/span><\/span><\/p>\r\n\r\n<p style=\"text-align:justify\"><span style=\"font-size:11pt\"><span style=\"line-height:normal\"><span style=\"font-family:Aptos,sans-serif\"><a href=\"https:\/\/info.fastmarkets.com\/index.php\/email\/emailWebview?email=OTMwLVlTTi0zNDIAAAGgm9GYB4UXisBYfG6V1YgLbIkX8OtKVxG11VCYMcCYfPs1fCCJJmN773X5IwSwnvWO_PwKa82eHJaJrBpZ4hTGCHcBq8U9L5ysEA\" style=\"color:blue; text-decoration:underline\"><b><span style=\"font-size:14.0pt\">Fastmarkets Forest Products Latin America Conference 2026<\/span><\/b><\/a><span style=\"font-size:14.0pt\">, 10 a 12 de agosto de 2026, S&atilde;o Paulo<\/span><\/span><\/span><\/span><\/p>\r\n\r\n<p style=\"text-align:justify\"><span style=\"font-size:11pt\"><span style=\"line-height:normal\"><span style=\"font-family:Aptos,sans-serif\"><a href=\"https:\/\/feiplar.com\/Presencial\/inicio-2024\/\" style=\"color:blue; text-decoration:underline\"><b><span style=\"font-size:14.0pt\">FEIPLAR &amp; FEIPUR &ndash; Feira e Congresso Internacionais de Materiais Avan&ccedil;ados<\/span><\/b><\/a><span style=\"font-size:14.0pt\">, 25 a 27 de agosto de 2026, S&atilde;o Paulo Expo | Pavilh&atilde;o 5, S&atilde;o Paulo, SP, Brasil<\/span><\/span><\/span><\/span><\/p>\r\n\r\n<p style=\"text-align:justify\"><span style=\"font-size:11pt\"><span style=\"line-height:normal\"><span style=\"font-family:Aptos,sans-serif\"><a href=\"https:\/\/ficons.com.br\/\" style=\"color:blue; text-decoration:underline\"><b><span style=\"font-size:14.0pt\">FICONS - Feira Internacional de Materiais, Equipamentos e Servi&ccedil;os da Constru&ccedil;&atilde;o<\/span><\/b><\/a><span style=\"font-size:14.0pt\">, 15 a 18 de setembro de 2026, Centro de Conven&ccedil;&otilde;es de Pernambuco Recife\/ Olinda<\/span><\/span><\/span><\/span><\/p>\r\n\r\n<p style=\"text-align:justify\"><span style=\"font-size:11pt\"><span style=\"line-height:normal\"><span style=\"font-family:Aptos,sans-serif\"><a href=\"https:\/\/www.edana.org\/events\/outlook\/outlook-2025\" style=\"color:blue; text-decoration:underline\"><b><span style=\"font-size:14.0pt\">OUTLOOK&trade; 2026<\/span><\/b><\/a><span style=\"font-size:14.0pt\">, 22&ndash;24 September, Hotel Miragem, Cascais, Portugal<\/span><\/span><\/span><\/span><\/p>\r\n\r\n<p style=\"text-align:justify\"><span style=\"font-size:11pt\"><span style=\"line-height:normal\"><span style=\"font-family:Aptos,sans-serif\"><a href=\"https:\/\/hospitalmed.com.br\/feira\/\" style=\"color:blue; text-decoration:underline\"><b><span style=\"font-size:14.0pt\">HospitalMed<\/span><\/b><\/a><span style=\"font-size:14.0pt\">, 21 a 23 de outubro de 2026, das 14h &agrave;s 20h, Pernambuco Centro de Conven&ccedil;&otilde;es, Olinda<\/span><\/span><\/span><\/span><\/p>\r\n\r\n<p style=\"text-align:justify\"><span style=\"font-size:11pt\"><span style=\"line-height:normal\"><span style=\"font-family:Aptos,sans-serif\"><a href=\"https:\/\/www.edana.org\/events\/edana-sustainability-forum\" style=\"color:blue; text-decoration:underline\"><b><span lang=\"EN-US\" style=\"font-size:14.0pt\">Sustainability &amp; Policy Forum<\/span><\/b><\/a><span lang=\"EN-US\" style=\"font-size:14.0pt\">, 8&ndash;9 December 2026, Residence Palace in Brussels, Belgium<\/span><\/span><\/span><\/span><\/p>\r\n\r\n<p style=\"text-align:justify\"><span style=\"font-size:11pt\"><span style=\"line-height:normal\"><span style=\"font-family:Aptos,sans-serif\"><a href=\"https:\/\/infrane.com.br\/\" style=\"color:blue; text-decoration:underline\"><b><span style=\"font-size:14.0pt\">Infra NE<\/span><\/b><\/a><span style=\"font-size:14.0pt\">, 03 a 05 de mar&ccedil;o de 2027, Centro de Conven&ccedil;&otilde;es Salvador<\/span><\/span><\/span><\/span><\/p>\r\n\r\n<p style=\"text-align:justify\"><span style=\"font-size:28pt\"><span style=\"font-family:Aptos,sans-serif\"><span style=\"letter-spacing:-0.5pt\"><b><span style=\"font-size:18.0pt\"><span style=\"font-variant:small-caps\">Setor<\/span><\/span><\/b><\/span><\/span><\/span><\/p>\r\n\r\n<p style=\"text-align:justify\"><span style=\"font-size:11pt\"><span style=\"line-height:normal\"><span style=\"font-family:Aptos,sans-serif\"><a href=\"https:\/\/sinditextilsp.org.br\/home\/2026\/04\/nova-diretoria-e-conselhos-do-sinditextil-sp-tomam-posse\/\" style=\"color:blue; text-decoration:underline\"><span style=\"font-size:14.0pt\">Nova diretoria e conselhos do Sindit&ecirc;xtil-SP tomam posse<\/span><\/a><\/span><\/span><\/span><\/p>\r\n\r\n<p style=\"text-align:justify\"><span style=\"font-size:11pt\"><span style=\"line-height:normal\"><span style=\"font-family:Aptos,sans-serif\"><a href=\"https:\/\/plasticosemrevista.com.br\/petroquimicos-precos-em-marco-batem-recorde-de-aumento-mensal\/\" style=\"color:blue; text-decoration:underline\"><span style=\"font-size:14.0pt\">Petroqu&iacute;micos: pre&ccedil;os em mar&ccedil;o batem recorde de aumento mensal<\/span><\/a><\/span><\/span><\/span><\/p>\r\n\r\n<p style=\"text-align:justify\"><span style=\"font-size:11pt\"><span style=\"line-height:normal\"><span style=\"font-family:Aptos,sans-serif\"><a href=\"https:\/\/plasticosulamerica.com\/o-mercado-ve-o-barril-a-nafta-conta-outra-historia\/\" style=\"color:blue; text-decoration:underline\"><span style=\"font-size:14.0pt\">O mercado v&ecirc; o barril. a nafta conta outra hist&oacute;ria<\/span><\/a><\/span><\/span><\/span><\/p>\r\n\r\n<p style=\"text-align:justify\"><span style=\"font-size:11pt\"><span style=\"line-height:normal\"><span style=\"font-family:Aptos,sans-serif\"><a href=\"https:\/\/innovationintextiles.com\/convergence-across-the-nonwovens-value-chain\/\" style=\"color:blue; text-decoration:underline\"><span lang=\"EN-US\" style=\"font-size:14.0pt\">Convergence across the nonwovens value chain<\/span><\/a><\/span><\/span><\/span><\/p>\r\n\r\n<p style=\"text-align:justify\"><span style=\"font-size:11pt\"><span style=\"line-height:normal\"><span style=\"font-family:Aptos,sans-serif\"><a href=\"https:\/\/ebook.nonwovens-industry.com\/non-nonwovens-hygiene-market-ebook-3-26?utm_medium=email&amp;_hsenc=p2ANqtz-_wXqOAp8cOlrCA54kbGTMEQh0hun-0vrO5-_Yn0_4nAMz666v4C7eaf8jwoVS2xO_w2Wn63XwaxSIjlATVWWfYjynldA&amp;_hsmi=412429767&amp;utm_content=412429767&amp;utm_source=hs_email\" style=\"color:blue; text-decoration:underline\"><span lang=\"EN-US\" style=\"font-size:14.0pt\">Key Trends in Absorbent &amp; Disposable Hygiene for 2026<\/span><\/a><\/span><\/span><\/span><\/p>\r\n\r\n<p style=\"text-align:justify\"><span style=\"font-size:11pt\"><span style=\"line-height:normal\"><span style=\"font-family:Aptos,sans-serif\"><a href=\"https:\/\/portalpersonalcare.com.br\/producao-de-naotecidos-na-europa-recua-22-em-2025-aponta-edana\/?utm_medium=email&amp;utm_campaign=newsletter_15042026&amp;utm_source=RD+Station\" style=\"color:blue; text-decoration:underline\"><span style=\"font-size:14.0pt\">Produ&ccedil;&atilde;o de n&atilde;otecidos na Europa recua 2,2% em 2025, aponta EDANA<\/span><\/a><\/span><\/span><\/span><\/p>\r\n\r\n<p style=\"text-align:justify\"><span style=\"font-size:11pt\"><span style=\"line-height:normal\"><span style=\"font-family:Aptos,sans-serif\"><a href=\"https:\/\/sinditextilsp.org.br\/home\/2026\/04\/mercado-de-fibra-de-celulose-deve-chegar-a-us-6137-bi-ate-2034\/?utm_medium=email&amp;utm_campaign=boletim_verde_22&amp;utm_source=RD+Station\" style=\"color:blue; text-decoration:underline\"><span style=\"font-size:14.0pt\">Mercado de fibra de celulose deve chegar a US$ 61,37 bi at&eacute; 2034<\/span><\/a><\/span><\/span><\/span><\/p>\r\n\r\n<p style=\"text-align:justify\"><span style=\"font-size:11pt\"><span style=\"line-height:normal\"><span style=\"font-family:Aptos,sans-serif\"><a href=\"https:\/\/www.fibre2fashion.com\/news\/textile-news\/war-linked-energy-shock-pushing-inflation-higher-in-europe-imf-expert-309803-newsdetails.htm\" style=\"color:blue; text-decoration:underline\"><span lang=\"EN-US\" style=\"font-size:14.0pt\">Textiles | War-linked energy shock pushing inflation higher in Europe: IMF expert<\/span><\/a><\/span><\/span><\/span><\/p>\r\n\r\n<p style=\"text-align:justify\"><span style=\"font-size:11pt\"><span style=\"line-height:normal\"><span style=\"font-family:Aptos,sans-serif\"><a href=\"https:\/\/diariodonordeste.verdesmares.com.br\/opiniao\/colunistas\/egidio-serpa\/jornada-de-trabalho-deve-juntar-produtividade-e-competitividade-1.3757381\" style=\"color:blue; text-decoration:underline\"><span style=\"font-size:14.0pt\">Abit | Jornada de trabalho deve juntar produtividade e competitividade<\/span><\/a><\/span><\/span><\/span><\/p>\r\n\r\n<p style=\"text-align:justify\"><span style=\"font-size:11pt\"><span style=\"line-height:normal\"><span style=\"font-family:Aptos,sans-serif\"><a href=\"https:\/\/app.isend.com.br\/iSend\/view\/FC624790AE7FF860F3600115093E33B3850E0095076CA4BD3616881704E7A93C814853A14E193BC8\" style=\"color:blue; text-decoration:underline\"><span style=\"font-size:14.0pt\">SENAI-SP| Sua empresa no pr&oacute;ximo n&iacute;vel com o Brasil Mais Produtivo<\/span><\/a><\/span><\/span><\/span><\/p>\r\n\r\n<p style=\"text-align:justify\"><span style=\"font-size:11pt\"><span style=\"line-height:normal\"><span style=\"font-family:Aptos,sans-serif\"><a href=\"https:\/\/share.google\/mROLKCmxW7O2ya5Z4\" style=\"color:blue; text-decoration:underline\"><span style=\"font-size:14.0pt\">Petrobras e IG4 correm para eleger nova gest&atilde;o da Braskem neste m&ecirc;s; Helcio Tokeshi ser&aacute; o CEO<\/span><\/a><\/span><\/span><\/span><\/p>\r\n\r\n<p style=\"text-align:justify\"><span style=\"font-size:28pt\"><span style=\"font-family:Aptos,sans-serif\"><span style=\"letter-spacing:-0.5pt\"><b><span style=\"font-size:18.0pt\"><span style=\"font-variant:small-caps\">Ind&uacute;stria<\/span><\/span><\/b><\/span><\/span><\/span><\/p>\r\n\r\n<p style=\"text-align:justify\"><span style=\"font-size:11pt\"><span style=\"line-height:normal\"><span style=\"font-family:Aptos,sans-serif\"><a href=\"https:\/\/noticias.portaldaindustria.com.br\/noticias\/institucional\/cni-pede-apoio-a-parlamentares-para-ampliar-debate-sobre-mudancas-na-jornada-de-trabalho\/?utm_source=email&amp;utm_medium=newsletter&amp;utm_campaign=15042026_028\" style=\"color:blue; text-decoration:underline\"><span style=\"font-size:14.0pt\">CNI pede apoio a parlamentares para ampliar debate sobre mudan&ccedil;as na jornada de trabalho<\/span><\/a><\/span><\/span><\/span><\/p>\r\n\r\n<p style=\"text-align:justify\"><span style=\"font-size:11pt\"><span style=\"line-height:normal\"><span style=\"font-family:Aptos,sans-serif\"><a href=\"https:\/\/fecomercio.com.br\/noticia\/reducao-de-jornada-de-trabalho-para-40-horas-custaria-r-158-bilhoes-as-empresas?utm_medium=email&amp;utm_campaign=direto_ao_ponto_-_abr_1&amp;utm_source=RD+Station\" style=\"color:blue; text-decoration:underline\"><span style=\"font-size:14.0pt\">Redu&ccedil;&atilde;o de jornada de trabalho para 40 horas custaria R$ 158 bilh&otilde;es &agrave;s empresas<\/span><\/a><\/span><\/span><\/span><\/p>\r\n\r\n<p style=\"text-align:justify\"><span style=\"font-size:11pt\"><span style=\"line-height:normal\"><span style=\"font-family:Aptos,sans-serif\"><a href=\"https:\/\/noticias.portaldaindustria.com.br\/noticias\/economia\/brasileiro-prefere-clt-na-hora-de-procurar-emprego-revela-pesquisa-da-cni\/?utm_source=email&amp;utm_medium=newsletter&amp;utm_campaign=13042026_027\" style=\"color:blue; text-decoration:underline\"><span style=\"font-size:14.0pt\">Brasileiro prefere CLT na hora de procurar emprego, revela pesquisa da CNI<\/span><\/a><\/span><\/span><\/span><\/p>\r\n\r\n<p style=\"text-align:justify\"><span style=\"font-size:11pt\"><span style=\"line-height:normal\"><span style=\"font-family:Aptos,sans-serif\"><a href=\"https:\/\/noticias.portaldaindustria.com.br\/noticias\/economia\/confianca-da-industria-cai-ao-menor-patamar-desde-junho-de-2020-revela-cni\/?utm_source=email&amp;utm_medium=newsletter&amp;utm_campaign=17042026_029\" style=\"color:blue; text-decoration:underline\"><span style=\"font-size:14.0pt\">Confian&ccedil;a da ind&uacute;stria cai ao menor patamar desde junho de 2020, revela CNI<\/span><\/a><\/span><\/span><\/span><\/p>\r\n\r\n<p style=\"text-align:justify\"><span style=\"font-size:11pt\"><span style=\"line-height:normal\"><span style=\"font-family:Aptos,sans-serif\"><span style=\"font-size:14.0pt\"><a href=\"https:\/\/www.revistaanamaco.com.br\/cenario-melhor-na-industria-paulista-\" style=\"color:blue; text-decoration:underline\">Cen&aacute;rio melhor na ind&uacute;stria paulista<\/a><\/span><\/span><\/span><\/span><\/p>\r\n\r\n<p style=\"text-align:justify\"><span style=\"font-size:28pt\"><span style=\"font-family:Aptos,sans-serif\"><span style=\"letter-spacing:-0.5pt\"><b><span style=\"font-size:18.0pt\"><span style=\"font-variant:small-caps\">Sustentabilidade<\/span><\/span><\/b><\/span><\/span><\/span><\/p>\r\n\r\n<p style=\"text-align:justify\"><span style=\"font-size:11pt\"><span style=\"line-height:normal\"><span style=\"font-family:Aptos,sans-serif\"><a href=\"https:\/\/portalpersonalcare.com.br\/unicharm-recicla-fraldas-usadas-e-cria-novo-modelo-circular-no-japao\/?utm_medium=email&amp;utm_campaign=newsletter_15042026&amp;utm_source=RD+Station\" style=\"color:blue; text-decoration:underline\"><span style=\"font-size:14.0pt\">Unicharm recicla fraldas usadas e cria novo modelo circular no Jap&atilde;o<\/span><\/a><\/span><\/span><\/span><\/p>\r\n\r\n<p style=\"text-align:justify\"><span style=\"font-size:11pt\"><span style=\"line-height:normal\"><span style=\"font-family:Aptos,sans-serif\"><a href=\"https:\/\/mundodoplastico.plasticobrasil.com.br\/gestao\/reforma-tributaria-e-impostos-sobre-a-reciclagem\/?utm_campaign=BRZ25MDP-BP-Newsletter78&amp;utm_emailname=BRZ25MDP-BP-Newsletter78&amp;utm_medium=email&amp;utm_source=eloqua&amp;utm_MDMContactID=2bb3d23c-a32f-4218-88d5-29f7fb45caee&amp;utm_campaigntype=Newsletter&amp;eM=50c7dfe42c38ea8f10539f0a167fc763253059e495554a32db7a57f8f237ec4c&amp;eventSeriesCode=ES_PLSTCBRZL&amp;eventEditionCode=BRA27IPR&amp;sessionCode=S_EXHB&amp;sp_eh=50c7dfe42c38ea8f10539f0a167fc763253059e495554a32db7a57f8f237ec4c\" style=\"color:blue; text-decoration:underline\"><span style=\"font-size:14.0pt\">Reforma Tribut&aacute;ria vai aumentar os impostos sobre a reciclagem?<\/span><\/a><\/span><\/span><\/span><\/p>\r\n\r\n<p style=\"text-align:justify\"><span style=\"font-size:11pt\"><span style=\"line-height:normal\"><span style=\"font-family:Aptos,sans-serif\"><a href=\"https:\/\/portalcorreio.com.br\/dino\/?id=328864\" style=\"color:blue; text-decoration:underline\"><span style=\"font-size:14.0pt\">Abrafiltros: log&iacute;stica reversa movimenta a economia circular no Brasil<\/span><\/a><\/span><\/span><\/span><\/p>\r\n\r\n<p style=\"text-align:justify\"><span style=\"font-size:11pt\"><span style=\"line-height:normal\"><span style=\"font-family:Aptos,sans-serif\"><a href=\"https:\/\/s2fpartners.com.br\/2026\/04\/comunicado-do-mma-uniformiza-procedimentos-de-sistemas-de-logistica-reversa\/\" style=\"color:blue; text-decoration:underline\"><span style=\"font-size:14.0pt\">Comunicado do MMA uniformiza procedimentos de sistemas de log&iacute;stica reversa<\/span><\/a><\/span><\/span><\/span><\/p>\r\n\r\n<p style=\"text-align:justify\"><span style=\"font-size:11pt\"><span style=\"line-height:normal\"><span style=\"font-family:Aptos,sans-serif\"><a href=\"https:\/\/sinditextilsp.org.br\/home\/2026\/03\/bndes-vai-destinar-r-10-bi-para-industria-4-0-e-bens-de-capital-verde\/?utm_medium=email&amp;utm_campaign=boletim_verde_22&amp;utm_source=RD+Station\" style=\"color:blue; text-decoration:underline\"><span style=\"font-size:14.0pt\">BNDES vai destinar R$ 10 bi para ind&uacute;stria 4.0 e bens de capital verde<\/span><\/a><\/span><\/span><\/span><\/p>\r\n\r\n<p style=\"text-align:justify\"><span style=\"font-size:11pt\"><span style=\"line-height:normal\"><span style=\"font-family:Aptos,sans-serif\"><a href=\"https:\/\/plasticosulamerica.com\/forum-abre-de-sustentabilidade-2026-reune-liderancas-para-discutir-os-rumos-da-circularidade-na-industria-de-embalagens\/\" style=\"color:blue; text-decoration:underline\"><span style=\"font-size:14.0pt\">F&oacute;rum ABRE de sustentabilidade 2026 re&uacute;ne lideran&ccedil;as para discutir os rumos da circularidade na ind&uacute;stria de embalagens<\/span><\/a><\/span><\/span><\/span><\/p>\r\n\r\n<p style=\"text-align:justify\"><span style=\"font-size:11pt\"><span style=\"line-height:normal\"><span style=\"font-family:Aptos,sans-serif\"><a href=\"https:\/\/aventurasnahistoria.com.br\/noticias\/historia-hoje\/como-o-havai-esta-transformando-poluicao-em-infraestrutura-entenda.phtml\" style=\"color:blue; text-decoration:underline\"><span style=\"font-size:14.0pt\">Hava&iacute; est&aacute; transformando pl&aacute;stico do oceano em estradas para combater polui&ccedil;&atilde;o<\/span><\/a><\/span><\/span><\/span><\/p>\r\n\r\n<p style=\"text-align:justify\"><span style=\"font-size:11pt\"><span style=\"line-height:normal\"><span style=\"font-family:Aptos,sans-serif\"><a href=\"https:\/\/clickpetroleoegas.com.br\/casa-de-plastico-reciclado-fica-pronta-em-4-horas-e-vira-atracao-na-feicon-fachada-com-placa-cimenticia-e-textura-nano-rocha-com-10-anos-de-garantia-moveis-100-em-plastico-portas-ctl01\/\" style=\"color:blue; text-decoration:underline\"><span style=\"font-size:14.0pt\">Casa de pl&aacute;stico reciclado fica pronta em 4 horas e vira atra&ccedil;&atilde;o na Feicon<\/span><\/a><\/span><\/span><\/span><\/p>\r\n\r\n<p style=\"text-align:justify\"><span style=\"font-size:28pt\"><span style=\"font-family:Aptos,sans-serif\"><span style=\"letter-spacing:-0.5pt\"><b><span style=\"font-size:18.0pt\"><span style=\"font-variant:small-caps\">Inova&ccedil;&atilde;o<\/span><\/span><\/b><\/span><\/span><\/span><\/p>\r\n\r\n<p style=\"text-align:justify\"><span style=\"font-size:11pt\"><span style=\"line-height:normal\"><span style=\"font-family:Aptos,sans-serif\"><a href=\"https:\/\/technical-textiles.textiletechnology.net\/news\/news\/avient--techtextil-advanced-fibers-for-high-performance-and-lightweight-textile-applications-53284\" style=\"color:blue; text-decoration:underline\"><span style=\"font-size:14.0pt\">Fibras avan&ccedil;adas para aplica&ccedil;&otilde;es t&ecirc;xteis de alto desempenho e baixo peso<\/span><\/a><\/span><\/span><\/span><\/p>\r\n\r\n<p style=\"text-align:justify\"><span style=\"font-size:11pt\"><span style=\"line-height:normal\"><span style=\"font-family:Aptos,sans-serif\"><a href=\"https:\/\/www.cidadeconecta.com\/lado-bom\/projeto-transforma-plastico-em-solucao-contra-desertificacao-no-semiarido-mineiro\/\" style=\"color:blue; text-decoration:underline\"><span style=\"font-size:14.0pt\">Projeto transforma pl&aacute;stico em solu&ccedil;&atilde;o contra desertifica&ccedil;&atilde;o no semi&aacute;rido mineiro<\/span><\/a><\/span><\/span><\/span><\/p>\r\n\r\n<p style=\"text-align:justify\"><span style=\"font-size:11pt\"><span style=\"line-height:normal\"><span style=\"font-family:Aptos,sans-serif\"><a href=\"https:\/\/www.technical-textiles.net\/news\/free-content-soft-fibres-can-be-moved-electricity\" style=\"color:blue; text-decoration:underline\"><span lang=\"EN-US\" style=\"font-size:14.0pt\">Soft fibres can be moved with electricity<\/span><\/a><\/span><\/span><\/span><\/p>\r\n\r\n<p style=\"text-align:justify\"><span style=\"font-size:11pt\"><span style=\"line-height:normal\"><span style=\"font-family:Aptos,sans-serif\"><a href=\"https:\/\/www.technical-textiles.net\/news\/free-content-electrical-heating-elements-made-carbon-nanotube-fibres\" style=\"color:blue; text-decoration:underline\"><span lang=\"EN-US\" style=\"font-size:14.0pt\">Electrical heating elements made from carbon nanotube fibres<\/span><\/a><\/span><\/span><\/span><\/p>\r\n\r\n<p style=\"text-align:justify\"><span style=\"font-size:11pt\"><span style=\"line-height:normal\"><span style=\"font-family:Aptos,sans-serif\"><a href=\"https:\/\/share.google\/1HV9qqGP9iPEXnQou\" style=\"color:blue; text-decoration:underline\"><span style=\"font-size:14.0pt\">Grafeno na constru&ccedil;&atilde;o: 200x mais forte que a&ccedil;o, 50% menos CO\u2082<\/span><\/a><\/span><\/span><\/span><\/p>\r\n\r\n<p style=\"text-align:justify\"><span style=\"font-size:11pt\"><span style=\"line-height:normal\"><span style=\"font-family:Aptos,sans-serif\"><a href=\"https:\/\/clickpetroleoegas.com.br\/de-residuos-descartados-a-construcoes-prontas-startup-cria-blocos-modulares-com-plastico-reciclado-que-barateiam-obras-eliminam-mao-de-obra-especializada-e-aceleram-projetos-no-brasil-caes\/\" style=\"color:blue; text-decoration:underline\"><span style=\"font-size:14.0pt\">De res&iacute;duos descartados a constru&ccedil;&otilde;es prontas: startup cria blocos modulares com pl&aacute;stico reciclado que barateiam obras, eliminam m&atilde;o de obra especializada e aceleram projetos no Brasil<\/span><\/a><\/span><\/span><\/span><\/p>\r\n\r\n<p style=\"text-align:justify\"><span style=\"font-size:11pt\"><span style=\"line-height:normal\"><span style=\"font-family:Aptos,sans-serif\"><a href=\"https:\/\/portalpersonalcare.com.br\/abihpec-e-embrapii-firmam-parceria-para-impulsionar-inovacao-na-industria-de-personal-care\/?utm_medium=email&amp;utm_campaign=newsletter_15042026&amp;utm_source=RD+Station\" style=\"color:blue; text-decoration:underline\"><span style=\"font-size:14.0pt\">ABIHPEC e Embrapii firmam parceria para impulsionar inova&ccedil;&atilde;o na ind&uacute;stria de personal care<\/span><\/a><\/span><\/span><\/span><\/p>\r\n\r\n<p style=\"text-align:justify\"><span style=\"font-size:28pt\"><span style=\"font-family:Aptos,sans-serif\"><span style=\"letter-spacing:-0.5pt\"><b><span style=\"font-size:18.0pt\"><span style=\"font-variant:small-caps\">Com&eacute;rcio Exterior<\/span><\/span><\/b><\/span><\/span><\/span><\/p>\r\n\r\n<p style=\"text-align:justify\"><span style=\"font-size:11pt\"><span style=\"line-height:normal\"><span style=\"font-family:Aptos,sans-serif\"><a href=\"https:\/\/www.abicalcados.com.br\/conteudo\/noticias\/importacoes-acumulam-altas-desde-2021-e-preocupam-industria-calcadista-nacional\" style=\"color:blue; text-decoration:underline\"><span style=\"font-size:14.0pt\">Cal&ccedil;ados | Importa&ccedil;&otilde;es acumulam altas desde 2021 e preocupam ind&uacute;stria cal&ccedil;adista nacional<\/span><\/a><\/span><\/span><\/span><\/p>\r\n\r\n<p style=\"text-align:justify\"><span style=\"font-size:11pt\"><span style=\"line-height:normal\"><span style=\"font-family:Aptos,sans-serif\"><a href=\"https:\/\/www12.senado.leg.br\/noticias\/infomaterias\/2026\/04\/sonhado-ha-30-anos-acordo-mercosul-ue-entra-em-vigor\" style=\"color:blue; text-decoration:underline\"><span style=\"font-size:14.0pt\">Sonhado h&aacute; 30 anos, acordo Mercosul-UE entra em vigor<\/span><\/a><\/span><\/span><\/span><\/p>\r\n\r\n<p style=\"text-align:justify\"><span style=\"font-size:11pt\"><span style=\"line-height:normal\"><span style=\"font-family:Aptos,sans-serif\"><a href=\"https:\/\/veronoticias.com\/economia\/eua-defendem-revisao-de-acordo-comercial-com-mexico-e-canada\/\" style=\"color:blue; text-decoration:underline\"><span style=\"font-size:14.0pt\">EUA defendem revis&atilde;o de acordo comercial com M&eacute;xico e Canad&aacute;<\/span><\/a><\/span><\/span><\/span><\/p>\r\n\r\n<p style=\"text-align:justify\"><span style=\"font-size:28pt\"><span style=\"font-family:Aptos,sans-serif\"><span style=\"letter-spacing:-0.5pt\"><b><span style=\"font-size:18.0pt\"><span style=\"font-variant:small-caps\">Economia<\/span><\/span><\/b><\/span><\/span><\/span><\/p>\r\n\r\n<p style=\"text-align:justify\"><span style=\"font-size:11pt\"><span style=\"line-height:normal\"><span style=\"font-family:Aptos,sans-serif\"><a href=\"https:\/\/www.bcb.gov.br\/content\/focus\/focus\/R20260417.pdf\" style=\"color:blue; text-decoration:underline\"><span style=\"font-size:14.0pt\">Focus | Relat&oacute;rio de Mercado<\/span><\/a><\/span><\/span><\/span><\/p>\r\n\r\n<p style=\"text-align:justify\"><span style=\"font-size:11pt\"><span style=\"line-height:normal\"><span style=\"font-family:Aptos,sans-serif\"><a href=\"https:\/\/share.google\/Y0GwIxGV1Hjbft5sF\" style=\"color:blue; text-decoration:underline\"><span style=\"font-size:14.0pt\">Para FMI, Brasil est&aacute; &ldquo;relativamente bem posicionado&rdquo; para enfrentar a turbul&ecirc;ncia global<\/span><\/a><\/span><\/span><\/span><\/p>\r\n\r\n<p style=\"text-align:justify\"><span style=\"font-size:11pt\"><span style=\"line-height:normal\"><span style=\"font-family:Aptos,sans-serif\"><a href=\"https:\/\/share.google\/reO1AXw6aF4hyqZTZ\" style=\"color:blue; text-decoration:underline\"><span style=\"font-size:14.0pt\">FMI alerta que d&iacute;vida p&uacute;blica do Brasil pode atingir 100% do PIB j&aacute; em 2027<\/span><\/a><\/span><\/span><\/span><\/p>\r\n\r\n<p style=\"text-align:justify\"><span style=\"font-size:11pt\"><span style=\"line-height:normal\"><span style=\"font-family:Aptos,sans-serif\"><a href=\"https:\/\/portalibre.fgv.br\/system\/files\/divulgacao\/noticias\/mat-complementar\/2026-04\/Monitor%20do%20PIB-FGV%20-%20Abril%20de%202026%20-%20Ref.%20de%20fevereiro.pdf\" style=\"color:blue; text-decoration:underline\"><span style=\"font-size:14.0pt\">FGV IBRE | Monitor do PIB - Indicador mensal de fevereiro de 2026<\/span><\/a><\/span><\/span><\/span><\/p>\r\n\r\n<p style=\"text-align:justify\"><span style=\"font-size:11pt\"><span style=\"line-height:normal\"><span style=\"font-family:Aptos,sans-serif\"><a href=\"https:\/\/noticias.portaldaindustria.com.br\/noticias\/economia\/pib-deve-crescer-2-em-2026-projeta-cni\/?utm_source=email&amp;utm_medium=newsletter&amp;utm_campaign=20042026_030\" style=\"color:blue; text-decoration:underline\"><span style=\"font-size:14.0pt\">PIB deve crescer 2% em 2026, projeta CNI<\/span><\/a><\/span><\/span><\/span><\/p>\r\n\r\n<p style=\"text-align:justify\"><span style=\"font-size:11pt\"><span style=\"line-height:normal\"><span style=\"font-family:Aptos,sans-serif\"><a href=\"https:\/\/noticias.portaldaindustria.com.br\/noticias\/economia\/pib-revisado-pra-cima-e-os-desafios-tambem-ep-199\/?utm_source=email&amp;utm_medium=newsletter&amp;utm_campaign=22042026_031\" style=\"color:blue; text-decoration:underline\"><span style=\"font-size:14.0pt\">CNI &ndash; Economia em 60 segundos | PIB revisado pra cima... E os desafios tamb&eacute;m! (Ep. #199)<\/span><\/a><\/span><\/span><\/span><\/p>\r\n\r\n<p style=\"text-align:justify\"><span style=\"font-size:11pt\"><span style=\"line-height:normal\"><span style=\"font-family:Aptos,sans-serif\"><a href=\"https:\/\/www.youtube.com\/watch?v=JTQGwc3EHxA\" style=\"color:blue; text-decoration:underline\"><span style=\"font-size:14.0pt\">ABRA TALKS #25: Planejamento Estrat&eacute;gico em Cen&aacute;rios Incertos<\/span><\/a><\/span><\/span><\/span><\/p>\r\n\r\n<p style=\"text-align:justify\"><img src=\"https:\/\/www.abint.org.br\/assets\/img\/editor\/redes-sociais-abint-ctg-cth_20260407191027RiK7i7eslt.jpg\" \/><\/p>\r\n","texto_en":"","7":"","imagem":"COMP_capa-2026-texto-boletim-abint-noticias-semanis_20260423123008OALyeGRlbx.jpg","8":"COMP_capa-2026-texto-boletim-abint-noticias-semanis_20260423123008OALyeGRlbx.jpg","arquivo":"20260422-BOLETIM-ABINT-DE-NOTICIAS-SEMANAIS.PDF","9":"20260422-BOLETIM-ABINT-DE-NOTICIAS-SEMANAIS.PDF","titulo_arquivo":"20260422 Boletim ABINT de Not\u00edcias Semanais","10":"20260422 Boletim ABINT de Not\u00edcias Semanais","titulo_arquivo_en":"","11":"","created_at":"2026-04-23 12:30:18","12":"2026-04-23 12:30:18","updated_at":"2026-04-23 12:31:16","13":"2026-04-23 12:31:16"},{"id":227,"0":227,"ordem":0,"1":0,"data":"2026-04-14","2":"2026-04-14","slug":"boletim-abint-de-noticias-semanais-122","3":"boletim-abint-de-noticias-semanais-122","titulo":"Boletim ABINT de Not\u00edcias Semanais","4":"Boletim ABINT de Not\u00edcias Semanais","titulo_en":"","5":"","texto":"<p style=\"text-align:justify\"><span style=\"font-size:11pt\"><span style=\"line-height:normal\"><span style=\"font-family:Aptos,sans-serif\"><span style=\"font-size:14.0pt\">Esta &eacute; uma compila&ccedil;&atilde;o das not&iacute;cias mais relevantes para o setor, incluindo informa&ccedil;&otilde;es sobre acordos internacionais, economia brasileira, sustentabilidade e mat&eacute;rias primas, al&eacute;m de novidades do setor de N&atilde;otecidos e Tecidos T&eacute;cnicos.<\/span><\/span><\/span><\/span><\/p>\r\n\r\n<p style=\"text-align:justify\"><span style=\"font-size:28pt\"><span style=\"font-family:Aptos,sans-serif\"><span style=\"letter-spacing:-0.5pt\"><b><span style=\"font-size:18.0pt\"><span style=\"font-variant:small-caps\">O que vem por a&iacute;<\/span><\/span><\/b><\/span><\/span><\/span><\/p>\r\n\r\n<p style=\"text-align:justify\"><img src=\"https:\/\/www.abint.org.br\/assets\/img\/editor\/post-quadrado-curso-naotecido-2026-2_20260326131535BHeNIfVpbl.png\" style=\"width: 500px; height: 500px;\" \/><\/p>\r\n\r\n<p align=\"center\" style=\"text-align:center\"><span style=\"font-size:11pt\"><span style=\"line-height:normal\"><span style=\"font-family:Aptos,sans-serif\"><a href=\"https:\/\/forms.gle\/SMUvLuH5kKYh745eA\" style=\"color:blue; text-decoration:underline\"><b><span style=\"font-size:14.0pt\">Informa&ccedil;&otilde;es e inscri&ccedil;&otilde;es<\/span><\/b><\/a><\/span><\/span><\/span><\/p>\r\n\r\n<p style=\"text-align:justify\"><span style=\"font-size:28pt\"><span style=\"font-family:Aptos,sans-serif\"><span style=\"letter-spacing:-0.5pt\"><b><span style=\"font-size:18.0pt\"><span style=\"font-variant:small-caps\">Not&iacute;cias das Associadas<\/span><\/span><\/b><\/span><\/span><\/span><\/p>\r\n\r\n<p style=\"text-align:justify\"><span style=\"font-size:11pt\"><span style=\"line-height:normal\"><span style=\"font-family:Aptos,sans-serif\"><span style=\"font-size:14.0pt\"><a href=\"https:\/\/www.maua.br\/noticias\/maua-em-foco\/nspi-impulsiona-inovacao-e-formacao-na-maua\/texto\/3?editor_bypass=1&amp;&amp;utm_source=akna&amp;utm_medium=email&amp;utm_campaign=InfoMaua-171-2\" style=\"color:blue; text-decoration:underline\">Mau&aacute; | Mudan&ccedil;as globais redefinem o futuro das carreiras no Brasil<\/a><\/span><\/span><\/span><\/span><\/p>\r\n\r\n<p style=\"text-align:justify\"><span style=\"font-size:11pt\"><span style=\"line-height:normal\"><span style=\"font-family:Aptos,sans-serif\"><b><span style=\"font-size:18.0pt\"><span style=\"font-variant:small-caps\">Eventos<\/span><\/span><\/b><\/span><\/span><\/span><\/p>\r\n\r\n<p style=\"text-align:justify\"><span style=\"font-size:11pt\"><span style=\"line-height:normal\"><span style=\"font-family:Aptos,sans-serif\"><a href=\"https:\/\/app.rdstation.email\/mail\/160beb6a-6c00-4653-ba05-d2c4b78ff465?utm_medium=email&amp;utm_campaign=webinar_lancamento_panora_residuos_texteis&amp;utm_source=RD+Station\" style=\"color:blue; text-decoration:underline\"><b><span style=\"font-size:14.0pt\">Webinar Abit | Projeto Panorama dos Res&iacute;duos T&ecirc;xteis<\/span><\/b><\/a><span style=\"font-size:14.0pt\">, 15 de abril de 20026, 10h &agrave;s 11h, evento virtual<\/span><\/span><\/span><\/span><\/p>\r\n\r\n<p style=\"text-align:justify\"><span style=\"font-size:11pt\"><span style=\"line-height:normal\"><span style=\"font-family:Aptos,sans-serif\"><a href=\"https:\/\/www.sympla.com.br\/evento\/4-edicao-forum-economico-brasil-canada\/3311190#event-location\" style=\"color:blue; text-decoration:underline\"><b><span style=\"font-size:14.0pt\">4&ordf; Edi&ccedil;&atilde;o F&oacute;rum Econ&ocirc;mico Brasil-Canad&aacute;<\/span><\/b><\/a><span style=\"font-size:14.0pt\">, 15 de abril de 2026, 13h &agrave;s18h, evento presencial, Rua do Rocio, 220 Vila Ol&iacute;mpia, S&atilde;o Paulo, SP<\/span><\/span><\/span><\/span><\/p>\r\n\r\n<p style=\"text-align:justify\"><span style=\"font-size:11pt\"><span style=\"line-height:normal\"><span style=\"font-family:Aptos,sans-serif\"><a href=\"https:\/\/forumabre.org.br\/\" style=\"color:blue; text-decoration:underline\"><b><span style=\"font-size:14.0pt\">F&oacute;rum Abre de Sustentabilidade<\/span><\/b><\/a><span style=\"font-size:14.0pt\">, 15 e 16 de abril de 2026, em S&atilde;o Paulo<\/span><\/span><\/span><\/span><\/p>\r\n\r\n<p style=\"text-align:justify\"><span style=\"font-size:11pt\"><span style=\"line-height:normal\"><span style=\"font-family:Aptos,sans-serif\"><a href=\"https:\/\/app.rdstation.email\/mail\/b07f0776-f944-40f1-9356-0fff28bdd622?utm_medium=email&amp;utm_campaign=workshop_gestao_da_nova_nr_1_na_industria_textil_e_de_confeccao&amp;utm_source=RD+Station\" style=\"color:blue; text-decoration:underline\"><b><span style=\"font-size:14.0pt\">Workshop Abit | Gest&atilde;o da nova NR 1 na ind&uacute;stria t&ecirc;xtil e de confec&ccedil;&atilde;o<\/span><\/b><\/a><span style=\"font-size:14.0pt\">, 29 de abril de 2026, 09h30 &agrave;s 11h00, evento virtual<\/span><\/span><\/span><\/span><\/p>\r\n\r\n<p style=\"text-align:justify\"><span style=\"font-size:11pt\"><span style=\"line-height:normal\"><span style=\"font-family:Aptos,sans-serif\"><a href=\"https:\/\/biotexfuture.info\/wp-content\/uploads\/2026\/03\/Agenda_BTF_InnovationDay_Spring_04032026.pdf\" style=\"color:blue; text-decoration:underline\"><b><span lang=\"EN-US\" style=\"font-size:14.0pt\">Innovation Day &ldquo;Harvesting Innovation: Bridging Agriculture and Textiles&rdquo;<\/span><\/b><\/a><span lang=\"EN-US\" style=\"font-size:14.0pt\">, 5 May 2026, 09:30 &ndash; 14:00 CEST (online streaming starts at 10:00), ITA, Otto-Blumenthal-Stra&szlig;e 1, 52074 Aachen or online (link will be provided upon registration)<\/span><\/span><\/span><\/span><\/p>\r\n\r\n<p style=\"text-align:justify\"><span style=\"font-size:11pt\"><span style=\"line-height:normal\"><span style=\"font-family:Aptos,sans-serif\"><a href=\"https:\/\/www.feimec.com.br\/pt\/home.html\" style=\"color:blue; text-decoration:underline\"><b><span style=\"font-size:14.0pt\">FEIMEC - Feira Internacional de M&aacute;quinas e Equipamentos<\/span><\/b><\/a><span style=\"font-size:14.0pt\">, 05 a 09 de maio de 2026, ter&ccedil;a a sexta - 10h &agrave;s 19h | s&aacute;bado - 9h &agrave;s 17h, S&atilde;o Paulo Expo, Rod. dos Imigrantes, KM 1,5<\/span><\/span><\/span><\/span><\/p>\r\n\r\n<p style=\"text-align:justify\"><span style=\"font-size:11pt\"><span style=\"line-height:normal\"><span style=\"font-family:Aptos,sans-serif\"><a href=\"https:\/\/www.sympla.com.br\/evento\/horizons-2026-inovabilidade-em-acao\/3303286?utm_source=emkt&amp;utm_medium=horizons-2026\" style=\"color:blue; text-decoration:underline\"><b><span style=\"font-size:14.0pt\">Horizons 2026 - Inovabilidade em A&ccedil;&atilde;o<\/span><\/b><\/a><span style=\"font-size:14.0pt\">, 06 e 07 de maio de 2026, das 09h &agrave;s 18h, evento presencial em Hub Green Sampa, Centro de Inova&ccedil;&atilde;o Verde Bruno Covas, S&atilde;o Paulo, SP<\/span><\/span><\/span><\/span><\/p>\r\n\r\n<p style=\"text-align:justify\"><span style=\"font-size:11pt\"><span style=\"line-height:normal\"><span style=\"font-family:Aptos,sans-serif\"><a href=\"https:\/\/www.hospitalar.com\/?utm_campaign=BRZ26HPR-MN-CREDENCIAMENTO-ABERTO&amp;utm_emailname=BRZ26HPR-MN-CREDENCIAMENTO-ABERTO-1-Resend&amp;utm_medium=email&amp;utm_source=eloqua&amp;utm_MDMContactID=2bb3d23c-a32f-4218-88d5-29f7fb45caee&amp;utm_campaigntype=Visitor%20Promotion&amp;eM=50c7dfe42c38ea8f10539f0a167fc763253059e495554a32db7a57f8f237ec4c&amp;eventSeriesCode=ES_HOSPITALAR&amp;eventEditionCode=BRZ26HPR&amp;sessionCode=S_EXHB&amp;sp_eh=50c7dfe42c38ea8f10539f0a167fc763253059e495554a32db7a57f8f237ec4c\" style=\"color:blue; text-decoration:underline\"><b><span style=\"font-size:14.0pt\">Hospitalar 2026<\/span><\/b><\/a><span style=\"font-size:14.0pt\">, 19 a 22 de maio, das 11h &agrave;s 20h, S&atilde;o Paulo Expo<\/span><\/span><\/span><\/span><\/p>\r\n\r\n<p style=\"text-align:justify\"><span style=\"font-size:11pt\"><span style=\"line-height:normal\"><span style=\"font-family:Aptos,sans-serif\"><a href=\"https:\/\/www.even3.com.br\/curso-internacional-de-desenvolvimento-profissional-geosynthetic-reinforced-soil-structures-688331\/\" style=\"color:blue; text-decoration:underline\"><b><span lang=\"EN-US\" style=\"font-size:14.0pt\">Professional Development Course &ndash; PDC: &ldquo;Geosynthetic Reinforced Soil Structures&rdquo;<\/span><\/b><\/a><span lang=\"EN-US\" style=\"font-size:14.0pt\">, May 26-28, 2026, 08:30 - 13:00 GMT-3, presential, S&atilde;o Paulo, SP<\/span><\/span><\/span><\/span><\/p>\r\n\r\n<p style=\"text-align:justify\"><img src=\"https:\/\/www.abint.org.br\/assets\/img\/editor\/2026-igs-curso-solos-reforcados_20260407190642UuWNHE97ze.png\" style=\"width: 500px; height: 313px;\" \/><\/p>\r\n\r\n<p style=\"text-align:justify\"><span style=\"font-size:11pt\"><span style=\"line-height:normal\"><span style=\"font-family:Aptos,sans-serif\"><a href=\"https:\/\/credenciamentonexumgroup.lovable.app\/evento\/personal-care-summit-latinoamerica-2026\" style=\"color:blue; text-decoration:underline\"><b><span style=\"font-size:14.0pt\">Personal Care Summit Latinoam&eacute;rica | I<\/span><\/b><b><span style=\"font-size:14.0pt\">nd&uacute;stria 5.0: Tecnologia e Pessoas<\/span><\/b><\/a><span style=\"font-size:14.0pt\">, 09 de junho de 2026, Hotel Pullman, Guarulhos, SP<\/span><\/span><\/span><\/span><\/p>\r\n\r\n<p style=\"text-align:justify\"><span style=\"font-size:11pt\"><span style=\"line-height:normal\"><span style=\"font-family:Aptos,sans-serif\"><a href=\"https:\/\/www.hightex.com.tr\/\" style=\"color:blue; text-decoration:underline\"><b><span lang=\"EN-US\" style=\"font-size:14.0pt\">HIGTEX 2026 &ndash; International Technical Textiles and Nonwoven Exhibition<\/span><\/b><\/a><span lang=\"EN-US\" style=\"font-size:14.0pt\">, June 9&ndash;13, T&Uuml;YAP Fair and Congress Center, \u0130stanbul, T&uuml;rkiye<\/span><\/span><\/span><\/span><\/p>\r\n\r\n<p style=\"text-align:justify\"><span style=\"font-size:11pt\"><span style=\"line-height:normal\"><span style=\"font-family:Aptos,sans-serif\"><a href=\"https:\/\/www.worldofwipes.org\/\" style=\"color:blue; text-decoration:underline\"><b><span lang=\"EN-US\" style=\"font-size:14.0pt\">INDA | WOW - World of Wipes International Conference<\/span><\/b><\/a><span lang=\"EN-US\" style=\"font-size:14.0pt\">, June 29&ndash;July 2, 2026, Grand Hyatt Nashville, Nashville, Tennessee USA<\/span><\/span><\/span><\/span><\/p>\r\n\r\n<p style=\"text-align:justify\"><span style=\"font-size:11pt\"><span style=\"line-height:normal\"><span style=\"font-family:Aptos,sans-serif\"><a href=\"https:\/\/filtech.de\/\" style=\"color:blue; text-decoration:underline\"><b><span style=\"font-size:14.0pt\">Filtech 2026<\/span><\/b><\/a><span style=\"font-size:14.0pt\">, 30 de junho a 2 de julho, Cologne, Alemanha<\/span><\/span><\/span><\/span><\/p>\r\n\r\n<p style=\"text-align:justify\"><span style=\"font-size:11pt\"><span style=\"line-height:normal\"><span style=\"font-family:Aptos,sans-serif\"><a href=\"https:\/\/www.formobile.com.br\/pt\/home.html\" style=\"color:blue; text-decoration:underline\"><b><span style=\"font-size:14.0pt\">ForM&oacute;bile 2026<\/span><\/b><\/a><span style=\"font-size:14.0pt\">, 30 de junho a 3 de julho, S&atilde;o Paulo Expo<\/span><\/span><\/span><\/span><\/p>\r\n\r\n<p style=\"text-align:justify\"><span style=\"font-size:11pt\"><span style=\"line-height:normal\"><span style=\"font-family:Aptos,sans-serif\"><a href=\"https:\/\/sienge.com.br\/construsummit\/\" style=\"color:blue; text-decoration:underline\"><b><span style=\"font-size:14.0pt\">Construsummit<\/span><\/b><\/a><span style=\"font-size:14.0pt\">, 1 e 2 de julho de 2026, Florian&oacute;polis, SC<\/span><\/span><\/span><\/span><\/p>\r\n\r\n<p style=\"text-align:justify\"><span style=\"font-size:11pt\"><span style=\"line-height:normal\"><span style=\"font-family:Aptos,sans-serif\"><a href=\"https:\/\/info.fastmarkets.com\/index.php\/email\/emailWebview?email=OTMwLVlTTi0zNDIAAAGgm9GYB4UXisBYfG6V1YgLbIkX8OtKVxG11VCYMcCYfPs1fCCJJmN773X5IwSwnvWO_PwKa82eHJaJrBpZ4hTGCHcBq8U9L5ysEA\" style=\"color:blue; text-decoration:underline\"><b><span style=\"font-size:14.0pt\">Fastmarkets Forest Products Latin America Conference 2026<\/span><\/b><\/a><span style=\"font-size:14.0pt\">, 10 a 12 de agosto de 2026, S&atilde;o Paulo<\/span><\/span><\/span><\/span><\/p>\r\n\r\n<p style=\"text-align:justify\"><span style=\"font-size:11pt\"><span style=\"line-height:normal\"><span style=\"font-family:Aptos,sans-serif\"><a href=\"https:\/\/feiplar.com\/Presencial\/inicio-2024\/\" style=\"color:blue; text-decoration:underline\"><b><span style=\"font-size:14.0pt\">FEIPLAR &amp; FEIPUR &ndash; Feira e Congresso Internacionais de Materiais Avan&ccedil;ados<\/span><\/b><\/a><span style=\"font-size:14.0pt\">, 25 a 27 de agosto de 2026, S&atilde;o Paulo Expo | Pavilh&atilde;o 5, S&atilde;o Paulo, SP, Brasil<\/span><\/span><\/span><\/span><\/p>\r\n\r\n<p style=\"text-align:justify\"><span style=\"font-size:11pt\"><span style=\"line-height:normal\"><span style=\"font-family:Aptos,sans-serif\"><a href=\"https:\/\/ficons.com.br\/\" style=\"color:blue; text-decoration:underline\"><b><span style=\"font-size:14.0pt\">FICONS - Feira Internacional de Materiais, Equipamentos e Servi&ccedil;os da Constru&ccedil;&atilde;o<\/span><\/b><\/a><span style=\"font-size:14.0pt\">, 15 a 18 de setembro de 2026, Centro de Conven&ccedil;&otilde;es de Pernambuco Recife\/ Olinda<\/span><\/span><\/span><\/span><\/p>\r\n\r\n<p style=\"text-align:justify\"><span style=\"font-size:11pt\"><span style=\"line-height:normal\"><span style=\"font-family:Aptos,sans-serif\"><a href=\"https:\/\/www.edana.org\/events\/outlook\/outlook-2025\" style=\"color:blue; text-decoration:underline\"><b><span style=\"font-size:14.0pt\">OUTLOOK&trade; 2026<\/span><\/b><\/a><span style=\"font-size:14.0pt\">, 22&ndash;24 September, Hotel Miragem, Cascais, Portugal<\/span><\/span><\/span><\/span><\/p>\r\n\r\n<p style=\"text-align:justify\"><span style=\"font-size:11pt\"><span style=\"line-height:normal\"><span style=\"font-family:Aptos,sans-serif\"><a href=\"https:\/\/hospitalmed.com.br\/feira\/\" style=\"color:blue; text-decoration:underline\"><b><span style=\"font-size:14.0pt\">HospitalMed<\/span><\/b><\/a><span style=\"font-size:14.0pt\">, 21 a 23 de outubro de 2026, das 14h &agrave;s 20h, Pernambuco Centro de Conven&ccedil;&otilde;es, Olinda<\/span><\/span><\/span><\/span><\/p>\r\n\r\n<p style=\"text-align:justify\"><span style=\"font-size:11pt\"><span style=\"line-height:normal\"><span style=\"font-family:Aptos,sans-serif\"><a href=\"https:\/\/www.edana.org\/events\/edana-sustainability-forum\" style=\"color:blue; text-decoration:underline\"><b><span lang=\"EN-US\" style=\"font-size:14.0pt\">Sustainability &amp; Policy Forum<\/span><\/b><\/a><span lang=\"EN-US\" style=\"font-size:14.0pt\">, 8&ndash;9 December 2026, Residence Palace in Brussels, Belgium<\/span><\/span><\/span><\/span><\/p>\r\n\r\n<p style=\"text-align:justify\"><span style=\"font-size:11pt\"><span style=\"line-height:normal\"><span style=\"font-family:Aptos,sans-serif\"><a href=\"https:\/\/infrane.com.br\/\" style=\"color:blue; text-decoration:underline\"><b><span style=\"font-size:14.0pt\">Infra NE<\/span><\/b><\/a><span style=\"font-size:14.0pt\">, 03 a 05 de mar&ccedil;o de 2027, Centro de Conven&ccedil;&otilde;es Salvador<\/span><\/span><\/span><\/span><\/p>\r\n\r\n<p style=\"text-align:justify\"><span style=\"font-size:28pt\"><span style=\"font-family:Aptos,sans-serif\"><span style=\"letter-spacing:-0.5pt\"><b><span lang=\"EN-US\" style=\"font-size:18.0pt\"><span style=\"font-variant:small-caps\">Setor<\/span><\/span><\/b><\/span><\/span><\/span><\/p>\r\n\r\n<p style=\"text-align:justify\"><span style=\"font-size:11pt\"><span style=\"line-height:normal\"><span style=\"font-family:Aptos,sans-serif\"><a href=\"https:\/\/www.nonwovens-industry.com\/breaking-news\/edana-announces-european-nonwovens-statistics\/?utm_campaign=NON%20eNewsletter&amp;utm_medium=email&amp;_hsenc=p2ANqtz-9qdNjaK6F7aLly-SIJLBk6SsBgevbCst-Ng-2NgNvcm8BE7wqScjSDjzrBCPLghx8mDExkQTlRGGIAVKL8tICWi2FLfQ&amp;_hsmi=413003414&amp;utm_content=413003414&amp;utm_source=hs_email\" style=\"color:blue; text-decoration:underline\"><span lang=\"EN-US\" style=\"font-size:14.0pt\">EDANA Announces European Nonwovens Statistics<\/span><\/a><\/span><\/span><\/span><\/p>\r\n\r\n<p style=\"text-align:justify\"><span style=\"font-size:11pt\"><span style=\"line-height:normal\"><span style=\"font-family:Aptos,sans-serif\"><a href=\"https:\/\/www.nonwovens-industry.com\/identity-in-crisis-the-next-frontier-for-wipes\/?utm_campaign=NON%20Issue%20Alert&amp;utm_medium=email&amp;_hsenc=p2ANqtz-_RX5AE0UsPmL3X-PRMjSHhtUF9S0tEQaeixh9DAtCEA6ga5DjOwTX9IJ4eGBjMVBqvrCqiQGE-RZPJVpynn5AL8oQIdQ&amp;_hsmi=413194597&amp;utm_content=413194597&amp;utm_source=hs_email\" style=\"color:blue; text-decoration:underline\"><span lang=\"EN-US\" style=\"font-size:14.0pt\">Identity in Crisis&mdash;The Next Frontier for Wipes<\/span><\/a><\/span><\/span><\/span><\/p>\r\n\r\n<p style=\"text-align:justify\"><span style=\"font-size:11pt\"><span style=\"line-height:normal\"><span style=\"font-family:Aptos,sans-serif\"><a href=\"https:\/\/www.nonwovens-industry.com\/wipes-with-benefits\/?utm_campaign=NON%20Issue%20Alert&amp;utm_medium=email&amp;_hsenc=p2ANqtz-_ayJoBUOrEZie_HDQI8DdkC2ChcoM61Q-WCWWP2vhmuKunVdvOclGGKBcVucyRPuYaXtJIG8eMYKzcGmVEcCJRfAYnAA&amp;_hsmi=413194597&amp;utm_content=413194597&amp;utm_source=hs_email\" style=\"color:blue; text-decoration:underline\"><span lang=\"EN-US\" style=\"font-size:14.0pt\">Wipes With Benefits<\/span><\/a><\/span><\/span><\/span><\/p>\r\n\r\n<p style=\"text-align:justify\"><span style=\"font-size:11pt\"><span style=\"line-height:normal\"><span style=\"font-family:Aptos,sans-serif\"><a href=\"https:\/\/www.nonwovens-industry.com\/exclusives\/independent-diaper-brands-accelerate-growth\/\" style=\"color:blue; text-decoration:underline\"><span lang=\"EN-US\" style=\"font-size:14.0pt\">Independent Diaper Brands Accelerate Growth<\/span><\/a><\/span><\/span><\/span><\/p>\r\n\r\n<p style=\"text-align:justify\"><span style=\"font-size:11pt\"><span style=\"line-height:normal\"><span style=\"font-family:Aptos,sans-serif\"><a href=\"https:\/\/plasticosemrevista.com.br\/braskem-mercado-adverso-e-dividas-vergaram-balanco-de-2025\/\" style=\"color:blue; text-decoration:underline\"><span style=\"font-size:14.0pt\">Braskem: mercado adverso e d&iacute;vidas vergaram balan&ccedil;o de 2025<\/span><\/a><\/span><\/span><\/span><\/p>\r\n\r\n<p style=\"text-align:justify\"><span style=\"font-size:11pt\"><span style=\"line-height:normal\"><span style=\"font-family:Aptos,sans-serif\"><a href=\"https:\/\/plasticosemrevista.com.br\/petroquimicos-precos-em-marco-batem-recorde-de-aumento-mensal\/\" style=\"color:blue; text-decoration:underline\"><span style=\"font-size:14.0pt\">Petroqu&iacute;micos: pre&ccedil;os em mar&ccedil;o batem recorde de aumento mensal<\/span><\/a><\/span><\/span><\/span><\/p>\r\n\r\n<p style=\"text-align:justify\"><span style=\"font-size:11pt\"><span style=\"line-height:normal\"><span style=\"font-family:Aptos,sans-serif\"><span style=\"font-size:14.0pt\"><a href=\"https:\/\/plasticosemrevista.com.br\/pesquisa-de-opiniao-33\/\" style=\"color:blue; text-decoration:underline\">Pesquisa de opini&atilde;o: considerando-se a disparada nos pre&ccedil;os do petr&oacute;leo\/mat&eacute;rias-primas e gargalos log&iacute;sticos no suprimento, causados pela Guerra no Ir&atilde;, e tendo em conta as limitadas margens e juros elevados para as empresas, qual estrat&eacute;gia b&aacute;sica voc&ecirc; acha mais adequada para uma ind&uacute;stria transformadora de pl&aacute;stico seguir ativa e oferecendo m&iacute;nimo retorno?<\/a><\/span><\/span><\/span><\/span><\/p>\r\n\r\n<p style=\"text-align:justify\"><span style=\"font-size:11pt\"><span style=\"line-height:normal\"><span style=\"font-family:Aptos,sans-serif\"><a href=\"https:\/\/www.gov.br\/anvisa\/pt-br\/assuntos\/noticias-anvisa\/2026\/anvisa-publica-painel-de-acompanhamento-da-agenda-regulatoria-2026-2027?utm_medium=email&amp;utm_campaign=diario_da_saude_mn__31032026&amp;utm_source=RD+Station\" style=\"color:blue; text-decoration:underline\"><span style=\"font-size:14.0pt\">Anvisa publica painel de acompanhamento da Agenda Regulat&oacute;ria 2026-2027<\/span><\/a><\/span><\/span><\/span><\/p>\r\n\r\n<p style=\"text-align:justify\"><span style=\"font-size:11pt\"><span style=\"line-height:normal\"><span style=\"font-family:Aptos,sans-serif\"><a href=\"https:\/\/www.gov.br\/anvisa\/pt-br\/assuntos\/noticias-anvisa\/2026\/entra-em-operacao-sistema-que-traz-mais-seguranca-para-dispositivos-medicos-no-brasil?utm_medium=email&amp;utm_campaign=diario_da_saude_mn__03032026&amp;utm_source=RD+Station\" style=\"color:blue; text-decoration:underline\"><span style=\"font-size:14.0pt\">Entra em opera&ccedil;&atilde;o sistema que traz mais seguran&ccedil;a para dispositivos m&eacute;dicos no Brasil<\/span><\/a><\/span><\/span><\/span><\/p>\r\n\r\n<p style=\"text-align:justify\"><span style=\"font-size:11pt\"><span style=\"line-height:normal\"><span style=\"font-family:Aptos,sans-serif\"><a href=\"https:\/\/www.meiofiltrante.com.br\/Noticia\/132548\/qualidade-do-ar-interno-ganha-importancia-e-passa-a-influenciar-bem-estar-rendimento-e-qualidade-de-vida\" style=\"color:blue; text-decoration:underline\"><span style=\"font-size:14.0pt\">Filtra&ccedil;&atilde;o: qualidade do ar interno ganha import&acirc;ncia e passa a influenciar bem-estar, rendimento e qualidade de vida<\/span><\/a><\/span><\/span><\/span><\/p>\r\n\r\n<p style=\"text-align:justify\"><span style=\"font-size:11pt\"><span style=\"line-height:normal\"><span style=\"font-family:Aptos,sans-serif\"><a href=\"https:\/\/www.meiofiltrante.com.br\/Noticia\/132540\/a-filtragem-de-ar-em-hospitais-e-clinicas-passou-a-ocupar-um-papel-ainda-mais-estrategico-nos-ultimos-anos\" style=\"color:blue; text-decoration:underline\"><span style=\"font-size:14.0pt\">A filtragem de ar em hospitais e cl&iacute;nicas passou a ocupar um papel ainda mais estrat&eacute;gico nos &uacute;ltimos anos<\/span><\/a><\/span><\/span><\/span><\/p>\r\n\r\n<p style=\"text-align:justify\"><span style=\"font-size:11pt\"><span style=\"line-height:normal\"><span style=\"font-family:Aptos,sans-serif\"><a href=\"https:\/\/www.moveisdevalor.com.br\/portal\/industria-colchoeira-enfrenta-pressao-global-e-incerteza-1?source=news\" style=\"color:blue; text-decoration:underline\"><span style=\"font-size:14.0pt\">Ind&uacute;stria colchoeira enfrenta press&atilde;o global e incerteza<\/span><\/a><\/span><\/span><\/span><\/p>\r\n\r\n<p style=\"text-align:justify\"><span style=\"font-size:11pt\"><span style=\"line-height:normal\"><span style=\"font-family:Aptos,sans-serif\"><a href=\"https:\/\/plasticosulamerica.com\/setor-de-embalagens-pet-consolida-crescimento-e-busca-novos-mercados\/\" style=\"color:blue; text-decoration:underline\"><span style=\"font-size:14.0pt\">Setor de embalagens PET consolida crescimento e busca novos mercados<\/span><\/a><\/span><\/span><\/span><\/p>\r\n\r\n<p style=\"text-align:justify\"><span style=\"font-size:11pt\"><span style=\"line-height:normal\"><span style=\"font-family:Aptos,sans-serif\"><a href=\"https:\/\/www.abit.org.br\/noticias\/karsten-inaugura-no-paraguai-primeira-unidade-fabril-fora-do-brasil?utm_medium=email&amp;utm_campaign=130426_abit_informa_-_base_rd&amp;utm_source=RD+Station\" style=\"color:blue; text-decoration:underline\"><span style=\"font-size:14.0pt\">Karsten inaugura no Paraguai primeira unidade fabril fora do Brasil<\/span><\/a><\/span><\/span><\/span><\/p>\r\n\r\n<p style=\"text-align:justify\"><span style=\"font-size:28pt\"><span style=\"font-family:Aptos,sans-serif\"><span style=\"letter-spacing:-0.5pt\"><b><span style=\"font-size:18.0pt\"><span style=\"font-variant:small-caps\">Ind&uacute;stria<\/span><\/span><\/b><\/span><\/span><\/span><\/p>\r\n\r\n<p style=\"text-align:justify\"><span style=\"font-size:11pt\"><span style=\"line-height:normal\"><span style=\"font-family:Aptos,sans-serif\"><a href=\"https:\/\/noticias.portaldaindustria.com.br\/noticias\/institucional\/cni-e-mais-de-800-entidades-assinam-manifesto-contra-mudancas-na-jornada-de-trabalho\/\" style=\"color:blue; text-decoration:underline\"><span style=\"font-size:14.0pt\">CNI e mais de 800 entidades assinam manifesto contra mudan&ccedil;as na jornada de trabalho<\/span><\/a><\/span><\/span><\/span><\/p>\r\n\r\n<p style=\"text-align:justify\"><span style=\"font-size:11pt\"><span style=\"line-height:normal\"><span style=\"font-family:Aptos,sans-serif\"><a href=\"https:\/\/www.infrafm.com.br\/Textos\/0\/24586\/Falta-de-mao-de-obra-atinge-416-das-construtoras-e-expoe-novo-risco-nas-obras#:~:text=Segundo%20a%20sondagem%20da%20constru%C3%A7%C3%A3o,dia%20a%20dia%20dos%20canteiros.\" style=\"color:blue; text-decoration:underline\"><span style=\"font-size:14.0pt\">Falta de m&atilde;o de obra atinge 41,6% das construtoras e exp&otilde;e novo risco nas obras<\/span><\/a><\/span><\/span><\/span><\/p>\r\n\r\n<p style=\"text-align:justify\"><span style=\"font-size:11pt\"><span style=\"line-height:normal\"><span style=\"font-family:Aptos,sans-serif\"><a href=\"https:\/\/noticias.portaldaindustria.com.br\/noticias\/economia\/faturamento-da-industria-cresce-49-em-fevereiro-aponta-cni\/\" style=\"color:blue; text-decoration:underline\"><span style=\"font-size:14.0pt\">Faturamento da ind&uacute;stria cresce 4,9% em fevereiro, aponta CNI<\/span><\/a><\/span><\/span><\/span><\/p>\r\n\r\n<p style=\"text-align:justify\"><span style=\"font-size:11pt\"><span style=\"line-height:normal\"><span style=\"font-family:Aptos,sans-serif\"><a href=\"https:\/\/exclusivo.com.br\/negocios\/conflito-no-oriente-medio-reflete-na-industria-de-base-do-couro-e-do-calcado\/\" style=\"color:blue; text-decoration:underline\"><span style=\"font-size:14.0pt\">Conflito no Oriente M&eacute;dio reflete na ind&uacute;stria de base do couro e do cal&ccedil;ado<\/span><\/a><\/span><\/span><\/span><\/p>\r\n\r\n<p style=\"text-align:justify\"><span style=\"font-size:11pt\"><span style=\"line-height:normal\"><span style=\"font-family:Aptos,sans-serif\"><a href=\"file:\/\/\/C:\/Users\/Cristiane\/AppData\/Local\/Packages\/5319275A.WhatsAppDesktop_cv1g1gvanyjgm\/LocalState\/sessions\/39231B6AC0EB8CC5DBD3C9FB220571EF4A42FF8E\/transfers\/2026-15\/Produ\u00e7\u00e3o%20de%20ve\u00edculos%20em%20mar\u00e7o%20\u00e9%20a%20melhor%20desde%202019,%20diz%20Anfavea\" style=\"color:blue; text-decoration:underline\"><span style=\"font-size:14.0pt\">Produ&ccedil;&atilde;o de ve&iacute;culos em mar&ccedil;o &eacute; a melhor desde 2019, diz Anfavea<\/span><\/a><\/span><\/span><\/span><\/p>\r\n\r\n<p style=\"text-align:justify\"><span style=\"font-size:28pt\"><span style=\"font-family:Aptos,sans-serif\"><span style=\"letter-spacing:-0.5pt\"><b><span style=\"font-size:18.0pt\"><span style=\"font-variant:small-caps\">Sustentabilidade<\/span><\/span><\/b><\/span><\/span><\/span><\/p>\r\n\r\n<p style=\"text-align:justify\"><span style=\"font-size:11pt\"><span style=\"line-height:normal\"><span style=\"font-family:Aptos,sans-serif\"><a href=\"https:\/\/www.contabeis.com.br\/noticias\/76039\/incentivos-fiscais-impulsionam-setor-de-reciclagem-no-brasil\/\" style=\"color:blue; text-decoration:underline\"><span style=\"font-size:14.0pt\">Incentivos fiscais impulsionam setor de reciclagem no Brasil<\/span><\/a><\/span><\/span><\/span><\/p>\r\n\r\n<p style=\"text-align:justify\"><span style=\"font-size:11pt\"><span style=\"line-height:normal\"><span style=\"font-family:Aptos,sans-serif\"><a href=\"https:\/\/www.nonwovens-industry.com\/u-k-moves-forward-with-plastic-wipes-ban\/?utm_campaign=NON%20Issue%20Alert&amp;utm_medium=email&amp;_hsenc=p2ANqtz-8hIsnklK6D-QH6m2UxsJGC6z2CKJE82eAcMoufzIhTQRS755i-HVuq4dUhDu4WsmmujzwN8oEKmh26hTi8Anw9CdqHvg&amp;_hsmi=413194597&amp;utm_content=413194597&amp;utm_source=hs_email\" style=\"color:blue; text-decoration:underline\"><span lang=\"EN-US\" style=\"font-size:14.0pt\">U.K. Moves Forward With Plastic Wipes Ban<\/span><\/a><\/span><\/span><\/span><\/p>\r\n\r\n<p style=\"text-align:justify\"><span style=\"font-size:11pt\"><span style=\"line-height:normal\"><span style=\"font-family:Aptos,sans-serif\"><a href=\"https:\/\/noticias.portaldaindustria.com.br\/noticias\/sesi-lab\/sesi-lab-e-movimento-plastico-transforma-lancam-atividades-ineditas\/\" style=\"color:blue; text-decoration:underline\"><span style=\"font-size:14.0pt\">SESI Lab e Movimento Pl&aacute;stico Transforma lan&ccedil;am atividades in&eacute;ditas<\/span><\/a><\/span><\/span><\/span><\/p>\r\n\r\n<p style=\"text-align:justify\"><span style=\"font-size:11pt\"><span style=\"line-height:normal\"><span style=\"font-family:Aptos,sans-serif\"><a href=\"https:\/\/clickpetroleoegas.com.br\/fabrica-produz-cadeiras-de-plastico-resistentes-usando-sacolas-plasticas-transforma-lixo-em-moveis-que-duram-e-processo-industrial-mostra-eficiencia-e-sustentabilidade-fcmo87\/\" style=\"color:blue; text-decoration:underline\"><span style=\"font-size:14.0pt\">F&aacute;brica produz cadeiras de pl&aacute;stico resistentes usando sacolas pl&aacute;sticas, transforma lixo em m&oacute;veis que duram e processo industrial mostra efici&ecirc;ncia e sustentabilidade<\/span><\/a><\/span><\/span><\/span><\/p>\r\n\r\n<p style=\"text-align:justify\"><span style=\"font-size:11pt\"><span style=\"line-height:normal\"><span style=\"font-family:Aptos,sans-serif\"><a href=\"https:\/\/olhardigital.com.br\/2026\/04\/11\/curiosidades\/empreendedor-transforma-142-toneladas-de-plastico-em-azulejos-reduzindo-emissoes-e-gerando-empregos-locais\/\" style=\"color:blue; text-decoration:underline\"><span style=\"font-size:14.0pt\">Empreendedor transforma 142 toneladas de pl&aacute;stico em azulejos, reduzindo emiss&otilde;es e gerando empregos locais<\/span><\/a><\/span><\/span><\/span><\/p>\r\n\r\n<p style=\"text-align:justify\"><span style=\"font-size:28pt\"><span style=\"font-family:Aptos,sans-serif\"><span style=\"letter-spacing:-0.5pt\"><b><span style=\"font-size:18.0pt\"><span style=\"font-variant:small-caps\">Inova&ccedil;&atilde;o<\/span><\/span><\/b><\/span><\/span><\/span><\/p>\r\n\r\n<p style=\"text-align:justify\"><span style=\"font-size:11pt\"><span style=\"line-height:normal\"><span style=\"font-family:Aptos,sans-serif\"><a href=\"https:\/\/noticias.portaldaindustria.com.br\/noticias\/politica-industrial\/saiba-como-as-empresas-do-pais-aproveitam-a-lei-do-bem-para-inovar\/\" style=\"color:blue; text-decoration:underline\"><span style=\"font-size:14.0pt\">Saiba como as empresas do pa&iacute;s aproveitam a Lei do Bem para inovar<\/span><\/a><\/span><\/span><\/span><\/p>\r\n\r\n<p style=\"text-align:justify\"><span style=\"font-size:11pt\"><span style=\"line-height:normal\"><span style=\"font-family:Aptos,sans-serif\"><a href=\"https:\/\/www.inovacaotecnologica.com.br\/noticias\/noticia.php?artigo=revestimento-tecido-fototermico&amp;id=010125260414&amp;ebol=sim\" style=\"color:blue; text-decoration:underline\"><span style=\"font-size:14.0pt\">Revestimento de tecido mant&eacute;m calor interno sem gastar energia<\/span><\/a><\/span><\/span><\/span><\/p>\r\n\r\n<p style=\"text-align:justify\"><span style=\"font-size:11pt\"><span style=\"line-height:normal\"><span style=\"font-family:Aptos,sans-serif\"><a href=\"https:\/\/www.inovacaotecnologica.com.br\/noticias\/noticia.php?artigo=como-lavar-roupas-sem-sabao&amp;id=010160260410&amp;ebol=sim\" style=\"color:blue; text-decoration:underline\"><span style=\"font-size:14.0pt\">Tecido autolimpante dispensa detergente na lavagem de roupas<\/span><\/a><\/span><\/span><\/span><\/p>\r\n\r\n<p style=\"text-align:justify\"><span style=\"font-size:11pt\"><span style=\"line-height:normal\"><span style=\"font-family:Aptos,sans-serif\"><a href=\"https:\/\/www.ufmg.br\/comunicacao\/noticias\/pesquisa-e-inovacao\/ctnano-desenvolve-tecnologia-para-mitigar-dano-ambiental-causado-por-descarte-de-plasticos-no-semiarido\/\" style=\"color:blue; text-decoration:underline\"><span style=\"font-size:14.0pt\">CTNano desenvolve tecnologia para mitigar dano ambiental causado por descarte de pl&aacute;sticos no semi&aacute;rido<\/span><\/a><\/span><\/span><\/span><\/p>\r\n\r\n<p style=\"text-align:justify\"><span style=\"font-size:28pt\"><span style=\"font-family:Aptos,sans-serif\"><span style=\"letter-spacing:-0.5pt\"><b><span style=\"font-size:18.0pt\"><span style=\"font-variant:small-caps\">Com&eacute;rcio Exterior<\/span><\/span><\/b><\/span><\/span><\/span><\/p>\r\n\r\n<p style=\"text-align:justify\"><span style=\"font-size:11pt\"><span style=\"line-height:normal\"><span style=\"font-family:Aptos,sans-serif\"><a href=\"https:\/\/grandesconstrucoes.com.br\/Noticias\/Exibir\/guerra-no-oriente-medio-o-efeito-na-logistica-global\" style=\"color:blue; text-decoration:underline\"><span style=\"font-size:14.0pt\">Guerra no Oriente M&eacute;dio: o efeito na log&iacute;stica global<\/span><\/a><\/span><\/span><\/span><\/p>\r\n\r\n<p style=\"text-align:justify\"><span style=\"font-size:11pt\"><span style=\"line-height:normal\"><span style=\"font-family:Aptos,sans-serif\"><a href=\"https:\/\/plasticosemrevista.com.br\/india-zera-impostos-de-importacao-para-resinas-commodities\/\" style=\"color:blue; text-decoration:underline\"><span style=\"font-size:14.0pt\">&Iacute;ndia zera impostos de importa&ccedil;&atilde;o para resinas commodities<\/span><\/a><\/span><\/span><\/span><\/p>\r\n\r\n<p style=\"text-align:justify\"><span style=\"font-size:11pt\"><span style=\"line-height:normal\"><span style=\"font-family:Aptos,sans-serif\"><a href=\"https:\/\/www.mercosur.int\/pt-br\/mercosul-terminou-de-aprovar-acordo-com-uniao-europeia\" style=\"color:blue; text-decoration:underline\"><span style=\"font-size:14.0pt\">MERCOSUL terminou de aprovar o acordo com a Uni&atilde;o Europeia<\/span><\/a><\/span><\/span><\/span><\/p>\r\n\r\n<p style=\"text-align:justify\"><span style=\"font-size:11pt\"><span style=\"line-height:normal\"><span style=\"font-family:Aptos,sans-serif\"><a href=\"https:\/\/brasil.mongabay.com\/2026\/04\/acordo-entre-mercosul-e-ue-avanca-mas-acende-alertas-sobre-o-risco-ambiental\/\" style=\"color:blue; text-decoration:underline\"><span style=\"font-size:14.0pt\">Acordo entre Mercosul e UE avan&ccedil;a, mas acende alertas sobre o risco ambiental<\/span><\/a><\/span><\/span><\/span><\/p>\r\n\r\n<p style=\"text-align:justify\"><span style=\"font-size:28pt\"><span style=\"font-family:Aptos,sans-serif\"><span style=\"letter-spacing:-0.5pt\"><b><span style=\"font-size:18.0pt\"><span style=\"font-variant:small-caps\">Economia<\/span><\/span><\/b><\/span><\/span><\/span><\/p>\r\n\r\n<p style=\"text-align:justify\"><span style=\"font-size:11pt\"><span style=\"line-height:normal\"><span style=\"font-family:Aptos,sans-serif\"><a href=\"https:\/\/www.bcb.gov.br\/content\/focus\/focus\/R20260410.pdf\" style=\"color:blue; text-decoration:underline\"><span style=\"font-size:14.0pt\">Focus | Relat&oacute;rio de Mercado<\/span><\/a><\/span><\/span><\/span><\/p>\r\n\r\n<p style=\"text-align:justify\"><span style=\"font-size:11pt\"><span style=\"line-height:normal\"><span style=\"font-family:Aptos,sans-serif\"><a href=\"https:\/\/anba.com.br\/fmi-conflito-deve-afetar-crescimento-economico\/\" style=\"color:blue; text-decoration:underline\"><span style=\"font-size:14.0pt\">FMI: conflito deve afetar crescimento econ&ocirc;mico<\/span><\/a><\/span><\/span><\/span><\/p>\r\n\r\n<p style=\"text-align:justify\"><img src=\"https:\/\/www.abint.org.br\/assets\/img\/editor\/redes-sociais-abint-ctg-cth_20260407191027RiK7i7eslt.jpg\" style=\"width: 700px; height: 280px;\" \/><\/p>\r\n","6":"<p style=\"text-align:justify\"><span style=\"font-size:11pt\"><span style=\"line-height:normal\"><span style=\"font-family:Aptos,sans-serif\"><span style=\"font-size:14.0pt\">Esta &eacute; uma compila&ccedil;&atilde;o das not&iacute;cias mais relevantes para o setor, incluindo informa&ccedil;&otilde;es sobre acordos internacionais, economia brasileira, sustentabilidade e mat&eacute;rias primas, al&eacute;m de novidades do setor de N&atilde;otecidos e Tecidos T&eacute;cnicos.<\/span><\/span><\/span><\/span><\/p>\r\n\r\n<p style=\"text-align:justify\"><span style=\"font-size:28pt\"><span style=\"font-family:Aptos,sans-serif\"><span style=\"letter-spacing:-0.5pt\"><b><span style=\"font-size:18.0pt\"><span style=\"font-variant:small-caps\">O que vem por a&iacute;<\/span><\/span><\/b><\/span><\/span><\/span><\/p>\r\n\r\n<p style=\"text-align:justify\"><img src=\"https:\/\/www.abint.org.br\/assets\/img\/editor\/post-quadrado-curso-naotecido-2026-2_20260326131535BHeNIfVpbl.png\" style=\"width: 500px; height: 500px;\" \/><\/p>\r\n\r\n<p align=\"center\" style=\"text-align:center\"><span style=\"font-size:11pt\"><span style=\"line-height:normal\"><span style=\"font-family:Aptos,sans-serif\"><a href=\"https:\/\/forms.gle\/SMUvLuH5kKYh745eA\" style=\"color:blue; text-decoration:underline\"><b><span style=\"font-size:14.0pt\">Informa&ccedil;&otilde;es e inscri&ccedil;&otilde;es<\/span><\/b><\/a><\/span><\/span><\/span><\/p>\r\n\r\n<p style=\"text-align:justify\"><span style=\"font-size:28pt\"><span style=\"font-family:Aptos,sans-serif\"><span style=\"letter-spacing:-0.5pt\"><b><span style=\"font-size:18.0pt\"><span style=\"font-variant:small-caps\">Not&iacute;cias das Associadas<\/span><\/span><\/b><\/span><\/span><\/span><\/p>\r\n\r\n<p style=\"text-align:justify\"><span style=\"font-size:11pt\"><span style=\"line-height:normal\"><span style=\"font-family:Aptos,sans-serif\"><span style=\"font-size:14.0pt\"><a href=\"https:\/\/www.maua.br\/noticias\/maua-em-foco\/nspi-impulsiona-inovacao-e-formacao-na-maua\/texto\/3?editor_bypass=1&amp;&amp;utm_source=akna&amp;utm_medium=email&amp;utm_campaign=InfoMaua-171-2\" style=\"color:blue; text-decoration:underline\">Mau&aacute; | Mudan&ccedil;as globais redefinem o futuro das carreiras no Brasil<\/a><\/span><\/span><\/span><\/span><\/p>\r\n\r\n<p style=\"text-align:justify\"><span style=\"font-size:11pt\"><span style=\"line-height:normal\"><span style=\"font-family:Aptos,sans-serif\"><b><span style=\"font-size:18.0pt\"><span style=\"font-variant:small-caps\">Eventos<\/span><\/span><\/b><\/span><\/span><\/span><\/p>\r\n\r\n<p style=\"text-align:justify\"><span style=\"font-size:11pt\"><span style=\"line-height:normal\"><span style=\"font-family:Aptos,sans-serif\"><a href=\"https:\/\/app.rdstation.email\/mail\/160beb6a-6c00-4653-ba05-d2c4b78ff465?utm_medium=email&amp;utm_campaign=webinar_lancamento_panora_residuos_texteis&amp;utm_source=RD+Station\" style=\"color:blue; text-decoration:underline\"><b><span style=\"font-size:14.0pt\">Webinar Abit | Projeto Panorama dos Res&iacute;duos T&ecirc;xteis<\/span><\/b><\/a><span style=\"font-size:14.0pt\">, 15 de abril de 20026, 10h &agrave;s 11h, evento virtual<\/span><\/span><\/span><\/span><\/p>\r\n\r\n<p style=\"text-align:justify\"><span style=\"font-size:11pt\"><span style=\"line-height:normal\"><span style=\"font-family:Aptos,sans-serif\"><a href=\"https:\/\/www.sympla.com.br\/evento\/4-edicao-forum-economico-brasil-canada\/3311190#event-location\" style=\"color:blue; text-decoration:underline\"><b><span style=\"font-size:14.0pt\">4&ordf; Edi&ccedil;&atilde;o F&oacute;rum Econ&ocirc;mico Brasil-Canad&aacute;<\/span><\/b><\/a><span style=\"font-size:14.0pt\">, 15 de abril de 2026, 13h &agrave;s18h, evento presencial, Rua do Rocio, 220 Vila Ol&iacute;mpia, S&atilde;o Paulo, SP<\/span><\/span><\/span><\/span><\/p>\r\n\r\n<p style=\"text-align:justify\"><span style=\"font-size:11pt\"><span style=\"line-height:normal\"><span style=\"font-family:Aptos,sans-serif\"><a href=\"https:\/\/forumabre.org.br\/\" style=\"color:blue; text-decoration:underline\"><b><span style=\"font-size:14.0pt\">F&oacute;rum Abre de Sustentabilidade<\/span><\/b><\/a><span style=\"font-size:14.0pt\">, 15 e 16 de abril de 2026, em S&atilde;o Paulo<\/span><\/span><\/span><\/span><\/p>\r\n\r\n<p style=\"text-align:justify\"><span style=\"font-size:11pt\"><span style=\"line-height:normal\"><span style=\"font-family:Aptos,sans-serif\"><a href=\"https:\/\/app.rdstation.email\/mail\/b07f0776-f944-40f1-9356-0fff28bdd622?utm_medium=email&amp;utm_campaign=workshop_gestao_da_nova_nr_1_na_industria_textil_e_de_confeccao&amp;utm_source=RD+Station\" style=\"color:blue; text-decoration:underline\"><b><span style=\"font-size:14.0pt\">Workshop Abit | Gest&atilde;o da nova NR 1 na ind&uacute;stria t&ecirc;xtil e de confec&ccedil;&atilde;o<\/span><\/b><\/a><span style=\"font-size:14.0pt\">, 29 de abril de 2026, 09h30 &agrave;s 11h00, evento virtual<\/span><\/span><\/span><\/span><\/p>\r\n\r\n<p style=\"text-align:justify\"><span style=\"font-size:11pt\"><span style=\"line-height:normal\"><span style=\"font-family:Aptos,sans-serif\"><a href=\"https:\/\/biotexfuture.info\/wp-content\/uploads\/2026\/03\/Agenda_BTF_InnovationDay_Spring_04032026.pdf\" style=\"color:blue; text-decoration:underline\"><b><span lang=\"EN-US\" style=\"font-size:14.0pt\">Innovation Day &ldquo;Harvesting Innovation: Bridging Agriculture and Textiles&rdquo;<\/span><\/b><\/a><span lang=\"EN-US\" style=\"font-size:14.0pt\">, 5 May 2026, 09:30 &ndash; 14:00 CEST (online streaming starts at 10:00), ITA, Otto-Blumenthal-Stra&szlig;e 1, 52074 Aachen or online (link will be provided upon registration)<\/span><\/span><\/span><\/span><\/p>\r\n\r\n<p style=\"text-align:justify\"><span style=\"font-size:11pt\"><span style=\"line-height:normal\"><span style=\"font-family:Aptos,sans-serif\"><a href=\"https:\/\/www.feimec.com.br\/pt\/home.html\" style=\"color:blue; text-decoration:underline\"><b><span style=\"font-size:14.0pt\">FEIMEC - Feira Internacional de M&aacute;quinas e Equipamentos<\/span><\/b><\/a><span style=\"font-size:14.0pt\">, 05 a 09 de maio de 2026, ter&ccedil;a a sexta - 10h &agrave;s 19h | s&aacute;bado - 9h &agrave;s 17h, S&atilde;o Paulo Expo, Rod. dos Imigrantes, KM 1,5<\/span><\/span><\/span><\/span><\/p>\r\n\r\n<p style=\"text-align:justify\"><span style=\"font-size:11pt\"><span style=\"line-height:normal\"><span style=\"font-family:Aptos,sans-serif\"><a href=\"https:\/\/www.sympla.com.br\/evento\/horizons-2026-inovabilidade-em-acao\/3303286?utm_source=emkt&amp;utm_medium=horizons-2026\" style=\"color:blue; text-decoration:underline\"><b><span style=\"font-size:14.0pt\">Horizons 2026 - Inovabilidade em A&ccedil;&atilde;o<\/span><\/b><\/a><span style=\"font-size:14.0pt\">, 06 e 07 de maio de 2026, das 09h &agrave;s 18h, evento presencial em Hub Green Sampa, Centro de Inova&ccedil;&atilde;o Verde Bruno Covas, S&atilde;o Paulo, SP<\/span><\/span><\/span><\/span><\/p>\r\n\r\n<p style=\"text-align:justify\"><span style=\"font-size:11pt\"><span style=\"line-height:normal\"><span style=\"font-family:Aptos,sans-serif\"><a href=\"https:\/\/www.hospitalar.com\/?utm_campaign=BRZ26HPR-MN-CREDENCIAMENTO-ABERTO&amp;utm_emailname=BRZ26HPR-MN-CREDENCIAMENTO-ABERTO-1-Resend&amp;utm_medium=email&amp;utm_source=eloqua&amp;utm_MDMContactID=2bb3d23c-a32f-4218-88d5-29f7fb45caee&amp;utm_campaigntype=Visitor%20Promotion&amp;eM=50c7dfe42c38ea8f10539f0a167fc763253059e495554a32db7a57f8f237ec4c&amp;eventSeriesCode=ES_HOSPITALAR&amp;eventEditionCode=BRZ26HPR&amp;sessionCode=S_EXHB&amp;sp_eh=50c7dfe42c38ea8f10539f0a167fc763253059e495554a32db7a57f8f237ec4c\" style=\"color:blue; text-decoration:underline\"><b><span style=\"font-size:14.0pt\">Hospitalar 2026<\/span><\/b><\/a><span style=\"font-size:14.0pt\">, 19 a 22 de maio, das 11h &agrave;s 20h, S&atilde;o Paulo Expo<\/span><\/span><\/span><\/span><\/p>\r\n\r\n<p style=\"text-align:justify\"><span style=\"font-size:11pt\"><span style=\"line-height:normal\"><span style=\"font-family:Aptos,sans-serif\"><a href=\"https:\/\/www.even3.com.br\/curso-internacional-de-desenvolvimento-profissional-geosynthetic-reinforced-soil-structures-688331\/\" style=\"color:blue; text-decoration:underline\"><b><span lang=\"EN-US\" style=\"font-size:14.0pt\">Professional Development Course &ndash; PDC: &ldquo;Geosynthetic Reinforced Soil Structures&rdquo;<\/span><\/b><\/a><span lang=\"EN-US\" style=\"font-size:14.0pt\">, May 26-28, 2026, 08:30 - 13:00 GMT-3, presential, S&atilde;o Paulo, SP<\/span><\/span><\/span><\/span><\/p>\r\n\r\n<p style=\"text-align:justify\"><img src=\"https:\/\/www.abint.org.br\/assets\/img\/editor\/2026-igs-curso-solos-reforcados_20260407190642UuWNHE97ze.png\" style=\"width: 500px; height: 313px;\" \/><\/p>\r\n\r\n<p style=\"text-align:justify\"><span style=\"font-size:11pt\"><span style=\"line-height:normal\"><span style=\"font-family:Aptos,sans-serif\"><a href=\"https:\/\/credenciamentonexumgroup.lovable.app\/evento\/personal-care-summit-latinoamerica-2026\" style=\"color:blue; text-decoration:underline\"><b><span style=\"font-size:14.0pt\">Personal Care Summit Latinoam&eacute;rica | I<\/span><\/b><b><span style=\"font-size:14.0pt\">nd&uacute;stria 5.0: Tecnologia e Pessoas<\/span><\/b><\/a><span style=\"font-size:14.0pt\">, 09 de junho de 2026, Hotel Pullman, Guarulhos, SP<\/span><\/span><\/span><\/span><\/p>\r\n\r\n<p style=\"text-align:justify\"><span style=\"font-size:11pt\"><span style=\"line-height:normal\"><span style=\"font-family:Aptos,sans-serif\"><a href=\"https:\/\/www.hightex.com.tr\/\" style=\"color:blue; text-decoration:underline\"><b><span lang=\"EN-US\" style=\"font-size:14.0pt\">HIGTEX 2026 &ndash; International Technical Textiles and Nonwoven Exhibition<\/span><\/b><\/a><span lang=\"EN-US\" style=\"font-size:14.0pt\">, June 9&ndash;13, T&Uuml;YAP Fair and Congress Center, \u0130stanbul, T&uuml;rkiye<\/span><\/span><\/span><\/span><\/p>\r\n\r\n<p style=\"text-align:justify\"><span style=\"font-size:11pt\"><span style=\"line-height:normal\"><span style=\"font-family:Aptos,sans-serif\"><a href=\"https:\/\/www.worldofwipes.org\/\" style=\"color:blue; text-decoration:underline\"><b><span lang=\"EN-US\" style=\"font-size:14.0pt\">INDA | WOW - World of Wipes International Conference<\/span><\/b><\/a><span lang=\"EN-US\" style=\"font-size:14.0pt\">, June 29&ndash;July 2, 2026, Grand Hyatt Nashville, Nashville, Tennessee USA<\/span><\/span><\/span><\/span><\/p>\r\n\r\n<p style=\"text-align:justify\"><span style=\"font-size:11pt\"><span style=\"line-height:normal\"><span style=\"font-family:Aptos,sans-serif\"><a href=\"https:\/\/filtech.de\/\" style=\"color:blue; text-decoration:underline\"><b><span style=\"font-size:14.0pt\">Filtech 2026<\/span><\/b><\/a><span style=\"font-size:14.0pt\">, 30 de junho a 2 de julho, Cologne, Alemanha<\/span><\/span><\/span><\/span><\/p>\r\n\r\n<p style=\"text-align:justify\"><span style=\"font-size:11pt\"><span style=\"line-height:normal\"><span style=\"font-family:Aptos,sans-serif\"><a href=\"https:\/\/www.formobile.com.br\/pt\/home.html\" style=\"color:blue; text-decoration:underline\"><b><span style=\"font-size:14.0pt\">ForM&oacute;bile 2026<\/span><\/b><\/a><span style=\"font-size:14.0pt\">, 30 de junho a 3 de julho, S&atilde;o Paulo Expo<\/span><\/span><\/span><\/span><\/p>\r\n\r\n<p style=\"text-align:justify\"><span style=\"font-size:11pt\"><span style=\"line-height:normal\"><span style=\"font-family:Aptos,sans-serif\"><a href=\"https:\/\/sienge.com.br\/construsummit\/\" style=\"color:blue; text-decoration:underline\"><b><span style=\"font-size:14.0pt\">Construsummit<\/span><\/b><\/a><span style=\"font-size:14.0pt\">, 1 e 2 de julho de 2026, Florian&oacute;polis, SC<\/span><\/span><\/span><\/span><\/p>\r\n\r\n<p style=\"text-align:justify\"><span style=\"font-size:11pt\"><span style=\"line-height:normal\"><span style=\"font-family:Aptos,sans-serif\"><a href=\"https:\/\/info.fastmarkets.com\/index.php\/email\/emailWebview?email=OTMwLVlTTi0zNDIAAAGgm9GYB4UXisBYfG6V1YgLbIkX8OtKVxG11VCYMcCYfPs1fCCJJmN773X5IwSwnvWO_PwKa82eHJaJrBpZ4hTGCHcBq8U9L5ysEA\" style=\"color:blue; text-decoration:underline\"><b><span style=\"font-size:14.0pt\">Fastmarkets Forest Products Latin America Conference 2026<\/span><\/b><\/a><span style=\"font-size:14.0pt\">, 10 a 12 de agosto de 2026, S&atilde;o Paulo<\/span><\/span><\/span><\/span><\/p>\r\n\r\n<p style=\"text-align:justify\"><span style=\"font-size:11pt\"><span style=\"line-height:normal\"><span style=\"font-family:Aptos,sans-serif\"><a href=\"https:\/\/feiplar.com\/Presencial\/inicio-2024\/\" style=\"color:blue; text-decoration:underline\"><b><span style=\"font-size:14.0pt\">FEIPLAR &amp; FEIPUR &ndash; Feira e Congresso Internacionais de Materiais Avan&ccedil;ados<\/span><\/b><\/a><span style=\"font-size:14.0pt\">, 25 a 27 de agosto de 2026, S&atilde;o Paulo Expo | Pavilh&atilde;o 5, S&atilde;o Paulo, SP, Brasil<\/span><\/span><\/span><\/span><\/p>\r\n\r\n<p style=\"text-align:justify\"><span style=\"font-size:11pt\"><span style=\"line-height:normal\"><span style=\"font-family:Aptos,sans-serif\"><a href=\"https:\/\/ficons.com.br\/\" style=\"color:blue; text-decoration:underline\"><b><span style=\"font-size:14.0pt\">FICONS - Feira Internacional de Materiais, Equipamentos e Servi&ccedil;os da Constru&ccedil;&atilde;o<\/span><\/b><\/a><span style=\"font-size:14.0pt\">, 15 a 18 de setembro de 2026, Centro de Conven&ccedil;&otilde;es de Pernambuco Recife\/ Olinda<\/span><\/span><\/span><\/span><\/p>\r\n\r\n<p style=\"text-align:justify\"><span style=\"font-size:11pt\"><span style=\"line-height:normal\"><span style=\"font-family:Aptos,sans-serif\"><a href=\"https:\/\/www.edana.org\/events\/outlook\/outlook-2025\" style=\"color:blue; text-decoration:underline\"><b><span style=\"font-size:14.0pt\">OUTLOOK&trade; 2026<\/span><\/b><\/a><span style=\"font-size:14.0pt\">, 22&ndash;24 September, Hotel Miragem, Cascais, Portugal<\/span><\/span><\/span><\/span><\/p>\r\n\r\n<p style=\"text-align:justify\"><span style=\"font-size:11pt\"><span style=\"line-height:normal\"><span style=\"font-family:Aptos,sans-serif\"><a href=\"https:\/\/hospitalmed.com.br\/feira\/\" style=\"color:blue; text-decoration:underline\"><b><span style=\"font-size:14.0pt\">HospitalMed<\/span><\/b><\/a><span style=\"font-size:14.0pt\">, 21 a 23 de outubro de 2026, das 14h &agrave;s 20h, Pernambuco Centro de Conven&ccedil;&otilde;es, Olinda<\/span><\/span><\/span><\/span><\/p>\r\n\r\n<p style=\"text-align:justify\"><span style=\"font-size:11pt\"><span style=\"line-height:normal\"><span style=\"font-family:Aptos,sans-serif\"><a href=\"https:\/\/www.edana.org\/events\/edana-sustainability-forum\" style=\"color:blue; text-decoration:underline\"><b><span lang=\"EN-US\" style=\"font-size:14.0pt\">Sustainability &amp; Policy Forum<\/span><\/b><\/a><span lang=\"EN-US\" style=\"font-size:14.0pt\">, 8&ndash;9 December 2026, Residence Palace in Brussels, Belgium<\/span><\/span><\/span><\/span><\/p>\r\n\r\n<p style=\"text-align:justify\"><span style=\"font-size:11pt\"><span style=\"line-height:normal\"><span style=\"font-family:Aptos,sans-serif\"><a href=\"https:\/\/infrane.com.br\/\" style=\"color:blue; text-decoration:underline\"><b><span style=\"font-size:14.0pt\">Infra NE<\/span><\/b><\/a><span style=\"font-size:14.0pt\">, 03 a 05 de mar&ccedil;o de 2027, Centro de Conven&ccedil;&otilde;es Salvador<\/span><\/span><\/span><\/span><\/p>\r\n\r\n<p style=\"text-align:justify\"><span style=\"font-size:28pt\"><span style=\"font-family:Aptos,sans-serif\"><span style=\"letter-spacing:-0.5pt\"><b><span lang=\"EN-US\" style=\"font-size:18.0pt\"><span style=\"font-variant:small-caps\">Setor<\/span><\/span><\/b><\/span><\/span><\/span><\/p>\r\n\r\n<p style=\"text-align:justify\"><span style=\"font-size:11pt\"><span style=\"line-height:normal\"><span style=\"font-family:Aptos,sans-serif\"><a href=\"https:\/\/www.nonwovens-industry.com\/breaking-news\/edana-announces-european-nonwovens-statistics\/?utm_campaign=NON%20eNewsletter&amp;utm_medium=email&amp;_hsenc=p2ANqtz-9qdNjaK6F7aLly-SIJLBk6SsBgevbCst-Ng-2NgNvcm8BE7wqScjSDjzrBCPLghx8mDExkQTlRGGIAVKL8tICWi2FLfQ&amp;_hsmi=413003414&amp;utm_content=413003414&amp;utm_source=hs_email\" style=\"color:blue; text-decoration:underline\"><span lang=\"EN-US\" style=\"font-size:14.0pt\">EDANA Announces European Nonwovens Statistics<\/span><\/a><\/span><\/span><\/span><\/p>\r\n\r\n<p style=\"text-align:justify\"><span style=\"font-size:11pt\"><span style=\"line-height:normal\"><span style=\"font-family:Aptos,sans-serif\"><a href=\"https:\/\/www.nonwovens-industry.com\/identity-in-crisis-the-next-frontier-for-wipes\/?utm_campaign=NON%20Issue%20Alert&amp;utm_medium=email&amp;_hsenc=p2ANqtz-_RX5AE0UsPmL3X-PRMjSHhtUF9S0tEQaeixh9DAtCEA6ga5DjOwTX9IJ4eGBjMVBqvrCqiQGE-RZPJVpynn5AL8oQIdQ&amp;_hsmi=413194597&amp;utm_content=413194597&amp;utm_source=hs_email\" style=\"color:blue; text-decoration:underline\"><span lang=\"EN-US\" style=\"font-size:14.0pt\">Identity in Crisis&mdash;The Next Frontier for Wipes<\/span><\/a><\/span><\/span><\/span><\/p>\r\n\r\n<p style=\"text-align:justify\"><span style=\"font-size:11pt\"><span style=\"line-height:normal\"><span style=\"font-family:Aptos,sans-serif\"><a href=\"https:\/\/www.nonwovens-industry.com\/wipes-with-benefits\/?utm_campaign=NON%20Issue%20Alert&amp;utm_medium=email&amp;_hsenc=p2ANqtz-_ayJoBUOrEZie_HDQI8DdkC2ChcoM61Q-WCWWP2vhmuKunVdvOclGGKBcVucyRPuYaXtJIG8eMYKzcGmVEcCJRfAYnAA&amp;_hsmi=413194597&amp;utm_content=413194597&amp;utm_source=hs_email\" style=\"color:blue; text-decoration:underline\"><span lang=\"EN-US\" style=\"font-size:14.0pt\">Wipes With Benefits<\/span><\/a><\/span><\/span><\/span><\/p>\r\n\r\n<p style=\"text-align:justify\"><span style=\"font-size:11pt\"><span style=\"line-height:normal\"><span style=\"font-family:Aptos,sans-serif\"><a href=\"https:\/\/www.nonwovens-industry.com\/exclusives\/independent-diaper-brands-accelerate-growth\/\" style=\"color:blue; text-decoration:underline\"><span lang=\"EN-US\" style=\"font-size:14.0pt\">Independent Diaper Brands Accelerate Growth<\/span><\/a><\/span><\/span><\/span><\/p>\r\n\r\n<p style=\"text-align:justify\"><span style=\"font-size:11pt\"><span style=\"line-height:normal\"><span style=\"font-family:Aptos,sans-serif\"><a href=\"https:\/\/plasticosemrevista.com.br\/braskem-mercado-adverso-e-dividas-vergaram-balanco-de-2025\/\" style=\"color:blue; text-decoration:underline\"><span style=\"font-size:14.0pt\">Braskem: mercado adverso e d&iacute;vidas vergaram balan&ccedil;o de 2025<\/span><\/a><\/span><\/span><\/span><\/p>\r\n\r\n<p style=\"text-align:justify\"><span style=\"font-size:11pt\"><span style=\"line-height:normal\"><span style=\"font-family:Aptos,sans-serif\"><a href=\"https:\/\/plasticosemrevista.com.br\/petroquimicos-precos-em-marco-batem-recorde-de-aumento-mensal\/\" style=\"color:blue; text-decoration:underline\"><span style=\"font-size:14.0pt\">Petroqu&iacute;micos: pre&ccedil;os em mar&ccedil;o batem recorde de aumento mensal<\/span><\/a><\/span><\/span><\/span><\/p>\r\n\r\n<p style=\"text-align:justify\"><span style=\"font-size:11pt\"><span style=\"line-height:normal\"><span style=\"font-family:Aptos,sans-serif\"><span style=\"font-size:14.0pt\"><a href=\"https:\/\/plasticosemrevista.com.br\/pesquisa-de-opiniao-33\/\" style=\"color:blue; text-decoration:underline\">Pesquisa de opini&atilde;o: considerando-se a disparada nos pre&ccedil;os do petr&oacute;leo\/mat&eacute;rias-primas e gargalos log&iacute;sticos no suprimento, causados pela Guerra no Ir&atilde;, e tendo em conta as limitadas margens e juros elevados para as empresas, qual estrat&eacute;gia b&aacute;sica voc&ecirc; acha mais adequada para uma ind&uacute;stria transformadora de pl&aacute;stico seguir ativa e oferecendo m&iacute;nimo retorno?<\/a><\/span><\/span><\/span><\/span><\/p>\r\n\r\n<p style=\"text-align:justify\"><span style=\"font-size:11pt\"><span style=\"line-height:normal\"><span style=\"font-family:Aptos,sans-serif\"><a href=\"https:\/\/www.gov.br\/anvisa\/pt-br\/assuntos\/noticias-anvisa\/2026\/anvisa-publica-painel-de-acompanhamento-da-agenda-regulatoria-2026-2027?utm_medium=email&amp;utm_campaign=diario_da_saude_mn__31032026&amp;utm_source=RD+Station\" style=\"color:blue; text-decoration:underline\"><span style=\"font-size:14.0pt\">Anvisa publica painel de acompanhamento da Agenda Regulat&oacute;ria 2026-2027<\/span><\/a><\/span><\/span><\/span><\/p>\r\n\r\n<p style=\"text-align:justify\"><span style=\"font-size:11pt\"><span style=\"line-height:normal\"><span style=\"font-family:Aptos,sans-serif\"><a href=\"https:\/\/www.gov.br\/anvisa\/pt-br\/assuntos\/noticias-anvisa\/2026\/entra-em-operacao-sistema-que-traz-mais-seguranca-para-dispositivos-medicos-no-brasil?utm_medium=email&amp;utm_campaign=diario_da_saude_mn__03032026&amp;utm_source=RD+Station\" style=\"color:blue; text-decoration:underline\"><span style=\"font-size:14.0pt\">Entra em opera&ccedil;&atilde;o sistema que traz mais seguran&ccedil;a para dispositivos m&eacute;dicos no Brasil<\/span><\/a><\/span><\/span><\/span><\/p>\r\n\r\n<p style=\"text-align:justify\"><span style=\"font-size:11pt\"><span style=\"line-height:normal\"><span style=\"font-family:Aptos,sans-serif\"><a href=\"https:\/\/www.meiofiltrante.com.br\/Noticia\/132548\/qualidade-do-ar-interno-ganha-importancia-e-passa-a-influenciar-bem-estar-rendimento-e-qualidade-de-vida\" style=\"color:blue; text-decoration:underline\"><span style=\"font-size:14.0pt\">Filtra&ccedil;&atilde;o: qualidade do ar interno ganha import&acirc;ncia e passa a influenciar bem-estar, rendimento e qualidade de vida<\/span><\/a><\/span><\/span><\/span><\/p>\r\n\r\n<p style=\"text-align:justify\"><span style=\"font-size:11pt\"><span style=\"line-height:normal\"><span style=\"font-family:Aptos,sans-serif\"><a href=\"https:\/\/www.meiofiltrante.com.br\/Noticia\/132540\/a-filtragem-de-ar-em-hospitais-e-clinicas-passou-a-ocupar-um-papel-ainda-mais-estrategico-nos-ultimos-anos\" style=\"color:blue; text-decoration:underline\"><span style=\"font-size:14.0pt\">A filtragem de ar em hospitais e cl&iacute;nicas passou a ocupar um papel ainda mais estrat&eacute;gico nos &uacute;ltimos anos<\/span><\/a><\/span><\/span><\/span><\/p>\r\n\r\n<p style=\"text-align:justify\"><span style=\"font-size:11pt\"><span style=\"line-height:normal\"><span style=\"font-family:Aptos,sans-serif\"><a href=\"https:\/\/www.moveisdevalor.com.br\/portal\/industria-colchoeira-enfrenta-pressao-global-e-incerteza-1?source=news\" style=\"color:blue; text-decoration:underline\"><span style=\"font-size:14.0pt\">Ind&uacute;stria colchoeira enfrenta press&atilde;o global e incerteza<\/span><\/a><\/span><\/span><\/span><\/p>\r\n\r\n<p style=\"text-align:justify\"><span style=\"font-size:11pt\"><span style=\"line-height:normal\"><span style=\"font-family:Aptos,sans-serif\"><a href=\"https:\/\/plasticosulamerica.com\/setor-de-embalagens-pet-consolida-crescimento-e-busca-novos-mercados\/\" style=\"color:blue; text-decoration:underline\"><span style=\"font-size:14.0pt\">Setor de embalagens PET consolida crescimento e busca novos mercados<\/span><\/a><\/span><\/span><\/span><\/p>\r\n\r\n<p style=\"text-align:justify\"><span style=\"font-size:11pt\"><span style=\"line-height:normal\"><span style=\"font-family:Aptos,sans-serif\"><a href=\"https:\/\/www.abit.org.br\/noticias\/karsten-inaugura-no-paraguai-primeira-unidade-fabril-fora-do-brasil?utm_medium=email&amp;utm_campaign=130426_abit_informa_-_base_rd&amp;utm_source=RD+Station\" style=\"color:blue; text-decoration:underline\"><span style=\"font-size:14.0pt\">Karsten inaugura no Paraguai primeira unidade fabril fora do Brasil<\/span><\/a><\/span><\/span><\/span><\/p>\r\n\r\n<p style=\"text-align:justify\"><span style=\"font-size:28pt\"><span style=\"font-family:Aptos,sans-serif\"><span style=\"letter-spacing:-0.5pt\"><b><span style=\"font-size:18.0pt\"><span style=\"font-variant:small-caps\">Ind&uacute;stria<\/span><\/span><\/b><\/span><\/span><\/span><\/p>\r\n\r\n<p style=\"text-align:justify\"><span style=\"font-size:11pt\"><span style=\"line-height:normal\"><span style=\"font-family:Aptos,sans-serif\"><a href=\"https:\/\/noticias.portaldaindustria.com.br\/noticias\/institucional\/cni-e-mais-de-800-entidades-assinam-manifesto-contra-mudancas-na-jornada-de-trabalho\/\" style=\"color:blue; text-decoration:underline\"><span style=\"font-size:14.0pt\">CNI e mais de 800 entidades assinam manifesto contra mudan&ccedil;as na jornada de trabalho<\/span><\/a><\/span><\/span><\/span><\/p>\r\n\r\n<p style=\"text-align:justify\"><span style=\"font-size:11pt\"><span style=\"line-height:normal\"><span style=\"font-family:Aptos,sans-serif\"><a href=\"https:\/\/www.infrafm.com.br\/Textos\/0\/24586\/Falta-de-mao-de-obra-atinge-416-das-construtoras-e-expoe-novo-risco-nas-obras#:~:text=Segundo%20a%20sondagem%20da%20constru%C3%A7%C3%A3o,dia%20a%20dia%20dos%20canteiros.\" style=\"color:blue; text-decoration:underline\"><span style=\"font-size:14.0pt\">Falta de m&atilde;o de obra atinge 41,6% das construtoras e exp&otilde;e novo risco nas obras<\/span><\/a><\/span><\/span><\/span><\/p>\r\n\r\n<p style=\"text-align:justify\"><span style=\"font-size:11pt\"><span style=\"line-height:normal\"><span style=\"font-family:Aptos,sans-serif\"><a href=\"https:\/\/noticias.portaldaindustria.com.br\/noticias\/economia\/faturamento-da-industria-cresce-49-em-fevereiro-aponta-cni\/\" style=\"color:blue; text-decoration:underline\"><span style=\"font-size:14.0pt\">Faturamento da ind&uacute;stria cresce 4,9% em fevereiro, aponta CNI<\/span><\/a><\/span><\/span><\/span><\/p>\r\n\r\n<p style=\"text-align:justify\"><span style=\"font-size:11pt\"><span style=\"line-height:normal\"><span style=\"font-family:Aptos,sans-serif\"><a href=\"https:\/\/exclusivo.com.br\/negocios\/conflito-no-oriente-medio-reflete-na-industria-de-base-do-couro-e-do-calcado\/\" style=\"color:blue; text-decoration:underline\"><span style=\"font-size:14.0pt\">Conflito no Oriente M&eacute;dio reflete na ind&uacute;stria de base do couro e do cal&ccedil;ado<\/span><\/a><\/span><\/span><\/span><\/p>\r\n\r\n<p style=\"text-align:justify\"><span style=\"font-size:11pt\"><span style=\"line-height:normal\"><span style=\"font-family:Aptos,sans-serif\"><a href=\"file:\/\/\/C:\/Users\/Cristiane\/AppData\/Local\/Packages\/5319275A.WhatsAppDesktop_cv1g1gvanyjgm\/LocalState\/sessions\/39231B6AC0EB8CC5DBD3C9FB220571EF4A42FF8E\/transfers\/2026-15\/Produ\u00e7\u00e3o%20de%20ve\u00edculos%20em%20mar\u00e7o%20\u00e9%20a%20melhor%20desde%202019,%20diz%20Anfavea\" style=\"color:blue; text-decoration:underline\"><span style=\"font-size:14.0pt\">Produ&ccedil;&atilde;o de ve&iacute;culos em mar&ccedil;o &eacute; a melhor desde 2019, diz Anfavea<\/span><\/a><\/span><\/span><\/span><\/p>\r\n\r\n<p style=\"text-align:justify\"><span style=\"font-size:28pt\"><span style=\"font-family:Aptos,sans-serif\"><span style=\"letter-spacing:-0.5pt\"><b><span style=\"font-size:18.0pt\"><span style=\"font-variant:small-caps\">Sustentabilidade<\/span><\/span><\/b><\/span><\/span><\/span><\/p>\r\n\r\n<p style=\"text-align:justify\"><span style=\"font-size:11pt\"><span style=\"line-height:normal\"><span style=\"font-family:Aptos,sans-serif\"><a href=\"https:\/\/www.contabeis.com.br\/noticias\/76039\/incentivos-fiscais-impulsionam-setor-de-reciclagem-no-brasil\/\" style=\"color:blue; text-decoration:underline\"><span style=\"font-size:14.0pt\">Incentivos fiscais impulsionam setor de reciclagem no Brasil<\/span><\/a><\/span><\/span><\/span><\/p>\r\n\r\n<p style=\"text-align:justify\"><span style=\"font-size:11pt\"><span style=\"line-height:normal\"><span style=\"font-family:Aptos,sans-serif\"><a href=\"https:\/\/www.nonwovens-industry.com\/u-k-moves-forward-with-plastic-wipes-ban\/?utm_campaign=NON%20Issue%20Alert&amp;utm_medium=email&amp;_hsenc=p2ANqtz-8hIsnklK6D-QH6m2UxsJGC6z2CKJE82eAcMoufzIhTQRS755i-HVuq4dUhDu4WsmmujzwN8oEKmh26hTi8Anw9CdqHvg&amp;_hsmi=413194597&amp;utm_content=413194597&amp;utm_source=hs_email\" style=\"color:blue; text-decoration:underline\"><span lang=\"EN-US\" style=\"font-size:14.0pt\">U.K. Moves Forward With Plastic Wipes Ban<\/span><\/a><\/span><\/span><\/span><\/p>\r\n\r\n<p style=\"text-align:justify\"><span style=\"font-size:11pt\"><span style=\"line-height:normal\"><span style=\"font-family:Aptos,sans-serif\"><a href=\"https:\/\/noticias.portaldaindustria.com.br\/noticias\/sesi-lab\/sesi-lab-e-movimento-plastico-transforma-lancam-atividades-ineditas\/\" style=\"color:blue; text-decoration:underline\"><span style=\"font-size:14.0pt\">SESI Lab e Movimento Pl&aacute;stico Transforma lan&ccedil;am atividades in&eacute;ditas<\/span><\/a><\/span><\/span><\/span><\/p>\r\n\r\n<p style=\"text-align:justify\"><span style=\"font-size:11pt\"><span style=\"line-height:normal\"><span style=\"font-family:Aptos,sans-serif\"><a href=\"https:\/\/clickpetroleoegas.com.br\/fabrica-produz-cadeiras-de-plastico-resistentes-usando-sacolas-plasticas-transforma-lixo-em-moveis-que-duram-e-processo-industrial-mostra-eficiencia-e-sustentabilidade-fcmo87\/\" style=\"color:blue; text-decoration:underline\"><span style=\"font-size:14.0pt\">F&aacute;brica produz cadeiras de pl&aacute;stico resistentes usando sacolas pl&aacute;sticas, transforma lixo em m&oacute;veis que duram e processo industrial mostra efici&ecirc;ncia e sustentabilidade<\/span><\/a><\/span><\/span><\/span><\/p>\r\n\r\n<p style=\"text-align:justify\"><span style=\"font-size:11pt\"><span style=\"line-height:normal\"><span style=\"font-family:Aptos,sans-serif\"><a href=\"https:\/\/olhardigital.com.br\/2026\/04\/11\/curiosidades\/empreendedor-transforma-142-toneladas-de-plastico-em-azulejos-reduzindo-emissoes-e-gerando-empregos-locais\/\" style=\"color:blue; text-decoration:underline\"><span style=\"font-size:14.0pt\">Empreendedor transforma 142 toneladas de pl&aacute;stico em azulejos, reduzindo emiss&otilde;es e gerando empregos locais<\/span><\/a><\/span><\/span><\/span><\/p>\r\n\r\n<p style=\"text-align:justify\"><span style=\"font-size:28pt\"><span style=\"font-family:Aptos,sans-serif\"><span style=\"letter-spacing:-0.5pt\"><b><span style=\"font-size:18.0pt\"><span style=\"font-variant:small-caps\">Inova&ccedil;&atilde;o<\/span><\/span><\/b><\/span><\/span><\/span><\/p>\r\n\r\n<p style=\"text-align:justify\"><span style=\"font-size:11pt\"><span style=\"line-height:normal\"><span style=\"font-family:Aptos,sans-serif\"><a href=\"https:\/\/noticias.portaldaindustria.com.br\/noticias\/politica-industrial\/saiba-como-as-empresas-do-pais-aproveitam-a-lei-do-bem-para-inovar\/\" style=\"color:blue; text-decoration:underline\"><span style=\"font-size:14.0pt\">Saiba como as empresas do pa&iacute;s aproveitam a Lei do Bem para inovar<\/span><\/a><\/span><\/span><\/span><\/p>\r\n\r\n<p style=\"text-align:justify\"><span style=\"font-size:11pt\"><span style=\"line-height:normal\"><span style=\"font-family:Aptos,sans-serif\"><a href=\"https:\/\/www.inovacaotecnologica.com.br\/noticias\/noticia.php?artigo=revestimento-tecido-fototermico&amp;id=010125260414&amp;ebol=sim\" style=\"color:blue; text-decoration:underline\"><span style=\"font-size:14.0pt\">Revestimento de tecido mant&eacute;m calor interno sem gastar energia<\/span><\/a><\/span><\/span><\/span><\/p>\r\n\r\n<p style=\"text-align:justify\"><span style=\"font-size:11pt\"><span style=\"line-height:normal\"><span style=\"font-family:Aptos,sans-serif\"><a href=\"https:\/\/www.inovacaotecnologica.com.br\/noticias\/noticia.php?artigo=como-lavar-roupas-sem-sabao&amp;id=010160260410&amp;ebol=sim\" style=\"color:blue; text-decoration:underline\"><span style=\"font-size:14.0pt\">Tecido autolimpante dispensa detergente na lavagem de roupas<\/span><\/a><\/span><\/span><\/span><\/p>\r\n\r\n<p style=\"text-align:justify\"><span style=\"font-size:11pt\"><span style=\"line-height:normal\"><span style=\"font-family:Aptos,sans-serif\"><a href=\"https:\/\/www.ufmg.br\/comunicacao\/noticias\/pesquisa-e-inovacao\/ctnano-desenvolve-tecnologia-para-mitigar-dano-ambiental-causado-por-descarte-de-plasticos-no-semiarido\/\" style=\"color:blue; text-decoration:underline\"><span style=\"font-size:14.0pt\">CTNano desenvolve tecnologia para mitigar dano ambiental causado por descarte de pl&aacute;sticos no semi&aacute;rido<\/span><\/a><\/span><\/span><\/span><\/p>\r\n\r\n<p style=\"text-align:justify\"><span style=\"font-size:28pt\"><span style=\"font-family:Aptos,sans-serif\"><span style=\"letter-spacing:-0.5pt\"><b><span style=\"font-size:18.0pt\"><span style=\"font-variant:small-caps\">Com&eacute;rcio Exterior<\/span><\/span><\/b><\/span><\/span><\/span><\/p>\r\n\r\n<p style=\"text-align:justify\"><span style=\"font-size:11pt\"><span style=\"line-height:normal\"><span style=\"font-family:Aptos,sans-serif\"><a href=\"https:\/\/grandesconstrucoes.com.br\/Noticias\/Exibir\/guerra-no-oriente-medio-o-efeito-na-logistica-global\" style=\"color:blue; text-decoration:underline\"><span style=\"font-size:14.0pt\">Guerra no Oriente M&eacute;dio: o efeito na log&iacute;stica global<\/span><\/a><\/span><\/span><\/span><\/p>\r\n\r\n<p style=\"text-align:justify\"><span style=\"font-size:11pt\"><span style=\"line-height:normal\"><span style=\"font-family:Aptos,sans-serif\"><a href=\"https:\/\/plasticosemrevista.com.br\/india-zera-impostos-de-importacao-para-resinas-commodities\/\" style=\"color:blue; text-decoration:underline\"><span style=\"font-size:14.0pt\">&Iacute;ndia zera impostos de importa&ccedil;&atilde;o para resinas commodities<\/span><\/a><\/span><\/span><\/span><\/p>\r\n\r\n<p style=\"text-align:justify\"><span style=\"font-size:11pt\"><span style=\"line-height:normal\"><span style=\"font-family:Aptos,sans-serif\"><a href=\"https:\/\/www.mercosur.int\/pt-br\/mercosul-terminou-de-aprovar-acordo-com-uniao-europeia\" style=\"color:blue; text-decoration:underline\"><span style=\"font-size:14.0pt\">MERCOSUL terminou de aprovar o acordo com a Uni&atilde;o Europeia<\/span><\/a><\/span><\/span><\/span><\/p>\r\n\r\n<p style=\"text-align:justify\"><span style=\"font-size:11pt\"><span style=\"line-height:normal\"><span style=\"font-family:Aptos,sans-serif\"><a href=\"https:\/\/brasil.mongabay.com\/2026\/04\/acordo-entre-mercosul-e-ue-avanca-mas-acende-alertas-sobre-o-risco-ambiental\/\" style=\"color:blue; text-decoration:underline\"><span style=\"font-size:14.0pt\">Acordo entre Mercosul e UE avan&ccedil;a, mas acende alertas sobre o risco ambiental<\/span><\/a><\/span><\/span><\/span><\/p>\r\n\r\n<p style=\"text-align:justify\"><span style=\"font-size:28pt\"><span style=\"font-family:Aptos,sans-serif\"><span style=\"letter-spacing:-0.5pt\"><b><span style=\"font-size:18.0pt\"><span style=\"font-variant:small-caps\">Economia<\/span><\/span><\/b><\/span><\/span><\/span><\/p>\r\n\r\n<p style=\"text-align:justify\"><span style=\"font-size:11pt\"><span style=\"line-height:normal\"><span style=\"font-family:Aptos,sans-serif\"><a href=\"https:\/\/www.bcb.gov.br\/content\/focus\/focus\/R20260410.pdf\" style=\"color:blue; text-decoration:underline\"><span style=\"font-size:14.0pt\">Focus | Relat&oacute;rio de Mercado<\/span><\/a><\/span><\/span><\/span><\/p>\r\n\r\n<p style=\"text-align:justify\"><span style=\"font-size:11pt\"><span style=\"line-height:normal\"><span style=\"font-family:Aptos,sans-serif\"><a href=\"https:\/\/anba.com.br\/fmi-conflito-deve-afetar-crescimento-economico\/\" style=\"color:blue; text-decoration:underline\"><span style=\"font-size:14.0pt\">FMI: conflito deve afetar crescimento econ&ocirc;mico<\/span><\/a><\/span><\/span><\/span><\/p>\r\n\r\n<p style=\"text-align:justify\"><img src=\"https:\/\/www.abint.org.br\/assets\/img\/editor\/redes-sociais-abint-ctg-cth_20260407191027RiK7i7eslt.jpg\" style=\"width: 700px; height: 280px;\" \/><\/p>\r\n","texto_en":"","7":"","imagem":"COMP_capa-2026-site-boletim-abint-noticias-semanis_20260414174534dHECy65YSM.jpg","8":"COMP_capa-2026-site-boletim-abint-noticias-semanis_20260414174534dHECy65YSM.jpg","arquivo":"20260414-BOLETIM-ABINT-DE-NOTICIAS-SEMANAIS.PDF","9":"20260414-BOLETIM-ABINT-DE-NOTICIAS-SEMANAIS.PDF","titulo_arquivo":"20260414 Boletim ABINT de Not\u00edcias Semanais","10":"20260414 Boletim ABINT de Not\u00edcias Semanais","titulo_arquivo_en":"","11":"","created_at":"2026-04-14 17:45:43","12":"2026-04-14 17:45:43","updated_at":"2026-04-14 17:45:43","13":"2026-04-14 17:45:43"},{"id":226,"0":226,"ordem":0,"1":0,"data":"2026-04-07","2":"2026-04-07","slug":"boletim-abint-de-noticias-semanais-121","3":"boletim-abint-de-noticias-semanais-121","titulo":"Boletim ABINT de Not\u00edcias Semanais","4":"Boletim ABINT de Not\u00edcias Semanais","titulo_en":"","5":"","texto":"<p style=\"text-align:justify\"><span style=\"font-size:11pt\"><span style=\"line-height:normal\"><span style=\"font-family:Aptos,sans-serif\"><span style=\"font-size:14.0pt\">Esta &eacute; uma compila&ccedil;&atilde;o das not&iacute;cias mais relevantes para o setor, incluindo informa&ccedil;&otilde;es sobre acordos internacionais, economia brasileira, sustentabilidade e mat&eacute;rias primas, al&eacute;m de novidades do setor de N&atilde;otecidos e Tecidos T&eacute;cnicos.<\/span><\/span><\/span><\/span><\/p>\r\n\r\n<p style=\"text-align:justify\"><span style=\"font-size:28pt\"><span style=\"font-family:Aptos,sans-serif\"><span style=\"letter-spacing:-0.5pt\"><b><span style=\"font-size:18.0pt\"><span style=\"font-variant:small-caps\">O que vem por a&iacute;<\/span><\/span><\/b><\/span><\/span><\/span><\/p>\r\n\r\n<p style=\"text-align:justify\"><img src=\"https:\/\/www.abint.org.br\/assets\/img\/editor\/post-quadrado-curso-naotecido-2026-2_20260326131535BHeNIfVpbl.png\" style=\"width: 700px; height: 700px;\" \/><\/p>\r\n\r\n<p style=\"text-align:justify\"><span style=\"font-size:11pt\"><span style=\"line-height:normal\"><span style=\"font-family:Aptos,sans-serif\"><a href=\"https:\/\/forms.gle\/SMUvLuH5kKYh745eA\" style=\"color:blue; text-decoration:underline\"><b><span style=\"font-size:14.0pt\">Informa&ccedil;&otilde;es e inscri&ccedil;&otilde;es<\/span><\/b><\/a><\/span><\/span><\/span><\/p>\r\n\r\n<p style=\"text-align:justify\"><span style=\"font-size:28pt\"><span style=\"font-family:Aptos,sans-serif\"><span style=\"letter-spacing:-0.5pt\"><b><span style=\"font-size:18.0pt\"><span style=\"font-variant:small-caps\">Not&iacute;cias das Associadas<\/span><\/span><\/b><\/span><\/span><\/span><\/p>\r\n\r\n<p style=\"text-align:justify\"><span style=\"font-size:11pt\"><span style=\"line-height:normal\"><span style=\"font-family:Aptos,sans-serif\"><a href=\"https:\/\/abctecnologias.com.br\/novidades\/abc-tecnologias-apoiou-curso-brasileiro-instalacao-geomembranas\" style=\"color:blue; text-decoration:underline\"><span style=\"font-size:14.0pt\">ABC Tecnologias Apoiou o Curso Brasileiro de Instala&ccedil;&atilde;o de Geomembranas<\/span><\/a><\/span><\/span><\/span><\/p>\r\n\r\n<p style=\"text-align:justify\"><span style=\"font-size:11pt\"><span style=\"line-height:normal\"><span style=\"font-family:Aptos,sans-serif\"><a href=\"https:\/\/www.nonwovens-industry.com\/library\/from-field-to-sustainable-products\/?utm_campaign=NON%20eNewsletter&amp;utm_medium=email&amp;_hsenc=p2ANqtz-9elaud2UAoVOay1JKRIuNRLR2nSdXXOosMEty9Q3BxCJWcJfL2ZIY7zhV3CDnFHxGThAjuodK_JsIiyZ0BgpB0fr-QHQ&amp;_hsmi=412001068&amp;utm_content=412001068&amp;utm_source=hs_email\" style=\"color:blue; text-decoration:underline\"><span lang=\"EN-US\" style=\"font-size:14.0pt\">Andritz | The airlay technology &ndash; from high-performance fibers to technical nonwovens<\/span><\/a><\/span><\/span><\/span><\/p>\r\n\r\n<p style=\"text-align:justify\"><span style=\"font-size:11pt\"><span style=\"line-height:normal\"><span style=\"font-family:Aptos,sans-serif\"><b><span style=\"font-size:18.0pt\"><span style=\"font-variant:small-caps\">Eventos<\/span><\/span><\/b><\/span><\/span><\/span><\/p>\r\n\r\n<p style=\"text-align:justify\"><span style=\"font-size:11pt\"><span style=\"line-height:normal\"><span style=\"font-family:Aptos,sans-serif\"><a href=\"https:\/\/app.rdstation.email\/mail\/160beb6a-6c00-4653-ba05-d2c4b78ff465?utm_medium=email&amp;utm_campaign=webinar_lancamento_panora_residuos_texteis&amp;utm_source=RD+Station\" style=\"color:blue; text-decoration:underline\"><b><span style=\"font-size:14.0pt\">Webinar Abit | Projeto Panorama dos Res&iacute;duos T&ecirc;xteis<\/span><\/b><\/a><span style=\"font-size:14.0pt\">, 15 de abril de 20026, 10h &agrave;s 11h, evento virtual<\/span><\/span><\/span><\/span><\/p>\r\n\r\n<p style=\"text-align:justify\"><span style=\"font-size:11pt\"><span style=\"line-height:normal\"><span style=\"font-family:Aptos,sans-serif\"><a href=\"https:\/\/www.sympla.com.br\/evento\/4-edicao-forum-economico-brasil-canada\/3311190#event-location\" style=\"color:blue; text-decoration:underline\"><b><span style=\"font-size:14.0pt\">4&ordf; Edi&ccedil;&atilde;o F&oacute;rum Econ&ocirc;mico Brasil-Canad&aacute;<\/span><\/b><\/a><span style=\"font-size:14.0pt\">, 15 de abril de 2026, 13h &agrave;s18h, evento presencial, Rua do Rocio, 220 Vila Ol&iacute;mpia, S&atilde;o Paulo, SP<\/span><\/span><\/span><\/span><\/p>\r\n\r\n<p style=\"text-align:justify\"><span style=\"font-size:11pt\"><span style=\"line-height:normal\"><span style=\"font-family:Aptos,sans-serif\"><a href=\"https:\/\/forumabre.org.br\/\" style=\"color:blue; text-decoration:underline\"><b><span style=\"font-size:14.0pt\">F&oacute;rum Abre de Sustentabilidade<\/span><\/b><\/a><span style=\"font-size:14.0pt\">, 15 e 16 de abril de 2026, em S&atilde;o Paulo<\/span><\/span><\/span><\/span><\/p>\r\n\r\n<p style=\"text-align:justify\"><span style=\"font-size:11pt\"><span style=\"line-height:normal\"><span style=\"font-family:Aptos,sans-serif\"><a href=\"https:\/\/app.rdstation.email\/mail\/b07f0776-f944-40f1-9356-0fff28bdd622?utm_medium=email&amp;utm_campaign=workshop_gestao_da_nova_nr_1_na_industria_textil_e_de_confeccao&amp;utm_source=RD+Station\" style=\"color:blue; text-decoration:underline\"><b><span style=\"font-size:14.0pt\">Workshop Abit | Gest&atilde;o da nova NR 1 na ind&uacute;stria t&ecirc;xtil e de confec&ccedil;&atilde;o<\/span><\/b><\/a><span style=\"font-size:14.0pt\">, 29 de abril de 2026, 09h30 &agrave;s 11h00, evento virtual<\/span><\/span><\/span><\/span><\/p>\r\n\r\n<p style=\"text-align:justify\"><span style=\"font-size:11pt\"><span style=\"line-height:normal\"><span style=\"font-family:Aptos,sans-serif\"><a href=\"https:\/\/biotexfuture.info\/wp-content\/uploads\/2026\/03\/Agenda_BTF_InnovationDay_Spring_04032026.pdf\" style=\"color:blue; text-decoration:underline\"><b><span lang=\"EN-US\" style=\"font-size:14.0pt\">Innovation Day &ldquo;Harvesting Innovation: Bridging Agriculture and Textiles&rdquo;<\/span><\/b><\/a><span lang=\"EN-US\" style=\"font-size:14.0pt\">, 5 May 2026, 09:30 &ndash; 14:00 CEST (online streaming starts at 10:00), ITA, Otto-Blumenthal-Stra&szlig;e 1, 52074 Aachen or online (link will be provided upon registration)<\/span><\/span><\/span><\/span><\/p>\r\n\r\n<p style=\"text-align:justify\"><span style=\"font-size:11pt\"><span style=\"line-height:normal\"><span style=\"font-family:Aptos,sans-serif\"><a href=\"https:\/\/www.feimec.com.br\/pt\/home.html\" style=\"color:blue; text-decoration:underline\"><b><span style=\"font-size:14.0pt\">FEIMEC - Feira Internacional de M&aacute;quinas e Equipamentos<\/span><\/b><\/a><span style=\"font-size:14.0pt\">, 05 a 09 de maio de 2026, ter&ccedil;a a sexta - 10h &agrave;s 19h | s&aacute;bado - 9h &agrave;s 17h, S&atilde;o Paulo Expo, Rod. dos Imigrantes, KM 1,5<\/span><\/span><\/span><\/span><\/p>\r\n\r\n<p style=\"text-align:justify\"><span style=\"font-size:11pt\"><span style=\"line-height:normal\"><span style=\"font-family:Aptos,sans-serif\"><a href=\"https:\/\/www.sympla.com.br\/evento\/horizons-2026-inovabilidade-em-acao\/3303286?utm_source=emkt&amp;utm_medium=horizons-2026\" style=\"color:blue; text-decoration:underline\"><b><span style=\"font-size:14.0pt\">Horizons 2026 - Inovabilidade em A&ccedil;&atilde;o<\/span><\/b><\/a><span style=\"font-size:14.0pt\">, 06 e 07 de maio de 2026, das 09h &agrave;s 18h, evento presencial em Hub Green Sampa, Centro de Inova&ccedil;&atilde;o Verde Bruno Covas, S&atilde;o Paulo, SP<\/span><\/span><\/span><\/span><\/p>\r\n\r\n<p style=\"text-align:justify\"><span style=\"font-size:11pt\"><span style=\"line-height:normal\"><span style=\"font-family:Aptos,sans-serif\"><a href=\"https:\/\/www.hospitalar.com\/?utm_campaign=BRZ26HPR-MN-CREDENCIAMENTO-ABERTO&amp;utm_emailname=BRZ26HPR-MN-CREDENCIAMENTO-ABERTO-1-Resend&amp;utm_medium=email&amp;utm_source=eloqua&amp;utm_MDMContactID=2bb3d23c-a32f-4218-88d5-29f7fb45caee&amp;utm_campaigntype=Visitor%20Promotion&amp;eM=50c7dfe42c38ea8f10539f0a167fc763253059e495554a32db7a57f8f237ec4c&amp;eventSeriesCode=ES_HOSPITALAR&amp;eventEditionCode=BRZ26HPR&amp;sessionCode=S_EXHB&amp;sp_eh=50c7dfe42c38ea8f10539f0a167fc763253059e495554a32db7a57f8f237ec4c\" style=\"color:blue; text-decoration:underline\"><b><span style=\"font-size:14.0pt\">Hospitalar 2026<\/span><\/b><\/a><span style=\"font-size:14.0pt\">, 19 a 22 de maio, das 11h &agrave;s 20h, S&atilde;o Paulo Expo<\/span><\/span><\/span><\/span><\/p>\r\n\r\n<p style=\"text-align:justify\"><span style=\"font-size:11pt\"><span style=\"line-height:normal\"><span style=\"font-family:Aptos,sans-serif\"><a href=\"https:\/\/www.even3.com.br\/curso-internacional-de-desenvolvimento-profissional-geosynthetic-reinforced-soil-structures-688331\/\" style=\"color:blue; text-decoration:underline\"><b><span lang=\"EN-US\" style=\"font-size:14.0pt\">Professional Development Course &ndash; PDC: &ldquo;Geosynthetic Reinforced Soil Structures&rdquo;<\/span><\/b><\/a><span lang=\"EN-US\" style=\"font-size:14.0pt\">, May 26-28, 2026, 08:30 - 13:00 GMT-3, presential, S&atilde;o Paulo, SP<\/span><\/span><\/span><\/span><\/p>\r\n\r\n<p style=\"text-align:justify\"><img src=\"https:\/\/www.abint.org.br\/assets\/img\/editor\/2026-igs-curso-solos-reforcados_20260407190642UuWNHE97ze.png\" style=\"width: 700px; height: 438px;\" \/><\/p>\r\n\r\n<p style=\"text-align:justify\"><span style=\"font-size:11pt\"><span style=\"line-height:normal\"><span style=\"font-family:Aptos,sans-serif\"><a href=\"https:\/\/credenciamentonexumgroup.lovable.app\/evento\/personal-care-summit-latinoamerica-2026\" style=\"color:blue; text-decoration:underline\"><b><span style=\"font-size:14.0pt\">Personal Care Summit Latinoam&eacute;rica | I<\/span><\/b><b><span style=\"font-size:14.0pt\">nd&uacute;stria 5.0: Tecnologia e Pessoas<\/span><\/b><\/a><span style=\"font-size:14.0pt\">, 09 de junho de 2026, Hotel Pullman, Guarulhos, SP<\/span><\/span><\/span><\/span><\/p>\r\n\r\n<p style=\"text-align:justify\"><span style=\"font-size:11pt\"><span style=\"line-height:normal\"><span style=\"font-family:Aptos,sans-serif\"><a href=\"https:\/\/www.hightex.com.tr\/\" style=\"color:blue; text-decoration:underline\"><b><span lang=\"EN-US\" style=\"font-size:14.0pt\">HIGTEX 2026 &ndash; International Technical Textiles and Nonwoven Exhibition<\/span><\/b><\/a><span lang=\"EN-US\" style=\"font-size:14.0pt\">, June 9&ndash;13, T&Uuml;YAP Fair and Congress Center, \u0130stanbul, T&uuml;rkiye<\/span><\/span><\/span><\/span><\/p>\r\n\r\n<p style=\"text-align:justify\"><span style=\"font-size:11pt\"><span style=\"line-height:normal\"><span style=\"font-family:Aptos,sans-serif\"><a href=\"https:\/\/www.worldofwipes.org\/\" style=\"color:blue; text-decoration:underline\"><b><span lang=\"EN-US\" style=\"font-size:14.0pt\">INDA | WOW - World of Wipes International Conference<\/span><\/b><\/a><span lang=\"EN-US\" style=\"font-size:14.0pt\">, June 29&ndash;July 2, 2026, Grand Hyatt Nashville, Nashville, Tennessee USA<\/span><\/span><\/span><\/span><\/p>\r\n\r\n<p style=\"text-align:justify\"><span style=\"font-size:11pt\"><span style=\"line-height:normal\"><span style=\"font-family:Aptos,sans-serif\"><a href=\"https:\/\/filtech.de\/\" style=\"color:blue; text-decoration:underline\"><b><span style=\"font-size:14.0pt\">Filtech 2026<\/span><\/b><\/a><span style=\"font-size:14.0pt\">, 30 de junho a 2 de julho, Cologne, Alemanha<\/span><\/span><\/span><\/span><\/p>\r\n\r\n<p style=\"text-align:justify\"><span style=\"font-size:11pt\"><span style=\"line-height:normal\"><span style=\"font-family:Aptos,sans-serif\"><a href=\"https:\/\/www.formobile.com.br\/pt\/home.html\" style=\"color:blue; text-decoration:underline\"><b><span style=\"font-size:14.0pt\">ForM&oacute;bile 2026<\/span><\/b><\/a><span style=\"font-size:14.0pt\">, 30 de junho a 3 de julho, S&atilde;o Paulo Expo<\/span><\/span><\/span><\/span><\/p>\r\n\r\n<p style=\"text-align:justify\"><span style=\"font-size:11pt\"><span style=\"line-height:normal\"><span style=\"font-family:Aptos,sans-serif\"><a href=\"https:\/\/sienge.com.br\/construsummit\/\" style=\"color:blue; text-decoration:underline\"><b><span style=\"font-size:14.0pt\">Construsummit<\/span><\/b><\/a><span style=\"font-size:14.0pt\">, 1 e 2 de julho de 2026, Florian&oacute;polis, SC<\/span><\/span><\/span><\/span><\/p>\r\n\r\n<p style=\"text-align:justify\"><span style=\"font-size:11pt\"><span style=\"line-height:normal\"><span style=\"font-family:Aptos,sans-serif\"><a href=\"https:\/\/info.fastmarkets.com\/index.php\/email\/emailWebview?email=OTMwLVlTTi0zNDIAAAGgm9GYB4UXisBYfG6V1YgLbIkX8OtKVxG11VCYMcCYfPs1fCCJJmN773X5IwSwnvWO_PwKa82eHJaJrBpZ4hTGCHcBq8U9L5ysEA\" style=\"color:blue; text-decoration:underline\"><b><span style=\"font-size:14.0pt\">Fastmarkets Forest Products Latin America Conference 2026<\/span><\/b><\/a><span style=\"font-size:14.0pt\">, 10 a 12 de agosto de 2026, S&atilde;o Paulo<\/span><\/span><\/span><\/span><\/p>\r\n\r\n<p style=\"text-align:justify\"><span style=\"font-size:11pt\"><span style=\"line-height:normal\"><span style=\"font-family:Aptos,sans-serif\"><a href=\"https:\/\/feiplar.com\/Presencial\/inicio-2024\/\" style=\"color:blue; text-decoration:underline\"><b><span style=\"font-size:14.0pt\">FEIPLAR &amp; FEIPUR &ndash; Feira e Congresso Internacionais de Materiais Avan&ccedil;ados<\/span><\/b><\/a><span style=\"font-size:14.0pt\">, 25 a 27 de agosto de 2026, S&atilde;o Paulo Expo | Pavilh&atilde;o 5, S&atilde;o Paulo, SP, Brasil<\/span><\/span><\/span><\/span><\/p>\r\n\r\n<p style=\"text-align:justify\"><span style=\"font-size:11pt\"><span style=\"line-height:normal\"><span style=\"font-family:Aptos,sans-serif\"><a href=\"https:\/\/ficons.com.br\/\" style=\"color:blue; text-decoration:underline\"><b><span style=\"font-size:14.0pt\">FICONS - Feira Internacional de Materiais, Equipamentos e Servi&ccedil;os da Constru&ccedil;&atilde;o<\/span><\/b><\/a><span style=\"font-size:14.0pt\">, 15 a 18 de setembro de 2026, Centro de Conven&ccedil;&otilde;es de Pernambuco Recife\/ Olinda<\/span><\/span><\/span><\/span><\/p>\r\n\r\n<p style=\"text-align:justify\"><span style=\"font-size:11pt\"><span style=\"line-height:normal\"><span style=\"font-family:Aptos,sans-serif\"><a href=\"https:\/\/www.edana.org\/events\/outlook\/outlook-2025\" style=\"color:blue; text-decoration:underline\"><b><span style=\"font-size:14.0pt\">OUTLOOK&trade; 2026<\/span><\/b><\/a><span style=\"font-size:14.0pt\">, 22&ndash;24 September, Hotel Miragem, Cascais, Portugal<\/span><\/span><\/span><\/span><\/p>\r\n\r\n<p style=\"text-align:justify\"><span style=\"font-size:11pt\"><span style=\"line-height:normal\"><span style=\"font-family:Aptos,sans-serif\"><a href=\"https:\/\/hospitalmed.com.br\/feira\/\" style=\"color:blue; text-decoration:underline\"><b><span style=\"font-size:14.0pt\">HospitalMed<\/span><\/b><\/a><span style=\"font-size:14.0pt\">, 21 a 23 de outubro de 2026, das 14h &agrave;s 20h, Pernambuco Centro de Conven&ccedil;&otilde;es, Olinda<\/span><\/span><\/span><\/span><\/p>\r\n\r\n<p style=\"text-align:justify\"><span style=\"font-size:11pt\"><span style=\"line-height:normal\"><span style=\"font-family:Aptos,sans-serif\"><a href=\"https:\/\/www.edana.org\/events\/edana-sustainability-forum\" style=\"color:blue; text-decoration:underline\"><b><span lang=\"EN-US\" style=\"font-size:14.0pt\">Sustainability &amp; Policy Forum<\/span><\/b><\/a><span lang=\"EN-US\" style=\"font-size:14.0pt\">, 8&ndash;9 December 2026, Residence Palace in Brussels, Belgium<\/span><\/span><\/span><\/span><\/p>\r\n\r\n<p style=\"text-align:justify\"><span style=\"font-size:11pt\"><span style=\"line-height:normal\"><span style=\"font-family:Aptos,sans-serif\"><a href=\"https:\/\/infrane.com.br\/\" style=\"color:blue; text-decoration:underline\"><b><span style=\"font-size:14.0pt\">Infra NE<\/span><\/b><\/a><span style=\"font-size:14.0pt\">, 03 a 05 de mar&ccedil;o de 2027, Centro de Conven&ccedil;&otilde;es Salvador<\/span><\/span><\/span><\/span><\/p>\r\n\r\n<p style=\"text-align:justify\"><span style=\"font-size:28pt\"><span style=\"font-family:Aptos,sans-serif\"><span style=\"letter-spacing:-0.5pt\"><b><span style=\"font-size:18.0pt\"><span style=\"font-variant:small-caps\">Setor<\/span><\/span><\/b><\/span><\/span><\/span><\/p>\r\n\r\n<p style=\"text-align:justify\"><span style=\"font-size:11pt\"><span style=\"line-height:normal\"><span style=\"font-family:Aptos,sans-serif\"><a href=\"https:\/\/portugaltextil.com\/edana-valoriza-inovacoes-da-industria-de-nao-tecidos\/\" style=\"color:blue; text-decoration:underline\"><span style=\"font-size:14.0pt\">Edana valoriza inova&ccedil;&otilde;es da ind&uacute;stria de n&atilde;o-tecidos<\/span><\/a><\/span><\/span><\/span><\/p>\r\n\r\n<p style=\"text-align:justify\"><span style=\"font-size:11pt\"><span style=\"line-height:normal\"><span style=\"font-family:Aptos,sans-serif\"><a href=\"https:\/\/www.saudebusiness.com\/colunistas\/o-avanco-do-reliance-e-o-futuro-da-regulacao-global-de-dispositivos-medicos\/?utm_campaign=BRZ26HPR-MN-ALL-Newsletter-Mar%C3%A7o&amp;utm_emailname=BRZ26HPR-MN-ALL-Newsletter-Mar%C3%A7o&amp;utm_medium=email&amp;utm_source=eloqua&amp;utm_MDMContactID=2bb3d23c-a32f-4218-88d5-29f7fb45caee&amp;utm_campaigntype=Newsletter&amp;eM=50c7dfe42c38ea8f10539f0a167fc763253059e495554a32db7a57f8f237ec4c&amp;eventSeriesCode=ES_HOSPITALAR&amp;eventEditionCode=BRZ26HPR&amp;sessionCode=S_EXHB&amp;sp_eh=50c7dfe42c38ea8f10539f0a167fc763253059e495554a32db7a57f8f237ec4c&amp;elqTrackId=DFE9B8AD7B9F3A021156D44F32E204DB&amp;elq=1bbb66e9d3464c8e97b7e548b33b7a89&amp;elqaid=32450&amp;elqat=1&amp;elqCampaignId=20438&amp;elqak=8AF5CE7F862C7491DD8A65A05AE67FEB41B11BC33FD0427EB912F681AC6F248EA36E\" style=\"color:blue; text-decoration:underline\"><span style=\"font-size:14.0pt\">O avan&ccedil;o do Reliance e o futuro da regula&ccedil;&atilde;o global de dispositivos m&eacute;dicos<\/span><\/a><\/span><\/span><\/span><\/p>\r\n\r\n<p style=\"text-align:justify\"><span style=\"font-size:11pt\"><span style=\"line-height:normal\"><span style=\"font-family:Aptos,sans-serif\"><a href=\"https:\/\/www.quimica.com.br\/industria-quimica-excesso-de-oferta-prejudica-industria-local\/\" style=\"color:blue; text-decoration:underline\"><span style=\"font-size:14.0pt\">Ind&uacute;stria Qu&iacute;mica: Excesso de oferta prejudica ind&uacute;stria local<\/span><\/a><\/span><\/span><\/span><\/p>\r\n\r\n<p style=\"text-align:justify\"><span style=\"font-size:11pt\"><span style=\"line-height:normal\"><span style=\"font-family:Aptos,sans-serif\"><a href=\"https:\/\/plasticosemrevista.com.br\/prova-de-resistencia-a-impactos\/\" style=\"color:blue; text-decoration:underline\"><span style=\"font-size:14.0pt\">Rafia: prova de resist&ecirc;ncia a impactos<\/span><\/a><\/span><\/span><\/span><\/p>\r\n\r\n<p style=\"text-align:justify\"><span style=\"font-size:11pt\"><span style=\"line-height:normal\"><span style=\"font-family:Aptos,sans-serif\"><a href=\"https:\/\/www.textiletechnology.net\/news\/news\/ditf-efficient-textile-filter-against-microplastics-in-wastewater-53113\" style=\"color:blue; text-decoration:underline\"><span lang=\"EN-US\" style=\"font-size:14.0pt\">Efficient textile filter against microplastics in wastewater<\/span><\/a><\/span><\/span><\/span><\/p>\r\n\r\n<p style=\"text-align:justify\"><span style=\"font-size:11pt\"><span style=\"line-height:normal\"><span style=\"font-family:Aptos,sans-serif\"><a href=\"https:\/\/reporternordeste.com.br\/programa-de-obras-em-encostas-traz-seguranca-para-diversas-comunidades-de-maceio\/\" style=\"color:blue; text-decoration:underline\"><span style=\"font-size:14.0pt\">Programa de obras em encostas traz seguran&ccedil;a para diversas comunidades de Macei&oacute;<\/span><\/a><\/span><\/span><\/span><\/p>\r\n\r\n<p style=\"text-align:justify\"><span style=\"font-size:11pt\"><span style=\"line-height:normal\"><span style=\"font-family:Aptos,sans-serif\"><a href=\"https:\/\/portalpersonalcare.com.br\/reducao-do-teto-no-farmacia-popular-reconfigura-dinamica-da-industria-de-fraldas-geriatricas\/?utm_medium=email&amp;utm_campaign=reportagem_especial_reducao_do_teto_no_farmacia_popular_reconfigura_dinamica_da_industria_de_fraldas_geriatricas&amp;utm_source=RD+Station\" style=\"color:blue; text-decoration:underline\"><span style=\"font-size:14.0pt\">Redu&ccedil;&atilde;o do teto no Farm&aacute;cia Popular reconfigura din&acirc;mica da ind&uacute;stria de fraldas geri&aacute;tricas<\/span><\/a><\/span><\/span><\/span><\/p>\r\n\r\n<p style=\"text-align:justify\"><span style=\"font-size:11pt\"><span style=\"line-height:normal\"><span style=\"font-family:Aptos,sans-serif\"><a href=\"https:\/\/exame.com\/mercado-imobiliario\/a-guerra-no-ira-pode-deixar-a-reforma-da-sua-casa-mais-cara-entenda\/\" style=\"color:blue; text-decoration:underline\"><span style=\"font-size:14.0pt\">A Guerra no Ir&atilde; pode deixar a reforma da sua casa mais cara: entenda<\/span><\/a><\/span><\/span><\/span><\/p>\r\n\r\n<p style=\"text-align:justify\"><span style=\"font-size:11pt\"><span style=\"line-height:normal\"><span style=\"font-family:Aptos,sans-serif\"><a href=\"https:\/\/blogdoplastico.wordpress.com\/2026\/04\/02\/feicon-2026-instituto-brasileiro-do-pvc-ressalta-as-qualidades-do-pvc-na-construcao\/\" style=\"color:blue; text-decoration:underline\"><span style=\"font-size:14.0pt\">FEICON 2026: Instituto Brasileiro do PVC ressalta as qualidades do PVC na constru&ccedil;&atilde;o<\/span><\/a><\/span><\/span><\/span><\/p>\r\n\r\n<p style=\"text-align:justify\"><span style=\"font-size:28pt\"><span style=\"font-family:Aptos,sans-serif\"><span style=\"letter-spacing:-0.5pt\"><b><span style=\"font-size:18.0pt\"><span style=\"font-variant:small-caps\">Ind&uacute;stria<\/span><\/span><\/b><\/span><\/span><\/span><\/p>\r\n\r\n<p style=\"text-align:justify\"><span style=\"font-size:11pt\"><span style=\"line-height:normal\"><span style=\"font-family:Aptos,sans-serif\"><a href=\"https:\/\/sinditextilsp.org.br\/home\/2026\/03\/debate-sobre-jornada-de-trabalho-precisa-de-um-ambiente-neutro\/?utm_medium=email&amp;utm_campaign=sindinews_-_310322026&amp;utm_source=RD+Station\" style=\"color:blue; text-decoration:underline\"><span style=\"font-size:14.0pt\">Debate sobre jornada de trabalho precisa de um ambiente neutro<\/span><\/a><\/span><\/span><\/span><\/p>\r\n\r\n<p style=\"text-align:justify\"><span style=\"font-size:11pt\"><span style=\"line-height:normal\"><span style=\"font-family:Aptos,sans-serif\"><a href=\"https:\/\/www.jornaldocomercio.com\/economia\/2026\/04\/1243518-estudo-da-cni-estima-alta-media-de-62-nos-precos-com-reducao-da-jornada-de-trabalho-para-40-horas.html\" style=\"color:blue; text-decoration:underline\"><span style=\"font-size:14.0pt\">Estudo da CNI estima alta m&eacute;dia de 6,2% nos pre&ccedil;os com redu&ccedil;&atilde;o da jornada de trabalho para 40 horas<\/span><\/a> <\/span><\/span><\/span><\/p>\r\n\r\n<p style=\"text-align:justify\"><span style=\"font-size:11pt\"><span style=\"line-height:normal\"><span style=\"font-family:Aptos,sans-serif\"><a href=\"https:\/\/hub.ind.br\/conflito-no-oriente-medio-pressiona-mercados-mas-nao-ha-risco-de-desabastecimento-no-brasil\/\" style=\"color:blue; text-decoration:underline\"><span style=\"font-size:14.0pt\">Conflito no Oriente M&eacute;dio pressiona mercados, mas n&atilde;o h&aacute; risco de desabastecimento no Brasil<\/span><\/a><\/span><\/span><\/span><\/p>\r\n\r\n<p style=\"text-align:justify\"><span style=\"font-size:11pt\"><span style=\"line-height:normal\"><span style=\"font-family:Aptos,sans-serif\"><a href=\"https:\/\/anba.com.br\/petrobras-estuda-autossuficiencia-em-diesel\/\" style=\"color:blue; text-decoration:underline\"><span style=\"font-size:14.0pt\">Petrobras estuda autossufici&ecirc;ncia em diesel<\/span><\/a><\/span><\/span><\/span><\/p>\r\n\r\n<p style=\"text-align:justify\"><span style=\"font-size:11pt\"><span style=\"line-height:normal\"><span style=\"font-family:Aptos,sans-serif\"><a href=\"https:\/\/portalibre.fgv.br\/system\/files\/divulgacao\/noticias\/mat-complementar\/2026-04\/%C3%8Dndice%20de%20Confian%C3%A7a%20Empresarial%20FGV_press%20release_Mar26.pdf\" style=\"color:blue; text-decoration:underline\"><span style=\"font-size:14.0pt\">Confian&ccedil;a Empresarial recua em mar&ccedil;o<\/span><\/a><\/span><\/span><\/span><\/p>\r\n\r\n<p style=\"text-align:justify\"><span style=\"font-size:11pt\"><span style=\"line-height:normal\"><span style=\"font-family:Aptos,sans-serif\"><a href=\"https:\/\/veja.abril.com.br\/brasil\/cni-comemora-nova-linha-de-credito-do-bndes-de-r-10-bilhoes\/\" style=\"color:blue; text-decoration:underline\"><span style=\"font-size:14.0pt\">CNI comemora nova linha de cr&eacute;dito do BNDES de R$ 10 bilh&otilde;es<\/span><\/a><\/span><\/span><\/span><\/p>\r\n\r\n<p style=\"text-align:justify\"><span style=\"font-size:11pt\"><span style=\"line-height:normal\"><span style=\"font-family:Aptos,sans-serif\"><a href=\"https:\/\/www.tribunadosertao.com.br\/geral\/2026\/04\/01\/881920-china-deve-responder-por-um-terco-das-vendas-de-carros-no-brasil-em-10-anos-projeta-ex-presidente-da-anfavea\" style=\"color:blue; text-decoration:underline\"><span style=\"font-size:14.0pt\">China deve responder por um ter&ccedil;o das vendas de carros no Brasil em 10 anos, projeta ex-presidente da Anfavea<\/span><\/a><\/span><\/span><\/span><\/p>\r\n\r\n<p style=\"text-align:justify\"><span style=\"font-size:11pt\"><span style=\"line-height:normal\"><span style=\"font-family:Aptos,sans-serif\"><a href=\"https:\/\/exclusivo.com.br\/negocios\/producao-brasileira-de-calcados-caiu-quase-2-em-2025\/\" style=\"color:blue; text-decoration:underline\"><span style=\"font-size:14.0pt\">Produ&ccedil;&atilde;o brasileira de cal&ccedil;ados caiu quase 2% em 2025<\/span><\/a><\/span><\/span><\/span><\/p>\r\n\r\n<p style=\"text-align:justify\"><span style=\"font-size:28pt\"><span style=\"font-family:Aptos,sans-serif\"><span style=\"letter-spacing:-0.5pt\"><b><span style=\"font-size:18.0pt\"><span style=\"font-variant:small-caps\">Sustentabilidade<\/span><\/span><\/b><\/span><\/span><\/span><\/p>\r\n\r\n<p style=\"text-align:justify\"><span style=\"font-size:11pt\"><span style=\"line-height:normal\"><span style=\"font-family:Aptos,sans-serif\"><a href=\"https:\/\/conectaverde.com.br\/setor-de-reciclagem-ganha-incentivos-fiscais\/\" style=\"color:blue; text-decoration:underline\"><span style=\"font-size:14.0pt\">Setor de reciclagem ganha incentivos fiscais<\/span><\/a><\/span><\/span><\/span><\/p>\r\n\r\n<p style=\"text-align:justify\"><span style=\"font-size:11pt\"><span style=\"line-height:normal\"><span style=\"font-family:Aptos,sans-serif\"><a href=\"https:\/\/noticiasambientales.com\/sustentabilidade\/reutilizacao-de-residuos-havai-usa-plasticos-reciclados-para-alcancar-o-asfalto-sustentavel\/\" style=\"color:blue; text-decoration:underline\"><span style=\"font-size:14.0pt\">Reutiliza&ccedil;&atilde;o de res&iacute;duos: Hava&iacute; usa pl&aacute;sticos reciclados para alcan&ccedil;ar o asfalto sustent&aacute;vel<\/span><\/a><\/span><\/span><\/span><\/p>\r\n\r\n<p style=\"text-align:justify\"><span style=\"font-size:11pt\"><span style=\"line-height:normal\"><span style=\"font-family:Aptos,sans-serif\"><a href=\"https:\/\/app.rdstation.email\/mail\/09b9160a-e57c-4f95-8990-a1d6cd04e567?utm_medium=email&amp;utm_campaign=pos-graduacao_-_economia_circular_20261&amp;utm_source=RD+Station\" style=\"color:blue; text-decoration:underline\"><span style=\"font-size:14.0pt\">SENAI CETIQT | P&oacute;s-gradua&ccedil;&atilde;o em Economia Circular e Produ&ccedil;&atilde;o Sustent&aacute;vel<\/span><\/a><\/span><\/span><\/span><\/p>\r\n\r\n<p style=\"text-align:justify\"><span style=\"font-size:28pt\"><span style=\"font-family:Aptos,sans-serif\"><span style=\"letter-spacing:-0.5pt\"><b><span style=\"font-size:18.0pt\"><span style=\"font-variant:small-caps\">Inova&ccedil;&atilde;o<\/span><\/span><\/b><\/span><\/span><\/span><\/p>\r\n\r\n<p style=\"text-align:justify\"><span style=\"font-size:11pt\"><span style=\"line-height:normal\"><span style=\"font-family:Aptos,sans-serif\"><a href=\"https:\/\/portalpersonalcare.com.br\/industria-5-0-avanca-na-industria-de-cuidados-pessoais-e-reposiciona-o-papel-da-tecnologia-e-das-pessoas\/?utm_medium=email&amp;utm_campaign=newsletter_01042026&amp;utm_source=RD+Station\" style=\"color:blue; text-decoration:underline\"><span style=\"font-size:14.0pt\">Ind&uacute;stria 5.0 avan&ccedil;a na ind&uacute;stria de cuidados pessoais e reposiciona o papel da tecnologia e das pessoas<\/span><\/a><\/span><\/span><\/span><\/p>\r\n\r\n<p style=\"text-align:justify\"><span style=\"font-size:11pt\"><span style=\"line-height:normal\"><span style=\"font-family:Aptos,sans-serif\"><a href=\"https:\/\/clickpetroleoegas.com.br\/cientistas-revelam-novo-metodo-com-luz-solar-que-transforma-plastico-em-vinagre-e-pode-virar-o-jogo-contra-a-poluicao-convertendo-residuos-em-solucao-sustentavel-com-impacto-global-fu-hl1402\/\" style=\"color:blue; text-decoration:underline\"><span style=\"font-size:14.0pt\">Cientistas revelam novo m&eacute;todo com luz solar que transforma pl&aacute;stico em vinagre e pode virar o jogo contra a polui&ccedil;&atilde;o<\/span><\/a><\/span><\/span><\/span><\/p>\r\n\r\n<p style=\"text-align:justify\"><span style=\"font-size:11pt\"><span style=\"line-height:normal\"><span style=\"font-family:Aptos,sans-serif\"><a href=\"https:\/\/zap.aeiou.pt\/cientistas-transformaram-residuos-plasticos-em-medicamento-comum-734631\" style=\"color:blue; text-decoration:underline\"><span style=\"font-size:14.0pt\">Cientistas transformaram res&iacute;duos pl&aacute;sticos em medicamento para Parkinson<\/span><\/a><\/span><\/span><\/span><\/p>\r\n\r\n<p style=\"text-align:justify\"><span style=\"font-size:11pt\"><span style=\"line-height:normal\"><span style=\"font-family:Aptos,sans-serif\"><a href=\"https:\/\/noticias.lide.com.br\/noticias-lide\/revista-lide-conteudo-exclusivo\/lei-do-bem-impulsiona-investimentos-em-pd-e-supera-r-50-bilhoes-no-brasil?utm_source=innovgov.beehiiv.com&amp;utm_medium=newsletter&amp;utm_campaign=ola-sua-dose-semanal-de-inovacao-publica-chegou&amp;_bhlid=269ed7f7b50af6e5d2a09770fe4853bc139e0de9\" style=\"color:blue; text-decoration:underline\"><span style=\"font-size:14.0pt\">Lei do Bem impulsiona investimentos em P&amp;D e supera R$ 50 bilh&otilde;es no Brasil<\/span><\/a><\/span><\/span><\/span><\/p>\r\n\r\n<p style=\"text-align:justify\"><span style=\"font-size:11pt\"><span style=\"line-height:normal\"><span style=\"font-family:Aptos,sans-serif\"><a href=\"https:\/\/convergenciadigital.com.br\/governo\/decretos-injetam-r-35-bilhoes-na-finep-e-projetam-r-30-bilhoes-para-inovacao-ate-2028\/?utm_source=innovgov.beehiiv.com&amp;utm_medium=newsletter&amp;utm_campaign=ola-sua-dose-semanal-de-inovacao-publica-chegou&amp;_bhlid=0d5a1fd71ec693af3cfd3c5fcd306dcc9426744e\" style=\"color:blue; text-decoration:underline\"><span style=\"font-size:14.0pt\">Decretos injetam R$ 3,5 bilh&otilde;es na Finep e projetam R$ 30 bilh&otilde;es para inova&ccedil;&atilde;o at&eacute; 2028<\/span><\/a><\/span><\/span><\/span><\/p>\r\n\r\n<p style=\"text-align:justify\"><span style=\"font-size:28pt\"><span style=\"font-family:Aptos,sans-serif\"><span style=\"letter-spacing:-0.5pt\"><b><span style=\"font-size:18.0pt\"><span style=\"font-variant:small-caps\">Com&eacute;rcio Exterior<\/span><\/span><\/b><\/span><\/span><\/span><\/p>\r\n\r\n<p style=\"text-align:justify\"><span style=\"font-size:11pt\"><span style=\"line-height:normal\"><span style=\"font-family:Aptos,sans-serif\"><a href=\"https:\/\/public-api.wordpress.com\/bar\/?stat=groovemails-events&amp;bin=wpcom_email_click&amp;redirect_to=https%3A%2F%2Fblogdoplastico.wordpress.com%2F2026%2F04%2F02%2Fadirplast-guerra-no-ira-ja-pressiona-oferta-e-eleva-precos-de-resinas-no-brasil%2F&amp;sr=0&amp;signature=f7e30b397f952c05be9c99cf4fc760c8&amp;blog_id=9438832&amp;user=135099004&amp;_e=eyJlcnJvciI6bnVsbCwiYmxvZ19pZCI6OTQzODgzMiwiYmxvZ19sYW5nIjoicHQtQlIiLCJzaXRlX2lkX2xhYmVsIjoid3Bjb20iLCJoYXNfZmVhdHVyZWRfaW1hZ2UiOiIwIiwic3Vic2NyaWJlcl9pZCI6IjQ0NzAwMjQ1IiwiX3VpIjoxMzUwOTkwMDQsImxvY2FsZSI6InB0LWJyIiwiY3VycmVuY3kiOiJCUkwiLCJjb3VudHJ5X2NvZGVfc2lnbnVwIjoiQlIiLCJzaWdudXBfZmxvd19uYW1lIjoiZGVsdGEtc2l0ZSIsImVtYWlsX2RvbWFpbiI6ImFiaW50Lm9yZy5iciIsInBvc3RfaWQiOjE5ODIyLCJ1c2VyX2VtYWlsIjoiYWJpbnRAYWJpbnQub3JnLmJyIiwiZGF0ZV9zZW50IjoiMjAyNi0wNC0wMyIsImVtYWlsX25hbWUiOiJuZXctcG9zdCIsInRlbXBsYXRlIjoibmV3LXBvc3QiLCJlbWFpbF9pZCI6ImQ3NWJmMzJlNjk4Zjg5YTg2N2RhMWRkNDI1ZGY5NjZmIiwibGlua19kZXNjIjoicG9zdC11cmwiLCJhbmNob3JfdGV4dCI6IkFkaXJwbGFzdDogR3VlcnJhIG5vIElyXHUwMGUzIGpcdTAwZTEgcHJlc3Npb25hIG9mZXJ0YSBlIGVsZXZhIHByZVx1MDBlN29zIGRlIHJlc2luYXMgbm9cdTAwYTBCcmFzaWwiLCJfZHIiOm51bGwsIl9kbCI6Ilwvd3AtYWRtaW5cL3Bvc3QucGhwIiwiX3V0Ijoid3Bjb206dXNlcl9pZCIsIl91bCI6ImFiaW50dHQiLCJfZW4iOiJ3cGNvbV9lbWFpbF9jbGljayIsIl90cyI6MTc3NTE4MTYwMDcxOSwiYnJvd3Nlcl90eXBlIjoicGhwLWFnZW50IiwiX2F1YSI6IndwY29tLXRyYWNrcy1jbGllbnQtdjAuMyIsImJsb2dfdHoiOiItMyIsInVzZXJfbGFuZyI6InB0LWJyIn0&amp;_z=z\" style=\"color:blue; text-decoration:underline\"><span style=\"font-size:14.0pt\">Adirplast: Guerra no Ir&atilde; j&aacute; pressiona oferta e eleva pre&ccedil;os de resinas no Brasil<\/span><\/a><\/span><\/span><\/span><\/p>\r\n\r\n<p style=\"text-align:justify\"><span style=\"font-size:11pt\"><span style=\"line-height:normal\"><span style=\"font-family:Aptos,sans-serif\"><a href=\"https:\/\/noticias.r7.com\/internacional\/produtos-plasticos-podem-ter-seu-preco-elevado-durante-guerra-no-ira-dizem-especialistas-30032026\/\" style=\"color:blue; text-decoration:underline\"><span style=\"font-size:14.0pt\">Produtos pl&aacute;sticos podem ter seu pre&ccedil;o elevado durante guerra no Ir&atilde;, dizem especialistas<\/span><\/a><\/span><\/span><\/span><\/p>\r\n\r\n<p style=\"text-align:justify\"><span style=\"font-size:11pt\"><span style=\"line-height:normal\"><span style=\"font-family:Aptos,sans-serif\"><a href=\"https:\/\/anba.com.br\/ormuz-20-da-energia-30-do-glp-e-50-do-enxofre\/\" style=\"color:blue; text-decoration:underline\"><span style=\"font-size:14.0pt\">Ormuz: 20% da energia, 30% do GLP e 50% do enxofre<\/span><\/a><\/span><\/span><\/span><\/p>\r\n\r\n<p style=\"text-align:justify\"><span style=\"font-size:11pt\"><span style=\"line-height:normal\"><span style=\"font-family:Aptos,sans-serif\"><a href=\"https:\/\/comunidadtextil.com\/wpnews\/2026\/03\/la-crisis-politica-mundial-ya-obliga-a-fuertes-cambios-en-la-industria-textil-global\/?utm_source=email_marketing&amp;utm_admin=28519&amp;utm_medium=email&amp;utm_campaign=NOTICIAS_de_las_Industrias_Textil_Confecciones_y_Moda\" style=\"color:blue; text-decoration:underline\"><span style=\"font-size:14.0pt\">La crisis pol&iacute;tica mundial ya obliga a fuertes cambios en la industria textil global<\/span><\/a><\/span><\/span><\/span><\/p>\r\n\r\n<p style=\"text-align:justify\"><span style=\"font-size:11pt\"><span style=\"line-height:normal\"><span style=\"font-family:Aptos,sans-serif\"><a href=\"https:\/\/www.metropoles.com\/brasil\/senado-aprova-acordo-comercial-entre-mercosul-e-uniao-europeia\" style=\"color:blue; text-decoration:underline\"><span style=\"font-size:14.0pt\">Senado aprova acordo comercial entre Mercosul e Uni&atilde;o Europeia<\/span><\/a><\/span><\/span><\/span><\/p>\r\n\r\n<p style=\"text-align:justify\"><span style=\"font-size:11pt\"><span style=\"line-height:normal\"><span style=\"font-family:Aptos,sans-serif\"><a href=\"https:\/\/www.moveisdevalor.com.br\/portal\/mvtv.php?id=1053\" style=\"color:blue; text-decoration:underline\"><span style=\"font-size:14.0pt\">Acordo Mercosul-UE &eacute; uma oportunidade ou ilus&atilde;o para m&oacute;veis?<\/span><\/a><\/span><\/span><\/span><\/p>\r\n\r\n<p style=\"text-align:justify\"><span style=\"font-size:28pt\"><span style=\"font-family:Aptos,sans-serif\"><span style=\"letter-spacing:-0.5pt\"><b><span style=\"font-size:18.0pt\"><span style=\"font-variant:small-caps\">Economia<\/span><\/span><\/b><\/span><\/span><\/span><\/p>\r\n\r\n<p style=\"text-align:justify\"><span style=\"font-size:11pt\"><span style=\"line-height:normal\"><span style=\"font-family:Aptos,sans-serif\"><a href=\"https:\/\/www.bcb.gov.br\/content\/focus\/focus\/R20260402.pdf\" style=\"color:blue; text-decoration:underline\"><span style=\"font-size:14.0pt\">Focus | Relat&oacute;rio de Mercado<\/span><\/a><\/span><\/span><\/span><\/p>\r\n\r\n<p style=\"text-align:justify\"><span style=\"font-size:11pt\"><span style=\"line-height:normal\"><span style=\"font-family:Aptos,sans-serif\"><a href=\"https:\/\/www.bcb.gov.br\/content\/controleinflacao\/focusdistribuicoesfrequencia\/P20260406-Focus-Distribuicoes-de-frequencia.pdf\" style=\"color:blue; text-decoration:underline\"><span style=\"font-size:14.0pt\">Focus &ndash; Distribui&ccedil;&otilde;es de Frequ&ecirc;ncia das Expectativas de Mercado para IPCA, Selic, PIB e C&acirc;mbio<\/span><\/a><\/span><\/span><\/span><\/p>\r\n\r\n<p style=\"text-align:justify\"><span style=\"font-size:11pt\"><span style=\"line-height:normal\"><span style=\"font-family:Aptos,sans-serif\"><a href=\"https:\/\/comunidadtextil.com\/wpnews\/2026\/02\/pronostican-que-el-mercado-de-brasil-se-expandira-a-una-tasa-del-78-en-2026-2034\/?utm_source=email_marketing&amp;utm_admin=28519&amp;utm_medium=email&amp;utm_campaign=NOTICIAS_de_las_Industrias_Textil_Confecciones_y_Moda\" style=\"color:blue; text-decoration:underline\"><span lang=\"ES-AR\" style=\"font-size:14.0pt\">Textiles | Pronostican que el mercado de Brasil se expandir&aacute; a una tasa del 7,8% en 2026-2034<\/span><\/a><\/span><\/span><\/span><\/p>\r\n\r\n<p style=\"text-align:justify\"><span style=\"font-size:11pt\"><span style=\"line-height:normal\"><span style=\"font-family:Aptos,sans-serif\"><a href=\"https:\/\/www.youtube.com\/watch?v=GxsWwZyVeVg\" style=\"color:blue; text-decoration:underline\"><span style=\"font-size:14.0pt\">FGV IBRE | Os Impactos do Cen&aacute;rio Externo na Economia Brasileira | Economia em 15<\/span><\/a><\/span><\/span><\/span><\/p>\r\n\r\n<p style=\"text-align:justify\"><span style=\"font-size:11pt\"><span style=\"line-height:normal\"><span style=\"font-family:Aptos,sans-serif\"><a href=\"https:\/\/portalibre.fgv.br\/system\/files\/divulgacao\/noticias\/mat-complementar\/2026-04\/Apresenta%C3%A7%C3%A3o%20-%20S%C3%ADntese%20das%20Sondagens%20-%20Mar%C3%A7o%202026.pdf\" style=\"color:blue; text-decoration:underline\"><span style=\"font-size:14.0pt\">Resumo dos resultados das Sondagens do FGV IBRE em mar&ccedil;o<\/span><\/a><\/span><\/span><\/span><\/p>\r\n\r\n<p style=\"text-align:justify\"><span style=\"font-size:11pt\"><span style=\"line-height:normal\"><span style=\"font-family:Aptos,sans-serif\"><a href=\"https:\/\/www.iadb.org\/pt-br\/blog\/pesquisa-para-o-desenvolvimento\/fortalecendo-resiliencia-da-america-latina-e-do-caribe-em-meio-incerteza-global?utm_source=email&amp;utm_medium=newsletter&amp;utm_campaign=fortalecendo-resiliencia-da-america&amp;utm_term=exc\/dcc\" style=\"color:blue; text-decoration:underline\"><span style=\"font-size:14.0pt\">Fortalecendo a resili&ecirc;ncia da Am&eacute;rica Latina e do Caribe em meio &agrave; incerteza global<\/span><\/a><\/span><\/span><\/span><\/p>\r\n\r\n<p style=\"text-align:justify\"><span style=\"font-size:11pt\"><span style=\"line-height:normal\"><span style=\"font-family:Aptos,sans-serif\"><span style=\"font-size:14.0pt\"><img src=\"https:\/\/www.abint.org.br\/assets\/img\/editor\/redes-sociais-abint-ctg-cth_20260407191027RiK7i7eslt.jpg\" \/><\/span><\/span><\/span><\/span><\/p>\r\n","6":"<p style=\"text-align:justify\"><span style=\"font-size:11pt\"><span style=\"line-height:normal\"><span style=\"font-family:Aptos,sans-serif\"><span style=\"font-size:14.0pt\">Esta &eacute; uma compila&ccedil;&atilde;o das not&iacute;cias mais relevantes para o setor, incluindo informa&ccedil;&otilde;es sobre acordos internacionais, economia brasileira, sustentabilidade e mat&eacute;rias primas, al&eacute;m de novidades do setor de N&atilde;otecidos e Tecidos T&eacute;cnicos.<\/span><\/span><\/span><\/span><\/p>\r\n\r\n<p style=\"text-align:justify\"><span style=\"font-size:28pt\"><span style=\"font-family:Aptos,sans-serif\"><span style=\"letter-spacing:-0.5pt\"><b><span style=\"font-size:18.0pt\"><span style=\"font-variant:small-caps\">O que vem por a&iacute;<\/span><\/span><\/b><\/span><\/span><\/span><\/p>\r\n\r\n<p style=\"text-align:justify\"><img src=\"https:\/\/www.abint.org.br\/assets\/img\/editor\/post-quadrado-curso-naotecido-2026-2_20260326131535BHeNIfVpbl.png\" style=\"width: 700px; height: 700px;\" \/><\/p>\r\n\r\n<p style=\"text-align:justify\"><span style=\"font-size:11pt\"><span style=\"line-height:normal\"><span style=\"font-family:Aptos,sans-serif\"><a href=\"https:\/\/forms.gle\/SMUvLuH5kKYh745eA\" style=\"color:blue; text-decoration:underline\"><b><span style=\"font-size:14.0pt\">Informa&ccedil;&otilde;es e inscri&ccedil;&otilde;es<\/span><\/b><\/a><\/span><\/span><\/span><\/p>\r\n\r\n<p style=\"text-align:justify\"><span style=\"font-size:28pt\"><span style=\"font-family:Aptos,sans-serif\"><span style=\"letter-spacing:-0.5pt\"><b><span style=\"font-size:18.0pt\"><span style=\"font-variant:small-caps\">Not&iacute;cias das Associadas<\/span><\/span><\/b><\/span><\/span><\/span><\/p>\r\n\r\n<p style=\"text-align:justify\"><span style=\"font-size:11pt\"><span style=\"line-height:normal\"><span style=\"font-family:Aptos,sans-serif\"><a href=\"https:\/\/abctecnologias.com.br\/novidades\/abc-tecnologias-apoiou-curso-brasileiro-instalacao-geomembranas\" style=\"color:blue; text-decoration:underline\"><span style=\"font-size:14.0pt\">ABC Tecnologias Apoiou o Curso Brasileiro de Instala&ccedil;&atilde;o de Geomembranas<\/span><\/a><\/span><\/span><\/span><\/p>\r\n\r\n<p style=\"text-align:justify\"><span style=\"font-size:11pt\"><span style=\"line-height:normal\"><span style=\"font-family:Aptos,sans-serif\"><a href=\"https:\/\/www.nonwovens-industry.com\/library\/from-field-to-sustainable-products\/?utm_campaign=NON%20eNewsletter&amp;utm_medium=email&amp;_hsenc=p2ANqtz-9elaud2UAoVOay1JKRIuNRLR2nSdXXOosMEty9Q3BxCJWcJfL2ZIY7zhV3CDnFHxGThAjuodK_JsIiyZ0BgpB0fr-QHQ&amp;_hsmi=412001068&amp;utm_content=412001068&amp;utm_source=hs_email\" style=\"color:blue; text-decoration:underline\"><span lang=\"EN-US\" style=\"font-size:14.0pt\">Andritz | The airlay technology &ndash; from high-performance fibers to technical nonwovens<\/span><\/a><\/span><\/span><\/span><\/p>\r\n\r\n<p style=\"text-align:justify\"><span style=\"font-size:11pt\"><span style=\"line-height:normal\"><span style=\"font-family:Aptos,sans-serif\"><b><span style=\"font-size:18.0pt\"><span style=\"font-variant:small-caps\">Eventos<\/span><\/span><\/b><\/span><\/span><\/span><\/p>\r\n\r\n<p style=\"text-align:justify\"><span style=\"font-size:11pt\"><span style=\"line-height:normal\"><span style=\"font-family:Aptos,sans-serif\"><a href=\"https:\/\/app.rdstation.email\/mail\/160beb6a-6c00-4653-ba05-d2c4b78ff465?utm_medium=email&amp;utm_campaign=webinar_lancamento_panora_residuos_texteis&amp;utm_source=RD+Station\" style=\"color:blue; text-decoration:underline\"><b><span style=\"font-size:14.0pt\">Webinar Abit | Projeto Panorama dos Res&iacute;duos T&ecirc;xteis<\/span><\/b><\/a><span style=\"font-size:14.0pt\">, 15 de abril de 20026, 10h &agrave;s 11h, evento virtual<\/span><\/span><\/span><\/span><\/p>\r\n\r\n<p style=\"text-align:justify\"><span style=\"font-size:11pt\"><span style=\"line-height:normal\"><span style=\"font-family:Aptos,sans-serif\"><a href=\"https:\/\/www.sympla.com.br\/evento\/4-edicao-forum-economico-brasil-canada\/3311190#event-location\" style=\"color:blue; text-decoration:underline\"><b><span style=\"font-size:14.0pt\">4&ordf; Edi&ccedil;&atilde;o F&oacute;rum Econ&ocirc;mico Brasil-Canad&aacute;<\/span><\/b><\/a><span style=\"font-size:14.0pt\">, 15 de abril de 2026, 13h &agrave;s18h, evento presencial, Rua do Rocio, 220 Vila Ol&iacute;mpia, S&atilde;o Paulo, SP<\/span><\/span><\/span><\/span><\/p>\r\n\r\n<p style=\"text-align:justify\"><span style=\"font-size:11pt\"><span style=\"line-height:normal\"><span style=\"font-family:Aptos,sans-serif\"><a href=\"https:\/\/forumabre.org.br\/\" style=\"color:blue; text-decoration:underline\"><b><span style=\"font-size:14.0pt\">F&oacute;rum Abre de Sustentabilidade<\/span><\/b><\/a><span style=\"font-size:14.0pt\">, 15 e 16 de abril de 2026, em S&atilde;o Paulo<\/span><\/span><\/span><\/span><\/p>\r\n\r\n<p style=\"text-align:justify\"><span style=\"font-size:11pt\"><span style=\"line-height:normal\"><span style=\"font-family:Aptos,sans-serif\"><a href=\"https:\/\/app.rdstation.email\/mail\/b07f0776-f944-40f1-9356-0fff28bdd622?utm_medium=email&amp;utm_campaign=workshop_gestao_da_nova_nr_1_na_industria_textil_e_de_confeccao&amp;utm_source=RD+Station\" style=\"color:blue; text-decoration:underline\"><b><span style=\"font-size:14.0pt\">Workshop Abit | Gest&atilde;o da nova NR 1 na ind&uacute;stria t&ecirc;xtil e de confec&ccedil;&atilde;o<\/span><\/b><\/a><span style=\"font-size:14.0pt\">, 29 de abril de 2026, 09h30 &agrave;s 11h00, evento virtual<\/span><\/span><\/span><\/span><\/p>\r\n\r\n<p style=\"text-align:justify\"><span style=\"font-size:11pt\"><span style=\"line-height:normal\"><span style=\"font-family:Aptos,sans-serif\"><a href=\"https:\/\/biotexfuture.info\/wp-content\/uploads\/2026\/03\/Agenda_BTF_InnovationDay_Spring_04032026.pdf\" style=\"color:blue; text-decoration:underline\"><b><span lang=\"EN-US\" style=\"font-size:14.0pt\">Innovation Day &ldquo;Harvesting Innovation: Bridging Agriculture and Textiles&rdquo;<\/span><\/b><\/a><span lang=\"EN-US\" style=\"font-size:14.0pt\">, 5 May 2026, 09:30 &ndash; 14:00 CEST (online streaming starts at 10:00), ITA, Otto-Blumenthal-Stra&szlig;e 1, 52074 Aachen or online (link will be provided upon registration)<\/span><\/span><\/span><\/span><\/p>\r\n\r\n<p style=\"text-align:justify\"><span style=\"font-size:11pt\"><span style=\"line-height:normal\"><span style=\"font-family:Aptos,sans-serif\"><a href=\"https:\/\/www.feimec.com.br\/pt\/home.html\" style=\"color:blue; text-decoration:underline\"><b><span style=\"font-size:14.0pt\">FEIMEC - Feira Internacional de M&aacute;quinas e Equipamentos<\/span><\/b><\/a><span style=\"font-size:14.0pt\">, 05 a 09 de maio de 2026, ter&ccedil;a a sexta - 10h &agrave;s 19h | s&aacute;bado - 9h &agrave;s 17h, S&atilde;o Paulo Expo, Rod. dos Imigrantes, KM 1,5<\/span><\/span><\/span><\/span><\/p>\r\n\r\n<p style=\"text-align:justify\"><span style=\"font-size:11pt\"><span style=\"line-height:normal\"><span style=\"font-family:Aptos,sans-serif\"><a href=\"https:\/\/www.sympla.com.br\/evento\/horizons-2026-inovabilidade-em-acao\/3303286?utm_source=emkt&amp;utm_medium=horizons-2026\" style=\"color:blue; text-decoration:underline\"><b><span style=\"font-size:14.0pt\">Horizons 2026 - Inovabilidade em A&ccedil;&atilde;o<\/span><\/b><\/a><span style=\"font-size:14.0pt\">, 06 e 07 de maio de 2026, das 09h &agrave;s 18h, evento presencial em Hub Green Sampa, Centro de Inova&ccedil;&atilde;o Verde Bruno Covas, S&atilde;o Paulo, SP<\/span><\/span><\/span><\/span><\/p>\r\n\r\n<p style=\"text-align:justify\"><span style=\"font-size:11pt\"><span style=\"line-height:normal\"><span style=\"font-family:Aptos,sans-serif\"><a href=\"https:\/\/www.hospitalar.com\/?utm_campaign=BRZ26HPR-MN-CREDENCIAMENTO-ABERTO&amp;utm_emailname=BRZ26HPR-MN-CREDENCIAMENTO-ABERTO-1-Resend&amp;utm_medium=email&amp;utm_source=eloqua&amp;utm_MDMContactID=2bb3d23c-a32f-4218-88d5-29f7fb45caee&amp;utm_campaigntype=Visitor%20Promotion&amp;eM=50c7dfe42c38ea8f10539f0a167fc763253059e495554a32db7a57f8f237ec4c&amp;eventSeriesCode=ES_HOSPITALAR&amp;eventEditionCode=BRZ26HPR&amp;sessionCode=S_EXHB&amp;sp_eh=50c7dfe42c38ea8f10539f0a167fc763253059e495554a32db7a57f8f237ec4c\" style=\"color:blue; text-decoration:underline\"><b><span style=\"font-size:14.0pt\">Hospitalar 2026<\/span><\/b><\/a><span style=\"font-size:14.0pt\">, 19 a 22 de maio, das 11h &agrave;s 20h, S&atilde;o Paulo Expo<\/span><\/span><\/span><\/span><\/p>\r\n\r\n<p style=\"text-align:justify\"><span style=\"font-size:11pt\"><span style=\"line-height:normal\"><span style=\"font-family:Aptos,sans-serif\"><a href=\"https:\/\/www.even3.com.br\/curso-internacional-de-desenvolvimento-profissional-geosynthetic-reinforced-soil-structures-688331\/\" style=\"color:blue; text-decoration:underline\"><b><span lang=\"EN-US\" style=\"font-size:14.0pt\">Professional Development Course &ndash; PDC: &ldquo;Geosynthetic Reinforced Soil Structures&rdquo;<\/span><\/b><\/a><span lang=\"EN-US\" style=\"font-size:14.0pt\">, May 26-28, 2026, 08:30 - 13:00 GMT-3, presential, S&atilde;o Paulo, SP<\/span><\/span><\/span><\/span><\/p>\r\n\r\n<p style=\"text-align:justify\"><img src=\"https:\/\/www.abint.org.br\/assets\/img\/editor\/2026-igs-curso-solos-reforcados_20260407190642UuWNHE97ze.png\" style=\"width: 700px; height: 438px;\" \/><\/p>\r\n\r\n<p style=\"text-align:justify\"><span style=\"font-size:11pt\"><span style=\"line-height:normal\"><span style=\"font-family:Aptos,sans-serif\"><a href=\"https:\/\/credenciamentonexumgroup.lovable.app\/evento\/personal-care-summit-latinoamerica-2026\" style=\"color:blue; text-decoration:underline\"><b><span style=\"font-size:14.0pt\">Personal Care Summit Latinoam&eacute;rica | I<\/span><\/b><b><span style=\"font-size:14.0pt\">nd&uacute;stria 5.0: Tecnologia e Pessoas<\/span><\/b><\/a><span style=\"font-size:14.0pt\">, 09 de junho de 2026, Hotel Pullman, Guarulhos, SP<\/span><\/span><\/span><\/span><\/p>\r\n\r\n<p style=\"text-align:justify\"><span style=\"font-size:11pt\"><span style=\"line-height:normal\"><span style=\"font-family:Aptos,sans-serif\"><a href=\"https:\/\/www.hightex.com.tr\/\" style=\"color:blue; text-decoration:underline\"><b><span lang=\"EN-US\" style=\"font-size:14.0pt\">HIGTEX 2026 &ndash; International Technical Textiles and Nonwoven Exhibition<\/span><\/b><\/a><span lang=\"EN-US\" style=\"font-size:14.0pt\">, June 9&ndash;13, T&Uuml;YAP Fair and Congress Center, \u0130stanbul, T&uuml;rkiye<\/span><\/span><\/span><\/span><\/p>\r\n\r\n<p style=\"text-align:justify\"><span style=\"font-size:11pt\"><span style=\"line-height:normal\"><span style=\"font-family:Aptos,sans-serif\"><a href=\"https:\/\/www.worldofwipes.org\/\" style=\"color:blue; text-decoration:underline\"><b><span lang=\"EN-US\" style=\"font-size:14.0pt\">INDA | WOW - World of Wipes International Conference<\/span><\/b><\/a><span lang=\"EN-US\" style=\"font-size:14.0pt\">, June 29&ndash;July 2, 2026, Grand Hyatt Nashville, Nashville, Tennessee USA<\/span><\/span><\/span><\/span><\/p>\r\n\r\n<p style=\"text-align:justify\"><span style=\"font-size:11pt\"><span style=\"line-height:normal\"><span style=\"font-family:Aptos,sans-serif\"><a href=\"https:\/\/filtech.de\/\" style=\"color:blue; text-decoration:underline\"><b><span style=\"font-size:14.0pt\">Filtech 2026<\/span><\/b><\/a><span style=\"font-size:14.0pt\">, 30 de junho a 2 de julho, Cologne, Alemanha<\/span><\/span><\/span><\/span><\/p>\r\n\r\n<p style=\"text-align:justify\"><span style=\"font-size:11pt\"><span style=\"line-height:normal\"><span style=\"font-family:Aptos,sans-serif\"><a href=\"https:\/\/www.formobile.com.br\/pt\/home.html\" style=\"color:blue; text-decoration:underline\"><b><span style=\"font-size:14.0pt\">ForM&oacute;bile 2026<\/span><\/b><\/a><span style=\"font-size:14.0pt\">, 30 de junho a 3 de julho, S&atilde;o Paulo Expo<\/span><\/span><\/span><\/span><\/p>\r\n\r\n<p style=\"text-align:justify\"><span style=\"font-size:11pt\"><span style=\"line-height:normal\"><span style=\"font-family:Aptos,sans-serif\"><a href=\"https:\/\/sienge.com.br\/construsummit\/\" style=\"color:blue; text-decoration:underline\"><b><span style=\"font-size:14.0pt\">Construsummit<\/span><\/b><\/a><span style=\"font-size:14.0pt\">, 1 e 2 de julho de 2026, Florian&oacute;polis, SC<\/span><\/span><\/span><\/span><\/p>\r\n\r\n<p style=\"text-align:justify\"><span style=\"font-size:11pt\"><span style=\"line-height:normal\"><span style=\"font-family:Aptos,sans-serif\"><a href=\"https:\/\/info.fastmarkets.com\/index.php\/email\/emailWebview?email=OTMwLVlTTi0zNDIAAAGgm9GYB4UXisBYfG6V1YgLbIkX8OtKVxG11VCYMcCYfPs1fCCJJmN773X5IwSwnvWO_PwKa82eHJaJrBpZ4hTGCHcBq8U9L5ysEA\" style=\"color:blue; text-decoration:underline\"><b><span style=\"font-size:14.0pt\">Fastmarkets Forest Products Latin America Conference 2026<\/span><\/b><\/a><span style=\"font-size:14.0pt\">, 10 a 12 de agosto de 2026, S&atilde;o Paulo<\/span><\/span><\/span><\/span><\/p>\r\n\r\n<p style=\"text-align:justify\"><span style=\"font-size:11pt\"><span style=\"line-height:normal\"><span style=\"font-family:Aptos,sans-serif\"><a href=\"https:\/\/feiplar.com\/Presencial\/inicio-2024\/\" style=\"color:blue; text-decoration:underline\"><b><span style=\"font-size:14.0pt\">FEIPLAR &amp; FEIPUR &ndash; Feira e Congresso Internacionais de Materiais Avan&ccedil;ados<\/span><\/b><\/a><span style=\"font-size:14.0pt\">, 25 a 27 de agosto de 2026, S&atilde;o Paulo Expo | Pavilh&atilde;o 5, S&atilde;o Paulo, SP, Brasil<\/span><\/span><\/span><\/span><\/p>\r\n\r\n<p style=\"text-align:justify\"><span style=\"font-size:11pt\"><span style=\"line-height:normal\"><span style=\"font-family:Aptos,sans-serif\"><a href=\"https:\/\/ficons.com.br\/\" style=\"color:blue; text-decoration:underline\"><b><span style=\"font-size:14.0pt\">FICONS - Feira Internacional de Materiais, Equipamentos e Servi&ccedil;os da Constru&ccedil;&atilde;o<\/span><\/b><\/a><span style=\"font-size:14.0pt\">, 15 a 18 de setembro de 2026, Centro de Conven&ccedil;&otilde;es de Pernambuco Recife\/ Olinda<\/span><\/span><\/span><\/span><\/p>\r\n\r\n<p style=\"text-align:justify\"><span style=\"font-size:11pt\"><span style=\"line-height:normal\"><span style=\"font-family:Aptos,sans-serif\"><a href=\"https:\/\/www.edana.org\/events\/outlook\/outlook-2025\" style=\"color:blue; text-decoration:underline\"><b><span style=\"font-size:14.0pt\">OUTLOOK&trade; 2026<\/span><\/b><\/a><span style=\"font-size:14.0pt\">, 22&ndash;24 September, Hotel Miragem, Cascais, Portugal<\/span><\/span><\/span><\/span><\/p>\r\n\r\n<p style=\"text-align:justify\"><span style=\"font-size:11pt\"><span style=\"line-height:normal\"><span style=\"font-family:Aptos,sans-serif\"><a href=\"https:\/\/hospitalmed.com.br\/feira\/\" style=\"color:blue; text-decoration:underline\"><b><span style=\"font-size:14.0pt\">HospitalMed<\/span><\/b><\/a><span style=\"font-size:14.0pt\">, 21 a 23 de outubro de 2026, das 14h &agrave;s 20h, Pernambuco Centro de Conven&ccedil;&otilde;es, Olinda<\/span><\/span><\/span><\/span><\/p>\r\n\r\n<p style=\"text-align:justify\"><span style=\"font-size:11pt\"><span style=\"line-height:normal\"><span style=\"font-family:Aptos,sans-serif\"><a href=\"https:\/\/www.edana.org\/events\/edana-sustainability-forum\" style=\"color:blue; text-decoration:underline\"><b><span lang=\"EN-US\" style=\"font-size:14.0pt\">Sustainability &amp; Policy Forum<\/span><\/b><\/a><span lang=\"EN-US\" style=\"font-size:14.0pt\">, 8&ndash;9 December 2026, Residence Palace in Brussels, Belgium<\/span><\/span><\/span><\/span><\/p>\r\n\r\n<p style=\"text-align:justify\"><span style=\"font-size:11pt\"><span style=\"line-height:normal\"><span style=\"font-family:Aptos,sans-serif\"><a href=\"https:\/\/infrane.com.br\/\" style=\"color:blue; text-decoration:underline\"><b><span style=\"font-size:14.0pt\">Infra NE<\/span><\/b><\/a><span style=\"font-size:14.0pt\">, 03 a 05 de mar&ccedil;o de 2027, Centro de Conven&ccedil;&otilde;es Salvador<\/span><\/span><\/span><\/span><\/p>\r\n\r\n<p style=\"text-align:justify\"><span style=\"font-size:28pt\"><span style=\"font-family:Aptos,sans-serif\"><span style=\"letter-spacing:-0.5pt\"><b><span style=\"font-size:18.0pt\"><span style=\"font-variant:small-caps\">Setor<\/span><\/span><\/b><\/span><\/span><\/span><\/p>\r\n\r\n<p style=\"text-align:justify\"><span style=\"font-size:11pt\"><span style=\"line-height:normal\"><span style=\"font-family:Aptos,sans-serif\"><a href=\"https:\/\/portugaltextil.com\/edana-valoriza-inovacoes-da-industria-de-nao-tecidos\/\" style=\"color:blue; text-decoration:underline\"><span style=\"font-size:14.0pt\">Edana valoriza inova&ccedil;&otilde;es da ind&uacute;stria de n&atilde;o-tecidos<\/span><\/a><\/span><\/span><\/span><\/p>\r\n\r\n<p style=\"text-align:justify\"><span style=\"font-size:11pt\"><span style=\"line-height:normal\"><span style=\"font-family:Aptos,sans-serif\"><a href=\"https:\/\/www.saudebusiness.com\/colunistas\/o-avanco-do-reliance-e-o-futuro-da-regulacao-global-de-dispositivos-medicos\/?utm_campaign=BRZ26HPR-MN-ALL-Newsletter-Mar%C3%A7o&amp;utm_emailname=BRZ26HPR-MN-ALL-Newsletter-Mar%C3%A7o&amp;utm_medium=email&amp;utm_source=eloqua&amp;utm_MDMContactID=2bb3d23c-a32f-4218-88d5-29f7fb45caee&amp;utm_campaigntype=Newsletter&amp;eM=50c7dfe42c38ea8f10539f0a167fc763253059e495554a32db7a57f8f237ec4c&amp;eventSeriesCode=ES_HOSPITALAR&amp;eventEditionCode=BRZ26HPR&amp;sessionCode=S_EXHB&amp;sp_eh=50c7dfe42c38ea8f10539f0a167fc763253059e495554a32db7a57f8f237ec4c&amp;elqTrackId=DFE9B8AD7B9F3A021156D44F32E204DB&amp;elq=1bbb66e9d3464c8e97b7e548b33b7a89&amp;elqaid=32450&amp;elqat=1&amp;elqCampaignId=20438&amp;elqak=8AF5CE7F862C7491DD8A65A05AE67FEB41B11BC33FD0427EB912F681AC6F248EA36E\" style=\"color:blue; text-decoration:underline\"><span style=\"font-size:14.0pt\">O avan&ccedil;o do Reliance e o futuro da regula&ccedil;&atilde;o global de dispositivos m&eacute;dicos<\/span><\/a><\/span><\/span><\/span><\/p>\r\n\r\n<p style=\"text-align:justify\"><span style=\"font-size:11pt\"><span style=\"line-height:normal\"><span style=\"font-family:Aptos,sans-serif\"><a href=\"https:\/\/www.quimica.com.br\/industria-quimica-excesso-de-oferta-prejudica-industria-local\/\" style=\"color:blue; text-decoration:underline\"><span style=\"font-size:14.0pt\">Ind&uacute;stria Qu&iacute;mica: Excesso de oferta prejudica ind&uacute;stria local<\/span><\/a><\/span><\/span><\/span><\/p>\r\n\r\n<p style=\"text-align:justify\"><span style=\"font-size:11pt\"><span style=\"line-height:normal\"><span style=\"font-family:Aptos,sans-serif\"><a href=\"https:\/\/plasticosemrevista.com.br\/prova-de-resistencia-a-impactos\/\" style=\"color:blue; text-decoration:underline\"><span style=\"font-size:14.0pt\">Rafia: prova de resist&ecirc;ncia a impactos<\/span><\/a><\/span><\/span><\/span><\/p>\r\n\r\n<p style=\"text-align:justify\"><span style=\"font-size:11pt\"><span style=\"line-height:normal\"><span style=\"font-family:Aptos,sans-serif\"><a href=\"https:\/\/www.textiletechnology.net\/news\/news\/ditf-efficient-textile-filter-against-microplastics-in-wastewater-53113\" style=\"color:blue; text-decoration:underline\"><span lang=\"EN-US\" style=\"font-size:14.0pt\">Efficient textile filter against microplastics in wastewater<\/span><\/a><\/span><\/span><\/span><\/p>\r\n\r\n<p style=\"text-align:justify\"><span style=\"font-size:11pt\"><span style=\"line-height:normal\"><span style=\"font-family:Aptos,sans-serif\"><a href=\"https:\/\/reporternordeste.com.br\/programa-de-obras-em-encostas-traz-seguranca-para-diversas-comunidades-de-maceio\/\" style=\"color:blue; text-decoration:underline\"><span style=\"font-size:14.0pt\">Programa de obras em encostas traz seguran&ccedil;a para diversas comunidades de Macei&oacute;<\/span><\/a><\/span><\/span><\/span><\/p>\r\n\r\n<p style=\"text-align:justify\"><span style=\"font-size:11pt\"><span style=\"line-height:normal\"><span style=\"font-family:Aptos,sans-serif\"><a href=\"https:\/\/portalpersonalcare.com.br\/reducao-do-teto-no-farmacia-popular-reconfigura-dinamica-da-industria-de-fraldas-geriatricas\/?utm_medium=email&amp;utm_campaign=reportagem_especial_reducao_do_teto_no_farmacia_popular_reconfigura_dinamica_da_industria_de_fraldas_geriatricas&amp;utm_source=RD+Station\" style=\"color:blue; text-decoration:underline\"><span style=\"font-size:14.0pt\">Redu&ccedil;&atilde;o do teto no Farm&aacute;cia Popular reconfigura din&acirc;mica da ind&uacute;stria de fraldas geri&aacute;tricas<\/span><\/a><\/span><\/span><\/span><\/p>\r\n\r\n<p style=\"text-align:justify\"><span style=\"font-size:11pt\"><span style=\"line-height:normal\"><span style=\"font-family:Aptos,sans-serif\"><a href=\"https:\/\/exame.com\/mercado-imobiliario\/a-guerra-no-ira-pode-deixar-a-reforma-da-sua-casa-mais-cara-entenda\/\" style=\"color:blue; text-decoration:underline\"><span style=\"font-size:14.0pt\">A Guerra no Ir&atilde; pode deixar a reforma da sua casa mais cara: entenda<\/span><\/a><\/span><\/span><\/span><\/p>\r\n\r\n<p style=\"text-align:justify\"><span style=\"font-size:11pt\"><span style=\"line-height:normal\"><span style=\"font-family:Aptos,sans-serif\"><a href=\"https:\/\/blogdoplastico.wordpress.com\/2026\/04\/02\/feicon-2026-instituto-brasileiro-do-pvc-ressalta-as-qualidades-do-pvc-na-construcao\/\" style=\"color:blue; text-decoration:underline\"><span style=\"font-size:14.0pt\">FEICON 2026: Instituto Brasileiro do PVC ressalta as qualidades do PVC na constru&ccedil;&atilde;o<\/span><\/a><\/span><\/span><\/span><\/p>\r\n\r\n<p style=\"text-align:justify\"><span style=\"font-size:28pt\"><span style=\"font-family:Aptos,sans-serif\"><span style=\"letter-spacing:-0.5pt\"><b><span style=\"font-size:18.0pt\"><span style=\"font-variant:small-caps\">Ind&uacute;stria<\/span><\/span><\/b><\/span><\/span><\/span><\/p>\r\n\r\n<p style=\"text-align:justify\"><span style=\"font-size:11pt\"><span style=\"line-height:normal\"><span style=\"font-family:Aptos,sans-serif\"><a href=\"https:\/\/sinditextilsp.org.br\/home\/2026\/03\/debate-sobre-jornada-de-trabalho-precisa-de-um-ambiente-neutro\/?utm_medium=email&amp;utm_campaign=sindinews_-_310322026&amp;utm_source=RD+Station\" style=\"color:blue; text-decoration:underline\"><span style=\"font-size:14.0pt\">Debate sobre jornada de trabalho precisa de um ambiente neutro<\/span><\/a><\/span><\/span><\/span><\/p>\r\n\r\n<p style=\"text-align:justify\"><span style=\"font-size:11pt\"><span style=\"line-height:normal\"><span style=\"font-family:Aptos,sans-serif\"><a href=\"https:\/\/www.jornaldocomercio.com\/economia\/2026\/04\/1243518-estudo-da-cni-estima-alta-media-de-62-nos-precos-com-reducao-da-jornada-de-trabalho-para-40-horas.html\" style=\"color:blue; text-decoration:underline\"><span style=\"font-size:14.0pt\">Estudo da CNI estima alta m&eacute;dia de 6,2% nos pre&ccedil;os com redu&ccedil;&atilde;o da jornada de trabalho para 40 horas<\/span><\/a> <\/span><\/span><\/span><\/p>\r\n\r\n<p style=\"text-align:justify\"><span style=\"font-size:11pt\"><span style=\"line-height:normal\"><span style=\"font-family:Aptos,sans-serif\"><a href=\"https:\/\/hub.ind.br\/conflito-no-oriente-medio-pressiona-mercados-mas-nao-ha-risco-de-desabastecimento-no-brasil\/\" style=\"color:blue; text-decoration:underline\"><span style=\"font-size:14.0pt\">Conflito no Oriente M&eacute;dio pressiona mercados, mas n&atilde;o h&aacute; risco de desabastecimento no Brasil<\/span><\/a><\/span><\/span><\/span><\/p>\r\n\r\n<p style=\"text-align:justify\"><span style=\"font-size:11pt\"><span style=\"line-height:normal\"><span style=\"font-family:Aptos,sans-serif\"><a href=\"https:\/\/anba.com.br\/petrobras-estuda-autossuficiencia-em-diesel\/\" style=\"color:blue; text-decoration:underline\"><span style=\"font-size:14.0pt\">Petrobras estuda autossufici&ecirc;ncia em diesel<\/span><\/a><\/span><\/span><\/span><\/p>\r\n\r\n<p style=\"text-align:justify\"><span style=\"font-size:11pt\"><span style=\"line-height:normal\"><span style=\"font-family:Aptos,sans-serif\"><a href=\"https:\/\/portalibre.fgv.br\/system\/files\/divulgacao\/noticias\/mat-complementar\/2026-04\/%C3%8Dndice%20de%20Confian%C3%A7a%20Empresarial%20FGV_press%20release_Mar26.pdf\" style=\"color:blue; text-decoration:underline\"><span style=\"font-size:14.0pt\">Confian&ccedil;a Empresarial recua em mar&ccedil;o<\/span><\/a><\/span><\/span><\/span><\/p>\r\n\r\n<p style=\"text-align:justify\"><span style=\"font-size:11pt\"><span style=\"line-height:normal\"><span style=\"font-family:Aptos,sans-serif\"><a href=\"https:\/\/veja.abril.com.br\/brasil\/cni-comemora-nova-linha-de-credito-do-bndes-de-r-10-bilhoes\/\" style=\"color:blue; text-decoration:underline\"><span style=\"font-size:14.0pt\">CNI comemora nova linha de cr&eacute;dito do BNDES de R$ 10 bilh&otilde;es<\/span><\/a><\/span><\/span><\/span><\/p>\r\n\r\n<p style=\"text-align:justify\"><span style=\"font-size:11pt\"><span style=\"line-height:normal\"><span style=\"font-family:Aptos,sans-serif\"><a href=\"https:\/\/www.tribunadosertao.com.br\/geral\/2026\/04\/01\/881920-china-deve-responder-por-um-terco-das-vendas-de-carros-no-brasil-em-10-anos-projeta-ex-presidente-da-anfavea\" style=\"color:blue; text-decoration:underline\"><span style=\"font-size:14.0pt\">China deve responder por um ter&ccedil;o das vendas de carros no Brasil em 10 anos, projeta ex-presidente da Anfavea<\/span><\/a><\/span><\/span><\/span><\/p>\r\n\r\n<p style=\"text-align:justify\"><span style=\"font-size:11pt\"><span style=\"line-height:normal\"><span style=\"font-family:Aptos,sans-serif\"><a href=\"https:\/\/exclusivo.com.br\/negocios\/producao-brasileira-de-calcados-caiu-quase-2-em-2025\/\" style=\"color:blue; text-decoration:underline\"><span style=\"font-size:14.0pt\">Produ&ccedil;&atilde;o brasileira de cal&ccedil;ados caiu quase 2% em 2025<\/span><\/a><\/span><\/span><\/span><\/p>\r\n\r\n<p style=\"text-align:justify\"><span style=\"font-size:28pt\"><span style=\"font-family:Aptos,sans-serif\"><span style=\"letter-spacing:-0.5pt\"><b><span style=\"font-size:18.0pt\"><span style=\"font-variant:small-caps\">Sustentabilidade<\/span><\/span><\/b><\/span><\/span><\/span><\/p>\r\n\r\n<p style=\"text-align:justify\"><span style=\"font-size:11pt\"><span style=\"line-height:normal\"><span style=\"font-family:Aptos,sans-serif\"><a href=\"https:\/\/conectaverde.com.br\/setor-de-reciclagem-ganha-incentivos-fiscais\/\" style=\"color:blue; text-decoration:underline\"><span style=\"font-size:14.0pt\">Setor de reciclagem ganha incentivos fiscais<\/span><\/a><\/span><\/span><\/span><\/p>\r\n\r\n<p style=\"text-align:justify\"><span style=\"font-size:11pt\"><span style=\"line-height:normal\"><span style=\"font-family:Aptos,sans-serif\"><a href=\"https:\/\/noticiasambientales.com\/sustentabilidade\/reutilizacao-de-residuos-havai-usa-plasticos-reciclados-para-alcancar-o-asfalto-sustentavel\/\" style=\"color:blue; text-decoration:underline\"><span style=\"font-size:14.0pt\">Reutiliza&ccedil;&atilde;o de res&iacute;duos: Hava&iacute; usa pl&aacute;sticos reciclados para alcan&ccedil;ar o asfalto sustent&aacute;vel<\/span><\/a><\/span><\/span><\/span><\/p>\r\n\r\n<p style=\"text-align:justify\"><span style=\"font-size:11pt\"><span style=\"line-height:normal\"><span style=\"font-family:Aptos,sans-serif\"><a href=\"https:\/\/app.rdstation.email\/mail\/09b9160a-e57c-4f95-8990-a1d6cd04e567?utm_medium=email&amp;utm_campaign=pos-graduacao_-_economia_circular_20261&amp;utm_source=RD+Station\" style=\"color:blue; text-decoration:underline\"><span style=\"font-size:14.0pt\">SENAI CETIQT | P&oacute;s-gradua&ccedil;&atilde;o em Economia Circular e Produ&ccedil;&atilde;o Sustent&aacute;vel<\/span><\/a><\/span><\/span><\/span><\/p>\r\n\r\n<p style=\"text-align:justify\"><span style=\"font-size:28pt\"><span style=\"font-family:Aptos,sans-serif\"><span style=\"letter-spacing:-0.5pt\"><b><span style=\"font-size:18.0pt\"><span style=\"font-variant:small-caps\">Inova&ccedil;&atilde;o<\/span><\/span><\/b><\/span><\/span><\/span><\/p>\r\n\r\n<p style=\"text-align:justify\"><span style=\"font-size:11pt\"><span style=\"line-height:normal\"><span style=\"font-family:Aptos,sans-serif\"><a href=\"https:\/\/portalpersonalcare.com.br\/industria-5-0-avanca-na-industria-de-cuidados-pessoais-e-reposiciona-o-papel-da-tecnologia-e-das-pessoas\/?utm_medium=email&amp;utm_campaign=newsletter_01042026&amp;utm_source=RD+Station\" style=\"color:blue; text-decoration:underline\"><span style=\"font-size:14.0pt\">Ind&uacute;stria 5.0 avan&ccedil;a na ind&uacute;stria de cuidados pessoais e reposiciona o papel da tecnologia e das pessoas<\/span><\/a><\/span><\/span><\/span><\/p>\r\n\r\n<p style=\"text-align:justify\"><span style=\"font-size:11pt\"><span style=\"line-height:normal\"><span style=\"font-family:Aptos,sans-serif\"><a href=\"https:\/\/clickpetroleoegas.com.br\/cientistas-revelam-novo-metodo-com-luz-solar-que-transforma-plastico-em-vinagre-e-pode-virar-o-jogo-contra-a-poluicao-convertendo-residuos-em-solucao-sustentavel-com-impacto-global-fu-hl1402\/\" style=\"color:blue; text-decoration:underline\"><span style=\"font-size:14.0pt\">Cientistas revelam novo m&eacute;todo com luz solar que transforma pl&aacute;stico em vinagre e pode virar o jogo contra a polui&ccedil;&atilde;o<\/span><\/a><\/span><\/span><\/span><\/p>\r\n\r\n<p style=\"text-align:justify\"><span style=\"font-size:11pt\"><span style=\"line-height:normal\"><span style=\"font-family:Aptos,sans-serif\"><a href=\"https:\/\/zap.aeiou.pt\/cientistas-transformaram-residuos-plasticos-em-medicamento-comum-734631\" style=\"color:blue; text-decoration:underline\"><span style=\"font-size:14.0pt\">Cientistas transformaram res&iacute;duos pl&aacute;sticos em medicamento para Parkinson<\/span><\/a><\/span><\/span><\/span><\/p>\r\n\r\n<p style=\"text-align:justify\"><span style=\"font-size:11pt\"><span style=\"line-height:normal\"><span style=\"font-family:Aptos,sans-serif\"><a href=\"https:\/\/noticias.lide.com.br\/noticias-lide\/revista-lide-conteudo-exclusivo\/lei-do-bem-impulsiona-investimentos-em-pd-e-supera-r-50-bilhoes-no-brasil?utm_source=innovgov.beehiiv.com&amp;utm_medium=newsletter&amp;utm_campaign=ola-sua-dose-semanal-de-inovacao-publica-chegou&amp;_bhlid=269ed7f7b50af6e5d2a09770fe4853bc139e0de9\" style=\"color:blue; text-decoration:underline\"><span style=\"font-size:14.0pt\">Lei do Bem impulsiona investimentos em P&amp;D e supera R$ 50 bilh&otilde;es no Brasil<\/span><\/a><\/span><\/span><\/span><\/p>\r\n\r\n<p style=\"text-align:justify\"><span style=\"font-size:11pt\"><span style=\"line-height:normal\"><span style=\"font-family:Aptos,sans-serif\"><a href=\"https:\/\/convergenciadigital.com.br\/governo\/decretos-injetam-r-35-bilhoes-na-finep-e-projetam-r-30-bilhoes-para-inovacao-ate-2028\/?utm_source=innovgov.beehiiv.com&amp;utm_medium=newsletter&amp;utm_campaign=ola-sua-dose-semanal-de-inovacao-publica-chegou&amp;_bhlid=0d5a1fd71ec693af3cfd3c5fcd306dcc9426744e\" style=\"color:blue; text-decoration:underline\"><span style=\"font-size:14.0pt\">Decretos injetam R$ 3,5 bilh&otilde;es na Finep e projetam R$ 30 bilh&otilde;es para inova&ccedil;&atilde;o at&eacute; 2028<\/span><\/a><\/span><\/span><\/span><\/p>\r\n\r\n<p style=\"text-align:justify\"><span style=\"font-size:28pt\"><span style=\"font-family:Aptos,sans-serif\"><span style=\"letter-spacing:-0.5pt\"><b><span style=\"font-size:18.0pt\"><span style=\"font-variant:small-caps\">Com&eacute;rcio Exterior<\/span><\/span><\/b><\/span><\/span><\/span><\/p>\r\n\r\n<p style=\"text-align:justify\"><span style=\"font-size:11pt\"><span style=\"line-height:normal\"><span style=\"font-family:Aptos,sans-serif\"><a href=\"https:\/\/public-api.wordpress.com\/bar\/?stat=groovemails-events&amp;bin=wpcom_email_click&amp;redirect_to=https%3A%2F%2Fblogdoplastico.wordpress.com%2F2026%2F04%2F02%2Fadirplast-guerra-no-ira-ja-pressiona-oferta-e-eleva-precos-de-resinas-no-brasil%2F&amp;sr=0&amp;signature=f7e30b397f952c05be9c99cf4fc760c8&amp;blog_id=9438832&amp;user=135099004&amp;_e=eyJlcnJvciI6bnVsbCwiYmxvZ19pZCI6OTQzODgzMiwiYmxvZ19sYW5nIjoicHQtQlIiLCJzaXRlX2lkX2xhYmVsIjoid3Bjb20iLCJoYXNfZmVhdHVyZWRfaW1hZ2UiOiIwIiwic3Vic2NyaWJlcl9pZCI6IjQ0NzAwMjQ1IiwiX3VpIjoxMzUwOTkwMDQsImxvY2FsZSI6InB0LWJyIiwiY3VycmVuY3kiOiJCUkwiLCJjb3VudHJ5X2NvZGVfc2lnbnVwIjoiQlIiLCJzaWdudXBfZmxvd19uYW1lIjoiZGVsdGEtc2l0ZSIsImVtYWlsX2RvbWFpbiI6ImFiaW50Lm9yZy5iciIsInBvc3RfaWQiOjE5ODIyLCJ1c2VyX2VtYWlsIjoiYWJpbnRAYWJpbnQub3JnLmJyIiwiZGF0ZV9zZW50IjoiMjAyNi0wNC0wMyIsImVtYWlsX25hbWUiOiJuZXctcG9zdCIsInRlbXBsYXRlIjoibmV3LXBvc3QiLCJlbWFpbF9pZCI6ImQ3NWJmMzJlNjk4Zjg5YTg2N2RhMWRkNDI1ZGY5NjZmIiwibGlua19kZXNjIjoicG9zdC11cmwiLCJhbmNob3JfdGV4dCI6IkFkaXJwbGFzdDogR3VlcnJhIG5vIElyXHUwMGUzIGpcdTAwZTEgcHJlc3Npb25hIG9mZXJ0YSBlIGVsZXZhIHByZVx1MDBlN29zIGRlIHJlc2luYXMgbm9cdTAwYTBCcmFzaWwiLCJfZHIiOm51bGwsIl9kbCI6Ilwvd3AtYWRtaW5cL3Bvc3QucGhwIiwiX3V0Ijoid3Bjb206dXNlcl9pZCIsIl91bCI6ImFiaW50dHQiLCJfZW4iOiJ3cGNvbV9lbWFpbF9jbGljayIsIl90cyI6MTc3NTE4MTYwMDcxOSwiYnJvd3Nlcl90eXBlIjoicGhwLWFnZW50IiwiX2F1YSI6IndwY29tLXRyYWNrcy1jbGllbnQtdjAuMyIsImJsb2dfdHoiOiItMyIsInVzZXJfbGFuZyI6InB0LWJyIn0&amp;_z=z\" style=\"color:blue; text-decoration:underline\"><span style=\"font-size:14.0pt\">Adirplast: Guerra no Ir&atilde; j&aacute; pressiona oferta e eleva pre&ccedil;os de resinas no Brasil<\/span><\/a><\/span><\/span><\/span><\/p>\r\n\r\n<p style=\"text-align:justify\"><span style=\"font-size:11pt\"><span style=\"line-height:normal\"><span style=\"font-family:Aptos,sans-serif\"><a href=\"https:\/\/noticias.r7.com\/internacional\/produtos-plasticos-podem-ter-seu-preco-elevado-durante-guerra-no-ira-dizem-especialistas-30032026\/\" style=\"color:blue; text-decoration:underline\"><span style=\"font-size:14.0pt\">Produtos pl&aacute;sticos podem ter seu pre&ccedil;o elevado durante guerra no Ir&atilde;, dizem especialistas<\/span><\/a><\/span><\/span><\/span><\/p>\r\n\r\n<p style=\"text-align:justify\"><span style=\"font-size:11pt\"><span style=\"line-height:normal\"><span style=\"font-family:Aptos,sans-serif\"><a href=\"https:\/\/anba.com.br\/ormuz-20-da-energia-30-do-glp-e-50-do-enxofre\/\" style=\"color:blue; text-decoration:underline\"><span style=\"font-size:14.0pt\">Ormuz: 20% da energia, 30% do GLP e 50% do enxofre<\/span><\/a><\/span><\/span><\/span><\/p>\r\n\r\n<p style=\"text-align:justify\"><span style=\"font-size:11pt\"><span style=\"line-height:normal\"><span style=\"font-family:Aptos,sans-serif\"><a href=\"https:\/\/comunidadtextil.com\/wpnews\/2026\/03\/la-crisis-politica-mundial-ya-obliga-a-fuertes-cambios-en-la-industria-textil-global\/?utm_source=email_marketing&amp;utm_admin=28519&amp;utm_medium=email&amp;utm_campaign=NOTICIAS_de_las_Industrias_Textil_Confecciones_y_Moda\" style=\"color:blue; text-decoration:underline\"><span style=\"font-size:14.0pt\">La crisis pol&iacute;tica mundial ya obliga a fuertes cambios en la industria textil global<\/span><\/a><\/span><\/span><\/span><\/p>\r\n\r\n<p style=\"text-align:justify\"><span style=\"font-size:11pt\"><span style=\"line-height:normal\"><span style=\"font-family:Aptos,sans-serif\"><a href=\"https:\/\/www.metropoles.com\/brasil\/senado-aprova-acordo-comercial-entre-mercosul-e-uniao-europeia\" style=\"color:blue; text-decoration:underline\"><span style=\"font-size:14.0pt\">Senado aprova acordo comercial entre Mercosul e Uni&atilde;o Europeia<\/span><\/a><\/span><\/span><\/span><\/p>\r\n\r\n<p style=\"text-align:justify\"><span style=\"font-size:11pt\"><span style=\"line-height:normal\"><span style=\"font-family:Aptos,sans-serif\"><a href=\"https:\/\/www.moveisdevalor.com.br\/portal\/mvtv.php?id=1053\" style=\"color:blue; text-decoration:underline\"><span style=\"font-size:14.0pt\">Acordo Mercosul-UE &eacute; uma oportunidade ou ilus&atilde;o para m&oacute;veis?<\/span><\/a><\/span><\/span><\/span><\/p>\r\n\r\n<p style=\"text-align:justify\"><span style=\"font-size:28pt\"><span style=\"font-family:Aptos,sans-serif\"><span style=\"letter-spacing:-0.5pt\"><b><span style=\"font-size:18.0pt\"><span style=\"font-variant:small-caps\">Economia<\/span><\/span><\/b><\/span><\/span><\/span><\/p>\r\n\r\n<p style=\"text-align:justify\"><span style=\"font-size:11pt\"><span style=\"line-height:normal\"><span style=\"font-family:Aptos,sans-serif\"><a href=\"https:\/\/www.bcb.gov.br\/content\/focus\/focus\/R20260402.pdf\" style=\"color:blue; text-decoration:underline\"><span style=\"font-size:14.0pt\">Focus | Relat&oacute;rio de Mercado<\/span><\/a><\/span><\/span><\/span><\/p>\r\n\r\n<p style=\"text-align:justify\"><span style=\"font-size:11pt\"><span style=\"line-height:normal\"><span style=\"font-family:Aptos,sans-serif\"><a href=\"https:\/\/www.bcb.gov.br\/content\/controleinflacao\/focusdistribuicoesfrequencia\/P20260406-Focus-Distribuicoes-de-frequencia.pdf\" style=\"color:blue; text-decoration:underline\"><span style=\"font-size:14.0pt\">Focus &ndash; Distribui&ccedil;&otilde;es de Frequ&ecirc;ncia das Expectativas de Mercado para IPCA, Selic, PIB e C&acirc;mbio<\/span><\/a><\/span><\/span><\/span><\/p>\r\n\r\n<p style=\"text-align:justify\"><span style=\"font-size:11pt\"><span style=\"line-height:normal\"><span style=\"font-family:Aptos,sans-serif\"><a href=\"https:\/\/comunidadtextil.com\/wpnews\/2026\/02\/pronostican-que-el-mercado-de-brasil-se-expandira-a-una-tasa-del-78-en-2026-2034\/?utm_source=email_marketing&amp;utm_admin=28519&amp;utm_medium=email&amp;utm_campaign=NOTICIAS_de_las_Industrias_Textil_Confecciones_y_Moda\" style=\"color:blue; text-decoration:underline\"><span lang=\"ES-AR\" style=\"font-size:14.0pt\">Textiles | Pronostican que el mercado de Brasil se expandir&aacute; a una tasa del 7,8% en 2026-2034<\/span><\/a><\/span><\/span><\/span><\/p>\r\n\r\n<p style=\"text-align:justify\"><span style=\"font-size:11pt\"><span style=\"line-height:normal\"><span style=\"font-family:Aptos,sans-serif\"><a href=\"https:\/\/www.youtube.com\/watch?v=GxsWwZyVeVg\" style=\"color:blue; text-decoration:underline\"><span style=\"font-size:14.0pt\">FGV IBRE | Os Impactos do Cen&aacute;rio Externo na Economia Brasileira | Economia em 15<\/span><\/a><\/span><\/span><\/span><\/p>\r\n\r\n<p style=\"text-align:justify\"><span style=\"font-size:11pt\"><span style=\"line-height:normal\"><span style=\"font-family:Aptos,sans-serif\"><a href=\"https:\/\/portalibre.fgv.br\/system\/files\/divulgacao\/noticias\/mat-complementar\/2026-04\/Apresenta%C3%A7%C3%A3o%20-%20S%C3%ADntese%20das%20Sondagens%20-%20Mar%C3%A7o%202026.pdf\" style=\"color:blue; text-decoration:underline\"><span style=\"font-size:14.0pt\">Resumo dos resultados das Sondagens do FGV IBRE em mar&ccedil;o<\/span><\/a><\/span><\/span><\/span><\/p>\r\n\r\n<p style=\"text-align:justify\"><span style=\"font-size:11pt\"><span style=\"line-height:normal\"><span style=\"font-family:Aptos,sans-serif\"><a href=\"https:\/\/www.iadb.org\/pt-br\/blog\/pesquisa-para-o-desenvolvimento\/fortalecendo-resiliencia-da-america-latina-e-do-caribe-em-meio-incerteza-global?utm_source=email&amp;utm_medium=newsletter&amp;utm_campaign=fortalecendo-resiliencia-da-america&amp;utm_term=exc\/dcc\" style=\"color:blue; text-decoration:underline\"><span style=\"font-size:14.0pt\">Fortalecendo a resili&ecirc;ncia da Am&eacute;rica Latina e do Caribe em meio &agrave; incerteza global<\/span><\/a><\/span><\/span><\/span><\/p>\r\n\r\n<p style=\"text-align:justify\"><span style=\"font-size:11pt\"><span style=\"line-height:normal\"><span style=\"font-family:Aptos,sans-serif\"><span style=\"font-size:14.0pt\"><img src=\"https:\/\/www.abint.org.br\/assets\/img\/editor\/redes-sociais-abint-ctg-cth_20260407191027RiK7i7eslt.jpg\" \/><\/span><\/span><\/span><\/span><\/p>\r\n","texto_en":"","7":"","imagem":"COMP_capa-2026-site-boletim-abint-noticias-semanis_202604071913010pAR6CAus8.jpg","8":"COMP_capa-2026-site-boletim-abint-noticias-semanis_202604071913010pAR6CAus8.jpg","arquivo":"20260407-BOLETIM-ABINT-DE-NOTICIAS-SEMANAIS.PDF","9":"20260407-BOLETIM-ABINT-DE-NOTICIAS-SEMANAIS.PDF","titulo_arquivo":"20260407 Boletim ABINT de Not\u00edcias Semanais","10":"20260407 Boletim ABINT de Not\u00edcias Semanais","titulo_arquivo_en":"","11":"","created_at":"2026-04-07 19:13:10","12":"2026-04-07 19:13:10","updated_at":"2026-04-07 19:13:30","13":"2026-04-07 19:13:30"},{"id":225,"0":225,"ordem":0,"1":0,"data":"2026-03-31","2":"2026-03-31","slug":"boletim-abint-de-noticias-semanais-120","3":"boletim-abint-de-noticias-semanais-120","titulo":"Boletim ABINT de Not\u00edcias Semanais","4":"Boletim ABINT de Not\u00edcias Semanais","titulo_en":"","5":"","texto":"<p style=\"text-align:justify\"><span style=\"font-size:11pt\"><span style=\"line-height:normal\"><span style=\"font-family:Aptos,sans-serif\"><span style=\"font-size:14.0pt\">Esta &eacute; uma compila&ccedil;&atilde;o das not&iacute;cias mais relevantes para o setor, incluindo informa&ccedil;&otilde;es sobre acordos internacionais, economia brasileira, sustentabilidade e mat&eacute;rias primas, al&eacute;m de novidades do setor de N&atilde;otecidos e Tecidos T&eacute;cnicos.<\/span><\/span><\/span><\/span><\/p>\r\n\r\n<p style=\"text-align:justify\"><span style=\"font-size:28pt\"><span style=\"font-family:Aptos,sans-serif\"><span style=\"letter-spacing:-0.5pt\"><b><span style=\"font-size:18.0pt\"><span style=\"font-variant:small-caps\">O que vem por a&iacute;<\/span><\/span><\/b><\/span><\/span><\/span><\/p>\r\n\r\n<p style=\"text-align:justify\"><img src=\"https:\/\/www.abint.org.br\/assets\/img\/editor\/post-quadrado-curso-naotecido-2026-2_20260326131535BHeNIfVpbl.png\" style=\"width: 500px; height: 500px;\" \/><\/p>\r\n\r\n<p style=\"text-align:justify\"><span style=\"font-size:11pt\"><span style=\"line-height:normal\"><span style=\"font-family:Aptos,sans-serif\"><a href=\"https:\/\/forms.gle\/SMUvLuH5kKYh745eA\" style=\"color:blue; text-decoration:underline\"><b><span style=\"font-size:14.0pt\">Informa&ccedil;&otilde;es e inscri&ccedil;&otilde;es<\/span><\/b><\/a><\/span><\/span><\/span><\/p>\r\n\r\n<p style=\"text-align:justify\"><span style=\"font-size:28pt\"><span style=\"font-family:Aptos,sans-serif\"><span style=\"letter-spacing:-0.5pt\"><b><span style=\"font-size:18.0pt\"><span style=\"font-variant:small-caps\">Not&iacute;cias das Associadas<\/span><\/span><\/b><\/span><\/span><\/span><\/p>\r\n\r\n<p style=\"text-align:justify\"><span style=\"font-size:11pt\"><span style=\"line-height:normal\"><span style=\"font-family:Aptos,sans-serif\"><a href=\"https:\/\/blogdoplastico.wordpress.com\/2026\/03\/23\/dia-da-agua-geossinteticos-conferem-protecao-economia-e-sustentabilidade\/\" style=\"color:blue; text-decoration:underline\"><span style=\"font-size:14.0pt\">Dia da &Aacute;gua: geossint&eacute;ticos conferem prote&ccedil;&atilde;o, economia e sustentabilidade<\/span><\/a><\/span><\/span><\/span><\/p>\r\n\r\n<p style=\"text-align:justify\"><span style=\"font-size:11pt\"><span style=\"line-height:normal\"><span style=\"font-family:Aptos,sans-serif\"><a href=\"https:\/\/www.nonwovens-industry.com\/library\/from-field-to-sustainable-products\/?utm_campaign=NON%20eNewsletter&amp;utm_medium=email&amp;_hsenc=p2ANqtz-90eM9cNOi2DH0VqX0-UQ_gKp7wyV58tYGA7qMN3bsU84m31z2ykLCe8b3XxChQAVQfn36svT8WYsEQasgkDn8sHAJyvg&amp;_hsmi=410783586&amp;utm_content=410783586&amp;utm_source=hs_email\" style=\"color:blue; text-decoration:underline\"><span lang=\"EN-US\" style=\"font-size:14.0pt\">Andritz | From field to sustainable products<\/span><\/a><\/span><\/span><\/span><\/p>\r\n\r\n<p style=\"text-align:justify\"><span style=\"font-size:11pt\"><span style=\"line-height:normal\"><span style=\"font-family:Aptos,sans-serif\"><a href=\"https:\/\/innovationintextiles.com\/trutzschler-at-techtextil-2026\/\" style=\"color:blue; text-decoration:underline\"><span style=\"font-size:14.0pt\">Tr&uuml;tzschler na Techtextil 2026<\/span><\/a><\/span><\/span><\/span><\/p>\r\n\r\n<p style=\"text-align:justify\"><span style=\"font-size:11pt\"><span style=\"line-height:normal\"><span style=\"font-family:Aptos,sans-serif\"><b><span style=\"font-size:18.0pt\"><span style=\"font-variant:small-caps\">Eventos<\/span><\/span><\/b><\/span><\/span><\/span><\/p>\r\n\r\n<p style=\"text-align:justify\"><span style=\"font-size:11pt\"><span style=\"line-height:normal\"><span style=\"font-family:Aptos,sans-serif\"><a href=\"https:\/\/evento.fgv.br\/seminariopoliticia0604-703685\/?utm_source=email2b&amp;utm_medium=e-mail&amp;utm_campaign=inscri%C3%A7%C3%A3o+XII+Semin%C3%A1rio+Anual+de+Pol%C3%ADtica+Monet%C3%A1ria+&amp;utm_id=divulga%C3%A7%C3%A3o+dicom\" style=\"color:blue; text-decoration:underline\"><b><span style=\"font-size:14.0pt\">FGV IBRE | XII Semin&aacute;rio Anual de Pol&iacute;tica Monet&aacute;ria<\/span><\/b><\/a><span style=\"font-size:14.0pt\">, 06 de abril de 2026, 14h, Centro Cultural FGV Praia de Botafogo, 186 Botafogo, Rio de Janeiro\/RJ<\/span><\/span><\/span><\/span><\/p>\r\n\r\n<p style=\"text-align:justify\"><span style=\"font-size:11pt\"><span style=\"line-height:normal\"><span style=\"font-family:Aptos,sans-serif\"><a href=\"https:\/\/app.rdstation.email\/mail\/160beb6a-6c00-4653-ba05-d2c4b78ff465?utm_medium=email&amp;utm_campaign=webinar_lancamento_panora_residuos_texteis&amp;utm_source=RD+Station\" style=\"color:blue; text-decoration:underline\"><b><span style=\"font-size:14.0pt\">Webinar Abit | Projeto Panorama dos Res&iacute;duos T&ecirc;xteis<\/span><\/b><\/a><span style=\"font-size:14.0pt\">, 15 de abril de 20026, 10h &agrave;s 11h, evento virtual<\/span><\/span><\/span><\/span><\/p>\r\n\r\n<p style=\"text-align:justify\"><span style=\"font-size:11pt\"><span style=\"line-height:normal\"><span style=\"font-family:Aptos,sans-serif\"><a href=\"https:\/\/forumabre.org.br\/\" style=\"color:blue; text-decoration:underline\"><b><span style=\"font-size:14.0pt\">F&oacute;rum Abre de Sustentabilidade<\/span><\/b><\/a><span style=\"font-size:14.0pt\">, 15 e 16 de abril de 2026, em S&atilde;o Paulo<\/span><\/span><\/span><\/span><\/p>\r\n\r\n<p style=\"text-align:justify\"><span style=\"font-size:11pt\"><span style=\"line-height:normal\"><span style=\"font-family:Aptos,sans-serif\"><a href=\"https:\/\/biotexfuture.info\/wp-content\/uploads\/2026\/03\/Agenda_BTF_InnovationDay_Spring_04032026.pdf\" style=\"color:blue; text-decoration:underline\"><b><span lang=\"EN-US\" style=\"font-size:14.0pt\">Innovation Day &ldquo;Harvesting Innovation: Bridging Agriculture and Textiles&rdquo;<\/span><\/b><\/a><span lang=\"EN-US\" style=\"font-size:14.0pt\">, 5 May 2026, 09:30 &ndash; 14:00 CEST (online streaming starts at 10:00), ITA, Otto-Blumenthal-Stra&szlig;e 1, 52074 Aachen or online (link will be provided upon registration)<\/span><\/span><\/span><\/span><\/p>\r\n\r\n<p style=\"text-align:justify\"><span style=\"font-size:11pt\"><span style=\"line-height:normal\"><span style=\"font-family:Aptos,sans-serif\"><a href=\"https:\/\/www.feimec.com.br\/pt\/home.html\" style=\"color:blue; text-decoration:underline\"><b><span style=\"font-size:14.0pt\">FEIMEC - Feira Internacional de M&aacute;quinas e Equipamentos<\/span><\/b><\/a><span style=\"font-size:14.0pt\">, 05 a 09 de maio de 2026, ter&ccedil;a a sexta - 10h &agrave;s 19h | s&aacute;bado - 9h &agrave;s 17h, S&atilde;o Paulo Expo, Rod. dos Imigrantes, KM 1,5<\/span><\/span><\/span><\/span><\/p>\r\n\r\n<p style=\"text-align:justify\"><span style=\"font-size:11pt\"><span style=\"line-height:normal\"><span style=\"font-family:Aptos,sans-serif\"><a href=\"https:\/\/www.hospitalar.com\/?utm_campaign=BRZ26HPR-MN-CREDENCIAMENTO-ABERTO&amp;utm_emailname=BRZ26HPR-MN-CREDENCIAMENTO-ABERTO-1-Resend&amp;utm_medium=email&amp;utm_source=eloqua&amp;utm_MDMContactID=2bb3d23c-a32f-4218-88d5-29f7fb45caee&amp;utm_campaigntype=Visitor%20Promotion&amp;eM=50c7dfe42c38ea8f10539f0a167fc763253059e495554a32db7a57f8f237ec4c&amp;eventSeriesCode=ES_HOSPITALAR&amp;eventEditionCode=BRZ26HPR&amp;sessionCode=S_EXHB&amp;sp_eh=50c7dfe42c38ea8f10539f0a167fc763253059e495554a32db7a57f8f237ec4c\" style=\"color:blue; text-decoration:underline\"><b><span style=\"font-size:14.0pt\">Hospitalar 2026<\/span><\/b><\/a><span style=\"font-size:14.0pt\">, 19 a 22 de maio, das 11h &agrave;s 20h, S&atilde;o Paulo Expo<\/span><\/span><\/span><\/span><\/p>\r\n\r\n<p style=\"text-align:justify\"><span style=\"font-size:11pt\"><span style=\"line-height:normal\"><span style=\"font-family:Aptos,sans-serif\"><a href=\"https:\/\/credenciamentonexumgroup.lovable.app\/evento\/personal-care-summit-latinoamerica-2026\" style=\"color:blue; text-decoration:underline\"><b><span style=\"font-size:14.0pt\">Personal Care Summit Latinoam&eacute;rica | I<\/span><\/b><b><span style=\"font-size:14.0pt\">nd&uacute;stria 5.0: Tecnologia e Pessoas<\/span><\/b><\/a><span style=\"font-size:14.0pt\">, 09 de junho de 2026, Hotel Pullman, Guarulhos, SP<\/span><\/span><\/span><\/span><\/p>\r\n\r\n<p style=\"text-align:justify\"><span style=\"font-size:11pt\"><span style=\"line-height:normal\"><span style=\"font-family:Aptos,sans-serif\"><a href=\"https:\/\/www.hightex.com.tr\/\" style=\"color:blue; text-decoration:underline\"><b><span lang=\"EN-US\" style=\"font-size:14.0pt\">HIGTEX 2026 &ndash; International Technical Textiles and Nonwoven Exhibition<\/span><\/b><\/a><span lang=\"EN-US\" style=\"font-size:14.0pt\">, June 9&ndash;13, T&Uuml;YAP Fair and Congress Center, \u0130stanbul, T&uuml;rkiye<\/span><\/span><\/span><\/span><\/p>\r\n\r\n<p style=\"text-align:justify\"><span style=\"font-size:11pt\"><span style=\"line-height:normal\"><span style=\"font-family:Aptos,sans-serif\"><a href=\"https:\/\/www.worldofwipes.org\/\" style=\"color:blue; text-decoration:underline\"><b><span lang=\"EN-US\" style=\"font-size:14.0pt\">INDA | WOW - World of Wipes International Conference<\/span><\/b><\/a><span lang=\"EN-US\" style=\"font-size:14.0pt\">, June 29&ndash;July 2, 2026, Grand Hyatt Nashville, Nashville, Tennessee USA<\/span><\/span><\/span><\/span><\/p>\r\n\r\n<p style=\"text-align:justify\"><span style=\"font-size:11pt\"><span style=\"line-height:normal\"><span style=\"font-family:Aptos,sans-serif\"><a href=\"https:\/\/filtech.de\/\" style=\"color:blue; text-decoration:underline\"><b><span style=\"font-size:14.0pt\">Filtech 2026<\/span><\/b><\/a><span style=\"font-size:14.0pt\">, 30 de junho a 2 de julho, Cologne, Alemanha<\/span><\/span><\/span><\/span><\/p>\r\n\r\n<p style=\"text-align:justify\"><span style=\"font-size:11pt\"><span style=\"line-height:normal\"><span style=\"font-family:Aptos,sans-serif\"><a href=\"https:\/\/www.formobile.com.br\/pt\/home.html\" style=\"color:blue; text-decoration:underline\"><b><span style=\"font-size:14.0pt\">ForM&oacute;bile 2026<\/span><\/b><\/a><span style=\"font-size:14.0pt\">, 30 de junho a 3 de julho, S&atilde;o Paulo Expo<\/span><\/span><\/span><\/span><\/p>\r\n\r\n<p style=\"text-align:justify\"><span style=\"font-size:11pt\"><span style=\"line-height:normal\"><span style=\"font-family:Aptos,sans-serif\"><a href=\"https:\/\/sienge.com.br\/construsummit\/\" style=\"color:blue; text-decoration:underline\"><b><span style=\"font-size:14.0pt\">Construsummit<\/span><\/b><\/a><span style=\"font-size:14.0pt\">, 1 e 2 de julho de 2026, Florian&oacute;polis, SC<\/span><\/span><\/span><\/span><\/p>\r\n\r\n<p style=\"text-align:justify\"><span style=\"font-size:11pt\"><span style=\"line-height:normal\"><span style=\"font-family:Aptos,sans-serif\"><a href=\"https:\/\/info.fastmarkets.com\/index.php\/email\/emailWebview?email=OTMwLVlTTi0zNDIAAAGgm9GYB4UXisBYfG6V1YgLbIkX8OtKVxG11VCYMcCYfPs1fCCJJmN773X5IwSwnvWO_PwKa82eHJaJrBpZ4hTGCHcBq8U9L5ysEA\" style=\"color:blue; text-decoration:underline\"><b><span style=\"font-size:14.0pt\">Fastmarkets Forest Products Latin America Conference 2026<\/span><\/b><\/a><span style=\"font-size:14.0pt\">, 10 a 12 de agosto de 2026, S&atilde;o Paulo<\/span><\/span><\/span><\/span><\/p>\r\n\r\n<p style=\"text-align:justify\"><span style=\"font-size:11pt\"><span style=\"line-height:normal\"><span style=\"font-family:Aptos,sans-serif\"><a href=\"https:\/\/feiplar.com\/Presencial\/inicio-2024\/\" style=\"color:blue; text-decoration:underline\"><b><span style=\"font-size:14.0pt\">FEIPLAR &amp; FEIPUR &ndash; Feira e Congresso Internacionais de Materiais Avan&ccedil;ados<\/span><\/b><\/a><span style=\"font-size:14.0pt\">, 25 a 27 de agosto de 2026, S&atilde;o Paulo Expo | Pavilh&atilde;o 5, S&atilde;o Paulo, SP, Brasil<\/span><\/span><\/span><\/span><\/p>\r\n\r\n<p style=\"text-align:justify\"><span style=\"font-size:11pt\"><span style=\"line-height:normal\"><span style=\"font-family:Aptos,sans-serif\"><a href=\"https:\/\/ficons.com.br\/\" style=\"color:blue; text-decoration:underline\"><b><span style=\"font-size:14.0pt\">FICONS - Feira Internacional de Materiais, Equipamentos e Servi&ccedil;os da Constru&ccedil;&atilde;o<\/span><\/b><\/a><span style=\"font-size:14.0pt\">, 15 a 18 de setembro de 2026, Centro de Conven&ccedil;&otilde;es de Pernambuco Recife\/ Olinda<\/span><\/span><\/span><\/span><\/p>\r\n\r\n<p style=\"text-align:justify\"><span style=\"font-size:11pt\"><span style=\"line-height:normal\"><span style=\"font-family:Aptos,sans-serif\"><a href=\"https:\/\/www.edana.org\/events\/outlook\/outlook-2025\" style=\"color:blue; text-decoration:underline\"><b><span style=\"font-size:14.0pt\">OUTLOOK&trade; 2026<\/span><\/b><\/a><span style=\"font-size:14.0pt\">, 22&ndash;24 September, Hotel Miragem, Cascais, Portugal<\/span><\/span><\/span><\/span><\/p>\r\n\r\n<p style=\"text-align:justify\"><span style=\"font-size:11pt\"><span style=\"line-height:normal\"><span style=\"font-family:Aptos,sans-serif\"><a href=\"https:\/\/hospitalmed.com.br\/feira\/\" style=\"color:blue; text-decoration:underline\"><b><span style=\"font-size:14.0pt\">HospitalMed<\/span><\/b><\/a><span style=\"font-size:14.0pt\">, 21 a 23 de outubro de 2026, das 14h &agrave;s 20h, Pernambuco Centro de Conven&ccedil;&otilde;es, Olinda<\/span><\/span><\/span><\/span><\/p>\r\n\r\n<p style=\"text-align:justify\"><span style=\"font-size:11pt\"><span style=\"line-height:normal\"><span style=\"font-family:Aptos,sans-serif\"><a href=\"https:\/\/www.edana.org\/events\/edana-sustainability-forum\" style=\"color:blue; text-decoration:underline\"><b><span lang=\"EN-US\" style=\"font-size:14.0pt\">Sustainability &amp; Policy Forum<\/span><\/b><\/a><span lang=\"EN-US\" style=\"font-size:14.0pt\">, 8&ndash;9 December 2026, Residence Palace in Brussels, Belgium<\/span><\/span><\/span><\/span><\/p>\r\n\r\n<p style=\"text-align:justify\"><span style=\"font-size:11pt\"><span style=\"line-height:normal\"><span style=\"font-family:Aptos,sans-serif\"><a href=\"https:\/\/infrane.com.br\/\" style=\"color:blue; text-decoration:underline\"><b><span style=\"font-size:14.0pt\">Infra NE<\/span><\/b><\/a><span style=\"font-size:14.0pt\">, 03 a 05 de mar&ccedil;o de 2027, Centro de Conven&ccedil;&otilde;es Salvador<\/span><\/span><\/span><\/span><\/p>\r\n\r\n<p style=\"text-align:justify\"><span style=\"font-size:28pt\"><span style=\"font-family:Aptos,sans-serif\"><span style=\"letter-spacing:-0.5pt\"><b><span style=\"font-size:18.0pt\"><span style=\"font-variant:small-caps\">Setor<\/span><\/span><\/b><\/span><\/span><\/span><\/p>\r\n\r\n<p style=\"text-align:justify\"><span style=\"font-size:11pt\"><span style=\"line-height:normal\"><span style=\"font-family:Aptos,sans-serif\"><a href=\"https:\/\/issuu.com\/abit_brasil\/docs\/revista_abit_review_12\/76\" style=\"color:blue; text-decoration:underline\"><span lang=\"ES-AR\" style=\"font-size:14.0pt\">Efeitos do conflito no Oriente M&eacute;dio sobre o petr&oacute;leo e a econom&iacute;a brasileira<\/span><\/a><\/span><\/span><\/span><\/p>\r\n\r\n<p style=\"text-align:justify\"><span style=\"font-size:11pt\"><span style=\"line-height:normal\"><span style=\"font-family:Aptos,sans-serif\"><a href=\"https:\/\/conlink.conceitualpress.com.br\/ev\/PWiMw\/BfA\/7c7d\/LCFJkUKAOaB\/BMxa\/\" style=\"color:blue; text-decoration:underline\"><span lang=\"ES-AR\" style=\"font-size:14.0pt\">Petroqu&iacute;mica e pl&aacute;sticos: an&aacute;lise profunda<\/span><\/a><\/span><\/span><\/span><\/p>\r\n\r\n<p style=\"text-align:justify\"><span style=\"font-size:11pt\"><span style=\"line-height:normal\"><span style=\"font-family:Aptos,sans-serif\"><a href=\"https:\/\/conlink.conceitualpress.com.br\/ev\/PWgUv\/BfA\/e705\/LCFJkUKAOaB\/BMxa\/\" style=\"color:blue; text-decoration:underline\"><span lang=\"ES-AR\" style=\"font-size:14.0pt\">For&ccedil;a maior chegou na mesa: o que os reajustes de PE e PP significam para transformadores, convertedores, recicladores e marcas<\/span><\/a><\/span><\/span><\/span><\/p>\r\n\r\n<p style=\"text-align:justify\"><span style=\"font-size:11pt\"><span style=\"line-height:normal\"><span style=\"font-family:Aptos,sans-serif\"><a href=\"https:\/\/www.icis.com\/explore\/resources\/news\/2026\/03\/27\/11193066\/brazil-s-braskem-mulls-appealing-antidumping-duty-on-us-pe-set-below-technical-recommendation\/\" style=\"color:blue; text-decoration:underline\"><span lang=\"ES-AR\" style=\"font-size:14.0pt\">Brazil&rsquo;s Braskem mulls appealing antidumping duty on US PE set below technical recommendation<\/span><\/a><\/span><\/span><\/span><\/p>\r\n\r\n<p style=\"text-align:justify\"><span style=\"font-size:11pt\"><span style=\"line-height:normal\"><span style=\"font-family:Aptos,sans-serif\"><a href=\"https:\/\/abreuelima.pe.gov.br\/municipio-de-abreu-e-lima-investe-r-13-milhoes-em-protecao-de-encostas-com-geomantas\/\" style=\"color:blue; text-decoration:underline\"><span lang=\"ES-AR\" style=\"font-size:14.0pt\">Pernambuco: munic&iacute;pio de Abreu e Lima investe R$ 13 milh&otilde;es em prote&ccedil;&atilde;o de encostas com geomantas<\/span><\/a><\/span><\/span><\/span><\/p>\r\n\r\n<p style=\"text-align:justify\"><span style=\"font-size:11pt\"><span style=\"line-height:normal\"><span style=\"font-family:Aptos,sans-serif\"><a href=\"https:\/\/share.google\/fW1fLR1lxWHYGrXgf\" style=\"color:blue; text-decoration:underline\"><span lang=\"ES-AR\" style=\"font-size:14.0pt\">Cultivo protegido: Ibiapaba poder&aacute; ser a Almeria brasileira<\/span><\/a><\/span><\/span><\/span><\/p>\r\n\r\n<p style=\"text-align:justify\"><span style=\"font-size:11pt\"><span style=\"line-height:normal\"><span style=\"font-family:Aptos,sans-serif\"><a href=\"https:\/\/www.moveisdevalor.com.br\/portal\/cadeia-global-redefine-estrategia-no-setor-de-colchoes?source=news\" style=\"color:blue; text-decoration:underline\"><span lang=\"ES-AR\" style=\"font-size:14.0pt\">Cadeia global redefine estrat&eacute;gia no setor de colch&otilde;es<\/span><\/a><\/span><\/span><\/span><\/p>\r\n\r\n<p style=\"text-align:justify\"><span style=\"font-size:11pt\"><span style=\"line-height:normal\"><span style=\"font-family:Aptos,sans-serif\"><a href=\"https:\/\/www.moveisdevalor.com.br\/portal\/Industria-gaucha-cresce-em-faturamento-mas-perde-folego?source=news\" style=\"color:blue; text-decoration:underline\"><span lang=\"ES-AR\" style=\"font-size:14.0pt\">Moveleiro | Ind&uacute;stria ga&uacute;cha cresce em faturamento, mas perde f&ocirc;lego<\/span><\/a><\/span><\/span><\/span><\/p>\r\n\r\n<p style=\"text-align:justify\"><span style=\"font-size:11pt\"><span style=\"line-height:normal\"><span style=\"font-family:Aptos,sans-serif\"><a href=\"https:\/\/www.nonwovens-industry.com\/exclusives\/independent-diaper-brands-accelerate-growth\/\" style=\"color:blue; text-decoration:underline\"><span lang=\"ES-AR\" style=\"font-size:14.0pt\">Independent Diaper Brands Accelerate Growth<\/span><\/a><\/span><\/span><\/span><\/p>\r\n\r\n<p style=\"text-align:justify\"><span style=\"font-size:28pt\"><span style=\"font-family:Aptos,sans-serif\"><span style=\"letter-spacing:-0.5pt\"><b><span lang=\"EN-US\" style=\"font-size:18.0pt\"><span style=\"font-variant:small-caps\">Ind&uacute;stria<\/span><\/span><\/b><\/span><\/span><\/span><\/p>\r\n\r\n<p style=\"text-align:justify\"><span style=\"font-size:11pt\"><span style=\"line-height:normal\"><span style=\"font-family:Aptos,sans-serif\"><a href=\"https:\/\/noticias.portaldaindustria.com.br\/noticias\/politica-industrial\/efeitos-da-guerra-podem-ser-nefastos-para-o-setor-produtivo-destaca-ricardo-alban\/?utm_source=email&amp;utm_medium=newsletter&amp;utm_campaign=27032026_021\" style=\"color:blue; text-decoration:underline\"><span style=\"font-size:14.0pt\">&quot;Efeitos da guerra podem ser nefastos para o setor produtivo&quot;, destaca Ricardo Alban<\/span><\/a><\/span><\/span><\/span><\/p>\r\n\r\n<p style=\"text-align:justify\"><span style=\"font-size:11pt\"><span style=\"line-height:normal\"><span style=\"font-family:Aptos,sans-serif\"><a href=\"https:\/\/www.poder360.com.br\/poder-economia\/custo-da-construcao-civil-dispara-e-empresas-tem-falta-de-material\/\" style=\"color:blue; text-decoration:underline\"><span style=\"font-size:14.0pt\">Custo da constru&ccedil;&atilde;o civil dispara e empresas t&ecirc;m falta de material...<\/span><\/a><\/span><\/span><\/span><\/p>\r\n\r\n<p style=\"text-align:justify\"><span style=\"font-size:11pt\"><span style=\"line-height:normal\"><span style=\"font-family:Aptos,sans-serif\"><a href=\"https:\/\/noticias.portaldaindustria.com.br\/noticias\/institucional\/cni-lanca-agenda-legislativa-da-industria-2026-com-135-projetos\/?utm_source=email&amp;utm_medium=newsletter&amp;utm_campaign=25032026_020\" style=\"color:blue; text-decoration:underline\"><span style=\"font-size:14.0pt\">CNI lan&ccedil;a Agenda Legislativa da Ind&uacute;stria 2026 com 135 projetos<\/span><\/a><\/span><\/span><\/span><\/p>\r\n\r\n<p style=\"text-align:justify\"><span style=\"font-size:11pt\"><span style=\"line-height:normal\"><span style=\"font-family:Aptos,sans-serif\"><a href=\"https:\/\/noticias.portaldaindustria.com.br\/noticias\/institucional\/brasil-2050-cni-apresenta-projeto-com-foco-em-seguranca-para-investir-e-estabilidade-para-crescer\/?utm_source=email&amp;utm_medium=newsletter&amp;utm_campaign=25032026_020\" style=\"color:blue; text-decoration:underline\"><span style=\"font-size:14.0pt\">Brasil 2050: CNI apresenta projeto com foco em seguran&ccedil;a para investir e estabilidade para crescer<\/span><\/a><\/span><\/span><\/span><\/p>\r\n\r\n<p style=\"text-align:justify\"><span style=\"font-size:11pt\"><span style=\"line-height:normal\"><span style=\"font-family:Aptos,sans-serif\"><a href=\"https:\/\/noticias.portaldaindustria.com.br\/noticias\/politica-industrial\/setor-privado-responde-positivamente-a-politica-industrial-investimentos-somam-r-284-tri\/\" style=\"color:blue; text-decoration:underline\"><span style=\"font-size:14.0pt\">Setor privado responde positivamente &agrave; pol&iacute;tica industrial: investimentos somam R$ 2,84 tri<\/span><\/a><\/span><\/span><\/span><\/p>\r\n\r\n<p style=\"text-align:justify\"><span style=\"font-size:11pt\"><span style=\"line-height:normal\"><span style=\"font-family:Aptos,sans-serif\"><a href=\"https:\/\/noticias.portaldaindustria.com.br\/posicionamentos\/mp-sobre-frete-rodoviario-onera-e-arrisca-operacoes-industriais-diz-cni-\/?utm_source=email&amp;utm_medium=newsletter&amp;utm_campaign=23032026_019\" style=\"color:blue; text-decoration:underline\"><span style=\"font-size:14.0pt\">MP sobre frete rodovi&aacute;rio onera e arrisca opera&ccedil;&otilde;es industriais, diz CNI<\/span><\/a><\/span><\/span><\/span><\/p>\r\n\r\n<p style=\"text-align:justify\"><span style=\"font-size:11pt\"><span style=\"line-height:normal\"><span style=\"font-family:Aptos,sans-serif\"><a href=\"https:\/\/grandesconstrucoes.com.br\/Noticias\/Exibir\/construcao-civil-ve-2026-com-otimismo-moderado?utm_source=akna&amp;utm_medium=email&amp;utm_campaign=Grandes-Construcoes-Informativo-1004-19-03-2026\" style=\"color:blue; text-decoration:underline\"><span style=\"font-size:14.0pt\">Constru&ccedil;&atilde;o civil v&ecirc; 2026 com otimismo moderado<\/span><\/a><\/span><\/span><\/span><\/p>\r\n\r\n<p style=\"text-align:justify\"><span style=\"font-size:11pt\"><span style=\"line-height:normal\"><span style=\"font-family:Aptos,sans-serif\"><a href=\"https:\/\/grandesconstrucoes.com.br\/Noticias\/Exibir\/investimento-em-infraestrutura-atinge-r-280-bilhoes-com-predominancia-do-setor-privado-mostra-relatorio-da-abdib?utm_source=akna&amp;utm_medium=email&amp;utm_campaign=Grandes-Construcoes-Informativo-1004-19-03-2026\" style=\"color:blue; text-decoration:underline\"><span style=\"font-size:14.0pt\">Investimento em infraestrutura atinge R$ 280 bilh&otilde;es com predomin&acirc;ncia do setor privado, mostra relat&oacute;rio da ABDIB<\/span><\/a><\/span><\/span><\/span><\/p>\r\n\r\n<p style=\"text-align:justify\"><span style=\"font-size:11pt\"><span style=\"line-height:normal\"><span style=\"font-family:Aptos,sans-serif\"><a href=\"https:\/\/grandesconstrucoes.com.br\/Noticias\/Exibir\/primeiros-impactos-da-reforma-tributaria-afligem-mercado-de-infraestrutura?utm_source=akna&amp;utm_medium=email&amp;utm_campaign=Grandes-Construcoes-Informativo-1004-19-03-2026\" style=\"color:blue; text-decoration:underline\"><span style=\"font-size:14.0pt\">Primeiros impactos da reforma tribut&aacute;ria afligem mercado de infraestrutura<\/span><\/a><\/span><\/span><\/span><\/p>\r\n\r\n<p style=\"text-align:justify\"><span style=\"font-size:11pt\"><span style=\"line-height:normal\"><span style=\"font-family:Aptos,sans-serif\"><a href=\"https:\/\/www.gov.br\/antt\/pt-br\/assuntos\/ultimas-noticias\/antt-avanca-na-modernizacao-do-marco-ferroviario-e-reforca-interoperabilidade-como-eixo-central-da-politica-publica?utm_campaign=39687172-Newsletter%20Inbound&amp;utm_medium=email&amp;_hsenc=p2ANqtz--qcHcbrG9z4sqDnpG7jMPHi90Pcmnfgh-mE8fOrHlUcbybAckULMbF1YrZ1m9hVSI7tYIVD67bnDiyGd7tzui19HSmCg&amp;_hsmi=410932344&amp;utm_content=410932344&amp;utm_source=hs_email\" style=\"color:blue; text-decoration:underline\"><span style=\"font-size:14.0pt\">ANTT avan&ccedil;a na moderniza&ccedil;&atilde;o do marco ferrovi&aacute;rio e refor&ccedil;a interoperabilidade como eixo central da pol&iacute;tica p&uacute;blica<\/span><\/a><\/span><\/span><\/span><\/p>\r\n\r\n<p style=\"text-align:justify\"><span style=\"font-size:11pt\"><span style=\"line-height:normal\"><span style=\"font-family:Aptos,sans-serif\"><a href=\"https:\/\/movimentoeconomico.com.br\/geral\/redacao\/2026\/03\/24\/carteira-de-saneamento-no-ne-chega-a-r-397-bi-em-11-projetos-do-bndes\/?utm_campaign=39687172-Newsletter%20Inbound&amp;utm_medium=email&amp;_hsenc=p2ANqtz-9FsE_RCCBrPLbmA_S3sOZ3Jf6yoTwraXJ_WSf4-DxM9mSQzYpL2We2Pw4vLApsb4M5924G_0oY36r6_0dbQyO4Twnm-A&amp;_hsmi=410932344&amp;utm_content=410932344&amp;utm_source=hs_email\" style=\"color:blue; text-decoration:underline\"><span style=\"font-size:14.0pt\">Carteira de saneamento no NE chega a R$ 39,7 bi em 11 projetos do BNDES<\/span><\/a><\/span><\/span><\/span><\/p>\r\n\r\n<p style=\"text-align:justify\"><span style=\"font-size:28pt\"><span style=\"font-family:Aptos,sans-serif\"><span style=\"letter-spacing:-0.5pt\"><b><span style=\"font-size:18.0pt\"><span style=\"font-variant:small-caps\">Sustentabilidade<\/span><\/span><\/b><\/span><\/span><\/span><\/p>\r\n\r\n<p style=\"text-align:justify\"><span style=\"font-size:11pt\"><span style=\"line-height:normal\"><span style=\"font-family:Aptos,sans-serif\"><a href=\"https:\/\/www.abiplast.org.br\/noticias\/setor-da-construcao-civil-consome-130-mil-toneladas-de-plastico-reciclado-em-2024\/\" style=\"color:blue; text-decoration:underline\"><span style=\"font-size:14.0pt\">Setor da Constru&ccedil;&atilde;o Civil consome 130 mil toneladas de pl&aacute;stico reciclado em 2024<\/span><\/a><\/span><\/span><\/span><\/p>\r\n\r\n<p style=\"text-align:justify\"><span style=\"font-size:11pt\"><span style=\"line-height:normal\"><span style=\"font-family:Aptos,sans-serif\"><a href=\"https:\/\/www.meiofiltrante.com.br\/Artigo\/6248\/programa-da-abrafiltros-de-reciclagem-de-filtros-usados-do-oleo-lubrificante-automotivo-ultrapassa-30-milhoes-no-estado-de-sao-paulo-em-13-anos\" style=\"color:blue; text-decoration:underline\"><span style=\"font-size:14.0pt\">Programa da Abrafiltros de reciclagem de filtros usados do &oacute;leo lubrificante automotivo ultrapassa 30 milh&otilde;es no estado de S&atilde;o Paulo em 13 anos<\/span><\/a><\/span><\/span><\/span><\/p>\r\n\r\n<p style=\"text-align:justify\"><span style=\"font-size:11pt\"><span style=\"line-height:normal\"><span style=\"font-family:Aptos,sans-serif\"><a href=\"https:\/\/businessmoment.com.br\/catadores-e-cooperativas-movimentam-mais-de-r-119-mil-na-cadeia-da-reciclagem-em-sao-paulo\/\" style=\"color:blue; text-decoration:underline\"><span style=\"font-size:14.0pt\">Catadores e cooperativas movimentam mais de R$ 119 mil na cadeia da reciclagem em S&atilde;o Paulo<\/span><\/a><\/span><\/span><\/span><\/p>\r\n\r\n<p style=\"text-align:justify\"><span style=\"font-size:11pt\"><span style=\"line-height:normal\"><span style=\"font-family:Aptos,sans-serif\"><a href=\"https:\/\/www.abiplast.org.br\/noticias\/ifc-lanca-iniciativa-regional-para-acelerar-a-circularidade-industrial-de-plasticos-com-potencial-de-investimento-na-america-latina-e-no-caribe\/\" style=\"color:blue; text-decoration:underline\"><span style=\"font-size:14.0pt\">IFC lan&ccedil;a iniciativa regional para acelerar a circularidade industrial de pl&aacute;sticos com potencial de investimento na Am&eacute;rica Latina e no Caribe<\/span><\/a><\/span><\/span><\/span><\/p>\r\n\r\n<p style=\"text-align:justify\"><span style=\"font-size:11pt\"><span style=\"line-height:normal\"><span style=\"font-family:Aptos,sans-serif\"><a href=\"https:\/\/www.technical-textiles.net\/news\/free-content-recycling-workwear-reflective-strips\" style=\"color:blue; text-decoration:underline\"><span lang=\"EN-US\" style=\"font-size:14.0pt\">Recycling workwear with reflective strips<\/span><\/a><\/span><\/span><\/span><\/p>\r\n\r\n<p style=\"text-align:justify\"><span style=\"font-size:11pt\"><span style=\"line-height:normal\"><span style=\"font-family:Aptos,sans-serif\"><a href=\"https:\/\/innovationintextiles.com\/europe-faces-textile-waste-tipping-point-as-recycling-lags\/\" style=\"color:blue; text-decoration:underline\"><span lang=\"EN-US\" style=\"font-size:14.0pt\">Europe faces textile waste tipping point as recycling lags<\/span><\/a><\/span><\/span><\/span><\/p>\r\n\r\n<p style=\"text-align:justify\"><span style=\"font-size:11pt\"><span style=\"line-height:normal\"><span style=\"font-family:Aptos,sans-serif\"><a href=\"https:\/\/share.google\/mmAx9ft6SUMBWfW98\" style=\"color:blue; text-decoration:underline\"><span style=\"font-size:14.0pt\">Governo realiza segundo encontro com a ind&uacute;stria para defini&ccedil;&atilde;o do Mercado de Carbono<\/span><\/a><\/span><\/span><\/span><\/p>\r\n\r\n<p style=\"text-align:justify\"><span style=\"font-size:11pt\"><span style=\"line-height:normal\"><span style=\"font-family:Aptos,sans-serif\"><a href=\"https:\/\/horizons.fia.com.br\/insights\/inovacao-e-sustentabilidade-no-brasil-pos-cop30-da-estrategia-ao-modelo-de-decisao\/?utm_source=site&amp;utm_medium=email-mkt&amp;utm_campaign=artigo-inovabilidade\" style=\"color:blue; text-decoration:underline\"><span style=\"font-size:14.0pt\">Inova&ccedil;&atilde;o e Sustentabilidade no Brasil p&oacute;s-COP30: da estrat&eacute;gia ao modelo de decis&atilde;o<\/span><\/a><\/span><\/span><\/span><\/p>\r\n\r\n<p style=\"text-align:justify\"><span style=\"font-size:28pt\"><span style=\"font-family:Aptos,sans-serif\"><span style=\"letter-spacing:-0.5pt\"><b><span lang=\"EN-US\" style=\"font-size:18.0pt\"><span style=\"font-variant:small-caps\">Inova&ccedil;&atilde;o<\/span><\/span><\/b><\/span><\/span><\/span><\/p>\r\n\r\n<p style=\"text-align:justify\"><span style=\"font-size:11pt\"><span style=\"line-height:normal\"><span style=\"font-family:Aptos,sans-serif\"><a href=\"https:\/\/www.technical-textiles.net\/news\/free-content-aligned-fibre-nonwovens-production-composites\" style=\"color:blue; text-decoration:underline\"><span lang=\"EN-US\" style=\"font-size:14.0pt\">Aligned-fibre nonwovens for the production of composites<\/span><\/a><\/span><\/span><\/span><\/p>\r\n\r\n<p style=\"text-align:justify\"><span style=\"font-size:11pt\"><span style=\"line-height:normal\"><span style=\"font-family:Aptos,sans-serif\"><a href=\"https:\/\/clickpetroleoegas.com.br\/adolescente-cria-solucao-revolucionaria-contra-microplasticos-com-filtro-de-purificacao-de-agua-eficiente-acessivel-e-promissor-para-combater-um-dos-maiores-desafios-ambientais-atualm-hl1402\/\" style=\"color:blue; text-decoration:underline\"><span style=\"font-size:14.0pt\">Adolescente cria solu&ccedil;&atilde;o revolucion&aacute;ria contra micropl&aacute;sticos com filtro de purifica&ccedil;&atilde;o de &aacute;gua eficiente<\/span><\/a><\/span><\/span><\/span><\/p>\r\n\r\n<p style=\"text-align:justify\"><span style=\"font-size:11pt\"><span style=\"line-height:normal\"><span style=\"font-family:Aptos,sans-serif\"><a href=\"https:\/\/www.abit.org.br\/noticias\/setor-textil-e-de-confeccao-aposta-em-novos-produtos-e-materiais-em-2026-aponta-abit?utm_medium=email&amp;utm_campaign=300326_abit_informa_-_base_rd&amp;utm_source=RD+Station\" style=\"color:blue; text-decoration:underline\"><span style=\"font-size:14.0pt\">Setor t&ecirc;xtil e de confec&ccedil;&atilde;o aposta em novos produtos e materiais em 2026, aponta Abit<\/span><\/a><\/span><\/span><\/span><\/p>\r\n\r\n<p style=\"text-align:justify\"><span style=\"font-size:11pt\"><span style=\"line-height:normal\"><span style=\"font-family:Aptos,sans-serif\"><span style=\"font-size:14.0pt\"><a href=\"https:\/\/imprensa.portaldaindustria.com.br\/posicionamentos\/61-das-industrias-no-brasil-inovaram-nos-ultimos-3-anos-revela-cni\/\" style=\"color:blue; text-decoration:underline\">Pesquisa da CNI mostra que 61% das ind&uacute;strias brasileiras realizaram atividades de inova&ccedil;&atilde;o nos &uacute;ltimos tr&ecirc;s anos<\/a><\/span><\/span><\/span><\/span><\/p>\r\n\r\n<p style=\"text-align:justify\"><span style=\"font-size:11pt\"><span style=\"line-height:normal\"><span style=\"font-family:Aptos,sans-serif\"><a href=\"https:\/\/noticias.portaldaindustria.com.br\/noticias\/internacional\/bndes-vai-destinar-r-10-bi-para-industria-40-e-bens-de-capital-verde\/\" style=\"color:blue; text-decoration:underline\"><span style=\"font-size:14.0pt\">BNDES vai destinar R$ 10 bi para ind&uacute;stria 4.0 e bens de capital verde<\/span><\/a><\/span><\/span><\/span><\/p>\r\n\r\n<p style=\"text-align:justify\"><span style=\"font-size:11pt\"><span style=\"line-height:normal\"><span style=\"font-family:Aptos,sans-serif\"><a href=\"https:\/\/www.meiofiltrante.com.br\/Noticia\/132461\/embrapii-sera-uma-das-protagonistas-do-11o-congresso-de-inovacao-da-industria-\" style=\"color:blue; text-decoration:underline\"><span style=\"font-size:14.0pt\">Embrapii ser&aacute; uma das protagonistas do 11&ordm; Congresso de Inova&ccedil;&atilde;o da Ind&uacute;stria<\/span><\/a><\/span><\/span><\/span><\/p>\r\n\r\n<p style=\"text-align:justify\"><span style=\"font-size:28pt\"><span style=\"font-family:Aptos,sans-serif\"><span style=\"letter-spacing:-0.5pt\"><b><span style=\"font-size:18.0pt\"><span style=\"font-variant:small-caps\">Com&eacute;rcio Exterior<\/span><\/span><\/b><\/span><\/span><\/span><\/p>\r\n\r\n<p style=\"text-align:justify\"><span style=\"font-size:11pt\"><span style=\"line-height:normal\"><span style=\"font-family:Aptos,sans-serif\"><a href=\"https:\/\/economia.uol.com.br\/noticias\/reuters\/2026\/03\/26\/gecex-aprova-antidumping-definitivo-para-resinas-polietileno-dos-eua-e-canada.htm?cmpid=copiaecola\" style=\"color:blue; text-decoration:underline\"><span style=\"font-size:14.0pt\">Gecex aprova antidumping definitivo para resinas polietileno dos EUA e Canad&aacute;<\/span><\/a><\/span><\/span><\/span><\/p>\r\n\r\n<p style=\"text-align:justify\"><span style=\"font-size:11pt\"><span style=\"line-height:normal\"><span style=\"font-family:Aptos,sans-serif\"><a href=\"https:\/\/app.rdstation.email\/mail\/02d776eb-8f76-4d07-a2ea-dbd71d325124?utm_medium=email&amp;utm_campaign=sindionline_-_25032026&amp;utm_source=RD+Station\" style=\"color:blue; text-decoration:underline\"><span lang=\"ES-AR\" style=\"font-size:14.0pt\">Impactos do avan&ccedil;o das importa&ccedil;&otilde;es t&ecirc;xteis s&atilde;o discutidos na SDE-SP<\/span><\/a><\/span><\/span><\/span><\/p>\r\n\r\n<p style=\"text-align:justify\"><span style=\"font-size:11pt\"><span style=\"line-height:normal\"><span style=\"font-family:Aptos,sans-serif\"><a href=\"http:\/\/www.fashionatingworld.com\/new1-2\/china-out-but-can-india-deliver-the-realities-of-the-global-sourcing-shift\" style=\"color:blue; text-decoration:underline\"><span lang=\"EN-US\" style=\"font-size:14.0pt\">China out but can India deliver? The realities of the global sourcing shift<\/span><\/a><\/span><\/span><\/span><\/p>\r\n\r\n<p style=\"text-align:justify\"><span style=\"font-size:11pt\"><span style=\"line-height:normal\"><span style=\"font-family:Aptos,sans-serif\"><a href=\"https:\/\/www.fashionatingworld.com\/new1-2\/global-textile-transparency-evolves-with-launch-of-world-s-first-china-europe-dpp\" style=\"color:blue; text-decoration:underline\"><span lang=\"EN-US\" style=\"font-size:14.0pt\">Global textile transparency evolves with launch of world&rsquo;s first China-Europe DPP<\/span><\/a><\/span><\/span><\/span><\/p>\r\n\r\n<p style=\"text-align:justify\"><span style=\"font-size:11pt\"><span style=\"line-height:normal\"><span style=\"font-family:Aptos,sans-serif\"><a href=\"https:\/\/www.infomoney.com.br\/economia\/governo-isenta-de-tarifa-de-importacao-quase-mil-produtos-sem-producao-nacional\/\" style=\"color:blue; text-decoration:underline\"><span style=\"font-size:14.0pt\">Governo isenta de tarifa de importa&ccedil;&atilde;o quase mil produtos sem produ&ccedil;&atilde;o nacional<\/span><\/a><\/span><\/span><\/span><\/p>\r\n\r\n<p style=\"text-align:justify\"><span style=\"font-size:28pt\"><span style=\"font-family:Aptos,sans-serif\"><span style=\"letter-spacing:-0.5pt\"><b><span style=\"font-size:18.0pt\"><span style=\"font-variant:small-caps\">Economia<\/span><\/span><\/b><\/span><\/span><\/span><\/p>\r\n\r\n<p style=\"text-align:justify\"><span style=\"font-size:11pt\"><span style=\"line-height:normal\"><span style=\"font-family:Aptos,sans-serif\"><a href=\"https:\/\/www.bcb.gov.br\/content\/focus\/focus\/R20260327.pdf\" style=\"color:blue; text-decoration:underline\"><span style=\"font-size:14.0pt\">Focus | Relat&oacute;rio de Mercado<\/span><\/a><\/span><\/span><\/span><\/p>\r\n\r\n<p style=\"text-align:justify\"><span style=\"font-size:11pt\"><span style=\"line-height:normal\"><span style=\"font-family:Aptos,sans-serif\"><a href=\"https:\/\/share.google\/8yLpFBqK4Op6cnB1z\" style=\"color:blue; text-decoration:underline\"><span style=\"font-size:14.0pt\">Trump pode bagun&ccedil;ar o mercado financeiro e impacto ser&aacute; global!<\/span><\/a><\/span><\/span><\/span><\/p>\r\n\r\n<p style=\"text-align:justify\"><span style=\"font-size:11pt\"><span style=\"line-height:normal\"><span style=\"font-family:Aptos,sans-serif\"><a href=\"https:\/\/portalibre.fgv.br\/system\/files\/divulgacao\/noticias\/mat-complementar\/2026-03\/Sondagem%20da%20Industria%20FGV_press%20release_Mar26.pdf\" style=\"color:blue; text-decoration:underline\"><span style=\"font-size:14.0pt\">Em mar&ccedil;o, confian&ccedil;a da ind&uacute;stria ficou relativamente est&aacute;vel<\/span><\/a><\/span><\/span><\/span><\/p>\r\n\r\n<p style=\"text-align:justify\"><span style=\"font-size:11pt\"><span style=\"line-height:normal\"><span style=\"font-family:Aptos,sans-serif\"><a href=\"https:\/\/portalibre.fgv.br\/system\/files\/divulgacao\/noticias\/mat-complementar\/2026-03\/Press%20Release_ICST_Mar26.pdf\" style=\"color:blue; text-decoration:underline\"><span style=\"font-size:14.0pt\">A Confian&ccedil;a da Constru&ccedil;&atilde;o avan&ccedil;ou 2,1 pontos em mar&ccedil;o.<\/span><\/a><\/span><\/span><\/span><\/p>\r\n","6":"<p style=\"text-align:justify\"><span style=\"font-size:11pt\"><span style=\"line-height:normal\"><span style=\"font-family:Aptos,sans-serif\"><span style=\"font-size:14.0pt\">Esta &eacute; uma compila&ccedil;&atilde;o das not&iacute;cias mais relevantes para o setor, incluindo informa&ccedil;&otilde;es sobre acordos internacionais, economia brasileira, sustentabilidade e mat&eacute;rias primas, al&eacute;m de novidades do setor de N&atilde;otecidos e Tecidos T&eacute;cnicos.<\/span><\/span><\/span><\/span><\/p>\r\n\r\n<p style=\"text-align:justify\"><span style=\"font-size:28pt\"><span style=\"font-family:Aptos,sans-serif\"><span style=\"letter-spacing:-0.5pt\"><b><span style=\"font-size:18.0pt\"><span style=\"font-variant:small-caps\">O que vem por a&iacute;<\/span><\/span><\/b><\/span><\/span><\/span><\/p>\r\n\r\n<p style=\"text-align:justify\"><img src=\"https:\/\/www.abint.org.br\/assets\/img\/editor\/post-quadrado-curso-naotecido-2026-2_20260326131535BHeNIfVpbl.png\" style=\"width: 500px; height: 500px;\" \/><\/p>\r\n\r\n<p style=\"text-align:justify\"><span style=\"font-size:11pt\"><span style=\"line-height:normal\"><span style=\"font-family:Aptos,sans-serif\"><a href=\"https:\/\/forms.gle\/SMUvLuH5kKYh745eA\" style=\"color:blue; text-decoration:underline\"><b><span style=\"font-size:14.0pt\">Informa&ccedil;&otilde;es e inscri&ccedil;&otilde;es<\/span><\/b><\/a><\/span><\/span><\/span><\/p>\r\n\r\n<p style=\"text-align:justify\"><span style=\"font-size:28pt\"><span style=\"font-family:Aptos,sans-serif\"><span style=\"letter-spacing:-0.5pt\"><b><span style=\"font-size:18.0pt\"><span style=\"font-variant:small-caps\">Not&iacute;cias das Associadas<\/span><\/span><\/b><\/span><\/span><\/span><\/p>\r\n\r\n<p style=\"text-align:justify\"><span style=\"font-size:11pt\"><span style=\"line-height:normal\"><span style=\"font-family:Aptos,sans-serif\"><a href=\"https:\/\/blogdoplastico.wordpress.com\/2026\/03\/23\/dia-da-agua-geossinteticos-conferem-protecao-economia-e-sustentabilidade\/\" style=\"color:blue; text-decoration:underline\"><span style=\"font-size:14.0pt\">Dia da &Aacute;gua: geossint&eacute;ticos conferem prote&ccedil;&atilde;o, economia e sustentabilidade<\/span><\/a><\/span><\/span><\/span><\/p>\r\n\r\n<p style=\"text-align:justify\"><span style=\"font-size:11pt\"><span style=\"line-height:normal\"><span style=\"font-family:Aptos,sans-serif\"><a href=\"https:\/\/www.nonwovens-industry.com\/library\/from-field-to-sustainable-products\/?utm_campaign=NON%20eNewsletter&amp;utm_medium=email&amp;_hsenc=p2ANqtz-90eM9cNOi2DH0VqX0-UQ_gKp7wyV58tYGA7qMN3bsU84m31z2ykLCe8b3XxChQAVQfn36svT8WYsEQasgkDn8sHAJyvg&amp;_hsmi=410783586&amp;utm_content=410783586&amp;utm_source=hs_email\" style=\"color:blue; text-decoration:underline\"><span lang=\"EN-US\" style=\"font-size:14.0pt\">Andritz | From field to sustainable products<\/span><\/a><\/span><\/span><\/span><\/p>\r\n\r\n<p style=\"text-align:justify\"><span style=\"font-size:11pt\"><span style=\"line-height:normal\"><span style=\"font-family:Aptos,sans-serif\"><a href=\"https:\/\/innovationintextiles.com\/trutzschler-at-techtextil-2026\/\" style=\"color:blue; text-decoration:underline\"><span style=\"font-size:14.0pt\">Tr&uuml;tzschler na Techtextil 2026<\/span><\/a><\/span><\/span><\/span><\/p>\r\n\r\n<p style=\"text-align:justify\"><span style=\"font-size:11pt\"><span style=\"line-height:normal\"><span style=\"font-family:Aptos,sans-serif\"><b><span style=\"font-size:18.0pt\"><span style=\"font-variant:small-caps\">Eventos<\/span><\/span><\/b><\/span><\/span><\/span><\/p>\r\n\r\n<p style=\"text-align:justify\"><span style=\"font-size:11pt\"><span style=\"line-height:normal\"><span style=\"font-family:Aptos,sans-serif\"><a href=\"https:\/\/evento.fgv.br\/seminariopoliticia0604-703685\/?utm_source=email2b&amp;utm_medium=e-mail&amp;utm_campaign=inscri%C3%A7%C3%A3o+XII+Semin%C3%A1rio+Anual+de+Pol%C3%ADtica+Monet%C3%A1ria+&amp;utm_id=divulga%C3%A7%C3%A3o+dicom\" style=\"color:blue; text-decoration:underline\"><b><span style=\"font-size:14.0pt\">FGV IBRE | XII Semin&aacute;rio Anual de Pol&iacute;tica Monet&aacute;ria<\/span><\/b><\/a><span style=\"font-size:14.0pt\">, 06 de abril de 2026, 14h, Centro Cultural FGV Praia de Botafogo, 186 Botafogo, Rio de Janeiro\/RJ<\/span><\/span><\/span><\/span><\/p>\r\n\r\n<p style=\"text-align:justify\"><span style=\"font-size:11pt\"><span style=\"line-height:normal\"><span style=\"font-family:Aptos,sans-serif\"><a href=\"https:\/\/app.rdstation.email\/mail\/160beb6a-6c00-4653-ba05-d2c4b78ff465?utm_medium=email&amp;utm_campaign=webinar_lancamento_panora_residuos_texteis&amp;utm_source=RD+Station\" style=\"color:blue; text-decoration:underline\"><b><span style=\"font-size:14.0pt\">Webinar Abit | Projeto Panorama dos Res&iacute;duos T&ecirc;xteis<\/span><\/b><\/a><span style=\"font-size:14.0pt\">, 15 de abril de 20026, 10h &agrave;s 11h, evento virtual<\/span><\/span><\/span><\/span><\/p>\r\n\r\n<p style=\"text-align:justify\"><span style=\"font-size:11pt\"><span style=\"line-height:normal\"><span style=\"font-family:Aptos,sans-serif\"><a href=\"https:\/\/forumabre.org.br\/\" style=\"color:blue; text-decoration:underline\"><b><span style=\"font-size:14.0pt\">F&oacute;rum Abre de Sustentabilidade<\/span><\/b><\/a><span style=\"font-size:14.0pt\">, 15 e 16 de abril de 2026, em S&atilde;o Paulo<\/span><\/span><\/span><\/span><\/p>\r\n\r\n<p style=\"text-align:justify\"><span style=\"font-size:11pt\"><span style=\"line-height:normal\"><span style=\"font-family:Aptos,sans-serif\"><a href=\"https:\/\/biotexfuture.info\/wp-content\/uploads\/2026\/03\/Agenda_BTF_InnovationDay_Spring_04032026.pdf\" style=\"color:blue; text-decoration:underline\"><b><span lang=\"EN-US\" style=\"font-size:14.0pt\">Innovation Day &ldquo;Harvesting Innovation: Bridging Agriculture and Textiles&rdquo;<\/span><\/b><\/a><span lang=\"EN-US\" style=\"font-size:14.0pt\">, 5 May 2026, 09:30 &ndash; 14:00 CEST (online streaming starts at 10:00), ITA, Otto-Blumenthal-Stra&szlig;e 1, 52074 Aachen or online (link will be provided upon registration)<\/span><\/span><\/span><\/span><\/p>\r\n\r\n<p style=\"text-align:justify\"><span style=\"font-size:11pt\"><span style=\"line-height:normal\"><span style=\"font-family:Aptos,sans-serif\"><a href=\"https:\/\/www.feimec.com.br\/pt\/home.html\" style=\"color:blue; text-decoration:underline\"><b><span style=\"font-size:14.0pt\">FEIMEC - Feira Internacional de M&aacute;quinas e Equipamentos<\/span><\/b><\/a><span style=\"font-size:14.0pt\">, 05 a 09 de maio de 2026, ter&ccedil;a a sexta - 10h &agrave;s 19h | s&aacute;bado - 9h &agrave;s 17h, S&atilde;o Paulo Expo, Rod. dos Imigrantes, KM 1,5<\/span><\/span><\/span><\/span><\/p>\r\n\r\n<p style=\"text-align:justify\"><span style=\"font-size:11pt\"><span style=\"line-height:normal\"><span style=\"font-family:Aptos,sans-serif\"><a href=\"https:\/\/www.hospitalar.com\/?utm_campaign=BRZ26HPR-MN-CREDENCIAMENTO-ABERTO&amp;utm_emailname=BRZ26HPR-MN-CREDENCIAMENTO-ABERTO-1-Resend&amp;utm_medium=email&amp;utm_source=eloqua&amp;utm_MDMContactID=2bb3d23c-a32f-4218-88d5-29f7fb45caee&amp;utm_campaigntype=Visitor%20Promotion&amp;eM=50c7dfe42c38ea8f10539f0a167fc763253059e495554a32db7a57f8f237ec4c&amp;eventSeriesCode=ES_HOSPITALAR&amp;eventEditionCode=BRZ26HPR&amp;sessionCode=S_EXHB&amp;sp_eh=50c7dfe42c38ea8f10539f0a167fc763253059e495554a32db7a57f8f237ec4c\" style=\"color:blue; text-decoration:underline\"><b><span style=\"font-size:14.0pt\">Hospitalar 2026<\/span><\/b><\/a><span style=\"font-size:14.0pt\">, 19 a 22 de maio, das 11h &agrave;s 20h, S&atilde;o Paulo Expo<\/span><\/span><\/span><\/span><\/p>\r\n\r\n<p style=\"text-align:justify\"><span style=\"font-size:11pt\"><span style=\"line-height:normal\"><span style=\"font-family:Aptos,sans-serif\"><a href=\"https:\/\/credenciamentonexumgroup.lovable.app\/evento\/personal-care-summit-latinoamerica-2026\" style=\"color:blue; text-decoration:underline\"><b><span style=\"font-size:14.0pt\">Personal Care Summit Latinoam&eacute;rica | I<\/span><\/b><b><span style=\"font-size:14.0pt\">nd&uacute;stria 5.0: Tecnologia e Pessoas<\/span><\/b><\/a><span style=\"font-size:14.0pt\">, 09 de junho de 2026, Hotel Pullman, Guarulhos, SP<\/span><\/span><\/span><\/span><\/p>\r\n\r\n<p style=\"text-align:justify\"><span style=\"font-size:11pt\"><span style=\"line-height:normal\"><span style=\"font-family:Aptos,sans-serif\"><a href=\"https:\/\/www.hightex.com.tr\/\" style=\"color:blue; text-decoration:underline\"><b><span lang=\"EN-US\" style=\"font-size:14.0pt\">HIGTEX 2026 &ndash; International Technical Textiles and Nonwoven Exhibition<\/span><\/b><\/a><span lang=\"EN-US\" style=\"font-size:14.0pt\">, June 9&ndash;13, T&Uuml;YAP Fair and Congress Center, \u0130stanbul, T&uuml;rkiye<\/span><\/span><\/span><\/span><\/p>\r\n\r\n<p style=\"text-align:justify\"><span style=\"font-size:11pt\"><span style=\"line-height:normal\"><span style=\"font-family:Aptos,sans-serif\"><a href=\"https:\/\/www.worldofwipes.org\/\" style=\"color:blue; text-decoration:underline\"><b><span lang=\"EN-US\" style=\"font-size:14.0pt\">INDA | WOW - World of Wipes International Conference<\/span><\/b><\/a><span lang=\"EN-US\" style=\"font-size:14.0pt\">, June 29&ndash;July 2, 2026, Grand Hyatt Nashville, Nashville, Tennessee USA<\/span><\/span><\/span><\/span><\/p>\r\n\r\n<p style=\"text-align:justify\"><span style=\"font-size:11pt\"><span style=\"line-height:normal\"><span style=\"font-family:Aptos,sans-serif\"><a href=\"https:\/\/filtech.de\/\" style=\"color:blue; text-decoration:underline\"><b><span style=\"font-size:14.0pt\">Filtech 2026<\/span><\/b><\/a><span style=\"font-size:14.0pt\">, 30 de junho a 2 de julho, Cologne, Alemanha<\/span><\/span><\/span><\/span><\/p>\r\n\r\n<p style=\"text-align:justify\"><span style=\"font-size:11pt\"><span style=\"line-height:normal\"><span style=\"font-family:Aptos,sans-serif\"><a href=\"https:\/\/www.formobile.com.br\/pt\/home.html\" style=\"color:blue; text-decoration:underline\"><b><span style=\"font-size:14.0pt\">ForM&oacute;bile 2026<\/span><\/b><\/a><span style=\"font-size:14.0pt\">, 30 de junho a 3 de julho, S&atilde;o Paulo Expo<\/span><\/span><\/span><\/span><\/p>\r\n\r\n<p style=\"text-align:justify\"><span style=\"font-size:11pt\"><span style=\"line-height:normal\"><span style=\"font-family:Aptos,sans-serif\"><a href=\"https:\/\/sienge.com.br\/construsummit\/\" style=\"color:blue; text-decoration:underline\"><b><span style=\"font-size:14.0pt\">Construsummit<\/span><\/b><\/a><span style=\"font-size:14.0pt\">, 1 e 2 de julho de 2026, Florian&oacute;polis, SC<\/span><\/span><\/span><\/span><\/p>\r\n\r\n<p style=\"text-align:justify\"><span style=\"font-size:11pt\"><span style=\"line-height:normal\"><span style=\"font-family:Aptos,sans-serif\"><a href=\"https:\/\/info.fastmarkets.com\/index.php\/email\/emailWebview?email=OTMwLVlTTi0zNDIAAAGgm9GYB4UXisBYfG6V1YgLbIkX8OtKVxG11VCYMcCYfPs1fCCJJmN773X5IwSwnvWO_PwKa82eHJaJrBpZ4hTGCHcBq8U9L5ysEA\" style=\"color:blue; text-decoration:underline\"><b><span style=\"font-size:14.0pt\">Fastmarkets Forest Products Latin America Conference 2026<\/span><\/b><\/a><span style=\"font-size:14.0pt\">, 10 a 12 de agosto de 2026, S&atilde;o Paulo<\/span><\/span><\/span><\/span><\/p>\r\n\r\n<p style=\"text-align:justify\"><span style=\"font-size:11pt\"><span style=\"line-height:normal\"><span style=\"font-family:Aptos,sans-serif\"><a href=\"https:\/\/feiplar.com\/Presencial\/inicio-2024\/\" style=\"color:blue; text-decoration:underline\"><b><span style=\"font-size:14.0pt\">FEIPLAR &amp; FEIPUR &ndash; Feira e Congresso Internacionais de Materiais Avan&ccedil;ados<\/span><\/b><\/a><span style=\"font-size:14.0pt\">, 25 a 27 de agosto de 2026, S&atilde;o Paulo Expo | Pavilh&atilde;o 5, S&atilde;o Paulo, SP, Brasil<\/span><\/span><\/span><\/span><\/p>\r\n\r\n<p style=\"text-align:justify\"><span style=\"font-size:11pt\"><span style=\"line-height:normal\"><span style=\"font-family:Aptos,sans-serif\"><a href=\"https:\/\/ficons.com.br\/\" style=\"color:blue; text-decoration:underline\"><b><span style=\"font-size:14.0pt\">FICONS - Feira Internacional de Materiais, Equipamentos e Servi&ccedil;os da Constru&ccedil;&atilde;o<\/span><\/b><\/a><span style=\"font-size:14.0pt\">, 15 a 18 de setembro de 2026, Centro de Conven&ccedil;&otilde;es de Pernambuco Recife\/ Olinda<\/span><\/span><\/span><\/span><\/p>\r\n\r\n<p style=\"text-align:justify\"><span style=\"font-size:11pt\"><span style=\"line-height:normal\"><span style=\"font-family:Aptos,sans-serif\"><a href=\"https:\/\/www.edana.org\/events\/outlook\/outlook-2025\" style=\"color:blue; text-decoration:underline\"><b><span style=\"font-size:14.0pt\">OUTLOOK&trade; 2026<\/span><\/b><\/a><span style=\"font-size:14.0pt\">, 22&ndash;24 September, Hotel Miragem, Cascais, Portugal<\/span><\/span><\/span><\/span><\/p>\r\n\r\n<p style=\"text-align:justify\"><span style=\"font-size:11pt\"><span style=\"line-height:normal\"><span style=\"font-family:Aptos,sans-serif\"><a href=\"https:\/\/hospitalmed.com.br\/feira\/\" style=\"color:blue; text-decoration:underline\"><b><span style=\"font-size:14.0pt\">HospitalMed<\/span><\/b><\/a><span style=\"font-size:14.0pt\">, 21 a 23 de outubro de 2026, das 14h &agrave;s 20h, Pernambuco Centro de Conven&ccedil;&otilde;es, Olinda<\/span><\/span><\/span><\/span><\/p>\r\n\r\n<p style=\"text-align:justify\"><span style=\"font-size:11pt\"><span style=\"line-height:normal\"><span style=\"font-family:Aptos,sans-serif\"><a href=\"https:\/\/www.edana.org\/events\/edana-sustainability-forum\" style=\"color:blue; text-decoration:underline\"><b><span lang=\"EN-US\" style=\"font-size:14.0pt\">Sustainability &amp; Policy Forum<\/span><\/b><\/a><span lang=\"EN-US\" style=\"font-size:14.0pt\">, 8&ndash;9 December 2026, Residence Palace in Brussels, Belgium<\/span><\/span><\/span><\/span><\/p>\r\n\r\n<p style=\"text-align:justify\"><span style=\"font-size:11pt\"><span style=\"line-height:normal\"><span style=\"font-family:Aptos,sans-serif\"><a href=\"https:\/\/infrane.com.br\/\" style=\"color:blue; text-decoration:underline\"><b><span style=\"font-size:14.0pt\">Infra NE<\/span><\/b><\/a><span style=\"font-size:14.0pt\">, 03 a 05 de mar&ccedil;o de 2027, Centro de Conven&ccedil;&otilde;es Salvador<\/span><\/span><\/span><\/span><\/p>\r\n\r\n<p style=\"text-align:justify\"><span style=\"font-size:28pt\"><span style=\"font-family:Aptos,sans-serif\"><span style=\"letter-spacing:-0.5pt\"><b><span style=\"font-size:18.0pt\"><span style=\"font-variant:small-caps\">Setor<\/span><\/span><\/b><\/span><\/span><\/span><\/p>\r\n\r\n<p style=\"text-align:justify\"><span style=\"font-size:11pt\"><span style=\"line-height:normal\"><span style=\"font-family:Aptos,sans-serif\"><a href=\"https:\/\/issuu.com\/abit_brasil\/docs\/revista_abit_review_12\/76\" style=\"color:blue; text-decoration:underline\"><span lang=\"ES-AR\" style=\"font-size:14.0pt\">Efeitos do conflito no Oriente M&eacute;dio sobre o petr&oacute;leo e a econom&iacute;a brasileira<\/span><\/a><\/span><\/span><\/span><\/p>\r\n\r\n<p style=\"text-align:justify\"><span style=\"font-size:11pt\"><span style=\"line-height:normal\"><span style=\"font-family:Aptos,sans-serif\"><a href=\"https:\/\/conlink.conceitualpress.com.br\/ev\/PWiMw\/BfA\/7c7d\/LCFJkUKAOaB\/BMxa\/\" style=\"color:blue; text-decoration:underline\"><span lang=\"ES-AR\" style=\"font-size:14.0pt\">Petroqu&iacute;mica e pl&aacute;sticos: an&aacute;lise profunda<\/span><\/a><\/span><\/span><\/span><\/p>\r\n\r\n<p style=\"text-align:justify\"><span style=\"font-size:11pt\"><span style=\"line-height:normal\"><span style=\"font-family:Aptos,sans-serif\"><a href=\"https:\/\/conlink.conceitualpress.com.br\/ev\/PWgUv\/BfA\/e705\/LCFJkUKAOaB\/BMxa\/\" style=\"color:blue; text-decoration:underline\"><span lang=\"ES-AR\" style=\"font-size:14.0pt\">For&ccedil;a maior chegou na mesa: o que os reajustes de PE e PP significam para transformadores, convertedores, recicladores e marcas<\/span><\/a><\/span><\/span><\/span><\/p>\r\n\r\n<p style=\"text-align:justify\"><span style=\"font-size:11pt\"><span style=\"line-height:normal\"><span style=\"font-family:Aptos,sans-serif\"><a href=\"https:\/\/www.icis.com\/explore\/resources\/news\/2026\/03\/27\/11193066\/brazil-s-braskem-mulls-appealing-antidumping-duty-on-us-pe-set-below-technical-recommendation\/\" style=\"color:blue; text-decoration:underline\"><span lang=\"ES-AR\" style=\"font-size:14.0pt\">Brazil&rsquo;s Braskem mulls appealing antidumping duty on US PE set below technical recommendation<\/span><\/a><\/span><\/span><\/span><\/p>\r\n\r\n<p style=\"text-align:justify\"><span style=\"font-size:11pt\"><span style=\"line-height:normal\"><span style=\"font-family:Aptos,sans-serif\"><a href=\"https:\/\/abreuelima.pe.gov.br\/municipio-de-abreu-e-lima-investe-r-13-milhoes-em-protecao-de-encostas-com-geomantas\/\" style=\"color:blue; text-decoration:underline\"><span lang=\"ES-AR\" style=\"font-size:14.0pt\">Pernambuco: munic&iacute;pio de Abreu e Lima investe R$ 13 milh&otilde;es em prote&ccedil;&atilde;o de encostas com geomantas<\/span><\/a><\/span><\/span><\/span><\/p>\r\n\r\n<p style=\"text-align:justify\"><span style=\"font-size:11pt\"><span style=\"line-height:normal\"><span style=\"font-family:Aptos,sans-serif\"><a href=\"https:\/\/share.google\/fW1fLR1lxWHYGrXgf\" style=\"color:blue; text-decoration:underline\"><span lang=\"ES-AR\" style=\"font-size:14.0pt\">Cultivo protegido: Ibiapaba poder&aacute; ser a Almeria brasileira<\/span><\/a><\/span><\/span><\/span><\/p>\r\n\r\n<p style=\"text-align:justify\"><span style=\"font-size:11pt\"><span style=\"line-height:normal\"><span style=\"font-family:Aptos,sans-serif\"><a href=\"https:\/\/www.moveisdevalor.com.br\/portal\/cadeia-global-redefine-estrategia-no-setor-de-colchoes?source=news\" style=\"color:blue; text-decoration:underline\"><span lang=\"ES-AR\" style=\"font-size:14.0pt\">Cadeia global redefine estrat&eacute;gia no setor de colch&otilde;es<\/span><\/a><\/span><\/span><\/span><\/p>\r\n\r\n<p style=\"text-align:justify\"><span style=\"font-size:11pt\"><span style=\"line-height:normal\"><span style=\"font-family:Aptos,sans-serif\"><a href=\"https:\/\/www.moveisdevalor.com.br\/portal\/Industria-gaucha-cresce-em-faturamento-mas-perde-folego?source=news\" style=\"color:blue; text-decoration:underline\"><span lang=\"ES-AR\" style=\"font-size:14.0pt\">Moveleiro | Ind&uacute;stria ga&uacute;cha cresce em faturamento, mas perde f&ocirc;lego<\/span><\/a><\/span><\/span><\/span><\/p>\r\n\r\n<p style=\"text-align:justify\"><span style=\"font-size:11pt\"><span style=\"line-height:normal\"><span style=\"font-family:Aptos,sans-serif\"><a href=\"https:\/\/www.nonwovens-industry.com\/exclusives\/independent-diaper-brands-accelerate-growth\/\" style=\"color:blue; text-decoration:underline\"><span lang=\"ES-AR\" style=\"font-size:14.0pt\">Independent Diaper Brands Accelerate Growth<\/span><\/a><\/span><\/span><\/span><\/p>\r\n\r\n<p style=\"text-align:justify\"><span style=\"font-size:28pt\"><span style=\"font-family:Aptos,sans-serif\"><span style=\"letter-spacing:-0.5pt\"><b><span lang=\"EN-US\" style=\"font-size:18.0pt\"><span style=\"font-variant:small-caps\">Ind&uacute;stria<\/span><\/span><\/b><\/span><\/span><\/span><\/p>\r\n\r\n<p style=\"text-align:justify\"><span style=\"font-size:11pt\"><span style=\"line-height:normal\"><span style=\"font-family:Aptos,sans-serif\"><a href=\"https:\/\/noticias.portaldaindustria.com.br\/noticias\/politica-industrial\/efeitos-da-guerra-podem-ser-nefastos-para-o-setor-produtivo-destaca-ricardo-alban\/?utm_source=email&amp;utm_medium=newsletter&amp;utm_campaign=27032026_021\" style=\"color:blue; text-decoration:underline\"><span style=\"font-size:14.0pt\">&quot;Efeitos da guerra podem ser nefastos para o setor produtivo&quot;, destaca Ricardo Alban<\/span><\/a><\/span><\/span><\/span><\/p>\r\n\r\n<p style=\"text-align:justify\"><span style=\"font-size:11pt\"><span style=\"line-height:normal\"><span style=\"font-family:Aptos,sans-serif\"><a href=\"https:\/\/www.poder360.com.br\/poder-economia\/custo-da-construcao-civil-dispara-e-empresas-tem-falta-de-material\/\" style=\"color:blue; text-decoration:underline\"><span style=\"font-size:14.0pt\">Custo da constru&ccedil;&atilde;o civil dispara e empresas t&ecirc;m falta de material...<\/span><\/a><\/span><\/span><\/span><\/p>\r\n\r\n<p style=\"text-align:justify\"><span style=\"font-size:11pt\"><span style=\"line-height:normal\"><span style=\"font-family:Aptos,sans-serif\"><a href=\"https:\/\/noticias.portaldaindustria.com.br\/noticias\/institucional\/cni-lanca-agenda-legislativa-da-industria-2026-com-135-projetos\/?utm_source=email&amp;utm_medium=newsletter&amp;utm_campaign=25032026_020\" style=\"color:blue; text-decoration:underline\"><span style=\"font-size:14.0pt\">CNI lan&ccedil;a Agenda Legislativa da Ind&uacute;stria 2026 com 135 projetos<\/span><\/a><\/span><\/span><\/span><\/p>\r\n\r\n<p style=\"text-align:justify\"><span style=\"font-size:11pt\"><span style=\"line-height:normal\"><span style=\"font-family:Aptos,sans-serif\"><a href=\"https:\/\/noticias.portaldaindustria.com.br\/noticias\/institucional\/brasil-2050-cni-apresenta-projeto-com-foco-em-seguranca-para-investir-e-estabilidade-para-crescer\/?utm_source=email&amp;utm_medium=newsletter&amp;utm_campaign=25032026_020\" style=\"color:blue; text-decoration:underline\"><span style=\"font-size:14.0pt\">Brasil 2050: CNI apresenta projeto com foco em seguran&ccedil;a para investir e estabilidade para crescer<\/span><\/a><\/span><\/span><\/span><\/p>\r\n\r\n<p style=\"text-align:justify\"><span style=\"font-size:11pt\"><span style=\"line-height:normal\"><span style=\"font-family:Aptos,sans-serif\"><a href=\"https:\/\/noticias.portaldaindustria.com.br\/noticias\/politica-industrial\/setor-privado-responde-positivamente-a-politica-industrial-investimentos-somam-r-284-tri\/\" style=\"color:blue; text-decoration:underline\"><span style=\"font-size:14.0pt\">Setor privado responde positivamente &agrave; pol&iacute;tica industrial: investimentos somam R$ 2,84 tri<\/span><\/a><\/span><\/span><\/span><\/p>\r\n\r\n<p style=\"text-align:justify\"><span style=\"font-size:11pt\"><span style=\"line-height:normal\"><span style=\"font-family:Aptos,sans-serif\"><a href=\"https:\/\/noticias.portaldaindustria.com.br\/posicionamentos\/mp-sobre-frete-rodoviario-onera-e-arrisca-operacoes-industriais-diz-cni-\/?utm_source=email&amp;utm_medium=newsletter&amp;utm_campaign=23032026_019\" style=\"color:blue; text-decoration:underline\"><span style=\"font-size:14.0pt\">MP sobre frete rodovi&aacute;rio onera e arrisca opera&ccedil;&otilde;es industriais, diz CNI<\/span><\/a><\/span><\/span><\/span><\/p>\r\n\r\n<p style=\"text-align:justify\"><span style=\"font-size:11pt\"><span style=\"line-height:normal\"><span style=\"font-family:Aptos,sans-serif\"><a href=\"https:\/\/grandesconstrucoes.com.br\/Noticias\/Exibir\/construcao-civil-ve-2026-com-otimismo-moderado?utm_source=akna&amp;utm_medium=email&amp;utm_campaign=Grandes-Construcoes-Informativo-1004-19-03-2026\" style=\"color:blue; text-decoration:underline\"><span style=\"font-size:14.0pt\">Constru&ccedil;&atilde;o civil v&ecirc; 2026 com otimismo moderado<\/span><\/a><\/span><\/span><\/span><\/p>\r\n\r\n<p style=\"text-align:justify\"><span style=\"font-size:11pt\"><span style=\"line-height:normal\"><span style=\"font-family:Aptos,sans-serif\"><a href=\"https:\/\/grandesconstrucoes.com.br\/Noticias\/Exibir\/investimento-em-infraestrutura-atinge-r-280-bilhoes-com-predominancia-do-setor-privado-mostra-relatorio-da-abdib?utm_source=akna&amp;utm_medium=email&amp;utm_campaign=Grandes-Construcoes-Informativo-1004-19-03-2026\" style=\"color:blue; text-decoration:underline\"><span style=\"font-size:14.0pt\">Investimento em infraestrutura atinge R$ 280 bilh&otilde;es com predomin&acirc;ncia do setor privado, mostra relat&oacute;rio da ABDIB<\/span><\/a><\/span><\/span><\/span><\/p>\r\n\r\n<p style=\"text-align:justify\"><span style=\"font-size:11pt\"><span style=\"line-height:normal\"><span style=\"font-family:Aptos,sans-serif\"><a href=\"https:\/\/grandesconstrucoes.com.br\/Noticias\/Exibir\/primeiros-impactos-da-reforma-tributaria-afligem-mercado-de-infraestrutura?utm_source=akna&amp;utm_medium=email&amp;utm_campaign=Grandes-Construcoes-Informativo-1004-19-03-2026\" style=\"color:blue; text-decoration:underline\"><span style=\"font-size:14.0pt\">Primeiros impactos da reforma tribut&aacute;ria afligem mercado de infraestrutura<\/span><\/a><\/span><\/span><\/span><\/p>\r\n\r\n<p style=\"text-align:justify\"><span style=\"font-size:11pt\"><span style=\"line-height:normal\"><span style=\"font-family:Aptos,sans-serif\"><a href=\"https:\/\/www.gov.br\/antt\/pt-br\/assuntos\/ultimas-noticias\/antt-avanca-na-modernizacao-do-marco-ferroviario-e-reforca-interoperabilidade-como-eixo-central-da-politica-publica?utm_campaign=39687172-Newsletter%20Inbound&amp;utm_medium=email&amp;_hsenc=p2ANqtz--qcHcbrG9z4sqDnpG7jMPHi90Pcmnfgh-mE8fOrHlUcbybAckULMbF1YrZ1m9hVSI7tYIVD67bnDiyGd7tzui19HSmCg&amp;_hsmi=410932344&amp;utm_content=410932344&amp;utm_source=hs_email\" style=\"color:blue; text-decoration:underline\"><span style=\"font-size:14.0pt\">ANTT avan&ccedil;a na moderniza&ccedil;&atilde;o do marco ferrovi&aacute;rio e refor&ccedil;a interoperabilidade como eixo central da pol&iacute;tica p&uacute;blica<\/span><\/a><\/span><\/span><\/span><\/p>\r\n\r\n<p style=\"text-align:justify\"><span style=\"font-size:11pt\"><span style=\"line-height:normal\"><span style=\"font-family:Aptos,sans-serif\"><a href=\"https:\/\/movimentoeconomico.com.br\/geral\/redacao\/2026\/03\/24\/carteira-de-saneamento-no-ne-chega-a-r-397-bi-em-11-projetos-do-bndes\/?utm_campaign=39687172-Newsletter%20Inbound&amp;utm_medium=email&amp;_hsenc=p2ANqtz-9FsE_RCCBrPLbmA_S3sOZ3Jf6yoTwraXJ_WSf4-DxM9mSQzYpL2We2Pw4vLApsb4M5924G_0oY36r6_0dbQyO4Twnm-A&amp;_hsmi=410932344&amp;utm_content=410932344&amp;utm_source=hs_email\" style=\"color:blue; text-decoration:underline\"><span style=\"font-size:14.0pt\">Carteira de saneamento no NE chega a R$ 39,7 bi em 11 projetos do BNDES<\/span><\/a><\/span><\/span><\/span><\/p>\r\n\r\n<p style=\"text-align:justify\"><span style=\"font-size:28pt\"><span style=\"font-family:Aptos,sans-serif\"><span style=\"letter-spacing:-0.5pt\"><b><span style=\"font-size:18.0pt\"><span style=\"font-variant:small-caps\">Sustentabilidade<\/span><\/span><\/b><\/span><\/span><\/span><\/p>\r\n\r\n<p style=\"text-align:justify\"><span style=\"font-size:11pt\"><span style=\"line-height:normal\"><span style=\"font-family:Aptos,sans-serif\"><a href=\"https:\/\/www.abiplast.org.br\/noticias\/setor-da-construcao-civil-consome-130-mil-toneladas-de-plastico-reciclado-em-2024\/\" style=\"color:blue; text-decoration:underline\"><span style=\"font-size:14.0pt\">Setor da Constru&ccedil;&atilde;o Civil consome 130 mil toneladas de pl&aacute;stico reciclado em 2024<\/span><\/a><\/span><\/span><\/span><\/p>\r\n\r\n<p style=\"text-align:justify\"><span style=\"font-size:11pt\"><span style=\"line-height:normal\"><span style=\"font-family:Aptos,sans-serif\"><a href=\"https:\/\/www.meiofiltrante.com.br\/Artigo\/6248\/programa-da-abrafiltros-de-reciclagem-de-filtros-usados-do-oleo-lubrificante-automotivo-ultrapassa-30-milhoes-no-estado-de-sao-paulo-em-13-anos\" style=\"color:blue; text-decoration:underline\"><span style=\"font-size:14.0pt\">Programa da Abrafiltros de reciclagem de filtros usados do &oacute;leo lubrificante automotivo ultrapassa 30 milh&otilde;es no estado de S&atilde;o Paulo em 13 anos<\/span><\/a><\/span><\/span><\/span><\/p>\r\n\r\n<p style=\"text-align:justify\"><span style=\"font-size:11pt\"><span style=\"line-height:normal\"><span style=\"font-family:Aptos,sans-serif\"><a href=\"https:\/\/businessmoment.com.br\/catadores-e-cooperativas-movimentam-mais-de-r-119-mil-na-cadeia-da-reciclagem-em-sao-paulo\/\" style=\"color:blue; text-decoration:underline\"><span style=\"font-size:14.0pt\">Catadores e cooperativas movimentam mais de R$ 119 mil na cadeia da reciclagem em S&atilde;o Paulo<\/span><\/a><\/span><\/span><\/span><\/p>\r\n\r\n<p style=\"text-align:justify\"><span style=\"font-size:11pt\"><span style=\"line-height:normal\"><span style=\"font-family:Aptos,sans-serif\"><a href=\"https:\/\/www.abiplast.org.br\/noticias\/ifc-lanca-iniciativa-regional-para-acelerar-a-circularidade-industrial-de-plasticos-com-potencial-de-investimento-na-america-latina-e-no-caribe\/\" style=\"color:blue; text-decoration:underline\"><span style=\"font-size:14.0pt\">IFC lan&ccedil;a iniciativa regional para acelerar a circularidade industrial de pl&aacute;sticos com potencial de investimento na Am&eacute;rica Latina e no Caribe<\/span><\/a><\/span><\/span><\/span><\/p>\r\n\r\n<p style=\"text-align:justify\"><span style=\"font-size:11pt\"><span style=\"line-height:normal\"><span style=\"font-family:Aptos,sans-serif\"><a href=\"https:\/\/www.technical-textiles.net\/news\/free-content-recycling-workwear-reflective-strips\" style=\"color:blue; text-decoration:underline\"><span lang=\"EN-US\" style=\"font-size:14.0pt\">Recycling workwear with reflective strips<\/span><\/a><\/span><\/span><\/span><\/p>\r\n\r\n<p style=\"text-align:justify\"><span style=\"font-size:11pt\"><span style=\"line-height:normal\"><span style=\"font-family:Aptos,sans-serif\"><a href=\"https:\/\/innovationintextiles.com\/europe-faces-textile-waste-tipping-point-as-recycling-lags\/\" style=\"color:blue; text-decoration:underline\"><span lang=\"EN-US\" style=\"font-size:14.0pt\">Europe faces textile waste tipping point as recycling lags<\/span><\/a><\/span><\/span><\/span><\/p>\r\n\r\n<p style=\"text-align:justify\"><span style=\"font-size:11pt\"><span style=\"line-height:normal\"><span style=\"font-family:Aptos,sans-serif\"><a href=\"https:\/\/share.google\/mmAx9ft6SUMBWfW98\" style=\"color:blue; text-decoration:underline\"><span style=\"font-size:14.0pt\">Governo realiza segundo encontro com a ind&uacute;stria para defini&ccedil;&atilde;o do Mercado de Carbono<\/span><\/a><\/span><\/span><\/span><\/p>\r\n\r\n<p style=\"text-align:justify\"><span style=\"font-size:11pt\"><span style=\"line-height:normal\"><span style=\"font-family:Aptos,sans-serif\"><a href=\"https:\/\/horizons.fia.com.br\/insights\/inovacao-e-sustentabilidade-no-brasil-pos-cop30-da-estrategia-ao-modelo-de-decisao\/?utm_source=site&amp;utm_medium=email-mkt&amp;utm_campaign=artigo-inovabilidade\" style=\"color:blue; text-decoration:underline\"><span style=\"font-size:14.0pt\">Inova&ccedil;&atilde;o e Sustentabilidade no Brasil p&oacute;s-COP30: da estrat&eacute;gia ao modelo de decis&atilde;o<\/span><\/a><\/span><\/span><\/span><\/p>\r\n\r\n<p style=\"text-align:justify\"><span style=\"font-size:28pt\"><span style=\"font-family:Aptos,sans-serif\"><span style=\"letter-spacing:-0.5pt\"><b><span lang=\"EN-US\" style=\"font-size:18.0pt\"><span style=\"font-variant:small-caps\">Inova&ccedil;&atilde;o<\/span><\/span><\/b><\/span><\/span><\/span><\/p>\r\n\r\n<p style=\"text-align:justify\"><span style=\"font-size:11pt\"><span style=\"line-height:normal\"><span style=\"font-family:Aptos,sans-serif\"><a href=\"https:\/\/www.technical-textiles.net\/news\/free-content-aligned-fibre-nonwovens-production-composites\" style=\"color:blue; text-decoration:underline\"><span lang=\"EN-US\" style=\"font-size:14.0pt\">Aligned-fibre nonwovens for the production of composites<\/span><\/a><\/span><\/span><\/span><\/p>\r\n\r\n<p style=\"text-align:justify\"><span style=\"font-size:11pt\"><span style=\"line-height:normal\"><span style=\"font-family:Aptos,sans-serif\"><a href=\"https:\/\/clickpetroleoegas.com.br\/adolescente-cria-solucao-revolucionaria-contra-microplasticos-com-filtro-de-purificacao-de-agua-eficiente-acessivel-e-promissor-para-combater-um-dos-maiores-desafios-ambientais-atualm-hl1402\/\" style=\"color:blue; text-decoration:underline\"><span style=\"font-size:14.0pt\">Adolescente cria solu&ccedil;&atilde;o revolucion&aacute;ria contra micropl&aacute;sticos com filtro de purifica&ccedil;&atilde;o de &aacute;gua eficiente<\/span><\/a><\/span><\/span><\/span><\/p>\r\n\r\n<p style=\"text-align:justify\"><span style=\"font-size:11pt\"><span style=\"line-height:normal\"><span style=\"font-family:Aptos,sans-serif\"><a href=\"https:\/\/www.abit.org.br\/noticias\/setor-textil-e-de-confeccao-aposta-em-novos-produtos-e-materiais-em-2026-aponta-abit?utm_medium=email&amp;utm_campaign=300326_abit_informa_-_base_rd&amp;utm_source=RD+Station\" style=\"color:blue; text-decoration:underline\"><span style=\"font-size:14.0pt\">Setor t&ecirc;xtil e de confec&ccedil;&atilde;o aposta em novos produtos e materiais em 2026, aponta Abit<\/span><\/a><\/span><\/span><\/span><\/p>\r\n\r\n<p style=\"text-align:justify\"><span style=\"font-size:11pt\"><span style=\"line-height:normal\"><span style=\"font-family:Aptos,sans-serif\"><span style=\"font-size:14.0pt\"><a href=\"https:\/\/imprensa.portaldaindustria.com.br\/posicionamentos\/61-das-industrias-no-brasil-inovaram-nos-ultimos-3-anos-revela-cni\/\" style=\"color:blue; text-decoration:underline\">Pesquisa da CNI mostra que 61% das ind&uacute;strias brasileiras realizaram atividades de inova&ccedil;&atilde;o nos &uacute;ltimos tr&ecirc;s anos<\/a><\/span><\/span><\/span><\/span><\/p>\r\n\r\n<p style=\"text-align:justify\"><span style=\"font-size:11pt\"><span style=\"line-height:normal\"><span style=\"font-family:Aptos,sans-serif\"><a href=\"https:\/\/noticias.portaldaindustria.com.br\/noticias\/internacional\/bndes-vai-destinar-r-10-bi-para-industria-40-e-bens-de-capital-verde\/\" style=\"color:blue; text-decoration:underline\"><span style=\"font-size:14.0pt\">BNDES vai destinar R$ 10 bi para ind&uacute;stria 4.0 e bens de capital verde<\/span><\/a><\/span><\/span><\/span><\/p>\r\n\r\n<p style=\"text-align:justify\"><span style=\"font-size:11pt\"><span style=\"line-height:normal\"><span style=\"font-family:Aptos,sans-serif\"><a href=\"https:\/\/www.meiofiltrante.com.br\/Noticia\/132461\/embrapii-sera-uma-das-protagonistas-do-11o-congresso-de-inovacao-da-industria-\" style=\"color:blue; text-decoration:underline\"><span style=\"font-size:14.0pt\">Embrapii ser&aacute; uma das protagonistas do 11&ordm; Congresso de Inova&ccedil;&atilde;o da Ind&uacute;stria<\/span><\/a><\/span><\/span><\/span><\/p>\r\n\r\n<p style=\"text-align:justify\"><span style=\"font-size:28pt\"><span style=\"font-family:Aptos,sans-serif\"><span style=\"letter-spacing:-0.5pt\"><b><span style=\"font-size:18.0pt\"><span style=\"font-variant:small-caps\">Com&eacute;rcio Exterior<\/span><\/span><\/b><\/span><\/span><\/span><\/p>\r\n\r\n<p style=\"text-align:justify\"><span style=\"font-size:11pt\"><span style=\"line-height:normal\"><span style=\"font-family:Aptos,sans-serif\"><a href=\"https:\/\/economia.uol.com.br\/noticias\/reuters\/2026\/03\/26\/gecex-aprova-antidumping-definitivo-para-resinas-polietileno-dos-eua-e-canada.htm?cmpid=copiaecola\" style=\"color:blue; text-decoration:underline\"><span style=\"font-size:14.0pt\">Gecex aprova antidumping definitivo para resinas polietileno dos EUA e Canad&aacute;<\/span><\/a><\/span><\/span><\/span><\/p>\r\n\r\n<p style=\"text-align:justify\"><span style=\"font-size:11pt\"><span style=\"line-height:normal\"><span style=\"font-family:Aptos,sans-serif\"><a href=\"https:\/\/app.rdstation.email\/mail\/02d776eb-8f76-4d07-a2ea-dbd71d325124?utm_medium=email&amp;utm_campaign=sindionline_-_25032026&amp;utm_source=RD+Station\" style=\"color:blue; text-decoration:underline\"><span lang=\"ES-AR\" style=\"font-size:14.0pt\">Impactos do avan&ccedil;o das importa&ccedil;&otilde;es t&ecirc;xteis s&atilde;o discutidos na SDE-SP<\/span><\/a><\/span><\/span><\/span><\/p>\r\n\r\n<p style=\"text-align:justify\"><span style=\"font-size:11pt\"><span style=\"line-height:normal\"><span style=\"font-family:Aptos,sans-serif\"><a href=\"http:\/\/www.fashionatingworld.com\/new1-2\/china-out-but-can-india-deliver-the-realities-of-the-global-sourcing-shift\" style=\"color:blue; text-decoration:underline\"><span lang=\"EN-US\" style=\"font-size:14.0pt\">China out but can India deliver? The realities of the global sourcing shift<\/span><\/a><\/span><\/span><\/span><\/p>\r\n\r\n<p style=\"text-align:justify\"><span style=\"font-size:11pt\"><span style=\"line-height:normal\"><span style=\"font-family:Aptos,sans-serif\"><a href=\"https:\/\/www.fashionatingworld.com\/new1-2\/global-textile-transparency-evolves-with-launch-of-world-s-first-china-europe-dpp\" style=\"color:blue; text-decoration:underline\"><span lang=\"EN-US\" style=\"font-size:14.0pt\">Global textile transparency evolves with launch of world&rsquo;s first China-Europe DPP<\/span><\/a><\/span><\/span><\/span><\/p>\r\n\r\n<p style=\"text-align:justify\"><span style=\"font-size:11pt\"><span style=\"line-height:normal\"><span style=\"font-family:Aptos,sans-serif\"><a href=\"https:\/\/www.infomoney.com.br\/economia\/governo-isenta-de-tarifa-de-importacao-quase-mil-produtos-sem-producao-nacional\/\" style=\"color:blue; text-decoration:underline\"><span style=\"font-size:14.0pt\">Governo isenta de tarifa de importa&ccedil;&atilde;o quase mil produtos sem produ&ccedil;&atilde;o nacional<\/span><\/a><\/span><\/span><\/span><\/p>\r\n\r\n<p style=\"text-align:justify\"><span style=\"font-size:28pt\"><span style=\"font-family:Aptos,sans-serif\"><span style=\"letter-spacing:-0.5pt\"><b><span style=\"font-size:18.0pt\"><span style=\"font-variant:small-caps\">Economia<\/span><\/span><\/b><\/span><\/span><\/span><\/p>\r\n\r\n<p style=\"text-align:justify\"><span style=\"font-size:11pt\"><span style=\"line-height:normal\"><span style=\"font-family:Aptos,sans-serif\"><a href=\"https:\/\/www.bcb.gov.br\/content\/focus\/focus\/R20260327.pdf\" style=\"color:blue; text-decoration:underline\"><span style=\"font-size:14.0pt\">Focus | Relat&oacute;rio de Mercado<\/span><\/a><\/span><\/span><\/span><\/p>\r\n\r\n<p style=\"text-align:justify\"><span style=\"font-size:11pt\"><span style=\"line-height:normal\"><span style=\"font-family:Aptos,sans-serif\"><a href=\"https:\/\/share.google\/8yLpFBqK4Op6cnB1z\" style=\"color:blue; text-decoration:underline\"><span style=\"font-size:14.0pt\">Trump pode bagun&ccedil;ar o mercado financeiro e impacto ser&aacute; global!<\/span><\/a><\/span><\/span><\/span><\/p>\r\n\r\n<p style=\"text-align:justify\"><span style=\"font-size:11pt\"><span style=\"line-height:normal\"><span style=\"font-family:Aptos,sans-serif\"><a href=\"https:\/\/portalibre.fgv.br\/system\/files\/divulgacao\/noticias\/mat-complementar\/2026-03\/Sondagem%20da%20Industria%20FGV_press%20release_Mar26.pdf\" style=\"color:blue; text-decoration:underline\"><span style=\"font-size:14.0pt\">Em mar&ccedil;o, confian&ccedil;a da ind&uacute;stria ficou relativamente est&aacute;vel<\/span><\/a><\/span><\/span><\/span><\/p>\r\n\r\n<p style=\"text-align:justify\"><span style=\"font-size:11pt\"><span style=\"line-height:normal\"><span style=\"font-family:Aptos,sans-serif\"><a href=\"https:\/\/portalibre.fgv.br\/system\/files\/divulgacao\/noticias\/mat-complementar\/2026-03\/Press%20Release_ICST_Mar26.pdf\" style=\"color:blue; text-decoration:underline\"><span style=\"font-size:14.0pt\">A Confian&ccedil;a da Constru&ccedil;&atilde;o avan&ccedil;ou 2,1 pontos em mar&ccedil;o.<\/span><\/a><\/span><\/span><\/span><\/p>\r\n","texto_en":"","7":"","imagem":"COMP_capa-2026-site-boletim-abint-noticias-semanis_20260401113614KU16cOlBjd.jpg","8":"COMP_capa-2026-site-boletim-abint-noticias-semanis_20260401113614KU16cOlBjd.jpg","arquivo":"20260331-BOLETIM-ABINT-DE-NOTICIAS-SEMANAIS.PDF","9":"20260331-BOLETIM-ABINT-DE-NOTICIAS-SEMANAIS.PDF","titulo_arquivo":"20260331 Boletim  ABINT de Not\u00edcias Semanais","10":"20260331 Boletim  ABINT de Not\u00edcias Semanais","titulo_arquivo_en":"","11":"","created_at":"2026-04-01 11:36:23","12":"2026-04-01 11:36:23","updated_at":"2026-04-01 11:36:23","13":"2026-04-01 11:36:23"},{"id":224,"0":224,"ordem":0,"1":0,"data":"2026-03-24","2":"2026-03-24","slug":"boletim-abint-de-noticias-semanais-119","3":"boletim-abint-de-noticias-semanais-119","titulo":"Boletim ABINT de Not\u00edcias Semanais","4":"Boletim ABINT de Not\u00edcias Semanais","titulo_en":"","5":"","texto":"<p style=\"text-align:justify\"><span style=\"font-size:11pt\"><span style=\"line-height:normal\"><span style=\"font-family:Aptos,sans-serif\"><span style=\"font-size:14.0pt\">Esta &eacute; uma compila&ccedil;&atilde;o das not&iacute;cias mais relevantes para o setor, incluindo informa&ccedil;&otilde;es sobre acordos internacionais, economia brasileira, sustentabilidade e mat&eacute;rias primas, al&eacute;m de novidades do setor de N&atilde;otecidos e Tecidos T&eacute;cnicos.<\/span><\/span><\/span><\/span><\/p>\r\n\r\n<p style=\"text-align:justify\"><span style=\"font-size:28pt\"><span style=\"font-family:Aptos,sans-serif\"><span style=\"letter-spacing:-0.5pt\"><b><span style=\"font-size:18.0pt\"><span style=\"font-variant:small-caps\">A&ccedil;&atilde;o realizada<\/span><\/span><\/b><\/span><\/span><\/span><\/p>\r\n\r\n<p style=\"text-align:justify\"><span style=\"font-size:11pt\"><span style=\"line-height:normal\"><span style=\"font-family:Aptos,sans-serif\"><span style=\"font-size:14.0pt\">Dias 17 a 19 de mar&ccedil;o de 2026 o CTG ABINT realizou a 4&ordf; edi&ccedil;&atilde;o do Curso Brasileiro de Instala&ccedil;&atilde;o de Geomembranas &ldquo;Paulo Kenji A&ccedil;akura&rdquo;, que contou com 63 participantes, novamente com grande ades&atilde;o dos profissionais soldadores, o que torna bastante din&acirc;micas e produtivas as aulas pr&aacute;ticas e te&oacute;ricas.<\/span><\/span><\/span><\/span><\/p>\r\n\r\n<p style=\"text-align:justify\"><span style=\"font-size:11pt\"><span style=\"line-height:normal\"><span style=\"font-family:Aptos,sans-serif\"><span style=\"font-size:14.0pt\">Neste ano contamos com a presen&ccedil;a do Paulo Kenji A&ccedil;akura J&uacute;nior, que nos trouxe um pouco da trajet&oacute;ria e experi&ecirc;ncias de seu pai.<\/span><\/span><\/span><\/span><\/p>\r\n\r\n<p style=\"text-align:justify\"><img src=\"https:\/\/www.abint.org.br\/assets\/img\/editor\/colagem-cbig2026-1_20260326131057JciLYthS4J.jpg\" style=\"width: 500px; height: 889px;\" \/><img src=\"https:\/\/www.abint.org.br\/assets\/img\/editor\/colagem-cbig2026-2_20260326131123E7uHCEFap1.jpg\" style=\"width: 500px; height: 889px;\" \/><\/p>\r\n\r\n<p class=\"MsoTitle\" style=\"text-align:justify\"><span style=\"font-size:28pt\"><span style=\"font-family:Aptos,sans-serif\"><span style=\"letter-spacing:-0.5pt\"><b><span style=\"font-size:18.0pt\"><span style=\"font-variant:small-caps\">O que vem por a&iacute;<\/span><\/span><\/b><\/span><\/span><\/span><\/p>\r\n\r\n<p style=\"text-align:justify\"><img src=\"https:\/\/www.abint.org.br\/assets\/img\/editor\/post-quadrado-curso-naotecido-2026-2_20260326131535BHeNIfVpbl.png\" style=\"width: 500px; height: 500px;\" \/><\/p>\r\n\r\n<p style=\"text-align:justify\">&nbsp;<\/p>\r\n\r\n<p align=\"center\" style=\"text-align:center\"><span style=\"font-size:11pt\"><span style=\"line-height:normal\"><span style=\"font-family:Aptos,sans-serif\"><a href=\"https:\/\/forms.gle\/SMUvLuH5kKYh745eA\" style=\"color:blue; text-decoration:underline\"><b><span style=\"font-size:14.0pt\">Informa&ccedil;&otilde;es e inscri&ccedil;&otilde;es<\/span><\/b><\/a><\/span><\/span><\/span><\/p>\r\n\r\n<p style=\"text-align:justify\"><span style=\"font-size:28pt\"><span style=\"font-family:Aptos,sans-serif\"><span style=\"letter-spacing:-0.5pt\"><b><span style=\"font-size:18.0pt\"><span style=\"font-variant:small-caps\">Not&iacute;cias das Associadas<\/span><\/span><\/b><\/span><\/span><\/span><\/p>\r\n\r\n<p style=\"text-align:justify\"><span style=\"font-size:11pt\"><span style=\"line-height:normal\"><span style=\"font-family:Aptos,sans-serif\"><a href=\"https:\/\/www.revistafatorbrasil.com.br\/2026\/03\/17\/os-desafios-da-industria-de-naotecidos\/\" style=\"color:blue; text-decoration:underline\"><span style=\"font-size:14.0pt\">Os desafios da ind&uacute;stria de N&atilde;otecidos<\/span><\/a><\/span><\/span><\/span><\/p>\r\n\r\n<p style=\"text-align:justify\"><span style=\"font-size:11pt\"><span style=\"line-height:normal\"><span style=\"font-family:Aptos,sans-serif\"><a href=\"https:\/\/blogdoplastico.wordpress.com\/2026\/03\/23\/dia-da-agua-geossinteticos-conferem-protecao-economia-e-sustentabilidade\/\" style=\"color:blue; text-decoration:underline\"><span style=\"font-size:14.0pt\">Dia da &Aacute;gua: geossint&eacute;ticos conferem prote&ccedil;&atilde;o, economia e sustentabilidade<\/span><\/a><\/span><\/span><\/span><\/p>\r\n\r\n<p style=\"text-align:justify\"><span style=\"font-size:11pt\"><span style=\"line-height:normal\"><span style=\"font-family:Aptos,sans-serif\"><a href=\"https:\/\/www.andritz.com\/hydro-en\/about-andritz-hydro\/locations\/brasil-sao-paulo\/pt\/local-news-brasil-pt%5d\" style=\"color:blue; text-decoration:underline\"><span style=\"font-size:14.0pt\">Andritz: sucesso nos testes do RT e RV no Instituto Eldorado resulta em homologa&ccedil;&atilde;o do Inmetro<\/span><\/a><\/span><\/span><\/span><\/p>\r\n\r\n<p style=\"text-align:justify\"><span style=\"font-size:11pt\"><span style=\"line-height:normal\"><span style=\"font-family:Aptos,sans-serif\"><b><span style=\"font-size:18.0pt\"><span style=\"font-variant:small-caps\">Eventos<\/span><\/span><\/b><\/span><\/span><\/span><\/p>\r\n\r\n<p style=\"text-align:justify\"><span style=\"font-size:11pt\"><span style=\"line-height:normal\"><span style=\"font-family:Aptos,sans-serif\"><a href=\"https:\/\/app.rdstation.email\/mail\/009df534-ad93-4cc0-b02f-882d9f8e88ec?utm_medium=email&amp;utm_campaign=marco_25&amp;utm_source=RD+Station\" style=\"color:blue; text-decoration:underline\"><b><span style=\"font-size:14.0pt\">Adapta&ccedil;&atilde;o e Resili&ecirc;ncia H&iacute;drica no Contexto das Mudan&ccedil;as Clim&aacute;ticas<\/span><\/b><\/a><span style=\"font-size:14.0pt\">, 25 de mar&ccedil;o de 2026, 09h00 &agrave;s 12h30, evento online<\/span><\/span><\/span><\/span><\/p>\r\n\r\n<p style=\"text-align:justify\"><span style=\"font-size:11pt\"><span style=\"line-height:normal\"><span style=\"font-family:Aptos,sans-serif\"><a href=\"https:\/\/congressodeinovacao.com.br\/\" style=\"color:blue; text-decoration:underline\"><b><span style=\"font-size:14.0pt\">11&ordm; Congresso de Inova&ccedil;&atilde;o da Ind&uacute;stria<\/span><\/b><\/a><span style=\"font-size:14.0pt\">, 25 e 26 de mar&ccedil;o de 2026, WTC S&atilde;o Paulo<\/span><\/span><\/span><\/span><\/p>\r\n\r\n<p style=\"text-align:justify\"><span style=\"font-size:11pt\"><span style=\"line-height:normal\"><span style=\"font-family:Aptos,sans-serif\"><a href=\"https:\/\/cni.portaldaindustria.com.br\/l\/3417367\" style=\"color:blue; text-decoration:underline\"><b><span style=\"font-size:14.0pt\">CNI | Semin&aacute;rio: Acordo Mercosul-Uni&atilde;o Europeia: um novo cap&iacute;tulo para a ind&uacute;stria brasileira<\/span><\/b><\/a><span style=\"font-size:14.0pt\">, 27 de mar&ccedil;o de 2026, 09h30 &agrave;s 16h00, evento presencial, CNI S&atilde;o Paulo, Rua Surubim, 504, 9&ordm; andar, Brooklin Novo, S&atilde;o Paulo, SP<\/span><\/span><\/span><\/span><\/p>\r\n\r\n<p style=\"text-align:justify\"><span style=\"font-size:11pt\"><span style=\"line-height:normal\"><span style=\"font-family:Aptos,sans-serif\"><a href=\"https:\/\/evento.fgv.br\/seminariopoliticia0604-703685\/?utm_source=email2b&amp;utm_medium=e-mail&amp;utm_campaign=inscri%C3%A7%C3%A3o+XII+Semin%C3%A1rio+Anual+de+Pol%C3%ADtica+Monet%C3%A1ria+&amp;utm_id=divulga%C3%A7%C3%A3o+dicom\" style=\"color:blue; text-decoration:underline\"><b><span style=\"font-size:14.0pt\">FGV IBRE | XII Semin&aacute;rio Anual de Pol&iacute;tica Monet&aacute;ria<\/span><\/b><\/a><span style=\"font-size:14.0pt\">, 06 de abril de 2026, 14h, Centro Cultural FGV Praia de Botafogo, 186 Botafogo, Rio de Janeiro\/RJ<\/span><\/span><\/span><\/span><\/p>\r\n\r\n<p style=\"text-align:justify\"><span style=\"font-size:11pt\"><span style=\"line-height:normal\"><span style=\"font-family:Aptos,sans-serif\"><a href=\"https:\/\/forumabre.org.br\/\" style=\"color:blue; text-decoration:underline\"><b><span style=\"font-size:14.0pt\">F&oacute;rum Abre de Sustentabilidade<\/span><\/b><\/a><span style=\"font-size:14.0pt\">, 15 e 16 de abril de 2026, em S&atilde;o Paulo<\/span><\/span><\/span><\/span><\/p>\r\n\r\n<p style=\"text-align:justify\"><span style=\"font-size:11pt\"><span style=\"line-height:normal\"><span style=\"font-family:Aptos,sans-serif\"><a href=\"https:\/\/biotexfuture.info\/wp-content\/uploads\/2026\/03\/Agenda_BTF_InnovationDay_Spring_04032026.pdf\" style=\"color:blue; text-decoration:underline\"><b><span lang=\"EN-US\" style=\"font-size:14.0pt\">Innovation Day &ldquo;Harvesting Innovation: Bridging Agriculture and Textiles&rdquo;<\/span><\/b><\/a><span lang=\"EN-US\" style=\"font-size:14.0pt\">, 5 May 2026, 09:30 &ndash; 14:00 CEST (online streaming starts at 10:00), ITA, Otto-Blumenthal-Stra&szlig;e 1, 52074 Aachen or online (link will be provided upon registration)<\/span><\/span><\/span><\/span><\/p>\r\n\r\n<p style=\"text-align:justify\"><span style=\"font-size:11pt\"><span style=\"line-height:normal\"><span style=\"font-family:Aptos,sans-serif\"><a href=\"https:\/\/www.feimec.com.br\/pt\/home.html\" style=\"color:blue; text-decoration:underline\"><b><span style=\"font-size:14.0pt\">FEIMEC - Feira Internacional de M&aacute;quinas e Equipamentos<\/span><\/b><\/a><span style=\"font-size:14.0pt\">, 05 a 09 de maio de 2026, ter&ccedil;a a sexta - 10h &agrave;s 19h | s&aacute;bado - 9h &agrave;s 17h, S&atilde;o Paulo Expo, Rod. dos Imigrantes, KM 1,5<\/span><\/span><\/span><\/span><\/p>\r\n\r\n<p style=\"text-align:justify\"><span style=\"font-size:11pt\"><span style=\"line-height:normal\"><span style=\"font-family:Aptos,sans-serif\"><a href=\"https:\/\/www.hospitalar.com\/?utm_campaign=BRZ26HPR-MN-CREDENCIAMENTO-ABERTO&amp;utm_emailname=BRZ26HPR-MN-CREDENCIAMENTO-ABERTO-1-Resend&amp;utm_medium=email&amp;utm_source=eloqua&amp;utm_MDMContactID=2bb3d23c-a32f-4218-88d5-29f7fb45caee&amp;utm_campaigntype=Visitor%20Promotion&amp;eM=50c7dfe42c38ea8f10539f0a167fc763253059e495554a32db7a57f8f237ec4c&amp;eventSeriesCode=ES_HOSPITALAR&amp;eventEditionCode=BRZ26HPR&amp;sessionCode=S_EXHB&amp;sp_eh=50c7dfe42c38ea8f10539f0a167fc763253059e495554a32db7a57f8f237ec4c\" style=\"color:blue; text-decoration:underline\"><b><span style=\"font-size:14.0pt\">Hospitalar 2026<\/span><\/b><\/a><span style=\"font-size:14.0pt\">, 19 a 22 de maio, das 11h &agrave;s 20h, S&atilde;o Paulo Expo<\/span><\/span><\/span><\/span><\/p>\r\n\r\n<p style=\"text-align:justify\"><span style=\"font-size:11pt\"><span style=\"line-height:normal\"><span style=\"font-family:Aptos,sans-serif\"><a href=\"https:\/\/credenciamentonexumgroup.lovable.app\/evento\/personal-care-summit-latinoamerica-2026\" style=\"color:blue; text-decoration:underline\"><b><span style=\"font-size:14.0pt\">Personal Care Summit Latinoam&eacute;rica | I<\/span><\/b><b><span style=\"font-size:14.0pt\">nd&uacute;stria 5.0: Tecnologia e Pessoas<\/span><\/b><\/a><span style=\"font-size:14.0pt\">, 09 de junho de 2026, Hotel Pullman, Guarulhos, SP<\/span><\/span><\/span><\/span><\/p>\r\n\r\n<p style=\"text-align:justify\"><span style=\"font-size:11pt\"><span style=\"line-height:normal\"><span style=\"font-family:Aptos,sans-serif\"><a href=\"https:\/\/www.hightex.com.tr\/\" style=\"color:blue; text-decoration:underline\"><b><span lang=\"EN-US\" style=\"font-size:14.0pt\">HIGTEX 2026 &ndash; International Technical Textiles and Nonwoven Exhibition<\/span><\/b><\/a><span lang=\"EN-US\" style=\"font-size:14.0pt\">, June 9&ndash;13, T&Uuml;YAP Fair and Congress Center, \u0130stanbul, T&uuml;rkiye<\/span><\/span><\/span><\/span><\/p>\r\n\r\n<p style=\"text-align:justify\"><span style=\"font-size:11pt\"><span style=\"line-height:normal\"><span style=\"font-family:Aptos,sans-serif\"><a href=\"https:\/\/www.worldofwipes.org\/\" style=\"color:blue; text-decoration:underline\"><b><span lang=\"EN-US\" style=\"font-size:14.0pt\">INDA | WOW - World of Wipes International Conference<\/span><\/b><\/a><span lang=\"EN-US\" style=\"font-size:14.0pt\">, June 29&ndash;July 2, 2026, Grand Hyatt Nashville, Nashville, Tennessee USA<\/span><\/span><\/span><\/span><\/p>\r\n\r\n<p style=\"text-align:justify\"><span style=\"font-size:11pt\"><span style=\"line-height:normal\"><span style=\"font-family:Aptos,sans-serif\"><a href=\"https:\/\/filtech.de\/\" style=\"color:blue; text-decoration:underline\"><b><span style=\"font-size:14.0pt\">Filtech 2026<\/span><\/b><\/a><span style=\"font-size:14.0pt\">, 30 de junho a 2 de julho, Cologne, Alemanha<\/span><\/span><\/span><\/span><\/p>\r\n\r\n<p style=\"text-align:justify\"><span style=\"font-size:11pt\"><span style=\"line-height:normal\"><span style=\"font-family:Aptos,sans-serif\"><a href=\"https:\/\/www.formobile.com.br\/pt\/home.html\" style=\"color:blue; text-decoration:underline\"><b><span style=\"font-size:14.0pt\">ForM&oacute;bile 2026<\/span><\/b><\/a><span style=\"font-size:14.0pt\">, 30 de junho a 3 de julho, S&atilde;o Paulo Expo<\/span><\/span><\/span><\/span><\/p>\r\n\r\n<p style=\"text-align:justify\"><span style=\"font-size:11pt\"><span style=\"line-height:normal\"><span style=\"font-family:Aptos,sans-serif\"><a href=\"https:\/\/sienge.com.br\/construsummit\/\" style=\"color:blue; text-decoration:underline\"><b><span style=\"font-size:14.0pt\">Construsummit<\/span><\/b><\/a><span style=\"font-size:14.0pt\">, 1 e 2 de julho de 2026, Florian&oacute;polis, SC<\/span><\/span><\/span><\/span><\/p>\r\n\r\n<p style=\"text-align:justify\"><span style=\"font-size:11pt\"><span style=\"line-height:normal\"><span style=\"font-family:Aptos,sans-serif\"><a href=\"https:\/\/info.fastmarkets.com\/index.php\/email\/emailWebview?email=OTMwLVlTTi0zNDIAAAGgm9GYB4UXisBYfG6V1YgLbIkX8OtKVxG11VCYMcCYfPs1fCCJJmN773X5IwSwnvWO_PwKa82eHJaJrBpZ4hTGCHcBq8U9L5ysEA\" style=\"color:blue; text-decoration:underline\"><b><span style=\"font-size:14.0pt\">Fastmarkets Forest Products Latin America Conference 2026<\/span><\/b><\/a><span style=\"font-size:14.0pt\">, 10 a 12 de agosto de 2026, S&atilde;o Paulo<\/span><\/span><\/span><\/span><\/p>\r\n\r\n<p style=\"text-align:justify\"><span style=\"font-size:11pt\"><span style=\"line-height:normal\"><span style=\"font-family:Aptos,sans-serif\"><a href=\"https:\/\/feiplar.com\/Presencial\/inicio-2024\/\" style=\"color:blue; text-decoration:underline\"><b><span style=\"font-size:14.0pt\">FEIPLAR &amp; FEIPUR &ndash; Feira e Congresso Internacionais de Materiais Avan&ccedil;ados<\/span><\/b><\/a><span style=\"font-size:14.0pt\">, 25 a 27 de agosto de 2026, S&atilde;o Paulo Expo | Pavilh&atilde;o 5, S&atilde;o Paulo, SP, Brasil<\/span><\/span><\/span><\/span><\/p>\r\n\r\n<p style=\"text-align:justify\"><span style=\"font-size:11pt\"><span style=\"line-height:normal\"><span style=\"font-family:Aptos,sans-serif\"><a href=\"https:\/\/ficons.com.br\/\" style=\"color:blue; text-decoration:underline\"><b><span style=\"font-size:14.0pt\">FICONS - Feira Internacional de Materiais, Equipamentos e Servi&ccedil;os da Constru&ccedil;&atilde;o<\/span><\/b><\/a><span style=\"font-size:14.0pt\">, 15 a 18 de setembro de 2026, Centro de Conven&ccedil;&otilde;es de Pernambuco Recife\/ Olinda<\/span><\/span><\/span><\/span><\/p>\r\n\r\n<p style=\"text-align:justify\"><span style=\"font-size:11pt\"><span style=\"line-height:normal\"><span style=\"font-family:Aptos,sans-serif\"><a href=\"https:\/\/www.edana.org\/events\/outlook\/outlook-2025\" style=\"color:blue; text-decoration:underline\"><b><span style=\"font-size:14.0pt\">OUTLOOK&trade; 2026<\/span><\/b><\/a><span style=\"font-size:14.0pt\">, 22&ndash;24 September, Hotel Miragem, Cascais, Portugal<\/span><\/span><\/span><\/span><\/p>\r\n\r\n<p style=\"text-align:justify\"><span style=\"font-size:11pt\"><span style=\"line-height:normal\"><span style=\"font-family:Aptos,sans-serif\"><a href=\"https:\/\/hospitalmed.com.br\/feira\/\" style=\"color:blue; text-decoration:underline\"><b><span style=\"font-size:14.0pt\">HospitalMed<\/span><\/b><\/a><span style=\"font-size:14.0pt\">, 21 a 23 de outubro de 2026, das 14h &agrave;s 20h, Pernambuco Centro de Conven&ccedil;&otilde;es, Olinda<\/span><\/span><\/span><\/span><\/p>\r\n\r\n<p style=\"text-align:justify\"><span style=\"font-size:11pt\"><span style=\"line-height:normal\"><span style=\"font-family:Aptos,sans-serif\"><a href=\"https:\/\/www.edana.org\/events\/edana-sustainability-forum\" style=\"color:blue; text-decoration:underline\"><b><span lang=\"EN-US\" style=\"font-size:14.0pt\">Sustainability &amp; Policy Forum<\/span><\/b><\/a><span lang=\"EN-US\" style=\"font-size:14.0pt\">, 8&ndash;9 December 2026, Residence Palace in Brussels, Belgium<\/span><\/span><\/span><\/span><\/p>\r\n\r\n<p style=\"text-align:justify\"><span style=\"font-size:11pt\"><span style=\"line-height:normal\"><span style=\"font-family:Aptos,sans-serif\"><a href=\"https:\/\/infrane.com.br\/\" style=\"color:blue; text-decoration:underline\"><b><span style=\"font-size:14.0pt\">Infra NE<\/span><\/b><\/a><span style=\"font-size:14.0pt\">, 03 a 05 de mar&ccedil;o de 2027, Centro de Conven&ccedil;&otilde;es Salvador<\/span><\/span><\/span><\/span><\/p>\r\n\r\n<p style=\"text-align:justify\"><span style=\"font-size:28pt\"><span style=\"font-family:Aptos,sans-serif\"><span style=\"letter-spacing:-0.5pt\"><b><span style=\"font-size:18.0pt\"><span style=\"font-variant:small-caps\">Setor<\/span><\/span><\/b><\/span><\/span><\/span><\/p>\r\n\r\n<p style=\"text-align:justify\"><span style=\"font-size:11pt\"><span style=\"line-height:normal\"><span style=\"font-family:Aptos,sans-serif\"><a href=\"https:\/\/portalpersonalcare.com.br\/startups-investem-em-inovacao-para-reduzir-impacto-ambiental-de-fraldas-descartaveis\/?utm_medium=email&amp;utm_campaign=newsletter_18032026&amp;utm_source=RD+Station\" style=\"color:blue; text-decoration:underline\"><span style=\"font-size:14.0pt\"><span style=\"color:blue\">Startups investem em inova&ccedil;&atilde;o para reduzir impacto ambiental de fraldas descart&aacute;veis<\/span><\/span><\/a><\/span><\/span><\/span><\/p>\r\n\r\n<p style=\"text-align:justify\"><span style=\"font-size:11pt\"><span style=\"line-height:normal\"><span style=\"font-family:Aptos,sans-serif\"><a href=\"http:\/\/clickemail.portalpersonalcare.com.br\/ls\/click?upn=u001.D2-2F0Tg0A29KXXLMT6ctG-2BYOihdDbc-2ByFrUFb3ZXMT9RMudyFOQWLvjCaKBXaP4jHRMmNZjLCHZHcdN8IsfqFfMUV7FLh3lN3xefPNsuEU9IQLt5M1EHxYPJ0204VFECsdZOIUI3hBgqxe-2BgVmQ5M-2Fa92pv7h8Gb9pWZIiRJyv22mGFgMdrLL26Q0z4f7Lt93YgqliqWPArnOV2O-2FDVV4q7PVrqEF5PG6HfTMaJ4BHjg-2B2uQG-2FhNnnAKLpw8Nj-2FEeTWbqvjNWFzsne3YPgVUW6hyqBliGUfnFTzvJJkRoZlA-3DV9SQ_T7N8BvZTOm04CQQMiyWztrpCjlUrRc4F7QzSgUIpTqDyHxxxhGpyWLohz7JoE2GE5NHlS-2BYZoX1R75Fh8KCze9GvCCb-2FinuNgc39g0Cdbe-2FcU8RlSBQhp5om11AQZQ-2FDPV9Mguhiuv8ESYmUmuBWjwLwcwSQ421RZFQi8os10gAXD4CnqzZvVp8HBSQEB1U4rhDD4qGYz2nHizftPXKwehbUPL7j8NR1uuBVlQ6aU7ecImmEldoGyZaXp7tVW8isG48dRGsnRgqdJGwTfL1zHgKS9hIaWSuTOJ8vPUWx7gQ92NEke4147vvxVt3PeJaHt6U05uIt2DCTAaCl9KNZufhlL6mtxuua-2FuJt82h6dBIzqV74gc708DgeBuF5rgr-2BmSfRhhJ6tEdc-2BB27XZ-2BeXkK3ZrZ0xZKxtrl1Rib5KacTp8T1VjJ75rzcw9GmdCi1CNU1GOoBw0dhOENhQAwxwKZIqqiVhxDaKcOu-2F6qYRMPOD2qfzC3xoGWLOJkp9kRZedFyDTggoEDrAae-2FNlkIzMCLEjUiMGa6f2DGGisiegUUNef9J-2FQoYz1z-2FYEIZGr4-2BS5Gaqq19H-2B1MgwQyCvQ49bHL19-2B1saIYN0v5o0Y64c4Juxfbp0o-2FX8on7I5UWEmszLbIO8pzfc9Dt3rAP0Bbw-3D-3D\" style=\"color:blue; text-decoration:underline\" target=\"_blank\"><span style=\"font-size:14.0pt\">Da resist&ecirc;ncia &agrave; consolida&ccedil;&atilde;o: o crescimento da fibra de eucalipto no mercado global de fluff<\/span><\/a><\/span><\/span><\/span><\/p>\r\n\r\n<p style=\"text-align:justify\"><span style=\"font-size:11pt\"><span style=\"line-height:normal\"><span style=\"font-family:Aptos,sans-serif\"><a href=\"https:\/\/monitormercantil.com.br\/plastico-guerra-no-oriente-medio-acende-alerta-para-risco-de-desabastecimento\/\" style=\"color:blue; text-decoration:underline\"><span style=\"font-size:14.0pt\">Guerra no Oriente M&eacute;dio pode gerar desabastecimento de pl&aacute;stico<\/span><\/a><\/span><\/span><\/span><\/p>\r\n\r\n<p style=\"text-align:justify\"><span style=\"font-size:11pt\"><span style=\"line-height:normal\"><span style=\"font-family:Aptos,sans-serif\"><a href=\"https:\/\/conlink.conceitualpress.com.br\/ev\/PWg7y\/BfA\/228e\/LCFJkUKAOaB\/BMxa\/\" style=\"color:blue; text-decoration:underline\"><span style=\"font-size:14.0pt\">A crise que o barril trouxe n&atilde;o &eacute; sobre o barril<\/span><\/a><\/span><\/span><\/span><\/p>\r\n\r\n<p style=\"text-align:justify\"><span style=\"font-size:11pt\"><span style=\"line-height:normal\"><span style=\"font-family:Aptos,sans-serif\"><a href=\"https:\/\/www.textileworld.com\/textile-world\/nonwovens-technical-textiles\/2026\/03\/edana-unveils-nominees-for-index26-awards-highlighting-the-next-generation-of-nonwoven-excellence-2\/\" style=\"color:blue; text-decoration:underline\"><span lang=\"ES-AR\" style=\"font-size:14.0pt\">EDANA Unveils Nominees For INDEX&trade;26 Awards: Highlighting The Next Generation Of Nonwoven Excellence<\/span><\/a><\/span><\/span><\/span><\/p>\r\n\r\n<p style=\"text-align:justify\"><span style=\"font-size:11pt\"><span style=\"line-height:normal\"><span style=\"font-family:Aptos,sans-serif\"><a href=\"https:\/\/www.gov.br\/ans\/pt-br\/assuntos\/noticias\/qualidade-da-saude\/ans-torna-publicos-indicadores-de-qualidade-de-hospitais-da-saude-suplementar?utm_medium=email&amp;utm_campaign=diario_da_saude_mn__12022026&amp;utm_source=RD+Station\" style=\"color:blue; text-decoration:underline\"><span lang=\"ES-AR\" style=\"font-size:14.0pt\">ANS torna p&uacute;blicos indicadores de qualidade de hospitais da sa&uacute;de suplementar<\/span><\/a><\/span><\/span><\/span><\/p>\r\n\r\n<p style=\"text-align:justify\"><span style=\"font-size:11pt\"><span style=\"line-height:normal\"><span style=\"font-family:Aptos,sans-serif\"><a href=\"https:\/\/www.machadonunes.com.br\/pt\/agencia-nacional-de-vigilancia-sanitaria-anvisa-define-os-diretores-responsaveis-pelas-diretorias-da-agencia\/\" style=\"color:blue; text-decoration:underline\"><span lang=\"ES-AR\" style=\"font-size:14.0pt\">Ag&ecirc;ncia Nacional de Vigil&acirc;ncia Sanit&aacute;ria (ANVISA) define os diretores respons&aacute;veis pelas diretorias da ag&ecirc;ncia<\/span><\/a><\/span><\/span><\/span><\/p>\r\n\r\n<p style=\"text-align:justify\"><span style=\"font-size:28pt\"><span style=\"font-family:Aptos,sans-serif\"><span style=\"letter-spacing:-0.5pt\"><b><span style=\"font-size:18.0pt\"><span style=\"font-variant:small-caps\">Ind&uacute;stria<\/span><\/span><\/b><\/span><\/span><\/span><\/p>\r\n\r\n<p style=\"text-align:justify\"><span style=\"font-size:11pt\"><span style=\"line-height:normal\"><span style=\"font-family:Aptos,sans-serif\"><a href=\"https:\/\/brasilparticipativo.presidencia.gov.br\/processes\/brasilparticipativo\/f\/26\/posts\/1007\" style=\"color:blue; text-decoration:underline\"><span style=\"font-size:14.0pt\">MDIC abre nova consulta p&uacute;blica para melhoria da competitividade no pa&iacute;s<\/span><\/a><\/span><\/span><\/span><\/p>\r\n\r\n<p style=\"text-align:justify\"><span style=\"font-size:11pt\"><span style=\"line-height:normal\"><span style=\"font-family:Aptos,sans-serif\"><a href=\"https:\/\/fecomercio.com.br\/noticia\/guerra-no-oriente-medio-repercussoes-para-o-brasil-e-para-o-comercio-mundial?utm_medium=email&amp;utm_campaign=direto_ao_ponto_-_mar-1&amp;utm_source=RD+Station\" style=\"color:blue; text-decoration:underline\"><span style=\"font-size:14.0pt\">Conflito no Oriente M&eacute;dio: repercuss&otilde;es para o Brasil e para o Com&eacute;rcio mundial<\/span><\/a><\/span><\/span><\/span><\/p>\r\n\r\n<p style=\"text-align:justify\"><span style=\"font-size:11pt\"><span style=\"line-height:normal\"><span style=\"font-family:Aptos,sans-serif\"><a href=\"https:\/\/fecomercio.com.br\/noticia\/entidades-e-relator-da-pec-da-escala-6x1-alertam-para-custo-excessivo-sobre-emprego-e-empresas?utm_medium=email&amp;utm_campaign=direto_ao_ponto_-_mar-1&amp;utm_source=RD+Station\" style=\"color:blue; text-decoration:underline\"><span style=\"font-size:14.0pt\">Entidades e relator da PEC da escala 6x1 alertam para custo excessivo sobre emprego e empresas<\/span><\/a><\/span><\/span><\/span><\/p>\r\n\r\n<p style=\"text-align:justify\"><span style=\"font-size:11pt\"><span style=\"line-height:normal\"><span style=\"font-family:Aptos,sans-serif\"><a href=\"https:\/\/www.gov.br\/mdic\/pt-br\/assuntos\/noticias\/2026\/marco\/mdic-e-bid-reforcam-parceria-para-ampliar-exportacoes-e-facilitar-investimento-estrangeiro\" style=\"color:blue; text-decoration:underline\"><span style=\"font-size:14.0pt\">MDIC e BID refor&ccedil;am parceria para ampliar exporta&ccedil;&otilde;es e facilitar investimento estrangeiro<\/span><\/a><\/span><\/span><\/span><\/p>\r\n\r\n<p style=\"text-align:justify\"><span style=\"font-size:11pt\"><span style=\"line-height:normal\"><span style=\"font-family:Aptos,sans-serif\"><a href=\"https:\/\/economicnewsbrasil.com.br\/2026\/03\/16\/producao-de-veiculos-cresce-fevereiro-anfavea\/\" style=\"color:blue; text-decoration:underline\"><span style=\"font-size:14.0pt\">Produ&ccedil;&atilde;o de ve&iacute;culos no Brasil avan&ccedil;ou 20% de janeiro para fevereiro<\/span><\/a><\/span><\/span><\/span><\/p>\r\n\r\n<p style=\"text-align:justify\"><span style=\"font-size:11pt\"><span style=\"line-height:normal\"><span style=\"font-family:Aptos,sans-serif\"><a href=\"https:\/\/grandesconstrucoes.com.br\/Noticias\/Exibir\/o-apagao-de-condicoes-para-fazer-engenharia-no-brasil?utm_source=akna&amp;utm_medium=email&amp;utm_campaign=Grandes-Construcoes-Informativo-1003-12-03-2026\" style=\"color:blue; text-decoration:underline\"><span style=\"font-size:14.0pt\">O apag&atilde;o de condi&ccedil;&otilde;es para fazer engenharia no Brasil<\/span><\/a><\/span><\/span><\/span><\/p>\r\n\r\n<p style=\"text-align:justify\"><span style=\"font-size:11pt\"><span style=\"line-height:normal\"><span style=\"font-family:Aptos,sans-serif\"><a href=\"https:\/\/noticias.portaldaindustria.com.br\/noticias\/economia\/empresarios-da-construcao-projetam-queda-do-emprego-e-de-novos-empreendimentos-nos-proximos-meses-revela-cni\/\" style=\"color:blue; text-decoration:underline\"><span style=\"font-size:14.0pt\">Empres&aacute;rios da constru&ccedil;&atilde;o projetam queda do emprego e de novos empreendimentos nos pr&oacute;ximos meses, revela CNI<\/span><\/a><\/span><\/span><\/span><\/p>\r\n\r\n<p style=\"text-align:justify\"><span style=\"font-size:11pt\"><span style=\"line-height:normal\"><span style=\"font-family:Aptos,sans-serif\"><a href=\"https:\/\/plasticosulamerica.com\/lula-sanciona-lei-que-reduz-tributos-para-industria-quimica-e-setor-aponta-impactos-em-producao-e-emprego\/\" style=\"color:blue; text-decoration:underline\"><span style=\"font-size:14.0pt\">Lula sanciona lei que reduz tributos para ind&uacute;stria qu&iacute;mica e setor aponta impactos em produ&ccedil;&atilde;o e emprego<\/span><\/a><\/span><\/span><\/span><\/p>\r\n\r\n<p class=\"MsoTitleCxSpFirst\" style=\"text-align:justify\"><span style=\"font-size:28pt\"><span style=\"font-family:Aptos,sans-serif\"><span style=\"letter-spacing:-0.5pt\"><b><span style=\"font-size:18.0pt\"><span style=\"font-variant:small-caps\">Sustentabilidade<\/span><\/span><\/b><\/span><\/span><\/span><\/p>\r\n\r\n<p style=\"text-align:justify\"><span style=\"font-size:11pt\"><span style=\"line-height:normal\"><span style=\"font-family:Aptos,sans-serif\"><a href=\"https:\/\/public-api.wordpress.com\/bar\/?stat=groovemails-events&amp;bin=wpcom_email_click&amp;redirect_to=https%3A%2F%2Fblogdoplastico.wordpress.com%2F2026%2F03%2F23%2Fsetor-da-construcao-civil-consome-130-mil-toneladas-de-plastico-reciclado-em-2024%2F&amp;sr=0&amp;signature=e02e2efb803fd191bced8d9bf690d987&amp;blog_id=9438832&amp;user=135099004&amp;_e=eyJlcnJvciI6bnVsbCwiYmxvZ19pZCI6OTQzODgzMiwiYmxvZ19sYW5nIjoicHQtQlIiLCJzaXRlX2lkX2xhYmVsIjoid3Bjb20iLCJoYXNfZmVhdHVyZWRfaW1hZ2UiOiIwIiwic3Vic2NyaWJlcl9pZCI6IjQ0NzAwMjQ1IiwiX3VpIjoxMzUwOTkwMDQsImxvY2FsZSI6InB0LWJyIiwiY3VycmVuY3kiOiJCUkwiLCJjb3VudHJ5X2NvZGVfc2lnbnVwIjoiQlIiLCJzaWdudXBfZmxvd19uYW1lIjoiZGVsdGEtc2l0ZSIsImVtYWlsX2RvbWFpbiI6ImFiaW50Lm9yZy5iciIsInBvc3RfaWQiOjE5NzI2LCJ1c2VyX2VtYWlsIjoiYWJpbnRAYWJpbnQub3JnLmJyIiwiZGF0ZV9zZW50IjoiMjAyNi0wMy0yMyIsImVtYWlsX25hbWUiOiJuZXctcG9zdCIsInRlbXBsYXRlIjoibmV3LXBvc3QiLCJlbWFpbF9pZCI6IjU2NTQ1YWRkMzQxZmNhMjZjZmNiNGQxNWEzYWUyMjAyIiwibGlua19kZXNjIjoicG9zdC11cmwiLCJhbmNob3JfdGV4dCI6IlNldG9yIGRhIENvbnN0cnVcdTAwZTdcdTAwZTNvIENpdmlsIGNvbnNvbWUgMTMwIG1pbCB0b25lbGFkYXMgZGUgcGxcdTAwZTFzdGljbyByZWNpY2xhZG8gZW1cdTAwYTAyMDI0IiwiX2RyIjpudWxsLCJfZGwiOiJcL3dwLWFkbWluXC9wb3N0LnBocCIsIl91dCI6IndwY29tOnVzZXJfaWQiLCJfdWwiOiJhYmludHR0IiwiX2VuIjoid3Bjb21fZW1haWxfY2xpY2siLCJfdHMiOjE3NzQyOTU4NTQyOTUsImJyb3dzZXJfdHlwZSI6InBocC1hZ2VudCIsIl9hdWEiOiJ3cGNvbS10cmFja3MtY2xpZW50LXYwLjMiLCJibG9nX3R6IjoiLTMiLCJ1c2VyX2xhbmciOiJwdC1iciJ9&amp;_z=z\" style=\"color:blue; text-decoration:underline\"><span style=\"font-size:14.0pt\">Setor da Constru&ccedil;&atilde;o Civil consome 130 mil toneladas de pl&aacute;stico reciclado em&nbsp;2024<\/span><\/a><\/span><\/span><\/span><\/p>\r\n\r\n<p style=\"text-align:justify\"><span style=\"font-size:11pt\"><span style=\"line-height:normal\"><span style=\"font-family:Aptos,sans-serif\"><a href=\"https:\/\/plasticosemrevista.com.br\/eua-consumidores-menos-antenados-na-reciclabilidade-de-embalagens\/\" style=\"color:blue; text-decoration:underline\"><span style=\"font-size:14.0pt\">EUA: consumidores menos antenados na reciclabilidade de embalagens<\/span><\/a><\/span><\/span><\/span><\/p>\r\n\r\n<p style=\"text-align:justify\"><span style=\"font-size:11pt\"><span style=\"line-height:normal\"><span style=\"font-family:Aptos,sans-serif\"><a href=\"https:\/\/www.revistatae.com.br\/Noticia\/93356\/setor-de-saneamento-tem-preocupacao-com-a-seguranca-juridica-e-a-estabilidade-regulatoria-\" style=\"color:blue; text-decoration:underline\"><span style=\"font-size:14.0pt\">Setor de saneamento tem preocupa&ccedil;&atilde;o com a seguran&ccedil;a jur&iacute;dica e a estabilidade regulat&oacute;ria<\/span><\/a><\/span><\/span><\/span><\/p>\r\n\r\n<p style=\"text-align:justify\"><span style=\"font-size:11pt\"><span style=\"line-height:normal\"><span style=\"font-family:Aptos,sans-serif\"><a href=\"https:\/\/jornaldebrasilia.com.br\/noticias\/economia\/mdic-lanca-norma-para-certificacao-de-produtos-sustentaveis-que-substituem-plasticos\/\" style=\"color:blue; text-decoration:underline\"><span style=\"font-size:14.0pt\">MDIC lan&ccedil;a norma para certifica&ccedil;&atilde;o de produtos sustent&aacute;veis que substituem pl&aacute;sticos<\/span><\/a><\/span><\/span><\/span><\/p>\r\n\r\n<p style=\"text-align:justify\"><span style=\"font-size:28pt\"><span style=\"font-family:Aptos,sans-serif\"><span style=\"letter-spacing:-0.5pt\"><b><span style=\"font-size:18.0pt\"><span style=\"font-variant:small-caps\">Inova&ccedil;&atilde;o<\/span><\/span><\/b><\/span><\/span><\/span><\/p>\r\n\r\n<p style=\"text-align:justify\"><span style=\"font-size:11pt\"><span style=\"line-height:normal\"><span style=\"font-family:Aptos,sans-serif\"><a href=\"https:\/\/agenciabrasil.ebc.com.br\/radioagencia-nacional\/geral\/audio\/2026-03\/taxa-de-inovacao-na-industria-cai-pelo-terceiro-ano\" style=\"color:blue; text-decoration:underline\"><span style=\"font-size:14.0pt\">Taxa de inova&ccedil;&atilde;o na ind&uacute;stria cai pelo terceiro ano<\/span><\/a><\/span><\/span><\/span><\/p>\r\n\r\n<p style=\"text-align:justify\"><span style=\"font-size:11pt\"><span style=\"line-height:normal\"><span style=\"font-family:Aptos,sans-serif\"><a href=\"https:\/\/nautica.com.br\/pesquisa-unesp-acacia-branca-elimina-microplastico\/\" style=\"color:blue; text-decoration:underline\"><span style=\"font-size:14.0pt\">Pesquisa brasileira revela que semente de planta comum no pa&iacute;s pode extrair micropl&aacute;sticos da &aacute;gua<\/span><\/a><\/span><\/span><\/span><\/p>\r\n\r\n<p style=\"text-align:justify\"><span style=\"font-size:28pt\"><span style=\"font-family:Aptos,sans-serif\"><span style=\"letter-spacing:-0.5pt\"><b><span style=\"font-size:18.0pt\"><span style=\"font-variant:small-caps\">Com&eacute;rcio&nbsp;Exterior<\/span><\/span><\/b><\/span><\/span><\/span><\/p>\r\n\r\n<p style=\"text-align:justify\"><span style=\"font-size:11pt\"><span style=\"line-height:normal\"><span style=\"font-family:Aptos,sans-serif\"><a href=\"https:\/\/www.conjur.com.br\/2026-mar-17\/o-impacto-aduaneiro-do-acordo-de-livre-comercio-ue-mercosul\/\" style=\"color:blue; text-decoration:underline\"><span style=\"font-size:14.0pt\">O impacto aduaneiro do Acordo de Livre Com&eacute;rcio UE-Mercosul<\/span><\/a><\/span><\/span><\/span><\/p>\r\n\r\n<p style=\"text-align:justify\"><span style=\"font-size:11pt\"><span style=\"line-height:normal\"><span style=\"font-family:Aptos,sans-serif\"><a href=\"https:\/\/www.moneytimes.com.br\/governo-fara-nova-rodada-de-corte-de-tarifas-de-importacao-apos-pedidos-de-empresas-diz-secretario-do-mdic\/\" style=\"color:blue; text-decoration:underline\"><span style=\"font-size:14.0pt\">Governo far&aacute; nova rodada de corte de tarifas de importa&ccedil;&atilde;o ap&oacute;s pedidos de empresas, diz secret&aacute;rio do MDIC<\/span><\/a><\/span><\/span><\/span><\/p>\r\n\r\n<p style=\"text-align:justify\"><span style=\"font-size:11pt\"><span style=\"line-height:normal\"><span style=\"font-family:Aptos,sans-serif\"><a href=\"https:\/\/www.gov.br\/mdic\/pt-br\/assuntos\/noticias\/2026\/marco\/mdic-lanca-janela-unica-para-facilitar-entrada-de-investimentos-estrangeiros-no-brasil\" style=\"color:blue; text-decoration:underline\"><span style=\"font-size:14.0pt\">MDIC lan&ccedil;a Janela &Uacute;nica para facilitar entrada de investimentos estrangeiros no Brasil<\/span><\/a><\/span><\/span><\/span><\/p>\r\n\r\n<p style=\"text-align:justify\"><span style=\"font-size:11pt\"><span style=\"line-height:normal\"><span style=\"font-family:Aptos,sans-serif\"><a href=\"https:\/\/grandesconstrucoes.com.br\/Noticias\/Exibir\/industria-de-pneus-pede-ao-governo-barreiras-contra-importacoes?utm_source=akna&amp;utm_medium=email&amp;utm_campaign=Grandes-Construcoes-Informativo-1003-12-03-2026\" style=\"color:blue; text-decoration:underline\"><span style=\"font-size:14.0pt\">Ind&uacute;stria de pneus pede ao governo barreiras contra importa&ccedil;&otilde;es<\/span><\/a><\/span><\/span><\/span><\/p>\r\n\r\n<p style=\"text-align:justify\"><span style=\"font-size:28pt\"><span style=\"font-family:Aptos,sans-serif\"><span style=\"letter-spacing:-0.5pt\"><b><span style=\"font-size:18.0pt\"><span style=\"font-variant:small-caps\">Economia<\/span><\/span><\/b><\/span><\/span><\/span><\/p>\r\n\r\n<p style=\"text-align:justify\"><span style=\"font-size:11pt\"><span style=\"line-height:normal\"><span style=\"font-family:Aptos,sans-serif\"><a href=\"https:\/\/www.bcb.gov.br\/content\/focus\/focus\/R20260320.pdf\" style=\"color:blue; text-decoration:underline\"><span style=\"font-size:14.0pt\">Focus | Relat&oacute;rio de Mercado<\/span><\/a><\/span><\/span><\/span><\/p>\r\n\r\n<p style=\"text-align:justify\"><span style=\"font-size:11pt\"><span style=\"line-height:normal\"><span style=\"font-family:Aptos,sans-serif\"><a href=\"https:\/\/www.machadomeyer.com.br\/pt\/inteligencia-juridica\/publicacoes-ij\/tributario-ij\/preenchimento-do-codigo-de-beneficio-fiscal-na-nf-e-e-na-nfc-e-passa-a-ser-obrigatorio-em-sp-a-partir-de-abril\" style=\"color:blue; text-decoration:underline\"><span style=\"font-size:14.0pt\">Preenchimento do c&oacute;digo de benef&iacute;cio fiscal na NF-e e na NFC-e passa a ser obrigat&oacute;rio em SP a partir de abril<\/span><\/a><\/span><\/span><\/span><\/p>\r\n\r\n<p style=\"text-align:justify\"><span style=\"font-size:11pt\"><span style=\"line-height:normal\"><span style=\"font-family:Aptos,sans-serif\"><a href=\"https:\/\/portalibre.fgv.br\/system\/files\/2026-03\/previa-do-indice-de-confianca-empresarial-e-de-incerteza-fgv_mar26_0.pdf\" style=\"color:blue; text-decoration:underline\"><span style=\"font-size:14.0pt\">Pr&eacute;via de mar&ccedil;o indica queda de confian&ccedil;a e aumento da incerteza<\/span><\/a><\/span><\/span><\/span><\/p>\r\n\r\n<p style=\"text-align:justify\"><img src=\"https:\/\/www.abint.org.br\/assets\/img\/editor\/redes-sociais-abint-ctg-cth_20260210191221AOfpfYeBxv.jpg\" \/><\/p>\r\n","6":"<p style=\"text-align:justify\"><span style=\"font-size:11pt\"><span style=\"line-height:normal\"><span style=\"font-family:Aptos,sans-serif\"><span style=\"font-size:14.0pt\">Esta &eacute; uma compila&ccedil;&atilde;o das not&iacute;cias mais relevantes para o setor, incluindo informa&ccedil;&otilde;es sobre acordos internacionais, economia brasileira, sustentabilidade e mat&eacute;rias primas, al&eacute;m de novidades do setor de N&atilde;otecidos e Tecidos T&eacute;cnicos.<\/span><\/span><\/span><\/span><\/p>\r\n\r\n<p style=\"text-align:justify\"><span style=\"font-size:28pt\"><span style=\"font-family:Aptos,sans-serif\"><span style=\"letter-spacing:-0.5pt\"><b><span style=\"font-size:18.0pt\"><span style=\"font-variant:small-caps\">A&ccedil;&atilde;o realizada<\/span><\/span><\/b><\/span><\/span><\/span><\/p>\r\n\r\n<p style=\"text-align:justify\"><span style=\"font-size:11pt\"><span style=\"line-height:normal\"><span style=\"font-family:Aptos,sans-serif\"><span style=\"font-size:14.0pt\">Dias 17 a 19 de mar&ccedil;o de 2026 o CTG ABINT realizou a 4&ordf; edi&ccedil;&atilde;o do Curso Brasileiro de Instala&ccedil;&atilde;o de Geomembranas &ldquo;Paulo Kenji A&ccedil;akura&rdquo;, que contou com 63 participantes, novamente com grande ades&atilde;o dos profissionais soldadores, o que torna bastante din&acirc;micas e produtivas as aulas pr&aacute;ticas e te&oacute;ricas.<\/span><\/span><\/span><\/span><\/p>\r\n\r\n<p style=\"text-align:justify\"><span style=\"font-size:11pt\"><span style=\"line-height:normal\"><span style=\"font-family:Aptos,sans-serif\"><span style=\"font-size:14.0pt\">Neste ano contamos com a presen&ccedil;a do Paulo Kenji A&ccedil;akura J&uacute;nior, que nos trouxe um pouco da trajet&oacute;ria e experi&ecirc;ncias de seu pai.<\/span><\/span><\/span><\/span><\/p>\r\n\r\n<p style=\"text-align:justify\"><img src=\"https:\/\/www.abint.org.br\/assets\/img\/editor\/colagem-cbig2026-1_20260326131057JciLYthS4J.jpg\" style=\"width: 500px; height: 889px;\" \/><img src=\"https:\/\/www.abint.org.br\/assets\/img\/editor\/colagem-cbig2026-2_20260326131123E7uHCEFap1.jpg\" style=\"width: 500px; height: 889px;\" \/><\/p>\r\n\r\n<p class=\"MsoTitle\" style=\"text-align:justify\"><span style=\"font-size:28pt\"><span style=\"font-family:Aptos,sans-serif\"><span style=\"letter-spacing:-0.5pt\"><b><span style=\"font-size:18.0pt\"><span style=\"font-variant:small-caps\">O que vem por a&iacute;<\/span><\/span><\/b><\/span><\/span><\/span><\/p>\r\n\r\n<p style=\"text-align:justify\"><img src=\"https:\/\/www.abint.org.br\/assets\/img\/editor\/post-quadrado-curso-naotecido-2026-2_20260326131535BHeNIfVpbl.png\" style=\"width: 500px; height: 500px;\" \/><\/p>\r\n\r\n<p style=\"text-align:justify\">&nbsp;<\/p>\r\n\r\n<p align=\"center\" style=\"text-align:center\"><span style=\"font-size:11pt\"><span style=\"line-height:normal\"><span style=\"font-family:Aptos,sans-serif\"><a href=\"https:\/\/forms.gle\/SMUvLuH5kKYh745eA\" style=\"color:blue; text-decoration:underline\"><b><span style=\"font-size:14.0pt\">Informa&ccedil;&otilde;es e inscri&ccedil;&otilde;es<\/span><\/b><\/a><\/span><\/span><\/span><\/p>\r\n\r\n<p style=\"text-align:justify\"><span style=\"font-size:28pt\"><span style=\"font-family:Aptos,sans-serif\"><span style=\"letter-spacing:-0.5pt\"><b><span style=\"font-size:18.0pt\"><span style=\"font-variant:small-caps\">Not&iacute;cias das Associadas<\/span><\/span><\/b><\/span><\/span><\/span><\/p>\r\n\r\n<p style=\"text-align:justify\"><span style=\"font-size:11pt\"><span style=\"line-height:normal\"><span style=\"font-family:Aptos,sans-serif\"><a href=\"https:\/\/www.revistafatorbrasil.com.br\/2026\/03\/17\/os-desafios-da-industria-de-naotecidos\/\" style=\"color:blue; text-decoration:underline\"><span style=\"font-size:14.0pt\">Os desafios da ind&uacute;stria de N&atilde;otecidos<\/span><\/a><\/span><\/span><\/span><\/p>\r\n\r\n<p style=\"text-align:justify\"><span style=\"font-size:11pt\"><span style=\"line-height:normal\"><span style=\"font-family:Aptos,sans-serif\"><a href=\"https:\/\/blogdoplastico.wordpress.com\/2026\/03\/23\/dia-da-agua-geossinteticos-conferem-protecao-economia-e-sustentabilidade\/\" style=\"color:blue; text-decoration:underline\"><span style=\"font-size:14.0pt\">Dia da &Aacute;gua: geossint&eacute;ticos conferem prote&ccedil;&atilde;o, economia e sustentabilidade<\/span><\/a><\/span><\/span><\/span><\/p>\r\n\r\n<p style=\"text-align:justify\"><span style=\"font-size:11pt\"><span style=\"line-height:normal\"><span style=\"font-family:Aptos,sans-serif\"><a href=\"https:\/\/www.andritz.com\/hydro-en\/about-andritz-hydro\/locations\/brasil-sao-paulo\/pt\/local-news-brasil-pt%5d\" style=\"color:blue; text-decoration:underline\"><span style=\"font-size:14.0pt\">Andritz: sucesso nos testes do RT e RV no Instituto Eldorado resulta em homologa&ccedil;&atilde;o do Inmetro<\/span><\/a><\/span><\/span><\/span><\/p>\r\n\r\n<p style=\"text-align:justify\"><span style=\"font-size:11pt\"><span style=\"line-height:normal\"><span style=\"font-family:Aptos,sans-serif\"><b><span style=\"font-size:18.0pt\"><span style=\"font-variant:small-caps\">Eventos<\/span><\/span><\/b><\/span><\/span><\/span><\/p>\r\n\r\n<p style=\"text-align:justify\"><span style=\"font-size:11pt\"><span style=\"line-height:normal\"><span style=\"font-family:Aptos,sans-serif\"><a href=\"https:\/\/app.rdstation.email\/mail\/009df534-ad93-4cc0-b02f-882d9f8e88ec?utm_medium=email&amp;utm_campaign=marco_25&amp;utm_source=RD+Station\" style=\"color:blue; text-decoration:underline\"><b><span style=\"font-size:14.0pt\">Adapta&ccedil;&atilde;o e Resili&ecirc;ncia H&iacute;drica no Contexto das Mudan&ccedil;as Clim&aacute;ticas<\/span><\/b><\/a><span style=\"font-size:14.0pt\">, 25 de mar&ccedil;o de 2026, 09h00 &agrave;s 12h30, evento online<\/span><\/span><\/span><\/span><\/p>\r\n\r\n<p style=\"text-align:justify\"><span style=\"font-size:11pt\"><span style=\"line-height:normal\"><span style=\"font-family:Aptos,sans-serif\"><a href=\"https:\/\/congressodeinovacao.com.br\/\" style=\"color:blue; text-decoration:underline\"><b><span style=\"font-size:14.0pt\">11&ordm; Congresso de Inova&ccedil;&atilde;o da Ind&uacute;stria<\/span><\/b><\/a><span style=\"font-size:14.0pt\">, 25 e 26 de mar&ccedil;o de 2026, WTC S&atilde;o Paulo<\/span><\/span><\/span><\/span><\/p>\r\n\r\n<p style=\"text-align:justify\"><span style=\"font-size:11pt\"><span style=\"line-height:normal\"><span style=\"font-family:Aptos,sans-serif\"><a href=\"https:\/\/cni.portaldaindustria.com.br\/l\/3417367\" style=\"color:blue; text-decoration:underline\"><b><span style=\"font-size:14.0pt\">CNI | Semin&aacute;rio: Acordo Mercosul-Uni&atilde;o Europeia: um novo cap&iacute;tulo para a ind&uacute;stria brasileira<\/span><\/b><\/a><span style=\"font-size:14.0pt\">, 27 de mar&ccedil;o de 2026, 09h30 &agrave;s 16h00, evento presencial, CNI S&atilde;o Paulo, Rua Surubim, 504, 9&ordm; andar, Brooklin Novo, S&atilde;o Paulo, SP<\/span><\/span><\/span><\/span><\/p>\r\n\r\n<p style=\"text-align:justify\"><span style=\"font-size:11pt\"><span style=\"line-height:normal\"><span style=\"font-family:Aptos,sans-serif\"><a href=\"https:\/\/evento.fgv.br\/seminariopoliticia0604-703685\/?utm_source=email2b&amp;utm_medium=e-mail&amp;utm_campaign=inscri%C3%A7%C3%A3o+XII+Semin%C3%A1rio+Anual+de+Pol%C3%ADtica+Monet%C3%A1ria+&amp;utm_id=divulga%C3%A7%C3%A3o+dicom\" style=\"color:blue; text-decoration:underline\"><b><span style=\"font-size:14.0pt\">FGV IBRE | XII Semin&aacute;rio Anual de Pol&iacute;tica Monet&aacute;ria<\/span><\/b><\/a><span style=\"font-size:14.0pt\">, 06 de abril de 2026, 14h, Centro Cultural FGV Praia de Botafogo, 186 Botafogo, Rio de Janeiro\/RJ<\/span><\/span><\/span><\/span><\/p>\r\n\r\n<p style=\"text-align:justify\"><span style=\"font-size:11pt\"><span style=\"line-height:normal\"><span style=\"font-family:Aptos,sans-serif\"><a href=\"https:\/\/forumabre.org.br\/\" style=\"color:blue; text-decoration:underline\"><b><span style=\"font-size:14.0pt\">F&oacute;rum Abre de Sustentabilidade<\/span><\/b><\/a><span style=\"font-size:14.0pt\">, 15 e 16 de abril de 2026, em S&atilde;o Paulo<\/span><\/span><\/span><\/span><\/p>\r\n\r\n<p style=\"text-align:justify\"><span style=\"font-size:11pt\"><span style=\"line-height:normal\"><span style=\"font-family:Aptos,sans-serif\"><a href=\"https:\/\/biotexfuture.info\/wp-content\/uploads\/2026\/03\/Agenda_BTF_InnovationDay_Spring_04032026.pdf\" style=\"color:blue; text-decoration:underline\"><b><span lang=\"EN-US\" style=\"font-size:14.0pt\">Innovation Day &ldquo;Harvesting Innovation: Bridging Agriculture and Textiles&rdquo;<\/span><\/b><\/a><span lang=\"EN-US\" style=\"font-size:14.0pt\">, 5 May 2026, 09:30 &ndash; 14:00 CEST (online streaming starts at 10:00), ITA, Otto-Blumenthal-Stra&szlig;e 1, 52074 Aachen or online (link will be provided upon registration)<\/span><\/span><\/span><\/span><\/p>\r\n\r\n<p style=\"text-align:justify\"><span style=\"font-size:11pt\"><span style=\"line-height:normal\"><span style=\"font-family:Aptos,sans-serif\"><a href=\"https:\/\/www.feimec.com.br\/pt\/home.html\" style=\"color:blue; text-decoration:underline\"><b><span style=\"font-size:14.0pt\">FEIMEC - Feira Internacional de M&aacute;quinas e Equipamentos<\/span><\/b><\/a><span style=\"font-size:14.0pt\">, 05 a 09 de maio de 2026, ter&ccedil;a a sexta - 10h &agrave;s 19h | s&aacute;bado - 9h &agrave;s 17h, S&atilde;o Paulo Expo, Rod. dos Imigrantes, KM 1,5<\/span><\/span><\/span><\/span><\/p>\r\n\r\n<p style=\"text-align:justify\"><span style=\"font-size:11pt\"><span style=\"line-height:normal\"><span style=\"font-family:Aptos,sans-serif\"><a href=\"https:\/\/www.hospitalar.com\/?utm_campaign=BRZ26HPR-MN-CREDENCIAMENTO-ABERTO&amp;utm_emailname=BRZ26HPR-MN-CREDENCIAMENTO-ABERTO-1-Resend&amp;utm_medium=email&amp;utm_source=eloqua&amp;utm_MDMContactID=2bb3d23c-a32f-4218-88d5-29f7fb45caee&amp;utm_campaigntype=Visitor%20Promotion&amp;eM=50c7dfe42c38ea8f10539f0a167fc763253059e495554a32db7a57f8f237ec4c&amp;eventSeriesCode=ES_HOSPITALAR&amp;eventEditionCode=BRZ26HPR&amp;sessionCode=S_EXHB&amp;sp_eh=50c7dfe42c38ea8f10539f0a167fc763253059e495554a32db7a57f8f237ec4c\" style=\"color:blue; text-decoration:underline\"><b><span style=\"font-size:14.0pt\">Hospitalar 2026<\/span><\/b><\/a><span style=\"font-size:14.0pt\">, 19 a 22 de maio, das 11h &agrave;s 20h, S&atilde;o Paulo Expo<\/span><\/span><\/span><\/span><\/p>\r\n\r\n<p style=\"text-align:justify\"><span style=\"font-size:11pt\"><span style=\"line-height:normal\"><span style=\"font-family:Aptos,sans-serif\"><a href=\"https:\/\/credenciamentonexumgroup.lovable.app\/evento\/personal-care-summit-latinoamerica-2026\" style=\"color:blue; text-decoration:underline\"><b><span style=\"font-size:14.0pt\">Personal Care Summit Latinoam&eacute;rica | I<\/span><\/b><b><span style=\"font-size:14.0pt\">nd&uacute;stria 5.0: Tecnologia e Pessoas<\/span><\/b><\/a><span style=\"font-size:14.0pt\">, 09 de junho de 2026, Hotel Pullman, Guarulhos, SP<\/span><\/span><\/span><\/span><\/p>\r\n\r\n<p style=\"text-align:justify\"><span style=\"font-size:11pt\"><span style=\"line-height:normal\"><span style=\"font-family:Aptos,sans-serif\"><a href=\"https:\/\/www.hightex.com.tr\/\" style=\"color:blue; text-decoration:underline\"><b><span lang=\"EN-US\" style=\"font-size:14.0pt\">HIGTEX 2026 &ndash; International Technical Textiles and Nonwoven Exhibition<\/span><\/b><\/a><span lang=\"EN-US\" style=\"font-size:14.0pt\">, June 9&ndash;13, T&Uuml;YAP Fair and Congress Center, \u0130stanbul, T&uuml;rkiye<\/span><\/span><\/span><\/span><\/p>\r\n\r\n<p style=\"text-align:justify\"><span style=\"font-size:11pt\"><span style=\"line-height:normal\"><span style=\"font-family:Aptos,sans-serif\"><a href=\"https:\/\/www.worldofwipes.org\/\" style=\"color:blue; text-decoration:underline\"><b><span lang=\"EN-US\" style=\"font-size:14.0pt\">INDA | WOW - World of Wipes International Conference<\/span><\/b><\/a><span lang=\"EN-US\" style=\"font-size:14.0pt\">, June 29&ndash;July 2, 2026, Grand Hyatt Nashville, Nashville, Tennessee USA<\/span><\/span><\/span><\/span><\/p>\r\n\r\n<p style=\"text-align:justify\"><span style=\"font-size:11pt\"><span style=\"line-height:normal\"><span style=\"font-family:Aptos,sans-serif\"><a href=\"https:\/\/filtech.de\/\" style=\"color:blue; text-decoration:underline\"><b><span style=\"font-size:14.0pt\">Filtech 2026<\/span><\/b><\/a><span style=\"font-size:14.0pt\">, 30 de junho a 2 de julho, Cologne, Alemanha<\/span><\/span><\/span><\/span><\/p>\r\n\r\n<p style=\"text-align:justify\"><span style=\"font-size:11pt\"><span style=\"line-height:normal\"><span style=\"font-family:Aptos,sans-serif\"><a href=\"https:\/\/www.formobile.com.br\/pt\/home.html\" style=\"color:blue; text-decoration:underline\"><b><span style=\"font-size:14.0pt\">ForM&oacute;bile 2026<\/span><\/b><\/a><span style=\"font-size:14.0pt\">, 30 de junho a 3 de julho, S&atilde;o Paulo Expo<\/span><\/span><\/span><\/span><\/p>\r\n\r\n<p style=\"text-align:justify\"><span style=\"font-size:11pt\"><span style=\"line-height:normal\"><span style=\"font-family:Aptos,sans-serif\"><a href=\"https:\/\/sienge.com.br\/construsummit\/\" style=\"color:blue; text-decoration:underline\"><b><span style=\"font-size:14.0pt\">Construsummit<\/span><\/b><\/a><span style=\"font-size:14.0pt\">, 1 e 2 de julho de 2026, Florian&oacute;polis, SC<\/span><\/span><\/span><\/span><\/p>\r\n\r\n<p style=\"text-align:justify\"><span style=\"font-size:11pt\"><span style=\"line-height:normal\"><span style=\"font-family:Aptos,sans-serif\"><a href=\"https:\/\/info.fastmarkets.com\/index.php\/email\/emailWebview?email=OTMwLVlTTi0zNDIAAAGgm9GYB4UXisBYfG6V1YgLbIkX8OtKVxG11VCYMcCYfPs1fCCJJmN773X5IwSwnvWO_PwKa82eHJaJrBpZ4hTGCHcBq8U9L5ysEA\" style=\"color:blue; text-decoration:underline\"><b><span style=\"font-size:14.0pt\">Fastmarkets Forest Products Latin America Conference 2026<\/span><\/b><\/a><span style=\"font-size:14.0pt\">, 10 a 12 de agosto de 2026, S&atilde;o Paulo<\/span><\/span><\/span><\/span><\/p>\r\n\r\n<p style=\"text-align:justify\"><span style=\"font-size:11pt\"><span style=\"line-height:normal\"><span style=\"font-family:Aptos,sans-serif\"><a href=\"https:\/\/feiplar.com\/Presencial\/inicio-2024\/\" style=\"color:blue; text-decoration:underline\"><b><span style=\"font-size:14.0pt\">FEIPLAR &amp; FEIPUR &ndash; Feira e Congresso Internacionais de Materiais Avan&ccedil;ados<\/span><\/b><\/a><span style=\"font-size:14.0pt\">, 25 a 27 de agosto de 2026, S&atilde;o Paulo Expo | Pavilh&atilde;o 5, S&atilde;o Paulo, SP, Brasil<\/span><\/span><\/span><\/span><\/p>\r\n\r\n<p style=\"text-align:justify\"><span style=\"font-size:11pt\"><span style=\"line-height:normal\"><span style=\"font-family:Aptos,sans-serif\"><a href=\"https:\/\/ficons.com.br\/\" style=\"color:blue; text-decoration:underline\"><b><span style=\"font-size:14.0pt\">FICONS - Feira Internacional de Materiais, Equipamentos e Servi&ccedil;os da Constru&ccedil;&atilde;o<\/span><\/b><\/a><span style=\"font-size:14.0pt\">, 15 a 18 de setembro de 2026, Centro de Conven&ccedil;&otilde;es de Pernambuco Recife\/ Olinda<\/span><\/span><\/span><\/span><\/p>\r\n\r\n<p style=\"text-align:justify\"><span style=\"font-size:11pt\"><span style=\"line-height:normal\"><span style=\"font-family:Aptos,sans-serif\"><a href=\"https:\/\/www.edana.org\/events\/outlook\/outlook-2025\" style=\"color:blue; text-decoration:underline\"><b><span style=\"font-size:14.0pt\">OUTLOOK&trade; 2026<\/span><\/b><\/a><span style=\"font-size:14.0pt\">, 22&ndash;24 September, Hotel Miragem, Cascais, Portugal<\/span><\/span><\/span><\/span><\/p>\r\n\r\n<p style=\"text-align:justify\"><span style=\"font-size:11pt\"><span style=\"line-height:normal\"><span style=\"font-family:Aptos,sans-serif\"><a href=\"https:\/\/hospitalmed.com.br\/feira\/\" style=\"color:blue; text-decoration:underline\"><b><span style=\"font-size:14.0pt\">HospitalMed<\/span><\/b><\/a><span style=\"font-size:14.0pt\">, 21 a 23 de outubro de 2026, das 14h &agrave;s 20h, Pernambuco Centro de Conven&ccedil;&otilde;es, Olinda<\/span><\/span><\/span><\/span><\/p>\r\n\r\n<p style=\"text-align:justify\"><span style=\"font-size:11pt\"><span style=\"line-height:normal\"><span style=\"font-family:Aptos,sans-serif\"><a href=\"https:\/\/www.edana.org\/events\/edana-sustainability-forum\" style=\"color:blue; text-decoration:underline\"><b><span lang=\"EN-US\" style=\"font-size:14.0pt\">Sustainability &amp; Policy Forum<\/span><\/b><\/a><span lang=\"EN-US\" style=\"font-size:14.0pt\">, 8&ndash;9 December 2026, Residence Palace in Brussels, Belgium<\/span><\/span><\/span><\/span><\/p>\r\n\r\n<p style=\"text-align:justify\"><span style=\"font-size:11pt\"><span style=\"line-height:normal\"><span style=\"font-family:Aptos,sans-serif\"><a href=\"https:\/\/infrane.com.br\/\" style=\"color:blue; text-decoration:underline\"><b><span style=\"font-size:14.0pt\">Infra NE<\/span><\/b><\/a><span style=\"font-size:14.0pt\">, 03 a 05 de mar&ccedil;o de 2027, Centro de Conven&ccedil;&otilde;es Salvador<\/span><\/span><\/span><\/span><\/p>\r\n\r\n<p style=\"text-align:justify\"><span style=\"font-size:28pt\"><span style=\"font-family:Aptos,sans-serif\"><span style=\"letter-spacing:-0.5pt\"><b><span style=\"font-size:18.0pt\"><span style=\"font-variant:small-caps\">Setor<\/span><\/span><\/b><\/span><\/span><\/span><\/p>\r\n\r\n<p style=\"text-align:justify\"><span style=\"font-size:11pt\"><span style=\"line-height:normal\"><span style=\"font-family:Aptos,sans-serif\"><a href=\"https:\/\/portalpersonalcare.com.br\/startups-investem-em-inovacao-para-reduzir-impacto-ambiental-de-fraldas-descartaveis\/?utm_medium=email&amp;utm_campaign=newsletter_18032026&amp;utm_source=RD+Station\" style=\"color:blue; text-decoration:underline\"><span style=\"font-size:14.0pt\"><span style=\"color:blue\">Startups investem em inova&ccedil;&atilde;o para reduzir impacto ambiental de fraldas descart&aacute;veis<\/span><\/span><\/a><\/span><\/span><\/span><\/p>\r\n\r\n<p style=\"text-align:justify\"><span style=\"font-size:11pt\"><span style=\"line-height:normal\"><span style=\"font-family:Aptos,sans-serif\"><a href=\"http:\/\/clickemail.portalpersonalcare.com.br\/ls\/click?upn=u001.D2-2F0Tg0A29KXXLMT6ctG-2BYOihdDbc-2ByFrUFb3ZXMT9RMudyFOQWLvjCaKBXaP4jHRMmNZjLCHZHcdN8IsfqFfMUV7FLh3lN3xefPNsuEU9IQLt5M1EHxYPJ0204VFECsdZOIUI3hBgqxe-2BgVmQ5M-2Fa92pv7h8Gb9pWZIiRJyv22mGFgMdrLL26Q0z4f7Lt93YgqliqWPArnOV2O-2FDVV4q7PVrqEF5PG6HfTMaJ4BHjg-2B2uQG-2FhNnnAKLpw8Nj-2FEeTWbqvjNWFzsne3YPgVUW6hyqBliGUfnFTzvJJkRoZlA-3DV9SQ_T7N8BvZTOm04CQQMiyWztrpCjlUrRc4F7QzSgUIpTqDyHxxxhGpyWLohz7JoE2GE5NHlS-2BYZoX1R75Fh8KCze9GvCCb-2FinuNgc39g0Cdbe-2FcU8RlSBQhp5om11AQZQ-2FDPV9Mguhiuv8ESYmUmuBWjwLwcwSQ421RZFQi8os10gAXD4CnqzZvVp8HBSQEB1U4rhDD4qGYz2nHizftPXKwehbUPL7j8NR1uuBVlQ6aU7ecImmEldoGyZaXp7tVW8isG48dRGsnRgqdJGwTfL1zHgKS9hIaWSuTOJ8vPUWx7gQ92NEke4147vvxVt3PeJaHt6U05uIt2DCTAaCl9KNZufhlL6mtxuua-2FuJt82h6dBIzqV74gc708DgeBuF5rgr-2BmSfRhhJ6tEdc-2BB27XZ-2BeXkK3ZrZ0xZKxtrl1Rib5KacTp8T1VjJ75rzcw9GmdCi1CNU1GOoBw0dhOENhQAwxwKZIqqiVhxDaKcOu-2F6qYRMPOD2qfzC3xoGWLOJkp9kRZedFyDTggoEDrAae-2FNlkIzMCLEjUiMGa6f2DGGisiegUUNef9J-2FQoYz1z-2FYEIZGr4-2BS5Gaqq19H-2B1MgwQyCvQ49bHL19-2B1saIYN0v5o0Y64c4Juxfbp0o-2FX8on7I5UWEmszLbIO8pzfc9Dt3rAP0Bbw-3D-3D\" style=\"color:blue; text-decoration:underline\" target=\"_blank\"><span style=\"font-size:14.0pt\">Da resist&ecirc;ncia &agrave; consolida&ccedil;&atilde;o: o crescimento da fibra de eucalipto no mercado global de fluff<\/span><\/a><\/span><\/span><\/span><\/p>\r\n\r\n<p style=\"text-align:justify\"><span style=\"font-size:11pt\"><span style=\"line-height:normal\"><span style=\"font-family:Aptos,sans-serif\"><a href=\"https:\/\/monitormercantil.com.br\/plastico-guerra-no-oriente-medio-acende-alerta-para-risco-de-desabastecimento\/\" style=\"color:blue; text-decoration:underline\"><span style=\"font-size:14.0pt\">Guerra no Oriente M&eacute;dio pode gerar desabastecimento de pl&aacute;stico<\/span><\/a><\/span><\/span><\/span><\/p>\r\n\r\n<p style=\"text-align:justify\"><span style=\"font-size:11pt\"><span style=\"line-height:normal\"><span style=\"font-family:Aptos,sans-serif\"><a href=\"https:\/\/conlink.conceitualpress.com.br\/ev\/PWg7y\/BfA\/228e\/LCFJkUKAOaB\/BMxa\/\" style=\"color:blue; text-decoration:underline\"><span style=\"font-size:14.0pt\">A crise que o barril trouxe n&atilde;o &eacute; sobre o barril<\/span><\/a><\/span><\/span><\/span><\/p>\r\n\r\n<p style=\"text-align:justify\"><span style=\"font-size:11pt\"><span style=\"line-height:normal\"><span style=\"font-family:Aptos,sans-serif\"><a href=\"https:\/\/www.textileworld.com\/textile-world\/nonwovens-technical-textiles\/2026\/03\/edana-unveils-nominees-for-index26-awards-highlighting-the-next-generation-of-nonwoven-excellence-2\/\" style=\"color:blue; text-decoration:underline\"><span lang=\"ES-AR\" style=\"font-size:14.0pt\">EDANA Unveils Nominees For INDEX&trade;26 Awards: Highlighting The Next Generation Of Nonwoven Excellence<\/span><\/a><\/span><\/span><\/span><\/p>\r\n\r\n<p style=\"text-align:justify\"><span style=\"font-size:11pt\"><span style=\"line-height:normal\"><span style=\"font-family:Aptos,sans-serif\"><a href=\"https:\/\/www.gov.br\/ans\/pt-br\/assuntos\/noticias\/qualidade-da-saude\/ans-torna-publicos-indicadores-de-qualidade-de-hospitais-da-saude-suplementar?utm_medium=email&amp;utm_campaign=diario_da_saude_mn__12022026&amp;utm_source=RD+Station\" style=\"color:blue; text-decoration:underline\"><span lang=\"ES-AR\" style=\"font-size:14.0pt\">ANS torna p&uacute;blicos indicadores de qualidade de hospitais da sa&uacute;de suplementar<\/span><\/a><\/span><\/span><\/span><\/p>\r\n\r\n<p style=\"text-align:justify\"><span style=\"font-size:11pt\"><span style=\"line-height:normal\"><span style=\"font-family:Aptos,sans-serif\"><a href=\"https:\/\/www.machadonunes.com.br\/pt\/agencia-nacional-de-vigilancia-sanitaria-anvisa-define-os-diretores-responsaveis-pelas-diretorias-da-agencia\/\" style=\"color:blue; text-decoration:underline\"><span lang=\"ES-AR\" style=\"font-size:14.0pt\">Ag&ecirc;ncia Nacional de Vigil&acirc;ncia Sanit&aacute;ria (ANVISA) define os diretores respons&aacute;veis pelas diretorias da ag&ecirc;ncia<\/span><\/a><\/span><\/span><\/span><\/p>\r\n\r\n<p style=\"text-align:justify\"><span style=\"font-size:28pt\"><span style=\"font-family:Aptos,sans-serif\"><span style=\"letter-spacing:-0.5pt\"><b><span style=\"font-size:18.0pt\"><span style=\"font-variant:small-caps\">Ind&uacute;stria<\/span><\/span><\/b><\/span><\/span><\/span><\/p>\r\n\r\n<p style=\"text-align:justify\"><span style=\"font-size:11pt\"><span style=\"line-height:normal\"><span style=\"font-family:Aptos,sans-serif\"><a href=\"https:\/\/brasilparticipativo.presidencia.gov.br\/processes\/brasilparticipativo\/f\/26\/posts\/1007\" style=\"color:blue; text-decoration:underline\"><span style=\"font-size:14.0pt\">MDIC abre nova consulta p&uacute;blica para melhoria da competitividade no pa&iacute;s<\/span><\/a><\/span><\/span><\/span><\/p>\r\n\r\n<p style=\"text-align:justify\"><span style=\"font-size:11pt\"><span style=\"line-height:normal\"><span style=\"font-family:Aptos,sans-serif\"><a href=\"https:\/\/fecomercio.com.br\/noticia\/guerra-no-oriente-medio-repercussoes-para-o-brasil-e-para-o-comercio-mundial?utm_medium=email&amp;utm_campaign=direto_ao_ponto_-_mar-1&amp;utm_source=RD+Station\" style=\"color:blue; text-decoration:underline\"><span style=\"font-size:14.0pt\">Conflito no Oriente M&eacute;dio: repercuss&otilde;es para o Brasil e para o Com&eacute;rcio mundial<\/span><\/a><\/span><\/span><\/span><\/p>\r\n\r\n<p style=\"text-align:justify\"><span style=\"font-size:11pt\"><span style=\"line-height:normal\"><span style=\"font-family:Aptos,sans-serif\"><a href=\"https:\/\/fecomercio.com.br\/noticia\/entidades-e-relator-da-pec-da-escala-6x1-alertam-para-custo-excessivo-sobre-emprego-e-empresas?utm_medium=email&amp;utm_campaign=direto_ao_ponto_-_mar-1&amp;utm_source=RD+Station\" style=\"color:blue; text-decoration:underline\"><span style=\"font-size:14.0pt\">Entidades e relator da PEC da escala 6x1 alertam para custo excessivo sobre emprego e empresas<\/span><\/a><\/span><\/span><\/span><\/p>\r\n\r\n<p style=\"text-align:justify\"><span style=\"font-size:11pt\"><span style=\"line-height:normal\"><span style=\"font-family:Aptos,sans-serif\"><a href=\"https:\/\/www.gov.br\/mdic\/pt-br\/assuntos\/noticias\/2026\/marco\/mdic-e-bid-reforcam-parceria-para-ampliar-exportacoes-e-facilitar-investimento-estrangeiro\" style=\"color:blue; text-decoration:underline\"><span style=\"font-size:14.0pt\">MDIC e BID refor&ccedil;am parceria para ampliar exporta&ccedil;&otilde;es e facilitar investimento estrangeiro<\/span><\/a><\/span><\/span><\/span><\/p>\r\n\r\n<p style=\"text-align:justify\"><span style=\"font-size:11pt\"><span style=\"line-height:normal\"><span style=\"font-family:Aptos,sans-serif\"><a href=\"https:\/\/economicnewsbrasil.com.br\/2026\/03\/16\/producao-de-veiculos-cresce-fevereiro-anfavea\/\" style=\"color:blue; text-decoration:underline\"><span style=\"font-size:14.0pt\">Produ&ccedil;&atilde;o de ve&iacute;culos no Brasil avan&ccedil;ou 20% de janeiro para fevereiro<\/span><\/a><\/span><\/span><\/span><\/p>\r\n\r\n<p style=\"text-align:justify\"><span style=\"font-size:11pt\"><span style=\"line-height:normal\"><span style=\"font-family:Aptos,sans-serif\"><a href=\"https:\/\/grandesconstrucoes.com.br\/Noticias\/Exibir\/o-apagao-de-condicoes-para-fazer-engenharia-no-brasil?utm_source=akna&amp;utm_medium=email&amp;utm_campaign=Grandes-Construcoes-Informativo-1003-12-03-2026\" style=\"color:blue; text-decoration:underline\"><span style=\"font-size:14.0pt\">O apag&atilde;o de condi&ccedil;&otilde;es para fazer engenharia no Brasil<\/span><\/a><\/span><\/span><\/span><\/p>\r\n\r\n<p style=\"text-align:justify\"><span style=\"font-size:11pt\"><span style=\"line-height:normal\"><span style=\"font-family:Aptos,sans-serif\"><a href=\"https:\/\/noticias.portaldaindustria.com.br\/noticias\/economia\/empresarios-da-construcao-projetam-queda-do-emprego-e-de-novos-empreendimentos-nos-proximos-meses-revela-cni\/\" style=\"color:blue; text-decoration:underline\"><span style=\"font-size:14.0pt\">Empres&aacute;rios da constru&ccedil;&atilde;o projetam queda do emprego e de novos empreendimentos nos pr&oacute;ximos meses, revela CNI<\/span><\/a><\/span><\/span><\/span><\/p>\r\n\r\n<p style=\"text-align:justify\"><span style=\"font-size:11pt\"><span style=\"line-height:normal\"><span style=\"font-family:Aptos,sans-serif\"><a href=\"https:\/\/plasticosulamerica.com\/lula-sanciona-lei-que-reduz-tributos-para-industria-quimica-e-setor-aponta-impactos-em-producao-e-emprego\/\" style=\"color:blue; text-decoration:underline\"><span style=\"font-size:14.0pt\">Lula sanciona lei que reduz tributos para ind&uacute;stria qu&iacute;mica e setor aponta impactos em produ&ccedil;&atilde;o e emprego<\/span><\/a><\/span><\/span><\/span><\/p>\r\n\r\n<p class=\"MsoTitleCxSpFirst\" style=\"text-align:justify\"><span style=\"font-size:28pt\"><span style=\"font-family:Aptos,sans-serif\"><span style=\"letter-spacing:-0.5pt\"><b><span style=\"font-size:18.0pt\"><span style=\"font-variant:small-caps\">Sustentabilidade<\/span><\/span><\/b><\/span><\/span><\/span><\/p>\r\n\r\n<p style=\"text-align:justify\"><span style=\"font-size:11pt\"><span style=\"line-height:normal\"><span style=\"font-family:Aptos,sans-serif\"><a href=\"https:\/\/public-api.wordpress.com\/bar\/?stat=groovemails-events&amp;bin=wpcom_email_click&amp;redirect_to=https%3A%2F%2Fblogdoplastico.wordpress.com%2F2026%2F03%2F23%2Fsetor-da-construcao-civil-consome-130-mil-toneladas-de-plastico-reciclado-em-2024%2F&amp;sr=0&amp;signature=e02e2efb803fd191bced8d9bf690d987&amp;blog_id=9438832&amp;user=135099004&amp;_e=eyJlcnJvciI6bnVsbCwiYmxvZ19pZCI6OTQzODgzMiwiYmxvZ19sYW5nIjoicHQtQlIiLCJzaXRlX2lkX2xhYmVsIjoid3Bjb20iLCJoYXNfZmVhdHVyZWRfaW1hZ2UiOiIwIiwic3Vic2NyaWJlcl9pZCI6IjQ0NzAwMjQ1IiwiX3VpIjoxMzUwOTkwMDQsImxvY2FsZSI6InB0LWJyIiwiY3VycmVuY3kiOiJCUkwiLCJjb3VudHJ5X2NvZGVfc2lnbnVwIjoiQlIiLCJzaWdudXBfZmxvd19uYW1lIjoiZGVsdGEtc2l0ZSIsImVtYWlsX2RvbWFpbiI6ImFiaW50Lm9yZy5iciIsInBvc3RfaWQiOjE5NzI2LCJ1c2VyX2VtYWlsIjoiYWJpbnRAYWJpbnQub3JnLmJyIiwiZGF0ZV9zZW50IjoiMjAyNi0wMy0yMyIsImVtYWlsX25hbWUiOiJuZXctcG9zdCIsInRlbXBsYXRlIjoibmV3LXBvc3QiLCJlbWFpbF9pZCI6IjU2NTQ1YWRkMzQxZmNhMjZjZmNiNGQxNWEzYWUyMjAyIiwibGlua19kZXNjIjoicG9zdC11cmwiLCJhbmNob3JfdGV4dCI6IlNldG9yIGRhIENvbnN0cnVcdTAwZTdcdTAwZTNvIENpdmlsIGNvbnNvbWUgMTMwIG1pbCB0b25lbGFkYXMgZGUgcGxcdTAwZTFzdGljbyByZWNpY2xhZG8gZW1cdTAwYTAyMDI0IiwiX2RyIjpudWxsLCJfZGwiOiJcL3dwLWFkbWluXC9wb3N0LnBocCIsIl91dCI6IndwY29tOnVzZXJfaWQiLCJfdWwiOiJhYmludHR0IiwiX2VuIjoid3Bjb21fZW1haWxfY2xpY2siLCJfdHMiOjE3NzQyOTU4NTQyOTUsImJyb3dzZXJfdHlwZSI6InBocC1hZ2VudCIsIl9hdWEiOiJ3cGNvbS10cmFja3MtY2xpZW50LXYwLjMiLCJibG9nX3R6IjoiLTMiLCJ1c2VyX2xhbmciOiJwdC1iciJ9&amp;_z=z\" style=\"color:blue; text-decoration:underline\"><span style=\"font-size:14.0pt\">Setor da Constru&ccedil;&atilde;o Civil consome 130 mil toneladas de pl&aacute;stico reciclado em&nbsp;2024<\/span><\/a><\/span><\/span><\/span><\/p>\r\n\r\n<p style=\"text-align:justify\"><span style=\"font-size:11pt\"><span style=\"line-height:normal\"><span style=\"font-family:Aptos,sans-serif\"><a href=\"https:\/\/plasticosemrevista.com.br\/eua-consumidores-menos-antenados-na-reciclabilidade-de-embalagens\/\" style=\"color:blue; text-decoration:underline\"><span style=\"font-size:14.0pt\">EUA: consumidores menos antenados na reciclabilidade de embalagens<\/span><\/a><\/span><\/span><\/span><\/p>\r\n\r\n<p style=\"text-align:justify\"><span style=\"font-size:11pt\"><span style=\"line-height:normal\"><span style=\"font-family:Aptos,sans-serif\"><a href=\"https:\/\/www.revistatae.com.br\/Noticia\/93356\/setor-de-saneamento-tem-preocupacao-com-a-seguranca-juridica-e-a-estabilidade-regulatoria-\" style=\"color:blue; text-decoration:underline\"><span style=\"font-size:14.0pt\">Setor de saneamento tem preocupa&ccedil;&atilde;o com a seguran&ccedil;a jur&iacute;dica e a estabilidade regulat&oacute;ria<\/span><\/a><\/span><\/span><\/span><\/p>\r\n\r\n<p style=\"text-align:justify\"><span style=\"font-size:11pt\"><span style=\"line-height:normal\"><span style=\"font-family:Aptos,sans-serif\"><a href=\"https:\/\/jornaldebrasilia.com.br\/noticias\/economia\/mdic-lanca-norma-para-certificacao-de-produtos-sustentaveis-que-substituem-plasticos\/\" style=\"color:blue; text-decoration:underline\"><span style=\"font-size:14.0pt\">MDIC lan&ccedil;a norma para certifica&ccedil;&atilde;o de produtos sustent&aacute;veis que substituem pl&aacute;sticos<\/span><\/a><\/span><\/span><\/span><\/p>\r\n\r\n<p style=\"text-align:justify\"><span style=\"font-size:28pt\"><span style=\"font-family:Aptos,sans-serif\"><span style=\"letter-spacing:-0.5pt\"><b><span style=\"font-size:18.0pt\"><span style=\"font-variant:small-caps\">Inova&ccedil;&atilde;o<\/span><\/span><\/b><\/span><\/span><\/span><\/p>\r\n\r\n<p style=\"text-align:justify\"><span style=\"font-size:11pt\"><span style=\"line-height:normal\"><span style=\"font-family:Aptos,sans-serif\"><a href=\"https:\/\/agenciabrasil.ebc.com.br\/radioagencia-nacional\/geral\/audio\/2026-03\/taxa-de-inovacao-na-industria-cai-pelo-terceiro-ano\" style=\"color:blue; text-decoration:underline\"><span style=\"font-size:14.0pt\">Taxa de inova&ccedil;&atilde;o na ind&uacute;stria cai pelo terceiro ano<\/span><\/a><\/span><\/span><\/span><\/p>\r\n\r\n<p style=\"text-align:justify\"><span style=\"font-size:11pt\"><span style=\"line-height:normal\"><span style=\"font-family:Aptos,sans-serif\"><a href=\"https:\/\/nautica.com.br\/pesquisa-unesp-acacia-branca-elimina-microplastico\/\" style=\"color:blue; text-decoration:underline\"><span style=\"font-size:14.0pt\">Pesquisa brasileira revela que semente de planta comum no pa&iacute;s pode extrair micropl&aacute;sticos da &aacute;gua<\/span><\/a><\/span><\/span><\/span><\/p>\r\n\r\n<p style=\"text-align:justify\"><span style=\"font-size:28pt\"><span style=\"font-family:Aptos,sans-serif\"><span style=\"letter-spacing:-0.5pt\"><b><span style=\"font-size:18.0pt\"><span style=\"font-variant:small-caps\">Com&eacute;rcio&nbsp;Exterior<\/span><\/span><\/b><\/span><\/span><\/span><\/p>\r\n\r\n<p style=\"text-align:justify\"><span style=\"font-size:11pt\"><span style=\"line-height:normal\"><span style=\"font-family:Aptos,sans-serif\"><a href=\"https:\/\/www.conjur.com.br\/2026-mar-17\/o-impacto-aduaneiro-do-acordo-de-livre-comercio-ue-mercosul\/\" style=\"color:blue; text-decoration:underline\"><span style=\"font-size:14.0pt\">O impacto aduaneiro do Acordo de Livre Com&eacute;rcio UE-Mercosul<\/span><\/a><\/span><\/span><\/span><\/p>\r\n\r\n<p style=\"text-align:justify\"><span style=\"font-size:11pt\"><span style=\"line-height:normal\"><span style=\"font-family:Aptos,sans-serif\"><a href=\"https:\/\/www.moneytimes.com.br\/governo-fara-nova-rodada-de-corte-de-tarifas-de-importacao-apos-pedidos-de-empresas-diz-secretario-do-mdic\/\" style=\"color:blue; text-decoration:underline\"><span style=\"font-size:14.0pt\">Governo far&aacute; nova rodada de corte de tarifas de importa&ccedil;&atilde;o ap&oacute;s pedidos de empresas, diz secret&aacute;rio do MDIC<\/span><\/a><\/span><\/span><\/span><\/p>\r\n\r\n<p style=\"text-align:justify\"><span style=\"font-size:11pt\"><span style=\"line-height:normal\"><span style=\"font-family:Aptos,sans-serif\"><a href=\"https:\/\/www.gov.br\/mdic\/pt-br\/assuntos\/noticias\/2026\/marco\/mdic-lanca-janela-unica-para-facilitar-entrada-de-investimentos-estrangeiros-no-brasil\" style=\"color:blue; text-decoration:underline\"><span style=\"font-size:14.0pt\">MDIC lan&ccedil;a Janela &Uacute;nica para facilitar entrada de investimentos estrangeiros no Brasil<\/span><\/a><\/span><\/span><\/span><\/p>\r\n\r\n<p style=\"text-align:justify\"><span style=\"font-size:11pt\"><span style=\"line-height:normal\"><span style=\"font-family:Aptos,sans-serif\"><a href=\"https:\/\/grandesconstrucoes.com.br\/Noticias\/Exibir\/industria-de-pneus-pede-ao-governo-barreiras-contra-importacoes?utm_source=akna&amp;utm_medium=email&amp;utm_campaign=Grandes-Construcoes-Informativo-1003-12-03-2026\" style=\"color:blue; text-decoration:underline\"><span style=\"font-size:14.0pt\">Ind&uacute;stria de pneus pede ao governo barreiras contra importa&ccedil;&otilde;es<\/span><\/a><\/span><\/span><\/span><\/p>\r\n\r\n<p style=\"text-align:justify\"><span style=\"font-size:28pt\"><span style=\"font-family:Aptos,sans-serif\"><span style=\"letter-spacing:-0.5pt\"><b><span style=\"font-size:18.0pt\"><span style=\"font-variant:small-caps\">Economia<\/span><\/span><\/b><\/span><\/span><\/span><\/p>\r\n\r\n<p style=\"text-align:justify\"><span style=\"font-size:11pt\"><span style=\"line-height:normal\"><span style=\"font-family:Aptos,sans-serif\"><a href=\"https:\/\/www.bcb.gov.br\/content\/focus\/focus\/R20260320.pdf\" style=\"color:blue; text-decoration:underline\"><span style=\"font-size:14.0pt\">Focus | Relat&oacute;rio de Mercado<\/span><\/a><\/span><\/span><\/span><\/p>\r\n\r\n<p style=\"text-align:justify\"><span style=\"font-size:11pt\"><span style=\"line-height:normal\"><span style=\"font-family:Aptos,sans-serif\"><a href=\"https:\/\/www.machadomeyer.com.br\/pt\/inteligencia-juridica\/publicacoes-ij\/tributario-ij\/preenchimento-do-codigo-de-beneficio-fiscal-na-nf-e-e-na-nfc-e-passa-a-ser-obrigatorio-em-sp-a-partir-de-abril\" style=\"color:blue; text-decoration:underline\"><span style=\"font-size:14.0pt\">Preenchimento do c&oacute;digo de benef&iacute;cio fiscal na NF-e e na NFC-e passa a ser obrigat&oacute;rio em SP a partir de abril<\/span><\/a><\/span><\/span><\/span><\/p>\r\n\r\n<p style=\"text-align:justify\"><span style=\"font-size:11pt\"><span style=\"line-height:normal\"><span style=\"font-family:Aptos,sans-serif\"><a href=\"https:\/\/portalibre.fgv.br\/system\/files\/2026-03\/previa-do-indice-de-confianca-empresarial-e-de-incerteza-fgv_mar26_0.pdf\" style=\"color:blue; text-decoration:underline\"><span style=\"font-size:14.0pt\">Pr&eacute;via de mar&ccedil;o indica queda de confian&ccedil;a e aumento da incerteza<\/span><\/a><\/span><\/span><\/span><\/p>\r\n\r\n<p style=\"text-align:justify\"><img src=\"https:\/\/www.abint.org.br\/assets\/img\/editor\/redes-sociais-abint-ctg-cth_20260210191221AOfpfYeBxv.jpg\" \/><\/p>\r\n","texto_en":"","7":"","imagem":"COMP_capa-2026-site-boletim-abint-noticias-semanis_202603261326526Q2evaXSAn.jpg","8":"COMP_capa-2026-site-boletim-abint-noticias-semanis_202603261326526Q2evaXSAn.jpg","arquivo":"20260324-BOLETIM-ABINT-DE-NOTICIAS-SEMANAIS.PDF","9":"20260324-BOLETIM-ABINT-DE-NOTICIAS-SEMANAIS.PDF","titulo_arquivo":"20260324 Boletim  ABINT de Not\u00edcias Semanais","10":"20260324 Boletim  ABINT de Not\u00edcias Semanais","titulo_arquivo_en":"","11":"","created_at":"2026-03-26 13:27:01","12":"2026-03-26 13:27:01","updated_at":"2026-03-26 13:27:01","13":"2026-03-26 13:27:01"},{"id":223,"0":223,"ordem":0,"1":0,"data":"2026-03-23","2":"2026-03-23","slug":"dia-da-agua-geossinteticos-conferem-protecao-economia-e-sustentabilidade","3":"dia-da-agua-geossinteticos-conferem-protecao-economia-e-sustentabilidade","titulo":"Dia da \u00c1gua: geossint\u00e9ticos conferem prote\u00e7\u00e3o, economia e sustentabilidade","4":"Dia da \u00c1gua: geossint\u00e9ticos conferem prote\u00e7\u00e3o, economia e sustentabilidade","titulo_en":"","5":"","texto":"<p style=\"text-align:justify; margin-bottom:11px\"><span style=\"font-size:11pt\"><span style=\"line-height:107%\"><span style=\"font-family:Calibri,sans-serif\"><b><i><span arial=\"\" style=\"font-family:\">Por Fabricio Zambotto<\/span><\/i><\/b><\/span><\/span><\/span><\/p>\r\n\r\n<p style=\"text-align:justify; margin-bottom:11px\"><span style=\"font-size:11pt\"><span style=\"line-height:107%\"><span style=\"font-family:Calibri,sans-serif\"><span style=\"font-size:12.0pt\"><span style=\"line-height:107%\"><span arial=\"\" style=\"font-family:\">Celebrado em 22 de mar&ccedil;o, o Dia Mundial da &Aacute;gua refor&ccedil;a a import&acirc;ncia desse recurso como um dos pilares fundamentais da vida, da economia e do desenvolvimento sustent&aacute;vel. Em um pa&iacute;s como o Brasil, que concentra uma das maiores reservas h&iacute;dricas do planeta, os desafios n&atilde;o est&atilde;o necessariamente na escassez, mas na forma como a &aacute;gua &eacute; gerida, distribu&iacute;da e preservada. <\/span><\/span><\/span><\/span><\/span><\/span><\/p>\r\n\r\n<p style=\"text-align:justify; margin-bottom:11px\"><span style=\"font-size:11pt\"><span style=\"line-height:107%\"><span style=\"font-family:Calibri,sans-serif\"><span style=\"font-size:12.0pt\"><span style=\"line-height:107%\"><span arial=\"\" style=\"font-family:\">Nesse contexto, torna-se essencial analisar o tema sob tr&ecirc;s dimens&otilde;es interligadas &mdash; econ&ocirc;mica, social e ambiental &mdash;, destacando o papel de tecnologias como os geossint&eacute;ticos na busca por solu&ccedil;&otilde;es mais eficientes e sustent&aacute;veis.<\/span><\/span><\/span><\/span><\/span><\/span><\/p>\r\n\r\n<p style=\"text-align:justify; margin-bottom:11px\"><span style=\"font-size:11pt\"><span style=\"line-height:107%\"><span style=\"font-family:Calibri,sans-serif\"><span style=\"font-size:12.0pt\"><span style=\"line-height:107%\"><span arial=\"\" style=\"font-family:\">Do ponto de vista econ&ocirc;mico, a &aacute;gua &eacute; um elemento central para diversas atividades produtivas, especialmente o agroneg&oacute;cio, um dos principais motores da economia brasileira. A produ&ccedil;&atilde;o agr&iacute;cola depende diretamente da disponibilidade h&iacute;drica, e os geossint&eacute;ticos t&ecirc;m contribu&iacute;do de maneira significativa para ampliar a efici&ecirc;ncia no uso desse recurso. <\/span><\/span><\/span><\/span><\/span><\/span><\/p>\r\n\r\n<p style=\"text-align:justify; margin-bottom:11px\"><span style=\"font-size:11pt\"><span style=\"line-height:107%\"><span style=\"font-family:Calibri,sans-serif\"><span style=\"font-size:12.0pt\"><span style=\"line-height:107%\"><span arial=\"\" style=\"font-family:\">Um exemplo &eacute; a utiliza&ccedil;&atilde;o de geomembranas na impermeabiliza&ccedil;&atilde;o de reservat&oacute;rios, permitindo a capta&ccedil;&atilde;o, o armazenamento e a conserva&ccedil;&atilde;o da &aacute;gua com &iacute;ndices de efici&ecirc;ncia que podem chegar a 99%. Essa capacidade possibilita que produtores armazenem &aacute;gua em per&iacute;odos de chuva para utiliz&aacute;-la em &eacute;pocas de seca, garantindo sistemas de irriga&ccedil;&atilde;o cont&iacute;nuos. Como resultado, &aacute;reas que antes realizavam apenas uma colheita por ano passam a alcan&ccedil;ar duas safras, elevando a produtividade e consolidando o Brasil como um dos principais fornecedores globais de gr&atilde;os.<\/span><\/span><\/span><\/span><\/span><\/span><\/p>\r\n\r\n<p style=\"text-align:justify; margin-bottom:11px\"><span style=\"font-size:11pt\"><span style=\"line-height:107%\"><span style=\"font-family:Calibri,sans-serif\"><span style=\"font-size:12.0pt\"><span style=\"line-height:107%\"><span arial=\"\" style=\"font-family:\">Ainda no campo econ&ocirc;mico, os geossint&eacute;ticos tamb&eacute;m desempenham papel relevante na ind&uacute;stria, especialmente na gest&atilde;o de res&iacute;duos. Tecnologias como as geoformas permitem a desidrata&ccedil;&atilde;o de lodos, recuperando at&eacute; 95% da &aacute;gua que antes seria descartada como res&iacute;duo. Com isso, apenas 5% do material precisa de destina&ccedil;&atilde;o final. Essa redu&ccedil;&atilde;o de volume impacta diretamente os custos operacionais, diminuindo a necessidade de transporte &mdash; como o uso de caminh&otilde;es &mdash; e podendo gerar uma economia de at&eacute; 70% nos custos de destina&ccedil;&atilde;o. <\/span><\/span><\/span><\/span><\/span><\/span><\/p>\r\n\r\n<p style=\"text-align:justify; margin-bottom:11px\"><span style=\"font-size:11pt\"><span style=\"line-height:107%\"><span style=\"font-family:Calibri,sans-serif\"><span style=\"font-size:12.0pt\"><span style=\"line-height:107%\"><span arial=\"\" style=\"font-family:\">Al&eacute;m disso, ao reduzir o consumo de &aacute;gua e aumentar a efici&ecirc;ncia dos processos, essas solu&ccedil;&otilde;es contribuem para tornar as opera&ccedil;&otilde;es industriais mais sustent&aacute;veis e competitivas. A pr&oacute;pria seguran&ccedil;a h&iacute;drica tamb&eacute;m tem implica&ccedil;&otilde;es econ&ocirc;micas relevantes, j&aacute; que a capacidade de armazenar e distribuir &aacute;gua ao longo do ano evita perdas produtivas e garante maior estabilidade em per&iacute;odos de estiagem.<\/span><\/span><\/span><\/span><\/span><\/span><\/p>\r\n\r\n<p style=\"text-align:justify; margin-bottom:11px\"><span style=\"font-size:11pt\"><span style=\"line-height:107%\"><span style=\"font-family:Calibri,sans-serif\"><span style=\"font-size:12.0pt\"><span style=\"line-height:107%\"><span arial=\"\" style=\"font-family:\">Sob a perspectiva social, a &aacute;gua est&aacute; diretamente associada &agrave; sa&uacute;de p&uacute;blica e &agrave; qualidade de vida da popula&ccedil;&atilde;o. No Brasil, o d&eacute;ficit em saneamento b&aacute;sico ainda &eacute; um problema cr&iacute;tico: apenas uma pequena parcela do pa&iacute;s trata integralmente seus res&iacute;duos, o que resulta na contamina&ccedil;&atilde;o do solo e dos len&ccedil;&oacute;is fre&aacute;ticos. Essa realidade afeta principalmente as popula&ccedil;&otilde;es mais vulner&aacute;veis, que muitas vezes dependem de fontes alternativas, como po&ccedil;os, sem qualquer tipo de tratamento. <\/span><\/span><\/span><\/span><\/span><\/span><\/p>\r\n\r\n<p style=\"text-align:justify; margin-bottom:11px\"><span style=\"font-size:11pt\"><span style=\"line-height:107%\"><span style=\"font-family:Calibri,sans-serif\"><span style=\"font-size:12.0pt\"><span style=\"line-height:107%\"><span arial=\"\" style=\"font-family:\">O consumo de &aacute;gua contaminada est&aacute; relacionado ao aumento de doen&ccedil;as como infec&ccedil;&otilde;es, diarreias e outras enfermidades de veicula&ccedil;&atilde;o h&iacute;drica, al&eacute;m de contribuir para a dissemina&ccedil;&atilde;o de epidemias. Segundo a Organiza&ccedil;&atilde;o Mundial da Sa&uacute;de (OMS), a cada real investido em saneamento, s&atilde;o economizados 4 reais na sa&uacute;de.<\/span><\/span><\/span><\/span><\/span><\/span><\/p>\r\n\r\n<p style=\"text-align:justify; margin-bottom:11px\"><span style=\"font-size:11pt\"><span style=\"line-height:107%\"><span style=\"font-family:Calibri,sans-serif\"><span style=\"font-size:12.0pt\"><span style=\"line-height:107%\"><span arial=\"\" style=\"font-family:\">&nbsp;Nesse ontexto, os geossint&eacute;ticos oferecem solu&ccedil;&otilde;es importantes ao impedir que res&iacute;duos contaminem o solo e os aqu&iacute;feros. A aplica&ccedil;&atilde;o de geomembranas em sistemas de tratamento garante a impermeabiliza&ccedil;&atilde;o das &aacute;reas, protegendo o meio ambiente e assegurando que a &aacute;gua tratada mantenha sua qualidade at&eacute; chegar &agrave; popula&ccedil;&atilde;o.<\/span><\/span><\/span><\/span><\/span><\/span><\/p>\r\n\r\n<p style=\"text-align:justify; margin-bottom:11px\"><span style=\"font-size:11pt\"><span style=\"line-height:107%\"><span style=\"font-family:Calibri,sans-serif\"><span style=\"font-size:12.0pt\"><span style=\"line-height:107%\"><span arial=\"\" style=\"font-family:\">No aspecto ambiental, os desafios relacionados &agrave; &aacute;gua envolvem principalmente a preserva&ccedil;&atilde;o dos recursos naturais e o combate &agrave; polui&ccedil;&atilde;o dos rios. Os geossint&eacute;ticos atuam desde a prote&ccedil;&atilde;o do solo at&eacute; a recupera&ccedil;&atilde;o de recursos h&iacute;dricos. As geomantas, por exemplo, s&atilde;o utilizadas para conter processos erosivos, evitando que sedimentos sejam levados para os rios, o que causa assoreamento e degrada&ccedil;&atilde;o dos ecossistemas aqu&aacute;ticos. J&aacute; as barreiras de siltagem, conhecidas como silt fences, s&atilde;o instaladas ao redor de obras para impedir que part&iacute;culas de solo atinjam os corpos d&rsquo;&aacute;gua, sendo uma pr&aacute;tica ainda pouco difundida no Brasil, mas amplamente adotada em pa&iacute;ses com regulamenta&ccedil;&otilde;es mais rigorosas. <\/span><\/span><\/span><\/span><\/span><\/span><\/p>\r\n\r\n<p style=\"text-align:justify; margin-bottom:11px\"><span style=\"font-size:11pt\"><span style=\"line-height:107%\"><span style=\"font-family:Calibri,sans-serif\"><span style=\"font-size:12.0pt\"><span style=\"line-height:107%\"><span arial=\"\" style=\"font-family:\">Na gest&atilde;o de res&iacute;duos e lodos, as geomembranas se consolidam como uma das principais solu&ccedil;&otilde;es para impermeabiliza&ccedil;&atilde;o do solo em n&iacute;vel global, evitando a contamina&ccedil;&atilde;o do len&ccedil;ol fre&aacute;tico. Al&eacute;m disso, os geossint&eacute;ticos s&atilde;o aplicados em sistemas de drenagem urbana e na canaliza&ccedil;&atilde;o de rios, contribuindo para reduzir alagamentos em per&iacute;odos de chuvas intensas e minimizando impactos ambientais, sociais e econ&ocirc;micos.<\/span><\/span><\/span><\/span><\/span><\/span><\/p>\r\n\r\n<p style=\"text-align:justify; margin-bottom:11px\"><span style=\"font-size:11pt\"><span style=\"line-height:107%\"><span style=\"font-family:Calibri,sans-serif\"><span style=\"font-size:12.0pt\"><span style=\"line-height:107%\"><span arial=\"\" style=\"font-family:\">A relev&acirc;ncia da &aacute;gua tamb&eacute;m pode ser compreendida a partir de cen&aacute;rios extremos, nos quais o abastecimento &eacute; interrompido. Em determinadas regi&otilde;es do mundo, a depend&ecirc;ncia de sistemas de distribui&ccedil;&atilde;o &eacute; t&atilde;o grande que a falta de &aacute;gua por poucos dias pode gerar crises severas. Isso evidencia a necessidade de investimentos cont&iacute;nuos em infraestrutura e tecnologias que garantam n&atilde;o apenas o acesso, mas tamb&eacute;m a seguran&ccedil;a h&iacute;drica. Nesse sentido, os geossint&eacute;ticos se destacam por sua capacidade de integrar solu&ccedil;&otilde;es que envolvem armazenamento, transporte, tratamento e preserva&ccedil;&atilde;o da &aacute;gua.<\/span><\/span><\/span><\/span><\/span><\/span><\/p>\r\n\r\n<p style=\"text-align:justify; margin-bottom:11px\"><span style=\"font-size:11pt\"><span style=\"line-height:107%\"><span style=\"font-family:Calibri,sans-serif\"><span style=\"font-size:12.0pt\"><span style=\"line-height:107%\"><span arial=\"\" style=\"font-family:\">Diante desse panorama, o Dia Mundial da &Aacute;gua se apresenta como um momento de reflex&atilde;o sobre a urg&ecirc;ncia de uma gest&atilde;o mais eficiente e sustent&aacute;vel dos recursos h&iacute;dricos. A integra&ccedil;&atilde;o entre inova&ccedil;&atilde;o tecnol&oacute;gica, responsabilidade ambiental e compromisso social &eacute; essencial para enfrentar os desafios atuais. <\/span><\/span><\/span><\/span><\/span><\/span><\/p>\r\n\r\n<p style=\"text-align:justify; margin-bottom:11px\"><span style=\"font-size:11pt\"><span style=\"line-height:107%\"><span style=\"font-family:Calibri,sans-serif\"><span style=\"font-size:12.0pt\"><span style=\"line-height:107%\"><span arial=\"\" style=\"font-family:\">Os geossint&eacute;ticos, ao aliarem efici&ecirc;ncia econ&ocirc;mica, prote&ccedil;&atilde;o ambiental e benef&iacute;cios diretos &agrave; sa&uacute;de p&uacute;blica, demonstram que &eacute; poss&iacute;vel avan&ccedil;ar na constru&ccedil;&atilde;o de um modelo mais equilibrado e resiliente, no qual a &aacute;gua continue sendo um recurso acess&iacute;vel e seguro para as futuras gera&ccedil;&otilde;es.<\/span><\/span><\/span><\/span><\/span><\/span><\/p>\r\n\r\n<p style=\"text-align:justify; margin-bottom:11px\"><span style=\"font-size:11pt\"><span style=\"line-height:107%\"><span style=\"font-family:Calibri,sans-serif\"><b><span arial=\"\" style=\"font-family:\">&ldquo;Fabricio Zambotto &eacute; Vice Presidente da Associa&ccedil;&atilde;o Brasileira das Ind&uacute;strias de N&atilde;otecidos e Tecidos T&eacute;cnicos (Abint) e Engenheiro Civil com especializa&ccedil;&atilde;o em Engenharia Ambiental (Unicamp). <\/span><\/b><\/span><\/span><\/span><\/p>\r\n\r\n<p style=\"text-align:justify; margin-bottom:11px\">&nbsp;<\/p>\r\n\r\n<p style=\"text-align:justify; margin-bottom:11px\"><em>Informa&ccedil;&otilde;es &agrave; Imprensa<\/em><\/p>\r\n\r\n<p><em>Assessoria de Comunica&ccedil;&atilde;o ABINT<\/em><\/p>\r\n\r\n<p><em>Roberta Provatti <\/em><\/p>\r\n\r\n<p><em>(11) 99652-4661<\/em><\/p>\r\n\r\n<p><em>provattijornalista@gmail.com&nbsp;<\/em><\/p>\r\n","6":"<p style=\"text-align:justify; margin-bottom:11px\"><span style=\"font-size:11pt\"><span style=\"line-height:107%\"><span style=\"font-family:Calibri,sans-serif\"><b><i><span arial=\"\" style=\"font-family:\">Por Fabricio Zambotto<\/span><\/i><\/b><\/span><\/span><\/span><\/p>\r\n\r\n<p style=\"text-align:justify; margin-bottom:11px\"><span style=\"font-size:11pt\"><span style=\"line-height:107%\"><span style=\"font-family:Calibri,sans-serif\"><span style=\"font-size:12.0pt\"><span style=\"line-height:107%\"><span arial=\"\" style=\"font-family:\">Celebrado em 22 de mar&ccedil;o, o Dia Mundial da &Aacute;gua refor&ccedil;a a import&acirc;ncia desse recurso como um dos pilares fundamentais da vida, da economia e do desenvolvimento sustent&aacute;vel. Em um pa&iacute;s como o Brasil, que concentra uma das maiores reservas h&iacute;dricas do planeta, os desafios n&atilde;o est&atilde;o necessariamente na escassez, mas na forma como a &aacute;gua &eacute; gerida, distribu&iacute;da e preservada. <\/span><\/span><\/span><\/span><\/span><\/span><\/p>\r\n\r\n<p style=\"text-align:justify; margin-bottom:11px\"><span style=\"font-size:11pt\"><span style=\"line-height:107%\"><span style=\"font-family:Calibri,sans-serif\"><span style=\"font-size:12.0pt\"><span style=\"line-height:107%\"><span arial=\"\" style=\"font-family:\">Nesse contexto, torna-se essencial analisar o tema sob tr&ecirc;s dimens&otilde;es interligadas &mdash; econ&ocirc;mica, social e ambiental &mdash;, destacando o papel de tecnologias como os geossint&eacute;ticos na busca por solu&ccedil;&otilde;es mais eficientes e sustent&aacute;veis.<\/span><\/span><\/span><\/span><\/span><\/span><\/p>\r\n\r\n<p style=\"text-align:justify; margin-bottom:11px\"><span style=\"font-size:11pt\"><span style=\"line-height:107%\"><span style=\"font-family:Calibri,sans-serif\"><span style=\"font-size:12.0pt\"><span style=\"line-height:107%\"><span arial=\"\" style=\"font-family:\">Do ponto de vista econ&ocirc;mico, a &aacute;gua &eacute; um elemento central para diversas atividades produtivas, especialmente o agroneg&oacute;cio, um dos principais motores da economia brasileira. A produ&ccedil;&atilde;o agr&iacute;cola depende diretamente da disponibilidade h&iacute;drica, e os geossint&eacute;ticos t&ecirc;m contribu&iacute;do de maneira significativa para ampliar a efici&ecirc;ncia no uso desse recurso. <\/span><\/span><\/span><\/span><\/span><\/span><\/p>\r\n\r\n<p style=\"text-align:justify; margin-bottom:11px\"><span style=\"font-size:11pt\"><span style=\"line-height:107%\"><span style=\"font-family:Calibri,sans-serif\"><span style=\"font-size:12.0pt\"><span style=\"line-height:107%\"><span arial=\"\" style=\"font-family:\">Um exemplo &eacute; a utiliza&ccedil;&atilde;o de geomembranas na impermeabiliza&ccedil;&atilde;o de reservat&oacute;rios, permitindo a capta&ccedil;&atilde;o, o armazenamento e a conserva&ccedil;&atilde;o da &aacute;gua com &iacute;ndices de efici&ecirc;ncia que podem chegar a 99%. Essa capacidade possibilita que produtores armazenem &aacute;gua em per&iacute;odos de chuva para utiliz&aacute;-la em &eacute;pocas de seca, garantindo sistemas de irriga&ccedil;&atilde;o cont&iacute;nuos. Como resultado, &aacute;reas que antes realizavam apenas uma colheita por ano passam a alcan&ccedil;ar duas safras, elevando a produtividade e consolidando o Brasil como um dos principais fornecedores globais de gr&atilde;os.<\/span><\/span><\/span><\/span><\/span><\/span><\/p>\r\n\r\n<p style=\"text-align:justify; margin-bottom:11px\"><span style=\"font-size:11pt\"><span style=\"line-height:107%\"><span style=\"font-family:Calibri,sans-serif\"><span style=\"font-size:12.0pt\"><span style=\"line-height:107%\"><span arial=\"\" style=\"font-family:\">Ainda no campo econ&ocirc;mico, os geossint&eacute;ticos tamb&eacute;m desempenham papel relevante na ind&uacute;stria, especialmente na gest&atilde;o de res&iacute;duos. Tecnologias como as geoformas permitem a desidrata&ccedil;&atilde;o de lodos, recuperando at&eacute; 95% da &aacute;gua que antes seria descartada como res&iacute;duo. Com isso, apenas 5% do material precisa de destina&ccedil;&atilde;o final. Essa redu&ccedil;&atilde;o de volume impacta diretamente os custos operacionais, diminuindo a necessidade de transporte &mdash; como o uso de caminh&otilde;es &mdash; e podendo gerar uma economia de at&eacute; 70% nos custos de destina&ccedil;&atilde;o. <\/span><\/span><\/span><\/span><\/span><\/span><\/p>\r\n\r\n<p style=\"text-align:justify; margin-bottom:11px\"><span style=\"font-size:11pt\"><span style=\"line-height:107%\"><span style=\"font-family:Calibri,sans-serif\"><span style=\"font-size:12.0pt\"><span style=\"line-height:107%\"><span arial=\"\" style=\"font-family:\">Al&eacute;m disso, ao reduzir o consumo de &aacute;gua e aumentar a efici&ecirc;ncia dos processos, essas solu&ccedil;&otilde;es contribuem para tornar as opera&ccedil;&otilde;es industriais mais sustent&aacute;veis e competitivas. A pr&oacute;pria seguran&ccedil;a h&iacute;drica tamb&eacute;m tem implica&ccedil;&otilde;es econ&ocirc;micas relevantes, j&aacute; que a capacidade de armazenar e distribuir &aacute;gua ao longo do ano evita perdas produtivas e garante maior estabilidade em per&iacute;odos de estiagem.<\/span><\/span><\/span><\/span><\/span><\/span><\/p>\r\n\r\n<p style=\"text-align:justify; margin-bottom:11px\"><span style=\"font-size:11pt\"><span style=\"line-height:107%\"><span style=\"font-family:Calibri,sans-serif\"><span style=\"font-size:12.0pt\"><span style=\"line-height:107%\"><span arial=\"\" style=\"font-family:\">Sob a perspectiva social, a &aacute;gua est&aacute; diretamente associada &agrave; sa&uacute;de p&uacute;blica e &agrave; qualidade de vida da popula&ccedil;&atilde;o. No Brasil, o d&eacute;ficit em saneamento b&aacute;sico ainda &eacute; um problema cr&iacute;tico: apenas uma pequena parcela do pa&iacute;s trata integralmente seus res&iacute;duos, o que resulta na contamina&ccedil;&atilde;o do solo e dos len&ccedil;&oacute;is fre&aacute;ticos. Essa realidade afeta principalmente as popula&ccedil;&otilde;es mais vulner&aacute;veis, que muitas vezes dependem de fontes alternativas, como po&ccedil;os, sem qualquer tipo de tratamento. <\/span><\/span><\/span><\/span><\/span><\/span><\/p>\r\n\r\n<p style=\"text-align:justify; margin-bottom:11px\"><span style=\"font-size:11pt\"><span style=\"line-height:107%\"><span style=\"font-family:Calibri,sans-serif\"><span style=\"font-size:12.0pt\"><span style=\"line-height:107%\"><span arial=\"\" style=\"font-family:\">O consumo de &aacute;gua contaminada est&aacute; relacionado ao aumento de doen&ccedil;as como infec&ccedil;&otilde;es, diarreias e outras enfermidades de veicula&ccedil;&atilde;o h&iacute;drica, al&eacute;m de contribuir para a dissemina&ccedil;&atilde;o de epidemias. Segundo a Organiza&ccedil;&atilde;o Mundial da Sa&uacute;de (OMS), a cada real investido em saneamento, s&atilde;o economizados 4 reais na sa&uacute;de.<\/span><\/span><\/span><\/span><\/span><\/span><\/p>\r\n\r\n<p style=\"text-align:justify; margin-bottom:11px\"><span style=\"font-size:11pt\"><span style=\"line-height:107%\"><span style=\"font-family:Calibri,sans-serif\"><span style=\"font-size:12.0pt\"><span style=\"line-height:107%\"><span arial=\"\" style=\"font-family:\">&nbsp;Nesse ontexto, os geossint&eacute;ticos oferecem solu&ccedil;&otilde;es importantes ao impedir que res&iacute;duos contaminem o solo e os aqu&iacute;feros. A aplica&ccedil;&atilde;o de geomembranas em sistemas de tratamento garante a impermeabiliza&ccedil;&atilde;o das &aacute;reas, protegendo o meio ambiente e assegurando que a &aacute;gua tratada mantenha sua qualidade at&eacute; chegar &agrave; popula&ccedil;&atilde;o.<\/span><\/span><\/span><\/span><\/span><\/span><\/p>\r\n\r\n<p style=\"text-align:justify; margin-bottom:11px\"><span style=\"font-size:11pt\"><span style=\"line-height:107%\"><span style=\"font-family:Calibri,sans-serif\"><span style=\"font-size:12.0pt\"><span style=\"line-height:107%\"><span arial=\"\" style=\"font-family:\">No aspecto ambiental, os desafios relacionados &agrave; &aacute;gua envolvem principalmente a preserva&ccedil;&atilde;o dos recursos naturais e o combate &agrave; polui&ccedil;&atilde;o dos rios. Os geossint&eacute;ticos atuam desde a prote&ccedil;&atilde;o do solo at&eacute; a recupera&ccedil;&atilde;o de recursos h&iacute;dricos. As geomantas, por exemplo, s&atilde;o utilizadas para conter processos erosivos, evitando que sedimentos sejam levados para os rios, o que causa assoreamento e degrada&ccedil;&atilde;o dos ecossistemas aqu&aacute;ticos. J&aacute; as barreiras de siltagem, conhecidas como silt fences, s&atilde;o instaladas ao redor de obras para impedir que part&iacute;culas de solo atinjam os corpos d&rsquo;&aacute;gua, sendo uma pr&aacute;tica ainda pouco difundida no Brasil, mas amplamente adotada em pa&iacute;ses com regulamenta&ccedil;&otilde;es mais rigorosas. <\/span><\/span><\/span><\/span><\/span><\/span><\/p>\r\n\r\n<p style=\"text-align:justify; margin-bottom:11px\"><span style=\"font-size:11pt\"><span style=\"line-height:107%\"><span style=\"font-family:Calibri,sans-serif\"><span style=\"font-size:12.0pt\"><span style=\"line-height:107%\"><span arial=\"\" style=\"font-family:\">Na gest&atilde;o de res&iacute;duos e lodos, as geomembranas se consolidam como uma das principais solu&ccedil;&otilde;es para impermeabiliza&ccedil;&atilde;o do solo em n&iacute;vel global, evitando a contamina&ccedil;&atilde;o do len&ccedil;ol fre&aacute;tico. Al&eacute;m disso, os geossint&eacute;ticos s&atilde;o aplicados em sistemas de drenagem urbana e na canaliza&ccedil;&atilde;o de rios, contribuindo para reduzir alagamentos em per&iacute;odos de chuvas intensas e minimizando impactos ambientais, sociais e econ&ocirc;micos.<\/span><\/span><\/span><\/span><\/span><\/span><\/p>\r\n\r\n<p style=\"text-align:justify; margin-bottom:11px\"><span style=\"font-size:11pt\"><span style=\"line-height:107%\"><span style=\"font-family:Calibri,sans-serif\"><span style=\"font-size:12.0pt\"><span style=\"line-height:107%\"><span arial=\"\" style=\"font-family:\">A relev&acirc;ncia da &aacute;gua tamb&eacute;m pode ser compreendida a partir de cen&aacute;rios extremos, nos quais o abastecimento &eacute; interrompido. Em determinadas regi&otilde;es do mundo, a depend&ecirc;ncia de sistemas de distribui&ccedil;&atilde;o &eacute; t&atilde;o grande que a falta de &aacute;gua por poucos dias pode gerar crises severas. Isso evidencia a necessidade de investimentos cont&iacute;nuos em infraestrutura e tecnologias que garantam n&atilde;o apenas o acesso, mas tamb&eacute;m a seguran&ccedil;a h&iacute;drica. Nesse sentido, os geossint&eacute;ticos se destacam por sua capacidade de integrar solu&ccedil;&otilde;es que envolvem armazenamento, transporte, tratamento e preserva&ccedil;&atilde;o da &aacute;gua.<\/span><\/span><\/span><\/span><\/span><\/span><\/p>\r\n\r\n<p style=\"text-align:justify; margin-bottom:11px\"><span style=\"font-size:11pt\"><span style=\"line-height:107%\"><span style=\"font-family:Calibri,sans-serif\"><span style=\"font-size:12.0pt\"><span style=\"line-height:107%\"><span arial=\"\" style=\"font-family:\">Diante desse panorama, o Dia Mundial da &Aacute;gua se apresenta como um momento de reflex&atilde;o sobre a urg&ecirc;ncia de uma gest&atilde;o mais eficiente e sustent&aacute;vel dos recursos h&iacute;dricos. A integra&ccedil;&atilde;o entre inova&ccedil;&atilde;o tecnol&oacute;gica, responsabilidade ambiental e compromisso social &eacute; essencial para enfrentar os desafios atuais. <\/span><\/span><\/span><\/span><\/span><\/span><\/p>\r\n\r\n<p style=\"text-align:justify; margin-bottom:11px\"><span style=\"font-size:11pt\"><span style=\"line-height:107%\"><span style=\"font-family:Calibri,sans-serif\"><span style=\"font-size:12.0pt\"><span style=\"line-height:107%\"><span arial=\"\" style=\"font-family:\">Os geossint&eacute;ticos, ao aliarem efici&ecirc;ncia econ&ocirc;mica, prote&ccedil;&atilde;o ambiental e benef&iacute;cios diretos &agrave; sa&uacute;de p&uacute;blica, demonstram que &eacute; poss&iacute;vel avan&ccedil;ar na constru&ccedil;&atilde;o de um modelo mais equilibrado e resiliente, no qual a &aacute;gua continue sendo um recurso acess&iacute;vel e seguro para as futuras gera&ccedil;&otilde;es.<\/span><\/span><\/span><\/span><\/span><\/span><\/p>\r\n\r\n<p style=\"text-align:justify; margin-bottom:11px\"><span style=\"font-size:11pt\"><span style=\"line-height:107%\"><span style=\"font-family:Calibri,sans-serif\"><b><span arial=\"\" style=\"font-family:\">&ldquo;Fabricio Zambotto &eacute; Vice Presidente da Associa&ccedil;&atilde;o Brasileira das Ind&uacute;strias de N&atilde;otecidos e Tecidos T&eacute;cnicos (Abint) e Engenheiro Civil com especializa&ccedil;&atilde;o em Engenharia Ambiental (Unicamp). <\/span><\/b><\/span><\/span><\/span><\/p>\r\n\r\n<p style=\"text-align:justify; margin-bottom:11px\">&nbsp;<\/p>\r\n\r\n<p style=\"text-align:justify; margin-bottom:11px\"><em>Informa&ccedil;&otilde;es &agrave; Imprensa<\/em><\/p>\r\n\r\n<p><em>Assessoria de Comunica&ccedil;&atilde;o ABINT<\/em><\/p>\r\n\r\n<p><em>Roberta Provatti <\/em><\/p>\r\n\r\n<p><em>(11) 99652-4661<\/em><\/p>\r\n\r\n<p><em>provattijornalista@gmail.com&nbsp;<\/em><\/p>\r\n","texto_en":"","7":"","imagem":"COMP_capa-site-comunicacao-2026_20260323172502D8FwxWCjVP.jpg","8":"COMP_capa-site-comunicacao-2026_20260323172502D8FwxWCjVP.jpg","arquivo":null,"9":null,"titulo_arquivo":"","10":"","titulo_arquivo_en":"","11":"","created_at":"2026-03-23 17:25:08","12":"2026-03-23 17:25:08","updated_at":"2026-03-23 17:26:10","13":"2026-03-23 17:26:10"},{"id":220,"0":220,"ordem":1,"1":1,"data":"2026-03-17","2":"2026-03-17","slug":"boletim-abint-de-noticias-semanais-118","3":"boletim-abint-de-noticias-semanais-118","titulo":"Boletim ABINT de Not\u00edcias Semanais","4":"Boletim ABINT de Not\u00edcias Semanais","titulo_en":"","5":"","texto":"<p style=\"text-align:justify\"><span style=\"font-size:11pt\"><span style=\"line-height:normal\"><span style=\"font-family:Aptos,sans-serif\"><span style=\"font-size:14.0pt\">Esta &eacute; uma compila&ccedil;&atilde;o das not&iacute;cias mais relevantes para o setor, incluindo informa&ccedil;&otilde;es sobre acordos internacionais, economia brasileira, sustentabilidade e mat&eacute;rias primas, al&eacute;m de novidades do setor de N&atilde;otecidos e Tecidos T&eacute;cnicos.<\/span><\/span><\/span><\/span><\/p>\r\n\r\n<p style=\"text-align:justify\"><span style=\"font-size:28pt\"><span style=\"font-family:Aptos,sans-serif\"><span style=\"letter-spacing:-0.5pt\"><b><span style=\"font-size:18.0pt\"><span style=\"font-variant:small-caps\">O que vem por a&iacute;<\/span><\/span><\/b><\/span><\/span><\/span><\/p>\r\n\r\n<p style=\"text-align:justify\"><b><img src=\"https:\/\/www.abint.org.br\/assets\/img\/editor\/curso-naotecidos-2026_20260210190824gUkSCpzLPV.jpg\" style=\"width: 500px; height: 500px;\" \/><\/b><\/p>\r\n\r\n<p style=\"text-align:justify\"><span style=\"font-size:11pt\"><span style=\"line-height:normal\"><span style=\"font-family:Aptos,sans-serif\"><a href=\"https:\/\/forms.gle\/VzyfvmnBbH7FtFGV9\" style=\"color:blue; text-decoration:underline\"><b><span style=\"font-size:14.0pt\">Informa&ccedil;&otilde;es e inscri&ccedil;&otilde;es<\/span><\/b><\/a><\/span><\/span><\/span><\/p>\r\n\r\n<p style=\"text-align:justify\"><span style=\"font-size:28pt\"><span style=\"font-family:Aptos,sans-serif\"><span style=\"letter-spacing:-0.5pt\"><b><span style=\"font-size:18.0pt\"><span style=\"font-variant:small-caps\">Not&iacute;cias das Associadas<\/span><\/span><\/b><\/span><\/span><\/span><\/p>\r\n\r\n<p style=\"text-align:justify\"><span style=\"font-size:11pt\"><span style=\"line-height:normal\"><span style=\"font-family:Aptos,sans-serif\"><a href=\"https:\/\/conexaoto.com.br\/2026\/03\/13\/os-desafios-da-industria-de-naotecidos\" style=\"color:blue; text-decoration:underline\"><span style=\"font-size:14.0pt\">Os desafios da ind&uacute;stria de N&atilde;otecidos<\/span><\/a><\/span><\/span><\/span><\/p>\r\n\r\n<p style=\"text-align:justify\"><span style=\"font-size:11pt\"><span style=\"line-height:normal\"><span style=\"font-family:Aptos,sans-serif\"><a href=\"https:\/\/abctecnologias.com.br\/novidades\/como-soldar-plastico-guia-completo?utm_source=ABC+Tecnologias&amp;utm_campaign=e0355aaa72-CAMPANHA_RSS_POSTS_SITE&amp;utm_medium=email&amp;utm_term=0_01821b5e7f-e0355aaa72-468976694\" style=\"color:blue; text-decoration:underline\"><span style=\"font-size:14.0pt\">ABC Tecnologias | Como Soldar Pl&aacute;stico: Guia Completo de T&eacute;cnicas, Equipamentos e Aplica&ccedil;&otilde;es<\/span><\/a><\/span><\/span><\/span><\/p>\r\n\r\n<p style=\"text-align:justify\"><span style=\"font-size:11pt\"><span style=\"line-height:normal\"><span style=\"font-family:Aptos,sans-serif\"><a href=\"https:\/\/www.nonwovens-industry.com\/library\/from-field-to-sustainable-products\/?utm_campaign=NON%20eNewsletter&amp;utm_medium=email&amp;_hsenc=p2ANqtz-81Wq9p7RGfJyRRLLNTgKylqjjuyWfy3GrAgZdD0aXDSSQOI4LhEswAYt0Myb9bSPDbhEygoa5ayk9vsizIgWqedZfhNQ&amp;_hsmi=408459428&amp;utm_content=408459428&amp;utm_source=hs_email\" style=\"color:blue; text-decoration:underline\"><span lang=\"EN-US\" style=\"font-size:14.0pt\">Andritz: From field to sustainable products<\/span><\/a><\/span><\/span><\/span><\/p>\r\n\r\n<p style=\"text-align:justify\">&nbsp;<\/p>\r\n\r\n<p style=\"text-align:justify\"><span style=\"font-size:11pt\"><span style=\"line-height:normal\"><span style=\"font-family:Aptos,sans-serif\"><b><span lang=\"EN-US\" style=\"font-size:18.0pt\"><span style=\"font-variant:small-caps\">Eventos<\/span><\/span><\/b><\/span><\/span><\/span><\/p>\r\n\r\n<p style=\"text-align:justify\"><span style=\"font-size:11pt\"><span style=\"line-height:normal\"><span style=\"font-family:Aptos,sans-serif\"><a href=\"https:\/\/eiu-enquiries.zoom.us\/webinar\/register\/3617715933988\/WN_sbh-iqI5Q4yBvKLuQAcBYw?utm_campaign=MA00009251&amp;utm_medium=email-owned&amp;utm_source=eiu-marketing-cloud&amp;RefID=&amp;utm_term=20260303&amp;utm_id=2166621&amp;sfmc_id=00QWT00000A9Mst2AF&amp;utm_content=cta-button-1&amp;id_mc=277289080#\/registration\" style=\"color:blue; text-decoration:underline\"><b><span lang=\"EN-US\" style=\"font-size:14.0pt\">The EIU | Webinar: Navigating the next phase of financial risk<\/span><\/b><\/a><span lang=\"EN-US\" style=\"font-size:14.0pt\">, Wednesday March 18th 2026, 12:00pm EDT | 4:00pm GMT | 5:00pm CET<\/span><\/span><\/span><\/span><\/p>\r\n\r\n<p style=\"text-align:justify\"><span style=\"font-size:11pt\"><span style=\"line-height:normal\"><span style=\"font-family:Aptos,sans-serif\"><a href=\"https:\/\/app.rdstation.email\/mail\/009df534-ad93-4cc0-b02f-882d9f8e88ec?utm_medium=email&amp;utm_campaign=marco_25&amp;utm_source=RD+Station\" style=\"color:blue; text-decoration:underline\"><b><span style=\"font-size:14.0pt\">Adapta&ccedil;&atilde;o e Resili&ecirc;ncia H&iacute;drica no Contexto das Mudan&ccedil;as Clim&aacute;ticas<\/span><\/b><\/a><span style=\"font-size:14.0pt\">, 25 de mar&ccedil;o de 2026, 09h00 &agrave;s 12h30, evento online<\/span><\/span><\/span><\/span><\/p>\r\n\r\n<p style=\"text-align:justify\"><span style=\"font-size:11pt\"><span style=\"line-height:normal\"><span style=\"font-family:Aptos,sans-serif\"><a href=\"https:\/\/congressodeinovacao.com.br\/\" style=\"color:blue; text-decoration:underline\"><b><span style=\"font-size:14.0pt\">11&ordm; Congresso de Inova&ccedil;&atilde;o da Ind&uacute;stria<\/span><\/b><\/a><span style=\"font-size:14.0pt\">, 25 e 26 de mar&ccedil;o de 2026, WTC S&atilde;o Paulo<\/span><\/span><\/span><\/span><\/p>\r\n\r\n<p style=\"text-align:justify\"><span style=\"font-size:11pt\"><span style=\"line-height:normal\"><span style=\"font-family:Aptos,sans-serif\"><a href=\"https:\/\/cni.portaldaindustria.com.br\/l\/3417367\" style=\"color:blue; text-decoration:underline\"><b><span style=\"font-size:14.0pt\">CNI | Semin&aacute;rio: Acordo Mercosul-Uni&atilde;o Europeia: um novo cap&iacute;tulo para a ind&uacute;stria brasileira<\/span><\/b><\/a><span style=\"font-size:14.0pt\">, 27 de mar&ccedil;o de 2026, 09h30 &agrave;s 16h00, evento presencial, CNI S&atilde;o Paulo, Rua Surubim, 504, 9&ordm; andar, Brooklin Novo, S&atilde;o Paulo, SP<\/span><\/span><\/span><\/span><\/p>\r\n\r\n<p style=\"text-align:justify\"><span style=\"font-size:11pt\"><span style=\"line-height:normal\"><span style=\"font-family:Aptos,sans-serif\"><a href=\"https:\/\/biotexfuture.info\/wp-content\/uploads\/2026\/03\/Agenda_BTF_InnovationDay_Spring_04032026.pdf\" style=\"color:blue; text-decoration:underline\"><b><span lang=\"EN-US\" style=\"font-size:14.0pt\">Innovation Day &ldquo;Harvesting Innovation: Bridging Agriculture and Textiles&rdquo;<\/span><\/b><\/a><span lang=\"EN-US\" style=\"font-size:14.0pt\">, 5 May 2026, 09:30 &ndash; 14:00 CEST (online streaming starts at 10:00), ITA, Otto-Blumenthal-Stra&szlig;e 1, 52074 Aachen or online (link will be provided upon registration)<\/span><\/span><\/span><\/span><\/p>\r\n\r\n<p style=\"text-align:justify\"><span style=\"font-size:11pt\"><span style=\"line-height:normal\"><span style=\"font-family:Aptos,sans-serif\"><a href=\"https:\/\/www.feimec.com.br\/pt\/home.html\" style=\"color:blue; text-decoration:underline\"><b><span style=\"font-size:14.0pt\">FEIMEC - Feira Internacional de M&aacute;quinas e Equipamentos<\/span><\/b><\/a><span style=\"font-size:14.0pt\">, 05 a 09 de maio de 2026, ter&ccedil;a a sexta - 10h &agrave;s 19h | s&aacute;bado - 9h &agrave;s 17h, S&atilde;o Paulo Expo, Rod. dos Imigrantes, KM 1,5<\/span><\/span><\/span><\/span><\/p>\r\n\r\n<p style=\"text-align:justify\"><span style=\"font-size:11pt\"><span style=\"line-height:normal\"><span style=\"font-family:Aptos,sans-serif\"><a href=\"https:\/\/www.hospitalar.com\/?utm_campaign=BRZ26HPR-MN-CREDENCIAMENTO-ABERTO&amp;utm_emailname=BRZ26HPR-MN-CREDENCIAMENTO-ABERTO-1-Resend&amp;utm_medium=email&amp;utm_source=eloqua&amp;utm_MDMContactID=2bb3d23c-a32f-4218-88d5-29f7fb45caee&amp;utm_campaigntype=Visitor%20Promotion&amp;eM=50c7dfe42c38ea8f10539f0a167fc763253059e495554a32db7a57f8f237ec4c&amp;eventSeriesCode=ES_HOSPITALAR&amp;eventEditionCode=BRZ26HPR&amp;sessionCode=S_EXHB&amp;sp_eh=50c7dfe42c38ea8f10539f0a167fc763253059e495554a32db7a57f8f237ec4c\" style=\"color:blue; text-decoration:underline\"><b><span style=\"font-size:14.0pt\">Hospitalar 2026<\/span><\/b><\/a><span style=\"font-size:14.0pt\">, 19 a 22 de maio, das 11h &agrave;s 20h, S&atilde;o Paulo Expo<\/span><\/span><\/span><\/span><\/p>\r\n\r\n<p style=\"text-align:justify\"><span style=\"font-size:11pt\"><span style=\"line-height:normal\"><span style=\"font-family:Aptos,sans-serif\"><a href=\"https:\/\/credenciamentonexumgroup.lovable.app\/evento\/personal-care-summit-latinoamerica-2026\" style=\"color:blue; text-decoration:underline\"><b><span style=\"font-size:14.0pt\">Personal Care Summit Latinoam&eacute;rica | I<\/span><\/b><b><span style=\"font-size:14.0pt\">nd&uacute;stria 5.0: Tecnologia e Pessoas<\/span><\/b><\/a><span style=\"font-size:14.0pt\">, 09 de junho de 2026, Hotel Pullman, Guarulhos, SP<\/span><\/span><\/span><\/span><\/p>\r\n\r\n<p style=\"text-align:justify\"><span style=\"font-size:11pt\"><span style=\"line-height:normal\"><span style=\"font-family:Aptos,sans-serif\"><a href=\"https:\/\/www.hightex.com.tr\/\" style=\"color:blue; text-decoration:underline\"><b><span lang=\"EN-US\" style=\"font-size:14.0pt\">HIGTEX 2026 &ndash; International Technical Textiles and Nonwoven Exhibition<\/span><\/b><\/a><span lang=\"EN-US\" style=\"font-size:14.0pt\">, June 9&ndash;13, T&Uuml;YAP Fair and Congress Center, \u0130stanbul, T&uuml;rkiye<\/span><\/span><\/span><\/span><\/p>\r\n\r\n<p style=\"text-align:justify\"><span style=\"font-size:11pt\"><span style=\"line-height:normal\"><span style=\"font-family:Aptos,sans-serif\"><a href=\"https:\/\/www.worldofwipes.org\/\" style=\"color:blue; text-decoration:underline\"><b><span lang=\"EN-US\" style=\"font-size:14.0pt\">INDA | WOW - World of Wipes International Conference<\/span><\/b><\/a><span lang=\"EN-US\" style=\"font-size:14.0pt\">, June 29&ndash;July 2, 2026, Grand Hyatt Nashville, Nashville, Tennessee USA<\/span><\/span><\/span><\/span><\/p>\r\n\r\n<p style=\"text-align:justify\"><span style=\"font-size:11pt\"><span style=\"line-height:normal\"><span style=\"font-family:Aptos,sans-serif\"><a href=\"https:\/\/filtech.de\/\" style=\"color:blue; text-decoration:underline\"><b><span style=\"font-size:14.0pt\">Filtech 2026<\/span><\/b><\/a><span style=\"font-size:14.0pt\">, 30 de junho a 2 de julho, Cologne, Alemanha<\/span><\/span><\/span><\/span><\/p>\r\n\r\n<p style=\"text-align:justify\"><span style=\"font-size:11pt\"><span style=\"line-height:normal\"><span style=\"font-family:Aptos,sans-serif\"><a href=\"https:\/\/www.formobile.com.br\/pt\/home.html\" style=\"color:blue; text-decoration:underline\"><b><span style=\"font-size:14.0pt\">ForM&oacute;bile 2026<\/span><\/b><\/a><span style=\"font-size:14.0pt\">, 30 de junho a 3 de julho, S&atilde;o Paulo Expo<\/span><\/span><\/span><\/span><\/p>\r\n\r\n<p style=\"text-align:justify\"><span style=\"font-size:11pt\"><span style=\"line-height:normal\"><span style=\"font-family:Aptos,sans-serif\"><a href=\"https:\/\/sienge.com.br\/construsummit\/\" style=\"color:blue; text-decoration:underline\"><b><span style=\"font-size:14.0pt\">Construsummit<\/span><\/b><\/a><span style=\"font-size:14.0pt\">, 1 e 2 de julho de 2026, Florian&oacute;polis, SC<\/span><\/span><\/span><\/span><\/p>\r\n\r\n<p style=\"text-align:justify\"><span style=\"font-size:11pt\"><span style=\"line-height:normal\"><span style=\"font-family:Aptos,sans-serif\"><a href=\"https:\/\/info.fastmarkets.com\/index.php\/email\/emailWebview?email=OTMwLVlTTi0zNDIAAAGgm9GYB4UXisBYfG6V1YgLbIkX8OtKVxG11VCYMcCYfPs1fCCJJmN773X5IwSwnvWO_PwKa82eHJaJrBpZ4hTGCHcBq8U9L5ysEA\" style=\"color:blue; text-decoration:underline\"><b><span style=\"font-size:14.0pt\">Fastmarkets Forest Products Latin America Conference 2026<\/span><\/b><\/a><span style=\"font-size:14.0pt\">, 10 a 12 de agosto de 2026, S&atilde;o Paulo<\/span><\/span><\/span><\/span><\/p>\r\n\r\n<p style=\"text-align:justify\"><span style=\"font-size:11pt\"><span style=\"line-height:normal\"><span style=\"font-family:Aptos,sans-serif\"><a href=\"https:\/\/feiplar.com\/Presencial\/inicio-2024\/\" style=\"color:blue; text-decoration:underline\"><b><span style=\"font-size:14.0pt\">FEIPLAR &amp; FEIPUR &ndash; Feira e Congresso Internacionais de Materiais Avan&ccedil;ados<\/span><\/b><\/a><span style=\"font-size:14.0pt\">, 25 a 27 de agosto de 2026, S&atilde;o Paulo Expo | Pavilh&atilde;o 5, S&atilde;o Paulo, SP, Brasil<\/span><\/span><\/span><\/span><\/p>\r\n\r\n<p style=\"text-align:justify\"><span style=\"font-size:11pt\"><span style=\"line-height:normal\"><span style=\"font-family:Aptos,sans-serif\"><a href=\"https:\/\/ficons.com.br\/\" style=\"color:blue; text-decoration:underline\"><b><span style=\"font-size:14.0pt\">FICONS - Feira Internacional de Materiais, Equipamentos e Servi&ccedil;os da Constru&ccedil;&atilde;o<\/span><\/b><\/a><span style=\"font-size:14.0pt\">, 15 a 18 de setembro de 2026, Centro de Conven&ccedil;&otilde;es de Pernambuco Recife\/ Olinda<\/span><\/span><\/span><\/span><\/p>\r\n\r\n<p style=\"text-align:justify\"><span style=\"font-size:11pt\"><span style=\"line-height:normal\"><span style=\"font-family:Aptos,sans-serif\"><a href=\"https:\/\/www.edana.org\/events\/outlook\/outlook-2025\" style=\"color:blue; text-decoration:underline\"><b><span style=\"font-size:14.0pt\">OUTLOOK&trade; 2026<\/span><\/b><\/a><span style=\"font-size:14.0pt\">, 22&ndash;24 September, Hotel Miragem, Cascais, Portugal<\/span><\/span><\/span><\/span><\/p>\r\n\r\n<p style=\"text-align:justify\"><span style=\"font-size:11pt\"><span style=\"line-height:normal\"><span style=\"font-family:Aptos,sans-serif\"><a href=\"https:\/\/hospitalmed.com.br\/feira\/\" style=\"color:blue; text-decoration:underline\"><b><span style=\"font-size:14.0pt\">HospitalMed<\/span><\/b><\/a><span style=\"font-size:14.0pt\">, 21 a 23 de outubro de 2026, das 14h &agrave;s 20h, Pernambuco Centro de Conven&ccedil;&otilde;es, Olinda<\/span><\/span><\/span><\/span><\/p>\r\n\r\n<p style=\"text-align:justify\"><span style=\"font-size:11pt\"><span style=\"line-height:normal\"><span style=\"font-family:Aptos,sans-serif\"><a href=\"https:\/\/www.edana.org\/events\/edana-sustainability-forum\" style=\"color:blue; text-decoration:underline\"><b><span lang=\"EN-US\" style=\"font-size:14.0pt\">Sustainability &amp; Policy Forum<\/span><\/b><\/a><span lang=\"EN-US\" style=\"font-size:14.0pt\">, 8&ndash;9 December 2026, Residence Palace in Brussels, Belgium<\/span><\/span><\/span><\/span><\/p>\r\n\r\n<p style=\"text-align:justify\"><span style=\"font-size:11pt\"><span style=\"line-height:normal\"><span style=\"font-family:Aptos,sans-serif\"><a href=\"https:\/\/infrane.com.br\/\" style=\"color:blue; text-decoration:underline\"><b><span style=\"font-size:14.0pt\">Infra NE<\/span><\/b><\/a><span style=\"font-size:14.0pt\">, 03 a 05 de mar&ccedil;o de 2027, Centro de Conven&ccedil;&otilde;es Salvador<\/span><\/span><\/span><\/span><\/p>\r\n\r\n<p style=\"text-align:justify\"><span style=\"font-size:28pt\"><span style=\"font-family:Aptos,sans-serif\"><span style=\"letter-spacing:-0.5pt\"><b><span style=\"font-size:18.0pt\"><span style=\"font-variant:small-caps\">Setor<\/span><\/span><\/b><\/span><\/span><\/span><\/p>\r\n\r\n<p style=\"text-align:justify\"><span style=\"font-size:11pt\"><span style=\"line-height:normal\"><span style=\"font-family:Aptos,sans-serif\"><a href=\"https:\/\/conlink.conceitualpress.com.br\/ev\/PWc3w\/BfA\/38ce\/LCFJkUKAOaB\/BMxa\/\" style=\"color:blue; text-decoration:underline\"><span style=\"font-size:14.0pt\">A Guerra do Ir&atilde;, o Estreito de Ormuz e a sua embalagem<\/span><\/a><\/span><\/span><\/span><\/p>\r\n\r\n<p style=\"text-align:justify\"><span style=\"font-size:11pt\"><span style=\"line-height:normal\"><span style=\"font-family:Aptos,sans-serif\"><a href=\"https:\/\/www.nonwovens-industry.com\/adult-incontinence-growth-continues-2\/?utm_campaign=NON%20Issue%20Alert&amp;utm_medium=email&amp;_hsenc=p2ANqtz--3OQ3FNNCnNg6F5SqtzxllnLKrnsP3uTVqvu2DpS-96fNgcQsJeBO78ROl0kE0j4zgUJHyMi9mjQwoC8ffqpfs8BNCOg&amp;_hsmi=408254265&amp;utm_content=408254265&amp;utm_source=hs_email\" style=\"color:blue; text-decoration:underline\"><span style=\"font-size:14.0pt\">Adult Incontinence: Growth Continues<\/span><\/a><\/span><\/span><\/span><\/p>\r\n\r\n<p style=\"text-align:justify\"><span style=\"font-size:11pt\"><span style=\"line-height:normal\"><span style=\"font-family:Aptos,sans-serif\"><a href=\"http:\/\/clickemail.portalpersonalcare.com.br\/ls\/click?upn=u001.D2-2F0Tg0A29KXXLMT6ctG-2BYOihdDbc-2ByFrUFb3ZXMT9Q5pmE39RZih5A3SsJEKCcwRsjvkG2o-2BobbXdxaA1sOfSxOslDPSIYf2y-2FwkiuhoiBGhiJlVynrB1mv1VFPP2M8z2D5ctRHvaYjmPFQJfilvPWtEzUyqS5MIN9DGEQiBczxktpRFhow-2FIU15-2BbYv4AgQMmuWD-2BFVq4ZdTZ3kqo0hdUhO43O-2FZ1q3-2FICY729Ato6hZUh3ptjjg9yycXSZJz3OJZHZSuKNqTT8Tioax5S3ax8-2FoPfUxxLyemQMPaG95gnYG4e17GEzT6EXS8XQRgTM2UQKWyLR7kJRDRqirAXCCGgdRU-2Ff9axOyJFQ21lgl-2FbYI1nSuQl9SpWn4FDovaD98bv_T7N8BvZTOm04CQQMiyWztrpCjlUrRc4F7QzSgUIpTqDyHxxxhGpyWLohz7JoE2GE5NHlS-2BYZoX1R75Fh8KCze9GvCCb-2FinuNgc39g0Cdbe-2FcU8RlSBQhp5om11AQZQ-2FDRZ3euZxFLPZkmB9wiwbjCog9bmE3PXf1tT8VNJ4IVhR-2BhfiD0b59nAFlU-2B7GaJdFYL7RFHZGw4JfMvwEr-2BMNhk9DDa5OWKFnRAmMHVG7FncbHhvwlHdDBw3Njyj01WZJXhR-2BMZjVY7z956aycPwcn6ahcaa-2FyjwgjKqLDBS-2BNmrTSTz-2FhWoGtHaDJv0WOdchnvDHN6jG0Mc110FJWGjkwVx8W7itB-2Bb3s1DNPYfL7bLqmKBMUYguIyGmRzpcD5OoUc-2FJkn4v7MGSJcodABTJdLC-2FROQA1nxgrC-2FtzPQlM9-2FgtN8nvGE8B2x9ELR0A9gY4HG6qFYPJLuT5dwMCLRIsUZSje9UfoqbSbr1I7unvR-2BkVynI43-2BE2aqEoeYDzlKtVT3B9ZBiU-2BD9ACSq0hMqaB19qJ6JTDV6ZNgvRIP4L1fsmGKrQceE-2Bnf-2Fa-2F1MCY-2FmykDSkDOYTX5vYVtgvUd4-2FmIUsGfiW4WTcS3chkImiwOpP8dB0bixAI4kDy4UoZnfOhCmURwmxhxv6veWiwhMDX3j-2FzR-2BrVcxGRPls7VcBPpEUqmDCB-2BKreE2dUyerzBiFNFRCYpEsCd9fPRrngzh-2BffXJiP0wYHvbdGqaPEMR0I-3D\" style=\"color:blue; text-decoration:underline\" target=\"_blank\"><span style=\"font-size:14.0pt\">O Brasil que envelhece: como o setor de cuidados pessoais acompanha uma nova realidade<\/span><\/a><\/span><\/span><\/span><\/p>\r\n\r\n<p style=\"text-align:justify\"><span style=\"font-size:11pt\"><span style=\"line-height:normal\"><span style=\"font-family:Aptos,sans-serif\"><a href=\"https:\/\/www.nonwovens-industry.com\/nonwovens-powering-the-next-generation-of-reusable-hygiene\/\" style=\"color:blue; text-decoration:underline\"><span lang=\"EN-US\" style=\"font-size:14.0pt\">Nonwovens Powering the Next Generation of Reusable Hygiene<\/span><\/a><\/span><\/span><\/span><\/p>\r\n\r\n<p style=\"text-align:justify\"><span style=\"font-size:11pt\"><span style=\"line-height:normal\"><span style=\"font-family:Aptos,sans-serif\"><a href=\"https:\/\/www.nonwovens-industry.com\/the-liquid-filtration-market\/?utm_campaign=NON%20Issue%20Alert&amp;utm_medium=email&amp;_hsenc=p2ANqtz-8tONdngyIAn_EatP-hZKNmXomlaDUEf8lGEbvnhhqSJH9veBx4f-vlUDdeeRJw3Q5PUNlHAZoCpXRDwMs9RaScpuFL-Q&amp;_hsmi=408254265&amp;utm_content=408254265&amp;utm_source=hs_email\" style=\"color:blue; text-decoration:underline\"><span style=\"font-size:14.0pt\">The Liquid Filtration Market<\/span><\/a><\/span><\/span><\/span><\/p>\r\n\r\n<p style=\"text-align:justify\"><span style=\"font-size:11pt\"><span style=\"line-height:normal\"><span style=\"font-family:Aptos,sans-serif\"><a href=\"https:\/\/plasticosemrevista.com.br\/petroquimicas-orientais-declaram-forca-maior\/\" style=\"color:blue; text-decoration:underline\"><span style=\"font-size:14.0pt\">Petroqu&iacute;micas orientais declaram for&ccedil;a maior<\/span><\/a><\/span><\/span><\/span><\/p>\r\n\r\n<p style=\"text-align:justify\"><span style=\"font-size:11pt\"><span style=\"line-height:normal\"><span style=\"font-family:Aptos,sans-serif\"><a href=\"https:\/\/plasticosemrevista.com.br\/eua-petroquimica-shintech-planeja-investir-us-3-4-bi\/\" style=\"color:blue; text-decoration:underline\"><span style=\"font-size:14.0pt\">EUA: petroqu&iacute;mica Shintech planeja investir US$ 3.4 bi<\/span><\/a><\/span><\/span><\/span><\/p>\r\n\r\n<p style=\"text-align:justify\"><span style=\"font-size:11pt\"><span style=\"line-height:normal\"><span style=\"font-family:Aptos,sans-serif\"><a href=\"http:\/\/clickemail.portalpersonalcare.com.br\/ls\/click?upn=u001.D2-2F0Tg0A29KXXLMT6ctG-2BYOihdDbc-2ByFrUFb3ZXMT9Qb2o3BYV5P6Te12USJI6WTSHzcNTVS7cpc1SXeZJ4Ew3-2F7ZiYRu7HVJN-2BPN-2FSZGXlP3iBY3tU1yMXirxL8nUXVnBoKd2D8qY0sx2BYYSLSysS9jG2S8fPOjYpM0kN-2BHIa25VnVIyoy-2FAgzNusf1LwYco6E8mcbw7Dkzyk2-2BXHz-2F8umjAhmTF4dDfy2uM069UWD8-2Bt4lYbcJwmMbomOwXHOVp7b_T7N8BvZTOm04CQQMiyWztrpCjlUrRc4F7QzSgUIpTqDyHxxxhGpyWLohz7JoE2GE5NHlS-2BYZoX1R75Fh8KCze9GvCCb-2FinuNgc39g0Cdbe-2FcU8RlSBQhp5om11AQZQ-2FDpg7elOHWB57Wm-2FHMQN01meBIDmIvbIJsNrnp-2FsXicntE4Bb56yFZ9XzztVCda4KfaR-2BulJf7s0hydWzwiszmDWRr8Am7V12xglpajOwG7-2BFO0LBnqo2pSBgB4zcB2-2FX0gNnQw6Z-2BYZgXjWt9lsfuoXn2Itk5QAvdLVzx7BOvpnAhZqYA9JqXmG70bFfusEIh0LfuXEHxfPmKiRYFwGi5ckE-2B4YjS8QO1kZ0GVbrq3EFrY661pBHd99G8Mvq12Y8MZ9UalyhUo2Ut79OnWeK6ZO9mhxOSvdxyzBsa7iESNTFYXhcVR-2FRyelmLqLEfL-2B1DeWnjLTcdF1TmwAVyUVPGuee3RFAm-2BJukvAh3SxU-2BUp3uBrmT3p-2Bnk92r4kXy6denbKaelD3VF63HLCc57aXi2CcM06PG5JfEfuSoiRsf0KbC9VqPiA7P-2FfMUWshHBlAbgiQ62VrAX45tSXTGjDHm1eDzQJQE9tpOPfXfkklWTEduzg42Od1HrXvPBINKnV0d-2Br61us2wSYXYoOSrFj6XwA-3D-3D\" style=\"color:blue; text-decoration:underline\" target=\"_blank\"><span style=\"font-size:14.0pt\">Eurofral investe R$ 30 milh&otilde;es na amplia&ccedil;&atilde;o da planta em Rol&acirc;ndia (PR)<\/span><\/a><\/span><\/span><\/span><\/p>\r\n\r\n<p style=\"text-align:justify\"><span style=\"font-size:11pt\"><span style=\"line-height:normal\"><span style=\"font-family:Aptos,sans-serif\"><a href=\"https:\/\/portugalglobal.pt\/noticias\/2026\/marco\/feiras-internacionais-na-alemanha-techtextil-texprocess\/\" style=\"color:blue; text-decoration:underline\"><span style=\"font-size:14.0pt\">N&atilde;otecidos? feiras internacionais na Alemanha - Techtextil &amp; Texprocess<\/span><\/a><\/span><\/span><\/span><\/p>\r\n\r\n<p style=\"text-align:justify\"><span style=\"font-size:11pt\"><span style=\"line-height:normal\"><span style=\"font-family:Aptos,sans-serif\"><a href=\"https:\/\/anba.com.br\/brasil-importa-mais-calcados-da-tunisia\/\" style=\"color:blue; text-decoration:underline\"><span style=\"font-size:14.0pt\">Brasil importa mais cal&ccedil;ados da Tun&iacute;sia<\/span><\/a><\/span><\/span><\/span><\/p>\r\n\r\n<p style=\"text-align:justify\"><span style=\"font-size:28pt\"><span style=\"font-family:Aptos,sans-serif\"><span style=\"letter-spacing:-0.5pt\"><b><span style=\"font-size:18.0pt\"><span style=\"font-variant:small-caps\">Ind&uacute;stria<\/span><\/span><\/b><\/span><\/span><\/span><\/p>\r\n\r\n<p style=\"text-align:justify\"><span style=\"font-size:11pt\"><span style=\"line-height:normal\"><span style=\"font-family:Aptos,sans-serif\"><a href=\"https:\/\/noticias.portaldaindustria.com.br\/noticias\/infraestrutura\/custo-do-gas-natural-e-da-energia-eletrica-impactara-a-industria-se-a-guerra-no-oriente-medio-continuar\/\" style=\"color:blue; text-decoration:underline\"><span style=\"font-size:14.0pt\">Custo do g&aacute;s natural e da energia el&eacute;trica impactar&aacute; a ind&uacute;stria se a guerra no Oriente M&eacute;dio continuar<\/span><\/a><\/span><\/span><\/span><\/p>\r\n\r\n<p style=\"text-align:justify\"><span style=\"font-size:11pt\"><span style=\"line-height:normal\"><span style=\"font-family:Aptos,sans-serif\"><a href=\"https:\/\/noticias.portaldaindustria.com.br\/noticias\/economia\/cni-56-das-empresas-industriais-pretendem-investir-em-2026-mas-juros-altos-sao-barreira\/\" style=\"color:blue; text-decoration:underline\"><span style=\"font-size:14.0pt\">CNI: 56% das empresas industriais pretendem investir em 2026, mas juros altos s&atilde;o barreira<\/span><\/a><\/span><\/span><\/span><\/p>\r\n\r\n<p style=\"text-align:justify\"><span style=\"font-size:11pt\"><span style=\"line-height:normal\"><span style=\"font-family:Aptos,sans-serif\"><a href=\"https:\/\/noticias.portaldaindustria.com.br\/noticias\/economia\/produtividade-travada-e-confianca-em-queda-o-alerta-para-a-industria-ep194\/\" style=\"color:blue; text-decoration:underline\"><span style=\"font-size:14.0pt\">Produtividade travada e confian&ccedil;a em queda: o alerta para a ind&uacute;stria (Ep.#194)<\/span><\/a><\/span><\/span><\/span><\/p>\r\n\r\n<p style=\"text-align:justify\"><span style=\"font-size:11pt\"><span style=\"line-height:normal\"><span style=\"font-family:Aptos,sans-serif\"><a href=\"https:\/\/clickpetroleoegas.com.br\/mais-uma-fabricante-brasileira-prepara-producao-no-paraguai-protocola-entrada-na-lei-de-maquila-e-planeja-primeira-unidade-fora-do-brasil-para-reduzir-custos-e-manter-competitividade-no-mercosul-afch\/#google_vignette\" style=\"color:blue; text-decoration:underline\"><span style=\"font-size:14.0pt\">Mais uma fabricante brasileira prepara produ&ccedil;&atilde;o no Paraguai<\/span><\/a><\/span><\/span><\/span><\/p>\r\n\r\n<p style=\"text-align:justify\"><span style=\"font-size:11pt\"><span style=\"line-height:normal\"><span style=\"font-family:Aptos,sans-serif\"><a href=\"https:\/\/www.meiofiltrante.com.br\/Noticia\/132374\/producao-de-motocicletas-registra-no-primeiro-bimestre-de-2026-o-melhor-desempenho-dos-ultimos-15-anos\" style=\"color:blue; text-decoration:underline\"><span style=\"font-size:14.0pt\">Produ&ccedil;&atilde;o de motocicletas registra no primeiro bimestre de 2026, o melhor desempenho dos &uacute;ltimos 15 anos<\/span><\/a><\/span><\/span><\/span><\/p>\r\n\r\n<p style=\"text-align:justify\"><span style=\"font-size:11pt\"><span style=\"line-height:normal\"><span style=\"font-family:Aptos,sans-serif\"><a href=\"https:\/\/grandesconstrucoes.com.br\/Noticias\/Exibir\/o-apagao-de-condicoes-para-fazer-engenharia-no-brasil?utm_source=akna&amp;utm_medium=email&amp;utm_campaign=Grandes-Construcoes-Informativo-1003-12-03-2026\" style=\"color:blue; text-decoration:underline\"><span style=\"font-size:14.0pt\">O apag&atilde;o de condi&ccedil;&otilde;es para fazer engenharia no Brasil<\/span><\/a><\/span><\/span><\/span><\/p>\r\n\r\n<p style=\"text-align:justify\"><span style=\"font-size:11pt\"><span style=\"line-height:normal\"><span style=\"font-family:Aptos,sans-serif\"><a href=\"https:\/\/agenciadenoticias.ibge.gov.br\/agencia-noticias\/2012-agencia-de-noticias\/noticias\/46063-custos-da-construcao-avancam-0-23-em-fevereiro-com-destaque-para-regiao-norte\" style=\"color:blue; text-decoration:underline\"><span style=\"font-size:14.0pt\">Custos da constru&ccedil;&atilde;o avan&ccedil;am 0,23% em fevereiro, com destaque para Regi&atilde;o Norte<\/span><\/a><\/span><\/span><\/span><\/p>\r\n\r\n<p class=\"MsoTitleCxSpFirst\" style=\"text-align:justify\"><span style=\"font-size:28pt\"><span style=\"font-family:Aptos,sans-serif\"><span style=\"letter-spacing:-0.5pt\"><b><span style=\"font-size:18.0pt\"><span style=\"font-variant:small-caps\">Sustentabilidade<\/span><\/span><\/b><\/span><\/span><\/span><\/p>\r\n\r\n<p style=\"text-align:justify\"><span style=\"font-size:11pt\"><span style=\"line-height:normal\"><span style=\"font-family:Aptos,sans-serif\"><a href=\"https:\/\/www.meiofiltrante.com.br\/Noticia\/132375\/membranas-filtrantes-sao-insumos-importantes-para-laboratorios\" style=\"color:blue; text-decoration:underline\"><span style=\"font-size:14.0pt\">Membranas filtrantes s&atilde;o insumos importantes para laborat&oacute;rios<\/span><\/a><\/span><\/span><\/span><\/p>\r\n\r\n<p style=\"text-align:justify\"><span style=\"font-size:11pt\"><span style=\"line-height:normal\"><span style=\"font-family:Aptos,sans-serif\"><a href=\"https:\/\/www.meiofiltrante.com.br\/Noticia\/132368\/a-nanofiltracao-transforma-a-forma-de-filtrar\" style=\"color:blue; text-decoration:underline\"><span style=\"font-size:14.0pt\">A Nanofiltra&ccedil;&atilde;o transforma a forma de filtrar<\/span><\/a><\/span><\/span><\/span><\/p>\r\n\r\n<p style=\"text-align:justify\"><span style=\"font-size:11pt\"><span style=\"line-height:normal\"><span style=\"font-family:Aptos,sans-serif\"><a href=\"https:\/\/olhardigital.com.br\/2026\/03\/11\/curiosidades\/transformacao-quimica-converte-plastico-em-algo-que-voce-usa-todo-dia\/\" style=\"color:blue; text-decoration:underline\"><span style=\"font-size:14.0pt\">Transforma&ccedil;&atilde;o qu&iacute;mica converte pl&aacute;stico em algo que voc&ecirc; usa todo dia<\/span><\/a><\/span><\/span><\/span><\/p>\r\n\r\n<p style=\"text-align:justify\"><span style=\"font-size:11pt\"><span style=\"line-height:normal\"><span style=\"font-family:Aptos,sans-serif\"><a href=\"https:\/\/clickpetroleoegas.com.br\/roupa-velha-vira-ouro-como-quase-7-milhoes-de-toneladas-de-residuos-texteis-estao-abastecendo-novas-fabricas-afch\/#goog_rewarded\" style=\"color:blue; text-decoration:underline\"><span style=\"font-size:14.0pt\">Roupa velha vira ouro: como quase 7 milh&otilde;es de toneladas de res&iacute;duos t&ecirc;xteis est&atilde;o abastecendo novas f&aacute;bricas<\/span><\/a><\/span><\/span><\/span><\/p>\r\n\r\n<p style=\"text-align:justify\"><span style=\"font-size:11pt\"><span style=\"line-height:normal\"><span style=\"font-family:Aptos,sans-serif\"><a href=\"https:\/\/www.gov.br\/mma\/pt-br\/noticias\/governo-do-brasil-publica-documentos-do-plano-clima-mitigacao\" style=\"color:blue; text-decoration:underline\"><span style=\"font-size:14.0pt\">Governo do Brasil publica documentos do Plano Clima Mitiga&ccedil;&atilde;o<\/span><\/a><\/span><\/span><\/span><\/p>\r\n\r\n<p style=\"text-align:justify\"><span style=\"font-size:28pt\"><span style=\"font-family:Aptos,sans-serif\"><span style=\"letter-spacing:-0.5pt\"><b><span style=\"font-size:18.0pt\"><span style=\"font-variant:small-caps\">Inova&ccedil;&atilde;o<\/span><\/span><\/b><\/span><\/span><\/span><\/p>\r\n\r\n<p style=\"text-align:justify\"><span style=\"font-size:11pt\"><span style=\"line-height:normal\"><span style=\"font-family:Aptos,sans-serif\"><a href=\"https:\/\/www.meiofiltrante.com.br\/Artigo\/6231\/a-nanofiltracao-transforma-a-forma-de-filtrar\" style=\"color:blue; text-decoration:underline\"><span style=\"font-size:14.0pt\">A Nanofiltra&ccedil;&atilde;o transforma a forma de filtrar<\/span><\/a><\/span><\/span><\/span><\/p>\r\n\r\n<p style=\"text-align:justify\"><span style=\"font-size:11pt\"><span style=\"line-height:normal\"><span style=\"font-family:Aptos,sans-serif\"><a href=\"https:\/\/www.tupi.fm\/entretenimento\/o-material-feito-de-planta-que-desafia-o-concreto-e-enfrenta-barreiras-nas-obras\/\" style=\"color:blue; text-decoration:underline\"><span style=\"font-size:14.0pt\">O material feito de planta que desafia o concreto e enfrenta barreiras nas obras<\/span><\/a><\/span><\/span><\/span><\/p>\r\n\r\n<p style=\"text-align:justify\"><span style=\"font-size:11pt\"><span style=\"line-height:normal\"><span style=\"font-family:Aptos,sans-serif\"><a href=\"https:\/\/clickpetroleoegas.com.br\/japao-vira-referencia-com-processo-genial-que-recicla-100-toneladas-de-plastico-por-dia-usando-tecnica-que-remove-contaminantes-afch\/\" style=\"color:blue; text-decoration:underline\"><span style=\"font-size:14.0pt\">Jap&atilde;o vira refer&ecirc;ncia com processo genial que recicla 100 toneladas de pl&aacute;stico por dia<\/span><\/a><\/span><\/span><\/span><\/p>\r\n\r\n<p style=\"text-align:justify\"><span style=\"font-size:11pt\"><span style=\"line-height:normal\"><span style=\"font-family:Aptos,sans-serif\"><a href=\"https:\/\/revistapesquisa.fapesp.br\/madeiras-frutas-e-legumes-formam-os-novos-plasticos\/\" style=\"color:blue; text-decoration:underline\"><span style=\"font-size:14.0pt\">Madeiras, frutas e legumes formam os novos pl&aacute;sticos<\/span><\/a><\/span><\/span><\/span><\/p>\r\n\r\n<p style=\"text-align:justify\"><span style=\"font-size:28pt\"><span style=\"font-family:Aptos,sans-serif\"><span style=\"letter-spacing:-0.5pt\"><b><span style=\"font-size:18.0pt\"><span style=\"font-variant:small-caps\">Com&eacute;rcio Exterior<\/span><\/span><\/b><\/span><\/span><\/span><\/p>\r\n\r\n<p style=\"text-align:justify\"><span style=\"font-size:11pt\"><span style=\"line-height:normal\"><span style=\"font-family:Aptos,sans-serif\"><a href=\"https:\/\/noticias.portaldaindustria.com.br\/noticias\/internacional\/em-relatorio-cni-identifica-42-novas-barreiras-ao-comercio-internacional\/?utm_source=email&amp;utm_medium=newsletter&amp;utm_campaign=16032026_016\" style=\"color:blue; text-decoration:underline\"><span style=\"font-size:14.0pt\">Em relat&oacute;rio, CNI identifica 42 novas barreiras ao com&eacute;rcio internacional<\/span><\/a><\/span><\/span><\/span><\/p>\r\n\r\n<p style=\"text-align:justify\"><span style=\"font-size:11pt\"><span style=\"line-height:normal\"><span style=\"font-family:Aptos,sans-serif\"><a href=\"https:\/\/www.mercosur.int\/pt-br\/o-mercosul-ativa-a-aplicacao-provisoria-do-acordo-com-a-uniao-europeia\" style=\"color:blue; text-decoration:underline\"><span style=\"font-size:14.0pt\">O MERCOSUL ativa a aplica&ccedil;&atilde;o provis&oacute;ria do acordo com a Uni&atilde;o Europeia<\/span><\/a><\/span><\/span><\/span><\/p>\r\n\r\n<p style=\"text-align:justify\"><span style=\"font-size:11pt\"><span style=\"line-height:normal\"><span style=\"font-family:Aptos,sans-serif\"><a href=\"https:\/\/www12.senado.leg.br\/noticias\/materias\/2026\/03\/12\/sessao-solene-promulgara-na-terca-acordo-mercosul-uniao-europeia?utm_medium=email&amp;utm_source=resumo-agencia&amp;utm_campaign=2026-03-12\" style=\"color:blue; text-decoration:underline\"><span style=\"font-size:14.0pt\">Sess&atilde;o solene promulgar&aacute; na ter&ccedil;a Acordo Mercosul-Uni&atilde;o Europeia<\/span><\/a><\/span><\/span><\/span><\/p>\r\n\r\n<p style=\"text-align:justify\"><span style=\"font-size:11pt\"><span style=\"line-height:normal\"><span style=\"font-family:Aptos,sans-serif\"><a href=\"https:\/\/www.mercosur.int\/pt-br\/entrada-em-vigor-do-acordo-de-livre-comercio-mercosul-singapura\" style=\"color:blue; text-decoration:underline\"><span style=\"font-size:14.0pt\">Entrada em vigor do Acordo de Livre Com&eacute;rcio MERCOSUL-Singapura<\/span><\/a><\/span><\/span><\/span><\/p>\r\n\r\n<p style=\"text-align:justify\"><span style=\"font-size:11pt\"><span style=\"line-height:normal\"><span style=\"font-family:Aptos,sans-serif\"><a href=\"https:\/\/jovempan.com.br\/noticias\/economia\/eua-abrem-nova-investigacao-comercial-contra-o-brasil-governo-quer-concluir-em-meses.html\" style=\"color:blue; text-decoration:underline\"><span style=\"font-size:14.0pt\">EUA abrem investiga&ccedil;&atilde;o comercial contra o Brasil, que pode receber novas tarifas<\/span><\/a><\/span><\/span><\/span><\/p>\r\n\r\n<p style=\"text-align:justify\"><span style=\"font-size:11pt\"><span style=\"line-height:normal\"><span style=\"font-family:Aptos,sans-serif\"><a href=\"https:\/\/www.migalhas.com.br\/amp\/quentes\/451773\/acordo-entre-mercosul-e-ue-aquece-o-setor-de-inspecao-e-certificacao\" style=\"color:blue; text-decoration:underline\"><span style=\"font-size:14.0pt\">Acordo entre Mercosul e UE aquece o setor de inspe&ccedil;&atilde;o e certifica&ccedil;&atilde;o<\/span><\/a><\/span><\/span><\/span><\/p>\r\n\r\n<p style=\"text-align:justify\"><span style=\"font-size:11pt\"><span style=\"line-height:normal\"><span style=\"font-family:Aptos,sans-serif\"><a href=\"https:\/\/www.infomoney.com.br\/economia\/ue-diz-que-possiveis-desvios-de-acordo-comercial-com-eua-sao-inaceitaveis\/\" style=\"color:blue; text-decoration:underline\"><span style=\"font-size:14.0pt\">UE diz que poss&iacute;veis desvios de acordo comercial com EUA s&atilde;o inaceit&aacute;veis<\/span><\/a><\/span><\/span><\/span><\/p>\r\n\r\n<p style=\"text-align:justify\"><span style=\"font-size:11pt\"><span style=\"line-height:normal\"><span style=\"font-family:Aptos,sans-serif\"><a href=\"https:\/\/portalibre.fgv.br\/system\/files\/2026-03\/icomex_fgv_press-release_marco2026_0.pdf\" style=\"color:blue; text-decoration:underline\"><span style=\"font-size:14.0pt\">As incertezas no com&eacute;rcio mundial aumentam com o conflito no Oriente M&eacute;dio e podem repercutir na negocia&ccedil;&atilde;o entre Brasil e Estados Unidos<\/span><\/a><\/span><\/span><\/span><\/p>\r\n\r\n<p style=\"text-align:justify\"><span style=\"font-size:28pt\"><span style=\"font-family:Aptos,sans-serif\"><span style=\"letter-spacing:-0.5pt\"><b><span style=\"font-size:18.0pt\"><span style=\"font-variant:small-caps\">Economia<\/span><\/span><\/b><\/span><\/span><\/span><\/p>\r\n\r\n<p style=\"text-align:justify\"><span style=\"font-size:11pt\"><span style=\"line-height:normal\"><span style=\"font-family:Aptos,sans-serif\"><a href=\"https:\/\/www.bcb.gov.br\/content\/focus\/focus\/R20260313.pdf\" style=\"color:blue; text-decoration:underline\"><span style=\"font-size:14.0pt\">Focus | Relat&oacute;rio de Mercado<\/span><\/a><\/span><\/span><\/span><\/p>\r\n\r\n<p style=\"text-align:justify\"><span style=\"font-size:11pt\"><span style=\"line-height:normal\"><span style=\"font-family:Aptos,sans-serif\"><a href=\"https:\/\/portalibre.fgv.br\/system\/files\/divulgacao\/noticias\/mat-complementar\/2026-03\/Monitor%20do%20PIB-FGV%20-%20Mar%C3%A7o%20de%202026%20-%20Ref.%20de%20janeiro.pdf\" style=\"color:blue; text-decoration:underline\"><span style=\"font-size:14.0pt\">Economia cresce 0,2% em janeiro, na compara&ccedil;&atilde;o com dezembro<\/span><\/a><\/span><\/span><\/span><\/p>\r\n\r\n<p style=\"text-align:justify\"><img src=\"https:\/\/www.abint.org.br\/assets\/img\/editor\/redes-sociais-abint-ctg-cth_20260210191221AOfpfYeBxv.jpg\" \/><\/p>\r\n","6":"<p style=\"text-align:justify\"><span style=\"font-size:11pt\"><span style=\"line-height:normal\"><span style=\"font-family:Aptos,sans-serif\"><span style=\"font-size:14.0pt\">Esta &eacute; uma compila&ccedil;&atilde;o das not&iacute;cias mais relevantes para o setor, incluindo informa&ccedil;&otilde;es sobre acordos internacionais, economia brasileira, sustentabilidade e mat&eacute;rias primas, al&eacute;m de novidades do setor de N&atilde;otecidos e Tecidos T&eacute;cnicos.<\/span><\/span><\/span><\/span><\/p>\r\n\r\n<p style=\"text-align:justify\"><span style=\"font-size:28pt\"><span style=\"font-family:Aptos,sans-serif\"><span style=\"letter-spacing:-0.5pt\"><b><span style=\"font-size:18.0pt\"><span style=\"font-variant:small-caps\">O que vem por a&iacute;<\/span><\/span><\/b><\/span><\/span><\/span><\/p>\r\n\r\n<p style=\"text-align:justify\"><b><img src=\"https:\/\/www.abint.org.br\/assets\/img\/editor\/curso-naotecidos-2026_20260210190824gUkSCpzLPV.jpg\" style=\"width: 500px; height: 500px;\" \/><\/b><\/p>\r\n\r\n<p style=\"text-align:justify\"><span style=\"font-size:11pt\"><span style=\"line-height:normal\"><span style=\"font-family:Aptos,sans-serif\"><a href=\"https:\/\/forms.gle\/VzyfvmnBbH7FtFGV9\" style=\"color:blue; text-decoration:underline\"><b><span style=\"font-size:14.0pt\">Informa&ccedil;&otilde;es e inscri&ccedil;&otilde;es<\/span><\/b><\/a><\/span><\/span><\/span><\/p>\r\n\r\n<p style=\"text-align:justify\"><span style=\"font-size:28pt\"><span style=\"font-family:Aptos,sans-serif\"><span style=\"letter-spacing:-0.5pt\"><b><span style=\"font-size:18.0pt\"><span style=\"font-variant:small-caps\">Not&iacute;cias das Associadas<\/span><\/span><\/b><\/span><\/span><\/span><\/p>\r\n\r\n<p style=\"text-align:justify\"><span style=\"font-size:11pt\"><span style=\"line-height:normal\"><span style=\"font-family:Aptos,sans-serif\"><a href=\"https:\/\/conexaoto.com.br\/2026\/03\/13\/os-desafios-da-industria-de-naotecidos\" style=\"color:blue; text-decoration:underline\"><span style=\"font-size:14.0pt\">Os desafios da ind&uacute;stria de N&atilde;otecidos<\/span><\/a><\/span><\/span><\/span><\/p>\r\n\r\n<p style=\"text-align:justify\"><span style=\"font-size:11pt\"><span style=\"line-height:normal\"><span style=\"font-family:Aptos,sans-serif\"><a href=\"https:\/\/abctecnologias.com.br\/novidades\/como-soldar-plastico-guia-completo?utm_source=ABC+Tecnologias&amp;utm_campaign=e0355aaa72-CAMPANHA_RSS_POSTS_SITE&amp;utm_medium=email&amp;utm_term=0_01821b5e7f-e0355aaa72-468976694\" style=\"color:blue; text-decoration:underline\"><span style=\"font-size:14.0pt\">ABC Tecnologias | Como Soldar Pl&aacute;stico: Guia Completo de T&eacute;cnicas, Equipamentos e Aplica&ccedil;&otilde;es<\/span><\/a><\/span><\/span><\/span><\/p>\r\n\r\n<p style=\"text-align:justify\"><span style=\"font-size:11pt\"><span style=\"line-height:normal\"><span style=\"font-family:Aptos,sans-serif\"><a href=\"https:\/\/www.nonwovens-industry.com\/library\/from-field-to-sustainable-products\/?utm_campaign=NON%20eNewsletter&amp;utm_medium=email&amp;_hsenc=p2ANqtz-81Wq9p7RGfJyRRLLNTgKylqjjuyWfy3GrAgZdD0aXDSSQOI4LhEswAYt0Myb9bSPDbhEygoa5ayk9vsizIgWqedZfhNQ&amp;_hsmi=408459428&amp;utm_content=408459428&amp;utm_source=hs_email\" style=\"color:blue; text-decoration:underline\"><span lang=\"EN-US\" style=\"font-size:14.0pt\">Andritz: From field to sustainable products<\/span><\/a><\/span><\/span><\/span><\/p>\r\n\r\n<p style=\"text-align:justify\">&nbsp;<\/p>\r\n\r\n<p style=\"text-align:justify\"><span style=\"font-size:11pt\"><span style=\"line-height:normal\"><span style=\"font-family:Aptos,sans-serif\"><b><span lang=\"EN-US\" style=\"font-size:18.0pt\"><span style=\"font-variant:small-caps\">Eventos<\/span><\/span><\/b><\/span><\/span><\/span><\/p>\r\n\r\n<p style=\"text-align:justify\"><span style=\"font-size:11pt\"><span style=\"line-height:normal\"><span style=\"font-family:Aptos,sans-serif\"><a href=\"https:\/\/eiu-enquiries.zoom.us\/webinar\/register\/3617715933988\/WN_sbh-iqI5Q4yBvKLuQAcBYw?utm_campaign=MA00009251&amp;utm_medium=email-owned&amp;utm_source=eiu-marketing-cloud&amp;RefID=&amp;utm_term=20260303&amp;utm_id=2166621&amp;sfmc_id=00QWT00000A9Mst2AF&amp;utm_content=cta-button-1&amp;id_mc=277289080#\/registration\" style=\"color:blue; text-decoration:underline\"><b><span lang=\"EN-US\" style=\"font-size:14.0pt\">The EIU | Webinar: Navigating the next phase of financial risk<\/span><\/b><\/a><span lang=\"EN-US\" style=\"font-size:14.0pt\">, Wednesday March 18th 2026, 12:00pm EDT | 4:00pm GMT | 5:00pm CET<\/span><\/span><\/span><\/span><\/p>\r\n\r\n<p style=\"text-align:justify\"><span style=\"font-size:11pt\"><span style=\"line-height:normal\"><span style=\"font-family:Aptos,sans-serif\"><a href=\"https:\/\/app.rdstation.email\/mail\/009df534-ad93-4cc0-b02f-882d9f8e88ec?utm_medium=email&amp;utm_campaign=marco_25&amp;utm_source=RD+Station\" style=\"color:blue; text-decoration:underline\"><b><span style=\"font-size:14.0pt\">Adapta&ccedil;&atilde;o e Resili&ecirc;ncia H&iacute;drica no Contexto das Mudan&ccedil;as Clim&aacute;ticas<\/span><\/b><\/a><span style=\"font-size:14.0pt\">, 25 de mar&ccedil;o de 2026, 09h00 &agrave;s 12h30, evento online<\/span><\/span><\/span><\/span><\/p>\r\n\r\n<p style=\"text-align:justify\"><span style=\"font-size:11pt\"><span style=\"line-height:normal\"><span style=\"font-family:Aptos,sans-serif\"><a href=\"https:\/\/congressodeinovacao.com.br\/\" style=\"color:blue; text-decoration:underline\"><b><span style=\"font-size:14.0pt\">11&ordm; Congresso de Inova&ccedil;&atilde;o da Ind&uacute;stria<\/span><\/b><\/a><span style=\"font-size:14.0pt\">, 25 e 26 de mar&ccedil;o de 2026, WTC S&atilde;o Paulo<\/span><\/span><\/span><\/span><\/p>\r\n\r\n<p style=\"text-align:justify\"><span style=\"font-size:11pt\"><span style=\"line-height:normal\"><span style=\"font-family:Aptos,sans-serif\"><a href=\"https:\/\/cni.portaldaindustria.com.br\/l\/3417367\" style=\"color:blue; text-decoration:underline\"><b><span style=\"font-size:14.0pt\">CNI | Semin&aacute;rio: Acordo Mercosul-Uni&atilde;o Europeia: um novo cap&iacute;tulo para a ind&uacute;stria brasileira<\/span><\/b><\/a><span style=\"font-size:14.0pt\">, 27 de mar&ccedil;o de 2026, 09h30 &agrave;s 16h00, evento presencial, CNI S&atilde;o Paulo, Rua Surubim, 504, 9&ordm; andar, Brooklin Novo, S&atilde;o Paulo, SP<\/span><\/span><\/span><\/span><\/p>\r\n\r\n<p style=\"text-align:justify\"><span style=\"font-size:11pt\"><span style=\"line-height:normal\"><span style=\"font-family:Aptos,sans-serif\"><a href=\"https:\/\/biotexfuture.info\/wp-content\/uploads\/2026\/03\/Agenda_BTF_InnovationDay_Spring_04032026.pdf\" style=\"color:blue; text-decoration:underline\"><b><span lang=\"EN-US\" style=\"font-size:14.0pt\">Innovation Day &ldquo;Harvesting Innovation: Bridging Agriculture and Textiles&rdquo;<\/span><\/b><\/a><span lang=\"EN-US\" style=\"font-size:14.0pt\">, 5 May 2026, 09:30 &ndash; 14:00 CEST (online streaming starts at 10:00), ITA, Otto-Blumenthal-Stra&szlig;e 1, 52074 Aachen or online (link will be provided upon registration)<\/span><\/span><\/span><\/span><\/p>\r\n\r\n<p style=\"text-align:justify\"><span style=\"font-size:11pt\"><span style=\"line-height:normal\"><span style=\"font-family:Aptos,sans-serif\"><a href=\"https:\/\/www.feimec.com.br\/pt\/home.html\" style=\"color:blue; text-decoration:underline\"><b><span style=\"font-size:14.0pt\">FEIMEC - Feira Internacional de M&aacute;quinas e Equipamentos<\/span><\/b><\/a><span style=\"font-size:14.0pt\">, 05 a 09 de maio de 2026, ter&ccedil;a a sexta - 10h &agrave;s 19h | s&aacute;bado - 9h &agrave;s 17h, S&atilde;o Paulo Expo, Rod. dos Imigrantes, KM 1,5<\/span><\/span><\/span><\/span><\/p>\r\n\r\n<p style=\"text-align:justify\"><span style=\"font-size:11pt\"><span style=\"line-height:normal\"><span style=\"font-family:Aptos,sans-serif\"><a href=\"https:\/\/www.hospitalar.com\/?utm_campaign=BRZ26HPR-MN-CREDENCIAMENTO-ABERTO&amp;utm_emailname=BRZ26HPR-MN-CREDENCIAMENTO-ABERTO-1-Resend&amp;utm_medium=email&amp;utm_source=eloqua&amp;utm_MDMContactID=2bb3d23c-a32f-4218-88d5-29f7fb45caee&amp;utm_campaigntype=Visitor%20Promotion&amp;eM=50c7dfe42c38ea8f10539f0a167fc763253059e495554a32db7a57f8f237ec4c&amp;eventSeriesCode=ES_HOSPITALAR&amp;eventEditionCode=BRZ26HPR&amp;sessionCode=S_EXHB&amp;sp_eh=50c7dfe42c38ea8f10539f0a167fc763253059e495554a32db7a57f8f237ec4c\" style=\"color:blue; text-decoration:underline\"><b><span style=\"font-size:14.0pt\">Hospitalar 2026<\/span><\/b><\/a><span style=\"font-size:14.0pt\">, 19 a 22 de maio, das 11h &agrave;s 20h, S&atilde;o Paulo Expo<\/span><\/span><\/span><\/span><\/p>\r\n\r\n<p style=\"text-align:justify\"><span style=\"font-size:11pt\"><span style=\"line-height:normal\"><span style=\"font-family:Aptos,sans-serif\"><a href=\"https:\/\/credenciamentonexumgroup.lovable.app\/evento\/personal-care-summit-latinoamerica-2026\" style=\"color:blue; text-decoration:underline\"><b><span style=\"font-size:14.0pt\">Personal Care Summit Latinoam&eacute;rica | I<\/span><\/b><b><span style=\"font-size:14.0pt\">nd&uacute;stria 5.0: Tecnologia e Pessoas<\/span><\/b><\/a><span style=\"font-size:14.0pt\">, 09 de junho de 2026, Hotel Pullman, Guarulhos, SP<\/span><\/span><\/span><\/span><\/p>\r\n\r\n<p style=\"text-align:justify\"><span style=\"font-size:11pt\"><span style=\"line-height:normal\"><span style=\"font-family:Aptos,sans-serif\"><a href=\"https:\/\/www.hightex.com.tr\/\" style=\"color:blue; text-decoration:underline\"><b><span lang=\"EN-US\" style=\"font-size:14.0pt\">HIGTEX 2026 &ndash; International Technical Textiles and Nonwoven Exhibition<\/span><\/b><\/a><span lang=\"EN-US\" style=\"font-size:14.0pt\">, June 9&ndash;13, T&Uuml;YAP Fair and Congress Center, \u0130stanbul, T&uuml;rkiye<\/span><\/span><\/span><\/span><\/p>\r\n\r\n<p style=\"text-align:justify\"><span style=\"font-size:11pt\"><span style=\"line-height:normal\"><span style=\"font-family:Aptos,sans-serif\"><a href=\"https:\/\/www.worldofwipes.org\/\" style=\"color:blue; text-decoration:underline\"><b><span lang=\"EN-US\" style=\"font-size:14.0pt\">INDA | WOW - World of Wipes International Conference<\/span><\/b><\/a><span lang=\"EN-US\" style=\"font-size:14.0pt\">, June 29&ndash;July 2, 2026, Grand Hyatt Nashville, Nashville, Tennessee USA<\/span><\/span><\/span><\/span><\/p>\r\n\r\n<p style=\"text-align:justify\"><span style=\"font-size:11pt\"><span style=\"line-height:normal\"><span style=\"font-family:Aptos,sans-serif\"><a href=\"https:\/\/filtech.de\/\" style=\"color:blue; text-decoration:underline\"><b><span style=\"font-size:14.0pt\">Filtech 2026<\/span><\/b><\/a><span style=\"font-size:14.0pt\">, 30 de junho a 2 de julho, Cologne, Alemanha<\/span><\/span><\/span><\/span><\/p>\r\n\r\n<p style=\"text-align:justify\"><span style=\"font-size:11pt\"><span style=\"line-height:normal\"><span style=\"font-family:Aptos,sans-serif\"><a href=\"https:\/\/www.formobile.com.br\/pt\/home.html\" style=\"color:blue; text-decoration:underline\"><b><span style=\"font-size:14.0pt\">ForM&oacute;bile 2026<\/span><\/b><\/a><span style=\"font-size:14.0pt\">, 30 de junho a 3 de julho, S&atilde;o Paulo Expo<\/span><\/span><\/span><\/span><\/p>\r\n\r\n<p style=\"text-align:justify\"><span style=\"font-size:11pt\"><span style=\"line-height:normal\"><span style=\"font-family:Aptos,sans-serif\"><a href=\"https:\/\/sienge.com.br\/construsummit\/\" style=\"color:blue; text-decoration:underline\"><b><span style=\"font-size:14.0pt\">Construsummit<\/span><\/b><\/a><span style=\"font-size:14.0pt\">, 1 e 2 de julho de 2026, Florian&oacute;polis, SC<\/span><\/span><\/span><\/span><\/p>\r\n\r\n<p style=\"text-align:justify\"><span style=\"font-size:11pt\"><span style=\"line-height:normal\"><span style=\"font-family:Aptos,sans-serif\"><a href=\"https:\/\/info.fastmarkets.com\/index.php\/email\/emailWebview?email=OTMwLVlTTi0zNDIAAAGgm9GYB4UXisBYfG6V1YgLbIkX8OtKVxG11VCYMcCYfPs1fCCJJmN773X5IwSwnvWO_PwKa82eHJaJrBpZ4hTGCHcBq8U9L5ysEA\" style=\"color:blue; text-decoration:underline\"><b><span style=\"font-size:14.0pt\">Fastmarkets Forest Products Latin America Conference 2026<\/span><\/b><\/a><span style=\"font-size:14.0pt\">, 10 a 12 de agosto de 2026, S&atilde;o Paulo<\/span><\/span><\/span><\/span><\/p>\r\n\r\n<p style=\"text-align:justify\"><span style=\"font-size:11pt\"><span style=\"line-height:normal\"><span style=\"font-family:Aptos,sans-serif\"><a href=\"https:\/\/feiplar.com\/Presencial\/inicio-2024\/\" style=\"color:blue; text-decoration:underline\"><b><span style=\"font-size:14.0pt\">FEIPLAR &amp; FEIPUR &ndash; Feira e Congresso Internacionais de Materiais Avan&ccedil;ados<\/span><\/b><\/a><span style=\"font-size:14.0pt\">, 25 a 27 de agosto de 2026, S&atilde;o Paulo Expo | Pavilh&atilde;o 5, S&atilde;o Paulo, SP, Brasil<\/span><\/span><\/span><\/span><\/p>\r\n\r\n<p style=\"text-align:justify\"><span style=\"font-size:11pt\"><span style=\"line-height:normal\"><span style=\"font-family:Aptos,sans-serif\"><a href=\"https:\/\/ficons.com.br\/\" style=\"color:blue; text-decoration:underline\"><b><span style=\"font-size:14.0pt\">FICONS - Feira Internacional de Materiais, Equipamentos e Servi&ccedil;os da Constru&ccedil;&atilde;o<\/span><\/b><\/a><span style=\"font-size:14.0pt\">, 15 a 18 de setembro de 2026, Centro de Conven&ccedil;&otilde;es de Pernambuco Recife\/ Olinda<\/span><\/span><\/span><\/span><\/p>\r\n\r\n<p style=\"text-align:justify\"><span style=\"font-size:11pt\"><span style=\"line-height:normal\"><span style=\"font-family:Aptos,sans-serif\"><a href=\"https:\/\/www.edana.org\/events\/outlook\/outlook-2025\" style=\"color:blue; text-decoration:underline\"><b><span style=\"font-size:14.0pt\">OUTLOOK&trade; 2026<\/span><\/b><\/a><span style=\"font-size:14.0pt\">, 22&ndash;24 September, Hotel Miragem, Cascais, Portugal<\/span><\/span><\/span><\/span><\/p>\r\n\r\n<p style=\"text-align:justify\"><span style=\"font-size:11pt\"><span style=\"line-height:normal\"><span style=\"font-family:Aptos,sans-serif\"><a href=\"https:\/\/hospitalmed.com.br\/feira\/\" style=\"color:blue; text-decoration:underline\"><b><span style=\"font-size:14.0pt\">HospitalMed<\/span><\/b><\/a><span style=\"font-size:14.0pt\">, 21 a 23 de outubro de 2026, das 14h &agrave;s 20h, Pernambuco Centro de Conven&ccedil;&otilde;es, Olinda<\/span><\/span><\/span><\/span><\/p>\r\n\r\n<p style=\"text-align:justify\"><span style=\"font-size:11pt\"><span style=\"line-height:normal\"><span style=\"font-family:Aptos,sans-serif\"><a href=\"https:\/\/www.edana.org\/events\/edana-sustainability-forum\" style=\"color:blue; text-decoration:underline\"><b><span lang=\"EN-US\" style=\"font-size:14.0pt\">Sustainability &amp; Policy Forum<\/span><\/b><\/a><span lang=\"EN-US\" style=\"font-size:14.0pt\">, 8&ndash;9 December 2026, Residence Palace in Brussels, Belgium<\/span><\/span><\/span><\/span><\/p>\r\n\r\n<p style=\"text-align:justify\"><span style=\"font-size:11pt\"><span style=\"line-height:normal\"><span style=\"font-family:Aptos,sans-serif\"><a href=\"https:\/\/infrane.com.br\/\" style=\"color:blue; text-decoration:underline\"><b><span style=\"font-size:14.0pt\">Infra NE<\/span><\/b><\/a><span style=\"font-size:14.0pt\">, 03 a 05 de mar&ccedil;o de 2027, Centro de Conven&ccedil;&otilde;es Salvador<\/span><\/span><\/span><\/span><\/p>\r\n\r\n<p style=\"text-align:justify\"><span style=\"font-size:28pt\"><span style=\"font-family:Aptos,sans-serif\"><span style=\"letter-spacing:-0.5pt\"><b><span style=\"font-size:18.0pt\"><span style=\"font-variant:small-caps\">Setor<\/span><\/span><\/b><\/span><\/span><\/span><\/p>\r\n\r\n<p style=\"text-align:justify\"><span style=\"font-size:11pt\"><span style=\"line-height:normal\"><span style=\"font-family:Aptos,sans-serif\"><a href=\"https:\/\/conlink.conceitualpress.com.br\/ev\/PWc3w\/BfA\/38ce\/LCFJkUKAOaB\/BMxa\/\" style=\"color:blue; text-decoration:underline\"><span style=\"font-size:14.0pt\">A Guerra do Ir&atilde;, o Estreito de Ormuz e a sua embalagem<\/span><\/a><\/span><\/span><\/span><\/p>\r\n\r\n<p style=\"text-align:justify\"><span style=\"font-size:11pt\"><span style=\"line-height:normal\"><span style=\"font-family:Aptos,sans-serif\"><a href=\"https:\/\/www.nonwovens-industry.com\/adult-incontinence-growth-continues-2\/?utm_campaign=NON%20Issue%20Alert&amp;utm_medium=email&amp;_hsenc=p2ANqtz--3OQ3FNNCnNg6F5SqtzxllnLKrnsP3uTVqvu2DpS-96fNgcQsJeBO78ROl0kE0j4zgUJHyMi9mjQwoC8ffqpfs8BNCOg&amp;_hsmi=408254265&amp;utm_content=408254265&amp;utm_source=hs_email\" style=\"color:blue; text-decoration:underline\"><span style=\"font-size:14.0pt\">Adult Incontinence: Growth Continues<\/span><\/a><\/span><\/span><\/span><\/p>\r\n\r\n<p style=\"text-align:justify\"><span style=\"font-size:11pt\"><span style=\"line-height:normal\"><span style=\"font-family:Aptos,sans-serif\"><a href=\"http:\/\/clickemail.portalpersonalcare.com.br\/ls\/click?upn=u001.D2-2F0Tg0A29KXXLMT6ctG-2BYOihdDbc-2ByFrUFb3ZXMT9Q5pmE39RZih5A3SsJEKCcwRsjvkG2o-2BobbXdxaA1sOfSxOslDPSIYf2y-2FwkiuhoiBGhiJlVynrB1mv1VFPP2M8z2D5ctRHvaYjmPFQJfilvPWtEzUyqS5MIN9DGEQiBczxktpRFhow-2FIU15-2BbYv4AgQMmuWD-2BFVq4ZdTZ3kqo0hdUhO43O-2FZ1q3-2FICY729Ato6hZUh3ptjjg9yycXSZJz3OJZHZSuKNqTT8Tioax5S3ax8-2FoPfUxxLyemQMPaG95gnYG4e17GEzT6EXS8XQRgTM2UQKWyLR7kJRDRqirAXCCGgdRU-2Ff9axOyJFQ21lgl-2FbYI1nSuQl9SpWn4FDovaD98bv_T7N8BvZTOm04CQQMiyWztrpCjlUrRc4F7QzSgUIpTqDyHxxxhGpyWLohz7JoE2GE5NHlS-2BYZoX1R75Fh8KCze9GvCCb-2FinuNgc39g0Cdbe-2FcU8RlSBQhp5om11AQZQ-2FDRZ3euZxFLPZkmB9wiwbjCog9bmE3PXf1tT8VNJ4IVhR-2BhfiD0b59nAFlU-2B7GaJdFYL7RFHZGw4JfMvwEr-2BMNhk9DDa5OWKFnRAmMHVG7FncbHhvwlHdDBw3Njyj01WZJXhR-2BMZjVY7z956aycPwcn6ahcaa-2FyjwgjKqLDBS-2BNmrTSTz-2FhWoGtHaDJv0WOdchnvDHN6jG0Mc110FJWGjkwVx8W7itB-2Bb3s1DNPYfL7bLqmKBMUYguIyGmRzpcD5OoUc-2FJkn4v7MGSJcodABTJdLC-2FROQA1nxgrC-2FtzPQlM9-2FgtN8nvGE8B2x9ELR0A9gY4HG6qFYPJLuT5dwMCLRIsUZSje9UfoqbSbr1I7unvR-2BkVynI43-2BE2aqEoeYDzlKtVT3B9ZBiU-2BD9ACSq0hMqaB19qJ6JTDV6ZNgvRIP4L1fsmGKrQceE-2Bnf-2Fa-2F1MCY-2FmykDSkDOYTX5vYVtgvUd4-2FmIUsGfiW4WTcS3chkImiwOpP8dB0bixAI4kDy4UoZnfOhCmURwmxhxv6veWiwhMDX3j-2FzR-2BrVcxGRPls7VcBPpEUqmDCB-2BKreE2dUyerzBiFNFRCYpEsCd9fPRrngzh-2BffXJiP0wYHvbdGqaPEMR0I-3D\" style=\"color:blue; text-decoration:underline\" target=\"_blank\"><span style=\"font-size:14.0pt\">O Brasil que envelhece: como o setor de cuidados pessoais acompanha uma nova realidade<\/span><\/a><\/span><\/span><\/span><\/p>\r\n\r\n<p style=\"text-align:justify\"><span style=\"font-size:11pt\"><span style=\"line-height:normal\"><span style=\"font-family:Aptos,sans-serif\"><a href=\"https:\/\/www.nonwovens-industry.com\/nonwovens-powering-the-next-generation-of-reusable-hygiene\/\" style=\"color:blue; text-decoration:underline\"><span lang=\"EN-US\" style=\"font-size:14.0pt\">Nonwovens Powering the Next Generation of Reusable Hygiene<\/span><\/a><\/span><\/span><\/span><\/p>\r\n\r\n<p style=\"text-align:justify\"><span style=\"font-size:11pt\"><span style=\"line-height:normal\"><span style=\"font-family:Aptos,sans-serif\"><a href=\"https:\/\/www.nonwovens-industry.com\/the-liquid-filtration-market\/?utm_campaign=NON%20Issue%20Alert&amp;utm_medium=email&amp;_hsenc=p2ANqtz-8tONdngyIAn_EatP-hZKNmXomlaDUEf8lGEbvnhhqSJH9veBx4f-vlUDdeeRJw3Q5PUNlHAZoCpXRDwMs9RaScpuFL-Q&amp;_hsmi=408254265&amp;utm_content=408254265&amp;utm_source=hs_email\" style=\"color:blue; text-decoration:underline\"><span style=\"font-size:14.0pt\">The Liquid Filtration Market<\/span><\/a><\/span><\/span><\/span><\/p>\r\n\r\n<p style=\"text-align:justify\"><span style=\"font-size:11pt\"><span style=\"line-height:normal\"><span style=\"font-family:Aptos,sans-serif\"><a href=\"https:\/\/plasticosemrevista.com.br\/petroquimicas-orientais-declaram-forca-maior\/\" style=\"color:blue; text-decoration:underline\"><span style=\"font-size:14.0pt\">Petroqu&iacute;micas orientais declaram for&ccedil;a maior<\/span><\/a><\/span><\/span><\/span><\/p>\r\n\r\n<p style=\"text-align:justify\"><span style=\"font-size:11pt\"><span style=\"line-height:normal\"><span style=\"font-family:Aptos,sans-serif\"><a href=\"https:\/\/plasticosemrevista.com.br\/eua-petroquimica-shintech-planeja-investir-us-3-4-bi\/\" style=\"color:blue; text-decoration:underline\"><span style=\"font-size:14.0pt\">EUA: petroqu&iacute;mica Shintech planeja investir US$ 3.4 bi<\/span><\/a><\/span><\/span><\/span><\/p>\r\n\r\n<p style=\"text-align:justify\"><span style=\"font-size:11pt\"><span style=\"line-height:normal\"><span style=\"font-family:Aptos,sans-serif\"><a href=\"http:\/\/clickemail.portalpersonalcare.com.br\/ls\/click?upn=u001.D2-2F0Tg0A29KXXLMT6ctG-2BYOihdDbc-2ByFrUFb3ZXMT9Qb2o3BYV5P6Te12USJI6WTSHzcNTVS7cpc1SXeZJ4Ew3-2F7ZiYRu7HVJN-2BPN-2FSZGXlP3iBY3tU1yMXirxL8nUXVnBoKd2D8qY0sx2BYYSLSysS9jG2S8fPOjYpM0kN-2BHIa25VnVIyoy-2FAgzNusf1LwYco6E8mcbw7Dkzyk2-2BXHz-2F8umjAhmTF4dDfy2uM069UWD8-2Bt4lYbcJwmMbomOwXHOVp7b_T7N8BvZTOm04CQQMiyWztrpCjlUrRc4F7QzSgUIpTqDyHxxxhGpyWLohz7JoE2GE5NHlS-2BYZoX1R75Fh8KCze9GvCCb-2FinuNgc39g0Cdbe-2FcU8RlSBQhp5om11AQZQ-2FDpg7elOHWB57Wm-2FHMQN01meBIDmIvbIJsNrnp-2FsXicntE4Bb56yFZ9XzztVCda4KfaR-2BulJf7s0hydWzwiszmDWRr8Am7V12xglpajOwG7-2BFO0LBnqo2pSBgB4zcB2-2FX0gNnQw6Z-2BYZgXjWt9lsfuoXn2Itk5QAvdLVzx7BOvpnAhZqYA9JqXmG70bFfusEIh0LfuXEHxfPmKiRYFwGi5ckE-2B4YjS8QO1kZ0GVbrq3EFrY661pBHd99G8Mvq12Y8MZ9UalyhUo2Ut79OnWeK6ZO9mhxOSvdxyzBsa7iESNTFYXhcVR-2FRyelmLqLEfL-2B1DeWnjLTcdF1TmwAVyUVPGuee3RFAm-2BJukvAh3SxU-2BUp3uBrmT3p-2Bnk92r4kXy6denbKaelD3VF63HLCc57aXi2CcM06PG5JfEfuSoiRsf0KbC9VqPiA7P-2FfMUWshHBlAbgiQ62VrAX45tSXTGjDHm1eDzQJQE9tpOPfXfkklWTEduzg42Od1HrXvPBINKnV0d-2Br61us2wSYXYoOSrFj6XwA-3D-3D\" style=\"color:blue; text-decoration:underline\" target=\"_blank\"><span style=\"font-size:14.0pt\">Eurofral investe R$ 30 milh&otilde;es na amplia&ccedil;&atilde;o da planta em Rol&acirc;ndia (PR)<\/span><\/a><\/span><\/span><\/span><\/p>\r\n\r\n<p style=\"text-align:justify\"><span style=\"font-size:11pt\"><span style=\"line-height:normal\"><span style=\"font-family:Aptos,sans-serif\"><a href=\"https:\/\/portugalglobal.pt\/noticias\/2026\/marco\/feiras-internacionais-na-alemanha-techtextil-texprocess\/\" style=\"color:blue; text-decoration:underline\"><span style=\"font-size:14.0pt\">N&atilde;otecidos? feiras internacionais na Alemanha - Techtextil &amp; Texprocess<\/span><\/a><\/span><\/span><\/span><\/p>\r\n\r\n<p style=\"text-align:justify\"><span style=\"font-size:11pt\"><span style=\"line-height:normal\"><span style=\"font-family:Aptos,sans-serif\"><a href=\"https:\/\/anba.com.br\/brasil-importa-mais-calcados-da-tunisia\/\" style=\"color:blue; text-decoration:underline\"><span style=\"font-size:14.0pt\">Brasil importa mais cal&ccedil;ados da Tun&iacute;sia<\/span><\/a><\/span><\/span><\/span><\/p>\r\n\r\n<p style=\"text-align:justify\"><span style=\"font-size:28pt\"><span style=\"font-family:Aptos,sans-serif\"><span style=\"letter-spacing:-0.5pt\"><b><span style=\"font-size:18.0pt\"><span style=\"font-variant:small-caps\">Ind&uacute;stria<\/span><\/span><\/b><\/span><\/span><\/span><\/p>\r\n\r\n<p style=\"text-align:justify\"><span style=\"font-size:11pt\"><span style=\"line-height:normal\"><span style=\"font-family:Aptos,sans-serif\"><a href=\"https:\/\/noticias.portaldaindustria.com.br\/noticias\/infraestrutura\/custo-do-gas-natural-e-da-energia-eletrica-impactara-a-industria-se-a-guerra-no-oriente-medio-continuar\/\" style=\"color:blue; text-decoration:underline\"><span style=\"font-size:14.0pt\">Custo do g&aacute;s natural e da energia el&eacute;trica impactar&aacute; a ind&uacute;stria se a guerra no Oriente M&eacute;dio continuar<\/span><\/a><\/span><\/span><\/span><\/p>\r\n\r\n<p style=\"text-align:justify\"><span style=\"font-size:11pt\"><span style=\"line-height:normal\"><span style=\"font-family:Aptos,sans-serif\"><a href=\"https:\/\/noticias.portaldaindustria.com.br\/noticias\/economia\/cni-56-das-empresas-industriais-pretendem-investir-em-2026-mas-juros-altos-sao-barreira\/\" style=\"color:blue; text-decoration:underline\"><span style=\"font-size:14.0pt\">CNI: 56% das empresas industriais pretendem investir em 2026, mas juros altos s&atilde;o barreira<\/span><\/a><\/span><\/span><\/span><\/p>\r\n\r\n<p style=\"text-align:justify\"><span style=\"font-size:11pt\"><span style=\"line-height:normal\"><span style=\"font-family:Aptos,sans-serif\"><a href=\"https:\/\/noticias.portaldaindustria.com.br\/noticias\/economia\/produtividade-travada-e-confianca-em-queda-o-alerta-para-a-industria-ep194\/\" style=\"color:blue; text-decoration:underline\"><span style=\"font-size:14.0pt\">Produtividade travada e confian&ccedil;a em queda: o alerta para a ind&uacute;stria (Ep.#194)<\/span><\/a><\/span><\/span><\/span><\/p>\r\n\r\n<p style=\"text-align:justify\"><span style=\"font-size:11pt\"><span style=\"line-height:normal\"><span style=\"font-family:Aptos,sans-serif\"><a href=\"https:\/\/clickpetroleoegas.com.br\/mais-uma-fabricante-brasileira-prepara-producao-no-paraguai-protocola-entrada-na-lei-de-maquila-e-planeja-primeira-unidade-fora-do-brasil-para-reduzir-custos-e-manter-competitividade-no-mercosul-afch\/#google_vignette\" style=\"color:blue; text-decoration:underline\"><span style=\"font-size:14.0pt\">Mais uma fabricante brasileira prepara produ&ccedil;&atilde;o no Paraguai<\/span><\/a><\/span><\/span><\/span><\/p>\r\n\r\n<p style=\"text-align:justify\"><span style=\"font-size:11pt\"><span style=\"line-height:normal\"><span style=\"font-family:Aptos,sans-serif\"><a href=\"https:\/\/www.meiofiltrante.com.br\/Noticia\/132374\/producao-de-motocicletas-registra-no-primeiro-bimestre-de-2026-o-melhor-desempenho-dos-ultimos-15-anos\" style=\"color:blue; text-decoration:underline\"><span style=\"font-size:14.0pt\">Produ&ccedil;&atilde;o de motocicletas registra no primeiro bimestre de 2026, o melhor desempenho dos &uacute;ltimos 15 anos<\/span><\/a><\/span><\/span><\/span><\/p>\r\n\r\n<p style=\"text-align:justify\"><span style=\"font-size:11pt\"><span style=\"line-height:normal\"><span style=\"font-family:Aptos,sans-serif\"><a href=\"https:\/\/grandesconstrucoes.com.br\/Noticias\/Exibir\/o-apagao-de-condicoes-para-fazer-engenharia-no-brasil?utm_source=akna&amp;utm_medium=email&amp;utm_campaign=Grandes-Construcoes-Informativo-1003-12-03-2026\" style=\"color:blue; text-decoration:underline\"><span style=\"font-size:14.0pt\">O apag&atilde;o de condi&ccedil;&otilde;es para fazer engenharia no Brasil<\/span><\/a><\/span><\/span><\/span><\/p>\r\n\r\n<p style=\"text-align:justify\"><span style=\"font-size:11pt\"><span style=\"line-height:normal\"><span style=\"font-family:Aptos,sans-serif\"><a href=\"https:\/\/agenciadenoticias.ibge.gov.br\/agencia-noticias\/2012-agencia-de-noticias\/noticias\/46063-custos-da-construcao-avancam-0-23-em-fevereiro-com-destaque-para-regiao-norte\" style=\"color:blue; text-decoration:underline\"><span style=\"font-size:14.0pt\">Custos da constru&ccedil;&atilde;o avan&ccedil;am 0,23% em fevereiro, com destaque para Regi&atilde;o Norte<\/span><\/a><\/span><\/span><\/span><\/p>\r\n\r\n<p class=\"MsoTitleCxSpFirst\" style=\"text-align:justify\"><span style=\"font-size:28pt\"><span style=\"font-family:Aptos,sans-serif\"><span style=\"letter-spacing:-0.5pt\"><b><span style=\"font-size:18.0pt\"><span style=\"font-variant:small-caps\">Sustentabilidade<\/span><\/span><\/b><\/span><\/span><\/span><\/p>\r\n\r\n<p style=\"text-align:justify\"><span style=\"font-size:11pt\"><span style=\"line-height:normal\"><span style=\"font-family:Aptos,sans-serif\"><a href=\"https:\/\/www.meiofiltrante.com.br\/Noticia\/132375\/membranas-filtrantes-sao-insumos-importantes-para-laboratorios\" style=\"color:blue; text-decoration:underline\"><span style=\"font-size:14.0pt\">Membranas filtrantes s&atilde;o insumos importantes para laborat&oacute;rios<\/span><\/a><\/span><\/span><\/span><\/p>\r\n\r\n<p style=\"text-align:justify\"><span style=\"font-size:11pt\"><span style=\"line-height:normal\"><span style=\"font-family:Aptos,sans-serif\"><a href=\"https:\/\/www.meiofiltrante.com.br\/Noticia\/132368\/a-nanofiltracao-transforma-a-forma-de-filtrar\" style=\"color:blue; text-decoration:underline\"><span style=\"font-size:14.0pt\">A Nanofiltra&ccedil;&atilde;o transforma a forma de filtrar<\/span><\/a><\/span><\/span><\/span><\/p>\r\n\r\n<p style=\"text-align:justify\"><span style=\"font-size:11pt\"><span style=\"line-height:normal\"><span style=\"font-family:Aptos,sans-serif\"><a href=\"https:\/\/olhardigital.com.br\/2026\/03\/11\/curiosidades\/transformacao-quimica-converte-plastico-em-algo-que-voce-usa-todo-dia\/\" style=\"color:blue; text-decoration:underline\"><span style=\"font-size:14.0pt\">Transforma&ccedil;&atilde;o qu&iacute;mica converte pl&aacute;stico em algo que voc&ecirc; usa todo dia<\/span><\/a><\/span><\/span><\/span><\/p>\r\n\r\n<p style=\"text-align:justify\"><span style=\"font-size:11pt\"><span style=\"line-height:normal\"><span style=\"font-family:Aptos,sans-serif\"><a href=\"https:\/\/clickpetroleoegas.com.br\/roupa-velha-vira-ouro-como-quase-7-milhoes-de-toneladas-de-residuos-texteis-estao-abastecendo-novas-fabricas-afch\/#goog_rewarded\" style=\"color:blue; text-decoration:underline\"><span style=\"font-size:14.0pt\">Roupa velha vira ouro: como quase 7 milh&otilde;es de toneladas de res&iacute;duos t&ecirc;xteis est&atilde;o abastecendo novas f&aacute;bricas<\/span><\/a><\/span><\/span><\/span><\/p>\r\n\r\n<p style=\"text-align:justify\"><span style=\"font-size:11pt\"><span style=\"line-height:normal\"><span style=\"font-family:Aptos,sans-serif\"><a href=\"https:\/\/www.gov.br\/mma\/pt-br\/noticias\/governo-do-brasil-publica-documentos-do-plano-clima-mitigacao\" style=\"color:blue; text-decoration:underline\"><span style=\"font-size:14.0pt\">Governo do Brasil publica documentos do Plano Clima Mitiga&ccedil;&atilde;o<\/span><\/a><\/span><\/span><\/span><\/p>\r\n\r\n<p style=\"text-align:justify\"><span style=\"font-size:28pt\"><span style=\"font-family:Aptos,sans-serif\"><span style=\"letter-spacing:-0.5pt\"><b><span style=\"font-size:18.0pt\"><span style=\"font-variant:small-caps\">Inova&ccedil;&atilde;o<\/span><\/span><\/b><\/span><\/span><\/span><\/p>\r\n\r\n<p style=\"text-align:justify\"><span style=\"font-size:11pt\"><span style=\"line-height:normal\"><span style=\"font-family:Aptos,sans-serif\"><a href=\"https:\/\/www.meiofiltrante.com.br\/Artigo\/6231\/a-nanofiltracao-transforma-a-forma-de-filtrar\" style=\"color:blue; text-decoration:underline\"><span style=\"font-size:14.0pt\">A Nanofiltra&ccedil;&atilde;o transforma a forma de filtrar<\/span><\/a><\/span><\/span><\/span><\/p>\r\n\r\n<p style=\"text-align:justify\"><span style=\"font-size:11pt\"><span style=\"line-height:normal\"><span style=\"font-family:Aptos,sans-serif\"><a href=\"https:\/\/www.tupi.fm\/entretenimento\/o-material-feito-de-planta-que-desafia-o-concreto-e-enfrenta-barreiras-nas-obras\/\" style=\"color:blue; text-decoration:underline\"><span style=\"font-size:14.0pt\">O material feito de planta que desafia o concreto e enfrenta barreiras nas obras<\/span><\/a><\/span><\/span><\/span><\/p>\r\n\r\n<p style=\"text-align:justify\"><span style=\"font-size:11pt\"><span style=\"line-height:normal\"><span style=\"font-family:Aptos,sans-serif\"><a href=\"https:\/\/clickpetroleoegas.com.br\/japao-vira-referencia-com-processo-genial-que-recicla-100-toneladas-de-plastico-por-dia-usando-tecnica-que-remove-contaminantes-afch\/\" style=\"color:blue; text-decoration:underline\"><span style=\"font-size:14.0pt\">Jap&atilde;o vira refer&ecirc;ncia com processo genial que recicla 100 toneladas de pl&aacute;stico por dia<\/span><\/a><\/span><\/span><\/span><\/p>\r\n\r\n<p style=\"text-align:justify\"><span style=\"font-size:11pt\"><span style=\"line-height:normal\"><span style=\"font-family:Aptos,sans-serif\"><a href=\"https:\/\/revistapesquisa.fapesp.br\/madeiras-frutas-e-legumes-formam-os-novos-plasticos\/\" style=\"color:blue; text-decoration:underline\"><span style=\"font-size:14.0pt\">Madeiras, frutas e legumes formam os novos pl&aacute;sticos<\/span><\/a><\/span><\/span><\/span><\/p>\r\n\r\n<p style=\"text-align:justify\"><span style=\"font-size:28pt\"><span style=\"font-family:Aptos,sans-serif\"><span style=\"letter-spacing:-0.5pt\"><b><span style=\"font-size:18.0pt\"><span style=\"font-variant:small-caps\">Com&eacute;rcio Exterior<\/span><\/span><\/b><\/span><\/span><\/span><\/p>\r\n\r\n<p style=\"text-align:justify\"><span style=\"font-size:11pt\"><span style=\"line-height:normal\"><span style=\"font-family:Aptos,sans-serif\"><a href=\"https:\/\/noticias.portaldaindustria.com.br\/noticias\/internacional\/em-relatorio-cni-identifica-42-novas-barreiras-ao-comercio-internacional\/?utm_source=email&amp;utm_medium=newsletter&amp;utm_campaign=16032026_016\" style=\"color:blue; text-decoration:underline\"><span style=\"font-size:14.0pt\">Em relat&oacute;rio, CNI identifica 42 novas barreiras ao com&eacute;rcio internacional<\/span><\/a><\/span><\/span><\/span><\/p>\r\n\r\n<p style=\"text-align:justify\"><span style=\"font-size:11pt\"><span style=\"line-height:normal\"><span style=\"font-family:Aptos,sans-serif\"><a href=\"https:\/\/www.mercosur.int\/pt-br\/o-mercosul-ativa-a-aplicacao-provisoria-do-acordo-com-a-uniao-europeia\" style=\"color:blue; text-decoration:underline\"><span style=\"font-size:14.0pt\">O MERCOSUL ativa a aplica&ccedil;&atilde;o provis&oacute;ria do acordo com a Uni&atilde;o Europeia<\/span><\/a><\/span><\/span><\/span><\/p>\r\n\r\n<p style=\"text-align:justify\"><span style=\"font-size:11pt\"><span style=\"line-height:normal\"><span style=\"font-family:Aptos,sans-serif\"><a href=\"https:\/\/www12.senado.leg.br\/noticias\/materias\/2026\/03\/12\/sessao-solene-promulgara-na-terca-acordo-mercosul-uniao-europeia?utm_medium=email&amp;utm_source=resumo-agencia&amp;utm_campaign=2026-03-12\" style=\"color:blue; text-decoration:underline\"><span style=\"font-size:14.0pt\">Sess&atilde;o solene promulgar&aacute; na ter&ccedil;a Acordo Mercosul-Uni&atilde;o Europeia<\/span><\/a><\/span><\/span><\/span><\/p>\r\n\r\n<p style=\"text-align:justify\"><span style=\"font-size:11pt\"><span style=\"line-height:normal\"><span style=\"font-family:Aptos,sans-serif\"><a href=\"https:\/\/www.mercosur.int\/pt-br\/entrada-em-vigor-do-acordo-de-livre-comercio-mercosul-singapura\" style=\"color:blue; text-decoration:underline\"><span style=\"font-size:14.0pt\">Entrada em vigor do Acordo de Livre Com&eacute;rcio MERCOSUL-Singapura<\/span><\/a><\/span><\/span><\/span><\/p>\r\n\r\n<p style=\"text-align:justify\"><span style=\"font-size:11pt\"><span style=\"line-height:normal\"><span style=\"font-family:Aptos,sans-serif\"><a href=\"https:\/\/jovempan.com.br\/noticias\/economia\/eua-abrem-nova-investigacao-comercial-contra-o-brasil-governo-quer-concluir-em-meses.html\" style=\"color:blue; text-decoration:underline\"><span style=\"font-size:14.0pt\">EUA abrem investiga&ccedil;&atilde;o comercial contra o Brasil, que pode receber novas tarifas<\/span><\/a><\/span><\/span><\/span><\/p>\r\n\r\n<p style=\"text-align:justify\"><span style=\"font-size:11pt\"><span style=\"line-height:normal\"><span style=\"font-family:Aptos,sans-serif\"><a href=\"https:\/\/www.migalhas.com.br\/amp\/quentes\/451773\/acordo-entre-mercosul-e-ue-aquece-o-setor-de-inspecao-e-certificacao\" style=\"color:blue; text-decoration:underline\"><span style=\"font-size:14.0pt\">Acordo entre Mercosul e UE aquece o setor de inspe&ccedil;&atilde;o e certifica&ccedil;&atilde;o<\/span><\/a><\/span><\/span><\/span><\/p>\r\n\r\n<p style=\"text-align:justify\"><span style=\"font-size:11pt\"><span style=\"line-height:normal\"><span style=\"font-family:Aptos,sans-serif\"><a href=\"https:\/\/www.infomoney.com.br\/economia\/ue-diz-que-possiveis-desvios-de-acordo-comercial-com-eua-sao-inaceitaveis\/\" style=\"color:blue; text-decoration:underline\"><span style=\"font-size:14.0pt\">UE diz que poss&iacute;veis desvios de acordo comercial com EUA s&atilde;o inaceit&aacute;veis<\/span><\/a><\/span><\/span><\/span><\/p>\r\n\r\n<p style=\"text-align:justify\"><span style=\"font-size:11pt\"><span style=\"line-height:normal\"><span style=\"font-family:Aptos,sans-serif\"><a href=\"https:\/\/portalibre.fgv.br\/system\/files\/2026-03\/icomex_fgv_press-release_marco2026_0.pdf\" style=\"color:blue; text-decoration:underline\"><span style=\"font-size:14.0pt\">As incertezas no com&eacute;rcio mundial aumentam com o conflito no Oriente M&eacute;dio e podem repercutir na negocia&ccedil;&atilde;o entre Brasil e Estados Unidos<\/span><\/a><\/span><\/span><\/span><\/p>\r\n\r\n<p style=\"text-align:justify\"><span style=\"font-size:28pt\"><span style=\"font-family:Aptos,sans-serif\"><span style=\"letter-spacing:-0.5pt\"><b><span style=\"font-size:18.0pt\"><span style=\"font-variant:small-caps\">Economia<\/span><\/span><\/b><\/span><\/span><\/span><\/p>\r\n\r\n<p style=\"text-align:justify\"><span style=\"font-size:11pt\"><span style=\"line-height:normal\"><span style=\"font-family:Aptos,sans-serif\"><a href=\"https:\/\/www.bcb.gov.br\/content\/focus\/focus\/R20260313.pdf\" style=\"color:blue; text-decoration:underline\"><span style=\"font-size:14.0pt\">Focus | Relat&oacute;rio de Mercado<\/span><\/a><\/span><\/span><\/span><\/p>\r\n\r\n<p style=\"text-align:justify\"><span style=\"font-size:11pt\"><span style=\"line-height:normal\"><span style=\"font-family:Aptos,sans-serif\"><a href=\"https:\/\/portalibre.fgv.br\/system\/files\/divulgacao\/noticias\/mat-complementar\/2026-03\/Monitor%20do%20PIB-FGV%20-%20Mar%C3%A7o%20de%202026%20-%20Ref.%20de%20janeiro.pdf\" style=\"color:blue; text-decoration:underline\"><span style=\"font-size:14.0pt\">Economia cresce 0,2% em janeiro, na compara&ccedil;&atilde;o com dezembro<\/span><\/a><\/span><\/span><\/span><\/p>\r\n\r\n<p style=\"text-align:justify\"><img src=\"https:\/\/www.abint.org.br\/assets\/img\/editor\/redes-sociais-abint-ctg-cth_20260210191221AOfpfYeBxv.jpg\" \/><\/p>\r\n","texto_en":"","7":"","imagem":"COMP_capa-2026-site-boletim-abint-noticias-semanis_20260323152011agp6MtVMDp.jpg","8":"COMP_capa-2026-site-boletim-abint-noticias-semanis_20260323152011agp6MtVMDp.jpg","arquivo":"20260317-BOLETIM-ABINT-DE-NOTICIAS-SEMANAIS.PDF","9":"20260317-BOLETIM-ABINT-DE-NOTICIAS-SEMANAIS.PDF","titulo_arquivo":"20260317 Boletim ABINT de Not\u00edcias Semanais","10":"20260317 Boletim ABINT de Not\u00edcias Semanais","titulo_arquivo_en":"","11":"","created_at":"2026-03-23 15:20:20","12":"2026-03-23 15:20:20","updated_at":"2026-03-23 15:20:34","13":"2026-03-23 15:20:34"},{"id":219,"0":219,"ordem":2,"1":2,"data":"2026-03-10","2":"2026-03-10","slug":"boletim-abint-de-noticias-semanais-117","3":"boletim-abint-de-noticias-semanais-117","titulo":"Boletim ABINT de Not\u00edcias Semanais","4":"Boletim ABINT de Not\u00edcias Semanais","titulo_en":"","5":"","texto":"<p style=\"text-align:justify\"><span style=\"font-size:11pt\"><span style=\"line-height:normal\"><span style=\"font-family:Aptos,sans-serif\"><span style=\"font-size:14.0pt\">Esta &eacute; uma compila&ccedil;&atilde;o das not&iacute;cias mais relevantes para o setor, incluindo informa&ccedil;&otilde;es sobre acordos internacionais, economia brasileira, sustentabilidade e mat&eacute;rias primas, al&eacute;m de novidades do setor de N&atilde;otecidos e Tecidos T&eacute;cnicos.<\/span><\/span><\/span><\/span><\/p>\r\n\r\n<p style=\"text-align:justify\"><span style=\"font-size:28pt\"><span style=\"font-family:Aptos,sans-serif\"><span style=\"letter-spacing:-0.5pt\"><b><span style=\"font-size:18.0pt\"><span style=\"font-variant:small-caps\">A&ccedil;&otilde;es realizadas<\/span><\/span><\/b><\/span><\/span><\/span><\/p>\r\n\r\n<p style=\"text-align:justify\"><span style=\"font-size:11pt\"><span style=\"line-height:normal\"><span style=\"font-family:Aptos,sans-serif\"><span style=\"font-size:14.0pt\">Perdeu a live &ldquo;<b><i>Modula&ccedil;&atilde;o e qualidade para otimiza&ccedil;&atilde;o de instala&ccedil;&atilde;o de geomembranas<\/i><\/b>&rdquo;? <b><a href=\"https:\/\/www.youtube.com\/live\/JS4XxhJ2eJ8\" style=\"color:blue; text-decoration:underline\">Clique aqui<\/a><\/b> e confira!<\/span><\/span><\/span><\/span><\/p>\r\n\r\n<p style=\"text-align:justify\"><span style=\"font-size:28pt\"><span style=\"font-family:Aptos,sans-serif\"><span style=\"letter-spacing:-0.5pt\"><b><span style=\"font-size:18.0pt\"><span style=\"font-variant:small-caps\">O que vem por a&iacute;<\/span><\/span><\/b><\/span><\/span><\/span><\/p>\r\n\r\n<p style=\"text-align:justify\"><img src=\"https:\/\/www.abint.org.br\/assets\/img\/editor\/banner-quadrado-cbig2026_20260224195316ZlM7pbZhFv.jpeg\" style=\"width: 500px; height: 500px;\" \/><\/p>\r\n\r\n<p><span style=\"font-size:11pt\"><span style=\"line-height:normal\"><span style=\"font-family:Aptos,sans-serif\"><a href=\"https:\/\/www.even3.com.br\/curso-brasileiro-de-instalacao-de-geomembranas-paulo-kenji-acakiura-686190\/\" style=\"color:blue; text-decoration:underline\"><b><span style=\"font-size:14.0pt\">Acesse aqui para fazer sua inscri&ccedil;&atilde;o<\/span><\/b><\/a><\/span><\/span><\/span><\/p>\r\n\r\n<p>&nbsp;<\/p>\r\n\r\n<p><b><img src=\"https:\/\/www.abint.org.br\/assets\/img\/editor\/curso-naotecidos-2026_20260210190824gUkSCpzLPV.jpg\" style=\"width: 500px; height: 500px;\" \/><\/b><\/p>\r\n\r\n<p><span style=\"font-size:11pt\"><span style=\"line-height:normal\"><span style=\"font-family:Aptos,sans-serif\"><a href=\"https:\/\/forms.gle\/VzyfvmnBbH7FtFGV9\" style=\"color:blue; text-decoration:underline\"><b><span style=\"font-size:14.0pt\">Informa&ccedil;&otilde;es e inscri&ccedil;&otilde;es<\/span><\/b><\/a><\/span><\/span><\/span><\/p>\r\n\r\n<p><span style=\"font-size:28pt\"><span style=\"font-family:Aptos,sans-serif\"><span style=\"letter-spacing:-0.5pt\"><b><span style=\"font-size:18.0pt\"><span style=\"font-variant:small-caps\">Not&iacute;cias das Associadas<\/span><\/span><\/b><\/span><\/span><\/span><\/p>\r\n\r\n<p style=\"text-align:justify\"><span style=\"font-size:11pt\"><span style=\"line-height:normal\"><span style=\"font-family:Aptos,sans-serif\"><a href=\"http:\/\/www.jornow.com.br\/jornow\/noticia.php?idempresa=4412&amp;num_release=315298&amp;ori=V\" style=\"color:blue; text-decoration:underline\"><span style=\"font-size:14.0pt\">&Uacute;ltimas vagas para o Curso de Instala&ccedil;&atilde;o de Geomembranas do CTG ABINT 2026<\/span><\/a><\/span><\/span><\/span><\/p>\r\n\r\n<p style=\"text-align:justify\"><span style=\"font-size:11pt\"><span style=\"line-height:normal\"><span style=\"font-family:Aptos,sans-serif\"><a href=\"https:\/\/br.investing.com\/news\/transcripts\/andritz-registra-crescimento-de-receita-no-4o-tri-de-2025-e-aquisicoes-estrategicas-93CH-1857695\" style=\"color:blue; text-decoration:underline\"><span style=\"font-size:14.0pt\">Andritz registra crescimento de receita no 4&ordm; tri de 2025 e aquisi&ccedil;&otilde;es estrat&eacute;gicas<\/span><\/a><\/span><\/span><\/span><\/p>\r\n\r\n<p style=\"text-align:justify\"><span style=\"font-size:11pt\"><span style=\"line-height:normal\"><span style=\"font-family:Aptos,sans-serif\"><a href=\"https:\/\/portalradar.com.br\/assintecal-e-abicalcados-entregam-certificados-do-origem-sustentavel-na-fimec\/\" style=\"color:blue; text-decoration:underline\"><span style=\"font-size:14.0pt\">Fibertex: Assintecal e Abical&ccedil;ados entregam certificados do Origem Sustent&aacute;vel na Fimec<\/span><\/a><\/span><\/span><\/span><\/p>\r\n\r\n<p style=\"text-align:justify\"><span style=\"font-size:11pt\"><span style=\"line-height:normal\"><span style=\"font-family:Aptos,sans-serif\"><a href=\"https:\/\/www.maua.br\/noticias\/maua-em-foco\/maua-cria-hub-para-programas-corporativos-sob-medida\/texto\/1?utm_source=akna&amp;utm_medium=email&amp;utm_campaign=InfoMaua-170\" style=\"color:blue; text-decoration:underline\"><span style=\"font-size:14.0pt\">Mau&aacute; cria Hub para programas corporativos sob medida<\/span><\/a><\/span><\/span><\/span><\/p>\r\n\r\n<p style=\"text-align:justify\"><span style=\"font-size:11pt\"><span style=\"line-height:normal\"><span style=\"font-family:Aptos,sans-serif\"><b><span style=\"font-size:18.0pt\"><span style=\"font-variant:small-caps\">Eventos<\/span><\/span><\/b><\/span><\/span><\/span><\/p>\r\n\r\n<p style=\"text-align:justify\"><span style=\"font-size:11pt\"><span style=\"line-height:normal\"><span style=\"font-family:Aptos,sans-serif\"><a href=\"https:\/\/app.rdstation.email\/mail\/3014319a-2527-4b0d-b10f-8e21df357c9b?utm_medium=email&amp;utm_campaign=duplicado_de__texbrasil_radar_de_sustentabilidade_4&amp;utm_source=RD+Station\" style=\"color:blue; text-decoration:underline\"><b><span style=\"font-size:14.0pt\">Radar de Sustentabilidade - Dimens&atilde;o: Responsabilidade Ambiental<\/span><\/b><\/a><span style=\"font-size:14.0pt\">, 10 de mar&ccedil;o de 2026, 14h &agrave;s 16h, evento online<\/span><\/span><\/span><\/span><\/p>\r\n\r\n<p style=\"text-align:justify\"><span style=\"font-size:11pt\"><span style=\"line-height:normal\"><span style=\"font-family:Aptos,sans-serif\"><a href=\"https:\/\/eiu-enquiries.zoom.us\/webinar\/register\/3617715933988\/WN_sbh-iqI5Q4yBvKLuQAcBYw?utm_campaign=MA00009251&amp;utm_medium=email-owned&amp;utm_source=eiu-marketing-cloud&amp;RefID=&amp;utm_term=20260303&amp;utm_id=2166621&amp;sfmc_id=00QWT00000A9Mst2AF&amp;utm_content=cta-button-1&amp;id_mc=277289080#\/registration\" style=\"color:blue; text-decoration:underline\"><b><span lang=\"EN-US\" style=\"font-size:14.0pt\">The EIU | Webinar: Navigating the next phase of financial risk<\/span><\/b><\/a><span lang=\"EN-US\" style=\"font-size:14.0pt\">, Wednesday March 18th 2026, 12:00pm EDT | 4:00pm GMT | 5:00pm CET<\/span><\/span><\/span><\/span><\/p>\r\n\r\n<p style=\"text-align:justify\"><span style=\"font-size:11pt\"><span style=\"line-height:normal\"><span style=\"font-family:Aptos,sans-serif\"><a href=\"https:\/\/congressodeinovacao.com.br\/\" style=\"color:blue; text-decoration:underline\"><b><span style=\"font-size:14.0pt\">11&ordm; Congresso de Inova&ccedil;&atilde;o da Ind&uacute;stria<\/span><\/b><\/a><span style=\"font-size:14.0pt\">, 25 e 26 de mar&ccedil;o de 2026, WTC S&atilde;o Paulo<\/span><\/span><\/span><\/span><\/p>\r\n\r\n<p style=\"text-align:justify\"><span style=\"font-size:11pt\"><span style=\"line-height:normal\"><span style=\"font-family:Aptos,sans-serif\"><a href=\"https:\/\/www.feimec.com.br\/pt\/home.html\" style=\"color:blue; text-decoration:underline\"><b><span style=\"font-size:14.0pt\">FEIMEC - Feira Internacional de M&aacute;quinas e Equipamentos<\/span><\/b><\/a><span style=\"font-size:14.0pt\">, 05 a 09 de maio de 2026, ter&ccedil;a a sexta - 10h &agrave;s 19h | s&aacute;bado - 9h &agrave;s 17h, S&atilde;o Paulo Expo, Rod. dos Imigrantes, KM 1,5<\/span><\/span><\/span><\/span><\/p>\r\n\r\n<p style=\"text-align:justify\"><span style=\"font-size:11pt\"><span style=\"line-height:normal\"><span style=\"font-family:Aptos,sans-serif\"><a href=\"https:\/\/www.hospitalar.com\/?utm_campaign=BRZ26HPR-MN-CREDENCIAMENTO-ABERTO&amp;utm_emailname=BRZ26HPR-MN-CREDENCIAMENTO-ABERTO-1-Resend&amp;utm_medium=email&amp;utm_source=eloqua&amp;utm_MDMContactID=2bb3d23c-a32f-4218-88d5-29f7fb45caee&amp;utm_campaigntype=Visitor%20Promotion&amp;eM=50c7dfe42c38ea8f10539f0a167fc763253059e495554a32db7a57f8f237ec4c&amp;eventSeriesCode=ES_HOSPITALAR&amp;eventEditionCode=BRZ26HPR&amp;sessionCode=S_EXHB&amp;sp_eh=50c7dfe42c38ea8f10539f0a167fc763253059e495554a32db7a57f8f237ec4c\" style=\"color:blue; text-decoration:underline\"><b><span style=\"font-size:14.0pt\">Hospitalar 2026<\/span><\/b><\/a><span style=\"font-size:14.0pt\">, 19 a 22 de maio, das 11h &agrave;s 20h, S&atilde;o Paulo Expo<\/span><\/span><\/span><\/span><\/p>\r\n\r\n<p style=\"text-align:justify\"><span style=\"font-size:11pt\"><span style=\"line-height:normal\"><span style=\"font-family:Aptos,sans-serif\"><a href=\"https:\/\/credenciamentonexumgroup.lovable.app\/evento\/personal-care-summit-latinoamerica-2026\" style=\"color:blue; text-decoration:underline\"><b><span style=\"font-size:14.0pt\">Personal Care Summit Latinoam&eacute;rica | I<\/span><\/b><b><span style=\"font-size:14.0pt\">nd&uacute;stria 5.0: Tecnologia e Pessoas<\/span><\/b><\/a><span style=\"font-size:14.0pt\">, 09 de junho de 2026, Hotel Pullman, Guarulhos, SP<\/span><\/span><\/span><\/span><\/p>\r\n\r\n<p style=\"text-align:justify\"><span style=\"font-size:11pt\"><span style=\"line-height:normal\"><span style=\"font-family:Aptos,sans-serif\"><a href=\"https:\/\/www.hightex.com.tr\/\" style=\"color:blue; text-decoration:underline\"><b><span lang=\"EN-US\" style=\"font-size:14.0pt\">HIGTEX 2026 &ndash; International Technical Textiles and Nonwoven Exhibition<\/span><\/b><\/a><span lang=\"EN-US\" style=\"font-size:14.0pt\">, June 9&ndash;13, T&Uuml;YAP Fair and Congress Center, \u0130stanbul, T&uuml;rkiye<\/span><\/span><\/span><\/span><\/p>\r\n\r\n<p style=\"text-align:justify\"><span style=\"font-size:11pt\"><span style=\"line-height:normal\"><span style=\"font-family:Aptos,sans-serif\"><a href=\"https:\/\/www.worldofwipes.org\/\" style=\"color:blue; text-decoration:underline\"><b><span lang=\"EN-US\" style=\"font-size:14.0pt\">INDA | WOW - World of Wipes International Conference<\/span><\/b><\/a><span lang=\"EN-US\" style=\"font-size:14.0pt\">, June 29&ndash;July 2, 2026, Grand Hyatt Nashville, Nashville, Tennessee USA<\/span><\/span><\/span><\/span><\/p>\r\n\r\n<p style=\"text-align:justify\"><span style=\"font-size:11pt\"><span style=\"line-height:normal\"><span style=\"font-family:Aptos,sans-serif\"><a href=\"https:\/\/filtech.de\/\" style=\"color:blue; text-decoration:underline\"><b><span style=\"font-size:14.0pt\">Filtech 2026<\/span><\/b><\/a><span style=\"font-size:14.0pt\">, 30 de junho a 2 de julho, Cologne, Alemanha<\/span><\/span><\/span><\/span><\/p>\r\n\r\n<p style=\"text-align:justify\"><span style=\"font-size:11pt\"><span style=\"line-height:normal\"><span style=\"font-family:Aptos,sans-serif\"><a href=\"https:\/\/www.formobile.com.br\/pt\/home.html\" style=\"color:blue; text-decoration:underline\"><b><span style=\"font-size:14.0pt\">ForM&oacute;bile 2026<\/span><\/b><\/a><span style=\"font-size:14.0pt\">, 30 de junho a 3 de julho, S&atilde;o Paulo Expo<\/span><\/span><\/span><\/span><\/p>\r\n\r\n<p style=\"text-align:justify\"><span style=\"font-size:11pt\"><span style=\"line-height:normal\"><span style=\"font-family:Aptos,sans-serif\"><a href=\"https:\/\/sienge.com.br\/construsummit\/\" style=\"color:blue; text-decoration:underline\"><b><span style=\"font-size:14.0pt\">Construsummit<\/span><\/b><\/a><span style=\"font-size:14.0pt\">, 1 e 2 de julho de 2026, Florian&oacute;polis, SC<\/span><\/span><\/span><\/span><\/p>\r\n\r\n<p style=\"text-align:justify\"><span style=\"font-size:11pt\"><span style=\"line-height:normal\"><span style=\"font-family:Aptos,sans-serif\"><a href=\"https:\/\/feiplar.com\/Presencial\/inicio-2024\/\" style=\"color:blue; text-decoration:underline\"><b><span style=\"font-size:14.0pt\">FEIPLAR &amp; FEIPUR &ndash; Feira e Congresso Internacionais de Materiais Avan&ccedil;ados<\/span><\/b><\/a><span style=\"font-size:14.0pt\">, 25 a 27 de agosto de 2026, S&atilde;o Paulo Expo | Pavilh&atilde;o 5, S&atilde;o Paulo, SP, Brasil<\/span><\/span><\/span><\/span><\/p>\r\n\r\n<p style=\"text-align:justify\"><span style=\"font-size:11pt\"><span style=\"line-height:normal\"><span style=\"font-family:Aptos,sans-serif\"><a href=\"https:\/\/ficons.com.br\/\" style=\"color:blue; text-decoration:underline\"><b><span style=\"font-size:14.0pt\">FICONS - Feira Internacional de Materiais, Equipamentos e Servi&ccedil;os da Constru&ccedil;&atilde;o<\/span><\/b><\/a><span style=\"font-size:14.0pt\">, 15 a 18 de setembro de 2026, Centro de Conven&ccedil;&otilde;es de Pernambuco Recife\/ Olinda<\/span><\/span><\/span><\/span><\/p>\r\n\r\n<p style=\"text-align:justify\"><span style=\"font-size:11pt\"><span style=\"line-height:normal\"><span style=\"font-family:Aptos,sans-serif\"><a href=\"https:\/\/www.edana.org\/events\/outlook\/outlook-2025\" style=\"color:blue; text-decoration:underline\"><b><span style=\"font-size:14.0pt\">OUTLOOK&trade; 2026<\/span><\/b><\/a><span style=\"font-size:14.0pt\">, 22&ndash;24 September, Hotel Miragem, Cascais, Portugal<\/span><\/span><\/span><\/span><\/p>\r\n\r\n<p style=\"text-align:justify\"><span style=\"font-size:11pt\"><span style=\"line-height:normal\"><span style=\"font-family:Aptos,sans-serif\"><a href=\"https:\/\/hospitalmed.com.br\/feira\/\" style=\"color:blue; text-decoration:underline\"><b><span style=\"font-size:14.0pt\">HospitalMed<\/span><\/b><\/a><span style=\"font-size:14.0pt\">, 21 a 23 de outubro de 2026, das 14h &agrave;s 20h, Pernambuco Centro de Conven&ccedil;&otilde;es, Olinda<\/span><\/span><\/span><\/span><\/p>\r\n\r\n<p style=\"text-align:justify\"><span style=\"font-size:11pt\"><span style=\"line-height:normal\"><span style=\"font-family:Aptos,sans-serif\"><a href=\"https:\/\/www.edana.org\/events\/edana-sustainability-forum\" style=\"color:blue; text-decoration:underline\"><b><span lang=\"EN-US\" style=\"font-size:14.0pt\">Sustainability &amp; Policy Forum<\/span><\/b><\/a><span lang=\"EN-US\" style=\"font-size:14.0pt\">, 8&ndash;9 December 2026, Residence Palace in Brussels, Belgium<\/span><\/span><\/span><\/span><\/p>\r\n\r\n<p style=\"text-align:justify\"><span style=\"font-size:11pt\"><span style=\"line-height:normal\"><span style=\"font-family:Aptos,sans-serif\"><a href=\"https:\/\/infrane.com.br\/\" style=\"color:blue; text-decoration:underline\"><b><span style=\"font-size:14.0pt\">Infra NE<\/span><\/b><\/a><span style=\"font-size:14.0pt\">, 03 a 05 de mar&ccedil;o de 2027, Centro de Conven&ccedil;&otilde;es Salvador<\/span><\/span><\/span><\/span><\/p>\r\n\r\n<p style=\"text-align:justify\"><span style=\"font-size:28pt\"><span style=\"font-family:Aptos,sans-serif\"><span style=\"letter-spacing:-0.5pt\"><b><span style=\"font-size:18.0pt\"><span style=\"font-variant:small-caps\">Setor<\/span><\/span><\/b><\/span><\/span><\/span><\/p>\r\n\r\n<p style=\"text-align:justify\"><span style=\"font-size:11pt\"><span style=\"line-height:normal\"><span style=\"font-family:Aptos,sans-serif\"><a href=\"https:\/\/clickpetroleoegas.com.br\/em-vez-de-aco-plastico-ou-polimeros-industriais-engenheiros-indianos-estao-usando-toneladas-de-fibra-de-coco-extraida-das-cascas-do-fruto-para-construir-a-base-de-estradas-gigantes-mhbb01\/\" style=\"color:blue; text-decoration:underline\"><span style=\"font-size:14.0pt\">Em vez de a&ccedil;o, pl&aacute;stico ou pol&iacute;meros industriais, engenheiros indianos est&atilde;o usando toneladas de fibra de coco extra&iacute;da das cascas do fruto para construir a base de estradas gigantes, transformando um res&iacute;duo agr&iacute;cola em uma solu&ccedil;&atilde;o estrutural sustent&aacute;vel para suportar tr&aacute;fego pesado<\/span><\/a><\/span><\/span><\/span><\/p>\r\n\r\n<p style=\"text-align:justify\"><span style=\"font-size:11pt\"><span style=\"line-height:normal\"><span style=\"font-family:Aptos,sans-serif\"><a href=\"https:\/\/petronoticias.com.br\/com-barril-de-petroleo-perto-dos-us-93-petrobras-sinaliza-evitar-repasse-imediato-para-o-mercado-brasileiro\/\" style=\"color:blue; text-decoration:underline\"><span style=\"font-size:14.0pt\">Com barril de petr&oacute;leo perto dos US$ 93, Petrobr&aacute;s sinaliza evitar repasse imediato para o mercado brasileiro<\/span><\/a><\/span><\/span><\/span><\/p>\r\n\r\n<p style=\"text-align:justify\"><span style=\"font-size:11pt\"><span style=\"line-height:normal\"><span style=\"font-family:Aptos,sans-serif\"><a href=\"https:\/\/www.msn.com\/pt-br\/dinheiro\/economia-e-negocios\/produ%C3%A7%C3%A3o-t%C3%AAxtil-deve-crescer-11-em-2026-diz-abit\/ar-AA1UGgVO?apiversion=v2&amp;domshim=1&amp;noservercache=1&amp;noservertelemetry=1&amp;batchservertelemetry=1&amp;renderwebcomponents=1&amp;wcseo=1\" style=\"color:blue; text-decoration:underline\"><span style=\"font-size:14.0pt\">Produ&ccedil;&atilde;o t&ecirc;xtil deve crescer 1,1% em 2026, diz Abit<\/span><\/a><\/span><\/span><\/span><\/p>\r\n\r\n<p style=\"text-align:justify\"><span style=\"font-size:11pt\"><span style=\"line-height:normal\"><span style=\"font-family:Aptos,sans-serif\"><a href=\"https:\/\/plasticosemrevista.com.br\/petroquimicas-orientais-declaram-forca-maior\/\" style=\"color:blue; text-decoration:underline\"><span style=\"font-size:14.0pt\">Petroqu&iacute;micas orientais declaram for&ccedil;a maior<\/span><\/a><\/span><\/span><\/span><\/p>\r\n\r\n<p style=\"text-align:justify\"><span style=\"font-size:11pt\"><span style=\"line-height:normal\"><span style=\"font-family:Aptos,sans-serif\"><a href=\"https:\/\/plasticosemrevista.com.br\/coreia-do-sul-refinaria-prepara-partida-de-super-cracker\/\" style=\"color:blue; text-decoration:underline\"><span style=\"font-size:14.0pt\">Coreia do Sul: refinaria prepara partida de super cracker<\/span><\/a><\/span><\/span><\/span><\/p>\r\n\r\n<p style=\"text-align:justify\"><span style=\"font-size:11pt\"><span style=\"line-height:normal\"><span style=\"font-family:Aptos,sans-serif\"><a href=\"https:\/\/plasticosemrevista.com.br\/petroquimica-russa-investe-pesado-em-pe-e-pp\/\" style=\"color:blue; text-decoration:underline\"><span style=\"font-size:14.0pt\">Petroqu&iacute;mica russa investe pesado em PE e PP<\/span><\/a><\/span><\/span><\/span><\/p>\r\n\r\n<p style=\"text-align:justify\"><span style=\"font-size:11pt\"><span style=\"line-height:normal\"><span style=\"font-family:Aptos,sans-serif\"><a href=\"https:\/\/innovationintextiles.com\/expanding-geotextiles-production-in-saudi-arabia\/\" style=\"color:blue; text-decoration:underline\"><span lang=\"EN-US\" style=\"font-size:14.0pt\">Expanding geotextiles production in Saudi Arabia<\/span><\/a><\/span><\/span><\/span><\/p>\r\n\r\n<p style=\"text-align:justify\"><span style=\"font-size:11pt\"><span style=\"line-height:normal\"><span style=\"font-family:Aptos,sans-serif\"><a href=\"https:\/\/blogdoalberesxavier.com\/noticias\/67185\/moradores-da-zona-norte-ganham-seguranca-e-qualidade-de-vida-com-aplicacao-de-mais-uma-geomanta\" style=\"color:blue; text-decoration:underline\"><span style=\"font-size:14.0pt\">Moradores da Zona Norte ganham seguran&ccedil;a e qualidade de vida com aplica&ccedil;&atilde;o de mais uma geomanta<\/span><\/a><\/span><\/span><\/span><\/p>\r\n\r\n<p style=\"text-align:justify\"><span style=\"font-size:11pt\"><span style=\"line-height:normal\"><span style=\"font-family:Aptos,sans-serif\"><a href=\"http:\/\/clickemail.portalpersonalcare.com.br\/ls\/click?upn=u001.D2-2F0Tg0A29KXXLMT6ctG-2BYOihdDbc-2ByFrUFb3ZXMT9SSFUUkXNt692Ndrzcg9UPGYpOvqJnGYBm2vxVvMo7PrFVHxLtBDtJxu3pNO3tqK4-2FGSsqYJVr9iFuEiGcxOu9PlyW2Qe3CKMt48OqOR1ammUiqo8SRTg4Xvl0QEGKP85FriRt-2Bwg2TMzakQPjJWpmEBjwUAv45tzk-2FdFqd7NYmpD2ArI9-2BcAVOsuPeYYfV5Tk7hGv7ppF4OuGvPwrZr-2FwrB8G8VsQGBszxlaxvZSRmU9Oj0ChOcyit-2BJdjtGST7sgI251mq9M11tOnJ8tJoBezuYXp_T7N8BvZTOm04CQQMiyWztrpCjlUrRc4F7QzSgUIpTqDyHxxxhGpyWLohz7JoE2GE5NHlS-2BYZoX1R75Fh8KCze9GvCCb-2FinuNgc39g0Cdbe-2FcU8RlSBQhp5om11AQZQ-2FDuxHGLGCbL9HuWNiLH8L8M2i7OHI7ev3dDn-2Fnyy7fNHvSVLi4FplyJUr-2BoNYTrHYcSM55gWdXwyr-2FKOVWuTFd85qxyJTnl88W933K9WChFuMJH44XQTBDiMawvExlMa1Cw-2Bc104qqsgwj23HhljE055RjenCjZfheuX3NWWfGMUhYSX9LK4nBEZuxCyWwBkZxC3usicjXF5WaEevUjwsAxx0qsFEmd9xtcrrapJzz3-2FPJA4w-2FmMUY-2FaS60zyT0HyEW-2Bc0ONrKAJ1-2BFw2xWC0fnBFAlVTp155BKm8DjqQ30mi1bCq1-2FU0hn8UuIKNkupMSJbGRewtQh6j0WERijQO89qvp55oBZK4d2H8VjFZioGcp59dMS2MntEwb-2BaT-2FfVI93geK3TdAj8n4nB2gbMd4FCMCKy3koGLxeuYvE3PStJqyOcwLsxNev7ybxC1kezJEmMDUc3aCUhim5lXaY0cBk35-2Fx9W2Y3ujMe4zi0OuYjxWxGeLupBR5gejslANG70iSrUMzkv2I-2BSM7vfAIJpCfA-3D-3D\" style=\"color:blue; text-decoration:underline\" target=\"_blank\"><span style=\"font-size:14.0pt\">ABIHPEC participa do F&oacute;rum Empresarial Coreia-Brasil e amplia di&aacute;logo estrat&eacute;gico para exporta&ccedil;&otilde;es do setor<\/span><\/a><\/span><\/span><\/span><\/p>\r\n\r\n<p style=\"text-align:justify\"><span style=\"font-size:28pt\"><span style=\"font-family:Aptos,sans-serif\"><span style=\"letter-spacing:-0.5pt\"><b><span style=\"font-size:18.0pt\"><span style=\"font-variant:small-caps\">Ind&uacute;stria<\/span><\/span><\/b><\/span><\/span><\/span><\/p>\r\n\r\n<p style=\"text-align:justify\"><span style=\"font-size:11pt\"><span style=\"line-height:normal\"><span style=\"font-family:Aptos,sans-serif\"><a href=\"https:\/\/noticias.portaldaindustria.com.br\/noticias\/economia\/faturamento-da-industria-sobe-23-em-janeiro-mas-nao-reverte-quadro-negativo-avalia-cni\/\" style=\"color:blue; text-decoration:underline\"><span style=\"font-size:14.0pt\">Faturamento da ind&uacute;stria sobe 2,3% em janeiro, mas n&atilde;o reverte quadro negativo, avalia CNI<\/span><\/a><\/span><\/span><\/span><\/p>\r\n\r\n<p style=\"text-align:justify\"><span style=\"font-size:11pt\"><span style=\"line-height:normal\"><span style=\"font-family:Aptos,sans-serif\"><a href=\"https:\/\/horadopovo.com.br\/dados-alertam-para-agravamento-da-desindustrializacao-aponta-cni\/\" style=\"color:blue; text-decoration:underline\"><span style=\"font-size:14.0pt\">Dados alertam para agravamento da desindustrializa&ccedil;&atilde;o, aponta CNI<\/span><\/a><\/span><\/span><\/span><\/p>\r\n\r\n<p style=\"text-align:justify\"><span style=\"font-size:11pt\"><span style=\"line-height:normal\"><span style=\"font-family:Aptos,sans-serif\"><a href=\"https:\/\/cbic.org.br\/construcao-civil-cresce-pelo-segundo-ano-consecutivo-mas-juros-altos-limitam-potencial-de-expansao\/\" style=\"color:blue; text-decoration:underline\"><span style=\"font-size:14.0pt\">Constru&ccedil;&atilde;o civil cresce pelo segundo ano consecutivo, mas juros altos limitam potencial de expans&atilde;o<\/span><\/a><\/span><\/span><\/span><\/p>\r\n\r\n<p class=\"MsoTitle\" style=\"text-align:justify\"><span style=\"font-size:11pt\"><span style=\"line-height:normal\"><span style=\"font-family:Aptos,sans-serif\"><a href=\"https:\/\/www.brasilagro.com.br\/conteudo\/vendas-de-maquinas-e-equipamentos-tem-queda-de-17-em-janeiro-diz-abimaq.html\" style=\"color:blue; text-decoration:underline\"><span style=\"font-size:14.0pt\">Vendas de m&aacute;quinas e equipamentos t&ecirc;m queda de 17% em janeiro, diz Abimaq<\/span><\/a><\/span><\/span><\/span><\/p>\r\n\r\n<p style=\"text-align:justify\"><span style=\"font-size:11pt\"><span style=\"line-height:normal\"><span style=\"font-family:Aptos,sans-serif\"><span class=\"MsoHyperlink\" style=\"color:blue\"><span style=\"text-decoration:underline\"><span style=\"font-size:14.0pt\"><a href=\"https:\/\/monitormercantil.com.br\/ia-deve-transformar-22-das-ocupacoes-ate-2030\/\" style=\"color:blue; text-decoration:underline\">IA deve transformar 22% das ocupa&ccedil;&otilde;es at&eacute; 2030<\/a><\/span><\/span><\/span><\/span><\/span><\/span><\/p>\r\n\r\n<p class=\"MsoTitleCxSpMiddle\" style=\"text-align:justify\"><span style=\"font-size:28pt\"><span style=\"font-family:Aptos,sans-serif\"><span style=\"letter-spacing:-0.5pt\"><b><span style=\"font-size:18.0pt\"><span style=\"font-variant:small-caps\">Sustentabilidade<\/span><\/span><\/b><\/span><\/span><\/span><\/p>\r\n\r\n<p class=\"MsoTitleCxSpLast\" style=\"text-align:justify\"><span style=\"font-size:11pt\"><span style=\"line-height:normal\"><span style=\"font-family:Aptos,sans-serif\"><a href=\"https:\/\/plasticosulamerica.com\/programa-de-incentivo-a-reciclagem-incrementa-a-renda-e-a-produtividade-de-cooperativas-gauchas\/\" style=\"color:blue; text-decoration:underline\"><span style=\"font-size:14.0pt\">Programa de incentivo &agrave; reciclagem incrementa a renda e a produtividade de cooperativas ga&uacute;chas<\/span><\/a><\/span><\/span><\/span><\/p>\r\n\r\n<p class=\"MsoTitle\" style=\"text-align:justify\"><span style=\"font-size:11pt\"><span style=\"line-height:normal\"><span style=\"font-family:Aptos,sans-serif\"><a href=\"https:\/\/www.agenciasp.sp.gov.br\/projeto-reaproveita-plastico-dos-hidrometros-antigos-no-tratamento-de-esgoto\/\" style=\"color:blue; text-decoration:underline\"><span style=\"font-size:14.0pt\">Projeto reaproveita pl&aacute;stico dos hidr&ocirc;metros antigos no tratamento de esgoto<\/span><\/a><\/span><\/span><\/span><\/p>\r\n\r\n<p class=\"MsoTitle\" style=\"text-align:justify\"><span style=\"font-size:11pt\"><span style=\"line-height:normal\"><span style=\"font-family:Aptos,sans-serif\"><span class=\"MsoHyperlink\" style=\"color:blue\"><span style=\"text-decoration:underline\"><span style=\"font-size:14.0pt\"><a href=\"https:\/\/www.ey.com\/pt_br\/newsroom\/2026\/03\/saneamento-basico-segmento-favorito-infraestrutura-receber-investimentos\" style=\"color:blue; text-decoration:underline\">Saneamento b&aacute;sico &eacute; segmento favorito de infraestrutura para receber investimentos<\/a><\/span><\/span><\/span><\/span><\/span><\/span><\/p>\r\n\r\n<p style=\"text-align:justify\"><span style=\"font-size:11pt\"><span style=\"line-height:115%\"><span style=\"font-family:Aptos,sans-serif\"><a href=\"https:\/\/g1.globo.com\/sp\/santos-regiao\/noticia\/2026\/03\/04\/santos-inicia-projeto-piloto-com-grelhas-ecologicas-para-modernizar-rede-de-drenagem.ghtml\" style=\"color:blue; text-decoration:underline\"><span style=\"font-size:14.0pt\"><span style=\"line-height:115%\">Pl&aacute;stico: Santos inicia projeto-piloto com grelhas ecol&oacute;gicas para modernizar rede de drenagem<\/span><\/span><\/a><\/span><\/span><\/span><\/p>\r\n\r\n<p><span style=\"font-size:28pt\"><span style=\"font-family:Aptos,sans-serif\"><span style=\"letter-spacing:-0.5pt\"><b><span style=\"font-size:18.0pt\"><span style=\"font-variant:small-caps\">Inova&ccedil;&atilde;o<\/span><\/span><\/b><\/span><\/span><\/span><\/p>\r\n\r\n<p class=\"MsoTitleCxSpFirst\" style=\"text-align:justify\"><span style=\"font-size:11pt\"><span style=\"line-height:normal\"><span style=\"font-family:Aptos,sans-serif\"><span class=\"MsoHyperlink\" style=\"color:blue\"><span style=\"text-decoration:underline\"><span style=\"font-size:14.0pt\"><span style=\"text-decoration:none\"><span style=\"text-underline:none\"><a href=\"https:\/\/innovationintextiles.com\/ita-now-equipped-for-pla-recycling\/\" style=\"color:blue; text-decoration:underline\"><span style=\"text-decoration:none\"><span style=\"text-underline:none\">ITA now equipped for PLA recycling<\/span><\/span><\/a><\/span><\/span><\/span><\/span><\/span><\/span><\/span><\/span><\/p>\r\n\r\n<p class=\"MsoTitle\" style=\"text-align:justify\"><span style=\"font-size:11pt\"><span style=\"line-height:normal\"><span style=\"font-family:Aptos,sans-serif\"><span class=\"MsoHyperlink\" style=\"color:blue\"><span style=\"text-decoration:underline\"><span style=\"font-size:14.0pt\"><span style=\"text-decoration:none\"><span style=\"text-underline:none\"><a href=\"https:\/\/public-api.wordpress.com\/bar\/?stat=groovemails-events&amp;bin=wpcom_email_click&amp;redirect_to=https%3A%2F%2Fblogdoplastico.wordpress.com%2F2026%2F03%2F06%2Finovacoes-em-aditivos-plasticos-protegem-safra-de-soja-e-propiciam-qualidade-do-grao-no-armazenamento%2F&amp;sr=0&amp;signature=7aecfc6bf170bae1789a8dc995b21467&amp;blog_id=9438832&amp;user=135099004&amp;_e=eyJlcnJvciI6bnVsbCwiYmxvZ19pZCI6OTQzODgzMiwiYmxvZ19sYW5nIjoicHQtQlIiLCJzaXRlX2lkX2xhYmVsIjoid3Bjb20iLCJoYXNfZmVhdHVyZWRfaW1hZ2UiOiIwIiwic3Vic2NyaWJlcl9pZCI6IjQ0NzAwMjQ1IiwiX3VpIjoxMzUwOTkwMDQsImxvY2FsZSI6InB0LWJyIiwiY3VycmVuY3kiOiJCUkwiLCJjb3VudHJ5X2NvZGVfc2lnbnVwIjoiQlIiLCJzaWdudXBfZmxvd19uYW1lIjoiZGVsdGEtc2l0ZSIsImVtYWlsX2RvbWFpbiI6ImFiaW50Lm9yZy5iciIsInBvc3RfaWQiOjE5Njk0LCJ1c2VyX2VtYWlsIjoiYWJpbnRAYWJpbnQub3JnLmJyIiwiZGF0ZV9zZW50IjoiMjAyNi0wMy0wNiIsImVtYWlsX25hbWUiOiJuZXctcG9zdCIsInRlbXBsYXRlIjoibmV3LXBvc3QiLCJlbWFpbF9pZCI6IjQ1MGY1ZWIzZmJjYTYxMDFkODY4ZGQyOTk3NGJmNjYwIiwibGlua19kZXNjIjoicG9zdC11cmwiLCJhbmNob3JfdGV4dCI6Iklub3ZhXHUwMGU3XHUwMGY1ZXMgZW0gYWRpdGl2b3MgcGxcdTAwZTFzdGljb3MgcHJvdGVnZW0gc2FmcmEgZGUgc29qYSBlIHByb3BpY2lhbSBxdWFsaWRhZGUgZG8gZ3JcdTAwZTNvIG5vXHUwMGEwYXJtYXplbmFtZW50byIsIl9kciI6bnVsbCwiX2RsIjoiXC93cC1hZG1pblwvcG9zdC5waHAiLCJfdXQiOiJ3cGNvbTp1c2VyX2lkIiwiX3VsIjoiYWJpbnR0dCIsIl9lbiI6IndwY29tX2VtYWlsX2NsaWNrIiwiX3RzIjoxNzcyODIyODQ0Nzg1LCJicm93c2VyX3R5cGUiOiJwaHAtYWdlbnQiLCJfYXVhIjoid3Bjb20tdHJhY2tzLWNsaWVudC12MC4zIiwiYmxvZ190eiI6Ii0zIiwidXNlcl9sYW5nIjoicHQtYnIifQ=&amp;_z=z\" style=\"color:blue; text-decoration:underline\"><span style=\"text-decoration:none\"><span style=\"text-underline:none\">Inova&ccedil;&otilde;es em aditivos pl&aacute;sticos protegem safra de soja e propiciam qualidade do gr&atilde;o no&nbsp;armazenamento<\/span><\/span><\/a><\/span><\/span><\/span><\/span><\/span><\/span><\/span><\/span><\/p>\r\n\r\n<p><span style=\"font-size:28pt\"><span style=\"font-family:Aptos,sans-serif\"><span style=\"letter-spacing:-0.5pt\"><b><span style=\"font-size:18.0pt\"><span style=\"font-variant:small-caps\">Com&eacute;rcio Exterio<\/span><\/span><\/b><\/span><\/span><\/span><span style=\"font-size:28pt\"><span style=\"font-family:Aptos,sans-serif\"><span style=\"letter-spacing:-0.5pt\"><b><span style=\"font-size:18.0pt\"><span style=\"font-variant:small-caps\">r<\/span><\/span><\/b><\/span><\/span><\/span><\/p>\r\n\r\n<p style=\"text-align:justify\"><span style=\"font-size:11pt\"><span style=\"line-height:normal\"><span style=\"font-family:Aptos,sans-serif\"><span class=\"MsoHyperlink\" style=\"color:blue\"><span style=\"text-decoration:underline\"><span style=\"font-size:14.0pt\"><span style=\"text-decoration:none\"><span style=\"text-underline:none\"><a href=\"https:\/\/www12.senado.leg.br\/noticias\/materias\/2026\/03\/04\/por-unanimidade-senado-aprova-acordo-entre-mercosul-e-ue?utm_medium=email&amp;utm_source=resumo-agencia&amp;utm_campaign=2026-03-04\" style=\"color:blue; text-decoration:underline\"><span style=\"text-decoration:none\"><span style=\"text-underline:none\">Por unanimidade, Senado aprova acordo entre Mercosul e Uni&atilde;o Europeia<\/span><\/span><\/a><\/span><\/span><\/span><\/span><\/span><\/span><\/span><\/span><\/p>\r\n\r\n<p style=\"text-align:justify\"><span style=\"font-size:11pt\"><span style=\"line-height:normal\"><span style=\"font-family:Aptos,sans-serif\"><span class=\"MsoHyperlink\" style=\"color:blue\"><span style=\"text-decoration:underline\"><span style=\"font-size:14.0pt\"><span style=\"text-decoration:none\"><span style=\"text-underline:none\"><a href=\"https:\/\/www12.senado.leg.br\/noticias\/materias\/2026\/03\/04\/mercosul-ue-o-que-diz-o-acordo-aprovado-pelo-senado?utm_medium=email&amp;utm_source=resumo-agencia&amp;utm_campaign=2026-03-04\" style=\"color:blue; text-decoration:underline\"><span style=\"text-decoration:none\"><span style=\"text-underline:none\">Mercosul-UE: o que diz o acordo aprovado pelo Senado<\/span><\/span><\/a><\/span><\/span><\/span><\/span><\/span><\/span><\/span><\/span><\/p>\r\n\r\n<p style=\"text-align:justify\"><span style=\"font-size:11pt\"><span style=\"line-height:normal\"><span style=\"font-family:Aptos,sans-serif\"><span class=\"MsoHyperlink\" style=\"color:blue\"><span style=\"text-decoration:underline\"><span style=\"font-size:14.0pt\"><span style=\"text-decoration:none\"><span style=\"text-underline:none\"><a href=\"https:\/\/anba.com.br\/brasil-regulamenta-salvaguarda-para-acordos\/\" style=\"color:blue; text-decoration:underline\"><span style=\"text-decoration:none\"><span style=\"text-underline:none\">Brasil regulamenta salvaguarda para acordos<\/span><\/span><\/a><\/span><\/span><\/span><\/span><\/span><\/span><\/span><\/span><\/p>\r\n\r\n<p style=\"text-align:justify\"><span style=\"font-size:11pt\"><span style=\"line-height:normal\"><span style=\"font-family:Aptos,sans-serif\"><span class=\"MsoHyperlink\" style=\"color:blue\"><span style=\"text-decoration:underline\"><span style=\"font-size:14.0pt\"><span style=\"text-decoration:none\"><span style=\"text-underline:none\"><a href=\"https:\/\/noticias.portaldaindustria.com.br\/noticias\/internacional\/brasil-e-suecia-reforcam-cooperacao-industrial-e-tecnologica-em-reuniao-na-cni\/\" style=\"color:blue; text-decoration:underline\"><span style=\"text-decoration:none\"><span style=\"text-underline:none\">Brasil e Su&eacute;cia refor&ccedil;am coopera&ccedil;&atilde;o industrial e tecnol&oacute;gica em reuni&atilde;o na CNI<\/span><\/span><\/a><\/span><\/span><\/span><\/span><\/span><\/span><\/span><\/span><\/p>\r\n\r\n<p style=\"text-align:justify\"><span style=\"font-size:11pt\"><span style=\"line-height:normal\"><span style=\"font-family:Aptos,sans-serif\"><span class=\"MsoHyperlink\" style=\"color:blue\"><span style=\"text-decoration:underline\"><span style=\"font-size:14.0pt\"><span style=\"text-decoration:none\"><span style=\"text-underline:none\"><a href=\"https:\/\/indiantextilejournal.com\/west-asia-unrest-adds-fresh-strain-on-textile-exports-citi\/\" style=\"color:blue; text-decoration:underline\"><span style=\"text-decoration:none\"><span style=\"text-underline:none\">West Asia unrest adds fresh strain on textile exports: CITI<\/span><\/span><\/a><\/span><\/span><\/span><\/span><\/span><\/span><\/span><\/span><\/p>\r\n\r\n<p style=\"text-align:justify\"><span style=\"font-size:28pt\"><span style=\"font-family:Aptos,sans-serif\"><span style=\"letter-spacing:-0.5pt\"><b><span style=\"font-size:18.0pt\"><span style=\"font-variant:small-caps\">Economia<\/span><\/span><\/b><\/span><\/span><\/span><\/p>\r\n\r\n<p style=\"text-align:justify\"><span style=\"font-size:11pt\"><span style=\"line-height:normal\"><span style=\"font-family:Aptos,sans-serif\"><a href=\"https:\/\/www.bcb.gov.br\/content\/focus\/focus\/R20260306.pdf\" style=\"color:blue; text-decoration:underline\"><span style=\"font-size:14.0pt\">Focus - Relat&oacute;rio de Mercado<\/span><\/a><\/span><\/span><\/span><\/p>\r\n\r\n<p style=\"text-align:justify\"><span style=\"font-size:11pt\"><span style=\"line-height:normal\"><span style=\"font-family:Aptos,sans-serif\"><a href=\"https:\/\/portalibre.fgv.br\/system\/files\/divulgacao\/noticias\/mat-complementar\/2026-03\/Bar%C3%B4metros%20Globais%20KOF-FGV_Press%20release_03_2026.pdf\" style=\"color:blue; text-decoration:underline\"><span style=\"font-size:14.0pt\">Bar&ocirc;metros Globais interrompem trajet&oacute;ria de alta dos &uacute;ltimos meses<\/span><\/a><\/span><\/span><\/span><\/p>\r\n\r\n<p style=\"text-align:justify\"><span style=\"font-size:11pt\"><span style=\"line-height:normal\"><span style=\"font-family:Aptos,sans-serif\"><a href=\"https:\/\/ibre.fgv.br\/blog-da-conjuntura-economica\/artigos\/equilibrio-fiscal-e-geopolitica-global\" style=\"color:blue; text-decoration:underline\"><span style=\"font-size:14.0pt\">Equil&iacute;brio fiscal e a geopol&iacute;tica global<\/span><\/a><\/span><\/span><\/span><\/p>\r\n\r\n<p style=\"text-align:justify\"><span style=\"font-size:11pt\"><span style=\"line-height:normal\"><span style=\"font-family:Aptos,sans-serif\"><a href=\"https:\/\/blogdoibre.fgv.br\/posts\/petroleo-em-alta-um-risco-para-desaceleracao-da-inflacao-no-brasil\" style=\"color:blue; text-decoration:underline\"><span style=\"font-size:14.0pt\">Petr&oacute;leo em alta: um risco para a desacelera&ccedil;&atilde;o da infla&ccedil;&atilde;o no Brasil<\/span><\/a><\/span><\/span><\/span><\/p>\r\n\r\n<p style=\"text-align:justify\"><span style=\"font-size:11pt\"><span style=\"line-height:normal\"><span style=\"font-family:Aptos,sans-serif\"><a href=\"https:\/\/www.machadomeyer.com.br\/pt\/inteligencia-juridica\/publicacoes-ij\/tributario-ij\/cg-ibs-e-rfb-atualizam-tabela-de-codigos-de-classificacao-tributaria-do-ibs-e-da-cbs\" style=\"color:blue; text-decoration:underline\"><span style=\"font-size:14.0pt\">CG-IBS e RFB atualizam tabela de c&oacute;digos de classifica&ccedil;&atilde;o tribut&aacute;ria do IBS e da CBS<\/span><\/a><\/span><\/span><\/span><\/p>\r\n\r\n<p>&nbsp;<\/p>\r\n","6":"<p style=\"text-align:justify\"><span style=\"font-size:11pt\"><span style=\"line-height:normal\"><span style=\"font-family:Aptos,sans-serif\"><span style=\"font-size:14.0pt\">Esta &eacute; uma compila&ccedil;&atilde;o das not&iacute;cias mais relevantes para o setor, incluindo informa&ccedil;&otilde;es sobre acordos internacionais, economia brasileira, sustentabilidade e mat&eacute;rias primas, al&eacute;m de novidades do setor de N&atilde;otecidos e Tecidos T&eacute;cnicos.<\/span><\/span><\/span><\/span><\/p>\r\n\r\n<p style=\"text-align:justify\"><span style=\"font-size:28pt\"><span style=\"font-family:Aptos,sans-serif\"><span style=\"letter-spacing:-0.5pt\"><b><span style=\"font-size:18.0pt\"><span style=\"font-variant:small-caps\">A&ccedil;&otilde;es realizadas<\/span><\/span><\/b><\/span><\/span><\/span><\/p>\r\n\r\n<p style=\"text-align:justify\"><span style=\"font-size:11pt\"><span style=\"line-height:normal\"><span style=\"font-family:Aptos,sans-serif\"><span style=\"font-size:14.0pt\">Perdeu a live &ldquo;<b><i>Modula&ccedil;&atilde;o e qualidade para otimiza&ccedil;&atilde;o de instala&ccedil;&atilde;o de geomembranas<\/i><\/b>&rdquo;? <b><a href=\"https:\/\/www.youtube.com\/live\/JS4XxhJ2eJ8\" style=\"color:blue; text-decoration:underline\">Clique aqui<\/a><\/b> e confira!<\/span><\/span><\/span><\/span><\/p>\r\n\r\n<p style=\"text-align:justify\"><span style=\"font-size:28pt\"><span style=\"font-family:Aptos,sans-serif\"><span style=\"letter-spacing:-0.5pt\"><b><span style=\"font-size:18.0pt\"><span style=\"font-variant:small-caps\">O que vem por a&iacute;<\/span><\/span><\/b><\/span><\/span><\/span><\/p>\r\n\r\n<p style=\"text-align:justify\"><img src=\"https:\/\/www.abint.org.br\/assets\/img\/editor\/banner-quadrado-cbig2026_20260224195316ZlM7pbZhFv.jpeg\" style=\"width: 500px; height: 500px;\" \/><\/p>\r\n\r\n<p><span style=\"font-size:11pt\"><span style=\"line-height:normal\"><span style=\"font-family:Aptos,sans-serif\"><a href=\"https:\/\/www.even3.com.br\/curso-brasileiro-de-instalacao-de-geomembranas-paulo-kenji-acakiura-686190\/\" style=\"color:blue; text-decoration:underline\"><b><span style=\"font-size:14.0pt\">Acesse aqui para fazer sua inscri&ccedil;&atilde;o<\/span><\/b><\/a><\/span><\/span><\/span><\/p>\r\n\r\n<p>&nbsp;<\/p>\r\n\r\n<p><b><img src=\"https:\/\/www.abint.org.br\/assets\/img\/editor\/curso-naotecidos-2026_20260210190824gUkSCpzLPV.jpg\" style=\"width: 500px; height: 500px;\" \/><\/b><\/p>\r\n\r\n<p><span style=\"font-size:11pt\"><span style=\"line-height:normal\"><span style=\"font-family:Aptos,sans-serif\"><a href=\"https:\/\/forms.gle\/VzyfvmnBbH7FtFGV9\" style=\"color:blue; text-decoration:underline\"><b><span style=\"font-size:14.0pt\">Informa&ccedil;&otilde;es e inscri&ccedil;&otilde;es<\/span><\/b><\/a><\/span><\/span><\/span><\/p>\r\n\r\n<p><span style=\"font-size:28pt\"><span style=\"font-family:Aptos,sans-serif\"><span style=\"letter-spacing:-0.5pt\"><b><span style=\"font-size:18.0pt\"><span style=\"font-variant:small-caps\">Not&iacute;cias das Associadas<\/span><\/span><\/b><\/span><\/span><\/span><\/p>\r\n\r\n<p style=\"text-align:justify\"><span style=\"font-size:11pt\"><span style=\"line-height:normal\"><span style=\"font-family:Aptos,sans-serif\"><a href=\"http:\/\/www.jornow.com.br\/jornow\/noticia.php?idempresa=4412&amp;num_release=315298&amp;ori=V\" style=\"color:blue; text-decoration:underline\"><span style=\"font-size:14.0pt\">&Uacute;ltimas vagas para o Curso de Instala&ccedil;&atilde;o de Geomembranas do CTG ABINT 2026<\/span><\/a><\/span><\/span><\/span><\/p>\r\n\r\n<p style=\"text-align:justify\"><span style=\"font-size:11pt\"><span style=\"line-height:normal\"><span style=\"font-family:Aptos,sans-serif\"><a href=\"https:\/\/br.investing.com\/news\/transcripts\/andritz-registra-crescimento-de-receita-no-4o-tri-de-2025-e-aquisicoes-estrategicas-93CH-1857695\" style=\"color:blue; text-decoration:underline\"><span style=\"font-size:14.0pt\">Andritz registra crescimento de receita no 4&ordm; tri de 2025 e aquisi&ccedil;&otilde;es estrat&eacute;gicas<\/span><\/a><\/span><\/span><\/span><\/p>\r\n\r\n<p style=\"text-align:justify\"><span style=\"font-size:11pt\"><span style=\"line-height:normal\"><span style=\"font-family:Aptos,sans-serif\"><a href=\"https:\/\/portalradar.com.br\/assintecal-e-abicalcados-entregam-certificados-do-origem-sustentavel-na-fimec\/\" style=\"color:blue; text-decoration:underline\"><span style=\"font-size:14.0pt\">Fibertex: Assintecal e Abical&ccedil;ados entregam certificados do Origem Sustent&aacute;vel na Fimec<\/span><\/a><\/span><\/span><\/span><\/p>\r\n\r\n<p style=\"text-align:justify\"><span style=\"font-size:11pt\"><span style=\"line-height:normal\"><span style=\"font-family:Aptos,sans-serif\"><a href=\"https:\/\/www.maua.br\/noticias\/maua-em-foco\/maua-cria-hub-para-programas-corporativos-sob-medida\/texto\/1?utm_source=akna&amp;utm_medium=email&amp;utm_campaign=InfoMaua-170\" style=\"color:blue; text-decoration:underline\"><span style=\"font-size:14.0pt\">Mau&aacute; cria Hub para programas corporativos sob medida<\/span><\/a><\/span><\/span><\/span><\/p>\r\n\r\n<p style=\"text-align:justify\"><span style=\"font-size:11pt\"><span style=\"line-height:normal\"><span style=\"font-family:Aptos,sans-serif\"><b><span style=\"font-size:18.0pt\"><span style=\"font-variant:small-caps\">Eventos<\/span><\/span><\/b><\/span><\/span><\/span><\/p>\r\n\r\n<p style=\"text-align:justify\"><span style=\"font-size:11pt\"><span style=\"line-height:normal\"><span style=\"font-family:Aptos,sans-serif\"><a href=\"https:\/\/app.rdstation.email\/mail\/3014319a-2527-4b0d-b10f-8e21df357c9b?utm_medium=email&amp;utm_campaign=duplicado_de__texbrasil_radar_de_sustentabilidade_4&amp;utm_source=RD+Station\" style=\"color:blue; text-decoration:underline\"><b><span style=\"font-size:14.0pt\">Radar de Sustentabilidade - Dimens&atilde;o: Responsabilidade Ambiental<\/span><\/b><\/a><span style=\"font-size:14.0pt\">, 10 de mar&ccedil;o de 2026, 14h &agrave;s 16h, evento online<\/span><\/span><\/span><\/span><\/p>\r\n\r\n<p style=\"text-align:justify\"><span style=\"font-size:11pt\"><span style=\"line-height:normal\"><span style=\"font-family:Aptos,sans-serif\"><a href=\"https:\/\/eiu-enquiries.zoom.us\/webinar\/register\/3617715933988\/WN_sbh-iqI5Q4yBvKLuQAcBYw?utm_campaign=MA00009251&amp;utm_medium=email-owned&amp;utm_source=eiu-marketing-cloud&amp;RefID=&amp;utm_term=20260303&amp;utm_id=2166621&amp;sfmc_id=00QWT00000A9Mst2AF&amp;utm_content=cta-button-1&amp;id_mc=277289080#\/registration\" style=\"color:blue; text-decoration:underline\"><b><span lang=\"EN-US\" style=\"font-size:14.0pt\">The EIU | Webinar: Navigating the next phase of financial risk<\/span><\/b><\/a><span lang=\"EN-US\" style=\"font-size:14.0pt\">, Wednesday March 18th 2026, 12:00pm EDT | 4:00pm GMT | 5:00pm CET<\/span><\/span><\/span><\/span><\/p>\r\n\r\n<p style=\"text-align:justify\"><span style=\"font-size:11pt\"><span style=\"line-height:normal\"><span style=\"font-family:Aptos,sans-serif\"><a href=\"https:\/\/congressodeinovacao.com.br\/\" style=\"color:blue; text-decoration:underline\"><b><span style=\"font-size:14.0pt\">11&ordm; Congresso de Inova&ccedil;&atilde;o da Ind&uacute;stria<\/span><\/b><\/a><span style=\"font-size:14.0pt\">, 25 e 26 de mar&ccedil;o de 2026, WTC S&atilde;o Paulo<\/span><\/span><\/span><\/span><\/p>\r\n\r\n<p style=\"text-align:justify\"><span style=\"font-size:11pt\"><span style=\"line-height:normal\"><span style=\"font-family:Aptos,sans-serif\"><a href=\"https:\/\/www.feimec.com.br\/pt\/home.html\" style=\"color:blue; text-decoration:underline\"><b><span style=\"font-size:14.0pt\">FEIMEC - Feira Internacional de M&aacute;quinas e Equipamentos<\/span><\/b><\/a><span style=\"font-size:14.0pt\">, 05 a 09 de maio de 2026, ter&ccedil;a a sexta - 10h &agrave;s 19h | s&aacute;bado - 9h &agrave;s 17h, S&atilde;o Paulo Expo, Rod. dos Imigrantes, KM 1,5<\/span><\/span><\/span><\/span><\/p>\r\n\r\n<p style=\"text-align:justify\"><span style=\"font-size:11pt\"><span style=\"line-height:normal\"><span style=\"font-family:Aptos,sans-serif\"><a href=\"https:\/\/www.hospitalar.com\/?utm_campaign=BRZ26HPR-MN-CREDENCIAMENTO-ABERTO&amp;utm_emailname=BRZ26HPR-MN-CREDENCIAMENTO-ABERTO-1-Resend&amp;utm_medium=email&amp;utm_source=eloqua&amp;utm_MDMContactID=2bb3d23c-a32f-4218-88d5-29f7fb45caee&amp;utm_campaigntype=Visitor%20Promotion&amp;eM=50c7dfe42c38ea8f10539f0a167fc763253059e495554a32db7a57f8f237ec4c&amp;eventSeriesCode=ES_HOSPITALAR&amp;eventEditionCode=BRZ26HPR&amp;sessionCode=S_EXHB&amp;sp_eh=50c7dfe42c38ea8f10539f0a167fc763253059e495554a32db7a57f8f237ec4c\" style=\"color:blue; text-decoration:underline\"><b><span style=\"font-size:14.0pt\">Hospitalar 2026<\/span><\/b><\/a><span style=\"font-size:14.0pt\">, 19 a 22 de maio, das 11h &agrave;s 20h, S&atilde;o Paulo Expo<\/span><\/span><\/span><\/span><\/p>\r\n\r\n<p style=\"text-align:justify\"><span style=\"font-size:11pt\"><span style=\"line-height:normal\"><span style=\"font-family:Aptos,sans-serif\"><a href=\"https:\/\/credenciamentonexumgroup.lovable.app\/evento\/personal-care-summit-latinoamerica-2026\" style=\"color:blue; text-decoration:underline\"><b><span style=\"font-size:14.0pt\">Personal Care Summit Latinoam&eacute;rica | I<\/span><\/b><b><span style=\"font-size:14.0pt\">nd&uacute;stria 5.0: Tecnologia e Pessoas<\/span><\/b><\/a><span style=\"font-size:14.0pt\">, 09 de junho de 2026, Hotel Pullman, Guarulhos, SP<\/span><\/span><\/span><\/span><\/p>\r\n\r\n<p style=\"text-align:justify\"><span style=\"font-size:11pt\"><span style=\"line-height:normal\"><span style=\"font-family:Aptos,sans-serif\"><a href=\"https:\/\/www.hightex.com.tr\/\" style=\"color:blue; text-decoration:underline\"><b><span lang=\"EN-US\" style=\"font-size:14.0pt\">HIGTEX 2026 &ndash; International Technical Textiles and Nonwoven Exhibition<\/span><\/b><\/a><span lang=\"EN-US\" style=\"font-size:14.0pt\">, June 9&ndash;13, T&Uuml;YAP Fair and Congress Center, \u0130stanbul, T&uuml;rkiye<\/span><\/span><\/span><\/span><\/p>\r\n\r\n<p style=\"text-align:justify\"><span style=\"font-size:11pt\"><span style=\"line-height:normal\"><span style=\"font-family:Aptos,sans-serif\"><a href=\"https:\/\/www.worldofwipes.org\/\" style=\"color:blue; text-decoration:underline\"><b><span lang=\"EN-US\" style=\"font-size:14.0pt\">INDA | WOW - World of Wipes International Conference<\/span><\/b><\/a><span lang=\"EN-US\" style=\"font-size:14.0pt\">, June 29&ndash;July 2, 2026, Grand Hyatt Nashville, Nashville, Tennessee USA<\/span><\/span><\/span><\/span><\/p>\r\n\r\n<p style=\"text-align:justify\"><span style=\"font-size:11pt\"><span style=\"line-height:normal\"><span style=\"font-family:Aptos,sans-serif\"><a href=\"https:\/\/filtech.de\/\" style=\"color:blue; text-decoration:underline\"><b><span style=\"font-size:14.0pt\">Filtech 2026<\/span><\/b><\/a><span style=\"font-size:14.0pt\">, 30 de junho a 2 de julho, Cologne, Alemanha<\/span><\/span><\/span><\/span><\/p>\r\n\r\n<p style=\"text-align:justify\"><span style=\"font-size:11pt\"><span style=\"line-height:normal\"><span style=\"font-family:Aptos,sans-serif\"><a href=\"https:\/\/www.formobile.com.br\/pt\/home.html\" style=\"color:blue; text-decoration:underline\"><b><span style=\"font-size:14.0pt\">ForM&oacute;bile 2026<\/span><\/b><\/a><span style=\"font-size:14.0pt\">, 30 de junho a 3 de julho, S&atilde;o Paulo Expo<\/span><\/span><\/span><\/span><\/p>\r\n\r\n<p style=\"text-align:justify\"><span style=\"font-size:11pt\"><span style=\"line-height:normal\"><span style=\"font-family:Aptos,sans-serif\"><a href=\"https:\/\/sienge.com.br\/construsummit\/\" style=\"color:blue; text-decoration:underline\"><b><span style=\"font-size:14.0pt\">Construsummit<\/span><\/b><\/a><span style=\"font-size:14.0pt\">, 1 e 2 de julho de 2026, Florian&oacute;polis, SC<\/span><\/span><\/span><\/span><\/p>\r\n\r\n<p style=\"text-align:justify\"><span style=\"font-size:11pt\"><span style=\"line-height:normal\"><span style=\"font-family:Aptos,sans-serif\"><a href=\"https:\/\/feiplar.com\/Presencial\/inicio-2024\/\" style=\"color:blue; text-decoration:underline\"><b><span style=\"font-size:14.0pt\">FEIPLAR &amp; FEIPUR &ndash; Feira e Congresso Internacionais de Materiais Avan&ccedil;ados<\/span><\/b><\/a><span style=\"font-size:14.0pt\">, 25 a 27 de agosto de 2026, S&atilde;o Paulo Expo | Pavilh&atilde;o 5, S&atilde;o Paulo, SP, Brasil<\/span><\/span><\/span><\/span><\/p>\r\n\r\n<p style=\"text-align:justify\"><span style=\"font-size:11pt\"><span style=\"line-height:normal\"><span style=\"font-family:Aptos,sans-serif\"><a href=\"https:\/\/ficons.com.br\/\" style=\"color:blue; text-decoration:underline\"><b><span style=\"font-size:14.0pt\">FICONS - Feira Internacional de Materiais, Equipamentos e Servi&ccedil;os da Constru&ccedil;&atilde;o<\/span><\/b><\/a><span style=\"font-size:14.0pt\">, 15 a 18 de setembro de 2026, Centro de Conven&ccedil;&otilde;es de Pernambuco Recife\/ Olinda<\/span><\/span><\/span><\/span><\/p>\r\n\r\n<p style=\"text-align:justify\"><span style=\"font-size:11pt\"><span style=\"line-height:normal\"><span style=\"font-family:Aptos,sans-serif\"><a href=\"https:\/\/www.edana.org\/events\/outlook\/outlook-2025\" style=\"color:blue; text-decoration:underline\"><b><span style=\"font-size:14.0pt\">OUTLOOK&trade; 2026<\/span><\/b><\/a><span style=\"font-size:14.0pt\">, 22&ndash;24 September, Hotel Miragem, Cascais, Portugal<\/span><\/span><\/span><\/span><\/p>\r\n\r\n<p style=\"text-align:justify\"><span style=\"font-size:11pt\"><span style=\"line-height:normal\"><span style=\"font-family:Aptos,sans-serif\"><a href=\"https:\/\/hospitalmed.com.br\/feira\/\" style=\"color:blue; text-decoration:underline\"><b><span style=\"font-size:14.0pt\">HospitalMed<\/span><\/b><\/a><span style=\"font-size:14.0pt\">, 21 a 23 de outubro de 2026, das 14h &agrave;s 20h, Pernambuco Centro de Conven&ccedil;&otilde;es, Olinda<\/span><\/span><\/span><\/span><\/p>\r\n\r\n<p style=\"text-align:justify\"><span style=\"font-size:11pt\"><span style=\"line-height:normal\"><span style=\"font-family:Aptos,sans-serif\"><a href=\"https:\/\/www.edana.org\/events\/edana-sustainability-forum\" style=\"color:blue; text-decoration:underline\"><b><span lang=\"EN-US\" style=\"font-size:14.0pt\">Sustainability &amp; Policy Forum<\/span><\/b><\/a><span lang=\"EN-US\" style=\"font-size:14.0pt\">, 8&ndash;9 December 2026, Residence Palace in Brussels, Belgium<\/span><\/span><\/span><\/span><\/p>\r\n\r\n<p style=\"text-align:justify\"><span style=\"font-size:11pt\"><span style=\"line-height:normal\"><span style=\"font-family:Aptos,sans-serif\"><a href=\"https:\/\/infrane.com.br\/\" style=\"color:blue; text-decoration:underline\"><b><span style=\"font-size:14.0pt\">Infra NE<\/span><\/b><\/a><span style=\"font-size:14.0pt\">, 03 a 05 de mar&ccedil;o de 2027, Centro de Conven&ccedil;&otilde;es Salvador<\/span><\/span><\/span><\/span><\/p>\r\n\r\n<p style=\"text-align:justify\"><span style=\"font-size:28pt\"><span style=\"font-family:Aptos,sans-serif\"><span style=\"letter-spacing:-0.5pt\"><b><span style=\"font-size:18.0pt\"><span style=\"font-variant:small-caps\">Setor<\/span><\/span><\/b><\/span><\/span><\/span><\/p>\r\n\r\n<p style=\"text-align:justify\"><span style=\"font-size:11pt\"><span style=\"line-height:normal\"><span style=\"font-family:Aptos,sans-serif\"><a href=\"https:\/\/clickpetroleoegas.com.br\/em-vez-de-aco-plastico-ou-polimeros-industriais-engenheiros-indianos-estao-usando-toneladas-de-fibra-de-coco-extraida-das-cascas-do-fruto-para-construir-a-base-de-estradas-gigantes-mhbb01\/\" style=\"color:blue; text-decoration:underline\"><span style=\"font-size:14.0pt\">Em vez de a&ccedil;o, pl&aacute;stico ou pol&iacute;meros industriais, engenheiros indianos est&atilde;o usando toneladas de fibra de coco extra&iacute;da das cascas do fruto para construir a base de estradas gigantes, transformando um res&iacute;duo agr&iacute;cola em uma solu&ccedil;&atilde;o estrutural sustent&aacute;vel para suportar tr&aacute;fego pesado<\/span><\/a><\/span><\/span><\/span><\/p>\r\n\r\n<p style=\"text-align:justify\"><span style=\"font-size:11pt\"><span style=\"line-height:normal\"><span style=\"font-family:Aptos,sans-serif\"><a href=\"https:\/\/petronoticias.com.br\/com-barril-de-petroleo-perto-dos-us-93-petrobras-sinaliza-evitar-repasse-imediato-para-o-mercado-brasileiro\/\" style=\"color:blue; text-decoration:underline\"><span style=\"font-size:14.0pt\">Com barril de petr&oacute;leo perto dos US$ 93, Petrobr&aacute;s sinaliza evitar repasse imediato para o mercado brasileiro<\/span><\/a><\/span><\/span><\/span><\/p>\r\n\r\n<p style=\"text-align:justify\"><span style=\"font-size:11pt\"><span style=\"line-height:normal\"><span style=\"font-family:Aptos,sans-serif\"><a href=\"https:\/\/www.msn.com\/pt-br\/dinheiro\/economia-e-negocios\/produ%C3%A7%C3%A3o-t%C3%AAxtil-deve-crescer-11-em-2026-diz-abit\/ar-AA1UGgVO?apiversion=v2&amp;domshim=1&amp;noservercache=1&amp;noservertelemetry=1&amp;batchservertelemetry=1&amp;renderwebcomponents=1&amp;wcseo=1\" style=\"color:blue; text-decoration:underline\"><span style=\"font-size:14.0pt\">Produ&ccedil;&atilde;o t&ecirc;xtil deve crescer 1,1% em 2026, diz Abit<\/span><\/a><\/span><\/span><\/span><\/p>\r\n\r\n<p style=\"text-align:justify\"><span style=\"font-size:11pt\"><span style=\"line-height:normal\"><span style=\"font-family:Aptos,sans-serif\"><a href=\"https:\/\/plasticosemrevista.com.br\/petroquimicas-orientais-declaram-forca-maior\/\" style=\"color:blue; text-decoration:underline\"><span style=\"font-size:14.0pt\">Petroqu&iacute;micas orientais declaram for&ccedil;a maior<\/span><\/a><\/span><\/span><\/span><\/p>\r\n\r\n<p style=\"text-align:justify\"><span style=\"font-size:11pt\"><span style=\"line-height:normal\"><span style=\"font-family:Aptos,sans-serif\"><a href=\"https:\/\/plasticosemrevista.com.br\/coreia-do-sul-refinaria-prepara-partida-de-super-cracker\/\" style=\"color:blue; text-decoration:underline\"><span style=\"font-size:14.0pt\">Coreia do Sul: refinaria prepara partida de super cracker<\/span><\/a><\/span><\/span><\/span><\/p>\r\n\r\n<p style=\"text-align:justify\"><span style=\"font-size:11pt\"><span style=\"line-height:normal\"><span style=\"font-family:Aptos,sans-serif\"><a href=\"https:\/\/plasticosemrevista.com.br\/petroquimica-russa-investe-pesado-em-pe-e-pp\/\" style=\"color:blue; text-decoration:underline\"><span style=\"font-size:14.0pt\">Petroqu&iacute;mica russa investe pesado em PE e PP<\/span><\/a><\/span><\/span><\/span><\/p>\r\n\r\n<p style=\"text-align:justify\"><span style=\"font-size:11pt\"><span style=\"line-height:normal\"><span style=\"font-family:Aptos,sans-serif\"><a href=\"https:\/\/innovationintextiles.com\/expanding-geotextiles-production-in-saudi-arabia\/\" style=\"color:blue; text-decoration:underline\"><span lang=\"EN-US\" style=\"font-size:14.0pt\">Expanding geotextiles production in Saudi Arabia<\/span><\/a><\/span><\/span><\/span><\/p>\r\n\r\n<p style=\"text-align:justify\"><span style=\"font-size:11pt\"><span style=\"line-height:normal\"><span style=\"font-family:Aptos,sans-serif\"><a href=\"https:\/\/blogdoalberesxavier.com\/noticias\/67185\/moradores-da-zona-norte-ganham-seguranca-e-qualidade-de-vida-com-aplicacao-de-mais-uma-geomanta\" style=\"color:blue; text-decoration:underline\"><span style=\"font-size:14.0pt\">Moradores da Zona Norte ganham seguran&ccedil;a e qualidade de vida com aplica&ccedil;&atilde;o de mais uma geomanta<\/span><\/a><\/span><\/span><\/span><\/p>\r\n\r\n<p style=\"text-align:justify\"><span style=\"font-size:11pt\"><span style=\"line-height:normal\"><span style=\"font-family:Aptos,sans-serif\"><a href=\"http:\/\/clickemail.portalpersonalcare.com.br\/ls\/click?upn=u001.D2-2F0Tg0A29KXXLMT6ctG-2BYOihdDbc-2ByFrUFb3ZXMT9SSFUUkXNt692Ndrzcg9UPGYpOvqJnGYBm2vxVvMo7PrFVHxLtBDtJxu3pNO3tqK4-2FGSsqYJVr9iFuEiGcxOu9PlyW2Qe3CKMt48OqOR1ammUiqo8SRTg4Xvl0QEGKP85FriRt-2Bwg2TMzakQPjJWpmEBjwUAv45tzk-2FdFqd7NYmpD2ArI9-2BcAVOsuPeYYfV5Tk7hGv7ppF4OuGvPwrZr-2FwrB8G8VsQGBszxlaxvZSRmU9Oj0ChOcyit-2BJdjtGST7sgI251mq9M11tOnJ8tJoBezuYXp_T7N8BvZTOm04CQQMiyWztrpCjlUrRc4F7QzSgUIpTqDyHxxxhGpyWLohz7JoE2GE5NHlS-2BYZoX1R75Fh8KCze9GvCCb-2FinuNgc39g0Cdbe-2FcU8RlSBQhp5om11AQZQ-2FDuxHGLGCbL9HuWNiLH8L8M2i7OHI7ev3dDn-2Fnyy7fNHvSVLi4FplyJUr-2BoNYTrHYcSM55gWdXwyr-2FKOVWuTFd85qxyJTnl88W933K9WChFuMJH44XQTBDiMawvExlMa1Cw-2Bc104qqsgwj23HhljE055RjenCjZfheuX3NWWfGMUhYSX9LK4nBEZuxCyWwBkZxC3usicjXF5WaEevUjwsAxx0qsFEmd9xtcrrapJzz3-2FPJA4w-2FmMUY-2FaS60zyT0HyEW-2Bc0ONrKAJ1-2BFw2xWC0fnBFAlVTp155BKm8DjqQ30mi1bCq1-2FU0hn8UuIKNkupMSJbGRewtQh6j0WERijQO89qvp55oBZK4d2H8VjFZioGcp59dMS2MntEwb-2BaT-2FfVI93geK3TdAj8n4nB2gbMd4FCMCKy3koGLxeuYvE3PStJqyOcwLsxNev7ybxC1kezJEmMDUc3aCUhim5lXaY0cBk35-2Fx9W2Y3ujMe4zi0OuYjxWxGeLupBR5gejslANG70iSrUMzkv2I-2BSM7vfAIJpCfA-3D-3D\" style=\"color:blue; text-decoration:underline\" target=\"_blank\"><span style=\"font-size:14.0pt\">ABIHPEC participa do F&oacute;rum Empresarial Coreia-Brasil e amplia di&aacute;logo estrat&eacute;gico para exporta&ccedil;&otilde;es do setor<\/span><\/a><\/span><\/span><\/span><\/p>\r\n\r\n<p style=\"text-align:justify\"><span style=\"font-size:28pt\"><span style=\"font-family:Aptos,sans-serif\"><span style=\"letter-spacing:-0.5pt\"><b><span style=\"font-size:18.0pt\"><span style=\"font-variant:small-caps\">Ind&uacute;stria<\/span><\/span><\/b><\/span><\/span><\/span><\/p>\r\n\r\n<p style=\"text-align:justify\"><span style=\"font-size:11pt\"><span style=\"line-height:normal\"><span style=\"font-family:Aptos,sans-serif\"><a href=\"https:\/\/noticias.portaldaindustria.com.br\/noticias\/economia\/faturamento-da-industria-sobe-23-em-janeiro-mas-nao-reverte-quadro-negativo-avalia-cni\/\" style=\"color:blue; text-decoration:underline\"><span style=\"font-size:14.0pt\">Faturamento da ind&uacute;stria sobe 2,3% em janeiro, mas n&atilde;o reverte quadro negativo, avalia CNI<\/span><\/a><\/span><\/span><\/span><\/p>\r\n\r\n<p style=\"text-align:justify\"><span style=\"font-size:11pt\"><span style=\"line-height:normal\"><span style=\"font-family:Aptos,sans-serif\"><a href=\"https:\/\/horadopovo.com.br\/dados-alertam-para-agravamento-da-desindustrializacao-aponta-cni\/\" style=\"color:blue; text-decoration:underline\"><span style=\"font-size:14.0pt\">Dados alertam para agravamento da desindustrializa&ccedil;&atilde;o, aponta CNI<\/span><\/a><\/span><\/span><\/span><\/p>\r\n\r\n<p style=\"text-align:justify\"><span style=\"font-size:11pt\"><span style=\"line-height:normal\"><span style=\"font-family:Aptos,sans-serif\"><a href=\"https:\/\/cbic.org.br\/construcao-civil-cresce-pelo-segundo-ano-consecutivo-mas-juros-altos-limitam-potencial-de-expansao\/\" style=\"color:blue; text-decoration:underline\"><span style=\"font-size:14.0pt\">Constru&ccedil;&atilde;o civil cresce pelo segundo ano consecutivo, mas juros altos limitam potencial de expans&atilde;o<\/span><\/a><\/span><\/span><\/span><\/p>\r\n\r\n<p class=\"MsoTitle\" style=\"text-align:justify\"><span style=\"font-size:11pt\"><span style=\"line-height:normal\"><span style=\"font-family:Aptos,sans-serif\"><a href=\"https:\/\/www.brasilagro.com.br\/conteudo\/vendas-de-maquinas-e-equipamentos-tem-queda-de-17-em-janeiro-diz-abimaq.html\" style=\"color:blue; text-decoration:underline\"><span style=\"font-size:14.0pt\">Vendas de m&aacute;quinas e equipamentos t&ecirc;m queda de 17% em janeiro, diz Abimaq<\/span><\/a><\/span><\/span><\/span><\/p>\r\n\r\n<p style=\"text-align:justify\"><span style=\"font-size:11pt\"><span style=\"line-height:normal\"><span style=\"font-family:Aptos,sans-serif\"><span class=\"MsoHyperlink\" style=\"color:blue\"><span style=\"text-decoration:underline\"><span style=\"font-size:14.0pt\"><a href=\"https:\/\/monitormercantil.com.br\/ia-deve-transformar-22-das-ocupacoes-ate-2030\/\" style=\"color:blue; text-decoration:underline\">IA deve transformar 22% das ocupa&ccedil;&otilde;es at&eacute; 2030<\/a><\/span><\/span><\/span><\/span><\/span><\/span><\/p>\r\n\r\n<p class=\"MsoTitleCxSpMiddle\" style=\"text-align:justify\"><span style=\"font-size:28pt\"><span style=\"font-family:Aptos,sans-serif\"><span style=\"letter-spacing:-0.5pt\"><b><span style=\"font-size:18.0pt\"><span style=\"font-variant:small-caps\">Sustentabilidade<\/span><\/span><\/b><\/span><\/span><\/span><\/p>\r\n\r\n<p class=\"MsoTitleCxSpLast\" style=\"text-align:justify\"><span style=\"font-size:11pt\"><span style=\"line-height:normal\"><span style=\"font-family:Aptos,sans-serif\"><a href=\"https:\/\/plasticosulamerica.com\/programa-de-incentivo-a-reciclagem-incrementa-a-renda-e-a-produtividade-de-cooperativas-gauchas\/\" style=\"color:blue; text-decoration:underline\"><span style=\"font-size:14.0pt\">Programa de incentivo &agrave; reciclagem incrementa a renda e a produtividade de cooperativas ga&uacute;chas<\/span><\/a><\/span><\/span><\/span><\/p>\r\n\r\n<p class=\"MsoTitle\" style=\"text-align:justify\"><span style=\"font-size:11pt\"><span style=\"line-height:normal\"><span style=\"font-family:Aptos,sans-serif\"><a href=\"https:\/\/www.agenciasp.sp.gov.br\/projeto-reaproveita-plastico-dos-hidrometros-antigos-no-tratamento-de-esgoto\/\" style=\"color:blue; text-decoration:underline\"><span style=\"font-size:14.0pt\">Projeto reaproveita pl&aacute;stico dos hidr&ocirc;metros antigos no tratamento de esgoto<\/span><\/a><\/span><\/span><\/span><\/p>\r\n\r\n<p class=\"MsoTitle\" style=\"text-align:justify\"><span style=\"font-size:11pt\"><span style=\"line-height:normal\"><span style=\"font-family:Aptos,sans-serif\"><span class=\"MsoHyperlink\" style=\"color:blue\"><span style=\"text-decoration:underline\"><span style=\"font-size:14.0pt\"><a href=\"https:\/\/www.ey.com\/pt_br\/newsroom\/2026\/03\/saneamento-basico-segmento-favorito-infraestrutura-receber-investimentos\" style=\"color:blue; text-decoration:underline\">Saneamento b&aacute;sico &eacute; segmento favorito de infraestrutura para receber investimentos<\/a><\/span><\/span><\/span><\/span><\/span><\/span><\/p>\r\n\r\n<p style=\"text-align:justify\"><span style=\"font-size:11pt\"><span style=\"line-height:115%\"><span style=\"font-family:Aptos,sans-serif\"><a href=\"https:\/\/g1.globo.com\/sp\/santos-regiao\/noticia\/2026\/03\/04\/santos-inicia-projeto-piloto-com-grelhas-ecologicas-para-modernizar-rede-de-drenagem.ghtml\" style=\"color:blue; text-decoration:underline\"><span style=\"font-size:14.0pt\"><span style=\"line-height:115%\">Pl&aacute;stico: Santos inicia projeto-piloto com grelhas ecol&oacute;gicas para modernizar rede de drenagem<\/span><\/span><\/a><\/span><\/span><\/span><\/p>\r\n\r\n<p><span style=\"font-size:28pt\"><span style=\"font-family:Aptos,sans-serif\"><span style=\"letter-spacing:-0.5pt\"><b><span style=\"font-size:18.0pt\"><span style=\"font-variant:small-caps\">Inova&ccedil;&atilde;o<\/span><\/span><\/b><\/span><\/span><\/span><\/p>\r\n\r\n<p class=\"MsoTitleCxSpFirst\" style=\"text-align:justify\"><span style=\"font-size:11pt\"><span style=\"line-height:normal\"><span style=\"font-family:Aptos,sans-serif\"><span class=\"MsoHyperlink\" style=\"color:blue\"><span style=\"text-decoration:underline\"><span style=\"font-size:14.0pt\"><span style=\"text-decoration:none\"><span style=\"text-underline:none\"><a href=\"https:\/\/innovationintextiles.com\/ita-now-equipped-for-pla-recycling\/\" style=\"color:blue; text-decoration:underline\"><span style=\"text-decoration:none\"><span style=\"text-underline:none\">ITA now equipped for PLA recycling<\/span><\/span><\/a><\/span><\/span><\/span><\/span><\/span><\/span><\/span><\/span><\/p>\r\n\r\n<p class=\"MsoTitle\" style=\"text-align:justify\"><span style=\"font-size:11pt\"><span style=\"line-height:normal\"><span style=\"font-family:Aptos,sans-serif\"><span class=\"MsoHyperlink\" style=\"color:blue\"><span style=\"text-decoration:underline\"><span style=\"font-size:14.0pt\"><span style=\"text-decoration:none\"><span style=\"text-underline:none\"><a href=\"https:\/\/public-api.wordpress.com\/bar\/?stat=groovemails-events&amp;bin=wpcom_email_click&amp;redirect_to=https%3A%2F%2Fblogdoplastico.wordpress.com%2F2026%2F03%2F06%2Finovacoes-em-aditivos-plasticos-protegem-safra-de-soja-e-propiciam-qualidade-do-grao-no-armazenamento%2F&amp;sr=0&amp;signature=7aecfc6bf170bae1789a8dc995b21467&amp;blog_id=9438832&amp;user=135099004&amp;_e=eyJlcnJvciI6bnVsbCwiYmxvZ19pZCI6OTQzODgzMiwiYmxvZ19sYW5nIjoicHQtQlIiLCJzaXRlX2lkX2xhYmVsIjoid3Bjb20iLCJoYXNfZmVhdHVyZWRfaW1hZ2UiOiIwIiwic3Vic2NyaWJlcl9pZCI6IjQ0NzAwMjQ1IiwiX3VpIjoxMzUwOTkwMDQsImxvY2FsZSI6InB0LWJyIiwiY3VycmVuY3kiOiJCUkwiLCJjb3VudHJ5X2NvZGVfc2lnbnVwIjoiQlIiLCJzaWdudXBfZmxvd19uYW1lIjoiZGVsdGEtc2l0ZSIsImVtYWlsX2RvbWFpbiI6ImFiaW50Lm9yZy5iciIsInBvc3RfaWQiOjE5Njk0LCJ1c2VyX2VtYWlsIjoiYWJpbnRAYWJpbnQub3JnLmJyIiwiZGF0ZV9zZW50IjoiMjAyNi0wMy0wNiIsImVtYWlsX25hbWUiOiJuZXctcG9zdCIsInRlbXBsYXRlIjoibmV3LXBvc3QiLCJlbWFpbF9pZCI6IjQ1MGY1ZWIzZmJjYTYxMDFkODY4ZGQyOTk3NGJmNjYwIiwibGlua19kZXNjIjoicG9zdC11cmwiLCJhbmNob3JfdGV4dCI6Iklub3ZhXHUwMGU3XHUwMGY1ZXMgZW0gYWRpdGl2b3MgcGxcdTAwZTFzdGljb3MgcHJvdGVnZW0gc2FmcmEgZGUgc29qYSBlIHByb3BpY2lhbSBxdWFsaWRhZGUgZG8gZ3JcdTAwZTNvIG5vXHUwMGEwYXJtYXplbmFtZW50byIsIl9kciI6bnVsbCwiX2RsIjoiXC93cC1hZG1pblwvcG9zdC5waHAiLCJfdXQiOiJ3cGNvbTp1c2VyX2lkIiwiX3VsIjoiYWJpbnR0dCIsIl9lbiI6IndwY29tX2VtYWlsX2NsaWNrIiwiX3RzIjoxNzcyODIyODQ0Nzg1LCJicm93c2VyX3R5cGUiOiJwaHAtYWdlbnQiLCJfYXVhIjoid3Bjb20tdHJhY2tzLWNsaWVudC12MC4zIiwiYmxvZ190eiI6Ii0zIiwidXNlcl9sYW5nIjoicHQtYnIifQ=&amp;_z=z\" style=\"color:blue; text-decoration:underline\"><span style=\"text-decoration:none\"><span style=\"text-underline:none\">Inova&ccedil;&otilde;es em aditivos pl&aacute;sticos protegem safra de soja e propiciam qualidade do gr&atilde;o no&nbsp;armazenamento<\/span><\/span><\/a><\/span><\/span><\/span><\/span><\/span><\/span><\/span><\/span><\/p>\r\n\r\n<p><span style=\"font-size:28pt\"><span style=\"font-family:Aptos,sans-serif\"><span style=\"letter-spacing:-0.5pt\"><b><span style=\"font-size:18.0pt\"><span style=\"font-variant:small-caps\">Com&eacute;rcio Exterio<\/span><\/span><\/b><\/span><\/span><\/span><span style=\"font-size:28pt\"><span style=\"font-family:Aptos,sans-serif\"><span style=\"letter-spacing:-0.5pt\"><b><span style=\"font-size:18.0pt\"><span style=\"font-variant:small-caps\">r<\/span><\/span><\/b><\/span><\/span><\/span><\/p>\r\n\r\n<p style=\"text-align:justify\"><span style=\"font-size:11pt\"><span style=\"line-height:normal\"><span style=\"font-family:Aptos,sans-serif\"><span class=\"MsoHyperlink\" style=\"color:blue\"><span style=\"text-decoration:underline\"><span style=\"font-size:14.0pt\"><span style=\"text-decoration:none\"><span style=\"text-underline:none\"><a href=\"https:\/\/www12.senado.leg.br\/noticias\/materias\/2026\/03\/04\/por-unanimidade-senado-aprova-acordo-entre-mercosul-e-ue?utm_medium=email&amp;utm_source=resumo-agencia&amp;utm_campaign=2026-03-04\" style=\"color:blue; text-decoration:underline\"><span style=\"text-decoration:none\"><span style=\"text-underline:none\">Por unanimidade, Senado aprova acordo entre Mercosul e Uni&atilde;o Europeia<\/span><\/span><\/a><\/span><\/span><\/span><\/span><\/span><\/span><\/span><\/span><\/p>\r\n\r\n<p style=\"text-align:justify\"><span style=\"font-size:11pt\"><span style=\"line-height:normal\"><span style=\"font-family:Aptos,sans-serif\"><span class=\"MsoHyperlink\" style=\"color:blue\"><span style=\"text-decoration:underline\"><span style=\"font-size:14.0pt\"><span style=\"text-decoration:none\"><span style=\"text-underline:none\"><a href=\"https:\/\/www12.senado.leg.br\/noticias\/materias\/2026\/03\/04\/mercosul-ue-o-que-diz-o-acordo-aprovado-pelo-senado?utm_medium=email&amp;utm_source=resumo-agencia&amp;utm_campaign=2026-03-04\" style=\"color:blue; text-decoration:underline\"><span style=\"text-decoration:none\"><span style=\"text-underline:none\">Mercosul-UE: o que diz o acordo aprovado pelo Senado<\/span><\/span><\/a><\/span><\/span><\/span><\/span><\/span><\/span><\/span><\/span><\/p>\r\n\r\n<p style=\"text-align:justify\"><span style=\"font-size:11pt\"><span style=\"line-height:normal\"><span style=\"font-family:Aptos,sans-serif\"><span class=\"MsoHyperlink\" style=\"color:blue\"><span style=\"text-decoration:underline\"><span style=\"font-size:14.0pt\"><span style=\"text-decoration:none\"><span style=\"text-underline:none\"><a href=\"https:\/\/anba.com.br\/brasil-regulamenta-salvaguarda-para-acordos\/\" style=\"color:blue; text-decoration:underline\"><span style=\"text-decoration:none\"><span style=\"text-underline:none\">Brasil regulamenta salvaguarda para acordos<\/span><\/span><\/a><\/span><\/span><\/span><\/span><\/span><\/span><\/span><\/span><\/p>\r\n\r\n<p style=\"text-align:justify\"><span style=\"font-size:11pt\"><span style=\"line-height:normal\"><span style=\"font-family:Aptos,sans-serif\"><span class=\"MsoHyperlink\" style=\"color:blue\"><span style=\"text-decoration:underline\"><span style=\"font-size:14.0pt\"><span style=\"text-decoration:none\"><span style=\"text-underline:none\"><a href=\"https:\/\/noticias.portaldaindustria.com.br\/noticias\/internacional\/brasil-e-suecia-reforcam-cooperacao-industrial-e-tecnologica-em-reuniao-na-cni\/\" style=\"color:blue; text-decoration:underline\"><span style=\"text-decoration:none\"><span style=\"text-underline:none\">Brasil e Su&eacute;cia refor&ccedil;am coopera&ccedil;&atilde;o industrial e tecnol&oacute;gica em reuni&atilde;o na CNI<\/span><\/span><\/a><\/span><\/span><\/span><\/span><\/span><\/span><\/span><\/span><\/p>\r\n\r\n<p style=\"text-align:justify\"><span style=\"font-size:11pt\"><span style=\"line-height:normal\"><span style=\"font-family:Aptos,sans-serif\"><span class=\"MsoHyperlink\" style=\"color:blue\"><span style=\"text-decoration:underline\"><span style=\"font-size:14.0pt\"><span style=\"text-decoration:none\"><span style=\"text-underline:none\"><a href=\"https:\/\/indiantextilejournal.com\/west-asia-unrest-adds-fresh-strain-on-textile-exports-citi\/\" style=\"color:blue; text-decoration:underline\"><span style=\"text-decoration:none\"><span style=\"text-underline:none\">West Asia unrest adds fresh strain on textile exports: CITI<\/span><\/span><\/a><\/span><\/span><\/span><\/span><\/span><\/span><\/span><\/span><\/p>\r\n\r\n<p style=\"text-align:justify\"><span style=\"font-size:28pt\"><span style=\"font-family:Aptos,sans-serif\"><span style=\"letter-spacing:-0.5pt\"><b><span style=\"font-size:18.0pt\"><span style=\"font-variant:small-caps\">Economia<\/span><\/span><\/b><\/span><\/span><\/span><\/p>\r\n\r\n<p style=\"text-align:justify\"><span style=\"font-size:11pt\"><span style=\"line-height:normal\"><span style=\"font-family:Aptos,sans-serif\"><a href=\"https:\/\/www.bcb.gov.br\/content\/focus\/focus\/R20260306.pdf\" style=\"color:blue; text-decoration:underline\"><span style=\"font-size:14.0pt\">Focus - Relat&oacute;rio de Mercado<\/span><\/a><\/span><\/span><\/span><\/p>\r\n\r\n<p style=\"text-align:justify\"><span style=\"font-size:11pt\"><span style=\"line-height:normal\"><span style=\"font-family:Aptos,sans-serif\"><a href=\"https:\/\/portalibre.fgv.br\/system\/files\/divulgacao\/noticias\/mat-complementar\/2026-03\/Bar%C3%B4metros%20Globais%20KOF-FGV_Press%20release_03_2026.pdf\" style=\"color:blue; text-decoration:underline\"><span style=\"font-size:14.0pt\">Bar&ocirc;metros Globais interrompem trajet&oacute;ria de alta dos &uacute;ltimos meses<\/span><\/a><\/span><\/span><\/span><\/p>\r\n\r\n<p style=\"text-align:justify\"><span style=\"font-size:11pt\"><span style=\"line-height:normal\"><span style=\"font-family:Aptos,sans-serif\"><a href=\"https:\/\/ibre.fgv.br\/blog-da-conjuntura-economica\/artigos\/equilibrio-fiscal-e-geopolitica-global\" style=\"color:blue; text-decoration:underline\"><span style=\"font-size:14.0pt\">Equil&iacute;brio fiscal e a geopol&iacute;tica global<\/span><\/a><\/span><\/span><\/span><\/p>\r\n\r\n<p style=\"text-align:justify\"><span style=\"font-size:11pt\"><span style=\"line-height:normal\"><span style=\"font-family:Aptos,sans-serif\"><a href=\"https:\/\/blogdoibre.fgv.br\/posts\/petroleo-em-alta-um-risco-para-desaceleracao-da-inflacao-no-brasil\" style=\"color:blue; text-decoration:underline\"><span style=\"font-size:14.0pt\">Petr&oacute;leo em alta: um risco para a desacelera&ccedil;&atilde;o da infla&ccedil;&atilde;o no Brasil<\/span><\/a><\/span><\/span><\/span><\/p>\r\n\r\n<p style=\"text-align:justify\"><span style=\"font-size:11pt\"><span style=\"line-height:normal\"><span style=\"font-family:Aptos,sans-serif\"><a href=\"https:\/\/www.machadomeyer.com.br\/pt\/inteligencia-juridica\/publicacoes-ij\/tributario-ij\/cg-ibs-e-rfb-atualizam-tabela-de-codigos-de-classificacao-tributaria-do-ibs-e-da-cbs\" style=\"color:blue; text-decoration:underline\"><span style=\"font-size:14.0pt\">CG-IBS e RFB atualizam tabela de c&oacute;digos de classifica&ccedil;&atilde;o tribut&aacute;ria do IBS e da CBS<\/span><\/a><\/span><\/span><\/span><\/p>\r\n\r\n<p>&nbsp;<\/p>\r\n","texto_en":"","7":"","imagem":"COMP_capa-2026-site-boletim-abint-noticias-semanis_20260310170219atguWIMU0f.jpg","8":"COMP_capa-2026-site-boletim-abint-noticias-semanis_20260310170219atguWIMU0f.jpg","arquivo":"20260310-BOLETIM-ABINT-DE-NOTICIAS-SEMANAIS.PDF","9":"20260310-BOLETIM-ABINT-DE-NOTICIAS-SEMANAIS.PDF","titulo_arquivo":"20260310 Boletim ABINT de Not\u00edcias Semanais","10":"20260310 Boletim ABINT de Not\u00edcias Semanais","titulo_arquivo_en":"","11":"","created_at":"2026-03-10 17:02:25","12":"2026-03-10 17:02:25","updated_at":"2026-03-10 17:03:53","13":"2026-03-10 17:03:53"},{"id":218,"0":218,"ordem":3,"1":3,"data":"2026-03-03","2":"2026-03-03","slug":"boletim-abint-de-noticias-semanais-116","3":"boletim-abint-de-noticias-semanais-116","titulo":"Boletim ABINT de Not\u00edcias Semanais","4":"Boletim ABINT de Not\u00edcias Semanais","titulo_en":"","5":"","texto":"<p style=\"text-align:justify\"><span style=\"font-size:11pt\"><span style=\"line-height:normal\"><span style=\"font-family:Aptos,sans-serif\"><span style=\"font-size:14.0pt\">Esta &eacute; uma compila&ccedil;&atilde;o das not&iacute;cias mais relevantes para o setor, incluindo informa&ccedil;&otilde;es sobre acordos internacionais, economia brasileira, sustentabilidade e mat&eacute;rias primas, al&eacute;m de novidades do setor de N&atilde;otecidos e Tecidos T&eacute;cnicos.<\/span><\/span><\/span><\/span><\/p>\r\n\r\n<p style=\"text-align:justify\"><span style=\"font-size:28pt\"><span style=\"font-family:Aptos,sans-serif\"><span style=\"letter-spacing:-0.5pt\"><b><span style=\"font-size:18.0pt\"><span style=\"font-variant:small-caps\">O que vem por a&iacute;<\/span><\/span><\/b><\/span><\/span><\/span><\/p>\r\n\r\n<p style=\"text-align:justify\">&nbsp;<\/p>\r\n\r\n<p><img src=\"https:\/\/www.abint.org.br\/assets\/img\/editor\/live-esquenta-cbig2026_20260218171027KViSZGRC1m.jpeg\" style=\"width: 700px; height: 394px;\" \/><\/p>\r\n\r\n<p><span style=\"font-size:11pt\"><span style=\"line-height:normal\"><span style=\"font-family:Aptos,sans-serif\"><a href=\"https:\/\/www.youtube.com\/live\/JS4XxhJ2eJ8?si=4FDGS3w3nKjam77H\" style=\"color:blue; text-decoration:underline\"><b><span style=\"font-size:14.0pt\">YouTube Geotecnia Brasil<\/span><\/b><\/a><\/span><\/span><\/span><\/p>\r\n\r\n<p>&nbsp;<\/p>\r\n\r\n<p><img src=\"https:\/\/www.abint.org.br\/assets\/img\/editor\/banner-quadrado-cbig2026_20260224195316ZlM7pbZhFv.jpeg\" style=\"width: 500px; height: 500px;\" \/><\/p>\r\n\r\n<p><span style=\"font-size:11pt\"><span style=\"line-height:normal\"><span style=\"font-family:Aptos,sans-serif\"><a href=\"https:\/\/www.even3.com.br\/curso-brasileiro-de-instalacao-de-geomembranas-paulo-kenji-acakiura-686190\/\" style=\"color:blue; text-decoration:underline\"><b><span style=\"font-size:14.0pt\">Acesse aqui para fazer sua inscri&ccedil;&atilde;o<\/span><\/b><\/a><\/span><\/span><\/span><\/p>\r\n\r\n<p>&nbsp;<\/p>\r\n\r\n<p><b><img src=\"https:\/\/www.abint.org.br\/assets\/img\/editor\/curso-naotecidos-2026_20260210190824gUkSCpzLPV.jpg\" style=\"width: 500px; height: 500px;\" \/><\/b><\/p>\r\n\r\n<p><span style=\"font-size:11pt\"><span style=\"line-height:normal\"><span style=\"font-family:Aptos,sans-serif\"><a href=\"https:\/\/forms.gle\/VzyfvmnBbH7FtFGV9\" style=\"color:blue; text-decoration:underline\"><b><span style=\"font-size:14.0pt\">Informa&ccedil;&otilde;es e inscri&ccedil;&otilde;es<\/span><\/b><\/a><\/span><\/span><\/span><\/p>\r\n\r\n<p>&nbsp;<\/p>\r\n\r\n<p style=\"text-align:justify\"><span style=\"font-size:28pt\"><span style=\"font-family:Aptos,sans-serif\"><span style=\"letter-spacing:-0.5pt\"><b><span style=\"font-size:18.0pt\"><span style=\"font-variant:small-caps\">Not&iacute;cias das Associadas<\/span><\/span><\/b><\/span><\/span><\/span><\/p>\r\n\r\n<p style=\"text-align:justify\"><span style=\"font-size:11pt\"><span style=\"line-height:normal\"><span style=\"font-family:Aptos,sans-serif\"><a href=\"https:\/\/www.meiofiltrante.com.br\/Noticia\/132255\/4a-edicao-do-curso-brasileiro-de-instalacao-de-geomembranas-paulo-kenji-acakura-\" style=\"color:blue; text-decoration:underline\"><span style=\"font-size:14.0pt\">4&ordf;. edi&ccedil;&atilde;o do Curso Brasileiro de Instala&ccedil;&atilde;o de Geomembranas Paulo Kenji A&ccedil;akura<\/span><\/a><\/span><\/span><\/span><\/p>\r\n\r\n<p style=\"text-align:justify\"><span style=\"font-size:11pt\"><span style=\"line-height:normal\"><span style=\"font-family:Aptos,sans-serif\"><a href=\"https:\/\/gazetadasemana.com.br\/noticia\/268521\/a-upm-colabora-com-a-andritz-na-reciclagem-de-vestimentas-de-maquinas-de-papel\" style=\"color:blue; text-decoration:underline\"><span style=\"font-size:14.0pt\">A UPM colabora com a ANDRITZ na reciclagem de vestimentas de m&aacute;quinas de papel<\/span><\/a><\/span><\/span><\/span><\/p>\r\n\r\n<p style=\"text-align:justify\"><span style=\"font-size:11pt\"><span style=\"line-height:normal\"><span style=\"font-family:Aptos,sans-serif\"><a href=\"https:\/\/exclusivo.com.br\/negocios\/incendio-em-fabrica-nao-compromete-fornecimento-de-produtos-garante-cipatex\/\" style=\"color:blue; text-decoration:underline\"><span style=\"font-size:14.0pt\">Inc&ecirc;ndio em f&aacute;brica n&atilde;o compromete fornecimento de produtos, garante Cipatex<\/span><\/a><\/span><\/span><\/span><\/p>\r\n\r\n<p style=\"text-align:justify\"><span style=\"font-size:11pt\"><span style=\"line-height:normal\"><span style=\"font-family:Aptos,sans-serif\"><a href=\"https:\/\/www.nonwovens-industry.com\/video\/executive-talks-fitesas-michael-baumgartner-talks-sustainability\/?utm_campaign=NON%20eNewsletter&amp;utm_medium=email&amp;_hsenc=p2ANqtz-8_dbBtNQmTz02posRhFP16Bktt-IKVEVSS-l1-pFfprej4ywtr1YjJnF-HYCotUysbbegMT4dWM62b4C7YxNi-_LV-HA&amp;_hsmi=405905336&amp;utm_content=405905336&amp;utm_source=hs_email\" style=\"color:blue; text-decoration:underline\"><span lang=\"EN-US\" style=\"font-size:14.0pt\">Executive Talks: Fitesa&rsquo;s Michael Baumgartner Talks Sustainability<\/span><\/a><\/span><\/span><\/span><\/p>\r\n\r\n<p style=\"text-align:justify\">&nbsp;<\/p>\r\n\r\n<p style=\"text-align:justify\"><span style=\"font-size:11pt\"><span style=\"line-height:normal\"><span style=\"font-family:Aptos,sans-serif\"><b><span lang=\"EN-US\" style=\"font-size:18.0pt\"><span style=\"font-variant:small-caps\">Eventos<\/span><\/span><\/b><\/span><\/span><\/span><\/p>\r\n\r\n<p style=\"text-align:justify\"><span style=\"font-size:11pt\"><span style=\"line-height:normal\"><span style=\"font-family:Aptos,sans-serif\"><a href=\"https:\/\/events.economist.com\/sustainability-week\/?RefID=EM13A-WhatsNew-Del_email-owned_MA00007195\" style=\"color:blue; text-decoration:underline\"><b><span lang=\"EN-US\" style=\"font-size:14.0pt\">11th annual Sustainability Week | Incorporating the 3rd annual Energy Transition Summit<\/span><\/b><\/a><span lang=\"EN-US\" style=\"font-size:14.0pt\">, March 2nd &ndash; 4th 2026, Intercontinental London &ndash; the O2<\/span><\/span><\/span><\/span><\/p>\r\n\r\n<p style=\"text-align:justify\"><span style=\"font-size:11pt\"><span style=\"line-height:normal\"><span style=\"font-family:Aptos,sans-serif\"><a href=\"https:\/\/www.fimec.com.br\/pt-br\/home\" style=\"color:blue; text-decoration:underline\"><b><span style=\"font-size:14.0pt\">49&ordf; Fimec - Feira Internacional de Couros, Produtos Qu&iacute;micos, Componentes, M&aacute;quinas e Equipamentos para Cal&ccedil;ados e Curtumes<\/span><\/b><\/a><span style=\"font-size:14.0pt\">, 03 a 05 de mar&ccedil;o de 2026, Fenac, Novo Hamburgo\/RS<\/span><\/span><\/span><\/span><\/p>\r\n\r\n<p style=\"text-align:justify\"><span style=\"font-size:11pt\"><span style=\"line-height:normal\"><span style=\"font-family:Aptos,sans-serif\"><a href=\"https:\/\/app.rdstation.email\/mail\/dd110b5a-f469-44f9-832a-90dd21d8c549?utm_medium=email&amp;utm_campaign=duplicado_de__texbrasil_workshop_argentina&amp;utm_source=RD+Station\" style=\"color:blue; text-decoration:underline\"><b><span style=\"font-size:14.0pt\">WorkshopTexbrasil | Argentina 2026: Prepare sua empresa<\/span><\/b><\/a><span style=\"font-size:14.0pt\">, 04 de mar&ccedil;o, 10h &agrave;s 12h, evento online<\/span><\/span><\/span><\/span><\/p>\r\n\r\n<p style=\"text-align:justify\"><span style=\"font-size:11pt\"><span style=\"line-height:normal\"><span style=\"font-family:Aptos,sans-serif\"><a href=\"https:\/\/www.portaldaindustria.com.br\/eventos\/pt\/edicoes\/sb-cop-pos-cop30-o-papel-da-industria-na-agenda-de?v=f&amp;c=CNI&amp;p=&amp;t=publica-base-fluida.html#msdynmkt_trackingcontext=744b76b6-2041-4f78-bd7c-83a7ebd90100\" style=\"color:blue; text-decoration:underline\"><b><span style=\"font-size:14.0pt\">CNI P&oacute;s-COP30: o papel da ind&uacute;stria na agenda de clima<\/span><\/b><\/a><span style=\"font-size:14.0pt\">, 04 de mar&ccedil;o de 2026, 10h &agrave;s 15h, Sede da CNI - SBN, Quadra 1, Bloco C, Ed. Roberto Simonsen &ndash; Bras&iacute;lia\/DF, presencial<\/span><\/span><\/span><\/span><\/p>\r\n\r\n<p style=\"text-align:justify\"><span style=\"font-size:11pt\"><span style=\"line-height:normal\"><span style=\"font-family:Aptos,sans-serif\"><a href=\"https:\/\/app.rdstation.email\/mail\/3014319a-2527-4b0d-b10f-8e21df357c9b?utm_medium=email&amp;utm_campaign=duplicado_de__texbrasil_radar_de_sustentabilidade_4&amp;utm_source=RD+Station\" style=\"color:blue; text-decoration:underline\"><b><span style=\"font-size:14.0pt\">Radar de Sustentabilidade - Dimens&atilde;o: Responsabilidade Ambiental<\/span><\/b><\/a><span style=\"font-size:14.0pt\">, 10 de mar&ccedil;o de 2026, 14h &agrave;s 16h, evento online<\/span><\/span><\/span><\/span><\/p>\r\n\r\n<p style=\"text-align:justify\"><span style=\"font-size:11pt\"><span style=\"line-height:normal\"><span style=\"font-family:Aptos,sans-serif\"><a href=\"https:\/\/eiu-enquiries.zoom.us\/webinar\/register\/3617715933988\/WN_sbh-iqI5Q4yBvKLuQAcBYw?utm_campaign=MA00009251&amp;utm_medium=email-owned&amp;utm_source=eiu-marketing-cloud&amp;RefID=&amp;utm_term=20260303&amp;utm_id=2166621&amp;sfmc_id=00QWT00000A9Mst2AF&amp;utm_content=cta-button-1&amp;id_mc=277289080#\/registration\" style=\"color:blue; text-decoration:underline\"><b><span lang=\"EN-US\" style=\"font-size:14.0pt\">The EIU | Webinar: Navigating the next phase of financial risk<\/span><\/b><\/a><span lang=\"EN-US\" style=\"font-size:14.0pt\">, Wednesday March 18th 2026, 12:00pm EDT | 4:00pm GMT | 5:00pm CET<\/span><\/span><\/span><\/span><\/p>\r\n\r\n<p style=\"text-align:justify\"><span style=\"font-size:11pt\"><span style=\"line-height:normal\"><span style=\"font-family:Aptos,sans-serif\"><a href=\"https:\/\/congressodeinovacao.com.br\/\" style=\"color:blue; text-decoration:underline\"><b><span style=\"font-size:14.0pt\">11&ordm; Congresso de Inova&ccedil;&atilde;o da Ind&uacute;stria<\/span><\/b><\/a><span style=\"font-size:14.0pt\">, 25 e 26 de mar&ccedil;o de 2026, WTC S&atilde;o Paulo<\/span><\/span><\/span><\/span><\/p>\r\n\r\n<p style=\"text-align:justify\"><span style=\"font-size:11pt\"><span style=\"line-height:normal\"><span style=\"font-family:Aptos,sans-serif\"><a href=\"https:\/\/www.hospitalar.com\/?utm_campaign=BRZ26HPR-MN-CREDENCIAMENTO-ABERTO&amp;utm_emailname=BRZ26HPR-MN-CREDENCIAMENTO-ABERTO-1-Resend&amp;utm_medium=email&amp;utm_source=eloqua&amp;utm_MDMContactID=2bb3d23c-a32f-4218-88d5-29f7fb45caee&amp;utm_campaigntype=Visitor%20Promotion&amp;eM=50c7dfe42c38ea8f10539f0a167fc763253059e495554a32db7a57f8f237ec4c&amp;eventSeriesCode=ES_HOSPITALAR&amp;eventEditionCode=BRZ26HPR&amp;sessionCode=S_EXHB&amp;sp_eh=50c7dfe42c38ea8f10539f0a167fc763253059e495554a32db7a57f8f237ec4c\" style=\"color:blue; text-decoration:underline\"><b><span style=\"font-size:14.0pt\">Hospitalar 2026<\/span><\/b><\/a><span style=\"font-size:14.0pt\">, 19 a 22 de maio, das 11h &agrave;s 20h, S&atilde;o Paulo Expo<\/span><\/span><\/span><\/span><\/p>\r\n\r\n<p style=\"text-align:justify\"><span style=\"font-size:11pt\"><span style=\"line-height:normal\"><span style=\"font-family:Aptos,sans-serif\"><a href=\"https:\/\/www.hightex.com.tr\/\" style=\"color:blue; text-decoration:underline\"><b><span lang=\"EN-US\" style=\"font-size:14.0pt\">HIGTEX 2026 &ndash; International Technical Textiles and Nonwoven Exhibition<\/span><\/b><\/a><span lang=\"EN-US\" style=\"font-size:14.0pt\">, June 9&ndash;13, T&Uuml;YAP Fair and Congress Center, \u0130stanbul, T&uuml;rkiye<\/span><\/span><\/span><\/span><\/p>\r\n\r\n<p style=\"text-align:justify\"><span style=\"font-size:11pt\"><span style=\"line-height:normal\"><span style=\"font-family:Aptos,sans-serif\"><a href=\"https:\/\/www.worldofwipes.org\/\" style=\"color:blue; text-decoration:underline\"><b><span lang=\"EN-US\" style=\"font-size:14.0pt\">INDA | WOW - World of Wipes International Conference<\/span><\/b><\/a><span lang=\"EN-US\" style=\"font-size:14.0pt\">, June 29&ndash;July 2, 2026, Grand Hyatt Nashville, Nashville, Tennessee USA<\/span><\/span><\/span><\/span><\/p>\r\n\r\n<p style=\"text-align:justify\"><span style=\"font-size:11pt\"><span style=\"line-height:normal\"><span style=\"font-family:Aptos,sans-serif\"><a href=\"https:\/\/filtech.de\/\" style=\"color:blue; text-decoration:underline\"><b><span style=\"font-size:14.0pt\">Filtech 2026<\/span><\/b><\/a><span style=\"font-size:14.0pt\">, 30 de junho a 2 de julho, Cologne, Alemanha<\/span><\/span><\/span><\/span><\/p>\r\n\r\n<p style=\"text-align:justify\"><span style=\"font-size:11pt\"><span style=\"line-height:normal\"><span style=\"font-family:Aptos,sans-serif\"><a href=\"https:\/\/www.formobile.com.br\/pt\/home.html\" style=\"color:blue; text-decoration:underline\"><b><span style=\"font-size:14.0pt\">ForM&oacute;bile 2026<\/span><\/b><\/a><span style=\"font-size:14.0pt\">, 30 de junho a 3 de julho, S&atilde;o Paulo Expo<\/span><\/span><\/span><\/span><\/p>\r\n\r\n<p style=\"text-align:justify\"><span style=\"font-size:11pt\"><span style=\"line-height:normal\"><span style=\"font-family:Aptos,sans-serif\"><a href=\"https:\/\/sienge.com.br\/construsummit\/\" style=\"color:blue; text-decoration:underline\"><b><span style=\"font-size:14.0pt\">Construsummit<\/span><\/b><\/a><span style=\"font-size:14.0pt\">, 1 e 2 de julho de 2026, Florian&oacute;polis, SC<\/span><\/span><\/span><\/span><\/p>\r\n\r\n<p style=\"text-align:justify\"><span style=\"font-size:11pt\"><span style=\"line-height:normal\"><span style=\"font-family:Aptos,sans-serif\"><a href=\"https:\/\/feiplar.com\/Presencial\/inicio-2024\/\" style=\"color:blue; text-decoration:underline\"><b><span style=\"font-size:14.0pt\">FEIPLAR &amp; FEIPUR &ndash; Feira e Congresso Internacionais de Materiais Avan&ccedil;ados<\/span><\/b><\/a><span style=\"font-size:14.0pt\">, 25 a 27 de agosto de 2026, S&atilde;o Paulo Expo | Pavilh&atilde;o 5, S&atilde;o Paulo, SP, Brasil<\/span><\/span><\/span><\/span><\/p>\r\n\r\n<p style=\"text-align:justify\"><span style=\"font-size:11pt\"><span style=\"line-height:normal\"><span style=\"font-family:Aptos,sans-serif\"><a href=\"https:\/\/ficons.com.br\/\" style=\"color:blue; text-decoration:underline\"><b><span style=\"font-size:14.0pt\">FICONS - Feira Internacional de Materiais, Equipamentos e Servi&ccedil;os da Constru&ccedil;&atilde;o<\/span><\/b><\/a><span style=\"font-size:14.0pt\">, 15 a 18 de setembro de 2026, Centro de Conven&ccedil;&otilde;es de Pernambuco Recife\/ Olinda<\/span><\/span><\/span><\/span><\/p>\r\n\r\n<p style=\"text-align:justify\"><span style=\"font-size:11pt\"><span style=\"line-height:normal\"><span style=\"font-family:Aptos,sans-serif\"><a href=\"https:\/\/www.edana.org\/events\/outlook\/outlook-2025\" style=\"color:blue; text-decoration:underline\"><b><span style=\"font-size:14.0pt\">OUTLOOK&trade; 2026<\/span><\/b><\/a><span style=\"font-size:14.0pt\">, 22&ndash;24 September, Hotel Miragem, Cascais, Portugal<\/span><\/span><\/span><\/span><\/p>\r\n\r\n<p style=\"text-align:justify\"><span style=\"font-size:11pt\"><span style=\"line-height:normal\"><span style=\"font-family:Aptos,sans-serif\"><a href=\"https:\/\/hospitalmed.com.br\/feira\/\" style=\"color:blue; text-decoration:underline\"><b><span style=\"font-size:14.0pt\">HospitalMed<\/span><\/b><\/a><span style=\"font-size:14.0pt\">, 21 a 23 de outubro de 2026, das 14h &agrave;s 20h, Pernambuco Centro de Conven&ccedil;&otilde;es, Olinda<\/span><\/span><\/span><\/span><\/p>\r\n\r\n<p style=\"text-align:justify\"><span style=\"font-size:11pt\"><span style=\"line-height:normal\"><span style=\"font-family:Aptos,sans-serif\"><a href=\"https:\/\/www.edana.org\/events\/edana-sustainability-forum\" style=\"color:blue; text-decoration:underline\"><b><span lang=\"EN-US\" style=\"font-size:14.0pt\">Sustainability &amp; Policy Forum<\/span><\/b><\/a><span lang=\"EN-US\" style=\"font-size:14.0pt\">, 8&ndash;9 December 2026, Residence Palace in Brussels, Belgium<\/span><\/span><\/span><\/span><\/p>\r\n\r\n<p style=\"text-align:justify\"><span style=\"font-size:11pt\"><span style=\"line-height:normal\"><span style=\"font-family:Aptos,sans-serif\"><a href=\"https:\/\/infrane.com.br\/\" style=\"color:blue; text-decoration:underline\"><b><span style=\"font-size:14.0pt\">Infra NE<\/span><\/b><\/a><span style=\"font-size:14.0pt\">, 03 a 05 de mar&ccedil;o de 2027, Centro de Conven&ccedil;&otilde;es Salvador<\/span><\/span><\/span><\/span><\/p>\r\n\r\n<p style=\"text-align:justify\"><span style=\"font-size:28pt\"><span style=\"font-family:Aptos,sans-serif\"><span style=\"letter-spacing:-0.5pt\"><b><span style=\"font-size:18.0pt\"><span style=\"font-variant:small-caps\">Setor<\/span><\/span><\/b><\/span><\/span><\/span><\/p>\r\n\r\n<p style=\"text-align:justify\"><span style=\"font-size:11pt\"><span style=\"line-height:normal\"><span style=\"font-family:Aptos,sans-serif\"><a href=\"https:\/\/plasticosemrevista.com.br\/as-tensoes-que-nublam-a-petroquimica-global\/\" style=\"color:blue; text-decoration:underline\"><span style=\"font-size:14.0pt\">As tens&otilde;es que nublam a petroqu&iacute;mica global<\/span><\/a><\/span><\/span><\/span><\/p>\r\n\r\n<p style=\"text-align:justify\"><span style=\"font-size:11pt\"><span style=\"line-height:normal\"><span style=\"font-family:Aptos,sans-serif\"><a href=\"https:\/\/portalpersonalcare.com.br\/fraldas-descartaveis-lideram-ranking-de-nao-medicamentos-nas-farmacias-em-2025\/?utm_medium=email&amp;utm_campaign=newsletter_25022026&amp;utm_source=RD+Station\" style=\"color:blue; text-decoration:underline\"><span style=\"font-size:14.0pt\">Fraldas descart&aacute;veis lideram ranking de n&atilde;o medicamentos nas farm&aacute;cias em 2025<\/span><\/a><\/span><\/span><\/span><\/p>\r\n\r\n<p style=\"text-align:justify\"><span style=\"font-size:11pt\"><span style=\"line-height:normal\"><span style=\"font-family:Aptos,sans-serif\"><a href=\"https:\/\/plasticosulamerica.com\/com-demanda-puxada-pelo-agro-industria-de-flexiveis-cresce-em-receita-e-recua-em-volume\/\" style=\"color:blue; text-decoration:underline\"><span style=\"font-size:14.0pt\">Com demanda puxada pelo agro, ind&uacute;stria de flex&iacute;veis cresce em receita e recua em volume<\/span><\/a><\/span><\/span><\/span><\/p>\r\n\r\n<p style=\"text-align:justify\"><span style=\"font-size:11pt\"><span style=\"line-height:normal\"><span style=\"font-family:Aptos,sans-serif\"><a href=\"https:\/\/www.terra.com.br\/noticias\/filtros-industriais-ganham-espaco-no-tratamento-de-agua-no-brasil,54ebbe5b10af6744f1d307dca9061f5atyqpbjjj.html\" style=\"color:blue; text-decoration:underline\"><span style=\"font-size:14.0pt\">Filtros industriais ganham espa&ccedil;o no tratamento de &aacute;gua no Brasil<\/span><\/a><\/span><\/span><\/span><\/p>\r\n\r\n<p style=\"text-align:justify\"><span style=\"font-size:11pt\"><span style=\"line-height:normal\"><span style=\"font-family:Aptos,sans-serif\"><a href=\"https:\/\/www.saudebusiness.com\/saude-publica\/projeto-saude-em-nossas-maos-reduziu-26-das-infeccoes-hospitalares-em-um-ano\/?utm_campaign=BRZ26HPR-MN-ALL-Newsletter-Fevereiro&amp;utm_emailname=BRZ26HPR-MN-ALL-Newsletter-Fevereiro&amp;utm_medium=email&amp;utm_source=eloqua&amp;utm_MDMContactID=2bb3d23c-a32f-4218-88d5-29f7fb45caee&amp;utm_campaigntype=Newsletter&amp;eM=50c7dfe42c38ea8f10539f0a167fc763253059e495554a32db7a57f8f237ec4c&amp;eventSeriesCode=ES_HOSPITALAR&amp;eventEditionCode=BRZ26HPR&amp;sessionCode=S_EXHB&amp;sp_eh=50c7dfe42c38ea8f10539f0a167fc763253059e495554a32db7a57f8f237ec4c\" style=\"color:blue; text-decoration:underline\"><span style=\"font-size:14.0pt\">Projeto &ldquo;Sa&uacute;de em Nossas M&atilde;os&rdquo; reduziu 26% das infec&ccedil;&otilde;es hospitalares em um ano<\/span><\/a><\/span><\/span><\/span><\/p>\r\n\r\n<p style=\"text-align:justify\"><span style=\"font-size:11pt\"><span style=\"line-height:normal\"><span style=\"font-family:Aptos,sans-serif\"><a href=\"https:\/\/sinditextilsp.org.br\/home\/2026\/03\/sinditextil-sp-debate-cenario-economico-relacoes-com-os-eua-e-desafios-do-varejo-em-reuniao-conjunta-com-a-abit\/?utm_medium=email&amp;utm_campaign=sindinews_-_0322026&amp;utm_source=RD+Station\" style=\"color:blue; text-decoration:underline\"><span style=\"font-size:14.0pt\">Sindit&ecirc;xtil-SP debate cen&aacute;rio econ&ocirc;mico, rela&ccedil;&otilde;es com os EUA e desafios do varejo<\/span><\/a><\/span><\/span><\/span><\/p>\r\n\r\n<p style=\"text-align:justify\"><span style=\"font-size:28pt\"><span style=\"font-family:Aptos,sans-serif\"><span style=\"letter-spacing:-0.5pt\"><b><span style=\"font-size:18.0pt\"><span style=\"font-variant:small-caps\">Ind&uacute;stria<\/span><\/span><\/b><\/span><\/span><\/span><\/p>\r\n\r\n<p style=\"text-align:justify\"><span style=\"font-size:11pt\"><span style=\"line-height:normal\"><span style=\"font-family:Aptos,sans-serif\"><a href=\"https:\/\/portalibre.fgv.br\/system\/files\/2026-03\/indice-de-confianca-empresarial-fgv_press-release_fev26_1.pdf\" style=\"color:blue; text-decoration:underline\"><span style=\"font-size:14.0pt\">Confian&ccedil;a Empresarial recua em fevereiro<\/span><\/a><\/span><\/span><\/span><\/p>\r\n\r\n<p style=\"text-align:justify\"><span style=\"font-size:11pt\"><span style=\"line-height:normal\"><span style=\"font-family:Aptos,sans-serif\"><a href=\"https:\/\/noticias.portaldaindustria.com.br\/noticias\/economia\/empresarios-de-21-setores-industriais-estao-sem-confianca-diz-cni\/?utm_source=email&amp;utm_medium=newsletter&amp;utm_campaign=02032026_010\" style=\"color:blue; text-decoration:underline\"><span style=\"font-size:14.0pt\">Empres&aacute;rios de 21 setores industriais est&atilde;o sem confian&ccedil;a, diz CNI<\/span><\/a><\/span><\/span><\/span><\/p>\r\n\r\n<p style=\"text-align:justify\"><span style=\"font-size:11pt\"><span style=\"line-height:normal\"><span style=\"font-family:Aptos,sans-serif\"><a href=\"https:\/\/istoedinheiro.com.br\/reducao-de-jornada-a-40h-elevaria-custo-na-economia-em-ate-r-2672-bi-por-ano-diz-cni-2\" style=\"color:blue; text-decoration:underline\"><span style=\"font-size:14.0pt\">CNI: redu&ccedil;&atilde;o de jornada teria impacto de 7% na folha e custo de at&eacute; R$ 267 bi por ano<\/span><\/a><\/span><\/span><\/span><\/p>\r\n\r\n<p style=\"text-align:justify\"><span style=\"font-size:11pt\"><span style=\"line-height:normal\"><span style=\"font-family:Aptos,sans-serif\"><a href=\"https:\/\/fecomercio.com.br\/noticia\/custo-do-trabalho-aumentaria-22-com-fim-da-escala-6x1?utm_medium=email&amp;utm_campaign=direto_ao_ponto_-_fev-2&amp;utm_source=RD+Station\" style=\"color:blue; text-decoration:underline\"><span style=\"font-size:14.0pt\">Custo do trabalho aumentaria 22% com fim da escala 6x1<\/span><\/a><\/span><\/span><\/span><\/p>\r\n\r\n<p style=\"text-align:justify\"><span style=\"font-size:11pt\"><span style=\"line-height:normal\"><span style=\"font-family:Aptos,sans-serif\"><a href=\"https:\/\/anba.com.br\/opep-decide-aumentar-producao-de-petroleo\/\" style=\"color:blue; text-decoration:underline\"><span style=\"font-size:14.0pt\">Opep+ decide aumentar produ&ccedil;&atilde;o de petr&oacute;leo<\/span><\/a><\/span><\/span><\/span><\/p>\r\n\r\n<p style=\"text-align:justify\"><span style=\"font-size:11pt\"><span style=\"line-height:normal\"><span style=\"font-family:Aptos,sans-serif\"><a href=\"https:\/\/www.gov.br\/mdic\/pt-br\/assuntos\/noticias\/2026\/fevereiro\/mdic-e-fiesp-firmam-parcerias-para-fortalecer-defesa-comercial-e-reduzir-burocracias-na-industria\" style=\"color:blue; text-decoration:underline\"><span style=\"font-size:14.0pt\">MDIC e Fiesp firmam parcerias para fortalecer defesa comercial e reduzir burocracias na ind&uacute;stria<\/span><\/a><\/span><\/span><\/span><\/p>\r\n\r\n<p style=\"text-align:justify\"><span style=\"font-size:11pt\"><span style=\"line-height:normal\"><span style=\"font-family:Aptos,sans-serif\"><span class=\"MsoHyperlink\" style=\"color:blue\"><span style=\"text-decoration:underline\"><span style=\"font-size:14.0pt\"><a href=\"https:\/\/www.gazetasp.com.br\/automotor\/producao-de-veiculos-cai-12-em-janeiro-com-recuo-nas-exportacoes\/1172767\/\" style=\"color:blue; text-decoration:underline\">Produ&ccedil;&atilde;o de ve&iacute;culos cai 12% em janeiro com recuo nas exporta&ccedil;&otilde;es<\/a><\/span><\/span><\/span><\/span><\/span><\/span><\/p>\r\n\r\n<p style=\"text-align:justify\"><span style=\"font-size:11pt\"><span style=\"line-height:normal\"><span style=\"font-family:Aptos,sans-serif\"><a href=\"https:\/\/www.portaldaindustria.com.br\/estatisticas\/sondagem-industria-da-construcao\/\" style=\"color:blue; text-decoration:underline\"><span style=\"font-size:14.0pt\">Ind&uacute;stria da constru&ccedil;&atilde;o mostra menor ritmo de atividade para o m&ecirc;s desde 2017<\/span><\/a><\/span><\/span><\/span><\/p>\r\n\r\n<p class=\"MsoTitle\" style=\"text-align:justify\"><span style=\"font-size:11pt\"><span style=\"line-height:normal\"><span style=\"font-family:Aptos,sans-serif\"><span class=\"MsoHyperlink\" style=\"color:blue\"><span style=\"text-decoration:underline\"><span style=\"font-size:14.0pt\"><a href=\"https:\/\/cni.portaldaindustria.com.br\/agenda-juridica-da-industria?utm_source=comext&amp;utm_medium=email&amp;utm_campaign=campanhainstitucional&amp;utm_content=id00245#msdynmkt_trackingcontext=6e6bcb09-21ae-4019-9974-21e8b6990200\" style=\"color:blue; text-decoration:underline\">CNI | Agenda jur&iacute;dica da Ind&uacute;stria 2026<\/a><\/span><\/span><\/span><\/span><\/span><\/span><\/p>\r\n\r\n<p class=\"MsoTitleCxSpFirst\" style=\"text-align:justify\">&nbsp;<\/p>\r\n\r\n<p class=\"MsoTitleCxSpMiddle\" style=\"text-align:justify\"><span style=\"font-size:28pt\"><span style=\"font-family:Aptos,sans-serif\"><span style=\"letter-spacing:-0.5pt\"><b><span style=\"font-size:18.0pt\"><span style=\"font-variant:small-caps\">Inova&ccedil;&atilde;o<\/span><\/span><\/b><\/span><\/span><\/span><\/p>\r\n\r\n<p class=\"MsoTitleCxSpLast\" style=\"text-align:justify\"><span style=\"font-size:11pt\"><span style=\"line-height:normal\"><span style=\"font-family:Aptos,sans-serif\"><a href=\"https:\/\/plasticosulamerica.com\/a-patente-desenvolvida-no-brasil-propoe-uso-de-residuos-industriais-como-materia-prima-na-industria-quimica\/\" style=\"color:blue; text-decoration:underline\"><span style=\"font-size:14.0pt\">Patente desenvolvida no Basil prop&otilde;e uso de res&iacute;duos industriais como mat&eacute;ria prima na ind&uacute;stria qu&iacute;mica<\/span><\/a><\/span><\/span><\/span><\/p>\r\n\r\n<p class=\"MsoTitleCxSpFirst\" style=\"text-align:justify\"><span style=\"font-size:28pt\"><span style=\"font-family:Aptos,sans-serif\"><span style=\"letter-spacing:-0.5pt\"><b><span style=\"font-size:18.0pt\"><span style=\"font-variant:small-caps\">Com&eacute;rcio Exterior<\/span><\/span><\/b><\/span><\/span><\/span><\/p>\r\n\r\n<p style=\"text-align:justify\"><span style=\"font-size:11pt\"><span style=\"line-height:normal\"><span style=\"font-family:Aptos,sans-serif\"><span class=\"MsoHyperlink\" style=\"color:blue\"><span style=\"text-decoration:underline\"><span style=\"font-size:14.0pt\"><a href=\"https:\/\/iclnoticias.com.br\/ue-acordo-mercosul-ignorando-resistencia-franca\/\" style=\"color:blue; text-decoration:underline\">UE anuncia entrada em vigor de acordo com Mercosul, ignorando resist&ecirc;ncia da Fran&ccedil;a<\/a><\/span><\/span><\/span><\/span><\/span><\/span><\/p>\r\n\r\n<p class=\"MsoTitle\" style=\"text-align:justify\"><span style=\"font-size:11pt\"><span style=\"line-height:normal\"><span style=\"font-family:Aptos,sans-serif\"><span class=\"MsoHyperlink\" style=\"color:blue\"><span style=\"text-decoration:underline\"><span style=\"font-size:14.0pt\"><a href=\"https:\/\/timesbrasil.com.br\/mundo\/tarifa-global-de-10-dos-eua-melhora-competitividade-do-setor-plastico-brasileiro-defende-abiplast\/\" style=\"color:blue; text-decoration:underline\">Tarifa global de 10% dos EUA melhora competitividade do setor pl&aacute;stico brasileiro, defende Abiplast<\/a><\/span><\/span><\/span><\/span><\/span><\/span><\/p>\r\n\r\n<p class=\"MsoTitle\" style=\"text-align:justify\"><span style=\"font-size:11pt\"><span style=\"line-height:normal\"><span style=\"font-family:Aptos,sans-serif\"><span class=\"MsoHyperlink\" style=\"color:blue\"><span style=\"text-decoration:underline\"><span style=\"font-size:14.0pt\"><a href=\"https:\/\/anba.com.br\/mercosul-egito-zera-ultimas-tarifas-de-acordo\/\" style=\"color:blue; text-decoration:underline\">Mercosul-Egito zera &uacute;ltimas tarifas de acordo<\/a><\/span><\/span><\/span><\/span><\/span><\/span><\/p>\r\n\r\n<p class=\"MsoTitle\" style=\"text-align:justify\"><span style=\"font-size:11pt\"><span style=\"line-height:normal\"><span style=\"font-family:Aptos,sans-serif\"><span class=\"MsoHyperlink\" style=\"color:blue\"><span style=\"text-decoration:underline\"><span style=\"font-size:14.0pt\"><a href=\"https:\/\/www12.senado.leg.br\/noticias\/materias\/2026\/02\/24\/representacao-brasileira-no-parlasul-aprova-acordo-mercosul-uniao-europeia?utm_medium=email&amp;utm_source=resumo-agencia&amp;utm_campaign=2026-02-24\" style=\"color:blue; text-decoration:underline\">Representa&ccedil;&atilde;o Brasileira no Parlasul aprova Acordo Mercosul-Uni&atilde;o Europeia<\/a><\/span><\/span><\/span><\/span><\/span><\/span><\/p>\r\n\r\n<p class=\"MsoTitle\" style=\"text-align:justify\"><span style=\"font-size:11pt\"><span style=\"line-height:normal\"><span style=\"font-family:Aptos,sans-serif\"><span class=\"MsoHyperlink\" style=\"color:blue\"><span style=\"text-decoration:underline\"><span style=\"font-size:14.0pt\"><a href=\"https:\/\/comexdobrasil.com\/acordo-mercosul-uniao-europeia-deve-entrar-em-vigor-em-maio-preve-geraldo-alckmin\/\" style=\"color:blue; text-decoration:underline\">Acordo Mercosul-Uni&atilde;o Europeia deve entrar em vigor em maio, prev&ecirc; Geraldo Alckmin<\/a><\/span><\/span><\/span><\/span><\/span><\/span><\/p>\r\n\r\n<p class=\"MsoTitle\" style=\"text-align:justify\"><span style=\"font-size:11pt\"><span style=\"line-height:normal\"><span style=\"font-family:Aptos,sans-serif\"><span class=\"MsoHyperlink\" style=\"color:blue\"><span style=\"text-decoration:underline\"><span style=\"font-size:14.0pt\"><a href=\"https:\/\/comexdobrasil.com\/tarifaco-global-entra-em-2026-pressiona-o-comercio-exterior-e-acelera-a-corrida-por-inteligencia-na-logistica-maritima\/\" style=\"color:blue; text-decoration:underline\">Tarifa&ccedil;o global entra em 2026, pressiona o com&eacute;rcio exterior e acelera a corrida por intelig&ecirc;ncia na log&iacute;stica mar&iacute;tima<\/a><\/span><\/span><\/span><\/span><\/span><\/span><\/p>\r\n\r\n<p class=\"MsoTitle\" style=\"text-align:justify\"><span style=\"font-size:11pt\"><span style=\"line-height:normal\"><span style=\"font-family:Aptos,sans-serif\"><span class=\"MsoHyperlink\" style=\"color:blue\"><span style=\"text-decoration:underline\"><span style=\"font-size:14.0pt\"><a href=\"https:\/\/www.moveisdevalor.com.br\/portal\/tarifaco-encolhe-as-exportacoes-de-moveis-e-gera-deficit-em-2025?source=news\" style=\"color:blue; text-decoration:underline\">Tarifa&ccedil;o encolhe as exporta&ccedil;&otilde;es de m&oacute;veis e gera d&eacute;ficit em 2025<\/a><\/span><\/span><\/span><\/span><\/span><\/span><\/p>\r\n\r\n<p class=\"MsoTitleCxSpLast\" style=\"text-align:justify\"><span style=\"font-size:28pt\"><span style=\"font-family:Aptos,sans-serif\"><span style=\"letter-spacing:-0.5pt\"><b><span style=\"font-size:18.0pt\"><span style=\"font-variant:small-caps\">Economia<\/span><\/span><\/b><\/span><\/span><\/span><\/p>\r\n\r\n<p style=\"text-align:justify\"><span style=\"font-size:11pt\"><span style=\"line-height:normal\"><span style=\"font-family:Aptos,sans-serif\"><a href=\"https:\/\/www.bcb.gov.br\/content\/focus\/focus\/R20260227.pdf\" style=\"color:blue; text-decoration:underline\"><span style=\"font-size:14.0pt\">Focus - Relat&oacute;rio de Mercado<\/span><\/a><\/span><\/span><\/span><\/p>\r\n\r\n<p style=\"text-align:justify\"><span style=\"font-size:11pt\"><span style=\"line-height:normal\"><span style=\"font-family:Aptos,sans-serif\"><a href=\"https:\/\/www.bcb.gov.br\/controleinflacao\/focusdistribuicoesfrequencia\" style=\"color:blue; text-decoration:underline\"><span style=\"font-size:14.0pt\">Focus &ndash; Distribui&ccedil;&otilde;es de Frequ&ecirc;ncia das Expectativas de Mercado para IPCA, Selic, PIB e C&acirc;mbio.<\/span><\/a><\/span><\/span><\/span><\/p>\r\n\r\n<p style=\"text-align:justify\"><span style=\"font-size:11pt\"><span style=\"line-height:normal\"><span style=\"font-family:Aptos,sans-serif\"><a href=\"https:\/\/portalibre.fgv.br\/system\/files\/divulgacao\/noticias\/mat-complementar\/2026-02\/PressRelease_IIE-BR_fev26.pdf\" style=\"color:blue; text-decoration:underline\"><span style=\"font-size:14.0pt\">Incerteza Econ&ocirc;mica recua em fevereiro, ap&oacute;s subir muito no m&ecirc;s anterior<\/span><\/a><\/span><\/span><\/span><\/p>\r\n\r\n<p style=\"text-align:justify\"><span style=\"font-size:11pt\"><span style=\"line-height:normal\"><span style=\"font-family:Aptos,sans-serif\"><a href=\"https:\/\/www.iadb.org\/pt-br\/noticias\/economia-da-america-latina-e-caribe-vai-crescer-21-em-meio-incerteza-global-e-desafios-persistentes?utm_source=email&amp;utm_medium=news&amp;utm_campaign=economia-da-america-latina-e-caribe-vai-crescer-21-em-meio-incerteza-global-e-desafios-persistentes&amp;utm_term=news&amp;j=1325317&amp;sfmc_sub=194913938&amp;l=295_HTML&amp;u=22942166&amp;mid=100007543&amp;jb=1\" style=\"color:blue; text-decoration:underline\"><span style=\"font-size:14.0pt\">Economia da Am&eacute;rica Latina e Caribe vai crescer 2,1% em meio a incerteza global e desafios persistentes, projeta BID<\/span><\/a><\/span><\/span><\/span><\/p>\r\n","6":"<p style=\"text-align:justify\"><span style=\"font-size:11pt\"><span style=\"line-height:normal\"><span style=\"font-family:Aptos,sans-serif\"><span style=\"font-size:14.0pt\">Esta &eacute; uma compila&ccedil;&atilde;o das not&iacute;cias mais relevantes para o setor, incluindo informa&ccedil;&otilde;es sobre acordos internacionais, economia brasileira, sustentabilidade e mat&eacute;rias primas, al&eacute;m de novidades do setor de N&atilde;otecidos e Tecidos T&eacute;cnicos.<\/span><\/span><\/span><\/span><\/p>\r\n\r\n<p style=\"text-align:justify\"><span style=\"font-size:28pt\"><span style=\"font-family:Aptos,sans-serif\"><span style=\"letter-spacing:-0.5pt\"><b><span style=\"font-size:18.0pt\"><span style=\"font-variant:small-caps\">O que vem por a&iacute;<\/span><\/span><\/b><\/span><\/span><\/span><\/p>\r\n\r\n<p style=\"text-align:justify\">&nbsp;<\/p>\r\n\r\n<p><img src=\"https:\/\/www.abint.org.br\/assets\/img\/editor\/live-esquenta-cbig2026_20260218171027KViSZGRC1m.jpeg\" style=\"width: 700px; height: 394px;\" \/><\/p>\r\n\r\n<p><span style=\"font-size:11pt\"><span style=\"line-height:normal\"><span style=\"font-family:Aptos,sans-serif\"><a href=\"https:\/\/www.youtube.com\/live\/JS4XxhJ2eJ8?si=4FDGS3w3nKjam77H\" style=\"color:blue; text-decoration:underline\"><b><span style=\"font-size:14.0pt\">YouTube Geotecnia Brasil<\/span><\/b><\/a><\/span><\/span><\/span><\/p>\r\n\r\n<p>&nbsp;<\/p>\r\n\r\n<p><img src=\"https:\/\/www.abint.org.br\/assets\/img\/editor\/banner-quadrado-cbig2026_20260224195316ZlM7pbZhFv.jpeg\" style=\"width: 500px; height: 500px;\" \/><\/p>\r\n\r\n<p><span style=\"font-size:11pt\"><span style=\"line-height:normal\"><span style=\"font-family:Aptos,sans-serif\"><a href=\"https:\/\/www.even3.com.br\/curso-brasileiro-de-instalacao-de-geomembranas-paulo-kenji-acakiura-686190\/\" style=\"color:blue; text-decoration:underline\"><b><span style=\"font-size:14.0pt\">Acesse aqui para fazer sua inscri&ccedil;&atilde;o<\/span><\/b><\/a><\/span><\/span><\/span><\/p>\r\n\r\n<p>&nbsp;<\/p>\r\n\r\n<p><b><img src=\"https:\/\/www.abint.org.br\/assets\/img\/editor\/curso-naotecidos-2026_20260210190824gUkSCpzLPV.jpg\" style=\"width: 500px; height: 500px;\" \/><\/b><\/p>\r\n\r\n<p><span style=\"font-size:11pt\"><span style=\"line-height:normal\"><span style=\"font-family:Aptos,sans-serif\"><a href=\"https:\/\/forms.gle\/VzyfvmnBbH7FtFGV9\" style=\"color:blue; text-decoration:underline\"><b><span style=\"font-size:14.0pt\">Informa&ccedil;&otilde;es e inscri&ccedil;&otilde;es<\/span><\/b><\/a><\/span><\/span><\/span><\/p>\r\n\r\n<p>&nbsp;<\/p>\r\n\r\n<p style=\"text-align:justify\"><span style=\"font-size:28pt\"><span style=\"font-family:Aptos,sans-serif\"><span style=\"letter-spacing:-0.5pt\"><b><span style=\"font-size:18.0pt\"><span style=\"font-variant:small-caps\">Not&iacute;cias das Associadas<\/span><\/span><\/b><\/span><\/span><\/span><\/p>\r\n\r\n<p style=\"text-align:justify\"><span style=\"font-size:11pt\"><span style=\"line-height:normal\"><span style=\"font-family:Aptos,sans-serif\"><a href=\"https:\/\/www.meiofiltrante.com.br\/Noticia\/132255\/4a-edicao-do-curso-brasileiro-de-instalacao-de-geomembranas-paulo-kenji-acakura-\" style=\"color:blue; text-decoration:underline\"><span style=\"font-size:14.0pt\">4&ordf;. edi&ccedil;&atilde;o do Curso Brasileiro de Instala&ccedil;&atilde;o de Geomembranas Paulo Kenji A&ccedil;akura<\/span><\/a><\/span><\/span><\/span><\/p>\r\n\r\n<p style=\"text-align:justify\"><span style=\"font-size:11pt\"><span style=\"line-height:normal\"><span style=\"font-family:Aptos,sans-serif\"><a href=\"https:\/\/gazetadasemana.com.br\/noticia\/268521\/a-upm-colabora-com-a-andritz-na-reciclagem-de-vestimentas-de-maquinas-de-papel\" style=\"color:blue; text-decoration:underline\"><span style=\"font-size:14.0pt\">A UPM colabora com a ANDRITZ na reciclagem de vestimentas de m&aacute;quinas de papel<\/span><\/a><\/span><\/span><\/span><\/p>\r\n\r\n<p style=\"text-align:justify\"><span style=\"font-size:11pt\"><span style=\"line-height:normal\"><span style=\"font-family:Aptos,sans-serif\"><a href=\"https:\/\/exclusivo.com.br\/negocios\/incendio-em-fabrica-nao-compromete-fornecimento-de-produtos-garante-cipatex\/\" style=\"color:blue; text-decoration:underline\"><span style=\"font-size:14.0pt\">Inc&ecirc;ndio em f&aacute;brica n&atilde;o compromete fornecimento de produtos, garante Cipatex<\/span><\/a><\/span><\/span><\/span><\/p>\r\n\r\n<p style=\"text-align:justify\"><span style=\"font-size:11pt\"><span style=\"line-height:normal\"><span style=\"font-family:Aptos,sans-serif\"><a href=\"https:\/\/www.nonwovens-industry.com\/video\/executive-talks-fitesas-michael-baumgartner-talks-sustainability\/?utm_campaign=NON%20eNewsletter&amp;utm_medium=email&amp;_hsenc=p2ANqtz-8_dbBtNQmTz02posRhFP16Bktt-IKVEVSS-l1-pFfprej4ywtr1YjJnF-HYCotUysbbegMT4dWM62b4C7YxNi-_LV-HA&amp;_hsmi=405905336&amp;utm_content=405905336&amp;utm_source=hs_email\" style=\"color:blue; text-decoration:underline\"><span lang=\"EN-US\" style=\"font-size:14.0pt\">Executive Talks: Fitesa&rsquo;s Michael Baumgartner Talks Sustainability<\/span><\/a><\/span><\/span><\/span><\/p>\r\n\r\n<p style=\"text-align:justify\">&nbsp;<\/p>\r\n\r\n<p style=\"text-align:justify\"><span style=\"font-size:11pt\"><span style=\"line-height:normal\"><span style=\"font-family:Aptos,sans-serif\"><b><span lang=\"EN-US\" style=\"font-size:18.0pt\"><span style=\"font-variant:small-caps\">Eventos<\/span><\/span><\/b><\/span><\/span><\/span><\/p>\r\n\r\n<p style=\"text-align:justify\"><span style=\"font-size:11pt\"><span style=\"line-height:normal\"><span style=\"font-family:Aptos,sans-serif\"><a href=\"https:\/\/events.economist.com\/sustainability-week\/?RefID=EM13A-WhatsNew-Del_email-owned_MA00007195\" style=\"color:blue; text-decoration:underline\"><b><span lang=\"EN-US\" style=\"font-size:14.0pt\">11th annual Sustainability Week | Incorporating the 3rd annual Energy Transition Summit<\/span><\/b><\/a><span lang=\"EN-US\" style=\"font-size:14.0pt\">, March 2nd &ndash; 4th 2026, Intercontinental London &ndash; the O2<\/span><\/span><\/span><\/span><\/p>\r\n\r\n<p style=\"text-align:justify\"><span style=\"font-size:11pt\"><span style=\"line-height:normal\"><span style=\"font-family:Aptos,sans-serif\"><a href=\"https:\/\/www.fimec.com.br\/pt-br\/home\" style=\"color:blue; text-decoration:underline\"><b><span style=\"font-size:14.0pt\">49&ordf; Fimec - Feira Internacional de Couros, Produtos Qu&iacute;micos, Componentes, M&aacute;quinas e Equipamentos para Cal&ccedil;ados e Curtumes<\/span><\/b><\/a><span style=\"font-size:14.0pt\">, 03 a 05 de mar&ccedil;o de 2026, Fenac, Novo Hamburgo\/RS<\/span><\/span><\/span><\/span><\/p>\r\n\r\n<p style=\"text-align:justify\"><span style=\"font-size:11pt\"><span style=\"line-height:normal\"><span style=\"font-family:Aptos,sans-serif\"><a href=\"https:\/\/app.rdstation.email\/mail\/dd110b5a-f469-44f9-832a-90dd21d8c549?utm_medium=email&amp;utm_campaign=duplicado_de__texbrasil_workshop_argentina&amp;utm_source=RD+Station\" style=\"color:blue; text-decoration:underline\"><b><span style=\"font-size:14.0pt\">WorkshopTexbrasil | Argentina 2026: Prepare sua empresa<\/span><\/b><\/a><span style=\"font-size:14.0pt\">, 04 de mar&ccedil;o, 10h &agrave;s 12h, evento online<\/span><\/span><\/span><\/span><\/p>\r\n\r\n<p style=\"text-align:justify\"><span style=\"font-size:11pt\"><span style=\"line-height:normal\"><span style=\"font-family:Aptos,sans-serif\"><a href=\"https:\/\/www.portaldaindustria.com.br\/eventos\/pt\/edicoes\/sb-cop-pos-cop30-o-papel-da-industria-na-agenda-de?v=f&amp;c=CNI&amp;p=&amp;t=publica-base-fluida.html#msdynmkt_trackingcontext=744b76b6-2041-4f78-bd7c-83a7ebd90100\" style=\"color:blue; text-decoration:underline\"><b><span style=\"font-size:14.0pt\">CNI P&oacute;s-COP30: o papel da ind&uacute;stria na agenda de clima<\/span><\/b><\/a><span style=\"font-size:14.0pt\">, 04 de mar&ccedil;o de 2026, 10h &agrave;s 15h, Sede da CNI - SBN, Quadra 1, Bloco C, Ed. Roberto Simonsen &ndash; Bras&iacute;lia\/DF, presencial<\/span><\/span><\/span><\/span><\/p>\r\n\r\n<p style=\"text-align:justify\"><span style=\"font-size:11pt\"><span style=\"line-height:normal\"><span style=\"font-family:Aptos,sans-serif\"><a href=\"https:\/\/app.rdstation.email\/mail\/3014319a-2527-4b0d-b10f-8e21df357c9b?utm_medium=email&amp;utm_campaign=duplicado_de__texbrasil_radar_de_sustentabilidade_4&amp;utm_source=RD+Station\" style=\"color:blue; text-decoration:underline\"><b><span style=\"font-size:14.0pt\">Radar de Sustentabilidade - Dimens&atilde;o: Responsabilidade Ambiental<\/span><\/b><\/a><span style=\"font-size:14.0pt\">, 10 de mar&ccedil;o de 2026, 14h &agrave;s 16h, evento online<\/span><\/span><\/span><\/span><\/p>\r\n\r\n<p style=\"text-align:justify\"><span style=\"font-size:11pt\"><span style=\"line-height:normal\"><span style=\"font-family:Aptos,sans-serif\"><a href=\"https:\/\/eiu-enquiries.zoom.us\/webinar\/register\/3617715933988\/WN_sbh-iqI5Q4yBvKLuQAcBYw?utm_campaign=MA00009251&amp;utm_medium=email-owned&amp;utm_source=eiu-marketing-cloud&amp;RefID=&amp;utm_term=20260303&amp;utm_id=2166621&amp;sfmc_id=00QWT00000A9Mst2AF&amp;utm_content=cta-button-1&amp;id_mc=277289080#\/registration\" style=\"color:blue; text-decoration:underline\"><b><span lang=\"EN-US\" style=\"font-size:14.0pt\">The EIU | Webinar: Navigating the next phase of financial risk<\/span><\/b><\/a><span lang=\"EN-US\" style=\"font-size:14.0pt\">, Wednesday March 18th 2026, 12:00pm EDT | 4:00pm GMT | 5:00pm CET<\/span><\/span><\/span><\/span><\/p>\r\n\r\n<p style=\"text-align:justify\"><span style=\"font-size:11pt\"><span style=\"line-height:normal\"><span style=\"font-family:Aptos,sans-serif\"><a href=\"https:\/\/congressodeinovacao.com.br\/\" style=\"color:blue; text-decoration:underline\"><b><span style=\"font-size:14.0pt\">11&ordm; Congresso de Inova&ccedil;&atilde;o da Ind&uacute;stria<\/span><\/b><\/a><span style=\"font-size:14.0pt\">, 25 e 26 de mar&ccedil;o de 2026, WTC S&atilde;o Paulo<\/span><\/span><\/span><\/span><\/p>\r\n\r\n<p style=\"text-align:justify\"><span style=\"font-size:11pt\"><span style=\"line-height:normal\"><span style=\"font-family:Aptos,sans-serif\"><a href=\"https:\/\/www.hospitalar.com\/?utm_campaign=BRZ26HPR-MN-CREDENCIAMENTO-ABERTO&amp;utm_emailname=BRZ26HPR-MN-CREDENCIAMENTO-ABERTO-1-Resend&amp;utm_medium=email&amp;utm_source=eloqua&amp;utm_MDMContactID=2bb3d23c-a32f-4218-88d5-29f7fb45caee&amp;utm_campaigntype=Visitor%20Promotion&amp;eM=50c7dfe42c38ea8f10539f0a167fc763253059e495554a32db7a57f8f237ec4c&amp;eventSeriesCode=ES_HOSPITALAR&amp;eventEditionCode=BRZ26HPR&amp;sessionCode=S_EXHB&amp;sp_eh=50c7dfe42c38ea8f10539f0a167fc763253059e495554a32db7a57f8f237ec4c\" style=\"color:blue; text-decoration:underline\"><b><span style=\"font-size:14.0pt\">Hospitalar 2026<\/span><\/b><\/a><span style=\"font-size:14.0pt\">, 19 a 22 de maio, das 11h &agrave;s 20h, S&atilde;o Paulo Expo<\/span><\/span><\/span><\/span><\/p>\r\n\r\n<p style=\"text-align:justify\"><span style=\"font-size:11pt\"><span style=\"line-height:normal\"><span style=\"font-family:Aptos,sans-serif\"><a href=\"https:\/\/www.hightex.com.tr\/\" style=\"color:blue; text-decoration:underline\"><b><span lang=\"EN-US\" style=\"font-size:14.0pt\">HIGTEX 2026 &ndash; International Technical Textiles and Nonwoven Exhibition<\/span><\/b><\/a><span lang=\"EN-US\" style=\"font-size:14.0pt\">, June 9&ndash;13, T&Uuml;YAP Fair and Congress Center, \u0130stanbul, T&uuml;rkiye<\/span><\/span><\/span><\/span><\/p>\r\n\r\n<p style=\"text-align:justify\"><span style=\"font-size:11pt\"><span style=\"line-height:normal\"><span style=\"font-family:Aptos,sans-serif\"><a href=\"https:\/\/www.worldofwipes.org\/\" style=\"color:blue; text-decoration:underline\"><b><span lang=\"EN-US\" style=\"font-size:14.0pt\">INDA | WOW - World of Wipes International Conference<\/span><\/b><\/a><span lang=\"EN-US\" style=\"font-size:14.0pt\">, June 29&ndash;July 2, 2026, Grand Hyatt Nashville, Nashville, Tennessee USA<\/span><\/span><\/span><\/span><\/p>\r\n\r\n<p style=\"text-align:justify\"><span style=\"font-size:11pt\"><span style=\"line-height:normal\"><span style=\"font-family:Aptos,sans-serif\"><a href=\"https:\/\/filtech.de\/\" style=\"color:blue; text-decoration:underline\"><b><span style=\"font-size:14.0pt\">Filtech 2026<\/span><\/b><\/a><span style=\"font-size:14.0pt\">, 30 de junho a 2 de julho, Cologne, Alemanha<\/span><\/span><\/span><\/span><\/p>\r\n\r\n<p style=\"text-align:justify\"><span style=\"font-size:11pt\"><span style=\"line-height:normal\"><span style=\"font-family:Aptos,sans-serif\"><a href=\"https:\/\/www.formobile.com.br\/pt\/home.html\" style=\"color:blue; text-decoration:underline\"><b><span style=\"font-size:14.0pt\">ForM&oacute;bile 2026<\/span><\/b><\/a><span style=\"font-size:14.0pt\">, 30 de junho a 3 de julho, S&atilde;o Paulo Expo<\/span><\/span><\/span><\/span><\/p>\r\n\r\n<p style=\"text-align:justify\"><span style=\"font-size:11pt\"><span style=\"line-height:normal\"><span style=\"font-family:Aptos,sans-serif\"><a href=\"https:\/\/sienge.com.br\/construsummit\/\" style=\"color:blue; text-decoration:underline\"><b><span style=\"font-size:14.0pt\">Construsummit<\/span><\/b><\/a><span style=\"font-size:14.0pt\">, 1 e 2 de julho de 2026, Florian&oacute;polis, SC<\/span><\/span><\/span><\/span><\/p>\r\n\r\n<p style=\"text-align:justify\"><span style=\"font-size:11pt\"><span style=\"line-height:normal\"><span style=\"font-family:Aptos,sans-serif\"><a href=\"https:\/\/feiplar.com\/Presencial\/inicio-2024\/\" style=\"color:blue; text-decoration:underline\"><b><span style=\"font-size:14.0pt\">FEIPLAR &amp; FEIPUR &ndash; Feira e Congresso Internacionais de Materiais Avan&ccedil;ados<\/span><\/b><\/a><span style=\"font-size:14.0pt\">, 25 a 27 de agosto de 2026, S&atilde;o Paulo Expo | Pavilh&atilde;o 5, S&atilde;o Paulo, SP, Brasil<\/span><\/span><\/span><\/span><\/p>\r\n\r\n<p style=\"text-align:justify\"><span style=\"font-size:11pt\"><span style=\"line-height:normal\"><span style=\"font-family:Aptos,sans-serif\"><a href=\"https:\/\/ficons.com.br\/\" style=\"color:blue; text-decoration:underline\"><b><span style=\"font-size:14.0pt\">FICONS - Feira Internacional de Materiais, Equipamentos e Servi&ccedil;os da Constru&ccedil;&atilde;o<\/span><\/b><\/a><span style=\"font-size:14.0pt\">, 15 a 18 de setembro de 2026, Centro de Conven&ccedil;&otilde;es de Pernambuco Recife\/ Olinda<\/span><\/span><\/span><\/span><\/p>\r\n\r\n<p style=\"text-align:justify\"><span style=\"font-size:11pt\"><span style=\"line-height:normal\"><span style=\"font-family:Aptos,sans-serif\"><a href=\"https:\/\/www.edana.org\/events\/outlook\/outlook-2025\" style=\"color:blue; text-decoration:underline\"><b><span style=\"font-size:14.0pt\">OUTLOOK&trade; 2026<\/span><\/b><\/a><span style=\"font-size:14.0pt\">, 22&ndash;24 September, Hotel Miragem, Cascais, Portugal<\/span><\/span><\/span><\/span><\/p>\r\n\r\n<p style=\"text-align:justify\"><span style=\"font-size:11pt\"><span style=\"line-height:normal\"><span style=\"font-family:Aptos,sans-serif\"><a href=\"https:\/\/hospitalmed.com.br\/feira\/\" style=\"color:blue; text-decoration:underline\"><b><span style=\"font-size:14.0pt\">HospitalMed<\/span><\/b><\/a><span style=\"font-size:14.0pt\">, 21 a 23 de outubro de 2026, das 14h &agrave;s 20h, Pernambuco Centro de Conven&ccedil;&otilde;es, Olinda<\/span><\/span><\/span><\/span><\/p>\r\n\r\n<p style=\"text-align:justify\"><span style=\"font-size:11pt\"><span style=\"line-height:normal\"><span style=\"font-family:Aptos,sans-serif\"><a href=\"https:\/\/www.edana.org\/events\/edana-sustainability-forum\" style=\"color:blue; text-decoration:underline\"><b><span lang=\"EN-US\" style=\"font-size:14.0pt\">Sustainability &amp; Policy Forum<\/span><\/b><\/a><span lang=\"EN-US\" style=\"font-size:14.0pt\">, 8&ndash;9 December 2026, Residence Palace in Brussels, Belgium<\/span><\/span><\/span><\/span><\/p>\r\n\r\n<p style=\"text-align:justify\"><span style=\"font-size:11pt\"><span style=\"line-height:normal\"><span style=\"font-family:Aptos,sans-serif\"><a href=\"https:\/\/infrane.com.br\/\" style=\"color:blue; text-decoration:underline\"><b><span style=\"font-size:14.0pt\">Infra NE<\/span><\/b><\/a><span style=\"font-size:14.0pt\">, 03 a 05 de mar&ccedil;o de 2027, Centro de Conven&ccedil;&otilde;es Salvador<\/span><\/span><\/span><\/span><\/p>\r\n\r\n<p style=\"text-align:justify\"><span style=\"font-size:28pt\"><span style=\"font-family:Aptos,sans-serif\"><span style=\"letter-spacing:-0.5pt\"><b><span style=\"font-size:18.0pt\"><span style=\"font-variant:small-caps\">Setor<\/span><\/span><\/b><\/span><\/span><\/span><\/p>\r\n\r\n<p style=\"text-align:justify\"><span style=\"font-size:11pt\"><span style=\"line-height:normal\"><span style=\"font-family:Aptos,sans-serif\"><a href=\"https:\/\/plasticosemrevista.com.br\/as-tensoes-que-nublam-a-petroquimica-global\/\" style=\"color:blue; text-decoration:underline\"><span style=\"font-size:14.0pt\">As tens&otilde;es que nublam a petroqu&iacute;mica global<\/span><\/a><\/span><\/span><\/span><\/p>\r\n\r\n<p style=\"text-align:justify\"><span style=\"font-size:11pt\"><span style=\"line-height:normal\"><span style=\"font-family:Aptos,sans-serif\"><a href=\"https:\/\/portalpersonalcare.com.br\/fraldas-descartaveis-lideram-ranking-de-nao-medicamentos-nas-farmacias-em-2025\/?utm_medium=email&amp;utm_campaign=newsletter_25022026&amp;utm_source=RD+Station\" style=\"color:blue; text-decoration:underline\"><span style=\"font-size:14.0pt\">Fraldas descart&aacute;veis lideram ranking de n&atilde;o medicamentos nas farm&aacute;cias em 2025<\/span><\/a><\/span><\/span><\/span><\/p>\r\n\r\n<p style=\"text-align:justify\"><span style=\"font-size:11pt\"><span style=\"line-height:normal\"><span style=\"font-family:Aptos,sans-serif\"><a href=\"https:\/\/plasticosulamerica.com\/com-demanda-puxada-pelo-agro-industria-de-flexiveis-cresce-em-receita-e-recua-em-volume\/\" style=\"color:blue; text-decoration:underline\"><span style=\"font-size:14.0pt\">Com demanda puxada pelo agro, ind&uacute;stria de flex&iacute;veis cresce em receita e recua em volume<\/span><\/a><\/span><\/span><\/span><\/p>\r\n\r\n<p style=\"text-align:justify\"><span style=\"font-size:11pt\"><span style=\"line-height:normal\"><span style=\"font-family:Aptos,sans-serif\"><a href=\"https:\/\/www.terra.com.br\/noticias\/filtros-industriais-ganham-espaco-no-tratamento-de-agua-no-brasil,54ebbe5b10af6744f1d307dca9061f5atyqpbjjj.html\" style=\"color:blue; text-decoration:underline\"><span style=\"font-size:14.0pt\">Filtros industriais ganham espa&ccedil;o no tratamento de &aacute;gua no Brasil<\/span><\/a><\/span><\/span><\/span><\/p>\r\n\r\n<p style=\"text-align:justify\"><span style=\"font-size:11pt\"><span style=\"line-height:normal\"><span style=\"font-family:Aptos,sans-serif\"><a href=\"https:\/\/www.saudebusiness.com\/saude-publica\/projeto-saude-em-nossas-maos-reduziu-26-das-infeccoes-hospitalares-em-um-ano\/?utm_campaign=BRZ26HPR-MN-ALL-Newsletter-Fevereiro&amp;utm_emailname=BRZ26HPR-MN-ALL-Newsletter-Fevereiro&amp;utm_medium=email&amp;utm_source=eloqua&amp;utm_MDMContactID=2bb3d23c-a32f-4218-88d5-29f7fb45caee&amp;utm_campaigntype=Newsletter&amp;eM=50c7dfe42c38ea8f10539f0a167fc763253059e495554a32db7a57f8f237ec4c&amp;eventSeriesCode=ES_HOSPITALAR&amp;eventEditionCode=BRZ26HPR&amp;sessionCode=S_EXHB&amp;sp_eh=50c7dfe42c38ea8f10539f0a167fc763253059e495554a32db7a57f8f237ec4c\" style=\"color:blue; text-decoration:underline\"><span style=\"font-size:14.0pt\">Projeto &ldquo;Sa&uacute;de em Nossas M&atilde;os&rdquo; reduziu 26% das infec&ccedil;&otilde;es hospitalares em um ano<\/span><\/a><\/span><\/span><\/span><\/p>\r\n\r\n<p style=\"text-align:justify\"><span style=\"font-size:11pt\"><span style=\"line-height:normal\"><span style=\"font-family:Aptos,sans-serif\"><a href=\"https:\/\/sinditextilsp.org.br\/home\/2026\/03\/sinditextil-sp-debate-cenario-economico-relacoes-com-os-eua-e-desafios-do-varejo-em-reuniao-conjunta-com-a-abit\/?utm_medium=email&amp;utm_campaign=sindinews_-_0322026&amp;utm_source=RD+Station\" style=\"color:blue; text-decoration:underline\"><span style=\"font-size:14.0pt\">Sindit&ecirc;xtil-SP debate cen&aacute;rio econ&ocirc;mico, rela&ccedil;&otilde;es com os EUA e desafios do varejo<\/span><\/a><\/span><\/span><\/span><\/p>\r\n\r\n<p style=\"text-align:justify\"><span style=\"font-size:28pt\"><span style=\"font-family:Aptos,sans-serif\"><span style=\"letter-spacing:-0.5pt\"><b><span style=\"font-size:18.0pt\"><span style=\"font-variant:small-caps\">Ind&uacute;stria<\/span><\/span><\/b><\/span><\/span><\/span><\/p>\r\n\r\n<p style=\"text-align:justify\"><span style=\"font-size:11pt\"><span style=\"line-height:normal\"><span style=\"font-family:Aptos,sans-serif\"><a href=\"https:\/\/portalibre.fgv.br\/system\/files\/2026-03\/indice-de-confianca-empresarial-fgv_press-release_fev26_1.pdf\" style=\"color:blue; text-decoration:underline\"><span style=\"font-size:14.0pt\">Confian&ccedil;a Empresarial recua em fevereiro<\/span><\/a><\/span><\/span><\/span><\/p>\r\n\r\n<p style=\"text-align:justify\"><span style=\"font-size:11pt\"><span style=\"line-height:normal\"><span style=\"font-family:Aptos,sans-serif\"><a href=\"https:\/\/noticias.portaldaindustria.com.br\/noticias\/economia\/empresarios-de-21-setores-industriais-estao-sem-confianca-diz-cni\/?utm_source=email&amp;utm_medium=newsletter&amp;utm_campaign=02032026_010\" style=\"color:blue; text-decoration:underline\"><span style=\"font-size:14.0pt\">Empres&aacute;rios de 21 setores industriais est&atilde;o sem confian&ccedil;a, diz CNI<\/span><\/a><\/span><\/span><\/span><\/p>\r\n\r\n<p style=\"text-align:justify\"><span style=\"font-size:11pt\"><span style=\"line-height:normal\"><span style=\"font-family:Aptos,sans-serif\"><a href=\"https:\/\/istoedinheiro.com.br\/reducao-de-jornada-a-40h-elevaria-custo-na-economia-em-ate-r-2672-bi-por-ano-diz-cni-2\" style=\"color:blue; text-decoration:underline\"><span style=\"font-size:14.0pt\">CNI: redu&ccedil;&atilde;o de jornada teria impacto de 7% na folha e custo de at&eacute; R$ 267 bi por ano<\/span><\/a><\/span><\/span><\/span><\/p>\r\n\r\n<p style=\"text-align:justify\"><span style=\"font-size:11pt\"><span style=\"line-height:normal\"><span style=\"font-family:Aptos,sans-serif\"><a href=\"https:\/\/fecomercio.com.br\/noticia\/custo-do-trabalho-aumentaria-22-com-fim-da-escala-6x1?utm_medium=email&amp;utm_campaign=direto_ao_ponto_-_fev-2&amp;utm_source=RD+Station\" style=\"color:blue; text-decoration:underline\"><span style=\"font-size:14.0pt\">Custo do trabalho aumentaria 22% com fim da escala 6x1<\/span><\/a><\/span><\/span><\/span><\/p>\r\n\r\n<p style=\"text-align:justify\"><span style=\"font-size:11pt\"><span style=\"line-height:normal\"><span style=\"font-family:Aptos,sans-serif\"><a href=\"https:\/\/anba.com.br\/opep-decide-aumentar-producao-de-petroleo\/\" style=\"color:blue; text-decoration:underline\"><span style=\"font-size:14.0pt\">Opep+ decide aumentar produ&ccedil;&atilde;o de petr&oacute;leo<\/span><\/a><\/span><\/span><\/span><\/p>\r\n\r\n<p style=\"text-align:justify\"><span style=\"font-size:11pt\"><span style=\"line-height:normal\"><span style=\"font-family:Aptos,sans-serif\"><a href=\"https:\/\/www.gov.br\/mdic\/pt-br\/assuntos\/noticias\/2026\/fevereiro\/mdic-e-fiesp-firmam-parcerias-para-fortalecer-defesa-comercial-e-reduzir-burocracias-na-industria\" style=\"color:blue; text-decoration:underline\"><span style=\"font-size:14.0pt\">MDIC e Fiesp firmam parcerias para fortalecer defesa comercial e reduzir burocracias na ind&uacute;stria<\/span><\/a><\/span><\/span><\/span><\/p>\r\n\r\n<p style=\"text-align:justify\"><span style=\"font-size:11pt\"><span style=\"line-height:normal\"><span style=\"font-family:Aptos,sans-serif\"><span class=\"MsoHyperlink\" style=\"color:blue\"><span style=\"text-decoration:underline\"><span style=\"font-size:14.0pt\"><a href=\"https:\/\/www.gazetasp.com.br\/automotor\/producao-de-veiculos-cai-12-em-janeiro-com-recuo-nas-exportacoes\/1172767\/\" style=\"color:blue; text-decoration:underline\">Produ&ccedil;&atilde;o de ve&iacute;culos cai 12% em janeiro com recuo nas exporta&ccedil;&otilde;es<\/a><\/span><\/span><\/span><\/span><\/span><\/span><\/p>\r\n\r\n<p style=\"text-align:justify\"><span style=\"font-size:11pt\"><span style=\"line-height:normal\"><span style=\"font-family:Aptos,sans-serif\"><a href=\"https:\/\/www.portaldaindustria.com.br\/estatisticas\/sondagem-industria-da-construcao\/\" style=\"color:blue; text-decoration:underline\"><span style=\"font-size:14.0pt\">Ind&uacute;stria da constru&ccedil;&atilde;o mostra menor ritmo de atividade para o m&ecirc;s desde 2017<\/span><\/a><\/span><\/span><\/span><\/p>\r\n\r\n<p class=\"MsoTitle\" style=\"text-align:justify\"><span style=\"font-size:11pt\"><span style=\"line-height:normal\"><span style=\"font-family:Aptos,sans-serif\"><span class=\"MsoHyperlink\" style=\"color:blue\"><span style=\"text-decoration:underline\"><span style=\"font-size:14.0pt\"><a href=\"https:\/\/cni.portaldaindustria.com.br\/agenda-juridica-da-industria?utm_source=comext&amp;utm_medium=email&amp;utm_campaign=campanhainstitucional&amp;utm_content=id00245#msdynmkt_trackingcontext=6e6bcb09-21ae-4019-9974-21e8b6990200\" style=\"color:blue; text-decoration:underline\">CNI | Agenda jur&iacute;dica da Ind&uacute;stria 2026<\/a><\/span><\/span><\/span><\/span><\/span><\/span><\/p>\r\n\r\n<p class=\"MsoTitleCxSpFirst\" style=\"text-align:justify\">&nbsp;<\/p>\r\n\r\n<p class=\"MsoTitleCxSpMiddle\" style=\"text-align:justify\"><span style=\"font-size:28pt\"><span style=\"font-family:Aptos,sans-serif\"><span style=\"letter-spacing:-0.5pt\"><b><span style=\"font-size:18.0pt\"><span style=\"font-variant:small-caps\">Inova&ccedil;&atilde;o<\/span><\/span><\/b><\/span><\/span><\/span><\/p>\r\n\r\n<p class=\"MsoTitleCxSpLast\" style=\"text-align:justify\"><span style=\"font-size:11pt\"><span style=\"line-height:normal\"><span style=\"font-family:Aptos,sans-serif\"><a href=\"https:\/\/plasticosulamerica.com\/a-patente-desenvolvida-no-brasil-propoe-uso-de-residuos-industriais-como-materia-prima-na-industria-quimica\/\" style=\"color:blue; text-decoration:underline\"><span style=\"font-size:14.0pt\">Patente desenvolvida no Basil prop&otilde;e uso de res&iacute;duos industriais como mat&eacute;ria prima na ind&uacute;stria qu&iacute;mica<\/span><\/a><\/span><\/span><\/span><\/p>\r\n\r\n<p class=\"MsoTitleCxSpFirst\" style=\"text-align:justify\"><span style=\"font-size:28pt\"><span style=\"font-family:Aptos,sans-serif\"><span style=\"letter-spacing:-0.5pt\"><b><span style=\"font-size:18.0pt\"><span style=\"font-variant:small-caps\">Com&eacute;rcio Exterior<\/span><\/span><\/b><\/span><\/span><\/span><\/p>\r\n\r\n<p style=\"text-align:justify\"><span style=\"font-size:11pt\"><span style=\"line-height:normal\"><span style=\"font-family:Aptos,sans-serif\"><span class=\"MsoHyperlink\" style=\"color:blue\"><span style=\"text-decoration:underline\"><span style=\"font-size:14.0pt\"><a href=\"https:\/\/iclnoticias.com.br\/ue-acordo-mercosul-ignorando-resistencia-franca\/\" style=\"color:blue; text-decoration:underline\">UE anuncia entrada em vigor de acordo com Mercosul, ignorando resist&ecirc;ncia da Fran&ccedil;a<\/a><\/span><\/span><\/span><\/span><\/span><\/span><\/p>\r\n\r\n<p class=\"MsoTitle\" style=\"text-align:justify\"><span style=\"font-size:11pt\"><span style=\"line-height:normal\"><span style=\"font-family:Aptos,sans-serif\"><span class=\"MsoHyperlink\" style=\"color:blue\"><span style=\"text-decoration:underline\"><span style=\"font-size:14.0pt\"><a href=\"https:\/\/timesbrasil.com.br\/mundo\/tarifa-global-de-10-dos-eua-melhora-competitividade-do-setor-plastico-brasileiro-defende-abiplast\/\" style=\"color:blue; text-decoration:underline\">Tarifa global de 10% dos EUA melhora competitividade do setor pl&aacute;stico brasileiro, defende Abiplast<\/a><\/span><\/span><\/span><\/span><\/span><\/span><\/p>\r\n\r\n<p class=\"MsoTitle\" style=\"text-align:justify\"><span style=\"font-size:11pt\"><span style=\"line-height:normal\"><span style=\"font-family:Aptos,sans-serif\"><span class=\"MsoHyperlink\" style=\"color:blue\"><span style=\"text-decoration:underline\"><span style=\"font-size:14.0pt\"><a href=\"https:\/\/anba.com.br\/mercosul-egito-zera-ultimas-tarifas-de-acordo\/\" style=\"color:blue; text-decoration:underline\">Mercosul-Egito zera &uacute;ltimas tarifas de acordo<\/a><\/span><\/span><\/span><\/span><\/span><\/span><\/p>\r\n\r\n<p class=\"MsoTitle\" style=\"text-align:justify\"><span style=\"font-size:11pt\"><span style=\"line-height:normal\"><span style=\"font-family:Aptos,sans-serif\"><span class=\"MsoHyperlink\" style=\"color:blue\"><span style=\"text-decoration:underline\"><span style=\"font-size:14.0pt\"><a href=\"https:\/\/www12.senado.leg.br\/noticias\/materias\/2026\/02\/24\/representacao-brasileira-no-parlasul-aprova-acordo-mercosul-uniao-europeia?utm_medium=email&amp;utm_source=resumo-agencia&amp;utm_campaign=2026-02-24\" style=\"color:blue; text-decoration:underline\">Representa&ccedil;&atilde;o Brasileira no Parlasul aprova Acordo Mercosul-Uni&atilde;o Europeia<\/a><\/span><\/span><\/span><\/span><\/span><\/span><\/p>\r\n\r\n<p class=\"MsoTitle\" style=\"text-align:justify\"><span style=\"font-size:11pt\"><span style=\"line-height:normal\"><span style=\"font-family:Aptos,sans-serif\"><span class=\"MsoHyperlink\" style=\"color:blue\"><span style=\"text-decoration:underline\"><span style=\"font-size:14.0pt\"><a href=\"https:\/\/comexdobrasil.com\/acordo-mercosul-uniao-europeia-deve-entrar-em-vigor-em-maio-preve-geraldo-alckmin\/\" style=\"color:blue; text-decoration:underline\">Acordo Mercosul-Uni&atilde;o Europeia deve entrar em vigor em maio, prev&ecirc; Geraldo Alckmin<\/a><\/span><\/span><\/span><\/span><\/span><\/span><\/p>\r\n\r\n<p class=\"MsoTitle\" style=\"text-align:justify\"><span style=\"font-size:11pt\"><span style=\"line-height:normal\"><span style=\"font-family:Aptos,sans-serif\"><span class=\"MsoHyperlink\" style=\"color:blue\"><span style=\"text-decoration:underline\"><span style=\"font-size:14.0pt\"><a href=\"https:\/\/comexdobrasil.com\/tarifaco-global-entra-em-2026-pressiona-o-comercio-exterior-e-acelera-a-corrida-por-inteligencia-na-logistica-maritima\/\" style=\"color:blue; text-decoration:underline\">Tarifa&ccedil;o global entra em 2026, pressiona o com&eacute;rcio exterior e acelera a corrida por intelig&ecirc;ncia na log&iacute;stica mar&iacute;tima<\/a><\/span><\/span><\/span><\/span><\/span><\/span><\/p>\r\n\r\n<p class=\"MsoTitle\" style=\"text-align:justify\"><span style=\"font-size:11pt\"><span style=\"line-height:normal\"><span style=\"font-family:Aptos,sans-serif\"><span class=\"MsoHyperlink\" style=\"color:blue\"><span style=\"text-decoration:underline\"><span style=\"font-size:14.0pt\"><a href=\"https:\/\/www.moveisdevalor.com.br\/portal\/tarifaco-encolhe-as-exportacoes-de-moveis-e-gera-deficit-em-2025?source=news\" style=\"color:blue; text-decoration:underline\">Tarifa&ccedil;o encolhe as exporta&ccedil;&otilde;es de m&oacute;veis e gera d&eacute;ficit em 2025<\/a><\/span><\/span><\/span><\/span><\/span><\/span><\/p>\r\n\r\n<p class=\"MsoTitleCxSpLast\" style=\"text-align:justify\"><span style=\"font-size:28pt\"><span style=\"font-family:Aptos,sans-serif\"><span style=\"letter-spacing:-0.5pt\"><b><span style=\"font-size:18.0pt\"><span style=\"font-variant:small-caps\">Economia<\/span><\/span><\/b><\/span><\/span><\/span><\/p>\r\n\r\n<p style=\"text-align:justify\"><span style=\"font-size:11pt\"><span style=\"line-height:normal\"><span style=\"font-family:Aptos,sans-serif\"><a href=\"https:\/\/www.bcb.gov.br\/content\/focus\/focus\/R20260227.pdf\" style=\"color:blue; text-decoration:underline\"><span style=\"font-size:14.0pt\">Focus - Relat&oacute;rio de Mercado<\/span><\/a><\/span><\/span><\/span><\/p>\r\n\r\n<p style=\"text-align:justify\"><span style=\"font-size:11pt\"><span style=\"line-height:normal\"><span style=\"font-family:Aptos,sans-serif\"><a href=\"https:\/\/www.bcb.gov.br\/controleinflacao\/focusdistribuicoesfrequencia\" style=\"color:blue; text-decoration:underline\"><span style=\"font-size:14.0pt\">Focus &ndash; Distribui&ccedil;&otilde;es de Frequ&ecirc;ncia das Expectativas de Mercado para IPCA, Selic, PIB e C&acirc;mbio.<\/span><\/a><\/span><\/span><\/span><\/p>\r\n\r\n<p style=\"text-align:justify\"><span style=\"font-size:11pt\"><span style=\"line-height:normal\"><span style=\"font-family:Aptos,sans-serif\"><a href=\"https:\/\/portalibre.fgv.br\/system\/files\/divulgacao\/noticias\/mat-complementar\/2026-02\/PressRelease_IIE-BR_fev26.pdf\" style=\"color:blue; text-decoration:underline\"><span style=\"font-size:14.0pt\">Incerteza Econ&ocirc;mica recua em fevereiro, ap&oacute;s subir muito no m&ecirc;s anterior<\/span><\/a><\/span><\/span><\/span><\/p>\r\n\r\n<p style=\"text-align:justify\"><span style=\"font-size:11pt\"><span style=\"line-height:normal\"><span style=\"font-family:Aptos,sans-serif\"><a href=\"https:\/\/www.iadb.org\/pt-br\/noticias\/economia-da-america-latina-e-caribe-vai-crescer-21-em-meio-incerteza-global-e-desafios-persistentes?utm_source=email&amp;utm_medium=news&amp;utm_campaign=economia-da-america-latina-e-caribe-vai-crescer-21-em-meio-incerteza-global-e-desafios-persistentes&amp;utm_term=news&amp;j=1325317&amp;sfmc_sub=194913938&amp;l=295_HTML&amp;u=22942166&amp;mid=100007543&amp;jb=1\" style=\"color:blue; text-decoration:underline\"><span style=\"font-size:14.0pt\">Economia da Am&eacute;rica Latina e Caribe vai crescer 2,1% em meio a incerteza global e desafios persistentes, projeta BID<\/span><\/a><\/span><\/span><\/span><\/p>\r\n","texto_en":"","7":"","imagem":"COMP_capa-2026-site-boletim-abint-noticias-semanis_20260310165008hwjAZWZXYY.jpg","8":"COMP_capa-2026-site-boletim-abint-noticias-semanis_20260310165008hwjAZWZXYY.jpg","arquivo":"20260303-BOLETIM-ABINT-DE-NOTICIAS-SEMANAIS.PDF","9":"20260303-BOLETIM-ABINT-DE-NOTICIAS-SEMANAIS.PDF","titulo_arquivo":"20260303 Boletim ABINT de Not\u00edcias Semanais","10":"20260303 Boletim ABINT de Not\u00edcias Semanais","titulo_arquivo_en":"","11":"","created_at":"2026-03-10 16:50:17","12":"2026-03-10 16:50:17","updated_at":"2026-03-10 16:50:17","13":"2026-03-10 16:50:17"},{"id":221,"0":221,"ordem":4,"1":4,"data":"2026-03-01","2":"2026-03-01","slug":"os-desafios-da-industria-de-naotecidos","3":"os-desafios-da-industria-de-naotecidos","titulo":"Os desafios da ind\u00fastria de N\u00e3otecidos","4":"Os desafios da ind\u00fastria de N\u00e3otecidos","titulo_en":"","5":"","texto":"<p><span style=\"font-size:11pt\"><span style=\"line-height:115%\"><span style=\"font-family:Calibri,sans-serif\"><i><span style=\"font-size:10.0pt\"><span style=\"line-height:115%\"><span style=\"font-family:&quot;Arial&quot;,sans-serif\">*Por Mateus Mesquita Inacio <\/span><\/span><\/span><\/i><\/span><\/span><\/span><\/p>\r\n\r\n<p style=\"text-align:justify\"><span style=\"font-size:11pt\"><span style=\"line-height:115%\"><span style=\"font-family:Calibri,sans-serif\"><span style=\"font-family:&quot;Arial&quot;,sans-serif\">Grandes expectativas marcam a entrada de 2026 no Brasil e no mundo. Enquanto a efervesc&ecirc;ncia da geopol&iacute;tica desenha novos rumos para os blocos econ&ocirc;micos e para os pa&iacute;ses individualmente, no Brasil os olhares se voltam para os encaminhamentos do in&eacute;dito acordo Mercosul-Uni&atilde;o Europeia, assim como para as elei&ccedil;&otilde;es majorit&aacute;rias em curso e para quest&otilde;es pontuais como as novas diretrizes vindas da Reforma Tribut&aacute;ria que entra em ano-teste. <\/span><\/span><\/span><\/span><\/p>\r\n\r\n<p style=\"text-align:justify\"><span style=\"font-size:11pt\"><span style=\"line-height:115%\"><span style=\"font-family:Calibri,sans-serif\"><span style=\"font-family:&quot;Arial&quot;,sans-serif\">Em paralelo a tudo isso, a ind&uacute;stria brasileira de N&atilde;otecidos e Tecidos T&eacute;cnicos ainda convive com desafios que impactam seus investimentos e competitividade. O aumento significativo das importa&ccedil;&otilde;es de N&atilde;otecidos, Tecidos T&eacute;cnicos e de produtos acabados, as medidas protetivas envolvendo as mat&eacute;rias primas e o j&aacute; conhecido Custo Brasil que n&atilde;o retrocede - varia&ccedil;&atilde;o cambial, dificuldade de acesso ao cr&eacute;dito, defasagem de infraestrutura log&iacute;stica, burocracia em torno de importa&ccedil;&atilde;o de maquin&aacute;rio e equipamentos - impactam diretamente as mais de 100 ind&uacute;strias que atuam no pa&iacute;s, empregando mais de 17 mil pessoas e produzindo mais de 300 mil toneladas\/ano.<\/span><\/span><\/span><\/span><\/p>\r\n\r\n<p style=\"text-align:justify\"><span style=\"font-size:11pt\"><span style=\"line-height:107%\"><span style=\"font-family:Calibri,sans-serif\"><span style=\"font-family:&quot;Arial&quot;,sans-serif\">Mesmo com um investimento de mais de R$600 milh&otilde;es nos &uacute;ltimos cinco anos para atender setores estrat&eacute;gicos como automotivo, constru&ccedil;&atilde;o e infraestrutura, higiene pessoal, m&eacute;dico hospitalar e agricultura, em 2025 o volume de importa&ccedil;&otilde;es continuou crescendo, fechando o ano com uma alta de 28% em rela&ccedil;&atilde;o a 2024. Produtos vindos da China e de outras origens, algumas das quais contando com subs&iacute;dios e outras condi&ccedil;&otilde;es especiais que reduzem artificialmente os custos de produ&ccedil;&atilde;o, n&atilde;o cumprindo requisitos de qualidade, ou at&eacute; mesmo sob suspeita de dumping, respondem por mais de 80% desse volume, e o pre&ccedil;o m&eacute;dio do N&atilde;otecido importado foi o menor dos &uacute;ltimos cinco anos. J&aacute; as exporta&ccedil;&otilde;es tiveram uma queda de 12,52% em rela&ccedil;&atilde;o a 2024 (22,9 mil toneladas em 2024 para 20 mil toneladas em 2025), o que reflete a atua&ccedil;&atilde;o predat&oacute;ria tamb&eacute;m fora do Brasil. Com a perda de competitividade dentro e fora do pa&iacute;s, j&aacute; se registram empresas relevantes e tradicionais do setor em processo de recupera&ccedil;&atilde;o judicial. <\/span><\/span><\/span><\/span><\/p>\r\n\r\n<p style=\"text-align:justify\"><span style=\"font-size:11pt\"><span style=\"line-height:107%\"><span style=\"font-family:Calibri,sans-serif\"><span style=\"font-family:&quot;Arial&quot;,sans-serif\">Neste cen&aacute;rio, a Associa&ccedil;&atilde;o Brasileira das Ind&uacute;strias de N&atilde;otecido e Tecidos T&eacute;cnicos (ABINT) e seus comit&ecirc;s, o CTG (Comit&ecirc; T&eacute;cnico de Geossint&eacute;ticos) e o CTH (Comit&ecirc; T&eacute;cnico M&eacute;dico-Hospitalar), ganham expressividade no mercado pelo constante apoio ao desenvolvimento da ind&uacute;stria nacional.<\/span><\/span><\/span><\/span><\/p>\r\n\r\n<p style=\"text-align:justify\"><span style=\"font-size:11pt\"><span style=\"line-height:115%\"><span style=\"font-family:Calibri,sans-serif\"><span style=\"font-family:&quot;Arial&quot;,sans-serif\">A entidade tem atuado fortemente em importantes pleitos de defesa comercial, visando maior prote&ccedil;&atilde;o do mercado nacional de N&atilde;otecidos e Tecidos T&eacute;cnicos. Da mesma forma, trabalha pelo desenvolvimento da cadeia de valor e sua aproxima&ccedil;&atilde;o ao Governo Federal no &acirc;mbito da Nova Ind&uacute;stria Brasil, busca incrementar a inova&ccedil;&atilde;o no setor de T&ecirc;xteis T&eacute;cnicos brasileiro.<\/span><\/span><\/span><\/span><\/p>\r\n\r\n<p style=\"text-align:justify\"><span style=\"font-size:11pt\"><span style=\"line-height:115%\"><span style=\"font-family:Calibri,sans-serif\"><span style=\"font-family:&quot;Arial&quot;,sans-serif\">Ao mesmo tempo, a ABINT e seus Comit&ecirc;s realizam um trabalho &aacute;rduo de divulga&ccedil;&atilde;o da qualidade e dos benef&iacute;cios dos N&atilde;otecidos e Tecidos T&eacute;cnicos nas diversas aplica&ccedil;&otilde;es. No &uacute;ltimo ano, promoveram cursos de treinamento e capacita&ccedil;&atilde;o (Curso ABINT Tecnologia dos N&atilde;otecidos; Curso Brasileiro de Instala&ccedil;&atilde;o de Geomembranas; Workshop &ldquo;Qualidade de Geossint&eacute;ticos Aplicados em Aterros Sanit&aacute;rios&rdquo;); desenvolveram e revisaram material t&eacute;cnico visando efici&ecirc;ncia e qualidade em aplica&ccedil;&otilde;es (lan&ccedil;amento do Manual CTG ABINT Brasil para Compradores, lan&ccedil;amento de 10 novas cartilhas do Ciclo de Qualidade CTG ABINT; in&iacute;cio da revis&atilde;o do livro &ldquo;Manual Brasileiro de Geossint&eacute;ticos (MBG)&rdquo; para lan&ccedil;amento da 3&ordf; edi&ccedil;&atilde;o); trabalharam no &acirc;mbito de Normas T&eacute;cnicas (revis&atilde;o e publica&ccedil;&atilde;o, por parte do CTH ABINT,&nbsp; da ABNT NBR 14990-6 - Sistemas e materiais de embalagem para esteriliza&ccedil;&atilde;o de produtos para sa&uacute;de - Parte 6: N&atilde;otecidos; participa&ccedil;&atilde;o ativa no desenvolvimento de normas, e em reuni&atilde;o do Instituto Chico Mendes de Conserva&ccedil;&atilde;o da Biodiversidade - ICMBio). <\/span><\/span><\/span><\/span><\/p>\r\n\r\n<p style=\"text-align:justify\"><span style=\"font-size:11pt\"><span style=\"line-height:115%\"><span style=\"font-family:Calibri,sans-serif\"><span style=\"font-family:&quot;Arial&quot;,sans-serif\">Outra frente de atua&ccedil;&atilde;o da ABINT e de seus Comit&ecirc;s &eacute; a aproxima&ccedil;&atilde;o de entidades parceiras em a&ccedil;&otilde;es de interesse, tais como Abiplast, Abrafiltros, FIESP\/CIESP, Senai, IGS Brasil, ABMS, AESabesp, SOBECC e outras, que participam dos desafios de fomentar o desenvolvimento socioecon&ocirc;mico do pa&iacute;s.<\/span><\/span><\/span><\/span><\/p>\r\n\r\n<p style=\"text-align:justify\"><span style=\"font-size:11pt\"><span style=\"line-height:115%\"><span style=\"font-family:Calibri,sans-serif\"><span style=\"font-family:&quot;Arial&quot;,sans-serif\">Em 2025, participaram do Comit&ecirc; de T&ecirc;xteis T&eacute;cnicos da ABIT, grupo criado para fomento da produ&ccedil;&atilde;o e desenvolvimento desse setor no Brasil, com consequente aproxima&ccedil;&atilde;o com outras entidades e institui&ccedil;&otilde;es de ensino. A ABINT tamb&eacute;m se tornou signat&aacute;ria da Liga de Descarboniza&ccedil;&atilde;o, iniciativa da ABIT. <\/span><\/span><\/span><\/span><\/p>\r\n\r\n<p style=\"text-align:justify\"><span style=\"font-size:11pt\"><span style=\"line-height:115%\"><span style=\"font-family:Calibri,sans-serif\"><span style=\"font-family:&quot;Arial&quot;,sans-serif\">Em 2026, as a&ccedil;&otilde;es de promo&ccedil;&atilde;o da efici&ecirc;ncia e qualidade dos N&atilde;otecidos e Tecidos T&eacute;cnicos continuam, mas a busca por competitividade vai al&eacute;m. Os n&atilde;otecidos e tecidos t&eacute;cnicos s&atilde;o componentes estrat&eacute;gicos tanto nos per&iacute;odos de crise - quando n&atilde;o podem faltar - quanto em ciclos de crescimento, nos quais contribuem para a efic&aacute;cia e a efici&ecirc;ncia dos investimentos. &Eacute; o caso dos geossint&eacute;ticos, por exemplo, que reduzem os custos de manuten&ccedil;&atilde;o e ampliam a vida &uacute;til das constru&ccedil;&otilde;es &mdash; benef&iacute;cios essenciais em um momento em que o Brasil vive um dos maiores ciclos de mobiliza&ccedil;&atilde;o de capital privado de sua hist&oacute;ria em infraestrutura. No setor de saneamento, leil&otilde;es j&aacute; movimentaram cerca de R$ 88,6 bilh&otilde;es em investimentos programados at&eacute; 2026. Em rodovias e ferrovias, o pa&iacute;s deve registrar um recorde de leil&otilde;es, com estimativa de aproximadamente R$ 161 bilh&otilde;es alocados em 2025, incluindo mais de 8,4 mil quil&ocirc;metros de trechos concedidos &agrave; iniciativa privada. No total, s&atilde;o previstos mais de R$ 250 bilh&otilde;es em investimentos privados em concess&otilde;es, privatiza&ccedil;&otilde;es e parcerias p&uacute;blico-privadas, abrangendo saneamento, rodovias, ferrovias e portos, o que refor&ccedil;a o papel decisivo do direcionamento educacional, da normatiza&ccedil;&atilde;o t&eacute;cnica e da produ&ccedil;&atilde;o de materiais de refer&ecirc;ncia para assegurar a qualidade e a longevidade dessas obras.<\/span><\/span><\/span><\/span><\/p>\r\n\r\n<p style=\"text-align:justify\"><span style=\"font-size:11pt\"><span style=\"line-height:115%\"><span style=\"font-family:Calibri,sans-serif\"><span style=\"font-family:&quot;Arial&quot;,sans-serif\">Este &eacute; apenas um exemplo, entre muitos, da import&acirc;ncia de garantir a manuten&ccedil;&atilde;o e a qualidade do abastecimento local de produtos t&atilde;o fundamentais para a sa&uacute;de, seguran&ccedil;a e conveni&ecirc;ncia dos brasileiros. <\/span><\/span><\/span><\/span><\/p>\r\n\r\n<p style=\"text-align:justify\"><span style=\"font-size:11pt\"><span style=\"line-height:115%\"><span style=\"font-family:Calibri,sans-serif\"><span style=\"font-family:&quot;Arial&quot;,sans-serif\">A competitividade da ind&uacute;stria local &ndash; de natureza altamente formalizada - pede pela moderniza&ccedil;&atilde;o da sua base de ativos para que siga garantindo emprego e divisas ao pa&iacute;s e isso reque que os olhares dos setores governamentais ligados &agrave; ind&uacute;stria e ao desenvolvimento estejam voltados a apoiar toda essa cadeia de valor.<\/span><\/span><\/span><\/span><\/p>\r\n\r\n<p style=\"text-align:justify\"><span style=\"font-size:11pt\"><span style=\"line-height:115%\"><span style=\"font-family:Calibri,sans-serif\"><b><i><span style=\"font-size:10.0pt\"><span style=\"line-height:115%\"><span style=\"font-family:&quot;Arial&quot;,sans-serif\">*Mateus Mesquita Inacio &eacute; presidente da ABINT<\/span><\/span><\/span><\/i><\/b><\/span><\/span><\/span><\/p>\r\n","6":"<p><span style=\"font-size:11pt\"><span style=\"line-height:115%\"><span style=\"font-family:Calibri,sans-serif\"><i><span style=\"font-size:10.0pt\"><span style=\"line-height:115%\"><span style=\"font-family:&quot;Arial&quot;,sans-serif\">*Por Mateus Mesquita Inacio <\/span><\/span><\/span><\/i><\/span><\/span><\/span><\/p>\r\n\r\n<p style=\"text-align:justify\"><span style=\"font-size:11pt\"><span style=\"line-height:115%\"><span style=\"font-family:Calibri,sans-serif\"><span style=\"font-family:&quot;Arial&quot;,sans-serif\">Grandes expectativas marcam a entrada de 2026 no Brasil e no mundo. Enquanto a efervesc&ecirc;ncia da geopol&iacute;tica desenha novos rumos para os blocos econ&ocirc;micos e para os pa&iacute;ses individualmente, no Brasil os olhares se voltam para os encaminhamentos do in&eacute;dito acordo Mercosul-Uni&atilde;o Europeia, assim como para as elei&ccedil;&otilde;es majorit&aacute;rias em curso e para quest&otilde;es pontuais como as novas diretrizes vindas da Reforma Tribut&aacute;ria que entra em ano-teste. <\/span><\/span><\/span><\/span><\/p>\r\n\r\n<p style=\"text-align:justify\"><span style=\"font-size:11pt\"><span style=\"line-height:115%\"><span style=\"font-family:Calibri,sans-serif\"><span style=\"font-family:&quot;Arial&quot;,sans-serif\">Em paralelo a tudo isso, a ind&uacute;stria brasileira de N&atilde;otecidos e Tecidos T&eacute;cnicos ainda convive com desafios que impactam seus investimentos e competitividade. O aumento significativo das importa&ccedil;&otilde;es de N&atilde;otecidos, Tecidos T&eacute;cnicos e de produtos acabados, as medidas protetivas envolvendo as mat&eacute;rias primas e o j&aacute; conhecido Custo Brasil que n&atilde;o retrocede - varia&ccedil;&atilde;o cambial, dificuldade de acesso ao cr&eacute;dito, defasagem de infraestrutura log&iacute;stica, burocracia em torno de importa&ccedil;&atilde;o de maquin&aacute;rio e equipamentos - impactam diretamente as mais de 100 ind&uacute;strias que atuam no pa&iacute;s, empregando mais de 17 mil pessoas e produzindo mais de 300 mil toneladas\/ano.<\/span><\/span><\/span><\/span><\/p>\r\n\r\n<p style=\"text-align:justify\"><span style=\"font-size:11pt\"><span style=\"line-height:107%\"><span style=\"font-family:Calibri,sans-serif\"><span style=\"font-family:&quot;Arial&quot;,sans-serif\">Mesmo com um investimento de mais de R$600 milh&otilde;es nos &uacute;ltimos cinco anos para atender setores estrat&eacute;gicos como automotivo, constru&ccedil;&atilde;o e infraestrutura, higiene pessoal, m&eacute;dico hospitalar e agricultura, em 2025 o volume de importa&ccedil;&otilde;es continuou crescendo, fechando o ano com uma alta de 28% em rela&ccedil;&atilde;o a 2024. Produtos vindos da China e de outras origens, algumas das quais contando com subs&iacute;dios e outras condi&ccedil;&otilde;es especiais que reduzem artificialmente os custos de produ&ccedil;&atilde;o, n&atilde;o cumprindo requisitos de qualidade, ou at&eacute; mesmo sob suspeita de dumping, respondem por mais de 80% desse volume, e o pre&ccedil;o m&eacute;dio do N&atilde;otecido importado foi o menor dos &uacute;ltimos cinco anos. J&aacute; as exporta&ccedil;&otilde;es tiveram uma queda de 12,52% em rela&ccedil;&atilde;o a 2024 (22,9 mil toneladas em 2024 para 20 mil toneladas em 2025), o que reflete a atua&ccedil;&atilde;o predat&oacute;ria tamb&eacute;m fora do Brasil. Com a perda de competitividade dentro e fora do pa&iacute;s, j&aacute; se registram empresas relevantes e tradicionais do setor em processo de recupera&ccedil;&atilde;o judicial. <\/span><\/span><\/span><\/span><\/p>\r\n\r\n<p style=\"text-align:justify\"><span style=\"font-size:11pt\"><span style=\"line-height:107%\"><span style=\"font-family:Calibri,sans-serif\"><span style=\"font-family:&quot;Arial&quot;,sans-serif\">Neste cen&aacute;rio, a Associa&ccedil;&atilde;o Brasileira das Ind&uacute;strias de N&atilde;otecido e Tecidos T&eacute;cnicos (ABINT) e seus comit&ecirc;s, o CTG (Comit&ecirc; T&eacute;cnico de Geossint&eacute;ticos) e o CTH (Comit&ecirc; T&eacute;cnico M&eacute;dico-Hospitalar), ganham expressividade no mercado pelo constante apoio ao desenvolvimento da ind&uacute;stria nacional.<\/span><\/span><\/span><\/span><\/p>\r\n\r\n<p style=\"text-align:justify\"><span style=\"font-size:11pt\"><span style=\"line-height:115%\"><span style=\"font-family:Calibri,sans-serif\"><span style=\"font-family:&quot;Arial&quot;,sans-serif\">A entidade tem atuado fortemente em importantes pleitos de defesa comercial, visando maior prote&ccedil;&atilde;o do mercado nacional de N&atilde;otecidos e Tecidos T&eacute;cnicos. Da mesma forma, trabalha pelo desenvolvimento da cadeia de valor e sua aproxima&ccedil;&atilde;o ao Governo Federal no &acirc;mbito da Nova Ind&uacute;stria Brasil, busca incrementar a inova&ccedil;&atilde;o no setor de T&ecirc;xteis T&eacute;cnicos brasileiro.<\/span><\/span><\/span><\/span><\/p>\r\n\r\n<p style=\"text-align:justify\"><span style=\"font-size:11pt\"><span style=\"line-height:115%\"><span style=\"font-family:Calibri,sans-serif\"><span style=\"font-family:&quot;Arial&quot;,sans-serif\">Ao mesmo tempo, a ABINT e seus Comit&ecirc;s realizam um trabalho &aacute;rduo de divulga&ccedil;&atilde;o da qualidade e dos benef&iacute;cios dos N&atilde;otecidos e Tecidos T&eacute;cnicos nas diversas aplica&ccedil;&otilde;es. No &uacute;ltimo ano, promoveram cursos de treinamento e capacita&ccedil;&atilde;o (Curso ABINT Tecnologia dos N&atilde;otecidos; Curso Brasileiro de Instala&ccedil;&atilde;o de Geomembranas; Workshop &ldquo;Qualidade de Geossint&eacute;ticos Aplicados em Aterros Sanit&aacute;rios&rdquo;); desenvolveram e revisaram material t&eacute;cnico visando efici&ecirc;ncia e qualidade em aplica&ccedil;&otilde;es (lan&ccedil;amento do Manual CTG ABINT Brasil para Compradores, lan&ccedil;amento de 10 novas cartilhas do Ciclo de Qualidade CTG ABINT; in&iacute;cio da revis&atilde;o do livro &ldquo;Manual Brasileiro de Geossint&eacute;ticos (MBG)&rdquo; para lan&ccedil;amento da 3&ordf; edi&ccedil;&atilde;o); trabalharam no &acirc;mbito de Normas T&eacute;cnicas (revis&atilde;o e publica&ccedil;&atilde;o, por parte do CTH ABINT,&nbsp; da ABNT NBR 14990-6 - Sistemas e materiais de embalagem para esteriliza&ccedil;&atilde;o de produtos para sa&uacute;de - Parte 6: N&atilde;otecidos; participa&ccedil;&atilde;o ativa no desenvolvimento de normas, e em reuni&atilde;o do Instituto Chico Mendes de Conserva&ccedil;&atilde;o da Biodiversidade - ICMBio). <\/span><\/span><\/span><\/span><\/p>\r\n\r\n<p style=\"text-align:justify\"><span style=\"font-size:11pt\"><span style=\"line-height:115%\"><span style=\"font-family:Calibri,sans-serif\"><span style=\"font-family:&quot;Arial&quot;,sans-serif\">Outra frente de atua&ccedil;&atilde;o da ABINT e de seus Comit&ecirc;s &eacute; a aproxima&ccedil;&atilde;o de entidades parceiras em a&ccedil;&otilde;es de interesse, tais como Abiplast, Abrafiltros, FIESP\/CIESP, Senai, IGS Brasil, ABMS, AESabesp, SOBECC e outras, que participam dos desafios de fomentar o desenvolvimento socioecon&ocirc;mico do pa&iacute;s.<\/span><\/span><\/span><\/span><\/p>\r\n\r\n<p style=\"text-align:justify\"><span style=\"font-size:11pt\"><span style=\"line-height:115%\"><span style=\"font-family:Calibri,sans-serif\"><span style=\"font-family:&quot;Arial&quot;,sans-serif\">Em 2025, participaram do Comit&ecirc; de T&ecirc;xteis T&eacute;cnicos da ABIT, grupo criado para fomento da produ&ccedil;&atilde;o e desenvolvimento desse setor no Brasil, com consequente aproxima&ccedil;&atilde;o com outras entidades e institui&ccedil;&otilde;es de ensino. A ABINT tamb&eacute;m se tornou signat&aacute;ria da Liga de Descarboniza&ccedil;&atilde;o, iniciativa da ABIT. <\/span><\/span><\/span><\/span><\/p>\r\n\r\n<p style=\"text-align:justify\"><span style=\"font-size:11pt\"><span style=\"line-height:115%\"><span style=\"font-family:Calibri,sans-serif\"><span style=\"font-family:&quot;Arial&quot;,sans-serif\">Em 2026, as a&ccedil;&otilde;es de promo&ccedil;&atilde;o da efici&ecirc;ncia e qualidade dos N&atilde;otecidos e Tecidos T&eacute;cnicos continuam, mas a busca por competitividade vai al&eacute;m. Os n&atilde;otecidos e tecidos t&eacute;cnicos s&atilde;o componentes estrat&eacute;gicos tanto nos per&iacute;odos de crise - quando n&atilde;o podem faltar - quanto em ciclos de crescimento, nos quais contribuem para a efic&aacute;cia e a efici&ecirc;ncia dos investimentos. &Eacute; o caso dos geossint&eacute;ticos, por exemplo, que reduzem os custos de manuten&ccedil;&atilde;o e ampliam a vida &uacute;til das constru&ccedil;&otilde;es &mdash; benef&iacute;cios essenciais em um momento em que o Brasil vive um dos maiores ciclos de mobiliza&ccedil;&atilde;o de capital privado de sua hist&oacute;ria em infraestrutura. No setor de saneamento, leil&otilde;es j&aacute; movimentaram cerca de R$ 88,6 bilh&otilde;es em investimentos programados at&eacute; 2026. Em rodovias e ferrovias, o pa&iacute;s deve registrar um recorde de leil&otilde;es, com estimativa de aproximadamente R$ 161 bilh&otilde;es alocados em 2025, incluindo mais de 8,4 mil quil&ocirc;metros de trechos concedidos &agrave; iniciativa privada. No total, s&atilde;o previstos mais de R$ 250 bilh&otilde;es em investimentos privados em concess&otilde;es, privatiza&ccedil;&otilde;es e parcerias p&uacute;blico-privadas, abrangendo saneamento, rodovias, ferrovias e portos, o que refor&ccedil;a o papel decisivo do direcionamento educacional, da normatiza&ccedil;&atilde;o t&eacute;cnica e da produ&ccedil;&atilde;o de materiais de refer&ecirc;ncia para assegurar a qualidade e a longevidade dessas obras.<\/span><\/span><\/span><\/span><\/p>\r\n\r\n<p style=\"text-align:justify\"><span style=\"font-size:11pt\"><span style=\"line-height:115%\"><span style=\"font-family:Calibri,sans-serif\"><span style=\"font-family:&quot;Arial&quot;,sans-serif\">Este &eacute; apenas um exemplo, entre muitos, da import&acirc;ncia de garantir a manuten&ccedil;&atilde;o e a qualidade do abastecimento local de produtos t&atilde;o fundamentais para a sa&uacute;de, seguran&ccedil;a e conveni&ecirc;ncia dos brasileiros. <\/span><\/span><\/span><\/span><\/p>\r\n\r\n<p style=\"text-align:justify\"><span style=\"font-size:11pt\"><span style=\"line-height:115%\"><span style=\"font-family:Calibri,sans-serif\"><span style=\"font-family:&quot;Arial&quot;,sans-serif\">A competitividade da ind&uacute;stria local &ndash; de natureza altamente formalizada - pede pela moderniza&ccedil;&atilde;o da sua base de ativos para que siga garantindo emprego e divisas ao pa&iacute;s e isso reque que os olhares dos setores governamentais ligados &agrave; ind&uacute;stria e ao desenvolvimento estejam voltados a apoiar toda essa cadeia de valor.<\/span><\/span><\/span><\/span><\/p>\r\n\r\n<p style=\"text-align:justify\"><span style=\"font-size:11pt\"><span style=\"line-height:115%\"><span style=\"font-family:Calibri,sans-serif\"><b><i><span style=\"font-size:10.0pt\"><span style=\"line-height:115%\"><span style=\"font-family:&quot;Arial&quot;,sans-serif\">*Mateus Mesquita Inacio &eacute; presidente da ABINT<\/span><\/span><\/span><\/i><\/b><\/span><\/span><\/span><\/p>\r\n","texto_en":"","7":"","imagem":"COMP_capa-site-comunicacao-2026_20260323163639ECA5s8Ll4E.jpg","8":"COMP_capa-site-comunicacao-2026_20260323163639ECA5s8Ll4E.jpg","arquivo":null,"9":null,"titulo_arquivo":"","10":"","titulo_arquivo_en":"","11":"","created_at":"2026-03-23 16:36:45","12":"2026-03-23 16:36:45","updated_at":"2026-03-23 16:36:45","13":"2026-03-23 16:36:45"},{"id":217,"0":217,"ordem":5,"1":5,"data":"2026-02-24","2":"2026-02-24","slug":"boletim-abint-de-noticias-semanais-115","3":"boletim-abint-de-noticias-semanais-115","titulo":"Boletim ABINT de Not\u00edcias Semanais","4":"Boletim ABINT de Not\u00edcias Semanais","titulo_en":"","5":"","texto":"<p style=\"text-align:justify\"><span style=\"font-size:11pt\"><span style=\"line-height:normal\"><span style=\"font-family:Calibri,sans-serif\"><span style=\"font-size:14.0pt\"><span aptos=\"\" style=\"font-family:\">Esta &eacute; uma compila&ccedil;&atilde;o das not&iacute;cias mais relevantes para o setor, incluindo informa&ccedil;&otilde;es sobre acordos internacionais, economia brasileira, sustentabilidade e mat&eacute;rias primas, al&eacute;m de novidades do setor de N&atilde;otecidos e Tecidos T&eacute;cnicos.<\/span><\/span><\/span><\/span><\/span><\/p>\r\n\r\n<p style=\"text-align:justify\"><span style=\"font-size:28pt\"><span style=\"font-family:Cambria,serif\"><span style=\"letter-spacing:-0.5pt\"><b><span style=\"font-size:18.0pt\"><span aptos=\"\" style=\"font-family:\"><span style=\"font-variant:small-caps\">O que vem por a&iacute;<\/span><\/span><\/span><\/b><\/span><\/span><\/span><\/p>\r\n\r\n<p><img src=\"https:\/\/www.abint.org.br\/assets\/img\/editor\/live-esquenta-cbig2026_20260218171027KViSZGRC1m.jpeg\" style=\"width: 500px; height: 281px;\" \/><\/p>\r\n\r\n<p><span style=\"font-size:11pt\"><span style=\"line-height:normal\"><span style=\"font-family:Calibri,sans-serif\"><a href=\"https:\/\/www.youtube.com\/live\/JS4XxhJ2eJ8?si=4FDGS3w3nKjam77H\" style=\"color:blue; text-decoration:underline\"><b><span style=\"font-size:14.0pt\"><span aptos=\"\" style=\"font-family:\">YouTube Geotecnia Brasil<\/span><\/span><\/b><\/a><\/span><\/span><\/span><\/p>\r\n\r\n<p>&nbsp;<\/p>\r\n\r\n<p style=\"text-align:justify\"><img src=\"https:\/\/www.abint.org.br\/assets\/img\/editor\/banner-quadrado-cbig2026_20260224195316ZlM7pbZhFv.jpeg\" style=\"width: 500px; height: 500px;\" \/><\/p>\r\n\r\n<p style=\"text-align:justify\"><span style=\"font-size:11pt\"><span style=\"line-height:normal\"><span style=\"font-family:Calibri,sans-serif\"><a href=\"https:\/\/www.even3.com.br\/curso-brasileiro-de-instalacao-de-geomembranas-paulo-kenji-acakiura-686190\/\" style=\"color:blue; text-decoration:underline\"><b><span style=\"font-size:14.0pt\"><span aptos=\"\" style=\"font-family:\">Acesse aqui para fazer sua inscri&ccedil;&atilde;o<\/span><\/span><\/b><\/a><\/span><\/span><\/span><\/p>\r\n\r\n<p style=\"text-align:justify\">&nbsp;<\/p>\r\n\r\n<p style=\"text-align:justify\"><b><img src=\"https:\/\/www.abint.org.br\/assets\/img\/editor\/curso-naotecidos-2026_20260210190824gUkSCpzLPV.jpg\" style=\"width: 500px; height: 500px;\" \/><\/b><\/p>\r\n\r\n<p style=\"text-align:justify\"><span style=\"font-size:11pt\"><span style=\"line-height:normal\"><span style=\"font-family:Calibri,sans-serif\"><a href=\"https:\/\/forms.gle\/VzyfvmnBbH7FtFGV9\" style=\"color:blue; text-decoration:underline\"><b><span style=\"font-size:14.0pt\"><span aptos=\"\" style=\"font-family:\">Informa&ccedil;&otilde;es e inscri&ccedil;&otilde;es<\/span><\/span><\/b><\/a><\/span><\/span><\/span><\/p>\r\n\r\n<p style=\"text-align:justify\"><span style=\"font-size:28pt\"><span style=\"font-family:Cambria,serif\"><span style=\"letter-spacing:-0.5pt\"><b><span style=\"font-size:18.0pt\"><span aptos=\"\" style=\"font-family:\"><span style=\"font-variant:small-caps\">Not&iacute;cias das Associadas<\/span><\/span><\/span><\/b><\/span><\/span><\/span><\/p>\r\n\r\n<p style=\"text-align:justify\"><span style=\"font-size:11pt\"><span style=\"line-height:normal\"><span style=\"font-family:Calibri,sans-serif\"><a href=\"https:\/\/www.textileworld.com\/textile-world\/nonwovens-technical-textiles\/2026\/02\/freudenberg-performance-materials-presenting-a-comprehensive-range-of-high-performance-tapes-for-power-data-and-specialty-cables\/\" style=\"color:blue; text-decoration:underline\"><span style=\"font-size:14.0pt\"><span aptos=\"\" style=\"font-family:\">Freudenberg Performance Materials: Apresentando uma linha completa de fitas de alto desempenho para cabos de energia, dados e especiais.<\/span><\/span><\/a><\/span><\/span><\/span><\/p>\r\n\r\n<p style=\"text-align:justify\"><span style=\"font-size:11pt\"><span style=\"line-height:normal\"><span style=\"font-family:Calibri,sans-serif\"><b><span lang=\"EN-US\" style=\"font-size:18.0pt\"><span aptos=\"\" style=\"font-family:\"><span style=\"font-variant:small-caps\">Eventos<\/span><\/span><\/span><\/b><\/span><\/span><\/span><\/p>\r\n\r\n<p style=\"text-align:justify\"><span style=\"font-size:11pt\"><span style=\"line-height:normal\"><span style=\"font-family:Calibri,sans-serif\"><a href=\"https:\/\/events.economist.com\/sustainability-week\/?RefID=EM13A-WhatsNew-Del_email-owned_MA00007195\" style=\"color:blue; text-decoration:underline\"><b><span lang=\"EN-US\" style=\"font-size:14.0pt\"><span aptos=\"\" style=\"font-family:\">11th annual Sustainability Week | Incorporating the 3rd annual Energy Transition Summit<\/span><\/span><\/b><\/a><span lang=\"EN-US\" style=\"font-size:14.0pt\"><span aptos=\"\" style=\"font-family:\">, March 2nd &ndash; 4th 2026, Intercontinental London &ndash; the O2<\/span><\/span><\/span><\/span><\/span><\/p>\r\n\r\n<p style=\"text-align:justify\"><span style=\"font-size:11pt\"><span style=\"line-height:normal\"><span style=\"font-family:Calibri,sans-serif\"><a href=\"https:\/\/www.fimec.com.br\/pt-br\/home\" style=\"color:blue; text-decoration:underline\"><b><span style=\"font-size:14.0pt\"><span aptos=\"\" style=\"font-family:\">49&ordf; Fimec - Feira Internacional de Couros, Produtos Qu&iacute;micos, Componentes, M&aacute;quinas e Equipamentos para Cal&ccedil;ados e Curtumes<\/span><\/span><\/b><\/a><span style=\"font-size:14.0pt\"><span aptos=\"\" style=\"font-family:\">, 03 a 05 de mar&ccedil;o de 2026, Fenac, Novo Hamburgo\/RS<\/span><\/span><\/span><\/span><\/span><\/p>\r\n\r\n<p style=\"text-align:justify\"><span style=\"font-size:11pt\"><span style=\"line-height:normal\"><span style=\"font-family:Calibri,sans-serif\"><a href=\"https:\/\/app.rdstation.email\/mail\/dd110b5a-f469-44f9-832a-90dd21d8c549?utm_medium=email&amp;utm_campaign=duplicado_de__texbrasil_workshop_argentina&amp;utm_source=RD+Station\" style=\"color:blue; text-decoration:underline\"><b><span style=\"font-size:14.0pt\"><span aptos=\"\" style=\"font-family:\">WorkshopTexbrasil | Argentina 2026: Prepare sua empresa<\/span><\/span><\/b><\/a><span style=\"font-size:14.0pt\"><span aptos=\"\" style=\"font-family:\">, 04 de mar&ccedil;o, 10h &agrave;s 12h, evento online<\/span><\/span><\/span><\/span><\/span><\/p>\r\n\r\n<p style=\"text-align:justify\"><span style=\"font-size:11pt\"><span style=\"line-height:normal\"><span style=\"font-family:Calibri,sans-serif\"><a href=\"https:\/\/www.portaldaindustria.com.br\/eventos\/pt\/edicoes\/sb-cop-pos-cop30-o-papel-da-industria-na-agenda-de?v=f&amp;c=CNI&amp;p=&amp;t=publica-base-fluida.html#msdynmkt_trackingcontext=744b76b6-2041-4f78-bd7c-83a7ebd90100\" style=\"color:blue; text-decoration:underline\"><b><span style=\"font-size:14.0pt\"><span aptos=\"\" style=\"font-family:\">CNI P&oacute;s-COP30: o papel da ind&uacute;stria na agenda de clima<\/span><\/span><\/b><\/a><span style=\"font-size:14.0pt\"><span aptos=\"\" style=\"font-family:\">, 04 de mar&ccedil;o de 2026, 10h &agrave;s 15h, Sede da CNI - SBN, Quadra 1, Bloco C, Ed. Roberto Simonsen &ndash; Bras&iacute;lia\/DF, presencial<\/span><\/span><\/span><\/span><\/span><\/p>\r\n\r\n<p style=\"text-align:justify\"><span style=\"font-size:11pt\"><span style=\"line-height:normal\"><span style=\"font-family:Calibri,sans-serif\"><a href=\"https:\/\/congressodeinovacao.com.br\/\" style=\"color:blue; text-decoration:underline\"><b><span style=\"font-size:14.0pt\"><span aptos=\"\" style=\"font-family:\">11&ordm; Congresso de Inova&ccedil;&atilde;o da Ind&uacute;stria<\/span><\/span><\/b><\/a><span style=\"font-size:14.0pt\"><span aptos=\"\" style=\"font-family:\">, 25 e 26 de mar&ccedil;o de 2026, WTC S&atilde;o Paulo<\/span><\/span><\/span><\/span><\/span><\/p>\r\n\r\n<p style=\"text-align:justify\"><span style=\"font-size:11pt\"><span style=\"line-height:normal\"><span style=\"font-family:Calibri,sans-serif\"><a href=\"https:\/\/www.hightex.com.tr\/\" style=\"color:blue; text-decoration:underline\"><b><span lang=\"EN-US\" style=\"font-size:14.0pt\"><span aptos=\"\" style=\"font-family:\">HIGTEX 2026 &ndash; International Technical Textiles and Nonwoven Exhibition<\/span><\/span><\/b><\/a><span lang=\"EN-US\" style=\"font-size:14.0pt\"><span aptos=\"\" style=\"font-family:\">, June 9&ndash;13, T&Uuml;YAP Fair and Congress Center, \u0130stanbul, T&uuml;rkiye<\/span><\/span><\/span><\/span><\/span><\/p>\r\n\r\n<p style=\"text-align:justify\"><span style=\"font-size:11pt\"><span style=\"line-height:normal\"><span style=\"font-family:Calibri,sans-serif\"><a href=\"https:\/\/www.worldofwipes.org\/\" style=\"color:blue; text-decoration:underline\"><b><span lang=\"EN-US\" style=\"font-size:14.0pt\"><span aptos=\"\" style=\"font-family:\">INDA | WOW - World of Wipes International Conference<\/span><\/span><\/b><\/a><span lang=\"EN-US\" style=\"font-size:14.0pt\"><span aptos=\"\" style=\"font-family:\">, June 29&ndash;July 2, 2026, Grand Hyatt Nashville, Nashville, Tennessee USA<\/span><\/span><\/span><\/span><\/span><\/p>\r\n\r\n<p style=\"text-align:justify\"><span style=\"font-size:11pt\"><span style=\"line-height:normal\"><span style=\"font-family:Calibri,sans-serif\"><a href=\"https:\/\/filtech.de\/\" style=\"color:blue; text-decoration:underline\"><b><span style=\"font-size:14.0pt\"><span aptos=\"\" style=\"font-family:\">Filtech 2026<\/span><\/span><\/b><\/a><span style=\"font-size:14.0pt\"><span aptos=\"\" style=\"font-family:\">, 30 de junho a 2 de julho, Cologne, Alemanha<\/span><\/span><\/span><\/span><\/span><\/p>\r\n\r\n<p style=\"text-align:justify\"><span style=\"font-size:11pt\"><span style=\"line-height:normal\"><span style=\"font-family:Calibri,sans-serif\"><a href=\"https:\/\/www.formobile.com.br\/pt\/home.html\" style=\"color:blue; text-decoration:underline\"><b><span style=\"font-size:14.0pt\"><span aptos=\"\" style=\"font-family:\">ForM&oacute;bile 2026<\/span><\/span><\/b><\/a><span style=\"font-size:14.0pt\"><span aptos=\"\" style=\"font-family:\">, 30 de junho a 3 de julho, S&atilde;o Paulo Expo<\/span><\/span><\/span><\/span><\/span><\/p>\r\n\r\n<p style=\"text-align:justify\"><span style=\"font-size:11pt\"><span style=\"line-height:normal\"><span style=\"font-family:Calibri,sans-serif\"><a href=\"https:\/\/sienge.com.br\/construsummit\/\" style=\"color:blue; text-decoration:underline\"><b><span style=\"font-size:14.0pt\"><span aptos=\"\" style=\"font-family:\">Construsummit<\/span><\/span><\/b><\/a><span style=\"font-size:14.0pt\"><span aptos=\"\" style=\"font-family:\">, 1 e 2 de julho de 2026, Florian&oacute;polis, SC<\/span><\/span><\/span><\/span><\/span><\/p>\r\n\r\n<p style=\"text-align:justify\"><span style=\"font-size:11pt\"><span style=\"line-height:normal\"><span style=\"font-family:Calibri,sans-serif\"><a href=\"https:\/\/feiplar.com\/Presencial\/inicio-2024\/\" style=\"color:blue; text-decoration:underline\"><b><span style=\"font-size:14.0pt\"><span aptos=\"\" style=\"font-family:\">FEIPLAR &amp; FEIPUR &ndash; Feira e Congresso Internacionais de Materiais Avan&ccedil;ados<\/span><\/span><\/b><\/a><span style=\"font-size:14.0pt\"><span aptos=\"\" style=\"font-family:\">, 25 a 27 de agosto de 2026, S&atilde;o Paulo Expo | Pavilh&atilde;o 5, S&atilde;o Paulo, SP, Brasil<\/span><\/span><\/span><\/span><\/span><\/p>\r\n\r\n<p style=\"text-align:justify\"><span style=\"font-size:11pt\"><span style=\"line-height:normal\"><span style=\"font-family:Calibri,sans-serif\"><a href=\"https:\/\/ficons.com.br\/\" style=\"color:blue; text-decoration:underline\"><b><span style=\"font-size:14.0pt\"><span aptos=\"\" style=\"font-family:\">FICONS - Feira Internacional de Materiais, Equipamentos e Servi&ccedil;os da Constru&ccedil;&atilde;o<\/span><\/span><\/b><\/a><span style=\"font-size:14.0pt\"><span aptos=\"\" style=\"font-family:\">, 15 a 18 de setembro de 2026, Centro de Conven&ccedil;&otilde;es de Pernambuco Recife\/ Olinda<\/span><\/span><\/span><\/span><\/span><\/p>\r\n\r\n<p style=\"text-align:justify\"><span style=\"font-size:11pt\"><span style=\"line-height:normal\"><span style=\"font-family:Calibri,sans-serif\"><a href=\"https:\/\/www.edana.org\/events\/outlook\/outlook-2025\" style=\"color:blue; text-decoration:underline\"><b><span style=\"font-size:14.0pt\"><span aptos=\"\" style=\"font-family:\">OUTLOOK&trade; 2026<\/span><\/span><\/b><\/a><span style=\"font-size:14.0pt\"><span aptos=\"\" style=\"font-family:\">, 22&ndash;24 September, Hotel Miragem, Cascais, Portugal<\/span><\/span><\/span><\/span><\/span><\/p>\r\n\r\n<p style=\"text-align:justify\"><span style=\"font-size:11pt\"><span style=\"line-height:normal\"><span style=\"font-family:Calibri,sans-serif\"><a href=\"https:\/\/hospitalmed.com.br\/feira\/\" style=\"color:blue; text-decoration:underline\"><b><span style=\"font-size:14.0pt\"><span aptos=\"\" style=\"font-family:\">HospitalMed<\/span><\/span><\/b><\/a><span style=\"font-size:14.0pt\"><span aptos=\"\" style=\"font-family:\">, 21 a 23 de outubro de 2026, das 14h &agrave;s 20h, Pernambuco Centro de Conven&ccedil;&otilde;es, Olinda<\/span><\/span><\/span><\/span><\/span><\/p>\r\n\r\n<p style=\"text-align:justify\"><span style=\"font-size:11pt\"><span style=\"line-height:normal\"><span style=\"font-family:Calibri,sans-serif\"><a href=\"https:\/\/www.edana.org\/events\/edana-sustainability-forum\" style=\"color:blue; text-decoration:underline\"><b><span lang=\"EN-US\" style=\"font-size:14.0pt\"><span aptos=\"\" style=\"font-family:\">Sustainability &amp; Policy Forum<\/span><\/span><\/b><\/a><span lang=\"EN-US\" style=\"font-size:14.0pt\"><span aptos=\"\" style=\"font-family:\">, 8&ndash;9 December 2026, Residence Palace in Brussels, Belgium<\/span><\/span><\/span><\/span><\/span><\/p>\r\n\r\n<p style=\"text-align:justify\"><span style=\"font-size:11pt\"><span style=\"line-height:normal\"><span style=\"font-family:Calibri,sans-serif\"><a href=\"https:\/\/infrane.com.br\/\" style=\"color:blue; text-decoration:underline\"><b><span style=\"font-size:14.0pt\"><span aptos=\"\" style=\"font-family:\">Infra NE<\/span><\/span><\/b><\/a><span style=\"font-size:14.0pt\"><span aptos=\"\" style=\"font-family:\">, 03 a 05 de mar&ccedil;o de 2027, Centro de Conven&ccedil;&otilde;es Salvador<\/span><\/span><\/span><\/span><\/span><\/p>\r\n\r\n<p style=\"text-align:justify\"><span style=\"font-size:28pt\"><span style=\"font-family:Cambria,serif\"><span style=\"letter-spacing:-0.5pt\"><b><span style=\"font-size:18.0pt\"><span aptos=\"\" style=\"font-family:\"><span style=\"font-variant:small-caps\">Setor<\/span><\/span><\/span><\/b><\/span><\/span><\/span><\/p>\r\n\r\n<p style=\"text-align:justify\"><span style=\"font-size:11pt\"><span style=\"line-height:normal\"><span style=\"font-family:Calibri,sans-serif\"><a href=\"http:\/\/clickemail.portalpersonalcare.com.br\/ls\/click?upn=u001.D2-2F0Tg0A29KXXLMT6ctG-2BYOihdDbc-2ByFrUFb3ZXMT9T7v5nDqwbfXodJ-2Bix9YpM5mw1YLYc50gLTkSEo2eMHDSHmO-2FYKz2A3mXDnNt2OvKuUFs8RuygTF0ay4HJQR9ruvX28iaVjbVOwLEtJM51t-2BiJUHkTxAZdM-2Fqx29uyOTjo6KYMCP1W7l-2FUBh-2FRGzo3F3J99I6-2Bo6YXjDosGhhioE-2B1yPOrExjKJVIq04v0BexAFMX6kq1tDdl-2B-2FJD-2Bxhoi4agAGA1wJV-2FshrRzNaIglZAXlZQlfXHHQc-2BrmnfLbYPnrcseXMuv6othkpVqishZCR5VVnK-2FpQ0Dnu65HmvxSJfzPhCmQI-2BpYRCepEzJCTKE48SobqhGTxDGqpy-2BxUfgK4hh5_T7N8BvZTOm04CQQMiyWztrpCjlUrRc4F7QzSgUIpTqDyHxxxhGpyWLohz7JoE2GE5NHlS-2BYZoX1R75Fh8KCze9GvCCb-2FinuNgc39g0Cdbe-2FcU8RlSBQhp5om11AQZQ-2FDkCm5MeT-2B431v6E0-2FT4Cl4rHiFo7pihqWq21E5dXIuQBtB4tS3r0BEoy9bCo1csM49x7ssvn6uJdbdlC5u1xTTmDjPWBU4GG3XLiwzKjVr20TbaYMBbf-2F-2FVogjwulSGtLbRYTnzQQt-2BZxSBOKiHUUZgT-2FtJNJjjlrmjtd4BgNQc8-2BPXTJRMWHQ4xo1BzhpIs-2B01mnLGkygJMaP5iCLg9yNHKgVC0Nh33rHkvt6cE693bna8MWw2NiO-2BMslLXFRtdMTebYNdD1RCQcEAKzEZxXTeTB8bNIt0u5VffZRwEoyMh70Sid7-2FZfdkaCTdkU-2F135q-2B4dUMOx5enBB4xhWmqaL6W1mlAHTSLFqrmMLnsooy-2BpgC7jFi11Q921W9wWep6D4-2BTHgeFfzmAsVp2qs54NWhHA87eMj8mW8YG68IELxxVRnHYG5YgP5WVbHu4qwNtBpwyCyNzefvqEUj2RRnYYudT7sS5P7IRJkG2wszlE3g4UV6wH7JLa-2FLhycxSTHc5vWIxNgZtSbQ1o4wniYgrJND-2FzX9s-2BTmphuPNw-2BeGs6vfseQLqY1FzY4AJu27ToVYm6AusLkAZooV3Vb4chjWoHUg7NhozYdM0JL98fI3BXu3cqKe4zzTsPPlJReJwHfQa\" style=\"color:blue; text-decoration:underline\" target=\"_blank\"><span style=\"font-size:14.0pt\"><span aptos=\"\" style=\"font-family:\">Quando o conforto se torna tecnologia: a evolu&ccedil;&atilde;o silenciosa dos produtos descart&aacute;veis<\/span><\/span><\/a><\/span><\/span><\/span><\/p>\r\n\r\n<p style=\"text-align:justify\"><span style=\"font-size:11pt\"><span style=\"line-height:normal\"><span style=\"font-family:Calibri,sans-serif\"><a href=\"https:\/\/clickpetroleoegas.com.br\/mega-reservatorio-de-1-bilhao-de-litros-e-concluido-no-piaui-transforma-fazenda-em-polo-irrigado-permanente-mhbb01\/\" style=\"color:blue; text-decoration:underline\"><span style=\"font-size:14.0pt\"><span aptos=\"\" style=\"font-family:\">Mega reservat&oacute;rio de 1 bilh&atilde;o de litros &eacute; conclu&iacute;do no Piau&iacute;<\/span><\/span><\/a><\/span><\/span><\/span><\/p>\r\n\r\n<p style=\"text-align:justify\"><span style=\"font-size:11pt\"><span style=\"line-height:normal\"><span style=\"font-family:Calibri,sans-serif\"><a href=\"https:\/\/plasticosemrevista.com.br\/franca-subsidia-modernizacao-de-cracker-da-ineos\/\" style=\"color:blue; text-decoration:underline\"><span style=\"font-size:14.0pt\"><span aptos=\"\" style=\"font-family:\">Fran&ccedil;a subsidia moderniza&ccedil;&atilde;o de cracker da Ineos<\/span><\/span><\/a><\/span><\/span><\/span><\/p>\r\n\r\n<p style=\"text-align:justify\"><span style=\"font-size:11pt\"><span style=\"line-height:normal\"><span style=\"font-family:Calibri,sans-serif\"><a href=\"https:\/\/www.nonwovens-industry.com\/breaking-news\/scotland-announces-date-for-plastics-wipe-ban\/\" style=\"color:blue; text-decoration:underline\"><span lang=\"EN-US\" style=\"font-size:14.0pt\"><span aptos=\"\" style=\"font-family:\">Scotland Announces Date for Plastic Wipes Ban<\/span><\/span><\/a><\/span><\/span><\/span><\/p>\r\n\r\n<p style=\"text-align:justify\"><span style=\"font-size:11pt\"><span style=\"line-height:normal\"><span style=\"font-family:Calibri,sans-serif\"><a href=\"https:\/\/www.mpo-mag.com\/the-hidden-cost-of-unplanned-biocompatibility-testing\/?utm_source=hohenstein-us&amp;utm_medium=newsletter&amp;utm_campaign=medical\" style=\"color:blue; text-decoration:underline\"><span lang=\"EN-US\" style=\"font-size:14.0pt\"><span aptos=\"\" style=\"font-family:\">The Hidden Cost of Unplanned Biocompatibility Testing<\/span><\/span><\/a><\/span><\/span><\/span><\/p>\r\n\r\n<p style=\"text-align:justify\"><span style=\"font-size:11pt\"><span style=\"line-height:normal\"><span style=\"font-family:Calibri,sans-serif\"><a href=\"https:\/\/www.projectmedtech.com\/projectmedtechpodcast\/episode\/1c6b46e6\/episode-246-or-katie-brinkman-biocompatibility-program-manager-at-hohenstein-or-navigating-biocompatibility-in-medtech?utm_source=hohenstein-us&amp;utm_medium=newsletter&amp;utm_campaign=medical\" style=\"color:blue; text-decoration:underline\"><span lang=\"EN-US\" style=\"font-size:14.0pt\"><span aptos=\"\" style=\"font-family:\">Navigating Biocompatibility in MedTech: Project Medtech Podcast<\/span><\/span><\/a><\/span><\/span><\/span><\/p>\r\n\r\n<p style=\"text-align:justify\"><span style=\"font-size:11pt\"><span style=\"line-height:normal\"><span style=\"font-family:Calibri,sans-serif\"><a href=\"https:\/\/www.bloomberglinea.com.br\/negocios\/como-este-grupo-do-interior-de-sp-planeja-faturar-r-1-bi-com-produtos-de-higiene\/\" style=\"color:blue; text-decoration:underline\"><span style=\"font-size:14.0pt\"><span aptos=\"\" style=\"font-family:\">Como este grupo do interior de SP planeja faturar R$ 1 bi com produtos de higiene<\/span><\/span><\/a><\/span><\/span><\/span><\/p>\r\n\r\n<p style=\"text-align:justify\"><span style=\"font-size:28pt\"><span style=\"font-family:Cambria,serif\"><span style=\"letter-spacing:-0.5pt\"><b><span style=\"font-size:18.0pt\"><span aptos=\"\" style=\"font-family:\"><span style=\"font-variant:small-caps\">Ind&uacute;stria<\/span><\/span><\/span><\/b><\/span><\/span><\/span><\/p>\r\n\r\n<p style=\"text-align:justify\"><span style=\"font-size:11pt\"><span style=\"line-height:normal\"><span style=\"font-family:Calibri,sans-serif\"><span class=\"MsoHyperlink\" style=\"color:blue\"><span style=\"text-decoration:underline\"><span style=\"font-size:14.0pt\"><span aptos=\"\" style=\"font-family:\"><a href=\"https:\/\/noticias.portaldaindustria.com.br\/noticias\/economia\/numero-de-empregados-da-industria-chega-ao-pior-patamar-desde-2017-dizem-empresarios\/\" style=\"color:blue; text-decoration:underline\">N&uacute;mero de empregados da ind&uacute;stria chega ao pior patamar desde 2017, dizem empres&aacute;rios<\/a><\/span><\/span><\/span><\/span><\/span><\/span><\/span><\/p>\r\n\r\n<p style=\"text-align:justify\"><span style=\"font-size:11pt\"><span style=\"line-height:normal\"><span style=\"font-family:Calibri,sans-serif\"><span class=\"MsoHyperlink\" style=\"color:blue\"><span style=\"text-decoration:underline\"><span style=\"font-size:14.0pt\"><span aptos=\"\" style=\"font-family:\"><a href=\"https:\/\/noticias.portaldaindustria.com.br\/noticias\/economia\/reducao-da-jornada-de-trabalho-pode-aumentar-custo-empresarial-em-ate-r-267-bilhoes-ao-ano\/\" style=\"color:blue; text-decoration:underline\">Redu&ccedil;&atilde;o da jornada de trabalho pode aumentar custo empresarial em at&eacute; R$ 267 bilh&otilde;es ao ano<\/a><\/span><\/span><\/span><\/span><\/span><\/span><\/span><\/p>\r\n\r\n<p style=\"text-align:justify\"><span style=\"font-size:11pt\"><span style=\"line-height:normal\"><span style=\"font-family:Calibri,sans-serif\"><span class=\"MsoHyperlink\" style=\"color:blue\"><span style=\"text-decoration:underline\"><span style=\"font-size:14.0pt\"><span aptos=\"\" style=\"font-family:\"><a href=\"https:\/\/www.msn.com\/pt-br\/carros\/compra\/venda-de-ve%C3%ADculos-fica-est%C3%A1vel-em-janeiro-mas-exporta%C3%A7%C3%B5es-e-produ%C3%A7%C3%A3o-recuam-aponta-anfavea\/ar-AA1VQE0e?apiversion=v2&amp;domshim=1&amp;noservercache=1&amp;noservertelemetry=1&amp;batchservertelemetry=1&amp;renderwebcomponents=1&amp;wcseo=1\" style=\"color:blue; text-decoration:underline\">Venda de ve&iacute;culos fica est&aacute;vel em janeiro, mas exporta&ccedil;&otilde;es e produ&ccedil;&atilde;o recuam, aponta Anfavea<\/a><\/span><\/span><\/span><\/span><\/span><\/span><\/span><\/p>\r\n\r\n<p style=\"text-align:justify\"><span style=\"font-size:11pt\"><span style=\"line-height:normal\"><span style=\"font-family:Calibri,sans-serif\"><span class=\"MsoHyperlink\" style=\"color:blue\"><span style=\"text-decoration:underline\"><span style=\"font-size:14.0pt\"><span aptos=\"\" style=\"font-family:\"><a href=\"https:\/\/emobile.com.br\/site\/varejo\/mercado-de-casa-e-decoracao-cresce-e-soma-r-1277-bilhoes\/\" style=\"color:blue; text-decoration:underline\">Mercado de casa e decora&ccedil;&atilde;o cresce e soma R$ 127,7 bilh&otilde;es<\/a><\/span><\/span><\/span><\/span><\/span><\/span><\/span><\/p>\r\n\r\n<p class=\"MsoTitleCxSpMiddle\" style=\"text-align:justify\"><span style=\"font-size:28pt\"><span style=\"font-family:Cambria,serif\"><span style=\"letter-spacing:-0.5pt\"><b><span style=\"font-size:18.0pt\"><span aptos=\"\" style=\"font-family:\"><span style=\"font-variant:small-caps\">Sustentabilidade<\/span><\/span><\/span><\/b><\/span><\/span><\/span><\/p>\r\n\r\n<p class=\"MsoTitleCxSpMiddle\" style=\"text-align:justify\"><span style=\"font-size:11pt\"><span style=\"line-height:normal\"><span style=\"font-family:Calibri,sans-serif\"><span class=\"MsoHyperlink\" style=\"color:blue\"><span style=\"text-decoration:underline\"><span style=\"font-size:14.0pt\"><span aptos=\"\" style=\"font-family:\"><a href=\"https:\/\/plasticosemrevista.com.br\/a-realidade-mora-nos-detalhes\/\" style=\"color:blue; text-decoration:underline\">Reciclagem: a realidade mora nos detalhes<\/a><\/span><\/span><\/span><\/span><\/span><\/span><\/span><\/p>\r\n\r\n<p style=\"text-align:justify\"><span style=\"font-size:11pt\"><span style=\"line-height:normal\"><span style=\"font-family:Calibri,sans-serif\"><span class=\"MsoHyperlink\" style=\"color:blue\"><span style=\"text-decoration:underline\"><span style=\"font-size:14.0pt\"><span aptos=\"\" style=\"font-family:\"><a href=\"https:\/\/plasticosulamerica.com\/o-novo-marco-da-logistica-reversa-de-embalagens-plasticas-no-brasil\/\" style=\"color:blue; text-decoration:underline\">O novo marco da log&iacute;stica reversa de embalagens pl&aacute;sticas no Brasil<\/a><\/span><\/span><\/span><\/span><\/span><\/span><\/span><\/p>\r\n\r\n<p style=\"text-align:justify\"><span style=\"font-size:11pt\"><span style=\"line-height:normal\"><span style=\"font-family:Calibri,sans-serif\"><span class=\"MsoHyperlink\" style=\"color:blue\"><span style=\"text-decoration:underline\"><span style=\"font-size:14.0pt\"><span aptos=\"\" style=\"font-family:\"><a href=\"https:\/\/plasticosulamerica.com\/defesa-circular-projeto-quer-comprovar-com-dados-auditaveis-a-viabilidade-da-economia-circular-para-plasticos-de-uso-unico\/\" style=\"color:blue; text-decoration:underline\">Defesa Circular: projeto quer comprovar, com dados audit&aacute;veis, a viabilidade da economia circular para pl&aacute;sticos de uso &uacute;nico<\/a><\/span><\/span><\/span><\/span><\/span><\/span><\/span><\/p>\r\n\r\n<p style=\"text-align:justify\"><span style=\"font-size:28pt\"><span style=\"font-family:Cambria,serif\"><span style=\"letter-spacing:-0.5pt\"><b><span style=\"font-size:18.0pt\"><span aptos=\"\" style=\"font-family:\"><span style=\"font-variant:small-caps\">Inova&ccedil;&atilde;o<\/span><\/span><\/span><\/b><\/span><\/span><\/span><\/p>\r\n\r\n<p style=\"text-align:justify\"><span style=\"font-size:11pt\"><span style=\"line-height:normal\"><span style=\"font-family:Calibri,sans-serif\"><span class=\"MsoHyperlink\" style=\"color:blue\"><span style=\"text-decoration:underline\"><span style=\"font-size:14.0pt\"><span aptos=\"\" style=\"font-family:\"><a href=\"https:\/\/revistapegn.globo.com\/um-so-planeta\/noticia\/2026\/02\/finep-disponibiliza-r-150-milhoes-para-projetos-sustentaveis-de-empresas-brasileiras.ghtml\" style=\"color:blue; text-decoration:underline\">Finep disponibiliza R$ 150 milh&otilde;es para projetos sustent&aacute;veis de empresas brasileiras<\/a><\/span><\/span><\/span><\/span><\/span><\/span><\/span><\/p>\r\n\r\n<p style=\"text-align:justify\"><span style=\"font-size:11pt\"><span style=\"line-height:normal\"><span style=\"font-family:Calibri,sans-serif\"><a href=\"https:\/\/noticias.portaldaindustria.com.br\/noticias\/inovacao-e-tecnologia\/senai-vai-destinar-r-13-bilhao-do-programa-mover-para-setor-automotivo-ate-2029\/\" style=\"color:blue; text-decoration:underline\"><span style=\"font-size:14.0pt\"><span aptos=\"\" style=\"font-family:\">SENAI vai destinar R$ 1,3 bilh&atilde;o do programa Mover para setor automotivo at&eacute; 2029<\/span><\/span><\/a><\/span><\/span><\/span><\/p>\r\n\r\n<p style=\"text-align:justify\"><span style=\"font-size:11pt\"><span style=\"line-height:normal\"><span style=\"font-family:Calibri,sans-serif\"><span class=\"MsoHyperlink\" style=\"color:blue\"><span style=\"text-decoration:underline\"><span style=\"font-size:14.0pt\"><span aptos=\"\" style=\"font-family:\"><a href=\"https:\/\/noticias.portaldaindustria.com.br\/noticias\/internacional\/missao-da-industria-a-india-foca-em-inovacao-comercio-e-investimentos\/\" style=\"color:blue; text-decoration:underline\">Miss&atilde;o da ind&uacute;stria &agrave; &Iacute;ndia foca em inova&ccedil;&atilde;o, com&eacute;rcio e investimentos<\/a><\/span><\/span><\/span><\/span><\/span><\/span><\/span><\/p>\r\n\r\n<p class=\"MsoTitle\" style=\"text-align:justify\"><span style=\"font-size:11pt\"><span style=\"line-height:normal\"><span style=\"font-family:Calibri,sans-serif\"><span class=\"MsoHyperlink\" style=\"color:blue\"><span style=\"text-decoration:underline\"><span style=\"font-size:14.0pt\"><span aptos=\"\" style=\"font-family:\"><a href=\"https:\/\/sinditextilsp.org.br\/home\/2026\/01\/pesquisadores-transformam-agulhas-de-pinheiro-em-fibras-texteis\/?utm_medium=email&amp;utm_campaign=boletim_verde_20&amp;utm_source=RD+Station\" style=\"color:blue; text-decoration:underline\">Pesquisadores da UE transformam agulhas de pinheiro em fibras t&ecirc;xteis<\/a><\/span><\/span><\/span><\/span><\/span><\/span><\/span><\/p>\r\n\r\n<p class=\"MsoTitle\" style=\"text-align:justify\"><span style=\"font-size:11pt\"><span style=\"line-height:normal\"><span style=\"font-family:Calibri,sans-serif\"><span class=\"MsoHyperlink\" style=\"color:blue\"><span style=\"text-decoration:underline\"><span style=\"font-size:14.0pt\"><span aptos=\"\" style=\"font-family:\"><a href=\"https:\/\/sinditextilsp.org.br\/home\/2026\/02\/universidade-cria-dispositivo-sensorial-para-tecidos-comprados-online\/?utm_medium=email&amp;utm_campaign=boletim_verde_20&amp;utm_source=RD+Station\" style=\"color:blue; text-decoration:underline\">Universidade dos EUA cria dispositivo sensorial para tecidos<\/a><\/span><\/span><\/span><\/span><\/span><\/span><\/span><\/p>\r\n\r\n<p class=\"MsoTitle\" style=\"text-align:justify\"><span style=\"font-size:11pt\"><span style=\"line-height:normal\"><span style=\"font-family:Calibri,sans-serif\"><span class=\"MsoHyperlink\" style=\"color:blue\"><span style=\"text-decoration:underline\"><span style=\"font-size:14.0pt\"><span aptos=\"\" style=\"font-family:\"><a href=\"https:\/\/innovationintextiles.com\/smart-vest-to-prevent-hypothermia-deaths\/\" style=\"color:blue; text-decoration:underline\">Smart vest to prevent hypothermia deaths<\/a><\/span><\/span><\/span><\/span><\/span><\/span><\/span><\/p>\r\n\r\n<p class=\"MsoTitle\" style=\"text-align:justify\"><span style=\"font-size:28pt\"><span style=\"font-family:Cambria,serif\"><span style=\"letter-spacing:-0.5pt\"><b><span style=\"font-size:18.0pt\"><span aptos=\"\" style=\"font-family:\"><span style=\"font-variant:small-caps\">Com&eacute;rcio Exterior<\/span><\/span><\/span><\/b><\/span><\/span><\/span><\/p>\r\n\r\n<p class=\"MsoTitle\" style=\"text-align:justify\"><span style=\"font-size:11pt\"><span style=\"line-height:normal\"><span style=\"font-family:Calibri,sans-serif\"><span class=\"MsoHyperlink\" style=\"color:blue\"><span style=\"text-decoration:underline\"><span style=\"font-size:14.0pt\"><span aptos=\"\" style=\"font-family:\"><a href=\"http:\/\/cueroamerica.info\/wpnews\/2026\/02\/brasil-sufre-aumento-de-las-importaciones-de-calzado-y-reduccion-de-exportaciones\/?utm_source=email_marketing&amp;utm_admin=28519&amp;utm_medium=email&amp;utm_campaign=NOTICIAS_de_las_Industrias_del_Calzado_Cuero_Marroquinera_y_Moda\" style=\"color:blue; text-decoration:underline\">Brasil sufre aumento de las importaciones de calzado y reducci&oacute;n de exportaciones<\/a><\/span><\/span><\/span><\/span><\/span><\/span><\/span><\/p>\r\n\r\n<p class=\"MsoTitle\" style=\"text-align:justify\"><span style=\"font-size:11pt\"><span style=\"line-height:normal\"><span style=\"font-family:Calibri,sans-serif\"><span class=\"MsoHyperlink\" style=\"color:blue\"><span style=\"text-decoration:underline\"><span style=\"font-size:14.0pt\"><span aptos=\"\" style=\"font-family:\"><a href=\"https:\/\/www.moveisdevalor.com.br\/portal\/eua-investigam-colchoes-de-3-paises-por-evasao-fiscal?source=news\" style=\"color:blue; text-decoration:underline\">EUA investigam colch&otilde;es de 3 pa&iacute;ses por evas&atilde;o fiscal<\/a><\/span><\/span><\/span><\/span><\/span><\/span><\/span><\/p>\r\n\r\n<p class=\"MsoTitle\" style=\"text-align:justify\"><span style=\"font-size:11pt\"><span style=\"line-height:normal\"><span style=\"font-family:Calibri,sans-serif\"><span class=\"MsoHyperlink\" style=\"color:blue\"><span style=\"text-decoration:underline\"><span style=\"font-size:14.0pt\"><span aptos=\"\" style=\"font-family:\"><a href=\"https:\/\/static.portaldaindustria.com.br\/media\/filer_public\/bf\/34\/bf3498af-f424-48d0-b7e8-3b90f0b0f6fb\/ex_ipc_26-01_mercosul-agenda-negociadora-2026.pdf\" style=\"color:blue; text-decoration:underline\">Mercosul define prioridades da agenda negociadora em 2026<\/a><\/span><\/span><\/span><\/span><\/span><\/span><\/span><\/p>\r\n\r\n<p class=\"MsoTitle\" style=\"text-align:justify\"><span style=\"font-size:11pt\"><span style=\"line-height:normal\"><span style=\"font-family:Calibri,sans-serif\"><span class=\"MsoHyperlink\" style=\"color:blue\"><span style=\"text-decoration:underline\"><span style=\"font-size:14.0pt\"><span aptos=\"\" style=\"font-family:\"><a href=\"https:\/\/static.portaldaindustria.com.br\/media\/filer_public\/2f\/17\/2f17e734-64b5-41f8-a105-f8bb4b741c65\/ex_ipc_26-002_realinhamento_bk_e_bit.pdf\" style=\"color:blue; text-decoration:underline\">CAMEX publica Resolu&ccedil;&atilde;o que oficializa o realinhamento das al&iacute;quotas de importa&ccedil;&atilde;o de Bens de Capital (BK) e de Inform&aacute;tica e Telecomunica&ccedil;&otilde;es (BIT)<\/a><\/span><\/span><\/span><\/span><\/span><\/span><\/span><\/p>\r\n\r\n<p class=\"MsoTitle\" style=\"text-align:justify\"><span style=\"font-size:11pt\"><span style=\"line-height:normal\"><span style=\"font-family:Calibri,sans-serif\"><span class=\"MsoHyperlink\" style=\"color:blue\"><span style=\"text-decoration:underline\"><span style=\"font-size:14.0pt\"><span aptos=\"\" style=\"font-family:\"><a href=\"https:\/\/static.portaldaindustria.com.br\/media\/filer_public\/c8\/32\/c8324a76-68b2-43b3-99b1-a83d0131c7a0\/ex_ipc_26-004_realinhamento_ii_bit_bk_853_-vf-1.pdf\" style=\"color:blue; text-decoration:underline\">Ap&oacute;s realinhamento de BK e BIT, Camex cria regra excepcional para concess&atilde;o provis&oacute;ria de Ex-tarif&aacute;rios<\/a><\/span><\/span><\/span><\/span><\/span><\/span><\/span><\/p>\r\n\r\n<p class=\"MsoTitle\" style=\"text-align:justify\"><span style=\"font-size:11pt\"><span style=\"line-height:normal\"><span style=\"font-family:Calibri,sans-serif\"><span class=\"MsoHyperlink\" style=\"color:blue\"><span style=\"text-decoration:underline\"><span style=\"font-size:14.0pt\"><span aptos=\"\" style=\"font-family:\"><a href=\"https:\/\/agenciabrasil.ebc.com.br\/economia\/noticia\/2026-02\/cni-diz-que-acompanha-com-atencao-decisao-da-suprema-corte-dos-eua\" style=\"color:blue; text-decoration:underline\">CNI diz que acompanha com aten&ccedil;&atilde;o decis&atilde;o da Suprema Corte dos EUA<\/a><\/span><\/span><\/span><\/span><\/span><\/span><\/span><\/p>\r\n\r\n<p class=\"MsoTitle\" style=\"text-align:justify\"><span style=\"font-size:11pt\"><span style=\"line-height:normal\"><span style=\"font-family:Calibri,sans-serif\"><span class=\"MsoHyperlink\" style=\"color:blue\"><span style=\"text-decoration:underline\"><span style=\"font-size:14.0pt\"><span aptos=\"\" style=\"font-family:\"><a href=\"https:\/\/www.cnnbrasil.com.br\/economia\/macroeconomia\/reflexo-de-retirada-de-tarifas-nao-e-imediato-diz-ceo-da-abit-a-cnn\/\" style=\"color:blue; text-decoration:underline\">Reflexo de retirada de tarifas n&atilde;o &eacute; imediato, diz CEO da Abit &agrave; CNN<\/a><\/span><\/span><\/span><\/span><\/span><\/span><\/span><\/p>\r\n\r\n<p class=\"MsoTitle\" style=\"text-align:justify\"><span style=\"font-size:11pt\"><span style=\"line-height:normal\"><span style=\"font-family:Calibri,sans-serif\"><span class=\"MsoHyperlink\" style=\"color:blue\"><span style=\"text-decoration:underline\"><span style=\"font-size:14.0pt\"><span aptos=\"\" style=\"font-family:\"><a href=\"https:\/\/timesbrasil.com.br\/brasil\/abiplast-revogacao-de-tarifas-tem-efeito-imediato-na-industria-do-plastico\/\" style=\"color:blue; text-decoration:underline\">ABIPLAST: revoga&ccedil;&atilde;o de tarifas tem efeito imediato na ind&uacute;stria do pl&aacute;stico<\/a><\/span><\/span><\/span><\/span><\/span><\/span><\/span><\/p>\r\n\r\n<p class=\"MsoTitle\" style=\"text-align:justify\"><span style=\"font-size:28pt\"><span style=\"font-family:Cambria,serif\"><span style=\"letter-spacing:-0.5pt\"><b><span style=\"font-size:18.0pt\"><span aptos=\"\" style=\"font-family:\"><span style=\"font-variant:small-caps\">Economia<\/span><\/span><\/span><\/b><\/span><\/span><\/span><\/p>\r\n\r\n<p style=\"text-align:justify\"><span style=\"font-size:11pt\"><span style=\"line-height:normal\"><span style=\"font-family:Calibri,sans-serif\"><a href=\"https:\/\/www.bcb.gov.br\/content\/focus\/focus\/R20260220.pdf\" style=\"color:blue; text-decoration:underline\"><span style=\"font-size:14.0pt\"><span aptos=\"\" style=\"font-family:\">Focus - Relat&oacute;rio de Mercado<\/span><\/span><\/a><\/span><\/span><\/span><\/p>\r\n\r\n<p style=\"text-align:justify\"><span style=\"font-size:11pt\"><span style=\"line-height:normal\"><span style=\"font-family:Calibri,sans-serif\"><a href=\"https:\/\/portalibre.fgv.br\/system\/files\/2026-02\/monitor-do-pib-fgv-fevereiro-de-2026-ref.-de-dezembro_0.pdf\" style=\"color:blue; text-decoration:underline\"><span style=\"font-size:14.0pt\"><span aptos=\"\" style=\"font-family:\">MONITOR DO PIB - Indicador mensal de dezembro de 2025<\/span><\/span><\/a><\/span><\/span><\/span><\/p>\r\n\r\n<p style=\"text-align:justify\"><img src=\"https:\/\/www.abint.org.br\/assets\/img\/editor\/redes-sociais-abint-ctg-cth_20260210191221AOfpfYeBxv.jpg\" \/><\/p>\r\n","6":"<p style=\"text-align:justify\"><span style=\"font-size:11pt\"><span style=\"line-height:normal\"><span style=\"font-family:Calibri,sans-serif\"><span style=\"font-size:14.0pt\"><span aptos=\"\" style=\"font-family:\">Esta &eacute; uma compila&ccedil;&atilde;o das not&iacute;cias mais relevantes para o setor, incluindo informa&ccedil;&otilde;es sobre acordos internacionais, economia brasileira, sustentabilidade e mat&eacute;rias primas, al&eacute;m de novidades do setor de N&atilde;otecidos e Tecidos T&eacute;cnicos.<\/span><\/span><\/span><\/span><\/span><\/p>\r\n\r\n<p style=\"text-align:justify\"><span style=\"font-size:28pt\"><span style=\"font-family:Cambria,serif\"><span style=\"letter-spacing:-0.5pt\"><b><span style=\"font-size:18.0pt\"><span aptos=\"\" style=\"font-family:\"><span style=\"font-variant:small-caps\">O que vem por a&iacute;<\/span><\/span><\/span><\/b><\/span><\/span><\/span><\/p>\r\n\r\n<p><img src=\"https:\/\/www.abint.org.br\/assets\/img\/editor\/live-esquenta-cbig2026_20260218171027KViSZGRC1m.jpeg\" style=\"width: 500px; height: 281px;\" \/><\/p>\r\n\r\n<p><span style=\"font-size:11pt\"><span style=\"line-height:normal\"><span style=\"font-family:Calibri,sans-serif\"><a href=\"https:\/\/www.youtube.com\/live\/JS4XxhJ2eJ8?si=4FDGS3w3nKjam77H\" style=\"color:blue; text-decoration:underline\"><b><span style=\"font-size:14.0pt\"><span aptos=\"\" style=\"font-family:\">YouTube Geotecnia Brasil<\/span><\/span><\/b><\/a><\/span><\/span><\/span><\/p>\r\n\r\n<p>&nbsp;<\/p>\r\n\r\n<p style=\"text-align:justify\"><img src=\"https:\/\/www.abint.org.br\/assets\/img\/editor\/banner-quadrado-cbig2026_20260224195316ZlM7pbZhFv.jpeg\" style=\"width: 500px; height: 500px;\" \/><\/p>\r\n\r\n<p style=\"text-align:justify\"><span style=\"font-size:11pt\"><span style=\"line-height:normal\"><span style=\"font-family:Calibri,sans-serif\"><a href=\"https:\/\/www.even3.com.br\/curso-brasileiro-de-instalacao-de-geomembranas-paulo-kenji-acakiura-686190\/\" style=\"color:blue; text-decoration:underline\"><b><span style=\"font-size:14.0pt\"><span aptos=\"\" style=\"font-family:\">Acesse aqui para fazer sua inscri&ccedil;&atilde;o<\/span><\/span><\/b><\/a><\/span><\/span><\/span><\/p>\r\n\r\n<p style=\"text-align:justify\">&nbsp;<\/p>\r\n\r\n<p style=\"text-align:justify\"><b><img src=\"https:\/\/www.abint.org.br\/assets\/img\/editor\/curso-naotecidos-2026_20260210190824gUkSCpzLPV.jpg\" style=\"width: 500px; height: 500px;\" \/><\/b><\/p>\r\n\r\n<p style=\"text-align:justify\"><span style=\"font-size:11pt\"><span style=\"line-height:normal\"><span style=\"font-family:Calibri,sans-serif\"><a href=\"https:\/\/forms.gle\/VzyfvmnBbH7FtFGV9\" style=\"color:blue; text-decoration:underline\"><b><span style=\"font-size:14.0pt\"><span aptos=\"\" style=\"font-family:\">Informa&ccedil;&otilde;es e inscri&ccedil;&otilde;es<\/span><\/span><\/b><\/a><\/span><\/span><\/span><\/p>\r\n\r\n<p style=\"text-align:justify\"><span style=\"font-size:28pt\"><span style=\"font-family:Cambria,serif\"><span style=\"letter-spacing:-0.5pt\"><b><span style=\"font-size:18.0pt\"><span aptos=\"\" style=\"font-family:\"><span style=\"font-variant:small-caps\">Not&iacute;cias das Associadas<\/span><\/span><\/span><\/b><\/span><\/span><\/span><\/p>\r\n\r\n<p style=\"text-align:justify\"><span style=\"font-size:11pt\"><span style=\"line-height:normal\"><span style=\"font-family:Calibri,sans-serif\"><a href=\"https:\/\/www.textileworld.com\/textile-world\/nonwovens-technical-textiles\/2026\/02\/freudenberg-performance-materials-presenting-a-comprehensive-range-of-high-performance-tapes-for-power-data-and-specialty-cables\/\" style=\"color:blue; text-decoration:underline\"><span style=\"font-size:14.0pt\"><span aptos=\"\" style=\"font-family:\">Freudenberg Performance Materials: Apresentando uma linha completa de fitas de alto desempenho para cabos de energia, dados e especiais.<\/span><\/span><\/a><\/span><\/span><\/span><\/p>\r\n\r\n<p style=\"text-align:justify\"><span style=\"font-size:11pt\"><span style=\"line-height:normal\"><span style=\"font-family:Calibri,sans-serif\"><b><span lang=\"EN-US\" style=\"font-size:18.0pt\"><span aptos=\"\" style=\"font-family:\"><span style=\"font-variant:small-caps\">Eventos<\/span><\/span><\/span><\/b><\/span><\/span><\/span><\/p>\r\n\r\n<p style=\"text-align:justify\"><span style=\"font-size:11pt\"><span style=\"line-height:normal\"><span style=\"font-family:Calibri,sans-serif\"><a href=\"https:\/\/events.economist.com\/sustainability-week\/?RefID=EM13A-WhatsNew-Del_email-owned_MA00007195\" style=\"color:blue; text-decoration:underline\"><b><span lang=\"EN-US\" style=\"font-size:14.0pt\"><span aptos=\"\" style=\"font-family:\">11th annual Sustainability Week | Incorporating the 3rd annual Energy Transition Summit<\/span><\/span><\/b><\/a><span lang=\"EN-US\" style=\"font-size:14.0pt\"><span aptos=\"\" style=\"font-family:\">, March 2nd &ndash; 4th 2026, Intercontinental London &ndash; the O2<\/span><\/span><\/span><\/span><\/span><\/p>\r\n\r\n<p style=\"text-align:justify\"><span style=\"font-size:11pt\"><span style=\"line-height:normal\"><span style=\"font-family:Calibri,sans-serif\"><a href=\"https:\/\/www.fimec.com.br\/pt-br\/home\" style=\"color:blue; text-decoration:underline\"><b><span style=\"font-size:14.0pt\"><span aptos=\"\" style=\"font-family:\">49&ordf; Fimec - Feira Internacional de Couros, Produtos Qu&iacute;micos, Componentes, M&aacute;quinas e Equipamentos para Cal&ccedil;ados e Curtumes<\/span><\/span><\/b><\/a><span style=\"font-size:14.0pt\"><span aptos=\"\" style=\"font-family:\">, 03 a 05 de mar&ccedil;o de 2026, Fenac, Novo Hamburgo\/RS<\/span><\/span><\/span><\/span><\/span><\/p>\r\n\r\n<p style=\"text-align:justify\"><span style=\"font-size:11pt\"><span style=\"line-height:normal\"><span style=\"font-family:Calibri,sans-serif\"><a href=\"https:\/\/app.rdstation.email\/mail\/dd110b5a-f469-44f9-832a-90dd21d8c549?utm_medium=email&amp;utm_campaign=duplicado_de__texbrasil_workshop_argentina&amp;utm_source=RD+Station\" style=\"color:blue; text-decoration:underline\"><b><span style=\"font-size:14.0pt\"><span aptos=\"\" style=\"font-family:\">WorkshopTexbrasil | Argentina 2026: Prepare sua empresa<\/span><\/span><\/b><\/a><span style=\"font-size:14.0pt\"><span aptos=\"\" style=\"font-family:\">, 04 de mar&ccedil;o, 10h &agrave;s 12h, evento online<\/span><\/span><\/span><\/span><\/span><\/p>\r\n\r\n<p style=\"text-align:justify\"><span style=\"font-size:11pt\"><span style=\"line-height:normal\"><span style=\"font-family:Calibri,sans-serif\"><a href=\"https:\/\/www.portaldaindustria.com.br\/eventos\/pt\/edicoes\/sb-cop-pos-cop30-o-papel-da-industria-na-agenda-de?v=f&amp;c=CNI&amp;p=&amp;t=publica-base-fluida.html#msdynmkt_trackingcontext=744b76b6-2041-4f78-bd7c-83a7ebd90100\" style=\"color:blue; text-decoration:underline\"><b><span style=\"font-size:14.0pt\"><span aptos=\"\" style=\"font-family:\">CNI P&oacute;s-COP30: o papel da ind&uacute;stria na agenda de clima<\/span><\/span><\/b><\/a><span style=\"font-size:14.0pt\"><span aptos=\"\" style=\"font-family:\">, 04 de mar&ccedil;o de 2026, 10h &agrave;s 15h, Sede da CNI - SBN, Quadra 1, Bloco C, Ed. Roberto Simonsen &ndash; Bras&iacute;lia\/DF, presencial<\/span><\/span><\/span><\/span><\/span><\/p>\r\n\r\n<p style=\"text-align:justify\"><span style=\"font-size:11pt\"><span style=\"line-height:normal\"><span style=\"font-family:Calibri,sans-serif\"><a href=\"https:\/\/congressodeinovacao.com.br\/\" style=\"color:blue; text-decoration:underline\"><b><span style=\"font-size:14.0pt\"><span aptos=\"\" style=\"font-family:\">11&ordm; Congresso de Inova&ccedil;&atilde;o da Ind&uacute;stria<\/span><\/span><\/b><\/a><span style=\"font-size:14.0pt\"><span aptos=\"\" style=\"font-family:\">, 25 e 26 de mar&ccedil;o de 2026, WTC S&atilde;o Paulo<\/span><\/span><\/span><\/span><\/span><\/p>\r\n\r\n<p style=\"text-align:justify\"><span style=\"font-size:11pt\"><span style=\"line-height:normal\"><span style=\"font-family:Calibri,sans-serif\"><a href=\"https:\/\/www.hightex.com.tr\/\" style=\"color:blue; text-decoration:underline\"><b><span lang=\"EN-US\" style=\"font-size:14.0pt\"><span aptos=\"\" style=\"font-family:\">HIGTEX 2026 &ndash; International Technical Textiles and Nonwoven Exhibition<\/span><\/span><\/b><\/a><span lang=\"EN-US\" style=\"font-size:14.0pt\"><span aptos=\"\" style=\"font-family:\">, June 9&ndash;13, T&Uuml;YAP Fair and Congress Center, \u0130stanbul, T&uuml;rkiye<\/span><\/span><\/span><\/span><\/span><\/p>\r\n\r\n<p style=\"text-align:justify\"><span style=\"font-size:11pt\"><span style=\"line-height:normal\"><span style=\"font-family:Calibri,sans-serif\"><a href=\"https:\/\/www.worldofwipes.org\/\" style=\"color:blue; text-decoration:underline\"><b><span lang=\"EN-US\" style=\"font-size:14.0pt\"><span aptos=\"\" style=\"font-family:\">INDA | WOW - World of Wipes International Conference<\/span><\/span><\/b><\/a><span lang=\"EN-US\" style=\"font-size:14.0pt\"><span aptos=\"\" style=\"font-family:\">, June 29&ndash;July 2, 2026, Grand Hyatt Nashville, Nashville, Tennessee USA<\/span><\/span><\/span><\/span><\/span><\/p>\r\n\r\n<p style=\"text-align:justify\"><span style=\"font-size:11pt\"><span style=\"line-height:normal\"><span style=\"font-family:Calibri,sans-serif\"><a href=\"https:\/\/filtech.de\/\" style=\"color:blue; text-decoration:underline\"><b><span style=\"font-size:14.0pt\"><span aptos=\"\" style=\"font-family:\">Filtech 2026<\/span><\/span><\/b><\/a><span style=\"font-size:14.0pt\"><span aptos=\"\" style=\"font-family:\">, 30 de junho a 2 de julho, Cologne, Alemanha<\/span><\/span><\/span><\/span><\/span><\/p>\r\n\r\n<p style=\"text-align:justify\"><span style=\"font-size:11pt\"><span style=\"line-height:normal\"><span style=\"font-family:Calibri,sans-serif\"><a href=\"https:\/\/www.formobile.com.br\/pt\/home.html\" style=\"color:blue; text-decoration:underline\"><b><span style=\"font-size:14.0pt\"><span aptos=\"\" style=\"font-family:\">ForM&oacute;bile 2026<\/span><\/span><\/b><\/a><span style=\"font-size:14.0pt\"><span aptos=\"\" style=\"font-family:\">, 30 de junho a 3 de julho, S&atilde;o Paulo Expo<\/span><\/span><\/span><\/span><\/span><\/p>\r\n\r\n<p style=\"text-align:justify\"><span style=\"font-size:11pt\"><span style=\"line-height:normal\"><span style=\"font-family:Calibri,sans-serif\"><a href=\"https:\/\/sienge.com.br\/construsummit\/\" style=\"color:blue; text-decoration:underline\"><b><span style=\"font-size:14.0pt\"><span aptos=\"\" style=\"font-family:\">Construsummit<\/span><\/span><\/b><\/a><span style=\"font-size:14.0pt\"><span aptos=\"\" style=\"font-family:\">, 1 e 2 de julho de 2026, Florian&oacute;polis, SC<\/span><\/span><\/span><\/span><\/span><\/p>\r\n\r\n<p style=\"text-align:justify\"><span style=\"font-size:11pt\"><span style=\"line-height:normal\"><span style=\"font-family:Calibri,sans-serif\"><a href=\"https:\/\/feiplar.com\/Presencial\/inicio-2024\/\" style=\"color:blue; text-decoration:underline\"><b><span style=\"font-size:14.0pt\"><span aptos=\"\" style=\"font-family:\">FEIPLAR &amp; FEIPUR &ndash; Feira e Congresso Internacionais de Materiais Avan&ccedil;ados<\/span><\/span><\/b><\/a><span style=\"font-size:14.0pt\"><span aptos=\"\" style=\"font-family:\">, 25 a 27 de agosto de 2026, S&atilde;o Paulo Expo | Pavilh&atilde;o 5, S&atilde;o Paulo, SP, Brasil<\/span><\/span><\/span><\/span><\/span><\/p>\r\n\r\n<p style=\"text-align:justify\"><span style=\"font-size:11pt\"><span style=\"line-height:normal\"><span style=\"font-family:Calibri,sans-serif\"><a href=\"https:\/\/ficons.com.br\/\" style=\"color:blue; text-decoration:underline\"><b><span style=\"font-size:14.0pt\"><span aptos=\"\" style=\"font-family:\">FICONS - Feira Internacional de Materiais, Equipamentos e Servi&ccedil;os da Constru&ccedil;&atilde;o<\/span><\/span><\/b><\/a><span style=\"font-size:14.0pt\"><span aptos=\"\" style=\"font-family:\">, 15 a 18 de setembro de 2026, Centro de Conven&ccedil;&otilde;es de Pernambuco Recife\/ Olinda<\/span><\/span><\/span><\/span><\/span><\/p>\r\n\r\n<p style=\"text-align:justify\"><span style=\"font-size:11pt\"><span style=\"line-height:normal\"><span style=\"font-family:Calibri,sans-serif\"><a href=\"https:\/\/www.edana.org\/events\/outlook\/outlook-2025\" style=\"color:blue; text-decoration:underline\"><b><span style=\"font-size:14.0pt\"><span aptos=\"\" style=\"font-family:\">OUTLOOK&trade; 2026<\/span><\/span><\/b><\/a><span style=\"font-size:14.0pt\"><span aptos=\"\" style=\"font-family:\">, 22&ndash;24 September, Hotel Miragem, Cascais, Portugal<\/span><\/span><\/span><\/span><\/span><\/p>\r\n\r\n<p style=\"text-align:justify\"><span style=\"font-size:11pt\"><span style=\"line-height:normal\"><span style=\"font-family:Calibri,sans-serif\"><a href=\"https:\/\/hospitalmed.com.br\/feira\/\" style=\"color:blue; text-decoration:underline\"><b><span style=\"font-size:14.0pt\"><span aptos=\"\" style=\"font-family:\">HospitalMed<\/span><\/span><\/b><\/a><span style=\"font-size:14.0pt\"><span aptos=\"\" style=\"font-family:\">, 21 a 23 de outubro de 2026, das 14h &agrave;s 20h, Pernambuco Centro de Conven&ccedil;&otilde;es, Olinda<\/span><\/span><\/span><\/span><\/span><\/p>\r\n\r\n<p style=\"text-align:justify\"><span style=\"font-size:11pt\"><span style=\"line-height:normal\"><span style=\"font-family:Calibri,sans-serif\"><a href=\"https:\/\/www.edana.org\/events\/edana-sustainability-forum\" style=\"color:blue; text-decoration:underline\"><b><span lang=\"EN-US\" style=\"font-size:14.0pt\"><span aptos=\"\" style=\"font-family:\">Sustainability &amp; Policy Forum<\/span><\/span><\/b><\/a><span lang=\"EN-US\" style=\"font-size:14.0pt\"><span aptos=\"\" style=\"font-family:\">, 8&ndash;9 December 2026, Residence Palace in Brussels, Belgium<\/span><\/span><\/span><\/span><\/span><\/p>\r\n\r\n<p style=\"text-align:justify\"><span style=\"font-size:11pt\"><span style=\"line-height:normal\"><span style=\"font-family:Calibri,sans-serif\"><a href=\"https:\/\/infrane.com.br\/\" style=\"color:blue; text-decoration:underline\"><b><span style=\"font-size:14.0pt\"><span aptos=\"\" style=\"font-family:\">Infra NE<\/span><\/span><\/b><\/a><span style=\"font-size:14.0pt\"><span aptos=\"\" style=\"font-family:\">, 03 a 05 de mar&ccedil;o de 2027, Centro de Conven&ccedil;&otilde;es Salvador<\/span><\/span><\/span><\/span><\/span><\/p>\r\n\r\n<p style=\"text-align:justify\"><span style=\"font-size:28pt\"><span style=\"font-family:Cambria,serif\"><span style=\"letter-spacing:-0.5pt\"><b><span style=\"font-size:18.0pt\"><span aptos=\"\" style=\"font-family:\"><span style=\"font-variant:small-caps\">Setor<\/span><\/span><\/span><\/b><\/span><\/span><\/span><\/p>\r\n\r\n<p style=\"text-align:justify\"><span style=\"font-size:11pt\"><span style=\"line-height:normal\"><span style=\"font-family:Calibri,sans-serif\"><a href=\"http:\/\/clickemail.portalpersonalcare.com.br\/ls\/click?upn=u001.D2-2F0Tg0A29KXXLMT6ctG-2BYOihdDbc-2ByFrUFb3ZXMT9T7v5nDqwbfXodJ-2Bix9YpM5mw1YLYc50gLTkSEo2eMHDSHmO-2FYKz2A3mXDnNt2OvKuUFs8RuygTF0ay4HJQR9ruvX28iaVjbVOwLEtJM51t-2BiJUHkTxAZdM-2Fqx29uyOTjo6KYMCP1W7l-2FUBh-2FRGzo3F3J99I6-2Bo6YXjDosGhhioE-2B1yPOrExjKJVIq04v0BexAFMX6kq1tDdl-2B-2FJD-2Bxhoi4agAGA1wJV-2FshrRzNaIglZAXlZQlfXHHQc-2BrmnfLbYPnrcseXMuv6othkpVqishZCR5VVnK-2FpQ0Dnu65HmvxSJfzPhCmQI-2BpYRCepEzJCTKE48SobqhGTxDGqpy-2BxUfgK4hh5_T7N8BvZTOm04CQQMiyWztrpCjlUrRc4F7QzSgUIpTqDyHxxxhGpyWLohz7JoE2GE5NHlS-2BYZoX1R75Fh8KCze9GvCCb-2FinuNgc39g0Cdbe-2FcU8RlSBQhp5om11AQZQ-2FDkCm5MeT-2B431v6E0-2FT4Cl4rHiFo7pihqWq21E5dXIuQBtB4tS3r0BEoy9bCo1csM49x7ssvn6uJdbdlC5u1xTTmDjPWBU4GG3XLiwzKjVr20TbaYMBbf-2F-2FVogjwulSGtLbRYTnzQQt-2BZxSBOKiHUUZgT-2FtJNJjjlrmjtd4BgNQc8-2BPXTJRMWHQ4xo1BzhpIs-2B01mnLGkygJMaP5iCLg9yNHKgVC0Nh33rHkvt6cE693bna8MWw2NiO-2BMslLXFRtdMTebYNdD1RCQcEAKzEZxXTeTB8bNIt0u5VffZRwEoyMh70Sid7-2FZfdkaCTdkU-2F135q-2B4dUMOx5enBB4xhWmqaL6W1mlAHTSLFqrmMLnsooy-2BpgC7jFi11Q921W9wWep6D4-2BTHgeFfzmAsVp2qs54NWhHA87eMj8mW8YG68IELxxVRnHYG5YgP5WVbHu4qwNtBpwyCyNzefvqEUj2RRnYYudT7sS5P7IRJkG2wszlE3g4UV6wH7JLa-2FLhycxSTHc5vWIxNgZtSbQ1o4wniYgrJND-2FzX9s-2BTmphuPNw-2BeGs6vfseQLqY1FzY4AJu27ToVYm6AusLkAZooV3Vb4chjWoHUg7NhozYdM0JL98fI3BXu3cqKe4zzTsPPlJReJwHfQa\" style=\"color:blue; text-decoration:underline\" target=\"_blank\"><span style=\"font-size:14.0pt\"><span aptos=\"\" style=\"font-family:\">Quando o conforto se torna tecnologia: a evolu&ccedil;&atilde;o silenciosa dos produtos descart&aacute;veis<\/span><\/span><\/a><\/span><\/span><\/span><\/p>\r\n\r\n<p style=\"text-align:justify\"><span style=\"font-size:11pt\"><span style=\"line-height:normal\"><span style=\"font-family:Calibri,sans-serif\"><a href=\"https:\/\/clickpetroleoegas.com.br\/mega-reservatorio-de-1-bilhao-de-litros-e-concluido-no-piaui-transforma-fazenda-em-polo-irrigado-permanente-mhbb01\/\" style=\"color:blue; text-decoration:underline\"><span style=\"font-size:14.0pt\"><span aptos=\"\" style=\"font-family:\">Mega reservat&oacute;rio de 1 bilh&atilde;o de litros &eacute; conclu&iacute;do no Piau&iacute;<\/span><\/span><\/a><\/span><\/span><\/span><\/p>\r\n\r\n<p style=\"text-align:justify\"><span style=\"font-size:11pt\"><span style=\"line-height:normal\"><span style=\"font-family:Calibri,sans-serif\"><a href=\"https:\/\/plasticosemrevista.com.br\/franca-subsidia-modernizacao-de-cracker-da-ineos\/\" style=\"color:blue; text-decoration:underline\"><span style=\"font-size:14.0pt\"><span aptos=\"\" style=\"font-family:\">Fran&ccedil;a subsidia moderniza&ccedil;&atilde;o de cracker da Ineos<\/span><\/span><\/a><\/span><\/span><\/span><\/p>\r\n\r\n<p style=\"text-align:justify\"><span style=\"font-size:11pt\"><span style=\"line-height:normal\"><span style=\"font-family:Calibri,sans-serif\"><a href=\"https:\/\/www.nonwovens-industry.com\/breaking-news\/scotland-announces-date-for-plastics-wipe-ban\/\" style=\"color:blue; text-decoration:underline\"><span lang=\"EN-US\" style=\"font-size:14.0pt\"><span aptos=\"\" style=\"font-family:\">Scotland Announces Date for Plastic Wipes Ban<\/span><\/span><\/a><\/span><\/span><\/span><\/p>\r\n\r\n<p style=\"text-align:justify\"><span style=\"font-size:11pt\"><span style=\"line-height:normal\"><span style=\"font-family:Calibri,sans-serif\"><a href=\"https:\/\/www.mpo-mag.com\/the-hidden-cost-of-unplanned-biocompatibility-testing\/?utm_source=hohenstein-us&amp;utm_medium=newsletter&amp;utm_campaign=medical\" style=\"color:blue; text-decoration:underline\"><span lang=\"EN-US\" style=\"font-size:14.0pt\"><span aptos=\"\" style=\"font-family:\">The Hidden Cost of Unplanned Biocompatibility Testing<\/span><\/span><\/a><\/span><\/span><\/span><\/p>\r\n\r\n<p style=\"text-align:justify\"><span style=\"font-size:11pt\"><span style=\"line-height:normal\"><span style=\"font-family:Calibri,sans-serif\"><a href=\"https:\/\/www.projectmedtech.com\/projectmedtechpodcast\/episode\/1c6b46e6\/episode-246-or-katie-brinkman-biocompatibility-program-manager-at-hohenstein-or-navigating-biocompatibility-in-medtech?utm_source=hohenstein-us&amp;utm_medium=newsletter&amp;utm_campaign=medical\" style=\"color:blue; text-decoration:underline\"><span lang=\"EN-US\" style=\"font-size:14.0pt\"><span aptos=\"\" style=\"font-family:\">Navigating Biocompatibility in MedTech: Project Medtech Podcast<\/span><\/span><\/a><\/span><\/span><\/span><\/p>\r\n\r\n<p style=\"text-align:justify\"><span style=\"font-size:11pt\"><span style=\"line-height:normal\"><span style=\"font-family:Calibri,sans-serif\"><a href=\"https:\/\/www.bloomberglinea.com.br\/negocios\/como-este-grupo-do-interior-de-sp-planeja-faturar-r-1-bi-com-produtos-de-higiene\/\" style=\"color:blue; text-decoration:underline\"><span style=\"font-size:14.0pt\"><span aptos=\"\" style=\"font-family:\">Como este grupo do interior de SP planeja faturar R$ 1 bi com produtos de higiene<\/span><\/span><\/a><\/span><\/span><\/span><\/p>\r\n\r\n<p style=\"text-align:justify\"><span style=\"font-size:28pt\"><span style=\"font-family:Cambria,serif\"><span style=\"letter-spacing:-0.5pt\"><b><span style=\"font-size:18.0pt\"><span aptos=\"\" style=\"font-family:\"><span style=\"font-variant:small-caps\">Ind&uacute;stria<\/span><\/span><\/span><\/b><\/span><\/span><\/span><\/p>\r\n\r\n<p style=\"text-align:justify\"><span style=\"font-size:11pt\"><span style=\"line-height:normal\"><span style=\"font-family:Calibri,sans-serif\"><span class=\"MsoHyperlink\" style=\"color:blue\"><span style=\"text-decoration:underline\"><span style=\"font-size:14.0pt\"><span aptos=\"\" style=\"font-family:\"><a href=\"https:\/\/noticias.portaldaindustria.com.br\/noticias\/economia\/numero-de-empregados-da-industria-chega-ao-pior-patamar-desde-2017-dizem-empresarios\/\" style=\"color:blue; text-decoration:underline\">N&uacute;mero de empregados da ind&uacute;stria chega ao pior patamar desde 2017, dizem empres&aacute;rios<\/a><\/span><\/span><\/span><\/span><\/span><\/span><\/span><\/p>\r\n\r\n<p style=\"text-align:justify\"><span style=\"font-size:11pt\"><span style=\"line-height:normal\"><span style=\"font-family:Calibri,sans-serif\"><span class=\"MsoHyperlink\" style=\"color:blue\"><span style=\"text-decoration:underline\"><span style=\"font-size:14.0pt\"><span aptos=\"\" style=\"font-family:\"><a href=\"https:\/\/noticias.portaldaindustria.com.br\/noticias\/economia\/reducao-da-jornada-de-trabalho-pode-aumentar-custo-empresarial-em-ate-r-267-bilhoes-ao-ano\/\" style=\"color:blue; text-decoration:underline\">Redu&ccedil;&atilde;o da jornada de trabalho pode aumentar custo empresarial em at&eacute; R$ 267 bilh&otilde;es ao ano<\/a><\/span><\/span><\/span><\/span><\/span><\/span><\/span><\/p>\r\n\r\n<p style=\"text-align:justify\"><span style=\"font-size:11pt\"><span style=\"line-height:normal\"><span style=\"font-family:Calibri,sans-serif\"><span class=\"MsoHyperlink\" style=\"color:blue\"><span style=\"text-decoration:underline\"><span style=\"font-size:14.0pt\"><span aptos=\"\" style=\"font-family:\"><a href=\"https:\/\/www.msn.com\/pt-br\/carros\/compra\/venda-de-ve%C3%ADculos-fica-est%C3%A1vel-em-janeiro-mas-exporta%C3%A7%C3%B5es-e-produ%C3%A7%C3%A3o-recuam-aponta-anfavea\/ar-AA1VQE0e?apiversion=v2&amp;domshim=1&amp;noservercache=1&amp;noservertelemetry=1&amp;batchservertelemetry=1&amp;renderwebcomponents=1&amp;wcseo=1\" style=\"color:blue; text-decoration:underline\">Venda de ve&iacute;culos fica est&aacute;vel em janeiro, mas exporta&ccedil;&otilde;es e produ&ccedil;&atilde;o recuam, aponta Anfavea<\/a><\/span><\/span><\/span><\/span><\/span><\/span><\/span><\/p>\r\n\r\n<p style=\"text-align:justify\"><span style=\"font-size:11pt\"><span style=\"line-height:normal\"><span style=\"font-family:Calibri,sans-serif\"><span class=\"MsoHyperlink\" style=\"color:blue\"><span style=\"text-decoration:underline\"><span style=\"font-size:14.0pt\"><span aptos=\"\" style=\"font-family:\"><a href=\"https:\/\/emobile.com.br\/site\/varejo\/mercado-de-casa-e-decoracao-cresce-e-soma-r-1277-bilhoes\/\" style=\"color:blue; text-decoration:underline\">Mercado de casa e decora&ccedil;&atilde;o cresce e soma R$ 127,7 bilh&otilde;es<\/a><\/span><\/span><\/span><\/span><\/span><\/span><\/span><\/p>\r\n\r\n<p class=\"MsoTitleCxSpMiddle\" style=\"text-align:justify\"><span style=\"font-size:28pt\"><span style=\"font-family:Cambria,serif\"><span style=\"letter-spacing:-0.5pt\"><b><span style=\"font-size:18.0pt\"><span aptos=\"\" style=\"font-family:\"><span style=\"font-variant:small-caps\">Sustentabilidade<\/span><\/span><\/span><\/b><\/span><\/span><\/span><\/p>\r\n\r\n<p class=\"MsoTitleCxSpMiddle\" style=\"text-align:justify\"><span style=\"font-size:11pt\"><span style=\"line-height:normal\"><span style=\"font-family:Calibri,sans-serif\"><span class=\"MsoHyperlink\" style=\"color:blue\"><span style=\"text-decoration:underline\"><span style=\"font-size:14.0pt\"><span aptos=\"\" style=\"font-family:\"><a href=\"https:\/\/plasticosemrevista.com.br\/a-realidade-mora-nos-detalhes\/\" style=\"color:blue; text-decoration:underline\">Reciclagem: a realidade mora nos detalhes<\/a><\/span><\/span><\/span><\/span><\/span><\/span><\/span><\/p>\r\n\r\n<p style=\"text-align:justify\"><span style=\"font-size:11pt\"><span style=\"line-height:normal\"><span style=\"font-family:Calibri,sans-serif\"><span class=\"MsoHyperlink\" style=\"color:blue\"><span style=\"text-decoration:underline\"><span style=\"font-size:14.0pt\"><span aptos=\"\" style=\"font-family:\"><a href=\"https:\/\/plasticosulamerica.com\/o-novo-marco-da-logistica-reversa-de-embalagens-plasticas-no-brasil\/\" style=\"color:blue; text-decoration:underline\">O novo marco da log&iacute;stica reversa de embalagens pl&aacute;sticas no Brasil<\/a><\/span><\/span><\/span><\/span><\/span><\/span><\/span><\/p>\r\n\r\n<p style=\"text-align:justify\"><span style=\"font-size:11pt\"><span style=\"line-height:normal\"><span style=\"font-family:Calibri,sans-serif\"><span class=\"MsoHyperlink\" style=\"color:blue\"><span style=\"text-decoration:underline\"><span style=\"font-size:14.0pt\"><span aptos=\"\" style=\"font-family:\"><a href=\"https:\/\/plasticosulamerica.com\/defesa-circular-projeto-quer-comprovar-com-dados-auditaveis-a-viabilidade-da-economia-circular-para-plasticos-de-uso-unico\/\" style=\"color:blue; text-decoration:underline\">Defesa Circular: projeto quer comprovar, com dados audit&aacute;veis, a viabilidade da economia circular para pl&aacute;sticos de uso &uacute;nico<\/a><\/span><\/span><\/span><\/span><\/span><\/span><\/span><\/p>\r\n\r\n<p style=\"text-align:justify\"><span style=\"font-size:28pt\"><span style=\"font-family:Cambria,serif\"><span style=\"letter-spacing:-0.5pt\"><b><span style=\"font-size:18.0pt\"><span aptos=\"\" style=\"font-family:\"><span style=\"font-variant:small-caps\">Inova&ccedil;&atilde;o<\/span><\/span><\/span><\/b><\/span><\/span><\/span><\/p>\r\n\r\n<p style=\"text-align:justify\"><span style=\"font-size:11pt\"><span style=\"line-height:normal\"><span style=\"font-family:Calibri,sans-serif\"><span class=\"MsoHyperlink\" style=\"color:blue\"><span style=\"text-decoration:underline\"><span style=\"font-size:14.0pt\"><span aptos=\"\" style=\"font-family:\"><a href=\"https:\/\/revistapegn.globo.com\/um-so-planeta\/noticia\/2026\/02\/finep-disponibiliza-r-150-milhoes-para-projetos-sustentaveis-de-empresas-brasileiras.ghtml\" style=\"color:blue; text-decoration:underline\">Finep disponibiliza R$ 150 milh&otilde;es para projetos sustent&aacute;veis de empresas brasileiras<\/a><\/span><\/span><\/span><\/span><\/span><\/span><\/span><\/p>\r\n\r\n<p style=\"text-align:justify\"><span style=\"font-size:11pt\"><span style=\"line-height:normal\"><span style=\"font-family:Calibri,sans-serif\"><a href=\"https:\/\/noticias.portaldaindustria.com.br\/noticias\/inovacao-e-tecnologia\/senai-vai-destinar-r-13-bilhao-do-programa-mover-para-setor-automotivo-ate-2029\/\" style=\"color:blue; text-decoration:underline\"><span style=\"font-size:14.0pt\"><span aptos=\"\" style=\"font-family:\">SENAI vai destinar R$ 1,3 bilh&atilde;o do programa Mover para setor automotivo at&eacute; 2029<\/span><\/span><\/a><\/span><\/span><\/span><\/p>\r\n\r\n<p style=\"text-align:justify\"><span style=\"font-size:11pt\"><span style=\"line-height:normal\"><span style=\"font-family:Calibri,sans-serif\"><span class=\"MsoHyperlink\" style=\"color:blue\"><span style=\"text-decoration:underline\"><span style=\"font-size:14.0pt\"><span aptos=\"\" style=\"font-family:\"><a href=\"https:\/\/noticias.portaldaindustria.com.br\/noticias\/internacional\/missao-da-industria-a-india-foca-em-inovacao-comercio-e-investimentos\/\" style=\"color:blue; text-decoration:underline\">Miss&atilde;o da ind&uacute;stria &agrave; &Iacute;ndia foca em inova&ccedil;&atilde;o, com&eacute;rcio e investimentos<\/a><\/span><\/span><\/span><\/span><\/span><\/span><\/span><\/p>\r\n\r\n<p class=\"MsoTitle\" style=\"text-align:justify\"><span style=\"font-size:11pt\"><span style=\"line-height:normal\"><span style=\"font-family:Calibri,sans-serif\"><span class=\"MsoHyperlink\" style=\"color:blue\"><span style=\"text-decoration:underline\"><span style=\"font-size:14.0pt\"><span aptos=\"\" style=\"font-family:\"><a href=\"https:\/\/sinditextilsp.org.br\/home\/2026\/01\/pesquisadores-transformam-agulhas-de-pinheiro-em-fibras-texteis\/?utm_medium=email&amp;utm_campaign=boletim_verde_20&amp;utm_source=RD+Station\" style=\"color:blue; text-decoration:underline\">Pesquisadores da UE transformam agulhas de pinheiro em fibras t&ecirc;xteis<\/a><\/span><\/span><\/span><\/span><\/span><\/span><\/span><\/p>\r\n\r\n<p class=\"MsoTitle\" style=\"text-align:justify\"><span style=\"font-size:11pt\"><span style=\"line-height:normal\"><span style=\"font-family:Calibri,sans-serif\"><span class=\"MsoHyperlink\" style=\"color:blue\"><span style=\"text-decoration:underline\"><span style=\"font-size:14.0pt\"><span aptos=\"\" style=\"font-family:\"><a href=\"https:\/\/sinditextilsp.org.br\/home\/2026\/02\/universidade-cria-dispositivo-sensorial-para-tecidos-comprados-online\/?utm_medium=email&amp;utm_campaign=boletim_verde_20&amp;utm_source=RD+Station\" style=\"color:blue; text-decoration:underline\">Universidade dos EUA cria dispositivo sensorial para tecidos<\/a><\/span><\/span><\/span><\/span><\/span><\/span><\/span><\/p>\r\n\r\n<p class=\"MsoTitle\" style=\"text-align:justify\"><span style=\"font-size:11pt\"><span style=\"line-height:normal\"><span style=\"font-family:Calibri,sans-serif\"><span class=\"MsoHyperlink\" style=\"color:blue\"><span style=\"text-decoration:underline\"><span style=\"font-size:14.0pt\"><span aptos=\"\" style=\"font-family:\"><a href=\"https:\/\/innovationintextiles.com\/smart-vest-to-prevent-hypothermia-deaths\/\" style=\"color:blue; text-decoration:underline\">Smart vest to prevent hypothermia deaths<\/a><\/span><\/span><\/span><\/span><\/span><\/span><\/span><\/p>\r\n\r\n<p class=\"MsoTitle\" style=\"text-align:justify\"><span style=\"font-size:28pt\"><span style=\"font-family:Cambria,serif\"><span style=\"letter-spacing:-0.5pt\"><b><span style=\"font-size:18.0pt\"><span aptos=\"\" style=\"font-family:\"><span style=\"font-variant:small-caps\">Com&eacute;rcio Exterior<\/span><\/span><\/span><\/b><\/span><\/span><\/span><\/p>\r\n\r\n<p class=\"MsoTitle\" style=\"text-align:justify\"><span style=\"font-size:11pt\"><span style=\"line-height:normal\"><span style=\"font-family:Calibri,sans-serif\"><span class=\"MsoHyperlink\" style=\"color:blue\"><span style=\"text-decoration:underline\"><span style=\"font-size:14.0pt\"><span aptos=\"\" style=\"font-family:\"><a href=\"http:\/\/cueroamerica.info\/wpnews\/2026\/02\/brasil-sufre-aumento-de-las-importaciones-de-calzado-y-reduccion-de-exportaciones\/?utm_source=email_marketing&amp;utm_admin=28519&amp;utm_medium=email&amp;utm_campaign=NOTICIAS_de_las_Industrias_del_Calzado_Cuero_Marroquinera_y_Moda\" style=\"color:blue; text-decoration:underline\">Brasil sufre aumento de las importaciones de calzado y reducci&oacute;n de exportaciones<\/a><\/span><\/span><\/span><\/span><\/span><\/span><\/span><\/p>\r\n\r\n<p class=\"MsoTitle\" style=\"text-align:justify\"><span style=\"font-size:11pt\"><span style=\"line-height:normal\"><span style=\"font-family:Calibri,sans-serif\"><span class=\"MsoHyperlink\" style=\"color:blue\"><span style=\"text-decoration:underline\"><span style=\"font-size:14.0pt\"><span aptos=\"\" style=\"font-family:\"><a href=\"https:\/\/www.moveisdevalor.com.br\/portal\/eua-investigam-colchoes-de-3-paises-por-evasao-fiscal?source=news\" style=\"color:blue; text-decoration:underline\">EUA investigam colch&otilde;es de 3 pa&iacute;ses por evas&atilde;o fiscal<\/a><\/span><\/span><\/span><\/span><\/span><\/span><\/span><\/p>\r\n\r\n<p class=\"MsoTitle\" style=\"text-align:justify\"><span style=\"font-size:11pt\"><span style=\"line-height:normal\"><span style=\"font-family:Calibri,sans-serif\"><span class=\"MsoHyperlink\" style=\"color:blue\"><span style=\"text-decoration:underline\"><span style=\"font-size:14.0pt\"><span aptos=\"\" style=\"font-family:\"><a href=\"https:\/\/static.portaldaindustria.com.br\/media\/filer_public\/bf\/34\/bf3498af-f424-48d0-b7e8-3b90f0b0f6fb\/ex_ipc_26-01_mercosul-agenda-negociadora-2026.pdf\" style=\"color:blue; text-decoration:underline\">Mercosul define prioridades da agenda negociadora em 2026<\/a><\/span><\/span><\/span><\/span><\/span><\/span><\/span><\/p>\r\n\r\n<p class=\"MsoTitle\" style=\"text-align:justify\"><span style=\"font-size:11pt\"><span style=\"line-height:normal\"><span style=\"font-family:Calibri,sans-serif\"><span class=\"MsoHyperlink\" style=\"color:blue\"><span style=\"text-decoration:underline\"><span style=\"font-size:14.0pt\"><span aptos=\"\" style=\"font-family:\"><a href=\"https:\/\/static.portaldaindustria.com.br\/media\/filer_public\/2f\/17\/2f17e734-64b5-41f8-a105-f8bb4b741c65\/ex_ipc_26-002_realinhamento_bk_e_bit.pdf\" style=\"color:blue; text-decoration:underline\">CAMEX publica Resolu&ccedil;&atilde;o que oficializa o realinhamento das al&iacute;quotas de importa&ccedil;&atilde;o de Bens de Capital (BK) e de Inform&aacute;tica e Telecomunica&ccedil;&otilde;es (BIT)<\/a><\/span><\/span><\/span><\/span><\/span><\/span><\/span><\/p>\r\n\r\n<p class=\"MsoTitle\" style=\"text-align:justify\"><span style=\"font-size:11pt\"><span style=\"line-height:normal\"><span style=\"font-family:Calibri,sans-serif\"><span class=\"MsoHyperlink\" style=\"color:blue\"><span style=\"text-decoration:underline\"><span style=\"font-size:14.0pt\"><span aptos=\"\" style=\"font-family:\"><a href=\"https:\/\/static.portaldaindustria.com.br\/media\/filer_public\/c8\/32\/c8324a76-68b2-43b3-99b1-a83d0131c7a0\/ex_ipc_26-004_realinhamento_ii_bit_bk_853_-vf-1.pdf\" style=\"color:blue; text-decoration:underline\">Ap&oacute;s realinhamento de BK e BIT, Camex cria regra excepcional para concess&atilde;o provis&oacute;ria de Ex-tarif&aacute;rios<\/a><\/span><\/span><\/span><\/span><\/span><\/span><\/span><\/p>\r\n\r\n<p class=\"MsoTitle\" style=\"text-align:justify\"><span style=\"font-size:11pt\"><span style=\"line-height:normal\"><span style=\"font-family:Calibri,sans-serif\"><span class=\"MsoHyperlink\" style=\"color:blue\"><span style=\"text-decoration:underline\"><span style=\"font-size:14.0pt\"><span aptos=\"\" style=\"font-family:\"><a href=\"https:\/\/agenciabrasil.ebc.com.br\/economia\/noticia\/2026-02\/cni-diz-que-acompanha-com-atencao-decisao-da-suprema-corte-dos-eua\" style=\"color:blue; text-decoration:underline\">CNI diz que acompanha com aten&ccedil;&atilde;o decis&atilde;o da Suprema Corte dos EUA<\/a><\/span><\/span><\/span><\/span><\/span><\/span><\/span><\/p>\r\n\r\n<p class=\"MsoTitle\" style=\"text-align:justify\"><span style=\"font-size:11pt\"><span style=\"line-height:normal\"><span style=\"font-family:Calibri,sans-serif\"><span class=\"MsoHyperlink\" style=\"color:blue\"><span style=\"text-decoration:underline\"><span style=\"font-size:14.0pt\"><span aptos=\"\" style=\"font-family:\"><a href=\"https:\/\/www.cnnbrasil.com.br\/economia\/macroeconomia\/reflexo-de-retirada-de-tarifas-nao-e-imediato-diz-ceo-da-abit-a-cnn\/\" style=\"color:blue; text-decoration:underline\">Reflexo de retirada de tarifas n&atilde;o &eacute; imediato, diz CEO da Abit &agrave; CNN<\/a><\/span><\/span><\/span><\/span><\/span><\/span><\/span><\/p>\r\n\r\n<p class=\"MsoTitle\" style=\"text-align:justify\"><span style=\"font-size:11pt\"><span style=\"line-height:normal\"><span style=\"font-family:Calibri,sans-serif\"><span class=\"MsoHyperlink\" style=\"color:blue\"><span style=\"text-decoration:underline\"><span style=\"font-size:14.0pt\"><span aptos=\"\" style=\"font-family:\"><a href=\"https:\/\/timesbrasil.com.br\/brasil\/abiplast-revogacao-de-tarifas-tem-efeito-imediato-na-industria-do-plastico\/\" style=\"color:blue; text-decoration:underline\">ABIPLAST: revoga&ccedil;&atilde;o de tarifas tem efeito imediato na ind&uacute;stria do pl&aacute;stico<\/a><\/span><\/span><\/span><\/span><\/span><\/span><\/span><\/p>\r\n\r\n<p class=\"MsoTitle\" style=\"text-align:justify\"><span style=\"font-size:28pt\"><span style=\"font-family:Cambria,serif\"><span style=\"letter-spacing:-0.5pt\"><b><span style=\"font-size:18.0pt\"><span aptos=\"\" style=\"font-family:\"><span style=\"font-variant:small-caps\">Economia<\/span><\/span><\/span><\/b><\/span><\/span><\/span><\/p>\r\n\r\n<p style=\"text-align:justify\"><span style=\"font-size:11pt\"><span style=\"line-height:normal\"><span style=\"font-family:Calibri,sans-serif\"><a href=\"https:\/\/www.bcb.gov.br\/content\/focus\/focus\/R20260220.pdf\" style=\"color:blue; text-decoration:underline\"><span style=\"font-size:14.0pt\"><span aptos=\"\" style=\"font-family:\">Focus - Relat&oacute;rio de Mercado<\/span><\/span><\/a><\/span><\/span><\/span><\/p>\r\n\r\n<p style=\"text-align:justify\"><span style=\"font-size:11pt\"><span style=\"line-height:normal\"><span style=\"font-family:Calibri,sans-serif\"><a href=\"https:\/\/portalibre.fgv.br\/system\/files\/2026-02\/monitor-do-pib-fgv-fevereiro-de-2026-ref.-de-dezembro_0.pdf\" style=\"color:blue; text-decoration:underline\"><span style=\"font-size:14.0pt\"><span aptos=\"\" style=\"font-family:\">MONITOR DO PIB - Indicador mensal de dezembro de 2025<\/span><\/span><\/a><\/span><\/span><\/span><\/p>\r\n\r\n<p style=\"text-align:justify\"><img src=\"https:\/\/www.abint.org.br\/assets\/img\/editor\/redes-sociais-abint-ctg-cth_20260210191221AOfpfYeBxv.jpg\" \/><\/p>\r\n","texto_en":"","7":"","imagem":"COMP_capa-2026-site-boletim-abint-noticias-semanis_20260224200239lZKUxlcb61.jpg","8":"COMP_capa-2026-site-boletim-abint-noticias-semanis_20260224200239lZKUxlcb61.jpg","arquivo":"20260224-BOLETIM-ABINT-DE-NOTICIAS-SEMANAIS.PDF","9":"20260224-BOLETIM-ABINT-DE-NOTICIAS-SEMANAIS.PDF","titulo_arquivo":"20260224 Boletim ABINT de Not\u00edcias Semanais","10":"20260224 Boletim ABINT de Not\u00edcias Semanais","titulo_arquivo_en":"","11":"","created_at":"2026-02-24 20:02:47","12":"2026-02-24 20:02:47","updated_at":"2026-02-24 20:04:03","13":"2026-02-24 20:04:03"},{"id":216,"0":216,"ordem":6,"1":6,"data":"2026-02-18","2":"2026-02-18","slug":"boletim-abint-de-noticias-semanais-114","3":"boletim-abint-de-noticias-semanais-114","titulo":"Boletim ABINT de Not\u00edcias Semanais","4":"Boletim ABINT de Not\u00edcias Semanais","titulo_en":"","5":"","texto":"<p style=\"text-align:justify\"><span style=\"font-size:11pt\"><span style=\"line-height:normal\"><span style=\"font-family:Calibri,sans-serif\"><span style=\"font-size:14.0pt\"><span aptos=\"\" style=\"font-family:\">Esta &eacute; uma compila&ccedil;&atilde;o das not&iacute;cias mais relevantes para o setor, incluindo informa&ccedil;&otilde;es sobre acordos internacionais, economia brasileira, sustentabilidade e mat&eacute;rias primas, al&eacute;m de novidades do setor de N&atilde;otecidos e Tecidos T&eacute;cnicos.<\/span><\/span><\/span><\/span><\/span><\/p>\r\n\r\n<p style=\"text-align:justify\"><span style=\"font-size:28pt\"><span style=\"font-family:Cambria,serif\"><span style=\"letter-spacing:-0.5pt\"><b><span style=\"font-size:18.0pt\"><span aptos=\"\" style=\"font-family:\"><span style=\"font-variant:small-caps\">O que vem por a&iacute;<\/span><\/span><\/span><\/b><\/span><\/span><\/span><\/p>\r\n\r\n<p style=\"text-align:justify\"><img src=\"https:\/\/www.abint.org.br\/assets\/img\/editor\/live-esquenta-cbig2026_20260218171027KViSZGRC1m.jpeg\" style=\"width: 500px; height: 281px;\" \/><\/p>\r\n\r\n<p style=\"text-align:justify\"><span style=\"font-size:11pt\"><span style=\"line-height:normal\"><span style=\"font-family:Calibri,sans-serif\"><a href=\"https:\/\/www.youtube.com\/@GeotecniaBrasil\/streams\" style=\"color:blue; text-decoration:underline\"><b><span style=\"font-size:14.0pt\"><span aptos=\"\" style=\"font-family:\">YouTube Geotecnia Brasil<\/span><\/span><\/b><\/a><\/span><\/span><\/span><\/p>\r\n\r\n<p><b><img src=\"https:\/\/www.abint.org.br\/assets\/img\/editor\/banner-quadrado-cbig2026_20260210190707C4zRVxuFF0.jpg\" style=\"width: 500px; height: 500px;\" \/><\/b><\/p>\r\n\r\n<p><span style=\"font-size:11.0pt\"><span style=\"line-height:115%\"><span calibri=\"\" style=\"font-family:\"><a href=\"https:\/\/www.even3.com.br\/curso-brasileiro-de-instalacao-de-geomembranas-paulo-kenji-acakiura-686190\/\" style=\"color:blue; text-decoration:underline\"><b><span style=\"font-size:14.0pt\"><span style=\"line-height:115%\"><span aptos=\"\" style=\"font-family:\">Acesse aqui para fazer sua inscri&ccedil;&atilde;o<\/span><\/span><\/span><\/b><\/a><\/span><\/span><\/span><\/p>\r\n\r\n<p><b><img src=\"https:\/\/www.abint.org.br\/assets\/img\/editor\/curso-naotecidos-2026_20260210190824gUkSCpzLPV.jpg\" style=\"width: 500px; height: 500px;\" \/><\/b><\/p>\r\n\r\n<p><span style=\"font-size:11pt\"><span style=\"line-height:normal\"><span style=\"font-family:Calibri,sans-serif\"><a href=\"https:\/\/forms.gle\/VzyfvmnBbH7FtFGV9\" style=\"color:blue; text-decoration:underline\"><b><span style=\"font-size:14.0pt\"><span aptos=\"\" style=\"font-family:\">Informa&ccedil;&otilde;es e inscri&ccedil;&otilde;es<\/span><\/span><\/b><\/a><\/span><\/span><\/span><\/p>\r\n\r\n<p><b style=\"letter-spacing: -0.5pt; font-family: Cambria, serif; font-size: 28pt;\"><span style=\"font-size:18.0pt\"><span aptos=\"\" style=\"font-family:\"><span style=\"font-variant-numeric: normal; font-variant-east-asian: normal; font-variant-caps: small-caps; font-variant-alternates: normal; font-variant-position: normal; font-variant-emoji: normal;\">Not&iacute;cias das Associadas<\/span><\/span><\/span><\/b><\/p>\r\n\r\n<p style=\"text-align:justify\"><span style=\"font-size:11pt\"><span style=\"line-height:normal\"><span style=\"font-family:Calibri,sans-serif\"><a href=\"https:\/\/revistakdea360.com.br\/noticia\/47723\/como-a-andritz-esta-transformando-a-descarbonizacao-em-estrategia-concreta-na-industria-de-celulose-e-papel\" style=\"color:blue; text-decoration:underline\"><span style=\"font-size:14.0pt\"><span aptos=\"\" style=\"font-family:\">Como a ANDRITZ est&aacute; transformando a descarboniza&ccedil;&atilde;o em estrat&eacute;gia concreta na ind&uacute;stria de celulose e papel<\/span><\/span><\/a><\/span><\/span><\/span><\/p>\r\n\r\n<p style=\"text-align:justify\"><span style=\"font-size:11pt\"><span style=\"line-height:normal\"><span style=\"font-family:Calibri,sans-serif\"><a href=\"https:\/\/portalradar.com.br\/participacao-brasileira-na-ifls-eici-2026-deve-gerar-us-63-milhoes\/\" style=\"color:blue; text-decoration:underline\"><span style=\"font-size:14.0pt\"><span aptos=\"\" style=\"font-family:\">Fibertex e Cipatex: participa&ccedil;&atilde;o brasileira na IFLS + EICI 2026 deve gerar US$ 6,3 milh&otilde;es<\/span><\/span><\/a><\/span><\/span><\/span><\/p>\r\n\r\n<p style=\"text-align:justify\"><span style=\"font-size:11pt\"><span style=\"line-height:normal\"><span style=\"font-family:Calibri,sans-serif\"><a href=\"https:\/\/www.textileworld.com\/textile-world\/weaving-spinning\/2026\/02\/trutzschler-toyota-and-murata-at-zirve-tekstil-perfect-quality-through-collaboration\/\" style=\"color:blue; text-decoration:underline\"><span lang=\"EN-US\" style=\"font-size:14.0pt\"><span aptos=\"\" style=\"font-family:\">Tr&uuml;tzschler, Toyota And Murata At Zirve Tekstil &mdash; perfect quality through collaboration<\/span><\/span><\/a><\/span><\/span><\/span><\/p>\r\n\r\n<p style=\"text-align:justify\"><span style=\"font-size:11pt\"><span style=\"line-height:normal\"><span style=\"font-family:Calibri,sans-serif\"><b><span style=\"font-size:18.0pt\"><span aptos=\"\" style=\"font-family:\"><span style=\"font-variant:small-caps\">Eventos<\/span><\/span><\/span><\/b><\/span><\/span><\/span><\/p>\r\n\r\n<p style=\"text-align:justify\"><span style=\"font-size:11pt\"><span style=\"line-height:normal\"><span style=\"font-family:Calibri,sans-serif\"><a href=\"https:\/\/app.rdstation.email\/mail\/b7249d03-a26d-4166-b0e5-c8cc5fc4d31b?utm_medium=email&amp;utm_campaign=conversa_aberta_-__-_1202&amp;utm_source=RD+Station\" style=\"color:blue; text-decoration:underline\"><b><span style=\"font-size:14.0pt\"><span aptos=\"\" style=\"font-family:\">Conversa Aberta: Lei de Incentivo &agrave; Reciclagem<\/span><\/span><\/b><\/a><span style=\"font-size:14.0pt\"><span aptos=\"\" style=\"font-family:\">, 19\/02 ,19h, evento online<\/span><\/span><\/span><\/span><\/span><\/p>\r\n\r\n<p style=\"text-align:justify\"><span style=\"font-size:11pt\"><span style=\"line-height:normal\"><span style=\"font-family:Calibri,sans-serif\"><a href=\"https:\/\/events.economist.com\/sustainability-week\/?RefID=EM13A-WhatsNew-Del_email-owned_MA00007195\" style=\"color:blue; text-decoration:underline\"><b><span lang=\"EN-US\" style=\"font-size:14.0pt\"><span aptos=\"\" style=\"font-family:\">11th annual Sustainability Week | Incorporating the 3rd annual Energy Transition Summit<\/span><\/span><\/b><\/a><span lang=\"EN-US\" style=\"font-size:14.0pt\"><span aptos=\"\" style=\"font-family:\">, March 2nd &ndash; 4th 2026, Intercontinental London &ndash; the O2<\/span><\/span><\/span><\/span><\/span><\/p>\r\n\r\n<p style=\"text-align:justify\"><span style=\"font-size:11pt\"><span style=\"line-height:normal\"><span style=\"font-family:Calibri,sans-serif\"><a href=\"https:\/\/www.fimec.com.br\/pt-br\/home\" style=\"color:blue; text-decoration:underline\"><b><span style=\"font-size:14.0pt\"><span aptos=\"\" style=\"font-family:\">49&ordf; Fimec<\/span><\/span><\/b><\/a><span style=\"font-size:14.0pt\"><span aptos=\"\" style=\"font-family:\"> (Feira Internacional de Couros, Produtos Qu&iacute;micos, Componentes, M&aacute;quinas e Equipamentos para Cal&ccedil;ados e Curtumes), 03 a 05 de mar&ccedil;o de 2026, Fenac, Novo Hamburgo\/RS<\/span><\/span><\/span><\/span><\/span><\/p>\r\n\r\n<p style=\"text-align:justify\"><span style=\"font-size:11pt\"><span style=\"line-height:normal\"><span style=\"font-family:Calibri,sans-serif\"><a href=\"https:\/\/www.portaldaindustria.com.br\/eventos\/pt\/edicoes\/sb-cop-pos-cop30-o-papel-da-industria-na-agenda-de?v=f&amp;c=CNI&amp;p=&amp;t=publica-base-fluida.html#msdynmkt_trackingcontext=744b76b6-2041-4f78-bd7c-83a7ebd90100\" style=\"color:blue; text-decoration:underline\"><b><span style=\"font-size:14.0pt\"><span aptos=\"\" style=\"font-family:\">CNI P&oacute;s-COP30: o papel da ind&uacute;stria na agenda de clima<\/span><\/span><\/b><\/a><span style=\"font-size:14.0pt\"><span aptos=\"\" style=\"font-family:\">, 04 de mar&ccedil;o de 2026, 10h &agrave;s 15h, Sede da CNI - SBN, Quadra 1, Bloco C, Ed. Roberto Simonsen &ndash; Bras&iacute;lia\/DF, presencial<\/span><\/span><\/span><\/span><\/span><\/p>\r\n\r\n<p style=\"text-align:justify\"><span style=\"font-size:11pt\"><span style=\"line-height:normal\"><span style=\"font-family:Calibri,sans-serif\"><a href=\"https:\/\/congressodeinovacao.com.br\/\" style=\"color:blue; text-decoration:underline\"><b><span style=\"font-size:14.0pt\"><span aptos=\"\" style=\"font-family:\">11&ordm; Congresso de Inova&ccedil;&atilde;o da Ind&uacute;stria<\/span><\/span><\/b><\/a><span style=\"font-size:14.0pt\"><span aptos=\"\" style=\"font-family:\">, 25 e 26 de mar&ccedil;o de 2026, WTC S&atilde;o Paulo<\/span><\/span><\/span><\/span><\/span><\/p>\r\n\r\n<p style=\"text-align:justify\"><span style=\"font-size:11pt\"><span style=\"line-height:normal\"><span style=\"font-family:Calibri,sans-serif\"><a href=\"https:\/\/www.hightex.com.tr\/\" style=\"color:blue; text-decoration:underline\"><b><span lang=\"EN-US\" style=\"font-size:14.0pt\"><span aptos=\"\" style=\"font-family:\">HIGTEX 2026 &ndash; International Technical Textiles and Nonwoven Exhibition<\/span><\/span><\/b><\/a><span lang=\"EN-US\" style=\"font-size:14.0pt\"><span aptos=\"\" style=\"font-family:\">, June 9&ndash;13, 2026, T&Uuml;YAP Fair and Congress Center, \u0130stanbul, T&uuml;rkiye<\/span><\/span><\/span><\/span><\/span><\/p>\r\n\r\n<p style=\"text-align:justify\"><span style=\"font-size:11pt\"><span style=\"line-height:normal\"><span style=\"font-family:Calibri,sans-serif\"><a href=\"https:\/\/www.worldofwipes.org\/\" style=\"color:blue; text-decoration:underline\"><b><span lang=\"EN-US\" style=\"font-size:14.0pt\"><span aptos=\"\" style=\"font-family:\">INDA | WOW - World of Wipes International Conference<\/span><\/span><\/b><\/a><span lang=\"EN-US\" style=\"font-size:14.0pt\"><span aptos=\"\" style=\"font-family:\">, June 29&ndash;July 2, 2026, Grand Hyatt Nashville, Nashville, Tennessee USA<\/span><\/span><\/span><\/span><\/span><\/p>\r\n\r\n<p style=\"text-align:justify\"><span style=\"font-size:11pt\"><span style=\"line-height:normal\"><span style=\"font-family:Calibri,sans-serif\"><a href=\"https:\/\/filtech.de\/\" style=\"color:blue; text-decoration:underline\"><b><span style=\"font-size:14.0pt\"><span aptos=\"\" style=\"font-family:\">Filtech 2026<\/span><\/span><\/b><\/a><span style=\"font-size:14.0pt\"><span aptos=\"\" style=\"font-family:\">, de 30 de junho a 2 de julho, Cologne, Alemanha<\/span><\/span><\/span><\/span><\/span><\/p>\r\n\r\n<p style=\"text-align:justify\"><span style=\"font-size:11pt\"><span style=\"line-height:normal\"><span style=\"font-family:Calibri,sans-serif\"><a href=\"https:\/\/www.formobile.com.br\/pt\/home.html\" style=\"color:blue; text-decoration:underline\"><b><span style=\"font-size:14.0pt\"><span aptos=\"\" style=\"font-family:\">ForM&oacute;bile 2026<\/span><\/span><\/b><\/a><span style=\"font-size:14.0pt\"><span aptos=\"\" style=\"font-family:\">, 30 de junho e 3 de julho de 2026, S&atilde;o Paulo Expo<\/span><\/span><\/span><\/span><\/span><\/p>\r\n\r\n<p style=\"text-align:justify\"><span style=\"font-size:11pt\"><span style=\"line-height:normal\"><span style=\"font-family:Calibri,sans-serif\"><a href=\"https:\/\/sienge.com.br\/construsummit\/\" style=\"color:blue; text-decoration:underline\"><b><span style=\"font-size:14.0pt\"><span aptos=\"\" style=\"font-family:\">Construsummit<\/span><\/span><\/b><\/a><span style=\"font-size:14.0pt\"><span aptos=\"\" style=\"font-family:\">, 1 e 2 de julho de 2026, Florian&oacute;polis, SC<\/span><\/span><\/span><\/span><\/span><\/p>\r\n\r\n<p style=\"text-align:justify\"><span style=\"font-size:11pt\"><span style=\"line-height:normal\"><span style=\"font-family:Calibri,sans-serif\"><a href=\"https:\/\/ficons.com.br\/\" style=\"color:blue; text-decoration:underline\"><b><span style=\"font-size:14.0pt\"><span aptos=\"\" style=\"font-family:\">FICONS - Feira Internacional de Materiais, Equipamentos e Servi&ccedil;os da Constru&ccedil;&atilde;o<\/span><\/span><\/b><\/a><span style=\"font-size:14.0pt\"><span aptos=\"\" style=\"font-family:\">, 15 a 18 de setembro de 2026, Centro de Conven&ccedil;&otilde;es de Pernambuco Recife\/ Olinda<\/span><\/span><\/span><\/span><\/span><\/p>\r\n\r\n<p style=\"text-align:justify\"><span style=\"font-size:11pt\"><span style=\"line-height:normal\"><span style=\"font-family:Calibri,sans-serif\"><a href=\"https:\/\/www.edana.org\/events\/outlook\/outlook-2025\" style=\"color:blue; text-decoration:underline\"><b><span style=\"font-size:14.0pt\"><span aptos=\"\" style=\"font-family:\">OUTLOOK&trade; 2026<\/span><\/span><\/b><\/a><span style=\"font-size:14.0pt\"><span aptos=\"\" style=\"font-family:\">, 22&ndash;24 September 2026, Hotel Miragem, Cascais, Portugal<\/span><\/span><\/span><\/span><\/span><\/p>\r\n\r\n<p style=\"text-align:justify\"><span style=\"font-size:11pt\"><span style=\"line-height:normal\"><span style=\"font-family:Calibri,sans-serif\"><a href=\"https:\/\/hospitalmed.com.br\/feira\/\" style=\"color:blue; text-decoration:underline\"><b><span style=\"font-size:14.0pt\"><span aptos=\"\" style=\"font-family:\">HospitalMed<\/span><\/span><\/b><\/a><span style=\"font-size:14.0pt\"><span aptos=\"\" style=\"font-family:\">, 21 a 23 de outubro de 2026, das 14h &agrave;s 20h, Pernambuco Centro de Conven&ccedil;&otilde;es, Olinda<\/span><\/span><\/span><\/span><\/span><\/p>\r\n\r\n<p style=\"text-align:justify\"><span style=\"font-size:11pt\"><span style=\"line-height:normal\"><span style=\"font-family:Calibri,sans-serif\"><a href=\"https:\/\/www.edana.org\/events\/edana-sustainability-forum\" style=\"color:blue; text-decoration:underline\"><b><span lang=\"EN-US\" style=\"font-size:14.0pt\"><span aptos=\"\" style=\"font-family:\">Sustainability &amp; Policy Forum<\/span><\/span><\/b><\/a><span lang=\"EN-US\" style=\"font-size:14.0pt\"><span aptos=\"\" style=\"font-family:\">, 8&ndash;9 December 2026, Residence Palace in Brussels, Belgium<\/span><\/span><\/span><\/span><\/span><\/p>\r\n\r\n<p style=\"text-align:justify\"><span style=\"font-size:11pt\"><span style=\"line-height:normal\"><span style=\"font-family:Calibri,sans-serif\"><a href=\"https:\/\/infrane.com.br\/\" style=\"color:blue; text-decoration:underline\"><b><span style=\"font-size:14.0pt\"><span aptos=\"\" style=\"font-family:\">Infra NE<\/span><\/span><\/b><\/a><span style=\"font-size:14.0pt\"><span aptos=\"\" style=\"font-family:\">, 03 a 05 de mar&ccedil;o de 2027, Centro de Conven&ccedil;&otilde;es Salvador<\/span><\/span><\/span><\/span><\/span><\/p>\r\n\r\n<p style=\"text-align:justify\"><span style=\"font-size:28pt\"><span style=\"font-family:Cambria,serif\"><span style=\"letter-spacing:-0.5pt\"><b><span style=\"font-size:18.0pt\"><span aptos=\"\" style=\"font-family:\"><span style=\"font-variant:small-caps\">Setor<\/span><\/span><\/span><\/b><\/span><\/span><\/span><\/p>\r\n\r\n<p class=\"MsoTitle\" style=\"text-align:justify\"><span style=\"font-size:11pt\"><span style=\"line-height:normal\"><span style=\"font-family:Calibri,sans-serif\"><span class=\"MsoHyperlink\" style=\"color:blue\"><span style=\"text-decoration:underline\"><span lang=\"EN-US\" style=\"font-size:14.0pt\"><span aptos=\"\" style=\"font-family:\"><a href=\"https:\/\/www.confea.org.br\/quando-fantasia-entra-na-avenida-engenharia-sustenta-o-espetaculo\" style=\"color:blue; text-decoration:underline\">N&atilde;otecido: quando a fantasia entra na avenida, a engenharia sustenta o espet&aacute;culo<\/a><\/span><\/span><\/span><\/span><\/span><\/span><\/span><\/p>\r\n\r\n<p class=\"MsoTitle\" style=\"text-align:justify\"><span style=\"font-size:11pt\"><span style=\"line-height:normal\"><span style=\"font-family:Calibri,sans-serif\"><span class=\"MsoHyperlink\" style=\"color:blue\"><span style=\"text-decoration:underline\"><span lang=\"EN-US\" style=\"font-size:14.0pt\"><span aptos=\"\" style=\"font-family:\"><a href=\"https:\/\/odia.ig.com.br\/niteroi\/2026\/02\/7207106-prefeitura-de-niteroi-autoriza-novas-obras-de-contencao-com-investimento-de-rs-665-milhoes.html\" style=\"color:blue; text-decoration:underline\">Geomanta: prefeitura de Niter&oacute;i autoriza novas obras de conten&ccedil;&atilde;o com investimento de R$ 66,5 milh&otilde;es<\/a><\/span><\/span><\/span><\/span><\/span><\/span><\/span><\/p>\r\n\r\n<p class=\"MsoTitle\" style=\"text-align:justify\"><span style=\"font-size:11pt\"><span style=\"line-height:normal\"><span style=\"font-family:Calibri,sans-serif\"><span class=\"MsoHyperlink\" style=\"color:blue\"><span style=\"text-decoration:underline\"><span lang=\"EN-US\" style=\"font-size:14.0pt\"><span aptos=\"\" style=\"font-family:\"><a href=\"https:\/\/plasticosemrevista.com.br\/flexiveis-setor-pleiteia-aumento-das-taxas-de-importacao\/\" style=\"color:blue; text-decoration:underline\">Flex&iacute;veis: setor pleiteia aumento das taxas de importa&ccedil;&atilde;o<\/a><\/span><\/span><\/span><\/span><\/span><\/span><\/span><\/p>\r\n\r\n<p class=\"MsoTitle\" style=\"text-align:justify\"><span style=\"font-size:11pt\"><span style=\"line-height:normal\"><span style=\"font-family:Calibri,sans-serif\"><span class=\"MsoHyperlink\" style=\"color:blue\"><span style=\"text-decoration:underline\"><span lang=\"EN-US\" style=\"font-size:14.0pt\"><span aptos=\"\" style=\"font-family:\"><a href=\"https:\/\/plasticosemrevista.com.br\/europa-capacidade-da-industria-quimica-baixou-17-2-m-de-t-a-em-2025\/\" style=\"color:blue; text-decoration:underline\">Europa: capacidade da ind&uacute;stria qu&iacute;mica baixou 17.2 M de t\/a em 2025<\/a><\/span><\/span><\/span><\/span><\/span><\/span><\/span><\/p>\r\n\r\n<p class=\"MsoTitle\" style=\"text-align:justify\"><span style=\"font-size:11pt\"><span style=\"line-height:normal\"><span style=\"font-family:Calibri,sans-serif\"><a href=\"https:\/\/www.technical-textiles.net\/news\/free-content-kelheim-fibres-close\" style=\"color:blue; text-decoration:underline\"><span lang=\"EN-US\" style=\"font-size:14.0pt\"><span aptos=\"\" style=\"font-family:\">The management of viscose fibre manufacturer Kelheim Fibres GmbH has announced that the company will close on 31 March 2026<\/span><\/span><\/a><\/span><\/span><\/span><\/p>\r\n\r\n<p style=\"text-align:justify\"><span style=\"font-size:11pt\"><span style=\"line-height:normal\"><span style=\"font-family:Calibri,sans-serif\"><a href=\"http:\/\/clickemail.portalpersonalcare.com.br\/ls\/click?upn=u001.D2-2F0Tg0A29KXXLMT6ctG-2BYOihdDbc-2ByFrUFb3ZXMT9TwaDs4PIk0OXbK1JVNEoHsVUmz4p8FozL1cWhOxCPucoDqlYNKKC1CRdymJVOVQxAd-2BHrfyXnHu8M3f65VIS1iPa32iCamqIa3eSvDCZJqpd5bxDdIC9bSI1tD3JC83E7XgSHmA-2FAyHXe5uIZMu92La4maEj3gHgHHNUqGCHNSdMMC7C-2Bpt4-2FD4DYqnW8nOOlGCOxalPjgQOWHGPsjattoPXRCVr0BzvJSkTT1KPxjujBe9pwd-2B4C3q-2BofVmRHhik-3DdVpc_T7N8BvZTOm04CQQMiyWztrpCjlUrRc4F7QzSgUIpTqDyHxxxhGpyWLohz7JoE2GE5NHlS-2BYZoX1R75Fh8KCze9GvCCb-2FinuNgc39g0Cdbe-2FcU8RlSBQhp5om11AQZQ-2FD0uAZWg-2Bv4a55zsJVHdG09mJ-2FjOJVbO-2Bv8kEb9Sqgg8Qh4OyhlM6jbge2l89MFuglpsJZevaeHWIP8KmAs29qqFJgasH0co1Ekvhn842j9651GW6S5jRqeHJBAlVV0n-2BdSUFwRSc-2FWPte6VAd8ce7QCdPRherDC-2BRzciVVqyzHJve5w5MmLzmSOlqOonA9-2BuGwNSbiQXnSZ-2FH5ppwMq1z1DcaOmwq3uxhrRz5vbFennej1tmopoIv4irFOFhlJzRlhlG-2F6HvzUxSHBPNLZl0T5zbXgMBYR2NjkLNceXU-2BIYlfh-2BDalf1nn4jlUlmTbXuvyyA-2BBJh1EwAbFyw-2BMgdYHZQ7roj5qYHI-2BA9FWZMjwRHnfvh-2BXdtTqVal6HCYW8LjvzPWjXdff5NWxKdzR2bIQJ8UFH4ecysMSog1AIqOX4-2FvSo9CA5NEglGHGp-2FHk9onn-2BBjXWl7PjHdJKmJuSM-2F-2FPH-2BSRH5tKDbgnZEvDJzgNdfH2A2mVzTfKaRccZvsEnD0BNw0vQb-2F4e7qnizp3RoBQ-3D-3D\" style=\"color:blue; text-decoration:underline\"><span style=\"font-size:14.0pt\"><span aptos=\"\" style=\"font-family:\">Northwood adquire f&aacute;bricas da Kimberly-Clark no Pa&iacute;s de Gales para produzir len&ccedil;os umedecidos<\/span><\/span><\/a><\/span><\/span><\/span><\/p>\r\n\r\n<p style=\"text-align:justify\"><span style=\"font-size:11pt\"><span style=\"line-height:normal\"><span style=\"font-family:Calibri,sans-serif\"><a href=\"https:\/\/public-api.wordpress.com\/bar\/?stat=groovemails-events&amp;bin=wpcom_email_click&amp;redirect_to=https%3A%2F%2Fblogdoplastico.wordpress.com%2F2026%2F02%2F12%2Fborealis-investe-e-49-milhoes-em-burghausen-alemanha-para-ampliar-a-producao-de-polipropileno%2F&amp;sr=0&amp;signature=f184f7ce42b2c37ad5d98ad81cf9a01a&amp;blog_id=9438832&amp;user=135099004&amp;_e=eyJlcnJvciI6bnVsbCwiYmxvZ19pZCI6OTQzODgzMiwiYmxvZ19sYW5nIjoicHQtQlIiLCJzaXRlX2lkX2xhYmVsIjoid3Bjb20iLCJoYXNfZmVhdHVyZWRfaW1hZ2UiOiIwIiwic3Vic2NyaWJlcl9pZCI6IjQ0NzAwMjQ1IiwiX3VpIjoxMzUwOTkwMDQsImxvY2FsZSI6InB0LWJyIiwiY3VycmVuY3kiOiJCUkwiLCJjb3VudHJ5X2NvZGVfc2lnbnVwIjoiQlIiLCJzaWdudXBfZmxvd19uYW1lIjoiZGVsdGEtc2l0ZSIsImVtYWlsX2RvbWFpbiI6ImFiaW50Lm9yZy5iciIsInBvc3RfaWQiOjE5Njc1LCJ1c2VyX2VtYWlsIjoiYWJpbnRAYWJpbnQub3JnLmJyIiwiZGF0ZV9zZW50IjoiMjAyNi0wMi0xMyIsImVtYWlsX25hbWUiOiJuZXctcG9zdCIsInRlbXBsYXRlIjoibmV3LXBvc3QiLCJlbWFpbF9pZCI6ImVkYjg3OWFlYTMxYmQxYmUzMzNlZmE4Mzc5ZGYxMmRmIiwibGlua19kZXNjIjoicG9zdC11cmwiLCJhbmNob3JfdGV4dCI6IkJvcmVhbGlzIGludmVzdGUgXHUyMGFjIDQ5IG1pbGhcdTAwZjVlcyBlbSBCdXJnaGF1c2VuLCBBbGVtYW5oYSwgcGFyYSBhbXBsaWFyIGEgcHJvZHVcdTAwZTdcdTAwZTNvIGRlXHUwMGEwcG9saXByb3BpbGVubyIsIl9kciI6bnVsbCwiX2RsIjoiXC93cC1hZG1pblwvcG9zdC5waHAiLCJfdXQiOiJ3cGNvbTp1c2VyX2lkIiwiX3VsIjoiYWJpbnR0dCIsIl9lbiI6IndwY29tX2VtYWlsX2NsaWNrIiwiX3RzIjoxNzcwOTQyNzk4ODYxLCJicm93c2VyX3R5cGUiOiJwaHAtYWdlbnQiLCJfYXVhIjoid3Bjb20tdHJhY2tzLWNsaWVudC12MC4zIiwiYmxvZ190eiI6Ii0zIiwidXNlcl9sYW5nIjoicHQtYnIifQ=&amp;_z=z\" style=\"color:blue; text-decoration:underline\"><span style=\"font-size:14.0pt\"><span aptos=\"\" style=\"font-family:\">Borealis investe &euro; 49 milh&otilde;es em Burghausen, Alemanha, para ampliar a produ&ccedil;&atilde;o de&nbsp;polipropileno<\/span><\/span><\/a><\/span><\/span><\/span><\/p>\r\n\r\n<p style=\"text-align:justify\"><span style=\"font-size:11pt\"><span style=\"line-height:normal\"><span style=\"font-family:Calibri,sans-serif\"><a href=\"https:\/\/jovempan.com.br\/noticias\/economia\/petrobras-abre-mao-de-controle-sobre-a-braskem.html\" style=\"color:blue; text-decoration:underline\"><span style=\"font-size:14.0pt\"><span aptos=\"\" style=\"font-family:\">Petrobras abre m&atilde;o de controle sobre a Braskem<\/span><\/span><\/a><\/span><\/span><\/span><\/p>\r\n\r\n<p style=\"text-align:justify\"><span style=\"font-size:28pt\"><span style=\"font-family:Cambria,serif\"><span style=\"letter-spacing:-0.5pt\"><b><span style=\"font-size:18.0pt\"><span aptos=\"\" style=\"font-family:\"><span style=\"font-variant:small-caps\">Ind&uacute;stria<\/span><\/span><\/span><\/b><\/span><\/span><\/span><\/p>\r\n\r\n<p style=\"text-align:justify\"><span style=\"font-size:11pt\"><span style=\"line-height:normal\"><span style=\"font-family:Calibri,sans-serif\"><span class=\"MsoHyperlink\" style=\"color:blue\"><span style=\"text-decoration:underline\"><span style=\"font-size:14.0pt\"><span aptos=\"\" style=\"font-family:\"><a href=\"https:\/\/noticias.portaldaindustria.com.br\/noticias\/economia\/empresarios-industriais-completam-14-meses-sem-confianca-na-economia-diz-cni\/\" style=\"color:blue; text-decoration:underline\">Empres&aacute;rios industriais completam 14 meses sem confian&ccedil;a na economia, diz CNI<\/a><\/span><\/span><\/span><\/span><\/span><\/span><\/span><\/p>\r\n\r\n<p class=\"MsoTitle\" style=\"text-align:justify\"><span style=\"font-size:11pt\"><span style=\"line-height:normal\"><span style=\"font-family:Calibri,sans-serif\"><span class=\"MsoHyperlink\" style=\"color:blue\"><span style=\"text-decoration:underline\"><span style=\"font-size:14.0pt\"><span aptos=\"\" style=\"font-family:\"><a href=\"https:\/\/ibre.fgv.br\/blog-da-conjuntura-economica\/artigos\/em-janeiro-confianca-de-empresarios-e-consumidores-caminham-em\" style=\"color:blue; text-decoration:underline\">Em janeiro, confian&ccedil;a de empres&aacute;rios e consumidores caminham em dire&ccedil;&otilde;es opostas<\/a><\/span><\/span><\/span><\/span><\/span><\/span><\/span><\/p>\r\n\r\n<p class=\"MsoTitle\" style=\"text-align:justify\"><span style=\"font-size:11pt\"><span style=\"line-height:normal\"><span style=\"font-family:Calibri,sans-serif\"><span class=\"MsoHyperlink\" style=\"color:blue\"><span style=\"text-decoration:underline\"><span style=\"font-size:14.0pt\"><span aptos=\"\" style=\"font-family:\"><a href=\"https:\/\/noticias.portaldaindustria.com.br\/noticias\/economia\/entenda-a-crise-de-mao-de-obra-qualificada-na-industria-em-meio-a-um-recorde-de-empregos-no-pais\/?utm_source=email&amp;utm_medium=newsletter&amp;utm_campaign=11022026_014\" style=\"color:blue; text-decoration:underline\">Entenda a crise de m&atilde;o de obra qualificada na ind&uacute;stria em meio a recorde de empregos no pa&iacute;s<\/a><\/span><\/span><\/span><\/span><\/span><\/span><\/span><\/p>\r\n\r\n<p style=\"text-align:justify\"><span style=\"font-size:11pt\"><span style=\"line-height:normal\"><span style=\"font-family:Calibri,sans-serif\"><span class=\"MsoHyperlink\" style=\"color:blue\"><span style=\"text-decoration:underline\"><span style=\"font-size:14.0pt\"><span aptos=\"\" style=\"font-family:\"><a href=\"https:\/\/www.infomoney.com.br\/economia\/construcao-civil-cresce-com-a-forca-do-emprego-mas-juros-e-custos-pressionam-o-setor\/\" style=\"color:blue; text-decoration:underline\">Constru&ccedil;&atilde;o civil cresce com a for&ccedil;a do emprego, mas juros e custos pressionam o setor<\/a><\/span><\/span><\/span><\/span><\/span><\/span><\/span><\/p>\r\n\r\n<p class=\"MsoTitleCxSpMiddle\" style=\"text-align:justify\"><span style=\"font-size:28pt\"><span style=\"font-family:Cambria,serif\"><span style=\"letter-spacing:-0.5pt\"><b><span style=\"font-size:18.0pt\"><span aptos=\"\" style=\"font-family:\"><span style=\"font-variant:small-caps\">Sustentabilidade<\/span><\/span><\/span><\/b><\/span><\/span><\/span><\/p>\r\n\r\n<p class=\"MsoTitleCxSpMiddle\" style=\"text-align:justify\"><span style=\"font-size:11pt\"><span style=\"line-height:normal\"><span style=\"font-family:Calibri,sans-serif\"><span class=\"MsoHyperlink\" style=\"color:blue\"><span style=\"text-decoration:underline\"><span style=\"font-size:14.0pt\"><span aptos=\"\" style=\"font-family:\"><a href=\"https:\/\/clickpetroleoegas.com.br\/fraldas-e-absorventes-saem-de-lixo-impossivel-e-entram-na-rota-industrial-planta-europeia-processa-70-mil-toneladas-por-ano-separa-polimeros-e-superabsorventes-contaminados-recupe-afch\/\" style=\"color:blue; text-decoration:underline\">Fraldas e absorventes saem de &ldquo;lixo imposs&iacute;vel&rdquo; e entram na rota industrial<\/a><\/span><\/span><\/span><\/span><\/span><\/span><\/span><\/p>\r\n\r\n<p class=\"MsoTitle\" style=\"text-align:justify\"><span style=\"font-size:11pt\"><span style=\"line-height:normal\"><span style=\"font-family:Calibri,sans-serif\"><span class=\"MsoHyperlink\" style=\"color:blue\"><span style=\"text-decoration:underline\"><span style=\"font-size:14.0pt\"><span aptos=\"\" style=\"font-family:\"><a href=\"https:\/\/plasticosulamerica.com\/defesa-circular-projeto-quer-comprovar-com-dados-auditaveis-a-viabilidade-da-economia-circular-para-plasticos-de-uso-unico\/\" style=\"color:blue; text-decoration:underline\">Defesa Circular: projeto quer comprovar, com dados audit&aacute;veis, a viabilidade da economia circular para pl&aacute;sticos de uso &uacute;nico<\/a><\/span><\/span><\/span><\/span><\/span><\/span><\/span><\/p>\r\n\r\n<p class=\"MsoTitle\" style=\"text-align:justify\"><span style=\"font-size:11pt\"><span style=\"line-height:normal\"><span style=\"font-family:Calibri,sans-serif\"><span class=\"MsoHyperlink\" style=\"color:blue\"><span style=\"text-decoration:underline\"><span style=\"font-size:14.0pt\"><span aptos=\"\" style=\"font-family:\"><a href=\"https:\/\/clickpetroleoegas.com.br\/24-000-toneladas-de-pet-recicladas-por-ano-fabrica-japonesa-recebe-caminhoes-lotados-usa-infravermelho-para-separar-btl96\/\" style=\"color:blue; text-decoration:underline\">24.000 toneladas de PET recicladas por ano: ...<\/a><\/span><\/span><\/span><\/span><\/span><\/span><\/span><\/p>\r\n\r\n<p class=\"MsoTitle\" style=\"text-align:justify\"><span style=\"font-size:11pt\"><span style=\"line-height:normal\"><span style=\"font-family:Calibri,sans-serif\"><span class=\"MsoHyperlink\" style=\"color:blue\"><span style=\"text-decoration:underline\"><span style=\"font-size:14.0pt\"><span aptos=\"\" style=\"font-family:\"><a href=\"https:\/\/grandesconstrucoes.com.br\/Noticias\/Exibir\/a-importancia-do-reaproveitamento-de-residuos-na-obra?utm_source=akna&amp;utm_medium=email&amp;utm_campaign=Grandes-Construcoes-Informativo-999-12-02-2026\" style=\"color:blue; text-decoration:underline\">A import&acirc;ncia do reaproveitamento de res&iacute;duos na obra<\/a><\/span><\/span><\/span><\/span><\/span><\/span><\/span><\/p>\r\n\r\n<p class=\"MsoTitle\" style=\"text-align:justify\"><span style=\"font-size:11pt\"><span style=\"line-height:normal\"><span style=\"font-family:Calibri,sans-serif\"><span class=\"MsoHyperlink\" style=\"color:blue\"><span style=\"text-decoration:underline\"><span style=\"font-size:14.0pt\"><span aptos=\"\" style=\"font-family:\"><a href=\"https:\/\/www.gov.br\/mdic\/pt-br\/assuntos\/noticias\/2026\/fevereiro\/governo-federal-inicia-rodada-de-dialogos-com-a-industria-sobre-a-implementacao-do-mercado-regulado-de-carbono\" style=\"color:blue; text-decoration:underline\">Governo federal inicia rodada de di&aacute;logos com a ind&uacute;stria sobre a implementa&ccedil;&atilde;o do mercado regulado de carbono<\/a><\/span><\/span><\/span><\/span><\/span><\/span><\/span><\/p>\r\n\r\n<p class=\"MsoTitle\" style=\"text-align:justify\"><span style=\"font-size:11pt\"><span style=\"line-height:normal\"><span style=\"font-family:Calibri,sans-serif\"><span class=\"MsoHyperlink\" style=\"color:blue\"><span style=\"text-decoration:underline\"><span style=\"font-size:14.0pt\"><span aptos=\"\" style=\"font-family:\"><a href=\"https:\/\/omecanico.com.br\/programa-da-abrafiltros-recicla-mais-de-30-milhoes-de-filtros-de-oleo-usados-em-sp\/\" style=\"color:blue; text-decoration:underline\">Programa da Abrafiltros recicla mais de 30 milh&otilde;es de filtros de &oacute;leo usados em SP<\/a><\/span><\/span><\/span><\/span><\/span><\/span><\/span><\/p>\r\n\r\n<p class=\"MsoTitle\" style=\"text-align:justify\"><span style=\"font-size:11pt\"><span style=\"line-height:normal\"><span style=\"font-family:Calibri,sans-serif\"><span class=\"MsoHyperlink\" style=\"color:blue\"><span style=\"text-decoration:underline\"><span style=\"font-size:14.0pt\"><span aptos=\"\" style=\"font-family:\"><a href=\"https:\/\/clickpetroleoegas.com.br\/eles-olharam-para-o-lixo-e-viram-negocio-jovens-criam-tijolos-de-plastico-tenis-reciclado-combustivel-de-coco-areia-de-vidro-e-moveis-de-skate-mhbb01\/\" style=\"color:blue; text-decoration:underline\">Eles olharam para o lixo e viram neg&oacute;cio: jovens criam tijolos de pl&aacute;stico, t&ecirc;nis reciclado, combust&iacute;vel de coco, areia de vidro e m&oacute;veis de skate, tiram toneladas dos aterros e ainda faturam enquanto cidades lutam para dar destino ao pr&oacute;prio lixo<\/a><\/span><\/span><\/span><\/span><\/span><\/span><\/span><\/p>\r\n\r\n<p class=\"MsoTitle\" style=\"text-align:justify\"><span style=\"font-size:28pt\"><span style=\"font-family:Cambria,serif\"><span style=\"letter-spacing:-0.5pt\"><b><span style=\"font-size:18.0pt\"><span aptos=\"\" style=\"font-family:\"><span style=\"font-variant:small-caps\">Inova&ccedil;&atilde;o<\/span><\/span><\/span><\/b><\/span><\/span><\/span><\/p>\r\n\r\n<p class=\"MsoTitleCxSpLast\" style=\"text-align:justify\"><span style=\"font-size:11pt\"><span style=\"line-height:normal\"><span style=\"font-family:Calibri,sans-serif\"><a href=\"https:\/\/olhardigital.com.br\/2026\/02\/13\/curiosidades\/casa-feita-de-plastico-tecnologia-surpreende\/\" style=\"color:blue; text-decoration:underline\"><span style=\"font-size:14.0pt\"><span aptos=\"\" style=\"font-family:\">Voc&ecirc; moraria em uma casa feita de pl&aacute;stico? A tecnologia est&aacute; surpreendendo engenheiros<\/span><\/span><\/a><\/span><\/span><\/span><\/p>\r\n\r\n<p style=\"text-align:justify\"><span style=\"font-size:11pt\"><span style=\"line-height:normal\"><span style=\"font-family:Calibri,sans-serif\"><a href=\"https:\/\/olhardigital.com.br\/2026\/02\/10\/curiosidades\/o-tijolo-de-plastico-que-e-7-vezes-mais-forte-que-o-de-concreto-e-ajuda-o-planeta\/\" style=\"color:blue; text-decoration:underline\"><span style=\"font-size:14.0pt\"><span aptos=\"\" style=\"font-family:\">O tijolo de pl&aacute;stico que &eacute; 7 vezes mais forte que o de concreto e ajuda o planeta<\/span><\/span><\/a><\/span><\/span><\/span><\/p>\r\n\r\n<p style=\"text-align:justify\"><span style=\"font-size:11pt\"><span style=\"line-height:normal\"><span style=\"font-family:Calibri,sans-serif\"><a href=\"https:\/\/clickpetroleoegas.com.br\/cidade-no-japao-transforma-100-toneladas-de-plastico-por-dia-aproximadamente-96-do-lixo-coletado-em-paletes-sustentaveis-atraves-de-um-processo-inovador-de-reciclagem-gls\/\" style=\"color:blue; text-decoration:underline\"><span style=\"font-size:14.0pt\"><span aptos=\"\" style=\"font-family:\">Cidade no Jap&atilde;o transforma 100 toneladas de pl&aacute;stico por dia em paletes sustent&aacute;veis<\/span><\/span><\/a> <\/span><\/span><\/span><\/p>\r\n\r\n<p class=\"MsoTitle\" style=\"text-align:justify\"><span style=\"font-size:11pt\"><span style=\"line-height:normal\"><span style=\"font-family:Calibri,sans-serif\"><a href=\"https:\/\/www.technical-textiles.net\/news\/magnetorheological-fibres-smart-textiles\" style=\"color:blue; text-decoration:underline\"><span style=\"font-size:14.0pt\"><span aptos=\"\" style=\"font-family:\">Magnetorheological fibres for smart textiles<\/span><\/span><\/a><\/span><\/span><\/span><\/p>\r\n\r\n<p style=\"text-align:justify\"><span style=\"font-size:28pt\"><span style=\"font-family:Cambria,serif\"><span style=\"letter-spacing:-0.5pt\"><b><span style=\"font-size:18.0pt\"><span aptos=\"\" style=\"font-family:\"><span style=\"font-variant:small-caps\">Com&eacute;rcio Exterior<\/span><\/span><\/span><\/b><\/span><\/span><\/span><\/p>\r\n\r\n<p class=\"MsoTitleCxSpLast\" style=\"text-align:justify\"><span style=\"font-size:11pt\"><span style=\"line-height:normal\"><span style=\"font-family:Calibri,sans-serif\"><a href=\"https:\/\/www12.senado.leg.br\/noticias\/materias\/2026\/02\/10\/pedido-de-vista-adia-votacao-de-relatorio-sobre-acordo-mercosul2013uniao-europeia?utm_medium=email&amp;utm_source=resumo-agencia&amp;utm_campaign=2026-02-10\" style=\"color:blue; text-decoration:underline\"><span style=\"font-size:14.0pt\"><span aptos=\"\" style=\"font-family:\">Pedido de vista adia vota&ccedil;&atilde;o de relat&oacute;rio sobre acordo Mercosul&ndash;Uni&atilde;o Europeia<\/span><\/span><\/a><\/span><\/span><\/span><\/p>\r\n\r\n<p style=\"text-align:justify\"><span style=\"font-size:11pt\"><span style=\"line-height:normal\"><span style=\"font-family:Calibri,sans-serif\"><a href=\"https:\/\/www12.senado.leg.br\/noticias\/materias\/2026\/02\/13\/o-que-preve-o-acordo-mercosul-uniao-europeia-em-analise-no-congresso?utm_medium=email&amp;utm_source=resumo-agencia&amp;utm_campaign=2026-02-13\" style=\"color:blue; text-decoration:underline\"><span style=\"font-size:14.0pt\"><span aptos=\"\" style=\"font-family:\">O que prev&ecirc; o acordo Mercosul-Uni&atilde;o Europeia em an&aacute;lise no Congresso<\/span><\/span><\/a><\/span><\/span><\/span><\/p>\r\n\r\n<p style=\"text-align:justify\"><span style=\"font-size:11pt\"><span style=\"line-height:normal\"><span style=\"font-family:Calibri,sans-serif\"><a href=\"https:\/\/textile-network.com\/en\/Business\/Textile-sector-supports-the-agreement\" style=\"color:blue; text-decoration:underline\"><span lang=\"EN-US\" style=\"font-size:14.0pt\"><span aptos=\"\" style=\"font-family:\">FITA, ABIT, EURATEX on EU-Mercosur: Textile sector supports the agreement<\/span><\/span><\/a><\/span><\/span><\/span><\/p>\r\n\r\n<p style=\"text-align:justify\"><span style=\"font-size:11pt\"><span style=\"line-height:normal\"><span style=\"font-family:Calibri,sans-serif\"><span class=\"MsoHyperlink\" style=\"color:blue\"><span style=\"text-decoration:underline\"><span style=\"font-size:14.0pt\"><span aptos=\"\" style=\"font-family:\"><a href=\"https:\/\/plasticosemrevista.com.br\/think-plastic-brazil-tarifacos-dos-eua-nao-travam-exportacoes-de-transformados-em-2025\/\" style=\"color:blue; text-decoration:underline\">Think Plastic Brazil: tarifa&ccedil;os dos EUA n&atilde;o travam exporta&ccedil;&otilde;es de transformados em 2025<\/a><\/span><\/span><\/span><\/span><\/span><\/span><\/span><\/p>\r\n\r\n<p class=\"MsoTitle\" style=\"text-align:justify\"><span style=\"font-size:11pt\"><span style=\"line-height:normal\"><span style=\"font-family:Calibri,sans-serif\"><span class=\"MsoHyperlink\" style=\"color:blue\"><span style=\"text-decoration:underline\"><span style=\"font-size:14.0pt\"><span aptos=\"\" style=\"font-family:\"><a href=\"https:\/\/plasticosemrevista.com.br\/poliolefinas-amazonas-e-santa-catarina-lideram-importacoes-por-estados\/\" style=\"color:blue; text-decoration:underline\">Poliolefinas: Amazonas e Santa Catarina lideram importa&ccedil;&otilde;es por estados<\/a><\/span><\/span><\/span><\/span><\/span><\/span><\/span><\/p>\r\n\r\n<p class=\"MsoTitleCxSpMiddle\" style=\"text-align:justify\"><span style=\"font-size:28pt\"><span style=\"font-family:Cambria,serif\"><span style=\"letter-spacing:-0.5pt\"><b><span style=\"font-size:18.0pt\"><span aptos=\"\" style=\"font-family:\"><span style=\"font-variant:small-caps\">Economia<\/span><\/span><\/span><\/b><\/span><\/span><\/span><\/p>\r\n\r\n<p style=\"text-align:justify\"><span style=\"font-size:11pt\"><span style=\"line-height:normal\"><span style=\"font-family:Calibri,sans-serif\"><span style=\"font-size:14.0pt\"><span aptos=\"\" style=\"font-family:\"><a href=\"https:\/\/www.bcb.gov.br\/content\/focus\/focus\/R20260213.pdf\" style=\"color:blue; text-decoration:underline\">Focus - Relat&oacute;rio de Mercado<\/a><\/span><\/span><\/span><\/span><\/span><\/p>\r\n\r\n<p style=\"text-align:justify\"><span style=\"font-size:11pt\"><span style=\"line-height:normal\"><span style=\"font-family:Calibri,sans-serif\"><a href=\"https:\/\/noticias.portaldaindustria.com.br\/noticias\/economia\/pra-onde-foi-a-confianca-na-economia-ep190\/\" style=\"color:blue; text-decoration:underline\"><span style=\"font-size:14.0pt\"><span aptos=\"\" style=\"font-family:\">Para onde foi a confian&ccedil;a na economia? (Ep.#190)<\/span><\/span><\/a><\/span><\/span><\/span><\/p>\r\n\r\n<p style=\"text-align:justify\"><span style=\"font-size:11pt\"><span style=\"line-height:normal\"><span style=\"font-family:Calibri,sans-serif\"><a href=\"https:\/\/ibre.fgv.br\/blog-da-conjuntura-economica\/artigos\/desequilibrio-fiscal-falta-um-programa-de-ajuste-completo\" style=\"color:blue; text-decoration:underline\"><span style=\"font-size:14.0pt\"><span aptos=\"\" style=\"font-family:\">Desequil&iacute;brio fiscal: &ldquo;Falta um programa de ajuste completo&rdquo;, afirma o economista Felipe Salto<\/span><\/span><\/a><\/span><\/span><\/span><\/p>\r\n\r\n<p style=\"text-align:justify\"><img src=\"https:\/\/www.abint.org.br\/assets\/img\/editor\/redes-sociais-abint-ctg-cth_20260210191221AOfpfYeBxv.jpg\" \/><\/p>\r\n\r\n<p>&nbsp;<\/p>\r\n","6":"<p style=\"text-align:justify\"><span style=\"font-size:11pt\"><span style=\"line-height:normal\"><span style=\"font-family:Calibri,sans-serif\"><span style=\"font-size:14.0pt\"><span aptos=\"\" style=\"font-family:\">Esta &eacute; uma compila&ccedil;&atilde;o das not&iacute;cias mais relevantes para o setor, incluindo informa&ccedil;&otilde;es sobre acordos internacionais, economia brasileira, sustentabilidade e mat&eacute;rias primas, al&eacute;m de novidades do setor de N&atilde;otecidos e Tecidos T&eacute;cnicos.<\/span><\/span><\/span><\/span><\/span><\/p>\r\n\r\n<p style=\"text-align:justify\"><span style=\"font-size:28pt\"><span style=\"font-family:Cambria,serif\"><span style=\"letter-spacing:-0.5pt\"><b><span style=\"font-size:18.0pt\"><span aptos=\"\" style=\"font-family:\"><span style=\"font-variant:small-caps\">O que vem por a&iacute;<\/span><\/span><\/span><\/b><\/span><\/span><\/span><\/p>\r\n\r\n<p style=\"text-align:justify\"><img src=\"https:\/\/www.abint.org.br\/assets\/img\/editor\/live-esquenta-cbig2026_20260218171027KViSZGRC1m.jpeg\" style=\"width: 500px; height: 281px;\" \/><\/p>\r\n\r\n<p style=\"text-align:justify\"><span style=\"font-size:11pt\"><span style=\"line-height:normal\"><span style=\"font-family:Calibri,sans-serif\"><a href=\"https:\/\/www.youtube.com\/@GeotecniaBrasil\/streams\" style=\"color:blue; text-decoration:underline\"><b><span style=\"font-size:14.0pt\"><span aptos=\"\" style=\"font-family:\">YouTube Geotecnia Brasil<\/span><\/span><\/b><\/a><\/span><\/span><\/span><\/p>\r\n\r\n<p><b><img src=\"https:\/\/www.abint.org.br\/assets\/img\/editor\/banner-quadrado-cbig2026_20260210190707C4zRVxuFF0.jpg\" style=\"width: 500px; height: 500px;\" \/><\/b><\/p>\r\n\r\n<p><span style=\"font-size:11.0pt\"><span style=\"line-height:115%\"><span calibri=\"\" style=\"font-family:\"><a href=\"https:\/\/www.even3.com.br\/curso-brasileiro-de-instalacao-de-geomembranas-paulo-kenji-acakiura-686190\/\" style=\"color:blue; text-decoration:underline\"><b><span style=\"font-size:14.0pt\"><span style=\"line-height:115%\"><span aptos=\"\" style=\"font-family:\">Acesse aqui para fazer sua inscri&ccedil;&atilde;o<\/span><\/span><\/span><\/b><\/a><\/span><\/span><\/span><\/p>\r\n\r\n<p><b><img src=\"https:\/\/www.abint.org.br\/assets\/img\/editor\/curso-naotecidos-2026_20260210190824gUkSCpzLPV.jpg\" style=\"width: 500px; height: 500px;\" \/><\/b><\/p>\r\n\r\n<p><span style=\"font-size:11pt\"><span style=\"line-height:normal\"><span style=\"font-family:Calibri,sans-serif\"><a href=\"https:\/\/forms.gle\/VzyfvmnBbH7FtFGV9\" style=\"color:blue; text-decoration:underline\"><b><span style=\"font-size:14.0pt\"><span aptos=\"\" style=\"font-family:\">Informa&ccedil;&otilde;es e inscri&ccedil;&otilde;es<\/span><\/span><\/b><\/a><\/span><\/span><\/span><\/p>\r\n\r\n<p><b style=\"letter-spacing: -0.5pt; font-family: Cambria, serif; font-size: 28pt;\"><span style=\"font-size:18.0pt\"><span aptos=\"\" style=\"font-family:\"><span style=\"font-variant-numeric: normal; font-variant-east-asian: normal; font-variant-caps: small-caps; font-variant-alternates: normal; font-variant-position: normal; font-variant-emoji: normal;\">Not&iacute;cias das Associadas<\/span><\/span><\/span><\/b><\/p>\r\n\r\n<p style=\"text-align:justify\"><span style=\"font-size:11pt\"><span style=\"line-height:normal\"><span style=\"font-family:Calibri,sans-serif\"><a href=\"https:\/\/revistakdea360.com.br\/noticia\/47723\/como-a-andritz-esta-transformando-a-descarbonizacao-em-estrategia-concreta-na-industria-de-celulose-e-papel\" style=\"color:blue; text-decoration:underline\"><span style=\"font-size:14.0pt\"><span aptos=\"\" style=\"font-family:\">Como a ANDRITZ est&aacute; transformando a descarboniza&ccedil;&atilde;o em estrat&eacute;gia concreta na ind&uacute;stria de celulose e papel<\/span><\/span><\/a><\/span><\/span><\/span><\/p>\r\n\r\n<p style=\"text-align:justify\"><span style=\"font-size:11pt\"><span style=\"line-height:normal\"><span style=\"font-family:Calibri,sans-serif\"><a href=\"https:\/\/portalradar.com.br\/participacao-brasileira-na-ifls-eici-2026-deve-gerar-us-63-milhoes\/\" style=\"color:blue; text-decoration:underline\"><span style=\"font-size:14.0pt\"><span aptos=\"\" style=\"font-family:\">Fibertex e Cipatex: participa&ccedil;&atilde;o brasileira na IFLS + EICI 2026 deve gerar US$ 6,3 milh&otilde;es<\/span><\/span><\/a><\/span><\/span><\/span><\/p>\r\n\r\n<p style=\"text-align:justify\"><span style=\"font-size:11pt\"><span style=\"line-height:normal\"><span style=\"font-family:Calibri,sans-serif\"><a href=\"https:\/\/www.textileworld.com\/textile-world\/weaving-spinning\/2026\/02\/trutzschler-toyota-and-murata-at-zirve-tekstil-perfect-quality-through-collaboration\/\" style=\"color:blue; text-decoration:underline\"><span lang=\"EN-US\" style=\"font-size:14.0pt\"><span aptos=\"\" style=\"font-family:\">Tr&uuml;tzschler, Toyota And Murata At Zirve Tekstil &mdash; perfect quality through collaboration<\/span><\/span><\/a><\/span><\/span><\/span><\/p>\r\n\r\n<p style=\"text-align:justify\"><span style=\"font-size:11pt\"><span style=\"line-height:normal\"><span style=\"font-family:Calibri,sans-serif\"><b><span style=\"font-size:18.0pt\"><span aptos=\"\" style=\"font-family:\"><span style=\"font-variant:small-caps\">Eventos<\/span><\/span><\/span><\/b><\/span><\/span><\/span><\/p>\r\n\r\n<p style=\"text-align:justify\"><span style=\"font-size:11pt\"><span style=\"line-height:normal\"><span style=\"font-family:Calibri,sans-serif\"><a href=\"https:\/\/app.rdstation.email\/mail\/b7249d03-a26d-4166-b0e5-c8cc5fc4d31b?utm_medium=email&amp;utm_campaign=conversa_aberta_-__-_1202&amp;utm_source=RD+Station\" style=\"color:blue; text-decoration:underline\"><b><span style=\"font-size:14.0pt\"><span aptos=\"\" style=\"font-family:\">Conversa Aberta: Lei de Incentivo &agrave; Reciclagem<\/span><\/span><\/b><\/a><span style=\"font-size:14.0pt\"><span aptos=\"\" style=\"font-family:\">, 19\/02 ,19h, evento online<\/span><\/span><\/span><\/span><\/span><\/p>\r\n\r\n<p style=\"text-align:justify\"><span style=\"font-size:11pt\"><span style=\"line-height:normal\"><span style=\"font-family:Calibri,sans-serif\"><a href=\"https:\/\/events.economist.com\/sustainability-week\/?RefID=EM13A-WhatsNew-Del_email-owned_MA00007195\" style=\"color:blue; text-decoration:underline\"><b><span lang=\"EN-US\" style=\"font-size:14.0pt\"><span aptos=\"\" style=\"font-family:\">11th annual Sustainability Week | Incorporating the 3rd annual Energy Transition Summit<\/span><\/span><\/b><\/a><span lang=\"EN-US\" style=\"font-size:14.0pt\"><span aptos=\"\" style=\"font-family:\">, March 2nd &ndash; 4th 2026, Intercontinental London &ndash; the O2<\/span><\/span><\/span><\/span><\/span><\/p>\r\n\r\n<p style=\"text-align:justify\"><span style=\"font-size:11pt\"><span style=\"line-height:normal\"><span style=\"font-family:Calibri,sans-serif\"><a href=\"https:\/\/www.fimec.com.br\/pt-br\/home\" style=\"color:blue; text-decoration:underline\"><b><span style=\"font-size:14.0pt\"><span aptos=\"\" style=\"font-family:\">49&ordf; Fimec<\/span><\/span><\/b><\/a><span style=\"font-size:14.0pt\"><span aptos=\"\" style=\"font-family:\"> (Feira Internacional de Couros, Produtos Qu&iacute;micos, Componentes, M&aacute;quinas e Equipamentos para Cal&ccedil;ados e Curtumes), 03 a 05 de mar&ccedil;o de 2026, Fenac, Novo Hamburgo\/RS<\/span><\/span><\/span><\/span><\/span><\/p>\r\n\r\n<p style=\"text-align:justify\"><span style=\"font-size:11pt\"><span style=\"line-height:normal\"><span style=\"font-family:Calibri,sans-serif\"><a href=\"https:\/\/www.portaldaindustria.com.br\/eventos\/pt\/edicoes\/sb-cop-pos-cop30-o-papel-da-industria-na-agenda-de?v=f&amp;c=CNI&amp;p=&amp;t=publica-base-fluida.html#msdynmkt_trackingcontext=744b76b6-2041-4f78-bd7c-83a7ebd90100\" style=\"color:blue; text-decoration:underline\"><b><span style=\"font-size:14.0pt\"><span aptos=\"\" style=\"font-family:\">CNI P&oacute;s-COP30: o papel da ind&uacute;stria na agenda de clima<\/span><\/span><\/b><\/a><span style=\"font-size:14.0pt\"><span aptos=\"\" style=\"font-family:\">, 04 de mar&ccedil;o de 2026, 10h &agrave;s 15h, Sede da CNI - SBN, Quadra 1, Bloco C, Ed. Roberto Simonsen &ndash; Bras&iacute;lia\/DF, presencial<\/span><\/span><\/span><\/span><\/span><\/p>\r\n\r\n<p style=\"text-align:justify\"><span style=\"font-size:11pt\"><span style=\"line-height:normal\"><span style=\"font-family:Calibri,sans-serif\"><a href=\"https:\/\/congressodeinovacao.com.br\/\" style=\"color:blue; text-decoration:underline\"><b><span style=\"font-size:14.0pt\"><span aptos=\"\" style=\"font-family:\">11&ordm; Congresso de Inova&ccedil;&atilde;o da Ind&uacute;stria<\/span><\/span><\/b><\/a><span style=\"font-size:14.0pt\"><span aptos=\"\" style=\"font-family:\">, 25 e 26 de mar&ccedil;o de 2026, WTC S&atilde;o Paulo<\/span><\/span><\/span><\/span><\/span><\/p>\r\n\r\n<p style=\"text-align:justify\"><span style=\"font-size:11pt\"><span style=\"line-height:normal\"><span style=\"font-family:Calibri,sans-serif\"><a href=\"https:\/\/www.hightex.com.tr\/\" style=\"color:blue; text-decoration:underline\"><b><span lang=\"EN-US\" style=\"font-size:14.0pt\"><span aptos=\"\" style=\"font-family:\">HIGTEX 2026 &ndash; International Technical Textiles and Nonwoven Exhibition<\/span><\/span><\/b><\/a><span lang=\"EN-US\" style=\"font-size:14.0pt\"><span aptos=\"\" style=\"font-family:\">, June 9&ndash;13, 2026, T&Uuml;YAP Fair and Congress Center, \u0130stanbul, T&uuml;rkiye<\/span><\/span><\/span><\/span><\/span><\/p>\r\n\r\n<p style=\"text-align:justify\"><span style=\"font-size:11pt\"><span style=\"line-height:normal\"><span style=\"font-family:Calibri,sans-serif\"><a href=\"https:\/\/www.worldofwipes.org\/\" style=\"color:blue; text-decoration:underline\"><b><span lang=\"EN-US\" style=\"font-size:14.0pt\"><span aptos=\"\" style=\"font-family:\">INDA | WOW - World of Wipes International Conference<\/span><\/span><\/b><\/a><span lang=\"EN-US\" style=\"font-size:14.0pt\"><span aptos=\"\" style=\"font-family:\">, June 29&ndash;July 2, 2026, Grand Hyatt Nashville, Nashville, Tennessee USA<\/span><\/span><\/span><\/span><\/span><\/p>\r\n\r\n<p style=\"text-align:justify\"><span style=\"font-size:11pt\"><span style=\"line-height:normal\"><span style=\"font-family:Calibri,sans-serif\"><a href=\"https:\/\/filtech.de\/\" style=\"color:blue; text-decoration:underline\"><b><span style=\"font-size:14.0pt\"><span aptos=\"\" style=\"font-family:\">Filtech 2026<\/span><\/span><\/b><\/a><span style=\"font-size:14.0pt\"><span aptos=\"\" style=\"font-family:\">, de 30 de junho a 2 de julho, Cologne, Alemanha<\/span><\/span><\/span><\/span><\/span><\/p>\r\n\r\n<p style=\"text-align:justify\"><span style=\"font-size:11pt\"><span style=\"line-height:normal\"><span style=\"font-family:Calibri,sans-serif\"><a href=\"https:\/\/www.formobile.com.br\/pt\/home.html\" style=\"color:blue; text-decoration:underline\"><b><span style=\"font-size:14.0pt\"><span aptos=\"\" style=\"font-family:\">ForM&oacute;bile 2026<\/span><\/span><\/b><\/a><span style=\"font-size:14.0pt\"><span aptos=\"\" style=\"font-family:\">, 30 de junho e 3 de julho de 2026, S&atilde;o Paulo Expo<\/span><\/span><\/span><\/span><\/span><\/p>\r\n\r\n<p style=\"text-align:justify\"><span style=\"font-size:11pt\"><span style=\"line-height:normal\"><span style=\"font-family:Calibri,sans-serif\"><a href=\"https:\/\/sienge.com.br\/construsummit\/\" style=\"color:blue; text-decoration:underline\"><b><span style=\"font-size:14.0pt\"><span aptos=\"\" style=\"font-family:\">Construsummit<\/span><\/span><\/b><\/a><span style=\"font-size:14.0pt\"><span aptos=\"\" style=\"font-family:\">, 1 e 2 de julho de 2026, Florian&oacute;polis, SC<\/span><\/span><\/span><\/span><\/span><\/p>\r\n\r\n<p style=\"text-align:justify\"><span style=\"font-size:11pt\"><span style=\"line-height:normal\"><span style=\"font-family:Calibri,sans-serif\"><a href=\"https:\/\/ficons.com.br\/\" style=\"color:blue; text-decoration:underline\"><b><span style=\"font-size:14.0pt\"><span aptos=\"\" style=\"font-family:\">FICONS - Feira Internacional de Materiais, Equipamentos e Servi&ccedil;os da Constru&ccedil;&atilde;o<\/span><\/span><\/b><\/a><span style=\"font-size:14.0pt\"><span aptos=\"\" style=\"font-family:\">, 15 a 18 de setembro de 2026, Centro de Conven&ccedil;&otilde;es de Pernambuco Recife\/ Olinda<\/span><\/span><\/span><\/span><\/span><\/p>\r\n\r\n<p style=\"text-align:justify\"><span style=\"font-size:11pt\"><span style=\"line-height:normal\"><span style=\"font-family:Calibri,sans-serif\"><a href=\"https:\/\/www.edana.org\/events\/outlook\/outlook-2025\" style=\"color:blue; text-decoration:underline\"><b><span style=\"font-size:14.0pt\"><span aptos=\"\" style=\"font-family:\">OUTLOOK&trade; 2026<\/span><\/span><\/b><\/a><span style=\"font-size:14.0pt\"><span aptos=\"\" style=\"font-family:\">, 22&ndash;24 September 2026, Hotel Miragem, Cascais, Portugal<\/span><\/span><\/span><\/span><\/span><\/p>\r\n\r\n<p style=\"text-align:justify\"><span style=\"font-size:11pt\"><span style=\"line-height:normal\"><span style=\"font-family:Calibri,sans-serif\"><a href=\"https:\/\/hospitalmed.com.br\/feira\/\" style=\"color:blue; text-decoration:underline\"><b><span style=\"font-size:14.0pt\"><span aptos=\"\" style=\"font-family:\">HospitalMed<\/span><\/span><\/b><\/a><span style=\"font-size:14.0pt\"><span aptos=\"\" style=\"font-family:\">, 21 a 23 de outubro de 2026, das 14h &agrave;s 20h, Pernambuco Centro de Conven&ccedil;&otilde;es, Olinda<\/span><\/span><\/span><\/span><\/span><\/p>\r\n\r\n<p style=\"text-align:justify\"><span style=\"font-size:11pt\"><span style=\"line-height:normal\"><span style=\"font-family:Calibri,sans-serif\"><a href=\"https:\/\/www.edana.org\/events\/edana-sustainability-forum\" style=\"color:blue; text-decoration:underline\"><b><span lang=\"EN-US\" style=\"font-size:14.0pt\"><span aptos=\"\" style=\"font-family:\">Sustainability &amp; Policy Forum<\/span><\/span><\/b><\/a><span lang=\"EN-US\" style=\"font-size:14.0pt\"><span aptos=\"\" style=\"font-family:\">, 8&ndash;9 December 2026, Residence Palace in Brussels, Belgium<\/span><\/span><\/span><\/span><\/span><\/p>\r\n\r\n<p style=\"text-align:justify\"><span style=\"font-size:11pt\"><span style=\"line-height:normal\"><span style=\"font-family:Calibri,sans-serif\"><a href=\"https:\/\/infrane.com.br\/\" style=\"color:blue; text-decoration:underline\"><b><span style=\"font-size:14.0pt\"><span aptos=\"\" style=\"font-family:\">Infra NE<\/span><\/span><\/b><\/a><span style=\"font-size:14.0pt\"><span aptos=\"\" style=\"font-family:\">, 03 a 05 de mar&ccedil;o de 2027, Centro de Conven&ccedil;&otilde;es Salvador<\/span><\/span><\/span><\/span><\/span><\/p>\r\n\r\n<p style=\"text-align:justify\"><span style=\"font-size:28pt\"><span style=\"font-family:Cambria,serif\"><span style=\"letter-spacing:-0.5pt\"><b><span style=\"font-size:18.0pt\"><span aptos=\"\" style=\"font-family:\"><span style=\"font-variant:small-caps\">Setor<\/span><\/span><\/span><\/b><\/span><\/span><\/span><\/p>\r\n\r\n<p class=\"MsoTitle\" style=\"text-align:justify\"><span style=\"font-size:11pt\"><span style=\"line-height:normal\"><span style=\"font-family:Calibri,sans-serif\"><span class=\"MsoHyperlink\" style=\"color:blue\"><span style=\"text-decoration:underline\"><span lang=\"EN-US\" style=\"font-size:14.0pt\"><span aptos=\"\" style=\"font-family:\"><a href=\"https:\/\/www.confea.org.br\/quando-fantasia-entra-na-avenida-engenharia-sustenta-o-espetaculo\" style=\"color:blue; text-decoration:underline\">N&atilde;otecido: quando a fantasia entra na avenida, a engenharia sustenta o espet&aacute;culo<\/a><\/span><\/span><\/span><\/span><\/span><\/span><\/span><\/p>\r\n\r\n<p class=\"MsoTitle\" style=\"text-align:justify\"><span style=\"font-size:11pt\"><span style=\"line-height:normal\"><span style=\"font-family:Calibri,sans-serif\"><span class=\"MsoHyperlink\" style=\"color:blue\"><span style=\"text-decoration:underline\"><span lang=\"EN-US\" style=\"font-size:14.0pt\"><span aptos=\"\" style=\"font-family:\"><a href=\"https:\/\/odia.ig.com.br\/niteroi\/2026\/02\/7207106-prefeitura-de-niteroi-autoriza-novas-obras-de-contencao-com-investimento-de-rs-665-milhoes.html\" style=\"color:blue; text-decoration:underline\">Geomanta: prefeitura de Niter&oacute;i autoriza novas obras de conten&ccedil;&atilde;o com investimento de R$ 66,5 milh&otilde;es<\/a><\/span><\/span><\/span><\/span><\/span><\/span><\/span><\/p>\r\n\r\n<p class=\"MsoTitle\" style=\"text-align:justify\"><span style=\"font-size:11pt\"><span style=\"line-height:normal\"><span style=\"font-family:Calibri,sans-serif\"><span class=\"MsoHyperlink\" style=\"color:blue\"><span style=\"text-decoration:underline\"><span lang=\"EN-US\" style=\"font-size:14.0pt\"><span aptos=\"\" style=\"font-family:\"><a href=\"https:\/\/plasticosemrevista.com.br\/flexiveis-setor-pleiteia-aumento-das-taxas-de-importacao\/\" style=\"color:blue; text-decoration:underline\">Flex&iacute;veis: setor pleiteia aumento das taxas de importa&ccedil;&atilde;o<\/a><\/span><\/span><\/span><\/span><\/span><\/span><\/span><\/p>\r\n\r\n<p class=\"MsoTitle\" style=\"text-align:justify\"><span style=\"font-size:11pt\"><span style=\"line-height:normal\"><span style=\"font-family:Calibri,sans-serif\"><span class=\"MsoHyperlink\" style=\"color:blue\"><span style=\"text-decoration:underline\"><span lang=\"EN-US\" style=\"font-size:14.0pt\"><span aptos=\"\" style=\"font-family:\"><a href=\"https:\/\/plasticosemrevista.com.br\/europa-capacidade-da-industria-quimica-baixou-17-2-m-de-t-a-em-2025\/\" style=\"color:blue; text-decoration:underline\">Europa: capacidade da ind&uacute;stria qu&iacute;mica baixou 17.2 M de t\/a em 2025<\/a><\/span><\/span><\/span><\/span><\/span><\/span><\/span><\/p>\r\n\r\n<p class=\"MsoTitle\" style=\"text-align:justify\"><span style=\"font-size:11pt\"><span style=\"line-height:normal\"><span style=\"font-family:Calibri,sans-serif\"><a href=\"https:\/\/www.technical-textiles.net\/news\/free-content-kelheim-fibres-close\" style=\"color:blue; text-decoration:underline\"><span lang=\"EN-US\" style=\"font-size:14.0pt\"><span aptos=\"\" style=\"font-family:\">The management of viscose fibre manufacturer Kelheim Fibres GmbH has announced that the company will close on 31 March 2026<\/span><\/span><\/a><\/span><\/span><\/span><\/p>\r\n\r\n<p style=\"text-align:justify\"><span style=\"font-size:11pt\"><span style=\"line-height:normal\"><span style=\"font-family:Calibri,sans-serif\"><a href=\"http:\/\/clickemail.portalpersonalcare.com.br\/ls\/click?upn=u001.D2-2F0Tg0A29KXXLMT6ctG-2BYOihdDbc-2ByFrUFb3ZXMT9TwaDs4PIk0OXbK1JVNEoHsVUmz4p8FozL1cWhOxCPucoDqlYNKKC1CRdymJVOVQxAd-2BHrfyXnHu8M3f65VIS1iPa32iCamqIa3eSvDCZJqpd5bxDdIC9bSI1tD3JC83E7XgSHmA-2FAyHXe5uIZMu92La4maEj3gHgHHNUqGCHNSdMMC7C-2Bpt4-2FD4DYqnW8nOOlGCOxalPjgQOWHGPsjattoPXRCVr0BzvJSkTT1KPxjujBe9pwd-2B4C3q-2BofVmRHhik-3DdVpc_T7N8BvZTOm04CQQMiyWztrpCjlUrRc4F7QzSgUIpTqDyHxxxhGpyWLohz7JoE2GE5NHlS-2BYZoX1R75Fh8KCze9GvCCb-2FinuNgc39g0Cdbe-2FcU8RlSBQhp5om11AQZQ-2FD0uAZWg-2Bv4a55zsJVHdG09mJ-2FjOJVbO-2Bv8kEb9Sqgg8Qh4OyhlM6jbge2l89MFuglpsJZevaeHWIP8KmAs29qqFJgasH0co1Ekvhn842j9651GW6S5jRqeHJBAlVV0n-2BdSUFwRSc-2FWPte6VAd8ce7QCdPRherDC-2BRzciVVqyzHJve5w5MmLzmSOlqOonA9-2BuGwNSbiQXnSZ-2FH5ppwMq1z1DcaOmwq3uxhrRz5vbFennej1tmopoIv4irFOFhlJzRlhlG-2F6HvzUxSHBPNLZl0T5zbXgMBYR2NjkLNceXU-2BIYlfh-2BDalf1nn4jlUlmTbXuvyyA-2BBJh1EwAbFyw-2BMgdYHZQ7roj5qYHI-2BA9FWZMjwRHnfvh-2BXdtTqVal6HCYW8LjvzPWjXdff5NWxKdzR2bIQJ8UFH4ecysMSog1AIqOX4-2FvSo9CA5NEglGHGp-2FHk9onn-2BBjXWl7PjHdJKmJuSM-2F-2FPH-2BSRH5tKDbgnZEvDJzgNdfH2A2mVzTfKaRccZvsEnD0BNw0vQb-2F4e7qnizp3RoBQ-3D-3D\" style=\"color:blue; text-decoration:underline\"><span style=\"font-size:14.0pt\"><span aptos=\"\" style=\"font-family:\">Northwood adquire f&aacute;bricas da Kimberly-Clark no Pa&iacute;s de Gales para produzir len&ccedil;os umedecidos<\/span><\/span><\/a><\/span><\/span><\/span><\/p>\r\n\r\n<p style=\"text-align:justify\"><span style=\"font-size:11pt\"><span style=\"line-height:normal\"><span style=\"font-family:Calibri,sans-serif\"><a href=\"https:\/\/public-api.wordpress.com\/bar\/?stat=groovemails-events&amp;bin=wpcom_email_click&amp;redirect_to=https%3A%2F%2Fblogdoplastico.wordpress.com%2F2026%2F02%2F12%2Fborealis-investe-e-49-milhoes-em-burghausen-alemanha-para-ampliar-a-producao-de-polipropileno%2F&amp;sr=0&amp;signature=f184f7ce42b2c37ad5d98ad81cf9a01a&amp;blog_id=9438832&amp;user=135099004&amp;_e=eyJlcnJvciI6bnVsbCwiYmxvZ19pZCI6OTQzODgzMiwiYmxvZ19sYW5nIjoicHQtQlIiLCJzaXRlX2lkX2xhYmVsIjoid3Bjb20iLCJoYXNfZmVhdHVyZWRfaW1hZ2UiOiIwIiwic3Vic2NyaWJlcl9pZCI6IjQ0NzAwMjQ1IiwiX3VpIjoxMzUwOTkwMDQsImxvY2FsZSI6InB0LWJyIiwiY3VycmVuY3kiOiJCUkwiLCJjb3VudHJ5X2NvZGVfc2lnbnVwIjoiQlIiLCJzaWdudXBfZmxvd19uYW1lIjoiZGVsdGEtc2l0ZSIsImVtYWlsX2RvbWFpbiI6ImFiaW50Lm9yZy5iciIsInBvc3RfaWQiOjE5Njc1LCJ1c2VyX2VtYWlsIjoiYWJpbnRAYWJpbnQub3JnLmJyIiwiZGF0ZV9zZW50IjoiMjAyNi0wMi0xMyIsImVtYWlsX25hbWUiOiJuZXctcG9zdCIsInRlbXBsYXRlIjoibmV3LXBvc3QiLCJlbWFpbF9pZCI6ImVkYjg3OWFlYTMxYmQxYmUzMzNlZmE4Mzc5ZGYxMmRmIiwibGlua19kZXNjIjoicG9zdC11cmwiLCJhbmNob3JfdGV4dCI6IkJvcmVhbGlzIGludmVzdGUgXHUyMGFjIDQ5IG1pbGhcdTAwZjVlcyBlbSBCdXJnaGF1c2VuLCBBbGVtYW5oYSwgcGFyYSBhbXBsaWFyIGEgcHJvZHVcdTAwZTdcdTAwZTNvIGRlXHUwMGEwcG9saXByb3BpbGVubyIsIl9kciI6bnVsbCwiX2RsIjoiXC93cC1hZG1pblwvcG9zdC5waHAiLCJfdXQiOiJ3cGNvbTp1c2VyX2lkIiwiX3VsIjoiYWJpbnR0dCIsIl9lbiI6IndwY29tX2VtYWlsX2NsaWNrIiwiX3RzIjoxNzcwOTQyNzk4ODYxLCJicm93c2VyX3R5cGUiOiJwaHAtYWdlbnQiLCJfYXVhIjoid3Bjb20tdHJhY2tzLWNsaWVudC12MC4zIiwiYmxvZ190eiI6Ii0zIiwidXNlcl9sYW5nIjoicHQtYnIifQ=&amp;_z=z\" style=\"color:blue; text-decoration:underline\"><span style=\"font-size:14.0pt\"><span aptos=\"\" style=\"font-family:\">Borealis investe &euro; 49 milh&otilde;es em Burghausen, Alemanha, para ampliar a produ&ccedil;&atilde;o de&nbsp;polipropileno<\/span><\/span><\/a><\/span><\/span><\/span><\/p>\r\n\r\n<p style=\"text-align:justify\"><span style=\"font-size:11pt\"><span style=\"line-height:normal\"><span style=\"font-family:Calibri,sans-serif\"><a href=\"https:\/\/jovempan.com.br\/noticias\/economia\/petrobras-abre-mao-de-controle-sobre-a-braskem.html\" style=\"color:blue; text-decoration:underline\"><span style=\"font-size:14.0pt\"><span aptos=\"\" style=\"font-family:\">Petrobras abre m&atilde;o de controle sobre a Braskem<\/span><\/span><\/a><\/span><\/span><\/span><\/p>\r\n\r\n<p style=\"text-align:justify\"><span style=\"font-size:28pt\"><span style=\"font-family:Cambria,serif\"><span style=\"letter-spacing:-0.5pt\"><b><span style=\"font-size:18.0pt\"><span aptos=\"\" style=\"font-family:\"><span style=\"font-variant:small-caps\">Ind&uacute;stria<\/span><\/span><\/span><\/b><\/span><\/span><\/span><\/p>\r\n\r\n<p style=\"text-align:justify\"><span style=\"font-size:11pt\"><span style=\"line-height:normal\"><span style=\"font-family:Calibri,sans-serif\"><span class=\"MsoHyperlink\" style=\"color:blue\"><span style=\"text-decoration:underline\"><span style=\"font-size:14.0pt\"><span aptos=\"\" style=\"font-family:\"><a href=\"https:\/\/noticias.portaldaindustria.com.br\/noticias\/economia\/empresarios-industriais-completam-14-meses-sem-confianca-na-economia-diz-cni\/\" style=\"color:blue; text-decoration:underline\">Empres&aacute;rios industriais completam 14 meses sem confian&ccedil;a na economia, diz CNI<\/a><\/span><\/span><\/span><\/span><\/span><\/span><\/span><\/p>\r\n\r\n<p class=\"MsoTitle\" style=\"text-align:justify\"><span style=\"font-size:11pt\"><span style=\"line-height:normal\"><span style=\"font-family:Calibri,sans-serif\"><span class=\"MsoHyperlink\" style=\"color:blue\"><span style=\"text-decoration:underline\"><span style=\"font-size:14.0pt\"><span aptos=\"\" style=\"font-family:\"><a href=\"https:\/\/ibre.fgv.br\/blog-da-conjuntura-economica\/artigos\/em-janeiro-confianca-de-empresarios-e-consumidores-caminham-em\" style=\"color:blue; text-decoration:underline\">Em janeiro, confian&ccedil;a de empres&aacute;rios e consumidores caminham em dire&ccedil;&otilde;es opostas<\/a><\/span><\/span><\/span><\/span><\/span><\/span><\/span><\/p>\r\n\r\n<p class=\"MsoTitle\" style=\"text-align:justify\"><span style=\"font-size:11pt\"><span style=\"line-height:normal\"><span style=\"font-family:Calibri,sans-serif\"><span class=\"MsoHyperlink\" style=\"color:blue\"><span style=\"text-decoration:underline\"><span style=\"font-size:14.0pt\"><span aptos=\"\" style=\"font-family:\"><a href=\"https:\/\/noticias.portaldaindustria.com.br\/noticias\/economia\/entenda-a-crise-de-mao-de-obra-qualificada-na-industria-em-meio-a-um-recorde-de-empregos-no-pais\/?utm_source=email&amp;utm_medium=newsletter&amp;utm_campaign=11022026_014\" style=\"color:blue; text-decoration:underline\">Entenda a crise de m&atilde;o de obra qualificada na ind&uacute;stria em meio a recorde de empregos no pa&iacute;s<\/a><\/span><\/span><\/span><\/span><\/span><\/span><\/span><\/p>\r\n\r\n<p style=\"text-align:justify\"><span style=\"font-size:11pt\"><span style=\"line-height:normal\"><span style=\"font-family:Calibri,sans-serif\"><span class=\"MsoHyperlink\" style=\"color:blue\"><span style=\"text-decoration:underline\"><span style=\"font-size:14.0pt\"><span aptos=\"\" style=\"font-family:\"><a href=\"https:\/\/www.infomoney.com.br\/economia\/construcao-civil-cresce-com-a-forca-do-emprego-mas-juros-e-custos-pressionam-o-setor\/\" style=\"color:blue; text-decoration:underline\">Constru&ccedil;&atilde;o civil cresce com a for&ccedil;a do emprego, mas juros e custos pressionam o setor<\/a><\/span><\/span><\/span><\/span><\/span><\/span><\/span><\/p>\r\n\r\n<p class=\"MsoTitleCxSpMiddle\" style=\"text-align:justify\"><span style=\"font-size:28pt\"><span style=\"font-family:Cambria,serif\"><span style=\"letter-spacing:-0.5pt\"><b><span style=\"font-size:18.0pt\"><span aptos=\"\" style=\"font-family:\"><span style=\"font-variant:small-caps\">Sustentabilidade<\/span><\/span><\/span><\/b><\/span><\/span><\/span><\/p>\r\n\r\n<p class=\"MsoTitleCxSpMiddle\" style=\"text-align:justify\"><span style=\"font-size:11pt\"><span style=\"line-height:normal\"><span style=\"font-family:Calibri,sans-serif\"><span class=\"MsoHyperlink\" style=\"color:blue\"><span style=\"text-decoration:underline\"><span style=\"font-size:14.0pt\"><span aptos=\"\" style=\"font-family:\"><a href=\"https:\/\/clickpetroleoegas.com.br\/fraldas-e-absorventes-saem-de-lixo-impossivel-e-entram-na-rota-industrial-planta-europeia-processa-70-mil-toneladas-por-ano-separa-polimeros-e-superabsorventes-contaminados-recupe-afch\/\" style=\"color:blue; text-decoration:underline\">Fraldas e absorventes saem de &ldquo;lixo imposs&iacute;vel&rdquo; e entram na rota industrial<\/a><\/span><\/span><\/span><\/span><\/span><\/span><\/span><\/p>\r\n\r\n<p class=\"MsoTitle\" style=\"text-align:justify\"><span style=\"font-size:11pt\"><span style=\"line-height:normal\"><span style=\"font-family:Calibri,sans-serif\"><span class=\"MsoHyperlink\" style=\"color:blue\"><span style=\"text-decoration:underline\"><span style=\"font-size:14.0pt\"><span aptos=\"\" style=\"font-family:\"><a href=\"https:\/\/plasticosulamerica.com\/defesa-circular-projeto-quer-comprovar-com-dados-auditaveis-a-viabilidade-da-economia-circular-para-plasticos-de-uso-unico\/\" style=\"color:blue; text-decoration:underline\">Defesa Circular: projeto quer comprovar, com dados audit&aacute;veis, a viabilidade da economia circular para pl&aacute;sticos de uso &uacute;nico<\/a><\/span><\/span><\/span><\/span><\/span><\/span><\/span><\/p>\r\n\r\n<p class=\"MsoTitle\" style=\"text-align:justify\"><span style=\"font-size:11pt\"><span style=\"line-height:normal\"><span style=\"font-family:Calibri,sans-serif\"><span class=\"MsoHyperlink\" style=\"color:blue\"><span style=\"text-decoration:underline\"><span style=\"font-size:14.0pt\"><span aptos=\"\" style=\"font-family:\"><a href=\"https:\/\/clickpetroleoegas.com.br\/24-000-toneladas-de-pet-recicladas-por-ano-fabrica-japonesa-recebe-caminhoes-lotados-usa-infravermelho-para-separar-btl96\/\" style=\"color:blue; text-decoration:underline\">24.000 toneladas de PET recicladas por ano: ...<\/a><\/span><\/span><\/span><\/span><\/span><\/span><\/span><\/p>\r\n\r\n<p class=\"MsoTitle\" style=\"text-align:justify\"><span style=\"font-size:11pt\"><span style=\"line-height:normal\"><span style=\"font-family:Calibri,sans-serif\"><span class=\"MsoHyperlink\" style=\"color:blue\"><span style=\"text-decoration:underline\"><span style=\"font-size:14.0pt\"><span aptos=\"\" style=\"font-family:\"><a href=\"https:\/\/grandesconstrucoes.com.br\/Noticias\/Exibir\/a-importancia-do-reaproveitamento-de-residuos-na-obra?utm_source=akna&amp;utm_medium=email&amp;utm_campaign=Grandes-Construcoes-Informativo-999-12-02-2026\" style=\"color:blue; text-decoration:underline\">A import&acirc;ncia do reaproveitamento de res&iacute;duos na obra<\/a><\/span><\/span><\/span><\/span><\/span><\/span><\/span><\/p>\r\n\r\n<p class=\"MsoTitle\" style=\"text-align:justify\"><span style=\"font-size:11pt\"><span style=\"line-height:normal\"><span style=\"font-family:Calibri,sans-serif\"><span class=\"MsoHyperlink\" style=\"color:blue\"><span style=\"text-decoration:underline\"><span style=\"font-size:14.0pt\"><span aptos=\"\" style=\"font-family:\"><a href=\"https:\/\/www.gov.br\/mdic\/pt-br\/assuntos\/noticias\/2026\/fevereiro\/governo-federal-inicia-rodada-de-dialogos-com-a-industria-sobre-a-implementacao-do-mercado-regulado-de-carbono\" style=\"color:blue; text-decoration:underline\">Governo federal inicia rodada de di&aacute;logos com a ind&uacute;stria sobre a implementa&ccedil;&atilde;o do mercado regulado de carbono<\/a><\/span><\/span><\/span><\/span><\/span><\/span><\/span><\/p>\r\n\r\n<p class=\"MsoTitle\" style=\"text-align:justify\"><span style=\"font-size:11pt\"><span style=\"line-height:normal\"><span style=\"font-family:Calibri,sans-serif\"><span class=\"MsoHyperlink\" style=\"color:blue\"><span style=\"text-decoration:underline\"><span style=\"font-size:14.0pt\"><span aptos=\"\" style=\"font-family:\"><a href=\"https:\/\/omecanico.com.br\/programa-da-abrafiltros-recicla-mais-de-30-milhoes-de-filtros-de-oleo-usados-em-sp\/\" style=\"color:blue; text-decoration:underline\">Programa da Abrafiltros recicla mais de 30 milh&otilde;es de filtros de &oacute;leo usados em SP<\/a><\/span><\/span><\/span><\/span><\/span><\/span><\/span><\/p>\r\n\r\n<p class=\"MsoTitle\" style=\"text-align:justify\"><span style=\"font-size:11pt\"><span style=\"line-height:normal\"><span style=\"font-family:Calibri,sans-serif\"><span class=\"MsoHyperlink\" style=\"color:blue\"><span style=\"text-decoration:underline\"><span style=\"font-size:14.0pt\"><span aptos=\"\" style=\"font-family:\"><a href=\"https:\/\/clickpetroleoegas.com.br\/eles-olharam-para-o-lixo-e-viram-negocio-jovens-criam-tijolos-de-plastico-tenis-reciclado-combustivel-de-coco-areia-de-vidro-e-moveis-de-skate-mhbb01\/\" style=\"color:blue; text-decoration:underline\">Eles olharam para o lixo e viram neg&oacute;cio: jovens criam tijolos de pl&aacute;stico, t&ecirc;nis reciclado, combust&iacute;vel de coco, areia de vidro e m&oacute;veis de skate, tiram toneladas dos aterros e ainda faturam enquanto cidades lutam para dar destino ao pr&oacute;prio lixo<\/a><\/span><\/span><\/span><\/span><\/span><\/span><\/span><\/p>\r\n\r\n<p class=\"MsoTitle\" style=\"text-align:justify\"><span style=\"font-size:28pt\"><span style=\"font-family:Cambria,serif\"><span style=\"letter-spacing:-0.5pt\"><b><span style=\"font-size:18.0pt\"><span aptos=\"\" style=\"font-family:\"><span style=\"font-variant:small-caps\">Inova&ccedil;&atilde;o<\/span><\/span><\/span><\/b><\/span><\/span><\/span><\/p>\r\n\r\n<p class=\"MsoTitleCxSpLast\" style=\"text-align:justify\"><span style=\"font-size:11pt\"><span style=\"line-height:normal\"><span style=\"font-family:Calibri,sans-serif\"><a href=\"https:\/\/olhardigital.com.br\/2026\/02\/13\/curiosidades\/casa-feita-de-plastico-tecnologia-surpreende\/\" style=\"color:blue; text-decoration:underline\"><span style=\"font-size:14.0pt\"><span aptos=\"\" style=\"font-family:\">Voc&ecirc; moraria em uma casa feita de pl&aacute;stico? A tecnologia est&aacute; surpreendendo engenheiros<\/span><\/span><\/a><\/span><\/span><\/span><\/p>\r\n\r\n<p style=\"text-align:justify\"><span style=\"font-size:11pt\"><span style=\"line-height:normal\"><span style=\"font-family:Calibri,sans-serif\"><a href=\"https:\/\/olhardigital.com.br\/2026\/02\/10\/curiosidades\/o-tijolo-de-plastico-que-e-7-vezes-mais-forte-que-o-de-concreto-e-ajuda-o-planeta\/\" style=\"color:blue; text-decoration:underline\"><span style=\"font-size:14.0pt\"><span aptos=\"\" style=\"font-family:\">O tijolo de pl&aacute;stico que &eacute; 7 vezes mais forte que o de concreto e ajuda o planeta<\/span><\/span><\/a><\/span><\/span><\/span><\/p>\r\n\r\n<p style=\"text-align:justify\"><span style=\"font-size:11pt\"><span style=\"line-height:normal\"><span style=\"font-family:Calibri,sans-serif\"><a href=\"https:\/\/clickpetroleoegas.com.br\/cidade-no-japao-transforma-100-toneladas-de-plastico-por-dia-aproximadamente-96-do-lixo-coletado-em-paletes-sustentaveis-atraves-de-um-processo-inovador-de-reciclagem-gls\/\" style=\"color:blue; text-decoration:underline\"><span style=\"font-size:14.0pt\"><span aptos=\"\" style=\"font-family:\">Cidade no Jap&atilde;o transforma 100 toneladas de pl&aacute;stico por dia em paletes sustent&aacute;veis<\/span><\/span><\/a> <\/span><\/span><\/span><\/p>\r\n\r\n<p class=\"MsoTitle\" style=\"text-align:justify\"><span style=\"font-size:11pt\"><span style=\"line-height:normal\"><span style=\"font-family:Calibri,sans-serif\"><a href=\"https:\/\/www.technical-textiles.net\/news\/magnetorheological-fibres-smart-textiles\" style=\"color:blue; text-decoration:underline\"><span style=\"font-size:14.0pt\"><span aptos=\"\" style=\"font-family:\">Magnetorheological fibres for smart textiles<\/span><\/span><\/a><\/span><\/span><\/span><\/p>\r\n\r\n<p style=\"text-align:justify\"><span style=\"font-size:28pt\"><span style=\"font-family:Cambria,serif\"><span style=\"letter-spacing:-0.5pt\"><b><span style=\"font-size:18.0pt\"><span aptos=\"\" style=\"font-family:\"><span style=\"font-variant:small-caps\">Com&eacute;rcio Exterior<\/span><\/span><\/span><\/b><\/span><\/span><\/span><\/p>\r\n\r\n<p class=\"MsoTitleCxSpLast\" style=\"text-align:justify\"><span style=\"font-size:11pt\"><span style=\"line-height:normal\"><span style=\"font-family:Calibri,sans-serif\"><a href=\"https:\/\/www12.senado.leg.br\/noticias\/materias\/2026\/02\/10\/pedido-de-vista-adia-votacao-de-relatorio-sobre-acordo-mercosul2013uniao-europeia?utm_medium=email&amp;utm_source=resumo-agencia&amp;utm_campaign=2026-02-10\" style=\"color:blue; text-decoration:underline\"><span style=\"font-size:14.0pt\"><span aptos=\"\" style=\"font-family:\">Pedido de vista adia vota&ccedil;&atilde;o de relat&oacute;rio sobre acordo Mercosul&ndash;Uni&atilde;o Europeia<\/span><\/span><\/a><\/span><\/span><\/span><\/p>\r\n\r\n<p style=\"text-align:justify\"><span style=\"font-size:11pt\"><span style=\"line-height:normal\"><span style=\"font-family:Calibri,sans-serif\"><a href=\"https:\/\/www12.senado.leg.br\/noticias\/materias\/2026\/02\/13\/o-que-preve-o-acordo-mercosul-uniao-europeia-em-analise-no-congresso?utm_medium=email&amp;utm_source=resumo-agencia&amp;utm_campaign=2026-02-13\" style=\"color:blue; text-decoration:underline\"><span style=\"font-size:14.0pt\"><span aptos=\"\" style=\"font-family:\">O que prev&ecirc; o acordo Mercosul-Uni&atilde;o Europeia em an&aacute;lise no Congresso<\/span><\/span><\/a><\/span><\/span><\/span><\/p>\r\n\r\n<p style=\"text-align:justify\"><span style=\"font-size:11pt\"><span style=\"line-height:normal\"><span style=\"font-family:Calibri,sans-serif\"><a href=\"https:\/\/textile-network.com\/en\/Business\/Textile-sector-supports-the-agreement\" style=\"color:blue; text-decoration:underline\"><span lang=\"EN-US\" style=\"font-size:14.0pt\"><span aptos=\"\" style=\"font-family:\">FITA, ABIT, EURATEX on EU-Mercosur: Textile sector supports the agreement<\/span><\/span><\/a><\/span><\/span><\/span><\/p>\r\n\r\n<p style=\"text-align:justify\"><span style=\"font-size:11pt\"><span style=\"line-height:normal\"><span style=\"font-family:Calibri,sans-serif\"><span class=\"MsoHyperlink\" style=\"color:blue\"><span style=\"text-decoration:underline\"><span style=\"font-size:14.0pt\"><span aptos=\"\" style=\"font-family:\"><a href=\"https:\/\/plasticosemrevista.com.br\/think-plastic-brazil-tarifacos-dos-eua-nao-travam-exportacoes-de-transformados-em-2025\/\" style=\"color:blue; text-decoration:underline\">Think Plastic Brazil: tarifa&ccedil;os dos EUA n&atilde;o travam exporta&ccedil;&otilde;es de transformados em 2025<\/a><\/span><\/span><\/span><\/span><\/span><\/span><\/span><\/p>\r\n\r\n<p class=\"MsoTitle\" style=\"text-align:justify\"><span style=\"font-size:11pt\"><span style=\"line-height:normal\"><span style=\"font-family:Calibri,sans-serif\"><span class=\"MsoHyperlink\" style=\"color:blue\"><span style=\"text-decoration:underline\"><span style=\"font-size:14.0pt\"><span aptos=\"\" style=\"font-family:\"><a href=\"https:\/\/plasticosemrevista.com.br\/poliolefinas-amazonas-e-santa-catarina-lideram-importacoes-por-estados\/\" style=\"color:blue; text-decoration:underline\">Poliolefinas: Amazonas e Santa Catarina lideram importa&ccedil;&otilde;es por estados<\/a><\/span><\/span><\/span><\/span><\/span><\/span><\/span><\/p>\r\n\r\n<p class=\"MsoTitleCxSpMiddle\" style=\"text-align:justify\"><span style=\"font-size:28pt\"><span style=\"font-family:Cambria,serif\"><span style=\"letter-spacing:-0.5pt\"><b><span style=\"font-size:18.0pt\"><span aptos=\"\" style=\"font-family:\"><span style=\"font-variant:small-caps\">Economia<\/span><\/span><\/span><\/b><\/span><\/span><\/span><\/p>\r\n\r\n<p style=\"text-align:justify\"><span style=\"font-size:11pt\"><span style=\"line-height:normal\"><span style=\"font-family:Calibri,sans-serif\"><span style=\"font-size:14.0pt\"><span aptos=\"\" style=\"font-family:\"><a href=\"https:\/\/www.bcb.gov.br\/content\/focus\/focus\/R20260213.pdf\" style=\"color:blue; text-decoration:underline\">Focus - Relat&oacute;rio de Mercado<\/a><\/span><\/span><\/span><\/span><\/span><\/p>\r\n\r\n<p style=\"text-align:justify\"><span style=\"font-size:11pt\"><span style=\"line-height:normal\"><span style=\"font-family:Calibri,sans-serif\"><a href=\"https:\/\/noticias.portaldaindustria.com.br\/noticias\/economia\/pra-onde-foi-a-confianca-na-economia-ep190\/\" style=\"color:blue; text-decoration:underline\"><span style=\"font-size:14.0pt\"><span aptos=\"\" style=\"font-family:\">Para onde foi a confian&ccedil;a na economia? (Ep.#190)<\/span><\/span><\/a><\/span><\/span><\/span><\/p>\r\n\r\n<p style=\"text-align:justify\"><span style=\"font-size:11pt\"><span style=\"line-height:normal\"><span style=\"font-family:Calibri,sans-serif\"><a href=\"https:\/\/ibre.fgv.br\/blog-da-conjuntura-economica\/artigos\/desequilibrio-fiscal-falta-um-programa-de-ajuste-completo\" style=\"color:blue; text-decoration:underline\"><span style=\"font-size:14.0pt\"><span aptos=\"\" style=\"font-family:\">Desequil&iacute;brio fiscal: &ldquo;Falta um programa de ajuste completo&rdquo;, afirma o economista Felipe Salto<\/span><\/span><\/a><\/span><\/span><\/span><\/p>\r\n\r\n<p style=\"text-align:justify\"><img src=\"https:\/\/www.abint.org.br\/assets\/img\/editor\/redes-sociais-abint-ctg-cth_20260210191221AOfpfYeBxv.jpg\" \/><\/p>\r\n\r\n<p>&nbsp;<\/p>\r\n","texto_en":"","7":"","imagem":"COMP_capa-2026-site-boletim-abint-noticias-semanis_202602181723272X7xwvj9Pm.jpg","8":"COMP_capa-2026-site-boletim-abint-noticias-semanis_202602181723272X7xwvj9Pm.jpg","arquivo":"20260218-BOLETIM-ABINT-DE-NOTICIAS-SEMANAIS.PDF","9":"20260218-BOLETIM-ABINT-DE-NOTICIAS-SEMANAIS.PDF","titulo_arquivo":"20260218 Boletim ABINT de Not\u00edcias Semanais","10":"20260218 Boletim ABINT de Not\u00edcias Semanais","titulo_arquivo_en":"","11":"","created_at":"2026-02-18 17:23:38","12":"2026-02-18 17:23:38","updated_at":"2026-02-18 17:26:27","13":"2026-02-18 17:26:27"},{"id":222,"0":222,"ordem":7,"1":7,"data":"2026-02-10","2":"2026-02-10","slug":"ultimas-vagas-para-o-curso-de-instalacao-de-geomembranas-do-ctg-abint-2026","3":"ultimas-vagas-para-o-curso-de-instalacao-de-geomembranas-do-ctg-abint-2026","titulo":"\u00daltimas vagas para o Curso de Instala\u00e7\u00e3o de Geomembranas do CTG ABINT 2026","4":"\u00daltimas vagas para o Curso de Instala\u00e7\u00e3o de Geomembranas do CTG ABINT 2026","titulo_en":"","5":"","texto":"<p align=\"center\" class=\"MsoNoSpacing\" style=\"text-align:center\"><span style=\"font-size:11pt\"><span style=\"line-height:normal\"><span style=\"font-family:Calibri,sans-serif\"><i><span style=\"font-size:12.0pt\"><span style=\"font-family:&quot;Arial&quot;,sans-serif\">A 4&ordf;. edi&ccedil;&atilde;o do evento ser&aacute; realizada em S&atilde;o Paulo e reunir&aacute; instrutores altamente qualificados que apresentar&atilde;o, al&eacute;m da teoria, cases de sucesso, visando a capacita&ccedil;&atilde;o de instaladores <\/span><\/span><\/i><\/span><\/span><\/span><\/p>\r\n\r\n<p align=\"center\" style=\"text-align:center; margin-bottom:13px\">&nbsp;<\/p>\r\n\r\n<p class=\"MsoNoSpacing\" style=\"text-align:justify\">\u200b\u200b\u200b\u200b\u200b\u200b\u200b<span style=\"font-size:11pt\"><span style=\"text-justify:inter-ideograph\"><span style=\"font-family:Calibri,sans-serif\"><b><span style=\"font-family:&quot;Arial&quot;,sans-serif\">Mar&ccedil;o, 2026: <\/span><\/b><span style=\"font-family:&quot;Arial&quot;,sans-serif\">Com vistas &agrave; qualidade e &agrave; efici&ecirc;ncia em obras que utilizem geomembranas, o Comit&ecirc; T&eacute;cnico de Geossint&eacute;ticos da Associa&ccedil;&atilde;o Brasileira das Ind&uacute;strias de N&atilde;otecidos e Tecidos T&eacute;cnicos (CTG ABINT) abre inscri&ccedil;&otilde;es para a 4<b>&ordf;. edi&ccedil;&atilde;o do Curso Brasileiro de Instala&ccedil;&atilde;o de Geomembranas &quot;Paulo Kenji A&ccedil;akura&quot;, <\/b>que ser&aacute; realizado de 17 a 19 de mar&ccedil;o de 2026, no Instituto Mau&aacute; de Tecnologia (IMT), em S&atilde;o Paulo.<\/span><\/span><\/span><\/span><\/p>\r\n\r\n<p class=\"MsoNoSpacing\" style=\"text-align:justify\"><span style=\"font-size:11pt\"><span style=\"text-justify:inter-ideograph\"><span style=\"font-family:Calibri,sans-serif\"><span style=\"font-family:&quot;Arial&quot;,sans-serif\">O curso reunir&aacute; renomados instrutores do mercado, todos com vasta experi&ecirc;ncia nos processos de instala&ccedil;&atilde;o de geossint&eacute;ticos. O objetivo &eacute; proporcionar ao participante uma experi&ecirc;ncia completa, apresentando o que h&aacute; de mais atual em tecnologias voltadas &agrave; instala&ccedil;&atilde;o de geomembranas e &agrave; qualidade. <\/span><\/span><\/span><\/span><\/p>\r\n\r\n<p class=\"MsoNoSpacing\" style=\"text-align:justify\"><span style=\"font-size:11pt\"><span style=\"text-justify:inter-ideograph\"><span style=\"font-family:Calibri,sans-serif\"><span style=\"font-family:&quot;Arial&quot;,sans-serif\">Al&eacute;m da parte te&oacute;rica, o curso aborda cases atualizados de obras que apresentam a efici&ecirc;ncia da instala&ccedil;&atilde;o. &ldquo;Um importante diferencial desse curso &eacute; a parte pr&aacute;tica que acompanha as palestras te&oacute;ricas de nosso time de instrutores nacionais e internacionais&rdquo;, afirma a Samira Paranhos, engenheira da Ober Geossint&eacute;ticos e a coordenadora do CTG ABINT. <\/span><\/span><\/span><\/span><\/p>\r\n\r\n<p class=\"MsoNoSpacing\" style=\"text-align:justify\"><span style=\"font-size:11pt\"><span style=\"text-justify:inter-ideograph\"><span style=\"font-family:Calibri,sans-serif\"><span style=\"font-family:&quot;Arial&quot;,sans-serif\">Segundo ela, a programa&ccedil;&atilde;o foi desenvolvida para que os participantes conhe&ccedil;am os procedimentos de preparo de instala&ccedil;&atilde;o e soldagem de geomembranas, a import&acirc;ncia do controle e verifica&ccedil;&atilde;o de qualidade de constru&ccedil;&atilde;o, e adquiram conhecimentos espec&iacute;ficos, que s&atilde;o fundamentais, sobre geomembranas de PEAD e PVC, entre outros assuntos.<\/span><\/span><\/span><\/span><\/p>\r\n\r\n<p class=\"MsoNoSpacing\" style=\"text-align:justify\"><span style=\"font-size:11pt\"><span style=\"text-justify:inter-ideograph\"><span style=\"font-family:Calibri,sans-serif\"><b><span style=\"font-family:&quot;Arial&quot;,sans-serif\">Aplica&ccedil;&otilde;es das geomembranas<\/span><\/b><\/span><\/span><\/span><\/p>\r\n\r\n<p class=\"MsoNoSpacing\" style=\"text-align:justify\"><span style=\"font-size:11pt\"><span style=\"text-justify:inter-ideograph\"><span style=\"font-family:Calibri,sans-serif\"><span style=\"font-family:&quot;Arial&quot;,sans-serif\">O uso de geomembranas vem crescendo em setores como da minera&ccedil;&atilde;o (pilhas de lixivia&ccedil;&atilde;o, barragens de rejeitos, canais e tanques), saneamento b&aacute;sico (aterros sanit&aacute;rios, lagoas de estabiliza&ccedil;&atilde;o, reservat&oacute;rios de &aacute;gua pot&aacute;vel) e agroneg&oacute;cio (canais e reservat&oacute;rios de irriga&ccedil;&atilde;o, biodigestores e esterqueiras, aquicultura, silagem), por exemplo.<\/span><\/span><\/span><\/span><\/p>\r\n\r\n<p class=\"MsoNoSpacing\" style=\"text-align:justify\"><span style=\"font-size:11pt\"><span style=\"text-justify:inter-ideograph\"><span style=\"font-family:Calibri,sans-serif\"><span style=\"font-family:&quot;Arial&quot;,sans-serif\">Isso se d&aacute; em fun&ccedil;&atilde;o da efici&ecirc;ncia desses materiais, al&eacute;m de seu custo-benef&iacute;cio. &ldquo;&Eacute; por isso que esse curso ganha ainda mais import&acirc;ncia, uma vez que a qualidade da instala&ccedil;&atilde;o &eacute; um dos pontos fundamentais para garantir q efici&ecirc;ncia do produto e a longevidade da obra&rdquo;, comenta Samira Paranhos. <\/span><\/span><\/span><\/span><\/p>\r\n\r\n<p class=\"MsoNoSpacing\" style=\"text-align:justify\"><span style=\"font-size:11pt\"><span style=\"text-justify:inter-ideograph\"><span style=\"font-family:Calibri,sans-serif\"><b><span style=\"font-family:&quot;Arial&quot;,sans-serif\">Programa&ccedil;&atilde;o<\/span><\/b><\/span><\/span><\/span><\/p>\r\n\r\n<p class=\"MsoNoSpacing\" style=\"text-align:justify\"><span style=\"font-size:11pt\"><span style=\"text-justify:inter-ideograph\"><span style=\"font-family:Calibri,sans-serif\"><span style=\"font-family:&quot;Arial&quot;,sans-serif\">A 4&ordf;. edi&ccedil;&atilde;o do Curso Brasileiro de Instala&ccedil;&atilde;o de Geomembranas &quot;Paulo Kenji A&ccedil;akura&quot; trar&aacute; temas relevantes com forte carga te&oacute;rica, mas principalmente pr&aacute;tica. <\/span><\/span><\/span><\/span><\/p>\r\n\r\n<p class=\"MsoNoSpacing\" style=\"text-align:justify\"><span style=\"font-size:11pt\"><span style=\"text-justify:inter-ideograph\"><span style=\"font-family:Calibri,sans-serif\"><span style=\"font-family:&quot;Arial&quot;,sans-serif\">Para falar sobre o preparo para instala&ccedil;&atilde;o e soldagem de geomembranas, controle e verifica&ccedil;&atilde;o de qualidade de constru&ccedil;&atilde;o (CQC\/CQA), soldagem por extrus&atilde;o de geomembranas e CQC, as especifica&ccedil;&otilde;es FGI e fabrica&ccedil;&atilde;o de pain&eacute;is, al&eacute;m da localiza&ccedil;&atilde;o de furos (LGF) em geomembranas cobertas e expostas, o evento contar&aacute; com a presen&ccedil;a do Dr. Julio Ferreira. Os temas s&atilde;o voltados a instaladores, assim como para fiscalizadores e compradores de Geomembranas. <\/span><\/span><\/span><\/span><\/p>\r\n\r\n<p class=\"MsoNoSpacing\" style=\"text-align:justify\"><span style=\"font-size:11pt\"><span style=\"text-justify:inter-ideograph\"><span style=\"font-family:Calibri,sans-serif\"><span style=\"font-family:&quot;Arial&quot;,sans-serif\">J&aacute; o Eng. Thiago Costa, Diretor da Tecnopl&aacute;s Engenharia, abordar&aacute; os procedimentos para soldagem por fus&atilde;o de geomembranas e CQC, as interfer&ecirc;ncias de tubos na geomembrana e detalhes, as coberturas flutuantes de geomembranas e exemplos pr&aacute;ticos de m&aacute; instala&ccedil;&atilde;o. As consequ&ecirc;ncias de um servi&ccedil;o realizado sem a qualidade exigida, os procedimentos normativos e boas pr&aacute;ticas de instala&ccedil;&atilde;o ser&atilde;o abordados. <\/span><\/span><\/span><\/span><\/p>\r\n\r\n<p class=\"MsoNoSpacing\" style=\"text-align:justify\"><span style=\"font-size:11pt\"><span style=\"text-justify:inter-ideograph\"><span style=\"font-family:Calibri,sans-serif\"><span style=\"font-family:&quot;Arial&quot;,sans-serif\">O Eng C&eacute;sar Botelho ser&aacute; o respons&aacute;vel pelas palestras Soldagem por Extrus&atilde;o de geomembranas e CQC e Posicionamento e Soldagem de Pain&eacute;is no Campo. Ele contar&aacute; com a participa&ccedil;&atilde;o do Eng. Thiago Costa na palestra sobre a organiza&ccedil;&atilde;o de equipe de instala&ccedil;&atilde;o.<\/span><\/span><\/span><\/span><\/p>\r\n\r\n<p class=\"MsoNoSpacing\" style=\"text-align:justify\"><span style=\"font-size:11pt\"><span style=\"text-justify:inter-ideograph\"><span style=\"font-family:Calibri,sans-serif\"><span style=\"font-family:&quot;Arial&quot;,sans-serif\">Al&eacute;m de orienta&ccedil;&otilde;es pr&aacute;ticas do Dr. Julio Ferreira, grande parte pr&aacute;tica do evento ficar&aacute; por conta do Eng. Luduik Rosales. Os participantes estar&atilde;o em campo para atuar com soldagem por fus&atilde;o (campeonato de solda por fus&atilde;o), soldagem por fus&atilde;o (ensaios n&atilde;o destrutivos), soldagem por extrus&atilde;o, soldagem por termofus&atilde;o de geomembranas de PVC, tubos e detalhes. <\/span><\/span><\/span><\/span><\/p>\r\n\r\n<p class=\"MsoNoSpacing\" style=\"text-align:justify\"><span style=\"font-size:11pt\"><span style=\"text-justify:inter-ideograph\"><span style=\"font-family:Calibri,sans-serif\"><span style=\"font-family:&quot;Arial&quot;,sans-serif\">A Consultora em Geossint&eacute;ticos, Eng. Indiara Giugni, far&aacute; tr&ecirc;s palestras: Informa&ccedil;&otilde;es sobre geomembrana de PEAD; Interfer&ecirc;ncias de tubos na geomembrana e detalhes e Informa&ccedil;&otilde;es sobre geomembranas de PVC. Ela explica que os propriet&aacute;rios das empresas instaladoras e seus soldadores e os fiscalizadores devem conhecer as caracter&iacute;sticas das geomembranas de PEAD, PEBDL e PVC, para tomarem os cuidados necess&aacute;rios durante a instala&ccedil;&atilde;o dessas geomembranas. Tanto a execu&ccedil;&atilde;o das soldas, como a coloca&ccedil;&atilde;o e ancoragem dos pain&eacute;is, podem afetar as propriedades de durabilidade das geomembranas. &ldquo;O fabricante deve produzir geomembranas com qualidade, para que tenham bom desempenho a longo prazo, mas essa qualidade poder&aacute; ser seriamente prejudicada durante a sua instala&ccedil;&atilde;o&rdquo;, afirma a Eng. Indiara Giugni.<\/span><\/span><\/span><\/span><\/p>\r\n\r\n<p class=\"MsoNoSpacing\" style=\"text-align:justify\"><span style=\"font-size:11pt\"><span style=\"text-justify:inter-ideograph\"><span style=\"font-family:Calibri,sans-serif\"><span style=\"font-family:&quot;Arial&quot;,sans-serif\">A Eng. Indiara tamb&eacute;m ser&aacute; respons&aacute;vel pelo Exame de Certifica&ccedil;&atilde;o IAGI CWT, que ser&aacute; aberto, exclusivamente para soldadores de Geomembrana de PEAD e realizado no dia 20 de mar&ccedil;o. &nbsp;<\/span><\/span><\/span><\/span><\/p>\r\n\r\n<p class=\"MsoNoSpacing\" style=\"text-align:justify\"><span style=\"font-size:11pt\"><span style=\"text-justify:inter-ideograph\"><span style=\"font-family:Calibri,sans-serif\"><span style=\"font-family:&quot;Arial&quot;,sans-serif\">Para conhecer a programa&ccedil;&atilde;o completa, acesse: <\/span><a href=\"https:\/\/bit.ly\/45YzGyh\" style=\"color:blue; text-decoration:underline\"><span style=\"font-family:&quot;Arial&quot;,sans-serif\">https:\/\/bit.ly\/45YzGyh<\/span><\/a><\/span><\/span><\/span><\/p>\r\n\r\n<p class=\"MsoNoSpacing\" style=\"text-align:justify\"><span style=\"font-size:11pt\"><span style=\"text-justify:inter-ideograph\"><span style=\"font-family:Calibri,sans-serif\"><b><span style=\"font-family:&quot;Arial&quot;,sans-serif\">SERVI&Ccedil;O<\/span><\/b><span style=\"font-family:&quot;Arial&quot;,sans-serif\">: <b>4&ordf;. edi&ccedil;&atilde;o do Curso Brasileiro de Instala&ccedil;&atilde;o de Geomembranas &quot;Paulo Kenji A&ccedil;akura&quot; <\/b><\/span><\/span><\/span><\/span><\/p>\r\n\r\n<ul>\r\n\t<li class=\"MsoNoSpacing\" style=\"margin-left:7px; text-align:justify\"><span style=\"font-size:11pt\"><span style=\"text-justify:inter-ideograph\"><span style=\"font-family:Calibri,sans-serif\"><b><span style=\"font-family:&quot;Arial&quot;,sans-serif\">Data: <\/span><\/b><span style=\"font-family:&quot;Arial&quot;,sans-serif\">de 17 a 19 de mar&ccedil;o de 2025<\/span><\/span><\/span><\/span><\/li>\r\n\t<li class=\"MsoNoSpacing\" style=\"margin-left:7px; text-align:justify\"><span style=\"font-size:11pt\"><span style=\"text-justify:inter-ideograph\"><span style=\"font-family:Calibri,sans-serif\"><b><span style=\"font-family:&quot;Arial&quot;,sans-serif\">Local:<\/span><\/b><span style=\"font-family:&quot;Arial&quot;,sans-serif\"> Instituto Mau&aacute; de Tecnologia - S&atilde;o Caetano do Sul\/SP<\/span><\/span><\/span><\/span><\/li>\r\n\t<li class=\"MsoNoSpacing\" style=\"margin-left:7px; text-align:justify\"><span style=\"font-size:11pt\"><span style=\"text-justify:inter-ideograph\"><span style=\"font-family:Calibri,sans-serif\"><b><span style=\"font-family:&quot;Arial&quot;,sans-serif\">Inscri&ccedil;&otilde;es e informa&ccedil;&otilde;es<\/span><\/b><span style=\"font-family:&quot;Arial&quot;,sans-serif\">: <\/span><a href=\"https:\/\/bit.ly\/45YzGyh\" style=\"color:blue; text-decoration:underline\"><span style=\"font-family:&quot;Arial&quot;,sans-serif\">https:\/\/bit.ly\/45YzGyh<\/span><\/a><\/span><\/span><\/span><\/li>\r\n<\/ul>\r\n\r\n<p class=\"MsoNoSpacing\" style=\"text-align:justify\"><span style=\"font-size:12pt\"><span style=\"background:white\"><span style=\"text-justify:inter-ideograph\"><span style=\"line-height:115%\"><span style=\"font-family:&quot;Times New Roman&quot;,serif\"><em><b><span style=\"font-size:10.0pt\"><span style=\"line-height:115%\"><span style=\"font-family:&quot;Arial&quot;,sans-serif\"><span style=\"color:black\">Sobre o CTG-ABINT:<\/span><\/span><\/span><\/span><\/b><\/em><em><span style=\"font-size:10.0pt\"><span style=\"line-height:115%\"><span style=\"font-family:&quot;Arial&quot;,sans-serif\"><span style=\"color:black\">&nbsp; composto por empresas fabricantes e distribuidoras de Geossint&eacute;ticos no Brasil e associadas &agrave; ABINT, o CTG-ABINT tem como objetivo divulgar as aplica&ccedil;&otilde;es dos Geossint&eacute;ticos em obras dos segmentos Ambiental, Agroneg&oacute;cio, Constru&ccedil;&atilde;o Civil, Infraestrutura, Minera&ccedil;&atilde;o, Transporte, entre outros, bem como difundir os conceitos de qualidade a serem observados por fabricantes e usu&aacute;rios, contribuindo para o desenvolvimento mercadol&oacute;gico de forma &eacute;tica e respons&aacute;vel. Para saber mais acesse <\/span><\/span><\/span><\/span><\/em><span style=\"color:black\"><a href=\"http:\/\/www.geossinteticos.org.br\" style=\"color:blue; text-decoration:underline\"><span style=\"font-size:10.0pt\"><span style=\"line-height:115%\"><span style=\"font-family:&quot;Arial&quot;,sans-serif\">www.geossinteticos.org.br<\/span><\/span><\/span><\/a><\/span><\/span><\/span><\/span><\/span><\/span><\/p>\r\n\r\n<p style=\"text-align:justify\"><span style=\"font-size:12pt\"><span style=\"background:white\"><span style=\"text-justify:inter-ideograph\"><span style=\"line-height:115%\"><span style=\"font-family:&quot;Times New Roman&quot;,serif\"><em><b><span style=\"font-size:10.0pt\"><span style=\"line-height:115%\"><span style=\"font-family:&quot;Arial&quot;,sans-serif\"><span style=\"color:black\">Sobre a ABINT:<\/span><\/span><\/span><\/span><\/b><\/em><em><span style=\"font-size:10.0pt\"><span style=\"line-height:115%\"><span style=\"font-family:&quot;Arial&quot;,sans-serif\"><span style=\"color:black\">&nbsp;Fundada em 1991, a Associa&ccedil;&atilde;o Brasileira das Ind&uacute;strias de N&atilde;otecidos e Tecidos T&eacute;cnicos tem como objetivo representar, difundir e defender os interesses da ind&uacute;stria brasileira de N&atilde;otecidos e Tecidos T&eacute;cnicos, promovendo e apoiando o seu desenvolvimento e o crescimento do mercado de aplica&ccedil;&otilde;es desses produtos, que s&atilde;o fundamentais a diversos e importantes setores da economia do pa&iacute;s. Para saber mais acesse&nbsp;<\/span><\/span><\/span><\/span><\/em><span style=\"color:black\"><a href=\"http:\/\/www.abint.org.br\/\" style=\"color:blue; text-decoration:underline\"><em><span style=\"font-size:10.0pt\"><span style=\"line-height:115%\"><span style=\"font-family:&quot;Arial&quot;,sans-serif\"><span style=\"color:black\"><span style=\"text-decoration:none\"><span style=\"text-underline:none\">www.abint.org.br<\/span><\/span><\/span><\/span><\/span><\/span><\/em><\/a><\/span><\/span><\/span><\/span><\/span><\/span><\/p>\r\n\r\n<p style=\"text-align:justify\"><span style=\"font-size:12pt\"><span style=\"background:white\"><span style=\"text-justify:inter-ideograph\"><span style=\"font-family:&quot;Times New Roman&quot;,serif\"><em><b><span style=\"font-size:10.0pt\"><span style=\"font-family:&quot;Arial&quot;,sans-serif\"><span style=\"color:#002060\">Informa&ccedil;&otilde;es &agrave; Imprensa<\/span><\/span><\/span><\/b><\/em><\/span><\/span><\/span><\/span><\/p>\r\n\r\n<p style=\"text-align:justify\"><span style=\"font-size:12pt\"><span style=\"background:white\"><span style=\"text-justify:inter-ideograph\"><span style=\"font-family:&quot;Times New Roman&quot;,serif\"><em><b><span style=\"font-size:10.0pt\"><span style=\"font-family:&quot;Arial&quot;,sans-serif\"><span style=\"color:#002060\">Assessoria de Comunica&ccedil;&atilde;o ABINT<\/span><\/span><\/span><\/b><\/em><\/span><\/span><\/span><\/span><\/p>\r\n\r\n<p style=\"text-align:justify\"><span style=\"font-size:12pt\"><span style=\"background:white\"><span style=\"text-justify:inter-ideograph\"><span style=\"font-family:&quot;Times New Roman&quot;,serif\"><em><b><span style=\"font-size:10.0pt\"><span style=\"font-family:&quot;Arial&quot;,sans-serif\"><span style=\"color:#002060\">Roberta Provatti <\/span><\/span><\/span><\/b><\/em><\/span><\/span><\/span><\/span><\/p>\r\n\r\n<p style=\"text-align:justify\"><span style=\"font-size:12pt\"><span style=\"background:white\"><span style=\"text-justify:inter-ideograph\"><span style=\"font-family:&quot;Times New Roman&quot;,serif\"><em><b><span style=\"font-size:10.0pt\"><span style=\"font-family:&quot;Arial&quot;,sans-serif\"><span style=\"color:#002060\">(11) 99652-4661<\/span><\/span><\/span><\/b><\/em><\/span><\/span><\/span><\/span><\/p>\r\n\r\n<p style=\"text-align:justify\"><span style=\"font-size:12pt\"><span style=\"background:white\"><span style=\"text-justify:inter-ideograph\"><span style=\"font-family:&quot;Times New Roman&quot;,serif\"><em><b><span style=\"font-size:10.0pt\"><span style=\"font-family:&quot;Arial&quot;,sans-serif\"><span style=\"color:#002060\">provattijornalista@gmail.co<\/span><\/span><\/span><\/b><\/em><\/span><\/span><\/span><\/span><\/p>\r\n","6":"<p align=\"center\" class=\"MsoNoSpacing\" style=\"text-align:center\"><span style=\"font-size:11pt\"><span style=\"line-height:normal\"><span style=\"font-family:Calibri,sans-serif\"><i><span style=\"font-size:12.0pt\"><span style=\"font-family:&quot;Arial&quot;,sans-serif\">A 4&ordf;. edi&ccedil;&atilde;o do evento ser&aacute; realizada em S&atilde;o Paulo e reunir&aacute; instrutores altamente qualificados que apresentar&atilde;o, al&eacute;m da teoria, cases de sucesso, visando a capacita&ccedil;&atilde;o de instaladores <\/span><\/span><\/i><\/span><\/span><\/span><\/p>\r\n\r\n<p align=\"center\" style=\"text-align:center; margin-bottom:13px\">&nbsp;<\/p>\r\n\r\n<p class=\"MsoNoSpacing\" style=\"text-align:justify\">\u200b\u200b\u200b\u200b\u200b\u200b\u200b<span style=\"font-size:11pt\"><span style=\"text-justify:inter-ideograph\"><span style=\"font-family:Calibri,sans-serif\"><b><span style=\"font-family:&quot;Arial&quot;,sans-serif\">Mar&ccedil;o, 2026: <\/span><\/b><span style=\"font-family:&quot;Arial&quot;,sans-serif\">Com vistas &agrave; qualidade e &agrave; efici&ecirc;ncia em obras que utilizem geomembranas, o Comit&ecirc; T&eacute;cnico de Geossint&eacute;ticos da Associa&ccedil;&atilde;o Brasileira das Ind&uacute;strias de N&atilde;otecidos e Tecidos T&eacute;cnicos (CTG ABINT) abre inscri&ccedil;&otilde;es para a 4<b>&ordf;. edi&ccedil;&atilde;o do Curso Brasileiro de Instala&ccedil;&atilde;o de Geomembranas &quot;Paulo Kenji A&ccedil;akura&quot;, <\/b>que ser&aacute; realizado de 17 a 19 de mar&ccedil;o de 2026, no Instituto Mau&aacute; de Tecnologia (IMT), em S&atilde;o Paulo.<\/span><\/span><\/span><\/span><\/p>\r\n\r\n<p class=\"MsoNoSpacing\" style=\"text-align:justify\"><span style=\"font-size:11pt\"><span style=\"text-justify:inter-ideograph\"><span style=\"font-family:Calibri,sans-serif\"><span style=\"font-family:&quot;Arial&quot;,sans-serif\">O curso reunir&aacute; renomados instrutores do mercado, todos com vasta experi&ecirc;ncia nos processos de instala&ccedil;&atilde;o de geossint&eacute;ticos. O objetivo &eacute; proporcionar ao participante uma experi&ecirc;ncia completa, apresentando o que h&aacute; de mais atual em tecnologias voltadas &agrave; instala&ccedil;&atilde;o de geomembranas e &agrave; qualidade. <\/span><\/span><\/span><\/span><\/p>\r\n\r\n<p class=\"MsoNoSpacing\" style=\"text-align:justify\"><span style=\"font-size:11pt\"><span style=\"text-justify:inter-ideograph\"><span style=\"font-family:Calibri,sans-serif\"><span style=\"font-family:&quot;Arial&quot;,sans-serif\">Al&eacute;m da parte te&oacute;rica, o curso aborda cases atualizados de obras que apresentam a efici&ecirc;ncia da instala&ccedil;&atilde;o. &ldquo;Um importante diferencial desse curso &eacute; a parte pr&aacute;tica que acompanha as palestras te&oacute;ricas de nosso time de instrutores nacionais e internacionais&rdquo;, afirma a Samira Paranhos, engenheira da Ober Geossint&eacute;ticos e a coordenadora do CTG ABINT. <\/span><\/span><\/span><\/span><\/p>\r\n\r\n<p class=\"MsoNoSpacing\" style=\"text-align:justify\"><span style=\"font-size:11pt\"><span style=\"text-justify:inter-ideograph\"><span style=\"font-family:Calibri,sans-serif\"><span style=\"font-family:&quot;Arial&quot;,sans-serif\">Segundo ela, a programa&ccedil;&atilde;o foi desenvolvida para que os participantes conhe&ccedil;am os procedimentos de preparo de instala&ccedil;&atilde;o e soldagem de geomembranas, a import&acirc;ncia do controle e verifica&ccedil;&atilde;o de qualidade de constru&ccedil;&atilde;o, e adquiram conhecimentos espec&iacute;ficos, que s&atilde;o fundamentais, sobre geomembranas de PEAD e PVC, entre outros assuntos.<\/span><\/span><\/span><\/span><\/p>\r\n\r\n<p class=\"MsoNoSpacing\" style=\"text-align:justify\"><span style=\"font-size:11pt\"><span style=\"text-justify:inter-ideograph\"><span style=\"font-family:Calibri,sans-serif\"><b><span style=\"font-family:&quot;Arial&quot;,sans-serif\">Aplica&ccedil;&otilde;es das geomembranas<\/span><\/b><\/span><\/span><\/span><\/p>\r\n\r\n<p class=\"MsoNoSpacing\" style=\"text-align:justify\"><span style=\"font-size:11pt\"><span style=\"text-justify:inter-ideograph\"><span style=\"font-family:Calibri,sans-serif\"><span style=\"font-family:&quot;Arial&quot;,sans-serif\">O uso de geomembranas vem crescendo em setores como da minera&ccedil;&atilde;o (pilhas de lixivia&ccedil;&atilde;o, barragens de rejeitos, canais e tanques), saneamento b&aacute;sico (aterros sanit&aacute;rios, lagoas de estabiliza&ccedil;&atilde;o, reservat&oacute;rios de &aacute;gua pot&aacute;vel) e agroneg&oacute;cio (canais e reservat&oacute;rios de irriga&ccedil;&atilde;o, biodigestores e esterqueiras, aquicultura, silagem), por exemplo.<\/span><\/span><\/span><\/span><\/p>\r\n\r\n<p class=\"MsoNoSpacing\" style=\"text-align:justify\"><span style=\"font-size:11pt\"><span style=\"text-justify:inter-ideograph\"><span style=\"font-family:Calibri,sans-serif\"><span style=\"font-family:&quot;Arial&quot;,sans-serif\">Isso se d&aacute; em fun&ccedil;&atilde;o da efici&ecirc;ncia desses materiais, al&eacute;m de seu custo-benef&iacute;cio. &ldquo;&Eacute; por isso que esse curso ganha ainda mais import&acirc;ncia, uma vez que a qualidade da instala&ccedil;&atilde;o &eacute; um dos pontos fundamentais para garantir q efici&ecirc;ncia do produto e a longevidade da obra&rdquo;, comenta Samira Paranhos. <\/span><\/span><\/span><\/span><\/p>\r\n\r\n<p class=\"MsoNoSpacing\" style=\"text-align:justify\"><span style=\"font-size:11pt\"><span style=\"text-justify:inter-ideograph\"><span style=\"font-family:Calibri,sans-serif\"><b><span style=\"font-family:&quot;Arial&quot;,sans-serif\">Programa&ccedil;&atilde;o<\/span><\/b><\/span><\/span><\/span><\/p>\r\n\r\n<p class=\"MsoNoSpacing\" style=\"text-align:justify\"><span style=\"font-size:11pt\"><span style=\"text-justify:inter-ideograph\"><span style=\"font-family:Calibri,sans-serif\"><span style=\"font-family:&quot;Arial&quot;,sans-serif\">A 4&ordf;. edi&ccedil;&atilde;o do Curso Brasileiro de Instala&ccedil;&atilde;o de Geomembranas &quot;Paulo Kenji A&ccedil;akura&quot; trar&aacute; temas relevantes com forte carga te&oacute;rica, mas principalmente pr&aacute;tica. <\/span><\/span><\/span><\/span><\/p>\r\n\r\n<p class=\"MsoNoSpacing\" style=\"text-align:justify\"><span style=\"font-size:11pt\"><span style=\"text-justify:inter-ideograph\"><span style=\"font-family:Calibri,sans-serif\"><span style=\"font-family:&quot;Arial&quot;,sans-serif\">Para falar sobre o preparo para instala&ccedil;&atilde;o e soldagem de geomembranas, controle e verifica&ccedil;&atilde;o de qualidade de constru&ccedil;&atilde;o (CQC\/CQA), soldagem por extrus&atilde;o de geomembranas e CQC, as especifica&ccedil;&otilde;es FGI e fabrica&ccedil;&atilde;o de pain&eacute;is, al&eacute;m da localiza&ccedil;&atilde;o de furos (LGF) em geomembranas cobertas e expostas, o evento contar&aacute; com a presen&ccedil;a do Dr. Julio Ferreira. Os temas s&atilde;o voltados a instaladores, assim como para fiscalizadores e compradores de Geomembranas. <\/span><\/span><\/span><\/span><\/p>\r\n\r\n<p class=\"MsoNoSpacing\" style=\"text-align:justify\"><span style=\"font-size:11pt\"><span style=\"text-justify:inter-ideograph\"><span style=\"font-family:Calibri,sans-serif\"><span style=\"font-family:&quot;Arial&quot;,sans-serif\">J&aacute; o Eng. Thiago Costa, Diretor da Tecnopl&aacute;s Engenharia, abordar&aacute; os procedimentos para soldagem por fus&atilde;o de geomembranas e CQC, as interfer&ecirc;ncias de tubos na geomembrana e detalhes, as coberturas flutuantes de geomembranas e exemplos pr&aacute;ticos de m&aacute; instala&ccedil;&atilde;o. As consequ&ecirc;ncias de um servi&ccedil;o realizado sem a qualidade exigida, os procedimentos normativos e boas pr&aacute;ticas de instala&ccedil;&atilde;o ser&atilde;o abordados. <\/span><\/span><\/span><\/span><\/p>\r\n\r\n<p class=\"MsoNoSpacing\" style=\"text-align:justify\"><span style=\"font-size:11pt\"><span style=\"text-justify:inter-ideograph\"><span style=\"font-family:Calibri,sans-serif\"><span style=\"font-family:&quot;Arial&quot;,sans-serif\">O Eng C&eacute;sar Botelho ser&aacute; o respons&aacute;vel pelas palestras Soldagem por Extrus&atilde;o de geomembranas e CQC e Posicionamento e Soldagem de Pain&eacute;is no Campo. Ele contar&aacute; com a participa&ccedil;&atilde;o do Eng. Thiago Costa na palestra sobre a organiza&ccedil;&atilde;o de equipe de instala&ccedil;&atilde;o.<\/span><\/span><\/span><\/span><\/p>\r\n\r\n<p class=\"MsoNoSpacing\" style=\"text-align:justify\"><span style=\"font-size:11pt\"><span style=\"text-justify:inter-ideograph\"><span style=\"font-family:Calibri,sans-serif\"><span style=\"font-family:&quot;Arial&quot;,sans-serif\">Al&eacute;m de orienta&ccedil;&otilde;es pr&aacute;ticas do Dr. Julio Ferreira, grande parte pr&aacute;tica do evento ficar&aacute; por conta do Eng. Luduik Rosales. Os participantes estar&atilde;o em campo para atuar com soldagem por fus&atilde;o (campeonato de solda por fus&atilde;o), soldagem por fus&atilde;o (ensaios n&atilde;o destrutivos), soldagem por extrus&atilde;o, soldagem por termofus&atilde;o de geomembranas de PVC, tubos e detalhes. <\/span><\/span><\/span><\/span><\/p>\r\n\r\n<p class=\"MsoNoSpacing\" style=\"text-align:justify\"><span style=\"font-size:11pt\"><span style=\"text-justify:inter-ideograph\"><span style=\"font-family:Calibri,sans-serif\"><span style=\"font-family:&quot;Arial&quot;,sans-serif\">A Consultora em Geossint&eacute;ticos, Eng. Indiara Giugni, far&aacute; tr&ecirc;s palestras: Informa&ccedil;&otilde;es sobre geomembrana de PEAD; Interfer&ecirc;ncias de tubos na geomembrana e detalhes e Informa&ccedil;&otilde;es sobre geomembranas de PVC. Ela explica que os propriet&aacute;rios das empresas instaladoras e seus soldadores e os fiscalizadores devem conhecer as caracter&iacute;sticas das geomembranas de PEAD, PEBDL e PVC, para tomarem os cuidados necess&aacute;rios durante a instala&ccedil;&atilde;o dessas geomembranas. Tanto a execu&ccedil;&atilde;o das soldas, como a coloca&ccedil;&atilde;o e ancoragem dos pain&eacute;is, podem afetar as propriedades de durabilidade das geomembranas. &ldquo;O fabricante deve produzir geomembranas com qualidade, para que tenham bom desempenho a longo prazo, mas essa qualidade poder&aacute; ser seriamente prejudicada durante a sua instala&ccedil;&atilde;o&rdquo;, afirma a Eng. Indiara Giugni.<\/span><\/span><\/span><\/span><\/p>\r\n\r\n<p class=\"MsoNoSpacing\" style=\"text-align:justify\"><span style=\"font-size:11pt\"><span style=\"text-justify:inter-ideograph\"><span style=\"font-family:Calibri,sans-serif\"><span style=\"font-family:&quot;Arial&quot;,sans-serif\">A Eng. Indiara tamb&eacute;m ser&aacute; respons&aacute;vel pelo Exame de Certifica&ccedil;&atilde;o IAGI CWT, que ser&aacute; aberto, exclusivamente para soldadores de Geomembrana de PEAD e realizado no dia 20 de mar&ccedil;o. &nbsp;<\/span><\/span><\/span><\/span><\/p>\r\n\r\n<p class=\"MsoNoSpacing\" style=\"text-align:justify\"><span style=\"font-size:11pt\"><span style=\"text-justify:inter-ideograph\"><span style=\"font-family:Calibri,sans-serif\"><span style=\"font-family:&quot;Arial&quot;,sans-serif\">Para conhecer a programa&ccedil;&atilde;o completa, acesse: <\/span><a href=\"https:\/\/bit.ly\/45YzGyh\" style=\"color:blue; text-decoration:underline\"><span style=\"font-family:&quot;Arial&quot;,sans-serif\">https:\/\/bit.ly\/45YzGyh<\/span><\/a><\/span><\/span><\/span><\/p>\r\n\r\n<p class=\"MsoNoSpacing\" style=\"text-align:justify\"><span style=\"font-size:11pt\"><span style=\"text-justify:inter-ideograph\"><span style=\"font-family:Calibri,sans-serif\"><b><span style=\"font-family:&quot;Arial&quot;,sans-serif\">SERVI&Ccedil;O<\/span><\/b><span style=\"font-family:&quot;Arial&quot;,sans-serif\">: <b>4&ordf;. edi&ccedil;&atilde;o do Curso Brasileiro de Instala&ccedil;&atilde;o de Geomembranas &quot;Paulo Kenji A&ccedil;akura&quot; <\/b><\/span><\/span><\/span><\/span><\/p>\r\n\r\n<ul>\r\n\t<li class=\"MsoNoSpacing\" style=\"margin-left:7px; text-align:justify\"><span style=\"font-size:11pt\"><span style=\"text-justify:inter-ideograph\"><span style=\"font-family:Calibri,sans-serif\"><b><span style=\"font-family:&quot;Arial&quot;,sans-serif\">Data: <\/span><\/b><span style=\"font-family:&quot;Arial&quot;,sans-serif\">de 17 a 19 de mar&ccedil;o de 2025<\/span><\/span><\/span><\/span><\/li>\r\n\t<li class=\"MsoNoSpacing\" style=\"margin-left:7px; text-align:justify\"><span style=\"font-size:11pt\"><span style=\"text-justify:inter-ideograph\"><span style=\"font-family:Calibri,sans-serif\"><b><span style=\"font-family:&quot;Arial&quot;,sans-serif\">Local:<\/span><\/b><span style=\"font-family:&quot;Arial&quot;,sans-serif\"> Instituto Mau&aacute; de Tecnologia - S&atilde;o Caetano do Sul\/SP<\/span><\/span><\/span><\/span><\/li>\r\n\t<li class=\"MsoNoSpacing\" style=\"margin-left:7px; text-align:justify\"><span style=\"font-size:11pt\"><span style=\"text-justify:inter-ideograph\"><span style=\"font-family:Calibri,sans-serif\"><b><span style=\"font-family:&quot;Arial&quot;,sans-serif\">Inscri&ccedil;&otilde;es e informa&ccedil;&otilde;es<\/span><\/b><span style=\"font-family:&quot;Arial&quot;,sans-serif\">: <\/span><a href=\"https:\/\/bit.ly\/45YzGyh\" style=\"color:blue; text-decoration:underline\"><span style=\"font-family:&quot;Arial&quot;,sans-serif\">https:\/\/bit.ly\/45YzGyh<\/span><\/a><\/span><\/span><\/span><\/li>\r\n<\/ul>\r\n\r\n<p class=\"MsoNoSpacing\" style=\"text-align:justify\"><span style=\"font-size:12pt\"><span style=\"background:white\"><span style=\"text-justify:inter-ideograph\"><span style=\"line-height:115%\"><span style=\"font-family:&quot;Times New Roman&quot;,serif\"><em><b><span style=\"font-size:10.0pt\"><span style=\"line-height:115%\"><span style=\"font-family:&quot;Arial&quot;,sans-serif\"><span style=\"color:black\">Sobre o CTG-ABINT:<\/span><\/span><\/span><\/span><\/b><\/em><em><span style=\"font-size:10.0pt\"><span style=\"line-height:115%\"><span style=\"font-family:&quot;Arial&quot;,sans-serif\"><span style=\"color:black\">&nbsp; composto por empresas fabricantes e distribuidoras de Geossint&eacute;ticos no Brasil e associadas &agrave; ABINT, o CTG-ABINT tem como objetivo divulgar as aplica&ccedil;&otilde;es dos Geossint&eacute;ticos em obras dos segmentos Ambiental, Agroneg&oacute;cio, Constru&ccedil;&atilde;o Civil, Infraestrutura, Minera&ccedil;&atilde;o, Transporte, entre outros, bem como difundir os conceitos de qualidade a serem observados por fabricantes e usu&aacute;rios, contribuindo para o desenvolvimento mercadol&oacute;gico de forma &eacute;tica e respons&aacute;vel. Para saber mais acesse <\/span><\/span><\/span><\/span><\/em><span style=\"color:black\"><a href=\"http:\/\/www.geossinteticos.org.br\" style=\"color:blue; text-decoration:underline\"><span style=\"font-size:10.0pt\"><span style=\"line-height:115%\"><span style=\"font-family:&quot;Arial&quot;,sans-serif\">www.geossinteticos.org.br<\/span><\/span><\/span><\/a><\/span><\/span><\/span><\/span><\/span><\/span><\/p>\r\n\r\n<p style=\"text-align:justify\"><span style=\"font-size:12pt\"><span style=\"background:white\"><span style=\"text-justify:inter-ideograph\"><span style=\"line-height:115%\"><span style=\"font-family:&quot;Times New Roman&quot;,serif\"><em><b><span style=\"font-size:10.0pt\"><span style=\"line-height:115%\"><span style=\"font-family:&quot;Arial&quot;,sans-serif\"><span style=\"color:black\">Sobre a ABINT:<\/span><\/span><\/span><\/span><\/b><\/em><em><span style=\"font-size:10.0pt\"><span style=\"line-height:115%\"><span style=\"font-family:&quot;Arial&quot;,sans-serif\"><span style=\"color:black\">&nbsp;Fundada em 1991, a Associa&ccedil;&atilde;o Brasileira das Ind&uacute;strias de N&atilde;otecidos e Tecidos T&eacute;cnicos tem como objetivo representar, difundir e defender os interesses da ind&uacute;stria brasileira de N&atilde;otecidos e Tecidos T&eacute;cnicos, promovendo e apoiando o seu desenvolvimento e o crescimento do mercado de aplica&ccedil;&otilde;es desses produtos, que s&atilde;o fundamentais a diversos e importantes setores da economia do pa&iacute;s. Para saber mais acesse&nbsp;<\/span><\/span><\/span><\/span><\/em><span style=\"color:black\"><a href=\"http:\/\/www.abint.org.br\/\" style=\"color:blue; text-decoration:underline\"><em><span style=\"font-size:10.0pt\"><span style=\"line-height:115%\"><span style=\"font-family:&quot;Arial&quot;,sans-serif\"><span style=\"color:black\"><span style=\"text-decoration:none\"><span style=\"text-underline:none\">www.abint.org.br<\/span><\/span><\/span><\/span><\/span><\/span><\/em><\/a><\/span><\/span><\/span><\/span><\/span><\/span><\/p>\r\n\r\n<p style=\"text-align:justify\"><span style=\"font-size:12pt\"><span style=\"background:white\"><span style=\"text-justify:inter-ideograph\"><span style=\"font-family:&quot;Times New Roman&quot;,serif\"><em><b><span style=\"font-size:10.0pt\"><span style=\"font-family:&quot;Arial&quot;,sans-serif\"><span style=\"color:#002060\">Informa&ccedil;&otilde;es &agrave; Imprensa<\/span><\/span><\/span><\/b><\/em><\/span><\/span><\/span><\/span><\/p>\r\n\r\n<p style=\"text-align:justify\"><span style=\"font-size:12pt\"><span style=\"background:white\"><span style=\"text-justify:inter-ideograph\"><span style=\"font-family:&quot;Times New Roman&quot;,serif\"><em><b><span style=\"font-size:10.0pt\"><span style=\"font-family:&quot;Arial&quot;,sans-serif\"><span style=\"color:#002060\">Assessoria de Comunica&ccedil;&atilde;o ABINT<\/span><\/span><\/span><\/b><\/em><\/span><\/span><\/span><\/span><\/p>\r\n\r\n<p style=\"text-align:justify\"><span style=\"font-size:12pt\"><span style=\"background:white\"><span style=\"text-justify:inter-ideograph\"><span style=\"font-family:&quot;Times New Roman&quot;,serif\"><em><b><span style=\"font-size:10.0pt\"><span style=\"font-family:&quot;Arial&quot;,sans-serif\"><span style=\"color:#002060\">Roberta Provatti <\/span><\/span><\/span><\/b><\/em><\/span><\/span><\/span><\/span><\/p>\r\n\r\n<p style=\"text-align:justify\"><span style=\"font-size:12pt\"><span style=\"background:white\"><span style=\"text-justify:inter-ideograph\"><span style=\"font-family:&quot;Times New Roman&quot;,serif\"><em><b><span style=\"font-size:10.0pt\"><span style=\"font-family:&quot;Arial&quot;,sans-serif\"><span style=\"color:#002060\">(11) 99652-4661<\/span><\/span><\/span><\/b><\/em><\/span><\/span><\/span><\/span><\/p>\r\n\r\n<p style=\"text-align:justify\"><span style=\"font-size:12pt\"><span style=\"background:white\"><span style=\"text-justify:inter-ideograph\"><span style=\"font-family:&quot;Times New Roman&quot;,serif\"><em><b><span style=\"font-size:10.0pt\"><span style=\"font-family:&quot;Arial&quot;,sans-serif\"><span style=\"color:#002060\">provattijornalista@gmail.co<\/span><\/span><\/span><\/b><\/em><\/span><\/span><\/span><\/span><\/p>\r\n","texto_en":"","7":"","imagem":"COMP_capa-site-comunicacao-2026_20260323172007fKnYpeQ6BS.jpg","8":"COMP_capa-site-comunicacao-2026_20260323172007fKnYpeQ6BS.jpg","arquivo":null,"9":null,"titulo_arquivo":"","10":"","titulo_arquivo_en":"","11":"","created_at":"2026-03-23 17:20:13","12":"2026-03-23 17:20:13","updated_at":"2026-03-23 17:20:13","13":"2026-03-23 17:20:13"},{"id":215,"0":215,"ordem":8,"1":8,"data":"2026-02-10","2":"2026-02-10","slug":"boletim-abint-de-noticias-semanais-113","3":"boletim-abint-de-noticias-semanais-113","titulo":"Boletim ABINT de Not\u00edcias Semanais","4":"Boletim ABINT de Not\u00edcias Semanais","titulo_en":"","5":"","texto":"<p style=\"text-align:justify\"><span style=\"font-size:11pt\"><span style=\"line-height:normal\"><span style=\"font-family:Calibri,sans-serif\"><span style=\"font-size:14.0pt\">Esta &eacute; uma compila&ccedil;&atilde;o das not&iacute;cias mais relevantes para o setor, incluindo informa&ccedil;&otilde;es sobre acordos internacionais, economia brasileira, sustentabilidade e mat&eacute;rias primas, al&eacute;m de novidades do setor de N&atilde;otecidos e Tecidos T&eacute;cnicos.<\/span><\/span><\/span><\/span><\/p>\r\n\r\n<p style=\"text-align:justify\"><span style=\"font-size:28pt\"><span style=\"font-family:Cambria,serif\"><span style=\"letter-spacing:-0.5pt\"><b><span style=\"font-size:18.0pt\"><span style=\"font-family:&quot;Calibri&quot;,sans-serif\"><span style=\"font-variant:small-caps\">O que vem por a&iacute;<\/span><\/span><\/span><\/b><\/span><\/span><\/span><\/p>\r\n\r\n<p style=\"text-align:justify\"><span style=\"font-size:28pt\"><span style=\"font-family:Cambria,serif\"><span style=\"letter-spacing:-0.5pt\"><b><span style=\"font-size:18.0pt\"><span style=\"font-family:&quot;Calibri&quot;,sans-serif\"><span style=\"font-variant:small-caps\"><img src=\"https:\/\/www.abint.org.br\/assets\/img\/editor\/banner-quadrado-cbig2026_20260210190707C4zRVxuFF0.jpg\" style=\"width: 500px; height: 500px;\" \/><\/span><\/span><\/span><\/b><\/span><\/span><\/span><\/p>\r\n\r\n<p style=\"text-align:justify\"><span style=\"font-size:11pt\"><span style=\"line-height:normal\"><span style=\"font-family:Calibri,sans-serif\"><a href=\"https:\/\/www.even3.com.br\/curso-brasileiro-de-instalacao-de-geomembranas-paulo-kenji-acakiura-686190\/\" style=\"color:blue; text-decoration:underline\"><b><span style=\"font-size:14.0pt\">Acesse aqui para fazer sua inscri&ccedil;&atilde;o<\/span><\/b><\/a><\/span><\/span><\/span><\/p>\r\n\r\n<p style=\"text-align:justify\">&nbsp;<\/p>\r\n\r\n<p style=\"text-align:justify\"><span style=\"font-size:11pt\"><span style=\"line-height:normal\"><span style=\"font-family:Calibri,sans-serif\"><b><span style=\"font-size:14.0pt\"><img src=\"https:\/\/www.abint.org.br\/assets\/img\/editor\/curso-naotecidos-2026_20260210190824gUkSCpzLPV.jpg\" style=\"width: 500px; height: 500px;\" \/><\/span><\/b><\/span><\/span><\/span><\/p>\r\n\r\n<p style=\"text-align:justify\">&nbsp;<\/p>\r\n\r\n<p style=\"text-align:justify\"><span style=\"font-size:11pt\"><span style=\"line-height:normal\"><span style=\"font-family:Calibri,sans-serif\"><a href=\"https:\/\/forms.gle\/VzyfvmnBbH7FtFGV9\" style=\"color:blue; text-decoration:underline\"><b><span style=\"font-size:14.0pt\">Informa&ccedil;&otilde;es e inscri&ccedil;&otilde;es<\/span><\/b><\/a><\/span><\/span><\/span><\/p>\r\n\r\n<p class=\"MsoTitle\" style=\"text-align:justify\"><span style=\"font-size:28pt\"><span style=\"font-family:Cambria,serif\"><span style=\"letter-spacing:-0.5pt\"><b><span style=\"font-size:18.0pt\"><span style=\"font-family:&quot;Calibri&quot;,sans-serif\"><span style=\"font-variant:small-caps\">Not&iacute;cias das Associadas<\/span><\/span><\/span><\/b><\/span><\/span><\/span><\/p>\r\n\r\n<p style=\"text-align:justify\"><span style=\"font-size:11pt\"><span style=\"line-height:normal\"><span style=\"font-family:Calibri,sans-serif\"><a href=\"https:\/\/www.madeiratotal.com.br\/como-a-andritz-esta-transformando-a-descarbonizacao-em-estrategia-concreta-na-industria-de-celulose-e-papel\/\" style=\"color:blue; text-decoration:underline\"><span style=\"font-size:14.0pt\">Como a ANDRITZ est&aacute; transformando a descarboniza&ccedil;&atilde;o em estrat&eacute;gia concreta na ind&uacute;stria de celulose e papel<\/span><\/a><\/span><\/span><\/span><\/p>\r\n\r\n<p style=\"text-align:justify\"><span style=\"font-size:11pt\"><span style=\"line-height:normal\"><span style=\"font-family:Calibri,sans-serif\"><a href=\"https:\/\/www.msn.com\/en-us\/money\/savingandinvesting\/braskem-and-fitesa-unveil-sustainable-breakthrough-in-nonwoven-materials\/ar-AA1ElSEm?apiversion=v2&amp;domshim=1&amp;noservercache=1&amp;noservertelemetry=1&amp;batchservertelemetry=1&amp;renderwebcomponents=1&amp;wcseo=1\" style=\"color:blue; text-decoration:underline\"><span lang=\"ES-AR\" style=\"font-size:14.0pt\">Braskem and Fitesa unveil sustainable breakthrough in nonwoven materials<\/span><\/a><\/span><\/span><\/span><\/p>\r\n\r\n<p style=\"text-align:justify\"><span style=\"font-size:11pt\"><span style=\"line-height:normal\"><span style=\"font-family:Calibri,sans-serif\"><b><span lang=\"EN-US\" style=\"font-size:18.0pt\"><span style=\"font-variant:small-caps\">Eventos<\/span><\/span><\/b><\/span><\/span><\/span><\/p>\r\n\r\n<p style=\"text-align:justify\"><span style=\"font-size:11pt\"><span style=\"line-height:normal\"><span style=\"font-family:Calibri,sans-serif\"><a href=\"https:\/\/events.economist.com\/sustainability-week\/?RefID=EM13A-WhatsNew-Del_email-owned_MA00007195\" style=\"color:blue; text-decoration:underline\"><b><span lang=\"EN-US\" style=\"font-size:14.0pt\">11th annual Sustainability Week | Incorporating the 3rd annual Energy Transition Summit<\/span><\/b><\/a><span lang=\"EN-US\" style=\"font-size:14.0pt\">, March 2nd &ndash; 4th 2026, Intercontinental London &ndash; the O2<\/span><\/span><\/span><\/span><\/p>\r\n\r\n<p style=\"text-align:justify\"><span style=\"font-size:11pt\"><span style=\"line-height:normal\"><span style=\"font-family:Calibri,sans-serif\"><a href=\"https:\/\/www.portaldaindustria.com.br\/eventos\/pt\/edicoes\/sb-cop-pos-cop30-o-papel-da-industria-na-agenda-de?v=f&amp;c=CNI&amp;p=&amp;t=publica-base-fluida.html#msdynmkt_trackingcontext=744b76b6-2041-4f78-bd7c-83a7ebd90100\" style=\"color:blue; text-decoration:underline\"><b><span style=\"font-size:14.0pt\">CNI P&oacute;s-COP30: o papel da ind&uacute;stria na agenda de clima<\/span><\/b><\/a><span style=\"font-size:14.0pt\">, 04 de mar&ccedil;o de 2026, 10h &agrave;s 15h, Sede da CNI - SBN, Quadra 1, Bloco C, Ed. Roberto Simonsen &ndash; Bras&iacute;lia\/DF, presencial<\/span><\/span><\/span><\/span><\/p>\r\n\r\n<p style=\"text-align:justify\"><span style=\"font-size:11pt\"><span style=\"line-height:normal\"><span style=\"font-family:Calibri,sans-serif\"><a href=\"https:\/\/congressodeinovacao.com.br\/\" style=\"color:blue; text-decoration:underline\"><b><span style=\"font-size:14.0pt\">11&ordm; Congresso de Inova&ccedil;&atilde;o da Ind&uacute;stria<\/span><\/b><\/a><span style=\"font-size:14.0pt\">, 25 e 26 de mar&ccedil;o de 2026, WTC S&atilde;o Paulo<\/span><\/span><\/span><\/span><\/p>\r\n\r\n<p style=\"text-align:justify\"><span style=\"font-size:11pt\"><span style=\"line-height:normal\"><span style=\"font-family:Calibri,sans-serif\"><a href=\"https:\/\/www.worldofwipes.org\/\" style=\"color:blue; text-decoration:underline\"><b><span lang=\"EN-US\" style=\"font-size:14.0pt\">INDA | WOW - World of Wipes International Conference<\/span><\/b><\/a><span lang=\"EN-US\" style=\"font-size:14.0pt\">, June 29&ndash;July 2, 2026, Grand Hyatt Nashville, Nashville, Tennessee USA<\/span><\/span><\/span><\/span><\/p>\r\n\r\n<p style=\"text-align:justify\"><span style=\"font-size:11pt\"><span style=\"line-height:normal\"><span style=\"font-family:Calibri,sans-serif\"><a href=\"https:\/\/filtech.de\/\" style=\"color:blue; text-decoration:underline\"><b><span style=\"font-size:14.0pt\">Filtech 2026<\/span><\/b><\/a><span style=\"font-size:14.0pt\">, de 30 de junho a 2 de julho, Cologne, Alemanha<\/span><\/span><\/span><\/span><\/p>\r\n\r\n<p style=\"text-align:justify\"><span style=\"font-size:11pt\"><span style=\"line-height:normal\"><span style=\"font-family:Calibri,sans-serif\"><a href=\"https:\/\/www.formobile.com.br\/pt\/home.html\" style=\"color:blue; text-decoration:underline\"><b><span style=\"font-size:14.0pt\">ForM&oacute;bile 2026<\/span><\/b><\/a><span style=\"font-size:14.0pt\">, 30 de junho e 3 de julho de 2026, S&atilde;o Paulo Expo<\/span><\/span><\/span><\/span><\/p>\r\n\r\n<p style=\"text-align:justify\"><span style=\"font-size:11pt\"><span style=\"line-height:normal\"><span style=\"font-family:Calibri,sans-serif\"><a href=\"https:\/\/sienge.com.br\/construsummit\/\" style=\"color:blue; text-decoration:underline\"><b><span style=\"font-size:14.0pt\">Construsummit<\/span><\/b><\/a><span style=\"font-size:14.0pt\">, 1 e 2 de julho de 2026, Florian&oacute;polis, SC<\/span><\/span><\/span><\/span><\/p>\r\n\r\n<p style=\"text-align:justify\"><span style=\"font-size:11pt\"><span style=\"line-height:normal\"><span style=\"font-family:Calibri,sans-serif\"><a href=\"https:\/\/ficons.com.br\/\" style=\"color:blue; text-decoration:underline\"><b><span style=\"font-size:14.0pt\">FICONS - Feira Internacional de Materiais, Equipamentos e Servi&ccedil;os da Constru&ccedil;&atilde;o<\/span><\/b><\/a><span style=\"font-size:14.0pt\">, 15 a 18 de setembro de 2026, Centro de Conven&ccedil;&otilde;es de Pernambuco Recife\/ Olinda<\/span><\/span><\/span><\/span><\/p>\r\n\r\n<p style=\"text-align:justify\"><span style=\"font-size:11pt\"><span style=\"line-height:normal\"><span style=\"font-family:Calibri,sans-serif\"><a href=\"https:\/\/www.edana.org\/events\/outlook\/outlook-2025\" style=\"color:blue; text-decoration:underline\"><b><span style=\"font-size:14.0pt\">OUTLOOK&trade; 2026<\/span><\/b><\/a><span style=\"font-size:14.0pt\">, 22&ndash;24 September 2026, Hotel Miragem, Cascais, Portugal<\/span><\/span><\/span><\/span><\/p>\r\n\r\n<p style=\"text-align:justify\"><span style=\"font-size:11pt\"><span style=\"line-height:normal\"><span style=\"font-family:Calibri,sans-serif\"><a href=\"https:\/\/hospitalmed.com.br\/feira\/\" style=\"color:blue; text-decoration:underline\"><b><span style=\"font-size:14.0pt\">HospitalMed<\/span><\/b><\/a><span style=\"font-size:14.0pt\">, 21 a 23 de outubro de 2026, das 14h &agrave;s 20h, Pernambuco Centro de Conven&ccedil;&otilde;es, Olinda<\/span><\/span><\/span><\/span><\/p>\r\n\r\n<p style=\"text-align:justify\"><span style=\"font-size:11pt\"><span style=\"line-height:normal\"><span style=\"font-family:Calibri,sans-serif\"><a href=\"https:\/\/www.edana.org\/events\/edana-sustainability-forum\" style=\"color:blue; text-decoration:underline\"><b><span lang=\"EN-US\" style=\"font-size:14.0pt\">Sustainability &amp; Policy Forum<\/span><\/b><\/a><span lang=\"EN-US\" style=\"font-size:14.0pt\">, 8&ndash;9 December 2026, Residence Palace in Brussels, Belgium<\/span><\/span><\/span><\/span><\/p>\r\n\r\n<p style=\"text-align:justify\"><span style=\"font-size:11pt\"><span style=\"line-height:normal\"><span style=\"font-family:Calibri,sans-serif\"><a href=\"https:\/\/infrane.com.br\/\" style=\"color:blue; text-decoration:underline\"><b><span style=\"font-size:14.0pt\">Infra NE<\/span><\/b><\/a><span style=\"font-size:14.0pt\">, 03 a 05 de mar&ccedil;o de 2027, Centro de Conven&ccedil;&otilde;es Salvador<\/span><\/span><\/span><\/span><\/p>\r\n\r\n<p style=\"text-align:justify\"><span style=\"font-size:28pt\"><span style=\"font-family:Cambria,serif\"><span style=\"letter-spacing:-0.5pt\"><b><span lang=\"EN-US\" style=\"font-size:18.0pt\"><span style=\"font-family:&quot;Calibri&quot;,sans-serif\"><span style=\"font-variant:small-caps\">Setor<\/span><\/span><\/span><\/b><\/span><\/span><\/span><\/p>\r\n\r\n<p style=\"text-align:justify\"><span style=\"font-size:11pt\"><span style=\"line-height:normal\"><span style=\"font-family:Calibri,sans-serif\"><span class=\"MsoHyperlink\" style=\"color:blue\"><span style=\"text-decoration:underline\"><span style=\"font-size:14.0pt\"><a href=\"https:\/\/www.nonwovens-industry.com\/nonwovens-manufacturing-in-asian-countries-varies\/?utm_campaign=NON%20Issue%20Alert&amp;utm_medium=email&amp;_hsenc=p2ANqtz-8tTn6YM7nkJOXuk3xgQtLoKCz4ZDIukYQefOhAepYfJgBZEXPzG3tHFCZoyN12t7mT9ovkKI2aKQTSHte7jerXbNaWcw&amp;_hsmi=402298416&amp;utm_content=402298416&amp;utm_source=hs_email\" style=\"color:blue; text-decoration:underline\">Nonwovens Manufacturing in Asian Countries Varies<\/a><\/span><\/span><\/span><\/span><\/span><\/span><\/p>\r\n\r\n<p style=\"text-align:justify\"><span style=\"font-size:11pt\"><span style=\"line-height:normal\"><span style=\"font-family:Calibri,sans-serif\"><span class=\"MsoHyperlink\" style=\"color:blue\"><span style=\"text-decoration:underline\"><span style=\"font-size:14.0pt\"><a href=\"https:\/\/www.nonwovens-industry.com\/spunlace-market-update-2\/?utm_campaign=NON%20Issue%20Alert&amp;utm_medium=email&amp;_hsenc=p2ANqtz-_Ncigy6JRw8Ec_-IagSn6mAs2hma9Dx3Scuib2U6Qe3kyxO7tZhPC66wy-H-aGeHHqqdfG2WGzkqXE5OqvQXFVQcR0vQ&amp;_hsmi=402298416&amp;utm_content=402298416&amp;utm_source=hs_email\" style=\"color:blue; text-decoration:underline\">Spunlace Market Update<\/a><\/span><\/span><\/span><\/span><\/span><\/span><\/p>\r\n\r\n<p style=\"text-align:justify\"><span style=\"font-size:11pt\"><span style=\"line-height:normal\"><span style=\"font-family:Calibri,sans-serif\"><span class=\"MsoHyperlink\" style=\"color:blue\"><span style=\"text-decoration:underline\"><span style=\"font-size:14.0pt\"><a href=\"https:\/\/www.nonwovens-industry.com\/personal-care-wipes-market-evolves\/?utm_campaign=NON%20Issue%20Alert&amp;utm_medium=email&amp;_hsenc=p2ANqtz--uqa79dIrpip-GSmHI7otjjVj6RuPYsGyQzZ6gQyljmYrUKDf1gqMhL5d21LAK8zq3z6JmWBf9S8N2sGgJqZgNvzxUSA&amp;_hsmi=402298416&amp;utm_content=402298416&amp;utm_source=hs_email\" style=\"color:blue; text-decoration:underline\">Personal Care Wipes Market Evolves<\/a><\/span><\/span><\/span><\/span><\/span><\/span><\/p>\r\n\r\n<p style=\"text-align:justify\"><span style=\"font-size:11pt\"><span style=\"line-height:normal\"><span style=\"font-family:Calibri,sans-serif\"><span class=\"MsoHyperlink\" style=\"color:blue\"><span style=\"text-decoration:underline\"><span style=\"font-size:14.0pt\"><a href=\"https:\/\/www.indexnonwovens.com\/news\/engineered-for-safety-how-nonwovens-are-transforming-healthcare-514?utm_campaign=index_newsletter_2_january_2026&amp;utm_medium=email&amp;utm_source=Mailjet\" style=\"color:blue; text-decoration:underline\">Engineered for Safety: How Nonwovens Are Transforming Healthcare<\/a><\/span><\/span><\/span><\/span><\/span><\/span><\/p>\r\n\r\n<p style=\"text-align:justify\"><span style=\"font-size:11pt\"><span style=\"line-height:normal\"><span style=\"font-family:Calibri,sans-serif\"><span class=\"MsoHyperlink\" style=\"color:blue\"><span style=\"text-decoration:underline\"><span style=\"font-size:14.0pt\"><a href=\"https:\/\/public-api.wordpress.com\/bar\/?stat=groovemails-events&amp;bin=wpcom_email_click&amp;redirect_to=https%3A%2F%2Fblogdoplastico.wordpress.com%2F2026%2F02%2F08%2Fdistribuicao-de-resinas-cresce-em-2025-mas-cenario-global-impoe-cautela-para-2026%2F&amp;sr=0&amp;signature=30d13457a4273d66f610064149367b22&amp;blog_id=9438832&amp;user=135099004&amp;_e=eyJlcnJvciI6bnVsbCwiYmxvZ19pZCI6OTQzODgzMiwiYmxvZ19sYW5nIjoicHQtQlIiLCJzaXRlX2lkX2xhYmVsIjoid3Bjb20iLCJoYXNfZmVhdHVyZWRfaW1hZ2UiOiIwIiwic3Vic2NyaWJlcl9pZCI6IjQ0NzAwMjQ1IiwiX3VpIjoxMzUwOTkwMDQsImxvY2FsZSI6InB0LWJyIiwiY3VycmVuY3kiOiJCUkwiLCJjb3VudHJ5X2NvZGVfc2lnbnVwIjoiQlIiLCJzaWdudXBfZmxvd19uYW1lIjoiZGVsdGEtc2l0ZSIsImVtYWlsX2RvbWFpbiI6ImFiaW50Lm9yZy5iciIsInBvc3RfaWQiOjE5NjE5LCJ1c2VyX2VtYWlsIjoiYWJpbnRAYWJpbnQub3JnLmJyIiwiZGF0ZV9zZW50IjoiMjAyNi0wMi0wOSIsImVtYWlsX25hbWUiOiJuZXctcG9zdCIsInRlbXBsYXRlIjoibmV3LXBvc3QiLCJlbWFpbF9pZCI6ImMwMThmNDkzZDdmNjA5NTNmOGRiYTc3YTkzNTc2ZjQzIiwibGlua19kZXNjIjoicG9zdC11cmwiLCJhbmNob3JfdGV4dCI6IkRpc3RyaWJ1aVx1MDBlN1x1MDBlM28gZGUgcmVzaW5hcyBjcmVzY2UgZW0gMjAyNSwgbWFzIGNlblx1MDBlMXJpbyBnbG9iYWwgaW1wXHUwMGY1ZSBjYXV0ZWxhIHBhcmFcdTAwYTAyMDI2IiwiX2RyIjpudWxsLCJfZGwiOiJcL3dwLWFkbWluXC9wb3N0LnBocCIsIl91dCI6IndwY29tOnVzZXJfaWQiLCJfdWwiOiJhYmludHR0IiwiX2VuIjoid3Bjb21fZW1haWxfY2xpY2siLCJfdHMiOjE3NzA1OTUyMjA5ODQsImJyb3dzZXJfdHlwZSI6InBocC1hZ2VudCIsIl9hdWEiOiJ3cGNvbS10cmFja3MtY2xpZW50LXYwLjMiLCJibG9nX3R6IjoiLTMiLCJ1c2VyX2xhbmciOiJwdC1iciJ9&amp;_z=z\" style=\"color:blue; text-decoration:underline\">Distribui&ccedil;&atilde;o de resinas cresce em 2025, mas cen&aacute;rio global imp&otilde;e cautela para 2026<\/a><\/span><\/span><\/span><\/span><\/span><\/span><\/p>\r\n\r\n<p style=\"text-align:justify\"><span style=\"font-size:11pt\"><span style=\"line-height:normal\"><span style=\"font-family:Calibri,sans-serif\"><span class=\"MsoHyperlink\" style=\"color:blue\"><span style=\"text-decoration:underline\"><span style=\"font-size:14.0pt\"><a href=\"https:\/\/plasticosemrevista.com.br\/resinas-balanco-da-defesa-comercial-pela-abiquim\/\" style=\"color:blue; text-decoration:underline\">Resinas: balan&ccedil;o da defesa comercial pela Abiquim<\/a><\/span><\/span><\/span><\/span><\/span><\/span><\/p>\r\n\r\n<p style=\"text-align:justify\"><span style=\"font-size:11pt\"><span style=\"line-height:normal\"><span style=\"font-family:Calibri,sans-serif\"><span class=\"MsoHyperlink\" style=\"color:blue\"><span style=\"text-decoration:underline\"><span style=\"font-size:14.0pt\"><a href=\"https:\/\/conectaverde.com.br\/alem-de-garrafas-pet-e-canudos-a-quimica-oculta-que-molda-a-crise-dos-plasticos\/?utm_medium=email&amp;utm_campaign=artigo_marcos_iorio&amp;utm_source=RD+Station\" style=\"color:blue; text-decoration:underline\">Al&eacute;m de garrafas PET e canudos: a qu&iacute;mica oculta que molda a crise dos pl&aacute;sticos<\/a><\/span><\/span><\/span><\/span><\/span><\/span><\/p>\r\n\r\n<p style=\"text-align:justify\"><span class=\"MsoHyperlink\" style=\"color:blue\"><span style=\"text-decoration:underline\"><span style=\"font-size:14.0pt\"><span style=\"line-height:115%\"><span style=\"font-family:&quot;Calibri&quot;,sans-serif\"><a href=\"https:\/\/plasticosemrevista.com.br\/flexiveis-setor-pleiteia-aumento-das-taxas-de-importacao\/\" style=\"color:blue; text-decoration:underline\">Flex&iacute;veis: setor pleiteia aumento das taxas de importa&ccedil;&atilde;o<\/a><\/span><\/span><\/span><\/span><\/span><\/p>\r\n\r\n<p class=\"MsoTitleCxSpMiddle\" style=\"text-align:justify\"><span style=\"font-size:28pt\"><span style=\"font-family:Cambria,serif\"><span style=\"letter-spacing:-0.5pt\"><b><span style=\"font-size:18.0pt\"><span style=\"font-family:&quot;Calibri&quot;,sans-serif\"><span style=\"font-variant:small-caps\">Ind&uacute;stria<\/span><\/span><\/span><\/b><\/span><\/span><\/span><\/p>\r\n\r\n<p class=\"MsoTitleCxSpLast\" style=\"text-align:justify\"><span style=\"font-size:11pt\"><span style=\"line-height:normal\"><span style=\"font-family:Calibri,sans-serif\"><span class=\"MsoHyperlink\" style=\"color:blue\"><span style=\"text-decoration:underline\"><span style=\"font-size:14.0pt\"><a href=\"https:\/\/noticias.portaldaindustria.com.br\/noticias\/economia\/desaceleracao-da-producao-industrial-e-sintoma-de-economia-fragilizada-alerta-cni\/\" style=\"color:blue; text-decoration:underline\">Desacelera&ccedil;&atilde;o da produ&ccedil;&atilde;o industrial &eacute; sintoma de economia fragilizada, alerta CNI<\/a><\/span><\/span><\/span><\/span><\/span><\/span><\/p>\r\n\r\n<p class=\"MsoTitle\" style=\"text-align:justify\"><span style=\"font-size:11pt\"><span style=\"line-height:normal\"><span style=\"font-family:Calibri,sans-serif\"><span class=\"MsoHyperlink\" style=\"color:blue\"><span style=\"text-decoration:underline\"><span style=\"font-size:14.0pt\"><a href=\"https:\/\/noticias.portaldaindustria.com.br\/noticias\/economia\/faturamento-da-industria-fica-estavel-em-2025-aponta-cni\/?utm_source=email&amp;utm_medium=newsletter&amp;utm_campaign=09022026_011\" style=\"color:blue; text-decoration:underline\">Faturamento da ind&uacute;stria fica est&aacute;vel em 2025, aponta CNI<\/a><\/span><\/span><\/span><\/span><\/span><\/span><\/p>\r\n\r\n<p class=\"MsoTitle\" style=\"text-align:justify\"><span style=\"font-size:11pt\"><span style=\"line-height:normal\"><span style=\"font-family:Calibri,sans-serif\"><span class=\"MsoHyperlink\" style=\"color:blue\"><span style=\"text-decoration:underline\"><span style=\"font-size:14.0pt\"><a href=\"https:\/\/noticias.portaldaindustria.com.br\/noticias\/institucional\/mesmo-em-ano-eleitoral-industria-ve-janela-para-aprovacao-de-pautas-estrategicas\/?utm_source=email&amp;utm_medium=newsletter&amp;utm_campaign=04022026_006\" style=\"color:blue; text-decoration:underline\">Mesmo em ano eleitoral, ind&uacute;stria v&ecirc; janela para aprova&ccedil;&atilde;o de pautas estrat&eacute;gicas<\/a><\/span><\/span><\/span><\/span><\/span><\/span><\/p>\r\n\r\n<p class=\"MsoTitle\" style=\"text-align:justify\"><span style=\"font-size:11pt\"><span style=\"line-height:normal\"><span style=\"font-family:Calibri,sans-serif\"><span class=\"MsoHyperlink\" style=\"color:blue\"><span style=\"text-decoration:underline\"><span style=\"font-size:14.0pt\"><a href=\"https:\/\/www.correiobraziliense.com.br\/politica\/2026\/02\/7347913-setor-de-calcados-perde-mais-de-10-mil-empregos-em-dezembro-apos-tarifaco.html\" style=\"color:blue; text-decoration:underline\">Setor de cal&ccedil;ados perde mais de 10 mil empregos em dezembro, ap&oacute;s tarifa&ccedil;o<\/a><\/span><\/span><\/span><\/span><\/span><\/span><\/p>\r\n\r\n<p class=\"MsoTitle\" style=\"text-align:justify\"><span style=\"font-size:11pt\"><span style=\"line-height:normal\"><span style=\"font-family:Calibri,sans-serif\"><span class=\"MsoHyperlink\" style=\"color:blue\"><span style=\"text-decoration:underline\"><span style=\"font-size:14.0pt\"><a href=\"https:\/\/agenciabrasil.ebc.com.br\/economia\/noticia\/2026-02\/producao-e-venda-de-veiculos-caem-em-janeiro-aponta-anfavea\" style=\"color:blue; text-decoration:underline\">Produ&ccedil;&atilde;o e venda de ve&iacute;culos caem em janeiro, aponta Anfavea<\/a><\/span><\/span><\/span><\/span><\/span><\/span><\/p>\r\n\r\n<p class=\"MsoTitle\" style=\"text-align:justify\"><span style=\"font-size:11pt\"><span style=\"line-height:normal\"><span style=\"font-family:Calibri,sans-serif\"><span class=\"MsoHyperlink\" style=\"color:blue\"><span style=\"text-decoration:underline\"><span style=\"font-size:14.0pt\"><a href=\"https:\/\/abrava.com.br\/setor-de-ventilacao-ar-condicionado-e-refrigeracao-no-brasil-teve-faturamento-da-ordem-de-r-5015-bilhoes-em-2025\/?utm_medium=email&amp;utm_campaign=abrava_news_04_de_fevereiro_de_2026&amp;utm_source=RD+Station\" style=\"color:blue; text-decoration:underline\">Setor de ventila&ccedil;&atilde;o, ar-condicionado e refrigera&ccedil;&atilde;o no Brasil teve faturamento da ordem de R$ 50,15 bilh&otilde;es em 2025<\/a><\/span><\/span><\/span><\/span><\/span><\/span><\/p>\r\n\r\n<p class=\"MsoTitleCxSpFirst\" style=\"text-align:justify\"><span style=\"font-size:28pt\"><span style=\"font-family:Cambria,serif\"><span style=\"letter-spacing:-0.5pt\"><b><span style=\"font-size:18.0pt\"><span style=\"font-family:&quot;Calibri&quot;,sans-serif\"><span style=\"font-variant:small-caps\">Sustentabilidade<\/span><\/span><\/span><\/b><\/span><\/span><\/span><\/p>\r\n\r\n<p class=\"MsoTitleCxSpLast\"><span style=\"font-size:11pt\"><span style=\"line-height:normal\"><span style=\"font-family:Calibri,sans-serif\"><span class=\"MsoHyperlink\" style=\"color:blue\"><span style=\"text-decoration:underline\"><span style=\"font-size:14.0pt\"><a href=\"https:\/\/g1.globo.com\/mundo\/noticia\/2026\/02\/07\/europa-libera-reciclagem-quimica-mas-debate-global-expoe-limites-ambientais-do-plastico.ghtml\" style=\"color:blue; text-decoration:underline\">Europa libera reciclagem qu&iacute;mica, mas debate global exp&otilde;e limites ambientais do pl&aacute;stico<\/a><\/span><\/span><\/span><\/span><\/span><\/span><\/p>\r\n\r\n<p class=\"MsoTitle\" style=\"text-align:justify\"><span style=\"font-size:11pt\"><span style=\"line-height:normal\"><span style=\"font-family:Calibri,sans-serif\"><span class=\"MsoHyperlink\" style=\"color:blue\"><span style=\"text-decoration:underline\"><span style=\"font-size:14.0pt\"><a href=\"https:\/\/istoe.com.br\/paises-elegem-chefe-negociador-da-cop-chile-para-impulsionar-tratado-sobre-poluicao-plastica\" style=\"color:blue; text-decoration:underline\">Pa&iacute;ses elegem chefe-negociador da COP Chile para impulsionar tratado sobre polui&ccedil;&atilde;o pl&aacute;stica<\/a><\/span><\/span><\/span><\/span><\/span><\/span><\/p>\r\n\r\n<p class=\"MsoTitle\" style=\"text-align:justify\"><span style=\"font-size:11pt\"><span style=\"line-height:normal\"><span style=\"font-family:Calibri,sans-serif\"><span class=\"MsoHyperlink\" style=\"color:blue\"><span style=\"text-decoration:underline\"><span style=\"font-size:14.0pt\"><a href=\"https:\/\/clickpetroleoegas.com.br\/tramontina-limpa-os-mares-brasileiros-ao-transformar-plastico-recolhido-do-litoral-em-cadeira-sustentavel-que-suporta-154-kg-afch\/\" style=\"color:blue; text-decoration:underline\">Tramontina limpa os mares brasileiros ao transformar pl&aacute;stico recolhido do litoral em cadeira sustent&aacute;vel que suporta 154 kg<\/a><\/span><\/span><\/span><\/span><\/span><\/span><\/p>\r\n\r\n<p class=\"MsoTitleCxSpFirst\" style=\"text-align:justify\"><span style=\"font-size:28pt\"><span style=\"font-family:Cambria,serif\"><span style=\"letter-spacing:-0.5pt\"><b><span style=\"font-size:18.0pt\"><span style=\"font-family:&quot;Calibri&quot;,sans-serif\"><span style=\"font-variant:small-caps\">Inova&ccedil;&atilde;o<\/span><\/span><\/span><\/b><\/span><\/span><\/span><\/p>\r\n\r\n<p class=\"MsoTitleCxSpLast\"><span style=\"font-size:11pt\"><span style=\"line-height:normal\"><span style=\"font-family:Calibri,sans-serif\"><span class=\"MsoHyperlink\" style=\"color:blue\"><span style=\"text-decoration:underline\"><span style=\"font-size:14.0pt\"><a href=\"https:\/\/noticias.portaldaindustria.com.br\/noticias\/inovacao-e-tecnologia\/nib-completa-2-anos-com-destaque-para-investimentos-em-inovacao-e-tecnologia\/?utm_source=email&amp;utm_medium=newsletter&amp;utm_campaign=04022026_006\" style=\"color:blue; text-decoration:underline\">NIB completa 2 anos com destaque para investimentos em inova&ccedil;&atilde;o e tecnologia<\/a><\/span><\/span><\/span><\/span><\/span><\/span><\/p>\r\n\r\n<p class=\"MsoTitle\"><span style=\"font-size:11pt\"><span style=\"line-height:normal\"><span style=\"font-family:Calibri,sans-serif\"><span class=\"MsoHyperlink\" style=\"color:blue\"><span style=\"text-decoration:underline\"><span style=\"font-size:14.0pt\"><a href=\"https:\/\/www.gov.br\/mcti\/pt-br\/acompanhe-o-mcti\/noticias\/2026\/02\/mcti-e-finep-anunciam-investimento-de-r-3-3-bilhoes-em-projetos-alinhados-a-nova-industria-brasil\" style=\"color:blue; text-decoration:underline\">MCTI e Finep anunciam investimento de R$ 3,3 bilh&otilde;es em projetos alinhados &agrave; Nova Ind&uacute;stria Brasil<\/a><\/span><\/span><\/span><\/span><\/span><\/span><\/p>\r\n\r\n<p class=\"MsoTitleCxSpFirst\"><span style=\"font-size:28pt\"><span style=\"font-family:Cambria,serif\"><span style=\"letter-spacing:-0.5pt\"><b><span style=\"font-size:18.0pt\"><span style=\"font-family:&quot;Calibri&quot;,sans-serif\"><span style=\"font-variant:small-caps\">Com&eacute;rcio Exterior<\/span><\/span><\/span><\/b><\/span><\/span><\/span><\/p>\r\n\r\n<p class=\"MsoTitleCxSpLast\" style=\"text-align:justify\"><span style=\"font-size:11pt\"><span style=\"line-height:normal\"><span style=\"font-family:Calibri,sans-serif\"><span class=\"MsoHyperlink\" style=\"color:blue\"><span style=\"text-decoration:underline\"><span style=\"font-size:14.0pt\"><a href=\"https:\/\/plasticosemrevista.com.br\/resinas-o-impacto-das-importacoes-dos-eua-e-china\/\" style=\"color:blue; text-decoration:underline\">Resinas: o impacto das importa&ccedil;&otilde;es dos EUA e China<\/a><\/span><\/span><\/span><\/span><\/span><\/span><\/p>\r\n\r\n<p style=\"text-align:justify\"><span style=\"font-size:11pt\"><span style=\"line-height:normal\"><span style=\"font-family:Calibri,sans-serif\"><span class=\"MsoHyperlink\" style=\"color:blue\"><span style=\"text-decoration:underline\"><span style=\"font-size:14.0pt\"><a href=\"https:\/\/apexbrasil.com.br\/content\/apexbrasil\/br\/pt\/conteudo\/noticias\/forum-empresarial-brasil-russia-marca-um-novo-patamar-nas-relaco.html\" style=\"color:blue; text-decoration:underline\">F&oacute;rum Empresarial Brasil-R&uacute;ssia marca um novo patamar nas rela&ccedil;&otilde;es entre os dois pa&iacute;ses<\/a><\/span><\/span><\/span><\/span><\/span><\/span><\/p>\r\n\r\n<p style=\"text-align:justify\"><span style=\"font-size:11pt\"><span style=\"line-height:normal\"><span style=\"font-family:Calibri,sans-serif\"><span class=\"MsoHyperlink\" style=\"color:blue\"><span style=\"text-decoration:underline\"><span style=\"font-size:14.0pt\"><a href=\"https:\/\/noticias.portaldaindustria.com.br\/noticias\/institucional\/presidente-da-cni-e-alckmin-discutem-acordo-mercosul-ue-datacenters-e-tarifaco\/\" style=\"color:blue; text-decoration:underline\">Presidente da CNI e Alckmin discutem Acordo Mercosul-UE, datacenters e tarifa&ccedil;o<\/a><\/span><\/span><\/span><\/span><\/span><\/span><\/p>\r\n\r\n<p style=\"text-align:justify\"><span style=\"font-size:11pt\"><span style=\"line-height:normal\"><span style=\"font-family:Calibri,sans-serif\"><span class=\"MsoHyperlink\" style=\"color:blue\"><span style=\"text-decoration:underline\"><span style=\"font-size:14.0pt\"><a href=\"https:\/\/apexbrasil.com.br\/content\/apexbrasil\/br\/pt\/conteudo\/noticias\/acordo-mercosul-uniao-europeia-abre-novas-oportunidades-para-diversificacao-das-exportacoes-brasileiras.html\" style=\"color:blue; text-decoration:underline\">Acordo Mercosul&ndash;Uni&atilde;o Europeia abre novas oportunidades para diversifica&ccedil;&atilde;o das exporta&ccedil;&otilde;es brasileiras<\/a><\/span><\/span><\/span><\/span><\/span><\/span><\/p>\r\n\r\n<p style=\"text-align:justify\"><span style=\"font-size:11pt\"><span style=\"line-height:normal\"><span style=\"font-family:Calibri,sans-serif\"><span class=\"MsoHyperlink\" style=\"color:blue\"><span style=\"text-decoration:underline\"><span style=\"font-size:14.0pt\"><a href=\"https:\/\/www12.senado.leg.br\/noticias\/materias\/2026\/02\/04\/presidente-da-comissao-de-agricultura-defende-ajustes-no-acordo-mercosul-ue?utm_medium=email&amp;utm_source=resumo-agencia&amp;utm_campaign=2026-02-04\" style=\"color:blue; text-decoration:underline\">Presidente da Comiss&atilde;o de Agricultura defende ajustes no acordo Mercosul-UE<\/a><\/span><\/span><\/span><\/span><\/span><\/span><\/p>\r\n\r\n<p style=\"text-align:justify\"><span style=\"font-size:11pt\"><span style=\"line-height:normal\"><span style=\"font-family:Calibri,sans-serif\"><span class=\"MsoHyperlink\" style=\"color:blue\"><span style=\"text-decoration:underline\"><span style=\"font-size:14.0pt\"><a href=\"https:\/\/www.fibre2fashion.com\/news\/textile-news\/india-eu-fta-spurs-optimism-across-textiles-chemicals-and-logistics-308045-newsdetails.htm\" style=\"color:blue; text-decoration:underline\">India-EU FTA spurs optimism across textiles, chemicals and logistics<\/a><\/span><\/span><\/span><\/span><\/span><\/span><\/p>\r\n\r\n<p style=\"text-align:justify\"><span style=\"font-size:11pt\"><span style=\"line-height:normal\"><span style=\"font-family:Calibri,sans-serif\"><span class=\"MsoHyperlink\" style=\"color:blue\"><span style=\"text-decoration:underline\"><span style=\"font-size:14.0pt\"><a href=\"https:\/\/www.fibre2fashion.com\/news\/textile-news\/us-announces-trade-deal-with-india-slashes-tariffs-to-18-308142-newsdetails.htm\" style=\"color:blue; text-decoration:underline\">US announces trade deal with India, slashes tariffs to 18%<\/a><\/span><\/span><\/span><\/span><\/span><\/span><\/p>\r\n\r\n<p class=\"MsoTitleCxSpFirst\" style=\"text-align:justify\"><span style=\"font-size:28pt\"><span style=\"font-family:Cambria,serif\"><span style=\"letter-spacing:-0.5pt\"><b><span style=\"font-size:18.0pt\"><span style=\"font-family:&quot;Calibri&quot;,sans-serif\"><span style=\"font-variant:small-caps\">Economia<\/span><\/span><\/span><\/b><\/span><\/span><\/span><\/p>\r\n\r\n<p style=\"text-align:justify\"><span style=\"font-size:11pt\"><span style=\"line-height:normal\"><span style=\"font-family:Calibri,sans-serif\"><a href=\"https:\/\/www.bcb.gov.br\/content\/focus\/focus\/R20260206.pdf\" style=\"color:blue; text-decoration:underline\"><span style=\"font-size:14.0pt\">Focus - Relat&oacute;rio de Mercado<\/span><\/a><\/span><\/span><\/span><\/p>\r\n\r\n<p style=\"text-align:justify\"><span style=\"font-size:11pt\"><span style=\"line-height:normal\"><span style=\"font-family:Calibri,sans-serif\"><a href=\"https:\/\/noticias.portaldaindustria.com.br\/noticias\/economia\/desaceleracao-da-producao-industrial-e-sintoma-de-economia-fragilizada-alerta-cni\/?utm_source=email&amp;utm_medium=newsletter&amp;utm_campaign=06022026_009\" style=\"color:blue; text-decoration:underline\"><span style=\"font-size:14.0pt\">Desacelera&ccedil;&atilde;o da produ&ccedil;&atilde;o industrial &eacute; sintoma de economia fragilizada, alerta CNI<\/span><\/a><\/span><\/span><\/span><\/p>\r\n\r\n<p style=\"text-align:justify\"><span style=\"font-size:11pt\"><span style=\"line-height:normal\"><span style=\"font-family:Calibri,sans-serif\"><a href=\"https:\/\/revistaoeste.com\/economia\/brasil-registra-a-menor-geracao-de-empregos-formais-em-cinco-anos\/\" style=\"color:blue; text-decoration:underline\"><span style=\"font-size:14.0pt\">Brasil tem a menor gera&ccedil;&atilde;o de empregos formais em cinco anos<\/span><\/a><\/span><\/span><\/span><\/p>\r\n\r\n<p style=\"text-align:justify\"><span style=\"font-size:11pt\"><span style=\"line-height:normal\"><span style=\"font-family:Calibri,sans-serif\"><a href=\"https:\/\/www.fibre2fashion.com\/news\/textile-news\/global-growth-seen-steady-through-2027-despite-trade-uncertainty-imf-307846-newsdetails.htm\" style=\"color:blue; text-decoration:underline\"><span lang=\"EN-US\" style=\"font-size:14.0pt\">Global growth seen steady through 2027 despite trade uncertainty: IMF<\/span><\/a><\/span><\/span><\/span><\/p>\r\n\r\n<p style=\"text-align:justify\"><span style=\"font-size:11pt\"><span style=\"line-height:normal\"><span style=\"font-family:Calibri,sans-serif\"><a href=\"https:\/\/www.fibre2fashion.com\/news\/textile-news\/global-gdp-growth-to-be-resilient-at-3-3-in-2026-india-above-us-imf-308207-newsdetails.htm\" style=\"color:blue; text-decoration:underline\"><span lang=\"EN-US\" style=\"font-size:14.0pt\">Global GDP growth to be resilient at 3.3% in 2026; India above US: IMF<\/span><\/a><\/span><\/span><\/span><\/p>\r\n\r\n<p style=\"text-align:justify\"><span style=\"font-size:11pt\"><span style=\"line-height:normal\"><span style=\"font-family:Calibri,sans-serif\"><span lang=\"EN-US\" style=\"font-size:14.0pt\"><img src=\"https:\/\/www.abint.org.br\/assets\/img\/editor\/redes-sociais-abint-ctg-cth_20260210191221AOfpfYeBxv.jpg\" style=\"width: 700px; height: 280px;\" \/><\/span><\/span><\/span><\/span><\/p>\r\n","6":"<p style=\"text-align:justify\"><span style=\"font-size:11pt\"><span style=\"line-height:normal\"><span style=\"font-family:Calibri,sans-serif\"><span style=\"font-size:14.0pt\">Esta &eacute; uma compila&ccedil;&atilde;o das not&iacute;cias mais relevantes para o setor, incluindo informa&ccedil;&otilde;es sobre acordos internacionais, economia brasileira, sustentabilidade e mat&eacute;rias primas, al&eacute;m de novidades do setor de N&atilde;otecidos e Tecidos T&eacute;cnicos.<\/span><\/span><\/span><\/span><\/p>\r\n\r\n<p style=\"text-align:justify\"><span style=\"font-size:28pt\"><span style=\"font-family:Cambria,serif\"><span style=\"letter-spacing:-0.5pt\"><b><span style=\"font-size:18.0pt\"><span style=\"font-family:&quot;Calibri&quot;,sans-serif\"><span style=\"font-variant:small-caps\">O que vem por a&iacute;<\/span><\/span><\/span><\/b><\/span><\/span><\/span><\/p>\r\n\r\n<p style=\"text-align:justify\"><span style=\"font-size:28pt\"><span style=\"font-family:Cambria,serif\"><span style=\"letter-spacing:-0.5pt\"><b><span style=\"font-size:18.0pt\"><span style=\"font-family:&quot;Calibri&quot;,sans-serif\"><span style=\"font-variant:small-caps\"><img src=\"https:\/\/www.abint.org.br\/assets\/img\/editor\/banner-quadrado-cbig2026_20260210190707C4zRVxuFF0.jpg\" style=\"width: 500px; height: 500px;\" \/><\/span><\/span><\/span><\/b><\/span><\/span><\/span><\/p>\r\n\r\n<p style=\"text-align:justify\"><span style=\"font-size:11pt\"><span style=\"line-height:normal\"><span style=\"font-family:Calibri,sans-serif\"><a href=\"https:\/\/www.even3.com.br\/curso-brasileiro-de-instalacao-de-geomembranas-paulo-kenji-acakiura-686190\/\" style=\"color:blue; text-decoration:underline\"><b><span style=\"font-size:14.0pt\">Acesse aqui para fazer sua inscri&ccedil;&atilde;o<\/span><\/b><\/a><\/span><\/span><\/span><\/p>\r\n\r\n<p style=\"text-align:justify\">&nbsp;<\/p>\r\n\r\n<p style=\"text-align:justify\"><span style=\"font-size:11pt\"><span style=\"line-height:normal\"><span style=\"font-family:Calibri,sans-serif\"><b><span style=\"font-size:14.0pt\"><img src=\"https:\/\/www.abint.org.br\/assets\/img\/editor\/curso-naotecidos-2026_20260210190824gUkSCpzLPV.jpg\" style=\"width: 500px; height: 500px;\" \/><\/span><\/b><\/span><\/span><\/span><\/p>\r\n\r\n<p style=\"text-align:justify\">&nbsp;<\/p>\r\n\r\n<p style=\"text-align:justify\"><span style=\"font-size:11pt\"><span style=\"line-height:normal\"><span style=\"font-family:Calibri,sans-serif\"><a href=\"https:\/\/forms.gle\/VzyfvmnBbH7FtFGV9\" style=\"color:blue; text-decoration:underline\"><b><span style=\"font-size:14.0pt\">Informa&ccedil;&otilde;es e inscri&ccedil;&otilde;es<\/span><\/b><\/a><\/span><\/span><\/span><\/p>\r\n\r\n<p class=\"MsoTitle\" style=\"text-align:justify\"><span style=\"font-size:28pt\"><span style=\"font-family:Cambria,serif\"><span style=\"letter-spacing:-0.5pt\"><b><span style=\"font-size:18.0pt\"><span style=\"font-family:&quot;Calibri&quot;,sans-serif\"><span style=\"font-variant:small-caps\">Not&iacute;cias das Associadas<\/span><\/span><\/span><\/b><\/span><\/span><\/span><\/p>\r\n\r\n<p style=\"text-align:justify\"><span style=\"font-size:11pt\"><span style=\"line-height:normal\"><span style=\"font-family:Calibri,sans-serif\"><a href=\"https:\/\/www.madeiratotal.com.br\/como-a-andritz-esta-transformando-a-descarbonizacao-em-estrategia-concreta-na-industria-de-celulose-e-papel\/\" style=\"color:blue; text-decoration:underline\"><span style=\"font-size:14.0pt\">Como a ANDRITZ est&aacute; transformando a descarboniza&ccedil;&atilde;o em estrat&eacute;gia concreta na ind&uacute;stria de celulose e papel<\/span><\/a><\/span><\/span><\/span><\/p>\r\n\r\n<p style=\"text-align:justify\"><span style=\"font-size:11pt\"><span style=\"line-height:normal\"><span style=\"font-family:Calibri,sans-serif\"><a href=\"https:\/\/www.msn.com\/en-us\/money\/savingandinvesting\/braskem-and-fitesa-unveil-sustainable-breakthrough-in-nonwoven-materials\/ar-AA1ElSEm?apiversion=v2&amp;domshim=1&amp;noservercache=1&amp;noservertelemetry=1&amp;batchservertelemetry=1&amp;renderwebcomponents=1&amp;wcseo=1\" style=\"color:blue; text-decoration:underline\"><span lang=\"ES-AR\" style=\"font-size:14.0pt\">Braskem and Fitesa unveil sustainable breakthrough in nonwoven materials<\/span><\/a><\/span><\/span><\/span><\/p>\r\n\r\n<p style=\"text-align:justify\"><span style=\"font-size:11pt\"><span style=\"line-height:normal\"><span style=\"font-family:Calibri,sans-serif\"><b><span lang=\"EN-US\" style=\"font-size:18.0pt\"><span style=\"font-variant:small-caps\">Eventos<\/span><\/span><\/b><\/span><\/span><\/span><\/p>\r\n\r\n<p style=\"text-align:justify\"><span style=\"font-size:11pt\"><span style=\"line-height:normal\"><span style=\"font-family:Calibri,sans-serif\"><a href=\"https:\/\/events.economist.com\/sustainability-week\/?RefID=EM13A-WhatsNew-Del_email-owned_MA00007195\" style=\"color:blue; text-decoration:underline\"><b><span lang=\"EN-US\" style=\"font-size:14.0pt\">11th annual Sustainability Week | Incorporating the 3rd annual Energy Transition Summit<\/span><\/b><\/a><span lang=\"EN-US\" style=\"font-size:14.0pt\">, March 2nd &ndash; 4th 2026, Intercontinental London &ndash; the O2<\/span><\/span><\/span><\/span><\/p>\r\n\r\n<p style=\"text-align:justify\"><span style=\"font-size:11pt\"><span style=\"line-height:normal\"><span style=\"font-family:Calibri,sans-serif\"><a href=\"https:\/\/www.portaldaindustria.com.br\/eventos\/pt\/edicoes\/sb-cop-pos-cop30-o-papel-da-industria-na-agenda-de?v=f&amp;c=CNI&amp;p=&amp;t=publica-base-fluida.html#msdynmkt_trackingcontext=744b76b6-2041-4f78-bd7c-83a7ebd90100\" style=\"color:blue; text-decoration:underline\"><b><span style=\"font-size:14.0pt\">CNI P&oacute;s-COP30: o papel da ind&uacute;stria na agenda de clima<\/span><\/b><\/a><span style=\"font-size:14.0pt\">, 04 de mar&ccedil;o de 2026, 10h &agrave;s 15h, Sede da CNI - SBN, Quadra 1, Bloco C, Ed. Roberto Simonsen &ndash; Bras&iacute;lia\/DF, presencial<\/span><\/span><\/span><\/span><\/p>\r\n\r\n<p style=\"text-align:justify\"><span style=\"font-size:11pt\"><span style=\"line-height:normal\"><span style=\"font-family:Calibri,sans-serif\"><a href=\"https:\/\/congressodeinovacao.com.br\/\" style=\"color:blue; text-decoration:underline\"><b><span style=\"font-size:14.0pt\">11&ordm; Congresso de Inova&ccedil;&atilde;o da Ind&uacute;stria<\/span><\/b><\/a><span style=\"font-size:14.0pt\">, 25 e 26 de mar&ccedil;o de 2026, WTC S&atilde;o Paulo<\/span><\/span><\/span><\/span><\/p>\r\n\r\n<p style=\"text-align:justify\"><span style=\"font-size:11pt\"><span style=\"line-height:normal\"><span style=\"font-family:Calibri,sans-serif\"><a href=\"https:\/\/www.worldofwipes.org\/\" style=\"color:blue; text-decoration:underline\"><b><span lang=\"EN-US\" style=\"font-size:14.0pt\">INDA | WOW - World of Wipes International Conference<\/span><\/b><\/a><span lang=\"EN-US\" style=\"font-size:14.0pt\">, June 29&ndash;July 2, 2026, Grand Hyatt Nashville, Nashville, Tennessee USA<\/span><\/span><\/span><\/span><\/p>\r\n\r\n<p style=\"text-align:justify\"><span style=\"font-size:11pt\"><span style=\"line-height:normal\"><span style=\"font-family:Calibri,sans-serif\"><a href=\"https:\/\/filtech.de\/\" style=\"color:blue; text-decoration:underline\"><b><span style=\"font-size:14.0pt\">Filtech 2026<\/span><\/b><\/a><span style=\"font-size:14.0pt\">, de 30 de junho a 2 de julho, Cologne, Alemanha<\/span><\/span><\/span><\/span><\/p>\r\n\r\n<p style=\"text-align:justify\"><span style=\"font-size:11pt\"><span style=\"line-height:normal\"><span style=\"font-family:Calibri,sans-serif\"><a href=\"https:\/\/www.formobile.com.br\/pt\/home.html\" style=\"color:blue; text-decoration:underline\"><b><span style=\"font-size:14.0pt\">ForM&oacute;bile 2026<\/span><\/b><\/a><span style=\"font-size:14.0pt\">, 30 de junho e 3 de julho de 2026, S&atilde;o Paulo Expo<\/span><\/span><\/span><\/span><\/p>\r\n\r\n<p style=\"text-align:justify\"><span style=\"font-size:11pt\"><span style=\"line-height:normal\"><span style=\"font-family:Calibri,sans-serif\"><a href=\"https:\/\/sienge.com.br\/construsummit\/\" style=\"color:blue; text-decoration:underline\"><b><span style=\"font-size:14.0pt\">Construsummit<\/span><\/b><\/a><span style=\"font-size:14.0pt\">, 1 e 2 de julho de 2026, Florian&oacute;polis, SC<\/span><\/span><\/span><\/span><\/p>\r\n\r\n<p style=\"text-align:justify\"><span style=\"font-size:11pt\"><span style=\"line-height:normal\"><span style=\"font-family:Calibri,sans-serif\"><a href=\"https:\/\/ficons.com.br\/\" style=\"color:blue; text-decoration:underline\"><b><span style=\"font-size:14.0pt\">FICONS - Feira Internacional de Materiais, Equipamentos e Servi&ccedil;os da Constru&ccedil;&atilde;o<\/span><\/b><\/a><span style=\"font-size:14.0pt\">, 15 a 18 de setembro de 2026, Centro de Conven&ccedil;&otilde;es de Pernambuco Recife\/ Olinda<\/span><\/span><\/span><\/span><\/p>\r\n\r\n<p style=\"text-align:justify\"><span style=\"font-size:11pt\"><span style=\"line-height:normal\"><span style=\"font-family:Calibri,sans-serif\"><a href=\"https:\/\/www.edana.org\/events\/outlook\/outlook-2025\" style=\"color:blue; text-decoration:underline\"><b><span style=\"font-size:14.0pt\">OUTLOOK&trade; 2026<\/span><\/b><\/a><span style=\"font-size:14.0pt\">, 22&ndash;24 September 2026, Hotel Miragem, Cascais, Portugal<\/span><\/span><\/span><\/span><\/p>\r\n\r\n<p style=\"text-align:justify\"><span style=\"font-size:11pt\"><span style=\"line-height:normal\"><span style=\"font-family:Calibri,sans-serif\"><a href=\"https:\/\/hospitalmed.com.br\/feira\/\" style=\"color:blue; text-decoration:underline\"><b><span style=\"font-size:14.0pt\">HospitalMed<\/span><\/b><\/a><span style=\"font-size:14.0pt\">, 21 a 23 de outubro de 2026, das 14h &agrave;s 20h, Pernambuco Centro de Conven&ccedil;&otilde;es, Olinda<\/span><\/span><\/span><\/span><\/p>\r\n\r\n<p style=\"text-align:justify\"><span style=\"font-size:11pt\"><span style=\"line-height:normal\"><span style=\"font-family:Calibri,sans-serif\"><a href=\"https:\/\/www.edana.org\/events\/edana-sustainability-forum\" style=\"color:blue; text-decoration:underline\"><b><span lang=\"EN-US\" style=\"font-size:14.0pt\">Sustainability &amp; Policy Forum<\/span><\/b><\/a><span lang=\"EN-US\" style=\"font-size:14.0pt\">, 8&ndash;9 December 2026, Residence Palace in Brussels, Belgium<\/span><\/span><\/span><\/span><\/p>\r\n\r\n<p style=\"text-align:justify\"><span style=\"font-size:11pt\"><span style=\"line-height:normal\"><span style=\"font-family:Calibri,sans-serif\"><a href=\"https:\/\/infrane.com.br\/\" style=\"color:blue; text-decoration:underline\"><b><span style=\"font-size:14.0pt\">Infra NE<\/span><\/b><\/a><span style=\"font-size:14.0pt\">, 03 a 05 de mar&ccedil;o de 2027, Centro de Conven&ccedil;&otilde;es Salvador<\/span><\/span><\/span><\/span><\/p>\r\n\r\n<p style=\"text-align:justify\"><span style=\"font-size:28pt\"><span style=\"font-family:Cambria,serif\"><span style=\"letter-spacing:-0.5pt\"><b><span lang=\"EN-US\" style=\"font-size:18.0pt\"><span style=\"font-family:&quot;Calibri&quot;,sans-serif\"><span style=\"font-variant:small-caps\">Setor<\/span><\/span><\/span><\/b><\/span><\/span><\/span><\/p>\r\n\r\n<p style=\"text-align:justify\"><span style=\"font-size:11pt\"><span style=\"line-height:normal\"><span style=\"font-family:Calibri,sans-serif\"><span class=\"MsoHyperlink\" style=\"color:blue\"><span style=\"text-decoration:underline\"><span style=\"font-size:14.0pt\"><a href=\"https:\/\/www.nonwovens-industry.com\/nonwovens-manufacturing-in-asian-countries-varies\/?utm_campaign=NON%20Issue%20Alert&amp;utm_medium=email&amp;_hsenc=p2ANqtz-8tTn6YM7nkJOXuk3xgQtLoKCz4ZDIukYQefOhAepYfJgBZEXPzG3tHFCZoyN12t7mT9ovkKI2aKQTSHte7jerXbNaWcw&amp;_hsmi=402298416&amp;utm_content=402298416&amp;utm_source=hs_email\" style=\"color:blue; text-decoration:underline\">Nonwovens Manufacturing in Asian Countries Varies<\/a><\/span><\/span><\/span><\/span><\/span><\/span><\/p>\r\n\r\n<p style=\"text-align:justify\"><span style=\"font-size:11pt\"><span style=\"line-height:normal\"><span style=\"font-family:Calibri,sans-serif\"><span class=\"MsoHyperlink\" style=\"color:blue\"><span style=\"text-decoration:underline\"><span style=\"font-size:14.0pt\"><a href=\"https:\/\/www.nonwovens-industry.com\/spunlace-market-update-2\/?utm_campaign=NON%20Issue%20Alert&amp;utm_medium=email&amp;_hsenc=p2ANqtz-_Ncigy6JRw8Ec_-IagSn6mAs2hma9Dx3Scuib2U6Qe3kyxO7tZhPC66wy-H-aGeHHqqdfG2WGzkqXE5OqvQXFVQcR0vQ&amp;_hsmi=402298416&amp;utm_content=402298416&amp;utm_source=hs_email\" style=\"color:blue; text-decoration:underline\">Spunlace Market Update<\/a><\/span><\/span><\/span><\/span><\/span><\/span><\/p>\r\n\r\n<p style=\"text-align:justify\"><span style=\"font-size:11pt\"><span style=\"line-height:normal\"><span style=\"font-family:Calibri,sans-serif\"><span class=\"MsoHyperlink\" style=\"color:blue\"><span style=\"text-decoration:underline\"><span style=\"font-size:14.0pt\"><a href=\"https:\/\/www.nonwovens-industry.com\/personal-care-wipes-market-evolves\/?utm_campaign=NON%20Issue%20Alert&amp;utm_medium=email&amp;_hsenc=p2ANqtz--uqa79dIrpip-GSmHI7otjjVj6RuPYsGyQzZ6gQyljmYrUKDf1gqMhL5d21LAK8zq3z6JmWBf9S8N2sGgJqZgNvzxUSA&amp;_hsmi=402298416&amp;utm_content=402298416&amp;utm_source=hs_email\" style=\"color:blue; text-decoration:underline\">Personal Care Wipes Market Evolves<\/a><\/span><\/span><\/span><\/span><\/span><\/span><\/p>\r\n\r\n<p style=\"text-align:justify\"><span style=\"font-size:11pt\"><span style=\"line-height:normal\"><span style=\"font-family:Calibri,sans-serif\"><span class=\"MsoHyperlink\" style=\"color:blue\"><span style=\"text-decoration:underline\"><span style=\"font-size:14.0pt\"><a href=\"https:\/\/www.indexnonwovens.com\/news\/engineered-for-safety-how-nonwovens-are-transforming-healthcare-514?utm_campaign=index_newsletter_2_january_2026&amp;utm_medium=email&amp;utm_source=Mailjet\" style=\"color:blue; text-decoration:underline\">Engineered for Safety: How Nonwovens Are Transforming Healthcare<\/a><\/span><\/span><\/span><\/span><\/span><\/span><\/p>\r\n\r\n<p style=\"text-align:justify\"><span style=\"font-size:11pt\"><span style=\"line-height:normal\"><span style=\"font-family:Calibri,sans-serif\"><span class=\"MsoHyperlink\" style=\"color:blue\"><span style=\"text-decoration:underline\"><span style=\"font-size:14.0pt\"><a href=\"https:\/\/public-api.wordpress.com\/bar\/?stat=groovemails-events&amp;bin=wpcom_email_click&amp;redirect_to=https%3A%2F%2Fblogdoplastico.wordpress.com%2F2026%2F02%2F08%2Fdistribuicao-de-resinas-cresce-em-2025-mas-cenario-global-impoe-cautela-para-2026%2F&amp;sr=0&amp;signature=30d13457a4273d66f610064149367b22&amp;blog_id=9438832&amp;user=135099004&amp;_e=eyJlcnJvciI6bnVsbCwiYmxvZ19pZCI6OTQzODgzMiwiYmxvZ19sYW5nIjoicHQtQlIiLCJzaXRlX2lkX2xhYmVsIjoid3Bjb20iLCJoYXNfZmVhdHVyZWRfaW1hZ2UiOiIwIiwic3Vic2NyaWJlcl9pZCI6IjQ0NzAwMjQ1IiwiX3VpIjoxMzUwOTkwMDQsImxvY2FsZSI6InB0LWJyIiwiY3VycmVuY3kiOiJCUkwiLCJjb3VudHJ5X2NvZGVfc2lnbnVwIjoiQlIiLCJzaWdudXBfZmxvd19uYW1lIjoiZGVsdGEtc2l0ZSIsImVtYWlsX2RvbWFpbiI6ImFiaW50Lm9yZy5iciIsInBvc3RfaWQiOjE5NjE5LCJ1c2VyX2VtYWlsIjoiYWJpbnRAYWJpbnQub3JnLmJyIiwiZGF0ZV9zZW50IjoiMjAyNi0wMi0wOSIsImVtYWlsX25hbWUiOiJuZXctcG9zdCIsInRlbXBsYXRlIjoibmV3LXBvc3QiLCJlbWFpbF9pZCI6ImMwMThmNDkzZDdmNjA5NTNmOGRiYTc3YTkzNTc2ZjQzIiwibGlua19kZXNjIjoicG9zdC11cmwiLCJhbmNob3JfdGV4dCI6IkRpc3RyaWJ1aVx1MDBlN1x1MDBlM28gZGUgcmVzaW5hcyBjcmVzY2UgZW0gMjAyNSwgbWFzIGNlblx1MDBlMXJpbyBnbG9iYWwgaW1wXHUwMGY1ZSBjYXV0ZWxhIHBhcmFcdTAwYTAyMDI2IiwiX2RyIjpudWxsLCJfZGwiOiJcL3dwLWFkbWluXC9wb3N0LnBocCIsIl91dCI6IndwY29tOnVzZXJfaWQiLCJfdWwiOiJhYmludHR0IiwiX2VuIjoid3Bjb21fZW1haWxfY2xpY2siLCJfdHMiOjE3NzA1OTUyMjA5ODQsImJyb3dzZXJfdHlwZSI6InBocC1hZ2VudCIsIl9hdWEiOiJ3cGNvbS10cmFja3MtY2xpZW50LXYwLjMiLCJibG9nX3R6IjoiLTMiLCJ1c2VyX2xhbmciOiJwdC1iciJ9&amp;_z=z\" style=\"color:blue; text-decoration:underline\">Distribui&ccedil;&atilde;o de resinas cresce em 2025, mas cen&aacute;rio global imp&otilde;e cautela para 2026<\/a><\/span><\/span><\/span><\/span><\/span><\/span><\/p>\r\n\r\n<p style=\"text-align:justify\"><span style=\"font-size:11pt\"><span style=\"line-height:normal\"><span style=\"font-family:Calibri,sans-serif\"><span class=\"MsoHyperlink\" style=\"color:blue\"><span style=\"text-decoration:underline\"><span style=\"font-size:14.0pt\"><a href=\"https:\/\/plasticosemrevista.com.br\/resinas-balanco-da-defesa-comercial-pela-abiquim\/\" style=\"color:blue; text-decoration:underline\">Resinas: balan&ccedil;o da defesa comercial pela Abiquim<\/a><\/span><\/span><\/span><\/span><\/span><\/span><\/p>\r\n\r\n<p style=\"text-align:justify\"><span style=\"font-size:11pt\"><span style=\"line-height:normal\"><span style=\"font-family:Calibri,sans-serif\"><span class=\"MsoHyperlink\" style=\"color:blue\"><span style=\"text-decoration:underline\"><span style=\"font-size:14.0pt\"><a href=\"https:\/\/conectaverde.com.br\/alem-de-garrafas-pet-e-canudos-a-quimica-oculta-que-molda-a-crise-dos-plasticos\/?utm_medium=email&amp;utm_campaign=artigo_marcos_iorio&amp;utm_source=RD+Station\" style=\"color:blue; text-decoration:underline\">Al&eacute;m de garrafas PET e canudos: a qu&iacute;mica oculta que molda a crise dos pl&aacute;sticos<\/a><\/span><\/span><\/span><\/span><\/span><\/span><\/p>\r\n\r\n<p style=\"text-align:justify\"><span class=\"MsoHyperlink\" style=\"color:blue\"><span style=\"text-decoration:underline\"><span style=\"font-size:14.0pt\"><span style=\"line-height:115%\"><span style=\"font-family:&quot;Calibri&quot;,sans-serif\"><a href=\"https:\/\/plasticosemrevista.com.br\/flexiveis-setor-pleiteia-aumento-das-taxas-de-importacao\/\" style=\"color:blue; text-decoration:underline\">Flex&iacute;veis: setor pleiteia aumento das taxas de importa&ccedil;&atilde;o<\/a><\/span><\/span><\/span><\/span><\/span><\/p>\r\n\r\n<p class=\"MsoTitleCxSpMiddle\" style=\"text-align:justify\"><span style=\"font-size:28pt\"><span style=\"font-family:Cambria,serif\"><span style=\"letter-spacing:-0.5pt\"><b><span style=\"font-size:18.0pt\"><span style=\"font-family:&quot;Calibri&quot;,sans-serif\"><span style=\"font-variant:small-caps\">Ind&uacute;stria<\/span><\/span><\/span><\/b><\/span><\/span><\/span><\/p>\r\n\r\n<p class=\"MsoTitleCxSpLast\" style=\"text-align:justify\"><span style=\"font-size:11pt\"><span style=\"line-height:normal\"><span style=\"font-family:Calibri,sans-serif\"><span class=\"MsoHyperlink\" style=\"color:blue\"><span style=\"text-decoration:underline\"><span style=\"font-size:14.0pt\"><a href=\"https:\/\/noticias.portaldaindustria.com.br\/noticias\/economia\/desaceleracao-da-producao-industrial-e-sintoma-de-economia-fragilizada-alerta-cni\/\" style=\"color:blue; text-decoration:underline\">Desacelera&ccedil;&atilde;o da produ&ccedil;&atilde;o industrial &eacute; sintoma de economia fragilizada, alerta CNI<\/a><\/span><\/span><\/span><\/span><\/span><\/span><\/p>\r\n\r\n<p class=\"MsoTitle\" style=\"text-align:justify\"><span style=\"font-size:11pt\"><span style=\"line-height:normal\"><span style=\"font-family:Calibri,sans-serif\"><span class=\"MsoHyperlink\" style=\"color:blue\"><span style=\"text-decoration:underline\"><span style=\"font-size:14.0pt\"><a href=\"https:\/\/noticias.portaldaindustria.com.br\/noticias\/economia\/faturamento-da-industria-fica-estavel-em-2025-aponta-cni\/?utm_source=email&amp;utm_medium=newsletter&amp;utm_campaign=09022026_011\" style=\"color:blue; text-decoration:underline\">Faturamento da ind&uacute;stria fica est&aacute;vel em 2025, aponta CNI<\/a><\/span><\/span><\/span><\/span><\/span><\/span><\/p>\r\n\r\n<p class=\"MsoTitle\" style=\"text-align:justify\"><span style=\"font-size:11pt\"><span style=\"line-height:normal\"><span style=\"font-family:Calibri,sans-serif\"><span class=\"MsoHyperlink\" style=\"color:blue\"><span style=\"text-decoration:underline\"><span style=\"font-size:14.0pt\"><a href=\"https:\/\/noticias.portaldaindustria.com.br\/noticias\/institucional\/mesmo-em-ano-eleitoral-industria-ve-janela-para-aprovacao-de-pautas-estrategicas\/?utm_source=email&amp;utm_medium=newsletter&amp;utm_campaign=04022026_006\" style=\"color:blue; text-decoration:underline\">Mesmo em ano eleitoral, ind&uacute;stria v&ecirc; janela para aprova&ccedil;&atilde;o de pautas estrat&eacute;gicas<\/a><\/span><\/span><\/span><\/span><\/span><\/span><\/p>\r\n\r\n<p class=\"MsoTitle\" style=\"text-align:justify\"><span style=\"font-size:11pt\"><span style=\"line-height:normal\"><span style=\"font-family:Calibri,sans-serif\"><span class=\"MsoHyperlink\" style=\"color:blue\"><span style=\"text-decoration:underline\"><span style=\"font-size:14.0pt\"><a href=\"https:\/\/www.correiobraziliense.com.br\/politica\/2026\/02\/7347913-setor-de-calcados-perde-mais-de-10-mil-empregos-em-dezembro-apos-tarifaco.html\" style=\"color:blue; text-decoration:underline\">Setor de cal&ccedil;ados perde mais de 10 mil empregos em dezembro, ap&oacute;s tarifa&ccedil;o<\/a><\/span><\/span><\/span><\/span><\/span><\/span><\/p>\r\n\r\n<p class=\"MsoTitle\" style=\"text-align:justify\"><span style=\"font-size:11pt\"><span style=\"line-height:normal\"><span style=\"font-family:Calibri,sans-serif\"><span class=\"MsoHyperlink\" style=\"color:blue\"><span style=\"text-decoration:underline\"><span style=\"font-size:14.0pt\"><a href=\"https:\/\/agenciabrasil.ebc.com.br\/economia\/noticia\/2026-02\/producao-e-venda-de-veiculos-caem-em-janeiro-aponta-anfavea\" style=\"color:blue; text-decoration:underline\">Produ&ccedil;&atilde;o e venda de ve&iacute;culos caem em janeiro, aponta Anfavea<\/a><\/span><\/span><\/span><\/span><\/span><\/span><\/p>\r\n\r\n<p class=\"MsoTitle\" style=\"text-align:justify\"><span style=\"font-size:11pt\"><span style=\"line-height:normal\"><span style=\"font-family:Calibri,sans-serif\"><span class=\"MsoHyperlink\" style=\"color:blue\"><span style=\"text-decoration:underline\"><span style=\"font-size:14.0pt\"><a href=\"https:\/\/abrava.com.br\/setor-de-ventilacao-ar-condicionado-e-refrigeracao-no-brasil-teve-faturamento-da-ordem-de-r-5015-bilhoes-em-2025\/?utm_medium=email&amp;utm_campaign=abrava_news_04_de_fevereiro_de_2026&amp;utm_source=RD+Station\" style=\"color:blue; text-decoration:underline\">Setor de ventila&ccedil;&atilde;o, ar-condicionado e refrigera&ccedil;&atilde;o no Brasil teve faturamento da ordem de R$ 50,15 bilh&otilde;es em 2025<\/a><\/span><\/span><\/span><\/span><\/span><\/span><\/p>\r\n\r\n<p class=\"MsoTitleCxSpFirst\" style=\"text-align:justify\"><span style=\"font-size:28pt\"><span style=\"font-family:Cambria,serif\"><span style=\"letter-spacing:-0.5pt\"><b><span style=\"font-size:18.0pt\"><span style=\"font-family:&quot;Calibri&quot;,sans-serif\"><span style=\"font-variant:small-caps\">Sustentabilidade<\/span><\/span><\/span><\/b><\/span><\/span><\/span><\/p>\r\n\r\n<p class=\"MsoTitleCxSpLast\"><span style=\"font-size:11pt\"><span style=\"line-height:normal\"><span style=\"font-family:Calibri,sans-serif\"><span class=\"MsoHyperlink\" style=\"color:blue\"><span style=\"text-decoration:underline\"><span style=\"font-size:14.0pt\"><a href=\"https:\/\/g1.globo.com\/mundo\/noticia\/2026\/02\/07\/europa-libera-reciclagem-quimica-mas-debate-global-expoe-limites-ambientais-do-plastico.ghtml\" style=\"color:blue; text-decoration:underline\">Europa libera reciclagem qu&iacute;mica, mas debate global exp&otilde;e limites ambientais do pl&aacute;stico<\/a><\/span><\/span><\/span><\/span><\/span><\/span><\/p>\r\n\r\n<p class=\"MsoTitle\" style=\"text-align:justify\"><span style=\"font-size:11pt\"><span style=\"line-height:normal\"><span style=\"font-family:Calibri,sans-serif\"><span class=\"MsoHyperlink\" style=\"color:blue\"><span style=\"text-decoration:underline\"><span style=\"font-size:14.0pt\"><a href=\"https:\/\/istoe.com.br\/paises-elegem-chefe-negociador-da-cop-chile-para-impulsionar-tratado-sobre-poluicao-plastica\" style=\"color:blue; text-decoration:underline\">Pa&iacute;ses elegem chefe-negociador da COP Chile para impulsionar tratado sobre polui&ccedil;&atilde;o pl&aacute;stica<\/a><\/span><\/span><\/span><\/span><\/span><\/span><\/p>\r\n\r\n<p class=\"MsoTitle\" style=\"text-align:justify\"><span style=\"font-size:11pt\"><span style=\"line-height:normal\"><span style=\"font-family:Calibri,sans-serif\"><span class=\"MsoHyperlink\" style=\"color:blue\"><span style=\"text-decoration:underline\"><span style=\"font-size:14.0pt\"><a href=\"https:\/\/clickpetroleoegas.com.br\/tramontina-limpa-os-mares-brasileiros-ao-transformar-plastico-recolhido-do-litoral-em-cadeira-sustentavel-que-suporta-154-kg-afch\/\" style=\"color:blue; text-decoration:underline\">Tramontina limpa os mares brasileiros ao transformar pl&aacute;stico recolhido do litoral em cadeira sustent&aacute;vel que suporta 154 kg<\/a><\/span><\/span><\/span><\/span><\/span><\/span><\/p>\r\n\r\n<p class=\"MsoTitleCxSpFirst\" style=\"text-align:justify\"><span style=\"font-size:28pt\"><span style=\"font-family:Cambria,serif\"><span style=\"letter-spacing:-0.5pt\"><b><span style=\"font-size:18.0pt\"><span style=\"font-family:&quot;Calibri&quot;,sans-serif\"><span style=\"font-variant:small-caps\">Inova&ccedil;&atilde;o<\/span><\/span><\/span><\/b><\/span><\/span><\/span><\/p>\r\n\r\n<p class=\"MsoTitleCxSpLast\"><span style=\"font-size:11pt\"><span style=\"line-height:normal\"><span style=\"font-family:Calibri,sans-serif\"><span class=\"MsoHyperlink\" style=\"color:blue\"><span style=\"text-decoration:underline\"><span style=\"font-size:14.0pt\"><a href=\"https:\/\/noticias.portaldaindustria.com.br\/noticias\/inovacao-e-tecnologia\/nib-completa-2-anos-com-destaque-para-investimentos-em-inovacao-e-tecnologia\/?utm_source=email&amp;utm_medium=newsletter&amp;utm_campaign=04022026_006\" style=\"color:blue; text-decoration:underline\">NIB completa 2 anos com destaque para investimentos em inova&ccedil;&atilde;o e tecnologia<\/a><\/span><\/span><\/span><\/span><\/span><\/span><\/p>\r\n\r\n<p class=\"MsoTitle\"><span style=\"font-size:11pt\"><span style=\"line-height:normal\"><span style=\"font-family:Calibri,sans-serif\"><span class=\"MsoHyperlink\" style=\"color:blue\"><span style=\"text-decoration:underline\"><span style=\"font-size:14.0pt\"><a href=\"https:\/\/www.gov.br\/mcti\/pt-br\/acompanhe-o-mcti\/noticias\/2026\/02\/mcti-e-finep-anunciam-investimento-de-r-3-3-bilhoes-em-projetos-alinhados-a-nova-industria-brasil\" style=\"color:blue; text-decoration:underline\">MCTI e Finep anunciam investimento de R$ 3,3 bilh&otilde;es em projetos alinhados &agrave; Nova Ind&uacute;stria Brasil<\/a><\/span><\/span><\/span><\/span><\/span><\/span><\/p>\r\n\r\n<p class=\"MsoTitleCxSpFirst\"><span style=\"font-size:28pt\"><span style=\"font-family:Cambria,serif\"><span style=\"letter-spacing:-0.5pt\"><b><span style=\"font-size:18.0pt\"><span style=\"font-family:&quot;Calibri&quot;,sans-serif\"><span style=\"font-variant:small-caps\">Com&eacute;rcio Exterior<\/span><\/span><\/span><\/b><\/span><\/span><\/span><\/p>\r\n\r\n<p class=\"MsoTitleCxSpLast\" style=\"text-align:justify\"><span style=\"font-size:11pt\"><span style=\"line-height:normal\"><span style=\"font-family:Calibri,sans-serif\"><span class=\"MsoHyperlink\" style=\"color:blue\"><span style=\"text-decoration:underline\"><span style=\"font-size:14.0pt\"><a href=\"https:\/\/plasticosemrevista.com.br\/resinas-o-impacto-das-importacoes-dos-eua-e-china\/\" style=\"color:blue; text-decoration:underline\">Resinas: o impacto das importa&ccedil;&otilde;es dos EUA e China<\/a><\/span><\/span><\/span><\/span><\/span><\/span><\/p>\r\n\r\n<p style=\"text-align:justify\"><span style=\"font-size:11pt\"><span style=\"line-height:normal\"><span style=\"font-family:Calibri,sans-serif\"><span class=\"MsoHyperlink\" style=\"color:blue\"><span style=\"text-decoration:underline\"><span style=\"font-size:14.0pt\"><a href=\"https:\/\/apexbrasil.com.br\/content\/apexbrasil\/br\/pt\/conteudo\/noticias\/forum-empresarial-brasil-russia-marca-um-novo-patamar-nas-relaco.html\" style=\"color:blue; text-decoration:underline\">F&oacute;rum Empresarial Brasil-R&uacute;ssia marca um novo patamar nas rela&ccedil;&otilde;es entre os dois pa&iacute;ses<\/a><\/span><\/span><\/span><\/span><\/span><\/span><\/p>\r\n\r\n<p style=\"text-align:justify\"><span style=\"font-size:11pt\"><span style=\"line-height:normal\"><span style=\"font-family:Calibri,sans-serif\"><span class=\"MsoHyperlink\" style=\"color:blue\"><span style=\"text-decoration:underline\"><span style=\"font-size:14.0pt\"><a href=\"https:\/\/noticias.portaldaindustria.com.br\/noticias\/institucional\/presidente-da-cni-e-alckmin-discutem-acordo-mercosul-ue-datacenters-e-tarifaco\/\" style=\"color:blue; text-decoration:underline\">Presidente da CNI e Alckmin discutem Acordo Mercosul-UE, datacenters e tarifa&ccedil;o<\/a><\/span><\/span><\/span><\/span><\/span><\/span><\/p>\r\n\r\n<p style=\"text-align:justify\"><span style=\"font-size:11pt\"><span style=\"line-height:normal\"><span style=\"font-family:Calibri,sans-serif\"><span class=\"MsoHyperlink\" style=\"color:blue\"><span style=\"text-decoration:underline\"><span style=\"font-size:14.0pt\"><a href=\"https:\/\/apexbrasil.com.br\/content\/apexbrasil\/br\/pt\/conteudo\/noticias\/acordo-mercosul-uniao-europeia-abre-novas-oportunidades-para-diversificacao-das-exportacoes-brasileiras.html\" style=\"color:blue; text-decoration:underline\">Acordo Mercosul&ndash;Uni&atilde;o Europeia abre novas oportunidades para diversifica&ccedil;&atilde;o das exporta&ccedil;&otilde;es brasileiras<\/a><\/span><\/span><\/span><\/span><\/span><\/span><\/p>\r\n\r\n<p style=\"text-align:justify\"><span style=\"font-size:11pt\"><span style=\"line-height:normal\"><span style=\"font-family:Calibri,sans-serif\"><span class=\"MsoHyperlink\" style=\"color:blue\"><span style=\"text-decoration:underline\"><span style=\"font-size:14.0pt\"><a href=\"https:\/\/www12.senado.leg.br\/noticias\/materias\/2026\/02\/04\/presidente-da-comissao-de-agricultura-defende-ajustes-no-acordo-mercosul-ue?utm_medium=email&amp;utm_source=resumo-agencia&amp;utm_campaign=2026-02-04\" style=\"color:blue; text-decoration:underline\">Presidente da Comiss&atilde;o de Agricultura defende ajustes no acordo Mercosul-UE<\/a><\/span><\/span><\/span><\/span><\/span><\/span><\/p>\r\n\r\n<p style=\"text-align:justify\"><span style=\"font-size:11pt\"><span style=\"line-height:normal\"><span style=\"font-family:Calibri,sans-serif\"><span class=\"MsoHyperlink\" style=\"color:blue\"><span style=\"text-decoration:underline\"><span style=\"font-size:14.0pt\"><a href=\"https:\/\/www.fibre2fashion.com\/news\/textile-news\/india-eu-fta-spurs-optimism-across-textiles-chemicals-and-logistics-308045-newsdetails.htm\" style=\"color:blue; text-decoration:underline\">India-EU FTA spurs optimism across textiles, chemicals and logistics<\/a><\/span><\/span><\/span><\/span><\/span><\/span><\/p>\r\n\r\n<p style=\"text-align:justify\"><span style=\"font-size:11pt\"><span style=\"line-height:normal\"><span style=\"font-family:Calibri,sans-serif\"><span class=\"MsoHyperlink\" style=\"color:blue\"><span style=\"text-decoration:underline\"><span style=\"font-size:14.0pt\"><a href=\"https:\/\/www.fibre2fashion.com\/news\/textile-news\/us-announces-trade-deal-with-india-slashes-tariffs-to-18-308142-newsdetails.htm\" style=\"color:blue; text-decoration:underline\">US announces trade deal with India, slashes tariffs to 18%<\/a><\/span><\/span><\/span><\/span><\/span><\/span><\/p>\r\n\r\n<p class=\"MsoTitleCxSpFirst\" style=\"text-align:justify\"><span style=\"font-size:28pt\"><span style=\"font-family:Cambria,serif\"><span style=\"letter-spacing:-0.5pt\"><b><span style=\"font-size:18.0pt\"><span style=\"font-family:&quot;Calibri&quot;,sans-serif\"><span style=\"font-variant:small-caps\">Economia<\/span><\/span><\/span><\/b><\/span><\/span><\/span><\/p>\r\n\r\n<p style=\"text-align:justify\"><span style=\"font-size:11pt\"><span style=\"line-height:normal\"><span style=\"font-family:Calibri,sans-serif\"><a href=\"https:\/\/www.bcb.gov.br\/content\/focus\/focus\/R20260206.pdf\" style=\"color:blue; text-decoration:underline\"><span style=\"font-size:14.0pt\">Focus - Relat&oacute;rio de Mercado<\/span><\/a><\/span><\/span><\/span><\/p>\r\n\r\n<p style=\"text-align:justify\"><span style=\"font-size:11pt\"><span style=\"line-height:normal\"><span style=\"font-family:Calibri,sans-serif\"><a href=\"https:\/\/noticias.portaldaindustria.com.br\/noticias\/economia\/desaceleracao-da-producao-industrial-e-sintoma-de-economia-fragilizada-alerta-cni\/?utm_source=email&amp;utm_medium=newsletter&amp;utm_campaign=06022026_009\" style=\"color:blue; text-decoration:underline\"><span style=\"font-size:14.0pt\">Desacelera&ccedil;&atilde;o da produ&ccedil;&atilde;o industrial &eacute; sintoma de economia fragilizada, alerta CNI<\/span><\/a><\/span><\/span><\/span><\/p>\r\n\r\n<p style=\"text-align:justify\"><span style=\"font-size:11pt\"><span style=\"line-height:normal\"><span style=\"font-family:Calibri,sans-serif\"><a href=\"https:\/\/revistaoeste.com\/economia\/brasil-registra-a-menor-geracao-de-empregos-formais-em-cinco-anos\/\" style=\"color:blue; text-decoration:underline\"><span style=\"font-size:14.0pt\">Brasil tem a menor gera&ccedil;&atilde;o de empregos formais em cinco anos<\/span><\/a><\/span><\/span><\/span><\/p>\r\n\r\n<p style=\"text-align:justify\"><span style=\"font-size:11pt\"><span style=\"line-height:normal\"><span style=\"font-family:Calibri,sans-serif\"><a href=\"https:\/\/www.fibre2fashion.com\/news\/textile-news\/global-growth-seen-steady-through-2027-despite-trade-uncertainty-imf-307846-newsdetails.htm\" style=\"color:blue; text-decoration:underline\"><span lang=\"EN-US\" style=\"font-size:14.0pt\">Global growth seen steady through 2027 despite trade uncertainty: IMF<\/span><\/a><\/span><\/span><\/span><\/p>\r\n\r\n<p style=\"text-align:justify\"><span style=\"font-size:11pt\"><span style=\"line-height:normal\"><span style=\"font-family:Calibri,sans-serif\"><a href=\"https:\/\/www.fibre2fashion.com\/news\/textile-news\/global-gdp-growth-to-be-resilient-at-3-3-in-2026-india-above-us-imf-308207-newsdetails.htm\" style=\"color:blue; text-decoration:underline\"><span lang=\"EN-US\" style=\"font-size:14.0pt\">Global GDP growth to be resilient at 3.3% in 2026; India above US: IMF<\/span><\/a><\/span><\/span><\/span><\/p>\r\n\r\n<p style=\"text-align:justify\"><span style=\"font-size:11pt\"><span style=\"line-height:normal\"><span style=\"font-family:Calibri,sans-serif\"><span lang=\"EN-US\" style=\"font-size:14.0pt\"><img src=\"https:\/\/www.abint.org.br\/assets\/img\/editor\/redes-sociais-abint-ctg-cth_20260210191221AOfpfYeBxv.jpg\" style=\"width: 700px; height: 280px;\" \/><\/span><\/span><\/span><\/span><\/p>\r\n","texto_en":"","7":"","imagem":"COMP_capa-2026-texto-boletim-abint-noticias-semanis_20260210191350yvgzTAje9r.jpg","8":"COMP_capa-2026-texto-boletim-abint-noticias-semanis_20260210191350yvgzTAje9r.jpg","arquivo":"20260210-BOLETIM-ABINT-DE-NOTICIAS-SEMANAIS.PDF","9":"20260210-BOLETIM-ABINT-DE-NOTICIAS-SEMANAIS.PDF","titulo_arquivo":"20260210 Boletim ABINT de Not\u00edcias Semanais","10":"20260210 Boletim ABINT de Not\u00edcias Semanais","titulo_arquivo_en":"","11":"","created_at":"2026-02-10 19:13:58","12":"2026-02-10 19:13:58","updated_at":"2026-02-10 19:13:58","13":"2026-02-10 19:13:58"},{"id":214,"0":214,"ordem":9,"1":9,"data":"2026-02-03","2":"2026-02-03","slug":"boletim-abint-de-noticias-semanais-112","3":"boletim-abint-de-noticias-semanais-112","titulo":"Boletim ABINT de Not\u00edcias Semanais","4":"Boletim ABINT de Not\u00edcias Semanais","titulo_en":"","5":"","texto":"<p style=\"text-align:justify\"><span style=\"font-size:11pt\"><span style=\"line-height:normal\"><span style=\"font-family:Calibri,sans-serif\"><span style=\"font-size:14.0pt\">Esta &eacute; uma compila&ccedil;&atilde;o das not&iacute;cias mais relevantes para o setor, incluindo informa&ccedil;&otilde;es sobre acordos internacionais, economia brasileira, sustentabilidade e mat&eacute;rias primas, al&eacute;m de novidades do setor de N&atilde;otecidos e Tecidos T&eacute;cnicos.<\/span><\/span><\/span><\/span><\/p>\r\n\r\n<p style=\"text-align:justify\"><span style=\"font-size:28pt\"><span style=\"font-family:Cambria,serif\"><span style=\"letter-spacing:-0.5pt\"><b><span style=\"font-size:18.0pt\"><span style=\"font-family:&quot;Calibri&quot;,sans-serif\"><span style=\"font-variant:small-caps\">O que vem por a&iacute;<\/span><\/span><\/span><\/b><\/span><\/span><\/span><\/p>\r\n\r\n<p style=\"text-align:justify\"><b><img src=\"https:\/\/www.abint.org.br\/assets\/img\/editor\/e-mail-marketing-cbig2026_20260203121555Jf45MPgLBP.png\" style=\"width: 500px; height: 334px;\" \/><\/b><\/p>\r\n\r\n<p style=\"text-align:justify\">&nbsp;<\/p>\r\n\r\n<p style=\"text-align:justify\"><span style=\"font-size:11pt\"><span style=\"line-height:normal\"><span style=\"font-family:Calibri,sans-serif\"><a href=\"https:\/\/www.even3.com.br\/curso-brasileiro-de-instalacao-de-geomembranas-paulo-kenji-acakiura-686190\/\" style=\"color:blue; text-decoration:underline\"><b><span style=\"font-size:14.0pt\">Acesse aqui para fazer sua inscri&ccedil;&atilde;o<\/span><\/b><\/a><\/span><\/span><\/span><\/p>\r\n\r\n<p style=\"text-align:justify\"><span style=\"font-size:28pt\"><span style=\"font-family:Cambria,serif\"><span style=\"letter-spacing:-0.5pt\"><b><span style=\"font-size:18.0pt\"><span style=\"font-family:&quot;Calibri&quot;,sans-serif\"><span style=\"font-variant:small-caps\">Not&iacute;cias das Associadas<\/span><\/span><\/span><\/b><\/span><\/span><\/span><\/p>\r\n\r\n<p style=\"text-align:justify\"><span style=\"font-size:11pt\"><span style=\"line-height:normal\"><span style=\"font-family:Calibri,sans-serif\"><a href=\"https:\/\/www.abcmais.com\/conteudo-de-marca\/em-porto-alegre-inspiramais-ocorre-nos-dias-27-e-28-de-janeiro\/\" style=\"color:blue; text-decoration:underline\"><span style=\"font-size:14.0pt\">Cipatex: Em Porto Alegre, INSPIRAMAIS ocorre nos dias 27 e 28 de janeiro<\/span><\/a><\/span><\/span><\/span><\/p>\r\n\r\n<p style=\"text-align:justify\"><span style=\"font-size:11pt\"><span style=\"line-height:normal\"><span style=\"font-family:Calibri,sans-serif\"><a href=\"https:\/\/plasticosemrevista.com.br\/pet-reciclagem-em-baixa-desestimula-indorama-e-alpek\/\" style=\"color:blue; text-decoration:underline\"><span style=\"font-size:14.0pt\">PET: reciclagem em baixa desestimula Indorama e Alpek<\/span><\/a><\/span><\/span><\/span><\/p>\r\n\r\n<p style=\"text-align:justify\"><span style=\"font-size:11pt\"><span style=\"line-height:normal\"><span style=\"font-family:Calibri,sans-serif\"><a href=\"https:\/\/www.nonwovens-industry.com\/breaking-news\/suominen-launches-three-year-improvement-program\/?utm_campaign=NON%20eNewsletter&amp;utm_medium=email&amp;_hsenc=p2ANqtz--EQFpCT9o5EhMQkoMp21khIVnD1HSCLdTe2qzmCQge1rmPhIaUUtJNFpwu4ykYoajjB2m-CQPfWPLGksKeVQ2ALXvQqg&amp;_hsmi=401078702&amp;utm_content=401078702&amp;utm_source=hs_email\" style=\"color:blue; text-decoration:underline\"><span lang=\"EN-US\" style=\"font-size:14.0pt\">Suominen Launches Three Year Improvement Program<\/span><\/a><\/span><\/span><\/span><\/p>\r\n\r\n<p style=\"text-align:justify\"><span style=\"font-size:11pt\"><span style=\"line-height:normal\"><span style=\"font-family:Calibri,sans-serif\"><a href=\"https:\/\/www.nonwovens-industry.com\/breaking-news\/suominens-sales-fall-2\/\" style=\"color:blue; text-decoration:underline\"><span lang=\"EN-US\" style=\"font-size:14.0pt\">Suominen&rsquo;s Sales Fall<\/span><\/a><\/span><\/span><\/span><\/p>\r\n\r\n<p style=\"text-align:justify\"><span style=\"font-size:11pt\"><span style=\"line-height:normal\"><span style=\"font-family:Calibri,sans-serif\"><b><span lang=\"EN-US\" style=\"font-size:18.0pt\"><span style=\"font-variant:small-caps\">Eventos<\/span><\/span><\/b><\/span><\/span><\/span><\/p>\r\n\r\n<p style=\"text-align:justify\"><span style=\"font-size:11pt\"><span style=\"line-height:normal\"><span style=\"font-family:Calibri,sans-serif\"><a href=\"https:\/\/events.economist.com\/sustainability-week\/?RefID=EM13A-WhatsNew-Del_email-owned_MA00007195\" style=\"color:blue; text-decoration:underline\"><b><span lang=\"EN-US\" style=\"font-size:14.0pt\">11th annual Sustainability Week | Incorporating the 3rd annual Energy Transition Summit<\/span><\/b><\/a><span lang=\"EN-US\" style=\"font-size:14.0pt\">, March 2nd &ndash; 4th 2026, Intercontinental London &ndash; the O2<\/span><\/span><\/span><\/span><\/p>\r\n\r\n<p style=\"text-align:justify\"><span style=\"font-size:11pt\"><span style=\"line-height:normal\"><span style=\"font-family:Calibri,sans-serif\"><a href=\"https:\/\/congressodeinovacao.com.br\/\" style=\"color:blue; text-decoration:underline\"><b><span style=\"font-size:14.0pt\">11&ordm; Congresso de Inova&ccedil;&atilde;o da Ind&uacute;stria<\/span><\/b><\/a><span style=\"font-size:14.0pt\">, 25 e 26 de mar&ccedil;o de 2026, WTC S&atilde;o Paulo<\/span><\/span><\/span><\/span><\/p>\r\n\r\n<p style=\"text-align:justify\"><span style=\"font-size:11pt\"><span style=\"line-height:normal\"><span style=\"font-family:Calibri,sans-serif\"><a href=\"https:\/\/www.worldofwipes.org\/\" style=\"color:blue; text-decoration:underline\"><b><span lang=\"EN-US\" style=\"font-size:14.0pt\">INDA | WOW - World of Wipes International Conference<\/span><\/b><\/a><span lang=\"EN-US\" style=\"font-size:14.0pt\">, June 29&ndash;July 2, 2026, Grand Hyatt Nashville, Nashville, Tennessee USA<\/span><\/span><\/span><\/span><\/p>\r\n\r\n<p style=\"text-align:justify\"><span style=\"font-size:11pt\"><span style=\"line-height:normal\"><span style=\"font-family:Calibri,sans-serif\"><a href=\"https:\/\/filtech.de\/\" style=\"color:blue; text-decoration:underline\"><b><span style=\"font-size:14.0pt\">Filtech 2026<\/span><\/b><\/a><span style=\"font-size:14.0pt\">, de 30 de junho a 2 de julho, Cologne, Alemanha<\/span><\/span><\/span><\/span><\/p>\r\n\r\n<p style=\"text-align:justify\"><span style=\"font-size:11pt\"><span style=\"line-height:normal\"><span style=\"font-family:Calibri,sans-serif\"><a href=\"https:\/\/www.formobile.com.br\/pt\/home.html\" style=\"color:blue; text-decoration:underline\"><b><span style=\"font-size:14.0pt\">ForM&oacute;bile 2026<\/span><\/b><\/a><span style=\"font-size:14.0pt\">, 30 de junho e 3 de julho de 2026, S&atilde;o Paulo Expo<\/span><\/span><\/span><\/span><\/p>\r\n\r\n<p style=\"text-align:justify\"><span style=\"font-size:11pt\"><span style=\"line-height:normal\"><span style=\"font-family:Calibri,sans-serif\"><a href=\"https:\/\/sienge.com.br\/construsummit\/\" style=\"color:blue; text-decoration:underline\"><b><span style=\"font-size:14.0pt\">Construsummit<\/span><\/b><\/a><span style=\"font-size:14.0pt\">, 1 e 2 de julho de 2026, Florian&oacute;polis, SC<\/span><\/span><\/span><\/span><\/p>\r\n\r\n<p style=\"text-align:justify\"><span style=\"font-size:11pt\"><span style=\"line-height:normal\"><span style=\"font-family:Calibri,sans-serif\"><a href=\"https:\/\/ficons.com.br\/\" style=\"color:blue; text-decoration:underline\"><b><span style=\"font-size:14.0pt\">FICONS - Feira Internacional de Materiais, Equipamentos e Servi&ccedil;os da Constru&ccedil;&atilde;o<\/span><\/b><\/a><span style=\"font-size:14.0pt\">, 15 a 18 de setembro de 2026, Centro de Conven&ccedil;&otilde;es de Pernambuco Recife\/ Olinda<\/span><\/span><\/span><\/span><\/p>\r\n\r\n<p style=\"text-align:justify\"><span style=\"font-size:11pt\"><span style=\"line-height:normal\"><span style=\"font-family:Calibri,sans-serif\"><a href=\"https:\/\/www.edana.org\/events\/outlook\/outlook-2025\" style=\"color:blue; text-decoration:underline\"><b><span style=\"font-size:14.0pt\">OUTLOOK&trade; 2026<\/span><\/b><\/a><span style=\"font-size:14.0pt\">, 22&ndash;24 September 2026, Hotel Miragem, Cascais, Portugal<\/span><\/span><\/span><\/span><\/p>\r\n\r\n<p style=\"text-align:justify\"><span style=\"font-size:11pt\"><span style=\"line-height:normal\"><span style=\"font-family:Calibri,sans-serif\"><a href=\"https:\/\/hospitalmed.com.br\/feira\/\" style=\"color:blue; text-decoration:underline\"><b><span style=\"font-size:14.0pt\">HospitalMed<\/span><\/b><\/a><span style=\"font-size:14.0pt\">, 21 a 23 de outubro de 2026, das 14h &agrave;s 20h, Pernambuco Centro de Conven&ccedil;&otilde;es, Olinda<\/span><\/span><\/span><\/span><\/p>\r\n\r\n<p style=\"text-align:justify\"><span style=\"font-size:11pt\"><span style=\"line-height:normal\"><span style=\"font-family:Calibri,sans-serif\"><a href=\"https:\/\/www.edana.org\/events\/edana-sustainability-forum\" style=\"color:blue; text-decoration:underline\"><b><span lang=\"EN-US\" style=\"font-size:14.0pt\">Sustainability &amp; Policy Forum<\/span><\/b><\/a><span lang=\"EN-US\" style=\"font-size:14.0pt\">, 8&ndash;9 December 2026, Residence Palace in Brussels, Belgium<\/span><\/span><\/span><\/span><\/p>\r\n\r\n<p style=\"text-align:justify\"><span style=\"font-size:11pt\"><span style=\"line-height:normal\"><span style=\"font-family:Calibri,sans-serif\"><a href=\"https:\/\/infrane.com.br\/\" style=\"color:blue; text-decoration:underline\"><b><span style=\"font-size:14.0pt\">Infra NE<\/span><\/b><\/a><span style=\"font-size:14.0pt\">, 03 a 05 de mar&ccedil;o de 2027, Centro de Conven&ccedil;&otilde;es Salvador<\/span><\/span><\/span><\/span><\/p>\r\n\r\n<p style=\"text-align:justify\"><span style=\"font-size:28pt\"><span style=\"font-family:Cambria,serif\"><span style=\"letter-spacing:-0.5pt\"><b><span style=\"font-size:18.0pt\"><span style=\"font-family:&quot;Calibri&quot;,sans-serif\"><span style=\"font-variant:small-caps\">Setor<\/span><\/span><\/span><\/b><\/span><\/span><\/span><\/p>\r\n\r\n<p style=\"text-align:justify\"><span style=\"font-size:11pt\"><span style=\"line-height:normal\"><span style=\"font-family:Calibri,sans-serif\"><a href=\"https:\/\/portalpersonalcare.com.br\/ignorar-a-geopolitica-ficou-caro-para-a-industria\/\" style=\"color:blue; text-decoration:underline\"><span style=\"font-size:14.0pt\">Ignorar a geopol&iacute;tica ficou caro para a ind&uacute;stria<\/span><\/a><\/span><\/span><\/span><\/p>\r\n\r\n<p style=\"text-align:justify\"><span style=\"font-size:11pt\"><span style=\"line-height:normal\"><span style=\"font-family:Calibri,sans-serif\"><a href=\"https:\/\/diariodocomercio.com.br\/economia\/industria-textil-enfrenta-importacoes-desafios-estruturais\/\" style=\"color:blue; text-decoration:underline\"><span style=\"font-size:14.0pt\">ABIT: Ind&uacute;stria t&ecirc;xtil encerrou 2025 com sinais positivos, por&eacute;m em desacelera&ccedil;&atilde;o<\/span><\/a><\/span><\/span><\/span><\/p>\r\n\r\n<p style=\"text-align:justify\"><span style=\"font-size:11pt\"><span style=\"line-height:normal\"><span style=\"font-family:Calibri,sans-serif\"><a href=\"https:\/\/portalpersonalcare.com.br\/biodegradabilidade-e-origem-dos-materiais-na-industria-de-personal-care\/?utm_medium=email&amp;utm_campaign=newsletter_28012026&amp;utm_source=RD+Station\" style=\"color:blue; text-decoration:underline\"><span style=\"font-size:14.0pt\">Biodegradabilidade e origem dos materiais na ind&uacute;stria de personal care<\/span><\/a><\/span><\/span><\/span><\/p>\r\n\r\n<p style=\"text-align:justify\"><span style=\"font-size:11pt\"><span style=\"line-height:normal\"><span style=\"font-family:Calibri,sans-serif\"><a href=\"https:\/\/plasticosemrevista.com.br\/resinas-mercado-comedido-pauta-comercio-brasil-argentina-em-2025\/\" style=\"color:blue; text-decoration:underline\"><span style=\"font-size:14.0pt\">Resinas: mercado comedido pauta com&eacute;rcio Brasil-Argentina em 2025<\/span><\/a><\/span><\/span><\/span><\/p>\r\n\r\n<p style=\"text-align:justify\"><span style=\"font-size:11pt\"><span style=\"line-height:normal\"><span style=\"font-family:Calibri,sans-serif\"><a href=\"https:\/\/plasticosemrevista.com.br\/a-estrada-tortuosa-para-ps-e-estireno-no-brasil\/\" style=\"color:blue; text-decoration:underline\"><span style=\"font-size:14.0pt\">A estrada tortuosa para PS e estireno no Brasil<\/span><\/a><\/span><\/span><\/span><\/p>\r\n\r\n<p style=\"text-align:justify\"><span style=\"font-size:11pt\"><span style=\"line-height:normal\"><span style=\"font-family:Calibri,sans-serif\"><a href=\"https:\/\/www.meiofiltrante.com.br\/Noticia\/132094\/construcao-civil-entra-em-2026-com-expectativas-renovadas-e-maior-atencao-aos-sinais-de-retomada-\" style=\"color:blue; text-decoration:underline\"><span style=\"font-size:14.0pt\">Constru&ccedil;&atilde;o civil entra em 2026 com expectativas renovadas e maior aten&ccedil;&atilde;o aos sinais de retomada<\/span><\/a><\/span><\/span><\/span><\/p>\r\n\r\n<p style=\"text-align:justify\"><span style=\"font-size:28pt\"><span style=\"font-family:Cambria,serif\"><span style=\"letter-spacing:-0.5pt\"><b><span style=\"font-size:18.0pt\"><span style=\"font-family:&quot;Calibri&quot;,sans-serif\"><span style=\"font-variant:small-caps\">Ind&uacute;stria<\/span><\/span><\/span><\/b><\/span><\/span><\/span><\/p>\r\n\r\n<p style=\"text-align:justify\"><span style=\"font-size:11pt\"><span style=\"line-height:normal\"><span style=\"font-family:Calibri,sans-serif\"><a href=\"https:\/\/noticias.portaldaindustria.com.br\/noticias\/economia\/juros-punitivos-baixa-demanda-e-alta-das-importacoes-seguraram-crescimento-da-industria-em-2025\/\" style=\"color:blue; text-decoration:underline\"><span style=\"font-size:14.0pt\">Juros punitivos, baixa demanda e alta das importa&ccedil;&otilde;es seguraram crescimento da ind&uacute;stria em 2025<\/span><\/a><\/span><\/span><\/span><\/p>\r\n\r\n<p style=\"text-align:justify\"><span style=\"font-size:11pt\"><span style=\"line-height:normal\"><span style=\"font-family:Calibri,sans-serif\"><a href=\"https:\/\/www.portaldaindustria.com.br\/estatisticas\/sondagem-industrial\/\" style=\"color:blue; text-decoration:underline\"><span style=\"font-size:14.0pt\">Elevada carga tribut&aacute;ria se mant&eacute;m como o maior problema enfrentado pela ind&uacute;stria durante todo o ano de 2025<\/span><\/a><\/span><\/span><\/span><\/p>\r\n\r\n<p style=\"text-align:justify\"><span style=\"font-size:11pt\"><span style=\"line-height:normal\"><span style=\"font-family:Calibri,sans-serif\"><a href=\"https:\/\/revlink.revistaanamaco.com.br\/cl\/PWKRo\/CxP\/83c5\/LCFJkUKAOaB\/BM-9\/FlAwcvIpMKz\/2\/\" style=\"color:blue; text-decoration:underline\" target=\"_blank\"><span style=\"font-size:14.0pt\">Carga tribut&aacute;ria: o entrave da constru&ccedil;&atilde;o<\/span><\/a><\/span><\/span><\/span><\/p>\r\n\r\n<p style=\"text-align:justify\"><span style=\"font-size:11pt\"><span style=\"line-height:normal\"><span style=\"font-family:Calibri,sans-serif\"><a href=\"https:\/\/noticias.portaldaindustria.com.br\/noticias\/economia\/cni-de-29-setores-industriais-analisados-apenas-9-estao-confiantes-na-economia-do-pais\/\" style=\"color:blue; text-decoration:underline\"><span style=\"font-size:14.0pt\">CNI: de 29 setores industriais analisados, apenas 9 est&atilde;o confiantes na economia do pa&iacute;s<\/span><\/a><\/span><\/span><\/span><\/p>\r\n\r\n<p style=\"text-align:justify\"><span style=\"font-size:11pt\"><span style=\"line-height:normal\"><span style=\"font-family:Calibri,sans-serif\"><a href=\"https:\/\/portalibre.fgv.br\/system\/files\/divulgacao\/noticias\/mat-complementar\/2026-02\/%C3%8Dndice%20de%20Confian%C3%A7a%20Empresarial%20FGV_press%20release_Jan26.pdf\" style=\"color:blue; text-decoration:underline\"><span style=\"font-size:14.0pt\">FGV IBRE: Confian&ccedil;a Empresarial inicia o ano em alta<\/span><\/a><\/span><\/span><\/span><\/p>\r\n\r\n<p style=\"text-align:justify\"><span style=\"font-size:11pt\"><span style=\"line-height:normal\"><span style=\"font-family:Calibri,sans-serif\"><a href=\"https:\/\/plasticosulamerica.com\/balanco-da-industria-de-maquinas-e-equipamentos-redesenha-dinamica-do-mercado-de-plasticos-no-brasil\/\" style=\"color:blue; text-decoration:underline\"><span style=\"font-size:14.0pt\">Balan&ccedil;o da ind&uacute;stria de m&aacute;quinas e equipamentos redesenha din&acirc;mica do mercado de pl&aacute;sticos no brasil<\/span><\/a><\/span><\/span><\/span><\/p>\r\n\r\n<p style=\"text-align:justify\"><span style=\"font-size:11pt\"><span style=\"line-height:normal\"><span style=\"font-family:Calibri,sans-serif\"><a href=\"https:\/\/www.gov.br\/aneel\/pt-br\/assuntos\/noticias\/2026\/aneel-preve-crescimento-de-9-1-gw-na-matriz-eletrica-brasileira-em-2026?utm_medium=email&amp;_hsenc=p2ANqtz-82nr-Q8DDnR1wC4YX9ZXhNDVEZ3cvXMor73ho5pfKdLrXmFGPwsvjI692QIO5WBRbmpAYPxa52rT60_v0l_nlm8jRWYw&amp;_hsmi=400682498&amp;utm_content=400682498&amp;utm_source=hs_email\" style=\"color:blue; text-decoration:underline\"><span style=\"font-size:14.0pt\">ANEEL prev&ecirc; crescimento de 9,1 GW na matriz el&eacute;trica brasileira em 2026<\/span><\/a><\/span><\/span><\/span><\/p>\r\n\r\n<p style=\"text-align:justify\"><span style=\"font-size:28pt\"><span style=\"font-family:Cambria,serif\"><span style=\"letter-spacing:-0.5pt\"><b><span style=\"font-size:18.0pt\"><span style=\"font-family:&quot;Calibri&quot;,sans-serif\"><span style=\"font-variant:small-caps\">Sustentabilidade<\/span><\/span><\/span><\/b><\/span><\/span><\/span><\/p>\r\n\r\n<p style=\"text-align:justify\"><span style=\"font-size:11pt\"><span style=\"line-height:normal\"><span style=\"font-family:Calibri,sans-serif\"><a href=\"https:\/\/portalpersonalcare.com.br\/biodegradabilidade-e-origem-dos-materiais-na-industria-de-personal-care\/?utm_medium=email&amp;utm_campaign=newsletter_28012026&amp;utm_source=RD+Station\" style=\"color:blue; text-decoration:underline\"><span style=\"font-size:14.0pt\">Biodegradabilidade e origem dos materiais na ind&uacute;stria de personal care<\/span><\/a><\/span><\/span><\/span><\/p>\r\n\r\n<p style=\"text-align:justify\"><span style=\"font-size:11pt\"><span style=\"line-height:normal\"><span style=\"font-family:Calibri,sans-serif\"><a href=\"https:\/\/www.gov.br\/mdic\/pt-br\/assuntos\/noticias\/2026\/janeiro\/norma-define-diretrizes-de-sustentabilidade-para-o-programa-selo-verde\" style=\"color:blue; text-decoration:underline\"><span style=\"font-size:14.0pt\">Norma define diretrizes de sustentabilidade para o programa Selo Verde<\/span><\/a><\/span><\/span><\/span><\/p>\r\n\r\n<p style=\"text-align:justify\"><span style=\"font-size:11pt\"><span style=\"line-height:normal\"><span style=\"font-family:Calibri,sans-serif\"><a href=\"https:\/\/share.google\/qNKCA6YJU3gS2hOzO\" style=\"color:blue; text-decoration:underline\"><span style=\"font-size:14.0pt\">MMA abre consultas p&uacute;blicas para avan&ccedil;ar na regulamenta&ccedil;&atilde;o da log&iacute;stica reversa de embalagens pl&aacute;sticas<\/span><\/a><\/span><\/span><\/span><\/p>\r\n\r\n<p style=\"text-align:justify\"><span style=\"font-size:11pt\"><span style=\"line-height:normal\"><span style=\"font-family:Calibri,sans-serif\"><a href=\"https:\/\/public-api.wordpress.com\/bar\/?stat=groovemails-events&amp;bin=wpcom_email_click&amp;redirect_to=https%3A%2F%2Fblogdoplastico.wordpress.com%2F2026%2F01%2F27%2Finovacao-e-sustentabilidade-tem-destaque-entre-as-materias-primas-que-serao-expostas-na-interplast%2F&amp;sr=0&amp;signature=7ac696ec9b952f7d8d16258b9a876c18&amp;blog_id=9438832&amp;user=135099004&amp;_e=eyJlcnJvciI6bnVsbCwiYmxvZ19pZCI6OTQzODgzMiwiYmxvZ19sYW5nIjoicHQtQlIiLCJzaXRlX2lkX2xhYmVsIjoid3Bjb20iLCJoYXNfZmVhdHVyZWRfaW1hZ2UiOiIwIiwic3Vic2NyaWJlcl9pZCI6IjQ0NzAwMjQ1IiwiX3VpIjoxMzUwOTkwMDQsImxvY2FsZSI6InB0LWJyIiwiY3VycmVuY3kiOiJCUkwiLCJjb3VudHJ5X2NvZGVfc2lnbnVwIjoiQlIiLCJzaWdudXBfZmxvd19uYW1lIjoiZGVsdGEtc2l0ZSIsImVtYWlsX2RvbWFpbiI6ImFiaW50Lm9yZy5iciIsInBvc3RfaWQiOjE5NTk2LCJ1c2VyX2VtYWlsIjoiYWJpbnRAYWJpbnQub3JnLmJyIiwiZGF0ZV9zZW50IjoiMjAyNi0wMS0yNyIsImVtYWlsX25hbWUiOiJuZXctcG9zdCIsInRlbXBsYXRlIjoibmV3LXBvc3QiLCJlbWFpbF9pZCI6IjFlMGY3NDdkNzM5MjhlMGVjMjkwYjZjMzUyNzYwNDAzIiwibGlua19kZXNjIjoicG9zdC11cmwiLCJhbmNob3JfdGV4dCI6Iklub3ZhXHUwMGU3XHUwMGUzbyBlIHN1c3RlbnRhYmlsaWRhZGUgdFx1MDBlYW0gZGVzdGFxdWUgZW50cmUgYXMgbWF0XHUwMGU5cmlhcyBwcmltYXMgcXVlIHNlclx1MDBlM28gZXhwb3N0YXMgbmFcdTAwYTBJbnRlcnBsYXN0IiwiX2RyIjpudWxsLCJfZGwiOiJcL3dwLWFkbWluXC9wb3N0LnBocCIsIl91dCI6IndwY29tOnVzZXJfaWQiLCJfdWwiOiJhYmludHR0IiwiX2VuIjoid3Bjb21fZW1haWxfY2xpY2siLCJfdHMiOjE3Njk1MjYwNzY2NzAsImJyb3dzZXJfdHlwZSI6InBocC1hZ2VudCIsIl9hdWEiOiJ3cGNvbS10cmFja3MtY2xpZW50LXYwLjMiLCJibG9nX3R6IjoiLTMiLCJ1c2VyX2xhbmciOiJwdC1iciJ9&amp;_z=z\" style=\"color:blue; text-decoration:underline\"><span style=\"font-size:14.0pt\">Inova&ccedil;&atilde;o e sustentabilidade t&ecirc;m destaque entre as mat&eacute;rias primas que ser&atilde;o expostas na&nbsp;Interplast<\/span><\/a><\/span><\/span><\/span><\/p>\r\n\r\n<p style=\"text-align:justify\"><span style=\"font-size:28pt\"><span style=\"font-family:Cambria,serif\"><span style=\"letter-spacing:-0.5pt\"><b><span style=\"font-size:18.0pt\"><span style=\"font-family:&quot;Calibri&quot;,sans-serif\"><span style=\"font-variant:small-caps\">Inova&ccedil;&atilde;o<\/span><\/span><\/span><\/b><\/span><\/span><\/span><\/p>\r\n\r\n<p style=\"text-align:justify\"><span style=\"font-size:11pt\"><span style=\"line-height:normal\"><span style=\"font-family:Calibri,sans-serif\"><a href=\"https:\/\/www.meiofiltrante.com.br\/Noticia\/132077\/tecnologias-de-filtragem-asseguram-qualidade-de-agua-em-processos-industriais\" style=\"color:blue; text-decoration:underline\"><span style=\"font-size:14.0pt\">Tecnologias de filtragem asseguram qualidade de &aacute;gua em processos industriais<\/span><\/a><\/span><\/span><\/span><\/p>\r\n\r\n<p style=\"text-align:justify\"><span style=\"font-size:11pt\"><span style=\"line-height:normal\"><span style=\"font-family:Calibri,sans-serif\"><a href=\"https:\/\/www.inovacaotecnologica.com.br\/noticias\/noticia.php?artigo=composito-autoconserta&amp;id=010170260123&amp;ebol=sim\" style=\"color:blue; text-decoration:underline\"><span style=\"font-size:14.0pt\">Comp&oacute;sito que se autoconserta pode durar s&eacute;culos<\/span><\/a><\/span><\/span><\/span><\/p>\r\n\r\n<p style=\"text-align:justify\"><span style=\"font-size:11pt\"><span style=\"line-height:normal\"><span style=\"font-family:Calibri,sans-serif\"><a href=\"https:\/\/www.inovacaotecnologica.com.br\/noticias\/noticia.php?artigo=tecido-robotico-ponto-certo&amp;id=010180260123&amp;ebol=sim\" style=\"color:blue; text-decoration:underline\"><span style=\"font-size:14.0pt\">Para um tecido rob&oacute;tico mais forte, use ponto em X<\/span><\/a><\/span><\/span><\/span><\/p>\r\n\r\n<p style=\"text-align:justify\"><span style=\"font-size:28pt\"><span style=\"font-family:Cambria,serif\"><span style=\"letter-spacing:-0.5pt\"><b><span style=\"font-size:18.0pt\"><span style=\"font-family:&quot;Calibri&quot;,sans-serif\"><span style=\"font-variant:small-caps\">Com&eacute;rcio Exterior<\/span><\/span><\/span><\/b><\/span><\/span><\/span><\/p>\r\n\r\n<p style=\"text-align:justify\"><span style=\"font-size:11pt\"><span style=\"line-height:normal\"><span style=\"font-family:Calibri,sans-serif\"><a href=\"https:\/\/noticias.portaldaindustria.com.br\/noticias\/internacional\/industria-brasileira-segura-posicoes-em-ranking-mundial-de-producao-e-exportacao\/\" style=\"color:blue; text-decoration:underline\"><span style=\"font-size:14.0pt\">Ind&uacute;stria brasileira segura posi&ccedil;&otilde;es em ranking mundial de produ&ccedil;&atilde;o e exporta&ccedil;&atilde;o<\/span><\/a><\/span><\/span><\/span><\/p>\r\n\r\n<p style=\"text-align:justify\"><span style=\"font-size:11pt\"><span style=\"line-height:normal\"><span style=\"font-family:Calibri,sans-serif\"><a href=\"https:\/\/oantagonista.com.br\/economia\/uniao-europeia-e-india-fecham-acordo-comercial-historico\/\" style=\"color:blue; text-decoration:underline\"><span style=\"font-size:14.0pt\">Uni&atilde;o Europeia e &Iacute;ndia fecham acordo comercial hist&oacute;rico<\/span><\/a><\/span><\/span><\/span><\/p>\r\n\r\n<p style=\"text-align:justify\"><span style=\"font-size:11pt\"><span style=\"line-height:normal\"><span style=\"font-family:Calibri,sans-serif\"><a href=\"https:\/\/apexbrasil.com.br\/content\/apexbrasil\/br\/pt\/conteudo\/noticias\/presidente-da-apexbrasil-jorge-viana-anuncia-uniao-de-esforcos-para-futuro-do-acordo-mercosul-uniao-europeia-e-campanha-estrategica-na-promocao-do-brasil-na-europa.html#msdynmkt_trackingcontext=e8bab23c-8880-467e-aa7f-a032c1c60300\" style=\"color:blue; text-decoration:underline\"><span style=\"font-size:14.0pt\">Presidente da ApexBrasil, Jorge Viana, anuncia uni&atilde;o de esfor&ccedil;os para futuro do Acordo Mercosul-Uni&atilde;o Europeia e campanha estrat&eacute;gica na promo&ccedil;&atilde;o do Brasil na Europa<\/span><\/a><\/span><\/span><\/span><\/p>\r\n\r\n<p style=\"text-align:justify\"><span style=\"font-size:11pt\"><span style=\"line-height:normal\"><span style=\"font-family:Calibri,sans-serif\"><a href=\"https:\/\/comexdobrasil.com\/estados-unidos-devem-ser-a-principal-prioridade-da-agenda-externa-do-proximo-governo-brasileiro-aponta-pesquisa-amcham\/\" style=\"color:blue; text-decoration:underline\"><span style=\"font-size:14.0pt\">Estados Unidos devem ser a principal prioridade da agenda externa do pr&oacute;ximo governo brasileiro, aponta Pesquisa Amcham<\/span><\/a><\/span><\/span><\/span><\/p>\r\n\r\n<p style=\"text-align:justify\"><span style=\"font-size:11pt\"><span style=\"line-height:normal\"><span style=\"font-family:Calibri,sans-serif\"><a href=\"https:\/\/noticias.portaldaindustria.com.br\/noticias\/internacional\/industria-brasileira-vai-ao-panama-para-ampliar-presenca-na-america-latina\/\" style=\"color:blue; text-decoration:underline\"><span style=\"font-size:14.0pt\">Ind&uacute;stria brasileira vai ao Panam&aacute; para ampliar presen&ccedil;a na Am&eacute;rica Latina<\/span><\/a><\/span><\/span><\/span><\/p>\r\n\r\n<p style=\"text-align:justify\"><span style=\"font-size:11pt\"><span style=\"line-height:normal\"><span style=\"font-family:Calibri,sans-serif\"><a href=\"https:\/\/comexdobrasil.com\/exportacoes-crescem-84-na-media-diaria-ate-a-4-semana-de-janeiro-26-importacoes-caem-36\/\" style=\"color:blue; text-decoration:underline\"><span style=\"font-size:14.0pt\">Exporta&ccedil;&otilde;es crescem 8,4% na m&eacute;dia di&aacute;ria at&eacute; a 4&deg; semana de janeiro\/26; importa&ccedil;&otilde;es caem 3,6%<\/span><\/a><\/span><\/span><\/span><\/p>\r\n\r\n<p style=\"text-align:justify\"><span style=\"font-size:28pt\"><span style=\"font-family:Cambria,serif\"><span style=\"letter-spacing:-0.5pt\"><b><span style=\"font-size:18.0pt\"><span style=\"font-family:&quot;Calibri&quot;,sans-serif\"><span style=\"font-variant:small-caps\">Economia<\/span><\/span><\/span><\/b><\/span><\/span><\/span><\/p>\r\n\r\n<p style=\"text-align:justify\"><span style=\"font-size:11pt\"><span style=\"line-height:normal\"><span style=\"font-family:Calibri,sans-serif\"><span style=\"font-size:14.0pt\"><a href=\"https:\/\/www.bcb.gov.br\/content\/focus\/focus\/R20260130.pdf\" style=\"color:blue; text-decoration:underline\">Focus - Relat&oacute;rio de Mercado<\/a><\/span><\/span><\/span><\/span><\/p>\r\n\r\n<p style=\"text-align:justify\"><span style=\"font-size:11pt\"><span style=\"line-height:normal\"><span style=\"font-family:Calibri,sans-serif\"><a href=\"https:\/\/agenciabrasil.ebc.com.br\/economia\/noticia\/2026-01\/setor-produtivo-reage-manutencao-da-selic-em-15-ao-ano\" style=\"color:blue; text-decoration:underline\"><span style=\"font-size:14.0pt\">Setor produtivo reage &agrave; manuten&ccedil;&atilde;o da Selic em 15% ao ano<\/span><\/a><\/span><\/span><\/span><\/p>\r\n\r\n<p style=\"text-align:justify\"><span style=\"font-size:11pt\"><span style=\"line-height:normal\"><span style=\"font-family:Calibri,sans-serif\"><a href=\"https:\/\/portalibre.fgv.br\/system\/files\/divulgacao\/noticias\/mat-complementar\/2026-01\/PressRelease_IIE-BR_jan26.pdf\" style=\"color:blue; text-decoration:underline\"><span style=\"font-size:14.0pt\">Incerteza Econ&ocirc;mica sobe fortemente em janeiro<\/span><\/a><\/span><\/span><\/span><\/p>\r\n\r\n<p style=\"text-align:justify\"><img src=\"https:\/\/www.abint.org.br\/assets\/img\/editor\/redes-sociais-abint-ctg-cth_202602031221205wKQ7QHRH4.jpg\" \/><\/p>\r\n","6":"<p style=\"text-align:justify\"><span style=\"font-size:11pt\"><span style=\"line-height:normal\"><span style=\"font-family:Calibri,sans-serif\"><span style=\"font-size:14.0pt\">Esta &eacute; uma compila&ccedil;&atilde;o das not&iacute;cias mais relevantes para o setor, incluindo informa&ccedil;&otilde;es sobre acordos internacionais, economia brasileira, sustentabilidade e mat&eacute;rias primas, al&eacute;m de novidades do setor de N&atilde;otecidos e Tecidos T&eacute;cnicos.<\/span><\/span><\/span><\/span><\/p>\r\n\r\n<p style=\"text-align:justify\"><span style=\"font-size:28pt\"><span style=\"font-family:Cambria,serif\"><span style=\"letter-spacing:-0.5pt\"><b><span style=\"font-size:18.0pt\"><span style=\"font-family:&quot;Calibri&quot;,sans-serif\"><span style=\"font-variant:small-caps\">O que vem por a&iacute;<\/span><\/span><\/span><\/b><\/span><\/span><\/span><\/p>\r\n\r\n<p style=\"text-align:justify\"><b><img src=\"https:\/\/www.abint.org.br\/assets\/img\/editor\/e-mail-marketing-cbig2026_20260203121555Jf45MPgLBP.png\" style=\"width: 500px; height: 334px;\" \/><\/b><\/p>\r\n\r\n<p style=\"text-align:justify\">&nbsp;<\/p>\r\n\r\n<p style=\"text-align:justify\"><span style=\"font-size:11pt\"><span style=\"line-height:normal\"><span style=\"font-family:Calibri,sans-serif\"><a href=\"https:\/\/www.even3.com.br\/curso-brasileiro-de-instalacao-de-geomembranas-paulo-kenji-acakiura-686190\/\" style=\"color:blue; text-decoration:underline\"><b><span style=\"font-size:14.0pt\">Acesse aqui para fazer sua inscri&ccedil;&atilde;o<\/span><\/b><\/a><\/span><\/span><\/span><\/p>\r\n\r\n<p style=\"text-align:justify\"><span style=\"font-size:28pt\"><span style=\"font-family:Cambria,serif\"><span style=\"letter-spacing:-0.5pt\"><b><span style=\"font-size:18.0pt\"><span style=\"font-family:&quot;Calibri&quot;,sans-serif\"><span style=\"font-variant:small-caps\">Not&iacute;cias das Associadas<\/span><\/span><\/span><\/b><\/span><\/span><\/span><\/p>\r\n\r\n<p style=\"text-align:justify\"><span style=\"font-size:11pt\"><span style=\"line-height:normal\"><span style=\"font-family:Calibri,sans-serif\"><a href=\"https:\/\/www.abcmais.com\/conteudo-de-marca\/em-porto-alegre-inspiramais-ocorre-nos-dias-27-e-28-de-janeiro\/\" style=\"color:blue; text-decoration:underline\"><span style=\"font-size:14.0pt\">Cipatex: Em Porto Alegre, INSPIRAMAIS ocorre nos dias 27 e 28 de janeiro<\/span><\/a><\/span><\/span><\/span><\/p>\r\n\r\n<p style=\"text-align:justify\"><span style=\"font-size:11pt\"><span style=\"line-height:normal\"><span style=\"font-family:Calibri,sans-serif\"><a href=\"https:\/\/plasticosemrevista.com.br\/pet-reciclagem-em-baixa-desestimula-indorama-e-alpek\/\" style=\"color:blue; text-decoration:underline\"><span style=\"font-size:14.0pt\">PET: reciclagem em baixa desestimula Indorama e Alpek<\/span><\/a><\/span><\/span><\/span><\/p>\r\n\r\n<p style=\"text-align:justify\"><span style=\"font-size:11pt\"><span style=\"line-height:normal\"><span style=\"font-family:Calibri,sans-serif\"><a href=\"https:\/\/www.nonwovens-industry.com\/breaking-news\/suominen-launches-three-year-improvement-program\/?utm_campaign=NON%20eNewsletter&amp;utm_medium=email&amp;_hsenc=p2ANqtz--EQFpCT9o5EhMQkoMp21khIVnD1HSCLdTe2qzmCQge1rmPhIaUUtJNFpwu4ykYoajjB2m-CQPfWPLGksKeVQ2ALXvQqg&amp;_hsmi=401078702&amp;utm_content=401078702&amp;utm_source=hs_email\" style=\"color:blue; text-decoration:underline\"><span lang=\"EN-US\" style=\"font-size:14.0pt\">Suominen Launches Three Year Improvement Program<\/span><\/a><\/span><\/span><\/span><\/p>\r\n\r\n<p style=\"text-align:justify\"><span style=\"font-size:11pt\"><span style=\"line-height:normal\"><span style=\"font-family:Calibri,sans-serif\"><a href=\"https:\/\/www.nonwovens-industry.com\/breaking-news\/suominens-sales-fall-2\/\" style=\"color:blue; text-decoration:underline\"><span lang=\"EN-US\" style=\"font-size:14.0pt\">Suominen&rsquo;s Sales Fall<\/span><\/a><\/span><\/span><\/span><\/p>\r\n\r\n<p style=\"text-align:justify\"><span style=\"font-size:11pt\"><span style=\"line-height:normal\"><span style=\"font-family:Calibri,sans-serif\"><b><span lang=\"EN-US\" style=\"font-size:18.0pt\"><span style=\"font-variant:small-caps\">Eventos<\/span><\/span><\/b><\/span><\/span><\/span><\/p>\r\n\r\n<p style=\"text-align:justify\"><span style=\"font-size:11pt\"><span style=\"line-height:normal\"><span style=\"font-family:Calibri,sans-serif\"><a href=\"https:\/\/events.economist.com\/sustainability-week\/?RefID=EM13A-WhatsNew-Del_email-owned_MA00007195\" style=\"color:blue; text-decoration:underline\"><b><span lang=\"EN-US\" style=\"font-size:14.0pt\">11th annual Sustainability Week | Incorporating the 3rd annual Energy Transition Summit<\/span><\/b><\/a><span lang=\"EN-US\" style=\"font-size:14.0pt\">, March 2nd &ndash; 4th 2026, Intercontinental London &ndash; the O2<\/span><\/span><\/span><\/span><\/p>\r\n\r\n<p style=\"text-align:justify\"><span style=\"font-size:11pt\"><span style=\"line-height:normal\"><span style=\"font-family:Calibri,sans-serif\"><a href=\"https:\/\/congressodeinovacao.com.br\/\" style=\"color:blue; text-decoration:underline\"><b><span style=\"font-size:14.0pt\">11&ordm; Congresso de Inova&ccedil;&atilde;o da Ind&uacute;stria<\/span><\/b><\/a><span style=\"font-size:14.0pt\">, 25 e 26 de mar&ccedil;o de 2026, WTC S&atilde;o Paulo<\/span><\/span><\/span><\/span><\/p>\r\n\r\n<p style=\"text-align:justify\"><span style=\"font-size:11pt\"><span style=\"line-height:normal\"><span style=\"font-family:Calibri,sans-serif\"><a href=\"https:\/\/www.worldofwipes.org\/\" style=\"color:blue; text-decoration:underline\"><b><span lang=\"EN-US\" style=\"font-size:14.0pt\">INDA | WOW - World of Wipes International Conference<\/span><\/b><\/a><span lang=\"EN-US\" style=\"font-size:14.0pt\">, June 29&ndash;July 2, 2026, Grand Hyatt Nashville, Nashville, Tennessee USA<\/span><\/span><\/span><\/span><\/p>\r\n\r\n<p style=\"text-align:justify\"><span style=\"font-size:11pt\"><span style=\"line-height:normal\"><span style=\"font-family:Calibri,sans-serif\"><a href=\"https:\/\/filtech.de\/\" style=\"color:blue; text-decoration:underline\"><b><span style=\"font-size:14.0pt\">Filtech 2026<\/span><\/b><\/a><span style=\"font-size:14.0pt\">, de 30 de junho a 2 de julho, Cologne, Alemanha<\/span><\/span><\/span><\/span><\/p>\r\n\r\n<p style=\"text-align:justify\"><span style=\"font-size:11pt\"><span style=\"line-height:normal\"><span style=\"font-family:Calibri,sans-serif\"><a href=\"https:\/\/www.formobile.com.br\/pt\/home.html\" style=\"color:blue; text-decoration:underline\"><b><span style=\"font-size:14.0pt\">ForM&oacute;bile 2026<\/span><\/b><\/a><span style=\"font-size:14.0pt\">, 30 de junho e 3 de julho de 2026, S&atilde;o Paulo Expo<\/span><\/span><\/span><\/span><\/p>\r\n\r\n<p style=\"text-align:justify\"><span style=\"font-size:11pt\"><span style=\"line-height:normal\"><span style=\"font-family:Calibri,sans-serif\"><a href=\"https:\/\/sienge.com.br\/construsummit\/\" style=\"color:blue; text-decoration:underline\"><b><span style=\"font-size:14.0pt\">Construsummit<\/span><\/b><\/a><span style=\"font-size:14.0pt\">, 1 e 2 de julho de 2026, Florian&oacute;polis, SC<\/span><\/span><\/span><\/span><\/p>\r\n\r\n<p style=\"text-align:justify\"><span style=\"font-size:11pt\"><span style=\"line-height:normal\"><span style=\"font-family:Calibri,sans-serif\"><a href=\"https:\/\/ficons.com.br\/\" style=\"color:blue; text-decoration:underline\"><b><span style=\"font-size:14.0pt\">FICONS - Feira Internacional de Materiais, Equipamentos e Servi&ccedil;os da Constru&ccedil;&atilde;o<\/span><\/b><\/a><span style=\"font-size:14.0pt\">, 15 a 18 de setembro de 2026, Centro de Conven&ccedil;&otilde;es de Pernambuco Recife\/ Olinda<\/span><\/span><\/span><\/span><\/p>\r\n\r\n<p style=\"text-align:justify\"><span style=\"font-size:11pt\"><span style=\"line-height:normal\"><span style=\"font-family:Calibri,sans-serif\"><a href=\"https:\/\/www.edana.org\/events\/outlook\/outlook-2025\" style=\"color:blue; text-decoration:underline\"><b><span style=\"font-size:14.0pt\">OUTLOOK&trade; 2026<\/span><\/b><\/a><span style=\"font-size:14.0pt\">, 22&ndash;24 September 2026, Hotel Miragem, Cascais, Portugal<\/span><\/span><\/span><\/span><\/p>\r\n\r\n<p style=\"text-align:justify\"><span style=\"font-size:11pt\"><span style=\"line-height:normal\"><span style=\"font-family:Calibri,sans-serif\"><a href=\"https:\/\/hospitalmed.com.br\/feira\/\" style=\"color:blue; text-decoration:underline\"><b><span style=\"font-size:14.0pt\">HospitalMed<\/span><\/b><\/a><span style=\"font-size:14.0pt\">, 21 a 23 de outubro de 2026, das 14h &agrave;s 20h, Pernambuco Centro de Conven&ccedil;&otilde;es, Olinda<\/span><\/span><\/span><\/span><\/p>\r\n\r\n<p style=\"text-align:justify\"><span style=\"font-size:11pt\"><span style=\"line-height:normal\"><span style=\"font-family:Calibri,sans-serif\"><a href=\"https:\/\/www.edana.org\/events\/edana-sustainability-forum\" style=\"color:blue; text-decoration:underline\"><b><span lang=\"EN-US\" style=\"font-size:14.0pt\">Sustainability &amp; Policy Forum<\/span><\/b><\/a><span lang=\"EN-US\" style=\"font-size:14.0pt\">, 8&ndash;9 December 2026, Residence Palace in Brussels, Belgium<\/span><\/span><\/span><\/span><\/p>\r\n\r\n<p style=\"text-align:justify\"><span style=\"font-size:11pt\"><span style=\"line-height:normal\"><span style=\"font-family:Calibri,sans-serif\"><a href=\"https:\/\/infrane.com.br\/\" style=\"color:blue; text-decoration:underline\"><b><span style=\"font-size:14.0pt\">Infra NE<\/span><\/b><\/a><span style=\"font-size:14.0pt\">, 03 a 05 de mar&ccedil;o de 2027, Centro de Conven&ccedil;&otilde;es Salvador<\/span><\/span><\/span><\/span><\/p>\r\n\r\n<p style=\"text-align:justify\"><span style=\"font-size:28pt\"><span style=\"font-family:Cambria,serif\"><span style=\"letter-spacing:-0.5pt\"><b><span style=\"font-size:18.0pt\"><span style=\"font-family:&quot;Calibri&quot;,sans-serif\"><span style=\"font-variant:small-caps\">Setor<\/span><\/span><\/span><\/b><\/span><\/span><\/span><\/p>\r\n\r\n<p style=\"text-align:justify\"><span style=\"font-size:11pt\"><span style=\"line-height:normal\"><span style=\"font-family:Calibri,sans-serif\"><a href=\"https:\/\/portalpersonalcare.com.br\/ignorar-a-geopolitica-ficou-caro-para-a-industria\/\" style=\"color:blue; text-decoration:underline\"><span style=\"font-size:14.0pt\">Ignorar a geopol&iacute;tica ficou caro para a ind&uacute;stria<\/span><\/a><\/span><\/span><\/span><\/p>\r\n\r\n<p style=\"text-align:justify\"><span style=\"font-size:11pt\"><span style=\"line-height:normal\"><span style=\"font-family:Calibri,sans-serif\"><a href=\"https:\/\/diariodocomercio.com.br\/economia\/industria-textil-enfrenta-importacoes-desafios-estruturais\/\" style=\"color:blue; text-decoration:underline\"><span style=\"font-size:14.0pt\">ABIT: Ind&uacute;stria t&ecirc;xtil encerrou 2025 com sinais positivos, por&eacute;m em desacelera&ccedil;&atilde;o<\/span><\/a><\/span><\/span><\/span><\/p>\r\n\r\n<p style=\"text-align:justify\"><span style=\"font-size:11pt\"><span style=\"line-height:normal\"><span style=\"font-family:Calibri,sans-serif\"><a href=\"https:\/\/portalpersonalcare.com.br\/biodegradabilidade-e-origem-dos-materiais-na-industria-de-personal-care\/?utm_medium=email&amp;utm_campaign=newsletter_28012026&amp;utm_source=RD+Station\" style=\"color:blue; text-decoration:underline\"><span style=\"font-size:14.0pt\">Biodegradabilidade e origem dos materiais na ind&uacute;stria de personal care<\/span><\/a><\/span><\/span><\/span><\/p>\r\n\r\n<p style=\"text-align:justify\"><span style=\"font-size:11pt\"><span style=\"line-height:normal\"><span style=\"font-family:Calibri,sans-serif\"><a href=\"https:\/\/plasticosemrevista.com.br\/resinas-mercado-comedido-pauta-comercio-brasil-argentina-em-2025\/\" style=\"color:blue; text-decoration:underline\"><span style=\"font-size:14.0pt\">Resinas: mercado comedido pauta com&eacute;rcio Brasil-Argentina em 2025<\/span><\/a><\/span><\/span><\/span><\/p>\r\n\r\n<p style=\"text-align:justify\"><span style=\"font-size:11pt\"><span style=\"line-height:normal\"><span style=\"font-family:Calibri,sans-serif\"><a href=\"https:\/\/plasticosemrevista.com.br\/a-estrada-tortuosa-para-ps-e-estireno-no-brasil\/\" style=\"color:blue; text-decoration:underline\"><span style=\"font-size:14.0pt\">A estrada tortuosa para PS e estireno no Brasil<\/span><\/a><\/span><\/span><\/span><\/p>\r\n\r\n<p style=\"text-align:justify\"><span style=\"font-size:11pt\"><span style=\"line-height:normal\"><span style=\"font-family:Calibri,sans-serif\"><a href=\"https:\/\/www.meiofiltrante.com.br\/Noticia\/132094\/construcao-civil-entra-em-2026-com-expectativas-renovadas-e-maior-atencao-aos-sinais-de-retomada-\" style=\"color:blue; text-decoration:underline\"><span style=\"font-size:14.0pt\">Constru&ccedil;&atilde;o civil entra em 2026 com expectativas renovadas e maior aten&ccedil;&atilde;o aos sinais de retomada<\/span><\/a><\/span><\/span><\/span><\/p>\r\n\r\n<p style=\"text-align:justify\"><span style=\"font-size:28pt\"><span style=\"font-family:Cambria,serif\"><span style=\"letter-spacing:-0.5pt\"><b><span style=\"font-size:18.0pt\"><span style=\"font-family:&quot;Calibri&quot;,sans-serif\"><span style=\"font-variant:small-caps\">Ind&uacute;stria<\/span><\/span><\/span><\/b><\/span><\/span><\/span><\/p>\r\n\r\n<p style=\"text-align:justify\"><span style=\"font-size:11pt\"><span style=\"line-height:normal\"><span style=\"font-family:Calibri,sans-serif\"><a href=\"https:\/\/noticias.portaldaindustria.com.br\/noticias\/economia\/juros-punitivos-baixa-demanda-e-alta-das-importacoes-seguraram-crescimento-da-industria-em-2025\/\" style=\"color:blue; text-decoration:underline\"><span style=\"font-size:14.0pt\">Juros punitivos, baixa demanda e alta das importa&ccedil;&otilde;es seguraram crescimento da ind&uacute;stria em 2025<\/span><\/a><\/span><\/span><\/span><\/p>\r\n\r\n<p style=\"text-align:justify\"><span style=\"font-size:11pt\"><span style=\"line-height:normal\"><span style=\"font-family:Calibri,sans-serif\"><a href=\"https:\/\/www.portaldaindustria.com.br\/estatisticas\/sondagem-industrial\/\" style=\"color:blue; text-decoration:underline\"><span style=\"font-size:14.0pt\">Elevada carga tribut&aacute;ria se mant&eacute;m como o maior problema enfrentado pela ind&uacute;stria durante todo o ano de 2025<\/span><\/a><\/span><\/span><\/span><\/p>\r\n\r\n<p style=\"text-align:justify\"><span style=\"font-size:11pt\"><span style=\"line-height:normal\"><span style=\"font-family:Calibri,sans-serif\"><a href=\"https:\/\/revlink.revistaanamaco.com.br\/cl\/PWKRo\/CxP\/83c5\/LCFJkUKAOaB\/BM-9\/FlAwcvIpMKz\/2\/\" style=\"color:blue; text-decoration:underline\" target=\"_blank\"><span style=\"font-size:14.0pt\">Carga tribut&aacute;ria: o entrave da constru&ccedil;&atilde;o<\/span><\/a><\/span><\/span><\/span><\/p>\r\n\r\n<p style=\"text-align:justify\"><span style=\"font-size:11pt\"><span style=\"line-height:normal\"><span style=\"font-family:Calibri,sans-serif\"><a href=\"https:\/\/noticias.portaldaindustria.com.br\/noticias\/economia\/cni-de-29-setores-industriais-analisados-apenas-9-estao-confiantes-na-economia-do-pais\/\" style=\"color:blue; text-decoration:underline\"><span style=\"font-size:14.0pt\">CNI: de 29 setores industriais analisados, apenas 9 est&atilde;o confiantes na economia do pa&iacute;s<\/span><\/a><\/span><\/span><\/span><\/p>\r\n\r\n<p style=\"text-align:justify\"><span style=\"font-size:11pt\"><span style=\"line-height:normal\"><span style=\"font-family:Calibri,sans-serif\"><a href=\"https:\/\/portalibre.fgv.br\/system\/files\/divulgacao\/noticias\/mat-complementar\/2026-02\/%C3%8Dndice%20de%20Confian%C3%A7a%20Empresarial%20FGV_press%20release_Jan26.pdf\" style=\"color:blue; text-decoration:underline\"><span style=\"font-size:14.0pt\">FGV IBRE: Confian&ccedil;a Empresarial inicia o ano em alta<\/span><\/a><\/span><\/span><\/span><\/p>\r\n\r\n<p style=\"text-align:justify\"><span style=\"font-size:11pt\"><span style=\"line-height:normal\"><span style=\"font-family:Calibri,sans-serif\"><a href=\"https:\/\/plasticosulamerica.com\/balanco-da-industria-de-maquinas-e-equipamentos-redesenha-dinamica-do-mercado-de-plasticos-no-brasil\/\" style=\"color:blue; text-decoration:underline\"><span style=\"font-size:14.0pt\">Balan&ccedil;o da ind&uacute;stria de m&aacute;quinas e equipamentos redesenha din&acirc;mica do mercado de pl&aacute;sticos no brasil<\/span><\/a><\/span><\/span><\/span><\/p>\r\n\r\n<p style=\"text-align:justify\"><span style=\"font-size:11pt\"><span style=\"line-height:normal\"><span style=\"font-family:Calibri,sans-serif\"><a href=\"https:\/\/www.gov.br\/aneel\/pt-br\/assuntos\/noticias\/2026\/aneel-preve-crescimento-de-9-1-gw-na-matriz-eletrica-brasileira-em-2026?utm_medium=email&amp;_hsenc=p2ANqtz-82nr-Q8DDnR1wC4YX9ZXhNDVEZ3cvXMor73ho5pfKdLrXmFGPwsvjI692QIO5WBRbmpAYPxa52rT60_v0l_nlm8jRWYw&amp;_hsmi=400682498&amp;utm_content=400682498&amp;utm_source=hs_email\" style=\"color:blue; text-decoration:underline\"><span style=\"font-size:14.0pt\">ANEEL prev&ecirc; crescimento de 9,1 GW na matriz el&eacute;trica brasileira em 2026<\/span><\/a><\/span><\/span><\/span><\/p>\r\n\r\n<p style=\"text-align:justify\"><span style=\"font-size:28pt\"><span style=\"font-family:Cambria,serif\"><span style=\"letter-spacing:-0.5pt\"><b><span style=\"font-size:18.0pt\"><span style=\"font-family:&quot;Calibri&quot;,sans-serif\"><span style=\"font-variant:small-caps\">Sustentabilidade<\/span><\/span><\/span><\/b><\/span><\/span><\/span><\/p>\r\n\r\n<p style=\"text-align:justify\"><span style=\"font-size:11pt\"><span style=\"line-height:normal\"><span style=\"font-family:Calibri,sans-serif\"><a href=\"https:\/\/portalpersonalcare.com.br\/biodegradabilidade-e-origem-dos-materiais-na-industria-de-personal-care\/?utm_medium=email&amp;utm_campaign=newsletter_28012026&amp;utm_source=RD+Station\" style=\"color:blue; text-decoration:underline\"><span style=\"font-size:14.0pt\">Biodegradabilidade e origem dos materiais na ind&uacute;stria de personal care<\/span><\/a><\/span><\/span><\/span><\/p>\r\n\r\n<p style=\"text-align:justify\"><span style=\"font-size:11pt\"><span style=\"line-height:normal\"><span style=\"font-family:Calibri,sans-serif\"><a href=\"https:\/\/www.gov.br\/mdic\/pt-br\/assuntos\/noticias\/2026\/janeiro\/norma-define-diretrizes-de-sustentabilidade-para-o-programa-selo-verde\" style=\"color:blue; text-decoration:underline\"><span style=\"font-size:14.0pt\">Norma define diretrizes de sustentabilidade para o programa Selo Verde<\/span><\/a><\/span><\/span><\/span><\/p>\r\n\r\n<p style=\"text-align:justify\"><span style=\"font-size:11pt\"><span style=\"line-height:normal\"><span style=\"font-family:Calibri,sans-serif\"><a href=\"https:\/\/share.google\/qNKCA6YJU3gS2hOzO\" style=\"color:blue; text-decoration:underline\"><span style=\"font-size:14.0pt\">MMA abre consultas p&uacute;blicas para avan&ccedil;ar na regulamenta&ccedil;&atilde;o da log&iacute;stica reversa de embalagens pl&aacute;sticas<\/span><\/a><\/span><\/span><\/span><\/p>\r\n\r\n<p style=\"text-align:justify\"><span style=\"font-size:11pt\"><span style=\"line-height:normal\"><span style=\"font-family:Calibri,sans-serif\"><a href=\"https:\/\/public-api.wordpress.com\/bar\/?stat=groovemails-events&amp;bin=wpcom_email_click&amp;redirect_to=https%3A%2F%2Fblogdoplastico.wordpress.com%2F2026%2F01%2F27%2Finovacao-e-sustentabilidade-tem-destaque-entre-as-materias-primas-que-serao-expostas-na-interplast%2F&amp;sr=0&amp;signature=7ac696ec9b952f7d8d16258b9a876c18&amp;blog_id=9438832&amp;user=135099004&amp;_e=eyJlcnJvciI6bnVsbCwiYmxvZ19pZCI6OTQzODgzMiwiYmxvZ19sYW5nIjoicHQtQlIiLCJzaXRlX2lkX2xhYmVsIjoid3Bjb20iLCJoYXNfZmVhdHVyZWRfaW1hZ2UiOiIwIiwic3Vic2NyaWJlcl9pZCI6IjQ0NzAwMjQ1IiwiX3VpIjoxMzUwOTkwMDQsImxvY2FsZSI6InB0LWJyIiwiY3VycmVuY3kiOiJCUkwiLCJjb3VudHJ5X2NvZGVfc2lnbnVwIjoiQlIiLCJzaWdudXBfZmxvd19uYW1lIjoiZGVsdGEtc2l0ZSIsImVtYWlsX2RvbWFpbiI6ImFiaW50Lm9yZy5iciIsInBvc3RfaWQiOjE5NTk2LCJ1c2VyX2VtYWlsIjoiYWJpbnRAYWJpbnQub3JnLmJyIiwiZGF0ZV9zZW50IjoiMjAyNi0wMS0yNyIsImVtYWlsX25hbWUiOiJuZXctcG9zdCIsInRlbXBsYXRlIjoibmV3LXBvc3QiLCJlbWFpbF9pZCI6IjFlMGY3NDdkNzM5MjhlMGVjMjkwYjZjMzUyNzYwNDAzIiwibGlua19kZXNjIjoicG9zdC11cmwiLCJhbmNob3JfdGV4dCI6Iklub3ZhXHUwMGU3XHUwMGUzbyBlIHN1c3RlbnRhYmlsaWRhZGUgdFx1MDBlYW0gZGVzdGFxdWUgZW50cmUgYXMgbWF0XHUwMGU5cmlhcyBwcmltYXMgcXVlIHNlclx1MDBlM28gZXhwb3N0YXMgbmFcdTAwYTBJbnRlcnBsYXN0IiwiX2RyIjpudWxsLCJfZGwiOiJcL3dwLWFkbWluXC9wb3N0LnBocCIsIl91dCI6IndwY29tOnVzZXJfaWQiLCJfdWwiOiJhYmludHR0IiwiX2VuIjoid3Bjb21fZW1haWxfY2xpY2siLCJfdHMiOjE3Njk1MjYwNzY2NzAsImJyb3dzZXJfdHlwZSI6InBocC1hZ2VudCIsIl9hdWEiOiJ3cGNvbS10cmFja3MtY2xpZW50LXYwLjMiLCJibG9nX3R6IjoiLTMiLCJ1c2VyX2xhbmciOiJwdC1iciJ9&amp;_z=z\" style=\"color:blue; text-decoration:underline\"><span style=\"font-size:14.0pt\">Inova&ccedil;&atilde;o e sustentabilidade t&ecirc;m destaque entre as mat&eacute;rias primas que ser&atilde;o expostas na&nbsp;Interplast<\/span><\/a><\/span><\/span><\/span><\/p>\r\n\r\n<p style=\"text-align:justify\"><span style=\"font-size:28pt\"><span style=\"font-family:Cambria,serif\"><span style=\"letter-spacing:-0.5pt\"><b><span style=\"font-size:18.0pt\"><span style=\"font-family:&quot;Calibri&quot;,sans-serif\"><span style=\"font-variant:small-caps\">Inova&ccedil;&atilde;o<\/span><\/span><\/span><\/b><\/span><\/span><\/span><\/p>\r\n\r\n<p style=\"text-align:justify\"><span style=\"font-size:11pt\"><span style=\"line-height:normal\"><span style=\"font-family:Calibri,sans-serif\"><a href=\"https:\/\/www.meiofiltrante.com.br\/Noticia\/132077\/tecnologias-de-filtragem-asseguram-qualidade-de-agua-em-processos-industriais\" style=\"color:blue; text-decoration:underline\"><span style=\"font-size:14.0pt\">Tecnologias de filtragem asseguram qualidade de &aacute;gua em processos industriais<\/span><\/a><\/span><\/span><\/span><\/p>\r\n\r\n<p style=\"text-align:justify\"><span style=\"font-size:11pt\"><span style=\"line-height:normal\"><span style=\"font-family:Calibri,sans-serif\"><a href=\"https:\/\/www.inovacaotecnologica.com.br\/noticias\/noticia.php?artigo=composito-autoconserta&amp;id=010170260123&amp;ebol=sim\" style=\"color:blue; text-decoration:underline\"><span style=\"font-size:14.0pt\">Comp&oacute;sito que se autoconserta pode durar s&eacute;culos<\/span><\/a><\/span><\/span><\/span><\/p>\r\n\r\n<p style=\"text-align:justify\"><span style=\"font-size:11pt\"><span style=\"line-height:normal\"><span style=\"font-family:Calibri,sans-serif\"><a href=\"https:\/\/www.inovacaotecnologica.com.br\/noticias\/noticia.php?artigo=tecido-robotico-ponto-certo&amp;id=010180260123&amp;ebol=sim\" style=\"color:blue; text-decoration:underline\"><span style=\"font-size:14.0pt\">Para um tecido rob&oacute;tico mais forte, use ponto em X<\/span><\/a><\/span><\/span><\/span><\/p>\r\n\r\n<p style=\"text-align:justify\"><span style=\"font-size:28pt\"><span style=\"font-family:Cambria,serif\"><span style=\"letter-spacing:-0.5pt\"><b><span style=\"font-size:18.0pt\"><span style=\"font-family:&quot;Calibri&quot;,sans-serif\"><span style=\"font-variant:small-caps\">Com&eacute;rcio Exterior<\/span><\/span><\/span><\/b><\/span><\/span><\/span><\/p>\r\n\r\n<p style=\"text-align:justify\"><span style=\"font-size:11pt\"><span style=\"line-height:normal\"><span style=\"font-family:Calibri,sans-serif\"><a href=\"https:\/\/noticias.portaldaindustria.com.br\/noticias\/internacional\/industria-brasileira-segura-posicoes-em-ranking-mundial-de-producao-e-exportacao\/\" style=\"color:blue; text-decoration:underline\"><span style=\"font-size:14.0pt\">Ind&uacute;stria brasileira segura posi&ccedil;&otilde;es em ranking mundial de produ&ccedil;&atilde;o e exporta&ccedil;&atilde;o<\/span><\/a><\/span><\/span><\/span><\/p>\r\n\r\n<p style=\"text-align:justify\"><span style=\"font-size:11pt\"><span style=\"line-height:normal\"><span style=\"font-family:Calibri,sans-serif\"><a href=\"https:\/\/oantagonista.com.br\/economia\/uniao-europeia-e-india-fecham-acordo-comercial-historico\/\" style=\"color:blue; text-decoration:underline\"><span style=\"font-size:14.0pt\">Uni&atilde;o Europeia e &Iacute;ndia fecham acordo comercial hist&oacute;rico<\/span><\/a><\/span><\/span><\/span><\/p>\r\n\r\n<p style=\"text-align:justify\"><span style=\"font-size:11pt\"><span style=\"line-height:normal\"><span style=\"font-family:Calibri,sans-serif\"><a href=\"https:\/\/apexbrasil.com.br\/content\/apexbrasil\/br\/pt\/conteudo\/noticias\/presidente-da-apexbrasil-jorge-viana-anuncia-uniao-de-esforcos-para-futuro-do-acordo-mercosul-uniao-europeia-e-campanha-estrategica-na-promocao-do-brasil-na-europa.html#msdynmkt_trackingcontext=e8bab23c-8880-467e-aa7f-a032c1c60300\" style=\"color:blue; text-decoration:underline\"><span style=\"font-size:14.0pt\">Presidente da ApexBrasil, Jorge Viana, anuncia uni&atilde;o de esfor&ccedil;os para futuro do Acordo Mercosul-Uni&atilde;o Europeia e campanha estrat&eacute;gica na promo&ccedil;&atilde;o do Brasil na Europa<\/span><\/a><\/span><\/span><\/span><\/p>\r\n\r\n<p style=\"text-align:justify\"><span style=\"font-size:11pt\"><span style=\"line-height:normal\"><span style=\"font-family:Calibri,sans-serif\"><a href=\"https:\/\/comexdobrasil.com\/estados-unidos-devem-ser-a-principal-prioridade-da-agenda-externa-do-proximo-governo-brasileiro-aponta-pesquisa-amcham\/\" style=\"color:blue; text-decoration:underline\"><span style=\"font-size:14.0pt\">Estados Unidos devem ser a principal prioridade da agenda externa do pr&oacute;ximo governo brasileiro, aponta Pesquisa Amcham<\/span><\/a><\/span><\/span><\/span><\/p>\r\n\r\n<p style=\"text-align:justify\"><span style=\"font-size:11pt\"><span style=\"line-height:normal\"><span style=\"font-family:Calibri,sans-serif\"><a href=\"https:\/\/noticias.portaldaindustria.com.br\/noticias\/internacional\/industria-brasileira-vai-ao-panama-para-ampliar-presenca-na-america-latina\/\" style=\"color:blue; text-decoration:underline\"><span style=\"font-size:14.0pt\">Ind&uacute;stria brasileira vai ao Panam&aacute; para ampliar presen&ccedil;a na Am&eacute;rica Latina<\/span><\/a><\/span><\/span><\/span><\/p>\r\n\r\n<p style=\"text-align:justify\"><span style=\"font-size:11pt\"><span style=\"line-height:normal\"><span style=\"font-family:Calibri,sans-serif\"><a href=\"https:\/\/comexdobrasil.com\/exportacoes-crescem-84-na-media-diaria-ate-a-4-semana-de-janeiro-26-importacoes-caem-36\/\" style=\"color:blue; text-decoration:underline\"><span style=\"font-size:14.0pt\">Exporta&ccedil;&otilde;es crescem 8,4% na m&eacute;dia di&aacute;ria at&eacute; a 4&deg; semana de janeiro\/26; importa&ccedil;&otilde;es caem 3,6%<\/span><\/a><\/span><\/span><\/span><\/p>\r\n\r\n<p style=\"text-align:justify\"><span style=\"font-size:28pt\"><span style=\"font-family:Cambria,serif\"><span style=\"letter-spacing:-0.5pt\"><b><span style=\"font-size:18.0pt\"><span style=\"font-family:&quot;Calibri&quot;,sans-serif\"><span style=\"font-variant:small-caps\">Economia<\/span><\/span><\/span><\/b><\/span><\/span><\/span><\/p>\r\n\r\n<p style=\"text-align:justify\"><span style=\"font-size:11pt\"><span style=\"line-height:normal\"><span style=\"font-family:Calibri,sans-serif\"><span style=\"font-size:14.0pt\"><a href=\"https:\/\/www.bcb.gov.br\/content\/focus\/focus\/R20260130.pdf\" style=\"color:blue; text-decoration:underline\">Focus - Relat&oacute;rio de Mercado<\/a><\/span><\/span><\/span><\/span><\/p>\r\n\r\n<p style=\"text-align:justify\"><span style=\"font-size:11pt\"><span style=\"line-height:normal\"><span style=\"font-family:Calibri,sans-serif\"><a href=\"https:\/\/agenciabrasil.ebc.com.br\/economia\/noticia\/2026-01\/setor-produtivo-reage-manutencao-da-selic-em-15-ao-ano\" style=\"color:blue; text-decoration:underline\"><span style=\"font-size:14.0pt\">Setor produtivo reage &agrave; manuten&ccedil;&atilde;o da Selic em 15% ao ano<\/span><\/a><\/span><\/span><\/span><\/p>\r\n\r\n<p style=\"text-align:justify\"><span style=\"font-size:11pt\"><span style=\"line-height:normal\"><span style=\"font-family:Calibri,sans-serif\"><a href=\"https:\/\/portalibre.fgv.br\/system\/files\/divulgacao\/noticias\/mat-complementar\/2026-01\/PressRelease_IIE-BR_jan26.pdf\" style=\"color:blue; text-decoration:underline\"><span style=\"font-size:14.0pt\">Incerteza Econ&ocirc;mica sobe fortemente em janeiro<\/span><\/a><\/span><\/span><\/span><\/p>\r\n\r\n<p style=\"text-align:justify\"><img src=\"https:\/\/www.abint.org.br\/assets\/img\/editor\/redes-sociais-abint-ctg-cth_202602031221205wKQ7QHRH4.jpg\" \/><\/p>\r\n","texto_en":"","7":"","imagem":"COMP_capa-2026-site-boletim-abint-noticias-semanis_20260204170213JDslxkPwO9.jpg","8":"COMP_capa-2026-site-boletim-abint-noticias-semanis_20260204170213JDslxkPwO9.jpg","arquivo":"20260203-BOLETIM-ABINT-DE-NOTICIAS-SEMANAIS.PDF","9":"20260203-BOLETIM-ABINT-DE-NOTICIAS-SEMANAIS.PDF","titulo_arquivo":"20260203 Boletim ABINT de Not\u00edcias Semanais","10":"20260203 Boletim ABINT de Not\u00edcias Semanais","titulo_arquivo_en":"","11":"","created_at":"2026-02-04 17:02:25","12":"2026-02-04 17:02:25","updated_at":"2026-02-04 17:02:25","13":"2026-02-04 17:02:25"},{"id":213,"0":213,"ordem":10,"1":10,"data":"2026-01-27","2":"2026-01-27","slug":"boletim-abint-de-noticias-semanais-111","3":"boletim-abint-de-noticias-semanais-111","titulo":"Boletim ABINT de Not\u00edcias Semanais","4":"Boletim ABINT de Not\u00edcias Semanais","titulo_en":"","5":"","texto":"<p style=\"text-align:justify\"><span style=\"font-size:11pt\"><span style=\"line-height:normal\"><span style=\"font-family:Calibri,sans-serif\"><span style=\"font-size:14.0pt\">Esta &eacute; uma compila&ccedil;&atilde;o das not&iacute;cias mais relevantes para o setor, incluindo informa&ccedil;&otilde;es sobre acordos internacionais, economia brasileira, sustentabilidade e mat&eacute;rias primas, al&eacute;m de novidades do setor de N&atilde;otecidos e Tecidos T&eacute;cnicos.<\/span><\/span><\/span><\/span><\/p>\r\n\r\n<p style=\"text-align:justify\"><span style=\"font-size:28pt\"><span style=\"font-family:Cambria,serif\"><span style=\"letter-spacing:-0.5pt\"><b><span style=\"font-size:18.0pt\"><span style=\"font-family:&quot;Calibri&quot;,sans-serif\"><span style=\"font-variant:small-caps\">O que vem por a&iacute;<\/span><\/span><\/span><\/b><\/span><\/span><\/span><\/p>\r\n\r\n<p style=\"text-align:justify\"><span style=\"font-size:28pt\"><span style=\"font-family:Cambria,serif\"><span style=\"letter-spacing:-0.5pt\"><b><span style=\"font-size:18.0pt\"><span style=\"font-family:&quot;Calibri&quot;,sans-serif\"><span style=\"font-variant:small-caps\"><img src=\"https:\/\/www.abint.org.br\/assets\/img\/editor\/e-mail-marketing-cbig2026_20260203121555Jf45MPgLBP.png\" style=\"width: 500px; height: 334px;\" \/><\/span><\/span><\/span><\/b><\/span><\/span><\/span><\/p>\r\n\r\n<p align=\"center\" style=\"text-align:center\"><span style=\"font-size:11pt\"><span style=\"line-height:normal\"><span style=\"font-family:Calibri,sans-serif\"><a href=\"https:\/\/www.even3.com.br\/curso-brasileiro-de-instalacao-de-geomembranas-paulo-kenji-acakiura-686190\/\" style=\"color:blue; text-decoration:underline\"><b><span style=\"font-size:14.0pt\">Acesse aqui para fazer sua inscri&ccedil;&atilde;o<\/span><\/b><\/a><\/span><\/span><\/span><\/p>\r\n\r\n<p style=\"text-align:justify\"><span style=\"font-size:28pt\"><span style=\"font-family:Cambria,serif\"><span style=\"letter-spacing:-0.5pt\"><b><span style=\"font-size:18.0pt\"><span style=\"font-family:&quot;Calibri&quot;,sans-serif\"><span style=\"font-variant:small-caps\">Not&iacute;cias das Associadas<\/span><\/span><\/span><\/b><\/span><\/span><\/span><\/p>\r\n\r\n<p style=\"text-align:justify\"><span style=\"font-size:11pt\"><span style=\"line-height:normal\"><span style=\"font-family:Calibri,sans-serif\"><a href=\"https:\/\/mundologistica.com.br\/noticias\/cipatex-cd-operacao-logistica\" style=\"color:blue; text-decoration:underline\"><span style=\"font-size:14.0pt\">Cipatex amplia CD em 22% e moderniza opera&ccedil;&atilde;o log&iacute;stica<\/span><\/a><\/span><\/span><\/span><\/p>\r\n\r\n<p style=\"text-align:justify\"><span style=\"font-size:11pt\"><span style=\"line-height:normal\"><span style=\"font-family:Calibri,sans-serif\"><b><span style=\"font-size:18.0pt\"><span style=\"font-variant:small-caps\">Eventos<\/span><\/span><\/b><\/span><\/span><\/span><\/p>\r\n\r\n<p style=\"text-align:justify\"><span style=\"font-size:11pt\"><span style=\"line-height:normal\"><span style=\"font-family:Calibri,sans-serif\"><a href=\"https:\/\/www.caf.com\/pt\/especiales\/forum-econ%C3%B4mico-internacional-america-latina-e-caribe-2026\/#msdynmkt_trackingcontext=fa3f1185-da04-4db1-887e-2719db160000\" style=\"color:blue; text-decoration:underline\"><b><span style=\"font-size:14.0pt\">Miss&atilde;o Empresarial ao F&oacute;rum Econ&ocirc;mico Internacional ALC<\/span><\/b><\/a><span style=\"font-size:14.0pt\">, 27 a 30 de janeiro de 2026, na Cidade do Panam&aacute;.<\/span><\/span><\/span><\/span><\/p>\r\n\r\n<p style=\"text-align:justify\"><span style=\"font-size:11pt\"><span style=\"line-height:normal\"><span style=\"font-family:Calibri,sans-serif\"><a href=\"https:\/\/abrava.com.br\/compromissos\/abrava-de-portas-abertas-2\/?utm_medium=email&amp;utm_campaign=inscreva-se__abrava_de_portas_abertas&amp;utm_source=RD+Station\" style=\"color:blue; text-decoration:underline\"><b><span style=\"font-size:14.0pt\">ABRAVA de Portas Abertas<\/span><\/b><\/a><span style=\"font-size:14.0pt\">, 29 de janeiro de 2026, das 08h30 &agrave;s 12h00, evento h&iacute;brido<\/span><\/span><\/span><\/span><\/p>\r\n\r\n<p style=\"text-align:justify\"><span style=\"font-size:11pt\"><span style=\"line-height:normal\"><span style=\"font-family:Calibri,sans-serif\"><a href=\"https:\/\/events.economist.com\/sustainability-week\/?RefID=EM13A-WhatsNew-Del_email-owned_MA00007195\" style=\"color:blue; text-decoration:underline\"><b><span lang=\"EN-US\" style=\"font-size:14.0pt\">11th annual Sustainability Week | Incorporating the 3rd annual Energy Transition Summit<\/span><\/b><\/a><span lang=\"EN-US\" style=\"font-size:14.0pt\">, March 2nd &ndash; 4th 2026, Intercontinental London &ndash; the O2<\/span><\/span><\/span><\/span><\/p>\r\n\r\n<p style=\"text-align:justify\"><span style=\"font-size:11pt\"><span style=\"line-height:normal\"><span style=\"font-family:Calibri,sans-serif\"><a href=\"https:\/\/app.rdstation.email\/mail\/45c52967-ce89-46a6-a6b2-ba5fac188ce4?utm_medium=email&amp;utm_campaign=convite_panorama_abit_-_mercosul_ue&amp;utm_source=RD+Station\" style=\"color:blue; text-decoration:underline\"><b><span style=\"font-size:14.0pt\">Panorama Abit | Acordo Mercosul-Uni&atilde;o Europeia<\/span><\/b><\/a><span style=\"font-size:14.0pt\">, 03 de fevereiro de 2026, 09h30 &agrave;s 11h00, evento online<\/span><\/span><\/span><\/span><\/p>\r\n\r\n<p style=\"text-align:justify\"><span style=\"font-size:11pt\"><span style=\"line-height:normal\"><span style=\"font-family:Calibri,sans-serif\"><a href=\"https:\/\/congressodeinovacao.com.br\/\" style=\"color:blue; text-decoration:underline\"><b><span style=\"font-size:14.0pt\">11&ordm; Congresso de Inova&ccedil;&atilde;o da Ind&uacute;stria<\/span><\/b><\/a><span style=\"font-size:14.0pt\">, 25 e 26 de mar&ccedil;o de 2026, WTC S&atilde;o Paulo<\/span><\/span><\/span><\/span><\/p>\r\n\r\n<p style=\"text-align:justify\"><span style=\"font-size:11pt\"><span style=\"line-height:normal\"><span style=\"font-family:Calibri,sans-serif\"><a href=\"https:\/\/www.worldofwipes.org\/\" style=\"color:blue; text-decoration:underline\"><b><span lang=\"EN-US\" style=\"font-size:14.0pt\">INDA | WOW - World of Wipes International Conference<\/span><\/b><\/a><span lang=\"EN-US\" style=\"font-size:14.0pt\">, June 29&ndash;July 2, 2026, Grand Hyatt Nashville, Nashville, Tennessee USA<\/span><\/span><\/span><\/span><\/p>\r\n\r\n<p style=\"text-align:justify\"><span style=\"font-size:11pt\"><span style=\"line-height:normal\"><span style=\"font-family:Calibri,sans-serif\"><a href=\"https:\/\/filtech.de\/\" style=\"color:blue; text-decoration:underline\"><b><span style=\"font-size:14.0pt\">Filtech 2026<\/span><\/b><\/a><span style=\"font-size:14.0pt\">, de 30 de junho a 2 de julho, Cologne, Alemanha<\/span><\/span><\/span><\/span><\/p>\r\n\r\n<p style=\"text-align:justify\"><span style=\"font-size:11pt\"><span style=\"line-height:normal\"><span style=\"font-family:Calibri,sans-serif\"><a href=\"https:\/\/www.formobile.com.br\/pt\/home.html\" style=\"color:blue; text-decoration:underline\"><b><span style=\"font-size:14.0pt\">ForM&oacute;bile 2026<\/span><\/b><\/a><span style=\"font-size:14.0pt\">, 30 de junho e 3 de julho de 2026, S&atilde;o Paulo Expo<\/span><\/span><\/span><\/span><\/p>\r\n\r\n<p style=\"text-align:justify\"><span style=\"font-size:11pt\"><span style=\"line-height:normal\"><span style=\"font-family:Calibri,sans-serif\"><a href=\"https:\/\/sienge.com.br\/construsummit\/\" style=\"color:blue; text-decoration:underline\"><b><span style=\"font-size:14.0pt\">Construsummit<\/span><\/b><\/a><span style=\"font-size:14.0pt\">, 1 e 2 de julho de 2026, Florian&oacute;polis, SC<\/span><\/span><\/span><\/span><\/p>\r\n\r\n<p style=\"text-align:justify\"><span style=\"font-size:11pt\"><span style=\"line-height:normal\"><span style=\"font-family:Calibri,sans-serif\"><a href=\"https:\/\/ficons.com.br\/\" style=\"color:blue; text-decoration:underline\"><b><span style=\"font-size:14.0pt\">FICONS - Feira Internacional de Materiais, Equipamentos e Servi&ccedil;os da Constru&ccedil;&atilde;o<\/span><\/b><\/a><span style=\"font-size:14.0pt\">, 15 a 18 de setembro de 2026, Centro de Conven&ccedil;&otilde;es de Pernambuco Recife\/ Olinda<\/span><\/span><\/span><\/span><\/p>\r\n\r\n<p style=\"text-align:justify\"><span style=\"font-size:11pt\"><span style=\"line-height:normal\"><span style=\"font-family:Calibri,sans-serif\"><a href=\"https:\/\/www.edana.org\/events\/outlook\/outlook-2025\" style=\"color:blue; text-decoration:underline\"><b><span style=\"font-size:14.0pt\">OUTLOOK&trade; 2026<\/span><\/b><\/a><span style=\"font-size:14.0pt\">, 22&ndash;24 September 2026, Hotel Miragem, Cascais, Portugal<\/span><\/span><\/span><\/span><\/p>\r\n\r\n<p style=\"text-align:justify\"><span style=\"font-size:11pt\"><span style=\"line-height:normal\"><span style=\"font-family:Calibri,sans-serif\"><a href=\"https:\/\/hospitalmed.com.br\/feira\/\" style=\"color:blue; text-decoration:underline\"><b><span style=\"font-size:14.0pt\">HospitalMed<\/span><\/b><\/a><span style=\"font-size:14.0pt\">, 21 a 23 de outubro de 2026, das 14h &agrave;s 20h, Pernambuco Centro de Conven&ccedil;&otilde;es, Olinda<\/span><\/span><\/span><\/span><\/p>\r\n\r\n<p style=\"text-align:justify\"><span style=\"font-size:11pt\"><span style=\"line-height:normal\"><span style=\"font-family:Calibri,sans-serif\"><a href=\"https:\/\/www.edana.org\/events\/edana-sustainability-forum\" style=\"color:blue; text-decoration:underline\"><b><span lang=\"EN-US\" style=\"font-size:14.0pt\">Sustainability &amp; Policy Forum<\/span><\/b><\/a><span lang=\"EN-US\" style=\"font-size:14.0pt\">, 8&ndash;9 December 2026, Residence Palace in Brussels, Belgium<\/span><\/span><\/span><\/span><\/p>\r\n\r\n<p style=\"text-align:justify\"><span style=\"font-size:11pt\"><span style=\"line-height:normal\"><span style=\"font-family:Calibri,sans-serif\"><a href=\"https:\/\/infrane.com.br\/\" style=\"color:blue; text-decoration:underline\"><b><span style=\"font-size:14.0pt\">Infra NE<\/span><\/b><\/a><span style=\"font-size:14.0pt\">, 03 a 05 de mar&ccedil;o de 2027, Centro de Conven&ccedil;&otilde;es Salvador<\/span><\/span><\/span><\/span><\/p>\r\n\r\n<p style=\"text-align:justify\"><span style=\"font-size:28pt\"><span style=\"font-family:Cambria,serif\"><span style=\"letter-spacing:-0.5pt\"><b><span lang=\"EN-US\" style=\"font-size:18.0pt\"><span style=\"font-family:&quot;Calibri&quot;,sans-serif\"><span style=\"font-variant:small-caps\">Setor<\/span><\/span><\/span><\/b><\/span><\/span><\/span><\/p>\r\n\r\n<p style=\"text-align:justify\"><span style=\"font-size:11pt\"><span style=\"line-height:normal\"><span style=\"font-family:Calibri,sans-serif\"><a href=\"https:\/\/portalpersonalcare.com.br\/mercado-global-de-healthcare-wipes-deve-quase-dobrar-ate-2033-aponta-relatorio\/?utm_medium=email&amp;utm_campaign=newsletter_21012026&amp;utm_source=RD+Station\" style=\"color:blue; text-decoration:underline\"><span style=\"font-size:14.0pt\">Mercado global de healthcare wipes deve quase dobrar at&eacute; 2033, aponta relat&oacute;rio<\/span><\/a><\/span><\/span><\/span><\/p>\r\n\r\n<p style=\"text-align:justify\"><span style=\"font-size:11pt\"><span style=\"line-height:normal\"><span style=\"font-family:Calibri,sans-serif\"><a href=\"https:\/\/www.openpr.com\/news\/4353528\/glass-nonwovens-wet-laid-market-is-going-to-boom-growth\" style=\"color:blue; text-decoration:underline\"><span style=\"font-size:14.0pt\">O mercado de n&atilde;o tecidos de fibra de vidro produzidos por via &uacute;mida est&aacute; prestes a explodir - Oportunidades de crescimento at&eacute; 2033<\/span><\/a><\/span><\/span><\/span><\/p>\r\n\r\n<p style=\"text-align:justify\"><span style=\"font-size:11pt\"><span style=\"line-height:normal\"><span style=\"font-family:Calibri,sans-serif\"><a href=\"https:\/\/www.nonwovens-industry.com\/exclusives\/nonwovens-industrys-top-10-stories-of-2025\/\" style=\"color:blue; text-decoration:underline\"><span style=\"font-size:14.0pt\">As 10 principais not&iacute;cias do setor de n&atilde;o tecidos em 2025<\/span><\/a><\/span><\/span><\/span><\/p>\r\n\r\n<p style=\"text-align:justify\"><span style=\"font-size:11pt\"><span style=\"line-height:normal\"><span style=\"font-family:Calibri,sans-serif\"><a href=\"https:\/\/share.google\/EEgTvZM8l4L6J5sCQ\" style=\"color:blue; text-decoration:underline\"><span style=\"font-size:14.0pt\">Setor das til&aacute;pias em alta: produtor investe R$ 7 milh&otilde;es em tanques com geomembrana, triplica densidade de peixes por m&sup2; e projeta retorno milion&aacute;rio com mais de 2 milh&otilde;es de til&aacute;pias por ciclo<\/span><\/a><\/span><\/span><\/span><\/p>\r\n\r\n<p style=\"text-align:justify\"><span style=\"font-size:11pt\"><span style=\"line-height:normal\"><span style=\"font-family:Calibri,sans-serif\"><a href=\"https:\/\/share.google\/SqEWS0912C5yuVjAh\" style=\"color:blue; text-decoration:underline\"><span style=\"font-size:14.0pt\">Lago da Zona Leste passa por obra de impermeabiliza&ccedil;&atilde;o<\/span><\/a><\/span><\/span><\/span><\/p>\r\n\r\n<p style=\"text-align:justify\"><span style=\"font-size:11pt\"><span style=\"line-height:normal\"><span style=\"font-family:Calibri,sans-serif\"><a href=\"https:\/\/plasticosemrevista.com.br\/distribuicao-reposicao-do-estoque-de-boas-expectativas\/\" style=\"color:blue; text-decoration:underline\"><span style=\"font-size:14.0pt\">Distribui&ccedil;&atilde;o: reposi&ccedil;&atilde;o do estoque de boas expectativas<\/span><\/a><\/span><\/span><\/span><\/p>\r\n\r\n<p style=\"text-align:justify\"><span style=\"font-size:11pt\"><span style=\"line-height:normal\"><span style=\"font-family:Calibri,sans-serif\"><a href=\"https:\/\/plasticosemrevista.com.br\/resinas-o-caminho-sem-volta-das-importacoes\/\" style=\"color:blue; text-decoration:underline\"><span style=\"font-size:14.0pt\">Resinas: o caminho sem volta das importa&ccedil;&otilde;es<\/span><\/a><\/span><\/span><\/span><\/p>\r\n\r\n<p style=\"text-align:justify\"><span style=\"font-size:11pt\"><span style=\"line-height:normal\"><span style=\"font-family:Calibri,sans-serif\"><a href=\"https:\/\/investnews.com.br\/negocios\/braskem-prepara-plano-de-recuperacao-para-apresentar-a-credores-ate-marco\/\" style=\"color:blue; text-decoration:underline\"><span style=\"font-size:14.0pt\">Braskem prepara plano de recupera&ccedil;&atilde;o para apresentar a credores at&eacute; mar&ccedil;o<\/span><\/a><\/span><\/span><\/span><\/p>\r\n\r\n<p style=\"text-align:justify\"><span style=\"font-size:28pt\"><span style=\"font-family:Cambria,serif\"><span style=\"letter-spacing:-0.5pt\"><b><span style=\"font-size:18.0pt\"><span style=\"font-family:&quot;Calibri&quot;,sans-serif\"><span style=\"font-variant:small-caps\">Ind&uacute;stria<\/span><\/span><\/span><\/b><\/span><\/span><\/span><\/p>\r\n\r\n<p style=\"text-align:justify\"><span style=\"font-size:11pt\"><span style=\"line-height:normal\"><span style=\"font-family:Calibri,sans-serif\"><a href=\"https:\/\/www.cnnbrasil.com.br\/economia\/macroeconomia\/producao-da-industria-textil-brasileira-deve-crescer-11-em-2026-preve-abit\/\" style=\"color:blue; text-decoration:underline\"><span style=\"font-size:14.0pt\">Produ&ccedil;&atilde;o t&ecirc;xtil deve crescer 1,1% em 2026, diz Abit<\/span><\/a><\/span><\/span><\/span><\/p>\r\n\r\n<p style=\"text-align:justify\"><span style=\"font-size:11pt\"><span style=\"line-height:normal\"><span style=\"font-family:Calibri,sans-serif\"><a href=\"https:\/\/noticias.portaldaindustria.com.br\/noticias\/economia\/indice-de-evolucao-da-producao-industrial-tem-pior-dezembro-desde-2018-diz-sondagem-da-cni\/\" style=\"color:blue; text-decoration:underline\"><span style=\"font-size:14.0pt\">&Iacute;ndice de evolu&ccedil;&atilde;o da produ&ccedil;&atilde;o industrial tem pior dezembro desde 2018, diz sondagem da CNI<\/span><\/a><\/span><\/span><\/span><\/p>\r\n\r\n<p style=\"text-align:justify\"><span style=\"font-size:11pt\"><span style=\"line-height:normal\"><span style=\"font-family:Calibri,sans-serif\"><a href=\"https:\/\/noticias.portaldaindustria.com.br\/noticias\/economia\/cni-faturamento-sobe-mas-emprego-industrial-cai-pelo-terceiro-mes-consecutivo\/\" style=\"color:blue; text-decoration:underline\"><span style=\"font-size:14.0pt\">CNI: Faturamento sobe, mas emprego industrial cai pelo terceiro m&ecirc;s consecutivo<\/span><\/a><\/span><\/span><\/span><\/p>\r\n\r\n<p style=\"text-align:justify\"><span style=\"font-size:11pt\"><span style=\"line-height:normal\"><span style=\"font-family:Calibri,sans-serif\"><a href=\"https:\/\/app.isend.com.br\/iSend\/view\/FA8F3DCD77D9E93402228872ECB627ABC6E22DD25BFE3C0C4748AF0CA5E8F591448B7639D3E855F2\" style=\"color:blue; text-decoration:underline\"><span style=\"font-size:14.0pt\">Solu&ccedil;&otilde;es do SENAI-SP para a moderniza&ccedil;&atilde;o da constru&ccedil;&atilde;o civil<\/span><\/a><\/span><\/span><\/span><\/p>\r\n\r\n<p style=\"text-align:justify\"><span style=\"font-size:11pt\"><span style=\"line-height:normal\"><span style=\"font-family:Calibri,sans-serif\"><a href=\"https:\/\/www.msn.com\/pt-br\/dinheiro\/economia-e-negocios\/abimaq-consumo-aparente-do-setor-de-m%C3%A1quinas-recua-18-em-fevereiro\/ar-AA1CaKSx?apiversion=v2&amp;noservercache=1&amp;domshim=1&amp;renderwebcomponents=1&amp;wcseo=1&amp;batchservertelemetry=1&amp;noservertelemetry=1\" style=\"color:blue; text-decoration:underline\"><span style=\"font-size:14.0pt\">Abimaq: Consumo aparente do setor de m&aacute;quinas recua 1,8% em fevereiro<\/span><\/a><\/span><\/span><\/span><\/p>\r\n\r\n<p style=\"text-align:justify\"><span style=\"font-size:11pt\"><span style=\"line-height:normal\"><span style=\"font-family:Calibri,sans-serif\"><a href=\"https:\/\/share.google\/xQPK1oKIlKMIsCml5\" style=\"color:blue; text-decoration:underline\"><span style=\"font-size:14.0pt\">Reforma Tribut&aacute;ria: erros durante a transi&ccedil;&atilde;o est&atilde;o custando caro para as empresas<\/span><\/a><\/span><\/span><\/span><\/p>\r\n\r\n<p style=\"text-align:justify\"><span style=\"font-size:28pt\"><span style=\"font-family:Cambria,serif\"><span style=\"letter-spacing:-0.5pt\"><b><span style=\"font-size:18.0pt\"><span style=\"font-family:&quot;Calibri&quot;,sans-serif\"><span style=\"font-variant:small-caps\">Sustentabilidade<\/span><\/span><\/span><\/b><\/span><\/span><\/span><\/p>\r\n\r\n<p style=\"text-align:justify\"><span style=\"font-size:11pt\"><span style=\"line-height:normal\"><span style=\"font-family:Calibri,sans-serif\"><a href=\"https:\/\/share.google\/UKIeTPZq30uB4RlgW\" style=\"color:blue; text-decoration:underline\"><span style=\"font-size:14.0pt\">Estados Unidos jogam fora 20 milh&otilde;es de colch&otilde;es por ano, mas f&aacute;bricas desmontam esse pesadelo em a&ccedil;o e espuma, transformando lixo imposs&iacute;vel em bilh&otilde;es, empregos e reciclagem que salva aterros<\/span><\/a><\/span><\/span><\/span><\/p>\r\n\r\n<p style=\"text-align:justify\"><span style=\"font-size:11pt\"><span style=\"line-height:normal\"><span style=\"font-family:Calibri,sans-serif\"><a href=\"https:\/\/conectaverde.com.br\/nova-agenda-global-da-fundacao-ellen-macarthur-destaca-acoes-para-combater-a-poluicao-plastica\/\" style=\"color:blue; text-decoration:underline\"><span style=\"font-size:14.0pt\">Nova agenda global da Funda&ccedil;&atilde;o Ellen MacArthur destaca a&ccedil;&otilde;es para combater a polui&ccedil;&atilde;o pl&aacute;stica<\/span><\/a><\/span><\/span><\/span><\/p>\r\n\r\n<p style=\"text-align:justify\"><span style=\"font-size:11pt\"><span style=\"line-height:normal\"><span style=\"font-family:Calibri,sans-serif\"><a href=\"https:\/\/revistaplasticosul.com.br\/industria-4-0\/reforma-tributaria-muda-as-regras-da-reciclagem-e-acende-alerta-no-setor\/\" style=\"color:blue; text-decoration:underline\"><span style=\"font-size:14.0pt\">Reforma tribut&aacute;ria muda as regras da reciclagem e acende alerta no setor<\/span><\/a><\/span><\/span><\/span><\/p>\r\n\r\n<p style=\"text-align:justify\"><span style=\"font-size:11pt\"><span style=\"line-height:normal\"><span style=\"font-family:Calibri,sans-serif\"><a href=\"https:\/\/share.google\/dfBNePz4WAiwdUBp1\" style=\"color:blue; text-decoration:underline\"><span style=\"font-size:14.0pt\">Ind&uacute;stria nacional v&ecirc; dificuldade para financiar descarboniza&ccedil;&atilde;o<\/span><\/a><\/span><\/span><\/span><\/p>\r\n\r\n<p style=\"text-align:justify\"><span style=\"font-size:28pt\"><span style=\"font-family:Cambria,serif\"><span style=\"letter-spacing:-0.5pt\"><b><span style=\"font-size:18.0pt\"><span style=\"font-family:&quot;Calibri&quot;,sans-serif\"><span style=\"font-variant:small-caps\">Inova&ccedil;&atilde;o<\/span><\/span><\/span><\/b><\/span><\/span><\/span><\/p>\r\n\r\n<p style=\"text-align:justify\"><span style=\"font-size:11pt\"><span style=\"line-height:normal\"><span style=\"font-family:Calibri,sans-serif\"><a href=\"http:\/\/comunidadtextil.com\/wpnews\/2025\/12\/europa-lino-y-canamo-buscan-competir-en-los-automoviles-con-los-materiales-sinteticos\/?utm_source=email_marketing&amp;utm_admin=28519&amp;utm_medium=email&amp;utm_campaign=NOTICIAS_de_las_Industrias_Textil_de_Confecciones_y_Moda\" style=\"color:blue; text-decoration:underline\"><span style=\"font-size:14.0pt\">Europa: lino y c&aacute;&ntilde;amo buscan competir en los autom&oacute;viles con los materiales sint&eacute;ticos<\/span><\/a><\/span><\/span><\/span><\/p>\r\n\r\n<p style=\"text-align:justify\"><span style=\"font-size:11pt\"><span style=\"line-height:normal\"><span style=\"font-family:Calibri,sans-serif\"><a href=\"https:\/\/share.google\/BDjEqMUvZ9TMfLzND\" style=\"color:blue; text-decoration:underline\"><span style=\"font-size:14.0pt\">EUA abandonam concreto e apostam em &#39;troncos&#39; de fibra de coco para segurar margens: t&eacute;cnica surpreende ao conter eros&atilde;o, reduzir turbidez e transformar barrancos inst&aacute;veis em &aacute;reas verdes cheias de vida<\/span><\/a><\/span><\/span><\/span><\/p>\r\n\r\n<p style=\"text-align:justify\"><span style=\"font-size:11pt\"><span style=\"line-height:normal\"><span style=\"font-family:Calibri,sans-serif\"><a href=\"https:\/\/share.google\/izqaCmYTt0tJMsTFC\" style=\"color:blue; text-decoration:underline\"><span style=\"font-size:14.0pt\">Cientistas russos misturam lixo dom&eacute;stico e criam asfalto &#39;intermin&aacute;vel&#39; at&eacute; 23% mais resistente, com PET reciclado que aumenta a ader&ecirc;ncia em 20% e promete transformar toneladas de res&iacute;duos em pavimentos ultra dur&aacute;veis<\/span><\/a><\/span><\/span><\/span><\/p>\r\n\r\n<p style=\"text-align:justify\"><span style=\"font-size:11pt\"><span style=\"line-height:normal\"><span style=\"font-family:Calibri,sans-serif\"><a href=\"https:\/\/share.google\/Kyu4qum16rFKmYwa1\" style=\"color:blue; text-decoration:underline\"><span style=\"font-size:14.0pt\">Ind&uacute;stria t&ecirc;xtil e de confec&ccedil;&atilde;o da regi&atilde;o ter&aacute; programa de inova&ccedil;&atilde;o para micro e pequenas empresas<\/span><\/a><\/span><\/span><\/span><\/p>\r\n\r\n<p style=\"text-align:justify\"><span style=\"font-size:11pt\"><span style=\"line-height:normal\"><span style=\"font-family:Calibri,sans-serif\"><a href=\"https:\/\/www.camara.leg.br\/noticias\/1239805-comissao-aprova-projeto-que-incentiva-inovacao-e-tecnologia-em-regioes-com-menor-idh-no-brasil\" style=\"color:blue; text-decoration:underline\"><span style=\"font-size:14.0pt\">Comiss&atilde;o aprova projeto que incentiva inova&ccedil;&atilde;o e tecnologia em regi&otilde;es com menor IDH no Brasil<\/span><\/a><\/span><\/span><\/span><\/p>\r\n\r\n<p style=\"text-align:justify\"><span style=\"font-size:11pt\"><span style=\"line-height:normal\"><span style=\"font-family:Calibri,sans-serif\"><a href=\"https:\/\/www.agenciasp.sp.gov.br\/hub-de-inovacao-em-sao-jose-dos-campos-fortalece-o-avanco-do-saneamento-basico-no-estado\/\" style=\"color:blue; text-decoration:underline\"><span style=\"font-size:14.0pt\">Hub de Inova&ccedil;&atilde;o em S&atilde;o Jos&eacute; dos Campos fortalece o avan&ccedil;o do saneamento b&aacute;sico no estado<\/span><\/a><\/span><\/span><\/span><\/p>\r\n\r\n<p style=\"text-align:justify\"><span style=\"font-size:28pt\"><span style=\"font-family:Cambria,serif\"><span style=\"letter-spacing:-0.5pt\"><b><span style=\"font-size:18.0pt\"><span style=\"font-family:&quot;Calibri&quot;,sans-serif\"><span style=\"font-variant:small-caps\">Com&eacute;rcio Exterior<\/span><\/span><\/span><\/b><\/span><\/span><\/span><\/p>\r\n\r\n<p style=\"text-align:justify\"><span style=\"font-size:11pt\"><span style=\"line-height:normal\"><span style=\"font-family:Calibri,sans-serif\"><a href=\"https:\/\/agenciabrasil.ebc.com.br\/economia\/noticia\/2026-01\/cni-brasil-acessara-36-do-comercio-global-com-acordo-ue-mercosul\" style=\"color:blue; text-decoration:underline\"><span style=\"font-size:14.0pt\">CNI: Brasil acessar&aacute; 36% do com&eacute;rcio global com acordo UE-Mercosul<\/span><\/a><\/span><\/span><\/span><\/p>\r\n\r\n<p style=\"text-align:justify\"><span style=\"font-size:11pt\"><span style=\"line-height:normal\"><span style=\"font-family:Calibri,sans-serif\"><a href=\"https:\/\/share.google\/EWP8Xcy3iajtXSBCg\" style=\"color:blue; text-decoration:underline\"><span style=\"font-size:14.0pt\">BRICS pode ganhar tr&ecirc;s novos aliados estrat&eacute;gicos da Am&eacute;rica do Sul: Argentina, Paraguai e Uruguai sinalizam interesse, miram investimentos bilion&aacute;rios, exporta&ccedil;&otilde;es em alta e querem romper depend&ecirc;ncia de pot&ecirc;ncias tradicionais como EUA e Europa<\/span><\/a><\/span><\/span><\/span><\/p>\r\n\r\n<p style=\"text-align:justify\"><span style=\"font-size:11pt\"><span style=\"line-height:normal\"><span style=\"font-family:Calibri,sans-serif\"><a href=\"https:\/\/www.gov.br\/portos-e-aeroportos\/pt-br\/assuntos\/noticias\/2026\/01\/porto-de-santos-movimenta-186-4-milhoes-de-toneladas-em-2025-e-avanca-para-ampliar-sua-capacidade\" style=\"color:blue; text-decoration:underline\"><span style=\"font-size:14.0pt\">Porto de Santos movimenta 186,4 milh&otilde;es de toneladas em 2025 e avan&ccedil;a para ampliar sua capacidade<\/span><\/a><\/span><\/span><\/span><\/p>\r\n\r\n<p style=\"text-align:justify\"><span style=\"font-size:11pt\"><span style=\"line-height:normal\"><span style=\"font-family:Calibri,sans-serif\"><a href=\"https:\/\/www.parana.pr.gov.br\/aen\/Noticia\/Novo-recorde-Patio-de-Triagem-de-Paranagua-recebe-mais-de-meio-milhao-de-caminhoes-em\" style=\"color:blue; text-decoration:underline\"><span style=\"font-size:14.0pt\">Novo recorde: P&aacute;tio de Triagem de Paranagu&aacute; recebe mais de meio milh&atilde;o de caminh&otilde;es em 2025<\/span><\/a><\/span><\/span><\/span><\/p>\r\n\r\n<p style=\"text-align:justify\"><span style=\"font-size:11pt\"><span style=\"line-height:normal\"><span style=\"font-family:Calibri,sans-serif\"><a href=\"https:\/\/estado.sc.gov.br\/noticias\/com-novo-recorde-em-2025-porto-de-sao-francisco-aumenta-movimentacao-de-carga-em-quase-40-nos-ultimos-tres-anos\/\" style=\"color:blue; text-decoration:underline\"><span style=\"font-size:14.0pt\">Com novo recorde em 2025, Porto de S&atilde;o Francisco aumenta movimenta&ccedil;&atilde;o de carga em quase 40% nos &uacute;ltimos tr&ecirc;s anos<\/span><\/a><\/span><\/span><\/span><\/p>\r\n\r\n<p style=\"text-align:justify\"><span style=\"font-size:11pt\"><span style=\"line-height:normal\"><span style=\"font-family:Calibri,sans-serif\"><a href=\"https:\/\/www.agenciasp.sp.gov.br\/porto-de-sao-sebastiao-completa-71-anos-com-retomada-e-melhor-resultado-em-cinco-anos\/\" style=\"color:blue; text-decoration:underline\"><span style=\"font-size:14.0pt\">Porto de S&atilde;o Sebasti&atilde;o completa 71 anos com retomada e melhor resultado em cinco anos<\/span><\/a><\/span><\/span><\/span><\/p>\r\n\r\n<p style=\"text-align:justify\"><span style=\"font-size:28pt\"><span style=\"font-family:Cambria,serif\"><span style=\"letter-spacing:-0.5pt\"><b><span style=\"font-size:18.0pt\"><span style=\"font-family:&quot;Calibri&quot;,sans-serif\"><span style=\"font-variant:small-caps\">Economia<\/span><\/span><\/span><\/b><\/span><\/span><\/span><\/p>\r\n\r\n<p style=\"text-align:justify\"><span style=\"font-size:11pt\"><span style=\"line-height:normal\"><span style=\"font-family:Calibri,sans-serif\"><a href=\"https:\/\/www.bcb.gov.br\/content\/focus\/focus\/R20260123.pdf\" style=\"color:blue; text-decoration:underline\"><span style=\"font-size:14.0pt\">Focus - Relat&oacute;rio de Mercado<\/span><\/a><\/span><\/span><\/span><\/p>\r\n\r\n<p style=\"text-align:justify\"><span style=\"font-size:11pt\"><span style=\"line-height:normal\"><span style=\"font-family:Calibri,sans-serif\"><a href=\"https:\/\/share.google\/KO65hClVXryB30JPV\" style=\"color:blue; text-decoration:underline\"><span style=\"font-size:14.0pt\">PIB &ldquo;trope&ccedil;a&rdquo; em juro real de 10% e d&iacute;vida cresce, mas expans&atilde;o fiscal joga contra o BC<\/span><\/a><\/span><\/span><\/span><\/p>\r\n\r\n<p style=\"text-align:justify\"><span style=\"font-size:11pt\"><span style=\"line-height:normal\"><span style=\"font-family:Calibri,sans-serif\"><span style=\"font-size:14.0pt\"><img src=\"https:\/\/www.abint.org.br\/assets\/img\/editor\/redes-sociais-abint-ctg-cth_202602031221205wKQ7QHRH4.jpg\" \/><\/span><\/span><\/span><\/span><\/p>\r\n","6":"<p style=\"text-align:justify\"><span style=\"font-size:11pt\"><span style=\"line-height:normal\"><span style=\"font-family:Calibri,sans-serif\"><span style=\"font-size:14.0pt\">Esta &eacute; uma compila&ccedil;&atilde;o das not&iacute;cias mais relevantes para o setor, incluindo informa&ccedil;&otilde;es sobre acordos internacionais, economia brasileira, sustentabilidade e mat&eacute;rias primas, al&eacute;m de novidades do setor de N&atilde;otecidos e Tecidos T&eacute;cnicos.<\/span><\/span><\/span><\/span><\/p>\r\n\r\n<p style=\"text-align:justify\"><span style=\"font-size:28pt\"><span style=\"font-family:Cambria,serif\"><span style=\"letter-spacing:-0.5pt\"><b><span style=\"font-size:18.0pt\"><span style=\"font-family:&quot;Calibri&quot;,sans-serif\"><span style=\"font-variant:small-caps\">O que vem por a&iacute;<\/span><\/span><\/span><\/b><\/span><\/span><\/span><\/p>\r\n\r\n<p style=\"text-align:justify\"><span style=\"font-size:28pt\"><span style=\"font-family:Cambria,serif\"><span style=\"letter-spacing:-0.5pt\"><b><span style=\"font-size:18.0pt\"><span style=\"font-family:&quot;Calibri&quot;,sans-serif\"><span style=\"font-variant:small-caps\"><img src=\"https:\/\/www.abint.org.br\/assets\/img\/editor\/e-mail-marketing-cbig2026_20260203121555Jf45MPgLBP.png\" style=\"width: 500px; height: 334px;\" \/><\/span><\/span><\/span><\/b><\/span><\/span><\/span><\/p>\r\n\r\n<p align=\"center\" style=\"text-align:center\"><span style=\"font-size:11pt\"><span style=\"line-height:normal\"><span style=\"font-family:Calibri,sans-serif\"><a href=\"https:\/\/www.even3.com.br\/curso-brasileiro-de-instalacao-de-geomembranas-paulo-kenji-acakiura-686190\/\" style=\"color:blue; text-decoration:underline\"><b><span style=\"font-size:14.0pt\">Acesse aqui para fazer sua inscri&ccedil;&atilde;o<\/span><\/b><\/a><\/span><\/span><\/span><\/p>\r\n\r\n<p style=\"text-align:justify\"><span style=\"font-size:28pt\"><span style=\"font-family:Cambria,serif\"><span style=\"letter-spacing:-0.5pt\"><b><span style=\"font-size:18.0pt\"><span style=\"font-family:&quot;Calibri&quot;,sans-serif\"><span style=\"font-variant:small-caps\">Not&iacute;cias das Associadas<\/span><\/span><\/span><\/b><\/span><\/span><\/span><\/p>\r\n\r\n<p style=\"text-align:justify\"><span style=\"font-size:11pt\"><span style=\"line-height:normal\"><span style=\"font-family:Calibri,sans-serif\"><a href=\"https:\/\/mundologistica.com.br\/noticias\/cipatex-cd-operacao-logistica\" style=\"color:blue; text-decoration:underline\"><span style=\"font-size:14.0pt\">Cipatex amplia CD em 22% e moderniza opera&ccedil;&atilde;o log&iacute;stica<\/span><\/a><\/span><\/span><\/span><\/p>\r\n\r\n<p style=\"text-align:justify\"><span style=\"font-size:11pt\"><span style=\"line-height:normal\"><span style=\"font-family:Calibri,sans-serif\"><b><span style=\"font-size:18.0pt\"><span style=\"font-variant:small-caps\">Eventos<\/span><\/span><\/b><\/span><\/span><\/span><\/p>\r\n\r\n<p style=\"text-align:justify\"><span style=\"font-size:11pt\"><span style=\"line-height:normal\"><span style=\"font-family:Calibri,sans-serif\"><a href=\"https:\/\/www.caf.com\/pt\/especiales\/forum-econ%C3%B4mico-internacional-america-latina-e-caribe-2026\/#msdynmkt_trackingcontext=fa3f1185-da04-4db1-887e-2719db160000\" style=\"color:blue; text-decoration:underline\"><b><span style=\"font-size:14.0pt\">Miss&atilde;o Empresarial ao F&oacute;rum Econ&ocirc;mico Internacional ALC<\/span><\/b><\/a><span style=\"font-size:14.0pt\">, 27 a 30 de janeiro de 2026, na Cidade do Panam&aacute;.<\/span><\/span><\/span><\/span><\/p>\r\n\r\n<p style=\"text-align:justify\"><span style=\"font-size:11pt\"><span style=\"line-height:normal\"><span style=\"font-family:Calibri,sans-serif\"><a href=\"https:\/\/abrava.com.br\/compromissos\/abrava-de-portas-abertas-2\/?utm_medium=email&amp;utm_campaign=inscreva-se__abrava_de_portas_abertas&amp;utm_source=RD+Station\" style=\"color:blue; text-decoration:underline\"><b><span style=\"font-size:14.0pt\">ABRAVA de Portas Abertas<\/span><\/b><\/a><span style=\"font-size:14.0pt\">, 29 de janeiro de 2026, das 08h30 &agrave;s 12h00, evento h&iacute;brido<\/span><\/span><\/span><\/span><\/p>\r\n\r\n<p style=\"text-align:justify\"><span style=\"font-size:11pt\"><span style=\"line-height:normal\"><span style=\"font-family:Calibri,sans-serif\"><a href=\"https:\/\/events.economist.com\/sustainability-week\/?RefID=EM13A-WhatsNew-Del_email-owned_MA00007195\" style=\"color:blue; text-decoration:underline\"><b><span lang=\"EN-US\" style=\"font-size:14.0pt\">11th annual Sustainability Week | Incorporating the 3rd annual Energy Transition Summit<\/span><\/b><\/a><span lang=\"EN-US\" style=\"font-size:14.0pt\">, March 2nd &ndash; 4th 2026, Intercontinental London &ndash; the O2<\/span><\/span><\/span><\/span><\/p>\r\n\r\n<p style=\"text-align:justify\"><span style=\"font-size:11pt\"><span style=\"line-height:normal\"><span style=\"font-family:Calibri,sans-serif\"><a href=\"https:\/\/app.rdstation.email\/mail\/45c52967-ce89-46a6-a6b2-ba5fac188ce4?utm_medium=email&amp;utm_campaign=convite_panorama_abit_-_mercosul_ue&amp;utm_source=RD+Station\" style=\"color:blue; text-decoration:underline\"><b><span style=\"font-size:14.0pt\">Panorama Abit | Acordo Mercosul-Uni&atilde;o Europeia<\/span><\/b><\/a><span style=\"font-size:14.0pt\">, 03 de fevereiro de 2026, 09h30 &agrave;s 11h00, evento online<\/span><\/span><\/span><\/span><\/p>\r\n\r\n<p style=\"text-align:justify\"><span style=\"font-size:11pt\"><span style=\"line-height:normal\"><span style=\"font-family:Calibri,sans-serif\"><a href=\"https:\/\/congressodeinovacao.com.br\/\" style=\"color:blue; text-decoration:underline\"><b><span style=\"font-size:14.0pt\">11&ordm; Congresso de Inova&ccedil;&atilde;o da Ind&uacute;stria<\/span><\/b><\/a><span style=\"font-size:14.0pt\">, 25 e 26 de mar&ccedil;o de 2026, WTC S&atilde;o Paulo<\/span><\/span><\/span><\/span><\/p>\r\n\r\n<p style=\"text-align:justify\"><span style=\"font-size:11pt\"><span style=\"line-height:normal\"><span style=\"font-family:Calibri,sans-serif\"><a href=\"https:\/\/www.worldofwipes.org\/\" style=\"color:blue; text-decoration:underline\"><b><span lang=\"EN-US\" style=\"font-size:14.0pt\">INDA | WOW - World of Wipes International Conference<\/span><\/b><\/a><span lang=\"EN-US\" style=\"font-size:14.0pt\">, June 29&ndash;July 2, 2026, Grand Hyatt Nashville, Nashville, Tennessee USA<\/span><\/span><\/span><\/span><\/p>\r\n\r\n<p style=\"text-align:justify\"><span style=\"font-size:11pt\"><span style=\"line-height:normal\"><span style=\"font-family:Calibri,sans-serif\"><a href=\"https:\/\/filtech.de\/\" style=\"color:blue; text-decoration:underline\"><b><span style=\"font-size:14.0pt\">Filtech 2026<\/span><\/b><\/a><span style=\"font-size:14.0pt\">, de 30 de junho a 2 de julho, Cologne, Alemanha<\/span><\/span><\/span><\/span><\/p>\r\n\r\n<p style=\"text-align:justify\"><span style=\"font-size:11pt\"><span style=\"line-height:normal\"><span style=\"font-family:Calibri,sans-serif\"><a href=\"https:\/\/www.formobile.com.br\/pt\/home.html\" style=\"color:blue; text-decoration:underline\"><b><span style=\"font-size:14.0pt\">ForM&oacute;bile 2026<\/span><\/b><\/a><span style=\"font-size:14.0pt\">, 30 de junho e 3 de julho de 2026, S&atilde;o Paulo Expo<\/span><\/span><\/span><\/span><\/p>\r\n\r\n<p style=\"text-align:justify\"><span style=\"font-size:11pt\"><span style=\"line-height:normal\"><span style=\"font-family:Calibri,sans-serif\"><a href=\"https:\/\/sienge.com.br\/construsummit\/\" style=\"color:blue; text-decoration:underline\"><b><span style=\"font-size:14.0pt\">Construsummit<\/span><\/b><\/a><span style=\"font-size:14.0pt\">, 1 e 2 de julho de 2026, Florian&oacute;polis, SC<\/span><\/span><\/span><\/span><\/p>\r\n\r\n<p style=\"text-align:justify\"><span style=\"font-size:11pt\"><span style=\"line-height:normal\"><span style=\"font-family:Calibri,sans-serif\"><a href=\"https:\/\/ficons.com.br\/\" style=\"color:blue; text-decoration:underline\"><b><span style=\"font-size:14.0pt\">FICONS - Feira Internacional de Materiais, Equipamentos e Servi&ccedil;os da Constru&ccedil;&atilde;o<\/span><\/b><\/a><span style=\"font-size:14.0pt\">, 15 a 18 de setembro de 2026, Centro de Conven&ccedil;&otilde;es de Pernambuco Recife\/ Olinda<\/span><\/span><\/span><\/span><\/p>\r\n\r\n<p style=\"text-align:justify\"><span style=\"font-size:11pt\"><span style=\"line-height:normal\"><span style=\"font-family:Calibri,sans-serif\"><a href=\"https:\/\/www.edana.org\/events\/outlook\/outlook-2025\" style=\"color:blue; text-decoration:underline\"><b><span style=\"font-size:14.0pt\">OUTLOOK&trade; 2026<\/span><\/b><\/a><span style=\"font-size:14.0pt\">, 22&ndash;24 September 2026, Hotel Miragem, Cascais, Portugal<\/span><\/span><\/span><\/span><\/p>\r\n\r\n<p style=\"text-align:justify\"><span style=\"font-size:11pt\"><span style=\"line-height:normal\"><span style=\"font-family:Calibri,sans-serif\"><a href=\"https:\/\/hospitalmed.com.br\/feira\/\" style=\"color:blue; text-decoration:underline\"><b><span style=\"font-size:14.0pt\">HospitalMed<\/span><\/b><\/a><span style=\"font-size:14.0pt\">, 21 a 23 de outubro de 2026, das 14h &agrave;s 20h, Pernambuco Centro de Conven&ccedil;&otilde;es, Olinda<\/span><\/span><\/span><\/span><\/p>\r\n\r\n<p style=\"text-align:justify\"><span style=\"font-size:11pt\"><span style=\"line-height:normal\"><span style=\"font-family:Calibri,sans-serif\"><a href=\"https:\/\/www.edana.org\/events\/edana-sustainability-forum\" style=\"color:blue; text-decoration:underline\"><b><span lang=\"EN-US\" style=\"font-size:14.0pt\">Sustainability &amp; Policy Forum<\/span><\/b><\/a><span lang=\"EN-US\" style=\"font-size:14.0pt\">, 8&ndash;9 December 2026, Residence Palace in Brussels, Belgium<\/span><\/span><\/span><\/span><\/p>\r\n\r\n<p style=\"text-align:justify\"><span style=\"font-size:11pt\"><span style=\"line-height:normal\"><span style=\"font-family:Calibri,sans-serif\"><a href=\"https:\/\/infrane.com.br\/\" style=\"color:blue; text-decoration:underline\"><b><span style=\"font-size:14.0pt\">Infra NE<\/span><\/b><\/a><span style=\"font-size:14.0pt\">, 03 a 05 de mar&ccedil;o de 2027, Centro de Conven&ccedil;&otilde;es Salvador<\/span><\/span><\/span><\/span><\/p>\r\n\r\n<p style=\"text-align:justify\"><span style=\"font-size:28pt\"><span style=\"font-family:Cambria,serif\"><span style=\"letter-spacing:-0.5pt\"><b><span lang=\"EN-US\" style=\"font-size:18.0pt\"><span style=\"font-family:&quot;Calibri&quot;,sans-serif\"><span style=\"font-variant:small-caps\">Setor<\/span><\/span><\/span><\/b><\/span><\/span><\/span><\/p>\r\n\r\n<p style=\"text-align:justify\"><span style=\"font-size:11pt\"><span style=\"line-height:normal\"><span style=\"font-family:Calibri,sans-serif\"><a href=\"https:\/\/portalpersonalcare.com.br\/mercado-global-de-healthcare-wipes-deve-quase-dobrar-ate-2033-aponta-relatorio\/?utm_medium=email&amp;utm_campaign=newsletter_21012026&amp;utm_source=RD+Station\" style=\"color:blue; text-decoration:underline\"><span style=\"font-size:14.0pt\">Mercado global de healthcare wipes deve quase dobrar at&eacute; 2033, aponta relat&oacute;rio<\/span><\/a><\/span><\/span><\/span><\/p>\r\n\r\n<p style=\"text-align:justify\"><span style=\"font-size:11pt\"><span style=\"line-height:normal\"><span style=\"font-family:Calibri,sans-serif\"><a href=\"https:\/\/www.openpr.com\/news\/4353528\/glass-nonwovens-wet-laid-market-is-going-to-boom-growth\" style=\"color:blue; text-decoration:underline\"><span style=\"font-size:14.0pt\">O mercado de n&atilde;o tecidos de fibra de vidro produzidos por via &uacute;mida est&aacute; prestes a explodir - Oportunidades de crescimento at&eacute; 2033<\/span><\/a><\/span><\/span><\/span><\/p>\r\n\r\n<p style=\"text-align:justify\"><span style=\"font-size:11pt\"><span style=\"line-height:normal\"><span style=\"font-family:Calibri,sans-serif\"><a href=\"https:\/\/www.nonwovens-industry.com\/exclusives\/nonwovens-industrys-top-10-stories-of-2025\/\" style=\"color:blue; text-decoration:underline\"><span style=\"font-size:14.0pt\">As 10 principais not&iacute;cias do setor de n&atilde;o tecidos em 2025<\/span><\/a><\/span><\/span><\/span><\/p>\r\n\r\n<p style=\"text-align:justify\"><span style=\"font-size:11pt\"><span style=\"line-height:normal\"><span style=\"font-family:Calibri,sans-serif\"><a href=\"https:\/\/share.google\/EEgTvZM8l4L6J5sCQ\" style=\"color:blue; text-decoration:underline\"><span style=\"font-size:14.0pt\">Setor das til&aacute;pias em alta: produtor investe R$ 7 milh&otilde;es em tanques com geomembrana, triplica densidade de peixes por m&sup2; e projeta retorno milion&aacute;rio com mais de 2 milh&otilde;es de til&aacute;pias por ciclo<\/span><\/a><\/span><\/span><\/span><\/p>\r\n\r\n<p style=\"text-align:justify\"><span style=\"font-size:11pt\"><span style=\"line-height:normal\"><span style=\"font-family:Calibri,sans-serif\"><a href=\"https:\/\/share.google\/SqEWS0912C5yuVjAh\" style=\"color:blue; text-decoration:underline\"><span style=\"font-size:14.0pt\">Lago da Zona Leste passa por obra de impermeabiliza&ccedil;&atilde;o<\/span><\/a><\/span><\/span><\/span><\/p>\r\n\r\n<p style=\"text-align:justify\"><span style=\"font-size:11pt\"><span style=\"line-height:normal\"><span style=\"font-family:Calibri,sans-serif\"><a href=\"https:\/\/plasticosemrevista.com.br\/distribuicao-reposicao-do-estoque-de-boas-expectativas\/\" style=\"color:blue; text-decoration:underline\"><span style=\"font-size:14.0pt\">Distribui&ccedil;&atilde;o: reposi&ccedil;&atilde;o do estoque de boas expectativas<\/span><\/a><\/span><\/span><\/span><\/p>\r\n\r\n<p style=\"text-align:justify\"><span style=\"font-size:11pt\"><span style=\"line-height:normal\"><span style=\"font-family:Calibri,sans-serif\"><a href=\"https:\/\/plasticosemrevista.com.br\/resinas-o-caminho-sem-volta-das-importacoes\/\" style=\"color:blue; text-decoration:underline\"><span style=\"font-size:14.0pt\">Resinas: o caminho sem volta das importa&ccedil;&otilde;es<\/span><\/a><\/span><\/span><\/span><\/p>\r\n\r\n<p style=\"text-align:justify\"><span style=\"font-size:11pt\"><span style=\"line-height:normal\"><span style=\"font-family:Calibri,sans-serif\"><a href=\"https:\/\/investnews.com.br\/negocios\/braskem-prepara-plano-de-recuperacao-para-apresentar-a-credores-ate-marco\/\" style=\"color:blue; text-decoration:underline\"><span style=\"font-size:14.0pt\">Braskem prepara plano de recupera&ccedil;&atilde;o para apresentar a credores at&eacute; mar&ccedil;o<\/span><\/a><\/span><\/span><\/span><\/p>\r\n\r\n<p style=\"text-align:justify\"><span style=\"font-size:28pt\"><span style=\"font-family:Cambria,serif\"><span style=\"letter-spacing:-0.5pt\"><b><span style=\"font-size:18.0pt\"><span style=\"font-family:&quot;Calibri&quot;,sans-serif\"><span style=\"font-variant:small-caps\">Ind&uacute;stria<\/span><\/span><\/span><\/b><\/span><\/span><\/span><\/p>\r\n\r\n<p style=\"text-align:justify\"><span style=\"font-size:11pt\"><span style=\"line-height:normal\"><span style=\"font-family:Calibri,sans-serif\"><a href=\"https:\/\/www.cnnbrasil.com.br\/economia\/macroeconomia\/producao-da-industria-textil-brasileira-deve-crescer-11-em-2026-preve-abit\/\" style=\"color:blue; text-decoration:underline\"><span style=\"font-size:14.0pt\">Produ&ccedil;&atilde;o t&ecirc;xtil deve crescer 1,1% em 2026, diz Abit<\/span><\/a><\/span><\/span><\/span><\/p>\r\n\r\n<p style=\"text-align:justify\"><span style=\"font-size:11pt\"><span style=\"line-height:normal\"><span style=\"font-family:Calibri,sans-serif\"><a href=\"https:\/\/noticias.portaldaindustria.com.br\/noticias\/economia\/indice-de-evolucao-da-producao-industrial-tem-pior-dezembro-desde-2018-diz-sondagem-da-cni\/\" style=\"color:blue; text-decoration:underline\"><span style=\"font-size:14.0pt\">&Iacute;ndice de evolu&ccedil;&atilde;o da produ&ccedil;&atilde;o industrial tem pior dezembro desde 2018, diz sondagem da CNI<\/span><\/a><\/span><\/span><\/span><\/p>\r\n\r\n<p style=\"text-align:justify\"><span style=\"font-size:11pt\"><span style=\"line-height:normal\"><span style=\"font-family:Calibri,sans-serif\"><a href=\"https:\/\/noticias.portaldaindustria.com.br\/noticias\/economia\/cni-faturamento-sobe-mas-emprego-industrial-cai-pelo-terceiro-mes-consecutivo\/\" style=\"color:blue; text-decoration:underline\"><span style=\"font-size:14.0pt\">CNI: Faturamento sobe, mas emprego industrial cai pelo terceiro m&ecirc;s consecutivo<\/span><\/a><\/span><\/span><\/span><\/p>\r\n\r\n<p style=\"text-align:justify\"><span style=\"font-size:11pt\"><span style=\"line-height:normal\"><span style=\"font-family:Calibri,sans-serif\"><a href=\"https:\/\/app.isend.com.br\/iSend\/view\/FA8F3DCD77D9E93402228872ECB627ABC6E22DD25BFE3C0C4748AF0CA5E8F591448B7639D3E855F2\" style=\"color:blue; text-decoration:underline\"><span style=\"font-size:14.0pt\">Solu&ccedil;&otilde;es do SENAI-SP para a moderniza&ccedil;&atilde;o da constru&ccedil;&atilde;o civil<\/span><\/a><\/span><\/span><\/span><\/p>\r\n\r\n<p style=\"text-align:justify\"><span style=\"font-size:11pt\"><span style=\"line-height:normal\"><span style=\"font-family:Calibri,sans-serif\"><a href=\"https:\/\/www.msn.com\/pt-br\/dinheiro\/economia-e-negocios\/abimaq-consumo-aparente-do-setor-de-m%C3%A1quinas-recua-18-em-fevereiro\/ar-AA1CaKSx?apiversion=v2&amp;noservercache=1&amp;domshim=1&amp;renderwebcomponents=1&amp;wcseo=1&amp;batchservertelemetry=1&amp;noservertelemetry=1\" style=\"color:blue; text-decoration:underline\"><span style=\"font-size:14.0pt\">Abimaq: Consumo aparente do setor de m&aacute;quinas recua 1,8% em fevereiro<\/span><\/a><\/span><\/span><\/span><\/p>\r\n\r\n<p style=\"text-align:justify\"><span style=\"font-size:11pt\"><span style=\"line-height:normal\"><span style=\"font-family:Calibri,sans-serif\"><a href=\"https:\/\/share.google\/xQPK1oKIlKMIsCml5\" style=\"color:blue; text-decoration:underline\"><span style=\"font-size:14.0pt\">Reforma Tribut&aacute;ria: erros durante a transi&ccedil;&atilde;o est&atilde;o custando caro para as empresas<\/span><\/a><\/span><\/span><\/span><\/p>\r\n\r\n<p style=\"text-align:justify\"><span style=\"font-size:28pt\"><span style=\"font-family:Cambria,serif\"><span style=\"letter-spacing:-0.5pt\"><b><span style=\"font-size:18.0pt\"><span style=\"font-family:&quot;Calibri&quot;,sans-serif\"><span style=\"font-variant:small-caps\">Sustentabilidade<\/span><\/span><\/span><\/b><\/span><\/span><\/span><\/p>\r\n\r\n<p style=\"text-align:justify\"><span style=\"font-size:11pt\"><span style=\"line-height:normal\"><span style=\"font-family:Calibri,sans-serif\"><a href=\"https:\/\/share.google\/UKIeTPZq30uB4RlgW\" style=\"color:blue; text-decoration:underline\"><span style=\"font-size:14.0pt\">Estados Unidos jogam fora 20 milh&otilde;es de colch&otilde;es por ano, mas f&aacute;bricas desmontam esse pesadelo em a&ccedil;o e espuma, transformando lixo imposs&iacute;vel em bilh&otilde;es, empregos e reciclagem que salva aterros<\/span><\/a><\/span><\/span><\/span><\/p>\r\n\r\n<p style=\"text-align:justify\"><span style=\"font-size:11pt\"><span style=\"line-height:normal\"><span style=\"font-family:Calibri,sans-serif\"><a href=\"https:\/\/conectaverde.com.br\/nova-agenda-global-da-fundacao-ellen-macarthur-destaca-acoes-para-combater-a-poluicao-plastica\/\" style=\"color:blue; text-decoration:underline\"><span style=\"font-size:14.0pt\">Nova agenda global da Funda&ccedil;&atilde;o Ellen MacArthur destaca a&ccedil;&otilde;es para combater a polui&ccedil;&atilde;o pl&aacute;stica<\/span><\/a><\/span><\/span><\/span><\/p>\r\n\r\n<p style=\"text-align:justify\"><span style=\"font-size:11pt\"><span style=\"line-height:normal\"><span style=\"font-family:Calibri,sans-serif\"><a href=\"https:\/\/revistaplasticosul.com.br\/industria-4-0\/reforma-tributaria-muda-as-regras-da-reciclagem-e-acende-alerta-no-setor\/\" style=\"color:blue; text-decoration:underline\"><span style=\"font-size:14.0pt\">Reforma tribut&aacute;ria muda as regras da reciclagem e acende alerta no setor<\/span><\/a><\/span><\/span><\/span><\/p>\r\n\r\n<p style=\"text-align:justify\"><span style=\"font-size:11pt\"><span style=\"line-height:normal\"><span style=\"font-family:Calibri,sans-serif\"><a href=\"https:\/\/share.google\/dfBNePz4WAiwdUBp1\" style=\"color:blue; text-decoration:underline\"><span style=\"font-size:14.0pt\">Ind&uacute;stria nacional v&ecirc; dificuldade para financiar descarboniza&ccedil;&atilde;o<\/span><\/a><\/span><\/span><\/span><\/p>\r\n\r\n<p style=\"text-align:justify\"><span style=\"font-size:28pt\"><span style=\"font-family:Cambria,serif\"><span style=\"letter-spacing:-0.5pt\"><b><span style=\"font-size:18.0pt\"><span style=\"font-family:&quot;Calibri&quot;,sans-serif\"><span style=\"font-variant:small-caps\">Inova&ccedil;&atilde;o<\/span><\/span><\/span><\/b><\/span><\/span><\/span><\/p>\r\n\r\n<p style=\"text-align:justify\"><span style=\"font-size:11pt\"><span style=\"line-height:normal\"><span style=\"font-family:Calibri,sans-serif\"><a href=\"http:\/\/comunidadtextil.com\/wpnews\/2025\/12\/europa-lino-y-canamo-buscan-competir-en-los-automoviles-con-los-materiales-sinteticos\/?utm_source=email_marketing&amp;utm_admin=28519&amp;utm_medium=email&amp;utm_campaign=NOTICIAS_de_las_Industrias_Textil_de_Confecciones_y_Moda\" style=\"color:blue; text-decoration:underline\"><span style=\"font-size:14.0pt\">Europa: lino y c&aacute;&ntilde;amo buscan competir en los autom&oacute;viles con los materiales sint&eacute;ticos<\/span><\/a><\/span><\/span><\/span><\/p>\r\n\r\n<p style=\"text-align:justify\"><span style=\"font-size:11pt\"><span style=\"line-height:normal\"><span style=\"font-family:Calibri,sans-serif\"><a href=\"https:\/\/share.google\/BDjEqMUvZ9TMfLzND\" style=\"color:blue; text-decoration:underline\"><span style=\"font-size:14.0pt\">EUA abandonam concreto e apostam em &#39;troncos&#39; de fibra de coco para segurar margens: t&eacute;cnica surpreende ao conter eros&atilde;o, reduzir turbidez e transformar barrancos inst&aacute;veis em &aacute;reas verdes cheias de vida<\/span><\/a><\/span><\/span><\/span><\/p>\r\n\r\n<p style=\"text-align:justify\"><span style=\"font-size:11pt\"><span style=\"line-height:normal\"><span style=\"font-family:Calibri,sans-serif\"><a href=\"https:\/\/share.google\/izqaCmYTt0tJMsTFC\" style=\"color:blue; text-decoration:underline\"><span style=\"font-size:14.0pt\">Cientistas russos misturam lixo dom&eacute;stico e criam asfalto &#39;intermin&aacute;vel&#39; at&eacute; 23% mais resistente, com PET reciclado que aumenta a ader&ecirc;ncia em 20% e promete transformar toneladas de res&iacute;duos em pavimentos ultra dur&aacute;veis<\/span><\/a><\/span><\/span><\/span><\/p>\r\n\r\n<p style=\"text-align:justify\"><span style=\"font-size:11pt\"><span style=\"line-height:normal\"><span style=\"font-family:Calibri,sans-serif\"><a href=\"https:\/\/share.google\/Kyu4qum16rFKmYwa1\" style=\"color:blue; text-decoration:underline\"><span style=\"font-size:14.0pt\">Ind&uacute;stria t&ecirc;xtil e de confec&ccedil;&atilde;o da regi&atilde;o ter&aacute; programa de inova&ccedil;&atilde;o para micro e pequenas empresas<\/span><\/a><\/span><\/span><\/span><\/p>\r\n\r\n<p style=\"text-align:justify\"><span style=\"font-size:11pt\"><span style=\"line-height:normal\"><span style=\"font-family:Calibri,sans-serif\"><a href=\"https:\/\/www.camara.leg.br\/noticias\/1239805-comissao-aprova-projeto-que-incentiva-inovacao-e-tecnologia-em-regioes-com-menor-idh-no-brasil\" style=\"color:blue; text-decoration:underline\"><span style=\"font-size:14.0pt\">Comiss&atilde;o aprova projeto que incentiva inova&ccedil;&atilde;o e tecnologia em regi&otilde;es com menor IDH no Brasil<\/span><\/a><\/span><\/span><\/span><\/p>\r\n\r\n<p style=\"text-align:justify\"><span style=\"font-size:11pt\"><span style=\"line-height:normal\"><span style=\"font-family:Calibri,sans-serif\"><a href=\"https:\/\/www.agenciasp.sp.gov.br\/hub-de-inovacao-em-sao-jose-dos-campos-fortalece-o-avanco-do-saneamento-basico-no-estado\/\" style=\"color:blue; text-decoration:underline\"><span style=\"font-size:14.0pt\">Hub de Inova&ccedil;&atilde;o em S&atilde;o Jos&eacute; dos Campos fortalece o avan&ccedil;o do saneamento b&aacute;sico no estado<\/span><\/a><\/span><\/span><\/span><\/p>\r\n\r\n<p style=\"text-align:justify\"><span style=\"font-size:28pt\"><span style=\"font-family:Cambria,serif\"><span style=\"letter-spacing:-0.5pt\"><b><span style=\"font-size:18.0pt\"><span style=\"font-family:&quot;Calibri&quot;,sans-serif\"><span style=\"font-variant:small-caps\">Com&eacute;rcio Exterior<\/span><\/span><\/span><\/b><\/span><\/span><\/span><\/p>\r\n\r\n<p style=\"text-align:justify\"><span style=\"font-size:11pt\"><span style=\"line-height:normal\"><span style=\"font-family:Calibri,sans-serif\"><a href=\"https:\/\/agenciabrasil.ebc.com.br\/economia\/noticia\/2026-01\/cni-brasil-acessara-36-do-comercio-global-com-acordo-ue-mercosul\" style=\"color:blue; text-decoration:underline\"><span style=\"font-size:14.0pt\">CNI: Brasil acessar&aacute; 36% do com&eacute;rcio global com acordo UE-Mercosul<\/span><\/a><\/span><\/span><\/span><\/p>\r\n\r\n<p style=\"text-align:justify\"><span style=\"font-size:11pt\"><span style=\"line-height:normal\"><span style=\"font-family:Calibri,sans-serif\"><a href=\"https:\/\/share.google\/EWP8Xcy3iajtXSBCg\" style=\"color:blue; text-decoration:underline\"><span style=\"font-size:14.0pt\">BRICS pode ganhar tr&ecirc;s novos aliados estrat&eacute;gicos da Am&eacute;rica do Sul: Argentina, Paraguai e Uruguai sinalizam interesse, miram investimentos bilion&aacute;rios, exporta&ccedil;&otilde;es em alta e querem romper depend&ecirc;ncia de pot&ecirc;ncias tradicionais como EUA e Europa<\/span><\/a><\/span><\/span><\/span><\/p>\r\n\r\n<p style=\"text-align:justify\"><span style=\"font-size:11pt\"><span style=\"line-height:normal\"><span style=\"font-family:Calibri,sans-serif\"><a href=\"https:\/\/www.gov.br\/portos-e-aeroportos\/pt-br\/assuntos\/noticias\/2026\/01\/porto-de-santos-movimenta-186-4-milhoes-de-toneladas-em-2025-e-avanca-para-ampliar-sua-capacidade\" style=\"color:blue; text-decoration:underline\"><span style=\"font-size:14.0pt\">Porto de Santos movimenta 186,4 milh&otilde;es de toneladas em 2025 e avan&ccedil;a para ampliar sua capacidade<\/span><\/a><\/span><\/span><\/span><\/p>\r\n\r\n<p style=\"text-align:justify\"><span style=\"font-size:11pt\"><span style=\"line-height:normal\"><span style=\"font-family:Calibri,sans-serif\"><a href=\"https:\/\/www.parana.pr.gov.br\/aen\/Noticia\/Novo-recorde-Patio-de-Triagem-de-Paranagua-recebe-mais-de-meio-milhao-de-caminhoes-em\" style=\"color:blue; text-decoration:underline\"><span style=\"font-size:14.0pt\">Novo recorde: P&aacute;tio de Triagem de Paranagu&aacute; recebe mais de meio milh&atilde;o de caminh&otilde;es em 2025<\/span><\/a><\/span><\/span><\/span><\/p>\r\n\r\n<p style=\"text-align:justify\"><span style=\"font-size:11pt\"><span style=\"line-height:normal\"><span style=\"font-family:Calibri,sans-serif\"><a href=\"https:\/\/estado.sc.gov.br\/noticias\/com-novo-recorde-em-2025-porto-de-sao-francisco-aumenta-movimentacao-de-carga-em-quase-40-nos-ultimos-tres-anos\/\" style=\"color:blue; text-decoration:underline\"><span style=\"font-size:14.0pt\">Com novo recorde em 2025, Porto de S&atilde;o Francisco aumenta movimenta&ccedil;&atilde;o de carga em quase 40% nos &uacute;ltimos tr&ecirc;s anos<\/span><\/a><\/span><\/span><\/span><\/p>\r\n\r\n<p style=\"text-align:justify\"><span style=\"font-size:11pt\"><span style=\"line-height:normal\"><span style=\"font-family:Calibri,sans-serif\"><a href=\"https:\/\/www.agenciasp.sp.gov.br\/porto-de-sao-sebastiao-completa-71-anos-com-retomada-e-melhor-resultado-em-cinco-anos\/\" style=\"color:blue; text-decoration:underline\"><span style=\"font-size:14.0pt\">Porto de S&atilde;o Sebasti&atilde;o completa 71 anos com retomada e melhor resultado em cinco anos<\/span><\/a><\/span><\/span><\/span><\/p>\r\n\r\n<p style=\"text-align:justify\"><span style=\"font-size:28pt\"><span style=\"font-family:Cambria,serif\"><span style=\"letter-spacing:-0.5pt\"><b><span style=\"font-size:18.0pt\"><span style=\"font-family:&quot;Calibri&quot;,sans-serif\"><span style=\"font-variant:small-caps\">Economia<\/span><\/span><\/span><\/b><\/span><\/span><\/span><\/p>\r\n\r\n<p style=\"text-align:justify\"><span style=\"font-size:11pt\"><span style=\"line-height:normal\"><span style=\"font-family:Calibri,sans-serif\"><a href=\"https:\/\/www.bcb.gov.br\/content\/focus\/focus\/R20260123.pdf\" style=\"color:blue; text-decoration:underline\"><span style=\"font-size:14.0pt\">Focus - Relat&oacute;rio de Mercado<\/span><\/a><\/span><\/span><\/span><\/p>\r\n\r\n<p style=\"text-align:justify\"><span style=\"font-size:11pt\"><span style=\"line-height:normal\"><span style=\"font-family:Calibri,sans-serif\"><a href=\"https:\/\/share.google\/KO65hClVXryB30JPV\" style=\"color:blue; text-decoration:underline\"><span style=\"font-size:14.0pt\">PIB &ldquo;trope&ccedil;a&rdquo; em juro real de 10% e d&iacute;vida cresce, mas expans&atilde;o fiscal joga contra o BC<\/span><\/a><\/span><\/span><\/span><\/p>\r\n\r\n<p style=\"text-align:justify\"><span style=\"font-size:11pt\"><span style=\"line-height:normal\"><span style=\"font-family:Calibri,sans-serif\"><span style=\"font-size:14.0pt\"><img src=\"https:\/\/www.abint.org.br\/assets\/img\/editor\/redes-sociais-abint-ctg-cth_202602031221205wKQ7QHRH4.jpg\" \/><\/span><\/span><\/span><\/span><\/p>\r\n","texto_en":"","7":"","imagem":"COMP_capa-2026-site-boletim-abint-noticias-semanis_20260203122243Tz2N38Qc8s.jpg","8":"COMP_capa-2026-site-boletim-abint-noticias-semanis_20260203122243Tz2N38Qc8s.jpg","arquivo":"20260127-BOLETIM-ABINT-DE-NOTICIAS-SEMANAIS.PDF","9":"20260127-BOLETIM-ABINT-DE-NOTICIAS-SEMANAIS.PDF","titulo_arquivo":"20260127 Boletim ABINT de Not\u00edcias Semanais","10":"20260127 Boletim ABINT de Not\u00edcias Semanais","titulo_arquivo_en":"","11":"","created_at":"2026-02-03 12:22:54","12":"2026-02-03 12:22:54","updated_at":"2026-02-03 12:22:54","13":"2026-02-03 12:22:54"},{"id":212,"0":212,"ordem":11,"1":11,"data":"2026-01-20","2":"2026-01-20","slug":"boletim-abint-de-noticias-semanais-110","3":"boletim-abint-de-noticias-semanais-110","titulo":"Boletim ABINT de Not\u00edcias Semanais","4":"Boletim ABINT de Not\u00edcias Semanais","titulo_en":"","5":"","texto":"<p style=\"text-align:justify\"><span style=\"font-size:11pt\"><span style=\"line-height:normal\"><span style=\"font-family:Calibri,sans-serif\"><span style=\"font-size:14.0pt\">Esta &eacute; uma compila&ccedil;&atilde;o das not&iacute;cias mais relevantes para o setor, incluindo informa&ccedil;&otilde;es sobre acordos internacionais, economia brasileira, sustentabilidade e mat&eacute;rias primas, al&eacute;m de novidades do setor de N&atilde;otecidos e Tecidos T&eacute;cnicos.<\/span><\/span><\/span><\/span><\/p>\r\n\r\n<p style=\"text-align:justify\"><span style=\"font-size:28pt\"><span style=\"font-family:Cambria,serif\"><span style=\"letter-spacing:-0.5pt\"><b><span style=\"font-size:18.0pt\"><span calibri=\"\" style=\"font-family:\"><span style=\"font-variant:small-caps\">O que vem por a&iacute;<\/span><\/span><\/span><\/b><\/span><\/span><\/span><\/p>\r\n\r\n<p style=\"text-align:justify\"><img src=\"https:\/\/www.abint.org.br\/assets\/img\/editor\/save-the-date-curso-br-instal-gmb-2026-3_20251209171448ohr1eNNv8r.jpg\" style=\"width: 500px; height: 500px;\" \/><\/p>\r\n\r\n<p class=\"MsoTitle\" style=\"text-align:justify\"><span style=\"font-size:28pt\"><span style=\"font-family:Cambria,serif\"><span style=\"letter-spacing:-0.5pt\"><b><span style=\"font-size:18.0pt\"><span calibri=\"\" style=\"font-family:\"><span style=\"font-variant:small-caps\">Not&iacute;cias das Associadas<\/span><\/span><\/span><\/b><\/span><\/span><\/span><\/p>\r\n\r\n<p style=\"text-align:justify\"><span style=\"font-size:11pt\"><span style=\"line-height:normal\"><span style=\"font-family:Calibri,sans-serif\"><a href=\"https:\/\/public-api.wordpress.com\/bar\/?stat=groovemails-events&amp;bin=wpcom_email_click&amp;redirect_to=https%3A%2F%2Fblogdoplastico.wordpress.com%2F2026%2F01%2F13%2Fctg-abint-lanca-cartilha-sobre-uso-de-geossinteticos-em-filtracao-e-drenagem-de-muros-e-trincheiras%2F&amp;sr=0&amp;signature=3d53b833d4b277b058005cef49ad6ae1&amp;blog_id=9438832&amp;user=135099004&amp;_e=eyJlcnJvciI6bnVsbCwiYmxvZ19pZCI6OTQzODgzMiwiYmxvZ19sYW5nIjoicHQtQlIiLCJzaXRlX2lkX2xhYmVsIjoid3Bjb20iLCJoYXNfZmVhdHVyZWRfaW1hZ2UiOiIwIiwic3Vic2NyaWJlcl9pZCI6IjQ0NzAwMjQ1IiwiX3VpIjoxMzUwOTkwMDQsImxvY2FsZSI6InB0LWJyIiwiY3VycmVuY3kiOiJCUkwiLCJjb3VudHJ5X2NvZGVfc2lnbnVwIjoiQlIiLCJzaWdudXBfZmxvd19uYW1lIjoiZGVsdGEtc2l0ZSIsImVtYWlsX2RvbWFpbiI6ImFiaW50Lm9yZy5iciIsInBvc3RfaWQiOjE5NTkwLCJ1c2VyX2VtYWlsIjoiYWJpbnRAYWJpbnQub3JnLmJyIiwiZGF0ZV9zZW50IjoiMjAyNi0wMS0xMyIsImVtYWlsX25hbWUiOiJuZXctcG9zdCIsInRlbXBsYXRlIjoibmV3LXBvc3QiLCJlbWFpbF9pZCI6IjgzMTRjZDExMTM0NzhhN2IzMjk3MGVjMmM1OTdlOWRmIiwibGlua19kZXNjIjoicG9zdC11cmwiLCJhbmNob3JfdGV4dCI6IkNURyBBQklOVCBsYW5cdTAwZTdhIGNhcnRpbGhhIHNvYnJlIHVzbyBkZSBnZW9zc2ludFx1MDBlOXRpY29zIGVtIGZpbHRyYVx1MDBlN1x1MDBlM28gZSBkcmVuYWdlbSBkZSBtdXJvcyBlXHUwMGEwdHJpbmNoZWlyYXMiLCJfZHIiOm51bGwsIl9kbCI6Ilwvd3AtYWRtaW5cL3Bvc3QucGhwIiwiX3V0Ijoid3Bjb206dXNlcl9pZCIsIl91bCI6ImFiaW50dHQiLCJfZW4iOiJ3cGNvbV9lbWFpbF9jbGljayIsIl90cyI6MTc2ODM0NzA3Mjk5MCwiYnJvd3Nlcl90eXBlIjoicGhwLWFnZW50IiwiX2F1YSI6IndwY29tLXRyYWNrcy1jbGllbnQtdjAuMyIsImJsb2dfdHoiOiItMyIsInVzZXJfbGFuZyI6InB0LWJyIn0&amp;_z=z\" style=\"color:blue; text-decoration:underline\"><span style=\"font-size:14.0pt\">CTG ABINT lan&ccedil;a cartilha sobre uso de geossint&eacute;ticos em filtra&ccedil;&atilde;o e drenagem de muros e&nbsp;trincheiras<\/span><\/a><\/span><\/span><\/span><\/p>\r\n\r\n<p style=\"text-align:justify\"><span style=\"font-size:11pt\"><span style=\"line-height:normal\"><span style=\"font-family:Calibri,sans-serif\"><a href=\"https:\/\/www.bnamericas.com\/pt\/noticias\/andritz-fornecera-seis-compensadores-sincronos-para-estabilizar-a-rede-eletrica-do-brasil\" style=\"color:blue; text-decoration:underline\"><span style=\"font-size:14.0pt\">ANDRITZ fornecer&aacute; seis Compensadores S&iacute;ncronos para estabilizar a rede el&eacute;trica do Brasil<\/span><\/a><\/span><\/span><\/span><\/p>\r\n\r\n<p style=\"text-align:justify\"><span style=\"font-size:11pt\"><span style=\"line-height:normal\"><span style=\"font-family:Calibri,sans-serif\"><a href=\"https:\/\/www.msn.com\/en-us\/money\/other\/trutzschler-grows-indian-presence-with-new-sanand-factory\/ar-AA1EgOVj?apiversion=v2&amp;domshim=1&amp;noservercache=1&amp;noservertelemetry=1&amp;batchservertelemetry=1&amp;renderwebcomponents=1&amp;wcseo=1\" style=\"color:blue; text-decoration:underline\"><span lang=\"EN-US\" style=\"font-size:14.0pt\">Trutzschler grows Indian presence with new Sanand factory<\/span><\/a><\/span><\/span><\/span><\/p>\r\n\r\n<p style=\"text-align:justify\"><span style=\"font-size:11pt\"><span style=\"line-height:normal\"><span style=\"font-family:Calibri,sans-serif\"><b><span style=\"font-size:18.0pt\"><span style=\"font-variant:small-caps\">Eventos<\/span><\/span><\/b><\/span><\/span><\/span><\/p>\r\n\r\n<p style=\"text-align:justify\"><span style=\"font-size:11pt\"><span style=\"line-height:normal\"><span style=\"font-family:Calibri,sans-serif\"><a href=\"https:\/\/www.caf.com\/pt\/especiales\/forum-econ%C3%B4mico-internacional-america-latina-e-caribe-2026\/#msdynmkt_trackingcontext=fa3f1185-da04-4db1-887e-2719db160000\" style=\"color:blue; text-decoration:underline\"><b><span style=\"font-size:14.0pt\">Miss&atilde;o Empresarial ao F&oacute;rum Econ&ocirc;mico Internacional ALC<\/span><\/b><\/a><span style=\"font-size:14.0pt\">, 27 a 30 de janeiro de 2026, na Cidade do Panam&aacute;.<\/span><\/span><\/span><\/span><\/p>\r\n\r\n<p style=\"text-align:justify\"><span style=\"font-size:11pt\"><span style=\"line-height:normal\"><span style=\"font-family:Calibri,sans-serif\"><a href=\"https:\/\/abrava.com.br\/compromissos\/abrava-de-portas-abertas-2\/?utm_medium=email&amp;utm_campaign=inscreva-se__abrava_de_portas_abertas&amp;utm_source=RD+Station\" style=\"color:blue; text-decoration:underline\"><b><span style=\"font-size:14.0pt\">ABRAVA de Portas Abertas<\/span><\/b><\/a><span style=\"font-size:14.0pt\">, 29 de janeiro de 2026, das 08h30 &agrave;s 12h00, evento h&iacute;brido<\/span><\/span><\/span><\/span><\/p>\r\n\r\n<p style=\"text-align:justify\"><span style=\"font-size:11pt\"><span style=\"line-height:normal\"><span style=\"font-family:Calibri,sans-serif\"><a href=\"https:\/\/events.economist.com\/sustainability-week\/?RefID=EM13A-WhatsNew-Del_email-owned_MA00007195\" style=\"color:blue; text-decoration:underline\"><b><span lang=\"EN-US\" style=\"font-size:14.0pt\">11th annual Sustainability Week | Incorporating the 3rd annual Energy Transition Summit<\/span><\/b><\/a><span lang=\"EN-US\" style=\"font-size:14.0pt\">, March 2nd &ndash; 4th 2026, Intercontinental London &ndash; the O2<\/span><\/span><\/span><\/span><\/p>\r\n\r\n<p style=\"text-align:justify\"><span style=\"font-size:11pt\"><span style=\"line-height:normal\"><span style=\"font-family:Calibri,sans-serif\"><a href=\"https:\/\/www.worldofwipes.org\/\" style=\"color:blue; text-decoration:underline\"><b><span lang=\"EN-US\" style=\"font-size:14.0pt\">INDA | WOW - World of Wipes International Conference<\/span><\/b><\/a><span lang=\"EN-US\" style=\"font-size:14.0pt\">, June 29&ndash;July 2, 2026, Grand Hyatt Nashville, Nashville, Tennessee USA<\/span><\/span><\/span><\/span><\/p>\r\n\r\n<p style=\"text-align:justify\"><span style=\"font-size:11pt\"><span style=\"line-height:normal\"><span style=\"font-family:Calibri,sans-serif\"><a href=\"https:\/\/filtech.de\/\" style=\"color:blue; text-decoration:underline\"><b><span style=\"font-size:14.0pt\">Filtech 2026<\/span><\/b><\/a><span style=\"font-size:14.0pt\">, de 30 de junho a 2 de julho, Cologne, Alemanha<\/span><\/span><\/span><\/span><\/p>\r\n\r\n<p style=\"text-align:justify\"><span style=\"font-size:11pt\"><span style=\"line-height:normal\"><span style=\"font-family:Calibri,sans-serif\"><a href=\"https:\/\/www.formobile.com.br\/pt\/home.html\" style=\"color:blue; text-decoration:underline\"><b><span style=\"font-size:14.0pt\">ForM&oacute;bile 2026<\/span><\/b><\/a><span style=\"font-size:14.0pt\">, 30 de junho e 3 de julho de 2026, S&atilde;o Paulo Expo<\/span><\/span><\/span><\/span><\/p>\r\n\r\n<p style=\"text-align:justify\"><span style=\"font-size:11pt\"><span style=\"line-height:normal\"><span style=\"font-family:Calibri,sans-serif\"><a href=\"https:\/\/sienge.com.br\/construsummit\/\" style=\"color:blue; text-decoration:underline\"><b><span style=\"font-size:14.0pt\">Construsummit<\/span><\/b><\/a><span style=\"font-size:14.0pt\">, 1 e 2 de julho de 2026, Florian&oacute;polis, SC<\/span><\/span><\/span><\/span><\/p>\r\n\r\n<p style=\"text-align:justify\"><span style=\"font-size:11pt\"><span style=\"line-height:normal\"><span style=\"font-family:Calibri,sans-serif\"><a href=\"https:\/\/ficons.com.br\/\" style=\"color:blue; text-decoration:underline\"><b><span style=\"font-size:14.0pt\">FICONS - Feira Internacional de Materiais, Equipamentos e Servi&ccedil;os da Constru&ccedil;&atilde;o<\/span><\/b><\/a><span style=\"font-size:14.0pt\">, 15 a 18 de setembro de 2026, Centro de Conven&ccedil;&otilde;es de Pernambuco Recife\/ Olinda<\/span><\/span><\/span><\/span><\/p>\r\n\r\n<p style=\"text-align:justify\"><span style=\"font-size:11pt\"><span style=\"line-height:normal\"><span style=\"font-family:Calibri,sans-serif\"><a href=\"https:\/\/www.edana.org\/events\/outlook\/outlook-2025\" style=\"color:blue; text-decoration:underline\"><b><span style=\"font-size:14.0pt\">OUTLOOK&trade; 2026<\/span><\/b><\/a><span style=\"font-size:14.0pt\">, 22&ndash;24 September 2026, Hotel Miragem, Cascais, Portugal<\/span><\/span><\/span><\/span><\/p>\r\n\r\n<p style=\"text-align:justify\"><span style=\"font-size:11pt\"><span style=\"line-height:normal\"><span style=\"font-family:Calibri,sans-serif\"><a href=\"https:\/\/hospitalmed.com.br\/feira\/\" style=\"color:blue; text-decoration:underline\"><b><span style=\"font-size:14.0pt\">HospitalMed<\/span><\/b><\/a><span style=\"font-size:14.0pt\">, 21 a 23 de outubro de 2026, das 14h &agrave;s 20h, Pernambuco Centro de Conven&ccedil;&otilde;es, Olinda<\/span><\/span><\/span><\/span><\/p>\r\n\r\n<p style=\"text-align:justify\"><span style=\"font-size:11pt\"><span style=\"line-height:normal\"><span style=\"font-family:Calibri,sans-serif\"><a href=\"https:\/\/www.edana.org\/events\/edana-sustainability-forum\" style=\"color:blue; text-decoration:underline\"><b><span lang=\"EN-US\" style=\"font-size:14.0pt\">Sustainability &amp; Policy Forum<\/span><\/b><\/a><span lang=\"EN-US\" style=\"font-size:14.0pt\">, 8&ndash;9 December 2026, Residence Palace in Brussels, Belgium<\/span><\/span><\/span><\/span><\/p>\r\n\r\n<p style=\"text-align:justify\"><span style=\"font-size:11pt\"><span style=\"line-height:normal\"><span style=\"font-family:Calibri,sans-serif\"><a href=\"https:\/\/infrane.com.br\/\" style=\"color:blue; text-decoration:underline\"><b><span style=\"font-size:14.0pt\">Infra NE<\/span><\/b><\/a><span style=\"font-size:14.0pt\">, 03 a 05 de mar&ccedil;o de 2027, Centro de Conven&ccedil;&otilde;es Salvador<\/span><\/span><\/span><\/span><\/p>\r\n\r\n<p style=\"text-align:justify\"><span style=\"font-size:28pt\"><span style=\"font-family:Cambria,serif\"><span style=\"letter-spacing:-0.5pt\"><b><span lang=\"EN-US\" style=\"font-size:18.0pt\"><span calibri=\"\" style=\"font-family:\"><span style=\"font-variant:small-caps\">Setor<\/span><\/span><\/span><\/b><\/span><\/span><\/span><\/p>\r\n\r\n<p style=\"text-align:justify\"><span style=\"font-size:11pt\"><span style=\"line-height:normal\"><span style=\"font-family:Calibri,sans-serif\"><a href=\"https:\/\/www.globenewswire.com\/news-release\/2026\/01\/16\/3220365\/0\/en\/Trends-in-Nonwoven-Fabrics-Market-2026-35.html\" style=\"color:blue; text-decoration:underline\"><span lang=\"EN-US\" style=\"font-size:14.0pt\">Trends in Nonwoven Fabrics Market 2026-35<\/span><\/a><\/span><\/span><\/span><\/p>\r\n\r\n<p style=\"text-align:justify\"><span style=\"font-size:11pt\"><span style=\"line-height:normal\"><span style=\"font-family:Calibri,sans-serif\"><a href=\"https:\/\/plasticosemrevista.com.br\/pesquisa-de-opiniao-32\/\" style=\"color:blue; text-decoration:underline\"><span style=\"font-size:14.0pt\">Pesquisa de Opini&atilde;o: Como v&ecirc; a possibilidade de petroleiras dos EUA implantarem, a m&eacute;dio prazo, um (ou v&aacute;rios) complexo petroqu&iacute;mico na Venezuela, possuidora da maior reserva de g&aacute;s natural da Am&eacute;rica Latina? E quais as poss&iacute;veis consequ&ecirc;ncias disso para o cogitado plano de investimentos no setor no Brasil?<\/span><\/a><\/span><\/span><\/span><\/p>\r\n\r\n<p style=\"text-align:justify\"><span style=\"font-size:11pt\"><span style=\"line-height:normal\"><span style=\"font-family:Calibri,sans-serif\"><a href=\"https:\/\/www.meiofiltrante.com.br\/Noticia\/131995\/filtros-em-caminhoes-eletricos-tem-papel-decisivo\" style=\"color:blue; text-decoration:underline\"><span style=\"font-size:14.0pt\">Filtros em caminh&otilde;es el&eacute;tricos t&ecirc;m papel decisivo<\/span><\/a><\/span><\/span><\/span><\/p>\r\n\r\n<p style=\"text-align:justify\"><span style=\"font-size:11pt\"><span style=\"line-height:normal\"><span style=\"font-family:Calibri,sans-serif\"><a href=\"https:\/\/ric.com.br\/produtos\/publieditoriais\/c-vale-inova-com-criacao-de-tilapias-em-geomembrana\/\" style=\"color:blue; text-decoration:underline\"><span style=\"font-size:14.0pt\">C.Vale inova com cria&ccedil;&atilde;o de til&aacute;pias em geomembrana<\/span><\/a><\/span><\/span><\/span><\/p>\r\n\r\n<p style=\"text-align:justify\"><span style=\"font-size:11pt\"><span style=\"line-height:normal\"><span style=\"font-family:Calibri,sans-serif\"><a href=\"https:\/\/docs.google.com\/spreadsheets\/d\/1tgHIwTkF2YDNceJljCJw0jR477DKC5Uj\/edit?gid=209103034#gid=209103034\" style=\"color:blue; text-decoration:underline\"><span style=\"font-size:14.0pt\">Acervo de normas do ABNT\/CB-017 - Comit&ecirc; Brasileiro de Normaliza&ccedil;&atilde;o T&ecirc;xtil e Vestu&aacute;rio<\/span><\/a><\/span><\/span><\/span><\/p>\r\n\r\n<p style=\"text-align:justify\"><span style=\"font-size:11pt\"><span style=\"line-height:normal\"><span style=\"font-family:Calibri,sans-serif\"><a href=\"https:\/\/www.machadonunes.com.br\/pt\/agencia-nacional-de-vigilancia-sanitaria-anvisa-aprova-agenda-regulatoria-para-o-bienio-2026-2027\/\" style=\"color:blue; text-decoration:underline\"><span style=\"font-size:14.0pt\">Ag&ecirc;ncia Nacional de Vigil&acirc;ncia Sanit&aacute;ria (ANVISA) aprova agenda regulat&oacute;ria para o bi&ecirc;nio 2026-2027<\/span><\/a><\/span><\/span><\/span><\/p>\r\n\r\n<p style=\"text-align:justify\"><span style=\"font-size:11pt\"><span style=\"line-height:normal\"><span style=\"font-family:Calibri,sans-serif\"><a href=\"https:\/\/portalpersonalcare.com.br\/mercado-de-fraldas-para-bebes-na-america-latina\/?utm_medium=email&amp;utm_campaign=newsletter_14012026&amp;utm_source=RD+Station\" style=\"color:blue; text-decoration:underline\"><span style=\"font-size:14.0pt\">Mercado de fraldas para beb&ecirc;s na Am&eacute;rica Latina<\/span><\/a><\/span><\/span><\/span><\/p>\r\n\r\n<p style=\"text-align:justify\"><span style=\"font-size:11pt\"><span style=\"line-height:normal\"><span style=\"font-family:Calibri,sans-serif\"><a href=\"https:\/\/portalpersonalcare.com.br\/retrospectiva-2025-as-principais-movimentacoes-globais-do-setor-de-personal-care\/?utm_medium=email&amp;utm_campaign=newsletter_14012026&amp;utm_source=RD+Station\" style=\"color:blue; text-decoration:underline\"><span style=\"font-size:14.0pt\">Retrospectiva 2025: as principais movimenta&ccedil;&otilde;es globais do setor de personal care<\/span><\/a><\/span><\/span><\/span><\/p>\r\n\r\n<p style=\"text-align:justify\"><span style=\"font-size:11pt\"><span style=\"line-height:normal\"><span style=\"font-family:Calibri,sans-serif\"><a href=\"https:\/\/portalpersonalcare.com.br\/retrospectiva-2025-personal-care-avanca-em-inovacao-e-passa-por-reestruturacoes-na-america-latina\/?utm_medium=email&amp;utm_campaign=newsletter_14012026&amp;utm_source=RD+Station\" style=\"color:blue; text-decoration:underline\"><span style=\"font-size:14.0pt\">Retrospectiva 2025: personal care avan&ccedil;a em inova&ccedil;&atilde;o e passa por reestrutura&ccedil;&otilde;es na Am&eacute;rica Latina<\/span><\/a><\/span><\/span><\/span><\/p>\r\n\r\n<p style=\"text-align:justify\"><span style=\"font-size:11pt\"><span style=\"line-height:normal\"><span style=\"font-family:Calibri,sans-serif\"><a href=\"https:\/\/portalpersonalcare.com.br\/retrospectiva-2025-do-setor-de-personal-care-no-brasil-lancamentos-investimentos-e-expansao-industrial\/?utm_medium=email&amp;utm_campaign=newsletter_14012026&amp;utm_source=RD+Station\" style=\"color:blue; text-decoration:underline\"><span style=\"font-size:14.0pt\">Retrospectiva 2025 do setor de personal care no Brasil: lan&ccedil;amentos, investimentos e expans&atilde;o industrial<\/span><\/a><\/span><\/span><\/span><\/p>\r\n\r\n<p style=\"text-align:justify\"><span style=\"font-size:11pt\"><span style=\"line-height:normal\"><span style=\"font-family:Calibri,sans-serif\"><a href=\"https:\/\/www.nonwovens-industry.com\/the-baby-care-market-challenges-continue\/?utm_campaign=NON%20Issue%20Alert&amp;utm_medium=email&amp;_hsenc=p2ANqtz-83PQ5yDMo1f3dPWnIVeSPoEyVQxtbOah7AO7PHCXooycJXuDg4kIdSVUPey1Cy6g_rjrujOVnuXwDAHq-dzdWIKbYNxA&amp;_hsmi=398578754&amp;utm_content=398578754&amp;utm_source=hs_email\" style=\"color:blue; text-decoration:underline\"><span lang=\"EN-US\" style=\"font-size:14.0pt\">The Baby Care Market&mdash;Challenges Continue<\/span><\/a><\/span><\/span><\/span><\/p>\r\n\r\n<p style=\"text-align:justify\"><span style=\"font-size:11pt\"><span style=\"line-height:normal\"><span style=\"font-family:Calibri,sans-serif\"><a href=\"https:\/\/www.nonwovens-industry.com\/the-next-frontier-for-diapers\/?utm_campaign=NON%20Issue%20Alert&amp;utm_medium=email&amp;_hsenc=p2ANqtz--LAExufuxpSjnX-DgrnUHKAVaTLGOPPSOfg4jfD8naWoBo8JJBdpIFQ9OKLbck_DVcrROvPUrViroPLqryAgd0iEBZHA&amp;_hsmi=398578754&amp;utm_content=398578754&amp;utm_source=hs_email\" style=\"color:blue; text-decoration:underline\"><span style=\"font-size:14.0pt\">The Next Frontier for Diapers<\/span><\/a><\/span><\/span><\/span><\/p>\r\n\r\n<p style=\"text-align:justify\"><span style=\"font-size:11pt\"><span style=\"line-height:normal\"><span style=\"font-family:Calibri,sans-serif\"><a href=\"https:\/\/www.trbn.com.br\/materia\/I146743\/academia-braskem-e-lancada-para-todo-o-brasil\" style=\"color:blue; text-decoration:underline\"><span style=\"font-size:14.0pt\">Academia Braskem &eacute; lan&ccedil;ada para todo o Brasil<\/span><\/a><\/span><\/span><\/span><\/p>\r\n\r\n<p style=\"text-align:justify\"><span style=\"font-size:28pt\"><span style=\"font-family:Cambria,serif\"><span style=\"letter-spacing:-0.5pt\"><b><span style=\"font-size:18.0pt\"><span calibri=\"\" style=\"font-family:\"><span style=\"font-variant:small-caps\">Ind&uacute;stria<\/span><\/span><\/span><\/b><\/span><\/span><\/span><\/p>\r\n\r\n<p style=\"text-align:justify\"><span style=\"font-size:11pt\"><span style=\"line-height:normal\"><span style=\"font-family:Calibri,sans-serif\"><a href=\"https:\/\/share.google\/1aOZg8Sa4T4QZLUL3\" style=\"color:blue; text-decoration:underline\"><span style=\"font-size:14.0pt\">Lei de Maquila atrai mais de 200 ind&uacute;strias brasileiras para o Paraguai<\/span><\/a><\/span><\/span><\/span><\/p>\r\n\r\n<p style=\"text-align:justify\"><span style=\"font-size:11pt\"><span style=\"line-height:normal\"><span style=\"font-family:Calibri,sans-serif\"><span style=\"font-size:14.0pt\"><a href=\"https:\/\/noticias.portaldaindustria.com.br\/noticias\/economia\/juros-sao-principal-problema-para-conseguir-credito-segundo-80-dos-empresarios-industriais\/\" style=\"color:blue; text-decoration:underline\">Juros s&atilde;o principal problema para conseguir cr&eacute;dito, segundo 80% dos empres&aacute;rios industriais<\/a><\/span><\/span><\/span><\/span><\/p>\r\n\r\n<p style=\"text-align:justify\"><span style=\"font-size:11pt\"><span style=\"line-height:normal\"><span style=\"font-family:Calibri,sans-serif\"><a href=\"https:\/\/noticias.portaldaindustria.com.br\/noticias\/economia\/cni-faturamento-sobe-mas-emprego-industrial-cai-pelo-terceiro-mes-consecutivo\/\" style=\"color:blue; text-decoration:underline\"><span style=\"font-size:14.0pt\">CNI: Faturamento sobe, mas emprego industrial cai pelo terceiro m&ecirc;s consecutivo<\/span><\/a><\/span><\/span><\/span><\/p>\r\n\r\n<p style=\"text-align:justify\"><span style=\"font-size:11pt\"><span style=\"line-height:normal\"><span style=\"font-family:Calibri,sans-serif\"><a href=\"https:\/\/noticias.portaldaindustria.com.br\/noticias\/institucional\/cni-entra-com-acao-no-stf-contra-dispositivos-da-lei-que-reduz-incentivos-fiscais\/\" style=\"color:blue; text-decoration:underline\"><span style=\"font-size:14.0pt\">CNI entra com a&ccedil;&atilde;o no STF contra dispositivos da lei que reduz incentivos fiscais<\/span><\/a><\/span><\/span><\/span><\/p>\r\n\r\n<p style=\"text-align:justify\"><span style=\"font-size:11pt\"><span style=\"line-height:normal\"><span style=\"font-family:Calibri,sans-serif\"><a href=\"https:\/\/abiquim.org.br\/comunicacao\/noticia\/12079\" style=\"color:blue; text-decoration:underline\"><span style=\"font-size:14.0pt\">2026: o ano da implementa&ccedil;&atilde;o e das decis&otilde;es respons&aacute;veis<\/span><\/a><\/span><\/span><\/span><\/p>\r\n\r\n<p style=\"text-align:justify\"><span style=\"font-size:11pt\"><span style=\"line-height:normal\"><span style=\"font-family:Calibri,sans-serif\"><a href=\"https:\/\/agenciabrasil.ebc.com.br\/economia\/noticia\/2026-01\/anfavea-projeta-crescimento-de-37-na-producao-de-veiculos-para-2026\" style=\"color:blue; text-decoration:underline\"><span style=\"font-size:14.0pt\">Anfavea projeta crescimento de 3,7% na produ&ccedil;&atilde;o de ve&iacute;culos para 2026<\/span><\/a><\/span><\/span><\/span><\/p>\r\n\r\n<p style=\"text-align:justify\"><span style=\"font-size:11pt\"><span style=\"line-height:normal\"><span style=\"font-family:Calibri,sans-serif\"><a href=\"https:\/\/anba.com.br\/brasil-e-arabia-saudita-vao-cooperar-em-mineracao\/\" style=\"color:blue; text-decoration:underline\"><span style=\"font-size:14.0pt\">Brasil e Ar&aacute;bia Saudita v&atilde;o cooperar em minera&ccedil;&atilde;o<\/span><\/a><\/span><\/span><\/span><\/p>\r\n\r\n<p style=\"text-align:justify\"><span style=\"font-size:28pt\"><span style=\"font-family:Cambria,serif\"><span style=\"letter-spacing:-0.5pt\"><b><span style=\"font-size:18.0pt\"><span calibri=\"\" style=\"font-family:\"><span style=\"font-variant:small-caps\">Sustentabilidade<\/span><\/span><\/span><\/b><\/span><\/span><\/span><\/p>\r\n\r\n<p style=\"text-align:justify\"><span style=\"font-size:11pt\"><span style=\"line-height:normal\"><span style=\"font-family:Calibri,sans-serif\"><a href=\"https:\/\/portalpersonalcare.com.br\/nova-york-sanciona-lei-que-proibe-pfas-e-outros-quimicos-toxicos-em-absorventes-higienicos\/?utm_medium=email&amp;utm_campaign=newsletter_14012026&amp;utm_source=RD+Station\" style=\"color:blue; text-decoration:underline\"><span style=\"font-size:14.0pt\">Nova York sanciona lei que pro&iacute;be PFAS e outros qu&iacute;micos t&oacute;xicos em absorventes higi&ecirc;nicos<\/span><\/a><\/span><\/span><\/span><\/p>\r\n\r\n<p style=\"text-align:justify\"><span style=\"font-size:11pt\"><span style=\"line-height:normal\"><span style=\"font-family:Calibri,sans-serif\"><a href=\"https:\/\/noticias.portaldaindustria.com.br\/noticias\/economia\/setor-automotivo-fabricacao-nacional-e-mais-sustentavel-esta-em-alta-ep-186\/\" style=\"color:blue; text-decoration:underline\"><span style=\"font-size:14.0pt\">Setor automotivo: fabrica&ccedil;&atilde;o nacional e mais sustent&aacute;vel est&aacute; em alta (Ep. #186)<\/span><\/a><\/span><\/span><\/span><\/p>\r\n\r\n<p style=\"text-align:justify\"><span style=\"font-size:11pt\"><span style=\"line-height:normal\"><span style=\"font-family:Calibri,sans-serif\"><a href=\"https:\/\/noticiasambientales.com\/sustentabilidade\/um-municipio-de-mendoza-autoriza-construcoes-com-plasticos-reciclados-a-portaria-aprova-o-sistema-construtivo-3c\/\" style=\"color:blue; text-decoration:underline\"><span style=\"font-size:14.0pt\">Um munic&iacute;pio de Mendoza autoriza constru&ccedil;&otilde;es com pl&aacute;sticos reciclados: a portaria aprova o Sistema Construtivo 3C<\/span><\/a><\/span><\/span><\/span><\/p>\r\n\r\n<p style=\"text-align:justify\"><span style=\"font-size:11pt\"><span style=\"line-height:normal\"><span style=\"font-family:Calibri,sans-serif\"><a href=\"https:\/\/sinditextilsp.org.br\/home\/2025\/12\/ue-lanca-projeto-para-acelerar-a-economia-descarbonizada\/?utm_medium=email&amp;utm_campaign=boletim_verde_19&amp;utm_source=RD+Station\" style=\"color:blue; text-decoration:underline\"><span style=\"font-size:14.0pt\">UE lan&ccedil;a projeto para acelerar a economia descarbonizada<\/span><\/a><\/span><\/span><\/span><\/p>\r\n\r\n<p style=\"text-align:justify\"><span style=\"font-size:28pt\"><span style=\"font-family:Cambria,serif\"><span style=\"letter-spacing:-0.5pt\"><b><span style=\"font-size:18.0pt\"><span calibri=\"\" style=\"font-family:\"><span style=\"font-variant:small-caps\">Inova&ccedil;&atilde;o<\/span><\/span><\/span><\/b><\/span><\/span><\/span><\/p>\r\n\r\n<p style=\"text-align:justify\"><span style=\"font-size:11pt\"><span style=\"line-height:normal\"><span style=\"font-family:Calibri,sans-serif\"><a href=\"https:\/\/epocanegocios.globo.com\/um-so-planeta\/noticia\/2026\/01\/cientistas-criam-filtro-de-boca-de-peixe-que-remove-99percent-dos-microplasticos-gerados-na-lavanderia.ghtml\" style=\"color:blue; text-decoration:underline\"><span style=\"font-size:14.0pt\">Cientistas criam filtro de &#39;boca de peixe&#39; que remove 99% dos micropl&aacute;sticos gerados na lavanderia<\/span><\/a><\/span><\/span><\/span><\/p>\r\n\r\n<p style=\"text-align:justify\"><span style=\"font-size:11pt\"><span style=\"line-height:normal\"><span style=\"font-family:Calibri,sans-serif\"><a href=\"https:\/\/www.inovacaotecnologica.com.br\/noticias\/noticia.php?artigo=plastico-perfeito&amp;id=020160260112&amp;ebol=sim\" style=\"color:blue; text-decoration:underline\"><span style=\"font-size:14.0pt\">Pl&aacute;stico perfeito? Feito de plantas, biodegrad&aacute;vel no mar e sem micropl&aacute;sticos<\/span><\/a><\/span><\/span><\/span><\/p>\r\n\r\n<p style=\"text-align:justify\"><span style=\"font-size:11pt\"><span style=\"line-height:normal\"><span style=\"font-family:Calibri,sans-serif\"><a href=\"https:\/\/noticias.portaldaindustria.com.br\/noticias\/inovacao-e-tecnologia\/mais-inovacao-plataforma-do-bndes-e-estrategica-para-monitoramento-de-projetos-da-nib\/\" style=\"color:blue; text-decoration:underline\"><span style=\"font-size:14.0pt\">Mais Inova&ccedil;&atilde;o: plataforma do BNDES &eacute; estrat&eacute;gica para monitoramento de projetos da NIB<\/span><\/a><\/span><\/span><\/span><\/p>\r\n\r\n<p style=\"text-align:justify\"><span style=\"font-size:11pt\"><span style=\"line-height:normal\"><span style=\"font-family:Calibri,sans-serif\"><a href=\"https:\/\/www.youtube.com\/watch?v=NDTUov5WegA\" style=\"color:blue; text-decoration:underline\"><span style=\"font-size:14.0pt\">FGV IBRE | Conex&atilde;o Econ&ocirc;mica | Infraestrutura, inova&ccedil;&atilde;o e sustentabilidade, com Lidiane Blank<\/span><\/a><\/span><\/span><\/span><\/p>\r\n\r\n<p style=\"text-align:justify\"><span style=\"font-size:28pt\"><span style=\"font-family:Cambria,serif\"><span style=\"letter-spacing:-0.5pt\"><b><span style=\"font-size:18.0pt\"><span calibri=\"\" style=\"font-family:\"><span style=\"font-variant:small-caps\">Com&eacute;rcio Exterior<\/span><\/span><\/span><\/b><\/span><\/span><\/span><\/p>\r\n\r\n<p style=\"text-align:justify\"><span style=\"font-size:11pt\"><span style=\"line-height:normal\"><span style=\"font-family:Calibri,sans-serif\"><a href=\"https:\/\/www.bbc.com\/portuguese\/articles\/crle523j53go\" style=\"color:blue; text-decoration:underline\"><span style=\"font-size:14.0pt\">Acordo Mercosul-UE &eacute; assinado e cria uma das maiores zonas de livre com&eacute;rcio do mundo: entenda o que pode ficar mais barato no Brasil<\/span><\/a><\/span><\/span><\/span><\/p>\r\n\r\n<p style=\"text-align:justify\"><span style=\"font-size:11pt\"><span style=\"line-height:normal\"><span style=\"font-family:Calibri,sans-serif\"><a href=\"https:\/\/noticias.portaldaindustria.com.br\/posicionamentos\/acordo-mercosul-ue-aumenta-de-8-para-36-o-acesso-brasileiro-ao-comercio-mundial-aponta-cni\/\" style=\"color:blue; text-decoration:underline\"><span style=\"font-size:14.0pt\">Acordo Mercosul-UE aumenta de 8% para 36% o acesso brasileiro ao com&eacute;rcio mundial, aponta CNI<\/span><\/a><\/span><\/span><\/span><\/p>\r\n\r\n<p style=\"text-align:justify\"><span style=\"font-size:11pt\"><span style=\"line-height:normal\"><span style=\"font-family:Calibri,sans-serif\"><a href=\"https:\/\/www.infomoney.com.br\/politica\/congresso-sinaliza-tramitacao-acelerada-para-acordo-mercosul-uniao-europeia\/\" style=\"color:blue; text-decoration:underline\"><span style=\"font-size:14.0pt\">Congresso sinaliza tramita&ccedil;&atilde;o acelerada para acordo Mercosul-Uni&atilde;o Europeia<\/span><\/a><\/span><\/span><\/span><\/p>\r\n\r\n<p style=\"text-align:justify\"><span style=\"font-size:11pt\"><span style=\"line-height:normal\"><span style=\"font-family:Calibri,sans-serif\"><a href=\"https:\/\/blogdoibre.fgv.br\/sites\/blogdoibre.fgv.br\/files\/u139\/mercosul-uniao_europeia_0.pdf\" style=\"color:blue; text-decoration:underline\"><span style=\"font-size:14.0pt\">Avaliando os impactos regionais no Brasil do acordo Mercosul&ndash;Uni&atilde;o Europeia<\/span><\/a><\/span><\/span><\/span><\/p>\r\n\r\n<p style=\"text-align:justify\"><span style=\"font-size:11pt\"><span style=\"line-height:normal\"><span style=\"font-family:Calibri,sans-serif\"><a href=\"https:\/\/comexdobrasil.com\/abicalcados-comemora-acordo-mercosul-uniao-europeia-e-preve-abertura-de-oportunidades-para-o-calcado-brasileiro\/\" style=\"color:blue; text-decoration:underline\"><span style=\"font-size:14.0pt\">Abical&ccedil;ados comemora Acordo Mercosul-Uni&atilde;o Europeia e prev&ecirc; abertura de&nbsp; oportunidades para o cal&ccedil;ado brasileiro<\/span><\/a><\/span><\/span><\/span><\/p>\r\n\r\n<p style=\"text-align:justify\"><span style=\"font-size:11pt\"><span style=\"line-height:normal\"><span style=\"font-family:Calibri,sans-serif\"><a href=\"https:\/\/www.msn.com\/pt-br\/noticias\/brasil\/acordo-mercosul-ue-fortalece-inser%C3%A7%C3%A3o-global-da-ind%C3%BAstria-qu%C3%ADmica-brasileira-diz-abiquim\/ar-AA1TUABL\" style=\"color:blue; text-decoration:underline\"><span style=\"font-size:14.0pt\">Acordo Mercosul&ndash;UE fortalece inser&ccedil;&atilde;o global da ind&uacute;stria qu&iacute;mica brasileira, diz Abiquim<\/span><\/a><\/span><\/span><\/span><\/p>\r\n\r\n<p style=\"text-align:justify\"><span style=\"font-size:11pt\"><span style=\"line-height:normal\"><span style=\"font-family:Calibri,sans-serif\"><a href=\"https:\/\/portalibre.fgv.br\/system\/files\/divulgacao\/noticias\/mat-complementar\/2026-01\/ICOMEX_FGV_Press%20release_Janeiro2026.pdf\" style=\"color:blue; text-decoration:underline\"><span style=\"font-size:14.0pt\">O com&eacute;rcio exterior do Brasil em 2025<\/span><\/a><\/span><\/span><\/span><\/p>\r\n\r\n<p style=\"text-align:justify\"><span style=\"font-size:28pt\"><span style=\"font-family:Cambria,serif\"><span style=\"letter-spacing:-0.5pt\"><b><span style=\"font-size:18.0pt\"><span calibri=\"\" style=\"font-family:\"><span style=\"font-variant:small-caps\">Economia<\/span><\/span><\/span><\/b><\/span><\/span><\/span><\/p>\r\n\r\n<p style=\"text-align:justify\"><span style=\"font-size:11pt\"><span style=\"line-height:normal\"><span style=\"font-family:Calibri,sans-serif\"><a href=\"https:\/\/www.bcb.gov.br\/content\/focus\/focus\/R20260116.pdf\" style=\"color:blue; text-decoration:underline\"><span style=\"font-size:14.0pt\">Focus - Relat&oacute;rio de Mercado<\/span><\/a><\/span><\/span><\/span><\/p>\r\n\r\n<p style=\"text-align:justify\"><span style=\"font-size:11pt\"><span style=\"line-height:normal\"><span style=\"font-family:Calibri,sans-serif\"><a href=\"https:\/\/www.gazetadopovo.com.br\/economia\/fmi-preve-desaceleracao-da-economia-brasileira-em-2026\/\" style=\"color:blue; text-decoration:underline\"><span style=\"font-size:14.0pt\">FMI prev&ecirc; desacelera&ccedil;&atilde;o da economia brasileira em 2026<\/span><\/a><\/span><\/span><\/span><\/p>\r\n\r\n<p style=\"text-align:justify\"><span style=\"font-size:11pt\"><span style=\"line-height:normal\"><span style=\"font-family:Calibri,sans-serif\"><a href=\"https:\/\/horadopovo.com.br\/economia-chinesa-cresceu-5-em-2025-superando-a-guerra-tarifaria\/\" style=\"color:blue; text-decoration:underline\"><span style=\"font-size:14.0pt\">Economia chinesa cresceu 5% em 2025, superando a guerra tarif&aacute;ria<\/span><\/a><\/span><\/span><\/span><\/p>\r\n","6":"<p style=\"text-align:justify\"><span style=\"font-size:11pt\"><span style=\"line-height:normal\"><span style=\"font-family:Calibri,sans-serif\"><span style=\"font-size:14.0pt\">Esta &eacute; uma compila&ccedil;&atilde;o das not&iacute;cias mais relevantes para o setor, incluindo informa&ccedil;&otilde;es sobre acordos internacionais, economia brasileira, sustentabilidade e mat&eacute;rias primas, al&eacute;m de novidades do setor de N&atilde;otecidos e Tecidos T&eacute;cnicos.<\/span><\/span><\/span><\/span><\/p>\r\n\r\n<p style=\"text-align:justify\"><span style=\"font-size:28pt\"><span style=\"font-family:Cambria,serif\"><span style=\"letter-spacing:-0.5pt\"><b><span style=\"font-size:18.0pt\"><span calibri=\"\" style=\"font-family:\"><span style=\"font-variant:small-caps\">O que vem por a&iacute;<\/span><\/span><\/span><\/b><\/span><\/span><\/span><\/p>\r\n\r\n<p style=\"text-align:justify\"><img src=\"https:\/\/www.abint.org.br\/assets\/img\/editor\/save-the-date-curso-br-instal-gmb-2026-3_20251209171448ohr1eNNv8r.jpg\" style=\"width: 500px; height: 500px;\" \/><\/p>\r\n\r\n<p class=\"MsoTitle\" style=\"text-align:justify\"><span style=\"font-size:28pt\"><span style=\"font-family:Cambria,serif\"><span style=\"letter-spacing:-0.5pt\"><b><span style=\"font-size:18.0pt\"><span calibri=\"\" style=\"font-family:\"><span style=\"font-variant:small-caps\">Not&iacute;cias das Associadas<\/span><\/span><\/span><\/b><\/span><\/span><\/span><\/p>\r\n\r\n<p style=\"text-align:justify\"><span style=\"font-size:11pt\"><span style=\"line-height:normal\"><span style=\"font-family:Calibri,sans-serif\"><a href=\"https:\/\/public-api.wordpress.com\/bar\/?stat=groovemails-events&amp;bin=wpcom_email_click&amp;redirect_to=https%3A%2F%2Fblogdoplastico.wordpress.com%2F2026%2F01%2F13%2Fctg-abint-lanca-cartilha-sobre-uso-de-geossinteticos-em-filtracao-e-drenagem-de-muros-e-trincheiras%2F&amp;sr=0&amp;signature=3d53b833d4b277b058005cef49ad6ae1&amp;blog_id=9438832&amp;user=135099004&amp;_e=eyJlcnJvciI6bnVsbCwiYmxvZ19pZCI6OTQzODgzMiwiYmxvZ19sYW5nIjoicHQtQlIiLCJzaXRlX2lkX2xhYmVsIjoid3Bjb20iLCJoYXNfZmVhdHVyZWRfaW1hZ2UiOiIwIiwic3Vic2NyaWJlcl9pZCI6IjQ0NzAwMjQ1IiwiX3VpIjoxMzUwOTkwMDQsImxvY2FsZSI6InB0LWJyIiwiY3VycmVuY3kiOiJCUkwiLCJjb3VudHJ5X2NvZGVfc2lnbnVwIjoiQlIiLCJzaWdudXBfZmxvd19uYW1lIjoiZGVsdGEtc2l0ZSIsImVtYWlsX2RvbWFpbiI6ImFiaW50Lm9yZy5iciIsInBvc3RfaWQiOjE5NTkwLCJ1c2VyX2VtYWlsIjoiYWJpbnRAYWJpbnQub3JnLmJyIiwiZGF0ZV9zZW50IjoiMjAyNi0wMS0xMyIsImVtYWlsX25hbWUiOiJuZXctcG9zdCIsInRlbXBsYXRlIjoibmV3LXBvc3QiLCJlbWFpbF9pZCI6IjgzMTRjZDExMTM0NzhhN2IzMjk3MGVjMmM1OTdlOWRmIiwibGlua19kZXNjIjoicG9zdC11cmwiLCJhbmNob3JfdGV4dCI6IkNURyBBQklOVCBsYW5cdTAwZTdhIGNhcnRpbGhhIHNvYnJlIHVzbyBkZSBnZW9zc2ludFx1MDBlOXRpY29zIGVtIGZpbHRyYVx1MDBlN1x1MDBlM28gZSBkcmVuYWdlbSBkZSBtdXJvcyBlXHUwMGEwdHJpbmNoZWlyYXMiLCJfZHIiOm51bGwsIl9kbCI6Ilwvd3AtYWRtaW5cL3Bvc3QucGhwIiwiX3V0Ijoid3Bjb206dXNlcl9pZCIsIl91bCI6ImFiaW50dHQiLCJfZW4iOiJ3cGNvbV9lbWFpbF9jbGljayIsIl90cyI6MTc2ODM0NzA3Mjk5MCwiYnJvd3Nlcl90eXBlIjoicGhwLWFnZW50IiwiX2F1YSI6IndwY29tLXRyYWNrcy1jbGllbnQtdjAuMyIsImJsb2dfdHoiOiItMyIsInVzZXJfbGFuZyI6InB0LWJyIn0&amp;_z=z\" style=\"color:blue; text-decoration:underline\"><span style=\"font-size:14.0pt\">CTG ABINT lan&ccedil;a cartilha sobre uso de geossint&eacute;ticos em filtra&ccedil;&atilde;o e drenagem de muros e&nbsp;trincheiras<\/span><\/a><\/span><\/span><\/span><\/p>\r\n\r\n<p style=\"text-align:justify\"><span style=\"font-size:11pt\"><span style=\"line-height:normal\"><span style=\"font-family:Calibri,sans-serif\"><a href=\"https:\/\/www.bnamericas.com\/pt\/noticias\/andritz-fornecera-seis-compensadores-sincronos-para-estabilizar-a-rede-eletrica-do-brasil\" style=\"color:blue; text-decoration:underline\"><span style=\"font-size:14.0pt\">ANDRITZ fornecer&aacute; seis Compensadores S&iacute;ncronos para estabilizar a rede el&eacute;trica do Brasil<\/span><\/a><\/span><\/span><\/span><\/p>\r\n\r\n<p style=\"text-align:justify\"><span style=\"font-size:11pt\"><span style=\"line-height:normal\"><span style=\"font-family:Calibri,sans-serif\"><a href=\"https:\/\/www.msn.com\/en-us\/money\/other\/trutzschler-grows-indian-presence-with-new-sanand-factory\/ar-AA1EgOVj?apiversion=v2&amp;domshim=1&amp;noservercache=1&amp;noservertelemetry=1&amp;batchservertelemetry=1&amp;renderwebcomponents=1&amp;wcseo=1\" style=\"color:blue; text-decoration:underline\"><span lang=\"EN-US\" style=\"font-size:14.0pt\">Trutzschler grows Indian presence with new Sanand factory<\/span><\/a><\/span><\/span><\/span><\/p>\r\n\r\n<p style=\"text-align:justify\"><span style=\"font-size:11pt\"><span style=\"line-height:normal\"><span style=\"font-family:Calibri,sans-serif\"><b><span style=\"font-size:18.0pt\"><span style=\"font-variant:small-caps\">Eventos<\/span><\/span><\/b><\/span><\/span><\/span><\/p>\r\n\r\n<p style=\"text-align:justify\"><span style=\"font-size:11pt\"><span style=\"line-height:normal\"><span style=\"font-family:Calibri,sans-serif\"><a href=\"https:\/\/www.caf.com\/pt\/especiales\/forum-econ%C3%B4mico-internacional-america-latina-e-caribe-2026\/#msdynmkt_trackingcontext=fa3f1185-da04-4db1-887e-2719db160000\" style=\"color:blue; text-decoration:underline\"><b><span style=\"font-size:14.0pt\">Miss&atilde;o Empresarial ao F&oacute;rum Econ&ocirc;mico Internacional ALC<\/span><\/b><\/a><span style=\"font-size:14.0pt\">, 27 a 30 de janeiro de 2026, na Cidade do Panam&aacute;.<\/span><\/span><\/span><\/span><\/p>\r\n\r\n<p style=\"text-align:justify\"><span style=\"font-size:11pt\"><span style=\"line-height:normal\"><span style=\"font-family:Calibri,sans-serif\"><a href=\"https:\/\/abrava.com.br\/compromissos\/abrava-de-portas-abertas-2\/?utm_medium=email&amp;utm_campaign=inscreva-se__abrava_de_portas_abertas&amp;utm_source=RD+Station\" style=\"color:blue; text-decoration:underline\"><b><span style=\"font-size:14.0pt\">ABRAVA de Portas Abertas<\/span><\/b><\/a><span style=\"font-size:14.0pt\">, 29 de janeiro de 2026, das 08h30 &agrave;s 12h00, evento h&iacute;brido<\/span><\/span><\/span><\/span><\/p>\r\n\r\n<p style=\"text-align:justify\"><span style=\"font-size:11pt\"><span style=\"line-height:normal\"><span style=\"font-family:Calibri,sans-serif\"><a href=\"https:\/\/events.economist.com\/sustainability-week\/?RefID=EM13A-WhatsNew-Del_email-owned_MA00007195\" style=\"color:blue; text-decoration:underline\"><b><span lang=\"EN-US\" style=\"font-size:14.0pt\">11th annual Sustainability Week | Incorporating the 3rd annual Energy Transition Summit<\/span><\/b><\/a><span lang=\"EN-US\" style=\"font-size:14.0pt\">, March 2nd &ndash; 4th 2026, Intercontinental London &ndash; the O2<\/span><\/span><\/span><\/span><\/p>\r\n\r\n<p style=\"text-align:justify\"><span style=\"font-size:11pt\"><span style=\"line-height:normal\"><span style=\"font-family:Calibri,sans-serif\"><a href=\"https:\/\/www.worldofwipes.org\/\" style=\"color:blue; text-decoration:underline\"><b><span lang=\"EN-US\" style=\"font-size:14.0pt\">INDA | WOW - World of Wipes International Conference<\/span><\/b><\/a><span lang=\"EN-US\" style=\"font-size:14.0pt\">, June 29&ndash;July 2, 2026, Grand Hyatt Nashville, Nashville, Tennessee USA<\/span><\/span><\/span><\/span><\/p>\r\n\r\n<p style=\"text-align:justify\"><span style=\"font-size:11pt\"><span style=\"line-height:normal\"><span style=\"font-family:Calibri,sans-serif\"><a href=\"https:\/\/filtech.de\/\" style=\"color:blue; text-decoration:underline\"><b><span style=\"font-size:14.0pt\">Filtech 2026<\/span><\/b><\/a><span style=\"font-size:14.0pt\">, de 30 de junho a 2 de julho, Cologne, Alemanha<\/span><\/span><\/span><\/span><\/p>\r\n\r\n<p style=\"text-align:justify\"><span style=\"font-size:11pt\"><span style=\"line-height:normal\"><span style=\"font-family:Calibri,sans-serif\"><a href=\"https:\/\/www.formobile.com.br\/pt\/home.html\" style=\"color:blue; text-decoration:underline\"><b><span style=\"font-size:14.0pt\">ForM&oacute;bile 2026<\/span><\/b><\/a><span style=\"font-size:14.0pt\">, 30 de junho e 3 de julho de 2026, S&atilde;o Paulo Expo<\/span><\/span><\/span><\/span><\/p>\r\n\r\n<p style=\"text-align:justify\"><span style=\"font-size:11pt\"><span style=\"line-height:normal\"><span style=\"font-family:Calibri,sans-serif\"><a href=\"https:\/\/sienge.com.br\/construsummit\/\" style=\"color:blue; text-decoration:underline\"><b><span style=\"font-size:14.0pt\">Construsummit<\/span><\/b><\/a><span style=\"font-size:14.0pt\">, 1 e 2 de julho de 2026, Florian&oacute;polis, SC<\/span><\/span><\/span><\/span><\/p>\r\n\r\n<p style=\"text-align:justify\"><span style=\"font-size:11pt\"><span style=\"line-height:normal\"><span style=\"font-family:Calibri,sans-serif\"><a href=\"https:\/\/ficons.com.br\/\" style=\"color:blue; text-decoration:underline\"><b><span style=\"font-size:14.0pt\">FICONS - Feira Internacional de Materiais, Equipamentos e Servi&ccedil;os da Constru&ccedil;&atilde;o<\/span><\/b><\/a><span style=\"font-size:14.0pt\">, 15 a 18 de setembro de 2026, Centro de Conven&ccedil;&otilde;es de Pernambuco Recife\/ Olinda<\/span><\/span><\/span><\/span><\/p>\r\n\r\n<p style=\"text-align:justify\"><span style=\"font-size:11pt\"><span style=\"line-height:normal\"><span style=\"font-family:Calibri,sans-serif\"><a href=\"https:\/\/www.edana.org\/events\/outlook\/outlook-2025\" style=\"color:blue; text-decoration:underline\"><b><span style=\"font-size:14.0pt\">OUTLOOK&trade; 2026<\/span><\/b><\/a><span style=\"font-size:14.0pt\">, 22&ndash;24 September 2026, Hotel Miragem, Cascais, Portugal<\/span><\/span><\/span><\/span><\/p>\r\n\r\n<p style=\"text-align:justify\"><span style=\"font-size:11pt\"><span style=\"line-height:normal\"><span style=\"font-family:Calibri,sans-serif\"><a href=\"https:\/\/hospitalmed.com.br\/feira\/\" style=\"color:blue; text-decoration:underline\"><b><span style=\"font-size:14.0pt\">HospitalMed<\/span><\/b><\/a><span style=\"font-size:14.0pt\">, 21 a 23 de outubro de 2026, das 14h &agrave;s 20h, Pernambuco Centro de Conven&ccedil;&otilde;es, Olinda<\/span><\/span><\/span><\/span><\/p>\r\n\r\n<p style=\"text-align:justify\"><span style=\"font-size:11pt\"><span style=\"line-height:normal\"><span style=\"font-family:Calibri,sans-serif\"><a href=\"https:\/\/www.edana.org\/events\/edana-sustainability-forum\" style=\"color:blue; text-decoration:underline\"><b><span lang=\"EN-US\" style=\"font-size:14.0pt\">Sustainability &amp; Policy Forum<\/span><\/b><\/a><span lang=\"EN-US\" style=\"font-size:14.0pt\">, 8&ndash;9 December 2026, Residence Palace in Brussels, Belgium<\/span><\/span><\/span><\/span><\/p>\r\n\r\n<p style=\"text-align:justify\"><span style=\"font-size:11pt\"><span style=\"line-height:normal\"><span style=\"font-family:Calibri,sans-serif\"><a href=\"https:\/\/infrane.com.br\/\" style=\"color:blue; text-decoration:underline\"><b><span style=\"font-size:14.0pt\">Infra NE<\/span><\/b><\/a><span style=\"font-size:14.0pt\">, 03 a 05 de mar&ccedil;o de 2027, Centro de Conven&ccedil;&otilde;es Salvador<\/span><\/span><\/span><\/span><\/p>\r\n\r\n<p style=\"text-align:justify\"><span style=\"font-size:28pt\"><span style=\"font-family:Cambria,serif\"><span style=\"letter-spacing:-0.5pt\"><b><span lang=\"EN-US\" style=\"font-size:18.0pt\"><span calibri=\"\" style=\"font-family:\"><span style=\"font-variant:small-caps\">Setor<\/span><\/span><\/span><\/b><\/span><\/span><\/span><\/p>\r\n\r\n<p style=\"text-align:justify\"><span style=\"font-size:11pt\"><span style=\"line-height:normal\"><span style=\"font-family:Calibri,sans-serif\"><a href=\"https:\/\/www.globenewswire.com\/news-release\/2026\/01\/16\/3220365\/0\/en\/Trends-in-Nonwoven-Fabrics-Market-2026-35.html\" style=\"color:blue; text-decoration:underline\"><span lang=\"EN-US\" style=\"font-size:14.0pt\">Trends in Nonwoven Fabrics Market 2026-35<\/span><\/a><\/span><\/span><\/span><\/p>\r\n\r\n<p style=\"text-align:justify\"><span style=\"font-size:11pt\"><span style=\"line-height:normal\"><span style=\"font-family:Calibri,sans-serif\"><a href=\"https:\/\/plasticosemrevista.com.br\/pesquisa-de-opiniao-32\/\" style=\"color:blue; text-decoration:underline\"><span style=\"font-size:14.0pt\">Pesquisa de Opini&atilde;o: Como v&ecirc; a possibilidade de petroleiras dos EUA implantarem, a m&eacute;dio prazo, um (ou v&aacute;rios) complexo petroqu&iacute;mico na Venezuela, possuidora da maior reserva de g&aacute;s natural da Am&eacute;rica Latina? E quais as poss&iacute;veis consequ&ecirc;ncias disso para o cogitado plano de investimentos no setor no Brasil?<\/span><\/a><\/span><\/span><\/span><\/p>\r\n\r\n<p style=\"text-align:justify\"><span style=\"font-size:11pt\"><span style=\"line-height:normal\"><span style=\"font-family:Calibri,sans-serif\"><a href=\"https:\/\/www.meiofiltrante.com.br\/Noticia\/131995\/filtros-em-caminhoes-eletricos-tem-papel-decisivo\" style=\"color:blue; text-decoration:underline\"><span style=\"font-size:14.0pt\">Filtros em caminh&otilde;es el&eacute;tricos t&ecirc;m papel decisivo<\/span><\/a><\/span><\/span><\/span><\/p>\r\n\r\n<p style=\"text-align:justify\"><span style=\"font-size:11pt\"><span style=\"line-height:normal\"><span style=\"font-family:Calibri,sans-serif\"><a href=\"https:\/\/ric.com.br\/produtos\/publieditoriais\/c-vale-inova-com-criacao-de-tilapias-em-geomembrana\/\" style=\"color:blue; text-decoration:underline\"><span style=\"font-size:14.0pt\">C.Vale inova com cria&ccedil;&atilde;o de til&aacute;pias em geomembrana<\/span><\/a><\/span><\/span><\/span><\/p>\r\n\r\n<p style=\"text-align:justify\"><span style=\"font-size:11pt\"><span style=\"line-height:normal\"><span style=\"font-family:Calibri,sans-serif\"><a href=\"https:\/\/docs.google.com\/spreadsheets\/d\/1tgHIwTkF2YDNceJljCJw0jR477DKC5Uj\/edit?gid=209103034#gid=209103034\" style=\"color:blue; text-decoration:underline\"><span style=\"font-size:14.0pt\">Acervo de normas do ABNT\/CB-017 - Comit&ecirc; Brasileiro de Normaliza&ccedil;&atilde;o T&ecirc;xtil e Vestu&aacute;rio<\/span><\/a><\/span><\/span><\/span><\/p>\r\n\r\n<p style=\"text-align:justify\"><span style=\"font-size:11pt\"><span style=\"line-height:normal\"><span style=\"font-family:Calibri,sans-serif\"><a href=\"https:\/\/www.machadonunes.com.br\/pt\/agencia-nacional-de-vigilancia-sanitaria-anvisa-aprova-agenda-regulatoria-para-o-bienio-2026-2027\/\" style=\"color:blue; text-decoration:underline\"><span style=\"font-size:14.0pt\">Ag&ecirc;ncia Nacional de Vigil&acirc;ncia Sanit&aacute;ria (ANVISA) aprova agenda regulat&oacute;ria para o bi&ecirc;nio 2026-2027<\/span><\/a><\/span><\/span><\/span><\/p>\r\n\r\n<p style=\"text-align:justify\"><span style=\"font-size:11pt\"><span style=\"line-height:normal\"><span style=\"font-family:Calibri,sans-serif\"><a href=\"https:\/\/portalpersonalcare.com.br\/mercado-de-fraldas-para-bebes-na-america-latina\/?utm_medium=email&amp;utm_campaign=newsletter_14012026&amp;utm_source=RD+Station\" style=\"color:blue; text-decoration:underline\"><span style=\"font-size:14.0pt\">Mercado de fraldas para beb&ecirc;s na Am&eacute;rica Latina<\/span><\/a><\/span><\/span><\/span><\/p>\r\n\r\n<p style=\"text-align:justify\"><span style=\"font-size:11pt\"><span style=\"line-height:normal\"><span style=\"font-family:Calibri,sans-serif\"><a href=\"https:\/\/portalpersonalcare.com.br\/retrospectiva-2025-as-principais-movimentacoes-globais-do-setor-de-personal-care\/?utm_medium=email&amp;utm_campaign=newsletter_14012026&amp;utm_source=RD+Station\" style=\"color:blue; text-decoration:underline\"><span style=\"font-size:14.0pt\">Retrospectiva 2025: as principais movimenta&ccedil;&otilde;es globais do setor de personal care<\/span><\/a><\/span><\/span><\/span><\/p>\r\n\r\n<p style=\"text-align:justify\"><span style=\"font-size:11pt\"><span style=\"line-height:normal\"><span style=\"font-family:Calibri,sans-serif\"><a href=\"https:\/\/portalpersonalcare.com.br\/retrospectiva-2025-personal-care-avanca-em-inovacao-e-passa-por-reestruturacoes-na-america-latina\/?utm_medium=email&amp;utm_campaign=newsletter_14012026&amp;utm_source=RD+Station\" style=\"color:blue; text-decoration:underline\"><span style=\"font-size:14.0pt\">Retrospectiva 2025: personal care avan&ccedil;a em inova&ccedil;&atilde;o e passa por reestrutura&ccedil;&otilde;es na Am&eacute;rica Latina<\/span><\/a><\/span><\/span><\/span><\/p>\r\n\r\n<p style=\"text-align:justify\"><span style=\"font-size:11pt\"><span style=\"line-height:normal\"><span style=\"font-family:Calibri,sans-serif\"><a href=\"https:\/\/portalpersonalcare.com.br\/retrospectiva-2025-do-setor-de-personal-care-no-brasil-lancamentos-investimentos-e-expansao-industrial\/?utm_medium=email&amp;utm_campaign=newsletter_14012026&amp;utm_source=RD+Station\" style=\"color:blue; text-decoration:underline\"><span style=\"font-size:14.0pt\">Retrospectiva 2025 do setor de personal care no Brasil: lan&ccedil;amentos, investimentos e expans&atilde;o industrial<\/span><\/a><\/span><\/span><\/span><\/p>\r\n\r\n<p style=\"text-align:justify\"><span style=\"font-size:11pt\"><span style=\"line-height:normal\"><span style=\"font-family:Calibri,sans-serif\"><a href=\"https:\/\/www.nonwovens-industry.com\/the-baby-care-market-challenges-continue\/?utm_campaign=NON%20Issue%20Alert&amp;utm_medium=email&amp;_hsenc=p2ANqtz-83PQ5yDMo1f3dPWnIVeSPoEyVQxtbOah7AO7PHCXooycJXuDg4kIdSVUPey1Cy6g_rjrujOVnuXwDAHq-dzdWIKbYNxA&amp;_hsmi=398578754&amp;utm_content=398578754&amp;utm_source=hs_email\" style=\"color:blue; text-decoration:underline\"><span lang=\"EN-US\" style=\"font-size:14.0pt\">The Baby Care Market&mdash;Challenges Continue<\/span><\/a><\/span><\/span><\/span><\/p>\r\n\r\n<p style=\"text-align:justify\"><span style=\"font-size:11pt\"><span style=\"line-height:normal\"><span style=\"font-family:Calibri,sans-serif\"><a href=\"https:\/\/www.nonwovens-industry.com\/the-next-frontier-for-diapers\/?utm_campaign=NON%20Issue%20Alert&amp;utm_medium=email&amp;_hsenc=p2ANqtz--LAExufuxpSjnX-DgrnUHKAVaTLGOPPSOfg4jfD8naWoBo8JJBdpIFQ9OKLbck_DVcrROvPUrViroPLqryAgd0iEBZHA&amp;_hsmi=398578754&amp;utm_content=398578754&amp;utm_source=hs_email\" style=\"color:blue; text-decoration:underline\"><span style=\"font-size:14.0pt\">The Next Frontier for Diapers<\/span><\/a><\/span><\/span><\/span><\/p>\r\n\r\n<p style=\"text-align:justify\"><span style=\"font-size:11pt\"><span style=\"line-height:normal\"><span style=\"font-family:Calibri,sans-serif\"><a href=\"https:\/\/www.trbn.com.br\/materia\/I146743\/academia-braskem-e-lancada-para-todo-o-brasil\" style=\"color:blue; text-decoration:underline\"><span style=\"font-size:14.0pt\">Academia Braskem &eacute; lan&ccedil;ada para todo o Brasil<\/span><\/a><\/span><\/span><\/span><\/p>\r\n\r\n<p style=\"text-align:justify\"><span style=\"font-size:28pt\"><span style=\"font-family:Cambria,serif\"><span style=\"letter-spacing:-0.5pt\"><b><span style=\"font-size:18.0pt\"><span calibri=\"\" style=\"font-family:\"><span style=\"font-variant:small-caps\">Ind&uacute;stria<\/span><\/span><\/span><\/b><\/span><\/span><\/span><\/p>\r\n\r\n<p style=\"text-align:justify\"><span style=\"font-size:11pt\"><span style=\"line-height:normal\"><span style=\"font-family:Calibri,sans-serif\"><a href=\"https:\/\/share.google\/1aOZg8Sa4T4QZLUL3\" style=\"color:blue; text-decoration:underline\"><span style=\"font-size:14.0pt\">Lei de Maquila atrai mais de 200 ind&uacute;strias brasileiras para o Paraguai<\/span><\/a><\/span><\/span><\/span><\/p>\r\n\r\n<p style=\"text-align:justify\"><span style=\"font-size:11pt\"><span style=\"line-height:normal\"><span style=\"font-family:Calibri,sans-serif\"><span style=\"font-size:14.0pt\"><a href=\"https:\/\/noticias.portaldaindustria.com.br\/noticias\/economia\/juros-sao-principal-problema-para-conseguir-credito-segundo-80-dos-empresarios-industriais\/\" style=\"color:blue; text-decoration:underline\">Juros s&atilde;o principal problema para conseguir cr&eacute;dito, segundo 80% dos empres&aacute;rios industriais<\/a><\/span><\/span><\/span><\/span><\/p>\r\n\r\n<p style=\"text-align:justify\"><span style=\"font-size:11pt\"><span style=\"line-height:normal\"><span style=\"font-family:Calibri,sans-serif\"><a href=\"https:\/\/noticias.portaldaindustria.com.br\/noticias\/economia\/cni-faturamento-sobe-mas-emprego-industrial-cai-pelo-terceiro-mes-consecutivo\/\" style=\"color:blue; text-decoration:underline\"><span style=\"font-size:14.0pt\">CNI: Faturamento sobe, mas emprego industrial cai pelo terceiro m&ecirc;s consecutivo<\/span><\/a><\/span><\/span><\/span><\/p>\r\n\r\n<p style=\"text-align:justify\"><span style=\"font-size:11pt\"><span style=\"line-height:normal\"><span style=\"font-family:Calibri,sans-serif\"><a href=\"https:\/\/noticias.portaldaindustria.com.br\/noticias\/institucional\/cni-entra-com-acao-no-stf-contra-dispositivos-da-lei-que-reduz-incentivos-fiscais\/\" style=\"color:blue; text-decoration:underline\"><span style=\"font-size:14.0pt\">CNI entra com a&ccedil;&atilde;o no STF contra dispositivos da lei que reduz incentivos fiscais<\/span><\/a><\/span><\/span><\/span><\/p>\r\n\r\n<p style=\"text-align:justify\"><span style=\"font-size:11pt\"><span style=\"line-height:normal\"><span style=\"font-family:Calibri,sans-serif\"><a href=\"https:\/\/abiquim.org.br\/comunicacao\/noticia\/12079\" style=\"color:blue; text-decoration:underline\"><span style=\"font-size:14.0pt\">2026: o ano da implementa&ccedil;&atilde;o e das decis&otilde;es respons&aacute;veis<\/span><\/a><\/span><\/span><\/span><\/p>\r\n\r\n<p style=\"text-align:justify\"><span style=\"font-size:11pt\"><span style=\"line-height:normal\"><span style=\"font-family:Calibri,sans-serif\"><a href=\"https:\/\/agenciabrasil.ebc.com.br\/economia\/noticia\/2026-01\/anfavea-projeta-crescimento-de-37-na-producao-de-veiculos-para-2026\" style=\"color:blue; text-decoration:underline\"><span style=\"font-size:14.0pt\">Anfavea projeta crescimento de 3,7% na produ&ccedil;&atilde;o de ve&iacute;culos para 2026<\/span><\/a><\/span><\/span><\/span><\/p>\r\n\r\n<p style=\"text-align:justify\"><span style=\"font-size:11pt\"><span style=\"line-height:normal\"><span style=\"font-family:Calibri,sans-serif\"><a href=\"https:\/\/anba.com.br\/brasil-e-arabia-saudita-vao-cooperar-em-mineracao\/\" style=\"color:blue; text-decoration:underline\"><span style=\"font-size:14.0pt\">Brasil e Ar&aacute;bia Saudita v&atilde;o cooperar em minera&ccedil;&atilde;o<\/span><\/a><\/span><\/span><\/span><\/p>\r\n\r\n<p style=\"text-align:justify\"><span style=\"font-size:28pt\"><span style=\"font-family:Cambria,serif\"><span style=\"letter-spacing:-0.5pt\"><b><span style=\"font-size:18.0pt\"><span calibri=\"\" style=\"font-family:\"><span style=\"font-variant:small-caps\">Sustentabilidade<\/span><\/span><\/span><\/b><\/span><\/span><\/span><\/p>\r\n\r\n<p style=\"text-align:justify\"><span style=\"font-size:11pt\"><span style=\"line-height:normal\"><span style=\"font-family:Calibri,sans-serif\"><a href=\"https:\/\/portalpersonalcare.com.br\/nova-york-sanciona-lei-que-proibe-pfas-e-outros-quimicos-toxicos-em-absorventes-higienicos\/?utm_medium=email&amp;utm_campaign=newsletter_14012026&amp;utm_source=RD+Station\" style=\"color:blue; text-decoration:underline\"><span style=\"font-size:14.0pt\">Nova York sanciona lei que pro&iacute;be PFAS e outros qu&iacute;micos t&oacute;xicos em absorventes higi&ecirc;nicos<\/span><\/a><\/span><\/span><\/span><\/p>\r\n\r\n<p style=\"text-align:justify\"><span style=\"font-size:11pt\"><span style=\"line-height:normal\"><span style=\"font-family:Calibri,sans-serif\"><a href=\"https:\/\/noticias.portaldaindustria.com.br\/noticias\/economia\/setor-automotivo-fabricacao-nacional-e-mais-sustentavel-esta-em-alta-ep-186\/\" style=\"color:blue; text-decoration:underline\"><span style=\"font-size:14.0pt\">Setor automotivo: fabrica&ccedil;&atilde;o nacional e mais sustent&aacute;vel est&aacute; em alta (Ep. #186)<\/span><\/a><\/span><\/span><\/span><\/p>\r\n\r\n<p style=\"text-align:justify\"><span style=\"font-size:11pt\"><span style=\"line-height:normal\"><span style=\"font-family:Calibri,sans-serif\"><a href=\"https:\/\/noticiasambientales.com\/sustentabilidade\/um-municipio-de-mendoza-autoriza-construcoes-com-plasticos-reciclados-a-portaria-aprova-o-sistema-construtivo-3c\/\" style=\"color:blue; text-decoration:underline\"><span style=\"font-size:14.0pt\">Um munic&iacute;pio de Mendoza autoriza constru&ccedil;&otilde;es com pl&aacute;sticos reciclados: a portaria aprova o Sistema Construtivo 3C<\/span><\/a><\/span><\/span><\/span><\/p>\r\n\r\n<p style=\"text-align:justify\"><span style=\"font-size:11pt\"><span style=\"line-height:normal\"><span style=\"font-family:Calibri,sans-serif\"><a href=\"https:\/\/sinditextilsp.org.br\/home\/2025\/12\/ue-lanca-projeto-para-acelerar-a-economia-descarbonizada\/?utm_medium=email&amp;utm_campaign=boletim_verde_19&amp;utm_source=RD+Station\" style=\"color:blue; text-decoration:underline\"><span style=\"font-size:14.0pt\">UE lan&ccedil;a projeto para acelerar a economia descarbonizada<\/span><\/a><\/span><\/span><\/span><\/p>\r\n\r\n<p style=\"text-align:justify\"><span style=\"font-size:28pt\"><span style=\"font-family:Cambria,serif\"><span style=\"letter-spacing:-0.5pt\"><b><span style=\"font-size:18.0pt\"><span calibri=\"\" style=\"font-family:\"><span style=\"font-variant:small-caps\">Inova&ccedil;&atilde;o<\/span><\/span><\/span><\/b><\/span><\/span><\/span><\/p>\r\n\r\n<p style=\"text-align:justify\"><span style=\"font-size:11pt\"><span style=\"line-height:normal\"><span style=\"font-family:Calibri,sans-serif\"><a href=\"https:\/\/epocanegocios.globo.com\/um-so-planeta\/noticia\/2026\/01\/cientistas-criam-filtro-de-boca-de-peixe-que-remove-99percent-dos-microplasticos-gerados-na-lavanderia.ghtml\" style=\"color:blue; text-decoration:underline\"><span style=\"font-size:14.0pt\">Cientistas criam filtro de &#39;boca de peixe&#39; que remove 99% dos micropl&aacute;sticos gerados na lavanderia<\/span><\/a><\/span><\/span><\/span><\/p>\r\n\r\n<p style=\"text-align:justify\"><span style=\"font-size:11pt\"><span style=\"line-height:normal\"><span style=\"font-family:Calibri,sans-serif\"><a href=\"https:\/\/www.inovacaotecnologica.com.br\/noticias\/noticia.php?artigo=plastico-perfeito&amp;id=020160260112&amp;ebol=sim\" style=\"color:blue; text-decoration:underline\"><span style=\"font-size:14.0pt\">Pl&aacute;stico perfeito? Feito de plantas, biodegrad&aacute;vel no mar e sem micropl&aacute;sticos<\/span><\/a><\/span><\/span><\/span><\/p>\r\n\r\n<p style=\"text-align:justify\"><span style=\"font-size:11pt\"><span style=\"line-height:normal\"><span style=\"font-family:Calibri,sans-serif\"><a href=\"https:\/\/noticias.portaldaindustria.com.br\/noticias\/inovacao-e-tecnologia\/mais-inovacao-plataforma-do-bndes-e-estrategica-para-monitoramento-de-projetos-da-nib\/\" style=\"color:blue; text-decoration:underline\"><span style=\"font-size:14.0pt\">Mais Inova&ccedil;&atilde;o: plataforma do BNDES &eacute; estrat&eacute;gica para monitoramento de projetos da NIB<\/span><\/a><\/span><\/span><\/span><\/p>\r\n\r\n<p style=\"text-align:justify\"><span style=\"font-size:11pt\"><span style=\"line-height:normal\"><span style=\"font-family:Calibri,sans-serif\"><a href=\"https:\/\/www.youtube.com\/watch?v=NDTUov5WegA\" style=\"color:blue; text-decoration:underline\"><span style=\"font-size:14.0pt\">FGV IBRE | Conex&atilde;o Econ&ocirc;mica | Infraestrutura, inova&ccedil;&atilde;o e sustentabilidade, com Lidiane Blank<\/span><\/a><\/span><\/span><\/span><\/p>\r\n\r\n<p style=\"text-align:justify\"><span style=\"font-size:28pt\"><span style=\"font-family:Cambria,serif\"><span style=\"letter-spacing:-0.5pt\"><b><span style=\"font-size:18.0pt\"><span calibri=\"\" style=\"font-family:\"><span style=\"font-variant:small-caps\">Com&eacute;rcio Exterior<\/span><\/span><\/span><\/b><\/span><\/span><\/span><\/p>\r\n\r\n<p style=\"text-align:justify\"><span style=\"font-size:11pt\"><span style=\"line-height:normal\"><span style=\"font-family:Calibri,sans-serif\"><a href=\"https:\/\/www.bbc.com\/portuguese\/articles\/crle523j53go\" style=\"color:blue; text-decoration:underline\"><span style=\"font-size:14.0pt\">Acordo Mercosul-UE &eacute; assinado e cria uma das maiores zonas de livre com&eacute;rcio do mundo: entenda o que pode ficar mais barato no Brasil<\/span><\/a><\/span><\/span><\/span><\/p>\r\n\r\n<p style=\"text-align:justify\"><span style=\"font-size:11pt\"><span style=\"line-height:normal\"><span style=\"font-family:Calibri,sans-serif\"><a href=\"https:\/\/noticias.portaldaindustria.com.br\/posicionamentos\/acordo-mercosul-ue-aumenta-de-8-para-36-o-acesso-brasileiro-ao-comercio-mundial-aponta-cni\/\" style=\"color:blue; text-decoration:underline\"><span style=\"font-size:14.0pt\">Acordo Mercosul-UE aumenta de 8% para 36% o acesso brasileiro ao com&eacute;rcio mundial, aponta CNI<\/span><\/a><\/span><\/span><\/span><\/p>\r\n\r\n<p style=\"text-align:justify\"><span style=\"font-size:11pt\"><span style=\"line-height:normal\"><span style=\"font-family:Calibri,sans-serif\"><a href=\"https:\/\/www.infomoney.com.br\/politica\/congresso-sinaliza-tramitacao-acelerada-para-acordo-mercosul-uniao-europeia\/\" style=\"color:blue; text-decoration:underline\"><span style=\"font-size:14.0pt\">Congresso sinaliza tramita&ccedil;&atilde;o acelerada para acordo Mercosul-Uni&atilde;o Europeia<\/span><\/a><\/span><\/span><\/span><\/p>\r\n\r\n<p style=\"text-align:justify\"><span style=\"font-size:11pt\"><span style=\"line-height:normal\"><span style=\"font-family:Calibri,sans-serif\"><a href=\"https:\/\/blogdoibre.fgv.br\/sites\/blogdoibre.fgv.br\/files\/u139\/mercosul-uniao_europeia_0.pdf\" style=\"color:blue; text-decoration:underline\"><span style=\"font-size:14.0pt\">Avaliando os impactos regionais no Brasil do acordo Mercosul&ndash;Uni&atilde;o Europeia<\/span><\/a><\/span><\/span><\/span><\/p>\r\n\r\n<p style=\"text-align:justify\"><span style=\"font-size:11pt\"><span style=\"line-height:normal\"><span style=\"font-family:Calibri,sans-serif\"><a href=\"https:\/\/comexdobrasil.com\/abicalcados-comemora-acordo-mercosul-uniao-europeia-e-preve-abertura-de-oportunidades-para-o-calcado-brasileiro\/\" style=\"color:blue; text-decoration:underline\"><span style=\"font-size:14.0pt\">Abical&ccedil;ados comemora Acordo Mercosul-Uni&atilde;o Europeia e prev&ecirc; abertura de&nbsp; oportunidades para o cal&ccedil;ado brasileiro<\/span><\/a><\/span><\/span><\/span><\/p>\r\n\r\n<p style=\"text-align:justify\"><span style=\"font-size:11pt\"><span style=\"line-height:normal\"><span style=\"font-family:Calibri,sans-serif\"><a href=\"https:\/\/www.msn.com\/pt-br\/noticias\/brasil\/acordo-mercosul-ue-fortalece-inser%C3%A7%C3%A3o-global-da-ind%C3%BAstria-qu%C3%ADmica-brasileira-diz-abiquim\/ar-AA1TUABL\" style=\"color:blue; text-decoration:underline\"><span style=\"font-size:14.0pt\">Acordo Mercosul&ndash;UE fortalece inser&ccedil;&atilde;o global da ind&uacute;stria qu&iacute;mica brasileira, diz Abiquim<\/span><\/a><\/span><\/span><\/span><\/p>\r\n\r\n<p style=\"text-align:justify\"><span style=\"font-size:11pt\"><span style=\"line-height:normal\"><span style=\"font-family:Calibri,sans-serif\"><a href=\"https:\/\/portalibre.fgv.br\/system\/files\/divulgacao\/noticias\/mat-complementar\/2026-01\/ICOMEX_FGV_Press%20release_Janeiro2026.pdf\" style=\"color:blue; text-decoration:underline\"><span style=\"font-size:14.0pt\">O com&eacute;rcio exterior do Brasil em 2025<\/span><\/a><\/span><\/span><\/span><\/p>\r\n\r\n<p style=\"text-align:justify\"><span style=\"font-size:28pt\"><span style=\"font-family:Cambria,serif\"><span style=\"letter-spacing:-0.5pt\"><b><span style=\"font-size:18.0pt\"><span calibri=\"\" style=\"font-family:\"><span style=\"font-variant:small-caps\">Economia<\/span><\/span><\/span><\/b><\/span><\/span><\/span><\/p>\r\n\r\n<p style=\"text-align:justify\"><span style=\"font-size:11pt\"><span style=\"line-height:normal\"><span style=\"font-family:Calibri,sans-serif\"><a href=\"https:\/\/www.bcb.gov.br\/content\/focus\/focus\/R20260116.pdf\" style=\"color:blue; text-decoration:underline\"><span style=\"font-size:14.0pt\">Focus - Relat&oacute;rio de Mercado<\/span><\/a><\/span><\/span><\/span><\/p>\r\n\r\n<p style=\"text-align:justify\"><span style=\"font-size:11pt\"><span style=\"line-height:normal\"><span style=\"font-family:Calibri,sans-serif\"><a href=\"https:\/\/www.gazetadopovo.com.br\/economia\/fmi-preve-desaceleracao-da-economia-brasileira-em-2026\/\" style=\"color:blue; text-decoration:underline\"><span style=\"font-size:14.0pt\">FMI prev&ecirc; desacelera&ccedil;&atilde;o da economia brasileira em 2026<\/span><\/a><\/span><\/span><\/span><\/p>\r\n\r\n<p style=\"text-align:justify\"><span style=\"font-size:11pt\"><span style=\"line-height:normal\"><span style=\"font-family:Calibri,sans-serif\"><a href=\"https:\/\/horadopovo.com.br\/economia-chinesa-cresceu-5-em-2025-superando-a-guerra-tarifaria\/\" style=\"color:blue; text-decoration:underline\"><span style=\"font-size:14.0pt\">Economia chinesa cresceu 5% em 2025, superando a guerra tarif&aacute;ria<\/span><\/a><\/span><\/span><\/span><\/p>\r\n","texto_en":"","7":"","imagem":"COMP_capa-2026-site-boletim-abint-noticias-semanis_202601211854172bGbVdCi1W.jpg","8":"COMP_capa-2026-site-boletim-abint-noticias-semanis_202601211854172bGbVdCi1W.jpg","arquivo":"20260120-BOLETIM-ABINT-DE-NOTICIAS-SEMANAIS.PDF","9":"20260120-BOLETIM-ABINT-DE-NOTICIAS-SEMANAIS.PDF","titulo_arquivo":"20260120 Boletim ABINT de Not\u00edcias Semanais","10":"20260120 Boletim ABINT de Not\u00edcias Semanais","titulo_arquivo_en":"","11":"","created_at":"2026-01-21 18:54:24","12":"2026-01-21 18:54:24","updated_at":"2026-02-03 12:13:37","13":"2026-02-03 12:13:37"},{"id":211,"0":211,"ordem":12,"1":12,"data":"2026-01-13","2":"2026-01-13","slug":"boletim-abint-de-noticias-semanais-109","3":"boletim-abint-de-noticias-semanais-109","titulo":"Boletim ABINT de Not\u00edcias Semanais","4":"Boletim ABINT de Not\u00edcias Semanais","titulo_en":"","5":"","texto":"<p style=\"text-align:justify\"><span style=\"font-size:11pt\"><span style=\"line-height:normal\"><span style=\"font-family:Calibri,sans-serif\"><span style=\"font-size:14.0pt\">Esta &eacute; uma compila&ccedil;&atilde;o das not&iacute;cias mais relevantes para o setor, incluindo informa&ccedil;&otilde;es sobre acordos internacionais, economia brasileira, sustentabilidade e mat&eacute;rias primas, al&eacute;m de novidades do setor de N&atilde;otecidos e Tecidos T&eacute;cnicos.<\/span><\/span><\/span><\/span><\/p>\r\n\r\n<p style=\"text-align:justify\"><span style=\"font-size:28pt\"><span style=\"font-family:Cambria,serif\"><span style=\"letter-spacing:-0.5pt\"><b><span style=\"font-size:18.0pt\"><span style=\"font-family:&quot;Calibri&quot;,sans-serif\"><span style=\"font-variant:small-caps\">O que vem por a&iacute;<\/span><\/span><\/span><\/b><\/span><\/span><\/span><\/p>\r\n\r\n<p style=\"text-align:justify\"><img src=\"https:\/\/www.abint.org.br\/assets\/img\/editor\/save-the-date-curso-br-instal-gmb-2026-3_20251209171448ohr1eNNv8r.jpg\" style=\"width: 500px; height: 500px;\" \/><\/p>\r\n\r\n<p class=\"MsoTitle\" style=\"text-align:justify\"><span style=\"font-size:28pt\"><span style=\"font-family:Cambria,serif\"><span style=\"letter-spacing:-0.5pt\"><b><span style=\"font-size:18.0pt\"><span style=\"font-family:&quot;Calibri&quot;,sans-serif\"><span style=\"font-variant:small-caps\">Not&iacute;cias das Associadas<\/span><\/span><\/span><\/b><\/span><\/span><\/span><\/p>\r\n\r\n<p style=\"text-align:justify\"><span style=\"font-size:11pt\"><span style=\"line-height:normal\"><span style=\"font-family:Calibri,sans-serif\"><a href=\"https:\/\/www.abctecnologias.com.br\/historias-de-sucesso\/a-tecnologia-de-soldagem-leister-mantem-os-canais-de-bangkok-limpos\/?utm_source=ABC+Tecnologias&amp;utm_campaign=724ea7208a-CAMPANHA_RSS_POSTS_SITE&amp;utm_medium=email&amp;utm_term=0_01821b5e7f-724ea7208a-468976694\" style=\"color:blue; text-decoration:underline\"><span style=\"font-size:14.0pt\">ABC Tecnologias | A Tecnologia de Soldagem Leister Mant&eacute;m os Canais de Bangkok Limpos<\/span><\/a><\/span><\/span><\/span><\/p>\r\n\r\n<p style=\"text-align:justify\"><span style=\"font-size:11pt\"><span style=\"line-height:normal\"><span style=\"font-family:Calibri,sans-serif\"><a href=\"https:\/\/tissueonline.com.br\/andritz-realiza-start-up-da-planta-de-secagem-de-lodo-na-eldorado-brasil-celulose\/\" style=\"color:blue; text-decoration:underline\"><span style=\"font-size:14.0pt\">ANDRITZ realiza start-up da planta de secagem de lodo na Eldorado Brasil Celulose<\/span><\/a><\/span><\/span><\/span><\/p>\r\n\r\n<p style=\"text-align:justify\"><span style=\"font-size:11pt\"><span style=\"line-height:normal\"><span style=\"font-family:Calibri,sans-serif\"><a href=\"https:\/\/www.nonwovens-industry.com\/breaking-news\/fibertex-personal-care-technology-offers-inline-application-of-wetness-indicators\/?utm_campaign=NON%20eNewsletter&amp;utm_medium=email&amp;_hsenc=p2ANqtz-_CfNY5KMKcOEsxR5dZRdDRuGbalNuMFpBkK9UILwLKpCGDpIn3Va_Zgaa9hJnBFztW8ylq-BfTzj49_3rGY3DTM-CRzQ&amp;_hsmi=394961187&amp;utm_content=394961187&amp;utm_source=hs_email\" style=\"color:blue; text-decoration:underline\"><span lang=\"EN-US\" style=\"font-size:14.0pt\">Fibertex Personal Care Technology Offers Inline Application of Wetness Indicators<\/span><\/a><\/span><\/span><\/span><\/p>\r\n\r\n<p style=\"text-align:justify\"><span style=\"font-size:11pt\"><span style=\"line-height:normal\"><span style=\"font-family:Calibri,sans-serif\"><a href=\"https:\/\/www.innovationintextiles.com\/technology-machinery-equipment\/trtzschler-cylinder-wires-boost-efficiency\/\" style=\"color:blue; text-decoration:underline\"><span lang=\"EN-US\" style=\"font-size:14.0pt\">Tr&uuml;tzschler cylinder wires boost efficiency<\/span><\/a><\/span><\/span><\/span><\/p>\r\n\r\n<p style=\"text-align:justify\"><span style=\"font-size:11pt\"><span style=\"line-height:normal\"><span style=\"font-family:Calibri,sans-serif\"><b><span lang=\"EN-US\" style=\"font-size:18.0pt\"><span style=\"font-variant:small-caps\">Eventos<\/span><\/span><\/b><\/span><\/span><\/span><\/p>\r\n\r\n<p style=\"text-align:justify\"><span style=\"font-size:11pt\"><span style=\"line-height:normal\"><span style=\"font-family:Calibri,sans-serif\"><a href=\"https:\/\/www.caf.com\/pt\/especiales\/forum-econ%C3%B4mico-internacional-america-latina-e-caribe-2026\/#msdynmkt_trackingcontext=fa3f1185-da04-4db1-887e-2719db160000\" style=\"color:blue; text-decoration:underline\"><b><span style=\"font-size:14.0pt\">Miss&atilde;o Empresarial ao F&oacute;rum Econ&ocirc;mico Internacional ALC<\/span><\/b><\/a><span style=\"font-size:14.0pt\">, 27 a 30 de janeiro de 2026, na Cidade do Panam&aacute;.<\/span><\/span><\/span><\/span><\/p>\r\n\r\n<p style=\"text-align:justify\"><span style=\"font-size:11pt\"><span style=\"line-height:normal\"><span style=\"font-family:Calibri,sans-serif\"><a href=\"https:\/\/abrava.com.br\/compromissos\/abrava-de-portas-abertas-2\/?utm_medium=email&amp;utm_campaign=inscreva-se__abrava_de_portas_abertas&amp;utm_source=RD+Station\" style=\"color:blue; text-decoration:underline\"><b><span style=\"font-size:14.0pt\">ABRAVA de Portas Abertas<\/span><\/b><\/a><span style=\"font-size:14.0pt\">, 29 de janeiro de 2026, das 08h30 &agrave;s 12h00, evento h&iacute;brido<\/span><\/span><\/span><\/span><\/p>\r\n\r\n<p style=\"text-align:justify\"><span style=\"font-size:11pt\"><span style=\"line-height:normal\"><span style=\"font-family:Calibri,sans-serif\"><a href=\"https:\/\/events.economist.com\/sustainability-week\/?RefID=EM13A-WhatsNew-Del_email-owned_MA00007195\" style=\"color:blue; text-decoration:underline\"><b><span lang=\"EN-US\" style=\"font-size:14.0pt\">11th annual Sustainability Week | Incorporating the 3rd annual Energy Transition Summit<\/span><\/b><\/a><span lang=\"EN-US\" style=\"font-size:14.0pt\">, March 2nd &ndash; 4th 2026, Intercontinental London &ndash; the O2<\/span><\/span><\/span><\/span><\/p>\r\n\r\n<p style=\"text-align:justify\"><span style=\"font-size:11pt\"><span style=\"line-height:normal\"><span style=\"font-family:Calibri,sans-serif\"><a href=\"https:\/\/www.worldofwipes.org\/\" style=\"color:blue; text-decoration:underline\"><b><span lang=\"EN-US\" style=\"font-size:14.0pt\">INDA | WOW - World of Wipes International Conference<\/span><\/b><\/a><span lang=\"EN-US\" style=\"font-size:14.0pt\">, June 29&ndash;July 2, 2026, Grand Hyatt Nashville, Nashville, Tennessee USA<\/span><\/span><\/span><\/span><\/p>\r\n\r\n<p style=\"text-align:justify\"><span style=\"font-size:11pt\"><span style=\"line-height:normal\"><span style=\"font-family:Calibri,sans-serif\"><a href=\"https:\/\/filtech.de\/\" style=\"color:blue; text-decoration:underline\"><b><span style=\"font-size:14.0pt\">Filtech 2026<\/span><\/b><\/a><span style=\"font-size:14.0pt\">, de 30 de junho a 2 de julho, Cologne, Alemanha<\/span><\/span><\/span><\/span><\/p>\r\n\r\n<p style=\"text-align:justify\"><span style=\"font-size:11pt\"><span style=\"line-height:normal\"><span style=\"font-family:Calibri,sans-serif\"><a href=\"https:\/\/www.formobile.com.br\/pt\/home.html\" style=\"color:blue; text-decoration:underline\"><b><span style=\"font-size:14.0pt\">ForM&oacute;bile 2026<\/span><\/b><\/a><span style=\"font-size:14.0pt\">, 30 de junho e 3 de julho de 2026, S&atilde;o Paulo Expo<\/span><\/span><\/span><\/span><\/p>\r\n\r\n<p style=\"text-align:justify\"><span style=\"font-size:11pt\"><span style=\"line-height:normal\"><span style=\"font-family:Calibri,sans-serif\"><a href=\"https:\/\/sienge.com.br\/construsummit\/\" style=\"color:blue; text-decoration:underline\"><b><span style=\"font-size:14.0pt\">Construsummit<\/span><\/b><\/a><span style=\"font-size:14.0pt\">, 1 e 2 de julho de 2026, Florian&oacute;polis, SC<\/span><\/span><\/span><\/span><\/p>\r\n\r\n<p style=\"text-align:justify\"><span style=\"font-size:11pt\"><span style=\"line-height:normal\"><span style=\"font-family:Calibri,sans-serif\"><a href=\"https:\/\/ficons.com.br\/\" style=\"color:blue; text-decoration:underline\"><b><span style=\"font-size:14.0pt\">FICONS - Feira Internacional de Materiais, Equipamentos e Servi&ccedil;os da Constru&ccedil;&atilde;o<\/span><\/b><\/a><span style=\"font-size:14.0pt\">, 15 a 18 de setembro de 2026, Centro de Conven&ccedil;&otilde;es de Pernambuco Recife\/ Olinda<\/span><\/span><\/span><\/span><\/p>\r\n\r\n<p style=\"text-align:justify\"><span style=\"font-size:11pt\"><span style=\"line-height:normal\"><span style=\"font-family:Calibri,sans-serif\"><a href=\"https:\/\/www.edana.org\/events\/outlook\/outlook-2025\" style=\"color:blue; text-decoration:underline\"><b><span style=\"font-size:14.0pt\">OUTLOOK&trade; 2026<\/span><\/b><\/a><span style=\"font-size:14.0pt\">, 22&ndash;24 September 2026, Hotel Miragem, Cascais, Portugal<\/span><\/span><\/span><\/span><\/p>\r\n\r\n<p style=\"text-align:justify\"><span style=\"font-size:11pt\"><span style=\"line-height:normal\"><span style=\"font-family:Calibri,sans-serif\"><a href=\"https:\/\/hospitalmed.com.br\/feira\/\" style=\"color:blue; text-decoration:underline\"><b><span style=\"font-size:14.0pt\">HospitalMed<\/span><\/b><\/a><span style=\"font-size:14.0pt\">, 21 a 23 de outubro de 2026, das 14h &agrave;s 20h, Pernambuco Centro de Conven&ccedil;&otilde;es, Olinda<\/span><\/span><\/span><\/span><\/p>\r\n\r\n<p style=\"text-align:justify\"><span style=\"font-size:28pt\"><span style=\"font-family:Cambria,serif\"><span style=\"letter-spacing:-0.5pt\"><b><span style=\"font-size:18.0pt\"><span style=\"font-family:&quot;Calibri&quot;,sans-serif\"><span style=\"font-variant:small-caps\">Setor<\/span><\/span><\/span><\/b><\/span><\/span><\/span><\/p>\r\n\r\n<p style=\"text-align:justify\"><span style=\"font-size:11pt\"><span style=\"line-height:normal\"><span style=\"font-family:Calibri,sans-serif\"><a href=\"https:\/\/share.google\/z2tclNr8xgjsRXc20\" style=\"color:blue; text-decoration:underline\"><span style=\"font-size:14.0pt\">Concorr&ecirc;ncia chinesa cresce e amea&ccedil;a a ind&uacute;stria t&ecirc;xtil brasileira<\/span><\/a><\/span><\/span><\/span><\/p>\r\n\r\n<p style=\"text-align:justify\"><span style=\"font-size:11pt\"><span style=\"line-height:normal\"><span style=\"font-family:Calibri,sans-serif\"><a href=\"https:\/\/portalpersonalcare.com.br\/mercado-de-fraldas-para-bebes-na-america-latina\/?utm_medium=email&amp;utm_campaign=gdm_mercado_de_fraldas_para_bebes_na_america_latina&amp;utm_source=RD+Station\" style=\"color:blue; text-decoration:underline\"><span style=\"font-size:14.0pt\">Mercado de fraldas para beb&ecirc;s na Am&eacute;rica Latina<\/span><\/a><\/span><\/span><\/span><\/p>\r\n\r\n<p style=\"text-align:justify\"><span style=\"font-size:11pt\"><span style=\"line-height:normal\"><span style=\"font-family:Calibri,sans-serif\"><a href=\"http:\/\/clickemail.portalpersonalcare.com.br\/ls\/click?upn=u001.D2-2F0Tg0A29KXXLMT6ctG-2BYOihdDbc-2ByFrUFb3ZXMT9Q2BPjDgo95pivWgXcX6cmRhIGbzWVJO7mWzLiFAwt7WuS-2Fw0-2FTdJagbR4PETCWcrLCVWY2pkP2R5FVggEqHrNgrW5ADaouhxx5pw-2FFQgeYoBIXFBpVpAY2fp3SWmAgOs29dUDld8muxEChFiNkGbN11mwyk6uL6mAzQ6xF3erru-2BODDpvd5XYZ5e2uVwARfhGJxnccHKBA58x9T6JiHd7Xny7xzaTIDOVoSn9JpX5undYNaEnP-2BT0ULJBNGCM5Kbc2bXdMJFSQk1vskN7qGxlMtMsLgc6NoZL-2FiNKBLdS-2FbPhE4Dc9KiiKfk61YSYLoU1je62epuhDDDqgvIPWcoZTcIJLE-2BIr97ppRS-2BOSa-2FB44sUAOq2KPbxqHoRuZ0LVdU-3DiECm_T7N8BvZTOm04CQQMiyWztrpCjlUrRc4F7QzSgUIpTqDyHxxxhGpyWLohz7JoE2GE5NHlS-2BYZoX1R75Fh8KCze9GvCCb-2FinuNgc39g0Cdbe-2FcU8RlSBQhp5om11AQZQ-2FDSaOujCLE7wOPaYkVjNc4xJcks9nu59iBauNDGKbFCEl46vMoWgyvyMXXpOwH8bi8nsWkmq5wfQ1CvDiFDTto9iE2bIzj94nPwnZM4VHqwoOvW9ujUfxB45NSWDchwG5R6qf1lLbpQrWJWskU0y9UaIG5VM6LlAZV0Wr0na06Wc8Y-2BCsB9jhbdr6jZkyNVavrFNysMERcDZ64QWOKYN8QE9xQjvzFy2SYACLSoPPH8kQMndJVgOxBfALr2K2Jn7EBSV0EG20FtVRoxayaOPZbymewdI5Kj-2FWcyqUwt9FYd-2BJxocoW4FzNoGCmWOIv9caMFSbNrfAEnMOkF0xWUNNeGiizsdL5AZPCkRBmOqxnbJqQ6gapU9oIZaKpg39HlB2iHdcE1PdM4cC0a12auYtW1X6Gy4AxELvTM3A-2BtmQWbcsYTRaECoA6rTV67cObKRSf5DbuY1eLBYDiDhzB2Ho2tAA-2BfTyqg9B1B0rJf8ocHjYGocCxw3X-2BvJX-2FsXBn0KmSDZ-2Bho8k1RqudjFbQP7-2BxzSUzhqVc-2By2ek-2FCoMbeoGmiZRWqqYGCZL-2BvZk3Ovzy0YdGfRATx0w8Vn-2BK8oMQ08a7hgablYbEi0YF-2BYR0m9DYR7RoQFib-2BfirWRSISvewBTYyQw3pGfp4qoZyDUfpUoaQ-3D-3D\" style=\"color:blue; text-decoration:underline\" target=\"_blank\"><span style=\"font-size:14.0pt\">A constru&ccedil;&atilde;o da fralda descart&aacute;vel: engenharia invis&iacute;vel que garante prote&ccedil;&atilde;o, conforto e desempenho<\/span><\/a><\/span><\/span><\/span><\/p>\r\n\r\n<p style=\"text-align:justify\"><span style=\"font-size:11pt\"><span style=\"line-height:normal\"><span style=\"font-family:Calibri,sans-serif\"><a href=\"https:\/\/www.gov.br\/anvisa\/pt-br\/assuntos\/noticias-anvisa\/2025\/anvisa-lanca-nova-ferramenta-para-emitir-certificados-de-dispositivos-medicos\" style=\"color:blue; text-decoration:underline\"><span style=\"font-size:14.0pt\">Anvisa lan&ccedil;a nova ferramenta para emitir certificados de dispositivos m&eacute;dicos<\/span><\/a><\/span><\/span><\/span><\/p>\r\n\r\n<p style=\"text-align:justify\"><span style=\"font-size:11pt\"><span style=\"line-height:normal\"><span style=\"font-family:Calibri,sans-serif\"><a href=\"https:\/\/revistaplasticosul.com.br\/conduta-etica\/semana-kaizen-a-revolucao-silenciosa-que-esta-transformando-a-industria-de-compositos\/?utm_campaign=Pl%C3%A1stico+Sul+News+%23210&amp;utm_content=SEMANA+KAIZEN%3A+A+REVOLU%C3%87%C3%83O+SILENCIOSA+QUE+EST%C3%81+TRANSFORMANDO+A+IND%C3%9ASTRIA+DE+COMP%C3%93SITOS+-+Revista+Pl%C3%A1stico+Sul&amp;utm_medium=email&amp;utm_source=dinamize&amp;utm_term=Pl%C3%A1stico+Sul+News+%23210\" style=\"color:blue; text-decoration:underline\"><span style=\"font-size:14.0pt\">Semana Kaizen: a revolu&ccedil;&atilde;o silenciosa que est&aacute; transformando a Ind&uacute;stria de Comp&oacute;sitos<\/span><\/a><\/span><\/span><\/span><\/p>\r\n\r\n<p style=\"text-align:justify\"><span style=\"font-size:11pt\"><span style=\"line-height:normal\"><span style=\"font-family:Calibri,sans-serif\"><a href=\"https:\/\/revistaplasticosul.com.br\/sustentabilidade\/regulacao-economia-circular-e-experiencias-internacionais-redefinem-o-debate-sobre-a-industria-do-plastico-na-america-latina\/\" style=\"color:blue; text-decoration:underline\"><span style=\"font-size:14.0pt\">Regula&ccedil;&atilde;o, Economia Circular e experi&ecirc;ncias internacionais redefinem o debate sobre a ind&uacute;stria do pl&aacute;stico na Am&eacute;rica Latina<\/span><\/a><\/span><\/span><\/span><\/p>\r\n\r\n<p style=\"text-align:justify\"><span style=\"font-size:11pt\"><span style=\"line-height:normal\"><span style=\"font-family:Calibri,sans-serif\"><a href=\"https:\/\/plasticosemrevista.com.br\/eua-westlake-fecha-plantas-de-pvc-e-estireno\/\" style=\"color:blue; text-decoration:underline\"><span style=\"font-size:14.0pt\">EUA: Westlake fecha plantas de PVC e estireno<\/span><\/a><\/span><\/span><\/span><\/p>\r\n\r\n<p style=\"text-align:justify\"><span style=\"font-size:11pt\"><span style=\"line-height:normal\"><span style=\"font-family:Calibri,sans-serif\"><a href=\"https:\/\/plasticosemrevista.com.br\/polimeros-sabic-vende-ativos-chave-por-us950-m\/\" style=\"color:blue; text-decoration:underline\"><span style=\"font-size:14.0pt\">Pol&iacute;meros: Sabic vende ativos-chave por US$950 M<\/span><\/a><\/span><\/span><\/span><\/p>\r\n\r\n<p style=\"text-align:justify\"><span style=\"font-size:11pt\"><span style=\"line-height:normal\"><span style=\"font-family:Calibri,sans-serif\"><a href=\"https:\/\/plasticosemrevista.com.br\/reino-unido-governo-socorre-cracker-da-ineos\/\" style=\"color:blue; text-decoration:underline\"><span style=\"font-size:14.0pt\">Reino Unido: governo socorre cracker da Ineos<\/span><\/a><\/span><\/span><\/span><\/p>\r\n\r\n<p style=\"text-align:justify\"><span style=\"font-size:11pt\"><span style=\"line-height:normal\"><span style=\"font-family:Calibri,sans-serif\"><a href=\"https:\/\/plasticosemrevista.com.br\/poliamidas-domo-chemicals-pede-recuperacao-judicial-para-seu-maior-complexo-na-europa\/\" style=\"color:blue; text-decoration:underline\"><span style=\"font-size:14.0pt\">Poliamidas: Domo Chemicals pede recupera&ccedil;&atilde;o judicial para seu maior complexo na Europa<\/span><\/a><\/span><\/span><\/span><\/p>\r\n\r\n<p style=\"text-align:justify\"><span style=\"font-size:11pt\"><span style=\"line-height:normal\"><span style=\"font-family:Calibri,sans-serif\"><a href=\"https:\/\/www.innovationintextiles.com\/nonwovens\/pgi-pureflow-to-incorporate-febreze\/\" style=\"color:blue; text-decoration:underline\"><span style=\"font-size:14.0pt\">PGI Pureflow to incorporate Febreze<\/span><\/a><\/span><\/span><\/span><\/p>\r\n\r\n<p style=\"text-align:justify\"><span style=\"font-size:28pt\"><span style=\"font-family:Cambria,serif\"><span style=\"letter-spacing:-0.5pt\"><b><span style=\"font-size:18.0pt\"><span style=\"font-family:&quot;Calibri&quot;,sans-serif\"><span style=\"font-variant:small-caps\">Ind&uacute;stria<\/span><\/span><\/span><\/b><\/span><\/span><\/span><\/p>\r\n\r\n<p style=\"text-align:justify\"><span style=\"font-size:11pt\"><span style=\"line-height:normal\"><span style=\"font-family:Calibri,sans-serif\"><a href=\"https:\/\/jovempan.com.br\/noticias\/economia\/acordo-mercosul-ue-e-risco-para-a-industria-de-transformacao-diz-abimaq.html\" style=\"color:blue; text-decoration:underline\"><span style=\"font-size:14.0pt\">Acordo Mercosul-UE &eacute; risco para a ind&uacute;stria de transforma&ccedil;&atilde;o, diz Abimaq<\/span><\/a><\/span><\/span><\/span><\/p>\r\n\r\n<p style=\"text-align:justify\"><span style=\"font-size:11pt\"><span style=\"line-height:normal\"><span style=\"font-family:Calibri,sans-serif\"><a href=\"https:\/\/exclusivo.com.br\/negocios\/calcadistas-avaliam-2025-como-ano-bastante-desafiador\/?utm_campaign=News+Exclusivo+-+01%2F01%2F2026&amp;utm_content=Cal%C3%A7adistas+avaliam+2025+como+%22ano+bastante+desafiador%22+%7C+Exclusivo&amp;utm_medium=email&amp;utm_source=dinamize&amp;utm_term=News+Exclusivo+-+01%2F01%2F2026\" style=\"color:blue; text-decoration:underline\"><span style=\"font-size:14.0pt\">Cal&ccedil;adistas avaliam 2025 como &ldquo;ano bastante desafiador&rdquo;<\/span><\/a><\/span><\/span><\/span><\/p>\r\n\r\n<p style=\"text-align:justify\"><span style=\"font-size:11pt\"><span style=\"line-height:normal\"><span style=\"font-family:Calibri,sans-serif\"><a href=\"https:\/\/exclusivo.com.br\/negocios\/industria-calcadista-perde-4-mil-postos-de-trabalho-em-um-mes\/?utm_campaign=News+Exclusivo+-+07%2F01%2F2026&amp;utm_content=Ind%C3%BAstria+cal%C3%A7adista+perde+4+mil+postos+de+trabalho+em+um+m%C3%AAs+%7C+Exclusivo&amp;utm_medium=email&amp;utm_source=dinamize&amp;utm_term=News+Exclusivo+-+07%2F01%2F2026\" style=\"color:blue; text-decoration:underline\"><span style=\"font-size:14.0pt\">Ind&uacute;stria cal&ccedil;adista perde 4 mil postos de trabalho em um m&ecirc;s<\/span><\/a><\/span><\/span><\/span><\/p>\r\n\r\n<p style=\"text-align:justify\"><span style=\"font-size:11pt\"><span style=\"line-height:normal\"><span style=\"font-family:Calibri,sans-serif\"><a href=\"https:\/\/share.google\/3zmjBvIHhPHrZndpZ\" style=\"color:blue; text-decoration:underline\"><span style=\"font-size:14.0pt\">Com vendas recordes, pre&ccedil;os agressivos e tecnologia embarcada, montadoras chinesas transformam o Brasil em mercado-chave, superam europeias e americanas, aceleram el&eacute;tricos e h&iacute;bridos e colocam em risco o futuro da ind&uacute;stria automotiva nacional<\/span><\/a><\/span><\/span><\/span><\/p>\r\n\r\n<p style=\"text-align:justify\"><span style=\"font-size:11pt\"><span style=\"line-height:normal\"><span style=\"font-family:Calibri,sans-serif\"><a href=\"https:\/\/share.google\/JRb2PyDyFr2sw6Gz1\" style=\"color:blue; text-decoration:underline\"><span style=\"font-size:14.0pt\">Michelin fecha f&aacute;brica no Brasil, demite 350 de uma vez e admite derrota para produtos asi&aacute;ticos em planta considerada estrat&eacute;gica e ainda em opera&ccedil;&atilde;o at&eacute; dezembro<\/span><\/a><\/span><\/span><\/span><\/p>\r\n\r\n<p style=\"text-align:justify\"><span style=\"font-size:11pt\"><span style=\"line-height:normal\"><span style=\"font-family:Calibri,sans-serif\"><a href=\"https:\/\/portalibre.fgv.br\/system\/files\/2026-01\/quesito-especial-escassez-de-mao-de-obra.pdf\" style=\"color:blue; text-decoration:underline\"><span style=\"font-size:14.0pt\">FGV IBRE | Sondagens Empresariais: Escassez de m&atilde;o de obra<\/span><\/a><\/span><\/span><\/span><\/p>\r\n\r\n<p style=\"text-align:justify\"><span style=\"font-size:11pt\"><span style=\"line-height:normal\"><span style=\"font-family:Calibri,sans-serif\"><a href=\"https:\/\/share.google\/BtlELTcsD02jDcyWx\" style=\"color:blue; text-decoration:underline\"><span style=\"font-size:14.0pt\">Com foco em inova&ccedil;&atilde;o e sustentabilidade, Nova Ind&uacute;stria Brasil acelera reindustrializa&ccedil;&atilde;o do pa&iacute;s<\/span><\/a><\/span><\/span><\/span><\/p>\r\n\r\n<p style=\"text-align:justify\"><span style=\"font-size:11pt\"><span style=\"line-height:normal\"><span style=\"font-family:Calibri,sans-serif\"><a href=\"https:\/\/app.isend.com.br\/iSend\/view\/42F6702CD73AC386567BB0C05B1B1C48DBE466E6C41E2A757670B00521838C46FDF9AF09F0678089\" style=\"color:blue; text-decoration:underline\"><span style=\"font-size:14.0pt\">Brasil Mais Produtivo: apoio t&eacute;cnico para sua empresa evoluir<\/span><\/a><\/span><\/span><\/span><\/p>\r\n\r\n<p style=\"text-align:justify\"><span style=\"font-size:28pt\"><span style=\"font-family:Cambria,serif\"><span style=\"letter-spacing:-0.5pt\"><b><span lang=\"EN-US\" style=\"font-size:18.0pt\"><span style=\"font-family:&quot;Calibri&quot;,sans-serif\"><span style=\"font-variant:small-caps\">Sustentabilidade<\/span><\/span><\/span><\/b><\/span><\/span><\/span><\/p>\r\n\r\n<p style=\"text-align:justify\"><span style=\"font-size:11pt\"><span style=\"line-height:normal\"><span style=\"font-family:Calibri,sans-serif\"><a href=\"https:\/\/www.nonwovens-industry.com\/exclusives\/edana-sustainability-policy-forum-held-in-brussels\/?utm_campaign=NON%20eNewsletter&amp;utm_medium=email&amp;_hsenc=p2ANqtz-8JaJ6oaUC2aXrntiCZyb71TwN3JJoVQ7i26ribZlUTfG1qYZWhHaeHpxHDVOiSMN6jFeM2D8sV3Pmv8srBziKXWbljVg&amp;_hsmi=394961187&amp;utm_content=394961187&amp;utm_source=hs_email\" style=\"color:blue; text-decoration:underline\"><span lang=\"EN-US\" style=\"font-size:14.0pt\">EDANA Sustainability &amp; Policy Forum Held in Brussels<\/span><\/a><\/span><\/span><\/span><\/p>\r\n\r\n<p style=\"text-align:justify\"><span style=\"font-size:11pt\"><span style=\"line-height:normal\"><span style=\"font-family:Calibri,sans-serif\"><a href=\"https:\/\/www.abrafiltros.org.br\/programa-descarte-consciente-abrafiltros-celebra-10-anos-no-espirito-santo-com-64-milhoes-de-filtros-automotivos-reciclados\/\" style=\"color:blue; text-decoration:underline\"><span style=\"font-size:14.0pt\">Programa Descarte Consciente Abrafiltros celebra 10 anos no Esp&iacute;rito Santo com 6,4 milh&otilde;es de filtros automotivos reciclados<\/span><\/a><\/span><\/span><\/span><\/p>\r\n\r\n<p style=\"text-align:justify\"><span style=\"font-size:11pt\"><span style=\"line-height:normal\"><span style=\"font-family:Calibri,sans-serif\"><a href=\"https:\/\/www.leincentivoreciclagem.com.br\/post\/inscricao-projetos-lei-incentivo-reciclagem-2026\" style=\"color:blue; text-decoration:underline\"><span style=\"font-size:14.0pt\">Inscri&ccedil;&atilde;o Projetos Lei de Incentivo &agrave; Reciclagem: Como Participar em 2026<\/span><\/a><\/span><\/span><\/span><\/p>\r\n\r\n<p style=\"text-align:justify\"><span style=\"font-size:11pt\"><span style=\"line-height:normal\"><span style=\"font-family:Calibri,sans-serif\"><a href=\"https:\/\/revistaplasticosul.com.br\/sustentabilidade\/faerch-cirrec-e-tomra-recycling-firmam-parceria-para-impulsionar-a-reciclagem-de-bandejas-alimenticias-pet-de-pos-consumo\/\" style=\"color:blue; text-decoration:underline\"><span style=\"font-size:14.0pt\">Faerch (Cirrec) e Tomra Recycling firmam parceria para impulsionar a reciclagem de bandejas aliment&iacute;cias pet de p&oacute;s-consumo<\/span><\/a><\/span><\/span><\/span><\/p>\r\n\r\n<p style=\"text-align:justify\"><span style=\"font-size:11pt\"><span style=\"line-height:normal\"><span style=\"font-family:Calibri,sans-serif\"><a href=\"https:\/\/textile-network.com\/en\/Business\/Textile-label-Green-Button-set-for-further-development?utm_campaign=EDANA%20General%20Newsletter&amp;utm_medium=email&amp;_hsenc=p2ANqtz-979NzxqvFuXIwf-6JpSgNQ1MdjiVRMEDyedcjX_UugC6xQ3z-O-Nw6klCmlhWKWSE8U-ZLUJxPAxtQr0gJitFkcHv0yg&amp;_hsmi=124183275&amp;utm_content=124183275&amp;utm_source=hs_email\" style=\"color:blue; text-decoration:underline\"><span lang=\"EN-US\" style=\"font-size:14.0pt\">Textile label &ldquo;Green Button&rdquo; set for further development<\/span><\/a><\/span><\/span><\/span><\/p>\r\n\r\n<p style=\"text-align:justify\"><span style=\"font-size:28pt\"><span style=\"font-family:Cambria,serif\"><span style=\"letter-spacing:-0.5pt\"><b><span style=\"font-size:18.0pt\"><span style=\"font-family:&quot;Calibri&quot;,sans-serif\"><span style=\"font-variant:small-caps\">Inova&ccedil;&atilde;o<\/span><\/span><\/span><\/b><\/span><\/span><\/span><\/p>\r\n\r\n<p style=\"text-align:justify\"><span style=\"font-size:11pt\"><span style=\"line-height:normal\"><span style=\"font-family:Calibri,sans-serif\"><a href=\"https:\/\/share.google\/h2lOJ9ItVfStftAuJ\" style=\"color:blue; text-decoration:underline\"><span style=\"font-size:14.0pt\">Com mais de 13 milh&otilde;es de toneladas de folhas descartadas por ano, fibras de abacaxi est&atilde;o virando pratos, tecido semelhante ao couro e entrando na ind&uacute;stria global; a cadeia que transforma res&iacute;duo agr&iacute;cola em material premium<\/span><\/a><\/span><\/span><\/span><\/p>\r\n\r\n<p style=\"text-align:justify\"><span style=\"font-size:11pt\"><span style=\"line-height:normal\"><span style=\"font-family:Calibri,sans-serif\"><a href=\"https:\/\/share.google\/QSge6V0vkUhZayn9P\" style=\"color:blue; text-decoration:underline\"><span style=\"font-size:14.0pt\">Primeira estrada de pl&aacute;stico usa quase 10 toneladas de garrafas PET misturadas com betume em Islamabad no Paquist&atilde;o, mas exp&otilde;e dilema entre inova&ccedil;&atilde;o e riscos<\/span><\/a><\/span><\/span><\/span><\/p>\r\n\r\n<p style=\"text-align:justify\"><span style=\"font-size:11pt\"><span style=\"line-height:normal\"><span style=\"font-family:Calibri,sans-serif\"><a href=\"https:\/\/clickpetroleoegas.com.br\/alemanha-aposta-no-futuro-sustentavel-e-comeca-a-produzir-plasticos-de-alta-performance-para-carros-e-medicina-usando-apenas-lixo-organico-e-restos-de-plantas-flpc96\/\" style=\"color:blue; text-decoration:underline\"><span style=\"font-size:14.0pt\">Alemanha aposta no futuro sustent&aacute;vel e come&ccedil;a a produzir pl&aacute;sticos de alta performance para carros e medicina usando apenas lixo org&acirc;nico e restos de plantas<\/span><\/a><\/span><\/span><\/span><\/p>\r\n\r\n<p style=\"text-align:justify\"><span style=\"font-size:11pt\"><span style=\"line-height:normal\"><span style=\"font-family:Calibri,sans-serif\"><a href=\"https:\/\/share.google\/BDulkRx6PFXJvf5k5\" style=\"color:blue; text-decoration:underline\"><span style=\"font-size:14.0pt\">Montanhas de pl&aacute;stico sujo, antes sem valor e empilhadas em aterros, est&atilde;o virando tijolos estruturais e placas modulares; e o lixo que sufocava cidades agora come&ccedil;a a levantar paredes, muros e ciclovias inteiras<\/span><\/a><\/span><\/span><\/span><\/p>\r\n\r\n<p style=\"text-align:justify\"><span style=\"font-size:11pt\"><span style=\"line-height:normal\"><span style=\"font-family:Calibri,sans-serif\"><a href=\"https:\/\/www.fiberjournal.com\/mycelium-based-biomaterials\/?utm_campaign=EDANA%20General%20Newsletter&amp;utm_medium=email&amp;_hsenc=p2ANqtz-8o-tWGb3Pl-gzzlNUxcjJov6KnaqN1-P7QiGdeuCHdG4yfLWl7ZX5A39r6W_Ifu4-Wo4WkzGH0EGTU74HjlI1d1qrxiA&amp;_hsmi=124183275&amp;utm_content=124183275&amp;utm_source=hs_email\" style=\"color:blue; text-decoration:underline\"><span style=\"font-size:14.0pt\">Mycelium-Based Biomaterials<\/span><\/a><\/span><\/span><\/span><\/p>\r\n\r\n<p style=\"text-align:justify\"><span style=\"font-size:28pt\"><span style=\"font-family:Cambria,serif\"><span style=\"letter-spacing:-0.5pt\"><b><span style=\"font-size:18.0pt\"><span style=\"font-family:&quot;Calibri&quot;,sans-serif\"><span style=\"font-variant:small-caps\">Com&eacute;rcio Exterior<\/span><\/span><\/span><\/b><\/span><\/span><\/span><\/p>\r\n\r\n<p style=\"text-align:justify\"><span style=\"font-size:11pt\"><span style=\"line-height:normal\"><span style=\"font-family:Calibri,sans-serif\"><a href=\"https:\/\/static.portaldaindustria.com.br\/media\/filer_public\/3a\/d9\/3ad974cf-a934-441f-a40b-3f7cad313114\/coeficientesdeaberturacomercial_numero1_2025_v1.pdf\" style=\"color:blue; text-decoration:underline\"><span style=\"font-size:14.0pt\">A participa&ccedil;&atilde;o de bens importados no consumo brasileiro alcan&ccedil;a recorde em 2024<\/span><\/a><\/span><\/span><\/span><\/p>\r\n\r\n<p style=\"text-align:justify\"><span style=\"font-size:11pt\"><span style=\"line-height:normal\"><span style=\"font-family:Calibri,sans-serif\"><a href=\"file:\/\/\/C:\/Users\/Cristiane\/AppData\/Local\/Packages\/5319275A.WhatsAppDesktop_cv1g1gvanyjgm\/LocalState\/sessions\/2B60FAFCEA0905F522C3525581454AA5A8833E37\/transfers\/2026-02\/UE%20aprova%20acordo%20hist\u00f3rico%20com%20o%20Mercosul%20ap\u00f3s%2026%20anos%20de%20negocia\u00e7\u00f5es\" style=\"color:blue; text-decoration:underline\"><span style=\"font-size:14.0pt\">UE aprova acordo hist&oacute;rico com o Mercosul ap&oacute;s 26 anos de negocia&ccedil;&otilde;es<\/span><\/a><\/span><\/span><\/span><\/p>\r\n\r\n<p style=\"text-align:justify\"><span style=\"font-size:11pt\"><span style=\"line-height:normal\"><span style=\"font-family:Calibri,sans-serif\"><a href=\"https:\/\/share.google\/XlV9EfNUZYip9Bqzg\" style=\"color:blue; text-decoration:underline\"><span style=\"font-size:14.0pt\">Acordo com a UE abre margem para pa&iacute;ses da &Aacute;sia, &Iacute;ndia e Oriente M&eacute;dio quererem fazer neg&oacute;cio com Mercosul<\/span><\/a><\/span><\/span><\/span><\/p>\r\n\r\n<p style=\"text-align:justify\"><span style=\"font-size:11pt\"><span style=\"line-height:normal\"><span style=\"font-family:Calibri,sans-serif\"><a href=\"https:\/\/www.fashionatingworld.com\/new1-2\/the-great-sourcing-shuffle-why-tariffs-failed-to-bring-manufacturing-back-to-the-us?utm_campaign=EDANA%20General%20Newsletter&amp;utm_medium=email&amp;_hsenc=p2ANqtz--_03d_RVwxJlGZEEQfQ1of-ZkjV8z3-kKDT9WV1Eoo3rgxBD2XIUKsRyRSc9Vuf-EbLbDb4btQRHOhe0xXzEDXWfH0dw&amp;_hsmi=124183275&amp;utm_content=124183275&amp;utm_source=hs_email\" style=\"color:blue; text-decoration:underline\"><span lang=\"EN-US\" style=\"font-size:14.0pt\">The Great Sourcing Shuffle: Why tariffs failed to bring manufacturing back to the US<\/span><\/a><\/span><\/span><\/span><\/p>\r\n\r\n<p style=\"text-align:justify\"><span style=\"font-size:28pt\"><span style=\"font-family:Cambria,serif\"><span style=\"letter-spacing:-0.5pt\"><b><span style=\"font-size:18.0pt\"><span style=\"font-family:&quot;Calibri&quot;,sans-serif\"><span style=\"font-variant:small-caps\">Economia<\/span><\/span><\/span><\/b><\/span><\/span><\/span><\/p>\r\n\r\n<p style=\"text-align:justify\"><span style=\"font-size:11pt\"><span style=\"line-height:normal\"><span style=\"font-family:Calibri,sans-serif\"><a href=\"https:\/\/www.bcb.gov.br\/content\/focus\/focus\/R20260109.pdf\" style=\"color:blue; text-decoration:underline\"><span style=\"font-size:14.0pt\">Focus - Relat&oacute;rio de Mercado<\/span><\/a><\/span><\/span><\/span><\/p>\r\n\r\n<p style=\"text-align:justify\"><span style=\"font-size:11pt\"><span style=\"line-height:normal\"><span style=\"font-family:Calibri,sans-serif\"><a href=\"https:\/\/www.bcb.gov.br\/content\/controleinflacao\/focusdistribuicoesfrequencia\/P20260105-Focus-Distribuicoes-de-frequencia.pdf\" style=\"color:blue; text-decoration:underline\"><span style=\"font-size:14.0pt\">Focus - Distribui&ccedil;&otilde;es de Frequ&ecirc;ncia das Expectativas de Mercado para IPCA, Selic, PIB e C&acirc;mbio<\/span><\/a><\/span><\/span><\/span><\/p>\r\n\r\n<p style=\"text-align:justify\"><span style=\"font-size:11pt\"><span style=\"line-height:normal\"><span style=\"font-family:Calibri,sans-serif\"><a href=\"https:\/\/www.contabilizei.com.br\/contabilidade-online\/reforma-tributaria-o-que-muda-resumo-e-como-se-preparar-em-2026\/\" style=\"color:blue; text-decoration:underline\"><span style=\"font-size:14.0pt\">Reforma Tribut&aacute;ria o que muda: resumo e como se preparar em 2026<\/span><\/a><\/span><\/span><\/span><\/p>\r\n\r\n<p style=\"text-align:justify\"><img src=\"https:\/\/www.abint.org.br\/assets\/img\/editor\/redes-sociais-abint-ctg-cth_20251205172709SEybvhNLVO.jpg\" \/><\/p>\r\n","6":"<p style=\"text-align:justify\"><span style=\"font-size:11pt\"><span style=\"line-height:normal\"><span style=\"font-family:Calibri,sans-serif\"><span style=\"font-size:14.0pt\">Esta &eacute; uma compila&ccedil;&atilde;o das not&iacute;cias mais relevantes para o setor, incluindo informa&ccedil;&otilde;es sobre acordos internacionais, economia brasileira, sustentabilidade e mat&eacute;rias primas, al&eacute;m de novidades do setor de N&atilde;otecidos e Tecidos T&eacute;cnicos.<\/span><\/span><\/span><\/span><\/p>\r\n\r\n<p style=\"text-align:justify\"><span style=\"font-size:28pt\"><span style=\"font-family:Cambria,serif\"><span style=\"letter-spacing:-0.5pt\"><b><span style=\"font-size:18.0pt\"><span style=\"font-family:&quot;Calibri&quot;,sans-serif\"><span style=\"font-variant:small-caps\">O que vem por a&iacute;<\/span><\/span><\/span><\/b><\/span><\/span><\/span><\/p>\r\n\r\n<p style=\"text-align:justify\"><img src=\"https:\/\/www.abint.org.br\/assets\/img\/editor\/save-the-date-curso-br-instal-gmb-2026-3_20251209171448ohr1eNNv8r.jpg\" style=\"width: 500px; height: 500px;\" \/><\/p>\r\n\r\n<p class=\"MsoTitle\" style=\"text-align:justify\"><span style=\"font-size:28pt\"><span style=\"font-family:Cambria,serif\"><span style=\"letter-spacing:-0.5pt\"><b><span style=\"font-size:18.0pt\"><span style=\"font-family:&quot;Calibri&quot;,sans-serif\"><span style=\"font-variant:small-caps\">Not&iacute;cias das Associadas<\/span><\/span><\/span><\/b><\/span><\/span><\/span><\/p>\r\n\r\n<p style=\"text-align:justify\"><span style=\"font-size:11pt\"><span style=\"line-height:normal\"><span style=\"font-family:Calibri,sans-serif\"><a href=\"https:\/\/www.abctecnologias.com.br\/historias-de-sucesso\/a-tecnologia-de-soldagem-leister-mantem-os-canais-de-bangkok-limpos\/?utm_source=ABC+Tecnologias&amp;utm_campaign=724ea7208a-CAMPANHA_RSS_POSTS_SITE&amp;utm_medium=email&amp;utm_term=0_01821b5e7f-724ea7208a-468976694\" style=\"color:blue; text-decoration:underline\"><span style=\"font-size:14.0pt\">ABC Tecnologias | A Tecnologia de Soldagem Leister Mant&eacute;m os Canais de Bangkok Limpos<\/span><\/a><\/span><\/span><\/span><\/p>\r\n\r\n<p style=\"text-align:justify\"><span style=\"font-size:11pt\"><span style=\"line-height:normal\"><span style=\"font-family:Calibri,sans-serif\"><a href=\"https:\/\/tissueonline.com.br\/andritz-realiza-start-up-da-planta-de-secagem-de-lodo-na-eldorado-brasil-celulose\/\" style=\"color:blue; text-decoration:underline\"><span style=\"font-size:14.0pt\">ANDRITZ realiza start-up da planta de secagem de lodo na Eldorado Brasil Celulose<\/span><\/a><\/span><\/span><\/span><\/p>\r\n\r\n<p style=\"text-align:justify\"><span style=\"font-size:11pt\"><span style=\"line-height:normal\"><span style=\"font-family:Calibri,sans-serif\"><a href=\"https:\/\/www.nonwovens-industry.com\/breaking-news\/fibertex-personal-care-technology-offers-inline-application-of-wetness-indicators\/?utm_campaign=NON%20eNewsletter&amp;utm_medium=email&amp;_hsenc=p2ANqtz-_CfNY5KMKcOEsxR5dZRdDRuGbalNuMFpBkK9UILwLKpCGDpIn3Va_Zgaa9hJnBFztW8ylq-BfTzj49_3rGY3DTM-CRzQ&amp;_hsmi=394961187&amp;utm_content=394961187&amp;utm_source=hs_email\" style=\"color:blue; text-decoration:underline\"><span lang=\"EN-US\" style=\"font-size:14.0pt\">Fibertex Personal Care Technology Offers Inline Application of Wetness Indicators<\/span><\/a><\/span><\/span><\/span><\/p>\r\n\r\n<p style=\"text-align:justify\"><span style=\"font-size:11pt\"><span style=\"line-height:normal\"><span style=\"font-family:Calibri,sans-serif\"><a href=\"https:\/\/www.innovationintextiles.com\/technology-machinery-equipment\/trtzschler-cylinder-wires-boost-efficiency\/\" style=\"color:blue; text-decoration:underline\"><span lang=\"EN-US\" style=\"font-size:14.0pt\">Tr&uuml;tzschler cylinder wires boost efficiency<\/span><\/a><\/span><\/span><\/span><\/p>\r\n\r\n<p style=\"text-align:justify\"><span style=\"font-size:11pt\"><span style=\"line-height:normal\"><span style=\"font-family:Calibri,sans-serif\"><b><span lang=\"EN-US\" style=\"font-size:18.0pt\"><span style=\"font-variant:small-caps\">Eventos<\/span><\/span><\/b><\/span><\/span><\/span><\/p>\r\n\r\n<p style=\"text-align:justify\"><span style=\"font-size:11pt\"><span style=\"line-height:normal\"><span style=\"font-family:Calibri,sans-serif\"><a href=\"https:\/\/www.caf.com\/pt\/especiales\/forum-econ%C3%B4mico-internacional-america-latina-e-caribe-2026\/#msdynmkt_trackingcontext=fa3f1185-da04-4db1-887e-2719db160000\" style=\"color:blue; text-decoration:underline\"><b><span style=\"font-size:14.0pt\">Miss&atilde;o Empresarial ao F&oacute;rum Econ&ocirc;mico Internacional ALC<\/span><\/b><\/a><span style=\"font-size:14.0pt\">, 27 a 30 de janeiro de 2026, na Cidade do Panam&aacute;.<\/span><\/span><\/span><\/span><\/p>\r\n\r\n<p style=\"text-align:justify\"><span style=\"font-size:11pt\"><span style=\"line-height:normal\"><span style=\"font-family:Calibri,sans-serif\"><a href=\"https:\/\/abrava.com.br\/compromissos\/abrava-de-portas-abertas-2\/?utm_medium=email&amp;utm_campaign=inscreva-se__abrava_de_portas_abertas&amp;utm_source=RD+Station\" style=\"color:blue; text-decoration:underline\"><b><span style=\"font-size:14.0pt\">ABRAVA de Portas Abertas<\/span><\/b><\/a><span style=\"font-size:14.0pt\">, 29 de janeiro de 2026, das 08h30 &agrave;s 12h00, evento h&iacute;brido<\/span><\/span><\/span><\/span><\/p>\r\n\r\n<p style=\"text-align:justify\"><span style=\"font-size:11pt\"><span style=\"line-height:normal\"><span style=\"font-family:Calibri,sans-serif\"><a href=\"https:\/\/events.economist.com\/sustainability-week\/?RefID=EM13A-WhatsNew-Del_email-owned_MA00007195\" style=\"color:blue; text-decoration:underline\"><b><span lang=\"EN-US\" style=\"font-size:14.0pt\">11th annual Sustainability Week | Incorporating the 3rd annual Energy Transition Summit<\/span><\/b><\/a><span lang=\"EN-US\" style=\"font-size:14.0pt\">, March 2nd &ndash; 4th 2026, Intercontinental London &ndash; the O2<\/span><\/span><\/span><\/span><\/p>\r\n\r\n<p style=\"text-align:justify\"><span style=\"font-size:11pt\"><span style=\"line-height:normal\"><span style=\"font-family:Calibri,sans-serif\"><a href=\"https:\/\/www.worldofwipes.org\/\" style=\"color:blue; text-decoration:underline\"><b><span lang=\"EN-US\" style=\"font-size:14.0pt\">INDA | WOW - World of Wipes International Conference<\/span><\/b><\/a><span lang=\"EN-US\" style=\"font-size:14.0pt\">, June 29&ndash;July 2, 2026, Grand Hyatt Nashville, Nashville, Tennessee USA<\/span><\/span><\/span><\/span><\/p>\r\n\r\n<p style=\"text-align:justify\"><span style=\"font-size:11pt\"><span style=\"line-height:normal\"><span style=\"font-family:Calibri,sans-serif\"><a href=\"https:\/\/filtech.de\/\" style=\"color:blue; text-decoration:underline\"><b><span style=\"font-size:14.0pt\">Filtech 2026<\/span><\/b><\/a><span style=\"font-size:14.0pt\">, de 30 de junho a 2 de julho, Cologne, Alemanha<\/span><\/span><\/span><\/span><\/p>\r\n\r\n<p style=\"text-align:justify\"><span style=\"font-size:11pt\"><span style=\"line-height:normal\"><span style=\"font-family:Calibri,sans-serif\"><a href=\"https:\/\/www.formobile.com.br\/pt\/home.html\" style=\"color:blue; text-decoration:underline\"><b><span style=\"font-size:14.0pt\">ForM&oacute;bile 2026<\/span><\/b><\/a><span style=\"font-size:14.0pt\">, 30 de junho e 3 de julho de 2026, S&atilde;o Paulo Expo<\/span><\/span><\/span><\/span><\/p>\r\n\r\n<p style=\"text-align:justify\"><span style=\"font-size:11pt\"><span style=\"line-height:normal\"><span style=\"font-family:Calibri,sans-serif\"><a href=\"https:\/\/sienge.com.br\/construsummit\/\" style=\"color:blue; text-decoration:underline\"><b><span style=\"font-size:14.0pt\">Construsummit<\/span><\/b><\/a><span style=\"font-size:14.0pt\">, 1 e 2 de julho de 2026, Florian&oacute;polis, SC<\/span><\/span><\/span><\/span><\/p>\r\n\r\n<p style=\"text-align:justify\"><span style=\"font-size:11pt\"><span style=\"line-height:normal\"><span style=\"font-family:Calibri,sans-serif\"><a href=\"https:\/\/ficons.com.br\/\" style=\"color:blue; text-decoration:underline\"><b><span style=\"font-size:14.0pt\">FICONS - Feira Internacional de Materiais, Equipamentos e Servi&ccedil;os da Constru&ccedil;&atilde;o<\/span><\/b><\/a><span style=\"font-size:14.0pt\">, 15 a 18 de setembro de 2026, Centro de Conven&ccedil;&otilde;es de Pernambuco Recife\/ Olinda<\/span><\/span><\/span><\/span><\/p>\r\n\r\n<p style=\"text-align:justify\"><span style=\"font-size:11pt\"><span style=\"line-height:normal\"><span style=\"font-family:Calibri,sans-serif\"><a href=\"https:\/\/www.edana.org\/events\/outlook\/outlook-2025\" style=\"color:blue; text-decoration:underline\"><b><span style=\"font-size:14.0pt\">OUTLOOK&trade; 2026<\/span><\/b><\/a><span style=\"font-size:14.0pt\">, 22&ndash;24 September 2026, Hotel Miragem, Cascais, Portugal<\/span><\/span><\/span><\/span><\/p>\r\n\r\n<p style=\"text-align:justify\"><span style=\"font-size:11pt\"><span style=\"line-height:normal\"><span style=\"font-family:Calibri,sans-serif\"><a href=\"https:\/\/hospitalmed.com.br\/feira\/\" style=\"color:blue; text-decoration:underline\"><b><span style=\"font-size:14.0pt\">HospitalMed<\/span><\/b><\/a><span style=\"font-size:14.0pt\">, 21 a 23 de outubro de 2026, das 14h &agrave;s 20h, Pernambuco Centro de Conven&ccedil;&otilde;es, Olinda<\/span><\/span><\/span><\/span><\/p>\r\n\r\n<p style=\"text-align:justify\"><span style=\"font-size:28pt\"><span style=\"font-family:Cambria,serif\"><span style=\"letter-spacing:-0.5pt\"><b><span style=\"font-size:18.0pt\"><span style=\"font-family:&quot;Calibri&quot;,sans-serif\"><span style=\"font-variant:small-caps\">Setor<\/span><\/span><\/span><\/b><\/span><\/span><\/span><\/p>\r\n\r\n<p style=\"text-align:justify\"><span style=\"font-size:11pt\"><span style=\"line-height:normal\"><span style=\"font-family:Calibri,sans-serif\"><a href=\"https:\/\/share.google\/z2tclNr8xgjsRXc20\" style=\"color:blue; text-decoration:underline\"><span style=\"font-size:14.0pt\">Concorr&ecirc;ncia chinesa cresce e amea&ccedil;a a ind&uacute;stria t&ecirc;xtil brasileira<\/span><\/a><\/span><\/span><\/span><\/p>\r\n\r\n<p style=\"text-align:justify\"><span style=\"font-size:11pt\"><span style=\"line-height:normal\"><span style=\"font-family:Calibri,sans-serif\"><a href=\"https:\/\/portalpersonalcare.com.br\/mercado-de-fraldas-para-bebes-na-america-latina\/?utm_medium=email&amp;utm_campaign=gdm_mercado_de_fraldas_para_bebes_na_america_latina&amp;utm_source=RD+Station\" style=\"color:blue; text-decoration:underline\"><span style=\"font-size:14.0pt\">Mercado de fraldas para beb&ecirc;s na Am&eacute;rica Latina<\/span><\/a><\/span><\/span><\/span><\/p>\r\n\r\n<p style=\"text-align:justify\"><span style=\"font-size:11pt\"><span style=\"line-height:normal\"><span style=\"font-family:Calibri,sans-serif\"><a href=\"http:\/\/clickemail.portalpersonalcare.com.br\/ls\/click?upn=u001.D2-2F0Tg0A29KXXLMT6ctG-2BYOihdDbc-2ByFrUFb3ZXMT9Q2BPjDgo95pivWgXcX6cmRhIGbzWVJO7mWzLiFAwt7WuS-2Fw0-2FTdJagbR4PETCWcrLCVWY2pkP2R5FVggEqHrNgrW5ADaouhxx5pw-2FFQgeYoBIXFBpVpAY2fp3SWmAgOs29dUDld8muxEChFiNkGbN11mwyk6uL6mAzQ6xF3erru-2BODDpvd5XYZ5e2uVwARfhGJxnccHKBA58x9T6JiHd7Xny7xzaTIDOVoSn9JpX5undYNaEnP-2BT0ULJBNGCM5Kbc2bXdMJFSQk1vskN7qGxlMtMsLgc6NoZL-2FiNKBLdS-2FbPhE4Dc9KiiKfk61YSYLoU1je62epuhDDDqgvIPWcoZTcIJLE-2BIr97ppRS-2BOSa-2FB44sUAOq2KPbxqHoRuZ0LVdU-3DiECm_T7N8BvZTOm04CQQMiyWztrpCjlUrRc4F7QzSgUIpTqDyHxxxhGpyWLohz7JoE2GE5NHlS-2BYZoX1R75Fh8KCze9GvCCb-2FinuNgc39g0Cdbe-2FcU8RlSBQhp5om11AQZQ-2FDSaOujCLE7wOPaYkVjNc4xJcks9nu59iBauNDGKbFCEl46vMoWgyvyMXXpOwH8bi8nsWkmq5wfQ1CvDiFDTto9iE2bIzj94nPwnZM4VHqwoOvW9ujUfxB45NSWDchwG5R6qf1lLbpQrWJWskU0y9UaIG5VM6LlAZV0Wr0na06Wc8Y-2BCsB9jhbdr6jZkyNVavrFNysMERcDZ64QWOKYN8QE9xQjvzFy2SYACLSoPPH8kQMndJVgOxBfALr2K2Jn7EBSV0EG20FtVRoxayaOPZbymewdI5Kj-2FWcyqUwt9FYd-2BJxocoW4FzNoGCmWOIv9caMFSbNrfAEnMOkF0xWUNNeGiizsdL5AZPCkRBmOqxnbJqQ6gapU9oIZaKpg39HlB2iHdcE1PdM4cC0a12auYtW1X6Gy4AxELvTM3A-2BtmQWbcsYTRaECoA6rTV67cObKRSf5DbuY1eLBYDiDhzB2Ho2tAA-2BfTyqg9B1B0rJf8ocHjYGocCxw3X-2BvJX-2FsXBn0KmSDZ-2Bho8k1RqudjFbQP7-2BxzSUzhqVc-2By2ek-2FCoMbeoGmiZRWqqYGCZL-2BvZk3Ovzy0YdGfRATx0w8Vn-2BK8oMQ08a7hgablYbEi0YF-2BYR0m9DYR7RoQFib-2BfirWRSISvewBTYyQw3pGfp4qoZyDUfpUoaQ-3D-3D\" style=\"color:blue; text-decoration:underline\" target=\"_blank\"><span style=\"font-size:14.0pt\">A constru&ccedil;&atilde;o da fralda descart&aacute;vel: engenharia invis&iacute;vel que garante prote&ccedil;&atilde;o, conforto e desempenho<\/span><\/a><\/span><\/span><\/span><\/p>\r\n\r\n<p style=\"text-align:justify\"><span style=\"font-size:11pt\"><span style=\"line-height:normal\"><span style=\"font-family:Calibri,sans-serif\"><a href=\"https:\/\/www.gov.br\/anvisa\/pt-br\/assuntos\/noticias-anvisa\/2025\/anvisa-lanca-nova-ferramenta-para-emitir-certificados-de-dispositivos-medicos\" style=\"color:blue; text-decoration:underline\"><span style=\"font-size:14.0pt\">Anvisa lan&ccedil;a nova ferramenta para emitir certificados de dispositivos m&eacute;dicos<\/span><\/a><\/span><\/span><\/span><\/p>\r\n\r\n<p style=\"text-align:justify\"><span style=\"font-size:11pt\"><span style=\"line-height:normal\"><span style=\"font-family:Calibri,sans-serif\"><a href=\"https:\/\/revistaplasticosul.com.br\/conduta-etica\/semana-kaizen-a-revolucao-silenciosa-que-esta-transformando-a-industria-de-compositos\/?utm_campaign=Pl%C3%A1stico+Sul+News+%23210&amp;utm_content=SEMANA+KAIZEN%3A+A+REVOLU%C3%87%C3%83O+SILENCIOSA+QUE+EST%C3%81+TRANSFORMANDO+A+IND%C3%9ASTRIA+DE+COMP%C3%93SITOS+-+Revista+Pl%C3%A1stico+Sul&amp;utm_medium=email&amp;utm_source=dinamize&amp;utm_term=Pl%C3%A1stico+Sul+News+%23210\" style=\"color:blue; text-decoration:underline\"><span style=\"font-size:14.0pt\">Semana Kaizen: a revolu&ccedil;&atilde;o silenciosa que est&aacute; transformando a Ind&uacute;stria de Comp&oacute;sitos<\/span><\/a><\/span><\/span><\/span><\/p>\r\n\r\n<p style=\"text-align:justify\"><span style=\"font-size:11pt\"><span style=\"line-height:normal\"><span style=\"font-family:Calibri,sans-serif\"><a href=\"https:\/\/revistaplasticosul.com.br\/sustentabilidade\/regulacao-economia-circular-e-experiencias-internacionais-redefinem-o-debate-sobre-a-industria-do-plastico-na-america-latina\/\" style=\"color:blue; text-decoration:underline\"><span style=\"font-size:14.0pt\">Regula&ccedil;&atilde;o, Economia Circular e experi&ecirc;ncias internacionais redefinem o debate sobre a ind&uacute;stria do pl&aacute;stico na Am&eacute;rica Latina<\/span><\/a><\/span><\/span><\/span><\/p>\r\n\r\n<p style=\"text-align:justify\"><span style=\"font-size:11pt\"><span style=\"line-height:normal\"><span style=\"font-family:Calibri,sans-serif\"><a href=\"https:\/\/plasticosemrevista.com.br\/eua-westlake-fecha-plantas-de-pvc-e-estireno\/\" style=\"color:blue; text-decoration:underline\"><span style=\"font-size:14.0pt\">EUA: Westlake fecha plantas de PVC e estireno<\/span><\/a><\/span><\/span><\/span><\/p>\r\n\r\n<p style=\"text-align:justify\"><span style=\"font-size:11pt\"><span style=\"line-height:normal\"><span style=\"font-family:Calibri,sans-serif\"><a href=\"https:\/\/plasticosemrevista.com.br\/polimeros-sabic-vende-ativos-chave-por-us950-m\/\" style=\"color:blue; text-decoration:underline\"><span style=\"font-size:14.0pt\">Pol&iacute;meros: Sabic vende ativos-chave por US$950 M<\/span><\/a><\/span><\/span><\/span><\/p>\r\n\r\n<p style=\"text-align:justify\"><span style=\"font-size:11pt\"><span style=\"line-height:normal\"><span style=\"font-family:Calibri,sans-serif\"><a href=\"https:\/\/plasticosemrevista.com.br\/reino-unido-governo-socorre-cracker-da-ineos\/\" style=\"color:blue; text-decoration:underline\"><span style=\"font-size:14.0pt\">Reino Unido: governo socorre cracker da Ineos<\/span><\/a><\/span><\/span><\/span><\/p>\r\n\r\n<p style=\"text-align:justify\"><span style=\"font-size:11pt\"><span style=\"line-height:normal\"><span style=\"font-family:Calibri,sans-serif\"><a href=\"https:\/\/plasticosemrevista.com.br\/poliamidas-domo-chemicals-pede-recuperacao-judicial-para-seu-maior-complexo-na-europa\/\" style=\"color:blue; text-decoration:underline\"><span style=\"font-size:14.0pt\">Poliamidas: Domo Chemicals pede recupera&ccedil;&atilde;o judicial para seu maior complexo na Europa<\/span><\/a><\/span><\/span><\/span><\/p>\r\n\r\n<p style=\"text-align:justify\"><span style=\"font-size:11pt\"><span style=\"line-height:normal\"><span style=\"font-family:Calibri,sans-serif\"><a href=\"https:\/\/www.innovationintextiles.com\/nonwovens\/pgi-pureflow-to-incorporate-febreze\/\" style=\"color:blue; text-decoration:underline\"><span style=\"font-size:14.0pt\">PGI Pureflow to incorporate Febreze<\/span><\/a><\/span><\/span><\/span><\/p>\r\n\r\n<p style=\"text-align:justify\"><span style=\"font-size:28pt\"><span style=\"font-family:Cambria,serif\"><span style=\"letter-spacing:-0.5pt\"><b><span style=\"font-size:18.0pt\"><span style=\"font-family:&quot;Calibri&quot;,sans-serif\"><span style=\"font-variant:small-caps\">Ind&uacute;stria<\/span><\/span><\/span><\/b><\/span><\/span><\/span><\/p>\r\n\r\n<p style=\"text-align:justify\"><span style=\"font-size:11pt\"><span style=\"line-height:normal\"><span style=\"font-family:Calibri,sans-serif\"><a href=\"https:\/\/jovempan.com.br\/noticias\/economia\/acordo-mercosul-ue-e-risco-para-a-industria-de-transformacao-diz-abimaq.html\" style=\"color:blue; text-decoration:underline\"><span style=\"font-size:14.0pt\">Acordo Mercosul-UE &eacute; risco para a ind&uacute;stria de transforma&ccedil;&atilde;o, diz Abimaq<\/span><\/a><\/span><\/span><\/span><\/p>\r\n\r\n<p style=\"text-align:justify\"><span style=\"font-size:11pt\"><span style=\"line-height:normal\"><span style=\"font-family:Calibri,sans-serif\"><a href=\"https:\/\/exclusivo.com.br\/negocios\/calcadistas-avaliam-2025-como-ano-bastante-desafiador\/?utm_campaign=News+Exclusivo+-+01%2F01%2F2026&amp;utm_content=Cal%C3%A7adistas+avaliam+2025+como+%22ano+bastante+desafiador%22+%7C+Exclusivo&amp;utm_medium=email&amp;utm_source=dinamize&amp;utm_term=News+Exclusivo+-+01%2F01%2F2026\" style=\"color:blue; text-decoration:underline\"><span style=\"font-size:14.0pt\">Cal&ccedil;adistas avaliam 2025 como &ldquo;ano bastante desafiador&rdquo;<\/span><\/a><\/span><\/span><\/span><\/p>\r\n\r\n<p style=\"text-align:justify\"><span style=\"font-size:11pt\"><span style=\"line-height:normal\"><span style=\"font-family:Calibri,sans-serif\"><a href=\"https:\/\/exclusivo.com.br\/negocios\/industria-calcadista-perde-4-mil-postos-de-trabalho-em-um-mes\/?utm_campaign=News+Exclusivo+-+07%2F01%2F2026&amp;utm_content=Ind%C3%BAstria+cal%C3%A7adista+perde+4+mil+postos+de+trabalho+em+um+m%C3%AAs+%7C+Exclusivo&amp;utm_medium=email&amp;utm_source=dinamize&amp;utm_term=News+Exclusivo+-+07%2F01%2F2026\" style=\"color:blue; text-decoration:underline\"><span style=\"font-size:14.0pt\">Ind&uacute;stria cal&ccedil;adista perde 4 mil postos de trabalho em um m&ecirc;s<\/span><\/a><\/span><\/span><\/span><\/p>\r\n\r\n<p style=\"text-align:justify\"><span style=\"font-size:11pt\"><span style=\"line-height:normal\"><span style=\"font-family:Calibri,sans-serif\"><a href=\"https:\/\/share.google\/3zmjBvIHhPHrZndpZ\" style=\"color:blue; text-decoration:underline\"><span style=\"font-size:14.0pt\">Com vendas recordes, pre&ccedil;os agressivos e tecnologia embarcada, montadoras chinesas transformam o Brasil em mercado-chave, superam europeias e americanas, aceleram el&eacute;tricos e h&iacute;bridos e colocam em risco o futuro da ind&uacute;stria automotiva nacional<\/span><\/a><\/span><\/span><\/span><\/p>\r\n\r\n<p style=\"text-align:justify\"><span style=\"font-size:11pt\"><span style=\"line-height:normal\"><span style=\"font-family:Calibri,sans-serif\"><a href=\"https:\/\/share.google\/JRb2PyDyFr2sw6Gz1\" style=\"color:blue; text-decoration:underline\"><span style=\"font-size:14.0pt\">Michelin fecha f&aacute;brica no Brasil, demite 350 de uma vez e admite derrota para produtos asi&aacute;ticos em planta considerada estrat&eacute;gica e ainda em opera&ccedil;&atilde;o at&eacute; dezembro<\/span><\/a><\/span><\/span><\/span><\/p>\r\n\r\n<p style=\"text-align:justify\"><span style=\"font-size:11pt\"><span style=\"line-height:normal\"><span style=\"font-family:Calibri,sans-serif\"><a href=\"https:\/\/portalibre.fgv.br\/system\/files\/2026-01\/quesito-especial-escassez-de-mao-de-obra.pdf\" style=\"color:blue; text-decoration:underline\"><span style=\"font-size:14.0pt\">FGV IBRE | Sondagens Empresariais: Escassez de m&atilde;o de obra<\/span><\/a><\/span><\/span><\/span><\/p>\r\n\r\n<p style=\"text-align:justify\"><span style=\"font-size:11pt\"><span style=\"line-height:normal\"><span style=\"font-family:Calibri,sans-serif\"><a href=\"https:\/\/share.google\/BtlELTcsD02jDcyWx\" style=\"color:blue; text-decoration:underline\"><span style=\"font-size:14.0pt\">Com foco em inova&ccedil;&atilde;o e sustentabilidade, Nova Ind&uacute;stria Brasil acelera reindustrializa&ccedil;&atilde;o do pa&iacute;s<\/span><\/a><\/span><\/span><\/span><\/p>\r\n\r\n<p style=\"text-align:justify\"><span style=\"font-size:11pt\"><span style=\"line-height:normal\"><span style=\"font-family:Calibri,sans-serif\"><a href=\"https:\/\/app.isend.com.br\/iSend\/view\/42F6702CD73AC386567BB0C05B1B1C48DBE466E6C41E2A757670B00521838C46FDF9AF09F0678089\" style=\"color:blue; text-decoration:underline\"><span style=\"font-size:14.0pt\">Brasil Mais Produtivo: apoio t&eacute;cnico para sua empresa evoluir<\/span><\/a><\/span><\/span><\/span><\/p>\r\n\r\n<p style=\"text-align:justify\"><span style=\"font-size:28pt\"><span style=\"font-family:Cambria,serif\"><span style=\"letter-spacing:-0.5pt\"><b><span lang=\"EN-US\" style=\"font-size:18.0pt\"><span style=\"font-family:&quot;Calibri&quot;,sans-serif\"><span style=\"font-variant:small-caps\">Sustentabilidade<\/span><\/span><\/span><\/b><\/span><\/span><\/span><\/p>\r\n\r\n<p style=\"text-align:justify\"><span style=\"font-size:11pt\"><span style=\"line-height:normal\"><span style=\"font-family:Calibri,sans-serif\"><a href=\"https:\/\/www.nonwovens-industry.com\/exclusives\/edana-sustainability-policy-forum-held-in-brussels\/?utm_campaign=NON%20eNewsletter&amp;utm_medium=email&amp;_hsenc=p2ANqtz-8JaJ6oaUC2aXrntiCZyb71TwN3JJoVQ7i26ribZlUTfG1qYZWhHaeHpxHDVOiSMN6jFeM2D8sV3Pmv8srBziKXWbljVg&amp;_hsmi=394961187&amp;utm_content=394961187&amp;utm_source=hs_email\" style=\"color:blue; text-decoration:underline\"><span lang=\"EN-US\" style=\"font-size:14.0pt\">EDANA Sustainability &amp; Policy Forum Held in Brussels<\/span><\/a><\/span><\/span><\/span><\/p>\r\n\r\n<p style=\"text-align:justify\"><span style=\"font-size:11pt\"><span style=\"line-height:normal\"><span style=\"font-family:Calibri,sans-serif\"><a href=\"https:\/\/www.abrafiltros.org.br\/programa-descarte-consciente-abrafiltros-celebra-10-anos-no-espirito-santo-com-64-milhoes-de-filtros-automotivos-reciclados\/\" style=\"color:blue; text-decoration:underline\"><span style=\"font-size:14.0pt\">Programa Descarte Consciente Abrafiltros celebra 10 anos no Esp&iacute;rito Santo com 6,4 milh&otilde;es de filtros automotivos reciclados<\/span><\/a><\/span><\/span><\/span><\/p>\r\n\r\n<p style=\"text-align:justify\"><span style=\"font-size:11pt\"><span style=\"line-height:normal\"><span style=\"font-family:Calibri,sans-serif\"><a href=\"https:\/\/www.leincentivoreciclagem.com.br\/post\/inscricao-projetos-lei-incentivo-reciclagem-2026\" style=\"color:blue; text-decoration:underline\"><span style=\"font-size:14.0pt\">Inscri&ccedil;&atilde;o Projetos Lei de Incentivo &agrave; Reciclagem: Como Participar em 2026<\/span><\/a><\/span><\/span><\/span><\/p>\r\n\r\n<p style=\"text-align:justify\"><span style=\"font-size:11pt\"><span style=\"line-height:normal\"><span style=\"font-family:Calibri,sans-serif\"><a href=\"https:\/\/revistaplasticosul.com.br\/sustentabilidade\/faerch-cirrec-e-tomra-recycling-firmam-parceria-para-impulsionar-a-reciclagem-de-bandejas-alimenticias-pet-de-pos-consumo\/\" style=\"color:blue; text-decoration:underline\"><span style=\"font-size:14.0pt\">Faerch (Cirrec) e Tomra Recycling firmam parceria para impulsionar a reciclagem de bandejas aliment&iacute;cias pet de p&oacute;s-consumo<\/span><\/a><\/span><\/span><\/span><\/p>\r\n\r\n<p style=\"text-align:justify\"><span style=\"font-size:11pt\"><span style=\"line-height:normal\"><span style=\"font-family:Calibri,sans-serif\"><a href=\"https:\/\/textile-network.com\/en\/Business\/Textile-label-Green-Button-set-for-further-development?utm_campaign=EDANA%20General%20Newsletter&amp;utm_medium=email&amp;_hsenc=p2ANqtz-979NzxqvFuXIwf-6JpSgNQ1MdjiVRMEDyedcjX_UugC6xQ3z-O-Nw6klCmlhWKWSE8U-ZLUJxPAxtQr0gJitFkcHv0yg&amp;_hsmi=124183275&amp;utm_content=124183275&amp;utm_source=hs_email\" style=\"color:blue; text-decoration:underline\"><span lang=\"EN-US\" style=\"font-size:14.0pt\">Textile label &ldquo;Green Button&rdquo; set for further development<\/span><\/a><\/span><\/span><\/span><\/p>\r\n\r\n<p style=\"text-align:justify\"><span style=\"font-size:28pt\"><span style=\"font-family:Cambria,serif\"><span style=\"letter-spacing:-0.5pt\"><b><span style=\"font-size:18.0pt\"><span style=\"font-family:&quot;Calibri&quot;,sans-serif\"><span style=\"font-variant:small-caps\">Inova&ccedil;&atilde;o<\/span><\/span><\/span><\/b><\/span><\/span><\/span><\/p>\r\n\r\n<p style=\"text-align:justify\"><span style=\"font-size:11pt\"><span style=\"line-height:normal\"><span style=\"font-family:Calibri,sans-serif\"><a href=\"https:\/\/share.google\/h2lOJ9ItVfStftAuJ\" style=\"color:blue; text-decoration:underline\"><span style=\"font-size:14.0pt\">Com mais de 13 milh&otilde;es de toneladas de folhas descartadas por ano, fibras de abacaxi est&atilde;o virando pratos, tecido semelhante ao couro e entrando na ind&uacute;stria global; a cadeia que transforma res&iacute;duo agr&iacute;cola em material premium<\/span><\/a><\/span><\/span><\/span><\/p>\r\n\r\n<p style=\"text-align:justify\"><span style=\"font-size:11pt\"><span style=\"line-height:normal\"><span style=\"font-family:Calibri,sans-serif\"><a href=\"https:\/\/share.google\/QSge6V0vkUhZayn9P\" style=\"color:blue; text-decoration:underline\"><span style=\"font-size:14.0pt\">Primeira estrada de pl&aacute;stico usa quase 10 toneladas de garrafas PET misturadas com betume em Islamabad no Paquist&atilde;o, mas exp&otilde;e dilema entre inova&ccedil;&atilde;o e riscos<\/span><\/a><\/span><\/span><\/span><\/p>\r\n\r\n<p style=\"text-align:justify\"><span style=\"font-size:11pt\"><span style=\"line-height:normal\"><span style=\"font-family:Calibri,sans-serif\"><a href=\"https:\/\/clickpetroleoegas.com.br\/alemanha-aposta-no-futuro-sustentavel-e-comeca-a-produzir-plasticos-de-alta-performance-para-carros-e-medicina-usando-apenas-lixo-organico-e-restos-de-plantas-flpc96\/\" style=\"color:blue; text-decoration:underline\"><span style=\"font-size:14.0pt\">Alemanha aposta no futuro sustent&aacute;vel e come&ccedil;a a produzir pl&aacute;sticos de alta performance para carros e medicina usando apenas lixo org&acirc;nico e restos de plantas<\/span><\/a><\/span><\/span><\/span><\/p>\r\n\r\n<p style=\"text-align:justify\"><span style=\"font-size:11pt\"><span style=\"line-height:normal\"><span style=\"font-family:Calibri,sans-serif\"><a href=\"https:\/\/share.google\/BDulkRx6PFXJvf5k5\" style=\"color:blue; text-decoration:underline\"><span style=\"font-size:14.0pt\">Montanhas de pl&aacute;stico sujo, antes sem valor e empilhadas em aterros, est&atilde;o virando tijolos estruturais e placas modulares; e o lixo que sufocava cidades agora come&ccedil;a a levantar paredes, muros e ciclovias inteiras<\/span><\/a><\/span><\/span><\/span><\/p>\r\n\r\n<p style=\"text-align:justify\"><span style=\"font-size:11pt\"><span style=\"line-height:normal\"><span style=\"font-family:Calibri,sans-serif\"><a href=\"https:\/\/www.fiberjournal.com\/mycelium-based-biomaterials\/?utm_campaign=EDANA%20General%20Newsletter&amp;utm_medium=email&amp;_hsenc=p2ANqtz-8o-tWGb3Pl-gzzlNUxcjJov6KnaqN1-P7QiGdeuCHdG4yfLWl7ZX5A39r6W_Ifu4-Wo4WkzGH0EGTU74HjlI1d1qrxiA&amp;_hsmi=124183275&amp;utm_content=124183275&amp;utm_source=hs_email\" style=\"color:blue; text-decoration:underline\"><span style=\"font-size:14.0pt\">Mycelium-Based Biomaterials<\/span><\/a><\/span><\/span><\/span><\/p>\r\n\r\n<p style=\"text-align:justify\"><span style=\"font-size:28pt\"><span style=\"font-family:Cambria,serif\"><span style=\"letter-spacing:-0.5pt\"><b><span style=\"font-size:18.0pt\"><span style=\"font-family:&quot;Calibri&quot;,sans-serif\"><span style=\"font-variant:small-caps\">Com&eacute;rcio Exterior<\/span><\/span><\/span><\/b><\/span><\/span><\/span><\/p>\r\n\r\n<p style=\"text-align:justify\"><span style=\"font-size:11pt\"><span style=\"line-height:normal\"><span style=\"font-family:Calibri,sans-serif\"><a href=\"https:\/\/static.portaldaindustria.com.br\/media\/filer_public\/3a\/d9\/3ad974cf-a934-441f-a40b-3f7cad313114\/coeficientesdeaberturacomercial_numero1_2025_v1.pdf\" style=\"color:blue; text-decoration:underline\"><span style=\"font-size:14.0pt\">A participa&ccedil;&atilde;o de bens importados no consumo brasileiro alcan&ccedil;a recorde em 2024<\/span><\/a><\/span><\/span><\/span><\/p>\r\n\r\n<p style=\"text-align:justify\"><span style=\"font-size:11pt\"><span style=\"line-height:normal\"><span style=\"font-family:Calibri,sans-serif\"><a href=\"file:\/\/\/C:\/Users\/Cristiane\/AppData\/Local\/Packages\/5319275A.WhatsAppDesktop_cv1g1gvanyjgm\/LocalState\/sessions\/2B60FAFCEA0905F522C3525581454AA5A8833E37\/transfers\/2026-02\/UE%20aprova%20acordo%20hist\u00f3rico%20com%20o%20Mercosul%20ap\u00f3s%2026%20anos%20de%20negocia\u00e7\u00f5es\" style=\"color:blue; text-decoration:underline\"><span style=\"font-size:14.0pt\">UE aprova acordo hist&oacute;rico com o Mercosul ap&oacute;s 26 anos de negocia&ccedil;&otilde;es<\/span><\/a><\/span><\/span><\/span><\/p>\r\n\r\n<p style=\"text-align:justify\"><span style=\"font-size:11pt\"><span style=\"line-height:normal\"><span style=\"font-family:Calibri,sans-serif\"><a href=\"https:\/\/share.google\/XlV9EfNUZYip9Bqzg\" style=\"color:blue; text-decoration:underline\"><span style=\"font-size:14.0pt\">Acordo com a UE abre margem para pa&iacute;ses da &Aacute;sia, &Iacute;ndia e Oriente M&eacute;dio quererem fazer neg&oacute;cio com Mercosul<\/span><\/a><\/span><\/span><\/span><\/p>\r\n\r\n<p style=\"text-align:justify\"><span style=\"font-size:11pt\"><span style=\"line-height:normal\"><span style=\"font-family:Calibri,sans-serif\"><a href=\"https:\/\/www.fashionatingworld.com\/new1-2\/the-great-sourcing-shuffle-why-tariffs-failed-to-bring-manufacturing-back-to-the-us?utm_campaign=EDANA%20General%20Newsletter&amp;utm_medium=email&amp;_hsenc=p2ANqtz--_03d_RVwxJlGZEEQfQ1of-ZkjV8z3-kKDT9WV1Eoo3rgxBD2XIUKsRyRSc9Vuf-EbLbDb4btQRHOhe0xXzEDXWfH0dw&amp;_hsmi=124183275&amp;utm_content=124183275&amp;utm_source=hs_email\" style=\"color:blue; text-decoration:underline\"><span lang=\"EN-US\" style=\"font-size:14.0pt\">The Great Sourcing Shuffle: Why tariffs failed to bring manufacturing back to the US<\/span><\/a><\/span><\/span><\/span><\/p>\r\n\r\n<p style=\"text-align:justify\"><span style=\"font-size:28pt\"><span style=\"font-family:Cambria,serif\"><span style=\"letter-spacing:-0.5pt\"><b><span style=\"font-size:18.0pt\"><span style=\"font-family:&quot;Calibri&quot;,sans-serif\"><span style=\"font-variant:small-caps\">Economia<\/span><\/span><\/span><\/b><\/span><\/span><\/span><\/p>\r\n\r\n<p style=\"text-align:justify\"><span style=\"font-size:11pt\"><span style=\"line-height:normal\"><span style=\"font-family:Calibri,sans-serif\"><a href=\"https:\/\/www.bcb.gov.br\/content\/focus\/focus\/R20260109.pdf\" style=\"color:blue; text-decoration:underline\"><span style=\"font-size:14.0pt\">Focus - Relat&oacute;rio de Mercado<\/span><\/a><\/span><\/span><\/span><\/p>\r\n\r\n<p style=\"text-align:justify\"><span style=\"font-size:11pt\"><span style=\"line-height:normal\"><span style=\"font-family:Calibri,sans-serif\"><a href=\"https:\/\/www.bcb.gov.br\/content\/controleinflacao\/focusdistribuicoesfrequencia\/P20260105-Focus-Distribuicoes-de-frequencia.pdf\" style=\"color:blue; text-decoration:underline\"><span style=\"font-size:14.0pt\">Focus - Distribui&ccedil;&otilde;es de Frequ&ecirc;ncia das Expectativas de Mercado para IPCA, Selic, PIB e C&acirc;mbio<\/span><\/a><\/span><\/span><\/span><\/p>\r\n\r\n<p style=\"text-align:justify\"><span style=\"font-size:11pt\"><span style=\"line-height:normal\"><span style=\"font-family:Calibri,sans-serif\"><a href=\"https:\/\/www.contabilizei.com.br\/contabilidade-online\/reforma-tributaria-o-que-muda-resumo-e-como-se-preparar-em-2026\/\" style=\"color:blue; text-decoration:underline\"><span style=\"font-size:14.0pt\">Reforma Tribut&aacute;ria o que muda: resumo e como se preparar em 2026<\/span><\/a><\/span><\/span><\/span><\/p>\r\n\r\n<p style=\"text-align:justify\"><img src=\"https:\/\/www.abint.org.br\/assets\/img\/editor\/redes-sociais-abint-ctg-cth_20251205172709SEybvhNLVO.jpg\" \/><\/p>\r\n","texto_en":"","7":"","imagem":"COMP_capa-2026-site-boletim-abint-noticias-semanis_20260121184801quDn3taVmR.jpg","8":"COMP_capa-2026-site-boletim-abint-noticias-semanis_20260121184801quDn3taVmR.jpg","arquivo":"20260113-BOLETIM-ABINT-DE-NOTICIAS-SEMANAIS.PDF","9":"20260113-BOLETIM-ABINT-DE-NOTICIAS-SEMANAIS.PDF","titulo_arquivo":"20250113 Workshop CTG ABINT Aterros Sanit\u00e1rios","10":"20250113 Workshop CTG ABINT Aterros Sanit\u00e1rios","titulo_arquivo_en":"","11":"","created_at":"2026-01-21 18:48:12","12":"2026-01-21 18:48:12","updated_at":"2026-01-21 18:48:12","13":"2026-01-21 18:48:12"},{"id":210,"0":210,"ordem":13,"1":13,"data":"2025-12-16","2":"2025-12-16","slug":"boletim-abint-de-noticias-semanais-108","3":"boletim-abint-de-noticias-semanais-108","titulo":"Boletim ABINT de Not\u00edcias Semanais","4":"Boletim ABINT de Not\u00edcias Semanais","titulo_en":"","5":"","texto":"<p style=\"text-align:justify\"><span style=\"font-size:11pt\"><span style=\"line-height:normal\"><span style=\"font-family:Calibri,sans-serif\"><span style=\"font-size:14.0pt\">Esta &eacute; uma compila&ccedil;&atilde;o das not&iacute;cias mais relevantes para o setor, incluindo informa&ccedil;&otilde;es sobre acordos internacionais, economia brasileira, sustentabilidade e mat&eacute;rias primas, al&eacute;m de novidades do setor de N&atilde;otecidos e Tecidos T&eacute;cnicos.<\/span><\/span><\/span><\/span><\/p>\r\n\r\n<p style=\"text-align:justify\"><span style=\"font-size:28pt\"><span style=\"font-family:Cambria,serif\"><span style=\"letter-spacing:-0.5pt\"><b><span style=\"font-size:18.0pt\"><span calibri=\"\" style=\"font-family:\"><span style=\"font-variant:small-caps\">Confraterniza&ccedil;&atilde;o ABINT 2025<\/span><\/span><\/span><\/b><\/span><\/span><\/span><\/p>\r\n\r\n<p style=\"text-align:justify\"><span style=\"font-size:11pt\"><span style=\"line-height:normal\"><span style=\"font-family:Calibri,sans-serif\"><span style=\"font-size:14.0pt\">Como tradicionalmente fazemos todos os anos, em 04\/12\/2025 a ABINT realizou sua confraterniza&ccedil;&atilde;o de fim de ano, contando com a participa&ccedil;&atilde;o das Associadas: Basseto, Fibertex, Fitesa, Huesker, Maccaferri, Ober, Scavone, Suominen, TDM Brasil e TRI Ambiental.<\/span><\/span><\/span><\/span><\/p>\r\n\r\n<p style=\"text-align:justify\"><span style=\"font-size:11pt\"><span style=\"line-height:normal\"><span style=\"font-family:Calibri,sans-serif\"><span style=\"font-size:14.0pt\"><img src=\"https:\/\/www.abint.org.br\/assets\/img\/editor\/colagem-almoco-2025_20251216132151J1EVmbnIFZ.jpg\" style=\"width: 394px; height: 700px;\" \/><\/span><\/span><\/span><\/span><\/p>\r\n\r\n<p style=\"text-align:justify\"><span style=\"font-size:28pt\"><span style=\"font-family:Cambria,serif\"><span style=\"letter-spacing:-0.5pt\"><b><span style=\"font-size:18.0pt\"><span calibri=\"\" style=\"font-family:\"><span style=\"font-variant:small-caps\">O que vem por a&iacute;<\/span><\/span><\/span><\/b><\/span><\/span><\/span><\/p>\r\n\r\n<p style=\"text-align:justify\"><img src=\"https:\/\/www.abint.org.br\/assets\/img\/editor\/save-the-date-curso-br-instal-gmb-2026-3_20251209171448ohr1eNNv8r.jpg\" style=\"width: 500px; height: 500px;\" \/><\/p>\r\n\r\n<p class=\"MsoTitle\" style=\"text-align:justify\"><span style=\"font-size:28pt\"><span style=\"font-family:Cambria,serif\"><span style=\"letter-spacing:-0.5pt\"><b><span style=\"font-size:18.0pt\"><span calibri=\"\" style=\"font-family:\"><span style=\"font-variant:small-caps\">Not&iacute;cias das Associadas<\/span><\/span><\/span><\/b><\/span><\/span><\/span><\/p>\r\n\r\n<p style=\"text-align:justify\"><span style=\"font-size:11pt\"><span style=\"line-height:normal\"><span style=\"font-family:Calibri,sans-serif\"><a href=\"https:\/\/www.instagram.com\/p\/DSGVF6_kjJl\/\" style=\"color:blue; text-decoration:underline\"><span style=\"font-size:14.0pt\">No dia 10 de dezembro, o CTG Entrevista recebeu o professor Fernando Portelinha, para falar sobre &quot;GCL no Brasil: situa&ccedil;&atilde;o atual e perspectivas futuras&quot;. Assista a live completa.<\/span><\/a><\/span><\/span><\/span><\/p>\r\n\r\n<p style=\"text-align:justify\"><span style=\"font-size:11pt\"><span style=\"line-height:normal\"><span style=\"font-family:Calibri,sans-serif\"><a href=\"https:\/\/redepress.com.br\/noticias\/2025\/12\/andritz-realiza-startup-da-planta-de-secagem-de-lodo-na-eldorado-brasil-celulose\/\" style=\"color:blue; text-decoration:underline\"><span style=\"font-size:14.0pt\">ANDRITZ realiza startup da planta de secagem de lodo na Eldorado Brasil Celulose<\/span><\/a><\/span><\/span><\/span><\/p>\r\n\r\n<p style=\"text-align:justify\">&nbsp;<\/p>\r\n\r\n<p style=\"text-align:justify\"><span style=\"font-size:11pt\"><span style=\"line-height:normal\"><span style=\"font-family:Calibri,sans-serif\"><b><span lang=\"EN-US\" style=\"font-size:18.0pt\"><span style=\"font-variant:small-caps\">Eventos<\/span><\/span><\/b><\/span><\/span><\/span><\/p>\r\n\r\n<p style=\"text-align:justify\"><span style=\"font-size:11pt\"><span style=\"line-height:normal\"><span style=\"font-family:Calibri,sans-serif\"><a href=\"https:\/\/events.economist.com\/sustainability-week\/?RefID=EM13A-WhatsNew-Del_email-owned_MA00007195\" style=\"color:blue; text-decoration:underline\"><b><span lang=\"EN-US\" style=\"font-size:14.0pt\">11th annual Sustainability Week | Incorporating the 3rd annual Energy Transition Summit<\/span><\/b><\/a><span lang=\"EN-US\" style=\"font-size:14.0pt\">, March 2nd &ndash; 4th 2026, Intercontinental London &ndash; the O2<\/span><\/span><\/span><\/span><\/p>\r\n\r\n<p style=\"text-align:justify\"><span style=\"font-size:11pt\"><span style=\"line-height:normal\"><span style=\"font-family:Calibri,sans-serif\"><a href=\"https:\/\/www.worldofwipes.org\/\" style=\"color:blue; text-decoration:underline\"><b><span lang=\"EN-US\" style=\"font-size:14.0pt\">INDA | WOW - World of Wipes International Conference<\/span><\/b><\/a><span lang=\"EN-US\" style=\"font-size:14.0pt\">, June 29&ndash;July 2, 2026, Grand Hyatt Nashville, Nashville, Tennessee USA<\/span><\/span><\/span><\/span><\/p>\r\n\r\n<p style=\"text-align:justify\"><span style=\"font-size:11pt\"><span style=\"line-height:normal\"><span style=\"font-family:Calibri,sans-serif\"><a href=\"https:\/\/filtech.de\/\" style=\"color:blue; text-decoration:underline\"><b><span style=\"font-size:14.0pt\">Filtech 2026<\/span><\/b><\/a><span style=\"font-size:14.0pt\">, de 30 de junho a 2 de julho, Cologne, Alemanha<\/span><\/span><\/span><\/span><\/p>\r\n\r\n<p style=\"text-align:justify\"><span style=\"font-size:11pt\"><span style=\"line-height:normal\"><span style=\"font-family:Calibri,sans-serif\"><a href=\"https:\/\/sienge.com.br\/construsummit\/\" style=\"color:blue; text-decoration:underline\"><b><span style=\"font-size:14.0pt\">Construsummit<\/span><\/b><\/a><span style=\"font-size:14.0pt\">, 1 e 2 de julho de 2026, Florian&oacute;polis, SC<\/span><\/span><\/span><\/span><\/p>\r\n\r\n<p style=\"text-align:justify\"><span style=\"font-size:11pt\"><span style=\"line-height:normal\"><span style=\"font-family:Calibri,sans-serif\"><a href=\"https:\/\/ficons.com.br\/\" style=\"color:blue; text-decoration:underline\"><b><span style=\"font-size:14.0pt\">FICONS - Feira Internacional de Materiais, Equipamentos e Servi&ccedil;os da Constru&ccedil;&atilde;o<\/span><\/b><\/a><span style=\"font-size:14.0pt\">, 15 a 18 de setembro de 2026, Centro de Conven&ccedil;&otilde;es de Pernambuco Recife\/ Olinda<\/span><\/span><\/span><\/span><\/p>\r\n\r\n<p style=\"text-align:justify\"><span style=\"font-size:11pt\"><span style=\"line-height:normal\"><span style=\"font-family:Calibri,sans-serif\"><a href=\"https:\/\/www.edana.org\/events\/outlook\/outlook-2025\" style=\"color:blue; text-decoration:underline\"><b><span style=\"font-size:14.0pt\">OUTLOOK&trade; 2026<\/span><\/b><\/a><span style=\"font-size:14.0pt\">, 22&ndash;24 September 2026, Hotel Miragem, Cascais, Portugal<\/span><\/span><\/span><\/span><\/p>\r\n\r\n<p style=\"text-align:justify\"><span style=\"font-size:28pt\"><span style=\"font-family:Cambria,serif\"><span style=\"letter-spacing:-0.5pt\"><b><span lang=\"EN-US\" style=\"font-size:18.0pt\"><span calibri=\"\" style=\"font-family:\"><span style=\"font-variant:small-caps\">Setor<\/span><\/span><\/span><\/b><\/span><\/span><\/span><\/p>\r\n\r\n<p style=\"text-align:justify\"><span style=\"font-size:11pt\"><span style=\"line-height:normal\"><span style=\"font-family:Calibri,sans-serif\"><a href=\"https:\/\/www.nonwovens-industry.com\/hygiene-suppliers-respond-to-a-brand-new-market\/?utm_campaign=NON%20Issue%20Alert&amp;utm_medium=email&amp;_hsenc=p2ANqtz--Re0f7CA3ck-rqT4DRAu1O83AZ1Vs7RcDhCmiU2PEKED7OtICue8HR5Yf3OVIK_io-FmA6aGk9EJuCmHyAvPwn0z_vQA&amp;_hsmi=394494775&amp;utm_content=394494775&amp;utm_source=hs_email\" style=\"color:blue; text-decoration:underline\"><span lang=\"EN-US\" style=\"font-size:14.0pt\">Hygiene Suppliers Respond to a Brand New Market<\/span><\/a><\/span><\/span><\/span><\/p>\r\n\r\n<p style=\"text-align:justify\"><span style=\"font-size:11pt\"><span style=\"line-height:normal\"><span style=\"font-family:Calibri,sans-serif\"><a href=\"https:\/\/www.nonwovens-industry.com\/automotives-report\/?utm_campaign=NON%20Issue%20Alert&amp;utm_medium=email&amp;_hsenc=p2ANqtz--1OfNpEqo_FRvLOqi4sAL-K6p1nnnFa-mffDnK73v61xP13aaVlpwZLyiTZ7hULiRhzY5TcP0XPK7jPlq8fPISRmwK3w&amp;_hsmi=394494775&amp;utm_content=394494775&amp;utm_source=hs_email\" style=\"color:blue; text-decoration:underline\"><span lang=\"EN-US\" style=\"font-size:14.0pt\">Automotives Report<\/span><\/a><\/span><\/span><\/span><\/p>\r\n\r\n<p style=\"text-align:justify\"><span style=\"font-size:11pt\"><span style=\"line-height:normal\"><span style=\"font-family:Calibri,sans-serif\"><a href=\"https:\/\/www.nonwovens-industry.com\/nonwovens-for-home-office-furnishings-2\/?utm_campaign=NON%20Issue%20Alert&amp;utm_medium=email&amp;_hsenc=p2ANqtz-_J3hh2f-lskLDEnHcwBDzzkpLl8YyhMUNNyuLyC8hXfVIe5spNWbdWdKWMcgsg7TI7F4H2KeZwNXRYUvTCwRc3sdDWtA&amp;_hsmi=394494775&amp;utm_content=394494775&amp;utm_source=hs_email\" style=\"color:blue; text-decoration:underline\"><span lang=\"EN-US\" style=\"font-size:14.0pt\">Nonwovens for Home &amp; Office Furnishings<\/span><\/a><\/span><\/span><\/span><\/p>\r\n\r\n<p style=\"text-align:justify\"><span style=\"font-size:11pt\"><span style=\"line-height:normal\"><span style=\"font-family:Calibri,sans-serif\"><a href=\"https:\/\/www.meiofiltrante.com.br\/Noticia\/131863\/abiplast-anuncia-o-lancamento-do-documentario-o-plastico-no-brasil-\" style=\"color:blue; text-decoration:underline\"><span style=\"font-size:14.0pt\">ABIPLAST anuncia o lan&ccedil;amento do document&aacute;rio: O Pl&aacute;stico no Brasil<\/span><\/a><\/span><\/span><\/span><\/p>\r\n\r\n<p style=\"text-align:justify\"><span style=\"font-size:11pt\"><span style=\"line-height:normal\"><span style=\"font-family:Calibri,sans-serif\"><a href=\"https:\/\/revistaplasticosul.com.br\/sustentabilidade\/abimaq-lanca-serie-educativa-plastificando-para-desmistificar-o-plastico-e-promover-a-economia-circular\/\" style=\"color:blue; text-decoration:underline\"><span style=\"font-size:14.0pt\">ABIMAQ lan&ccedil;a s&eacute;rie educativa &ldquo;Plastificando&rdquo; para desmistificar o pl&aacute;stico e promover a Economia Circular<\/span><\/a><\/span><\/span><\/span><\/p>\r\n\r\n<p style=\"text-align:justify\"><span style=\"font-size:11pt\"><span style=\"line-height:normal\"><span style=\"font-family:Calibri,sans-serif\"><a href=\"https:\/\/public-api.wordpress.com\/bar\/?stat=groovemails-events&amp;bin=wpcom_email_click&amp;redirect_to=https%3A%2F%2Fblogdoplastico.wordpress.com%2F2025%2F12%2F15%2Fig4-assina-contrato-com-a-novonor-para-aquisicao-do-controle-acionario-da-braskem%2F&amp;sr=0&amp;signature=29733d3047262bb6fc286a444dadba66&amp;blog_id=9438832&amp;user=135099004&amp;_e=eyJlcnJvciI6bnVsbCwiYmxvZ19pZCI6OTQzODgzMiwiYmxvZ19sYW5nIjoicHQtQlIiLCJzaXRlX2lkX2xhYmVsIjoid3Bjb20iLCJoYXNfZmVhdHVyZWRfaW1hZ2UiOiIwIiwic3Vic2NyaWJlcl9pZCI6IjQ0NzAwMjQ1IiwiX3VpIjoxMzUwOTkwMDQsImxvY2FsZSI6InB0LWJyIiwiY3VycmVuY3kiOiJCUkwiLCJjb3VudHJ5X2NvZGVfc2lnbnVwIjoiQlIiLCJzaWdudXBfZmxvd19uYW1lIjoiZGVsdGEtc2l0ZSIsImVtYWlsX2RvbWFpbiI6ImFiaW50Lm9yZy5iciIsInBvc3RfaWQiOjE5NTUyLCJ1c2VyX2VtYWlsIjoiYWJpbnRAYWJpbnQub3JnLmJyIiwiZGF0ZV9zZW50IjoiMjAyNS0xMi0xNiIsImVtYWlsX25hbWUiOiJuZXctcG9zdCIsInRlbXBsYXRlIjoibmV3LXBvc3QiLCJlbWFpbF9pZCI6IjZiYjU0NzEzM2EzNTJlMDQ4ZmM2NDk3YTk0ZWM1MjE1IiwibGlua19kZXNjIjoicG9zdC11cmwiLCJhbmNob3JfdGV4dCI6IklHNCBhc3NpbmEgY29udHJhdG8gY29tIGEgTm92b25vciBwYXJhIGFxdWlzaVx1MDBlN1x1MDBlM28gZG8gY29udHJvbGUgYWNpb25cdTAwZTFyaW8gZGFcdTAwYTBCcmFza2VtIiwiX2RyIjpudWxsLCJfZGwiOiJcL3dwLWFkbWluXC9wb3N0LnBocCIsIl91dCI6IndwY29tOnVzZXJfaWQiLCJfdWwiOiJhYmludHR0IiwiX2VuIjoid3Bjb21fZW1haWxfY2xpY2siLCJfdHMiOjE3NjU4NDMzMzgwNzMsImJyb3dzZXJfdHlwZSI6InBocC1hZ2VudCIsIl9hdWEiOiJ3cGNvbS10cmFja3MtY2xpZW50LXYwLjMiLCJibG9nX3R6IjoiLTMiLCJ1c2VyX2xhbmciOiJwdC1iciJ9&amp;_z=z\" style=\"color:blue; text-decoration:underline\"><span style=\"font-size:14.0pt\">IG4 assina contrato com a Novonor para aquisi&ccedil;&atilde;o do controle acion&aacute;rio da&nbsp;Braskem<\/span><\/a><\/span><\/span><\/span><\/p>\r\n\r\n<p style=\"text-align:justify\"><span style=\"font-size:28pt\"><span style=\"font-family:Cambria,serif\"><span style=\"letter-spacing:-0.5pt\"><b><span style=\"font-size:18.0pt\"><span calibri=\"\" style=\"font-family:\"><span style=\"font-variant:small-caps\">Ind&uacute;stria<\/span><\/span><\/span><\/b><\/span><\/span><\/span><\/p>\r\n\r\n<p style=\"text-align:justify\"><span style=\"font-size:11pt\"><span style=\"line-height:normal\"><span style=\"font-family:Calibri,sans-serif\"><a href=\"https:\/\/noticias.portaldaindustria.com.br\/noticias\/economia\/empresarios-industriais-completam-um-ano-sem-confianca-aponta-cni\/\" style=\"color:blue; text-decoration:underline\"><span style=\"font-size:14.0pt\">Empres&aacute;rios industriais completam um ano sem confian&ccedil;a, aponta CNI<\/span><\/a><\/span><\/span><\/span><\/p>\r\n\r\n<p style=\"text-align:justify\"><span style=\"font-size:11pt\"><span style=\"line-height:normal\"><span style=\"font-family:Calibri,sans-serif\"><a href=\"https:\/\/www.agenciasp.sp.gov.br\/governo-de-sp-conquista-aprovacao-do-bid-para-investir-r-1-bilhao-na-saude\/\" style=\"color:blue; text-decoration:underline\"><span style=\"font-size:14.0pt\">Governo de SP conquista aprova&ccedil;&atilde;o do BID para investir R$ 1 bilh&atilde;o na Sa&uacute;de<\/span><\/a><\/span><\/span><\/span><\/p>\r\n\r\n<p style=\"text-align:justify\"><span style=\"font-size:11pt\"><span style=\"line-height:normal\"><span style=\"font-family:Calibri,sans-serif\"><a href=\"https:\/\/g1.globo.com\/rs\/rio-grande-do-sul\/noticia\/2025\/12\/04\/tarifaco-eua-setor-calcadista-pior-outubro-10-anos-165-mil-vagas-fechadas-brasil-associacao.ghtml\" style=\"color:blue; text-decoration:underline\"><span style=\"font-size:14.0pt\">Setor cal&ccedil;adista tem pior outubro em 10 anos e 1,65 mil vagas foram fechadas no Brasil, aponta Associa&ccedil;&atilde;o<\/span><\/a><\/span><\/span><\/span><\/p>\r\n\r\n<p style=\"text-align:justify\"><span style=\"font-size:11pt\"><span style=\"line-height:normal\"><span style=\"font-family:Calibri,sans-serif\"><a href=\"https:\/\/www.moveisdevalor.com.br\/portal\/rondonia-muda-o-eixo-das-importacoes-de-colchoes-no-brasil?source=news\" style=\"color:blue; text-decoration:underline\"><span style=\"font-size:14.0pt\">Rond&ocirc;nia muda o eixo das importa&ccedil;&otilde;es de colch&otilde;es no Brasil<\/span><\/a><\/span><\/span><\/span><\/p>\r\n\r\n<p style=\"text-align:justify\"><span style=\"font-size:11pt\"><span style=\"line-height:normal\"><span style=\"font-family:Calibri,sans-serif\"><a href=\"https:\/\/emobile.com.br\/site\/setor-moveleiro\/industria-de-moveis-ve-melhora-em-setembro-e-outubro-com-cautela\/\" style=\"color:blue; text-decoration:underline\"><span style=\"font-size:14.0pt\">Ind&uacute;stria de m&oacute;veis v&ecirc; melhora em setembro e outubro com cautela<\/span><\/a><\/span><\/span><\/span><\/p>\r\n\r\n<p style=\"text-align:justify\"><span style=\"font-size:11pt\"><span style=\"line-height:normal\"><span style=\"font-family:Calibri,sans-serif\"><a href=\"https:\/\/www.bnamericas.com\/pt\/noticias\/projetos-de-ferrovias-de-carga-no-brasil-ganharao-reforco-de-ate-r24-bilhoes\" style=\"color:blue; text-decoration:underline\"><span style=\"font-size:14.0pt\">Projetos de ferrovias de carga no Brasil ganhar&atilde;o refor&ccedil;o de at&eacute; R$24 bilh&otilde;es<\/span><\/a><\/span><\/span><\/span><\/p>\r\n\r\n<p style=\"text-align:justify\"><span style=\"font-size:28pt\"><span style=\"font-family:Cambria,serif\"><span style=\"letter-spacing:-0.5pt\"><b><span style=\"font-size:18.0pt\"><span calibri=\"\" style=\"font-family:\"><span style=\"font-variant:small-caps\">Sustentabilidade<\/span><\/span><\/span><\/b><\/span><\/span><\/span><\/p>\r\n\r\n<p style=\"text-align:justify\"><span style=\"font-size:11pt\"><span style=\"line-height:normal\"><span style=\"font-family:Calibri,sans-serif\"><a href=\"https:\/\/www12.senado.leg.br\/noticias\/materias\/2025\/12\/02\/saneamento-basico-avanca-em-ritmo-lento-no-pais-avalia-relator-na-cdr\" style=\"color:blue; text-decoration:underline\"><span style=\"font-size:14.0pt\">Saneamento b&aacute;sico avan&ccedil;a em ritmo lento no pa&iacute;s, avalia relator na CDR<\/span><\/a><\/span><\/span><\/span><\/p>\r\n\r\n<p style=\"text-align:justify\"><span style=\"font-size:11pt\"><span style=\"line-height:normal\"><span style=\"font-family:Calibri,sans-serif\"><a href=\"https:\/\/www.cnnbrasil.com.br\/forum-opiniao\/do-descarte-ao-valor-o-novo-ciclo-do-plastico-no-brasil\/\" style=\"color:blue; text-decoration:underline\"><span style=\"font-size:14.0pt\">Do descarte ao valor: o novo ciclo do pl&aacute;stico no Brasil<\/span><\/a><\/span><\/span><\/span><\/p>\r\n\r\n<p style=\"text-align:justify\"><span style=\"font-size:11pt\"><span style=\"line-height:normal\"><span style=\"font-family:Calibri,sans-serif\"><a href=\"https:\/\/olhardigital.com.br\/2025\/11\/27\/pro\/novo-solvente-aprimora-reciclagem-de-tecidos-de-poliester-e-algodao\/\" style=\"color:blue; text-decoration:underline\"><span style=\"font-size:14.0pt\">Novo solvente aprimora reciclagem de tecidos de poli&eacute;ster e algod&atilde;o<\/span><\/a><\/span><\/span><\/span><\/p>\r\n\r\n<p style=\"text-align:justify\"><span style=\"font-size:28pt\"><span style=\"font-family:Cambria,serif\"><span style=\"letter-spacing:-0.5pt\"><b><span style=\"font-size:18.0pt\"><span calibri=\"\" style=\"font-family:\"><span style=\"font-variant:small-caps\">Inova&ccedil;&atilde;o<\/span><\/span><\/span><\/b><\/span><\/span><\/span><\/p>\r\n\r\n<p style=\"text-align:justify\"><span style=\"font-size:11pt\"><span style=\"line-height:normal\"><span style=\"font-family:Calibri,sans-serif\"><a href=\"https:\/\/www.inovacaotecnologica.com.br\/noticias\/noticia.php?artigo=plasticos-programados-autodestruir&amp;id=010125251216&amp;ebol=sim\" style=\"color:blue; text-decoration:underline\"><span style=\"font-size:14.0pt\">Pl&aacute;sticos s&atilde;o programados para se autodestruir em dias ou meses<\/span><\/a><\/span><\/span><\/span><\/p>\r\n\r\n<p style=\"text-align:justify\"><span style=\"font-size:11pt\"><span style=\"line-height:normal\"><span style=\"font-family:Calibri,sans-serif\"><a href=\"https:\/\/www.gov.br\/mcti\/pt-br\/acompanhe-o-mcti\/noticias\/2025\/11\/mcti-e-cnpq-vao-apoiar-14-eventos-de-inovacao-e-empreendedorismo\" style=\"color:blue; text-decoration:underline\"><span style=\"font-size:14.0pt\">MCTI e CNPq v&atilde;o apoiar 14 eventos de inova&ccedil;&atilde;o e empreendedorismo<\/span><\/a><\/span><\/span><\/span><\/p>\r\n\r\n<p style=\"text-align:justify\"><span style=\"font-size:11pt\"><span style=\"line-height:normal\"><span style=\"font-family:Calibri,sans-serif\"><a href=\"https:\/\/catracalivre.com.br\/noticias\/o-japao-cria-um-novo-material-que-resolve-um-dos-maiores-problemas-do-mundo\/\" style=\"color:blue; text-decoration:underline\"><span style=\"font-size:14.0pt\">Jap&atilde;o cria um novo material que resolve um dos maiores problemas do mundo: a polui&ccedil;&atilde;o por pl&aacute;stico nos oceanos<\/span><\/a><\/span><\/span><\/span><\/p>\r\n\r\n<p style=\"text-align:justify\"><span style=\"font-size:28pt\"><span style=\"font-family:Cambria,serif\"><span style=\"letter-spacing:-0.5pt\"><b><span style=\"font-size:18.0pt\"><span calibri=\"\" style=\"font-family:\"><span style=\"font-variant:small-caps\">Com&eacute;rcio Exterior<\/span><\/span><\/span><\/b><\/span><\/span><\/span><\/p>\r\n\r\n<p style=\"text-align:justify\"><span style=\"font-size:11pt\"><span style=\"line-height:normal\"><span style=\"font-family:Calibri,sans-serif\"><a href=\"https:\/\/noticias.uol.com.br\/ultimas-noticias\/afp\/2025\/12\/11\/mercosul-se-reunira-em-20-de-dezembro-para-discutir-acordo-comercial-com-ue.htm\" style=\"color:blue; text-decoration:underline\"><span style=\"font-size:14.0pt\">Mercosul se reunir&aacute; em 20 de dezembro para discutir acordo comercial com EU<\/span><\/a><\/span><\/span><\/span><\/p>\r\n\r\n<p style=\"text-align:justify\"><span style=\"font-size:11pt\"><span style=\"line-height:normal\"><span style=\"font-family:Calibri,sans-serif\"><a href=\"https:\/\/www.fibre2fashion.com\/news\/textile-news\/mexico-approves-tariff-hikes-on-imports-from-many-asian-nations-307062-newsdetails.htm\" style=\"color:blue; text-decoration:underline\"><span lang=\"EN-US\" style=\"font-size:14.0pt\">Mexico approves tariff hikes on imports from many Asian nations<\/span><\/a><\/span><\/span><\/span><\/p>\r\n\r\n<p style=\"text-align:justify\"><span style=\"font-size:11pt\"><span style=\"line-height:normal\"><span style=\"font-family:Calibri,sans-serif\"><a href=\"https:\/\/www.tecnologistica.com.br\/noticias\/america-latina\/20743\/cni-solicita-ampliacao-de-acordo-comercial-com-mexico-diante-de-possivel-aumento-de-tarifas\/\" style=\"color:blue; text-decoration:underline\"><span style=\"font-size:14.0pt\">CNI solicita amplia&ccedil;&atilde;o de acordo comercial com M&eacute;xico diante de poss&iacute;vel aumento de tarifas<\/span><\/a><\/span><\/span><\/span><\/p>\r\n\r\n<p style=\"text-align:justify\"><span style=\"font-size:11pt\"><span style=\"line-height:normal\"><span style=\"font-family:Calibri,sans-serif\"><a href=\"https:\/\/anba.com.br\/brasil-pode-ampliar-venda-de-calcados-aos-emirados\/\" style=\"color:blue; text-decoration:underline\"><span style=\"font-size:14.0pt\">Brasil pode ampliar venda de cal&ccedil;ados aos Emirados<\/span><\/a><\/span><\/span><\/span><\/p>\r\n\r\n<p style=\"text-align:justify\"><span style=\"font-size:11pt\"><span style=\"line-height:normal\"><span style=\"font-family:Calibri,sans-serif\"><a href=\"https:\/\/plasticosemrevista.com.br\/protecionismo-a-ilusao-dos-antidumpings\/\" style=\"color:blue; text-decoration:underline\"><span style=\"font-size:14.0pt\">Protecionismo: a ilus&atilde;o dos antidumpings<\/span><\/a><\/span><\/span><\/span><\/p>\r\n\r\n<p style=\"text-align:justify\"><span style=\"font-size:28pt\"><span style=\"font-family:Cambria,serif\"><span style=\"letter-spacing:-0.5pt\"><b><span style=\"font-size:18.0pt\"><span calibri=\"\" style=\"font-family:\"><span style=\"font-variant:small-caps\">Economia<\/span><\/span><\/span><\/b><\/span><\/span><\/span><\/p>\r\n\r\n<p style=\"text-align:justify\"><span style=\"font-size:11pt\"><span style=\"line-height:normal\"><span style=\"font-family:Calibri,sans-serif\"><a href=\"https:\/\/www.bcb.gov.br\/content\/focus\/focus\/R20251212.pdf\" style=\"color:blue; text-decoration:underline\"><span style=\"font-size:14.0pt\">Focus - Relat&oacute;rio de Mercado<\/span><\/a><\/span><\/span><\/span><\/p>\r\n\r\n<p style=\"text-align:justify\"><span style=\"font-size:11pt\"><span style=\"line-height:normal\"><span style=\"font-family:Calibri,sans-serif\"><a href=\"https:\/\/www.iadb.org\/pt-br\/noticias\/maior-competicao-poderia-elevar-o-pib-em-11-e-reduzir-desigualdade-em-6-na-america-latina-e-no?utm_source=email&amp;utm_medium=news&amp;utm_campaign=maior-competicao-poderia-elevar-o-pib-em-11&amp;utm_term=news&amp;j=1294196&amp;sfmc_sub=194913938&amp;l=2500_HTML&amp;u=22550427&amp;mid=100007543&amp;jb=1\" style=\"color:blue; text-decoration:underline\"><span style=\"font-size:14.0pt\">Maior competi&ccedil;&atilde;o poderia elevar o PIB em 11% e reduzir a desigualdade em 6% na Am&eacute;rica Latina e no Caribe, de acordo com relat&oacute;rio do BID<\/span><\/a><\/span><\/span><\/span><\/p>\r\n\r\n<p style=\"text-align:justify\"><span style=\"font-size:11pt\"><span style=\"line-height:normal\"><span style=\"font-family:Calibri,sans-serif\"><a href=\"https:\/\/sovos.com\/pt-br\/blog\/tributos\/adiamento-validacao-ibs-cbs-impacto-compliance-2026\/\" style=\"color:blue; text-decoration:underline\"><span style=\"font-size:14.0pt\">Reforma Tribut&aacute;ria: Governo adia valida&ccedil;&atilde;o t&eacute;cnica de IBS\/CBS, mas obriga&ccedil;&otilde;es de compliance permanecem para 2026<\/span><\/a><\/span><\/span><\/span><\/p>\r\n\r\n<p style=\"text-align:justify\"><span style=\"font-size:11pt\"><span style=\"line-height:normal\"><span style=\"font-family:Calibri,sans-serif\"><a href=\"https:\/\/www.fibre2fashion.com\/news\/textile-news\/imf-lifts-china-s-2025-gdp-growth-forecast-to-5-307087-newsdetails.htm\" style=\"color:blue; text-decoration:underline\"><span lang=\"EN-US\" style=\"font-size:14.0pt\">IMF lifts China&#39;s 2025 GDP growth forecast to 5%<\/span><\/a><\/span><\/span><\/span><\/p>\r\n\r\n<p style=\"text-align:justify\"><img src=\"https:\/\/www.abint.org.br\/assets\/img\/editor\/redes-sociais-abint-ctg-cth_20251205172709SEybvhNLVO.jpg\" \/><\/p>\r\n","6":"<p style=\"text-align:justify\"><span style=\"font-size:11pt\"><span style=\"line-height:normal\"><span style=\"font-family:Calibri,sans-serif\"><span style=\"font-size:14.0pt\">Esta &eacute; uma compila&ccedil;&atilde;o das not&iacute;cias mais relevantes para o setor, incluindo informa&ccedil;&otilde;es sobre acordos internacionais, economia brasileira, sustentabilidade e mat&eacute;rias primas, al&eacute;m de novidades do setor de N&atilde;otecidos e Tecidos T&eacute;cnicos.<\/span><\/span><\/span><\/span><\/p>\r\n\r\n<p style=\"text-align:justify\"><span style=\"font-size:28pt\"><span style=\"font-family:Cambria,serif\"><span style=\"letter-spacing:-0.5pt\"><b><span style=\"font-size:18.0pt\"><span calibri=\"\" style=\"font-family:\"><span style=\"font-variant:small-caps\">Confraterniza&ccedil;&atilde;o ABINT 2025<\/span><\/span><\/span><\/b><\/span><\/span><\/span><\/p>\r\n\r\n<p style=\"text-align:justify\"><span style=\"font-size:11pt\"><span style=\"line-height:normal\"><span style=\"font-family:Calibri,sans-serif\"><span style=\"font-size:14.0pt\">Como tradicionalmente fazemos todos os anos, em 04\/12\/2025 a ABINT realizou sua confraterniza&ccedil;&atilde;o de fim de ano, contando com a participa&ccedil;&atilde;o das Associadas: Basseto, Fibertex, Fitesa, Huesker, Maccaferri, Ober, Scavone, Suominen, TDM Brasil e TRI Ambiental.<\/span><\/span><\/span><\/span><\/p>\r\n\r\n<p style=\"text-align:justify\"><span style=\"font-size:11pt\"><span style=\"line-height:normal\"><span style=\"font-family:Calibri,sans-serif\"><span style=\"font-size:14.0pt\"><img src=\"https:\/\/www.abint.org.br\/assets\/img\/editor\/colagem-almoco-2025_20251216132151J1EVmbnIFZ.jpg\" style=\"width: 394px; height: 700px;\" \/><\/span><\/span><\/span><\/span><\/p>\r\n\r\n<p style=\"text-align:justify\"><span style=\"font-size:28pt\"><span style=\"font-family:Cambria,serif\"><span style=\"letter-spacing:-0.5pt\"><b><span style=\"font-size:18.0pt\"><span calibri=\"\" style=\"font-family:\"><span style=\"font-variant:small-caps\">O que vem por a&iacute;<\/span><\/span><\/span><\/b><\/span><\/span><\/span><\/p>\r\n\r\n<p style=\"text-align:justify\"><img src=\"https:\/\/www.abint.org.br\/assets\/img\/editor\/save-the-date-curso-br-instal-gmb-2026-3_20251209171448ohr1eNNv8r.jpg\" style=\"width: 500px; height: 500px;\" \/><\/p>\r\n\r\n<p class=\"MsoTitle\" style=\"text-align:justify\"><span style=\"font-size:28pt\"><span style=\"font-family:Cambria,serif\"><span style=\"letter-spacing:-0.5pt\"><b><span style=\"font-size:18.0pt\"><span calibri=\"\" style=\"font-family:\"><span style=\"font-variant:small-caps\">Not&iacute;cias das Associadas<\/span><\/span><\/span><\/b><\/span><\/span><\/span><\/p>\r\n\r\n<p style=\"text-align:justify\"><span style=\"font-size:11pt\"><span style=\"line-height:normal\"><span style=\"font-family:Calibri,sans-serif\"><a href=\"https:\/\/www.instagram.com\/p\/DSGVF6_kjJl\/\" style=\"color:blue; text-decoration:underline\"><span style=\"font-size:14.0pt\">No dia 10 de dezembro, o CTG Entrevista recebeu o professor Fernando Portelinha, para falar sobre &quot;GCL no Brasil: situa&ccedil;&atilde;o atual e perspectivas futuras&quot;. Assista a live completa.<\/span><\/a><\/span><\/span><\/span><\/p>\r\n\r\n<p style=\"text-align:justify\"><span style=\"font-size:11pt\"><span style=\"line-height:normal\"><span style=\"font-family:Calibri,sans-serif\"><a href=\"https:\/\/redepress.com.br\/noticias\/2025\/12\/andritz-realiza-startup-da-planta-de-secagem-de-lodo-na-eldorado-brasil-celulose\/\" style=\"color:blue; text-decoration:underline\"><span style=\"font-size:14.0pt\">ANDRITZ realiza startup da planta de secagem de lodo na Eldorado Brasil Celulose<\/span><\/a><\/span><\/span><\/span><\/p>\r\n\r\n<p style=\"text-align:justify\">&nbsp;<\/p>\r\n\r\n<p style=\"text-align:justify\"><span style=\"font-size:11pt\"><span style=\"line-height:normal\"><span style=\"font-family:Calibri,sans-serif\"><b><span lang=\"EN-US\" style=\"font-size:18.0pt\"><span style=\"font-variant:small-caps\">Eventos<\/span><\/span><\/b><\/span><\/span><\/span><\/p>\r\n\r\n<p style=\"text-align:justify\"><span style=\"font-size:11pt\"><span style=\"line-height:normal\"><span style=\"font-family:Calibri,sans-serif\"><a href=\"https:\/\/events.economist.com\/sustainability-week\/?RefID=EM13A-WhatsNew-Del_email-owned_MA00007195\" style=\"color:blue; text-decoration:underline\"><b><span lang=\"EN-US\" style=\"font-size:14.0pt\">11th annual Sustainability Week | Incorporating the 3rd annual Energy Transition Summit<\/span><\/b><\/a><span lang=\"EN-US\" style=\"font-size:14.0pt\">, March 2nd &ndash; 4th 2026, Intercontinental London &ndash; the O2<\/span><\/span><\/span><\/span><\/p>\r\n\r\n<p style=\"text-align:justify\"><span style=\"font-size:11pt\"><span style=\"line-height:normal\"><span style=\"font-family:Calibri,sans-serif\"><a href=\"https:\/\/www.worldofwipes.org\/\" style=\"color:blue; text-decoration:underline\"><b><span lang=\"EN-US\" style=\"font-size:14.0pt\">INDA | WOW - World of Wipes International Conference<\/span><\/b><\/a><span lang=\"EN-US\" style=\"font-size:14.0pt\">, June 29&ndash;July 2, 2026, Grand Hyatt Nashville, Nashville, Tennessee USA<\/span><\/span><\/span><\/span><\/p>\r\n\r\n<p style=\"text-align:justify\"><span style=\"font-size:11pt\"><span style=\"line-height:normal\"><span style=\"font-family:Calibri,sans-serif\"><a href=\"https:\/\/filtech.de\/\" style=\"color:blue; text-decoration:underline\"><b><span style=\"font-size:14.0pt\">Filtech 2026<\/span><\/b><\/a><span style=\"font-size:14.0pt\">, de 30 de junho a 2 de julho, Cologne, Alemanha<\/span><\/span><\/span><\/span><\/p>\r\n\r\n<p style=\"text-align:justify\"><span style=\"font-size:11pt\"><span style=\"line-height:normal\"><span style=\"font-family:Calibri,sans-serif\"><a href=\"https:\/\/sienge.com.br\/construsummit\/\" style=\"color:blue; text-decoration:underline\"><b><span style=\"font-size:14.0pt\">Construsummit<\/span><\/b><\/a><span style=\"font-size:14.0pt\">, 1 e 2 de julho de 2026, Florian&oacute;polis, SC<\/span><\/span><\/span><\/span><\/p>\r\n\r\n<p style=\"text-align:justify\"><span style=\"font-size:11pt\"><span style=\"line-height:normal\"><span style=\"font-family:Calibri,sans-serif\"><a href=\"https:\/\/ficons.com.br\/\" style=\"color:blue; text-decoration:underline\"><b><span style=\"font-size:14.0pt\">FICONS - Feira Internacional de Materiais, Equipamentos e Servi&ccedil;os da Constru&ccedil;&atilde;o<\/span><\/b><\/a><span style=\"font-size:14.0pt\">, 15 a 18 de setembro de 2026, Centro de Conven&ccedil;&otilde;es de Pernambuco Recife\/ Olinda<\/span><\/span><\/span><\/span><\/p>\r\n\r\n<p style=\"text-align:justify\"><span style=\"font-size:11pt\"><span style=\"line-height:normal\"><span style=\"font-family:Calibri,sans-serif\"><a href=\"https:\/\/www.edana.org\/events\/outlook\/outlook-2025\" style=\"color:blue; text-decoration:underline\"><b><span style=\"font-size:14.0pt\">OUTLOOK&trade; 2026<\/span><\/b><\/a><span style=\"font-size:14.0pt\">, 22&ndash;24 September 2026, Hotel Miragem, Cascais, Portugal<\/span><\/span><\/span><\/span><\/p>\r\n\r\n<p style=\"text-align:justify\"><span style=\"font-size:28pt\"><span style=\"font-family:Cambria,serif\"><span style=\"letter-spacing:-0.5pt\"><b><span lang=\"EN-US\" style=\"font-size:18.0pt\"><span calibri=\"\" style=\"font-family:\"><span style=\"font-variant:small-caps\">Setor<\/span><\/span><\/span><\/b><\/span><\/span><\/span><\/p>\r\n\r\n<p style=\"text-align:justify\"><span style=\"font-size:11pt\"><span style=\"line-height:normal\"><span style=\"font-family:Calibri,sans-serif\"><a href=\"https:\/\/www.nonwovens-industry.com\/hygiene-suppliers-respond-to-a-brand-new-market\/?utm_campaign=NON%20Issue%20Alert&amp;utm_medium=email&amp;_hsenc=p2ANqtz--Re0f7CA3ck-rqT4DRAu1O83AZ1Vs7RcDhCmiU2PEKED7OtICue8HR5Yf3OVIK_io-FmA6aGk9EJuCmHyAvPwn0z_vQA&amp;_hsmi=394494775&amp;utm_content=394494775&amp;utm_source=hs_email\" style=\"color:blue; text-decoration:underline\"><span lang=\"EN-US\" style=\"font-size:14.0pt\">Hygiene Suppliers Respond to a Brand New Market<\/span><\/a><\/span><\/span><\/span><\/p>\r\n\r\n<p style=\"text-align:justify\"><span style=\"font-size:11pt\"><span style=\"line-height:normal\"><span style=\"font-family:Calibri,sans-serif\"><a href=\"https:\/\/www.nonwovens-industry.com\/automotives-report\/?utm_campaign=NON%20Issue%20Alert&amp;utm_medium=email&amp;_hsenc=p2ANqtz--1OfNpEqo_FRvLOqi4sAL-K6p1nnnFa-mffDnK73v61xP13aaVlpwZLyiTZ7hULiRhzY5TcP0XPK7jPlq8fPISRmwK3w&amp;_hsmi=394494775&amp;utm_content=394494775&amp;utm_source=hs_email\" style=\"color:blue; text-decoration:underline\"><span lang=\"EN-US\" style=\"font-size:14.0pt\">Automotives Report<\/span><\/a><\/span><\/span><\/span><\/p>\r\n\r\n<p style=\"text-align:justify\"><span style=\"font-size:11pt\"><span style=\"line-height:normal\"><span style=\"font-family:Calibri,sans-serif\"><a href=\"https:\/\/www.nonwovens-industry.com\/nonwovens-for-home-office-furnishings-2\/?utm_campaign=NON%20Issue%20Alert&amp;utm_medium=email&amp;_hsenc=p2ANqtz-_J3hh2f-lskLDEnHcwBDzzkpLl8YyhMUNNyuLyC8hXfVIe5spNWbdWdKWMcgsg7TI7F4H2KeZwNXRYUvTCwRc3sdDWtA&amp;_hsmi=394494775&amp;utm_content=394494775&amp;utm_source=hs_email\" style=\"color:blue; text-decoration:underline\"><span lang=\"EN-US\" style=\"font-size:14.0pt\">Nonwovens for Home &amp; Office Furnishings<\/span><\/a><\/span><\/span><\/span><\/p>\r\n\r\n<p style=\"text-align:justify\"><span style=\"font-size:11pt\"><span style=\"line-height:normal\"><span style=\"font-family:Calibri,sans-serif\"><a href=\"https:\/\/www.meiofiltrante.com.br\/Noticia\/131863\/abiplast-anuncia-o-lancamento-do-documentario-o-plastico-no-brasil-\" style=\"color:blue; text-decoration:underline\"><span style=\"font-size:14.0pt\">ABIPLAST anuncia o lan&ccedil;amento do document&aacute;rio: O Pl&aacute;stico no Brasil<\/span><\/a><\/span><\/span><\/span><\/p>\r\n\r\n<p style=\"text-align:justify\"><span style=\"font-size:11pt\"><span style=\"line-height:normal\"><span style=\"font-family:Calibri,sans-serif\"><a href=\"https:\/\/revistaplasticosul.com.br\/sustentabilidade\/abimaq-lanca-serie-educativa-plastificando-para-desmistificar-o-plastico-e-promover-a-economia-circular\/\" style=\"color:blue; text-decoration:underline\"><span style=\"font-size:14.0pt\">ABIMAQ lan&ccedil;a s&eacute;rie educativa &ldquo;Plastificando&rdquo; para desmistificar o pl&aacute;stico e promover a Economia Circular<\/span><\/a><\/span><\/span><\/span><\/p>\r\n\r\n<p style=\"text-align:justify\"><span style=\"font-size:11pt\"><span style=\"line-height:normal\"><span style=\"font-family:Calibri,sans-serif\"><a href=\"https:\/\/public-api.wordpress.com\/bar\/?stat=groovemails-events&amp;bin=wpcom_email_click&amp;redirect_to=https%3A%2F%2Fblogdoplastico.wordpress.com%2F2025%2F12%2F15%2Fig4-assina-contrato-com-a-novonor-para-aquisicao-do-controle-acionario-da-braskem%2F&amp;sr=0&amp;signature=29733d3047262bb6fc286a444dadba66&amp;blog_id=9438832&amp;user=135099004&amp;_e=eyJlcnJvciI6bnVsbCwiYmxvZ19pZCI6OTQzODgzMiwiYmxvZ19sYW5nIjoicHQtQlIiLCJzaXRlX2lkX2xhYmVsIjoid3Bjb20iLCJoYXNfZmVhdHVyZWRfaW1hZ2UiOiIwIiwic3Vic2NyaWJlcl9pZCI6IjQ0NzAwMjQ1IiwiX3VpIjoxMzUwOTkwMDQsImxvY2FsZSI6InB0LWJyIiwiY3VycmVuY3kiOiJCUkwiLCJjb3VudHJ5X2NvZGVfc2lnbnVwIjoiQlIiLCJzaWdudXBfZmxvd19uYW1lIjoiZGVsdGEtc2l0ZSIsImVtYWlsX2RvbWFpbiI6ImFiaW50Lm9yZy5iciIsInBvc3RfaWQiOjE5NTUyLCJ1c2VyX2VtYWlsIjoiYWJpbnRAYWJpbnQub3JnLmJyIiwiZGF0ZV9zZW50IjoiMjAyNS0xMi0xNiIsImVtYWlsX25hbWUiOiJuZXctcG9zdCIsInRlbXBsYXRlIjoibmV3LXBvc3QiLCJlbWFpbF9pZCI6IjZiYjU0NzEzM2EzNTJlMDQ4ZmM2NDk3YTk0ZWM1MjE1IiwibGlua19kZXNjIjoicG9zdC11cmwiLCJhbmNob3JfdGV4dCI6IklHNCBhc3NpbmEgY29udHJhdG8gY29tIGEgTm92b25vciBwYXJhIGFxdWlzaVx1MDBlN1x1MDBlM28gZG8gY29udHJvbGUgYWNpb25cdTAwZTFyaW8gZGFcdTAwYTBCcmFza2VtIiwiX2RyIjpudWxsLCJfZGwiOiJcL3dwLWFkbWluXC9wb3N0LnBocCIsIl91dCI6IndwY29tOnVzZXJfaWQiLCJfdWwiOiJhYmludHR0IiwiX2VuIjoid3Bjb21fZW1haWxfY2xpY2siLCJfdHMiOjE3NjU4NDMzMzgwNzMsImJyb3dzZXJfdHlwZSI6InBocC1hZ2VudCIsIl9hdWEiOiJ3cGNvbS10cmFja3MtY2xpZW50LXYwLjMiLCJibG9nX3R6IjoiLTMiLCJ1c2VyX2xhbmciOiJwdC1iciJ9&amp;_z=z\" style=\"color:blue; text-decoration:underline\"><span style=\"font-size:14.0pt\">IG4 assina contrato com a Novonor para aquisi&ccedil;&atilde;o do controle acion&aacute;rio da&nbsp;Braskem<\/span><\/a><\/span><\/span><\/span><\/p>\r\n\r\n<p style=\"text-align:justify\"><span style=\"font-size:28pt\"><span style=\"font-family:Cambria,serif\"><span style=\"letter-spacing:-0.5pt\"><b><span style=\"font-size:18.0pt\"><span calibri=\"\" style=\"font-family:\"><span style=\"font-variant:small-caps\">Ind&uacute;stria<\/span><\/span><\/span><\/b><\/span><\/span><\/span><\/p>\r\n\r\n<p style=\"text-align:justify\"><span style=\"font-size:11pt\"><span style=\"line-height:normal\"><span style=\"font-family:Calibri,sans-serif\"><a href=\"https:\/\/noticias.portaldaindustria.com.br\/noticias\/economia\/empresarios-industriais-completam-um-ano-sem-confianca-aponta-cni\/\" style=\"color:blue; text-decoration:underline\"><span style=\"font-size:14.0pt\">Empres&aacute;rios industriais completam um ano sem confian&ccedil;a, aponta CNI<\/span><\/a><\/span><\/span><\/span><\/p>\r\n\r\n<p style=\"text-align:justify\"><span style=\"font-size:11pt\"><span style=\"line-height:normal\"><span style=\"font-family:Calibri,sans-serif\"><a href=\"https:\/\/www.agenciasp.sp.gov.br\/governo-de-sp-conquista-aprovacao-do-bid-para-investir-r-1-bilhao-na-saude\/\" style=\"color:blue; text-decoration:underline\"><span style=\"font-size:14.0pt\">Governo de SP conquista aprova&ccedil;&atilde;o do BID para investir R$ 1 bilh&atilde;o na Sa&uacute;de<\/span><\/a><\/span><\/span><\/span><\/p>\r\n\r\n<p style=\"text-align:justify\"><span style=\"font-size:11pt\"><span style=\"line-height:normal\"><span style=\"font-family:Calibri,sans-serif\"><a href=\"https:\/\/g1.globo.com\/rs\/rio-grande-do-sul\/noticia\/2025\/12\/04\/tarifaco-eua-setor-calcadista-pior-outubro-10-anos-165-mil-vagas-fechadas-brasil-associacao.ghtml\" style=\"color:blue; text-decoration:underline\"><span style=\"font-size:14.0pt\">Setor cal&ccedil;adista tem pior outubro em 10 anos e 1,65 mil vagas foram fechadas no Brasil, aponta Associa&ccedil;&atilde;o<\/span><\/a><\/span><\/span><\/span><\/p>\r\n\r\n<p style=\"text-align:justify\"><span style=\"font-size:11pt\"><span style=\"line-height:normal\"><span style=\"font-family:Calibri,sans-serif\"><a href=\"https:\/\/www.moveisdevalor.com.br\/portal\/rondonia-muda-o-eixo-das-importacoes-de-colchoes-no-brasil?source=news\" style=\"color:blue; text-decoration:underline\"><span style=\"font-size:14.0pt\">Rond&ocirc;nia muda o eixo das importa&ccedil;&otilde;es de colch&otilde;es no Brasil<\/span><\/a><\/span><\/span><\/span><\/p>\r\n\r\n<p style=\"text-align:justify\"><span style=\"font-size:11pt\"><span style=\"line-height:normal\"><span style=\"font-family:Calibri,sans-serif\"><a href=\"https:\/\/emobile.com.br\/site\/setor-moveleiro\/industria-de-moveis-ve-melhora-em-setembro-e-outubro-com-cautela\/\" style=\"color:blue; text-decoration:underline\"><span style=\"font-size:14.0pt\">Ind&uacute;stria de m&oacute;veis v&ecirc; melhora em setembro e outubro com cautela<\/span><\/a><\/span><\/span><\/span><\/p>\r\n\r\n<p style=\"text-align:justify\"><span style=\"font-size:11pt\"><span style=\"line-height:normal\"><span style=\"font-family:Calibri,sans-serif\"><a href=\"https:\/\/www.bnamericas.com\/pt\/noticias\/projetos-de-ferrovias-de-carga-no-brasil-ganharao-reforco-de-ate-r24-bilhoes\" style=\"color:blue; text-decoration:underline\"><span style=\"font-size:14.0pt\">Projetos de ferrovias de carga no Brasil ganhar&atilde;o refor&ccedil;o de at&eacute; R$24 bilh&otilde;es<\/span><\/a><\/span><\/span><\/span><\/p>\r\n\r\n<p style=\"text-align:justify\"><span style=\"font-size:28pt\"><span style=\"font-family:Cambria,serif\"><span style=\"letter-spacing:-0.5pt\"><b><span style=\"font-size:18.0pt\"><span calibri=\"\" style=\"font-family:\"><span style=\"font-variant:small-caps\">Sustentabilidade<\/span><\/span><\/span><\/b><\/span><\/span><\/span><\/p>\r\n\r\n<p style=\"text-align:justify\"><span style=\"font-size:11pt\"><span style=\"line-height:normal\"><span style=\"font-family:Calibri,sans-serif\"><a href=\"https:\/\/www12.senado.leg.br\/noticias\/materias\/2025\/12\/02\/saneamento-basico-avanca-em-ritmo-lento-no-pais-avalia-relator-na-cdr\" style=\"color:blue; text-decoration:underline\"><span style=\"font-size:14.0pt\">Saneamento b&aacute;sico avan&ccedil;a em ritmo lento no pa&iacute;s, avalia relator na CDR<\/span><\/a><\/span><\/span><\/span><\/p>\r\n\r\n<p style=\"text-align:justify\"><span style=\"font-size:11pt\"><span style=\"line-height:normal\"><span style=\"font-family:Calibri,sans-serif\"><a href=\"https:\/\/www.cnnbrasil.com.br\/forum-opiniao\/do-descarte-ao-valor-o-novo-ciclo-do-plastico-no-brasil\/\" style=\"color:blue; text-decoration:underline\"><span style=\"font-size:14.0pt\">Do descarte ao valor: o novo ciclo do pl&aacute;stico no Brasil<\/span><\/a><\/span><\/span><\/span><\/p>\r\n\r\n<p style=\"text-align:justify\"><span style=\"font-size:11pt\"><span style=\"line-height:normal\"><span style=\"font-family:Calibri,sans-serif\"><a href=\"https:\/\/olhardigital.com.br\/2025\/11\/27\/pro\/novo-solvente-aprimora-reciclagem-de-tecidos-de-poliester-e-algodao\/\" style=\"color:blue; text-decoration:underline\"><span style=\"font-size:14.0pt\">Novo solvente aprimora reciclagem de tecidos de poli&eacute;ster e algod&atilde;o<\/span><\/a><\/span><\/span><\/span><\/p>\r\n\r\n<p style=\"text-align:justify\"><span style=\"font-size:28pt\"><span style=\"font-family:Cambria,serif\"><span style=\"letter-spacing:-0.5pt\"><b><span style=\"font-size:18.0pt\"><span calibri=\"\" style=\"font-family:\"><span style=\"font-variant:small-caps\">Inova&ccedil;&atilde;o<\/span><\/span><\/span><\/b><\/span><\/span><\/span><\/p>\r\n\r\n<p style=\"text-align:justify\"><span style=\"font-size:11pt\"><span style=\"line-height:normal\"><span style=\"font-family:Calibri,sans-serif\"><a href=\"https:\/\/www.inovacaotecnologica.com.br\/noticias\/noticia.php?artigo=plasticos-programados-autodestruir&amp;id=010125251216&amp;ebol=sim\" style=\"color:blue; text-decoration:underline\"><span style=\"font-size:14.0pt\">Pl&aacute;sticos s&atilde;o programados para se autodestruir em dias ou meses<\/span><\/a><\/span><\/span><\/span><\/p>\r\n\r\n<p style=\"text-align:justify\"><span style=\"font-size:11pt\"><span style=\"line-height:normal\"><span style=\"font-family:Calibri,sans-serif\"><a href=\"https:\/\/www.gov.br\/mcti\/pt-br\/acompanhe-o-mcti\/noticias\/2025\/11\/mcti-e-cnpq-vao-apoiar-14-eventos-de-inovacao-e-empreendedorismo\" style=\"color:blue; text-decoration:underline\"><span style=\"font-size:14.0pt\">MCTI e CNPq v&atilde;o apoiar 14 eventos de inova&ccedil;&atilde;o e empreendedorismo<\/span><\/a><\/span><\/span><\/span><\/p>\r\n\r\n<p style=\"text-align:justify\"><span style=\"font-size:11pt\"><span style=\"line-height:normal\"><span style=\"font-family:Calibri,sans-serif\"><a href=\"https:\/\/catracalivre.com.br\/noticias\/o-japao-cria-um-novo-material-que-resolve-um-dos-maiores-problemas-do-mundo\/\" style=\"color:blue; text-decoration:underline\"><span style=\"font-size:14.0pt\">Jap&atilde;o cria um novo material que resolve um dos maiores problemas do mundo: a polui&ccedil;&atilde;o por pl&aacute;stico nos oceanos<\/span><\/a><\/span><\/span><\/span><\/p>\r\n\r\n<p style=\"text-align:justify\"><span style=\"font-size:28pt\"><span style=\"font-family:Cambria,serif\"><span style=\"letter-spacing:-0.5pt\"><b><span style=\"font-size:18.0pt\"><span calibri=\"\" style=\"font-family:\"><span style=\"font-variant:small-caps\">Com&eacute;rcio Exterior<\/span><\/span><\/span><\/b><\/span><\/span><\/span><\/p>\r\n\r\n<p style=\"text-align:justify\"><span style=\"font-size:11pt\"><span style=\"line-height:normal\"><span style=\"font-family:Calibri,sans-serif\"><a href=\"https:\/\/noticias.uol.com.br\/ultimas-noticias\/afp\/2025\/12\/11\/mercosul-se-reunira-em-20-de-dezembro-para-discutir-acordo-comercial-com-ue.htm\" style=\"color:blue; text-decoration:underline\"><span style=\"font-size:14.0pt\">Mercosul se reunir&aacute; em 20 de dezembro para discutir acordo comercial com EU<\/span><\/a><\/span><\/span><\/span><\/p>\r\n\r\n<p style=\"text-align:justify\"><span style=\"font-size:11pt\"><span style=\"line-height:normal\"><span style=\"font-family:Calibri,sans-serif\"><a href=\"https:\/\/www.fibre2fashion.com\/news\/textile-news\/mexico-approves-tariff-hikes-on-imports-from-many-asian-nations-307062-newsdetails.htm\" style=\"color:blue; text-decoration:underline\"><span lang=\"EN-US\" style=\"font-size:14.0pt\">Mexico approves tariff hikes on imports from many Asian nations<\/span><\/a><\/span><\/span><\/span><\/p>\r\n\r\n<p style=\"text-align:justify\"><span style=\"font-size:11pt\"><span style=\"line-height:normal\"><span style=\"font-family:Calibri,sans-serif\"><a href=\"https:\/\/www.tecnologistica.com.br\/noticias\/america-latina\/20743\/cni-solicita-ampliacao-de-acordo-comercial-com-mexico-diante-de-possivel-aumento-de-tarifas\/\" style=\"color:blue; text-decoration:underline\"><span style=\"font-size:14.0pt\">CNI solicita amplia&ccedil;&atilde;o de acordo comercial com M&eacute;xico diante de poss&iacute;vel aumento de tarifas<\/span><\/a><\/span><\/span><\/span><\/p>\r\n\r\n<p style=\"text-align:justify\"><span style=\"font-size:11pt\"><span style=\"line-height:normal\"><span style=\"font-family:Calibri,sans-serif\"><a href=\"https:\/\/anba.com.br\/brasil-pode-ampliar-venda-de-calcados-aos-emirados\/\" style=\"color:blue; text-decoration:underline\"><span style=\"font-size:14.0pt\">Brasil pode ampliar venda de cal&ccedil;ados aos Emirados<\/span><\/a><\/span><\/span><\/span><\/p>\r\n\r\n<p style=\"text-align:justify\"><span style=\"font-size:11pt\"><span style=\"line-height:normal\"><span style=\"font-family:Calibri,sans-serif\"><a href=\"https:\/\/plasticosemrevista.com.br\/protecionismo-a-ilusao-dos-antidumpings\/\" style=\"color:blue; text-decoration:underline\"><span style=\"font-size:14.0pt\">Protecionismo: a ilus&atilde;o dos antidumpings<\/span><\/a><\/span><\/span><\/span><\/p>\r\n\r\n<p style=\"text-align:justify\"><span style=\"font-size:28pt\"><span style=\"font-family:Cambria,serif\"><span style=\"letter-spacing:-0.5pt\"><b><span style=\"font-size:18.0pt\"><span calibri=\"\" style=\"font-family:\"><span style=\"font-variant:small-caps\">Economia<\/span><\/span><\/span><\/b><\/span><\/span><\/span><\/p>\r\n\r\n<p style=\"text-align:justify\"><span style=\"font-size:11pt\"><span style=\"line-height:normal\"><span style=\"font-family:Calibri,sans-serif\"><a href=\"https:\/\/www.bcb.gov.br\/content\/focus\/focus\/R20251212.pdf\" style=\"color:blue; text-decoration:underline\"><span style=\"font-size:14.0pt\">Focus - Relat&oacute;rio de Mercado<\/span><\/a><\/span><\/span><\/span><\/p>\r\n\r\n<p style=\"text-align:justify\"><span style=\"font-size:11pt\"><span style=\"line-height:normal\"><span style=\"font-family:Calibri,sans-serif\"><a href=\"https:\/\/www.iadb.org\/pt-br\/noticias\/maior-competicao-poderia-elevar-o-pib-em-11-e-reduzir-desigualdade-em-6-na-america-latina-e-no?utm_source=email&amp;utm_medium=news&amp;utm_campaign=maior-competicao-poderia-elevar-o-pib-em-11&amp;utm_term=news&amp;j=1294196&amp;sfmc_sub=194913938&amp;l=2500_HTML&amp;u=22550427&amp;mid=100007543&amp;jb=1\" style=\"color:blue; text-decoration:underline\"><span style=\"font-size:14.0pt\">Maior competi&ccedil;&atilde;o poderia elevar o PIB em 11% e reduzir a desigualdade em 6% na Am&eacute;rica Latina e no Caribe, de acordo com relat&oacute;rio do BID<\/span><\/a><\/span><\/span><\/span><\/p>\r\n\r\n<p style=\"text-align:justify\"><span style=\"font-size:11pt\"><span style=\"line-height:normal\"><span style=\"font-family:Calibri,sans-serif\"><a href=\"https:\/\/sovos.com\/pt-br\/blog\/tributos\/adiamento-validacao-ibs-cbs-impacto-compliance-2026\/\" style=\"color:blue; text-decoration:underline\"><span style=\"font-size:14.0pt\">Reforma Tribut&aacute;ria: Governo adia valida&ccedil;&atilde;o t&eacute;cnica de IBS\/CBS, mas obriga&ccedil;&otilde;es de compliance permanecem para 2026<\/span><\/a><\/span><\/span><\/span><\/p>\r\n\r\n<p style=\"text-align:justify\"><span style=\"font-size:11pt\"><span style=\"line-height:normal\"><span style=\"font-family:Calibri,sans-serif\"><a href=\"https:\/\/www.fibre2fashion.com\/news\/textile-news\/imf-lifts-china-s-2025-gdp-growth-forecast-to-5-307087-newsdetails.htm\" style=\"color:blue; text-decoration:underline\"><span lang=\"EN-US\" style=\"font-size:14.0pt\">IMF lifts China&#39;s 2025 GDP growth forecast to 5%<\/span><\/a><\/span><\/span><\/span><\/p>\r\n\r\n<p style=\"text-align:justify\"><img src=\"https:\/\/www.abint.org.br\/assets\/img\/editor\/redes-sociais-abint-ctg-cth_20251205172709SEybvhNLVO.jpg\" \/><\/p>\r\n","texto_en":"","7":"","imagem":"COMP_capa-2025-site-boletim-abint-noticias-semanis_20251216132759H9iagWRQqV.jpg","8":"COMP_capa-2025-site-boletim-abint-noticias-semanis_20251216132759H9iagWRQqV.jpg","arquivo":"20251216-BOLETIM-ABINT-DE-NOTICIAS-SEMANAIS.PDF","9":"20251216-BOLETIM-ABINT-DE-NOTICIAS-SEMANAIS.PDF","titulo_arquivo":"20251216 Boletim ABINT de Not\u00edcias Semanais","10":"20251216 Boletim ABINT de Not\u00edcias Semanais","titulo_arquivo_en":"","11":"","created_at":"2025-12-16 13:28:07","12":"2025-12-16 13:28:07","updated_at":"2025-12-16 13:28:50","13":"2025-12-16 13:28:50"},{"id":209,"0":209,"ordem":14,"1":14,"data":"2025-12-09","2":"2025-12-09","slug":"boletim-abint-de-noticias-semanais-107","3":"boletim-abint-de-noticias-semanais-107","titulo":"Boletim ABINT de Not\u00edcias Semanais","4":"Boletim ABINT de Not\u00edcias Semanais","titulo_en":"","5":"","texto":"<p style=\"text-align:justify\"><span style=\"font-size:11pt\"><span style=\"line-height:normal\"><span style=\"font-family:Calibri,sans-serif\"><span style=\"font-size:14.0pt\">Esta &eacute; uma compila&ccedil;&atilde;o das not&iacute;cias mais relevantes para o setor, incluindo informa&ccedil;&otilde;es sobre acordos internacionais, economia brasileira, sustentabilidade e mat&eacute;rias primas, al&eacute;m de novidades do setor de N&atilde;otecidos e Tecidos T&eacute;cnicos.<\/span><\/span><\/span><\/span><\/p>\r\n\r\n<p style=\"text-align:justify\"><span style=\"font-size:28pt\"><span style=\"font-family:Cambria,serif\"><span style=\"letter-spacing:-0.5pt\"><b><span style=\"font-size:18.0pt\"><span style=\"font-family:&quot;Calibri&quot;,sans-serif\"><span style=\"font-variant:small-caps\">O que vem por a&iacute;<\/span><\/span><\/span><\/b><\/span><\/span><\/span><\/p>\r\n\r\n<p style=\"text-align:justify\"><b><img src=\"https:\/\/www.abint.org.br\/assets\/img\/editor\/20251210-live-ctg-instagram-portelinha_20251205172426SV5nUNMIk4.jpeg\" style=\"width: 500px; height: 667px;\" \/><\/b><\/p>\r\n\r\n<p style=\"text-align:justify\">&nbsp;<\/p>\r\n\r\n<p><img src=\"https:\/\/www.abint.org.br\/assets\/img\/editor\/save-the-date-curso-br-instal-gmb-2026-3_20251209171448ohr1eNNv8r.jpg\" style=\"width: 500px; height: 500px;\" \/><\/p>\r\n\r\n<p class=\"MsoTitle\" style=\"text-align:justify\"><span style=\"font-size:28pt\"><span style=\"font-family:Cambria,serif\"><span style=\"letter-spacing:-0.5pt\"><b><span style=\"font-size:18.0pt\"><span style=\"font-family:&quot;Calibri&quot;,sans-serif\"><span style=\"font-variant:small-caps\">Not&iacute;cias das Associadas<\/span><\/span><\/span><\/b><\/span><\/span><\/span><\/p>\r\n\r\n<p style=\"text-align:justify\"><span style=\"font-size:11pt\"><span style=\"line-height:normal\"><span style=\"font-family:Calibri,sans-serif\"><a href=\"http:\/\/www.jornow.com.br\/jornow\/noticia.php?idempresa=4412&amp;num_release=312985&amp;ori=V\" style=\"color:blue; text-decoration:underline\"><span style=\"font-size:14.0pt\">CTG ABINT lan&ccedil;a cartilha sobre uso de geossint&eacute;ticos em filtra&ccedil;&atilde;o e drenagem de muros e trincheiras<\/span><\/a><\/span><\/span><\/span><\/p>\r\n\r\n<p style=\"text-align:justify\"><span style=\"font-size:11pt\"><span style=\"line-height:normal\"><span style=\"font-family:Calibri,sans-serif\"><a href=\"https:\/\/opopularpr.com.br\/andritz-service-center-inovacao-e-expansao-que-fortalecem-a-industria-brasileira\/\" style=\"color:blue; text-decoration:underline\"><span style=\"font-size:14.0pt\">ANDRITZ Service Center: inova&ccedil;&atilde;o e expans&atilde;o que fortalecem a ind&uacute;stria brasileira<\/span><\/a><\/span><\/span><\/span><\/p>\r\n\r\n<p style=\"text-align:justify\"><span style=\"font-size:11pt\"><span style=\"line-height:normal\"><span style=\"font-family:Calibri,sans-serif\"><a href=\"https:\/\/technical-textiles.textiletechnology.net\/news\/news\/andritz-andritz-to-consolidate-operations-in-france-52264\" style=\"color:blue; text-decoration:underline\"><span style=\"font-size:14.0pt\">Andritz consolidar&aacute; opera&ccedil;&otilde;es na Fran&ccedil;a<\/span><\/a><\/span><\/span><\/span><\/p>\r\n\r\n<p style=\"text-align:justify\"><span style=\"font-size:11pt\"><span style=\"line-height:normal\"><span style=\"font-family:Calibri,sans-serif\"><a href=\"https:\/\/www.nonwovens-industry.com\/breaking-news\/toray-sells-stake-in-japan-vilene\/?utm_campaign=NON%20eNewsletter&amp;utm_medium=email&amp;_hsenc=p2ANqtz-9OnBId5s1BAOmXpDwN1Et19zh4Hic5xVypU7HnD8tqhJZNMYcq2Uk-NM2xoPZeO_Par7LwhvGuLM3bl4eqPqlMFOurpQ&amp;_hsmi=392994219&amp;utm_content=392994219&amp;utm_source=hs_email\" style=\"color:blue; text-decoration:underline\"><span style=\"font-size:14.0pt\">[Freudenberg] Toray Sells Stake in Japan Vilene<\/span><\/a><\/span><\/span><\/span><\/p>\r\n\r\n<p style=\"text-align:justify\"><span style=\"font-size:11pt\"><span style=\"line-height:normal\"><span style=\"font-family:Calibri,sans-serif\"><a href=\"https:\/\/maua.br\/noticias\/infomaua\/361\/texto\/1556?utm_source=akna&amp;utm_medium=email&amp;utm_campaign=Maua-completa-64-anos-e-amplia-fronteiras-com-inovacao-e-futuro-na-Educacao\" style=\"color:blue; text-decoration:underline\"><span style=\"font-size:14.0pt\">Mau&aacute; completa 64 anos e amplia fronteiras com inova&ccedil;&atilde;o e futuro na Educa&ccedil;&atilde;o<\/span><\/a><\/span><\/span><\/span><\/p>\r\n\r\n<p style=\"text-align:justify\"><span style=\"font-size:11pt\"><span style=\"line-height:normal\"><span style=\"font-family:Calibri,sans-serif\"><b><span style=\"font-size:18.0pt\"><span style=\"font-variant:small-caps\">Eventos<\/span><\/span><\/b><\/span><\/span><\/span><\/p>\r\n\r\n<p style=\"text-align:justify\"><span style=\"font-size:11pt\"><span style=\"line-height:normal\"><span style=\"font-family:Calibri,sans-serif\"><a href=\"https:\/\/teams.microsoft.com\/l\/meetup-join\/19%3ameeting_OWM3NzE4MWUtNjJjMS00ZTY0LTk2NWUtNWQ2YzkyODJlYzgz%40thread.v2\/0?context=%7b%22Tid%22%3a%226d6bcc3f-bda1-4f54-af1d-86d4b7d4e6b8%22%2c%22Oid%22%3a%22d15420cd-4e99-4b07-8d6f-dd295a9a5fce%22%7d\" style=\"color:blue; text-decoration:underline\"><b><span style=\"font-size:14.0pt\">CNI | O papel da metrologia no Inmetro (Dimci) e seu impacto na competitividade e inova&ccedil;&atilde;o da ind&uacute;stria<\/span><\/b><\/a><span style=\"font-size:14.0pt\">, 11 de dezembro de 2025, 16h, evento virtual Av. Pereira Barreto, 1395, Santo Andr&eacute;, SP<\/span><\/span><\/span><\/span><\/p>\r\n\r\n<p style=\"text-align:justify\"><span style=\"font-size:11pt\"><span style=\"line-height:normal\"><span style=\"font-family:Calibri,sans-serif\"><a href=\"https:\/\/docs.google.com\/forms\/d\/e\/1FAIpQLSfoWadac-7RVAX8VDsDsyYJTGMGfw7HtKw7wYvju1qPZhO57w\/viewform?usp=send_form\" style=\"color:blue; text-decoration:underline\"><b><span style=\"font-size:14.0pt\">Ciclo de Palestras Abrafiltros | Perspectivas Econ&ocirc;micas 2026 &amp; ESG e a Cultura das Empresas<\/span><\/b><\/a><span style=\"font-size:14.0pt\">, 11 de dezembro de 2025, 09h00, evento gratuito e presencia, sede Abrafiltros, <\/span><\/span><\/span><\/span><\/p>\r\n\r\n<p style=\"text-align:justify\"><span style=\"font-size:11pt\"><span style=\"line-height:normal\"><span style=\"font-family:Calibri,sans-serif\"><a href=\"https:\/\/ufob.edu.br\/cursos-e-eventos\/cards\/i-encontro-terzaghi-giroud\" style=\"color:blue; text-decoration:underline\"><b><span style=\"font-size:14.0pt\">I Encontro Terzaghi-Giroud<\/span><\/b><\/a><span style=\"font-size:14.0pt\">, 11 de dezembro de 2025, 7h30 &agrave;s 18h30, evento presencial, audit&oacute;rio do PD, UFOB Barreiras, BA<\/span><\/span><\/span><\/span><\/p>\r\n\r\n<p style=\"text-align:justify\"><span style=\"font-size:11pt\"><span style=\"line-height:normal\"><span style=\"font-family:Calibri,sans-serif\"><a href=\"https:\/\/events.economist.com\/sustainability-week\/?RefID=EM13A-WhatsNew-Del_email-owned_MA00007195\" style=\"color:blue; text-decoration:underline\"><b><span lang=\"EN-US\" style=\"font-size:14.0pt\">11th annual Sustainability Week | Incorporating the 3rd annual Energy Transition Summit<\/span><\/b><\/a><span lang=\"EN-US\" style=\"font-size:14.0pt\">, March 2nd &ndash; 4th 2026, Intercontinental London &ndash; the O2<\/span><\/span><\/span><\/span><\/p>\r\n\r\n<p style=\"text-align:justify\"><span style=\"font-size:11pt\"><span style=\"line-height:normal\"><span style=\"font-family:Calibri,sans-serif\"><a href=\"https:\/\/www.worldofwipes.org\/\" style=\"color:blue; text-decoration:underline\"><b><span lang=\"EN-US\" style=\"font-size:14.0pt\">INDA | WOW - World of Wipes International Conference<\/span><\/b><\/a><span lang=\"EN-US\" style=\"font-size:14.0pt\">, June 29&ndash;July 2, 2026, Grand Hyatt Nashville, Nashville, Tennessee USA<\/span><\/span><\/span><\/span><\/p>\r\n\r\n<p style=\"text-align:justify\"><span style=\"font-size:11pt\"><span style=\"line-height:normal\"><span style=\"font-family:Calibri,sans-serif\"><a href=\"https:\/\/filtech.de\/\" style=\"color:blue; text-decoration:underline\"><b><span style=\"font-size:14.0pt\">Filtech 2026<\/span><\/b><\/a><span style=\"font-size:14.0pt\">, de 30 de junho a 2 de julho, Cologne, Alemanha<\/span><\/span><\/span><\/span><\/p>\r\n\r\n<p style=\"text-align:justify\"><span style=\"font-size:11pt\"><span style=\"line-height:normal\"><span style=\"font-family:Calibri,sans-serif\"><a href=\"https:\/\/sienge.com.br\/construsummit\/\" style=\"color:blue; text-decoration:underline\"><b><span style=\"font-size:14.0pt\">Construsummit<\/span><\/b><\/a><span style=\"font-size:14.0pt\">, 1 e 2 de julho de 2026, Florian&oacute;polis, SC<\/span><\/span><\/span><\/span><\/p>\r\n\r\n<p style=\"text-align:justify\"><span style=\"font-size:11pt\"><span style=\"line-height:normal\"><span style=\"font-family:Calibri,sans-serif\"><a href=\"https:\/\/ficons.com.br\/\" style=\"color:blue; text-decoration:underline\"><b><span style=\"font-size:14.0pt\">FICONS - Feira Internacional de Materiais, Equipamentos e Servi&ccedil;os da Constru&ccedil;&atilde;o<\/span><\/b><\/a><span style=\"font-size:14.0pt\">, 15 a 18 de setembro de 2026, Centro de Conven&ccedil;&otilde;es de Pernambuco Recife\/ Olinda<\/span><\/span><\/span><\/span><\/p>\r\n\r\n<p style=\"text-align:justify\"><span style=\"font-size:11pt\"><span style=\"line-height:normal\"><span style=\"font-family:Calibri,sans-serif\"><a href=\"https:\/\/www.edana.org\/events\/outlook\/outlook-2025\" style=\"color:blue; text-decoration:underline\"><b><span style=\"font-size:14.0pt\">OUTLOOK&trade; 2026<\/span><\/b><\/a><span style=\"font-size:14.0pt\">, 22&ndash;24 September 2026, Hotel Miragem, Cascais, Portugal<\/span><\/span><\/span><\/span><\/p>\r\n\r\n<p style=\"text-align:justify\"><span style=\"font-size:28pt\"><span style=\"font-family:Cambria,serif\"><span style=\"letter-spacing:-0.5pt\"><b><span lang=\"EN-US\" style=\"font-size:18.0pt\"><span style=\"font-family:&quot;Calibri&quot;,sans-serif\"><span style=\"font-variant:small-caps\">Setor<\/span><\/span><\/span><\/b><\/span><\/span><\/span><\/p>\r\n\r\n<p style=\"text-align:justify\"><span style=\"font-size:11pt\"><span style=\"line-height:normal\"><span style=\"font-family:Calibri,sans-serif\"><a href=\"https:\/\/www.innovationintextiles.com\/industry-talk\/major-corporations-now-addressing-pfas\/\" style=\"color:blue; text-decoration:underline\"><span lang=\"EN-US\" style=\"font-size:14.0pt\">Major corporations now addressing PFAS<\/span><\/a><\/span><\/span><\/span><\/p>\r\n\r\n<p style=\"text-align:justify\"><span style=\"font-size:11pt\"><span style=\"line-height:normal\"><span style=\"font-family:Calibri,sans-serif\"><a href=\"https:\/\/www.nonwovens-industry.com\/breaking-news\/december-online-auction-to-offer-nonwoven-manufacturing-equipment\/\" style=\"color:blue; text-decoration:underline\"><span lang=\"EN-US\" style=\"font-size:14.0pt\">December online auction to offer nonwoven manufacturing equipment<\/span><\/a><\/span><\/span><\/span><\/p>\r\n\r\n<p style=\"text-align:justify\"><span style=\"font-size:11pt\"><span style=\"line-height:normal\"><span style=\"font-family:Calibri,sans-serif\"><a href=\"https:\/\/www.nonwovens-industry.com\/breaking-news\/ontex-triples-baby-pants-capacity-in-north-america\/?utm_campaign=NON%20eNewsletter&amp;utm_medium=email&amp;_hsenc=p2ANqtz-9FIGhSrTvx4aKhjo9-PVHVHJsIius_zOj3lbOz6-gtT0G6J9l3bJKbp4dZ5cXlpk3N5UeN8cSxE815rKeXiT_B4LvLng&amp;_hsmi=392994219&amp;utm_content=392994219&amp;utm_source=hs_email\" style=\"color:blue; text-decoration:underline\"><span lang=\"EN-US\" style=\"font-size:14.0pt\">Ontex Triples Baby Pants Capacity in North America<\/span><\/a><\/span><\/span><\/span><\/p>\r\n\r\n<p style=\"text-align:justify\"><span style=\"font-size:28pt\"><span style=\"font-family:Cambria,serif\"><span style=\"letter-spacing:-0.5pt\"><b><span style=\"font-size:18.0pt\"><span style=\"font-family:&quot;Calibri&quot;,sans-serif\"><span style=\"font-variant:small-caps\">Ind&uacute;stria<\/span><\/span><\/span><\/b><\/span><\/span><\/span><\/p>\r\n\r\n<p style=\"text-align:justify\"><span style=\"font-size:11pt\"><span style=\"line-height:normal\"><span style=\"font-family:Calibri,sans-serif\"><a href=\"https:\/\/noticias.portaldaindustria.com.br\/noticias\/economia\/pib-desacelera-e-acende-alerta-para-a-industria-brasileira-ep182\/\" style=\"color:blue; text-decoration:underline\"><span style=\"font-size:14.0pt\">PIB desacelera e acende alerta para a ind&uacute;stria brasileira (Ep.#182)<\/span><\/a><\/span><\/span><\/span><\/p>\r\n\r\n<p style=\"text-align:justify\"><span style=\"font-size:11pt\"><span style=\"line-height:normal\"><span style=\"font-family:Calibri,sans-serif\"><a href=\"https:\/\/noticias.portaldaindustria.com.br\/noticias\/economia\/apos-terceira-queda-consecutiva-faturamento-industrial-cai-27-em-outubro-diz-cni\/\" style=\"color:blue; text-decoration:underline\"><span style=\"font-size:14.0pt\">Ap&oacute;s terceira queda consecutiva, faturamento industrial cai 2,7% em outubro, diz CNI<\/span><\/a><\/span><\/span><\/span><\/p>\r\n\r\n<p style=\"text-align:justify\"><span style=\"font-size:11pt\"><span style=\"line-height:normal\"><span style=\"font-family:Calibri,sans-serif\"><a href=\"https:\/\/noticias.portaldaindustria.com.br\/noticias\/infraestrutura\/cni-aponta-fragilidades-na-metodologia-de-calculo-do-tabelamento-do-frete\/\" style=\"color:blue; text-decoration:underline\"><span style=\"font-size:14.0pt\">CNI aponta fragilidades na metodologia de c&aacute;lculo do tabelamento do frete<\/span><\/a><\/span><\/span><\/span><\/p>\r\n\r\n<p style=\"text-align:justify\"><span style=\"font-size:11pt\"><span style=\"line-height:normal\"><span style=\"font-family:Calibri,sans-serif\"><a href=\"https:\/\/revistaplasticosul.com.br\/transformacao-aplicacoes\/o-futuro-da-industria-ou-a-industria-do-futuro\/\" style=\"color:blue; text-decoration:underline\"><span style=\"font-size:14.0pt\">Transforma&ccedil;&atilde;o: o futuro da ind&uacute;stria ou a ind&uacute;stria do futuro?<\/span><\/a><\/span><\/span><\/span><\/p>\r\n\r\n<p style=\"text-align:justify\"><span style=\"font-size:11pt\"><span style=\"line-height:normal\"><span style=\"font-family:Calibri,sans-serif\"><a href=\"https:\/\/noticias.portaldaindustria.com.br\/noticias\/politica-industrial\/mercadante-industria-e-prioridade-para-a-economia-do-brasil-e-lidera-os-investimentos-do-bndes\/\" style=\"color:blue; text-decoration:underline\"><span style=\"font-size:14.0pt\">Mercadante: ind&uacute;stria &eacute; prioridade para a economia do Brasil e lidera os investimentos do BNDES<\/span><\/a><\/span><\/span><\/span><\/p>\r\n\r\n<p style=\"text-align:justify\"><span style=\"font-size:11pt\"><span style=\"line-height:normal\"><span style=\"font-family:Calibri,sans-serif\"><a href=\"https:\/\/revistaoeste.com\/economia\/queda-na-producao-de-veiculos-acende-alerta-na-industria-em-novembro\/\" style=\"color:blue; text-decoration:underline\"><span style=\"font-size:14.0pt\">Queda na produ&ccedil;&atilde;o de ve&iacute;culos acende alerta na ind&uacute;stria<\/span><\/a><\/span><\/span><\/span><\/p>\r\n\r\n<p style=\"text-align:justify\"><span style=\"font-size:11pt\"><span style=\"line-height:normal\"><span style=\"font-family:Calibri,sans-serif\"><a href=\"https:\/\/abcic.org.br\/Noticia\/Exibir\/brasil-deve-receber-r-372-bilhoes-em-investimentos-privados-em-infraestrutura-ate-2029\" style=\"color:blue; text-decoration:underline\"><span style=\"font-size:14.0pt\">Brasil deve receber R$ 372 bilh&otilde;es em investimentos privados em infraestrutura at&eacute; 2029<\/span><\/a><\/span><\/span><\/span><\/p>\r\n\r\n<p style=\"text-align:justify\"><span style=\"font-size:11pt\"><span style=\"line-height:normal\"><span style=\"font-family:Calibri,sans-serif\"><a href=\"https:\/\/share.google\/JvYqYo2epDmysAAUm\" style=\"color:blue; text-decoration:underline\"><span style=\"font-size:14.0pt\">Estudo aponta irregularidade em 37% dos processos de minera&ccedil;&atilde;o no pa&iacute;s<\/span><\/a><\/span><\/span><\/span><\/p>\r\n\r\n<p style=\"text-align:justify\"><span style=\"font-size:28pt\"><span style=\"font-family:Cambria,serif\"><span style=\"letter-spacing:-0.5pt\"><b><span style=\"font-size:18.0pt\"><span style=\"font-family:&quot;Calibri&quot;,sans-serif\"><span style=\"font-variant:small-caps\">Sustentabilidade<\/span><\/span><\/span><\/b><\/span><\/span><\/span><\/p>\r\n\r\n<p style=\"text-align:justify\"><span style=\"font-size:11pt\"><span style=\"line-height:normal\"><span style=\"font-family:Calibri,sans-serif\"><a href=\"https:\/\/revistaplasticosul.com.br\/sustentabilidade\/recicladoras-fortalecem-avanco-da-logistica-reversa-e-garantem-95-de-reciclabilidade-das-embalagens-de-defensivos-agricolas-no-brasil\/\" style=\"color:blue; text-decoration:underline\"><span style=\"font-size:14.0pt\">Recicladoras fortalecem avan&ccedil;o da log&iacute;stica reversa e garantem 95% de reciclabilidade das embalagens de defensivos agr&iacute;colas no Brasil<\/span><\/a><\/span><\/span><\/span><\/p>\r\n\r\n<p style=\"text-align:justify\"><span style=\"font-size:11pt\"><span style=\"line-height:normal\"><span style=\"font-family:Calibri,sans-serif\"><a href=\"https:\/\/www.textiletechnology.net\/news\/news\/syre--nike-cooperation-to-scale-circular-polyester-innovation-52155\" style=\"color:blue; text-decoration:underline\"><span lang=\"EN-US\" style=\"font-size:14.0pt\">Cooperation to scale circular polyester innovation<\/span><\/a><\/span><\/span><\/span><\/p>\r\n\r\n<p style=\"text-align:justify\"><span style=\"font-size:11pt\"><span style=\"line-height:normal\"><span style=\"font-family:Calibri,sans-serif\"><a href=\"https:\/\/www.textiletechnology.net\/news\/news\/fraunhofer-umsicht-circular-economy-for-textile-waste-new-eu-project-launched-52273\" style=\"color:blue; text-decoration:underline\"><span lang=\"EN-US\" style=\"font-size:14.0pt\">Circular economy for textile waste: New EU project launched<\/span><\/a><\/span><\/span><\/span><\/p>\r\n\r\n<p style=\"text-align:justify\"><span style=\"font-size:11pt\"><span style=\"line-height:normal\"><span style=\"font-family:Calibri,sans-serif\"><a href=\"https:\/\/textile-network.com\/en\/Business\/Strategic-Partnership-Driving-Textile-Circularity\" style=\"color:blue; text-decoration:underline\"><span lang=\"EN-US\" style=\"font-size:14.0pt\">Strategic Partnership Driving Textile Circularity<\/span><\/a><\/span><\/span><\/span><\/p>\r\n\r\n<p style=\"text-align:justify\"><span style=\"font-size:11pt\"><span style=\"line-height:normal\"><span style=\"font-family:Calibri,sans-serif\"><a href=\"https:\/\/textile-network.com\/en\/Business\/EU-Project-Targets-Textile-Recycling\" style=\"color:blue; text-decoration:underline\"><span lang=\"EN-US\" style=\"font-size:14.0pt\">EU Project Targets Textile Recycling<\/span><\/a><\/span><\/span><\/span><\/p>\r\n\r\n<p style=\"text-align:justify\"><span style=\"font-size:28pt\"><span style=\"font-family:Cambria,serif\"><span style=\"letter-spacing:-0.5pt\"><b><span style=\"font-size:18.0pt\"><span style=\"font-family:&quot;Calibri&quot;,sans-serif\"><span style=\"font-variant:small-caps\">Inova&ccedil;&atilde;o<\/span><\/span><\/span><\/b><\/span><\/span><\/span><\/p>\r\n\r\n<p style=\"text-align:justify\"><span style=\"font-size:11pt\"><span style=\"line-height:normal\"><span style=\"font-family:Calibri,sans-serif\"><a href=\"https:\/\/www.inovacaotecnologica.com.br\/noticias\/noticia.php?artigo=tecido-mais-preto-mundo&amp;id=010160251209&amp;ebol=sim\" style=\"color:blue; text-decoration:underline\"><span style=\"font-size:14.0pt\">Tecido mais preto do mundo &eacute; inspirado em ave-do-para&iacute;so<\/span><\/a><\/span><\/span><\/span><\/p>\r\n\r\n<p style=\"text-align:justify\"><span style=\"font-size:11pt\"><span style=\"line-height:normal\"><span style=\"font-family:Calibri,sans-serif\"><a href=\"https:\/\/grafittinews.com.br\/uff-transforma-copos-plasticos-descartaveis-em-sensores-eletroquimicos-de-alta-performance\/\" style=\"color:blue; text-decoration:underline\"><span style=\"font-size:14.0pt\">UFF transforma copos pl&aacute;sticos descart&aacute;veis em sensores eletroqu&iacute;micos de alta performance<\/span><\/a><\/span><\/span><\/span><\/p>\r\n\r\n<p style=\"text-align:justify\"><span style=\"font-size:28pt\"><span style=\"font-family:Cambria,serif\"><span style=\"letter-spacing:-0.5pt\"><b><span style=\"font-size:18.0pt\"><span style=\"font-family:&quot;Calibri&quot;,sans-serif\"><span style=\"font-variant:small-caps\">Com&eacute;rcio Exterior<\/span><\/span><\/span><\/b><\/span><\/span><\/span><\/p>\r\n\r\n<p style=\"text-align:justify\"><span style=\"font-size:11pt\"><span style=\"line-height:normal\"><span style=\"font-family:Calibri,sans-serif\"><a href=\"https:\/\/technical-textiles.textiletechnology.net\/news\/news\/eu-registration-on-pet-spunbond-imports-from-china-imposed-52278\" style=\"color:blue; text-decoration:underline\"><span style=\"font-size:14.0pt\">Europa: imposto sobre o registro de importa&ccedil;&otilde;es de spunbond de PET da China<\/span><\/a><\/span><\/span><\/span><\/p>\r\n\r\n<p style=\"text-align:justify\"><span style=\"font-size:11pt\"><span style=\"line-height:normal\"><span style=\"font-family:Calibri,sans-serif\"><a href=\"https:\/\/noticias.portaldaindustria.com.br\/noticias\/internacional\/logistica-e-juros-travam-competitividade-das-exportacoes-brasileiras-aponta-cni\/\" style=\"color:blue; text-decoration:underline\"><span style=\"font-size:14.0pt\">Log&iacute;stica e juros travam competitividade das exporta&ccedil;&otilde;es brasileiras, aponta CNI<\/span><\/a><\/span><\/span><\/span><\/p>\r\n\r\n<p style=\"text-align:justify\"><span style=\"font-size:11pt\"><span style=\"line-height:normal\"><span style=\"font-family:Calibri,sans-serif\"><a href=\"https:\/\/noticias.portaldaindustria.com.br\/noticias\/internacional\/brasil-deve-acelerar-ampliacao-de-acordo-de-livre-comercio-com-o-mexico-avalia-cni\/\" style=\"color:blue; text-decoration:underline\"><span style=\"font-size:14.0pt\">Brasil deve acelerar amplia&ccedil;&atilde;o de acordo de livre com&eacute;rcio com o M&eacute;xico, avalia CNI<\/span><\/a><\/span><\/span><\/span><\/p>\r\n\r\n<p style=\"text-align:justify\"><span style=\"font-size:11pt\"><span style=\"line-height:normal\"><span style=\"font-family:Calibri,sans-serif\"><a href=\"https:\/\/fecomercio.com.br\/noticia\/acordo-entre-mercosul-e-ue-sera-divisor-de-aguas-para-a-insercao-internacional-de-pmes-paulistas\" style=\"color:blue; text-decoration:underline\"><span style=\"font-size:14.0pt\">Acordo entre Mercosul e UE ser&aacute; divisor de &aacute;guas para a inser&ccedil;&atilde;o internacional de PMEs paulistas<\/span><\/a><\/span><\/span><\/span><\/p>\r\n\r\n<p style=\"text-align:justify\"><span style=\"font-size:11pt\"><span style=\"line-height:normal\"><span style=\"font-family:Calibri,sans-serif\"><a href=\"https:\/\/apexbrasil.com.br\/content\/apexbrasil\/br\/pt\/conteudo\/noticias\/Acesse-o-estudo-de-oportunidade-na-Arabia-Saudita-para-produtos-de-casa-e-construcao.html#msdynmkt_trackingcontext=8e909d18-7be3-4cda-9a5d-934d99fc0000\" style=\"color:blue; text-decoration:underline\"><span style=\"font-size:14.0pt\">Acesse o estudo de oportunidade na Ar&aacute;bia Saudita para produtos de casa e constru&ccedil;&atilde;o<\/span><\/a><\/span><\/span><\/span><\/p>\r\n\r\n<p style=\"text-align:justify\"><span style=\"font-size:11pt\"><span style=\"line-height:normal\"><span style=\"font-family:Calibri,sans-serif\"><a href=\"https:\/\/apexbrasil.com.br\/content\/apexbrasil\/br\/pt\/conteudo\/noticias\/Brasil-fortalece-relacoes-comerciais-com-Argentina-e-Colombia-oportunidades-e-investimentos-em-destaque.html#msdynmkt_trackingcontext=8e909d18-7be3-4cda-9a5d-934d99fc0000\" style=\"color:blue; text-decoration:underline\"><span style=\"font-size:14.0pt\">Brasil fortalece rela&ccedil;&otilde;es comerciais com Argentina e Col&ocirc;mbia: oportunidades e investimentos em destaque<\/span><\/a><\/span><\/span><\/span><\/p>\r\n\r\n<p style=\"text-align:justify\"><span style=\"font-size:11pt\"><span style=\"line-height:normal\"><span style=\"font-family:Calibri,sans-serif\"><a href=\"https:\/\/noticias.portaldaindustria.com.br\/noticias\/economia\/cni-lanca-painel-atualizado-sobre-tarifas-dos-eua-apos-ampliacao-de-isencoes\/\" style=\"color:blue; text-decoration:underline\"><span style=\"font-size:14.0pt\">CNI lan&ccedil;a painel interativo sobre tarifas dos EUA ap&oacute;s amplia&ccedil;&atilde;o de isen&ccedil;&otilde;es<\/span><\/a><\/span><\/span><\/span><\/p>\r\n\r\n<p style=\"text-align:justify\"><span style=\"font-size:28pt\"><span style=\"font-family:Cambria,serif\"><span style=\"letter-spacing:-0.5pt\"><b><span style=\"font-size:18.0pt\"><span style=\"font-family:&quot;Calibri&quot;,sans-serif\"><span style=\"font-variant:small-caps\">Economia<\/span><\/span><\/span><\/b><\/span><\/span><\/span><\/p>\r\n\r\n<p style=\"text-align:justify\"><span style=\"font-size:11pt\"><span style=\"line-height:normal\"><span style=\"font-family:Calibri,sans-serif\"><a href=\"https:\/\/www.bcb.gov.br\/content\/focus\/focus\/R20251205.pdf\" style=\"color:blue; text-decoration:underline\"><span style=\"font-size:14.0pt\">Focus - Relat&oacute;rio de Mercado<\/span><\/a><\/span><\/span><\/span><\/p>\r\n\r\n<p style=\"text-align:justify\"><span style=\"font-size:11pt\"><span style=\"line-height:normal\"><span style=\"font-family:Calibri,sans-serif\"><a href=\"https:\/\/www.fibre2fashion.com\/news\/textile-news\/global-economy-resilient-but-fragile-oecd-economic-outlook-306875-newsdetails.htm\" style=\"color:blue; text-decoration:underline\"><span lang=\"EN-US\" style=\"font-size:14.0pt\">Global economy resilient, but fragile: OECD Economic Outlook<\/span><\/a><\/span><\/span><\/span><\/p>\r\n\r\n<p style=\"text-align:justify\"><img src=\"https:\/\/www.abint.org.br\/assets\/img\/editor\/redes-sociais-abint-ctg-cth_20251205172709SEybvhNLVO.jpg\" \/><\/p>\r\n","6":"<p style=\"text-align:justify\"><span style=\"font-size:11pt\"><span style=\"line-height:normal\"><span style=\"font-family:Calibri,sans-serif\"><span style=\"font-size:14.0pt\">Esta &eacute; uma compila&ccedil;&atilde;o das not&iacute;cias mais relevantes para o setor, incluindo informa&ccedil;&otilde;es sobre acordos internacionais, economia brasileira, sustentabilidade e mat&eacute;rias primas, al&eacute;m de novidades do setor de N&atilde;otecidos e Tecidos T&eacute;cnicos.<\/span><\/span><\/span><\/span><\/p>\r\n\r\n<p style=\"text-align:justify\"><span style=\"font-size:28pt\"><span style=\"font-family:Cambria,serif\"><span style=\"letter-spacing:-0.5pt\"><b><span style=\"font-size:18.0pt\"><span style=\"font-family:&quot;Calibri&quot;,sans-serif\"><span style=\"font-variant:small-caps\">O que vem por a&iacute;<\/span><\/span><\/span><\/b><\/span><\/span><\/span><\/p>\r\n\r\n<p style=\"text-align:justify\"><b><img src=\"https:\/\/www.abint.org.br\/assets\/img\/editor\/20251210-live-ctg-instagram-portelinha_20251205172426SV5nUNMIk4.jpeg\" style=\"width: 500px; height: 667px;\" \/><\/b><\/p>\r\n\r\n<p style=\"text-align:justify\">&nbsp;<\/p>\r\n\r\n<p><img src=\"https:\/\/www.abint.org.br\/assets\/img\/editor\/save-the-date-curso-br-instal-gmb-2026-3_20251209171448ohr1eNNv8r.jpg\" style=\"width: 500px; height: 500px;\" \/><\/p>\r\n\r\n<p class=\"MsoTitle\" style=\"text-align:justify\"><span style=\"font-size:28pt\"><span style=\"font-family:Cambria,serif\"><span style=\"letter-spacing:-0.5pt\"><b><span style=\"font-size:18.0pt\"><span style=\"font-family:&quot;Calibri&quot;,sans-serif\"><span style=\"font-variant:small-caps\">Not&iacute;cias das Associadas<\/span><\/span><\/span><\/b><\/span><\/span><\/span><\/p>\r\n\r\n<p style=\"text-align:justify\"><span style=\"font-size:11pt\"><span style=\"line-height:normal\"><span style=\"font-family:Calibri,sans-serif\"><a href=\"http:\/\/www.jornow.com.br\/jornow\/noticia.php?idempresa=4412&amp;num_release=312985&amp;ori=V\" style=\"color:blue; text-decoration:underline\"><span style=\"font-size:14.0pt\">CTG ABINT lan&ccedil;a cartilha sobre uso de geossint&eacute;ticos em filtra&ccedil;&atilde;o e drenagem de muros e trincheiras<\/span><\/a><\/span><\/span><\/span><\/p>\r\n\r\n<p style=\"text-align:justify\"><span style=\"font-size:11pt\"><span style=\"line-height:normal\"><span style=\"font-family:Calibri,sans-serif\"><a href=\"https:\/\/opopularpr.com.br\/andritz-service-center-inovacao-e-expansao-que-fortalecem-a-industria-brasileira\/\" style=\"color:blue; text-decoration:underline\"><span style=\"font-size:14.0pt\">ANDRITZ Service Center: inova&ccedil;&atilde;o e expans&atilde;o que fortalecem a ind&uacute;stria brasileira<\/span><\/a><\/span><\/span><\/span><\/p>\r\n\r\n<p style=\"text-align:justify\"><span style=\"font-size:11pt\"><span style=\"line-height:normal\"><span style=\"font-family:Calibri,sans-serif\"><a href=\"https:\/\/technical-textiles.textiletechnology.net\/news\/news\/andritz-andritz-to-consolidate-operations-in-france-52264\" style=\"color:blue; text-decoration:underline\"><span style=\"font-size:14.0pt\">Andritz consolidar&aacute; opera&ccedil;&otilde;es na Fran&ccedil;a<\/span><\/a><\/span><\/span><\/span><\/p>\r\n\r\n<p style=\"text-align:justify\"><span style=\"font-size:11pt\"><span style=\"line-height:normal\"><span style=\"font-family:Calibri,sans-serif\"><a href=\"https:\/\/www.nonwovens-industry.com\/breaking-news\/toray-sells-stake-in-japan-vilene\/?utm_campaign=NON%20eNewsletter&amp;utm_medium=email&amp;_hsenc=p2ANqtz-9OnBId5s1BAOmXpDwN1Et19zh4Hic5xVypU7HnD8tqhJZNMYcq2Uk-NM2xoPZeO_Par7LwhvGuLM3bl4eqPqlMFOurpQ&amp;_hsmi=392994219&amp;utm_content=392994219&amp;utm_source=hs_email\" style=\"color:blue; text-decoration:underline\"><span style=\"font-size:14.0pt\">[Freudenberg] Toray Sells Stake in Japan Vilene<\/span><\/a><\/span><\/span><\/span><\/p>\r\n\r\n<p style=\"text-align:justify\"><span style=\"font-size:11pt\"><span style=\"line-height:normal\"><span style=\"font-family:Calibri,sans-serif\"><a href=\"https:\/\/maua.br\/noticias\/infomaua\/361\/texto\/1556?utm_source=akna&amp;utm_medium=email&amp;utm_campaign=Maua-completa-64-anos-e-amplia-fronteiras-com-inovacao-e-futuro-na-Educacao\" style=\"color:blue; text-decoration:underline\"><span style=\"font-size:14.0pt\">Mau&aacute; completa 64 anos e amplia fronteiras com inova&ccedil;&atilde;o e futuro na Educa&ccedil;&atilde;o<\/span><\/a><\/span><\/span><\/span><\/p>\r\n\r\n<p style=\"text-align:justify\"><span style=\"font-size:11pt\"><span style=\"line-height:normal\"><span style=\"font-family:Calibri,sans-serif\"><b><span style=\"font-size:18.0pt\"><span style=\"font-variant:small-caps\">Eventos<\/span><\/span><\/b><\/span><\/span><\/span><\/p>\r\n\r\n<p style=\"text-align:justify\"><span style=\"font-size:11pt\"><span style=\"line-height:normal\"><span style=\"font-family:Calibri,sans-serif\"><a href=\"https:\/\/teams.microsoft.com\/l\/meetup-join\/19%3ameeting_OWM3NzE4MWUtNjJjMS00ZTY0LTk2NWUtNWQ2YzkyODJlYzgz%40thread.v2\/0?context=%7b%22Tid%22%3a%226d6bcc3f-bda1-4f54-af1d-86d4b7d4e6b8%22%2c%22Oid%22%3a%22d15420cd-4e99-4b07-8d6f-dd295a9a5fce%22%7d\" style=\"color:blue; text-decoration:underline\"><b><span style=\"font-size:14.0pt\">CNI | O papel da metrologia no Inmetro (Dimci) e seu impacto na competitividade e inova&ccedil;&atilde;o da ind&uacute;stria<\/span><\/b><\/a><span style=\"font-size:14.0pt\">, 11 de dezembro de 2025, 16h, evento virtual Av. Pereira Barreto, 1395, Santo Andr&eacute;, SP<\/span><\/span><\/span><\/span><\/p>\r\n\r\n<p style=\"text-align:justify\"><span style=\"font-size:11pt\"><span style=\"line-height:normal\"><span style=\"font-family:Calibri,sans-serif\"><a href=\"https:\/\/docs.google.com\/forms\/d\/e\/1FAIpQLSfoWadac-7RVAX8VDsDsyYJTGMGfw7HtKw7wYvju1qPZhO57w\/viewform?usp=send_form\" style=\"color:blue; text-decoration:underline\"><b><span style=\"font-size:14.0pt\">Ciclo de Palestras Abrafiltros | Perspectivas Econ&ocirc;micas 2026 &amp; ESG e a Cultura das Empresas<\/span><\/b><\/a><span style=\"font-size:14.0pt\">, 11 de dezembro de 2025, 09h00, evento gratuito e presencia, sede Abrafiltros, <\/span><\/span><\/span><\/span><\/p>\r\n\r\n<p style=\"text-align:justify\"><span style=\"font-size:11pt\"><span style=\"line-height:normal\"><span style=\"font-family:Calibri,sans-serif\"><a href=\"https:\/\/ufob.edu.br\/cursos-e-eventos\/cards\/i-encontro-terzaghi-giroud\" style=\"color:blue; text-decoration:underline\"><b><span style=\"font-size:14.0pt\">I Encontro Terzaghi-Giroud<\/span><\/b><\/a><span style=\"font-size:14.0pt\">, 11 de dezembro de 2025, 7h30 &agrave;s 18h30, evento presencial, audit&oacute;rio do PD, UFOB Barreiras, BA<\/span><\/span><\/span><\/span><\/p>\r\n\r\n<p style=\"text-align:justify\"><span style=\"font-size:11pt\"><span style=\"line-height:normal\"><span style=\"font-family:Calibri,sans-serif\"><a href=\"https:\/\/events.economist.com\/sustainability-week\/?RefID=EM13A-WhatsNew-Del_email-owned_MA00007195\" style=\"color:blue; text-decoration:underline\"><b><span lang=\"EN-US\" style=\"font-size:14.0pt\">11th annual Sustainability Week | Incorporating the 3rd annual Energy Transition Summit<\/span><\/b><\/a><span lang=\"EN-US\" style=\"font-size:14.0pt\">, March 2nd &ndash; 4th 2026, Intercontinental London &ndash; the O2<\/span><\/span><\/span><\/span><\/p>\r\n\r\n<p style=\"text-align:justify\"><span style=\"font-size:11pt\"><span style=\"line-height:normal\"><span style=\"font-family:Calibri,sans-serif\"><a href=\"https:\/\/www.worldofwipes.org\/\" style=\"color:blue; text-decoration:underline\"><b><span lang=\"EN-US\" style=\"font-size:14.0pt\">INDA | WOW - World of Wipes International Conference<\/span><\/b><\/a><span lang=\"EN-US\" style=\"font-size:14.0pt\">, June 29&ndash;July 2, 2026, Grand Hyatt Nashville, Nashville, Tennessee USA<\/span><\/span><\/span><\/span><\/p>\r\n\r\n<p style=\"text-align:justify\"><span style=\"font-size:11pt\"><span style=\"line-height:normal\"><span style=\"font-family:Calibri,sans-serif\"><a href=\"https:\/\/filtech.de\/\" style=\"color:blue; text-decoration:underline\"><b><span style=\"font-size:14.0pt\">Filtech 2026<\/span><\/b><\/a><span style=\"font-size:14.0pt\">, de 30 de junho a 2 de julho, Cologne, Alemanha<\/span><\/span><\/span><\/span><\/p>\r\n\r\n<p style=\"text-align:justify\"><span style=\"font-size:11pt\"><span style=\"line-height:normal\"><span style=\"font-family:Calibri,sans-serif\"><a href=\"https:\/\/sienge.com.br\/construsummit\/\" style=\"color:blue; text-decoration:underline\"><b><span style=\"font-size:14.0pt\">Construsummit<\/span><\/b><\/a><span style=\"font-size:14.0pt\">, 1 e 2 de julho de 2026, Florian&oacute;polis, SC<\/span><\/span><\/span><\/span><\/p>\r\n\r\n<p style=\"text-align:justify\"><span style=\"font-size:11pt\"><span style=\"line-height:normal\"><span style=\"font-family:Calibri,sans-serif\"><a href=\"https:\/\/ficons.com.br\/\" style=\"color:blue; text-decoration:underline\"><b><span style=\"font-size:14.0pt\">FICONS - Feira Internacional de Materiais, Equipamentos e Servi&ccedil;os da Constru&ccedil;&atilde;o<\/span><\/b><\/a><span style=\"font-size:14.0pt\">, 15 a 18 de setembro de 2026, Centro de Conven&ccedil;&otilde;es de Pernambuco Recife\/ Olinda<\/span><\/span><\/span><\/span><\/p>\r\n\r\n<p style=\"text-align:justify\"><span style=\"font-size:11pt\"><span style=\"line-height:normal\"><span style=\"font-family:Calibri,sans-serif\"><a href=\"https:\/\/www.edana.org\/events\/outlook\/outlook-2025\" style=\"color:blue; text-decoration:underline\"><b><span style=\"font-size:14.0pt\">OUTLOOK&trade; 2026<\/span><\/b><\/a><span style=\"font-size:14.0pt\">, 22&ndash;24 September 2026, Hotel Miragem, Cascais, Portugal<\/span><\/span><\/span><\/span><\/p>\r\n\r\n<p style=\"text-align:justify\"><span style=\"font-size:28pt\"><span style=\"font-family:Cambria,serif\"><span style=\"letter-spacing:-0.5pt\"><b><span lang=\"EN-US\" style=\"font-size:18.0pt\"><span style=\"font-family:&quot;Calibri&quot;,sans-serif\"><span style=\"font-variant:small-caps\">Setor<\/span><\/span><\/span><\/b><\/span><\/span><\/span><\/p>\r\n\r\n<p style=\"text-align:justify\"><span style=\"font-size:11pt\"><span style=\"line-height:normal\"><span style=\"font-family:Calibri,sans-serif\"><a href=\"https:\/\/www.innovationintextiles.com\/industry-talk\/major-corporations-now-addressing-pfas\/\" style=\"color:blue; text-decoration:underline\"><span lang=\"EN-US\" style=\"font-size:14.0pt\">Major corporations now addressing PFAS<\/span><\/a><\/span><\/span><\/span><\/p>\r\n\r\n<p style=\"text-align:justify\"><span style=\"font-size:11pt\"><span style=\"line-height:normal\"><span style=\"font-family:Calibri,sans-serif\"><a href=\"https:\/\/www.nonwovens-industry.com\/breaking-news\/december-online-auction-to-offer-nonwoven-manufacturing-equipment\/\" style=\"color:blue; text-decoration:underline\"><span lang=\"EN-US\" style=\"font-size:14.0pt\">December online auction to offer nonwoven manufacturing equipment<\/span><\/a><\/span><\/span><\/span><\/p>\r\n\r\n<p style=\"text-align:justify\"><span style=\"font-size:11pt\"><span style=\"line-height:normal\"><span style=\"font-family:Calibri,sans-serif\"><a href=\"https:\/\/www.nonwovens-industry.com\/breaking-news\/ontex-triples-baby-pants-capacity-in-north-america\/?utm_campaign=NON%20eNewsletter&amp;utm_medium=email&amp;_hsenc=p2ANqtz-9FIGhSrTvx4aKhjo9-PVHVHJsIius_zOj3lbOz6-gtT0G6J9l3bJKbp4dZ5cXlpk3N5UeN8cSxE815rKeXiT_B4LvLng&amp;_hsmi=392994219&amp;utm_content=392994219&amp;utm_source=hs_email\" style=\"color:blue; text-decoration:underline\"><span lang=\"EN-US\" style=\"font-size:14.0pt\">Ontex Triples Baby Pants Capacity in North America<\/span><\/a><\/span><\/span><\/span><\/p>\r\n\r\n<p style=\"text-align:justify\"><span style=\"font-size:28pt\"><span style=\"font-family:Cambria,serif\"><span style=\"letter-spacing:-0.5pt\"><b><span style=\"font-size:18.0pt\"><span style=\"font-family:&quot;Calibri&quot;,sans-serif\"><span style=\"font-variant:small-caps\">Ind&uacute;stria<\/span><\/span><\/span><\/b><\/span><\/span><\/span><\/p>\r\n\r\n<p style=\"text-align:justify\"><span style=\"font-size:11pt\"><span style=\"line-height:normal\"><span style=\"font-family:Calibri,sans-serif\"><a href=\"https:\/\/noticias.portaldaindustria.com.br\/noticias\/economia\/pib-desacelera-e-acende-alerta-para-a-industria-brasileira-ep182\/\" style=\"color:blue; text-decoration:underline\"><span style=\"font-size:14.0pt\">PIB desacelera e acende alerta para a ind&uacute;stria brasileira (Ep.#182)<\/span><\/a><\/span><\/span><\/span><\/p>\r\n\r\n<p style=\"text-align:justify\"><span style=\"font-size:11pt\"><span style=\"line-height:normal\"><span style=\"font-family:Calibri,sans-serif\"><a href=\"https:\/\/noticias.portaldaindustria.com.br\/noticias\/economia\/apos-terceira-queda-consecutiva-faturamento-industrial-cai-27-em-outubro-diz-cni\/\" style=\"color:blue; text-decoration:underline\"><span style=\"font-size:14.0pt\">Ap&oacute;s terceira queda consecutiva, faturamento industrial cai 2,7% em outubro, diz CNI<\/span><\/a><\/span><\/span><\/span><\/p>\r\n\r\n<p style=\"text-align:justify\"><span style=\"font-size:11pt\"><span style=\"line-height:normal\"><span style=\"font-family:Calibri,sans-serif\"><a href=\"https:\/\/noticias.portaldaindustria.com.br\/noticias\/infraestrutura\/cni-aponta-fragilidades-na-metodologia-de-calculo-do-tabelamento-do-frete\/\" style=\"color:blue; text-decoration:underline\"><span style=\"font-size:14.0pt\">CNI aponta fragilidades na metodologia de c&aacute;lculo do tabelamento do frete<\/span><\/a><\/span><\/span><\/span><\/p>\r\n\r\n<p style=\"text-align:justify\"><span style=\"font-size:11pt\"><span style=\"line-height:normal\"><span style=\"font-family:Calibri,sans-serif\"><a href=\"https:\/\/revistaplasticosul.com.br\/transformacao-aplicacoes\/o-futuro-da-industria-ou-a-industria-do-futuro\/\" style=\"color:blue; text-decoration:underline\"><span style=\"font-size:14.0pt\">Transforma&ccedil;&atilde;o: o futuro da ind&uacute;stria ou a ind&uacute;stria do futuro?<\/span><\/a><\/span><\/span><\/span><\/p>\r\n\r\n<p style=\"text-align:justify\"><span style=\"font-size:11pt\"><span style=\"line-height:normal\"><span style=\"font-family:Calibri,sans-serif\"><a href=\"https:\/\/noticias.portaldaindustria.com.br\/noticias\/politica-industrial\/mercadante-industria-e-prioridade-para-a-economia-do-brasil-e-lidera-os-investimentos-do-bndes\/\" style=\"color:blue; text-decoration:underline\"><span style=\"font-size:14.0pt\">Mercadante: ind&uacute;stria &eacute; prioridade para a economia do Brasil e lidera os investimentos do BNDES<\/span><\/a><\/span><\/span><\/span><\/p>\r\n\r\n<p style=\"text-align:justify\"><span style=\"font-size:11pt\"><span style=\"line-height:normal\"><span style=\"font-family:Calibri,sans-serif\"><a href=\"https:\/\/revistaoeste.com\/economia\/queda-na-producao-de-veiculos-acende-alerta-na-industria-em-novembro\/\" style=\"color:blue; text-decoration:underline\"><span style=\"font-size:14.0pt\">Queda na produ&ccedil;&atilde;o de ve&iacute;culos acende alerta na ind&uacute;stria<\/span><\/a><\/span><\/span><\/span><\/p>\r\n\r\n<p style=\"text-align:justify\"><span style=\"font-size:11pt\"><span style=\"line-height:normal\"><span style=\"font-family:Calibri,sans-serif\"><a href=\"https:\/\/abcic.org.br\/Noticia\/Exibir\/brasil-deve-receber-r-372-bilhoes-em-investimentos-privados-em-infraestrutura-ate-2029\" style=\"color:blue; text-decoration:underline\"><span style=\"font-size:14.0pt\">Brasil deve receber R$ 372 bilh&otilde;es em investimentos privados em infraestrutura at&eacute; 2029<\/span><\/a><\/span><\/span><\/span><\/p>\r\n\r\n<p style=\"text-align:justify\"><span style=\"font-size:11pt\"><span style=\"line-height:normal\"><span style=\"font-family:Calibri,sans-serif\"><a href=\"https:\/\/share.google\/JvYqYo2epDmysAAUm\" style=\"color:blue; text-decoration:underline\"><span style=\"font-size:14.0pt\">Estudo aponta irregularidade em 37% dos processos de minera&ccedil;&atilde;o no pa&iacute;s<\/span><\/a><\/span><\/span><\/span><\/p>\r\n\r\n<p style=\"text-align:justify\"><span style=\"font-size:28pt\"><span style=\"font-family:Cambria,serif\"><span style=\"letter-spacing:-0.5pt\"><b><span style=\"font-size:18.0pt\"><span style=\"font-family:&quot;Calibri&quot;,sans-serif\"><span style=\"font-variant:small-caps\">Sustentabilidade<\/span><\/span><\/span><\/b><\/span><\/span><\/span><\/p>\r\n\r\n<p style=\"text-align:justify\"><span style=\"font-size:11pt\"><span style=\"line-height:normal\"><span style=\"font-family:Calibri,sans-serif\"><a href=\"https:\/\/revistaplasticosul.com.br\/sustentabilidade\/recicladoras-fortalecem-avanco-da-logistica-reversa-e-garantem-95-de-reciclabilidade-das-embalagens-de-defensivos-agricolas-no-brasil\/\" style=\"color:blue; text-decoration:underline\"><span style=\"font-size:14.0pt\">Recicladoras fortalecem avan&ccedil;o da log&iacute;stica reversa e garantem 95% de reciclabilidade das embalagens de defensivos agr&iacute;colas no Brasil<\/span><\/a><\/span><\/span><\/span><\/p>\r\n\r\n<p style=\"text-align:justify\"><span style=\"font-size:11pt\"><span style=\"line-height:normal\"><span style=\"font-family:Calibri,sans-serif\"><a href=\"https:\/\/www.textiletechnology.net\/news\/news\/syre--nike-cooperation-to-scale-circular-polyester-innovation-52155\" style=\"color:blue; text-decoration:underline\"><span lang=\"EN-US\" style=\"font-size:14.0pt\">Cooperation to scale circular polyester innovation<\/span><\/a><\/span><\/span><\/span><\/p>\r\n\r\n<p style=\"text-align:justify\"><span style=\"font-size:11pt\"><span style=\"line-height:normal\"><span style=\"font-family:Calibri,sans-serif\"><a href=\"https:\/\/www.textiletechnology.net\/news\/news\/fraunhofer-umsicht-circular-economy-for-textile-waste-new-eu-project-launched-52273\" style=\"color:blue; text-decoration:underline\"><span lang=\"EN-US\" style=\"font-size:14.0pt\">Circular economy for textile waste: New EU project launched<\/span><\/a><\/span><\/span><\/span><\/p>\r\n\r\n<p style=\"text-align:justify\"><span style=\"font-size:11pt\"><span style=\"line-height:normal\"><span style=\"font-family:Calibri,sans-serif\"><a href=\"https:\/\/textile-network.com\/en\/Business\/Strategic-Partnership-Driving-Textile-Circularity\" style=\"color:blue; text-decoration:underline\"><span lang=\"EN-US\" style=\"font-size:14.0pt\">Strategic Partnership Driving Textile Circularity<\/span><\/a><\/span><\/span><\/span><\/p>\r\n\r\n<p style=\"text-align:justify\"><span style=\"font-size:11pt\"><span style=\"line-height:normal\"><span style=\"font-family:Calibri,sans-serif\"><a href=\"https:\/\/textile-network.com\/en\/Business\/EU-Project-Targets-Textile-Recycling\" style=\"color:blue; text-decoration:underline\"><span lang=\"EN-US\" style=\"font-size:14.0pt\">EU Project Targets Textile Recycling<\/span><\/a><\/span><\/span><\/span><\/p>\r\n\r\n<p style=\"text-align:justify\"><span style=\"font-size:28pt\"><span style=\"font-family:Cambria,serif\"><span style=\"letter-spacing:-0.5pt\"><b><span style=\"font-size:18.0pt\"><span style=\"font-family:&quot;Calibri&quot;,sans-serif\"><span style=\"font-variant:small-caps\">Inova&ccedil;&atilde;o<\/span><\/span><\/span><\/b><\/span><\/span><\/span><\/p>\r\n\r\n<p style=\"text-align:justify\"><span style=\"font-size:11pt\"><span style=\"line-height:normal\"><span style=\"font-family:Calibri,sans-serif\"><a href=\"https:\/\/www.inovacaotecnologica.com.br\/noticias\/noticia.php?artigo=tecido-mais-preto-mundo&amp;id=010160251209&amp;ebol=sim\" style=\"color:blue; text-decoration:underline\"><span style=\"font-size:14.0pt\">Tecido mais preto do mundo &eacute; inspirado em ave-do-para&iacute;so<\/span><\/a><\/span><\/span><\/span><\/p>\r\n\r\n<p style=\"text-align:justify\"><span style=\"font-size:11pt\"><span style=\"line-height:normal\"><span style=\"font-family:Calibri,sans-serif\"><a href=\"https:\/\/grafittinews.com.br\/uff-transforma-copos-plasticos-descartaveis-em-sensores-eletroquimicos-de-alta-performance\/\" style=\"color:blue; text-decoration:underline\"><span style=\"font-size:14.0pt\">UFF transforma copos pl&aacute;sticos descart&aacute;veis em sensores eletroqu&iacute;micos de alta performance<\/span><\/a><\/span><\/span><\/span><\/p>\r\n\r\n<p style=\"text-align:justify\"><span style=\"font-size:28pt\"><span style=\"font-family:Cambria,serif\"><span style=\"letter-spacing:-0.5pt\"><b><span style=\"font-size:18.0pt\"><span style=\"font-family:&quot;Calibri&quot;,sans-serif\"><span style=\"font-variant:small-caps\">Com&eacute;rcio Exterior<\/span><\/span><\/span><\/b><\/span><\/span><\/span><\/p>\r\n\r\n<p style=\"text-align:justify\"><span style=\"font-size:11pt\"><span style=\"line-height:normal\"><span style=\"font-family:Calibri,sans-serif\"><a href=\"https:\/\/technical-textiles.textiletechnology.net\/news\/news\/eu-registration-on-pet-spunbond-imports-from-china-imposed-52278\" style=\"color:blue; text-decoration:underline\"><span style=\"font-size:14.0pt\">Europa: imposto sobre o registro de importa&ccedil;&otilde;es de spunbond de PET da China<\/span><\/a><\/span><\/span><\/span><\/p>\r\n\r\n<p style=\"text-align:justify\"><span style=\"font-size:11pt\"><span style=\"line-height:normal\"><span style=\"font-family:Calibri,sans-serif\"><a href=\"https:\/\/noticias.portaldaindustria.com.br\/noticias\/internacional\/logistica-e-juros-travam-competitividade-das-exportacoes-brasileiras-aponta-cni\/\" style=\"color:blue; text-decoration:underline\"><span style=\"font-size:14.0pt\">Log&iacute;stica e juros travam competitividade das exporta&ccedil;&otilde;es brasileiras, aponta CNI<\/span><\/a><\/span><\/span><\/span><\/p>\r\n\r\n<p style=\"text-align:justify\"><span style=\"font-size:11pt\"><span style=\"line-height:normal\"><span style=\"font-family:Calibri,sans-serif\"><a href=\"https:\/\/noticias.portaldaindustria.com.br\/noticias\/internacional\/brasil-deve-acelerar-ampliacao-de-acordo-de-livre-comercio-com-o-mexico-avalia-cni\/\" style=\"color:blue; text-decoration:underline\"><span style=\"font-size:14.0pt\">Brasil deve acelerar amplia&ccedil;&atilde;o de acordo de livre com&eacute;rcio com o M&eacute;xico, avalia CNI<\/span><\/a><\/span><\/span><\/span><\/p>\r\n\r\n<p style=\"text-align:justify\"><span style=\"font-size:11pt\"><span style=\"line-height:normal\"><span style=\"font-family:Calibri,sans-serif\"><a href=\"https:\/\/fecomercio.com.br\/noticia\/acordo-entre-mercosul-e-ue-sera-divisor-de-aguas-para-a-insercao-internacional-de-pmes-paulistas\" style=\"color:blue; text-decoration:underline\"><span style=\"font-size:14.0pt\">Acordo entre Mercosul e UE ser&aacute; divisor de &aacute;guas para a inser&ccedil;&atilde;o internacional de PMEs paulistas<\/span><\/a><\/span><\/span><\/span><\/p>\r\n\r\n<p style=\"text-align:justify\"><span style=\"font-size:11pt\"><span style=\"line-height:normal\"><span style=\"font-family:Calibri,sans-serif\"><a href=\"https:\/\/apexbrasil.com.br\/content\/apexbrasil\/br\/pt\/conteudo\/noticias\/Acesse-o-estudo-de-oportunidade-na-Arabia-Saudita-para-produtos-de-casa-e-construcao.html#msdynmkt_trackingcontext=8e909d18-7be3-4cda-9a5d-934d99fc0000\" style=\"color:blue; text-decoration:underline\"><span style=\"font-size:14.0pt\">Acesse o estudo de oportunidade na Ar&aacute;bia Saudita para produtos de casa e constru&ccedil;&atilde;o<\/span><\/a><\/span><\/span><\/span><\/p>\r\n\r\n<p style=\"text-align:justify\"><span style=\"font-size:11pt\"><span style=\"line-height:normal\"><span style=\"font-family:Calibri,sans-serif\"><a href=\"https:\/\/apexbrasil.com.br\/content\/apexbrasil\/br\/pt\/conteudo\/noticias\/Brasil-fortalece-relacoes-comerciais-com-Argentina-e-Colombia-oportunidades-e-investimentos-em-destaque.html#msdynmkt_trackingcontext=8e909d18-7be3-4cda-9a5d-934d99fc0000\" style=\"color:blue; text-decoration:underline\"><span style=\"font-size:14.0pt\">Brasil fortalece rela&ccedil;&otilde;es comerciais com Argentina e Col&ocirc;mbia: oportunidades e investimentos em destaque<\/span><\/a><\/span><\/span><\/span><\/p>\r\n\r\n<p style=\"text-align:justify\"><span style=\"font-size:11pt\"><span style=\"line-height:normal\"><span style=\"font-family:Calibri,sans-serif\"><a href=\"https:\/\/noticias.portaldaindustria.com.br\/noticias\/economia\/cni-lanca-painel-atualizado-sobre-tarifas-dos-eua-apos-ampliacao-de-isencoes\/\" style=\"color:blue; text-decoration:underline\"><span style=\"font-size:14.0pt\">CNI lan&ccedil;a painel interativo sobre tarifas dos EUA ap&oacute;s amplia&ccedil;&atilde;o de isen&ccedil;&otilde;es<\/span><\/a><\/span><\/span><\/span><\/p>\r\n\r\n<p style=\"text-align:justify\"><span style=\"font-size:28pt\"><span style=\"font-family:Cambria,serif\"><span style=\"letter-spacing:-0.5pt\"><b><span style=\"font-size:18.0pt\"><span style=\"font-family:&quot;Calibri&quot;,sans-serif\"><span style=\"font-variant:small-caps\">Economia<\/span><\/span><\/span><\/b><\/span><\/span><\/span><\/p>\r\n\r\n<p style=\"text-align:justify\"><span style=\"font-size:11pt\"><span style=\"line-height:normal\"><span style=\"font-family:Calibri,sans-serif\"><a href=\"https:\/\/www.bcb.gov.br\/content\/focus\/focus\/R20251205.pdf\" style=\"color:blue; text-decoration:underline\"><span style=\"font-size:14.0pt\">Focus - Relat&oacute;rio de Mercado<\/span><\/a><\/span><\/span><\/span><\/p>\r\n\r\n<p style=\"text-align:justify\"><span style=\"font-size:11pt\"><span style=\"line-height:normal\"><span style=\"font-family:Calibri,sans-serif\"><a href=\"https:\/\/www.fibre2fashion.com\/news\/textile-news\/global-economy-resilient-but-fragile-oecd-economic-outlook-306875-newsdetails.htm\" style=\"color:blue; text-decoration:underline\"><span lang=\"EN-US\" style=\"font-size:14.0pt\">Global economy resilient, but fragile: OECD Economic Outlook<\/span><\/a><\/span><\/span><\/span><\/p>\r\n\r\n<p style=\"text-align:justify\"><img src=\"https:\/\/www.abint.org.br\/assets\/img\/editor\/redes-sociais-abint-ctg-cth_20251205172709SEybvhNLVO.jpg\" \/><\/p>\r\n","texto_en":"","7":"","imagem":"COMP_capa-2025-site-boletim-abint-noticias-semanis_20251209171936sFMlFqatQs.jpg","8":"COMP_capa-2025-site-boletim-abint-noticias-semanis_20251209171936sFMlFqatQs.jpg","arquivo":"20251209-BOLETIM-ABINT-DE-NOTICIAS-SEMANAIS.PDF","9":"20251209-BOLETIM-ABINT-DE-NOTICIAS-SEMANAIS.PDF","titulo_arquivo":"20251209 Boletim ABINT de Not\u00edcias Semanais","10":"20251209 Boletim ABINT de Not\u00edcias Semanais","titulo_arquivo_en":"","11":"","created_at":"2025-12-09 17:19:45","12":"2025-12-09 17:19:45","updated_at":"2025-12-09 17:19:45","13":"2025-12-09 17:19:45"},{"id":208,"0":208,"ordem":15,"1":15,"data":"2025-12-03","2":"2025-12-03","slug":"boletim-abint-de-noticias-semanais-106","3":"boletim-abint-de-noticias-semanais-106","titulo":"Boletim ABINT de Not\u00edcias Semanais","4":"Boletim ABINT de Not\u00edcias Semanais","titulo_en":"","5":"","texto":"<p style=\"text-align:justify\"><span style=\"font-size:11pt\"><span style=\"line-height:normal\"><span style=\"font-family:Calibri,sans-serif\"><span style=\"font-size:14.0pt\">Esta &eacute; uma compila&ccedil;&atilde;o das not&iacute;cias mais relevantes para o setor, incluindo informa&ccedil;&otilde;es sobre acordos internacionais, economia brasileira, sustentabilidade e mat&eacute;rias primas, al&eacute;m de novidades do setor de N&atilde;otecidos e Tecidos T&eacute;cnicos.<\/span><\/span><\/span><\/span><\/p>\r\n\r\n<p style=\"text-align:justify\"><span style=\"font-size:28pt\"><span style=\"font-family:Cambria,serif\"><span style=\"letter-spacing:-0.5pt\"><b><span style=\"font-size:18.0pt\"><span calibri=\"\" style=\"font-family:\"><span style=\"font-variant:small-caps\">O que vem por a&iacute;<\/span><\/span><\/span><\/b><\/span><\/span><\/span><\/p>\r\n\r\n<p style=\"text-align:justify\"><span style=\"font-size:28pt\"><span style=\"font-family:Cambria,serif\"><span style=\"letter-spacing:-0.5pt\"><b><span style=\"font-size:18.0pt\"><span calibri=\"\" style=\"font-family:\"><span style=\"font-variant:small-caps\"><img src=\"https:\/\/www.abint.org.br\/assets\/img\/editor\/20251210-live-ctg-instagram-portelinha_20251205172426SV5nUNMIk4.jpeg\" style=\"width: 500px; height: 667px;\" \/><\/span><\/span><\/span><\/b><\/span><\/span><\/span><\/p>\r\n\r\n<p style=\"text-align:justify\"><span style=\"font-size:28pt\"><span style=\"font-family:Cambria,serif\"><span style=\"letter-spacing:-0.5pt\"><b><span style=\"font-size:18.0pt\"><span calibri=\"\" style=\"font-family:\"><span style=\"font-variant:small-caps\">Not&iacute;cias das Associadas<\/span><\/span><\/span><\/b><\/span><\/span><\/span><\/p>\r\n\r\n<p style=\"text-align:justify\"><span style=\"font-size:11pt\"><span style=\"line-height:normal\"><span style=\"font-family:Calibri,sans-serif\"><a href=\"https:\/\/www.abctecnologias.com.br\/historias-de-sucesso\/vivendo-no-lago-com-collinet-lakelife-e-leister\/?utm_source=ABC+Tecnologias&amp;utm_campaign=40b501c35e-CAMPANHA_RSS_POSTS_SITE&amp;utm_medium=email&amp;utm_term=0_01821b5e7f-40b501c35e-468976694\" style=\"color:blue; text-decoration:underline\"><span style=\"font-size:14.0pt\">ABC Tecnologias | Vivendo no lago: com Collinet, Lakelife e Leister<\/span><\/a><\/span><\/span><\/span><\/p>\r\n\r\n<p style=\"text-align:justify\"><span style=\"font-size:11pt\"><span style=\"line-height:normal\"><span style=\"font-family:Calibri,sans-serif\"><a href=\"https:\/\/tissueonline.com.br\/unidade-de-ribas-do-rio-pardo-da-suzano-atinge-capacidade-nominal-em-tempo-recorde-com-tecnologias-da-andritz\/\" style=\"color:blue; text-decoration:underline\"><span style=\"font-size:14.0pt\">Unidade de Ribas do Rio Pardo da Suzano atinge capacidade nominal em tempo recorde com tecnologias da ANDRITZ<\/span><\/a><\/span><\/span><\/span><\/p>\r\n\r\n<p style=\"text-align:justify\"><span style=\"font-size:11pt\"><span style=\"line-height:normal\"><span style=\"font-family:Calibri,sans-serif\"><a href=\"https:\/\/tissueonline.com.br\/genera-inicia-operacao-de-sistemas-de-preparacao-de-massa-e-polpacao-da-andritz-para-producao-de-embalagens-sustentaveis\/\" style=\"color:blue; text-decoration:underline\"><span style=\"font-size:14.0pt\">Genera inicia opera&ccedil;&atilde;o de sistemas de prepara&ccedil;&atilde;o de massa e polpa&ccedil;&atilde;o da ANDRITZ para produ&ccedil;&atilde;o de embalagens sustent&aacute;veis<\/span><\/a><\/span><\/span><\/span><\/p>\r\n\r\n<p style=\"text-align:justify\"><span style=\"font-size:11pt\"><span style=\"line-height:normal\"><span style=\"font-family:Calibri,sans-serif\"><b><span style=\"font-size:18.0pt\"><span style=\"font-variant:small-caps\">Eventos<\/span><\/span><\/b><\/span><\/span><\/span><\/p>\r\n\r\n<p style=\"text-align:justify\"><span style=\"font-size:11pt\"><span style=\"line-height:normal\"><span style=\"font-family:Calibri,sans-serif\"><a href=\"https:\/\/www.sympla.com.br\/evento\/xli-congresso-desafios-da-conjuntura-economica-brasileira-questoes-juridicas-correlatas\/3209022\" style=\"color:blue; text-decoration:underline\"><b><span style=\"font-size:14.0pt\">Fecom&eacute;rcio | XLI Congresso Desafios da Conjuntura Econ&ocirc;mica Brasileira<\/span><\/b><\/a><span style=\"font-size:14.0pt\">, 03 de dezembro de 2025, 08h &agrave;s 18h, evento presencial, Av. Rebou&ccedil;as, 3377, Pinheiros, S&atilde;o Paulo, SP<\/span><\/span><\/span><\/span><\/p>\r\n\r\n<p style=\"text-align:justify\"><span style=\"font-size:11pt\"><span style=\"line-height:normal\"><span style=\"font-family:Calibri,sans-serif\"><a href=\"https:\/\/teams.microsoft.com\/l\/meetup-join\/19%3ameeting_OWM3NzE4MWUtNjJjMS00ZTY0LTk2NWUtNWQ2YzkyODJlYzgz%40thread.v2\/0?context=%7b%22Tid%22%3a%226d6bcc3f-bda1-4f54-af1d-86d4b7d4e6b8%22%2c%22Oid%22%3a%22d15420cd-4e99-4b07-8d6f-dd295a9a5fce%22%7d\" style=\"color:blue; text-decoration:underline\"><b><span style=\"font-size:14.0pt\">CNI | O papel da metrologia no Inmetro (Dimci) e seu impacto na competitividade e inova&ccedil;&atilde;o da ind&uacute;stria<\/span><\/b><\/a><span style=\"font-size:14.0pt\">, 11 de dezembro de 2025, 16h, evento virtual Av. Pereira Barreto, 1395, Santo Andr&eacute;, SP<\/span><\/span><\/span><\/span><\/p>\r\n\r\n<p style=\"text-align:justify\"><span style=\"font-size:11pt\"><span style=\"line-height:normal\"><span style=\"font-family:Calibri,sans-serif\"><a href=\"https:\/\/docs.google.com\/forms\/d\/e\/1FAIpQLSfoWadac-7RVAX8VDsDsyYJTGMGfw7HtKw7wYvju1qPZhO57w\/viewform?usp=send_form\" style=\"color:blue; text-decoration:underline\"><b><span style=\"font-size:14.0pt\">Ciclo de Palestras Abrafiltros | Perspectivas Econ&ocirc;micas 2026 &amp; ESG e a Cultura das Empresas<\/span><\/b><\/a><span style=\"font-size:14.0pt\">, 11 de dezembro de 2025, 09h00, evento gratuito e presencia, sede Abrafiltros, <\/span><\/span><\/span><\/span><\/p>\r\n\r\n<p style=\"text-align:justify\"><span style=\"font-size:11pt\"><span style=\"line-height:normal\"><span style=\"font-family:Calibri,sans-serif\"><a href=\"https:\/\/ufob.edu.br\/cursos-e-eventos\/cards\/i-encontro-terzaghi-giroud\" style=\"color:blue; text-decoration:underline\"><b><span style=\"font-size:14.0pt\">I Encontro Terzaghi-Giroud<\/span><\/b><\/a><span style=\"font-size:14.0pt\">, 11 de dezembro de 2025, 7h30 &agrave;s 18h30, evento presencial, audit&oacute;rio do PD, UFOB Barreiras, BA<\/span><\/span><\/span><\/span><\/p>\r\n\r\n<p style=\"text-align:justify\"><span style=\"font-size:11pt\"><span style=\"line-height:normal\"><span style=\"font-family:Calibri,sans-serif\"><a href=\"https:\/\/events.economist.com\/sustainability-week\/?RefID=EM13A-WhatsNew-Del_email-owned_MA00007195\" style=\"color:blue; text-decoration:underline\"><b><span lang=\"EN-US\" style=\"font-size:14.0pt\">11th annual Sustainability Week | Incorporating the 3rd annual Energy Transition Summit<\/span><\/b><\/a><span lang=\"EN-US\" style=\"font-size:14.0pt\">, March 2nd &ndash; 4th 2026, Intercontinental London &ndash; the O2<\/span><\/span><\/span><\/span><\/p>\r\n\r\n<p style=\"text-align:justify\"><span style=\"font-size:11pt\"><span style=\"line-height:normal\"><span style=\"font-family:Calibri,sans-serif\"><a href=\"https:\/\/filtech.de\/\" style=\"color:blue; text-decoration:underline\"><b><span style=\"font-size:14.0pt\">Filtech 2026<\/span><\/b><\/a><span style=\"font-size:14.0pt\">, de 30 de junho a 2 de julho, Cologne, Alemanha<\/span><\/span><\/span><\/span><\/p>\r\n\r\n<p style=\"text-align:justify\"><span style=\"font-size:11pt\"><span style=\"line-height:normal\"><span style=\"font-family:Calibri,sans-serif\"><a href=\"https:\/\/ficons.com.br\/\" style=\"color:blue; text-decoration:underline\"><b><span style=\"font-size:14.0pt\">FICONS - Feira Internacional de Materiais, Equipamentos e Servi&ccedil;os da Constru&ccedil;&atilde;o<\/span><\/b><\/a><span style=\"font-size:14.0pt\">, 15 a 18 de setembro de 2026, Centro de Conven&ccedil;&otilde;es de Pernambuco Recife\/ Olinda<\/span><\/span><\/span><\/span><\/p>\r\n\r\n<p style=\"text-align:justify\"><span style=\"font-size:11pt\"><span style=\"line-height:normal\"><span style=\"font-family:Calibri,sans-serif\"><a href=\"https:\/\/www.edana.org\/events\/outlook\/outlook-2025\" style=\"color:blue; text-decoration:underline\"><b><span style=\"font-size:14.0pt\">OUTLOOK&trade; 2026<\/span><\/b><\/a><span style=\"font-size:14.0pt\">, 22&ndash;24 September 2026, Hotel Miragem, Cascais, Portugal<\/span><\/span><\/span><\/span><\/p>\r\n\r\n<p style=\"text-align:justify\"><span style=\"font-size:28pt\"><span style=\"font-family:Cambria,serif\"><span style=\"letter-spacing:-0.5pt\"><b><span style=\"font-size:18.0pt\"><span calibri=\"\" style=\"font-family:\"><span style=\"font-variant:small-caps\">Setor<\/span><\/span><\/span><\/b><\/span><\/span><\/span><\/p>\r\n\r\n<p style=\"text-align:justify\"><span style=\"font-size:11pt\"><span style=\"line-height:normal\"><span style=\"font-family:Calibri,sans-serif\"><a href=\"https:\/\/plasticosemrevista.com.br\/olefinas-as-forcas-que-redesenham-o-mercado-mundial\/\" style=\"color:blue; text-decoration:underline\"><span style=\"font-size:14.0pt\">Olefinas: as for&ccedil;as que redesenham o mercado mundial<\/span><\/a><\/span><\/span><\/span><\/p>\r\n\r\n<p style=\"text-align:justify\"><span style=\"font-size:11pt\"><span style=\"line-height:normal\"><span style=\"font-family:Calibri,sans-serif\"><a href=\"http:\/\/clickemail.portalpersonalcare.com.br\/ls\/click?upn=u001.D2-2F0Tg0A29KXXLMT6ctG-2BYOihdDbc-2ByFrUFb3ZXMT9Tjcp-2BijClg3C9jwHkh7nLTWWnVzAVwo4u953DstSURWpYbVjHXtMDlOtQ3Pp4Q6gkreNt1ekw0LvJzUrJoBqeNMkq19clCmWGPO3QuYrYbZZf-2Fdv7xT6K9trVrfECjy5gL7LcyHxm4bp-2BkBe178aggDXTPfF5OihKAZzNb-2F4WmKjzHzydUzpwRYSt5p-2FxJJWL4In29sJqtvYeETpHnmxKWu4iOwsPGb8bCY57e7YSfXaIiA-2Fhx2l9-2BusDf8EO7IaBfFzBSZM8Dfh5AUPVttFcIz0xXN71b-2Be6GbIbnZwOg15fKpbNWydpcCAXUASJ9BSAjim8tl88ldtRCxFC5Q-2B1SAwsqS-2FkuFGHwe-2Bpx1-2F0fnpkN7Qae8bKsydbuiMPmpXH00pA1HbQaR5WYqsh-2FaoU6TxCD1Z1WqkaOJh1YT4zir9shcbLNWHxGmLmSqAO73ss-3DTCnc_T7N8BvZTOm04CQQMiyWztrpCjlUrRc4F7QzSgUIpTqDyHxxxhGpyWLohz7JoE2GE5NHlS-2BYZoX1R75Fh8KCze9GvCCb-2FinuNgc39g0Cdbe-2FcU8RlSBQhp5om11AQZQ-2FDo4jFuAN0P0kGoKUSA0wK5-2FvvVzXR0jwdmju16fK4MzX02Rhdw0p3KK-2F4RGXWBGuvt0-2FIVJ1NhyjzqMc5kKQlM2SbpeqJY1s5cBCU8Fc0ZfZ36VxesHMt5ACBWm0dTeR6l4ZvLvVENIzj4xtbXdG83kmrZQtlz9t51jOZrTCD-2BRhmCC0m3CdxxwrGnHER-2BicZKLI-2BwGgEWbk3axT-2BchcP3bEkqWDLUWzWEAcCDT283fSGr5ssBdUjGOfqi7NBCQ3He-2FVsYX0OHIjxOYpxxDWnqXlsg4YladCSzNnpOG-2BSGQ1yM4vro4lM9bPlnQJCsIbU-2BI8PhGTqPNADd0m8m3gWsUTrMIe3aTKUFXQRWYFDhk-2BS1MqawVBoc4dEwpoMmXsgSHgujemt6VtzIN1umN9tOBCT0o9V4871RFerpwswoC1GzZk-2BD3H4wmM6wcXHvEHu7M0ql0QjUdYe4tEy39u-2F01KI-2FFr9WSWaypViP3tINTX7g5yLSLnFJ-2F3mP4ix8gpnXzaf4w45XbBP87I7Wqu4i171prinFYVZvaLZiM8i6Gt3EYizKxdvAN6IuI3NcMZ6oe6FzlbARzsiyAKpoW9JH9ihcaqzeqatOOJCWy-2BeB-2BE4goJIU3nk7xP1UVHdKuxfJ8osSgPxL89RbEH2jnd2Eg4dABLy8tUo1xggHLdcmKg-3D\" style=\"color:blue; text-decoration:underline\" target=\"_blank\"><span style=\"font-size:14.0pt\">Regulat&oacute;rios para fraldas descart&aacute;veis: como estruturar documentos, mapear riscos e garantir conformidade no setor de personal care<\/span><\/a><\/span><\/span><\/span><\/p>\r\n\r\n<p style=\"text-align:justify\"><span style=\"font-size:11pt\"><span style=\"line-height:normal\"><span style=\"font-family:Calibri,sans-serif\"><a href=\"https:\/\/www.fiberjournal.com\/hemp-emerging-star-climate-smart-bast-fiber\/?utm_campaign=EDANA%20General%20Newsletter&amp;utm_medium=email&amp;_hsenc=p2ANqtz-9-DoiQwWw2-sleDJMPLtchw0MhndSciSnsXh977-PqPWwbBausMKjggo75aF2nKVQ6bvQFcXpOk3rjBpea3q15gmSU8A&amp;_hsmi=122648496&amp;utm_content=122648496&amp;utm_source=hs_email\" style=\"color:blue; text-decoration:underline\"><span lang=\"EN-US\" style=\"font-size:14.0pt\">HEMP &ndash; Emerging Star Climate-Smart Bast Fiber<\/span><\/a><\/span><\/span><\/span><\/p>\r\n\r\n<p style=\"text-align:justify\"><span style=\"font-size:11pt\"><span style=\"line-height:normal\"><span style=\"font-family:Calibri,sans-serif\"><a href=\"https:\/\/www.nonwovens-industry.com\/exclusives\/u-k-sets-date-for-plastic-wipes-legislation\/\" style=\"color:blue; text-decoration:underline\"><span lang=\"EN-US\" style=\"font-size:14.0pt\">U.K. Sets Date for Plastic Wipes Legislation<\/span><\/a><\/span><\/span><\/span><\/p>\r\n\r\n<p style=\"text-align:justify\"><span style=\"font-size:11pt\"><span style=\"line-height:normal\"><span style=\"font-family:Calibri,sans-serif\"><a href=\"https:\/\/www.textiletechnology.net\/news\/news\/scandinavian-water-technology-new-filtration-system-targets-microplastic-pollution-in-laundry-52239\" style=\"color:blue; text-decoration:underline\"><span style=\"font-size:14.0pt\">Novo sistema de filtragem visa combater a polui&ccedil;&atilde;o por micropl&aacute;sticos em roupas lavadas.<\/span><\/a><\/span><\/span><\/span><\/p>\r\n\r\n<p style=\"text-align:justify\"><span style=\"font-size:28pt\"><span style=\"font-family:Cambria,serif\"><span style=\"letter-spacing:-0.5pt\"><b><span style=\"font-size:18.0pt\"><span calibri=\"\" style=\"font-family:\"><span style=\"font-variant:small-caps\">Ind&uacute;stria<\/span><\/span><\/span><\/b><\/span><\/span><\/span><\/p>\r\n\r\n<p style=\"text-align:justify\"><span style=\"font-size:11pt\"><span style=\"line-height:normal\"><span style=\"font-family:Calibri,sans-serif\"><a href=\"https:\/\/diariodonordeste.verdesmares.com.br\/opiniao\/colunistas\/egidio-serpa\/industria-textil-brasileira-esta-ameacada-pela-concorrencia-chinesa-1.3712625\" style=\"color:blue; text-decoration:underline\"><span style=\"font-size:14.0pt\">Ind&uacute;stria t&ecirc;xtil brasileira est&aacute; amea&ccedil;ada pela concorr&ecirc;ncia chinesa<\/span><\/a><\/span><\/span><\/span><\/p>\r\n\r\n<p style=\"text-align:justify\"><span style=\"font-size:11pt\"><span style=\"line-height:normal\"><span style=\"font-family:Calibri,sans-serif\"><a href=\"https:\/\/www.poder360.com.br\/poder-economia\/demanda-industrial-tem-pior-resultado-para-novembro-desde-2016\/\" style=\"color:blue; text-decoration:underline\"><span style=\"font-size:14.0pt\">Demanda industrial tem pior resultado para novembro desde 2016<\/span><\/a><\/span><\/span><\/span><\/p>\r\n\r\n<p style=\"text-align:justify\"><span style=\"font-size:11pt\"><span style=\"line-height:normal\"><span style=\"font-family:Calibri,sans-serif\"><a href=\"https:\/\/noticias.portaldaindustria.com.br\/noticias\/economia\/cresce-numero-de-setores-industriais-confiantes-mas-quadro-geral-ainda-e-de-pessimismo\/\" style=\"color:blue; text-decoration:underline\"><span style=\"font-size:14.0pt\">Cresce n&uacute;mero de setores industriais confiantes, mas quadro geral ainda &eacute; de pessimismo<\/span><\/a><\/span><\/span><\/span><\/p>\r\n\r\n<p style=\"text-align:justify\"><span style=\"font-size:11pt\"><span style=\"line-height:normal\"><span style=\"font-family:Calibri,sans-serif\"><a href=\"https:\/\/www.enaiq.org.br\/wp-content\/uploads\/2025\/11\/Livreto-Enaiq-1.pdf\" style=\"color:blue; text-decoration:underline\"><span style=\"font-size:14.0pt\">Desempenho da Ind&uacute;stria Qu&iacute;mica Brasileira 2025<\/span><\/a><\/span><\/span><\/span><\/p>\r\n\r\n<p style=\"text-align:justify\"><span style=\"font-size:11pt\"><span style=\"line-height:normal\"><span style=\"font-family:Calibri,sans-serif\"><a href=\"https:\/\/www.meiofiltrante.com.br\/Noticia\/131758\/abiplast-aponta-que-o-setor-segue-em-expansao-continua-no-brasil-\" style=\"color:blue; text-decoration:underline\"><span style=\"font-size:14.0pt\">Abiplast aponta que o setor segue em expans&atilde;o cont&iacute;nua no Brasil<\/span><\/a><\/span><\/span><\/span><\/p>\r\n\r\n<p style=\"text-align:justify\"><span style=\"font-size:11pt\"><span style=\"line-height:normal\"><span style=\"font-family:Calibri,sans-serif\"><a href=\"https:\/\/www.automecfeira.com.br\/pt-br\/blog\/mercado\/setor-automotivo-registra-alta-nas-vendas-e-exportacoes-em-setem.html?utm_source=sfmc&amp;utm_medium=email&amp;utm_campaign=Automec251030a_PADRAO_EXP_VIS_Newsletter\" style=\"color:blue; text-decoration:underline\"><span style=\"font-size:14.0pt\">Setor automotivo registra alta nas vendas e exporta&ccedil;&otilde;es em setembro<\/span><\/a><\/span><\/span><\/span><\/p>\r\n\r\n<p style=\"text-align:justify\"><span style=\"font-size:11pt\"><span style=\"line-height:normal\"><span style=\"font-family:Calibri,sans-serif\"><a href=\"https:\/\/click.news.iadb.org\/?qs=d824a1472bf15989d6286f8e4fcfcd3db00156638717929ce19a7ef0136ba03ef874e08758df70ecc1cfce863ac3e8b590f7a754263b694851092dedbcce852a\" style=\"color:blue; text-decoration:underline\" title=\"BID aprova linha de US$ 2 bilh\u00f5es para saneamento b\u00e1sico no Brasil\"><span style=\"font-size:14.0pt\">BID aprova linha de US$ 2 bilh&otilde;es para saneamento b&aacute;sico no Brasil<\/span><\/a><\/span><\/span><\/span><\/p>\r\n\r\n<p style=\"text-align:justify\"><span style=\"font-size:28pt\"><span style=\"font-family:Cambria,serif\"><span style=\"letter-spacing:-0.5pt\"><b><span style=\"font-size:18.0pt\"><span calibri=\"\" style=\"font-family:\"><span style=\"font-variant:small-caps\">Sustentabilidade<\/span><\/span><\/span><\/b><\/span><\/span><\/span><\/p>\r\n\r\n<p style=\"text-align:justify\"><span style=\"font-size:11pt\"><span style=\"line-height:normal\"><span style=\"font-family:Calibri,sans-serif\"><a href=\"https:\/\/diariodovale.com.br\/nacional\/brasil-desperdica-agua-suficiente-para-6-mil-piscinas-olimpicas-por-dia\/\" style=\"color:blue; text-decoration:underline\"><span style=\"font-size:14.0pt\">Brasil desperdi&ccedil;a &aacute;gua suficiente para 6 mil piscinas ol&iacute;mpicas por dia<\/span><\/a><\/span><\/span><\/span><\/p>\r\n\r\n<p style=\"text-align:justify\"><span style=\"font-size:11pt\"><span style=\"line-height:normal\"><span style=\"font-family:Calibri,sans-serif\"><a href=\"https:\/\/cefic.org\/news\/circular-economy-act-must-balance-circularity-with-competitiveness\/?utm_campaign=EDANA%20General%20Newsletter&amp;utm_medium=email&amp;_hsenc=p2ANqtz-_DRu5de0Dt1lgxys39ftcmoTSAseoqEy9elBKSOTPWTqJM87zeng6h24-C5vkvOIgpuReVsdCvuP_2XYo5z9fHetuauw&amp;_hsmi=122648496&amp;utm_content=122648496&amp;utm_source=hs_email\" style=\"color:blue; text-decoration:underline\"><span lang=\"EN-US\" style=\"font-size:14.0pt\">Circular Economy Act must balance circularity with competitiveness<\/span><\/a><\/span><\/span><\/span><\/p>\r\n\r\n<p style=\"text-align:justify\"><span style=\"font-size:28pt\"><span style=\"font-family:Cambria,serif\"><span style=\"letter-spacing:-0.5pt\"><b><span style=\"font-size:18.0pt\"><span calibri=\"\" style=\"font-family:\"><span style=\"font-variant:small-caps\">Inova&ccedil;&atilde;o<\/span><\/span><\/span><\/b><\/span><\/span><\/span><\/p>\r\n\r\n<p style=\"text-align:justify\"><span style=\"font-size:11pt\"><span style=\"line-height:normal\"><span style=\"font-family:Calibri,sans-serif\"><a href=\"https:\/\/www.pensamentoverde.com.br\/sustentabilidade\/plastico-reciclado-que-captura-co2-a-inovacao-que-pode-resolver-duas-crises-ambientais-de-uma-so-vez\/\" style=\"color:blue; text-decoration:underline\"><span style=\"font-size:14.0pt\">Sustentabilidade: pl&aacute;stico reciclado que captura CO2: a inova&ccedil;&atilde;o que pode resolver duas crises ambientais de uma s&oacute; vez<\/span><\/a><\/span><\/span><\/span><\/p>\r\n\r\n<p style=\"text-align:justify\"><span style=\"font-size:11pt\"><span style=\"line-height:normal\"><span style=\"font-family:Calibri,sans-serif\"><a href=\"https:\/\/noticias.portaldaindustria.com.br\/noticias\/politica-industrial\/lei-do-bem-investiu-r-296-bi-em-projetos-de-inovacao-e-tecnologia-no-brasil\/\" style=\"color:blue; text-decoration:underline\"><span style=\"font-size:14.0pt\">Lei do Bem investiu R$ 296 bi em projetos de inova&ccedil;&atilde;o e tecnologia no Brasil<\/span><\/a><\/span><\/span><\/span><\/p>\r\n\r\n<p style=\"text-align:justify\"><span style=\"font-size:11pt\"><span style=\"line-height:normal\"><span style=\"font-family:Calibri,sans-serif\"><a href=\"https:\/\/dk6MJ604.eu1.hubspotlinks.com\/Ctc\/ZY+113\/dk6MJ604\/VWQlTf2nQ4qmW6jwZVQ4hBfkPW8mS6hr5GmM6NN4vJDKT5nXHCW69t95C6lZ3lqN4fq0M-3hT4HM7KJrJjcXlWW543Rsz4Z5brbW6jkmG-3z6snmW1LqqK459V6FzN5vcStv_02FpW6ngQVc1GffhgW8qPBhk6RL1Q_W8-4Z1X6V0k48W4WvCrT1m0qdmW3KDLqf136KPWW5CJxqG6kK3PWV_FCz-8nJzFKW4v0L835TPBQwN31jbvDNDDQkW4ysMDh7LwPldW64dTnQ7Q5bgsW16jL788fKjdMW2nwrn66XYntfVzQ9tv3-7gfBW6vMpk72y3slkW800qqj7kfL-FW5WVBSb2VMtWqW68l-sx94MX1JVGY9mY4LRtDhN29q7NxrcyS1W4DYWc56sBtTYW3CNnMP4cc7cHW1c7Sx-3-BDZkW7h287r84R4W9W2dX6X864MjsJW48VLh-6dJHDlW832Swk7hcYmbW5GLrbH6Q-TSPW6Rv7M381CRXxW2CG45Z72d8pff2DWQfK04\" style=\"color:blue; text-decoration:underline\" target=\"_blank\"><span lang=\"EN-US\" style=\"font-size:14.0pt\">Drexel University to Lead Multinational Effort to Produce MXene Materials for Water Desalination<\/span><\/a><\/span><\/span><\/span><\/p>\r\n\r\n<p style=\"text-align:justify\"><span style=\"font-size:11pt\"><span style=\"line-height:normal\"><span style=\"font-family:Calibri,sans-serif\"><a href=\"https:\/\/www.inovacaotecnologica.com.br\/noticias\/noticia.php?artigo=roupa-anticalor&amp;id=010160251202&amp;ebol=sim\" style=\"color:blue; text-decoration:underline\"><span style=\"font-size:14.0pt\">Roupa anticalor vai refrescar atletas, trabalhadores e at&eacute; bombeiros<\/span><\/a><\/span><\/span><\/span><\/p>\r\n\r\n<p style=\"text-align:justify\"><span style=\"font-size:11pt\"><span style=\"line-height:normal\"><span style=\"font-family:Calibri,sans-serif\"><a href=\"https:\/\/www.inovacaotecnologica.com.br\/noticias\/noticia.php?artigo=folha-artificial-sem-gastar-eletricidade&amp;id=010125251128&amp;ebol=sim\" style=\"color:blue; text-decoration:underline\"><span style=\"font-size:14.0pt\">Folha artificial refresca ver&atilde;o e aquece inverno sem gastar eletricidade<\/span><\/a><\/span><\/span><\/span><\/p>\r\n\r\n<p style=\"text-align:justify\"><span style=\"font-size:28pt\"><span style=\"font-family:Cambria,serif\"><span style=\"letter-spacing:-0.5pt\"><b><span style=\"font-size:18.0pt\"><span calibri=\"\" style=\"font-family:\"><span style=\"font-variant:small-caps\">Com&eacute;rcio Exterior<\/span><\/span><\/span><\/b><\/span><\/span><\/span><\/p>\r\n\r\n<p style=\"text-align:justify\"><span style=\"font-size:11pt\"><span style=\"line-height:normal\"><span style=\"font-family:Calibri,sans-serif\"><a href=\"https:\/\/www.infomoney.com.br\/colunistas\/project-syndicate\/como-os-paises-podem-reagir-as-importacoes-chinesas-sem-afetar-comercio-global\/\" style=\"color:blue; text-decoration:underline\"><span style=\"font-size:14.0pt\">Como os pa&iacute;ses podem reagir &agrave;s importa&ccedil;&otilde;es chinesas sem afetar com&eacute;rcio global<\/span><\/a><\/span><\/span><\/span><\/p>\r\n\r\n<p style=\"text-align:justify\"><span style=\"font-size:11pt\"><span style=\"line-height:normal\"><span style=\"font-family:Calibri,sans-serif\"><a href=\"https:\/\/www.gov.br\/mdic\/pt-br\/assuntos\/noticias\/2025\/novembro\/alckmin-reforca-medidas-para-ampliar-investimentos-estrangeiros-e-promover-exportacoes-nos-estados\" style=\"color:blue; text-decoration:underline\"><span style=\"font-size:14.0pt\">Alckmin refor&ccedil;a medidas para ampliar investimentos estrangeiros e promover exporta&ccedil;&otilde;es nos estados<\/span><\/a><\/span><\/span><\/span><\/p>\r\n\r\n<p style=\"text-align:justify\"><span style=\"font-size:28pt\"><span style=\"font-family:Cambria,serif\"><span style=\"letter-spacing:-0.5pt\"><b><span style=\"font-size:18.0pt\"><span calibri=\"\" style=\"font-family:\"><span style=\"font-variant:small-caps\">Economia<\/span><\/span><\/span><\/b><\/span><\/span><\/span><\/p>\r\n\r\n<p style=\"text-align:justify\"><span style=\"font-size:11pt\"><span style=\"line-height:normal\"><span style=\"font-family:Calibri,sans-serif\"><a href=\"https:\/\/www.bcb.gov.br\/content\/focus\/focus\/R20251128.pdf\" style=\"color:blue; text-decoration:underline\"><span style=\"font-size:14.0pt\">Focus - Relat&oacute;rio de Mercado<\/span><\/a><\/span><\/span><\/span><\/p>\r\n\r\n<p style=\"text-align:justify\"><span style=\"font-size:11pt\"><span style=\"line-height:normal\"><span style=\"font-family:Calibri,sans-serif\"><a href=\"https:\/\/www.bcb.gov.br\/content\/controleinflacao\/focusdistribuicoesfrequencia\/P20251201-Focus-Distribuicoes-de-frequencia.pdf\" style=\"color:blue; text-decoration:underline\"><span style=\"font-size:14.0pt\">Focus &ndash; Distribui&ccedil;&otilde;es de Frequ&ecirc;ncia das Expectativas de Mercado para IPCA, Selic, PIB e C&acirc;mbio<\/span><\/a><\/span><\/span><\/span><\/p>\r\n\r\n<p style=\"text-align:justify\"><span style=\"font-size:11pt\"><span style=\"line-height:normal\"><span style=\"font-family:Calibri,sans-serif\"><a href=\"https:\/\/noticias.portaldaindustria.com.br\/noticias\/economia\/confianca-em-alta-demanda-em-baixa-os-sinais-mistos-da-economia-brasileira-ep181\/\" style=\"color:blue; text-decoration:underline\"><span style=\"font-size:14.0pt\">Confian&ccedil;a em alta, demanda em baixa: os sinais mistos da economia brasileira (Ep.#181)<\/span><\/a><\/span><\/span><\/span><\/p>\r\n\r\n<p style=\"text-align:justify\"><span style=\"font-size:11pt\"><span style=\"line-height:normal\"><span style=\"font-family:Calibri,sans-serif\"><a href=\"https:\/\/sinditextilsp.org.br\/home\/2025\/11\/ibge-taxa-de-desocupacao-e-a-menor-da-serie-historica\/?utm_medium=email&amp;utm_campaign=sindinews_-_01122025&amp;utm_source=RD+Station\" style=\"color:blue; text-decoration:underline\"><span style=\"font-size:14.0pt\">IBGE: Taxa de desocupa&ccedil;&atilde;o &eacute; a menor da s&eacute;rie hist&oacute;rica<\/span><\/a><\/span><\/span><\/span><\/p>\r\n\r\n<p style=\"text-align:justify\"><span style=\"font-size:11pt\"><span style=\"line-height:normal\"><span style=\"font-family:Calibri,sans-serif\"><span style=\"font-size:14.0pt\"><img src=\"https:\/\/www.abint.org.br\/assets\/img\/editor\/redes-sociais-abint-ctg-cth_20251205172709SEybvhNLVO.jpg\" \/><\/span><\/span><\/span><\/span><\/p>\r\n","6":"<p style=\"text-align:justify\"><span style=\"font-size:11pt\"><span style=\"line-height:normal\"><span style=\"font-family:Calibri,sans-serif\"><span style=\"font-size:14.0pt\">Esta &eacute; uma compila&ccedil;&atilde;o das not&iacute;cias mais relevantes para o setor, incluindo informa&ccedil;&otilde;es sobre acordos internacionais, economia brasileira, sustentabilidade e mat&eacute;rias primas, al&eacute;m de novidades do setor de N&atilde;otecidos e Tecidos T&eacute;cnicos.<\/span><\/span><\/span><\/span><\/p>\r\n\r\n<p style=\"text-align:justify\"><span style=\"font-size:28pt\"><span style=\"font-family:Cambria,serif\"><span style=\"letter-spacing:-0.5pt\"><b><span style=\"font-size:18.0pt\"><span calibri=\"\" style=\"font-family:\"><span style=\"font-variant:small-caps\">O que vem por a&iacute;<\/span><\/span><\/span><\/b><\/span><\/span><\/span><\/p>\r\n\r\n<p style=\"text-align:justify\"><span style=\"font-size:28pt\"><span style=\"font-family:Cambria,serif\"><span style=\"letter-spacing:-0.5pt\"><b><span style=\"font-size:18.0pt\"><span calibri=\"\" style=\"font-family:\"><span style=\"font-variant:small-caps\"><img src=\"https:\/\/www.abint.org.br\/assets\/img\/editor\/20251210-live-ctg-instagram-portelinha_20251205172426SV5nUNMIk4.jpeg\" style=\"width: 500px; height: 667px;\" \/><\/span><\/span><\/span><\/b><\/span><\/span><\/span><\/p>\r\n\r\n<p style=\"text-align:justify\"><span style=\"font-size:28pt\"><span style=\"font-family:Cambria,serif\"><span style=\"letter-spacing:-0.5pt\"><b><span style=\"font-size:18.0pt\"><span calibri=\"\" style=\"font-family:\"><span style=\"font-variant:small-caps\">Not&iacute;cias das Associadas<\/span><\/span><\/span><\/b><\/span><\/span><\/span><\/p>\r\n\r\n<p style=\"text-align:justify\"><span style=\"font-size:11pt\"><span style=\"line-height:normal\"><span style=\"font-family:Calibri,sans-serif\"><a href=\"https:\/\/www.abctecnologias.com.br\/historias-de-sucesso\/vivendo-no-lago-com-collinet-lakelife-e-leister\/?utm_source=ABC+Tecnologias&amp;utm_campaign=40b501c35e-CAMPANHA_RSS_POSTS_SITE&amp;utm_medium=email&amp;utm_term=0_01821b5e7f-40b501c35e-468976694\" style=\"color:blue; text-decoration:underline\"><span style=\"font-size:14.0pt\">ABC Tecnologias | Vivendo no lago: com Collinet, Lakelife e Leister<\/span><\/a><\/span><\/span><\/span><\/p>\r\n\r\n<p style=\"text-align:justify\"><span style=\"font-size:11pt\"><span style=\"line-height:normal\"><span style=\"font-family:Calibri,sans-serif\"><a href=\"https:\/\/tissueonline.com.br\/unidade-de-ribas-do-rio-pardo-da-suzano-atinge-capacidade-nominal-em-tempo-recorde-com-tecnologias-da-andritz\/\" style=\"color:blue; text-decoration:underline\"><span style=\"font-size:14.0pt\">Unidade de Ribas do Rio Pardo da Suzano atinge capacidade nominal em tempo recorde com tecnologias da ANDRITZ<\/span><\/a><\/span><\/span><\/span><\/p>\r\n\r\n<p style=\"text-align:justify\"><span style=\"font-size:11pt\"><span style=\"line-height:normal\"><span style=\"font-family:Calibri,sans-serif\"><a href=\"https:\/\/tissueonline.com.br\/genera-inicia-operacao-de-sistemas-de-preparacao-de-massa-e-polpacao-da-andritz-para-producao-de-embalagens-sustentaveis\/\" style=\"color:blue; text-decoration:underline\"><span style=\"font-size:14.0pt\">Genera inicia opera&ccedil;&atilde;o de sistemas de prepara&ccedil;&atilde;o de massa e polpa&ccedil;&atilde;o da ANDRITZ para produ&ccedil;&atilde;o de embalagens sustent&aacute;veis<\/span><\/a><\/span><\/span><\/span><\/p>\r\n\r\n<p style=\"text-align:justify\"><span style=\"font-size:11pt\"><span style=\"line-height:normal\"><span style=\"font-family:Calibri,sans-serif\"><b><span style=\"font-size:18.0pt\"><span style=\"font-variant:small-caps\">Eventos<\/span><\/span><\/b><\/span><\/span><\/span><\/p>\r\n\r\n<p style=\"text-align:justify\"><span style=\"font-size:11pt\"><span style=\"line-height:normal\"><span style=\"font-family:Calibri,sans-serif\"><a href=\"https:\/\/www.sympla.com.br\/evento\/xli-congresso-desafios-da-conjuntura-economica-brasileira-questoes-juridicas-correlatas\/3209022\" style=\"color:blue; text-decoration:underline\"><b><span style=\"font-size:14.0pt\">Fecom&eacute;rcio | XLI Congresso Desafios da Conjuntura Econ&ocirc;mica Brasileira<\/span><\/b><\/a><span style=\"font-size:14.0pt\">, 03 de dezembro de 2025, 08h &agrave;s 18h, evento presencial, Av. Rebou&ccedil;as, 3377, Pinheiros, S&atilde;o Paulo, SP<\/span><\/span><\/span><\/span><\/p>\r\n\r\n<p style=\"text-align:justify\"><span style=\"font-size:11pt\"><span style=\"line-height:normal\"><span style=\"font-family:Calibri,sans-serif\"><a href=\"https:\/\/teams.microsoft.com\/l\/meetup-join\/19%3ameeting_OWM3NzE4MWUtNjJjMS00ZTY0LTk2NWUtNWQ2YzkyODJlYzgz%40thread.v2\/0?context=%7b%22Tid%22%3a%226d6bcc3f-bda1-4f54-af1d-86d4b7d4e6b8%22%2c%22Oid%22%3a%22d15420cd-4e99-4b07-8d6f-dd295a9a5fce%22%7d\" style=\"color:blue; text-decoration:underline\"><b><span style=\"font-size:14.0pt\">CNI | O papel da metrologia no Inmetro (Dimci) e seu impacto na competitividade e inova&ccedil;&atilde;o da ind&uacute;stria<\/span><\/b><\/a><span style=\"font-size:14.0pt\">, 11 de dezembro de 2025, 16h, evento virtual Av. Pereira Barreto, 1395, Santo Andr&eacute;, SP<\/span><\/span><\/span><\/span><\/p>\r\n\r\n<p style=\"text-align:justify\"><span style=\"font-size:11pt\"><span style=\"line-height:normal\"><span style=\"font-family:Calibri,sans-serif\"><a href=\"https:\/\/docs.google.com\/forms\/d\/e\/1FAIpQLSfoWadac-7RVAX8VDsDsyYJTGMGfw7HtKw7wYvju1qPZhO57w\/viewform?usp=send_form\" style=\"color:blue; text-decoration:underline\"><b><span style=\"font-size:14.0pt\">Ciclo de Palestras Abrafiltros | Perspectivas Econ&ocirc;micas 2026 &amp; ESG e a Cultura das Empresas<\/span><\/b><\/a><span style=\"font-size:14.0pt\">, 11 de dezembro de 2025, 09h00, evento gratuito e presencia, sede Abrafiltros, <\/span><\/span><\/span><\/span><\/p>\r\n\r\n<p style=\"text-align:justify\"><span style=\"font-size:11pt\"><span style=\"line-height:normal\"><span style=\"font-family:Calibri,sans-serif\"><a href=\"https:\/\/ufob.edu.br\/cursos-e-eventos\/cards\/i-encontro-terzaghi-giroud\" style=\"color:blue; text-decoration:underline\"><b><span style=\"font-size:14.0pt\">I Encontro Terzaghi-Giroud<\/span><\/b><\/a><span style=\"font-size:14.0pt\">, 11 de dezembro de 2025, 7h30 &agrave;s 18h30, evento presencial, audit&oacute;rio do PD, UFOB Barreiras, BA<\/span><\/span><\/span><\/span><\/p>\r\n\r\n<p style=\"text-align:justify\"><span style=\"font-size:11pt\"><span style=\"line-height:normal\"><span style=\"font-family:Calibri,sans-serif\"><a href=\"https:\/\/events.economist.com\/sustainability-week\/?RefID=EM13A-WhatsNew-Del_email-owned_MA00007195\" style=\"color:blue; text-decoration:underline\"><b><span lang=\"EN-US\" style=\"font-size:14.0pt\">11th annual Sustainability Week | Incorporating the 3rd annual Energy Transition Summit<\/span><\/b><\/a><span lang=\"EN-US\" style=\"font-size:14.0pt\">, March 2nd &ndash; 4th 2026, Intercontinental London &ndash; the O2<\/span><\/span><\/span><\/span><\/p>\r\n\r\n<p style=\"text-align:justify\"><span style=\"font-size:11pt\"><span style=\"line-height:normal\"><span style=\"font-family:Calibri,sans-serif\"><a href=\"https:\/\/filtech.de\/\" style=\"color:blue; text-decoration:underline\"><b><span style=\"font-size:14.0pt\">Filtech 2026<\/span><\/b><\/a><span style=\"font-size:14.0pt\">, de 30 de junho a 2 de julho, Cologne, Alemanha<\/span><\/span><\/span><\/span><\/p>\r\n\r\n<p style=\"text-align:justify\"><span style=\"font-size:11pt\"><span style=\"line-height:normal\"><span style=\"font-family:Calibri,sans-serif\"><a href=\"https:\/\/ficons.com.br\/\" style=\"color:blue; text-decoration:underline\"><b><span style=\"font-size:14.0pt\">FICONS - Feira Internacional de Materiais, Equipamentos e Servi&ccedil;os da Constru&ccedil;&atilde;o<\/span><\/b><\/a><span style=\"font-size:14.0pt\">, 15 a 18 de setembro de 2026, Centro de Conven&ccedil;&otilde;es de Pernambuco Recife\/ Olinda<\/span><\/span><\/span><\/span><\/p>\r\n\r\n<p style=\"text-align:justify\"><span style=\"font-size:11pt\"><span style=\"line-height:normal\"><span style=\"font-family:Calibri,sans-serif\"><a href=\"https:\/\/www.edana.org\/events\/outlook\/outlook-2025\" style=\"color:blue; text-decoration:underline\"><b><span style=\"font-size:14.0pt\">OUTLOOK&trade; 2026<\/span><\/b><\/a><span style=\"font-size:14.0pt\">, 22&ndash;24 September 2026, Hotel Miragem, Cascais, Portugal<\/span><\/span><\/span><\/span><\/p>\r\n\r\n<p style=\"text-align:justify\"><span style=\"font-size:28pt\"><span style=\"font-family:Cambria,serif\"><span style=\"letter-spacing:-0.5pt\"><b><span style=\"font-size:18.0pt\"><span calibri=\"\" style=\"font-family:\"><span style=\"font-variant:small-caps\">Setor<\/span><\/span><\/span><\/b><\/span><\/span><\/span><\/p>\r\n\r\n<p style=\"text-align:justify\"><span style=\"font-size:11pt\"><span style=\"line-height:normal\"><span style=\"font-family:Calibri,sans-serif\"><a href=\"https:\/\/plasticosemrevista.com.br\/olefinas-as-forcas-que-redesenham-o-mercado-mundial\/\" style=\"color:blue; text-decoration:underline\"><span style=\"font-size:14.0pt\">Olefinas: as for&ccedil;as que redesenham o mercado mundial<\/span><\/a><\/span><\/span><\/span><\/p>\r\n\r\n<p style=\"text-align:justify\"><span style=\"font-size:11pt\"><span style=\"line-height:normal\"><span style=\"font-family:Calibri,sans-serif\"><a href=\"http:\/\/clickemail.portalpersonalcare.com.br\/ls\/click?upn=u001.D2-2F0Tg0A29KXXLMT6ctG-2BYOihdDbc-2ByFrUFb3ZXMT9Tjcp-2BijClg3C9jwHkh7nLTWWnVzAVwo4u953DstSURWpYbVjHXtMDlOtQ3Pp4Q6gkreNt1ekw0LvJzUrJoBqeNMkq19clCmWGPO3QuYrYbZZf-2Fdv7xT6K9trVrfECjy5gL7LcyHxm4bp-2BkBe178aggDXTPfF5OihKAZzNb-2F4WmKjzHzydUzpwRYSt5p-2FxJJWL4In29sJqtvYeETpHnmxKWu4iOwsPGb8bCY57e7YSfXaIiA-2Fhx2l9-2BusDf8EO7IaBfFzBSZM8Dfh5AUPVttFcIz0xXN71b-2Be6GbIbnZwOg15fKpbNWydpcCAXUASJ9BSAjim8tl88ldtRCxFC5Q-2B1SAwsqS-2FkuFGHwe-2Bpx1-2F0fnpkN7Qae8bKsydbuiMPmpXH00pA1HbQaR5WYqsh-2FaoU6TxCD1Z1WqkaOJh1YT4zir9shcbLNWHxGmLmSqAO73ss-3DTCnc_T7N8BvZTOm04CQQMiyWztrpCjlUrRc4F7QzSgUIpTqDyHxxxhGpyWLohz7JoE2GE5NHlS-2BYZoX1R75Fh8KCze9GvCCb-2FinuNgc39g0Cdbe-2FcU8RlSBQhp5om11AQZQ-2FDo4jFuAN0P0kGoKUSA0wK5-2FvvVzXR0jwdmju16fK4MzX02Rhdw0p3KK-2F4RGXWBGuvt0-2FIVJ1NhyjzqMc5kKQlM2SbpeqJY1s5cBCU8Fc0ZfZ36VxesHMt5ACBWm0dTeR6l4ZvLvVENIzj4xtbXdG83kmrZQtlz9t51jOZrTCD-2BRhmCC0m3CdxxwrGnHER-2BicZKLI-2BwGgEWbk3axT-2BchcP3bEkqWDLUWzWEAcCDT283fSGr5ssBdUjGOfqi7NBCQ3He-2FVsYX0OHIjxOYpxxDWnqXlsg4YladCSzNnpOG-2BSGQ1yM4vro4lM9bPlnQJCsIbU-2BI8PhGTqPNADd0m8m3gWsUTrMIe3aTKUFXQRWYFDhk-2BS1MqawVBoc4dEwpoMmXsgSHgujemt6VtzIN1umN9tOBCT0o9V4871RFerpwswoC1GzZk-2BD3H4wmM6wcXHvEHu7M0ql0QjUdYe4tEy39u-2F01KI-2FFr9WSWaypViP3tINTX7g5yLSLnFJ-2F3mP4ix8gpnXzaf4w45XbBP87I7Wqu4i171prinFYVZvaLZiM8i6Gt3EYizKxdvAN6IuI3NcMZ6oe6FzlbARzsiyAKpoW9JH9ihcaqzeqatOOJCWy-2BeB-2BE4goJIU3nk7xP1UVHdKuxfJ8osSgPxL89RbEH2jnd2Eg4dABLy8tUo1xggHLdcmKg-3D\" style=\"color:blue; text-decoration:underline\" target=\"_blank\"><span style=\"font-size:14.0pt\">Regulat&oacute;rios para fraldas descart&aacute;veis: como estruturar documentos, mapear riscos e garantir conformidade no setor de personal care<\/span><\/a><\/span><\/span><\/span><\/p>\r\n\r\n<p style=\"text-align:justify\"><span style=\"font-size:11pt\"><span style=\"line-height:normal\"><span style=\"font-family:Calibri,sans-serif\"><a href=\"https:\/\/www.fiberjournal.com\/hemp-emerging-star-climate-smart-bast-fiber\/?utm_campaign=EDANA%20General%20Newsletter&amp;utm_medium=email&amp;_hsenc=p2ANqtz-9-DoiQwWw2-sleDJMPLtchw0MhndSciSnsXh977-PqPWwbBausMKjggo75aF2nKVQ6bvQFcXpOk3rjBpea3q15gmSU8A&amp;_hsmi=122648496&amp;utm_content=122648496&amp;utm_source=hs_email\" style=\"color:blue; text-decoration:underline\"><span lang=\"EN-US\" style=\"font-size:14.0pt\">HEMP &ndash; Emerging Star Climate-Smart Bast Fiber<\/span><\/a><\/span><\/span><\/span><\/p>\r\n\r\n<p style=\"text-align:justify\"><span style=\"font-size:11pt\"><span style=\"line-height:normal\"><span style=\"font-family:Calibri,sans-serif\"><a href=\"https:\/\/www.nonwovens-industry.com\/exclusives\/u-k-sets-date-for-plastic-wipes-legislation\/\" style=\"color:blue; text-decoration:underline\"><span lang=\"EN-US\" style=\"font-size:14.0pt\">U.K. Sets Date for Plastic Wipes Legislation<\/span><\/a><\/span><\/span><\/span><\/p>\r\n\r\n<p style=\"text-align:justify\"><span style=\"font-size:11pt\"><span style=\"line-height:normal\"><span style=\"font-family:Calibri,sans-serif\"><a href=\"https:\/\/www.textiletechnology.net\/news\/news\/scandinavian-water-technology-new-filtration-system-targets-microplastic-pollution-in-laundry-52239\" style=\"color:blue; text-decoration:underline\"><span style=\"font-size:14.0pt\">Novo sistema de filtragem visa combater a polui&ccedil;&atilde;o por micropl&aacute;sticos em roupas lavadas.<\/span><\/a><\/span><\/span><\/span><\/p>\r\n\r\n<p style=\"text-align:justify\"><span style=\"font-size:28pt\"><span style=\"font-family:Cambria,serif\"><span style=\"letter-spacing:-0.5pt\"><b><span style=\"font-size:18.0pt\"><span calibri=\"\" style=\"font-family:\"><span style=\"font-variant:small-caps\">Ind&uacute;stria<\/span><\/span><\/span><\/b><\/span><\/span><\/span><\/p>\r\n\r\n<p style=\"text-align:justify\"><span style=\"font-size:11pt\"><span style=\"line-height:normal\"><span style=\"font-family:Calibri,sans-serif\"><a href=\"https:\/\/diariodonordeste.verdesmares.com.br\/opiniao\/colunistas\/egidio-serpa\/industria-textil-brasileira-esta-ameacada-pela-concorrencia-chinesa-1.3712625\" style=\"color:blue; text-decoration:underline\"><span style=\"font-size:14.0pt\">Ind&uacute;stria t&ecirc;xtil brasileira est&aacute; amea&ccedil;ada pela concorr&ecirc;ncia chinesa<\/span><\/a><\/span><\/span><\/span><\/p>\r\n\r\n<p style=\"text-align:justify\"><span style=\"font-size:11pt\"><span style=\"line-height:normal\"><span style=\"font-family:Calibri,sans-serif\"><a href=\"https:\/\/www.poder360.com.br\/poder-economia\/demanda-industrial-tem-pior-resultado-para-novembro-desde-2016\/\" style=\"color:blue; text-decoration:underline\"><span style=\"font-size:14.0pt\">Demanda industrial tem pior resultado para novembro desde 2016<\/span><\/a><\/span><\/span><\/span><\/p>\r\n\r\n<p style=\"text-align:justify\"><span style=\"font-size:11pt\"><span style=\"line-height:normal\"><span style=\"font-family:Calibri,sans-serif\"><a href=\"https:\/\/noticias.portaldaindustria.com.br\/noticias\/economia\/cresce-numero-de-setores-industriais-confiantes-mas-quadro-geral-ainda-e-de-pessimismo\/\" style=\"color:blue; text-decoration:underline\"><span style=\"font-size:14.0pt\">Cresce n&uacute;mero de setores industriais confiantes, mas quadro geral ainda &eacute; de pessimismo<\/span><\/a><\/span><\/span><\/span><\/p>\r\n\r\n<p style=\"text-align:justify\"><span style=\"font-size:11pt\"><span style=\"line-height:normal\"><span style=\"font-family:Calibri,sans-serif\"><a href=\"https:\/\/www.enaiq.org.br\/wp-content\/uploads\/2025\/11\/Livreto-Enaiq-1.pdf\" style=\"color:blue; text-decoration:underline\"><span style=\"font-size:14.0pt\">Desempenho da Ind&uacute;stria Qu&iacute;mica Brasileira 2025<\/span><\/a><\/span><\/span><\/span><\/p>\r\n\r\n<p style=\"text-align:justify\"><span style=\"font-size:11pt\"><span style=\"line-height:normal\"><span style=\"font-family:Calibri,sans-serif\"><a href=\"https:\/\/www.meiofiltrante.com.br\/Noticia\/131758\/abiplast-aponta-que-o-setor-segue-em-expansao-continua-no-brasil-\" style=\"color:blue; text-decoration:underline\"><span style=\"font-size:14.0pt\">Abiplast aponta que o setor segue em expans&atilde;o cont&iacute;nua no Brasil<\/span><\/a><\/span><\/span><\/span><\/p>\r\n\r\n<p style=\"text-align:justify\"><span style=\"font-size:11pt\"><span style=\"line-height:normal\"><span style=\"font-family:Calibri,sans-serif\"><a href=\"https:\/\/www.automecfeira.com.br\/pt-br\/blog\/mercado\/setor-automotivo-registra-alta-nas-vendas-e-exportacoes-em-setem.html?utm_source=sfmc&amp;utm_medium=email&amp;utm_campaign=Automec251030a_PADRAO_EXP_VIS_Newsletter\" style=\"color:blue; text-decoration:underline\"><span style=\"font-size:14.0pt\">Setor automotivo registra alta nas vendas e exporta&ccedil;&otilde;es em setembro<\/span><\/a><\/span><\/span><\/span><\/p>\r\n\r\n<p style=\"text-align:justify\"><span style=\"font-size:11pt\"><span style=\"line-height:normal\"><span style=\"font-family:Calibri,sans-serif\"><a href=\"https:\/\/click.news.iadb.org\/?qs=d824a1472bf15989d6286f8e4fcfcd3db00156638717929ce19a7ef0136ba03ef874e08758df70ecc1cfce863ac3e8b590f7a754263b694851092dedbcce852a\" style=\"color:blue; text-decoration:underline\" title=\"BID aprova linha de US$ 2 bilh\u00f5es para saneamento b\u00e1sico no Brasil\"><span style=\"font-size:14.0pt\">BID aprova linha de US$ 2 bilh&otilde;es para saneamento b&aacute;sico no Brasil<\/span><\/a><\/span><\/span><\/span><\/p>\r\n\r\n<p style=\"text-align:justify\"><span style=\"font-size:28pt\"><span style=\"font-family:Cambria,serif\"><span style=\"letter-spacing:-0.5pt\"><b><span style=\"font-size:18.0pt\"><span calibri=\"\" style=\"font-family:\"><span style=\"font-variant:small-caps\">Sustentabilidade<\/span><\/span><\/span><\/b><\/span><\/span><\/span><\/p>\r\n\r\n<p style=\"text-align:justify\"><span style=\"font-size:11pt\"><span style=\"line-height:normal\"><span style=\"font-family:Calibri,sans-serif\"><a href=\"https:\/\/diariodovale.com.br\/nacional\/brasil-desperdica-agua-suficiente-para-6-mil-piscinas-olimpicas-por-dia\/\" style=\"color:blue; text-decoration:underline\"><span style=\"font-size:14.0pt\">Brasil desperdi&ccedil;a &aacute;gua suficiente para 6 mil piscinas ol&iacute;mpicas por dia<\/span><\/a><\/span><\/span><\/span><\/p>\r\n\r\n<p style=\"text-align:justify\"><span style=\"font-size:11pt\"><span style=\"line-height:normal\"><span style=\"font-family:Calibri,sans-serif\"><a href=\"https:\/\/cefic.org\/news\/circular-economy-act-must-balance-circularity-with-competitiveness\/?utm_campaign=EDANA%20General%20Newsletter&amp;utm_medium=email&amp;_hsenc=p2ANqtz-_DRu5de0Dt1lgxys39ftcmoTSAseoqEy9elBKSOTPWTqJM87zeng6h24-C5vkvOIgpuReVsdCvuP_2XYo5z9fHetuauw&amp;_hsmi=122648496&amp;utm_content=122648496&amp;utm_source=hs_email\" style=\"color:blue; text-decoration:underline\"><span lang=\"EN-US\" style=\"font-size:14.0pt\">Circular Economy Act must balance circularity with competitiveness<\/span><\/a><\/span><\/span><\/span><\/p>\r\n\r\n<p style=\"text-align:justify\"><span style=\"font-size:28pt\"><span style=\"font-family:Cambria,serif\"><span style=\"letter-spacing:-0.5pt\"><b><span style=\"font-size:18.0pt\"><span calibri=\"\" style=\"font-family:\"><span style=\"font-variant:small-caps\">Inova&ccedil;&atilde;o<\/span><\/span><\/span><\/b><\/span><\/span><\/span><\/p>\r\n\r\n<p style=\"text-align:justify\"><span style=\"font-size:11pt\"><span style=\"line-height:normal\"><span style=\"font-family:Calibri,sans-serif\"><a href=\"https:\/\/www.pensamentoverde.com.br\/sustentabilidade\/plastico-reciclado-que-captura-co2-a-inovacao-que-pode-resolver-duas-crises-ambientais-de-uma-so-vez\/\" style=\"color:blue; text-decoration:underline\"><span style=\"font-size:14.0pt\">Sustentabilidade: pl&aacute;stico reciclado que captura CO2: a inova&ccedil;&atilde;o que pode resolver duas crises ambientais de uma s&oacute; vez<\/span><\/a><\/span><\/span><\/span><\/p>\r\n\r\n<p style=\"text-align:justify\"><span style=\"font-size:11pt\"><span style=\"line-height:normal\"><span style=\"font-family:Calibri,sans-serif\"><a href=\"https:\/\/noticias.portaldaindustria.com.br\/noticias\/politica-industrial\/lei-do-bem-investiu-r-296-bi-em-projetos-de-inovacao-e-tecnologia-no-brasil\/\" style=\"color:blue; text-decoration:underline\"><span style=\"font-size:14.0pt\">Lei do Bem investiu R$ 296 bi em projetos de inova&ccedil;&atilde;o e tecnologia no Brasil<\/span><\/a><\/span><\/span><\/span><\/p>\r\n\r\n<p style=\"text-align:justify\"><span style=\"font-size:11pt\"><span style=\"line-height:normal\"><span style=\"font-family:Calibri,sans-serif\"><a href=\"https:\/\/dk6MJ604.eu1.hubspotlinks.com\/Ctc\/ZY+113\/dk6MJ604\/VWQlTf2nQ4qmW6jwZVQ4hBfkPW8mS6hr5GmM6NN4vJDKT5nXHCW69t95C6lZ3lqN4fq0M-3hT4HM7KJrJjcXlWW543Rsz4Z5brbW6jkmG-3z6snmW1LqqK459V6FzN5vcStv_02FpW6ngQVc1GffhgW8qPBhk6RL1Q_W8-4Z1X6V0k48W4WvCrT1m0qdmW3KDLqf136KPWW5CJxqG6kK3PWV_FCz-8nJzFKW4v0L835TPBQwN31jbvDNDDQkW4ysMDh7LwPldW64dTnQ7Q5bgsW16jL788fKjdMW2nwrn66XYntfVzQ9tv3-7gfBW6vMpk72y3slkW800qqj7kfL-FW5WVBSb2VMtWqW68l-sx94MX1JVGY9mY4LRtDhN29q7NxrcyS1W4DYWc56sBtTYW3CNnMP4cc7cHW1c7Sx-3-BDZkW7h287r84R4W9W2dX6X864MjsJW48VLh-6dJHDlW832Swk7hcYmbW5GLrbH6Q-TSPW6Rv7M381CRXxW2CG45Z72d8pff2DWQfK04\" style=\"color:blue; text-decoration:underline\" target=\"_blank\"><span lang=\"EN-US\" style=\"font-size:14.0pt\">Drexel University to Lead Multinational Effort to Produce MXene Materials for Water Desalination<\/span><\/a><\/span><\/span><\/span><\/p>\r\n\r\n<p style=\"text-align:justify\"><span style=\"font-size:11pt\"><span style=\"line-height:normal\"><span style=\"font-family:Calibri,sans-serif\"><a href=\"https:\/\/www.inovacaotecnologica.com.br\/noticias\/noticia.php?artigo=roupa-anticalor&amp;id=010160251202&amp;ebol=sim\" style=\"color:blue; text-decoration:underline\"><span style=\"font-size:14.0pt\">Roupa anticalor vai refrescar atletas, trabalhadores e at&eacute; bombeiros<\/span><\/a><\/span><\/span><\/span><\/p>\r\n\r\n<p style=\"text-align:justify\"><span style=\"font-size:11pt\"><span style=\"line-height:normal\"><span style=\"font-family:Calibri,sans-serif\"><a href=\"https:\/\/www.inovacaotecnologica.com.br\/noticias\/noticia.php?artigo=folha-artificial-sem-gastar-eletricidade&amp;id=010125251128&amp;ebol=sim\" style=\"color:blue; text-decoration:underline\"><span style=\"font-size:14.0pt\">Folha artificial refresca ver&atilde;o e aquece inverno sem gastar eletricidade<\/span><\/a><\/span><\/span><\/span><\/p>\r\n\r\n<p style=\"text-align:justify\"><span style=\"font-size:28pt\"><span style=\"font-family:Cambria,serif\"><span style=\"letter-spacing:-0.5pt\"><b><span style=\"font-size:18.0pt\"><span calibri=\"\" style=\"font-family:\"><span style=\"font-variant:small-caps\">Com&eacute;rcio Exterior<\/span><\/span><\/span><\/b><\/span><\/span><\/span><\/p>\r\n\r\n<p style=\"text-align:justify\"><span style=\"font-size:11pt\"><span style=\"line-height:normal\"><span style=\"font-family:Calibri,sans-serif\"><a href=\"https:\/\/www.infomoney.com.br\/colunistas\/project-syndicate\/como-os-paises-podem-reagir-as-importacoes-chinesas-sem-afetar-comercio-global\/\" style=\"color:blue; text-decoration:underline\"><span style=\"font-size:14.0pt\">Como os pa&iacute;ses podem reagir &agrave;s importa&ccedil;&otilde;es chinesas sem afetar com&eacute;rcio global<\/span><\/a><\/span><\/span><\/span><\/p>\r\n\r\n<p style=\"text-align:justify\"><span style=\"font-size:11pt\"><span style=\"line-height:normal\"><span style=\"font-family:Calibri,sans-serif\"><a href=\"https:\/\/www.gov.br\/mdic\/pt-br\/assuntos\/noticias\/2025\/novembro\/alckmin-reforca-medidas-para-ampliar-investimentos-estrangeiros-e-promover-exportacoes-nos-estados\" style=\"color:blue; text-decoration:underline\"><span style=\"font-size:14.0pt\">Alckmin refor&ccedil;a medidas para ampliar investimentos estrangeiros e promover exporta&ccedil;&otilde;es nos estados<\/span><\/a><\/span><\/span><\/span><\/p>\r\n\r\n<p style=\"text-align:justify\"><span style=\"font-size:28pt\"><span style=\"font-family:Cambria,serif\"><span style=\"letter-spacing:-0.5pt\"><b><span style=\"font-size:18.0pt\"><span calibri=\"\" style=\"font-family:\"><span style=\"font-variant:small-caps\">Economia<\/span><\/span><\/span><\/b><\/span><\/span><\/span><\/p>\r\n\r\n<p style=\"text-align:justify\"><span style=\"font-size:11pt\"><span style=\"line-height:normal\"><span style=\"font-family:Calibri,sans-serif\"><a href=\"https:\/\/www.bcb.gov.br\/content\/focus\/focus\/R20251128.pdf\" style=\"color:blue; text-decoration:underline\"><span style=\"font-size:14.0pt\">Focus - Relat&oacute;rio de Mercado<\/span><\/a><\/span><\/span><\/span><\/p>\r\n\r\n<p style=\"text-align:justify\"><span style=\"font-size:11pt\"><span style=\"line-height:normal\"><span style=\"font-family:Calibri,sans-serif\"><a href=\"https:\/\/www.bcb.gov.br\/content\/controleinflacao\/focusdistribuicoesfrequencia\/P20251201-Focus-Distribuicoes-de-frequencia.pdf\" style=\"color:blue; text-decoration:underline\"><span style=\"font-size:14.0pt\">Focus &ndash; Distribui&ccedil;&otilde;es de Frequ&ecirc;ncia das Expectativas de Mercado para IPCA, Selic, PIB e C&acirc;mbio<\/span><\/a><\/span><\/span><\/span><\/p>\r\n\r\n<p style=\"text-align:justify\"><span style=\"font-size:11pt\"><span style=\"line-height:normal\"><span style=\"font-family:Calibri,sans-serif\"><a href=\"https:\/\/noticias.portaldaindustria.com.br\/noticias\/economia\/confianca-em-alta-demanda-em-baixa-os-sinais-mistos-da-economia-brasileira-ep181\/\" style=\"color:blue; text-decoration:underline\"><span style=\"font-size:14.0pt\">Confian&ccedil;a em alta, demanda em baixa: os sinais mistos da economia brasileira (Ep.#181)<\/span><\/a><\/span><\/span><\/span><\/p>\r\n\r\n<p style=\"text-align:justify\"><span style=\"font-size:11pt\"><span style=\"line-height:normal\"><span style=\"font-family:Calibri,sans-serif\"><a href=\"https:\/\/sinditextilsp.org.br\/home\/2025\/11\/ibge-taxa-de-desocupacao-e-a-menor-da-serie-historica\/?utm_medium=email&amp;utm_campaign=sindinews_-_01122025&amp;utm_source=RD+Station\" style=\"color:blue; text-decoration:underline\"><span style=\"font-size:14.0pt\">IBGE: Taxa de desocupa&ccedil;&atilde;o &eacute; a menor da s&eacute;rie hist&oacute;rica<\/span><\/a><\/span><\/span><\/span><\/p>\r\n\r\n<p style=\"text-align:justify\"><span style=\"font-size:11pt\"><span style=\"line-height:normal\"><span style=\"font-family:Calibri,sans-serif\"><span style=\"font-size:14.0pt\"><img src=\"https:\/\/www.abint.org.br\/assets\/img\/editor\/redes-sociais-abint-ctg-cth_20251205172709SEybvhNLVO.jpg\" \/><\/span><\/span><\/span><\/span><\/p>\r\n","texto_en":"","7":"","imagem":"COMP_capa-2025-site-boletim-abint-noticias-semanis_20251205172932aS4h29qaoo.jpg","8":"COMP_capa-2025-site-boletim-abint-noticias-semanis_20251205172932aS4h29qaoo.jpg","arquivo":"20251203-BOLETIM-ABINT-DE-NOTICIAS-SEMANAIS.PDF","9":"20251203-BOLETIM-ABINT-DE-NOTICIAS-SEMANAIS.PDF","titulo_arquivo":"20251203 Boletim ABINT de Not\u00edcias Semanais","10":"20251203 Boletim ABINT de Not\u00edcias Semanais","titulo_arquivo_en":"","11":"","created_at":"2025-12-05 17:29:40","12":"2025-12-05 17:29:40","updated_at":"2025-12-05 17:31:10","13":"2025-12-05 17:31:10"},{"id":207,"0":207,"ordem":16,"1":16,"data":"2025-11-25","2":"2025-11-25","slug":"boletim-abint-de-noticias-semanais-105","3":"boletim-abint-de-noticias-semanais-105","titulo":"Boletim ABINT de Not\u00edcias Semanais","4":"Boletim ABINT de Not\u00edcias Semanais","titulo_en":"","5":"","texto":"<p style=\"text-align:justify\"><span style=\"font-size:11pt\"><span style=\"line-height:normal\"><span style=\"font-family:Calibri,sans-serif\"><span style=\"font-size:14.0pt\">Esta &eacute; uma compila&ccedil;&atilde;o das not&iacute;cias mais relevantes para o setor, incluindo informa&ccedil;&otilde;es sobre acordos internacionais, economia brasileira, sustentabilidade e mat&eacute;rias primas, al&eacute;m de novidades do setor de N&atilde;otecidos e Tecidos T&eacute;cnicos.<\/span><\/span><\/span><\/span><\/p>\r\n\r\n<p style=\"text-align:justify\"><span style=\"font-size:28pt\"><span style=\"font-family:Cambria,serif\"><span style=\"letter-spacing:-0.5pt\"><b><span style=\"font-size:18.0pt\"><span style=\"font-family:&quot;Calibri&quot;,sans-serif\"><span style=\"font-variant:small-caps\">Not&iacute;cias das Associadas<\/span><\/span><\/span><\/b><\/span><\/span><\/span><\/p>\r\n\r\n<p style=\"text-align:justify\"><span style=\"font-size:11pt\"><span style=\"line-height:normal\"><span style=\"font-family:Calibri,sans-serif\"><a href=\"https:\/\/jornalportuario.com.br\/noticia\/268\/ctg-abint-patrocina-evento-sobre-praticas-sustentaveis-em-infraestrutura-e-geossinteticos\" style=\"color:blue; text-decoration:underline\"><span style=\"font-size:14.0pt\">CTG ABINT patrocina evento sobre pr&aacute;ticas sustent&aacute;veis em infraestrutura e geossint&eacute;ticos<\/span><\/a><\/span><\/span><\/span><\/p>\r\n\r\n<p style=\"text-align:justify\"><span style=\"font-size:11pt\"><span style=\"line-height:normal\"><span style=\"font-family:Calibri,sans-serif\"><a href=\"https:\/\/www.geossinteticos.org.br\/novidades\/post\/ctg-abint-lanca-cartilha-sobre-uso-de-geossinteticos-em-filtracao-e-drenagem-de-muros-e-trincheiras-131\" style=\"color:blue; text-decoration:underline\"><span style=\"font-size:14.0pt\">CTG ABINT lan&ccedil;a cartilha sobre uso de geossint&eacute;ticos em filtra&ccedil;&atilde;o e drenagem de muros e trincheiras<\/span><\/a><\/span><\/span><\/span><\/p>\r\n\r\n<p style=\"text-align:justify\"><span style=\"font-size:11pt\"><span style=\"line-height:normal\"><span style=\"font-family:Calibri,sans-serif\"><a href=\"https:\/\/textile-network.com\/en\/Business\/Indorama-and-Jiaren-join-forces\" style=\"color:blue; text-decoration:underline\"><span lang=\"EN-US\" style=\"font-size:14.0pt\">Indorama and Jiaren join forces<\/span><\/a><\/span><\/span><\/span><\/p>\r\n\r\n<p style=\"text-align:justify\"><span style=\"font-size:11pt\"><span style=\"line-height:normal\"><span style=\"font-family:Calibri,sans-serif\"><a href=\"https:\/\/email2.nonwovens-industry.com\/e3t\/Ctc\/W2+113\/c-vk304\/MX4CgWTgF8yW6lrxdb3R1v7_W5LNP255G3DPVN4Tr4MK5nR3bW69t95C6lZ3p0W6fLtsv9bG_ybW3zdph61Nhw_wW8-l82C5fT_TdVndSS42L4jMMVG-LtN3myh87MPHnWWsKKZzW9lyNFF1SjhHkW5VQgrV4jjKQTW2LXl7s849VR-W50pNb32RwBw2VDPSLN3kdLKPN2R6DnmK89kfW70LQBY1hDLmNW1kjHNb2zYPnMW56Cqst1yQ7l0MWt9PX3YbLrW6mXDsF3QtcyRW7BgFvz6MRG6CW3yHQNB1mj3FJW85VMJC2JSLBrW5z16q06vrb1nW2ZwSpd4VN15CW1x6kyh1VXTqkW3wlYGK8s2vwNW8081D43FYZ9tN66s27dPbmtFW2S5n2d6Ll34cW1dk_gY8Y471WW69jzzY1Gwk3HW7SQzBy7GhMJvW2Wp48r7y7YwcW4shP3d5K84cXW3Jr-3R8m1jC6W1Hn_P767rmnyW8NpT_d1jCxhlW3nNwBz3d0RJjf9l67hb04\" style=\"color:blue; text-decoration:underline\"><span lang=\"EN-US\" style=\"font-size:14.0pt\">Trutzschler Presents Technology for Air Through Bonded Nonwovens<\/span><\/a><\/span><\/span><\/span><\/p>\r\n\r\n<p style=\"text-align:justify\"><span style=\"font-size:11pt\"><span style=\"line-height:normal\"><span style=\"font-family:Calibri,sans-serif\"><a href=\"https:\/\/portalpersonalcare.com.br\/viveo-reduz-despesas-avanca-em-margem-e-cresce-no-varejo-no-3t25\/?utm_medium=email&amp;utm_campaign=newsletter_19112025&amp;utm_source=RD+Station\" style=\"color:blue; text-decoration:underline\"><span style=\"font-size:14.0pt\">Viveo reduz despesas, avan&ccedil;a em margem e cresce no Varejo no 3T25<\/span><\/a><\/span><\/span><\/span><\/p>\r\n\r\n<p style=\"text-align:justify\"><span style=\"font-size:11pt\"><span style=\"line-height:normal\"><span style=\"font-family:Calibri,sans-serif\"><b><span style=\"font-size:18.0pt\"><span style=\"font-variant:small-caps\">Eventos<\/span><\/span><\/b><\/span><\/span><\/span><\/p>\r\n\r\n<p style=\"text-align:justify\"><span style=\"font-size:11pt\"><span style=\"line-height:normal\"><span style=\"font-family:Calibri,sans-serif\"><a href=\"https:\/\/produtos.institutoabit.org.br\/prod\/fb4eae1e-5e68-4927-8880-529370b41ab4?utm_medium=email&amp;utm_campaign=workshop_25112025&amp;utm_source=RD+Station\" style=\"color:blue; text-decoration:underline\"><b><span style=\"font-size:14.0pt\">Workshop Sindit&ecirc;xtil: Lideran&ccedil;a e Reten&ccedil;&atilde;o de Talentos<\/span><\/b><\/a><span style=\"font-size:14.0pt\">, 25 de novembro, 09h30 &agrave;s 12h00, evento onlive<\/span><\/span><\/span><\/span><\/p>\r\n\r\n<p style=\"text-align:justify\"><span style=\"font-size:11pt\"><span style=\"line-height:normal\"><span style=\"font-family:Calibri,sans-serif\"><a href=\"https:\/\/tendencias.sobratema.com\/?utm_source=akna&amp;utm_medium=email&amp;utm_campaign=Sua-marca-em-destaque-no-20-Tendencias-do-Mercado-da-Construcao-patrocine-este-encontro-estrategico\" style=\"color:blue; text-decoration:underline\"><b><span style=\"font-size:14.0pt\">SOBRATEMA | 20&ordf; Tend&ecirc;ncias do Mercado da Constru&ccedil;&atilde;o<\/span><\/b><\/a><span style=\"font-size:14.0pt\">, 26 de novembro de 2025, 18h, APAS, S&atilde;o Paulo, SP<\/span><\/span><\/span><\/span><\/p>\r\n\r\n<p style=\"text-align:justify\"><span style=\"font-size:11pt\"><span style=\"line-height:normal\"><span style=\"font-family:Calibri,sans-serif\"><a href=\"https:\/\/www.sympla.com.br\/evento\/xli-congresso-desafios-da-conjuntura-economica-brasileira-questoes-juridicas-correlatas\/3209022\" style=\"color:blue; text-decoration:underline\"><b><span style=\"font-size:14.0pt\">Fecom&eacute;rcio | XLI Congresso Desafios da Conjuntura Econ&ocirc;mica Brasileira<\/span><\/b><\/a><span style=\"font-size:14.0pt\">, 03 de dezembro de 2025, 08h &agrave;s 18h, evento presencial, Av. Rebou&ccedil;as, 3377, Pinheiros, S&atilde;o Paulo, SP<\/span><\/span><\/span><\/span><\/p>\r\n\r\n<p style=\"text-align:justify\"><span style=\"font-size:11pt\"><span style=\"line-height:normal\"><span style=\"font-family:Calibri,sans-serif\"><a href=\"https:\/\/teams.microsoft.com\/l\/meetup-join\/19%3ameeting_OWM3NzE4MWUtNjJjMS00ZTY0LTk2NWUtNWQ2YzkyODJlYzgz%40thread.v2\/0?context=%7b%22Tid%22%3a%226d6bcc3f-bda1-4f54-af1d-86d4b7d4e6b8%22%2c%22Oid%22%3a%22d15420cd-4e99-4b07-8d6f-dd295a9a5fce%22%7d\" style=\"color:blue; text-decoration:underline\"><b><span style=\"font-size:14.0pt\">CNI | O papel da metrologia no Inmetro (Dimci) e seu impacto na competitividade e inova&ccedil;&atilde;o da ind&uacute;stria<\/span><\/b><\/a><span style=\"font-size:14.0pt\">, 09 de dezembro, 16h, evento virtual<\/span><\/span><\/span><\/span><\/p>\r\n\r\n<p style=\"text-align:justify\"><span style=\"font-size:11pt\"><span style=\"line-height:normal\"><span style=\"font-family:Calibri,sans-serif\"><a href=\"https:\/\/ufob.edu.br\/cursos-e-eventos\/cards\/i-encontro-terzaghi-giroud\" style=\"color:blue; text-decoration:underline\"><b><span style=\"font-size:14.0pt\">I Encontro Terzaghi-Giroud<\/span><\/b><\/a><span style=\"font-size:14.0pt\">, 11 de dezembro de 2025, 7h30 &agrave;s 18h30, evento presencial, audit&oacute;rio do PD, UFOB Barreiras, BA<\/span><\/span><\/span><\/span><\/p>\r\n\r\n<p style=\"text-align:justify\"><span style=\"font-size:11pt\"><span style=\"line-height:normal\"><span style=\"font-family:Calibri,sans-serif\"><a href=\"https:\/\/events.economist.com\/sustainability-week\/?RefID=EM13A-WhatsNew-Del_email-owned_MA00007195\" style=\"color:blue; text-decoration:underline\"><b><span lang=\"EN-US\" style=\"font-size:14.0pt\">11th annual Sustainability Week | Incorporating the 3rd annual Energy Transition Summit<\/span><\/b><\/a><span lang=\"EN-US\" style=\"font-size:14.0pt\">, March 2nd &ndash; 4th 2026, Intercontinental London &ndash; the O2<\/span><\/span><\/span><\/span><\/p>\r\n\r\n<p style=\"text-align:justify\"><span style=\"font-size:11pt\"><span style=\"line-height:normal\"><span style=\"font-family:Calibri,sans-serif\"><a href=\"https:\/\/filtech.de\/\" style=\"color:blue; text-decoration:underline\"><b><span style=\"font-size:14.0pt\">Filtech 2026<\/span><\/b><\/a><span style=\"font-size:14.0pt\">, de 30 de junho a 2 de julho, Cologne, Alemanha<\/span><\/span><\/span><\/span><\/p>\r\n\r\n<p style=\"text-align:justify\"><span style=\"font-size:11pt\"><span style=\"line-height:normal\"><span style=\"font-family:Calibri,sans-serif\"><a href=\"https:\/\/ficons.com.br\/\" style=\"color:blue; text-decoration:underline\"><b><span style=\"font-size:14.0pt\">FICONS - Feira Internacional de Materiais, Equipamentos e Servi&ccedil;os da Constru&ccedil;&atilde;o<\/span><\/b><\/a><span style=\"font-size:14.0pt\">, 15 a 18 de setembro de 2026, Centro de Conven&ccedil;&otilde;es de Pernambuco Recife\/ Olinda<\/span><\/span><\/span><\/span><\/p>\r\n\r\n<p style=\"text-align:justify\"><span style=\"font-size:11pt\"><span style=\"line-height:normal\"><span style=\"font-family:Calibri,sans-serif\"><a href=\"https:\/\/www.edana.org\/events\/outlook\/outlook-2025\" style=\"color:blue; text-decoration:underline\"><b><span style=\"font-size:14.0pt\">OUTLOOK&trade; 2026<\/span><\/b><\/a><span style=\"font-size:14.0pt\">, 22&ndash;24 September 2026, Hotel Miragem, Cascais, Portugal<\/span><\/span><\/span><\/span><\/p>\r\n\r\n<p style=\"text-align:justify\"><span style=\"font-size:28pt\"><span style=\"font-family:Cambria,serif\"><span style=\"letter-spacing:-0.5pt\"><b><span style=\"font-size:18.0pt\"><span style=\"font-family:&quot;Calibri&quot;,sans-serif\"><span style=\"font-variant:small-caps\">Setor<\/span><\/span><\/span><\/b><\/span><\/span><\/span><\/p>\r\n\r\n<p style=\"text-align:justify\"><span style=\"font-size:11pt\"><span style=\"line-height:normal\"><span style=\"font-family:Calibri,sans-serif\"><a href=\"https:\/\/revistaplasticosul.com.br\/sustentabilidade\/o-papel-transformador-do-plastico-e-a-forca-da-colaboracao-na-industria-brasileira\/\" style=\"color:blue; text-decoration:underline\"><span style=\"font-size:14.0pt\">O papel transformador do pl&aacute;stico e a for&ccedil;a da colabora&ccedil;&atilde;o na ind&uacute;stria brasileira<\/span><\/a><\/span><\/span><\/span><\/p>\r\n\r\n<p style=\"text-align:justify\"><span style=\"font-size:11pt\"><span style=\"line-height:normal\"><span style=\"font-family:Calibri,sans-serif\"><a href=\"https:\/\/www.gov.br\/anvisa\/pt-br\/assuntos\/noticias-anvisa\/2025\/certificados-de-afe-e-ae-serao-emitidos-automaticamente-pelo-solicita\" style=\"color:blue; text-decoration:underline\"><span style=\"font-size:14.0pt\">Certificados de AFE e AE ser&atilde;o emitidos automaticamente pelo Solicita<\/span><\/a><\/span><\/span><\/span><\/p>\r\n\r\n<p style=\"text-align:justify\"><span style=\"font-size:11pt\"><span style=\"line-height:normal\"><span style=\"font-family:Calibri,sans-serif\"><a href=\"https:\/\/www.bol.uol.com.br\/noticias\/2025\/11\/17\/a-maior-ferrovia-do-mundo-cruza-oito-fusos-horarios-em-sete-dias-de-viagem.htm\" style=\"color:blue; text-decoration:underline\"><span style=\"font-size:14.0pt\">Geossint&eacute;ticos: maior ferrovia do mundo cruza oito fusos hor&aacute;rios em sete dias de viagem<\/span><\/a><\/span><\/span><\/span><\/p>\r\n\r\n<p style=\"text-align:justify\"><span style=\"font-size:11pt\"><span style=\"line-height:normal\"><span style=\"font-family:Calibri,sans-serif\"><a href=\"https:\/\/www.gov.br\/dnit\/pt-br\/assuntos\/noticias\/dnit-participa-de-workshop-internacional-de-geossinteticos-no-rio-de-janeiro\" style=\"color:blue; text-decoration:underline\"><span style=\"font-size:14.0pt\">DNIT participa de Workshop Internacional de Geossint&eacute;ticos no Rio de Janeiro<\/span><\/a><\/span><\/span><\/span><\/p>\r\n\r\n<p style=\"text-align:justify\"><span style=\"font-size:11pt\"><span style=\"line-height:normal\"><span style=\"font-family:Calibri,sans-serif\"><a href=\"https:\/\/www.nonwovens-industry.com\/breaking-news\/bwf-protec-to-acquire-fisscos-needle-felt-business\/\" style=\"color:blue; text-decoration:underline\"><span lang=\"EN-US\" style=\"font-size:14.0pt\">BWF Protec to Acquire Fissco&rsquo;s Needle Felt Business<\/span><\/a><\/span><\/span><\/span><\/p>\r\n\r\n<p style=\"text-align:justify\"><span style=\"font-size:28pt\"><span style=\"font-family:Cambria,serif\"><span style=\"letter-spacing:-0.5pt\"><b><span style=\"font-size:18.0pt\"><span style=\"font-family:&quot;Calibri&quot;,sans-serif\"><span style=\"font-variant:small-caps\">Ind&uacute;stria<\/span><\/span><\/span><\/b><\/span><\/span><\/span><\/p>\r\n\r\n<p style=\"text-align:justify\"><span style=\"font-size:11pt\"><span style=\"line-height:normal\"><span style=\"font-family:Calibri,sans-serif\"><a href=\"https:\/\/noticias.portaldaindustria.com.br\/noticias\/economia\/expectativa-de-demanda-por-produtos-industriais-tem-pior-novembro-desde-2016\/\" style=\"color:blue; text-decoration:underline\"><span style=\"font-size:14.0pt\">Expectativa de demanda por produtos industriais tem pior novembro desde 2016<\/span><\/a><\/span><\/span><\/span><\/p>\r\n\r\n<p style=\"text-align:justify\"><span style=\"font-size:11pt\"><span style=\"line-height:normal\"><span style=\"font-family:Calibri,sans-serif\"><a href=\"https:\/\/portalibre.fgv.br\/system\/files\/divulgacao\/noticias\/mat-complementar\/2025-11\/Press%20Release_ICST_Nov25.pdf\" style=\"color:blue; text-decoration:underline\"><span style=\"font-size:14.0pt\">Confian&ccedil;a da Constru&ccedil;&atilde;o subiu em novembro<\/span><\/a><\/span><\/span><\/span><\/p>\r\n\r\n<p style=\"text-align:justify\"><span style=\"font-size:11pt\"><span style=\"line-height:normal\"><span style=\"font-family:Calibri,sans-serif\"><a href=\"https:\/\/www.gov.br\/antt\/pt-br\/assuntos\/ultimas-noticias\/antt-lanca-sandbox-do-programa-de-sustentabilidade-para-infraestrutura-das-rodovias-e-ferrovias-federais\" style=\"color:blue; text-decoration:underline\"><span style=\"font-size:14.0pt\">ANTT lan&ccedil;a sandbox do Programa de Sustentabilidade para Infraestrutura das rodovias e ferrovias federais<\/span><\/a><\/span><\/span><\/span><\/p>\r\n\r\n<p style=\"text-align:justify\"><span style=\"font-size:11pt\"><span style=\"line-height:normal\"><span style=\"font-family:Calibri,sans-serif\"><a href=\"https:\/\/revistaplasticosul.com.br\/transformacao-aplicacoes\/presiq-aprovado-no-senado-abre-novo-ciclo-de-investimentos-e-empregos-na-industria-quimica\/\" style=\"color:blue; text-decoration:underline\"><span style=\"font-size:14.0pt\">Presiq aprovado no senado abre novo ciclo de investimentos e empregos na ind&uacute;stria qu&iacute;mica<\/span><\/a><\/span><\/span><\/span><\/p>\r\n\r\n<p style=\"text-align:justify\"><span style=\"font-size:11pt\"><span style=\"line-height:normal\"><span style=\"font-family:Calibri,sans-serif\"><a href=\"https:\/\/guaiba.com.br\/camara-aprova-urgencia-para-programa-que-incentiva-competitividade-do-setor-quimico-copy-copy\/\" style=\"color:blue; text-decoration:underline\"><span style=\"font-size:14.0pt\">Abiquim lan&ccedil;a f&oacute;rum de coopera&ccedil;&atilde;o entre polos petroqu&iacute;micos<\/span><\/a><\/span><\/span><\/span><\/p>\r\n\r\n<p style=\"text-align:justify\"><span style=\"font-size:11pt\"><span style=\"line-height:normal\"><span style=\"font-family:Calibri,sans-serif\"><a href=\"https:\/\/mundodoplastico.plasticobrasil.com.br\/reciclagem\/regulamentacao-viabilidade-economicada-reciclagem\/?utm_campaign=BRZ25MDP-BP-Newsletter74&amp;utm_emailname=BRZ25MDP-BP-Newsletter74&amp;utm_medium=email&amp;utm_source=eloqua&amp;utm_MDMContactID=2bb3d23c-a32f-4218-88d5-29f7fb45caee&amp;utm_campaigntype=Newsletter&amp;eM=50c7dfe42c38ea8f10539f0a167fc763253059e495554a32db7a57f8f237ec4c&amp;eventSeriesCode=ES_MDDPLSDGTL&amp;eventEditionCode=BRA27IPR&amp;sessionCode=S_EXHB&amp;sp_eh=50c7dfe42c38ea8f10539f0a167fc763253059e495554a32db7a57f8f237ec4c\" style=\"color:blue; text-decoration:underline\"><span style=\"font-size:14.0pt\">Setor pl&aacute;stico busca equil&iacute;brio entre regulamenta&ccedil;&atilde;o e viabilidade econ&ocirc;mica da reciclagem<\/span><\/a><\/span><\/span><\/span><\/p>\r\n\r\n<p style=\"text-align:justify\"><span style=\"font-size:28pt\"><span style=\"font-family:Cambria,serif\"><span style=\"letter-spacing:-0.5pt\"><b><span style=\"font-size:18.0pt\"><span style=\"font-family:&quot;Calibri&quot;,sans-serif\"><span style=\"font-variant:small-caps\">Sustentabilidade<\/span><\/span><\/span><\/b><\/span><\/span><\/span><\/p>\r\n\r\n<p style=\"text-align:justify\"><span style=\"font-size:11pt\"><span style=\"line-height:normal\"><span style=\"font-family:Calibri,sans-serif\"><a href=\"https:\/\/www.inovacaotecnologica.com.br\/noticias\/noticia.php?artigo=reciclagem-quimica-pet&amp;id=010125251119\" style=\"color:blue; text-decoration:underline\"><span style=\"font-size:14.0pt\">Finalmente: Criada t&eacute;cnica de reciclagem qu&iacute;mica do PET<\/span><\/a><\/span><\/span><\/span><\/p>\r\n\r\n<p style=\"text-align:justify\"><span style=\"font-size:11pt\"><span style=\"line-height:normal\"><span style=\"font-family:Calibri,sans-serif\"><a href=\"https:\/\/mundodoplastico.plasticobrasil.com.br\/reciclagem\/erros-resina-reciclada-como-evitar\/?utm_campaign=BRZ25MDP-BP-Newsletter74&amp;utm_emailname=BRZ25MDP-BP-Newsletter74&amp;utm_medium=email&amp;utm_source=eloqua&amp;utm_MDMContactID=2bb3d23c-a32f-4218-88d5-29f7fb45caee&amp;utm_campaigntype=Newsletter&amp;eM=50c7dfe42c38ea8f10539f0a167fc763253059e495554a32db7a57f8f237ec4c&amp;eventSeriesCode=ES_MDDPLSDGTL&amp;eventEditionCode=BRA27IPR&amp;sessionCode=S_EXHB&amp;sp_eh=50c7dfe42c38ea8f10539f0a167fc763253059e495554a32db7a57f8f237ec4c\" style=\"color:blue; text-decoration:underline\"><span style=\"font-size:14.0pt\">Erros ao escolher resinas recicladas e como evit&aacute;-los<\/span><\/a><\/span><\/span><\/span><\/p>\r\n\r\n<p style=\"text-align:justify\"><span style=\"font-size:11pt\"><span style=\"line-height:normal\"><span style=\"font-family:Calibri,sans-serif\"><a href=\"https:\/\/conectaverde.com.br\/decreto-disciplina-sistema-de-logistica-reversa-de-embalagens-de-plastico-em-ambito-nacional\/\" style=\"color:blue; text-decoration:underline\"><span style=\"font-size:14.0pt\">Decreto disciplina sistema de log&iacute;stica reversa de embalagens de pl&aacute;stico em &acirc;mbito nacional<\/span><\/a><\/span><\/span><\/span><\/p>\r\n\r\n<p style=\"text-align:justify\"><span style=\"font-size:11pt\"><span style=\"line-height:normal\"><span style=\"font-family:Calibri,sans-serif\"><a href=\"https:\/\/www.nonwovens-industry.com\/exclusives\/u-k-sets-date-for-plastic-wipes-legislation\/?utm_campaign=NON%20eNewsletter&amp;utm_medium=email&amp;_hsenc=p2ANqtz--J-R-3OrpMSwfn3VOeUu9gvV2AQtfXZEJZ3p5bRv9c0mH2_9FQhJ9-Hc7UOFWAiks16DWtFJdyYy-_TLhUAQxxltkj8w&amp;_hsmi=390887645&amp;utm_content=390887645&amp;utm_source=hs_email\" style=\"color:blue; text-decoration:underline\"><span lang=\"EN-US\" style=\"font-size:14.0pt\">U.K. Sets Date for Plastic Wipes Legislation<\/span><\/a><\/span><\/span><\/span><\/p>\r\n\r\n<p style=\"text-align:justify\"><span style=\"font-size:11pt\"><span style=\"line-height:normal\"><span style=\"font-family:Calibri,sans-serif\"><a href=\"https:\/\/www.meiofiltrante.com.br\/Noticia\/131715\/a-sustentabilidade-deve-liderar-as-escolhas-dos-setores-industrial-e-da-construcao-em-2026\" style=\"color:blue; text-decoration:underline\"><span style=\"font-size:14.0pt\">A sustentabilidade deve liderar as escolhas dos setores industrial e da constru&ccedil;&atilde;o em 2026<\/span><\/a><\/span><\/span><\/span><\/p>\r\n\r\n<p style=\"text-align:justify\"><span style=\"font-size:11pt\"><span style=\"line-height:normal\"><span style=\"font-family:Calibri,sans-serif\"><a href=\"https:\/\/www.innovationintextiles.com\/industry-talk\/global-circularity-protocol-launched-at-cop30\/\" style=\"color:blue; text-decoration:underline\"><span lang=\"EN-US\" style=\"font-size:14.0pt\">Global Circularity Protocol launched at COP30<\/span><\/a><\/span><\/span><\/span><\/p>\r\n\r\n<p style=\"text-align:justify\"><span style=\"font-size:11pt\"><span style=\"line-height:normal\"><span style=\"font-family:Calibri,sans-serif\"><a href=\"https:\/\/noticias.portaldaindustria.com.br\/noticias\/industria-na-cop-30\/cop30-setor-privado-e-lula-discutem-transicao-energetica-e-cumprimento-das-metas-climaticas\/\" style=\"color:blue; text-decoration:underline\"><span style=\"font-size:14.0pt\">COP30: setor privado e Lula discutem transi&ccedil;&atilde;o energ&eacute;tica e cumprimento das metas clim&aacute;ticas<\/span><\/a><\/span><\/span><\/span><\/p>\r\n\r\n<p style=\"text-align:justify\"><span style=\"font-size:11pt\"><span style=\"line-height:normal\"><span style=\"font-family:Calibri,sans-serif\"><a href=\"https:\/\/www.fibre2fashion.com\/news\/textile-news\/unctad-calls-for-aligning-trade-with-paris-agreement-306329-newsdetails.htm\" style=\"color:blue; text-decoration:underline\"><span lang=\"EN-US\" style=\"font-size:14.0pt\">UNCTAD calls for aligning trade with Paris Agreement<\/span><\/a><\/span><\/span><\/span><\/p>\r\n\r\n<p style=\"text-align:justify\"><span style=\"font-size:28pt\"><span style=\"font-family:Cambria,serif\"><span style=\"letter-spacing:-0.5pt\"><b><span style=\"font-size:18.0pt\"><span style=\"font-family:&quot;Calibri&quot;,sans-serif\"><span style=\"font-variant:small-caps\">Inova&ccedil;&atilde;o<\/span><\/span><\/span><\/b><\/span><\/span><\/span><\/p>\r\n\r\n<p style=\"text-align:justify\"><span style=\"font-size:11pt\"><span style=\"line-height:normal\"><span style=\"font-family:Calibri,sans-serif\"><a href=\"https:\/\/www.meiofiltrante.com.br\/Noticia\/131720\/diferenciais-do-filtro-separador-centrifugo-nas-etapas-de-remocao-de-contaminantes\" style=\"color:blue; text-decoration:underline\"><span style=\"font-size:14.0pt\">Diferenciais do filtro separador centr&iacute;fugo nas etapas de remo&ccedil;&atilde;o de contaminantes<\/span><\/a><\/span><\/span><\/span><\/p>\r\n\r\n<p style=\"text-align:justify\"><span style=\"font-size:11pt\"><span style=\"line-height:normal\"><span style=\"font-family:Calibri,sans-serif\"><a href=\"https:\/\/noticiasambientales.com\/inovacion-pt\/fibras-fotonicas-para-um-tecido-sem-residuos-a-tecnologia-que-promete-rastreabilidade-permanente-e-reciclagem-real\/\" style=\"color:blue; text-decoration:underline\"><span style=\"font-size:14.0pt\">Fibras fot&ocirc;nicas para um tecido sem res&iacute;duos: a tecnologia que promete rastreabilidade permanente e reciclagem real<\/span><\/a><\/span><\/span><\/span><\/p>\r\n\r\n<p style=\"text-align:justify\"><span style=\"font-size:11pt\"><span style=\"line-height:normal\"><span style=\"font-family:Calibri,sans-serif\"><a href=\"https:\/\/noticiasambientales.com\/inovacion-pt\/a-inovacao-cientifica-que-promete-revolucionar-a-industria-da-moda-tecidos-coloridos-criados-apenas-com-bacterias\/\" style=\"color:blue; text-decoration:underline\"><span style=\"font-size:14.0pt\">A inova&ccedil;&atilde;o cient&iacute;fica que promete revolucionar a ind&uacute;stria da moda: tecidos coloridos criados apenas com bact&eacute;rias<\/span><\/a><\/span><\/span><\/span><\/p>\r\n\r\n<p style=\"text-align:justify\"><span style=\"font-size:11pt\"><span style=\"line-height:normal\"><span style=\"font-family:Calibri,sans-serif\"><a href=\"https:\/\/www.noticenter.com.br\/n.php?ID=41262&amp;T=tecnologia-textil-impulsiona-a-selecao-de-atletismo-nas-surdolimpiadas-de-toquio\" style=\"color:blue; text-decoration:underline\"><span style=\"font-size:14.0pt\">Tecnologia t&ecirc;xtil impulsiona a Sele&ccedil;&atilde;o de Atletismo nas Surdolimp&iacute;adas de T&oacute;quio<\/span><\/a><\/span><\/span><\/span><\/p>\r\n\r\n<p style=\"text-align:justify\"><span style=\"font-size:28pt\"><span style=\"font-family:Cambria,serif\"><span style=\"letter-spacing:-0.5pt\"><b><span style=\"font-size:18.0pt\"><span style=\"font-family:&quot;Calibri&quot;,sans-serif\"><span style=\"font-variant:small-caps\">Com&eacute;rcio Exterior<\/span><\/span><\/span><\/b><\/span><\/span><\/span><\/p>\r\n\r\n<p style=\"text-align:justify\"><span style=\"font-size:11pt\"><span style=\"line-height:normal\"><span style=\"font-family:Calibri,sans-serif\"><a href=\"https:\/\/www.infomoney.com.br\/economia\/acordo-mercosul-uniao-europeia-pode-ser-assinado-em-20-de-dezembro-sinaliza-lula\/\" style=\"color:blue; text-decoration:underline\"><span style=\"font-size:14.0pt\">Acordo Mercosul-Uni&atilde;o Europeia pode ser assinado em 20 de dezembro, sinaliza Lula<\/span><\/a><\/span><\/span><\/span><\/p>\r\n\r\n<p style=\"text-align:justify\"><span style=\"font-size:11pt\"><span style=\"line-height:normal\"><span style=\"font-family:Calibri,sans-serif\"><a href=\"https:\/\/portalibre.fgv.br\/noticias\/brasil-precisa-do-acordo-com-os-estados-unidos-para-que-exportacoes-do-pais-nao-sejam\" style=\"color:blue; text-decoration:underline\"><span style=\"font-size:14.0pt\">Brasil precisa do acordo com os Estados Unidos para que as exporta&ccedil;&otilde;es do pa&iacute;s n&atilde;o sejam deslocadas pelos acordos bilaterais que os EUA est&atilde;o fazendo<\/span><\/a><\/span><\/span><\/span><\/p>\r\n\r\n<p style=\"text-align:justify\"><span style=\"font-size:11pt\"><span style=\"line-height:normal\"><span style=\"font-family:Calibri,sans-serif\"><a href=\"https:\/\/timesbrasil.com.br\/brasil\/industria-plastico-tarifas-eua-pouca-abertura\/\" style=\"color:blue; text-decoration:underline\"><span style=\"font-size:14.0pt\">Tarifa&ccedil;o: ind&uacute;stria de pl&aacute;stico reclama por ter poucos produtos industrializados contemplados<\/span><\/a><\/span><\/span><\/span><\/p>\r\n\r\n<p style=\"text-align:justify\"><span style=\"font-size:11pt\"><span style=\"line-height:normal\"><span style=\"font-family:Calibri,sans-serif\"><a href=\"https:\/\/www.fibre2fashion.com\/news\/textile-news\/global-businesses-adapt-to-tariff-pressures-turn-to-diversification-306594-newsdetails.htm\" style=\"color:blue; text-decoration:underline\"><span lang=\"EN-US\" style=\"font-size:14.0pt\">Global businesses adapt to tariff pressures, turn to diversification<\/span><\/a><\/span><\/span><\/span><\/p>\r\n\r\n<p style=\"text-align:justify\"><span style=\"font-size:28pt\"><span style=\"font-family:Cambria,serif\"><span style=\"letter-spacing:-0.5pt\"><b><span style=\"font-size:18.0pt\"><span style=\"font-family:&quot;Calibri&quot;,sans-serif\"><span style=\"font-variant:small-caps\">Economia<\/span><\/span><\/span><\/b><\/span><\/span><\/span><\/p>\r\n\r\n<p style=\"text-align:justify\"><span style=\"font-size:11pt\"><span style=\"line-height:normal\"><span style=\"font-family:Calibri,sans-serif\"><a href=\"https:\/\/www.bcb.gov.br\/content\/focus\/focus\/R20251121.pdf\" style=\"color:blue; text-decoration:underline\"><span style=\"font-size:14.0pt\">Focus - Relat&oacute;rio de Mercado<\/span><\/a><\/span><\/span><\/span><\/p>\r\n\r\n<p style=\"text-align:justify\"><img src=\"https:\/\/www.abint.org.br\/assets\/img\/editor\/redes-sociais-abint-ctg-cth_20251014202218Zyze8pqEet.jpg\" \/><\/p>\r\n","6":"<p style=\"text-align:justify\"><span style=\"font-size:11pt\"><span style=\"line-height:normal\"><span style=\"font-family:Calibri,sans-serif\"><span style=\"font-size:14.0pt\">Esta &eacute; uma compila&ccedil;&atilde;o das not&iacute;cias mais relevantes para o setor, incluindo informa&ccedil;&otilde;es sobre acordos internacionais, economia brasileira, sustentabilidade e mat&eacute;rias primas, al&eacute;m de novidades do setor de N&atilde;otecidos e Tecidos T&eacute;cnicos.<\/span><\/span><\/span><\/span><\/p>\r\n\r\n<p style=\"text-align:justify\"><span style=\"font-size:28pt\"><span style=\"font-family:Cambria,serif\"><span style=\"letter-spacing:-0.5pt\"><b><span style=\"font-size:18.0pt\"><span style=\"font-family:&quot;Calibri&quot;,sans-serif\"><span style=\"font-variant:small-caps\">Not&iacute;cias das Associadas<\/span><\/span><\/span><\/b><\/span><\/span><\/span><\/p>\r\n\r\n<p style=\"text-align:justify\"><span style=\"font-size:11pt\"><span style=\"line-height:normal\"><span style=\"font-family:Calibri,sans-serif\"><a href=\"https:\/\/jornalportuario.com.br\/noticia\/268\/ctg-abint-patrocina-evento-sobre-praticas-sustentaveis-em-infraestrutura-e-geossinteticos\" style=\"color:blue; text-decoration:underline\"><span style=\"font-size:14.0pt\">CTG ABINT patrocina evento sobre pr&aacute;ticas sustent&aacute;veis em infraestrutura e geossint&eacute;ticos<\/span><\/a><\/span><\/span><\/span><\/p>\r\n\r\n<p style=\"text-align:justify\"><span style=\"font-size:11pt\"><span style=\"line-height:normal\"><span style=\"font-family:Calibri,sans-serif\"><a href=\"https:\/\/www.geossinteticos.org.br\/novidades\/post\/ctg-abint-lanca-cartilha-sobre-uso-de-geossinteticos-em-filtracao-e-drenagem-de-muros-e-trincheiras-131\" style=\"color:blue; text-decoration:underline\"><span style=\"font-size:14.0pt\">CTG ABINT lan&ccedil;a cartilha sobre uso de geossint&eacute;ticos em filtra&ccedil;&atilde;o e drenagem de muros e trincheiras<\/span><\/a><\/span><\/span><\/span><\/p>\r\n\r\n<p style=\"text-align:justify\"><span style=\"font-size:11pt\"><span style=\"line-height:normal\"><span style=\"font-family:Calibri,sans-serif\"><a href=\"https:\/\/textile-network.com\/en\/Business\/Indorama-and-Jiaren-join-forces\" style=\"color:blue; text-decoration:underline\"><span lang=\"EN-US\" style=\"font-size:14.0pt\">Indorama and Jiaren join forces<\/span><\/a><\/span><\/span><\/span><\/p>\r\n\r\n<p style=\"text-align:justify\"><span style=\"font-size:11pt\"><span style=\"line-height:normal\"><span style=\"font-family:Calibri,sans-serif\"><a href=\"https:\/\/email2.nonwovens-industry.com\/e3t\/Ctc\/W2+113\/c-vk304\/MX4CgWTgF8yW6lrxdb3R1v7_W5LNP255G3DPVN4Tr4MK5nR3bW69t95C6lZ3p0W6fLtsv9bG_ybW3zdph61Nhw_wW8-l82C5fT_TdVndSS42L4jMMVG-LtN3myh87MPHnWWsKKZzW9lyNFF1SjhHkW5VQgrV4jjKQTW2LXl7s849VR-W50pNb32RwBw2VDPSLN3kdLKPN2R6DnmK89kfW70LQBY1hDLmNW1kjHNb2zYPnMW56Cqst1yQ7l0MWt9PX3YbLrW6mXDsF3QtcyRW7BgFvz6MRG6CW3yHQNB1mj3FJW85VMJC2JSLBrW5z16q06vrb1nW2ZwSpd4VN15CW1x6kyh1VXTqkW3wlYGK8s2vwNW8081D43FYZ9tN66s27dPbmtFW2S5n2d6Ll34cW1dk_gY8Y471WW69jzzY1Gwk3HW7SQzBy7GhMJvW2Wp48r7y7YwcW4shP3d5K84cXW3Jr-3R8m1jC6W1Hn_P767rmnyW8NpT_d1jCxhlW3nNwBz3d0RJjf9l67hb04\" style=\"color:blue; text-decoration:underline\"><span lang=\"EN-US\" style=\"font-size:14.0pt\">Trutzschler Presents Technology for Air Through Bonded Nonwovens<\/span><\/a><\/span><\/span><\/span><\/p>\r\n\r\n<p style=\"text-align:justify\"><span style=\"font-size:11pt\"><span style=\"line-height:normal\"><span style=\"font-family:Calibri,sans-serif\"><a href=\"https:\/\/portalpersonalcare.com.br\/viveo-reduz-despesas-avanca-em-margem-e-cresce-no-varejo-no-3t25\/?utm_medium=email&amp;utm_campaign=newsletter_19112025&amp;utm_source=RD+Station\" style=\"color:blue; text-decoration:underline\"><span style=\"font-size:14.0pt\">Viveo reduz despesas, avan&ccedil;a em margem e cresce no Varejo no 3T25<\/span><\/a><\/span><\/span><\/span><\/p>\r\n\r\n<p style=\"text-align:justify\"><span style=\"font-size:11pt\"><span style=\"line-height:normal\"><span style=\"font-family:Calibri,sans-serif\"><b><span style=\"font-size:18.0pt\"><span style=\"font-variant:small-caps\">Eventos<\/span><\/span><\/b><\/span><\/span><\/span><\/p>\r\n\r\n<p style=\"text-align:justify\"><span style=\"font-size:11pt\"><span style=\"line-height:normal\"><span style=\"font-family:Calibri,sans-serif\"><a href=\"https:\/\/produtos.institutoabit.org.br\/prod\/fb4eae1e-5e68-4927-8880-529370b41ab4?utm_medium=email&amp;utm_campaign=workshop_25112025&amp;utm_source=RD+Station\" style=\"color:blue; text-decoration:underline\"><b><span style=\"font-size:14.0pt\">Workshop Sindit&ecirc;xtil: Lideran&ccedil;a e Reten&ccedil;&atilde;o de Talentos<\/span><\/b><\/a><span style=\"font-size:14.0pt\">, 25 de novembro, 09h30 &agrave;s 12h00, evento onlive<\/span><\/span><\/span><\/span><\/p>\r\n\r\n<p style=\"text-align:justify\"><span style=\"font-size:11pt\"><span style=\"line-height:normal\"><span style=\"font-family:Calibri,sans-serif\"><a href=\"https:\/\/tendencias.sobratema.com\/?utm_source=akna&amp;utm_medium=email&amp;utm_campaign=Sua-marca-em-destaque-no-20-Tendencias-do-Mercado-da-Construcao-patrocine-este-encontro-estrategico\" style=\"color:blue; text-decoration:underline\"><b><span style=\"font-size:14.0pt\">SOBRATEMA | 20&ordf; Tend&ecirc;ncias do Mercado da Constru&ccedil;&atilde;o<\/span><\/b><\/a><span style=\"font-size:14.0pt\">, 26 de novembro de 2025, 18h, APAS, S&atilde;o Paulo, SP<\/span><\/span><\/span><\/span><\/p>\r\n\r\n<p style=\"text-align:justify\"><span style=\"font-size:11pt\"><span style=\"line-height:normal\"><span style=\"font-family:Calibri,sans-serif\"><a href=\"https:\/\/www.sympla.com.br\/evento\/xli-congresso-desafios-da-conjuntura-economica-brasileira-questoes-juridicas-correlatas\/3209022\" style=\"color:blue; text-decoration:underline\"><b><span style=\"font-size:14.0pt\">Fecom&eacute;rcio | XLI Congresso Desafios da Conjuntura Econ&ocirc;mica Brasileira<\/span><\/b><\/a><span style=\"font-size:14.0pt\">, 03 de dezembro de 2025, 08h &agrave;s 18h, evento presencial, Av. Rebou&ccedil;as, 3377, Pinheiros, S&atilde;o Paulo, SP<\/span><\/span><\/span><\/span><\/p>\r\n\r\n<p style=\"text-align:justify\"><span style=\"font-size:11pt\"><span style=\"line-height:normal\"><span style=\"font-family:Calibri,sans-serif\"><a href=\"https:\/\/teams.microsoft.com\/l\/meetup-join\/19%3ameeting_OWM3NzE4MWUtNjJjMS00ZTY0LTk2NWUtNWQ2YzkyODJlYzgz%40thread.v2\/0?context=%7b%22Tid%22%3a%226d6bcc3f-bda1-4f54-af1d-86d4b7d4e6b8%22%2c%22Oid%22%3a%22d15420cd-4e99-4b07-8d6f-dd295a9a5fce%22%7d\" style=\"color:blue; text-decoration:underline\"><b><span style=\"font-size:14.0pt\">CNI | O papel da metrologia no Inmetro (Dimci) e seu impacto na competitividade e inova&ccedil;&atilde;o da ind&uacute;stria<\/span><\/b><\/a><span style=\"font-size:14.0pt\">, 09 de dezembro, 16h, evento virtual<\/span><\/span><\/span><\/span><\/p>\r\n\r\n<p style=\"text-align:justify\"><span style=\"font-size:11pt\"><span style=\"line-height:normal\"><span style=\"font-family:Calibri,sans-serif\"><a href=\"https:\/\/ufob.edu.br\/cursos-e-eventos\/cards\/i-encontro-terzaghi-giroud\" style=\"color:blue; text-decoration:underline\"><b><span style=\"font-size:14.0pt\">I Encontro Terzaghi-Giroud<\/span><\/b><\/a><span style=\"font-size:14.0pt\">, 11 de dezembro de 2025, 7h30 &agrave;s 18h30, evento presencial, audit&oacute;rio do PD, UFOB Barreiras, BA<\/span><\/span><\/span><\/span><\/p>\r\n\r\n<p style=\"text-align:justify\"><span style=\"font-size:11pt\"><span style=\"line-height:normal\"><span style=\"font-family:Calibri,sans-serif\"><a href=\"https:\/\/events.economist.com\/sustainability-week\/?RefID=EM13A-WhatsNew-Del_email-owned_MA00007195\" style=\"color:blue; text-decoration:underline\"><b><span lang=\"EN-US\" style=\"font-size:14.0pt\">11th annual Sustainability Week | Incorporating the 3rd annual Energy Transition Summit<\/span><\/b><\/a><span lang=\"EN-US\" style=\"font-size:14.0pt\">, March 2nd &ndash; 4th 2026, Intercontinental London &ndash; the O2<\/span><\/span><\/span><\/span><\/p>\r\n\r\n<p style=\"text-align:justify\"><span style=\"font-size:11pt\"><span style=\"line-height:normal\"><span style=\"font-family:Calibri,sans-serif\"><a href=\"https:\/\/filtech.de\/\" style=\"color:blue; text-decoration:underline\"><b><span style=\"font-size:14.0pt\">Filtech 2026<\/span><\/b><\/a><span style=\"font-size:14.0pt\">, de 30 de junho a 2 de julho, Cologne, Alemanha<\/span><\/span><\/span><\/span><\/p>\r\n\r\n<p style=\"text-align:justify\"><span style=\"font-size:11pt\"><span style=\"line-height:normal\"><span style=\"font-family:Calibri,sans-serif\"><a href=\"https:\/\/ficons.com.br\/\" style=\"color:blue; text-decoration:underline\"><b><span style=\"font-size:14.0pt\">FICONS - Feira Internacional de Materiais, Equipamentos e Servi&ccedil;os da Constru&ccedil;&atilde;o<\/span><\/b><\/a><span style=\"font-size:14.0pt\">, 15 a 18 de setembro de 2026, Centro de Conven&ccedil;&otilde;es de Pernambuco Recife\/ Olinda<\/span><\/span><\/span><\/span><\/p>\r\n\r\n<p style=\"text-align:justify\"><span style=\"font-size:11pt\"><span style=\"line-height:normal\"><span style=\"font-family:Calibri,sans-serif\"><a href=\"https:\/\/www.edana.org\/events\/outlook\/outlook-2025\" style=\"color:blue; text-decoration:underline\"><b><span style=\"font-size:14.0pt\">OUTLOOK&trade; 2026<\/span><\/b><\/a><span style=\"font-size:14.0pt\">, 22&ndash;24 September 2026, Hotel Miragem, Cascais, Portugal<\/span><\/span><\/span><\/span><\/p>\r\n\r\n<p style=\"text-align:justify\"><span style=\"font-size:28pt\"><span style=\"font-family:Cambria,serif\"><span style=\"letter-spacing:-0.5pt\"><b><span style=\"font-size:18.0pt\"><span style=\"font-family:&quot;Calibri&quot;,sans-serif\"><span style=\"font-variant:small-caps\">Setor<\/span><\/span><\/span><\/b><\/span><\/span><\/span><\/p>\r\n\r\n<p style=\"text-align:justify\"><span style=\"font-size:11pt\"><span style=\"line-height:normal\"><span style=\"font-family:Calibri,sans-serif\"><a href=\"https:\/\/revistaplasticosul.com.br\/sustentabilidade\/o-papel-transformador-do-plastico-e-a-forca-da-colaboracao-na-industria-brasileira\/\" style=\"color:blue; text-decoration:underline\"><span style=\"font-size:14.0pt\">O papel transformador do pl&aacute;stico e a for&ccedil;a da colabora&ccedil;&atilde;o na ind&uacute;stria brasileira<\/span><\/a><\/span><\/span><\/span><\/p>\r\n\r\n<p style=\"text-align:justify\"><span style=\"font-size:11pt\"><span style=\"line-height:normal\"><span style=\"font-family:Calibri,sans-serif\"><a href=\"https:\/\/www.gov.br\/anvisa\/pt-br\/assuntos\/noticias-anvisa\/2025\/certificados-de-afe-e-ae-serao-emitidos-automaticamente-pelo-solicita\" style=\"color:blue; text-decoration:underline\"><span style=\"font-size:14.0pt\">Certificados de AFE e AE ser&atilde;o emitidos automaticamente pelo Solicita<\/span><\/a><\/span><\/span><\/span><\/p>\r\n\r\n<p style=\"text-align:justify\"><span style=\"font-size:11pt\"><span style=\"line-height:normal\"><span style=\"font-family:Calibri,sans-serif\"><a href=\"https:\/\/www.bol.uol.com.br\/noticias\/2025\/11\/17\/a-maior-ferrovia-do-mundo-cruza-oito-fusos-horarios-em-sete-dias-de-viagem.htm\" style=\"color:blue; text-decoration:underline\"><span style=\"font-size:14.0pt\">Geossint&eacute;ticos: maior ferrovia do mundo cruza oito fusos hor&aacute;rios em sete dias de viagem<\/span><\/a><\/span><\/span><\/span><\/p>\r\n\r\n<p style=\"text-align:justify\"><span style=\"font-size:11pt\"><span style=\"line-height:normal\"><span style=\"font-family:Calibri,sans-serif\"><a href=\"https:\/\/www.gov.br\/dnit\/pt-br\/assuntos\/noticias\/dnit-participa-de-workshop-internacional-de-geossinteticos-no-rio-de-janeiro\" style=\"color:blue; text-decoration:underline\"><span style=\"font-size:14.0pt\">DNIT participa de Workshop Internacional de Geossint&eacute;ticos no Rio de Janeiro<\/span><\/a><\/span><\/span><\/span><\/p>\r\n\r\n<p style=\"text-align:justify\"><span style=\"font-size:11pt\"><span style=\"line-height:normal\"><span style=\"font-family:Calibri,sans-serif\"><a href=\"https:\/\/www.nonwovens-industry.com\/breaking-news\/bwf-protec-to-acquire-fisscos-needle-felt-business\/\" style=\"color:blue; text-decoration:underline\"><span lang=\"EN-US\" style=\"font-size:14.0pt\">BWF Protec to Acquire Fissco&rsquo;s Needle Felt Business<\/span><\/a><\/span><\/span><\/span><\/p>\r\n\r\n<p style=\"text-align:justify\"><span style=\"font-size:28pt\"><span style=\"font-family:Cambria,serif\"><span style=\"letter-spacing:-0.5pt\"><b><span style=\"font-size:18.0pt\"><span style=\"font-family:&quot;Calibri&quot;,sans-serif\"><span style=\"font-variant:small-caps\">Ind&uacute;stria<\/span><\/span><\/span><\/b><\/span><\/span><\/span><\/p>\r\n\r\n<p style=\"text-align:justify\"><span style=\"font-size:11pt\"><span style=\"line-height:normal\"><span style=\"font-family:Calibri,sans-serif\"><a href=\"https:\/\/noticias.portaldaindustria.com.br\/noticias\/economia\/expectativa-de-demanda-por-produtos-industriais-tem-pior-novembro-desde-2016\/\" style=\"color:blue; text-decoration:underline\"><span style=\"font-size:14.0pt\">Expectativa de demanda por produtos industriais tem pior novembro desde 2016<\/span><\/a><\/span><\/span><\/span><\/p>\r\n\r\n<p style=\"text-align:justify\"><span style=\"font-size:11pt\"><span style=\"line-height:normal\"><span style=\"font-family:Calibri,sans-serif\"><a href=\"https:\/\/portalibre.fgv.br\/system\/files\/divulgacao\/noticias\/mat-complementar\/2025-11\/Press%20Release_ICST_Nov25.pdf\" style=\"color:blue; text-decoration:underline\"><span style=\"font-size:14.0pt\">Confian&ccedil;a da Constru&ccedil;&atilde;o subiu em novembro<\/span><\/a><\/span><\/span><\/span><\/p>\r\n\r\n<p style=\"text-align:justify\"><span style=\"font-size:11pt\"><span style=\"line-height:normal\"><span style=\"font-family:Calibri,sans-serif\"><a href=\"https:\/\/www.gov.br\/antt\/pt-br\/assuntos\/ultimas-noticias\/antt-lanca-sandbox-do-programa-de-sustentabilidade-para-infraestrutura-das-rodovias-e-ferrovias-federais\" style=\"color:blue; text-decoration:underline\"><span style=\"font-size:14.0pt\">ANTT lan&ccedil;a sandbox do Programa de Sustentabilidade para Infraestrutura das rodovias e ferrovias federais<\/span><\/a><\/span><\/span><\/span><\/p>\r\n\r\n<p style=\"text-align:justify\"><span style=\"font-size:11pt\"><span style=\"line-height:normal\"><span style=\"font-family:Calibri,sans-serif\"><a href=\"https:\/\/revistaplasticosul.com.br\/transformacao-aplicacoes\/presiq-aprovado-no-senado-abre-novo-ciclo-de-investimentos-e-empregos-na-industria-quimica\/\" style=\"color:blue; text-decoration:underline\"><span style=\"font-size:14.0pt\">Presiq aprovado no senado abre novo ciclo de investimentos e empregos na ind&uacute;stria qu&iacute;mica<\/span><\/a><\/span><\/span><\/span><\/p>\r\n\r\n<p style=\"text-align:justify\"><span style=\"font-size:11pt\"><span style=\"line-height:normal\"><span style=\"font-family:Calibri,sans-serif\"><a href=\"https:\/\/guaiba.com.br\/camara-aprova-urgencia-para-programa-que-incentiva-competitividade-do-setor-quimico-copy-copy\/\" style=\"color:blue; text-decoration:underline\"><span style=\"font-size:14.0pt\">Abiquim lan&ccedil;a f&oacute;rum de coopera&ccedil;&atilde;o entre polos petroqu&iacute;micos<\/span><\/a><\/span><\/span><\/span><\/p>\r\n\r\n<p style=\"text-align:justify\"><span style=\"font-size:11pt\"><span style=\"line-height:normal\"><span style=\"font-family:Calibri,sans-serif\"><a href=\"https:\/\/mundodoplastico.plasticobrasil.com.br\/reciclagem\/regulamentacao-viabilidade-economicada-reciclagem\/?utm_campaign=BRZ25MDP-BP-Newsletter74&amp;utm_emailname=BRZ25MDP-BP-Newsletter74&amp;utm_medium=email&amp;utm_source=eloqua&amp;utm_MDMContactID=2bb3d23c-a32f-4218-88d5-29f7fb45caee&amp;utm_campaigntype=Newsletter&amp;eM=50c7dfe42c38ea8f10539f0a167fc763253059e495554a32db7a57f8f237ec4c&amp;eventSeriesCode=ES_MDDPLSDGTL&amp;eventEditionCode=BRA27IPR&amp;sessionCode=S_EXHB&amp;sp_eh=50c7dfe42c38ea8f10539f0a167fc763253059e495554a32db7a57f8f237ec4c\" style=\"color:blue; text-decoration:underline\"><span style=\"font-size:14.0pt\">Setor pl&aacute;stico busca equil&iacute;brio entre regulamenta&ccedil;&atilde;o e viabilidade econ&ocirc;mica da reciclagem<\/span><\/a><\/span><\/span><\/span><\/p>\r\n\r\n<p style=\"text-align:justify\"><span style=\"font-size:28pt\"><span style=\"font-family:Cambria,serif\"><span style=\"letter-spacing:-0.5pt\"><b><span style=\"font-size:18.0pt\"><span style=\"font-family:&quot;Calibri&quot;,sans-serif\"><span style=\"font-variant:small-caps\">Sustentabilidade<\/span><\/span><\/span><\/b><\/span><\/span><\/span><\/p>\r\n\r\n<p style=\"text-align:justify\"><span style=\"font-size:11pt\"><span style=\"line-height:normal\"><span style=\"font-family:Calibri,sans-serif\"><a href=\"https:\/\/www.inovacaotecnologica.com.br\/noticias\/noticia.php?artigo=reciclagem-quimica-pet&amp;id=010125251119\" style=\"color:blue; text-decoration:underline\"><span style=\"font-size:14.0pt\">Finalmente: Criada t&eacute;cnica de reciclagem qu&iacute;mica do PET<\/span><\/a><\/span><\/span><\/span><\/p>\r\n\r\n<p style=\"text-align:justify\"><span style=\"font-size:11pt\"><span style=\"line-height:normal\"><span style=\"font-family:Calibri,sans-serif\"><a href=\"https:\/\/mundodoplastico.plasticobrasil.com.br\/reciclagem\/erros-resina-reciclada-como-evitar\/?utm_campaign=BRZ25MDP-BP-Newsletter74&amp;utm_emailname=BRZ25MDP-BP-Newsletter74&amp;utm_medium=email&amp;utm_source=eloqua&amp;utm_MDMContactID=2bb3d23c-a32f-4218-88d5-29f7fb45caee&amp;utm_campaigntype=Newsletter&amp;eM=50c7dfe42c38ea8f10539f0a167fc763253059e495554a32db7a57f8f237ec4c&amp;eventSeriesCode=ES_MDDPLSDGTL&amp;eventEditionCode=BRA27IPR&amp;sessionCode=S_EXHB&amp;sp_eh=50c7dfe42c38ea8f10539f0a167fc763253059e495554a32db7a57f8f237ec4c\" style=\"color:blue; text-decoration:underline\"><span style=\"font-size:14.0pt\">Erros ao escolher resinas recicladas e como evit&aacute;-los<\/span><\/a><\/span><\/span><\/span><\/p>\r\n\r\n<p style=\"text-align:justify\"><span style=\"font-size:11pt\"><span style=\"line-height:normal\"><span style=\"font-family:Calibri,sans-serif\"><a href=\"https:\/\/conectaverde.com.br\/decreto-disciplina-sistema-de-logistica-reversa-de-embalagens-de-plastico-em-ambito-nacional\/\" style=\"color:blue; text-decoration:underline\"><span style=\"font-size:14.0pt\">Decreto disciplina sistema de log&iacute;stica reversa de embalagens de pl&aacute;stico em &acirc;mbito nacional<\/span><\/a><\/span><\/span><\/span><\/p>\r\n\r\n<p style=\"text-align:justify\"><span style=\"font-size:11pt\"><span style=\"line-height:normal\"><span style=\"font-family:Calibri,sans-serif\"><a href=\"https:\/\/www.nonwovens-industry.com\/exclusives\/u-k-sets-date-for-plastic-wipes-legislation\/?utm_campaign=NON%20eNewsletter&amp;utm_medium=email&amp;_hsenc=p2ANqtz--J-R-3OrpMSwfn3VOeUu9gvV2AQtfXZEJZ3p5bRv9c0mH2_9FQhJ9-Hc7UOFWAiks16DWtFJdyYy-_TLhUAQxxltkj8w&amp;_hsmi=390887645&amp;utm_content=390887645&amp;utm_source=hs_email\" style=\"color:blue; text-decoration:underline\"><span lang=\"EN-US\" style=\"font-size:14.0pt\">U.K. Sets Date for Plastic Wipes Legislation<\/span><\/a><\/span><\/span><\/span><\/p>\r\n\r\n<p style=\"text-align:justify\"><span style=\"font-size:11pt\"><span style=\"line-height:normal\"><span style=\"font-family:Calibri,sans-serif\"><a href=\"https:\/\/www.meiofiltrante.com.br\/Noticia\/131715\/a-sustentabilidade-deve-liderar-as-escolhas-dos-setores-industrial-e-da-construcao-em-2026\" style=\"color:blue; text-decoration:underline\"><span style=\"font-size:14.0pt\">A sustentabilidade deve liderar as escolhas dos setores industrial e da constru&ccedil;&atilde;o em 2026<\/span><\/a><\/span><\/span><\/span><\/p>\r\n\r\n<p style=\"text-align:justify\"><span style=\"font-size:11pt\"><span style=\"line-height:normal\"><span style=\"font-family:Calibri,sans-serif\"><a href=\"https:\/\/www.innovationintextiles.com\/industry-talk\/global-circularity-protocol-launched-at-cop30\/\" style=\"color:blue; text-decoration:underline\"><span lang=\"EN-US\" style=\"font-size:14.0pt\">Global Circularity Protocol launched at COP30<\/span><\/a><\/span><\/span><\/span><\/p>\r\n\r\n<p style=\"text-align:justify\"><span style=\"font-size:11pt\"><span style=\"line-height:normal\"><span style=\"font-family:Calibri,sans-serif\"><a href=\"https:\/\/noticias.portaldaindustria.com.br\/noticias\/industria-na-cop-30\/cop30-setor-privado-e-lula-discutem-transicao-energetica-e-cumprimento-das-metas-climaticas\/\" style=\"color:blue; text-decoration:underline\"><span style=\"font-size:14.0pt\">COP30: setor privado e Lula discutem transi&ccedil;&atilde;o energ&eacute;tica e cumprimento das metas clim&aacute;ticas<\/span><\/a><\/span><\/span><\/span><\/p>\r\n\r\n<p style=\"text-align:justify\"><span style=\"font-size:11pt\"><span style=\"line-height:normal\"><span style=\"font-family:Calibri,sans-serif\"><a href=\"https:\/\/www.fibre2fashion.com\/news\/textile-news\/unctad-calls-for-aligning-trade-with-paris-agreement-306329-newsdetails.htm\" style=\"color:blue; text-decoration:underline\"><span lang=\"EN-US\" style=\"font-size:14.0pt\">UNCTAD calls for aligning trade with Paris Agreement<\/span><\/a><\/span><\/span><\/span><\/p>\r\n\r\n<p style=\"text-align:justify\"><span style=\"font-size:28pt\"><span style=\"font-family:Cambria,serif\"><span style=\"letter-spacing:-0.5pt\"><b><span style=\"font-size:18.0pt\"><span style=\"font-family:&quot;Calibri&quot;,sans-serif\"><span style=\"font-variant:small-caps\">Inova&ccedil;&atilde;o<\/span><\/span><\/span><\/b><\/span><\/span><\/span><\/p>\r\n\r\n<p style=\"text-align:justify\"><span style=\"font-size:11pt\"><span style=\"line-height:normal\"><span style=\"font-family:Calibri,sans-serif\"><a href=\"https:\/\/www.meiofiltrante.com.br\/Noticia\/131720\/diferenciais-do-filtro-separador-centrifugo-nas-etapas-de-remocao-de-contaminantes\" style=\"color:blue; text-decoration:underline\"><span style=\"font-size:14.0pt\">Diferenciais do filtro separador centr&iacute;fugo nas etapas de remo&ccedil;&atilde;o de contaminantes<\/span><\/a><\/span><\/span><\/span><\/p>\r\n\r\n<p style=\"text-align:justify\"><span style=\"font-size:11pt\"><span style=\"line-height:normal\"><span style=\"font-family:Calibri,sans-serif\"><a href=\"https:\/\/noticiasambientales.com\/inovacion-pt\/fibras-fotonicas-para-um-tecido-sem-residuos-a-tecnologia-que-promete-rastreabilidade-permanente-e-reciclagem-real\/\" style=\"color:blue; text-decoration:underline\"><span style=\"font-size:14.0pt\">Fibras fot&ocirc;nicas para um tecido sem res&iacute;duos: a tecnologia que promete rastreabilidade permanente e reciclagem real<\/span><\/a><\/span><\/span><\/span><\/p>\r\n\r\n<p style=\"text-align:justify\"><span style=\"font-size:11pt\"><span style=\"line-height:normal\"><span style=\"font-family:Calibri,sans-serif\"><a href=\"https:\/\/noticiasambientales.com\/inovacion-pt\/a-inovacao-cientifica-que-promete-revolucionar-a-industria-da-moda-tecidos-coloridos-criados-apenas-com-bacterias\/\" style=\"color:blue; text-decoration:underline\"><span style=\"font-size:14.0pt\">A inova&ccedil;&atilde;o cient&iacute;fica que promete revolucionar a ind&uacute;stria da moda: tecidos coloridos criados apenas com bact&eacute;rias<\/span><\/a><\/span><\/span><\/span><\/p>\r\n\r\n<p style=\"text-align:justify\"><span style=\"font-size:11pt\"><span style=\"line-height:normal\"><span style=\"font-family:Calibri,sans-serif\"><a href=\"https:\/\/www.noticenter.com.br\/n.php?ID=41262&amp;T=tecnologia-textil-impulsiona-a-selecao-de-atletismo-nas-surdolimpiadas-de-toquio\" style=\"color:blue; text-decoration:underline\"><span style=\"font-size:14.0pt\">Tecnologia t&ecirc;xtil impulsiona a Sele&ccedil;&atilde;o de Atletismo nas Surdolimp&iacute;adas de T&oacute;quio<\/span><\/a><\/span><\/span><\/span><\/p>\r\n\r\n<p style=\"text-align:justify\"><span style=\"font-size:28pt\"><span style=\"font-family:Cambria,serif\"><span style=\"letter-spacing:-0.5pt\"><b><span style=\"font-size:18.0pt\"><span style=\"font-family:&quot;Calibri&quot;,sans-serif\"><span style=\"font-variant:small-caps\">Com&eacute;rcio Exterior<\/span><\/span><\/span><\/b><\/span><\/span><\/span><\/p>\r\n\r\n<p style=\"text-align:justify\"><span style=\"font-size:11pt\"><span style=\"line-height:normal\"><span style=\"font-family:Calibri,sans-serif\"><a href=\"https:\/\/www.infomoney.com.br\/economia\/acordo-mercosul-uniao-europeia-pode-ser-assinado-em-20-de-dezembro-sinaliza-lula\/\" style=\"color:blue; text-decoration:underline\"><span style=\"font-size:14.0pt\">Acordo Mercosul-Uni&atilde;o Europeia pode ser assinado em 20 de dezembro, sinaliza Lula<\/span><\/a><\/span><\/span><\/span><\/p>\r\n\r\n<p style=\"text-align:justify\"><span style=\"font-size:11pt\"><span style=\"line-height:normal\"><span style=\"font-family:Calibri,sans-serif\"><a href=\"https:\/\/portalibre.fgv.br\/noticias\/brasil-precisa-do-acordo-com-os-estados-unidos-para-que-exportacoes-do-pais-nao-sejam\" style=\"color:blue; text-decoration:underline\"><span style=\"font-size:14.0pt\">Brasil precisa do acordo com os Estados Unidos para que as exporta&ccedil;&otilde;es do pa&iacute;s n&atilde;o sejam deslocadas pelos acordos bilaterais que os EUA est&atilde;o fazendo<\/span><\/a><\/span><\/span><\/span><\/p>\r\n\r\n<p style=\"text-align:justify\"><span style=\"font-size:11pt\"><span style=\"line-height:normal\"><span style=\"font-family:Calibri,sans-serif\"><a href=\"https:\/\/timesbrasil.com.br\/brasil\/industria-plastico-tarifas-eua-pouca-abertura\/\" style=\"color:blue; text-decoration:underline\"><span style=\"font-size:14.0pt\">Tarifa&ccedil;o: ind&uacute;stria de pl&aacute;stico reclama por ter poucos produtos industrializados contemplados<\/span><\/a><\/span><\/span><\/span><\/p>\r\n\r\n<p style=\"text-align:justify\"><span style=\"font-size:11pt\"><span style=\"line-height:normal\"><span style=\"font-family:Calibri,sans-serif\"><a href=\"https:\/\/www.fibre2fashion.com\/news\/textile-news\/global-businesses-adapt-to-tariff-pressures-turn-to-diversification-306594-newsdetails.htm\" style=\"color:blue; text-decoration:underline\"><span lang=\"EN-US\" style=\"font-size:14.0pt\">Global businesses adapt to tariff pressures, turn to diversification<\/span><\/a><\/span><\/span><\/span><\/p>\r\n\r\n<p style=\"text-align:justify\"><span style=\"font-size:28pt\"><span style=\"font-family:Cambria,serif\"><span style=\"letter-spacing:-0.5pt\"><b><span style=\"font-size:18.0pt\"><span style=\"font-family:&quot;Calibri&quot;,sans-serif\"><span style=\"font-variant:small-caps\">Economia<\/span><\/span><\/span><\/b><\/span><\/span><\/span><\/p>\r\n\r\n<p style=\"text-align:justify\"><span style=\"font-size:11pt\"><span style=\"line-height:normal\"><span style=\"font-family:Calibri,sans-serif\"><a href=\"https:\/\/www.bcb.gov.br\/content\/focus\/focus\/R20251121.pdf\" style=\"color:blue; text-decoration:underline\"><span style=\"font-size:14.0pt\">Focus - Relat&oacute;rio de Mercado<\/span><\/a><\/span><\/span><\/span><\/p>\r\n\r\n<p style=\"text-align:justify\"><img src=\"https:\/\/www.abint.org.br\/assets\/img\/editor\/redes-sociais-abint-ctg-cth_20251014202218Zyze8pqEet.jpg\" \/><\/p>\r\n","texto_en":"","7":"","imagem":"COMP_capa-2025-site-boletim-abint-noticias-semanis_20251125165238dMbDT4FTvk.jpg","8":"COMP_capa-2025-site-boletim-abint-noticias-semanis_20251125165238dMbDT4FTvk.jpg","arquivo":"20251125-BOLETIM-ABINT-DE-NOTICIAS-SEMANAIS.PDF","9":"20251125-BOLETIM-ABINT-DE-NOTICIAS-SEMANAIS.PDF","titulo_arquivo":"20251125 Boletim ABINT de Not\u00edcias Semanais","10":"20251125 Boletim ABINT de Not\u00edcias Semanais","titulo_arquivo_en":"","11":"","created_at":"2025-11-25 16:52:46","12":"2025-11-25 16:52:46","updated_at":"2025-11-25 16:52:46","13":"2025-11-25 16:52:46"},{"id":206,"0":206,"ordem":17,"1":17,"data":"2025-11-18","2":"2025-11-18","slug":"boletim-abint-de-noticias-semanais-104","3":"boletim-abint-de-noticias-semanais-104","titulo":"Boletim ABINT de Not\u00edcias Semanais","4":"Boletim ABINT de Not\u00edcias Semanais","titulo_en":"","5":"","texto":"<p style=\"text-align:justify\"><span style=\"font-size:11pt\"><span style=\"line-height:normal\"><span style=\"font-family:Calibri,sans-serif\"><span style=\"font-size:14.0pt\">Esta &eacute; uma compila&ccedil;&atilde;o das not&iacute;cias mais relevantes para o setor, incluindo informa&ccedil;&otilde;es sobre acordos internacionais, economia brasileira, sustentabilidade e mat&eacute;rias-primas, al&eacute;m de novidades do setor de N&atilde;otecidos e Tecidos T&eacute;cnicos.<\/span><\/span><\/span><\/span><\/p>\r\n\r\n<p style=\"text-align:justify\"><span style=\"font-size:28pt\"><span style=\"font-family:Cambria,serif\"><span style=\"letter-spacing:-0.5pt\"><b><span lang=\"EN-US\" style=\"font-size:18.0pt\"><span calibri=\"\" style=\"font-family:\"><span style=\"font-variant:small-caps\">Not&iacute;cias das Associadas<\/span><\/span><\/span><\/b><\/span><\/span><\/span><\/p>\r\n\r\n<p style=\"text-align:justify\"><span style=\"font-size:11pt\"><span style=\"line-height:normal\"><span style=\"font-family:Calibri,sans-serif\"><a href=\"https:\/\/www.revistatae.com.br\/Noticia\/92611\/ctg-abint-e-patrocinador-do-international-geosynthetics-workshop-standards-and-updates-in-infrastructure-and-sustainability\" style=\"color:blue; text-decoration:underline\"><span lang=\"EN-US\" style=\"font-size:14.0pt\">CTG ABINT &eacute; patrocinador do International Geosynthetics Workshop: Standards and updates in Infrastructure and Sustainability<\/span><\/a><\/span><\/span><\/span><\/p>\r\n\r\n<p style=\"text-align:justify\"><span style=\"font-size:11pt\"><span style=\"line-height:normal\"><span style=\"font-family:Calibri,sans-serif\"><a href=\"https:\/\/www.nonwovens-industry.com\/live_from_shows\/andritz-to-showcase-technology-for-nonwovens-and-hygiene\/?utm_campaign=NON%20Live%20From%20Show&amp;utm_medium=email&amp;_hsenc=p2ANqtz--PX1pfRIf58RcjvDUfbGDfSDcglt-ijMexKcQxjsR_Gv7OnxeThsPHpxhl8YhkrOhLru8KtR2fxxanyLAC_UuESivbZA&amp;_hsmi=390364848&amp;utm_content=390364848&amp;utm_source=hs_email\" style=\"color:blue; text-decoration:underline\"><span lang=\"EN-US\" style=\"font-size:14.0pt\">Andritz to Showcase Technology for Nonwovens and Hygiene<\/span><\/a><\/span><\/span><\/span><\/p>\r\n\r\n<p style=\"text-align:justify\"><span style=\"font-size:11pt\"><span style=\"line-height:normal\"><span style=\"font-family:Calibri,sans-serif\"><a href=\"https:\/\/www.nonwovens-industry.com\/live_from_shows\/fibertex-to-present-hygiene-solutions\/?utm_campaign=NON%20Live%20From%20Show&amp;utm_medium=email&amp;_hsenc=p2ANqtz-8cGjntjFACb0QPfHM4o1Z2JKqNaDGpM8iUe8XDw_PjAX3eEODT1B0UYbjaSdj4mITy0GErwu9hxifrXHBmDerPCe-sUQ&amp;_hsmi=390364848&amp;utm_content=390364848&amp;utm_source=hs_email\" style=\"color:blue; text-decoration:underline\"><span style=\"font-size:14.0pt\">Fibertex to Present Hygiene Solutions<\/span><\/a><\/span><\/span><\/span><\/p>\r\n\r\n<p style=\"text-align:justify\"><span style=\"font-size:11pt\"><span style=\"line-height:normal\"><span style=\"font-family:Calibri,sans-serif\"><a href=\"https:\/\/gazetadasemana.com.br\/noticia\/255541\/genera-inicia-operacao-de-sistemas-de-preparacao-de-massa-e-polpacao-da-andritz-para-producao-de-embalagens-sustentaveis\" style=\"color:blue; text-decoration:underline\"><span style=\"font-size:14.0pt\">Genera inicia opera&ccedil;&atilde;o de sistemas de prepara&ccedil;&atilde;o de massa e polpa&ccedil;&atilde;o da ANDRITZ para produ&ccedil;&atilde;o de embalagens sustent&aacute;veis<\/span><\/a><\/span><\/span><\/span><\/p>\r\n\r\n<p style=\"text-align:justify\"><span style=\"font-size:11pt\"><span style=\"line-height:normal\"><span style=\"font-family:Calibri,sans-serif\"><b><span style=\"font-size:18.0pt\"><span style=\"font-variant:small-caps\">Eventos<\/span><\/span><\/b><\/span><\/span><\/span><\/p>\r\n\r\n<p style=\"text-align:justify\"><span style=\"font-size:11pt\"><span style=\"line-height:normal\"><span style=\"font-family:Calibri,sans-serif\"><a href=\"https:\/\/www.hygienix.org\/index.html\" style=\"color:blue; text-decoration:underline\"><b><span style=\"font-size:14.0pt\">Hygienix&trade;<\/span><\/b><\/a><span style=\"font-size:14.0pt\">, November 17-20, 2025, Omni Orlando ChampionsGate, ChampionsGate, FL, USA<\/span><\/span><\/span><\/span><\/p>\r\n\r\n<p style=\"text-align:justify\"><span style=\"font-size:11pt\"><span style=\"line-height:normal\"><span style=\"font-family:Calibri,sans-serif\"><a href=\"https:\/\/produtos.institutoabit.org.br\/prod\/fb4eae1e-5e68-4927-8880-529370b41ab4?utm_medium=email&amp;utm_campaign=workshop_25112025&amp;utm_source=RD+Station\" style=\"color:blue; text-decoration:underline\"><b><span style=\"font-size:14.0pt\">Workshop Sindit&ecirc;xtil: Lideran&ccedil;a e Reten&ccedil;&atilde;o de Talentos<\/span><\/b><\/a><span style=\"font-size:14.0pt\">, 25 de novembro, 09h30 &agrave;s 12h00, evento onlive<\/span><\/span><\/span><\/span><\/p>\r\n\r\n<p style=\"text-align:justify\"><span style=\"font-size:11pt\"><span style=\"line-height:normal\"><span style=\"font-family:Calibri,sans-serif\"><a href=\"https:\/\/tendencias.sobratema.com\/?utm_source=akna&amp;utm_medium=email&amp;utm_campaign=Sua-marca-em-destaque-no-20-Tendencias-do-Mercado-da-Construcao-patrocine-este-encontro-estrategico\" style=\"color:blue; text-decoration:underline\"><b><span style=\"font-size:14.0pt\">SOBRATEMA | 20&ordf; Tend&ecirc;ncias do Mercado da Constru&ccedil;&atilde;o<\/span><\/b><\/a><span style=\"font-size:14.0pt\">, 26 de novembro de 2025, 18h, APAS, S&atilde;o Paulo, SP<\/span><\/span><\/span><\/span><\/p>\r\n\r\n<p style=\"text-align:justify\"><span style=\"font-size:11pt\"><span style=\"line-height:normal\"><span style=\"font-family:Calibri,sans-serif\"><a href=\"https:\/\/ufob.edu.br\/cursos-e-eventos\/cards\/i-encontro-terzaghi-giroud\" style=\"color:blue; text-decoration:underline\"><b><span style=\"font-size:14.0pt\">I Encontro Terzaghi-Giroud<\/span><\/b><\/a><span style=\"font-size:14.0pt\">, 11 de dezembro de 2025, 7h30 &agrave;s 18h30, evento presencial, audit&oacute;rio do PD, UFOB Barreiras, BA<\/span><\/span><\/span><\/span><\/p>\r\n\r\n<p style=\"text-align:justify\"><span style=\"font-size:11pt\"><span style=\"line-height:normal\"><span style=\"font-family:Calibri,sans-serif\"><a href=\"https:\/\/events.economist.com\/sustainability-week\/?RefID=EM13A-WhatsNew-Del_email-owned_MA00007195\" style=\"color:blue; text-decoration:underline\"><b><span lang=\"EN-US\" style=\"font-size:14.0pt\">11th annual Sustainability Week | Incorporating the 3rd annual Energy Transition Summit<\/span><\/b><\/a><span lang=\"EN-US\" style=\"font-size:14.0pt\">, March 2nd &ndash; 4th 2026, Intercontinental London &ndash; the O2<\/span><\/span><\/span><\/span><\/p>\r\n\r\n<p style=\"text-align:justify\"><span style=\"font-size:11pt\"><span style=\"line-height:normal\"><span style=\"font-family:Calibri,sans-serif\"><a href=\"https:\/\/filtech.de\/\" style=\"color:blue; text-decoration:underline\"><b><span style=\"font-size:14.0pt\">Filtech 2026<\/span><\/b><\/a><span style=\"font-size:14.0pt\">, de 30 de junho a 2 de julho, Cologne, Alemanha<\/span><\/span><\/span><\/span><\/p>\r\n\r\n<p style=\"text-align:justify\"><span style=\"font-size:11pt\"><span style=\"line-height:normal\"><span style=\"font-family:Calibri,sans-serif\"><a href=\"https:\/\/ficons.com.br\/\" style=\"color:blue; text-decoration:underline\"><b><span style=\"font-size:14.0pt\">FICONS - Feira Internacional de Materiais, Equipamentos e Servi&ccedil;os da Constru&ccedil;&atilde;o<\/span><\/b><\/a><span style=\"font-size:14.0pt\">, 15 a 18 de setembro de 2026, Centro de Conven&ccedil;&otilde;es de Pernambuco Recife\/ Olinda<\/span><\/span><\/span><\/span><\/p>\r\n\r\n<p style=\"text-align:justify\"><span style=\"font-size:11pt\"><span style=\"line-height:normal\"><span style=\"font-family:Calibri,sans-serif\"><a href=\"https:\/\/www.edana.org\/events\/outlook\/outlook-2025\" style=\"color:blue; text-decoration:underline\"><b><span style=\"font-size:14.0pt\">OUTLOOK&trade; 2026<\/span><\/b><\/a><span style=\"font-size:14.0pt\">, 22&ndash;24 September 2026, Hotel Miragem, Cascais, Portugal<\/span><\/span><\/span><\/span><\/p>\r\n\r\n<p style=\"text-align:justify\"><span style=\"font-size:28pt\"><span style=\"font-family:Cambria,serif\"><span style=\"letter-spacing:-0.5pt\"><b><span style=\"font-size:18.0pt\"><span calibri=\"\" style=\"font-family:\"><span style=\"font-variant:small-caps\">Setor<\/span><\/span><\/span><\/b><\/span><\/span><\/span><\/p>\r\n\r\n<p style=\"text-align:justify\"><span style=\"font-size:11pt\"><span style=\"line-height:normal\"><span style=\"font-family:Calibri,sans-serif\"><a href=\"https:\/\/plasticosemrevista.com.br\/excedente-global-de-pp-continua-a-aumentar\/\" style=\"color:blue; text-decoration:underline\"><span style=\"font-size:14.0pt\">Excedente global de PP continua a aumentar<\/span><\/a><\/span><\/span><\/span><\/p>\r\n\r\n<p style=\"text-align:justify\"><span style=\"font-size:11pt\"><span style=\"line-height:normal\"><span style=\"font-family:Calibri,sans-serif\"><a href=\"https:\/\/plasticosemrevista.com.br\/qual-o-futuro-do-pvc-nacional\/%5b\" style=\"color:blue; text-decoration:underline\"><span style=\"font-size:14.0pt\">Qual o futuro do PVC nacional?<\/span><\/a><\/span><\/span><\/span><\/p>\r\n\r\n<p style=\"text-align:justify\"><span style=\"font-size:11pt\"><span style=\"line-height:normal\"><span style=\"font-family:Calibri,sans-serif\"><a href=\"https:\/\/plasticosemrevista.com.br\/distribuicao-mais-polimeros-avanca-em-especialidades\/\" style=\"color:blue; text-decoration:underline\"><span style=\"font-size:14.0pt\">Distribui&ccedil;&atilde;o: Mais Pol&iacute;meros avan&ccedil;a em especialidades<\/span><\/a><\/span><\/span><\/span><\/p>\r\n\r\n<p style=\"text-align:justify\"><span style=\"font-size:11pt\"><span style=\"line-height:normal\"><span style=\"font-family:Calibri,sans-serif\"><a href=\"https:\/\/www.intergols.com.br\/comunicado-de-imprensa\/tecido-de-filtracao-de-polipropileno-tamanho-do-mercado-de-2025-ate-2032\/43085\/\" style=\"color:blue; text-decoration:underline\"><span style=\"font-size:14.0pt\">Tecido de filtra&ccedil;&atilde;o de polipropileno Tamanho do mercado de 2025 at&eacute; 2032<\/span><\/a><\/span><\/span><\/span><\/p>\r\n\r\n<p style=\"text-align:justify\"><span style=\"font-size:11pt\"><span style=\"line-height:normal\"><span style=\"font-family:Calibri,sans-serif\"><a href=\"https:\/\/portalpersonalcare.com.br\/envelhecimento-da-populacao-impulsiona-mercado-de-cuidados-pessoais-descartaveis\/?utm_medium=email&amp;utm_campaign=newsletter_12112025&amp;utm_source=RD+Station\" style=\"color:blue; text-decoration:underline\"><span style=\"font-size:14.0pt\">Envelhecimento da popula&ccedil;&atilde;o impulsiona mercado de cuidados pessoais descart&aacute;veis<\/span><\/a><\/span><\/span><\/span><\/p>\r\n\r\n<p style=\"text-align:justify\"><span style=\"font-size:11pt\"><span style=\"line-height:normal\"><span style=\"font-family:Calibri,sans-serif\"><a href=\"https:\/\/www.abit.org.br\/noticias\/setor-textil-brasileiro-eleva-em-18-producao-e-reduz-em-70-as-emissoes-de-co2-em-duas-decadas?utm_medium=email&amp;utm_campaign=1411_abit_informa_-_base_rd&amp;utm_source=RD+Station\" style=\"color:blue; text-decoration:underline\"><span style=\"font-size:14.0pt\">Setor t&ecirc;xtil brasileiro eleva em 18% produ&ccedil;&atilde;o e reduz em 70% as emiss&otilde;es de CO2 em duas d&eacute;cadas<\/span><\/a><\/span><\/span><\/span><\/p>\r\n\r\n<p style=\"text-align:justify\"><span style=\"font-size:11pt\"><span style=\"line-height:normal\"><span style=\"font-family:Calibri,sans-serif\"><a href=\"https:\/\/public-api.wordpress.com\/bar\/?stat=groovemails-events&amp;bin=wpcom_email_click&amp;redirect_to=https%3A%2F%2Fblogdoplastico.wordpress.com%2F2025%2F11%2F17%2Fbraskem-destacou-inovacoes-em-pe-verde-e-aplicacoes-de-biopolimeros-durante-a-feira-k-2025%2F&amp;sr=0&amp;signature=f9cc5c10637d33e8a6907680305c6302&amp;blog_id=9438832&amp;user=135099004&amp;_e=eyJlcnJvciI6bnVsbCwiYmxvZ19pZCI6OTQzODgzMiwiYmxvZ19sYW5nIjoicHQtQlIiLCJzaXRlX2lkX2xhYmVsIjoid3Bjb20iLCJoYXNfZmVhdHVyZWRfaW1hZ2UiOiIwIiwic3Vic2NyaWJlcl9pZCI6IjQ0NzAwMjQ1IiwiX3VpIjoxMzUwOTkwMDQsImxvY2FsZSI6InB0LWJyIiwiY3VycmVuY3kiOiJCUkwiLCJjb3VudHJ5X2NvZGVfc2lnbnVwIjoiQlIiLCJzaWdudXBfZmxvd19uYW1lIjoiZGVsdGEtc2l0ZSIsImVtYWlsX2RvbWFpbiI6ImFiaW50Lm9yZy5iciIsInBvc3RfaWQiOjE5NDYzLCJ1c2VyX2VtYWlsIjoiYWJpbnRAYWJpbnQub3JnLmJyIiwiZGF0ZV9zZW50IjoiMjAyNS0xMS0xNyIsImVtYWlsX25hbWUiOiJuZXctcG9zdCIsInRlbXBsYXRlIjoibmV3LXBvc3QiLCJlbWFpbF9pZCI6ImM0ODBiNTdhYjA3NzQ2ZjAyN2QzYjlhZDExNzBjYzM3IiwibGlua19kZXNjIjoicG9zdC11cmwiLCJhbmNob3JfdGV4dCI6IkJyYXNrZW0gZGVzdGFjb3UgaW5vdmFcdTAwZTdcdTAwZjVlcyBlbSBQRSB2ZXJkZSBlIGFwbGljYVx1MDBlN1x1MDBmNWVzIGRlIGJpb3BvbFx1MDBlZG1lcm9zIGR1cmFudGUgYSBGZWlyYSBLXHUwMGEwMjAyNSIsIl9kciI6bnVsbCwiX2RsIjoiXC93cC1jcm9uLnBocD9kb2luZ193cF9jcm9uPTE3NjMzNzAwNjkuNTcyMzA0OTY0MDY1NTUxNzU3ODEyNSIsIl91dCI6IndwY29tOnVzZXJfaWQiLCJfdWwiOiJhYmludHR0IiwiX2VuIjoid3Bjb21fZW1haWxfY2xpY2siLCJfdHMiOjE3NjMzNzAwOTUyMTMsImJyb3dzZXJfdHlwZSI6InBocC1hZ2VudCIsIl9hdWEiOiJ3cGNvbS10cmFja3MtY2xpZW50LXYwLjMiLCJibG9nX3R6IjoiLTMiLCJ1c2VyX2xhbmciOiJwdC1iciJ9&amp;_z=z\" style=\"color:blue; text-decoration:underline\"><span style=\"font-size:14.0pt\">Braskem destacou inova&ccedil;&otilde;es em PE verde e aplica&ccedil;&otilde;es de biopol&iacute;meros durante a Feira K&nbsp;2025<\/span><\/a><\/span><\/span><\/span><\/p>\r\n\r\n<p style=\"text-align:justify\"><span style=\"font-size:28pt\"><span style=\"font-family:Cambria,serif\"><span style=\"letter-spacing:-0.5pt\"><b><span style=\"font-size:18.0pt\"><span calibri=\"\" style=\"font-family:\"><span style=\"font-variant:small-caps\">Ind&uacute;stria<\/span><\/span><\/span><\/b><\/span><\/span><\/span><\/p>\r\n\r\n<p style=\"text-align:justify\"><span style=\"font-size:11pt\"><span style=\"line-height:normal\"><span style=\"font-family:Calibri,sans-serif\"><a href=\"https:\/\/noticias.portaldaindustria.com.br\/noticias\/industria-na-cop-30\/cop30-cni-convoca-industria-a-contribuir-com-consulta-publica-sobre-descarbonizacao\/\" style=\"color:blue; text-decoration:underline\"><span style=\"font-size:14.0pt\">COP30: CNI convoca ind&uacute;stria a contribuir com consulta p&uacute;blica sobre descarboniza&ccedil;&atilde;o<\/span><\/a><\/span><\/span><\/span><\/p>\r\n\r\n<p style=\"text-align:justify\"><span style=\"font-size:11pt\"><span style=\"line-height:normal\"><span style=\"font-family:Calibri,sans-serif\"><a href=\"https:\/\/anba.com.br\/calcados-tarifaco-gera-incerteza-e-setor-reage\/\" style=\"color:blue; text-decoration:underline\"><span style=\"font-size:14.0pt\">Cal&ccedil;ados: tarifa&ccedil;o gera incerteza e setor reage<\/span><\/a><\/span><\/span><\/span><\/p>\r\n\r\n<p style=\"text-align:justify\"><span style=\"font-size:11pt\"><span style=\"line-height:normal\"><span style=\"font-family:Calibri,sans-serif\"><a href=\"https:\/\/agenciadenoticias.ibge.gov.br\/agencia-noticias\/2012-agencia-de-noticias\/noticias\/45040-precos-da-construcao-variam-0-27-em-outubro-segundo-menor-resultado-do-ano\" style=\"color:blue; text-decoration:underline\"><span style=\"font-size:14.0pt\">Pre&ccedil;os da constru&ccedil;&atilde;o variam 0,27% em outubro, segundo menor resultado do ano<\/span><\/a><\/span><\/span><\/span><\/p>\r\n\r\n<p style=\"text-align:justify\"><span style=\"font-size:11pt\"><span style=\"line-height:normal\"><span style=\"font-family:Calibri,sans-serif\"><a href=\"https:\/\/portalvoce.com\/abrafiltros-amazonas-licita-empresa-reversa-de-filtros-de-combustiveis\/\" style=\"color:blue; text-decoration:underline\"><span style=\"font-size:14.0pt\">Abrafiltros: Amazonas licita empresa reversa de filtros de combust&iacute;veis<\/span><\/a><\/span><\/span><\/span><\/p>\r\n\r\n<p style=\"text-align:justify\"><span style=\"font-size:11pt\"><span style=\"line-height:normal\"><span style=\"font-family:Calibri,sans-serif\"><a href=\"https:\/\/www.moveisdevalor.com.br\/portal\/chegou-o-novo-normal-para-a-industria-moveleira-nos-eua?source=news\" style=\"color:blue; text-decoration:underline\"><span style=\"font-size:14.0pt\">Chegou o &quot;novo normal&quot; para a ind&uacute;stria moveleira nos EUA<\/span><\/a><\/span><\/span><\/span><\/p>\r\n\r\n<p style=\"text-align:justify\"><span style=\"font-size:11pt\"><span style=\"line-height:normal\"><span style=\"font-family:Calibri,sans-serif\"><a href=\"https:\/\/www.moveisdevalor.com.br\/portal\/tarifaco-de-trump-pode-voltar-em-forma-de-reembolso?source=news\" style=\"color:blue; text-decoration:underline\"><span style=\"font-size:14.0pt\">Tarifa&ccedil;o de Trump pode voltar em forma de reembolso<\/span><\/a><\/span><\/span><\/span><\/p>\r\n\r\n<p style=\"text-align:justify\"><span style=\"font-size:11pt\"><span style=\"line-height:normal\"><span style=\"font-family:Calibri,sans-serif\"><a href=\"https:\/\/www.brasil247.com\/industria\/forum-une-polos-petroquimicos-e-abiquim-para-fortalecer-a-industria-quimica\" style=\"color:blue; text-decoration:underline\"><span style=\"font-size:14.0pt\">F&oacute;rum une polos petroqu&iacute;micos e Abiquim para fortalecer a ind&uacute;stria qu&iacute;mica<\/span><\/a><\/span><\/span><\/span><\/p>\r\n\r\n<p style=\"text-align:justify\"><span style=\"font-size:11pt\"><span style=\"line-height:normal\"><span style=\"font-family:Calibri,sans-serif\"><a href=\"https:\/\/hotsite.fiesp.com.br\/nr12\/\" style=\"color:blue; text-decoration:underline\"><span style=\"font-size:14.0pt\">FIESP | Programa NR12 | Diagn&oacute;stico, Certifica&ccedil;&atilde;o e Financiamento<\/span><\/a><\/span><\/span><\/span><\/p>\r\n\r\n<p style=\"text-align:justify\"><span style=\"font-size:28pt\"><span style=\"font-family:Cambria,serif\"><span style=\"letter-spacing:-0.5pt\"><b><span style=\"font-size:18.0pt\"><span calibri=\"\" style=\"font-family:\"><span style=\"font-variant:small-caps\">Sustentabilidade<\/span><\/span><\/span><\/b><\/span><\/span><\/span><\/p>\r\n\r\n<p style=\"text-align:justify\"><span style=\"font-size:11pt\"><span style=\"line-height:normal\"><span style=\"font-family:Calibri,sans-serif\"><a href=\"https:\/\/horacampinas.com.br\/artigo-brasil-lidera-a-construcao-sustentavel-com-dez-anos-de-antecedencia-por-yorki-estefan\/\" style=\"color:blue; text-decoration:underline\"><span style=\"font-size:14.0pt\">Brasil lidera a constru&ccedil;&atilde;o sustent&aacute;vel com dez anos de anteced&ecirc;ncia<\/span><\/a><\/span><\/span><\/span><\/p>\r\n\r\n<p style=\"text-align:justify\"><span style=\"font-size:11pt\"><span style=\"line-height:normal\"><span style=\"font-family:Calibri,sans-serif\"><a href=\"https:\/\/noticias.portaldaindustria.com.br\/noticias\/sustentabilidade\/cni-elenca-24-acoes-para-destravar-us-13-trilhao-em-financiamento-climatico\/#msdynmkt_trackingcontext=bd967b5a-77c3-4f49-aee1-7beb617c0100\" style=\"color:blue; text-decoration:underline\"><span style=\"font-size:14.0pt\">CNI elenca 24 a&ccedil;&otilde;es para destravar US$ 1,3 trilh&atilde;o em financiamento clim&aacute;tico<\/span><\/a><\/span><\/span><\/span><\/p>\r\n\r\n<p style=\"text-align:justify\"><span style=\"font-size:11pt\"><span style=\"line-height:normal\"><span style=\"font-family:Calibri,sans-serif\"><a href=\"https:\/\/plasticosemrevista.com.br\/pesquisa-de-opiniao-30\/\" style=\"color:blue; text-decoration:underline\"><span style=\"font-size:14.0pt\">Pesquisa de opini&atilde;o: o governo publicou decreto regulamentador da log&iacute;stica reversa de embalagens pl&aacute;sticas. Quais as principais lacunas regulat&oacute;rias a serem preenchidas para a execu&ccedil;&atilde;o desses objetivos? E como o governo fiscalizar&aacute; o cumprimento deles?<\/span><\/a><\/span><\/span><\/span><\/p>\r\n\r\n<p style=\"text-align:justify\"><span style=\"font-size:11pt\"><span style=\"line-height:normal\"><span style=\"font-family:Calibri,sans-serif\"><a href=\"https:\/\/revistaplasticosul.com.br\/sustentabilidade\/instituto-soul-do-plastico-transforma-reciclagem-em-educacao-renda-e-proposito\/\" style=\"color:blue; text-decoration:underline\"><span style=\"font-size:14.0pt\">Instituto Soul do Pl&aacute;stico transforma reciclagem em educa&ccedil;&atilde;o, renda e prop&oacute;sito<\/span><\/a><\/span><\/span><\/span><\/p>\r\n\r\n<p style=\"text-align:justify\"><span style=\"font-size:11pt\"><span style=\"line-height:normal\"><span style=\"font-family:Calibri,sans-serif\"><a href=\"https:\/\/revistaplasticosul.com.br\/sem-categoria\/regiao-sul-se-consolida-como-segunda-maior-consumidora-e-produtora-de-resina-plastica-reciclada-pos-consumo\/\" style=\"color:blue; text-decoration:underline\"><span style=\"font-size:14.0pt\">Regi&atilde;o Sul se consolida como segunda maior consumidora e produtora de resina pl&aacute;stica reciclada p&oacute;s-consumo<\/span><\/a><\/span><\/span><\/span><\/p>\r\n\r\n<p style=\"text-align:justify\"><span style=\"font-size:11pt\"><span style=\"line-height:normal\"><span style=\"font-family:Calibri,sans-serif\"><a href=\"https:\/\/revistaplasticosul.com.br\/sustentabilidade\/recircula-brasil-se-consolida-como-principal-ferramenta-para-comprovar-metas-de-conteudo-reciclado\/\" style=\"color:blue; text-decoration:underline\"><span style=\"font-size:14.0pt\">Recircula Brasil se consolida como principal ferramenta para comprovar metas de conte&uacute;do reciclado<\/span><\/a><\/span><\/span><\/span><\/p>\r\n\r\n<p style=\"text-align:justify\"><span style=\"font-size:11pt\"><span style=\"line-height:normal\"><span style=\"font-family:Calibri,sans-serif\"><a href=\"https:\/\/anba.com.br\/cop30-111-paises-entregam-plano-de-meta-climatica\/\" style=\"color:blue; text-decoration:underline\"><span style=\"font-size:14.0pt\">COP30: 111 pa&iacute;ses entregam plano de meta clim&aacute;tica<\/span><\/a><\/span><\/span><\/span><\/p>\r\n\r\n<p style=\"text-align:justify\"><span style=\"font-size:11pt\"><span style=\"line-height:normal\"><span style=\"font-family:Calibri,sans-serif\"><a href=\"https:\/\/revistamt.com.br\/Materias\/Exibir\/por-um-avanco-gradual-e-sustentavel-em-rodovias?utm_source=akna&amp;utm_medium=email&amp;utm_campaign=Confira-a-nova-edicao-da-Revista-M-T-N-299-Novembro-2025\" style=\"color:blue; text-decoration:underline\"><span style=\"font-size:14.0pt\">Por um avan&ccedil;o gradual e sustent&aacute;vel em rodovias<\/span><\/a><\/span><\/span><\/span><\/p>\r\n\r\n<p style=\"text-align:justify\"><span style=\"font-size:28pt\"><span style=\"font-family:Cambria,serif\"><span style=\"letter-spacing:-0.5pt\"><b><span style=\"font-size:18.0pt\"><span calibri=\"\" style=\"font-family:\"><span style=\"font-variant:small-caps\">Inova&ccedil;&atilde;o<\/span><\/span><\/span><\/b><\/span><\/span><\/span><\/p>\r\n\r\n<p style=\"text-align:justify\"><span style=\"font-size:11pt\"><span style=\"line-height:normal\"><span style=\"font-family:Calibri,sans-serif\"><a href=\"https:\/\/www.meiofiltrante.com.br\/Noticia\/131691\/tecnologia-de-ultrafiltragem-e-aliada-para-ampliacao-do-tratamento-de-agua-em-sao-paulo\" style=\"color:blue; text-decoration:underline\"><span style=\"font-size:14.0pt\">Tecnologia de ultrafiltragem &eacute; aliada para amplia&ccedil;&atilde;o do tratamento de &aacute;gua em S&atilde;o Paulo<\/span><\/a><\/span><\/span><\/span><\/p>\r\n\r\n<p style=\"text-align:justify\"><span style=\"font-size:28pt\"><span style=\"font-family:Cambria,serif\"><span style=\"letter-spacing:-0.5pt\"><b><span style=\"font-size:18.0pt\"><span calibri=\"\" style=\"font-family:\"><span style=\"font-variant:small-caps\">Com&eacute;rcio Exterior<\/span><\/span><\/span><\/b><\/span><\/span><\/span><\/p>\r\n\r\n<p style=\"text-align:justify\"><span style=\"font-size:11pt\"><span style=\"line-height:normal\"><span style=\"font-family:Calibri,sans-serif\"><a href=\"https:\/\/g1.globo.com\/economia\/noticia\/2025\/11\/13\/eua-e-argentina-acordo.ghtml\" style=\"color:blue; text-decoration:underline\"><span style=\"font-size:14.0pt\">EUA e Argentina firmam acordo de coopera&ccedil;&atilde;o em com&eacute;rcio e investimentos<\/span><\/a><\/span><\/span><\/span><\/p>\r\n\r\n<p style=\"text-align:justify\"><span style=\"font-size:11pt\"><span style=\"line-height:normal\"><span style=\"font-family:Calibri,sans-serif\"><a href=\"https:\/\/static.portaldaindustria.com.br\/media\/filer_public\/85\/70\/857082df-db39-45b0-9bc9-a701e1f5c42f\/cni_sri_gcii-ipc_25-020_brasil-colombia-suspensao-denuncia-acordo-automotivo.pdf\" style=\"color:blue; text-decoration:underline\"><span style=\"font-size:14.0pt\">Brasil e Col&ocirc;mbia decidem suspender, por um ano, a den&uacute;ncia do acordo automotivo<\/span><\/a><\/span><\/span><\/span><\/p>\r\n\r\n<p style=\"text-align:justify\"><span style=\"font-size:11pt\"><span style=\"line-height:normal\"><span style=\"font-family:Calibri,sans-serif\"><a href=\"https:\/\/revistaplasticosul.com.br\/sustentabilidade\/think-plastic-brazil-leva-mais-de-300-visitantes-por-dia-ao-espaco-brasileiro-na-feira-k-2025\/\" style=\"color:blue; text-decoration:underline\"><span style=\"font-size:14.0pt\">Think Plastic Brazil leva mais de 300 visitantes por dia ao espa&ccedil;o brasileiro na Feira K 2025<\/span><\/a><\/span><\/span><\/span><\/p>\r\n\r\n<p style=\"text-align:justify\"><span style=\"font-size:28pt\"><span style=\"font-family:Cambria,serif\"><span style=\"letter-spacing:-0.5pt\"><b><span style=\"font-size:18.0pt\"><span calibri=\"\" style=\"font-family:\"><span style=\"font-variant:small-caps\">Economia<\/span><\/span><\/span><\/b><\/span><\/span><\/span><\/p>\r\n\r\n<p style=\"text-align:justify\"><span style=\"font-size:11pt\"><span style=\"line-height:normal\"><span style=\"font-family:Calibri,sans-serif\"><a href=\"https:\/\/www.bcb.gov.br\/content\/focus\/focus\/R20251114.pdf\" style=\"color:blue; text-decoration:underline\"><span style=\"font-size:14.0pt\">Focus - Relat&oacute;rio de Mercado<\/span><\/a><\/span><\/span><\/span><\/p>\r\n\r\n<p style=\"text-align:justify\"><span style=\"font-size:11pt\"><span style=\"line-height:normal\"><span style=\"font-family:Calibri,sans-serif\"><a href=\"https:\/\/www.bcb.gov.br\/detalhenoticia\/20927\/nota\" style=\"color:blue; text-decoration:underline\"><span style=\"font-size:14.0pt\">BC divulga o Relat&oacute;rio de Estabilidade Financeira do primeiro semestre de 2025<\/span><\/a><\/span><\/span><\/span><\/p>\r\n\r\n<p style=\"text-align:justify\"><span style=\"font-size:11pt\"><span style=\"line-height:normal\"><span style=\"font-family:Calibri,sans-serif\"><a href=\"https:\/\/portalibre.fgv.br\/noticias\/economia-cresceu-01-no-terceiro-trimestre-em-comparacao-ao-segundo\" style=\"color:blue; text-decoration:underline\"><span style=\"font-size:14.0pt\">Economia cresceu 0,1% no terceiro trimestre, em compara&ccedil;&atilde;o ao segundo<\/span><\/a><\/span><\/span><\/span><\/p>\r\n\r\n<p style=\"text-align:justify\"><span style=\"font-size:11pt\"><span style=\"line-height:normal\"><span style=\"font-family:Calibri,sans-serif\"><a href=\"https:\/\/www.eiu.com\/n\/blogs\/latam-2026-outlook-converging-policy-rates\/\" style=\"color:blue; text-decoration:underline\"><span style=\"font-size:14.0pt\">Latin America: converging policy rates<\/span><\/a><\/span><\/span><\/span><\/p>\r\n\r\n<p style=\"text-align:justify\">&nbsp;<\/p>\r\n\r\n<p style=\"text-align:justify\"><img src=\"https:\/\/www.abint.org.br\/assets\/img\/editor\/redes-sociais-abint-ctg-cth_20251014202218Zyze8pqEet.jpg\" \/><\/p>\r\n","6":"<p style=\"text-align:justify\"><span style=\"font-size:11pt\"><span style=\"line-height:normal\"><span style=\"font-family:Calibri,sans-serif\"><span style=\"font-size:14.0pt\">Esta &eacute; uma compila&ccedil;&atilde;o das not&iacute;cias mais relevantes para o setor, incluindo informa&ccedil;&otilde;es sobre acordos internacionais, economia brasileira, sustentabilidade e mat&eacute;rias-primas, al&eacute;m de novidades do setor de N&atilde;otecidos e Tecidos T&eacute;cnicos.<\/span><\/span><\/span><\/span><\/p>\r\n\r\n<p style=\"text-align:justify\"><span style=\"font-size:28pt\"><span style=\"font-family:Cambria,serif\"><span style=\"letter-spacing:-0.5pt\"><b><span lang=\"EN-US\" style=\"font-size:18.0pt\"><span calibri=\"\" style=\"font-family:\"><span style=\"font-variant:small-caps\">Not&iacute;cias das Associadas<\/span><\/span><\/span><\/b><\/span><\/span><\/span><\/p>\r\n\r\n<p style=\"text-align:justify\"><span style=\"font-size:11pt\"><span style=\"line-height:normal\"><span style=\"font-family:Calibri,sans-serif\"><a href=\"https:\/\/www.revistatae.com.br\/Noticia\/92611\/ctg-abint-e-patrocinador-do-international-geosynthetics-workshop-standards-and-updates-in-infrastructure-and-sustainability\" style=\"color:blue; text-decoration:underline\"><span lang=\"EN-US\" style=\"font-size:14.0pt\">CTG ABINT &eacute; patrocinador do International Geosynthetics Workshop: Standards and updates in Infrastructure and Sustainability<\/span><\/a><\/span><\/span><\/span><\/p>\r\n\r\n<p style=\"text-align:justify\"><span style=\"font-size:11pt\"><span style=\"line-height:normal\"><span style=\"font-family:Calibri,sans-serif\"><a href=\"https:\/\/www.nonwovens-industry.com\/live_from_shows\/andritz-to-showcase-technology-for-nonwovens-and-hygiene\/?utm_campaign=NON%20Live%20From%20Show&amp;utm_medium=email&amp;_hsenc=p2ANqtz--PX1pfRIf58RcjvDUfbGDfSDcglt-ijMexKcQxjsR_Gv7OnxeThsPHpxhl8YhkrOhLru8KtR2fxxanyLAC_UuESivbZA&amp;_hsmi=390364848&amp;utm_content=390364848&amp;utm_source=hs_email\" style=\"color:blue; text-decoration:underline\"><span lang=\"EN-US\" style=\"font-size:14.0pt\">Andritz to Showcase Technology for Nonwovens and Hygiene<\/span><\/a><\/span><\/span><\/span><\/p>\r\n\r\n<p style=\"text-align:justify\"><span style=\"font-size:11pt\"><span style=\"line-height:normal\"><span style=\"font-family:Calibri,sans-serif\"><a href=\"https:\/\/www.nonwovens-industry.com\/live_from_shows\/fibertex-to-present-hygiene-solutions\/?utm_campaign=NON%20Live%20From%20Show&amp;utm_medium=email&amp;_hsenc=p2ANqtz-8cGjntjFACb0QPfHM4o1Z2JKqNaDGpM8iUe8XDw_PjAX3eEODT1B0UYbjaSdj4mITy0GErwu9hxifrXHBmDerPCe-sUQ&amp;_hsmi=390364848&amp;utm_content=390364848&amp;utm_source=hs_email\" style=\"color:blue; text-decoration:underline\"><span style=\"font-size:14.0pt\">Fibertex to Present Hygiene Solutions<\/span><\/a><\/span><\/span><\/span><\/p>\r\n\r\n<p style=\"text-align:justify\"><span style=\"font-size:11pt\"><span style=\"line-height:normal\"><span style=\"font-family:Calibri,sans-serif\"><a href=\"https:\/\/gazetadasemana.com.br\/noticia\/255541\/genera-inicia-operacao-de-sistemas-de-preparacao-de-massa-e-polpacao-da-andritz-para-producao-de-embalagens-sustentaveis\" style=\"color:blue; text-decoration:underline\"><span style=\"font-size:14.0pt\">Genera inicia opera&ccedil;&atilde;o de sistemas de prepara&ccedil;&atilde;o de massa e polpa&ccedil;&atilde;o da ANDRITZ para produ&ccedil;&atilde;o de embalagens sustent&aacute;veis<\/span><\/a><\/span><\/span><\/span><\/p>\r\n\r\n<p style=\"text-align:justify\"><span style=\"font-size:11pt\"><span style=\"line-height:normal\"><span style=\"font-family:Calibri,sans-serif\"><b><span style=\"font-size:18.0pt\"><span style=\"font-variant:small-caps\">Eventos<\/span><\/span><\/b><\/span><\/span><\/span><\/p>\r\n\r\n<p style=\"text-align:justify\"><span style=\"font-size:11pt\"><span style=\"line-height:normal\"><span style=\"font-family:Calibri,sans-serif\"><a href=\"https:\/\/www.hygienix.org\/index.html\" style=\"color:blue; text-decoration:underline\"><b><span style=\"font-size:14.0pt\">Hygienix&trade;<\/span><\/b><\/a><span style=\"font-size:14.0pt\">, November 17-20, 2025, Omni Orlando ChampionsGate, ChampionsGate, FL, USA<\/span><\/span><\/span><\/span><\/p>\r\n\r\n<p style=\"text-align:justify\"><span style=\"font-size:11pt\"><span style=\"line-height:normal\"><span style=\"font-family:Calibri,sans-serif\"><a href=\"https:\/\/produtos.institutoabit.org.br\/prod\/fb4eae1e-5e68-4927-8880-529370b41ab4?utm_medium=email&amp;utm_campaign=workshop_25112025&amp;utm_source=RD+Station\" style=\"color:blue; text-decoration:underline\"><b><span style=\"font-size:14.0pt\">Workshop Sindit&ecirc;xtil: Lideran&ccedil;a e Reten&ccedil;&atilde;o de Talentos<\/span><\/b><\/a><span style=\"font-size:14.0pt\">, 25 de novembro, 09h30 &agrave;s 12h00, evento onlive<\/span><\/span><\/span><\/span><\/p>\r\n\r\n<p style=\"text-align:justify\"><span style=\"font-size:11pt\"><span style=\"line-height:normal\"><span style=\"font-family:Calibri,sans-serif\"><a href=\"https:\/\/tendencias.sobratema.com\/?utm_source=akna&amp;utm_medium=email&amp;utm_campaign=Sua-marca-em-destaque-no-20-Tendencias-do-Mercado-da-Construcao-patrocine-este-encontro-estrategico\" style=\"color:blue; text-decoration:underline\"><b><span style=\"font-size:14.0pt\">SOBRATEMA | 20&ordf; Tend&ecirc;ncias do Mercado da Constru&ccedil;&atilde;o<\/span><\/b><\/a><span style=\"font-size:14.0pt\">, 26 de novembro de 2025, 18h, APAS, S&atilde;o Paulo, SP<\/span><\/span><\/span><\/span><\/p>\r\n\r\n<p style=\"text-align:justify\"><span style=\"font-size:11pt\"><span style=\"line-height:normal\"><span style=\"font-family:Calibri,sans-serif\"><a href=\"https:\/\/ufob.edu.br\/cursos-e-eventos\/cards\/i-encontro-terzaghi-giroud\" style=\"color:blue; text-decoration:underline\"><b><span style=\"font-size:14.0pt\">I Encontro Terzaghi-Giroud<\/span><\/b><\/a><span style=\"font-size:14.0pt\">, 11 de dezembro de 2025, 7h30 &agrave;s 18h30, evento presencial, audit&oacute;rio do PD, UFOB Barreiras, BA<\/span><\/span><\/span><\/span><\/p>\r\n\r\n<p style=\"text-align:justify\"><span style=\"font-size:11pt\"><span style=\"line-height:normal\"><span style=\"font-family:Calibri,sans-serif\"><a href=\"https:\/\/events.economist.com\/sustainability-week\/?RefID=EM13A-WhatsNew-Del_email-owned_MA00007195\" style=\"color:blue; text-decoration:underline\"><b><span lang=\"EN-US\" style=\"font-size:14.0pt\">11th annual Sustainability Week | Incorporating the 3rd annual Energy Transition Summit<\/span><\/b><\/a><span lang=\"EN-US\" style=\"font-size:14.0pt\">, March 2nd &ndash; 4th 2026, Intercontinental London &ndash; the O2<\/span><\/span><\/span><\/span><\/p>\r\n\r\n<p style=\"text-align:justify\"><span style=\"font-size:11pt\"><span style=\"line-height:normal\"><span style=\"font-family:Calibri,sans-serif\"><a href=\"https:\/\/filtech.de\/\" style=\"color:blue; text-decoration:underline\"><b><span style=\"font-size:14.0pt\">Filtech 2026<\/span><\/b><\/a><span style=\"font-size:14.0pt\">, de 30 de junho a 2 de julho, Cologne, Alemanha<\/span><\/span><\/span><\/span><\/p>\r\n\r\n<p style=\"text-align:justify\"><span style=\"font-size:11pt\"><span style=\"line-height:normal\"><span style=\"font-family:Calibri,sans-serif\"><a href=\"https:\/\/ficons.com.br\/\" style=\"color:blue; text-decoration:underline\"><b><span style=\"font-size:14.0pt\">FICONS - Feira Internacional de Materiais, Equipamentos e Servi&ccedil;os da Constru&ccedil;&atilde;o<\/span><\/b><\/a><span style=\"font-size:14.0pt\">, 15 a 18 de setembro de 2026, Centro de Conven&ccedil;&otilde;es de Pernambuco Recife\/ Olinda<\/span><\/span><\/span><\/span><\/p>\r\n\r\n<p style=\"text-align:justify\"><span style=\"font-size:11pt\"><span style=\"line-height:normal\"><span style=\"font-family:Calibri,sans-serif\"><a href=\"https:\/\/www.edana.org\/events\/outlook\/outlook-2025\" style=\"color:blue; text-decoration:underline\"><b><span style=\"font-size:14.0pt\">OUTLOOK&trade; 2026<\/span><\/b><\/a><span style=\"font-size:14.0pt\">, 22&ndash;24 September 2026, Hotel Miragem, Cascais, Portugal<\/span><\/span><\/span><\/span><\/p>\r\n\r\n<p style=\"text-align:justify\"><span style=\"font-size:28pt\"><span style=\"font-family:Cambria,serif\"><span style=\"letter-spacing:-0.5pt\"><b><span style=\"font-size:18.0pt\"><span calibri=\"\" style=\"font-family:\"><span style=\"font-variant:small-caps\">Setor<\/span><\/span><\/span><\/b><\/span><\/span><\/span><\/p>\r\n\r\n<p style=\"text-align:justify\"><span style=\"font-size:11pt\"><span style=\"line-height:normal\"><span style=\"font-family:Calibri,sans-serif\"><a href=\"https:\/\/plasticosemrevista.com.br\/excedente-global-de-pp-continua-a-aumentar\/\" style=\"color:blue; text-decoration:underline\"><span style=\"font-size:14.0pt\">Excedente global de PP continua a aumentar<\/span><\/a><\/span><\/span><\/span><\/p>\r\n\r\n<p style=\"text-align:justify\"><span style=\"font-size:11pt\"><span style=\"line-height:normal\"><span style=\"font-family:Calibri,sans-serif\"><a href=\"https:\/\/plasticosemrevista.com.br\/qual-o-futuro-do-pvc-nacional\/%5b\" style=\"color:blue; text-decoration:underline\"><span style=\"font-size:14.0pt\">Qual o futuro do PVC nacional?<\/span><\/a><\/span><\/span><\/span><\/p>\r\n\r\n<p style=\"text-align:justify\"><span style=\"font-size:11pt\"><span style=\"line-height:normal\"><span style=\"font-family:Calibri,sans-serif\"><a href=\"https:\/\/plasticosemrevista.com.br\/distribuicao-mais-polimeros-avanca-em-especialidades\/\" style=\"color:blue; text-decoration:underline\"><span style=\"font-size:14.0pt\">Distribui&ccedil;&atilde;o: Mais Pol&iacute;meros avan&ccedil;a em especialidades<\/span><\/a><\/span><\/span><\/span><\/p>\r\n\r\n<p style=\"text-align:justify\"><span style=\"font-size:11pt\"><span style=\"line-height:normal\"><span style=\"font-family:Calibri,sans-serif\"><a href=\"https:\/\/www.intergols.com.br\/comunicado-de-imprensa\/tecido-de-filtracao-de-polipropileno-tamanho-do-mercado-de-2025-ate-2032\/43085\/\" style=\"color:blue; text-decoration:underline\"><span style=\"font-size:14.0pt\">Tecido de filtra&ccedil;&atilde;o de polipropileno Tamanho do mercado de 2025 at&eacute; 2032<\/span><\/a><\/span><\/span><\/span><\/p>\r\n\r\n<p style=\"text-align:justify\"><span style=\"font-size:11pt\"><span style=\"line-height:normal\"><span style=\"font-family:Calibri,sans-serif\"><a href=\"https:\/\/portalpersonalcare.com.br\/envelhecimento-da-populacao-impulsiona-mercado-de-cuidados-pessoais-descartaveis\/?utm_medium=email&amp;utm_campaign=newsletter_12112025&amp;utm_source=RD+Station\" style=\"color:blue; text-decoration:underline\"><span style=\"font-size:14.0pt\">Envelhecimento da popula&ccedil;&atilde;o impulsiona mercado de cuidados pessoais descart&aacute;veis<\/span><\/a><\/span><\/span><\/span><\/p>\r\n\r\n<p style=\"text-align:justify\"><span style=\"font-size:11pt\"><span style=\"line-height:normal\"><span style=\"font-family:Calibri,sans-serif\"><a href=\"https:\/\/www.abit.org.br\/noticias\/setor-textil-brasileiro-eleva-em-18-producao-e-reduz-em-70-as-emissoes-de-co2-em-duas-decadas?utm_medium=email&amp;utm_campaign=1411_abit_informa_-_base_rd&amp;utm_source=RD+Station\" style=\"color:blue; text-decoration:underline\"><span style=\"font-size:14.0pt\">Setor t&ecirc;xtil brasileiro eleva em 18% produ&ccedil;&atilde;o e reduz em 70% as emiss&otilde;es de CO2 em duas d&eacute;cadas<\/span><\/a><\/span><\/span><\/span><\/p>\r\n\r\n<p style=\"text-align:justify\"><span style=\"font-size:11pt\"><span style=\"line-height:normal\"><span style=\"font-family:Calibri,sans-serif\"><a href=\"https:\/\/public-api.wordpress.com\/bar\/?stat=groovemails-events&amp;bin=wpcom_email_click&amp;redirect_to=https%3A%2F%2Fblogdoplastico.wordpress.com%2F2025%2F11%2F17%2Fbraskem-destacou-inovacoes-em-pe-verde-e-aplicacoes-de-biopolimeros-durante-a-feira-k-2025%2F&amp;sr=0&amp;signature=f9cc5c10637d33e8a6907680305c6302&amp;blog_id=9438832&amp;user=135099004&amp;_e=eyJlcnJvciI6bnVsbCwiYmxvZ19pZCI6OTQzODgzMiwiYmxvZ19sYW5nIjoicHQtQlIiLCJzaXRlX2lkX2xhYmVsIjoid3Bjb20iLCJoYXNfZmVhdHVyZWRfaW1hZ2UiOiIwIiwic3Vic2NyaWJlcl9pZCI6IjQ0NzAwMjQ1IiwiX3VpIjoxMzUwOTkwMDQsImxvY2FsZSI6InB0LWJyIiwiY3VycmVuY3kiOiJCUkwiLCJjb3VudHJ5X2NvZGVfc2lnbnVwIjoiQlIiLCJzaWdudXBfZmxvd19uYW1lIjoiZGVsdGEtc2l0ZSIsImVtYWlsX2RvbWFpbiI6ImFiaW50Lm9yZy5iciIsInBvc3RfaWQiOjE5NDYzLCJ1c2VyX2VtYWlsIjoiYWJpbnRAYWJpbnQub3JnLmJyIiwiZGF0ZV9zZW50IjoiMjAyNS0xMS0xNyIsImVtYWlsX25hbWUiOiJuZXctcG9zdCIsInRlbXBsYXRlIjoibmV3LXBvc3QiLCJlbWFpbF9pZCI6ImM0ODBiNTdhYjA3NzQ2ZjAyN2QzYjlhZDExNzBjYzM3IiwibGlua19kZXNjIjoicG9zdC11cmwiLCJhbmNob3JfdGV4dCI6IkJyYXNrZW0gZGVzdGFjb3UgaW5vdmFcdTAwZTdcdTAwZjVlcyBlbSBQRSB2ZXJkZSBlIGFwbGljYVx1MDBlN1x1MDBmNWVzIGRlIGJpb3BvbFx1MDBlZG1lcm9zIGR1cmFudGUgYSBGZWlyYSBLXHUwMGEwMjAyNSIsIl9kciI6bnVsbCwiX2RsIjoiXC93cC1jcm9uLnBocD9kb2luZ193cF9jcm9uPTE3NjMzNzAwNjkuNTcyMzA0OTY0MDY1NTUxNzU3ODEyNSIsIl91dCI6IndwY29tOnVzZXJfaWQiLCJfdWwiOiJhYmludHR0IiwiX2VuIjoid3Bjb21fZW1haWxfY2xpY2siLCJfdHMiOjE3NjMzNzAwOTUyMTMsImJyb3dzZXJfdHlwZSI6InBocC1hZ2VudCIsIl9hdWEiOiJ3cGNvbS10cmFja3MtY2xpZW50LXYwLjMiLCJibG9nX3R6IjoiLTMiLCJ1c2VyX2xhbmciOiJwdC1iciJ9&amp;_z=z\" style=\"color:blue; text-decoration:underline\"><span style=\"font-size:14.0pt\">Braskem destacou inova&ccedil;&otilde;es em PE verde e aplica&ccedil;&otilde;es de biopol&iacute;meros durante a Feira K&nbsp;2025<\/span><\/a><\/span><\/span><\/span><\/p>\r\n\r\n<p style=\"text-align:justify\"><span style=\"font-size:28pt\"><span style=\"font-family:Cambria,serif\"><span style=\"letter-spacing:-0.5pt\"><b><span style=\"font-size:18.0pt\"><span calibri=\"\" style=\"font-family:\"><span style=\"font-variant:small-caps\">Ind&uacute;stria<\/span><\/span><\/span><\/b><\/span><\/span><\/span><\/p>\r\n\r\n<p style=\"text-align:justify\"><span style=\"font-size:11pt\"><span style=\"line-height:normal\"><span style=\"font-family:Calibri,sans-serif\"><a href=\"https:\/\/noticias.portaldaindustria.com.br\/noticias\/industria-na-cop-30\/cop30-cni-convoca-industria-a-contribuir-com-consulta-publica-sobre-descarbonizacao\/\" style=\"color:blue; text-decoration:underline\"><span style=\"font-size:14.0pt\">COP30: CNI convoca ind&uacute;stria a contribuir com consulta p&uacute;blica sobre descarboniza&ccedil;&atilde;o<\/span><\/a><\/span><\/span><\/span><\/p>\r\n\r\n<p style=\"text-align:justify\"><span style=\"font-size:11pt\"><span style=\"line-height:normal\"><span style=\"font-family:Calibri,sans-serif\"><a href=\"https:\/\/anba.com.br\/calcados-tarifaco-gera-incerteza-e-setor-reage\/\" style=\"color:blue; text-decoration:underline\"><span style=\"font-size:14.0pt\">Cal&ccedil;ados: tarifa&ccedil;o gera incerteza e setor reage<\/span><\/a><\/span><\/span><\/span><\/p>\r\n\r\n<p style=\"text-align:justify\"><span style=\"font-size:11pt\"><span style=\"line-height:normal\"><span style=\"font-family:Calibri,sans-serif\"><a href=\"https:\/\/agenciadenoticias.ibge.gov.br\/agencia-noticias\/2012-agencia-de-noticias\/noticias\/45040-precos-da-construcao-variam-0-27-em-outubro-segundo-menor-resultado-do-ano\" style=\"color:blue; text-decoration:underline\"><span style=\"font-size:14.0pt\">Pre&ccedil;os da constru&ccedil;&atilde;o variam 0,27% em outubro, segundo menor resultado do ano<\/span><\/a><\/span><\/span><\/span><\/p>\r\n\r\n<p style=\"text-align:justify\"><span style=\"font-size:11pt\"><span style=\"line-height:normal\"><span style=\"font-family:Calibri,sans-serif\"><a href=\"https:\/\/portalvoce.com\/abrafiltros-amazonas-licita-empresa-reversa-de-filtros-de-combustiveis\/\" style=\"color:blue; text-decoration:underline\"><span style=\"font-size:14.0pt\">Abrafiltros: Amazonas licita empresa reversa de filtros de combust&iacute;veis<\/span><\/a><\/span><\/span><\/span><\/p>\r\n\r\n<p style=\"text-align:justify\"><span style=\"font-size:11pt\"><span style=\"line-height:normal\"><span style=\"font-family:Calibri,sans-serif\"><a href=\"https:\/\/www.moveisdevalor.com.br\/portal\/chegou-o-novo-normal-para-a-industria-moveleira-nos-eua?source=news\" style=\"color:blue; text-decoration:underline\"><span style=\"font-size:14.0pt\">Chegou o &quot;novo normal&quot; para a ind&uacute;stria moveleira nos EUA<\/span><\/a><\/span><\/span><\/span><\/p>\r\n\r\n<p style=\"text-align:justify\"><span style=\"font-size:11pt\"><span style=\"line-height:normal\"><span style=\"font-family:Calibri,sans-serif\"><a href=\"https:\/\/www.moveisdevalor.com.br\/portal\/tarifaco-de-trump-pode-voltar-em-forma-de-reembolso?source=news\" style=\"color:blue; text-decoration:underline\"><span style=\"font-size:14.0pt\">Tarifa&ccedil;o de Trump pode voltar em forma de reembolso<\/span><\/a><\/span><\/span><\/span><\/p>\r\n\r\n<p style=\"text-align:justify\"><span style=\"font-size:11pt\"><span style=\"line-height:normal\"><span style=\"font-family:Calibri,sans-serif\"><a href=\"https:\/\/www.brasil247.com\/industria\/forum-une-polos-petroquimicos-e-abiquim-para-fortalecer-a-industria-quimica\" style=\"color:blue; text-decoration:underline\"><span style=\"font-size:14.0pt\">F&oacute;rum une polos petroqu&iacute;micos e Abiquim para fortalecer a ind&uacute;stria qu&iacute;mica<\/span><\/a><\/span><\/span><\/span><\/p>\r\n\r\n<p style=\"text-align:justify\"><span style=\"font-size:11pt\"><span style=\"line-height:normal\"><span style=\"font-family:Calibri,sans-serif\"><a href=\"https:\/\/hotsite.fiesp.com.br\/nr12\/\" style=\"color:blue; text-decoration:underline\"><span style=\"font-size:14.0pt\">FIESP | Programa NR12 | Diagn&oacute;stico, Certifica&ccedil;&atilde;o e Financiamento<\/span><\/a><\/span><\/span><\/span><\/p>\r\n\r\n<p style=\"text-align:justify\"><span style=\"font-size:28pt\"><span style=\"font-family:Cambria,serif\"><span style=\"letter-spacing:-0.5pt\"><b><span style=\"font-size:18.0pt\"><span calibri=\"\" style=\"font-family:\"><span style=\"font-variant:small-caps\">Sustentabilidade<\/span><\/span><\/span><\/b><\/span><\/span><\/span><\/p>\r\n\r\n<p style=\"text-align:justify\"><span style=\"font-size:11pt\"><span style=\"line-height:normal\"><span style=\"font-family:Calibri,sans-serif\"><a href=\"https:\/\/horacampinas.com.br\/artigo-brasil-lidera-a-construcao-sustentavel-com-dez-anos-de-antecedencia-por-yorki-estefan\/\" style=\"color:blue; text-decoration:underline\"><span style=\"font-size:14.0pt\">Brasil lidera a constru&ccedil;&atilde;o sustent&aacute;vel com dez anos de anteced&ecirc;ncia<\/span><\/a><\/span><\/span><\/span><\/p>\r\n\r\n<p style=\"text-align:justify\"><span style=\"font-size:11pt\"><span style=\"line-height:normal\"><span style=\"font-family:Calibri,sans-serif\"><a href=\"https:\/\/noticias.portaldaindustria.com.br\/noticias\/sustentabilidade\/cni-elenca-24-acoes-para-destravar-us-13-trilhao-em-financiamento-climatico\/#msdynmkt_trackingcontext=bd967b5a-77c3-4f49-aee1-7beb617c0100\" style=\"color:blue; text-decoration:underline\"><span style=\"font-size:14.0pt\">CNI elenca 24 a&ccedil;&otilde;es para destravar US$ 1,3 trilh&atilde;o em financiamento clim&aacute;tico<\/span><\/a><\/span><\/span><\/span><\/p>\r\n\r\n<p style=\"text-align:justify\"><span style=\"font-size:11pt\"><span style=\"line-height:normal\"><span style=\"font-family:Calibri,sans-serif\"><a href=\"https:\/\/plasticosemrevista.com.br\/pesquisa-de-opiniao-30\/\" style=\"color:blue; text-decoration:underline\"><span style=\"font-size:14.0pt\">Pesquisa de opini&atilde;o: o governo publicou decreto regulamentador da log&iacute;stica reversa de embalagens pl&aacute;sticas. Quais as principais lacunas regulat&oacute;rias a serem preenchidas para a execu&ccedil;&atilde;o desses objetivos? E como o governo fiscalizar&aacute; o cumprimento deles?<\/span><\/a><\/span><\/span><\/span><\/p>\r\n\r\n<p style=\"text-align:justify\"><span style=\"font-size:11pt\"><span style=\"line-height:normal\"><span style=\"font-family:Calibri,sans-serif\"><a href=\"https:\/\/revistaplasticosul.com.br\/sustentabilidade\/instituto-soul-do-plastico-transforma-reciclagem-em-educacao-renda-e-proposito\/\" style=\"color:blue; text-decoration:underline\"><span style=\"font-size:14.0pt\">Instituto Soul do Pl&aacute;stico transforma reciclagem em educa&ccedil;&atilde;o, renda e prop&oacute;sito<\/span><\/a><\/span><\/span><\/span><\/p>\r\n\r\n<p style=\"text-align:justify\"><span style=\"font-size:11pt\"><span style=\"line-height:normal\"><span style=\"font-family:Calibri,sans-serif\"><a href=\"https:\/\/revistaplasticosul.com.br\/sem-categoria\/regiao-sul-se-consolida-como-segunda-maior-consumidora-e-produtora-de-resina-plastica-reciclada-pos-consumo\/\" style=\"color:blue; text-decoration:underline\"><span style=\"font-size:14.0pt\">Regi&atilde;o Sul se consolida como segunda maior consumidora e produtora de resina pl&aacute;stica reciclada p&oacute;s-consumo<\/span><\/a><\/span><\/span><\/span><\/p>\r\n\r\n<p style=\"text-align:justify\"><span style=\"font-size:11pt\"><span style=\"line-height:normal\"><span style=\"font-family:Calibri,sans-serif\"><a href=\"https:\/\/revistaplasticosul.com.br\/sustentabilidade\/recircula-brasil-se-consolida-como-principal-ferramenta-para-comprovar-metas-de-conteudo-reciclado\/\" style=\"color:blue; text-decoration:underline\"><span style=\"font-size:14.0pt\">Recircula Brasil se consolida como principal ferramenta para comprovar metas de conte&uacute;do reciclado<\/span><\/a><\/span><\/span><\/span><\/p>\r\n\r\n<p style=\"text-align:justify\"><span style=\"font-size:11pt\"><span style=\"line-height:normal\"><span style=\"font-family:Calibri,sans-serif\"><a href=\"https:\/\/anba.com.br\/cop30-111-paises-entregam-plano-de-meta-climatica\/\" style=\"color:blue; text-decoration:underline\"><span style=\"font-size:14.0pt\">COP30: 111 pa&iacute;ses entregam plano de meta clim&aacute;tica<\/span><\/a><\/span><\/span><\/span><\/p>\r\n\r\n<p style=\"text-align:justify\"><span style=\"font-size:11pt\"><span style=\"line-height:normal\"><span style=\"font-family:Calibri,sans-serif\"><a href=\"https:\/\/revistamt.com.br\/Materias\/Exibir\/por-um-avanco-gradual-e-sustentavel-em-rodovias?utm_source=akna&amp;utm_medium=email&amp;utm_campaign=Confira-a-nova-edicao-da-Revista-M-T-N-299-Novembro-2025\" style=\"color:blue; text-decoration:underline\"><span style=\"font-size:14.0pt\">Por um avan&ccedil;o gradual e sustent&aacute;vel em rodovias<\/span><\/a><\/span><\/span><\/span><\/p>\r\n\r\n<p style=\"text-align:justify\"><span style=\"font-size:28pt\"><span style=\"font-family:Cambria,serif\"><span style=\"letter-spacing:-0.5pt\"><b><span style=\"font-size:18.0pt\"><span calibri=\"\" style=\"font-family:\"><span style=\"font-variant:small-caps\">Inova&ccedil;&atilde;o<\/span><\/span><\/span><\/b><\/span><\/span><\/span><\/p>\r\n\r\n<p style=\"text-align:justify\"><span style=\"font-size:11pt\"><span style=\"line-height:normal\"><span style=\"font-family:Calibri,sans-serif\"><a href=\"https:\/\/www.meiofiltrante.com.br\/Noticia\/131691\/tecnologia-de-ultrafiltragem-e-aliada-para-ampliacao-do-tratamento-de-agua-em-sao-paulo\" style=\"color:blue; text-decoration:underline\"><span style=\"font-size:14.0pt\">Tecnologia de ultrafiltragem &eacute; aliada para amplia&ccedil;&atilde;o do tratamento de &aacute;gua em S&atilde;o Paulo<\/span><\/a><\/span><\/span><\/span><\/p>\r\n\r\n<p style=\"text-align:justify\"><span style=\"font-size:28pt\"><span style=\"font-family:Cambria,serif\"><span style=\"letter-spacing:-0.5pt\"><b><span style=\"font-size:18.0pt\"><span calibri=\"\" style=\"font-family:\"><span style=\"font-variant:small-caps\">Com&eacute;rcio Exterior<\/span><\/span><\/span><\/b><\/span><\/span><\/span><\/p>\r\n\r\n<p style=\"text-align:justify\"><span style=\"font-size:11pt\"><span style=\"line-height:normal\"><span style=\"font-family:Calibri,sans-serif\"><a href=\"https:\/\/g1.globo.com\/economia\/noticia\/2025\/11\/13\/eua-e-argentina-acordo.ghtml\" style=\"color:blue; text-decoration:underline\"><span style=\"font-size:14.0pt\">EUA e Argentina firmam acordo de coopera&ccedil;&atilde;o em com&eacute;rcio e investimentos<\/span><\/a><\/span><\/span><\/span><\/p>\r\n\r\n<p style=\"text-align:justify\"><span style=\"font-size:11pt\"><span style=\"line-height:normal\"><span style=\"font-family:Calibri,sans-serif\"><a href=\"https:\/\/static.portaldaindustria.com.br\/media\/filer_public\/85\/70\/857082df-db39-45b0-9bc9-a701e1f5c42f\/cni_sri_gcii-ipc_25-020_brasil-colombia-suspensao-denuncia-acordo-automotivo.pdf\" style=\"color:blue; text-decoration:underline\"><span style=\"font-size:14.0pt\">Brasil e Col&ocirc;mbia decidem suspender, por um ano, a den&uacute;ncia do acordo automotivo<\/span><\/a><\/span><\/span><\/span><\/p>\r\n\r\n<p style=\"text-align:justify\"><span style=\"font-size:11pt\"><span style=\"line-height:normal\"><span style=\"font-family:Calibri,sans-serif\"><a href=\"https:\/\/revistaplasticosul.com.br\/sustentabilidade\/think-plastic-brazil-leva-mais-de-300-visitantes-por-dia-ao-espaco-brasileiro-na-feira-k-2025\/\" style=\"color:blue; text-decoration:underline\"><span style=\"font-size:14.0pt\">Think Plastic Brazil leva mais de 300 visitantes por dia ao espa&ccedil;o brasileiro na Feira K 2025<\/span><\/a><\/span><\/span><\/span><\/p>\r\n\r\n<p style=\"text-align:justify\"><span style=\"font-size:28pt\"><span style=\"font-family:Cambria,serif\"><span style=\"letter-spacing:-0.5pt\"><b><span style=\"font-size:18.0pt\"><span calibri=\"\" style=\"font-family:\"><span style=\"font-variant:small-caps\">Economia<\/span><\/span><\/span><\/b><\/span><\/span><\/span><\/p>\r\n\r\n<p style=\"text-align:justify\"><span style=\"font-size:11pt\"><span style=\"line-height:normal\"><span style=\"font-family:Calibri,sans-serif\"><a href=\"https:\/\/www.bcb.gov.br\/content\/focus\/focus\/R20251114.pdf\" style=\"color:blue; text-decoration:underline\"><span style=\"font-size:14.0pt\">Focus - Relat&oacute;rio de Mercado<\/span><\/a><\/span><\/span><\/span><\/p>\r\n\r\n<p style=\"text-align:justify\"><span style=\"font-size:11pt\"><span style=\"line-height:normal\"><span style=\"font-family:Calibri,sans-serif\"><a href=\"https:\/\/www.bcb.gov.br\/detalhenoticia\/20927\/nota\" style=\"color:blue; text-decoration:underline\"><span style=\"font-size:14.0pt\">BC divulga o Relat&oacute;rio de Estabilidade Financeira do primeiro semestre de 2025<\/span><\/a><\/span><\/span><\/span><\/p>\r\n\r\n<p style=\"text-align:justify\"><span style=\"font-size:11pt\"><span style=\"line-height:normal\"><span style=\"font-family:Calibri,sans-serif\"><a href=\"https:\/\/portalibre.fgv.br\/noticias\/economia-cresceu-01-no-terceiro-trimestre-em-comparacao-ao-segundo\" style=\"color:blue; text-decoration:underline\"><span style=\"font-size:14.0pt\">Economia cresceu 0,1% no terceiro trimestre, em compara&ccedil;&atilde;o ao segundo<\/span><\/a><\/span><\/span><\/span><\/p>\r\n\r\n<p style=\"text-align:justify\"><span style=\"font-size:11pt\"><span style=\"line-height:normal\"><span style=\"font-family:Calibri,sans-serif\"><a href=\"https:\/\/www.eiu.com\/n\/blogs\/latam-2026-outlook-converging-policy-rates\/\" style=\"color:blue; text-decoration:underline\"><span style=\"font-size:14.0pt\">Latin America: converging policy rates<\/span><\/a><\/span><\/span><\/span><\/p>\r\n\r\n<p style=\"text-align:justify\">&nbsp;<\/p>\r\n\r\n<p style=\"text-align:justify\"><img src=\"https:\/\/www.abint.org.br\/assets\/img\/editor\/redes-sociais-abint-ctg-cth_20251014202218Zyze8pqEet.jpg\" \/><\/p>\r\n","texto_en":"","7":"","imagem":"COMP_capa-2025-site-boletim-abint-noticias-semanis_202511191639453wjz0ReezJ.jpg","8":"COMP_capa-2025-site-boletim-abint-noticias-semanis_202511191639453wjz0ReezJ.jpg","arquivo":"20251118-BOLETIM-ABINT-DE-NOTICIAS-SEMANAIS.PDF","9":"20251118-BOLETIM-ABINT-DE-NOTICIAS-SEMANAIS.PDF","titulo_arquivo":"20251118 Boletim ABINT de Not\u00edcias Semanais","10":"20251118 Boletim ABINT de Not\u00edcias Semanais","titulo_arquivo_en":"","11":"","created_at":"2025-11-19 16:39:54","12":"2025-11-19 16:39:54","updated_at":"2025-11-19 16:41:22","13":"2025-11-19 16:41:22"},{"id":205,"0":205,"ordem":18,"1":18,"data":"2025-11-11","2":"2025-11-11","slug":"boletim-abint-de-noticias-semanais-103","3":"boletim-abint-de-noticias-semanais-103","titulo":"Boletim ABINT de Not\u00edcias Semanais","4":"Boletim ABINT de Not\u00edcias Semanais","titulo_en":"","5":"","texto":"<p style=\"text-align:justify\"><span style=\"font-size:11pt\"><span style=\"line-height:normal\"><span style=\"font-family:Calibri,sans-serif\"><span style=\"font-size:14.0pt\">Esta &eacute; uma compila&ccedil;&atilde;o das not&iacute;cias mais relevantes para o setor, incluindo informa&ccedil;&otilde;es sobre acordos internacionais, economia brasileira, sustentabilidade e mat&eacute;rias-primas, al&eacute;m de novidades do setor de N&atilde;otecidos e Tecidos T&eacute;cnicos.<\/span><\/span><\/span><\/span><\/p>\r\n\r\n<p style=\"text-align:justify\"><span style=\"font-size:11pt\"><span style=\"line-height:normal\"><span style=\"font-family:Calibri,sans-serif\"><b><span style=\"font-size:18.0pt\"><span style=\"font-variant:small-caps\">A&ccedil;&atilde;o realizada<\/span><\/span><\/b><\/span><\/span><\/span><\/p>\r\n\r\n<p style=\"text-align:justify\"><img src=\"https:\/\/www.abint.org.br\/assets\/img\/editor\/nova-logo-premio-tcc-ic-pequena_20251111175008T2GfsZLhu2.png\" \/><\/p>\r\n\r\n<p style=\"text-align:justify\"><img src=\"https:\/\/www.abint.org.br\/assets\/img\/editor\/20251106-165702_202511111747399hRrikXLMU.jpg\" style=\"width: 700px; height: 525px;\" \/><\/p>\r\n\r\n<p style=\"text-align:justify\"><span style=\"font-size:11pt\"><span style=\"line-height:normal\"><span style=\"font-family:Calibri,sans-serif\"><span style=\"font-size:14.0pt\">No dia 06\/11\/2025, o <b>CTG ABINT<\/b>, representado por sua Coordenadora, <b>Eng.&ordf; Samira Paranhos<\/b>, realizou a cerim&ocirc;nia de premia&ccedil;&atilde;o do Pr&ecirc;mio TCC IC Tecnologia em Geossint&eacute;ticos &quot;Prof. Bueno&quot; 2024\/2025.<\/span><\/span><\/span><\/span><\/p>\r\n\r\n<p style=\"text-align:justify\"><span style=\"font-size:11pt\"><span style=\"line-height:normal\"><span style=\"font-family:Calibri,sans-serif\"><span style=\"font-size:14.0pt\">Na Categoria <b>INICIA&Ccedil;&Atilde;O CIENT&Iacute;FICA<\/b> os premiados foram<\/span><\/span><\/span><\/span><\/p>\r\n\r\n<p style=\"text-align:justify\"><span style=\"font-size:11pt\"><span style=\"line-height:normal\"><span style=\"font-family:Calibri,sans-serif\"><b><span style=\"font-size:14.0pt\">1&ordm; LUGAR<\/span><\/b><span style=\"font-size:14.0pt\">: <b>Amanda Scartezini da Silva<\/b>, com o trabalho &quot;AVALIA&Ccedil;&Atilde;O DE DIFERENTES T&Eacute;CNICAS PARA CONTEN&Ccedil;&Atilde;O DE PROCESSO EROSIVO EM UM SOLO DA BACIA DO RIBEIR&Atilde;O GUARATINGUET&Aacute;&quot;, orientada pela Prof.&ordf; Mariana Ferreira Benessiuti Motta, da UNESP\/FEG<\/span><\/span><\/span><\/span><\/p>\r\n\r\n<p style=\"text-align:justify\"><span style=\"font-size:11pt\"><span style=\"line-height:normal\"><span style=\"font-family:Calibri,sans-serif\"><b><span style=\"font-size:14.0pt\">2&ordm; LUGAR<\/span><\/b><span style=\"font-size:14.0pt\">: <b>Samuel Mariano de Santana<\/b>, com o trabalho &quot;ESTUDO DA DEGRADA&Ccedil;&Atilde;O AMBIENTAL DE GEOMEMBRANAS SOB TENS&Atilde;O&quot;, orientada pelo Prof. Fernando Henrique Martins Portelinha, da UFSCar <\/span><\/span><\/span><\/span><\/p>\r\n\r\n<p style=\"text-align:justify\"><span style=\"font-size:11pt\"><span style=\"line-height:normal\"><span style=\"font-family:Calibri,sans-serif\"><b><span style=\"font-size:14.0pt\">3&ordm; LUGAR<\/span><\/b><span style=\"font-size:14.0pt\">: <b>Eduarda Corr&ecirc;a Alves<\/b>, com o trabalho &quot;EFEITO DA TEMPERATURA EM BENTON&Iacute;TAS MODIFICADAS COM POL&Iacute;MEROS PARA USO GEOCOMPOSTOS BENTON&Iacute;TICOS&quot;, orientada pelo Prof. Fernando Henrique Martins Portelinha, da UFSCar<\/span><\/span><\/span><\/span><\/p>\r\n\r\n<p style=\"text-align:justify\"><span style=\"font-size:11pt\"><span style=\"line-height:normal\"><span style=\"font-family:Calibri,sans-serif\"><span style=\"font-size:14.0pt\">E na Categoria <b>TRABALHO DE COCNCLUS&Atilde;O DE CURSO<\/b> receberam os pr&ecirc;mios<\/span><\/span><\/span><\/span><\/p>\r\n\r\n<p style=\"text-align:justify\"><span style=\"font-size:11pt\"><span style=\"line-height:normal\"><span style=\"font-family:Calibri,sans-serif\"><b><span style=\"font-size:14.0pt\">1&ordm; LUGAR<\/span><\/b><span style=\"font-size:14.0pt\">: <b>Augusto Henrique Diniz do Carmo<\/b>, com o trabalho &quot;MUROS EM SOLOS REFOR&Ccedil;ADOS COM GEOGRELHA E PARAMENTO EM BLOCOS SEGMENTAIS: INFLU&Ecirc;NCIA DO MATERIAL GRANULAR NA RESIST&Ecirc;NCIA DE CONEX&Atilde;O&quot;, orientado pela Prof.&ordf; Denise de Carvalho Urashima, da CEFET\/MG - VARGINHA <\/span><\/span><\/span><\/span><\/p>\r\n\r\n<p style=\"text-align:justify\"><span style=\"font-size:11pt\"><span style=\"line-height:normal\"><span style=\"font-family:Calibri,sans-serif\"><b><span style=\"font-size:14.0pt\">2&ordm; LUGAR<\/span><\/b><span style=\"font-size:14.0pt\">: <b>Caio Cardoso Carneiro<\/b>, com o trabalho &quot;APLICA&Ccedil;&Atilde;O DE GEOSSINT&Eacute;TICOS NO CONTROLE DE PROCESSOS EROSIVOS&quot;, orientado pelo Prof. Dr. Marcus Vin&iacute;cius Ribeiro e Souza, UFT Palmas <\/span><\/span><\/span><\/span><\/p>\r\n\r\n<p style=\"text-align:justify\"><span style=\"font-size:11pt\"><span style=\"line-height:normal\"><span style=\"font-family:Calibri,sans-serif\"><b><span style=\"font-size:14.0pt\">3&ordm; LUGAR<\/span><\/b><span style=\"font-size:14.0pt\">: <b>Luiz Felipe Pereira de Brito<\/b>, com o trabalho &quot;AVALIA&Ccedil;&Atilde;O DO IMPACTO DO ENVELHECIMENTO ACELERADO NA RESIST&Ecirc;NCIA &Agrave; TRA&Ccedil;&Atilde;O DE GEOT&Ecirc;XTEIS PARA TUBOS GEOT&Ecirc;XTEIS&quot;, orientado pelo Prof. Greg&oacute;rio Lu&iacute;s Silva Ara&uacute;jo, da UnB.<\/span><\/span><\/span><\/span><\/p>\r\n\r\n<p style=\"text-align:justify\"><span style=\"font-size:28pt\"><span style=\"font-family:Cambria,serif\"><span style=\"letter-spacing:-0.5pt\"><b><span style=\"font-size:18.0pt\"><span style=\"font-family:&quot;Calibri&quot;,sans-serif\"><span style=\"font-variant:small-caps\">O que vem por a&iacute;<\/span><\/span><\/span><\/b><\/span><\/span><\/span><\/p>\r\n\r\n<p style=\"text-align:justify\"><b><img src=\"https:\/\/www.abint.org.br\/assets\/img\/editor\/20251117-workshop-iso-astm-abnt_20251015193426QqcNHCi4bT.jpg\" style=\"width: 500px; height: 500px;\" \/><\/b><\/p>\r\n\r\n<p style=\"text-align:justify\">&nbsp;<\/p>\r\n\r\n<p style=\"text-align:justify\">&nbsp;<\/p>\r\n\r\n<p style=\"text-align:justify\"><span style=\"font-size:11pt\"><span style=\"line-height:normal\"><span style=\"font-family:Calibri,sans-serif\"><b><span style=\"font-size:14.0pt\">Patrocinador Especial do <\/span><\/b><a href=\"https:\/\/www.even3.com.br\/international-geosynthetics-workshop-standards-and-updates-in-infrastructure-and-sustainability-616680\/\" style=\"color:blue; text-decoration:underline\"><b><i><span style=\"font-size:14.0pt\">International Geosynthetics Workshop: Standards and updates in Infrastructure and Sustainability<\/span><\/i><\/b><\/a><b><i><span style=\"font-size:14.0pt\">, <\/span><\/i><\/b><b><span style=\"font-size:14.0pt\">17 de novembro de 2025, 08h &agrave;s 18h, presencial, Pontif&iacute;cia Universidade Cat&oacute;lica do Rio de Janeiro (PUC-Rio), Rio de Janeiro, RJ, Brasil<\/span><\/b><\/span><\/span><\/span><\/p>\r\n\r\n<p style=\"text-align:justify\"><span style=\"font-size:11pt\"><span style=\"line-height:normal\"><span style=\"font-family:Calibri,sans-serif\"><u>&nbsp;&nbsp;&nbsp;&nbsp;&nbsp;&nbsp;&nbsp;&nbsp;&nbsp;&nbsp;&nbsp;&nbsp;&nbsp;&nbsp;&nbsp;&nbsp;&nbsp;&nbsp;&nbsp;&nbsp;&nbsp;&nbsp;&nbsp;&nbsp;&nbsp;&nbsp;&nbsp;&nbsp;&nbsp;&nbsp;&nbsp;&nbsp;&nbsp;&nbsp;&nbsp;&nbsp;&nbsp;&nbsp;&nbsp;&nbsp;&nbsp;&nbsp;&nbsp;&nbsp;&nbsp;&nbsp;&nbsp;&nbsp;&nbsp;&nbsp;&nbsp;&nbsp;&nbsp;&nbsp;&nbsp;&nbsp;&nbsp;&nbsp;&nbsp;&nbsp;&nbsp;&nbsp;&nbsp;&nbsp;&nbsp;&nbsp;&nbsp;&nbsp;&nbsp;&nbsp;&nbsp;&nbsp;&nbsp;&nbsp;&nbsp;&nbsp;&nbsp;&nbsp;&nbsp;&nbsp;&nbsp;&nbsp;&nbsp;&nbsp;&nbsp;&nbsp;&nbsp;&nbsp;&nbsp;&nbsp;&nbsp;&nbsp;&nbsp;&nbsp;&nbsp;&nbsp;&nbsp;&nbsp;&nbsp;&nbsp;&nbsp;&nbsp;&nbsp;&nbsp;&nbsp;&nbsp;&nbsp;&nbsp;&nbsp;&nbsp;&nbsp;&nbsp;&nbsp;&nbsp;&nbsp;&nbsp;&nbsp;&nbsp;&nbsp;&nbsp;&nbsp;&nbsp;&nbsp;&nbsp;&nbsp;&nbsp;&nbsp;&nbsp;&nbsp;&nbsp;&nbsp;&nbsp;&nbsp;&nbsp;&nbsp;&nbsp;&nbsp;&nbsp;&nbsp;&nbsp;&nbsp;&nbsp;&nbsp;&nbsp;&nbsp;&nbsp;&nbsp;&nbsp;&nbsp;&nbsp;&nbsp;&nbsp;&nbsp;&nbsp;&nbsp;&nbsp;&nbsp;&nbsp;&nbsp;&nbsp;&nbsp;&nbsp;&nbsp;&nbsp; <\/u><\/span><\/span><\/span><\/p>\r\n\r\n<p style=\"text-align:justify\"><span style=\"font-size:28pt\"><span style=\"font-family:Cambria,serif\"><span style=\"letter-spacing:-0.5pt\"><b><span style=\"font-size:18.0pt\"><span style=\"font-family:&quot;Calibri&quot;,sans-serif\"><span style=\"font-variant:small-caps\">Not&iacute;cias das Associadas<\/span><\/span><\/span><\/b><\/span><\/span><\/span><\/p>\r\n\r\n<p style=\"text-align:justify\"><span style=\"font-size:11pt\"><span style=\"line-height:normal\"><span style=\"font-family:Calibri,sans-serif\"><a href=\"http:\/\/www.jornow.com.br\/jornow\/noticia.php?idempresa=4412&amp;num_release=311968&amp;ori=V\" style=\"color:blue; text-decoration:underline\"><span style=\"font-size:14.0pt\">ABINT &eacute; signat&aacute;ria da Liga de Descarboniza&ccedil;&atilde;o do setor t&ecirc;xtil<\/span><\/a> <\/span><\/span><\/span><\/p>\r\n\r\n<p style=\"text-align:justify\"><span style=\"font-size:11pt\"><span style=\"line-height:normal\"><span style=\"font-family:Calibri,sans-serif\"><a href=\"https:\/\/www.fibertex.com\/about-us\/news-and-events\/spunlace-expansion?advertiser=101768_NON_eNL_1st-Position-Native-Ad_Title&amp;utm_campaign=NON%20eNewsletter&amp;utm_medium=email&amp;_hsenc=p2ANqtz-925fjldbElA6S4UIu6152DwpyMIkJ5UsqW11p-GaHk-65KgBO_dXJREedH9V_Ivt1kLaNFMZilrpdFarihktuTAlFP6g&amp;_hsmi=388743626&amp;utm_content=388743626&amp;utm_source=hs_email\" style=\"color:blue; text-decoration:underline\"><span lang=\"EN-US\" style=\"font-size:14.0pt\">Fibertex: shaping the future of Spunlace<\/span><\/a><\/span><\/span><\/span><\/p>\r\n\r\n<p style=\"text-align:justify\"><span style=\"font-size:11pt\"><span style=\"line-height:normal\"><span style=\"font-family:Calibri,sans-serif\"><a href=\"https:\/\/www.fibre2fashion.com\/news\/company-news\/technical-textiles\/finland-s-suominen-s-9m-sales-drop-8-to-367-83-mn-amid-weaker-demand-306180-newsdetails.htm\" style=\"color:blue; text-decoration:underline\"><span lang=\"ES-AR\" style=\"font-size:14.0pt\">Finland&#39;s Suominen&#39;s 9M sales drop 8% to $367.83 mn amid weaker demand<\/span><\/a><\/span><\/span><\/span><\/p>\r\n\r\n<p style=\"text-align:justify\">&nbsp;<\/p>\r\n\r\n<p style=\"text-align:justify\"><span style=\"font-size:11pt\"><span style=\"line-height:normal\"><span style=\"font-family:Calibri,sans-serif\"><b><span style=\"font-size:18.0pt\"><span style=\"font-variant:small-caps\">Eventos<\/span><\/span><\/b><\/span><\/span><\/span><\/p>\r\n\r\n<p style=\"text-align:justify\"><span style=\"font-size:11pt\"><span style=\"line-height:normal\"><span style=\"font-family:Calibri,sans-serif\"><a href=\"https:\/\/www.hygienix.org\/index.html\" style=\"color:blue; text-decoration:underline\"><b><span style=\"font-size:14.0pt\">Hygienix&trade;<\/span><\/b><\/a><span style=\"font-size:14.0pt\">, November 17-20, 2025, Omni Orlando ChampionsGate, ChampionsGate, FL, USA<\/span><\/span><\/span><\/span><\/p>\r\n\r\n<p style=\"text-align:justify\"><span style=\"font-size:11pt\"><span style=\"line-height:normal\"><span style=\"font-family:Calibri,sans-serif\"><a href=\"https:\/\/produtos.institutoabit.org.br\/prod\/fb4eae1e-5e68-4927-8880-529370b41ab4?utm_medium=email&amp;utm_campaign=workshop_25112025&amp;utm_source=RD+Station\" style=\"color:blue; text-decoration:underline\"><b><span style=\"font-size:14.0pt\">Workshop Sindit&ecirc;xtil: Lideran&ccedil;a e Reten&ccedil;&atilde;o de Talentos<\/span><\/b><\/a><span style=\"font-size:14.0pt\">, 25 de novembro, 09h30 &agrave;s 12h00, evento onlive<\/span><\/span><\/span><\/span><\/p>\r\n\r\n<p style=\"text-align:justify\"><span style=\"font-size:11pt\"><span style=\"line-height:normal\"><span style=\"font-family:Calibri,sans-serif\"><a href=\"https:\/\/tendencias.sobratema.com\/?utm_source=akna&amp;utm_medium=email&amp;utm_campaign=Sua-marca-em-destaque-no-20-Tendencias-do-Mercado-da-Construcao-patrocine-este-encontro-estrategico\" style=\"color:blue; text-decoration:underline\"><b><span style=\"font-size:14.0pt\">SOBRATEMA | 20&ordf; Tend&ecirc;ncias do Mercado da Constru&ccedil;&atilde;o<\/span><\/b><\/a><span style=\"font-size:14.0pt\">, 26 de novembro de 2025, 18h, APAS, S&atilde;o Paulo, SP<\/span><\/span><\/span><\/span><\/p>\r\n\r\n<p style=\"text-align:justify\"><span style=\"font-size:11pt\"><span style=\"line-height:normal\"><span style=\"font-family:Calibri,sans-serif\"><a href=\"https:\/\/filtech.de\/\" style=\"color:blue; text-decoration:underline\"><b><span style=\"font-size:14.0pt\">Filtech 2026<\/span><\/b><\/a><span style=\"font-size:14.0pt\">, de 30 de junho a 2 de julho, Cologne, Alemanha<\/span><\/span><\/span><\/span><\/p>\r\n\r\n<p style=\"text-align:justify\"><span style=\"font-size:11pt\"><span style=\"line-height:normal\"><span style=\"font-family:Calibri,sans-serif\"><a href=\"https:\/\/ficons.com.br\/\" style=\"color:blue; text-decoration:underline\"><b><span style=\"font-size:14.0pt\">FICONS - Feira Internacional de Materiais, Equipamentos e Servi&ccedil;os da Constru&ccedil;&atilde;o<\/span><\/b><\/a><span style=\"font-size:14.0pt\">, 15 a 18 de setembro de 2026, Centro de Conven&ccedil;&otilde;es de Pernambuco Recife\/ Olinda<\/span><\/span><\/span><\/span><\/p>\r\n\r\n<p style=\"text-align:justify\"><span style=\"font-size:11pt\"><span style=\"line-height:normal\"><span style=\"font-family:Calibri,sans-serif\"><a href=\"https:\/\/www.edana.org\/events\/outlook\/outlook-2025\" style=\"color:blue; text-decoration:underline\"><b><span style=\"font-size:14.0pt\">OUTLOOK&trade; 2026<\/span><\/b><\/a><span style=\"font-size:14.0pt\">, 22&ndash;24 September 2026, Hotel Miragem, Cascais, Portugal<\/span><\/span><\/span><\/span><\/p>\r\n\r\n<p style=\"text-align:justify\"><span style=\"font-size:28pt\"><span style=\"font-family:Cambria,serif\"><span style=\"letter-spacing:-0.5pt\"><b><span style=\"font-size:18.0pt\"><span style=\"font-family:&quot;Calibri&quot;,sans-serif\"><span style=\"font-variant:small-caps\">Setor<\/span><\/span><\/span><\/b><\/span><\/span><\/span><\/p>\r\n\r\n<p style=\"text-align:justify\"><span style=\"font-size:11pt\"><span style=\"line-height:normal\"><span style=\"font-family:Calibri,sans-serif\"><a href=\"https:\/\/plasticosemrevista.com.br\/excedente-global-de-pp-continua-a-aumentar\/\" style=\"color:blue; text-decoration:underline\"><span style=\"font-size:14.0pt\">Excedente global de PP continua a aumentar<\/span><\/a><\/span><\/span><\/span><\/p>\r\n\r\n<p style=\"text-align:justify\"><span style=\"font-size:11pt\"><span style=\"line-height:normal\"><span style=\"font-family:Calibri,sans-serif\"><a href=\"https:\/\/congressoabit.com.br\/noticias\/finep-amplia-credito-para-setor-textil-e-de-confeccao\" style=\"color:blue; text-decoration:underline\"><span style=\"font-size:14.0pt\">Finep amplia cr&eacute;dito para setor t&ecirc;xtil e de confec&ccedil;&atilde;o<\/span><\/a><\/span><\/span><\/span><\/p>\r\n\r\n<p style=\"text-align:justify\"><span style=\"font-size:11pt\"><span style=\"line-height:normal\"><span style=\"font-family:Calibri,sans-serif\"><a href=\"https:\/\/www.meiofiltrante.com.br\/Noticia\/131640\/filtros-sinterizados-a-tecnologia-que-revoluciona-a-filtragem-de-liquidos-e-gases\" style=\"color:blue; text-decoration:underline\"><span style=\"font-size:14.0pt\">Filtros sinterizados: a tecnologia que revoluciona a filtragem de l&iacute;quidos e gases<\/span><\/a><\/span><\/span><\/span><\/p>\r\n\r\n<p style=\"text-align:justify\"><span style=\"font-size:11pt\"><span style=\"line-height:normal\"><span style=\"font-family:Calibri,sans-serif\"><a href=\"https:\/\/www.manaus.am.gov.br\/noticia\/obras\/geomanta-avenida-mario-ypiranga\/\" style=\"color:blue; text-decoration:underline\"><span style=\"font-size:14.0pt\">Prefeitura de Manaus avan&ccedil;a na finaliza&ccedil;&atilde;o da limpeza e inicia implanta&ccedil;&atilde;o da geomanta na avenida M&aacute;rio Ypiranga<\/span><\/a><\/span><\/span><\/span><\/p>\r\n\r\n<p style=\"text-align:justify\"><span style=\"font-size:11pt\"><span style=\"line-height:normal\"><span style=\"font-family:Calibri,sans-serif\"><a href=\"https:\/\/www.nonwovens-industry.com\/breaking-news\/kimberly-clark-to-buy-kenvue\/?utm_campaign=NON%20eNewsletter&amp;utm_medium=email&amp;_hsenc=p2ANqtz-_TtgHkMA7Bpv78US9-j8obiSzluot71DROnIKgeOOwntiFphlIv4qWVN9aLFSmtk_Q8ucltACMW-PhrDPBkOu1j_kh8w&amp;_hsmi=388743626&amp;utm_content=388743626&amp;utm_source=hs_email\" style=\"color:blue; text-decoration:underline\"><span style=\"font-size:14.0pt\">Kimberly-Clark to Buy Kenvue<\/span><\/a><\/span><\/span><\/span><\/p>\r\n\r\n<p style=\"text-align:justify\"><span style=\"font-size:11pt\"><span style=\"line-height:normal\"><span style=\"font-family:Calibri,sans-serif\"><a href=\"https:\/\/public-api.wordpress.com\/bar\/?stat=groovemails-events&amp;bin=wpcom_email_click&amp;redirect_to=https%3A%2F%2Fblogdoplastico.wordpress.com%2F2025%2F11%2F06%2Fthink-plastic-brazil-amplia-conexoes-comerciais-na-colombia-com-participacao-na-andina-pack-2025%2F&amp;sr=0&amp;signature=8f86ec0ede5deb3e4b2cae3f38a7eb98&amp;blog_id=9438832&amp;user=135099004&amp;_e=eyJlcnJvciI6bnVsbCwiYmxvZ19pZCI6OTQzODgzMiwiYmxvZ19sYW5nIjoicHQtQlIiLCJzaXRlX2lkX2xhYmVsIjoid3Bjb20iLCJoYXNfZmVhdHVyZWRfaW1hZ2UiOiIwIiwic3Vic2NyaWJlcl9pZCI6IjQ0NzAwMjQ1IiwiX3VpIjoxMzUwOTkwMDQsImxvY2FsZSI6InB0LWJyIiwiY3VycmVuY3kiOiJCUkwiLCJjb3VudHJ5X2NvZGVfc2lnbnVwIjoiQlIiLCJzaWdudXBfZmxvd19uYW1lIjoiZGVsdGEtc2l0ZSIsImVtYWlsX2RvbWFpbiI6ImFiaW50Lm9yZy5iciIsInBvc3RfaWQiOjE5NDUwLCJ1c2VyX2VtYWlsIjoiYWJpbnRAYWJpbnQub3JnLmJyIiwiZGF0ZV9zZW50IjoiMjAyNS0xMS0wNiIsImVtYWlsX25hbWUiOiJuZXctcG9zdCIsInRlbXBsYXRlIjoibmV3LXBvc3QiLCJlbWFpbF9pZCI6IjhmMGEwMjMxMDRkZDcwZDhlODhlMDRkMjM2YjU2NzgxIiwibGlua19kZXNjIjoicG9zdC11cmwiLCJhbmNob3JfdGV4dCI6IlRoaW5rIFBsYXN0aWMgQnJhemlsIGFtcGxpYSBjb25leFx1MDBmNWVzIGNvbWVyY2lhaXMgbmEgQ29sXHUwMGY0bWJpYSBjb20gcGFydGljaXBhXHUwMGU3XHUwMGUzbyBuYSBBbmRpbmEgUGFja1x1MDBhMDIwMjUiLCJfZHIiOm51bGwsIl9kbCI6Ilwvd3AtYWRtaW5cL3Bvc3QucGhwIiwiX3V0Ijoid3Bjb206dXNlcl9pZCIsIl91bCI6ImFiaW50dHQiLCJfZW4iOiJ3cGNvbV9lbWFpbF9jbGljayIsIl90cyI6MTc2MjQ3MTA1NDA5NSwiYnJvd3Nlcl90eXBlIjoicGhwLWFnZW50IiwiX2F1YSI6IndwY29tLXRyYWNrcy1jbGllbnQtdjAuMyIsImJsb2dfdHoiOiItMyIsInVzZXJfbGFuZyI6InB0LWJyIn0&amp;_z=z\" style=\"color:blue; text-decoration:underline\"><span style=\"font-size:14.0pt\">Think Plastic Brazil amplia conex&otilde;es comerciais na Col&ocirc;mbia com participa&ccedil;&atilde;o na Andina Pack&nbsp;2025<\/span><\/a><\/span><\/span><\/span><\/p>\r\n\r\n<p style=\"text-align:justify\"><span style=\"font-size:11pt\"><span style=\"line-height:normal\"><span style=\"font-family:Calibri,sans-serif\"><a href=\"https:\/\/public-api.wordpress.com\/bar\/?stat=groovemails-events&amp;bin=wpcom_email_click&amp;redirect_to=https%3A%2F%2Fblogdoplastico.wordpress.com%2F2025%2F11%2F06%2Finstituto-brasileiro-do-pvc-elege-nova-diretoria%2F&amp;sr=0&amp;signature=a48cf0ae1e6be0b3b70f16f1945839a8&amp;blog_id=9438832&amp;user=135099004&amp;_e=eyJlcnJvciI6bnVsbCwiYmxvZ19pZCI6OTQzODgzMiwiYmxvZ19sYW5nIjoicHQtQlIiLCJzaXRlX2lkX2xhYmVsIjoid3Bjb20iLCJoYXNfZmVhdHVyZWRfaW1hZ2UiOiIwIiwic3Vic2NyaWJlcl9pZCI6IjQ0NzAwMjQ1IiwiX3VpIjoxMzUwOTkwMDQsImxvY2FsZSI6InB0LWJyIiwiY3VycmVuY3kiOiJCUkwiLCJjb3VudHJ5X2NvZGVfc2lnbnVwIjoiQlIiLCJzaWdudXBfZmxvd19uYW1lIjoiZGVsdGEtc2l0ZSIsImVtYWlsX2RvbWFpbiI6ImFiaW50Lm9yZy5iciIsInBvc3RfaWQiOjE5NDQ0LCJ1c2VyX2VtYWlsIjoiYWJpbnRAYWJpbnQub3JnLmJyIiwiZGF0ZV9zZW50IjoiMjAyNS0xMS0wNiIsImVtYWlsX25hbWUiOiJuZXctcG9zdCIsInRlbXBsYXRlIjoibmV3LXBvc3QiLCJlbWFpbF9pZCI6Ijc1MDExZmU1MjQ3NTQ2OWVmMzgzMGVkYmJmNmM1YjJjIiwibGlua19kZXNjIjoicG9zdC11cmwiLCJhbmNob3JfdGV4dCI6Ikluc3RpdHV0byBCcmFzaWxlaXJvIGRvIFBWQyBlbGVnZSBub3ZhXHUwMGEwZGlyZXRvcmlhIiwiX2RyIjpudWxsLCJfZGwiOiJcL3dwLWFkbWluXC9wb3N0LnBocCIsIl91dCI6IndwY29tOnVzZXJfaWQiLCJfdWwiOiJhYmludHR0IiwiX2VuIjoid3Bjb21fZW1haWxfY2xpY2siLCJfdHMiOjE3NjI0Njg5MzY1NDUsImJyb3dzZXJfdHlwZSI6InBocC1hZ2VudCIsIl9hdWEiOiJ3cGNvbS10cmFja3MtY2xpZW50LXYwLjMiLCJibG9nX3R6IjoiLTMiLCJ1c2VyX2xhbmciOiJwdC1iciJ9&amp;_z=z\" style=\"color:blue; text-decoration:underline\"><span style=\"font-size:14.0pt\">Instituto Brasileiro do PVC elege nova&nbsp;diretoria<\/span><\/a><\/span><\/span><\/span><\/p>\r\n\r\n<p style=\"text-align:justify\"><span style=\"font-size:28pt\"><span style=\"font-family:Cambria,serif\"><span style=\"letter-spacing:-0.5pt\"><b><span style=\"font-size:18.0pt\"><span style=\"font-family:&quot;Calibri&quot;,sans-serif\"><span style=\"font-variant:small-caps\">Ind&uacute;stria<\/span><\/span><\/span><\/b><\/span><\/span><\/span><\/p>\r\n\r\n<p style=\"text-align:justify\"><span style=\"font-size:11pt\"><span style=\"line-height:normal\"><span style=\"font-family:Calibri,sans-serif\"><a href=\"https:\/\/noticias.portaldaindustria.com.br\/noticias\/politica-industrial\/investimentos-do-fundo-clima-aumento-de-recursos-do-pp-confira-as-novidades-do-radar-da-industria\/\" style=\"color:blue; text-decoration:underline\"><span style=\"font-size:14.0pt\">Investimentos do Fundo Clima, aumento de recursos do P+P. Confira as novidades do Radar da Ind&uacute;stria<\/span><\/a><\/span><\/span><\/span><\/p>\r\n\r\n<p style=\"text-align:justify\"><span style=\"font-size:11pt\"><span style=\"line-height:normal\"><span style=\"font-family:Calibri,sans-serif\"><a href=\"https:\/\/noticias.portaldaindustria.com.br\/noticias\/economia\/faturamento-da-industria-cai-13-em-setembro-aponta-cni\/\" style=\"color:blue; text-decoration:underline\"><span style=\"font-size:14.0pt\">Faturamento da ind&uacute;stria cai 1,3% em setembro, aponta CNI<\/span><\/a><\/span><\/span><\/span><\/p>\r\n\r\n<p style=\"text-align:justify\"><span style=\"font-size:11pt\"><span style=\"line-height:normal\"><span style=\"font-family:Calibri,sans-serif\"><a href=\"https:\/\/textile-network.com\/en\/Business\/6-key-shifts-reshaping-supply-chain-management\" style=\"color:blue; text-decoration:underline\"><span lang=\"EN-US\" style=\"font-size:14.0pt\">6 key shifts reshaping supply chain management<\/span><\/a><\/span><\/span><\/span><\/p>\r\n\r\n<p style=\"text-align:justify\"><span style=\"font-size:11pt\"><span style=\"line-height:normal\"><span style=\"font-family:Calibri,sans-serif\"><a href=\"https:\/\/www.trendsce.com.br\/2025\/11\/05\/brasil-produz-cerca-de-940-milhoes-de-pares-de-calcados-neste-ano\/\" style=\"color:blue; text-decoration:underline\"><span style=\"font-size:14.0pt\">Brasil produz cerca de 940 milh&otilde;es de pares de cal&ccedil;ados neste ano&nbsp;<\/span><\/a><\/span><\/span><\/span><\/p>\r\n\r\n<p style=\"text-align:justify\"><span style=\"font-size:11pt\"><span style=\"line-height:normal\"><span style=\"font-family:Calibri,sans-serif\"><a href=\"https:\/\/timesbrasil.com.br\/brasil\/abiquim-celebra-30-anos-do-enaiq-com-reposicionamento-institucional\/\" style=\"color:blue; text-decoration:underline\"><span style=\"font-size:14.0pt\">Abiquim celebra 30 anos do Enaiq com agenda de reposicionamento institucional<\/span><\/a><\/span><\/span><\/span><\/p>\r\n\r\n<p style=\"text-align:justify\"><span style=\"font-size:28pt\"><span style=\"font-family:Cambria,serif\"><span style=\"letter-spacing:-0.5pt\"><b><span style=\"font-size:18.0pt\"><span style=\"font-family:&quot;Calibri&quot;,sans-serif\"><span style=\"font-variant:small-caps\">Sustentabilidade<\/span><\/span><\/span><\/b><\/span><\/span><\/span><\/p>\r\n\r\n<p style=\"text-align:justify\"><span style=\"font-size:11pt\"><span style=\"line-height:normal\"><span style=\"font-family:Calibri,sans-serif\"><a href=\"https:\/\/revistamt.com.br\/Noticias\/Exibir\/descarbonizacao-do-setor-minero-metalurgico-pode-ser-acelerada-pela-lei-de-creditos-de-carbono?utm_source=akna&amp;utm_medium=email&amp;utm_campaign=Revista-M-T-Informativo-752-04-11-2025\" style=\"color:blue; text-decoration:underline\"><span style=\"font-size:14.0pt\">Descarboniza&ccedil;&atilde;o do setor m&iacute;nero-metal&uacute;rgico pode ser acelerada pela lei de cr&eacute;ditos de carbono<\/span><\/a><\/span><\/span><\/span><\/p>\r\n\r\n<p style=\"text-align:justify\"><span style=\"font-size:11pt\"><span style=\"line-height:normal\"><span style=\"font-family:Calibri,sans-serif\"><a href=\"https:\/\/apexbrasil.com.br\/content\/apexbrasil\/br\/pt\/conteudo\/noticias\/investimentos-internacionais-em-mineracao-focada-na-industria-de.html#msdynmkt_trackingcontext=008fffa9-3fe7-47ae-bfca-a740f7270000\" style=\"color:blue; text-decoration:underline\"><span style=\"font-size:14.0pt\">Investimentos internacionais em minera&ccedil;&atilde;o focada na ind&uacute;stria de descarboniza&ccedil;&atilde;o s&atilde;o tema de agenda em Salvador<\/span><\/a><\/span><\/span><\/span><\/p>\r\n\r\n<p style=\"text-align:justify\"><span style=\"font-size:11pt\"><span style=\"line-height:normal\"><span style=\"font-family:Calibri,sans-serif\"><a href=\"https:\/\/www.gov.br\/mdic\/pt-br\/assuntos\/noticias\/2025\/novembro\/mdic-desenvolve-painel-de-indicadores-para-avaliar-economia-circular-no-brasil\" style=\"color:blue; text-decoration:underline\"><span style=\"font-size:14.0pt\">MDIC desenvolve painel de indicadores para avaliar Economia Circular no Brasil<\/span><\/a><\/span><\/span><\/span><\/p>\r\n\r\n<p style=\"text-align:justify\"><span style=\"font-size:11pt\"><span style=\"line-height:normal\"><span style=\"font-family:Calibri,sans-serif\"><a href=\"https:\/\/sindusconsp.com.br\/cop-30-brasil-lidera-a-construcao-sustentavel-com-dez-anos-de-antecedencia\/\" style=\"color:blue; text-decoration:underline\"><span style=\"font-size:14.0pt\">COP 30: Brasil lidera a constru&ccedil;&atilde;o sustent&aacute;vel com dez anos de anteced&ecirc;ncia<\/span><\/a><\/span><\/span><\/span><\/p>\r\n\r\n<p style=\"text-align:justify\"><span style=\"font-size:11pt\"><span style=\"line-height:normal\"><span style=\"font-family:Calibri,sans-serif\"><a href=\"https:\/\/abiquim.org.br\/comunicacao\/noticia\/12024\" style=\"color:blue; text-decoration:underline\"><span style=\"font-size:14.0pt\">Abiquim apresenta estudo in&eacute;dito sobre neutralidade clim&aacute;tica da ind&uacute;stria qu&iacute;mica<\/span><\/a><\/span><\/span><\/span><\/p>\r\n\r\n<p style=\"text-align:justify\"><span style=\"font-size:28pt\"><span style=\"font-family:Cambria,serif\"><span style=\"letter-spacing:-0.5pt\"><b><span style=\"font-size:18.0pt\"><span style=\"font-family:&quot;Calibri&quot;,sans-serif\"><span style=\"font-variant:small-caps\">Inova&ccedil;&atilde;o<\/span><\/span><\/span><\/b><\/span><\/span><\/span><\/p>\r\n\r\n<p style=\"text-align:justify\"><span style=\"font-size:11pt\"><span style=\"line-height:normal\"><span style=\"font-family:Calibri,sans-serif\"><a href=\"https:\/\/www.inovacaotecnologica.com.br\/noticias\/noticia.php?artigo=aquecimento-resfriamento-sem-energia&amp;id=010115251110&amp;ebol=sim\" style=\"color:blue; text-decoration:underline\"><span style=\"font-size:14.0pt\">Um &uacute;nico material aquece e resfria o ambiente sem gastar energia<\/span><\/a><\/span><\/span><\/span><\/p>\r\n\r\n<p style=\"text-align:justify\"><span style=\"font-size:11pt\"><span style=\"line-height:normal\"><span style=\"font-family:Calibri,sans-serif\"><a href=\"https:\/\/www.inovacaotecnologica.com.br\/noticias\/noticia.php?artigo=tecido-ajusta-propriedades-aerodinamicas&amp;id=010160251111&amp;ebol=sim#google_vignette\" style=\"color:blue; text-decoration:underline\"><span style=\"font-size:14.0pt\">Tecido ajusta suas propriedades aerodin&acirc;micas sob demanda<\/span><\/a><\/span><\/span><\/span><\/p>\r\n\r\n<p style=\"text-align:justify\"><span style=\"font-size:11pt\"><span style=\"line-height:normal\"><span style=\"font-family:Calibri,sans-serif\"><a href=\"https:\/\/clickpetroleoegas.com.br\/uma-engenheira-africana-recicla-toneladas-de-plastico-e-cria-tijolos-5-vezes-mais-fortes-que-o-concreto-vml97\/\" style=\"color:blue; text-decoration:underline\"><span style=\"font-size:14.0pt\">Engenheira africana recicla toneladas de pl&aacute;stico e cria tijolos 5 vezes mais fortes que o concreto, levando solu&ccedil;&atilde;o e esperan&ccedil;a a bairros vulner&aacute;veis<\/span><\/a><\/span><\/span><\/span><\/p>\r\n\r\n<p style=\"text-align:justify\"><span style=\"font-size:11pt\"><span style=\"line-height:normal\"><span style=\"font-family:Calibri,sans-serif\"><a href=\"https:\/\/agenciabrasil.ebc.com.br\/saude\/noticia\/2025-11\/rio-sedia-maior-evento-de-inovacao-na-area-da-saude-na-america-latina\" style=\"color:blue; text-decoration:underline\"><span style=\"font-size:14.0pt\">Rio sedia maior evento de inova&ccedil;&atilde;o na &aacute;rea da sa&uacute;de na Am&eacute;rica Latina<\/span><\/a><\/span><\/span><\/span><\/p>\r\n\r\n<p style=\"text-align:justify\"><span style=\"font-size:11pt\"><span style=\"line-height:normal\"><span style=\"font-family:Calibri,sans-serif\"><a href=\"http:\/\/www.finep.gov.br\/noticias\/todas-noticias\/7058-finep-anuncia-aporte-de-r-1-bi-em-credito-descentralizado-para-empresas-de-todo-o-pais\" style=\"color:blue; text-decoration:underline\"><span style=\"font-size:14.0pt\">Finep anuncia aporte de R$1 bi em cr&eacute;dito descentralizado para empresas de todo o pa&iacute;s<\/span><\/a><\/span><\/span><\/span><\/p>\r\n\r\n<p style=\"text-align:justify\"><span style=\"font-size:28pt\"><span style=\"font-family:Cambria,serif\"><span style=\"letter-spacing:-0.5pt\"><b><span style=\"font-size:18.0pt\"><span style=\"font-family:&quot;Calibri&quot;,sans-serif\"><span style=\"font-variant:small-caps\">Com&eacute;rcio Exterior<\/span><\/span><\/span><\/b><\/span><\/span><\/span><\/p>\r\n\r\n<p style=\"text-align:justify\"><span style=\"font-size:11pt\"><span style=\"line-height:normal\"><span style=\"font-family:Calibri,sans-serif\"><a href=\"https:\/\/noticias.portaldaindustria.com.br\/noticias\/internacional\/presidente-da-cni-entrega-a-alckmin-propostas-para-subsidiar-negociacao-com-estados-unidos\/\" style=\"color:blue; text-decoration:underline\"><span style=\"font-size:14.0pt\">Presidente da CNI entrega a Alckmin propostas para subsidiar negocia&ccedil;&atilde;o com Estados Unidos<\/span><\/a><\/span><\/span><\/span><\/p>\r\n\r\n<p style=\"text-align:justify\"><span style=\"font-size:11pt\"><span style=\"line-height:normal\"><span style=\"font-family:Calibri,sans-serif\"><a href=\"https:\/\/www.cartacapital.com.br\/economia\/macron-se-diz-bastante-positivo-sobre-possibilidade-de-aceitar-acordo-mercosul-ue\/\" style=\"color:blue; text-decoration:underline\"><span style=\"font-size:14.0pt\">Macron se diz &lsquo;bastante positivo&rsquo; sobre possibilidade de aceitar acordo Mercosul-UE<\/span><\/a><\/span><\/span><\/span><\/p>\r\n\r\n<p style=\"text-align:justify\"><span style=\"font-size:11pt\"><span style=\"line-height:normal\"><span style=\"font-family:Calibri,sans-serif\"><a href=\"https:\/\/anba.com.br\/mercosul-e-emirados-tem-nova-rodada-de-negociacao\/\" style=\"color:blue; text-decoration:underline\"><span style=\"font-size:14.0pt\">Mercosul e Emirados t&ecirc;m nova rodada de negocia&ccedil;&atilde;o<\/span><\/a><\/span><\/span><\/span><\/p>\r\n\r\n<p style=\"text-align:justify\"><span style=\"font-size:28pt\"><span style=\"font-family:Cambria,serif\"><span style=\"letter-spacing:-0.5pt\"><b><span style=\"font-size:18.0pt\"><span style=\"font-family:&quot;Calibri&quot;,sans-serif\"><span style=\"font-variant:small-caps\">Economia<\/span><\/span><\/span><\/b><\/span><\/span><\/span><\/p>\r\n\r\n<p style=\"text-align:justify\"><span style=\"font-size:11pt\"><span style=\"line-height:normal\"><span style=\"font-family:Calibri,sans-serif\"><a href=\"https:\/\/www.bcb.gov.br\/content\/focus\/focus\/R20251107.pdf\" style=\"color:blue; text-decoration:underline\"><span style=\"font-size:14.0pt\">Focus - Relat&oacute;rio de Mercado<\/span><\/a><\/span><\/span><\/span><\/p>\r\n\r\n<p style=\"text-align:justify\"><span style=\"font-size:11pt\"><span style=\"line-height:normal\"><span style=\"font-family:Calibri,sans-serif\"><a href=\"https:\/\/blogdoibre.fgv.br\/posts\/saldo-de-empregos-formais-recua-156-em-set2025-afetando-mais-mulheres-e-trabalhadores\" style=\"color:blue; text-decoration:underline\"><span style=\"font-size:14.0pt\">Saldo de empregos formais recua 15,6% em set\/2025, afetando mais mulheres e trabalhadores qualificados<\/span><\/a><\/span><\/span><\/span><\/p>\r\n\r\n<p style=\"text-align:justify\"><span style=\"font-size:11pt\"><span style=\"line-height:normal\"><span style=\"font-family:Calibri,sans-serif\"><a href=\"https:\/\/blogdoibre.fgv.br\/posts\/baixa-taxa-de-poupanca-domestica-nao-explica-juro-real-atipicamente-elevado-no-brasil\" style=\"color:blue; text-decoration:underline\"><span style=\"font-size:14.0pt\">Baixa taxa de poupan&ccedil;a dom&eacute;stica n&atilde;o explica juro real atipicamente elevado no Brasil<\/span><\/a><\/span><\/span><\/span><\/p>\r\n\r\n<p style=\"text-align:justify\">&nbsp;<\/p>\r\n\r\n<p style=\"text-align:justify\"><img src=\"https:\/\/www.abint.org.br\/assets\/img\/editor\/redes-sociais-abint-ctg-cth_20251014202218Zyze8pqEet.jpg\" \/><\/p>\r\n","6":"<p style=\"text-align:justify\"><span style=\"font-size:11pt\"><span style=\"line-height:normal\"><span style=\"font-family:Calibri,sans-serif\"><span style=\"font-size:14.0pt\">Esta &eacute; uma compila&ccedil;&atilde;o das not&iacute;cias mais relevantes para o setor, incluindo informa&ccedil;&otilde;es sobre acordos internacionais, economia brasileira, sustentabilidade e mat&eacute;rias-primas, al&eacute;m de novidades do setor de N&atilde;otecidos e Tecidos T&eacute;cnicos.<\/span><\/span><\/span><\/span><\/p>\r\n\r\n<p style=\"text-align:justify\"><span style=\"font-size:11pt\"><span style=\"line-height:normal\"><span style=\"font-family:Calibri,sans-serif\"><b><span style=\"font-size:18.0pt\"><span style=\"font-variant:small-caps\">A&ccedil;&atilde;o realizada<\/span><\/span><\/b><\/span><\/span><\/span><\/p>\r\n\r\n<p style=\"text-align:justify\"><img src=\"https:\/\/www.abint.org.br\/assets\/img\/editor\/nova-logo-premio-tcc-ic-pequena_20251111175008T2GfsZLhu2.png\" \/><\/p>\r\n\r\n<p style=\"text-align:justify\"><img src=\"https:\/\/www.abint.org.br\/assets\/img\/editor\/20251106-165702_202511111747399hRrikXLMU.jpg\" style=\"width: 700px; height: 525px;\" \/><\/p>\r\n\r\n<p style=\"text-align:justify\"><span style=\"font-size:11pt\"><span style=\"line-height:normal\"><span style=\"font-family:Calibri,sans-serif\"><span style=\"font-size:14.0pt\">No dia 06\/11\/2025, o <b>CTG ABINT<\/b>, representado por sua Coordenadora, <b>Eng.&ordf; Samira Paranhos<\/b>, realizou a cerim&ocirc;nia de premia&ccedil;&atilde;o do Pr&ecirc;mio TCC IC Tecnologia em Geossint&eacute;ticos &quot;Prof. Bueno&quot; 2024\/2025.<\/span><\/span><\/span><\/span><\/p>\r\n\r\n<p style=\"text-align:justify\"><span style=\"font-size:11pt\"><span style=\"line-height:normal\"><span style=\"font-family:Calibri,sans-serif\"><span style=\"font-size:14.0pt\">Na Categoria <b>INICIA&Ccedil;&Atilde;O CIENT&Iacute;FICA<\/b> os premiados foram<\/span><\/span><\/span><\/span><\/p>\r\n\r\n<p style=\"text-align:justify\"><span style=\"font-size:11pt\"><span style=\"line-height:normal\"><span style=\"font-family:Calibri,sans-serif\"><b><span style=\"font-size:14.0pt\">1&ordm; LUGAR<\/span><\/b><span style=\"font-size:14.0pt\">: <b>Amanda Scartezini da Silva<\/b>, com o trabalho &quot;AVALIA&Ccedil;&Atilde;O DE DIFERENTES T&Eacute;CNICAS PARA CONTEN&Ccedil;&Atilde;O DE PROCESSO EROSIVO EM UM SOLO DA BACIA DO RIBEIR&Atilde;O GUARATINGUET&Aacute;&quot;, orientada pela Prof.&ordf; Mariana Ferreira Benessiuti Motta, da UNESP\/FEG<\/span><\/span><\/span><\/span><\/p>\r\n\r\n<p style=\"text-align:justify\"><span style=\"font-size:11pt\"><span style=\"line-height:normal\"><span style=\"font-family:Calibri,sans-serif\"><b><span style=\"font-size:14.0pt\">2&ordm; LUGAR<\/span><\/b><span style=\"font-size:14.0pt\">: <b>Samuel Mariano de Santana<\/b>, com o trabalho &quot;ESTUDO DA DEGRADA&Ccedil;&Atilde;O AMBIENTAL DE GEOMEMBRANAS SOB TENS&Atilde;O&quot;, orientada pelo Prof. Fernando Henrique Martins Portelinha, da UFSCar <\/span><\/span><\/span><\/span><\/p>\r\n\r\n<p style=\"text-align:justify\"><span style=\"font-size:11pt\"><span style=\"line-height:normal\"><span style=\"font-family:Calibri,sans-serif\"><b><span style=\"font-size:14.0pt\">3&ordm; LUGAR<\/span><\/b><span style=\"font-size:14.0pt\">: <b>Eduarda Corr&ecirc;a Alves<\/b>, com o trabalho &quot;EFEITO DA TEMPERATURA EM BENTON&Iacute;TAS MODIFICADAS COM POL&Iacute;MEROS PARA USO GEOCOMPOSTOS BENTON&Iacute;TICOS&quot;, orientada pelo Prof. Fernando Henrique Martins Portelinha, da UFSCar<\/span><\/span><\/span><\/span><\/p>\r\n\r\n<p style=\"text-align:justify\"><span style=\"font-size:11pt\"><span style=\"line-height:normal\"><span style=\"font-family:Calibri,sans-serif\"><span style=\"font-size:14.0pt\">E na Categoria <b>TRABALHO DE COCNCLUS&Atilde;O DE CURSO<\/b> receberam os pr&ecirc;mios<\/span><\/span><\/span><\/span><\/p>\r\n\r\n<p style=\"text-align:justify\"><span style=\"font-size:11pt\"><span style=\"line-height:normal\"><span style=\"font-family:Calibri,sans-serif\"><b><span style=\"font-size:14.0pt\">1&ordm; LUGAR<\/span><\/b><span style=\"font-size:14.0pt\">: <b>Augusto Henrique Diniz do Carmo<\/b>, com o trabalho &quot;MUROS EM SOLOS REFOR&Ccedil;ADOS COM GEOGRELHA E PARAMENTO EM BLOCOS SEGMENTAIS: INFLU&Ecirc;NCIA DO MATERIAL GRANULAR NA RESIST&Ecirc;NCIA DE CONEX&Atilde;O&quot;, orientado pela Prof.&ordf; Denise de Carvalho Urashima, da CEFET\/MG - VARGINHA <\/span><\/span><\/span><\/span><\/p>\r\n\r\n<p style=\"text-align:justify\"><span style=\"font-size:11pt\"><span style=\"line-height:normal\"><span style=\"font-family:Calibri,sans-serif\"><b><span style=\"font-size:14.0pt\">2&ordm; LUGAR<\/span><\/b><span style=\"font-size:14.0pt\">: <b>Caio Cardoso Carneiro<\/b>, com o trabalho &quot;APLICA&Ccedil;&Atilde;O DE GEOSSINT&Eacute;TICOS NO CONTROLE DE PROCESSOS EROSIVOS&quot;, orientado pelo Prof. Dr. Marcus Vin&iacute;cius Ribeiro e Souza, UFT Palmas <\/span><\/span><\/span><\/span><\/p>\r\n\r\n<p style=\"text-align:justify\"><span style=\"font-size:11pt\"><span style=\"line-height:normal\"><span style=\"font-family:Calibri,sans-serif\"><b><span style=\"font-size:14.0pt\">3&ordm; LUGAR<\/span><\/b><span style=\"font-size:14.0pt\">: <b>Luiz Felipe Pereira de Brito<\/b>, com o trabalho &quot;AVALIA&Ccedil;&Atilde;O DO IMPACTO DO ENVELHECIMENTO ACELERADO NA RESIST&Ecirc;NCIA &Agrave; TRA&Ccedil;&Atilde;O DE GEOT&Ecirc;XTEIS PARA TUBOS GEOT&Ecirc;XTEIS&quot;, orientado pelo Prof. Greg&oacute;rio Lu&iacute;s Silva Ara&uacute;jo, da UnB.<\/span><\/span><\/span><\/span><\/p>\r\n\r\n<p style=\"text-align:justify\"><span style=\"font-size:28pt\"><span style=\"font-family:Cambria,serif\"><span style=\"letter-spacing:-0.5pt\"><b><span style=\"font-size:18.0pt\"><span style=\"font-family:&quot;Calibri&quot;,sans-serif\"><span style=\"font-variant:small-caps\">O que vem por a&iacute;<\/span><\/span><\/span><\/b><\/span><\/span><\/span><\/p>\r\n\r\n<p style=\"text-align:justify\"><b><img src=\"https:\/\/www.abint.org.br\/assets\/img\/editor\/20251117-workshop-iso-astm-abnt_20251015193426QqcNHCi4bT.jpg\" style=\"width: 500px; height: 500px;\" \/><\/b><\/p>\r\n\r\n<p style=\"text-align:justify\">&nbsp;<\/p>\r\n\r\n<p style=\"text-align:justify\">&nbsp;<\/p>\r\n\r\n<p style=\"text-align:justify\"><span style=\"font-size:11pt\"><span style=\"line-height:normal\"><span style=\"font-family:Calibri,sans-serif\"><b><span style=\"font-size:14.0pt\">Patrocinador Especial do <\/span><\/b><a href=\"https:\/\/www.even3.com.br\/international-geosynthetics-workshop-standards-and-updates-in-infrastructure-and-sustainability-616680\/\" style=\"color:blue; text-decoration:underline\"><b><i><span style=\"font-size:14.0pt\">International Geosynthetics Workshop: Standards and updates in Infrastructure and Sustainability<\/span><\/i><\/b><\/a><b><i><span style=\"font-size:14.0pt\">, <\/span><\/i><\/b><b><span style=\"font-size:14.0pt\">17 de novembro de 2025, 08h &agrave;s 18h, presencial, Pontif&iacute;cia Universidade Cat&oacute;lica do Rio de Janeiro (PUC-Rio), Rio de Janeiro, RJ, Brasil<\/span><\/b><\/span><\/span><\/span><\/p>\r\n\r\n<p style=\"text-align:justify\"><span style=\"font-size:11pt\"><span style=\"line-height:normal\"><span style=\"font-family:Calibri,sans-serif\"><u>&nbsp;&nbsp;&nbsp;&nbsp;&nbsp;&nbsp;&nbsp;&nbsp;&nbsp;&nbsp;&nbsp;&nbsp;&nbsp;&nbsp;&nbsp;&nbsp;&nbsp;&nbsp;&nbsp;&nbsp;&nbsp;&nbsp;&nbsp;&nbsp;&nbsp;&nbsp;&nbsp;&nbsp;&nbsp;&nbsp;&nbsp;&nbsp;&nbsp;&nbsp;&nbsp;&nbsp;&nbsp;&nbsp;&nbsp;&nbsp;&nbsp;&nbsp;&nbsp;&nbsp;&nbsp;&nbsp;&nbsp;&nbsp;&nbsp;&nbsp;&nbsp;&nbsp;&nbsp;&nbsp;&nbsp;&nbsp;&nbsp;&nbsp;&nbsp;&nbsp;&nbsp;&nbsp;&nbsp;&nbsp;&nbsp;&nbsp;&nbsp;&nbsp;&nbsp;&nbsp;&nbsp;&nbsp;&nbsp;&nbsp;&nbsp;&nbsp;&nbsp;&nbsp;&nbsp;&nbsp;&nbsp;&nbsp;&nbsp;&nbsp;&nbsp;&nbsp;&nbsp;&nbsp;&nbsp;&nbsp;&nbsp;&nbsp;&nbsp;&nbsp;&nbsp;&nbsp;&nbsp;&nbsp;&nbsp;&nbsp;&nbsp;&nbsp;&nbsp;&nbsp;&nbsp;&nbsp;&nbsp;&nbsp;&nbsp;&nbsp;&nbsp;&nbsp;&nbsp;&nbsp;&nbsp;&nbsp;&nbsp;&nbsp;&nbsp;&nbsp;&nbsp;&nbsp;&nbsp;&nbsp;&nbsp;&nbsp;&nbsp;&nbsp;&nbsp;&nbsp;&nbsp;&nbsp;&nbsp;&nbsp;&nbsp;&nbsp;&nbsp;&nbsp;&nbsp;&nbsp;&nbsp;&nbsp;&nbsp;&nbsp;&nbsp;&nbsp;&nbsp;&nbsp;&nbsp;&nbsp;&nbsp;&nbsp;&nbsp;&nbsp;&nbsp;&nbsp;&nbsp;&nbsp;&nbsp;&nbsp;&nbsp;&nbsp;&nbsp;&nbsp; <\/u><\/span><\/span><\/span><\/p>\r\n\r\n<p style=\"text-align:justify\"><span style=\"font-size:28pt\"><span style=\"font-family:Cambria,serif\"><span style=\"letter-spacing:-0.5pt\"><b><span style=\"font-size:18.0pt\"><span style=\"font-family:&quot;Calibri&quot;,sans-serif\"><span style=\"font-variant:small-caps\">Not&iacute;cias das Associadas<\/span><\/span><\/span><\/b><\/span><\/span><\/span><\/p>\r\n\r\n<p style=\"text-align:justify\"><span style=\"font-size:11pt\"><span style=\"line-height:normal\"><span style=\"font-family:Calibri,sans-serif\"><a href=\"http:\/\/www.jornow.com.br\/jornow\/noticia.php?idempresa=4412&amp;num_release=311968&amp;ori=V\" style=\"color:blue; text-decoration:underline\"><span style=\"font-size:14.0pt\">ABINT &eacute; signat&aacute;ria da Liga de Descarboniza&ccedil;&atilde;o do setor t&ecirc;xtil<\/span><\/a> <\/span><\/span><\/span><\/p>\r\n\r\n<p style=\"text-align:justify\"><span style=\"font-size:11pt\"><span style=\"line-height:normal\"><span style=\"font-family:Calibri,sans-serif\"><a href=\"https:\/\/www.fibertex.com\/about-us\/news-and-events\/spunlace-expansion?advertiser=101768_NON_eNL_1st-Position-Native-Ad_Title&amp;utm_campaign=NON%20eNewsletter&amp;utm_medium=email&amp;_hsenc=p2ANqtz-925fjldbElA6S4UIu6152DwpyMIkJ5UsqW11p-GaHk-65KgBO_dXJREedH9V_Ivt1kLaNFMZilrpdFarihktuTAlFP6g&amp;_hsmi=388743626&amp;utm_content=388743626&amp;utm_source=hs_email\" style=\"color:blue; text-decoration:underline\"><span lang=\"EN-US\" style=\"font-size:14.0pt\">Fibertex: shaping the future of Spunlace<\/span><\/a><\/span><\/span><\/span><\/p>\r\n\r\n<p style=\"text-align:justify\"><span style=\"font-size:11pt\"><span style=\"line-height:normal\"><span style=\"font-family:Calibri,sans-serif\"><a href=\"https:\/\/www.fibre2fashion.com\/news\/company-news\/technical-textiles\/finland-s-suominen-s-9m-sales-drop-8-to-367-83-mn-amid-weaker-demand-306180-newsdetails.htm\" style=\"color:blue; text-decoration:underline\"><span lang=\"ES-AR\" style=\"font-size:14.0pt\">Finland&#39;s Suominen&#39;s 9M sales drop 8% to $367.83 mn amid weaker demand<\/span><\/a><\/span><\/span><\/span><\/p>\r\n\r\n<p style=\"text-align:justify\">&nbsp;<\/p>\r\n\r\n<p style=\"text-align:justify\"><span style=\"font-size:11pt\"><span style=\"line-height:normal\"><span style=\"font-family:Calibri,sans-serif\"><b><span style=\"font-size:18.0pt\"><span style=\"font-variant:small-caps\">Eventos<\/span><\/span><\/b><\/span><\/span><\/span><\/p>\r\n\r\n<p style=\"text-align:justify\"><span style=\"font-size:11pt\"><span style=\"line-height:normal\"><span style=\"font-family:Calibri,sans-serif\"><a href=\"https:\/\/www.hygienix.org\/index.html\" style=\"color:blue; text-decoration:underline\"><b><span style=\"font-size:14.0pt\">Hygienix&trade;<\/span><\/b><\/a><span style=\"font-size:14.0pt\">, November 17-20, 2025, Omni Orlando ChampionsGate, ChampionsGate, FL, USA<\/span><\/span><\/span><\/span><\/p>\r\n\r\n<p style=\"text-align:justify\"><span style=\"font-size:11pt\"><span style=\"line-height:normal\"><span style=\"font-family:Calibri,sans-serif\"><a href=\"https:\/\/produtos.institutoabit.org.br\/prod\/fb4eae1e-5e68-4927-8880-529370b41ab4?utm_medium=email&amp;utm_campaign=workshop_25112025&amp;utm_source=RD+Station\" style=\"color:blue; text-decoration:underline\"><b><span style=\"font-size:14.0pt\">Workshop Sindit&ecirc;xtil: Lideran&ccedil;a e Reten&ccedil;&atilde;o de Talentos<\/span><\/b><\/a><span style=\"font-size:14.0pt\">, 25 de novembro, 09h30 &agrave;s 12h00, evento onlive<\/span><\/span><\/span><\/span><\/p>\r\n\r\n<p style=\"text-align:justify\"><span style=\"font-size:11pt\"><span style=\"line-height:normal\"><span style=\"font-family:Calibri,sans-serif\"><a href=\"https:\/\/tendencias.sobratema.com\/?utm_source=akna&amp;utm_medium=email&amp;utm_campaign=Sua-marca-em-destaque-no-20-Tendencias-do-Mercado-da-Construcao-patrocine-este-encontro-estrategico\" style=\"color:blue; text-decoration:underline\"><b><span style=\"font-size:14.0pt\">SOBRATEMA | 20&ordf; Tend&ecirc;ncias do Mercado da Constru&ccedil;&atilde;o<\/span><\/b><\/a><span style=\"font-size:14.0pt\">, 26 de novembro de 2025, 18h, APAS, S&atilde;o Paulo, SP<\/span><\/span><\/span><\/span><\/p>\r\n\r\n<p style=\"text-align:justify\"><span style=\"font-size:11pt\"><span style=\"line-height:normal\"><span style=\"font-family:Calibri,sans-serif\"><a href=\"https:\/\/filtech.de\/\" style=\"color:blue; text-decoration:underline\"><b><span style=\"font-size:14.0pt\">Filtech 2026<\/span><\/b><\/a><span style=\"font-size:14.0pt\">, de 30 de junho a 2 de julho, Cologne, Alemanha<\/span><\/span><\/span><\/span><\/p>\r\n\r\n<p style=\"text-align:justify\"><span style=\"font-size:11pt\"><span style=\"line-height:normal\"><span style=\"font-family:Calibri,sans-serif\"><a href=\"https:\/\/ficons.com.br\/\" style=\"color:blue; text-decoration:underline\"><b><span style=\"font-size:14.0pt\">FICONS - Feira Internacional de Materiais, Equipamentos e Servi&ccedil;os da Constru&ccedil;&atilde;o<\/span><\/b><\/a><span style=\"font-size:14.0pt\">, 15 a 18 de setembro de 2026, Centro de Conven&ccedil;&otilde;es de Pernambuco Recife\/ Olinda<\/span><\/span><\/span><\/span><\/p>\r\n\r\n<p style=\"text-align:justify\"><span style=\"font-size:11pt\"><span style=\"line-height:normal\"><span style=\"font-family:Calibri,sans-serif\"><a href=\"https:\/\/www.edana.org\/events\/outlook\/outlook-2025\" style=\"color:blue; text-decoration:underline\"><b><span style=\"font-size:14.0pt\">OUTLOOK&trade; 2026<\/span><\/b><\/a><span style=\"font-size:14.0pt\">, 22&ndash;24 September 2026, Hotel Miragem, Cascais, Portugal<\/span><\/span><\/span><\/span><\/p>\r\n\r\n<p style=\"text-align:justify\"><span style=\"font-size:28pt\"><span style=\"font-family:Cambria,serif\"><span style=\"letter-spacing:-0.5pt\"><b><span style=\"font-size:18.0pt\"><span style=\"font-family:&quot;Calibri&quot;,sans-serif\"><span style=\"font-variant:small-caps\">Setor<\/span><\/span><\/span><\/b><\/span><\/span><\/span><\/p>\r\n\r\n<p style=\"text-align:justify\"><span style=\"font-size:11pt\"><span style=\"line-height:normal\"><span style=\"font-family:Calibri,sans-serif\"><a href=\"https:\/\/plasticosemrevista.com.br\/excedente-global-de-pp-continua-a-aumentar\/\" style=\"color:blue; text-decoration:underline\"><span style=\"font-size:14.0pt\">Excedente global de PP continua a aumentar<\/span><\/a><\/span><\/span><\/span><\/p>\r\n\r\n<p style=\"text-align:justify\"><span style=\"font-size:11pt\"><span style=\"line-height:normal\"><span style=\"font-family:Calibri,sans-serif\"><a href=\"https:\/\/congressoabit.com.br\/noticias\/finep-amplia-credito-para-setor-textil-e-de-confeccao\" style=\"color:blue; text-decoration:underline\"><span style=\"font-size:14.0pt\">Finep amplia cr&eacute;dito para setor t&ecirc;xtil e de confec&ccedil;&atilde;o<\/span><\/a><\/span><\/span><\/span><\/p>\r\n\r\n<p style=\"text-align:justify\"><span style=\"font-size:11pt\"><span style=\"line-height:normal\"><span style=\"font-family:Calibri,sans-serif\"><a href=\"https:\/\/www.meiofiltrante.com.br\/Noticia\/131640\/filtros-sinterizados-a-tecnologia-que-revoluciona-a-filtragem-de-liquidos-e-gases\" style=\"color:blue; text-decoration:underline\"><span style=\"font-size:14.0pt\">Filtros sinterizados: a tecnologia que revoluciona a filtragem de l&iacute;quidos e gases<\/span><\/a><\/span><\/span><\/span><\/p>\r\n\r\n<p style=\"text-align:justify\"><span style=\"font-size:11pt\"><span style=\"line-height:normal\"><span style=\"font-family:Calibri,sans-serif\"><a href=\"https:\/\/www.manaus.am.gov.br\/noticia\/obras\/geomanta-avenida-mario-ypiranga\/\" style=\"color:blue; text-decoration:underline\"><span style=\"font-size:14.0pt\">Prefeitura de Manaus avan&ccedil;a na finaliza&ccedil;&atilde;o da limpeza e inicia implanta&ccedil;&atilde;o da geomanta na avenida M&aacute;rio Ypiranga<\/span><\/a><\/span><\/span><\/span><\/p>\r\n\r\n<p style=\"text-align:justify\"><span style=\"font-size:11pt\"><span style=\"line-height:normal\"><span style=\"font-family:Calibri,sans-serif\"><a href=\"https:\/\/www.nonwovens-industry.com\/breaking-news\/kimberly-clark-to-buy-kenvue\/?utm_campaign=NON%20eNewsletter&amp;utm_medium=email&amp;_hsenc=p2ANqtz-_TtgHkMA7Bpv78US9-j8obiSzluot71DROnIKgeOOwntiFphlIv4qWVN9aLFSmtk_Q8ucltACMW-PhrDPBkOu1j_kh8w&amp;_hsmi=388743626&amp;utm_content=388743626&amp;utm_source=hs_email\" style=\"color:blue; text-decoration:underline\"><span style=\"font-size:14.0pt\">Kimberly-Clark to Buy Kenvue<\/span><\/a><\/span><\/span><\/span><\/p>\r\n\r\n<p style=\"text-align:justify\"><span style=\"font-size:11pt\"><span style=\"line-height:normal\"><span style=\"font-family:Calibri,sans-serif\"><a href=\"https:\/\/public-api.wordpress.com\/bar\/?stat=groovemails-events&amp;bin=wpcom_email_click&amp;redirect_to=https%3A%2F%2Fblogdoplastico.wordpress.com%2F2025%2F11%2F06%2Fthink-plastic-brazil-amplia-conexoes-comerciais-na-colombia-com-participacao-na-andina-pack-2025%2F&amp;sr=0&amp;signature=8f86ec0ede5deb3e4b2cae3f38a7eb98&amp;blog_id=9438832&amp;user=135099004&amp;_e=eyJlcnJvciI6bnVsbCwiYmxvZ19pZCI6OTQzODgzMiwiYmxvZ19sYW5nIjoicHQtQlIiLCJzaXRlX2lkX2xhYmVsIjoid3Bjb20iLCJoYXNfZmVhdHVyZWRfaW1hZ2UiOiIwIiwic3Vic2NyaWJlcl9pZCI6IjQ0NzAwMjQ1IiwiX3VpIjoxMzUwOTkwMDQsImxvY2FsZSI6InB0LWJyIiwiY3VycmVuY3kiOiJCUkwiLCJjb3VudHJ5X2NvZGVfc2lnbnVwIjoiQlIiLCJzaWdudXBfZmxvd19uYW1lIjoiZGVsdGEtc2l0ZSIsImVtYWlsX2RvbWFpbiI6ImFiaW50Lm9yZy5iciIsInBvc3RfaWQiOjE5NDUwLCJ1c2VyX2VtYWlsIjoiYWJpbnRAYWJpbnQub3JnLmJyIiwiZGF0ZV9zZW50IjoiMjAyNS0xMS0wNiIsImVtYWlsX25hbWUiOiJuZXctcG9zdCIsInRlbXBsYXRlIjoibmV3LXBvc3QiLCJlbWFpbF9pZCI6IjhmMGEwMjMxMDRkZDcwZDhlODhlMDRkMjM2YjU2NzgxIiwibGlua19kZXNjIjoicG9zdC11cmwiLCJhbmNob3JfdGV4dCI6IlRoaW5rIFBsYXN0aWMgQnJhemlsIGFtcGxpYSBjb25leFx1MDBmNWVzIGNvbWVyY2lhaXMgbmEgQ29sXHUwMGY0bWJpYSBjb20gcGFydGljaXBhXHUwMGU3XHUwMGUzbyBuYSBBbmRpbmEgUGFja1x1MDBhMDIwMjUiLCJfZHIiOm51bGwsIl9kbCI6Ilwvd3AtYWRtaW5cL3Bvc3QucGhwIiwiX3V0Ijoid3Bjb206dXNlcl9pZCIsIl91bCI6ImFiaW50dHQiLCJfZW4iOiJ3cGNvbV9lbWFpbF9jbGljayIsIl90cyI6MTc2MjQ3MTA1NDA5NSwiYnJvd3Nlcl90eXBlIjoicGhwLWFnZW50IiwiX2F1YSI6IndwY29tLXRyYWNrcy1jbGllbnQtdjAuMyIsImJsb2dfdHoiOiItMyIsInVzZXJfbGFuZyI6InB0LWJyIn0&amp;_z=z\" style=\"color:blue; text-decoration:underline\"><span style=\"font-size:14.0pt\">Think Plastic Brazil amplia conex&otilde;es comerciais na Col&ocirc;mbia com participa&ccedil;&atilde;o na Andina Pack&nbsp;2025<\/span><\/a><\/span><\/span><\/span><\/p>\r\n\r\n<p style=\"text-align:justify\"><span style=\"font-size:11pt\"><span style=\"line-height:normal\"><span style=\"font-family:Calibri,sans-serif\"><a href=\"https:\/\/public-api.wordpress.com\/bar\/?stat=groovemails-events&amp;bin=wpcom_email_click&amp;redirect_to=https%3A%2F%2Fblogdoplastico.wordpress.com%2F2025%2F11%2F06%2Finstituto-brasileiro-do-pvc-elege-nova-diretoria%2F&amp;sr=0&amp;signature=a48cf0ae1e6be0b3b70f16f1945839a8&amp;blog_id=9438832&amp;user=135099004&amp;_e=eyJlcnJvciI6bnVsbCwiYmxvZ19pZCI6OTQzODgzMiwiYmxvZ19sYW5nIjoicHQtQlIiLCJzaXRlX2lkX2xhYmVsIjoid3Bjb20iLCJoYXNfZmVhdHVyZWRfaW1hZ2UiOiIwIiwic3Vic2NyaWJlcl9pZCI6IjQ0NzAwMjQ1IiwiX3VpIjoxMzUwOTkwMDQsImxvY2FsZSI6InB0LWJyIiwiY3VycmVuY3kiOiJCUkwiLCJjb3VudHJ5X2NvZGVfc2lnbnVwIjoiQlIiLCJzaWdudXBfZmxvd19uYW1lIjoiZGVsdGEtc2l0ZSIsImVtYWlsX2RvbWFpbiI6ImFiaW50Lm9yZy5iciIsInBvc3RfaWQiOjE5NDQ0LCJ1c2VyX2VtYWlsIjoiYWJpbnRAYWJpbnQub3JnLmJyIiwiZGF0ZV9zZW50IjoiMjAyNS0xMS0wNiIsImVtYWlsX25hbWUiOiJuZXctcG9zdCIsInRlbXBsYXRlIjoibmV3LXBvc3QiLCJlbWFpbF9pZCI6Ijc1MDExZmU1MjQ3NTQ2OWVmMzgzMGVkYmJmNmM1YjJjIiwibGlua19kZXNjIjoicG9zdC11cmwiLCJhbmNob3JfdGV4dCI6Ikluc3RpdHV0byBCcmFzaWxlaXJvIGRvIFBWQyBlbGVnZSBub3ZhXHUwMGEwZGlyZXRvcmlhIiwiX2RyIjpudWxsLCJfZGwiOiJcL3dwLWFkbWluXC9wb3N0LnBocCIsIl91dCI6IndwY29tOnVzZXJfaWQiLCJfdWwiOiJhYmludHR0IiwiX2VuIjoid3Bjb21fZW1haWxfY2xpY2siLCJfdHMiOjE3NjI0Njg5MzY1NDUsImJyb3dzZXJfdHlwZSI6InBocC1hZ2VudCIsIl9hdWEiOiJ3cGNvbS10cmFja3MtY2xpZW50LXYwLjMiLCJibG9nX3R6IjoiLTMiLCJ1c2VyX2xhbmciOiJwdC1iciJ9&amp;_z=z\" style=\"color:blue; text-decoration:underline\"><span style=\"font-size:14.0pt\">Instituto Brasileiro do PVC elege nova&nbsp;diretoria<\/span><\/a><\/span><\/span><\/span><\/p>\r\n\r\n<p style=\"text-align:justify\"><span style=\"font-size:28pt\"><span style=\"font-family:Cambria,serif\"><span style=\"letter-spacing:-0.5pt\"><b><span style=\"font-size:18.0pt\"><span style=\"font-family:&quot;Calibri&quot;,sans-serif\"><span style=\"font-variant:small-caps\">Ind&uacute;stria<\/span><\/span><\/span><\/b><\/span><\/span><\/span><\/p>\r\n\r\n<p style=\"text-align:justify\"><span style=\"font-size:11pt\"><span style=\"line-height:normal\"><span style=\"font-family:Calibri,sans-serif\"><a href=\"https:\/\/noticias.portaldaindustria.com.br\/noticias\/politica-industrial\/investimentos-do-fundo-clima-aumento-de-recursos-do-pp-confira-as-novidades-do-radar-da-industria\/\" style=\"color:blue; text-decoration:underline\"><span style=\"font-size:14.0pt\">Investimentos do Fundo Clima, aumento de recursos do P+P. Confira as novidades do Radar da Ind&uacute;stria<\/span><\/a><\/span><\/span><\/span><\/p>\r\n\r\n<p style=\"text-align:justify\"><span style=\"font-size:11pt\"><span style=\"line-height:normal\"><span style=\"font-family:Calibri,sans-serif\"><a href=\"https:\/\/noticias.portaldaindustria.com.br\/noticias\/economia\/faturamento-da-industria-cai-13-em-setembro-aponta-cni\/\" style=\"color:blue; text-decoration:underline\"><span style=\"font-size:14.0pt\">Faturamento da ind&uacute;stria cai 1,3% em setembro, aponta CNI<\/span><\/a><\/span><\/span><\/span><\/p>\r\n\r\n<p style=\"text-align:justify\"><span style=\"font-size:11pt\"><span style=\"line-height:normal\"><span style=\"font-family:Calibri,sans-serif\"><a href=\"https:\/\/textile-network.com\/en\/Business\/6-key-shifts-reshaping-supply-chain-management\" style=\"color:blue; text-decoration:underline\"><span lang=\"EN-US\" style=\"font-size:14.0pt\">6 key shifts reshaping supply chain management<\/span><\/a><\/span><\/span><\/span><\/p>\r\n\r\n<p style=\"text-align:justify\"><span style=\"font-size:11pt\"><span style=\"line-height:normal\"><span style=\"font-family:Calibri,sans-serif\"><a href=\"https:\/\/www.trendsce.com.br\/2025\/11\/05\/brasil-produz-cerca-de-940-milhoes-de-pares-de-calcados-neste-ano\/\" style=\"color:blue; text-decoration:underline\"><span style=\"font-size:14.0pt\">Brasil produz cerca de 940 milh&otilde;es de pares de cal&ccedil;ados neste ano&nbsp;<\/span><\/a><\/span><\/span><\/span><\/p>\r\n\r\n<p style=\"text-align:justify\"><span style=\"font-size:11pt\"><span style=\"line-height:normal\"><span style=\"font-family:Calibri,sans-serif\"><a href=\"https:\/\/timesbrasil.com.br\/brasil\/abiquim-celebra-30-anos-do-enaiq-com-reposicionamento-institucional\/\" style=\"color:blue; text-decoration:underline\"><span style=\"font-size:14.0pt\">Abiquim celebra 30 anos do Enaiq com agenda de reposicionamento institucional<\/span><\/a><\/span><\/span><\/span><\/p>\r\n\r\n<p style=\"text-align:justify\"><span style=\"font-size:28pt\"><span style=\"font-family:Cambria,serif\"><span style=\"letter-spacing:-0.5pt\"><b><span style=\"font-size:18.0pt\"><span style=\"font-family:&quot;Calibri&quot;,sans-serif\"><span style=\"font-variant:small-caps\">Sustentabilidade<\/span><\/span><\/span><\/b><\/span><\/span><\/span><\/p>\r\n\r\n<p style=\"text-align:justify\"><span style=\"font-size:11pt\"><span style=\"line-height:normal\"><span style=\"font-family:Calibri,sans-serif\"><a href=\"https:\/\/revistamt.com.br\/Noticias\/Exibir\/descarbonizacao-do-setor-minero-metalurgico-pode-ser-acelerada-pela-lei-de-creditos-de-carbono?utm_source=akna&amp;utm_medium=email&amp;utm_campaign=Revista-M-T-Informativo-752-04-11-2025\" style=\"color:blue; text-decoration:underline\"><span style=\"font-size:14.0pt\">Descarboniza&ccedil;&atilde;o do setor m&iacute;nero-metal&uacute;rgico pode ser acelerada pela lei de cr&eacute;ditos de carbono<\/span><\/a><\/span><\/span><\/span><\/p>\r\n\r\n<p style=\"text-align:justify\"><span style=\"font-size:11pt\"><span style=\"line-height:normal\"><span style=\"font-family:Calibri,sans-serif\"><a href=\"https:\/\/apexbrasil.com.br\/content\/apexbrasil\/br\/pt\/conteudo\/noticias\/investimentos-internacionais-em-mineracao-focada-na-industria-de.html#msdynmkt_trackingcontext=008fffa9-3fe7-47ae-bfca-a740f7270000\" style=\"color:blue; text-decoration:underline\"><span style=\"font-size:14.0pt\">Investimentos internacionais em minera&ccedil;&atilde;o focada na ind&uacute;stria de descarboniza&ccedil;&atilde;o s&atilde;o tema de agenda em Salvador<\/span><\/a><\/span><\/span><\/span><\/p>\r\n\r\n<p style=\"text-align:justify\"><span style=\"font-size:11pt\"><span style=\"line-height:normal\"><span style=\"font-family:Calibri,sans-serif\"><a href=\"https:\/\/www.gov.br\/mdic\/pt-br\/assuntos\/noticias\/2025\/novembro\/mdic-desenvolve-painel-de-indicadores-para-avaliar-economia-circular-no-brasil\" style=\"color:blue; text-decoration:underline\"><span style=\"font-size:14.0pt\">MDIC desenvolve painel de indicadores para avaliar Economia Circular no Brasil<\/span><\/a><\/span><\/span><\/span><\/p>\r\n\r\n<p style=\"text-align:justify\"><span style=\"font-size:11pt\"><span style=\"line-height:normal\"><span style=\"font-family:Calibri,sans-serif\"><a href=\"https:\/\/sindusconsp.com.br\/cop-30-brasil-lidera-a-construcao-sustentavel-com-dez-anos-de-antecedencia\/\" style=\"color:blue; text-decoration:underline\"><span style=\"font-size:14.0pt\">COP 30: Brasil lidera a constru&ccedil;&atilde;o sustent&aacute;vel com dez anos de anteced&ecirc;ncia<\/span><\/a><\/span><\/span><\/span><\/p>\r\n\r\n<p style=\"text-align:justify\"><span style=\"font-size:11pt\"><span style=\"line-height:normal\"><span style=\"font-family:Calibri,sans-serif\"><a href=\"https:\/\/abiquim.org.br\/comunicacao\/noticia\/12024\" style=\"color:blue; text-decoration:underline\"><span style=\"font-size:14.0pt\">Abiquim apresenta estudo in&eacute;dito sobre neutralidade clim&aacute;tica da ind&uacute;stria qu&iacute;mica<\/span><\/a><\/span><\/span><\/span><\/p>\r\n\r\n<p style=\"text-align:justify\"><span style=\"font-size:28pt\"><span style=\"font-family:Cambria,serif\"><span style=\"letter-spacing:-0.5pt\"><b><span style=\"font-size:18.0pt\"><span style=\"font-family:&quot;Calibri&quot;,sans-serif\"><span style=\"font-variant:small-caps\">Inova&ccedil;&atilde;o<\/span><\/span><\/span><\/b><\/span><\/span><\/span><\/p>\r\n\r\n<p style=\"text-align:justify\"><span style=\"font-size:11pt\"><span style=\"line-height:normal\"><span style=\"font-family:Calibri,sans-serif\"><a href=\"https:\/\/www.inovacaotecnologica.com.br\/noticias\/noticia.php?artigo=aquecimento-resfriamento-sem-energia&amp;id=010115251110&amp;ebol=sim\" style=\"color:blue; text-decoration:underline\"><span style=\"font-size:14.0pt\">Um &uacute;nico material aquece e resfria o ambiente sem gastar energia<\/span><\/a><\/span><\/span><\/span><\/p>\r\n\r\n<p style=\"text-align:justify\"><span style=\"font-size:11pt\"><span style=\"line-height:normal\"><span style=\"font-family:Calibri,sans-serif\"><a href=\"https:\/\/www.inovacaotecnologica.com.br\/noticias\/noticia.php?artigo=tecido-ajusta-propriedades-aerodinamicas&amp;id=010160251111&amp;ebol=sim#google_vignette\" style=\"color:blue; text-decoration:underline\"><span style=\"font-size:14.0pt\">Tecido ajusta suas propriedades aerodin&acirc;micas sob demanda<\/span><\/a><\/span><\/span><\/span><\/p>\r\n\r\n<p style=\"text-align:justify\"><span style=\"font-size:11pt\"><span style=\"line-height:normal\"><span style=\"font-family:Calibri,sans-serif\"><a href=\"https:\/\/clickpetroleoegas.com.br\/uma-engenheira-africana-recicla-toneladas-de-plastico-e-cria-tijolos-5-vezes-mais-fortes-que-o-concreto-vml97\/\" style=\"color:blue; text-decoration:underline\"><span style=\"font-size:14.0pt\">Engenheira africana recicla toneladas de pl&aacute;stico e cria tijolos 5 vezes mais fortes que o concreto, levando solu&ccedil;&atilde;o e esperan&ccedil;a a bairros vulner&aacute;veis<\/span><\/a><\/span><\/span><\/span><\/p>\r\n\r\n<p style=\"text-align:justify\"><span style=\"font-size:11pt\"><span style=\"line-height:normal\"><span style=\"font-family:Calibri,sans-serif\"><a href=\"https:\/\/agenciabrasil.ebc.com.br\/saude\/noticia\/2025-11\/rio-sedia-maior-evento-de-inovacao-na-area-da-saude-na-america-latina\" style=\"color:blue; text-decoration:underline\"><span style=\"font-size:14.0pt\">Rio sedia maior evento de inova&ccedil;&atilde;o na &aacute;rea da sa&uacute;de na Am&eacute;rica Latina<\/span><\/a><\/span><\/span><\/span><\/p>\r\n\r\n<p style=\"text-align:justify\"><span style=\"font-size:11pt\"><span style=\"line-height:normal\"><span style=\"font-family:Calibri,sans-serif\"><a href=\"http:\/\/www.finep.gov.br\/noticias\/todas-noticias\/7058-finep-anuncia-aporte-de-r-1-bi-em-credito-descentralizado-para-empresas-de-todo-o-pais\" style=\"color:blue; text-decoration:underline\"><span style=\"font-size:14.0pt\">Finep anuncia aporte de R$1 bi em cr&eacute;dito descentralizado para empresas de todo o pa&iacute;s<\/span><\/a><\/span><\/span><\/span><\/p>\r\n\r\n<p style=\"text-align:justify\"><span style=\"font-size:28pt\"><span style=\"font-family:Cambria,serif\"><span style=\"letter-spacing:-0.5pt\"><b><span style=\"font-size:18.0pt\"><span style=\"font-family:&quot;Calibri&quot;,sans-serif\"><span style=\"font-variant:small-caps\">Com&eacute;rcio Exterior<\/span><\/span><\/span><\/b><\/span><\/span><\/span><\/p>\r\n\r\n<p style=\"text-align:justify\"><span style=\"font-size:11pt\"><span style=\"line-height:normal\"><span style=\"font-family:Calibri,sans-serif\"><a href=\"https:\/\/noticias.portaldaindustria.com.br\/noticias\/internacional\/presidente-da-cni-entrega-a-alckmin-propostas-para-subsidiar-negociacao-com-estados-unidos\/\" style=\"color:blue; text-decoration:underline\"><span style=\"font-size:14.0pt\">Presidente da CNI entrega a Alckmin propostas para subsidiar negocia&ccedil;&atilde;o com Estados Unidos<\/span><\/a><\/span><\/span><\/span><\/p>\r\n\r\n<p style=\"text-align:justify\"><span style=\"font-size:11pt\"><span style=\"line-height:normal\"><span style=\"font-family:Calibri,sans-serif\"><a href=\"https:\/\/www.cartacapital.com.br\/economia\/macron-se-diz-bastante-positivo-sobre-possibilidade-de-aceitar-acordo-mercosul-ue\/\" style=\"color:blue; text-decoration:underline\"><span style=\"font-size:14.0pt\">Macron se diz &lsquo;bastante positivo&rsquo; sobre possibilidade de aceitar acordo Mercosul-UE<\/span><\/a><\/span><\/span><\/span><\/p>\r\n\r\n<p style=\"text-align:justify\"><span style=\"font-size:11pt\"><span style=\"line-height:normal\"><span style=\"font-family:Calibri,sans-serif\"><a href=\"https:\/\/anba.com.br\/mercosul-e-emirados-tem-nova-rodada-de-negociacao\/\" style=\"color:blue; text-decoration:underline\"><span style=\"font-size:14.0pt\">Mercosul e Emirados t&ecirc;m nova rodada de negocia&ccedil;&atilde;o<\/span><\/a><\/span><\/span><\/span><\/p>\r\n\r\n<p style=\"text-align:justify\"><span style=\"font-size:28pt\"><span style=\"font-family:Cambria,serif\"><span style=\"letter-spacing:-0.5pt\"><b><span style=\"font-size:18.0pt\"><span style=\"font-family:&quot;Calibri&quot;,sans-serif\"><span style=\"font-variant:small-caps\">Economia<\/span><\/span><\/span><\/b><\/span><\/span><\/span><\/p>\r\n\r\n<p style=\"text-align:justify\"><span style=\"font-size:11pt\"><span style=\"line-height:normal\"><span style=\"font-family:Calibri,sans-serif\"><a href=\"https:\/\/www.bcb.gov.br\/content\/focus\/focus\/R20251107.pdf\" style=\"color:blue; text-decoration:underline\"><span style=\"font-size:14.0pt\">Focus - Relat&oacute;rio de Mercado<\/span><\/a><\/span><\/span><\/span><\/p>\r\n\r\n<p style=\"text-align:justify\"><span style=\"font-size:11pt\"><span style=\"line-height:normal\"><span style=\"font-family:Calibri,sans-serif\"><a href=\"https:\/\/blogdoibre.fgv.br\/posts\/saldo-de-empregos-formais-recua-156-em-set2025-afetando-mais-mulheres-e-trabalhadores\" style=\"color:blue; text-decoration:underline\"><span style=\"font-size:14.0pt\">Saldo de empregos formais recua 15,6% em set\/2025, afetando mais mulheres e trabalhadores qualificados<\/span><\/a><\/span><\/span><\/span><\/p>\r\n\r\n<p style=\"text-align:justify\"><span style=\"font-size:11pt\"><span style=\"line-height:normal\"><span style=\"font-family:Calibri,sans-serif\"><a href=\"https:\/\/blogdoibre.fgv.br\/posts\/baixa-taxa-de-poupanca-domestica-nao-explica-juro-real-atipicamente-elevado-no-brasil\" style=\"color:blue; text-decoration:underline\"><span style=\"font-size:14.0pt\">Baixa taxa de poupan&ccedil;a dom&eacute;stica n&atilde;o explica juro real atipicamente elevado no Brasil<\/span><\/a><\/span><\/span><\/span><\/p>\r\n\r\n<p style=\"text-align:justify\">&nbsp;<\/p>\r\n\r\n<p style=\"text-align:justify\"><img src=\"https:\/\/www.abint.org.br\/assets\/img\/editor\/redes-sociais-abint-ctg-cth_20251014202218Zyze8pqEet.jpg\" \/><\/p>\r\n","texto_en":"","7":"","imagem":"COMP_capa-2025-site-boletim-abint-noticias-semanis_20251111175952JiR0NeBG8v.jpg","8":"COMP_capa-2025-site-boletim-abint-noticias-semanis_20251111175952JiR0NeBG8v.jpg","arquivo":"20251111-BOLETIM-ABINT-DE-NOTICIAS-SEMANAIS.PDF","9":"20251111-BOLETIM-ABINT-DE-NOTICIAS-SEMANAIS.PDF","titulo_arquivo":"20251111 Boletim ABINT de Not\u00edcias Semanais","10":"20251111 Boletim ABINT de Not\u00edcias Semanais","titulo_arquivo_en":"","11":"","created_at":"2025-11-11 18:00:00","12":"2025-11-11 18:00:00","updated_at":"2025-11-11 18:00:00","13":"2025-11-11 18:00:00"},{"id":204,"0":204,"ordem":19,"1":19,"data":"2025-11-04","2":"2025-11-04","slug":"boletim-abint-de-noticias-semanais-102","3":"boletim-abint-de-noticias-semanais-102","titulo":"Boletim ABINT de Not\u00edcias Semanais","4":"Boletim ABINT de Not\u00edcias Semanais","titulo_en":"","5":"","texto":"<p style=\"text-align:justify\"><span style=\"font-size:11pt\"><span style=\"line-height:normal\"><span style=\"font-family:Calibri,sans-serif\"><span style=\"font-size:14.0pt\">Esta &eacute; uma compila&ccedil;&atilde;o das not&iacute;cias mais relevantes para o setor, incluindo informa&ccedil;&otilde;es sobre acordos internacionais, economia brasileira, sustentabilidade e mat&eacute;rias primas, al&eacute;m de novidades do setor de N&atilde;otecidos e Tecidos T&eacute;cnicos.<\/span><\/span><\/span><\/span><\/p>\r\n\r\n<p style=\"text-align:justify\"><span style=\"font-size:28pt\"><span style=\"font-family:Cambria,serif\"><span style=\"letter-spacing:-0.5pt\"><b><span style=\"font-size:18.0pt\"><span style=\"font-family:&quot;Calibri&quot;,sans-serif\"><span style=\"font-variant:small-caps\">O que vem por a&iacute;<\/span><\/span><\/span><\/b><\/span><\/span><\/span><\/p>\r\n\r\n<p><img src=\"https:\/\/www.abint.org.br\/assets\/img\/editor\/nova-logo-premio-tcc-ic_20251014200023iBYOW5yEJX.png\" \/><\/p>\r\n\r\n<p><a href=\"https:\/\/www.even3.com.br\/encontro-anual-igs-brasil-geossinteticos-em-pauta-636131\/?fbclid=PAVERTVgNSBBRleHRuA2FlbQIxMAABpwF8VswtQRKdOg4XG0MC6A1g4ywhMN2_I-pCaXZTfAgoKkS37GNA7tkTiSST_aem_tRTmfHq0NQ_O0NzOrt7a_A\"><b>Cerim&ocirc;nia de Premia&ccedil;&atilde;o<\/b><\/a><b>, durente o &ldquo;Geossint&eacute;ticos em Pauta&rdquo;, 06 de novembro de 2025, 13h &agrave;s 18h, presencial, sede ABINT, rua Marqu&ecirc;s de Itu, 968, Higien&oacute;polis, S&atilde;o Paulo, SP<\/b><\/p>\r\n\r\n<p>&nbsp;<\/p>\r\n\r\n<p><b><img src=\"https:\/\/www.abint.org.br\/assets\/img\/editor\/post-quadrado-curso-naotecido_20251021174921nZdUwTqMfl.jpg\" style=\"width: 500px; height: 500px;\" \/><\/b><\/p>\r\n\r\n<p><strong><a href=\"https:\/\/forms.cloud.microsoft\/r\/5DrqtK5n3Y\">Informa&ccedil;&otilde;es e inscri&ccedil;&otilde;es<\/a><\/strong><\/p>\r\n\r\n<p>&nbsp;<\/p>\r\n\r\n<p><b><img src=\"https:\/\/www.abint.org.br\/assets\/img\/editor\/20251117-workshop-iso-astm-abnt_20251015193426QqcNHCi4bT.jpg\" style=\"width: 500px; height: 500px;\" \/><\/b><\/p>\r\n\r\n<p><b>CTG ABINT | Patrocinador Especial do&nbsp;<\/b><a href=\"https:\/\/www.even3.com.br\/international-geosynthetics-workshop-standards-and-updates-in-infrastructure-and-sustainability-616680\/\"><b><i>International Geosynthetics Workshop: Standards and updates in Infrastructure and Sustainability<\/i><\/b><\/a><b><i>,&nbsp;<\/i><\/b><b>17 de novembro de 2025, 08h &agrave;s 18h, presencial, Pontif&iacute;cia Universidade Cat&oacute;lica do Rio de Janeiro (PUC-Rio), Rio de Janeiro, RJ, Brasil<\/b><\/p>\r\n\r\n<p>&nbsp;<\/p>\r\n\r\n<p class=\"MsoTitle\" style=\"text-align:justify\"><span style=\"font-size:28pt\"><span style=\"font-family:Cambria,serif\"><span style=\"letter-spacing:-0.5pt\"><b><span style=\"font-size:18.0pt\"><span style=\"font-family:&quot;Calibri&quot;,sans-serif\"><span style=\"font-variant:small-caps\">Not&iacute;cias das Associadas<\/span><\/span><\/span><\/b><\/span><\/span><\/span><\/p>\r\n\r\n<p style=\"text-align:justify\"><span style=\"font-size:11pt\"><span style=\"line-height:normal\"><span style=\"font-family:Calibri,sans-serif\"><a href=\"https:\/\/oprogressonet.com\/noticia\/49164\/ctg-abint-lanca-cartilha-de-boas-praticas-no-uso-de-geossinteticos-para-o-agronegocio\" style=\"color:blue; text-decoration:underline\"><span style=\"font-size:14.0pt\">CTG ABINT lan&ccedil;a cartilha de boas pr&aacute;ticas no uso de geossint&eacute;ticos para o agroneg&oacute;cio<\/span><\/a><\/span><\/span><\/span><\/p>\r\n\r\n<p style=\"text-align:justify\"><span style=\"font-size:11pt\"><span style=\"line-height:normal\"><span style=\"font-family:Calibri,sans-serif\"><a href=\"https:\/\/agitomax.com.br\/noticia\/15264\/dia-06-11-entrega-da-maior-premiacao-de-trabalhos-academicos-de-graduacao-voltados-aos-geossinteticos\" style=\"color:blue; text-decoration:underline\"><span style=\"font-size:14.0pt\">Dia 06\/11: entrega da maior premia&ccedil;&atilde;o de trabalhos acad&ecirc;micos de gradua&ccedil;&atilde;o voltados aos geossint&eacute;ticos<\/span><\/a><\/span><\/span><\/span><\/p>\r\n\r\n<p style=\"text-align:justify\"><span style=\"font-size:11pt\"><span style=\"line-height:normal\"><span style=\"font-family:Calibri,sans-serif\"><a href=\"https:\/\/www.nonwovens-industry.com\/breaking-news\/filc-renamed-freudenberg-performance-materials\/\" style=\"color:blue; text-decoration:underline\"><span lang=\"EN-US\" style=\"font-size:14.0pt\">Filc Renamed Freudenberg Performance Materials<\/span><\/a><\/span><\/span><\/span><\/p>\r\n\r\n<p style=\"text-align:justify\"><span style=\"font-size:11pt\"><span style=\"line-height:normal\"><span style=\"font-family:Calibri,sans-serif\"><a href=\"https:\/\/www.nonwovens-industry.com\/breaking-news\/suominen-rsquo-s-sales-fall\/\" style=\"color:blue; text-decoration:underline\"><span lang=\"EN-US\" style=\"font-size:14.0pt\">Suominen&rsquo;s Sales Fall<\/span><\/a><\/span><\/span><\/span><\/p>\r\n\r\n<p style=\"text-align:justify\"><span style=\"font-size:11pt\"><span style=\"line-height:normal\"><span style=\"font-family:Calibri,sans-serif\"><a href=\"https:\/\/www.fibre2fashion.com\/news\/textile-news\/trutzschler-to-showcase-smart-t-can-automation-at-itma-asia-2025-306073-newsdetails.htm\" style=\"color:blue; text-decoration:underline\"><span lang=\"EN-US\" style=\"font-size:14.0pt\">Trutzschler to showcase smart T-CAN automation at ITMA ASIA 2025<\/span><\/a><\/span><\/span><\/span><\/p>\r\n\r\n<p style=\"text-align:justify\">&nbsp;<\/p>\r\n\r\n<p style=\"text-align:justify\"><span style=\"font-size:11pt\"><span style=\"line-height:normal\"><span style=\"font-family:Calibri,sans-serif\"><b><span style=\"font-size:18.0pt\"><span style=\"font-variant:small-caps\">Eventos<\/span><\/span><\/b><\/span><\/span><\/span><\/p>\r\n\r\n<p style=\"text-align:justify\"><span style=\"font-size:11pt\"><span style=\"line-height:normal\"><span style=\"font-family:Calibri,sans-serif\"><a href=\"https:\/\/www.anahp.com.br\/evento\/seminario-anahp-pesquisa-clinica\/\" style=\"color:blue; text-decoration:underline\"><b><span style=\"font-size:14.0pt\">Semin&aacute;rio Anahp &ndash; Pesquisa Cl&iacute;nica<\/span><\/b><\/a><span style=\"font-size:14.0pt\">, 06 de novembro de 205, 14h00, evento h&iacute;brido<\/span><\/span><\/span><\/span><\/p>\r\n\r\n<p style=\"text-align:justify\"><span style=\"font-size:11pt\"><span style=\"line-height:normal\"><span style=\"font-family:Calibri,sans-serif\"><a href=\"https:\/\/www.hygienix.org\/index.html\" style=\"color:blue; text-decoration:underline\"><b><span style=\"font-size:14.0pt\">Hygienix&trade;<\/span><\/b><\/a><span style=\"font-size:14.0pt\">, November 17-20, 2025, Omni Orlando ChampionsGate, ChampionsGate, FL, USA<\/span><\/span><\/span><\/span><\/p>\r\n\r\n<p style=\"text-align:justify\"><span style=\"font-size:11pt\"><span style=\"line-height:normal\"><span style=\"font-family:Calibri,sans-serif\"><a href=\"https:\/\/tendencias.sobratema.com\/?utm_source=akna&amp;utm_medium=email&amp;utm_campaign=Sua-marca-em-destaque-no-20-Tendencias-do-Mercado-da-Construcao-patrocine-este-encontro-estrategico\" style=\"color:blue; text-decoration:underline\"><b><span style=\"font-size:14.0pt\">SOBRATEMA | 20&ordf; Tend&ecirc;ncias do Mercado da Constru&ccedil;&atilde;o<\/span><\/b><\/a><span style=\"font-size:14.0pt\">, 26 de novembro de 2025, 18h, APAS, S&atilde;o Paulo, SP<\/span><\/span><\/span><\/span><\/p>\r\n\r\n<p style=\"text-align:justify\"><span style=\"font-size:11pt\"><span style=\"line-height:normal\"><span style=\"font-family:Calibri,sans-serif\"><a href=\"https:\/\/filtech.de\/\" style=\"color:blue; text-decoration:underline\"><b><span style=\"font-size:14.0pt\">Filtech 2026<\/span><\/b><\/a><span style=\"font-size:14.0pt\">, de 30 de junho a 2 de julho, Cologne, Alemanha<\/span><\/span><\/span><\/span><\/p>\r\n\r\n<p style=\"text-align:justify\"><span style=\"font-size:11pt\"><span style=\"line-height:normal\"><span style=\"font-family:Calibri,sans-serif\"><a href=\"https:\/\/ficons.com.br\/\" style=\"color:blue; text-decoration:underline\"><b><span style=\"font-size:14.0pt\">FICONS - Feira Internacional de Materiais, Equipamentos e Servi&ccedil;os da Constru&ccedil;&atilde;o<\/span><\/b><\/a><span style=\"font-size:14.0pt\">, 15 a 18 de setembro de 2026, Centro de Conven&ccedil;&otilde;es de Pernambuco Recife\/ Olinda<\/span><\/span><\/span><\/span><\/p>\r\n\r\n<p style=\"text-align:justify\"><span style=\"font-size:11pt\"><span style=\"line-height:normal\"><span style=\"font-family:Calibri,sans-serif\"><a href=\"https:\/\/www.edana.org\/events\/outlook\/outlook-2025\" style=\"color:blue; text-decoration:underline\"><b><span style=\"font-size:14.0pt\">OUTLOOK&trade; 2026<\/span><\/b><\/a><span style=\"font-size:14.0pt\">, 22&ndash;24 September 2026, Hotel Miragem, Cascais, Portugal<\/span><\/span><\/span><\/span><\/p>\r\n\r\n<p style=\"text-align:justify\"><span style=\"font-size:28pt\"><span style=\"font-family:Cambria,serif\"><span style=\"letter-spacing:-0.5pt\"><b><span lang=\"EN-US\" style=\"font-size:18.0pt\"><span style=\"font-family:&quot;Calibri&quot;,sans-serif\"><span style=\"font-variant:small-caps\">Setor<\/span><\/span><\/span><\/b><\/span><\/span><\/span><\/p>\r\n\r\n<p style=\"text-align:justify\"><span style=\"font-size:11pt\"><span style=\"line-height:normal\"><span style=\"font-family:Calibri,sans-serif\"><a href=\"https:\/\/www.nonwovens-industry.com\/exclusives\/artificial-intelligence-in-nonwovens-from-materials-science-to-the-factory-floor\/\" style=\"color:blue; text-decoration:underline\"><span lang=\"EN-US\" style=\"font-size:14.0pt\">Artificial Intelligence in Nonwovens: From Materials Science to the Factory Floor<\/span><\/a><\/span><\/span><\/span><\/p>\r\n\r\n<p style=\"text-align:justify\"><span style=\"font-size:11pt\"><span style=\"line-height:normal\"><span style=\"font-family:Calibri,sans-serif\"><a href=\"https:\/\/www.nonwovens-industry.com\/filtration-report\/\" style=\"color:blue; text-decoration:underline\"><span lang=\"EN-US\" style=\"font-size:14.0pt\">Filtration Report<\/span><\/a><\/span><\/span><\/span><\/p>\r\n\r\n<p style=\"text-align:justify\"><span style=\"font-size:11pt\"><span style=\"line-height:normal\"><span style=\"font-family:Calibri,sans-serif\"><a href=\"https:\/\/www.nonwovens-industry.com\/industrial-institutional-wipes-market-evolves\/\" style=\"color:blue; text-decoration:underline\"><span lang=\"EN-US\" style=\"font-size:14.0pt\">Industrial &amp; Institutional Wipes Market Evolves<\/span><\/a><\/span><\/span><\/span><\/p>\r\n\r\n<p style=\"text-align:justify\"><span style=\"font-size:11pt\"><span style=\"line-height:normal\"><span style=\"font-family:Calibri,sans-serif\"><a href=\"https:\/\/www.nonwovens-industry.com\/smithers-report-identifies-growth-in-filtration\/\" style=\"color:blue; text-decoration:underline\"><span lang=\"EN-US\" style=\"font-size:14.0pt\">Smithers Report Identifies Growth in Filtration<\/span><\/a><\/span><\/span><\/span><\/p>\r\n\r\n<p style=\"text-align:justify\"><span style=\"font-size:11pt\"><span style=\"line-height:normal\"><span style=\"font-family:Calibri,sans-serif\"><a href=\"https:\/\/www.quimica.com.br\/industria-de-fibras-sinteticas-evolui-apesar-da-concorrencia\/\" style=\"color:blue; text-decoration:underline\"><span style=\"font-size:14.0pt\">Ind&uacute;stria de fibras sint&eacute;ticas evolui, apesar da concorr&ecirc;ncia<\/span><\/a><\/span><\/span><\/span><\/p>\r\n\r\n<p style=\"text-align:justify\"><span style=\"font-size:11pt\"><span style=\"line-height:normal\"><span style=\"font-family:Calibri,sans-serif\"><a href=\"https:\/\/revistaplasticosul.com.br\/industria-4-0\/petroquimica-investe-r-42-bilhoes-para-ampliar-producao-no-rio-de-janeiro-e-reforca-parceria-com-a-petrobras\/\" style=\"color:blue; text-decoration:underline\"><span style=\"font-size:14.0pt\">Petroqu&iacute;mica investe R$ 4,2 bilh&otilde;es para ampliar produ&ccedil;&atilde;o no Rio de Janeiro e refor&ccedil;a parceria com a Petrobras<\/span><\/a><\/span><\/span><\/span><\/p>\r\n\r\n<p style=\"text-align:justify\"><span style=\"font-size:11pt\"><span style=\"line-height:normal\"><span style=\"font-family:Calibri,sans-serif\"><a href=\"https:\/\/portalpersonalcare.com.br\/ccm-industria-de-descartaveis-compensa-mais-de-27-mil-toneladas-de-plastico-entre-2021-e-2024\/?utm_medium=email&amp;utm_campaign=newsletter_29102025&amp;utm_source=RD+Station\" style=\"color:blue; text-decoration:underline\"><span style=\"font-size:14.0pt\">CCM Ind&uacute;stria de Descart&aacute;veis compensa mais de 2,7 mil toneladas de pl&aacute;stico entre 2021 e 2024<\/span><\/a><\/span><\/span><\/span><\/p>\r\n\r\n<p style=\"text-align:justify\"><span style=\"font-size:11pt\"><span style=\"line-height:normal\"><span style=\"font-family:Calibri,sans-serif\"><a href=\"https:\/\/www.nonwovens-industry.com\/breaking-news\/kimberly-clark-releases-quarterly-results\/\" style=\"color:blue; text-decoration:underline\"><span style=\"font-size:14.0pt\">Kimberly-Clark Releases Quarterly Results<\/span><\/a><\/span><\/span><\/span><\/p>\r\n\r\n<p style=\"text-align:justify\"><span style=\"font-size:11pt\"><span style=\"line-height:normal\"><span style=\"font-family:Calibri,sans-serif\"><a href=\"https:\/\/sinditextilsp.org.br\/home\/2025\/10\/setor-textil-lidera-alta-na-atividade-industrial-em-setembro\/?utm_medium=email&amp;utm_campaign=sindinews_-_30102025&amp;utm_source=RD+Station\" style=\"color:blue; text-decoration:underline\"><span style=\"font-size:14.0pt\">Setor t&ecirc;xtil lidera alta na atividade industrial em setembro<\/span><\/a><\/span><\/span><\/span><\/p>\r\n\r\n<p style=\"text-align:justify\"><span style=\"font-size:28pt\"><span style=\"font-family:Cambria,serif\"><span style=\"letter-spacing:-0.5pt\"><b><span style=\"font-size:18.0pt\"><span style=\"font-family:&quot;Calibri&quot;,sans-serif\"><span style=\"font-variant:small-caps\">Ind&uacute;stria<\/span><\/span><\/span><\/b><\/span><\/span><\/span><\/p>\r\n\r\n<p style=\"text-align:justify\"><span style=\"font-size:11pt\"><span style=\"line-height:normal\"><span style=\"font-family:Calibri,sans-serif\"><a href=\"https:\/\/portalibre.fgv.br\/system\/files\/divulgacao\/noticias\/mat-complementar\/2025-11\/%C3%8Dndice%20de%20Confian%C3%A7a%20Empresarial%20FGV_press%20release_Out25.pdf\" style=\"color:blue; text-decoration:underline\"><span style=\"font-size:14.0pt\">Confian&ccedil;a Empresarial anda de lado e se mant&eacute;m em patamar pessimista<\/span><\/a><\/span><\/span><\/span><\/p>\r\n\r\n<p style=\"text-align:justify\"><span style=\"font-size:11pt\"><span style=\"line-height:normal\"><span style=\"font-family:Calibri,sans-serif\"><a href=\"https:\/\/plasticosemrevista.com.br\/o-desafio-de-tirar-boas-intencoes-do-papel\/\" style=\"color:blue; text-decoration:underline\"><span style=\"font-size:14.0pt\">O desafio de tirar boas inten&ccedil;&otilde;es do papel: prop&oacute;sitos e dilemas da pol&iacute;tica Nova Ind&uacute;stria Brasil<\/span><\/a><\/span><\/span><\/span><\/p>\r\n\r\n<p style=\"text-align:justify\"><span style=\"font-size:11pt\"><span style=\"line-height:normal\"><span style=\"font-family:Calibri,sans-serif\"><a href=\"https:\/\/noticias.portaldaindustria.com.br\/noticias\/infraestrutura\/custo-da-energia-e-o-ponto-da-infraestrutura-que-mais-impacta-a-industria-diz-diretor-da-cni\/\" style=\"color:blue; text-decoration:underline\"><span style=\"font-size:14.0pt\">Custo da energia &eacute; o ponto da infraestrutura que mais impacta a ind&uacute;stria, diz diretor da CNI<\/span><\/a><\/span><\/span><\/span><\/p>\r\n\r\n<p style=\"text-align:justify\"><span style=\"font-size:11pt\"><span style=\"line-height:normal\"><span style=\"font-family:Calibri,sans-serif\"><a href=\"https:\/\/www.terra.com.br\/economia\/industria-da-construcao-reduz-projecao-de-crescimento-de-23-para-13-por-efeito-dos-juros,95d3d6d39d7fc7640bc8ae9d0e9954a546p3gf4g.html\" style=\"color:blue; text-decoration:underline\"><span style=\"font-size:14.0pt\">Ind&uacute;stria da constru&ccedil;&atilde;o reduz proje&ccedil;&atilde;o de crescimento de 2,3% para 1,3% por efeito dos juros<\/span><\/a><\/span><\/span><\/span><\/p>\r\n\r\n<p style=\"text-align:justify\"><span style=\"font-size:11pt\"><span style=\"line-height:normal\"><span style=\"font-family:Calibri,sans-serif\"><a href=\"https:\/\/sinditextilsp.org.br\/home\/2025\/10\/atividade-industrial-paulista-registra-queda-em-outubro-mostra-sensor\/?utm_medium=email&amp;utm_campaign=sindinews_-_30102025&amp;utm_source=RD+Station\" style=\"color:blue; text-decoration:underline\"><span style=\"font-size:14.0pt\">Atividade industrial paulista registra queda em outubro<\/span><\/a><\/span><\/span><\/span><\/p>\r\n\r\n<p style=\"text-align:justify\"><span style=\"font-size:11pt\"><span style=\"line-height:normal\"><span style=\"font-family:Calibri,sans-serif\"><a href=\"https:\/\/www.fibre2fashion.com\/news\/textile-news\/global-commodity-prices-to-hit-six-year-low-in-2026-world-bank-306122-newsdetails.htm\" style=\"color:blue; text-decoration:underline\"><span lang=\"EN-US\" style=\"font-size:14.0pt\">Global commodity prices to hit six-year low in 2026: World Bank<\/span><\/a><\/span><\/span><\/span><\/p>\r\n\r\n<p style=\"text-align:justify\"><span style=\"font-size:28pt\"><span style=\"font-family:Cambria,serif\"><span style=\"letter-spacing:-0.5pt\"><b><span style=\"font-size:18.0pt\"><span style=\"font-family:&quot;Calibri&quot;,sans-serif\"><span style=\"font-variant:small-caps\">Sustentabilidade<\/span><\/span><\/span><\/b><\/span><\/span><\/span><\/p>\r\n\r\n<p style=\"text-align:justify\"><span style=\"font-size:11pt\"><span style=\"line-height:normal\"><span style=\"font-family:Calibri,sans-serif\"><a href=\"https:\/\/www.abit.org.br\/noticias\/site-da-liga-de-descarbonizacao-marca-nova-fase-do-movimento\" style=\"color:blue; text-decoration:underline\"><span style=\"font-size:14.0pt\">Site da Liga de Descarboniza&ccedil;&atilde;o marca nova fase do movimento<\/span><\/a><\/span><\/span><\/span><\/p>\r\n\r\n<p style=\"text-align:justify\"><span style=\"font-size:11pt\"><span style=\"line-height:normal\"><span style=\"font-family:Calibri,sans-serif\"><a href=\"https:\/\/conectaverde.com.br\/decreto-disciplina-sistema-de-logistica-reversa-de-embalagens-de-plastico-em-ambito-nacional\/\" style=\"color:blue; text-decoration:underline\"><span style=\"font-size:14.0pt\">Decreto disciplina sistema de log&iacute;stica reversa de embalagens de pl&aacute;stico em &acirc;mbito nacional<\/span><\/a><\/span><\/span><\/span><\/p>\r\n\r\n<p style=\"text-align:justify\"><span style=\"font-size:11pt\"><span style=\"line-height:normal\"><span style=\"font-family:Calibri,sans-serif\"><a href=\"https:\/\/revistaplasticosul.com.br\/industria-4-0\/programa-de-sustentabilidade-da-industria-quimica-e-aprovado-pela-camara-e-promete-impulso-de-r-112-bilhoes-no-pib\/\" style=\"color:blue; text-decoration:underline\"><span style=\"font-size:14.0pt\">Programa de sustentabilidade da ind&uacute;stria qu&iacute;mica &eacute; aprovado pela c&acirc;mara e promete impulso de R$ 112 bilh&otilde;es no PIB<\/span><\/a><\/span><\/span><\/span><\/p>\r\n\r\n<p style=\"text-align:justify\"><span style=\"font-size:11pt\"><span style=\"line-height:normal\"><span style=\"font-family:Calibri,sans-serif\"><a href=\"https:\/\/noticias.portaldaindustria.com.br\/noticias\/sesi-lab\/sesi-lab-e-movimento-plastico-transforma-firmam-parceria-para-estimular-consumo-consciente-e-economia-circular\/\" style=\"color:blue; text-decoration:underline\"><span style=\"font-size:14.0pt\">SESI Lab e Movimento Pl&aacute;stico Transforma firmam parceria para estimular consumo consciente e economia circular<\/span><\/a><\/span><\/span><\/span><\/p>\r\n\r\n<p style=\"text-align:justify\"><span style=\"font-size:11pt\"><span style=\"line-height:normal\"><span style=\"font-family:Calibri,sans-serif\"><a href=\"https:\/\/apexbrasil.com.br\/content\/apexbrasil\/br\/pt\/conteudo\/noticias\/otc-brasil-2025--apexbrasil-fortalece-o-trabalho-de-atracao-de-i.html#msdynmkt_trackingcontext=03a16af2-5bab-45f9-8289-82bc945b0300\" style=\"color:blue; text-decoration:underline\"><span style=\"font-size:14.0pt\">ApexBrasil fortalece o trabalho de atra&ccedil;&atilde;o de investimentos estrangeiros em descarboniza&ccedil;&atilde;o com imers&atilde;o de empresas no pa&iacute;s<\/span><\/a><\/span><\/span><\/span><\/p>\r\n\r\n<p style=\"text-align:justify\"><span style=\"font-size:11pt\"><span style=\"line-height:normal\"><span style=\"font-family:Calibri,sans-serif\"><a href=\"https:\/\/www.fibre2fashion.com\/news\/textile-news\/eu-enforces-new-waste-framework-directive-to-boost-circular-economy-305929-newsdetails.htm\" style=\"color:blue; text-decoration:underline\"><span lang=\"EN-US\" style=\"font-size:14.0pt\">EU enforces new Waste Framework Directive to boost circular economy<\/span><\/a><\/span><\/span><\/span><\/p>\r\n\r\n<p style=\"text-align:justify\"><span style=\"font-size:28pt\"><span style=\"font-family:Cambria,serif\"><span style=\"letter-spacing:-0.5pt\"><b><span style=\"font-size:18.0pt\"><span style=\"font-family:&quot;Calibri&quot;,sans-serif\"><span style=\"font-variant:small-caps\">Inova&ccedil;&atilde;o<\/span><\/span><\/span><\/b><\/span><\/span><\/span><\/p>\r\n\r\n<p style=\"text-align:justify\"><span style=\"font-size:11pt\"><span style=\"line-height:normal\"><span style=\"font-family:Calibri,sans-serif\"><a href=\"https:\/\/www.inovacaotecnologica.com.br\/noticias\/noticia.php?artigo=tecido-inteligente-ouve-sem-microfone&amp;id=010150251029&amp;ebol=sim#google_vignette\" style=\"color:blue; text-decoration:underline\"><span style=\"font-size:14.0pt\">Tecido inteligente ouve sua voz sem microfone e se conecta com IA<\/span><\/a><\/span><\/span><\/span><\/p>\r\n\r\n<p style=\"text-align:justify\"><span style=\"font-size:11pt\"><span style=\"line-height:normal\"><span style=\"font-family:Calibri,sans-serif\"><a href=\"https:\/\/www.abit.org.br\/noticias\/investimentos-estrategicos-e-inovacao-tecnologica-sao-caminhos-para-o-aumento-da-produtividade-no-setor-textil\" style=\"color:blue; text-decoration:underline\"><span style=\"font-size:14.0pt\">Investimentos estrat&eacute;gicos e inova&ccedil;&atilde;o tecnol&oacute;gica s&atilde;o caminhos para o aumento da produtividade no setor t&ecirc;xtil<\/span><\/a><\/span><\/span><\/span><\/p>\r\n\r\n<p style=\"text-align:justify\"><span style=\"font-size:11pt\"><span style=\"line-height:normal\"><span style=\"font-family:Calibri,sans-serif\"><a href=\"https:\/\/noticias.portaldaindustria.com.br\/noticias\/inovacao-e-tecnologia\/df-jornada-nacional-de-inovacao-discute-importancia-dos-ecossistemas-de-inovacao\/\" style=\"color:blue; text-decoration:underline\"><span style=\"font-size:14.0pt\">DF: Jornada Nacional de Inova&ccedil;&atilde;o discute import&acirc;ncia dos ecossistemas de inova&ccedil;&atilde;o<\/span><\/a><\/span><\/span><\/span><\/p>\r\n\r\n<p style=\"text-align:justify\"><span style=\"font-size:28pt\"><span style=\"font-family:Cambria,serif\"><span style=\"letter-spacing:-0.5pt\"><b><span style=\"font-size:18.0pt\"><span style=\"font-family:&quot;Calibri&quot;,sans-serif\"><span style=\"font-variant:small-caps\">Com&eacute;rcio Exterior<\/span><\/span><\/span><\/b><\/span><\/span><\/span><\/p>\r\n\r\n<p style=\"text-align:justify\"><span style=\"font-size:11pt\"><span style=\"line-height:normal\"><span style=\"font-family:Calibri,sans-serif\"><a href=\"https:\/\/static.portaldaindustria.com.br\/media\/filer_public\/dd\/ba\/ddba2836-5c1d-4047-9280-114b181e02f2\/apc_19_defesacomercial_20251028_1.pdf\" style=\"color:blue; text-decoration:underline\"><span style=\"font-size:14.0pt\">Defesa Comercial: panorama e prioridades da Ind&uacute;stria<\/span><\/a><\/span><\/span><\/span><\/p>\r\n\r\n<p style=\"text-align:justify\"><span style=\"font-size:11pt\"><span style=\"line-height:normal\"><span style=\"font-family:Calibri,sans-serif\"><a href=\"https:\/\/g1.globo.com\/economia\/noticia\/2025\/10\/29\/trump-diz-que-chegou-a-acordo-comercial-com-a-coreia-do-sul.ghtml\" style=\"color:blue; text-decoration:underline\"><span style=\"font-size:14.0pt\">Trump diz que chegou a acordo comercial com a Coreia do Sul<\/span><\/a><\/span><\/span><\/span><\/p>\r\n\r\n<p style=\"text-align:justify\"><span style=\"font-size:11pt\"><span style=\"line-height:normal\"><span style=\"font-family:Calibri,sans-serif\"><a href=\"https:\/\/www.moveisdevalor.com.br\/portal\/tarifas-de-importacao-aos-eua-impulsionam-a-producao-domestica?source=news\" style=\"color:blue; text-decoration:underline\"><span style=\"font-size:14.0pt\">Tarifas de importa&ccedil;&atilde;o aos EUA impulsionam a produ&ccedil;&atilde;o dom&eacute;stica<\/span><\/a><\/span><\/span><\/span><\/p>\r\n\r\n<p style=\"text-align:justify\"><span style=\"font-size:11pt\"><span style=\"line-height:normal\"><span style=\"font-family:Calibri,sans-serif\"><a href=\"https:\/\/www.migalhas.com.br\/depeso\/443184\/acordo-mercosul-efta-reforca-patentes-e-abre-oportunidades-ao-brasil\" style=\"color:blue; text-decoration:underline\"><span style=\"font-size:14.0pt\">Acordo Mercosul-Efta fortalece prote&ccedil;&atilde;o de patentes e amplia oportunidades para exportadores brasileiros<\/span><\/a><\/span><\/span><\/span><\/p>\r\n\r\n<p style=\"text-align:justify\"><span style=\"font-size:28pt\"><span style=\"font-family:Cambria,serif\"><span style=\"letter-spacing:-0.5pt\"><b><span style=\"font-size:18.0pt\"><span style=\"font-family:&quot;Calibri&quot;,sans-serif\"><span style=\"font-variant:small-caps\">Economia<\/span><\/span><\/span><\/b><\/span><\/span><\/span><\/p>\r\n\r\n<p style=\"text-align:justify\"><span style=\"font-size:11pt\"><span style=\"line-height:normal\"><span style=\"font-family:Calibri,sans-serif\"><a href=\"https:\/\/www.bcb.gov.br\/content\/focus\/focus\/R20251031.pdf\" style=\"color:blue; text-decoration:underline\"><span style=\"font-size:14.0pt\">Focus - Relat&oacute;rio de Mercado<\/span><\/a><\/span><\/span><\/span><\/p>\r\n\r\n<p style=\"text-align:justify\"><span style=\"font-size:11pt\"><span style=\"line-height:normal\"><span style=\"font-family:Calibri,sans-serif\"><a href=\"https:\/\/www.bcb.gov.br\/content\/controleinflacao\/focusdistribuicoesfrequencia\/P20251103-Focus-Distribuicoes-de-frequencia.pdf\" style=\"color:blue; text-decoration:underline\"><span style=\"font-size:14.0pt\">Focus &ndash; Distribui&ccedil;&otilde;es de Frequ&ecirc;ncia das Expectativas de Mercado para IPCA, Selic, PIB e C&acirc;mbio.<\/span><\/a><\/span><\/span><\/span><\/p>\r\n\r\n<p style=\"text-align:justify\"><span style=\"font-size:11pt\"><span style=\"line-height:normal\"><span style=\"font-family:Calibri,sans-serif\"><a href=\"https:\/\/portalibre.fgv.br\/system\/files\/divulgacao\/noticias\/mat-complementar\/2025-10\/PressRelease_IIE-BR_out25.pdf\" style=\"color:blue; text-decoration:underline\"><span style=\"font-size:14.0pt\">Incerteza Econ&ocirc;mica aumenta em outubro<\/span><\/a><\/span><\/span><\/span><\/p>\r\n\r\n<p style=\"text-align:justify\"><span style=\"font-size:11pt\"><span style=\"line-height:normal\"><span style=\"font-family:Calibri,sans-serif\"><a href=\"https:\/\/portalibre.fgv.br\/system\/files\/divulgacao\/noticias\/mat-complementar\/2025-11\/Apresenta%C3%A7%C3%A3o%20-%20S%C3%ADntese%20das%20Sondagens%20-%20Outubro%202025.pdf\" style=\"color:blue; text-decoration:underline\"><span style=\"font-size:14.0pt\">Indicadores de Confian&ccedil;a e de Incerteza do FGV IBRE<\/span><\/a><\/span><\/span><\/span><\/p>\r\n\r\n<p style=\"text-align:justify\"><span style=\"font-size:11pt\"><span style=\"line-height:normal\"><span style=\"font-family:Calibri,sans-serif\"><a href=\"https:\/\/www.fibre2fashion.com\/news\/textile-news\/china-s-gdp-grows-5-2-yoy-in-1st-3-quarters-of-2025-305959-newsdetails.htm\" style=\"color:blue; text-decoration:underline\"><span lang=\"EN-US\" style=\"font-size:14.0pt\">China&#39;s GDP grows 5.2% YoY in 1st 3 quarters of 2025<\/span><\/a><\/span><\/span><\/span><\/p>\r\n","6":"<p style=\"text-align:justify\"><span style=\"font-size:11pt\"><span style=\"line-height:normal\"><span style=\"font-family:Calibri,sans-serif\"><span style=\"font-size:14.0pt\">Esta &eacute; uma compila&ccedil;&atilde;o das not&iacute;cias mais relevantes para o setor, incluindo informa&ccedil;&otilde;es sobre acordos internacionais, economia brasileira, sustentabilidade e mat&eacute;rias primas, al&eacute;m de novidades do setor de N&atilde;otecidos e Tecidos T&eacute;cnicos.<\/span><\/span><\/span><\/span><\/p>\r\n\r\n<p style=\"text-align:justify\"><span style=\"font-size:28pt\"><span style=\"font-family:Cambria,serif\"><span style=\"letter-spacing:-0.5pt\"><b><span style=\"font-size:18.0pt\"><span style=\"font-family:&quot;Calibri&quot;,sans-serif\"><span style=\"font-variant:small-caps\">O que vem por a&iacute;<\/span><\/span><\/span><\/b><\/span><\/span><\/span><\/p>\r\n\r\n<p><img src=\"https:\/\/www.abint.org.br\/assets\/img\/editor\/nova-logo-premio-tcc-ic_20251014200023iBYOW5yEJX.png\" \/><\/p>\r\n\r\n<p><a href=\"https:\/\/www.even3.com.br\/encontro-anual-igs-brasil-geossinteticos-em-pauta-636131\/?fbclid=PAVERTVgNSBBRleHRuA2FlbQIxMAABpwF8VswtQRKdOg4XG0MC6A1g4ywhMN2_I-pCaXZTfAgoKkS37GNA7tkTiSST_aem_tRTmfHq0NQ_O0NzOrt7a_A\"><b>Cerim&ocirc;nia de Premia&ccedil;&atilde;o<\/b><\/a><b>, durente o &ldquo;Geossint&eacute;ticos em Pauta&rdquo;, 06 de novembro de 2025, 13h &agrave;s 18h, presencial, sede ABINT, rua Marqu&ecirc;s de Itu, 968, Higien&oacute;polis, S&atilde;o Paulo, SP<\/b><\/p>\r\n\r\n<p>&nbsp;<\/p>\r\n\r\n<p><b><img src=\"https:\/\/www.abint.org.br\/assets\/img\/editor\/post-quadrado-curso-naotecido_20251021174921nZdUwTqMfl.jpg\" style=\"width: 500px; height: 500px;\" \/><\/b><\/p>\r\n\r\n<p><strong><a href=\"https:\/\/forms.cloud.microsoft\/r\/5DrqtK5n3Y\">Informa&ccedil;&otilde;es e inscri&ccedil;&otilde;es<\/a><\/strong><\/p>\r\n\r\n<p>&nbsp;<\/p>\r\n\r\n<p><b><img src=\"https:\/\/www.abint.org.br\/assets\/img\/editor\/20251117-workshop-iso-astm-abnt_20251015193426QqcNHCi4bT.jpg\" style=\"width: 500px; height: 500px;\" \/><\/b><\/p>\r\n\r\n<p><b>CTG ABINT | Patrocinador Especial do&nbsp;<\/b><a href=\"https:\/\/www.even3.com.br\/international-geosynthetics-workshop-standards-and-updates-in-infrastructure-and-sustainability-616680\/\"><b><i>International Geosynthetics Workshop: Standards and updates in Infrastructure and Sustainability<\/i><\/b><\/a><b><i>,&nbsp;<\/i><\/b><b>17 de novembro de 2025, 08h &agrave;s 18h, presencial, Pontif&iacute;cia Universidade Cat&oacute;lica do Rio de Janeiro (PUC-Rio), Rio de Janeiro, RJ, Brasil<\/b><\/p>\r\n\r\n<p>&nbsp;<\/p>\r\n\r\n<p class=\"MsoTitle\" style=\"text-align:justify\"><span style=\"font-size:28pt\"><span style=\"font-family:Cambria,serif\"><span style=\"letter-spacing:-0.5pt\"><b><span style=\"font-size:18.0pt\"><span style=\"font-family:&quot;Calibri&quot;,sans-serif\"><span style=\"font-variant:small-caps\">Not&iacute;cias das Associadas<\/span><\/span><\/span><\/b><\/span><\/span><\/span><\/p>\r\n\r\n<p style=\"text-align:justify\"><span style=\"font-size:11pt\"><span style=\"line-height:normal\"><span style=\"font-family:Calibri,sans-serif\"><a href=\"https:\/\/oprogressonet.com\/noticia\/49164\/ctg-abint-lanca-cartilha-de-boas-praticas-no-uso-de-geossinteticos-para-o-agronegocio\" style=\"color:blue; text-decoration:underline\"><span style=\"font-size:14.0pt\">CTG ABINT lan&ccedil;a cartilha de boas pr&aacute;ticas no uso de geossint&eacute;ticos para o agroneg&oacute;cio<\/span><\/a><\/span><\/span><\/span><\/p>\r\n\r\n<p style=\"text-align:justify\"><span style=\"font-size:11pt\"><span style=\"line-height:normal\"><span style=\"font-family:Calibri,sans-serif\"><a href=\"https:\/\/agitomax.com.br\/noticia\/15264\/dia-06-11-entrega-da-maior-premiacao-de-trabalhos-academicos-de-graduacao-voltados-aos-geossinteticos\" style=\"color:blue; text-decoration:underline\"><span style=\"font-size:14.0pt\">Dia 06\/11: entrega da maior premia&ccedil;&atilde;o de trabalhos acad&ecirc;micos de gradua&ccedil;&atilde;o voltados aos geossint&eacute;ticos<\/span><\/a><\/span><\/span><\/span><\/p>\r\n\r\n<p style=\"text-align:justify\"><span style=\"font-size:11pt\"><span style=\"line-height:normal\"><span style=\"font-family:Calibri,sans-serif\"><a href=\"https:\/\/www.nonwovens-industry.com\/breaking-news\/filc-renamed-freudenberg-performance-materials\/\" style=\"color:blue; text-decoration:underline\"><span lang=\"EN-US\" style=\"font-size:14.0pt\">Filc Renamed Freudenberg Performance Materials<\/span><\/a><\/span><\/span><\/span><\/p>\r\n\r\n<p style=\"text-align:justify\"><span style=\"font-size:11pt\"><span style=\"line-height:normal\"><span style=\"font-family:Calibri,sans-serif\"><a href=\"https:\/\/www.nonwovens-industry.com\/breaking-news\/suominen-rsquo-s-sales-fall\/\" style=\"color:blue; text-decoration:underline\"><span lang=\"EN-US\" style=\"font-size:14.0pt\">Suominen&rsquo;s Sales Fall<\/span><\/a><\/span><\/span><\/span><\/p>\r\n\r\n<p style=\"text-align:justify\"><span style=\"font-size:11pt\"><span style=\"line-height:normal\"><span style=\"font-family:Calibri,sans-serif\"><a href=\"https:\/\/www.fibre2fashion.com\/news\/textile-news\/trutzschler-to-showcase-smart-t-can-automation-at-itma-asia-2025-306073-newsdetails.htm\" style=\"color:blue; text-decoration:underline\"><span lang=\"EN-US\" style=\"font-size:14.0pt\">Trutzschler to showcase smart T-CAN automation at ITMA ASIA 2025<\/span><\/a><\/span><\/span><\/span><\/p>\r\n\r\n<p style=\"text-align:justify\">&nbsp;<\/p>\r\n\r\n<p style=\"text-align:justify\"><span style=\"font-size:11pt\"><span style=\"line-height:normal\"><span style=\"font-family:Calibri,sans-serif\"><b><span style=\"font-size:18.0pt\"><span style=\"font-variant:small-caps\">Eventos<\/span><\/span><\/b><\/span><\/span><\/span><\/p>\r\n\r\n<p style=\"text-align:justify\"><span style=\"font-size:11pt\"><span style=\"line-height:normal\"><span style=\"font-family:Calibri,sans-serif\"><a href=\"https:\/\/www.anahp.com.br\/evento\/seminario-anahp-pesquisa-clinica\/\" style=\"color:blue; text-decoration:underline\"><b><span style=\"font-size:14.0pt\">Semin&aacute;rio Anahp &ndash; Pesquisa Cl&iacute;nica<\/span><\/b><\/a><span style=\"font-size:14.0pt\">, 06 de novembro de 205, 14h00, evento h&iacute;brido<\/span><\/span><\/span><\/span><\/p>\r\n\r\n<p style=\"text-align:justify\"><span style=\"font-size:11pt\"><span style=\"line-height:normal\"><span style=\"font-family:Calibri,sans-serif\"><a href=\"https:\/\/www.hygienix.org\/index.html\" style=\"color:blue; text-decoration:underline\"><b><span style=\"font-size:14.0pt\">Hygienix&trade;<\/span><\/b><\/a><span style=\"font-size:14.0pt\">, November 17-20, 2025, Omni Orlando ChampionsGate, ChampionsGate, FL, USA<\/span><\/span><\/span><\/span><\/p>\r\n\r\n<p style=\"text-align:justify\"><span style=\"font-size:11pt\"><span style=\"line-height:normal\"><span style=\"font-family:Calibri,sans-serif\"><a href=\"https:\/\/tendencias.sobratema.com\/?utm_source=akna&amp;utm_medium=email&amp;utm_campaign=Sua-marca-em-destaque-no-20-Tendencias-do-Mercado-da-Construcao-patrocine-este-encontro-estrategico\" style=\"color:blue; text-decoration:underline\"><b><span style=\"font-size:14.0pt\">SOBRATEMA | 20&ordf; Tend&ecirc;ncias do Mercado da Constru&ccedil;&atilde;o<\/span><\/b><\/a><span style=\"font-size:14.0pt\">, 26 de novembro de 2025, 18h, APAS, S&atilde;o Paulo, SP<\/span><\/span><\/span><\/span><\/p>\r\n\r\n<p style=\"text-align:justify\"><span style=\"font-size:11pt\"><span style=\"line-height:normal\"><span style=\"font-family:Calibri,sans-serif\"><a href=\"https:\/\/filtech.de\/\" style=\"color:blue; text-decoration:underline\"><b><span style=\"font-size:14.0pt\">Filtech 2026<\/span><\/b><\/a><span style=\"font-size:14.0pt\">, de 30 de junho a 2 de julho, Cologne, Alemanha<\/span><\/span><\/span><\/span><\/p>\r\n\r\n<p style=\"text-align:justify\"><span style=\"font-size:11pt\"><span style=\"line-height:normal\"><span style=\"font-family:Calibri,sans-serif\"><a href=\"https:\/\/ficons.com.br\/\" style=\"color:blue; text-decoration:underline\"><b><span style=\"font-size:14.0pt\">FICONS - Feira Internacional de Materiais, Equipamentos e Servi&ccedil;os da Constru&ccedil;&atilde;o<\/span><\/b><\/a><span style=\"font-size:14.0pt\">, 15 a 18 de setembro de 2026, Centro de Conven&ccedil;&otilde;es de Pernambuco Recife\/ Olinda<\/span><\/span><\/span><\/span><\/p>\r\n\r\n<p style=\"text-align:justify\"><span style=\"font-size:11pt\"><span style=\"line-height:normal\"><span style=\"font-family:Calibri,sans-serif\"><a href=\"https:\/\/www.edana.org\/events\/outlook\/outlook-2025\" style=\"color:blue; text-decoration:underline\"><b><span style=\"font-size:14.0pt\">OUTLOOK&trade; 2026<\/span><\/b><\/a><span style=\"font-size:14.0pt\">, 22&ndash;24 September 2026, Hotel Miragem, Cascais, Portugal<\/span><\/span><\/span><\/span><\/p>\r\n\r\n<p style=\"text-align:justify\"><span style=\"font-size:28pt\"><span style=\"font-family:Cambria,serif\"><span style=\"letter-spacing:-0.5pt\"><b><span lang=\"EN-US\" style=\"font-size:18.0pt\"><span style=\"font-family:&quot;Calibri&quot;,sans-serif\"><span style=\"font-variant:small-caps\">Setor<\/span><\/span><\/span><\/b><\/span><\/span><\/span><\/p>\r\n\r\n<p style=\"text-align:justify\"><span style=\"font-size:11pt\"><span style=\"line-height:normal\"><span style=\"font-family:Calibri,sans-serif\"><a href=\"https:\/\/www.nonwovens-industry.com\/exclusives\/artificial-intelligence-in-nonwovens-from-materials-science-to-the-factory-floor\/\" style=\"color:blue; text-decoration:underline\"><span lang=\"EN-US\" style=\"font-size:14.0pt\">Artificial Intelligence in Nonwovens: From Materials Science to the Factory Floor<\/span><\/a><\/span><\/span><\/span><\/p>\r\n\r\n<p style=\"text-align:justify\"><span style=\"font-size:11pt\"><span style=\"line-height:normal\"><span style=\"font-family:Calibri,sans-serif\"><a href=\"https:\/\/www.nonwovens-industry.com\/filtration-report\/\" style=\"color:blue; text-decoration:underline\"><span lang=\"EN-US\" style=\"font-size:14.0pt\">Filtration Report<\/span><\/a><\/span><\/span><\/span><\/p>\r\n\r\n<p style=\"text-align:justify\"><span style=\"font-size:11pt\"><span style=\"line-height:normal\"><span style=\"font-family:Calibri,sans-serif\"><a href=\"https:\/\/www.nonwovens-industry.com\/industrial-institutional-wipes-market-evolves\/\" style=\"color:blue; text-decoration:underline\"><span lang=\"EN-US\" style=\"font-size:14.0pt\">Industrial &amp; Institutional Wipes Market Evolves<\/span><\/a><\/span><\/span><\/span><\/p>\r\n\r\n<p style=\"text-align:justify\"><span style=\"font-size:11pt\"><span style=\"line-height:normal\"><span style=\"font-family:Calibri,sans-serif\"><a href=\"https:\/\/www.nonwovens-industry.com\/smithers-report-identifies-growth-in-filtration\/\" style=\"color:blue; text-decoration:underline\"><span lang=\"EN-US\" style=\"font-size:14.0pt\">Smithers Report Identifies Growth in Filtration<\/span><\/a><\/span><\/span><\/span><\/p>\r\n\r\n<p style=\"text-align:justify\"><span style=\"font-size:11pt\"><span style=\"line-height:normal\"><span style=\"font-family:Calibri,sans-serif\"><a href=\"https:\/\/www.quimica.com.br\/industria-de-fibras-sinteticas-evolui-apesar-da-concorrencia\/\" style=\"color:blue; text-decoration:underline\"><span style=\"font-size:14.0pt\">Ind&uacute;stria de fibras sint&eacute;ticas evolui, apesar da concorr&ecirc;ncia<\/span><\/a><\/span><\/span><\/span><\/p>\r\n\r\n<p style=\"text-align:justify\"><span style=\"font-size:11pt\"><span style=\"line-height:normal\"><span style=\"font-family:Calibri,sans-serif\"><a href=\"https:\/\/revistaplasticosul.com.br\/industria-4-0\/petroquimica-investe-r-42-bilhoes-para-ampliar-producao-no-rio-de-janeiro-e-reforca-parceria-com-a-petrobras\/\" style=\"color:blue; text-decoration:underline\"><span style=\"font-size:14.0pt\">Petroqu&iacute;mica investe R$ 4,2 bilh&otilde;es para ampliar produ&ccedil;&atilde;o no Rio de Janeiro e refor&ccedil;a parceria com a Petrobras<\/span><\/a><\/span><\/span><\/span><\/p>\r\n\r\n<p style=\"text-align:justify\"><span style=\"font-size:11pt\"><span style=\"line-height:normal\"><span style=\"font-family:Calibri,sans-serif\"><a href=\"https:\/\/portalpersonalcare.com.br\/ccm-industria-de-descartaveis-compensa-mais-de-27-mil-toneladas-de-plastico-entre-2021-e-2024\/?utm_medium=email&amp;utm_campaign=newsletter_29102025&amp;utm_source=RD+Station\" style=\"color:blue; text-decoration:underline\"><span style=\"font-size:14.0pt\">CCM Ind&uacute;stria de Descart&aacute;veis compensa mais de 2,7 mil toneladas de pl&aacute;stico entre 2021 e 2024<\/span><\/a><\/span><\/span><\/span><\/p>\r\n\r\n<p style=\"text-align:justify\"><span style=\"font-size:11pt\"><span style=\"line-height:normal\"><span style=\"font-family:Calibri,sans-serif\"><a href=\"https:\/\/www.nonwovens-industry.com\/breaking-news\/kimberly-clark-releases-quarterly-results\/\" style=\"color:blue; text-decoration:underline\"><span style=\"font-size:14.0pt\">Kimberly-Clark Releases Quarterly Results<\/span><\/a><\/span><\/span><\/span><\/p>\r\n\r\n<p style=\"text-align:justify\"><span style=\"font-size:11pt\"><span style=\"line-height:normal\"><span style=\"font-family:Calibri,sans-serif\"><a href=\"https:\/\/sinditextilsp.org.br\/home\/2025\/10\/setor-textil-lidera-alta-na-atividade-industrial-em-setembro\/?utm_medium=email&amp;utm_campaign=sindinews_-_30102025&amp;utm_source=RD+Station\" style=\"color:blue; text-decoration:underline\"><span style=\"font-size:14.0pt\">Setor t&ecirc;xtil lidera alta na atividade industrial em setembro<\/span><\/a><\/span><\/span><\/span><\/p>\r\n\r\n<p style=\"text-align:justify\"><span style=\"font-size:28pt\"><span style=\"font-family:Cambria,serif\"><span style=\"letter-spacing:-0.5pt\"><b><span style=\"font-size:18.0pt\"><span style=\"font-family:&quot;Calibri&quot;,sans-serif\"><span style=\"font-variant:small-caps\">Ind&uacute;stria<\/span><\/span><\/span><\/b><\/span><\/span><\/span><\/p>\r\n\r\n<p style=\"text-align:justify\"><span style=\"font-size:11pt\"><span style=\"line-height:normal\"><span style=\"font-family:Calibri,sans-serif\"><a href=\"https:\/\/portalibre.fgv.br\/system\/files\/divulgacao\/noticias\/mat-complementar\/2025-11\/%C3%8Dndice%20de%20Confian%C3%A7a%20Empresarial%20FGV_press%20release_Out25.pdf\" style=\"color:blue; text-decoration:underline\"><span style=\"font-size:14.0pt\">Confian&ccedil;a Empresarial anda de lado e se mant&eacute;m em patamar pessimista<\/span><\/a><\/span><\/span><\/span><\/p>\r\n\r\n<p style=\"text-align:justify\"><span style=\"font-size:11pt\"><span style=\"line-height:normal\"><span style=\"font-family:Calibri,sans-serif\"><a href=\"https:\/\/plasticosemrevista.com.br\/o-desafio-de-tirar-boas-intencoes-do-papel\/\" style=\"color:blue; text-decoration:underline\"><span style=\"font-size:14.0pt\">O desafio de tirar boas inten&ccedil;&otilde;es do papel: prop&oacute;sitos e dilemas da pol&iacute;tica Nova Ind&uacute;stria Brasil<\/span><\/a><\/span><\/span><\/span><\/p>\r\n\r\n<p style=\"text-align:justify\"><span style=\"font-size:11pt\"><span style=\"line-height:normal\"><span style=\"font-family:Calibri,sans-serif\"><a href=\"https:\/\/noticias.portaldaindustria.com.br\/noticias\/infraestrutura\/custo-da-energia-e-o-ponto-da-infraestrutura-que-mais-impacta-a-industria-diz-diretor-da-cni\/\" style=\"color:blue; text-decoration:underline\"><span style=\"font-size:14.0pt\">Custo da energia &eacute; o ponto da infraestrutura que mais impacta a ind&uacute;stria, diz diretor da CNI<\/span><\/a><\/span><\/span><\/span><\/p>\r\n\r\n<p style=\"text-align:justify\"><span style=\"font-size:11pt\"><span style=\"line-height:normal\"><span style=\"font-family:Calibri,sans-serif\"><a href=\"https:\/\/www.terra.com.br\/economia\/industria-da-construcao-reduz-projecao-de-crescimento-de-23-para-13-por-efeito-dos-juros,95d3d6d39d7fc7640bc8ae9d0e9954a546p3gf4g.html\" style=\"color:blue; text-decoration:underline\"><span style=\"font-size:14.0pt\">Ind&uacute;stria da constru&ccedil;&atilde;o reduz proje&ccedil;&atilde;o de crescimento de 2,3% para 1,3% por efeito dos juros<\/span><\/a><\/span><\/span><\/span><\/p>\r\n\r\n<p style=\"text-align:justify\"><span style=\"font-size:11pt\"><span style=\"line-height:normal\"><span style=\"font-family:Calibri,sans-serif\"><a href=\"https:\/\/sinditextilsp.org.br\/home\/2025\/10\/atividade-industrial-paulista-registra-queda-em-outubro-mostra-sensor\/?utm_medium=email&amp;utm_campaign=sindinews_-_30102025&amp;utm_source=RD+Station\" style=\"color:blue; text-decoration:underline\"><span style=\"font-size:14.0pt\">Atividade industrial paulista registra queda em outubro<\/span><\/a><\/span><\/span><\/span><\/p>\r\n\r\n<p style=\"text-align:justify\"><span style=\"font-size:11pt\"><span style=\"line-height:normal\"><span style=\"font-family:Calibri,sans-serif\"><a href=\"https:\/\/www.fibre2fashion.com\/news\/textile-news\/global-commodity-prices-to-hit-six-year-low-in-2026-world-bank-306122-newsdetails.htm\" style=\"color:blue; text-decoration:underline\"><span lang=\"EN-US\" style=\"font-size:14.0pt\">Global commodity prices to hit six-year low in 2026: World Bank<\/span><\/a><\/span><\/span><\/span><\/p>\r\n\r\n<p style=\"text-align:justify\"><span style=\"font-size:28pt\"><span style=\"font-family:Cambria,serif\"><span style=\"letter-spacing:-0.5pt\"><b><span style=\"font-size:18.0pt\"><span style=\"font-family:&quot;Calibri&quot;,sans-serif\"><span style=\"font-variant:small-caps\">Sustentabilidade<\/span><\/span><\/span><\/b><\/span><\/span><\/span><\/p>\r\n\r\n<p style=\"text-align:justify\"><span style=\"font-size:11pt\"><span style=\"line-height:normal\"><span style=\"font-family:Calibri,sans-serif\"><a href=\"https:\/\/www.abit.org.br\/noticias\/site-da-liga-de-descarbonizacao-marca-nova-fase-do-movimento\" style=\"color:blue; text-decoration:underline\"><span style=\"font-size:14.0pt\">Site da Liga de Descarboniza&ccedil;&atilde;o marca nova fase do movimento<\/span><\/a><\/span><\/span><\/span><\/p>\r\n\r\n<p style=\"text-align:justify\"><span style=\"font-size:11pt\"><span style=\"line-height:normal\"><span style=\"font-family:Calibri,sans-serif\"><a href=\"https:\/\/conectaverde.com.br\/decreto-disciplina-sistema-de-logistica-reversa-de-embalagens-de-plastico-em-ambito-nacional\/\" style=\"color:blue; text-decoration:underline\"><span style=\"font-size:14.0pt\">Decreto disciplina sistema de log&iacute;stica reversa de embalagens de pl&aacute;stico em &acirc;mbito nacional<\/span><\/a><\/span><\/span><\/span><\/p>\r\n\r\n<p style=\"text-align:justify\"><span style=\"font-size:11pt\"><span style=\"line-height:normal\"><span style=\"font-family:Calibri,sans-serif\"><a href=\"https:\/\/revistaplasticosul.com.br\/industria-4-0\/programa-de-sustentabilidade-da-industria-quimica-e-aprovado-pela-camara-e-promete-impulso-de-r-112-bilhoes-no-pib\/\" style=\"color:blue; text-decoration:underline\"><span style=\"font-size:14.0pt\">Programa de sustentabilidade da ind&uacute;stria qu&iacute;mica &eacute; aprovado pela c&acirc;mara e promete impulso de R$ 112 bilh&otilde;es no PIB<\/span><\/a><\/span><\/span><\/span><\/p>\r\n\r\n<p style=\"text-align:justify\"><span style=\"font-size:11pt\"><span style=\"line-height:normal\"><span style=\"font-family:Calibri,sans-serif\"><a href=\"https:\/\/noticias.portaldaindustria.com.br\/noticias\/sesi-lab\/sesi-lab-e-movimento-plastico-transforma-firmam-parceria-para-estimular-consumo-consciente-e-economia-circular\/\" style=\"color:blue; text-decoration:underline\"><span style=\"font-size:14.0pt\">SESI Lab e Movimento Pl&aacute;stico Transforma firmam parceria para estimular consumo consciente e economia circular<\/span><\/a><\/span><\/span><\/span><\/p>\r\n\r\n<p style=\"text-align:justify\"><span style=\"font-size:11pt\"><span style=\"line-height:normal\"><span style=\"font-family:Calibri,sans-serif\"><a href=\"https:\/\/apexbrasil.com.br\/content\/apexbrasil\/br\/pt\/conteudo\/noticias\/otc-brasil-2025--apexbrasil-fortalece-o-trabalho-de-atracao-de-i.html#msdynmkt_trackingcontext=03a16af2-5bab-45f9-8289-82bc945b0300\" style=\"color:blue; text-decoration:underline\"><span style=\"font-size:14.0pt\">ApexBrasil fortalece o trabalho de atra&ccedil;&atilde;o de investimentos estrangeiros em descarboniza&ccedil;&atilde;o com imers&atilde;o de empresas no pa&iacute;s<\/span><\/a><\/span><\/span><\/span><\/p>\r\n\r\n<p style=\"text-align:justify\"><span style=\"font-size:11pt\"><span style=\"line-height:normal\"><span style=\"font-family:Calibri,sans-serif\"><a href=\"https:\/\/www.fibre2fashion.com\/news\/textile-news\/eu-enforces-new-waste-framework-directive-to-boost-circular-economy-305929-newsdetails.htm\" style=\"color:blue; text-decoration:underline\"><span lang=\"EN-US\" style=\"font-size:14.0pt\">EU enforces new Waste Framework Directive to boost circular economy<\/span><\/a><\/span><\/span><\/span><\/p>\r\n\r\n<p style=\"text-align:justify\"><span style=\"font-size:28pt\"><span style=\"font-family:Cambria,serif\"><span style=\"letter-spacing:-0.5pt\"><b><span style=\"font-size:18.0pt\"><span style=\"font-family:&quot;Calibri&quot;,sans-serif\"><span style=\"font-variant:small-caps\">Inova&ccedil;&atilde;o<\/span><\/span><\/span><\/b><\/span><\/span><\/span><\/p>\r\n\r\n<p style=\"text-align:justify\"><span style=\"font-size:11pt\"><span style=\"line-height:normal\"><span style=\"font-family:Calibri,sans-serif\"><a href=\"https:\/\/www.inovacaotecnologica.com.br\/noticias\/noticia.php?artigo=tecido-inteligente-ouve-sem-microfone&amp;id=010150251029&amp;ebol=sim#google_vignette\" style=\"color:blue; text-decoration:underline\"><span style=\"font-size:14.0pt\">Tecido inteligente ouve sua voz sem microfone e se conecta com IA<\/span><\/a><\/span><\/span><\/span><\/p>\r\n\r\n<p style=\"text-align:justify\"><span style=\"font-size:11pt\"><span style=\"line-height:normal\"><span style=\"font-family:Calibri,sans-serif\"><a href=\"https:\/\/www.abit.org.br\/noticias\/investimentos-estrategicos-e-inovacao-tecnologica-sao-caminhos-para-o-aumento-da-produtividade-no-setor-textil\" style=\"color:blue; text-decoration:underline\"><span style=\"font-size:14.0pt\">Investimentos estrat&eacute;gicos e inova&ccedil;&atilde;o tecnol&oacute;gica s&atilde;o caminhos para o aumento da produtividade no setor t&ecirc;xtil<\/span><\/a><\/span><\/span><\/span><\/p>\r\n\r\n<p style=\"text-align:justify\"><span style=\"font-size:11pt\"><span style=\"line-height:normal\"><span style=\"font-family:Calibri,sans-serif\"><a href=\"https:\/\/noticias.portaldaindustria.com.br\/noticias\/inovacao-e-tecnologia\/df-jornada-nacional-de-inovacao-discute-importancia-dos-ecossistemas-de-inovacao\/\" style=\"color:blue; text-decoration:underline\"><span style=\"font-size:14.0pt\">DF: Jornada Nacional de Inova&ccedil;&atilde;o discute import&acirc;ncia dos ecossistemas de inova&ccedil;&atilde;o<\/span><\/a><\/span><\/span><\/span><\/p>\r\n\r\n<p style=\"text-align:justify\"><span style=\"font-size:28pt\"><span style=\"font-family:Cambria,serif\"><span style=\"letter-spacing:-0.5pt\"><b><span style=\"font-size:18.0pt\"><span style=\"font-family:&quot;Calibri&quot;,sans-serif\"><span style=\"font-variant:small-caps\">Com&eacute;rcio Exterior<\/span><\/span><\/span><\/b><\/span><\/span><\/span><\/p>\r\n\r\n<p style=\"text-align:justify\"><span style=\"font-size:11pt\"><span style=\"line-height:normal\"><span style=\"font-family:Calibri,sans-serif\"><a href=\"https:\/\/static.portaldaindustria.com.br\/media\/filer_public\/dd\/ba\/ddba2836-5c1d-4047-9280-114b181e02f2\/apc_19_defesacomercial_20251028_1.pdf\" style=\"color:blue; text-decoration:underline\"><span style=\"font-size:14.0pt\">Defesa Comercial: panorama e prioridades da Ind&uacute;stria<\/span><\/a><\/span><\/span><\/span><\/p>\r\n\r\n<p style=\"text-align:justify\"><span style=\"font-size:11pt\"><span style=\"line-height:normal\"><span style=\"font-family:Calibri,sans-serif\"><a href=\"https:\/\/g1.globo.com\/economia\/noticia\/2025\/10\/29\/trump-diz-que-chegou-a-acordo-comercial-com-a-coreia-do-sul.ghtml\" style=\"color:blue; text-decoration:underline\"><span style=\"font-size:14.0pt\">Trump diz que chegou a acordo comercial com a Coreia do Sul<\/span><\/a><\/span><\/span><\/span><\/p>\r\n\r\n<p style=\"text-align:justify\"><span style=\"font-size:11pt\"><span style=\"line-height:normal\"><span style=\"font-family:Calibri,sans-serif\"><a href=\"https:\/\/www.moveisdevalor.com.br\/portal\/tarifas-de-importacao-aos-eua-impulsionam-a-producao-domestica?source=news\" style=\"color:blue; text-decoration:underline\"><span style=\"font-size:14.0pt\">Tarifas de importa&ccedil;&atilde;o aos EUA impulsionam a produ&ccedil;&atilde;o dom&eacute;stica<\/span><\/a><\/span><\/span><\/span><\/p>\r\n\r\n<p style=\"text-align:justify\"><span style=\"font-size:11pt\"><span style=\"line-height:normal\"><span style=\"font-family:Calibri,sans-serif\"><a href=\"https:\/\/www.migalhas.com.br\/depeso\/443184\/acordo-mercosul-efta-reforca-patentes-e-abre-oportunidades-ao-brasil\" style=\"color:blue; text-decoration:underline\"><span style=\"font-size:14.0pt\">Acordo Mercosul-Efta fortalece prote&ccedil;&atilde;o de patentes e amplia oportunidades para exportadores brasileiros<\/span><\/a><\/span><\/span><\/span><\/p>\r\n\r\n<p style=\"text-align:justify\"><span style=\"font-size:28pt\"><span style=\"font-family:Cambria,serif\"><span style=\"letter-spacing:-0.5pt\"><b><span style=\"font-size:18.0pt\"><span style=\"font-family:&quot;Calibri&quot;,sans-serif\"><span style=\"font-variant:small-caps\">Economia<\/span><\/span><\/span><\/b><\/span><\/span><\/span><\/p>\r\n\r\n<p style=\"text-align:justify\"><span style=\"font-size:11pt\"><span style=\"line-height:normal\"><span style=\"font-family:Calibri,sans-serif\"><a href=\"https:\/\/www.bcb.gov.br\/content\/focus\/focus\/R20251031.pdf\" style=\"color:blue; text-decoration:underline\"><span style=\"font-size:14.0pt\">Focus - Relat&oacute;rio de Mercado<\/span><\/a><\/span><\/span><\/span><\/p>\r\n\r\n<p style=\"text-align:justify\"><span style=\"font-size:11pt\"><span style=\"line-height:normal\"><span style=\"font-family:Calibri,sans-serif\"><a href=\"https:\/\/www.bcb.gov.br\/content\/controleinflacao\/focusdistribuicoesfrequencia\/P20251103-Focus-Distribuicoes-de-frequencia.pdf\" style=\"color:blue; text-decoration:underline\"><span style=\"font-size:14.0pt\">Focus &ndash; Distribui&ccedil;&otilde;es de Frequ&ecirc;ncia das Expectativas de Mercado para IPCA, Selic, PIB e C&acirc;mbio.<\/span><\/a><\/span><\/span><\/span><\/p>\r\n\r\n<p style=\"text-align:justify\"><span style=\"font-size:11pt\"><span style=\"line-height:normal\"><span style=\"font-family:Calibri,sans-serif\"><a href=\"https:\/\/portalibre.fgv.br\/system\/files\/divulgacao\/noticias\/mat-complementar\/2025-10\/PressRelease_IIE-BR_out25.pdf\" style=\"color:blue; text-decoration:underline\"><span style=\"font-size:14.0pt\">Incerteza Econ&ocirc;mica aumenta em outubro<\/span><\/a><\/span><\/span><\/span><\/p>\r\n\r\n<p style=\"text-align:justify\"><span style=\"font-size:11pt\"><span style=\"line-height:normal\"><span style=\"font-family:Calibri,sans-serif\"><a href=\"https:\/\/portalibre.fgv.br\/system\/files\/divulgacao\/noticias\/mat-complementar\/2025-11\/Apresenta%C3%A7%C3%A3o%20-%20S%C3%ADntese%20das%20Sondagens%20-%20Outubro%202025.pdf\" style=\"color:blue; text-decoration:underline\"><span style=\"font-size:14.0pt\">Indicadores de Confian&ccedil;a e de Incerteza do FGV IBRE<\/span><\/a><\/span><\/span><\/span><\/p>\r\n\r\n<p style=\"text-align:justify\"><span style=\"font-size:11pt\"><span style=\"line-height:normal\"><span style=\"font-family:Calibri,sans-serif\"><a href=\"https:\/\/www.fibre2fashion.com\/news\/textile-news\/china-s-gdp-grows-5-2-yoy-in-1st-3-quarters-of-2025-305959-newsdetails.htm\" style=\"color:blue; text-decoration:underline\"><span lang=\"EN-US\" style=\"font-size:14.0pt\">China&#39;s GDP grows 5.2% YoY in 1st 3 quarters of 2025<\/span><\/a><\/span><\/span><\/span><\/p>\r\n","texto_en":"","7":"","imagem":"COMP_capa-2025-site-boletim-abint-noticias-semanis_20251104192023sNxc1885XV.jpg","8":"COMP_capa-2025-site-boletim-abint-noticias-semanis_20251104192023sNxc1885XV.jpg","arquivo":"20251104-BOLETIM-ABINT-DE-NOTICIAS-SEMANAIS.PDF","9":"20251104-BOLETIM-ABINT-DE-NOTICIAS-SEMANAIS.PDF","titulo_arquivo":"20251104 Boletim ABINT de Not\u00edcias Semanais","10":"20251104 Boletim ABINT de Not\u00edcias Semanais","titulo_arquivo_en":"","11":"","created_at":"2025-11-04 19:20:32","12":"2025-11-04 19:20:32","updated_at":"2025-11-04 19:20:32","13":"2025-11-04 19:20:32"},{"id":203,"0":203,"ordem":20,"1":20,"data":"2025-10-28","2":"2025-10-28","slug":"boletim-abint-de-noticias-semanais-101","3":"boletim-abint-de-noticias-semanais-101","titulo":"Boletim ABINT de Not\u00edcias Semanais","4":"Boletim ABINT de Not\u00edcias Semanais","titulo_en":"","5":"","texto":"<p style=\"text-align:justify\"><span style=\"font-size:11pt\"><span style=\"line-height:normal\"><span style=\"font-family:Calibri,sans-serif\"><span style=\"font-size:14.0pt\">Esta &eacute; uma compila&ccedil;&atilde;o das not&iacute;cias mais relevantes para o setor, incluindo informa&ccedil;&otilde;es sobre acordos internacionais, economia brasileira, sustentabilidade e mat&eacute;rias primas, al&eacute;m de novidades do setor de N&atilde;otecidos e Tecidos T&eacute;cnicos.<\/span><\/span><\/span><\/span><\/p>\r\n\r\n<p style=\"text-align:justify\"><span style=\"font-size:28pt\"><span style=\"font-family:Cambria,serif\"><span style=\"letter-spacing:-0.5pt\"><b><span style=\"font-size:18.0pt\"><span style=\"font-family:&quot;Calibri&quot;,sans-serif\"><span style=\"font-variant:small-caps\">O que vem por a&iacute;<\/span><\/span><\/span><\/b><\/span><\/span><\/span><\/p>\r\n\r\n<p style=\"text-align:justify\">&nbsp;<\/p>\r\n\r\n<p><img src=\"https:\/\/www.abint.org.br\/assets\/img\/editor\/congresso-abit-2025-1_20250923191347WI6Kiky2I3.png\" style=\"width: 500px; height: 625px;\" \/><\/p>\r\n\r\n<p><a href=\"https:\/\/www.congressoabit.com.br\/\"><b>Acesse aqui mais informa&ccedil;&otilde;es<\/b><\/a><\/p>\r\n\r\n<p>&nbsp;<\/p>\r\n\r\n<p><img src=\"https:\/\/www.abint.org.br\/assets\/img\/editor\/nova-logo-premio-tcc-ic_20251014200023iBYOW5yEJX.png\" \/><\/p>\r\n\r\n<p><a href=\"https:\/\/www.even3.com.br\/encontro-anual-igs-brasil-geossinteticos-em-pauta-636131\/?fbclid=PAVERTVgNSBBRleHRuA2FlbQIxMAABpwF8VswtQRKdOg4XG0MC6A1g4ywhMN2_I-pCaXZTfAgoKkS37GNA7tkTiSST_aem_tRTmfHq0NQ_O0NzOrt7a_A\"><b>Cerim&ocirc;nia de Premia&ccedil;&atilde;o<\/b><\/a><b>, durente o &ldquo;Geossint&eacute;ticos em Pauta&rdquo;, 06 de novembro de 2025, 13h &agrave;s 18h, presencial, sede ABINT, rua Marqu&ecirc;s de Itu, 968, Higien&oacute;polis, S&atilde;o Paulo, SP<\/b><\/p>\r\n\r\n<p>&nbsp;<\/p>\r\n\r\n<p><b><img src=\"https:\/\/www.abint.org.br\/assets\/img\/editor\/post-quadrado-curso-naotecido_20251021174921nZdUwTqMfl.jpg\" style=\"width: 500px; height: 500px;\" \/><\/b><\/p>\r\n\r\n<p><strong><a href=\"https:\/\/forms.cloud.microsoft\/r\/5DrqtK5n3Y\">Informa&ccedil;&otilde;es e inscri&ccedil;&otilde;es<\/a><\/strong><\/p>\r\n\r\n<p>&nbsp;<\/p>\r\n\r\n<p><b><img src=\"https:\/\/www.abint.org.br\/assets\/img\/editor\/20251117-workshop-iso-astm-abnt_20251015193426QqcNHCi4bT.jpg\" style=\"width: 500px; height: 500px;\" \/><\/b><\/p>\r\n\r\n<p><b>CTG ABINT | Patrocinador Especial do&nbsp;<\/b><a href=\"https:\/\/www.even3.com.br\/international-geosynthetics-workshop-standards-and-updates-in-infrastructure-and-sustainability-616680\/\"><b><i>International Geosynthetics Workshop: Standards and updates in Infrastructure and Sustainability<\/i><\/b><\/a><b><i>,&nbsp;<\/i><\/b><b>17 de novembro de 2025, 08h &agrave;s 18h, presencial, Pontif&iacute;cia Universidade Cat&oacute;lica do Rio de Janeiro (PUC-Rio), Rio de Janeiro, RJ, Brasil<\/b><\/p>\r\n\r\n<p>&nbsp;<\/p>\r\n\r\n<p class=\"MsoTitle\" style=\"text-align:justify\"><span style=\"font-size:28pt\"><span style=\"font-family:Cambria,serif\"><span style=\"letter-spacing:-0.5pt\"><b><span style=\"font-size:18.0pt\"><span style=\"font-family:&quot;Calibri&quot;,sans-serif\"><span style=\"font-variant:small-caps\">Not&iacute;cias das Associadas<\/span><\/span><\/span><\/b><\/span><\/span><\/span><\/p>\r\n\r\n<p style=\"text-align:justify\"><span style=\"font-size:11pt\"><span style=\"line-height:normal\"><span style=\"font-family:Calibri,sans-serif\"><a href=\"https:\/\/public-api.wordpress.com\/bar\/?stat=groovemails-events&amp;bin=wpcom_email_click&amp;redirect_to=https%3A%2F%2Fblogdoplastico.wordpress.com%2F2025%2F10%2F23%2Fgeossinteticos-impulsionam-descarbonizacao-e-transformam-a-infraestrutura-e-o-saneamento-no-brasil%2F&amp;sr=0&amp;signature=326dcb4a5da2d4b12f741c48b616f107&amp;blog_id=9438832&amp;user=135099004&amp;_e=eyJlcnJvciI6bnVsbCwiYmxvZ19pZCI6OTQzODgzMiwiYmxvZ19sYW5nIjoicHQtQlIiLCJzaXRlX2lkX2xhYmVsIjoid3Bjb20iLCJoYXNfZmVhdHVyZWRfaW1hZ2UiOiIwIiwic3Vic2NyaWJlcl9pZCI6IjQ0NzAwMjQ1IiwiX3VpIjoxMzUwOTkwMDQsImxvY2FsZSI6InB0LWJyIiwiY3VycmVuY3kiOiJCUkwiLCJjb3VudHJ5X2NvZGVfc2lnbnVwIjoiQlIiLCJzaWdudXBfZmxvd19uYW1lIjoiZGVsdGEtc2l0ZSIsImVtYWlsX2RvbWFpbiI6ImFiaW50Lm9yZy5iciIsInBvc3RfaWQiOjE5NDE3LCJ1c2VyX2VtYWlsIjoiYWJpbnRAYWJpbnQub3JnLmJyIiwiZGF0ZV9zZW50IjoiMjAyNS0xMC0yMyIsImVtYWlsX25hbWUiOiJuZXctcG9zdCIsInRlbXBsYXRlIjoibmV3LXBvc3QiLCJlbWFpbF9pZCI6ImE2ZTYwMDQ2OWY3NTM4MjFhZDA1MTA4YzYxMWI3OTI5IiwibGlua19kZXNjIjoicG9zdC11cmwiLCJhbmNob3JfdGV4dCI6Ikdlb3NzaW50XHUwMGU5dGljb3MgaW1wdWxzaW9uYW0gZGVzY2FyYm9uaXphXHUwMGU3XHUwMGUzbyBlIHRyYW5zZm9ybWFtIGEgaW5mcmFlc3RydXR1cmEgZSBvIHNhbmVhbWVudG8gbm9cdTAwYTBCcmFzaWwiLCJfZHIiOm51bGwsIl9kbCI6Ilwvd3AtYWRtaW5cL3Bvc3QucGhwIiwiX3V0Ijoid3Bjb206dXNlcl9pZCIsIl91bCI6ImFiaW50dHQiLCJfZW4iOiJ3cGNvbV9lbWFpbF9jbGljayIsIl90cyI6MTc2MTI1MjIwMTg1OSwiYnJvd3Nlcl90eXBlIjoicGhwLWFnZW50IiwiX2F1YSI6IndwY29tLXRyYWNrcy1jbGllbnQtdjAuMyIsImJsb2dfdHoiOiItMyIsInVzZXJfbGFuZyI6InB0LWJyIn0&amp;_z=z\" style=\"color:blue; text-decoration:underline\"><span style=\"font-size:14.0pt\">Geossint&eacute;ticos impulsionam descarboniza&ccedil;&atilde;o e transformam a infraestrutura e o saneamento no&nbsp;Brasil<\/span><\/a><\/span><\/span><\/span><\/p>\r\n\r\n<p style=\"text-align:justify\"><span style=\"font-size:11pt\"><span style=\"line-height:normal\"><span style=\"font-family:Calibri,sans-serif\"><a href=\"https:\/\/zambia-zimbabwemarkets.online\/fibertex-nonwovens-to-participate-at-sagc-2025\/\" style=\"color:blue; text-decoration:underline\"><span style=\"font-size:14.0pt\">Fibertex Nonwovens participar&aacute; da SAGC 2025<\/span><\/a><\/span><\/span><\/span><\/p>\r\n\r\n<p style=\"text-align:justify\"><span style=\"font-size:11pt\"><span style=\"line-height:normal\"><span style=\"font-family:Calibri,sans-serif\"><a href=\"https:\/\/www.suominen.fi\/newsroom\/2025\/publishing-of-suominens-interim-report-januaryseptember-2025-on-october-29-2025\/\" style=\"color:blue; text-decoration:underline\"><span lang=\"EN-US\" style=\"font-size:14.0pt\">Publishing of Suominen&rsquo;s Interim Report January&ndash;September 2025 on October 29, 2025<\/span><\/a><\/span><\/span><\/span><\/p>\r\n\r\n<p style=\"text-align:justify\">&nbsp;<\/p>\r\n\r\n<p style=\"text-align:justify\"><span style=\"font-size:11pt\"><span style=\"line-height:normal\"><span style=\"font-family:Calibri,sans-serif\"><b><span style=\"font-size:18.0pt\"><span style=\"font-variant:small-caps\">Eventos<\/span><\/span><\/b><\/span><\/span><\/span><\/p>\r\n\r\n<p style=\"text-align:justify\"><span style=\"font-size:11pt\"><span style=\"line-height:normal\"><span style=\"font-family:Calibri,sans-serif\"><a href=\"https:\/\/www.congressoabit.com.br\/\" style=\"color:blue; text-decoration:underline\"><b><span style=\"font-size:14.0pt\">Congresso Internacional Abit 2025<\/span><\/b><\/a><span style=\"font-size:14.0pt\">, 29 e 30 de outubro, 08h &agrave;s 20h, FIESP, S&atilde;o Paulo, SP<\/span><\/span><\/span><\/span><\/p>\r\n\r\n<p style=\"text-align:justify\"><span style=\"font-size:11pt\"><span style=\"line-height:normal\"><span style=\"font-family:Calibri,sans-serif\"><a href=\"https:\/\/www.anahp.com.br\/evento\/seminario-anahp-pesquisa-clinica\/\" style=\"color:blue; text-decoration:underline\"><b><span style=\"font-size:14.0pt\">Semin&aacute;rio Anahp &ndash; Pesquisa Cl&iacute;nica<\/span><\/b><\/a><span style=\"font-size:14.0pt\">, 06 de novembro de 205, 14h00, evento h&iacute;brido<\/span><\/span><\/span><\/span><\/p>\r\n\r\n<p style=\"text-align:justify\"><span style=\"font-size:11pt\"><span style=\"line-height:normal\"><span style=\"font-family:Calibri,sans-serif\"><a href=\"https:\/\/www.hygienix.org\/index.html\" style=\"color:blue; text-decoration:underline\"><b><span style=\"font-size:14.0pt\">Hygienix&trade;<\/span><\/b><\/a><span style=\"font-size:14.0pt\">, November 17-20, 2025, Omni Orlando ChampionsGate, ChampionsGate, FL, USA<\/span><\/span><\/span><\/span><\/p>\r\n\r\n<p style=\"text-align:justify\"><span style=\"font-size:11pt\"><span style=\"line-height:normal\"><span style=\"font-family:Calibri,sans-serif\"><a href=\"https:\/\/tendencias.sobratema.com\/?utm_source=akna&amp;utm_medium=email&amp;utm_campaign=Sua-marca-em-destaque-no-20-Tendencias-do-Mercado-da-Construcao-patrocine-este-encontro-estrategico\" style=\"color:blue; text-decoration:underline\"><b><span style=\"font-size:14.0pt\">SOBRATEMA | 20&ordf; Tend&ecirc;ncias do Mercado da Constru&ccedil;&atilde;o<\/span><\/b><\/a><span style=\"font-size:14.0pt\">, 26 de novembro de 2025, 18h, APAS, S&atilde;o Paulo, SP<\/span><\/span><\/span><\/span><\/p>\r\n\r\n<p style=\"text-align:justify\"><span style=\"font-size:11pt\"><span style=\"line-height:normal\"><span style=\"font-family:Calibri,sans-serif\"><a href=\"https:\/\/filtech.de\/\" style=\"color:blue; text-decoration:underline\"><b><span style=\"font-size:14.0pt\">Filtech 2026<\/span><\/b><\/a><span style=\"font-size:14.0pt\">, de 30 de junho a 2 de julho, Cologne, Alemanha<\/span><\/span><\/span><\/span><\/p>\r\n\r\n<p style=\"text-align:justify\"><span style=\"font-size:11pt\"><span style=\"line-height:normal\"><span style=\"font-family:Calibri,sans-serif\"><a href=\"https:\/\/ficons.com.br\/\" style=\"color:blue; text-decoration:underline\"><b><span style=\"font-size:14.0pt\">FICONS - Feira Internacional de Materiais, Equipamentos e Servi&ccedil;os da Constru&ccedil;&atilde;o<\/span><\/b><\/a><span style=\"font-size:14.0pt\">, 15 a 18 de setembro de 2026, Centro de Conven&ccedil;&otilde;es de Pernambuco Recife\/ Olinda<\/span><\/span><\/span><\/span><\/p>\r\n\r\n<p style=\"text-align:justify\"><span style=\"font-size:11pt\"><span style=\"line-height:normal\"><span style=\"font-family:Calibri,sans-serif\"><a href=\"https:\/\/www.edana.org\/events\/outlook\/outlook-2025\" style=\"color:blue; text-decoration:underline\"><b><span style=\"font-size:14.0pt\">OUTLOOK&trade; 2026<\/span><\/b><\/a><span style=\"font-size:14.0pt\">, 22&ndash;24 September 2026, Hotel Miragem, Cascais, Portugal<\/span><\/span><\/span><\/span><\/p>\r\n\r\n<p style=\"text-align:justify\"><span style=\"font-size:28pt\"><span style=\"font-family:Cambria,serif\"><span style=\"letter-spacing:-0.5pt\"><b><span style=\"font-size:18.0pt\"><span style=\"font-family:&quot;Calibri&quot;,sans-serif\"><span style=\"font-variant:small-caps\">Setor<\/span><\/span><\/span><\/b><\/span><\/span><\/span><\/p>\r\n\r\n<p style=\"text-align:justify\"><span style=\"font-size:11pt\"><span style=\"line-height:normal\"><span style=\"font-family:Calibri,sans-serif\"><a href=\"https:\/\/revistaplasticosul.com.br\/sustentabilidade\/abiplast-defende-maior-clareza-regulatoria-em-novo-decreto-de-logistica-reversa-do-plastico\/\" style=\"color:blue; text-decoration:underline\"><span style=\"font-size:14.0pt\">ABIPLAST defende maior clareza regulat&oacute;ria em novo decreto de log&iacute;stica reversa do pl&aacute;stico<\/span><\/a><\/span><\/span><\/span><\/p>\r\n\r\n<p style=\"text-align:justify\"><span style=\"font-size:11pt\"><span style=\"line-height:normal\"><span style=\"font-family:Calibri,sans-serif\"><a href=\"https:\/\/www.gov.br\/casacivil\/pt-br\/assuntos\/noticias\/2025\/outubro\/governo-do-brasil-publica-decreto-sobre-tratamento-da-logistica-reversa-de-embalagens-de-plastico\" style=\"color:blue; text-decoration:underline\"><span style=\"font-size:14.0pt\">Governo do Brasil publica decreto sobre tratamento da log&iacute;stica reversa de embalagens de pl&aacute;stico<\/span><\/a><\/span><\/span><\/span><\/p>\r\n\r\n<p style=\"text-align:justify\"><span style=\"font-size:11pt\"><span style=\"line-height:normal\"><span style=\"font-family:Calibri,sans-serif\"><a href=\"https:\/\/plasticosemrevista.com.br\/o-duelo-entre-preco-e-meio-ambiente\/\" style=\"color:blue; text-decoration:underline\"><span style=\"font-size:14.0pt\">Competitividade dos pl&aacute;sticos: o duelo entre pre&ccedil;o e meio ambiente<\/span><\/a><\/span><\/span><\/span><\/p>\r\n\r\n<p style=\"text-align:justify\"><span style=\"font-size:11pt\"><span style=\"line-height:normal\"><span style=\"font-family:Calibri,sans-serif\"><a href=\"https:\/\/public-api.wordpress.com\/bar\/?stat=groovemails-events&amp;bin=wpcom_email_click&amp;redirect_to=https%3A%2F%2Fblogdoplastico.wordpress.com%2F2025%2F10%2F21%2Fk-2025-confirma-sua-posicao-de-lideranca-como-a-feira-numero-1-do-mundo-para-a-industria-de-plasticos-e-borracha%2F&amp;sr=0&amp;signature=be24cfaa81133184e06f363cd7ff9716&amp;blog_id=9438832&amp;user=135099004&amp;_e=eyJlcnJvciI6bnVsbCwiYmxvZ19pZCI6OTQzODgzMiwiYmxvZ19sYW5nIjoicHQtQlIiLCJzaXRlX2lkX2xhYmVsIjoid3Bjb20iLCJoYXNfZmVhdHVyZWRfaW1hZ2UiOiIwIiwic3Vic2NyaWJlcl9pZCI6IjQ0NzAwMjQ1IiwiX3VpIjoxMzUwOTkwMDQsImxvY2FsZSI6InB0LWJyIiwiY3VycmVuY3kiOiJCUkwiLCJjb3VudHJ5X2NvZGVfc2lnbnVwIjoiQlIiLCJzaWdudXBfZmxvd19uYW1lIjoiZGVsdGEtc2l0ZSIsImVtYWlsX2RvbWFpbiI6ImFiaW50Lm9yZy5iciIsInBvc3RfaWQiOjE5MzgyLCJ1c2VyX2VtYWlsIjoiYWJpbnRAYWJpbnQub3JnLmJyIiwiZGF0ZV9zZW50IjoiMjAyNS0xMC0yMSIsImVtYWlsX25hbWUiOiJuZXctcG9zdCIsInRlbXBsYXRlIjoibmV3LXBvc3QiLCJlbWFpbF9pZCI6IjdiMDE0NjBjNWVjZmQxNzBkYjg0MWM5NTM0ZTA3NmVjIiwibGlua19kZXNjIjoicG9zdC11cmwiLCJhbmNob3JfdGV4dCI6IksgMjAyNSBjb25maXJtYSBzdWEgcG9zaVx1MDBlN1x1MDBlM28gZGUgbGlkZXJhblx1MDBlN2EgY29tbyBhIGZlaXJhIG5cdTAwZmFtZXJvIDEgZG8gbXVuZG8gcGFyYSBhIGluZFx1MDBmYXN0cmlhIGRlIHBsXHUwMGUxc3RpY29zIGVcdTAwYTBib3JyYWNoYSIsIl9kciI6bnVsbCwiX2RsIjoiXC93cC1hZG1pblwvcG9zdC5waHAiLCJfdXQiOiJ3cGNvbTp1c2VyX2lkIiwiX3VsIjoiYWJpbnR0dCIsIl9lbiI6IndwY29tX2VtYWlsX2NsaWNrIiwiX3RzIjoxNzYxMDc5NzA4MDAyLCJicm93c2VyX3R5cGUiOiJwaHAtYWdlbnQiLCJfYXVhIjoid3Bjb20tdHJhY2tzLWNsaWVudC12MC4zIiwiYmxvZ190eiI6Ii0zIiwidXNlcl9sYW5nIjoicHQtYnIifQ=&amp;_z=z\" style=\"color:blue; text-decoration:underline\"><span style=\"font-size:14.0pt\">K 2025 confirma sua posi&ccedil;&atilde;o de lideran&ccedil;a como a feira n&uacute;mero 1 do mundo para a ind&uacute;stria de pl&aacute;sticos e&nbsp;borracha<\/span><\/a><\/span><\/span><\/span><\/p>\r\n\r\n<p style=\"text-align:justify\"><span style=\"font-size:11pt\"><span style=\"line-height:normal\"><span style=\"font-family:Calibri,sans-serif\"><a href=\"https:\/\/public-api.wordpress.com\/bar\/?stat=groovemails-events&amp;bin=wpcom_email_click&amp;redirect_to=https%3A%2F%2Fblogdoplastico.wordpress.com%2F2025%2F10%2F23%2Finterplast-2026-sera-realizada-em-agosto-em-joinville-e-tera-a-sustentabilidade-como-um-dos-principais-temas%2F&amp;sr=0&amp;signature=00daa962973acbd138d607d7820bfb6d&amp;blog_id=9438832&amp;user=135099004&amp;_e=eyJlcnJvciI6bnVsbCwiYmxvZ19pZCI6OTQzODgzMiwiYmxvZ19sYW5nIjoicHQtQlIiLCJzaXRlX2lkX2xhYmVsIjoid3Bjb20iLCJoYXNfZmVhdHVyZWRfaW1hZ2UiOiIwIiwic3Vic2NyaWJlcl9pZCI6IjQ0NzAwMjQ1IiwiX3VpIjoxMzUwOTkwMDQsImxvY2FsZSI6InB0LWJyIiwiY3VycmVuY3kiOiJCUkwiLCJjb3VudHJ5X2NvZGVfc2lnbnVwIjoiQlIiLCJzaWdudXBfZmxvd19uYW1lIjoiZGVsdGEtc2l0ZSIsImVtYWlsX2RvbWFpbiI6ImFiaW50Lm9yZy5iciIsInBvc3RfaWQiOjE5NDIzLCJ1c2VyX2VtYWlsIjoiYWJpbnRAYWJpbnQub3JnLmJyIiwiZGF0ZV9zZW50IjoiMjAyNS0xMC0yMyIsImVtYWlsX25hbWUiOiJuZXctcG9zdCIsInRlbXBsYXRlIjoibmV3LXBvc3QiLCJlbWFpbF9pZCI6IjEwOTY4MmFmODE1NmZlMTBhMzg5ZjdmODA5ZmVkMWUyIiwibGlua19kZXNjIjoicG9zdC11cmwiLCJhbmNob3JfdGV4dCI6IkludGVycGxhc3QgMjAyNiBzZXJcdTAwZTEgcmVhbGl6YWRhIGVtIEFnb3N0byBlbSBKb2ludmlsbGUgZSB0ZXJcdTAwZTEgYSBzdXN0ZW50YWJpbGlkYWRlIGNvbW8gdW0gZG9zIHByaW5jaXBhaXNcdTAwYTB0ZW1hcyIsIl9kciI6bnVsbCwiX2RsIjoiXC93cC1hZG1pblwvcG9zdC5waHAiLCJfdXQiOiJ3cGNvbTp1c2VyX2lkIiwiX3VsIjoiYWJpbnR0dCIsIl9lbiI6IndwY29tX2VtYWlsX2NsaWNrIiwiX3RzIjoxNzYxMjU0MzE3NDU3LCJicm93c2VyX3R5cGUiOiJwaHAtYWdlbnQiLCJfYXVhIjoid3Bjb20tdHJhY2tzLWNsaWVudC12MC4zIiwiYmxvZ190eiI6Ii0zIiwidXNlcl9sYW5nIjoicHQtYnIifQ=&amp;_z=z\" style=\"color:blue; text-decoration:underline\"><span style=\"font-size:14.0pt\">Interplast 2026 ser&aacute; realizada em Agosto em Joinville e ter&aacute; a sustentabilidade como um dos principais&nbsp;temas<\/span><\/a><\/span><\/span><\/span><\/p>\r\n\r\n<p style=\"text-align:justify\"><span style=\"font-size:28pt\"><span style=\"font-family:Cambria,serif\"><span style=\"letter-spacing:-0.5pt\"><b><span style=\"font-size:18.0pt\"><span style=\"font-family:&quot;Calibri&quot;,sans-serif\"><span style=\"font-variant:small-caps\">Ind&uacute;stria<\/span><\/span><\/span><\/b><\/span><\/span><\/span><\/p>\r\n\r\n<p style=\"text-align:justify\"><span style=\"font-size:11pt\"><span style=\"line-height:normal\"><span style=\"font-family:Calibri,sans-serif\"><a href=\"https:\/\/noticias.portaldaindustria.com.br\/noticias\/economia\/confianca-sobe-em-21-setores-mas-avanco-ainda-nao-reverte-pessimismo-na-industria-diz-cni\/\" style=\"color:blue; text-decoration:underline\"><span style=\"font-size:14.0pt\">Confian&ccedil;a sobe em 21 setores, mas avan&ccedil;o ainda n&atilde;o reverte pessimismo na ind&uacute;stria, diz CNI<\/span><\/a><\/span><\/span><\/span><\/p>\r\n\r\n<p style=\"text-align:justify\"><span style=\"font-size:11pt\"><span style=\"line-height:normal\"><span style=\"font-family:Calibri,sans-serif\"><a href=\"https:\/\/noticias.portaldaindustria.com.br\/noticias\/economia\/credito-para-a-industria-de-transformacao-recua-40-em-12-anos-aponta-cni\/\" style=\"color:blue; text-decoration:underline\"><span style=\"font-size:14.0pt\">Cr&eacute;dito para a ind&uacute;stria de transforma&ccedil;&atilde;o recua 40% em 12 anos, aponta CNI<\/span><\/a><\/span><\/span><\/span><\/p>\r\n\r\n<p style=\"text-align:justify\"><span style=\"font-size:11pt\"><span style=\"line-height:normal\"><span style=\"font-family:Calibri,sans-serif\"><a href=\"https:\/\/exclusivo.com.br\/negocios\/dia-do-sapateiro-marcas-apontam-os-desafios-e-as-novas-estrategias-do-setor\/\" style=\"color:blue; text-decoration:underline\"><span style=\"font-size:14.0pt\">Dia do Sapateiro: marcas apontam os desafios e as novas estrat&eacute;gias do setor cal&ccedil;adista<\/span><\/a><\/span><\/span><\/span><\/p>\r\n\r\n<p style=\"text-align:justify\"><span style=\"font-size:11pt\"><span style=\"line-height:normal\"><span style=\"font-family:Calibri,sans-serif\"><a href=\"https:\/\/www.abicol.org\/panorama-setor-colchoeiro-expectativa-2o-semestre-de-2025\/\" style=\"color:blue; text-decoration:underline\"><span style=\"font-size:14.0pt\">Abicol apresenta Panorama do Setor Colchoeiro &ndash; Expectativa 2&ordm; semestre de 2025<\/span><\/a><\/span><\/span><\/span><\/p>\r\n\r\n<p style=\"text-align:justify\"><span style=\"font-size:11pt\"><span style=\"line-height:normal\"><span style=\"font-family:Calibri,sans-serif\"><a href=\"https:\/\/portalibre.fgv.br\/system\/files\/divulgacao\/noticias\/mat-complementar\/2025-10\/Press%20Release_ICST_Out25.pdf\" style=\"color:blue; text-decoration:underline\"><span style=\"font-size:14.0pt\">Confian&ccedil;a da Constru&ccedil;&atilde;o caiu em outubro<\/span><\/a><\/span><\/span><\/span><\/p>\r\n\r\n<p style=\"text-align:justify\"><span style=\"font-size:11pt\"><span style=\"line-height:normal\"><span style=\"font-family:Calibri,sans-serif\"><a href=\"https:\/\/noticias.portaldaindustria.com.br\/noticias\/economia\/juros-sufocam-a-construcao-e-mantem-setor-em-alerta-ha-1-ano-mesmo-com-melhora-no-trimestre\/\" style=\"color:blue; text-decoration:underline\"><span style=\"font-size:14.0pt\">Juros sufocam a constru&ccedil;&atilde;o e mant&ecirc;m setor em alerta h&aacute; 1 ano, mesmo com melhora no trimestre<\/span><\/a><\/span><\/span><\/span><\/p>\r\n\r\n<p style=\"text-align:justify\"><span style=\"font-size:28pt\"><span style=\"font-family:Cambria,serif\"><span style=\"letter-spacing:-0.5pt\"><b><span style=\"font-size:18.0pt\"><span style=\"font-family:&quot;Calibri&quot;,sans-serif\"><span style=\"font-variant:small-caps\">Sustentabilidade<\/span><\/span><\/span><\/b><\/span><\/span><\/span><\/p>\r\n\r\n<p style=\"text-align:justify\"><span style=\"font-size:11pt\"><span style=\"line-height:normal\"><span style=\"font-family:Calibri,sans-serif\"><a href=\"https:\/\/correiodoestado.com.br\/mix\/novo-tijolo-sustentavel-chega-chutando-a-porta-no-lugar-dos-tradicionais\/\" style=\"color:blue; text-decoration:underline\"><span style=\"font-size:14.0pt\">Pl&aacute;stico: novo tijolo sustent&aacute;vel chega chutando a porta no lugar dos tradicionais<\/span><\/a><\/span><\/span><\/span><\/p>\r\n\r\n<p style=\"text-align:justify\"><span style=\"font-size:11pt\"><span style=\"line-height:normal\"><span style=\"font-family:Calibri,sans-serif\"><a href=\"https:\/\/abiquim.org.br\/comunicacao\/noticia\/12007\" style=\"color:blue; text-decoration:underline\"><span style=\"font-size:14.0pt\">F&oacute;rum em Bras&iacute;lia discute alinhamento regulat&oacute;rio para tornar o Brasil l&iacute;der em pl&aacute;stico sustent&aacute;vel<\/span><\/a><\/span><\/span><\/span><\/p>\r\n\r\n<p style=\"text-align:justify\"><span style=\"font-size:11pt\"><span style=\"line-height:normal\"><span style=\"font-family:Calibri,sans-serif\"><a href=\"https:\/\/portaldaautopeca.com.br\/noticias\/local\/industria-automotiva-reduz-uso-de-plastico-reciclado-apos-dois-anos-de-alta\/\" style=\"color:blue; text-decoration:underline\"><span style=\"font-size:14.0pt\">Ind&uacute;stria automotiva reduz uso de pl&aacute;stico reciclado ap&oacute;s dois anos de alta<\/span><\/a><\/span><\/span><\/span><\/p>\r\n\r\n<p style=\"text-align:justify\"><span style=\"font-size:11pt\"><span style=\"line-height:normal\"><span style=\"font-family:Calibri,sans-serif\"><a href=\"https:\/\/prefeitura.sp.gov.br\/web\/butanta\/w\/s%C3%A3o-paulo-avan%C3%A7a-na-gest%C3%A3o-de-res%C3%ADduos-e-amplia-a%C3%A7%C3%B5es-de-reciclagem-com-investimento-bilion%C3%A1rio\" style=\"color:blue; text-decoration:underline\"><span style=\"font-size:14.0pt\">S&atilde;o Paulo avan&ccedil;a na gest&atilde;o de res&iacute;duos e amplia a&ccedil;&otilde;es de reciclagem com investimento bilion&aacute;rio<\/span><\/a><\/span><\/span><\/span><\/p>\r\n\r\n<p style=\"text-align:justify\"><span style=\"font-size:28pt\"><span style=\"font-family:Cambria,serif\"><span style=\"letter-spacing:-0.5pt\"><b><span style=\"font-size:18.0pt\"><span style=\"font-family:&quot;Calibri&quot;,sans-serif\"><span style=\"font-variant:small-caps\">Inova&ccedil;&atilde;o<\/span><\/span><\/span><\/b><\/span><\/span><\/span><\/p>\r\n\r\n<p style=\"text-align:justify\"><span style=\"font-size:11pt\"><span style=\"line-height:normal\"><span style=\"font-family:Calibri,sans-serif\"><a href=\"https:\/\/agenciadenoticias.bndes.gov.br\/cultura\/BNDES-e-Finep-ja-aprovaram-R$-14-bi-para-inovacao-em-2025\/\" style=\"color:blue; text-decoration:underline\"><span style=\"font-size:14.0pt\">Nova Ind&uacute;stria Brasil: BNDES e Finep j&aacute; aprovaram R$ 14 bi para inova&ccedil;&atilde;o em 2025<\/span><\/a><\/span><\/span><\/span><\/p>\r\n\r\n<p style=\"text-align:justify\"><span style=\"font-size:11pt\"><span style=\"line-height:normal\"><span style=\"font-family:Calibri,sans-serif\"><a href=\"https:\/\/agenciabrasil.ebc.com.br\/economia\/noticia\/2025-10\/novo-parque-de-inovacao-vira-bercario-de-tecnologia-em-pernambuco\" style=\"color:blue; text-decoration:underline\"><span style=\"font-size:14.0pt\">Novo parque de inova&ccedil;&atilde;o vira &ldquo;ber&ccedil;&aacute;rio&rdquo; de tecnologia em Pernambuco<\/span><\/a><\/span><\/span><\/span><\/p>\r\n\r\n<p style=\"text-align:justify\"><span style=\"font-size:28pt\"><span style=\"font-family:Cambria,serif\"><span style=\"letter-spacing:-0.5pt\"><b><span style=\"font-size:18.0pt\"><span style=\"font-family:&quot;Calibri&quot;,sans-serif\"><span style=\"font-variant:small-caps\">Com&eacute;rcio Exterior<\/span><\/span><\/span><\/b><\/span><\/span><\/span><\/p>\r\n\r\n<p style=\"text-align:justify\"><span style=\"font-size:11pt\"><span style=\"line-height:normal\"><span style=\"font-family:Calibri,sans-serif\"><a href=\"https:\/\/www.cnnbrasil.com.br\/economia\/macroeconomia\/macron-ve-passos-positivos-no-acordo-comercial-ue-mercosul\/\" style=\"color:blue; text-decoration:underline\"><span style=\"font-size:14.0pt\">Macron v&ecirc; passos positivos no acordo comercial UE-Mercosul<\/span><\/a><\/span><\/span><\/span><\/p>\r\n\r\n<p style=\"text-align:justify\"><span style=\"font-size:11pt\"><span style=\"line-height:normal\"><span style=\"font-family:Calibri,sans-serif\"><a href=\"https:\/\/revistaoeste.com\/politica\/lula-e-trump-conversam-por-cerca-de-50-minutos-na-malasia\/\" style=\"color:blue; text-decoration:underline\"><span style=\"font-size:14.0pt\">Lula e Trump conversam por cerca de 50 minutos na Mal&aacute;sia<\/span><\/a><\/span><\/span><\/span><\/p>\r\n\r\n<p style=\"text-align:justify\"><span style=\"font-size:11pt\"><span style=\"line-height:normal\"><span style=\"font-family:Calibri,sans-serif\"><a href=\"https:\/\/g1.globo.com\/mundo\/noticia\/2025\/10\/26\/reuniao-lula-trump-proximos-passos.ghtml\" style=\"color:blue; text-decoration:underline\"><span style=\"font-size:14.0pt\">Reuni&atilde;o entre Lula e Trump: entenda o que foi discutido e quais s&atilde;o os pr&oacute;ximos passos<\/span><\/a><\/span><\/span><\/span><\/p>\r\n\r\n<p style=\"text-align:justify\"><span style=\"font-size:11pt\"><span style=\"line-height:normal\"><span style=\"font-family:Calibri,sans-serif\"><a href=\"https:\/\/apexbrasil.com.br\/content\/apexbrasil\/br\/pt\/conteudo\/noticias\/Presidente-Lula-participa-de-Foruns-Empresariais-na-Indonesia-e-na-Malasia-com-mais-de-100-empresarios-brasileiros.html#msdynmkt_trackingcontext=87ca004c-bc1b-4f9f-972c-310439490100\" style=\"color:blue; text-decoration:underline\"><span style=\"font-size:14.0pt\">Presidente Lula participa de F&oacute;runs Empresariais na Indon&eacute;sia e na Mal&aacute;sia com mais de 150 empres&aacute;rios brasileiros<\/span><\/a><\/span><\/span><\/span><\/p>\r\n\r\n<p style=\"text-align:justify\"><span style=\"font-size:11pt\"><span style=\"line-height:normal\"><span style=\"font-family:Calibri,sans-serif\"><a href=\"https:\/\/apexbrasil.com.br\/content\/apexbrasil\/br\/pt\/conteudo\/noticias\/brasil-e-india-avancam-na-cooperacao-economica-durante-dialogo-empresarial-india-brasil-2025.html#msdynmkt_trackingcontext=87ca004c-bc1b-4f9f-972c-310439490100\" style=\"color:blue; text-decoration:underline\"><span style=\"font-size:14.0pt\">Brasil e &Iacute;ndia avan&ccedil;am na coopera&ccedil;&atilde;o econ&ocirc;mica durante Di&aacute;logo Empresarial &Iacute;ndia-Brasil 2025<\/span><\/a><\/span><\/span><\/span><\/p>\r\n\r\n<p style=\"text-align:justify\"><span style=\"font-size:28pt\"><span style=\"font-family:Cambria,serif\"><span style=\"letter-spacing:-0.5pt\"><b><span style=\"font-size:18.0pt\"><span style=\"font-family:&quot;Calibri&quot;,sans-serif\"><span style=\"font-variant:small-caps\">Economia<\/span><\/span><\/span><\/b><\/span><\/span><\/span><\/p>\r\n\r\n<p style=\"text-align:justify\"><span style=\"font-size:11pt\"><span style=\"line-height:normal\"><span style=\"font-family:Calibri,sans-serif\"><a href=\"https:\/\/www.bcb.gov.br\/content\/focus\/focus\/R20251024.pdf\" style=\"color:blue; text-decoration:underline\"><span style=\"font-size:14.0pt\">Focus - Relat&oacute;rio de Mercado<\/span><\/a><\/span><\/span><\/span><\/p>\r\n\r\n<p style=\"text-align:justify\"><img src=\"https:\/\/www.abint.org.br\/assets\/img\/editor\/redes-sociais-abint-ctg-cth_20251014202218Zyze8pqEet.jpg\" \/><\/p>\r\n","6":"<p style=\"text-align:justify\"><span style=\"font-size:11pt\"><span style=\"line-height:normal\"><span style=\"font-family:Calibri,sans-serif\"><span style=\"font-size:14.0pt\">Esta &eacute; uma compila&ccedil;&atilde;o das not&iacute;cias mais relevantes para o setor, incluindo informa&ccedil;&otilde;es sobre acordos internacionais, economia brasileira, sustentabilidade e mat&eacute;rias primas, al&eacute;m de novidades do setor de N&atilde;otecidos e Tecidos T&eacute;cnicos.<\/span><\/span><\/span><\/span><\/p>\r\n\r\n<p style=\"text-align:justify\"><span style=\"font-size:28pt\"><span style=\"font-family:Cambria,serif\"><span style=\"letter-spacing:-0.5pt\"><b><span style=\"font-size:18.0pt\"><span style=\"font-family:&quot;Calibri&quot;,sans-serif\"><span style=\"font-variant:small-caps\">O que vem por a&iacute;<\/span><\/span><\/span><\/b><\/span><\/span><\/span><\/p>\r\n\r\n<p style=\"text-align:justify\">&nbsp;<\/p>\r\n\r\n<p><img src=\"https:\/\/www.abint.org.br\/assets\/img\/editor\/congresso-abit-2025-1_20250923191347WI6Kiky2I3.png\" style=\"width: 500px; height: 625px;\" \/><\/p>\r\n\r\n<p><a href=\"https:\/\/www.congressoabit.com.br\/\"><b>Acesse aqui mais informa&ccedil;&otilde;es<\/b><\/a><\/p>\r\n\r\n<p>&nbsp;<\/p>\r\n\r\n<p><img src=\"https:\/\/www.abint.org.br\/assets\/img\/editor\/nova-logo-premio-tcc-ic_20251014200023iBYOW5yEJX.png\" \/><\/p>\r\n\r\n<p><a href=\"https:\/\/www.even3.com.br\/encontro-anual-igs-brasil-geossinteticos-em-pauta-636131\/?fbclid=PAVERTVgNSBBRleHRuA2FlbQIxMAABpwF8VswtQRKdOg4XG0MC6A1g4ywhMN2_I-pCaXZTfAgoKkS37GNA7tkTiSST_aem_tRTmfHq0NQ_O0NzOrt7a_A\"><b>Cerim&ocirc;nia de Premia&ccedil;&atilde;o<\/b><\/a><b>, durente o &ldquo;Geossint&eacute;ticos em Pauta&rdquo;, 06 de novembro de 2025, 13h &agrave;s 18h, presencial, sede ABINT, rua Marqu&ecirc;s de Itu, 968, Higien&oacute;polis, S&atilde;o Paulo, SP<\/b><\/p>\r\n\r\n<p>&nbsp;<\/p>\r\n\r\n<p><b><img src=\"https:\/\/www.abint.org.br\/assets\/img\/editor\/post-quadrado-curso-naotecido_20251021174921nZdUwTqMfl.jpg\" style=\"width: 500px; height: 500px;\" \/><\/b><\/p>\r\n\r\n<p><strong><a href=\"https:\/\/forms.cloud.microsoft\/r\/5DrqtK5n3Y\">Informa&ccedil;&otilde;es e inscri&ccedil;&otilde;es<\/a><\/strong><\/p>\r\n\r\n<p>&nbsp;<\/p>\r\n\r\n<p><b><img src=\"https:\/\/www.abint.org.br\/assets\/img\/editor\/20251117-workshop-iso-astm-abnt_20251015193426QqcNHCi4bT.jpg\" style=\"width: 500px; height: 500px;\" \/><\/b><\/p>\r\n\r\n<p><b>CTG ABINT | Patrocinador Especial do&nbsp;<\/b><a href=\"https:\/\/www.even3.com.br\/international-geosynthetics-workshop-standards-and-updates-in-infrastructure-and-sustainability-616680\/\"><b><i>International Geosynthetics Workshop: Standards and updates in Infrastructure and Sustainability<\/i><\/b><\/a><b><i>,&nbsp;<\/i><\/b><b>17 de novembro de 2025, 08h &agrave;s 18h, presencial, Pontif&iacute;cia Universidade Cat&oacute;lica do Rio de Janeiro (PUC-Rio), Rio de Janeiro, RJ, Brasil<\/b><\/p>\r\n\r\n<p>&nbsp;<\/p>\r\n\r\n<p class=\"MsoTitle\" style=\"text-align:justify\"><span style=\"font-size:28pt\"><span style=\"font-family:Cambria,serif\"><span style=\"letter-spacing:-0.5pt\"><b><span style=\"font-size:18.0pt\"><span style=\"font-family:&quot;Calibri&quot;,sans-serif\"><span style=\"font-variant:small-caps\">Not&iacute;cias das Associadas<\/span><\/span><\/span><\/b><\/span><\/span><\/span><\/p>\r\n\r\n<p style=\"text-align:justify\"><span style=\"font-size:11pt\"><span style=\"line-height:normal\"><span style=\"font-family:Calibri,sans-serif\"><a href=\"https:\/\/public-api.wordpress.com\/bar\/?stat=groovemails-events&amp;bin=wpcom_email_click&amp;redirect_to=https%3A%2F%2Fblogdoplastico.wordpress.com%2F2025%2F10%2F23%2Fgeossinteticos-impulsionam-descarbonizacao-e-transformam-a-infraestrutura-e-o-saneamento-no-brasil%2F&amp;sr=0&amp;signature=326dcb4a5da2d4b12f741c48b616f107&amp;blog_id=9438832&amp;user=135099004&amp;_e=eyJlcnJvciI6bnVsbCwiYmxvZ19pZCI6OTQzODgzMiwiYmxvZ19sYW5nIjoicHQtQlIiLCJzaXRlX2lkX2xhYmVsIjoid3Bjb20iLCJoYXNfZmVhdHVyZWRfaW1hZ2UiOiIwIiwic3Vic2NyaWJlcl9pZCI6IjQ0NzAwMjQ1IiwiX3VpIjoxMzUwOTkwMDQsImxvY2FsZSI6InB0LWJyIiwiY3VycmVuY3kiOiJCUkwiLCJjb3VudHJ5X2NvZGVfc2lnbnVwIjoiQlIiLCJzaWdudXBfZmxvd19uYW1lIjoiZGVsdGEtc2l0ZSIsImVtYWlsX2RvbWFpbiI6ImFiaW50Lm9yZy5iciIsInBvc3RfaWQiOjE5NDE3LCJ1c2VyX2VtYWlsIjoiYWJpbnRAYWJpbnQub3JnLmJyIiwiZGF0ZV9zZW50IjoiMjAyNS0xMC0yMyIsImVtYWlsX25hbWUiOiJuZXctcG9zdCIsInRlbXBsYXRlIjoibmV3LXBvc3QiLCJlbWFpbF9pZCI6ImE2ZTYwMDQ2OWY3NTM4MjFhZDA1MTA4YzYxMWI3OTI5IiwibGlua19kZXNjIjoicG9zdC11cmwiLCJhbmNob3JfdGV4dCI6Ikdlb3NzaW50XHUwMGU5dGljb3MgaW1wdWxzaW9uYW0gZGVzY2FyYm9uaXphXHUwMGU3XHUwMGUzbyBlIHRyYW5zZm9ybWFtIGEgaW5mcmFlc3RydXR1cmEgZSBvIHNhbmVhbWVudG8gbm9cdTAwYTBCcmFzaWwiLCJfZHIiOm51bGwsIl9kbCI6Ilwvd3AtYWRtaW5cL3Bvc3QucGhwIiwiX3V0Ijoid3Bjb206dXNlcl9pZCIsIl91bCI6ImFiaW50dHQiLCJfZW4iOiJ3cGNvbV9lbWFpbF9jbGljayIsIl90cyI6MTc2MTI1MjIwMTg1OSwiYnJvd3Nlcl90eXBlIjoicGhwLWFnZW50IiwiX2F1YSI6IndwY29tLXRyYWNrcy1jbGllbnQtdjAuMyIsImJsb2dfdHoiOiItMyIsInVzZXJfbGFuZyI6InB0LWJyIn0&amp;_z=z\" style=\"color:blue; text-decoration:underline\"><span style=\"font-size:14.0pt\">Geossint&eacute;ticos impulsionam descarboniza&ccedil;&atilde;o e transformam a infraestrutura e o saneamento no&nbsp;Brasil<\/span><\/a><\/span><\/span><\/span><\/p>\r\n\r\n<p style=\"text-align:justify\"><span style=\"font-size:11pt\"><span style=\"line-height:normal\"><span style=\"font-family:Calibri,sans-serif\"><a href=\"https:\/\/zambia-zimbabwemarkets.online\/fibertex-nonwovens-to-participate-at-sagc-2025\/\" style=\"color:blue; text-decoration:underline\"><span style=\"font-size:14.0pt\">Fibertex Nonwovens participar&aacute; da SAGC 2025<\/span><\/a><\/span><\/span><\/span><\/p>\r\n\r\n<p style=\"text-align:justify\"><span style=\"font-size:11pt\"><span style=\"line-height:normal\"><span style=\"font-family:Calibri,sans-serif\"><a href=\"https:\/\/www.suominen.fi\/newsroom\/2025\/publishing-of-suominens-interim-report-januaryseptember-2025-on-october-29-2025\/\" style=\"color:blue; text-decoration:underline\"><span lang=\"EN-US\" style=\"font-size:14.0pt\">Publishing of Suominen&rsquo;s Interim Report January&ndash;September 2025 on October 29, 2025<\/span><\/a><\/span><\/span><\/span><\/p>\r\n\r\n<p style=\"text-align:justify\">&nbsp;<\/p>\r\n\r\n<p style=\"text-align:justify\"><span style=\"font-size:11pt\"><span style=\"line-height:normal\"><span style=\"font-family:Calibri,sans-serif\"><b><span style=\"font-size:18.0pt\"><span style=\"font-variant:small-caps\">Eventos<\/span><\/span><\/b><\/span><\/span><\/span><\/p>\r\n\r\n<p style=\"text-align:justify\"><span style=\"font-size:11pt\"><span style=\"line-height:normal\"><span style=\"font-family:Calibri,sans-serif\"><a href=\"https:\/\/www.congressoabit.com.br\/\" style=\"color:blue; text-decoration:underline\"><b><span style=\"font-size:14.0pt\">Congresso Internacional Abit 2025<\/span><\/b><\/a><span style=\"font-size:14.0pt\">, 29 e 30 de outubro, 08h &agrave;s 20h, FIESP, S&atilde;o Paulo, SP<\/span><\/span><\/span><\/span><\/p>\r\n\r\n<p style=\"text-align:justify\"><span style=\"font-size:11pt\"><span style=\"line-height:normal\"><span style=\"font-family:Calibri,sans-serif\"><a href=\"https:\/\/www.anahp.com.br\/evento\/seminario-anahp-pesquisa-clinica\/\" style=\"color:blue; text-decoration:underline\"><b><span style=\"font-size:14.0pt\">Semin&aacute;rio Anahp &ndash; Pesquisa Cl&iacute;nica<\/span><\/b><\/a><span style=\"font-size:14.0pt\">, 06 de novembro de 205, 14h00, evento h&iacute;brido<\/span><\/span><\/span><\/span><\/p>\r\n\r\n<p style=\"text-align:justify\"><span style=\"font-size:11pt\"><span style=\"line-height:normal\"><span style=\"font-family:Calibri,sans-serif\"><a href=\"https:\/\/www.hygienix.org\/index.html\" style=\"color:blue; text-decoration:underline\"><b><span style=\"font-size:14.0pt\">Hygienix&trade;<\/span><\/b><\/a><span style=\"font-size:14.0pt\">, November 17-20, 2025, Omni Orlando ChampionsGate, ChampionsGate, FL, USA<\/span><\/span><\/span><\/span><\/p>\r\n\r\n<p style=\"text-align:justify\"><span style=\"font-size:11pt\"><span style=\"line-height:normal\"><span style=\"font-family:Calibri,sans-serif\"><a href=\"https:\/\/tendencias.sobratema.com\/?utm_source=akna&amp;utm_medium=email&amp;utm_campaign=Sua-marca-em-destaque-no-20-Tendencias-do-Mercado-da-Construcao-patrocine-este-encontro-estrategico\" style=\"color:blue; text-decoration:underline\"><b><span style=\"font-size:14.0pt\">SOBRATEMA | 20&ordf; Tend&ecirc;ncias do Mercado da Constru&ccedil;&atilde;o<\/span><\/b><\/a><span style=\"font-size:14.0pt\">, 26 de novembro de 2025, 18h, APAS, S&atilde;o Paulo, SP<\/span><\/span><\/span><\/span><\/p>\r\n\r\n<p style=\"text-align:justify\"><span style=\"font-size:11pt\"><span style=\"line-height:normal\"><span style=\"font-family:Calibri,sans-serif\"><a href=\"https:\/\/filtech.de\/\" style=\"color:blue; text-decoration:underline\"><b><span style=\"font-size:14.0pt\">Filtech 2026<\/span><\/b><\/a><span style=\"font-size:14.0pt\">, de 30 de junho a 2 de julho, Cologne, Alemanha<\/span><\/span><\/span><\/span><\/p>\r\n\r\n<p style=\"text-align:justify\"><span style=\"font-size:11pt\"><span style=\"line-height:normal\"><span style=\"font-family:Calibri,sans-serif\"><a href=\"https:\/\/ficons.com.br\/\" style=\"color:blue; text-decoration:underline\"><b><span style=\"font-size:14.0pt\">FICONS - Feira Internacional de Materiais, Equipamentos e Servi&ccedil;os da Constru&ccedil;&atilde;o<\/span><\/b><\/a><span style=\"font-size:14.0pt\">, 15 a 18 de setembro de 2026, Centro de Conven&ccedil;&otilde;es de Pernambuco Recife\/ Olinda<\/span><\/span><\/span><\/span><\/p>\r\n\r\n<p style=\"text-align:justify\"><span style=\"font-size:11pt\"><span style=\"line-height:normal\"><span style=\"font-family:Calibri,sans-serif\"><a href=\"https:\/\/www.edana.org\/events\/outlook\/outlook-2025\" style=\"color:blue; text-decoration:underline\"><b><span style=\"font-size:14.0pt\">OUTLOOK&trade; 2026<\/span><\/b><\/a><span style=\"font-size:14.0pt\">, 22&ndash;24 September 2026, Hotel Miragem, Cascais, Portugal<\/span><\/span><\/span><\/span><\/p>\r\n\r\n<p style=\"text-align:justify\"><span style=\"font-size:28pt\"><span style=\"font-family:Cambria,serif\"><span style=\"letter-spacing:-0.5pt\"><b><span style=\"font-size:18.0pt\"><span style=\"font-family:&quot;Calibri&quot;,sans-serif\"><span style=\"font-variant:small-caps\">Setor<\/span><\/span><\/span><\/b><\/span><\/span><\/span><\/p>\r\n\r\n<p style=\"text-align:justify\"><span style=\"font-size:11pt\"><span style=\"line-height:normal\"><span style=\"font-family:Calibri,sans-serif\"><a href=\"https:\/\/revistaplasticosul.com.br\/sustentabilidade\/abiplast-defende-maior-clareza-regulatoria-em-novo-decreto-de-logistica-reversa-do-plastico\/\" style=\"color:blue; text-decoration:underline\"><span style=\"font-size:14.0pt\">ABIPLAST defende maior clareza regulat&oacute;ria em novo decreto de log&iacute;stica reversa do pl&aacute;stico<\/span><\/a><\/span><\/span><\/span><\/p>\r\n\r\n<p style=\"text-align:justify\"><span style=\"font-size:11pt\"><span style=\"line-height:normal\"><span style=\"font-family:Calibri,sans-serif\"><a href=\"https:\/\/www.gov.br\/casacivil\/pt-br\/assuntos\/noticias\/2025\/outubro\/governo-do-brasil-publica-decreto-sobre-tratamento-da-logistica-reversa-de-embalagens-de-plastico\" style=\"color:blue; text-decoration:underline\"><span style=\"font-size:14.0pt\">Governo do Brasil publica decreto sobre tratamento da log&iacute;stica reversa de embalagens de pl&aacute;stico<\/span><\/a><\/span><\/span><\/span><\/p>\r\n\r\n<p style=\"text-align:justify\"><span style=\"font-size:11pt\"><span style=\"line-height:normal\"><span style=\"font-family:Calibri,sans-serif\"><a href=\"https:\/\/plasticosemrevista.com.br\/o-duelo-entre-preco-e-meio-ambiente\/\" style=\"color:blue; text-decoration:underline\"><span style=\"font-size:14.0pt\">Competitividade dos pl&aacute;sticos: o duelo entre pre&ccedil;o e meio ambiente<\/span><\/a><\/span><\/span><\/span><\/p>\r\n\r\n<p style=\"text-align:justify\"><span style=\"font-size:11pt\"><span style=\"line-height:normal\"><span style=\"font-family:Calibri,sans-serif\"><a href=\"https:\/\/public-api.wordpress.com\/bar\/?stat=groovemails-events&amp;bin=wpcom_email_click&amp;redirect_to=https%3A%2F%2Fblogdoplastico.wordpress.com%2F2025%2F10%2F21%2Fk-2025-confirma-sua-posicao-de-lideranca-como-a-feira-numero-1-do-mundo-para-a-industria-de-plasticos-e-borracha%2F&amp;sr=0&amp;signature=be24cfaa81133184e06f363cd7ff9716&amp;blog_id=9438832&amp;user=135099004&amp;_e=eyJlcnJvciI6bnVsbCwiYmxvZ19pZCI6OTQzODgzMiwiYmxvZ19sYW5nIjoicHQtQlIiLCJzaXRlX2lkX2xhYmVsIjoid3Bjb20iLCJoYXNfZmVhdHVyZWRfaW1hZ2UiOiIwIiwic3Vic2NyaWJlcl9pZCI6IjQ0NzAwMjQ1IiwiX3VpIjoxMzUwOTkwMDQsImxvY2FsZSI6InB0LWJyIiwiY3VycmVuY3kiOiJCUkwiLCJjb3VudHJ5X2NvZGVfc2lnbnVwIjoiQlIiLCJzaWdudXBfZmxvd19uYW1lIjoiZGVsdGEtc2l0ZSIsImVtYWlsX2RvbWFpbiI6ImFiaW50Lm9yZy5iciIsInBvc3RfaWQiOjE5MzgyLCJ1c2VyX2VtYWlsIjoiYWJpbnRAYWJpbnQub3JnLmJyIiwiZGF0ZV9zZW50IjoiMjAyNS0xMC0yMSIsImVtYWlsX25hbWUiOiJuZXctcG9zdCIsInRlbXBsYXRlIjoibmV3LXBvc3QiLCJlbWFpbF9pZCI6IjdiMDE0NjBjNWVjZmQxNzBkYjg0MWM5NTM0ZTA3NmVjIiwibGlua19kZXNjIjoicG9zdC11cmwiLCJhbmNob3JfdGV4dCI6IksgMjAyNSBjb25maXJtYSBzdWEgcG9zaVx1MDBlN1x1MDBlM28gZGUgbGlkZXJhblx1MDBlN2EgY29tbyBhIGZlaXJhIG5cdTAwZmFtZXJvIDEgZG8gbXVuZG8gcGFyYSBhIGluZFx1MDBmYXN0cmlhIGRlIHBsXHUwMGUxc3RpY29zIGVcdTAwYTBib3JyYWNoYSIsIl9kciI6bnVsbCwiX2RsIjoiXC93cC1hZG1pblwvcG9zdC5waHAiLCJfdXQiOiJ3cGNvbTp1c2VyX2lkIiwiX3VsIjoiYWJpbnR0dCIsIl9lbiI6IndwY29tX2VtYWlsX2NsaWNrIiwiX3RzIjoxNzYxMDc5NzA4MDAyLCJicm93c2VyX3R5cGUiOiJwaHAtYWdlbnQiLCJfYXVhIjoid3Bjb20tdHJhY2tzLWNsaWVudC12MC4zIiwiYmxvZ190eiI6Ii0zIiwidXNlcl9sYW5nIjoicHQtYnIifQ=&amp;_z=z\" style=\"color:blue; text-decoration:underline\"><span style=\"font-size:14.0pt\">K 2025 confirma sua posi&ccedil;&atilde;o de lideran&ccedil;a como a feira n&uacute;mero 1 do mundo para a ind&uacute;stria de pl&aacute;sticos e&nbsp;borracha<\/span><\/a><\/span><\/span><\/span><\/p>\r\n\r\n<p style=\"text-align:justify\"><span style=\"font-size:11pt\"><span style=\"line-height:normal\"><span style=\"font-family:Calibri,sans-serif\"><a href=\"https:\/\/public-api.wordpress.com\/bar\/?stat=groovemails-events&amp;bin=wpcom_email_click&amp;redirect_to=https%3A%2F%2Fblogdoplastico.wordpress.com%2F2025%2F10%2F23%2Finterplast-2026-sera-realizada-em-agosto-em-joinville-e-tera-a-sustentabilidade-como-um-dos-principais-temas%2F&amp;sr=0&amp;signature=00daa962973acbd138d607d7820bfb6d&amp;blog_id=9438832&amp;user=135099004&amp;_e=eyJlcnJvciI6bnVsbCwiYmxvZ19pZCI6OTQzODgzMiwiYmxvZ19sYW5nIjoicHQtQlIiLCJzaXRlX2lkX2xhYmVsIjoid3Bjb20iLCJoYXNfZmVhdHVyZWRfaW1hZ2UiOiIwIiwic3Vic2NyaWJlcl9pZCI6IjQ0NzAwMjQ1IiwiX3VpIjoxMzUwOTkwMDQsImxvY2FsZSI6InB0LWJyIiwiY3VycmVuY3kiOiJCUkwiLCJjb3VudHJ5X2NvZGVfc2lnbnVwIjoiQlIiLCJzaWdudXBfZmxvd19uYW1lIjoiZGVsdGEtc2l0ZSIsImVtYWlsX2RvbWFpbiI6ImFiaW50Lm9yZy5iciIsInBvc3RfaWQiOjE5NDIzLCJ1c2VyX2VtYWlsIjoiYWJpbnRAYWJpbnQub3JnLmJyIiwiZGF0ZV9zZW50IjoiMjAyNS0xMC0yMyIsImVtYWlsX25hbWUiOiJuZXctcG9zdCIsInRlbXBsYXRlIjoibmV3LXBvc3QiLCJlbWFpbF9pZCI6IjEwOTY4MmFmODE1NmZlMTBhMzg5ZjdmODA5ZmVkMWUyIiwibGlua19kZXNjIjoicG9zdC11cmwiLCJhbmNob3JfdGV4dCI6IkludGVycGxhc3QgMjAyNiBzZXJcdTAwZTEgcmVhbGl6YWRhIGVtIEFnb3N0byBlbSBKb2ludmlsbGUgZSB0ZXJcdTAwZTEgYSBzdXN0ZW50YWJpbGlkYWRlIGNvbW8gdW0gZG9zIHByaW5jaXBhaXNcdTAwYTB0ZW1hcyIsIl9kciI6bnVsbCwiX2RsIjoiXC93cC1hZG1pblwvcG9zdC5waHAiLCJfdXQiOiJ3cGNvbTp1c2VyX2lkIiwiX3VsIjoiYWJpbnR0dCIsIl9lbiI6IndwY29tX2VtYWlsX2NsaWNrIiwiX3RzIjoxNzYxMjU0MzE3NDU3LCJicm93c2VyX3R5cGUiOiJwaHAtYWdlbnQiLCJfYXVhIjoid3Bjb20tdHJhY2tzLWNsaWVudC12MC4zIiwiYmxvZ190eiI6Ii0zIiwidXNlcl9sYW5nIjoicHQtYnIifQ=&amp;_z=z\" style=\"color:blue; text-decoration:underline\"><span style=\"font-size:14.0pt\">Interplast 2026 ser&aacute; realizada em Agosto em Joinville e ter&aacute; a sustentabilidade como um dos principais&nbsp;temas<\/span><\/a><\/span><\/span><\/span><\/p>\r\n\r\n<p style=\"text-align:justify\"><span style=\"font-size:28pt\"><span style=\"font-family:Cambria,serif\"><span style=\"letter-spacing:-0.5pt\"><b><span style=\"font-size:18.0pt\"><span style=\"font-family:&quot;Calibri&quot;,sans-serif\"><span style=\"font-variant:small-caps\">Ind&uacute;stria<\/span><\/span><\/span><\/b><\/span><\/span><\/span><\/p>\r\n\r\n<p style=\"text-align:justify\"><span style=\"font-size:11pt\"><span style=\"line-height:normal\"><span style=\"font-family:Calibri,sans-serif\"><a href=\"https:\/\/noticias.portaldaindustria.com.br\/noticias\/economia\/confianca-sobe-em-21-setores-mas-avanco-ainda-nao-reverte-pessimismo-na-industria-diz-cni\/\" style=\"color:blue; text-decoration:underline\"><span style=\"font-size:14.0pt\">Confian&ccedil;a sobe em 21 setores, mas avan&ccedil;o ainda n&atilde;o reverte pessimismo na ind&uacute;stria, diz CNI<\/span><\/a><\/span><\/span><\/span><\/p>\r\n\r\n<p style=\"text-align:justify\"><span style=\"font-size:11pt\"><span style=\"line-height:normal\"><span style=\"font-family:Calibri,sans-serif\"><a href=\"https:\/\/noticias.portaldaindustria.com.br\/noticias\/economia\/credito-para-a-industria-de-transformacao-recua-40-em-12-anos-aponta-cni\/\" style=\"color:blue; text-decoration:underline\"><span style=\"font-size:14.0pt\">Cr&eacute;dito para a ind&uacute;stria de transforma&ccedil;&atilde;o recua 40% em 12 anos, aponta CNI<\/span><\/a><\/span><\/span><\/span><\/p>\r\n\r\n<p style=\"text-align:justify\"><span style=\"font-size:11pt\"><span style=\"line-height:normal\"><span style=\"font-family:Calibri,sans-serif\"><a href=\"https:\/\/exclusivo.com.br\/negocios\/dia-do-sapateiro-marcas-apontam-os-desafios-e-as-novas-estrategias-do-setor\/\" style=\"color:blue; text-decoration:underline\"><span style=\"font-size:14.0pt\">Dia do Sapateiro: marcas apontam os desafios e as novas estrat&eacute;gias do setor cal&ccedil;adista<\/span><\/a><\/span><\/span><\/span><\/p>\r\n\r\n<p style=\"text-align:justify\"><span style=\"font-size:11pt\"><span style=\"line-height:normal\"><span style=\"font-family:Calibri,sans-serif\"><a href=\"https:\/\/www.abicol.org\/panorama-setor-colchoeiro-expectativa-2o-semestre-de-2025\/\" style=\"color:blue; text-decoration:underline\"><span style=\"font-size:14.0pt\">Abicol apresenta Panorama do Setor Colchoeiro &ndash; Expectativa 2&ordm; semestre de 2025<\/span><\/a><\/span><\/span><\/span><\/p>\r\n\r\n<p style=\"text-align:justify\"><span style=\"font-size:11pt\"><span style=\"line-height:normal\"><span style=\"font-family:Calibri,sans-serif\"><a href=\"https:\/\/portalibre.fgv.br\/system\/files\/divulgacao\/noticias\/mat-complementar\/2025-10\/Press%20Release_ICST_Out25.pdf\" style=\"color:blue; text-decoration:underline\"><span style=\"font-size:14.0pt\">Confian&ccedil;a da Constru&ccedil;&atilde;o caiu em outubro<\/span><\/a><\/span><\/span><\/span><\/p>\r\n\r\n<p style=\"text-align:justify\"><span style=\"font-size:11pt\"><span style=\"line-height:normal\"><span style=\"font-family:Calibri,sans-serif\"><a href=\"https:\/\/noticias.portaldaindustria.com.br\/noticias\/economia\/juros-sufocam-a-construcao-e-mantem-setor-em-alerta-ha-1-ano-mesmo-com-melhora-no-trimestre\/\" style=\"color:blue; text-decoration:underline\"><span style=\"font-size:14.0pt\">Juros sufocam a constru&ccedil;&atilde;o e mant&ecirc;m setor em alerta h&aacute; 1 ano, mesmo com melhora no trimestre<\/span><\/a><\/span><\/span><\/span><\/p>\r\n\r\n<p style=\"text-align:justify\"><span style=\"font-size:28pt\"><span style=\"font-family:Cambria,serif\"><span style=\"letter-spacing:-0.5pt\"><b><span style=\"font-size:18.0pt\"><span style=\"font-family:&quot;Calibri&quot;,sans-serif\"><span style=\"font-variant:small-caps\">Sustentabilidade<\/span><\/span><\/span><\/b><\/span><\/span><\/span><\/p>\r\n\r\n<p style=\"text-align:justify\"><span style=\"font-size:11pt\"><span style=\"line-height:normal\"><span style=\"font-family:Calibri,sans-serif\"><a href=\"https:\/\/correiodoestado.com.br\/mix\/novo-tijolo-sustentavel-chega-chutando-a-porta-no-lugar-dos-tradicionais\/\" style=\"color:blue; text-decoration:underline\"><span style=\"font-size:14.0pt\">Pl&aacute;stico: novo tijolo sustent&aacute;vel chega chutando a porta no lugar dos tradicionais<\/span><\/a><\/span><\/span><\/span><\/p>\r\n\r\n<p style=\"text-align:justify\"><span style=\"font-size:11pt\"><span style=\"line-height:normal\"><span style=\"font-family:Calibri,sans-serif\"><a href=\"https:\/\/abiquim.org.br\/comunicacao\/noticia\/12007\" style=\"color:blue; text-decoration:underline\"><span style=\"font-size:14.0pt\">F&oacute;rum em Bras&iacute;lia discute alinhamento regulat&oacute;rio para tornar o Brasil l&iacute;der em pl&aacute;stico sustent&aacute;vel<\/span><\/a><\/span><\/span><\/span><\/p>\r\n\r\n<p style=\"text-align:justify\"><span style=\"font-size:11pt\"><span style=\"line-height:normal\"><span style=\"font-family:Calibri,sans-serif\"><a href=\"https:\/\/portaldaautopeca.com.br\/noticias\/local\/industria-automotiva-reduz-uso-de-plastico-reciclado-apos-dois-anos-de-alta\/\" style=\"color:blue; text-decoration:underline\"><span style=\"font-size:14.0pt\">Ind&uacute;stria automotiva reduz uso de pl&aacute;stico reciclado ap&oacute;s dois anos de alta<\/span><\/a><\/span><\/span><\/span><\/p>\r\n\r\n<p style=\"text-align:justify\"><span style=\"font-size:11pt\"><span style=\"line-height:normal\"><span style=\"font-family:Calibri,sans-serif\"><a href=\"https:\/\/prefeitura.sp.gov.br\/web\/butanta\/w\/s%C3%A3o-paulo-avan%C3%A7a-na-gest%C3%A3o-de-res%C3%ADduos-e-amplia-a%C3%A7%C3%B5es-de-reciclagem-com-investimento-bilion%C3%A1rio\" style=\"color:blue; text-decoration:underline\"><span style=\"font-size:14.0pt\">S&atilde;o Paulo avan&ccedil;a na gest&atilde;o de res&iacute;duos e amplia a&ccedil;&otilde;es de reciclagem com investimento bilion&aacute;rio<\/span><\/a><\/span><\/span><\/span><\/p>\r\n\r\n<p style=\"text-align:justify\"><span style=\"font-size:28pt\"><span style=\"font-family:Cambria,serif\"><span style=\"letter-spacing:-0.5pt\"><b><span style=\"font-size:18.0pt\"><span style=\"font-family:&quot;Calibri&quot;,sans-serif\"><span style=\"font-variant:small-caps\">Inova&ccedil;&atilde;o<\/span><\/span><\/span><\/b><\/span><\/span><\/span><\/p>\r\n\r\n<p style=\"text-align:justify\"><span style=\"font-size:11pt\"><span style=\"line-height:normal\"><span style=\"font-family:Calibri,sans-serif\"><a href=\"https:\/\/agenciadenoticias.bndes.gov.br\/cultura\/BNDES-e-Finep-ja-aprovaram-R$-14-bi-para-inovacao-em-2025\/\" style=\"color:blue; text-decoration:underline\"><span style=\"font-size:14.0pt\">Nova Ind&uacute;stria Brasil: BNDES e Finep j&aacute; aprovaram R$ 14 bi para inova&ccedil;&atilde;o em 2025<\/span><\/a><\/span><\/span><\/span><\/p>\r\n\r\n<p style=\"text-align:justify\"><span style=\"font-size:11pt\"><span style=\"line-height:normal\"><span style=\"font-family:Calibri,sans-serif\"><a href=\"https:\/\/agenciabrasil.ebc.com.br\/economia\/noticia\/2025-10\/novo-parque-de-inovacao-vira-bercario-de-tecnologia-em-pernambuco\" style=\"color:blue; text-decoration:underline\"><span style=\"font-size:14.0pt\">Novo parque de inova&ccedil;&atilde;o vira &ldquo;ber&ccedil;&aacute;rio&rdquo; de tecnologia em Pernambuco<\/span><\/a><\/span><\/span><\/span><\/p>\r\n\r\n<p style=\"text-align:justify\"><span style=\"font-size:28pt\"><span style=\"font-family:Cambria,serif\"><span style=\"letter-spacing:-0.5pt\"><b><span style=\"font-size:18.0pt\"><span style=\"font-family:&quot;Calibri&quot;,sans-serif\"><span style=\"font-variant:small-caps\">Com&eacute;rcio Exterior<\/span><\/span><\/span><\/b><\/span><\/span><\/span><\/p>\r\n\r\n<p style=\"text-align:justify\"><span style=\"font-size:11pt\"><span style=\"line-height:normal\"><span style=\"font-family:Calibri,sans-serif\"><a href=\"https:\/\/www.cnnbrasil.com.br\/economia\/macroeconomia\/macron-ve-passos-positivos-no-acordo-comercial-ue-mercosul\/\" style=\"color:blue; text-decoration:underline\"><span style=\"font-size:14.0pt\">Macron v&ecirc; passos positivos no acordo comercial UE-Mercosul<\/span><\/a><\/span><\/span><\/span><\/p>\r\n\r\n<p style=\"text-align:justify\"><span style=\"font-size:11pt\"><span style=\"line-height:normal\"><span style=\"font-family:Calibri,sans-serif\"><a href=\"https:\/\/revistaoeste.com\/politica\/lula-e-trump-conversam-por-cerca-de-50-minutos-na-malasia\/\" style=\"color:blue; text-decoration:underline\"><span style=\"font-size:14.0pt\">Lula e Trump conversam por cerca de 50 minutos na Mal&aacute;sia<\/span><\/a><\/span><\/span><\/span><\/p>\r\n\r\n<p style=\"text-align:justify\"><span style=\"font-size:11pt\"><span style=\"line-height:normal\"><span style=\"font-family:Calibri,sans-serif\"><a href=\"https:\/\/g1.globo.com\/mundo\/noticia\/2025\/10\/26\/reuniao-lula-trump-proximos-passos.ghtml\" style=\"color:blue; text-decoration:underline\"><span style=\"font-size:14.0pt\">Reuni&atilde;o entre Lula e Trump: entenda o que foi discutido e quais s&atilde;o os pr&oacute;ximos passos<\/span><\/a><\/span><\/span><\/span><\/p>\r\n\r\n<p style=\"text-align:justify\"><span style=\"font-size:11pt\"><span style=\"line-height:normal\"><span style=\"font-family:Calibri,sans-serif\"><a href=\"https:\/\/apexbrasil.com.br\/content\/apexbrasil\/br\/pt\/conteudo\/noticias\/Presidente-Lula-participa-de-Foruns-Empresariais-na-Indonesia-e-na-Malasia-com-mais-de-100-empresarios-brasileiros.html#msdynmkt_trackingcontext=87ca004c-bc1b-4f9f-972c-310439490100\" style=\"color:blue; text-decoration:underline\"><span style=\"font-size:14.0pt\">Presidente Lula participa de F&oacute;runs Empresariais na Indon&eacute;sia e na Mal&aacute;sia com mais de 150 empres&aacute;rios brasileiros<\/span><\/a><\/span><\/span><\/span><\/p>\r\n\r\n<p style=\"text-align:justify\"><span style=\"font-size:11pt\"><span style=\"line-height:normal\"><span style=\"font-family:Calibri,sans-serif\"><a href=\"https:\/\/apexbrasil.com.br\/content\/apexbrasil\/br\/pt\/conteudo\/noticias\/brasil-e-india-avancam-na-cooperacao-economica-durante-dialogo-empresarial-india-brasil-2025.html#msdynmkt_trackingcontext=87ca004c-bc1b-4f9f-972c-310439490100\" style=\"color:blue; text-decoration:underline\"><span style=\"font-size:14.0pt\">Brasil e &Iacute;ndia avan&ccedil;am na coopera&ccedil;&atilde;o econ&ocirc;mica durante Di&aacute;logo Empresarial &Iacute;ndia-Brasil 2025<\/span><\/a><\/span><\/span><\/span><\/p>\r\n\r\n<p style=\"text-align:justify\"><span style=\"font-size:28pt\"><span style=\"font-family:Cambria,serif\"><span style=\"letter-spacing:-0.5pt\"><b><span style=\"font-size:18.0pt\"><span style=\"font-family:&quot;Calibri&quot;,sans-serif\"><span style=\"font-variant:small-caps\">Economia<\/span><\/span><\/span><\/b><\/span><\/span><\/span><\/p>\r\n\r\n<p style=\"text-align:justify\"><span style=\"font-size:11pt\"><span style=\"line-height:normal\"><span style=\"font-family:Calibri,sans-serif\"><a href=\"https:\/\/www.bcb.gov.br\/content\/focus\/focus\/R20251024.pdf\" style=\"color:blue; text-decoration:underline\"><span style=\"font-size:14.0pt\">Focus - Relat&oacute;rio de Mercado<\/span><\/a><\/span><\/span><\/span><\/p>\r\n\r\n<p style=\"text-align:justify\"><img src=\"https:\/\/www.abint.org.br\/assets\/img\/editor\/redes-sociais-abint-ctg-cth_20251014202218Zyze8pqEet.jpg\" \/><\/p>\r\n","texto_en":"","7":"","imagem":"COMP_capa-2025-site-boletim-abint-noticias-semanis_20251028182959VNSKtCACbI.jpg","8":"COMP_capa-2025-site-boletim-abint-noticias-semanis_20251028182959VNSKtCACbI.jpg","arquivo":"20251028-BOLETIM-ABINT-DE-NOTICIAS-SEMANAIS.PDF","9":"20251028-BOLETIM-ABINT-DE-NOTICIAS-SEMANAIS.PDF","titulo_arquivo":"20251028 Boletim ABINT de Not\u00edcias Semanais","10":"20251028 Boletim ABINT de Not\u00edcias Semanais","titulo_arquivo_en":"","11":"","created_at":"2025-10-28 18:30:08","12":"2025-10-28 18:30:08","updated_at":"2025-10-28 18:30:08","13":"2025-10-28 18:30:08"},{"id":202,"0":202,"ordem":21,"1":21,"data":"2025-10-21","2":"2025-10-21","slug":"boletim-abint-de-noticias-semanais-100","3":"boletim-abint-de-noticias-semanais-100","titulo":"Boletim ABINT de Not\u00edcias Semanais","4":"Boletim ABINT de Not\u00edcias Semanais","titulo_en":"","5":"","texto":"<p style=\"text-align:justify\"><span style=\"font-size:11pt\"><span style=\"line-height:normal\"><span style=\"font-family:Calibri,sans-serif\"><span style=\"font-size:14.0pt\">Esta &eacute; uma compila&ccedil;&atilde;o das not&iacute;cias mais relevantes para o setor, incluindo informa&ccedil;&otilde;es sobre acordos internacionais, economia brasileira, sustentabilidade e mat&eacute;rias primas, al&eacute;m de novidades do setor de N&atilde;otecidos e Tecidos T&eacute;cnicos.<\/span><\/span><\/span><\/span><\/p>\r\n\r\n<p style=\"text-align:justify\"><span style=\"font-size:28pt\"><span style=\"font-family:Cambria,serif\"><span style=\"letter-spacing:-0.5pt\"><b><span style=\"font-size:18.0pt\"><span style=\"font-family:&quot;Calibri&quot;,sans-serif\"><span style=\"font-variant:small-caps\">O que vem por a&iacute;<\/span><\/span><\/span><\/b><\/span><\/span><\/span><\/p>\r\n\r\n<p><img src=\"https:\/\/www.abint.org.br\/assets\/img\/editor\/20251021-fenasan-2025_20250923190841eMb0ea0qzy.jpg\" style=\"width: 500px; height: 158px;\" \/><\/p>\r\n\r\n<p><a href=\"https:\/\/fenasan.com.br\/\"><b>Acesse aqui mais informa&ccedil;&otilde;es<\/b><\/a><\/p>\r\n\r\n<p>&nbsp;<\/p>\r\n\r\n<p><img src=\"https:\/\/www.abint.org.br\/assets\/img\/editor\/congresso-abit-2025-1_20250923191347WI6Kiky2I3.png\" style=\"width: 500px; height: 625px;\" \/><\/p>\r\n\r\n<p><a href=\"https:\/\/www.congressoabit.com.br\/\"><b>Acesse aqui mais informa&ccedil;&otilde;es<\/b><\/a><\/p>\r\n\r\n<p>&nbsp;<\/p>\r\n\r\n<p><img src=\"https:\/\/www.abint.org.br\/assets\/img\/editor\/nova-logo-premio-tcc-ic_20251014200023iBYOW5yEJX.png\" style=\"width: 500px; height: 270px;\" \/><\/p>\r\n\r\n<p><a href=\"https:\/\/www.even3.com.br\/encontro-anual-igs-brasil-geossinteticos-em-pauta-636131\/?fbclid=PAVERTVgNSBBRleHRuA2FlbQIxMAABpwF8VswtQRKdOg4XG0MC6A1g4ywhMN2_I-pCaXZTfAgoKkS37GNA7tkTiSST_aem_tRTmfHq0NQ_O0NzOrt7a_A\"><b><i>Cerim&ocirc;nia de Premia&ccedil;&atilde;o<\/i><\/b><\/a><b>, durente o &ldquo;Geossint&eacute;ticos em Pauta&rdquo;, 06 de novembro de 2025, 13h &agrave;s 18h, presencial, sede ABINT, rua Marqu&ecirc;s de Itu, 968, Higien&oacute;polis, S&atilde;o Paulo, SP<\/b><\/p>\r\n\r\n<p>&nbsp;<\/p>\r\n\r\n<p style=\"text-align:justify\"><span style=\"font-size:28pt\"><span style=\"font-family:Cambria,serif\"><span style=\"letter-spacing:-0.5pt\"><b><span style=\"font-size:18.0pt\"><span style=\"font-family:&quot;Calibri&quot;,sans-serif\"><span style=\"font-variant:small-caps\"><img src=\"https:\/\/www.abint.org.br\/assets\/img\/editor\/post-quadrado-curso-naotecido_20251021174921nZdUwTqMfl.jpg\" style=\"width: 500px; height: 500px;\" \/><\/span><\/span><\/span><\/b><\/span><\/span><\/span><\/p>\r\n\r\n<p style=\"text-align:justify\"><span style=\"font-size:11pt\"><span style=\"line-height:normal\"><span style=\"font-family:Calibri,sans-serif\"><a href=\"https:\/\/forms.cloud.microsoft\/r\/5DrqtK5n3Y\" style=\"color:blue; text-decoration:underline\"><span style=\"font-size:14.0pt\">Informa&ccedil;&otilde;es e inscri&ccedil;&otilde;es<\/span><\/a><\/span><\/span><\/span><\/p>\r\n\r\n<p style=\"text-align:justify\">&nbsp;<\/p>\r\n\r\n<p><b><img src=\"https:\/\/www.abint.org.br\/assets\/img\/editor\/20251117-workshop-iso-astm-abnt_20251015193426QqcNHCi4bT.jpg\" style=\"width: 500px; height: 500px;\" \/><\/b><\/p>\r\n\r\n<p><b>CTG ABINT | Patrocinador Especial do&nbsp;<\/b><a href=\"https:\/\/www.even3.com.br\/international-geosynthetics-workshop-standards-and-updates-in-infrastructure-and-sustainability-616680\/\"><b><i>International Geosynthetics Workshop: Standards and updates in Infrastructure and Sustainability<\/i><\/b><\/a><b><i>,&nbsp;<\/i><\/b><b>17 de novembro de 2025, 08h &agrave;s 18h, presencial, Pontif&iacute;cia Universidade Cat&oacute;lica do Rio de Janeiro (PUC-Rio), Rio de Janeiro, RJ, Brasil<\/b><\/p>\r\n\r\n<p>&nbsp;<\/p>\r\n\r\n<p style=\"text-align:justify\"><span style=\"font-size:28pt\"><span style=\"font-family:Cambria,serif\"><span style=\"letter-spacing:-0.5pt\"><b><span style=\"font-size:18.0pt\"><span style=\"font-family:&quot;Calibri&quot;,sans-serif\"><span style=\"font-variant:small-caps\">Not&iacute;cias das Associadas<\/span><\/span><\/span><\/b><\/span><\/span><\/span><\/p>\r\n\r\n<p style=\"text-align:justify\"><span style=\"font-size:11pt\"><span style=\"line-height:normal\"><span style=\"font-family:Calibri,sans-serif\"><a href=\"https:\/\/www.revistatae.com.br\/Noticia\/92397\/ctg-abint-e-apoiador-da-feira-nacional-de-saneamento-e-meio-ambiente---fenasan-e-do-36o-encontro-tecnico-aesabesp#:~:text=O%20Comit%C3%AA%20de%20Geossint%C3%A9ticos%20da,no%20Expo%20Center%20Norte%2C%20em\" style=\"color:blue; text-decoration:underline\"><span style=\"font-size:14.0pt\">CTG ABINT &eacute; apoiador da Feira Nacional de Saneamento e Meio Ambiente &ndash; Fenasan e do 36&ordm; Encontro T&eacute;cnico AESabesp<\/span><\/a> <\/span><\/span><\/span><\/p>\r\n\r\n<p style=\"text-align:justify\"><span style=\"font-size:11pt\"><span style=\"line-height:normal\"><span style=\"font-family:Calibri,sans-serif\"><a href=\"https:\/\/br.investing.com\/news\/company-news\/andritz-no-2o-tri-de-2025-entrada-de-pedidos-aumenta-26-apesar-da-queda-na-receita-93CH-1708400\" style=\"color:blue; text-decoration:underline\"><span style=\"font-size:14.0pt\">Andritz no 2&ordm; tri de 2025: entrada de pedidos aumenta 26% apesar da queda na receita<\/span><\/a><\/span><\/span><\/span><\/p>\r\n\r\n<p style=\"text-align:justify\"><span style=\"font-size:11pt\"><span style=\"line-height:normal\"><span style=\"font-family:Calibri,sans-serif\"><a href=\"https:\/\/portalpersonalcare.com.br\/cremer-substitui-gas-natural-por-biomassa-e-reduz-emissoes-em-mais-de-3-mil-toneladas-de-co%e2%82%82\/?utm_medium=email&amp;utm_campaign=newsletter_15102025&amp;utm_source=RD+Station\" style=\"color:blue; text-decoration:underline\"><span style=\"font-size:14.0pt\">Cremer substitui g&aacute;s natural por biomassa e reduz emiss&otilde;es em mais de 3 mil toneladas de CO\u2082<\/span><\/a><\/span><\/span><\/span><\/p>\r\n\r\n<p style=\"text-align:justify\"><span style=\"font-size:11pt\"><span style=\"line-height:normal\"><span style=\"font-family:Calibri,sans-serif\"><a href=\"https:\/\/www.textileworld.com\/textile-world\/nonwovens-technical-textiles\/2025\/10\/sustainable-innovation-freudenberg-launches-unique-binder-free-pla-wood-pulp-wetlaid-nonwovens\/\" style=\"color:blue; text-decoration:underline\"><span lang=\"ES-AR\" style=\"font-size:14.0pt\">Sustainable Innovation: Freudenberg Launches Unique Binder-Free PLA\/Wood Pulp Wetlaid Nonwovens<\/span><\/a><\/span><\/span><\/span><\/p>\r\n\r\n<p style=\"text-align:justify\"><span style=\"font-size:11pt\"><span style=\"line-height:normal\"><span style=\"font-family:Calibri,sans-serif\"><a href=\"https:\/\/www.nonwovens-industry.com\/contents\/view_breaking-news\/2025-10-14\/freudenberg-celebrates-expansion-in-india\/15303\" style=\"color:blue; text-decoration:underline\"><span lang=\"EN-US\" style=\"font-size:14.0pt\">Freudenberg Celebrates Expansion in India<\/span><\/a><\/span><\/span><\/span><\/p>\r\n\r\n<p style=\"text-align:justify\"><span style=\"font-size:11pt\"><span style=\"line-height:normal\"><span style=\"font-family:Calibri,sans-serif\"><a href=\"https:\/\/www.nonwovens-industry.com\/contents\/view_breaking-news\/2025-10-14\/suominen-earns-ecovadis-gold-medal\/15303\" style=\"color:blue; text-decoration:underline\"><span lang=\"EN-US\" style=\"font-size:14.0pt\">Suominen Earns EcoVadis Gold Medal<\/span><\/a><\/span><\/span><\/span><\/p>\r\n\r\n<p style=\"text-align:justify\"><span style=\"font-size:11pt\"><span style=\"line-height:normal\"><span style=\"font-family:Calibri,sans-serif\"><b><span style=\"font-size:18.0pt\"><span style=\"font-variant:small-caps\">Eventos<\/span><\/span><\/b><\/span><\/span><\/span><\/p>\r\n\r\n<p style=\"text-align:justify\"><span style=\"font-size:11pt\"><span style=\"line-height:normal\"><span style=\"font-family:Calibri,sans-serif\"><a href=\"https:\/\/hospitalmed.com.br\/feira\/\" style=\"color:blue; text-decoration:underline\"><b><span style=\"font-size:14.0pt\">HospitalMed 2025<\/span><\/b><\/a><span style=\"font-size:14.0pt\">, 22 a 24 de outubro, Pernambuco Centro de Conven&ccedil;&otilde;es, Olinda<\/span><\/span><\/span><\/span><\/p>\r\n\r\n<p style=\"text-align:justify\"><span style=\"font-size:11pt\"><span style=\"line-height:normal\"><span style=\"font-family:Calibri,sans-serif\"><a href=\"https:\/\/abrava.com.br\/compromissos\/webinar-o-mercado-avacr-i\/?utm_medium=email&amp;utm_campaign=inscreva-se__webinars_o_mercado_avacr_2&amp;utm_source=RD+Station\" style=\"color:blue; text-decoration:underline\"><b><span style=\"font-size:14.0pt\">ABRAVA | Webinar &#39;O Mercado AVACR&#39;<\/span><\/b><\/a><span style=\"font-size:14.0pt\">, 23 de outubro de2025, 17h00<\/span><\/span><\/span><\/span><\/p>\r\n\r\n<p style=\"text-align:justify\"><span style=\"font-size:11pt\"><span style=\"line-height:normal\"><span style=\"font-family:Calibri,sans-serif\"><a href=\"https:\/\/www.abnteducacao.com.br\/Simbologia_de_cuidados_aplicada_a_Etiquetagem_de_Texteis_ABNT_NBR_NM_ISO_3758\" style=\"color:blue; text-decoration:underline\"><b><span style=\"font-size:14.0pt\">Curso ABNT | Simbologia de cuidados aplicada a Etiquetagem de T&ecirc;xteis - ABNT NBR NM ISO 3758<\/span><\/b><\/a><span style=\"font-size:14.0pt\">, 27 e 28 de outubro de 2025, das 08:30 &agrave;s 17h30, online<\/span><\/span><\/span><\/span><\/p>\r\n\r\n<p style=\"text-align:justify\"><span style=\"font-size:11pt\"><span style=\"line-height:normal\"><span style=\"font-family:Calibri,sans-serif\"><a href=\"https:\/\/www.congressoabit.com.br\/\" style=\"color:blue; text-decoration:underline\"><b><span style=\"font-size:14.0pt\">Congresso Internacional Abit 2025<\/span><\/b><\/a><span style=\"font-size:14.0pt\">, 29 e 30 de outubro, 08h &agrave;s 20h, FIESP, S&atilde;o Paulo, SP<\/span><\/span><\/span><\/span><\/p>\r\n\r\n<p style=\"text-align:justify\"><span style=\"font-size:11pt\"><span style=\"line-height:normal\"><span style=\"font-family:Calibri,sans-serif\"><a href=\"https:\/\/filtech.de\/\" style=\"color:blue; text-decoration:underline\"><b><span style=\"font-size:14.0pt\">Filtech 2026<\/span><\/b><\/a><span style=\"font-size:14.0pt\">, de 30 de junho a 2 de julho, Cologne, Alemanha<\/span><\/span><\/span><\/span><\/p>\r\n\r\n<p style=\"text-align:justify\"><span style=\"font-size:11pt\"><span style=\"line-height:normal\"><span style=\"font-family:Calibri,sans-serif\"><a href=\"https:\/\/ficons.com.br\/\" style=\"color:blue; text-decoration:underline\"><b><span style=\"font-size:14.0pt\">FICONS - Feira Internacional de Materiais, Equipamentos e Servi&ccedil;os da Constru&ccedil;&atilde;o<\/span><\/b><\/a><span style=\"font-size:14.0pt\">, 15 a 18 de setembro de 2026, Centro de Conven&ccedil;&otilde;es de Pernambuco Recife\/ Olinda<\/span><\/span><\/span><\/span><\/p>\r\n\r\n<p style=\"text-align:justify\"><span style=\"font-size:11pt\"><span style=\"line-height:normal\"><span style=\"font-family:Calibri,sans-serif\"><a href=\"https:\/\/www.edana.org\/events\/outlook\/outlook-2025\" style=\"color:blue; text-decoration:underline\"><b><span style=\"font-size:14.0pt\">OUTLOOK&trade; 2026<\/span><\/b><\/a><span style=\"font-size:14.0pt\">, 22&ndash;24 September 2026, Hotel Miragem, Cascais, Portugal<\/span><\/span><\/span><\/span><\/p>\r\n\r\n<p style=\"text-align:justify\"><span style=\"font-size:11pt\"><span style=\"line-height:normal\"><span style=\"font-family:Calibri,sans-serif\"><a href=\"https:\/\/tendencias.sobratema.com\/?utm_source=akna&amp;utm_medium=email&amp;utm_campaign=Sua-marca-em-destaque-no-20-Tendencias-do-Mercado-da-Construcao-patrocine-este-encontro-estrategico\" style=\"color:blue; text-decoration:underline\"><b><span style=\"font-size:14.0pt\">SOBRATEMA | 20&ordf; Tend&ecirc;ncias do Mercado da Constru&ccedil;&atilde;o<\/span><\/b><\/a><span style=\"font-size:14.0pt\">, 26 de novembro de 2025, 18h, APAS, S&atilde;o Paulo, SP<\/span><\/span><\/span><\/span><\/p>\r\n\r\n<p style=\"text-align:justify\"><span style=\"font-size:28pt\"><span style=\"font-family:Cambria,serif\"><span style=\"letter-spacing:-0.5pt\"><b><span style=\"font-size:18.0pt\"><span style=\"font-family:&quot;Calibri&quot;,sans-serif\"><span style=\"font-variant:small-caps\">Setor<\/span><\/span><\/span><\/b><\/span><\/span><\/span><\/p>\r\n\r\n<p style=\"text-align:justify\"><span style=\"font-size:11pt\"><span style=\"line-height:normal\"><span style=\"font-family:Calibri,sans-serif\"><a href=\"http:\/\/clickemail.portalpersonalcare.com.br\/ls\/click?upn=u001.D2-2F0Tg0A29KXXLMT6ctG-2BYOihdDbc-2ByFrUFb3ZXMT9Qc14H1NDtKSsc9kLo8vXSM13sVUk8syICiYrriOPfsgTghgvvvMwKOkb5cgOL9S3cQVT-2BTPSGJdnbtqTx5d1dkIdcSCRt24a5JYgcR4U2mTjj8WEr7AR-2B7njeveP-2BH6JLKkW4mBt8lJi0-2FO0A6vb1xvC6sjpeWvFVVg4BggjeKPyFQyIBe8ZXGDHA7-2B3NfCcUkshO-2F5fINfjJAvvb5csg71XFV-2B8QcUTGFQh1heYwsHhTDiFYs2XBrSocOjGcOYB0X93I2Oo-2BQlg-2FveL-2Bk9uZYQshM3-2FKDpPrYsItfUKb2trUQBlXXS1o0ryUZrGJ31n35j6wIp5Ob1-2B7kK3b2L8aJtRYJDU5NYdYUWD8JErV5BakfRgF3uWc0E-2B3tunW3ZSYUnEMq701EtShS47gZ-2F6tGLLWJ_T7N8BvZTOm04CQQMiyWztrpCjlUrRc4F7QzSgUIpTqDyHxxxhGpyWLohz7JoE2GE5NHlS-2BYZoX1R75Fh8KCze9GvCCb-2FinuNgc39g0Cdbe-2FcU8RlSBQhp5om11AQZQ-2FDW8oRQDHG-2B0LaxjyxrHEZQ-2FO12bKQ-2FgzqHoM-2FsulZdjpUXp834ijJrJmtXymDIdUqrlaZ2dS5IByW5LDcab-2BGCM8-2BKZUqYqL0xEdLwnvVAHhb1q4eyuZkpDqudIUbSrBIvn-2B1bSKVnI8CbXrzxFCpoSmvNv-2Fbign24BRtKtCH0B2GfTzr-2Fwpf094XBcLqUQLAtuCChJHKKQ1t-2Fzl5fSY3U5EBLaugIQKUyw8KhGuE4mj0q5j7WIXX3lZNSzkxHUNG62vcWULLpJSBFf2FyeD2TyZa4VdlToEBaDMJkWvSLmHeCq4ozRgIzeVKWNsndNApBRj-2FeUUrLFCO15cbRj5-2B5DcVjuXsOFZTBSrgsMcn4WZoI0-2FknuS-2BeXDnzLxUuEBiBfqLl-2FhKJCcl6-2BqEybSl0z-2FeTz24RJXTyIWFLZtNiZoVGsIIcT3K-2BvHWiTPkZh6Uwe314HIpswr85BqAVkpqtFsdE-2Bjtns-2B6O-2BW4d8ifLIMSsvSM92EEeJL7-2FW5Zy8MOLDyytqMQDBFN-2Bw4wb2P6EQZvFgi5-2ForcQ0CPp0NUjdtE7kiK9cnzrQiFpOnnIQDWmgDZ-2FUXyfRYstDjjEkd7Dq0viEyTY-2FiszAeVBWfh19x4v7833EPydeRLO6foK872T5Yg1LDvaZLId1zv4-2F7D9w-3D-3D\" style=\"color:blue; text-decoration:underline\" target=\"_blank\"><span style=\"font-size:14.0pt\">Fraldas descart&aacute;veis e seguran&ccedil;a do usu&aacute;rio: o que diz a legisla&ccedil;&atilde;o brasileira e quais testes s&atilde;o essenciais<\/span><\/a><\/span><\/span><\/span><\/p>\r\n\r\n<p style=\"text-align:justify\"><span style=\"font-size:11pt\"><span style=\"line-height:normal\"><span style=\"font-family:Calibri,sans-serif\"><a href=\"http:\/\/clickemail.portalpersonalcare.com.br\/ls\/click?upn=u001.D2-2F0Tg0A29KXXLMT6ctG-2BYOihdDbc-2ByFrUFb3ZXMT9Q4YNuXemgmCAHKJRVsxa-2B2kWHg-2FQGr6FNyRqhUiTzwDzC-2BlF9e6YG-2B7emo9kt-2F3H-2B0oZXNpJsq9VsVpjP6ePNz7-2B53rmrnI0fEsElUtj0xsM3ZKyaZa1abbkn9BhxHGhzmXH7OlC1qoqn-2B9x6YgkQTj-2FZ1ukSEFESY0K2Dm2N-2BomrpLkR50176uge2scYddNs7xBDbizWhXPeZavPpvqpMLomRVT2ShiN8gv9sg0IcosdxkwW8KddcfhLkf-2FquO0VBJw8wOjAjr72JwqEs9q49Irerieeq46s3FETh-2BQ3OGVIz-2F-2FyktCZ39uKvdLmL7C-2BacQ6keOhsIah0TIYKdF50qiKs_T7N8BvZTOm04CQQMiyWztrpCjlUrRc4F7QzSgUIpTqDyHxxxhGpyWLohz7JoE2GE5NHlS-2BYZoX1R75Fh8KCze9GvCCb-2FinuNgc39g0Cdbe-2FcU8RlSBQhp5om11AQZQ-2FDnf6LJ-2BuOQcGnlwd-2FdkyQHeqxaC6MwNmt9S0F-2B7keMd42VKkOp2jj79z4JwgO-2FlB-2B4cRUCJ2Tzb-2B9coJtQTcxoTL3RvlHo-2BZzmt2SW-2FXJ-2BeBGFS6ZdZyy0VOsc4KRuzK2RFaQi-2FV-2FYmKkPIZhXQ6hoh1ifuyXJ5h11UV-2F9GTxqgyusQbv5qApU-2FCaXbDV-2BaglznrcExF6BLBw3E8azZ9sOX-2F-2BoCKmnCwWq9ZG9UgNhCtX3aSs3-2Bg8n-2B-2FyJvW3STyrFLRdscnDEIbDqvb1hJ1ZpUYFpjo11jQCZqdnOiEonv5HWr1VfAovDdooWoLekF03odOz77Q1pRHP2Mr8BUKtPQxwRODSte0EJ7tq7LzJ7Bz7G7EKjnIjEUGgB1kloy8q6hMuSZHqgbtAeJRh5oi93sPRcPUXDnN55Nqnn3rQ7AbDhRhRPDf1hGIEI90WBIZN-2BI4TeIboOsEc0rvsWF38ocTzc8jf0kn-2BEz-2Bl-2BFu9dIeEIknF0MGkope3dIUcpMQjvgiEZVyxrIJT9AlJXZ2jsgSVjkKwqAIB4HbW0Ksqslx2RvXFX7Q-2FWtADngMRb-2B7iRpCB7yf78ZEdgZirC-2BejwhPuDpmBu6W-2BiA9Tv9-2BZ5GU-3D\" style=\"color:blue; text-decoration:underline\" target=\"_blank\"><span style=\"font-size:14.0pt\">Ind&uacute;stria de personal care enfrenta dificuldade para atrair e reter profissionais qualificados<\/span><\/a><\/span><\/span><\/span><\/p>\r\n\r\n<p style=\"text-align:justify\"><span style=\"font-size:11pt\"><span style=\"line-height:normal\"><span style=\"font-family:Calibri,sans-serif\"><a href=\"https:\/\/plasticosemrevista.com.br\/quimica-petroquimica-desindustrializacao-atormenta-a-europa\/\" style=\"color:blue; text-decoration:underline\"><span style=\"font-size:14.0pt\">Qu&iacute;mica\/Petroqu&iacute;mica: desindustrializa&ccedil;&atilde;o atormenta a Europa<\/span><\/a><\/span><\/span><\/span><\/p>\r\n\r\n<p style=\"text-align:justify\"><span style=\"font-size:11pt\"><span style=\"line-height:normal\"><span style=\"font-family:Calibri,sans-serif\"><a href=\"https:\/\/www.manaus.am.gov.br\/noticia\/infraestrutura\/prefeitura-seminf-protecaomecanicataludes\/\" style=\"color:blue; text-decoration:underline\"><span style=\"font-size:14.0pt\">Geomanta de PVC: Prefeitura de Manaus anuncia obras para prote&ccedil;&atilde;o mec&acirc;nica dos taludes laterais da avenida M&aacute;rio Ypiranga Monteiro<\/span><\/a><\/span><\/span><\/span><\/p>\r\n\r\n<p style=\"text-align:justify\"><span style=\"font-size:28pt\"><span style=\"font-family:Cambria,serif\"><span style=\"letter-spacing:-0.5pt\"><b><span style=\"font-size:18.0pt\"><span style=\"font-family:&quot;Calibri&quot;,sans-serif\"><span style=\"font-variant:small-caps\">Ind&uacute;stria<\/span><\/span><\/span><\/b><\/span><\/span><\/span><\/p>\r\n\r\n<p style=\"text-align:justify\"><span style=\"font-size:11pt\"><span style=\"line-height:normal\"><span style=\"font-family:Calibri,sans-serif\"><a href=\"https:\/\/noticias.portaldaindustria.com.br\/noticias\/economia\/producao-estaciona-estoques-acumulam-e-empregos-recuam-no-3o-trimestre-aponta-cni\/\" style=\"color:blue; text-decoration:underline\"><span style=\"font-size:14.0pt\">Produ&ccedil;&atilde;o estaciona, estoques acumulam e empregos recuam no 3&ordm; trimestre, aponta CNI<\/span><\/a><\/span><\/span><\/span><\/p>\r\n\r\n<p style=\"text-align:justify\"><span style=\"font-size:11pt\"><span style=\"line-height:normal\"><span style=\"font-family:Calibri,sans-serif\"><a href=\"https:\/\/noticias.portaldaindustria.com.br\/noticias\/economia\/cni-mantem-projecao-de-crescimento-do-pib-em-23-mas-diminui-alta-da-industria-para-16\/\" style=\"color:blue; text-decoration:underline\"><span style=\"font-size:14.0pt\">CNI mant&eacute;m proje&ccedil;&atilde;o de crescimento do PIB em 2,3%, mas diminui alta da ind&uacute;stria para 1,6%<\/span><\/a><\/span><\/span><\/span><\/p>\r\n\r\n<p style=\"text-align:justify\"><span style=\"font-size:11pt\"><span style=\"line-height:normal\"><span style=\"font-family:Calibri,sans-serif\"><a href=\"https:\/\/jornaldoisirmaos.com.br\/noticia\/14102025-diante-do-cenario-internacional-incerto-industria-calcadista-refaz-projecoes-de-crescimento\" style=\"color:blue; text-decoration:underline\"><span style=\"font-size:14.0pt\">Diante do cen&aacute;rio internacional incerto, ind&uacute;stria cal&ccedil;adista refaz proje&ccedil;&otilde;es de crescimento<\/span><\/a><\/span><\/span><\/span><\/p>\r\n\r\n<p style=\"text-align:justify\"><span style=\"font-size:11pt\"><span style=\"line-height:normal\"><span style=\"font-family:Calibri,sans-serif\"><a href=\"https:\/\/www.contabeis.com.br\/artigos\/73332\/reforma-tributaria-novos-eventos-fiscais-obrigatorios-exigem-preparacao-imediata-das-empresas\/\" style=\"color:blue; text-decoration:underline\"><span style=\"font-size:14.0pt\">Reforma Tribut&aacute;ria: novos eventos fiscais obrigat&oacute;rios exigem prepara&ccedil;&atilde;o imediata das empresas<\/span><\/a><\/span><\/span><\/span><\/p>\r\n\r\n<p style=\"text-align:justify\"><span style=\"font-size:11pt\"><span style=\"line-height:normal\"><span style=\"font-family:Calibri,sans-serif\"><a href=\"https:\/\/www.gov.br\/inmetro\/pt-br\/centrais-de-conteudo\/noticias\/inmetro-projeta-brasil-no-cenario-internacional-e-sedia-encontro-sobre-seguranca-de-produtos\" style=\"color:blue; text-decoration:underline\"><span style=\"font-size:14.0pt\">Inmetro projeta Brasil no cen&aacute;rio internacional e sedia encontro sobre seguran&ccedil;a de produtos<\/span><\/a><\/span><\/span><\/span><\/p>\r\n\r\n<p style=\"text-align:justify\"><span style=\"font-size:28pt\"><span style=\"font-family:Cambria,serif\"><span style=\"letter-spacing:-0.5pt\"><b><span style=\"font-size:18.0pt\"><span style=\"font-family:&quot;Calibri&quot;,sans-serif\"><span style=\"font-variant:small-caps\">Sustentabilidade<\/span><\/span><\/span><\/b><\/span><\/span><\/span><\/p>\r\n\r\n<p style=\"text-align:justify\"><span style=\"font-size:11pt\"><span style=\"line-height:normal\"><span style=\"font-family:Calibri,sans-serif\"><a href=\"https:\/\/www.autodata.com.br\/noticias\/2025\/10\/17\/industria-automotiva-reduz-uso-de-plastico-reciclado-apos-dois-anos-de-alta\/95514\/\" style=\"color:blue; text-decoration:underline\"><span style=\"font-size:14.0pt\">Ind&uacute;stria automotiva reduz uso de pl&aacute;stico reciclado ap&oacute;s dois anos de alta<\/span><\/a><\/span><\/span><\/span><\/p>\r\n\r\n<p style=\"text-align:justify\"><span style=\"font-size:11pt\"><span style=\"line-height:normal\"><span style=\"font-family:Calibri,sans-serif\"><a href=\"https:\/\/noticiasambientales.com\/ciencia-pt\/como-o-novo-metodo-quebra-o-plastico-pet-sem-contaminar-e-promete-uma-reciclagem-limpa-e-circular\/\" style=\"color:blue; text-decoration:underline\"><span style=\"font-size:14.0pt\">Como o novo m&eacute;todo quebra o pl&aacute;stico PET sem contaminar e promete uma reciclagem limpa e circular?<\/span><\/a><\/span><\/span><\/span><\/p>\r\n\r\n<p style=\"text-align:justify\"><span style=\"font-size:11pt\"><span style=\"line-height:normal\"><span style=\"font-family:Calibri,sans-serif\"><a href=\"https:\/\/www.oliberal.com\/esportes\/amp\/do-pet-ao-gramado-empresa-paraense-transforma-garrafas-em-uniformes-sustentaveis-para-clubes-1.1037378\" style=\"color:blue; text-decoration:underline\"><span style=\"font-size:14.0pt\">Do PET ao gramado: empresa paraense transforma garrafas em uniformes sustent&aacute;veis para clubes<\/span><\/a><\/span><\/span><\/span><\/p>\r\n\r\n<p style=\"text-align:justify\"><span style=\"font-size:11pt\"><span style=\"line-height:normal\"><span style=\"font-family:Calibri,sans-serif\"><a href=\"https:\/\/agenciabrasil.ebc.com.br\/radioagencia-nacional\/meio-ambiente\/audio\/2025-10\/projeto-recicla-plastico-para-criar-oculos-para-criancas-no-rj\" style=\"color:blue; text-decoration:underline\"><span style=\"font-size:14.0pt\">Projeto recicla pl&aacute;stico para criar &oacute;culos para crian&ccedil;as no RJ<\/span><\/a><\/span><\/span><\/span><\/p>\r\n\r\n<p style=\"text-align:justify\"><span style=\"font-size:11pt\"><span style=\"line-height:normal\"><span style=\"font-family:Calibri,sans-serif\"><a href=\"https:\/\/jamildo.com\/economia\/pavilhao-da-inovacao-urbana-transforma-plastico-reciclado-em-arquitetura-no-recnplay.html\" style=\"color:blue; text-decoration:underline\"><span style=\"font-size:14.0pt\">Pavilh&atilde;o da Inova&ccedil;&atilde;o Urbana transforma pl&aacute;stico reciclado em arquitetura no Rec&rsquo;n&rsquo;Play<\/span><\/a><\/span><\/span><\/span><\/p>\r\n\r\n<p style=\"text-align:justify\"><span style=\"font-size:28pt\"><span style=\"font-family:Cambria,serif\"><span style=\"letter-spacing:-0.5pt\"><b><span style=\"font-size:18.0pt\"><span style=\"font-family:&quot;Calibri&quot;,sans-serif\"><span style=\"font-variant:small-caps\">Inova&ccedil;&atilde;o<\/span><\/span><\/span><\/b><\/span><\/span><\/span><\/p>\r\n\r\n<p style=\"text-align:justify\"><span style=\"font-size:11pt\"><span style=\"line-height:normal\"><span style=\"font-family:Calibri,sans-serif\"><a href=\"https:\/\/share.google\/nzU7cWYruBpIq3820\" style=\"color:blue; text-decoration:underline\"><span style=\"font-size:14.0pt\">Novo asfalto com grafeno &eacute; o mais resistente do mundo e promete acabar com os buracos nas estradas<\/span><\/a><\/span><\/span><\/span><\/p>\r\n\r\n<p style=\"text-align:justify\"><span style=\"font-size:11pt\"><span style=\"line-height:normal\"><span style=\"font-family:Calibri,sans-serif\"><a href=\"https:\/\/share.google\/Kvz0Try3GfDv4DfiR\" style=\"color:blue; text-decoration:underline\"><span style=\"font-size:14.0pt\">Revolu&ccedil;&atilde;o verde na constru&ccedil;&atilde;o civil brasileira j&aacute; est&aacute; transformando cidades<\/span><\/a><\/span><\/span><\/span><\/p>\r\n\r\n<p style=\"text-align:justify\"><span style=\"font-size:11pt\"><span style=\"line-height:normal\"><span style=\"font-family:Calibri,sans-serif\"><a href=\"https:\/\/noticias.portaldaindustria.com.br\/noticias\/inovacao-e-tecnologia\/rede-de-pesquisa-e-inovacao-para-a-industria-contribui-com-066-do-pib-do-pais\/\" style=\"color:blue; text-decoration:underline\"><span style=\"font-size:14.0pt\">Rede de pesquisa e inova&ccedil;&atilde;o para a ind&uacute;stria contribui com 0,66% do PIB do pa&iacute;s, aponta estudo<\/span><\/a><\/span><\/span><\/span><\/p>\r\n\r\n<p style=\"text-align:justify\"><span style=\"font-size:11pt\"><span style=\"line-height:normal\"><span style=\"font-family:Calibri,sans-serif\"><a href=\"https:\/\/www.gov.br\/mcti\/pt-br\/acompanhe-o-mcti\/noticias\/2025\/10\/brasil-e-singapura-reforcam-cooperacao-em-ciencia-e-inovacao-sustentavel\" style=\"color:blue; text-decoration:underline\"><span style=\"font-size:14.0pt\">Brasil e Singapura refor&ccedil;am coopera&ccedil;&atilde;o em ci&ecirc;ncia e inova&ccedil;&atilde;o sustent&aacute;vel<\/span><\/a><\/span><\/span><\/span><\/p>\r\n\r\n<p style=\"text-align:justify\"><span style=\"font-size:28pt\"><span style=\"font-family:Cambria,serif\"><span style=\"letter-spacing:-0.5pt\"><b><span style=\"font-size:18.0pt\"><span style=\"font-family:&quot;Calibri&quot;,sans-serif\"><span style=\"font-variant:small-caps\">Com&eacute;rcio Exterior<\/span><\/span><\/span><\/b><\/span><\/span><\/span><\/p>\r\n\r\n<p style=\"text-align:justify\"><span style=\"font-size:11pt\"><span style=\"line-height:normal\"><span style=\"font-family:Calibri,sans-serif\"><a href=\"https:\/\/www.terra.com.br\/noticias\/mundo\/milei-diz-que-argentina-e-eua-estao-em-negociacoes-sobre-acordo-comercial,194e3d30a32a15b59ec68a35d730462atva7kgqw.html\" style=\"color:blue; text-decoration:underline\"><span style=\"font-size:14.0pt\">Milei diz que Argentina e EUA est&atilde;o em negocia&ccedil;&otilde;es sobre acordo comercial<\/span><\/a><\/span><\/span><\/span><\/p>\r\n\r\n<p style=\"text-align:justify\"><span style=\"font-size:11pt\"><span style=\"line-height:normal\"><span style=\"font-family:Calibri,sans-serif\"><a href=\"https:\/\/apexbrasil.com.br\/content\/apexbrasil\/br\/pt\/conteudo\/noticias\/ApexBrasil-atualiza-ferramenta-que-facilita-a-diversificacao-de-mercados.html#msdynmkt_trackingcontext=2ef05168-1c44-43e7-ba1c-b08a5ab90300\" style=\"color:blue; text-decoration:underline\"><span style=\"font-size:14.0pt\">ApexBrasil atualiza ferramenta que facilita a diversifica&ccedil;&atilde;o de mercados<\/span><\/a><\/span><\/span><\/span><\/p>\r\n\r\n<p style=\"text-align:justify\"><span style=\"font-size:11pt\"><span style=\"line-height:normal\"><span style=\"font-family:Calibri,sans-serif\"><a href=\"https:\/\/apexbrasil.com.br\/content\/apexbrasil\/br\/pt\/conteudo\/noticias\/com-us-46-82-milhoes-exportados-para-colombia-em-2025-missao-empresarial-do-think-plastic-brazil-consolida-o-pais-como-parceiro-essencial.html\" style=\"color:blue; text-decoration:underline\"><span style=\"font-size:14.0pt\">Com US$ 46,82 milh&otilde;es exportados para Col&ocirc;mbia em 2025, Miss&atilde;o empresarial do Think Plastic Brazil consolida o pa&iacute;s como parceiro essencial<\/span><\/a><\/span><\/span><\/span><\/p>\r\n\r\n<p style=\"text-align:justify\"><span style=\"font-size:11pt\"><span style=\"line-height:normal\"><span style=\"font-family:Calibri,sans-serif\"><a href=\"https:\/\/portalibre.fgv.br\/system\/files\/divulgacao\/noticias\/mat-complementar\/2025-10\/ICOMEX_FGV_Press%20release_Outubro2025.pdf\" style=\"color:blue; text-decoration:underline\"><span style=\"font-size:14.0pt\">Indicador de Com&eacute;rcio Exterior (Icomex)<\/span><\/a><\/span><\/span><\/span><\/p>\r\n\r\n<p style=\"text-align:justify\"><span style=\"font-size:11pt\"><span style=\"line-height:normal\"><span style=\"font-family:Calibri,sans-serif\"><a href=\"https:\/\/www.fibre2fashion.com\/news\/textile-news\/low-or-high-tariffs-push-nations-towards-further-negotiations-305623-newsdetails.htm\" style=\"color:blue; text-decoration:underline\"><span lang=\"EN-US\" style=\"font-size:14.0pt\">Low or high, tariffs push nations towards further negotiations<\/span><\/a><\/span><\/span><\/span><\/p>\r\n\r\n<p style=\"text-align:justify\"><span style=\"font-size:11pt\"><span style=\"line-height:normal\"><span style=\"font-family:Calibri,sans-serif\"><a href=\"https:\/\/www.fibre2fashion.com\/news\/textile-news\/are-tariffs-used-to-achieve-broader-geopolitical-goals-305679-newsdetails.htm\" style=\"color:blue; text-decoration:underline\"><span lang=\"EN-US\" style=\"font-size:14.0pt\">Are tariffs used to achieve broader geopolitical goals?<\/span><\/a><\/span><\/span><\/span><\/p>\r\n\r\n<p style=\"text-align:justify\"><span style=\"font-size:28pt\"><span style=\"font-family:Cambria,serif\"><span style=\"letter-spacing:-0.5pt\"><b><span style=\"font-size:18.0pt\"><span style=\"font-family:&quot;Calibri&quot;,sans-serif\"><span style=\"font-variant:small-caps\">Economia<\/span><\/span><\/span><\/b><\/span><\/span><\/span><\/p>\r\n\r\n<p style=\"text-align:justify\"><span style=\"font-size:11pt\"><span style=\"line-height:normal\"><span style=\"font-family:Calibri,sans-serif\"><a href=\"https:\/\/www.bcb.gov.br\/content\/focus\/focus\/R20251017.pdf\" style=\"color:blue; text-decoration:underline\"><span style=\"font-size:14.0pt\">Focus - Relat&oacute;rio de Mercado<\/span><\/a><\/span><\/span><\/span><\/p>\r\n","6":"<p style=\"text-align:justify\"><span style=\"font-size:11pt\"><span style=\"line-height:normal\"><span style=\"font-family:Calibri,sans-serif\"><span style=\"font-size:14.0pt\">Esta &eacute; uma compila&ccedil;&atilde;o das not&iacute;cias mais relevantes para o setor, incluindo informa&ccedil;&otilde;es sobre acordos internacionais, economia brasileira, sustentabilidade e mat&eacute;rias primas, al&eacute;m de novidades do setor de N&atilde;otecidos e Tecidos T&eacute;cnicos.<\/span><\/span><\/span><\/span><\/p>\r\n\r\n<p style=\"text-align:justify\"><span style=\"font-size:28pt\"><span style=\"font-family:Cambria,serif\"><span style=\"letter-spacing:-0.5pt\"><b><span style=\"font-size:18.0pt\"><span style=\"font-family:&quot;Calibri&quot;,sans-serif\"><span style=\"font-variant:small-caps\">O que vem por a&iacute;<\/span><\/span><\/span><\/b><\/span><\/span><\/span><\/p>\r\n\r\n<p><img src=\"https:\/\/www.abint.org.br\/assets\/img\/editor\/20251021-fenasan-2025_20250923190841eMb0ea0qzy.jpg\" style=\"width: 500px; height: 158px;\" \/><\/p>\r\n\r\n<p><a href=\"https:\/\/fenasan.com.br\/\"><b>Acesse aqui mais informa&ccedil;&otilde;es<\/b><\/a><\/p>\r\n\r\n<p>&nbsp;<\/p>\r\n\r\n<p><img src=\"https:\/\/www.abint.org.br\/assets\/img\/editor\/congresso-abit-2025-1_20250923191347WI6Kiky2I3.png\" style=\"width: 500px; height: 625px;\" \/><\/p>\r\n\r\n<p><a href=\"https:\/\/www.congressoabit.com.br\/\"><b>Acesse aqui mais informa&ccedil;&otilde;es<\/b><\/a><\/p>\r\n\r\n<p>&nbsp;<\/p>\r\n\r\n<p><img src=\"https:\/\/www.abint.org.br\/assets\/img\/editor\/nova-logo-premio-tcc-ic_20251014200023iBYOW5yEJX.png\" style=\"width: 500px; height: 270px;\" \/><\/p>\r\n\r\n<p><a href=\"https:\/\/www.even3.com.br\/encontro-anual-igs-brasil-geossinteticos-em-pauta-636131\/?fbclid=PAVERTVgNSBBRleHRuA2FlbQIxMAABpwF8VswtQRKdOg4XG0MC6A1g4ywhMN2_I-pCaXZTfAgoKkS37GNA7tkTiSST_aem_tRTmfHq0NQ_O0NzOrt7a_A\"><b><i>Cerim&ocirc;nia de Premia&ccedil;&atilde;o<\/i><\/b><\/a><b>, durente o &ldquo;Geossint&eacute;ticos em Pauta&rdquo;, 06 de novembro de 2025, 13h &agrave;s 18h, presencial, sede ABINT, rua Marqu&ecirc;s de Itu, 968, Higien&oacute;polis, S&atilde;o Paulo, SP<\/b><\/p>\r\n\r\n<p>&nbsp;<\/p>\r\n\r\n<p style=\"text-align:justify\"><span style=\"font-size:28pt\"><span style=\"font-family:Cambria,serif\"><span style=\"letter-spacing:-0.5pt\"><b><span style=\"font-size:18.0pt\"><span style=\"font-family:&quot;Calibri&quot;,sans-serif\"><span style=\"font-variant:small-caps\"><img src=\"https:\/\/www.abint.org.br\/assets\/img\/editor\/post-quadrado-curso-naotecido_20251021174921nZdUwTqMfl.jpg\" style=\"width: 500px; height: 500px;\" \/><\/span><\/span><\/span><\/b><\/span><\/span><\/span><\/p>\r\n\r\n<p style=\"text-align:justify\"><span style=\"font-size:11pt\"><span style=\"line-height:normal\"><span style=\"font-family:Calibri,sans-serif\"><a href=\"https:\/\/forms.cloud.microsoft\/r\/5DrqtK5n3Y\" style=\"color:blue; text-decoration:underline\"><span style=\"font-size:14.0pt\">Informa&ccedil;&otilde;es e inscri&ccedil;&otilde;es<\/span><\/a><\/span><\/span><\/span><\/p>\r\n\r\n<p style=\"text-align:justify\">&nbsp;<\/p>\r\n\r\n<p><b><img src=\"https:\/\/www.abint.org.br\/assets\/img\/editor\/20251117-workshop-iso-astm-abnt_20251015193426QqcNHCi4bT.jpg\" style=\"width: 500px; height: 500px;\" \/><\/b><\/p>\r\n\r\n<p><b>CTG ABINT | Patrocinador Especial do&nbsp;<\/b><a href=\"https:\/\/www.even3.com.br\/international-geosynthetics-workshop-standards-and-updates-in-infrastructure-and-sustainability-616680\/\"><b><i>International Geosynthetics Workshop: Standards and updates in Infrastructure and Sustainability<\/i><\/b><\/a><b><i>,&nbsp;<\/i><\/b><b>17 de novembro de 2025, 08h &agrave;s 18h, presencial, Pontif&iacute;cia Universidade Cat&oacute;lica do Rio de Janeiro (PUC-Rio), Rio de Janeiro, RJ, Brasil<\/b><\/p>\r\n\r\n<p>&nbsp;<\/p>\r\n\r\n<p style=\"text-align:justify\"><span style=\"font-size:28pt\"><span style=\"font-family:Cambria,serif\"><span style=\"letter-spacing:-0.5pt\"><b><span style=\"font-size:18.0pt\"><span style=\"font-family:&quot;Calibri&quot;,sans-serif\"><span style=\"font-variant:small-caps\">Not&iacute;cias das Associadas<\/span><\/span><\/span><\/b><\/span><\/span><\/span><\/p>\r\n\r\n<p style=\"text-align:justify\"><span style=\"font-size:11pt\"><span style=\"line-height:normal\"><span style=\"font-family:Calibri,sans-serif\"><a href=\"https:\/\/www.revistatae.com.br\/Noticia\/92397\/ctg-abint-e-apoiador-da-feira-nacional-de-saneamento-e-meio-ambiente---fenasan-e-do-36o-encontro-tecnico-aesabesp#:~:text=O%20Comit%C3%AA%20de%20Geossint%C3%A9ticos%20da,no%20Expo%20Center%20Norte%2C%20em\" style=\"color:blue; text-decoration:underline\"><span style=\"font-size:14.0pt\">CTG ABINT &eacute; apoiador da Feira Nacional de Saneamento e Meio Ambiente &ndash; Fenasan e do 36&ordm; Encontro T&eacute;cnico AESabesp<\/span><\/a> <\/span><\/span><\/span><\/p>\r\n\r\n<p style=\"text-align:justify\"><span style=\"font-size:11pt\"><span style=\"line-height:normal\"><span style=\"font-family:Calibri,sans-serif\"><a href=\"https:\/\/br.investing.com\/news\/company-news\/andritz-no-2o-tri-de-2025-entrada-de-pedidos-aumenta-26-apesar-da-queda-na-receita-93CH-1708400\" style=\"color:blue; text-decoration:underline\"><span style=\"font-size:14.0pt\">Andritz no 2&ordm; tri de 2025: entrada de pedidos aumenta 26% apesar da queda na receita<\/span><\/a><\/span><\/span><\/span><\/p>\r\n\r\n<p style=\"text-align:justify\"><span style=\"font-size:11pt\"><span style=\"line-height:normal\"><span style=\"font-family:Calibri,sans-serif\"><a href=\"https:\/\/portalpersonalcare.com.br\/cremer-substitui-gas-natural-por-biomassa-e-reduz-emissoes-em-mais-de-3-mil-toneladas-de-co%e2%82%82\/?utm_medium=email&amp;utm_campaign=newsletter_15102025&amp;utm_source=RD+Station\" style=\"color:blue; text-decoration:underline\"><span style=\"font-size:14.0pt\">Cremer substitui g&aacute;s natural por biomassa e reduz emiss&otilde;es em mais de 3 mil toneladas de CO\u2082<\/span><\/a><\/span><\/span><\/span><\/p>\r\n\r\n<p style=\"text-align:justify\"><span style=\"font-size:11pt\"><span style=\"line-height:normal\"><span style=\"font-family:Calibri,sans-serif\"><a href=\"https:\/\/www.textileworld.com\/textile-world\/nonwovens-technical-textiles\/2025\/10\/sustainable-innovation-freudenberg-launches-unique-binder-free-pla-wood-pulp-wetlaid-nonwovens\/\" style=\"color:blue; text-decoration:underline\"><span lang=\"ES-AR\" style=\"font-size:14.0pt\">Sustainable Innovation: Freudenberg Launches Unique Binder-Free PLA\/Wood Pulp Wetlaid Nonwovens<\/span><\/a><\/span><\/span><\/span><\/p>\r\n\r\n<p style=\"text-align:justify\"><span style=\"font-size:11pt\"><span style=\"line-height:normal\"><span style=\"font-family:Calibri,sans-serif\"><a href=\"https:\/\/www.nonwovens-industry.com\/contents\/view_breaking-news\/2025-10-14\/freudenberg-celebrates-expansion-in-india\/15303\" style=\"color:blue; text-decoration:underline\"><span lang=\"EN-US\" style=\"font-size:14.0pt\">Freudenberg Celebrates Expansion in India<\/span><\/a><\/span><\/span><\/span><\/p>\r\n\r\n<p style=\"text-align:justify\"><span style=\"font-size:11pt\"><span style=\"line-height:normal\"><span style=\"font-family:Calibri,sans-serif\"><a href=\"https:\/\/www.nonwovens-industry.com\/contents\/view_breaking-news\/2025-10-14\/suominen-earns-ecovadis-gold-medal\/15303\" style=\"color:blue; text-decoration:underline\"><span lang=\"EN-US\" style=\"font-size:14.0pt\">Suominen Earns EcoVadis Gold Medal<\/span><\/a><\/span><\/span><\/span><\/p>\r\n\r\n<p style=\"text-align:justify\"><span style=\"font-size:11pt\"><span style=\"line-height:normal\"><span style=\"font-family:Calibri,sans-serif\"><b><span style=\"font-size:18.0pt\"><span style=\"font-variant:small-caps\">Eventos<\/span><\/span><\/b><\/span><\/span><\/span><\/p>\r\n\r\n<p style=\"text-align:justify\"><span style=\"font-size:11pt\"><span style=\"line-height:normal\"><span style=\"font-family:Calibri,sans-serif\"><a href=\"https:\/\/hospitalmed.com.br\/feira\/\" style=\"color:blue; text-decoration:underline\"><b><span style=\"font-size:14.0pt\">HospitalMed 2025<\/span><\/b><\/a><span style=\"font-size:14.0pt\">, 22 a 24 de outubro, Pernambuco Centro de Conven&ccedil;&otilde;es, Olinda<\/span><\/span><\/span><\/span><\/p>\r\n\r\n<p style=\"text-align:justify\"><span style=\"font-size:11pt\"><span style=\"line-height:normal\"><span style=\"font-family:Calibri,sans-serif\"><a href=\"https:\/\/abrava.com.br\/compromissos\/webinar-o-mercado-avacr-i\/?utm_medium=email&amp;utm_campaign=inscreva-se__webinars_o_mercado_avacr_2&amp;utm_source=RD+Station\" style=\"color:blue; text-decoration:underline\"><b><span style=\"font-size:14.0pt\">ABRAVA | Webinar &#39;O Mercado AVACR&#39;<\/span><\/b><\/a><span style=\"font-size:14.0pt\">, 23 de outubro de2025, 17h00<\/span><\/span><\/span><\/span><\/p>\r\n\r\n<p style=\"text-align:justify\"><span style=\"font-size:11pt\"><span style=\"line-height:normal\"><span style=\"font-family:Calibri,sans-serif\"><a href=\"https:\/\/www.abnteducacao.com.br\/Simbologia_de_cuidados_aplicada_a_Etiquetagem_de_Texteis_ABNT_NBR_NM_ISO_3758\" style=\"color:blue; text-decoration:underline\"><b><span style=\"font-size:14.0pt\">Curso ABNT | Simbologia de cuidados aplicada a Etiquetagem de T&ecirc;xteis - ABNT NBR NM ISO 3758<\/span><\/b><\/a><span style=\"font-size:14.0pt\">, 27 e 28 de outubro de 2025, das 08:30 &agrave;s 17h30, online<\/span><\/span><\/span><\/span><\/p>\r\n\r\n<p style=\"text-align:justify\"><span style=\"font-size:11pt\"><span style=\"line-height:normal\"><span style=\"font-family:Calibri,sans-serif\"><a href=\"https:\/\/www.congressoabit.com.br\/\" style=\"color:blue; text-decoration:underline\"><b><span style=\"font-size:14.0pt\">Congresso Internacional Abit 2025<\/span><\/b><\/a><span style=\"font-size:14.0pt\">, 29 e 30 de outubro, 08h &agrave;s 20h, FIESP, S&atilde;o Paulo, SP<\/span><\/span><\/span><\/span><\/p>\r\n\r\n<p style=\"text-align:justify\"><span style=\"font-size:11pt\"><span style=\"line-height:normal\"><span style=\"font-family:Calibri,sans-serif\"><a href=\"https:\/\/filtech.de\/\" style=\"color:blue; text-decoration:underline\"><b><span style=\"font-size:14.0pt\">Filtech 2026<\/span><\/b><\/a><span style=\"font-size:14.0pt\">, de 30 de junho a 2 de julho, Cologne, Alemanha<\/span><\/span><\/span><\/span><\/p>\r\n\r\n<p style=\"text-align:justify\"><span style=\"font-size:11pt\"><span style=\"line-height:normal\"><span style=\"font-family:Calibri,sans-serif\"><a href=\"https:\/\/ficons.com.br\/\" style=\"color:blue; text-decoration:underline\"><b><span style=\"font-size:14.0pt\">FICONS - Feira Internacional de Materiais, Equipamentos e Servi&ccedil;os da Constru&ccedil;&atilde;o<\/span><\/b><\/a><span style=\"font-size:14.0pt\">, 15 a 18 de setembro de 2026, Centro de Conven&ccedil;&otilde;es de Pernambuco Recife\/ Olinda<\/span><\/span><\/span><\/span><\/p>\r\n\r\n<p style=\"text-align:justify\"><span style=\"font-size:11pt\"><span style=\"line-height:normal\"><span style=\"font-family:Calibri,sans-serif\"><a href=\"https:\/\/www.edana.org\/events\/outlook\/outlook-2025\" style=\"color:blue; text-decoration:underline\"><b><span style=\"font-size:14.0pt\">OUTLOOK&trade; 2026<\/span><\/b><\/a><span style=\"font-size:14.0pt\">, 22&ndash;24 September 2026, Hotel Miragem, Cascais, Portugal<\/span><\/span><\/span><\/span><\/p>\r\n\r\n<p style=\"text-align:justify\"><span style=\"font-size:11pt\"><span style=\"line-height:normal\"><span style=\"font-family:Calibri,sans-serif\"><a href=\"https:\/\/tendencias.sobratema.com\/?utm_source=akna&amp;utm_medium=email&amp;utm_campaign=Sua-marca-em-destaque-no-20-Tendencias-do-Mercado-da-Construcao-patrocine-este-encontro-estrategico\" style=\"color:blue; text-decoration:underline\"><b><span style=\"font-size:14.0pt\">SOBRATEMA | 20&ordf; Tend&ecirc;ncias do Mercado da Constru&ccedil;&atilde;o<\/span><\/b><\/a><span style=\"font-size:14.0pt\">, 26 de novembro de 2025, 18h, APAS, S&atilde;o Paulo, SP<\/span><\/span><\/span><\/span><\/p>\r\n\r\n<p style=\"text-align:justify\"><span style=\"font-size:28pt\"><span style=\"font-family:Cambria,serif\"><span style=\"letter-spacing:-0.5pt\"><b><span style=\"font-size:18.0pt\"><span style=\"font-family:&quot;Calibri&quot;,sans-serif\"><span style=\"font-variant:small-caps\">Setor<\/span><\/span><\/span><\/b><\/span><\/span><\/span><\/p>\r\n\r\n<p style=\"text-align:justify\"><span style=\"font-size:11pt\"><span style=\"line-height:normal\"><span style=\"font-family:Calibri,sans-serif\"><a href=\"http:\/\/clickemail.portalpersonalcare.com.br\/ls\/click?upn=u001.D2-2F0Tg0A29KXXLMT6ctG-2BYOihdDbc-2ByFrUFb3ZXMT9Qc14H1NDtKSsc9kLo8vXSM13sVUk8syICiYrriOPfsgTghgvvvMwKOkb5cgOL9S3cQVT-2BTPSGJdnbtqTx5d1dkIdcSCRt24a5JYgcR4U2mTjj8WEr7AR-2B7njeveP-2BH6JLKkW4mBt8lJi0-2FO0A6vb1xvC6sjpeWvFVVg4BggjeKPyFQyIBe8ZXGDHA7-2B3NfCcUkshO-2F5fINfjJAvvb5csg71XFV-2B8QcUTGFQh1heYwsHhTDiFYs2XBrSocOjGcOYB0X93I2Oo-2BQlg-2FveL-2Bk9uZYQshM3-2FKDpPrYsItfUKb2trUQBlXXS1o0ryUZrGJ31n35j6wIp5Ob1-2B7kK3b2L8aJtRYJDU5NYdYUWD8JErV5BakfRgF3uWc0E-2B3tunW3ZSYUnEMq701EtShS47gZ-2F6tGLLWJ_T7N8BvZTOm04CQQMiyWztrpCjlUrRc4F7QzSgUIpTqDyHxxxhGpyWLohz7JoE2GE5NHlS-2BYZoX1R75Fh8KCze9GvCCb-2FinuNgc39g0Cdbe-2FcU8RlSBQhp5om11AQZQ-2FDW8oRQDHG-2B0LaxjyxrHEZQ-2FO12bKQ-2FgzqHoM-2FsulZdjpUXp834ijJrJmtXymDIdUqrlaZ2dS5IByW5LDcab-2BGCM8-2BKZUqYqL0xEdLwnvVAHhb1q4eyuZkpDqudIUbSrBIvn-2B1bSKVnI8CbXrzxFCpoSmvNv-2Fbign24BRtKtCH0B2GfTzr-2Fwpf094XBcLqUQLAtuCChJHKKQ1t-2Fzl5fSY3U5EBLaugIQKUyw8KhGuE4mj0q5j7WIXX3lZNSzkxHUNG62vcWULLpJSBFf2FyeD2TyZa4VdlToEBaDMJkWvSLmHeCq4ozRgIzeVKWNsndNApBRj-2FeUUrLFCO15cbRj5-2B5DcVjuXsOFZTBSrgsMcn4WZoI0-2FknuS-2BeXDnzLxUuEBiBfqLl-2FhKJCcl6-2BqEybSl0z-2FeTz24RJXTyIWFLZtNiZoVGsIIcT3K-2BvHWiTPkZh6Uwe314HIpswr85BqAVkpqtFsdE-2Bjtns-2B6O-2BW4d8ifLIMSsvSM92EEeJL7-2FW5Zy8MOLDyytqMQDBFN-2Bw4wb2P6EQZvFgi5-2ForcQ0CPp0NUjdtE7kiK9cnzrQiFpOnnIQDWmgDZ-2FUXyfRYstDjjEkd7Dq0viEyTY-2FiszAeVBWfh19x4v7833EPydeRLO6foK872T5Yg1LDvaZLId1zv4-2F7D9w-3D-3D\" style=\"color:blue; text-decoration:underline\" target=\"_blank\"><span style=\"font-size:14.0pt\">Fraldas descart&aacute;veis e seguran&ccedil;a do usu&aacute;rio: o que diz a legisla&ccedil;&atilde;o brasileira e quais testes s&atilde;o essenciais<\/span><\/a><\/span><\/span><\/span><\/p>\r\n\r\n<p style=\"text-align:justify\"><span style=\"font-size:11pt\"><span style=\"line-height:normal\"><span style=\"font-family:Calibri,sans-serif\"><a href=\"http:\/\/clickemail.portalpersonalcare.com.br\/ls\/click?upn=u001.D2-2F0Tg0A29KXXLMT6ctG-2BYOihdDbc-2ByFrUFb3ZXMT9Q4YNuXemgmCAHKJRVsxa-2B2kWHg-2FQGr6FNyRqhUiTzwDzC-2BlF9e6YG-2B7emo9kt-2F3H-2B0oZXNpJsq9VsVpjP6ePNz7-2B53rmrnI0fEsElUtj0xsM3ZKyaZa1abbkn9BhxHGhzmXH7OlC1qoqn-2B9x6YgkQTj-2FZ1ukSEFESY0K2Dm2N-2BomrpLkR50176uge2scYddNs7xBDbizWhXPeZavPpvqpMLomRVT2ShiN8gv9sg0IcosdxkwW8KddcfhLkf-2FquO0VBJw8wOjAjr72JwqEs9q49Irerieeq46s3FETh-2BQ3OGVIz-2F-2FyktCZ39uKvdLmL7C-2BacQ6keOhsIah0TIYKdF50qiKs_T7N8BvZTOm04CQQMiyWztrpCjlUrRc4F7QzSgUIpTqDyHxxxhGpyWLohz7JoE2GE5NHlS-2BYZoX1R75Fh8KCze9GvCCb-2FinuNgc39g0Cdbe-2FcU8RlSBQhp5om11AQZQ-2FDnf6LJ-2BuOQcGnlwd-2FdkyQHeqxaC6MwNmt9S0F-2B7keMd42VKkOp2jj79z4JwgO-2FlB-2B4cRUCJ2Tzb-2B9coJtQTcxoTL3RvlHo-2BZzmt2SW-2FXJ-2BeBGFS6ZdZyy0VOsc4KRuzK2RFaQi-2FV-2FYmKkPIZhXQ6hoh1ifuyXJ5h11UV-2F9GTxqgyusQbv5qApU-2FCaXbDV-2BaglznrcExF6BLBw3E8azZ9sOX-2F-2BoCKmnCwWq9ZG9UgNhCtX3aSs3-2Bg8n-2B-2FyJvW3STyrFLRdscnDEIbDqvb1hJ1ZpUYFpjo11jQCZqdnOiEonv5HWr1VfAovDdooWoLekF03odOz77Q1pRHP2Mr8BUKtPQxwRODSte0EJ7tq7LzJ7Bz7G7EKjnIjEUGgB1kloy8q6hMuSZHqgbtAeJRh5oi93sPRcPUXDnN55Nqnn3rQ7AbDhRhRPDf1hGIEI90WBIZN-2BI4TeIboOsEc0rvsWF38ocTzc8jf0kn-2BEz-2Bl-2BFu9dIeEIknF0MGkope3dIUcpMQjvgiEZVyxrIJT9AlJXZ2jsgSVjkKwqAIB4HbW0Ksqslx2RvXFX7Q-2FWtADngMRb-2B7iRpCB7yf78ZEdgZirC-2BejwhPuDpmBu6W-2BiA9Tv9-2BZ5GU-3D\" style=\"color:blue; text-decoration:underline\" target=\"_blank\"><span style=\"font-size:14.0pt\">Ind&uacute;stria de personal care enfrenta dificuldade para atrair e reter profissionais qualificados<\/span><\/a><\/span><\/span><\/span><\/p>\r\n\r\n<p style=\"text-align:justify\"><span style=\"font-size:11pt\"><span style=\"line-height:normal\"><span style=\"font-family:Calibri,sans-serif\"><a href=\"https:\/\/plasticosemrevista.com.br\/quimica-petroquimica-desindustrializacao-atormenta-a-europa\/\" style=\"color:blue; text-decoration:underline\"><span style=\"font-size:14.0pt\">Qu&iacute;mica\/Petroqu&iacute;mica: desindustrializa&ccedil;&atilde;o atormenta a Europa<\/span><\/a><\/span><\/span><\/span><\/p>\r\n\r\n<p style=\"text-align:justify\"><span style=\"font-size:11pt\"><span style=\"line-height:normal\"><span style=\"font-family:Calibri,sans-serif\"><a href=\"https:\/\/www.manaus.am.gov.br\/noticia\/infraestrutura\/prefeitura-seminf-protecaomecanicataludes\/\" style=\"color:blue; text-decoration:underline\"><span style=\"font-size:14.0pt\">Geomanta de PVC: Prefeitura de Manaus anuncia obras para prote&ccedil;&atilde;o mec&acirc;nica dos taludes laterais da avenida M&aacute;rio Ypiranga Monteiro<\/span><\/a><\/span><\/span><\/span><\/p>\r\n\r\n<p style=\"text-align:justify\"><span style=\"font-size:28pt\"><span style=\"font-family:Cambria,serif\"><span style=\"letter-spacing:-0.5pt\"><b><span style=\"font-size:18.0pt\"><span style=\"font-family:&quot;Calibri&quot;,sans-serif\"><span style=\"font-variant:small-caps\">Ind&uacute;stria<\/span><\/span><\/span><\/b><\/span><\/span><\/span><\/p>\r\n\r\n<p style=\"text-align:justify\"><span style=\"font-size:11pt\"><span style=\"line-height:normal\"><span style=\"font-family:Calibri,sans-serif\"><a href=\"https:\/\/noticias.portaldaindustria.com.br\/noticias\/economia\/producao-estaciona-estoques-acumulam-e-empregos-recuam-no-3o-trimestre-aponta-cni\/\" style=\"color:blue; text-decoration:underline\"><span style=\"font-size:14.0pt\">Produ&ccedil;&atilde;o estaciona, estoques acumulam e empregos recuam no 3&ordm; trimestre, aponta CNI<\/span><\/a><\/span><\/span><\/span><\/p>\r\n\r\n<p style=\"text-align:justify\"><span style=\"font-size:11pt\"><span style=\"line-height:normal\"><span style=\"font-family:Calibri,sans-serif\"><a href=\"https:\/\/noticias.portaldaindustria.com.br\/noticias\/economia\/cni-mantem-projecao-de-crescimento-do-pib-em-23-mas-diminui-alta-da-industria-para-16\/\" style=\"color:blue; text-decoration:underline\"><span style=\"font-size:14.0pt\">CNI mant&eacute;m proje&ccedil;&atilde;o de crescimento do PIB em 2,3%, mas diminui alta da ind&uacute;stria para 1,6%<\/span><\/a><\/span><\/span><\/span><\/p>\r\n\r\n<p style=\"text-align:justify\"><span style=\"font-size:11pt\"><span style=\"line-height:normal\"><span style=\"font-family:Calibri,sans-serif\"><a href=\"https:\/\/jornaldoisirmaos.com.br\/noticia\/14102025-diante-do-cenario-internacional-incerto-industria-calcadista-refaz-projecoes-de-crescimento\" style=\"color:blue; text-decoration:underline\"><span style=\"font-size:14.0pt\">Diante do cen&aacute;rio internacional incerto, ind&uacute;stria cal&ccedil;adista refaz proje&ccedil;&otilde;es de crescimento<\/span><\/a><\/span><\/span><\/span><\/p>\r\n\r\n<p style=\"text-align:justify\"><span style=\"font-size:11pt\"><span style=\"line-height:normal\"><span style=\"font-family:Calibri,sans-serif\"><a href=\"https:\/\/www.contabeis.com.br\/artigos\/73332\/reforma-tributaria-novos-eventos-fiscais-obrigatorios-exigem-preparacao-imediata-das-empresas\/\" style=\"color:blue; text-decoration:underline\"><span style=\"font-size:14.0pt\">Reforma Tribut&aacute;ria: novos eventos fiscais obrigat&oacute;rios exigem prepara&ccedil;&atilde;o imediata das empresas<\/span><\/a><\/span><\/span><\/span><\/p>\r\n\r\n<p style=\"text-align:justify\"><span style=\"font-size:11pt\"><span style=\"line-height:normal\"><span style=\"font-family:Calibri,sans-serif\"><a href=\"https:\/\/www.gov.br\/inmetro\/pt-br\/centrais-de-conteudo\/noticias\/inmetro-projeta-brasil-no-cenario-internacional-e-sedia-encontro-sobre-seguranca-de-produtos\" style=\"color:blue; text-decoration:underline\"><span style=\"font-size:14.0pt\">Inmetro projeta Brasil no cen&aacute;rio internacional e sedia encontro sobre seguran&ccedil;a de produtos<\/span><\/a><\/span><\/span><\/span><\/p>\r\n\r\n<p style=\"text-align:justify\"><span style=\"font-size:28pt\"><span style=\"font-family:Cambria,serif\"><span style=\"letter-spacing:-0.5pt\"><b><span style=\"font-size:18.0pt\"><span style=\"font-family:&quot;Calibri&quot;,sans-serif\"><span style=\"font-variant:small-caps\">Sustentabilidade<\/span><\/span><\/span><\/b><\/span><\/span><\/span><\/p>\r\n\r\n<p style=\"text-align:justify\"><span style=\"font-size:11pt\"><span style=\"line-height:normal\"><span style=\"font-family:Calibri,sans-serif\"><a href=\"https:\/\/www.autodata.com.br\/noticias\/2025\/10\/17\/industria-automotiva-reduz-uso-de-plastico-reciclado-apos-dois-anos-de-alta\/95514\/\" style=\"color:blue; text-decoration:underline\"><span style=\"font-size:14.0pt\">Ind&uacute;stria automotiva reduz uso de pl&aacute;stico reciclado ap&oacute;s dois anos de alta<\/span><\/a><\/span><\/span><\/span><\/p>\r\n\r\n<p style=\"text-align:justify\"><span style=\"font-size:11pt\"><span style=\"line-height:normal\"><span style=\"font-family:Calibri,sans-serif\"><a href=\"https:\/\/noticiasambientales.com\/ciencia-pt\/como-o-novo-metodo-quebra-o-plastico-pet-sem-contaminar-e-promete-uma-reciclagem-limpa-e-circular\/\" style=\"color:blue; text-decoration:underline\"><span style=\"font-size:14.0pt\">Como o novo m&eacute;todo quebra o pl&aacute;stico PET sem contaminar e promete uma reciclagem limpa e circular?<\/span><\/a><\/span><\/span><\/span><\/p>\r\n\r\n<p style=\"text-align:justify\"><span style=\"font-size:11pt\"><span style=\"line-height:normal\"><span style=\"font-family:Calibri,sans-serif\"><a href=\"https:\/\/www.oliberal.com\/esportes\/amp\/do-pet-ao-gramado-empresa-paraense-transforma-garrafas-em-uniformes-sustentaveis-para-clubes-1.1037378\" style=\"color:blue; text-decoration:underline\"><span style=\"font-size:14.0pt\">Do PET ao gramado: empresa paraense transforma garrafas em uniformes sustent&aacute;veis para clubes<\/span><\/a><\/span><\/span><\/span><\/p>\r\n\r\n<p style=\"text-align:justify\"><span style=\"font-size:11pt\"><span style=\"line-height:normal\"><span style=\"font-family:Calibri,sans-serif\"><a href=\"https:\/\/agenciabrasil.ebc.com.br\/radioagencia-nacional\/meio-ambiente\/audio\/2025-10\/projeto-recicla-plastico-para-criar-oculos-para-criancas-no-rj\" style=\"color:blue; text-decoration:underline\"><span style=\"font-size:14.0pt\">Projeto recicla pl&aacute;stico para criar &oacute;culos para crian&ccedil;as no RJ<\/span><\/a><\/span><\/span><\/span><\/p>\r\n\r\n<p style=\"text-align:justify\"><span style=\"font-size:11pt\"><span style=\"line-height:normal\"><span style=\"font-family:Calibri,sans-serif\"><a href=\"https:\/\/jamildo.com\/economia\/pavilhao-da-inovacao-urbana-transforma-plastico-reciclado-em-arquitetura-no-recnplay.html\" style=\"color:blue; text-decoration:underline\"><span style=\"font-size:14.0pt\">Pavilh&atilde;o da Inova&ccedil;&atilde;o Urbana transforma pl&aacute;stico reciclado em arquitetura no Rec&rsquo;n&rsquo;Play<\/span><\/a><\/span><\/span><\/span><\/p>\r\n\r\n<p style=\"text-align:justify\"><span style=\"font-size:28pt\"><span style=\"font-family:Cambria,serif\"><span style=\"letter-spacing:-0.5pt\"><b><span style=\"font-size:18.0pt\"><span style=\"font-family:&quot;Calibri&quot;,sans-serif\"><span style=\"font-variant:small-caps\">Inova&ccedil;&atilde;o<\/span><\/span><\/span><\/b><\/span><\/span><\/span><\/p>\r\n\r\n<p style=\"text-align:justify\"><span style=\"font-size:11pt\"><span style=\"line-height:normal\"><span style=\"font-family:Calibri,sans-serif\"><a href=\"https:\/\/share.google\/nzU7cWYruBpIq3820\" style=\"color:blue; text-decoration:underline\"><span style=\"font-size:14.0pt\">Novo asfalto com grafeno &eacute; o mais resistente do mundo e promete acabar com os buracos nas estradas<\/span><\/a><\/span><\/span><\/span><\/p>\r\n\r\n<p style=\"text-align:justify\"><span style=\"font-size:11pt\"><span style=\"line-height:normal\"><span style=\"font-family:Calibri,sans-serif\"><a href=\"https:\/\/share.google\/Kvz0Try3GfDv4DfiR\" style=\"color:blue; text-decoration:underline\"><span style=\"font-size:14.0pt\">Revolu&ccedil;&atilde;o verde na constru&ccedil;&atilde;o civil brasileira j&aacute; est&aacute; transformando cidades<\/span><\/a><\/span><\/span><\/span><\/p>\r\n\r\n<p style=\"text-align:justify\"><span style=\"font-size:11pt\"><span style=\"line-height:normal\"><span style=\"font-family:Calibri,sans-serif\"><a href=\"https:\/\/noticias.portaldaindustria.com.br\/noticias\/inovacao-e-tecnologia\/rede-de-pesquisa-e-inovacao-para-a-industria-contribui-com-066-do-pib-do-pais\/\" style=\"color:blue; text-decoration:underline\"><span style=\"font-size:14.0pt\">Rede de pesquisa e inova&ccedil;&atilde;o para a ind&uacute;stria contribui com 0,66% do PIB do pa&iacute;s, aponta estudo<\/span><\/a><\/span><\/span><\/span><\/p>\r\n\r\n<p style=\"text-align:justify\"><span style=\"font-size:11pt\"><span style=\"line-height:normal\"><span style=\"font-family:Calibri,sans-serif\"><a href=\"https:\/\/www.gov.br\/mcti\/pt-br\/acompanhe-o-mcti\/noticias\/2025\/10\/brasil-e-singapura-reforcam-cooperacao-em-ciencia-e-inovacao-sustentavel\" style=\"color:blue; text-decoration:underline\"><span style=\"font-size:14.0pt\">Brasil e Singapura refor&ccedil;am coopera&ccedil;&atilde;o em ci&ecirc;ncia e inova&ccedil;&atilde;o sustent&aacute;vel<\/span><\/a><\/span><\/span><\/span><\/p>\r\n\r\n<p style=\"text-align:justify\"><span style=\"font-size:28pt\"><span style=\"font-family:Cambria,serif\"><span style=\"letter-spacing:-0.5pt\"><b><span style=\"font-size:18.0pt\"><span style=\"font-family:&quot;Calibri&quot;,sans-serif\"><span style=\"font-variant:small-caps\">Com&eacute;rcio Exterior<\/span><\/span><\/span><\/b><\/span><\/span><\/span><\/p>\r\n\r\n<p style=\"text-align:justify\"><span style=\"font-size:11pt\"><span style=\"line-height:normal\"><span style=\"font-family:Calibri,sans-serif\"><a href=\"https:\/\/www.terra.com.br\/noticias\/mundo\/milei-diz-que-argentina-e-eua-estao-em-negociacoes-sobre-acordo-comercial,194e3d30a32a15b59ec68a35d730462atva7kgqw.html\" style=\"color:blue; text-decoration:underline\"><span style=\"font-size:14.0pt\">Milei diz que Argentina e EUA est&atilde;o em negocia&ccedil;&otilde;es sobre acordo comercial<\/span><\/a><\/span><\/span><\/span><\/p>\r\n\r\n<p style=\"text-align:justify\"><span style=\"font-size:11pt\"><span style=\"line-height:normal\"><span style=\"font-family:Calibri,sans-serif\"><a href=\"https:\/\/apexbrasil.com.br\/content\/apexbrasil\/br\/pt\/conteudo\/noticias\/ApexBrasil-atualiza-ferramenta-que-facilita-a-diversificacao-de-mercados.html#msdynmkt_trackingcontext=2ef05168-1c44-43e7-ba1c-b08a5ab90300\" style=\"color:blue; text-decoration:underline\"><span style=\"font-size:14.0pt\">ApexBrasil atualiza ferramenta que facilita a diversifica&ccedil;&atilde;o de mercados<\/span><\/a><\/span><\/span><\/span><\/p>\r\n\r\n<p style=\"text-align:justify\"><span style=\"font-size:11pt\"><span style=\"line-height:normal\"><span style=\"font-family:Calibri,sans-serif\"><a href=\"https:\/\/apexbrasil.com.br\/content\/apexbrasil\/br\/pt\/conteudo\/noticias\/com-us-46-82-milhoes-exportados-para-colombia-em-2025-missao-empresarial-do-think-plastic-brazil-consolida-o-pais-como-parceiro-essencial.html\" style=\"color:blue; text-decoration:underline\"><span style=\"font-size:14.0pt\">Com US$ 46,82 milh&otilde;es exportados para Col&ocirc;mbia em 2025, Miss&atilde;o empresarial do Think Plastic Brazil consolida o pa&iacute;s como parceiro essencial<\/span><\/a><\/span><\/span><\/span><\/p>\r\n\r\n<p style=\"text-align:justify\"><span style=\"font-size:11pt\"><span style=\"line-height:normal\"><span style=\"font-family:Calibri,sans-serif\"><a href=\"https:\/\/portalibre.fgv.br\/system\/files\/divulgacao\/noticias\/mat-complementar\/2025-10\/ICOMEX_FGV_Press%20release_Outubro2025.pdf\" style=\"color:blue; text-decoration:underline\"><span style=\"font-size:14.0pt\">Indicador de Com&eacute;rcio Exterior (Icomex)<\/span><\/a><\/span><\/span><\/span><\/p>\r\n\r\n<p style=\"text-align:justify\"><span style=\"font-size:11pt\"><span style=\"line-height:normal\"><span style=\"font-family:Calibri,sans-serif\"><a href=\"https:\/\/www.fibre2fashion.com\/news\/textile-news\/low-or-high-tariffs-push-nations-towards-further-negotiations-305623-newsdetails.htm\" style=\"color:blue; text-decoration:underline\"><span lang=\"EN-US\" style=\"font-size:14.0pt\">Low or high, tariffs push nations towards further negotiations<\/span><\/a><\/span><\/span><\/span><\/p>\r\n\r\n<p style=\"text-align:justify\"><span style=\"font-size:11pt\"><span style=\"line-height:normal\"><span style=\"font-family:Calibri,sans-serif\"><a href=\"https:\/\/www.fibre2fashion.com\/news\/textile-news\/are-tariffs-used-to-achieve-broader-geopolitical-goals-305679-newsdetails.htm\" style=\"color:blue; text-decoration:underline\"><span lang=\"EN-US\" style=\"font-size:14.0pt\">Are tariffs used to achieve broader geopolitical goals?<\/span><\/a><\/span><\/span><\/span><\/p>\r\n\r\n<p style=\"text-align:justify\"><span style=\"font-size:28pt\"><span style=\"font-family:Cambria,serif\"><span style=\"letter-spacing:-0.5pt\"><b><span style=\"font-size:18.0pt\"><span style=\"font-family:&quot;Calibri&quot;,sans-serif\"><span style=\"font-variant:small-caps\">Economia<\/span><\/span><\/span><\/b><\/span><\/span><\/span><\/p>\r\n\r\n<p style=\"text-align:justify\"><span style=\"font-size:11pt\"><span style=\"line-height:normal\"><span style=\"font-family:Calibri,sans-serif\"><a href=\"https:\/\/www.bcb.gov.br\/content\/focus\/focus\/R20251017.pdf\" style=\"color:blue; text-decoration:underline\"><span style=\"font-size:14.0pt\">Focus - Relat&oacute;rio de Mercado<\/span><\/a><\/span><\/span><\/span><\/p>\r\n","texto_en":"","7":"","imagem":"COMP_capa-2025-site-boletim-abint-noticias-semanis_20251021180107uECLlvgNWm.jpg","8":"COMP_capa-2025-site-boletim-abint-noticias-semanis_20251021180107uECLlvgNWm.jpg","arquivo":"20251021-BOLETIM-ABINT-DE-NOTICIAS-SEMANAIS.PDF","9":"20251021-BOLETIM-ABINT-DE-NOTICIAS-SEMANAIS.PDF","titulo_arquivo":"20251021 Boletim ABINT de Not\u00edcias Semanais","10":"20251021 Boletim ABINT de Not\u00edcias Semanais","titulo_arquivo_en":"","11":"","created_at":"2025-10-21 18:01:16","12":"2025-10-21 18:01:16","updated_at":"2025-10-21 18:01:16","13":"2025-10-21 18:01:16"},{"id":201,"0":201,"ordem":22,"1":22,"data":"2025-10-14","2":"2025-10-14","slug":"ctg-abint-apoia-o-maior-encontro-de-saneamento-ambiental-das-americas","3":"ctg-abint-apoia-o-maior-encontro-de-saneamento-ambiental-das-americas","titulo":"CTG ABINT apoia o maior encontro de saneamento ambiental das Am\u00e9ricas","4":"CTG ABINT apoia o maior encontro de saneamento ambiental das Am\u00e9ricas","titulo_en":"","5":"","texto":"<p align=\"center\" style=\"text-align:center; margin-bottom:11px\"><span style=\"font-size:11pt\"><span style=\"line-height:107%\"><span style=\"font-family:Calibri,sans-serif\"><i><span style=\"font-family:&quot;Arial&quot;,sans-serif\">A Feira Nacional de Saneamento e Meio Ambiente &ndash; Fenasan 2025 e do 36&ordm; Encontro T&eacute;cnico AESabesp ser&atilde;o realizados de 21 a 23 de outubro, nos Pavilh&otilde;es Verde e Vermelho, no Expo Center Norte, em S&atilde;o Paulo.<\/span><\/i><\/span><\/span><\/span><\/p>\r\n\r\n<p align=\"center\" style=\"text-align:center; margin-bottom:11px\">&nbsp;<\/p>\r\n\r\n<p style=\"text-align:justify; margin-bottom:11px\"><span style=\"font-size:11pt\"><span style=\"line-height:107%\"><span style=\"font-family:Calibri,sans-serif\"><span style=\"font-family:&quot;Arial&quot;,sans-serif\">O <\/span><span style=\"font-family:&quot;Arial&quot;,sans-serif\">Comit&ecirc; de Geossint&eacute;ticos da Associa&ccedil;&atilde;o Brasileira das Ind&uacute;strias de N&atilde;otecidos e Tecidos T&eacute;cnicos (CTG ABINT<\/span><span style=\"font-family:&quot;Arial&quot;,sans-serif\"> &eacute; apoiador da Feira Nacional de Saneamento e Meio Ambiente &ndash; Fenasan 2025 e do 36&ordm; Encontro T&eacute;cnico AESabesp, que ser&atilde;o realizados de 21 a 23 outubro, nos Pavilh&otilde;es Verde e Vermelho, no Expo Center Norte, em S&atilde;o Paulo. Juntos, os eventos formam o maior encontro de saneamento ambiental das Am&eacute;ricas. <\/span><\/span><\/span><\/span><\/p>\r\n\r\n<p style=\"text-align:justify; margin-bottom:11px\"><span style=\"font-size:11pt\"><span style=\"line-height:107%\"><span style=\"font-family:Calibri,sans-serif\"><span style=\"font-family:&quot;Arial&quot;,sans-serif\">Realizados pela AESabesp &ndash; Associa&ccedil;&atilde;o dos Engenheiros da Sabesp, os eventos ter&atilde;o como tema central &ldquo;Saneamento e inova&ccedil;&atilde;o: pilares para um futuro resiliente e sustent&aacute;vel&rdquo;. Alinhados aos Objetivos de Desenvolvimento Sustent&aacute;vel estabelecidos pela ONU (ODS) e aos conceitos de ESG, os eventos t&ecirc;m a miss&atilde;o de ampliar o di&aacute;logo em torno das quest&otilde;es de saneamento ambiental, meio ambiente e sustentabilidade e promovendo o compartilhamento de conhecimento altamente qualificado.<\/span><\/span><\/span><\/span><\/p>\r\n\r\n<p style=\"text-align:justify; margin-bottom:11px\"><span style=\"font-size:11pt\"><span style=\"line-height:107%\"><span style=\"font-family:Calibri,sans-serif\"><span style=\"font-family:&quot;Arial&quot;,sans-serif\">Nesse cen&aacute;rio, os geossint&eacute;ticos surgem como solu&ccedil;&otilde;es de alta performance para as quest&otilde;es do tratamento de &aacute;gua e do saneamento, otimizando recursos, reduzindo impactos e preservando o meio ambiente.<\/span><\/span><\/span><\/span><\/p>\r\n\r\n<p style=\"text-align:justify; margin-bottom:11px\"><span style=\"font-size:11pt\"><span style=\"line-height:107%\"><span style=\"font-family:Calibri,sans-serif\"><b><span style=\"font-family:&quot;Arial&quot;,sans-serif\">Benef&iacute;cios dos geossint&eacute;ticos na infraestrutura e saneamento<\/span><\/b><\/span><\/span><\/span><\/p>\r\n\r\n<p style=\"text-align:justify; margin-bottom:11px\"><span style=\"font-size:11pt\"><span style=\"line-height:107%\"><span style=\"font-family:Calibri,sans-serif\"><span style=\"font-family:&quot;Arial&quot;,sans-serif\">Segundo o <\/span><span style=\"font-family:&quot;Arial&quot;,sans-serif\">(CTG ABINT, <\/span><span style=\"font-family:&quot;Arial&quot;,sans-serif\">os geossint&eacute;ticos atendem &agrave; crescente demanda por pr&aacute;ticas alinhadas &agrave; agenda ESG e contribuem diretamente para os compromissos clim&aacute;ticos do pa&iacute;s. Os sistemas tradicionais de drenagem, por exemplo, usam brita natural, extra&iacute;da em processos que envolvem alto consumo energ&eacute;tico, maquin&aacute;rio movido a combust&iacute;veis f&oacute;sseis e emiss&atilde;o elevada de CO<\/span><span style=\"font-family:&quot;Cambria Math&quot;,serif\">\u2082<\/span><span style=\"font-family:&quot;Arial&quot;,sans-serif\">. <\/span><\/span><\/span><\/span><\/p>\r\n\r\n<p style=\"text-align:justify; margin-bottom:11px\"><span style=\"font-size:11pt\"><span style=\"line-height:107%\"><span style=\"font-family:Calibri,sans-serif\"><span style=\"font-family:&quot;Arial&quot;,sans-serif\">J&aacute; quando se realiza a drenagem inteligente com geocompostos, substitui-se o uso de brita por materiais de alta performance, fabricados em ambiente industrial controlado, com r&iacute;gidos padr&otilde;es de qualidade e de gest&atilde;o ambiental. Estudos internacionais de performance mostram que essa substitui&ccedil;&atilde;o reduz em at&eacute; 87% as emiss&otilde;es de CO<\/span><span style=\"font-family:&quot;Cambria Math&quot;,serif\">\u2082<\/span><span style=\"font-family:&quot;Arial&quot;,sans-serif\"> ao longo do ciclo produtivo, transporte e aplica&ccedil;&atilde;o (<\/span><a href=\"https:\/\/library.geosyntheticssociety.org\/wp-content\/uploads\/resources\/proceedings\/Drainage%20geocomposites-%20a%20considerable%20potential%20for%20the%20reduction%20of%20greenhouse%20gas%20emission.pdf\" style=\"color:#0563c1; text-decoration:underline\"><span style=\"font-family:&quot;Arial&quot;,sans-serif\">IGS &ndash; International Geosynthetics Society<\/span><\/a><span style=\"font-family:&quot;Arial&quot;,sans-serif\">).<\/span><\/span><\/span><\/span><\/p>\r\n\r\n<p style=\"text-align:justify; margin-bottom:11px\"><span style=\"font-size:11pt\"><span style=\"line-height:107%\"><span style=\"font-family:Calibri,sans-serif\"><span style=\"font-family:&quot;Arial&quot;,sans-serif\">J&aacute; quando o assunto &eacute; saneamento, o Marco legal completou cinco anos, por&eacute;m os avan&ccedil;os n&atilde;o s&atilde;o expressivos no pa&iacute;s. Segundo estudo do Instituto Trata Brasil (2024), se nada mudar, o pa&iacute;s s&oacute; deve alcan&ccedil;ar a meta em 2070 &mdash; 37 anos al&eacute;m do prazo legal &mdash; exigindo R$ 509 bilh&otilde;es em novos investimentos. J&aacute; o Centro de Lideran&ccedil;a P&uacute;blica (CLP, 2025) lembra que 32 milh&otilde;es de brasileiros ainda vivem sem &aacute;gua encanada, enquanto 90 milh&otilde;es n&atilde;o t&ecirc;m esgoto tratado. Como se n&atilde;o bastassem esses desafios, a sustentabilidade ainda pode ficar mais comprometidas, mas os geossint&eacute;ticos s&atilde;o capazes contribuir positivamente nesse ponto. Por exemplo, nas Esta&ccedil;&otilde;es de Tratamento de Esgoto (ETEs), os geossint&eacute;ticos otimizam a desidrata&ccedil;&atilde;o de lodo. <\/span><\/span><\/span><\/span><\/p>\r\n\r\n<p style=\"text-align:justify; margin-bottom:11px\"><span style=\"font-size:11pt\"><span style=\"line-height:107%\"><span style=\"font-family:Calibri,sans-serif\"><span style=\"font-family:&quot;Arial&quot;,sans-serif\">Quando o lodo &eacute; tratado em geoformas drenantes, a redu&ccedil;&atilde;o do seu volume final a ser transportado &eacute; de at&eacute; 95%. Ou seja, resulta em menos viagens para a retirada desse lodo, menos combust&iacute;vel usado nesse transporte e redu&ccedil;&atilde;o direta das emiss&otilde;es de CO<\/span><span style=\"font-family:&quot;Cambria Math&quot;,serif\">\u2082<\/span><span style=\"font-family:&quot;Arial&quot;,sans-serif\">. Para cada 100 m&sup3; de lodo, sem desidrata&ccedil;&atilde;o, s&atilde;o necess&aacute;rias sete viagens, resultando em 682 kg de CO<\/span><span style=\"font-family:&quot;Cambria Math&quot;,serif\">\u2082<\/span><span style=\"font-family:&quot;Arial&quot;,sans-serif\"> emitidos. Com o tratamento drenante de geoformas, os mesmos 100 m&sup3; de lodo demandam apenas uma viagem, ou seja. 97 kg de CO<\/span><span style=\"font-family:&quot;Cambria Math&quot;,serif\">\u2082<\/span><span style=\"font-family:&quot;Arial&quot;,sans-serif\"> emitidos. (redu&ccedil;&atilde;o estimada de 585 kg CO<\/span><span style=\"font-family:&quot;Cambria Math&quot;,serif\">\u2082<\/span><span style=\"font-family:&quot;Arial&quot;,sans-serif\"> (85%) por cada 100 m&sup3;).<\/span><\/span><\/span><\/span><\/p>\r\n\r\n<p style=\"text-align:justify; margin-bottom:11px\"><span style=\"font-size:11pt\"><span style=\"line-height:107%\"><span style=\"font-family:Calibri,sans-serif\"><span style=\"font-family:&quot;Arial&quot;,sans-serif\">Mas se o exemplo forem os aterros sanit&aacute;rios? Nesse caso, a substitui&ccedil;&atilde;o de camadas de um metro de argila compactada por sistemas compostos de GCL (Geosynthetic Clay Liner) aliado &agrave; geomembrana reduz significativamente a extra&ccedil;&atilde;o, transporte e movimenta&ccedil;&atilde;o de solo. Al&eacute;m de garantir seguran&ccedil;a ambiental, essa substitui&ccedil;&atilde;o diminui o n&uacute;mero de viagens de caminh&otilde;es e, consequentemente, o consumo de diesel e as emiss&otilde;es de CO<\/span><span style=\"font-family:&quot;Cambria Math&quot;,serif\">\u2082<\/span><span style=\"font-family:&quot;Arial&quot;,sans-serif\">.<\/span><\/span><\/span><\/span><\/p>\r\n\r\n<p style=\"text-align:justify; margin-bottom:11px\"><span style=\"font-size:11pt\"><span style=\"line-height:107%\"><span style=\"font-family:Calibri,sans-serif\"><b><span style=\"font-family:&quot;Arial&quot;,sans-serif\">A import&acirc;ncia da qualidade t&eacute;cnica<\/span><\/b><\/span><\/span><\/span><\/p>\r\n\r\n<p class=\"MsoNoSpacing\" style=\"text-align:justify\"><span style=\"font-size:11pt\"><span style=\"font-family:Calibri,sans-serif\"><span style=\"font-family:&quot;Arial&quot;,sans-serif\">&Eacute; importante refor&ccedil;ar que a qualidade t&eacute;cnica, tanto na fabrica&ccedil;&atilde;o, quanto na aplica&ccedil;&atilde;o dos geossint&eacute;ticos &eacute; fundamental para a efici&ecirc;ncia e durabilidade da obra. <\/span><\/span><\/span><\/p>\r\n\r\n<p class=\"MsoNoSpacing\" style=\"text-align:justify\"><span style=\"font-size:11pt\"><span style=\"font-family:Calibri,sans-serif\"><span style=\"font-family:&quot;Arial&quot;,sans-serif\">&ldquo;O CTG ABINT realiza um trabalho &aacute;rduo na orienta&ccedil;&atilde;o sobre as normativas de qualidade, voltadas ao fabricante, ao comprador, ao tomador de decis&atilde;o e ao instalador, visando <\/span><span style=\"font-family:&quot;Arial&quot;,sans-serif\">a melhor performance do produto nas aplica&ccedil;&otilde;es diversas<\/span><span style=\"font-family:&quot;Arial&quot;,sans-serif\">&rdquo;, comenta Samira Paranhos, engenheira geot&eacute;cnica especialista em geossint&eacute;ticos e coordenadora do CTG ABINT. <\/span><\/span><\/span><\/p>\r\n\r\n<p style=\"text-align:justify; margin-bottom:11px\"><span style=\"font-size:11pt\"><span style=\"line-height:107%\"><span style=\"font-family:Calibri,sans-serif\"><span style=\"font-family:&quot;Arial&quot;,sans-serif\">Para Samira, o apoio do CTG Abint ` Fenasan 2025 e ao 36&ordm; Encontro T&eacute;cnico AESabesp &eacute; de suma import&acirc;ncia em fun&ccedil;&atilde;o das contribui&ccedil;&otilde;es que os geossint&eacute;ticos podem oferecer ao desenvolvimento sustent&aacute;vel desse setor. <\/span><\/span><\/span><\/span><\/p>\r\n\r\n<p style=\"text-align:justify; margin-bottom:11px\">&nbsp;<\/p>\r\n\r\n<p style=\"margin-left:47px; text-align:justify\"><span style=\"font-size:11pt\"><span style=\"line-height:107%\"><span style=\"font-family:Calibri,sans-serif\"><b><span style=\"font-family:&quot;Arial&quot;,sans-serif\">SERVI&Ccedil;O: Fenasan 2025 e do 36&ordm; Encontro T&eacute;cnico AESabesp<\/span><\/b><\/span><\/span><\/span><\/p>\r\n\r\n<p style=\"margin-left:47px; text-align:justify\"><span style=\"font-size:11pt\"><span style=\"line-height:107%\"><span style=\"font-family:Calibri,sans-serif\"><b><span style=\"font-family:&quot;Arial&quot;,sans-serif\">De 21 a 23 de outubro de 2025<\/span><\/b><\/span><\/span><\/span><\/p>\r\n\r\n<p style=\"margin-left:47px; text-align:justify\"><span style=\"font-size:11pt\"><span style=\"line-height:107%\"><span style=\"font-family:Calibri,sans-serif\"><b><span style=\"font-family:&quot;Arial&quot;,sans-serif\">Expo Center Norte &ndash; Pavilh&otilde;es Verde e Vermelho<\/span><\/b><\/span><\/span><\/span><\/p>\r\n\r\n<p style=\"margin-left:47px; text-align:justify\"><span style=\"font-size:11pt\"><span style=\"line-height:107%\"><span style=\"font-family:Calibri,sans-serif\"><b><span style=\"font-family:&quot;Arial&quot;,sans-serif\">Visita&ccedil;&atilde;o &agrave;s feiras: gratuita<\/span><\/b><\/span><\/span><\/span><\/p>\r\n\r\n<p style=\"margin-left:47px; text-align:justify\"><span style=\"font-size:11pt\"><span style=\"line-height:107%\"><span style=\"font-family:Calibri,sans-serif\"><b><span style=\"font-family:&quot;Arial&quot;,sans-serif\">Informa&ccedil;&otilde;es: <\/span><\/b><a href=\"https:\/\/fenasan.com.br\/\" style=\"color:#0563c1; text-decoration:underline\"><b><span style=\"font-family:&quot;Arial&quot;,sans-serif\">https:\/\/fenasan.com.br\/<\/span><\/b><\/a><\/span><\/span><\/span><\/p>\r\n\r\n<p style=\"text-align:justify; margin-bottom:11px\">&nbsp;<\/p>\r\n\r\n<p style=\"margin-top:16px; margin-bottom:13px; text-align:justify\"><span style=\"font-size:12pt\"><span style=\"background:white\"><span style=\"line-height:115%\"><span style=\"font-family:&quot;Times New Roman&quot;,serif\"><em><b><span style=\"font-size:10.0pt\"><span style=\"line-height:115%\"><span style=\"font-family:&quot;Arial&quot;,sans-serif\"><span style=\"color:black\">Sobre o CTG-ABINT:<\/span><\/span><\/span><\/span><\/b><\/em><em><span style=\"font-size:10.0pt\"><span style=\"line-height:115%\"><span style=\"font-family:&quot;Arial&quot;,sans-serif\"><span style=\"color:black\">&nbsp; composto por empresas fabricantes e distribuidoras de Geossint&eacute;ticos no Brasil e associadas &agrave; ABINT, o CTG-ABINT tem como objetivo divulgar as aplica&ccedil;&otilde;es dos Geossint&eacute;ticos em obras dos segmentos Ambiental, Agroneg&oacute;cio, Constru&ccedil;&atilde;o Civil, Infraestrutura, Minera&ccedil;&atilde;o, Transporte, entre outros, bem como difundir os conceitos de qualidade a serem observados por fabricantes e usu&aacute;rios, contribuindo para o desenvolvimento mercadol&oacute;gico de forma &eacute;tica e respons&aacute;vel. Para saber mais acesse www.geossinteticos.org.br<\/span><\/span><\/span><\/span><\/em><\/span><\/span><\/span><\/span><\/p>\r\n\r\n<p style=\"margin-top:16px; margin-bottom:13px; text-align:justify\"><span style=\"font-size:12pt\"><span style=\"background:white\"><span style=\"line-height:115%\"><span style=\"font-family:&quot;Times New Roman&quot;,serif\"><em><b><span style=\"font-size:10.0pt\"><span style=\"line-height:115%\"><span style=\"font-family:&quot;Arial&quot;,sans-serif\"><span style=\"color:black\">Sobre a ABINT:<\/span><\/span><\/span><\/span><\/b><\/em><em><span style=\"font-size:10.0pt\"><span style=\"line-height:115%\"><span style=\"font-family:&quot;Arial&quot;,sans-serif\"><span style=\"color:black\">&nbsp;Fundada em 1991, a <a name=\"_Hlk189124267\">Associa&ccedil;&atilde;o Brasileira das Ind&uacute;strias de N&atilde;otecidos e Tecidos T&eacute;cnicos<\/a> tem como objetivo representar, difundir e defender os interesses da ind&uacute;stria brasileira de N&atilde;otecidos e Tecidos T&eacute;cnicos, promovendo e apoiando o seu desenvolvimento e o crescimento do mercado de aplica&ccedil;&otilde;es desses produtos, que s&atilde;o fundamentais a diversos e importantes setores da economia do pa&iacute;s. Para saber mais acesse&nbsp;<\/span><\/span><\/span><\/span><\/em><span style=\"color:black\"><a href=\"http:\/\/www.abint.org.br\/\" style=\"color:#0563c1; text-decoration:underline\"><em><span style=\"font-size:10.0pt\"><span style=\"line-height:115%\"><span style=\"font-family:&quot;Arial&quot;,sans-serif\"><span style=\"color:black\"><span style=\"text-decoration:none\"><span style=\"text-underline:none\">www.abint.org.br<\/span><\/span><\/span><\/span><\/span><\/span><\/em><\/a><\/span><\/span><\/span><\/span><\/span><\/p>\r\n\r\n<p style=\"margin-top:16px; margin-bottom:13px; text-align:justify\"><span style=\"font-size:12pt\"><span style=\"background:white\"><span style=\"line-height:115%\"><span style=\"font-family:&quot;Times New Roman&quot;,serif\"><em><b><span style=\"font-size:8.0pt\"><span style=\"line-height:115%\"><span style=\"font-family:&quot;Arial&quot;,sans-serif\"><span style=\"color:#002060\">Informa&ccedil;&otilde;es &agrave; Imprensa<\/span><\/span><\/span><\/span><\/b><\/em><\/span><\/span><\/span><\/span><\/p>\r\n\r\n<p style=\"text-align:justify\"><span style=\"font-size:12pt\"><span style=\"background:white\"><span style=\"line-height:115%\"><span style=\"font-family:&quot;Times New Roman&quot;,serif\"><em><b><span style=\"font-size:8.0pt\"><span style=\"line-height:115%\"><span style=\"font-family:&quot;Arial&quot;,sans-serif\"><span style=\"color:#002060\">Assessoria de Comunica&ccedil;&atilde;o ABINT<\/span><\/span><\/span><\/span><\/b><\/em><\/span><\/span><\/span><\/span><\/p>\r\n\r\n<p style=\"text-align:justify\"><span style=\"font-size:12pt\"><span style=\"background:white\"><span style=\"line-height:115%\"><span style=\"font-family:&quot;Times New Roman&quot;,serif\"><em><b><span style=\"font-size:8.0pt\"><span style=\"line-height:115%\"><span style=\"font-family:&quot;Arial&quot;,sans-serif\"><span style=\"color:#002060\">Roberta Provatti <\/span><\/span><\/span><\/span><\/b><\/em><\/span><\/span><\/span><\/span><\/p>\r\n\r\n<p style=\"text-align:justify\"><span style=\"font-size:12pt\"><span style=\"background:white\"><span style=\"line-height:115%\"><span style=\"font-family:&quot;Times New Roman&quot;,serif\"><em><b><span style=\"font-size:8.0pt\"><span style=\"line-height:115%\"><span style=\"font-family:&quot;Arial&quot;,sans-serif\"><span style=\"color:#002060\">(11) 99652-4661<\/span><\/span><\/span><\/span><\/b><\/em><\/span><\/span><\/span><\/span><\/p>\r\n\r\n<p style=\"text-align:justify\"><span style=\"font-size:12pt\"><span style=\"background:white\"><span style=\"line-height:115%\"><span style=\"font-family:&quot;Times New Roman&quot;,serif\"><em><b><span style=\"font-size:8.0pt\"><span style=\"line-height:115%\"><span style=\"font-family:&quot;Arial&quot;,sans-serif\"><span style=\"color:#002060\">provattijornalista@gmail.com<\/span><\/span><\/span><\/span><\/b><\/em><\/span><\/span><\/span><\/span><\/p>\r\n","6":"<p align=\"center\" style=\"text-align:center; margin-bottom:11px\"><span style=\"font-size:11pt\"><span style=\"line-height:107%\"><span style=\"font-family:Calibri,sans-serif\"><i><span style=\"font-family:&quot;Arial&quot;,sans-serif\">A Feira Nacional de Saneamento e Meio Ambiente &ndash; Fenasan 2025 e do 36&ordm; Encontro T&eacute;cnico AESabesp ser&atilde;o realizados de 21 a 23 de outubro, nos Pavilh&otilde;es Verde e Vermelho, no Expo Center Norte, em S&atilde;o Paulo.<\/span><\/i><\/span><\/span><\/span><\/p>\r\n\r\n<p align=\"center\" style=\"text-align:center; margin-bottom:11px\">&nbsp;<\/p>\r\n\r\n<p style=\"text-align:justify; margin-bottom:11px\"><span style=\"font-size:11pt\"><span style=\"line-height:107%\"><span style=\"font-family:Calibri,sans-serif\"><span style=\"font-family:&quot;Arial&quot;,sans-serif\">O <\/span><span style=\"font-family:&quot;Arial&quot;,sans-serif\">Comit&ecirc; de Geossint&eacute;ticos da Associa&ccedil;&atilde;o Brasileira das Ind&uacute;strias de N&atilde;otecidos e Tecidos T&eacute;cnicos (CTG ABINT<\/span><span style=\"font-family:&quot;Arial&quot;,sans-serif\"> &eacute; apoiador da Feira Nacional de Saneamento e Meio Ambiente &ndash; Fenasan 2025 e do 36&ordm; Encontro T&eacute;cnico AESabesp, que ser&atilde;o realizados de 21 a 23 outubro, nos Pavilh&otilde;es Verde e Vermelho, no Expo Center Norte, em S&atilde;o Paulo. Juntos, os eventos formam o maior encontro de saneamento ambiental das Am&eacute;ricas. <\/span><\/span><\/span><\/span><\/p>\r\n\r\n<p style=\"text-align:justify; margin-bottom:11px\"><span style=\"font-size:11pt\"><span style=\"line-height:107%\"><span style=\"font-family:Calibri,sans-serif\"><span style=\"font-family:&quot;Arial&quot;,sans-serif\">Realizados pela AESabesp &ndash; Associa&ccedil;&atilde;o dos Engenheiros da Sabesp, os eventos ter&atilde;o como tema central &ldquo;Saneamento e inova&ccedil;&atilde;o: pilares para um futuro resiliente e sustent&aacute;vel&rdquo;. Alinhados aos Objetivos de Desenvolvimento Sustent&aacute;vel estabelecidos pela ONU (ODS) e aos conceitos de ESG, os eventos t&ecirc;m a miss&atilde;o de ampliar o di&aacute;logo em torno das quest&otilde;es de saneamento ambiental, meio ambiente e sustentabilidade e promovendo o compartilhamento de conhecimento altamente qualificado.<\/span><\/span><\/span><\/span><\/p>\r\n\r\n<p style=\"text-align:justify; margin-bottom:11px\"><span style=\"font-size:11pt\"><span style=\"line-height:107%\"><span style=\"font-family:Calibri,sans-serif\"><span style=\"font-family:&quot;Arial&quot;,sans-serif\">Nesse cen&aacute;rio, os geossint&eacute;ticos surgem como solu&ccedil;&otilde;es de alta performance para as quest&otilde;es do tratamento de &aacute;gua e do saneamento, otimizando recursos, reduzindo impactos e preservando o meio ambiente.<\/span><\/span><\/span><\/span><\/p>\r\n\r\n<p style=\"text-align:justify; margin-bottom:11px\"><span style=\"font-size:11pt\"><span style=\"line-height:107%\"><span style=\"font-family:Calibri,sans-serif\"><b><span style=\"font-family:&quot;Arial&quot;,sans-serif\">Benef&iacute;cios dos geossint&eacute;ticos na infraestrutura e saneamento<\/span><\/b><\/span><\/span><\/span><\/p>\r\n\r\n<p style=\"text-align:justify; margin-bottom:11px\"><span style=\"font-size:11pt\"><span style=\"line-height:107%\"><span style=\"font-family:Calibri,sans-serif\"><span style=\"font-family:&quot;Arial&quot;,sans-serif\">Segundo o <\/span><span style=\"font-family:&quot;Arial&quot;,sans-serif\">(CTG ABINT, <\/span><span style=\"font-family:&quot;Arial&quot;,sans-serif\">os geossint&eacute;ticos atendem &agrave; crescente demanda por pr&aacute;ticas alinhadas &agrave; agenda ESG e contribuem diretamente para os compromissos clim&aacute;ticos do pa&iacute;s. Os sistemas tradicionais de drenagem, por exemplo, usam brita natural, extra&iacute;da em processos que envolvem alto consumo energ&eacute;tico, maquin&aacute;rio movido a combust&iacute;veis f&oacute;sseis e emiss&atilde;o elevada de CO<\/span><span style=\"font-family:&quot;Cambria Math&quot;,serif\">\u2082<\/span><span style=\"font-family:&quot;Arial&quot;,sans-serif\">. <\/span><\/span><\/span><\/span><\/p>\r\n\r\n<p style=\"text-align:justify; margin-bottom:11px\"><span style=\"font-size:11pt\"><span style=\"line-height:107%\"><span style=\"font-family:Calibri,sans-serif\"><span style=\"font-family:&quot;Arial&quot;,sans-serif\">J&aacute; quando se realiza a drenagem inteligente com geocompostos, substitui-se o uso de brita por materiais de alta performance, fabricados em ambiente industrial controlado, com r&iacute;gidos padr&otilde;es de qualidade e de gest&atilde;o ambiental. Estudos internacionais de performance mostram que essa substitui&ccedil;&atilde;o reduz em at&eacute; 87% as emiss&otilde;es de CO<\/span><span style=\"font-family:&quot;Cambria Math&quot;,serif\">\u2082<\/span><span style=\"font-family:&quot;Arial&quot;,sans-serif\"> ao longo do ciclo produtivo, transporte e aplica&ccedil;&atilde;o (<\/span><a href=\"https:\/\/library.geosyntheticssociety.org\/wp-content\/uploads\/resources\/proceedings\/Drainage%20geocomposites-%20a%20considerable%20potential%20for%20the%20reduction%20of%20greenhouse%20gas%20emission.pdf\" style=\"color:#0563c1; text-decoration:underline\"><span style=\"font-family:&quot;Arial&quot;,sans-serif\">IGS &ndash; International Geosynthetics Society<\/span><\/a><span style=\"font-family:&quot;Arial&quot;,sans-serif\">).<\/span><\/span><\/span><\/span><\/p>\r\n\r\n<p style=\"text-align:justify; margin-bottom:11px\"><span style=\"font-size:11pt\"><span style=\"line-height:107%\"><span style=\"font-family:Calibri,sans-serif\"><span style=\"font-family:&quot;Arial&quot;,sans-serif\">J&aacute; quando o assunto &eacute; saneamento, o Marco legal completou cinco anos, por&eacute;m os avan&ccedil;os n&atilde;o s&atilde;o expressivos no pa&iacute;s. Segundo estudo do Instituto Trata Brasil (2024), se nada mudar, o pa&iacute;s s&oacute; deve alcan&ccedil;ar a meta em 2070 &mdash; 37 anos al&eacute;m do prazo legal &mdash; exigindo R$ 509 bilh&otilde;es em novos investimentos. J&aacute; o Centro de Lideran&ccedil;a P&uacute;blica (CLP, 2025) lembra que 32 milh&otilde;es de brasileiros ainda vivem sem &aacute;gua encanada, enquanto 90 milh&otilde;es n&atilde;o t&ecirc;m esgoto tratado. Como se n&atilde;o bastassem esses desafios, a sustentabilidade ainda pode ficar mais comprometidas, mas os geossint&eacute;ticos s&atilde;o capazes contribuir positivamente nesse ponto. Por exemplo, nas Esta&ccedil;&otilde;es de Tratamento de Esgoto (ETEs), os geossint&eacute;ticos otimizam a desidrata&ccedil;&atilde;o de lodo. <\/span><\/span><\/span><\/span><\/p>\r\n\r\n<p style=\"text-align:justify; margin-bottom:11px\"><span style=\"font-size:11pt\"><span style=\"line-height:107%\"><span style=\"font-family:Calibri,sans-serif\"><span style=\"font-family:&quot;Arial&quot;,sans-serif\">Quando o lodo &eacute; tratado em geoformas drenantes, a redu&ccedil;&atilde;o do seu volume final a ser transportado &eacute; de at&eacute; 95%. Ou seja, resulta em menos viagens para a retirada desse lodo, menos combust&iacute;vel usado nesse transporte e redu&ccedil;&atilde;o direta das emiss&otilde;es de CO<\/span><span style=\"font-family:&quot;Cambria Math&quot;,serif\">\u2082<\/span><span style=\"font-family:&quot;Arial&quot;,sans-serif\">. Para cada 100 m&sup3; de lodo, sem desidrata&ccedil;&atilde;o, s&atilde;o necess&aacute;rias sete viagens, resultando em 682 kg de CO<\/span><span style=\"font-family:&quot;Cambria Math&quot;,serif\">\u2082<\/span><span style=\"font-family:&quot;Arial&quot;,sans-serif\"> emitidos. Com o tratamento drenante de geoformas, os mesmos 100 m&sup3; de lodo demandam apenas uma viagem, ou seja. 97 kg de CO<\/span><span style=\"font-family:&quot;Cambria Math&quot;,serif\">\u2082<\/span><span style=\"font-family:&quot;Arial&quot;,sans-serif\"> emitidos. (redu&ccedil;&atilde;o estimada de 585 kg CO<\/span><span style=\"font-family:&quot;Cambria Math&quot;,serif\">\u2082<\/span><span style=\"font-family:&quot;Arial&quot;,sans-serif\"> (85%) por cada 100 m&sup3;).<\/span><\/span><\/span><\/span><\/p>\r\n\r\n<p style=\"text-align:justify; margin-bottom:11px\"><span style=\"font-size:11pt\"><span style=\"line-height:107%\"><span style=\"font-family:Calibri,sans-serif\"><span style=\"font-family:&quot;Arial&quot;,sans-serif\">Mas se o exemplo forem os aterros sanit&aacute;rios? Nesse caso, a substitui&ccedil;&atilde;o de camadas de um metro de argila compactada por sistemas compostos de GCL (Geosynthetic Clay Liner) aliado &agrave; geomembrana reduz significativamente a extra&ccedil;&atilde;o, transporte e movimenta&ccedil;&atilde;o de solo. Al&eacute;m de garantir seguran&ccedil;a ambiental, essa substitui&ccedil;&atilde;o diminui o n&uacute;mero de viagens de caminh&otilde;es e, consequentemente, o consumo de diesel e as emiss&otilde;es de CO<\/span><span style=\"font-family:&quot;Cambria Math&quot;,serif\">\u2082<\/span><span style=\"font-family:&quot;Arial&quot;,sans-serif\">.<\/span><\/span><\/span><\/span><\/p>\r\n\r\n<p style=\"text-align:justify; margin-bottom:11px\"><span style=\"font-size:11pt\"><span style=\"line-height:107%\"><span style=\"font-family:Calibri,sans-serif\"><b><span style=\"font-family:&quot;Arial&quot;,sans-serif\">A import&acirc;ncia da qualidade t&eacute;cnica<\/span><\/b><\/span><\/span><\/span><\/p>\r\n\r\n<p class=\"MsoNoSpacing\" style=\"text-align:justify\"><span style=\"font-size:11pt\"><span style=\"font-family:Calibri,sans-serif\"><span style=\"font-family:&quot;Arial&quot;,sans-serif\">&Eacute; importante refor&ccedil;ar que a qualidade t&eacute;cnica, tanto na fabrica&ccedil;&atilde;o, quanto na aplica&ccedil;&atilde;o dos geossint&eacute;ticos &eacute; fundamental para a efici&ecirc;ncia e durabilidade da obra. <\/span><\/span><\/span><\/p>\r\n\r\n<p class=\"MsoNoSpacing\" style=\"text-align:justify\"><span style=\"font-size:11pt\"><span style=\"font-family:Calibri,sans-serif\"><span style=\"font-family:&quot;Arial&quot;,sans-serif\">&ldquo;O CTG ABINT realiza um trabalho &aacute;rduo na orienta&ccedil;&atilde;o sobre as normativas de qualidade, voltadas ao fabricante, ao comprador, ao tomador de decis&atilde;o e ao instalador, visando <\/span><span style=\"font-family:&quot;Arial&quot;,sans-serif\">a melhor performance do produto nas aplica&ccedil;&otilde;es diversas<\/span><span style=\"font-family:&quot;Arial&quot;,sans-serif\">&rdquo;, comenta Samira Paranhos, engenheira geot&eacute;cnica especialista em geossint&eacute;ticos e coordenadora do CTG ABINT. <\/span><\/span><\/span><\/p>\r\n\r\n<p style=\"text-align:justify; margin-bottom:11px\"><span style=\"font-size:11pt\"><span style=\"line-height:107%\"><span style=\"font-family:Calibri,sans-serif\"><span style=\"font-family:&quot;Arial&quot;,sans-serif\">Para Samira, o apoio do CTG Abint ` Fenasan 2025 e ao 36&ordm; Encontro T&eacute;cnico AESabesp &eacute; de suma import&acirc;ncia em fun&ccedil;&atilde;o das contribui&ccedil;&otilde;es que os geossint&eacute;ticos podem oferecer ao desenvolvimento sustent&aacute;vel desse setor. <\/span><\/span><\/span><\/span><\/p>\r\n\r\n<p style=\"text-align:justify; margin-bottom:11px\">&nbsp;<\/p>\r\n\r\n<p style=\"margin-left:47px; text-align:justify\"><span style=\"font-size:11pt\"><span style=\"line-height:107%\"><span style=\"font-family:Calibri,sans-serif\"><b><span style=\"font-family:&quot;Arial&quot;,sans-serif\">SERVI&Ccedil;O: Fenasan 2025 e do 36&ordm; Encontro T&eacute;cnico AESabesp<\/span><\/b><\/span><\/span><\/span><\/p>\r\n\r\n<p style=\"margin-left:47px; text-align:justify\"><span style=\"font-size:11pt\"><span style=\"line-height:107%\"><span style=\"font-family:Calibri,sans-serif\"><b><span style=\"font-family:&quot;Arial&quot;,sans-serif\">De 21 a 23 de outubro de 2025<\/span><\/b><\/span><\/span><\/span><\/p>\r\n\r\n<p style=\"margin-left:47px; text-align:justify\"><span style=\"font-size:11pt\"><span style=\"line-height:107%\"><span style=\"font-family:Calibri,sans-serif\"><b><span style=\"font-family:&quot;Arial&quot;,sans-serif\">Expo Center Norte &ndash; Pavilh&otilde;es Verde e Vermelho<\/span><\/b><\/span><\/span><\/span><\/p>\r\n\r\n<p style=\"margin-left:47px; text-align:justify\"><span style=\"font-size:11pt\"><span style=\"line-height:107%\"><span style=\"font-family:Calibri,sans-serif\"><b><span style=\"font-family:&quot;Arial&quot;,sans-serif\">Visita&ccedil;&atilde;o &agrave;s feiras: gratuita<\/span><\/b><\/span><\/span><\/span><\/p>\r\n\r\n<p style=\"margin-left:47px; text-align:justify\"><span style=\"font-size:11pt\"><span style=\"line-height:107%\"><span style=\"font-family:Calibri,sans-serif\"><b><span style=\"font-family:&quot;Arial&quot;,sans-serif\">Informa&ccedil;&otilde;es: <\/span><\/b><a href=\"https:\/\/fenasan.com.br\/\" style=\"color:#0563c1; text-decoration:underline\"><b><span style=\"font-family:&quot;Arial&quot;,sans-serif\">https:\/\/fenasan.com.br\/<\/span><\/b><\/a><\/span><\/span><\/span><\/p>\r\n\r\n<p style=\"text-align:justify; margin-bottom:11px\">&nbsp;<\/p>\r\n\r\n<p style=\"margin-top:16px; margin-bottom:13px; text-align:justify\"><span style=\"font-size:12pt\"><span style=\"background:white\"><span style=\"line-height:115%\"><span style=\"font-family:&quot;Times New Roman&quot;,serif\"><em><b><span style=\"font-size:10.0pt\"><span style=\"line-height:115%\"><span style=\"font-family:&quot;Arial&quot;,sans-serif\"><span style=\"color:black\">Sobre o CTG-ABINT:<\/span><\/span><\/span><\/span><\/b><\/em><em><span style=\"font-size:10.0pt\"><span style=\"line-height:115%\"><span style=\"font-family:&quot;Arial&quot;,sans-serif\"><span style=\"color:black\">&nbsp; composto por empresas fabricantes e distribuidoras de Geossint&eacute;ticos no Brasil e associadas &agrave; ABINT, o CTG-ABINT tem como objetivo divulgar as aplica&ccedil;&otilde;es dos Geossint&eacute;ticos em obras dos segmentos Ambiental, Agroneg&oacute;cio, Constru&ccedil;&atilde;o Civil, Infraestrutura, Minera&ccedil;&atilde;o, Transporte, entre outros, bem como difundir os conceitos de qualidade a serem observados por fabricantes e usu&aacute;rios, contribuindo para o desenvolvimento mercadol&oacute;gico de forma &eacute;tica e respons&aacute;vel. Para saber mais acesse www.geossinteticos.org.br<\/span><\/span><\/span><\/span><\/em><\/span><\/span><\/span><\/span><\/p>\r\n\r\n<p style=\"margin-top:16px; margin-bottom:13px; text-align:justify\"><span style=\"font-size:12pt\"><span style=\"background:white\"><span style=\"line-height:115%\"><span style=\"font-family:&quot;Times New Roman&quot;,serif\"><em><b><span style=\"font-size:10.0pt\"><span style=\"line-height:115%\"><span style=\"font-family:&quot;Arial&quot;,sans-serif\"><span style=\"color:black\">Sobre a ABINT:<\/span><\/span><\/span><\/span><\/b><\/em><em><span style=\"font-size:10.0pt\"><span style=\"line-height:115%\"><span style=\"font-family:&quot;Arial&quot;,sans-serif\"><span style=\"color:black\">&nbsp;Fundada em 1991, a <a name=\"_Hlk189124267\">Associa&ccedil;&atilde;o Brasileira das Ind&uacute;strias de N&atilde;otecidos e Tecidos T&eacute;cnicos<\/a> tem como objetivo representar, difundir e defender os interesses da ind&uacute;stria brasileira de N&atilde;otecidos e Tecidos T&eacute;cnicos, promovendo e apoiando o seu desenvolvimento e o crescimento do mercado de aplica&ccedil;&otilde;es desses produtos, que s&atilde;o fundamentais a diversos e importantes setores da economia do pa&iacute;s. Para saber mais acesse&nbsp;<\/span><\/span><\/span><\/span><\/em><span style=\"color:black\"><a href=\"http:\/\/www.abint.org.br\/\" style=\"color:#0563c1; text-decoration:underline\"><em><span style=\"font-size:10.0pt\"><span style=\"line-height:115%\"><span style=\"font-family:&quot;Arial&quot;,sans-serif\"><span style=\"color:black\"><span style=\"text-decoration:none\"><span style=\"text-underline:none\">www.abint.org.br<\/span><\/span><\/span><\/span><\/span><\/span><\/em><\/a><\/span><\/span><\/span><\/span><\/span><\/p>\r\n\r\n<p style=\"margin-top:16px; margin-bottom:13px; text-align:justify\"><span style=\"font-size:12pt\"><span style=\"background:white\"><span style=\"line-height:115%\"><span style=\"font-family:&quot;Times New Roman&quot;,serif\"><em><b><span style=\"font-size:8.0pt\"><span style=\"line-height:115%\"><span style=\"font-family:&quot;Arial&quot;,sans-serif\"><span style=\"color:#002060\">Informa&ccedil;&otilde;es &agrave; Imprensa<\/span><\/span><\/span><\/span><\/b><\/em><\/span><\/span><\/span><\/span><\/p>\r\n\r\n<p style=\"text-align:justify\"><span style=\"font-size:12pt\"><span style=\"background:white\"><span style=\"line-height:115%\"><span style=\"font-family:&quot;Times New Roman&quot;,serif\"><em><b><span style=\"font-size:8.0pt\"><span style=\"line-height:115%\"><span style=\"font-family:&quot;Arial&quot;,sans-serif\"><span style=\"color:#002060\">Assessoria de Comunica&ccedil;&atilde;o ABINT<\/span><\/span><\/span><\/span><\/b><\/em><\/span><\/span><\/span><\/span><\/p>\r\n\r\n<p style=\"text-align:justify\"><span style=\"font-size:12pt\"><span style=\"background:white\"><span style=\"line-height:115%\"><span style=\"font-family:&quot;Times New Roman&quot;,serif\"><em><b><span style=\"font-size:8.0pt\"><span style=\"line-height:115%\"><span style=\"font-family:&quot;Arial&quot;,sans-serif\"><span style=\"color:#002060\">Roberta Provatti <\/span><\/span><\/span><\/span><\/b><\/em><\/span><\/span><\/span><\/span><\/p>\r\n\r\n<p style=\"text-align:justify\"><span style=\"font-size:12pt\"><span style=\"background:white\"><span style=\"line-height:115%\"><span style=\"font-family:&quot;Times New Roman&quot;,serif\"><em><b><span style=\"font-size:8.0pt\"><span style=\"line-height:115%\"><span style=\"font-family:&quot;Arial&quot;,sans-serif\"><span style=\"color:#002060\">(11) 99652-4661<\/span><\/span><\/span><\/span><\/b><\/em><\/span><\/span><\/span><\/span><\/p>\r\n\r\n<p style=\"text-align:justify\"><span style=\"font-size:12pt\"><span style=\"background:white\"><span style=\"line-height:115%\"><span style=\"font-family:&quot;Times New Roman&quot;,serif\"><em><b><span style=\"font-size:8.0pt\"><span style=\"line-height:115%\"><span style=\"font-family:&quot;Arial&quot;,sans-serif\"><span style=\"color:#002060\">provattijornalista@gmail.com<\/span><\/span><\/span><\/span><\/b><\/em><\/span><\/span><\/span><\/span><\/p>\r\n","texto_en":"","7":"","imagem":"COMP_capa-2025-site-comunicacao_202510201858023NwdXvlNwv.jpg","8":"COMP_capa-2025-site-comunicacao_202510201858023NwdXvlNwv.jpg","arquivo":"20251014-CTG-ABINT-NA-FENASAN-VFINAL.PDF","9":"20251014-CTG-ABINT-NA-FENASAN-VFINAL.PDF","titulo_arquivo":"20251014 CTG ABINT na Fenasan","10":"20251014 CTG ABINT na Fenasan","titulo_arquivo_en":"","11":"","created_at":"2025-10-20 18:58:09","12":"2025-10-20 18:58:09","updated_at":"2025-10-20 18:58:09","13":"2025-10-20 18:58:09"},{"id":197,"0":197,"ordem":23,"1":23,"data":"2025-10-14","2":"2025-10-14","slug":"boletim-abint-de-noticias-semanais-99","3":"boletim-abint-de-noticias-semanais-99","titulo":"Boletim ABINT de Not\u00edcias Semanais","4":"Boletim ABINT de Not\u00edcias Semanais","titulo_en":"","5":"","texto":"<p style=\"text-align:justify\"><span style=\"font-size:11pt\"><span style=\"line-height:normal\"><span style=\"font-family:Calibri,sans-serif\"><span style=\"font-size:14.0pt\">Esta &eacute; uma compila&ccedil;&atilde;o das not&iacute;cias mais relevantes para o setor, incluindo informa&ccedil;&otilde;es sobre acordos internacionais, economia brasileira, sustentabilidade e mat&eacute;rias primas, al&eacute;m de novidades do setor de N&atilde;otecidos e Tecidos T&eacute;cnicos.<\/span><\/span><\/span><\/span><\/p>\r\n\r\n<p style=\"text-align:justify\"><span style=\"font-size:28pt\"><span style=\"font-family:Cambria,serif\"><span style=\"letter-spacing:-0.5pt\"><b><span style=\"font-size:18.0pt\"><span style=\"font-family:&quot;Calibri&quot;,sans-serif\"><span style=\"font-variant:small-caps\">O que vem por a&iacute;<\/span><\/span><\/span><\/b><\/span><\/span><\/span><\/p>\r\n\r\n<p><img src=\"https:\/\/www.abint.org.br\/assets\/img\/editor\/20251021-fenasan-2025_20250923190841eMb0ea0qzy.jpg\" style=\"width: 700px; height: 221px;\" \/><\/p>\r\n\r\n<p><a href=\"https:\/\/fenasan.com.br\/\"><b>Acesse aqui mais informa&ccedil;&otilde;es<\/b><\/a><\/p>\r\n\r\n<p>&nbsp;<\/p>\r\n\r\n<p><img src=\"https:\/\/www.abint.org.br\/assets\/img\/editor\/congresso-abit-2025-1_20250923191347WI6Kiky2I3.png\" style=\"width: 500px; height: 625px;\" \/><\/p>\r\n\r\n<p><a href=\"https:\/\/www.congressoabit.com.br\/\"><b>Acesse aqui mais informa&ccedil;&otilde;es<\/b><\/a><\/p>\r\n\r\n<p>&nbsp;<\/p>\r\n\r\n<p><img src=\"https:\/\/www.abint.org.br\/assets\/img\/editor\/nova-logo-premio-tcc-ic_20251014200023iBYOW5yEJX.png\" style=\"width: 700px; height: 378px;\" \/><\/p>\r\n\r\n<p><a href=\"https:\/\/www.even3.com.br\/encontro-anual-igs-brasil-geossinteticos-em-pauta-636131\/?fbclid=PAVERTVgNSBBRleHRuA2FlbQIxMAABpwF8VswtQRKdOg4XG0MC6A1g4ywhMN2_I-pCaXZTfAgoKkS37GNA7tkTiSST_aem_tRTmfHq0NQ_O0NzOrt7a_A\"><b><i>Cerim&ocirc;nia de Premia&ccedil;&atilde;o<\/i><\/b><\/a><b>, durente o &ldquo;Geossint&eacute;ticos em Pauta&rdquo;, 06 de novembro de 2025, 13h &agrave;s 18h, presencial, sede ABINT, rua Marqu&ecirc;s de Itu, 968, Higien&oacute;polis, S&atilde;o Paulo, SP<\/b><\/p>\r\n\r\n<p>&nbsp;<\/p>\r\n\r\n<p style=\"text-align:justify\"><span style=\"font-size:28pt\"><span style=\"font-family:Cambria,serif\"><span style=\"letter-spacing:-0.5pt\"><b><span style=\"font-size:18.0pt\"><span style=\"font-family:&quot;Calibri&quot;,sans-serif\"><span style=\"font-variant:small-caps\"><img src=\"https:\/\/www.abint.org.br\/assets\/img\/editor\/20251117-workshop-iso-astm-abnt_20251015193426QqcNHCi4bT.jpg\" style=\"width: 500px; height: 500px;\" \/><\/span><\/span><\/span><\/b><\/span><\/span><\/span><\/p>\r\n\r\n<p style=\"text-align:justify\"><span style=\"font-size:11pt\"><span style=\"line-height:normal\"><span style=\"font-family:Calibri,sans-serif\"><b><span style=\"font-size:14.0pt\">CTG ABINT | Patrocinador Especial do <\/span><\/b><a href=\"https:\/\/www.even3.com.br\/international-geosynthetics-workshop-standards-and-updates-in-infrastructure-and-sustainability-616680\/\" style=\"color:blue; text-decoration:underline\"><b><i><span style=\"font-size:14.0pt\">International Geosynthetics Workshop: Standards and updates in Infrastructure and Sustainability<\/span><\/i><\/b><\/a><b><i><span style=\"font-size:14.0pt\">, <\/span><\/i><\/b><b><span style=\"font-size:14.0pt\">17 de novembro de 2025, 08h &agrave;s 18h, presencial, Pontif&iacute;cia Universidade Cat&oacute;lica do Rio de Janeiro (PUC-Rio), Rio de Janeiro, RJ, Brasil<\/span><\/b><\/span><\/span><\/span><\/p>\r\n\r\n<p style=\"text-align:justify\"><span style=\"font-size:28pt\"><span style=\"font-family:Cambria,serif\"><span style=\"letter-spacing:-0.5pt\"><b><span style=\"font-size:18.0pt\"><span style=\"font-family:&quot;Calibri&quot;,sans-serif\"><span style=\"font-variant:small-caps\">Not&iacute;cias das Associadas<\/span><\/span><\/span><\/b><\/span><\/span><\/span><\/p>\r\n\r\n<p style=\"text-align:justify\"><span style=\"font-size:11pt\"><span style=\"line-height:normal\"><span style=\"font-family:Calibri,sans-serif\"><a href=\"https:\/\/gazetadasemana.com.br\/noticia\/251223\/andritz-incorpora-tecnologias-diamond-power-e-expande-sua-atuacao-global\" style=\"color:blue; text-decoration:underline\"><span style=\"font-size:14.0pt\">ANDRITZ incorpora tecnologias Diamond Power e expande sua atua&ccedil;&atilde;o global<\/span><\/a><\/span><\/span><\/span><\/p>\r\n\r\n<p style=\"text-align:justify\"><span style=\"font-size:11pt\"><span style=\"line-height:normal\"><span style=\"font-family:Calibri,sans-serif\"><a href=\"https:\/\/www.nonwovens-industry.com\/contents\/view_breaking-news\/2025-10-09\/freudenberg-performance-materials-launches-new-web\/15303\" style=\"color:blue; text-decoration:underline\"><span lang=\"EN-US\" style=\"font-size:14.0pt\">Freudenberg Performance Materials Launches New Website<\/span><\/a><\/span><\/span><\/span><\/p>\r\n\r\n<p style=\"text-align:justify\"><span style=\"font-size:11pt\"><span style=\"line-height:normal\"><span style=\"font-family:Calibri,sans-serif\"><a href=\"https:\/\/www.medtechdive.com\/news\/owens-minor-375m-deal-sale-investment-firm\/802304\/?utm_source=Sailthru&amp;utm_medium=email&amp;utm_campaign=Issue:%202025-10-08%20MedTech%20Dive%20%5Bissue:77611%5D&amp;utm_term=MedTech%20Dive\" style=\"color:blue; text-decoration:underline\"><span lang=\"EN-US\" style=\"font-size:14.0pt\">Owens &amp; Minor inks $375M deal to sell unit to investment firm<\/span><\/a><\/span><\/span><\/span><\/p>\r\n\r\n<p style=\"text-align:justify\"><span style=\"font-size:11pt\"><span style=\"line-height:normal\"><span style=\"font-family:Calibri,sans-serif\"><a href=\"http:\/\/clickemail.portalpersonalcare.com.br\/ls\/click?upn=u001.D2-2F0Tg0A29KXXLMT6ctG-2BYOihdDbc-2ByFrUFb3ZXMT9S5uLtfR6kUPLtJwpisIybPOm7CoGzfiVRG-2FQoE-2B3iAlOx4tZCJayrIwrKU-2Bh1iAeX3VbdYkEm2BS607IB-2FulcwnA-2BqwLlU3grAw7-2BR29od1rPBUBlCFljpE3iw0SZ242BjhnC-2BvTZzXwjt3F5P7N-2Fvd7KozlhQWO06z5GS2CDAS3iSKWTMT6Ne74qI2CBWwZZ0bMarpYn-2B1qXezKReIkrpf6DiO4i85lGJtPvZdV8vkzDBKqYuyqxd3PQ8WtPaMKU-3Dgyh3_T7N8BvZTOm04CQQMiyWztrpCjlUrRc4F7QzSgUIpTqDyHxxxhGpyWLohz7JoE2GE5NHlS-2BYZoX1R75Fh8KCze9GvCCb-2FinuNgc39g0Cdbe-2FcU8RlSBQhp5om11AQZQ-2FDDWiKjHLvM6n-2FqN1GDvkTYw7DHJl5YdJNTolZIx4H6KrOs6zmx5dX-2F-2B6ub2JxJAJszCHePbhp-2BX5ZyQU-2FfZJYcY6fiyTcCBYlsFkNxNDdEKjbrVpN1RgRTFfE70cFvpASxAVgSXQLri1a4-2Bji2opM4IJ0vnskfZGX80gqSMEnJ9f1NPmWS8jt3mDj1TptLpSV-2FcwTtLiXl6mTklOxqNl670s9kuLJre0nuptC-2ByBdoIMVp8TO5dNXbU4WSDLWcBsQonZoX56NsJe4a75bPxg-2BUtik0ze8if1L5164wr-2F0xira-2Fphc-2BGNiGZjJBy-2F-2BoGmpXAmqJQVDFVOxUa5CP5pFQNxl5B79bE6a-2Fk-2Bq8grIDfSBKKAtYp-2F9YGqDlDwg5uDGk4nMuLL5EyZHyB3Lehl7ljsQ6kNOgjHzpaHroZOZz3LGvclACGK7Lw-2F5vKGZJLM3lWchZpjuh3lzM6SfXYat94w3XaxZzz8WUmFp0l1ME0Ji-2F-2BXfl7-2Boun7Y2vasg41QvayALz-2BPWna1FQl0c9a-2FmQ-3D-3D\" style=\"color:blue; text-decoration:underline\"><span style=\"font-size:14.0pt\">Viveo consolida lideran&ccedil;a em len&ccedil;os umedecidos com maior f&aacute;brica da Am&eacute;rica Latina em Blumenau (SC)<\/span><\/a><\/span><\/span><\/span><\/p>\r\n\r\n<p style=\"text-align:justify\">&nbsp;<\/p>\r\n\r\n<p style=\"text-align:justify\"><span style=\"font-size:11pt\"><span style=\"line-height:normal\"><span style=\"font-family:Calibri,sans-serif\"><b><span style=\"font-size:18.0pt\"><span style=\"font-variant:small-caps\">Eventos<\/span><\/span><\/b><\/span><\/span><\/span><\/p>\r\n\r\n<p style=\"text-align:justify\"><span style=\"font-size:11pt\"><span style=\"line-height:normal\"><span style=\"font-family:Calibri,sans-serif\"><a href=\"https:\/\/www.portaldaindustria.com.br\/eventos\/pt\/edicoes\/pre-cop30-o-papel-do-setor-privado-na-agenda-de-cl#msdynmkt_trackingcontext=ddc27a5f-3229-4511-a32a-8dab7ec80200\" style=\"color:blue; text-decoration:underline\"><b><span style=\"font-size:14.0pt\">CNI | Pr&eacute;-COP30: o papel do setor privado na agenda de clima<\/span><\/b><\/a><span style=\"font-size:14.0pt\">, 15 de outubro de 2025, 08h00 &agrave;s 17h00, Unique Palace, St. de Clubes Esportivos Sul Trecho 2 CJ 42, Bras&iacute;lia<\/span><\/span><\/span><\/span><\/p>\r\n\r\n<p style=\"text-align:justify\"><span style=\"font-size:11pt\"><span style=\"line-height:normal\"><span style=\"font-family:Calibri,sans-serif\"><a href=\"https:\/\/hospitalmed.com.br\/feira\/\" style=\"color:blue; text-decoration:underline\"><b><span style=\"font-size:14.0pt\">HospitalMed 2025<\/span><\/b><\/a><span style=\"font-size:14.0pt\">, 22 a 24 de outubro, Pernambuco Centro de Conven&ccedil;&otilde;es, Olinda<\/span><\/span><\/span><\/span><\/p>\r\n\r\n<p style=\"text-align:justify\"><span style=\"font-size:11pt\"><span style=\"line-height:normal\"><span style=\"font-family:Calibri,sans-serif\"><a href=\"https:\/\/www.abnteducacao.com.br\/Simbologia_de_cuidados_aplicada_a_Etiquetagem_de_Texteis_ABNT_NBR_NM_ISO_3758\" style=\"color:blue; text-decoration:underline\"><b><span style=\"font-size:14.0pt\">Curso ABNT | Simbologia de cuidados aplicada a Etiquetagem de T&ecirc;xteis - ABNT NBR NM ISO 3758<\/span><\/b><\/a><span style=\"font-size:14.0pt\">, 27 e 28 de outubro de 2025, das 08:30 &agrave;s 17h30, online<\/span><\/span><\/span><\/span><\/p>\r\n\r\n<p style=\"text-align:justify\"><span style=\"font-size:11pt\"><span style=\"line-height:normal\"><span style=\"font-family:Calibri,sans-serif\"><a href=\"https:\/\/www.congressoabit.com.br\/\" style=\"color:blue; text-decoration:underline\"><b><span style=\"font-size:14.0pt\">Congresso Internacional Abit 2025<\/span><\/b><\/a><span style=\"font-size:14.0pt\">, 29 e 30 de outubro, 08h &agrave;s 20h, FIESP, S&atilde;o Paulo, SP<\/span><\/span><\/span><\/span><\/p>\r\n\r\n<p style=\"text-align:justify\"><span style=\"font-size:11pt\"><span style=\"line-height:normal\"><span style=\"font-family:Calibri,sans-serif\"><a href=\"https:\/\/filtech.de\/\" style=\"color:blue; text-decoration:underline\"><b><span style=\"font-size:14.0pt\">Filtech 2026<\/span><\/b><\/a><span style=\"font-size:14.0pt\">, de 30 de junho a 2 de julho, Cologne, Alemanha<\/span><\/span><\/span><\/span><\/p>\r\n\r\n<p style=\"text-align:justify\"><span style=\"font-size:11pt\"><span style=\"line-height:normal\"><span style=\"font-family:Calibri,sans-serif\"><a href=\"https:\/\/ficons.com.br\/\" style=\"color:blue; text-decoration:underline\"><b><span style=\"font-size:14.0pt\">FICONS - Feira Internacional de Materiais, Equipamentos e Servi&ccedil;os da Constru&ccedil;&atilde;o<\/span><\/b><\/a><span style=\"font-size:14.0pt\">, 15 a 18 de setembro de 2026, Centro de Conven&ccedil;&otilde;es de Pernambuco Recife\/ Olinda<\/span><\/span><\/span><\/span><\/p>\r\n\r\n<p style=\"text-align:justify\"><span style=\"font-size:11pt\"><span style=\"line-height:normal\"><span style=\"font-family:Calibri,sans-serif\"><a href=\"https:\/\/tendencias.sobratema.com\/?utm_source=akna&amp;utm_medium=email&amp;utm_campaign=Sua-marca-em-destaque-no-20-Tendencias-do-Mercado-da-Construcao-patrocine-este-encontro-estrategico\" style=\"color:blue; text-decoration:underline\"><b><span style=\"font-size:14.0pt\">SOBRATEMA | 20&ordf; Tend&ecirc;ncias do Mercado da Constru&ccedil;&atilde;o<\/span><\/b><\/a><span style=\"font-size:14.0pt\">, 26 de novembro de 2025, 18h, APAS, S&atilde;o Paulo, SP<\/span><\/span><\/span><\/span><\/p>\r\n\r\n<p style=\"text-align:justify\"><span style=\"font-size:28pt\"><span style=\"font-family:Cambria,serif\"><span style=\"letter-spacing:-0.5pt\"><b><span lang=\"EN-US\" style=\"font-size:18.0pt\"><span style=\"font-family:&quot;Calibri&quot;,sans-serif\"><span style=\"font-variant:small-caps\">Setor<\/span><\/span><\/span><\/b><\/span><\/span><\/span><\/p>\r\n\r\n<p style=\"text-align:justify\"><span style=\"font-size:11pt\"><span style=\"line-height:normal\"><span style=\"font-family:Calibri,sans-serif\"><a href=\"https:\/\/www.indexnonwovens.com\/news\/how-the-ahp-market-is-evolving-in-2025-452?utm_campaign=index_newsletter_two_september_2025&amp;utm_medium=email&amp;utm_source=Mailjet\" style=\"color:blue; text-decoration:underline\"><span lang=\"EN-US\" style=\"font-size:14.0pt\">How the AHP Market is Evolving in 2025<\/span><\/a><\/span><\/span><\/span><\/p>\r\n\r\n<p style=\"text-align:justify\"><span style=\"font-size:11pt\"><span style=\"line-height:normal\"><span style=\"font-family:Calibri,sans-serif\"><a href=\"https:\/\/www.indexnonwovens.com\/news\/wipes-at-a-turning-point-453?utm_campaign=index_newsletter_two_september_2025&amp;utm_medium=email&amp;utm_source=Mailjet\" style=\"color:blue; text-decoration:underline\"><span style=\"font-size:14.0pt\">Wipes at a Turning Point<\/span><\/a><\/span><\/span><\/span><\/p>\r\n\r\n<p style=\"text-align:justify\"><span style=\"font-size:11pt\"><span style=\"line-height:normal\"><span style=\"font-family:Calibri,sans-serif\"><a href=\"http:\/\/clickemail.portalpersonalcare.com.br\/ls\/click?upn=u001.D2-2F0Tg0A29KXXLMT6ctG-2BYOihdDbc-2ByFrUFb3ZXMT9Qc14H1NDtKSsc9kLo8vXSMTHFcnGYHz-2Bgpq1jQHnkhtfvd5bk5YxKNxOWwl7-2FT5IQtUiHpzq2Nfggi53CxOFbEQ17BbadlYktYAl0JMQMo-2B4XQVywb-2FYvkGT96mqaSFslpGLiy10p85ZvgukcTYO68MxjOj9-2B3XTyh3UzNf1jg0ZBEQ1D9gio9g-2B-2BdOSgJ6GEY6DEuETCHXW-2FVCCm2y6Jfwg7pPH1P8uXOQJ5sZU8qpEscDOdlNy-2BGWJw5slO2NtY-3DYOOu_T7N8BvZTOm04CQQMiyWztrpCjlUrRc4F7QzSgUIpTqDyHxxxhGpyWLohz7JoE2GE5NHlS-2BYZoX1R75Fh8KCze9GvCCb-2FinuNgc39g0Cdbe-2FcU8RlSBQhp5om11AQZQ-2FDDWiKjHLvM6n-2FqN1GDvkTYw7DHJl5YdJNTolZIx4H6KrOs6zmx5dX-2F-2B6ub2JxJAJszCHePbhp-2BX5ZyQU-2FfZJYcY6fiyTcCBYlsFkNxNDdEKjbrVpN1RgRTFfE70cFvpASxAVgSXQLri1a4-2Bji2opM4IJ0vnskfZGX80gqSMEnJ9f1NPmWS8jt3mDj1TptLpSV-2FcwTtLiXl6mTklOxqNl670s9kuLJre0nuptC-2ByBdoIMVp8TO5dNXbU4WSDLWcBsQonZoX56NsJe4a75bPxg-2BUtik0ze8if1L5164wr-2F0xira-2Fphc-2BGNiGZjJBy-2F-2BoGmpXAmqJQVDFVOxUa5CP5pFQNxl5B79bE6a-2Fk-2Bq8grIDfSBKKAtYp-2F9YGqDlDwg5uDGPSfGzvuByp0OGS5FAQF-2BdHeMfEWr6ykBliN9-2B9ZPs782dFc4-2Bz-2FMCN9NCMQGWmar6-2Ftb1798Q1QR3tXxCmtDv5bZq4P7Cy9LI-2B9cppQsCOYelfGwEuhN069YCGGULsRUxfmKXo0X06wUKJM907Lwdg-3D-3D\" style=\"color:blue; text-decoration:underline\"><span style=\"font-size:14.0pt\">Fraldas nos EUA: crescimento de private labels atrai novos entrantes e pressiona marcas tradicionais<\/span><\/a><\/span><\/span><\/span><\/p>\r\n\r\n<p style=\"text-align:justify\"><span style=\"font-size:11pt\"><span style=\"line-height:normal\"><span style=\"font-family:Calibri,sans-serif\"><a href=\"https:\/\/plasticosemrevista.com.br\/quimica-petroquimica-desindustrializacao-atormenta-a-europa\/\" style=\"color:blue; text-decoration:underline\"><span style=\"font-size:14.0pt\">Qu&iacute;mica\/Petroqu&iacute;mica: desindustrializa&ccedil;&atilde;o atormenta a Europa<\/span><\/a><\/span><\/span><\/span><\/p>\r\n\r\n<p style=\"text-align:justify\"><span style=\"font-size:11pt\"><span style=\"line-height:normal\"><span style=\"font-family:Calibri,sans-serif\"><a href=\"https:\/\/www.braskem.com.br\/saopaulo-release\/braskem-destaca-seus-avancos-durante-a-feira-k-2025#:~:text=Ao%20otimizar%20unidades%20base%20nafta,transforma%C3%A7%C3%A3o%20da%20Braskem%20est%C3%A1%20progredindo.\" style=\"color:blue; text-decoration:underline\"><span style=\"font-size:14.0pt\">Braskem leva inova&ccedil;&otilde;es em Biopol&iacute;meros para a Feira K 2025<\/span><\/a><\/span><\/span><\/span><\/p>\r\n\r\n<p style=\"text-align:justify\"><span style=\"font-size:28pt\"><span style=\"font-family:Cambria,serif\"><span style=\"letter-spacing:-0.5pt\"><b><span style=\"font-size:18.0pt\"><span style=\"font-family:&quot;Calibri&quot;,sans-serif\"><span style=\"font-variant:small-caps\">Ind&uacute;stria<\/span><\/span><\/span><\/b><\/span><\/span><\/span><\/p>\r\n\r\n<p style=\"text-align:justify\"><span style=\"font-size:11pt\"><span style=\"line-height:normal\"><span style=\"font-family:Calibri,sans-serif\"><a href=\"https:\/\/noticias.portaldaindustria.com.br\/noticias\/economia\/icei-cresce-mas-industria-chega-a-10-meses-de-pessimismo-revela-cni\/\" style=\"color:blue; text-decoration:underline\"><span style=\"font-size:14.0pt\">ICEI cresce, mas ind&uacute;stria chega a 10 meses de pessimismo, revela CNI<\/span><\/a><\/span><\/span><\/span><\/p>\r\n\r\n<p style=\"text-align:justify\"><span style=\"font-size:11pt\"><span style=\"line-height:normal\"><span style=\"font-family:Calibri,sans-serif\"><a href=\"https:\/\/noticias.portaldaindustria.com.br\/noticias\/economia\/faturamento-da-industria-cai-53-em-agosto-quarto-resultado-negativo-em-seis-meses\/\" style=\"color:blue; text-decoration:underline\"><span style=\"font-size:14.0pt\">Faturamento da ind&uacute;stria cai 5,3% em agosto, quarto resultado negativo em seis meses<\/span><\/a><\/span><\/span><\/span><\/p>\r\n\r\n<p style=\"text-align:justify\"><span style=\"font-size:11pt\"><span style=\"line-height:normal\"><span style=\"font-family:Calibri,sans-serif\"><a href=\"https:\/\/www.revistafatorbrasil.com.br\/2025\/10\/11\/industria-do-plastico-avanca-em-inovacao-e-sustentabilidade-revela-perfil-2025-da-abiplast\/\" style=\"color:blue; text-decoration:underline\"><span style=\"font-size:14.0pt\">Ind&uacute;stria do Pl&aacute;stico avan&ccedil;a em inova&ccedil;&atilde;o e sustentabilidade, revela Perfil 2025 da Abiplast<\/span><\/a><\/span><\/span><\/span><\/p>\r\n\r\n<p style=\"text-align:justify\"><span style=\"font-size:11pt\"><span style=\"line-height:normal\"><span style=\"font-family:Calibri,sans-serif\"><a href=\"https:\/\/www.abrainc.org.br\/empregos\/2025\/09\/30\/construcao-abre-1945-mil-vagas-de-emprego-formal-em-2025-13-do-saldo-nacional#:~:text=setembro%20de%202025-,Constru%C3%A7%C3%A3o%20abre%20194%2C5%20mil%20vagas%20de%20emprego%20formal%20em,Trabalho%20e%20Emprego%20(MTE).\" style=\"color:blue; text-decoration:underline\"><span style=\"font-size:14.0pt\">Constru&ccedil;&atilde;o abre 194,5 mil vagas de emprego formal em 2025, 13% do saldo nacional<\/span><\/a><\/span><\/span><\/span><\/p>\r\n\r\n<p style=\"text-align:justify\"><span style=\"font-size:11pt\"><span style=\"line-height:normal\"><span style=\"font-family:Calibri,sans-serif\"><a href=\"https:\/\/www.parceriaseminvestimentos.sp.gov.br\/os-investimentos-iniciais-sao-requisitos-para-a-operacao-dos-porticos-inteligentes-de-cobranca-siga-facil-e-tem-foco-na-maior-eficiencia-no-atendimento-aos-usuarios-ampliando-a-segu\/\" style=\"color:blue; text-decoration:underline\"><span style=\"font-size:14.0pt\">Concess&atilde;o de rodovias do Litoral Paulista tem investimentos de R$ 264 milh&otilde;es em 10 meses de opera&ccedil;&atilde;o<\/span><\/a><\/span><\/span><\/span><\/p>\r\n\r\n<p style=\"text-align:justify\"><span style=\"font-size:28pt\"><span style=\"font-family:Cambria,serif\"><span style=\"letter-spacing:-0.5pt\"><b><span style=\"font-size:18.0pt\"><span style=\"font-family:&quot;Calibri&quot;,sans-serif\"><span style=\"font-variant:small-caps\">Sustentabilidade<\/span><\/span><\/span><\/b><\/span><\/span><\/span><\/p>\r\n\r\n<p style=\"text-align:justify\"><span style=\"font-size:11pt\"><span style=\"line-height:normal\"><span style=\"font-family:Calibri,sans-serif\"><a href=\"https:\/\/abiquim.org.br\/comunicacao\/noticia\/11982\" style=\"color:blue; text-decoration:underline\"><span style=\"font-size:14.0pt\">Abiquim promove F&oacute;rum sobre o futuro dos pl&aacute;sticos no Brasil<\/span><\/a><\/span><\/span><\/span><\/p>\r\n\r\n<p style=\"text-align:justify\"><span style=\"font-size:11pt\"><span style=\"line-height:normal\"><span style=\"font-family:Calibri,sans-serif\"><a href=\"https:\/\/www.uol.com.br\/ecoa\/ultimas-noticias\/2025\/10\/12\/pioneira-na-america-latina-usina-em-barueri-transformara-lixo-em-energia.htm\" style=\"color:blue; text-decoration:underline\"><span style=\"font-size:14.0pt\">Pioneira na Am&eacute;rica Latina, usina em Barueri transformar&aacute; lixo em energia<\/span><\/a><\/span><\/span><\/span><\/p>\r\n\r\n<p style=\"text-align:justify\"><span style=\"font-size:11pt\"><span style=\"line-height:normal\"><span style=\"font-family:Calibri,sans-serif\"><a href=\"https:\/\/ciclovivo.com.br\/mao-na-massa\/permacultura\/lei-de-incentivo-a-reciclagem-inclui-projetos-de-compostagem\/\" style=\"color:blue; text-decoration:underline\"><span style=\"font-size:14.0pt\">Lei de Incentivo &agrave; Reciclagem inclui projetos de compostagem<\/span><\/a><\/span><\/span><\/span><\/p>\r\n\r\n<p style=\"text-align:justify\"><span style=\"font-size:11pt\"><span style=\"line-height:normal\"><span style=\"font-family:Calibri,sans-serif\"><a href=\"https:\/\/exame.com\/esg\/para-inaugura-primeira-fabrica-de-reciclagem-de-pet-em-larga-escala-durante-a-cop30\/\" style=\"color:blue; text-decoration:underline\"><span style=\"font-size:14.0pt\">Par&aacute; deve inaugurar primeira f&aacute;brica de reciclagem de PET em larga escala durante a COP30<\/span><\/a><\/span><\/span><\/span><\/p>\r\n\r\n<p style=\"text-align:justify\"><span style=\"font-size:11pt\"><span style=\"line-height:normal\"><span style=\"font-family:Calibri,sans-serif\"><a href=\"https:\/\/conectaverde.com.br\/estudo-do-movimento-plastico-transforma-mostra-recuperacao-da-reciclagem-de-plasticos-no-brasil-em-2024\/\" style=\"color:blue; text-decoration:underline\"><span style=\"font-size:14.0pt\">Estudo do Movimento Pl&aacute;stico Transforma mostra recupera&ccedil;&atilde;o da reciclagem de pl&aacute;sticos no Brasil em 2024<\/span><\/a><\/span><\/span><\/span><\/p>\r\n\r\n<p style=\"text-align:justify\"><span style=\"font-size:28pt\"><span style=\"font-family:Cambria,serif\"><span style=\"letter-spacing:-0.5pt\"><b><span style=\"font-size:18.0pt\"><span style=\"font-family:&quot;Calibri&quot;,sans-serif\"><span style=\"font-variant:small-caps\">Inova&ccedil;&atilde;o<\/span><\/span><\/span><\/b><\/span><\/span><\/span><\/p>\r\n\r\n<p style=\"text-align:justify\">&nbsp;<\/p>\r\n\r\n<p style=\"text-align:justify\"><span style=\"font-size:11pt\"><span style=\"line-height:normal\"><span style=\"font-family:Calibri,sans-serif\"><span style=\"font-size:14.0pt\"><a href=\"https:\/\/www.juicysantos.com.br\/novo-na-regiao\/garrafas-plasticas-viram-pisos-drenantes-em-santos\/\" style=\"color:blue; text-decoration:underline\">Garrafas pl&aacute;sticas viram pisos drenantes em Santos<\/a><\/span><\/span><\/span><\/span><\/p>\r\n\r\n<p style=\"text-align:justify\"><span style=\"font-size:11pt\"><span style=\"line-height:normal\"><span style=\"font-family:Calibri,sans-serif\"><span style=\"font-size:14.0pt\"><a href=\"https:\/\/plasticosemrevista.com.br\/transformacao-travessia-para-inteligencia-artificial-depende-dos-gestores\/\" style=\"color:blue; text-decoration:underline\">Transforma&ccedil;&atilde;o: travessia para Intelig&ecirc;ncia Artificial depende dos gestores<\/a><\/span><\/span><\/span><\/span><\/p>\r\n\r\n<p style=\"text-align:justify\">&nbsp;<\/p>\r\n\r\n<p style=\"text-align:justify\">&nbsp;<\/p>\r\n\r\n<p style=\"text-align:justify\"><span style=\"font-size:11pt\"><span style=\"line-height:normal\"><span style=\"font-family:Calibri,sans-serif\"><a href=\"https:\/\/share.google\/5D39ASFzU7dVXdTRK\" style=\"color:blue; text-decoration:underline\"><span style=\"font-size:14.0pt\">Pl&aacute;stico feito de bambu atinge resist&ecirc;ncia industrial, &eacute; recicl&aacute;vel e biodegrad&aacute;vel<\/span><\/a><\/span><\/span><\/span><\/p>\r\n\r\n<p style=\"text-align:justify\"><span style=\"font-size:11pt\"><span style=\"line-height:normal\"><span style=\"font-family:Calibri,sans-serif\"><a href=\"https:\/\/noticiasambientales.com\/sustentabilidade\/casas-feitas-com-garrafas-plasticas-a-inovacao-de-cordoba-que-redefine-a-habitacao-sustentavel-na-argentina\/\" style=\"color:blue; text-decoration:underline\"><span style=\"font-size:14.0pt\">Casas feitas com garrafas pl&aacute;sticas: a inova&ccedil;&atilde;o de C&oacute;rdoba que redefine a habita&ccedil;&atilde;o sustent&aacute;vel na Argentina<\/span><\/a><\/span><\/span><\/span><\/p>\r\n\r\n<p style=\"text-align:justify\"><span style=\"font-size:11pt\"><span style=\"line-height:normal\"><span style=\"font-family:Calibri,sans-serif\"><a href=\"https:\/\/saocarlosemrede.com.br\/dormente-ferroviario\/\" style=\"color:blue; text-decoration:underline\"><span style=\"font-size:14.0pt\">Feito na USP S&atilde;o Carlos: Dormente ferrovi&aacute;rio de pl&aacute;stico reciclado &eacute; alternativa sustent&aacute;vel para os modelos no mercado<\/span><\/a><\/span><\/span><\/span><\/p>\r\n\r\n<p style=\"text-align:justify\"><span style=\"font-size:28pt\"><span style=\"font-family:Cambria,serif\"><span style=\"letter-spacing:-0.5pt\"><b><span style=\"font-size:18.0pt\"><span style=\"font-family:&quot;Calibri&quot;,sans-serif\"><span style=\"font-variant:small-caps\">Com&eacute;rcio Exterior<\/span><\/span><\/span><\/b><\/span><\/span><\/span><\/p>\r\n\r\n<p style=\"text-align:justify\"><span style=\"font-size:11pt\"><span style=\"line-height:normal\"><span style=\"font-family:Calibri,sans-serif\"><a href=\"https:\/\/noticias.portaldaindustria.com.br\/noticias\/internacional\/conselho-empresarial-entre-brasil-e-india-deve-ampliar-comercio-investimentos-e-inovacao-bilaterais\/\" style=\"color:blue; text-decoration:underline\"><span style=\"font-size:14.0pt\">Conselho empresarial entre Brasil e &Iacute;ndia deve ampliar com&eacute;rcio, investimentos e inova&ccedil;&atilde;o bilaterais<\/span><\/a><\/span><\/span><\/span><\/p>\r\n\r\n<p style=\"text-align:justify\"><span style=\"font-size:11pt\"><span style=\"line-height:normal\"><span style=\"font-family:Calibri,sans-serif\"><a href=\"https:\/\/blogdoibre.fgv.br\/posts\/empresarios-da-industria-de-transformacao-apontam-impacto-negativo-do-tarifaco\" style=\"color:blue; text-decoration:underline\"><span style=\"font-size:14.0pt\">Empres&aacute;rios da ind&uacute;stria de transforma&ccedil;&atilde;o apontam impacto negativo do tarifa&ccedil;o<\/span><\/a><\/span><\/span><\/span><\/p>\r\n\r\n<p style=\"text-align:justify\"><span style=\"font-size:11pt\"><span style=\"line-height:normal\"><span style=\"font-family:Calibri,sans-serif\"><a href=\"https:\/\/comexdobrasil.com\/mercosul-e-canada-retomam-negociacoes-visando-um-acordo-comercial-moderno-equilibrado-e-mutuamente-benefico\/\" style=\"color:blue; text-decoration:underline\"><span style=\"font-size:14.0pt\">Mercosul e Canad&aacute; retomam negocia&ccedil;&otilde;es visando um acordo comercial moderno, equilibrado e mutuamente ben&eacute;fico<\/span><\/a><\/span><\/span><\/span><\/p>\r\n\r\n<p style=\"text-align:justify\"><span style=\"font-size:28pt\"><span style=\"font-family:Cambria,serif\"><span style=\"letter-spacing:-0.5pt\"><b><span style=\"font-size:18.0pt\"><span style=\"font-family:&quot;Calibri&quot;,sans-serif\"><span style=\"font-variant:small-caps\">Economia<\/span><\/span><\/span><\/b><\/span><\/span><\/span><\/p>\r\n\r\n<p style=\"text-align:justify\"><span style=\"font-size:11pt\"><span style=\"line-height:normal\"><span style=\"font-family:Calibri,sans-serif\"><a href=\"https:\/\/www.bcb.gov.br\/content\/focus\/focus\/R20251010.pdf\" style=\"color:blue; text-decoration:underline\"><span style=\"font-size:14.0pt\">Focus - Relat&oacute;rio de Mercado<\/span><\/a><\/span><\/span><\/span><\/p>\r\n\r\n<p style=\"text-align:justify\"><span style=\"font-size:11pt\"><span style=\"line-height:normal\"><span style=\"font-family:Calibri,sans-serif\"><a href=\"https:\/\/share.google\/oeni2wx0EFCag6p1x\" style=\"color:blue; text-decoration:underline\"><span style=\"font-size:14.0pt\">Divulgado novo informe t&eacute;cnico da Reforma Tribut&aacute;ria<\/span><\/a><\/span><\/span><\/span><\/p>\r\n\r\n<p style=\"text-align:justify\"><span style=\"font-size:11pt\"><span style=\"line-height:normal\"><span style=\"font-family:Calibri,sans-serif\"><a href=\"https:\/\/share.google\/KMfTjtCsQ7VhdcYkR\" style=\"color:blue; text-decoration:underline\"><span style=\"font-size:14.0pt\">Reforma Tribut&aacute;ria: empresas devem se preparar para novo ciclo fiscal em 2026<\/span><\/a><\/span><\/span><\/span><\/p>\r\n\r\n<p style=\"text-align:justify\"><span style=\"font-size:11pt\"><span style=\"line-height:normal\"><span style=\"font-family:Calibri,sans-serif\"><a href=\"https:\/\/www.fibre2fashion.com\/news\/textile-news\/wto-downgrades-global-trade-growth-forecast-to-0-5-for-2026-from-1-8-305737-newsdetails.htm\" style=\"color:blue; text-decoration:underline\"><span lang=\"EN-US\" style=\"font-size:14.0pt\">WTO downgrades global trade growth forecast to 0.5% for 2026 from 1.8%<\/span><\/a><\/span><\/span><\/span><\/p>\r\n\r\n<p style=\"text-align:justify\"><img src=\"https:\/\/www.abint.org.br\/assets\/img\/editor\/redes-sociais-abint-ctg-cth_20251014202218Zyze8pqEet.jpg\" \/><\/p>\r\n\r\n<p style=\"text-align:justify\">&nbsp;<\/p>\r\n","6":"<p style=\"text-align:justify\"><span style=\"font-size:11pt\"><span style=\"line-height:normal\"><span style=\"font-family:Calibri,sans-serif\"><span style=\"font-size:14.0pt\">Esta &eacute; uma compila&ccedil;&atilde;o das not&iacute;cias mais relevantes para o setor, incluindo informa&ccedil;&otilde;es sobre acordos internacionais, economia brasileira, sustentabilidade e mat&eacute;rias primas, al&eacute;m de novidades do setor de N&atilde;otecidos e Tecidos T&eacute;cnicos.<\/span><\/span><\/span><\/span><\/p>\r\n\r\n<p style=\"text-align:justify\"><span style=\"font-size:28pt\"><span style=\"font-family:Cambria,serif\"><span style=\"letter-spacing:-0.5pt\"><b><span style=\"font-size:18.0pt\"><span style=\"font-family:&quot;Calibri&quot;,sans-serif\"><span style=\"font-variant:small-caps\">O que vem por a&iacute;<\/span><\/span><\/span><\/b><\/span><\/span><\/span><\/p>\r\n\r\n<p><img src=\"https:\/\/www.abint.org.br\/assets\/img\/editor\/20251021-fenasan-2025_20250923190841eMb0ea0qzy.jpg\" style=\"width: 700px; height: 221px;\" \/><\/p>\r\n\r\n<p><a href=\"https:\/\/fenasan.com.br\/\"><b>Acesse aqui mais informa&ccedil;&otilde;es<\/b><\/a><\/p>\r\n\r\n<p>&nbsp;<\/p>\r\n\r\n<p><img src=\"https:\/\/www.abint.org.br\/assets\/img\/editor\/congresso-abit-2025-1_20250923191347WI6Kiky2I3.png\" style=\"width: 500px; height: 625px;\" \/><\/p>\r\n\r\n<p><a href=\"https:\/\/www.congressoabit.com.br\/\"><b>Acesse aqui mais informa&ccedil;&otilde;es<\/b><\/a><\/p>\r\n\r\n<p>&nbsp;<\/p>\r\n\r\n<p><img src=\"https:\/\/www.abint.org.br\/assets\/img\/editor\/nova-logo-premio-tcc-ic_20251014200023iBYOW5yEJX.png\" style=\"width: 700px; height: 378px;\" \/><\/p>\r\n\r\n<p><a href=\"https:\/\/www.even3.com.br\/encontro-anual-igs-brasil-geossinteticos-em-pauta-636131\/?fbclid=PAVERTVgNSBBRleHRuA2FlbQIxMAABpwF8VswtQRKdOg4XG0MC6A1g4ywhMN2_I-pCaXZTfAgoKkS37GNA7tkTiSST_aem_tRTmfHq0NQ_O0NzOrt7a_A\"><b><i>Cerim&ocirc;nia de Premia&ccedil;&atilde;o<\/i><\/b><\/a><b>, durente o &ldquo;Geossint&eacute;ticos em Pauta&rdquo;, 06 de novembro de 2025, 13h &agrave;s 18h, presencial, sede ABINT, rua Marqu&ecirc;s de Itu, 968, Higien&oacute;polis, S&atilde;o Paulo, SP<\/b><\/p>\r\n\r\n<p>&nbsp;<\/p>\r\n\r\n<p style=\"text-align:justify\"><span style=\"font-size:28pt\"><span style=\"font-family:Cambria,serif\"><span style=\"letter-spacing:-0.5pt\"><b><span style=\"font-size:18.0pt\"><span style=\"font-family:&quot;Calibri&quot;,sans-serif\"><span style=\"font-variant:small-caps\"><img src=\"https:\/\/www.abint.org.br\/assets\/img\/editor\/20251117-workshop-iso-astm-abnt_20251015193426QqcNHCi4bT.jpg\" style=\"width: 500px; height: 500px;\" \/><\/span><\/span><\/span><\/b><\/span><\/span><\/span><\/p>\r\n\r\n<p style=\"text-align:justify\"><span style=\"font-size:11pt\"><span style=\"line-height:normal\"><span style=\"font-family:Calibri,sans-serif\"><b><span style=\"font-size:14.0pt\">CTG ABINT | Patrocinador Especial do <\/span><\/b><a href=\"https:\/\/www.even3.com.br\/international-geosynthetics-workshop-standards-and-updates-in-infrastructure-and-sustainability-616680\/\" style=\"color:blue; text-decoration:underline\"><b><i><span style=\"font-size:14.0pt\">International Geosynthetics Workshop: Standards and updates in Infrastructure and Sustainability<\/span><\/i><\/b><\/a><b><i><span style=\"font-size:14.0pt\">, <\/span><\/i><\/b><b><span style=\"font-size:14.0pt\">17 de novembro de 2025, 08h &agrave;s 18h, presencial, Pontif&iacute;cia Universidade Cat&oacute;lica do Rio de Janeiro (PUC-Rio), Rio de Janeiro, RJ, Brasil<\/span><\/b><\/span><\/span><\/span><\/p>\r\n\r\n<p style=\"text-align:justify\"><span style=\"font-size:28pt\"><span style=\"font-family:Cambria,serif\"><span style=\"letter-spacing:-0.5pt\"><b><span style=\"font-size:18.0pt\"><span style=\"font-family:&quot;Calibri&quot;,sans-serif\"><span style=\"font-variant:small-caps\">Not&iacute;cias das Associadas<\/span><\/span><\/span><\/b><\/span><\/span><\/span><\/p>\r\n\r\n<p style=\"text-align:justify\"><span style=\"font-size:11pt\"><span style=\"line-height:normal\"><span style=\"font-family:Calibri,sans-serif\"><a href=\"https:\/\/gazetadasemana.com.br\/noticia\/251223\/andritz-incorpora-tecnologias-diamond-power-e-expande-sua-atuacao-global\" style=\"color:blue; text-decoration:underline\"><span style=\"font-size:14.0pt\">ANDRITZ incorpora tecnologias Diamond Power e expande sua atua&ccedil;&atilde;o global<\/span><\/a><\/span><\/span><\/span><\/p>\r\n\r\n<p style=\"text-align:justify\"><span style=\"font-size:11pt\"><span style=\"line-height:normal\"><span style=\"font-family:Calibri,sans-serif\"><a href=\"https:\/\/www.nonwovens-industry.com\/contents\/view_breaking-news\/2025-10-09\/freudenberg-performance-materials-launches-new-web\/15303\" style=\"color:blue; text-decoration:underline\"><span lang=\"EN-US\" style=\"font-size:14.0pt\">Freudenberg Performance Materials Launches New Website<\/span><\/a><\/span><\/span><\/span><\/p>\r\n\r\n<p style=\"text-align:justify\"><span style=\"font-size:11pt\"><span style=\"line-height:normal\"><span style=\"font-family:Calibri,sans-serif\"><a href=\"https:\/\/www.medtechdive.com\/news\/owens-minor-375m-deal-sale-investment-firm\/802304\/?utm_source=Sailthru&amp;utm_medium=email&amp;utm_campaign=Issue:%202025-10-08%20MedTech%20Dive%20%5Bissue:77611%5D&amp;utm_term=MedTech%20Dive\" style=\"color:blue; text-decoration:underline\"><span lang=\"EN-US\" style=\"font-size:14.0pt\">Owens &amp; Minor inks $375M deal to sell unit to investment firm<\/span><\/a><\/span><\/span><\/span><\/p>\r\n\r\n<p style=\"text-align:justify\"><span style=\"font-size:11pt\"><span style=\"line-height:normal\"><span style=\"font-family:Calibri,sans-serif\"><a href=\"http:\/\/clickemail.portalpersonalcare.com.br\/ls\/click?upn=u001.D2-2F0Tg0A29KXXLMT6ctG-2BYOihdDbc-2ByFrUFb3ZXMT9S5uLtfR6kUPLtJwpisIybPOm7CoGzfiVRG-2FQoE-2B3iAlOx4tZCJayrIwrKU-2Bh1iAeX3VbdYkEm2BS607IB-2FulcwnA-2BqwLlU3grAw7-2BR29od1rPBUBlCFljpE3iw0SZ242BjhnC-2BvTZzXwjt3F5P7N-2Fvd7KozlhQWO06z5GS2CDAS3iSKWTMT6Ne74qI2CBWwZZ0bMarpYn-2B1qXezKReIkrpf6DiO4i85lGJtPvZdV8vkzDBKqYuyqxd3PQ8WtPaMKU-3Dgyh3_T7N8BvZTOm04CQQMiyWztrpCjlUrRc4F7QzSgUIpTqDyHxxxhGpyWLohz7JoE2GE5NHlS-2BYZoX1R75Fh8KCze9GvCCb-2FinuNgc39g0Cdbe-2FcU8RlSBQhp5om11AQZQ-2FDDWiKjHLvM6n-2FqN1GDvkTYw7DHJl5YdJNTolZIx4H6KrOs6zmx5dX-2F-2B6ub2JxJAJszCHePbhp-2BX5ZyQU-2FfZJYcY6fiyTcCBYlsFkNxNDdEKjbrVpN1RgRTFfE70cFvpASxAVgSXQLri1a4-2Bji2opM4IJ0vnskfZGX80gqSMEnJ9f1NPmWS8jt3mDj1TptLpSV-2FcwTtLiXl6mTklOxqNl670s9kuLJre0nuptC-2ByBdoIMVp8TO5dNXbU4WSDLWcBsQonZoX56NsJe4a75bPxg-2BUtik0ze8if1L5164wr-2F0xira-2Fphc-2BGNiGZjJBy-2F-2BoGmpXAmqJQVDFVOxUa5CP5pFQNxl5B79bE6a-2Fk-2Bq8grIDfSBKKAtYp-2F9YGqDlDwg5uDGk4nMuLL5EyZHyB3Lehl7ljsQ6kNOgjHzpaHroZOZz3LGvclACGK7Lw-2F5vKGZJLM3lWchZpjuh3lzM6SfXYat94w3XaxZzz8WUmFp0l1ME0Ji-2F-2BXfl7-2Boun7Y2vasg41QvayALz-2BPWna1FQl0c9a-2FmQ-3D-3D\" style=\"color:blue; text-decoration:underline\"><span style=\"font-size:14.0pt\">Viveo consolida lideran&ccedil;a em len&ccedil;os umedecidos com maior f&aacute;brica da Am&eacute;rica Latina em Blumenau (SC)<\/span><\/a><\/span><\/span><\/span><\/p>\r\n\r\n<p style=\"text-align:justify\">&nbsp;<\/p>\r\n\r\n<p style=\"text-align:justify\"><span style=\"font-size:11pt\"><span style=\"line-height:normal\"><span style=\"font-family:Calibri,sans-serif\"><b><span style=\"font-size:18.0pt\"><span style=\"font-variant:small-caps\">Eventos<\/span><\/span><\/b><\/span><\/span><\/span><\/p>\r\n\r\n<p style=\"text-align:justify\"><span style=\"font-size:11pt\"><span style=\"line-height:normal\"><span style=\"font-family:Calibri,sans-serif\"><a href=\"https:\/\/www.portaldaindustria.com.br\/eventos\/pt\/edicoes\/pre-cop30-o-papel-do-setor-privado-na-agenda-de-cl#msdynmkt_trackingcontext=ddc27a5f-3229-4511-a32a-8dab7ec80200\" style=\"color:blue; text-decoration:underline\"><b><span style=\"font-size:14.0pt\">CNI | Pr&eacute;-COP30: o papel do setor privado na agenda de clima<\/span><\/b><\/a><span style=\"font-size:14.0pt\">, 15 de outubro de 2025, 08h00 &agrave;s 17h00, Unique Palace, St. de Clubes Esportivos Sul Trecho 2 CJ 42, Bras&iacute;lia<\/span><\/span><\/span><\/span><\/p>\r\n\r\n<p style=\"text-align:justify\"><span style=\"font-size:11pt\"><span style=\"line-height:normal\"><span style=\"font-family:Calibri,sans-serif\"><a href=\"https:\/\/hospitalmed.com.br\/feira\/\" style=\"color:blue; text-decoration:underline\"><b><span style=\"font-size:14.0pt\">HospitalMed 2025<\/span><\/b><\/a><span style=\"font-size:14.0pt\">, 22 a 24 de outubro, Pernambuco Centro de Conven&ccedil;&otilde;es, Olinda<\/span><\/span><\/span><\/span><\/p>\r\n\r\n<p style=\"text-align:justify\"><span style=\"font-size:11pt\"><span style=\"line-height:normal\"><span style=\"font-family:Calibri,sans-serif\"><a href=\"https:\/\/www.abnteducacao.com.br\/Simbologia_de_cuidados_aplicada_a_Etiquetagem_de_Texteis_ABNT_NBR_NM_ISO_3758\" style=\"color:blue; text-decoration:underline\"><b><span style=\"font-size:14.0pt\">Curso ABNT | Simbologia de cuidados aplicada a Etiquetagem de T&ecirc;xteis - ABNT NBR NM ISO 3758<\/span><\/b><\/a><span style=\"font-size:14.0pt\">, 27 e 28 de outubro de 2025, das 08:30 &agrave;s 17h30, online<\/span><\/span><\/span><\/span><\/p>\r\n\r\n<p style=\"text-align:justify\"><span style=\"font-size:11pt\"><span style=\"line-height:normal\"><span style=\"font-family:Calibri,sans-serif\"><a href=\"https:\/\/www.congressoabit.com.br\/\" style=\"color:blue; text-decoration:underline\"><b><span style=\"font-size:14.0pt\">Congresso Internacional Abit 2025<\/span><\/b><\/a><span style=\"font-size:14.0pt\">, 29 e 30 de outubro, 08h &agrave;s 20h, FIESP, S&atilde;o Paulo, SP<\/span><\/span><\/span><\/span><\/p>\r\n\r\n<p style=\"text-align:justify\"><span style=\"font-size:11pt\"><span style=\"line-height:normal\"><span style=\"font-family:Calibri,sans-serif\"><a href=\"https:\/\/filtech.de\/\" style=\"color:blue; text-decoration:underline\"><b><span style=\"font-size:14.0pt\">Filtech 2026<\/span><\/b><\/a><span style=\"font-size:14.0pt\">, de 30 de junho a 2 de julho, Cologne, Alemanha<\/span><\/span><\/span><\/span><\/p>\r\n\r\n<p style=\"text-align:justify\"><span style=\"font-size:11pt\"><span style=\"line-height:normal\"><span style=\"font-family:Calibri,sans-serif\"><a href=\"https:\/\/ficons.com.br\/\" style=\"color:blue; text-decoration:underline\"><b><span style=\"font-size:14.0pt\">FICONS - Feira Internacional de Materiais, Equipamentos e Servi&ccedil;os da Constru&ccedil;&atilde;o<\/span><\/b><\/a><span style=\"font-size:14.0pt\">, 15 a 18 de setembro de 2026, Centro de Conven&ccedil;&otilde;es de Pernambuco Recife\/ Olinda<\/span><\/span><\/span><\/span><\/p>\r\n\r\n<p style=\"text-align:justify\"><span style=\"font-size:11pt\"><span style=\"line-height:normal\"><span style=\"font-family:Calibri,sans-serif\"><a href=\"https:\/\/tendencias.sobratema.com\/?utm_source=akna&amp;utm_medium=email&amp;utm_campaign=Sua-marca-em-destaque-no-20-Tendencias-do-Mercado-da-Construcao-patrocine-este-encontro-estrategico\" style=\"color:blue; text-decoration:underline\"><b><span style=\"font-size:14.0pt\">SOBRATEMA | 20&ordf; Tend&ecirc;ncias do Mercado da Constru&ccedil;&atilde;o<\/span><\/b><\/a><span style=\"font-size:14.0pt\">, 26 de novembro de 2025, 18h, APAS, S&atilde;o Paulo, SP<\/span><\/span><\/span><\/span><\/p>\r\n\r\n<p style=\"text-align:justify\"><span style=\"font-size:28pt\"><span style=\"font-family:Cambria,serif\"><span style=\"letter-spacing:-0.5pt\"><b><span lang=\"EN-US\" style=\"font-size:18.0pt\"><span style=\"font-family:&quot;Calibri&quot;,sans-serif\"><span style=\"font-variant:small-caps\">Setor<\/span><\/span><\/span><\/b><\/span><\/span><\/span><\/p>\r\n\r\n<p style=\"text-align:justify\"><span style=\"font-size:11pt\"><span style=\"line-height:normal\"><span style=\"font-family:Calibri,sans-serif\"><a href=\"https:\/\/www.indexnonwovens.com\/news\/how-the-ahp-market-is-evolving-in-2025-452?utm_campaign=index_newsletter_two_september_2025&amp;utm_medium=email&amp;utm_source=Mailjet\" style=\"color:blue; text-decoration:underline\"><span lang=\"EN-US\" style=\"font-size:14.0pt\">How the AHP Market is Evolving in 2025<\/span><\/a><\/span><\/span><\/span><\/p>\r\n\r\n<p style=\"text-align:justify\"><span style=\"font-size:11pt\"><span style=\"line-height:normal\"><span style=\"font-family:Calibri,sans-serif\"><a href=\"https:\/\/www.indexnonwovens.com\/news\/wipes-at-a-turning-point-453?utm_campaign=index_newsletter_two_september_2025&amp;utm_medium=email&amp;utm_source=Mailjet\" style=\"color:blue; text-decoration:underline\"><span style=\"font-size:14.0pt\">Wipes at a Turning Point<\/span><\/a><\/span><\/span><\/span><\/p>\r\n\r\n<p style=\"text-align:justify\"><span style=\"font-size:11pt\"><span style=\"line-height:normal\"><span style=\"font-family:Calibri,sans-serif\"><a href=\"http:\/\/clickemail.portalpersonalcare.com.br\/ls\/click?upn=u001.D2-2F0Tg0A29KXXLMT6ctG-2BYOihdDbc-2ByFrUFb3ZXMT9Qc14H1NDtKSsc9kLo8vXSMTHFcnGYHz-2Bgpq1jQHnkhtfvd5bk5YxKNxOWwl7-2FT5IQtUiHpzq2Nfggi53CxOFbEQ17BbadlYktYAl0JMQMo-2B4XQVywb-2FYvkGT96mqaSFslpGLiy10p85ZvgukcTYO68MxjOj9-2B3XTyh3UzNf1jg0ZBEQ1D9gio9g-2B-2BdOSgJ6GEY6DEuETCHXW-2FVCCm2y6Jfwg7pPH1P8uXOQJ5sZU8qpEscDOdlNy-2BGWJw5slO2NtY-3DYOOu_T7N8BvZTOm04CQQMiyWztrpCjlUrRc4F7QzSgUIpTqDyHxxxhGpyWLohz7JoE2GE5NHlS-2BYZoX1R75Fh8KCze9GvCCb-2FinuNgc39g0Cdbe-2FcU8RlSBQhp5om11AQZQ-2FDDWiKjHLvM6n-2FqN1GDvkTYw7DHJl5YdJNTolZIx4H6KrOs6zmx5dX-2F-2B6ub2JxJAJszCHePbhp-2BX5ZyQU-2FfZJYcY6fiyTcCBYlsFkNxNDdEKjbrVpN1RgRTFfE70cFvpASxAVgSXQLri1a4-2Bji2opM4IJ0vnskfZGX80gqSMEnJ9f1NPmWS8jt3mDj1TptLpSV-2FcwTtLiXl6mTklOxqNl670s9kuLJre0nuptC-2ByBdoIMVp8TO5dNXbU4WSDLWcBsQonZoX56NsJe4a75bPxg-2BUtik0ze8if1L5164wr-2F0xira-2Fphc-2BGNiGZjJBy-2F-2BoGmpXAmqJQVDFVOxUa5CP5pFQNxl5B79bE6a-2Fk-2Bq8grIDfSBKKAtYp-2F9YGqDlDwg5uDGPSfGzvuByp0OGS5FAQF-2BdHeMfEWr6ykBliN9-2B9ZPs782dFc4-2Bz-2FMCN9NCMQGWmar6-2Ftb1798Q1QR3tXxCmtDv5bZq4P7Cy9LI-2B9cppQsCOYelfGwEuhN069YCGGULsRUxfmKXo0X06wUKJM907Lwdg-3D-3D\" style=\"color:blue; text-decoration:underline\"><span style=\"font-size:14.0pt\">Fraldas nos EUA: crescimento de private labels atrai novos entrantes e pressiona marcas tradicionais<\/span><\/a><\/span><\/span><\/span><\/p>\r\n\r\n<p style=\"text-align:justify\"><span style=\"font-size:11pt\"><span style=\"line-height:normal\"><span style=\"font-family:Calibri,sans-serif\"><a href=\"https:\/\/plasticosemrevista.com.br\/quimica-petroquimica-desindustrializacao-atormenta-a-europa\/\" style=\"color:blue; text-decoration:underline\"><span style=\"font-size:14.0pt\">Qu&iacute;mica\/Petroqu&iacute;mica: desindustrializa&ccedil;&atilde;o atormenta a Europa<\/span><\/a><\/span><\/span><\/span><\/p>\r\n\r\n<p style=\"text-align:justify\"><span style=\"font-size:11pt\"><span style=\"line-height:normal\"><span style=\"font-family:Calibri,sans-serif\"><a href=\"https:\/\/www.braskem.com.br\/saopaulo-release\/braskem-destaca-seus-avancos-durante-a-feira-k-2025#:~:text=Ao%20otimizar%20unidades%20base%20nafta,transforma%C3%A7%C3%A3o%20da%20Braskem%20est%C3%A1%20progredindo.\" style=\"color:blue; text-decoration:underline\"><span style=\"font-size:14.0pt\">Braskem leva inova&ccedil;&otilde;es em Biopol&iacute;meros para a Feira K 2025<\/span><\/a><\/span><\/span><\/span><\/p>\r\n\r\n<p style=\"text-align:justify\"><span style=\"font-size:28pt\"><span style=\"font-family:Cambria,serif\"><span style=\"letter-spacing:-0.5pt\"><b><span style=\"font-size:18.0pt\"><span style=\"font-family:&quot;Calibri&quot;,sans-serif\"><span style=\"font-variant:small-caps\">Ind&uacute;stria<\/span><\/span><\/span><\/b><\/span><\/span><\/span><\/p>\r\n\r\n<p style=\"text-align:justify\"><span style=\"font-size:11pt\"><span style=\"line-height:normal\"><span style=\"font-family:Calibri,sans-serif\"><a href=\"https:\/\/noticias.portaldaindustria.com.br\/noticias\/economia\/icei-cresce-mas-industria-chega-a-10-meses-de-pessimismo-revela-cni\/\" style=\"color:blue; text-decoration:underline\"><span style=\"font-size:14.0pt\">ICEI cresce, mas ind&uacute;stria chega a 10 meses de pessimismo, revela CNI<\/span><\/a><\/span><\/span><\/span><\/p>\r\n\r\n<p style=\"text-align:justify\"><span style=\"font-size:11pt\"><span style=\"line-height:normal\"><span style=\"font-family:Calibri,sans-serif\"><a href=\"https:\/\/noticias.portaldaindustria.com.br\/noticias\/economia\/faturamento-da-industria-cai-53-em-agosto-quarto-resultado-negativo-em-seis-meses\/\" style=\"color:blue; text-decoration:underline\"><span style=\"font-size:14.0pt\">Faturamento da ind&uacute;stria cai 5,3% em agosto, quarto resultado negativo em seis meses<\/span><\/a><\/span><\/span><\/span><\/p>\r\n\r\n<p style=\"text-align:justify\"><span style=\"font-size:11pt\"><span style=\"line-height:normal\"><span style=\"font-family:Calibri,sans-serif\"><a href=\"https:\/\/www.revistafatorbrasil.com.br\/2025\/10\/11\/industria-do-plastico-avanca-em-inovacao-e-sustentabilidade-revela-perfil-2025-da-abiplast\/\" style=\"color:blue; text-decoration:underline\"><span style=\"font-size:14.0pt\">Ind&uacute;stria do Pl&aacute;stico avan&ccedil;a em inova&ccedil;&atilde;o e sustentabilidade, revela Perfil 2025 da Abiplast<\/span><\/a><\/span><\/span><\/span><\/p>\r\n\r\n<p style=\"text-align:justify\"><span style=\"font-size:11pt\"><span style=\"line-height:normal\"><span style=\"font-family:Calibri,sans-serif\"><a href=\"https:\/\/www.abrainc.org.br\/empregos\/2025\/09\/30\/construcao-abre-1945-mil-vagas-de-emprego-formal-em-2025-13-do-saldo-nacional#:~:text=setembro%20de%202025-,Constru%C3%A7%C3%A3o%20abre%20194%2C5%20mil%20vagas%20de%20emprego%20formal%20em,Trabalho%20e%20Emprego%20(MTE).\" style=\"color:blue; text-decoration:underline\"><span style=\"font-size:14.0pt\">Constru&ccedil;&atilde;o abre 194,5 mil vagas de emprego formal em 2025, 13% do saldo nacional<\/span><\/a><\/span><\/span><\/span><\/p>\r\n\r\n<p style=\"text-align:justify\"><span style=\"font-size:11pt\"><span style=\"line-height:normal\"><span style=\"font-family:Calibri,sans-serif\"><a href=\"https:\/\/www.parceriaseminvestimentos.sp.gov.br\/os-investimentos-iniciais-sao-requisitos-para-a-operacao-dos-porticos-inteligentes-de-cobranca-siga-facil-e-tem-foco-na-maior-eficiencia-no-atendimento-aos-usuarios-ampliando-a-segu\/\" style=\"color:blue; text-decoration:underline\"><span style=\"font-size:14.0pt\">Concess&atilde;o de rodovias do Litoral Paulista tem investimentos de R$ 264 milh&otilde;es em 10 meses de opera&ccedil;&atilde;o<\/span><\/a><\/span><\/span><\/span><\/p>\r\n\r\n<p style=\"text-align:justify\"><span style=\"font-size:28pt\"><span style=\"font-family:Cambria,serif\"><span style=\"letter-spacing:-0.5pt\"><b><span style=\"font-size:18.0pt\"><span style=\"font-family:&quot;Calibri&quot;,sans-serif\"><span style=\"font-variant:small-caps\">Sustentabilidade<\/span><\/span><\/span><\/b><\/span><\/span><\/span><\/p>\r\n\r\n<p style=\"text-align:justify\"><span style=\"font-size:11pt\"><span style=\"line-height:normal\"><span style=\"font-family:Calibri,sans-serif\"><a href=\"https:\/\/abiquim.org.br\/comunicacao\/noticia\/11982\" style=\"color:blue; text-decoration:underline\"><span style=\"font-size:14.0pt\">Abiquim promove F&oacute;rum sobre o futuro dos pl&aacute;sticos no Brasil<\/span><\/a><\/span><\/span><\/span><\/p>\r\n\r\n<p style=\"text-align:justify\"><span style=\"font-size:11pt\"><span style=\"line-height:normal\"><span style=\"font-family:Calibri,sans-serif\"><a href=\"https:\/\/www.uol.com.br\/ecoa\/ultimas-noticias\/2025\/10\/12\/pioneira-na-america-latina-usina-em-barueri-transformara-lixo-em-energia.htm\" style=\"color:blue; text-decoration:underline\"><span style=\"font-size:14.0pt\">Pioneira na Am&eacute;rica Latina, usina em Barueri transformar&aacute; lixo em energia<\/span><\/a><\/span><\/span><\/span><\/p>\r\n\r\n<p style=\"text-align:justify\"><span style=\"font-size:11pt\"><span style=\"line-height:normal\"><span style=\"font-family:Calibri,sans-serif\"><a href=\"https:\/\/ciclovivo.com.br\/mao-na-massa\/permacultura\/lei-de-incentivo-a-reciclagem-inclui-projetos-de-compostagem\/\" style=\"color:blue; text-decoration:underline\"><span style=\"font-size:14.0pt\">Lei de Incentivo &agrave; Reciclagem inclui projetos de compostagem<\/span><\/a><\/span><\/span><\/span><\/p>\r\n\r\n<p style=\"text-align:justify\"><span style=\"font-size:11pt\"><span style=\"line-height:normal\"><span style=\"font-family:Calibri,sans-serif\"><a href=\"https:\/\/exame.com\/esg\/para-inaugura-primeira-fabrica-de-reciclagem-de-pet-em-larga-escala-durante-a-cop30\/\" style=\"color:blue; text-decoration:underline\"><span style=\"font-size:14.0pt\">Par&aacute; deve inaugurar primeira f&aacute;brica de reciclagem de PET em larga escala durante a COP30<\/span><\/a><\/span><\/span><\/span><\/p>\r\n\r\n<p style=\"text-align:justify\"><span style=\"font-size:11pt\"><span style=\"line-height:normal\"><span style=\"font-family:Calibri,sans-serif\"><a href=\"https:\/\/conectaverde.com.br\/estudo-do-movimento-plastico-transforma-mostra-recuperacao-da-reciclagem-de-plasticos-no-brasil-em-2024\/\" style=\"color:blue; text-decoration:underline\"><span style=\"font-size:14.0pt\">Estudo do Movimento Pl&aacute;stico Transforma mostra recupera&ccedil;&atilde;o da reciclagem de pl&aacute;sticos no Brasil em 2024<\/span><\/a><\/span><\/span><\/span><\/p>\r\n\r\n<p style=\"text-align:justify\"><span style=\"font-size:28pt\"><span style=\"font-family:Cambria,serif\"><span style=\"letter-spacing:-0.5pt\"><b><span style=\"font-size:18.0pt\"><span style=\"font-family:&quot;Calibri&quot;,sans-serif\"><span style=\"font-variant:small-caps\">Inova&ccedil;&atilde;o<\/span><\/span><\/span><\/b><\/span><\/span><\/span><\/p>\r\n\r\n<p style=\"text-align:justify\">&nbsp;<\/p>\r\n\r\n<p style=\"text-align:justify\"><span style=\"font-size:11pt\"><span style=\"line-height:normal\"><span style=\"font-family:Calibri,sans-serif\"><span style=\"font-size:14.0pt\"><a href=\"https:\/\/www.juicysantos.com.br\/novo-na-regiao\/garrafas-plasticas-viram-pisos-drenantes-em-santos\/\" style=\"color:blue; text-decoration:underline\">Garrafas pl&aacute;sticas viram pisos drenantes em Santos<\/a><\/span><\/span><\/span><\/span><\/p>\r\n\r\n<p style=\"text-align:justify\"><span style=\"font-size:11pt\"><span style=\"line-height:normal\"><span style=\"font-family:Calibri,sans-serif\"><span style=\"font-size:14.0pt\"><a href=\"https:\/\/plasticosemrevista.com.br\/transformacao-travessia-para-inteligencia-artificial-depende-dos-gestores\/\" style=\"color:blue; text-decoration:underline\">Transforma&ccedil;&atilde;o: travessia para Intelig&ecirc;ncia Artificial depende dos gestores<\/a><\/span><\/span><\/span><\/span><\/p>\r\n\r\n<p style=\"text-align:justify\">&nbsp;<\/p>\r\n\r\n<p style=\"text-align:justify\">&nbsp;<\/p>\r\n\r\n<p style=\"text-align:justify\"><span style=\"font-size:11pt\"><span style=\"line-height:normal\"><span style=\"font-family:Calibri,sans-serif\"><a href=\"https:\/\/share.google\/5D39ASFzU7dVXdTRK\" style=\"color:blue; text-decoration:underline\"><span style=\"font-size:14.0pt\">Pl&aacute;stico feito de bambu atinge resist&ecirc;ncia industrial, &eacute; recicl&aacute;vel e biodegrad&aacute;vel<\/span><\/a><\/span><\/span><\/span><\/p>\r\n\r\n<p style=\"text-align:justify\"><span style=\"font-size:11pt\"><span style=\"line-height:normal\"><span style=\"font-family:Calibri,sans-serif\"><a href=\"https:\/\/noticiasambientales.com\/sustentabilidade\/casas-feitas-com-garrafas-plasticas-a-inovacao-de-cordoba-que-redefine-a-habitacao-sustentavel-na-argentina\/\" style=\"color:blue; text-decoration:underline\"><span style=\"font-size:14.0pt\">Casas feitas com garrafas pl&aacute;sticas: a inova&ccedil;&atilde;o de C&oacute;rdoba que redefine a habita&ccedil;&atilde;o sustent&aacute;vel na Argentina<\/span><\/a><\/span><\/span><\/span><\/p>\r\n\r\n<p style=\"text-align:justify\"><span style=\"font-size:11pt\"><span style=\"line-height:normal\"><span style=\"font-family:Calibri,sans-serif\"><a href=\"https:\/\/saocarlosemrede.com.br\/dormente-ferroviario\/\" style=\"color:blue; text-decoration:underline\"><span style=\"font-size:14.0pt\">Feito na USP S&atilde;o Carlos: Dormente ferrovi&aacute;rio de pl&aacute;stico reciclado &eacute; alternativa sustent&aacute;vel para os modelos no mercado<\/span><\/a><\/span><\/span><\/span><\/p>\r\n\r\n<p style=\"text-align:justify\"><span style=\"font-size:28pt\"><span style=\"font-family:Cambria,serif\"><span style=\"letter-spacing:-0.5pt\"><b><span style=\"font-size:18.0pt\"><span style=\"font-family:&quot;Calibri&quot;,sans-serif\"><span style=\"font-variant:small-caps\">Com&eacute;rcio Exterior<\/span><\/span><\/span><\/b><\/span><\/span><\/span><\/p>\r\n\r\n<p style=\"text-align:justify\"><span style=\"font-size:11pt\"><span style=\"line-height:normal\"><span style=\"font-family:Calibri,sans-serif\"><a href=\"https:\/\/noticias.portaldaindustria.com.br\/noticias\/internacional\/conselho-empresarial-entre-brasil-e-india-deve-ampliar-comercio-investimentos-e-inovacao-bilaterais\/\" style=\"color:blue; text-decoration:underline\"><span style=\"font-size:14.0pt\">Conselho empresarial entre Brasil e &Iacute;ndia deve ampliar com&eacute;rcio, investimentos e inova&ccedil;&atilde;o bilaterais<\/span><\/a><\/span><\/span><\/span><\/p>\r\n\r\n<p style=\"text-align:justify\"><span style=\"font-size:11pt\"><span style=\"line-height:normal\"><span style=\"font-family:Calibri,sans-serif\"><a href=\"https:\/\/blogdoibre.fgv.br\/posts\/empresarios-da-industria-de-transformacao-apontam-impacto-negativo-do-tarifaco\" style=\"color:blue; text-decoration:underline\"><span style=\"font-size:14.0pt\">Empres&aacute;rios da ind&uacute;stria de transforma&ccedil;&atilde;o apontam impacto negativo do tarifa&ccedil;o<\/span><\/a><\/span><\/span><\/span><\/p>\r\n\r\n<p style=\"text-align:justify\"><span style=\"font-size:11pt\"><span style=\"line-height:normal\"><span style=\"font-family:Calibri,sans-serif\"><a href=\"https:\/\/comexdobrasil.com\/mercosul-e-canada-retomam-negociacoes-visando-um-acordo-comercial-moderno-equilibrado-e-mutuamente-benefico\/\" style=\"color:blue; text-decoration:underline\"><span style=\"font-size:14.0pt\">Mercosul e Canad&aacute; retomam negocia&ccedil;&otilde;es visando um acordo comercial moderno, equilibrado e mutuamente ben&eacute;fico<\/span><\/a><\/span><\/span><\/span><\/p>\r\n\r\n<p style=\"text-align:justify\"><span style=\"font-size:28pt\"><span style=\"font-family:Cambria,serif\"><span style=\"letter-spacing:-0.5pt\"><b><span style=\"font-size:18.0pt\"><span style=\"font-family:&quot;Calibri&quot;,sans-serif\"><span style=\"font-variant:small-caps\">Economia<\/span><\/span><\/span><\/b><\/span><\/span><\/span><\/p>\r\n\r\n<p style=\"text-align:justify\"><span style=\"font-size:11pt\"><span style=\"line-height:normal\"><span style=\"font-family:Calibri,sans-serif\"><a href=\"https:\/\/www.bcb.gov.br\/content\/focus\/focus\/R20251010.pdf\" style=\"color:blue; text-decoration:underline\"><span style=\"font-size:14.0pt\">Focus - Relat&oacute;rio de Mercado<\/span><\/a><\/span><\/span><\/span><\/p>\r\n\r\n<p style=\"text-align:justify\"><span style=\"font-size:11pt\"><span style=\"line-height:normal\"><span style=\"font-family:Calibri,sans-serif\"><a href=\"https:\/\/share.google\/oeni2wx0EFCag6p1x\" style=\"color:blue; text-decoration:underline\"><span style=\"font-size:14.0pt\">Divulgado novo informe t&eacute;cnico da Reforma Tribut&aacute;ria<\/span><\/a><\/span><\/span><\/span><\/p>\r\n\r\n<p style=\"text-align:justify\"><span style=\"font-size:11pt\"><span style=\"line-height:normal\"><span style=\"font-family:Calibri,sans-serif\"><a href=\"https:\/\/share.google\/KMfTjtCsQ7VhdcYkR\" style=\"color:blue; text-decoration:underline\"><span style=\"font-size:14.0pt\">Reforma Tribut&aacute;ria: empresas devem se preparar para novo ciclo fiscal em 2026<\/span><\/a><\/span><\/span><\/span><\/p>\r\n\r\n<p style=\"text-align:justify\"><span style=\"font-size:11pt\"><span style=\"line-height:normal\"><span style=\"font-family:Calibri,sans-serif\"><a href=\"https:\/\/www.fibre2fashion.com\/news\/textile-news\/wto-downgrades-global-trade-growth-forecast-to-0-5-for-2026-from-1-8-305737-newsdetails.htm\" style=\"color:blue; text-decoration:underline\"><span lang=\"EN-US\" style=\"font-size:14.0pt\">WTO downgrades global trade growth forecast to 0.5% for 2026 from 1.8%<\/span><\/a><\/span><\/span><\/span><\/p>\r\n\r\n<p style=\"text-align:justify\"><img src=\"https:\/\/www.abint.org.br\/assets\/img\/editor\/redes-sociais-abint-ctg-cth_20251014202218Zyze8pqEet.jpg\" \/><\/p>\r\n\r\n<p style=\"text-align:justify\">&nbsp;<\/p>\r\n","texto_en":"","7":"","imagem":"COMP_capa-2025-site-boletim-abint-noticias-semanis_20251015194404O1Q0mctOB1.jpg","8":"COMP_capa-2025-site-boletim-abint-noticias-semanis_20251015194404O1Q0mctOB1.jpg","arquivo":"20251014-BOLETIM-ABINT-DE-NOTICIAS-SEMANAIS.PDF","9":"20251014-BOLETIM-ABINT-DE-NOTICIAS-SEMANAIS.PDF","titulo_arquivo":"20251014 Boletim ABINT de Not\u00edcias Semanais","10":"20251014 Boletim ABINT de Not\u00edcias Semanais","titulo_arquivo_en":"","11":"","created_at":"2025-10-15 19:44:14","12":"2025-10-15 19:44:14","updated_at":"2025-10-15 19:44:14","13":"2025-10-15 19:44:14"},{"id":200,"0":200,"ordem":24,"1":24,"data":"2025-10-09","2":"2025-10-09","slug":"entrega-da-maior-premiacao-de-trabalhos-academicos-de-graduacao-voltados-aos-geossinteticos-sera-em-sao-paulo","3":"entrega-da-maior-premiacao-de-trabalhos-academicos-de-graduacao-voltados-aos-geossinteticos-sera-em-sao-paulo","titulo":"Entrega da maior premia\u00e7\u00e3o de trabalhos acad\u00eamicos de gradua\u00e7\u00e3o voltados aos geossint\u00e9ticos ser\u00e1 em S\u00e3o Paulo","4":"Entrega da maior premia\u00e7\u00e3o de trabalhos acad\u00eamicos de gradua\u00e7\u00e3o voltados aos geossint\u00e9ticos ser\u00e1 em S\u00e3o Paulo","titulo_en":"","5":"","texto":"<p align=\"center\" style=\"text-align:center; margin-bottom:11px\"><span style=\"font-size:11pt\"><span style=\"line-height:107%\"><span style=\"font-family:Rubik,serif\"><i><span style=\"font-family:&quot;Arial&quot;,sans-serif\">No dia 6 de novembro, ser&atilde;o contemplados os vencedores da edi&ccedil;&atilde;o 2025 do pr&ecirc;mio &ldquo;TCC\/IC Prof. Benedito de Souza Bueno&rdquo;, pr&ecirc;mio criado a partir da parceria entre o CTG ABINT e a IGS Brasil e que reconhece os melhores Trabalhos de Conclus&atilde;o de Curso e de Inicia&ccedil;&atilde;o Cient&iacute;fica, publicados anualmente e desenvolvidos em Universidades Brasileiras<\/span><\/i><\/span><\/span><\/span><\/p>\r\n\r\n<p style=\"text-align:justify; margin-bottom:11px\">&nbsp;<\/p>\r\n\r\n<p style=\"text-align:justify; margin-bottom:11px\"><span style=\"font-size:11pt\"><span style=\"line-height:107%\"><span style=\"font-family:Rubik,serif\"><span style=\"font-family:&quot;Arial&quot;,sans-serif\">No dia 6 de novembro de 2025, ser&aacute; realizada a entrega do <\/span><span style=\"font-family:&quot;Arial&quot;,sans-serif\">Pr&ecirc;mio TCC\/ IC &ndash; Tecnologia em Geossint&eacute;ticos Prof. Benedito de Souza Bueno&rdquo;, edi&ccedil;&atilde;o 2024-2025. A entrega ser&aacute; realizada durante o <\/span><span style=\"font-family:&quot;Arial&quot;,sans-serif\">Encontro Anual &ldquo;Geossint&eacute;ticos em Pauta&rdquo;, realizado pela <\/span><span style=\"font-family:&quot;Arial&quot;,sans-serif\">Associa&ccedil;&atilde;o Brasileira de Geossint&eacute;ticos &ndash; IGS Brasil <\/span><span style=\"font-family:&quot;Arial&quot;,sans-serif\">em S&atilde;o Paulo. O evento reunir&aacute; associados, profissionais, representantes da academia e empresas do setor para uma tarde de palestras, apresenta&ccedil;&otilde;es t&eacute;cnicas, premia&ccedil;&otilde;es e celebra&ccedil;&otilde;es.<\/span><\/span><\/span><\/span><\/p>\r\n\r\n<p style=\"margin-top:16px; text-align:justify; margin-bottom:11px\"><span style=\"font-size:11pt\"><span style=\"background:white\"><span style=\"line-height:107%\"><span style=\"font-family:Rubik,serif\"><span style=\"font-family:&quot;Arial&quot;,sans-serif\"><span style=\"color:black\">Criado a partir da parceria entre o Comit&ecirc; de Geossint&eacute;ticos da Associa&ccedil;&atilde;o Brasileira das Ind&uacute;strias de N&atilde;otecidos e Tecidos T&eacute;cnicos (CTG ABINT) e a IGS Brasil, o Pr&ecirc;mio, que est&aacute; em sua quarta edi&ccedil;&atilde;o, reconhece os melhores Trabalhos de Conclus&atilde;o de Curso e de Inicia&ccedil;&atilde;o Cient&iacute;fica, publicados anualmente e desenvolvidos em Universidades no Brasil. <\/span><\/span><\/span><\/span><\/span><\/span><\/p>\r\n\r\n<p style=\"text-align:justify; margin-bottom:11px\"><span style=\"font-size:11pt\"><span style=\"line-height:107%\"><span style=\"font-family:Rubik,serif\"><span style=\"font-family:&quot;Arial&quot;,sans-serif\">O tema dos trabalhos apresentados sempre &eacute; relacionado aos geossint&eacute;ticos, que s&atilde;o produtos polim&eacute;ricos (sint&eacute;ticos ou naturais) industrializados, desenvolvidos para aplica&ccedil;&atilde;o em obras geot&eacute;cnicas, desempenhando uma ou mais fun&ccedil;&otilde;es, tais como de refor&ccedil;o, filtra&ccedil;&atilde;o, drenagem, separa&ccedil;&atilde;o, impermeabiliza&ccedil;&atilde;o e controle de eros&atilde;o.<\/span><\/span><\/span><\/span><\/p>\r\n\r\n<p style=\"margin-top:16px; text-align:justify; margin-bottom:11px\"><span style=\"font-size:11pt\"><span style=\"background:white\"><span style=\"line-height:107%\"><span style=\"font-family:Rubik,serif\"><span style=\"font-family:&quot;Arial&quot;,sans-serif\"><span style=\"color:black\">Para <\/span><\/span><span style=\"font-family:&quot;Arial&quot;,sans-serif\"><span style=\"color:black\">Samira Paranhos, engenheira da Ober Geossint&eacute;ticos e coordenadora do CTG ABINT,<\/span><\/span><span style=\"font-family:&quot;Arial&quot;,sans-serif\"><span style=\"color:black\"> a<\/span><\/span><span style=\"font-family:&quot;Arial&quot;,sans-serif\"><span style=\"color:black\">poiar os jovens pesquisadores, futuros profissionais do mercado de geossint&eacute;ticos e, ainda, enaltecer o trabalho de mestres e professores tem sido o intuito dessa a&ccedil;&atilde;o. &ldquo;O Pr&ecirc;mio <\/span><\/span><span style=\"font-family:&quot;Arial&quot;,sans-serif\"><span style=\"color:black\">TCC\/IC Prof. Benedito de Souza Bueno&rdquo;<\/span><\/span> <span style=\"font-family:&quot;Arial&quot;,sans-serif\"><span style=\"color:black\">enfatiza os benef&iacute;cios dos geossint&eacute;ticos nas obras de infraestrutura e refor&ccedil;a a import&acirc;ncia da qualidade e das boas pr&aacute;ticas de fabrica&ccedil;&atilde;o e aplica&ccedil;&atilde;o desses produtos, apresentando &agrave; comunidade de Engenharia solu&ccedil;&otilde;es inovadoras e desenvolvimento tecnol&oacute;gico&rdquo;, completa Samira. <\/span><\/span><\/span><\/span><\/span><\/span><\/p>\r\n\r\n<p style=\"margin-top:16px; text-align:justify; margin-bottom:11px\"><span style=\"font-size:11pt\"><span style=\"background:white\"><span style=\"line-height:107%\"><span style=\"font-family:Rubik,serif\"><span style=\"font-family:&quot;Arial&quot;,sans-serif\"><span style=\"color:black\">Para a Prof. Dra. Nat&aacute;lia de Souza Correia, da IGS Brasil, a iniciativa impulsiona a cria&ccedil;&atilde;o de novas solu&ccedil;&otilde;es com geossint&eacute;ticos na engenharia, coloca nossas pesquisas em destaque nacional e, acima de tudo, fortalece o desenvolvimento da ci&ecirc;ncia no Brasil. &ldquo;Esse pr&ecirc;mio &eacute; um est&iacute;mulo para que estudantes e pesquisadores sigam inovando e transformando o futuro da engenharia com geossint&eacute;ticos&quot;, comenta. <\/span><\/span><\/span><\/span><\/span><\/span><\/p>\r\n\r\n<p style=\"margin-bottom:11px\">&nbsp;<\/p>\r\n\r\n<p style=\"margin-left:48px; text-align:justify\"><span style=\"font-size:11pt\"><span style=\"line-height:107%\"><span style=\"font-family:Rubik,serif\"><b><span style=\"font-family:&quot;Arial&quot;,sans-serif\">SERVI&Ccedil;O:<\/span><\/b><span style=\"font-family:&quot;Arial&quot;,sans-serif\"> Entrega do <\/span><span style=\"font-family:&quot;Arial&quot;,sans-serif\">Pr&ecirc;mio TCC\/ IC &ndash; Tecnologia em Geossint&eacute;ticos Prof. Benedito de Souza Bueno&rdquo;, edi&ccedil;&atilde;o 2024-2025.<\/span><\/span><\/span><\/span><\/p>\r\n\r\n<p style=\"margin-left:48px; text-align:justify\"><span style=\"font-size:11pt\"><span style=\"line-height:107%\"><span style=\"font-family:Rubik,serif\"><b><span style=\"font-family:&quot;Arial&quot;,sans-serif\">Data:<\/span><\/b><span style=\"font-family:&quot;Arial&quot;,sans-serif\"> 06 de novembro de 2025<\/span><\/span><\/span><\/span><\/p>\r\n\r\n<p style=\"margin-left:48px; text-align:justify\"><span style=\"font-size:11pt\"><span style=\"line-height:107%\"><span style=\"font-family:Rubik,serif\"><b><span style=\"font-family:&quot;Arial&quot;,sans-serif\">Hor&aacute;rio:<\/span><\/b><span style=\"font-family:&quot;Arial&quot;,sans-serif\"> 13h00 &agrave;s 18h00<\/span><\/span><\/span><\/span><\/p>\r\n\r\n<p style=\"margin-left:48px; text-align:justify\"><span style=\"font-size:11pt\"><span style=\"line-height:107%\"><span style=\"font-family:Rubik,serif\"><b><span style=\"font-family:&quot;Arial&quot;,sans-serif\">Local: <\/span><\/b><span style=\"font-family:&quot;Arial&quot;,sans-serif\">no <\/span><span style=\"font-family:&quot;Arial&quot;,sans-serif\">Encontro Anual &ldquo;Geossint&eacute;ticos em Pauta&rdquo;, &agrave; sede da ABINT (Rua Marqu&ecirc;s de Itu, 968 &ndash; Higien&oacute;polis)<\/span><\/span><\/span><\/span><\/p>\r\n\r\n<p style=\"margin-left:48px\"><span style=\"font-size:11pt\"><span style=\"line-height:107%\"><span style=\"font-family:Rubik,serif\"><span style=\"font-family:&quot;Arial&quot;,sans-serif\">A participa&ccedil;&atilde;o &eacute; gratuita e aberta ao p&uacute;blico, mediante inscri&ccedil;&atilde;o pr&eacute;via. As vagas s&atilde;o limitadas.<\/span><\/span><\/span><\/span><\/p>\r\n\r\n<p style=\"margin-left:48px\"><span style=\"font-size:11pt\"><span style=\"line-height:107%\"><span style=\"font-family:Rubik,serif\"><span style=\"font-family:&quot;Arial&quot;,sans-serif\">Link para se inscrever: <\/span><a href=\"https:\/\/www.even3.com.br\/encontro-anual-igs-brasil-geossinteticos-em-pauta-636131\/\" style=\"color:#6b9f25; text-decoration:underline\"><span lang=\"PT-BR\" style=\"font-family:&quot;Arial&quot;,sans-serif\">https:\/\/www.even3.com.br\/encontro-anual-igs-brasil-geossinteticos-em-pauta-636131\/<\/span><\/a><\/span><\/span><\/span><\/p>\r\n\r\n<p style=\"margin-left:48px\"><span style=\"font-size:11pt\"><span style=\"line-height:107%\"><span style=\"font-family:Rubik,serif\"><span style=\"font-family:&quot;Arial&quot;,sans-serif\">Mais informa&ccedil;&otilde;es: igsbrasil@igsbrasil.org.br | (11) 91361-2000 (WhatsApp)<\/span><\/span><\/span><\/span><\/p>\r\n\r\n<p style=\"margin-bottom:11px\">&nbsp;<\/p>\r\n\r\n<p style=\"margin-top:16px; margin-bottom:13px; text-align:justify\"><span style=\"font-size:12pt\"><span style=\"background:white\"><span style=\"line-height:115%\"><span style=\"font-family:&quot;Times New Roman&quot;,serif\"><em><b><span style=\"font-size:10.0pt\"><span style=\"line-height:115%\"><span style=\"font-family:&quot;Arial&quot;,sans-serif\"><span style=\"color:black\">Sobre o CTG-ABINT:<\/span><\/span><\/span><\/span><\/b><\/em><em><span style=\"font-size:10.0pt\"><span style=\"line-height:115%\"><span style=\"font-family:&quot;Arial&quot;,sans-serif\"><span style=\"color:black\">&nbsp; composto por empresas fabricantes e distribuidoras de Geossint&eacute;ticos no Brasil e associadas &agrave; ABINT, o CTG-ABINT tem como objetivo divulgar as aplica&ccedil;&otilde;es dos Geossint&eacute;ticos em obras dos segmentos Ambiental, Agroneg&oacute;cio, Constru&ccedil;&atilde;o Civil, Infraestrutura, Minera&ccedil;&atilde;o, Transporte, entre outros, bem como difundir os conceitos de qualidade a serem observados por fabricantes e usu&aacute;rios, contribuindo para o desenvolvimento mercadol&oacute;gico de forma &eacute;tica e respons&aacute;vel. Para saber mais acesse www.geossinteticos.org.br<\/span><\/span><\/span><\/span><\/em><\/span><\/span><\/span><\/span><\/p>\r\n\r\n<p style=\"margin-top:16px; margin-bottom:13px; text-align:justify\"><span style=\"font-size:12pt\"><span style=\"background:white\"><span style=\"line-height:115%\"><span style=\"font-family:&quot;Times New Roman&quot;,serif\"><em><b><span style=\"font-size:10.0pt\"><span style=\"line-height:115%\"><span style=\"font-family:&quot;Arial&quot;,sans-serif\"><span style=\"color:black\">Sobre a ABINT:<\/span><\/span><\/span><\/span><\/b><\/em><em><span style=\"font-size:10.0pt\"><span style=\"line-height:115%\"><span style=\"font-family:&quot;Arial&quot;,sans-serif\"><span style=\"color:black\">&nbsp;Fundada em 1991, a <a name=\"_Hlk189124267\">Associa&ccedil;&atilde;o Brasileira das Ind&uacute;strias de N&atilde;otecidos e Tecidos T&eacute;cnicos<\/a> tem como objetivo representar, difundir e defender os interesses da ind&uacute;stria brasileira de N&atilde;otecidos e Tecidos T&eacute;cnicos, promovendo e apoiando o seu desenvolvimento e o crescimento do mercado de aplica&ccedil;&otilde;es desses produtos, que s&atilde;o fundamentais a diversos e importantes setores da economia do pa&iacute;s. Para saber mais acesse&nbsp;<\/span><\/span><\/span><\/span><\/em><span style=\"color:black\"><a href=\"http:\/\/www.abint.org.br\/\" style=\"color:#6b9f25; text-decoration:underline\"><em><span style=\"font-size:10.0pt\"><span style=\"line-height:115%\"><span style=\"font-family:&quot;Arial&quot;,sans-serif\"><span style=\"color:black\"><span style=\"text-decoration:none\"><span style=\"text-underline:none\">www.abint.org.br<\/span><\/span><\/span><\/span><\/span><\/span><\/em><\/a><\/span><\/span><\/span><\/span><\/span><\/p>\r\n\r\n<p style=\"margin-top:16px; margin-bottom:13px; text-align:justify\"><span style=\"font-size:12pt\"><span style=\"background:white\"><span style=\"line-height:115%\"><span style=\"font-family:&quot;Times New Roman&quot;,serif\"><em><b><span style=\"font-size:10.0pt\"><span style=\"line-height:115%\"><span style=\"font-family:&quot;Arial&quot;,sans-serif\"><span style=\"color:black\">Sobre a IGS Brasil: <\/span><\/span><\/span><\/span><\/b><\/em><em><span style=\"font-size:10.0pt\"><span style=\"line-height:115%\"><span style=\"font-family:&quot;Arial&quot;,sans-serif\"><span style=\"color:black\">Criada em 1997, como um dos Chapters da International Geosynthetic Society, a IGS Brasil re&uacute;ne mais de 200 membros individuais e corporativos que est&atilde;o envolvidos em projetos, fabrica&ccedil;&atilde;o, vendas, uso ou ensaio de geot&ecirc;xteis, geomembranas, produtos correlatos e tecnologias associadas, ou que ensinam ou desenvolvem pesquisas sobre tais produtos. Para saber mais acesse&nbsp;<\/span><\/span><\/span><\/span><\/em><span style=\"color:black\"><a href=\"http:\/\/www.igsbrasil.org.br\" style=\"color:#6b9f25; text-decoration:underline\"><em><span style=\"font-size:10.0pt\"><span style=\"line-height:115%\"><span style=\"font-family:&quot;Arial&quot;,sans-serif\"><span style=\"color:black\"><span style=\"text-decoration:none\"><span style=\"text-underline:none\">www.igsbrasil.org.br<\/span><\/span><\/span><\/span><\/span><\/span><\/em><\/a><\/span><\/span><\/span><\/span><\/span><\/p>\r\n\r\n<p style=\"margin-top:16px; margin-bottom:13px; text-align:justify\"><span style=\"font-size:12pt\"><span style=\"background:white\"><span style=\"line-height:115%\"><span style=\"font-family:&quot;Times New Roman&quot;,serif\"><em><b><span style=\"font-size:8.0pt\"><span style=\"line-height:115%\"><span style=\"font-family:&quot;Arial&quot;,sans-serif\"><span style=\"color:#002060\">Informa&ccedil;&otilde;es &agrave; Imprensa<\/span><\/span><\/span><\/span><\/b><\/em><\/span><\/span><\/span><\/span><\/p>\r\n\r\n<p style=\"text-align:justify\"><span style=\"font-size:12pt\"><span style=\"background:white\"><span style=\"line-height:115%\"><span style=\"font-family:&quot;Times New Roman&quot;,serif\"><em><b><span style=\"font-size:8.0pt\"><span style=\"line-height:115%\"><span style=\"font-family:&quot;Arial&quot;,sans-serif\"><span style=\"color:#002060\">Assessoria de Comunica&ccedil;&atilde;o ABINT<\/span><\/span><\/span><\/span><\/b><\/em><\/span><\/span><\/span><\/span><\/p>\r\n\r\n<p style=\"text-align:justify\"><span style=\"font-size:12pt\"><span style=\"background:white\"><span style=\"line-height:115%\"><span style=\"font-family:&quot;Times New Roman&quot;,serif\"><em><b><span style=\"font-size:8.0pt\"><span style=\"line-height:115%\"><span style=\"font-family:&quot;Arial&quot;,sans-serif\"><span style=\"color:#002060\">Roberta Provatti <\/span><\/span><\/span><\/span><\/b><\/em><\/span><\/span><\/span><\/span><\/p>\r\n\r\n<p style=\"text-align:justify\"><span style=\"font-size:12pt\"><span style=\"background:white\"><span style=\"line-height:115%\"><span style=\"font-family:&quot;Times New Roman&quot;,serif\"><em><b><span style=\"font-size:8.0pt\"><span style=\"line-height:115%\"><span style=\"font-family:&quot;Arial&quot;,sans-serif\"><span style=\"color:#002060\">(11) 99652-4661<\/span><\/span><\/span><\/span><\/b><\/em><\/span><\/span><\/span><\/span><\/p>\r\n\r\n<p style=\"text-align:justify\"><span style=\"font-size:12pt\"><span style=\"background:white\"><span style=\"line-height:115%\"><span style=\"font-family:&quot;Times New Roman&quot;,serif\"><em><b><span style=\"font-size:8.0pt\"><span style=\"line-height:115%\"><span style=\"font-family:&quot;Arial&quot;,sans-serif\"><span style=\"color:#002060\">provattijornalista@gmail.com<\/span><\/span><\/span><\/span><\/b><\/em><\/span><\/span><\/span><\/span><\/p>\r\n","6":"<p align=\"center\" style=\"text-align:center; margin-bottom:11px\"><span style=\"font-size:11pt\"><span style=\"line-height:107%\"><span style=\"font-family:Rubik,serif\"><i><span style=\"font-family:&quot;Arial&quot;,sans-serif\">No dia 6 de novembro, ser&atilde;o contemplados os vencedores da edi&ccedil;&atilde;o 2025 do pr&ecirc;mio &ldquo;TCC\/IC Prof. Benedito de Souza Bueno&rdquo;, pr&ecirc;mio criado a partir da parceria entre o CTG ABINT e a IGS Brasil e que reconhece os melhores Trabalhos de Conclus&atilde;o de Curso e de Inicia&ccedil;&atilde;o Cient&iacute;fica, publicados anualmente e desenvolvidos em Universidades Brasileiras<\/span><\/i><\/span><\/span><\/span><\/p>\r\n\r\n<p style=\"text-align:justify; margin-bottom:11px\">&nbsp;<\/p>\r\n\r\n<p style=\"text-align:justify; margin-bottom:11px\"><span style=\"font-size:11pt\"><span style=\"line-height:107%\"><span style=\"font-family:Rubik,serif\"><span style=\"font-family:&quot;Arial&quot;,sans-serif\">No dia 6 de novembro de 2025, ser&aacute; realizada a entrega do <\/span><span style=\"font-family:&quot;Arial&quot;,sans-serif\">Pr&ecirc;mio TCC\/ IC &ndash; Tecnologia em Geossint&eacute;ticos Prof. Benedito de Souza Bueno&rdquo;, edi&ccedil;&atilde;o 2024-2025. A entrega ser&aacute; realizada durante o <\/span><span style=\"font-family:&quot;Arial&quot;,sans-serif\">Encontro Anual &ldquo;Geossint&eacute;ticos em Pauta&rdquo;, realizado pela <\/span><span style=\"font-family:&quot;Arial&quot;,sans-serif\">Associa&ccedil;&atilde;o Brasileira de Geossint&eacute;ticos &ndash; IGS Brasil <\/span><span style=\"font-family:&quot;Arial&quot;,sans-serif\">em S&atilde;o Paulo. O evento reunir&aacute; associados, profissionais, representantes da academia e empresas do setor para uma tarde de palestras, apresenta&ccedil;&otilde;es t&eacute;cnicas, premia&ccedil;&otilde;es e celebra&ccedil;&otilde;es.<\/span><\/span><\/span><\/span><\/p>\r\n\r\n<p style=\"margin-top:16px; text-align:justify; margin-bottom:11px\"><span style=\"font-size:11pt\"><span style=\"background:white\"><span style=\"line-height:107%\"><span style=\"font-family:Rubik,serif\"><span style=\"font-family:&quot;Arial&quot;,sans-serif\"><span style=\"color:black\">Criado a partir da parceria entre o Comit&ecirc; de Geossint&eacute;ticos da Associa&ccedil;&atilde;o Brasileira das Ind&uacute;strias de N&atilde;otecidos e Tecidos T&eacute;cnicos (CTG ABINT) e a IGS Brasil, o Pr&ecirc;mio, que est&aacute; em sua quarta edi&ccedil;&atilde;o, reconhece os melhores Trabalhos de Conclus&atilde;o de Curso e de Inicia&ccedil;&atilde;o Cient&iacute;fica, publicados anualmente e desenvolvidos em Universidades no Brasil. <\/span><\/span><\/span><\/span><\/span><\/span><\/p>\r\n\r\n<p style=\"text-align:justify; margin-bottom:11px\"><span style=\"font-size:11pt\"><span style=\"line-height:107%\"><span style=\"font-family:Rubik,serif\"><span style=\"font-family:&quot;Arial&quot;,sans-serif\">O tema dos trabalhos apresentados sempre &eacute; relacionado aos geossint&eacute;ticos, que s&atilde;o produtos polim&eacute;ricos (sint&eacute;ticos ou naturais) industrializados, desenvolvidos para aplica&ccedil;&atilde;o em obras geot&eacute;cnicas, desempenhando uma ou mais fun&ccedil;&otilde;es, tais como de refor&ccedil;o, filtra&ccedil;&atilde;o, drenagem, separa&ccedil;&atilde;o, impermeabiliza&ccedil;&atilde;o e controle de eros&atilde;o.<\/span><\/span><\/span><\/span><\/p>\r\n\r\n<p style=\"margin-top:16px; text-align:justify; margin-bottom:11px\"><span style=\"font-size:11pt\"><span style=\"background:white\"><span style=\"line-height:107%\"><span style=\"font-family:Rubik,serif\"><span style=\"font-family:&quot;Arial&quot;,sans-serif\"><span style=\"color:black\">Para <\/span><\/span><span style=\"font-family:&quot;Arial&quot;,sans-serif\"><span style=\"color:black\">Samira Paranhos, engenheira da Ober Geossint&eacute;ticos e coordenadora do CTG ABINT,<\/span><\/span><span style=\"font-family:&quot;Arial&quot;,sans-serif\"><span style=\"color:black\"> a<\/span><\/span><span style=\"font-family:&quot;Arial&quot;,sans-serif\"><span style=\"color:black\">poiar os jovens pesquisadores, futuros profissionais do mercado de geossint&eacute;ticos e, ainda, enaltecer o trabalho de mestres e professores tem sido o intuito dessa a&ccedil;&atilde;o. &ldquo;O Pr&ecirc;mio <\/span><\/span><span style=\"font-family:&quot;Arial&quot;,sans-serif\"><span style=\"color:black\">TCC\/IC Prof. Benedito de Souza Bueno&rdquo;<\/span><\/span> <span style=\"font-family:&quot;Arial&quot;,sans-serif\"><span style=\"color:black\">enfatiza os benef&iacute;cios dos geossint&eacute;ticos nas obras de infraestrutura e refor&ccedil;a a import&acirc;ncia da qualidade e das boas pr&aacute;ticas de fabrica&ccedil;&atilde;o e aplica&ccedil;&atilde;o desses produtos, apresentando &agrave; comunidade de Engenharia solu&ccedil;&otilde;es inovadoras e desenvolvimento tecnol&oacute;gico&rdquo;, completa Samira. <\/span><\/span><\/span><\/span><\/span><\/span><\/p>\r\n\r\n<p style=\"margin-top:16px; text-align:justify; margin-bottom:11px\"><span style=\"font-size:11pt\"><span style=\"background:white\"><span style=\"line-height:107%\"><span style=\"font-family:Rubik,serif\"><span style=\"font-family:&quot;Arial&quot;,sans-serif\"><span style=\"color:black\">Para a Prof. Dra. Nat&aacute;lia de Souza Correia, da IGS Brasil, a iniciativa impulsiona a cria&ccedil;&atilde;o de novas solu&ccedil;&otilde;es com geossint&eacute;ticos na engenharia, coloca nossas pesquisas em destaque nacional e, acima de tudo, fortalece o desenvolvimento da ci&ecirc;ncia no Brasil. &ldquo;Esse pr&ecirc;mio &eacute; um est&iacute;mulo para que estudantes e pesquisadores sigam inovando e transformando o futuro da engenharia com geossint&eacute;ticos&quot;, comenta. <\/span><\/span><\/span><\/span><\/span><\/span><\/p>\r\n\r\n<p style=\"margin-bottom:11px\">&nbsp;<\/p>\r\n\r\n<p style=\"margin-left:48px; text-align:justify\"><span style=\"font-size:11pt\"><span style=\"line-height:107%\"><span style=\"font-family:Rubik,serif\"><b><span style=\"font-family:&quot;Arial&quot;,sans-serif\">SERVI&Ccedil;O:<\/span><\/b><span style=\"font-family:&quot;Arial&quot;,sans-serif\"> Entrega do <\/span><span style=\"font-family:&quot;Arial&quot;,sans-serif\">Pr&ecirc;mio TCC\/ IC &ndash; Tecnologia em Geossint&eacute;ticos Prof. Benedito de Souza Bueno&rdquo;, edi&ccedil;&atilde;o 2024-2025.<\/span><\/span><\/span><\/span><\/p>\r\n\r\n<p style=\"margin-left:48px; text-align:justify\"><span style=\"font-size:11pt\"><span style=\"line-height:107%\"><span style=\"font-family:Rubik,serif\"><b><span style=\"font-family:&quot;Arial&quot;,sans-serif\">Data:<\/span><\/b><span style=\"font-family:&quot;Arial&quot;,sans-serif\"> 06 de novembro de 2025<\/span><\/span><\/span><\/span><\/p>\r\n\r\n<p style=\"margin-left:48px; text-align:justify\"><span style=\"font-size:11pt\"><span style=\"line-height:107%\"><span style=\"font-family:Rubik,serif\"><b><span style=\"font-family:&quot;Arial&quot;,sans-serif\">Hor&aacute;rio:<\/span><\/b><span style=\"font-family:&quot;Arial&quot;,sans-serif\"> 13h00 &agrave;s 18h00<\/span><\/span><\/span><\/span><\/p>\r\n\r\n<p style=\"margin-left:48px; text-align:justify\"><span style=\"font-size:11pt\"><span style=\"line-height:107%\"><span style=\"font-family:Rubik,serif\"><b><span style=\"font-family:&quot;Arial&quot;,sans-serif\">Local: <\/span><\/b><span style=\"font-family:&quot;Arial&quot;,sans-serif\">no <\/span><span style=\"font-family:&quot;Arial&quot;,sans-serif\">Encontro Anual &ldquo;Geossint&eacute;ticos em Pauta&rdquo;, &agrave; sede da ABINT (Rua Marqu&ecirc;s de Itu, 968 &ndash; Higien&oacute;polis)<\/span><\/span><\/span><\/span><\/p>\r\n\r\n<p style=\"margin-left:48px\"><span style=\"font-size:11pt\"><span style=\"line-height:107%\"><span style=\"font-family:Rubik,serif\"><span style=\"font-family:&quot;Arial&quot;,sans-serif\">A participa&ccedil;&atilde;o &eacute; gratuita e aberta ao p&uacute;blico, mediante inscri&ccedil;&atilde;o pr&eacute;via. As vagas s&atilde;o limitadas.<\/span><\/span><\/span><\/span><\/p>\r\n\r\n<p style=\"margin-left:48px\"><span style=\"font-size:11pt\"><span style=\"line-height:107%\"><span style=\"font-family:Rubik,serif\"><span style=\"font-family:&quot;Arial&quot;,sans-serif\">Link para se inscrever: <\/span><a href=\"https:\/\/www.even3.com.br\/encontro-anual-igs-brasil-geossinteticos-em-pauta-636131\/\" style=\"color:#6b9f25; text-decoration:underline\"><span lang=\"PT-BR\" style=\"font-family:&quot;Arial&quot;,sans-serif\">https:\/\/www.even3.com.br\/encontro-anual-igs-brasil-geossinteticos-em-pauta-636131\/<\/span><\/a><\/span><\/span><\/span><\/p>\r\n\r\n<p style=\"margin-left:48px\"><span style=\"font-size:11pt\"><span style=\"line-height:107%\"><span style=\"font-family:Rubik,serif\"><span style=\"font-family:&quot;Arial&quot;,sans-serif\">Mais informa&ccedil;&otilde;es: igsbrasil@igsbrasil.org.br | (11) 91361-2000 (WhatsApp)<\/span><\/span><\/span><\/span><\/p>\r\n\r\n<p style=\"margin-bottom:11px\">&nbsp;<\/p>\r\n\r\n<p style=\"margin-top:16px; margin-bottom:13px; text-align:justify\"><span style=\"font-size:12pt\"><span style=\"background:white\"><span style=\"line-height:115%\"><span style=\"font-family:&quot;Times New Roman&quot;,serif\"><em><b><span style=\"font-size:10.0pt\"><span style=\"line-height:115%\"><span style=\"font-family:&quot;Arial&quot;,sans-serif\"><span style=\"color:black\">Sobre o CTG-ABINT:<\/span><\/span><\/span><\/span><\/b><\/em><em><span style=\"font-size:10.0pt\"><span style=\"line-height:115%\"><span style=\"font-family:&quot;Arial&quot;,sans-serif\"><span style=\"color:black\">&nbsp; composto por empresas fabricantes e distribuidoras de Geossint&eacute;ticos no Brasil e associadas &agrave; ABINT, o CTG-ABINT tem como objetivo divulgar as aplica&ccedil;&otilde;es dos Geossint&eacute;ticos em obras dos segmentos Ambiental, Agroneg&oacute;cio, Constru&ccedil;&atilde;o Civil, Infraestrutura, Minera&ccedil;&atilde;o, Transporte, entre outros, bem como difundir os conceitos de qualidade a serem observados por fabricantes e usu&aacute;rios, contribuindo para o desenvolvimento mercadol&oacute;gico de forma &eacute;tica e respons&aacute;vel. Para saber mais acesse www.geossinteticos.org.br<\/span><\/span><\/span><\/span><\/em><\/span><\/span><\/span><\/span><\/p>\r\n\r\n<p style=\"margin-top:16px; margin-bottom:13px; text-align:justify\"><span style=\"font-size:12pt\"><span style=\"background:white\"><span style=\"line-height:115%\"><span style=\"font-family:&quot;Times New Roman&quot;,serif\"><em><b><span style=\"font-size:10.0pt\"><span style=\"line-height:115%\"><span style=\"font-family:&quot;Arial&quot;,sans-serif\"><span style=\"color:black\">Sobre a ABINT:<\/span><\/span><\/span><\/span><\/b><\/em><em><span style=\"font-size:10.0pt\"><span style=\"line-height:115%\"><span style=\"font-family:&quot;Arial&quot;,sans-serif\"><span style=\"color:black\">&nbsp;Fundada em 1991, a <a name=\"_Hlk189124267\">Associa&ccedil;&atilde;o Brasileira das Ind&uacute;strias de N&atilde;otecidos e Tecidos T&eacute;cnicos<\/a> tem como objetivo representar, difundir e defender os interesses da ind&uacute;stria brasileira de N&atilde;otecidos e Tecidos T&eacute;cnicos, promovendo e apoiando o seu desenvolvimento e o crescimento do mercado de aplica&ccedil;&otilde;es desses produtos, que s&atilde;o fundamentais a diversos e importantes setores da economia do pa&iacute;s. Para saber mais acesse&nbsp;<\/span><\/span><\/span><\/span><\/em><span style=\"color:black\"><a href=\"http:\/\/www.abint.org.br\/\" style=\"color:#6b9f25; text-decoration:underline\"><em><span style=\"font-size:10.0pt\"><span style=\"line-height:115%\"><span style=\"font-family:&quot;Arial&quot;,sans-serif\"><span style=\"color:black\"><span style=\"text-decoration:none\"><span style=\"text-underline:none\">www.abint.org.br<\/span><\/span><\/span><\/span><\/span><\/span><\/em><\/a><\/span><\/span><\/span><\/span><\/span><\/p>\r\n\r\n<p style=\"margin-top:16px; margin-bottom:13px; text-align:justify\"><span style=\"font-size:12pt\"><span style=\"background:white\"><span style=\"line-height:115%\"><span style=\"font-family:&quot;Times New Roman&quot;,serif\"><em><b><span style=\"font-size:10.0pt\"><span style=\"line-height:115%\"><span style=\"font-family:&quot;Arial&quot;,sans-serif\"><span style=\"color:black\">Sobre a IGS Brasil: <\/span><\/span><\/span><\/span><\/b><\/em><em><span style=\"font-size:10.0pt\"><span style=\"line-height:115%\"><span style=\"font-family:&quot;Arial&quot;,sans-serif\"><span style=\"color:black\">Criada em 1997, como um dos Chapters da International Geosynthetic Society, a IGS Brasil re&uacute;ne mais de 200 membros individuais e corporativos que est&atilde;o envolvidos em projetos, fabrica&ccedil;&atilde;o, vendas, uso ou ensaio de geot&ecirc;xteis, geomembranas, produtos correlatos e tecnologias associadas, ou que ensinam ou desenvolvem pesquisas sobre tais produtos. Para saber mais acesse&nbsp;<\/span><\/span><\/span><\/span><\/em><span style=\"color:black\"><a href=\"http:\/\/www.igsbrasil.org.br\" style=\"color:#6b9f25; text-decoration:underline\"><em><span style=\"font-size:10.0pt\"><span style=\"line-height:115%\"><span style=\"font-family:&quot;Arial&quot;,sans-serif\"><span style=\"color:black\"><span style=\"text-decoration:none\"><span style=\"text-underline:none\">www.igsbrasil.org.br<\/span><\/span><\/span><\/span><\/span><\/span><\/em><\/a><\/span><\/span><\/span><\/span><\/span><\/p>\r\n\r\n<p style=\"margin-top:16px; margin-bottom:13px; text-align:justify\"><span style=\"font-size:12pt\"><span style=\"background:white\"><span style=\"line-height:115%\"><span style=\"font-family:&quot;Times New Roman&quot;,serif\"><em><b><span style=\"font-size:8.0pt\"><span style=\"line-height:115%\"><span style=\"font-family:&quot;Arial&quot;,sans-serif\"><span style=\"color:#002060\">Informa&ccedil;&otilde;es &agrave; Imprensa<\/span><\/span><\/span><\/span><\/b><\/em><\/span><\/span><\/span><\/span><\/p>\r\n\r\n<p style=\"text-align:justify\"><span style=\"font-size:12pt\"><span style=\"background:white\"><span style=\"line-height:115%\"><span style=\"font-family:&quot;Times New Roman&quot;,serif\"><em><b><span style=\"font-size:8.0pt\"><span style=\"line-height:115%\"><span style=\"font-family:&quot;Arial&quot;,sans-serif\"><span style=\"color:#002060\">Assessoria de Comunica&ccedil;&atilde;o ABINT<\/span><\/span><\/span><\/span><\/b><\/em><\/span><\/span><\/span><\/span><\/p>\r\n\r\n<p style=\"text-align:justify\"><span style=\"font-size:12pt\"><span style=\"background:white\"><span style=\"line-height:115%\"><span style=\"font-family:&quot;Times New Roman&quot;,serif\"><em><b><span style=\"font-size:8.0pt\"><span style=\"line-height:115%\"><span style=\"font-family:&quot;Arial&quot;,sans-serif\"><span style=\"color:#002060\">Roberta Provatti <\/span><\/span><\/span><\/span><\/b><\/em><\/span><\/span><\/span><\/span><\/p>\r\n\r\n<p style=\"text-align:justify\"><span style=\"font-size:12pt\"><span style=\"background:white\"><span style=\"line-height:115%\"><span style=\"font-family:&quot;Times New Roman&quot;,serif\"><em><b><span style=\"font-size:8.0pt\"><span style=\"line-height:115%\"><span style=\"font-family:&quot;Arial&quot;,sans-serif\"><span style=\"color:#002060\">(11) 99652-4661<\/span><\/span><\/span><\/span><\/b><\/em><\/span><\/span><\/span><\/span><\/p>\r\n\r\n<p style=\"text-align:justify\"><span style=\"font-size:12pt\"><span style=\"background:white\"><span style=\"line-height:115%\"><span style=\"font-family:&quot;Times New Roman&quot;,serif\"><em><b><span style=\"font-size:8.0pt\"><span style=\"line-height:115%\"><span style=\"font-family:&quot;Arial&quot;,sans-serif\"><span style=\"color:#002060\">provattijornalista@gmail.com<\/span><\/span><\/span><\/span><\/b><\/em><\/span><\/span><\/span><\/span><\/p>\r\n","texto_en":"","7":"","imagem":"COMP_capa-2025-site-comunicacao_20251020184947WCwmAiaTDo.jpg","8":"COMP_capa-2025-site-comunicacao_20251020184947WCwmAiaTDo.jpg","arquivo":"20251009-ENTREGA-PREMIO-TCC_IC-2024_2025-VFINAL.PDF","9":"20251009-ENTREGA-PREMIO-TCC_IC-2024_2025-VFINAL.PDF","titulo_arquivo":"20251009 Entrega Pr\u00eamio TCC_IC 2024_2025","10":"20251009 Entrega Pr\u00eamio TCC_IC 2024_2025","titulo_arquivo_en":"","11":"","created_at":"2025-10-20 18:49:54","12":"2025-10-20 18:49:54","updated_at":"2025-10-20 18:49:54","13":"2025-10-20 18:49:54"},{"id":196,"0":196,"ordem":25,"1":25,"data":"2025-10-07","2":"2025-10-07","slug":"boletim-abint-de-noticias-semanais-98","3":"boletim-abint-de-noticias-semanais-98","titulo":"Boletim ABINT de Not\u00edcias Semanais","4":"Boletim ABINT de Not\u00edcias Semanais","titulo_en":"","5":"","texto":"<p style=\"text-align:justify\"><span style=\"font-size:11pt\"><span style=\"line-height:normal\"><span style=\"font-family:Calibri,sans-serif\"><span style=\"font-size:14.0pt\">Esta &eacute; uma compila&ccedil;&atilde;o das not&iacute;cias mais relevantes para o setor, incluindo informa&ccedil;&otilde;es sobre acordos internacionais, economia brasileira, sustentabilidade e mat&eacute;rias primas, al&eacute;m de novidades do setor de N&atilde;otecidos e Tecidos T&eacute;cnicos.<\/span><\/span><\/span><\/span><\/p>\r\n\r\n<p style=\"text-align:justify\"><span style=\"font-size:28pt\"><span style=\"font-family:Cambria,serif\"><span style=\"letter-spacing:-0.5pt\"><b><span style=\"font-size:18.0pt\"><span style=\"font-family:&quot;Calibri&quot;,sans-serif\"><span style=\"font-variant:small-caps\">O que vem por a&iacute;<\/span><\/span><\/span><\/b><\/span><\/span><\/span><\/p>\r\n\r\n<p><b><img src=\"https:\/\/www.abint.org.br\/assets\/img\/editor\/2o-seminario-abrafiltros-abint-apoiador_2025072217401523mrTUXRqU.png\" style=\"width: 500px; height: 500px;\" \/><\/b><\/p>\r\n\r\n<p><a href=\"https:\/\/doity.com.br\/3-seminario-brasileiro-de-filtros\"><b>Acesse aqui mais informa&ccedil;&otilde;es<\/b><\/a><\/p>\r\n\r\n<p>&nbsp;<\/p>\r\n\r\n<p><img src=\"https:\/\/www.abint.org.br\/assets\/img\/editor\/20251021-fenasan-2025_20250923190841eMb0ea0qzy.jpg\" style=\"width: 700px; height: 221px;\" \/><\/p>\r\n\r\n<p><a href=\"https:\/\/fenasan.com.br\/\"><b>Acesse aqui mais informa&ccedil;&otilde;es<\/b><\/a><\/p>\r\n\r\n<p>&nbsp;<\/p>\r\n\r\n<p><img src=\"https:\/\/www.abint.org.br\/assets\/img\/editor\/congresso-abit-2025-1_20250923191347WI6Kiky2I3.png\" style=\"width: 500px; height: 625px;\" \/><\/p>\r\n\r\n<p><a href=\"https:\/\/www.congressoabit.com.br\/\"><b>Acesse aqui mais informa&ccedil;&otilde;es<\/b><\/a><\/p>\r\n\r\n<p>&nbsp;<\/p>\r\n\r\n<p><img src=\"https:\/\/www.abint.org.br\/assets\/img\/editor\/nova-logo-premio-tcc-ic_20251014200023iBYOW5yEJX.png\" style=\"width: 500px; height: 270px;\" \/><\/p>\r\n\r\n<p>&nbsp;<\/p>\r\n\r\n<p style=\"text-align:justify\"><span style=\"font-size:11pt\"><span style=\"line-height:normal\"><span style=\"font-family:Calibri,sans-serif\"><a href=\"https:\/\/www.even3.com.br\/encontro-anual-igs-brasil-geossinteticos-em-pauta-636131\/?fbclid=PAVERTVgNSBBRleHRuA2FlbQIxMAABpwF8VswtQRKdOg4XG0MC6A1g4ywhMN2_I-pCaXZTfAgoKkS37GNA7tkTiSST_aem_tRTmfHq0NQ_O0NzOrt7a_A\" style=\"color:blue; text-decoration:underline\"><b><i><span style=\"font-size:14.0pt\">Cerim&ocirc;nia de Premia&ccedil;&atilde;o<\/span><\/i><\/b><\/a><b><span style=\"font-size:14.0pt\">, durente o &ldquo;Geossint&eacute;ticos em Pauta&rdquo;, 06 de novembro de 2025, 13h &agrave;s 18h, presencial, sede ABINT, rua Marqu&ecirc;s de Itu, 968, Higien&oacute;polis, S&atilde;o Paulo, SP<\/span><\/b><\/span><\/span><\/span><\/p>\r\n\r\n<p style=\"text-align:justify\">&nbsp;<\/p>\r\n\r\n<p><img src=\"https:\/\/www.abint.org.br\/assets\/img\/editor\/logo-ctg-abint-png_20251014200629cRswFL9MZ9.png\" style=\"width: 500px; height: 92px;\" \/><\/p>\r\n\r\n<p>&nbsp;<\/p>\r\n\r\n<p style=\"text-align:justify\"><span style=\"font-size:11pt\"><span style=\"line-height:normal\"><span style=\"font-family:Calibri,sans-serif\"><b><span style=\"font-size:14.0pt\">Patrocinador Especial do <\/span><\/b><a href=\"https:\/\/www.even3.com.br\/international-geosynthetics-workshop-standards-and-updates-in-infrastructure-and-sustainability-616680\/\" style=\"color:blue; text-decoration:underline\"><b><i><span style=\"font-size:14.0pt\">International Geosynthetics Workshop: Standards and updates in Infrastructure and Sustainability<\/span><\/i><\/b><\/a><b><i><span style=\"font-size:14.0pt\">, <\/span><\/i><\/b><b><span style=\"font-size:14.0pt\">17 de novembro de 2025, 08h &agrave;s 18h, presencial, Pontif&iacute;cia Universidade Cat&oacute;lica do Rio de Janeiro (PUC-Rio), Rio de Janeiro, RJ, Brasil<\/span><\/b><\/span><\/span><\/span><\/p>\r\n\r\n<p style=\"text-align:justify\">&nbsp;<\/p>\r\n\r\n<p style=\"text-align:justify\"><span style=\"font-size:28pt\"><span style=\"font-family:Cambria,serif\"><span style=\"letter-spacing:-0.5pt\"><b><span style=\"font-size:18.0pt\"><span style=\"font-family:&quot;Calibri&quot;,sans-serif\"><span style=\"font-variant:small-caps\">Not&iacute;cias das&nbsp;Associadas<\/span><\/span><\/span><\/b><\/span><\/span><\/span><\/p>\r\n\r\n<p style=\"text-align:justify\"><span style=\"font-size:11pt\"><span style=\"line-height:normal\"><span style=\"font-family:Calibri,sans-serif\"><a href=\"https:\/\/www.abctecnologias.com.br\/historias-de-sucesso\/leister-impulsionando-a-soldagem-de-plasticos-com-precisao-robotica\/?utm_source=ABC+Tecnologias&amp;utm_campaign=b3fc56ca3f-EMAIL_CAMPAIGN_2025_09_30_04_05&amp;utm_medium=email&amp;utm_term=0_-b3fc56ca3f-468976694\" style=\"color:blue; text-decoration:underline\"><span style=\"font-size:14.0pt\">ABC Tecnologias | Precis&atilde;o rob&oacute;tica: a evolu&ccedil;&atilde;o da soldagem de pl&aacute;sticos com a Leister<\/span><\/a><\/span><\/span><\/span><\/p>\r\n\r\n<p style=\"text-align:justify\"><span style=\"font-size:11pt\"><span style=\"line-height:normal\"><span style=\"font-family:Calibri,sans-serif\"><a href=\"https:\/\/exame.com\/negocios\/marca-de-produtos-biodegradaveis-para-pets-projeta-faturar-r-5-milhoes-em-2025\/\" style=\"color:blue; text-decoration:underline\"><span style=\"font-size:14.0pt\">Parceira Fibertex: Marca de produtos biodegrad&aacute;veis para pets projeta faturar R$ 5 milh&otilde;es em 2025<\/span><\/a><\/span><\/span><\/span><\/p>\r\n\r\n<p style=\"text-align:justify\"><span style=\"font-size:11pt\"><span style=\"line-height:normal\"><span style=\"font-family:Calibri,sans-serif\"><a href=\"https:\/\/www.ecotextile.com\/2025093060034\/news\/shows-events\/indorama-offloads-wellman-to-uk-investors\/\" style=\"color:blue; text-decoration:underline\"><span lang=\"EN-US\" style=\"font-size:14.0pt\">Indorama offloads Wellman to UK investors<\/span><\/a><\/span><\/span><\/span><\/p>\r\n\r\n<p style=\"text-align:justify\"><span style=\"font-size:11pt\"><span style=\"line-height:normal\"><span style=\"font-family:Calibri,sans-serif\"><a href=\"https:\/\/www.textileworld.com\/textile-world\/weaving-spinning\/2025\/09\/trutzschler-spinning-pre-cleaner-cl-x-the-future-of-cotton-cleaning\/\" style=\"color:blue; text-decoration:underline\"><span lang=\"EN-US\" style=\"font-size:14.0pt\">Tr&uuml;tzschler: Pre-Cleaner CL-X &mdash; The Future Of Cotton Cleaning<\/span><\/a><\/span><\/span><\/span><\/p>\r\n\r\n<p style=\"text-align:justify\">&nbsp;<\/p>\r\n\r\n<p style=\"text-align:justify\"><span style=\"font-size:11pt\"><span style=\"line-height:normal\"><span style=\"font-family:Calibri,sans-serif\"><b><span style=\"font-size:18.0pt\"><span style=\"font-variant:small-caps\">Eventos<\/span><\/span><\/b><\/span><\/span><\/span><\/p>\r\n\r\n<p style=\"text-align:justify\"><span style=\"font-size:11pt\"><span style=\"line-height:normal\"><span style=\"font-family:Calibri,sans-serif\"><a href=\"https:\/\/app.rdstation.email\/mail\/8acc31ca-cd35-4903-9f5d-3274553924be?utm_medium=email&amp;utm_campaign=emkt_workshop_tarifas_eua&amp;utm_source=RD+Station\" style=\"color:blue; text-decoration:underline\"><b><span style=\"font-size:14.0pt\">Workshop Abit | Impactos das Tarifas dos EUA e Tend&ecirc;ncias de Consumo do Setor T&amp;C<\/span><\/b><\/a><span style=\"font-size:14.0pt\">, 07 de outubro de 2025, das 10h &agrave;s 12h, evento virtual<\/span><\/span><\/span><\/span><\/p>\r\n\r\n<p style=\"text-align:justify\"><span style=\"font-size:11pt\"><span style=\"line-height:normal\"><span style=\"font-family:Calibri,sans-serif\"><a href=\"https:\/\/www.abrafiltros.org.br\/3o-seminario-brasileiro-de-filtros-acontecera-no-dia-08-de-outubro\/\" style=\"color:blue; text-decoration:underline\"><b><span style=\"font-size:14.0pt\">3&ordm; Semin&aacute;rio Brasileiro de Filtros<\/span><\/b><\/a><span style=\"font-size:14.0pt\">, 08 de outubro de 2025, evento presencial<\/span><\/span><\/span><\/span><\/p>\r\n\r\n<p style=\"text-align:justify\"><span style=\"font-size:11pt\"><span style=\"line-height:normal\"><span style=\"font-family:Calibri,sans-serif\"><a href=\"https:\/\/www.portaldaindustria.com.br\/eventos\/pt\/edicoes\/pre-cop30-o-papel-do-setor-privado-na-agenda-de-cl#msdynmkt_trackingcontext=ddc27a5f-3229-4511-a32a-8dab7ec80200\" style=\"color:blue; text-decoration:underline\"><b><span style=\"font-size:14.0pt\">CNI | Pr&eacute;-COP30: o papel do setor privado na agenda de clima<\/span><\/b><\/a><span style=\"font-size:14.0pt\">, 15 de setembro de 2025, 08h00 &agrave;s 17h00, Unique Palace, St. de Clubes Esportivos Sul Trecho 2 CJ 42, Bras&iacute;lia<\/span><\/span><\/span><\/span><\/p>\r\n\r\n<p style=\"text-align:justify\"><span style=\"font-size:11pt\"><span style=\"line-height:normal\"><span style=\"font-family:Calibri,sans-serif\"><a href=\"https:\/\/hospitalmed.com.br\/feira\/\" style=\"color:blue; text-decoration:underline\"><b><span style=\"font-size:14.0pt\">HospitalMed 2025<\/span><\/b><\/a><span style=\"font-size:14.0pt\">, 22 a 24 de outubro, Pernambuco Centro de Conven&ccedil;&otilde;es, Olinda<\/span><\/span><\/span><\/span><\/p>\r\n\r\n<p style=\"text-align:justify\"><span style=\"font-size:11pt\"><span style=\"line-height:normal\"><span style=\"font-family:Calibri,sans-serif\"><a href=\"https:\/\/www.abnteducacao.com.br\/Simbologia_de_cuidados_aplicada_a_Etiquetagem_de_Texteis_ABNT_NBR_NM_ISO_3758\" style=\"color:blue; text-decoration:underline\"><b><span style=\"font-size:14.0pt\">Curso ABNT | Simbologia de cuidados aplicada a Etiquetagem de T&ecirc;xteis - ABNT NBR NM ISO 3758<\/span><\/b><\/a><span style=\"font-size:14.0pt\">, 27 e 28 de outubro de 2025, das 08:30 &agrave;s 17h30, online<\/span><\/span><\/span><\/span><\/p>\r\n\r\n<p style=\"text-align:justify\"><span style=\"font-size:11pt\"><span style=\"line-height:normal\"><span style=\"font-family:Calibri,sans-serif\"><a href=\"https:\/\/www.congressoabit.com.br\/\" style=\"color:blue; text-decoration:underline\"><b><span style=\"font-size:14.0pt\">Congresso Internacional Abit 2025<\/span><\/b><\/a><span style=\"font-size:14.0pt\">, 29 e 30 de outubro, 08h &agrave;s 20h, FIESP, S&atilde;o Paulo, SP<\/span><\/span><\/span><\/span><\/p>\r\n\r\n<p style=\"text-align:justify\"><span style=\"font-size:11pt\"><span style=\"line-height:normal\"><span style=\"font-family:Calibri,sans-serif\"><a href=\"https:\/\/filtech.de\/\" style=\"color:blue; text-decoration:underline\"><b><span style=\"font-size:14.0pt\">Filtech 2026<\/span><\/b><\/a><span style=\"font-size:14.0pt\">, de 30 de junho a 2 de julho, Cologne, Alemanha<\/span><\/span><\/span><\/span><\/p>\r\n\r\n<p style=\"text-align:justify\"><span style=\"font-size:11pt\"><span style=\"line-height:normal\"><span style=\"font-family:Calibri,sans-serif\"><a href=\"https:\/\/ficons.com.br\/\" style=\"color:blue; text-decoration:underline\"><b><span style=\"font-size:14.0pt\">FICONS - Feira Internacional de Materiais, Equipamentos e Servi&ccedil;os da Constru&ccedil;&atilde;o<\/span><\/b><\/a><span style=\"font-size:14.0pt\">, 15 a 18 de setembro de 2026, Centro de Conven&ccedil;&otilde;es de Pernambuco Recife\/ Olinda<\/span><\/span><\/span><\/span><\/p>\r\n\r\n<p style=\"text-align:justify\"><span style=\"font-size:11pt\"><span style=\"line-height:normal\"><span style=\"font-family:Calibri,sans-serif\"><a href=\"https:\/\/tendencias.sobratema.com\/?utm_source=akna&amp;utm_medium=email&amp;utm_campaign=Sua-marca-em-destaque-no-20-Tendencias-do-Mercado-da-Construcao-patrocine-este-encontro-estrategico\" style=\"color:blue; text-decoration:underline\"><b><span style=\"font-size:14.0pt\">SOBRATEMA | 20&ordf; Tend&ecirc;ncias do Mercado da Constru&ccedil;&atilde;o<\/span><\/b><\/a><span style=\"font-size:14.0pt\">, 26 de novembro de 2025, 18h, APAS, S&atilde;o Paulo, SP<\/span><\/span><\/span><\/span><\/p>\r\n\r\n<p style=\"text-align:justify\"><span style=\"font-size:28pt\"><span style=\"font-family:Cambria,serif\"><span style=\"letter-spacing:-0.5pt\"><b><span style=\"font-size:18.0pt\"><span style=\"font-family:&quot;Calibri&quot;,sans-serif\"><span style=\"font-variant:small-caps\">Setor<\/span><\/span><\/span><\/b><\/span><\/span><\/span><\/p>\r\n\r\n<p style=\"text-align:justify\"><span style=\"font-size:11pt\"><span style=\"line-height:normal\"><span style=\"font-family:Calibri,sans-serif\"><a href=\"http:\/\/clickemail.portalpersonalcare.com.br\/ls\/click?upn=u001.D2-2F0Tg0A29KXXLMT6ctG-2BYOihdDbc-2ByFrUFb3ZXMT9R-2FihHydQsFaToto444UFPLdglF4DVNRm9z9wlKnUysmo8sSq4G-2BFmKGySWTWldhMUMsYKeVjq-2BZmDLJtsNN8VfobWiwe3PzVWARFwvq6speXU-2FQtELiPYpEldKsJzjPPgok-2B1QwyDj5BohGdzxgWbBuvO7lRQnCMSEWjiubf9sChjQBYrTCyeUI-2Fr-2Fyr83fSUtcLVUX4Ab1ZqB0IGzzVkX2zZ79JWgJP-2FVAUYdj66-2F0pTmTTtXFNJ4hnVPpgLz1QgmCkxbbG9iaL4Nw-2B6jWtoFyPXIqZe5geVkC-2FFuAAQ1OMad7iZ2-2FW5kbhmrf4DWQKs1FnyLAGlLbVTXAWg7O-2FojaMyg_T7N8BvZTOm04CQQMiyWztrpCjlUrRc4F7QzSgUIpTqDyHxxxhGpyWLohz7JoE2GE5NHlS-2BYZoX1R75Fh8KCze9GvCCb-2FinuNgc39g0Cdbe-2FcU8RlSBQhp5om11AQZQ-2FDnSgN7xFDVABO3O6CYfvUFqT7K2p0hq9KH1e0DV9wHyPnA4R5JsrXLvypiwzEmD3QDLJxam-2BEMIi3vZbQ0z5TwIlWNzuIalEo0prL8WBShXM7jui7X87FPgAJfvqR71MsyXrx96EyS7Pky-2BdYWWVnKccdXJbmt-2BIDUbHKQzpvL52nzohMMPBHFiJwXs5-2BoSpEtzwWuksKz3oejIBNKKvQA1tiZSbtHpws4xmDU7vUhtbq5e9BR7CvbQ9OnxNnLjhMPX3LnIQegqbHe0CfYXYqP1eyh6pwm4peNkdr4pzLByXfeyCj5AV1jkSP8f-2FHSFopt-2FaYGXhuZ1tRxuyk9DR9ecdA5PmSmOqkKUwIUPvha6l4kdSyaUYdlDCVrfxHDHxiql4GuK9Sl1ncy1oPODQdAy9OrRWEqztCHHALLp07XGGOhhBHKu7svD-2B04LomicF83008yskN9Ft4Vwf1ffJrXz7VLFZmmWGwx-2Fpz-2BwIqXKiYhr9uTY5NjIh5d6nqdnUd0ZU59fgQc1fEtYpTnyT6oeEVGPx7Vy6qE2hEcmyF04-2FgnYAP3RSr7Qd74zPWYwgXhMBPEL4rRneozSXE2Ivl44EIzZge1Ca4e8cbE372hBpRUAFob5KX4H0-2BJk6YJMt5\" style=\"color:blue; text-decoration:underline\" target=\"_blank\"><span style=\"font-size:14.0pt\">Gest&atilde;o da cadeia de suprimentos: o elo invis&iacute;vel que sustenta a ind&uacute;stria de descart&aacute;veis<\/span><\/a><\/span><\/span><\/span><\/p>\r\n\r\n<p style=\"text-align:justify\"><span style=\"font-size:11pt\"><span style=\"line-height:normal\"><span style=\"font-family:Calibri,sans-serif\"><a href=\"https:\/\/www.nonwovens-industry.com\/contents\/view_breaking-news\/2025-10-02\/global-nonwovens-alliance-appoints-inaugural-board\/15303\" style=\"color:blue; text-decoration:underline\"><span lang=\"EN-US\" style=\"font-size:14.0pt\">Global Nonwovens Alliance Appoints Inaugural Board<\/span><\/a><\/span><\/span><\/span><\/p>\r\n\r\n<p style=\"text-align:justify\"><span style=\"font-size:11pt\"><span style=\"line-height:normal\"><span style=\"font-family:Calibri,sans-serif\"><a href=\"https:\/\/www.meiofiltrante.com.br\/Artigo\/6209\/filtros-sinterizados-a-tecnologia-que-revoluciona-a-filtragem-de-liquidos-e-gases\" style=\"color:blue; text-decoration:underline\"><span style=\"font-size:14.0pt\">Filtros sinterizados: a tecnologia que revoluciona a filtragem de l&iacute;quidos e gases<\/span><\/a><\/span><\/span><\/span><\/p>\r\n\r\n<p style=\"text-align:justify\"><span style=\"font-size:11pt\"><span style=\"line-height:normal\"><span style=\"font-family:Calibri,sans-serif\"><a href=\"https:\/\/sinditextilsp.org.br\/home\/2025\/09\/sinditextil-sp-elege-novo-presidente\/?utm_medium=email&amp;utm_campaign=sindinews_-_01102025&amp;utm_source=RD+Station\" style=\"color:blue; text-decoration:underline\"><span style=\"font-size:14.0pt\">Sindit&ecirc;xtil-SP elege novo presidente<\/span><\/a><\/span><\/span><\/span><\/p>\r\n\r\n<p style=\"text-align:justify\"><span style=\"font-size:11pt\"><span style=\"line-height:normal\"><span style=\"font-family:Calibri,sans-serif\"><a href=\"http:\/\/clickemail.portalpersonalcare.com.br\/ls\/click?upn=u001.D2-2F0Tg0A29KXXLMT6ctG-2BYOihdDbc-2ByFrUFb3ZXMT9SrH0muueRtr1qJUBnqWub2IwbcJEz01j73WLCnK-2BYZJEM2A0QfHSPqqdAfQQxuBI1Xiz0sUH01KqJTg9EbIkCxNQRHsuoKXi0bor-2B4nQyknHw0KYgNKvA8CFNCTSG2TWjtxb-2BAKnDyeCqBXzQuLvXVzFZACXlNGR2MxxHOqK2PRarwPbABvcXAUXA62t9vJ-2BKcLK9z8gR7VBzpuOXpEmBS21MEdRSZbOI-2B183AM-2FGi5e-2FDgreSpeZHUV1GdyhBLvno6kiqsrvd-2B7ohE3FokAyIaQ7v309IRN3Gw-2BMC8NCoVkxiFRtGr-2BnAzrsZKC1gdaqZ5G3km5ItZ9MnD69ek-2Fb6kEPCnE0BnzCWB-2BX9cwB1vQ-3D-3D8mhR_T7N8BvZTOm04CQQMiyWztrpCjlUrRc4F7QzSgUIpTqDyHxxxhGpyWLohz7JoE2GE5NHlS-2BYZoX1R75Fh8KCze9GvCCb-2FinuNgc39g0Cdbe-2FcU8RlSBQhp5om11AQZQ-2FDpMyQhQRFMpuERlN9jyuR-2BK98bsrqYJrbCk3u7TWIAgVo1GrWb4Pr4xF8yvso-2F-2Fji9bX4grgO4UCvmNuA0Z2bOIwiQKzf-2Bi1SI5nNtjn2vczPDjuQMzLFLREyR0iyKF-2FjvTU0eowSfSnoKcSsOQ4YojeLB-2BoXggWwepvBSD-2BQ8xsvVvv2Wcyoq1b-2Bb0WcJCZ-2BWVkyUDT2OdI5qgJXUhcjJJzRIMkP2NR5Y0GtdUqmA-2B-2Bq2kWEXt35hHlMYbej6YIa3mIhX1NVB1xZsWwA-2FqX2E-2BnkeM6rBbvErqidEavjEmd2C-2F9ASGJmBP4StJWF4YsDal-2Bfh8Le-2BE3-2FC4-2FF8WfZhd-2FR6zpeNRwEshfxAjYZB-2FeBukDxX8S9vHOPnNEq3OJ0HxxghDSyCsTFF5YIwR1ukTD7tY79ojSiMS-2B0uu4NxHAPA966UywBqUfV84wpzwc8UMZb6twxnFEdQPxnFi3KtYihScUJbiunmtF3oskJETqaoopiWbhtcKJNVVveZDR-2B-2B24ndaeKHoW4IAnTH-2FxBPXfm3Cmcs1tYfeDkViGGupinkyLb47Ly9vB9bZ-2BPHjdxqJNqQglm5sz7wtkBv5B-2FPsuRvKBOZzN7KpYvLeZEqG3enrmQdt0NirXdcX6dAoHJ\" style=\"color:blue; text-decoration:underline\" target=\"_blank\"><span style=\"font-size:14.0pt\">Com investimento de R$ 30 milh&otilde;es, Drylock traz tecnologia de ponta para nova planta em Capivari (SP)<\/span><\/a><\/span><\/span><\/span><\/p>\r\n\r\n<p style=\"text-align:justify\"><span style=\"font-size:11pt\"><span style=\"line-height:normal\"><span style=\"font-family:Calibri,sans-serif\"><a href=\"https:\/\/portalpersonalcare.com.br\/geriatex-anuncia-expansao-e-triplica-capacidade-produtiva-com-investimento-100-nacional\/?utm_medium=email&amp;utm_campaign=newsletter_01102025&amp;utm_source=RD+Station\" style=\"color:blue; text-decoration:underline\"><span style=\"font-size:14.0pt\">Geriatex anuncia expans&atilde;o e triplica capacidade produtiva com investimento 100% nacional<\/span><\/a><\/span><\/span><\/span><\/p>\r\n\r\n<p style=\"text-align:justify\"><span style=\"font-size:11pt\"><span style=\"line-height:normal\"><span style=\"font-family:Calibri,sans-serif\"><a href=\"https:\/\/www.nonwovens-industry.com\/contents\/view_breaking-news\/2025-09-29\/magnera-to-cease-operations-in-pilar-argentina\/?utm_campaign=NON%20eNewsletter&amp;utm_medium=email&amp;_hsenc=p2ANqtz-9-CNJCxfMUUR8AyUgbmbYzR65omekmHVzNjPSGX-iGivpQ3UtgD0nfq3gPiZ4fAY9VeethGBkB28WhhvIc9FiS_rg6VA&amp;_hsmi=383393764&amp;utm_content=383393764&amp;utm_source=hs_email\" style=\"color:blue; text-decoration:underline\"><span lang=\"EN-US\" style=\"font-size:14.0pt\">Magnera to Cease Operations in Pilar, Argentina<\/span><\/a><\/span><\/span><\/span><\/p>\r\n\r\n<p style=\"text-align:justify\"><span style=\"font-size:28pt\"><span style=\"font-family:Cambria,serif\"><span style=\"letter-spacing:-0.5pt\"><b><span style=\"font-size:18.0pt\"><span style=\"font-family:&quot;Calibri&quot;,sans-serif\"><span style=\"font-variant:small-caps\">Ind&uacute;stria<\/span><\/span><\/span><\/b><\/span><\/span><\/span><\/p>\r\n\r\n<p style=\"text-align:justify\"><span style=\"font-size:11pt\"><span style=\"line-height:normal\"><span style=\"font-family:Calibri,sans-serif\"><a href=\"https:\/\/portalibre.fgv.br\/system\/files\/divulgacao\/noticias\/mat-complementar\/2025-10\/%C3%8Dndice%20de%20Confian%C3%A7a%20Empresarial%20FGV_press%20release_Set25.pdf\" style=\"color:blue; text-decoration:underline\"><span style=\"font-size:14.0pt\">Confian&ccedil;a Empresarial acomoda ap&oacute;s tr&ecirc;s meses em queda<\/span><\/a><\/span><\/span><\/span><\/p>\r\n\r\n<p style=\"text-align:justify\"><span style=\"font-size:11pt\"><span style=\"line-height:normal\"><span style=\"font-family:Calibri,sans-serif\"><a href=\"https:\/\/portalpersonalcare.com.br\/resiliencia-no-supply-chain-a-vantagem-competitiva-de-poucos\/?utm_medium=email&amp;utm_campaign=colunistas_resiliencia_no_supply_chain_a_vantagem_competitiva_de_poucos&amp;utm_source=RD+Station\" style=\"color:blue; text-decoration:underline\"><span style=\"font-size:14.0pt\">Resili&ecirc;ncia no Supply Chain: a vantagem competitiva de poucos<\/span><\/a><\/span><\/span><\/span><\/p>\r\n\r\n<p style=\"text-align:justify\"><span style=\"font-size:11pt\"><span style=\"line-height:normal\"><span style=\"font-family:Calibri,sans-serif\"><a href=\"https:\/\/www.youtube.com\/watch?v=4Dxy1p8FIic\" style=\"color:blue; text-decoration:underline\"><span style=\"font-size:14.0pt\">Mesa Redonda &quot;Acredita&ccedil;&atilde;o de Projetos de Infraestrutura e Responsabiliza&ccedil;&atilde;o&quot;<\/span><\/a><\/span><\/span><\/span><\/p>\r\n\r\n<p style=\"text-align:justify\"><span style=\"font-size:11pt\"><span style=\"line-height:normal\"><span style=\"font-family:Calibri,sans-serif\"><a href=\"https:\/\/www.revistaanamaco.com.br\/construcao-cria-17-mil-novos-empregos?utm_campaign=Revista+Anamaco+Online&amp;utm_content=Constru%C3%A7%C3%A3o+cria+17+mil+novos+empregos+-+Revista+Anamaco&amp;utm_medium=email&amp;utm_source=dinamize&amp;utm_term=Revista+Anamaco+Online-NewsLetter%2372-2025\" style=\"color:blue; text-decoration:underline\"><span style=\"font-size:14.0pt\">Constru&ccedil;&atilde;o cria 17 mil novos empregos<\/span><\/a><\/span><\/span><\/span><\/p>\r\n\r\n<p style=\"text-align:justify\"><span style=\"font-size:11pt\"><span style=\"line-height:normal\"><span style=\"font-family:Calibri,sans-serif\"><a href=\"https:\/\/plasticosemrevista.com.br\/transformacao-precisa-se-repensar-para-atrair-jovens\/\" style=\"color:blue; text-decoration:underline\"><span style=\"font-size:14.0pt\">Transforma&ccedil;&atilde;o precisa se repensar para atrair jovens<\/span><\/a><\/span><\/span><\/span><\/p>\r\n\r\n<p style=\"text-align:justify\"><span style=\"font-size:11pt\"><span style=\"line-height:normal\"><span style=\"font-family:Calibri,sans-serif\"><a href=\"https:\/\/www.meiofiltrante.com.br\/Artigo\/6204\/programa-descarte-consciente-abrafiltros-chega-a-50-milhoes-de-filtros-reciclados-\" style=\"color:blue; text-decoration:underline\"><span style=\"font-size:14.0pt\">Programa Descarte Consciente Abrafiltros chega a 50 milh&otilde;es de filtros reciclados<\/span><\/a><\/span><\/span><\/span><\/p>\r\n\r\n<p style=\"text-align:justify\"><span style=\"font-size:28pt\"><span style=\"font-family:Cambria,serif\"><span style=\"letter-spacing:-0.5pt\"><b><span style=\"font-size:18.0pt\"><span style=\"font-family:&quot;Calibri&quot;,sans-serif\"><span style=\"font-variant:small-caps\">Sustentabilidade<\/span><\/span><\/span><\/b><\/span><\/span><\/span><\/p>\r\n\r\n<p style=\"text-align:justify\"><span style=\"font-size:11pt\"><span style=\"line-height:normal\"><span style=\"font-family:Calibri,sans-serif\"><a href=\"https:\/\/plasticosemrevista.com.br\/aumenta-a-quantidade-de-recicladoras-fechadas-na-holanda\/\" style=\"color:blue; text-decoration:underline\"><span style=\"font-size:14.0pt\">Aumenta a quantidade de recicladoras fechadas na Holanda<\/span><\/a><\/span><\/span><\/span><\/p>\r\n\r\n<p style=\"text-align:justify\"><span style=\"font-size:11pt\"><span style=\"line-height:normal\"><span style=\"font-family:Calibri,sans-serif\"><a href=\"https:\/\/agenciabrasil.ebc.com.br\/economia\/noticia\/2025-09\/producao-de-plastico-reciclado-no-brasil-cresceu-8-em-2024\" style=\"color:blue; text-decoration:underline\"><span style=\"font-size:14.0pt\">Produ&ccedil;&atilde;o de pl&aacute;stico reciclado no Brasil cresceu 8% em 2024<\/span><\/a><\/span><\/span><\/span><\/p>\r\n\r\n<p style=\"text-align:justify\"><span style=\"font-size:11pt\"><span style=\"line-height:normal\"><span style=\"font-family:Calibri,sans-serif\"><a href=\"https:\/\/agenciagov.ebc.com.br\/noticias\/202510\/brasil-institui-estrategia-de-enfrentamento-a-poluicao-plastica-no-oceano\" style=\"color:blue; text-decoration:underline\"><span style=\"font-size:14.0pt\">Brasil institui estrat&eacute;gia de enfrentamento &agrave; polui&ccedil;&atilde;o pl&aacute;stica no oceano<\/span><\/a><\/span><\/span><\/span><\/p>\r\n\r\n<p style=\"text-align:justify\"><span style=\"font-size:11pt\"><span style=\"line-height:normal\"><span style=\"font-family:Calibri,sans-serif\"><a href=\"https:\/\/www.plastico.com.br\/economia-circular-planec-introduz-a-circularidade-na-legislacao\/\" style=\"color:blue; text-decoration:underline\"><span style=\"font-size:14.0pt\">Economia circular: Planec introduz a circularidade na legisla&ccedil;&atilde;o<\/span><\/a><\/span><\/span><\/span><\/p>\r\n\r\n<p style=\"text-align:justify\"><span style=\"font-size:11pt\"><span style=\"line-height:normal\"><span style=\"font-family:Calibri,sans-serif\"><a href=\"https:\/\/portalpersonalcare.com.br\/pura-nappicycle-desvia-500-mil-fraldas-de-aterros-em-projeto-piloto-de-reciclagem-na-inglaterra\/?utm_medium=email&amp;utm_campaign=newsletter_01102025&amp;utm_source=RD+Station\" style=\"color:blue; text-decoration:underline\"><span style=\"font-size:14.0pt\">Pura NappiCycle desvia 500 mil fraldas de aterros em projeto piloto de reciclagem na Inglaterra<\/span><\/a><\/span><\/span><\/span><\/p>\r\n\r\n<p style=\"text-align:justify\"><span style=\"font-size:28pt\"><span style=\"font-family:Cambria,serif\"><span style=\"letter-spacing:-0.5pt\"><b><span style=\"font-size:18.0pt\"><span style=\"font-family:&quot;Calibri&quot;,sans-serif\"><span style=\"font-variant:small-caps\">Inova&ccedil;&atilde;o<\/span><\/span><\/span><\/b><\/span><\/span><\/span><\/p>\r\n\r\n<p style=\"text-align:justify\"><span style=\"font-size:11pt\"><span style=\"line-height:normal\"><span style=\"font-family:Calibri,sans-serif\"><a href=\"https:\/\/www.inovacaotecnologica.com.br\/noticias\/noticia.php?artigo=filtro-ceramico-celulas-hidrogenio&amp;id=010115251006&amp;ebol=sim\" style=\"color:blue; text-decoration:underline\"><span style=\"font-size:14.0pt\">Filtro cer&acirc;mico traz c&eacute;lulas de hidrog&ecirc;nio para o mundo real<\/span><\/a><\/span><\/span><\/span><\/p>\r\n\r\n<p style=\"text-align:justify\"><span style=\"font-size:11pt\"><span style=\"line-height:normal\"><span style=\"font-family:Calibri,sans-serif\"><a href=\"https:\/\/www.noticenter.com.br\/n.php?ID=40974&amp;T=tecnologia-inedita-criada-pela-nione-transforma-plasticos-reciclados-em-materiais-de-alta-performance\" style=\"color:blue; text-decoration:underline\"><span style=\"font-size:14.0pt\">Tecnologia in&eacute;dita criada pela NIONE transforma pl&aacute;sticos reciclados em materiais de alta performance<\/span><\/a><\/span><\/span><\/span><\/p>\r\n\r\n<p style=\"text-align:justify\"><span style=\"font-size:11pt\"><span style=\"line-height:normal\"><span style=\"font-family:Calibri,sans-serif\"><a href=\"https:\/\/autoesporte.globo.com\/setor-automotivo\/inovacao-e-tecnologia-em-automoveis\/noticia\/2025\/10\/gasolina-sintetica-feita-de-plastico.ghtml\" style=\"color:blue; text-decoration:underline\"><span style=\"font-size:14.0pt\">Como palestinos produzem gasolina sint&eacute;tica a partir de pl&aacute;stico<\/span><\/a><\/span><\/span><\/span><\/p>\r\n\r\n<p style=\"text-align:justify\"><span style=\"font-size:11pt\"><span style=\"line-height:normal\"><span style=\"font-family:Calibri,sans-serif\"><a href=\"https:\/\/www.agenciasp.sp.gov.br\/dormente-ferroviario-de-plastico-reciclado\/\" style=\"color:blue; text-decoration:underline\"><span style=\"font-size:14.0pt\">Dormente ferrovi&aacute;rio de pl&aacute;stico desenvolvido pela USP &eacute; alternativa sustent&aacute;vel para os modelos no mercado<\/span><\/a><\/span><\/span><\/span><\/p>\r\n\r\n<p style=\"text-align:justify\"><span style=\"font-size:28pt\"><span style=\"font-family:Cambria,serif\"><span style=\"letter-spacing:-0.5pt\"><b><span style=\"font-size:18.0pt\"><span style=\"font-family:&quot;Calibri&quot;,sans-serif\"><span style=\"font-variant:small-caps\">Com&eacute;rcio Exterior<\/span><\/span><\/span><\/b><\/span><\/span><\/span><\/p>\r\n\r\n<p style=\"text-align:justify\"><span style=\"font-size:11pt\"><span style=\"line-height:normal\"><span style=\"font-family:Calibri,sans-serif\"><a href=\"https:\/\/www.segs.com.br\/demais\/431042-acordo-comercial-entre-brasil-e-uniao-europeia-os-desafios-que-os-exportadores-brasileiros-estao-enfrentando-nesse-novo-cenario\" style=\"color:blue; text-decoration:underline\"><span style=\"font-size:14.0pt\">Acordo comercial entre Brasil e Uni&atilde;o Europeia os desafios que os exportadores brasileiros est&atilde;o enfrentando nesse novo cen&aacute;rio<\/span><\/a><\/span><\/span><\/span><\/p>\r\n\r\n<p style=\"text-align:justify\"><span style=\"font-size:11pt\"><span style=\"line-height:normal\"><span style=\"font-family:Calibri,sans-serif\"><a href=\"https:\/\/www.ccbc.org.br\/publicacoes\/noticias-ccbc\/brasil-e-canada-reabrem-caminho-para-acordo-de-livre-comercio-com-o-mercosul\/?utm_medium=email&amp;utm_campaign=ccbcnews-set25_pt&amp;utm_source=RD+Station\" style=\"color:blue; text-decoration:underline\"><span style=\"font-size:14.0pt\">Canad&aacute; reabre caminho para acordo de livre com&eacute;rcio com o Mercosul<\/span><\/a><\/span><\/span><\/span><\/p>\r\n\r\n<p style=\"text-align:justify\"><span style=\"font-size:11pt\"><span style=\"line-height:normal\"><span style=\"font-family:Calibri,sans-serif\"><a href=\"https:\/\/www.machadomeyer.com.br\/pt\/inteligencia-juridica\/publicacoes-ij\/tributario-ij\/rfb-intensifica-combate-a-infracoes-e-ilicitos-em-importacoes\" style=\"color:blue; text-decoration:underline\"><span style=\"font-size:14.0pt\">RFB intensifica combate a infra&ccedil;&otilde;es e il&iacute;citos em importa&ccedil;&otilde;es<\/span><\/a><\/span><\/span><\/span><\/p>\r\n\r\n<p style=\"text-align:justify\"><span style=\"font-size:11pt\"><span style=\"line-height:normal\"><span style=\"font-family:Calibri,sans-serif\"><a href=\"https:\/\/www.youtube.com\/live\/VInLUPV53yY#msdynmkt_trackingcontext=2eb27a3d-4613-4a52-9657-e652c1c80100\" style=\"color:blue; text-decoration:underline\"><span style=\"font-size:14.0pt\">Confira a grava&ccedil;&atilde;o do webinar sobre Novo Regime de Origem Brasil-Chile<\/span><\/a><\/span><\/span><\/span><\/p>\r\n\r\n<p style=\"text-align:justify\"><span style=\"font-size:28pt\"><span style=\"font-family:Cambria,serif\"><span style=\"letter-spacing:-0.5pt\"><b><span style=\"font-size:18.0pt\"><span style=\"font-family:&quot;Calibri&quot;,sans-serif\"><span style=\"font-variant:small-caps\">Economia<\/span><\/span><\/span><\/b><\/span><\/span><\/span><\/p>\r\n\r\n<p style=\"text-align:justify\"><span style=\"font-size:11pt\"><span style=\"line-height:normal\"><span style=\"font-family:Calibri,sans-serif\"><a href=\"https:\/\/www.bcb.gov.br\/content\/focus\/focus\/R20251003.pdf\" style=\"color:blue; text-decoration:underline\"><span style=\"font-size:14.0pt\">Focus - Relat&oacute;rio de Mercado<\/span><\/a><\/span><\/span><\/span><\/p>\r\n\r\n<p style=\"text-align:justify\"><span style=\"font-size:11pt\"><span style=\"line-height:normal\"><span style=\"font-family:Calibri,sans-serif\"><a href=\"https:\/\/www.bcb.gov.br\/controleinflacao\/focusdistribuicoesfrequencia\" style=\"color:blue; text-decoration:underline\"><span style=\"font-size:14.0pt\">Focus &ndash; Distribui&ccedil;&otilde;es de Frequ&ecirc;ncia das Expectativas de Mercado para IPCA, Selic, PIB e C&acirc;mbio.<\/span><\/a><\/span><\/span><\/span><\/p>\r\n\r\n<p style=\"text-align:justify\"><span style=\"font-size:11pt\"><span style=\"line-height:normal\"><span style=\"font-family:Calibri,sans-serif\"><a href=\"https:\/\/portalibre.fgv.br\/system\/files\/divulgacao\/noticias\/mat-complementar\/2025-10\/Apresenta%C3%A7%C3%A3o%20-%20S%C3%ADntese%20das%20Sondagens%20-%20Setembro%202025.pdf\" style=\"color:blue; text-decoration:underline\"><span style=\"font-size:14.0pt\">Resumo dos resultados das Sondagens do FGV IBRE em setembro<\/span><\/a><\/span><\/span><\/span><\/p>\r\n\r\n<p style=\"text-align:justify\">&nbsp;<\/p>\r\n\r\n<p style=\"text-align:justify\"><span style=\"font-size:11pt\"><span style=\"line-height:normal\"><span style=\"font-family:Calibri,sans-serif\"><span style=\"font-size:14.0pt\"><img src=\"https:\/\/www.abint.org.br\/assets\/img\/editor\/redes-sociais-abint-ctg-cth_20251014202218Zyze8pqEet.jpg\" \/><\/span><\/span><\/span><\/span><\/p>\r\n","6":"<p style=\"text-align:justify\"><span style=\"font-size:11pt\"><span style=\"line-height:normal\"><span style=\"font-family:Calibri,sans-serif\"><span style=\"font-size:14.0pt\">Esta &eacute; uma compila&ccedil;&atilde;o das not&iacute;cias mais relevantes para o setor, incluindo informa&ccedil;&otilde;es sobre acordos internacionais, economia brasileira, sustentabilidade e mat&eacute;rias primas, al&eacute;m de novidades do setor de N&atilde;otecidos e Tecidos T&eacute;cnicos.<\/span><\/span><\/span><\/span><\/p>\r\n\r\n<p style=\"text-align:justify\"><span style=\"font-size:28pt\"><span style=\"font-family:Cambria,serif\"><span style=\"letter-spacing:-0.5pt\"><b><span style=\"font-size:18.0pt\"><span style=\"font-family:&quot;Calibri&quot;,sans-serif\"><span style=\"font-variant:small-caps\">O que vem por a&iacute;<\/span><\/span><\/span><\/b><\/span><\/span><\/span><\/p>\r\n\r\n<p><b><img src=\"https:\/\/www.abint.org.br\/assets\/img\/editor\/2o-seminario-abrafiltros-abint-apoiador_2025072217401523mrTUXRqU.png\" style=\"width: 500px; height: 500px;\" \/><\/b><\/p>\r\n\r\n<p><a href=\"https:\/\/doity.com.br\/3-seminario-brasileiro-de-filtros\"><b>Acesse aqui mais informa&ccedil;&otilde;es<\/b><\/a><\/p>\r\n\r\n<p>&nbsp;<\/p>\r\n\r\n<p><img src=\"https:\/\/www.abint.org.br\/assets\/img\/editor\/20251021-fenasan-2025_20250923190841eMb0ea0qzy.jpg\" style=\"width: 700px; height: 221px;\" \/><\/p>\r\n\r\n<p><a href=\"https:\/\/fenasan.com.br\/\"><b>Acesse aqui mais informa&ccedil;&otilde;es<\/b><\/a><\/p>\r\n\r\n<p>&nbsp;<\/p>\r\n\r\n<p><img src=\"https:\/\/www.abint.org.br\/assets\/img\/editor\/congresso-abit-2025-1_20250923191347WI6Kiky2I3.png\" style=\"width: 500px; height: 625px;\" \/><\/p>\r\n\r\n<p><a href=\"https:\/\/www.congressoabit.com.br\/\"><b>Acesse aqui mais informa&ccedil;&otilde;es<\/b><\/a><\/p>\r\n\r\n<p>&nbsp;<\/p>\r\n\r\n<p><img src=\"https:\/\/www.abint.org.br\/assets\/img\/editor\/nova-logo-premio-tcc-ic_20251014200023iBYOW5yEJX.png\" style=\"width: 500px; height: 270px;\" \/><\/p>\r\n\r\n<p>&nbsp;<\/p>\r\n\r\n<p style=\"text-align:justify\"><span style=\"font-size:11pt\"><span style=\"line-height:normal\"><span style=\"font-family:Calibri,sans-serif\"><a href=\"https:\/\/www.even3.com.br\/encontro-anual-igs-brasil-geossinteticos-em-pauta-636131\/?fbclid=PAVERTVgNSBBRleHRuA2FlbQIxMAABpwF8VswtQRKdOg4XG0MC6A1g4ywhMN2_I-pCaXZTfAgoKkS37GNA7tkTiSST_aem_tRTmfHq0NQ_O0NzOrt7a_A\" style=\"color:blue; text-decoration:underline\"><b><i><span style=\"font-size:14.0pt\">Cerim&ocirc;nia de Premia&ccedil;&atilde;o<\/span><\/i><\/b><\/a><b><span style=\"font-size:14.0pt\">, durente o &ldquo;Geossint&eacute;ticos em Pauta&rdquo;, 06 de novembro de 2025, 13h &agrave;s 18h, presencial, sede ABINT, rua Marqu&ecirc;s de Itu, 968, Higien&oacute;polis, S&atilde;o Paulo, SP<\/span><\/b><\/span><\/span><\/span><\/p>\r\n\r\n<p style=\"text-align:justify\">&nbsp;<\/p>\r\n\r\n<p><img src=\"https:\/\/www.abint.org.br\/assets\/img\/editor\/logo-ctg-abint-png_20251014200629cRswFL9MZ9.png\" style=\"width: 500px; height: 92px;\" \/><\/p>\r\n\r\n<p>&nbsp;<\/p>\r\n\r\n<p style=\"text-align:justify\"><span style=\"font-size:11pt\"><span style=\"line-height:normal\"><span style=\"font-family:Calibri,sans-serif\"><b><span style=\"font-size:14.0pt\">Patrocinador Especial do <\/span><\/b><a href=\"https:\/\/www.even3.com.br\/international-geosynthetics-workshop-standards-and-updates-in-infrastructure-and-sustainability-616680\/\" style=\"color:blue; text-decoration:underline\"><b><i><span style=\"font-size:14.0pt\">International Geosynthetics Workshop: Standards and updates in Infrastructure and Sustainability<\/span><\/i><\/b><\/a><b><i><span style=\"font-size:14.0pt\">, <\/span><\/i><\/b><b><span style=\"font-size:14.0pt\">17 de novembro de 2025, 08h &agrave;s 18h, presencial, Pontif&iacute;cia Universidade Cat&oacute;lica do Rio de Janeiro (PUC-Rio), Rio de Janeiro, RJ, Brasil<\/span><\/b><\/span><\/span><\/span><\/p>\r\n\r\n<p style=\"text-align:justify\">&nbsp;<\/p>\r\n\r\n<p style=\"text-align:justify\"><span style=\"font-size:28pt\"><span style=\"font-family:Cambria,serif\"><span style=\"letter-spacing:-0.5pt\"><b><span style=\"font-size:18.0pt\"><span style=\"font-family:&quot;Calibri&quot;,sans-serif\"><span style=\"font-variant:small-caps\">Not&iacute;cias das&nbsp;Associadas<\/span><\/span><\/span><\/b><\/span><\/span><\/span><\/p>\r\n\r\n<p style=\"text-align:justify\"><span style=\"font-size:11pt\"><span style=\"line-height:normal\"><span style=\"font-family:Calibri,sans-serif\"><a href=\"https:\/\/www.abctecnologias.com.br\/historias-de-sucesso\/leister-impulsionando-a-soldagem-de-plasticos-com-precisao-robotica\/?utm_source=ABC+Tecnologias&amp;utm_campaign=b3fc56ca3f-EMAIL_CAMPAIGN_2025_09_30_04_05&amp;utm_medium=email&amp;utm_term=0_-b3fc56ca3f-468976694\" style=\"color:blue; text-decoration:underline\"><span style=\"font-size:14.0pt\">ABC Tecnologias | Precis&atilde;o rob&oacute;tica: a evolu&ccedil;&atilde;o da soldagem de pl&aacute;sticos com a Leister<\/span><\/a><\/span><\/span><\/span><\/p>\r\n\r\n<p style=\"text-align:justify\"><span style=\"font-size:11pt\"><span style=\"line-height:normal\"><span style=\"font-family:Calibri,sans-serif\"><a href=\"https:\/\/exame.com\/negocios\/marca-de-produtos-biodegradaveis-para-pets-projeta-faturar-r-5-milhoes-em-2025\/\" style=\"color:blue; text-decoration:underline\"><span style=\"font-size:14.0pt\">Parceira Fibertex: Marca de produtos biodegrad&aacute;veis para pets projeta faturar R$ 5 milh&otilde;es em 2025<\/span><\/a><\/span><\/span><\/span><\/p>\r\n\r\n<p style=\"text-align:justify\"><span style=\"font-size:11pt\"><span style=\"line-height:normal\"><span style=\"font-family:Calibri,sans-serif\"><a href=\"https:\/\/www.ecotextile.com\/2025093060034\/news\/shows-events\/indorama-offloads-wellman-to-uk-investors\/\" style=\"color:blue; text-decoration:underline\"><span lang=\"EN-US\" style=\"font-size:14.0pt\">Indorama offloads Wellman to UK investors<\/span><\/a><\/span><\/span><\/span><\/p>\r\n\r\n<p style=\"text-align:justify\"><span style=\"font-size:11pt\"><span style=\"line-height:normal\"><span style=\"font-family:Calibri,sans-serif\"><a href=\"https:\/\/www.textileworld.com\/textile-world\/weaving-spinning\/2025\/09\/trutzschler-spinning-pre-cleaner-cl-x-the-future-of-cotton-cleaning\/\" style=\"color:blue; text-decoration:underline\"><span lang=\"EN-US\" style=\"font-size:14.0pt\">Tr&uuml;tzschler: Pre-Cleaner CL-X &mdash; The Future Of Cotton Cleaning<\/span><\/a><\/span><\/span><\/span><\/p>\r\n\r\n<p style=\"text-align:justify\">&nbsp;<\/p>\r\n\r\n<p style=\"text-align:justify\"><span style=\"font-size:11pt\"><span style=\"line-height:normal\"><span style=\"font-family:Calibri,sans-serif\"><b><span style=\"font-size:18.0pt\"><span style=\"font-variant:small-caps\">Eventos<\/span><\/span><\/b><\/span><\/span><\/span><\/p>\r\n\r\n<p style=\"text-align:justify\"><span style=\"font-size:11pt\"><span style=\"line-height:normal\"><span style=\"font-family:Calibri,sans-serif\"><a href=\"https:\/\/app.rdstation.email\/mail\/8acc31ca-cd35-4903-9f5d-3274553924be?utm_medium=email&amp;utm_campaign=emkt_workshop_tarifas_eua&amp;utm_source=RD+Station\" style=\"color:blue; text-decoration:underline\"><b><span style=\"font-size:14.0pt\">Workshop Abit | Impactos das Tarifas dos EUA e Tend&ecirc;ncias de Consumo do Setor T&amp;C<\/span><\/b><\/a><span style=\"font-size:14.0pt\">, 07 de outubro de 2025, das 10h &agrave;s 12h, evento virtual<\/span><\/span><\/span><\/span><\/p>\r\n\r\n<p style=\"text-align:justify\"><span style=\"font-size:11pt\"><span style=\"line-height:normal\"><span style=\"font-family:Calibri,sans-serif\"><a href=\"https:\/\/www.abrafiltros.org.br\/3o-seminario-brasileiro-de-filtros-acontecera-no-dia-08-de-outubro\/\" style=\"color:blue; text-decoration:underline\"><b><span style=\"font-size:14.0pt\">3&ordm; Semin&aacute;rio Brasileiro de Filtros<\/span><\/b><\/a><span style=\"font-size:14.0pt\">, 08 de outubro de 2025, evento presencial<\/span><\/span><\/span><\/span><\/p>\r\n\r\n<p style=\"text-align:justify\"><span style=\"font-size:11pt\"><span style=\"line-height:normal\"><span style=\"font-family:Calibri,sans-serif\"><a href=\"https:\/\/www.portaldaindustria.com.br\/eventos\/pt\/edicoes\/pre-cop30-o-papel-do-setor-privado-na-agenda-de-cl#msdynmkt_trackingcontext=ddc27a5f-3229-4511-a32a-8dab7ec80200\" style=\"color:blue; text-decoration:underline\"><b><span style=\"font-size:14.0pt\">CNI | Pr&eacute;-COP30: o papel do setor privado na agenda de clima<\/span><\/b><\/a><span style=\"font-size:14.0pt\">, 15 de setembro de 2025, 08h00 &agrave;s 17h00, Unique Palace, St. de Clubes Esportivos Sul Trecho 2 CJ 42, Bras&iacute;lia<\/span><\/span><\/span><\/span><\/p>\r\n\r\n<p style=\"text-align:justify\"><span style=\"font-size:11pt\"><span style=\"line-height:normal\"><span style=\"font-family:Calibri,sans-serif\"><a href=\"https:\/\/hospitalmed.com.br\/feira\/\" style=\"color:blue; text-decoration:underline\"><b><span style=\"font-size:14.0pt\">HospitalMed 2025<\/span><\/b><\/a><span style=\"font-size:14.0pt\">, 22 a 24 de outubro, Pernambuco Centro de Conven&ccedil;&otilde;es, Olinda<\/span><\/span><\/span><\/span><\/p>\r\n\r\n<p style=\"text-align:justify\"><span style=\"font-size:11pt\"><span style=\"line-height:normal\"><span style=\"font-family:Calibri,sans-serif\"><a href=\"https:\/\/www.abnteducacao.com.br\/Simbologia_de_cuidados_aplicada_a_Etiquetagem_de_Texteis_ABNT_NBR_NM_ISO_3758\" style=\"color:blue; text-decoration:underline\"><b><span style=\"font-size:14.0pt\">Curso ABNT | Simbologia de cuidados aplicada a Etiquetagem de T&ecirc;xteis - ABNT NBR NM ISO 3758<\/span><\/b><\/a><span style=\"font-size:14.0pt\">, 27 e 28 de outubro de 2025, das 08:30 &agrave;s 17h30, online<\/span><\/span><\/span><\/span><\/p>\r\n\r\n<p style=\"text-align:justify\"><span style=\"font-size:11pt\"><span style=\"line-height:normal\"><span style=\"font-family:Calibri,sans-serif\"><a href=\"https:\/\/www.congressoabit.com.br\/\" style=\"color:blue; text-decoration:underline\"><b><span style=\"font-size:14.0pt\">Congresso Internacional Abit 2025<\/span><\/b><\/a><span style=\"font-size:14.0pt\">, 29 e 30 de outubro, 08h &agrave;s 20h, FIESP, S&atilde;o Paulo, SP<\/span><\/span><\/span><\/span><\/p>\r\n\r\n<p style=\"text-align:justify\"><span style=\"font-size:11pt\"><span style=\"line-height:normal\"><span style=\"font-family:Calibri,sans-serif\"><a href=\"https:\/\/filtech.de\/\" style=\"color:blue; text-decoration:underline\"><b><span style=\"font-size:14.0pt\">Filtech 2026<\/span><\/b><\/a><span style=\"font-size:14.0pt\">, de 30 de junho a 2 de julho, Cologne, Alemanha<\/span><\/span><\/span><\/span><\/p>\r\n\r\n<p style=\"text-align:justify\"><span style=\"font-size:11pt\"><span style=\"line-height:normal\"><span style=\"font-family:Calibri,sans-serif\"><a href=\"https:\/\/ficons.com.br\/\" style=\"color:blue; text-decoration:underline\"><b><span style=\"font-size:14.0pt\">FICONS - Feira Internacional de Materiais, Equipamentos e Servi&ccedil;os da Constru&ccedil;&atilde;o<\/span><\/b><\/a><span style=\"font-size:14.0pt\">, 15 a 18 de setembro de 2026, Centro de Conven&ccedil;&otilde;es de Pernambuco Recife\/ Olinda<\/span><\/span><\/span><\/span><\/p>\r\n\r\n<p style=\"text-align:justify\"><span style=\"font-size:11pt\"><span style=\"line-height:normal\"><span style=\"font-family:Calibri,sans-serif\"><a href=\"https:\/\/tendencias.sobratema.com\/?utm_source=akna&amp;utm_medium=email&amp;utm_campaign=Sua-marca-em-destaque-no-20-Tendencias-do-Mercado-da-Construcao-patrocine-este-encontro-estrategico\" style=\"color:blue; text-decoration:underline\"><b><span style=\"font-size:14.0pt\">SOBRATEMA | 20&ordf; Tend&ecirc;ncias do Mercado da Constru&ccedil;&atilde;o<\/span><\/b><\/a><span style=\"font-size:14.0pt\">, 26 de novembro de 2025, 18h, APAS, S&atilde;o Paulo, SP<\/span><\/span><\/span><\/span><\/p>\r\n\r\n<p style=\"text-align:justify\"><span style=\"font-size:28pt\"><span style=\"font-family:Cambria,serif\"><span style=\"letter-spacing:-0.5pt\"><b><span style=\"font-size:18.0pt\"><span style=\"font-family:&quot;Calibri&quot;,sans-serif\"><span style=\"font-variant:small-caps\">Setor<\/span><\/span><\/span><\/b><\/span><\/span><\/span><\/p>\r\n\r\n<p style=\"text-align:justify\"><span style=\"font-size:11pt\"><span style=\"line-height:normal\"><span style=\"font-family:Calibri,sans-serif\"><a href=\"http:\/\/clickemail.portalpersonalcare.com.br\/ls\/click?upn=u001.D2-2F0Tg0A29KXXLMT6ctG-2BYOihdDbc-2ByFrUFb3ZXMT9R-2FihHydQsFaToto444UFPLdglF4DVNRm9z9wlKnUysmo8sSq4G-2BFmKGySWTWldhMUMsYKeVjq-2BZmDLJtsNN8VfobWiwe3PzVWARFwvq6speXU-2FQtELiPYpEldKsJzjPPgok-2B1QwyDj5BohGdzxgWbBuvO7lRQnCMSEWjiubf9sChjQBYrTCyeUI-2Fr-2Fyr83fSUtcLVUX4Ab1ZqB0IGzzVkX2zZ79JWgJP-2FVAUYdj66-2F0pTmTTtXFNJ4hnVPpgLz1QgmCkxbbG9iaL4Nw-2B6jWtoFyPXIqZe5geVkC-2FFuAAQ1OMad7iZ2-2FW5kbhmrf4DWQKs1FnyLAGlLbVTXAWg7O-2FojaMyg_T7N8BvZTOm04CQQMiyWztrpCjlUrRc4F7QzSgUIpTqDyHxxxhGpyWLohz7JoE2GE5NHlS-2BYZoX1R75Fh8KCze9GvCCb-2FinuNgc39g0Cdbe-2FcU8RlSBQhp5om11AQZQ-2FDnSgN7xFDVABO3O6CYfvUFqT7K2p0hq9KH1e0DV9wHyPnA4R5JsrXLvypiwzEmD3QDLJxam-2BEMIi3vZbQ0z5TwIlWNzuIalEo0prL8WBShXM7jui7X87FPgAJfvqR71MsyXrx96EyS7Pky-2BdYWWVnKccdXJbmt-2BIDUbHKQzpvL52nzohMMPBHFiJwXs5-2BoSpEtzwWuksKz3oejIBNKKvQA1tiZSbtHpws4xmDU7vUhtbq5e9BR7CvbQ9OnxNnLjhMPX3LnIQegqbHe0CfYXYqP1eyh6pwm4peNkdr4pzLByXfeyCj5AV1jkSP8f-2FHSFopt-2FaYGXhuZ1tRxuyk9DR9ecdA5PmSmOqkKUwIUPvha6l4kdSyaUYdlDCVrfxHDHxiql4GuK9Sl1ncy1oPODQdAy9OrRWEqztCHHALLp07XGGOhhBHKu7svD-2B04LomicF83008yskN9Ft4Vwf1ffJrXz7VLFZmmWGwx-2Fpz-2BwIqXKiYhr9uTY5NjIh5d6nqdnUd0ZU59fgQc1fEtYpTnyT6oeEVGPx7Vy6qE2hEcmyF04-2FgnYAP3RSr7Qd74zPWYwgXhMBPEL4rRneozSXE2Ivl44EIzZge1Ca4e8cbE372hBpRUAFob5KX4H0-2BJk6YJMt5\" style=\"color:blue; text-decoration:underline\" target=\"_blank\"><span style=\"font-size:14.0pt\">Gest&atilde;o da cadeia de suprimentos: o elo invis&iacute;vel que sustenta a ind&uacute;stria de descart&aacute;veis<\/span><\/a><\/span><\/span><\/span><\/p>\r\n\r\n<p style=\"text-align:justify\"><span style=\"font-size:11pt\"><span style=\"line-height:normal\"><span style=\"font-family:Calibri,sans-serif\"><a href=\"https:\/\/www.nonwovens-industry.com\/contents\/view_breaking-news\/2025-10-02\/global-nonwovens-alliance-appoints-inaugural-board\/15303\" style=\"color:blue; text-decoration:underline\"><span lang=\"EN-US\" style=\"font-size:14.0pt\">Global Nonwovens Alliance Appoints Inaugural Board<\/span><\/a><\/span><\/span><\/span><\/p>\r\n\r\n<p style=\"text-align:justify\"><span style=\"font-size:11pt\"><span style=\"line-height:normal\"><span style=\"font-family:Calibri,sans-serif\"><a href=\"https:\/\/www.meiofiltrante.com.br\/Artigo\/6209\/filtros-sinterizados-a-tecnologia-que-revoluciona-a-filtragem-de-liquidos-e-gases\" style=\"color:blue; text-decoration:underline\"><span style=\"font-size:14.0pt\">Filtros sinterizados: a tecnologia que revoluciona a filtragem de l&iacute;quidos e gases<\/span><\/a><\/span><\/span><\/span><\/p>\r\n\r\n<p style=\"text-align:justify\"><span style=\"font-size:11pt\"><span style=\"line-height:normal\"><span style=\"font-family:Calibri,sans-serif\"><a href=\"https:\/\/sinditextilsp.org.br\/home\/2025\/09\/sinditextil-sp-elege-novo-presidente\/?utm_medium=email&amp;utm_campaign=sindinews_-_01102025&amp;utm_source=RD+Station\" style=\"color:blue; text-decoration:underline\"><span style=\"font-size:14.0pt\">Sindit&ecirc;xtil-SP elege novo presidente<\/span><\/a><\/span><\/span><\/span><\/p>\r\n\r\n<p style=\"text-align:justify\"><span style=\"font-size:11pt\"><span style=\"line-height:normal\"><span style=\"font-family:Calibri,sans-serif\"><a href=\"http:\/\/clickemail.portalpersonalcare.com.br\/ls\/click?upn=u001.D2-2F0Tg0A29KXXLMT6ctG-2BYOihdDbc-2ByFrUFb3ZXMT9SrH0muueRtr1qJUBnqWub2IwbcJEz01j73WLCnK-2BYZJEM2A0QfHSPqqdAfQQxuBI1Xiz0sUH01KqJTg9EbIkCxNQRHsuoKXi0bor-2B4nQyknHw0KYgNKvA8CFNCTSG2TWjtxb-2BAKnDyeCqBXzQuLvXVzFZACXlNGR2MxxHOqK2PRarwPbABvcXAUXA62t9vJ-2BKcLK9z8gR7VBzpuOXpEmBS21MEdRSZbOI-2B183AM-2FGi5e-2FDgreSpeZHUV1GdyhBLvno6kiqsrvd-2B7ohE3FokAyIaQ7v309IRN3Gw-2BMC8NCoVkxiFRtGr-2BnAzrsZKC1gdaqZ5G3km5ItZ9MnD69ek-2Fb6kEPCnE0BnzCWB-2BX9cwB1vQ-3D-3D8mhR_T7N8BvZTOm04CQQMiyWztrpCjlUrRc4F7QzSgUIpTqDyHxxxhGpyWLohz7JoE2GE5NHlS-2BYZoX1R75Fh8KCze9GvCCb-2FinuNgc39g0Cdbe-2FcU8RlSBQhp5om11AQZQ-2FDpMyQhQRFMpuERlN9jyuR-2BK98bsrqYJrbCk3u7TWIAgVo1GrWb4Pr4xF8yvso-2F-2Fji9bX4grgO4UCvmNuA0Z2bOIwiQKzf-2Bi1SI5nNtjn2vczPDjuQMzLFLREyR0iyKF-2FjvTU0eowSfSnoKcSsOQ4YojeLB-2BoXggWwepvBSD-2BQ8xsvVvv2Wcyoq1b-2Bb0WcJCZ-2BWVkyUDT2OdI5qgJXUhcjJJzRIMkP2NR5Y0GtdUqmA-2B-2Bq2kWEXt35hHlMYbej6YIa3mIhX1NVB1xZsWwA-2FqX2E-2BnkeM6rBbvErqidEavjEmd2C-2F9ASGJmBP4StJWF4YsDal-2Bfh8Le-2BE3-2FC4-2FF8WfZhd-2FR6zpeNRwEshfxAjYZB-2FeBukDxX8S9vHOPnNEq3OJ0HxxghDSyCsTFF5YIwR1ukTD7tY79ojSiMS-2B0uu4NxHAPA966UywBqUfV84wpzwc8UMZb6twxnFEdQPxnFi3KtYihScUJbiunmtF3oskJETqaoopiWbhtcKJNVVveZDR-2B-2B24ndaeKHoW4IAnTH-2FxBPXfm3Cmcs1tYfeDkViGGupinkyLb47Ly9vB9bZ-2BPHjdxqJNqQglm5sz7wtkBv5B-2FPsuRvKBOZzN7KpYvLeZEqG3enrmQdt0NirXdcX6dAoHJ\" style=\"color:blue; text-decoration:underline\" target=\"_blank\"><span style=\"font-size:14.0pt\">Com investimento de R$ 30 milh&otilde;es, Drylock traz tecnologia de ponta para nova planta em Capivari (SP)<\/span><\/a><\/span><\/span><\/span><\/p>\r\n\r\n<p style=\"text-align:justify\"><span style=\"font-size:11pt\"><span style=\"line-height:normal\"><span style=\"font-family:Calibri,sans-serif\"><a href=\"https:\/\/portalpersonalcare.com.br\/geriatex-anuncia-expansao-e-triplica-capacidade-produtiva-com-investimento-100-nacional\/?utm_medium=email&amp;utm_campaign=newsletter_01102025&amp;utm_source=RD+Station\" style=\"color:blue; text-decoration:underline\"><span style=\"font-size:14.0pt\">Geriatex anuncia expans&atilde;o e triplica capacidade produtiva com investimento 100% nacional<\/span><\/a><\/span><\/span><\/span><\/p>\r\n\r\n<p style=\"text-align:justify\"><span style=\"font-size:11pt\"><span style=\"line-height:normal\"><span style=\"font-family:Calibri,sans-serif\"><a href=\"https:\/\/www.nonwovens-industry.com\/contents\/view_breaking-news\/2025-09-29\/magnera-to-cease-operations-in-pilar-argentina\/?utm_campaign=NON%20eNewsletter&amp;utm_medium=email&amp;_hsenc=p2ANqtz-9-CNJCxfMUUR8AyUgbmbYzR65omekmHVzNjPSGX-iGivpQ3UtgD0nfq3gPiZ4fAY9VeethGBkB28WhhvIc9FiS_rg6VA&amp;_hsmi=383393764&amp;utm_content=383393764&amp;utm_source=hs_email\" style=\"color:blue; text-decoration:underline\"><span lang=\"EN-US\" style=\"font-size:14.0pt\">Magnera to Cease Operations in Pilar, Argentina<\/span><\/a><\/span><\/span><\/span><\/p>\r\n\r\n<p style=\"text-align:justify\"><span style=\"font-size:28pt\"><span style=\"font-family:Cambria,serif\"><span style=\"letter-spacing:-0.5pt\"><b><span style=\"font-size:18.0pt\"><span style=\"font-family:&quot;Calibri&quot;,sans-serif\"><span style=\"font-variant:small-caps\">Ind&uacute;stria<\/span><\/span><\/span><\/b><\/span><\/span><\/span><\/p>\r\n\r\n<p style=\"text-align:justify\"><span style=\"font-size:11pt\"><span style=\"line-height:normal\"><span style=\"font-family:Calibri,sans-serif\"><a href=\"https:\/\/portalibre.fgv.br\/system\/files\/divulgacao\/noticias\/mat-complementar\/2025-10\/%C3%8Dndice%20de%20Confian%C3%A7a%20Empresarial%20FGV_press%20release_Set25.pdf\" style=\"color:blue; text-decoration:underline\"><span style=\"font-size:14.0pt\">Confian&ccedil;a Empresarial acomoda ap&oacute;s tr&ecirc;s meses em queda<\/span><\/a><\/span><\/span><\/span><\/p>\r\n\r\n<p style=\"text-align:justify\"><span style=\"font-size:11pt\"><span style=\"line-height:normal\"><span style=\"font-family:Calibri,sans-serif\"><a href=\"https:\/\/portalpersonalcare.com.br\/resiliencia-no-supply-chain-a-vantagem-competitiva-de-poucos\/?utm_medium=email&amp;utm_campaign=colunistas_resiliencia_no_supply_chain_a_vantagem_competitiva_de_poucos&amp;utm_source=RD+Station\" style=\"color:blue; text-decoration:underline\"><span style=\"font-size:14.0pt\">Resili&ecirc;ncia no Supply Chain: a vantagem competitiva de poucos<\/span><\/a><\/span><\/span><\/span><\/p>\r\n\r\n<p style=\"text-align:justify\"><span style=\"font-size:11pt\"><span style=\"line-height:normal\"><span style=\"font-family:Calibri,sans-serif\"><a href=\"https:\/\/www.youtube.com\/watch?v=4Dxy1p8FIic\" style=\"color:blue; text-decoration:underline\"><span style=\"font-size:14.0pt\">Mesa Redonda &quot;Acredita&ccedil;&atilde;o de Projetos de Infraestrutura e Responsabiliza&ccedil;&atilde;o&quot;<\/span><\/a><\/span><\/span><\/span><\/p>\r\n\r\n<p style=\"text-align:justify\"><span style=\"font-size:11pt\"><span style=\"line-height:normal\"><span style=\"font-family:Calibri,sans-serif\"><a href=\"https:\/\/www.revistaanamaco.com.br\/construcao-cria-17-mil-novos-empregos?utm_campaign=Revista+Anamaco+Online&amp;utm_content=Constru%C3%A7%C3%A3o+cria+17+mil+novos+empregos+-+Revista+Anamaco&amp;utm_medium=email&amp;utm_source=dinamize&amp;utm_term=Revista+Anamaco+Online-NewsLetter%2372-2025\" style=\"color:blue; text-decoration:underline\"><span style=\"font-size:14.0pt\">Constru&ccedil;&atilde;o cria 17 mil novos empregos<\/span><\/a><\/span><\/span><\/span><\/p>\r\n\r\n<p style=\"text-align:justify\"><span style=\"font-size:11pt\"><span style=\"line-height:normal\"><span style=\"font-family:Calibri,sans-serif\"><a href=\"https:\/\/plasticosemrevista.com.br\/transformacao-precisa-se-repensar-para-atrair-jovens\/\" style=\"color:blue; text-decoration:underline\"><span style=\"font-size:14.0pt\">Transforma&ccedil;&atilde;o precisa se repensar para atrair jovens<\/span><\/a><\/span><\/span><\/span><\/p>\r\n\r\n<p style=\"text-align:justify\"><span style=\"font-size:11pt\"><span style=\"line-height:normal\"><span style=\"font-family:Calibri,sans-serif\"><a href=\"https:\/\/www.meiofiltrante.com.br\/Artigo\/6204\/programa-descarte-consciente-abrafiltros-chega-a-50-milhoes-de-filtros-reciclados-\" style=\"color:blue; text-decoration:underline\"><span style=\"font-size:14.0pt\">Programa Descarte Consciente Abrafiltros chega a 50 milh&otilde;es de filtros reciclados<\/span><\/a><\/span><\/span><\/span><\/p>\r\n\r\n<p style=\"text-align:justify\"><span style=\"font-size:28pt\"><span style=\"font-family:Cambria,serif\"><span style=\"letter-spacing:-0.5pt\"><b><span style=\"font-size:18.0pt\"><span style=\"font-family:&quot;Calibri&quot;,sans-serif\"><span style=\"font-variant:small-caps\">Sustentabilidade<\/span><\/span><\/span><\/b><\/span><\/span><\/span><\/p>\r\n\r\n<p style=\"text-align:justify\"><span style=\"font-size:11pt\"><span style=\"line-height:normal\"><span style=\"font-family:Calibri,sans-serif\"><a href=\"https:\/\/plasticosemrevista.com.br\/aumenta-a-quantidade-de-recicladoras-fechadas-na-holanda\/\" style=\"color:blue; text-decoration:underline\"><span style=\"font-size:14.0pt\">Aumenta a quantidade de recicladoras fechadas na Holanda<\/span><\/a><\/span><\/span><\/span><\/p>\r\n\r\n<p style=\"text-align:justify\"><span style=\"font-size:11pt\"><span style=\"line-height:normal\"><span style=\"font-family:Calibri,sans-serif\"><a href=\"https:\/\/agenciabrasil.ebc.com.br\/economia\/noticia\/2025-09\/producao-de-plastico-reciclado-no-brasil-cresceu-8-em-2024\" style=\"color:blue; text-decoration:underline\"><span style=\"font-size:14.0pt\">Produ&ccedil;&atilde;o de pl&aacute;stico reciclado no Brasil cresceu 8% em 2024<\/span><\/a><\/span><\/span><\/span><\/p>\r\n\r\n<p style=\"text-align:justify\"><span style=\"font-size:11pt\"><span style=\"line-height:normal\"><span style=\"font-family:Calibri,sans-serif\"><a href=\"https:\/\/agenciagov.ebc.com.br\/noticias\/202510\/brasil-institui-estrategia-de-enfrentamento-a-poluicao-plastica-no-oceano\" style=\"color:blue; text-decoration:underline\"><span style=\"font-size:14.0pt\">Brasil institui estrat&eacute;gia de enfrentamento &agrave; polui&ccedil;&atilde;o pl&aacute;stica no oceano<\/span><\/a><\/span><\/span><\/span><\/p>\r\n\r\n<p style=\"text-align:justify\"><span style=\"font-size:11pt\"><span style=\"line-height:normal\"><span style=\"font-family:Calibri,sans-serif\"><a href=\"https:\/\/www.plastico.com.br\/economia-circular-planec-introduz-a-circularidade-na-legislacao\/\" style=\"color:blue; text-decoration:underline\"><span style=\"font-size:14.0pt\">Economia circular: Planec introduz a circularidade na legisla&ccedil;&atilde;o<\/span><\/a><\/span><\/span><\/span><\/p>\r\n\r\n<p style=\"text-align:justify\"><span style=\"font-size:11pt\"><span style=\"line-height:normal\"><span style=\"font-family:Calibri,sans-serif\"><a href=\"https:\/\/portalpersonalcare.com.br\/pura-nappicycle-desvia-500-mil-fraldas-de-aterros-em-projeto-piloto-de-reciclagem-na-inglaterra\/?utm_medium=email&amp;utm_campaign=newsletter_01102025&amp;utm_source=RD+Station\" style=\"color:blue; text-decoration:underline\"><span style=\"font-size:14.0pt\">Pura NappiCycle desvia 500 mil fraldas de aterros em projeto piloto de reciclagem na Inglaterra<\/span><\/a><\/span><\/span><\/span><\/p>\r\n\r\n<p style=\"text-align:justify\"><span style=\"font-size:28pt\"><span style=\"font-family:Cambria,serif\"><span style=\"letter-spacing:-0.5pt\"><b><span style=\"font-size:18.0pt\"><span style=\"font-family:&quot;Calibri&quot;,sans-serif\"><span style=\"font-variant:small-caps\">Inova&ccedil;&atilde;o<\/span><\/span><\/span><\/b><\/span><\/span><\/span><\/p>\r\n\r\n<p style=\"text-align:justify\"><span style=\"font-size:11pt\"><span style=\"line-height:normal\"><span style=\"font-family:Calibri,sans-serif\"><a href=\"https:\/\/www.inovacaotecnologica.com.br\/noticias\/noticia.php?artigo=filtro-ceramico-celulas-hidrogenio&amp;id=010115251006&amp;ebol=sim\" style=\"color:blue; text-decoration:underline\"><span style=\"font-size:14.0pt\">Filtro cer&acirc;mico traz c&eacute;lulas de hidrog&ecirc;nio para o mundo real<\/span><\/a><\/span><\/span><\/span><\/p>\r\n\r\n<p style=\"text-align:justify\"><span style=\"font-size:11pt\"><span style=\"line-height:normal\"><span style=\"font-family:Calibri,sans-serif\"><a href=\"https:\/\/www.noticenter.com.br\/n.php?ID=40974&amp;T=tecnologia-inedita-criada-pela-nione-transforma-plasticos-reciclados-em-materiais-de-alta-performance\" style=\"color:blue; text-decoration:underline\"><span style=\"font-size:14.0pt\">Tecnologia in&eacute;dita criada pela NIONE transforma pl&aacute;sticos reciclados em materiais de alta performance<\/span><\/a><\/span><\/span><\/span><\/p>\r\n\r\n<p style=\"text-align:justify\"><span style=\"font-size:11pt\"><span style=\"line-height:normal\"><span style=\"font-family:Calibri,sans-serif\"><a href=\"https:\/\/autoesporte.globo.com\/setor-automotivo\/inovacao-e-tecnologia-em-automoveis\/noticia\/2025\/10\/gasolina-sintetica-feita-de-plastico.ghtml\" style=\"color:blue; text-decoration:underline\"><span style=\"font-size:14.0pt\">Como palestinos produzem gasolina sint&eacute;tica a partir de pl&aacute;stico<\/span><\/a><\/span><\/span><\/span><\/p>\r\n\r\n<p style=\"text-align:justify\"><span style=\"font-size:11pt\"><span style=\"line-height:normal\"><span style=\"font-family:Calibri,sans-serif\"><a href=\"https:\/\/www.agenciasp.sp.gov.br\/dormente-ferroviario-de-plastico-reciclado\/\" style=\"color:blue; text-decoration:underline\"><span style=\"font-size:14.0pt\">Dormente ferrovi&aacute;rio de pl&aacute;stico desenvolvido pela USP &eacute; alternativa sustent&aacute;vel para os modelos no mercado<\/span><\/a><\/span><\/span><\/span><\/p>\r\n\r\n<p style=\"text-align:justify\"><span style=\"font-size:28pt\"><span style=\"font-family:Cambria,serif\"><span style=\"letter-spacing:-0.5pt\"><b><span style=\"font-size:18.0pt\"><span style=\"font-family:&quot;Calibri&quot;,sans-serif\"><span style=\"font-variant:small-caps\">Com&eacute;rcio Exterior<\/span><\/span><\/span><\/b><\/span><\/span><\/span><\/p>\r\n\r\n<p style=\"text-align:justify\"><span style=\"font-size:11pt\"><span style=\"line-height:normal\"><span style=\"font-family:Calibri,sans-serif\"><a href=\"https:\/\/www.segs.com.br\/demais\/431042-acordo-comercial-entre-brasil-e-uniao-europeia-os-desafios-que-os-exportadores-brasileiros-estao-enfrentando-nesse-novo-cenario\" style=\"color:blue; text-decoration:underline\"><span style=\"font-size:14.0pt\">Acordo comercial entre Brasil e Uni&atilde;o Europeia os desafios que os exportadores brasileiros est&atilde;o enfrentando nesse novo cen&aacute;rio<\/span><\/a><\/span><\/span><\/span><\/p>\r\n\r\n<p style=\"text-align:justify\"><span style=\"font-size:11pt\"><span style=\"line-height:normal\"><span style=\"font-family:Calibri,sans-serif\"><a href=\"https:\/\/www.ccbc.org.br\/publicacoes\/noticias-ccbc\/brasil-e-canada-reabrem-caminho-para-acordo-de-livre-comercio-com-o-mercosul\/?utm_medium=email&amp;utm_campaign=ccbcnews-set25_pt&amp;utm_source=RD+Station\" style=\"color:blue; text-decoration:underline\"><span style=\"font-size:14.0pt\">Canad&aacute; reabre caminho para acordo de livre com&eacute;rcio com o Mercosul<\/span><\/a><\/span><\/span><\/span><\/p>\r\n\r\n<p style=\"text-align:justify\"><span style=\"font-size:11pt\"><span style=\"line-height:normal\"><span style=\"font-family:Calibri,sans-serif\"><a href=\"https:\/\/www.machadomeyer.com.br\/pt\/inteligencia-juridica\/publicacoes-ij\/tributario-ij\/rfb-intensifica-combate-a-infracoes-e-ilicitos-em-importacoes\" style=\"color:blue; text-decoration:underline\"><span style=\"font-size:14.0pt\">RFB intensifica combate a infra&ccedil;&otilde;es e il&iacute;citos em importa&ccedil;&otilde;es<\/span><\/a><\/span><\/span><\/span><\/p>\r\n\r\n<p style=\"text-align:justify\"><span style=\"font-size:11pt\"><span style=\"line-height:normal\"><span style=\"font-family:Calibri,sans-serif\"><a href=\"https:\/\/www.youtube.com\/live\/VInLUPV53yY#msdynmkt_trackingcontext=2eb27a3d-4613-4a52-9657-e652c1c80100\" style=\"color:blue; text-decoration:underline\"><span style=\"font-size:14.0pt\">Confira a grava&ccedil;&atilde;o do webinar sobre Novo Regime de Origem Brasil-Chile<\/span><\/a><\/span><\/span><\/span><\/p>\r\n\r\n<p style=\"text-align:justify\"><span style=\"font-size:28pt\"><span style=\"font-family:Cambria,serif\"><span style=\"letter-spacing:-0.5pt\"><b><span style=\"font-size:18.0pt\"><span style=\"font-family:&quot;Calibri&quot;,sans-serif\"><span style=\"font-variant:small-caps\">Economia<\/span><\/span><\/span><\/b><\/span><\/span><\/span><\/p>\r\n\r\n<p style=\"text-align:justify\"><span style=\"font-size:11pt\"><span style=\"line-height:normal\"><span style=\"font-family:Calibri,sans-serif\"><a href=\"https:\/\/www.bcb.gov.br\/content\/focus\/focus\/R20251003.pdf\" style=\"color:blue; text-decoration:underline\"><span style=\"font-size:14.0pt\">Focus - Relat&oacute;rio de Mercado<\/span><\/a><\/span><\/span><\/span><\/p>\r\n\r\n<p style=\"text-align:justify\"><span style=\"font-size:11pt\"><span style=\"line-height:normal\"><span style=\"font-family:Calibri,sans-serif\"><a href=\"https:\/\/www.bcb.gov.br\/controleinflacao\/focusdistribuicoesfrequencia\" style=\"color:blue; text-decoration:underline\"><span style=\"font-size:14.0pt\">Focus &ndash; Distribui&ccedil;&otilde;es de Frequ&ecirc;ncia das Expectativas de Mercado para IPCA, Selic, PIB e C&acirc;mbio.<\/span><\/a><\/span><\/span><\/span><\/p>\r\n\r\n<p style=\"text-align:justify\"><span style=\"font-size:11pt\"><span style=\"line-height:normal\"><span style=\"font-family:Calibri,sans-serif\"><a href=\"https:\/\/portalibre.fgv.br\/system\/files\/divulgacao\/noticias\/mat-complementar\/2025-10\/Apresenta%C3%A7%C3%A3o%20-%20S%C3%ADntese%20das%20Sondagens%20-%20Setembro%202025.pdf\" style=\"color:blue; text-decoration:underline\"><span style=\"font-size:14.0pt\">Resumo dos resultados das Sondagens do FGV IBRE em setembro<\/span><\/a><\/span><\/span><\/span><\/p>\r\n\r\n<p style=\"text-align:justify\">&nbsp;<\/p>\r\n\r\n<p style=\"text-align:justify\"><span style=\"font-size:11pt\"><span style=\"line-height:normal\"><span style=\"font-family:Calibri,sans-serif\"><span style=\"font-size:14.0pt\"><img src=\"https:\/\/www.abint.org.br\/assets\/img\/editor\/redes-sociais-abint-ctg-cth_20251014202218Zyze8pqEet.jpg\" \/><\/span><\/span><\/span><\/span><\/p>\r\n","texto_en":"","7":"","imagem":"COMP_capa-2025-site-boletim-abint-noticias-semanis_20251014202425YIQAmk44Ex.jpg","8":"COMP_capa-2025-site-boletim-abint-noticias-semanis_20251014202425YIQAmk44Ex.jpg","arquivo":"20251007-BOLETIM-ABINT-DE-NOTICIAS-SEMANAIS.PDF","9":"20251007-BOLETIM-ABINT-DE-NOTICIAS-SEMANAIS.PDF","titulo_arquivo":"20251007 Boletim ABINT de Not\u00edcias Semanais","10":"20251007 Boletim ABINT de Not\u00edcias Semanais","titulo_arquivo_en":"","11":"","created_at":"2025-10-14 20:24:34","12":"2025-10-14 20:24:34","updated_at":"2025-10-14 20:24:34","13":"2025-10-14 20:24:34"},{"id":195,"0":195,"ordem":26,"1":26,"data":"2025-09-30","2":"2025-09-30","slug":"boletim-abint-de-noticias-semanais-97","3":"boletim-abint-de-noticias-semanais-97","titulo":"Boletim ABINT de Not\u00edcias Semanais","4":"Boletim ABINT de Not\u00edcias Semanais","titulo_en":"","5":"","texto":"<p style=\"text-align:justify\"><span style=\"font-size:11pt\"><span style=\"line-height:normal\"><span style=\"font-family:Calibri,sans-serif\"><span style=\"font-size:14.0pt\">Esta &eacute; uma compila&ccedil;&atilde;o das not&iacute;cias mais relevantes para o setor, incluindo informa&ccedil;&otilde;es sobre acordos internacionais, economia brasileira, sustentabilidade e mat&eacute;rias primas, al&eacute;m de novidades do setor de N&atilde;otecidos e Tecidos T&eacute;cnicos.<\/span><\/span><\/span><\/span><\/p>\r\n\r\n<p style=\"text-align:justify\"><span style=\"font-size:28pt\"><span style=\"font-family:Cambria,serif\"><span style=\"letter-spacing:-0.5pt\"><b><span style=\"font-size:18.0pt\"><span style=\"font-family:&quot;Calibri&quot;,sans-serif\"><span style=\"font-variant:small-caps\">O que vem por a&iacute;<\/span><\/span><\/span><\/b><\/span><\/span><\/span><\/p>\r\n\r\n<p style=\"text-align:justify\">&nbsp;<\/p>\r\n\r\n<p><b><img src=\"https:\/\/www.abint.org.br\/assets\/img\/editor\/2o-seminario-abrafiltros-abint-apoiador_2025072217401523mrTUXRqU.png\" style=\"width: 500px; height: 500px;\" \/><\/b><\/p>\r\n\r\n<p><a href=\"https:\/\/doity.com.br\/3-seminario-brasileiro-de-filtros\"><b>Acesse aqui mais informa&ccedil;&otilde;es<\/b><\/a><\/p>\r\n\r\n<p>&nbsp;<\/p>\r\n\r\n<p><img src=\"https:\/\/www.abint.org.br\/assets\/img\/editor\/20251021-fenasan-2025_20250923190841eMb0ea0qzy.jpg\" style=\"width: 700px; height: 221px;\" \/><\/p>\r\n\r\n<p><a href=\"https:\/\/fenasan.com.br\/\"><b>Acesse aqui mais informa&ccedil;&otilde;es<\/b><\/a><\/p>\r\n\r\n<p>&nbsp;<\/p>\r\n\r\n<p><img src=\"https:\/\/www.abint.org.br\/assets\/img\/editor\/congresso-abit-2025-1_20250923191347WI6Kiky2I3.png\" style=\"width: 500px; height: 625px;\" \/><\/p>\r\n\r\n<p><a href=\"https:\/\/www.congressoabit.com.br\/\"><b>Acesse aqui mais informa&ccedil;&otilde;es<\/b><\/a><\/p>\r\n\r\n<p><span style=\"font-size:28pt\"><span style=\"font-family:Cambria,serif\"><span style=\"letter-spacing:-0.5pt\"><b><span style=\"font-size:18.0pt\"><span style=\"font-family:&quot;Calibri&quot;,sans-serif\"><span style=\"font-variant:small-caps\">Not&iacute;cias das Associadas<\/span><\/span><\/span><\/b><\/span><\/span><\/span><\/p>\r\n\r\n<p style=\"text-align:justify\"><span style=\"font-size:11pt\"><span style=\"line-height:normal\"><span style=\"font-family:Calibri,sans-serif\"><a href=\"https:\/\/mailchi.mp\/abctecnologias\/primeiro-barco-de-canal-em-pead-estreia-com-tecnologia-leister?e=5337ee208e\" style=\"color:blue; text-decoration:underline\"><span style=\"font-size:14.0pt\">ABC Tecnologias | Fazendo Onda: Lan&ccedil;ado o primeiro barco de canal em PEAD<\/span><\/a><\/span><\/span><\/span><\/p>\r\n\r\n<p style=\"text-align:justify\"><span style=\"font-size:11pt\"><span style=\"line-height:normal\"><span style=\"font-family:Calibri,sans-serif\"><a href=\"https:\/\/www.medicaldevice-network.com\/news\/freudenberg-manufacturing-facility-in-costa-rica\/\" style=\"color:blue; text-decoration:underline\"><span lang=\"EN-US\" style=\"font-size:14.0pt\">Freudenberg opens new manufacturing facility in Costa Rica<\/span><\/a><\/span><\/span><\/span><\/p>\r\n\r\n<p style=\"text-align:justify\"><span style=\"font-size:11pt\"><span style=\"line-height:normal\"><span style=\"font-family:Calibri,sans-serif\"><a href=\"https:\/\/www.kaohooninternational.com\/markets\/566578\" style=\"color:blue; text-decoration:underline\"><span lang=\"EN-US\" style=\"font-size:14.0pt\">Indorama Ventures Disposes Wellman International in Strategic Move to Streamline Operation<\/span><\/a><\/span><\/span><\/span><\/p>\r\n\r\n<p style=\"text-align:justify\"><span style=\"font-size:11pt\"><span style=\"line-height:normal\"><span style=\"font-family:Calibri,sans-serif\"><a href=\"https:\/\/www.railway-technology.com\/contractors\/data\/hs2-invites-tech-smes-cost-cuts\/pressreleases\/pressmrt-rockfall-mrt-sungai\/\" style=\"color:blue; text-decoration:underline\"><span lang=\"EN-US\" style=\"font-size:14.0pt\">Maccaferri Provides Rockfall Products for MRT Sungai Buloh-Kajan Project<\/span><\/a><\/span><\/span><\/span><\/p>\r\n\r\n<p style=\"text-align:justify\"><span style=\"font-size:11pt\"><span style=\"line-height:normal\"><span style=\"font-family:Calibri,sans-serif\"><a href=\"https:\/\/www.cbnme.com\/news\/officine-maccaferri-signs-global-distribution-agreement-with-tubosider\/\" style=\"color:blue; text-decoration:underline\"><span lang=\"EN-US\" style=\"font-size:14.0pt\">Officine Maccaferri Signs Global Distribution Agreement With Tubosider<\/span><\/a><\/span><\/span><\/span><\/p>\r\n\r\n<p style=\"text-align:justify\"><span style=\"font-size:11pt\"><span style=\"line-height:normal\"><span style=\"font-family:Calibri,sans-serif\"><a href=\"https:\/\/www.engineering.com\/trutzschler-adopts-contacts-cloud-plm-for-digitalization\/\" style=\"color:blue; text-decoration:underline\"><span lang=\"EN-US\" style=\"font-size:14.0pt\">Tr&uuml;tzschler adopts CONTACT&rsquo;s cloud PLM for digitalization<\/span><\/a><\/span><\/span><\/span><\/p>\r\n\r\n<p style=\"text-align:justify\"><span style=\"font-size:11pt\"><span style=\"line-height:normal\"><span style=\"font-family:Calibri,sans-serif\"><b><span style=\"font-size:18.0pt\"><span style=\"font-variant:small-caps\">Eventos<\/span><\/span><\/b><\/span><\/span><\/span><\/p>\r\n\r\n<p style=\"text-align:justify\"><span style=\"font-size:11pt\"><span style=\"line-height:normal\"><span style=\"font-family:Calibri,sans-serif\"><a href=\"https:\/\/app.rdstation.email\/mail\/2babe40a-eb86-4044-b658-43fbda6625a2?utm_medium=email&amp;utm_campaign=2108_convite_workshop_justica_trabalho_-_reenvio&amp;utm_source=RD+Station\" style=\"color:blue; text-decoration:underline\"><b><span style=\"font-size:14.0pt\">Workshop Abit | Pedidos Irreais na Justi&ccedil;a do Trabalho: Como Lidar com o Exagero Processual<\/span><\/b><\/a><span style=\"font-size:14.0pt\">, 30 de setembro de 2025, 09 &agrave;s 12h, evento h&iacute;brido<\/span><\/span><\/span><\/span><\/p>\r\n\r\n<p style=\"text-align:justify\"><span style=\"font-size:11pt\"><span style=\"line-height:normal\"><span style=\"font-family:Calibri,sans-serif\"><a href=\"https:\/\/www.instagram.com\/sobeccnacional\/p\/DA1V8NZyhNK\/?img_index=1\" style=\"color:blue; text-decoration:underline\"><b><span style=\"font-size:14.0pt\">17&ordm; Congresso Brasileiro de Enfermagem em Centro Cir&uacute;rgico: &ldquo;O poder de cuidar&rdquo;<\/span><\/b><\/a><span style=\"font-size:14.0pt\">, 01 a 03 de outubro de 2025, Transamerica Expo Center, S&atilde;o Paulo, SP<\/span><\/span><\/span><\/span><\/p>\r\n\r\n<p style=\"text-align:justify\"><span style=\"font-size:11pt\"><span style=\"line-height:normal\"><span style=\"font-family:Calibri,sans-serif\"><a href=\"https:\/\/his.saudebusiness.com\/pt\/home.html\" style=\"color:blue; text-decoration:underline\"><b><span style=\"font-size:14.0pt\">Healthcare Innovation Show (HIS)<\/span><\/b><\/a><span style=\"font-size:14.0pt\">, 01 e 02 de outubro de 2025, 09h &agrave;s 18h, S&atilde;o Paulo Expo<\/span><\/span><\/span><\/span><\/p>\r\n\r\n<p style=\"text-align:justify\"><span style=\"font-size:11pt\"><span style=\"line-height:normal\"><span style=\"font-family:Calibri,sans-serif\"><a href=\"https:\/\/www.youtube.com\/live\/VInLUPV53yY#msdynmkt_trackingcontext=d135af1f-c083-4d77-8dce-99723a4f0100\" style=\"color:blue; text-decoration:underline\"><b><span style=\"font-size:14.0pt\">CNI | Webinar sobre Novo Regime de Origem Brasil-Chile<\/span><\/b><\/a><span style=\"font-size:14.0pt\">, 02 de outubro de 2025, 11h, canal YouTube CNI<\/span><\/span><\/span><\/span><\/p>\r\n\r\n<p style=\"text-align:justify\"><span style=\"font-size:11pt\"><span style=\"line-height:normal\"><span style=\"font-family:Calibri,sans-serif\"><a href=\"https:\/\/www.sympla.com.br\/evento-online\/encontros-cop30-clima-impacto-e-mercado-os-desafios-da-mitigacao-e-da-adaptacao\/3127010\" style=\"color:blue; text-decoration:underline\"><b><span style=\"font-size:14.0pt\">Fecom&eacute;rcio | Encontros COP30 - Clima, Impacto e Mercado | Os desafios da mitiga&ccedil;&atilde;o e da adapta&ccedil;&atilde;o<\/span><\/b><\/a><span style=\"font-size:14.0pt\">, 03 de outubro de 2025, das 14:30 &agrave;s 17:00, evento online via Youtube<\/span><\/span><\/span><\/span><\/p>\r\n\r\n<p style=\"text-align:justify\"><span style=\"font-size:11pt\"><span style=\"line-height:normal\"><span style=\"font-family:Calibri,sans-serif\"><a href=\"https:\/\/app.rdstation.email\/mail\/8acc31ca-cd35-4903-9f5d-3274553924be?utm_medium=email&amp;utm_campaign=emkt_workshop_tarifas_eua&amp;utm_source=RD+Station\" style=\"color:blue; text-decoration:underline\"><b><span style=\"font-size:14.0pt\">Workshop Abit | Impactos das Tarifas dos EUA e Tend&ecirc;ncias de Consumo do Setor T&amp;C<\/span><\/b><\/a><span style=\"font-size:14.0pt\">, 07 de outubro de 2025, das 10h &agrave;s 12h, evento virtual<\/span><\/span><\/span><\/span><\/p>\r\n\r\n<p style=\"text-align:justify\"><span style=\"font-size:11pt\"><span style=\"line-height:normal\"><span style=\"font-family:Calibri,sans-serif\"><a href=\"https:\/\/www.abrafiltros.org.br\/3o-seminario-brasileiro-de-filtros-acontecera-no-dia-08-de-outubro\/\" style=\"color:blue; text-decoration:underline\"><b><span style=\"font-size:14.0pt\">3&ordm; Semin&aacute;rio Brasileiro de Filtros<\/span><\/b><\/a><span style=\"font-size:14.0pt\">, 08 de outubro de 2025, evento presencial<\/span><\/span><\/span><\/span><\/p>\r\n\r\n<p style=\"text-align:justify\"><span style=\"font-size:11pt\"><span style=\"line-height:normal\"><span style=\"font-family:Calibri,sans-serif\"><a href=\"https:\/\/www.portaldaindustria.com.br\/eventos\/pt\/edicoes\/pre-cop30-o-papel-do-setor-privado-na-agenda-de-cl#msdynmkt_trackingcontext=ddc27a5f-3229-4511-a32a-8dab7ec80200\" style=\"color:blue; text-decoration:underline\"><b><span style=\"font-size:14.0pt\">CNI | Pr&eacute;-COP30: o papel do setor privado na agenda de clima<\/span><\/b><\/a><span style=\"font-size:14.0pt\">, 15 de setembro de 2025, 08h00 &agrave;s 17h00, Unique Palace, St. de Clubes Esportivos Sul Trecho 2 CJ 42, Bras&iacute;lia<\/span><\/span><\/span><\/span><\/p>\r\n\r\n<p style=\"text-align:justify\"><span style=\"font-size:11pt\"><span style=\"line-height:normal\"><span style=\"font-family:Calibri,sans-serif\"><a href=\"https:\/\/hospitalmed.com.br\/feira\/\" style=\"color:blue; text-decoration:underline\"><b><span style=\"font-size:14.0pt\">HospitalMed 2025<\/span><\/b><\/a><span style=\"font-size:14.0pt\">, 22 a 24 de outubro, Pernambuco Centro de Conven&ccedil;&otilde;es, Olinda<\/span><\/span><\/span><\/span><\/p>\r\n\r\n<p style=\"text-align:justify\"><span style=\"font-size:11pt\"><span style=\"line-height:normal\"><span style=\"font-family:Calibri,sans-serif\"><a href=\"https:\/\/www.abnteducacao.com.br\/Simbologia_de_cuidados_aplicada_a_Etiquetagem_de_Texteis_ABNT_NBR_NM_ISO_3758\" style=\"color:blue; text-decoration:underline\"><b><span style=\"font-size:14.0pt\">Curso ABNT | Simbologia de cuidados aplicada a Etiquetagem de T&ecirc;xteis - ABNT NBR NM ISO 3758<\/span><\/b><\/a><span style=\"font-size:14.0pt\">, 27 e 28 de outubro de 2025, das 08:30 &agrave;s 17h30, online<\/span><\/span><\/span><\/span><\/p>\r\n\r\n<p style=\"text-align:justify\"><span style=\"font-size:11pt\"><span style=\"line-height:normal\"><span style=\"font-family:Calibri,sans-serif\"><a href=\"https:\/\/www.congressoabit.com.br\/\" style=\"color:blue; text-decoration:underline\"><b><span style=\"font-size:14.0pt\">Congresso Internacional Abit 2025<\/span><\/b><\/a><span style=\"font-size:14.0pt\">, 29 e 30 de outubro, 08h &agrave;s 20h, FIESP, S&atilde;o Paulo, SP<\/span><\/span><\/span><\/span><\/p>\r\n\r\n<p style=\"text-align:justify\"><span style=\"font-size:11pt\"><span style=\"line-height:normal\"><span style=\"font-family:Calibri,sans-serif\"><a href=\"https:\/\/filtech.de\/\" style=\"color:blue; text-decoration:underline\"><b><span style=\"font-size:14.0pt\">Filtech 2026<\/span><\/b><\/a><span style=\"font-size:14.0pt\">, de 30 de junho a 2 de julho, Cologne, Alemanha<\/span><\/span><\/span><\/span><\/p>\r\n\r\n<p style=\"text-align:justify\"><span style=\"font-size:11pt\"><span style=\"line-height:normal\"><span style=\"font-family:Calibri,sans-serif\"><a href=\"https:\/\/ficons.com.br\/\" style=\"color:blue; text-decoration:underline\"><b><span style=\"font-size:14.0pt\">FICONS - Feira Internacional de Materiais, Equipamentos e Servi&ccedil;os da Constru&ccedil;&atilde;o<\/span><\/b><\/a><span style=\"font-size:14.0pt\">, 15 a 18 de setembro de 2026, Centro de Conven&ccedil;&otilde;es de Pernambuco Recife\/ Olinda<\/span><\/span><\/span><\/span><\/p>\r\n\r\n<p style=\"text-align:justify\"><span style=\"font-size:28pt\"><span style=\"font-family:Cambria,serif\"><span style=\"letter-spacing:-0.5pt\"><b><span style=\"font-size:18.0pt\"><span style=\"font-family:&quot;Calibri&quot;,sans-serif\"><span style=\"font-variant:small-caps\">Setor<\/span><\/span><\/span><\/b><\/span><\/span><\/span><\/p>\r\n\r\n<p style=\"text-align:justify\"><span style=\"font-size:11pt\"><span style=\"line-height:normal\"><span style=\"font-family:Calibri,sans-serif\"><a href=\"https:\/\/plasticosemrevista.com.br\/pp-china-colhe-frutos-da-producao-autossuficiente\/\" style=\"color:blue; text-decoration:underline\"><span style=\"font-size:14.0pt\">PP: China colhe frutos da produ&ccedil;&atilde;o autossuficiente<\/span><\/a><\/span><\/span><\/span><\/p>\r\n\r\n<p style=\"text-align:justify\"><span style=\"font-size:11pt\"><span style=\"line-height:normal\"><span style=\"font-family:Calibri,sans-serif\"><a href=\"https:\/\/plasticosemrevista.com.br\/eua-transformacao-faturou-us-157-3-bi-em-2024\/\" style=\"color:blue; text-decoration:underline\"><span style=\"font-size:14.0pt\">EUA: transforma&ccedil;&atilde;o faturou US$ 157.3 bi em 2024<\/span><\/a><\/span><\/span><\/span><\/p>\r\n\r\n<p style=\"text-align:justify\"><span style=\"font-size:11pt\"><span style=\"line-height:normal\"><span style=\"font-family:Calibri,sans-serif\"><a href=\"https:\/\/plasticosemrevista.com.br\/com-um-pe-atras\/\" style=\"color:blue; text-decoration:underline\"><span style=\"font-size:14.0pt\">Com um p&eacute; atr&aacute;s: instabilidade faz setor de embalagens flex&iacute;veis avaliar investimentos com mais cautela<\/span><\/a><\/span><\/span><\/span><\/p>\r\n\r\n<p style=\"text-align:justify\"><span style=\"font-size:11pt\"><span style=\"line-height:normal\"><span style=\"font-family:Calibri,sans-serif\"><a href=\"https:\/\/agfeed.com.br\/negocios\/braskem-no-agro-falando-a-lingua-do-produtor-empresa-ve-crescimento-de-dois-digitos-para-o-plastico-nas-fazendas\/\" style=\"color:blue; text-decoration:underline\"><span style=\"font-size:14.0pt\">Braskem no agro? Falando &quot;a l&iacute;ngua do produtor&quot;, empresa v&ecirc; crescimento de &ldquo;dois d&iacute;gitos&rdquo; para o pl&aacute;stico nas fazendas<\/span><\/a><\/span><\/span><\/span><\/p>\r\n\r\n<p style=\"text-align:justify\"><span style=\"font-size:11pt\"><span style=\"line-height:normal\"><span style=\"font-family:Calibri,sans-serif\"><a href=\"http:\/\/clickemail.portalpersonalcare.com.br\/ls\/click?upn=u001.D2-2F0Tg0A29KXXLMT6ctG-2BYOihdDbc-2ByFrUFb3ZXMT9TIYC1fxX8TUOfHzcN4W9CIpjSnpBwuGt5RnID2M5LTT6HNiCWkjy6Q-2FvdUgcSerbujPlZiydwbWMODfyrCKDWIM7zV2aSQFA5JC8OIq7xGZ5Z8b7KgS8rfHKEn4zFQOmAHdWOzfl0MO3WydkvjVD3P4-2BhPAQZzuR1CVnCc2jJGQiubkM3bO-2B3rW9tPaPcIzf8Pp-2BLzGP5xYPZRDqB4-2FuEov-2B0CYzFu-2F1QDj97wB96042gDXZKRhuCCapETt0-2FltLxmw7c1VohESO-2B9tl1KAlP8gQlWzqgI-2B9xL2HSrVC8Q6fJ8jZ3U5OAd3YvQLqI7cu1mhAgvFLhjfC-2BssHdz3vNOE5nu_T7N8BvZTOm04CQQMiyWztrpCjlUrRc4F7QzSgUIpTqDyHxxxhGpyWLohz7JoE2GE5NHlS-2BYZoX1R75Fh8KCze9GvCCb-2FinuNgc39g0Cdbe-2FcU8RlSBQhp5om11AQZQ-2FD0Zm07RizJXVTPRkYGglhFNkR26qeX1vr30nXt9X6G5Loxx5cp68JFuinjRNduAirj42cjyMlNIZB-2FGS-2F8MHVTt2hFCS5eVg4c-2BHRfTpMpYi2nHUKMokR-2B17Puvnj8zWK2PDJXbuuuosbZZ6QvFPBkMKwUbyxiEziPfrDlwtPrdd7VdUmKODLrBi7UZaevglVvy-2BNJVursTgRkuKYF6AadGvjQpMhhONX1XmJaHX3e-2FQ5Ux0mKPRc2vvGpP84TemWI5KACCrcVbbDGgEOrLJEEaNauzd5C4cubJe9SMZR0GAvy8-2F0DleI3tuOba-2FrlMz-2B0bF8jLkhSYDAoFaTsrpMmw6sSPvlgnQPw-2F7e4X5hMpTzKCr7UAJnyrrai6Bcph5-2BstCVPAzmABkhRtdnHo-2Bp4sON7xvzKhsUo10HGAkeSzUu5u-2BIyNbESVrB9k0-2Bqo4JgirbvbJjy9S5q8VZq935kqTxEKr4GHe-2FT9vbRERzT6rqZ8qsx4w-2F5vfOd2KpCQH6cvc7zNy6B1xwtuTCAsRFte7cZ4gYCfZyjCs-2Buco5xRG4rRXsFFqGUKRPd670XD15GMoh3Z-2BKiFNInBsN6PKdcl1ZQqledk0Yq-2BcV7cPT-2B-2BEuhmrSl7UT9R0tjXRxI5T2\" style=\"color:blue; text-decoration:underline\" target=\"_blank\"><span style=\"font-size:14.0pt\">Geriatex anuncia expans&atilde;o e triplica capacidade produtiva com investimento 100% nacional<\/span><\/a><\/span><\/span><\/span><\/p>\r\n\r\n<p style=\"text-align:justify\"><span style=\"font-size:28pt\"><span style=\"font-family:Cambria,serif\"><span style=\"letter-spacing:-0.5pt\"><b><span style=\"font-size:18.0pt\"><span style=\"font-family:&quot;Calibri&quot;,sans-serif\"><span style=\"font-variant:small-caps\">Ind&uacute;stria<\/span><\/span><\/span><\/b><\/span><\/span><\/span><\/p>\r\n\r\n<p style=\"text-align:justify\"><span style=\"font-size:11pt\"><span style=\"line-height:normal\"><span style=\"font-family:Calibri,sans-serif\"><a href=\"https:\/\/noticias.portaldaindustria.com.br\/posicionamentos\/cni-apoia-operacoes-do-governo-federal-no-combate-ao-mercado-ilegal\/\" style=\"color:blue; text-decoration:underline\"><span style=\"font-size:14.0pt\">CNI apoia opera&ccedil;&otilde;es do governo federal no combate ao mercado ilegal<\/span><\/a><\/span><\/span><\/span><\/p>\r\n\r\n<p style=\"text-align:justify\"><span style=\"font-size:11pt\"><span style=\"line-height:normal\"><span style=\"font-family:Calibri,sans-serif\"><a href=\"https:\/\/portalibre.fgv.br\/system\/files\/2025-09\/sondagem-da-industria-fgv_press-release_set25.pdf\" style=\"color:blue; text-decoration:underline\"><span style=\"font-size:14.0pt\">Confian&ccedil;a da ind&uacute;stria ficou est&aacute;vel em setembro<\/span><\/a><\/span><\/span><\/span><\/p>\r\n\r\n<p style=\"text-align:justify\"><span style=\"font-size:11pt\"><span style=\"line-height:normal\"><span style=\"font-family:Calibri,sans-serif\"><a href=\"https:\/\/sindusconsp.com.br\/incc-m-sobe-021-em-setembro\/#:~:text=O%20%C3%8Dndice%20Nacional%20de%20Custo,%2C23%25%20em%2012%20meses.\" style=\"color:blue; text-decoration:underline\"><span style=\"font-size:14.0pt\">&Iacute;ndice Nacional de Custo da Constru&ccedil;&atilde;o sobe em setembro<\/span><\/a><\/span><\/span><\/span><\/p>\r\n\r\n<p style=\"text-align:justify\"><span style=\"font-size:11pt\"><span style=\"line-height:normal\"><span style=\"font-family:Calibri,sans-serif\"><a href=\"https:\/\/portalibre.fgv.br\/noticias\/confianca-do-construcao-subiu-07-ponto-em-setembro#:~:text=Podcast&amp;text=O%20%C3%8Dndice%20de%20Confian%C3%A7a%20da,no%20terceiro%20trimestre%20do%20ano.\" style=\"color:blue; text-decoration:underline\"><span style=\"font-size:14.0pt\">Confian&ccedil;a do Constru&ccedil;&atilde;o subiu 0,7 ponto em setembro<\/span><\/a><\/span><\/span><\/span><\/p>\r\n\r\n<p style=\"text-align:justify\"><span style=\"font-size:28pt\"><span style=\"font-family:Cambria,serif\"><span style=\"letter-spacing:-0.5pt\"><b><span style=\"font-size:18.0pt\"><span style=\"font-family:&quot;Calibri&quot;,sans-serif\"><span style=\"font-variant:small-caps\">Sustentabilidade<\/span><\/span><\/span><\/b><\/span><\/span><\/span><\/p>\r\n\r\n<p style=\"text-align:justify\"><span style=\"font-size:11pt\"><span style=\"line-height:normal\"><span style=\"font-family:Calibri,sans-serif\"><a href=\"https:\/\/diariodocomercio.com.br\/economia\/industria-reciclagem-recuperacao\/\" style=\"color:blue; text-decoration:underline\"><span style=\"font-size:14.0pt\">ABIPLAST: ind&uacute;stria da reciclagem de pl&aacute;sticos mostra recupera&ccedil;&atilde;o em 2024<\/span><\/a><\/span><\/span><\/span><\/p>\r\n\r\n<p style=\"text-align:justify\"><span style=\"font-size:11pt\"><span style=\"line-height:normal\"><span style=\"font-family:Calibri,sans-serif\"><a href=\"https:\/\/plasticosemrevista.com.br\/pet-maior-recicladora-da-california-encerra-producao\/\" style=\"color:blue; text-decoration:underline\"><span style=\"font-size:14.0pt\">PET: maior recicladora da Calif&oacute;rnia encerra produ&ccedil;&atilde;o<\/span><\/a><\/span><\/span><\/span><\/p>\r\n\r\n<p style=\"text-align:justify\"><span style=\"font-size:11pt\"><span style=\"line-height:normal\"><span style=\"font-family:Calibri,sans-serif\"><a href=\"https:\/\/plasticosemrevista.com.br\/por-que-reciclagem-rima-com-triagem\/\" style=\"color:blue; text-decoration:underline\"><span style=\"font-size:14.0pt\">Por que reciclagem rima com triagem<\/span><\/a><\/span><\/span><\/span><\/p>\r\n\r\n<p style=\"text-align:justify\"><span style=\"font-size:28pt\"><span style=\"font-family:Cambria,serif\"><span style=\"letter-spacing:-0.5pt\"><b><span style=\"font-size:18.0pt\"><span style=\"font-family:&quot;Calibri&quot;,sans-serif\"><span style=\"font-variant:small-caps\">Inova&ccedil;&atilde;o<\/span><\/span><\/span><\/b><\/span><\/span><\/span><\/p>\r\n\r\n<p style=\"text-align:justify\"><span style=\"font-size:11pt\"><span style=\"line-height:normal\"><span style=\"font-family:Calibri,sans-serif\"><a href=\"https:\/\/www.tempo.pt\/noticias\/ciencia\/cientistas-transformam-residuos-plasticos-em-materiais-eficientes-para-a-captura-de-co.html\" style=\"color:blue; text-decoration:underline\"><span style=\"font-size:14.0pt\">Cientistas transformam res&iacute;duos pl&aacute;sticos em materiais eficientes para a captura de CO2<\/span><\/a><\/span><\/span><\/span><\/p>\r\n\r\n<p style=\"text-align:justify\"><span style=\"font-size:11pt\"><span style=\"line-height:normal\"><span style=\"font-family:Calibri,sans-serif\"><a href=\"https:\/\/www.inovacaotecnologica.com.br\/noticias\/noticia.php?artigo=recorde-isolamento-termico&amp;id=010160250925&amp;ebol=sim\" style=\"color:blue; text-decoration:underline\"><span style=\"font-size:14.0pt\">Material estabelece novo recorde de isolamento t&eacute;rmico<\/span><\/a><\/span><\/span><\/span><\/p>\r\n\r\n<p style=\"text-align:justify\"><span style=\"font-size:11pt\"><span style=\"line-height:normal\"><span style=\"font-family:Calibri,sans-serif\"><a href=\"https:\/\/www.gov.br\/mcti\/pt-br\/acompanhe-o-mcti\/noticias\/2025\/09\/empresas-devem-comprovar-investimentos-em-inovacao-ate-30-de-setembro\" style=\"color:blue; text-decoration:underline\"><span style=\"font-size:14.0pt\">Empresas devem comprovar investimentos em inova&ccedil;&atilde;o at&eacute; 30 de setembro<\/span><\/a><\/span><\/span><\/span><\/p>\r\n\r\n<p style=\"text-align:justify\"><span style=\"font-size:28pt\"><span style=\"font-family:Cambria,serif\"><span style=\"letter-spacing:-0.5pt\"><b><span style=\"font-size:18.0pt\"><span style=\"font-family:&quot;Calibri&quot;,sans-serif\"><span style=\"font-variant:small-caps\">Com&eacute;rcio Exterior<\/span><\/span><\/span><\/b><\/span><\/span><\/span><\/p>\r\n\r\n<p style=\"text-align:justify\"><span style=\"font-size:11pt\"><span style=\"line-height:normal\"><span style=\"font-family:Calibri,sans-serif\"><a href=\"https:\/\/noticias.portaldaindustria.com.br\/noticias\/internacional\/torcemos-pela-aproximacao-entre-brasil-e-eua-mas-o-caminho-e-longo-diz-presidente-da-cni\/\" style=\"color:blue; text-decoration:underline\"><span style=\"font-size:14.0pt\">&ldquo;Torcemos pela aproxima&ccedil;&atilde;o entre Brasil e EUA, mas o caminho &eacute; longo&rdquo;, diz presidente da CNI<\/span><\/a><\/span><\/span><\/span><\/p>\r\n\r\n<p style=\"text-align:justify\"><span style=\"font-size:11pt\"><span style=\"line-height:normal\"><span style=\"font-family:Calibri,sans-serif\"><a href=\"https:\/\/noticias.portaldaindustria.com.br\/noticias\/economia\/mesmo-com-aumento-de-isencoes-738-das-exportacoes-brasileiras-seguem-impactadas-por-tarifaco\/\" style=\"color:blue; text-decoration:underline\"><span style=\"font-size:14.0pt\">Mesmo com aumento de isen&ccedil;&otilde;es, 73,8% das exporta&ccedil;&otilde;es brasileiras seguem impactadas por tarifa&ccedil;o<\/span><\/a><\/span><\/span><\/span><\/p>\r\n\r\n<p style=\"text-align:justify\"><span style=\"font-size:11pt\"><span style=\"line-height:normal\"><span style=\"font-family:Calibri,sans-serif\"><a href=\"https:\/\/noticias.portaldaindustria.com.br\/noticias\/institucional\/cni-abre-4-escritorios-no-exterior-para-fortalecer-presenca-internacional-da-industria-brasileira\/\" style=\"color:blue; text-decoration:underline\"><span style=\"font-size:14.0pt\">CNI abre 4 escrit&oacute;rios no exterior para fortalecer presen&ccedil;a internacional da ind&uacute;stria brasileira<\/span><\/a><\/span><\/span><\/span><\/p>\r\n\r\n<p style=\"text-align:justify\"><span style=\"font-size:11pt\"><span style=\"line-height:normal\"><span style=\"font-family:Calibri,sans-serif\"><a href=\"https:\/\/www.infomoney.com.br\/economia\/eua-e-ue-oficializam-acordo-comercial-com-novas-tarifas-e-excecoes-estrategicas\/\" style=\"color:blue; text-decoration:underline\"><span style=\"font-size:14.0pt\">EUA e UE oficializam acordo comercial com novas tarifas e exce&ccedil;&otilde;es estrat&eacute;gicas<\/span><\/a><\/span><\/span><\/span><\/p>\r\n\r\n<p style=\"text-align:justify\"><span style=\"font-size:11pt\"><span style=\"line-height:normal\"><span style=\"font-family:Calibri,sans-serif\"><a href=\"https:\/\/apexbrasil.com.br\/content\/apexbrasil\/br\/pt\/conteudo\/noticias\/ApexBrasil-publica-Perfil-de-Comercio-e-Investimentos-da-EFTA-e-identifica-oportunidades-para-comercio-bilateral-com-os-quatro-paises-membros-do-bloco.html#msdynmkt_trackingcontext=92290f4e-0dcc-4101-919d-270c7f770100\" style=\"color:blue; text-decoration:underline\"><span style=\"font-size:14.0pt\">ApexBrasil publica Perfil de Com&eacute;rcio e Investimentos da EFTA e identifica oportunidades para com&eacute;rcio bilateral com os quatro pa&iacute;ses membros do bloco<\/span><\/a><\/span><\/span><\/span><\/p>\r\n\r\n<p style=\"text-align:justify\"><span style=\"font-size:28pt\"><span style=\"font-family:Cambria,serif\"><span style=\"letter-spacing:-0.5pt\"><b><span style=\"font-size:18.0pt\"><span style=\"font-family:&quot;Calibri&quot;,sans-serif\"><span style=\"font-variant:small-caps\">Economia<\/span><\/span><\/span><\/b><\/span><\/span><\/span><\/p>\r\n\r\n<p style=\"text-align:justify\"><span style=\"font-size:11pt\"><span style=\"line-height:normal\"><span style=\"font-family:Calibri,sans-serif\"><a href=\"https:\/\/www.bcb.gov.br\/content\/focus\/focus\/R20250926.pdf\" style=\"color:blue; text-decoration:underline\"><span style=\"font-size:14.0pt\">Focus - Relat&oacute;rio de Mercado<\/span><\/a><\/span><\/span><\/span><\/p>\r\n\r\n<p style=\"text-align:justify\"><span style=\"font-size:11.0pt\"><span style=\"line-height:115%\"><span style=\"font-family:&quot;Calibri&quot;,sans-serif\"><a href=\"https:\/\/youtu.be\/JUJPLbnThKw?si=NbDnK_JvPDCQHxWo\" style=\"color:blue; text-decoration:underline\"><span style=\"font-size:14.0pt\"><span style=\"line-height:115%\">Conex&atilde;o Econ&ocirc;mica FGV IBRE | Reforma tribut&aacute;ria, com Sthefani Lara Rocha | Especial Infraestrutura<\/span><\/span><\/a><\/span><\/span><\/span><\/p>\r\n","6":"<p style=\"text-align:justify\"><span style=\"font-size:11pt\"><span style=\"line-height:normal\"><span style=\"font-family:Calibri,sans-serif\"><span style=\"font-size:14.0pt\">Esta &eacute; uma compila&ccedil;&atilde;o das not&iacute;cias mais relevantes para o setor, incluindo informa&ccedil;&otilde;es sobre acordos internacionais, economia brasileira, sustentabilidade e mat&eacute;rias primas, al&eacute;m de novidades do setor de N&atilde;otecidos e Tecidos T&eacute;cnicos.<\/span><\/span><\/span><\/span><\/p>\r\n\r\n<p style=\"text-align:justify\"><span style=\"font-size:28pt\"><span style=\"font-family:Cambria,serif\"><span style=\"letter-spacing:-0.5pt\"><b><span style=\"font-size:18.0pt\"><span style=\"font-family:&quot;Calibri&quot;,sans-serif\"><span style=\"font-variant:small-caps\">O que vem por a&iacute;<\/span><\/span><\/span><\/b><\/span><\/span><\/span><\/p>\r\n\r\n<p style=\"text-align:justify\">&nbsp;<\/p>\r\n\r\n<p><b><img src=\"https:\/\/www.abint.org.br\/assets\/img\/editor\/2o-seminario-abrafiltros-abint-apoiador_2025072217401523mrTUXRqU.png\" style=\"width: 500px; height: 500px;\" \/><\/b><\/p>\r\n\r\n<p><a href=\"https:\/\/doity.com.br\/3-seminario-brasileiro-de-filtros\"><b>Acesse aqui mais informa&ccedil;&otilde;es<\/b><\/a><\/p>\r\n\r\n<p>&nbsp;<\/p>\r\n\r\n<p><img src=\"https:\/\/www.abint.org.br\/assets\/img\/editor\/20251021-fenasan-2025_20250923190841eMb0ea0qzy.jpg\" style=\"width: 700px; height: 221px;\" \/><\/p>\r\n\r\n<p><a href=\"https:\/\/fenasan.com.br\/\"><b>Acesse aqui mais informa&ccedil;&otilde;es<\/b><\/a><\/p>\r\n\r\n<p>&nbsp;<\/p>\r\n\r\n<p><img src=\"https:\/\/www.abint.org.br\/assets\/img\/editor\/congresso-abit-2025-1_20250923191347WI6Kiky2I3.png\" style=\"width: 500px; height: 625px;\" \/><\/p>\r\n\r\n<p><a href=\"https:\/\/www.congressoabit.com.br\/\"><b>Acesse aqui mais informa&ccedil;&otilde;es<\/b><\/a><\/p>\r\n\r\n<p><span style=\"font-size:28pt\"><span style=\"font-family:Cambria,serif\"><span style=\"letter-spacing:-0.5pt\"><b><span style=\"font-size:18.0pt\"><span style=\"font-family:&quot;Calibri&quot;,sans-serif\"><span style=\"font-variant:small-caps\">Not&iacute;cias das Associadas<\/span><\/span><\/span><\/b><\/span><\/span><\/span><\/p>\r\n\r\n<p style=\"text-align:justify\"><span style=\"font-size:11pt\"><span style=\"line-height:normal\"><span style=\"font-family:Calibri,sans-serif\"><a href=\"https:\/\/mailchi.mp\/abctecnologias\/primeiro-barco-de-canal-em-pead-estreia-com-tecnologia-leister?e=5337ee208e\" style=\"color:blue; text-decoration:underline\"><span style=\"font-size:14.0pt\">ABC Tecnologias | Fazendo Onda: Lan&ccedil;ado o primeiro barco de canal em PEAD<\/span><\/a><\/span><\/span><\/span><\/p>\r\n\r\n<p style=\"text-align:justify\"><span style=\"font-size:11pt\"><span style=\"line-height:normal\"><span style=\"font-family:Calibri,sans-serif\"><a href=\"https:\/\/www.medicaldevice-network.com\/news\/freudenberg-manufacturing-facility-in-costa-rica\/\" style=\"color:blue; text-decoration:underline\"><span lang=\"EN-US\" style=\"font-size:14.0pt\">Freudenberg opens new manufacturing facility in Costa Rica<\/span><\/a><\/span><\/span><\/span><\/p>\r\n\r\n<p style=\"text-align:justify\"><span style=\"font-size:11pt\"><span style=\"line-height:normal\"><span style=\"font-family:Calibri,sans-serif\"><a href=\"https:\/\/www.kaohooninternational.com\/markets\/566578\" style=\"color:blue; text-decoration:underline\"><span lang=\"EN-US\" style=\"font-size:14.0pt\">Indorama Ventures Disposes Wellman International in Strategic Move to Streamline Operation<\/span><\/a><\/span><\/span><\/span><\/p>\r\n\r\n<p style=\"text-align:justify\"><span style=\"font-size:11pt\"><span style=\"line-height:normal\"><span style=\"font-family:Calibri,sans-serif\"><a href=\"https:\/\/www.railway-technology.com\/contractors\/data\/hs2-invites-tech-smes-cost-cuts\/pressreleases\/pressmrt-rockfall-mrt-sungai\/\" style=\"color:blue; text-decoration:underline\"><span lang=\"EN-US\" style=\"font-size:14.0pt\">Maccaferri Provides Rockfall Products for MRT Sungai Buloh-Kajan Project<\/span><\/a><\/span><\/span><\/span><\/p>\r\n\r\n<p style=\"text-align:justify\"><span style=\"font-size:11pt\"><span style=\"line-height:normal\"><span style=\"font-family:Calibri,sans-serif\"><a href=\"https:\/\/www.cbnme.com\/news\/officine-maccaferri-signs-global-distribution-agreement-with-tubosider\/\" style=\"color:blue; text-decoration:underline\"><span lang=\"EN-US\" style=\"font-size:14.0pt\">Officine Maccaferri Signs Global Distribution Agreement With Tubosider<\/span><\/a><\/span><\/span><\/span><\/p>\r\n\r\n<p style=\"text-align:justify\"><span style=\"font-size:11pt\"><span style=\"line-height:normal\"><span style=\"font-family:Calibri,sans-serif\"><a href=\"https:\/\/www.engineering.com\/trutzschler-adopts-contacts-cloud-plm-for-digitalization\/\" style=\"color:blue; text-decoration:underline\"><span lang=\"EN-US\" style=\"font-size:14.0pt\">Tr&uuml;tzschler adopts CONTACT&rsquo;s cloud PLM for digitalization<\/span><\/a><\/span><\/span><\/span><\/p>\r\n\r\n<p style=\"text-align:justify\"><span style=\"font-size:11pt\"><span style=\"line-height:normal\"><span style=\"font-family:Calibri,sans-serif\"><b><span style=\"font-size:18.0pt\"><span style=\"font-variant:small-caps\">Eventos<\/span><\/span><\/b><\/span><\/span><\/span><\/p>\r\n\r\n<p style=\"text-align:justify\"><span style=\"font-size:11pt\"><span style=\"line-height:normal\"><span style=\"font-family:Calibri,sans-serif\"><a href=\"https:\/\/app.rdstation.email\/mail\/2babe40a-eb86-4044-b658-43fbda6625a2?utm_medium=email&amp;utm_campaign=2108_convite_workshop_justica_trabalho_-_reenvio&amp;utm_source=RD+Station\" style=\"color:blue; text-decoration:underline\"><b><span style=\"font-size:14.0pt\">Workshop Abit | Pedidos Irreais na Justi&ccedil;a do Trabalho: Como Lidar com o Exagero Processual<\/span><\/b><\/a><span style=\"font-size:14.0pt\">, 30 de setembro de 2025, 09 &agrave;s 12h, evento h&iacute;brido<\/span><\/span><\/span><\/span><\/p>\r\n\r\n<p style=\"text-align:justify\"><span style=\"font-size:11pt\"><span style=\"line-height:normal\"><span style=\"font-family:Calibri,sans-serif\"><a href=\"https:\/\/www.instagram.com\/sobeccnacional\/p\/DA1V8NZyhNK\/?img_index=1\" style=\"color:blue; text-decoration:underline\"><b><span style=\"font-size:14.0pt\">17&ordm; Congresso Brasileiro de Enfermagem em Centro Cir&uacute;rgico: &ldquo;O poder de cuidar&rdquo;<\/span><\/b><\/a><span style=\"font-size:14.0pt\">, 01 a 03 de outubro de 2025, Transamerica Expo Center, S&atilde;o Paulo, SP<\/span><\/span><\/span><\/span><\/p>\r\n\r\n<p style=\"text-align:justify\"><span style=\"font-size:11pt\"><span style=\"line-height:normal\"><span style=\"font-family:Calibri,sans-serif\"><a href=\"https:\/\/his.saudebusiness.com\/pt\/home.html\" style=\"color:blue; text-decoration:underline\"><b><span style=\"font-size:14.0pt\">Healthcare Innovation Show (HIS)<\/span><\/b><\/a><span style=\"font-size:14.0pt\">, 01 e 02 de outubro de 2025, 09h &agrave;s 18h, S&atilde;o Paulo Expo<\/span><\/span><\/span><\/span><\/p>\r\n\r\n<p style=\"text-align:justify\"><span style=\"font-size:11pt\"><span style=\"line-height:normal\"><span style=\"font-family:Calibri,sans-serif\"><a href=\"https:\/\/www.youtube.com\/live\/VInLUPV53yY#msdynmkt_trackingcontext=d135af1f-c083-4d77-8dce-99723a4f0100\" style=\"color:blue; text-decoration:underline\"><b><span style=\"font-size:14.0pt\">CNI | Webinar sobre Novo Regime de Origem Brasil-Chile<\/span><\/b><\/a><span style=\"font-size:14.0pt\">, 02 de outubro de 2025, 11h, canal YouTube CNI<\/span><\/span><\/span><\/span><\/p>\r\n\r\n<p style=\"text-align:justify\"><span style=\"font-size:11pt\"><span style=\"line-height:normal\"><span style=\"font-family:Calibri,sans-serif\"><a href=\"https:\/\/www.sympla.com.br\/evento-online\/encontros-cop30-clima-impacto-e-mercado-os-desafios-da-mitigacao-e-da-adaptacao\/3127010\" style=\"color:blue; text-decoration:underline\"><b><span style=\"font-size:14.0pt\">Fecom&eacute;rcio | Encontros COP30 - Clima, Impacto e Mercado | Os desafios da mitiga&ccedil;&atilde;o e da adapta&ccedil;&atilde;o<\/span><\/b><\/a><span style=\"font-size:14.0pt\">, 03 de outubro de 2025, das 14:30 &agrave;s 17:00, evento online via Youtube<\/span><\/span><\/span><\/span><\/p>\r\n\r\n<p style=\"text-align:justify\"><span style=\"font-size:11pt\"><span style=\"line-height:normal\"><span style=\"font-family:Calibri,sans-serif\"><a href=\"https:\/\/app.rdstation.email\/mail\/8acc31ca-cd35-4903-9f5d-3274553924be?utm_medium=email&amp;utm_campaign=emkt_workshop_tarifas_eua&amp;utm_source=RD+Station\" style=\"color:blue; text-decoration:underline\"><b><span style=\"font-size:14.0pt\">Workshop Abit | Impactos das Tarifas dos EUA e Tend&ecirc;ncias de Consumo do Setor T&amp;C<\/span><\/b><\/a><span style=\"font-size:14.0pt\">, 07 de outubro de 2025, das 10h &agrave;s 12h, evento virtual<\/span><\/span><\/span><\/span><\/p>\r\n\r\n<p style=\"text-align:justify\"><span style=\"font-size:11pt\"><span style=\"line-height:normal\"><span style=\"font-family:Calibri,sans-serif\"><a href=\"https:\/\/www.abrafiltros.org.br\/3o-seminario-brasileiro-de-filtros-acontecera-no-dia-08-de-outubro\/\" style=\"color:blue; text-decoration:underline\"><b><span style=\"font-size:14.0pt\">3&ordm; Semin&aacute;rio Brasileiro de Filtros<\/span><\/b><\/a><span style=\"font-size:14.0pt\">, 08 de outubro de 2025, evento presencial<\/span><\/span><\/span><\/span><\/p>\r\n\r\n<p style=\"text-align:justify\"><span style=\"font-size:11pt\"><span style=\"line-height:normal\"><span style=\"font-family:Calibri,sans-serif\"><a href=\"https:\/\/www.portaldaindustria.com.br\/eventos\/pt\/edicoes\/pre-cop30-o-papel-do-setor-privado-na-agenda-de-cl#msdynmkt_trackingcontext=ddc27a5f-3229-4511-a32a-8dab7ec80200\" style=\"color:blue; text-decoration:underline\"><b><span style=\"font-size:14.0pt\">CNI | Pr&eacute;-COP30: o papel do setor privado na agenda de clima<\/span><\/b><\/a><span style=\"font-size:14.0pt\">, 15 de setembro de 2025, 08h00 &agrave;s 17h00, Unique Palace, St. de Clubes Esportivos Sul Trecho 2 CJ 42, Bras&iacute;lia<\/span><\/span><\/span><\/span><\/p>\r\n\r\n<p style=\"text-align:justify\"><span style=\"font-size:11pt\"><span style=\"line-height:normal\"><span style=\"font-family:Calibri,sans-serif\"><a href=\"https:\/\/hospitalmed.com.br\/feira\/\" style=\"color:blue; text-decoration:underline\"><b><span style=\"font-size:14.0pt\">HospitalMed 2025<\/span><\/b><\/a><span style=\"font-size:14.0pt\">, 22 a 24 de outubro, Pernambuco Centro de Conven&ccedil;&otilde;es, Olinda<\/span><\/span><\/span><\/span><\/p>\r\n\r\n<p style=\"text-align:justify\"><span style=\"font-size:11pt\"><span style=\"line-height:normal\"><span style=\"font-family:Calibri,sans-serif\"><a href=\"https:\/\/www.abnteducacao.com.br\/Simbologia_de_cuidados_aplicada_a_Etiquetagem_de_Texteis_ABNT_NBR_NM_ISO_3758\" style=\"color:blue; text-decoration:underline\"><b><span style=\"font-size:14.0pt\">Curso ABNT | Simbologia de cuidados aplicada a Etiquetagem de T&ecirc;xteis - ABNT NBR NM ISO 3758<\/span><\/b><\/a><span style=\"font-size:14.0pt\">, 27 e 28 de outubro de 2025, das 08:30 &agrave;s 17h30, online<\/span><\/span><\/span><\/span><\/p>\r\n\r\n<p style=\"text-align:justify\"><span style=\"font-size:11pt\"><span style=\"line-height:normal\"><span style=\"font-family:Calibri,sans-serif\"><a href=\"https:\/\/www.congressoabit.com.br\/\" style=\"color:blue; text-decoration:underline\"><b><span style=\"font-size:14.0pt\">Congresso Internacional Abit 2025<\/span><\/b><\/a><span style=\"font-size:14.0pt\">, 29 e 30 de outubro, 08h &agrave;s 20h, FIESP, S&atilde;o Paulo, SP<\/span><\/span><\/span><\/span><\/p>\r\n\r\n<p style=\"text-align:justify\"><span style=\"font-size:11pt\"><span style=\"line-height:normal\"><span style=\"font-family:Calibri,sans-serif\"><a href=\"https:\/\/filtech.de\/\" style=\"color:blue; text-decoration:underline\"><b><span style=\"font-size:14.0pt\">Filtech 2026<\/span><\/b><\/a><span style=\"font-size:14.0pt\">, de 30 de junho a 2 de julho, Cologne, Alemanha<\/span><\/span><\/span><\/span><\/p>\r\n\r\n<p style=\"text-align:justify\"><span style=\"font-size:11pt\"><span style=\"line-height:normal\"><span style=\"font-family:Calibri,sans-serif\"><a href=\"https:\/\/ficons.com.br\/\" style=\"color:blue; text-decoration:underline\"><b><span style=\"font-size:14.0pt\">FICONS - Feira Internacional de Materiais, Equipamentos e Servi&ccedil;os da Constru&ccedil;&atilde;o<\/span><\/b><\/a><span style=\"font-size:14.0pt\">, 15 a 18 de setembro de 2026, Centro de Conven&ccedil;&otilde;es de Pernambuco Recife\/ Olinda<\/span><\/span><\/span><\/span><\/p>\r\n\r\n<p style=\"text-align:justify\"><span style=\"font-size:28pt\"><span style=\"font-family:Cambria,serif\"><span style=\"letter-spacing:-0.5pt\"><b><span style=\"font-size:18.0pt\"><span style=\"font-family:&quot;Calibri&quot;,sans-serif\"><span style=\"font-variant:small-caps\">Setor<\/span><\/span><\/span><\/b><\/span><\/span><\/span><\/p>\r\n\r\n<p style=\"text-align:justify\"><span style=\"font-size:11pt\"><span style=\"line-height:normal\"><span style=\"font-family:Calibri,sans-serif\"><a href=\"https:\/\/plasticosemrevista.com.br\/pp-china-colhe-frutos-da-producao-autossuficiente\/\" style=\"color:blue; text-decoration:underline\"><span style=\"font-size:14.0pt\">PP: China colhe frutos da produ&ccedil;&atilde;o autossuficiente<\/span><\/a><\/span><\/span><\/span><\/p>\r\n\r\n<p style=\"text-align:justify\"><span style=\"font-size:11pt\"><span style=\"line-height:normal\"><span style=\"font-family:Calibri,sans-serif\"><a href=\"https:\/\/plasticosemrevista.com.br\/eua-transformacao-faturou-us-157-3-bi-em-2024\/\" style=\"color:blue; text-decoration:underline\"><span style=\"font-size:14.0pt\">EUA: transforma&ccedil;&atilde;o faturou US$ 157.3 bi em 2024<\/span><\/a><\/span><\/span><\/span><\/p>\r\n\r\n<p style=\"text-align:justify\"><span style=\"font-size:11pt\"><span style=\"line-height:normal\"><span style=\"font-family:Calibri,sans-serif\"><a href=\"https:\/\/plasticosemrevista.com.br\/com-um-pe-atras\/\" style=\"color:blue; text-decoration:underline\"><span style=\"font-size:14.0pt\">Com um p&eacute; atr&aacute;s: instabilidade faz setor de embalagens flex&iacute;veis avaliar investimentos com mais cautela<\/span><\/a><\/span><\/span><\/span><\/p>\r\n\r\n<p style=\"text-align:justify\"><span style=\"font-size:11pt\"><span style=\"line-height:normal\"><span style=\"font-family:Calibri,sans-serif\"><a href=\"https:\/\/agfeed.com.br\/negocios\/braskem-no-agro-falando-a-lingua-do-produtor-empresa-ve-crescimento-de-dois-digitos-para-o-plastico-nas-fazendas\/\" style=\"color:blue; text-decoration:underline\"><span style=\"font-size:14.0pt\">Braskem no agro? Falando &quot;a l&iacute;ngua do produtor&quot;, empresa v&ecirc; crescimento de &ldquo;dois d&iacute;gitos&rdquo; para o pl&aacute;stico nas fazendas<\/span><\/a><\/span><\/span><\/span><\/p>\r\n\r\n<p style=\"text-align:justify\"><span style=\"font-size:11pt\"><span style=\"line-height:normal\"><span style=\"font-family:Calibri,sans-serif\"><a href=\"http:\/\/clickemail.portalpersonalcare.com.br\/ls\/click?upn=u001.D2-2F0Tg0A29KXXLMT6ctG-2BYOihdDbc-2ByFrUFb3ZXMT9TIYC1fxX8TUOfHzcN4W9CIpjSnpBwuGt5RnID2M5LTT6HNiCWkjy6Q-2FvdUgcSerbujPlZiydwbWMODfyrCKDWIM7zV2aSQFA5JC8OIq7xGZ5Z8b7KgS8rfHKEn4zFQOmAHdWOzfl0MO3WydkvjVD3P4-2BhPAQZzuR1CVnCc2jJGQiubkM3bO-2B3rW9tPaPcIzf8Pp-2BLzGP5xYPZRDqB4-2FuEov-2B0CYzFu-2F1QDj97wB96042gDXZKRhuCCapETt0-2FltLxmw7c1VohESO-2B9tl1KAlP8gQlWzqgI-2B9xL2HSrVC8Q6fJ8jZ3U5OAd3YvQLqI7cu1mhAgvFLhjfC-2BssHdz3vNOE5nu_T7N8BvZTOm04CQQMiyWztrpCjlUrRc4F7QzSgUIpTqDyHxxxhGpyWLohz7JoE2GE5NHlS-2BYZoX1R75Fh8KCze9GvCCb-2FinuNgc39g0Cdbe-2FcU8RlSBQhp5om11AQZQ-2FD0Zm07RizJXVTPRkYGglhFNkR26qeX1vr30nXt9X6G5Loxx5cp68JFuinjRNduAirj42cjyMlNIZB-2FGS-2F8MHVTt2hFCS5eVg4c-2BHRfTpMpYi2nHUKMokR-2B17Puvnj8zWK2PDJXbuuuosbZZ6QvFPBkMKwUbyxiEziPfrDlwtPrdd7VdUmKODLrBi7UZaevglVvy-2BNJVursTgRkuKYF6AadGvjQpMhhONX1XmJaHX3e-2FQ5Ux0mKPRc2vvGpP84TemWI5KACCrcVbbDGgEOrLJEEaNauzd5C4cubJe9SMZR0GAvy8-2F0DleI3tuOba-2FrlMz-2B0bF8jLkhSYDAoFaTsrpMmw6sSPvlgnQPw-2F7e4X5hMpTzKCr7UAJnyrrai6Bcph5-2BstCVPAzmABkhRtdnHo-2Bp4sON7xvzKhsUo10HGAkeSzUu5u-2BIyNbESVrB9k0-2Bqo4JgirbvbJjy9S5q8VZq935kqTxEKr4GHe-2FT9vbRERzT6rqZ8qsx4w-2F5vfOd2KpCQH6cvc7zNy6B1xwtuTCAsRFte7cZ4gYCfZyjCs-2Buco5xRG4rRXsFFqGUKRPd670XD15GMoh3Z-2BKiFNInBsN6PKdcl1ZQqledk0Yq-2BcV7cPT-2B-2BEuhmrSl7UT9R0tjXRxI5T2\" style=\"color:blue; text-decoration:underline\" target=\"_blank\"><span style=\"font-size:14.0pt\">Geriatex anuncia expans&atilde;o e triplica capacidade produtiva com investimento 100% nacional<\/span><\/a><\/span><\/span><\/span><\/p>\r\n\r\n<p style=\"text-align:justify\"><span style=\"font-size:28pt\"><span style=\"font-family:Cambria,serif\"><span style=\"letter-spacing:-0.5pt\"><b><span style=\"font-size:18.0pt\"><span style=\"font-family:&quot;Calibri&quot;,sans-serif\"><span style=\"font-variant:small-caps\">Ind&uacute;stria<\/span><\/span><\/span><\/b><\/span><\/span><\/span><\/p>\r\n\r\n<p style=\"text-align:justify\"><span style=\"font-size:11pt\"><span style=\"line-height:normal\"><span style=\"font-family:Calibri,sans-serif\"><a href=\"https:\/\/noticias.portaldaindustria.com.br\/posicionamentos\/cni-apoia-operacoes-do-governo-federal-no-combate-ao-mercado-ilegal\/\" style=\"color:blue; text-decoration:underline\"><span style=\"font-size:14.0pt\">CNI apoia opera&ccedil;&otilde;es do governo federal no combate ao mercado ilegal<\/span><\/a><\/span><\/span><\/span><\/p>\r\n\r\n<p style=\"text-align:justify\"><span style=\"font-size:11pt\"><span style=\"line-height:normal\"><span style=\"font-family:Calibri,sans-serif\"><a href=\"https:\/\/portalibre.fgv.br\/system\/files\/2025-09\/sondagem-da-industria-fgv_press-release_set25.pdf\" style=\"color:blue; text-decoration:underline\"><span style=\"font-size:14.0pt\">Confian&ccedil;a da ind&uacute;stria ficou est&aacute;vel em setembro<\/span><\/a><\/span><\/span><\/span><\/p>\r\n\r\n<p style=\"text-align:justify\"><span style=\"font-size:11pt\"><span style=\"line-height:normal\"><span style=\"font-family:Calibri,sans-serif\"><a href=\"https:\/\/sindusconsp.com.br\/incc-m-sobe-021-em-setembro\/#:~:text=O%20%C3%8Dndice%20Nacional%20de%20Custo,%2C23%25%20em%2012%20meses.\" style=\"color:blue; text-decoration:underline\"><span style=\"font-size:14.0pt\">&Iacute;ndice Nacional de Custo da Constru&ccedil;&atilde;o sobe em setembro<\/span><\/a><\/span><\/span><\/span><\/p>\r\n\r\n<p style=\"text-align:justify\"><span style=\"font-size:11pt\"><span style=\"line-height:normal\"><span style=\"font-family:Calibri,sans-serif\"><a href=\"https:\/\/portalibre.fgv.br\/noticias\/confianca-do-construcao-subiu-07-ponto-em-setembro#:~:text=Podcast&amp;text=O%20%C3%8Dndice%20de%20Confian%C3%A7a%20da,no%20terceiro%20trimestre%20do%20ano.\" style=\"color:blue; text-decoration:underline\"><span style=\"font-size:14.0pt\">Confian&ccedil;a do Constru&ccedil;&atilde;o subiu 0,7 ponto em setembro<\/span><\/a><\/span><\/span><\/span><\/p>\r\n\r\n<p style=\"text-align:justify\"><span style=\"font-size:28pt\"><span style=\"font-family:Cambria,serif\"><span style=\"letter-spacing:-0.5pt\"><b><span style=\"font-size:18.0pt\"><span style=\"font-family:&quot;Calibri&quot;,sans-serif\"><span style=\"font-variant:small-caps\">Sustentabilidade<\/span><\/span><\/span><\/b><\/span><\/span><\/span><\/p>\r\n\r\n<p style=\"text-align:justify\"><span style=\"font-size:11pt\"><span style=\"line-height:normal\"><span style=\"font-family:Calibri,sans-serif\"><a href=\"https:\/\/diariodocomercio.com.br\/economia\/industria-reciclagem-recuperacao\/\" style=\"color:blue; text-decoration:underline\"><span style=\"font-size:14.0pt\">ABIPLAST: ind&uacute;stria da reciclagem de pl&aacute;sticos mostra recupera&ccedil;&atilde;o em 2024<\/span><\/a><\/span><\/span><\/span><\/p>\r\n\r\n<p style=\"text-align:justify\"><span style=\"font-size:11pt\"><span style=\"line-height:normal\"><span style=\"font-family:Calibri,sans-serif\"><a href=\"https:\/\/plasticosemrevista.com.br\/pet-maior-recicladora-da-california-encerra-producao\/\" style=\"color:blue; text-decoration:underline\"><span style=\"font-size:14.0pt\">PET: maior recicladora da Calif&oacute;rnia encerra produ&ccedil;&atilde;o<\/span><\/a><\/span><\/span><\/span><\/p>\r\n\r\n<p style=\"text-align:justify\"><span style=\"font-size:11pt\"><span style=\"line-height:normal\"><span style=\"font-family:Calibri,sans-serif\"><a href=\"https:\/\/plasticosemrevista.com.br\/por-que-reciclagem-rima-com-triagem\/\" style=\"color:blue; text-decoration:underline\"><span style=\"font-size:14.0pt\">Por que reciclagem rima com triagem<\/span><\/a><\/span><\/span><\/span><\/p>\r\n\r\n<p style=\"text-align:justify\"><span style=\"font-size:28pt\"><span style=\"font-family:Cambria,serif\"><span style=\"letter-spacing:-0.5pt\"><b><span style=\"font-size:18.0pt\"><span style=\"font-family:&quot;Calibri&quot;,sans-serif\"><span style=\"font-variant:small-caps\">Inova&ccedil;&atilde;o<\/span><\/span><\/span><\/b><\/span><\/span><\/span><\/p>\r\n\r\n<p style=\"text-align:justify\"><span style=\"font-size:11pt\"><span style=\"line-height:normal\"><span style=\"font-family:Calibri,sans-serif\"><a href=\"https:\/\/www.tempo.pt\/noticias\/ciencia\/cientistas-transformam-residuos-plasticos-em-materiais-eficientes-para-a-captura-de-co.html\" style=\"color:blue; text-decoration:underline\"><span style=\"font-size:14.0pt\">Cientistas transformam res&iacute;duos pl&aacute;sticos em materiais eficientes para a captura de CO2<\/span><\/a><\/span><\/span><\/span><\/p>\r\n\r\n<p style=\"text-align:justify\"><span style=\"font-size:11pt\"><span style=\"line-height:normal\"><span style=\"font-family:Calibri,sans-serif\"><a href=\"https:\/\/www.inovacaotecnologica.com.br\/noticias\/noticia.php?artigo=recorde-isolamento-termico&amp;id=010160250925&amp;ebol=sim\" style=\"color:blue; text-decoration:underline\"><span style=\"font-size:14.0pt\">Material estabelece novo recorde de isolamento t&eacute;rmico<\/span><\/a><\/span><\/span><\/span><\/p>\r\n\r\n<p style=\"text-align:justify\"><span style=\"font-size:11pt\"><span style=\"line-height:normal\"><span style=\"font-family:Calibri,sans-serif\"><a href=\"https:\/\/www.gov.br\/mcti\/pt-br\/acompanhe-o-mcti\/noticias\/2025\/09\/empresas-devem-comprovar-investimentos-em-inovacao-ate-30-de-setembro\" style=\"color:blue; text-decoration:underline\"><span style=\"font-size:14.0pt\">Empresas devem comprovar investimentos em inova&ccedil;&atilde;o at&eacute; 30 de setembro<\/span><\/a><\/span><\/span><\/span><\/p>\r\n\r\n<p style=\"text-align:justify\"><span style=\"font-size:28pt\"><span style=\"font-family:Cambria,serif\"><span style=\"letter-spacing:-0.5pt\"><b><span style=\"font-size:18.0pt\"><span style=\"font-family:&quot;Calibri&quot;,sans-serif\"><span style=\"font-variant:small-caps\">Com&eacute;rcio Exterior<\/span><\/span><\/span><\/b><\/span><\/span><\/span><\/p>\r\n\r\n<p style=\"text-align:justify\"><span style=\"font-size:11pt\"><span style=\"line-height:normal\"><span style=\"font-family:Calibri,sans-serif\"><a href=\"https:\/\/noticias.portaldaindustria.com.br\/noticias\/internacional\/torcemos-pela-aproximacao-entre-brasil-e-eua-mas-o-caminho-e-longo-diz-presidente-da-cni\/\" style=\"color:blue; text-decoration:underline\"><span style=\"font-size:14.0pt\">&ldquo;Torcemos pela aproxima&ccedil;&atilde;o entre Brasil e EUA, mas o caminho &eacute; longo&rdquo;, diz presidente da CNI<\/span><\/a><\/span><\/span><\/span><\/p>\r\n\r\n<p style=\"text-align:justify\"><span style=\"font-size:11pt\"><span style=\"line-height:normal\"><span style=\"font-family:Calibri,sans-serif\"><a href=\"https:\/\/noticias.portaldaindustria.com.br\/noticias\/economia\/mesmo-com-aumento-de-isencoes-738-das-exportacoes-brasileiras-seguem-impactadas-por-tarifaco\/\" style=\"color:blue; text-decoration:underline\"><span style=\"font-size:14.0pt\">Mesmo com aumento de isen&ccedil;&otilde;es, 73,8% das exporta&ccedil;&otilde;es brasileiras seguem impactadas por tarifa&ccedil;o<\/span><\/a><\/span><\/span><\/span><\/p>\r\n\r\n<p style=\"text-align:justify\"><span style=\"font-size:11pt\"><span style=\"line-height:normal\"><span style=\"font-family:Calibri,sans-serif\"><a href=\"https:\/\/noticias.portaldaindustria.com.br\/noticias\/institucional\/cni-abre-4-escritorios-no-exterior-para-fortalecer-presenca-internacional-da-industria-brasileira\/\" style=\"color:blue; text-decoration:underline\"><span style=\"font-size:14.0pt\">CNI abre 4 escrit&oacute;rios no exterior para fortalecer presen&ccedil;a internacional da ind&uacute;stria brasileira<\/span><\/a><\/span><\/span><\/span><\/p>\r\n\r\n<p style=\"text-align:justify\"><span style=\"font-size:11pt\"><span style=\"line-height:normal\"><span style=\"font-family:Calibri,sans-serif\"><a href=\"https:\/\/www.infomoney.com.br\/economia\/eua-e-ue-oficializam-acordo-comercial-com-novas-tarifas-e-excecoes-estrategicas\/\" style=\"color:blue; text-decoration:underline\"><span style=\"font-size:14.0pt\">EUA e UE oficializam acordo comercial com novas tarifas e exce&ccedil;&otilde;es estrat&eacute;gicas<\/span><\/a><\/span><\/span><\/span><\/p>\r\n\r\n<p style=\"text-align:justify\"><span style=\"font-size:11pt\"><span style=\"line-height:normal\"><span style=\"font-family:Calibri,sans-serif\"><a href=\"https:\/\/apexbrasil.com.br\/content\/apexbrasil\/br\/pt\/conteudo\/noticias\/ApexBrasil-publica-Perfil-de-Comercio-e-Investimentos-da-EFTA-e-identifica-oportunidades-para-comercio-bilateral-com-os-quatro-paises-membros-do-bloco.html#msdynmkt_trackingcontext=92290f4e-0dcc-4101-919d-270c7f770100\" style=\"color:blue; text-decoration:underline\"><span style=\"font-size:14.0pt\">ApexBrasil publica Perfil de Com&eacute;rcio e Investimentos da EFTA e identifica oportunidades para com&eacute;rcio bilateral com os quatro pa&iacute;ses membros do bloco<\/span><\/a><\/span><\/span><\/span><\/p>\r\n\r\n<p style=\"text-align:justify\"><span style=\"font-size:28pt\"><span style=\"font-family:Cambria,serif\"><span style=\"letter-spacing:-0.5pt\"><b><span style=\"font-size:18.0pt\"><span style=\"font-family:&quot;Calibri&quot;,sans-serif\"><span style=\"font-variant:small-caps\">Economia<\/span><\/span><\/span><\/b><\/span><\/span><\/span><\/p>\r\n\r\n<p style=\"text-align:justify\"><span style=\"font-size:11pt\"><span style=\"line-height:normal\"><span style=\"font-family:Calibri,sans-serif\"><a href=\"https:\/\/www.bcb.gov.br\/content\/focus\/focus\/R20250926.pdf\" style=\"color:blue; text-decoration:underline\"><span style=\"font-size:14.0pt\">Focus - Relat&oacute;rio de Mercado<\/span><\/a><\/span><\/span><\/span><\/p>\r\n\r\n<p style=\"text-align:justify\"><span style=\"font-size:11.0pt\"><span style=\"line-height:115%\"><span style=\"font-family:&quot;Calibri&quot;,sans-serif\"><a href=\"https:\/\/youtu.be\/JUJPLbnThKw?si=NbDnK_JvPDCQHxWo\" style=\"color:blue; text-decoration:underline\"><span style=\"font-size:14.0pt\"><span style=\"line-height:115%\">Conex&atilde;o Econ&ocirc;mica FGV IBRE | Reforma tribut&aacute;ria, com Sthefani Lara Rocha | Especial Infraestrutura<\/span><\/span><\/a><\/span><\/span><\/span><\/p>\r\n","texto_en":"","7":"","imagem":"COMP_capa-2025-site-boletim-abint-noticias-semanis_20250930164810Zx8riiiWZy.jpg","8":"COMP_capa-2025-site-boletim-abint-noticias-semanis_20250930164810Zx8riiiWZy.jpg","arquivo":"20250930-BOLETIM-ABINT-DE-NOTICIAS-SEMANAIS.PDF","9":"20250930-BOLETIM-ABINT-DE-NOTICIAS-SEMANAIS.PDF","titulo_arquivo":"20250930 Boletim ABINT de Not\u00edcias Semanais","10":"20250930 Boletim ABINT de Not\u00edcias Semanais","titulo_arquivo_en":"","11":"","created_at":"2025-09-30 16:48:22","12":"2025-09-30 16:48:22","updated_at":"2025-09-30 16:48:22","13":"2025-09-30 16:48:22"},{"id":194,"0":194,"ordem":27,"1":27,"data":"2025-09-23","2":"2025-09-23","slug":"boletim-abint-de-noticias-semanais-96","3":"boletim-abint-de-noticias-semanais-96","titulo":"Boletim ABINT de Not\u00edcias Semanais","4":"Boletim ABINT de Not\u00edcias Semanais","titulo_en":"","5":"","texto":"<p style=\"text-align:justify\"><span style=\"font-size:11pt\"><span style=\"line-height:normal\"><span style=\"font-family:Calibri,sans-serif\"><span style=\"font-size:14.0pt\">Esta &eacute; uma compila&ccedil;&atilde;o das not&iacute;cias mais relevantes para o setor, incluindo informa&ccedil;&otilde;es sobre acordos internacionais, economia brasileira, sustentabilidade e mat&eacute;rias primas, al&eacute;m de novidades do setor de N&atilde;otecidos e Tecidos T&eacute;cnicos.<\/span><\/span><\/span><\/span><\/p>\r\n\r\n<p style=\"text-align:justify\"><span style=\"font-size:28pt\"><span style=\"font-family:Cambria,serif\"><span style=\"letter-spacing:-0.5pt\"><b><span style=\"font-size:18.0pt\"><span calibri=\"\" style=\"font-family:\"><span style=\"font-variant:small-caps\">O que vem por a&iacute;<\/span><\/span><\/span><\/b><\/span><\/span><\/span><\/p>\r\n\r\n<p style=\"text-align:justify\"><span style=\"font-size:11pt\"><span style=\"line-height:normal\"><span style=\"font-family:Calibri,sans-serif\"><span style=\"font-size:14.0pt\">No dia 24 de setembro, o CTG Entrevista receber&aacute; a Engenheira e Gerente T&eacute;cnica da ABREMA, Leticia Nocko, para falar sobre &quot;Gest&atilde;o t&eacute;cnica de aterros sanit&aacute;rios e perspectivas futuras&quot;. A live ser&aacute; &agrave;s 18hs, pelo Instagram: <\/span><a href=\"https:\/\/www.instagram.com\/ctg_abint\/\" style=\"color:blue; text-decoration:underline\"><span style=\"font-size:14.0pt\">https:\/\/www.instagram.com\/ctg_abint\/<\/span><\/a><\/span><\/span><\/span><\/p>\r\n\r\n<p style=\"text-align:justify\"><span style=\"font-size:11pt\"><span style=\"line-height:normal\"><span style=\"font-family:Calibri,sans-serif\"><span style=\"font-size:14.0pt\"><img src=\"https:\/\/www.abint.org.br\/assets\/img\/editor\/20250924-live-ctg-instagram-leticia-nocko_202509231859191L7duv0wPy.jpg\" style=\"width: 300px; height: 400px;\" \/><\/span><\/span><\/span><\/span><\/p>\r\n\r\n<p style=\"text-align:justify\">&nbsp;<\/p>\r\n\r\n<p><b><img src=\"https:\/\/www.abint.org.br\/assets\/img\/editor\/2o-seminario-abrafiltros-abint-apoiador_2025072217401523mrTUXRqU.png\" style=\"width: 500px; height: 500px;\" \/><\/b><\/p>\r\n\r\n<p><span style=\"font-size:11pt\"><span style=\"line-height:normal\"><span style=\"font-family:Calibri,sans-serif\"><a href=\"https:\/\/doity.com.br\/3-seminario-brasileiro-de-filtros\" style=\"color:blue; text-decoration:underline\"><b><span style=\"font-size:14.0pt\">Acesse aqui mais informa&ccedil;&otilde;es<\/span><\/b><\/a><\/span><\/span><\/span><\/p>\r\n\r\n<p>&nbsp;<\/p>\r\n\r\n<p><img src=\"https:\/\/www.abint.org.br\/assets\/img\/editor\/20251021-fenasan-2025_20250923190841eMb0ea0qzy.jpg\" style=\"width: 700px; height: 221px;\" \/><\/p>\r\n\r\n<p><span style=\"font-size:11.0pt\"><span style=\"line-height:115%\"><span calibri=\"\" style=\"font-family:\"><a href=\"https:\/\/fenasan.com.br\/\" style=\"color:blue; text-decoration:underline\"><b><span style=\"font-size:14.0pt\"><span style=\"line-height:115%\">Acesse aqui mais informa&ccedil;&otilde;es<\/span><\/span><\/b><\/a><\/span><\/span><\/span><\/p>\r\n\r\n<p>&nbsp;<\/p>\r\n\r\n<p><img src=\"https:\/\/www.abint.org.br\/assets\/img\/editor\/congresso-abit-2025-1_20250923191347WI6Kiky2I3.png\" style=\"width: 400px; height: 500px;\" \/><\/p>\r\n\r\n<p><span style=\"font-size:11pt\"><span style=\"line-height:normal\"><span style=\"font-family:Calibri,sans-serif\"><a href=\"https:\/\/www.congressoabit.com.br\/\" style=\"color:blue; text-decoration:underline\"><b><span style=\"font-size:14.0pt\">Acesse aqui mais informa&ccedil;&otilde;es<\/span><\/b><\/a><\/span><\/span><\/span><\/p>\r\n\r\n<p><span style=\"font-size:28pt\"><span style=\"font-family:Cambria,serif\"><span style=\"letter-spacing:-0.5pt\"><b><span style=\"font-size:18.0pt\"><span calibri=\"\" style=\"font-family:\"><span style=\"font-variant:small-caps\">Not&iacute;cias das Associadas<\/span><\/span><\/span><\/b><\/span><\/span><\/span><\/p>\r\n\r\n<p style=\"text-align:justify\"><span style=\"font-size:11pt\"><span style=\"line-height:normal\"><span style=\"font-family:Calibri,sans-serif\"><a href=\"https:\/\/www.revistatae.com.br\/Noticia\/92220\/geossinteticos-transformam-a-infraestrutura-e-o-saneamento-no-brasil\" style=\"color:blue; text-decoration:underline\"><span style=\"font-size:14.0pt\">Geossint&eacute;ticos transformam a infraestrutura e o saneamento no Brasil<\/span><\/a><\/span><\/span><\/span><\/p>\r\n\r\n<p style=\"text-align:justify\"><span style=\"font-size:11pt\"><span style=\"line-height:normal\"><span style=\"font-family:Calibri,sans-serif\"><a href=\"https:\/\/www.abctecnologias.com.br\/historias-de-sucesso\/fazendo-onda-primeiro-barco-de-canal-em-pead-e-lancado\/?utm_source=ABC+Tecnologias&amp;utm_campaign=82f379e801-CAMPANHA_RSS_POSTS_SITE&amp;utm_medium=email&amp;utm_term=0_01821b5e7f-82f379e801-468976694\" style=\"color:blue; text-decoration:underline\"><span style=\"font-size:14.0pt\">ABC Tecnologias | Fazendo Onda: Primeiro Barco de Canal em PEAD &eacute; Lan&ccedil;ado<\/span><\/a><\/span><\/span><\/span><\/p>\r\n\r\n<p style=\"text-align:justify\"><span style=\"font-size:11pt\"><span style=\"line-height:normal\"><span style=\"font-family:Calibri,sans-serif\"><a href=\"https:\/\/www.sogipa.com.br\/site\/noticias\/17570\/sogipanos-conquistam-medalhas-no-brasileiro-sub-20-de-atletismo\" style=\"color:blue; text-decoration:underline\"><span style=\"font-size:14.0pt\">Com apoio da Fitesa, sergipanos conquistam medalhas no Brasileiro Sub-20 de Atletismo<\/span><\/a><\/span><\/span><\/span><\/p>\r\n\r\n<p style=\"text-align:justify\"><span style=\"font-size:11pt\"><span style=\"line-height:normal\"><span style=\"font-family:Calibri,sans-serif\"><b><span style=\"font-size:18.0pt\"><span style=\"font-variant:small-caps\">Eventos<\/span><\/span><\/b><\/span><\/span><\/span><\/p>\r\n\r\n<p style=\"text-align:justify\"><span style=\"font-size:11pt\"><span style=\"line-height:normal\"><span style=\"font-family:Calibri,sans-serif\"><a href=\"https:\/\/igsbrasil.org.br\/events\/geossint-nordeste-ii-simposio-regional-em-geossinteticos-22-e-23-de-setembro-natal-rn\/\" style=\"color:blue; text-decoration:underline\"><b><span style=\"font-size:14.0pt\">Geossint Nordeste &ndash; II Simp&oacute;sio Regional em<\/span><\/b><\/a><a href=\"https:\/\/igsbrasil.org.br\/events\/geossint-nordeste-ii-simposio-regional-em-geossinteticos-22-e-23-de-setembro-natal-rn\/\" style=\"color:blue; text-decoration:underline\"><b><span style=\"font-size:14.0pt\"> Geossint&eacute;ticos<\/span><\/b><\/a><span style=\"font-size:14.0pt\"> &ndash; dias 22 e 23 de setembro, em Natal, RN<\/span><\/span><\/span><\/span><\/p>\r\n\r\n<p style=\"text-align:justify\"><span style=\"font-size:11pt\"><span style=\"line-height:normal\"><span style=\"font-family:Calibri,sans-serif\"><a href=\"https:\/\/abemi.org.br\/eventos\/1ajornada-abemi\/\" style=\"color:blue; text-decoration:underline\"><b><span style=\"font-size:14.0pt\">I Jornada ABEMI de Engenharia de Projetos Industriais: &ldquo;Transformando Desafios em Resultados&rdquo;<\/span><\/b><\/a><span style=\"font-size:14.0pt\">, 23 de setembro de 2025, 08h30 &agrave;s 17h00, audit&oacute;rio da ABEMI, Rua Tabapu&atilde;, 81, S&atilde;o Paulo, SP<\/span><\/span><\/span><\/span><\/p>\r\n\r\n<p style=\"text-align:justify\"><span style=\"font-size:11pt\"><span style=\"line-height:normal\"><span style=\"font-family:Calibri,sans-serif\"><a href=\"https:\/\/paving.com.br\/\" style=\"color:blue; text-decoration:underline\"><b><span style=\"font-size:14.0pt\">Paving Expo 2025<\/span><\/b><\/a><span style=\"font-size:14.0pt\">, 23 a 25 de setembro de 2025, Distrito Anhembi, Rua Prof. Milton Rodrigues, s\/n, Santana, S&atilde;o Paulo, SP<\/span><\/span><\/span><\/span><\/p>\r\n\r\n<p style=\"text-align:justify\"><span style=\"font-size:11pt\"><span style=\"line-height:normal\"><span style=\"font-family:Calibri,sans-serif\"><a href=\"https:\/\/viex-americas.com\/eventos\/lase\/lase-2025\/\" style=\"color:blue; text-decoration:underline\"><b><span style=\"font-size:14.0pt\">LASE - L&iacute;deres Ambientais do Setor de Energia 2025<\/span><\/b><\/a><span style=\"font-size:14.0pt\">, 29 de setembro a 01 de outubro de 2025, WTC Events Center, S&atilde;o Paulo, SP<\/span><\/span><\/span><\/span><\/p>\r\n\r\n<p style=\"text-align:justify\"><span style=\"font-size:11pt\"><span style=\"line-height:normal\"><span style=\"font-family:Calibri,sans-serif\"><a href=\"https:\/\/app.rdstation.email\/mail\/2babe40a-eb86-4044-b658-43fbda6625a2?utm_medium=email&amp;utm_campaign=2108_convite_workshop_justica_trabalho_-_reenvio&amp;utm_source=RD+Station\" style=\"color:blue; text-decoration:underline\"><b><span style=\"font-size:14.0pt\">Workshop Abit | Pedidos Irreais na Justi&ccedil;a do Trabalho: Como Lidar com o Exagero Processual<\/span><\/b><\/a><span style=\"font-size:14.0pt\">, 30 de setembro de 2025, 09 &agrave;s 12h, evento h&iacute;brido<\/span><\/span><\/span><\/span><\/p>\r\n\r\n<p style=\"text-align:justify\"><span style=\"font-size:11pt\"><span style=\"line-height:normal\"><span style=\"font-family:Calibri,sans-serif\"><a href=\"https:\/\/www.instagram.com\/sobeccnacional\/p\/DA1V8NZyhNK\/?img_index=1\" style=\"color:blue; text-decoration:underline\"><b><span style=\"font-size:14.0pt\">17&ordm; Congresso Brasileiro de Enfermagem em Centro Cir&uacute;rgico: &ldquo;O poder de cuidar&rdquo;<\/span><\/b><\/a><span style=\"font-size:14.0pt\">, 01 a 03 de outubro de 2025, Transamerica Expo Center, S&atilde;o Paulo, SP<\/span><\/span><\/span><\/span><\/p>\r\n\r\n<p style=\"text-align:justify\"><span style=\"font-size:11pt\"><span style=\"line-height:normal\"><span style=\"font-family:Calibri,sans-serif\"><a href=\"https:\/\/his.saudebusiness.com\/pt\/home.html\" style=\"color:blue; text-decoration:underline\"><b><span style=\"font-size:14.0pt\">Healthcare Innovation Show (HIS)<\/span><\/b><\/a><span style=\"font-size:14.0pt\">, 01 e 02 de outubro de 2025, 09h &agrave;s 18h, S&atilde;o Paulo Expo<\/span><\/span><\/span><\/span><\/p>\r\n\r\n<p style=\"text-align:justify\"><span style=\"font-size:11pt\"><span style=\"line-height:normal\"><span style=\"font-family:Calibri,sans-serif\"><a href=\"https:\/\/www.sympla.com.br\/evento-online\/encontros-cop30-clima-impacto-e-mercado-os-desafios-da-mitigacao-e-da-adaptacao\/3127010\" style=\"color:blue; text-decoration:underline\"><b><span style=\"font-size:14.0pt\">Fecom&eacute;rcio | Encontros COP30 - Clima, Impacto e Mercado | Os desafios da mitiga&ccedil;&atilde;o e da adapta&ccedil;&atilde;o<\/span><\/b><\/a><span style=\"font-size:14.0pt\">, 03 de outubro de 2025, das 14:30 &agrave;s 17:00, evento online via Youtube<\/span><\/span><\/span><\/span><\/p>\r\n\r\n<p style=\"text-align:justify\"><span style=\"font-size:11pt\"><span style=\"line-height:normal\"><span style=\"font-family:Calibri,sans-serif\"><a href=\"https:\/\/app.rdstation.email\/mail\/8acc31ca-cd35-4903-9f5d-3274553924be?utm_medium=email&amp;utm_campaign=emkt_workshop_tarifas_eua&amp;utm_source=RD+Station\" style=\"color:blue; text-decoration:underline\"><b><span style=\"font-size:14.0pt\">Workshop Abit | Impactos das Tarifas dos EUA e Tend&ecirc;ncias de Consumo do Setor T&amp;C<\/span><\/b><\/a><span style=\"font-size:14.0pt\">, 07 de outubro de 2025, das 10h &agrave;s 12h, evento virtual<\/span><\/span><\/span><\/span><\/p>\r\n\r\n<p style=\"text-align:justify\"><span style=\"font-size:11pt\"><span style=\"line-height:normal\"><span style=\"font-family:Calibri,sans-serif\"><a href=\"https:\/\/www.abrafiltros.org.br\/3o-seminario-brasileiro-de-filtros-acontecera-no-dia-08-de-outubro\/\" style=\"color:blue; text-decoration:underline\"><b><span style=\"font-size:14.0pt\">3&ordm; Semin&aacute;rio Brasileiro de Filtros<\/span><\/b><\/a><span style=\"font-size:14.0pt\">, 08 de outubro de 2025, evento presencial<\/span><\/span><\/span><\/span><\/p>\r\n\r\n<p style=\"text-align:justify\"><span style=\"font-size:11pt\"><span style=\"line-height:normal\"><span style=\"font-family:Calibri,sans-serif\"><a href=\"https:\/\/www.portaldaindustria.com.br\/eventos\/pt\/edicoes\/pre-cop30-o-papel-do-setor-privado-na-agenda-de-cl#msdynmkt_trackingcontext=ddc27a5f-3229-4511-a32a-8dab7ec80200\" style=\"color:blue; text-decoration:underline\"><b><span style=\"font-size:14.0pt\">CNI | Pr&eacute;-COP30: o papel do setor privado na agenda de clima<\/span><\/b><\/a><span style=\"font-size:14.0pt\">, 15 de setembro de 2025, 08h00 &agrave;s 17h00, Unique Palace, St. de Clubes Esportivos Sul Trecho 2 CJ 42, Bras&iacute;lia<\/span><\/span><\/span><\/span><\/p>\r\n\r\n<p style=\"text-align:justify\"><span style=\"font-size:11pt\"><span style=\"line-height:normal\"><span style=\"font-family:Calibri,sans-serif\"><a href=\"https:\/\/hospitalmed.com.br\/feira\/\" style=\"color:blue; text-decoration:underline\"><b><span style=\"font-size:14.0pt\">HospitalMed 2025<\/span><\/b><\/a><span style=\"font-size:14.0pt\">, 22 a 24 de outubro, Pernambuco Centro de Conven&ccedil;&otilde;es, Olinda<\/span><\/span><\/span><\/span><\/p>\r\n\r\n<p style=\"text-align:justify\"><span style=\"font-size:11pt\"><span style=\"line-height:normal\"><span style=\"font-family:Calibri,sans-serif\"><a href=\"https:\/\/www.abnteducacao.com.br\/Simbologia_de_cuidados_aplicada_a_Etiquetagem_de_Texteis_ABNT_NBR_NM_ISO_3758\" style=\"color:blue; text-decoration:underline\"><b><span style=\"font-size:14.0pt\">Curso ABNT | Simbologia de cuidados aplicada a Etiquetagem de T&ecirc;xteis - ABNT NBR NM ISO 3758<\/span><\/b><\/a><span style=\"font-size:14.0pt\">, 27 e 28 de outubro de 2025, das 08:30 &agrave;s 17h30, online<\/span><\/span><\/span><\/span><\/p>\r\n\r\n<p style=\"text-align:justify\"><span style=\"font-size:11pt\"><span style=\"line-height:normal\"><span style=\"font-family:Calibri,sans-serif\"><a href=\"https:\/\/www.congressoabit.com.br\/\" style=\"color:blue; text-decoration:underline\"><b><span style=\"font-size:14.0pt\">Congresso Internacional Abit 2025<\/span><\/b><\/a><span style=\"font-size:14.0pt\">, 29 e 30 de outubro, 08h &agrave;s 20h, FIESP, S&atilde;o Paulo, SP<\/span><\/span><\/span><\/span><\/p>\r\n\r\n<p style=\"text-align:justify\"><span style=\"font-size:11pt\"><span style=\"line-height:normal\"><span style=\"font-family:Calibri,sans-serif\"><a href=\"https:\/\/filtech.de\/\" style=\"color:blue; text-decoration:underline\"><b><span style=\"font-size:14.0pt\">Filtech 2026<\/span><\/b><\/a><span style=\"font-size:14.0pt\">, de 30 de junho a 2 de julho, Cologne, Alemanha<\/span><\/span><\/span><\/span><\/p>\r\n\r\n<p style=\"text-align:justify\"><span style=\"font-size:11pt\"><span style=\"line-height:normal\"><span style=\"font-family:Calibri,sans-serif\"><a href=\"https:\/\/ficons.com.br\/\" style=\"color:blue; text-decoration:underline\"><b><span style=\"font-size:14.0pt\">FICONS - Feira Internacional de Materiais, Equipamentos e Servi&ccedil;os da Constru&ccedil;&atilde;o<\/span><\/b><\/a><span style=\"font-size:14.0pt\">, 15 a 18 de setembro de 2026, Centro de Conven&ccedil;&otilde;es de Pernambuco Recife\/ Olinda<\/span><\/span><\/span><\/span><\/p>\r\n\r\n<p style=\"text-align:justify\"><span style=\"font-size:28pt\"><span style=\"font-family:Cambria,serif\"><span style=\"letter-spacing:-0.5pt\"><b><span lang=\"EN-US\" style=\"font-size:18.0pt\"><span calibri=\"\" style=\"font-family:\"><span style=\"font-variant:small-caps\">Setor<\/span><\/span><\/span><\/b><\/span><\/span><\/span><\/p>\r\n\r\n<p style=\"text-align:justify\"><span style=\"font-size:11pt\"><span style=\"line-height:normal\"><span style=\"font-family:Calibri,sans-serif\"><a href=\"https:\/\/www.nonwovens-industry.com\/contents\/view_online-exclusives\/2025-09-15\/artificial-intelligence-in-nonwovens-from-materials-science-to-the-factory-floor\/?widget=listSection&amp;utm_campaign=NON%20eNewsletter&amp;utm_medium=email&amp;_hsenc=p2ANqtz-9HzTPbMFEnJJBCDf7lVZbNAa5crEs95jDXUlzTTzOQNwJUWkfPRyEfcFy2RFH-YbfYdXgIHACHgeTM0pZcUi0pK2gqjw&amp;_hsmi=381227263&amp;utm_content=381227263&amp;utm_source=hs_email\" style=\"color:blue; text-decoration:underline\"><span lang=\"EN-US\" style=\"font-size:14.0pt\">Artificial Intelligence in Nonwovens: From Materials Science to the Factory Floor<\/span><\/a><\/span><\/span><\/span><\/p>\r\n\r\n<p style=\"text-align:justify\"><span style=\"font-size:11pt\"><span style=\"line-height:normal\"><span style=\"font-family:Calibri,sans-serif\"><a href=\"https:\/\/www.nonwovens-industry.com\/contents\/view_breaking-news\/2025-09-15\/edana-welcomes-european-commissions-anti-dumping-probe\/15303\" style=\"color:blue; text-decoration:underline\"><span lang=\"EN-US\" style=\"font-size:14.0pt\">EDANA Welcomes European Commission&#39;s Anti-Dumping Probe<\/span><\/a><\/span><\/span><\/span><\/p>\r\n\r\n<p style=\"text-align:justify\"><span style=\"font-size:11pt\"><span style=\"line-height:normal\"><span style=\"font-family:Calibri,sans-serif\"><a href=\"https:\/\/radiocampomaior.com\/2025\/09\/11\/amigo-do-meio-ambiente-projeto-sustentaale-esta-a-reciclar-tnt-usado-nos-blocos-operatorios-da-ulsaale\/\" style=\"color:blue; text-decoration:underline\"><span style=\"font-size:14.0pt\">Em Portugal: amigo do meio ambiente, projeto &ldquo;SUSTENTAALE&rdquo; est&aacute; a reciclar N&atilde;otecido usado nos blocos operat&oacute;rios da ULSAALE<\/span><\/a><\/span><\/span><\/span><\/p>\r\n\r\n<p style=\"text-align:justify\"><span style=\"font-size:11pt\"><span style=\"line-height:normal\"><span style=\"font-family:Calibri,sans-serif\"><a href=\"https:\/\/www.gov.br\/anvisa\/pt-br\/assuntos\/noticias-anvisa\/2025\/anvisa-altera-forma-de-contagem-da-validade-do-certificado-de-boas-praticas\" style=\"color:blue; text-decoration:underline\"><span style=\"font-size:14.0pt\">Anvisa altera forma de contagem da validade do Certificado de Boas Pr&aacute;ticas<\/span><\/a><\/span><\/span><\/span><\/p>\r\n\r\n<p style=\"text-align:justify\"><span style=\"font-size:11pt\"><span style=\"line-height:normal\"><span style=\"font-family:Calibri,sans-serif\"><a href=\"https:\/\/app.rdstation.email\/mail\/99aa0529-7a8c-4644-bcfc-2bf421ec957d?utm_medium=email&amp;utm_campaign=sindionline_-_18092025_ii&amp;utm_source=RD+Station\" style=\"color:blue; text-decoration:underline\"><span style=\"font-size:14.0pt\">Sindit&ecirc;xtil-SP elege novo presidente<\/span><\/a><\/span><\/span><\/span><\/p>\r\n\r\n<p style=\"text-align:justify\"><span style=\"font-size:11pt\"><span style=\"line-height:normal\"><span style=\"font-family:Calibri,sans-serif\"><a href=\"https:\/\/revistaplasticosul.com.br\/sustentabilidade\/pesquisa-mostra-que-61-dos-brasileiros-consideram-o-plastico-indispensavel\/\" style=\"color:blue; text-decoration:underline\"><span style=\"font-size:14.0pt\">Pesquisa mostra que 61% dos brasileiros consideram o pl&aacute;stico indispens&aacute;vel<\/span><\/a><\/span><\/span><\/span><\/p>\r\n\r\n<p style=\"text-align:justify\"><span style=\"font-size:11pt\"><span style=\"line-height:normal\"><span style=\"font-family:Calibri,sans-serif\"><a href=\"https:\/\/plasticosemrevista.com.br\/pet-maior-recicladora-da-california-encerra-producao\/\" style=\"color:blue; text-decoration:underline\"><span style=\"font-size:14.0pt\">PET: maior recicladora da Calif&oacute;rnia encerra produ&ccedil;&atilde;o<\/span><\/a><\/span><\/span><\/span><\/p>\r\n\r\n<p style=\"text-align:justify\"><span style=\"font-size:11pt\"><span style=\"line-height:normal\"><span style=\"font-family:Calibri,sans-serif\"><a href=\"https:\/\/plasticosemrevista.com.br\/encolhe-a-industria-quimica-europeia\/\" style=\"color:blue; text-decoration:underline\"><span style=\"font-size:14.0pt\">Encolhe a ind&uacute;stria qu&iacute;mica europeia<\/span><\/a><\/span><\/span><\/span><\/p>\r\n\r\n<p style=\"text-align:justify\"><span style=\"font-size:11pt\"><span style=\"line-height:normal\"><span style=\"font-family:Calibri,sans-serif\"><a href=\"https:\/\/g7abc.com.br\/grande-abc\/braskem-destaca-seus-avancos-durante-a-feira-k-2025\" style=\"color:blue; text-decoration:underline\"><span style=\"font-size:14.0pt\">Braskem destaca seus avan&ccedil;os durante a Feira K 2025<\/span><\/a><\/span><\/span><\/span><\/p>\r\n\r\n<p style=\"text-align:justify\"><span style=\"font-size:11pt\"><span style=\"line-height:normal\"><span style=\"font-family:Calibri,sans-serif\"><a href=\"https:\/\/eixos.com.br\/videos-e-podcasts\/ao-vivo\/abiquim-defende-monofasia-com-excecao-para-nafta-petroquimica-e-preve-impacto-tributario-de-18-bilhoes-de-reais\/\" style=\"color:blue; text-decoration:underline\"><span style=\"font-size:14.0pt\">Com impacto de R$ 18 bi, Abiquim defende monofasia com exce&ccedil;&atilde;o para nafta petroqu&iacute;mica<\/span><\/a><\/span><\/span><\/span><\/p>\r\n\r\n<p style=\"text-align:justify\"><span style=\"font-size:28pt\"><span style=\"font-family:Cambria,serif\"><span style=\"letter-spacing:-0.5pt\"><b><span style=\"font-size:18.0pt\"><span calibri=\"\" style=\"font-family:\"><span style=\"font-variant:small-caps\">Ind&uacute;stria<\/span><\/span><\/span><\/b><\/span><\/span><\/span><\/p>\r\n\r\n<p style=\"text-align:justify\"><span style=\"font-size:11pt\"><span style=\"line-height:normal\"><span style=\"font-family:Calibri,sans-serif\"><a href=\"https:\/\/www.machadomeyer.com.br\/pt\/inteligencia-juridica\/publicacoes-ij\/inteligencia-juridica-trabalhista\/relatorio-de-transparencia-salarial-como-se-preparar-para-as-fiscalizacoes-do-mte\" style=\"color:blue; text-decoration:underline\"><span style=\"font-size:14.0pt\">Relat&oacute;rio de Transpar&ecirc;ncia Salarial: como se preparar para as fiscaliza&ccedil;&otilde;es do MTE?<\/span><\/a><\/span><\/span><\/span><\/p>\r\n\r\n<p style=\"text-align:justify\"><span style=\"font-size:11pt\"><span style=\"line-height:normal\"><span style=\"font-family:Calibri,sans-serif\"><a href=\"https:\/\/ibre.fgv.br\/blog-da-conjuntura-economica\/artigos\/produtividade-do-trabalho-da-sinais-de-melhora-no-segundo\" style=\"color:blue; text-decoration:underline\"><span style=\"font-size:14.0pt\">Produtividade do trabalho d&aacute; sinais de melhora no segundo trimestre do ano<\/span><\/a><\/span><\/span><\/span><\/p>\r\n\r\n<p style=\"text-align:justify\"><span style=\"font-size:11pt\"><span style=\"line-height:normal\"><span style=\"font-family:Calibri,sans-serif\"><a href=\"https:\/\/g1.globo.com\/jornal-nacional\/noticia\/2025\/09\/15\/tarifaco-atinge-industria-de-calcados-do-brasil-dentro-e-fora-do-pais.ghtml\" style=\"color:blue; text-decoration:underline\"><span style=\"font-size:14.0pt\">Setor de cal&ccedil;ados enfrenta tarifa&ccedil;o de Trump nos EUA e concorr&ecirc;ncia chinesa dentro do Brasil<\/span><\/a><\/span><\/span><\/span><\/p>\r\n\r\n<p style=\"text-align:justify\"><span style=\"font-size:11pt\"><span style=\"line-height:normal\"><span style=\"font-family:Calibri,sans-serif\"><a href=\"https:\/\/www.msn.com\/pt-br\/dinheiro\/economia-e-negocios\/empresas-do-setor-qu%C3%ADmico-anunciam-r-7593-milh%C3%B5es-em-investimentos\/ar-AA1xneoX?apiversion=v2&amp;noservercache=1&amp;domshim=1&amp;renderwebcomponents=1&amp;wcseo=1&amp;batchservertelemetry=1&amp;noservertelemetry=1\" style=\"color:blue; text-decoration:underline\"><span style=\"font-size:14.0pt\">Empresas do setor qu&iacute;mico anunciam R$ 759,3 milh&otilde;es em investimentos<\/span><\/a><\/span><\/span><\/span><\/p>\r\n\r\n<p style=\"text-align:justify\"><span style=\"font-size:28pt\"><span style=\"font-family:Cambria,serif\"><span style=\"letter-spacing:-0.5pt\"><b><span style=\"font-size:18.0pt\"><span calibri=\"\" style=\"font-family:\"><span style=\"font-variant:small-caps\">Sustentabilidade<\/span><\/span><\/span><\/b><\/span><\/span><\/span><\/p>\r\n\r\n<p style=\"text-align:justify\"><span style=\"font-size:11pt\"><span style=\"line-height:normal\"><span style=\"font-family:Calibri,sans-serif\"><a href=\"https:\/\/noticias.portaldaindustria.com.br\/noticias\/sustentabilidade\/setor-privado-entrega-23-prioridades-a-cop30-para-apoiar-negociacoes-climaticas\/\" style=\"color:blue; text-decoration:underline\"><span style=\"font-size:14.0pt\">Setor privado entrega 23 prioridades &agrave; COP30 para apoiar negocia&ccedil;&otilde;es clim&aacute;ticas<\/span><\/a><\/span><\/span><\/span><\/p>\r\n\r\n<p style=\"text-align:justify\"><span style=\"font-size:11pt\"><span style=\"line-height:normal\"><span style=\"font-family:Calibri,sans-serif\"><a href=\"https:\/\/g1.globo.com\/meio-ambiente\/cop-30\/noticia\/2025\/09\/19\/o-que-e-economia-circular-e-quem-ja-esta-lucrando-com-ela-no-brasil.ghtml\" style=\"color:blue; text-decoration:underline\"><span style=\"font-size:14.0pt\">O que &eacute; economia circular e quem j&aacute; est&aacute; lucrando com ela no Brasil?<\/span><\/a><\/span><\/span><\/span><\/p>\r\n\r\n<p style=\"text-align:justify\"><span style=\"font-size:11pt\"><span style=\"line-height:normal\"><span style=\"font-family:Calibri,sans-serif\"><a href=\"https:\/\/mundocoop.com.br\/acontece-no-setor\/pec-da-reciclagem-fortalece-cooperativas-e-impulsiona-economia-circular\/\" style=\"color:blue; text-decoration:underline\"><span style=\"font-size:14.0pt\">PEC da Reciclagem fortalece cooperativas e impulsiona economia circular<\/span><\/a><\/span><\/span><\/span><\/p>\r\n\r\n<p style=\"text-align:justify\"><span style=\"font-size:11pt\"><span style=\"line-height:normal\"><span style=\"font-family:Calibri,sans-serif\"><a href=\"https:\/\/revistaplasticosul.com.br\/sustentabilidade\/eureciclo-abre-ciclo-de-debates-sobre-logistica-reversa-na-cop30\/\" style=\"color:blue; text-decoration:underline\"><span style=\"font-size:14.0pt\">Eureciclo abre ciclo de debates sobre log&iacute;stica reversa na COP 30<\/span><\/a><\/span><\/span><\/span><\/p>\r\n\r\n<p style=\"text-align:justify\"><span style=\"font-size:28pt\"><span style=\"font-family:Cambria,serif\"><span style=\"letter-spacing:-0.5pt\"><b><span style=\"font-size:18.0pt\"><span calibri=\"\" style=\"font-family:\"><span style=\"font-variant:small-caps\">Inova&ccedil;&atilde;o<\/span><\/span><\/span><\/b><\/span><\/span><\/span><\/p>\r\n\r\n<p style=\"text-align:justify\"><span style=\"font-size:11pt\"><span style=\"line-height:normal\"><span style=\"font-family:Calibri,sans-serif\"><a href=\"https:\/\/plasticosemrevista.com.br\/avanca-o-desenvolvimento-de-pp-de-fontes-renovaveis\/\" style=\"color:blue; text-decoration:underline\"><span style=\"font-size:14.0pt\">Avan&ccedil;a o desenvolvimento de PP de fontes renov&aacute;veis<\/span><\/a><\/span><\/span><\/span><\/p>\r\n\r\n<p style=\"text-align:justify\"><span style=\"font-size:11pt\"><span style=\"line-height:normal\"><span style=\"font-family:Calibri,sans-serif\"><a href=\"https:\/\/noticias.portaldaindustria.com.br\/noticias\/inovacao-e-tecnologia\/rede-de-pesquisa-e-inovacao-para-a-industria-contribui-com-066-do-pib-do-pais\/\" style=\"color:blue; text-decoration:underline\"><span style=\"font-size:14.0pt\">Rede de pesquisa e inova&ccedil;&atilde;o para a ind&uacute;stria contribui com 0,66% do PIB do pa&iacute;s, aponta estudo<\/span><\/a><\/span><\/span><\/span><\/p>\r\n\r\n<p style=\"text-align:justify\"><span style=\"font-size:11pt\"><span style=\"line-height:normal\"><span style=\"font-family:Calibri,sans-serif\"><a href=\"https:\/\/conectaverde.com.br\/pesquisador-da-usp-de-ribeirao-preto-sp-desenvolve-bandejas-de-amido-e-curcuma-como-alternativa-potencial-para-substituir-o-isopor\/\" style=\"color:blue; text-decoration:underline\"><span style=\"font-size:14.0pt\">Pesquisador da USP de Ribeir&atilde;o Preto (SP) desenvolve bandejas de amido e c&uacute;rcuma como alternativa potencial para substituir o isopor<\/span><\/a><\/span><\/span><\/span><\/p>\r\n\r\n<p style=\"text-align:justify\"><span style=\"font-size:28pt\"><span style=\"font-family:Cambria,serif\"><span style=\"letter-spacing:-0.5pt\"><b><span style=\"font-size:18.0pt\"><span calibri=\"\" style=\"font-family:\"><span style=\"font-variant:small-caps\">Com&eacute;rcio Exterior<\/span><\/span><\/span><\/b><\/span><\/span><\/span><\/p>\r\n\r\n<p style=\"text-align:justify\"><span style=\"font-size:11pt\"><span style=\"line-height:normal\"><span style=\"font-family:Calibri,sans-serif\"><a href=\"https:\/\/portalibre.fgv.br\/system\/files\/divulgacao\/noticias\/mat-complementar\/2025-09\/ICOMEX_FGV_Press%20release_Setembro2025.pdf\" style=\"color:blue; text-decoration:underline\"><span style=\"font-size:14.0pt\">O efeito do tarifa&ccedil;o em agosto n&atilde;o deve se repetir na mesma intensidade nos pr&oacute;ximos meses<\/span><\/a><\/span><\/span><\/span><\/p>\r\n\r\n<p style=\"text-align:justify\"><span style=\"font-size:11pt\"><span style=\"line-height:normal\"><span style=\"font-family:Calibri,sans-serif\"><a href=\"https:\/\/agenciabrasil.ebc.com.br\/internacional\/noticia\/2025-09\/mercosul-assina-acordo-de-livre-comercio-com-quatro-paises-europeus\" style=\"color:blue; text-decoration:underline\"><span style=\"font-size:14.0pt\">Mercosul assina acordo de livre com&eacute;rcio com quatro pa&iacute;ses europeus<\/span><\/a><\/span><\/span><\/span><\/p>\r\n\r\n<p style=\"text-align:justify\"><span style=\"font-size:11pt\"><span style=\"line-height:normal\"><span style=\"font-family:Calibri,sans-serif\"><a href=\"https:\/\/noticias.portaldaindustria.com.br\/noticias\/internacional\/o-que-o-acordo-mercosul-efta-traz-de-bom-para-a-industria-brasileira-ep171\/\" style=\"color:blue; text-decoration:underline\"><span style=\"font-size:14.0pt\">O que o acordo Mercosul-EFTA traz de bom para a ind&uacute;stria brasileira?<\/span><\/a><\/span><\/span><\/span><\/p>\r\n\r\n<p style=\"text-align:justify\"><span style=\"font-size:28pt\"><span style=\"font-family:Cambria,serif\"><span style=\"letter-spacing:-0.5pt\"><b><span style=\"font-size:18.0pt\"><span calibri=\"\" style=\"font-family:\"><span style=\"font-variant:small-caps\">Economia<\/span><\/span><\/span><\/b><\/span><\/span><\/span><\/p>\r\n\r\n<p style=\"text-align:justify\"><span style=\"font-size:11pt\"><span style=\"line-height:normal\"><span style=\"font-family:Calibri,sans-serif\"><a href=\"https:\/\/www.bcb.gov.br\/content\/focus\/focus\/R20250919.pdf\" style=\"color:blue; text-decoration:underline\"><span style=\"font-size:14.0pt\">Focus - Relat&oacute;rio de Mercado<\/span><\/a><\/span><\/span><\/span><\/p>\r\n\r\n<p style=\"text-align:justify\"><span style=\"font-size:11pt\"><span style=\"line-height:normal\"><span style=\"font-family:Calibri,sans-serif\"><a href=\"https:\/\/www.moveisdevalor.com.br\/portal\/economistas-preveem-varejo-mais-fraco-no-2-semestre?source=news\" style=\"color:blue; text-decoration:underline\"><span style=\"font-size:14.0pt\">Economistas preveem varejo mais fraco no 2&ordm; semestre<\/span><\/a><\/span><\/span><\/span><\/p>\r\n\r\n<p style=\"text-align:justify\"><img src=\"https:\/\/www.abint.org.br\/assets\/img\/editor\/redes-sociais-abint-ctg-cth_20250826142029TIeKhPrH3S.jpg\" \/><\/p>\r\n","6":"<p style=\"text-align:justify\"><span style=\"font-size:11pt\"><span style=\"line-height:normal\"><span style=\"font-family:Calibri,sans-serif\"><span style=\"font-size:14.0pt\">Esta &eacute; uma compila&ccedil;&atilde;o das not&iacute;cias mais relevantes para o setor, incluindo informa&ccedil;&otilde;es sobre acordos internacionais, economia brasileira, sustentabilidade e mat&eacute;rias primas, al&eacute;m de novidades do setor de N&atilde;otecidos e Tecidos T&eacute;cnicos.<\/span><\/span><\/span><\/span><\/p>\r\n\r\n<p style=\"text-align:justify\"><span style=\"font-size:28pt\"><span style=\"font-family:Cambria,serif\"><span style=\"letter-spacing:-0.5pt\"><b><span style=\"font-size:18.0pt\"><span calibri=\"\" style=\"font-family:\"><span style=\"font-variant:small-caps\">O que vem por a&iacute;<\/span><\/span><\/span><\/b><\/span><\/span><\/span><\/p>\r\n\r\n<p style=\"text-align:justify\"><span style=\"font-size:11pt\"><span style=\"line-height:normal\"><span style=\"font-family:Calibri,sans-serif\"><span style=\"font-size:14.0pt\">No dia 24 de setembro, o CTG Entrevista receber&aacute; a Engenheira e Gerente T&eacute;cnica da ABREMA, Leticia Nocko, para falar sobre &quot;Gest&atilde;o t&eacute;cnica de aterros sanit&aacute;rios e perspectivas futuras&quot;. A live ser&aacute; &agrave;s 18hs, pelo Instagram: <\/span><a href=\"https:\/\/www.instagram.com\/ctg_abint\/\" style=\"color:blue; text-decoration:underline\"><span style=\"font-size:14.0pt\">https:\/\/www.instagram.com\/ctg_abint\/<\/span><\/a><\/span><\/span><\/span><\/p>\r\n\r\n<p style=\"text-align:justify\"><span style=\"font-size:11pt\"><span style=\"line-height:normal\"><span style=\"font-family:Calibri,sans-serif\"><span style=\"font-size:14.0pt\"><img src=\"https:\/\/www.abint.org.br\/assets\/img\/editor\/20250924-live-ctg-instagram-leticia-nocko_202509231859191L7duv0wPy.jpg\" style=\"width: 300px; height: 400px;\" \/><\/span><\/span><\/span><\/span><\/p>\r\n\r\n<p style=\"text-align:justify\">&nbsp;<\/p>\r\n\r\n<p><b><img src=\"https:\/\/www.abint.org.br\/assets\/img\/editor\/2o-seminario-abrafiltros-abint-apoiador_2025072217401523mrTUXRqU.png\" style=\"width: 500px; height: 500px;\" \/><\/b><\/p>\r\n\r\n<p><span style=\"font-size:11pt\"><span style=\"line-height:normal\"><span style=\"font-family:Calibri,sans-serif\"><a href=\"https:\/\/doity.com.br\/3-seminario-brasileiro-de-filtros\" style=\"color:blue; text-decoration:underline\"><b><span style=\"font-size:14.0pt\">Acesse aqui mais informa&ccedil;&otilde;es<\/span><\/b><\/a><\/span><\/span><\/span><\/p>\r\n\r\n<p>&nbsp;<\/p>\r\n\r\n<p><img src=\"https:\/\/www.abint.org.br\/assets\/img\/editor\/20251021-fenasan-2025_20250923190841eMb0ea0qzy.jpg\" style=\"width: 700px; height: 221px;\" \/><\/p>\r\n\r\n<p><span style=\"font-size:11.0pt\"><span style=\"line-height:115%\"><span calibri=\"\" style=\"font-family:\"><a href=\"https:\/\/fenasan.com.br\/\" style=\"color:blue; text-decoration:underline\"><b><span style=\"font-size:14.0pt\"><span style=\"line-height:115%\">Acesse aqui mais informa&ccedil;&otilde;es<\/span><\/span><\/b><\/a><\/span><\/span><\/span><\/p>\r\n\r\n<p>&nbsp;<\/p>\r\n\r\n<p><img src=\"https:\/\/www.abint.org.br\/assets\/img\/editor\/congresso-abit-2025-1_20250923191347WI6Kiky2I3.png\" style=\"width: 400px; height: 500px;\" \/><\/p>\r\n\r\n<p><span style=\"font-size:11pt\"><span style=\"line-height:normal\"><span style=\"font-family:Calibri,sans-serif\"><a href=\"https:\/\/www.congressoabit.com.br\/\" style=\"color:blue; text-decoration:underline\"><b><span style=\"font-size:14.0pt\">Acesse aqui mais informa&ccedil;&otilde;es<\/span><\/b><\/a><\/span><\/span><\/span><\/p>\r\n\r\n<p><span style=\"font-size:28pt\"><span style=\"font-family:Cambria,serif\"><span style=\"letter-spacing:-0.5pt\"><b><span style=\"font-size:18.0pt\"><span calibri=\"\" style=\"font-family:\"><span style=\"font-variant:small-caps\">Not&iacute;cias das Associadas<\/span><\/span><\/span><\/b><\/span><\/span><\/span><\/p>\r\n\r\n<p style=\"text-align:justify\"><span style=\"font-size:11pt\"><span style=\"line-height:normal\"><span style=\"font-family:Calibri,sans-serif\"><a href=\"https:\/\/www.revistatae.com.br\/Noticia\/92220\/geossinteticos-transformam-a-infraestrutura-e-o-saneamento-no-brasil\" style=\"color:blue; text-decoration:underline\"><span style=\"font-size:14.0pt\">Geossint&eacute;ticos transformam a infraestrutura e o saneamento no Brasil<\/span><\/a><\/span><\/span><\/span><\/p>\r\n\r\n<p style=\"text-align:justify\"><span style=\"font-size:11pt\"><span style=\"line-height:normal\"><span style=\"font-family:Calibri,sans-serif\"><a href=\"https:\/\/www.abctecnologias.com.br\/historias-de-sucesso\/fazendo-onda-primeiro-barco-de-canal-em-pead-e-lancado\/?utm_source=ABC+Tecnologias&amp;utm_campaign=82f379e801-CAMPANHA_RSS_POSTS_SITE&amp;utm_medium=email&amp;utm_term=0_01821b5e7f-82f379e801-468976694\" style=\"color:blue; text-decoration:underline\"><span style=\"font-size:14.0pt\">ABC Tecnologias | Fazendo Onda: Primeiro Barco de Canal em PEAD &eacute; Lan&ccedil;ado<\/span><\/a><\/span><\/span><\/span><\/p>\r\n\r\n<p style=\"text-align:justify\"><span style=\"font-size:11pt\"><span style=\"line-height:normal\"><span style=\"font-family:Calibri,sans-serif\"><a href=\"https:\/\/www.sogipa.com.br\/site\/noticias\/17570\/sogipanos-conquistam-medalhas-no-brasileiro-sub-20-de-atletismo\" style=\"color:blue; text-decoration:underline\"><span style=\"font-size:14.0pt\">Com apoio da Fitesa, sergipanos conquistam medalhas no Brasileiro Sub-20 de Atletismo<\/span><\/a><\/span><\/span><\/span><\/p>\r\n\r\n<p style=\"text-align:justify\"><span style=\"font-size:11pt\"><span style=\"line-height:normal\"><span style=\"font-family:Calibri,sans-serif\"><b><span style=\"font-size:18.0pt\"><span style=\"font-variant:small-caps\">Eventos<\/span><\/span><\/b><\/span><\/span><\/span><\/p>\r\n\r\n<p style=\"text-align:justify\"><span style=\"font-size:11pt\"><span style=\"line-height:normal\"><span style=\"font-family:Calibri,sans-serif\"><a href=\"https:\/\/igsbrasil.org.br\/events\/geossint-nordeste-ii-simposio-regional-em-geossinteticos-22-e-23-de-setembro-natal-rn\/\" style=\"color:blue; text-decoration:underline\"><b><span style=\"font-size:14.0pt\">Geossint Nordeste &ndash; II Simp&oacute;sio Regional em<\/span><\/b><\/a><a href=\"https:\/\/igsbrasil.org.br\/events\/geossint-nordeste-ii-simposio-regional-em-geossinteticos-22-e-23-de-setembro-natal-rn\/\" style=\"color:blue; text-decoration:underline\"><b><span style=\"font-size:14.0pt\"> Geossint&eacute;ticos<\/span><\/b><\/a><span style=\"font-size:14.0pt\"> &ndash; dias 22 e 23 de setembro, em Natal, RN<\/span><\/span><\/span><\/span><\/p>\r\n\r\n<p style=\"text-align:justify\"><span style=\"font-size:11pt\"><span style=\"line-height:normal\"><span style=\"font-family:Calibri,sans-serif\"><a href=\"https:\/\/abemi.org.br\/eventos\/1ajornada-abemi\/\" style=\"color:blue; text-decoration:underline\"><b><span style=\"font-size:14.0pt\">I Jornada ABEMI de Engenharia de Projetos Industriais: &ldquo;Transformando Desafios em Resultados&rdquo;<\/span><\/b><\/a><span style=\"font-size:14.0pt\">, 23 de setembro de 2025, 08h30 &agrave;s 17h00, audit&oacute;rio da ABEMI, Rua Tabapu&atilde;, 81, S&atilde;o Paulo, SP<\/span><\/span><\/span><\/span><\/p>\r\n\r\n<p style=\"text-align:justify\"><span style=\"font-size:11pt\"><span style=\"line-height:normal\"><span style=\"font-family:Calibri,sans-serif\"><a href=\"https:\/\/paving.com.br\/\" style=\"color:blue; text-decoration:underline\"><b><span style=\"font-size:14.0pt\">Paving Expo 2025<\/span><\/b><\/a><span style=\"font-size:14.0pt\">, 23 a 25 de setembro de 2025, Distrito Anhembi, Rua Prof. Milton Rodrigues, s\/n, Santana, S&atilde;o Paulo, SP<\/span><\/span><\/span><\/span><\/p>\r\n\r\n<p style=\"text-align:justify\"><span style=\"font-size:11pt\"><span style=\"line-height:normal\"><span style=\"font-family:Calibri,sans-serif\"><a href=\"https:\/\/viex-americas.com\/eventos\/lase\/lase-2025\/\" style=\"color:blue; text-decoration:underline\"><b><span style=\"font-size:14.0pt\">LASE - L&iacute;deres Ambientais do Setor de Energia 2025<\/span><\/b><\/a><span style=\"font-size:14.0pt\">, 29 de setembro a 01 de outubro de 2025, WTC Events Center, S&atilde;o Paulo, SP<\/span><\/span><\/span><\/span><\/p>\r\n\r\n<p style=\"text-align:justify\"><span style=\"font-size:11pt\"><span style=\"line-height:normal\"><span style=\"font-family:Calibri,sans-serif\"><a href=\"https:\/\/app.rdstation.email\/mail\/2babe40a-eb86-4044-b658-43fbda6625a2?utm_medium=email&amp;utm_campaign=2108_convite_workshop_justica_trabalho_-_reenvio&amp;utm_source=RD+Station\" style=\"color:blue; text-decoration:underline\"><b><span style=\"font-size:14.0pt\">Workshop Abit | Pedidos Irreais na Justi&ccedil;a do Trabalho: Como Lidar com o Exagero Processual<\/span><\/b><\/a><span style=\"font-size:14.0pt\">, 30 de setembro de 2025, 09 &agrave;s 12h, evento h&iacute;brido<\/span><\/span><\/span><\/span><\/p>\r\n\r\n<p style=\"text-align:justify\"><span style=\"font-size:11pt\"><span style=\"line-height:normal\"><span style=\"font-family:Calibri,sans-serif\"><a href=\"https:\/\/www.instagram.com\/sobeccnacional\/p\/DA1V8NZyhNK\/?img_index=1\" style=\"color:blue; text-decoration:underline\"><b><span style=\"font-size:14.0pt\">17&ordm; Congresso Brasileiro de Enfermagem em Centro Cir&uacute;rgico: &ldquo;O poder de cuidar&rdquo;<\/span><\/b><\/a><span style=\"font-size:14.0pt\">, 01 a 03 de outubro de 2025, Transamerica Expo Center, S&atilde;o Paulo, SP<\/span><\/span><\/span><\/span><\/p>\r\n\r\n<p style=\"text-align:justify\"><span style=\"font-size:11pt\"><span style=\"line-height:normal\"><span style=\"font-family:Calibri,sans-serif\"><a href=\"https:\/\/his.saudebusiness.com\/pt\/home.html\" style=\"color:blue; text-decoration:underline\"><b><span style=\"font-size:14.0pt\">Healthcare Innovation Show (HIS)<\/span><\/b><\/a><span style=\"font-size:14.0pt\">, 01 e 02 de outubro de 2025, 09h &agrave;s 18h, S&atilde;o Paulo Expo<\/span><\/span><\/span><\/span><\/p>\r\n\r\n<p style=\"text-align:justify\"><span style=\"font-size:11pt\"><span style=\"line-height:normal\"><span style=\"font-family:Calibri,sans-serif\"><a href=\"https:\/\/www.sympla.com.br\/evento-online\/encontros-cop30-clima-impacto-e-mercado-os-desafios-da-mitigacao-e-da-adaptacao\/3127010\" style=\"color:blue; text-decoration:underline\"><b><span style=\"font-size:14.0pt\">Fecom&eacute;rcio | Encontros COP30 - Clima, Impacto e Mercado | Os desafios da mitiga&ccedil;&atilde;o e da adapta&ccedil;&atilde;o<\/span><\/b><\/a><span style=\"font-size:14.0pt\">, 03 de outubro de 2025, das 14:30 &agrave;s 17:00, evento online via Youtube<\/span><\/span><\/span><\/span><\/p>\r\n\r\n<p style=\"text-align:justify\"><span style=\"font-size:11pt\"><span style=\"line-height:normal\"><span style=\"font-family:Calibri,sans-serif\"><a href=\"https:\/\/app.rdstation.email\/mail\/8acc31ca-cd35-4903-9f5d-3274553924be?utm_medium=email&amp;utm_campaign=emkt_workshop_tarifas_eua&amp;utm_source=RD+Station\" style=\"color:blue; text-decoration:underline\"><b><span style=\"font-size:14.0pt\">Workshop Abit | Impactos das Tarifas dos EUA e Tend&ecirc;ncias de Consumo do Setor T&amp;C<\/span><\/b><\/a><span style=\"font-size:14.0pt\">, 07 de outubro de 2025, das 10h &agrave;s 12h, evento virtual<\/span><\/span><\/span><\/span><\/p>\r\n\r\n<p style=\"text-align:justify\"><span style=\"font-size:11pt\"><span style=\"line-height:normal\"><span style=\"font-family:Calibri,sans-serif\"><a href=\"https:\/\/www.abrafiltros.org.br\/3o-seminario-brasileiro-de-filtros-acontecera-no-dia-08-de-outubro\/\" style=\"color:blue; text-decoration:underline\"><b><span style=\"font-size:14.0pt\">3&ordm; Semin&aacute;rio Brasileiro de Filtros<\/span><\/b><\/a><span style=\"font-size:14.0pt\">, 08 de outubro de 2025, evento presencial<\/span><\/span><\/span><\/span><\/p>\r\n\r\n<p style=\"text-align:justify\"><span style=\"font-size:11pt\"><span style=\"line-height:normal\"><span style=\"font-family:Calibri,sans-serif\"><a href=\"https:\/\/www.portaldaindustria.com.br\/eventos\/pt\/edicoes\/pre-cop30-o-papel-do-setor-privado-na-agenda-de-cl#msdynmkt_trackingcontext=ddc27a5f-3229-4511-a32a-8dab7ec80200\" style=\"color:blue; text-decoration:underline\"><b><span style=\"font-size:14.0pt\">CNI | Pr&eacute;-COP30: o papel do setor privado na agenda de clima<\/span><\/b><\/a><span style=\"font-size:14.0pt\">, 15 de setembro de 2025, 08h00 &agrave;s 17h00, Unique Palace, St. de Clubes Esportivos Sul Trecho 2 CJ 42, Bras&iacute;lia<\/span><\/span><\/span><\/span><\/p>\r\n\r\n<p style=\"text-align:justify\"><span style=\"font-size:11pt\"><span style=\"line-height:normal\"><span style=\"font-family:Calibri,sans-serif\"><a href=\"https:\/\/hospitalmed.com.br\/feira\/\" style=\"color:blue; text-decoration:underline\"><b><span style=\"font-size:14.0pt\">HospitalMed 2025<\/span><\/b><\/a><span style=\"font-size:14.0pt\">, 22 a 24 de outubro, Pernambuco Centro de Conven&ccedil;&otilde;es, Olinda<\/span><\/span><\/span><\/span><\/p>\r\n\r\n<p style=\"text-align:justify\"><span style=\"font-size:11pt\"><span style=\"line-height:normal\"><span style=\"font-family:Calibri,sans-serif\"><a href=\"https:\/\/www.abnteducacao.com.br\/Simbologia_de_cuidados_aplicada_a_Etiquetagem_de_Texteis_ABNT_NBR_NM_ISO_3758\" style=\"color:blue; text-decoration:underline\"><b><span style=\"font-size:14.0pt\">Curso ABNT | Simbologia de cuidados aplicada a Etiquetagem de T&ecirc;xteis - ABNT NBR NM ISO 3758<\/span><\/b><\/a><span style=\"font-size:14.0pt\">, 27 e 28 de outubro de 2025, das 08:30 &agrave;s 17h30, online<\/span><\/span><\/span><\/span><\/p>\r\n\r\n<p style=\"text-align:justify\"><span style=\"font-size:11pt\"><span style=\"line-height:normal\"><span style=\"font-family:Calibri,sans-serif\"><a href=\"https:\/\/www.congressoabit.com.br\/\" style=\"color:blue; text-decoration:underline\"><b><span style=\"font-size:14.0pt\">Congresso Internacional Abit 2025<\/span><\/b><\/a><span style=\"font-size:14.0pt\">, 29 e 30 de outubro, 08h &agrave;s 20h, FIESP, S&atilde;o Paulo, SP<\/span><\/span><\/span><\/span><\/p>\r\n\r\n<p style=\"text-align:justify\"><span style=\"font-size:11pt\"><span style=\"line-height:normal\"><span style=\"font-family:Calibri,sans-serif\"><a href=\"https:\/\/filtech.de\/\" style=\"color:blue; text-decoration:underline\"><b><span style=\"font-size:14.0pt\">Filtech 2026<\/span><\/b><\/a><span style=\"font-size:14.0pt\">, de 30 de junho a 2 de julho, Cologne, Alemanha<\/span><\/span><\/span><\/span><\/p>\r\n\r\n<p style=\"text-align:justify\"><span style=\"font-size:11pt\"><span style=\"line-height:normal\"><span style=\"font-family:Calibri,sans-serif\"><a href=\"https:\/\/ficons.com.br\/\" style=\"color:blue; text-decoration:underline\"><b><span style=\"font-size:14.0pt\">FICONS - Feira Internacional de Materiais, Equipamentos e Servi&ccedil;os da Constru&ccedil;&atilde;o<\/span><\/b><\/a><span style=\"font-size:14.0pt\">, 15 a 18 de setembro de 2026, Centro de Conven&ccedil;&otilde;es de Pernambuco Recife\/ Olinda<\/span><\/span><\/span><\/span><\/p>\r\n\r\n<p style=\"text-align:justify\"><span style=\"font-size:28pt\"><span style=\"font-family:Cambria,serif\"><span style=\"letter-spacing:-0.5pt\"><b><span lang=\"EN-US\" style=\"font-size:18.0pt\"><span calibri=\"\" style=\"font-family:\"><span style=\"font-variant:small-caps\">Setor<\/span><\/span><\/span><\/b><\/span><\/span><\/span><\/p>\r\n\r\n<p style=\"text-align:justify\"><span style=\"font-size:11pt\"><span style=\"line-height:normal\"><span style=\"font-family:Calibri,sans-serif\"><a href=\"https:\/\/www.nonwovens-industry.com\/contents\/view_online-exclusives\/2025-09-15\/artificial-intelligence-in-nonwovens-from-materials-science-to-the-factory-floor\/?widget=listSection&amp;utm_campaign=NON%20eNewsletter&amp;utm_medium=email&amp;_hsenc=p2ANqtz-9HzTPbMFEnJJBCDf7lVZbNAa5crEs95jDXUlzTTzOQNwJUWkfPRyEfcFy2RFH-YbfYdXgIHACHgeTM0pZcUi0pK2gqjw&amp;_hsmi=381227263&amp;utm_content=381227263&amp;utm_source=hs_email\" style=\"color:blue; text-decoration:underline\"><span lang=\"EN-US\" style=\"font-size:14.0pt\">Artificial Intelligence in Nonwovens: From Materials Science to the Factory Floor<\/span><\/a><\/span><\/span><\/span><\/p>\r\n\r\n<p style=\"text-align:justify\"><span style=\"font-size:11pt\"><span style=\"line-height:normal\"><span style=\"font-family:Calibri,sans-serif\"><a href=\"https:\/\/www.nonwovens-industry.com\/contents\/view_breaking-news\/2025-09-15\/edana-welcomes-european-commissions-anti-dumping-probe\/15303\" style=\"color:blue; text-decoration:underline\"><span lang=\"EN-US\" style=\"font-size:14.0pt\">EDANA Welcomes European Commission&#39;s Anti-Dumping Probe<\/span><\/a><\/span><\/span><\/span><\/p>\r\n\r\n<p style=\"text-align:justify\"><span style=\"font-size:11pt\"><span style=\"line-height:normal\"><span style=\"font-family:Calibri,sans-serif\"><a href=\"https:\/\/radiocampomaior.com\/2025\/09\/11\/amigo-do-meio-ambiente-projeto-sustentaale-esta-a-reciclar-tnt-usado-nos-blocos-operatorios-da-ulsaale\/\" style=\"color:blue; text-decoration:underline\"><span style=\"font-size:14.0pt\">Em Portugal: amigo do meio ambiente, projeto &ldquo;SUSTENTAALE&rdquo; est&aacute; a reciclar N&atilde;otecido usado nos blocos operat&oacute;rios da ULSAALE<\/span><\/a><\/span><\/span><\/span><\/p>\r\n\r\n<p style=\"text-align:justify\"><span style=\"font-size:11pt\"><span style=\"line-height:normal\"><span style=\"font-family:Calibri,sans-serif\"><a href=\"https:\/\/www.gov.br\/anvisa\/pt-br\/assuntos\/noticias-anvisa\/2025\/anvisa-altera-forma-de-contagem-da-validade-do-certificado-de-boas-praticas\" style=\"color:blue; text-decoration:underline\"><span style=\"font-size:14.0pt\">Anvisa altera forma de contagem da validade do Certificado de Boas Pr&aacute;ticas<\/span><\/a><\/span><\/span><\/span><\/p>\r\n\r\n<p style=\"text-align:justify\"><span style=\"font-size:11pt\"><span style=\"line-height:normal\"><span style=\"font-family:Calibri,sans-serif\"><a href=\"https:\/\/app.rdstation.email\/mail\/99aa0529-7a8c-4644-bcfc-2bf421ec957d?utm_medium=email&amp;utm_campaign=sindionline_-_18092025_ii&amp;utm_source=RD+Station\" style=\"color:blue; text-decoration:underline\"><span style=\"font-size:14.0pt\">Sindit&ecirc;xtil-SP elege novo presidente<\/span><\/a><\/span><\/span><\/span><\/p>\r\n\r\n<p style=\"text-align:justify\"><span style=\"font-size:11pt\"><span style=\"line-height:normal\"><span style=\"font-family:Calibri,sans-serif\"><a href=\"https:\/\/revistaplasticosul.com.br\/sustentabilidade\/pesquisa-mostra-que-61-dos-brasileiros-consideram-o-plastico-indispensavel\/\" style=\"color:blue; text-decoration:underline\"><span style=\"font-size:14.0pt\">Pesquisa mostra que 61% dos brasileiros consideram o pl&aacute;stico indispens&aacute;vel<\/span><\/a><\/span><\/span><\/span><\/p>\r\n\r\n<p style=\"text-align:justify\"><span style=\"font-size:11pt\"><span style=\"line-height:normal\"><span style=\"font-family:Calibri,sans-serif\"><a href=\"https:\/\/plasticosemrevista.com.br\/pet-maior-recicladora-da-california-encerra-producao\/\" style=\"color:blue; text-decoration:underline\"><span style=\"font-size:14.0pt\">PET: maior recicladora da Calif&oacute;rnia encerra produ&ccedil;&atilde;o<\/span><\/a><\/span><\/span><\/span><\/p>\r\n\r\n<p style=\"text-align:justify\"><span style=\"font-size:11pt\"><span style=\"line-height:normal\"><span style=\"font-family:Calibri,sans-serif\"><a href=\"https:\/\/plasticosemrevista.com.br\/encolhe-a-industria-quimica-europeia\/\" style=\"color:blue; text-decoration:underline\"><span style=\"font-size:14.0pt\">Encolhe a ind&uacute;stria qu&iacute;mica europeia<\/span><\/a><\/span><\/span><\/span><\/p>\r\n\r\n<p style=\"text-align:justify\"><span style=\"font-size:11pt\"><span style=\"line-height:normal\"><span style=\"font-family:Calibri,sans-serif\"><a href=\"https:\/\/g7abc.com.br\/grande-abc\/braskem-destaca-seus-avancos-durante-a-feira-k-2025\" style=\"color:blue; text-decoration:underline\"><span style=\"font-size:14.0pt\">Braskem destaca seus avan&ccedil;os durante a Feira K 2025<\/span><\/a><\/span><\/span><\/span><\/p>\r\n\r\n<p style=\"text-align:justify\"><span style=\"font-size:11pt\"><span style=\"line-height:normal\"><span style=\"font-family:Calibri,sans-serif\"><a href=\"https:\/\/eixos.com.br\/videos-e-podcasts\/ao-vivo\/abiquim-defende-monofasia-com-excecao-para-nafta-petroquimica-e-preve-impacto-tributario-de-18-bilhoes-de-reais\/\" style=\"color:blue; text-decoration:underline\"><span style=\"font-size:14.0pt\">Com impacto de R$ 18 bi, Abiquim defende monofasia com exce&ccedil;&atilde;o para nafta petroqu&iacute;mica<\/span><\/a><\/span><\/span><\/span><\/p>\r\n\r\n<p style=\"text-align:justify\"><span style=\"font-size:28pt\"><span style=\"font-family:Cambria,serif\"><span style=\"letter-spacing:-0.5pt\"><b><span style=\"font-size:18.0pt\"><span calibri=\"\" style=\"font-family:\"><span style=\"font-variant:small-caps\">Ind&uacute;stria<\/span><\/span><\/span><\/b><\/span><\/span><\/span><\/p>\r\n\r\n<p style=\"text-align:justify\"><span style=\"font-size:11pt\"><span style=\"line-height:normal\"><span style=\"font-family:Calibri,sans-serif\"><a href=\"https:\/\/www.machadomeyer.com.br\/pt\/inteligencia-juridica\/publicacoes-ij\/inteligencia-juridica-trabalhista\/relatorio-de-transparencia-salarial-como-se-preparar-para-as-fiscalizacoes-do-mte\" style=\"color:blue; text-decoration:underline\"><span style=\"font-size:14.0pt\">Relat&oacute;rio de Transpar&ecirc;ncia Salarial: como se preparar para as fiscaliza&ccedil;&otilde;es do MTE?<\/span><\/a><\/span><\/span><\/span><\/p>\r\n\r\n<p style=\"text-align:justify\"><span style=\"font-size:11pt\"><span style=\"line-height:normal\"><span style=\"font-family:Calibri,sans-serif\"><a href=\"https:\/\/ibre.fgv.br\/blog-da-conjuntura-economica\/artigos\/produtividade-do-trabalho-da-sinais-de-melhora-no-segundo\" style=\"color:blue; text-decoration:underline\"><span style=\"font-size:14.0pt\">Produtividade do trabalho d&aacute; sinais de melhora no segundo trimestre do ano<\/span><\/a><\/span><\/span><\/span><\/p>\r\n\r\n<p style=\"text-align:justify\"><span style=\"font-size:11pt\"><span style=\"line-height:normal\"><span style=\"font-family:Calibri,sans-serif\"><a href=\"https:\/\/g1.globo.com\/jornal-nacional\/noticia\/2025\/09\/15\/tarifaco-atinge-industria-de-calcados-do-brasil-dentro-e-fora-do-pais.ghtml\" style=\"color:blue; text-decoration:underline\"><span style=\"font-size:14.0pt\">Setor de cal&ccedil;ados enfrenta tarifa&ccedil;o de Trump nos EUA e concorr&ecirc;ncia chinesa dentro do Brasil<\/span><\/a><\/span><\/span><\/span><\/p>\r\n\r\n<p style=\"text-align:justify\"><span style=\"font-size:11pt\"><span style=\"line-height:normal\"><span style=\"font-family:Calibri,sans-serif\"><a href=\"https:\/\/www.msn.com\/pt-br\/dinheiro\/economia-e-negocios\/empresas-do-setor-qu%C3%ADmico-anunciam-r-7593-milh%C3%B5es-em-investimentos\/ar-AA1xneoX?apiversion=v2&amp;noservercache=1&amp;domshim=1&amp;renderwebcomponents=1&amp;wcseo=1&amp;batchservertelemetry=1&amp;noservertelemetry=1\" style=\"color:blue; text-decoration:underline\"><span style=\"font-size:14.0pt\">Empresas do setor qu&iacute;mico anunciam R$ 759,3 milh&otilde;es em investimentos<\/span><\/a><\/span><\/span><\/span><\/p>\r\n\r\n<p style=\"text-align:justify\"><span style=\"font-size:28pt\"><span style=\"font-family:Cambria,serif\"><span style=\"letter-spacing:-0.5pt\"><b><span style=\"font-size:18.0pt\"><span calibri=\"\" style=\"font-family:\"><span style=\"font-variant:small-caps\">Sustentabilidade<\/span><\/span><\/span><\/b><\/span><\/span><\/span><\/p>\r\n\r\n<p style=\"text-align:justify\"><span style=\"font-size:11pt\"><span style=\"line-height:normal\"><span style=\"font-family:Calibri,sans-serif\"><a href=\"https:\/\/noticias.portaldaindustria.com.br\/noticias\/sustentabilidade\/setor-privado-entrega-23-prioridades-a-cop30-para-apoiar-negociacoes-climaticas\/\" style=\"color:blue; text-decoration:underline\"><span style=\"font-size:14.0pt\">Setor privado entrega 23 prioridades &agrave; COP30 para apoiar negocia&ccedil;&otilde;es clim&aacute;ticas<\/span><\/a><\/span><\/span><\/span><\/p>\r\n\r\n<p style=\"text-align:justify\"><span style=\"font-size:11pt\"><span style=\"line-height:normal\"><span style=\"font-family:Calibri,sans-serif\"><a href=\"https:\/\/g1.globo.com\/meio-ambiente\/cop-30\/noticia\/2025\/09\/19\/o-que-e-economia-circular-e-quem-ja-esta-lucrando-com-ela-no-brasil.ghtml\" style=\"color:blue; text-decoration:underline\"><span style=\"font-size:14.0pt\">O que &eacute; economia circular e quem j&aacute; est&aacute; lucrando com ela no Brasil?<\/span><\/a><\/span><\/span><\/span><\/p>\r\n\r\n<p style=\"text-align:justify\"><span style=\"font-size:11pt\"><span style=\"line-height:normal\"><span style=\"font-family:Calibri,sans-serif\"><a href=\"https:\/\/mundocoop.com.br\/acontece-no-setor\/pec-da-reciclagem-fortalece-cooperativas-e-impulsiona-economia-circular\/\" style=\"color:blue; text-decoration:underline\"><span style=\"font-size:14.0pt\">PEC da Reciclagem fortalece cooperativas e impulsiona economia circular<\/span><\/a><\/span><\/span><\/span><\/p>\r\n\r\n<p style=\"text-align:justify\"><span style=\"font-size:11pt\"><span style=\"line-height:normal\"><span style=\"font-family:Calibri,sans-serif\"><a href=\"https:\/\/revistaplasticosul.com.br\/sustentabilidade\/eureciclo-abre-ciclo-de-debates-sobre-logistica-reversa-na-cop30\/\" style=\"color:blue; text-decoration:underline\"><span style=\"font-size:14.0pt\">Eureciclo abre ciclo de debates sobre log&iacute;stica reversa na COP 30<\/span><\/a><\/span><\/span><\/span><\/p>\r\n\r\n<p style=\"text-align:justify\"><span style=\"font-size:28pt\"><span style=\"font-family:Cambria,serif\"><span style=\"letter-spacing:-0.5pt\"><b><span style=\"font-size:18.0pt\"><span calibri=\"\" style=\"font-family:\"><span style=\"font-variant:small-caps\">Inova&ccedil;&atilde;o<\/span><\/span><\/span><\/b><\/span><\/span><\/span><\/p>\r\n\r\n<p style=\"text-align:justify\"><span style=\"font-size:11pt\"><span style=\"line-height:normal\"><span style=\"font-family:Calibri,sans-serif\"><a href=\"https:\/\/plasticosemrevista.com.br\/avanca-o-desenvolvimento-de-pp-de-fontes-renovaveis\/\" style=\"color:blue; text-decoration:underline\"><span style=\"font-size:14.0pt\">Avan&ccedil;a o desenvolvimento de PP de fontes renov&aacute;veis<\/span><\/a><\/span><\/span><\/span><\/p>\r\n\r\n<p style=\"text-align:justify\"><span style=\"font-size:11pt\"><span style=\"line-height:normal\"><span style=\"font-family:Calibri,sans-serif\"><a href=\"https:\/\/noticias.portaldaindustria.com.br\/noticias\/inovacao-e-tecnologia\/rede-de-pesquisa-e-inovacao-para-a-industria-contribui-com-066-do-pib-do-pais\/\" style=\"color:blue; text-decoration:underline\"><span style=\"font-size:14.0pt\">Rede de pesquisa e inova&ccedil;&atilde;o para a ind&uacute;stria contribui com 0,66% do PIB do pa&iacute;s, aponta estudo<\/span><\/a><\/span><\/span><\/span><\/p>\r\n\r\n<p style=\"text-align:justify\"><span style=\"font-size:11pt\"><span style=\"line-height:normal\"><span style=\"font-family:Calibri,sans-serif\"><a href=\"https:\/\/conectaverde.com.br\/pesquisador-da-usp-de-ribeirao-preto-sp-desenvolve-bandejas-de-amido-e-curcuma-como-alternativa-potencial-para-substituir-o-isopor\/\" style=\"color:blue; text-decoration:underline\"><span style=\"font-size:14.0pt\">Pesquisador da USP de Ribeir&atilde;o Preto (SP) desenvolve bandejas de amido e c&uacute;rcuma como alternativa potencial para substituir o isopor<\/span><\/a><\/span><\/span><\/span><\/p>\r\n\r\n<p style=\"text-align:justify\"><span style=\"font-size:28pt\"><span style=\"font-family:Cambria,serif\"><span style=\"letter-spacing:-0.5pt\"><b><span style=\"font-size:18.0pt\"><span calibri=\"\" style=\"font-family:\"><span style=\"font-variant:small-caps\">Com&eacute;rcio Exterior<\/span><\/span><\/span><\/b><\/span><\/span><\/span><\/p>\r\n\r\n<p style=\"text-align:justify\"><span style=\"font-size:11pt\"><span style=\"line-height:normal\"><span style=\"font-family:Calibri,sans-serif\"><a href=\"https:\/\/portalibre.fgv.br\/system\/files\/divulgacao\/noticias\/mat-complementar\/2025-09\/ICOMEX_FGV_Press%20release_Setembro2025.pdf\" style=\"color:blue; text-decoration:underline\"><span style=\"font-size:14.0pt\">O efeito do tarifa&ccedil;o em agosto n&atilde;o deve se repetir na mesma intensidade nos pr&oacute;ximos meses<\/span><\/a><\/span><\/span><\/span><\/p>\r\n\r\n<p style=\"text-align:justify\"><span style=\"font-size:11pt\"><span style=\"line-height:normal\"><span style=\"font-family:Calibri,sans-serif\"><a href=\"https:\/\/agenciabrasil.ebc.com.br\/internacional\/noticia\/2025-09\/mercosul-assina-acordo-de-livre-comercio-com-quatro-paises-europeus\" style=\"color:blue; text-decoration:underline\"><span style=\"font-size:14.0pt\">Mercosul assina acordo de livre com&eacute;rcio com quatro pa&iacute;ses europeus<\/span><\/a><\/span><\/span><\/span><\/p>\r\n\r\n<p style=\"text-align:justify\"><span style=\"font-size:11pt\"><span style=\"line-height:normal\"><span style=\"font-family:Calibri,sans-serif\"><a href=\"https:\/\/noticias.portaldaindustria.com.br\/noticias\/internacional\/o-que-o-acordo-mercosul-efta-traz-de-bom-para-a-industria-brasileira-ep171\/\" style=\"color:blue; text-decoration:underline\"><span style=\"font-size:14.0pt\">O que o acordo Mercosul-EFTA traz de bom para a ind&uacute;stria brasileira?<\/span><\/a><\/span><\/span><\/span><\/p>\r\n\r\n<p style=\"text-align:justify\"><span style=\"font-size:28pt\"><span style=\"font-family:Cambria,serif\"><span style=\"letter-spacing:-0.5pt\"><b><span style=\"font-size:18.0pt\"><span calibri=\"\" style=\"font-family:\"><span style=\"font-variant:small-caps\">Economia<\/span><\/span><\/span><\/b><\/span><\/span><\/span><\/p>\r\n\r\n<p style=\"text-align:justify\"><span style=\"font-size:11pt\"><span style=\"line-height:normal\"><span style=\"font-family:Calibri,sans-serif\"><a href=\"https:\/\/www.bcb.gov.br\/content\/focus\/focus\/R20250919.pdf\" style=\"color:blue; text-decoration:underline\"><span style=\"font-size:14.0pt\">Focus - Relat&oacute;rio de Mercado<\/span><\/a><\/span><\/span><\/span><\/p>\r\n\r\n<p style=\"text-align:justify\"><span style=\"font-size:11pt\"><span style=\"line-height:normal\"><span style=\"font-family:Calibri,sans-serif\"><a href=\"https:\/\/www.moveisdevalor.com.br\/portal\/economistas-preveem-varejo-mais-fraco-no-2-semestre?source=news\" style=\"color:blue; text-decoration:underline\"><span style=\"font-size:14.0pt\">Economistas preveem varejo mais fraco no 2&ordm; semestre<\/span><\/a><\/span><\/span><\/span><\/p>\r\n\r\n<p style=\"text-align:justify\"><img src=\"https:\/\/www.abint.org.br\/assets\/img\/editor\/redes-sociais-abint-ctg-cth_20250826142029TIeKhPrH3S.jpg\" \/><\/p>\r\n","texto_en":"","7":"","imagem":"COMP_capa-2025-site-boletim-abint-noticias-semanis_202509231916422S4HrDRiCY.jpg","8":"COMP_capa-2025-site-boletim-abint-noticias-semanis_202509231916422S4HrDRiCY.jpg","arquivo":"20250923-BOLETIM-ABINT-DE-NOTICIAS-SEMANAIS.PDF","9":"20250923-BOLETIM-ABINT-DE-NOTICIAS-SEMANAIS.PDF","titulo_arquivo":"20250923 Boletim ABINT de Not\u00edcias Semanais","10":"20250923 Boletim ABINT de Not\u00edcias Semanais","titulo_arquivo_en":"","11":"","created_at":"2025-09-23 19:17:07","12":"2025-09-23 19:17:07","updated_at":"2025-09-23 19:19:43","13":"2025-09-23 19:19:43"},{"id":193,"0":193,"ordem":28,"1":28,"data":"2025-09-16","2":"2025-09-16","slug":"boletim-abint-de-noticias-semanais-95","3":"boletim-abint-de-noticias-semanais-95","titulo":"Boletim ABINT de Not\u00edcias Semanais","4":"Boletim ABINT de Not\u00edcias Semanais","titulo_en":"","5":"","texto":"<p style=\"text-align:justify\"><span style=\"font-size:11pt\"><span style=\"line-height:normal\"><span style=\"font-family:Calibri,sans-serif\"><span style=\"font-size:14.0pt\">Esta &eacute; uma compila&ccedil;&atilde;o das not&iacute;cias mais relevantes para o setor, incluindo informa&ccedil;&otilde;es sobre acordos internacionais, economia brasileira, sustentabilidade e mat&eacute;rias primas, al&eacute;m de novidades do setor de N&atilde;otecidos e Tecidos T&eacute;cnicos.<\/span><\/span><\/span><\/span><\/p>\r\n\r\n<p style=\"text-align:justify\"><span style=\"font-size:28pt\"><span style=\"font-family:Cambria,serif\"><span style=\"letter-spacing:-0.5pt\"><b><span style=\"font-size:18.0pt\"><span style=\"font-family:&quot;Calibri&quot;,sans-serif\"><span style=\"font-variant:small-caps\">O que vem por a&iacute;<\/span><\/span><\/span><\/b><\/span><\/span><\/span><\/p>\r\n\r\n<p><b><img src=\"https:\/\/www.abint.org.br\/assets\/img\/editor\/2o-seminario-abrafiltros-abint-apoiador_2025072217401523mrTUXRqU.png\" style=\"width: 500px; height: 500px;\" \/><\/b><\/p>\r\n\r\n<p><a href=\"https:\/\/doity.com.br\/3-seminario-brasileiro-de-filtros\"><b>Acesse aqui mais informa&ccedil;&otilde;es<\/b><\/a><\/p>\r\n\r\n<p>&nbsp;<\/p>\r\n\r\n<p><img src=\"https:\/\/www.abint.org.br\/assets\/img\/editor\/congresso-internacional-abit-2025_20250722174119edr5xq8iJH.png\" style=\"width: 700px; height: 256px;\" \/><\/p>\r\n\r\n<p><a href=\"https:\/\/www.congressoabit.com.br\/\"><b>Acesse aqui mais informa&ccedil;&otilde;es<\/b><\/a><\/p>\r\n\r\n<p>&nbsp;<\/p>\r\n\r\n<p class=\"MsoTitle\" style=\"text-align:justify\"><span style=\"font-size:28pt\"><span style=\"font-family:Cambria,serif\"><span style=\"letter-spacing:-0.5pt\"><b><span style=\"font-size:18.0pt\"><span style=\"font-family:&quot;Calibri&quot;,sans-serif\"><span style=\"font-variant:small-caps\">Not&iacute;cias das Associadas<\/span><\/span><\/span><\/b><\/span><\/span><\/span><\/p>\r\n\r\n<p style=\"text-align:justify\"><span style=\"font-size:11pt\"><span style=\"line-height:normal\"><span style=\"font-family:Calibri,sans-serif\"><a href=\"https:\/\/saneamentobasico.com.br\/residuos-solidos\/geossinteticos-aterros-sanitarios-evento-presencial\/\" style=\"color:blue; text-decoration:underline\"><span style=\"font-size:14.0pt\">Qualidade de geossint&eacute;ticos em aterros sanit&aacute;rios ser&aacute; tema de evento presencial do CTG ABINT e IGS BRASIL<\/span><\/a> <\/span><\/span><\/span><\/p>\r\n\r\n<p style=\"text-align:justify\"><span style=\"font-size:11pt\"><span style=\"line-height:normal\"><span style=\"font-family:Calibri,sans-serif\"><a href=\"https:\/\/www.quimica.com.br\/wp-content\/uploads\/2025\/09\/qd670_a.pdf\" style=\"color:blue; text-decoration:underline\"><span style=\"font-size:14.0pt\">Laminados sint&eacute;ticos | Alto desempenho e tecnologia ampliam o leque de aplica&ccedil;&otilde;es<\/span><\/a><span style=\"font-size:14.0pt\"> <i><span style=\"background:yellow\">P&Aacute;GINA 36<\/span><\/i><\/span><\/span><\/span><\/span><\/p>\r\n\r\n<p style=\"text-align:justify\"><span style=\"font-size:11pt\"><span style=\"line-height:115%\"><span style=\"font-family:Calibri,sans-serif\"><a href=\"https:\/\/orangezero.acemlnc.com\/lt.php?x=3DZy~GDDIIaa5KF_y_PLhOCd3XzWk_Pvv-w4XnXHJqXP55F_zEy.0eJu237zidPxk_YwY6HMJ3Wc6U\" style=\"color:blue; text-decoration:underline\"><span lang=\"EN-US\" style=\"font-size:14.0pt\"><span style=\"line-height:115%\">Sustainable gains at Freudenberg Performance Materials<\/span><\/span><\/a> <\/span><\/span><\/span><\/p>\r\n\r\n<p style=\"text-align:justify\">&nbsp;<\/p>\r\n\r\n<p style=\"text-align:justify\"><span style=\"font-size:11pt\"><span style=\"line-height:normal\"><span style=\"font-family:Calibri,sans-serif\"><b><span style=\"font-size:18.0pt\"><span style=\"font-variant:small-caps\">Eventos<\/span><\/span><\/b><\/span><\/span><\/span><\/p>\r\n\r\n<p style=\"text-align:justify\"><span style=\"font-size:11pt\"><span style=\"line-height:normal\"><span style=\"font-family:Calibri,sans-serif\"><a href=\"https:\/\/evento.fgv.br\/seminarioanaliseconjuntural1709\/\" style=\"color:blue; text-decoration:underline\"><b><span style=\"font-size:14.0pt\">FGV IBRE | III Semin&aacute;rio de An&aacute;lise Conjuntural<\/span><\/b><\/a><span style=\"font-size:14.0pt\">, 17 de setembro de 2025, 10h &agrave;s 11h30, Transmiss&atilde;o Youtube FGV<\/span><\/span><\/span><\/span><\/p>\r\n\r\n<p style=\"text-align:justify\"><span style=\"font-size:11pt\"><span style=\"line-height:normal\"><span style=\"font-family:Calibri,sans-serif\"><a href=\"https:\/\/plasticosemrevista.com.br\/competitividade-2025\/\" style=\"color:blue; text-decoration:underline\"><b><span style=\"font-size:14.0pt\">Semin&aacute;rio Competitividade | 15&ordf; edi&ccedil;&atilde;o | Transforma&ccedil;&atilde;o - Mercado e Ind&uacute;stria Redesenhados pela Guerra Comercial e Intelig&ecirc;ncia Artificial<\/span><\/b><\/a><span style=\"font-size:14.0pt\">, 18&middot;de setembro de 2025, Hotel Meli&aacute;, Av. Paulista, 2181, SP<\/span><\/span><\/span><\/span><\/p>\r\n\r\n<p style=\"text-align:justify\"><span style=\"font-size:11pt\"><span style=\"line-height:normal\"><span style=\"font-family:Calibri,sans-serif\"><a href=\"https:\/\/abemi.org.br\/eventos\/1ajornada-abemi\/\" style=\"color:blue; text-decoration:underline\"><b><span style=\"font-size:14.0pt\">I Jornada ABEMI de Engenharia de Projetos Industriais: &ldquo;Transformando Desafios em Resultados&rdquo;<\/span><\/b><\/a><span style=\"font-size:14.0pt\">, 23 de setembro de 2025, 08h30 &agrave;s 17h00, audit&oacute;rio da ABEMI, Rua Tabapu&atilde;, 81, S&atilde;o Paulo, SP<\/span><\/span><\/span><\/span><\/p>\r\n\r\n<p style=\"text-align:justify\"><span style=\"font-size:11pt\"><span style=\"line-height:normal\"><span style=\"font-family:Calibri,sans-serif\"><a href=\"https:\/\/paving.com.br\/\" style=\"color:blue; text-decoration:underline\"><b><span style=\"font-size:14.0pt\">Paving Expo 2025<\/span><\/b><\/a><span style=\"font-size:14.0pt\">, 23 a 25 de setembro de 2025, Distrito Anhembi, Rua Prof. Milton Rodrigues, s\/n, Santana, S&atilde;o Paulo, SP<\/span><\/span><\/span><\/span><\/p>\r\n\r\n<p style=\"text-align:justify\"><span style=\"font-size:11pt\"><span style=\"line-height:normal\"><span style=\"font-family:Calibri,sans-serif\"><a href=\"https:\/\/viex-americas.com\/eventos\/lase\/lase-2025\/\" style=\"color:blue; text-decoration:underline\"><b><span style=\"font-size:14.0pt\">LASE - L&iacute;deres Ambientais do Setor de Energia 2025<\/span><\/b><\/a><span style=\"font-size:14.0pt\">, 29 de setembro a 01 de outubro de 2025, WTC Events Center, S&atilde;o Paulo, SP<\/span><\/span><\/span><\/span><\/p>\r\n\r\n<p style=\"text-align:justify\"><span style=\"font-size:11pt\"><span style=\"line-height:normal\"><span style=\"font-family:Calibri,sans-serif\"><a href=\"https:\/\/app.rdstation.email\/mail\/2babe40a-eb86-4044-b658-43fbda6625a2?utm_medium=email&amp;utm_campaign=2108_convite_workshop_justica_trabalho_-_reenvio&amp;utm_source=RD+Station\" style=\"color:blue; text-decoration:underline\"><b><span style=\"font-size:14.0pt\">Workshop Abit | Pedidos Irreais na Justi&ccedil;a do Trabalho: Como Lidar com o Exagero Processual<\/span><\/b><\/a><span style=\"font-size:14.0pt\">, 30 de setembro de 2025, 09 &agrave;s 12h, evento h&iacute;brido<\/span><\/span><\/span><\/span><\/p>\r\n\r\n<p style=\"text-align:justify\"><span style=\"font-size:11pt\"><span style=\"line-height:normal\"><span style=\"font-family:Calibri,sans-serif\"><a href=\"https:\/\/www.instagram.com\/sobeccnacional\/p\/DA1V8NZyhNK\/?img_index=1\" style=\"color:blue; text-decoration:underline\"><b><span style=\"font-size:14.0pt\">17&ordm; Congresso Brasileiro de Enfermagem em Centro Cir&uacute;rgico: &ldquo;O poder de cuidar&rdquo;<\/span><\/b><\/a><span style=\"font-size:14.0pt\">, 01 a 03 de outubro de 2025, Transamerica Expo Center, S&atilde;o Paulo, SP<\/span><\/span><\/span><\/span><\/p>\r\n\r\n<p style=\"text-align:justify\"><span style=\"font-size:11pt\"><span style=\"line-height:normal\"><span style=\"font-family:Calibri,sans-serif\"><a href=\"https:\/\/his.saudebusiness.com\/pt\/home.html\" style=\"color:blue; text-decoration:underline\"><b><span style=\"font-size:14.0pt\">Healthcare Innovation Show (HIS)<\/span><\/b><\/a><span style=\"font-size:14.0pt\">, 01 e 02 de outubro de 2025, 09h &agrave;s 18h, S&atilde;o Paulo Expo<\/span><\/span><\/span><\/span><\/p>\r\n\r\n<p style=\"text-align:justify\"><span style=\"font-size:11pt\"><span style=\"line-height:normal\"><span style=\"font-family:Calibri,sans-serif\"><a href=\"https:\/\/www.abrafiltros.org.br\/3o-seminario-brasileiro-de-filtros-acontecera-no-dia-08-de-outubro\/\" style=\"color:blue; text-decoration:underline\"><b><span style=\"font-size:14.0pt\">3&ordm; Semin&aacute;rio Brasileiro de Filtros<\/span><\/b><\/a><span style=\"font-size:14.0pt\">, 08 de outubro de 2025, evento presencial<\/span><\/span><\/span><\/span><\/p>\r\n\r\n<p style=\"text-align:justify\"><span style=\"font-size:11pt\"><span style=\"line-height:normal\"><span style=\"font-family:Calibri,sans-serif\"><a href=\"https:\/\/www.portaldaindustria.com.br\/eventos\/pt\/edicoes\/pre-cop30-o-papel-do-setor-privado-na-agenda-de-cl#msdynmkt_trackingcontext=ddc27a5f-3229-4511-a32a-8dab7ec80200\" style=\"color:blue; text-decoration:underline\"><b><span style=\"font-size:14.0pt\">CNI | Pr&eacute;-COP30: o papel do setor privado na agenda de clima<\/span><\/b><\/a><span style=\"font-size:14.0pt\">, 15 de setembro de 2025, 08h00 &agrave;s 17h00, Unique Palace, St. de Clubes Esportivos Sul Trecho 2 CJ 42, Bras&iacute;lia<\/span><\/span><\/span><\/span><\/p>\r\n\r\n<p style=\"text-align:justify\"><span style=\"font-size:11pt\"><span style=\"line-height:normal\"><span style=\"font-family:Calibri,sans-serif\"><a href=\"https:\/\/hospitalmed.com.br\/feira\/\" style=\"color:blue; text-decoration:underline\"><b><span style=\"font-size:14.0pt\">HospitalMed 2025<\/span><\/b><\/a><span style=\"font-size:14.0pt\">, 22 a 24 de outubro, Pernambuco Centro de Conven&ccedil;&otilde;es, Olinda<\/span><\/span><\/span><\/span><\/p>\r\n\r\n<p style=\"text-align:justify\"><span style=\"font-size:11pt\"><span style=\"line-height:normal\"><span style=\"font-family:Calibri,sans-serif\"><a href=\"https:\/\/www.congressoabit.com.br\/\" style=\"color:blue; text-decoration:underline\"><b><span style=\"font-size:14.0pt\">Congresso Internacional Abit 2025<\/span><\/b><\/a><span style=\"font-size:14.0pt\">, 29 e 30 de outubro, 08h &agrave;s 20h, FIESP, S&atilde;o Paulo, SP<\/span><\/span><\/span><\/span><\/p>\r\n\r\n<p style=\"text-align:justify\"><span style=\"font-size:11pt\"><span style=\"line-height:normal\"><span style=\"font-family:Calibri,sans-serif\"><a href=\"https:\/\/filtech.de\/\" style=\"color:blue; text-decoration:underline\"><b><span style=\"font-size:14.0pt\">Filtech 2026<\/span><\/b><\/a><span style=\"font-size:14.0pt\">, de 30 de junho a 2 de julho, Cologne, Alemanha<\/span><\/span><\/span><\/span><\/p>\r\n\r\n<p style=\"text-align:justify\"><span style=\"font-size:11pt\"><span style=\"line-height:normal\"><span style=\"font-family:Calibri,sans-serif\"><a href=\"https:\/\/ficons.com.br\/\" style=\"color:blue; text-decoration:underline\"><b><span style=\"font-size:14.0pt\">FICONS - Feira Internacional de Materiais, Equipamentos e Servi&ccedil;os da Constru&ccedil;&atilde;o<\/span><\/b><\/a><span style=\"font-size:14.0pt\">, 15 a 18 de setembro de 2026, Centro de Conven&ccedil;&otilde;es de Pernambuco Recife\/ Olinda<\/span><\/span><\/span><\/span><\/p>\r\n\r\n<p style=\"text-align:justify\"><span style=\"font-size:28pt\"><span style=\"font-family:Cambria,serif\"><span style=\"letter-spacing:-0.5pt\"><b><span style=\"font-size:18.0pt\"><span style=\"font-family:&quot;Calibri&quot;,sans-serif\"><span style=\"font-variant:small-caps\">Setor<\/span><\/span><\/span><\/b><\/span><\/span><\/span><\/p>\r\n\r\n<p style=\"text-align:justify\"><span style=\"font-size:11pt\"><span style=\"line-height:normal\"><span style=\"font-family:Calibri,sans-serif\"><a href=\"https:\/\/veja.abril.com.br\/coluna\/radar\/uso-do-plastico-e-indispensavel-para-61-dos-brasileiros-diz-pesquisa\/\" style=\"color:blue; text-decoration:underline\"><span style=\"font-size:14.0pt\">Uso do pl&aacute;stico &eacute; indispens&aacute;vel para 61% dos brasileiros, diz pesquisa<\/span><\/a> <\/span><\/span><\/span><\/p>\r\n\r\n<p style=\"text-align:justify\"><span style=\"font-size:11pt\"><span style=\"line-height:normal\"><span style=\"font-family:Calibri,sans-serif\"><a href=\"https:\/\/www2.recife.pe.gov.br\/noticias\/07\/09\/2025\/populacao-da-zona-norte-ganha-mais-seguranca-e-qualidade-de-vida-com-novas\" style=\"color:blue; text-decoration:underline\"><span style=\"font-size:14.0pt\">Popula&ccedil;&atilde;o da Zona Norte ganha mais seguran&ccedil;a e qualidade de vida com novas encostas protegidas<\/span><\/a><\/span><\/span><\/span><\/p>\r\n\r\n<p style=\"text-align:justify\"><span style=\"font-size:11pt\"><span style=\"line-height:normal\"><span style=\"font-family:Calibri,sans-serif\"><a href=\"https:\/\/www.nonwovens-industry.com\/contents\/view_breaking-news\/2025-09-12\/dupont-announces-trade-victory-against-dawnsens-new-materials\/15303\" style=\"color:blue; text-decoration:underline\"><span lang=\"EN-US\" style=\"font-size:14.0pt\">DuPont Announces Trade Victory Against Dawnsens New Materials<\/span><\/a><\/span><\/span><\/span><\/p>\r\n\r\n<p style=\"text-align:justify\"><span style=\"font-size:11pt\"><span style=\"line-height:normal\"><span style=\"font-family:Calibri,sans-serif\"><a href=\"https:\/\/blogdoplastico.wordpress.com\/2025\/09\/09\/braskem-destaca-seus-avancos-durante-a-feira-k-2025\/\" style=\"color:blue; text-decoration:underline\"><span style=\"font-size:14.0pt\">Braskem destaca seus avan&ccedil;os durante a Feira K 2025<\/span><\/a><\/span><\/span><\/span><\/p>\r\n\r\n<p style=\"text-align:justify\"><span style=\"font-size:28pt\"><span style=\"font-family:Cambria,serif\"><span style=\"letter-spacing:-0.5pt\"><b><span style=\"font-size:18.0pt\"><span style=\"font-family:&quot;Calibri&quot;,sans-serif\"><span style=\"font-variant:small-caps\">Ind&uacute;stria<\/span><\/span><\/span><\/b><\/span><\/span><\/span><\/p>\r\n\r\n<p style=\"text-align:justify\"><span style=\"font-size:11pt\"><span style=\"line-height:normal\"><span style=\"font-family:Calibri,sans-serif\"><a href=\"https:\/\/noticias.portaldaindustria.com.br\/noticias\/politica-industrial\/para-70-dos-empresarios-carga-tributaria-e-o-maior-problema-do-custo-brasil-revela-pesquisa-inedita-da-cni\/\" style=\"color:blue; text-decoration:underline\"><span style=\"font-size:14.0pt\">Para 70% dos empres&aacute;rios, carga tribut&aacute;ria &eacute; o maior problema do Custo Brasil, revela pesquisa in&eacute;dita da CNI<\/span><\/a><\/span><\/span><\/span><\/p>\r\n\r\n<p style=\"text-align:justify\"><span style=\"font-size:11pt\"><span style=\"line-height:normal\"><span style=\"font-family:Calibri,sans-serif\"><a href=\"https:\/\/agenciabrasil.ebc.com.br\/economia\/noticia\/2025-09\/faturamento-da-industria-subiu-5-em-2025-mostra-cni\" style=\"color:blue; text-decoration:underline\"><span style=\"font-size:14.0pt\">Faturamento da ind&uacute;stria subiu 5% em 2025, mostra CNI<\/span><\/a><\/span><\/span><\/span><\/p>\r\n\r\n<p style=\"text-align:justify\"><span style=\"font-size:11pt\"><span style=\"line-height:normal\"><span style=\"font-family:Calibri,sans-serif\"><a href=\"https:\/\/anba.com.br\/exportacao-brasileira-de-veiculos-cresce-493\/\" style=\"color:blue; text-decoration:underline\"><span style=\"font-size:14.0pt\">Exporta&ccedil;&atilde;o brasileira de ve&iacute;culos cresce 49,3%<\/span><\/a><\/span><\/span><\/span><\/p>\r\n\r\n<p style=\"text-align:justify\"><span style=\"font-size:11pt\"><span style=\"line-height:normal\"><span style=\"font-family:Calibri,sans-serif\"><a href=\"https:\/\/revistaplasticosul.com.br\/transformacao-aplicacoes\/assintecal-esclarece-impactos-da-reforma-tributaria-para-empresas-do-setor\/\" style=\"color:blue; text-decoration:underline\"><span style=\"font-size:14.0pt\">ASSINTECAL esclarece impactos da reforma tribut&aacute;ria para empresas do setor<\/span><\/a><\/span><\/span><\/span><\/p>\r\n\r\n<p style=\"text-align:justify\"><span style=\"font-size:11pt\"><span style=\"line-height:normal\"><span style=\"font-family:Calibri,sans-serif\"><a href=\"https:\/\/revista.moveisdevalor.com.br\/mv\/249\/56\/\" style=\"color:blue; text-decoration:underline\"><span style=\"font-size:14.0pt\">A Ind&uacute;stria 4.0 como diferencial competitivo para o moveleiro<\/span><\/a><\/span><\/span><\/span><\/p>\r\n\r\n<p style=\"text-align:justify\"><span style=\"font-size:28pt\"><span style=\"font-family:Cambria,serif\"><span style=\"letter-spacing:-0.5pt\"><b><span style=\"font-size:18.0pt\"><span style=\"font-family:&quot;Calibri&quot;,sans-serif\"><span style=\"font-variant:small-caps\">Sustentabilidade<\/span><\/span><\/span><\/b><\/span><\/span><\/span><\/p>\r\n\r\n<p style=\"text-align:justify\"><span style=\"font-size:11pt\"><span style=\"line-height:normal\"><span style=\"font-family:Calibri,sans-serif\"><a href=\"https:\/\/plasticosemrevista.com.br\/avanca-o-desenvolvimento-de-pp-de-fontes-renovaveis\/\" style=\"color:blue; text-decoration:underline\"><span style=\"font-size:14.0pt\">Avan&ccedil;a o desenvolvimento de PP de fontes renov&aacute;veis<\/span><\/a><\/span><\/span><\/span><\/p>\r\n\r\n<p style=\"text-align:justify\"><span style=\"font-size:11pt\"><span style=\"line-height:normal\"><span style=\"font-family:Calibri,sans-serif\"><a href=\"https:\/\/www.camara.leg.br\/noticias\/1197788-brasil-pode-liderar-debate-sobre-reducao-da-producao-de-plastico-dizem-especialistas\/\" style=\"color:blue; text-decoration:underline\"><span style=\"font-size:14.0pt\">Brasil pode liderar debate sobre redu&ccedil;&atilde;o da produ&ccedil;&atilde;o de pl&aacute;stico, dizem especialistas<\/span><\/a><\/span><\/span><\/span><\/p>\r\n\r\n<p style=\"text-align:justify\"><span style=\"font-size:11pt\"><span style=\"line-height:normal\"><span style=\"font-family:Calibri,sans-serif\"><a href=\"https:\/\/revistaamazonia.com.br\/creditos-de-plastico-nova-economia\/\" style=\"color:blue; text-decoration:underline\"><span style=\"font-size:14.0pt\">Cr&eacute;ditos de pl&aacute;stico, a aposta para equilibrar o jogo entre resina reciclada e pl&aacute;stico virgem<\/span><\/a><\/span><\/span><\/span><\/p>\r\n\r\n<p style=\"text-align:justify\"><span style=\"font-size:11pt\"><span style=\"line-height:normal\"><span style=\"font-family:Calibri,sans-serif\"><a href=\"https:\/\/www.meiofiltrante.com.br\/Noticia\/131249\/brasilata-avanca-na-adocao-de-politicas-e-boas-praticas-para-a-construcao-de-um-negocio-sustentavel-\" style=\"color:blue; text-decoration:underline\"><span style=\"font-size:14.0pt\">Brasilata avan&ccedil;a na ado&ccedil;&atilde;o de pol&iacute;ticas e boas pr&aacute;ticas para a constru&ccedil;&atilde;o de um neg&oacute;cio sustent&aacute;vel<\/span><\/a><\/span><\/span><\/span><\/p>\r\n\r\n<p style=\"text-align:justify\"><span style=\"font-size:11pt\"><span style=\"line-height:normal\"><span style=\"font-family:Calibri,sans-serif\"><a href=\"https:\/\/plasticosemrevista.com.br\/avanca-o-desenvolvimento-de-pp-de-fontes-renovaveis\/\" style=\"color:blue; text-decoration:underline\"><span style=\"font-size:14.0pt\">Avan&ccedil;a o desenvolvimento de PP de fontes renov&aacute;veis<\/span><\/a><\/span><\/span><\/span><\/p>\r\n\r\n<p style=\"text-align:justify\"><span style=\"font-size:28pt\"><span style=\"font-family:Cambria,serif\"><span style=\"letter-spacing:-0.5pt\"><b><span style=\"font-size:18.0pt\"><span style=\"font-family:&quot;Calibri&quot;,sans-serif\"><span style=\"font-variant:small-caps\">Inova&ccedil;&atilde;o<\/span><\/span><\/span><\/b><\/span><\/span><\/span><\/p>\r\n\r\n<p style=\"text-align:justify\"><span style=\"font-size:11pt\"><span style=\"line-height:normal\"><span style=\"font-family:Calibri,sans-serif\"><a href=\"https:\/\/g1.globo.com\/meio-ambiente\/noticia\/2025\/09\/09\/nova-tecnica-permite-transformar-plastico-pet-em-material-capaz-de-capturar-co2.ghtml\" style=\"color:blue; text-decoration:underline\"><span style=\"font-size:14.0pt\">Nova t&eacute;cnica permite transformar pl&aacute;stico PET em material capaz de capturar CO2<\/span><\/a><\/span><\/span><\/span><\/p>\r\n\r\n<p style=\"text-align:justify\"><span style=\"font-size:11pt\"><span style=\"line-height:normal\"><span style=\"font-family:Calibri,sans-serif\"><a href=\"https:\/\/www.gov.br\/cnpq\/pt-br\/assuntos\/noticias\/cnpq-em-acao\/cnpq-e-sistema-industria-firmam-acordo-para-aproximar-pesquisadores-e-setor-empresarial\" style=\"color:blue; text-decoration:underline\"><span style=\"font-size:14.0pt\">CNPq e Sistema Ind&uacute;stria firmam acordo para aproximar pesquisadores e setor empresarial<\/span><\/a><\/span><\/span><\/span><\/p>\r\n\r\n<p style=\"text-align:justify\"><span style=\"font-size:28pt\"><span style=\"font-family:Cambria,serif\"><span style=\"letter-spacing:-0.5pt\"><b><span style=\"font-size:18.0pt\"><span style=\"font-family:&quot;Calibri&quot;,sans-serif\"><span style=\"font-variant:small-caps\">Com&eacute;rcio Exterior<\/span><\/span><\/span><\/b><\/span><\/span><\/span><\/p>\r\n\r\n<p style=\"text-align:justify\"><span style=\"font-size:11pt\"><span style=\"line-height:normal\"><span style=\"font-family:Calibri,sans-serif\"><a href=\"https:\/\/apexbrasil.com.br\/content\/apexbrasil\/br\/pt\/conteudo\/noticias\/comissao-europeia-valida-acordo-mercosul-ue-e-texto-segue-para-p.html#msdynmkt_trackingcontext=c4ad1fc5-f397-442e-8e3b-15e6a3bc0000\" style=\"color:blue; text-decoration:underline\"><span style=\"font-size:14.0pt\">Comiss&atilde;o Europeia valida acordo Mercosul-UE e texto segue para pa&iacute;ses-membros<\/span><\/a><\/span><\/span><\/span><\/p>\r\n\r\n<p style=\"text-align:justify\"><span style=\"font-size:11pt\"><span style=\"line-height:normal\"><span style=\"font-family:Calibri,sans-serif\"><a href=\"https:\/\/clickpetroleoegas.com.br\/acordo-mercosul-efta-promete-r-334-bilhoes-em-exportacoes-extras-e-r-660-milhoes-em-novos-investimentos-no-brasil-mhbb01\/\" style=\"color:blue; text-decoration:underline\"><span style=\"font-size:14.0pt\">Acordo Mercosul&ndash;EFTA promete R$ 3,34 bilh&otilde;es em exporta&ccedil;&otilde;es extras e R$ 660 milh&otilde;es em novos investimentos no Brasil<\/span><\/a><\/span><\/span><\/span><\/p>\r\n\r\n<p style=\"text-align:justify\"><span style=\"font-size:11pt\"><span style=\"line-height:normal\"><span style=\"font-family:Calibri,sans-serif\"><a href=\"https:\/\/apexbrasil.com.br\/content\/apexbrasil\/br\/pt\/conteudo\/noticias\/apexbrasil-lanca-estudo-sobre-diversificacao-de-mercados-para-ex.html#msdynmkt_trackingcontext=c4ad1fc5-f397-442e-8e3b-15e6a3bc0000\" style=\"color:blue; text-decoration:underline\"><span style=\"font-size:14.0pt\">ApexBrasil lan&ccedil;a estudo sobre diversifica&ccedil;&atilde;o de mercados para exporta&ccedil;&otilde;es estaduais diante de novas tarifas dos EUA<\/span><\/a><\/span><\/span><\/span><\/p>\r\n\r\n<p style=\"text-align:justify\"><span style=\"font-size:11pt\"><span style=\"line-height:normal\"><span style=\"font-family:Calibri,sans-serif\"><a href=\"https:\/\/noticias.portaldaindustria.com.br\/noticias\/internacional\/cni-lidera-dialogo-estrategico-com-japao-para-ampliar-comercio-entre-mercosul-e-asia\/\" style=\"color:blue; text-decoration:underline\"><span style=\"font-size:14.0pt\">CNI lidera di&aacute;logo estrat&eacute;gico com Jap&atilde;o para ampliar com&eacute;rcio entre Mercosul e &Aacute;sia<\/span><\/a><\/span><\/span><\/span><\/p>\r\n\r\n<p style=\"text-align:justify\"><span style=\"font-size:28pt\"><span style=\"font-family:Cambria,serif\"><span style=\"letter-spacing:-0.5pt\"><b><span style=\"font-size:18.0pt\"><span style=\"font-family:&quot;Calibri&quot;,sans-serif\"><span style=\"font-variant:small-caps\">Economia<\/span><\/span><\/span><\/b><\/span><\/span><\/span><\/p>\r\n\r\n<p style=\"text-align:justify\"><span style=\"font-size:11pt\"><span style=\"line-height:normal\"><span style=\"font-family:Calibri,sans-serif\"><a href=\"https:\/\/www.bcb.gov.br\/content\/focus\/focus\/R20250912.pdf\" style=\"color:blue; text-decoration:underline\"><span style=\"font-size:14.0pt\">Focus - Relat&oacute;rio de Mercado<\/span><\/a><\/span><\/span><\/span><\/p>\r\n\r\n<p style=\"text-align:justify\"><span style=\"font-size:11pt\"><span style=\"line-height:normal\"><span style=\"font-family:Calibri,sans-serif\"><a href=\"https:\/\/www.contabeis.com.br\/noticias\/72823\/empresas-devem-se-adaptar-as-notas-fiscais-da-reforma-tributaria\/\" style=\"color:blue; text-decoration:underline\"><span style=\"font-size:14.0pt\">Empresas que n&atilde;o aderirem aos novos modelos de NF-e da reforma tribut&aacute;ria podem pagar IBS e CBS antecipadamente<\/span><\/a><\/span><\/span><\/span><\/p>\r\n\r\n<p style=\"text-align:justify\"><span style=\"font-size:11pt\"><span style=\"line-height:normal\"><span style=\"font-family:Calibri,sans-serif\"><a href=\"https:\/\/portalibre.fgv.br\/system\/files\/divulgacao\/noticias\/mat-complementar\/2025-09\/Bar%C3%B4metros%20Globais%20KOF-FGV_Press%20release_09_2025.pdf\" style=\"color:blue; text-decoration:underline\"><span style=\"font-size:14.0pt\">Bar&ocirc;metros Globais mant&ecirc;m tend&ecirc;ncia de alta no segundo semestre<\/span><\/a><\/span><\/span><\/span><\/p>\r\n\r\n<p style=\"text-align:justify\">&nbsp;<\/p>\r\n\r\n<p style=\"text-align:justify\"><img src=\"https:\/\/www.abint.org.br\/assets\/img\/editor\/redes-sociais-abint-ctg-cth_20250826142029TIeKhPrH3S.jpg\" \/><\/p>\r\n","6":"<p style=\"text-align:justify\"><span style=\"font-size:11pt\"><span style=\"line-height:normal\"><span style=\"font-family:Calibri,sans-serif\"><span style=\"font-size:14.0pt\">Esta &eacute; uma compila&ccedil;&atilde;o das not&iacute;cias mais relevantes para o setor, incluindo informa&ccedil;&otilde;es sobre acordos internacionais, economia brasileira, sustentabilidade e mat&eacute;rias primas, al&eacute;m de novidades do setor de N&atilde;otecidos e Tecidos T&eacute;cnicos.<\/span><\/span><\/span><\/span><\/p>\r\n\r\n<p style=\"text-align:justify\"><span style=\"font-size:28pt\"><span style=\"font-family:Cambria,serif\"><span style=\"letter-spacing:-0.5pt\"><b><span style=\"font-size:18.0pt\"><span style=\"font-family:&quot;Calibri&quot;,sans-serif\"><span style=\"font-variant:small-caps\">O que vem por a&iacute;<\/span><\/span><\/span><\/b><\/span><\/span><\/span><\/p>\r\n\r\n<p><b><img src=\"https:\/\/www.abint.org.br\/assets\/img\/editor\/2o-seminario-abrafiltros-abint-apoiador_2025072217401523mrTUXRqU.png\" style=\"width: 500px; height: 500px;\" \/><\/b><\/p>\r\n\r\n<p><a href=\"https:\/\/doity.com.br\/3-seminario-brasileiro-de-filtros\"><b>Acesse aqui mais informa&ccedil;&otilde;es<\/b><\/a><\/p>\r\n\r\n<p>&nbsp;<\/p>\r\n\r\n<p><img src=\"https:\/\/www.abint.org.br\/assets\/img\/editor\/congresso-internacional-abit-2025_20250722174119edr5xq8iJH.png\" style=\"width: 700px; height: 256px;\" \/><\/p>\r\n\r\n<p><a href=\"https:\/\/www.congressoabit.com.br\/\"><b>Acesse aqui mais informa&ccedil;&otilde;es<\/b><\/a><\/p>\r\n\r\n<p>&nbsp;<\/p>\r\n\r\n<p class=\"MsoTitle\" style=\"text-align:justify\"><span style=\"font-size:28pt\"><span style=\"font-family:Cambria,serif\"><span style=\"letter-spacing:-0.5pt\"><b><span style=\"font-size:18.0pt\"><span style=\"font-family:&quot;Calibri&quot;,sans-serif\"><span style=\"font-variant:small-caps\">Not&iacute;cias das Associadas<\/span><\/span><\/span><\/b><\/span><\/span><\/span><\/p>\r\n\r\n<p style=\"text-align:justify\"><span style=\"font-size:11pt\"><span style=\"line-height:normal\"><span style=\"font-family:Calibri,sans-serif\"><a href=\"https:\/\/saneamentobasico.com.br\/residuos-solidos\/geossinteticos-aterros-sanitarios-evento-presencial\/\" style=\"color:blue; text-decoration:underline\"><span style=\"font-size:14.0pt\">Qualidade de geossint&eacute;ticos em aterros sanit&aacute;rios ser&aacute; tema de evento presencial do CTG ABINT e IGS BRASIL<\/span><\/a> <\/span><\/span><\/span><\/p>\r\n\r\n<p style=\"text-align:justify\"><span style=\"font-size:11pt\"><span style=\"line-height:normal\"><span style=\"font-family:Calibri,sans-serif\"><a href=\"https:\/\/www.quimica.com.br\/wp-content\/uploads\/2025\/09\/qd670_a.pdf\" style=\"color:blue; text-decoration:underline\"><span style=\"font-size:14.0pt\">Laminados sint&eacute;ticos | Alto desempenho e tecnologia ampliam o leque de aplica&ccedil;&otilde;es<\/span><\/a><span style=\"font-size:14.0pt\"> <i><span style=\"background:yellow\">P&Aacute;GINA 36<\/span><\/i><\/span><\/span><\/span><\/span><\/p>\r\n\r\n<p style=\"text-align:justify\"><span style=\"font-size:11pt\"><span style=\"line-height:115%\"><span style=\"font-family:Calibri,sans-serif\"><a href=\"https:\/\/orangezero.acemlnc.com\/lt.php?x=3DZy~GDDIIaa5KF_y_PLhOCd3XzWk_Pvv-w4XnXHJqXP55F_zEy.0eJu237zidPxk_YwY6HMJ3Wc6U\" style=\"color:blue; text-decoration:underline\"><span lang=\"EN-US\" style=\"font-size:14.0pt\"><span style=\"line-height:115%\">Sustainable gains at Freudenberg Performance Materials<\/span><\/span><\/a> <\/span><\/span><\/span><\/p>\r\n\r\n<p style=\"text-align:justify\">&nbsp;<\/p>\r\n\r\n<p style=\"text-align:justify\"><span style=\"font-size:11pt\"><span style=\"line-height:normal\"><span style=\"font-family:Calibri,sans-serif\"><b><span style=\"font-size:18.0pt\"><span style=\"font-variant:small-caps\">Eventos<\/span><\/span><\/b><\/span><\/span><\/span><\/p>\r\n\r\n<p style=\"text-align:justify\"><span style=\"font-size:11pt\"><span style=\"line-height:normal\"><span style=\"font-family:Calibri,sans-serif\"><a href=\"https:\/\/evento.fgv.br\/seminarioanaliseconjuntural1709\/\" style=\"color:blue; text-decoration:underline\"><b><span style=\"font-size:14.0pt\">FGV IBRE | III Semin&aacute;rio de An&aacute;lise Conjuntural<\/span><\/b><\/a><span style=\"font-size:14.0pt\">, 17 de setembro de 2025, 10h &agrave;s 11h30, Transmiss&atilde;o Youtube FGV<\/span><\/span><\/span><\/span><\/p>\r\n\r\n<p style=\"text-align:justify\"><span style=\"font-size:11pt\"><span style=\"line-height:normal\"><span style=\"font-family:Calibri,sans-serif\"><a href=\"https:\/\/plasticosemrevista.com.br\/competitividade-2025\/\" style=\"color:blue; text-decoration:underline\"><b><span style=\"font-size:14.0pt\">Semin&aacute;rio Competitividade | 15&ordf; edi&ccedil;&atilde;o | Transforma&ccedil;&atilde;o - Mercado e Ind&uacute;stria Redesenhados pela Guerra Comercial e Intelig&ecirc;ncia Artificial<\/span><\/b><\/a><span style=\"font-size:14.0pt\">, 18&middot;de setembro de 2025, Hotel Meli&aacute;, Av. Paulista, 2181, SP<\/span><\/span><\/span><\/span><\/p>\r\n\r\n<p style=\"text-align:justify\"><span style=\"font-size:11pt\"><span style=\"line-height:normal\"><span style=\"font-family:Calibri,sans-serif\"><a href=\"https:\/\/abemi.org.br\/eventos\/1ajornada-abemi\/\" style=\"color:blue; text-decoration:underline\"><b><span style=\"font-size:14.0pt\">I Jornada ABEMI de Engenharia de Projetos Industriais: &ldquo;Transformando Desafios em Resultados&rdquo;<\/span><\/b><\/a><span style=\"font-size:14.0pt\">, 23 de setembro de 2025, 08h30 &agrave;s 17h00, audit&oacute;rio da ABEMI, Rua Tabapu&atilde;, 81, S&atilde;o Paulo, SP<\/span><\/span><\/span><\/span><\/p>\r\n\r\n<p style=\"text-align:justify\"><span style=\"font-size:11pt\"><span style=\"line-height:normal\"><span style=\"font-family:Calibri,sans-serif\"><a href=\"https:\/\/paving.com.br\/\" style=\"color:blue; text-decoration:underline\"><b><span style=\"font-size:14.0pt\">Paving Expo 2025<\/span><\/b><\/a><span style=\"font-size:14.0pt\">, 23 a 25 de setembro de 2025, Distrito Anhembi, Rua Prof. Milton Rodrigues, s\/n, Santana, S&atilde;o Paulo, SP<\/span><\/span><\/span><\/span><\/p>\r\n\r\n<p style=\"text-align:justify\"><span style=\"font-size:11pt\"><span style=\"line-height:normal\"><span style=\"font-family:Calibri,sans-serif\"><a href=\"https:\/\/viex-americas.com\/eventos\/lase\/lase-2025\/\" style=\"color:blue; text-decoration:underline\"><b><span style=\"font-size:14.0pt\">LASE - L&iacute;deres Ambientais do Setor de Energia 2025<\/span><\/b><\/a><span style=\"font-size:14.0pt\">, 29 de setembro a 01 de outubro de 2025, WTC Events Center, S&atilde;o Paulo, SP<\/span><\/span><\/span><\/span><\/p>\r\n\r\n<p style=\"text-align:justify\"><span style=\"font-size:11pt\"><span style=\"line-height:normal\"><span style=\"font-family:Calibri,sans-serif\"><a href=\"https:\/\/app.rdstation.email\/mail\/2babe40a-eb86-4044-b658-43fbda6625a2?utm_medium=email&amp;utm_campaign=2108_convite_workshop_justica_trabalho_-_reenvio&amp;utm_source=RD+Station\" style=\"color:blue; text-decoration:underline\"><b><span style=\"font-size:14.0pt\">Workshop Abit | Pedidos Irreais na Justi&ccedil;a do Trabalho: Como Lidar com o Exagero Processual<\/span><\/b><\/a><span style=\"font-size:14.0pt\">, 30 de setembro de 2025, 09 &agrave;s 12h, evento h&iacute;brido<\/span><\/span><\/span><\/span><\/p>\r\n\r\n<p style=\"text-align:justify\"><span style=\"font-size:11pt\"><span style=\"line-height:normal\"><span style=\"font-family:Calibri,sans-serif\"><a href=\"https:\/\/www.instagram.com\/sobeccnacional\/p\/DA1V8NZyhNK\/?img_index=1\" style=\"color:blue; text-decoration:underline\"><b><span style=\"font-size:14.0pt\">17&ordm; Congresso Brasileiro de Enfermagem em Centro Cir&uacute;rgico: &ldquo;O poder de cuidar&rdquo;<\/span><\/b><\/a><span style=\"font-size:14.0pt\">, 01 a 03 de outubro de 2025, Transamerica Expo Center, S&atilde;o Paulo, SP<\/span><\/span><\/span><\/span><\/p>\r\n\r\n<p style=\"text-align:justify\"><span style=\"font-size:11pt\"><span style=\"line-height:normal\"><span style=\"font-family:Calibri,sans-serif\"><a href=\"https:\/\/his.saudebusiness.com\/pt\/home.html\" style=\"color:blue; text-decoration:underline\"><b><span style=\"font-size:14.0pt\">Healthcare Innovation Show (HIS)<\/span><\/b><\/a><span style=\"font-size:14.0pt\">, 01 e 02 de outubro de 2025, 09h &agrave;s 18h, S&atilde;o Paulo Expo<\/span><\/span><\/span><\/span><\/p>\r\n\r\n<p style=\"text-align:justify\"><span style=\"font-size:11pt\"><span style=\"line-height:normal\"><span style=\"font-family:Calibri,sans-serif\"><a href=\"https:\/\/www.abrafiltros.org.br\/3o-seminario-brasileiro-de-filtros-acontecera-no-dia-08-de-outubro\/\" style=\"color:blue; text-decoration:underline\"><b><span style=\"font-size:14.0pt\">3&ordm; Semin&aacute;rio Brasileiro de Filtros<\/span><\/b><\/a><span style=\"font-size:14.0pt\">, 08 de outubro de 2025, evento presencial<\/span><\/span><\/span><\/span><\/p>\r\n\r\n<p style=\"text-align:justify\"><span style=\"font-size:11pt\"><span style=\"line-height:normal\"><span style=\"font-family:Calibri,sans-serif\"><a href=\"https:\/\/www.portaldaindustria.com.br\/eventos\/pt\/edicoes\/pre-cop30-o-papel-do-setor-privado-na-agenda-de-cl#msdynmkt_trackingcontext=ddc27a5f-3229-4511-a32a-8dab7ec80200\" style=\"color:blue; text-decoration:underline\"><b><span style=\"font-size:14.0pt\">CNI | Pr&eacute;-COP30: o papel do setor privado na agenda de clima<\/span><\/b><\/a><span style=\"font-size:14.0pt\">, 15 de setembro de 2025, 08h00 &agrave;s 17h00, Unique Palace, St. de Clubes Esportivos Sul Trecho 2 CJ 42, Bras&iacute;lia<\/span><\/span><\/span><\/span><\/p>\r\n\r\n<p style=\"text-align:justify\"><span style=\"font-size:11pt\"><span style=\"line-height:normal\"><span style=\"font-family:Calibri,sans-serif\"><a href=\"https:\/\/hospitalmed.com.br\/feira\/\" style=\"color:blue; text-decoration:underline\"><b><span style=\"font-size:14.0pt\">HospitalMed 2025<\/span><\/b><\/a><span style=\"font-size:14.0pt\">, 22 a 24 de outubro, Pernambuco Centro de Conven&ccedil;&otilde;es, Olinda<\/span><\/span><\/span><\/span><\/p>\r\n\r\n<p style=\"text-align:justify\"><span style=\"font-size:11pt\"><span style=\"line-height:normal\"><span style=\"font-family:Calibri,sans-serif\"><a href=\"https:\/\/www.congressoabit.com.br\/\" style=\"color:blue; text-decoration:underline\"><b><span style=\"font-size:14.0pt\">Congresso Internacional Abit 2025<\/span><\/b><\/a><span style=\"font-size:14.0pt\">, 29 e 30 de outubro, 08h &agrave;s 20h, FIESP, S&atilde;o Paulo, SP<\/span><\/span><\/span><\/span><\/p>\r\n\r\n<p style=\"text-align:justify\"><span style=\"font-size:11pt\"><span style=\"line-height:normal\"><span style=\"font-family:Calibri,sans-serif\"><a href=\"https:\/\/filtech.de\/\" style=\"color:blue; text-decoration:underline\"><b><span style=\"font-size:14.0pt\">Filtech 2026<\/span><\/b><\/a><span style=\"font-size:14.0pt\">, de 30 de junho a 2 de julho, Cologne, Alemanha<\/span><\/span><\/span><\/span><\/p>\r\n\r\n<p style=\"text-align:justify\"><span style=\"font-size:11pt\"><span style=\"line-height:normal\"><span style=\"font-family:Calibri,sans-serif\"><a href=\"https:\/\/ficons.com.br\/\" style=\"color:blue; text-decoration:underline\"><b><span style=\"font-size:14.0pt\">FICONS - Feira Internacional de Materiais, Equipamentos e Servi&ccedil;os da Constru&ccedil;&atilde;o<\/span><\/b><\/a><span style=\"font-size:14.0pt\">, 15 a 18 de setembro de 2026, Centro de Conven&ccedil;&otilde;es de Pernambuco Recife\/ Olinda<\/span><\/span><\/span><\/span><\/p>\r\n\r\n<p style=\"text-align:justify\"><span style=\"font-size:28pt\"><span style=\"font-family:Cambria,serif\"><span style=\"letter-spacing:-0.5pt\"><b><span style=\"font-size:18.0pt\"><span style=\"font-family:&quot;Calibri&quot;,sans-serif\"><span style=\"font-variant:small-caps\">Setor<\/span><\/span><\/span><\/b><\/span><\/span><\/span><\/p>\r\n\r\n<p style=\"text-align:justify\"><span style=\"font-size:11pt\"><span style=\"line-height:normal\"><span style=\"font-family:Calibri,sans-serif\"><a href=\"https:\/\/veja.abril.com.br\/coluna\/radar\/uso-do-plastico-e-indispensavel-para-61-dos-brasileiros-diz-pesquisa\/\" style=\"color:blue; text-decoration:underline\"><span style=\"font-size:14.0pt\">Uso do pl&aacute;stico &eacute; indispens&aacute;vel para 61% dos brasileiros, diz pesquisa<\/span><\/a> <\/span><\/span><\/span><\/p>\r\n\r\n<p style=\"text-align:justify\"><span style=\"font-size:11pt\"><span style=\"line-height:normal\"><span style=\"font-family:Calibri,sans-serif\"><a href=\"https:\/\/www2.recife.pe.gov.br\/noticias\/07\/09\/2025\/populacao-da-zona-norte-ganha-mais-seguranca-e-qualidade-de-vida-com-novas\" style=\"color:blue; text-decoration:underline\"><span style=\"font-size:14.0pt\">Popula&ccedil;&atilde;o da Zona Norte ganha mais seguran&ccedil;a e qualidade de vida com novas encostas protegidas<\/span><\/a><\/span><\/span><\/span><\/p>\r\n\r\n<p style=\"text-align:justify\"><span style=\"font-size:11pt\"><span style=\"line-height:normal\"><span style=\"font-family:Calibri,sans-serif\"><a href=\"https:\/\/www.nonwovens-industry.com\/contents\/view_breaking-news\/2025-09-12\/dupont-announces-trade-victory-against-dawnsens-new-materials\/15303\" style=\"color:blue; text-decoration:underline\"><span lang=\"EN-US\" style=\"font-size:14.0pt\">DuPont Announces Trade Victory Against Dawnsens New Materials<\/span><\/a><\/span><\/span><\/span><\/p>\r\n\r\n<p style=\"text-align:justify\"><span style=\"font-size:11pt\"><span style=\"line-height:normal\"><span style=\"font-family:Calibri,sans-serif\"><a href=\"https:\/\/blogdoplastico.wordpress.com\/2025\/09\/09\/braskem-destaca-seus-avancos-durante-a-feira-k-2025\/\" style=\"color:blue; text-decoration:underline\"><span style=\"font-size:14.0pt\">Braskem destaca seus avan&ccedil;os durante a Feira K 2025<\/span><\/a><\/span><\/span><\/span><\/p>\r\n\r\n<p style=\"text-align:justify\"><span style=\"font-size:28pt\"><span style=\"font-family:Cambria,serif\"><span style=\"letter-spacing:-0.5pt\"><b><span style=\"font-size:18.0pt\"><span style=\"font-family:&quot;Calibri&quot;,sans-serif\"><span style=\"font-variant:small-caps\">Ind&uacute;stria<\/span><\/span><\/span><\/b><\/span><\/span><\/span><\/p>\r\n\r\n<p style=\"text-align:justify\"><span style=\"font-size:11pt\"><span style=\"line-height:normal\"><span style=\"font-family:Calibri,sans-serif\"><a href=\"https:\/\/noticias.portaldaindustria.com.br\/noticias\/politica-industrial\/para-70-dos-empresarios-carga-tributaria-e-o-maior-problema-do-custo-brasil-revela-pesquisa-inedita-da-cni\/\" style=\"color:blue; text-decoration:underline\"><span style=\"font-size:14.0pt\">Para 70% dos empres&aacute;rios, carga tribut&aacute;ria &eacute; o maior problema do Custo Brasil, revela pesquisa in&eacute;dita da CNI<\/span><\/a><\/span><\/span><\/span><\/p>\r\n\r\n<p style=\"text-align:justify\"><span style=\"font-size:11pt\"><span style=\"line-height:normal\"><span style=\"font-family:Calibri,sans-serif\"><a href=\"https:\/\/agenciabrasil.ebc.com.br\/economia\/noticia\/2025-09\/faturamento-da-industria-subiu-5-em-2025-mostra-cni\" style=\"color:blue; text-decoration:underline\"><span style=\"font-size:14.0pt\">Faturamento da ind&uacute;stria subiu 5% em 2025, mostra CNI<\/span><\/a><\/span><\/span><\/span><\/p>\r\n\r\n<p style=\"text-align:justify\"><span style=\"font-size:11pt\"><span style=\"line-height:normal\"><span style=\"font-family:Calibri,sans-serif\"><a href=\"https:\/\/anba.com.br\/exportacao-brasileira-de-veiculos-cresce-493\/\" style=\"color:blue; text-decoration:underline\"><span style=\"font-size:14.0pt\">Exporta&ccedil;&atilde;o brasileira de ve&iacute;culos cresce 49,3%<\/span><\/a><\/span><\/span><\/span><\/p>\r\n\r\n<p style=\"text-align:justify\"><span style=\"font-size:11pt\"><span style=\"line-height:normal\"><span style=\"font-family:Calibri,sans-serif\"><a href=\"https:\/\/revistaplasticosul.com.br\/transformacao-aplicacoes\/assintecal-esclarece-impactos-da-reforma-tributaria-para-empresas-do-setor\/\" style=\"color:blue; text-decoration:underline\"><span style=\"font-size:14.0pt\">ASSINTECAL esclarece impactos da reforma tribut&aacute;ria para empresas do setor<\/span><\/a><\/span><\/span><\/span><\/p>\r\n\r\n<p style=\"text-align:justify\"><span style=\"font-size:11pt\"><span style=\"line-height:normal\"><span style=\"font-family:Calibri,sans-serif\"><a href=\"https:\/\/revista.moveisdevalor.com.br\/mv\/249\/56\/\" style=\"color:blue; text-decoration:underline\"><span style=\"font-size:14.0pt\">A Ind&uacute;stria 4.0 como diferencial competitivo para o moveleiro<\/span><\/a><\/span><\/span><\/span><\/p>\r\n\r\n<p style=\"text-align:justify\"><span style=\"font-size:28pt\"><span style=\"font-family:Cambria,serif\"><span style=\"letter-spacing:-0.5pt\"><b><span style=\"font-size:18.0pt\"><span style=\"font-family:&quot;Calibri&quot;,sans-serif\"><span style=\"font-variant:small-caps\">Sustentabilidade<\/span><\/span><\/span><\/b><\/span><\/span><\/span><\/p>\r\n\r\n<p style=\"text-align:justify\"><span style=\"font-size:11pt\"><span style=\"line-height:normal\"><span style=\"font-family:Calibri,sans-serif\"><a href=\"https:\/\/plasticosemrevista.com.br\/avanca-o-desenvolvimento-de-pp-de-fontes-renovaveis\/\" style=\"color:blue; text-decoration:underline\"><span style=\"font-size:14.0pt\">Avan&ccedil;a o desenvolvimento de PP de fontes renov&aacute;veis<\/span><\/a><\/span><\/span><\/span><\/p>\r\n\r\n<p style=\"text-align:justify\"><span style=\"font-size:11pt\"><span style=\"line-height:normal\"><span style=\"font-family:Calibri,sans-serif\"><a href=\"https:\/\/www.camara.leg.br\/noticias\/1197788-brasil-pode-liderar-debate-sobre-reducao-da-producao-de-plastico-dizem-especialistas\/\" style=\"color:blue; text-decoration:underline\"><span style=\"font-size:14.0pt\">Brasil pode liderar debate sobre redu&ccedil;&atilde;o da produ&ccedil;&atilde;o de pl&aacute;stico, dizem especialistas<\/span><\/a><\/span><\/span><\/span><\/p>\r\n\r\n<p style=\"text-align:justify\"><span style=\"font-size:11pt\"><span style=\"line-height:normal\"><span style=\"font-family:Calibri,sans-serif\"><a href=\"https:\/\/revistaamazonia.com.br\/creditos-de-plastico-nova-economia\/\" style=\"color:blue; text-decoration:underline\"><span style=\"font-size:14.0pt\">Cr&eacute;ditos de pl&aacute;stico, a aposta para equilibrar o jogo entre resina reciclada e pl&aacute;stico virgem<\/span><\/a><\/span><\/span><\/span><\/p>\r\n\r\n<p style=\"text-align:justify\"><span style=\"font-size:11pt\"><span style=\"line-height:normal\"><span style=\"font-family:Calibri,sans-serif\"><a href=\"https:\/\/www.meiofiltrante.com.br\/Noticia\/131249\/brasilata-avanca-na-adocao-de-politicas-e-boas-praticas-para-a-construcao-de-um-negocio-sustentavel-\" style=\"color:blue; text-decoration:underline\"><span style=\"font-size:14.0pt\">Brasilata avan&ccedil;a na ado&ccedil;&atilde;o de pol&iacute;ticas e boas pr&aacute;ticas para a constru&ccedil;&atilde;o de um neg&oacute;cio sustent&aacute;vel<\/span><\/a><\/span><\/span><\/span><\/p>\r\n\r\n<p style=\"text-align:justify\"><span style=\"font-size:11pt\"><span style=\"line-height:normal\"><span style=\"font-family:Calibri,sans-serif\"><a href=\"https:\/\/plasticosemrevista.com.br\/avanca-o-desenvolvimento-de-pp-de-fontes-renovaveis\/\" style=\"color:blue; text-decoration:underline\"><span style=\"font-size:14.0pt\">Avan&ccedil;a o desenvolvimento de PP de fontes renov&aacute;veis<\/span><\/a><\/span><\/span><\/span><\/p>\r\n\r\n<p style=\"text-align:justify\"><span style=\"font-size:28pt\"><span style=\"font-family:Cambria,serif\"><span style=\"letter-spacing:-0.5pt\"><b><span style=\"font-size:18.0pt\"><span style=\"font-family:&quot;Calibri&quot;,sans-serif\"><span style=\"font-variant:small-caps\">Inova&ccedil;&atilde;o<\/span><\/span><\/span><\/b><\/span><\/span><\/span><\/p>\r\n\r\n<p style=\"text-align:justify\"><span style=\"font-size:11pt\"><span style=\"line-height:normal\"><span style=\"font-family:Calibri,sans-serif\"><a href=\"https:\/\/g1.globo.com\/meio-ambiente\/noticia\/2025\/09\/09\/nova-tecnica-permite-transformar-plastico-pet-em-material-capaz-de-capturar-co2.ghtml\" style=\"color:blue; text-decoration:underline\"><span style=\"font-size:14.0pt\">Nova t&eacute;cnica permite transformar pl&aacute;stico PET em material capaz de capturar CO2<\/span><\/a><\/span><\/span><\/span><\/p>\r\n\r\n<p style=\"text-align:justify\"><span style=\"font-size:11pt\"><span style=\"line-height:normal\"><span style=\"font-family:Calibri,sans-serif\"><a href=\"https:\/\/www.gov.br\/cnpq\/pt-br\/assuntos\/noticias\/cnpq-em-acao\/cnpq-e-sistema-industria-firmam-acordo-para-aproximar-pesquisadores-e-setor-empresarial\" style=\"color:blue; text-decoration:underline\"><span style=\"font-size:14.0pt\">CNPq e Sistema Ind&uacute;stria firmam acordo para aproximar pesquisadores e setor empresarial<\/span><\/a><\/span><\/span><\/span><\/p>\r\n\r\n<p style=\"text-align:justify\"><span style=\"font-size:28pt\"><span style=\"font-family:Cambria,serif\"><span style=\"letter-spacing:-0.5pt\"><b><span style=\"font-size:18.0pt\"><span style=\"font-family:&quot;Calibri&quot;,sans-serif\"><span style=\"font-variant:small-caps\">Com&eacute;rcio Exterior<\/span><\/span><\/span><\/b><\/span><\/span><\/span><\/p>\r\n\r\n<p style=\"text-align:justify\"><span style=\"font-size:11pt\"><span style=\"line-height:normal\"><span style=\"font-family:Calibri,sans-serif\"><a href=\"https:\/\/apexbrasil.com.br\/content\/apexbrasil\/br\/pt\/conteudo\/noticias\/comissao-europeia-valida-acordo-mercosul-ue-e-texto-segue-para-p.html#msdynmkt_trackingcontext=c4ad1fc5-f397-442e-8e3b-15e6a3bc0000\" style=\"color:blue; text-decoration:underline\"><span style=\"font-size:14.0pt\">Comiss&atilde;o Europeia valida acordo Mercosul-UE e texto segue para pa&iacute;ses-membros<\/span><\/a><\/span><\/span><\/span><\/p>\r\n\r\n<p style=\"text-align:justify\"><span style=\"font-size:11pt\"><span style=\"line-height:normal\"><span style=\"font-family:Calibri,sans-serif\"><a href=\"https:\/\/clickpetroleoegas.com.br\/acordo-mercosul-efta-promete-r-334-bilhoes-em-exportacoes-extras-e-r-660-milhoes-em-novos-investimentos-no-brasil-mhbb01\/\" style=\"color:blue; text-decoration:underline\"><span style=\"font-size:14.0pt\">Acordo Mercosul&ndash;EFTA promete R$ 3,34 bilh&otilde;es em exporta&ccedil;&otilde;es extras e R$ 660 milh&otilde;es em novos investimentos no Brasil<\/span><\/a><\/span><\/span><\/span><\/p>\r\n\r\n<p style=\"text-align:justify\"><span style=\"font-size:11pt\"><span style=\"line-height:normal\"><span style=\"font-family:Calibri,sans-serif\"><a href=\"https:\/\/apexbrasil.com.br\/content\/apexbrasil\/br\/pt\/conteudo\/noticias\/apexbrasil-lanca-estudo-sobre-diversificacao-de-mercados-para-ex.html#msdynmkt_trackingcontext=c4ad1fc5-f397-442e-8e3b-15e6a3bc0000\" style=\"color:blue; text-decoration:underline\"><span style=\"font-size:14.0pt\">ApexBrasil lan&ccedil;a estudo sobre diversifica&ccedil;&atilde;o de mercados para exporta&ccedil;&otilde;es estaduais diante de novas tarifas dos EUA<\/span><\/a><\/span><\/span><\/span><\/p>\r\n\r\n<p style=\"text-align:justify\"><span style=\"font-size:11pt\"><span style=\"line-height:normal\"><span style=\"font-family:Calibri,sans-serif\"><a href=\"https:\/\/noticias.portaldaindustria.com.br\/noticias\/internacional\/cni-lidera-dialogo-estrategico-com-japao-para-ampliar-comercio-entre-mercosul-e-asia\/\" style=\"color:blue; text-decoration:underline\"><span style=\"font-size:14.0pt\">CNI lidera di&aacute;logo estrat&eacute;gico com Jap&atilde;o para ampliar com&eacute;rcio entre Mercosul e &Aacute;sia<\/span><\/a><\/span><\/span><\/span><\/p>\r\n\r\n<p style=\"text-align:justify\"><span style=\"font-size:28pt\"><span style=\"font-family:Cambria,serif\"><span style=\"letter-spacing:-0.5pt\"><b><span style=\"font-size:18.0pt\"><span style=\"font-family:&quot;Calibri&quot;,sans-serif\"><span style=\"font-variant:small-caps\">Economia<\/span><\/span><\/span><\/b><\/span><\/span><\/span><\/p>\r\n\r\n<p style=\"text-align:justify\"><span style=\"font-size:11pt\"><span style=\"line-height:normal\"><span style=\"font-family:Calibri,sans-serif\"><a href=\"https:\/\/www.bcb.gov.br\/content\/focus\/focus\/R20250912.pdf\" style=\"color:blue; text-decoration:underline\"><span style=\"font-size:14.0pt\">Focus - Relat&oacute;rio de Mercado<\/span><\/a><\/span><\/span><\/span><\/p>\r\n\r\n<p style=\"text-align:justify\"><span style=\"font-size:11pt\"><span style=\"line-height:normal\"><span style=\"font-family:Calibri,sans-serif\"><a href=\"https:\/\/www.contabeis.com.br\/noticias\/72823\/empresas-devem-se-adaptar-as-notas-fiscais-da-reforma-tributaria\/\" style=\"color:blue; text-decoration:underline\"><span style=\"font-size:14.0pt\">Empresas que n&atilde;o aderirem aos novos modelos de NF-e da reforma tribut&aacute;ria podem pagar IBS e CBS antecipadamente<\/span><\/a><\/span><\/span><\/span><\/p>\r\n\r\n<p style=\"text-align:justify\"><span style=\"font-size:11pt\"><span style=\"line-height:normal\"><span style=\"font-family:Calibri,sans-serif\"><a href=\"https:\/\/portalibre.fgv.br\/system\/files\/divulgacao\/noticias\/mat-complementar\/2025-09\/Bar%C3%B4metros%20Globais%20KOF-FGV_Press%20release_09_2025.pdf\" style=\"color:blue; text-decoration:underline\"><span style=\"font-size:14.0pt\">Bar&ocirc;metros Globais mant&ecirc;m tend&ecirc;ncia de alta no segundo semestre<\/span><\/a><\/span><\/span><\/span><\/p>\r\n\r\n<p style=\"text-align:justify\">&nbsp;<\/p>\r\n\r\n<p style=\"text-align:justify\"><img src=\"https:\/\/www.abint.org.br\/assets\/img\/editor\/redes-sociais-abint-ctg-cth_20250826142029TIeKhPrH3S.jpg\" \/><\/p>\r\n","texto_en":"","7":"","imagem":"COMP_capa-2025-site-boletim-abint-noticias-semanis_20250917202556IB2QFWvflw.jpg","8":"COMP_capa-2025-site-boletim-abint-noticias-semanis_20250917202556IB2QFWvflw.jpg","arquivo":"20250916-BOLETIM-ABINT-DE-NOTICIAS-SEMANAIS.PDF","9":"20250916-BOLETIM-ABINT-DE-NOTICIAS-SEMANAIS.PDF","titulo_arquivo":"20250916 Boletim ABINT de Not\u00edcias Semanais","10":"20250916 Boletim ABINT de Not\u00edcias Semanais","titulo_arquivo_en":"","11":"","created_at":"2025-09-17 20:26:06","12":"2025-09-17 20:26:06","updated_at":"2025-09-17 20:26:06","13":"2025-09-17 20:26:06"},{"id":199,"0":199,"ordem":29,"1":29,"data":"2025-09-09","2":"2025-09-09","slug":"qualidade-de-geossinteticos-em-aterros-sanitarios-sera-tema-de-evento-presencial-do-ctg-abint-e-igs-brasil","3":"qualidade-de-geossinteticos-em-aterros-sanitarios-sera-tema-de-evento-presencial-do-ctg-abint-e-igs-brasil","titulo":"Qualidade de geossint\u00e9ticos em aterros sanit\u00e1rios ser\u00e1 tema de evento presencial do CTG ABINT e IGS BRASIL","4":"Qualidade de geossint\u00e9ticos em aterros sanit\u00e1rios ser\u00e1 tema de evento presencial do CTG ABINT e IGS BRASIL","titulo_en":"","5":"","texto":"<p align=\"center\" style=\"text-align:center; margin-bottom:11px\"><span style=\"font-size:11pt\"><span style=\"line-height:107%\"><span style=\"font-family:Calibri,sans-serif\"><i><span style=\"font-size:12.0pt\"><span style=\"line-height:107%\"><span style=\"font-family:&quot;Arial&quot;,sans-serif\">A import&acirc;ncia da qualidade, os problemas que a inadequa&ccedil;&atilde;o dos geossint&eacute;ticos pode causar entre outros temas ser&atilde;o abordados por especialistas do setor <\/span><\/span><\/span><\/i><\/span><\/span><\/span><\/p>\r\n\r\n<p align=\"center\" style=\"text-align:center; margin-bottom:11px\">&nbsp;<\/p>\r\n\r\n<p style=\"text-align:justify; margin-bottom:11px\"><span style=\"font-size:11pt\"><span style=\"line-height:107%\"><span style=\"font-family:Calibri,sans-serif\"><span style=\"font-family:&quot;Arial&quot;,sans-serif\">As aplica&ccedil;&otilde;es dos geossint&eacute;ticos s&atilde;o, na maioria das vezes, ligadas &agrave; sustentabilidade. Proteger o solo e o len&ccedil;ol fre&aacute;tico, fazer a conten&ccedil;&atilde;o e a sustenta&ccedil;&atilde;o, s&atilde;o fun&ccedil;&otilde;es que os geossint&eacute;ticos cumprem perfeitamente, de forma eficaz e com excelente custo-benef&iacute;cio. <\/span><\/span><\/span><\/span><\/p>\r\n\r\n<p style=\"text-align:justify; margin-bottom:11px\"><span style=\"font-size:11pt\"><span style=\"line-height:107%\"><span style=\"font-family:Calibri,sans-serif\"><span style=\"font-family:&quot;Arial&quot;,sans-serif\">Mas para que isso aconte&ccedil;a, a qualidade na fabrica&ccedil;&atilde;o e na aplica&ccedil;&atilde;o s&atilde;o primordiais para a efici&ecirc;ncia e durabilidade da obra. <\/span><\/span><\/span><\/span><\/p>\r\n\r\n<p style=\"text-align:justify; margin-bottom:11px\"><span style=\"font-size:11pt\"><span style=\"line-height:107%\"><span style=\"font-family:Calibri,sans-serif\"><span style=\"font-family:&quot;Arial&quot;,sans-serif\">Para evidenciar todos esses pontos, voltados ao setor de aterros sanit&aacute;rios, o <\/span><span style=\"font-family:&quot;Arial&quot;,sans-serif\">Comit&ecirc; de Geossint&eacute;ticos da Associa&ccedil;&atilde;o Brasileira das Ind&uacute;strias de N&atilde;otecidos e Tecidos T&eacute;cnicos (CTG ABINT) e a IGS Brasil realizar&atilde;o, no dia 16 de setembro, o workshop presencial <b>&ldquo;QUALIDADE DE GEOSSINT&Eacute;TICOS APLICADOS EM ATERROS SANIT&Aacute;RIOS. <\/b><\/span><\/span><\/span><\/span><\/p>\r\n\r\n<p class=\"MsoNoSpacing\" style=\"text-align:justify\"><span style=\"font-size:11pt\"><span style=\"font-family:Calibri,sans-serif\"><span style=\"font-family:&quot;Arial&quot;,sans-serif\">&ldquo;A qualidade, tanto na fabrica&ccedil;&atilde;o, quanto na aplica&ccedil;&atilde;o dos geossint&eacute;ticos &eacute; fundamental para a efici&ecirc;ncia e durabilidade da obra e o CTG ABINT realiza um trabalho &aacute;rduo na orienta&ccedil;&atilde;o sobre as normativas de qualidade, voltadas ao fabricante, ao comprador, ao tomador de decis&atilde;o e ao instalador, visando <\/span><span style=\"font-family:&quot;Arial&quot;,sans-serif\">a melhor performance do produto nas aplica&ccedil;&otilde;es diversas<\/span><span style=\"font-family:&quot;Arial&quot;,sans-serif\">&rdquo;, comenta Samira Paranhos, engenheira geot&eacute;cnica especialista em geossint&eacute;ticos e coordenadora do CTG ABINT. <\/span><\/span><\/span><\/p>\r\n\r\n<p class=\"MsoNoSpacing\" style=\"text-align:justify\"><span style=\"font-size:11pt\"><span style=\"font-family:Calibri,sans-serif\"><span style=\"font-family:&quot;Arial&quot;,sans-serif\">O workshop ser&aacute; realizado <\/span><span style=\"font-family:&quot;Arial&quot;,sans-serif\">na sede da ABINT, em s&atilde;o Paulo, e ser&aacute; voltado para engenheiros, compradores, projetistas e licenciadores.<\/span><\/span><\/span><\/p>\r\n\r\n<p class=\"MsoNoSpacing\" style=\"text-align:justify\"><span style=\"font-size:11pt\"><span style=\"line-height:107%\"><span style=\"font-family:Calibri,sans-serif\"><b><span style=\"font-family:&quot;Arial&quot;,sans-serif\">Servi&ccedil;o: WORKSHOP <\/span><\/b><b><span style=\"font-family:&quot;Arial&quot;,sans-serif\">&ldquo;QUALIDADE DE GEOSSINT&Eacute;TICOS APLICADOS EM ATERROS SANIT&Aacute;RIOS&rdquo;<\/span><\/b><span style=\"font-family:&quot;Arial&quot;,sans-serif\">. <\/span><\/span><\/span><\/span><\/p>\r\n\r\n<p class=\"MsoNoSpacing\" style=\"text-align:justify\"><span style=\"font-size:11pt\"><span style=\"font-family:Calibri,sans-serif\"><b><span style=\"font-family:&quot;Arial&quot;,sans-serif\">Data:<\/span><\/b><span style=\"font-family:&quot;Arial&quot;,sans-serif\"> 16 de setembro de 2025<\/span><\/span><\/span><\/p>\r\n\r\n<p class=\"MsoNoSpacing\" style=\"text-align:justify\"><span style=\"font-size:11pt\"><span style=\"font-family:Calibri,sans-serif\"><b><span style=\"font-family:&quot;Arial&quot;,sans-serif\">Hor&aacute;rio:<\/span><\/b><span style=\"font-family:&quot;Arial&quot;,sans-serif\"> a partir de 14h<\/span><\/span><\/span><\/p>\r\n\r\n<p style=\"text-align:justify\"><span style=\"font-size:11pt\"><span style=\"line-height:107%\"><span style=\"font-family:Calibri,sans-serif\"><b><span style=\"font-family:&quot;Arial&quot;,sans-serif\">Local:<\/span><\/b><span style=\"font-family:&quot;Arial&quot;,sans-serif\"> Sede da ABINT (<\/span><span style=\"font-family:&quot;Arial&quot;,sans-serif\">Rua Marqu&ecirc;s de Itu, 968, Higien&oacute;polis, S&atilde;o Paulo)<\/span><\/span><\/span><\/span><\/p>\r\n\r\n<p style=\"text-align:justify\"><span style=\"font-size:11pt\"><span style=\"line-height:107%\"><span style=\"font-family:Calibri,sans-serif\"><b><span style=\"font-family:&quot;Arial&quot;,sans-serif\">Programa&ccedil;&atilde;o: <\/span><\/b><\/span><\/span><\/span><\/p>\r\n\r\n<p class=\"MsoNoSpacing\" style=\"margin-left:47px; text-align:justify\"><span style=\"font-size:11pt\"><span style=\"font-family:Calibri,sans-serif\"><span style=\"font-family:&quot;Arial&quot;,sans-serif\">14h &ndash; recep&ccedil;&atilde;o<\/span><\/span><\/span><\/p>\r\n\r\n<p class=\"MsoNoSpacing\" style=\"margin-left:47px; text-align:justify\"><span style=\"font-size:11pt\"><span style=\"font-family:Calibri,sans-serif\"><span style=\"font-family:&quot;Arial&quot;,sans-serif\">14h15 &ndash; abertura<\/span><\/span><\/span><\/p>\r\n\r\n<p class=\"MsoNoSpacing\" style=\"margin-left:47px; text-align:justify\"><span style=\"font-size:11pt\"><span style=\"font-family:Calibri,sans-serif\"><span style=\"font-family:&quot;Arial&quot;,sans-serif\">14h30 &ndash; palestra &ldquo;A import&acirc;ncia da qualidade&rdquo; &ndash; Vera Fernandes Hachich (Tesis)<\/span><\/span><\/span><\/p>\r\n\r\n<p class=\"MsoNoSpacing\" style=\"margin-left:47px; text-align:justify\"><span style=\"font-size:11pt\"><span style=\"font-family:Calibri,sans-serif\"><span style=\"font-family:&quot;Arial&quot;,sans-serif\">15h30 &ndash; palestra &ldquo;Problemas causados pelo uso de geossint&eacute;ticos inadequados&rdquo; &ndash; Vinicius Benjamin (Eng Consultoria)<\/span><\/span><\/span><\/p>\r\n\r\n<p class=\"MsoNoSpacing\" style=\"margin-left:47px; text-align:justify\"><span style=\"font-size:11pt\"><span style=\"font-family:Calibri,sans-serif\"><span style=\"font-family:&quot;Arial&quot;,sans-serif\">16h30 &ndash; intervalo<\/span><\/span><\/span><\/p>\r\n\r\n<p class=\"MsoNoSpacing\" style=\"margin-left:47px; text-align:justify\"><span style=\"font-size:11pt\"><span style=\"font-family:Calibri,sans-serif\"><span style=\"font-family:&quot;Arial&quot;,sans-serif\">16h50 &ndash; mesa redonda &ldquo;Qualidade dos geossint&eacute;ticos por diversos pontos de vista&rdquo;<\/span><\/span><\/span><\/p>\r\n\r\n<ul>\r\n\t<li class=\"MsoNoSpacing\" style=\"margin-left:102px; text-align:justify\"><span style=\"font-size:11pt\"><span style=\"font-family:Calibri,sans-serif\"><span style=\"font-family:&quot;Arial&quot;,sans-serif\">Vera Fernandes Hachich (Tesis)<\/span><\/span><\/span><\/li>\r\n\t<li class=\"MsoNoSpacing\" style=\"margin-left:102px; text-align:justify\"><span style=\"font-size:11pt\"><span style=\"font-family:Calibri,sans-serif\"><span style=\"font-family:&quot;Arial&quot;,sans-serif\">Vinicius Benjamin (Eng Consultoria)<\/span><\/span><\/span><\/li>\r\n\t<li class=\"MsoNoSpacing\" style=\"margin-left:102px; text-align:justify\"><span style=\"font-size:11pt\"><span style=\"font-family:Calibri,sans-serif\"><span style=\"font-family:&quot;Arial&quot;,sans-serif\">Fabricio Zambotto (Maccaferri)<\/span><\/span><\/span><\/li>\r\n\t<li class=\"MsoNoSpacing\" style=\"margin-left:102px; text-align:justify\"><span style=\"font-size:11pt\"><span style=\"font-family:Calibri,sans-serif\"><span style=\"font-family:&quot;Arial&quot;,sans-serif\">Silvio Palma (Ober Geossint&eacute;ticos)<\/span><\/span><\/span><\/li>\r\n\t<li class=\"MsoNoSpacing\" style=\"margin-left:102px; text-align:justify\"><span style=\"font-size:11pt\"><span style=\"font-family:Calibri,sans-serif\"><span style=\"font-family:&quot;Arial&quot;,sans-serif\">Hudson Oliveira (Veolia)<\/span><\/span><\/span><\/li>\r\n\t<li class=\"MsoNoSpacing\" style=\"margin-left:102px; text-align:justify\"><span style=\"font-size:11pt\"><span style=\"font-family:Calibri,sans-serif\"><span style=\"font-family:&quot;Arial&quot;,sans-serif\">Graziela Pessati da Silva (Veolia)<\/span><\/span><\/span><\/li>\r\n<\/ul>\r\n\r\n<p class=\"MsoNoSpacing\" style=\"text-align:justify\"><span style=\"font-size:11pt\"><span style=\"font-family:Calibri,sans-serif\"><b><span style=\"font-family:&quot;Arial&quot;,sans-serif\">Inscri&ccedil;&otilde;es:<\/span><\/b><\/span><\/span><\/p>\r\n\r\n<p class=\"MsoNoSpacing\" style=\"text-align:justify\"><span style=\"font-size:11pt\"><span style=\"font-family:Calibri,sans-serif\"><a href=\"https:\/\/forms.office.com\/pages\/responsepage.aspx?id=n9pNk1glrE6b5i8lS53621O-4jMsuCNBqhQBI597U0lUQVZUMlE2TkNVUFAzQ1I4S1hXMllTRU9SRC4u&amp;route=shorturl\" style=\"color:#0563c1; text-decoration:underline\"><span style=\"font-family:&quot;Arial&quot;,sans-serif\">https:\/\/forms.office.com\/pages\/responsepage.aspx?id=n9pNk1glrE6b5i8lS53621O-4jMsuCNBqhQBI597U0lUQVZUMlE2TkNVUFAzQ1I4S1hXMllTRU9SRC4u&amp;route=shorturl<\/span><\/a><\/span><\/span><\/p>\r\n\r\n<p class=\"MsoNoSpacing\" style=\"text-align:justify\"><span style=\"font-size:11pt\"><span style=\"font-family:Calibri,sans-serif\"><b><span style=\"font-family:&quot;Arial&quot;,sans-serif\">VAGAS LIMITADAS <\/span><\/b><\/span><\/span><\/p>\r\n\r\n<p class=\"MsoNoSpacing\" style=\"text-align:justify\">&nbsp;<\/p>\r\n\r\n<p class=\"MsoNoSpacing\" style=\"text-align:justify\"><span style=\"font-size:12pt\"><span style=\"background:white\"><span style=\"line-height:115%\"><span style=\"font-family:&quot;Times New Roman&quot;,serif\"><em><b><span style=\"font-size:10.0pt\"><span style=\"line-height:115%\"><span style=\"font-family:&quot;Verdana&quot;,sans-serif\"><span style=\"color:black\">Sobre o CTG-ABINT:<\/span><\/span><\/span><\/span><\/b><\/em><em><span style=\"font-size:10.0pt\"><span style=\"line-height:115%\"><span style=\"font-family:&quot;Verdana&quot;,sans-serif\"><span style=\"color:black\">&nbsp; composto por empresas fabricantes e distribuidoras de Geossint&eacute;ticos no Brasil e associadas &agrave; ABINT, o CTG-ABINT tem como objetivo divulgar as aplica&ccedil;&otilde;es dos Geossint&eacute;ticos em obras dos segmentos Ambiental, Agroneg&oacute;cio, Constru&ccedil;&atilde;o Civil, Infraestrutura, Minera&ccedil;&atilde;o, Transporte, entre outros, bem como difundir os conceitos de qualidade a serem observados por fabricantes e usu&aacute;rios, contribuindo para o desenvolvimento mercadol&oacute;gico de forma &eacute;tica e respons&aacute;vel. Para saber mais acesse www.geossinteticos.org.br<\/span><\/span><\/span><\/span><\/em><\/span><\/span><\/span><\/span><\/p>\r\n\r\n<p style=\"margin-top:16px; margin-bottom:13px; text-align:justify\"><span style=\"font-size:12pt\"><span style=\"background:white\"><span style=\"line-height:115%\"><span style=\"font-family:&quot;Times New Roman&quot;,serif\"><em><b><span style=\"font-size:10.0pt\"><span style=\"line-height:115%\"><span style=\"font-family:&quot;Verdana&quot;,sans-serif\"><span style=\"color:black\">Sobre a ABINT:<\/span><\/span><\/span><\/span><\/b><\/em><em><span style=\"font-size:10.0pt\"><span style=\"line-height:115%\"><span style=\"font-family:&quot;Verdana&quot;,sans-serif\"><span style=\"color:black\">&nbsp;Fundada em 1991, a <a name=\"_Hlk189124267\">Associa&ccedil;&atilde;o Brasileira das Ind&uacute;strias de N&atilde;otecidos e Tecidos T&eacute;cnicos<\/a> tem como objetivo representar, difundir e defender os interesses da ind&uacute;stria brasileira de N&atilde;otecidos e Tecidos T&eacute;cnicos, promovendo e apoiando o seu desenvolvimento e o crescimento do mercado de aplica&ccedil;&otilde;es desses produtos, que s&atilde;o fundamentais a diversos e importantes setores da economia do pa&iacute;s. Para saber mais acesse&nbsp;<\/span><\/span><\/span><\/span><\/em><span style=\"color:black\"><a href=\"http:\/\/www.abint.org.br\/\" style=\"color:#0563c1; text-decoration:underline\"><em><span style=\"font-size:10.0pt\"><span style=\"line-height:115%\"><span style=\"font-family:&quot;Verdana&quot;,sans-serif\"><span style=\"color:black\"><span style=\"text-decoration:none\"><span style=\"text-underline:none\">www.abint.org.br<\/span><\/span><\/span><\/span><\/span><\/span><\/em><\/a><\/span><\/span><\/span><\/span><\/span><\/p>\r\n\r\n<p style=\"margin-top:16px; margin-bottom:13px; text-align:justify\"><span style=\"font-size:12pt\"><span style=\"background:white\"><span style=\"line-height:115%\"><span style=\"font-family:&quot;Times New Roman&quot;,serif\"><em><b><span style=\"font-size:10.0pt\"><span style=\"line-height:115%\"><span style=\"font-family:&quot;Verdana&quot;,sans-serif\"><span style=\"color:black\">Sobre a IGS Brasil: <\/span><\/span><\/span><\/span><\/b><\/em><em><span style=\"font-size:10.0pt\"><span style=\"line-height:115%\"><span style=\"font-family:&quot;Verdana&quot;,sans-serif\"><span style=\"color:black\">Criada em 1997, como um dos Chapters da International Geosynthetic Society, a IGS Brasil re&uacute;ne mais de 200 membros individuais e corporativos que est&atilde;o envolvidos em projetos, fabrica&ccedil;&atilde;o, vendas, uso ou ensaio de geot&ecirc;xteis, geomembranas, produtos correlatos e tecnologias associadas, ou que ensinam ou desenvolvem pesquisas sobre tais produtos. Para saber mais acesse&nbsp;<\/span><\/span><\/span><\/span><\/em><span style=\"color:black\"><a href=\"http:\/\/www.igsbrasil.org.br\" style=\"color:#0563c1; text-decoration:underline\"><em><span style=\"font-size:10.0pt\"><span style=\"line-height:115%\"><span style=\"font-family:&quot;Verdana&quot;,sans-serif\"><span style=\"color:black\"><span style=\"text-decoration:none\"><span style=\"text-underline:none\">www.igsbrasil.org.br<\/span><\/span><\/span><\/span><\/span><\/span><\/em><\/a><\/span><\/span><\/span><\/span><\/span><\/p>\r\n\r\n<p style=\"margin-top:16px; margin-bottom:13px; text-align:justify\"><span style=\"font-size:12pt\"><span style=\"background:white\"><span style=\"line-height:115%\"><span style=\"font-family:&quot;Times New Roman&quot;,serif\"><em><b><span style=\"font-size:8.0pt\"><span style=\"line-height:115%\"><span style=\"font-family:&quot;Verdana&quot;,sans-serif\"><span style=\"color:#002060\">Informa&ccedil;&otilde;es &agrave; Imprensa<\/span><\/span><\/span><\/span><\/b><\/em><\/span><\/span><\/span><\/span><\/p>\r\n\r\n<p style=\"text-align:justify\"><span style=\"font-size:12pt\"><span style=\"background:white\"><span style=\"line-height:115%\"><span style=\"font-family:&quot;Times New Roman&quot;,serif\"><em><b><span style=\"font-size:8.0pt\"><span style=\"line-height:115%\"><span style=\"font-family:&quot;Verdana&quot;,sans-serif\"><span style=\"color:#002060\">Assessoria de Comunica&ccedil;&atilde;o ABINT<\/span><\/span><\/span><\/span><\/b><\/em><\/span><\/span><\/span><\/span><\/p>\r\n\r\n<p style=\"text-align:justify\"><span style=\"font-size:12pt\"><span style=\"background:white\"><span style=\"line-height:115%\"><span style=\"font-family:&quot;Times New Roman&quot;,serif\"><em><b><span style=\"font-size:8.0pt\"><span style=\"line-height:115%\"><span style=\"font-family:&quot;Verdana&quot;,sans-serif\"><span style=\"color:#002060\">Roberta Provatti <\/span><\/span><\/span><\/span><\/b><\/em><\/span><\/span><\/span><\/span><\/p>\r\n\r\n<p style=\"text-align:justify\"><span style=\"font-size:12pt\"><span style=\"background:white\"><span style=\"line-height:115%\"><span style=\"font-family:&quot;Times New Roman&quot;,serif\"><em><b><span style=\"font-size:8.0pt\"><span style=\"line-height:115%\"><span style=\"font-family:&quot;Verdana&quot;,sans-serif\"><span style=\"color:#002060\">(11) 99652-4661<\/span><\/span><\/span><\/span><\/b><\/em><\/span><\/span><\/span><\/span><\/p>\r\n\r\n<p><em><b><span style=\"font-size:8.0pt\"><span style=\"line-height:107%\"><span style=\"font-family:&quot;Verdana&quot;,sans-serif\"><span style=\"color:#002060\">provattijornalista@gmail.com<\/span><\/span><\/span><\/span><\/b><\/em><\/p>\r\n","6":"<p align=\"center\" style=\"text-align:center; margin-bottom:11px\"><span style=\"font-size:11pt\"><span style=\"line-height:107%\"><span style=\"font-family:Calibri,sans-serif\"><i><span style=\"font-size:12.0pt\"><span style=\"line-height:107%\"><span style=\"font-family:&quot;Arial&quot;,sans-serif\">A import&acirc;ncia da qualidade, os problemas que a inadequa&ccedil;&atilde;o dos geossint&eacute;ticos pode causar entre outros temas ser&atilde;o abordados por especialistas do setor <\/span><\/span><\/span><\/i><\/span><\/span><\/span><\/p>\r\n\r\n<p align=\"center\" style=\"text-align:center; margin-bottom:11px\">&nbsp;<\/p>\r\n\r\n<p style=\"text-align:justify; margin-bottom:11px\"><span style=\"font-size:11pt\"><span style=\"line-height:107%\"><span style=\"font-family:Calibri,sans-serif\"><span style=\"font-family:&quot;Arial&quot;,sans-serif\">As aplica&ccedil;&otilde;es dos geossint&eacute;ticos s&atilde;o, na maioria das vezes, ligadas &agrave; sustentabilidade. Proteger o solo e o len&ccedil;ol fre&aacute;tico, fazer a conten&ccedil;&atilde;o e a sustenta&ccedil;&atilde;o, s&atilde;o fun&ccedil;&otilde;es que os geossint&eacute;ticos cumprem perfeitamente, de forma eficaz e com excelente custo-benef&iacute;cio. <\/span><\/span><\/span><\/span><\/p>\r\n\r\n<p style=\"text-align:justify; margin-bottom:11px\"><span style=\"font-size:11pt\"><span style=\"line-height:107%\"><span style=\"font-family:Calibri,sans-serif\"><span style=\"font-family:&quot;Arial&quot;,sans-serif\">Mas para que isso aconte&ccedil;a, a qualidade na fabrica&ccedil;&atilde;o e na aplica&ccedil;&atilde;o s&atilde;o primordiais para a efici&ecirc;ncia e durabilidade da obra. <\/span><\/span><\/span><\/span><\/p>\r\n\r\n<p style=\"text-align:justify; margin-bottom:11px\"><span style=\"font-size:11pt\"><span style=\"line-height:107%\"><span style=\"font-family:Calibri,sans-serif\"><span style=\"font-family:&quot;Arial&quot;,sans-serif\">Para evidenciar todos esses pontos, voltados ao setor de aterros sanit&aacute;rios, o <\/span><span style=\"font-family:&quot;Arial&quot;,sans-serif\">Comit&ecirc; de Geossint&eacute;ticos da Associa&ccedil;&atilde;o Brasileira das Ind&uacute;strias de N&atilde;otecidos e Tecidos T&eacute;cnicos (CTG ABINT) e a IGS Brasil realizar&atilde;o, no dia 16 de setembro, o workshop presencial <b>&ldquo;QUALIDADE DE GEOSSINT&Eacute;TICOS APLICADOS EM ATERROS SANIT&Aacute;RIOS. <\/b><\/span><\/span><\/span><\/span><\/p>\r\n\r\n<p class=\"MsoNoSpacing\" style=\"text-align:justify\"><span style=\"font-size:11pt\"><span style=\"font-family:Calibri,sans-serif\"><span style=\"font-family:&quot;Arial&quot;,sans-serif\">&ldquo;A qualidade, tanto na fabrica&ccedil;&atilde;o, quanto na aplica&ccedil;&atilde;o dos geossint&eacute;ticos &eacute; fundamental para a efici&ecirc;ncia e durabilidade da obra e o CTG ABINT realiza um trabalho &aacute;rduo na orienta&ccedil;&atilde;o sobre as normativas de qualidade, voltadas ao fabricante, ao comprador, ao tomador de decis&atilde;o e ao instalador, visando <\/span><span style=\"font-family:&quot;Arial&quot;,sans-serif\">a melhor performance do produto nas aplica&ccedil;&otilde;es diversas<\/span><span style=\"font-family:&quot;Arial&quot;,sans-serif\">&rdquo;, comenta Samira Paranhos, engenheira geot&eacute;cnica especialista em geossint&eacute;ticos e coordenadora do CTG ABINT. <\/span><\/span><\/span><\/p>\r\n\r\n<p class=\"MsoNoSpacing\" style=\"text-align:justify\"><span style=\"font-size:11pt\"><span style=\"font-family:Calibri,sans-serif\"><span style=\"font-family:&quot;Arial&quot;,sans-serif\">O workshop ser&aacute; realizado <\/span><span style=\"font-family:&quot;Arial&quot;,sans-serif\">na sede da ABINT, em s&atilde;o Paulo, e ser&aacute; voltado para engenheiros, compradores, projetistas e licenciadores.<\/span><\/span><\/span><\/p>\r\n\r\n<p class=\"MsoNoSpacing\" style=\"text-align:justify\"><span style=\"font-size:11pt\"><span style=\"line-height:107%\"><span style=\"font-family:Calibri,sans-serif\"><b><span style=\"font-family:&quot;Arial&quot;,sans-serif\">Servi&ccedil;o: WORKSHOP <\/span><\/b><b><span style=\"font-family:&quot;Arial&quot;,sans-serif\">&ldquo;QUALIDADE DE GEOSSINT&Eacute;TICOS APLICADOS EM ATERROS SANIT&Aacute;RIOS&rdquo;<\/span><\/b><span style=\"font-family:&quot;Arial&quot;,sans-serif\">. <\/span><\/span><\/span><\/span><\/p>\r\n\r\n<p class=\"MsoNoSpacing\" style=\"text-align:justify\"><span style=\"font-size:11pt\"><span style=\"font-family:Calibri,sans-serif\"><b><span style=\"font-family:&quot;Arial&quot;,sans-serif\">Data:<\/span><\/b><span style=\"font-family:&quot;Arial&quot;,sans-serif\"> 16 de setembro de 2025<\/span><\/span><\/span><\/p>\r\n\r\n<p class=\"MsoNoSpacing\" style=\"text-align:justify\"><span style=\"font-size:11pt\"><span style=\"font-family:Calibri,sans-serif\"><b><span style=\"font-family:&quot;Arial&quot;,sans-serif\">Hor&aacute;rio:<\/span><\/b><span style=\"font-family:&quot;Arial&quot;,sans-serif\"> a partir de 14h<\/span><\/span><\/span><\/p>\r\n\r\n<p style=\"text-align:justify\"><span style=\"font-size:11pt\"><span style=\"line-height:107%\"><span style=\"font-family:Calibri,sans-serif\"><b><span style=\"font-family:&quot;Arial&quot;,sans-serif\">Local:<\/span><\/b><span style=\"font-family:&quot;Arial&quot;,sans-serif\"> Sede da ABINT (<\/span><span style=\"font-family:&quot;Arial&quot;,sans-serif\">Rua Marqu&ecirc;s de Itu, 968, Higien&oacute;polis, S&atilde;o Paulo)<\/span><\/span><\/span><\/span><\/p>\r\n\r\n<p style=\"text-align:justify\"><span style=\"font-size:11pt\"><span style=\"line-height:107%\"><span style=\"font-family:Calibri,sans-serif\"><b><span style=\"font-family:&quot;Arial&quot;,sans-serif\">Programa&ccedil;&atilde;o: <\/span><\/b><\/span><\/span><\/span><\/p>\r\n\r\n<p class=\"MsoNoSpacing\" style=\"margin-left:47px; text-align:justify\"><span style=\"font-size:11pt\"><span style=\"font-family:Calibri,sans-serif\"><span style=\"font-family:&quot;Arial&quot;,sans-serif\">14h &ndash; recep&ccedil;&atilde;o<\/span><\/span><\/span><\/p>\r\n\r\n<p class=\"MsoNoSpacing\" style=\"margin-left:47px; text-align:justify\"><span style=\"font-size:11pt\"><span style=\"font-family:Calibri,sans-serif\"><span style=\"font-family:&quot;Arial&quot;,sans-serif\">14h15 &ndash; abertura<\/span><\/span><\/span><\/p>\r\n\r\n<p class=\"MsoNoSpacing\" style=\"margin-left:47px; text-align:justify\"><span style=\"font-size:11pt\"><span style=\"font-family:Calibri,sans-serif\"><span style=\"font-family:&quot;Arial&quot;,sans-serif\">14h30 &ndash; palestra &ldquo;A import&acirc;ncia da qualidade&rdquo; &ndash; Vera Fernandes Hachich (Tesis)<\/span><\/span><\/span><\/p>\r\n\r\n<p class=\"MsoNoSpacing\" style=\"margin-left:47px; text-align:justify\"><span style=\"font-size:11pt\"><span style=\"font-family:Calibri,sans-serif\"><span style=\"font-family:&quot;Arial&quot;,sans-serif\">15h30 &ndash; palestra &ldquo;Problemas causados pelo uso de geossint&eacute;ticos inadequados&rdquo; &ndash; Vinicius Benjamin (Eng Consultoria)<\/span><\/span><\/span><\/p>\r\n\r\n<p class=\"MsoNoSpacing\" style=\"margin-left:47px; text-align:justify\"><span style=\"font-size:11pt\"><span style=\"font-family:Calibri,sans-serif\"><span style=\"font-family:&quot;Arial&quot;,sans-serif\">16h30 &ndash; intervalo<\/span><\/span><\/span><\/p>\r\n\r\n<p class=\"MsoNoSpacing\" style=\"margin-left:47px; text-align:justify\"><span style=\"font-size:11pt\"><span style=\"font-family:Calibri,sans-serif\"><span style=\"font-family:&quot;Arial&quot;,sans-serif\">16h50 &ndash; mesa redonda &ldquo;Qualidade dos geossint&eacute;ticos por diversos pontos de vista&rdquo;<\/span><\/span><\/span><\/p>\r\n\r\n<ul>\r\n\t<li class=\"MsoNoSpacing\" style=\"margin-left:102px; text-align:justify\"><span style=\"font-size:11pt\"><span style=\"font-family:Calibri,sans-serif\"><span style=\"font-family:&quot;Arial&quot;,sans-serif\">Vera Fernandes Hachich (Tesis)<\/span><\/span><\/span><\/li>\r\n\t<li class=\"MsoNoSpacing\" style=\"margin-left:102px; text-align:justify\"><span style=\"font-size:11pt\"><span style=\"font-family:Calibri,sans-serif\"><span style=\"font-family:&quot;Arial&quot;,sans-serif\">Vinicius Benjamin (Eng Consultoria)<\/span><\/span><\/span><\/li>\r\n\t<li class=\"MsoNoSpacing\" style=\"margin-left:102px; text-align:justify\"><span style=\"font-size:11pt\"><span style=\"font-family:Calibri,sans-serif\"><span style=\"font-family:&quot;Arial&quot;,sans-serif\">Fabricio Zambotto (Maccaferri)<\/span><\/span><\/span><\/li>\r\n\t<li class=\"MsoNoSpacing\" style=\"margin-left:102px; text-align:justify\"><span style=\"font-size:11pt\"><span style=\"font-family:Calibri,sans-serif\"><span style=\"font-family:&quot;Arial&quot;,sans-serif\">Silvio Palma (Ober Geossint&eacute;ticos)<\/span><\/span><\/span><\/li>\r\n\t<li class=\"MsoNoSpacing\" style=\"margin-left:102px; text-align:justify\"><span style=\"font-size:11pt\"><span style=\"font-family:Calibri,sans-serif\"><span style=\"font-family:&quot;Arial&quot;,sans-serif\">Hudson Oliveira (Veolia)<\/span><\/span><\/span><\/li>\r\n\t<li class=\"MsoNoSpacing\" style=\"margin-left:102px; text-align:justify\"><span style=\"font-size:11pt\"><span style=\"font-family:Calibri,sans-serif\"><span style=\"font-family:&quot;Arial&quot;,sans-serif\">Graziela Pessati da Silva (Veolia)<\/span><\/span><\/span><\/li>\r\n<\/ul>\r\n\r\n<p class=\"MsoNoSpacing\" style=\"text-align:justify\"><span style=\"font-size:11pt\"><span style=\"font-family:Calibri,sans-serif\"><b><span style=\"font-family:&quot;Arial&quot;,sans-serif\">Inscri&ccedil;&otilde;es:<\/span><\/b><\/span><\/span><\/p>\r\n\r\n<p class=\"MsoNoSpacing\" style=\"text-align:justify\"><span style=\"font-size:11pt\"><span style=\"font-family:Calibri,sans-serif\"><a href=\"https:\/\/forms.office.com\/pages\/responsepage.aspx?id=n9pNk1glrE6b5i8lS53621O-4jMsuCNBqhQBI597U0lUQVZUMlE2TkNVUFAzQ1I4S1hXMllTRU9SRC4u&amp;route=shorturl\" style=\"color:#0563c1; text-decoration:underline\"><span style=\"font-family:&quot;Arial&quot;,sans-serif\">https:\/\/forms.office.com\/pages\/responsepage.aspx?id=n9pNk1glrE6b5i8lS53621O-4jMsuCNBqhQBI597U0lUQVZUMlE2TkNVUFAzQ1I4S1hXMllTRU9SRC4u&amp;route=shorturl<\/span><\/a><\/span><\/span><\/p>\r\n\r\n<p class=\"MsoNoSpacing\" style=\"text-align:justify\"><span style=\"font-size:11pt\"><span style=\"font-family:Calibri,sans-serif\"><b><span style=\"font-family:&quot;Arial&quot;,sans-serif\">VAGAS LIMITADAS <\/span><\/b><\/span><\/span><\/p>\r\n\r\n<p class=\"MsoNoSpacing\" style=\"text-align:justify\">&nbsp;<\/p>\r\n\r\n<p class=\"MsoNoSpacing\" style=\"text-align:justify\"><span style=\"font-size:12pt\"><span style=\"background:white\"><span style=\"line-height:115%\"><span style=\"font-family:&quot;Times New Roman&quot;,serif\"><em><b><span style=\"font-size:10.0pt\"><span style=\"line-height:115%\"><span style=\"font-family:&quot;Verdana&quot;,sans-serif\"><span style=\"color:black\">Sobre o CTG-ABINT:<\/span><\/span><\/span><\/span><\/b><\/em><em><span style=\"font-size:10.0pt\"><span style=\"line-height:115%\"><span style=\"font-family:&quot;Verdana&quot;,sans-serif\"><span style=\"color:black\">&nbsp; composto por empresas fabricantes e distribuidoras de Geossint&eacute;ticos no Brasil e associadas &agrave; ABINT, o CTG-ABINT tem como objetivo divulgar as aplica&ccedil;&otilde;es dos Geossint&eacute;ticos em obras dos segmentos Ambiental, Agroneg&oacute;cio, Constru&ccedil;&atilde;o Civil, Infraestrutura, Minera&ccedil;&atilde;o, Transporte, entre outros, bem como difundir os conceitos de qualidade a serem observados por fabricantes e usu&aacute;rios, contribuindo para o desenvolvimento mercadol&oacute;gico de forma &eacute;tica e respons&aacute;vel. Para saber mais acesse www.geossinteticos.org.br<\/span><\/span><\/span><\/span><\/em><\/span><\/span><\/span><\/span><\/p>\r\n\r\n<p style=\"margin-top:16px; margin-bottom:13px; text-align:justify\"><span style=\"font-size:12pt\"><span style=\"background:white\"><span style=\"line-height:115%\"><span style=\"font-family:&quot;Times New Roman&quot;,serif\"><em><b><span style=\"font-size:10.0pt\"><span style=\"line-height:115%\"><span style=\"font-family:&quot;Verdana&quot;,sans-serif\"><span style=\"color:black\">Sobre a ABINT:<\/span><\/span><\/span><\/span><\/b><\/em><em><span style=\"font-size:10.0pt\"><span style=\"line-height:115%\"><span style=\"font-family:&quot;Verdana&quot;,sans-serif\"><span style=\"color:black\">&nbsp;Fundada em 1991, a <a name=\"_Hlk189124267\">Associa&ccedil;&atilde;o Brasileira das Ind&uacute;strias de N&atilde;otecidos e Tecidos T&eacute;cnicos<\/a> tem como objetivo representar, difundir e defender os interesses da ind&uacute;stria brasileira de N&atilde;otecidos e Tecidos T&eacute;cnicos, promovendo e apoiando o seu desenvolvimento e o crescimento do mercado de aplica&ccedil;&otilde;es desses produtos, que s&atilde;o fundamentais a diversos e importantes setores da economia do pa&iacute;s. Para saber mais acesse&nbsp;<\/span><\/span><\/span><\/span><\/em><span style=\"color:black\"><a href=\"http:\/\/www.abint.org.br\/\" style=\"color:#0563c1; text-decoration:underline\"><em><span style=\"font-size:10.0pt\"><span style=\"line-height:115%\"><span style=\"font-family:&quot;Verdana&quot;,sans-serif\"><span style=\"color:black\"><span style=\"text-decoration:none\"><span style=\"text-underline:none\">www.abint.org.br<\/span><\/span><\/span><\/span><\/span><\/span><\/em><\/a><\/span><\/span><\/span><\/span><\/span><\/p>\r\n\r\n<p style=\"margin-top:16px; margin-bottom:13px; text-align:justify\"><span style=\"font-size:12pt\"><span style=\"background:white\"><span style=\"line-height:115%\"><span style=\"font-family:&quot;Times New Roman&quot;,serif\"><em><b><span style=\"font-size:10.0pt\"><span style=\"line-height:115%\"><span style=\"font-family:&quot;Verdana&quot;,sans-serif\"><span style=\"color:black\">Sobre a IGS Brasil: <\/span><\/span><\/span><\/span><\/b><\/em><em><span style=\"font-size:10.0pt\"><span style=\"line-height:115%\"><span style=\"font-family:&quot;Verdana&quot;,sans-serif\"><span style=\"color:black\">Criada em 1997, como um dos Chapters da International Geosynthetic Society, a IGS Brasil re&uacute;ne mais de 200 membros individuais e corporativos que est&atilde;o envolvidos em projetos, fabrica&ccedil;&atilde;o, vendas, uso ou ensaio de geot&ecirc;xteis, geomembranas, produtos correlatos e tecnologias associadas, ou que ensinam ou desenvolvem pesquisas sobre tais produtos. Para saber mais acesse&nbsp;<\/span><\/span><\/span><\/span><\/em><span style=\"color:black\"><a href=\"http:\/\/www.igsbrasil.org.br\" style=\"color:#0563c1; text-decoration:underline\"><em><span style=\"font-size:10.0pt\"><span style=\"line-height:115%\"><span style=\"font-family:&quot;Verdana&quot;,sans-serif\"><span style=\"color:black\"><span style=\"text-decoration:none\"><span style=\"text-underline:none\">www.igsbrasil.org.br<\/span><\/span><\/span><\/span><\/span><\/span><\/em><\/a><\/span><\/span><\/span><\/span><\/span><\/p>\r\n\r\n<p style=\"margin-top:16px; margin-bottom:13px; text-align:justify\"><span style=\"font-size:12pt\"><span style=\"background:white\"><span style=\"line-height:115%\"><span style=\"font-family:&quot;Times New Roman&quot;,serif\"><em><b><span style=\"font-size:8.0pt\"><span style=\"line-height:115%\"><span style=\"font-family:&quot;Verdana&quot;,sans-serif\"><span style=\"color:#002060\">Informa&ccedil;&otilde;es &agrave; Imprensa<\/span><\/span><\/span><\/span><\/b><\/em><\/span><\/span><\/span><\/span><\/p>\r\n\r\n<p style=\"text-align:justify\"><span style=\"font-size:12pt\"><span style=\"background:white\"><span style=\"line-height:115%\"><span style=\"font-family:&quot;Times New Roman&quot;,serif\"><em><b><span style=\"font-size:8.0pt\"><span style=\"line-height:115%\"><span style=\"font-family:&quot;Verdana&quot;,sans-serif\"><span style=\"color:#002060\">Assessoria de Comunica&ccedil;&atilde;o ABINT<\/span><\/span><\/span><\/span><\/b><\/em><\/span><\/span><\/span><\/span><\/p>\r\n\r\n<p style=\"text-align:justify\"><span style=\"font-size:12pt\"><span style=\"background:white\"><span style=\"line-height:115%\"><span style=\"font-family:&quot;Times New Roman&quot;,serif\"><em><b><span style=\"font-size:8.0pt\"><span style=\"line-height:115%\"><span style=\"font-family:&quot;Verdana&quot;,sans-serif\"><span style=\"color:#002060\">Roberta Provatti <\/span><\/span><\/span><\/span><\/b><\/em><\/span><\/span><\/span><\/span><\/p>\r\n\r\n<p style=\"text-align:justify\"><span style=\"font-size:12pt\"><span style=\"background:white\"><span style=\"line-height:115%\"><span style=\"font-family:&quot;Times New Roman&quot;,serif\"><em><b><span style=\"font-size:8.0pt\"><span style=\"line-height:115%\"><span style=\"font-family:&quot;Verdana&quot;,sans-serif\"><span style=\"color:#002060\">(11) 99652-4661<\/span><\/span><\/span><\/span><\/b><\/em><\/span><\/span><\/span><\/span><\/p>\r\n\r\n<p><em><b><span style=\"font-size:8.0pt\"><span style=\"line-height:107%\"><span style=\"font-family:&quot;Verdana&quot;,sans-serif\"><span style=\"color:#002060\">provattijornalista@gmail.com<\/span><\/span><\/span><\/span><\/b><\/em><\/p>\r\n","texto_en":"","7":"","imagem":"COMP_capa-2025-site-comunicacao_20251020183255qx5Z4d0D0k.jpg","8":"COMP_capa-2025-site-comunicacao_20251020183255qx5Z4d0D0k.jpg","arquivo":"20250909-WORKSHOP-CTG-ABINT-ATERROS-SANITARIOS-VFINAL.PDF","9":"20250909-WORKSHOP-CTG-ABINT-ATERROS-SANITARIOS-VFINAL.PDF","titulo_arquivo":"20250909 Workshop CTG ABINT Aterros Sanit\u00e1rios","10":"20250909 Workshop CTG ABINT Aterros Sanit\u00e1rios","titulo_arquivo_en":"","11":"","created_at":"2025-10-20 18:33:02","12":"2025-10-20 18:33:02","updated_at":"2025-10-20 18:33:02","13":"2025-10-20 18:33:02"},{"id":192,"0":192,"ordem":30,"1":30,"data":"2025-09-09","2":"2025-09-09","slug":"boletim-abint-de-noticias-semanais-94","3":"boletim-abint-de-noticias-semanais-94","titulo":"Boletim ABINT de Not\u00edcias Semanais","4":"Boletim ABINT de Not\u00edcias Semanais","titulo_en":"","5":"","texto":"<p style=\"text-align:justify\"><span style=\"font-size:11pt\"><span style=\"line-height:normal\"><span style=\"font-family:Calibri,sans-serif\"><span style=\"font-size:14.0pt\">Esta &eacute; uma compila&ccedil;&atilde;o das not&iacute;cias mais relevantes para o setor, incluindo informa&ccedil;&otilde;es sobre acordos internacionais, economia brasileira, sustentabilidade e mat&eacute;rias primas, al&eacute;m de novidades do setor de N&atilde;otecidos e Tecidos T&eacute;cnicos.<\/span><\/span><\/span><\/span><\/p>\r\n\r\n<p style=\"text-align:justify\"><span style=\"font-size:28pt\"><span style=\"font-family:Cambria,serif\"><span style=\"letter-spacing:-0.5pt\"><b><span style=\"font-size:18.0pt\"><span style=\"font-family:&quot;Calibri&quot;,sans-serif\"><span style=\"font-variant:small-caps\">O que vem por a&iacute;<\/span><\/span><\/span><\/b><\/span><\/span><\/span><\/p>\r\n\r\n<p class=\"MsoTitle\" style=\"text-align:justify; margin-bottom:20px\"><span style=\"font-size:18px\"><span style=\"box-sizing:border-box\"><span style=\"line-height:1.5\"><span style=\"color:#313f48\"><span style=\"font-family:&quot;Roboto Condensed&quot;, Helvetica, Arial, sans-serif\"><span style=\"font-style:normal\"><span style=\"font-variant-ligatures:normal\"><span style=\"font-weight:400\"><span style=\"white-space:normal\"><span style=\"background-color:#ffffff\"><span style=\"text-decoration-thickness:initial\"><span style=\"text-decoration-style:initial\"><span style=\"text-decoration-color:initial\"><span style=\"font-size:18px\"><span style=\"box-sizing:border-box\"><span style=\"box-sizing:border-box\"><span style=\"box-sizing:border-box\"><span style=\"line-height:1.5\"><span style=\"box-sizing:border-box\"><span style=\"color:#313f48\"><span style=\"box-sizing:border-box\"><span style=\"font-family:&quot;Roboto Condensed&quot;, Helvetica, Arial, sans-serif\"><span style=\"box-sizing:border-box\"><span style=\"font-style:normal\"><span style=\"box-sizing:border-box\"><span style=\"font-variant-ligatures:normal\"><span style=\"box-sizing:border-box\"><span style=\"font-weight:400\"><span style=\"box-sizing:border-box\"><span style=\"white-space:normal\"><span style=\"box-sizing:border-box\"><span style=\"background-color:#ffffff\"><span style=\"box-sizing:border-box\"><span style=\"text-decoration-thickness:initial\"><span style=\"box-sizing:border-box\"><span style=\"text-decoration-style:initial\"><span style=\"box-sizing:border-box\"><span style=\"text-decoration-color:initial\"><span style=\"font-size:28pt\"><span style=\"box-sizing:border-box\"><span style=\"box-sizing:border-box\"><span style=\"box-sizing:border-box\"><span style=\"box-sizing:border-box\"><span style=\"font-family:Cambria, serif\"><span style=\"box-sizing:border-box\"><span style=\"box-sizing:border-box\"><span style=\"letter-spacing:-0.5pt\"><b style=\"box-sizing:border-box; font-weight:bolder\"><span style=\"font-size:18pt\"><span style=\"box-sizing:border-box\"><span style=\"box-sizing:border-box\"><span style=\"box-sizing:border-box\"><span style=\"box-sizing:border-box\"><span style=\"font-family:Calibri, sans-serif\"><span style=\"box-sizing:border-box\"><span style=\"box-sizing:border-box\"><span style=\"font-variant:small-caps\"><img src=\"https:\/\/www.abint.org.br\/assets\/img\/editor\/20250916-workshop-ctg-aterro_20250826141413jESvhNLKlO.jpg\" style=\"box-sizing:border-box; border-style:none; width:500px; height:625px\" \/><\/span><\/span><\/span><\/span><\/span><\/span><\/span><\/span><\/span><\/b><\/span><\/span><\/span><\/span><\/span><\/span><\/span><\/span><\/span><\/span><\/span><\/span><\/span><\/span><\/span><\/span><\/span><\/span><\/span><\/span><\/span><\/span><\/span><\/span><\/span><\/span><\/span><\/span><\/span><\/span><\/span><\/span><\/span><\/span><\/span><\/span><\/span><\/span><\/span><\/span><\/span><\/span><\/span><\/span><\/span><\/span><\/span><\/p>\r\n\r\n<p class=\"MsoTitle\" style=\"text-align:justify; margin-bottom:20px\"><span style=\"font-size:18px\"><span style=\"box-sizing:border-box\"><span style=\"line-height:1.5\"><span style=\"color:#313f48\"><span style=\"font-family:&quot;Roboto Condensed&quot;, Helvetica, Arial, sans-serif\"><span style=\"font-style:normal\"><span style=\"font-variant-ligatures:normal\"><span style=\"font-weight:400\"><span style=\"white-space:normal\"><span style=\"background-color:#ffffff\"><span style=\"text-decoration-thickness:initial\"><span style=\"text-decoration-style:initial\"><span style=\"text-decoration-color:initial\"><span style=\"font-size:18px\"><span style=\"box-sizing:border-box\"><span style=\"box-sizing:border-box\"><span style=\"box-sizing:border-box\"><span style=\"line-height:1.5\"><span style=\"box-sizing:border-box\"><span style=\"color:#313f48\"><span style=\"box-sizing:border-box\"><span style=\"font-family:&quot;Roboto Condensed&quot;, Helvetica, Arial, sans-serif\"><span style=\"box-sizing:border-box\"><span style=\"font-style:normal\"><span style=\"box-sizing:border-box\"><span style=\"font-variant-ligatures:normal\"><span style=\"box-sizing:border-box\"><span style=\"font-weight:400\"><span style=\"box-sizing:border-box\"><span style=\"white-space:normal\"><span style=\"box-sizing:border-box\"><span style=\"background-color:#ffffff\"><span style=\"box-sizing:border-box\"><span style=\"text-decoration-thickness:initial\"><span style=\"box-sizing:border-box\"><span style=\"text-decoration-style:initial\"><span style=\"box-sizing:border-box\"><span style=\"text-decoration-color:initial\"><span style=\"font-size:11pt\"><span style=\"box-sizing:border-box\"><span style=\"box-sizing:border-box\"><span style=\"box-sizing:border-box\"><span style=\"box-sizing:border-box\"><span style=\"line-height:normal\"><span style=\"box-sizing:border-box\"><span style=\"box-sizing:border-box\"><span style=\"font-family:Calibri, sans-serif\"><a href=\"https:\/\/forms.office.com\/pages\/responsepage.aspx?id=n9pNk1glrE6b5i8lS53621O-4jMsuCNBqhQBI597U0lUQVZUMlE2TkNVUFAzQ1I4S1hXMllTRU9SRC4u&amp;route=shorturl\" style=\"box-sizing:border-box; text-decoration:underline; color:blue; transition:color 0.3s\"><b style=\"box-sizing:border-box; font-weight:bolder\"><span style=\"font-size:14pt\"><span style=\"box-sizing:border-box\"><span style=\"box-sizing:border-box\">Acesse aqui para fazer sua inscri&ccedil;&atilde;o<\/span><\/span><\/span><\/b><\/a><\/span><\/span><\/span><\/span><\/span><\/span><\/span><\/span><\/span><\/span><\/span><\/span><\/span><\/span><\/span><\/span><\/span><\/span><\/span><\/span><\/span><\/span><\/span><\/span><\/span><\/span><\/span><\/span><\/span><\/span><\/span><\/span><\/span><\/span><\/span><\/span><\/span><\/span><\/span><\/span><\/span><\/span><\/span><\/span><\/span><\/span><\/span><\/p>\r\n\r\n<p style=\"text-align:justify; margin-bottom:20px\"><span style=\"font-size:18px\"><span style=\"box-sizing:border-box\"><span style=\"line-height:1.5\"><span style=\"color:#313f48\"><span style=\"font-family:&quot;Roboto Condensed&quot;, Helvetica, Arial, sans-serif\"><span style=\"font-style:normal\"><span style=\"font-variant-ligatures:normal\"><span style=\"font-weight:400\"><span style=\"white-space:normal\"><span style=\"background-color:#ffffff\"><span style=\"text-decoration-thickness:initial\"><span style=\"text-decoration-style:initial\"><span style=\"text-decoration-color:initial\">&nbsp;<\/span><\/span><\/span><\/span><\/span><\/span><\/span><\/span><\/span><\/span><\/span><\/span><\/span><\/p>\r\n\r\n<p style=\"text-align:start; margin-bottom:20px\"><span style=\"font-size:18px\"><span style=\"box-sizing:border-box\"><span style=\"line-height:1.5\"><span style=\"color:#313f48\"><span style=\"font-family:&quot;Roboto Condensed&quot;, Helvetica, Arial, sans-serif\"><span style=\"font-style:normal\"><span style=\"font-variant-ligatures:normal\"><span style=\"font-weight:400\"><span style=\"white-space:normal\"><span style=\"background-color:#ffffff\"><span style=\"text-decoration-thickness:initial\"><span style=\"text-decoration-style:initial\"><span style=\"text-decoration-color:initial\"><span style=\"font-size:18px\"><span style=\"box-sizing:border-box\"><span style=\"box-sizing:border-box\"><span style=\"box-sizing:border-box\"><span style=\"line-height:1.5\"><span style=\"box-sizing:border-box\"><span style=\"color:#313f48\"><span style=\"box-sizing:border-box\"><span style=\"font-family:&quot;Roboto Condensed&quot;, Helvetica, Arial, sans-serif\"><span style=\"box-sizing:border-box\"><span style=\"font-style:normal\"><span style=\"box-sizing:border-box\"><span style=\"font-variant-ligatures:normal\"><span style=\"box-sizing:border-box\"><span style=\"font-weight:400\"><span style=\"box-sizing:border-box\"><span style=\"white-space:normal\"><span style=\"box-sizing:border-box\"><span style=\"background-color:#ffffff\"><span style=\"box-sizing:border-box\"><span style=\"text-decoration-thickness:initial\"><span style=\"box-sizing:border-box\"><span style=\"text-decoration-style:initial\"><span style=\"box-sizing:border-box\"><span style=\"text-decoration-color:initial\"><b style=\"box-sizing:border-box; font-weight:bolder\"><img src=\"https:\/\/www.abint.org.br\/assets\/img\/editor\/2o-seminario-abrafiltros-abint-apoiador_2025072217401523mrTUXRqU.png\" style=\"box-sizing:border-box; border-style:none; width:500px; height:500px\" \/><\/b><\/span><\/span><\/span><\/span><\/span><\/span><\/span><\/span><\/span><\/span><\/span><\/span><\/span><\/span><\/span><\/span><\/span><\/span><\/span><\/span><\/span><\/span><\/span><\/span><\/span><\/span><\/span><\/span><\/span><\/span><\/span><\/span><\/span><\/span><\/span><\/span><\/span><\/span><\/p>\r\n\r\n<p style=\"text-align:start; margin-bottom:20px\"><span style=\"font-size:18px\"><span style=\"box-sizing:border-box\"><span style=\"line-height:1.5\"><span style=\"color:#313f48\"><span style=\"font-family:&quot;Roboto Condensed&quot;, Helvetica, Arial, sans-serif\"><span style=\"font-style:normal\"><span style=\"font-variant-ligatures:normal\"><span style=\"font-weight:400\"><span style=\"white-space:normal\"><span style=\"background-color:#ffffff\"><span style=\"text-decoration-thickness:initial\"><span style=\"text-decoration-style:initial\"><span style=\"text-decoration-color:initial\"><span style=\"font-size:18px\"><span style=\"box-sizing:border-box\"><span style=\"box-sizing:border-box\"><span style=\"box-sizing:border-box\"><span style=\"line-height:1.5\"><span style=\"box-sizing:border-box\"><span style=\"color:#313f48\"><span style=\"box-sizing:border-box\"><span style=\"font-family:&quot;Roboto Condensed&quot;, Helvetica, Arial, sans-serif\"><span style=\"box-sizing:border-box\"><span style=\"font-style:normal\"><span style=\"box-sizing:border-box\"><span style=\"font-variant-ligatures:normal\"><span style=\"box-sizing:border-box\"><span style=\"font-weight:400\"><span style=\"box-sizing:border-box\"><span style=\"white-space:normal\"><span style=\"box-sizing:border-box\"><span style=\"background-color:#ffffff\"><span style=\"box-sizing:border-box\"><span style=\"text-decoration-thickness:initial\"><span style=\"box-sizing:border-box\"><span style=\"text-decoration-style:initial\"><span style=\"box-sizing:border-box\"><span style=\"text-decoration-color:initial\"><span style=\"font-size:11pt\"><span style=\"box-sizing:border-box\"><span style=\"box-sizing:border-box\"><span style=\"box-sizing:border-box\"><span style=\"box-sizing:border-box\"><span style=\"line-height:normal\"><span style=\"box-sizing:border-box\"><span style=\"box-sizing:border-box\"><span style=\"font-family:Calibri, sans-serif\"><a href=\"https:\/\/doity.com.br\/3-seminario-brasileiro-de-filtros\" style=\"box-sizing:border-box; text-decoration:underline; color:blue; transition:color 0.3s\"><b style=\"box-sizing:border-box; font-weight:bolder\"><span style=\"font-size:14pt\"><span style=\"box-sizing:border-box\"><span style=\"box-sizing:border-box\">Acesse aqui mais informa&ccedil;&otilde;es<\/span><\/span><\/span><\/b><\/a><\/span><\/span><\/span><\/span><\/span><\/span><\/span><\/span><\/span><\/span><\/span><\/span><\/span><\/span><\/span><\/span><\/span><\/span><\/span><\/span><\/span><\/span><\/span><\/span><\/span><\/span><\/span><\/span><\/span><\/span><\/span><\/span><\/span><\/span><\/span><\/span><\/span><\/span><\/span><\/span><\/span><\/span><\/span><\/span><\/span><\/span><\/span><\/p>\r\n\r\n<p style=\"text-align:start; margin-bottom:20px\"><span style=\"font-size:18px\"><span style=\"box-sizing:border-box\"><span style=\"line-height:1.5\"><span style=\"color:#313f48\"><span style=\"font-family:&quot;Roboto Condensed&quot;, Helvetica, Arial, sans-serif\"><span style=\"font-style:normal\"><span style=\"font-variant-ligatures:normal\"><span style=\"font-weight:400\"><span style=\"white-space:normal\"><span style=\"background-color:#ffffff\"><span style=\"text-decoration-thickness:initial\"><span style=\"text-decoration-style:initial\"><span style=\"text-decoration-color:initial\">&nbsp;<\/span><\/span><\/span><\/span><\/span><\/span><\/span><\/span><\/span><\/span><\/span><\/span><\/span><\/p>\r\n\r\n<p style=\"text-align:start; margin-bottom:20px\"><span style=\"font-size:18px\"><span style=\"box-sizing:border-box\"><span style=\"line-height:1.5\"><span style=\"color:#313f48\"><span style=\"font-family:&quot;Roboto Condensed&quot;, Helvetica, Arial, sans-serif\"><span style=\"font-style:normal\"><span style=\"font-variant-ligatures:normal\"><span style=\"font-weight:400\"><span style=\"white-space:normal\"><span style=\"background-color:#ffffff\"><span style=\"text-decoration-thickness:initial\"><span style=\"text-decoration-style:initial\"><span style=\"text-decoration-color:initial\"><span style=\"font-size:18px\"><span style=\"box-sizing:border-box\"><span style=\"box-sizing:border-box\"><span style=\"box-sizing:border-box\"><span style=\"line-height:1.5\"><span style=\"box-sizing:border-box\"><span style=\"color:#313f48\"><span style=\"box-sizing:border-box\"><span style=\"font-family:&quot;Roboto Condensed&quot;, Helvetica, Arial, sans-serif\"><span style=\"box-sizing:border-box\"><span style=\"font-style:normal\"><span style=\"box-sizing:border-box\"><span style=\"font-variant-ligatures:normal\"><span style=\"box-sizing:border-box\"><span style=\"font-weight:400\"><span style=\"box-sizing:border-box\"><span style=\"white-space:normal\"><span style=\"box-sizing:border-box\"><span style=\"background-color:#ffffff\"><span style=\"box-sizing:border-box\"><span style=\"text-decoration-thickness:initial\"><span style=\"box-sizing:border-box\"><span style=\"text-decoration-style:initial\"><span style=\"box-sizing:border-box\"><span style=\"text-decoration-color:initial\"><img src=\"https:\/\/www.abint.org.br\/assets\/img\/editor\/congresso-internacional-abit-2025_20250722174119edr5xq8iJH.png\" style=\"box-sizing:border-box; border-style:none; max-width:100%; width:700px; height:256px; object-fit:contain\" \/><\/span><\/span><\/span><\/span><\/span><\/span><\/span><\/span><\/span><\/span><\/span><\/span><\/span><\/span><\/span><\/span><\/span><\/span><\/span><\/span><\/span><\/span><\/span><\/span><\/span><\/span><\/span><\/span><\/span><\/span><\/span><\/span><\/span><\/span><\/span><\/span><\/span><\/span><\/p>\r\n\r\n<p style=\"text-align:start; margin-bottom:20px\"><span style=\"font-size:18px\"><span style=\"box-sizing:border-box\"><span style=\"line-height:1.5\"><span style=\"color:#313f48\"><span style=\"font-family:&quot;Roboto Condensed&quot;, Helvetica, Arial, sans-serif\"><span style=\"font-style:normal\"><span style=\"font-variant-ligatures:normal\"><span style=\"font-weight:400\"><span style=\"white-space:normal\"><span style=\"background-color:#ffffff\"><span style=\"text-decoration-thickness:initial\"><span style=\"text-decoration-style:initial\"><span style=\"text-decoration-color:initial\"><span style=\"font-size:18px\"><span style=\"box-sizing:border-box\"><span style=\"box-sizing:border-box\"><span style=\"box-sizing:border-box\"><span style=\"line-height:1.5\"><span style=\"box-sizing:border-box\"><span style=\"color:#313f48\"><span style=\"box-sizing:border-box\"><span style=\"font-family:&quot;Roboto Condensed&quot;, Helvetica, Arial, sans-serif\"><span style=\"box-sizing:border-box\"><span style=\"font-style:normal\"><span style=\"box-sizing:border-box\"><span style=\"font-variant-ligatures:normal\"><span style=\"box-sizing:border-box\"><span style=\"font-weight:400\"><span style=\"box-sizing:border-box\"><span style=\"white-space:normal\"><span style=\"box-sizing:border-box\"><span style=\"background-color:#ffffff\"><span style=\"box-sizing:border-box\"><span style=\"text-decoration-thickness:initial\"><span style=\"box-sizing:border-box\"><span style=\"text-decoration-style:initial\"><span style=\"box-sizing:border-box\"><span style=\"text-decoration-color:initial\"><span style=\"font-size:11pt\"><span style=\"box-sizing:border-box\"><span style=\"box-sizing:border-box\"><span style=\"box-sizing:border-box\"><span style=\"box-sizing:border-box\"><span style=\"line-height:normal\"><span style=\"box-sizing:border-box\"><span style=\"box-sizing:border-box\"><span style=\"font-family:Calibri, sans-serif\"><a href=\"https:\/\/www.congressoabit.com.br\/\" style=\"box-sizing:border-box; text-decoration:underline; color:blue; transition:color 0.3s\"><b style=\"box-sizing:border-box; font-weight:bolder\"><span style=\"font-size:14pt\"><span style=\"box-sizing:border-box\"><span style=\"box-sizing:border-box\">Acesse aqui mais informa&ccedil;&otilde;es<\/span><\/span><\/span><\/b><\/a><\/span><\/span><\/span><\/span><\/span><\/span><\/span><\/span><\/span><\/span><\/span><\/span><\/span><\/span><\/span><\/span><\/span><\/span><\/span><\/span><\/span><\/span><\/span><\/span><\/span><\/span><\/span><\/span><\/span><\/span><\/span><\/span><\/span><\/span><\/span><\/span><\/span><\/span><\/span><\/span><\/span><\/span><\/span><\/span><\/span><\/span><\/span><\/p>\r\n\r\n<p style=\"text-align:start; margin-bottom:20px\">&nbsp;<\/p>\r\n\r\n<p class=\"MsoTitle\" style=\"text-align:justify\"><span style=\"font-size:28pt\"><span style=\"font-family:Cambria,serif\"><span style=\"letter-spacing:-0.5pt\"><b><span style=\"font-size:18.0pt\"><span style=\"font-family:&quot;Calibri&quot;,sans-serif\"><span style=\"font-variant:small-caps\">Not&iacute;cias das Associadas<\/span><\/span><\/span><\/b><\/span><\/span><\/span><\/p>\r\n\r\n<p style=\"text-align:justify\"><span style=\"font-size:11pt\"><span style=\"line-height:normal\"><span style=\"font-family:Calibri,sans-serif\"><a href=\"https:\/\/saneamentobasico.com.br\/residuos-solidos\/geossinteticos-aterros-sanitarios-evento-presencial\/\" style=\"color:blue; text-decoration:underline\"><span style=\"font-size:14.0pt\">Qualidade de geossint&eacute;ticos em aterros sanit&aacute;rios ser&aacute; tema de evento presencial do CTG ABINT e IGS BRASIL<\/span><\/a> <\/span><\/span><\/span><\/p>\r\n\r\n<p style=\"text-align:justify\"><span style=\"font-size:11pt\"><span style=\"line-height:normal\"><span style=\"font-family:Calibri,sans-serif\"><a href=\"https:\/\/www.abctecnologias.com.br\/historias-de-sucesso\/o-futuro-das-pecas-plasticas-no-mercado-de-reparo-automotivo\/?utm_source=ABC+Tecnologias&amp;utm_campaign=da0d4a3db9-CAMPANHA_RSS_POSTS_SITE&amp;utm_medium=email&amp;utm_term=0_01821b5e7f-da0d4a3db9-468976694\" style=\"color:blue; text-decoration:underline\"><span style=\"font-size:14.0pt\">ABC Tecnologias | O Futuro das Pe&ccedil;as Pl&aacute;sticas no Mercado de Reparo Automotivo<\/span><\/a><\/span><\/span><\/span><\/p>\r\n\r\n<p style=\"text-align:justify\"><span style=\"font-size:11pt\"><span style=\"line-height:normal\"><span style=\"font-family:Calibri,sans-serif\"><a href=\"https:\/\/textile-network.com\/en\/Business\/Freudenberg-to-exhibit-for-the-first-time\" style=\"color:blue; text-decoration:underline\"><span lang=\"EN-US\" style=\"font-size:14.0pt\">Freudenberg to exhibit for the first time<\/span><\/a><\/span><\/span><\/span><\/p>\r\n\r\n<p style=\"text-align:justify\"><span style=\"font-size:11pt\"><span style=\"line-height:normal\"><span style=\"font-family:Calibri,sans-serif\"><a href=\"https:\/\/www.nonwovens-industry.com\/contents\/view_breaking-news\/2025-09-04\/freudenberg-performance-materials-331131\/15303\" style=\"color:blue; text-decoration:underline\"><span lang=\"EN-US\" style=\"font-size:14.0pt\">Freudenberg Performance Materials Releases Sustainability Report<\/span><\/a><\/span><\/span><\/span><\/p>\r\n\r\n<p style=\"text-align:justify\"><span style=\"font-size:11pt\"><span style=\"line-height:normal\"><span style=\"font-family:Calibri,sans-serif\"><a href=\"https:\/\/www.nonwovens-industry.com\/contents\/view_breaking-news\/2025-09-05\/indorama-ventures-to-participate-in-dornbirn-global-fiber-congress\/15303\" style=\"color:blue; text-decoration:underline\"><span style=\"font-size:14.0pt\">Indorama Ventures to Participate in Dornbirn Global Fiber Congress<\/span><\/a><\/span><\/span><\/span><\/p>\r\n\r\n<p style=\"text-align:justify\"><span style=\"font-size:11pt\"><span style=\"line-height:normal\"><span style=\"font-family:Calibri,sans-serif\"><a href=\"https:\/\/www.noticiasagricolas.com.br\/noticias\/agronegocio\/407025-adufertil-ampliara-portfolio-de-fertilizantes-liquidos-com-proposta-de-aquisicao-da-fass-agro.html\" style=\"color:blue; text-decoration:underline\"><span style=\"font-size:14.0pt\">Empresa do grupo Indorama, Aduf&eacute;rtil ampliar&aacute; portf&oacute;lio de fertilizantes l&iacute;quidos com proposta de aquisi&ccedil;&atilde;o da Fass Agro<\/span><\/a><\/span><\/span><\/span><\/p>\r\n\r\n<p style=\"text-align:justify\"><span style=\"font-size:11pt\"><span style=\"line-height:normal\"><span style=\"font-family:Calibri,sans-serif\"><a href=\"https:\/\/www.ecotextile.com\/2025090459530\/news\/materials-production-news\/trutzschler-hits-textile-recycling-milestone\/\" style=\"color:blue; text-decoration:underline\"><span lang=\"EN-US\" style=\"font-size:14.0pt\">Tr&uuml;tzschler hits textile recycling milestone<\/span><\/a><\/span><\/span><\/span><\/p>\r\n\r\n<p style=\"text-align:justify\">&nbsp;<\/p>\r\n\r\n<p style=\"text-align:justify\"><span style=\"font-size:11pt\"><span style=\"line-height:normal\"><span style=\"font-family:Calibri,sans-serif\"><b><span lang=\"EN-US\" style=\"font-size:18.0pt\"><span style=\"font-variant:small-caps\">Eventos<\/span><\/span><\/b><\/span><\/span><\/span><\/p>\r\n\r\n<p style=\"text-align:justify\"><span style=\"font-size:11pt\"><span style=\"line-height:normal\"><span style=\"font-family:Calibri,sans-serif\"><a href=\"https:\/\/app.rdstation.email\/mail\/af66e200-91d9-49b3-87b0-e83269992dad?utm_medium=email&amp;utm_campaign=emkt_curso_classificacao_fiscal&amp;utm_source=RD+Station\" style=\"color:blue; text-decoration:underline\"><b><span style=\"font-size:14.0pt\">Curso de Classifica&ccedil;&atilde;o Fiscal para Produtos T&ecirc;xteis e Confeccionados<\/span><\/b><\/a><span style=\"font-size:14.0pt\">, 10 de setembro de 2025, 09h &agrave;s 12h, evento virtual<\/span><\/span><\/span><\/span><\/p>\r\n\r\n<p style=\"text-align:justify\"><span style=\"font-size:11pt\"><span style=\"line-height:normal\"><span style=\"font-family:Calibri,sans-serif\"><a href=\"https:\/\/www.conbrava.com.br\/\" style=\"color:blue; text-decoration:underline\"><b><span style=\"font-size:14.0pt\">CONBRAVA 2025<\/span><\/b><\/a><span style=\"font-size:14.0pt\">, 10 a 12 de setembro de 2025, S&atilde;o Paulo Expo, Rodovia dos Imigrantes, km 1,5<\/span><\/span><\/span><\/span><\/p>\r\n\r\n<p style=\"text-align:justify\"><span style=\"font-size:11pt\"><span style=\"line-height:normal\"><span style=\"font-family:Calibri,sans-serif\"><a href=\"https:\/\/assets-sam.mkt.dynamics.com\/571e75e0-1124-4795-aa34-91e4e6216e7b\/digitalassets\/standaloneforms\/5578c442-3187-f011-b4cc-000d3a893b92#msdynmkt_trackingcontext=1037a8b6-8652-48e2-b311-7a048f4a0300&amp;msdynmkt_prefill=mktprffe8fe8a821f545498d6593c9729d5a24eoprf\" style=\"color:blue; text-decoration:underline\"><b><span style=\"font-size:14.0pt\">CNI | Finan&ccedil;as Sustent&aacute;veis: impulsionando o futuro do setor produtivo<\/span><\/b><\/a><span style=\"font-size:14.0pt\">, 11 de setembro de 2025, 09h &agrave;s 13h, rua Surubim, 504, 9&ordm; andar, Brooklin Novo, S&atilde;o Paulo, SP, evento presencial<\/span><\/span><\/span><\/span><\/p>\r\n\r\n<p style=\"text-align:justify\"><span style=\"font-size:11pt\"><span style=\"line-height:normal\"><span style=\"font-family:Calibri,sans-serif\"><a href=\"https:\/\/luma.com\/0dxho6gs#msdynmkt_trackingcontext=6939027e-27cf-4e7b-8308-810921580300\" style=\"color:blue; text-decoration:underline\"><b><span style=\"font-size:14.0pt\">CNI | Invest RS, Fiergs e CNI: Ind&uacute;stria, Energia e Futuro<\/span><\/b><\/a><span style=\"font-size:14.0pt\">, 12 de setembro de 2025, 8h30 &agrave;s 12h00, rua Surubim, 504, 9&ordm; andar, Brooklin Novo, S&atilde;o Paulo, SP, evento presencial<\/span><\/span><\/span><\/span><\/p>\r\n\r\n<p style=\"text-align:justify\"><span style=\"font-size:11pt\"><span style=\"line-height:normal\"><span style=\"font-family:Calibri,sans-serif\"><a href=\"https:\/\/evento.fgv.br\/seminarioanaliseconjuntural1709\/\" style=\"color:blue; text-decoration:underline\"><b><span style=\"font-size:14.0pt\">FGV IBRE | III Semin&aacute;rio de An&aacute;lise Conjuntural<\/span><\/b><\/a><span style=\"font-size:14.0pt\">, 17 de setembro de 2025, 10h &agrave;s 11h30, Transmiss&atilde;o Youtube FGV<\/span><\/span><\/span><\/span><\/p>\r\n\r\n<p style=\"text-align:justify\"><span style=\"font-size:11pt\"><span style=\"line-height:normal\"><span style=\"font-family:Calibri,sans-serif\"><a href=\"https:\/\/plasticosemrevista.com.br\/competitividade-2025\/\" style=\"color:blue; text-decoration:underline\"><b><span style=\"font-size:14.0pt\">Semin&aacute;rio Competitividade | 15&ordf; edi&ccedil;&atilde;o | Transforma&ccedil;&atilde;o - Mercado e Ind&uacute;stria Redesenhados pela Guerra Comercial e Intelig&ecirc;ncia Artificial<\/span><\/b><\/a><span style=\"font-size:14.0pt\">, 18&middot;de setembro de 2025, Hotel Meli&aacute;, Av. Paulista, 2181, SP<\/span><\/span><\/span><\/span><\/p>\r\n\r\n<p style=\"text-align:justify\"><span style=\"font-size:11pt\"><span style=\"line-height:normal\"><span style=\"font-family:Calibri,sans-serif\"><a href=\"https:\/\/abemi.org.br\/eventos\/1ajornada-abemi\/\" style=\"color:blue; text-decoration:underline\"><b><span style=\"font-size:14.0pt\">I Jornada ABEMI de Engenharia de Projetos Industriais: &ldquo;Transformando Desafios em Resultados&rdquo;<\/span><\/b><\/a><span style=\"font-size:14.0pt\">, 23 de setembro de 2025, 08h30 &agrave;s 17h00, audit&oacute;rio da ABEMI, Rua Tabapu&atilde;, 81, S&atilde;o Paulo, SP<\/span><\/span><\/span><\/span><\/p>\r\n\r\n<p style=\"text-align:justify\"><span style=\"font-size:11pt\"><span style=\"line-height:normal\"><span style=\"font-family:Calibri,sans-serif\"><a href=\"https:\/\/paving.com.br\/\" style=\"color:blue; text-decoration:underline\"><b><span style=\"font-size:14.0pt\">Paving Expo 2025<\/span><\/b><\/a><span style=\"font-size:14.0pt\">, 23 a 25 de setembro de 2025, Distrito Anhembi, Rua Prof. Milton Rodrigues, s\/n, Santana, S&atilde;o Paulo, SP<\/span><\/span><\/span><\/span><\/p>\r\n\r\n<p style=\"text-align:justify\"><span style=\"font-size:11pt\"><span style=\"line-height:normal\"><span style=\"font-family:Calibri,sans-serif\"><a href=\"https:\/\/viex-americas.com\/eventos\/lase\/lase-2025\/\" style=\"color:blue; text-decoration:underline\"><b><span style=\"font-size:14.0pt\">LASE - L&iacute;deres Ambientais do Setor de Energia 2025<\/span><\/b><\/a><span style=\"font-size:14.0pt\">, 29 de setembro a 01 de outubro de 2025, WTC Events Center, S&atilde;o Paulo, SP<\/span><\/span><\/span><\/span><\/p>\r\n\r\n<p style=\"text-align:justify\"><span style=\"font-size:11pt\"><span style=\"line-height:normal\"><span style=\"font-family:Calibri,sans-serif\"><a href=\"https:\/\/app.rdstation.email\/mail\/2babe40a-eb86-4044-b658-43fbda6625a2?utm_medium=email&amp;utm_campaign=2108_convite_workshop_justica_trabalho_-_reenvio&amp;utm_source=RD+Station\" style=\"color:blue; text-decoration:underline\"><b><span style=\"font-size:14.0pt\">Workshop Abit | Pedidos Irreais na Justi&ccedil;a do Trabalho: Como Lidar com o Exagero Processual<\/span><\/b><\/a><span style=\"font-size:14.0pt\">, 30 de setembro de 2025, 09 &agrave;s 12h, evento h&iacute;brido<\/span><\/span><\/span><\/span><\/p>\r\n\r\n<p style=\"text-align:justify\"><span style=\"font-size:11pt\"><span style=\"line-height:normal\"><span style=\"font-family:Calibri,sans-serif\"><a href=\"https:\/\/www.instagram.com\/sobeccnacional\/p\/DA1V8NZyhNK\/?img_index=1\" style=\"color:blue; text-decoration:underline\"><b><span style=\"font-size:14.0pt\">17&ordm; Congresso Brasileiro de Enfermagem em Centro Cir&uacute;rgico: &ldquo;O poder de cuidar&rdquo;<\/span><\/b><\/a><span style=\"font-size:14.0pt\">, 01 a 03 de outubro de 2025, Transamerica Expo Center, S&atilde;o Paulo, SP<\/span><\/span><\/span><\/span><\/p>\r\n\r\n<p style=\"text-align:justify\"><span style=\"font-size:11pt\"><span style=\"line-height:normal\"><span style=\"font-family:Calibri,sans-serif\"><a href=\"https:\/\/his.saudebusiness.com\/pt\/home.html\" style=\"color:blue; text-decoration:underline\"><b><span style=\"font-size:14.0pt\">Healthcare Innovation Show (HIS)<\/span><\/b><\/a><span style=\"font-size:14.0pt\">, 01 e 02 de outubro de 2025, 09h &agrave;s 18h, S&atilde;o Paulo Expo<\/span><\/span><\/span><\/span><\/p>\r\n\r\n<p style=\"text-align:justify\"><span style=\"font-size:11pt\"><span style=\"line-height:normal\"><span style=\"font-family:Calibri,sans-serif\"><a href=\"https:\/\/www.abrafiltros.org.br\/3o-seminario-brasileiro-de-filtros-acontecera-no-dia-08-de-outubro\/\" style=\"color:blue; text-decoration:underline\"><b><span style=\"font-size:14.0pt\">3&ordm; Semin&aacute;rio Brasileiro de Filtros<\/span><\/b><\/a><span style=\"font-size:14.0pt\">, 08 de outubro de 2025, evento presencial<\/span><\/span><\/span><\/span><\/p>\r\n\r\n<p style=\"text-align:justify\"><span style=\"font-size:11pt\"><span style=\"line-height:normal\"><span style=\"font-family:Calibri,sans-serif\"><a href=\"https:\/\/hospitalmed.com.br\/feira\/\" style=\"color:blue; text-decoration:underline\"><b><span style=\"font-size:14.0pt\">HospitalMed 2025<\/span><\/b><\/a><span style=\"font-size:14.0pt\">, 22 a 24 de outubro, Pernambuco Centro de Conven&ccedil;&otilde;es, Olinda<\/span><\/span><\/span><\/span><\/p>\r\n\r\n<p style=\"text-align:justify\"><span style=\"font-size:11pt\"><span style=\"line-height:normal\"><span style=\"font-family:Calibri,sans-serif\"><a href=\"https:\/\/www.congressoabit.com.br\/\" style=\"color:blue; text-decoration:underline\"><b><span style=\"font-size:14.0pt\">Congresso Internacional Abit 2025<\/span><\/b><\/a><span style=\"font-size:14.0pt\">, 29 e 30 de outubro, 08h &agrave;s 20h, FIESP, S&atilde;o Paulo, SP<\/span><\/span><\/span><\/span><\/p>\r\n\r\n<p style=\"text-align:justify\"><span style=\"font-size:11pt\"><span style=\"line-height:normal\"><span style=\"font-family:Calibri,sans-serif\"><a href=\"https:\/\/filtech.de\/\" style=\"color:blue; text-decoration:underline\"><b><span style=\"font-size:14.0pt\">Filtech 2026<\/span><\/b><\/a><span style=\"font-size:14.0pt\">, de 30 de junho a 2 de julho, Cologne, Alemanha<\/span><\/span><\/span><\/span><\/p>\r\n\r\n<p style=\"text-align:justify\"><span style=\"font-size:11pt\"><span style=\"line-height:normal\"><span style=\"font-family:Calibri,sans-serif\"><a href=\"https:\/\/ficons.com.br\/\" style=\"color:blue; text-decoration:underline\"><b><span style=\"font-size:14.0pt\">FICONS - Feira Internacional de Materiais, Equipamentos e Servi&ccedil;os da Constru&ccedil;&atilde;o<\/span><\/b><\/a><span style=\"font-size:14.0pt\">, 15 a 18 de setembro de 2026, Centro de Conven&ccedil;&otilde;es de Pernambuco Recife\/ Olinda<\/span><\/span><\/span><\/span><\/p>\r\n\r\n<p style=\"text-align:justify\"><span style=\"font-size:28pt\"><span style=\"font-family:Cambria,serif\"><span style=\"letter-spacing:-0.5pt\"><b><span lang=\"EN-US\" style=\"font-size:18.0pt\"><span style=\"font-family:&quot;Calibri&quot;,sans-serif\"><span style=\"font-variant:small-caps\">Setor<\/span><\/span><\/span><\/b><\/span><\/span><\/span><\/p>\r\n\r\n<p style=\"text-align:justify\"><span style=\"font-size:11pt\"><span style=\"line-height:normal\"><span style=\"font-family:Calibri,sans-serif\"><a href=\"https:\/\/textile-network.com\/en\/Business\/Anti-static-protective-clothing-in-high-demand\" style=\"color:blue; text-decoration:underline\"><span lang=\"EN-US\" style=\"font-size:14.0pt\">Anti-static protective clothing in high demand<\/span><\/a><\/span><\/span><\/span><\/p>\r\n\r\n<p style=\"text-align:justify\"><span style=\"font-size:11pt\"><span style=\"line-height:normal\"><span style=\"font-family:Calibri,sans-serif\"><a href=\"https:\/\/www.plasticsnews.com\/news\/resin-makers-ready-roll-out-new-materials-k?utm_source=Sailthru&amp;utm_medium=email&amp;utm_campaign=Newsletter-KPreShow2025Newsletter-20250903\" style=\"color:blue; text-decoration:underline\"><span lang=\"EN-US\" style=\"font-size:14.0pt\">Resin makers ready to roll out new materials at K<\/span><\/a><\/span><\/span><\/span><\/p>\r\n\r\n<p style=\"text-align:justify\"><span style=\"font-size:11pt\"><span style=\"line-height:normal\"><span style=\"font-family:Calibri,sans-serif\"><a href=\"https:\/\/blogdantasbarreto.com.br\/aplicacao-de-geomanta-em-area-de-risco-e-concluida-e-joao-campos-faz-entrega\/\" style=\"color:blue; text-decoration:underline\"><span style=\"font-size:14.0pt\">Em PE: aplica&ccedil;&atilde;o de geomanta em &aacute;rea de risco &eacute; conclu&iacute;da e Jo&atilde;o Campos faz entrega<\/span><\/a><\/span><\/span><\/span><\/p>\r\n\r\n<p style=\"text-align:justify\"><span style=\"font-size:11pt\"><span style=\"line-height:normal\"><span style=\"font-family:Calibri,sans-serif\"><a href=\"https:\/\/www.meiofiltrante.com.br\/Artigo\/6204\/programa-descarte-consciente-abrafiltros-chega-a-50-milhoes-de-filtros-reciclados-\" style=\"color:blue; text-decoration:underline\"><span style=\"font-size:14.0pt\">Programa Descarte Consciente Abrafiltros chega a 50 milh&otilde;es de filtros reciclados<\/span><\/a><\/span><\/span><\/span><\/p>\r\n\r\n<p style=\"text-align:justify\"><span style=\"font-size:11pt\"><span style=\"line-height:normal\"><span style=\"font-family:Calibri,sans-serif\"><a href=\"https:\/\/www.moveisdevalor.com.br\/portal\/qual-e-o-custo-da-falta-de-representacao-politica-ao-setor?source=news\" style=\"color:blue; text-decoration:underline\"><span style=\"font-size:14.0pt\">Setor Moveleiro | Setor paga o pre&ccedil;o da falta de representa&ccedil;&atilde;o pol&iacute;tica<\/span><\/a><\/span><\/span><\/span><\/p>\r\n\r\n<p style=\"text-align:justify\"><span style=\"font-size:28pt\"><span style=\"font-family:Cambria,serif\"><span style=\"letter-spacing:-0.5pt\"><b><span style=\"font-size:18.0pt\"><span style=\"font-family:&quot;Calibri&quot;,sans-serif\"><span style=\"font-variant:small-caps\">Ind&uacute;stria<\/span><\/span><\/span><\/b><\/span><\/span><\/span><\/p>\r\n\r\n<p style=\"text-align:justify\"><span style=\"font-size:11pt\"><span style=\"line-height:normal\"><span style=\"font-family:Calibri,sans-serif\"><a href=\"https:\/\/ibre.fgv.br\/blog-da-conjuntura-economica\/artigos\/confianca-de-empresarios-e-consumidores-no-compasso-da\" style=\"color:blue; text-decoration:underline\"><span style=\"font-size:14.0pt\">Confian&ccedil;a de empres&aacute;rios e consumidores: no compasso da desacelera&ccedil;&atilde;o econ&ocirc;mica<\/span><\/a><\/span><\/span><\/span><\/p>\r\n\r\n<p style=\"text-align:justify\"><span style=\"font-size:11pt\"><span style=\"line-height:normal\"><span style=\"font-family:Calibri,sans-serif\"><a href=\"https:\/\/sinditextilsp.org.br\/home\/2025\/08\/plano-brasil-soberano-governo-apresenta-regulamentacao-de-acoes\/\" style=\"color:blue; text-decoration:underline\"><span style=\"font-size:14.0pt\">Governo explica regulamenta&ccedil;&atilde;o do Plano Brasil Soberano<\/span><\/a><\/span><\/span><\/span><\/p>\r\n\r\n<p style=\"text-align:justify\"><span style=\"font-size:11pt\"><span style=\"line-height:normal\"><span style=\"font-family:Calibri,sans-serif\"><a href=\"https:\/\/noticias.portaldaindustria.com.br\/noticias\/internacional\/cumprimos-nosso-papel-de-ser-um-facilitador-para-as-negociacoes-com-os-eua-diz-ricardo-alban-sobre-tarifaco\/\" style=\"color:blue; text-decoration:underline\"><span style=\"font-size:14.0pt\">Cumprimos nosso papel de ser um facilitador para as negocia&ccedil;&otilde;es com os EUA, diz Ricardo Alban sobre tarifa&ccedil;o<\/span><\/a><\/span><\/span><\/span><\/p>\r\n\r\n<p style=\"text-align:justify\"><span style=\"font-size:11pt\"><span style=\"line-height:normal\"><span style=\"font-family:Calibri,sans-serif\"><a href=\"https:\/\/clickpetroleoegas.com.br\/apos-tarifaco-e-brasil-cogitando-usar-lei-da-reciprocidade-contra-os-eua-empresarios-brasileiros-ligam-sinal-de-alerta-e-revelam-cogitar-ate-15-meses-sem-comercio-com-americanos-afch\/\" style=\"color:blue; text-decoration:underline\"><span style=\"font-size:14.0pt\">Ap&oacute;s tarifa&ccedil;o e Brasil cogitando usar Lei da Reciprocidade contra os EUA, empres&aacute;rios brasileiros ligam sinal de alerta e revelam cogitar at&eacute; 15 meses sem com&eacute;rcio com americanos<\/span><\/a><\/span><\/span><\/span><\/p>\r\n\r\n<p style=\"text-align:justify\"><span style=\"font-size:11pt\"><span style=\"line-height:normal\"><span style=\"font-family:Calibri,sans-serif\"><a href=\"https:\/\/veronoticias.com\/economia\/anfavea-divulga-desempenho-da-industria-automobilistica-em-agosto\/\" style=\"color:blue; text-decoration:underline\"><span style=\"font-size:14.0pt\">Anfavea divulga desempenho da ind&uacute;stria automobil&iacute;stica em agosto<\/span><\/a><\/span><\/span><\/span><\/p>\r\n\r\n<p style=\"text-align:justify\"><span style=\"font-size:28pt\"><span style=\"font-family:Cambria,serif\"><span style=\"letter-spacing:-0.5pt\"><b><span style=\"font-size:18.0pt\"><span style=\"font-family:&quot;Calibri&quot;,sans-serif\"><span style=\"font-variant:small-caps\">Sustentabilidade<\/span><\/span><\/span><\/b><\/span><\/span><\/span><\/p>\r\n\r\n<p style=\"text-align:justify\"><span style=\"font-size:11pt\"><span style=\"line-height:normal\"><span style=\"font-family:Calibri,sans-serif\"><a href=\"https:\/\/correiodoestado.com.br\/mix\/nova-regra-promete-dar-fim-as-garrafinhas-pet-tradicionais\/\" style=\"color:blue; text-decoration:underline\"><span style=\"font-size:14.0pt\">Uni&atilde;o Europeia | Nova regra promete dar fim &agrave;s garrafinhas PET tradicionais<\/span><\/a><\/span><\/span><\/span><\/p>\r\n\r\n<p style=\"text-align:justify\"><span style=\"font-size:11pt\"><span style=\"line-height:normal\"><span style=\"font-family:Calibri,sans-serif\"><a href=\"https:\/\/plasticosemrevista.com.br\/eua-nova-maneira-de-pensar-a-reciclagem\/\" style=\"color:blue; text-decoration:underline\"><span style=\"font-size:14.0pt\">EUA: nova maneira de pensar a reciclagem<\/span><\/a><\/span><\/span><\/span><\/p>\r\n\r\n<p style=\"text-align:justify\"><span style=\"font-size:11pt\"><span style=\"line-height:normal\"><span style=\"font-family:Calibri,sans-serif\"><a href=\"https:\/\/www.cartacapital.com.br\/blogs\/fashion-revolution\/reciclagem-e-uma-das-solucoes-para-o-residuo-textil-mas-a-moda-insiste-em-trata-la-como-a-unica\/\" style=\"color:blue; text-decoration:underline\"><span style=\"font-size:14.0pt\">Reciclagem &eacute; UMA das solu&ccedil;&otilde;es para o res&iacute;duo t&ecirc;xtil<\/span><\/a><\/span><\/span><\/span><\/p>\r\n\r\n<p style=\"text-align:justify\"><span style=\"font-size:11pt\"><span style=\"line-height:normal\"><span style=\"font-family:Calibri,sans-serif\"><a href=\"https:\/\/agenciabrasil.ebc.com.br\/radioagencia-nacional\/economia\/audio\/2025-09\/governo-federal-prepara-decreto-que-estimula-reciclagem-de-plastico\" style=\"color:blue; text-decoration:underline\"><span style=\"font-size:14.0pt\">Governo federal prepara decreto que estimula a reciclagem de pl&aacute;stico<\/span><\/a><\/span><\/span><\/span><\/p>\r\n\r\n<p style=\"text-align:justify\"><span style=\"font-size:28pt\"><span style=\"font-family:Cambria,serif\"><span style=\"letter-spacing:-0.5pt\"><b><span style=\"font-size:18.0pt\"><span style=\"font-family:&quot;Calibri&quot;,sans-serif\"><span style=\"font-variant:small-caps\">Inova&ccedil;&atilde;o<\/span><\/span><\/span><\/b><\/span><\/span><\/span><\/p>\r\n\r\n<p style=\"text-align:justify\"><span style=\"font-size:11pt\"><span style=\"line-height:normal\"><span style=\"font-family:Calibri,sans-serif\"><a href=\"https:\/\/noticias.uol.com.br\/meio-ambiente\/ultimas-noticias\/redacao\/2025\/09\/06\/inovacao-colombiana-usa-lixo-plastico-para-erguer-casas-e-salas-de-aula.htm\" style=\"color:blue; text-decoration:underline\"><span style=\"font-size:14.0pt\">Empresa cria tijolos de pl&aacute;stico reciclado para construir casas e escolas<\/span><\/a><\/span><\/span><\/span><\/p>\r\n\r\n<p style=\"text-align:justify\"><span style=\"font-size:11pt\"><span style=\"line-height:normal\"><span style=\"font-family:Calibri,sans-serif\"><a href=\"https:\/\/estradao.estadao.com.br\/onibus\/empresa-britanica-lanca-tecidos-para-estofados-de-onibus-feitos-de-plastico-recolhido-do-mar\/\" style=\"color:blue; text-decoration:underline\"><span style=\"font-size:14.0pt\">Empresa brit&acirc;nica lan&ccedil;a tecidos para estofados de &ocirc;nibus feitos de pl&aacute;stico recolhido do mar<\/span><\/a><\/span><\/span><\/span><\/p>\r\n\r\n<p style=\"text-align:justify\"><span style=\"font-size:11pt\"><span style=\"line-height:normal\"><span style=\"font-family:Calibri,sans-serif\"><a href=\"https:\/\/textile-network.com\/en\/Technical-Textiles\/Fasern-Garne\/How-sustainability-is-reshaping-textiles\" style=\"color:blue; text-decoration:underline\"><span lang=\"EN-US\" style=\"font-size:14.0pt\">How sustainability is reshaping textiles<\/span><\/a><\/span><\/span><\/span><\/p>\r\n\r\n<p style=\"text-align:justify\"><span style=\"font-size:28pt\"><span style=\"font-family:Cambria,serif\"><span style=\"letter-spacing:-0.5pt\"><b><span lang=\"EN-US\" style=\"font-size:18.0pt\"><span style=\"font-family:&quot;Calibri&quot;,sans-serif\"><span style=\"font-variant:small-caps\">Com&eacute;rcio Exterior<\/span><\/span><\/span><\/b><\/span><\/span><\/span><\/p>\r\n\r\n<p style=\"text-align:justify\"><span style=\"font-size:11pt\"><span style=\"line-height:normal\"><span style=\"font-family:Calibri,sans-serif\"><a href=\"https:\/\/agenciabrasil.ebc.com.br\/internacional\/noticia\/2025-09\/com-oposicao-da-franca-ue-vai-propor-acordo-comercial-com-o-mercosul\" style=\"color:blue; text-decoration:underline\"><span style=\"font-size:14.0pt\">Com oposi&ccedil;&atilde;o da Fran&ccedil;a, UE vai propor acordo comercial com o Mercosul<\/span><\/a><\/span><\/span><\/span><\/p>\r\n\r\n<p style=\"text-align:justify\"><span style=\"font-size:11pt\"><span style=\"line-height:normal\"><span style=\"font-family:Calibri,sans-serif\"><a href=\"https:\/\/apexbrasil.com.br\/content\/apexbrasil\/br\/pt\/conteudo\/noticias\/Brasil-e-Mexico-iniciam-nova-era-de-cooperacao-entre-os-dois-paises.html#msdynmkt_trackingcontext=1021cb9f-81ea-4c9a-8abb-dcc67a9e0000\" style=\"color:blue; text-decoration:underline\"><span style=\"font-size:14.0pt\">Brasil e M&eacute;xico iniciam nova era de coopera&ccedil;&atilde;o entre os dois pa&iacute;ses<\/span><\/a><\/span><\/span><\/span><\/p>\r\n\r\n<p style=\"text-align:justify\"><span style=\"font-size:11pt\"><span style=\"line-height:normal\"><span style=\"font-family:Calibri,sans-serif\"><a href=\"https:\/\/www.fibre2fashion.com\/news\/textile-news\/global-trade-faces-systemic-uncertainty-unctad-warns-304962-newsdetails.htm\" style=\"color:blue; text-decoration:underline\"><span lang=\"EN-US\" style=\"font-size:14.0pt\">Global trade faces systemic uncertainty, UNCTAD warns<\/span><\/a><\/span><\/span><\/span><\/p>\r\n\r\n<p style=\"text-align:justify\"><span style=\"font-size:28pt\"><span style=\"font-family:Cambria,serif\"><span style=\"letter-spacing:-0.5pt\"><b><span style=\"font-size:18.0pt\"><span style=\"font-family:&quot;Calibri&quot;,sans-serif\"><span style=\"font-variant:small-caps\">Economia<\/span><\/span><\/span><\/b><\/span><\/span><\/span><\/p>\r\n\r\n<p style=\"text-align:justify\"><span style=\"font-size:11pt\"><span style=\"line-height:normal\"><span style=\"font-family:Calibri,sans-serif\"><a href=\"https:\/\/www.bcb.gov.br\/content\/focus\/focus\/R20250905.pdf\" style=\"color:blue; text-decoration:underline\"><span style=\"font-size:14.0pt\">Focus - Relat&oacute;rio de Mercado<\/span><\/a><\/span><\/span><\/span><\/p>\r\n\r\n<p style=\"text-align:justify\"><span style=\"font-size:11pt\"><span style=\"line-height:normal\"><span style=\"font-family:Calibri,sans-serif\"><a href=\"https:\/\/email-editor-production.s3.amazonaws.com\/images\/59553\/29390_2025%20_%20REFORMA%20TRIBUTA%CC%81RIA%20_%20Cartilha%20Especial%20Reforma%20Tributa%CC%81ria%2001%2019_8_25.pdf?utm_medium=email&amp;utm_campaign=cartilhas_download_-_1&amp;utm_source=RD+Station\" style=\"color:blue; text-decoration:underline\"><span style=\"font-size:14.0pt\">Fecom&eacute;rcio | Cartilha 1 - Reforma Tribut&aacute;ria | Como estamos: Um raio-x sem complica&ccedil;&atilde;o das mudan&ccedil;as, da situa&ccedil;&atilde;o atual e dos impostos<\/span><\/a><\/span><\/span><\/span><\/p>\r\n\r\n<p style=\"text-align:justify\"><span style=\"font-size:11pt\"><span style=\"line-height:normal\"><span style=\"font-family:Calibri,sans-serif\"><a href=\"https:\/\/www.youtube.com\/watch?v=Q-5yUORtP-I\" style=\"color:blue; text-decoration:underline\"><span style=\"font-size:14.0pt\">FGV | Conex&atilde;o Econ&ocirc;mica | Desafios e caminhos da economia brasileira, com Nelson Barbosa<\/span><\/a><\/span><\/span><\/span><\/p>\r\n\r\n<p style=\"text-align:justify\"><img src=\"https:\/\/www.abint.org.br\/assets\/img\/editor\/redes-sociais-abint-ctg-cth_20250826142029TIeKhPrH3S.jpg\" \/><\/p>\r\n","6":"<p style=\"text-align:justify\"><span style=\"font-size:11pt\"><span style=\"line-height:normal\"><span style=\"font-family:Calibri,sans-serif\"><span style=\"font-size:14.0pt\">Esta &eacute; uma compila&ccedil;&atilde;o das not&iacute;cias mais relevantes para o setor, incluindo informa&ccedil;&otilde;es sobre acordos internacionais, economia brasileira, sustentabilidade e mat&eacute;rias primas, al&eacute;m de novidades do setor de N&atilde;otecidos e Tecidos T&eacute;cnicos.<\/span><\/span><\/span><\/span><\/p>\r\n\r\n<p style=\"text-align:justify\"><span style=\"font-size:28pt\"><span style=\"font-family:Cambria,serif\"><span style=\"letter-spacing:-0.5pt\"><b><span style=\"font-size:18.0pt\"><span style=\"font-family:&quot;Calibri&quot;,sans-serif\"><span style=\"font-variant:small-caps\">O que vem por a&iacute;<\/span><\/span><\/span><\/b><\/span><\/span><\/span><\/p>\r\n\r\n<p class=\"MsoTitle\" style=\"text-align:justify; margin-bottom:20px\"><span style=\"font-size:18px\"><span style=\"box-sizing:border-box\"><span style=\"line-height:1.5\"><span style=\"color:#313f48\"><span style=\"font-family:&quot;Roboto Condensed&quot;, Helvetica, Arial, sans-serif\"><span style=\"font-style:normal\"><span style=\"font-variant-ligatures:normal\"><span style=\"font-weight:400\"><span style=\"white-space:normal\"><span style=\"background-color:#ffffff\"><span style=\"text-decoration-thickness:initial\"><span style=\"text-decoration-style:initial\"><span style=\"text-decoration-color:initial\"><span style=\"font-size:18px\"><span style=\"box-sizing:border-box\"><span style=\"box-sizing:border-box\"><span style=\"box-sizing:border-box\"><span style=\"line-height:1.5\"><span style=\"box-sizing:border-box\"><span style=\"color:#313f48\"><span style=\"box-sizing:border-box\"><span style=\"font-family:&quot;Roboto Condensed&quot;, Helvetica, Arial, sans-serif\"><span style=\"box-sizing:border-box\"><span style=\"font-style:normal\"><span style=\"box-sizing:border-box\"><span style=\"font-variant-ligatures:normal\"><span style=\"box-sizing:border-box\"><span style=\"font-weight:400\"><span style=\"box-sizing:border-box\"><span style=\"white-space:normal\"><span style=\"box-sizing:border-box\"><span style=\"background-color:#ffffff\"><span style=\"box-sizing:border-box\"><span style=\"text-decoration-thickness:initial\"><span style=\"box-sizing:border-box\"><span style=\"text-decoration-style:initial\"><span style=\"box-sizing:border-box\"><span style=\"text-decoration-color:initial\"><span style=\"font-size:28pt\"><span style=\"box-sizing:border-box\"><span style=\"box-sizing:border-box\"><span style=\"box-sizing:border-box\"><span style=\"box-sizing:border-box\"><span style=\"font-family:Cambria, serif\"><span style=\"box-sizing:border-box\"><span style=\"box-sizing:border-box\"><span style=\"letter-spacing:-0.5pt\"><b style=\"box-sizing:border-box; font-weight:bolder\"><span style=\"font-size:18pt\"><span style=\"box-sizing:border-box\"><span style=\"box-sizing:border-box\"><span style=\"box-sizing:border-box\"><span style=\"box-sizing:border-box\"><span style=\"font-family:Calibri, sans-serif\"><span style=\"box-sizing:border-box\"><span style=\"box-sizing:border-box\"><span style=\"font-variant:small-caps\"><img src=\"https:\/\/www.abint.org.br\/assets\/img\/editor\/20250916-workshop-ctg-aterro_20250826141413jESvhNLKlO.jpg\" style=\"box-sizing:border-box; border-style:none; width:500px; height:625px\" \/><\/span><\/span><\/span><\/span><\/span><\/span><\/span><\/span><\/span><\/b><\/span><\/span><\/span><\/span><\/span><\/span><\/span><\/span><\/span><\/span><\/span><\/span><\/span><\/span><\/span><\/span><\/span><\/span><\/span><\/span><\/span><\/span><\/span><\/span><\/span><\/span><\/span><\/span><\/span><\/span><\/span><\/span><\/span><\/span><\/span><\/span><\/span><\/span><\/span><\/span><\/span><\/span><\/span><\/span><\/span><\/span><\/span><\/p>\r\n\r\n<p class=\"MsoTitle\" style=\"text-align:justify; margin-bottom:20px\"><span style=\"font-size:18px\"><span style=\"box-sizing:border-box\"><span style=\"line-height:1.5\"><span style=\"color:#313f48\"><span style=\"font-family:&quot;Roboto Condensed&quot;, Helvetica, Arial, sans-serif\"><span style=\"font-style:normal\"><span style=\"font-variant-ligatures:normal\"><span style=\"font-weight:400\"><span style=\"white-space:normal\"><span style=\"background-color:#ffffff\"><span style=\"text-decoration-thickness:initial\"><span style=\"text-decoration-style:initial\"><span style=\"text-decoration-color:initial\"><span style=\"font-size:18px\"><span style=\"box-sizing:border-box\"><span style=\"box-sizing:border-box\"><span style=\"box-sizing:border-box\"><span style=\"line-height:1.5\"><span style=\"box-sizing:border-box\"><span style=\"color:#313f48\"><span style=\"box-sizing:border-box\"><span style=\"font-family:&quot;Roboto Condensed&quot;, Helvetica, Arial, sans-serif\"><span style=\"box-sizing:border-box\"><span style=\"font-style:normal\"><span style=\"box-sizing:border-box\"><span style=\"font-variant-ligatures:normal\"><span style=\"box-sizing:border-box\"><span style=\"font-weight:400\"><span style=\"box-sizing:border-box\"><span style=\"white-space:normal\"><span style=\"box-sizing:border-box\"><span style=\"background-color:#ffffff\"><span style=\"box-sizing:border-box\"><span style=\"text-decoration-thickness:initial\"><span style=\"box-sizing:border-box\"><span style=\"text-decoration-style:initial\"><span style=\"box-sizing:border-box\"><span style=\"text-decoration-color:initial\"><span style=\"font-size:11pt\"><span style=\"box-sizing:border-box\"><span style=\"box-sizing:border-box\"><span style=\"box-sizing:border-box\"><span style=\"box-sizing:border-box\"><span style=\"line-height:normal\"><span style=\"box-sizing:border-box\"><span style=\"box-sizing:border-box\"><span style=\"font-family:Calibri, sans-serif\"><a href=\"https:\/\/forms.office.com\/pages\/responsepage.aspx?id=n9pNk1glrE6b5i8lS53621O-4jMsuCNBqhQBI597U0lUQVZUMlE2TkNVUFAzQ1I4S1hXMllTRU9SRC4u&amp;route=shorturl\" style=\"box-sizing:border-box; text-decoration:underline; color:blue; transition:color 0.3s\"><b style=\"box-sizing:border-box; font-weight:bolder\"><span style=\"font-size:14pt\"><span style=\"box-sizing:border-box\"><span style=\"box-sizing:border-box\">Acesse aqui para fazer sua inscri&ccedil;&atilde;o<\/span><\/span><\/span><\/b><\/a><\/span><\/span><\/span><\/span><\/span><\/span><\/span><\/span><\/span><\/span><\/span><\/span><\/span><\/span><\/span><\/span><\/span><\/span><\/span><\/span><\/span><\/span><\/span><\/span><\/span><\/span><\/span><\/span><\/span><\/span><\/span><\/span><\/span><\/span><\/span><\/span><\/span><\/span><\/span><\/span><\/span><\/span><\/span><\/span><\/span><\/span><\/span><\/p>\r\n\r\n<p style=\"text-align:justify; margin-bottom:20px\"><span style=\"font-size:18px\"><span style=\"box-sizing:border-box\"><span style=\"line-height:1.5\"><span style=\"color:#313f48\"><span style=\"font-family:&quot;Roboto Condensed&quot;, Helvetica, Arial, sans-serif\"><span style=\"font-style:normal\"><span style=\"font-variant-ligatures:normal\"><span style=\"font-weight:400\"><span style=\"white-space:normal\"><span style=\"background-color:#ffffff\"><span style=\"text-decoration-thickness:initial\"><span style=\"text-decoration-style:initial\"><span style=\"text-decoration-color:initial\">&nbsp;<\/span><\/span><\/span><\/span><\/span><\/span><\/span><\/span><\/span><\/span><\/span><\/span><\/span><\/p>\r\n\r\n<p style=\"text-align:start; margin-bottom:20px\"><span style=\"font-size:18px\"><span style=\"box-sizing:border-box\"><span style=\"line-height:1.5\"><span style=\"color:#313f48\"><span style=\"font-family:&quot;Roboto Condensed&quot;, Helvetica, Arial, sans-serif\"><span style=\"font-style:normal\"><span style=\"font-variant-ligatures:normal\"><span style=\"font-weight:400\"><span style=\"white-space:normal\"><span style=\"background-color:#ffffff\"><span style=\"text-decoration-thickness:initial\"><span style=\"text-decoration-style:initial\"><span style=\"text-decoration-color:initial\"><span style=\"font-size:18px\"><span style=\"box-sizing:border-box\"><span style=\"box-sizing:border-box\"><span style=\"box-sizing:border-box\"><span style=\"line-height:1.5\"><span style=\"box-sizing:border-box\"><span style=\"color:#313f48\"><span style=\"box-sizing:border-box\"><span style=\"font-family:&quot;Roboto Condensed&quot;, Helvetica, Arial, sans-serif\"><span style=\"box-sizing:border-box\"><span style=\"font-style:normal\"><span style=\"box-sizing:border-box\"><span style=\"font-variant-ligatures:normal\"><span style=\"box-sizing:border-box\"><span style=\"font-weight:400\"><span style=\"box-sizing:border-box\"><span style=\"white-space:normal\"><span style=\"box-sizing:border-box\"><span style=\"background-color:#ffffff\"><span style=\"box-sizing:border-box\"><span style=\"text-decoration-thickness:initial\"><span style=\"box-sizing:border-box\"><span style=\"text-decoration-style:initial\"><span style=\"box-sizing:border-box\"><span style=\"text-decoration-color:initial\"><b style=\"box-sizing:border-box; font-weight:bolder\"><img src=\"https:\/\/www.abint.org.br\/assets\/img\/editor\/2o-seminario-abrafiltros-abint-apoiador_2025072217401523mrTUXRqU.png\" style=\"box-sizing:border-box; border-style:none; width:500px; height:500px\" \/><\/b><\/span><\/span><\/span><\/span><\/span><\/span><\/span><\/span><\/span><\/span><\/span><\/span><\/span><\/span><\/span><\/span><\/span><\/span><\/span><\/span><\/span><\/span><\/span><\/span><\/span><\/span><\/span><\/span><\/span><\/span><\/span><\/span><\/span><\/span><\/span><\/span><\/span><\/span><\/p>\r\n\r\n<p style=\"text-align:start; margin-bottom:20px\"><span style=\"font-size:18px\"><span style=\"box-sizing:border-box\"><span style=\"line-height:1.5\"><span style=\"color:#313f48\"><span style=\"font-family:&quot;Roboto Condensed&quot;, Helvetica, Arial, sans-serif\"><span style=\"font-style:normal\"><span style=\"font-variant-ligatures:normal\"><span style=\"font-weight:400\"><span style=\"white-space:normal\"><span style=\"background-color:#ffffff\"><span style=\"text-decoration-thickness:initial\"><span style=\"text-decoration-style:initial\"><span style=\"text-decoration-color:initial\"><span style=\"font-size:18px\"><span style=\"box-sizing:border-box\"><span style=\"box-sizing:border-box\"><span style=\"box-sizing:border-box\"><span style=\"line-height:1.5\"><span style=\"box-sizing:border-box\"><span style=\"color:#313f48\"><span style=\"box-sizing:border-box\"><span style=\"font-family:&quot;Roboto Condensed&quot;, Helvetica, Arial, sans-serif\"><span style=\"box-sizing:border-box\"><span style=\"font-style:normal\"><span style=\"box-sizing:border-box\"><span style=\"font-variant-ligatures:normal\"><span style=\"box-sizing:border-box\"><span style=\"font-weight:400\"><span style=\"box-sizing:border-box\"><span style=\"white-space:normal\"><span style=\"box-sizing:border-box\"><span style=\"background-color:#ffffff\"><span style=\"box-sizing:border-box\"><span style=\"text-decoration-thickness:initial\"><span style=\"box-sizing:border-box\"><span style=\"text-decoration-style:initial\"><span style=\"box-sizing:border-box\"><span style=\"text-decoration-color:initial\"><span style=\"font-size:11pt\"><span style=\"box-sizing:border-box\"><span style=\"box-sizing:border-box\"><span style=\"box-sizing:border-box\"><span style=\"box-sizing:border-box\"><span style=\"line-height:normal\"><span style=\"box-sizing:border-box\"><span style=\"box-sizing:border-box\"><span style=\"font-family:Calibri, sans-serif\"><a href=\"https:\/\/doity.com.br\/3-seminario-brasileiro-de-filtros\" style=\"box-sizing:border-box; text-decoration:underline; color:blue; transition:color 0.3s\"><b style=\"box-sizing:border-box; font-weight:bolder\"><span style=\"font-size:14pt\"><span style=\"box-sizing:border-box\"><span style=\"box-sizing:border-box\">Acesse aqui mais informa&ccedil;&otilde;es<\/span><\/span><\/span><\/b><\/a><\/span><\/span><\/span><\/span><\/span><\/span><\/span><\/span><\/span><\/span><\/span><\/span><\/span><\/span><\/span><\/span><\/span><\/span><\/span><\/span><\/span><\/span><\/span><\/span><\/span><\/span><\/span><\/span><\/span><\/span><\/span><\/span><\/span><\/span><\/span><\/span><\/span><\/span><\/span><\/span><\/span><\/span><\/span><\/span><\/span><\/span><\/span><\/p>\r\n\r\n<p style=\"text-align:start; margin-bottom:20px\"><span style=\"font-size:18px\"><span style=\"box-sizing:border-box\"><span style=\"line-height:1.5\"><span style=\"color:#313f48\"><span style=\"font-family:&quot;Roboto Condensed&quot;, Helvetica, Arial, sans-serif\"><span style=\"font-style:normal\"><span style=\"font-variant-ligatures:normal\"><span style=\"font-weight:400\"><span style=\"white-space:normal\"><span style=\"background-color:#ffffff\"><span style=\"text-decoration-thickness:initial\"><span style=\"text-decoration-style:initial\"><span style=\"text-decoration-color:initial\">&nbsp;<\/span><\/span><\/span><\/span><\/span><\/span><\/span><\/span><\/span><\/span><\/span><\/span><\/span><\/p>\r\n\r\n<p style=\"text-align:start; margin-bottom:20px\"><span style=\"font-size:18px\"><span style=\"box-sizing:border-box\"><span style=\"line-height:1.5\"><span style=\"color:#313f48\"><span style=\"font-family:&quot;Roboto Condensed&quot;, Helvetica, Arial, sans-serif\"><span style=\"font-style:normal\"><span style=\"font-variant-ligatures:normal\"><span style=\"font-weight:400\"><span style=\"white-space:normal\"><span style=\"background-color:#ffffff\"><span style=\"text-decoration-thickness:initial\"><span style=\"text-decoration-style:initial\"><span style=\"text-decoration-color:initial\"><span style=\"font-size:18px\"><span style=\"box-sizing:border-box\"><span style=\"box-sizing:border-box\"><span style=\"box-sizing:border-box\"><span style=\"line-height:1.5\"><span style=\"box-sizing:border-box\"><span style=\"color:#313f48\"><span style=\"box-sizing:border-box\"><span style=\"font-family:&quot;Roboto Condensed&quot;, Helvetica, Arial, sans-serif\"><span style=\"box-sizing:border-box\"><span style=\"font-style:normal\"><span style=\"box-sizing:border-box\"><span style=\"font-variant-ligatures:normal\"><span style=\"box-sizing:border-box\"><span style=\"font-weight:400\"><span style=\"box-sizing:border-box\"><span style=\"white-space:normal\"><span style=\"box-sizing:border-box\"><span style=\"background-color:#ffffff\"><span style=\"box-sizing:border-box\"><span style=\"text-decoration-thickness:initial\"><span style=\"box-sizing:border-box\"><span style=\"text-decoration-style:initial\"><span style=\"box-sizing:border-box\"><span style=\"text-decoration-color:initial\"><img src=\"https:\/\/www.abint.org.br\/assets\/img\/editor\/congresso-internacional-abit-2025_20250722174119edr5xq8iJH.png\" style=\"box-sizing:border-box; border-style:none; max-width:100%; width:700px; height:256px; object-fit:contain\" \/><\/span><\/span><\/span><\/span><\/span><\/span><\/span><\/span><\/span><\/span><\/span><\/span><\/span><\/span><\/span><\/span><\/span><\/span><\/span><\/span><\/span><\/span><\/span><\/span><\/span><\/span><\/span><\/span><\/span><\/span><\/span><\/span><\/span><\/span><\/span><\/span><\/span><\/span><\/p>\r\n\r\n<p style=\"text-align:start; margin-bottom:20px\"><span style=\"font-size:18px\"><span style=\"box-sizing:border-box\"><span style=\"line-height:1.5\"><span style=\"color:#313f48\"><span style=\"font-family:&quot;Roboto Condensed&quot;, Helvetica, Arial, sans-serif\"><span style=\"font-style:normal\"><span style=\"font-variant-ligatures:normal\"><span style=\"font-weight:400\"><span style=\"white-space:normal\"><span style=\"background-color:#ffffff\"><span style=\"text-decoration-thickness:initial\"><span style=\"text-decoration-style:initial\"><span style=\"text-decoration-color:initial\"><span style=\"font-size:18px\"><span style=\"box-sizing:border-box\"><span style=\"box-sizing:border-box\"><span style=\"box-sizing:border-box\"><span style=\"line-height:1.5\"><span style=\"box-sizing:border-box\"><span style=\"color:#313f48\"><span style=\"box-sizing:border-box\"><span style=\"font-family:&quot;Roboto Condensed&quot;, Helvetica, Arial, sans-serif\"><span style=\"box-sizing:border-box\"><span style=\"font-style:normal\"><span style=\"box-sizing:border-box\"><span style=\"font-variant-ligatures:normal\"><span style=\"box-sizing:border-box\"><span style=\"font-weight:400\"><span style=\"box-sizing:border-box\"><span style=\"white-space:normal\"><span style=\"box-sizing:border-box\"><span style=\"background-color:#ffffff\"><span style=\"box-sizing:border-box\"><span style=\"text-decoration-thickness:initial\"><span style=\"box-sizing:border-box\"><span style=\"text-decoration-style:initial\"><span style=\"box-sizing:border-box\"><span style=\"text-decoration-color:initial\"><span style=\"font-size:11pt\"><span style=\"box-sizing:border-box\"><span style=\"box-sizing:border-box\"><span style=\"box-sizing:border-box\"><span style=\"box-sizing:border-box\"><span style=\"line-height:normal\"><span style=\"box-sizing:border-box\"><span style=\"box-sizing:border-box\"><span style=\"font-family:Calibri, sans-serif\"><a href=\"https:\/\/www.congressoabit.com.br\/\" style=\"box-sizing:border-box; text-decoration:underline; color:blue; transition:color 0.3s\"><b style=\"box-sizing:border-box; font-weight:bolder\"><span style=\"font-size:14pt\"><span style=\"box-sizing:border-box\"><span style=\"box-sizing:border-box\">Acesse aqui mais informa&ccedil;&otilde;es<\/span><\/span><\/span><\/b><\/a><\/span><\/span><\/span><\/span><\/span><\/span><\/span><\/span><\/span><\/span><\/span><\/span><\/span><\/span><\/span><\/span><\/span><\/span><\/span><\/span><\/span><\/span><\/span><\/span><\/span><\/span><\/span><\/span><\/span><\/span><\/span><\/span><\/span><\/span><\/span><\/span><\/span><\/span><\/span><\/span><\/span><\/span><\/span><\/span><\/span><\/span><\/span><\/p>\r\n\r\n<p style=\"text-align:start; margin-bottom:20px\">&nbsp;<\/p>\r\n\r\n<p class=\"MsoTitle\" style=\"text-align:justify\"><span style=\"font-size:28pt\"><span style=\"font-family:Cambria,serif\"><span style=\"letter-spacing:-0.5pt\"><b><span style=\"font-size:18.0pt\"><span style=\"font-family:&quot;Calibri&quot;,sans-serif\"><span style=\"font-variant:small-caps\">Not&iacute;cias das Associadas<\/span><\/span><\/span><\/b><\/span><\/span><\/span><\/p>\r\n\r\n<p style=\"text-align:justify\"><span style=\"font-size:11pt\"><span style=\"line-height:normal\"><span style=\"font-family:Calibri,sans-serif\"><a href=\"https:\/\/saneamentobasico.com.br\/residuos-solidos\/geossinteticos-aterros-sanitarios-evento-presencial\/\" style=\"color:blue; text-decoration:underline\"><span style=\"font-size:14.0pt\">Qualidade de geossint&eacute;ticos em aterros sanit&aacute;rios ser&aacute; tema de evento presencial do CTG ABINT e IGS BRASIL<\/span><\/a> <\/span><\/span><\/span><\/p>\r\n\r\n<p style=\"text-align:justify\"><span style=\"font-size:11pt\"><span style=\"line-height:normal\"><span style=\"font-family:Calibri,sans-serif\"><a href=\"https:\/\/www.abctecnologias.com.br\/historias-de-sucesso\/o-futuro-das-pecas-plasticas-no-mercado-de-reparo-automotivo\/?utm_source=ABC+Tecnologias&amp;utm_campaign=da0d4a3db9-CAMPANHA_RSS_POSTS_SITE&amp;utm_medium=email&amp;utm_term=0_01821b5e7f-da0d4a3db9-468976694\" style=\"color:blue; text-decoration:underline\"><span style=\"font-size:14.0pt\">ABC Tecnologias | O Futuro das Pe&ccedil;as Pl&aacute;sticas no Mercado de Reparo Automotivo<\/span><\/a><\/span><\/span><\/span><\/p>\r\n\r\n<p style=\"text-align:justify\"><span style=\"font-size:11pt\"><span style=\"line-height:normal\"><span style=\"font-family:Calibri,sans-serif\"><a href=\"https:\/\/textile-network.com\/en\/Business\/Freudenberg-to-exhibit-for-the-first-time\" style=\"color:blue; text-decoration:underline\"><span lang=\"EN-US\" style=\"font-size:14.0pt\">Freudenberg to exhibit for the first time<\/span><\/a><\/span><\/span><\/span><\/p>\r\n\r\n<p style=\"text-align:justify\"><span style=\"font-size:11pt\"><span style=\"line-height:normal\"><span style=\"font-family:Calibri,sans-serif\"><a href=\"https:\/\/www.nonwovens-industry.com\/contents\/view_breaking-news\/2025-09-04\/freudenberg-performance-materials-331131\/15303\" style=\"color:blue; text-decoration:underline\"><span lang=\"EN-US\" style=\"font-size:14.0pt\">Freudenberg Performance Materials Releases Sustainability Report<\/span><\/a><\/span><\/span><\/span><\/p>\r\n\r\n<p style=\"text-align:justify\"><span style=\"font-size:11pt\"><span style=\"line-height:normal\"><span style=\"font-family:Calibri,sans-serif\"><a href=\"https:\/\/www.nonwovens-industry.com\/contents\/view_breaking-news\/2025-09-05\/indorama-ventures-to-participate-in-dornbirn-global-fiber-congress\/15303\" style=\"color:blue; text-decoration:underline\"><span style=\"font-size:14.0pt\">Indorama Ventures to Participate in Dornbirn Global Fiber Congress<\/span><\/a><\/span><\/span><\/span><\/p>\r\n\r\n<p style=\"text-align:justify\"><span style=\"font-size:11pt\"><span style=\"line-height:normal\"><span style=\"font-family:Calibri,sans-serif\"><a href=\"https:\/\/www.noticiasagricolas.com.br\/noticias\/agronegocio\/407025-adufertil-ampliara-portfolio-de-fertilizantes-liquidos-com-proposta-de-aquisicao-da-fass-agro.html\" style=\"color:blue; text-decoration:underline\"><span style=\"font-size:14.0pt\">Empresa do grupo Indorama, Aduf&eacute;rtil ampliar&aacute; portf&oacute;lio de fertilizantes l&iacute;quidos com proposta de aquisi&ccedil;&atilde;o da Fass Agro<\/span><\/a><\/span><\/span><\/span><\/p>\r\n\r\n<p style=\"text-align:justify\"><span style=\"font-size:11pt\"><span style=\"line-height:normal\"><span style=\"font-family:Calibri,sans-serif\"><a href=\"https:\/\/www.ecotextile.com\/2025090459530\/news\/materials-production-news\/trutzschler-hits-textile-recycling-milestone\/\" style=\"color:blue; text-decoration:underline\"><span lang=\"EN-US\" style=\"font-size:14.0pt\">Tr&uuml;tzschler hits textile recycling milestone<\/span><\/a><\/span><\/span><\/span><\/p>\r\n\r\n<p style=\"text-align:justify\">&nbsp;<\/p>\r\n\r\n<p style=\"text-align:justify\"><span style=\"font-size:11pt\"><span style=\"line-height:normal\"><span style=\"font-family:Calibri,sans-serif\"><b><span lang=\"EN-US\" style=\"font-size:18.0pt\"><span style=\"font-variant:small-caps\">Eventos<\/span><\/span><\/b><\/span><\/span><\/span><\/p>\r\n\r\n<p style=\"text-align:justify\"><span style=\"font-size:11pt\"><span style=\"line-height:normal\"><span style=\"font-family:Calibri,sans-serif\"><a href=\"https:\/\/app.rdstation.email\/mail\/af66e200-91d9-49b3-87b0-e83269992dad?utm_medium=email&amp;utm_campaign=emkt_curso_classificacao_fiscal&amp;utm_source=RD+Station\" style=\"color:blue; text-decoration:underline\"><b><span style=\"font-size:14.0pt\">Curso de Classifica&ccedil;&atilde;o Fiscal para Produtos T&ecirc;xteis e Confeccionados<\/span><\/b><\/a><span style=\"font-size:14.0pt\">, 10 de setembro de 2025, 09h &agrave;s 12h, evento virtual<\/span><\/span><\/span><\/span><\/p>\r\n\r\n<p style=\"text-align:justify\"><span style=\"font-size:11pt\"><span style=\"line-height:normal\"><span style=\"font-family:Calibri,sans-serif\"><a href=\"https:\/\/www.conbrava.com.br\/\" style=\"color:blue; text-decoration:underline\"><b><span style=\"font-size:14.0pt\">CONBRAVA 2025<\/span><\/b><\/a><span style=\"font-size:14.0pt\">, 10 a 12 de setembro de 2025, S&atilde;o Paulo Expo, Rodovia dos Imigrantes, km 1,5<\/span><\/span><\/span><\/span><\/p>\r\n\r\n<p style=\"text-align:justify\"><span style=\"font-size:11pt\"><span style=\"line-height:normal\"><span style=\"font-family:Calibri,sans-serif\"><a href=\"https:\/\/assets-sam.mkt.dynamics.com\/571e75e0-1124-4795-aa34-91e4e6216e7b\/digitalassets\/standaloneforms\/5578c442-3187-f011-b4cc-000d3a893b92#msdynmkt_trackingcontext=1037a8b6-8652-48e2-b311-7a048f4a0300&amp;msdynmkt_prefill=mktprffe8fe8a821f545498d6593c9729d5a24eoprf\" style=\"color:blue; text-decoration:underline\"><b><span style=\"font-size:14.0pt\">CNI | Finan&ccedil;as Sustent&aacute;veis: impulsionando o futuro do setor produtivo<\/span><\/b><\/a><span style=\"font-size:14.0pt\">, 11 de setembro de 2025, 09h &agrave;s 13h, rua Surubim, 504, 9&ordm; andar, Brooklin Novo, S&atilde;o Paulo, SP, evento presencial<\/span><\/span><\/span><\/span><\/p>\r\n\r\n<p style=\"text-align:justify\"><span style=\"font-size:11pt\"><span style=\"line-height:normal\"><span style=\"font-family:Calibri,sans-serif\"><a href=\"https:\/\/luma.com\/0dxho6gs#msdynmkt_trackingcontext=6939027e-27cf-4e7b-8308-810921580300\" style=\"color:blue; text-decoration:underline\"><b><span style=\"font-size:14.0pt\">CNI | Invest RS, Fiergs e CNI: Ind&uacute;stria, Energia e Futuro<\/span><\/b><\/a><span style=\"font-size:14.0pt\">, 12 de setembro de 2025, 8h30 &agrave;s 12h00, rua Surubim, 504, 9&ordm; andar, Brooklin Novo, S&atilde;o Paulo, SP, evento presencial<\/span><\/span><\/span><\/span><\/p>\r\n\r\n<p style=\"text-align:justify\"><span style=\"font-size:11pt\"><span style=\"line-height:normal\"><span style=\"font-family:Calibri,sans-serif\"><a href=\"https:\/\/evento.fgv.br\/seminarioanaliseconjuntural1709\/\" style=\"color:blue; text-decoration:underline\"><b><span style=\"font-size:14.0pt\">FGV IBRE | III Semin&aacute;rio de An&aacute;lise Conjuntural<\/span><\/b><\/a><span style=\"font-size:14.0pt\">, 17 de setembro de 2025, 10h &agrave;s 11h30, Transmiss&atilde;o Youtube FGV<\/span><\/span><\/span><\/span><\/p>\r\n\r\n<p style=\"text-align:justify\"><span style=\"font-size:11pt\"><span style=\"line-height:normal\"><span style=\"font-family:Calibri,sans-serif\"><a href=\"https:\/\/plasticosemrevista.com.br\/competitividade-2025\/\" style=\"color:blue; text-decoration:underline\"><b><span style=\"font-size:14.0pt\">Semin&aacute;rio Competitividade | 15&ordf; edi&ccedil;&atilde;o | Transforma&ccedil;&atilde;o - Mercado e Ind&uacute;stria Redesenhados pela Guerra Comercial e Intelig&ecirc;ncia Artificial<\/span><\/b><\/a><span style=\"font-size:14.0pt\">, 18&middot;de setembro de 2025, Hotel Meli&aacute;, Av. Paulista, 2181, SP<\/span><\/span><\/span><\/span><\/p>\r\n\r\n<p style=\"text-align:justify\"><span style=\"font-size:11pt\"><span style=\"line-height:normal\"><span style=\"font-family:Calibri,sans-serif\"><a href=\"https:\/\/abemi.org.br\/eventos\/1ajornada-abemi\/\" style=\"color:blue; text-decoration:underline\"><b><span style=\"font-size:14.0pt\">I Jornada ABEMI de Engenharia de Projetos Industriais: &ldquo;Transformando Desafios em Resultados&rdquo;<\/span><\/b><\/a><span style=\"font-size:14.0pt\">, 23 de setembro de 2025, 08h30 &agrave;s 17h00, audit&oacute;rio da ABEMI, Rua Tabapu&atilde;, 81, S&atilde;o Paulo, SP<\/span><\/span><\/span><\/span><\/p>\r\n\r\n<p style=\"text-align:justify\"><span style=\"font-size:11pt\"><span style=\"line-height:normal\"><span style=\"font-family:Calibri,sans-serif\"><a href=\"https:\/\/paving.com.br\/\" style=\"color:blue; text-decoration:underline\"><b><span style=\"font-size:14.0pt\">Paving Expo 2025<\/span><\/b><\/a><span style=\"font-size:14.0pt\">, 23 a 25 de setembro de 2025, Distrito Anhembi, Rua Prof. Milton Rodrigues, s\/n, Santana, S&atilde;o Paulo, SP<\/span><\/span><\/span><\/span><\/p>\r\n\r\n<p style=\"text-align:justify\"><span style=\"font-size:11pt\"><span style=\"line-height:normal\"><span style=\"font-family:Calibri,sans-serif\"><a href=\"https:\/\/viex-americas.com\/eventos\/lase\/lase-2025\/\" style=\"color:blue; text-decoration:underline\"><b><span style=\"font-size:14.0pt\">LASE - L&iacute;deres Ambientais do Setor de Energia 2025<\/span><\/b><\/a><span style=\"font-size:14.0pt\">, 29 de setembro a 01 de outubro de 2025, WTC Events Center, S&atilde;o Paulo, SP<\/span><\/span><\/span><\/span><\/p>\r\n\r\n<p style=\"text-align:justify\"><span style=\"font-size:11pt\"><span style=\"line-height:normal\"><span style=\"font-family:Calibri,sans-serif\"><a href=\"https:\/\/app.rdstation.email\/mail\/2babe40a-eb86-4044-b658-43fbda6625a2?utm_medium=email&amp;utm_campaign=2108_convite_workshop_justica_trabalho_-_reenvio&amp;utm_source=RD+Station\" style=\"color:blue; text-decoration:underline\"><b><span style=\"font-size:14.0pt\">Workshop Abit | Pedidos Irreais na Justi&ccedil;a do Trabalho: Como Lidar com o Exagero Processual<\/span><\/b><\/a><span style=\"font-size:14.0pt\">, 30 de setembro de 2025, 09 &agrave;s 12h, evento h&iacute;brido<\/span><\/span><\/span><\/span><\/p>\r\n\r\n<p style=\"text-align:justify\"><span style=\"font-size:11pt\"><span style=\"line-height:normal\"><span style=\"font-family:Calibri,sans-serif\"><a href=\"https:\/\/www.instagram.com\/sobeccnacional\/p\/DA1V8NZyhNK\/?img_index=1\" style=\"color:blue; text-decoration:underline\"><b><span style=\"font-size:14.0pt\">17&ordm; Congresso Brasileiro de Enfermagem em Centro Cir&uacute;rgico: &ldquo;O poder de cuidar&rdquo;<\/span><\/b><\/a><span style=\"font-size:14.0pt\">, 01 a 03 de outubro de 2025, Transamerica Expo Center, S&atilde;o Paulo, SP<\/span><\/span><\/span><\/span><\/p>\r\n\r\n<p style=\"text-align:justify\"><span style=\"font-size:11pt\"><span style=\"line-height:normal\"><span style=\"font-family:Calibri,sans-serif\"><a href=\"https:\/\/his.saudebusiness.com\/pt\/home.html\" style=\"color:blue; text-decoration:underline\"><b><span style=\"font-size:14.0pt\">Healthcare Innovation Show (HIS)<\/span><\/b><\/a><span style=\"font-size:14.0pt\">, 01 e 02 de outubro de 2025, 09h &agrave;s 18h, S&atilde;o Paulo Expo<\/span><\/span><\/span><\/span><\/p>\r\n\r\n<p style=\"text-align:justify\"><span style=\"font-size:11pt\"><span style=\"line-height:normal\"><span style=\"font-family:Calibri,sans-serif\"><a href=\"https:\/\/www.abrafiltros.org.br\/3o-seminario-brasileiro-de-filtros-acontecera-no-dia-08-de-outubro\/\" style=\"color:blue; text-decoration:underline\"><b><span style=\"font-size:14.0pt\">3&ordm; Semin&aacute;rio Brasileiro de Filtros<\/span><\/b><\/a><span style=\"font-size:14.0pt\">, 08 de outubro de 2025, evento presencial<\/span><\/span><\/span><\/span><\/p>\r\n\r\n<p style=\"text-align:justify\"><span style=\"font-size:11pt\"><span style=\"line-height:normal\"><span style=\"font-family:Calibri,sans-serif\"><a href=\"https:\/\/hospitalmed.com.br\/feira\/\" style=\"color:blue; text-decoration:underline\"><b><span style=\"font-size:14.0pt\">HospitalMed 2025<\/span><\/b><\/a><span style=\"font-size:14.0pt\">, 22 a 24 de outubro, Pernambuco Centro de Conven&ccedil;&otilde;es, Olinda<\/span><\/span><\/span><\/span><\/p>\r\n\r\n<p style=\"text-align:justify\"><span style=\"font-size:11pt\"><span style=\"line-height:normal\"><span style=\"font-family:Calibri,sans-serif\"><a href=\"https:\/\/www.congressoabit.com.br\/\" style=\"color:blue; text-decoration:underline\"><b><span style=\"font-size:14.0pt\">Congresso Internacional Abit 2025<\/span><\/b><\/a><span style=\"font-size:14.0pt\">, 29 e 30 de outubro, 08h &agrave;s 20h, FIESP, S&atilde;o Paulo, SP<\/span><\/span><\/span><\/span><\/p>\r\n\r\n<p style=\"text-align:justify\"><span style=\"font-size:11pt\"><span style=\"line-height:normal\"><span style=\"font-family:Calibri,sans-serif\"><a href=\"https:\/\/filtech.de\/\" style=\"color:blue; text-decoration:underline\"><b><span style=\"font-size:14.0pt\">Filtech 2026<\/span><\/b><\/a><span style=\"font-size:14.0pt\">, de 30 de junho a 2 de julho, Cologne, Alemanha<\/span><\/span><\/span><\/span><\/p>\r\n\r\n<p style=\"text-align:justify\"><span style=\"font-size:11pt\"><span style=\"line-height:normal\"><span style=\"font-family:Calibri,sans-serif\"><a href=\"https:\/\/ficons.com.br\/\" style=\"color:blue; text-decoration:underline\"><b><span style=\"font-size:14.0pt\">FICONS - Feira Internacional de Materiais, Equipamentos e Servi&ccedil;os da Constru&ccedil;&atilde;o<\/span><\/b><\/a><span style=\"font-size:14.0pt\">, 15 a 18 de setembro de 2026, Centro de Conven&ccedil;&otilde;es de Pernambuco Recife\/ Olinda<\/span><\/span><\/span><\/span><\/p>\r\n\r\n<p style=\"text-align:justify\"><span style=\"font-size:28pt\"><span style=\"font-family:Cambria,serif\"><span style=\"letter-spacing:-0.5pt\"><b><span lang=\"EN-US\" style=\"font-size:18.0pt\"><span style=\"font-family:&quot;Calibri&quot;,sans-serif\"><span style=\"font-variant:small-caps\">Setor<\/span><\/span><\/span><\/b><\/span><\/span><\/span><\/p>\r\n\r\n<p style=\"text-align:justify\"><span style=\"font-size:11pt\"><span style=\"line-height:normal\"><span style=\"font-family:Calibri,sans-serif\"><a href=\"https:\/\/textile-network.com\/en\/Business\/Anti-static-protective-clothing-in-high-demand\" style=\"color:blue; text-decoration:underline\"><span lang=\"EN-US\" style=\"font-size:14.0pt\">Anti-static protective clothing in high demand<\/span><\/a><\/span><\/span><\/span><\/p>\r\n\r\n<p style=\"text-align:justify\"><span style=\"font-size:11pt\"><span style=\"line-height:normal\"><span style=\"font-family:Calibri,sans-serif\"><a href=\"https:\/\/www.plasticsnews.com\/news\/resin-makers-ready-roll-out-new-materials-k?utm_source=Sailthru&amp;utm_medium=email&amp;utm_campaign=Newsletter-KPreShow2025Newsletter-20250903\" style=\"color:blue; text-decoration:underline\"><span lang=\"EN-US\" style=\"font-size:14.0pt\">Resin makers ready to roll out new materials at K<\/span><\/a><\/span><\/span><\/span><\/p>\r\n\r\n<p style=\"text-align:justify\"><span style=\"font-size:11pt\"><span style=\"line-height:normal\"><span style=\"font-family:Calibri,sans-serif\"><a href=\"https:\/\/blogdantasbarreto.com.br\/aplicacao-de-geomanta-em-area-de-risco-e-concluida-e-joao-campos-faz-entrega\/\" style=\"color:blue; text-decoration:underline\"><span style=\"font-size:14.0pt\">Em PE: aplica&ccedil;&atilde;o de geomanta em &aacute;rea de risco &eacute; conclu&iacute;da e Jo&atilde;o Campos faz entrega<\/span><\/a><\/span><\/span><\/span><\/p>\r\n\r\n<p style=\"text-align:justify\"><span style=\"font-size:11pt\"><span style=\"line-height:normal\"><span style=\"font-family:Calibri,sans-serif\"><a href=\"https:\/\/www.meiofiltrante.com.br\/Artigo\/6204\/programa-descarte-consciente-abrafiltros-chega-a-50-milhoes-de-filtros-reciclados-\" style=\"color:blue; text-decoration:underline\"><span style=\"font-size:14.0pt\">Programa Descarte Consciente Abrafiltros chega a 50 milh&otilde;es de filtros reciclados<\/span><\/a><\/span><\/span><\/span><\/p>\r\n\r\n<p style=\"text-align:justify\"><span style=\"font-size:11pt\"><span style=\"line-height:normal\"><span style=\"font-family:Calibri,sans-serif\"><a href=\"https:\/\/www.moveisdevalor.com.br\/portal\/qual-e-o-custo-da-falta-de-representacao-politica-ao-setor?source=news\" style=\"color:blue; text-decoration:underline\"><span style=\"font-size:14.0pt\">Setor Moveleiro | Setor paga o pre&ccedil;o da falta de representa&ccedil;&atilde;o pol&iacute;tica<\/span><\/a><\/span><\/span><\/span><\/p>\r\n\r\n<p style=\"text-align:justify\"><span style=\"font-size:28pt\"><span style=\"font-family:Cambria,serif\"><span style=\"letter-spacing:-0.5pt\"><b><span style=\"font-size:18.0pt\"><span style=\"font-family:&quot;Calibri&quot;,sans-serif\"><span style=\"font-variant:small-caps\">Ind&uacute;stria<\/span><\/span><\/span><\/b><\/span><\/span><\/span><\/p>\r\n\r\n<p style=\"text-align:justify\"><span style=\"font-size:11pt\"><span style=\"line-height:normal\"><span style=\"font-family:Calibri,sans-serif\"><a href=\"https:\/\/ibre.fgv.br\/blog-da-conjuntura-economica\/artigos\/confianca-de-empresarios-e-consumidores-no-compasso-da\" style=\"color:blue; text-decoration:underline\"><span style=\"font-size:14.0pt\">Confian&ccedil;a de empres&aacute;rios e consumidores: no compasso da desacelera&ccedil;&atilde;o econ&ocirc;mica<\/span><\/a><\/span><\/span><\/span><\/p>\r\n\r\n<p style=\"text-align:justify\"><span style=\"font-size:11pt\"><span style=\"line-height:normal\"><span style=\"font-family:Calibri,sans-serif\"><a href=\"https:\/\/sinditextilsp.org.br\/home\/2025\/08\/plano-brasil-soberano-governo-apresenta-regulamentacao-de-acoes\/\" style=\"color:blue; text-decoration:underline\"><span style=\"font-size:14.0pt\">Governo explica regulamenta&ccedil;&atilde;o do Plano Brasil Soberano<\/span><\/a><\/span><\/span><\/span><\/p>\r\n\r\n<p style=\"text-align:justify\"><span style=\"font-size:11pt\"><span style=\"line-height:normal\"><span style=\"font-family:Calibri,sans-serif\"><a href=\"https:\/\/noticias.portaldaindustria.com.br\/noticias\/internacional\/cumprimos-nosso-papel-de-ser-um-facilitador-para-as-negociacoes-com-os-eua-diz-ricardo-alban-sobre-tarifaco\/\" style=\"color:blue; text-decoration:underline\"><span style=\"font-size:14.0pt\">Cumprimos nosso papel de ser um facilitador para as negocia&ccedil;&otilde;es com os EUA, diz Ricardo Alban sobre tarifa&ccedil;o<\/span><\/a><\/span><\/span><\/span><\/p>\r\n\r\n<p style=\"text-align:justify\"><span style=\"font-size:11pt\"><span style=\"line-height:normal\"><span style=\"font-family:Calibri,sans-serif\"><a href=\"https:\/\/clickpetroleoegas.com.br\/apos-tarifaco-e-brasil-cogitando-usar-lei-da-reciprocidade-contra-os-eua-empresarios-brasileiros-ligam-sinal-de-alerta-e-revelam-cogitar-ate-15-meses-sem-comercio-com-americanos-afch\/\" style=\"color:blue; text-decoration:underline\"><span style=\"font-size:14.0pt\">Ap&oacute;s tarifa&ccedil;o e Brasil cogitando usar Lei da Reciprocidade contra os EUA, empres&aacute;rios brasileiros ligam sinal de alerta e revelam cogitar at&eacute; 15 meses sem com&eacute;rcio com americanos<\/span><\/a><\/span><\/span><\/span><\/p>\r\n\r\n<p style=\"text-align:justify\"><span style=\"font-size:11pt\"><span style=\"line-height:normal\"><span style=\"font-family:Calibri,sans-serif\"><a href=\"https:\/\/veronoticias.com\/economia\/anfavea-divulga-desempenho-da-industria-automobilistica-em-agosto\/\" style=\"color:blue; text-decoration:underline\"><span style=\"font-size:14.0pt\">Anfavea divulga desempenho da ind&uacute;stria automobil&iacute;stica em agosto<\/span><\/a><\/span><\/span><\/span><\/p>\r\n\r\n<p style=\"text-align:justify\"><span style=\"font-size:28pt\"><span style=\"font-family:Cambria,serif\"><span style=\"letter-spacing:-0.5pt\"><b><span style=\"font-size:18.0pt\"><span style=\"font-family:&quot;Calibri&quot;,sans-serif\"><span style=\"font-variant:small-caps\">Sustentabilidade<\/span><\/span><\/span><\/b><\/span><\/span><\/span><\/p>\r\n\r\n<p style=\"text-align:justify\"><span style=\"font-size:11pt\"><span style=\"line-height:normal\"><span style=\"font-family:Calibri,sans-serif\"><a href=\"https:\/\/correiodoestado.com.br\/mix\/nova-regra-promete-dar-fim-as-garrafinhas-pet-tradicionais\/\" style=\"color:blue; text-decoration:underline\"><span style=\"font-size:14.0pt\">Uni&atilde;o Europeia | Nova regra promete dar fim &agrave;s garrafinhas PET tradicionais<\/span><\/a><\/span><\/span><\/span><\/p>\r\n\r\n<p style=\"text-align:justify\"><span style=\"font-size:11pt\"><span style=\"line-height:normal\"><span style=\"font-family:Calibri,sans-serif\"><a href=\"https:\/\/plasticosemrevista.com.br\/eua-nova-maneira-de-pensar-a-reciclagem\/\" style=\"color:blue; text-decoration:underline\"><span style=\"font-size:14.0pt\">EUA: nova maneira de pensar a reciclagem<\/span><\/a><\/span><\/span><\/span><\/p>\r\n\r\n<p style=\"text-align:justify\"><span style=\"font-size:11pt\"><span style=\"line-height:normal\"><span style=\"font-family:Calibri,sans-serif\"><a href=\"https:\/\/www.cartacapital.com.br\/blogs\/fashion-revolution\/reciclagem-e-uma-das-solucoes-para-o-residuo-textil-mas-a-moda-insiste-em-trata-la-como-a-unica\/\" style=\"color:blue; text-decoration:underline\"><span style=\"font-size:14.0pt\">Reciclagem &eacute; UMA das solu&ccedil;&otilde;es para o res&iacute;duo t&ecirc;xtil<\/span><\/a><\/span><\/span><\/span><\/p>\r\n\r\n<p style=\"text-align:justify\"><span style=\"font-size:11pt\"><span style=\"line-height:normal\"><span style=\"font-family:Calibri,sans-serif\"><a href=\"https:\/\/agenciabrasil.ebc.com.br\/radioagencia-nacional\/economia\/audio\/2025-09\/governo-federal-prepara-decreto-que-estimula-reciclagem-de-plastico\" style=\"color:blue; text-decoration:underline\"><span style=\"font-size:14.0pt\">Governo federal prepara decreto que estimula a reciclagem de pl&aacute;stico<\/span><\/a><\/span><\/span><\/span><\/p>\r\n\r\n<p style=\"text-align:justify\"><span style=\"font-size:28pt\"><span style=\"font-family:Cambria,serif\"><span style=\"letter-spacing:-0.5pt\"><b><span style=\"font-size:18.0pt\"><span style=\"font-family:&quot;Calibri&quot;,sans-serif\"><span style=\"font-variant:small-caps\">Inova&ccedil;&atilde;o<\/span><\/span><\/span><\/b><\/span><\/span><\/span><\/p>\r\n\r\n<p style=\"text-align:justify\"><span style=\"font-size:11pt\"><span style=\"line-height:normal\"><span style=\"font-family:Calibri,sans-serif\"><a href=\"https:\/\/noticias.uol.com.br\/meio-ambiente\/ultimas-noticias\/redacao\/2025\/09\/06\/inovacao-colombiana-usa-lixo-plastico-para-erguer-casas-e-salas-de-aula.htm\" style=\"color:blue; text-decoration:underline\"><span style=\"font-size:14.0pt\">Empresa cria tijolos de pl&aacute;stico reciclado para construir casas e escolas<\/span><\/a><\/span><\/span><\/span><\/p>\r\n\r\n<p style=\"text-align:justify\"><span style=\"font-size:11pt\"><span style=\"line-height:normal\"><span style=\"font-family:Calibri,sans-serif\"><a href=\"https:\/\/estradao.estadao.com.br\/onibus\/empresa-britanica-lanca-tecidos-para-estofados-de-onibus-feitos-de-plastico-recolhido-do-mar\/\" style=\"color:blue; text-decoration:underline\"><span style=\"font-size:14.0pt\">Empresa brit&acirc;nica lan&ccedil;a tecidos para estofados de &ocirc;nibus feitos de pl&aacute;stico recolhido do mar<\/span><\/a><\/span><\/span><\/span><\/p>\r\n\r\n<p style=\"text-align:justify\"><span style=\"font-size:11pt\"><span style=\"line-height:normal\"><span style=\"font-family:Calibri,sans-serif\"><a href=\"https:\/\/textile-network.com\/en\/Technical-Textiles\/Fasern-Garne\/How-sustainability-is-reshaping-textiles\" style=\"color:blue; text-decoration:underline\"><span lang=\"EN-US\" style=\"font-size:14.0pt\">How sustainability is reshaping textiles<\/span><\/a><\/span><\/span><\/span><\/p>\r\n\r\n<p style=\"text-align:justify\"><span style=\"font-size:28pt\"><span style=\"font-family:Cambria,serif\"><span style=\"letter-spacing:-0.5pt\"><b><span lang=\"EN-US\" style=\"font-size:18.0pt\"><span style=\"font-family:&quot;Calibri&quot;,sans-serif\"><span style=\"font-variant:small-caps\">Com&eacute;rcio Exterior<\/span><\/span><\/span><\/b><\/span><\/span><\/span><\/p>\r\n\r\n<p style=\"text-align:justify\"><span style=\"font-size:11pt\"><span style=\"line-height:normal\"><span style=\"font-family:Calibri,sans-serif\"><a href=\"https:\/\/agenciabrasil.ebc.com.br\/internacional\/noticia\/2025-09\/com-oposicao-da-franca-ue-vai-propor-acordo-comercial-com-o-mercosul\" style=\"color:blue; text-decoration:underline\"><span style=\"font-size:14.0pt\">Com oposi&ccedil;&atilde;o da Fran&ccedil;a, UE vai propor acordo comercial com o Mercosul<\/span><\/a><\/span><\/span><\/span><\/p>\r\n\r\n<p style=\"text-align:justify\"><span style=\"font-size:11pt\"><span style=\"line-height:normal\"><span style=\"font-family:Calibri,sans-serif\"><a href=\"https:\/\/apexbrasil.com.br\/content\/apexbrasil\/br\/pt\/conteudo\/noticias\/Brasil-e-Mexico-iniciam-nova-era-de-cooperacao-entre-os-dois-paises.html#msdynmkt_trackingcontext=1021cb9f-81ea-4c9a-8abb-dcc67a9e0000\" style=\"color:blue; text-decoration:underline\"><span style=\"font-size:14.0pt\">Brasil e M&eacute;xico iniciam nova era de coopera&ccedil;&atilde;o entre os dois pa&iacute;ses<\/span><\/a><\/span><\/span><\/span><\/p>\r\n\r\n<p style=\"text-align:justify\"><span style=\"font-size:11pt\"><span style=\"line-height:normal\"><span style=\"font-family:Calibri,sans-serif\"><a href=\"https:\/\/www.fibre2fashion.com\/news\/textile-news\/global-trade-faces-systemic-uncertainty-unctad-warns-304962-newsdetails.htm\" style=\"color:blue; text-decoration:underline\"><span lang=\"EN-US\" style=\"font-size:14.0pt\">Global trade faces systemic uncertainty, UNCTAD warns<\/span><\/a><\/span><\/span><\/span><\/p>\r\n\r\n<p style=\"text-align:justify\"><span style=\"font-size:28pt\"><span style=\"font-family:Cambria,serif\"><span style=\"letter-spacing:-0.5pt\"><b><span style=\"font-size:18.0pt\"><span style=\"font-family:&quot;Calibri&quot;,sans-serif\"><span style=\"font-variant:small-caps\">Economia<\/span><\/span><\/span><\/b><\/span><\/span><\/span><\/p>\r\n\r\n<p style=\"text-align:justify\"><span style=\"font-size:11pt\"><span style=\"line-height:normal\"><span style=\"font-family:Calibri,sans-serif\"><a href=\"https:\/\/www.bcb.gov.br\/content\/focus\/focus\/R20250905.pdf\" style=\"color:blue; text-decoration:underline\"><span style=\"font-size:14.0pt\">Focus - Relat&oacute;rio de Mercado<\/span><\/a><\/span><\/span><\/span><\/p>\r\n\r\n<p style=\"text-align:justify\"><span style=\"font-size:11pt\"><span style=\"line-height:normal\"><span style=\"font-family:Calibri,sans-serif\"><a href=\"https:\/\/email-editor-production.s3.amazonaws.com\/images\/59553\/29390_2025%20_%20REFORMA%20TRIBUTA%CC%81RIA%20_%20Cartilha%20Especial%20Reforma%20Tributa%CC%81ria%2001%2019_8_25.pdf?utm_medium=email&amp;utm_campaign=cartilhas_download_-_1&amp;utm_source=RD+Station\" style=\"color:blue; text-decoration:underline\"><span style=\"font-size:14.0pt\">Fecom&eacute;rcio | Cartilha 1 - Reforma Tribut&aacute;ria | Como estamos: Um raio-x sem complica&ccedil;&atilde;o das mudan&ccedil;as, da situa&ccedil;&atilde;o atual e dos impostos<\/span><\/a><\/span><\/span><\/span><\/p>\r\n\r\n<p style=\"text-align:justify\"><span style=\"font-size:11pt\"><span style=\"line-height:normal\"><span style=\"font-family:Calibri,sans-serif\"><a href=\"https:\/\/www.youtube.com\/watch?v=Q-5yUORtP-I\" style=\"color:blue; text-decoration:underline\"><span style=\"font-size:14.0pt\">FGV | Conex&atilde;o Econ&ocirc;mica | Desafios e caminhos da economia brasileira, com Nelson Barbosa<\/span><\/a><\/span><\/span><\/span><\/p>\r\n\r\n<p style=\"text-align:justify\"><img src=\"https:\/\/www.abint.org.br\/assets\/img\/editor\/redes-sociais-abint-ctg-cth_20250826142029TIeKhPrH3S.jpg\" \/><\/p>\r\n","texto_en":"","7":"","imagem":"COMP_capa-2025-site-boletim-abint-noticias-semanis_20250911181003ZjOGSAVXRg.jpg","8":"COMP_capa-2025-site-boletim-abint-noticias-semanis_20250911181003ZjOGSAVXRg.jpg","arquivo":"20250909-BOLETIM-ABINT-DE-NOTICIAS-SEMANAIS.PDF","9":"20250909-BOLETIM-ABINT-DE-NOTICIAS-SEMANAIS.PDF","titulo_arquivo":"20250909 Boletim ABINT de Not\u00edcias Semanais","10":"20250909 Boletim ABINT de Not\u00edcias Semanais","titulo_arquivo_en":"","11":"","created_at":"2025-09-11 18:10:43","12":"2025-09-11 18:10:43","updated_at":"2025-09-11 18:10:43","13":"2025-09-11 18:10:43"},{"id":191,"0":191,"ordem":31,"1":31,"data":"2025-09-02","2":"2025-09-02","slug":"boletim-abint-de-noticias-semanais-93","3":"boletim-abint-de-noticias-semanais-93","titulo":"Boletim ABINT de Not\u00edcias Semanais","4":"Boletim ABINT de Not\u00edcias Semanais","titulo_en":"","5":"","texto":"<p style=\"text-align:justify\"><span style=\"font-size:11pt\"><span style=\"line-height:normal\"><span style=\"font-family:Calibri,sans-serif\"><span style=\"font-size:14.0pt\">Esta &eacute; uma compila&ccedil;&atilde;o das not&iacute;cias mais relevantes para o setor, incluindo informa&ccedil;&otilde;es sobre acordos internacionais, economia brasileira, sustentabilidade e mat&eacute;rias primas, al&eacute;m de novidades do setor de N&atilde;otecidos e Tecidos T&eacute;cnicos.<\/span><\/span><\/span><\/span><\/p>\r\n\r\n<p style=\"text-align:justify\"><span style=\"font-size:28pt\"><span style=\"font-family:Cambria,serif\"><span style=\"letter-spacing:-0.5pt\"><b><span style=\"font-size:18.0pt\"><span style=\"font-family:&quot;Calibri&quot;,sans-serif\"><span style=\"font-variant:small-caps\">O que vem por a&iacute;<\/span><\/span><\/span><\/b><\/span><\/span><\/span><\/p>\r\n\r\n<p style=\"text-align:justify\">&nbsp;<\/p>\r\n\r\n<p class=\"MsoTitle\" style=\"text-align:justify; margin-bottom:20px\"><span style=\"font-size:18px\"><span style=\"box-sizing:border-box\"><span style=\"line-height:1.5\"><span style=\"color:#313f48\"><span style=\"font-family:&quot;Roboto Condensed&quot;, Helvetica, Arial, sans-serif\"><span style=\"font-style:normal\"><span style=\"font-variant-ligatures:normal\"><span style=\"font-weight:400\"><span style=\"white-space:normal\"><span style=\"background-color:#ffffff\"><span style=\"text-decoration-thickness:initial\"><span style=\"text-decoration-style:initial\"><span style=\"text-decoration-color:initial\"><span style=\"font-size:28pt\"><span style=\"box-sizing:border-box\"><span style=\"box-sizing:border-box\"><span style=\"font-family:Cambria, serif\"><span style=\"box-sizing:border-box\"><span style=\"letter-spacing:-0.5pt\"><b style=\"box-sizing:border-box; font-weight:bolder\"><span style=\"font-size:18pt\"><span style=\"box-sizing:border-box\"><span style=\"box-sizing:border-box\"><span style=\"font-family:Calibri, sans-serif\"><span style=\"box-sizing:border-box\"><span style=\"font-variant:small-caps\"><img src=\"https:\/\/www.abint.org.br\/assets\/img\/editor\/20250916-workshop-ctg-aterro_20250826141413jESvhNLKlO.jpg\" style=\"box-sizing:border-box; border-style:none; width:500px; height:625px\" \/><\/span><\/span><\/span><\/span><\/span><\/span><\/b><\/span><\/span><\/span><\/span><\/span><\/span><\/span><\/span><\/span><\/span><\/span><\/span><\/span><\/span><\/span><\/span><\/span><\/span><\/span><\/p>\r\n\r\n<p class=\"MsoTitle\" style=\"text-align:justify; margin-bottom:20px\"><span style=\"font-size:18px\"><span style=\"box-sizing:border-box\"><span style=\"line-height:1.5\"><span style=\"color:#313f48\"><span style=\"font-family:&quot;Roboto Condensed&quot;, Helvetica, Arial, sans-serif\"><span style=\"font-style:normal\"><span style=\"font-variant-ligatures:normal\"><span style=\"font-weight:400\"><span style=\"white-space:normal\"><span style=\"background-color:#ffffff\"><span style=\"text-decoration-thickness:initial\"><span style=\"text-decoration-style:initial\"><span style=\"text-decoration-color:initial\"><span style=\"font-size:11pt\"><span style=\"box-sizing:border-box\"><span style=\"box-sizing:border-box\"><span style=\"line-height:normal\"><span style=\"box-sizing:border-box\"><span style=\"font-family:Calibri, sans-serif\"><a href=\"https:\/\/forms.office.com\/pages\/responsepage.aspx?id=n9pNk1glrE6b5i8lS53621O-4jMsuCNBqhQBI597U0lUQVZUMlE2TkNVUFAzQ1I4S1hXMllTRU9SRC4u&amp;route=shorturl\" style=\"box-sizing:border-box; text-decoration:underline; color:blue; transition:color 0.3s\"><b style=\"box-sizing:border-box; font-weight:bolder\"><span style=\"font-size:14pt\"><span style=\"box-sizing:border-box\">Acesse aqui para fazer sua inscri&ccedil;&atilde;o<\/span><\/span><\/b><\/a><\/span><\/span><\/span><\/span><\/span><\/span><\/span><\/span><\/span><\/span><\/span><\/span><\/span><\/span><\/span><\/span><\/span><\/span><\/span><\/p>\r\n\r\n<p style=\"text-align:justify; margin-bottom:20px\"><span style=\"font-size:18px\"><span style=\"box-sizing:border-box\"><span style=\"line-height:1.5\"><span style=\"color:#313f48\"><span style=\"font-family:&quot;Roboto Condensed&quot;, Helvetica, Arial, sans-serif\"><span style=\"font-style:normal\"><span style=\"font-variant-ligatures:normal\"><span style=\"font-weight:400\"><span style=\"white-space:normal\"><span style=\"background-color:#ffffff\"><span style=\"text-decoration-thickness:initial\"><span style=\"text-decoration-style:initial\"><span style=\"text-decoration-color:initial\">&nbsp;<\/span><\/span><\/span><\/span><\/span><\/span><\/span><\/span><\/span><\/span><\/span><\/span><\/span><\/p>\r\n\r\n<p style=\"text-align:start; margin-bottom:20px\"><span style=\"font-size:18px\"><span style=\"box-sizing:border-box\"><span style=\"line-height:1.5\"><span style=\"color:#313f48\"><span style=\"font-family:&quot;Roboto Condensed&quot;, Helvetica, Arial, sans-serif\"><span style=\"font-style:normal\"><span style=\"font-variant-ligatures:normal\"><span style=\"font-weight:400\"><span style=\"white-space:normal\"><span style=\"background-color:#ffffff\"><span style=\"text-decoration-thickness:initial\"><span style=\"text-decoration-style:initial\"><span style=\"text-decoration-color:initial\"><b style=\"box-sizing:border-box; font-weight:bolder\"><img src=\"https:\/\/www.abint.org.br\/assets\/img\/editor\/2o-seminario-abrafiltros-abint-apoiador_2025072217401523mrTUXRqU.png\" style=\"box-sizing:border-box; border-style:none; width:500px; height:500px\" \/><\/b><\/span><\/span><\/span><\/span><\/span><\/span><\/span><\/span><\/span><\/span><\/span><\/span><\/span><\/p>\r\n\r\n<p style=\"text-align:start; margin-bottom:20px\"><span style=\"font-size:18px\"><span style=\"box-sizing:border-box\"><span style=\"line-height:1.5\"><span style=\"color:#313f48\"><span style=\"font-family:&quot;Roboto Condensed&quot;, Helvetica, Arial, sans-serif\"><span style=\"font-style:normal\"><span style=\"font-variant-ligatures:normal\"><span style=\"font-weight:400\"><span style=\"white-space:normal\"><span style=\"background-color:#ffffff\"><span style=\"text-decoration-thickness:initial\"><span style=\"text-decoration-style:initial\"><span style=\"text-decoration-color:initial\"><span style=\"font-size:11pt\"><span style=\"box-sizing:border-box\"><span style=\"box-sizing:border-box\"><span style=\"line-height:normal\"><span style=\"box-sizing:border-box\"><span style=\"font-family:Calibri, sans-serif\"><a href=\"https:\/\/doity.com.br\/3-seminario-brasileiro-de-filtros\" style=\"box-sizing:border-box; text-decoration:underline; color:blue; transition:color 0.3s\"><b style=\"box-sizing:border-box; font-weight:bolder\"><span style=\"font-size:14pt\"><span style=\"box-sizing:border-box\">Acesse aqui mais informa&ccedil;&otilde;es<\/span><\/span><\/b><\/a><\/span><\/span><\/span><\/span><\/span><\/span><\/span><\/span><\/span><\/span><\/span><\/span><\/span><\/span><\/span><\/span><\/span><\/span><\/span><\/p>\r\n\r\n<p style=\"text-align:start; margin-bottom:20px\"><span style=\"font-size:18px\"><span style=\"box-sizing:border-box\"><span style=\"line-height:1.5\"><span style=\"color:#313f48\"><span style=\"font-family:&quot;Roboto Condensed&quot;, Helvetica, Arial, sans-serif\"><span style=\"font-style:normal\"><span style=\"font-variant-ligatures:normal\"><span style=\"font-weight:400\"><span style=\"white-space:normal\"><span style=\"background-color:#ffffff\"><span style=\"text-decoration-thickness:initial\"><span style=\"text-decoration-style:initial\"><span style=\"text-decoration-color:initial\">&nbsp;<\/span><\/span><\/span><\/span><\/span><\/span><\/span><\/span><\/span><\/span><\/span><\/span><\/span><\/p>\r\n\r\n<p style=\"text-align:start; margin-bottom:20px\"><span style=\"font-size:18px\"><span style=\"box-sizing:border-box\"><span style=\"line-height:1.5\"><span style=\"color:#313f48\"><span style=\"font-family:&quot;Roboto Condensed&quot;, Helvetica, Arial, sans-serif\"><span style=\"font-style:normal\"><span style=\"font-variant-ligatures:normal\"><span style=\"font-weight:400\"><span style=\"white-space:normal\"><span style=\"background-color:#ffffff\"><span style=\"text-decoration-thickness:initial\"><span style=\"text-decoration-style:initial\"><span style=\"text-decoration-color:initial\"><img src=\"https:\/\/www.abint.org.br\/assets\/img\/editor\/congresso-internacional-abit-2025_20250722174119edr5xq8iJH.png\" style=\"box-sizing:border-box; border-style:none; max-width:100%; width:700px; height:256px; object-fit:contain\" \/><\/span><\/span><\/span><\/span><\/span><\/span><\/span><\/span><\/span><\/span><\/span><\/span><\/span><\/p>\r\n\r\n<p style=\"text-align:start; margin-bottom:20px\"><span style=\"font-size:18px\"><span style=\"box-sizing:border-box\"><span style=\"line-height:1.5\"><span style=\"color:#313f48\"><span style=\"font-family:&quot;Roboto Condensed&quot;, Helvetica, Arial, sans-serif\"><span style=\"font-style:normal\"><span style=\"font-variant-ligatures:normal\"><span style=\"font-weight:400\"><span style=\"white-space:normal\"><span style=\"background-color:#ffffff\"><span style=\"text-decoration-thickness:initial\"><span style=\"text-decoration-style:initial\"><span style=\"text-decoration-color:initial\"><span style=\"font-size:11pt\"><span style=\"box-sizing:border-box\"><span style=\"box-sizing:border-box\"><span style=\"line-height:normal\"><span style=\"box-sizing:border-box\"><span style=\"font-family:Calibri, sans-serif\"><a href=\"https:\/\/www.congressoabit.com.br\/\" style=\"box-sizing:border-box; text-decoration:underline; color:blue; transition:color 0.3s\"><b style=\"box-sizing:border-box; font-weight:bolder\"><span style=\"font-size:14pt\"><span style=\"box-sizing:border-box\">Acesse aqui mais informa&ccedil;&otilde;es<\/span><\/span><\/b><\/a><\/span><\/span><\/span><\/span><\/span><\/span><\/span><\/span><\/span><\/span><\/span><\/span><\/span><\/span><\/span><\/span><\/span><\/span><\/span><\/p>\r\n\r\n<p style=\"text-align:start; margin-bottom:20px\">&nbsp;<\/p>\r\n\r\n<p class=\"MsoTitle\" style=\"text-align:justify\"><span style=\"font-size:28pt\"><span style=\"font-family:Cambria,serif\"><span style=\"letter-spacing:-0.5pt\"><b><span style=\"font-size:18.0pt\"><span style=\"font-family:&quot;Calibri&quot;,sans-serif\"><span style=\"font-variant:small-caps\">Not&iacute;cias das Associadas<\/span><\/span><\/span><\/b><\/span><\/span><\/span><\/p>\r\n\r\n<p style=\"text-align:justify\"><span style=\"font-size:11pt\"><span style=\"line-height:normal\"><span style=\"font-family:Calibri,sans-serif\"><a href=\"https:\/\/tissueonline.com.br\/andritz-fornecera-tecnologias-de-recuperacao-quimica-para-fabrica-da-chung-hwa-pulp-em-taiwan\/\" style=\"color:blue; text-decoration:underline\"><span style=\"font-size:14.0pt\">ANDRITZ fornecer&aacute; tecnologias de recupera&ccedil;&atilde;o qu&iacute;mica para f&aacute;brica da Chung Hwa Pulp em Taiwan<\/span><\/a><\/span><\/span><\/span><\/p>\r\n\r\n<p style=\"text-align:justify\"><span style=\"font-size:11pt\"><span style=\"line-height:normal\"><span style=\"font-family:Calibri,sans-serif\"><a href=\"https:\/\/www.fibertex.com\/about-us\/news-and-events\/spunlace-expansion?advertiser=101768_NON_eNL_2nd-Position-Native-Ad_Title&amp;utm_campaign=NON%20eNewsletter&amp;utm_medium=email&amp;_hsenc=p2ANqtz-8k8HhPSy6-Xrd92wVk5mPRWHZHaH3rG3DpArOXZYzEoBNWEHwBn1Y_lzPK62GLfdDaamR5evPNpnkoihgfdaPLVNMJIA&amp;_hsmi=378028239&amp;utm_content=378028239&amp;utm_source=hs_email\" style=\"color:blue; text-decoration:underline\"><span lang=\"EN-US\" style=\"font-size:14.0pt\">Fibertex: Shaping the Future of Spunlace<\/span><\/a> <\/span><\/span><\/span><\/p>\r\n\r\n<p style=\"text-align:justify\">&nbsp;<\/p>\r\n\r\n<p style=\"text-align:justify\"><span style=\"font-size:11pt\"><span style=\"line-height:normal\"><span style=\"font-family:Calibri,sans-serif\"><b><span style=\"font-size:18.0pt\"><span style=\"font-variant:small-caps\">Eventos<\/span><\/span><\/b><\/span><\/span><\/span><\/p>\r\n\r\n<p style=\"text-align:justify\">&nbsp;<\/p>\r\n\r\n<p style=\"text-align:justify\"><span style=\"font-size:11pt\"><span style=\"line-height:normal\"><span style=\"font-family:Calibri,sans-serif\"><a href=\"https:\/\/sticni.sharepoint.com\/sites\/PublicShare\/Compartilhamentos\/Forms\/AllItems.aspx?id=%2Fsites%2FPublicShare%2FCompartilhamentos%2FCNI%2D133649%2FPrograma%20Imers%C3%B5es%20em%20Ecossistemas%2FImers%C3%A3o%20Finlandia%20em%20Economia%20Circular%2E%201%2Epdf&amp;parent=%2Fsites%2FPublicShare%2FCompartilhamentos%2FCNI%2D133649%2FPrograma%20Imers%C3%B5es%20em%20Ecossistemas&amp;p=true&amp;ga=1\" style=\"color:blue; text-decoration:underline\"><b><span style=\"font-size:14.0pt\">CNI | Imers&atilde;o Finl&acirc;ndia: Uma conex&atilde;o global com a Economia Circular<\/span><\/b><\/a><span style=\"font-size:14.0pt\">, 01 a 05 de setembro de 2025, inscri&ccedil;&otilde;es at&eacute; 10 de agosto de 2025 ou se encerrarem as vagas, cidades destinos: Helsinki (cidade base), Tampere e Espoo.<\/span><\/span><\/span><\/span><\/p>\r\n\r\n<p style=\"text-align:justify\"><span style=\"font-size:11pt\"><span style=\"line-height:normal\"><span style=\"font-family:Calibri,sans-serif\"><a href=\"https:\/\/app.isend.com.br\/iSend\/view\/9DE9D0742A340411A1E8E7365679128474B3CF88A4665487BDD910C518D01ECAFFD441B57ADE0426\" style=\"color:blue; text-decoration:underline\"><b><span style=\"font-size:14.0pt\">FIESP | Debate sobre a nova geopol&iacute;tica e o papel do Brasil no cen&aacute;rio global<\/span><\/b><\/a><span style=\"font-size:14.0pt\">, 04 de setembro de 2025, 09h, sede da Fiesp<\/span><\/span><\/span><\/span><\/p>\r\n\r\n<p style=\"text-align:justify\"><span style=\"font-size:11pt\"><span style=\"line-height:normal\"><span style=\"font-family:Calibri,sans-serif\"><a href=\"https:\/\/app.rdstation.email\/mail\/af66e200-91d9-49b3-87b0-e83269992dad?utm_medium=email&amp;utm_campaign=emkt_curso_classificacao_fiscal&amp;utm_source=RD+Station\" style=\"color:blue; text-decoration:underline\"><b><span style=\"font-size:14.0pt\">Curso de Classifica&ccedil;&atilde;o Fiscal para Produtos T&ecirc;xteis e Confeccionados<\/span><\/b><\/a><span style=\"font-size:14.0pt\">, 10 de setembro de 2025, 09h &agrave;s 12h, evento virtual<\/span><\/span><\/span><\/span><\/p>\r\n\r\n<p style=\"text-align:justify\"><span style=\"font-size:11pt\"><span style=\"line-height:normal\"><span style=\"font-family:Calibri,sans-serif\"><a href=\"https:\/\/www.conbrava.com.br\/\" style=\"color:blue; text-decoration:underline\"><b><span style=\"font-size:14.0pt\">CONBRAVA 2025<\/span><\/b><\/a><span style=\"font-size:14.0pt\">, 10 a 12 de setembro de 2025, S&atilde;o Paulo Expo, Rodovia dos Imigrantes, km 1,5<\/span><\/span><\/span><\/span><\/p>\r\n\r\n<p style=\"text-align:justify\"><span style=\"font-size:11pt\"><span style=\"line-height:normal\"><span style=\"font-family:Calibri,sans-serif\"><a href=\"https:\/\/assets-sam.mkt.dynamics.com\/571e75e0-1124-4795-aa34-91e4e6216e7b\/digitalassets\/standaloneforms\/5578c442-3187-f011-b4cc-000d3a893b92#msdynmkt_trackingcontext=1037a8b6-8652-48e2-b311-7a048f4a0300&amp;msdynmkt_prefill=mktprffe8fe8a821f545498d6593c9729d5a24eoprf\" style=\"color:blue; text-decoration:underline\"><b><span style=\"font-size:14.0pt\">CNI | Finan&ccedil;as Sustent&aacute;veis: impulsionando o futuro do setor produtivo<\/span><\/b><\/a><span style=\"font-size:14.0pt\">, 11 de setembro de 2025, 09h &agrave;s 13h, Rua Surubim, 504, 9&ordm; andar, Brooklin Novo, S&atilde;o Paulo, SP, evento presencial<\/span><\/span><\/span><\/span><\/p>\r\n\r\n<p style=\"text-align:justify\"><span style=\"font-size:11pt\"><span style=\"line-height:normal\"><span style=\"font-family:Calibri,sans-serif\"><a href=\"https:\/\/evento.fgv.br\/seminarioanaliseconjuntural1709\/\" style=\"color:blue; text-decoration:underline\"><b><span style=\"font-size:14.0pt\">FGV IBRE | III Semin&aacute;rio de An&aacute;lise Conjuntural<\/span><\/b><\/a><span style=\"font-size:14.0pt\">, 17 de setembro de 2025, 10h &agrave;s 11h30, Transmiss&atilde;o Youtube FGV<\/span><\/span><\/span><\/span><\/p>\r\n\r\n<p style=\"text-align:justify\"><span style=\"font-size:11pt\"><span style=\"line-height:normal\"><span style=\"font-family:Calibri,sans-serif\"><a href=\"https:\/\/plasticosemrevista.com.br\/competitividade-2025\/\" style=\"color:blue; text-decoration:underline\"><b><span style=\"font-size:14.0pt\">Semin&aacute;rio Competitividade | 15&ordf; edi&ccedil;&atilde;o | Transforma&ccedil;&atilde;o - Mercado e Ind&uacute;stria Redesenhados pela Guerra Comercial e Intelig&ecirc;ncia Artificial<\/span><\/b><\/a><span style=\"font-size:14.0pt\">, 18&middot;de setembro de 2025, Hotel Meli&aacute;, Av. Paulista, 2181, SP<\/span><\/span><\/span><\/span><\/p>\r\n\r\n<p style=\"text-align:justify\"><span style=\"font-size:11pt\"><span style=\"line-height:normal\"><span style=\"font-family:Calibri,sans-serif\"><a href=\"https:\/\/paving.com.br\/\" style=\"color:blue; text-decoration:underline\"><b><span style=\"font-size:14.0pt\">Paving Expo 2025<\/span><\/b><\/a><span style=\"font-size:14.0pt\">, 23 a 25 de setembro de 2025, Distrito Anhembi, Rua Prof. Milton Rodrigues, s\/n, Santana, S&atilde;o Paulo, SP<\/span><\/span><\/span><\/span><\/p>\r\n\r\n<p style=\"text-align:justify\"><span style=\"font-size:11pt\"><span style=\"line-height:normal\"><span style=\"font-family:Calibri,sans-serif\"><a href=\"https:\/\/viex-americas.com\/eventos\/lase\/lase-2025\/\" style=\"color:blue; text-decoration:underline\"><b><span style=\"font-size:14.0pt\">LASE - L&iacute;deres Ambientais do Setor de Energia 2025<\/span><\/b><\/a><span style=\"font-size:14.0pt\">, 29 de setembro a 01 de outubro de 2025, WTC Events Center, S&atilde;o Paulo, SP<\/span><\/span><\/span><\/span><\/p>\r\n\r\n<p style=\"text-align:justify\"><span style=\"font-size:11pt\"><span style=\"line-height:normal\"><span style=\"font-family:Calibri,sans-serif\"><a href=\"https:\/\/app.rdstation.email\/mail\/2babe40a-eb86-4044-b658-43fbda6625a2?utm_medium=email&amp;utm_campaign=2108_convite_workshop_justica_trabalho_-_reenvio&amp;utm_source=RD+Station\" style=\"color:blue; text-decoration:underline\"><b><span style=\"font-size:14.0pt\">Workshop Abit | Pedidos Irreais na Justi&ccedil;a do Trabalho: Como Lidar com o Exagero Processual<\/span><\/b><\/a><span style=\"font-size:14.0pt\">, 30 de setembro de 2025, 09 &agrave;s 12h, evento h&iacute;brido<\/span><\/span><\/span><\/span><\/p>\r\n\r\n<p style=\"text-align:justify\"><span style=\"font-size:11pt\"><span style=\"line-height:normal\"><span style=\"font-family:Calibri,sans-serif\"><a href=\"https:\/\/www.instagram.com\/sobeccnacional\/p\/DA1V8NZyhNK\/?img_index=1\" style=\"color:blue; text-decoration:underline\"><b><span style=\"font-size:14.0pt\">17&ordm; Congresso Brasileiro de Enfermagem em Centro Cir&uacute;rgico: &ldquo;O poder de cuidar&rdquo;<\/span><\/b><\/a><span style=\"font-size:14.0pt\">, 01 a 03 de outubro de 2025, Transamerica Expo Center, S&atilde;o Paulo, SP<\/span><\/span><\/span><\/span><\/p>\r\n\r\n<p style=\"text-align:justify\"><span style=\"font-size:11pt\"><span style=\"line-height:normal\"><span style=\"font-family:Calibri,sans-serif\"><a href=\"https:\/\/his.saudebusiness.com\/pt\/home.html\" style=\"color:blue; text-decoration:underline\"><b><span style=\"font-size:14.0pt\">Healthcare Innovation Show (HIS)<\/span><\/b><\/a><span style=\"font-size:14.0pt\">, 01 e 02 de outubro de 2025, 09h &agrave;s 18h, S&atilde;o Paulo Expo<\/span><\/span><\/span><\/span><\/p>\r\n\r\n<p style=\"text-align:justify\"><span style=\"font-size:11pt\"><span style=\"line-height:normal\"><span style=\"font-family:Calibri,sans-serif\"><a href=\"https:\/\/www.abrafiltros.org.br\/3o-seminario-brasileiro-de-filtros-acontecera-no-dia-08-de-outubro\/\" style=\"color:blue; text-decoration:underline\"><b><span style=\"font-size:14.0pt\">3&ordm; Semin&aacute;rio Brasileiro de Filtros<\/span><\/b><\/a><span style=\"font-size:14.0pt\">, 08 de outubro de 2025, evento presencial<\/span><\/span><\/span><\/span><\/p>\r\n\r\n<p style=\"text-align:justify\"><span style=\"font-size:11pt\"><span style=\"line-height:normal\"><span style=\"font-family:Calibri,sans-serif\"><a href=\"https:\/\/hospitalmed.com.br\/feira\/\" style=\"color:blue; text-decoration:underline\"><b><span style=\"font-size:14.0pt\">HospitalMed 2025<\/span><\/b><\/a><span style=\"font-size:14.0pt\">, 22 a 24 de outubro, Pernambuco Centro de Conven&ccedil;&otilde;es, Olinda<\/span><\/span><\/span><\/span><\/p>\r\n\r\n<p style=\"text-align:justify\"><span style=\"font-size:11pt\"><span style=\"line-height:normal\"><span style=\"font-family:Calibri,sans-serif\"><a href=\"https:\/\/www.congressoabit.com.br\/\" style=\"color:blue; text-decoration:underline\"><b><span style=\"font-size:14.0pt\">Congresso Internacional Abit 2025<\/span><\/b><\/a><span style=\"font-size:14.0pt\">, 29 e 30 de outubro, 08h &agrave;s 20h, FIESP, S&atilde;o Paulo, SP<\/span><\/span><\/span><\/span><\/p>\r\n\r\n<p style=\"text-align:justify\"><span style=\"font-size:11pt\"><span style=\"line-height:normal\"><span style=\"font-family:Calibri,sans-serif\"><a href=\"https:\/\/filtech.de\/\" style=\"color:blue; text-decoration:underline\"><b><span style=\"font-size:14.0pt\">Filtech 2026<\/span><\/b><\/a><span style=\"font-size:14.0pt\">, de 30 de junho a 2 de julho, Cologne, Alemanha<\/span><\/span><\/span><\/span><\/p>\r\n\r\n<p style=\"text-align:justify\"><span style=\"font-size:11pt\"><span style=\"line-height:normal\"><span style=\"font-family:Calibri,sans-serif\"><a href=\"https:\/\/ficons.com.br\/\" style=\"color:blue; text-decoration:underline\"><b><span style=\"font-size:14.0pt\">FICONS - Feira Internacional de Materiais, Equipamentos e Servi&ccedil;os da Constru&ccedil;&atilde;o<\/span><\/b><\/a><span style=\"font-size:14.0pt\">, 15 a 18 de setembro de 2026, Centro de Conven&ccedil;&otilde;es de Pernambuco Recife\/ Olinda<\/span><\/span><\/span><\/span><\/p>\r\n\r\n<p style=\"text-align:justify\"><span style=\"font-size:28pt\"><span style=\"font-family:Cambria,serif\"><span style=\"letter-spacing:-0.5pt\"><b><span style=\"font-size:18.0pt\"><span style=\"font-family:&quot;Calibri&quot;,sans-serif\"><span style=\"font-variant:small-caps\">Setor<\/span><\/span><\/span><\/b><\/span><\/span><\/span><\/p>\r\n\r\n<p style=\"text-align:justify\"><span style=\"font-size:11pt\"><span style=\"line-height:normal\"><span style=\"font-family:Calibri,sans-serif\"><a href=\"https:\/\/www.nonwovens-industry.com\/contents\/view_breaking-news\/2025-08-26\/report-procter-gamble-making-bum-bum-diapers-in-china?utm_campaign=NON%20eNewsletter&amp;utm_medium=email&amp;_hsenc=p2ANqtz-_WUGybunJBlVFfvijYl8PPmIGRtpcv6uaaCRJFI9tWoWnwChyV6tGWj2P-aIBqw1_jmZfH_vdo1P1ZR2-0TGxQOifMrA&amp;_hsmi=378028239&amp;utm_content=378028239&amp;utm_source=hs_email\" style=\"color:blue; text-decoration:underline\"><span lang=\"EN-US\" style=\"font-size:14.0pt\">Report: Procter &amp; Gamble Making Bum Bum Diapers in China<\/span><\/a><\/span><\/span><\/span><\/p>\r\n\r\n<p style=\"text-align:justify\"><span style=\"font-size:11pt\"><span style=\"line-height:normal\"><span style=\"font-family:Calibri,sans-serif\"><a href=\"https:\/\/www.intergols.com.br\/comunicado-de-imprensa\/tecido-nao-tecido-de-filtro-meltblown-tamanho-do-mercado-de-2025-a-2032-e-oportunidades-ilimitadas-para-novas-empresas\/38769\/\" style=\"color:blue; text-decoration:underline\"><span style=\"font-size:14.0pt\">Tecido n&atilde;o tecido de filtro Meltblown Tamanho do mercado de 2025 a 2032 e oportunidades ilimitadas para novas empresas<\/span><\/a><\/span><\/span><\/span><\/p>\r\n\r\n<p style=\"text-align:justify\"><span style=\"font-size:11pt\"><span style=\"line-height:normal\"><span style=\"font-family:Calibri,sans-serif\"><a href=\"https:\/\/www.gov.br\/inmetro\/pt-br\/centrais-de-conteudo\/noticias\/regulamentacao-de-calcados-inmetro-implementa-novas-regras-para-combater-a-pirataria-e-proteger-o-consumidor\" style=\"color:blue; text-decoration:underline\"><span style=\"font-size:14.0pt\">Regulamenta&ccedil;&atilde;o de Cal&ccedil;ados: Inmetro implementa novas regras para combater a pirataria e proteger o consumidor<\/span><\/a><\/span><\/span><\/span><\/p>\r\n\r\n<p style=\"text-align:justify\"><span style=\"font-size:11pt\"><span style=\"line-height:normal\"><span style=\"font-family:Calibri,sans-serif\"><a href=\"https:\/\/plasticosemrevista.com.br\/uma-pergunta\/\" style=\"color:blue; text-decoration:underline\"><span style=\"font-size:14.0pt\">Jos&eacute; Ricardo Roriz Coelho: Daqui por diante, pedidos de antidumping para resinas importadas dos EUA devem ou n&atilde;o ficar em compasso de espera devido ao tarifa&ccedil;o e amea&ccedil;a de a&ccedil;&otilde;es retaliat&oacute;rias pelo governo Trump?<\/span><\/a><\/span><\/span><\/span><\/p>\r\n\r\n<p style=\"text-align:justify\"><span style=\"font-size:11pt\"><span style=\"line-height:normal\"><span style=\"font-family:Calibri,sans-serif\"><a href=\"https:\/\/plasticosemrevista.com.br\/distribuicao-de-pp-e-pe-importacoes-tomam-lideranca-das-resinas-nacionais\/\" style=\"color:blue; text-decoration:underline\"><span style=\"font-size:14.0pt\">Distribui&ccedil;&atilde;o de PP e PE: importa&ccedil;&otilde;es tomam lideran&ccedil;a das resinas nacionais<\/span><\/a><\/span><\/span><\/span><\/p>\r\n\r\n<p style=\"text-align:justify\"><span style=\"font-size:11pt\"><span style=\"line-height:normal\"><span style=\"font-family:Calibri,sans-serif\"><a href=\"https:\/\/plasticosemrevista.com.br\/coreia-do-sul-planeja-reestruturar-petroquimica\/\" style=\"color:blue; text-decoration:underline\"><span style=\"font-size:14.0pt\">Coreia do Sul planeja reestruturar petroqu&iacute;mica<\/span><\/a><\/span><\/span><\/span><\/p>\r\n\r\n<p style=\"text-align:justify\"><span style=\"font-size:11pt\"><span style=\"line-height:normal\"><span style=\"font-family:Calibri,sans-serif\"><a href=\"https:\/\/textile-network.com\/en\/Technical-Textiles\/Fasern-Garne\/Swiss-wool-between-potential-and-pressure\" style=\"color:blue; text-decoration:underline\"><span lang=\"EN-US\" style=\"font-size:14.0pt\">Swiss wool between potential and pressure<\/span><\/a><\/span><\/span><\/span><\/p>\r\n\r\n<p style=\"text-align:justify\"><span style=\"font-size:28pt\"><span style=\"font-family:Cambria,serif\"><span style=\"letter-spacing:-0.5pt\"><b><span style=\"font-size:18.0pt\"><span style=\"font-family:&quot;Calibri&quot;,sans-serif\"><span style=\"font-variant:small-caps\">Ind&uacute;stria<\/span><\/span><\/span><\/b><\/span><\/span><\/span><\/p>\r\n\r\n<p style=\"text-align:justify\"><span style=\"font-size:11pt\"><span style=\"line-height:normal\"><span style=\"font-family:Calibri,sans-serif\"><a href=\"https:\/\/portalibre.fgv.br\/system\/files\/divulgacao\/noticias\/mat-complementar\/2025-08\/Sondagem%20da%20Industria%20FGV_press%20release_Ago25.pdf\" style=\"color:blue; text-decoration:underline\"><span style=\"font-size:14.0pt\">Confian&ccedil;a da ind&uacute;stria tem maior queda desde a pandemia<\/span><\/a><\/span><\/span><\/span><\/p>\r\n\r\n<p style=\"text-align:justify\"><span style=\"font-size:11pt\"><span style=\"line-height:normal\"><span style=\"font-family:Calibri,sans-serif\"><a href=\"https:\/\/portalibre.fgv.br\/system\/files\/divulgacao\/noticias\/mat-complementar\/2025-09\/%C3%8Dndice%20de%20Confian%C3%A7a%20Empresarial%20FGV_press%20release_Ago25.pdf\" style=\"color:blue; text-decoration:underline\"><span style=\"font-size:14.0pt\">Confian&ccedil;a Empresarial cai pelo terceiro m&ecirc;s seguido<\/span><\/a><\/span><\/span><\/span><\/p>\r\n\r\n<p style=\"text-align:justify\"><span style=\"font-size:11pt\"><span style=\"line-height:normal\"><span style=\"font-family:Calibri,sans-serif\"><a href=\"https:\/\/noticias.portaldaindustria.com.br\/posicionamentos\/projeto-que-reduz-incentivos-fiscais-aumentara-carga-tributaria-e-atingira-em-cheio-a-industria-avalia-cni\/\" style=\"color:blue; text-decoration:underline\"><span style=\"font-size:14.0pt\">Projeto que reduz incentivos fiscais aumentar&aacute; carga tribut&aacute;ria e atingir&aacute; em cheio a ind&uacute;stria, avalia CNI<\/span><\/a><\/span><\/span><\/span><\/p>\r\n\r\n<p style=\"text-align:justify\"><span style=\"font-size:11pt\"><span style=\"line-height:normal\"><span style=\"font-family:Calibri,sans-serif\"><a href=\"https:\/\/www.moveisdevalor.com.br\/portal\/trump-protege-as-industrias-dos-eua.-e-quem-protege-as-nossas?source=news\" style=\"color:blue; text-decoration:underline\"><span style=\"font-size:14.0pt\">Trump cuida das empresas dos EUA. E de nossas ind&uacute;strias, quem cuida?<\/span><\/a><\/span><\/span><\/span><\/p>\r\n\r\n<p style=\"text-align:justify\"><span style=\"font-size:11pt\"><span style=\"line-height:normal\"><span style=\"font-family:Calibri,sans-serif\"><a href=\"https:\/\/sindusconsp.com.br\/manifesto-da-construcao-civil-propoe-modernizacao-das-leis-trabalhistas-e-tributarias\/\" style=\"color:blue; text-decoration:underline\"><span style=\"font-size:14.0pt\">Manifesto da Constru&ccedil;&atilde;o Civil prop&otilde;e moderniza&ccedil;&atilde;o das leis trabalhistas e tribut&aacute;rias<\/span><\/a><\/span><\/span><\/span><\/p>\r\n\r\n<p style=\"text-align:justify\"><span style=\"font-size:11pt\"><span style=\"line-height:normal\"><span style=\"font-family:Calibri,sans-serif\"><a href=\"https:\/\/www.autodata.com.br\/noticias\/2025\/08\/28\/anfavea-e-sinfavea-definem-nova-diretoria\/93153\/\" style=\"color:blue; text-decoration:underline\"><span style=\"font-size:14.0pt\">Anfavea e Sinfavea definem nova diretoria<\/span><\/a><\/span><\/span><\/span><\/p>\r\n\r\n<p style=\"text-align:justify\"><span style=\"font-size:11pt\"><span style=\"line-height:normal\"><span style=\"font-family:Calibri,sans-serif\"><a href=\"https:\/\/revistaplasticosul.com.br\/sustentabilidade\/industria-brasileira-de-embalagens-plasticas-flexiveis-mostra-resiliencia-mas-encerra-2o-trimestre-sob-pressao\/\" style=\"color:blue; text-decoration:underline\"><span style=\"font-size:14.0pt\">Ind&uacute;stria brasileira de embalagens pl&aacute;sticas flex&iacute;veis mostra resili&ecirc;ncia, mas encerra segundo trimestre sob press&atilde;o<\/span><\/a> <\/span><\/span><\/span><\/p>\r\n\r\n<p style=\"text-align:justify\"><span style=\"font-size:28pt\"><span style=\"font-family:Cambria,serif\"><span style=\"letter-spacing:-0.5pt\"><b><span style=\"font-size:18.0pt\"><span style=\"font-family:&quot;Calibri&quot;,sans-serif\"><span style=\"font-variant:small-caps\">Sustentabilidade<\/span><\/span><\/span><\/b><\/span><\/span><\/span><\/p>\r\n\r\n<p style=\"text-align:justify\"><span style=\"font-size:11pt\"><span style=\"line-height:normal\"><span style=\"font-family:Calibri,sans-serif\"><a href=\"https:\/\/www.gazetasp.com.br\/cotidiano\/descubra-4-paises-poluem-oceanos-plastico\/1162140\/\" style=\"color:blue; text-decoration:underline\"><span style=\"font-size:14.0pt\">Descubra os 4 pa&iacute;ses que mais poluem os oceanos com pl&aacute;stico<\/span><\/a><\/span><\/span><\/span><\/p>\r\n\r\n<p style=\"text-align:justify\"><span style=\"font-size:11pt\"><span style=\"line-height:normal\"><span style=\"font-family:Calibri,sans-serif\"><a href=\"https:\/\/www.textileindustry.net\/sustainability-challenges-in-technical-textiles\/\" style=\"color:blue; text-decoration:underline\"><span lang=\"ES-AR\" style=\"font-size:14.0pt\">Sustainability Challenges in Technical Textiles and Protective Clothing<\/span><\/a><\/span><\/span><\/span><\/p>\r\n\r\n<p style=\"text-align:justify\"><span style=\"font-size:11pt\"><span style=\"line-height:normal\"><span style=\"font-family:Calibri,sans-serif\"><a href=\"https:\/\/www.medtechdive.com\/spons\/sustainable-medical-device-packaging-solutions-mono-materials-that-perform\/757851\/\" style=\"color:blue; text-decoration:underline\"><span lang=\"EN-US\" style=\"font-size:14.0pt\">Sustainable medical device packaging solutions: Mono-materials that perform<\/span><\/a><\/span><\/span><\/span><\/p>\r\n\r\n<p style=\"text-align:justify\"><span style=\"font-size:11pt\"><span style=\"line-height:normal\"><span style=\"font-family:Calibri,sans-serif\"><a href=\"https:\/\/revistaplasticosul.com.br\/sustentabilidade\/sem-sustentabilidade-economica-projetos-de-residuos-solidos-podem-parar-alerta-governo\/\" style=\"color:blue; text-decoration:underline\"><span style=\"font-size:14.0pt\">Sem sustentabilidade econ&ocirc;mica, projetos de res&iacute;duos s&oacute;lidos podem parar, alerta governo<\/span><\/a><\/span><\/span><\/span><\/p>\r\n\r\n<p style=\"text-align:justify\"><span style=\"font-size:11pt\"><span style=\"line-height:normal\"><span style=\"font-family:Calibri,sans-serif\"><a href=\"http:\/\/comunidadtextil.com\/wpnews\/2025\/08\/el-reciclado-textil-se-enfrenta-con-graves-problemas-que-ponen-en-duda-su-factibilidad\/?utm_source=email_marketing&amp;utm_admin=28519&amp;utm_medium=email&amp;utm_campaign=NOTICIAS_de_las_Industrias_Textil_Indumentaria_y_Moda\" style=\"color:blue; text-decoration:underline\"><span style=\"font-size:14.0pt\">El reciclado textil se enfrenta con graves problemas que ponen en duda su factibilidad<\/span><\/a><\/span><\/span><\/span><\/p>\r\n\r\n<p style=\"text-align:justify\"><span style=\"font-size:28pt\"><span style=\"font-family:Cambria,serif\"><span style=\"letter-spacing:-0.5pt\"><b><span lang=\"EN-US\" style=\"font-size:18.0pt\"><span style=\"font-family:&quot;Calibri&quot;,sans-serif\"><span style=\"font-variant:small-caps\">Inova&ccedil;&atilde;o<\/span><\/span><\/span><\/b><\/span><\/span><\/span><\/p>\r\n\r\n<p style=\"text-align:justify\"><span style=\"font-size:11pt\"><span style=\"line-height:normal\"><span style=\"font-family:Calibri,sans-serif\"><a href=\"https:\/\/agenciabrasil.ebc.com.br\/economia\/noticia\/2025-08\/governo-anuncia-r-12-bi-de-credito-para-inovacao-da-industria-40\" style=\"color:blue; text-decoration:underline\"><span style=\"font-size:14.0pt\">Governo anuncia R$ 12 bi de cr&eacute;dito para inova&ccedil;&atilde;o da ind&uacute;stria 4.0<\/span><\/a><\/span><\/span><\/span><\/p>\r\n\r\n<p style=\"text-align:justify\"><span style=\"font-size:11pt\"><span style=\"line-height:normal\"><span style=\"font-family:Calibri,sans-serif\"><a href=\"https:\/\/noticias.portaldaindustria.com.br\/noticias\/inovacao-e-tecnologia\/nova-linha-de-credito-para-industria-40-e-importante-para-continuidade-da-nib-avalia-cni\/\" style=\"color:blue; text-decoration:underline\"><span style=\"font-size:14.0pt\">Nova linha de cr&eacute;dito para ind&uacute;stria 4.0 &eacute; importante para continuidade da NIB, avalia CNI<\/span><\/a><\/span><\/span><\/span><\/p>\r\n\r\n<p style=\"text-align:justify\"><span style=\"font-size:11pt\"><span style=\"line-height:normal\"><span style=\"font-family:Calibri,sans-serif\"><a href=\"https:\/\/conectaverde.com.br\/ambipar-lanca-cadeiras-100-recicladas-produzidas-com-energia-verde-e-carbono-neutro\/\" style=\"color:blue; text-decoration:underline\"><span style=\"font-size:14.0pt\">Ambipar lan&ccedil;a cadeiras 100% recicladas produzidas com energia verde e carbono neutro<\/span><\/a><\/span><\/span><\/span><\/p>\r\n\r\n<p style=\"text-align:justify\"><span style=\"font-size:28pt\"><span style=\"font-family:Cambria,serif\"><span style=\"letter-spacing:-0.5pt\"><b><span style=\"font-size:18.0pt\"><span style=\"font-family:&quot;Calibri&quot;,sans-serif\"><span style=\"font-variant:small-caps\">Com&eacute;rcio Exterior<\/span><\/span><\/span><\/b><\/span><\/span><\/span><\/p>\r\n\r\n<p style=\"text-align:justify\"><span style=\"font-size:11pt\"><span style=\"line-height:normal\"><span style=\"font-family:Calibri,sans-serif\"><a href=\"https:\/\/timesbrasil.com.br\/brasil\/economia-brasileira\/antidumping-fibra-poliester-china-india-tailandia-vietna\/\" style=\"color:blue; text-decoration:underline\"><span style=\"font-size:14.0pt\">Governo aplica direito antidumping &agrave; importa&ccedil;&atilde;o de fibra de poli&eacute;ster de quatro pa&iacute;ses asi&aacute;ticos<\/span><\/a><\/span><\/span><\/span><\/p>\r\n\r\n<p style=\"text-align:justify\"><span style=\"font-size:11pt\"><span style=\"line-height:normal\"><span style=\"font-family:Calibri,sans-serif\"><a href=\"https:\/\/noticias.portaldaindustria.com.br\/posicionamentos\/lei-da-reciprocidade-cni-pede-prudencia-e-insistencia-no-processo-de-negociacoes-com-os-eua\/\" style=\"color:blue; text-decoration:underline\"><span style=\"font-size:14.0pt\">Lei da Reciprocidade: CNI pede prud&ecirc;ncia e insist&ecirc;ncia no processo de negocia&ccedil;&otilde;es com os EUA<\/span><\/a><\/span><\/span><\/span><\/p>\r\n\r\n<p style=\"text-align:justify\"><span style=\"font-size:11pt\"><span style=\"line-height:normal\"><span style=\"font-family:Calibri,sans-serif\"><a href=\"https:\/\/noticias.portaldaindustria.com.br\/noticias\/internacional\/tarifaco-cni-lidera-missao-empresarial-aos-eua-para-contribuir-com-negociacao\/\" style=\"color:blue; text-decoration:underline\"><span style=\"font-size:14.0pt\">Tarifa&ccedil;o: CNI lidera miss&atilde;o empresarial aos EUA para contribuir com negocia&ccedil;&atilde;o<\/span><\/a><\/span><\/span><\/span><\/p>\r\n\r\n<p style=\"text-align:justify\"><span style=\"font-size:11pt\"><span style=\"line-height:normal\"><span style=\"font-family:Calibri,sans-serif\"><a href=\"https:\/\/noticias.portaldaindustria.com.br\/noticias\/economia\/tarifaco-americano-faz-confianca-da-industria-exportadora-desabar-aponta-pesquisa-inedita-da-cni\/\" style=\"color:blue; text-decoration:underline\"><span style=\"font-size:14.0pt\">Tarifa&ccedil;o americano faz confian&ccedil;a da ind&uacute;stria exportadora desabar, aponta pesquisa in&eacute;dita da CNI<\/span><\/a><\/span><\/span><\/span><\/p>\r\n\r\n<p style=\"text-align:justify\"><span style=\"font-size:11pt\"><span style=\"line-height:normal\"><span style=\"font-family:Calibri,sans-serif\"><a href=\"https:\/\/blogdoibre.fgv.br\/posts\/tarifaco-dos-eua-uma-proposta-de-ranqueamento-dos-estados-mais-impactados\" style=\"color:blue; text-decoration:underline\"><span style=\"font-size:14.0pt\">Tarifa&ccedil;o dos EUA: uma proposta de ranqueamento dos estados mais impactados<\/span><\/a><\/span><\/span><\/span><\/p>\r\n\r\n<p style=\"text-align:justify\"><span style=\"font-size:11pt\"><span style=\"line-height:normal\"><span style=\"font-family:Calibri,sans-serif\"><a href=\"https:\/\/amanha.com.br\/categoria\/sul-for-export\/gecex-sobretaxa-resinas-plasticas-dos-estados-unidos-e-do-canada\" style=\"color:blue; text-decoration:underline\"><span style=\"font-size:14.0pt\">Gecex sobretaxa resinas pl&aacute;sticas dos Estados Unidos e do Canad&aacute;<\/span><\/a><\/span><\/span><\/span><\/p>\r\n\r\n<p style=\"text-align:justify\"><span style=\"font-size:11pt\"><span style=\"line-height:normal\"><span style=\"font-family:Calibri,sans-serif\"><a href=\"https:\/\/www.fibre2fashion.com\/news\/textile-news\/canada-brazil-to-resume-canada-mercosur-fta-talks-in-october-304825-newsdetails.htm\" style=\"color:blue; text-decoration:underline\"><span style=\"font-size:14.0pt\">Canada, Brazil to resume Canada-Mercosur FTA talks in October<\/span><\/a><\/span><\/span><\/span><\/p>\r\n\r\n<p style=\"text-align:justify\"><span style=\"font-size:11pt\"><span style=\"line-height:normal\"><span style=\"font-family:Calibri,sans-serif\"><a href=\"https:\/\/www.innovationintextiles.com\/industry-talk\/china-remains-resilient-for-now\/\" style=\"color:blue; text-decoration:underline\"><span lang=\"EN-US\" style=\"font-size:14.0pt\">China remains resilient, for now&hellip;<\/span><\/a><\/span><\/span><\/span><\/p>\r\n\r\n<p style=\"text-align:justify\"><span style=\"font-size:28pt\"><span style=\"font-family:Cambria,serif\"><span style=\"letter-spacing:-0.5pt\"><b><span style=\"font-size:18.0pt\"><span style=\"font-family:&quot;Calibri&quot;,sans-serif\"><span style=\"font-variant:small-caps\">Economia<\/span><\/span><\/span><\/b><\/span><\/span><\/span><\/p>\r\n\r\n<p style=\"text-align:justify\"><span style=\"font-size:11pt\"><span style=\"line-height:normal\"><span style=\"font-family:Calibri,sans-serif\"><a href=\"https:\/\/www.bcb.gov.br\/content\/focus\/focus\/R20250829.pdf\" style=\"color:blue; text-decoration:underline\"><span style=\"font-size:14.0pt\">Focus - Relat&oacute;rio de Mercado<\/span><\/a><\/span><\/span><\/span><\/p>\r\n\r\n<p style=\"text-align:justify\"><span style=\"font-size:11pt\"><span style=\"line-height:normal\"><span style=\"font-family:Calibri,sans-serif\"><a href=\"https:\/\/www.bcb.gov.br\/content\/controleinflacao\/focusdistribuicoesfrequencia\/P20250901-Focus-Distribuicoes-de-frequencia.pdf\" style=\"color:blue; text-decoration:underline\"><span style=\"font-size:14.0pt\">Focus - Distribui&ccedil;&otilde;es de Frequ&ecirc;ncia das Expectativas de Mercado para IPCA, Selic, PIB e C&acirc;mbio<\/span><\/a><\/span><\/span><\/span><\/p>\r\n\r\n<p style=\"text-align:justify\"><span style=\"font-size:11pt\"><span style=\"line-height:normal\"><span style=\"font-family:Calibri,sans-serif\"><a href=\"https:\/\/www.contabeis.com.br\/noticias\/72570\/reforma-tributaria-como-o-split-payment-afeta-o-caixa-das-empresas\/\" style=\"color:blue; text-decoration:underline\"><span style=\"font-size:14.0pt\">Reforma Tribut&aacute;ria: como o Split Payment afeta o caixa das empresas<\/span><\/a><\/span><\/span><\/span><\/p>\r\n\r\n<p style=\"text-align:justify\"><span style=\"font-size:11pt\"><span style=\"line-height:normal\"><span style=\"font-family:Calibri,sans-serif\"><a href=\"https:\/\/portalibre.fgv.br\/system\/files\/divulgacao\/noticias\/mat-complementar\/2025-09\/Apresenta%C3%A7%C3%A3o%20-%20S%C3%ADntese%20das%20Sondagens%20-%20Agosto%202025.pdf\" style=\"color:blue; text-decoration:underline\"><span style=\"font-size:14.0pt\">Indicador de Incerteza Econ&ocirc;mica do Brasil | Agosto 2025<\/span><\/a><\/span><\/span><\/span><\/p>\r\n\r\n<p style=\"text-align:justify\"><span style=\"font-size:11pt\"><span style=\"line-height:normal\"><span style=\"font-family:Calibri,sans-serif\"><a href=\"https:\/\/s3.sa-east-1.amazonaws.com\/abit-files.abit.org.br\/site\/Abit_informa\/2025\/08_agosto\/25_08\/Boletim+Tribut%C3%A1rio+agosto+2025.pdf?utm_medium=email&amp;utm_campaign=abit_informa_-_25082025&amp;utm_source=RD+Station\" style=\"color:blue; text-decoration:underline\"><span style=\"font-size:14.0pt\">Hondatar Advogados | Boletim Tribut&aacute;rio | Agosto 2025<\/span><\/a><\/span><\/span><\/span><\/p>\r\n\r\n<p style=\"text-align:justify\"><span style=\"font-size:11pt\"><span style=\"line-height:normal\"><span style=\"font-family:Calibri,sans-serif\"><a href=\"https:\/\/blogdoibre.fgv.br\/posts\/dados-de-junho-confirmam-baixo-crescimento-no-segundo-trimestre\" style=\"color:blue; text-decoration:underline\"><span style=\"font-size:14.0pt\">Dados de junho confirmam baixo crescimento no segundo trimestre<\/span><\/a><\/span><\/span><\/span><\/p>\r\n\r\n<p style=\"text-align:justify\"><img src=\"https:\/\/www.abint.org.br\/assets\/img\/editor\/redes-sociais-abint-ctg-cth_20250826142029TIeKhPrH3S.jpg\" \/><\/p>\r\n","6":"<p style=\"text-align:justify\"><span style=\"font-size:11pt\"><span style=\"line-height:normal\"><span style=\"font-family:Calibri,sans-serif\"><span style=\"font-size:14.0pt\">Esta &eacute; uma compila&ccedil;&atilde;o das not&iacute;cias mais relevantes para o setor, incluindo informa&ccedil;&otilde;es sobre acordos internacionais, economia brasileira, sustentabilidade e mat&eacute;rias primas, al&eacute;m de novidades do setor de N&atilde;otecidos e Tecidos T&eacute;cnicos.<\/span><\/span><\/span><\/span><\/p>\r\n\r\n<p style=\"text-align:justify\"><span style=\"font-size:28pt\"><span style=\"font-family:Cambria,serif\"><span style=\"letter-spacing:-0.5pt\"><b><span style=\"font-size:18.0pt\"><span style=\"font-family:&quot;Calibri&quot;,sans-serif\"><span style=\"font-variant:small-caps\">O que vem por a&iacute;<\/span><\/span><\/span><\/b><\/span><\/span><\/span><\/p>\r\n\r\n<p style=\"text-align:justify\">&nbsp;<\/p>\r\n\r\n<p class=\"MsoTitle\" style=\"text-align:justify; margin-bottom:20px\"><span style=\"font-size:18px\"><span style=\"box-sizing:border-box\"><span style=\"line-height:1.5\"><span style=\"color:#313f48\"><span style=\"font-family:&quot;Roboto Condensed&quot;, Helvetica, Arial, sans-serif\"><span style=\"font-style:normal\"><span style=\"font-variant-ligatures:normal\"><span style=\"font-weight:400\"><span style=\"white-space:normal\"><span style=\"background-color:#ffffff\"><span style=\"text-decoration-thickness:initial\"><span style=\"text-decoration-style:initial\"><span style=\"text-decoration-color:initial\"><span style=\"font-size:28pt\"><span style=\"box-sizing:border-box\"><span style=\"box-sizing:border-box\"><span style=\"font-family:Cambria, serif\"><span style=\"box-sizing:border-box\"><span style=\"letter-spacing:-0.5pt\"><b style=\"box-sizing:border-box; font-weight:bolder\"><span style=\"font-size:18pt\"><span style=\"box-sizing:border-box\"><span style=\"box-sizing:border-box\"><span style=\"font-family:Calibri, sans-serif\"><span style=\"box-sizing:border-box\"><span style=\"font-variant:small-caps\"><img src=\"https:\/\/www.abint.org.br\/assets\/img\/editor\/20250916-workshop-ctg-aterro_20250826141413jESvhNLKlO.jpg\" style=\"box-sizing:border-box; border-style:none; width:500px; height:625px\" \/><\/span><\/span><\/span><\/span><\/span><\/span><\/b><\/span><\/span><\/span><\/span><\/span><\/span><\/span><\/span><\/span><\/span><\/span><\/span><\/span><\/span><\/span><\/span><\/span><\/span><\/span><\/p>\r\n\r\n<p class=\"MsoTitle\" style=\"text-align:justify; margin-bottom:20px\"><span style=\"font-size:18px\"><span style=\"box-sizing:border-box\"><span style=\"line-height:1.5\"><span style=\"color:#313f48\"><span style=\"font-family:&quot;Roboto Condensed&quot;, Helvetica, Arial, sans-serif\"><span style=\"font-style:normal\"><span style=\"font-variant-ligatures:normal\"><span style=\"font-weight:400\"><span style=\"white-space:normal\"><span style=\"background-color:#ffffff\"><span style=\"text-decoration-thickness:initial\"><span style=\"text-decoration-style:initial\"><span style=\"text-decoration-color:initial\"><span style=\"font-size:11pt\"><span style=\"box-sizing:border-box\"><span style=\"box-sizing:border-box\"><span style=\"line-height:normal\"><span style=\"box-sizing:border-box\"><span style=\"font-family:Calibri, sans-serif\"><a href=\"https:\/\/forms.office.com\/pages\/responsepage.aspx?id=n9pNk1glrE6b5i8lS53621O-4jMsuCNBqhQBI597U0lUQVZUMlE2TkNVUFAzQ1I4S1hXMllTRU9SRC4u&amp;route=shorturl\" style=\"box-sizing:border-box; text-decoration:underline; color:blue; transition:color 0.3s\"><b style=\"box-sizing:border-box; font-weight:bolder\"><span style=\"font-size:14pt\"><span style=\"box-sizing:border-box\">Acesse aqui para fazer sua inscri&ccedil;&atilde;o<\/span><\/span><\/b><\/a><\/span><\/span><\/span><\/span><\/span><\/span><\/span><\/span><\/span><\/span><\/span><\/span><\/span><\/span><\/span><\/span><\/span><\/span><\/span><\/p>\r\n\r\n<p style=\"text-align:justify; margin-bottom:20px\"><span style=\"font-size:18px\"><span style=\"box-sizing:border-box\"><span style=\"line-height:1.5\"><span style=\"color:#313f48\"><span style=\"font-family:&quot;Roboto Condensed&quot;, Helvetica, Arial, sans-serif\"><span style=\"font-style:normal\"><span style=\"font-variant-ligatures:normal\"><span style=\"font-weight:400\"><span style=\"white-space:normal\"><span style=\"background-color:#ffffff\"><span style=\"text-decoration-thickness:initial\"><span style=\"text-decoration-style:initial\"><span style=\"text-decoration-color:initial\">&nbsp;<\/span><\/span><\/span><\/span><\/span><\/span><\/span><\/span><\/span><\/span><\/span><\/span><\/span><\/p>\r\n\r\n<p style=\"text-align:start; margin-bottom:20px\"><span style=\"font-size:18px\"><span style=\"box-sizing:border-box\"><span style=\"line-height:1.5\"><span style=\"color:#313f48\"><span style=\"font-family:&quot;Roboto Condensed&quot;, Helvetica, Arial, sans-serif\"><span style=\"font-style:normal\"><span style=\"font-variant-ligatures:normal\"><span style=\"font-weight:400\"><span style=\"white-space:normal\"><span style=\"background-color:#ffffff\"><span style=\"text-decoration-thickness:initial\"><span style=\"text-decoration-style:initial\"><span style=\"text-decoration-color:initial\"><b style=\"box-sizing:border-box; font-weight:bolder\"><img src=\"https:\/\/www.abint.org.br\/assets\/img\/editor\/2o-seminario-abrafiltros-abint-apoiador_2025072217401523mrTUXRqU.png\" style=\"box-sizing:border-box; border-style:none; width:500px; height:500px\" \/><\/b><\/span><\/span><\/span><\/span><\/span><\/span><\/span><\/span><\/span><\/span><\/span><\/span><\/span><\/p>\r\n\r\n<p style=\"text-align:start; margin-bottom:20px\"><span style=\"font-size:18px\"><span style=\"box-sizing:border-box\"><span style=\"line-height:1.5\"><span style=\"color:#313f48\"><span style=\"font-family:&quot;Roboto Condensed&quot;, Helvetica, Arial, sans-serif\"><span style=\"font-style:normal\"><span style=\"font-variant-ligatures:normal\"><span style=\"font-weight:400\"><span style=\"white-space:normal\"><span style=\"background-color:#ffffff\"><span style=\"text-decoration-thickness:initial\"><span style=\"text-decoration-style:initial\"><span style=\"text-decoration-color:initial\"><span style=\"font-size:11pt\"><span style=\"box-sizing:border-box\"><span style=\"box-sizing:border-box\"><span style=\"line-height:normal\"><span style=\"box-sizing:border-box\"><span style=\"font-family:Calibri, sans-serif\"><a href=\"https:\/\/doity.com.br\/3-seminario-brasileiro-de-filtros\" style=\"box-sizing:border-box; text-decoration:underline; color:blue; transition:color 0.3s\"><b style=\"box-sizing:border-box; font-weight:bolder\"><span style=\"font-size:14pt\"><span style=\"box-sizing:border-box\">Acesse aqui mais informa&ccedil;&otilde;es<\/span><\/span><\/b><\/a><\/span><\/span><\/span><\/span><\/span><\/span><\/span><\/span><\/span><\/span><\/span><\/span><\/span><\/span><\/span><\/span><\/span><\/span><\/span><\/p>\r\n\r\n<p style=\"text-align:start; margin-bottom:20px\"><span style=\"font-size:18px\"><span style=\"box-sizing:border-box\"><span style=\"line-height:1.5\"><span style=\"color:#313f48\"><span style=\"font-family:&quot;Roboto Condensed&quot;, Helvetica, Arial, sans-serif\"><span style=\"font-style:normal\"><span style=\"font-variant-ligatures:normal\"><span style=\"font-weight:400\"><span style=\"white-space:normal\"><span style=\"background-color:#ffffff\"><span style=\"text-decoration-thickness:initial\"><span style=\"text-decoration-style:initial\"><span style=\"text-decoration-color:initial\">&nbsp;<\/span><\/span><\/span><\/span><\/span><\/span><\/span><\/span><\/span><\/span><\/span><\/span><\/span><\/p>\r\n\r\n<p style=\"text-align:start; margin-bottom:20px\"><span style=\"font-size:18px\"><span style=\"box-sizing:border-box\"><span style=\"line-height:1.5\"><span style=\"color:#313f48\"><span style=\"font-family:&quot;Roboto Condensed&quot;, Helvetica, Arial, sans-serif\"><span style=\"font-style:normal\"><span style=\"font-variant-ligatures:normal\"><span style=\"font-weight:400\"><span style=\"white-space:normal\"><span style=\"background-color:#ffffff\"><span style=\"text-decoration-thickness:initial\"><span style=\"text-decoration-style:initial\"><span style=\"text-decoration-color:initial\"><img src=\"https:\/\/www.abint.org.br\/assets\/img\/editor\/congresso-internacional-abit-2025_20250722174119edr5xq8iJH.png\" style=\"box-sizing:border-box; border-style:none; max-width:100%; width:700px; height:256px; object-fit:contain\" \/><\/span><\/span><\/span><\/span><\/span><\/span><\/span><\/span><\/span><\/span><\/span><\/span><\/span><\/p>\r\n\r\n<p style=\"text-align:start; margin-bottom:20px\"><span style=\"font-size:18px\"><span style=\"box-sizing:border-box\"><span style=\"line-height:1.5\"><span style=\"color:#313f48\"><span style=\"font-family:&quot;Roboto Condensed&quot;, Helvetica, Arial, sans-serif\"><span style=\"font-style:normal\"><span style=\"font-variant-ligatures:normal\"><span style=\"font-weight:400\"><span style=\"white-space:normal\"><span style=\"background-color:#ffffff\"><span style=\"text-decoration-thickness:initial\"><span style=\"text-decoration-style:initial\"><span style=\"text-decoration-color:initial\"><span style=\"font-size:11pt\"><span style=\"box-sizing:border-box\"><span style=\"box-sizing:border-box\"><span style=\"line-height:normal\"><span style=\"box-sizing:border-box\"><span style=\"font-family:Calibri, sans-serif\"><a href=\"https:\/\/www.congressoabit.com.br\/\" style=\"box-sizing:border-box; text-decoration:underline; color:blue; transition:color 0.3s\"><b style=\"box-sizing:border-box; font-weight:bolder\"><span style=\"font-size:14pt\"><span style=\"box-sizing:border-box\">Acesse aqui mais informa&ccedil;&otilde;es<\/span><\/span><\/b><\/a><\/span><\/span><\/span><\/span><\/span><\/span><\/span><\/span><\/span><\/span><\/span><\/span><\/span><\/span><\/span><\/span><\/span><\/span><\/span><\/p>\r\n\r\n<p style=\"text-align:start; margin-bottom:20px\">&nbsp;<\/p>\r\n\r\n<p class=\"MsoTitle\" style=\"text-align:justify\"><span style=\"font-size:28pt\"><span style=\"font-family:Cambria,serif\"><span style=\"letter-spacing:-0.5pt\"><b><span style=\"font-size:18.0pt\"><span style=\"font-family:&quot;Calibri&quot;,sans-serif\"><span style=\"font-variant:small-caps\">Not&iacute;cias das Associadas<\/span><\/span><\/span><\/b><\/span><\/span><\/span><\/p>\r\n\r\n<p style=\"text-align:justify\"><span style=\"font-size:11pt\"><span style=\"line-height:normal\"><span style=\"font-family:Calibri,sans-serif\"><a href=\"https:\/\/tissueonline.com.br\/andritz-fornecera-tecnologias-de-recuperacao-quimica-para-fabrica-da-chung-hwa-pulp-em-taiwan\/\" style=\"color:blue; text-decoration:underline\"><span style=\"font-size:14.0pt\">ANDRITZ fornecer&aacute; tecnologias de recupera&ccedil;&atilde;o qu&iacute;mica para f&aacute;brica da Chung Hwa Pulp em Taiwan<\/span><\/a><\/span><\/span><\/span><\/p>\r\n\r\n<p style=\"text-align:justify\"><span style=\"font-size:11pt\"><span style=\"line-height:normal\"><span style=\"font-family:Calibri,sans-serif\"><a href=\"https:\/\/www.fibertex.com\/about-us\/news-and-events\/spunlace-expansion?advertiser=101768_NON_eNL_2nd-Position-Native-Ad_Title&amp;utm_campaign=NON%20eNewsletter&amp;utm_medium=email&amp;_hsenc=p2ANqtz-8k8HhPSy6-Xrd92wVk5mPRWHZHaH3rG3DpArOXZYzEoBNWEHwBn1Y_lzPK62GLfdDaamR5evPNpnkoihgfdaPLVNMJIA&amp;_hsmi=378028239&amp;utm_content=378028239&amp;utm_source=hs_email\" style=\"color:blue; text-decoration:underline\"><span lang=\"EN-US\" style=\"font-size:14.0pt\">Fibertex: Shaping the Future of Spunlace<\/span><\/a> <\/span><\/span><\/span><\/p>\r\n\r\n<p style=\"text-align:justify\">&nbsp;<\/p>\r\n\r\n<p style=\"text-align:justify\"><span style=\"font-size:11pt\"><span style=\"line-height:normal\"><span style=\"font-family:Calibri,sans-serif\"><b><span style=\"font-size:18.0pt\"><span style=\"font-variant:small-caps\">Eventos<\/span><\/span><\/b><\/span><\/span><\/span><\/p>\r\n\r\n<p style=\"text-align:justify\">&nbsp;<\/p>\r\n\r\n<p style=\"text-align:justify\"><span style=\"font-size:11pt\"><span style=\"line-height:normal\"><span style=\"font-family:Calibri,sans-serif\"><a href=\"https:\/\/sticni.sharepoint.com\/sites\/PublicShare\/Compartilhamentos\/Forms\/AllItems.aspx?id=%2Fsites%2FPublicShare%2FCompartilhamentos%2FCNI%2D133649%2FPrograma%20Imers%C3%B5es%20em%20Ecossistemas%2FImers%C3%A3o%20Finlandia%20em%20Economia%20Circular%2E%201%2Epdf&amp;parent=%2Fsites%2FPublicShare%2FCompartilhamentos%2FCNI%2D133649%2FPrograma%20Imers%C3%B5es%20em%20Ecossistemas&amp;p=true&amp;ga=1\" style=\"color:blue; text-decoration:underline\"><b><span style=\"font-size:14.0pt\">CNI | Imers&atilde;o Finl&acirc;ndia: Uma conex&atilde;o global com a Economia Circular<\/span><\/b><\/a><span style=\"font-size:14.0pt\">, 01 a 05 de setembro de 2025, inscri&ccedil;&otilde;es at&eacute; 10 de agosto de 2025 ou se encerrarem as vagas, cidades destinos: Helsinki (cidade base), Tampere e Espoo.<\/span><\/span><\/span><\/span><\/p>\r\n\r\n<p style=\"text-align:justify\"><span style=\"font-size:11pt\"><span style=\"line-height:normal\"><span style=\"font-family:Calibri,sans-serif\"><a href=\"https:\/\/app.isend.com.br\/iSend\/view\/9DE9D0742A340411A1E8E7365679128474B3CF88A4665487BDD910C518D01ECAFFD441B57ADE0426\" style=\"color:blue; text-decoration:underline\"><b><span style=\"font-size:14.0pt\">FIESP | Debate sobre a nova geopol&iacute;tica e o papel do Brasil no cen&aacute;rio global<\/span><\/b><\/a><span style=\"font-size:14.0pt\">, 04 de setembro de 2025, 09h, sede da Fiesp<\/span><\/span><\/span><\/span><\/p>\r\n\r\n<p style=\"text-align:justify\"><span style=\"font-size:11pt\"><span style=\"line-height:normal\"><span style=\"font-family:Calibri,sans-serif\"><a href=\"https:\/\/app.rdstation.email\/mail\/af66e200-91d9-49b3-87b0-e83269992dad?utm_medium=email&amp;utm_campaign=emkt_curso_classificacao_fiscal&amp;utm_source=RD+Station\" style=\"color:blue; text-decoration:underline\"><b><span style=\"font-size:14.0pt\">Curso de Classifica&ccedil;&atilde;o Fiscal para Produtos T&ecirc;xteis e Confeccionados<\/span><\/b><\/a><span style=\"font-size:14.0pt\">, 10 de setembro de 2025, 09h &agrave;s 12h, evento virtual<\/span><\/span><\/span><\/span><\/p>\r\n\r\n<p style=\"text-align:justify\"><span style=\"font-size:11pt\"><span style=\"line-height:normal\"><span style=\"font-family:Calibri,sans-serif\"><a href=\"https:\/\/www.conbrava.com.br\/\" style=\"color:blue; text-decoration:underline\"><b><span style=\"font-size:14.0pt\">CONBRAVA 2025<\/span><\/b><\/a><span style=\"font-size:14.0pt\">, 10 a 12 de setembro de 2025, S&atilde;o Paulo Expo, Rodovia dos Imigrantes, km 1,5<\/span><\/span><\/span><\/span><\/p>\r\n\r\n<p style=\"text-align:justify\"><span style=\"font-size:11pt\"><span style=\"line-height:normal\"><span style=\"font-family:Calibri,sans-serif\"><a href=\"https:\/\/assets-sam.mkt.dynamics.com\/571e75e0-1124-4795-aa34-91e4e6216e7b\/digitalassets\/standaloneforms\/5578c442-3187-f011-b4cc-000d3a893b92#msdynmkt_trackingcontext=1037a8b6-8652-48e2-b311-7a048f4a0300&amp;msdynmkt_prefill=mktprffe8fe8a821f545498d6593c9729d5a24eoprf\" style=\"color:blue; text-decoration:underline\"><b><span style=\"font-size:14.0pt\">CNI | Finan&ccedil;as Sustent&aacute;veis: impulsionando o futuro do setor produtivo<\/span><\/b><\/a><span style=\"font-size:14.0pt\">, 11 de setembro de 2025, 09h &agrave;s 13h, Rua Surubim, 504, 9&ordm; andar, Brooklin Novo, S&atilde;o Paulo, SP, evento presencial<\/span><\/span><\/span><\/span><\/p>\r\n\r\n<p style=\"text-align:justify\"><span style=\"font-size:11pt\"><span style=\"line-height:normal\"><span style=\"font-family:Calibri,sans-serif\"><a href=\"https:\/\/evento.fgv.br\/seminarioanaliseconjuntural1709\/\" style=\"color:blue; text-decoration:underline\"><b><span style=\"font-size:14.0pt\">FGV IBRE | III Semin&aacute;rio de An&aacute;lise Conjuntural<\/span><\/b><\/a><span style=\"font-size:14.0pt\">, 17 de setembro de 2025, 10h &agrave;s 11h30, Transmiss&atilde;o Youtube FGV<\/span><\/span><\/span><\/span><\/p>\r\n\r\n<p style=\"text-align:justify\"><span style=\"font-size:11pt\"><span style=\"line-height:normal\"><span style=\"font-family:Calibri,sans-serif\"><a href=\"https:\/\/plasticosemrevista.com.br\/competitividade-2025\/\" style=\"color:blue; text-decoration:underline\"><b><span style=\"font-size:14.0pt\">Semin&aacute;rio Competitividade | 15&ordf; edi&ccedil;&atilde;o | Transforma&ccedil;&atilde;o - Mercado e Ind&uacute;stria Redesenhados pela Guerra Comercial e Intelig&ecirc;ncia Artificial<\/span><\/b><\/a><span style=\"font-size:14.0pt\">, 18&middot;de setembro de 2025, Hotel Meli&aacute;, Av. Paulista, 2181, SP<\/span><\/span><\/span><\/span><\/p>\r\n\r\n<p style=\"text-align:justify\"><span style=\"font-size:11pt\"><span style=\"line-height:normal\"><span style=\"font-family:Calibri,sans-serif\"><a href=\"https:\/\/paving.com.br\/\" style=\"color:blue; text-decoration:underline\"><b><span style=\"font-size:14.0pt\">Paving Expo 2025<\/span><\/b><\/a><span style=\"font-size:14.0pt\">, 23 a 25 de setembro de 2025, Distrito Anhembi, Rua Prof. Milton Rodrigues, s\/n, Santana, S&atilde;o Paulo, SP<\/span><\/span><\/span><\/span><\/p>\r\n\r\n<p style=\"text-align:justify\"><span style=\"font-size:11pt\"><span style=\"line-height:normal\"><span style=\"font-family:Calibri,sans-serif\"><a href=\"https:\/\/viex-americas.com\/eventos\/lase\/lase-2025\/\" style=\"color:blue; text-decoration:underline\"><b><span style=\"font-size:14.0pt\">LASE - L&iacute;deres Ambientais do Setor de Energia 2025<\/span><\/b><\/a><span style=\"font-size:14.0pt\">, 29 de setembro a 01 de outubro de 2025, WTC Events Center, S&atilde;o Paulo, SP<\/span><\/span><\/span><\/span><\/p>\r\n\r\n<p style=\"text-align:justify\"><span style=\"font-size:11pt\"><span style=\"line-height:normal\"><span style=\"font-family:Calibri,sans-serif\"><a href=\"https:\/\/app.rdstation.email\/mail\/2babe40a-eb86-4044-b658-43fbda6625a2?utm_medium=email&amp;utm_campaign=2108_convite_workshop_justica_trabalho_-_reenvio&amp;utm_source=RD+Station\" style=\"color:blue; text-decoration:underline\"><b><span style=\"font-size:14.0pt\">Workshop Abit | Pedidos Irreais na Justi&ccedil;a do Trabalho: Como Lidar com o Exagero Processual<\/span><\/b><\/a><span style=\"font-size:14.0pt\">, 30 de setembro de 2025, 09 &agrave;s 12h, evento h&iacute;brido<\/span><\/span><\/span><\/span><\/p>\r\n\r\n<p style=\"text-align:justify\"><span style=\"font-size:11pt\"><span style=\"line-height:normal\"><span style=\"font-family:Calibri,sans-serif\"><a href=\"https:\/\/www.instagram.com\/sobeccnacional\/p\/DA1V8NZyhNK\/?img_index=1\" style=\"color:blue; text-decoration:underline\"><b><span style=\"font-size:14.0pt\">17&ordm; Congresso Brasileiro de Enfermagem em Centro Cir&uacute;rgico: &ldquo;O poder de cuidar&rdquo;<\/span><\/b><\/a><span style=\"font-size:14.0pt\">, 01 a 03 de outubro de 2025, Transamerica Expo Center, S&atilde;o Paulo, SP<\/span><\/span><\/span><\/span><\/p>\r\n\r\n<p style=\"text-align:justify\"><span style=\"font-size:11pt\"><span style=\"line-height:normal\"><span style=\"font-family:Calibri,sans-serif\"><a href=\"https:\/\/his.saudebusiness.com\/pt\/home.html\" style=\"color:blue; text-decoration:underline\"><b><span style=\"font-size:14.0pt\">Healthcare Innovation Show (HIS)<\/span><\/b><\/a><span style=\"font-size:14.0pt\">, 01 e 02 de outubro de 2025, 09h &agrave;s 18h, S&atilde;o Paulo Expo<\/span><\/span><\/span><\/span><\/p>\r\n\r\n<p style=\"text-align:justify\"><span style=\"font-size:11pt\"><span style=\"line-height:normal\"><span style=\"font-family:Calibri,sans-serif\"><a href=\"https:\/\/www.abrafiltros.org.br\/3o-seminario-brasileiro-de-filtros-acontecera-no-dia-08-de-outubro\/\" style=\"color:blue; text-decoration:underline\"><b><span style=\"font-size:14.0pt\">3&ordm; Semin&aacute;rio Brasileiro de Filtros<\/span><\/b><\/a><span style=\"font-size:14.0pt\">, 08 de outubro de 2025, evento presencial<\/span><\/span><\/span><\/span><\/p>\r\n\r\n<p style=\"text-align:justify\"><span style=\"font-size:11pt\"><span style=\"line-height:normal\"><span style=\"font-family:Calibri,sans-serif\"><a href=\"https:\/\/hospitalmed.com.br\/feira\/\" style=\"color:blue; text-decoration:underline\"><b><span style=\"font-size:14.0pt\">HospitalMed 2025<\/span><\/b><\/a><span style=\"font-size:14.0pt\">, 22 a 24 de outubro, Pernambuco Centro de Conven&ccedil;&otilde;es, Olinda<\/span><\/span><\/span><\/span><\/p>\r\n\r\n<p style=\"text-align:justify\"><span style=\"font-size:11pt\"><span style=\"line-height:normal\"><span style=\"font-family:Calibri,sans-serif\"><a href=\"https:\/\/www.congressoabit.com.br\/\" style=\"color:blue; text-decoration:underline\"><b><span style=\"font-size:14.0pt\">Congresso Internacional Abit 2025<\/span><\/b><\/a><span style=\"font-size:14.0pt\">, 29 e 30 de outubro, 08h &agrave;s 20h, FIESP, S&atilde;o Paulo, SP<\/span><\/span><\/span><\/span><\/p>\r\n\r\n<p style=\"text-align:justify\"><span style=\"font-size:11pt\"><span style=\"line-height:normal\"><span style=\"font-family:Calibri,sans-serif\"><a href=\"https:\/\/filtech.de\/\" style=\"color:blue; text-decoration:underline\"><b><span style=\"font-size:14.0pt\">Filtech 2026<\/span><\/b><\/a><span style=\"font-size:14.0pt\">, de 30 de junho a 2 de julho, Cologne, Alemanha<\/span><\/span><\/span><\/span><\/p>\r\n\r\n<p style=\"text-align:justify\"><span style=\"font-size:11pt\"><span style=\"line-height:normal\"><span style=\"font-family:Calibri,sans-serif\"><a href=\"https:\/\/ficons.com.br\/\" style=\"color:blue; text-decoration:underline\"><b><span style=\"font-size:14.0pt\">FICONS - Feira Internacional de Materiais, Equipamentos e Servi&ccedil;os da Constru&ccedil;&atilde;o<\/span><\/b><\/a><span style=\"font-size:14.0pt\">, 15 a 18 de setembro de 2026, Centro de Conven&ccedil;&otilde;es de Pernambuco Recife\/ Olinda<\/span><\/span><\/span><\/span><\/p>\r\n\r\n<p style=\"text-align:justify\"><span style=\"font-size:28pt\"><span style=\"font-family:Cambria,serif\"><span style=\"letter-spacing:-0.5pt\"><b><span style=\"font-size:18.0pt\"><span style=\"font-family:&quot;Calibri&quot;,sans-serif\"><span style=\"font-variant:small-caps\">Setor<\/span><\/span><\/span><\/b><\/span><\/span><\/span><\/p>\r\n\r\n<p style=\"text-align:justify\"><span style=\"font-size:11pt\"><span style=\"line-height:normal\"><span style=\"font-family:Calibri,sans-serif\"><a href=\"https:\/\/www.nonwovens-industry.com\/contents\/view_breaking-news\/2025-08-26\/report-procter-gamble-making-bum-bum-diapers-in-china?utm_campaign=NON%20eNewsletter&amp;utm_medium=email&amp;_hsenc=p2ANqtz-_WUGybunJBlVFfvijYl8PPmIGRtpcv6uaaCRJFI9tWoWnwChyV6tGWj2P-aIBqw1_jmZfH_vdo1P1ZR2-0TGxQOifMrA&amp;_hsmi=378028239&amp;utm_content=378028239&amp;utm_source=hs_email\" style=\"color:blue; text-decoration:underline\"><span lang=\"EN-US\" style=\"font-size:14.0pt\">Report: Procter &amp; Gamble Making Bum Bum Diapers in China<\/span><\/a><\/span><\/span><\/span><\/p>\r\n\r\n<p style=\"text-align:justify\"><span style=\"font-size:11pt\"><span style=\"line-height:normal\"><span style=\"font-family:Calibri,sans-serif\"><a href=\"https:\/\/www.intergols.com.br\/comunicado-de-imprensa\/tecido-nao-tecido-de-filtro-meltblown-tamanho-do-mercado-de-2025-a-2032-e-oportunidades-ilimitadas-para-novas-empresas\/38769\/\" style=\"color:blue; text-decoration:underline\"><span style=\"font-size:14.0pt\">Tecido n&atilde;o tecido de filtro Meltblown Tamanho do mercado de 2025 a 2032 e oportunidades ilimitadas para novas empresas<\/span><\/a><\/span><\/span><\/span><\/p>\r\n\r\n<p style=\"text-align:justify\"><span style=\"font-size:11pt\"><span style=\"line-height:normal\"><span style=\"font-family:Calibri,sans-serif\"><a href=\"https:\/\/www.gov.br\/inmetro\/pt-br\/centrais-de-conteudo\/noticias\/regulamentacao-de-calcados-inmetro-implementa-novas-regras-para-combater-a-pirataria-e-proteger-o-consumidor\" style=\"color:blue; text-decoration:underline\"><span style=\"font-size:14.0pt\">Regulamenta&ccedil;&atilde;o de Cal&ccedil;ados: Inmetro implementa novas regras para combater a pirataria e proteger o consumidor<\/span><\/a><\/span><\/span><\/span><\/p>\r\n\r\n<p style=\"text-align:justify\"><span style=\"font-size:11pt\"><span style=\"line-height:normal\"><span style=\"font-family:Calibri,sans-serif\"><a href=\"https:\/\/plasticosemrevista.com.br\/uma-pergunta\/\" style=\"color:blue; text-decoration:underline\"><span style=\"font-size:14.0pt\">Jos&eacute; Ricardo Roriz Coelho: Daqui por diante, pedidos de antidumping para resinas importadas dos EUA devem ou n&atilde;o ficar em compasso de espera devido ao tarifa&ccedil;o e amea&ccedil;a de a&ccedil;&otilde;es retaliat&oacute;rias pelo governo Trump?<\/span><\/a><\/span><\/span><\/span><\/p>\r\n\r\n<p style=\"text-align:justify\"><span style=\"font-size:11pt\"><span style=\"line-height:normal\"><span style=\"font-family:Calibri,sans-serif\"><a href=\"https:\/\/plasticosemrevista.com.br\/distribuicao-de-pp-e-pe-importacoes-tomam-lideranca-das-resinas-nacionais\/\" style=\"color:blue; text-decoration:underline\"><span style=\"font-size:14.0pt\">Distribui&ccedil;&atilde;o de PP e PE: importa&ccedil;&otilde;es tomam lideran&ccedil;a das resinas nacionais<\/span><\/a><\/span><\/span><\/span><\/p>\r\n\r\n<p style=\"text-align:justify\"><span style=\"font-size:11pt\"><span style=\"line-height:normal\"><span style=\"font-family:Calibri,sans-serif\"><a href=\"https:\/\/plasticosemrevista.com.br\/coreia-do-sul-planeja-reestruturar-petroquimica\/\" style=\"color:blue; text-decoration:underline\"><span style=\"font-size:14.0pt\">Coreia do Sul planeja reestruturar petroqu&iacute;mica<\/span><\/a><\/span><\/span><\/span><\/p>\r\n\r\n<p style=\"text-align:justify\"><span style=\"font-size:11pt\"><span style=\"line-height:normal\"><span style=\"font-family:Calibri,sans-serif\"><a href=\"https:\/\/textile-network.com\/en\/Technical-Textiles\/Fasern-Garne\/Swiss-wool-between-potential-and-pressure\" style=\"color:blue; text-decoration:underline\"><span lang=\"EN-US\" style=\"font-size:14.0pt\">Swiss wool between potential and pressure<\/span><\/a><\/span><\/span><\/span><\/p>\r\n\r\n<p style=\"text-align:justify\"><span style=\"font-size:28pt\"><span style=\"font-family:Cambria,serif\"><span style=\"letter-spacing:-0.5pt\"><b><span style=\"font-size:18.0pt\"><span style=\"font-family:&quot;Calibri&quot;,sans-serif\"><span style=\"font-variant:small-caps\">Ind&uacute;stria<\/span><\/span><\/span><\/b><\/span><\/span><\/span><\/p>\r\n\r\n<p style=\"text-align:justify\"><span style=\"font-size:11pt\"><span style=\"line-height:normal\"><span style=\"font-family:Calibri,sans-serif\"><a href=\"https:\/\/portalibre.fgv.br\/system\/files\/divulgacao\/noticias\/mat-complementar\/2025-08\/Sondagem%20da%20Industria%20FGV_press%20release_Ago25.pdf\" style=\"color:blue; text-decoration:underline\"><span style=\"font-size:14.0pt\">Confian&ccedil;a da ind&uacute;stria tem maior queda desde a pandemia<\/span><\/a><\/span><\/span><\/span><\/p>\r\n\r\n<p style=\"text-align:justify\"><span style=\"font-size:11pt\"><span style=\"line-height:normal\"><span style=\"font-family:Calibri,sans-serif\"><a href=\"https:\/\/portalibre.fgv.br\/system\/files\/divulgacao\/noticias\/mat-complementar\/2025-09\/%C3%8Dndice%20de%20Confian%C3%A7a%20Empresarial%20FGV_press%20release_Ago25.pdf\" style=\"color:blue; text-decoration:underline\"><span style=\"font-size:14.0pt\">Confian&ccedil;a Empresarial cai pelo terceiro m&ecirc;s seguido<\/span><\/a><\/span><\/span><\/span><\/p>\r\n\r\n<p style=\"text-align:justify\"><span style=\"font-size:11pt\"><span style=\"line-height:normal\"><span style=\"font-family:Calibri,sans-serif\"><a href=\"https:\/\/noticias.portaldaindustria.com.br\/posicionamentos\/projeto-que-reduz-incentivos-fiscais-aumentara-carga-tributaria-e-atingira-em-cheio-a-industria-avalia-cni\/\" style=\"color:blue; text-decoration:underline\"><span style=\"font-size:14.0pt\">Projeto que reduz incentivos fiscais aumentar&aacute; carga tribut&aacute;ria e atingir&aacute; em cheio a ind&uacute;stria, avalia CNI<\/span><\/a><\/span><\/span><\/span><\/p>\r\n\r\n<p style=\"text-align:justify\"><span style=\"font-size:11pt\"><span style=\"line-height:normal\"><span style=\"font-family:Calibri,sans-serif\"><a href=\"https:\/\/www.moveisdevalor.com.br\/portal\/trump-protege-as-industrias-dos-eua.-e-quem-protege-as-nossas?source=news\" style=\"color:blue; text-decoration:underline\"><span style=\"font-size:14.0pt\">Trump cuida das empresas dos EUA. E de nossas ind&uacute;strias, quem cuida?<\/span><\/a><\/span><\/span><\/span><\/p>\r\n\r\n<p style=\"text-align:justify\"><span style=\"font-size:11pt\"><span style=\"line-height:normal\"><span style=\"font-family:Calibri,sans-serif\"><a href=\"https:\/\/sindusconsp.com.br\/manifesto-da-construcao-civil-propoe-modernizacao-das-leis-trabalhistas-e-tributarias\/\" style=\"color:blue; text-decoration:underline\"><span style=\"font-size:14.0pt\">Manifesto da Constru&ccedil;&atilde;o Civil prop&otilde;e moderniza&ccedil;&atilde;o das leis trabalhistas e tribut&aacute;rias<\/span><\/a><\/span><\/span><\/span><\/p>\r\n\r\n<p style=\"text-align:justify\"><span style=\"font-size:11pt\"><span style=\"line-height:normal\"><span style=\"font-family:Calibri,sans-serif\"><a href=\"https:\/\/www.autodata.com.br\/noticias\/2025\/08\/28\/anfavea-e-sinfavea-definem-nova-diretoria\/93153\/\" style=\"color:blue; text-decoration:underline\"><span style=\"font-size:14.0pt\">Anfavea e Sinfavea definem nova diretoria<\/span><\/a><\/span><\/span><\/span><\/p>\r\n\r\n<p style=\"text-align:justify\"><span style=\"font-size:11pt\"><span style=\"line-height:normal\"><span style=\"font-family:Calibri,sans-serif\"><a href=\"https:\/\/revistaplasticosul.com.br\/sustentabilidade\/industria-brasileira-de-embalagens-plasticas-flexiveis-mostra-resiliencia-mas-encerra-2o-trimestre-sob-pressao\/\" style=\"color:blue; text-decoration:underline\"><span style=\"font-size:14.0pt\">Ind&uacute;stria brasileira de embalagens pl&aacute;sticas flex&iacute;veis mostra resili&ecirc;ncia, mas encerra segundo trimestre sob press&atilde;o<\/span><\/a> <\/span><\/span><\/span><\/p>\r\n\r\n<p style=\"text-align:justify\"><span style=\"font-size:28pt\"><span style=\"font-family:Cambria,serif\"><span style=\"letter-spacing:-0.5pt\"><b><span style=\"font-size:18.0pt\"><span style=\"font-family:&quot;Calibri&quot;,sans-serif\"><span style=\"font-variant:small-caps\">Sustentabilidade<\/span><\/span><\/span><\/b><\/span><\/span><\/span><\/p>\r\n\r\n<p style=\"text-align:justify\"><span style=\"font-size:11pt\"><span style=\"line-height:normal\"><span style=\"font-family:Calibri,sans-serif\"><a href=\"https:\/\/www.gazetasp.com.br\/cotidiano\/descubra-4-paises-poluem-oceanos-plastico\/1162140\/\" style=\"color:blue; text-decoration:underline\"><span style=\"font-size:14.0pt\">Descubra os 4 pa&iacute;ses que mais poluem os oceanos com pl&aacute;stico<\/span><\/a><\/span><\/span><\/span><\/p>\r\n\r\n<p style=\"text-align:justify\"><span style=\"font-size:11pt\"><span style=\"line-height:normal\"><span style=\"font-family:Calibri,sans-serif\"><a href=\"https:\/\/www.textileindustry.net\/sustainability-challenges-in-technical-textiles\/\" style=\"color:blue; text-decoration:underline\"><span lang=\"ES-AR\" style=\"font-size:14.0pt\">Sustainability Challenges in Technical Textiles and Protective Clothing<\/span><\/a><\/span><\/span><\/span><\/p>\r\n\r\n<p style=\"text-align:justify\"><span style=\"font-size:11pt\"><span style=\"line-height:normal\"><span style=\"font-family:Calibri,sans-serif\"><a href=\"https:\/\/www.medtechdive.com\/spons\/sustainable-medical-device-packaging-solutions-mono-materials-that-perform\/757851\/\" style=\"color:blue; text-decoration:underline\"><span lang=\"EN-US\" style=\"font-size:14.0pt\">Sustainable medical device packaging solutions: Mono-materials that perform<\/span><\/a><\/span><\/span><\/span><\/p>\r\n\r\n<p style=\"text-align:justify\"><span style=\"font-size:11pt\"><span style=\"line-height:normal\"><span style=\"font-family:Calibri,sans-serif\"><a href=\"https:\/\/revistaplasticosul.com.br\/sustentabilidade\/sem-sustentabilidade-economica-projetos-de-residuos-solidos-podem-parar-alerta-governo\/\" style=\"color:blue; text-decoration:underline\"><span style=\"font-size:14.0pt\">Sem sustentabilidade econ&ocirc;mica, projetos de res&iacute;duos s&oacute;lidos podem parar, alerta governo<\/span><\/a><\/span><\/span><\/span><\/p>\r\n\r\n<p style=\"text-align:justify\"><span style=\"font-size:11pt\"><span style=\"line-height:normal\"><span style=\"font-family:Calibri,sans-serif\"><a href=\"http:\/\/comunidadtextil.com\/wpnews\/2025\/08\/el-reciclado-textil-se-enfrenta-con-graves-problemas-que-ponen-en-duda-su-factibilidad\/?utm_source=email_marketing&amp;utm_admin=28519&amp;utm_medium=email&amp;utm_campaign=NOTICIAS_de_las_Industrias_Textil_Indumentaria_y_Moda\" style=\"color:blue; text-decoration:underline\"><span style=\"font-size:14.0pt\">El reciclado textil se enfrenta con graves problemas que ponen en duda su factibilidad<\/span><\/a><\/span><\/span><\/span><\/p>\r\n\r\n<p style=\"text-align:justify\"><span style=\"font-size:28pt\"><span style=\"font-family:Cambria,serif\"><span style=\"letter-spacing:-0.5pt\"><b><span lang=\"EN-US\" style=\"font-size:18.0pt\"><span style=\"font-family:&quot;Calibri&quot;,sans-serif\"><span style=\"font-variant:small-caps\">Inova&ccedil;&atilde;o<\/span><\/span><\/span><\/b><\/span><\/span><\/span><\/p>\r\n\r\n<p style=\"text-align:justify\"><span style=\"font-size:11pt\"><span style=\"line-height:normal\"><span style=\"font-family:Calibri,sans-serif\"><a href=\"https:\/\/agenciabrasil.ebc.com.br\/economia\/noticia\/2025-08\/governo-anuncia-r-12-bi-de-credito-para-inovacao-da-industria-40\" style=\"color:blue; text-decoration:underline\"><span style=\"font-size:14.0pt\">Governo anuncia R$ 12 bi de cr&eacute;dito para inova&ccedil;&atilde;o da ind&uacute;stria 4.0<\/span><\/a><\/span><\/span><\/span><\/p>\r\n\r\n<p style=\"text-align:justify\"><span style=\"font-size:11pt\"><span style=\"line-height:normal\"><span style=\"font-family:Calibri,sans-serif\"><a href=\"https:\/\/noticias.portaldaindustria.com.br\/noticias\/inovacao-e-tecnologia\/nova-linha-de-credito-para-industria-40-e-importante-para-continuidade-da-nib-avalia-cni\/\" style=\"color:blue; text-decoration:underline\"><span style=\"font-size:14.0pt\">Nova linha de cr&eacute;dito para ind&uacute;stria 4.0 &eacute; importante para continuidade da NIB, avalia CNI<\/span><\/a><\/span><\/span><\/span><\/p>\r\n\r\n<p style=\"text-align:justify\"><span style=\"font-size:11pt\"><span style=\"line-height:normal\"><span style=\"font-family:Calibri,sans-serif\"><a href=\"https:\/\/conectaverde.com.br\/ambipar-lanca-cadeiras-100-recicladas-produzidas-com-energia-verde-e-carbono-neutro\/\" style=\"color:blue; text-decoration:underline\"><span style=\"font-size:14.0pt\">Ambipar lan&ccedil;a cadeiras 100% recicladas produzidas com energia verde e carbono neutro<\/span><\/a><\/span><\/span><\/span><\/p>\r\n\r\n<p style=\"text-align:justify\"><span style=\"font-size:28pt\"><span style=\"font-family:Cambria,serif\"><span style=\"letter-spacing:-0.5pt\"><b><span style=\"font-size:18.0pt\"><span style=\"font-family:&quot;Calibri&quot;,sans-serif\"><span style=\"font-variant:small-caps\">Com&eacute;rcio Exterior<\/span><\/span><\/span><\/b><\/span><\/span><\/span><\/p>\r\n\r\n<p style=\"text-align:justify\"><span style=\"font-size:11pt\"><span style=\"line-height:normal\"><span style=\"font-family:Calibri,sans-serif\"><a href=\"https:\/\/timesbrasil.com.br\/brasil\/economia-brasileira\/antidumping-fibra-poliester-china-india-tailandia-vietna\/\" style=\"color:blue; text-decoration:underline\"><span style=\"font-size:14.0pt\">Governo aplica direito antidumping &agrave; importa&ccedil;&atilde;o de fibra de poli&eacute;ster de quatro pa&iacute;ses asi&aacute;ticos<\/span><\/a><\/span><\/span><\/span><\/p>\r\n\r\n<p style=\"text-align:justify\"><span style=\"font-size:11pt\"><span style=\"line-height:normal\"><span style=\"font-family:Calibri,sans-serif\"><a href=\"https:\/\/noticias.portaldaindustria.com.br\/posicionamentos\/lei-da-reciprocidade-cni-pede-prudencia-e-insistencia-no-processo-de-negociacoes-com-os-eua\/\" style=\"color:blue; text-decoration:underline\"><span style=\"font-size:14.0pt\">Lei da Reciprocidade: CNI pede prud&ecirc;ncia e insist&ecirc;ncia no processo de negocia&ccedil;&otilde;es com os EUA<\/span><\/a><\/span><\/span><\/span><\/p>\r\n\r\n<p style=\"text-align:justify\"><span style=\"font-size:11pt\"><span style=\"line-height:normal\"><span style=\"font-family:Calibri,sans-serif\"><a href=\"https:\/\/noticias.portaldaindustria.com.br\/noticias\/internacional\/tarifaco-cni-lidera-missao-empresarial-aos-eua-para-contribuir-com-negociacao\/\" style=\"color:blue; text-decoration:underline\"><span style=\"font-size:14.0pt\">Tarifa&ccedil;o: CNI lidera miss&atilde;o empresarial aos EUA para contribuir com negocia&ccedil;&atilde;o<\/span><\/a><\/span><\/span><\/span><\/p>\r\n\r\n<p style=\"text-align:justify\"><span style=\"font-size:11pt\"><span style=\"line-height:normal\"><span style=\"font-family:Calibri,sans-serif\"><a href=\"https:\/\/noticias.portaldaindustria.com.br\/noticias\/economia\/tarifaco-americano-faz-confianca-da-industria-exportadora-desabar-aponta-pesquisa-inedita-da-cni\/\" style=\"color:blue; text-decoration:underline\"><span style=\"font-size:14.0pt\">Tarifa&ccedil;o americano faz confian&ccedil;a da ind&uacute;stria exportadora desabar, aponta pesquisa in&eacute;dita da CNI<\/span><\/a><\/span><\/span><\/span><\/p>\r\n\r\n<p style=\"text-align:justify\"><span style=\"font-size:11pt\"><span style=\"line-height:normal\"><span style=\"font-family:Calibri,sans-serif\"><a href=\"https:\/\/blogdoibre.fgv.br\/posts\/tarifaco-dos-eua-uma-proposta-de-ranqueamento-dos-estados-mais-impactados\" style=\"color:blue; text-decoration:underline\"><span style=\"font-size:14.0pt\">Tarifa&ccedil;o dos EUA: uma proposta de ranqueamento dos estados mais impactados<\/span><\/a><\/span><\/span><\/span><\/p>\r\n\r\n<p style=\"text-align:justify\"><span style=\"font-size:11pt\"><span style=\"line-height:normal\"><span style=\"font-family:Calibri,sans-serif\"><a href=\"https:\/\/amanha.com.br\/categoria\/sul-for-export\/gecex-sobretaxa-resinas-plasticas-dos-estados-unidos-e-do-canada\" style=\"color:blue; text-decoration:underline\"><span style=\"font-size:14.0pt\">Gecex sobretaxa resinas pl&aacute;sticas dos Estados Unidos e do Canad&aacute;<\/span><\/a><\/span><\/span><\/span><\/p>\r\n\r\n<p style=\"text-align:justify\"><span style=\"font-size:11pt\"><span style=\"line-height:normal\"><span style=\"font-family:Calibri,sans-serif\"><a href=\"https:\/\/www.fibre2fashion.com\/news\/textile-news\/canada-brazil-to-resume-canada-mercosur-fta-talks-in-october-304825-newsdetails.htm\" style=\"color:blue; text-decoration:underline\"><span style=\"font-size:14.0pt\">Canada, Brazil to resume Canada-Mercosur FTA talks in October<\/span><\/a><\/span><\/span><\/span><\/p>\r\n\r\n<p style=\"text-align:justify\"><span style=\"font-size:11pt\"><span style=\"line-height:normal\"><span style=\"font-family:Calibri,sans-serif\"><a href=\"https:\/\/www.innovationintextiles.com\/industry-talk\/china-remains-resilient-for-now\/\" style=\"color:blue; text-decoration:underline\"><span lang=\"EN-US\" style=\"font-size:14.0pt\">China remains resilient, for now&hellip;<\/span><\/a><\/span><\/span><\/span><\/p>\r\n\r\n<p style=\"text-align:justify\"><span style=\"font-size:28pt\"><span style=\"font-family:Cambria,serif\"><span style=\"letter-spacing:-0.5pt\"><b><span style=\"font-size:18.0pt\"><span style=\"font-family:&quot;Calibri&quot;,sans-serif\"><span style=\"font-variant:small-caps\">Economia<\/span><\/span><\/span><\/b><\/span><\/span><\/span><\/p>\r\n\r\n<p style=\"text-align:justify\"><span style=\"font-size:11pt\"><span style=\"line-height:normal\"><span style=\"font-family:Calibri,sans-serif\"><a href=\"https:\/\/www.bcb.gov.br\/content\/focus\/focus\/R20250829.pdf\" style=\"color:blue; text-decoration:underline\"><span style=\"font-size:14.0pt\">Focus - Relat&oacute;rio de Mercado<\/span><\/a><\/span><\/span><\/span><\/p>\r\n\r\n<p style=\"text-align:justify\"><span style=\"font-size:11pt\"><span style=\"line-height:normal\"><span style=\"font-family:Calibri,sans-serif\"><a href=\"https:\/\/www.bcb.gov.br\/content\/controleinflacao\/focusdistribuicoesfrequencia\/P20250901-Focus-Distribuicoes-de-frequencia.pdf\" style=\"color:blue; text-decoration:underline\"><span style=\"font-size:14.0pt\">Focus - Distribui&ccedil;&otilde;es de Frequ&ecirc;ncia das Expectativas de Mercado para IPCA, Selic, PIB e C&acirc;mbio<\/span><\/a><\/span><\/span><\/span><\/p>\r\n\r\n<p style=\"text-align:justify\"><span style=\"font-size:11pt\"><span style=\"line-height:normal\"><span style=\"font-family:Calibri,sans-serif\"><a href=\"https:\/\/www.contabeis.com.br\/noticias\/72570\/reforma-tributaria-como-o-split-payment-afeta-o-caixa-das-empresas\/\" style=\"color:blue; text-decoration:underline\"><span style=\"font-size:14.0pt\">Reforma Tribut&aacute;ria: como o Split Payment afeta o caixa das empresas<\/span><\/a><\/span><\/span><\/span><\/p>\r\n\r\n<p style=\"text-align:justify\"><span style=\"font-size:11pt\"><span style=\"line-height:normal\"><span style=\"font-family:Calibri,sans-serif\"><a href=\"https:\/\/portalibre.fgv.br\/system\/files\/divulgacao\/noticias\/mat-complementar\/2025-09\/Apresenta%C3%A7%C3%A3o%20-%20S%C3%ADntese%20das%20Sondagens%20-%20Agosto%202025.pdf\" style=\"color:blue; text-decoration:underline\"><span style=\"font-size:14.0pt\">Indicador de Incerteza Econ&ocirc;mica do Brasil | Agosto 2025<\/span><\/a><\/span><\/span><\/span><\/p>\r\n\r\n<p style=\"text-align:justify\"><span style=\"font-size:11pt\"><span style=\"line-height:normal\"><span style=\"font-family:Calibri,sans-serif\"><a href=\"https:\/\/s3.sa-east-1.amazonaws.com\/abit-files.abit.org.br\/site\/Abit_informa\/2025\/08_agosto\/25_08\/Boletim+Tribut%C3%A1rio+agosto+2025.pdf?utm_medium=email&amp;utm_campaign=abit_informa_-_25082025&amp;utm_source=RD+Station\" style=\"color:blue; text-decoration:underline\"><span style=\"font-size:14.0pt\">Hondatar Advogados | Boletim Tribut&aacute;rio | Agosto 2025<\/span><\/a><\/span><\/span><\/span><\/p>\r\n\r\n<p style=\"text-align:justify\"><span style=\"font-size:11pt\"><span style=\"line-height:normal\"><span style=\"font-family:Calibri,sans-serif\"><a href=\"https:\/\/blogdoibre.fgv.br\/posts\/dados-de-junho-confirmam-baixo-crescimento-no-segundo-trimestre\" style=\"color:blue; text-decoration:underline\"><span style=\"font-size:14.0pt\">Dados de junho confirmam baixo crescimento no segundo trimestre<\/span><\/a><\/span><\/span><\/span><\/p>\r\n\r\n<p style=\"text-align:justify\"><img src=\"https:\/\/www.abint.org.br\/assets\/img\/editor\/redes-sociais-abint-ctg-cth_20250826142029TIeKhPrH3S.jpg\" \/><\/p>\r\n","texto_en":"","7":"","imagem":"COMP_capa-2025-site-boletim-abint-noticias-semanis_20250902174927mEsRNrfVdB.jpg","8":"COMP_capa-2025-site-boletim-abint-noticias-semanis_20250902174927mEsRNrfVdB.jpg","arquivo":"20250902-BOLETIM-ABINT-DE-NOTICIAS-SEMANAIS.PDF","9":"20250902-BOLETIM-ABINT-DE-NOTICIAS-SEMANAIS.PDF","titulo_arquivo":"20250902 Boletim ABINT de Not\u00edcias Semanais","10":"20250902 Boletim ABINT de Not\u00edcias Semanais","titulo_arquivo_en":"","11":"","created_at":"2025-09-02 17:49:37","12":"2025-09-02 17:49:37","updated_at":"2025-09-02 17:49:37","13":"2025-09-02 17:49:37"},{"id":198,"0":198,"ordem":32,"1":32,"data":"2025-08-31","2":"2025-08-31","slug":"ctg-abint-lanca-manual-de-orientacao-para-compradores-de-geossinteticos","3":"ctg-abint-lanca-manual-de-orientacao-para-compradores-de-geossinteticos","titulo":"CTG ABINT lan\u00e7a manual de orienta\u00e7\u00e3o para compradores de geossint\u00e9ticos","4":"CTG ABINT lan\u00e7a manual de orienta\u00e7\u00e3o para compradores de geossint\u00e9ticos","titulo_en":"","5":"","texto":"<p align=\"center\" style=\"text-align:center; margin-bottom:13px\"><span style=\"font-size:11pt\"><span style=\"line-height:normal\"><span style=\"font-family:Calibri,sans-serif\"><i><span style=\"font-size:12.0pt\"><span style=\"font-family:&quot;Arial&quot;,sans-serif\">O objetivo da entidade &eacute; orientar o comprador para que o geossint&eacute;tico a ser adquirido obede&ccedil;a &agrave;s especifica&ccedil;&otilde;es de projeto, apresentando maneiras de se resguardar contra produtos de baixa qualidade dispon&iacute;veis no mercado<\/span><\/span><\/i><\/span><\/span><\/span><\/p>\r\n\r\n<p align=\"center\" style=\"text-align:center; margin-bottom:13px\">&nbsp;<\/p>\r\n\r\n<p class=\"MsoNoSpacing\" style=\"text-align:justify\"><span style=\"font-size:11pt\"><span style=\"text-justify:inter-ideograph\"><span style=\"font-family:Calibri,sans-serif\"><span style=\"font-family:&quot;Arial&quot;,sans-serif\">Com o olhar cada vez mais voltado &agrave; qualidade, o Comit&ecirc; T&eacute;cnico de Geossint&eacute;ticos da Associa&ccedil;&atilde;o Brasileira das Ind&uacute;strias de N&atilde;otecidos e Tecidos T&eacute;cnicos (CTG ABINT) lan&ccedil;a o <b><u>Manual CTG ABINT para Compradores<\/u><\/b>. O objetivo da entidade &eacute; orientar o comprador para que ele tenha em m&atilde;os as ferramentas necess&aacute;rias para avaliar a qualidade do produto que est&aacute; adquirindo. <\/span><\/span><\/span><\/span><\/p>\r\n\r\n<p class=\"MsoNoSpacing\" style=\"text-align:justify\"><span style=\"font-size:11pt\"><span style=\"text-justify:inter-ideograph\"><span style=\"font-family:Calibri,sans-serif\"><span style=\"font-family:&quot;Arial&quot;,sans-serif\">No Manual s&atilde;o abordados temas como a import&acirc;ncia de se garantir as propriedades dos geossinte\u0301ticos especificadas no projeto, como escolher fabricantes confi&aacute;veis (homologa&ccedil;&atilde;o de produtos e fornecedores), composi&ccedil;&atilde;o de custos e at&eacute; dicas do p&oacute;s-compra, sempre com vistas &agrave; qualidade e a efici&ecirc;ncia do uso. <\/span><\/span><\/span><\/span><\/p>\r\n\r\n<p class=\"MsoNoSpacing\" style=\"text-align:justify\"><span style=\"font-size:11pt\"><span style=\"text-justify:inter-ideograph\"><span style=\"font-family:Calibri,sans-serif\"><span style=\"font-family:&quot;Arial&quot;,sans-serif\">Os geossint&eacute;ticos podem desempenhar diferentes fun&ccedil;&otilde;es em um projeto de engenharia, como drenagem, refor&ccedil;o, barreira de fluxo, entre outras. Dessa, forma, selecionar os geossinte\u0301ticos que atendam &agrave;s exig&ecirc;ncias de projeto reflete diretamente no desempenho da obra onde ser&atilde;o aplicados. &nbsp;<\/span><\/span><\/span><\/span><\/p>\r\n\r\n<p class=\"MsoNoSpacing\" style=\"text-align:justify\"><span style=\"font-size:11pt\"><span style=\"text-justify:inter-ideograph\"><span style=\"font-family:Calibri,sans-serif\"><span style=\"font-family:&quot;Arial&quot;,sans-serif\">Nesse contexto, o papel do projetista &eacute; fundamental. &Eacute; ele quem determina as especifica&ccedil;&otilde;es t&eacute;cnicas a serem atendidas pelos geossint&eacute;ticos. Por sua vez, os geossint&eacute;ticos devem obedecer a um rigoroso controle de qualidade em seu processo de fabrica&ccedil;&atilde;o. &ldquo;Mas nada disso vai adiantar se, no momento da compra, o produto adquirido pelo comprador n&atilde;o atender &agrave;s solicita&ccedil;&otilde;es e acabar chegando em campo um material de baixa qualidade para ser aplicado. Por isso pensamos nesse Manual&rdquo;, comenta MSc. Samira Paranhos, engenheira geot&eacute;cnica especialista em geossint&eacute;ticos e coordenadora do CTG ABINT.<\/span><\/span><\/span><\/span><\/p>\r\n\r\n<p class=\"MsoNoSpacing\" style=\"text-align:justify\"><span style=\"font-size:11pt\"><span style=\"text-justify:inter-ideograph\"><span style=\"font-family:Calibri,sans-serif\">&nbsp;<\/span><\/span><\/span><span style=\"font-size:11pt\"><span style=\"text-justify:inter-ideograph\"><span style=\"font-family:Calibri,sans-serif\"><span style=\"font-family:&quot;Arial&quot;,sans-serif\">O acesso ao <b><u>Manual CTG ABINT para Compradores<\/u><\/b> &eacute; gratuito. Basta acessar o: <\/span><a href=\"https:\/\/www.geossinteticos.org.br\/literatura\" style=\"color:blue; text-decoration:underline\"><span style=\"font-family:&quot;Arial&quot;,sans-serif\">https:\/\/www.geossinteticos.org.br\/literatura<\/span><\/a><\/span><\/span><\/span><\/p>\r\n\r\n<p class=\"MsoNoSpacing\" style=\"text-align:justify\"><span style=\"font-size:11pt\"><span style=\"text-justify:inter-ideograph\"><span style=\"font-family:Calibri,sans-serif\">&nbsp;<\/span><\/span><\/span><span style=\"font-size:12pt\"><span style=\"background:white\"><span style=\"text-justify:inter-ideograph\"><span style=\"line-height:115%\"><span style=\"font-family:&quot;Times New Roman&quot;,serif\"><em><b><span style=\"font-size:11.0pt\"><span style=\"line-height:115%\"><span style=\"font-family:&quot;Arial&quot;,sans-serif\"><span style=\"color:black\">Sobre o CTG-ABINT:<\/span><\/span><\/span><\/span><\/b><\/em><em><span style=\"font-size:11.0pt\"><span style=\"line-height:115%\"><span style=\"font-family:&quot;Arial&quot;,sans-serif\"><span style=\"color:black\">&nbsp; composto por empresas fabricantes e distribuidoras de Geossint&eacute;ticos no Brasil e associadas &agrave; ABINT, o CTG-ABINT tem como objetivo divulgar as aplica&ccedil;&otilde;es dos Geossint&eacute;ticos em obras dos segmentos Ambiental, Agroneg&oacute;cio, Constru&ccedil;&atilde;o Civil, Infraestrutura, Minera&ccedil;&atilde;o, Transporte, entre outros, bem como difundir os conceitos de qualidade a serem observados por fabricantes e usu&aacute;rios, contribuindo para o desenvolvimento mercadol&oacute;gico de forma &eacute;tica e respons&aacute;vel. Para saber mais acesse <\/span><\/span><\/span><\/span><\/em><span style=\"color:black\"><a href=\"http:\/\/www.geossinteticos.org.br\" style=\"color:blue; text-decoration:underline\"><span style=\"font-size:11.0pt\"><span style=\"line-height:115%\"><span style=\"font-family:&quot;Arial&quot;,sans-serif\">www.geossinteticos.org.br<\/span><\/span><\/span><\/a><\/span><\/span><\/span><\/span><\/span><\/span><\/p>\r\n\r\n<p style=\"text-align:justify\"><span style=\"font-size:12pt\"><span style=\"background:white\"><span style=\"text-justify:inter-ideograph\"><span style=\"line-height:115%\"><span style=\"font-family:&quot;Times New Roman&quot;,serif\"><em><b><span style=\"font-size:11.0pt\"><span style=\"line-height:115%\"><span style=\"font-family:&quot;Arial&quot;,sans-serif\"><span style=\"color:black\">Sobre a ABINT:<\/span><\/span><\/span><\/span><\/b><\/em><em><span style=\"font-size:11.0pt\"><span style=\"line-height:115%\"><span style=\"font-family:&quot;Arial&quot;,sans-serif\"><span style=\"color:black\">&nbsp;Fundada em 1991, a Associa&ccedil;&atilde;o Brasileira das Ind&uacute;strias de N&atilde;otecidos e Tecidos T&eacute;cnicos tem como objetivo representar, difundir e defender os interesses da ind&uacute;stria brasileira de N&atilde;otecidos e Tecidos T&eacute;cnicos, promovendo e apoiando o seu desenvolvimento e o crescimento do mercado de aplica&ccedil;&otilde;es desses produtos, que s&atilde;o fundamentais a diversos e importantes setores da economia do pa&iacute;s. Para saber mais acesse&nbsp;<\/span><\/span><\/span><\/span><\/em><span style=\"color:black\"><a href=\"http:\/\/www.abint.org.br\/\" style=\"color:blue; text-decoration:underline\"><em><span style=\"font-size:11.0pt\"><span style=\"line-height:115%\"><span style=\"font-family:&quot;Arial&quot;,sans-serif\"><span style=\"color:black\"><span style=\"text-decoration:none\"><span style=\"text-underline:none\">www.abint.org.br<\/span><\/span><\/span><\/span><\/span><\/span><\/em><\/a><\/span><\/span><\/span><\/span><\/span><\/span><\/p>\r\n\r\n<p style=\"text-align:justify\">&nbsp;<\/p>\r\n\r\n<p><span style=\"color:#2980b9;\"><em><strong>Informa&ccedil;&otilde;es &agrave; Imprensa<\/strong><\/em><\/span><\/p>\r\n\r\n<p><span style=\"color:#2980b9;\"><em><strong>Assessoria de Comunica&ccedil;&atilde;o ABINT<\/strong><\/em><\/span><\/p>\r\n\r\n<p><span style=\"color:#2980b9;\"><em><strong>Roberta Provatti <\/strong><\/em><\/span><\/p>\r\n\r\n<p><span style=\"color:#2980b9;\"><em><strong>(11) 99652-4661<\/strong><\/em><\/span><\/p>\r\n\r\n<p><span style=\"color:#2980b9;\"><em><strong>provattijornalista@gmail.com<\/strong><\/em><\/span><\/p>\r\n","6":"<p align=\"center\" style=\"text-align:center; margin-bottom:13px\"><span style=\"font-size:11pt\"><span style=\"line-height:normal\"><span style=\"font-family:Calibri,sans-serif\"><i><span style=\"font-size:12.0pt\"><span style=\"font-family:&quot;Arial&quot;,sans-serif\">O objetivo da entidade &eacute; orientar o comprador para que o geossint&eacute;tico a ser adquirido obede&ccedil;a &agrave;s especifica&ccedil;&otilde;es de projeto, apresentando maneiras de se resguardar contra produtos de baixa qualidade dispon&iacute;veis no mercado<\/span><\/span><\/i><\/span><\/span><\/span><\/p>\r\n\r\n<p align=\"center\" style=\"text-align:center; margin-bottom:13px\">&nbsp;<\/p>\r\n\r\n<p class=\"MsoNoSpacing\" style=\"text-align:justify\"><span style=\"font-size:11pt\"><span style=\"text-justify:inter-ideograph\"><span style=\"font-family:Calibri,sans-serif\"><span style=\"font-family:&quot;Arial&quot;,sans-serif\">Com o olhar cada vez mais voltado &agrave; qualidade, o Comit&ecirc; T&eacute;cnico de Geossint&eacute;ticos da Associa&ccedil;&atilde;o Brasileira das Ind&uacute;strias de N&atilde;otecidos e Tecidos T&eacute;cnicos (CTG ABINT) lan&ccedil;a o <b><u>Manual CTG ABINT para Compradores<\/u><\/b>. O objetivo da entidade &eacute; orientar o comprador para que ele tenha em m&atilde;os as ferramentas necess&aacute;rias para avaliar a qualidade do produto que est&aacute; adquirindo. <\/span><\/span><\/span><\/span><\/p>\r\n\r\n<p class=\"MsoNoSpacing\" style=\"text-align:justify\"><span style=\"font-size:11pt\"><span style=\"text-justify:inter-ideograph\"><span style=\"font-family:Calibri,sans-serif\"><span style=\"font-family:&quot;Arial&quot;,sans-serif\">No Manual s&atilde;o abordados temas como a import&acirc;ncia de se garantir as propriedades dos geossinte\u0301ticos especificadas no projeto, como escolher fabricantes confi&aacute;veis (homologa&ccedil;&atilde;o de produtos e fornecedores), composi&ccedil;&atilde;o de custos e at&eacute; dicas do p&oacute;s-compra, sempre com vistas &agrave; qualidade e a efici&ecirc;ncia do uso. <\/span><\/span><\/span><\/span><\/p>\r\n\r\n<p class=\"MsoNoSpacing\" style=\"text-align:justify\"><span style=\"font-size:11pt\"><span style=\"text-justify:inter-ideograph\"><span style=\"font-family:Calibri,sans-serif\"><span style=\"font-family:&quot;Arial&quot;,sans-serif\">Os geossint&eacute;ticos podem desempenhar diferentes fun&ccedil;&otilde;es em um projeto de engenharia, como drenagem, refor&ccedil;o, barreira de fluxo, entre outras. Dessa, forma, selecionar os geossinte\u0301ticos que atendam &agrave;s exig&ecirc;ncias de projeto reflete diretamente no desempenho da obra onde ser&atilde;o aplicados. &nbsp;<\/span><\/span><\/span><\/span><\/p>\r\n\r\n<p class=\"MsoNoSpacing\" style=\"text-align:justify\"><span style=\"font-size:11pt\"><span style=\"text-justify:inter-ideograph\"><span style=\"font-family:Calibri,sans-serif\"><span style=\"font-family:&quot;Arial&quot;,sans-serif\">Nesse contexto, o papel do projetista &eacute; fundamental. &Eacute; ele quem determina as especifica&ccedil;&otilde;es t&eacute;cnicas a serem atendidas pelos geossint&eacute;ticos. Por sua vez, os geossint&eacute;ticos devem obedecer a um rigoroso controle de qualidade em seu processo de fabrica&ccedil;&atilde;o. &ldquo;Mas nada disso vai adiantar se, no momento da compra, o produto adquirido pelo comprador n&atilde;o atender &agrave;s solicita&ccedil;&otilde;es e acabar chegando em campo um material de baixa qualidade para ser aplicado. Por isso pensamos nesse Manual&rdquo;, comenta MSc. Samira Paranhos, engenheira geot&eacute;cnica especialista em geossint&eacute;ticos e coordenadora do CTG ABINT.<\/span><\/span><\/span><\/span><\/p>\r\n\r\n<p class=\"MsoNoSpacing\" style=\"text-align:justify\"><span style=\"font-size:11pt\"><span style=\"text-justify:inter-ideograph\"><span style=\"font-family:Calibri,sans-serif\">&nbsp;<\/span><\/span><\/span><span style=\"font-size:11pt\"><span style=\"text-justify:inter-ideograph\"><span style=\"font-family:Calibri,sans-serif\"><span style=\"font-family:&quot;Arial&quot;,sans-serif\">O acesso ao <b><u>Manual CTG ABINT para Compradores<\/u><\/b> &eacute; gratuito. Basta acessar o: <\/span><a href=\"https:\/\/www.geossinteticos.org.br\/literatura\" style=\"color:blue; text-decoration:underline\"><span style=\"font-family:&quot;Arial&quot;,sans-serif\">https:\/\/www.geossinteticos.org.br\/literatura<\/span><\/a><\/span><\/span><\/span><\/p>\r\n\r\n<p class=\"MsoNoSpacing\" style=\"text-align:justify\"><span style=\"font-size:11pt\"><span style=\"text-justify:inter-ideograph\"><span style=\"font-family:Calibri,sans-serif\">&nbsp;<\/span><\/span><\/span><span style=\"font-size:12pt\"><span style=\"background:white\"><span style=\"text-justify:inter-ideograph\"><span style=\"line-height:115%\"><span style=\"font-family:&quot;Times New Roman&quot;,serif\"><em><b><span style=\"font-size:11.0pt\"><span style=\"line-height:115%\"><span style=\"font-family:&quot;Arial&quot;,sans-serif\"><span style=\"color:black\">Sobre o CTG-ABINT:<\/span><\/span><\/span><\/span><\/b><\/em><em><span style=\"font-size:11.0pt\"><span style=\"line-height:115%\"><span style=\"font-family:&quot;Arial&quot;,sans-serif\"><span style=\"color:black\">&nbsp; composto por empresas fabricantes e distribuidoras de Geossint&eacute;ticos no Brasil e associadas &agrave; ABINT, o CTG-ABINT tem como objetivo divulgar as aplica&ccedil;&otilde;es dos Geossint&eacute;ticos em obras dos segmentos Ambiental, Agroneg&oacute;cio, Constru&ccedil;&atilde;o Civil, Infraestrutura, Minera&ccedil;&atilde;o, Transporte, entre outros, bem como difundir os conceitos de qualidade a serem observados por fabricantes e usu&aacute;rios, contribuindo para o desenvolvimento mercadol&oacute;gico de forma &eacute;tica e respons&aacute;vel. Para saber mais acesse <\/span><\/span><\/span><\/span><\/em><span style=\"color:black\"><a href=\"http:\/\/www.geossinteticos.org.br\" style=\"color:blue; text-decoration:underline\"><span style=\"font-size:11.0pt\"><span style=\"line-height:115%\"><span style=\"font-family:&quot;Arial&quot;,sans-serif\">www.geossinteticos.org.br<\/span><\/span><\/span><\/a><\/span><\/span><\/span><\/span><\/span><\/span><\/p>\r\n\r\n<p style=\"text-align:justify\"><span style=\"font-size:12pt\"><span style=\"background:white\"><span style=\"text-justify:inter-ideograph\"><span style=\"line-height:115%\"><span style=\"font-family:&quot;Times New Roman&quot;,serif\"><em><b><span style=\"font-size:11.0pt\"><span style=\"line-height:115%\"><span style=\"font-family:&quot;Arial&quot;,sans-serif\"><span style=\"color:black\">Sobre a ABINT:<\/span><\/span><\/span><\/span><\/b><\/em><em><span style=\"font-size:11.0pt\"><span style=\"line-height:115%\"><span style=\"font-family:&quot;Arial&quot;,sans-serif\"><span style=\"color:black\">&nbsp;Fundada em 1991, a Associa&ccedil;&atilde;o Brasileira das Ind&uacute;strias de N&atilde;otecidos e Tecidos T&eacute;cnicos tem como objetivo representar, difundir e defender os interesses da ind&uacute;stria brasileira de N&atilde;otecidos e Tecidos T&eacute;cnicos, promovendo e apoiando o seu desenvolvimento e o crescimento do mercado de aplica&ccedil;&otilde;es desses produtos, que s&atilde;o fundamentais a diversos e importantes setores da economia do pa&iacute;s. Para saber mais acesse&nbsp;<\/span><\/span><\/span><\/span><\/em><span style=\"color:black\"><a href=\"http:\/\/www.abint.org.br\/\" style=\"color:blue; text-decoration:underline\"><em><span style=\"font-size:11.0pt\"><span style=\"line-height:115%\"><span style=\"font-family:&quot;Arial&quot;,sans-serif\"><span style=\"color:black\"><span style=\"text-decoration:none\"><span style=\"text-underline:none\">www.abint.org.br<\/span><\/span><\/span><\/span><\/span><\/span><\/em><\/a><\/span><\/span><\/span><\/span><\/span><\/span><\/p>\r\n\r\n<p style=\"text-align:justify\">&nbsp;<\/p>\r\n\r\n<p><span style=\"color:#2980b9;\"><em><strong>Informa&ccedil;&otilde;es &agrave; Imprensa<\/strong><\/em><\/span><\/p>\r\n\r\n<p><span style=\"color:#2980b9;\"><em><strong>Assessoria de Comunica&ccedil;&atilde;o ABINT<\/strong><\/em><\/span><\/p>\r\n\r\n<p><span style=\"color:#2980b9;\"><em><strong>Roberta Provatti <\/strong><\/em><\/span><\/p>\r\n\r\n<p><span style=\"color:#2980b9;\"><em><strong>(11) 99652-4661<\/strong><\/em><\/span><\/p>\r\n\r\n<p><span style=\"color:#2980b9;\"><em><strong>provattijornalista@gmail.com<\/strong><\/em><\/span><\/p>\r\n","texto_en":"","7":"","imagem":"COMP_capa-2025-site-comunicacao_20251020181947gvQJtXxjyP.jpg","8":"COMP_capa-2025-site-comunicacao_20251020181947gvQJtXxjyP.jpg","arquivo":"20250618-LANCAMENTO-MANUAL-CTG-ABINT-PARA-COMPRADORES-DE-GEOSSINTETICOS.PDF","9":"20250618-LANCAMENTO-MANUAL-CTG-ABINT-PARA-COMPRADORES-DE-GEOSSINTETICOS.PDF","titulo_arquivo":"20250618 lan\u00e7amento Manual CTG ABINT para Compradores de Geossint\u00e9ticos","10":"20250618 lan\u00e7amento Manual CTG ABINT para Compradores de Geossint\u00e9ticos","titulo_arquivo_en":"","11":"","created_at":"2025-10-20 18:19:55","12":"2025-10-20 18:19:55","updated_at":"2025-10-20 18:19:55","13":"2025-10-20 18:19:55"},{"id":186,"0":186,"ordem":33,"1":33,"data":"2025-08-26","2":"2025-08-26","slug":"boletim-abint-de-noticias-semanais-90","3":"boletim-abint-de-noticias-semanais-90","titulo":"Boletim ABINT de Not\u00edcias Semanais","4":"Boletim ABINT de Not\u00edcias Semanais","titulo_en":"","5":"","texto":"<p style=\"text-align:justify\"><span style=\"font-size:11pt\"><span style=\"line-height:normal\"><span style=\"font-family:Calibri,sans-serif\"><span style=\"font-size:14.0pt\">Esta &eacute; uma compila&ccedil;&atilde;o das not&iacute;cias mais relevantes para o setor, incluindo informa&ccedil;&otilde;es sobre acordos internacionais, economia brasileira, sustentabilidade e mat&eacute;rias primas, al&eacute;m de novidades do setor de N&atilde;otecidos e Tecidos T&eacute;cnicos.<\/span><\/span><\/span><\/span><\/p>\r\n\r\n<p style=\"text-align:justify\">&nbsp;<\/p>\r\n\r\n<p class=\"MsoTitle\" style=\"text-align:justify\"><span style=\"font-size:28pt\"><span style=\"font-family:Cambria,serif\"><span style=\"letter-spacing:-0.5pt\"><b><span style=\"font-size:18.0pt\"><span style=\"font-family:&quot;Calibri&quot;,sans-serif\"><span style=\"font-variant:small-caps\">A&ccedil;&otilde;es realizadas<\/span><\/span><\/span><\/b><\/span><\/span><\/span><\/p>\r\n\r\n<p><span style=\"font-size:11pt\"><span style=\"line-height:115%\"><span style=\"font-family:Calibri,sans-serif\"><span style=\"font-size:14.0pt\"><span style=\"line-height:115%\">Perdeu a live &quot;<b><i>Boas Pr&aacute;ticas para Compra T&eacute;cnica de Geossint&eacute;ticos<\/i><\/b>&rdquo;? <\/span><\/span><a href=\"https:\/\/www.youtube.com\/live\/EBSHpDfwSYM?si=ENHIJYjNWgl2wuQB\" style=\"color:blue; text-decoration:underline\"><b><span style=\"font-size:14.0pt\"><span style=\"line-height:115%\">Acesse aqui<\/span><\/span><\/b><\/a><span style=\"font-size:14.0pt\"><span style=\"line-height:115%\"> e confira como foi!<\/span><\/span><\/span><\/span><\/span><\/p>\r\n\r\n<p class=\"MsoTitle\" style=\"text-align:justify\"><span style=\"font-size:28pt\"><span style=\"font-family:Cambria,serif\"><span style=\"letter-spacing:-0.5pt\"><b><span style=\"font-size:18.0pt\"><span style=\"font-family:&quot;Calibri&quot;,sans-serif\"><span style=\"font-variant:small-caps\">O que vem por a&iacute;<\/span><\/span><\/span><\/b><\/span><\/span><\/span><\/p>\r\n\r\n<p class=\"MsoTitle\" style=\"text-align:justify\"><span style=\"font-size:28pt\"><span style=\"font-family:Cambria,serif\"><span style=\"letter-spacing:-0.5pt\"><b><span style=\"font-size:18.0pt\"><span style=\"font-family:&quot;Calibri&quot;,sans-serif\"><span style=\"font-variant:small-caps\"><img src=\"https:\/\/www.abint.org.br\/assets\/img\/editor\/20250916-workshop-ctg-aterro_20250826141413jESvhNLKlO.jpg\" style=\"width: 500px; height: 625px;\" \/><\/span><\/span><\/span><\/b><\/span><\/span><\/span><\/p>\r\n\r\n<p class=\"MsoTitle\" style=\"text-align:justify\"><span style=\"font-size:11pt\"><span style=\"line-height:normal\"><span style=\"font-family:Calibri,sans-serif\"><a href=\"https:\/\/forms.office.com\/pages\/responsepage.aspx?id=n9pNk1glrE6b5i8lS53621O-4jMsuCNBqhQBI597U0lUQVZUMlE2TkNVUFAzQ1I4S1hXMllTRU9SRC4u&amp;route=shorturl\" style=\"color:blue; text-decoration:underline\"><b><span style=\"font-size:14.0pt\">Acesse aqui para fazer sua inscri&ccedil;&atilde;o<\/span><\/b><\/a><\/span><\/span><\/span><\/p>\r\n\r\n<p style=\"text-align:justify\">&nbsp;<\/p>\r\n\r\n<p><b><img src=\"https:\/\/www.abint.org.br\/assets\/img\/editor\/2o-seminario-abrafiltros-abint-apoiador_2025072217401523mrTUXRqU.png\" style=\"width: 500px; height: 500px;\" \/><\/b><\/p>\r\n\r\n<p><span style=\"font-size:11pt\"><span style=\"line-height:normal\"><span style=\"font-family:Calibri,sans-serif\"><a href=\"https:\/\/doity.com.br\/3-seminario-brasileiro-de-filtros\" style=\"color:blue; text-decoration:underline\"><b><span style=\"font-size:14.0pt\">Acesse aqui mais informa&ccedil;&otilde;es<\/span><\/b><\/a><\/span><\/span><\/span><\/p>\r\n\r\n<p>&nbsp;<\/p>\r\n\r\n<p><img src=\"https:\/\/www.abint.org.br\/assets\/img\/editor\/congresso-internacional-abit-2025_20250722174119edr5xq8iJH.png\" style=\"width: 700px; height: 256px;\" \/><\/p>\r\n\r\n<p><span style=\"font-size:11pt\"><span style=\"line-height:normal\"><span style=\"font-family:Calibri,sans-serif\"><a href=\"https:\/\/www.congressoabit.com.br\/\" style=\"color:blue; text-decoration:underline\"><b><span style=\"font-size:14.0pt\">Acesse aqui mais informa&ccedil;&otilde;es<\/span><\/b><\/a><\/span><\/span><\/span><\/p>\r\n\r\n<p>&nbsp;<\/p>\r\n\r\n<p class=\"MsoTitle\" style=\"text-align:justify\"><span style=\"font-size:28pt\"><span style=\"font-family:Cambria,serif\"><span style=\"letter-spacing:-0.5pt\"><b><span style=\"font-size:18.0pt\"><span style=\"font-family:&quot;Calibri&quot;,sans-serif\"><span style=\"font-variant:small-caps\">Not&iacute;cias das Associadas<\/span><\/span><\/span><\/b><\/span><\/span><\/span><\/p>\r\n\r\n<p style=\"text-align:justify\"><span style=\"font-size:11pt\"><span style=\"line-height:normal\"><span style=\"font-family:Calibri,sans-serif\"><a href=\"https:\/\/public-api.wordpress.com\/bar\/?stat=groovemails-events&amp;bin=wpcom_email_click&amp;redirect_to=https%3A%2F%2Fblogdoplastico.wordpress.com%2F2025%2F08%2F21%2Fabint-realiza-curso-presencial-sobre-tecnologia-dos-naotecidos%2F&amp;sr=0&amp;signature=99afc88db143dad1959f8c182d187728&amp;blog_id=9438832&amp;user=135099004&amp;_e=eyJlcnJvciI6bnVsbCwiYmxvZ19pZCI6OTQzODgzMiwiYmxvZ19sYW5nIjoicHQtQlIiLCJzaXRlX2lkX2xhYmVsIjoid3Bjb20iLCJoYXNfZmVhdHVyZWRfaW1hZ2UiOiIwIiwic3Vic2NyaWJlcl9pZCI6IjQ0NzAwMjQ1IiwiX3VpIjoxMzUwOTkwMDQsImxvY2FsZSI6InB0LWJyIiwiY3VycmVuY3kiOiJCUkwiLCJjb3VudHJ5X2NvZGVfc2lnbnVwIjoiQlIiLCJzaWdudXBfZmxvd19uYW1lIjoiZGVsdGEtc2l0ZSIsImVtYWlsX2RvbWFpbiI6ImFiaW50Lm9yZy5iciIsInBvc3RfaWQiOjE5Mjc5LCJ1c2VyX2VtYWlsIjoiYWJpbnRAYWJpbnQub3JnLmJyIiwiZGF0ZV9zZW50IjoiMjAyNS0wOC0yMiIsImVtYWlsX25hbWUiOiJuZXctcG9zdCIsInRlbXBsYXRlIjoibmV3LXBvc3QiLCJlbWFpbF9pZCI6ImIxYjQwMTU2NTVmNzM5M2E1NjdlN2MyNjUzNzczMTJlIiwibGlua19kZXNjIjoicG9zdC11cmwiLCJhbmNob3JfdGV4dCI6IkFCSU5UIHJlYWxpemEgY3Vyc28gcHJlc2VuY2lhbCBzb2JyZSBcdTIwMWNUZWNub2xvZ2lhIGRvc1x1MDBhME5cdTAwZTNvdGVjaWRvc1x1MjAxZCIsIl9kciI6bnVsbCwiX2RsIjoiXC93cC1hZG1pblwvcG9zdC5waHAiLCJfdXQiOiJ3cGNvbTp1c2VyX2lkIiwiX3VsIjoiYWJpbnR0dCIsIl9lbiI6IndwY29tX2VtYWlsX2NsaWNrIiwiX3RzIjoxNzU1ODI2ODc0OTQ3LCJicm93c2VyX3R5cGUiOiJwaHAtYWdlbnQiLCJfYXVhIjoid3Bjb20tdHJhY2tzLWNsaWVudC12MC4zIiwiYmxvZ190eiI6Ii0zIiwidXNlcl9sYW5nIjoicHQtYnIifQ=&amp;_z=z\" style=\"color:blue; text-decoration:underline\"><b><span style=\"font-size:14.0pt\">ABINT realiza curso presencial sobre &ldquo;Tecnologia dos&nbsp;N&atilde;otecidos&rdquo;<\/span><\/b><\/a><\/span><\/span><\/span><\/p>\r\n\r\n<p style=\"text-align:justify\">&nbsp;<\/p>\r\n\r\n<p style=\"text-align:justify\"><span style=\"font-size:11pt\"><span style=\"line-height:normal\"><span style=\"font-family:Calibri,sans-serif\"><b><span style=\"font-size:18.0pt\"><span style=\"font-variant:small-caps\">Eventos<\/span><\/span><\/b><\/span><\/span><\/span><\/p>\r\n\r\n<p style=\"text-align:justify\"><span style=\"font-size:11pt\"><span style=\"line-height:normal\"><span style=\"font-family:Calibri,sans-serif\"><a href=\"https:\/\/sticni.sharepoint.com\/sites\/PublicShare\/Compartilhamentos\/Forms\/AllItems.aspx?id=%2Fsites%2FPublicShare%2FCompartilhamentos%2FCNI%2D133649%2FPrograma%20Imers%C3%B5es%20em%20Ecossistemas%2FImers%C3%A3o%20Finlandia%20em%20Economia%20Circular%2E%201%2Epdf&amp;parent=%2Fsites%2FPublicShare%2FCompartilhamentos%2FCNI%2D133649%2FPrograma%20Imers%C3%B5es%20em%20Ecossistemas&amp;p=true&amp;ga=1\" style=\"color:blue; text-decoration:underline\"><b><span style=\"font-size:14.0pt\">CNI | Imers&atilde;o Finl&acirc;ndia: Uma conex&atilde;o global com a Economia Circular<\/span><\/b><\/a><span style=\"font-size:14.0pt\">, 01 a 05 de setembro de 2025, inscri&ccedil;&otilde;es at&eacute; 10 de agosto de 2025 ou se encerrarem as vagas, cidades destinos: Helsinki (cidade base), Tampere e Espoo.<\/span><\/span><\/span><\/span><\/p>\r\n\r\n<p style=\"text-align:justify\"><span style=\"font-size:11pt\"><span style=\"line-height:normal\"><span style=\"font-family:Calibri,sans-serif\"><a href=\"https:\/\/app.isend.com.br\/iSend\/view\/9DE9D0742A340411A1E8E7365679128474B3CF88A4665487BDD910C518D01ECAFFD441B57ADE0426\" style=\"color:blue; text-decoration:underline\"><b><span style=\"font-size:14.0pt\">FIESP | Debate sobre a nova geopol&iacute;tica e o papel do Brasil no cen&aacute;rio global<\/span><\/b><\/a><span style=\"font-size:14.0pt\">, 04 de setembro de 2025, 09h, sede da Fiesp<\/span><\/span><\/span><\/span><\/p>\r\n\r\n<p style=\"text-align:justify\"><span style=\"font-size:11pt\"><span style=\"line-height:normal\"><span style=\"font-family:Calibri,sans-serif\"><a href=\"https:\/\/app.rdstation.email\/mail\/af66e200-91d9-49b3-87b0-e83269992dad?utm_medium=email&amp;utm_campaign=emkt_curso_classificacao_fiscal&amp;utm_source=RD+Station\" style=\"color:blue; text-decoration:underline\"><b><span style=\"font-size:14.0pt\">Curso de Classifica&ccedil;&atilde;o Fiscal para Produtos T&ecirc;xteis e Confeccionados<\/span><\/b><\/a><span style=\"font-size:14.0pt\">, 10 de setembro de 2025, 09h &agrave;s 12h, evento virtual<\/span><\/span><\/span><\/span><\/p>\r\n\r\n<p style=\"text-align:justify\"><span style=\"font-size:11pt\"><span style=\"line-height:normal\"><span style=\"font-family:Calibri,sans-serif\"><a href=\"https:\/\/www.conbrava.com.br\/\" style=\"color:blue; text-decoration:underline\"><b><span style=\"font-size:14.0pt\">CONBRAVA 2025<\/span><\/b><\/a><span style=\"font-size:14.0pt\">, 10 a 12 de setembro de 2025, S&atilde;o Paulo Expo, Rodovia dos Imigrantes, km 1,5<\/span><\/span><\/span><\/span><\/p>\r\n\r\n<p style=\"text-align:justify\"><span style=\"font-size:11pt\"><span style=\"line-height:normal\"><span style=\"font-family:Calibri,sans-serif\"><a href=\"https:\/\/plasticosemrevista.com.br\/competitividade-2025\/\" style=\"color:blue; text-decoration:underline\"><b><span style=\"font-size:14.0pt\">Semin&aacute;rio Competitividade | 15&ordf; edi&ccedil;&atilde;o | Transforma&ccedil;&atilde;o - Mercado e Ind&uacute;stria Redesenhados pela Guerra Comercial e Intelig&ecirc;ncia Artificial<\/span><\/b><\/a><span style=\"font-size:14.0pt\">, 18&middot;de setembro de 2025, Hotel Meli&aacute;, Av. Paulista, 2181, SP<\/span><\/span><\/span><\/span><\/p>\r\n\r\n<p style=\"text-align:justify\"><span style=\"font-size:11pt\"><span style=\"line-height:normal\"><span style=\"font-family:Calibri,sans-serif\"><a href=\"https:\/\/paving.com.br\/\" style=\"color:blue; text-decoration:underline\"><b><span style=\"font-size:14.0pt\">Paving Expo 2025<\/span><\/b><\/a><span style=\"font-size:14.0pt\">, 23 a 25 de setembro de 2025, Distrito Anhembi, Rua Prof. Milton Rodrigues, s\/n, Santana, S&atilde;o Paulo, SP<\/span><\/span><\/span><\/span><\/p>\r\n\r\n<p style=\"text-align:justify\"><span style=\"font-size:11pt\"><span style=\"line-height:normal\"><span style=\"font-family:Calibri,sans-serif\"><a href=\"https:\/\/app.rdstation.email\/mail\/2babe40a-eb86-4044-b658-43fbda6625a2?utm_medium=email&amp;utm_campaign=2108_convite_workshop_justica_trabalho_-_reenvio&amp;utm_source=RD+Station\" style=\"color:blue; text-decoration:underline\"><b><span style=\"font-size:14.0pt\">Workshop Abit | Pedidos Irreais na Justi&ccedil;a do Trabalho: Como Lidar com o Exagero Processual<\/span><\/b><\/a><span style=\"font-size:14.0pt\">, 30 de agosto de 2025, 09 &agrave;s 12h, evento h&iacute;brido<\/span><\/span><\/span><\/span><\/p>\r\n\r\n<p style=\"text-align:justify\"><span style=\"font-size:11pt\"><span style=\"line-height:normal\"><span style=\"font-family:Calibri,sans-serif\"><a href=\"https:\/\/www.instagram.com\/sobeccnacional\/p\/DA1V8NZyhNK\/?img_index=1\" style=\"color:blue; text-decoration:underline\"><b><span style=\"font-size:14.0pt\">17&ordm; Congresso Brasileiro de Enfermagem em Centro Cir&uacute;rgico: &ldquo;O poder de cuidar&rdquo;<\/span><\/b><\/a><span style=\"font-size:14.0pt\">, 01 a 03 de outubro de 2025, Transamerica Expo Center, S&atilde;o Paulo, SP<\/span><\/span><\/span><\/span><\/p>\r\n\r\n<p style=\"text-align:justify\"><span style=\"font-size:11pt\"><span style=\"line-height:normal\"><span style=\"font-family:Calibri,sans-serif\"><a href=\"https:\/\/his.saudebusiness.com\/pt\/home.html\" style=\"color:blue; text-decoration:underline\"><b><span style=\"font-size:14.0pt\">Healthcare Innovation Show (HIS)<\/span><\/b><\/a><span style=\"font-size:14.0pt\">, 01 e 02 de outubro de 2025, 09h &agrave;s 18h, S&atilde;o Paulo Expo<\/span><\/span><\/span><\/span><\/p>\r\n\r\n<p style=\"text-align:justify\"><span style=\"font-size:11pt\"><span style=\"line-height:normal\"><span style=\"font-family:Calibri,sans-serif\"><a href=\"https:\/\/www.abrafiltros.org.br\/3o-seminario-brasileiro-de-filtros-acontecera-no-dia-08-de-outubro\/\" style=\"color:blue; text-decoration:underline\"><b><span style=\"font-size:14.0pt\">3&ordm; Semin&aacute;rio Brasileiro de Filtros<\/span><\/b><\/a><span style=\"font-size:14.0pt\">, 08 de outubro de 2025, evento presencial<\/span><\/span><\/span><\/span><\/p>\r\n\r\n<p style=\"text-align:justify\"><span style=\"font-size:11pt\"><span style=\"line-height:normal\"><span style=\"font-family:Calibri,sans-serif\"><a href=\"https:\/\/hospitalmed.com.br\/feira\/\" style=\"color:blue; text-decoration:underline\"><b><span style=\"font-size:14.0pt\">HospitalMed 2025<\/span><\/b><\/a><span style=\"font-size:14.0pt\">, 22 a 24 de outubro, Pernambuco Centro de Conven&ccedil;&otilde;es, Olinda<\/span><\/span><\/span><\/span><\/p>\r\n\r\n<p style=\"text-align:justify\"><span style=\"font-size:11pt\"><span style=\"line-height:normal\"><span style=\"font-family:Calibri,sans-serif\"><a href=\"https:\/\/www.congressoabit.com.br\/\" style=\"color:blue; text-decoration:underline\"><b><span style=\"font-size:14.0pt\">Congresso Internacional Abit 2025<\/span><\/b><\/a><span style=\"font-size:14.0pt\">, 29 e 30 de outubro, 08h &agrave;s 20h, FIESP, S&atilde;o Paulo, SP<\/span><\/span><\/span><\/span><\/p>\r\n\r\n<p style=\"text-align:justify\"><span style=\"font-size:11pt\"><span style=\"line-height:normal\"><span style=\"font-family:Calibri,sans-serif\"><a href=\"https:\/\/filtech.de\/\" style=\"color:blue; text-decoration:underline\"><b><span style=\"font-size:14.0pt\">Filtech 2026<\/span><\/b><\/a><span style=\"font-size:14.0pt\">, de 30 de junho a 2 de julho, Cologne, Alemanha<\/span><\/span><\/span><\/span><\/p>\r\n\r\n<p style=\"text-align:justify\"><span style=\"font-size:11pt\"><span style=\"line-height:normal\"><span style=\"font-family:Calibri,sans-serif\"><a href=\"https:\/\/ficons.com.br\/\" style=\"color:blue; text-decoration:underline\"><b><span style=\"font-size:14.0pt\">FICONS - Feira Internacional de Materiais, Equipamentos e Servi&ccedil;os da Constru&ccedil;&atilde;o<\/span><\/b><\/a><span style=\"font-size:14.0pt\">, 15 a 18 de setembro de 2026, Centro de Conven&ccedil;&otilde;es de Pernambuco Recife\/ Olinda<\/span><\/span><\/span><\/span><\/p>\r\n\r\n<p style=\"text-align:justify\"><span style=\"font-size:28pt\"><span style=\"font-family:Cambria,serif\"><span style=\"letter-spacing:-0.5pt\"><b><span style=\"font-size:18.0pt\"><span style=\"font-family:&quot;Calibri&quot;,sans-serif\"><span style=\"font-variant:small-caps\">Setor<\/span><\/span><\/span><\/b><\/span><\/span><\/span><\/p>\r\n\r\n<p style=\"text-align:justify\"><span style=\"font-size:11pt\"><span style=\"line-height:normal\"><span style=\"font-family:Calibri,sans-serif\"><a href=\"https:\/\/portalpersonalcare.com.br\/tradicao-e-inovacao-o-mercado-brasileiro-de-fraldas-abertas-e-pants\/?utm_medium=email&amp;utm_campaign=reportagem_especial_tradicao_e_inovacao_o_mercado_brasileiro_de_fraldas_abertas_e_pants&amp;utm_source=RD+Station\" style=\"color:blue; text-decoration:underline\"><span style=\"font-size:14.0pt\">Tradi&ccedil;&atilde;o e inova&ccedil;&atilde;o: o mercado brasileiro de fraldas abertas e pants<\/span><\/a><\/span><\/span><\/span><\/p>\r\n\r\n<p style=\"text-align:justify\"><span style=\"font-size:11pt\"><span style=\"line-height:normal\"><span style=\"font-family:Calibri,sans-serif\"><a href=\"https:\/\/www.nonwovens-industry.com\/contents\/view_features\/2025-08-08\/medical-nonwovens-advance\/?utm_campaign=NON%20Issue%20Alert&amp;utm_medium=email&amp;_hsenc=p2ANqtz--YsxBNIHX0DwIEgb-Bxam4_DrYevPhDtxYq4WA7Hai11WAYg661ggw_rO3EqvmuCNwJtC9EVXQYTImCpexYHr-ZbdDew&amp;_hsmi=376081673&amp;utm_content=376081673&amp;utm_source=hs_email\" style=\"color:blue; text-decoration:underline\"><span lang=\"EN-US\" style=\"font-size:14.0pt\">Medical Nonwovens Advance<\/span><\/a><\/span><\/span><\/span><\/p>\r\n\r\n<p style=\"text-align:justify\"><span style=\"font-size:11pt\"><span style=\"line-height:normal\"><span style=\"font-family:Calibri,sans-serif\"><a href=\"https:\/\/www.nonwovens-industry.com\/contents\/view_features\/2025-08-08\/nonwoven-battery-separators-gain-ground\/?utm_campaign=NON%20Issue%20Alert&amp;utm_medium=email&amp;_hsenc=p2ANqtz-_i6uQ6Put7E7eJn4ut4w15aRrO8oz-H5sUnVj1FSoIezDdMwha7vKSjoOwTZzFgJDlTGKEazmhWwuZ8FUrdjYMo4_2NQ&amp;_hsmi=376081673&amp;utm_content=376081673&amp;utm_source=hs_email\" style=\"color:blue; text-decoration:underline\"><span lang=\"EN-US\" style=\"font-size:14.0pt\">Nonwoven Battery Separators Gain Ground<\/span><\/a><\/span><\/span><\/span><\/p>\r\n\r\n<p style=\"text-align:justify\"><span style=\"font-size:11pt\"><span style=\"line-height:normal\"><span style=\"font-family:Calibri,sans-serif\"><a href=\"https:\/\/plasticosemrevista.com.br\/parada-durissima\/\" style=\"color:blue; text-decoration:underline\"><span style=\"font-size:14.0pt\">Parada dur&iacute;ssima<\/span><\/a><\/span><\/span><\/span><\/p>\r\n\r\n<p style=\"text-align:justify\"><span style=\"font-size:11pt\"><span style=\"line-height:normal\"><span style=\"font-family:Calibri,sans-serif\"><a href=\"https:\/\/cerqueirasnoticias.com.br\/brasil\/video-fazendeiro-constroi-novo-mar-no-meio-da-fazenda-e-viraliza-na-internet\" style=\"color:blue; text-decoration:underline\"><span style=\"font-size:14.0pt\">V&iacute;deo: Fazendeiro constr&oacute;i &ldquo;novo mar&rdquo; no meio da fazenda<\/span><\/a> <\/span><\/span><\/span><\/p>\r\n\r\n<p style=\"text-align:justify\"><span style=\"font-size:11pt\"><span style=\"line-height:normal\"><span style=\"font-family:Calibri,sans-serif\"><a href=\"https:\/\/investnews.com.br\/negocios\/esfriou-namoro-de-tanure-com-a-braskem-pode-terminar-sem-oferta\/#amp_tf=De%20%251%24s&amp;aoh=17559887175271&amp;csi=0&amp;referrer=https%3A%2F%2Fwww.google.com&amp;ampshare=https%3A%2F%2Finvestnews.com.br%2Fnegocios%2Fesfriou-namoro-de-tanure-com-a-braskem-pode-terminar-sem-oferta%2F\" style=\"color:blue; text-decoration:underline\"><span style=\"font-size:14.0pt\">Esfriou: namoro de Tanure com a Braskem termina sem oferta<\/span><\/a><\/span><\/span><\/span><\/p>\r\n\r\n<p style=\"text-align:justify\"><span style=\"font-size:11pt\"><span style=\"line-height:normal\"><span style=\"font-family:Calibri,sans-serif\"><a href=\"https:\/\/movimentoeconomico.com.br\/economia\/2025\/08\/20\/braskem-notifica-algas-sobre-fim-da-producao-de-cloro-soda-em-maceio\/\" style=\"color:blue; text-decoration:underline\"><span style=\"font-size:14.0pt\">Braskem notifica Alg&aacute;s sobre fim da produ&ccedil;&atilde;o de cloro-soda em Macei&oacute;<\/span><\/a><\/span><\/span><\/span><\/p>\r\n\r\n<p style=\"text-align:justify\"><span style=\"font-size:11pt\"><span style=\"line-height:normal\"><span style=\"font-family:Calibri,sans-serif\"><a href=\"https:\/\/plasticosemrevista.com.br\/shell-estuda-reduzir-capacidade-petroquimica-na-europa\/\" style=\"color:blue; text-decoration:underline\"><span style=\"font-size:14.0pt\">Shell estuda reduzir capacidade petroqu&iacute;mica na Europa<\/span><\/a><\/span><\/span><\/span><\/p>\r\n\r\n<p style=\"text-align:justify\"><span style=\"font-size:11pt\"><span style=\"line-height:normal\"><span style=\"font-family:Calibri,sans-serif\"><a href=\"https:\/\/plasticosemrevista.com.br\/petroquimica-china-mais-atenta-a-erosao-da-rentabilidade\/\" style=\"color:blue; text-decoration:underline\"><span style=\"font-size:14.0pt\">Petroqu&iacute;mica: China mais atenta &agrave; eros&atilde;o da rentabilidade<\/span><\/a><\/span><\/span><\/span><\/p>\r\n\r\n<p style=\"text-align:justify\"><span style=\"font-size:28pt\"><span style=\"font-family:Cambria,serif\"><span style=\"letter-spacing:-0.5pt\"><b><span style=\"font-size:18.0pt\"><span style=\"font-family:&quot;Calibri&quot;,sans-serif\"><span style=\"font-variant:small-caps\">Ind&uacute;stria<\/span><\/span><\/span><\/b><\/span><\/span><\/span><\/p>\r\n\r\n<p style=\"text-align:justify\"><span style=\"font-size:11pt\"><span style=\"line-height:normal\"><span style=\"font-family:Calibri,sans-serif\"><a href=\"https:\/\/blogdoibre.fgv.br\/posts\/brasil-soberano-socorro-aos-exportadores-ou-politica-industrial-mais-ampla\" style=\"color:blue; text-decoration:underline\"><span style=\"font-size:14.0pt\">Brasil Soberano: socorro aos exportadores ou pol&iacute;tica industrial mais ampla?<\/span><\/a><\/span><\/span><\/span><\/p>\r\n\r\n<p style=\"text-align:justify\"><span style=\"font-size:11pt\"><span style=\"line-height:normal\"><span style=\"font-family:Calibri,sans-serif\"><a href=\"https:\/\/portalibre.fgv.br\/system\/files\/divulgacao\/noticias\/mat-complementar\/2025-08\/ICOMEX_FGV_Press%20release_Agosto2025.pdf\" style=\"color:blue; text-decoration:underline\"><span style=\"font-size:14.0pt\">O desafio agora &eacute; como lidar com os custos do tarifa&ccedil;o<\/span><\/a><\/span><\/span><\/span><\/p>\r\n\r\n<p style=\"text-align:justify\"><span style=\"font-size:11pt\"><span style=\"line-height:normal\"><span style=\"font-family:Calibri,sans-serif\"><a href=\"https:\/\/agenciabrasil.ebc.com.br\/economia\/noticia\/2025-08\/sinduscon-sp-revisa-para-baixo-projecao-de-crescimento-da-construcao\" style=\"color:blue; text-decoration:underline\"><span style=\"font-size:14.0pt\">Sinduscon-SP revisa para baixo a proje&ccedil;&atilde;o de crescimento da constru&ccedil;&atilde;o<\/span><\/a><\/span><\/span><\/span><\/p>\r\n\r\n<p style=\"text-align:justify\"><span style=\"font-size:11pt\"><span style=\"line-height:normal\"><span style=\"font-family:Calibri,sans-serif\"><a href=\"https:\/\/www.cnnbrasil.com.br\/economia\/negocios\/leilao-do-tunel-santos-guaruja-enfrenta-incertezas-e-corre-risco-de-atraso\/\" style=\"color:blue; text-decoration:underline\"><span style=\"font-size:14.0pt\">Leil&atilde;o do t&uacute;nel Santos-Guaruj&aacute; enfrenta incertezas e corre risco de atraso<\/span><\/a><\/span><\/span><\/span><\/p>\r\n\r\n<p style=\"text-align:justify\"><span style=\"font-size:11pt\"><span style=\"line-height:normal\"><span style=\"font-family:Calibri,sans-serif\"><a href=\"https:\/\/novovarejoautomotivo.com.br\/seminario-da-abrafiltros-ira-destacar-a-importancia-da-qualidade-e-certificacoes-para-o-setor\/\" style=\"color:blue; text-decoration:underline\"><span style=\"font-size:14.0pt\">Semin&aacute;rio da Abrafiltros ir&aacute; destacar a import&acirc;ncia da qualidade e certifica&ccedil;&otilde;es para o setor<\/span><\/a><\/span><\/span><\/span><\/p>\r\n\r\n<p style=\"text-align:justify\"><span style=\"font-size:28pt\"><span style=\"font-family:Cambria,serif\"><span style=\"letter-spacing:-0.5pt\"><b><span style=\"font-size:18.0pt\"><span style=\"font-family:&quot;Calibri&quot;,sans-serif\"><span style=\"font-variant:small-caps\">Sustentabilidade<\/span><\/span><\/span><\/b><\/span><\/span><\/span><\/p>\r\n\r\n<p style=\"text-align:justify\"><span style=\"font-size:11pt\"><span style=\"line-height:normal\"><span style=\"font-family:Calibri,sans-serif\"><a href=\"https:\/\/agenciabrasil.ebc.com.br\/direitos-humanos\/noticia\/2025-08\/estudo-aponta-estagnacao-no-saneamento-5-anos-apos-novo-marco-legal\" style=\"color:blue; text-decoration:underline\"><span style=\"font-size:14.0pt\">Estudo aponta estagna&ccedil;&atilde;o no saneamento 5 anos ap&oacute;s novo Marco Legal<\/span><\/a><\/span><\/span><\/span><\/p>\r\n\r\n<p style=\"text-align:justify\"><span style=\"font-size:11pt\"><span style=\"line-height:normal\"><span style=\"font-family:Calibri,sans-serif\"><a href=\"https:\/\/abiquim.org.br\/comunicacao\/noticia\/11922\" style=\"color:blue; text-decoration:underline\"><span style=\"font-size:14.0pt\">Ap&oacute;s impasse na ONU, ind&uacute;stria qu&iacute;mica alerta para urg&ecirc;ncia de consenso em tratado sobre a polui&ccedil;&atilde;o pl&aacute;stica<\/span><\/a><\/span><\/span><\/span><\/p>\r\n\r\n<p style=\"text-align:justify\"><span style=\"font-size:28pt\"><span style=\"font-family:Cambria,serif\"><span style=\"letter-spacing:-0.5pt\"><b><span lang=\"EN-US\" style=\"font-size:18.0pt\"><span style=\"font-family:&quot;Calibri&quot;,sans-serif\"><span style=\"font-variant:small-caps\">Inova&ccedil;&atilde;o<\/span><\/span><\/span><\/b><\/span><\/span><\/span><\/p>\r\n\r\n<p style=\"text-align:justify\"><span style=\"font-size:11pt\"><span style=\"line-height:normal\"><span style=\"font-family:Calibri,sans-serif\"><a href=\"https:\/\/www.nonwovens-industry.com\/contents\/view_features\/2025-08-08\/processing-biomaterials-for-healthcare-the-opportunities-from-nonwoven-innovation\/?utm_campaign=NON%20Issue%20Alert&amp;utm_medium=email&amp;_hsenc=p2ANqtz-8FT42p3kHssZOCnRxZN2IDfFLrseZNHrA718zjSNY04l-q3dLYD4_RqWKJHyMuEONdGAD0IqG9x2N1t2IlXQseGsepKQ&amp;_hsmi=376081673&amp;utm_content=376081673&amp;utm_source=hs_email\" style=\"color:blue; text-decoration:underline\"><span lang=\"EN-US\" style=\"font-size:14.0pt\">Processing Biomaterials for Healthcare: The Opportunities From Nonwoven Innovation<\/span><\/a><\/span><\/span><\/span><\/p>\r\n\r\n<p style=\"text-align:justify\"><span style=\"font-size:11pt\"><span style=\"line-height:normal\"><span style=\"font-family:Calibri,sans-serif\"><a href=\"https:\/\/www.inovacaotecnologica.com.br\/noticias\/noticia.php?artigo=computador-dentro-fibra-optica&amp;id=010150250825&amp;ebol=sim#google_vignette\" style=\"color:blue; text-decoration:underline\"><span style=\"font-size:14.0pt\">Computador dentro de fibra &oacute;ptica amplia conceito de roupas eletr&ocirc;nicas<\/span><\/a><\/span><\/span><\/span><\/p>\r\n\r\n<p style=\"text-align:justify\"><span style=\"font-size:11pt\"><span style=\"line-height:normal\"><span style=\"font-family:Calibri,sans-serif\"><a href=\"https:\/\/www.noticiadamanha.com.br\/2025\/08\/17\/mundo-automotivo\/honda-adota-plastico-reciclado-na-producao-de-motos\/\" style=\"color:blue; text-decoration:underline\"><span style=\"font-size:14.0pt\">Honda adota pl&aacute;stico reciclado na produ&ccedil;&atilde;o de motos<\/span><\/a><\/span><\/span><\/span><\/p>\r\n\r\n<p style=\"text-align:justify\"><span style=\"font-size:28pt\"><span style=\"font-family:Cambria,serif\"><span style=\"letter-spacing:-0.5pt\"><b><span style=\"font-size:18.0pt\"><span style=\"font-family:&quot;Calibri&quot;,sans-serif\"><span style=\"font-variant:small-caps\">Com&eacute;rcio Exterior<\/span><\/span><\/span><\/b><\/span><\/span><\/span><\/p>\r\n\r\n<p style=\"text-align:justify\"><span style=\"font-size:11pt\"><span style=\"line-height:normal\"><span style=\"font-family:Calibri,sans-serif\"><a href=\"https:\/\/g1.globo.com\/economia\/noticia\/2025\/08\/21\/eua-e-ue-firmam-acordo-comercial-autoridade-dos-eua-preve-alivio-nas-tarifas-de-automoveis-em-semanas.ghtml\" style=\"color:blue; text-decoration:underline\"><span style=\"font-size:14.0pt\">EUA e Uni&atilde;o Europeia formalizam acordo que prev&ecirc; tarifa de 15% e investimentos em energia e tecnologia<\/span><\/a><\/span><\/span><\/span><\/p>\r\n\r\n<p style=\"text-align:justify\"><span style=\"font-size:11pt\"><span style=\"line-height:normal\"><span style=\"font-family:Calibri,sans-serif\"><a href=\"https:\/\/agenciabrasil.ebc.com.br\/internacional\/noticia\/2025-08\/lula-e-macron-se-comprometem-mais-dialogo-para-acordo-mercosul-ue\" style=\"color:blue; text-decoration:underline\"><span style=\"font-size:14.0pt\">Lula e Macron se comprometem a mais di&aacute;logo para acordo Mercosul-UE<\/span><\/a><\/span><\/span><\/span><\/p>\r\n\r\n<p style=\"text-align:justify\"><span style=\"font-size:11pt\"><span style=\"line-height:normal\"><span style=\"font-family:Calibri,sans-serif\"><a href=\"https:\/\/apexbrasil.com.br\/br\/pt\/conteudo\/noticias\/estudo-destaca-mais-de-1-400-oportunidades-no-peru-para-diversos.html#msdynmkt_trackingcontext=74bd71b4-c4b8-418f-bf81-d09f37930200\" style=\"color:blue; text-decoration:underline\"><span style=\"font-size:14.0pt\">Estudo destaca mais de 1.400 oportunidades no Peru para diversos produtos brasileiros<\/span><\/a><\/span><\/span><\/span><\/p>\r\n\r\n<p style=\"text-align:justify\"><span style=\"font-size:28pt\"><span style=\"font-family:Cambria,serif\"><span style=\"letter-spacing:-0.5pt\"><b><span style=\"font-size:18.0pt\"><span style=\"font-family:&quot;Calibri&quot;,sans-serif\"><span style=\"font-variant:small-caps\">Economia<\/span><\/span><\/span><\/b><\/span><\/span><\/span><\/p>\r\n\r\n<p style=\"text-align:justify\"><span style=\"font-size:11pt\"><span style=\"line-height:normal\"><span style=\"font-family:Calibri,sans-serif\"><a href=\"https:\/\/www.bcb.gov.br\/content\/focus\/focus\/R20250822.pdf\" style=\"color:blue; text-decoration:underline\"><span style=\"font-size:14.0pt\">Focus - Relat&oacute;rio de Mercado<\/span><\/a><\/span><\/span><\/span><\/p>\r\n\r\n<p style=\"text-align:justify\"><span style=\"font-size:11pt\"><span style=\"line-height:normal\"><span style=\"font-family:Calibri,sans-serif\"><a href=\"https:\/\/clickpetroleoegas.com.br\/de-novo-governo-quer-aumentar-impostos-mais-uma-vez-para-equilibrar-as-contas-publicas-flpc96\/\" style=\"color:blue; text-decoration:underline\"><span style=\"font-size:14.0pt\">Mais tributos &agrave; vista: governo prepara mais um pacote de aumento de impostos<\/span><\/a><\/span><\/span><\/span><\/p>\r\n\r\n<p style=\"text-align:justify\"><span style=\"font-size:11pt\"><span style=\"line-height:normal\"><span style=\"font-family:Calibri,sans-serif\"><a href=\"https:\/\/www.contabeis.com.br\/noticias\/72457\/reforma-tributaria-confira-4-etapas-para-se-preparar-para-2026\/\" style=\"color:blue; text-decoration:underline\"><span style=\"font-size:14.0pt\">Reforma Tribut&aacute;ria: confira 4 etapas para se preparar para 2026<\/span><\/a><\/span><\/span><\/span><\/p>\r\n\r\n<p style=\"text-align:justify\">&nbsp;<\/p>\r\n\r\n<p style=\"text-align:justify\"><span style=\"font-size:11pt\"><span style=\"line-height:normal\"><span style=\"font-family:Calibri,sans-serif\"><span style=\"font-size:14.0pt\"><img src=\"https:\/\/www.abint.org.br\/assets\/img\/editor\/redes-sociais-abint-ctg-cth_20250826142029TIeKhPrH3S.jpg\" \/><\/span><\/span><\/span><\/span><\/p>\r\n\r\n<p>&nbsp;<\/p>\r\n","6":"<p style=\"text-align:justify\"><span style=\"font-size:11pt\"><span style=\"line-height:normal\"><span style=\"font-family:Calibri,sans-serif\"><span style=\"font-size:14.0pt\">Esta &eacute; uma compila&ccedil;&atilde;o das not&iacute;cias mais relevantes para o setor, incluindo informa&ccedil;&otilde;es sobre acordos internacionais, economia brasileira, sustentabilidade e mat&eacute;rias primas, al&eacute;m de novidades do setor de N&atilde;otecidos e Tecidos T&eacute;cnicos.<\/span><\/span><\/span><\/span><\/p>\r\n\r\n<p style=\"text-align:justify\">&nbsp;<\/p>\r\n\r\n<p class=\"MsoTitle\" style=\"text-align:justify\"><span style=\"font-size:28pt\"><span style=\"font-family:Cambria,serif\"><span style=\"letter-spacing:-0.5pt\"><b><span style=\"font-size:18.0pt\"><span style=\"font-family:&quot;Calibri&quot;,sans-serif\"><span style=\"font-variant:small-caps\">A&ccedil;&otilde;es realizadas<\/span><\/span><\/span><\/b><\/span><\/span><\/span><\/p>\r\n\r\n<p><span style=\"font-size:11pt\"><span style=\"line-height:115%\"><span style=\"font-family:Calibri,sans-serif\"><span style=\"font-size:14.0pt\"><span style=\"line-height:115%\">Perdeu a live &quot;<b><i>Boas Pr&aacute;ticas para Compra T&eacute;cnica de Geossint&eacute;ticos<\/i><\/b>&rdquo;? <\/span><\/span><a href=\"https:\/\/www.youtube.com\/live\/EBSHpDfwSYM?si=ENHIJYjNWgl2wuQB\" style=\"color:blue; text-decoration:underline\"><b><span style=\"font-size:14.0pt\"><span style=\"line-height:115%\">Acesse aqui<\/span><\/span><\/b><\/a><span style=\"font-size:14.0pt\"><span style=\"line-height:115%\"> e confira como foi!<\/span><\/span><\/span><\/span><\/span><\/p>\r\n\r\n<p class=\"MsoTitle\" style=\"text-align:justify\"><span style=\"font-size:28pt\"><span style=\"font-family:Cambria,serif\"><span style=\"letter-spacing:-0.5pt\"><b><span style=\"font-size:18.0pt\"><span style=\"font-family:&quot;Calibri&quot;,sans-serif\"><span style=\"font-variant:small-caps\">O que vem por a&iacute;<\/span><\/span><\/span><\/b><\/span><\/span><\/span><\/p>\r\n\r\n<p class=\"MsoTitle\" style=\"text-align:justify\"><span style=\"font-size:28pt\"><span style=\"font-family:Cambria,serif\"><span style=\"letter-spacing:-0.5pt\"><b><span style=\"font-size:18.0pt\"><span style=\"font-family:&quot;Calibri&quot;,sans-serif\"><span style=\"font-variant:small-caps\"><img src=\"https:\/\/www.abint.org.br\/assets\/img\/editor\/20250916-workshop-ctg-aterro_20250826141413jESvhNLKlO.jpg\" style=\"width: 500px; height: 625px;\" \/><\/span><\/span><\/span><\/b><\/span><\/span><\/span><\/p>\r\n\r\n<p class=\"MsoTitle\" style=\"text-align:justify\"><span style=\"font-size:11pt\"><span style=\"line-height:normal\"><span style=\"font-family:Calibri,sans-serif\"><a href=\"https:\/\/forms.office.com\/pages\/responsepage.aspx?id=n9pNk1glrE6b5i8lS53621O-4jMsuCNBqhQBI597U0lUQVZUMlE2TkNVUFAzQ1I4S1hXMllTRU9SRC4u&amp;route=shorturl\" style=\"color:blue; text-decoration:underline\"><b><span style=\"font-size:14.0pt\">Acesse aqui para fazer sua inscri&ccedil;&atilde;o<\/span><\/b><\/a><\/span><\/span><\/span><\/p>\r\n\r\n<p style=\"text-align:justify\">&nbsp;<\/p>\r\n\r\n<p><b><img src=\"https:\/\/www.abint.org.br\/assets\/img\/editor\/2o-seminario-abrafiltros-abint-apoiador_2025072217401523mrTUXRqU.png\" style=\"width: 500px; height: 500px;\" \/><\/b><\/p>\r\n\r\n<p><span style=\"font-size:11pt\"><span style=\"line-height:normal\"><span style=\"font-family:Calibri,sans-serif\"><a href=\"https:\/\/doity.com.br\/3-seminario-brasileiro-de-filtros\" style=\"color:blue; text-decoration:underline\"><b><span style=\"font-size:14.0pt\">Acesse aqui mais informa&ccedil;&otilde;es<\/span><\/b><\/a><\/span><\/span><\/span><\/p>\r\n\r\n<p>&nbsp;<\/p>\r\n\r\n<p><img src=\"https:\/\/www.abint.org.br\/assets\/img\/editor\/congresso-internacional-abit-2025_20250722174119edr5xq8iJH.png\" style=\"width: 700px; height: 256px;\" \/><\/p>\r\n\r\n<p><span style=\"font-size:11pt\"><span style=\"line-height:normal\"><span style=\"font-family:Calibri,sans-serif\"><a href=\"https:\/\/www.congressoabit.com.br\/\" style=\"color:blue; text-decoration:underline\"><b><span style=\"font-size:14.0pt\">Acesse aqui mais informa&ccedil;&otilde;es<\/span><\/b><\/a><\/span><\/span><\/span><\/p>\r\n\r\n<p>&nbsp;<\/p>\r\n\r\n<p class=\"MsoTitle\" style=\"text-align:justify\"><span style=\"font-size:28pt\"><span style=\"font-family:Cambria,serif\"><span style=\"letter-spacing:-0.5pt\"><b><span style=\"font-size:18.0pt\"><span style=\"font-family:&quot;Calibri&quot;,sans-serif\"><span style=\"font-variant:small-caps\">Not&iacute;cias das Associadas<\/span><\/span><\/span><\/b><\/span><\/span><\/span><\/p>\r\n\r\n<p style=\"text-align:justify\"><span style=\"font-size:11pt\"><span style=\"line-height:normal\"><span style=\"font-family:Calibri,sans-serif\"><a href=\"https:\/\/public-api.wordpress.com\/bar\/?stat=groovemails-events&amp;bin=wpcom_email_click&amp;redirect_to=https%3A%2F%2Fblogdoplastico.wordpress.com%2F2025%2F08%2F21%2Fabint-realiza-curso-presencial-sobre-tecnologia-dos-naotecidos%2F&amp;sr=0&amp;signature=99afc88db143dad1959f8c182d187728&amp;blog_id=9438832&amp;user=135099004&amp;_e=eyJlcnJvciI6bnVsbCwiYmxvZ19pZCI6OTQzODgzMiwiYmxvZ19sYW5nIjoicHQtQlIiLCJzaXRlX2lkX2xhYmVsIjoid3Bjb20iLCJoYXNfZmVhdHVyZWRfaW1hZ2UiOiIwIiwic3Vic2NyaWJlcl9pZCI6IjQ0NzAwMjQ1IiwiX3VpIjoxMzUwOTkwMDQsImxvY2FsZSI6InB0LWJyIiwiY3VycmVuY3kiOiJCUkwiLCJjb3VudHJ5X2NvZGVfc2lnbnVwIjoiQlIiLCJzaWdudXBfZmxvd19uYW1lIjoiZGVsdGEtc2l0ZSIsImVtYWlsX2RvbWFpbiI6ImFiaW50Lm9yZy5iciIsInBvc3RfaWQiOjE5Mjc5LCJ1c2VyX2VtYWlsIjoiYWJpbnRAYWJpbnQub3JnLmJyIiwiZGF0ZV9zZW50IjoiMjAyNS0wOC0yMiIsImVtYWlsX25hbWUiOiJuZXctcG9zdCIsInRlbXBsYXRlIjoibmV3LXBvc3QiLCJlbWFpbF9pZCI6ImIxYjQwMTU2NTVmNzM5M2E1NjdlN2MyNjUzNzczMTJlIiwibGlua19kZXNjIjoicG9zdC11cmwiLCJhbmNob3JfdGV4dCI6IkFCSU5UIHJlYWxpemEgY3Vyc28gcHJlc2VuY2lhbCBzb2JyZSBcdTIwMWNUZWNub2xvZ2lhIGRvc1x1MDBhME5cdTAwZTNvdGVjaWRvc1x1MjAxZCIsIl9kciI6bnVsbCwiX2RsIjoiXC93cC1hZG1pblwvcG9zdC5waHAiLCJfdXQiOiJ3cGNvbTp1c2VyX2lkIiwiX3VsIjoiYWJpbnR0dCIsIl9lbiI6IndwY29tX2VtYWlsX2NsaWNrIiwiX3RzIjoxNzU1ODI2ODc0OTQ3LCJicm93c2VyX3R5cGUiOiJwaHAtYWdlbnQiLCJfYXVhIjoid3Bjb20tdHJhY2tzLWNsaWVudC12MC4zIiwiYmxvZ190eiI6Ii0zIiwidXNlcl9sYW5nIjoicHQtYnIifQ=&amp;_z=z\" style=\"color:blue; text-decoration:underline\"><b><span style=\"font-size:14.0pt\">ABINT realiza curso presencial sobre &ldquo;Tecnologia dos&nbsp;N&atilde;otecidos&rdquo;<\/span><\/b><\/a><\/span><\/span><\/span><\/p>\r\n\r\n<p style=\"text-align:justify\">&nbsp;<\/p>\r\n\r\n<p style=\"text-align:justify\"><span style=\"font-size:11pt\"><span style=\"line-height:normal\"><span style=\"font-family:Calibri,sans-serif\"><b><span style=\"font-size:18.0pt\"><span style=\"font-variant:small-caps\">Eventos<\/span><\/span><\/b><\/span><\/span><\/span><\/p>\r\n\r\n<p style=\"text-align:justify\"><span style=\"font-size:11pt\"><span style=\"line-height:normal\"><span style=\"font-family:Calibri,sans-serif\"><a href=\"https:\/\/sticni.sharepoint.com\/sites\/PublicShare\/Compartilhamentos\/Forms\/AllItems.aspx?id=%2Fsites%2FPublicShare%2FCompartilhamentos%2FCNI%2D133649%2FPrograma%20Imers%C3%B5es%20em%20Ecossistemas%2FImers%C3%A3o%20Finlandia%20em%20Economia%20Circular%2E%201%2Epdf&amp;parent=%2Fsites%2FPublicShare%2FCompartilhamentos%2FCNI%2D133649%2FPrograma%20Imers%C3%B5es%20em%20Ecossistemas&amp;p=true&amp;ga=1\" style=\"color:blue; text-decoration:underline\"><b><span style=\"font-size:14.0pt\">CNI | Imers&atilde;o Finl&acirc;ndia: Uma conex&atilde;o global com a Economia Circular<\/span><\/b><\/a><span style=\"font-size:14.0pt\">, 01 a 05 de setembro de 2025, inscri&ccedil;&otilde;es at&eacute; 10 de agosto de 2025 ou se encerrarem as vagas, cidades destinos: Helsinki (cidade base), Tampere e Espoo.<\/span><\/span><\/span><\/span><\/p>\r\n\r\n<p style=\"text-align:justify\"><span style=\"font-size:11pt\"><span style=\"line-height:normal\"><span style=\"font-family:Calibri,sans-serif\"><a href=\"https:\/\/app.isend.com.br\/iSend\/view\/9DE9D0742A340411A1E8E7365679128474B3CF88A4665487BDD910C518D01ECAFFD441B57ADE0426\" style=\"color:blue; text-decoration:underline\"><b><span style=\"font-size:14.0pt\">FIESP | Debate sobre a nova geopol&iacute;tica e o papel do Brasil no cen&aacute;rio global<\/span><\/b><\/a><span style=\"font-size:14.0pt\">, 04 de setembro de 2025, 09h, sede da Fiesp<\/span><\/span><\/span><\/span><\/p>\r\n\r\n<p style=\"text-align:justify\"><span style=\"font-size:11pt\"><span style=\"line-height:normal\"><span style=\"font-family:Calibri,sans-serif\"><a href=\"https:\/\/app.rdstation.email\/mail\/af66e200-91d9-49b3-87b0-e83269992dad?utm_medium=email&amp;utm_campaign=emkt_curso_classificacao_fiscal&amp;utm_source=RD+Station\" style=\"color:blue; text-decoration:underline\"><b><span style=\"font-size:14.0pt\">Curso de Classifica&ccedil;&atilde;o Fiscal para Produtos T&ecirc;xteis e Confeccionados<\/span><\/b><\/a><span style=\"font-size:14.0pt\">, 10 de setembro de 2025, 09h &agrave;s 12h, evento virtual<\/span><\/span><\/span><\/span><\/p>\r\n\r\n<p style=\"text-align:justify\"><span style=\"font-size:11pt\"><span style=\"line-height:normal\"><span style=\"font-family:Calibri,sans-serif\"><a href=\"https:\/\/www.conbrava.com.br\/\" style=\"color:blue; text-decoration:underline\"><b><span style=\"font-size:14.0pt\">CONBRAVA 2025<\/span><\/b><\/a><span style=\"font-size:14.0pt\">, 10 a 12 de setembro de 2025, S&atilde;o Paulo Expo, Rodovia dos Imigrantes, km 1,5<\/span><\/span><\/span><\/span><\/p>\r\n\r\n<p style=\"text-align:justify\"><span style=\"font-size:11pt\"><span style=\"line-height:normal\"><span style=\"font-family:Calibri,sans-serif\"><a href=\"https:\/\/plasticosemrevista.com.br\/competitividade-2025\/\" style=\"color:blue; text-decoration:underline\"><b><span style=\"font-size:14.0pt\">Semin&aacute;rio Competitividade | 15&ordf; edi&ccedil;&atilde;o | Transforma&ccedil;&atilde;o - Mercado e Ind&uacute;stria Redesenhados pela Guerra Comercial e Intelig&ecirc;ncia Artificial<\/span><\/b><\/a><span style=\"font-size:14.0pt\">, 18&middot;de setembro de 2025, Hotel Meli&aacute;, Av. Paulista, 2181, SP<\/span><\/span><\/span><\/span><\/p>\r\n\r\n<p style=\"text-align:justify\"><span style=\"font-size:11pt\"><span style=\"line-height:normal\"><span style=\"font-family:Calibri,sans-serif\"><a href=\"https:\/\/paving.com.br\/\" style=\"color:blue; text-decoration:underline\"><b><span style=\"font-size:14.0pt\">Paving Expo 2025<\/span><\/b><\/a><span style=\"font-size:14.0pt\">, 23 a 25 de setembro de 2025, Distrito Anhembi, Rua Prof. Milton Rodrigues, s\/n, Santana, S&atilde;o Paulo, SP<\/span><\/span><\/span><\/span><\/p>\r\n\r\n<p style=\"text-align:justify\"><span style=\"font-size:11pt\"><span style=\"line-height:normal\"><span style=\"font-family:Calibri,sans-serif\"><a href=\"https:\/\/app.rdstation.email\/mail\/2babe40a-eb86-4044-b658-43fbda6625a2?utm_medium=email&amp;utm_campaign=2108_convite_workshop_justica_trabalho_-_reenvio&amp;utm_source=RD+Station\" style=\"color:blue; text-decoration:underline\"><b><span style=\"font-size:14.0pt\">Workshop Abit | Pedidos Irreais na Justi&ccedil;a do Trabalho: Como Lidar com o Exagero Processual<\/span><\/b><\/a><span style=\"font-size:14.0pt\">, 30 de agosto de 2025, 09 &agrave;s 12h, evento h&iacute;brido<\/span><\/span><\/span><\/span><\/p>\r\n\r\n<p style=\"text-align:justify\"><span style=\"font-size:11pt\"><span style=\"line-height:normal\"><span style=\"font-family:Calibri,sans-serif\"><a href=\"https:\/\/www.instagram.com\/sobeccnacional\/p\/DA1V8NZyhNK\/?img_index=1\" style=\"color:blue; text-decoration:underline\"><b><span style=\"font-size:14.0pt\">17&ordm; Congresso Brasileiro de Enfermagem em Centro Cir&uacute;rgico: &ldquo;O poder de cuidar&rdquo;<\/span><\/b><\/a><span style=\"font-size:14.0pt\">, 01 a 03 de outubro de 2025, Transamerica Expo Center, S&atilde;o Paulo, SP<\/span><\/span><\/span><\/span><\/p>\r\n\r\n<p style=\"text-align:justify\"><span style=\"font-size:11pt\"><span style=\"line-height:normal\"><span style=\"font-family:Calibri,sans-serif\"><a href=\"https:\/\/his.saudebusiness.com\/pt\/home.html\" style=\"color:blue; text-decoration:underline\"><b><span style=\"font-size:14.0pt\">Healthcare Innovation Show (HIS)<\/span><\/b><\/a><span style=\"font-size:14.0pt\">, 01 e 02 de outubro de 2025, 09h &agrave;s 18h, S&atilde;o Paulo Expo<\/span><\/span><\/span><\/span><\/p>\r\n\r\n<p style=\"text-align:justify\"><span style=\"font-size:11pt\"><span style=\"line-height:normal\"><span style=\"font-family:Calibri,sans-serif\"><a href=\"https:\/\/www.abrafiltros.org.br\/3o-seminario-brasileiro-de-filtros-acontecera-no-dia-08-de-outubro\/\" style=\"color:blue; text-decoration:underline\"><b><span style=\"font-size:14.0pt\">3&ordm; Semin&aacute;rio Brasileiro de Filtros<\/span><\/b><\/a><span style=\"font-size:14.0pt\">, 08 de outubro de 2025, evento presencial<\/span><\/span><\/span><\/span><\/p>\r\n\r\n<p style=\"text-align:justify\"><span style=\"font-size:11pt\"><span style=\"line-height:normal\"><span style=\"font-family:Calibri,sans-serif\"><a href=\"https:\/\/hospitalmed.com.br\/feira\/\" style=\"color:blue; text-decoration:underline\"><b><span style=\"font-size:14.0pt\">HospitalMed 2025<\/span><\/b><\/a><span style=\"font-size:14.0pt\">, 22 a 24 de outubro, Pernambuco Centro de Conven&ccedil;&otilde;es, Olinda<\/span><\/span><\/span><\/span><\/p>\r\n\r\n<p style=\"text-align:justify\"><span style=\"font-size:11pt\"><span style=\"line-height:normal\"><span style=\"font-family:Calibri,sans-serif\"><a href=\"https:\/\/www.congressoabit.com.br\/\" style=\"color:blue; text-decoration:underline\"><b><span style=\"font-size:14.0pt\">Congresso Internacional Abit 2025<\/span><\/b><\/a><span style=\"font-size:14.0pt\">, 29 e 30 de outubro, 08h &agrave;s 20h, FIESP, S&atilde;o Paulo, SP<\/span><\/span><\/span><\/span><\/p>\r\n\r\n<p style=\"text-align:justify\"><span style=\"font-size:11pt\"><span style=\"line-height:normal\"><span style=\"font-family:Calibri,sans-serif\"><a href=\"https:\/\/filtech.de\/\" style=\"color:blue; text-decoration:underline\"><b><span style=\"font-size:14.0pt\">Filtech 2026<\/span><\/b><\/a><span style=\"font-size:14.0pt\">, de 30 de junho a 2 de julho, Cologne, Alemanha<\/span><\/span><\/span><\/span><\/p>\r\n\r\n<p style=\"text-align:justify\"><span style=\"font-size:11pt\"><span style=\"line-height:normal\"><span style=\"font-family:Calibri,sans-serif\"><a href=\"https:\/\/ficons.com.br\/\" style=\"color:blue; text-decoration:underline\"><b><span style=\"font-size:14.0pt\">FICONS - Feira Internacional de Materiais, Equipamentos e Servi&ccedil;os da Constru&ccedil;&atilde;o<\/span><\/b><\/a><span style=\"font-size:14.0pt\">, 15 a 18 de setembro de 2026, Centro de Conven&ccedil;&otilde;es de Pernambuco Recife\/ Olinda<\/span><\/span><\/span><\/span><\/p>\r\n\r\n<p style=\"text-align:justify\"><span style=\"font-size:28pt\"><span style=\"font-family:Cambria,serif\"><span style=\"letter-spacing:-0.5pt\"><b><span style=\"font-size:18.0pt\"><span style=\"font-family:&quot;Calibri&quot;,sans-serif\"><span style=\"font-variant:small-caps\">Setor<\/span><\/span><\/span><\/b><\/span><\/span><\/span><\/p>\r\n\r\n<p style=\"text-align:justify\"><span style=\"font-size:11pt\"><span style=\"line-height:normal\"><span style=\"font-family:Calibri,sans-serif\"><a href=\"https:\/\/portalpersonalcare.com.br\/tradicao-e-inovacao-o-mercado-brasileiro-de-fraldas-abertas-e-pants\/?utm_medium=email&amp;utm_campaign=reportagem_especial_tradicao_e_inovacao_o_mercado_brasileiro_de_fraldas_abertas_e_pants&amp;utm_source=RD+Station\" style=\"color:blue; text-decoration:underline\"><span style=\"font-size:14.0pt\">Tradi&ccedil;&atilde;o e inova&ccedil;&atilde;o: o mercado brasileiro de fraldas abertas e pants<\/span><\/a><\/span><\/span><\/span><\/p>\r\n\r\n<p style=\"text-align:justify\"><span style=\"font-size:11pt\"><span style=\"line-height:normal\"><span style=\"font-family:Calibri,sans-serif\"><a href=\"https:\/\/www.nonwovens-industry.com\/contents\/view_features\/2025-08-08\/medical-nonwovens-advance\/?utm_campaign=NON%20Issue%20Alert&amp;utm_medium=email&amp;_hsenc=p2ANqtz--YsxBNIHX0DwIEgb-Bxam4_DrYevPhDtxYq4WA7Hai11WAYg661ggw_rO3EqvmuCNwJtC9EVXQYTImCpexYHr-ZbdDew&amp;_hsmi=376081673&amp;utm_content=376081673&amp;utm_source=hs_email\" style=\"color:blue; text-decoration:underline\"><span lang=\"EN-US\" style=\"font-size:14.0pt\">Medical Nonwovens Advance<\/span><\/a><\/span><\/span><\/span><\/p>\r\n\r\n<p style=\"text-align:justify\"><span style=\"font-size:11pt\"><span style=\"line-height:normal\"><span style=\"font-family:Calibri,sans-serif\"><a href=\"https:\/\/www.nonwovens-industry.com\/contents\/view_features\/2025-08-08\/nonwoven-battery-separators-gain-ground\/?utm_campaign=NON%20Issue%20Alert&amp;utm_medium=email&amp;_hsenc=p2ANqtz-_i6uQ6Put7E7eJn4ut4w15aRrO8oz-H5sUnVj1FSoIezDdMwha7vKSjoOwTZzFgJDlTGKEazmhWwuZ8FUrdjYMo4_2NQ&amp;_hsmi=376081673&amp;utm_content=376081673&amp;utm_source=hs_email\" style=\"color:blue; text-decoration:underline\"><span lang=\"EN-US\" style=\"font-size:14.0pt\">Nonwoven Battery Separators Gain Ground<\/span><\/a><\/span><\/span><\/span><\/p>\r\n\r\n<p style=\"text-align:justify\"><span style=\"font-size:11pt\"><span style=\"line-height:normal\"><span style=\"font-family:Calibri,sans-serif\"><a href=\"https:\/\/plasticosemrevista.com.br\/parada-durissima\/\" style=\"color:blue; text-decoration:underline\"><span style=\"font-size:14.0pt\">Parada dur&iacute;ssima<\/span><\/a><\/span><\/span><\/span><\/p>\r\n\r\n<p style=\"text-align:justify\"><span style=\"font-size:11pt\"><span style=\"line-height:normal\"><span style=\"font-family:Calibri,sans-serif\"><a href=\"https:\/\/cerqueirasnoticias.com.br\/brasil\/video-fazendeiro-constroi-novo-mar-no-meio-da-fazenda-e-viraliza-na-internet\" style=\"color:blue; text-decoration:underline\"><span style=\"font-size:14.0pt\">V&iacute;deo: Fazendeiro constr&oacute;i &ldquo;novo mar&rdquo; no meio da fazenda<\/span><\/a> <\/span><\/span><\/span><\/p>\r\n\r\n<p style=\"text-align:justify\"><span style=\"font-size:11pt\"><span style=\"line-height:normal\"><span style=\"font-family:Calibri,sans-serif\"><a href=\"https:\/\/investnews.com.br\/negocios\/esfriou-namoro-de-tanure-com-a-braskem-pode-terminar-sem-oferta\/#amp_tf=De%20%251%24s&amp;aoh=17559887175271&amp;csi=0&amp;referrer=https%3A%2F%2Fwww.google.com&amp;ampshare=https%3A%2F%2Finvestnews.com.br%2Fnegocios%2Fesfriou-namoro-de-tanure-com-a-braskem-pode-terminar-sem-oferta%2F\" style=\"color:blue; text-decoration:underline\"><span style=\"font-size:14.0pt\">Esfriou: namoro de Tanure com a Braskem termina sem oferta<\/span><\/a><\/span><\/span><\/span><\/p>\r\n\r\n<p style=\"text-align:justify\"><span style=\"font-size:11pt\"><span style=\"line-height:normal\"><span style=\"font-family:Calibri,sans-serif\"><a href=\"https:\/\/movimentoeconomico.com.br\/economia\/2025\/08\/20\/braskem-notifica-algas-sobre-fim-da-producao-de-cloro-soda-em-maceio\/\" style=\"color:blue; text-decoration:underline\"><span style=\"font-size:14.0pt\">Braskem notifica Alg&aacute;s sobre fim da produ&ccedil;&atilde;o de cloro-soda em Macei&oacute;<\/span><\/a><\/span><\/span><\/span><\/p>\r\n\r\n<p style=\"text-align:justify\"><span style=\"font-size:11pt\"><span style=\"line-height:normal\"><span style=\"font-family:Calibri,sans-serif\"><a href=\"https:\/\/plasticosemrevista.com.br\/shell-estuda-reduzir-capacidade-petroquimica-na-europa\/\" style=\"color:blue; text-decoration:underline\"><span style=\"font-size:14.0pt\">Shell estuda reduzir capacidade petroqu&iacute;mica na Europa<\/span><\/a><\/span><\/span><\/span><\/p>\r\n\r\n<p style=\"text-align:justify\"><span style=\"font-size:11pt\"><span style=\"line-height:normal\"><span style=\"font-family:Calibri,sans-serif\"><a href=\"https:\/\/plasticosemrevista.com.br\/petroquimica-china-mais-atenta-a-erosao-da-rentabilidade\/\" style=\"color:blue; text-decoration:underline\"><span style=\"font-size:14.0pt\">Petroqu&iacute;mica: China mais atenta &agrave; eros&atilde;o da rentabilidade<\/span><\/a><\/span><\/span><\/span><\/p>\r\n\r\n<p style=\"text-align:justify\"><span style=\"font-size:28pt\"><span style=\"font-family:Cambria,serif\"><span style=\"letter-spacing:-0.5pt\"><b><span style=\"font-size:18.0pt\"><span style=\"font-family:&quot;Calibri&quot;,sans-serif\"><span style=\"font-variant:small-caps\">Ind&uacute;stria<\/span><\/span><\/span><\/b><\/span><\/span><\/span><\/p>\r\n\r\n<p style=\"text-align:justify\"><span style=\"font-size:11pt\"><span style=\"line-height:normal\"><span style=\"font-family:Calibri,sans-serif\"><a href=\"https:\/\/blogdoibre.fgv.br\/posts\/brasil-soberano-socorro-aos-exportadores-ou-politica-industrial-mais-ampla\" style=\"color:blue; text-decoration:underline\"><span style=\"font-size:14.0pt\">Brasil Soberano: socorro aos exportadores ou pol&iacute;tica industrial mais ampla?<\/span><\/a><\/span><\/span><\/span><\/p>\r\n\r\n<p style=\"text-align:justify\"><span style=\"font-size:11pt\"><span style=\"line-height:normal\"><span style=\"font-family:Calibri,sans-serif\"><a href=\"https:\/\/portalibre.fgv.br\/system\/files\/divulgacao\/noticias\/mat-complementar\/2025-08\/ICOMEX_FGV_Press%20release_Agosto2025.pdf\" style=\"color:blue; text-decoration:underline\"><span style=\"font-size:14.0pt\">O desafio agora &eacute; como lidar com os custos do tarifa&ccedil;o<\/span><\/a><\/span><\/span><\/span><\/p>\r\n\r\n<p style=\"text-align:justify\"><span style=\"font-size:11pt\"><span style=\"line-height:normal\"><span style=\"font-family:Calibri,sans-serif\"><a href=\"https:\/\/agenciabrasil.ebc.com.br\/economia\/noticia\/2025-08\/sinduscon-sp-revisa-para-baixo-projecao-de-crescimento-da-construcao\" style=\"color:blue; text-decoration:underline\"><span style=\"font-size:14.0pt\">Sinduscon-SP revisa para baixo a proje&ccedil;&atilde;o de crescimento da constru&ccedil;&atilde;o<\/span><\/a><\/span><\/span><\/span><\/p>\r\n\r\n<p style=\"text-align:justify\"><span style=\"font-size:11pt\"><span style=\"line-height:normal\"><span style=\"font-family:Calibri,sans-serif\"><a href=\"https:\/\/www.cnnbrasil.com.br\/economia\/negocios\/leilao-do-tunel-santos-guaruja-enfrenta-incertezas-e-corre-risco-de-atraso\/\" style=\"color:blue; text-decoration:underline\"><span style=\"font-size:14.0pt\">Leil&atilde;o do t&uacute;nel Santos-Guaruj&aacute; enfrenta incertezas e corre risco de atraso<\/span><\/a><\/span><\/span><\/span><\/p>\r\n\r\n<p style=\"text-align:justify\"><span style=\"font-size:11pt\"><span style=\"line-height:normal\"><span style=\"font-family:Calibri,sans-serif\"><a href=\"https:\/\/novovarejoautomotivo.com.br\/seminario-da-abrafiltros-ira-destacar-a-importancia-da-qualidade-e-certificacoes-para-o-setor\/\" style=\"color:blue; text-decoration:underline\"><span style=\"font-size:14.0pt\">Semin&aacute;rio da Abrafiltros ir&aacute; destacar a import&acirc;ncia da qualidade e certifica&ccedil;&otilde;es para o setor<\/span><\/a><\/span><\/span><\/span><\/p>\r\n\r\n<p style=\"text-align:justify\"><span style=\"font-size:28pt\"><span style=\"font-family:Cambria,serif\"><span style=\"letter-spacing:-0.5pt\"><b><span style=\"font-size:18.0pt\"><span style=\"font-family:&quot;Calibri&quot;,sans-serif\"><span style=\"font-variant:small-caps\">Sustentabilidade<\/span><\/span><\/span><\/b><\/span><\/span><\/span><\/p>\r\n\r\n<p style=\"text-align:justify\"><span style=\"font-size:11pt\"><span style=\"line-height:normal\"><span style=\"font-family:Calibri,sans-serif\"><a href=\"https:\/\/agenciabrasil.ebc.com.br\/direitos-humanos\/noticia\/2025-08\/estudo-aponta-estagnacao-no-saneamento-5-anos-apos-novo-marco-legal\" style=\"color:blue; text-decoration:underline\"><span style=\"font-size:14.0pt\">Estudo aponta estagna&ccedil;&atilde;o no saneamento 5 anos ap&oacute;s novo Marco Legal<\/span><\/a><\/span><\/span><\/span><\/p>\r\n\r\n<p style=\"text-align:justify\"><span style=\"font-size:11pt\"><span style=\"line-height:normal\"><span style=\"font-family:Calibri,sans-serif\"><a href=\"https:\/\/abiquim.org.br\/comunicacao\/noticia\/11922\" style=\"color:blue; text-decoration:underline\"><span style=\"font-size:14.0pt\">Ap&oacute;s impasse na ONU, ind&uacute;stria qu&iacute;mica alerta para urg&ecirc;ncia de consenso em tratado sobre a polui&ccedil;&atilde;o pl&aacute;stica<\/span><\/a><\/span><\/span><\/span><\/p>\r\n\r\n<p style=\"text-align:justify\"><span style=\"font-size:28pt\"><span style=\"font-family:Cambria,serif\"><span style=\"letter-spacing:-0.5pt\"><b><span lang=\"EN-US\" style=\"font-size:18.0pt\"><span style=\"font-family:&quot;Calibri&quot;,sans-serif\"><span style=\"font-variant:small-caps\">Inova&ccedil;&atilde;o<\/span><\/span><\/span><\/b><\/span><\/span><\/span><\/p>\r\n\r\n<p style=\"text-align:justify\"><span style=\"font-size:11pt\"><span style=\"line-height:normal\"><span style=\"font-family:Calibri,sans-serif\"><a href=\"https:\/\/www.nonwovens-industry.com\/contents\/view_features\/2025-08-08\/processing-biomaterials-for-healthcare-the-opportunities-from-nonwoven-innovation\/?utm_campaign=NON%20Issue%20Alert&amp;utm_medium=email&amp;_hsenc=p2ANqtz-8FT42p3kHssZOCnRxZN2IDfFLrseZNHrA718zjSNY04l-q3dLYD4_RqWKJHyMuEONdGAD0IqG9x2N1t2IlXQseGsepKQ&amp;_hsmi=376081673&amp;utm_content=376081673&amp;utm_source=hs_email\" style=\"color:blue; text-decoration:underline\"><span lang=\"EN-US\" style=\"font-size:14.0pt\">Processing Biomaterials for Healthcare: The Opportunities From Nonwoven Innovation<\/span><\/a><\/span><\/span><\/span><\/p>\r\n\r\n<p style=\"text-align:justify\"><span style=\"font-size:11pt\"><span style=\"line-height:normal\"><span style=\"font-family:Calibri,sans-serif\"><a href=\"https:\/\/www.inovacaotecnologica.com.br\/noticias\/noticia.php?artigo=computador-dentro-fibra-optica&amp;id=010150250825&amp;ebol=sim#google_vignette\" style=\"color:blue; text-decoration:underline\"><span style=\"font-size:14.0pt\">Computador dentro de fibra &oacute;ptica amplia conceito de roupas eletr&ocirc;nicas<\/span><\/a><\/span><\/span><\/span><\/p>\r\n\r\n<p style=\"text-align:justify\"><span style=\"font-size:11pt\"><span style=\"line-height:normal\"><span style=\"font-family:Calibri,sans-serif\"><a href=\"https:\/\/www.noticiadamanha.com.br\/2025\/08\/17\/mundo-automotivo\/honda-adota-plastico-reciclado-na-producao-de-motos\/\" style=\"color:blue; text-decoration:underline\"><span style=\"font-size:14.0pt\">Honda adota pl&aacute;stico reciclado na produ&ccedil;&atilde;o de motos<\/span><\/a><\/span><\/span><\/span><\/p>\r\n\r\n<p style=\"text-align:justify\"><span style=\"font-size:28pt\"><span style=\"font-family:Cambria,serif\"><span style=\"letter-spacing:-0.5pt\"><b><span style=\"font-size:18.0pt\"><span style=\"font-family:&quot;Calibri&quot;,sans-serif\"><span style=\"font-variant:small-caps\">Com&eacute;rcio Exterior<\/span><\/span><\/span><\/b><\/span><\/span><\/span><\/p>\r\n\r\n<p style=\"text-align:justify\"><span style=\"font-size:11pt\"><span style=\"line-height:normal\"><span style=\"font-family:Calibri,sans-serif\"><a href=\"https:\/\/g1.globo.com\/economia\/noticia\/2025\/08\/21\/eua-e-ue-firmam-acordo-comercial-autoridade-dos-eua-preve-alivio-nas-tarifas-de-automoveis-em-semanas.ghtml\" style=\"color:blue; text-decoration:underline\"><span style=\"font-size:14.0pt\">EUA e Uni&atilde;o Europeia formalizam acordo que prev&ecirc; tarifa de 15% e investimentos em energia e tecnologia<\/span><\/a><\/span><\/span><\/span><\/p>\r\n\r\n<p style=\"text-align:justify\"><span style=\"font-size:11pt\"><span style=\"line-height:normal\"><span style=\"font-family:Calibri,sans-serif\"><a href=\"https:\/\/agenciabrasil.ebc.com.br\/internacional\/noticia\/2025-08\/lula-e-macron-se-comprometem-mais-dialogo-para-acordo-mercosul-ue\" style=\"color:blue; text-decoration:underline\"><span style=\"font-size:14.0pt\">Lula e Macron se comprometem a mais di&aacute;logo para acordo Mercosul-UE<\/span><\/a><\/span><\/span><\/span><\/p>\r\n\r\n<p style=\"text-align:justify\"><span style=\"font-size:11pt\"><span style=\"line-height:normal\"><span style=\"font-family:Calibri,sans-serif\"><a href=\"https:\/\/apexbrasil.com.br\/br\/pt\/conteudo\/noticias\/estudo-destaca-mais-de-1-400-oportunidades-no-peru-para-diversos.html#msdynmkt_trackingcontext=74bd71b4-c4b8-418f-bf81-d09f37930200\" style=\"color:blue; text-decoration:underline\"><span style=\"font-size:14.0pt\">Estudo destaca mais de 1.400 oportunidades no Peru para diversos produtos brasileiros<\/span><\/a><\/span><\/span><\/span><\/p>\r\n\r\n<p style=\"text-align:justify\"><span style=\"font-size:28pt\"><span style=\"font-family:Cambria,serif\"><span style=\"letter-spacing:-0.5pt\"><b><span style=\"font-size:18.0pt\"><span style=\"font-family:&quot;Calibri&quot;,sans-serif\"><span style=\"font-variant:small-caps\">Economia<\/span><\/span><\/span><\/b><\/span><\/span><\/span><\/p>\r\n\r\n<p style=\"text-align:justify\"><span style=\"font-size:11pt\"><span style=\"line-height:normal\"><span style=\"font-family:Calibri,sans-serif\"><a href=\"https:\/\/www.bcb.gov.br\/content\/focus\/focus\/R20250822.pdf\" style=\"color:blue; text-decoration:underline\"><span style=\"font-size:14.0pt\">Focus - Relat&oacute;rio de Mercado<\/span><\/a><\/span><\/span><\/span><\/p>\r\n\r\n<p style=\"text-align:justify\"><span style=\"font-size:11pt\"><span style=\"line-height:normal\"><span style=\"font-family:Calibri,sans-serif\"><a href=\"https:\/\/clickpetroleoegas.com.br\/de-novo-governo-quer-aumentar-impostos-mais-uma-vez-para-equilibrar-as-contas-publicas-flpc96\/\" style=\"color:blue; text-decoration:underline\"><span style=\"font-size:14.0pt\">Mais tributos &agrave; vista: governo prepara mais um pacote de aumento de impostos<\/span><\/a><\/span><\/span><\/span><\/p>\r\n\r\n<p style=\"text-align:justify\"><span style=\"font-size:11pt\"><span style=\"line-height:normal\"><span style=\"font-family:Calibri,sans-serif\"><a href=\"https:\/\/www.contabeis.com.br\/noticias\/72457\/reforma-tributaria-confira-4-etapas-para-se-preparar-para-2026\/\" style=\"color:blue; text-decoration:underline\"><span style=\"font-size:14.0pt\">Reforma Tribut&aacute;ria: confira 4 etapas para se preparar para 2026<\/span><\/a><\/span><\/span><\/span><\/p>\r\n\r\n<p style=\"text-align:justify\">&nbsp;<\/p>\r\n\r\n<p style=\"text-align:justify\"><span style=\"font-size:11pt\"><span style=\"line-height:normal\"><span style=\"font-family:Calibri,sans-serif\"><span style=\"font-size:14.0pt\"><img src=\"https:\/\/www.abint.org.br\/assets\/img\/editor\/redes-sociais-abint-ctg-cth_20250826142029TIeKhPrH3S.jpg\" \/><\/span><\/span><\/span><\/span><\/p>\r\n\r\n<p>&nbsp;<\/p>\r\n","texto_en":"","7":"","imagem":"COMP_capa-2025-site-boletim-abint-noticias-semanis_20250826142122kV2oFc3dnW.jpg","8":"COMP_capa-2025-site-boletim-abint-noticias-semanis_20250826142122kV2oFc3dnW.jpg","arquivo":"20250826-BOLETIM-ABINT-DE-NOTICIAS-SEMANAIS.PDF","9":"20250826-BOLETIM-ABINT-DE-NOTICIAS-SEMANAIS.PDF","titulo_arquivo":"20250826 Boletim ABINT de Not\u00edcias Semanais","10":"20250826 Boletim ABINT de Not\u00edcias Semanais","titulo_arquivo_en":"","11":"","created_at":"2025-08-26 14:21:30","12":"2025-08-26 14:21:30","updated_at":"2025-08-26 14:21:30","13":"2025-08-26 14:21:30"},{"id":185,"0":185,"ordem":34,"1":34,"data":"2025-08-19","2":"2025-08-19","slug":"boletim-abint-de-noticias-semanais-89","3":"boletim-abint-de-noticias-semanais-89","titulo":"Boletim ABINT de Not\u00edcias Semanais","4":"Boletim ABINT de Not\u00edcias Semanais","titulo_en":"","5":"","texto":"<p style=\"text-align:justify\"><span style=\"font-size:11pt\"><span style=\"line-height:normal\"><span style=\"font-family:Calibri,sans-serif\"><span style=\"font-size:14.0pt\">Esta &eacute; uma compila&ccedil;&atilde;o das not&iacute;cias mais relevantes para o setor, incluindo informa&ccedil;&otilde;es sobre acordos internacionais, economia brasileira, sustentabilidade e mat&eacute;rias primas, al&eacute;m de novidades do setor de N&atilde;otecidos e Tecidos T&eacute;cnicos.<\/span><\/span><\/span><\/span><\/p>\r\n\r\n<p style=\"text-align:justify\"><span style=\"font-size:28pt\"><span style=\"font-family:Cambria,serif\"><span style=\"letter-spacing:-0.5pt\"><b><span style=\"font-size:18.0pt\"><span style=\"font-family:&quot;Calibri&quot;,sans-serif\"><span style=\"font-variant:small-caps\">O que vem por a&iacute;<\/span><\/span><\/span><\/b><\/span><\/span><\/span><\/p>\r\n\r\n<p><b><img src=\"https:\/\/www.abint.org.br\/assets\/img\/editor\/post-live-lancamento-manual-ctg-compradores_20250805192559PnW565w4eL.jpeg\" style=\"width: 700px; height: 394px;\" \/><\/b><\/p>\r\n\r\n<p><span style=\"font-size:11pt\"><span style=\"line-height:normal\"><span style=\"font-family:Calibri,sans-serif\"><a href=\"https:\/\/www.youtube.com\/live\/EBSHpDfwSYM?si=ENHIJYjNWgl2wuQB\" style=\"color:blue; text-decoration:underline\"><b><span style=\"font-size:14.0pt\">Canal Geotecnia Brasil no Youtube<\/span><\/b><\/a><\/span><\/span><\/span><\/p>\r\n\r\n<p>&nbsp;<\/p>\r\n\r\n<p><b><img src=\"https:\/\/www.abint.org.br\/assets\/img\/editor\/post-quadrado-curso-naotecido_20250730120640vCt4aT9hJj.jpg\" style=\"width: 500px; height: 500px;\" \/><\/b><\/p>\r\n\r\n<p><span style=\"font-size:11pt\"><span style=\"line-height:normal\"><span style=\"font-family:Calibri,sans-serif\"><a href=\"https:\/\/forms.cloud.microsoft\/r\/5DrqtK5n3Y\" style=\"color:blue; text-decoration:underline\"><b><span style=\"font-size:14.0pt\">Acesse aqui para fazer sua inscri&ccedil;&atilde;o<\/span><\/b><\/a><\/span><\/span><\/span><\/p>\r\n\r\n<p>&nbsp;<\/p>\r\n\r\n<p><b><img src=\"https:\/\/www.abint.org.br\/assets\/img\/editor\/2o-seminario-abrafiltros-abint-apoiador_2025072217401523mrTUXRqU.png\" style=\"width: 500px; height: 500px;\" \/><\/b><\/p>\r\n\r\n<p><span style=\"font-size:11pt\"><span style=\"line-height:normal\"><span style=\"font-family:Calibri,sans-serif\"><a href=\"https:\/\/doity.com.br\/3-seminario-brasileiro-de-filtros\" style=\"color:blue; text-decoration:underline\"><b><span style=\"font-size:14.0pt\">Acesse aqui mais informa&ccedil;&otilde;es<\/span><\/b><\/a><\/span><\/span><\/span><\/p>\r\n\r\n<p>&nbsp;<\/p>\r\n\r\n<p><img src=\"https:\/\/www.abint.org.br\/assets\/img\/editor\/congresso-internacional-abit-2025_20250722174119edr5xq8iJH.png\" style=\"width: 700px; height: 256px;\" \/><\/p>\r\n\r\n<p><span style=\"font-size:11pt\"><span style=\"line-height:normal\"><span style=\"font-family:Calibri,sans-serif\"><a href=\"https:\/\/www.congressoabit.com.br\/\" style=\"color:blue; text-decoration:underline\"><b><span style=\"font-size:14.0pt\">Acesse aqui mais informa&ccedil;&otilde;es<\/span><\/b><\/a><\/span><\/span><\/span><\/p>\r\n\r\n<p>&nbsp;<\/p>\r\n\r\n<p class=\"MsoTitle\" style=\"text-align:justify\"><span style=\"font-size:28pt\"><span style=\"font-family:Cambria,serif\"><span style=\"letter-spacing:-0.5pt\"><b><span style=\"font-size:18.0pt\"><span style=\"font-family:&quot;Calibri&quot;,sans-serif\"><span style=\"font-variant:small-caps\">Not&iacute;cias das Associadas<\/span><\/span><\/span><\/b><\/span><\/span><\/span><\/p>\r\n\r\n<p style=\"text-align:justify\"><span style=\"font-size:11pt\"><span style=\"line-height:normal\"><span style=\"font-family:Calibri,sans-serif\"><span style=\"font-size:14.0pt\"><a href=\"https:\/\/portaldaautopeca.com.br\/noticias\/local\/cipatex-anuncia-rebranding-da-marca-de-lonas-para-caminhao\/\" style=\"color:blue; text-decoration:underline\">Cipatex anuncia rebranding da marca de lonas para caminh&atilde;o<\/a><\/span><\/span><\/span><\/span><\/p>\r\n\r\n<p style=\"text-align:justify\"><span style=\"font-size:11pt\"><span style=\"line-height:normal\"><span style=\"font-family:Calibri,sans-serif\"><span style=\"font-size:14.0pt\"><span style=\"color:blue\"><a href=\"https:\/\/www.linkedin.com\/posts\/maccaferri_maccaferriworld-corporatenews-tunnelling-activity-7355945149417320449-rRO4\/?utm_source=share&amp;utm_medium=member_ios&amp;rcm=ACoAAALw09wBlUGxZWxNaaWb76ytiJRfAWI2vQU\" style=\"color:blue; text-decoration:underline\"><span lang=\"EN-US\" style=\"color:blue\">Officine Maccaferri has acquired CPT GROUP<\/span><\/a><\/span><\/span> <\/span><\/span><\/span><\/p>\r\n\r\n<p style=\"text-align:justify\">&nbsp;<\/p>\r\n\r\n<p style=\"text-align:justify\"><span style=\"font-size:11pt\"><span style=\"line-height:normal\"><span style=\"font-family:Calibri,sans-serif\"><b><span style=\"font-size:18.0pt\"><span style=\"font-variant:small-caps\">Eventos<\/span><\/span><\/b><\/span><\/span><\/span><\/p>\r\n\r\n<p style=\"text-align:justify\"><span style=\"font-size:11pt\"><span style=\"line-height:normal\"><span style=\"font-family:Calibri,sans-serif\"><a href=\"https:\/\/app.rdstation.email\/mail\/73f893e3-d4c4-47e1-a0ea-aa0aaf1cfda0?utm_campaign=convite_ws_inovacao&amp;utm_medium=email&amp;utm_source=RD+Station\" style=\"color:blue; text-decoration:underline\"><b><span style=\"font-size:14.0pt\">Workshop Abit | Transformando Inova&ccedil;&atilde;o em Resultado<\/span><\/b><\/a><span style=\"font-size:14.0pt\">, 20 de agosto de 2025, 09h &agrave;s 12h, evento h&iacute;brido<\/span><\/span><\/span><\/span><\/p>\r\n\r\n<p style=\"text-align:justify\"><span style=\"font-size:11pt\"><span style=\"line-height:normal\"><span style=\"font-family:Calibri,sans-serif\"><a href=\"https:\/\/assets-sam.mkt.dynamics.com\/571e75e0-1124-4795-aa34-91e4e6216e7b\/digitalassets\/standaloneforms\/723ce570-de76-f011-b4cb-000d3ac1c12b#msdynmkt_trackingcontext=a5e8f5ca-fd62-463e-a0b7-16d25ad60100&amp;msdynmkt_prefill=mktprf0be334d4a2bb4839a8fbfa21363169f2eoprf\" style=\"color:blue; text-decoration:underline\"><b><span style=\"font-size:14.0pt\">CNI | Construindo Pontes para o F&oacute;rum Econ&ocirc;mico Internacional Am&eacute;rica Latina e Caribe - Di&aacute;logo Brasil-Panam&aacute;<\/span><\/b><\/a><span style=\"font-size:14.0pt\">, 21 de agosto de 2025, 15 &agrave;s 18h, CNI Bras&iacute;lia<\/span><\/span><\/span><\/span><\/p>\r\n\r\n<p style=\"text-align:justify\"><span style=\"font-size:11pt\"><span style=\"line-height:normal\"><span style=\"font-family:Calibri,sans-serif\"><a href=\"https:\/\/sticni.sharepoint.com\/sites\/PublicShare\/Compartilhamentos\/Forms\/AllItems.aspx?id=%2Fsites%2FPublicShare%2FCompartilhamentos%2FCNI%2D133649%2FPrograma%20Imers%C3%B5es%20em%20Ecossistemas%2FImers%C3%A3o%20Finlandia%20em%20Economia%20Circular%2E%201%2Epdf&amp;parent=%2Fsites%2FPublicShare%2FCompartilhamentos%2FCNI%2D133649%2FPrograma%20Imers%C3%B5es%20em%20Ecossistemas&amp;p=true&amp;ga=1\" style=\"color:blue; text-decoration:underline\"><b><span style=\"font-size:14.0pt\">CNI | Imers&atilde;o Finl&acirc;ndia: Uma conex&atilde;o global com a Economia Circular<\/span><\/b><\/a><span style=\"font-size:14.0pt\">, 01 a 05 de setembro de 2025, inscri&ccedil;&otilde;es at&eacute; 10 de agosto de 2025 ou se encerrarem as vagas, cidades destinos: Helsinki (cidade base), Tampere e Espoo.<\/span><\/span><\/span><\/span><\/p>\r\n\r\n<p style=\"text-align:justify\"><span style=\"font-size:11pt\"><span style=\"line-height:normal\"><span style=\"font-family:Calibri,sans-serif\"><a href=\"https:\/\/app.isend.com.br\/iSend\/view\/9DE9D0742A340411A1E8E7365679128474B3CF88A4665487BDD910C518D01ECAFFD441B57ADE0426\" style=\"color:blue; text-decoration:underline\"><b><span style=\"font-size:14.0pt\">FIESP | Debate sobre a nova geopol&iacute;tica e o papel do Brasil no cen&aacute;rio global<\/span><\/b><\/a><span style=\"font-size:14.0pt\">, 04 de setembro de 2025, 09h, sede da Fiesp<\/span><\/span><\/span><\/span><\/p>\r\n\r\n<p style=\"text-align:justify\"><span style=\"font-size:11pt\"><span style=\"line-height:normal\"><span style=\"font-family:Calibri,sans-serif\"><a href=\"https:\/\/app.rdstation.email\/mail\/af66e200-91d9-49b3-87b0-e83269992dad?utm_medium=email&amp;utm_campaign=emkt_curso_classificacao_fiscal&amp;utm_source=RD+Station\" style=\"color:blue; text-decoration:underline\"><b><span style=\"font-size:14.0pt\">Curso de Classifica&ccedil;&atilde;o Fiscal para Produtos T&ecirc;xteis e Confeccionados<\/span><\/b><\/a><span style=\"font-size:14.0pt\">, 10 de setembro de 2025, 09h &agrave;s 12h, evento virtual<\/span><\/span><\/span><\/span><\/p>\r\n\r\n<p style=\"text-align:justify\"><span style=\"font-size:11pt\"><span style=\"line-height:normal\"><span style=\"font-family:Calibri,sans-serif\"><a href=\"https:\/\/www.conbrava.com.br\/\" style=\"color:blue; text-decoration:underline\"><b><span style=\"font-size:14.0pt\">CONBRAVA 2025<\/span><\/b><\/a><span style=\"font-size:14.0pt\">, 10 a 12 de setembro de 2025, S&atilde;o Paulo Expo, Rodovia dos Imigrantes, km 1,5<\/span><\/span><\/span><\/span><\/p>\r\n\r\n<p style=\"text-align:justify\"><span style=\"font-size:11pt\"><span style=\"line-height:normal\"><span style=\"font-family:Calibri,sans-serif\"><a href=\"https:\/\/plasticosemrevista.com.br\/competitividade-2025\/\" style=\"color:blue; text-decoration:underline\"><b><span style=\"font-size:14.0pt\">Semin&aacute;rio Competitividade | 15&ordf; edi&ccedil;&atilde;o | Transforma&ccedil;&atilde;o - Mercado e Ind&uacute;stria Redesenhados pela Guerra Comercial e Intelig&ecirc;ncia Artificial<\/span><\/b><\/a><span style=\"font-size:14.0pt\">, 18&middot;de setembro de 2025, Hotel Meli&aacute;, Av. Paulista, 2181, SP<\/span><\/span><\/span><\/span><\/p>\r\n\r\n<p style=\"text-align:justify\"><span style=\"font-size:11pt\"><span style=\"line-height:normal\"><span style=\"font-family:Calibri,sans-serif\"><a href=\"https:\/\/paving.com.br\/\" style=\"color:blue; text-decoration:underline\"><b><span style=\"font-size:14.0pt\">Paving Expo 2025<\/span><\/b><\/a><span style=\"font-size:14.0pt\">, 23 a 25 de setembro de 2025, Distrito Anhembi, Rua Prof. Milton Rodrigues, s\/n, Santana, S&atilde;o Paulo, SP<\/span><\/span><\/span><\/span><\/p>\r\n\r\n<p style=\"text-align:justify\"><span style=\"font-size:11pt\"><span style=\"line-height:normal\"><span style=\"font-family:Calibri,sans-serif\"><a href=\"https:\/\/www.instagram.com\/sobeccnacional\/p\/DA1V8NZyhNK\/?img_index=1\" style=\"color:blue; text-decoration:underline\"><b><span style=\"font-size:14.0pt\">17&ordm; Congresso Brasileiro de Enfermagem em Centro Cir&uacute;rgico: &ldquo;O poder de cuidar&rdquo;<\/span><\/b><\/a><span style=\"font-size:14.0pt\">, 01 a 03 de outubro de 2025, Transamerica Expo Center, S&atilde;o Paulo, SP<\/span><\/span><\/span><\/span><\/p>\r\n\r\n<p style=\"text-align:justify\"><span style=\"font-size:11pt\"><span style=\"line-height:normal\"><span style=\"font-family:Calibri,sans-serif\"><a href=\"https:\/\/his.saudebusiness.com\/pt\/home.html\" style=\"color:blue; text-decoration:underline\"><b><span style=\"font-size:14.0pt\">Healthcare Innovation Show (HIS)<\/span><\/b><\/a><span style=\"font-size:14.0pt\">, 01 e 02 de outubro de 2025, 09h &agrave;s 18h, S&atilde;o Paulo Expo<\/span><\/span><\/span><\/span><\/p>\r\n\r\n<p style=\"text-align:justify\"><span style=\"font-size:11pt\"><span style=\"line-height:normal\"><span style=\"font-family:Calibri,sans-serif\"><a href=\"https:\/\/www.abrafiltros.org.br\/3o-seminario-brasileiro-de-filtros-acontecera-no-dia-08-de-outubro\/\" style=\"color:blue; text-decoration:underline\"><b><span style=\"font-size:14.0pt\">3&ordm; Semin&aacute;rio Brasileiro de Filtros<\/span><\/b><\/a><span style=\"font-size:14.0pt\">, 08 de outubro de 2025, evento presencial<\/span><\/span><\/span><\/span><\/p>\r\n\r\n<p style=\"text-align:justify\"><span style=\"font-size:11pt\"><span style=\"line-height:normal\"><span style=\"font-family:Calibri,sans-serif\"><a href=\"https:\/\/hospitalmed.com.br\/feira\/\" style=\"color:blue; text-decoration:underline\"><b><span style=\"font-size:14.0pt\">HospitalMed 2025<\/span><\/b><\/a><span style=\"font-size:14.0pt\">, 22 a 24 de outubro, Pernambuco Centro de Conven&ccedil;&otilde;es, Olinda<\/span><\/span><\/span><\/span><\/p>\r\n\r\n<p style=\"text-align:justify\"><span style=\"font-size:11pt\"><span style=\"line-height:normal\"><span style=\"font-family:Calibri,sans-serif\"><a href=\"https:\/\/www.congressoabit.com.br\/\" style=\"color:blue; text-decoration:underline\"><b><span style=\"font-size:14.0pt\">Congresso Internacional Abit 2025<\/span><\/b><\/a><span style=\"font-size:14.0pt\">, 29 e 30 de outubro, 08h &agrave;s 20h, FIESP, S&atilde;o Paulo, SP<\/span><\/span><\/span><\/span><\/p>\r\n\r\n<p style=\"text-align:justify\"><span style=\"font-size:11pt\"><span style=\"line-height:normal\"><span style=\"font-family:Calibri,sans-serif\"><a href=\"https:\/\/filtech.de\/\" style=\"color:blue; text-decoration:underline\"><b><span style=\"font-size:14.0pt\">Filtech 2026<\/span><\/b><\/a><span style=\"font-size:14.0pt\">, de 30 de junho a 2 de julho, Cologne, Alemanha<\/span><\/span><\/span><\/span><\/p>\r\n\r\n<p style=\"text-align:justify\"><span style=\"font-size:11pt\"><span style=\"line-height:normal\"><span style=\"font-family:Calibri,sans-serif\"><a href=\"https:\/\/ficons.com.br\/\" style=\"color:blue; text-decoration:underline\"><b><span style=\"font-size:14.0pt\">FICONS - Feira Internacional de Materiais, Equipamentos e Servi&ccedil;os da Constru&ccedil;&atilde;o<\/span><\/b><\/a><span style=\"font-size:14.0pt\">, 15 a 18 de setembro de 2026, Centro de Conven&ccedil;&otilde;es de Pernambuco Recife\/ Olinda<\/span><\/span><\/span><\/span><\/p>\r\n\r\n<p style=\"text-align:justify\"><span style=\"font-size:28pt\"><span style=\"font-family:Cambria,serif\"><span style=\"letter-spacing:-0.5pt\"><b><span style=\"font-size:18.0pt\"><span style=\"font-family:&quot;Calibri&quot;,sans-serif\"><span style=\"font-variant:small-caps\">Setor<\/span><\/span><\/span><\/b><\/span><\/span><\/span><\/p>\r\n\r\n<p style=\"text-align:justify\"><span style=\"font-size:11pt\"><span style=\"line-height:normal\"><span style=\"font-family:Calibri,sans-serif\"><a href=\"http:\/\/clickemail.portalpersonalcare.com.br\/ls\/click?upn=u001.D2-2F0Tg0A29KXXLMT6ctG-2BYOihdDbc-2ByFrUFb3ZXMT9QZzCrf9d8hZ1aqhqH9WUjCQgxs9ufvEDF0LShdVhvwU07kBdclZYcmBgDaOo59GQO8ZtVAtzXO9jywuOAw1WbQlfI7djsu5nDFAJWkH-2BvY2Pm1p1Nf4hCX12LRxboSp4Q2K8lPcmnCKR8yFffNhu5h4YBYc6090si2w-2FMuXqTt1P0L-2Bvu-2FKHxjBoEBdqDjV1x2Ui4pCkNDjxUQUWzWS3F0w-2B9HjvEcOStWxujtus4cxsFfd7wzuxK2N-2B6lQ2pgXHO4AFkpjeEoxwoOAdaCynZTLq7bzcL28eIourBxIdIJieYMn64jE7pQ80v2h4gXd6thzv-2BrkFlKgt3e1JoOtdN78lPeYTou0oC98q4Z8q0QGQ-3D-3DBQEH_T7N8BvZTOm04CQQMiyWztrpCjlUrRc4F7QzSgUIpTqDyHxxxhGpyWLohz7JoE2GE5NHlS-2BYZoX1R75Fh8KCze9GvCCb-2FinuNgc39g0Cdbe-2FcU8RlSBQhp5om11AQZQ-2FDua9lfL5OpxVR9EfNFOcJGknlWndJBIQVdhZ46vSQgRKUaP2hd-2Bz-2FvWvDLF3HmS6avErzQ1QWvC3i8gH3POW4sKYuxPtR5IrBvQLqpwXC61GTPGbrxWFaeUwgC-2B-2Fw6mbxctiltq0rtE5QOJqa5oqlXfcWyOOPlXnvdZ52GPI8ipSV9smsUpskTAxrPcWQk6Zb07nQNGMjtYwWsI9WNFwX0RBElCo5j-2Ft0srKpIzP-2BXsClt4tKekNc-2BGGJR3JQjT9W6DPcWWUHBn9DgfHlTCV0TYCH2kwkEtWVXm65UUXN7kUsD6w5k3OVNF5gNFeBUrow5rIs9LK0Whg6vbuCGYsznrF2NxOVGUms-2BWVuC0APTPjCFx-2FPQBawMqK5tzTuUpKYF5GD-2FJzxD7qfQkD1bX1aab6m75DPBwp3nrUanAu-2Bx25CGoeHLMeRu4Eg77E7ZLY9vcIXBsxqrSoT4Qn8EqUmCSijL2OglfZxu9sn9n3tWtvBiDrCy-2BevNaVXSzmaKVzw3kToCBSX82WZv4ns0SCN0noJX9ac93sZy5RHHrfO8NpV9tjsRTy-2FlwXFGAKAReSTEF5WZYr-2FQj0n7AoZ7083xq7aX95-2BSkPmpEd0K4ef94EzFLkHvz1WCuCDPw9utpmE\" style=\"color:blue; text-decoration:underline\" target=\"_blank\"><span style=\"font-size:14.0pt\">Controle de qualidade e testes laboratoriais em fraldas, len&ccedil;os umedecidos e fraldas geri&aacute;tricas<\/span><\/a><\/span><\/span><\/span><\/p>\r\n\r\n<p style=\"text-align:justify\"><span style=\"font-size:11pt\"><span style=\"line-height:normal\"><span style=\"font-family:Calibri,sans-serif\"><a href=\"https:\/\/www.nonwovens-industry.com\/contents\/view_breaking-news\/2025-08-13\/spunweb-india-makes-investment\/?utm_campaign=NON%20eNewsletter&amp;utm_medium=email&amp;_hsenc=p2ANqtz--uSnKf3gDHKCo5zUi1SxCuzksmp_NA4jSenef5hRTixUVd4UKhRnbG0k-xILudnfACCsLGdB51yhUC7VKadBjqRBfIDg&amp;_hsmi=375938181&amp;utm_content=375938181&amp;utm_source=hs_email\" style=\"color:blue; text-decoration:underline\"><span style=\"font-size:14.0pt\">Spunweb India Makes Investment<\/span><\/a><\/span><\/span><\/span><\/p>\r\n\r\n<p style=\"text-align:justify\"><span style=\"font-size:11pt\"><span style=\"line-height:normal\"><span style=\"font-family:Calibri,sans-serif\"><a href=\"https:\/\/www.nonwovens-industry.com\/contents\/view_breaking-news\/2025-08-18\/inda-attends-2025-ncsl-legislative-summit\/15303\" style=\"color:blue; text-decoration:underline\"><span style=\"font-size:14.0pt\">INDA Attends 2025 NCSL Legislative Summit<\/span><\/a><\/span><\/span><\/span><\/p>\r\n\r\n<p style=\"text-align:justify\"><span style=\"font-size:11pt\"><span style=\"line-height:normal\"><span style=\"font-family:Calibri,sans-serif\"><a href=\"https:\/\/plasticosemrevista.com.br\/brasil-consumo-aparente-de-poliolefinas-recua-no-1o-semestre\/\" style=\"color:blue; text-decoration:underline\"><span style=\"font-size:14.0pt\">Brasil: consumo aparente de poliolefinas recua no 1&ordm; semestre<\/span><\/a><\/span><\/span><\/span><\/p>\r\n\r\n<p style=\"text-align:justify\"><span style=\"font-size:11pt\"><span style=\"line-height:normal\"><span style=\"font-family:Calibri,sans-serif\"><a href=\"https:\/\/public-api.wordpress.com\/bar\/?stat=groovemails-events&amp;bin=wpcom_email_click&amp;redirect_to=https%3A%2F%2Fblogdoplastico.wordpress.com%2F2025%2F08%2F13%2Fmesa-latino-americana-do-pvc-realizara-webinar-sobre-a-circularidade-do-pvc%2F&amp;sr=0&amp;signature=a73d26d3fb60c21c5d5a8172339d09c3&amp;blog_id=9438832&amp;user=135099004&amp;_e=eyJlcnJvciI6bnVsbCwiYmxvZ19pZCI6OTQzODgzMiwiYmxvZ19sYW5nIjoicHQtQlIiLCJzaXRlX2lkX2xhYmVsIjoid3Bjb20iLCJoYXNfZmVhdHVyZWRfaW1hZ2UiOiIwIiwic3Vic2NyaWJlcl9pZCI6IjQ0NzAwMjQ1IiwiX3VpIjoxMzUwOTkwMDQsImxvY2FsZSI6InB0LWJyIiwiY3VycmVuY3kiOiJCUkwiLCJjb3VudHJ5X2NvZGVfc2lnbnVwIjoiQlIiLCJzaWdudXBfZmxvd19uYW1lIjoiZGVsdGEtc2l0ZSIsImVtYWlsX2RvbWFpbiI6ImFiaW50Lm9yZy5iciIsInBvc3RfaWQiOjE5MjU1LCJ1c2VyX2VtYWlsIjoiYWJpbnRAYWJpbnQub3JnLmJyIiwiZGF0ZV9zZW50IjoiMjAyNS0wOC0xMyIsImVtYWlsX25hbWUiOiJuZXctcG9zdCIsInRlbXBsYXRlIjoibmV3LXBvc3QiLCJlbWFpbF9pZCI6IjBhODI1YjE4NGQxYTc3OTdhMTllY2UwYjAxZGYzYWVhIiwibGlua19kZXNjIjoicG9zdC11cmwiLCJhbmNob3JfdGV4dCI6Ik1lc2EgTGF0aW5vLUFtZXJpY2FuYSBkbyBQVkMgcmVhbGl6YXJcdTAwZTEgd2ViaW5hciBzb2JyZSBhIGNpcmN1bGFyaWRhZGUgZG9cdTAwYTBQVkMiLCJfZHIiOm51bGwsIl9kbCI6Ilwvd3AtYWRtaW5cL3Bvc3QucGhwIiwiX3V0Ijoid3Bjb206dXNlcl9pZCIsIl91bCI6ImFiaW50dHQiLCJfZW4iOiJ3cGNvbV9lbWFpbF9jbGljayIsIl90cyI6MTc1NTEyNzI4NTE5NiwiYnJvd3Nlcl90eXBlIjoicGhwLWFnZW50IiwiX2F1YSI6IndwY29tLXRyYWNrcy1jbGllbnQtdjAuMyIsImJsb2dfdHoiOiItMyIsInVzZXJfbGFuZyI6InB0LWJyIn0&amp;_z=z\" style=\"color:blue; text-decoration:underline\"><span style=\"font-size:14.0pt\">Mesa Latino-Americana do PVC realizar&aacute; webinar sobre a circularidade do&nbsp;PVC<\/span><\/a><\/span><\/span><\/span><\/p>\r\n\r\n<p style=\"text-align:justify\"><span style=\"font-size:11pt\"><span style=\"line-height:normal\"><span style=\"font-family:Calibri,sans-serif\"><a href=\"https:\/\/www.noticiasagricolas.com.br\/noticias\/clima\/405810-periodo-mais-seco-e-quente-no-primeiro-semestre-de-2025-causa-impacto-a-producao-agricola-brasileira-aponta-analise-da-nottus.html\" style=\"color:blue; text-decoration:underline\"><span style=\"font-size:14.0pt\">Geomembranas: Per&iacute;odo mais seco e quente no primeiro semestre de 2025 causa impacto &agrave; produ&ccedil;&atilde;o agr&iacute;cola brasileira, aponta an&aacute;lise da Nottus<\/span><\/a><\/span><\/span><\/span><\/p>\r\n\r\n<p style=\"text-align:justify\"><span style=\"font-size:11pt\"><span style=\"line-height:normal\"><span style=\"font-family:Calibri,sans-serif\"><a href=\"https:\/\/plasticosemrevista.com.br\/abalo-em-pilares-do-plastico-na-alemanha\/\" style=\"color:blue; text-decoration:underline\"><span style=\"font-size:14.0pt\">Abalo em pilares do pl&aacute;stico na Alemanha<\/span><\/a><\/span><\/span><\/span><\/p>\r\n\r\n<p style=\"text-align:justify\"><span style=\"font-size:11pt\"><span style=\"line-height:normal\"><span style=\"font-family:Calibri,sans-serif\"><a href=\"https:\/\/public-api.wordpress.com\/bar\/?stat=groovemails-events&amp;bin=wpcom_email_click&amp;redirect_to=https%3A%2F%2Fblogdoplastico.wordpress.com%2F2025%2F08%2F13%2Fbraskem-registra-ebitda-recorrente-de-us-74-milhoes-no-2o-trimestre-de-2025-67-inferior-ao-do-primeiro-trimestre%2F&amp;sr=0&amp;signature=5d93fbb5da1446f462e8c25f2e0e1fba&amp;blog_id=9438832&amp;user=135099004&amp;_e=eyJlcnJvciI6bnVsbCwiYmxvZ19pZCI6OTQzODgzMiwiYmxvZ19sYW5nIjoicHQtQlIiLCJzaXRlX2lkX2xhYmVsIjoid3Bjb20iLCJoYXNfZmVhdHVyZWRfaW1hZ2UiOiIwIiwic3Vic2NyaWJlcl9pZCI6IjQ0NzAwMjQ1IiwiX3VpIjoxMzUwOTkwMDQsImxvY2FsZSI6InB0LWJyIiwiY3VycmVuY3kiOiJCUkwiLCJjb3VudHJ5X2NvZGVfc2lnbnVwIjoiQlIiLCJzaWdudXBfZmxvd19uYW1lIjoiZGVsdGEtc2l0ZSIsImVtYWlsX2RvbWFpbiI6ImFiaW50Lm9yZy5iciIsInBvc3RfaWQiOjE5MjUwLCJ1c2VyX2VtYWlsIjoiYWJpbnRAYWJpbnQub3JnLmJyIiwiZGF0ZV9zZW50IjoiMjAyNS0wOC0xMyIsImVtYWlsX25hbWUiOiJuZXctcG9zdCIsInRlbXBsYXRlIjoibmV3LXBvc3QiLCJlbWFpbF9pZCI6ImM2MDk4NTFkZTAzY2ZjOWVmZDA3ZmFmZDc4MjE2NTc4IiwibGlua19kZXNjIjoicG9zdC11cmwiLCJhbmNob3JfdGV4dCI6IkJyYXNrZW0gcmVnaXN0cmEgRUJJVERBIHJlY29ycmVudGUgZGUgVVMkIDc0IG1pbGhcdTAwZjVlcyBubyAyby4gdHJpbWVzdHJlIGRlIDIwMjUsIDY3JSBpbmZlcmlvciBhbyBkbyBwcmltZWlyb1x1MDBhMHRyaW1lc3RyZSIsIl9kciI6bnVsbCwiX2RsIjoiXC93cC1hZG1pblwvcG9zdC5waHAiLCJfdXQiOiJ3cGNvbTp1c2VyX2lkIiwiX3VsIjoiYWJpbnR0dCIsIl9lbiI6IndwY29tX2VtYWlsX2NsaWNrIiwiX3RzIjoxNzU1MDkxMTU5Nzg2LCJicm93c2VyX3R5cGUiOiJwaHAtYWdlbnQiLCJfYXVhIjoid3Bjb20tdHJhY2tzLWNsaWVudC12MC4zIiwiYmxvZ190eiI6Ii0zIiwidXNlcl9sYW5nIjoicHQtYnIifQ=&amp;_z=z\" style=\"color:blue; text-decoration:underline\"><span style=\"font-size:14.0pt\">Braskem registra EBITDA recorrente de US$ 74 milh&otilde;es no 2o. trimestre de 2025, 67% inferior ao do primeiro&nbsp;trimestre<\/span><\/a><\/span><\/span><\/span><\/p>\r\n\r\n<p style=\"text-align:justify\"><span style=\"font-size:11pt\"><span style=\"line-height:normal\"><span style=\"font-family:Calibri,sans-serif\"><a href=\"https:\/\/www.cadaminuto.com.br\/noticia\/2025\/08\/12\/negociacao-pela-compra-da-braskem-depende-de-acordo-sobre-afundamento-do-solo-em-maceio\" style=\"color:blue; text-decoration:underline\"><span style=\"font-size:14.0pt\">Negocia&ccedil;&atilde;o pela compra da Braskem depende de acordo sobre afundamento do solo em Macei&oacute;<\/span><\/a><\/span><\/span><\/span><\/p>\r\n\r\n<p style=\"text-align:justify\"><span style=\"font-size:11pt\"><span style=\"line-height:normal\"><span style=\"font-family:Calibri,sans-serif\"><a href=\"https:\/\/investnews.com.br\/negocios\/na-braskem-venda-de-ativos-nao-avanca-antes-da-escolha-do-novo-controlador\/\" style=\"color:blue; text-decoration:underline\"><span style=\"font-size:14.0pt\">Na Braskem, venda de ativos n&atilde;o avan&ccedil;a antes da escolha do novo controlador<\/span><\/a><\/span><\/span><\/span><\/p>\r\n\r\n<p style=\"text-align:justify\"><span style=\"font-size:28pt\"><span style=\"font-family:Cambria,serif\"><span style=\"letter-spacing:-0.5pt\"><b><span style=\"font-size:18.0pt\"><span style=\"font-family:&quot;Calibri&quot;,sans-serif\"><span style=\"font-variant:small-caps\">Ind&uacute;stria<\/span><\/span><\/span><\/b><\/span><\/span><\/span><\/p>\r\n\r\n<p style=\"text-align:justify\"><span style=\"font-size:11pt\"><span style=\"line-height:normal\"><span style=\"font-family:Calibri,sans-serif\"><a href=\"https:\/\/noticias.portaldaindustria.com.br\/noticias\/economia\/expectativa-de-crescimento-da-industria-em-2025-cai-para-17-projeta-cni\/\" style=\"color:blue; text-decoration:underline\"><span style=\"font-size:14.0pt\">Expectativa de crescimento da ind&uacute;stria em 2025 cai para 1,7%, projeta CNI<\/span><\/a><\/span><\/span><\/span><\/p>\r\n\r\n<p style=\"text-align:justify\"><span style=\"font-size:11pt\"><span style=\"line-height:normal\"><span style=\"font-family:Calibri,sans-serif\"><a href=\"https:\/\/revistaoeste.com\/brasil\/impacto-das-tarifas-dos-eua-ainda-vai-chegar-alertam-especialistas\/\" style=\"color:blue; text-decoration:underline\"><span style=\"font-size:14.0pt\">Impacto das tarifas dos EUA ainda vai chegar, dizem especialistas<\/span><\/a><\/span><\/span><\/span><\/p>\r\n\r\n<p style=\"text-align:justify\"><span style=\"font-size:11pt\"><span style=\"line-height:normal\"><span style=\"font-family:Calibri,sans-serif\"><a href=\"https:\/\/noticias.portaldaindustria.com.br\/posicionamentos\/medidas-para-combater-tarifaco-dao-folego-a-industria-e-mantem-negociacao-aberta-com-os-eua-avalia-presidente-da-cni\/\" style=\"color:blue; text-decoration:underline\"><span style=\"font-size:14.0pt\">Medidas para combater tarifa&ccedil;o d&atilde;o f&ocirc;lego &agrave; ind&uacute;stria e mant&ecirc;m negocia&ccedil;&atilde;o aberta com os EUA, avalia presidente da CNI<\/span><\/a><\/span><\/span><\/span><\/p>\r\n\r\n<p style=\"text-align:justify\"><span style=\"font-size:11pt\"><span style=\"line-height:normal\"><span style=\"font-family:Calibri,sans-serif\"><a href=\"https:\/\/grandesconstrucoes.com.br\/Noticias\/Exibir\/investimentos-em-infraestrutura-devem-atingir-nivel-recorde-em-2025?utm_source=akna&amp;utm_medium=email&amp;utm_campaign=Grandes-Construcoes-Informativo-975-14-08-2025-2&amp;utm_source=akna&amp;utm_medium=email&amp;utm_campaign=Grandes-Construcoes-Informativo-975-14-08-2025-2\" style=\"color:blue; text-decoration:underline\"><span style=\"font-size:14.0pt\">Investimentos em infraestrutura devem atingir n&iacute;vel recorde em 2025<\/span><\/a><\/span><\/span><\/span><\/p>\r\n\r\n<p style=\"text-align:justify\"><span style=\"font-size:11pt\"><span style=\"line-height:normal\"><span style=\"font-family:Calibri,sans-serif\"><a href=\"https:\/\/grandesconstrucoes.com.br\/Noticias\/Exibir\/setor-de-materiais-de-construcao-mantem-ritmo-estavel-e-amplia-intencao-de-investimento?utm_source=akna&amp;utm_medium=email&amp;utm_campaign=Grandes-Construcoes-Informativo-975-14-08-2025-2&amp;utm_source=akna&amp;utm_medium=email&amp;utm_campaign=Grandes-Construcoes-Informativo-975-14-08-2025-2\" style=\"color:blue; text-decoration:underline\"><span style=\"font-size:14.0pt\">Setor de materiais de constru&ccedil;&atilde;o mant&eacute;m ritmo est&aacute;vel e amplia inten&ccedil;&atilde;o de investimento<\/span><\/a><\/span><\/span><\/span><\/p>\r\n\r\n<p style=\"text-align:justify\"><span style=\"font-size:11pt\"><span style=\"line-height:normal\"><span style=\"font-family:Calibri,sans-serif\"><a href=\"https:\/\/noticias.portaldaindustria.com.br\/noticias\/inovacao-e-tecnologia\/terras-raras-minerais-criticos-e-estrategicos-entenda-as-diferencas-e-a-importancia-para-o-brasil\/\" style=\"color:blue; text-decoration:underline\"><span style=\"font-size:14.0pt\">Minera&ccedil;&atilde;o | Terras raras, minerais cr&iacute;ticos e estrat&eacute;gicos: entenda as diferen&ccedil;as e a import&acirc;ncia para o Brasil<\/span><\/a><\/span><\/span><\/span><\/p>\r\n\r\n<p style=\"text-align:justify\"><span style=\"font-size:11pt\"><span style=\"line-height:normal\"><span style=\"font-family:Calibri,sans-serif\"><a href=\"https:\/\/agenciabrasil.ebc.com.br\/economia\/noticia\/2025-08\/industria-quimica-apoia-plano-brasil-soberano-e-quer-mais-negociacoes\" style=\"color:blue; text-decoration:underline\"><span style=\"font-size:14.0pt\">Ind&uacute;stria qu&iacute;mica apoia Plano Brasil Soberano e quer mais negocia&ccedil;&otilde;es<\/span><\/a><\/span><\/span><\/span><\/p>\r\n\r\n<p style=\"text-align:justify\"><span style=\"font-size:28pt\"><span style=\"font-family:Cambria,serif\"><span style=\"letter-spacing:-0.5pt\"><b><span style=\"font-size:18.0pt\"><span style=\"font-family:&quot;Calibri&quot;,sans-serif\"><span style=\"font-variant:small-caps\">Sustentabilidade<\/span><\/span><\/span><\/b><\/span><\/span><\/span><\/p>\r\n\r\n<p style=\"text-align:justify\"><span style=\"font-size:11pt\"><span style=\"line-height:normal\"><span style=\"font-family:Calibri,sans-serif\"><a href=\"https:\/\/revistaplasticosul.com.br\/sustentabilidade\/impasse-no-tratado-global-reacende-debate-e-se-o-plastico-fizer-parte-da-solucao\/\" style=\"color:blue; text-decoration:underline\"><span style=\"font-size:14.0pt\">Impasse no tratado global reacende debate: e se o pl&aacute;stico fizer parte da solu&ccedil;&atilde;o?<\/span><\/a> <\/span><\/span><\/span><\/p>\r\n\r\n<p style=\"text-align:justify\"><span style=\"font-size:11pt\"><span style=\"line-height:normal\"><span style=\"font-family:Calibri,sans-serif\"><a href=\"https:\/\/revistaplasticosul.com.br\/sustentabilidade\/economia-circular-e-reciclagem-de-pet-o-brasil-nao-pode-desperdicar-o-que-ja-conquistou\/\" style=\"color:blue; text-decoration:underline\"><span style=\"font-size:14.0pt\">Economia circular e reciclagem de PET: o Brasil n&atilde;o pode desperdi&ccedil;ar o que j&aacute; conquistou<\/span><\/a><\/span><\/span><\/span><\/p>\r\n\r\n<p style=\"text-align:justify\"><span style=\"font-size:11pt\"><span style=\"line-height:normal\"><span style=\"font-family:Calibri,sans-serif\"><a href=\"https:\/\/plasticosemrevista.com.br\/online\/717\/#page=6\" style=\"color:blue; text-decoration:underline\"><span style=\"font-size:14.0pt\">Saneamento b&aacute;sico: pode ser a gota d&rsquo;&aacute;gua<\/span><\/a><\/span><\/span><\/span><\/p>\r\n\r\n<p style=\"text-align:justify\"><span style=\"font-size:11pt\"><span style=\"line-height:normal\"><span style=\"font-family:Calibri,sans-serif\"><a href=\"https:\/\/www.inovacaotecnologica.com.br\/noticias\/noticia.php?artigo=plastico-biodegradavel-oceano&amp;id=010125250819&amp;ebol=sim\" style=\"color:blue; text-decoration:underline\"><span style=\"font-size:14.0pt\">Este pl&aacute;stico ir&aacute; desaparecer em 13 meses<\/span><\/a><\/span><\/span><\/span><\/p>\r\n\r\n<p style=\"text-align:justify\"><span style=\"font-size:11pt\"><span style=\"line-height:normal\"><span style=\"font-family:Calibri,sans-serif\"><a href=\"https:\/\/conectaverde.com.br\/recircula-brasil-completa-um-ano\/\" style=\"color:blue; text-decoration:underline\"><span style=\"font-size:14.0pt\">Recircula Brasil completa um ano<\/span><\/a><\/span><\/span><\/span><\/p>\r\n\r\n<p style=\"text-align:justify\"><span style=\"font-size:28pt\"><span style=\"font-family:Cambria,serif\"><span style=\"letter-spacing:-0.5pt\"><b><span style=\"font-size:18.0pt\"><span style=\"font-family:&quot;Calibri&quot;,sans-serif\"><span style=\"font-variant:small-caps\">Inova&ccedil;&atilde;o<\/span><\/span><\/span><\/b><\/span><\/span><\/span><\/p>\r\n\r\n<p style=\"text-align:justify\"><span style=\"font-size:11pt\"><span style=\"line-height:normal\"><span style=\"font-family:Calibri,sans-serif\"><a href=\"https:\/\/www.indiantextilemagazine.in\/the-path-to-success-in-textile-finishing-leads-through-ai-and-clean-fabric\/\" style=\"color:blue; text-decoration:underline\"><span lang=\"EN-US\" style=\"font-size:14.0pt\">The path to success in textile finishing leads through AI and clean fabric<\/span><\/a><\/span><\/span><\/span><\/p>\r\n\r\n<p style=\"text-align:justify\"><span style=\"font-size:11pt\"><span style=\"line-height:normal\"><span style=\"font-family:Calibri,sans-serif\"><a href=\"https:\/\/www.innovationintextiles.com\/composites\/saying-goodbye-to-composite-resins-and-binders\/\" style=\"color:blue; text-decoration:underline\"><span lang=\"EN-US\" style=\"font-size:14.0pt\">Saying goodbye to composite resins and binders<\/span><\/a><\/span><\/span><\/span><\/p>\r\n\r\n<p style=\"text-align:justify\"><span style=\"font-size:11pt\"><span style=\"line-height:normal\"><span style=\"font-family:Calibri,sans-serif\"><a href=\"https:\/\/www.inovacaotecnologica.com.br\/noticias\/noticia.php?artigo=bateria-ativada-pelo-suor&amp;id=010115250815&amp;ebol=sim\" style=\"color:blue; text-decoration:underline\"><span style=\"font-size:14.0pt\">Bateria el&aacute;stica para tecidos eletr&ocirc;nicos &eacute; ativada pelo suor<\/span><\/a><\/span><\/span><\/span><\/p>\r\n\r\n<p style=\"text-align:justify\"><span style=\"font-size:11pt\"><span style=\"line-height:normal\"><span style=\"font-family:Calibri,sans-serif\"><a href=\"https:\/\/www.inovacaotecnologica.com.br\/noticias\/noticia.php?artigo=revestimento-acustico-antirruidos&amp;id=010160250815&amp;ebol=sim\" style=\"color:blue; text-decoration:underline\"><span style=\"font-size:14.0pt\">Revestimento ac&uacute;stico antirru&iacute;dos absorve sete oitavas de barulho<\/span><\/a><\/span><\/span><\/span><\/p>\r\n\r\n<p style=\"text-align:justify\"><span style=\"font-size:11pt\"><span style=\"line-height:normal\"><span style=\"font-family:Calibri,sans-serif\"><a href=\"https:\/\/www.inovacaotecnologica.com.br\/noticias\/noticia.php?artigo=plastico-mais-resistente-aco&amp;id=010160250813&amp;ebol=sim\" style=\"color:blue; text-decoration:underline\"><span style=\"font-size:14.0pt\">Pl&aacute;stico mais resistente que a&ccedil;o tem mem&oacute;ria, autorreparo e reciclagem c&iacute;clica<\/span><\/a><\/span><\/span><\/span><\/p>\r\n\r\n<p style=\"text-align:justify\"><span style=\"font-size:11pt\"><span style=\"line-height:normal\"><span style=\"font-family:Calibri,sans-serif\"><a href=\"https:\/\/noticias.portaldaindustria.com.br\/noticias\/inovacao-e-tecnologia\/indice-de-inovacao-dos-estados-2025-sao-paulo-lidera-pela-quinta-vez-e-nordeste-avanca-no-cenario-nacional\/\" style=\"color:blue; text-decoration:underline\"><span style=\"font-size:14.0pt\">&Iacute;ndice de Inova&ccedil;&atilde;o dos Estados 2025: S&atilde;o Paulo lidera pela quinta vez e Nordeste avan&ccedil;a no cen&aacute;rio nacional<\/span><\/a><\/span><\/span><\/span><\/p>\r\n\r\n<p style=\"text-align:justify\"><span style=\"font-size:28pt\"><span style=\"font-family:Cambria,serif\"><span style=\"letter-spacing:-0.5pt\"><b><span style=\"font-size:18.0pt\"><span style=\"font-family:&quot;Calibri&quot;,sans-serif\"><span style=\"font-variant:small-caps\">Com&eacute;rcio Exterior<\/span><\/span><\/span><\/b><\/span><\/span><\/span><\/p>\r\n\r\n<p style=\"text-align:justify\"><span style=\"font-size:11pt\"><span style=\"line-height:normal\"><span style=\"font-family:Calibri,sans-serif\"><a href=\"https:\/\/timesbrasil.com.br\/mundo\/tarifas-trump\/o-plastico-esta-em-todos-os-produtos-exportados-alerta-presidente-abiplast-sobre-efeitos-do-tarifaco\/\" style=\"color:blue; text-decoration:underline\"><span style=\"font-size:14.0pt\">&ldquo;O pl&aacute;stico est&aacute; em todos os produtos exportados&rdquo;, alerta presidente Abiplast sobre efeitos do tarifa&ccedil;o<\/span><\/a><\/span><\/span><\/span><\/p>\r\n\r\n<p style=\"text-align:justify\"><span style=\"font-size:11pt\"><span style=\"line-height:normal\"><span style=\"font-family:Calibri,sans-serif\"><a href=\"https:\/\/grandesconstrucoes.com.br\/Noticias\/Exibir\/novas-normas-trazem-impacto-a-importacao?utm_source=akna&amp;utm_medium=email&amp;utm_campaign=Grandes-Construcoes-Informativo-975-14-08-2025-2&amp;utm_source=akna&amp;utm_medium=email&amp;utm_campaign=Grandes-Construcoes-Informativo-975-14-08-2025-2\" style=\"color:blue; text-decoration:underline\"><span style=\"font-size:14.0pt\">Novas normas trazem impacto &agrave; importa&ccedil;&atilde;o<\/span><\/a><\/span><\/span><\/span><\/p>\r\n\r\n<p style=\"text-align:justify\"><span style=\"font-size:11pt\"><span style=\"line-height:normal\"><span style=\"font-family:Calibri,sans-serif\"><a href=\"https:\/\/portalpersonalcare.com.br\/fragmentacao-logistica-quem-paga-a-conta\/\" style=\"color:blue; text-decoration:underline\"><span style=\"font-size:14.0pt\">Fragmenta&ccedil;&atilde;o log&iacute;stica: quem paga a conta?<\/span><\/a><\/span><\/span><\/span><\/p>\r\n\r\n<p style=\"text-align:justify\"><span style=\"font-size:11pt\"><span style=\"line-height:normal\"><span style=\"font-family:Calibri,sans-serif\"><a href=\"https:\/\/www.fibre2fashion.com\/news\/textile-news\/brazil-requests-wto-for-dispute-consultations-with-us-on-tariffs-304597-newsdetails.htm\" style=\"color:blue; text-decoration:underline\"><span lang=\"EN-US\" style=\"font-size:14.0pt\">Brazil requests WTO for dispute consultations with US on tariffs<\/span><\/a><\/span><\/span><\/span><\/p>\r\n\r\n<p style=\"text-align:justify\"><span style=\"font-size:28pt\"><span style=\"font-family:Cambria,serif\"><span style=\"letter-spacing:-0.5pt\"><b><span style=\"font-size:18.0pt\"><span style=\"font-family:&quot;Calibri&quot;,sans-serif\"><span style=\"font-variant:small-caps\">Economia<\/span><\/span><\/span><\/b><\/span><\/span><\/span><\/p>\r\n\r\n<p style=\"text-align:justify\"><span style=\"font-size:11pt\"><span style=\"line-height:normal\"><span style=\"font-family:Calibri,sans-serif\"><a href=\"https:\/\/www.bcb.gov.br\/content\/focus\/focus\/R20250815.pdf\" style=\"color:blue; text-decoration:underline\"><span style=\"font-size:14.0pt\">Focus - Relat&oacute;rio de Mercado<\/span><\/a><\/span><\/span><\/span><\/p>\r\n\r\n<p style=\"text-align:justify\"><span style=\"font-size:11pt\"><span style=\"line-height:normal\"><span style=\"font-family:Calibri,sans-serif\"><a href=\"https:\/\/www.bbc.com\/portuguese\/articles\/c206e02kn57o\" style=\"color:blue; text-decoration:underline\"><span style=\"font-size:14.0pt\">As medidas do governo Lula para proteger economia do tarifa&ccedil;o de Trump<\/span><\/a><\/span><\/span><\/span><\/p>\r\n\r\n<p style=\"text-align:justify\"><span style=\"font-size:11pt\"><span style=\"line-height:normal\"><span style=\"font-family:Calibri,sans-serif\"><a href=\"https:\/\/agenciadenoticias.ibge.gov.br\/agencia-noticias\/2012-agencia-de-noticias\/noticias\/44173-precos-da-construcao-variam-0-31-em-julho-com-desaceleracao-nos-materiais-e-na-mao-de-obra\" style=\"color:blue; text-decoration:underline\"><span style=\"font-size:14.0pt\">Pre&ccedil;os da constru&ccedil;&atilde;o variam 0,31% em julho com desacelera&ccedil;&atilde;o nos materiais e na m&atilde;o de obra<\/span><\/a><\/span><\/span><\/span><\/p>\r\n\r\n<p style=\"text-align:justify\">&nbsp;<\/p>\r\n\r\n<p style=\"text-align:justify\"><img src=\"https:\/\/www.abint.org.br\/assets\/img\/editor\/redes-sociais-abint-ctg-cth_20250722174554BZqU7o4ypm.jpg\" \/><\/p>\r\n\r\n<p>&nbsp;<\/p>\r\n","6":"<p style=\"text-align:justify\"><span style=\"font-size:11pt\"><span style=\"line-height:normal\"><span style=\"font-family:Calibri,sans-serif\"><span style=\"font-size:14.0pt\">Esta &eacute; uma compila&ccedil;&atilde;o das not&iacute;cias mais relevantes para o setor, incluindo informa&ccedil;&otilde;es sobre acordos internacionais, economia brasileira, sustentabilidade e mat&eacute;rias primas, al&eacute;m de novidades do setor de N&atilde;otecidos e Tecidos T&eacute;cnicos.<\/span><\/span><\/span><\/span><\/p>\r\n\r\n<p style=\"text-align:justify\"><span style=\"font-size:28pt\"><span style=\"font-family:Cambria,serif\"><span style=\"letter-spacing:-0.5pt\"><b><span style=\"font-size:18.0pt\"><span style=\"font-family:&quot;Calibri&quot;,sans-serif\"><span style=\"font-variant:small-caps\">O que vem por a&iacute;<\/span><\/span><\/span><\/b><\/span><\/span><\/span><\/p>\r\n\r\n<p><b><img src=\"https:\/\/www.abint.org.br\/assets\/img\/editor\/post-live-lancamento-manual-ctg-compradores_20250805192559PnW565w4eL.jpeg\" style=\"width: 700px; height: 394px;\" \/><\/b><\/p>\r\n\r\n<p><span style=\"font-size:11pt\"><span style=\"line-height:normal\"><span style=\"font-family:Calibri,sans-serif\"><a href=\"https:\/\/www.youtube.com\/live\/EBSHpDfwSYM?si=ENHIJYjNWgl2wuQB\" style=\"color:blue; text-decoration:underline\"><b><span style=\"font-size:14.0pt\">Canal Geotecnia Brasil no Youtube<\/span><\/b><\/a><\/span><\/span><\/span><\/p>\r\n\r\n<p>&nbsp;<\/p>\r\n\r\n<p><b><img src=\"https:\/\/www.abint.org.br\/assets\/img\/editor\/post-quadrado-curso-naotecido_20250730120640vCt4aT9hJj.jpg\" style=\"width: 500px; height: 500px;\" \/><\/b><\/p>\r\n\r\n<p><span style=\"font-size:11pt\"><span style=\"line-height:normal\"><span style=\"font-family:Calibri,sans-serif\"><a href=\"https:\/\/forms.cloud.microsoft\/r\/5DrqtK5n3Y\" style=\"color:blue; text-decoration:underline\"><b><span style=\"font-size:14.0pt\">Acesse aqui para fazer sua inscri&ccedil;&atilde;o<\/span><\/b><\/a><\/span><\/span><\/span><\/p>\r\n\r\n<p>&nbsp;<\/p>\r\n\r\n<p><b><img src=\"https:\/\/www.abint.org.br\/assets\/img\/editor\/2o-seminario-abrafiltros-abint-apoiador_2025072217401523mrTUXRqU.png\" style=\"width: 500px; height: 500px;\" \/><\/b><\/p>\r\n\r\n<p><span style=\"font-size:11pt\"><span style=\"line-height:normal\"><span style=\"font-family:Calibri,sans-serif\"><a href=\"https:\/\/doity.com.br\/3-seminario-brasileiro-de-filtros\" style=\"color:blue; text-decoration:underline\"><b><span style=\"font-size:14.0pt\">Acesse aqui mais informa&ccedil;&otilde;es<\/span><\/b><\/a><\/span><\/span><\/span><\/p>\r\n\r\n<p>&nbsp;<\/p>\r\n\r\n<p><img src=\"https:\/\/www.abint.org.br\/assets\/img\/editor\/congresso-internacional-abit-2025_20250722174119edr5xq8iJH.png\" style=\"width: 700px; height: 256px;\" \/><\/p>\r\n\r\n<p><span style=\"font-size:11pt\"><span style=\"line-height:normal\"><span style=\"font-family:Calibri,sans-serif\"><a href=\"https:\/\/www.congressoabit.com.br\/\" style=\"color:blue; text-decoration:underline\"><b><span style=\"font-size:14.0pt\">Acesse aqui mais informa&ccedil;&otilde;es<\/span><\/b><\/a><\/span><\/span><\/span><\/p>\r\n\r\n<p>&nbsp;<\/p>\r\n\r\n<p class=\"MsoTitle\" style=\"text-align:justify\"><span style=\"font-size:28pt\"><span style=\"font-family:Cambria,serif\"><span style=\"letter-spacing:-0.5pt\"><b><span style=\"font-size:18.0pt\"><span style=\"font-family:&quot;Calibri&quot;,sans-serif\"><span style=\"font-variant:small-caps\">Not&iacute;cias das Associadas<\/span><\/span><\/span><\/b><\/span><\/span><\/span><\/p>\r\n\r\n<p style=\"text-align:justify\"><span style=\"font-size:11pt\"><span style=\"line-height:normal\"><span style=\"font-family:Calibri,sans-serif\"><span style=\"font-size:14.0pt\"><a href=\"https:\/\/portaldaautopeca.com.br\/noticias\/local\/cipatex-anuncia-rebranding-da-marca-de-lonas-para-caminhao\/\" style=\"color:blue; text-decoration:underline\">Cipatex anuncia rebranding da marca de lonas para caminh&atilde;o<\/a><\/span><\/span><\/span><\/span><\/p>\r\n\r\n<p style=\"text-align:justify\"><span style=\"font-size:11pt\"><span style=\"line-height:normal\"><span style=\"font-family:Calibri,sans-serif\"><span style=\"font-size:14.0pt\"><span style=\"color:blue\"><a href=\"https:\/\/www.linkedin.com\/posts\/maccaferri_maccaferriworld-corporatenews-tunnelling-activity-7355945149417320449-rRO4\/?utm_source=share&amp;utm_medium=member_ios&amp;rcm=ACoAAALw09wBlUGxZWxNaaWb76ytiJRfAWI2vQU\" style=\"color:blue; text-decoration:underline\"><span lang=\"EN-US\" style=\"color:blue\">Officine Maccaferri has acquired CPT GROUP<\/span><\/a><\/span><\/span> <\/span><\/span><\/span><\/p>\r\n\r\n<p style=\"text-align:justify\">&nbsp;<\/p>\r\n\r\n<p style=\"text-align:justify\"><span style=\"font-size:11pt\"><span style=\"line-height:normal\"><span style=\"font-family:Calibri,sans-serif\"><b><span style=\"font-size:18.0pt\"><span style=\"font-variant:small-caps\">Eventos<\/span><\/span><\/b><\/span><\/span><\/span><\/p>\r\n\r\n<p style=\"text-align:justify\"><span style=\"font-size:11pt\"><span style=\"line-height:normal\"><span style=\"font-family:Calibri,sans-serif\"><a href=\"https:\/\/app.rdstation.email\/mail\/73f893e3-d4c4-47e1-a0ea-aa0aaf1cfda0?utm_campaign=convite_ws_inovacao&amp;utm_medium=email&amp;utm_source=RD+Station\" style=\"color:blue; text-decoration:underline\"><b><span style=\"font-size:14.0pt\">Workshop Abit | Transformando Inova&ccedil;&atilde;o em Resultado<\/span><\/b><\/a><span style=\"font-size:14.0pt\">, 20 de agosto de 2025, 09h &agrave;s 12h, evento h&iacute;brido<\/span><\/span><\/span><\/span><\/p>\r\n\r\n<p style=\"text-align:justify\"><span style=\"font-size:11pt\"><span style=\"line-height:normal\"><span style=\"font-family:Calibri,sans-serif\"><a href=\"https:\/\/assets-sam.mkt.dynamics.com\/571e75e0-1124-4795-aa34-91e4e6216e7b\/digitalassets\/standaloneforms\/723ce570-de76-f011-b4cb-000d3ac1c12b#msdynmkt_trackingcontext=a5e8f5ca-fd62-463e-a0b7-16d25ad60100&amp;msdynmkt_prefill=mktprf0be334d4a2bb4839a8fbfa21363169f2eoprf\" style=\"color:blue; text-decoration:underline\"><b><span style=\"font-size:14.0pt\">CNI | Construindo Pontes para o F&oacute;rum Econ&ocirc;mico Internacional Am&eacute;rica Latina e Caribe - Di&aacute;logo Brasil-Panam&aacute;<\/span><\/b><\/a><span style=\"font-size:14.0pt\">, 21 de agosto de 2025, 15 &agrave;s 18h, CNI Bras&iacute;lia<\/span><\/span><\/span><\/span><\/p>\r\n\r\n<p style=\"text-align:justify\"><span style=\"font-size:11pt\"><span style=\"line-height:normal\"><span style=\"font-family:Calibri,sans-serif\"><a href=\"https:\/\/sticni.sharepoint.com\/sites\/PublicShare\/Compartilhamentos\/Forms\/AllItems.aspx?id=%2Fsites%2FPublicShare%2FCompartilhamentos%2FCNI%2D133649%2FPrograma%20Imers%C3%B5es%20em%20Ecossistemas%2FImers%C3%A3o%20Finlandia%20em%20Economia%20Circular%2E%201%2Epdf&amp;parent=%2Fsites%2FPublicShare%2FCompartilhamentos%2FCNI%2D133649%2FPrograma%20Imers%C3%B5es%20em%20Ecossistemas&amp;p=true&amp;ga=1\" style=\"color:blue; text-decoration:underline\"><b><span style=\"font-size:14.0pt\">CNI | Imers&atilde;o Finl&acirc;ndia: Uma conex&atilde;o global com a Economia Circular<\/span><\/b><\/a><span style=\"font-size:14.0pt\">, 01 a 05 de setembro de 2025, inscri&ccedil;&otilde;es at&eacute; 10 de agosto de 2025 ou se encerrarem as vagas, cidades destinos: Helsinki (cidade base), Tampere e Espoo.<\/span><\/span><\/span><\/span><\/p>\r\n\r\n<p style=\"text-align:justify\"><span style=\"font-size:11pt\"><span style=\"line-height:normal\"><span style=\"font-family:Calibri,sans-serif\"><a href=\"https:\/\/app.isend.com.br\/iSend\/view\/9DE9D0742A340411A1E8E7365679128474B3CF88A4665487BDD910C518D01ECAFFD441B57ADE0426\" style=\"color:blue; text-decoration:underline\"><b><span style=\"font-size:14.0pt\">FIESP | Debate sobre a nova geopol&iacute;tica e o papel do Brasil no cen&aacute;rio global<\/span><\/b><\/a><span style=\"font-size:14.0pt\">, 04 de setembro de 2025, 09h, sede da Fiesp<\/span><\/span><\/span><\/span><\/p>\r\n\r\n<p style=\"text-align:justify\"><span style=\"font-size:11pt\"><span style=\"line-height:normal\"><span style=\"font-family:Calibri,sans-serif\"><a href=\"https:\/\/app.rdstation.email\/mail\/af66e200-91d9-49b3-87b0-e83269992dad?utm_medium=email&amp;utm_campaign=emkt_curso_classificacao_fiscal&amp;utm_source=RD+Station\" style=\"color:blue; text-decoration:underline\"><b><span style=\"font-size:14.0pt\">Curso de Classifica&ccedil;&atilde;o Fiscal para Produtos T&ecirc;xteis e Confeccionados<\/span><\/b><\/a><span style=\"font-size:14.0pt\">, 10 de setembro de 2025, 09h &agrave;s 12h, evento virtual<\/span><\/span><\/span><\/span><\/p>\r\n\r\n<p style=\"text-align:justify\"><span style=\"font-size:11pt\"><span style=\"line-height:normal\"><span style=\"font-family:Calibri,sans-serif\"><a href=\"https:\/\/www.conbrava.com.br\/\" style=\"color:blue; text-decoration:underline\"><b><span style=\"font-size:14.0pt\">CONBRAVA 2025<\/span><\/b><\/a><span style=\"font-size:14.0pt\">, 10 a 12 de setembro de 2025, S&atilde;o Paulo Expo, Rodovia dos Imigrantes, km 1,5<\/span><\/span><\/span><\/span><\/p>\r\n\r\n<p style=\"text-align:justify\"><span style=\"font-size:11pt\"><span style=\"line-height:normal\"><span style=\"font-family:Calibri,sans-serif\"><a href=\"https:\/\/plasticosemrevista.com.br\/competitividade-2025\/\" style=\"color:blue; text-decoration:underline\"><b><span style=\"font-size:14.0pt\">Semin&aacute;rio Competitividade | 15&ordf; edi&ccedil;&atilde;o | Transforma&ccedil;&atilde;o - Mercado e Ind&uacute;stria Redesenhados pela Guerra Comercial e Intelig&ecirc;ncia Artificial<\/span><\/b><\/a><span style=\"font-size:14.0pt\">, 18&middot;de setembro de 2025, Hotel Meli&aacute;, Av. Paulista, 2181, SP<\/span><\/span><\/span><\/span><\/p>\r\n\r\n<p style=\"text-align:justify\"><span style=\"font-size:11pt\"><span style=\"line-height:normal\"><span style=\"font-family:Calibri,sans-serif\"><a href=\"https:\/\/paving.com.br\/\" style=\"color:blue; text-decoration:underline\"><b><span style=\"font-size:14.0pt\">Paving Expo 2025<\/span><\/b><\/a><span style=\"font-size:14.0pt\">, 23 a 25 de setembro de 2025, Distrito Anhembi, Rua Prof. Milton Rodrigues, s\/n, Santana, S&atilde;o Paulo, SP<\/span><\/span><\/span><\/span><\/p>\r\n\r\n<p style=\"text-align:justify\"><span style=\"font-size:11pt\"><span style=\"line-height:normal\"><span style=\"font-family:Calibri,sans-serif\"><a href=\"https:\/\/www.instagram.com\/sobeccnacional\/p\/DA1V8NZyhNK\/?img_index=1\" style=\"color:blue; text-decoration:underline\"><b><span style=\"font-size:14.0pt\">17&ordm; Congresso Brasileiro de Enfermagem em Centro Cir&uacute;rgico: &ldquo;O poder de cuidar&rdquo;<\/span><\/b><\/a><span style=\"font-size:14.0pt\">, 01 a 03 de outubro de 2025, Transamerica Expo Center, S&atilde;o Paulo, SP<\/span><\/span><\/span><\/span><\/p>\r\n\r\n<p style=\"text-align:justify\"><span style=\"font-size:11pt\"><span style=\"line-height:normal\"><span style=\"font-family:Calibri,sans-serif\"><a href=\"https:\/\/his.saudebusiness.com\/pt\/home.html\" style=\"color:blue; text-decoration:underline\"><b><span style=\"font-size:14.0pt\">Healthcare Innovation Show (HIS)<\/span><\/b><\/a><span style=\"font-size:14.0pt\">, 01 e 02 de outubro de 2025, 09h &agrave;s 18h, S&atilde;o Paulo Expo<\/span><\/span><\/span><\/span><\/p>\r\n\r\n<p style=\"text-align:justify\"><span style=\"font-size:11pt\"><span style=\"line-height:normal\"><span style=\"font-family:Calibri,sans-serif\"><a href=\"https:\/\/www.abrafiltros.org.br\/3o-seminario-brasileiro-de-filtros-acontecera-no-dia-08-de-outubro\/\" style=\"color:blue; text-decoration:underline\"><b><span style=\"font-size:14.0pt\">3&ordm; Semin&aacute;rio Brasileiro de Filtros<\/span><\/b><\/a><span style=\"font-size:14.0pt\">, 08 de outubro de 2025, evento presencial<\/span><\/span><\/span><\/span><\/p>\r\n\r\n<p style=\"text-align:justify\"><span style=\"font-size:11pt\"><span style=\"line-height:normal\"><span style=\"font-family:Calibri,sans-serif\"><a href=\"https:\/\/hospitalmed.com.br\/feira\/\" style=\"color:blue; text-decoration:underline\"><b><span style=\"font-size:14.0pt\">HospitalMed 2025<\/span><\/b><\/a><span style=\"font-size:14.0pt\">, 22 a 24 de outubro, Pernambuco Centro de Conven&ccedil;&otilde;es, Olinda<\/span><\/span><\/span><\/span><\/p>\r\n\r\n<p style=\"text-align:justify\"><span style=\"font-size:11pt\"><span style=\"line-height:normal\"><span style=\"font-family:Calibri,sans-serif\"><a href=\"https:\/\/www.congressoabit.com.br\/\" style=\"color:blue; text-decoration:underline\"><b><span style=\"font-size:14.0pt\">Congresso Internacional Abit 2025<\/span><\/b><\/a><span style=\"font-size:14.0pt\">, 29 e 30 de outubro, 08h &agrave;s 20h, FIESP, S&atilde;o Paulo, SP<\/span><\/span><\/span><\/span><\/p>\r\n\r\n<p style=\"text-align:justify\"><span style=\"font-size:11pt\"><span style=\"line-height:normal\"><span style=\"font-family:Calibri,sans-serif\"><a href=\"https:\/\/filtech.de\/\" style=\"color:blue; text-decoration:underline\"><b><span style=\"font-size:14.0pt\">Filtech 2026<\/span><\/b><\/a><span style=\"font-size:14.0pt\">, de 30 de junho a 2 de julho, Cologne, Alemanha<\/span><\/span><\/span><\/span><\/p>\r\n\r\n<p style=\"text-align:justify\"><span style=\"font-size:11pt\"><span style=\"line-height:normal\"><span style=\"font-family:Calibri,sans-serif\"><a href=\"https:\/\/ficons.com.br\/\" style=\"color:blue; text-decoration:underline\"><b><span style=\"font-size:14.0pt\">FICONS - Feira Internacional de Materiais, Equipamentos e Servi&ccedil;os da Constru&ccedil;&atilde;o<\/span><\/b><\/a><span style=\"font-size:14.0pt\">, 15 a 18 de setembro de 2026, Centro de Conven&ccedil;&otilde;es de Pernambuco Recife\/ Olinda<\/span><\/span><\/span><\/span><\/p>\r\n\r\n<p style=\"text-align:justify\"><span style=\"font-size:28pt\"><span style=\"font-family:Cambria,serif\"><span style=\"letter-spacing:-0.5pt\"><b><span style=\"font-size:18.0pt\"><span style=\"font-family:&quot;Calibri&quot;,sans-serif\"><span style=\"font-variant:small-caps\">Setor<\/span><\/span><\/span><\/b><\/span><\/span><\/span><\/p>\r\n\r\n<p style=\"text-align:justify\"><span style=\"font-size:11pt\"><span style=\"line-height:normal\"><span style=\"font-family:Calibri,sans-serif\"><a href=\"http:\/\/clickemail.portalpersonalcare.com.br\/ls\/click?upn=u001.D2-2F0Tg0A29KXXLMT6ctG-2BYOihdDbc-2ByFrUFb3ZXMT9QZzCrf9d8hZ1aqhqH9WUjCQgxs9ufvEDF0LShdVhvwU07kBdclZYcmBgDaOo59GQO8ZtVAtzXO9jywuOAw1WbQlfI7djsu5nDFAJWkH-2BvY2Pm1p1Nf4hCX12LRxboSp4Q2K8lPcmnCKR8yFffNhu5h4YBYc6090si2w-2FMuXqTt1P0L-2Bvu-2FKHxjBoEBdqDjV1x2Ui4pCkNDjxUQUWzWS3F0w-2B9HjvEcOStWxujtus4cxsFfd7wzuxK2N-2B6lQ2pgXHO4AFkpjeEoxwoOAdaCynZTLq7bzcL28eIourBxIdIJieYMn64jE7pQ80v2h4gXd6thzv-2BrkFlKgt3e1JoOtdN78lPeYTou0oC98q4Z8q0QGQ-3D-3DBQEH_T7N8BvZTOm04CQQMiyWztrpCjlUrRc4F7QzSgUIpTqDyHxxxhGpyWLohz7JoE2GE5NHlS-2BYZoX1R75Fh8KCze9GvCCb-2FinuNgc39g0Cdbe-2FcU8RlSBQhp5om11AQZQ-2FDua9lfL5OpxVR9EfNFOcJGknlWndJBIQVdhZ46vSQgRKUaP2hd-2Bz-2FvWvDLF3HmS6avErzQ1QWvC3i8gH3POW4sKYuxPtR5IrBvQLqpwXC61GTPGbrxWFaeUwgC-2B-2Fw6mbxctiltq0rtE5QOJqa5oqlXfcWyOOPlXnvdZ52GPI8ipSV9smsUpskTAxrPcWQk6Zb07nQNGMjtYwWsI9WNFwX0RBElCo5j-2Ft0srKpIzP-2BXsClt4tKekNc-2BGGJR3JQjT9W6DPcWWUHBn9DgfHlTCV0TYCH2kwkEtWVXm65UUXN7kUsD6w5k3OVNF5gNFeBUrow5rIs9LK0Whg6vbuCGYsznrF2NxOVGUms-2BWVuC0APTPjCFx-2FPQBawMqK5tzTuUpKYF5GD-2FJzxD7qfQkD1bX1aab6m75DPBwp3nrUanAu-2Bx25CGoeHLMeRu4Eg77E7ZLY9vcIXBsxqrSoT4Qn8EqUmCSijL2OglfZxu9sn9n3tWtvBiDrCy-2BevNaVXSzmaKVzw3kToCBSX82WZv4ns0SCN0noJX9ac93sZy5RHHrfO8NpV9tjsRTy-2FlwXFGAKAReSTEF5WZYr-2FQj0n7AoZ7083xq7aX95-2BSkPmpEd0K4ef94EzFLkHvz1WCuCDPw9utpmE\" style=\"color:blue; text-decoration:underline\" target=\"_blank\"><span style=\"font-size:14.0pt\">Controle de qualidade e testes laboratoriais em fraldas, len&ccedil;os umedecidos e fraldas geri&aacute;tricas<\/span><\/a><\/span><\/span><\/span><\/p>\r\n\r\n<p style=\"text-align:justify\"><span style=\"font-size:11pt\"><span style=\"line-height:normal\"><span style=\"font-family:Calibri,sans-serif\"><a href=\"https:\/\/www.nonwovens-industry.com\/contents\/view_breaking-news\/2025-08-13\/spunweb-india-makes-investment\/?utm_campaign=NON%20eNewsletter&amp;utm_medium=email&amp;_hsenc=p2ANqtz--uSnKf3gDHKCo5zUi1SxCuzksmp_NA4jSenef5hRTixUVd4UKhRnbG0k-xILudnfACCsLGdB51yhUC7VKadBjqRBfIDg&amp;_hsmi=375938181&amp;utm_content=375938181&amp;utm_source=hs_email\" style=\"color:blue; text-decoration:underline\"><span style=\"font-size:14.0pt\">Spunweb India Makes Investment<\/span><\/a><\/span><\/span><\/span><\/p>\r\n\r\n<p style=\"text-align:justify\"><span style=\"font-size:11pt\"><span style=\"line-height:normal\"><span style=\"font-family:Calibri,sans-serif\"><a href=\"https:\/\/www.nonwovens-industry.com\/contents\/view_breaking-news\/2025-08-18\/inda-attends-2025-ncsl-legislative-summit\/15303\" style=\"color:blue; text-decoration:underline\"><span style=\"font-size:14.0pt\">INDA Attends 2025 NCSL Legislative Summit<\/span><\/a><\/span><\/span><\/span><\/p>\r\n\r\n<p style=\"text-align:justify\"><span style=\"font-size:11pt\"><span style=\"line-height:normal\"><span style=\"font-family:Calibri,sans-serif\"><a href=\"https:\/\/plasticosemrevista.com.br\/brasil-consumo-aparente-de-poliolefinas-recua-no-1o-semestre\/\" style=\"color:blue; text-decoration:underline\"><span style=\"font-size:14.0pt\">Brasil: consumo aparente de poliolefinas recua no 1&ordm; semestre<\/span><\/a><\/span><\/span><\/span><\/p>\r\n\r\n<p style=\"text-align:justify\"><span style=\"font-size:11pt\"><span style=\"line-height:normal\"><span style=\"font-family:Calibri,sans-serif\"><a href=\"https:\/\/public-api.wordpress.com\/bar\/?stat=groovemails-events&amp;bin=wpcom_email_click&amp;redirect_to=https%3A%2F%2Fblogdoplastico.wordpress.com%2F2025%2F08%2F13%2Fmesa-latino-americana-do-pvc-realizara-webinar-sobre-a-circularidade-do-pvc%2F&amp;sr=0&amp;signature=a73d26d3fb60c21c5d5a8172339d09c3&amp;blog_id=9438832&amp;user=135099004&amp;_e=eyJlcnJvciI6bnVsbCwiYmxvZ19pZCI6OTQzODgzMiwiYmxvZ19sYW5nIjoicHQtQlIiLCJzaXRlX2lkX2xhYmVsIjoid3Bjb20iLCJoYXNfZmVhdHVyZWRfaW1hZ2UiOiIwIiwic3Vic2NyaWJlcl9pZCI6IjQ0NzAwMjQ1IiwiX3VpIjoxMzUwOTkwMDQsImxvY2FsZSI6InB0LWJyIiwiY3VycmVuY3kiOiJCUkwiLCJjb3VudHJ5X2NvZGVfc2lnbnVwIjoiQlIiLCJzaWdudXBfZmxvd19uYW1lIjoiZGVsdGEtc2l0ZSIsImVtYWlsX2RvbWFpbiI6ImFiaW50Lm9yZy5iciIsInBvc3RfaWQiOjE5MjU1LCJ1c2VyX2VtYWlsIjoiYWJpbnRAYWJpbnQub3JnLmJyIiwiZGF0ZV9zZW50IjoiMjAyNS0wOC0xMyIsImVtYWlsX25hbWUiOiJuZXctcG9zdCIsInRlbXBsYXRlIjoibmV3LXBvc3QiLCJlbWFpbF9pZCI6IjBhODI1YjE4NGQxYTc3OTdhMTllY2UwYjAxZGYzYWVhIiwibGlua19kZXNjIjoicG9zdC11cmwiLCJhbmNob3JfdGV4dCI6Ik1lc2EgTGF0aW5vLUFtZXJpY2FuYSBkbyBQVkMgcmVhbGl6YXJcdTAwZTEgd2ViaW5hciBzb2JyZSBhIGNpcmN1bGFyaWRhZGUgZG9cdTAwYTBQVkMiLCJfZHIiOm51bGwsIl9kbCI6Ilwvd3AtYWRtaW5cL3Bvc3QucGhwIiwiX3V0Ijoid3Bjb206dXNlcl9pZCIsIl91bCI6ImFiaW50dHQiLCJfZW4iOiJ3cGNvbV9lbWFpbF9jbGljayIsIl90cyI6MTc1NTEyNzI4NTE5NiwiYnJvd3Nlcl90eXBlIjoicGhwLWFnZW50IiwiX2F1YSI6IndwY29tLXRyYWNrcy1jbGllbnQtdjAuMyIsImJsb2dfdHoiOiItMyIsInVzZXJfbGFuZyI6InB0LWJyIn0&amp;_z=z\" style=\"color:blue; text-decoration:underline\"><span style=\"font-size:14.0pt\">Mesa Latino-Americana do PVC realizar&aacute; webinar sobre a circularidade do&nbsp;PVC<\/span><\/a><\/span><\/span><\/span><\/p>\r\n\r\n<p style=\"text-align:justify\"><span style=\"font-size:11pt\"><span style=\"line-height:normal\"><span style=\"font-family:Calibri,sans-serif\"><a href=\"https:\/\/www.noticiasagricolas.com.br\/noticias\/clima\/405810-periodo-mais-seco-e-quente-no-primeiro-semestre-de-2025-causa-impacto-a-producao-agricola-brasileira-aponta-analise-da-nottus.html\" style=\"color:blue; text-decoration:underline\"><span style=\"font-size:14.0pt\">Geomembranas: Per&iacute;odo mais seco e quente no primeiro semestre de 2025 causa impacto &agrave; produ&ccedil;&atilde;o agr&iacute;cola brasileira, aponta an&aacute;lise da Nottus<\/span><\/a><\/span><\/span><\/span><\/p>\r\n\r\n<p style=\"text-align:justify\"><span style=\"font-size:11pt\"><span style=\"line-height:normal\"><span style=\"font-family:Calibri,sans-serif\"><a href=\"https:\/\/plasticosemrevista.com.br\/abalo-em-pilares-do-plastico-na-alemanha\/\" style=\"color:blue; text-decoration:underline\"><span style=\"font-size:14.0pt\">Abalo em pilares do pl&aacute;stico na Alemanha<\/span><\/a><\/span><\/span><\/span><\/p>\r\n\r\n<p style=\"text-align:justify\"><span style=\"font-size:11pt\"><span style=\"line-height:normal\"><span style=\"font-family:Calibri,sans-serif\"><a href=\"https:\/\/public-api.wordpress.com\/bar\/?stat=groovemails-events&amp;bin=wpcom_email_click&amp;redirect_to=https%3A%2F%2Fblogdoplastico.wordpress.com%2F2025%2F08%2F13%2Fbraskem-registra-ebitda-recorrente-de-us-74-milhoes-no-2o-trimestre-de-2025-67-inferior-ao-do-primeiro-trimestre%2F&amp;sr=0&amp;signature=5d93fbb5da1446f462e8c25f2e0e1fba&amp;blog_id=9438832&amp;user=135099004&amp;_e=eyJlcnJvciI6bnVsbCwiYmxvZ19pZCI6OTQzODgzMiwiYmxvZ19sYW5nIjoicHQtQlIiLCJzaXRlX2lkX2xhYmVsIjoid3Bjb20iLCJoYXNfZmVhdHVyZWRfaW1hZ2UiOiIwIiwic3Vic2NyaWJlcl9pZCI6IjQ0NzAwMjQ1IiwiX3VpIjoxMzUwOTkwMDQsImxvY2FsZSI6InB0LWJyIiwiY3VycmVuY3kiOiJCUkwiLCJjb3VudHJ5X2NvZGVfc2lnbnVwIjoiQlIiLCJzaWdudXBfZmxvd19uYW1lIjoiZGVsdGEtc2l0ZSIsImVtYWlsX2RvbWFpbiI6ImFiaW50Lm9yZy5iciIsInBvc3RfaWQiOjE5MjUwLCJ1c2VyX2VtYWlsIjoiYWJpbnRAYWJpbnQub3JnLmJyIiwiZGF0ZV9zZW50IjoiMjAyNS0wOC0xMyIsImVtYWlsX25hbWUiOiJuZXctcG9zdCIsInRlbXBsYXRlIjoibmV3LXBvc3QiLCJlbWFpbF9pZCI6ImM2MDk4NTFkZTAzY2ZjOWVmZDA3ZmFmZDc4MjE2NTc4IiwibGlua19kZXNjIjoicG9zdC11cmwiLCJhbmNob3JfdGV4dCI6IkJyYXNrZW0gcmVnaXN0cmEgRUJJVERBIHJlY29ycmVudGUgZGUgVVMkIDc0IG1pbGhcdTAwZjVlcyBubyAyby4gdHJpbWVzdHJlIGRlIDIwMjUsIDY3JSBpbmZlcmlvciBhbyBkbyBwcmltZWlyb1x1MDBhMHRyaW1lc3RyZSIsIl9kciI6bnVsbCwiX2RsIjoiXC93cC1hZG1pblwvcG9zdC5waHAiLCJfdXQiOiJ3cGNvbTp1c2VyX2lkIiwiX3VsIjoiYWJpbnR0dCIsIl9lbiI6IndwY29tX2VtYWlsX2NsaWNrIiwiX3RzIjoxNzU1MDkxMTU5Nzg2LCJicm93c2VyX3R5cGUiOiJwaHAtYWdlbnQiLCJfYXVhIjoid3Bjb20tdHJhY2tzLWNsaWVudC12MC4zIiwiYmxvZ190eiI6Ii0zIiwidXNlcl9sYW5nIjoicHQtYnIifQ=&amp;_z=z\" style=\"color:blue; text-decoration:underline\"><span style=\"font-size:14.0pt\">Braskem registra EBITDA recorrente de US$ 74 milh&otilde;es no 2o. trimestre de 2025, 67% inferior ao do primeiro&nbsp;trimestre<\/span><\/a><\/span><\/span><\/span><\/p>\r\n\r\n<p style=\"text-align:justify\"><span style=\"font-size:11pt\"><span style=\"line-height:normal\"><span style=\"font-family:Calibri,sans-serif\"><a href=\"https:\/\/www.cadaminuto.com.br\/noticia\/2025\/08\/12\/negociacao-pela-compra-da-braskem-depende-de-acordo-sobre-afundamento-do-solo-em-maceio\" style=\"color:blue; text-decoration:underline\"><span style=\"font-size:14.0pt\">Negocia&ccedil;&atilde;o pela compra da Braskem depende de acordo sobre afundamento do solo em Macei&oacute;<\/span><\/a><\/span><\/span><\/span><\/p>\r\n\r\n<p style=\"text-align:justify\"><span style=\"font-size:11pt\"><span style=\"line-height:normal\"><span style=\"font-family:Calibri,sans-serif\"><a href=\"https:\/\/investnews.com.br\/negocios\/na-braskem-venda-de-ativos-nao-avanca-antes-da-escolha-do-novo-controlador\/\" style=\"color:blue; text-decoration:underline\"><span style=\"font-size:14.0pt\">Na Braskem, venda de ativos n&atilde;o avan&ccedil;a antes da escolha do novo controlador<\/span><\/a><\/span><\/span><\/span><\/p>\r\n\r\n<p style=\"text-align:justify\"><span style=\"font-size:28pt\"><span style=\"font-family:Cambria,serif\"><span style=\"letter-spacing:-0.5pt\"><b><span style=\"font-size:18.0pt\"><span style=\"font-family:&quot;Calibri&quot;,sans-serif\"><span style=\"font-variant:small-caps\">Ind&uacute;stria<\/span><\/span><\/span><\/b><\/span><\/span><\/span><\/p>\r\n\r\n<p style=\"text-align:justify\"><span style=\"font-size:11pt\"><span style=\"line-height:normal\"><span style=\"font-family:Calibri,sans-serif\"><a href=\"https:\/\/noticias.portaldaindustria.com.br\/noticias\/economia\/expectativa-de-crescimento-da-industria-em-2025-cai-para-17-projeta-cni\/\" style=\"color:blue; text-decoration:underline\"><span style=\"font-size:14.0pt\">Expectativa de crescimento da ind&uacute;stria em 2025 cai para 1,7%, projeta CNI<\/span><\/a><\/span><\/span><\/span><\/p>\r\n\r\n<p style=\"text-align:justify\"><span style=\"font-size:11pt\"><span style=\"line-height:normal\"><span style=\"font-family:Calibri,sans-serif\"><a href=\"https:\/\/revistaoeste.com\/brasil\/impacto-das-tarifas-dos-eua-ainda-vai-chegar-alertam-especialistas\/\" style=\"color:blue; text-decoration:underline\"><span style=\"font-size:14.0pt\">Impacto das tarifas dos EUA ainda vai chegar, dizem especialistas<\/span><\/a><\/span><\/span><\/span><\/p>\r\n\r\n<p style=\"text-align:justify\"><span style=\"font-size:11pt\"><span style=\"line-height:normal\"><span style=\"font-family:Calibri,sans-serif\"><a href=\"https:\/\/noticias.portaldaindustria.com.br\/posicionamentos\/medidas-para-combater-tarifaco-dao-folego-a-industria-e-mantem-negociacao-aberta-com-os-eua-avalia-presidente-da-cni\/\" style=\"color:blue; text-decoration:underline\"><span style=\"font-size:14.0pt\">Medidas para combater tarifa&ccedil;o d&atilde;o f&ocirc;lego &agrave; ind&uacute;stria e mant&ecirc;m negocia&ccedil;&atilde;o aberta com os EUA, avalia presidente da CNI<\/span><\/a><\/span><\/span><\/span><\/p>\r\n\r\n<p style=\"text-align:justify\"><span style=\"font-size:11pt\"><span style=\"line-height:normal\"><span style=\"font-family:Calibri,sans-serif\"><a href=\"https:\/\/grandesconstrucoes.com.br\/Noticias\/Exibir\/investimentos-em-infraestrutura-devem-atingir-nivel-recorde-em-2025?utm_source=akna&amp;utm_medium=email&amp;utm_campaign=Grandes-Construcoes-Informativo-975-14-08-2025-2&amp;utm_source=akna&amp;utm_medium=email&amp;utm_campaign=Grandes-Construcoes-Informativo-975-14-08-2025-2\" style=\"color:blue; text-decoration:underline\"><span style=\"font-size:14.0pt\">Investimentos em infraestrutura devem atingir n&iacute;vel recorde em 2025<\/span><\/a><\/span><\/span><\/span><\/p>\r\n\r\n<p style=\"text-align:justify\"><span style=\"font-size:11pt\"><span style=\"line-height:normal\"><span style=\"font-family:Calibri,sans-serif\"><a href=\"https:\/\/grandesconstrucoes.com.br\/Noticias\/Exibir\/setor-de-materiais-de-construcao-mantem-ritmo-estavel-e-amplia-intencao-de-investimento?utm_source=akna&amp;utm_medium=email&amp;utm_campaign=Grandes-Construcoes-Informativo-975-14-08-2025-2&amp;utm_source=akna&amp;utm_medium=email&amp;utm_campaign=Grandes-Construcoes-Informativo-975-14-08-2025-2\" style=\"color:blue; text-decoration:underline\"><span style=\"font-size:14.0pt\">Setor de materiais de constru&ccedil;&atilde;o mant&eacute;m ritmo est&aacute;vel e amplia inten&ccedil;&atilde;o de investimento<\/span><\/a><\/span><\/span><\/span><\/p>\r\n\r\n<p style=\"text-align:justify\"><span style=\"font-size:11pt\"><span style=\"line-height:normal\"><span style=\"font-family:Calibri,sans-serif\"><a href=\"https:\/\/noticias.portaldaindustria.com.br\/noticias\/inovacao-e-tecnologia\/terras-raras-minerais-criticos-e-estrategicos-entenda-as-diferencas-e-a-importancia-para-o-brasil\/\" style=\"color:blue; text-decoration:underline\"><span style=\"font-size:14.0pt\">Minera&ccedil;&atilde;o | Terras raras, minerais cr&iacute;ticos e estrat&eacute;gicos: entenda as diferen&ccedil;as e a import&acirc;ncia para o Brasil<\/span><\/a><\/span><\/span><\/span><\/p>\r\n\r\n<p style=\"text-align:justify\"><span style=\"font-size:11pt\"><span style=\"line-height:normal\"><span style=\"font-family:Calibri,sans-serif\"><a href=\"https:\/\/agenciabrasil.ebc.com.br\/economia\/noticia\/2025-08\/industria-quimica-apoia-plano-brasil-soberano-e-quer-mais-negociacoes\" style=\"color:blue; text-decoration:underline\"><span style=\"font-size:14.0pt\">Ind&uacute;stria qu&iacute;mica apoia Plano Brasil Soberano e quer mais negocia&ccedil;&otilde;es<\/span><\/a><\/span><\/span><\/span><\/p>\r\n\r\n<p style=\"text-align:justify\"><span style=\"font-size:28pt\"><span style=\"font-family:Cambria,serif\"><span style=\"letter-spacing:-0.5pt\"><b><span style=\"font-size:18.0pt\"><span style=\"font-family:&quot;Calibri&quot;,sans-serif\"><span style=\"font-variant:small-caps\">Sustentabilidade<\/span><\/span><\/span><\/b><\/span><\/span><\/span><\/p>\r\n\r\n<p style=\"text-align:justify\"><span style=\"font-size:11pt\"><span style=\"line-height:normal\"><span style=\"font-family:Calibri,sans-serif\"><a href=\"https:\/\/revistaplasticosul.com.br\/sustentabilidade\/impasse-no-tratado-global-reacende-debate-e-se-o-plastico-fizer-parte-da-solucao\/\" style=\"color:blue; text-decoration:underline\"><span style=\"font-size:14.0pt\">Impasse no tratado global reacende debate: e se o pl&aacute;stico fizer parte da solu&ccedil;&atilde;o?<\/span><\/a> <\/span><\/span><\/span><\/p>\r\n\r\n<p style=\"text-align:justify\"><span style=\"font-size:11pt\"><span style=\"line-height:normal\"><span style=\"font-family:Calibri,sans-serif\"><a href=\"https:\/\/revistaplasticosul.com.br\/sustentabilidade\/economia-circular-e-reciclagem-de-pet-o-brasil-nao-pode-desperdicar-o-que-ja-conquistou\/\" style=\"color:blue; text-decoration:underline\"><span style=\"font-size:14.0pt\">Economia circular e reciclagem de PET: o Brasil n&atilde;o pode desperdi&ccedil;ar o que j&aacute; conquistou<\/span><\/a><\/span><\/span><\/span><\/p>\r\n\r\n<p style=\"text-align:justify\"><span style=\"font-size:11pt\"><span style=\"line-height:normal\"><span style=\"font-family:Calibri,sans-serif\"><a href=\"https:\/\/plasticosemrevista.com.br\/online\/717\/#page=6\" style=\"color:blue; text-decoration:underline\"><span style=\"font-size:14.0pt\">Saneamento b&aacute;sico: pode ser a gota d&rsquo;&aacute;gua<\/span><\/a><\/span><\/span><\/span><\/p>\r\n\r\n<p style=\"text-align:justify\"><span style=\"font-size:11pt\"><span style=\"line-height:normal\"><span style=\"font-family:Calibri,sans-serif\"><a href=\"https:\/\/www.inovacaotecnologica.com.br\/noticias\/noticia.php?artigo=plastico-biodegradavel-oceano&amp;id=010125250819&amp;ebol=sim\" style=\"color:blue; text-decoration:underline\"><span style=\"font-size:14.0pt\">Este pl&aacute;stico ir&aacute; desaparecer em 13 meses<\/span><\/a><\/span><\/span><\/span><\/p>\r\n\r\n<p style=\"text-align:justify\"><span style=\"font-size:11pt\"><span style=\"line-height:normal\"><span style=\"font-family:Calibri,sans-serif\"><a href=\"https:\/\/conectaverde.com.br\/recircula-brasil-completa-um-ano\/\" style=\"color:blue; text-decoration:underline\"><span style=\"font-size:14.0pt\">Recircula Brasil completa um ano<\/span><\/a><\/span><\/span><\/span><\/p>\r\n\r\n<p style=\"text-align:justify\"><span style=\"font-size:28pt\"><span style=\"font-family:Cambria,serif\"><span style=\"letter-spacing:-0.5pt\"><b><span style=\"font-size:18.0pt\"><span style=\"font-family:&quot;Calibri&quot;,sans-serif\"><span style=\"font-variant:small-caps\">Inova&ccedil;&atilde;o<\/span><\/span><\/span><\/b><\/span><\/span><\/span><\/p>\r\n\r\n<p style=\"text-align:justify\"><span style=\"font-size:11pt\"><span style=\"line-height:normal\"><span style=\"font-family:Calibri,sans-serif\"><a href=\"https:\/\/www.indiantextilemagazine.in\/the-path-to-success-in-textile-finishing-leads-through-ai-and-clean-fabric\/\" style=\"color:blue; text-decoration:underline\"><span lang=\"EN-US\" style=\"font-size:14.0pt\">The path to success in textile finishing leads through AI and clean fabric<\/span><\/a><\/span><\/span><\/span><\/p>\r\n\r\n<p style=\"text-align:justify\"><span style=\"font-size:11pt\"><span style=\"line-height:normal\"><span style=\"font-family:Calibri,sans-serif\"><a href=\"https:\/\/www.innovationintextiles.com\/composites\/saying-goodbye-to-composite-resins-and-binders\/\" style=\"color:blue; text-decoration:underline\"><span lang=\"EN-US\" style=\"font-size:14.0pt\">Saying goodbye to composite resins and binders<\/span><\/a><\/span><\/span><\/span><\/p>\r\n\r\n<p style=\"text-align:justify\"><span style=\"font-size:11pt\"><span style=\"line-height:normal\"><span style=\"font-family:Calibri,sans-serif\"><a href=\"https:\/\/www.inovacaotecnologica.com.br\/noticias\/noticia.php?artigo=bateria-ativada-pelo-suor&amp;id=010115250815&amp;ebol=sim\" style=\"color:blue; text-decoration:underline\"><span style=\"font-size:14.0pt\">Bateria el&aacute;stica para tecidos eletr&ocirc;nicos &eacute; ativada pelo suor<\/span><\/a><\/span><\/span><\/span><\/p>\r\n\r\n<p style=\"text-align:justify\"><span style=\"font-size:11pt\"><span style=\"line-height:normal\"><span style=\"font-family:Calibri,sans-serif\"><a href=\"https:\/\/www.inovacaotecnologica.com.br\/noticias\/noticia.php?artigo=revestimento-acustico-antirruidos&amp;id=010160250815&amp;ebol=sim\" style=\"color:blue; text-decoration:underline\"><span style=\"font-size:14.0pt\">Revestimento ac&uacute;stico antirru&iacute;dos absorve sete oitavas de barulho<\/span><\/a><\/span><\/span><\/span><\/p>\r\n\r\n<p style=\"text-align:justify\"><span style=\"font-size:11pt\"><span style=\"line-height:normal\"><span style=\"font-family:Calibri,sans-serif\"><a href=\"https:\/\/www.inovacaotecnologica.com.br\/noticias\/noticia.php?artigo=plastico-mais-resistente-aco&amp;id=010160250813&amp;ebol=sim\" style=\"color:blue; text-decoration:underline\"><span style=\"font-size:14.0pt\">Pl&aacute;stico mais resistente que a&ccedil;o tem mem&oacute;ria, autorreparo e reciclagem c&iacute;clica<\/span><\/a><\/span><\/span><\/span><\/p>\r\n\r\n<p style=\"text-align:justify\"><span style=\"font-size:11pt\"><span style=\"line-height:normal\"><span style=\"font-family:Calibri,sans-serif\"><a href=\"https:\/\/noticias.portaldaindustria.com.br\/noticias\/inovacao-e-tecnologia\/indice-de-inovacao-dos-estados-2025-sao-paulo-lidera-pela-quinta-vez-e-nordeste-avanca-no-cenario-nacional\/\" style=\"color:blue; text-decoration:underline\"><span style=\"font-size:14.0pt\">&Iacute;ndice de Inova&ccedil;&atilde;o dos Estados 2025: S&atilde;o Paulo lidera pela quinta vez e Nordeste avan&ccedil;a no cen&aacute;rio nacional<\/span><\/a><\/span><\/span><\/span><\/p>\r\n\r\n<p style=\"text-align:justify\"><span style=\"font-size:28pt\"><span style=\"font-family:Cambria,serif\"><span style=\"letter-spacing:-0.5pt\"><b><span style=\"font-size:18.0pt\"><span style=\"font-family:&quot;Calibri&quot;,sans-serif\"><span style=\"font-variant:small-caps\">Com&eacute;rcio Exterior<\/span><\/span><\/span><\/b><\/span><\/span><\/span><\/p>\r\n\r\n<p style=\"text-align:justify\"><span style=\"font-size:11pt\"><span style=\"line-height:normal\"><span style=\"font-family:Calibri,sans-serif\"><a href=\"https:\/\/timesbrasil.com.br\/mundo\/tarifas-trump\/o-plastico-esta-em-todos-os-produtos-exportados-alerta-presidente-abiplast-sobre-efeitos-do-tarifaco\/\" style=\"color:blue; text-decoration:underline\"><span style=\"font-size:14.0pt\">&ldquo;O pl&aacute;stico est&aacute; em todos os produtos exportados&rdquo;, alerta presidente Abiplast sobre efeitos do tarifa&ccedil;o<\/span><\/a><\/span><\/span><\/span><\/p>\r\n\r\n<p style=\"text-align:justify\"><span style=\"font-size:11pt\"><span style=\"line-height:normal\"><span style=\"font-family:Calibri,sans-serif\"><a href=\"https:\/\/grandesconstrucoes.com.br\/Noticias\/Exibir\/novas-normas-trazem-impacto-a-importacao?utm_source=akna&amp;utm_medium=email&amp;utm_campaign=Grandes-Construcoes-Informativo-975-14-08-2025-2&amp;utm_source=akna&amp;utm_medium=email&amp;utm_campaign=Grandes-Construcoes-Informativo-975-14-08-2025-2\" style=\"color:blue; text-decoration:underline\"><span style=\"font-size:14.0pt\">Novas normas trazem impacto &agrave; importa&ccedil;&atilde;o<\/span><\/a><\/span><\/span><\/span><\/p>\r\n\r\n<p style=\"text-align:justify\"><span style=\"font-size:11pt\"><span style=\"line-height:normal\"><span style=\"font-family:Calibri,sans-serif\"><a href=\"https:\/\/portalpersonalcare.com.br\/fragmentacao-logistica-quem-paga-a-conta\/\" style=\"color:blue; text-decoration:underline\"><span style=\"font-size:14.0pt\">Fragmenta&ccedil;&atilde;o log&iacute;stica: quem paga a conta?<\/span><\/a><\/span><\/span><\/span><\/p>\r\n\r\n<p style=\"text-align:justify\"><span style=\"font-size:11pt\"><span style=\"line-height:normal\"><span style=\"font-family:Calibri,sans-serif\"><a href=\"https:\/\/www.fibre2fashion.com\/news\/textile-news\/brazil-requests-wto-for-dispute-consultations-with-us-on-tariffs-304597-newsdetails.htm\" style=\"color:blue; text-decoration:underline\"><span lang=\"EN-US\" style=\"font-size:14.0pt\">Brazil requests WTO for dispute consultations with US on tariffs<\/span><\/a><\/span><\/span><\/span><\/p>\r\n\r\n<p style=\"text-align:justify\"><span style=\"font-size:28pt\"><span style=\"font-family:Cambria,serif\"><span style=\"letter-spacing:-0.5pt\"><b><span style=\"font-size:18.0pt\"><span style=\"font-family:&quot;Calibri&quot;,sans-serif\"><span style=\"font-variant:small-caps\">Economia<\/span><\/span><\/span><\/b><\/span><\/span><\/span><\/p>\r\n\r\n<p style=\"text-align:justify\"><span style=\"font-size:11pt\"><span style=\"line-height:normal\"><span style=\"font-family:Calibri,sans-serif\"><a href=\"https:\/\/www.bcb.gov.br\/content\/focus\/focus\/R20250815.pdf\" style=\"color:blue; text-decoration:underline\"><span style=\"font-size:14.0pt\">Focus - Relat&oacute;rio de Mercado<\/span><\/a><\/span><\/span><\/span><\/p>\r\n\r\n<p style=\"text-align:justify\"><span style=\"font-size:11pt\"><span style=\"line-height:normal\"><span style=\"font-family:Calibri,sans-serif\"><a href=\"https:\/\/www.bbc.com\/portuguese\/articles\/c206e02kn57o\" style=\"color:blue; text-decoration:underline\"><span style=\"font-size:14.0pt\">As medidas do governo Lula para proteger economia do tarifa&ccedil;o de Trump<\/span><\/a><\/span><\/span><\/span><\/p>\r\n\r\n<p style=\"text-align:justify\"><span style=\"font-size:11pt\"><span style=\"line-height:normal\"><span style=\"font-family:Calibri,sans-serif\"><a href=\"https:\/\/agenciadenoticias.ibge.gov.br\/agencia-noticias\/2012-agencia-de-noticias\/noticias\/44173-precos-da-construcao-variam-0-31-em-julho-com-desaceleracao-nos-materiais-e-na-mao-de-obra\" style=\"color:blue; text-decoration:underline\"><span style=\"font-size:14.0pt\">Pre&ccedil;os da constru&ccedil;&atilde;o variam 0,31% em julho com desacelera&ccedil;&atilde;o nos materiais e na m&atilde;o de obra<\/span><\/a><\/span><\/span><\/span><\/p>\r\n\r\n<p style=\"text-align:justify\">&nbsp;<\/p>\r\n\r\n<p style=\"text-align:justify\"><img src=\"https:\/\/www.abint.org.br\/assets\/img\/editor\/redes-sociais-abint-ctg-cth_20250722174554BZqU7o4ypm.jpg\" \/><\/p>\r\n\r\n<p>&nbsp;<\/p>\r\n","texto_en":"","7":"","imagem":"COMP_capa-2025-site-boletim-abint-noticias-semanis_20250819173141lHj9yToOGr.jpg","8":"COMP_capa-2025-site-boletim-abint-noticias-semanis_20250819173141lHj9yToOGr.jpg","arquivo":"20250819-BOLETIM-ABINT-DE-NOTICIAS-SEMANAIS.PDF","9":"20250819-BOLETIM-ABINT-DE-NOTICIAS-SEMANAIS.PDF","titulo_arquivo":"20250819 Boletim ABINT de Not\u00edcias Semanais","10":"20250819 Boletim ABINT de Not\u00edcias Semanais","titulo_arquivo_en":"","11":"","created_at":"2025-08-19 17:31:50","12":"2025-08-19 17:31:50","updated_at":"2025-08-19 17:31:50","13":"2025-08-19 17:31:50"},{"id":189,"0":189,"ordem":35,"1":35,"data":"2025-08-18","2":"2025-08-18","slug":"abint-realiza-o-curso-presencial-sobre-tecnologia-dos-naotecidos","3":"abint-realiza-o-curso-presencial-sobre-tecnologia-dos-naotecidos","titulo":"ABINT realiza o curso presencial sobre \u201cTecnologia dos N\u00e3otecidos\u201d","4":"ABINT realiza o curso presencial sobre \u201cTecnologia dos N\u00e3otecidos\u201d","titulo_en":"","5":"","texto":"<p align=\"center\" class=\"gmail-msonospacing\" style=\"text-align:center\"><span style=\"font-size:12pt\"><span style=\"font-family:&quot;Times New Roman&quot;,serif\"><b><span style=\"font-size:20.0pt\"><span style=\"font-family:&quot;Arial&quot;,sans-serif\"><span style=\"color:#222222\">ABINT realiza o curso presencial sobre &ldquo;Tecnologia dos N&atilde;otecidos&rdquo;<\/span><\/span><\/span><\/b><\/span><\/span><\/p>\r\n\r\n<p align=\"center\" class=\"MsoNoSpacing\" style=\"text-align:center\"><span style=\"font-size:11pt\"><span style=\"font-family:Calibri,sans-serif\"><i><span style=\"font-family:&quot;Arial&quot;,sans-serif\">O curso &eacute; indicado para quem quer conhecer sobre os processos de fabrica&ccedil;&atilde;o de N&atilde;otecidos, as tecnologias aplicadas e a inova&ccedil;&atilde;o envolvida na fabrica&ccedil;&atilde;o desses produtos<b>,<\/b> que s&atilde;o encontrados na &aacute;rea m&eacute;dica, em cal&ccedil;ados, na filtra&ccedil;&atilde;o, em ve&iacute;culos, na agricultura e em muitas outras aplica&ccedil;&otilde;es.<\/span><\/i><\/span><\/span><\/p>\r\n\r\n<p align=\"center\" class=\"MsoNoSpacing\" style=\"text-align:center\">&nbsp;<\/p>\r\n\r\n<p class=\"MsoNoSpacing\" style=\"text-align:justify\"><span style=\"font-size:11pt\"><span style=\"text-justify:inter-ideograph\"><span style=\"font-family:Calibri,sans-serif\"><span style=\"font-family:&quot;Arial&quot;,sans-serif\">A Associa&ccedil;&atilde;o Brasileira das Ind&uacute;strias de N&atilde;otecidos e Tecidos T&eacute;cnicos (ABINT) abre vagas para o curso presencial sobre a &ldquo;Tecnologia dos N&atilde;otecidos&rdquo;. Com carga hor&aacute;ria de 6 horas, o curso visa explicar o que s&atilde;o os chamados N&atilde;otecidos, produtos com uma imensa gama de aplica&ccedil;&otilde;es em &aacute;reas diversas, como por exemplo, no agroneg&oacute;cio, setor automotivo, cal&ccedil;adista, de filtra&ccedil;&atilde;o, descart&aacute;veis higi&ecirc;nicos, geossint&eacute;ticos, setor m&eacute;dio hospitalar, entre outros.&nbsp; <\/span><\/span><\/span><\/span><\/p>\r\n\r\n<p class=\"MsoNoSpacing\" style=\"text-align:justify\"><span style=\"font-size:11pt\"><span style=\"text-justify:inter-ideograph\"><span style=\"font-family:Calibri,sans-serif\"><span style=\"font-family:&quot;Arial&quot;,sans-serif\">Os participantes ir&atilde;o conhecer tecnicamente de que forma e com quais mat&eacute;rias primas s&atilde;o produzidos (resinas, fibras e filamentos), como s&atilde;o classificados, as diferen&ccedil;as entre N&atilde;otecidos, t&ecirc;xteis t&eacute;cnicos, tecidos e malhas, saber mais como e em que produtos s&atilde;o aplicados e conhecer as normas t&eacute;cnicas e de qualidade, Amostras de produtos das diferentes tecnologias tamb&eacute;m s&atilde;o apresentados aos participantes. <\/span><\/span><\/span><\/span><\/p>\r\n\r\n<p class=\"MsoNoSpacing\" style=\"text-align:justify\"><span style=\"font-size:11pt\"><span style=\"text-justify:inter-ideograph\"><span style=\"font-family:Calibri,sans-serif\"><span style=\"font-family:&quot;Arial&quot;,sans-serif\">O curso ser&aacute; realizado no dia 26 de agosto, na sede da ABINT, em S&atilde;o Paulo, pelo o Eng. Edson Basseto, diretor da Basseto e tamb&eacute;m diretor da Associa&ccedil;&atilde;o. Segundo explica, o curso se destina a todos aqueles que se interessem em conhecer e compreender tecnicamente os N&atilde;otecidos. &ldquo;Recebemos desde estudantes, at&eacute; mesmo, por exemplo, colaboradores de departamentos diversos das empresas que j&aacute; fabricam N&atilde;otecidos ou que trabalham com produtos que usam N&atilde;otecidos em sua composi&ccedil;&atilde;o&rdquo;, comenta. &nbsp;<\/span><\/span><\/span><\/span><\/p>\r\n\r\n<p class=\"MsoNoSpacing\" style=\"text-align:justify\"><span style=\"font-size:11pt\"><span style=\"text-justify:inter-ideograph\"><span style=\"font-family:Calibri,sans-serif\"><span style=\"font-family:&quot;Arial&quot;,sans-serif\">O curso &ldquo;Tecnologia dos N&atilde;otecidos&rdquo; faz parte das a&ccedil;&otilde;es que a ABINT realiza com o objetivo de promover o uso adequado dos N&atilde;otecidos, al&eacute;m de suas qualidades e benef&iacute;cios t&eacute;cnicos, econ&ocirc;micos e sustent&aacute;veis nas aplica&ccedil;&otilde;es das mais diversas. &ldquo;Os N&atilde;otecidos produtos com potencial imenso de crescimento no mercado brasileiro em fun&ccedil;&atilde;o de suas vantagens t&eacute;cnicas e econ&ocirc;micas, e a informa&ccedil;&atilde;o sobre o produto &eacute; fator positivo na hora da decis&atilde;o de compra&rdquo;, afirma o presidente da entidade, Mateus Mesquita Inacio.<\/span><\/span><\/span><\/span><\/p>\r\n\r\n<p class=\"MsoNoSpacing\" style=\"text-align:justify\"><span style=\"font-size:11pt\"><span style=\"text-justify:inter-ideograph\"><span style=\"font-family:Calibri,sans-serif\"><span style=\"font-family:&quot;Arial&quot;,sans-serif\">As vagas s&atilde;o limitadas. Informa&ccedil;&otilde;es e inscri&ccedil;&otilde;es, pelo e-mail <\/span><a href=\"mailto:abint@abint.com.br\" style=\"color:blue; text-decoration:underline\"><span style=\"font-family:&quot;Arial&quot;,sans-serif\">abint@abint.com.br<\/span><\/a><span style=\"font-family:&quot;Arial&quot;,sans-serif\"> .<\/span><\/span><\/span><\/span><\/p>\r\n\r\n<p class=\"MsoNoSpacing\" style=\"text-align:justify\"><span style=\"font-size:12pt\"><span style=\"background:white\"><span style=\"text-justify:inter-ideograph\"><span style=\"font-family:&quot;Times New Roman&quot;,serif\"><em><b><span style=\"font-size:11.0pt\"><span style=\"font-family:&quot;Arial&quot;,sans-serif\"><span style=\"color:black\">Sobre a ABINT: <\/span><\/span><\/span><\/b><\/em><em><span style=\"font-size:11.0pt\"><span style=\"font-family:&quot;Arial&quot;,sans-serif\"><span style=\"color:black\">Fundada em 1991, a Associa&ccedil;&atilde;o Brasileira das Ind&uacute;strias de N&atilde;otecidos e Tecidos T&eacute;cnicos tem como objetivo representar, difundir e defender os interesses do setor. Para isso, promove e apoia o seu desenvolvimento e o crescimento do mercado de aplica&ccedil;&otilde;es desses produtos, que s&atilde;o fundamentais a diversos e importantes ramos de atividade da economia. Para saber mais, acesse&nbsp;<\/span><\/span><\/span><\/em><span style=\"color:black\"><a href=\"http:\/\/www.abint.org.br\/\" style=\"color:blue; text-decoration:underline\"><em><span style=\"font-size:11.0pt\"><span style=\"font-family:&quot;Arial&quot;,sans-serif\"><span style=\"color:black\"><span style=\"text-decoration:none\"><span style=\"text-underline:none\">www.abint.org.br<\/span><\/span><\/span><\/span><\/span><\/em><\/a><\/span><\/span><\/span><\/span><\/span><\/p>\r\n\r\n<p class=\"MsoNoSpacing\" style=\"text-align:justify\">&nbsp;<\/p>\r\n\r\n<p class=\"MsoNoSpacing\" style=\"text-align:justify\"><span style=\"font-size:12pt\"><span style=\"background:white\"><span style=\"text-justify:inter-ideograph\"><span style=\"font-family:&quot;Times New Roman&quot;,serif\"><em><b><span style=\"font-size:9.0pt\"><span style=\"font-family:&quot;Arial&quot;,sans-serif\"><span style=\"color:black\">Informa&ccedil;&otilde;es &agrave; Imprensa<\/span><\/span><\/span><\/b><\/em><\/span><\/span><\/span><\/span><\/p>\r\n\r\n<p style=\"text-align:justify\"><span style=\"font-size:12pt\"><span style=\"background:white\"><span style=\"text-justify:inter-ideograph\"><span style=\"font-family:&quot;Times New Roman&quot;,serif\"><em><b><span style=\"font-size:9.0pt\"><span style=\"font-family:&quot;Arial&quot;,sans-serif\"><span style=\"color:black\">Assessoria de Comunica&ccedil;&atilde;o ABINT<\/span><\/span><\/span><\/b><\/em><\/span><\/span><\/span><\/span><\/p>\r\n\r\n<p style=\"text-align:justify\"><span style=\"font-size:12pt\"><span style=\"background:white\"><span style=\"text-justify:inter-ideograph\"><span style=\"font-family:&quot;Times New Roman&quot;,serif\"><a name=\"_Hlk107579072\"><em><b><span style=\"font-size:9.0pt\"><span style=\"font-family:&quot;Arial&quot;,sans-serif\"><span style=\"color:black\">Roberta Provatti <\/span><\/span><\/span><\/b><\/em><\/a><\/span><\/span><\/span><\/span><\/p>\r\n\r\n<p style=\"text-align:justify\"><span style=\"font-size:12pt\"><span style=\"background:white\"><span style=\"text-justify:inter-ideograph\"><span style=\"font-family:&quot;Times New Roman&quot;,serif\"><em><b><span style=\"font-size:9.0pt\"><span style=\"font-family:&quot;Arial&quot;,sans-serif\"><span style=\"color:black\">(11) 99652-4661<\/span><\/span><\/span><\/b><\/em><\/span><\/span><\/span><\/span><\/p>\r\n\r\n<p style=\"text-align:justify\"><span style=\"font-size:12pt\"><span style=\"background:white\"><span style=\"text-justify:inter-ideograph\"><span style=\"font-family:&quot;Times New Roman&quot;,serif\"><em><b><span style=\"font-size:9.0pt\"><span style=\"font-family:&quot;Arial&quot;,sans-serif\"><span style=\"color:black\">provattijornalista@gmail.com<\/span><\/span><\/span><\/b><\/em><\/span><\/span><\/span><\/span><\/p>\r\n","6":"<p align=\"center\" class=\"gmail-msonospacing\" style=\"text-align:center\"><span style=\"font-size:12pt\"><span style=\"font-family:&quot;Times New Roman&quot;,serif\"><b><span style=\"font-size:20.0pt\"><span style=\"font-family:&quot;Arial&quot;,sans-serif\"><span style=\"color:#222222\">ABINT realiza o curso presencial sobre &ldquo;Tecnologia dos N&atilde;otecidos&rdquo;<\/span><\/span><\/span><\/b><\/span><\/span><\/p>\r\n\r\n<p align=\"center\" class=\"MsoNoSpacing\" style=\"text-align:center\"><span style=\"font-size:11pt\"><span style=\"font-family:Calibri,sans-serif\"><i><span style=\"font-family:&quot;Arial&quot;,sans-serif\">O curso &eacute; indicado para quem quer conhecer sobre os processos de fabrica&ccedil;&atilde;o de N&atilde;otecidos, as tecnologias aplicadas e a inova&ccedil;&atilde;o envolvida na fabrica&ccedil;&atilde;o desses produtos<b>,<\/b> que s&atilde;o encontrados na &aacute;rea m&eacute;dica, em cal&ccedil;ados, na filtra&ccedil;&atilde;o, em ve&iacute;culos, na agricultura e em muitas outras aplica&ccedil;&otilde;es.<\/span><\/i><\/span><\/span><\/p>\r\n\r\n<p align=\"center\" class=\"MsoNoSpacing\" style=\"text-align:center\">&nbsp;<\/p>\r\n\r\n<p class=\"MsoNoSpacing\" style=\"text-align:justify\"><span style=\"font-size:11pt\"><span style=\"text-justify:inter-ideograph\"><span style=\"font-family:Calibri,sans-serif\"><span style=\"font-family:&quot;Arial&quot;,sans-serif\">A Associa&ccedil;&atilde;o Brasileira das Ind&uacute;strias de N&atilde;otecidos e Tecidos T&eacute;cnicos (ABINT) abre vagas para o curso presencial sobre a &ldquo;Tecnologia dos N&atilde;otecidos&rdquo;. Com carga hor&aacute;ria de 6 horas, o curso visa explicar o que s&atilde;o os chamados N&atilde;otecidos, produtos com uma imensa gama de aplica&ccedil;&otilde;es em &aacute;reas diversas, como por exemplo, no agroneg&oacute;cio, setor automotivo, cal&ccedil;adista, de filtra&ccedil;&atilde;o, descart&aacute;veis higi&ecirc;nicos, geossint&eacute;ticos, setor m&eacute;dio hospitalar, entre outros.&nbsp; <\/span><\/span><\/span><\/span><\/p>\r\n\r\n<p class=\"MsoNoSpacing\" style=\"text-align:justify\"><span style=\"font-size:11pt\"><span style=\"text-justify:inter-ideograph\"><span style=\"font-family:Calibri,sans-serif\"><span style=\"font-family:&quot;Arial&quot;,sans-serif\">Os participantes ir&atilde;o conhecer tecnicamente de que forma e com quais mat&eacute;rias primas s&atilde;o produzidos (resinas, fibras e filamentos), como s&atilde;o classificados, as diferen&ccedil;as entre N&atilde;otecidos, t&ecirc;xteis t&eacute;cnicos, tecidos e malhas, saber mais como e em que produtos s&atilde;o aplicados e conhecer as normas t&eacute;cnicas e de qualidade, Amostras de produtos das diferentes tecnologias tamb&eacute;m s&atilde;o apresentados aos participantes. <\/span><\/span><\/span><\/span><\/p>\r\n\r\n<p class=\"MsoNoSpacing\" style=\"text-align:justify\"><span style=\"font-size:11pt\"><span style=\"text-justify:inter-ideograph\"><span style=\"font-family:Calibri,sans-serif\"><span style=\"font-family:&quot;Arial&quot;,sans-serif\">O curso ser&aacute; realizado no dia 26 de agosto, na sede da ABINT, em S&atilde;o Paulo, pelo o Eng. Edson Basseto, diretor da Basseto e tamb&eacute;m diretor da Associa&ccedil;&atilde;o. Segundo explica, o curso se destina a todos aqueles que se interessem em conhecer e compreender tecnicamente os N&atilde;otecidos. &ldquo;Recebemos desde estudantes, at&eacute; mesmo, por exemplo, colaboradores de departamentos diversos das empresas que j&aacute; fabricam N&atilde;otecidos ou que trabalham com produtos que usam N&atilde;otecidos em sua composi&ccedil;&atilde;o&rdquo;, comenta. &nbsp;<\/span><\/span><\/span><\/span><\/p>\r\n\r\n<p class=\"MsoNoSpacing\" style=\"text-align:justify\"><span style=\"font-size:11pt\"><span style=\"text-justify:inter-ideograph\"><span style=\"font-family:Calibri,sans-serif\"><span style=\"font-family:&quot;Arial&quot;,sans-serif\">O curso &ldquo;Tecnologia dos N&atilde;otecidos&rdquo; faz parte das a&ccedil;&otilde;es que a ABINT realiza com o objetivo de promover o uso adequado dos N&atilde;otecidos, al&eacute;m de suas qualidades e benef&iacute;cios t&eacute;cnicos, econ&ocirc;micos e sustent&aacute;veis nas aplica&ccedil;&otilde;es das mais diversas. &ldquo;Os N&atilde;otecidos produtos com potencial imenso de crescimento no mercado brasileiro em fun&ccedil;&atilde;o de suas vantagens t&eacute;cnicas e econ&ocirc;micas, e a informa&ccedil;&atilde;o sobre o produto &eacute; fator positivo na hora da decis&atilde;o de compra&rdquo;, afirma o presidente da entidade, Mateus Mesquita Inacio.<\/span><\/span><\/span><\/span><\/p>\r\n\r\n<p class=\"MsoNoSpacing\" style=\"text-align:justify\"><span style=\"font-size:11pt\"><span style=\"text-justify:inter-ideograph\"><span style=\"font-family:Calibri,sans-serif\"><span style=\"font-family:&quot;Arial&quot;,sans-serif\">As vagas s&atilde;o limitadas. Informa&ccedil;&otilde;es e inscri&ccedil;&otilde;es, pelo e-mail <\/span><a href=\"mailto:abint@abint.com.br\" style=\"color:blue; text-decoration:underline\"><span style=\"font-family:&quot;Arial&quot;,sans-serif\">abint@abint.com.br<\/span><\/a><span style=\"font-family:&quot;Arial&quot;,sans-serif\"> .<\/span><\/span><\/span><\/span><\/p>\r\n\r\n<p class=\"MsoNoSpacing\" style=\"text-align:justify\"><span style=\"font-size:12pt\"><span style=\"background:white\"><span style=\"text-justify:inter-ideograph\"><span style=\"font-family:&quot;Times New Roman&quot;,serif\"><em><b><span style=\"font-size:11.0pt\"><span style=\"font-family:&quot;Arial&quot;,sans-serif\"><span style=\"color:black\">Sobre a ABINT: <\/span><\/span><\/span><\/b><\/em><em><span style=\"font-size:11.0pt\"><span style=\"font-family:&quot;Arial&quot;,sans-serif\"><span style=\"color:black\">Fundada em 1991, a Associa&ccedil;&atilde;o Brasileira das Ind&uacute;strias de N&atilde;otecidos e Tecidos T&eacute;cnicos tem como objetivo representar, difundir e defender os interesses do setor. Para isso, promove e apoia o seu desenvolvimento e o crescimento do mercado de aplica&ccedil;&otilde;es desses produtos, que s&atilde;o fundamentais a diversos e importantes ramos de atividade da economia. Para saber mais, acesse&nbsp;<\/span><\/span><\/span><\/em><span style=\"color:black\"><a href=\"http:\/\/www.abint.org.br\/\" style=\"color:blue; text-decoration:underline\"><em><span style=\"font-size:11.0pt\"><span style=\"font-family:&quot;Arial&quot;,sans-serif\"><span style=\"color:black\"><span style=\"text-decoration:none\"><span style=\"text-underline:none\">www.abint.org.br<\/span><\/span><\/span><\/span><\/span><\/em><\/a><\/span><\/span><\/span><\/span><\/span><\/p>\r\n\r\n<p class=\"MsoNoSpacing\" style=\"text-align:justify\">&nbsp;<\/p>\r\n\r\n<p class=\"MsoNoSpacing\" style=\"text-align:justify\"><span style=\"font-size:12pt\"><span style=\"background:white\"><span style=\"text-justify:inter-ideograph\"><span style=\"font-family:&quot;Times New Roman&quot;,serif\"><em><b><span style=\"font-size:9.0pt\"><span style=\"font-family:&quot;Arial&quot;,sans-serif\"><span style=\"color:black\">Informa&ccedil;&otilde;es &agrave; Imprensa<\/span><\/span><\/span><\/b><\/em><\/span><\/span><\/span><\/span><\/p>\r\n\r\n<p style=\"text-align:justify\"><span style=\"font-size:12pt\"><span style=\"background:white\"><span style=\"text-justify:inter-ideograph\"><span style=\"font-family:&quot;Times New Roman&quot;,serif\"><em><b><span style=\"font-size:9.0pt\"><span style=\"font-family:&quot;Arial&quot;,sans-serif\"><span style=\"color:black\">Assessoria de Comunica&ccedil;&atilde;o ABINT<\/span><\/span><\/span><\/b><\/em><\/span><\/span><\/span><\/span><\/p>\r\n\r\n<p style=\"text-align:justify\"><span style=\"font-size:12pt\"><span style=\"background:white\"><span style=\"text-justify:inter-ideograph\"><span style=\"font-family:&quot;Times New Roman&quot;,serif\"><a name=\"_Hlk107579072\"><em><b><span style=\"font-size:9.0pt\"><span style=\"font-family:&quot;Arial&quot;,sans-serif\"><span style=\"color:black\">Roberta Provatti <\/span><\/span><\/span><\/b><\/em><\/a><\/span><\/span><\/span><\/span><\/p>\r\n\r\n<p style=\"text-align:justify\"><span style=\"font-size:12pt\"><span style=\"background:white\"><span style=\"text-justify:inter-ideograph\"><span style=\"font-family:&quot;Times New Roman&quot;,serif\"><em><b><span style=\"font-size:9.0pt\"><span style=\"font-family:&quot;Arial&quot;,sans-serif\"><span style=\"color:black\">(11) 99652-4661<\/span><\/span><\/span><\/b><\/em><\/span><\/span><\/span><\/span><\/p>\r\n\r\n<p style=\"text-align:justify\"><span style=\"font-size:12pt\"><span style=\"background:white\"><span style=\"text-justify:inter-ideograph\"><span style=\"font-family:&quot;Times New Roman&quot;,serif\"><em><b><span style=\"font-size:9.0pt\"><span style=\"font-family:&quot;Arial&quot;,sans-serif\"><span style=\"color:black\">provattijornalista@gmail.com<\/span><\/span><\/span><\/b><\/em><\/span><\/span><\/span><\/span><\/p>\r\n","texto_en":"","7":"","imagem":"COMP_capa-2025-site-comunicacao_20250829172044iFm2wbutl2.jpg","8":"COMP_capa-2025-site-comunicacao_20250829172044iFm2wbutl2.jpg","arquivo":"20250818-RELEASE-CURSO-BASSETO_FINAL.PDF","9":"20250818-RELEASE-CURSO-BASSETO_FINAL.PDF","titulo_arquivo":"20250818 Release Curso Basseto_final","10":"20250818 Release Curso Basseto_final","titulo_arquivo_en":"","11":"","created_at":"2025-08-29 17:20:52","12":"2025-08-29 17:20:52","updated_at":"2025-08-29 17:20:52","13":"2025-08-29 17:20:52"},{"id":184,"0":184,"ordem":36,"1":36,"data":"2025-08-12","2":"2025-08-12","slug":"boletim-abint-de-noticias-semanais-88","3":"boletim-abint-de-noticias-semanais-88","titulo":"Boletim ABINT de Not\u00edcias Semanais","4":"Boletim ABINT de Not\u00edcias Semanais","titulo_en":"","5":"","texto":"<p style=\"text-align:justify\"><span style=\"font-size:11pt\"><span style=\"line-height:normal\"><span style=\"font-family:Calibri,sans-serif\"><span style=\"font-size:14.0pt\">Esta &eacute; uma compila&ccedil;&atilde;o das not&iacute;cias mais relevantes para o setor, incluindo informa&ccedil;&otilde;es sobre acordos internacionais, economia brasileira, sustentabilidade e mat&eacute;rias primas, al&eacute;m de novidades do setor de N&atilde;otecidos e Tecidos T&eacute;cnicos.<\/span><\/span><\/span><\/span><\/p>\r\n\r\n<p style=\"text-align:justify\"><span style=\"font-size:28pt\"><span style=\"font-family:Cambria,serif\"><span style=\"letter-spacing:-0.5pt\"><b><span style=\"font-size:18.0pt\"><span style=\"font-family:&quot;Calibri&quot;,sans-serif\"><span style=\"font-variant:small-caps\">O que vem por a&iacute;<\/span><\/span><\/span><\/b><\/span><\/span><\/span><\/p>\r\n\r\n<p><b><img src=\"https:\/\/www.abint.org.br\/assets\/img\/editor\/post-live-lancamento-manual-ctg-compradores_20250805192559PnW565w4eL.jpeg\" style=\"width: 700px; height: 394px;\" \/><\/b><\/p>\r\n\r\n<p><a href=\"https:\/\/www.youtube.com\/live\/EBSHpDfwSYM?si=ENHIJYjNWgl2wuQB\"><b>Canal Geotecnia Brasil no Youtube<\/b><\/a><\/p>\r\n\r\n<p>&nbsp;<\/p>\r\n\r\n<p><b><img src=\"https:\/\/www.abint.org.br\/assets\/img\/editor\/post-quadrado-curso-naotecido_20250730120640vCt4aT9hJj.jpg\" style=\"width: 500px; height: 500px;\" \/><\/b><\/p>\r\n\r\n<p><strong><a href=\"https:\/\/forms.cloud.microsoft\/r\/5DrqtK5n3Y\">Acesse aqui para fazer sua inscri&ccedil;&atilde;o<\/a><\/strong><\/p>\r\n\r\n<p>&nbsp;<\/p>\r\n\r\n<p><b><img src=\"https:\/\/www.abint.org.br\/assets\/img\/editor\/2o-seminario-abrafiltros-abint-apoiador_2025072217401523mrTUXRqU.png\" style=\"width: 500px; height: 500px;\" \/><\/b><\/p>\r\n\r\n<p><a href=\"https:\/\/doity.com.br\/3-seminario-brasileiro-de-filtros\"><b>Acesse aqui mais informa&ccedil;&otilde;es<\/b><\/a><\/p>\r\n\r\n<p>&nbsp;<\/p>\r\n\r\n<p><img src=\"https:\/\/www.abint.org.br\/assets\/img\/editor\/congresso-internacional-abit-2025_20250722174119edr5xq8iJH.png\" style=\"width: 700px; height: 256px;\" \/><\/p>\r\n\r\n<p><a href=\"https:\/\/www.congressoabit.com.br\/\"><b>Acesse aqui mais informa&ccedil;&otilde;es<\/b><\/a><\/p>\r\n\r\n<p>&nbsp;<\/p>\r\n\r\n<p class=\"MsoTitle\" style=\"text-align:justify\"><span style=\"font-size:28pt\"><span style=\"font-family:Cambria,serif\"><span style=\"letter-spacing:-0.5pt\"><b><span style=\"font-size:18.0pt\"><span style=\"font-family:&quot;Calibri&quot;,sans-serif\"><span style=\"font-variant:small-caps\">Not&iacute;cias das Associadas<\/span><\/span><\/span><\/b><\/span><\/span><\/span><\/p>\r\n\r\n<p style=\"text-align:justify\"><span style=\"font-size:11pt\"><span style=\"line-height:normal\"><span style=\"font-family:Calibri,sans-serif\"><a href=\"https:\/\/drive.google.com\/file\/d\/1WRervoL_6vnuY2NKMQ7nbgm_agbP7OSU\/view\" style=\"color:blue; text-decoration:underline\"><span style=\"font-size:14.0pt\">O setor de N&atilde;otecidos parabeniza a Pl&aacute;stico Sul | por Mateus In&aacute;cio | P&aacute;gina 28<\/span><\/a><\/span><\/span><\/span><\/p>\r\n\r\n<p style=\"text-align:justify\"><span style=\"font-size:11pt\"><span style=\"line-height:normal\"><span style=\"font-family:Calibri,sans-serif\"><a href=\"https:\/\/www.freudenbergmedical.com\/press-release\/freudenberg-medical-honored-with-two-prestigious-awards-at-the-2025-irish-life-science-awards?utm_source=newsletter&amp;utm_medium=native&amp;utm_campaign=2025_Aug_Corp_MDO_LS-Award&amp;utm_id=2025_Aug_Corp_MDO_LS-Award&amp;utm_content=Irish+Life+Science+Award\" style=\"color:blue; text-decoration:underline\"><span lang=\"EN-US\" style=\"font-size:14.0pt\">Freudenberg Medical Honored with Two Prestigious Awards at the 2025 Irish Life Science Awards<\/span><\/a><\/span><\/span><\/span><\/p>\r\n\r\n<p style=\"text-align:justify\"><span style=\"font-size:11pt\"><span style=\"line-height:normal\"><span style=\"font-family:Calibri,sans-serif\"><a href=\"https:\/\/www.innovationintextiles.com\/indorama-hits-150-billion-milestone\/\" style=\"color:blue; text-decoration:underline\"><span lang=\"ES-AR\" style=\"font-size:14.0pt\">Indorama hits 150 billion milestone<\/span><\/a><\/span><\/span><\/span><\/p>\r\n\r\n<p style=\"text-align:justify\"><span style=\"font-size:11pt\"><span style=\"line-height:normal\"><span style=\"font-family:Calibri,sans-serif\"><a href=\"https:\/\/www.innovationintextiles.com\/lenzing-and-suominen-report-tariffs-impact\/\" style=\"color:blue; text-decoration:underline\"><span lang=\"ES-AR\" style=\"font-size:14.0pt\">Suominen report tariffs impact<\/span><\/a><\/span><\/span><\/span><\/p>\r\n\r\n<p style=\"text-align:justify\"><span style=\"font-size:11pt\"><span style=\"line-height:normal\"><span style=\"font-family:Calibri,sans-serif\"><a href=\"https:\/\/www.nonwovens-industry.com\/contents\/view_breaking-news\/2025-08-07\/suominen-reports-16-sales-decline\/15303\" style=\"color:blue; text-decoration:underline\"><span lang=\"ES-AR\" style=\"font-size:14.0pt\">Suominen Reports 16% Sales Decline<\/span><\/a><\/span><\/span><\/span><\/p>\r\n\r\n<p style=\"text-align:justify\">&nbsp;<\/p>\r\n\r\n<p style=\"text-align:justify\"><span style=\"font-size:11pt\"><span style=\"line-height:normal\"><span style=\"font-family:Calibri,sans-serif\"><b><span style=\"font-size:18.0pt\"><span style=\"font-variant:small-caps\">Eventos<\/span><\/span><\/b><\/span><\/span><\/span><\/p>\r\n\r\n<p style=\"text-align:justify\"><span style=\"font-size:11pt\"><span style=\"line-height:normal\"><span style=\"font-family:Calibri,sans-serif\"><a href=\"https:\/\/horizons.fia.com.br\/?utm_campaign=apoio_institucional_horizons_2025&amp;utm_medium=email&amp;utm_source=RD+Station\" style=\"color:blue; text-decoration:underline\"><b><span style=\"font-size:14.0pt\">Horizons 2025 &ndash; Inova&ccedil;&atilde;o, Tecnologia e Neg&oacute;cios Unidos pelo Planeta<\/span><\/b><\/a><span style=\"font-size:14.0pt\">, 13 e 14 de agosto, FIA Business School, Birmann 21 e Centro de Inova&ccedil;&atilde;o Bruno Covas, S&atilde;o Paulo<\/span><\/span><\/span><\/span><\/p>\r\n\r\n<p style=\"text-align:justify\"><span style=\"font-size:11pt\"><span style=\"line-height:normal\"><span style=\"font-family:Calibri,sans-serif\"><a href=\"https:\/\/public-sam.mkt.dynamics.com\/api\/v1.0\/orgs\/66fa0ed3-2066-4ecb-8208-f91cfd539d6f\/channels\/mails\/vib\/a718f98b-97c9-ed11-b596-002248e0d680_e40a83ba-4171-f011-bec1-00224836851f_19ed9582-b34e-36cc-2ee1-f504f6403719_23e175c8-5e69-f011-bec3-000d3a88c4d0#msdynmkt_trackingcontext=524d5d61-0a57-4a29-8e0d-ce0803ba0300\" style=\"color:blue; text-decoration:underline\"><b><span style=\"font-size:14.0pt\">ApexBrasil | Webs&eacute;rie Direto do Mercado: Edi&ccedil;&atilde;o Chile<\/span><\/b><\/a><span style=\"font-size:14.0pt\">, 14 de agosto de 2025, 10h &agrave;s 12h, evento online<\/span><\/span><\/span><\/span><\/p>\r\n\r\n<p style=\"text-align:justify\"><span style=\"font-size:11pt\"><span style=\"line-height:normal\"><span style=\"font-family:Calibri,sans-serif\"><a href=\"https:\/\/forumdemanufatura.com.br\/\" style=\"color:blue; text-decoration:underline\"><b><span style=\"font-size:14.0pt\">9&ordm; F&oacute;rum de Manufatura<\/span><\/b><\/a><span style=\"font-size:14.0pt\">, 18 e 19 de agosto de 2025, Novotel Center Norte, S&atilde;o Paulo, SP<\/span><\/span><\/span><\/span><\/p>\r\n\r\n<p style=\"text-align:justify\"><span style=\"font-size:11pt\"><span style=\"line-height:normal\"><span style=\"font-family:Calibri,sans-serif\"><a href=\"https:\/\/app.rdstation.email\/mail\/73f893e3-d4c4-47e1-a0ea-aa0aaf1cfda0?utm_campaign=convite_ws_inovacao&amp;utm_medium=email&amp;utm_source=RD+Station\" style=\"color:blue; text-decoration:underline\"><b><span style=\"font-size:14.0pt\">Workshop Abit | Transformando Inova&ccedil;&atilde;o em Resultado<\/span><\/b><\/a><span style=\"font-size:14.0pt\">, 20 de agosto de 2025, 09h &agrave;s 12h, evento h&iacute;brido<\/span><\/span><\/span><\/span><\/p>\r\n\r\n<p style=\"text-align:justify\"><span style=\"font-size:11pt\"><span style=\"line-height:normal\"><span style=\"font-family:Calibri,sans-serif\"><a href=\"https:\/\/sticni.sharepoint.com\/sites\/PublicShare\/Compartilhamentos\/Forms\/AllItems.aspx?id=%2Fsites%2FPublicShare%2FCompartilhamentos%2FCNI%2D133649%2FPrograma%20Imers%C3%B5es%20em%20Ecossistemas%2FImers%C3%A3o%20Finlandia%20em%20Economia%20Circular%2E%201%2Epdf&amp;parent=%2Fsites%2FPublicShare%2FCompartilhamentos%2FCNI%2D133649%2FPrograma%20Imers%C3%B5es%20em%20Ecossistemas&amp;p=true&amp;ga=1\" style=\"color:blue; text-decoration:underline\"><b><span style=\"font-size:14.0pt\">CNI | Imers&atilde;o Finl&acirc;ndia: Uma conex&atilde;o global com a Economia Circular<\/span><\/b><\/a><span style=\"font-size:14.0pt\">, 01 a 05 de setembro de 2025, inscri&ccedil;&otilde;es at&eacute; 10 de agosto de 2025 ou se encerrarem as vagas, cidades destinos: Helsinki (cidade base), Tampere e Espoo.<\/span><\/span><\/span><\/span><\/p>\r\n\r\n<p style=\"text-align:justify\"><span style=\"font-size:11pt\"><span style=\"line-height:normal\"><span style=\"font-family:Calibri,sans-serif\"><a href=\"https:\/\/www.conbrava.com.br\/\" style=\"color:blue; text-decoration:underline\"><b><span style=\"font-size:14.0pt\">CONBRAVA 2025<\/span><\/b><\/a><span style=\"font-size:14.0pt\">, 10 a 12 de setembro de 2025, S&atilde;o Paulo Expo, Rodovia dos Imigrantes, km 1,5<\/span><\/span><\/span><\/span><\/p>\r\n\r\n<p style=\"text-align:justify\"><span style=\"font-size:11pt\"><span style=\"line-height:normal\"><span style=\"font-family:Calibri,sans-serif\"><a href=\"https:\/\/plasticosemrevista.com.br\/competitividade-2025\/\" style=\"color:blue; text-decoration:underline\"><b><span style=\"font-size:14.0pt\">Semin&aacute;rio Competitividade | 15&ordf; edi&ccedil;&atilde;o | Transforma&ccedil;&atilde;o - Mercado e Ind&uacute;stria Redesenhados pela Guerra Comercial e Intelig&ecirc;ncia Artificial<\/span><\/b><\/a><span style=\"font-size:14.0pt\">, 18&middot;de setembro de 2025, Hotel Meli&aacute;, Av. Paulista, 2181, SP<\/span><\/span><\/span><\/span><\/p>\r\n\r\n<p style=\"text-align:justify\"><span style=\"font-size:11pt\"><span style=\"line-height:normal\"><span style=\"font-family:Calibri,sans-serif\"><a href=\"https:\/\/paving.com.br\/\" style=\"color:blue; text-decoration:underline\"><b><span style=\"font-size:14.0pt\">Paving Expo 2025<\/span><\/b><\/a><span style=\"font-size:14.0pt\">, 23 a 25 de setembro de 2025, Distrito Anhembi, Rua Prof. Milton Rodrigues, s\/n, Santana, S&atilde;o Paulo, SP<\/span><\/span><\/span><\/span><\/p>\r\n\r\n<p style=\"text-align:justify\"><span style=\"font-size:11pt\"><span style=\"line-height:normal\"><span style=\"font-family:Calibri,sans-serif\"><a href=\"https:\/\/www.instagram.com\/sobeccnacional\/p\/DA1V8NZyhNK\/?img_index=1\" style=\"color:blue; text-decoration:underline\"><b><span style=\"font-size:14.0pt\">17&ordm; Congresso Brasileiro de Enfermagem em Centro Cir&uacute;rgico: &ldquo;O poder de cuidar&rdquo;<\/span><\/b><\/a><span style=\"font-size:14.0pt\">, 01 a 03 de outubro de 2025, Transamerica Expo Center, S&atilde;o Paulo, SP<\/span><\/span><\/span><\/span><\/p>\r\n\r\n<p style=\"text-align:justify\"><span style=\"font-size:11pt\"><span style=\"line-height:normal\"><span style=\"font-family:Calibri,sans-serif\"><a href=\"https:\/\/his.saudebusiness.com\/pt\/home.html\" style=\"color:blue; text-decoration:underline\"><b><span style=\"font-size:14.0pt\">Healthcare Innovation Show (HIS)<\/span><\/b><\/a><span style=\"font-size:14.0pt\">, 01 e 02 de outubro de 2025, 09h &agrave;s 18h, S&atilde;o Paulo Expo<\/span><\/span><\/span><\/span><\/p>\r\n\r\n<p style=\"text-align:justify\"><span style=\"font-size:11pt\"><span style=\"line-height:normal\"><span style=\"font-family:Calibri,sans-serif\"><a href=\"https:\/\/www.abrafiltros.org.br\/3o-seminario-brasileiro-de-filtros-acontecera-no-dia-08-de-outubro\/\" style=\"color:blue; text-decoration:underline\"><b><span style=\"font-size:14.0pt\">3&ordm; Semin&aacute;rio Brasileiro de Filtros<\/span><\/b><\/a><span style=\"font-size:14.0pt\">, 08 de outubro de 2025, evento presencial<\/span><\/span><\/span><\/span><\/p>\r\n\r\n<p style=\"text-align:justify\"><span style=\"font-size:11pt\"><span style=\"line-height:normal\"><span style=\"font-family:Calibri,sans-serif\"><a href=\"https:\/\/hospitalmed.com.br\/feira\/\" style=\"color:blue; text-decoration:underline\"><b><span style=\"font-size:14.0pt\">HospitalMed 2025<\/span><\/b><\/a><span style=\"font-size:14.0pt\">, 22 a 24 de outubro, Pernambuco Centro de Conven&ccedil;&otilde;es, Olinda<\/span><\/span><\/span><\/span><\/p>\r\n\r\n<p style=\"text-align:justify\"><span style=\"font-size:11pt\"><span style=\"line-height:normal\"><span style=\"font-family:Calibri,sans-serif\"><a href=\"https:\/\/www.congressoabit.com.br\/\" style=\"color:blue; text-decoration:underline\"><b><span style=\"font-size:14.0pt\">Congresso Internacional Abit 2025<\/span><\/b><\/a><span style=\"font-size:14.0pt\">, 29 e 30 de outubro, 08h &agrave;s 20h, FIESP, S&atilde;o Paulo, SP<\/span><\/span><\/span><\/span><\/p>\r\n\r\n<p style=\"text-align:justify\"><span style=\"font-size:11pt\"><span style=\"line-height:normal\"><span style=\"font-family:Calibri,sans-serif\"><a href=\"https:\/\/filtech.de\/\" style=\"color:blue; text-decoration:underline\"><b><span style=\"font-size:14.0pt\">Filtech 2026<\/span><\/b><\/a><span style=\"font-size:14.0pt\">, de 30 de junho a 2 de julho, Cologne, Alemanha<\/span><\/span><\/span><\/span><\/p>\r\n\r\n<p style=\"text-align:justify\"><span style=\"font-size:11pt\"><span style=\"line-height:normal\"><span style=\"font-family:Calibri,sans-serif\"><a href=\"https:\/\/ficons.com.br\/\" style=\"color:blue; text-decoration:underline\"><b><span style=\"font-size:14.0pt\">FICONS - Feira Internacional de Materiais, Equipamentos e Servi&ccedil;os da Constru&ccedil;&atilde;o<\/span><\/b><\/a><span style=\"font-size:14.0pt\">, 15 a 18 de setembro de 2026, Centro de Conven&ccedil;&otilde;es de Pernambuco Recife\/ Olinda<\/span><\/span><\/span><\/span><\/p>\r\n\r\n<p style=\"text-align:justify\"><span style=\"font-size:28pt\"><span style=\"font-family:Cambria,serif\"><span style=\"letter-spacing:-0.5pt\"><b><span style=\"font-size:18.0pt\"><span style=\"font-family:&quot;Calibri&quot;,sans-serif\"><span style=\"font-variant:small-caps\">Setor<\/span><\/span><\/span><\/b><\/span><\/span><\/span><\/p>\r\n\r\n<p style=\"text-align:justify\"><span style=\"font-size:11pt\"><span style=\"line-height:normal\"><span style=\"font-family:Calibri,sans-serif\"><a href=\"https:\/\/www.globenewswire.com\/news-release\/2025\/08\/06\/3127994\/0\/en\/Nonwoven-Fabrics-Market-worth-72-21-billion-by-2030-at-a-CAGR-of-5-7-says-MarketsandMarkets.html\" style=\"color:blue; text-decoration:underline\"><span style=\"font-size:14.0pt\">Mercado de n&atilde;otecidos avaliado em US$ 72,21 bilh&otilde;es at&eacute; 2030, com um CAGR de 5,7%, afirma MarketsandMarkets&trade;<\/span><\/a><\/span><\/span><\/span><\/p>\r\n\r\n<p style=\"text-align:justify\"><span style=\"font-size:11pt\"><span style=\"line-height:normal\"><span style=\"font-family:Calibri,sans-serif\"><a href=\"https:\/\/www.technical-textiles.net\/news\/lightweight-geotextiles-made-superabsorbent-fibres\" style=\"color:blue; text-decoration:underline\"><span lang=\"EN-US\" style=\"font-size:14.0pt\">Lightweight geotextiles made from superabsorbent fibres<\/span><\/a><\/span><\/span><\/span><\/p>\r\n\r\n<p style=\"text-align:justify\"><span style=\"font-size:11pt\"><span style=\"line-height:normal\"><span style=\"font-family:Calibri,sans-serif\"><a href=\"https:\/\/braziljournal.com\/exclusivo-braskem-coloca-ativos-nos-eua-a-venda\/\" style=\"color:blue; text-decoration:underline\"><span style=\"font-size:14.0pt\">Braskem coloca ativos nos EUA &agrave; venda<\/span><\/a><\/span><\/span><\/span><\/p>\r\n\r\n<p style=\"text-align:justify\"><span style=\"font-size:11pt\"><span style=\"line-height:normal\"><span style=\"font-family:Calibri,sans-serif\"><a href=\"https:\/\/investnews.com.br\/negocios\/brkm5-braskem-trimestre-rumor-eua\/\" style=\"color:blue; text-decoration:underline\"><span style=\"font-size:14.0pt\">Em um dos piores trimestres da hist&oacute;ria da Braskem, uma conveni&ecirc;ncia &ndash; e um novo f&ocirc;lego<\/span><\/a><\/span><\/span><\/span><\/p>\r\n\r\n<p style=\"text-align:justify\"><span style=\"font-size:11pt\"><span style=\"line-height:normal\"><span style=\"font-family:Calibri,sans-serif\"><a href=\"https:\/\/bahiaeconomica.com.br\/wp\/2025\/08\/08\/braskem-estuda-instalar-unidade-verde-na-bahia\/\" style=\"color:blue; text-decoration:underline\"><span style=\"font-size:14.0pt\">Braskem estuda instalar unidade verde na Bahia<\/span><\/a><\/span><\/span><\/span><\/p>\r\n\r\n<p style=\"text-align:justify\"><span style=\"font-size:28pt\"><span style=\"font-family:Cambria,serif\"><span style=\"letter-spacing:-0.5pt\"><b><span style=\"font-size:18.0pt\"><span style=\"font-family:&quot;Calibri&quot;,sans-serif\"><span style=\"font-variant:small-caps\">Ind&uacute;stria<\/span><\/span><\/span><\/b><\/span><\/span><\/span><\/p>\r\n\r\n<p style=\"text-align:justify\"><span style=\"font-size:11pt\"><span style=\"line-height:normal\"><span style=\"font-family:Calibri,sans-serif\"><a href=\"https:\/\/noticias.portaldaindustria.com.br\/noticias\/economia\/faturamento-da-industria-cresce-65-no-primeiro-semestre-mas-resultados-recentes-sinalizam-desaceleracao-alerta-cni\/\" style=\"color:blue; text-decoration:underline\"><span style=\"font-size:14.0pt\">Faturamento da ind&uacute;stria cresce 6,5% no primeiro semestre, mas resultados recentes sinalizam desacelera&ccedil;&atilde;o, alerta CNI<\/span><\/a><\/span><\/span><\/span><\/p>\r\n\r\n<p style=\"text-align:justify\"><span style=\"font-size:11pt\"><span style=\"line-height:normal\"><span style=\"font-family:Calibri,sans-serif\"><a href=\"https:\/\/www.folhape.com.br\/economia\/ibge-producao-industrial-cresce-em-7-de-15-locais-pesquisados-em\/429923\/\" style=\"color:blue; text-decoration:underline\"><span style=\"font-size:14.0pt\">IBGE: produ&ccedil;&atilde;o industrial cresce em 7 de 15 locais pesquisados em junho ante maio<\/span><\/a><\/span><\/span><\/span><\/p>\r\n\r\n<p style=\"text-align:justify\"><span style=\"font-size:11pt\"><span style=\"line-height:normal\"><span style=\"font-family:Calibri,sans-serif\"><a href=\"https:\/\/www.gazetadopovo.com.br\/economia\/plano-governo-tarifa-trump-risco-fiscal\/\" style=\"color:blue; text-decoration:underline\"><span style=\"font-size:14.0pt\">Com atraso e setores demitindo, governo tenta fechar plano contra tarifa de Trump ao Brasil<\/span><\/a><\/span><\/span><\/span><\/p>\r\n\r\n<p style=\"text-align:justify\"><span style=\"font-size:11pt\"><span style=\"line-height:normal\"><span style=\"font-family:Calibri,sans-serif\"><a href=\"https:\/\/mercadoeconsumo.com.br\/11\/08\/2025\/noticias\/governo-quer-aumentar-numero-de-setores-fora-do-tarifaco\/?utm_medium=email&amp;utm_campaign=news_fechamento_diario_sem_artigo_-_1108&amp;utm_source=RD+Station\" style=\"color:blue; text-decoration:underline\"><span style=\"font-size:14.0pt\">Governo quer aumentar n&uacute;mero de setores fora do tarifa&ccedil;o<\/span><\/a><\/span><\/span><\/span><\/p>\r\n\r\n<p style=\"text-align:justify\"><span style=\"font-size:11pt\"><span style=\"line-height:normal\"><span style=\"font-family:Calibri,sans-serif\"><a href=\"https:\/\/portal.fgv.br\/noticias\/credito-segue-como-gargalo-para-o-avanco-da-infraestrutura-aponta-fgv-ibre\" style=\"color:blue; text-decoration:underline\"><span style=\"font-size:14.0pt\">Cr&eacute;dito segue como gargalo para o avan&ccedil;o da infraestrutura, aponta FGV IBRE<\/span><\/a><\/span><\/span><\/span><\/p>\r\n\r\n<p style=\"text-align:justify\"><span style=\"font-size:11pt\"><span style=\"line-height:normal\"><span style=\"font-family:Calibri,sans-serif\"><a href=\"https:\/\/www.jornaldocomercio.com\/economia\/2025\/08\/1213773-alckmin-recebe-abicalcados-para-tratar-de-medidas-para-mitigar-sobretaxa-norte-americana.html\" style=\"color:blue; text-decoration:underline\"><span style=\"font-size:14.0pt\">Alckmin recebe Abical&ccedil;ados para tratar de medidas para mitigar sobretaxa norte-americana<\/span><\/a><\/span><\/span><\/span><\/p>\r\n\r\n<p style=\"text-align:justify\"><span style=\"font-size:28pt\"><span style=\"font-family:Cambria,serif\"><span style=\"letter-spacing:-0.5pt\"><b><span style=\"font-size:18.0pt\"><span style=\"font-family:&quot;Calibri&quot;,sans-serif\"><span style=\"font-variant:small-caps\">Sustentabilidade<\/span><\/span><\/span><\/b><\/span><\/span><\/span><\/p>\r\n\r\n<p style=\"text-align:justify\"><span style=\"font-size:11pt\"><span style=\"line-height:normal\"><span style=\"font-family:Calibri,sans-serif\"><a href=\"https:\/\/g1.globo.com\/jornal-nacional\/noticia\/2025\/08\/05\/conferencia-da-onu-negocia-acordo-para-acabar-com-poluicao-dos-plasticos-no-planeta.ghtml\" style=\"color:blue; text-decoration:underline\"><span style=\"font-size:14.0pt\">Confer&ecirc;ncia da ONU negocia acordo para acabar com polui&ccedil;&atilde;o dos pl&aacute;sticos no planeta<\/span><\/a><\/span><\/span><\/span><\/p>\r\n\r\n<p style=\"text-align:justify\"><span style=\"font-size:11pt\"><span style=\"line-height:normal\"><span style=\"font-family:Calibri,sans-serif\"><a href=\"https:\/\/www12.senado.leg.br\/radio\/1\/noticia\/2025\/08\/08\/comissao-analisa-regras-para-a-economia-circular-do-plastico-no-brasil\" style=\"color:blue; text-decoration:underline\"><span style=\"font-size:14.0pt\">Comiss&atilde;o analisa regras para a economia circular do pl&aacute;stico<\/span><\/a><\/span><\/span><\/span><\/p>\r\n\r\n<p style=\"text-align:justify\"><span style=\"font-size:11pt\"><span style=\"line-height:normal\"><span style=\"font-family:Calibri,sans-serif\"><a href=\"https:\/\/www.textileworld.com\/textile-world\/fiber-world\/2025\/08\/deakin-universitys-recycling-hub-reach-and-samsara-eco-unite-to-transform-textile-recycling-with-enzyme-technology\/\" style=\"color:blue; text-decoration:underline\"><span lang=\"EN-US\" style=\"font-size:14.0pt\">Deakin University&rsquo;s Recycling Hub (REACH) And Samsara Eco Unite To Transform Textile Recycling With Enzyme Technology<\/span><\/a><\/span><\/span><\/span><\/p>\r\n\r\n<p style=\"text-align:justify\"><span style=\"font-size:28pt\"><span style=\"font-family:Cambria,serif\"><span style=\"letter-spacing:-0.5pt\"><b><span style=\"font-size:18.0pt\"><span style=\"font-family:&quot;Calibri&quot;,sans-serif\"><span style=\"font-variant:small-caps\">Inova&ccedil;&atilde;o<\/span><\/span><\/span><\/b><\/span><\/span><\/span><\/p>\r\n\r\n<p style=\"text-align:justify\"><span style=\"font-size:11pt\"><span style=\"line-height:normal\"><span style=\"font-family:Calibri,sans-serif\"><a href=\"https:\/\/clickpetroleoegas.com.br\/estrada-que-se-conserta-sozinha-rodovia-brasileira-ganha-asfalto-com-plastico-reciclado-capaz-de-se-recuperar-automaticamente-afch\/\" style=\"color:blue; text-decoration:underline\"><span style=\"font-size:14.0pt\">Estrada que se conserta sozinha? Rodovia brasileira ganha asfalto com pl&aacute;stico reciclado capaz de se recuperar automaticamente<\/span><\/a><\/span><\/span><\/span><\/p>\r\n\r\n<p style=\"text-align:justify\"><span style=\"font-size:11pt\"><span style=\"line-height:normal\"><span style=\"font-family:Calibri,sans-serif\"><a href=\"https:\/\/agenciabrasil.ebc.com.br\/meio-ambiente\/noticia\/2025-08\/pesquisadores-propoem-estrategias-de-combate-ao-microplastico-no-pais\" style=\"color:blue; text-decoration:underline\"><span style=\"font-size:14.0pt\">Pesquisadores prop&otilde;em estrat&eacute;gias de combate ao micropl&aacute;stico no pa&iacute;s<\/span><\/a><\/span><\/span><\/span><\/p>\r\n\r\n<p style=\"text-align:justify\"><span style=\"font-size:28pt\"><span style=\"font-family:Cambria,serif\"><span style=\"letter-spacing:-0.5pt\"><b><span style=\"font-size:18.0pt\"><span style=\"font-family:&quot;Calibri&quot;,sans-serif\"><span style=\"font-variant:small-caps\">Com&eacute;rcio Exterior<\/span><\/span><\/span><\/b><\/span><\/span><\/span><\/p>\r\n\r\n<p style=\"text-align:justify\"><span style=\"font-size:11pt\"><span style=\"line-height:normal\"><span style=\"font-family:Calibri,sans-serif\"><a href=\"https:\/\/noticias.portaldaindustria.com.br\/noticias\/internacional\/tarifas-adicionais-dos-eua-afetam-778-das-exportacoes-brasileiras-ao-pais-mostra-levantamento-da-cni\/\" style=\"color:blue; text-decoration:underline\"><span style=\"font-size:14.0pt\">Tarifas adicionais dos EUA afetam 77,8% das exporta&ccedil;&otilde;es brasileiras ao pa&iacute;s, mostra levantamento da CNI<\/span><\/a><\/span><\/span><\/span><\/p>\r\n\r\n<p style=\"text-align:justify\"><span style=\"font-size:11pt\"><span style=\"line-height:normal\"><span style=\"font-family:Calibri,sans-serif\"><a href=\"https:\/\/agenciabrasil.ebc.com.br\/economia\/noticia\/2025-08\/com-tarifaco-desafio-de-exportadores-e-encontrar-novos-mercados\" style=\"color:blue; text-decoration:underline\"><span style=\"font-size:14.0pt\">Com tarifa&ccedil;o, desafio de exportadores &eacute; encontrar novos mercados<\/span><\/a><\/span><\/span><\/span><\/p>\r\n\r\n<p style=\"text-align:justify\"><span style=\"font-size:28pt\"><span style=\"font-family:Cambria,serif\"><span style=\"letter-spacing:-0.5pt\"><b><span style=\"font-size:18.0pt\"><span style=\"font-family:&quot;Calibri&quot;,sans-serif\"><span style=\"font-variant:small-caps\">Economia<\/span><\/span><\/span><\/b><\/span><\/span><\/span><\/p>\r\n\r\n<p style=\"text-align:justify\"><span style=\"font-size:11pt\"><span style=\"line-height:normal\"><span style=\"font-family:Calibri,sans-serif\"><a href=\"https:\/\/www.bcb.gov.br\/content\/focus\/focus\/R20250808.pdf\" style=\"color:blue; text-decoration:underline\"><span style=\"font-size:14.0pt\">Focus - Relat&oacute;rio de Mercado<\/span><\/a><\/span><\/span><\/span><\/p>\r\n\r\n<p style=\"text-align:justify\"><span style=\"font-size:11pt\"><span style=\"line-height:normal\"><span style=\"font-family:Calibri,sans-serif\"><a href=\"https:\/\/www.serpro.gov.br\/arquivos\/infografico-digital-reforma-tributaria.pdf\" style=\"color:blue; text-decoration:underline\"><span style=\"font-size:14.0pt\">Serpro: Infogr&aacute;fico Reforma Tribut&aacute;ria<\/span><\/a><\/span><\/span><\/span><\/p>\r\n\r\n<p style=\"text-align:justify\"><span style=\"font-size:11pt\"><span style=\"line-height:normal\"><span style=\"font-family:Calibri,sans-serif\"><a href=\"https:\/\/blogdoibre.fgv.br\/posts\/pec-6623-contornando-o-muro-fiscal-de-novo\" style=\"color:blue; text-decoration:underline\"><span style=\"font-size:14.0pt\">PEC 66\/23: Contornando o muro fiscal (de novo)<\/span><\/a><\/span><\/span><\/span><\/p>\r\n\r\n<p style=\"text-align:justify\"><img src=\"https:\/\/www.abint.org.br\/assets\/img\/editor\/redes-sociais-abint-ctg-cth_20250722174554BZqU7o4ypm.jpg\" \/><\/p>\r\n","6":"<p style=\"text-align:justify\"><span style=\"font-size:11pt\"><span style=\"line-height:normal\"><span style=\"font-family:Calibri,sans-serif\"><span style=\"font-size:14.0pt\">Esta &eacute; uma compila&ccedil;&atilde;o das not&iacute;cias mais relevantes para o setor, incluindo informa&ccedil;&otilde;es sobre acordos internacionais, economia brasileira, sustentabilidade e mat&eacute;rias primas, al&eacute;m de novidades do setor de N&atilde;otecidos e Tecidos T&eacute;cnicos.<\/span><\/span><\/span><\/span><\/p>\r\n\r\n<p style=\"text-align:justify\"><span style=\"font-size:28pt\"><span style=\"font-family:Cambria,serif\"><span style=\"letter-spacing:-0.5pt\"><b><span style=\"font-size:18.0pt\"><span style=\"font-family:&quot;Calibri&quot;,sans-serif\"><span style=\"font-variant:small-caps\">O que vem por a&iacute;<\/span><\/span><\/span><\/b><\/span><\/span><\/span><\/p>\r\n\r\n<p><b><img src=\"https:\/\/www.abint.org.br\/assets\/img\/editor\/post-live-lancamento-manual-ctg-compradores_20250805192559PnW565w4eL.jpeg\" style=\"width: 700px; height: 394px;\" \/><\/b><\/p>\r\n\r\n<p><a href=\"https:\/\/www.youtube.com\/live\/EBSHpDfwSYM?si=ENHIJYjNWgl2wuQB\"><b>Canal Geotecnia Brasil no Youtube<\/b><\/a><\/p>\r\n\r\n<p>&nbsp;<\/p>\r\n\r\n<p><b><img src=\"https:\/\/www.abint.org.br\/assets\/img\/editor\/post-quadrado-curso-naotecido_20250730120640vCt4aT9hJj.jpg\" style=\"width: 500px; height: 500px;\" \/><\/b><\/p>\r\n\r\n<p><strong><a href=\"https:\/\/forms.cloud.microsoft\/r\/5DrqtK5n3Y\">Acesse aqui para fazer sua inscri&ccedil;&atilde;o<\/a><\/strong><\/p>\r\n\r\n<p>&nbsp;<\/p>\r\n\r\n<p><b><img src=\"https:\/\/www.abint.org.br\/assets\/img\/editor\/2o-seminario-abrafiltros-abint-apoiador_2025072217401523mrTUXRqU.png\" style=\"width: 500px; height: 500px;\" \/><\/b><\/p>\r\n\r\n<p><a href=\"https:\/\/doity.com.br\/3-seminario-brasileiro-de-filtros\"><b>Acesse aqui mais informa&ccedil;&otilde;es<\/b><\/a><\/p>\r\n\r\n<p>&nbsp;<\/p>\r\n\r\n<p><img src=\"https:\/\/www.abint.org.br\/assets\/img\/editor\/congresso-internacional-abit-2025_20250722174119edr5xq8iJH.png\" style=\"width: 700px; height: 256px;\" \/><\/p>\r\n\r\n<p><a href=\"https:\/\/www.congressoabit.com.br\/\"><b>Acesse aqui mais informa&ccedil;&otilde;es<\/b><\/a><\/p>\r\n\r\n<p>&nbsp;<\/p>\r\n\r\n<p class=\"MsoTitle\" style=\"text-align:justify\"><span style=\"font-size:28pt\"><span style=\"font-family:Cambria,serif\"><span style=\"letter-spacing:-0.5pt\"><b><span style=\"font-size:18.0pt\"><span style=\"font-family:&quot;Calibri&quot;,sans-serif\"><span style=\"font-variant:small-caps\">Not&iacute;cias das Associadas<\/span><\/span><\/span><\/b><\/span><\/span><\/span><\/p>\r\n\r\n<p style=\"text-align:justify\"><span style=\"font-size:11pt\"><span style=\"line-height:normal\"><span style=\"font-family:Calibri,sans-serif\"><a href=\"https:\/\/drive.google.com\/file\/d\/1WRervoL_6vnuY2NKMQ7nbgm_agbP7OSU\/view\" style=\"color:blue; text-decoration:underline\"><span style=\"font-size:14.0pt\">O setor de N&atilde;otecidos parabeniza a Pl&aacute;stico Sul | por Mateus In&aacute;cio | P&aacute;gina 28<\/span><\/a><\/span><\/span><\/span><\/p>\r\n\r\n<p style=\"text-align:justify\"><span style=\"font-size:11pt\"><span style=\"line-height:normal\"><span style=\"font-family:Calibri,sans-serif\"><a href=\"https:\/\/www.freudenbergmedical.com\/press-release\/freudenberg-medical-honored-with-two-prestigious-awards-at-the-2025-irish-life-science-awards?utm_source=newsletter&amp;utm_medium=native&amp;utm_campaign=2025_Aug_Corp_MDO_LS-Award&amp;utm_id=2025_Aug_Corp_MDO_LS-Award&amp;utm_content=Irish+Life+Science+Award\" style=\"color:blue; text-decoration:underline\"><span lang=\"EN-US\" style=\"font-size:14.0pt\">Freudenberg Medical Honored with Two Prestigious Awards at the 2025 Irish Life Science Awards<\/span><\/a><\/span><\/span><\/span><\/p>\r\n\r\n<p style=\"text-align:justify\"><span style=\"font-size:11pt\"><span style=\"line-height:normal\"><span style=\"font-family:Calibri,sans-serif\"><a href=\"https:\/\/www.innovationintextiles.com\/indorama-hits-150-billion-milestone\/\" style=\"color:blue; text-decoration:underline\"><span lang=\"ES-AR\" style=\"font-size:14.0pt\">Indorama hits 150 billion milestone<\/span><\/a><\/span><\/span><\/span><\/p>\r\n\r\n<p style=\"text-align:justify\"><span style=\"font-size:11pt\"><span style=\"line-height:normal\"><span style=\"font-family:Calibri,sans-serif\"><a href=\"https:\/\/www.innovationintextiles.com\/lenzing-and-suominen-report-tariffs-impact\/\" style=\"color:blue; text-decoration:underline\"><span lang=\"ES-AR\" style=\"font-size:14.0pt\">Suominen report tariffs impact<\/span><\/a><\/span><\/span><\/span><\/p>\r\n\r\n<p style=\"text-align:justify\"><span style=\"font-size:11pt\"><span style=\"line-height:normal\"><span style=\"font-family:Calibri,sans-serif\"><a href=\"https:\/\/www.nonwovens-industry.com\/contents\/view_breaking-news\/2025-08-07\/suominen-reports-16-sales-decline\/15303\" style=\"color:blue; text-decoration:underline\"><span lang=\"ES-AR\" style=\"font-size:14.0pt\">Suominen Reports 16% Sales Decline<\/span><\/a><\/span><\/span><\/span><\/p>\r\n\r\n<p style=\"text-align:justify\">&nbsp;<\/p>\r\n\r\n<p style=\"text-align:justify\"><span style=\"font-size:11pt\"><span style=\"line-height:normal\"><span style=\"font-family:Calibri,sans-serif\"><b><span style=\"font-size:18.0pt\"><span style=\"font-variant:small-caps\">Eventos<\/span><\/span><\/b><\/span><\/span><\/span><\/p>\r\n\r\n<p style=\"text-align:justify\"><span style=\"font-size:11pt\"><span style=\"line-height:normal\"><span style=\"font-family:Calibri,sans-serif\"><a href=\"https:\/\/horizons.fia.com.br\/?utm_campaign=apoio_institucional_horizons_2025&amp;utm_medium=email&amp;utm_source=RD+Station\" style=\"color:blue; text-decoration:underline\"><b><span style=\"font-size:14.0pt\">Horizons 2025 &ndash; Inova&ccedil;&atilde;o, Tecnologia e Neg&oacute;cios Unidos pelo Planeta<\/span><\/b><\/a><span style=\"font-size:14.0pt\">, 13 e 14 de agosto, FIA Business School, Birmann 21 e Centro de Inova&ccedil;&atilde;o Bruno Covas, S&atilde;o Paulo<\/span><\/span><\/span><\/span><\/p>\r\n\r\n<p style=\"text-align:justify\"><span style=\"font-size:11pt\"><span style=\"line-height:normal\"><span style=\"font-family:Calibri,sans-serif\"><a href=\"https:\/\/public-sam.mkt.dynamics.com\/api\/v1.0\/orgs\/66fa0ed3-2066-4ecb-8208-f91cfd539d6f\/channels\/mails\/vib\/a718f98b-97c9-ed11-b596-002248e0d680_e40a83ba-4171-f011-bec1-00224836851f_19ed9582-b34e-36cc-2ee1-f504f6403719_23e175c8-5e69-f011-bec3-000d3a88c4d0#msdynmkt_trackingcontext=524d5d61-0a57-4a29-8e0d-ce0803ba0300\" style=\"color:blue; text-decoration:underline\"><b><span style=\"font-size:14.0pt\">ApexBrasil | Webs&eacute;rie Direto do Mercado: Edi&ccedil;&atilde;o Chile<\/span><\/b><\/a><span style=\"font-size:14.0pt\">, 14 de agosto de 2025, 10h &agrave;s 12h, evento online<\/span><\/span><\/span><\/span><\/p>\r\n\r\n<p style=\"text-align:justify\"><span style=\"font-size:11pt\"><span style=\"line-height:normal\"><span style=\"font-family:Calibri,sans-serif\"><a href=\"https:\/\/forumdemanufatura.com.br\/\" style=\"color:blue; text-decoration:underline\"><b><span style=\"font-size:14.0pt\">9&ordm; F&oacute;rum de Manufatura<\/span><\/b><\/a><span style=\"font-size:14.0pt\">, 18 e 19 de agosto de 2025, Novotel Center Norte, S&atilde;o Paulo, SP<\/span><\/span><\/span><\/span><\/p>\r\n\r\n<p style=\"text-align:justify\"><span style=\"font-size:11pt\"><span style=\"line-height:normal\"><span style=\"font-family:Calibri,sans-serif\"><a href=\"https:\/\/app.rdstation.email\/mail\/73f893e3-d4c4-47e1-a0ea-aa0aaf1cfda0?utm_campaign=convite_ws_inovacao&amp;utm_medium=email&amp;utm_source=RD+Station\" style=\"color:blue; text-decoration:underline\"><b><span style=\"font-size:14.0pt\">Workshop Abit | Transformando Inova&ccedil;&atilde;o em Resultado<\/span><\/b><\/a><span style=\"font-size:14.0pt\">, 20 de agosto de 2025, 09h &agrave;s 12h, evento h&iacute;brido<\/span><\/span><\/span><\/span><\/p>\r\n\r\n<p style=\"text-align:justify\"><span style=\"font-size:11pt\"><span style=\"line-height:normal\"><span style=\"font-family:Calibri,sans-serif\"><a href=\"https:\/\/sticni.sharepoint.com\/sites\/PublicShare\/Compartilhamentos\/Forms\/AllItems.aspx?id=%2Fsites%2FPublicShare%2FCompartilhamentos%2FCNI%2D133649%2FPrograma%20Imers%C3%B5es%20em%20Ecossistemas%2FImers%C3%A3o%20Finlandia%20em%20Economia%20Circular%2E%201%2Epdf&amp;parent=%2Fsites%2FPublicShare%2FCompartilhamentos%2FCNI%2D133649%2FPrograma%20Imers%C3%B5es%20em%20Ecossistemas&amp;p=true&amp;ga=1\" style=\"color:blue; text-decoration:underline\"><b><span style=\"font-size:14.0pt\">CNI | Imers&atilde;o Finl&acirc;ndia: Uma conex&atilde;o global com a Economia Circular<\/span><\/b><\/a><span style=\"font-size:14.0pt\">, 01 a 05 de setembro de 2025, inscri&ccedil;&otilde;es at&eacute; 10 de agosto de 2025 ou se encerrarem as vagas, cidades destinos: Helsinki (cidade base), Tampere e Espoo.<\/span><\/span><\/span><\/span><\/p>\r\n\r\n<p style=\"text-align:justify\"><span style=\"font-size:11pt\"><span style=\"line-height:normal\"><span style=\"font-family:Calibri,sans-serif\"><a href=\"https:\/\/www.conbrava.com.br\/\" style=\"color:blue; text-decoration:underline\"><b><span style=\"font-size:14.0pt\">CONBRAVA 2025<\/span><\/b><\/a><span style=\"font-size:14.0pt\">, 10 a 12 de setembro de 2025, S&atilde;o Paulo Expo, Rodovia dos Imigrantes, km 1,5<\/span><\/span><\/span><\/span><\/p>\r\n\r\n<p style=\"text-align:justify\"><span style=\"font-size:11pt\"><span style=\"line-height:normal\"><span style=\"font-family:Calibri,sans-serif\"><a href=\"https:\/\/plasticosemrevista.com.br\/competitividade-2025\/\" style=\"color:blue; text-decoration:underline\"><b><span style=\"font-size:14.0pt\">Semin&aacute;rio Competitividade | 15&ordf; edi&ccedil;&atilde;o | Transforma&ccedil;&atilde;o - Mercado e Ind&uacute;stria Redesenhados pela Guerra Comercial e Intelig&ecirc;ncia Artificial<\/span><\/b><\/a><span style=\"font-size:14.0pt\">, 18&middot;de setembro de 2025, Hotel Meli&aacute;, Av. Paulista, 2181, SP<\/span><\/span><\/span><\/span><\/p>\r\n\r\n<p style=\"text-align:justify\"><span style=\"font-size:11pt\"><span style=\"line-height:normal\"><span style=\"font-family:Calibri,sans-serif\"><a href=\"https:\/\/paving.com.br\/\" style=\"color:blue; text-decoration:underline\"><b><span style=\"font-size:14.0pt\">Paving Expo 2025<\/span><\/b><\/a><span style=\"font-size:14.0pt\">, 23 a 25 de setembro de 2025, Distrito Anhembi, Rua Prof. Milton Rodrigues, s\/n, Santana, S&atilde;o Paulo, SP<\/span><\/span><\/span><\/span><\/p>\r\n\r\n<p style=\"text-align:justify\"><span style=\"font-size:11pt\"><span style=\"line-height:normal\"><span style=\"font-family:Calibri,sans-serif\"><a href=\"https:\/\/www.instagram.com\/sobeccnacional\/p\/DA1V8NZyhNK\/?img_index=1\" style=\"color:blue; text-decoration:underline\"><b><span style=\"font-size:14.0pt\">17&ordm; Congresso Brasileiro de Enfermagem em Centro Cir&uacute;rgico: &ldquo;O poder de cuidar&rdquo;<\/span><\/b><\/a><span style=\"font-size:14.0pt\">, 01 a 03 de outubro de 2025, Transamerica Expo Center, S&atilde;o Paulo, SP<\/span><\/span><\/span><\/span><\/p>\r\n\r\n<p style=\"text-align:justify\"><span style=\"font-size:11pt\"><span style=\"line-height:normal\"><span style=\"font-family:Calibri,sans-serif\"><a href=\"https:\/\/his.saudebusiness.com\/pt\/home.html\" style=\"color:blue; text-decoration:underline\"><b><span style=\"font-size:14.0pt\">Healthcare Innovation Show (HIS)<\/span><\/b><\/a><span style=\"font-size:14.0pt\">, 01 e 02 de outubro de 2025, 09h &agrave;s 18h, S&atilde;o Paulo Expo<\/span><\/span><\/span><\/span><\/p>\r\n\r\n<p style=\"text-align:justify\"><span style=\"font-size:11pt\"><span style=\"line-height:normal\"><span style=\"font-family:Calibri,sans-serif\"><a href=\"https:\/\/www.abrafiltros.org.br\/3o-seminario-brasileiro-de-filtros-acontecera-no-dia-08-de-outubro\/\" style=\"color:blue; text-decoration:underline\"><b><span style=\"font-size:14.0pt\">3&ordm; Semin&aacute;rio Brasileiro de Filtros<\/span><\/b><\/a><span style=\"font-size:14.0pt\">, 08 de outubro de 2025, evento presencial<\/span><\/span><\/span><\/span><\/p>\r\n\r\n<p style=\"text-align:justify\"><span style=\"font-size:11pt\"><span style=\"line-height:normal\"><span style=\"font-family:Calibri,sans-serif\"><a href=\"https:\/\/hospitalmed.com.br\/feira\/\" style=\"color:blue; text-decoration:underline\"><b><span style=\"font-size:14.0pt\">HospitalMed 2025<\/span><\/b><\/a><span style=\"font-size:14.0pt\">, 22 a 24 de outubro, Pernambuco Centro de Conven&ccedil;&otilde;es, Olinda<\/span><\/span><\/span><\/span><\/p>\r\n\r\n<p style=\"text-align:justify\"><span style=\"font-size:11pt\"><span style=\"line-height:normal\"><span style=\"font-family:Calibri,sans-serif\"><a href=\"https:\/\/www.congressoabit.com.br\/\" style=\"color:blue; text-decoration:underline\"><b><span style=\"font-size:14.0pt\">Congresso Internacional Abit 2025<\/span><\/b><\/a><span style=\"font-size:14.0pt\">, 29 e 30 de outubro, 08h &agrave;s 20h, FIESP, S&atilde;o Paulo, SP<\/span><\/span><\/span><\/span><\/p>\r\n\r\n<p style=\"text-align:justify\"><span style=\"font-size:11pt\"><span style=\"line-height:normal\"><span style=\"font-family:Calibri,sans-serif\"><a href=\"https:\/\/filtech.de\/\" style=\"color:blue; text-decoration:underline\"><b><span style=\"font-size:14.0pt\">Filtech 2026<\/span><\/b><\/a><span style=\"font-size:14.0pt\">, de 30 de junho a 2 de julho, Cologne, Alemanha<\/span><\/span><\/span><\/span><\/p>\r\n\r\n<p style=\"text-align:justify\"><span style=\"font-size:11pt\"><span style=\"line-height:normal\"><span style=\"font-family:Calibri,sans-serif\"><a href=\"https:\/\/ficons.com.br\/\" style=\"color:blue; text-decoration:underline\"><b><span style=\"font-size:14.0pt\">FICONS - Feira Internacional de Materiais, Equipamentos e Servi&ccedil;os da Constru&ccedil;&atilde;o<\/span><\/b><\/a><span style=\"font-size:14.0pt\">, 15 a 18 de setembro de 2026, Centro de Conven&ccedil;&otilde;es de Pernambuco Recife\/ Olinda<\/span><\/span><\/span><\/span><\/p>\r\n\r\n<p style=\"text-align:justify\"><span style=\"font-size:28pt\"><span style=\"font-family:Cambria,serif\"><span style=\"letter-spacing:-0.5pt\"><b><span style=\"font-size:18.0pt\"><span style=\"font-family:&quot;Calibri&quot;,sans-serif\"><span style=\"font-variant:small-caps\">Setor<\/span><\/span><\/span><\/b><\/span><\/span><\/span><\/p>\r\n\r\n<p style=\"text-align:justify\"><span style=\"font-size:11pt\"><span style=\"line-height:normal\"><span style=\"font-family:Calibri,sans-serif\"><a href=\"https:\/\/www.globenewswire.com\/news-release\/2025\/08\/06\/3127994\/0\/en\/Nonwoven-Fabrics-Market-worth-72-21-billion-by-2030-at-a-CAGR-of-5-7-says-MarketsandMarkets.html\" style=\"color:blue; text-decoration:underline\"><span style=\"font-size:14.0pt\">Mercado de n&atilde;otecidos avaliado em US$ 72,21 bilh&otilde;es at&eacute; 2030, com um CAGR de 5,7%, afirma MarketsandMarkets&trade;<\/span><\/a><\/span><\/span><\/span><\/p>\r\n\r\n<p style=\"text-align:justify\"><span style=\"font-size:11pt\"><span style=\"line-height:normal\"><span style=\"font-family:Calibri,sans-serif\"><a href=\"https:\/\/www.technical-textiles.net\/news\/lightweight-geotextiles-made-superabsorbent-fibres\" style=\"color:blue; text-decoration:underline\"><span lang=\"EN-US\" style=\"font-size:14.0pt\">Lightweight geotextiles made from superabsorbent fibres<\/span><\/a><\/span><\/span><\/span><\/p>\r\n\r\n<p style=\"text-align:justify\"><span style=\"font-size:11pt\"><span style=\"line-height:normal\"><span style=\"font-family:Calibri,sans-serif\"><a href=\"https:\/\/braziljournal.com\/exclusivo-braskem-coloca-ativos-nos-eua-a-venda\/\" style=\"color:blue; text-decoration:underline\"><span style=\"font-size:14.0pt\">Braskem coloca ativos nos EUA &agrave; venda<\/span><\/a><\/span><\/span><\/span><\/p>\r\n\r\n<p style=\"text-align:justify\"><span style=\"font-size:11pt\"><span style=\"line-height:normal\"><span style=\"font-family:Calibri,sans-serif\"><a href=\"https:\/\/investnews.com.br\/negocios\/brkm5-braskem-trimestre-rumor-eua\/\" style=\"color:blue; text-decoration:underline\"><span style=\"font-size:14.0pt\">Em um dos piores trimestres da hist&oacute;ria da Braskem, uma conveni&ecirc;ncia &ndash; e um novo f&ocirc;lego<\/span><\/a><\/span><\/span><\/span><\/p>\r\n\r\n<p style=\"text-align:justify\"><span style=\"font-size:11pt\"><span style=\"line-height:normal\"><span style=\"font-family:Calibri,sans-serif\"><a href=\"https:\/\/bahiaeconomica.com.br\/wp\/2025\/08\/08\/braskem-estuda-instalar-unidade-verde-na-bahia\/\" style=\"color:blue; text-decoration:underline\"><span style=\"font-size:14.0pt\">Braskem estuda instalar unidade verde na Bahia<\/span><\/a><\/span><\/span><\/span><\/p>\r\n\r\n<p style=\"text-align:justify\"><span style=\"font-size:28pt\"><span style=\"font-family:Cambria,serif\"><span style=\"letter-spacing:-0.5pt\"><b><span style=\"font-size:18.0pt\"><span style=\"font-family:&quot;Calibri&quot;,sans-serif\"><span style=\"font-variant:small-caps\">Ind&uacute;stria<\/span><\/span><\/span><\/b><\/span><\/span><\/span><\/p>\r\n\r\n<p style=\"text-align:justify\"><span style=\"font-size:11pt\"><span style=\"line-height:normal\"><span style=\"font-family:Calibri,sans-serif\"><a href=\"https:\/\/noticias.portaldaindustria.com.br\/noticias\/economia\/faturamento-da-industria-cresce-65-no-primeiro-semestre-mas-resultados-recentes-sinalizam-desaceleracao-alerta-cni\/\" style=\"color:blue; text-decoration:underline\"><span style=\"font-size:14.0pt\">Faturamento da ind&uacute;stria cresce 6,5% no primeiro semestre, mas resultados recentes sinalizam desacelera&ccedil;&atilde;o, alerta CNI<\/span><\/a><\/span><\/span><\/span><\/p>\r\n\r\n<p style=\"text-align:justify\"><span style=\"font-size:11pt\"><span style=\"line-height:normal\"><span style=\"font-family:Calibri,sans-serif\"><a href=\"https:\/\/www.folhape.com.br\/economia\/ibge-producao-industrial-cresce-em-7-de-15-locais-pesquisados-em\/429923\/\" style=\"color:blue; text-decoration:underline\"><span style=\"font-size:14.0pt\">IBGE: produ&ccedil;&atilde;o industrial cresce em 7 de 15 locais pesquisados em junho ante maio<\/span><\/a><\/span><\/span><\/span><\/p>\r\n\r\n<p style=\"text-align:justify\"><span style=\"font-size:11pt\"><span style=\"line-height:normal\"><span style=\"font-family:Calibri,sans-serif\"><a href=\"https:\/\/www.gazetadopovo.com.br\/economia\/plano-governo-tarifa-trump-risco-fiscal\/\" style=\"color:blue; text-decoration:underline\"><span style=\"font-size:14.0pt\">Com atraso e setores demitindo, governo tenta fechar plano contra tarifa de Trump ao Brasil<\/span><\/a><\/span><\/span><\/span><\/p>\r\n\r\n<p style=\"text-align:justify\"><span style=\"font-size:11pt\"><span style=\"line-height:normal\"><span style=\"font-family:Calibri,sans-serif\"><a href=\"https:\/\/mercadoeconsumo.com.br\/11\/08\/2025\/noticias\/governo-quer-aumentar-numero-de-setores-fora-do-tarifaco\/?utm_medium=email&amp;utm_campaign=news_fechamento_diario_sem_artigo_-_1108&amp;utm_source=RD+Station\" style=\"color:blue; text-decoration:underline\"><span style=\"font-size:14.0pt\">Governo quer aumentar n&uacute;mero de setores fora do tarifa&ccedil;o<\/span><\/a><\/span><\/span><\/span><\/p>\r\n\r\n<p style=\"text-align:justify\"><span style=\"font-size:11pt\"><span style=\"line-height:normal\"><span style=\"font-family:Calibri,sans-serif\"><a href=\"https:\/\/portal.fgv.br\/noticias\/credito-segue-como-gargalo-para-o-avanco-da-infraestrutura-aponta-fgv-ibre\" style=\"color:blue; text-decoration:underline\"><span style=\"font-size:14.0pt\">Cr&eacute;dito segue como gargalo para o avan&ccedil;o da infraestrutura, aponta FGV IBRE<\/span><\/a><\/span><\/span><\/span><\/p>\r\n\r\n<p style=\"text-align:justify\"><span style=\"font-size:11pt\"><span style=\"line-height:normal\"><span style=\"font-family:Calibri,sans-serif\"><a href=\"https:\/\/www.jornaldocomercio.com\/economia\/2025\/08\/1213773-alckmin-recebe-abicalcados-para-tratar-de-medidas-para-mitigar-sobretaxa-norte-americana.html\" style=\"color:blue; text-decoration:underline\"><span style=\"font-size:14.0pt\">Alckmin recebe Abical&ccedil;ados para tratar de medidas para mitigar sobretaxa norte-americana<\/span><\/a><\/span><\/span><\/span><\/p>\r\n\r\n<p style=\"text-align:justify\"><span style=\"font-size:28pt\"><span style=\"font-family:Cambria,serif\"><span style=\"letter-spacing:-0.5pt\"><b><span style=\"font-size:18.0pt\"><span style=\"font-family:&quot;Calibri&quot;,sans-serif\"><span style=\"font-variant:small-caps\">Sustentabilidade<\/span><\/span><\/span><\/b><\/span><\/span><\/span><\/p>\r\n\r\n<p style=\"text-align:justify\"><span style=\"font-size:11pt\"><span style=\"line-height:normal\"><span style=\"font-family:Calibri,sans-serif\"><a href=\"https:\/\/g1.globo.com\/jornal-nacional\/noticia\/2025\/08\/05\/conferencia-da-onu-negocia-acordo-para-acabar-com-poluicao-dos-plasticos-no-planeta.ghtml\" style=\"color:blue; text-decoration:underline\"><span style=\"font-size:14.0pt\">Confer&ecirc;ncia da ONU negocia acordo para acabar com polui&ccedil;&atilde;o dos pl&aacute;sticos no planeta<\/span><\/a><\/span><\/span><\/span><\/p>\r\n\r\n<p style=\"text-align:justify\"><span style=\"font-size:11pt\"><span style=\"line-height:normal\"><span style=\"font-family:Calibri,sans-serif\"><a href=\"https:\/\/www12.senado.leg.br\/radio\/1\/noticia\/2025\/08\/08\/comissao-analisa-regras-para-a-economia-circular-do-plastico-no-brasil\" style=\"color:blue; text-decoration:underline\"><span style=\"font-size:14.0pt\">Comiss&atilde;o analisa regras para a economia circular do pl&aacute;stico<\/span><\/a><\/span><\/span><\/span><\/p>\r\n\r\n<p style=\"text-align:justify\"><span style=\"font-size:11pt\"><span style=\"line-height:normal\"><span style=\"font-family:Calibri,sans-serif\"><a href=\"https:\/\/www.textileworld.com\/textile-world\/fiber-world\/2025\/08\/deakin-universitys-recycling-hub-reach-and-samsara-eco-unite-to-transform-textile-recycling-with-enzyme-technology\/\" style=\"color:blue; text-decoration:underline\"><span lang=\"EN-US\" style=\"font-size:14.0pt\">Deakin University&rsquo;s Recycling Hub (REACH) And Samsara Eco Unite To Transform Textile Recycling With Enzyme Technology<\/span><\/a><\/span><\/span><\/span><\/p>\r\n\r\n<p style=\"text-align:justify\"><span style=\"font-size:28pt\"><span style=\"font-family:Cambria,serif\"><span style=\"letter-spacing:-0.5pt\"><b><span style=\"font-size:18.0pt\"><span style=\"font-family:&quot;Calibri&quot;,sans-serif\"><span style=\"font-variant:small-caps\">Inova&ccedil;&atilde;o<\/span><\/span><\/span><\/b><\/span><\/span><\/span><\/p>\r\n\r\n<p style=\"text-align:justify\"><span style=\"font-size:11pt\"><span style=\"line-height:normal\"><span style=\"font-family:Calibri,sans-serif\"><a href=\"https:\/\/clickpetroleoegas.com.br\/estrada-que-se-conserta-sozinha-rodovia-brasileira-ganha-asfalto-com-plastico-reciclado-capaz-de-se-recuperar-automaticamente-afch\/\" style=\"color:blue; text-decoration:underline\"><span style=\"font-size:14.0pt\">Estrada que se conserta sozinha? Rodovia brasileira ganha asfalto com pl&aacute;stico reciclado capaz de se recuperar automaticamente<\/span><\/a><\/span><\/span><\/span><\/p>\r\n\r\n<p style=\"text-align:justify\"><span style=\"font-size:11pt\"><span style=\"line-height:normal\"><span style=\"font-family:Calibri,sans-serif\"><a href=\"https:\/\/agenciabrasil.ebc.com.br\/meio-ambiente\/noticia\/2025-08\/pesquisadores-propoem-estrategias-de-combate-ao-microplastico-no-pais\" style=\"color:blue; text-decoration:underline\"><span style=\"font-size:14.0pt\">Pesquisadores prop&otilde;em estrat&eacute;gias de combate ao micropl&aacute;stico no pa&iacute;s<\/span><\/a><\/span><\/span><\/span><\/p>\r\n\r\n<p style=\"text-align:justify\"><span style=\"font-size:28pt\"><span style=\"font-family:Cambria,serif\"><span style=\"letter-spacing:-0.5pt\"><b><span style=\"font-size:18.0pt\"><span style=\"font-family:&quot;Calibri&quot;,sans-serif\"><span style=\"font-variant:small-caps\">Com&eacute;rcio Exterior<\/span><\/span><\/span><\/b><\/span><\/span><\/span><\/p>\r\n\r\n<p style=\"text-align:justify\"><span style=\"font-size:11pt\"><span style=\"line-height:normal\"><span style=\"font-family:Calibri,sans-serif\"><a href=\"https:\/\/noticias.portaldaindustria.com.br\/noticias\/internacional\/tarifas-adicionais-dos-eua-afetam-778-das-exportacoes-brasileiras-ao-pais-mostra-levantamento-da-cni\/\" style=\"color:blue; text-decoration:underline\"><span style=\"font-size:14.0pt\">Tarifas adicionais dos EUA afetam 77,8% das exporta&ccedil;&otilde;es brasileiras ao pa&iacute;s, mostra levantamento da CNI<\/span><\/a><\/span><\/span><\/span><\/p>\r\n\r\n<p style=\"text-align:justify\"><span style=\"font-size:11pt\"><span style=\"line-height:normal\"><span style=\"font-family:Calibri,sans-serif\"><a href=\"https:\/\/agenciabrasil.ebc.com.br\/economia\/noticia\/2025-08\/com-tarifaco-desafio-de-exportadores-e-encontrar-novos-mercados\" style=\"color:blue; text-decoration:underline\"><span style=\"font-size:14.0pt\">Com tarifa&ccedil;o, desafio de exportadores &eacute; encontrar novos mercados<\/span><\/a><\/span><\/span><\/span><\/p>\r\n\r\n<p style=\"text-align:justify\"><span style=\"font-size:28pt\"><span style=\"font-family:Cambria,serif\"><span style=\"letter-spacing:-0.5pt\"><b><span style=\"font-size:18.0pt\"><span style=\"font-family:&quot;Calibri&quot;,sans-serif\"><span style=\"font-variant:small-caps\">Economia<\/span><\/span><\/span><\/b><\/span><\/span><\/span><\/p>\r\n\r\n<p style=\"text-align:justify\"><span style=\"font-size:11pt\"><span style=\"line-height:normal\"><span style=\"font-family:Calibri,sans-serif\"><a href=\"https:\/\/www.bcb.gov.br\/content\/focus\/focus\/R20250808.pdf\" style=\"color:blue; text-decoration:underline\"><span style=\"font-size:14.0pt\">Focus - Relat&oacute;rio de Mercado<\/span><\/a><\/span><\/span><\/span><\/p>\r\n\r\n<p style=\"text-align:justify\"><span style=\"font-size:11pt\"><span style=\"line-height:normal\"><span style=\"font-family:Calibri,sans-serif\"><a href=\"https:\/\/www.serpro.gov.br\/arquivos\/infografico-digital-reforma-tributaria.pdf\" style=\"color:blue; text-decoration:underline\"><span style=\"font-size:14.0pt\">Serpro: Infogr&aacute;fico Reforma Tribut&aacute;ria<\/span><\/a><\/span><\/span><\/span><\/p>\r\n\r\n<p style=\"text-align:justify\"><span style=\"font-size:11pt\"><span style=\"line-height:normal\"><span style=\"font-family:Calibri,sans-serif\"><a href=\"https:\/\/blogdoibre.fgv.br\/posts\/pec-6623-contornando-o-muro-fiscal-de-novo\" style=\"color:blue; text-decoration:underline\"><span style=\"font-size:14.0pt\">PEC 66\/23: Contornando o muro fiscal (de novo)<\/span><\/a><\/span><\/span><\/span><\/p>\r\n\r\n<p style=\"text-align:justify\"><img src=\"https:\/\/www.abint.org.br\/assets\/img\/editor\/redes-sociais-abint-ctg-cth_20250722174554BZqU7o4ypm.jpg\" \/><\/p>\r\n","texto_en":"","7":"","imagem":"COMP_capa-2025-site-boletim-abint-noticias-semanis_20250812165552kllkzTeuRR.jpg","8":"COMP_capa-2025-site-boletim-abint-noticias-semanis_20250812165552kllkzTeuRR.jpg","arquivo":"20250812-BOLETIM-ABINT-DE-NOTICIAS-SEMANAIS.PDF","9":"20250812-BOLETIM-ABINT-DE-NOTICIAS-SEMANAIS.PDF","titulo_arquivo":"20250812 Boletim ABINT de Not\u00edcias Semanais","10":"20250812 Boletim ABINT de Not\u00edcias Semanais","titulo_arquivo_en":"","11":"","created_at":"2025-08-12 16:56:10","12":"2025-08-12 16:56:10","updated_at":"2025-08-12 16:56:10","13":"2025-08-12 16:56:10"},{"id":183,"0":183,"ordem":37,"1":37,"data":"2025-08-05","2":"2025-08-05","slug":"boletim-abint-de-noticias-semanais-87","3":"boletim-abint-de-noticias-semanais-87","titulo":"Boletim ABINT de Not\u00edcias Semanais","4":"Boletim ABINT de Not\u00edcias Semanais","titulo_en":"","5":"","texto":"<p style=\"text-align:justify\"><span style=\"font-size:11pt\"><span style=\"line-height:normal\"><span style=\"font-family:Calibri,sans-serif\"><span style=\"font-size:14.0pt\">Esta &eacute; uma compila&ccedil;&atilde;o das not&iacute;cias mais relevantes para o setor, incluindo informa&ccedil;&otilde;es sobre acordos internacionais, economia brasileira, sustentabilidade e mat&eacute;rias primas, al&eacute;m de novidades do setor de N&atilde;otecidos e Tecidos T&eacute;cnicos.<\/span><\/span><\/span><\/span><\/p>\r\n\r\n<p style=\"text-align:justify\"><span style=\"font-size:28pt\"><span style=\"font-family:Cambria,serif\"><span style=\"letter-spacing:-0.5pt\"><b><span style=\"font-size:18.0pt\"><span style=\"font-family:&quot;Calibri&quot;,sans-serif\"><span style=\"font-variant:small-caps\">A&ccedil;&otilde;es ABINT | julho 2025<\/span><\/span><\/span><\/b><\/span><\/span><\/span><\/p>\r\n\r\n<ul>\r\n\t<li style=\"text-align:justify; margin-left:8px\"><span style=\"font-size:11pt\"><span style=\"line-height:normal\"><span style=\"font-family:Calibri,sans-serif\"><span style=\"font-size:14.0pt\">Em 02\/07, a ABINT, representada pela Eng.&ordf; Cristiane Lima, participou de reuni&atilde;o com representantes do Departamento de Desenvolvimento da Ind&uacute;stria de Bens de Consumo n&atilde;o Dur&aacute;veis e Semidur&aacute;veis (DIBEN), subordinado ao MDIC, para tratar do avan&ccedil;o das propostas de a&ccedil;&otilde;es para o Plano de A&ccedil;&atilde;o Setorial do Grupo de Trabalho de T&ecirc;xteis T&eacute;cnicos no &acirc;mbito da Nova Ind&uacute;stria Brasil (NIB). Os setores alvo para fomento de uso e aplica&ccedil;&otilde;es dos T&ecirc;xteis T&eacute;cnicos s&atilde;o Agroneg&oacute;cio, Infraestrutura e Sa&uacute;de;<\/span><\/span><\/span><\/span><\/li>\r\n\t<li style=\"text-align:justify; margin-left:8px\"><span style=\"font-size:11pt\"><span style=\"line-height:normal\"><span style=\"font-family:Calibri,sans-serif\"><span style=\"font-size:14.0pt\">Em 16\/07, a Eng.&ordf; Samira Paranhos, coordenadora do CTG ABINT, foi convidada a participar da reuni&atilde;o do Instituto Chico Mendes de Conserva&ccedil;&atilde;o da Biodiversidade (ICMBio), a fim de pensar em solu&ccedil;&otilde;es de Geossint&eacute;ticos que possam ser instaladas sobre a geomembrana nos canais irriga&ccedil;&atilde;o da regi&atilde;o do munic&iacute;pio de Barreiras, na Bahia, para facilitar a sa&iacute;da dos animais silvestres. O CTG ABINT dar&aacute; suporte t&eacute;cnico no desenvolvimento de solu&ccedil;&otilde;es de engenharia espec&iacute;ficas para ajudar esses animais a escaparem mais facilmente;<\/span><\/span><\/span><\/span><\/li>\r\n\t<li style=\"text-align:justify; margin-left:8px\"><span style=\"font-size:11pt\"><span style=\"line-height:normal\"><span style=\"font-family:Calibri,sans-serif\"><span style=\"font-size:14.0pt\">Em 17\/07 a ABINT e v&aacute;rias associadas, juntamente com outras entidades e institui&ccedil;&otilde;es, participaram do Workshop sobre T&ecirc;xteis T&eacute;cnicos: &ldquo;Tend&ecirc;ncias e Desafios Tecnol&oacute;gicos &agrave;s Novas Solu&ccedil;&otilde;es para o Setor do Agroneg&oacute;cio&rdquo;, na sede do SENAI-SP, em S&atilde;o Bernardo do Campo. O evento teve como objetivo levantar desafios e reunir oportunidades para o fomento de pesquisas e desenvolvimento de aplica&ccedil;&otilde;es dos t&ecirc;xteis t&eacute;cnicos no Setor do Agroneg&oacute;cio, atrav&eacute;s de &oacute;rg&atilde;os como Embrapii e FINEP;<\/span><\/span><\/span><\/span><\/li>\r\n\t<li style=\"text-align:justify; margin-left:8px\"><span style=\"font-size:11pt\"><span style=\"line-height:normal\"><span style=\"font-family:Calibri,sans-serif\"><span style=\"font-size:14.0pt\">Durante a segunda quinzena de julho a Assessoria de Imprensa e Comunica&ccedil;&atilde;o da ABINT realizou rodadas de reuni&otilde;es com as Associadas para saber como o setor est&aacute; trabalhando e avan&ccedil;ando em inova&ccedil;&atilde;o e sustentabilidade nos diversas segmentos em que atua.<\/span><\/span><\/span><\/span><\/li>\r\n<\/ul>\r\n\r\n<p style=\"text-align:justify\"><span style=\"font-size:28pt\"><span style=\"font-family:Cambria,serif\"><span style=\"letter-spacing:-0.5pt\"><b><span style=\"font-size:18.0pt\"><span style=\"font-family:&quot;Calibri&quot;,sans-serif\"><span style=\"font-variant:small-caps\">O que vem por a&iacute;<\/span><\/span><\/span><\/b><\/span><\/span><\/span><\/p>\r\n\r\n<p style=\"text-align:justify\"><span style=\"font-size:28pt\"><span style=\"font-family:Cambria,serif\"><span style=\"letter-spacing:-0.5pt\"><b><span style=\"font-size:18.0pt\"><span style=\"font-family:&quot;Calibri&quot;,sans-serif\"><span style=\"font-variant:small-caps\"><img src=\"https:\/\/www.abint.org.br\/assets\/img\/editor\/post-live-lancamento-manual-ctg-compradores_20250805192559PnW565w4eL.jpeg\" style=\"width: 700px; height: 394px;\" \/><\/span><\/span><\/span><\/b><\/span><\/span><\/span><\/p>\r\n\r\n<p style=\"text-align:justify\"><span style=\"font-size:11pt\"><span style=\"line-height:normal\"><span style=\"font-family:Calibri,sans-serif\"><a href=\"https:\/\/www.youtube.com\/live\/EBSHpDfwSYM?si=ENHIJYjNWgl2wuQB\" style=\"color:blue; text-decoration:underline\"><b><span style=\"font-size:14.0pt\">Canal Geotecnia Brasil no Youtube<\/span><\/b><\/a><\/span><\/span><\/span><\/p>\r\n\r\n<p style=\"text-align:justify\">&nbsp;<\/p>\r\n\r\n<p><b><img src=\"https:\/\/www.abint.org.br\/assets\/img\/editor\/post-quadrado-curso-naotecido_20250730120640vCt4aT9hJj.jpg\" style=\"width: 500px; height: 500px;\" \/><\/b><\/p>\r\n\r\n<p><strong><a href=\"https:\/\/forms.cloud.microsoft\/r\/5DrqtK5n3Y\">Acesse aqui para fazer sua inscri&ccedil;&atilde;o<\/a><\/strong><\/p>\r\n\r\n<p>&nbsp;<\/p>\r\n\r\n<p><b><img src=\"https:\/\/www.abint.org.br\/assets\/img\/editor\/2o-seminario-abrafiltros-abint-apoiador_2025072217401523mrTUXRqU.png\" style=\"width: 500px; height: 500px;\" \/><\/b><\/p>\r\n\r\n<p><a href=\"https:\/\/doity.com.br\/3-seminario-brasileiro-de-filtros\"><b>Acesse aqui mais informa&ccedil;&otilde;es<\/b><\/a><\/p>\r\n\r\n<p>&nbsp;<\/p>\r\n\r\n<p><img src=\"https:\/\/www.abint.org.br\/assets\/img\/editor\/congresso-internacional-abit-2025_20250722174119edr5xq8iJH.png\" style=\"width: 700px; height: 256px;\" \/><\/p>\r\n\r\n<p><a href=\"https:\/\/www.congressoabit.com.br\/\"><b>Acesse aqui mais informa&ccedil;&otilde;es<\/b><\/a><\/p>\r\n\r\n<p><span style=\"font-size:28pt\"><span style=\"font-family:Cambria,serif\"><span style=\"letter-spacing:-0.5pt\"><b><span style=\"font-size:18.0pt\"><span style=\"font-family:&quot;Calibri&quot;,sans-serif\"><span style=\"font-variant:small-caps\">Not&iacute;cias das Associadas<\/span><\/span><\/span><\/b><\/span><\/span><\/span><\/p>\r\n\r\n<p style=\"text-align:justify\"><span style=\"font-size:11pt\"><span style=\"line-height:normal\"><span style=\"font-family:Calibri,sans-serif\"><a href=\"https:\/\/br.investing.com\/news\/earnings\/acoes-da-andritz-caem-apos-corte-de-previsao-apesar-de-superacao-de-pedidos-no-2o-tri-1628986\" style=\"color:blue; text-decoration:underline\"><span style=\"font-size:14.0pt\">A&ccedil;&otilde;es da Andritz caem ap&oacute;s corte de previs&atilde;o apesar de supera&ccedil;&atilde;o de pedidos no 2&ordm; tri<\/span><\/a><\/span><\/span><\/span><\/p>\r\n\r\n<p style=\"text-align:justify\"><span style=\"font-size:11pt\"><span style=\"line-height:normal\"><span style=\"font-family:Calibri,sans-serif\"><a href=\"https:\/\/itaqueraemnoticias.com.br\/noticia\/147931\/corteco-reforca-linha-de-produtos-para-o-setor-de-duas-rodas\" style=\"color:blue; text-decoration:underline\"><span style=\"font-size:14.0pt\">A Corteco, do Grupo Freudenberg, refor&ccedil;a linha de produtos para o setor de duas rodas<\/span><\/a><\/span><\/span><\/span><\/p>\r\n\r\n<p style=\"text-align:justify\"><span style=\"font-size:11pt\"><span style=\"line-height:normal\"><span style=\"font-family:Calibri,sans-serif\"><a href=\"https:\/\/www.innovationintextiles.com\/fibres-yarns-fabrics\/carbios-enters-rpet-filament-market-for-tyres\/\" style=\"color:blue; text-decoration:underline\"><span lang=\"EN-US\" style=\"font-size:14.0pt\">Indorama | Carbios enters r-PET filament market for tyres<\/span><\/a><\/span><\/span><\/span><\/p>\r\n\r\n<p style=\"text-align:justify\"><span style=\"font-size:11pt\"><span style=\"line-height:normal\"><span style=\"font-family:Calibri,sans-serif\"><a href=\"https:\/\/maua.br\/noticias\/infomaua\/353\/texto\/1523?utm_source=akna&amp;utm_medium=email&amp;utm_campaign=InfoMaua-165-Jose-Carlos-de-Souza-Jr-lidera-nova-fase-da-Maua\" style=\"color:blue; text-decoration:underline\"><span style=\"font-size:14.0pt\">Engenheiro Mau&aacute; impulsiona sustentabilidade em projetos globais<\/span><\/a><\/span><\/span><\/span><\/p>\r\n\r\n<p style=\"text-align:justify\">&nbsp;<\/p>\r\n\r\n<p style=\"text-align:justify\"><span style=\"font-size:11pt\"><span style=\"line-height:normal\"><span style=\"font-family:Calibri,sans-serif\"><b><span style=\"font-size:18.0pt\"><span style=\"font-variant:small-caps\">Eventos<\/span><\/span><\/b><\/span><\/span><\/span><\/p>\r\n\r\n<p style=\"text-align:justify\"><span style=\"font-size:11pt\"><span style=\"line-height:normal\"><span style=\"font-family:Calibri,sans-serif\"><a href=\"https:\/\/www.sympla.com.br\/evento\/parana-plast-meeting\/3042252?utm_campaign=Paran%C3%A1+Plast+Meeting+-+Participe%21&amp;utm_content=Paran%C3%A1+Plast+Meeting+em+Pinhais+-+Sympla&amp;utm_medium=email&amp;utm_source=dinamize&amp;utm_term=Paran%C3%A1+Plast+Meeting+-+Participe%21\" style=\"color:blue; text-decoration:underline\"><b><span style=\"font-size:14.0pt\">Paran&aacute; Plast Meeting<\/span><\/b><\/a><span style=\"font-size:14.0pt\">, 06 de agosto de 2025, 15h &agrave;s 19h, evento presencia, Expotrade Convention Center, Pinhais, PR<\/span><\/span><\/span><\/span><\/p>\r\n\r\n<p style=\"text-align:justify\"><span style=\"font-size:11pt\"><span style=\"line-height:normal\"><span style=\"font-family:Calibri,sans-serif\"><a href=\"https:\/\/www.abicol.org\/encontro-das-industrias-de-colchoes-2025\/\" style=\"color:blue; text-decoration:underline\"><b><span style=\"font-size:14.0pt\">ABICOL | ENICOL 2025 - Encontro das Ind&uacute;strias de Colch&otilde;es<\/span><\/b><\/a><span style=\"font-size:14.0pt\">, 07 e 08 de agosto, evento presencial, Royal Tulip Bras&iacute;lia Alvorada<\/span><\/span><\/span><\/span><\/p>\r\n\r\n<p style=\"text-align:justify\"><span style=\"font-size:11pt\"><span style=\"line-height:normal\"><span style=\"font-family:Calibri,sans-serif\"><a href=\"https:\/\/app.rdstation.email\/mail\/dcaf387f-c8f0-4b5e-88da-7d1bd819cc16?utm_campaign=ws_reforma_tributaria_-_ago25&amp;utm_medium=email&amp;utm_source=RD+Station\" style=\"color:blue; text-decoration:underline\"><b><span style=\"font-size:14.0pt\">Workshop Abit | Reforma Tribut&aacute;ria: Impactos e Perspectivas para o Setor T&amp;C<\/span><\/b><\/a><span style=\"font-size:14.0pt\">, 12 de agosto, 09h00 &agrave;s 10h30, evento h&iacute;brido<\/span><\/span><\/span><\/span><\/p>\r\n\r\n<p style=\"text-align:justify\"><span style=\"font-size:11pt\"><span style=\"line-height:normal\"><span style=\"font-family:Calibri,sans-serif\"><a href=\"https:\/\/horizons.fia.com.br\/?utm_campaign=apoio_institucional_horizons_2025&amp;utm_medium=email&amp;utm_source=RD+Station\" style=\"color:blue; text-decoration:underline\"><b><span style=\"font-size:14.0pt\">Horizons 2025 &ndash; Inova&ccedil;&atilde;o, Tecnologia e Neg&oacute;cios Unidos pelo Planeta<\/span><\/b><\/a><span style=\"font-size:14.0pt\">, 13 e 14 de agosto, FIA Business School, Birmann 21 e Centro de Inova&ccedil;&atilde;o Bruno Covas, S&atilde;o Paulo<\/span><\/span><\/span><\/span><\/p>\r\n\r\n<p style=\"text-align:justify\"><span style=\"font-size:11pt\"><span style=\"line-height:normal\"><span style=\"font-family:Calibri,sans-serif\"><a href=\"https:\/\/public-sam.mkt.dynamics.com\/api\/v1.0\/orgs\/66fa0ed3-2066-4ecb-8208-f91cfd539d6f\/channels\/mails\/vib\/a718f98b-97c9-ed11-b596-002248e0d680_e40a83ba-4171-f011-bec1-00224836851f_19ed9582-b34e-36cc-2ee1-f504f6403719_23e175c8-5e69-f011-bec3-000d3a88c4d0#msdynmkt_trackingcontext=524d5d61-0a57-4a29-8e0d-ce0803ba0300\" style=\"color:blue; text-decoration:underline\"><b><span style=\"font-size:14.0pt\">ApexBrasil | Webs&eacute;rie Direto do Mercado: Edi&ccedil;&atilde;o Chile<\/span><\/b><\/a><span style=\"font-size:14.0pt\">, 14 de agosto de 2025, 10h &agrave;s 12h, evento online<\/span><\/span><\/span><\/span><\/p>\r\n\r\n<p style=\"text-align:justify\"><span style=\"font-size:11pt\"><span style=\"line-height:normal\"><span style=\"font-family:Calibri,sans-serif\"><a href=\"https:\/\/forumdemanufatura.com.br\/\" style=\"color:blue; text-decoration:underline\"><b><span style=\"font-size:14.0pt\">9&ordm; F&oacute;rum de Manufatura<\/span><\/b><\/a><span style=\"font-size:14.0pt\">, 18 e 19 de agosto de 2025, Novotel Center Norte, S&atilde;o Paulo, SP<\/span><\/span><\/span><\/span><\/p>\r\n\r\n<p style=\"text-align:justify\"><span style=\"font-size:11pt\"><span style=\"line-height:normal\"><span style=\"font-family:Calibri,sans-serif\"><a href=\"https:\/\/app.rdstation.email\/mail\/73f893e3-d4c4-47e1-a0ea-aa0aaf1cfda0?utm_campaign=convite_ws_inovacao&amp;utm_medium=email&amp;utm_source=RD+Station\" style=\"color:blue; text-decoration:underline\"><b><span style=\"font-size:14.0pt\">Workshop Abit | Transformando Inova&ccedil;&atilde;o em Resultado<\/span><\/b><\/a><span style=\"font-size:14.0pt\">, 20 de agosto de 2025, 09h &agrave;s 12h, evento h&iacute;brido<\/span><\/span><\/span><\/span><\/p>\r\n\r\n<p style=\"text-align:justify\"><span style=\"font-size:11pt\"><span style=\"line-height:normal\"><span style=\"font-family:Calibri,sans-serif\"><a href=\"https:\/\/sticni.sharepoint.com\/sites\/PublicShare\/Compartilhamentos\/Forms\/AllItems.aspx?id=%2Fsites%2FPublicShare%2FCompartilhamentos%2FCNI%2D133649%2FPrograma%20Imers%C3%B5es%20em%20Ecossistemas%2FImers%C3%A3o%20Finlandia%20em%20Economia%20Circular%2E%201%2Epdf&amp;parent=%2Fsites%2FPublicShare%2FCompartilhamentos%2FCNI%2D133649%2FPrograma%20Imers%C3%B5es%20em%20Ecossistemas&amp;p=true&amp;ga=1\" style=\"color:blue; text-decoration:underline\"><b><span style=\"font-size:14.0pt\">CNI | Imers&atilde;o Finl&acirc;ndia: Uma conex&atilde;o global com a Economia Circular<\/span><\/b><\/a><span style=\"font-size:14.0pt\">, 01 a 05 de setembro de 2025, inscri&ccedil;&otilde;es at&eacute; 10 de agosto de 2025 ou se encerrarem as vagas, cidades destinos: Helsinki (cidade base), Tampere e Espoo.<\/span><\/span><\/span><\/span><\/p>\r\n\r\n<p style=\"text-align:justify\"><span style=\"font-size:11pt\"><span style=\"line-height:normal\"><span style=\"font-family:Calibri,sans-serif\"><a href=\"https:\/\/www.conbrava.com.br\/\" style=\"color:blue; text-decoration:underline\"><b><span style=\"font-size:14.0pt\">CONBRAVA 2025<\/span><\/b><\/a><span style=\"font-size:14.0pt\">, 10 a 12 de setembro de 2025, S&atilde;o Paulo Expo, Rodovia dos Imigrantes, km 1,5<\/span><\/span><\/span><\/span><\/p>\r\n\r\n<p style=\"text-align:justify\"><span style=\"font-size:11pt\"><span style=\"line-height:normal\"><span style=\"font-family:Calibri,sans-serif\"><a href=\"https:\/\/paving.com.br\/\" style=\"color:blue; text-decoration:underline\"><b><span style=\"font-size:14.0pt\">Paving Expo 2025<\/span><\/b><\/a><span style=\"font-size:14.0pt\">, 23 a 25 de setembro de 2025, Distrito Anhembi, Rua Prof. Milton Rodrigues, s\/n, Santana, S&atilde;o Paulo, SP<\/span><\/span><\/span><\/span><\/p>\r\n\r\n<p style=\"text-align:justify\"><span style=\"font-size:11pt\"><span style=\"line-height:normal\"><span style=\"font-family:Calibri,sans-serif\"><a href=\"https:\/\/www.instagram.com\/sobeccnacional\/p\/DA1V8NZyhNK\/?img_index=1\" style=\"color:blue; text-decoration:underline\"><b><span style=\"font-size:14.0pt\">17&ordm; Congresso Brasileiro de Enfermagem em Centro Cir&uacute;rgico: &ldquo;O poder de cuidar&rdquo;<\/span><\/b><\/a><span style=\"font-size:14.0pt\">, 01 a 03 de outubro de 2025, Transamerica Expo Center, S&atilde;o Paulo, SP<\/span><\/span><\/span><\/span><\/p>\r\n\r\n<p style=\"text-align:justify\"><span style=\"font-size:11pt\"><span style=\"line-height:normal\"><span style=\"font-family:Calibri,sans-serif\"><a href=\"https:\/\/his.saudebusiness.com\/pt\/home.html\" style=\"color:blue; text-decoration:underline\"><b><span style=\"font-size:14.0pt\">Healthcare Innovation Show (HIS)<\/span><\/b><\/a><span style=\"font-size:14.0pt\">, 01 e 02 de outubro de 2025, 09h &agrave;s 18h, S&atilde;o Paulo Expo<\/span><\/span><\/span><\/span><\/p>\r\n\r\n<p style=\"text-align:justify\"><span style=\"font-size:11pt\"><span style=\"line-height:normal\"><span style=\"font-family:Calibri,sans-serif\"><a href=\"https:\/\/www.abrafiltros.org.br\/3o-seminario-brasileiro-de-filtros-acontecera-no-dia-08-de-outubro\/\" style=\"color:blue; text-decoration:underline\"><b><span style=\"font-size:14.0pt\">3&ordm; Semin&aacute;rio Brasileiro de Filtros<\/span><\/b><\/a><span style=\"font-size:14.0pt\">, 08 de outubro de 2025, evento presencial<\/span><\/span><\/span><\/span><\/p>\r\n\r\n<p style=\"text-align:justify\"><span style=\"font-size:11pt\"><span style=\"line-height:normal\"><span style=\"font-family:Calibri,sans-serif\"><a href=\"https:\/\/hospitalmed.com.br\/feira\/\" style=\"color:blue; text-decoration:underline\"><b><span style=\"font-size:14.0pt\">HospitalMed 2025<\/span><\/b><\/a><span style=\"font-size:14.0pt\">, 22 a 24 de outubro, Pernambuco Centro de Conven&ccedil;&otilde;es, Olinda<\/span><\/span><\/span><\/span><\/p>\r\n\r\n<p style=\"text-align:justify\"><span style=\"font-size:11pt\"><span style=\"line-height:normal\"><span style=\"font-family:Calibri,sans-serif\"><a href=\"https:\/\/www.congressoabit.com.br\/\" style=\"color:blue; text-decoration:underline\"><b><span style=\"font-size:14.0pt\">Congresso Internacional Abit 2025<\/span><\/b><\/a><span style=\"font-size:14.0pt\">, 29 e 30 de outubro, 08h &agrave;s 20h, FIESP, S&atilde;o Paulo, SP<\/span><\/span><\/span><\/span><\/p>\r\n\r\n<p style=\"text-align:justify\"><span style=\"font-size:11pt\"><span style=\"line-height:normal\"><span style=\"font-family:Calibri,sans-serif\"><a href=\"https:\/\/filtech.de\/\" style=\"color:blue; text-decoration:underline\"><b><span style=\"font-size:14.0pt\">Filtech 2026<\/span><\/b><\/a><span style=\"font-size:14.0pt\">, de 30 de junho a 2 de julho, Cologne, Alemanha<\/span><\/span><\/span><\/span><\/p>\r\n\r\n<p style=\"text-align:justify\"><span style=\"font-size:11pt\"><span style=\"line-height:normal\"><span style=\"font-family:Calibri,sans-serif\"><a href=\"https:\/\/ficons.com.br\/\" style=\"color:blue; text-decoration:underline\"><b><span style=\"font-size:14.0pt\">FICONS - Feira Internacional de Materiais, Equipamentos e Servi&ccedil;os da Constru&ccedil;&atilde;o<\/span><\/b><\/a><span style=\"font-size:14.0pt\">, 15 a 18 de setembro de 2026, Centro de Conven&ccedil;&otilde;es de Pernambuco Recife\/ Olinda<\/span><\/span><\/span><\/span><\/p>\r\n\r\n<p style=\"text-align:justify\"><span style=\"font-size:28pt\"><span style=\"font-family:Cambria,serif\"><span style=\"letter-spacing:-0.5pt\"><b><span lang=\"EN-US\" style=\"font-size:18.0pt\"><span style=\"font-family:&quot;Calibri&quot;,sans-serif\"><span style=\"font-variant:small-caps\">Setor<\/span><\/span><\/span><\/b><\/span><\/span><\/span><\/p>\r\n\r\n<p style=\"text-align:justify\"><span style=\"font-size:11pt\"><span style=\"line-height:normal\"><span style=\"font-family:Calibri,sans-serif\"><a href=\"https:\/\/www.textileworld.com\/textile-world\/nonwovens-technical-textiles\/2025\/06\/inda-edana-joining-forces-for-enhanced-coordinated-strategy-in-global-nonwovens\/\" style=\"color:blue; text-decoration:underline\"><span lang=\"ES-AR\" style=\"font-size:14.0pt\">INDA, EDANA Joining Forces For Enhanced, Coordinated Strategy In Global Nonwovens<\/span><\/a><\/span><\/span><\/span><\/p>\r\n\r\n<p style=\"text-align:justify\"><span style=\"font-size:11pt\"><span style=\"line-height:normal\"><span style=\"font-family:Calibri,sans-serif\"><a href=\"https:\/\/blogdofinfa.com.br\/2025\/08\/no-recife-mais-uma-encosta-ganha-seguranca-com-a-aplicacao-da-geomanta.html\" style=\"color:blue; text-decoration:underline\"><span style=\"font-size:14.0pt\">No Recife, mais uma encosta ganha seguran&ccedil;a com a aplica&ccedil;&atilde;o da geomanta<\/span><\/a><\/span><\/span><\/span><\/p>\r\n\r\n<p style=\"text-align:justify\"><span style=\"font-size:11pt\"><span style=\"line-height:normal\"><span style=\"font-family:Calibri,sans-serif\"><a href=\"https:\/\/abreuelima.pe.gov.br\/prefeitura-deve-investir-mais-de-r-20-milhoes-em-projetos-de-contencao-de-encostas\/\" style=\"color:blue; text-decoration:underline\"><span style=\"font-size:14.0pt\">Prefeitura deve investir mais de R$ 20 milh&otilde;es em projetos de conten&ccedil;&atilde;o de encostas<\/span><\/a><\/span><\/span><\/span><\/p>\r\n\r\n<p style=\"text-align:justify\"><span style=\"font-size:11pt\"><span style=\"line-height:normal\"><span style=\"font-family:Calibri,sans-serif\"><a href=\"https:\/\/portalpersonalcare.com.br\/fraldas-para-adultos-o-fim-do-tabu-e-o-crescimento-de-um-mercado-em-expansao\/?utm_medium=email&amp;utm_campaign=newsletter_30072025&amp;utm_source=RD+Station\" style=\"color:blue; text-decoration:underline\"><span style=\"font-size:14.0pt\">Fraldas para adultos: o fim do tabu e o crescimento de um mercado em expans&atilde;o<\/span><\/a><\/span><\/span><\/span><\/p>\r\n\r\n<p style=\"text-align:justify\"><span style=\"font-size:11pt\"><span style=\"line-height:normal\"><span style=\"font-family:Calibri,sans-serif\"><a href=\"https:\/\/www.youtube.com\/watch?v=aNEekuMNYTI\" style=\"color:blue; text-decoration:underline\"><span style=\"font-size:14.0pt\">Abra Talks 2025 | 22&ordm; Epis&oacute;dio: &quot;Log&iacute;stica Reversa de filtros: por tr&aacute;s do descarte consciente&quot;<\/span><\/a><\/span><\/span><\/span><\/p>\r\n\r\n<p style=\"text-align:justify\"><span style=\"font-size:11pt\"><span style=\"line-height:normal\"><span style=\"font-family:Calibri,sans-serif\"><a href=\"https:\/\/www.nonwovens-industry.com\/contents\/view_breaking-news\/2025-07-31\/world-of-wipes-held-in-columbus\/15303\" style=\"color:blue; text-decoration:underline\"><span lang=\"ES-AR\" style=\"font-size:14.0pt\">World of Wipes Held in Columbus<\/span><\/a><\/span><\/span><\/span><\/p>\r\n\r\n<p style=\"text-align:justify\"><span style=\"font-size:11pt\"><span style=\"line-height:normal\"><span style=\"font-family:Calibri,sans-serif\"><a href=\"https:\/\/ibsp.net.br\/estrategias-para-reduzir-iras-nas-utis-brasileiras\/\" style=\"color:blue; text-decoration:underline\"><span lang=\"ES-AR\" style=\"font-size:14.0pt\">White paper do Minist&eacute;rio da Sa&uacute;de refor&ccedil;a estrat&eacute;gias para reduzir IRAS nas UTIs brasileiras<\/span><\/a><\/span><\/span><\/span><\/p>\r\n\r\n<p style=\"text-align:justify\"><span style=\"font-size:11pt\"><span style=\"line-height:normal\"><span style=\"font-family:Calibri,sans-serif\"><a href=\"https:\/\/t.rdsv2.net\/ls\/click?upn=u001.SJ-2BHbcLStyE5mTD5OK48sq2JxFfkhvQ6eAz6nLBcupXBdvk8VWV2GUpAWUTNfjA9XbyfNxwlGgiUiabrgPG-2BHjA6gRZMqKVuO0A4fVJLaiACtEOaCxV-2BZLHlHbXg-2BfvkLNmUT-2FR6GJfmuxXdo41XcNYBxMH8d3G1aEnZanW6ptdpzXBopjek0xeRfGTGrdRrY4Ww-2B9pFgmNu8xBCkF0aH-2FhgDqIlLN-2Fm0u2-2Bxj1U3THI0-2FkeBABUFURncCqkjgBQbSxwtcrfwMnCqDC401ioHTBg2VrdS3DKXhNEZib694VZFibAD3DLZ3Kwkuu34cFqG9b3PS9uKTV3poU2Icqyzg-3D-3Dn06a_T7N8BvZTOm04CQQMiyWztrpCjlUrRc4F7QzSgUIpTqB5Yk-2Bt7YhUyk7lZRXmbFFsi-2Foe1q0kuwsCjfsBOqL9ZeKwOqG7ApazixuGEP6Z5SJuFg5bm15p-2FcAKNI6-2BqjB-2B89QS6GJyI3o6ZdjqneOpJLK9PcW9tnCoQd5cqyoidiiVnkHyMF-2FFlrjiYebpgj4KxTp8yJH-2FWPIAWWYl2B2Q6NUDue7O3RkzsOkQ5TbhHxrueTYWNz4X25zhSbdeB7hjLYLJj8O8KvXlzpPjVHQz-2BCwbmQYYmsPUFqyr5Aqfe317JXONU90dGvYzHeYAy3ovrBXY2Z86uyiWRkFPIOYypAtYvp50nNRACuO-2FExNxQKMNOJaGs3hu4-2FWpHcRxFMioGaZ7Wtr3mbP8-2BL2OfCBSMjz7zr3WDoMfklUoC7Fhk8tigDXW8155DVqf-2Fn1AmKPg5o-2BWIMiKJbr0eJQ-2FzXjem-2BqkIY418eZ2W5uvpIq-2FMVnGGNWDvamuRCQ7WnD221v5CjMUAkafvRL7K15P0Ya9as-2FMh2pwHPS49Gk6RHsOz84U5TrlIhCrrO9fbfH8EpvLLvx5eUqiErK4M5y5cmKowftP7qJLgZEzOUZjshwj4sRMvokOKNraK2kBgiiRjwjp8KDiP17QXgrgf6ASdwpUEQs1rZpN4xfG4TmE-2Figl8zj9OHX4IyrvHbHlYOEESaq3DfJ7sQWJ381umaJEdQS2FA-3D-3D\" style=\"color:blue; text-decoration:underline\" target=\"_blank\"><span style=\"font-size:14.0pt\">CCM se consolida como maior fabricante em volume de fraldas abertas no Brasil<\/span><\/a><\/span><\/span><\/span><\/p>\r\n\r\n<p style=\"text-align:justify\"><span style=\"font-size:11pt\"><span style=\"line-height:normal\"><span style=\"font-family:Calibri,sans-serif\"><a href=\"https:\/\/www.nonwovens-industry.com\/contents\/view_breaking-news\/2025-07-29\/pg-reports-q4-fiscal-year-2025-results\/15303\" style=\"color:blue; text-decoration:underline\"><span lang=\"ES-AR\" style=\"font-size:14.0pt\">P&amp;G Reports Q4, Fiscal Year 2025 Results<\/span><\/a><\/span><\/span><\/span><\/p>\r\n\r\n<p style=\"text-align:justify\"><span style=\"font-size:28pt\"><span style=\"font-family:Cambria,serif\"><span style=\"letter-spacing:-0.5pt\"><b><span style=\"font-size:18.0pt\"><span style=\"font-family:&quot;Calibri&quot;,sans-serif\"><span style=\"font-variant:small-caps\">Ind&uacute;stria<\/span><\/span><\/span><\/b><\/span><\/span><\/span><\/p>\r\n\r\n<p style=\"text-align:justify\"><span style=\"font-size:11pt\"><span style=\"line-height:normal\"><span style=\"font-family:Calibri,sans-serif\"><a href=\"https:\/\/noticias.portaldaindustria.com.br\/posicionamentos\/momento-exige-negociacao-e-nao-retaliacao-avalia-cni-sobre-decreto-de-tarifas-de-50-dos-eua\/\" style=\"color:blue; text-decoration:underline\"><span style=\"font-size:14.0pt\">Momento exige negocia&ccedil;&atilde;o e n&atilde;o retalia&ccedil;&atilde;o, avalia CNI sobre decreto de tarifas de 50% dos EUA<\/span><\/a><\/span><\/span><\/span><\/p>\r\n\r\n<p style=\"text-align:justify\"><span style=\"font-size:11pt\"><span style=\"line-height:normal\"><span style=\"font-family:Calibri,sans-serif\"><a href=\"https:\/\/mercadoeconsumo.com.br\/29\/07\/2025\/noticias\/plano-de-contingencia-sobre-tarifas-dos-eua-ja-foi-apresentado-a-lula\/?utm_medium=email&amp;utm_campaign=news_fechamento_diario_-_2907&amp;utm_source=RD+Station\" style=\"color:blue; text-decoration:underline\"><span style=\"font-size:14.0pt\">Plano de conting&ecirc;ncia sobre tarifas dos EUA j&aacute; foi apresentado a Lula<\/span><\/a><\/span><\/span><\/span><\/p>\r\n\r\n<p style=\"text-align:justify\"><span style=\"font-size:11pt\"><span style=\"line-height:normal\"><span style=\"font-family:Calibri,sans-serif\"><a href=\"https:\/\/portalibre.fgv.br\/system\/files\/divulgacao\/noticias\/mat-complementar\/2025-08\/%C3%8Dndice%20de%20Confian%C3%A7a%20Empresarial%20FGV_press%20release_Jul25.pdf\" style=\"color:blue; text-decoration:underline\"><span style=\"font-size:14.0pt\">Confian&ccedil;a Empresarial volta a cair<\/span><\/a><\/span><\/span><\/span><\/p>\r\n\r\n<p style=\"text-align:justify\"><span style=\"font-size:11pt\"><span style=\"line-height:normal\"><span style=\"font-family:Calibri,sans-serif\"><a href=\"https:\/\/clickpetroleoegas.com.br\/setor-automotivo-alerta-que-pode-gerar-demissao-em-massa-nas-fabricas-nacionais-mhbb01\/\" style=\"color:blue; text-decoration:underline\"><span style=\"font-size:14.0pt\">Setor automotivo alerta que pode gerar demiss&atilde;o em massa nas f&aacute;bricas nacionais<\/span><\/a><\/span><\/span><\/span><\/p>\r\n\r\n<p style=\"text-align:justify\"><span style=\"font-size:11pt\"><span style=\"line-height:normal\"><span style=\"font-family:Calibri,sans-serif\"><a href=\"https:\/\/app.isend.com.br\/iSend\/view\/3F9EDDDEE6AAD80F6738BEF9146B0966D94DB42B49B060E0F1D9CB05544186073A486700CDB0C587\" style=\"color:blue; text-decoration:underline\"><span style=\"font-size:14.0pt\">SENAI-SP | Brasil Mais Produtivo: veja como a Pedro II dobrou sua produtividade!<\/span><\/a><\/span><\/span><\/span><\/p>\r\n\r\n<p style=\"text-align:justify\"><span style=\"font-size:28pt\"><span style=\"font-family:Cambria,serif\"><span style=\"letter-spacing:-0.5pt\"><b><span style=\"font-size:18.0pt\"><span style=\"font-family:&quot;Calibri&quot;,sans-serif\"><span style=\"font-variant:small-caps\">Sustentabilidade<\/span><\/span><\/span><\/b><\/span><\/span><\/span><\/p>\r\n\r\n<p style=\"text-align:justify\"><span style=\"font-size:11pt\"><span style=\"line-height:normal\"><span style=\"font-family:Calibri,sans-serif\"><a href=\"https:\/\/www.folhavitoria.com.br\/meio-ambiente\/a-industria-textil-e-seus-desafios\/\" style=\"color:blue; text-decoration:underline\"><span style=\"font-size:14.0pt\">Meio Ambiente: a Industria T&ecirc;xtil, e seus desafios<\/span><\/a><\/span><\/span><\/span><\/p>\r\n\r\n<p style=\"text-align:justify\"><span style=\"font-size:28pt\"><span style=\"font-family:Cambria,serif\"><span style=\"letter-spacing:-0.5pt\"><b><span style=\"font-size:18.0pt\"><span style=\"font-family:&quot;Calibri&quot;,sans-serif\"><span style=\"font-variant:small-caps\">Inova&ccedil;&atilde;o<\/span><\/span><\/span><\/b><\/span><\/span><\/span><\/p>\r\n\r\n<p style=\"text-align:justify\"><span style=\"font-size:11pt\"><span style=\"line-height:normal\"><span style=\"font-family:Calibri,sans-serif\"><a href=\"https:\/\/clickpetroleoegas.com.br\/asfalto-feito-de-plastico-reciclado-entenda-mais-dessa-inovacao-da-sustentabilidade-sima00\/\" style=\"color:blue; text-decoration:underline\"><span style=\"font-size:14.0pt\">Asfalto feito de pl&aacute;stico reciclado. Entenda mais dessa inova&ccedil;&atilde;o da sustentabilidade<\/span><\/a><\/span><\/span><\/span><\/p>\r\n\r\n<p style=\"text-align:justify\"><span style=\"font-size:11pt\"><span style=\"line-height:normal\"><span style=\"font-family:Calibri,sans-serif\"><a href=\"https:\/\/gizmodo.uol.com.br\/inovacao-japonesa-plastico-que-desaparece-no-mar-pode-combater-a-poluicao\/\" style=\"color:blue; text-decoration:underline\"><span style=\"font-size:14.0pt\">Inova&ccedil;&atilde;o japonesa: pl&aacute;stico que desaparece no mar pode combater a polui&ccedil;&atilde;o<\/span><\/a><\/span><\/span><\/span><\/p>\r\n\r\n<p style=\"text-align:justify\"><span style=\"font-size:28pt\"><span style=\"font-family:Cambria,serif\"><span style=\"letter-spacing:-0.5pt\"><b><span style=\"font-size:18.0pt\"><span style=\"font-family:&quot;Calibri&quot;,sans-serif\"><span style=\"font-variant:small-caps\">Com&eacute;rcio Exterior<\/span><\/span><\/span><\/b><\/span><\/span><\/span><\/p>\r\n\r\n<p style=\"text-align:justify\"><span style=\"font-size:11pt\"><span style=\"line-height:normal\"><span style=\"font-family:Calibri,sans-serif\"><a href=\"https:\/\/plasticosemrevista.com.br\/brasil-1o-semestre-escancara-dependencia-das-importacoes-de-resinas\/\" style=\"color:blue; text-decoration:underline\"><span style=\"font-size:14.0pt\">Brasil: 1&ordm; semestre escancara depend&ecirc;ncia das importa&ccedil;&otilde;es de resinas<\/span><\/a><\/span><\/span><\/span><\/p>\r\n\r\n<p style=\"text-align:justify\"><span style=\"font-size:11pt\"><span style=\"line-height:normal\"><span style=\"font-family:Calibri,sans-serif\"><a href=\"https:\/\/plasticosemrevista.com.br\/resinas-eua-lideram-importacoes-brasileiras-no-1o-semestre\/\" style=\"color:blue; text-decoration:underline\"><span style=\"font-size:14.0pt\">Resinas: EUA lideram importa&ccedil;&otilde;es brasileiras no 1&ordm; semestre<\/span><\/a><\/span><\/span><\/span><\/p>\r\n\r\n<p style=\"text-align:justify\"><span style=\"font-size:11pt\"><span style=\"line-height:normal\"><span style=\"font-family:Calibri,sans-serif\"><a href=\"https:\/\/eixos.com.br\/newsletters\/dialogos-da-transicao\/tarifas-favorecem-plasticos-e-deixam-substitutos-sustentaveis-a-deriva\/\" style=\"color:blue; text-decoration:underline\"><span style=\"font-size:14.0pt\">Tarifas favorecem pl&aacute;sticos e deixam substitutos sustent&aacute;veis &agrave; deriva<\/span><\/a><\/span><\/span><\/span><\/p>\r\n\r\n<p style=\"text-align:justify\"><span style=\"font-size:11pt\"><span style=\"line-height:normal\"><span style=\"font-family:Calibri,sans-serif\"><a href=\"https:\/\/timesbrasil.com.br\/brasil\/setores-de-cafe-e-plastico-reagem-a-tarifaco-dos-eua-e-pedem-revisao-da-medida\/\" style=\"color:blue; text-decoration:underline\"><span style=\"font-size:14.0pt\">Setores de caf&eacute; e pl&aacute;stico reagem &agrave; tarifa&ccedil;o dos EUA e pedem revis&atilde;o da medida<\/span><\/a><\/span><\/span><\/span><\/p>\r\n\r\n<p style=\"text-align:justify\"><span style=\"font-size:11pt\"><span style=\"line-height:normal\"><span style=\"font-family:Calibri,sans-serif\"><a href=\"https:\/\/plasticosemrevista.com.br\/think-plastic-brazil-busca-desconcentrar-exportacoes\/\" style=\"color:blue; text-decoration:underline\"><span style=\"font-size:14.0pt\">Think Plastic Brazil busca desconcentrar exporta&ccedil;&otilde;es<\/span><\/a><\/span><\/span><\/span><\/p>\r\n\r\n<p style=\"text-align:justify\"><span style=\"font-size:11pt\"><span style=\"line-height:normal\"><span style=\"font-family:Calibri,sans-serif\"><a href=\"https:\/\/www.infomoney.com.br\/business\/shopee-fecha-parceria-com-apexbrasil-para-internacionalizar-empresas-brasileiras\/#:~:text=A%20parceria%20prev%C3%AA%20a%20realiza%C3%A7%C3%A3o,3%20milh%C3%B5es%20de%20vendedores%20locais.\" style=\"color:blue; text-decoration:underline\"><span style=\"font-size:14.0pt\">Shopee fecha parceria com ApexBrasil para internacionalizar empresas brasileiras<\/span><\/a><\/span><\/span><\/span><\/p>\r\n\r\n<p style=\"text-align:justify\"><span style=\"font-size:28pt\"><span style=\"font-family:Cambria,serif\"><span style=\"letter-spacing:-0.5pt\"><b><span style=\"font-size:18.0pt\"><span style=\"font-family:&quot;Calibri&quot;,sans-serif\"><span style=\"font-variant:small-caps\">Economia<\/span><\/span><\/span><\/b><\/span><\/span><\/span><\/p>\r\n\r\n<p style=\"text-align:justify\"><span style=\"font-size:11pt\"><span style=\"line-height:normal\"><span style=\"font-family:Calibri,sans-serif\"><a href=\"https:\/\/www.bcb.gov.br\/content\/focus\/focus\/R20250801.pdf\" style=\"color:blue; text-decoration:underline\"><span style=\"font-size:14.0pt\">Focus - Relat&oacute;rio de Mercado<\/span><\/a><\/span><\/span><\/span><\/p>\r\n\r\n<p style=\"text-align:justify\"><span style=\"font-size:11pt\"><span style=\"line-height:normal\"><span style=\"font-family:Calibri,sans-serif\"><a href=\"https:\/\/www.bcb.gov.br\/content\/controleinflacao\/focusdistribuicoesfrequencia\/P20250804-Focus-Distribuicoes-de-frequencia.pdf\" style=\"color:blue; text-decoration:underline\"><span style=\"font-size:14.0pt\">Focus &ndash; Distribui&ccedil;&otilde;es de Frequ&ecirc;ncia das Expectativas de Mercado para IPCA, Selic, PIB e C&acirc;mbio.<\/span><\/a><\/span><\/span><\/span><\/p>\r\n\r\n<p style=\"text-align:justify\"><span style=\"font-size:11pt\"><span style=\"line-height:normal\"><span style=\"font-family:Calibri,sans-serif\"><a href=\"https:\/\/sinditextilsp.org.br\/home\/2025\/07\/novo-episodio-do-fio-de-prosa-aborda-a-reforma-tributaria\/\" style=\"color:blue; text-decoration:underline\"><span style=\"font-size:14.0pt\">Novo epis&oacute;dio do Fio de Prosa aborda a Reforma Tribut&aacute;ria<\/span><\/a><\/span><\/span><\/span><\/p>\r\n\r\n<p style=\"text-align:justify\"><span style=\"font-size:11pt\"><span style=\"line-height:normal\"><span style=\"font-family:Calibri,sans-serif\"><a href=\"https:\/\/portalibre.fgv.br\/system\/files\/divulgacao\/noticias\/mat-complementar\/2025-07\/PressRelease_IIE-BR_jul25.pdf\" style=\"color:blue; text-decoration:underline\"><span style=\"font-size:14.0pt\">Incerteza Econ&ocirc;mica volta a subir, ap&oacute;s dois meses em queda<\/span><\/a><\/span><\/span><\/span><\/p>\r\n\r\n<p style=\"text-align:justify\"><span style=\"font-size:11pt\"><span style=\"line-height:normal\"><span style=\"font-family:Calibri,sans-serif\"><a href=\"https:\/\/portalibre.fgv.br\/system\/files\/divulgacao\/noticias\/mat-complementar\/2025-08\/Apresenta%C3%A7%C3%A3o%20-%20S%C3%ADntese%20das%20Sondagens%20-%20Julho%202025.pdf\" style=\"color:blue; text-decoration:underline\"><span style=\"font-size:14.0pt\">Indicadores de Confian&ccedil;a e Incerteza do FGV IBRE<\/span><\/a><\/span><\/span><\/span><\/p>\r\n\r\n<p style=\"text-align:justify\"><span style=\"font-size:11pt\"><span style=\"line-height:normal\"><span style=\"font-family:Calibri,sans-serif\"><a href=\"https:\/\/blogs.iadb.org\/gestion-fiscal\/pt-br\/tres-inovacoes-ma-reforma-do-imposto-ao-valor-agregado-no-brasil\/\" style=\"color:blue; text-decoration:underline\"><span style=\"font-size:14.0pt\">BDI | Tr&ecirc;s inova&ccedil;&otilde;es na reforma do imposto ao valor agregado no Brasil<\/span><\/a><\/span><\/span><\/span><\/p>\r\n\r\n<p style=\"text-align:justify\">&nbsp;<\/p>\r\n","6":"<p style=\"text-align:justify\"><span style=\"font-size:11pt\"><span style=\"line-height:normal\"><span style=\"font-family:Calibri,sans-serif\"><span style=\"font-size:14.0pt\">Esta &eacute; uma compila&ccedil;&atilde;o das not&iacute;cias mais relevantes para o setor, incluindo informa&ccedil;&otilde;es sobre acordos internacionais, economia brasileira, sustentabilidade e mat&eacute;rias primas, al&eacute;m de novidades do setor de N&atilde;otecidos e Tecidos T&eacute;cnicos.<\/span><\/span><\/span><\/span><\/p>\r\n\r\n<p style=\"text-align:justify\"><span style=\"font-size:28pt\"><span style=\"font-family:Cambria,serif\"><span style=\"letter-spacing:-0.5pt\"><b><span style=\"font-size:18.0pt\"><span style=\"font-family:&quot;Calibri&quot;,sans-serif\"><span style=\"font-variant:small-caps\">A&ccedil;&otilde;es ABINT | julho 2025<\/span><\/span><\/span><\/b><\/span><\/span><\/span><\/p>\r\n\r\n<ul>\r\n\t<li style=\"text-align:justify; margin-left:8px\"><span style=\"font-size:11pt\"><span style=\"line-height:normal\"><span style=\"font-family:Calibri,sans-serif\"><span style=\"font-size:14.0pt\">Em 02\/07, a ABINT, representada pela Eng.&ordf; Cristiane Lima, participou de reuni&atilde;o com representantes do Departamento de Desenvolvimento da Ind&uacute;stria de Bens de Consumo n&atilde;o Dur&aacute;veis e Semidur&aacute;veis (DIBEN), subordinado ao MDIC, para tratar do avan&ccedil;o das propostas de a&ccedil;&otilde;es para o Plano de A&ccedil;&atilde;o Setorial do Grupo de Trabalho de T&ecirc;xteis T&eacute;cnicos no &acirc;mbito da Nova Ind&uacute;stria Brasil (NIB). Os setores alvo para fomento de uso e aplica&ccedil;&otilde;es dos T&ecirc;xteis T&eacute;cnicos s&atilde;o Agroneg&oacute;cio, Infraestrutura e Sa&uacute;de;<\/span><\/span><\/span><\/span><\/li>\r\n\t<li style=\"text-align:justify; margin-left:8px\"><span style=\"font-size:11pt\"><span style=\"line-height:normal\"><span style=\"font-family:Calibri,sans-serif\"><span style=\"font-size:14.0pt\">Em 16\/07, a Eng.&ordf; Samira Paranhos, coordenadora do CTG ABINT, foi convidada a participar da reuni&atilde;o do Instituto Chico Mendes de Conserva&ccedil;&atilde;o da Biodiversidade (ICMBio), a fim de pensar em solu&ccedil;&otilde;es de Geossint&eacute;ticos que possam ser instaladas sobre a geomembrana nos canais irriga&ccedil;&atilde;o da regi&atilde;o do munic&iacute;pio de Barreiras, na Bahia, para facilitar a sa&iacute;da dos animais silvestres. O CTG ABINT dar&aacute; suporte t&eacute;cnico no desenvolvimento de solu&ccedil;&otilde;es de engenharia espec&iacute;ficas para ajudar esses animais a escaparem mais facilmente;<\/span><\/span><\/span><\/span><\/li>\r\n\t<li style=\"text-align:justify; margin-left:8px\"><span style=\"font-size:11pt\"><span style=\"line-height:normal\"><span style=\"font-family:Calibri,sans-serif\"><span style=\"font-size:14.0pt\">Em 17\/07 a ABINT e v&aacute;rias associadas, juntamente com outras entidades e institui&ccedil;&otilde;es, participaram do Workshop sobre T&ecirc;xteis T&eacute;cnicos: &ldquo;Tend&ecirc;ncias e Desafios Tecnol&oacute;gicos &agrave;s Novas Solu&ccedil;&otilde;es para o Setor do Agroneg&oacute;cio&rdquo;, na sede do SENAI-SP, em S&atilde;o Bernardo do Campo. O evento teve como objetivo levantar desafios e reunir oportunidades para o fomento de pesquisas e desenvolvimento de aplica&ccedil;&otilde;es dos t&ecirc;xteis t&eacute;cnicos no Setor do Agroneg&oacute;cio, atrav&eacute;s de &oacute;rg&atilde;os como Embrapii e FINEP;<\/span><\/span><\/span><\/span><\/li>\r\n\t<li style=\"text-align:justify; margin-left:8px\"><span style=\"font-size:11pt\"><span style=\"line-height:normal\"><span style=\"font-family:Calibri,sans-serif\"><span style=\"font-size:14.0pt\">Durante a segunda quinzena de julho a Assessoria de Imprensa e Comunica&ccedil;&atilde;o da ABINT realizou rodadas de reuni&otilde;es com as Associadas para saber como o setor est&aacute; trabalhando e avan&ccedil;ando em inova&ccedil;&atilde;o e sustentabilidade nos diversas segmentos em que atua.<\/span><\/span><\/span><\/span><\/li>\r\n<\/ul>\r\n\r\n<p style=\"text-align:justify\"><span style=\"font-size:28pt\"><span style=\"font-family:Cambria,serif\"><span style=\"letter-spacing:-0.5pt\"><b><span style=\"font-size:18.0pt\"><span style=\"font-family:&quot;Calibri&quot;,sans-serif\"><span style=\"font-variant:small-caps\">O que vem por a&iacute;<\/span><\/span><\/span><\/b><\/span><\/span><\/span><\/p>\r\n\r\n<p style=\"text-align:justify\"><span style=\"font-size:28pt\"><span style=\"font-family:Cambria,serif\"><span style=\"letter-spacing:-0.5pt\"><b><span style=\"font-size:18.0pt\"><span style=\"font-family:&quot;Calibri&quot;,sans-serif\"><span style=\"font-variant:small-caps\"><img src=\"https:\/\/www.abint.org.br\/assets\/img\/editor\/post-live-lancamento-manual-ctg-compradores_20250805192559PnW565w4eL.jpeg\" style=\"width: 700px; height: 394px;\" \/><\/span><\/span><\/span><\/b><\/span><\/span><\/span><\/p>\r\n\r\n<p style=\"text-align:justify\"><span style=\"font-size:11pt\"><span style=\"line-height:normal\"><span style=\"font-family:Calibri,sans-serif\"><a href=\"https:\/\/www.youtube.com\/live\/EBSHpDfwSYM?si=ENHIJYjNWgl2wuQB\" style=\"color:blue; text-decoration:underline\"><b><span style=\"font-size:14.0pt\">Canal Geotecnia Brasil no Youtube<\/span><\/b><\/a><\/span><\/span><\/span><\/p>\r\n\r\n<p style=\"text-align:justify\">&nbsp;<\/p>\r\n\r\n<p><b><img src=\"https:\/\/www.abint.org.br\/assets\/img\/editor\/post-quadrado-curso-naotecido_20250730120640vCt4aT9hJj.jpg\" style=\"width: 500px; height: 500px;\" \/><\/b><\/p>\r\n\r\n<p><strong><a href=\"https:\/\/forms.cloud.microsoft\/r\/5DrqtK5n3Y\">Acesse aqui para fazer sua inscri&ccedil;&atilde;o<\/a><\/strong><\/p>\r\n\r\n<p>&nbsp;<\/p>\r\n\r\n<p><b><img src=\"https:\/\/www.abint.org.br\/assets\/img\/editor\/2o-seminario-abrafiltros-abint-apoiador_2025072217401523mrTUXRqU.png\" style=\"width: 500px; height: 500px;\" \/><\/b><\/p>\r\n\r\n<p><a href=\"https:\/\/doity.com.br\/3-seminario-brasileiro-de-filtros\"><b>Acesse aqui mais informa&ccedil;&otilde;es<\/b><\/a><\/p>\r\n\r\n<p>&nbsp;<\/p>\r\n\r\n<p><img src=\"https:\/\/www.abint.org.br\/assets\/img\/editor\/congresso-internacional-abit-2025_20250722174119edr5xq8iJH.png\" style=\"width: 700px; height: 256px;\" \/><\/p>\r\n\r\n<p><a href=\"https:\/\/www.congressoabit.com.br\/\"><b>Acesse aqui mais informa&ccedil;&otilde;es<\/b><\/a><\/p>\r\n\r\n<p><span style=\"font-size:28pt\"><span style=\"font-family:Cambria,serif\"><span style=\"letter-spacing:-0.5pt\"><b><span style=\"font-size:18.0pt\"><span style=\"font-family:&quot;Calibri&quot;,sans-serif\"><span style=\"font-variant:small-caps\">Not&iacute;cias das Associadas<\/span><\/span><\/span><\/b><\/span><\/span><\/span><\/p>\r\n\r\n<p style=\"text-align:justify\"><span style=\"font-size:11pt\"><span style=\"line-height:normal\"><span style=\"font-family:Calibri,sans-serif\"><a href=\"https:\/\/br.investing.com\/news\/earnings\/acoes-da-andritz-caem-apos-corte-de-previsao-apesar-de-superacao-de-pedidos-no-2o-tri-1628986\" style=\"color:blue; text-decoration:underline\"><span style=\"font-size:14.0pt\">A&ccedil;&otilde;es da Andritz caem ap&oacute;s corte de previs&atilde;o apesar de supera&ccedil;&atilde;o de pedidos no 2&ordm; tri<\/span><\/a><\/span><\/span><\/span><\/p>\r\n\r\n<p style=\"text-align:justify\"><span style=\"font-size:11pt\"><span style=\"line-height:normal\"><span style=\"font-family:Calibri,sans-serif\"><a href=\"https:\/\/itaqueraemnoticias.com.br\/noticia\/147931\/corteco-reforca-linha-de-produtos-para-o-setor-de-duas-rodas\" style=\"color:blue; text-decoration:underline\"><span style=\"font-size:14.0pt\">A Corteco, do Grupo Freudenberg, refor&ccedil;a linha de produtos para o setor de duas rodas<\/span><\/a><\/span><\/span><\/span><\/p>\r\n\r\n<p style=\"text-align:justify\"><span style=\"font-size:11pt\"><span style=\"line-height:normal\"><span style=\"font-family:Calibri,sans-serif\"><a href=\"https:\/\/www.innovationintextiles.com\/fibres-yarns-fabrics\/carbios-enters-rpet-filament-market-for-tyres\/\" style=\"color:blue; text-decoration:underline\"><span lang=\"EN-US\" style=\"font-size:14.0pt\">Indorama | Carbios enters r-PET filament market for tyres<\/span><\/a><\/span><\/span><\/span><\/p>\r\n\r\n<p style=\"text-align:justify\"><span style=\"font-size:11pt\"><span style=\"line-height:normal\"><span style=\"font-family:Calibri,sans-serif\"><a href=\"https:\/\/maua.br\/noticias\/infomaua\/353\/texto\/1523?utm_source=akna&amp;utm_medium=email&amp;utm_campaign=InfoMaua-165-Jose-Carlos-de-Souza-Jr-lidera-nova-fase-da-Maua\" style=\"color:blue; text-decoration:underline\"><span style=\"font-size:14.0pt\">Engenheiro Mau&aacute; impulsiona sustentabilidade em projetos globais<\/span><\/a><\/span><\/span><\/span><\/p>\r\n\r\n<p style=\"text-align:justify\">&nbsp;<\/p>\r\n\r\n<p style=\"text-align:justify\"><span style=\"font-size:11pt\"><span style=\"line-height:normal\"><span style=\"font-family:Calibri,sans-serif\"><b><span style=\"font-size:18.0pt\"><span style=\"font-variant:small-caps\">Eventos<\/span><\/span><\/b><\/span><\/span><\/span><\/p>\r\n\r\n<p style=\"text-align:justify\"><span style=\"font-size:11pt\"><span style=\"line-height:normal\"><span style=\"font-family:Calibri,sans-serif\"><a href=\"https:\/\/www.sympla.com.br\/evento\/parana-plast-meeting\/3042252?utm_campaign=Paran%C3%A1+Plast+Meeting+-+Participe%21&amp;utm_content=Paran%C3%A1+Plast+Meeting+em+Pinhais+-+Sympla&amp;utm_medium=email&amp;utm_source=dinamize&amp;utm_term=Paran%C3%A1+Plast+Meeting+-+Participe%21\" style=\"color:blue; text-decoration:underline\"><b><span style=\"font-size:14.0pt\">Paran&aacute; Plast Meeting<\/span><\/b><\/a><span style=\"font-size:14.0pt\">, 06 de agosto de 2025, 15h &agrave;s 19h, evento presencia, Expotrade Convention Center, Pinhais, PR<\/span><\/span><\/span><\/span><\/p>\r\n\r\n<p style=\"text-align:justify\"><span style=\"font-size:11pt\"><span style=\"line-height:normal\"><span style=\"font-family:Calibri,sans-serif\"><a href=\"https:\/\/www.abicol.org\/encontro-das-industrias-de-colchoes-2025\/\" style=\"color:blue; text-decoration:underline\"><b><span style=\"font-size:14.0pt\">ABICOL | ENICOL 2025 - Encontro das Ind&uacute;strias de Colch&otilde;es<\/span><\/b><\/a><span style=\"font-size:14.0pt\">, 07 e 08 de agosto, evento presencial, Royal Tulip Bras&iacute;lia Alvorada<\/span><\/span><\/span><\/span><\/p>\r\n\r\n<p style=\"text-align:justify\"><span style=\"font-size:11pt\"><span style=\"line-height:normal\"><span style=\"font-family:Calibri,sans-serif\"><a href=\"https:\/\/app.rdstation.email\/mail\/dcaf387f-c8f0-4b5e-88da-7d1bd819cc16?utm_campaign=ws_reforma_tributaria_-_ago25&amp;utm_medium=email&amp;utm_source=RD+Station\" style=\"color:blue; text-decoration:underline\"><b><span style=\"font-size:14.0pt\">Workshop Abit | Reforma Tribut&aacute;ria: Impactos e Perspectivas para o Setor T&amp;C<\/span><\/b><\/a><span style=\"font-size:14.0pt\">, 12 de agosto, 09h00 &agrave;s 10h30, evento h&iacute;brido<\/span><\/span><\/span><\/span><\/p>\r\n\r\n<p style=\"text-align:justify\"><span style=\"font-size:11pt\"><span style=\"line-height:normal\"><span style=\"font-family:Calibri,sans-serif\"><a href=\"https:\/\/horizons.fia.com.br\/?utm_campaign=apoio_institucional_horizons_2025&amp;utm_medium=email&amp;utm_source=RD+Station\" style=\"color:blue; text-decoration:underline\"><b><span style=\"font-size:14.0pt\">Horizons 2025 &ndash; Inova&ccedil;&atilde;o, Tecnologia e Neg&oacute;cios Unidos pelo Planeta<\/span><\/b><\/a><span style=\"font-size:14.0pt\">, 13 e 14 de agosto, FIA Business School, Birmann 21 e Centro de Inova&ccedil;&atilde;o Bruno Covas, S&atilde;o Paulo<\/span><\/span><\/span><\/span><\/p>\r\n\r\n<p style=\"text-align:justify\"><span style=\"font-size:11pt\"><span style=\"line-height:normal\"><span style=\"font-family:Calibri,sans-serif\"><a href=\"https:\/\/public-sam.mkt.dynamics.com\/api\/v1.0\/orgs\/66fa0ed3-2066-4ecb-8208-f91cfd539d6f\/channels\/mails\/vib\/a718f98b-97c9-ed11-b596-002248e0d680_e40a83ba-4171-f011-bec1-00224836851f_19ed9582-b34e-36cc-2ee1-f504f6403719_23e175c8-5e69-f011-bec3-000d3a88c4d0#msdynmkt_trackingcontext=524d5d61-0a57-4a29-8e0d-ce0803ba0300\" style=\"color:blue; text-decoration:underline\"><b><span style=\"font-size:14.0pt\">ApexBrasil | Webs&eacute;rie Direto do Mercado: Edi&ccedil;&atilde;o Chile<\/span><\/b><\/a><span style=\"font-size:14.0pt\">, 14 de agosto de 2025, 10h &agrave;s 12h, evento online<\/span><\/span><\/span><\/span><\/p>\r\n\r\n<p style=\"text-align:justify\"><span style=\"font-size:11pt\"><span style=\"line-height:normal\"><span style=\"font-family:Calibri,sans-serif\"><a href=\"https:\/\/forumdemanufatura.com.br\/\" style=\"color:blue; text-decoration:underline\"><b><span style=\"font-size:14.0pt\">9&ordm; F&oacute;rum de Manufatura<\/span><\/b><\/a><span style=\"font-size:14.0pt\">, 18 e 19 de agosto de 2025, Novotel Center Norte, S&atilde;o Paulo, SP<\/span><\/span><\/span><\/span><\/p>\r\n\r\n<p style=\"text-align:justify\"><span style=\"font-size:11pt\"><span style=\"line-height:normal\"><span style=\"font-family:Calibri,sans-serif\"><a href=\"https:\/\/app.rdstation.email\/mail\/73f893e3-d4c4-47e1-a0ea-aa0aaf1cfda0?utm_campaign=convite_ws_inovacao&amp;utm_medium=email&amp;utm_source=RD+Station\" style=\"color:blue; text-decoration:underline\"><b><span style=\"font-size:14.0pt\">Workshop Abit | Transformando Inova&ccedil;&atilde;o em Resultado<\/span><\/b><\/a><span style=\"font-size:14.0pt\">, 20 de agosto de 2025, 09h &agrave;s 12h, evento h&iacute;brido<\/span><\/span><\/span><\/span><\/p>\r\n\r\n<p style=\"text-align:justify\"><span style=\"font-size:11pt\"><span style=\"line-height:normal\"><span style=\"font-family:Calibri,sans-serif\"><a href=\"https:\/\/sticni.sharepoint.com\/sites\/PublicShare\/Compartilhamentos\/Forms\/AllItems.aspx?id=%2Fsites%2FPublicShare%2FCompartilhamentos%2FCNI%2D133649%2FPrograma%20Imers%C3%B5es%20em%20Ecossistemas%2FImers%C3%A3o%20Finlandia%20em%20Economia%20Circular%2E%201%2Epdf&amp;parent=%2Fsites%2FPublicShare%2FCompartilhamentos%2FCNI%2D133649%2FPrograma%20Imers%C3%B5es%20em%20Ecossistemas&amp;p=true&amp;ga=1\" style=\"color:blue; text-decoration:underline\"><b><span style=\"font-size:14.0pt\">CNI | Imers&atilde;o Finl&acirc;ndia: Uma conex&atilde;o global com a Economia Circular<\/span><\/b><\/a><span style=\"font-size:14.0pt\">, 01 a 05 de setembro de 2025, inscri&ccedil;&otilde;es at&eacute; 10 de agosto de 2025 ou se encerrarem as vagas, cidades destinos: Helsinki (cidade base), Tampere e Espoo.<\/span><\/span><\/span><\/span><\/p>\r\n\r\n<p style=\"text-align:justify\"><span style=\"font-size:11pt\"><span style=\"line-height:normal\"><span style=\"font-family:Calibri,sans-serif\"><a href=\"https:\/\/www.conbrava.com.br\/\" style=\"color:blue; text-decoration:underline\"><b><span style=\"font-size:14.0pt\">CONBRAVA 2025<\/span><\/b><\/a><span style=\"font-size:14.0pt\">, 10 a 12 de setembro de 2025, S&atilde;o Paulo Expo, Rodovia dos Imigrantes, km 1,5<\/span><\/span><\/span><\/span><\/p>\r\n\r\n<p style=\"text-align:justify\"><span style=\"font-size:11pt\"><span style=\"line-height:normal\"><span style=\"font-family:Calibri,sans-serif\"><a href=\"https:\/\/paving.com.br\/\" style=\"color:blue; text-decoration:underline\"><b><span style=\"font-size:14.0pt\">Paving Expo 2025<\/span><\/b><\/a><span style=\"font-size:14.0pt\">, 23 a 25 de setembro de 2025, Distrito Anhembi, Rua Prof. Milton Rodrigues, s\/n, Santana, S&atilde;o Paulo, SP<\/span><\/span><\/span><\/span><\/p>\r\n\r\n<p style=\"text-align:justify\"><span style=\"font-size:11pt\"><span style=\"line-height:normal\"><span style=\"font-family:Calibri,sans-serif\"><a href=\"https:\/\/www.instagram.com\/sobeccnacional\/p\/DA1V8NZyhNK\/?img_index=1\" style=\"color:blue; text-decoration:underline\"><b><span style=\"font-size:14.0pt\">17&ordm; Congresso Brasileiro de Enfermagem em Centro Cir&uacute;rgico: &ldquo;O poder de cuidar&rdquo;<\/span><\/b><\/a><span style=\"font-size:14.0pt\">, 01 a 03 de outubro de 2025, Transamerica Expo Center, S&atilde;o Paulo, SP<\/span><\/span><\/span><\/span><\/p>\r\n\r\n<p style=\"text-align:justify\"><span style=\"font-size:11pt\"><span style=\"line-height:normal\"><span style=\"font-family:Calibri,sans-serif\"><a href=\"https:\/\/his.saudebusiness.com\/pt\/home.html\" style=\"color:blue; text-decoration:underline\"><b><span style=\"font-size:14.0pt\">Healthcare Innovation Show (HIS)<\/span><\/b><\/a><span style=\"font-size:14.0pt\">, 01 e 02 de outubro de 2025, 09h &agrave;s 18h, S&atilde;o Paulo Expo<\/span><\/span><\/span><\/span><\/p>\r\n\r\n<p style=\"text-align:justify\"><span style=\"font-size:11pt\"><span style=\"line-height:normal\"><span style=\"font-family:Calibri,sans-serif\"><a href=\"https:\/\/www.abrafiltros.org.br\/3o-seminario-brasileiro-de-filtros-acontecera-no-dia-08-de-outubro\/\" style=\"color:blue; text-decoration:underline\"><b><span style=\"font-size:14.0pt\">3&ordm; Semin&aacute;rio Brasileiro de Filtros<\/span><\/b><\/a><span style=\"font-size:14.0pt\">, 08 de outubro de 2025, evento presencial<\/span><\/span><\/span><\/span><\/p>\r\n\r\n<p style=\"text-align:justify\"><span style=\"font-size:11pt\"><span style=\"line-height:normal\"><span style=\"font-family:Calibri,sans-serif\"><a href=\"https:\/\/hospitalmed.com.br\/feira\/\" style=\"color:blue; text-decoration:underline\"><b><span style=\"font-size:14.0pt\">HospitalMed 2025<\/span><\/b><\/a><span style=\"font-size:14.0pt\">, 22 a 24 de outubro, Pernambuco Centro de Conven&ccedil;&otilde;es, Olinda<\/span><\/span><\/span><\/span><\/p>\r\n\r\n<p style=\"text-align:justify\"><span style=\"font-size:11pt\"><span style=\"line-height:normal\"><span style=\"font-family:Calibri,sans-serif\"><a href=\"https:\/\/www.congressoabit.com.br\/\" style=\"color:blue; text-decoration:underline\"><b><span style=\"font-size:14.0pt\">Congresso Internacional Abit 2025<\/span><\/b><\/a><span style=\"font-size:14.0pt\">, 29 e 30 de outubro, 08h &agrave;s 20h, FIESP, S&atilde;o Paulo, SP<\/span><\/span><\/span><\/span><\/p>\r\n\r\n<p style=\"text-align:justify\"><span style=\"font-size:11pt\"><span style=\"line-height:normal\"><span style=\"font-family:Calibri,sans-serif\"><a href=\"https:\/\/filtech.de\/\" style=\"color:blue; text-decoration:underline\"><b><span style=\"font-size:14.0pt\">Filtech 2026<\/span><\/b><\/a><span style=\"font-size:14.0pt\">, de 30 de junho a 2 de julho, Cologne, Alemanha<\/span><\/span><\/span><\/span><\/p>\r\n\r\n<p style=\"text-align:justify\"><span style=\"font-size:11pt\"><span style=\"line-height:normal\"><span style=\"font-family:Calibri,sans-serif\"><a href=\"https:\/\/ficons.com.br\/\" style=\"color:blue; text-decoration:underline\"><b><span style=\"font-size:14.0pt\">FICONS - Feira Internacional de Materiais, Equipamentos e Servi&ccedil;os da Constru&ccedil;&atilde;o<\/span><\/b><\/a><span style=\"font-size:14.0pt\">, 15 a 18 de setembro de 2026, Centro de Conven&ccedil;&otilde;es de Pernambuco Recife\/ Olinda<\/span><\/span><\/span><\/span><\/p>\r\n\r\n<p style=\"text-align:justify\"><span style=\"font-size:28pt\"><span style=\"font-family:Cambria,serif\"><span style=\"letter-spacing:-0.5pt\"><b><span lang=\"EN-US\" style=\"font-size:18.0pt\"><span style=\"font-family:&quot;Calibri&quot;,sans-serif\"><span style=\"font-variant:small-caps\">Setor<\/span><\/span><\/span><\/b><\/span><\/span><\/span><\/p>\r\n\r\n<p style=\"text-align:justify\"><span style=\"font-size:11pt\"><span style=\"line-height:normal\"><span style=\"font-family:Calibri,sans-serif\"><a href=\"https:\/\/www.textileworld.com\/textile-world\/nonwovens-technical-textiles\/2025\/06\/inda-edana-joining-forces-for-enhanced-coordinated-strategy-in-global-nonwovens\/\" style=\"color:blue; text-decoration:underline\"><span lang=\"ES-AR\" style=\"font-size:14.0pt\">INDA, EDANA Joining Forces For Enhanced, Coordinated Strategy In Global Nonwovens<\/span><\/a><\/span><\/span><\/span><\/p>\r\n\r\n<p style=\"text-align:justify\"><span style=\"font-size:11pt\"><span style=\"line-height:normal\"><span style=\"font-family:Calibri,sans-serif\"><a href=\"https:\/\/blogdofinfa.com.br\/2025\/08\/no-recife-mais-uma-encosta-ganha-seguranca-com-a-aplicacao-da-geomanta.html\" style=\"color:blue; text-decoration:underline\"><span style=\"font-size:14.0pt\">No Recife, mais uma encosta ganha seguran&ccedil;a com a aplica&ccedil;&atilde;o da geomanta<\/span><\/a><\/span><\/span><\/span><\/p>\r\n\r\n<p style=\"text-align:justify\"><span style=\"font-size:11pt\"><span style=\"line-height:normal\"><span style=\"font-family:Calibri,sans-serif\"><a href=\"https:\/\/abreuelima.pe.gov.br\/prefeitura-deve-investir-mais-de-r-20-milhoes-em-projetos-de-contencao-de-encostas\/\" style=\"color:blue; text-decoration:underline\"><span style=\"font-size:14.0pt\">Prefeitura deve investir mais de R$ 20 milh&otilde;es em projetos de conten&ccedil;&atilde;o de encostas<\/span><\/a><\/span><\/span><\/span><\/p>\r\n\r\n<p style=\"text-align:justify\"><span style=\"font-size:11pt\"><span style=\"line-height:normal\"><span style=\"font-family:Calibri,sans-serif\"><a href=\"https:\/\/portalpersonalcare.com.br\/fraldas-para-adultos-o-fim-do-tabu-e-o-crescimento-de-um-mercado-em-expansao\/?utm_medium=email&amp;utm_campaign=newsletter_30072025&amp;utm_source=RD+Station\" style=\"color:blue; text-decoration:underline\"><span style=\"font-size:14.0pt\">Fraldas para adultos: o fim do tabu e o crescimento de um mercado em expans&atilde;o<\/span><\/a><\/span><\/span><\/span><\/p>\r\n\r\n<p style=\"text-align:justify\"><span style=\"font-size:11pt\"><span style=\"line-height:normal\"><span style=\"font-family:Calibri,sans-serif\"><a href=\"https:\/\/www.youtube.com\/watch?v=aNEekuMNYTI\" style=\"color:blue; text-decoration:underline\"><span style=\"font-size:14.0pt\">Abra Talks 2025 | 22&ordm; Epis&oacute;dio: &quot;Log&iacute;stica Reversa de filtros: por tr&aacute;s do descarte consciente&quot;<\/span><\/a><\/span><\/span><\/span><\/p>\r\n\r\n<p style=\"text-align:justify\"><span style=\"font-size:11pt\"><span style=\"line-height:normal\"><span style=\"font-family:Calibri,sans-serif\"><a href=\"https:\/\/www.nonwovens-industry.com\/contents\/view_breaking-news\/2025-07-31\/world-of-wipes-held-in-columbus\/15303\" style=\"color:blue; text-decoration:underline\"><span lang=\"ES-AR\" style=\"font-size:14.0pt\">World of Wipes Held in Columbus<\/span><\/a><\/span><\/span><\/span><\/p>\r\n\r\n<p style=\"text-align:justify\"><span style=\"font-size:11pt\"><span style=\"line-height:normal\"><span style=\"font-family:Calibri,sans-serif\"><a href=\"https:\/\/ibsp.net.br\/estrategias-para-reduzir-iras-nas-utis-brasileiras\/\" style=\"color:blue; text-decoration:underline\"><span lang=\"ES-AR\" style=\"font-size:14.0pt\">White paper do Minist&eacute;rio da Sa&uacute;de refor&ccedil;a estrat&eacute;gias para reduzir IRAS nas UTIs brasileiras<\/span><\/a><\/span><\/span><\/span><\/p>\r\n\r\n<p style=\"text-align:justify\"><span style=\"font-size:11pt\"><span style=\"line-height:normal\"><span style=\"font-family:Calibri,sans-serif\"><a href=\"https:\/\/t.rdsv2.net\/ls\/click?upn=u001.SJ-2BHbcLStyE5mTD5OK48sq2JxFfkhvQ6eAz6nLBcupXBdvk8VWV2GUpAWUTNfjA9XbyfNxwlGgiUiabrgPG-2BHjA6gRZMqKVuO0A4fVJLaiACtEOaCxV-2BZLHlHbXg-2BfvkLNmUT-2FR6GJfmuxXdo41XcNYBxMH8d3G1aEnZanW6ptdpzXBopjek0xeRfGTGrdRrY4Ww-2B9pFgmNu8xBCkF0aH-2FhgDqIlLN-2Fm0u2-2Bxj1U3THI0-2FkeBABUFURncCqkjgBQbSxwtcrfwMnCqDC401ioHTBg2VrdS3DKXhNEZib694VZFibAD3DLZ3Kwkuu34cFqG9b3PS9uKTV3poU2Icqyzg-3D-3Dn06a_T7N8BvZTOm04CQQMiyWztrpCjlUrRc4F7QzSgUIpTqB5Yk-2Bt7YhUyk7lZRXmbFFsi-2Foe1q0kuwsCjfsBOqL9ZeKwOqG7ApazixuGEP6Z5SJuFg5bm15p-2FcAKNI6-2BqjB-2B89QS6GJyI3o6ZdjqneOpJLK9PcW9tnCoQd5cqyoidiiVnkHyMF-2FFlrjiYebpgj4KxTp8yJH-2FWPIAWWYl2B2Q6NUDue7O3RkzsOkQ5TbhHxrueTYWNz4X25zhSbdeB7hjLYLJj8O8KvXlzpPjVHQz-2BCwbmQYYmsPUFqyr5Aqfe317JXONU90dGvYzHeYAy3ovrBXY2Z86uyiWRkFPIOYypAtYvp50nNRACuO-2FExNxQKMNOJaGs3hu4-2FWpHcRxFMioGaZ7Wtr3mbP8-2BL2OfCBSMjz7zr3WDoMfklUoC7Fhk8tigDXW8155DVqf-2Fn1AmKPg5o-2BWIMiKJbr0eJQ-2FzXjem-2BqkIY418eZ2W5uvpIq-2FMVnGGNWDvamuRCQ7WnD221v5CjMUAkafvRL7K15P0Ya9as-2FMh2pwHPS49Gk6RHsOz84U5TrlIhCrrO9fbfH8EpvLLvx5eUqiErK4M5y5cmKowftP7qJLgZEzOUZjshwj4sRMvokOKNraK2kBgiiRjwjp8KDiP17QXgrgf6ASdwpUEQs1rZpN4xfG4TmE-2Figl8zj9OHX4IyrvHbHlYOEESaq3DfJ7sQWJ381umaJEdQS2FA-3D-3D\" style=\"color:blue; text-decoration:underline\" target=\"_blank\"><span style=\"font-size:14.0pt\">CCM se consolida como maior fabricante em volume de fraldas abertas no Brasil<\/span><\/a><\/span><\/span><\/span><\/p>\r\n\r\n<p style=\"text-align:justify\"><span style=\"font-size:11pt\"><span style=\"line-height:normal\"><span style=\"font-family:Calibri,sans-serif\"><a href=\"https:\/\/www.nonwovens-industry.com\/contents\/view_breaking-news\/2025-07-29\/pg-reports-q4-fiscal-year-2025-results\/15303\" style=\"color:blue; text-decoration:underline\"><span lang=\"ES-AR\" style=\"font-size:14.0pt\">P&amp;G Reports Q4, Fiscal Year 2025 Results<\/span><\/a><\/span><\/span><\/span><\/p>\r\n\r\n<p style=\"text-align:justify\"><span style=\"font-size:28pt\"><span style=\"font-family:Cambria,serif\"><span style=\"letter-spacing:-0.5pt\"><b><span style=\"font-size:18.0pt\"><span style=\"font-family:&quot;Calibri&quot;,sans-serif\"><span style=\"font-variant:small-caps\">Ind&uacute;stria<\/span><\/span><\/span><\/b><\/span><\/span><\/span><\/p>\r\n\r\n<p style=\"text-align:justify\"><span style=\"font-size:11pt\"><span style=\"line-height:normal\"><span style=\"font-family:Calibri,sans-serif\"><a href=\"https:\/\/noticias.portaldaindustria.com.br\/posicionamentos\/momento-exige-negociacao-e-nao-retaliacao-avalia-cni-sobre-decreto-de-tarifas-de-50-dos-eua\/\" style=\"color:blue; text-decoration:underline\"><span style=\"font-size:14.0pt\">Momento exige negocia&ccedil;&atilde;o e n&atilde;o retalia&ccedil;&atilde;o, avalia CNI sobre decreto de tarifas de 50% dos EUA<\/span><\/a><\/span><\/span><\/span><\/p>\r\n\r\n<p style=\"text-align:justify\"><span style=\"font-size:11pt\"><span style=\"line-height:normal\"><span style=\"font-family:Calibri,sans-serif\"><a href=\"https:\/\/mercadoeconsumo.com.br\/29\/07\/2025\/noticias\/plano-de-contingencia-sobre-tarifas-dos-eua-ja-foi-apresentado-a-lula\/?utm_medium=email&amp;utm_campaign=news_fechamento_diario_-_2907&amp;utm_source=RD+Station\" style=\"color:blue; text-decoration:underline\"><span style=\"font-size:14.0pt\">Plano de conting&ecirc;ncia sobre tarifas dos EUA j&aacute; foi apresentado a Lula<\/span><\/a><\/span><\/span><\/span><\/p>\r\n\r\n<p style=\"text-align:justify\"><span style=\"font-size:11pt\"><span style=\"line-height:normal\"><span style=\"font-family:Calibri,sans-serif\"><a href=\"https:\/\/portalibre.fgv.br\/system\/files\/divulgacao\/noticias\/mat-complementar\/2025-08\/%C3%8Dndice%20de%20Confian%C3%A7a%20Empresarial%20FGV_press%20release_Jul25.pdf\" style=\"color:blue; text-decoration:underline\"><span style=\"font-size:14.0pt\">Confian&ccedil;a Empresarial volta a cair<\/span><\/a><\/span><\/span><\/span><\/p>\r\n\r\n<p style=\"text-align:justify\"><span style=\"font-size:11pt\"><span style=\"line-height:normal\"><span style=\"font-family:Calibri,sans-serif\"><a href=\"https:\/\/clickpetroleoegas.com.br\/setor-automotivo-alerta-que-pode-gerar-demissao-em-massa-nas-fabricas-nacionais-mhbb01\/\" style=\"color:blue; text-decoration:underline\"><span style=\"font-size:14.0pt\">Setor automotivo alerta que pode gerar demiss&atilde;o em massa nas f&aacute;bricas nacionais<\/span><\/a><\/span><\/span><\/span><\/p>\r\n\r\n<p style=\"text-align:justify\"><span style=\"font-size:11pt\"><span style=\"line-height:normal\"><span style=\"font-family:Calibri,sans-serif\"><a href=\"https:\/\/app.isend.com.br\/iSend\/view\/3F9EDDDEE6AAD80F6738BEF9146B0966D94DB42B49B060E0F1D9CB05544186073A486700CDB0C587\" style=\"color:blue; text-decoration:underline\"><span style=\"font-size:14.0pt\">SENAI-SP | Brasil Mais Produtivo: veja como a Pedro II dobrou sua produtividade!<\/span><\/a><\/span><\/span><\/span><\/p>\r\n\r\n<p style=\"text-align:justify\"><span style=\"font-size:28pt\"><span style=\"font-family:Cambria,serif\"><span style=\"letter-spacing:-0.5pt\"><b><span style=\"font-size:18.0pt\"><span style=\"font-family:&quot;Calibri&quot;,sans-serif\"><span style=\"font-variant:small-caps\">Sustentabilidade<\/span><\/span><\/span><\/b><\/span><\/span><\/span><\/p>\r\n\r\n<p style=\"text-align:justify\"><span style=\"font-size:11pt\"><span style=\"line-height:normal\"><span style=\"font-family:Calibri,sans-serif\"><a href=\"https:\/\/www.folhavitoria.com.br\/meio-ambiente\/a-industria-textil-e-seus-desafios\/\" style=\"color:blue; text-decoration:underline\"><span style=\"font-size:14.0pt\">Meio Ambiente: a Industria T&ecirc;xtil, e seus desafios<\/span><\/a><\/span><\/span><\/span><\/p>\r\n\r\n<p style=\"text-align:justify\"><span style=\"font-size:28pt\"><span style=\"font-family:Cambria,serif\"><span style=\"letter-spacing:-0.5pt\"><b><span style=\"font-size:18.0pt\"><span style=\"font-family:&quot;Calibri&quot;,sans-serif\"><span style=\"font-variant:small-caps\">Inova&ccedil;&atilde;o<\/span><\/span><\/span><\/b><\/span><\/span><\/span><\/p>\r\n\r\n<p style=\"text-align:justify\"><span style=\"font-size:11pt\"><span style=\"line-height:normal\"><span style=\"font-family:Calibri,sans-serif\"><a href=\"https:\/\/clickpetroleoegas.com.br\/asfalto-feito-de-plastico-reciclado-entenda-mais-dessa-inovacao-da-sustentabilidade-sima00\/\" style=\"color:blue; text-decoration:underline\"><span style=\"font-size:14.0pt\">Asfalto feito de pl&aacute;stico reciclado. Entenda mais dessa inova&ccedil;&atilde;o da sustentabilidade<\/span><\/a><\/span><\/span><\/span><\/p>\r\n\r\n<p style=\"text-align:justify\"><span style=\"font-size:11pt\"><span style=\"line-height:normal\"><span style=\"font-family:Calibri,sans-serif\"><a href=\"https:\/\/gizmodo.uol.com.br\/inovacao-japonesa-plastico-que-desaparece-no-mar-pode-combater-a-poluicao\/\" style=\"color:blue; text-decoration:underline\"><span style=\"font-size:14.0pt\">Inova&ccedil;&atilde;o japonesa: pl&aacute;stico que desaparece no mar pode combater a polui&ccedil;&atilde;o<\/span><\/a><\/span><\/span><\/span><\/p>\r\n\r\n<p style=\"text-align:justify\"><span style=\"font-size:28pt\"><span style=\"font-family:Cambria,serif\"><span style=\"letter-spacing:-0.5pt\"><b><span style=\"font-size:18.0pt\"><span style=\"font-family:&quot;Calibri&quot;,sans-serif\"><span style=\"font-variant:small-caps\">Com&eacute;rcio Exterior<\/span><\/span><\/span><\/b><\/span><\/span><\/span><\/p>\r\n\r\n<p style=\"text-align:justify\"><span style=\"font-size:11pt\"><span style=\"line-height:normal\"><span style=\"font-family:Calibri,sans-serif\"><a href=\"https:\/\/plasticosemrevista.com.br\/brasil-1o-semestre-escancara-dependencia-das-importacoes-de-resinas\/\" style=\"color:blue; text-decoration:underline\"><span style=\"font-size:14.0pt\">Brasil: 1&ordm; semestre escancara depend&ecirc;ncia das importa&ccedil;&otilde;es de resinas<\/span><\/a><\/span><\/span><\/span><\/p>\r\n\r\n<p style=\"text-align:justify\"><span style=\"font-size:11pt\"><span style=\"line-height:normal\"><span style=\"font-family:Calibri,sans-serif\"><a href=\"https:\/\/plasticosemrevista.com.br\/resinas-eua-lideram-importacoes-brasileiras-no-1o-semestre\/\" style=\"color:blue; text-decoration:underline\"><span style=\"font-size:14.0pt\">Resinas: EUA lideram importa&ccedil;&otilde;es brasileiras no 1&ordm; semestre<\/span><\/a><\/span><\/span><\/span><\/p>\r\n\r\n<p style=\"text-align:justify\"><span style=\"font-size:11pt\"><span style=\"line-height:normal\"><span style=\"font-family:Calibri,sans-serif\"><a href=\"https:\/\/eixos.com.br\/newsletters\/dialogos-da-transicao\/tarifas-favorecem-plasticos-e-deixam-substitutos-sustentaveis-a-deriva\/\" style=\"color:blue; text-decoration:underline\"><span style=\"font-size:14.0pt\">Tarifas favorecem pl&aacute;sticos e deixam substitutos sustent&aacute;veis &agrave; deriva<\/span><\/a><\/span><\/span><\/span><\/p>\r\n\r\n<p style=\"text-align:justify\"><span style=\"font-size:11pt\"><span style=\"line-height:normal\"><span style=\"font-family:Calibri,sans-serif\"><a href=\"https:\/\/timesbrasil.com.br\/brasil\/setores-de-cafe-e-plastico-reagem-a-tarifaco-dos-eua-e-pedem-revisao-da-medida\/\" style=\"color:blue; text-decoration:underline\"><span style=\"font-size:14.0pt\">Setores de caf&eacute; e pl&aacute;stico reagem &agrave; tarifa&ccedil;o dos EUA e pedem revis&atilde;o da medida<\/span><\/a><\/span><\/span><\/span><\/p>\r\n\r\n<p style=\"text-align:justify\"><span style=\"font-size:11pt\"><span style=\"line-height:normal\"><span style=\"font-family:Calibri,sans-serif\"><a href=\"https:\/\/plasticosemrevista.com.br\/think-plastic-brazil-busca-desconcentrar-exportacoes\/\" style=\"color:blue; text-decoration:underline\"><span style=\"font-size:14.0pt\">Think Plastic Brazil busca desconcentrar exporta&ccedil;&otilde;es<\/span><\/a><\/span><\/span><\/span><\/p>\r\n\r\n<p style=\"text-align:justify\"><span style=\"font-size:11pt\"><span style=\"line-height:normal\"><span style=\"font-family:Calibri,sans-serif\"><a href=\"https:\/\/www.infomoney.com.br\/business\/shopee-fecha-parceria-com-apexbrasil-para-internacionalizar-empresas-brasileiras\/#:~:text=A%20parceria%20prev%C3%AA%20a%20realiza%C3%A7%C3%A3o,3%20milh%C3%B5es%20de%20vendedores%20locais.\" style=\"color:blue; text-decoration:underline\"><span style=\"font-size:14.0pt\">Shopee fecha parceria com ApexBrasil para internacionalizar empresas brasileiras<\/span><\/a><\/span><\/span><\/span><\/p>\r\n\r\n<p style=\"text-align:justify\"><span style=\"font-size:28pt\"><span style=\"font-family:Cambria,serif\"><span style=\"letter-spacing:-0.5pt\"><b><span style=\"font-size:18.0pt\"><span style=\"font-family:&quot;Calibri&quot;,sans-serif\"><span style=\"font-variant:small-caps\">Economia<\/span><\/span><\/span><\/b><\/span><\/span><\/span><\/p>\r\n\r\n<p style=\"text-align:justify\"><span style=\"font-size:11pt\"><span style=\"line-height:normal\"><span style=\"font-family:Calibri,sans-serif\"><a href=\"https:\/\/www.bcb.gov.br\/content\/focus\/focus\/R20250801.pdf\" style=\"color:blue; text-decoration:underline\"><span style=\"font-size:14.0pt\">Focus - Relat&oacute;rio de Mercado<\/span><\/a><\/span><\/span><\/span><\/p>\r\n\r\n<p style=\"text-align:justify\"><span style=\"font-size:11pt\"><span style=\"line-height:normal\"><span style=\"font-family:Calibri,sans-serif\"><a href=\"https:\/\/www.bcb.gov.br\/content\/controleinflacao\/focusdistribuicoesfrequencia\/P20250804-Focus-Distribuicoes-de-frequencia.pdf\" style=\"color:blue; text-decoration:underline\"><span style=\"font-size:14.0pt\">Focus &ndash; Distribui&ccedil;&otilde;es de Frequ&ecirc;ncia das Expectativas de Mercado para IPCA, Selic, PIB e C&acirc;mbio.<\/span><\/a><\/span><\/span><\/span><\/p>\r\n\r\n<p style=\"text-align:justify\"><span style=\"font-size:11pt\"><span style=\"line-height:normal\"><span style=\"font-family:Calibri,sans-serif\"><a href=\"https:\/\/sinditextilsp.org.br\/home\/2025\/07\/novo-episodio-do-fio-de-prosa-aborda-a-reforma-tributaria\/\" style=\"color:blue; text-decoration:underline\"><span style=\"font-size:14.0pt\">Novo epis&oacute;dio do Fio de Prosa aborda a Reforma Tribut&aacute;ria<\/span><\/a><\/span><\/span><\/span><\/p>\r\n\r\n<p style=\"text-align:justify\"><span style=\"font-size:11pt\"><span style=\"line-height:normal\"><span style=\"font-family:Calibri,sans-serif\"><a href=\"https:\/\/portalibre.fgv.br\/system\/files\/divulgacao\/noticias\/mat-complementar\/2025-07\/PressRelease_IIE-BR_jul25.pdf\" style=\"color:blue; text-decoration:underline\"><span style=\"font-size:14.0pt\">Incerteza Econ&ocirc;mica volta a subir, ap&oacute;s dois meses em queda<\/span><\/a><\/span><\/span><\/span><\/p>\r\n\r\n<p style=\"text-align:justify\"><span style=\"font-size:11pt\"><span style=\"line-height:normal\"><span style=\"font-family:Calibri,sans-serif\"><a href=\"https:\/\/portalibre.fgv.br\/system\/files\/divulgacao\/noticias\/mat-complementar\/2025-08\/Apresenta%C3%A7%C3%A3o%20-%20S%C3%ADntese%20das%20Sondagens%20-%20Julho%202025.pdf\" style=\"color:blue; text-decoration:underline\"><span style=\"font-size:14.0pt\">Indicadores de Confian&ccedil;a e Incerteza do FGV IBRE<\/span><\/a><\/span><\/span><\/span><\/p>\r\n\r\n<p style=\"text-align:justify\"><span style=\"font-size:11pt\"><span style=\"line-height:normal\"><span style=\"font-family:Calibri,sans-serif\"><a href=\"https:\/\/blogs.iadb.org\/gestion-fiscal\/pt-br\/tres-inovacoes-ma-reforma-do-imposto-ao-valor-agregado-no-brasil\/\" style=\"color:blue; text-decoration:underline\"><span style=\"font-size:14.0pt\">BDI | Tr&ecirc;s inova&ccedil;&otilde;es na reforma do imposto ao valor agregado no Brasil<\/span><\/a><\/span><\/span><\/span><\/p>\r\n\r\n<p style=\"text-align:justify\">&nbsp;<\/p>\r\n","texto_en":"","7":"","imagem":"COMP_capa-2025-site-boletim-abint-noticias-semanis_202508051942151C7Ra7gaoh.jpg","8":"COMP_capa-2025-site-boletim-abint-noticias-semanis_202508051942151C7Ra7gaoh.jpg","arquivo":"20250805-BOLETIM-ABINT-DE-NOTICIAS-SEMANAIS.PDF","9":"20250805-BOLETIM-ABINT-DE-NOTICIAS-SEMANAIS.PDF","titulo_arquivo":"20250805 Boletim ABIT de Not\u00edcias Semanais","10":"20250805 Boletim ABIT de Not\u00edcias Semanais","titulo_arquivo_en":"","11":"","created_at":"2025-08-05 19:42:26","12":"2025-08-05 19:42:26","updated_at":"2025-08-05 19:42:26","13":"2025-08-05 19:42:26"},{"id":182,"0":182,"ordem":38,"1":38,"data":"2025-07-29","2":"2025-07-29","slug":"boletim-abint-de-noticias-semanais-86","3":"boletim-abint-de-noticias-semanais-86","titulo":"Boletim ABINT de Not\u00edcias Semanais","4":"Boletim ABINT de Not\u00edcias Semanais","titulo_en":"","5":"","texto":"<p style=\"text-align:justify\"><span style=\"font-size:11pt\"><span style=\"line-height:normal\"><span style=\"font-family:Calibri,sans-serif\"><span style=\"font-size:14.0pt\">Esta &eacute; uma compila&ccedil;&atilde;o das not&iacute;cias mais relevantes para o setor, incluindo informa&ccedil;&otilde;es sobre acordos internacionais, economia brasileira, sustentabilidade e mat&eacute;rias primas, al&eacute;m de novidades do setor de N&atilde;otecidos e Tecidos T&eacute;cnicos.<\/span><\/span><\/span><\/span><\/p>\r\n\r\n<p style=\"text-align:justify\"><span style=\"font-size:28pt\"><span style=\"font-family:Cambria,serif\"><span style=\"letter-spacing:-0.5pt\"><b><span style=\"font-size:18.0pt\"><span style=\"font-family:&quot;Calibri&quot;,sans-serif\"><span style=\"font-variant:small-caps\">O que vem por a&iacute;<\/span><\/span><\/span><\/b><\/span><\/span><\/span><\/p>\r\n\r\n<p style=\"text-align:justify\"><span style=\"font-size:28pt\"><span style=\"font-family:Cambria,serif\"><span style=\"letter-spacing:-0.5pt\"><b><span style=\"font-size:18.0pt\"><span style=\"font-family:&quot;Calibri&quot;,sans-serif\"><span style=\"font-variant:small-caps\"><img src=\"https:\/\/www.abint.org.br\/assets\/img\/editor\/abint-logo-2020-g_20250730120551aLkTP9nzYo.png\" style=\"width: 300px; height: 69px;\" \/><\/span><\/span><\/span><\/b><\/span><\/span><\/span><\/p>\r\n\r\n<p style=\"text-align:justify\"><span style=\"font-size:28pt\"><span style=\"font-family:Cambria,serif\"><span style=\"letter-spacing:-0.5pt\"><b><span style=\"font-size:18.0pt\"><span style=\"font-family:&quot;Calibri&quot;,sans-serif\"><span style=\"font-variant:small-caps\"><img src=\"https:\/\/www.abint.org.br\/assets\/img\/editor\/post-quadrado-curso-naotecido_20250730120640vCt4aT9hJj.jpg\" style=\"width: 500px; height: 500px;\" \/><\/span><\/span><\/span><\/b><\/span><\/span><\/span><\/p>\r\n\r\n<p style=\"text-align:justify\"><strong><span style=\"font-size:11pt\"><span style=\"line-height:normal\"><span style=\"font-family:Calibri,sans-serif\"><a href=\"https:\/\/forms.cloud.microsoft\/r\/5DrqtK5n3Y\" style=\"color:blue; text-decoration:underline\"><span style=\"font-size:14.0pt\">Acesse aqui para fazer sua inscri&ccedil;&atilde;o<\/span><\/a><\/span><\/span><\/span><\/strong><\/p>\r\n\r\n<p style=\"text-align:justify\">&nbsp;<\/p>\r\n\r\n<p><b><img src=\"https:\/\/www.abint.org.br\/assets\/img\/editor\/2o-seminario-abrafiltros-abint-apoiador_2025072217401523mrTUXRqU.png\" style=\"width: 500px; height: 500px;\" \/><\/b><\/p>\r\n\r\n<p><span style=\"font-size:11pt\"><span style=\"line-height:normal\"><span style=\"font-family:Calibri,sans-serif\"><a href=\"https:\/\/doity.com.br\/3-seminario-brasileiro-de-filtros\" style=\"color:blue; text-decoration:underline\"><b><span style=\"font-size:14.0pt\">Acesse aqui mais informa&ccedil;&otilde;es<\/span><\/b><\/a><\/span><\/span><\/span><\/p>\r\n\r\n<p>&nbsp;<\/p>\r\n\r\n<p><img src=\"https:\/\/www.abint.org.br\/assets\/img\/editor\/congresso-internacional-abit-2025_20250722174119edr5xq8iJH.png\" style=\"width: 700px; height: 256px;\" \/><\/p>\r\n\r\n<p><span style=\"font-size:11pt\"><span style=\"line-height:normal\"><span style=\"font-family:Calibri,sans-serif\"><a href=\"https:\/\/www.congressoabit.com.br\/\" style=\"color:blue; text-decoration:underline\"><b><span style=\"font-size:14.0pt\">Acesse aqui mais informa&ccedil;&otilde;es<\/span><\/b><\/a><\/span><\/span><\/span><\/p>\r\n\r\n<p>&nbsp;<\/p>\r\n\r\n<p class=\"MsoTitle\" style=\"text-align:justify\"><span style=\"font-size:28pt\"><span style=\"font-family:Cambria,serif\"><span style=\"letter-spacing:-0.5pt\"><b><span style=\"font-size:18.0pt\"><span style=\"font-family:&quot;Calibri&quot;,sans-serif\"><span style=\"font-variant:small-caps\">Not&iacute;cias das Associadas<\/span><\/span><\/span><\/b><\/span><\/span><\/span><\/p>\r\n\r\n<p style=\"text-align:justify\"><span style=\"font-size:11pt\"><span style=\"line-height:normal\"><span style=\"font-family:Calibri,sans-serif\"><a href=\"https:\/\/t.rdsv2.net\/ls\/click?upn=u001.SJ-2BHbcLStyE5mTD5OK48sq2JxFfkhvQ6eAz6nLBcupVD9aD2elqXSwYXqES77kuARrnP37FJU-2FEr9j-2BDnL5WlurP403l7DsSDg1InAkp-2FJ8JVE6illHkSuYUQLn6-2BKRDJsEHDhAihxnxSULL-2FAmA6c55ENvtdFwQgF7HrpeII7uIvps-2BxR7loozTKZRj-2FvevctAwD6adEkDfSBlhpzOLFBbx-2FI1xLDqyCludCQjC8XWHRNsWO7IGaX3HuoBcBQRcwbjjOJZl2PO6nDIYPM9B9Q-3D-3DGk7T_T7N8BvZTOm04CQQMiyWztrpCjlUrRc4F7QzSgUIpTqB5Yk-2Bt7YhUyk7lZRXmbFFsi-2Foe1q0kuwsCjfsBOqL9ZeKwOqG7ApazixuGEP6Z5SJuFg5bm15p-2FcAKNI6-2BqjB-2BU1YkttCn1WTu-2BoQ5e3FDxJCA7NnTwDEgax6-2FVzusNDOGCu7-2BRpo-2FsAHLlI5dqkv2wTvBkyDGN3pHVuqxFjopx9rx8ir-2FC38K-2FAnbJ2D1ElqUuAfzozWHwfqXH5jUPNs3nfggsVxmCwm5rFe3LUdYv7rAxAwcw8DrHqBDh19CE6gf-2Bbf78bUobioYFSEijpbFB-2BrjdJdW-2FAWgyKYXFlEK4xtzA4KPZhjIb0a6z-2BII6UEKmKhQGAs4LiaIGZ9svtG1Y9bPfXISd-2FSxjXFYXHco0N5Sw5-2Fi7Cj2gSQGTCNQ1K68jlN141m-2BXrWoMCQLWp3-2BYjfcdjFoXSdvI-2BS7-2Bagb5g3P7-2BdtvBc4aKoC7Bbge635mFVrocs9Ejc1dhWkZdxO-2F3pDkWsihtBizblE6kIQ-2BK5oh2YRt10Z8NwqUvUudayfBpzEqFCwMrb6brqkoii1Y7KXZix2EiZu-2FdRp0iTlUUg8QLje5aQHUeml-2B77jf-2BRbYtAvgXzqK6Ze0pgEGFx7sjitfSas6LEvUpZGK3EPlw-3D-3D\" style=\"color:blue; text-decoration:underline\"><span style=\"font-size:14.0pt\">ANDRITZ fornecer&aacute; tecnologias de recupera&ccedil;&atilde;o qu&iacute;mica para f&aacute;brica da Chung Hwa Pulp em Taiwan<\/span><\/a><\/span><\/span><\/span><\/p>\r\n\r\n<p style=\"text-align:justify\">&nbsp;<\/p>\r\n\r\n<p style=\"text-align:justify\"><span style=\"font-size:11pt\"><span style=\"line-height:normal\"><span style=\"font-family:Calibri,sans-serif\"><b><span style=\"font-size:18.0pt\"><span style=\"font-variant:small-caps\">Eventos<\/span><\/span><\/b><\/span><\/span><\/span><\/p>\r\n\r\n<p style=\"text-align:justify\"><span style=\"font-size:11pt\"><span style=\"line-height:normal\"><span style=\"font-family:Calibri,sans-serif\"><a href=\"https:\/\/app.rdstation.email\/mail\/3759febf-229c-4837-985e-2aeef4948b61?utm_campaign=envio_2_radar_de_sustentabilidade_encontro_governanca&amp;utm_medium=email&amp;utm_source=RD+Station\" style=\"color:blue; text-decoration:underline\"><b><span style=\"font-size:14.0pt\">Workshop Texbrasil | Radar de Sustentabilidade - Dimens&atilde;o: Governan&ccedil;a<\/span><\/b><\/a><span style=\"font-size:14.0pt\">, 29 de julho de 2025, 10h &agrave;s 12h, evento online<\/span><\/span><\/span><\/span><\/p>\r\n\r\n<p style=\"text-align:justify\"><span style=\"font-size:11pt\"><span style=\"line-height:normal\"><span style=\"font-family:Calibri,sans-serif\"><a href=\"https:\/\/app.rdstation.email\/mail\/7d3426fa-0517-49d2-a4f3-597dd6271dca?utm_medium=email&amp;utm_campaign=live_um_brasil&amp;utm_source=RD+Station\" style=\"color:blue; text-decoration:underline\"><b><span style=\"font-size:14.0pt\">Fecom&eacute;rcio | Como o conflito entre os Poderes afeta os seus neg&oacute;cios?<\/span><\/b><\/a><span style=\"font-size:14.0pt\">, 31 de julho de 2025, 10h00, evento online<\/span><\/span><\/span><\/span><\/p>\r\n\r\n<p style=\"text-align:justify\"><span style=\"font-size:11pt\"><span style=\"line-height:normal\"><span style=\"font-family:Calibri,sans-serif\"><a href=\"https:\/\/www.sympla.com.br\/evento\/parana-plast-meeting\/3042252?utm_campaign=Paran%C3%A1+Plast+Meeting+-+Participe%21&amp;utm_content=Paran%C3%A1+Plast+Meeting+em+Pinhais+-+Sympla&amp;utm_medium=email&amp;utm_source=dinamize&amp;utm_term=Paran%C3%A1+Plast+Meeting+-+Participe%21\" style=\"color:blue; text-decoration:underline\"><b><span style=\"font-size:14.0pt\">Paran&aacute; Plast Meeting<\/span><\/b><\/a><span style=\"font-size:14.0pt\">, 06 de agosto de 2025, 15h &agrave;s 19h, evento presencia, Expotrade Convention Center, Pinhais, PR<\/span><\/span><\/span><\/span><\/p>\r\n\r\n<p style=\"text-align:justify\"><span style=\"font-size:11pt\"><span style=\"line-height:normal\"><span style=\"font-family:Calibri,sans-serif\"><a href=\"https:\/\/www.abicol.org\/encontro-das-industrias-de-colchoes-2025\/\" style=\"color:blue; text-decoration:underline\"><b><span style=\"font-size:14.0pt\">ABICOL | ENICOL 2025 - Encontro das Ind&uacute;strias de Colch&otilde;es<\/span><\/b><\/a><span style=\"font-size:14.0pt\">, 07 e 08 de agosto, evento presencial, Royal Tulip Bras&iacute;lia Alvorada<\/span><\/span><\/span><\/span><\/p>\r\n\r\n<p style=\"text-align:justify\"><span style=\"font-size:11pt\"><span style=\"line-height:normal\"><span style=\"font-family:Calibri,sans-serif\"><a href=\"https:\/\/app.rdstation.email\/mail\/dcaf387f-c8f0-4b5e-88da-7d1bd819cc16?utm_campaign=ws_reforma_tributaria_-_ago25&amp;utm_medium=email&amp;utm_source=RD+Station\" style=\"color:blue; text-decoration:underline\"><b><span style=\"font-size:14.0pt\">Workshop Abit | Reforma Tribut&aacute;ria: Impactos e Perspectivas para o Setor T&amp;C<\/span><\/b><\/a><span style=\"font-size:14.0pt\">, 12 de agosto, 09h00 &agrave;s 10h30, evento h&iacute;brido<\/span><\/span><\/span><\/span><\/p>\r\n\r\n<p style=\"text-align:justify\"><span style=\"font-size:11pt\"><span style=\"line-height:normal\"><span style=\"font-family:Calibri,sans-serif\"><a href=\"https:\/\/horizons.fia.com.br\/?utm_campaign=apoio_institucional_horizons_2025&amp;utm_medium=email&amp;utm_source=RD+Station\" style=\"color:blue; text-decoration:underline\"><b><span style=\"font-size:14.0pt\">Horizons 2025 &ndash; Inova&ccedil;&atilde;o, Tecnologia e Neg&oacute;cios Unidos pelo Planeta<\/span><\/b><\/a><span style=\"font-size:14.0pt\">, 13 e 14 de agosto, FIA Business School, Birmann 21 e Centro de Inova&ccedil;&atilde;o Bruno Covas, S&atilde;o Paulo<\/span><\/span><\/span><\/span><\/p>\r\n\r\n<p style=\"text-align:justify\"><span style=\"font-size:11pt\"><span style=\"line-height:normal\"><span style=\"font-family:Calibri,sans-serif\"><a href=\"https:\/\/forumdemanufatura.com.br\/\" style=\"color:blue; text-decoration:underline\"><b><span style=\"font-size:14.0pt\">9&ordm; F&oacute;rum de Manufatura<\/span><\/b><\/a><span style=\"font-size:14.0pt\">, 18 e 19 de agosto de 2025, Novotel Center Norte, S&atilde;o Paulo, SP<\/span><\/span><\/span><\/span><\/p>\r\n\r\n<p style=\"text-align:justify\"><span style=\"font-size:11pt\"><span style=\"line-height:normal\"><span style=\"font-family:Calibri,sans-serif\"><a href=\"https:\/\/app.rdstation.email\/mail\/73f893e3-d4c4-47e1-a0ea-aa0aaf1cfda0?utm_campaign=convite_ws_inovacao&amp;utm_medium=email&amp;utm_source=RD+Station\" style=\"color:blue; text-decoration:underline\"><b><span style=\"font-size:14.0pt\">Workshop Abit | Transformando Inova&ccedil;&atilde;o em Resultado<\/span><\/b><\/a><span style=\"font-size:14.0pt\">, 20 de agosto de 2025, 09h &agrave;s 12h, evento h&iacute;brido<\/span><\/span><\/span><\/span><\/p>\r\n\r\n<p style=\"text-align:justify\"><span style=\"font-size:11pt\"><span style=\"line-height:normal\"><span style=\"font-family:Calibri,sans-serif\"><a href=\"https:\/\/sticni.sharepoint.com\/sites\/PublicShare\/Compartilhamentos\/Forms\/AllItems.aspx?id=%2Fsites%2FPublicShare%2FCompartilhamentos%2FCNI%2D133649%2FPrograma%20Imers%C3%B5es%20em%20Ecossistemas%2FImers%C3%A3o%20Finlandia%20em%20Economia%20Circular%2E%201%2Epdf&amp;parent=%2Fsites%2FPublicShare%2FCompartilhamentos%2FCNI%2D133649%2FPrograma%20Imers%C3%B5es%20em%20Ecossistemas&amp;p=true&amp;ga=1\" style=\"color:blue; text-decoration:underline\"><b><span style=\"font-size:14.0pt\">CNI | Imers&atilde;o Finl&acirc;ndia: Uma conex&atilde;o global com a Economia Circular<\/span><\/b><\/a><span style=\"font-size:14.0pt\">, 01 a 05 de setembro de 2025, inscri&ccedil;&otilde;es at&eacute; 10 de agosto de 2025 ou se encerrarem as vagas, cidades destinos: Helsinki (cidade base), Tampere e Espoo.<\/span><\/span><\/span><\/span><\/p>\r\n\r\n<p style=\"text-align:justify\"><span style=\"font-size:11pt\"><span style=\"line-height:normal\"><span style=\"font-family:Calibri,sans-serif\"><a href=\"https:\/\/www.conbrava.com.br\/\" style=\"color:blue; text-decoration:underline\"><b><span style=\"font-size:14.0pt\">CONBRAVA 2025<\/span><\/b><\/a><span style=\"font-size:14.0pt\">, 10 a 12 de setembro de 2025, S&atilde;o Paulo Expo, Rodovia dos Imigrantes, km 1,5<\/span><\/span><\/span><\/span><\/p>\r\n\r\n<p style=\"text-align:justify\"><span style=\"font-size:11pt\"><span style=\"line-height:normal\"><span style=\"font-family:Calibri,sans-serif\"><a href=\"https:\/\/paving.com.br\/\" style=\"color:blue; text-decoration:underline\"><b><span style=\"font-size:14.0pt\">Paving Expo 2025<\/span><\/b><\/a><span style=\"font-size:14.0pt\">, 23 a 25 de setembro de 2025, Distrito Anhembi, Rua Prof. Milton Rodrigues, s\/n, Santana, S&atilde;o Paulo, SP<\/span><\/span><\/span><\/span><\/p>\r\n\r\n<p style=\"text-align:justify\"><span style=\"font-size:11pt\"><span style=\"line-height:normal\"><span style=\"font-family:Calibri,sans-serif\"><a href=\"https:\/\/www.instagram.com\/sobeccnacional\/p\/DA1V8NZyhNK\/?img_index=1\" style=\"color:blue; text-decoration:underline\"><b><span style=\"font-size:14.0pt\">17&ordm; Congresso Brasileiro de Enfermagem em Centro Cir&uacute;rgico: &ldquo;O poder de cuidar&rdquo;<\/span><\/b><\/a><span style=\"font-size:14.0pt\">, 01 a 03 de outubro de 2025, Transamerica Expo Center, S&atilde;o Paulo, SP<\/span><\/span><\/span><\/span><\/p>\r\n\r\n<p style=\"text-align:justify\"><span style=\"font-size:11pt\"><span style=\"line-height:normal\"><span style=\"font-family:Calibri,sans-serif\"><a href=\"https:\/\/his.saudebusiness.com\/pt\/home.html\" style=\"color:blue; text-decoration:underline\"><b><span style=\"font-size:14.0pt\">Healthcare Innovation Show (HIS)<\/span><\/b><\/a><span style=\"font-size:14.0pt\">, 01 e 02 de outubro de 2025, 09h &agrave;s 18h, S&atilde;o Paulo Expo<\/span><\/span><\/span><\/span><\/p>\r\n\r\n<p style=\"text-align:justify\"><span style=\"font-size:11pt\"><span style=\"line-height:normal\"><span style=\"font-family:Calibri,sans-serif\"><a href=\"https:\/\/www.abrafiltros.org.br\/3o-seminario-brasileiro-de-filtros-acontecera-no-dia-08-de-outubro\/\" style=\"color:blue; text-decoration:underline\"><b><span style=\"font-size:14.0pt\">3&ordm; Semin&aacute;rio Brasileiro de Filtros<\/span><\/b><\/a><span style=\"font-size:14.0pt\">, 08 de outubro de 2025, evento presencial<\/span><\/span><\/span><\/span><\/p>\r\n\r\n<p style=\"text-align:justify\"><span style=\"font-size:11pt\"><span style=\"line-height:normal\"><span style=\"font-family:Calibri,sans-serif\"><a href=\"https:\/\/hospitalmed.com.br\/feira\/\" style=\"color:blue; text-decoration:underline\"><b><span style=\"font-size:14.0pt\">HospitalMed 2025<\/span><\/b><\/a><span style=\"font-size:14.0pt\">, 22 a 24 de outubro, Pernambuco Centro de Conven&ccedil;&otilde;es, Olinda<\/span><\/span><\/span><\/span><\/p>\r\n\r\n<p style=\"text-align:justify\"><span style=\"font-size:11pt\"><span style=\"line-height:normal\"><span style=\"font-family:Calibri,sans-serif\"><a href=\"https:\/\/www.congressoabit.com.br\/\" style=\"color:blue; text-decoration:underline\"><b><span style=\"font-size:14.0pt\">Congresso Internacional Abit 2025<\/span><\/b><\/a><span style=\"font-size:14.0pt\">, 29 e 30 de outubro, 08h &agrave;s 20h, FIESP, S&atilde;o Paulo, SP<\/span><\/span><\/span><\/span><\/p>\r\n\r\n<p style=\"text-align:justify\"><span style=\"font-size:11pt\"><span style=\"line-height:normal\"><span style=\"font-family:Calibri,sans-serif\"><a href=\"https:\/\/filtech.de\/\" style=\"color:blue; text-decoration:underline\"><b><span style=\"font-size:14.0pt\">Filtech 2026<\/span><\/b><\/a><span style=\"font-size:14.0pt\">, de 30 de junho a 2 de julho, Cologne, Alemanha<\/span><\/span><\/span><\/span><\/p>\r\n\r\n<p style=\"text-align:justify\"><span style=\"font-size:11pt\"><span style=\"line-height:normal\"><span style=\"font-family:Calibri,sans-serif\"><a href=\"https:\/\/ficons.com.br\/\" style=\"color:blue; text-decoration:underline\"><b><span style=\"font-size:14.0pt\">FICONS - Feira Internacional de Materiais, Equipamentos e Servi&ccedil;os da Constru&ccedil;&atilde;o<\/span><\/b><\/a><span style=\"font-size:14.0pt\">, 15 a 18 de setembro de 2026, Centro de Conven&ccedil;&otilde;es de Pernambuco Recife\/ Olinda<\/span><\/span><\/span><\/span><\/p>\r\n\r\n<p style=\"text-align:justify\"><span style=\"font-size:28pt\"><span style=\"font-family:Cambria,serif\"><span style=\"letter-spacing:-0.5pt\"><b><span style=\"font-size:18.0pt\"><span style=\"font-family:&quot;Calibri&quot;,sans-serif\"><span style=\"font-variant:small-caps\">Setor<\/span><\/span><\/span><\/b><\/span><\/span><\/span><\/p>\r\n\r\n<p style=\"text-align:justify\"><span style=\"font-size:11pt\"><span style=\"line-height:normal\"><span style=\"font-family:Calibri,sans-serif\"><a href=\"https:\/\/plasticosemrevista.com.br\/eua-tem-1-300-transformadores-e-o-brasil-12-400\/\" style=\"color:blue; text-decoration:underline\"><span style=\"font-size:14.0pt\">EUA tem 1.300 transformadores e o Brasil 12.400<\/span><\/a><\/span><\/span><\/span><\/p>\r\n\r\n<p style=\"text-align:justify\"><span style=\"font-size:11pt\"><span style=\"line-height:normal\"><span style=\"font-family:Calibri,sans-serif\"><a href=\"https:\/\/www.quimica.com.br\/filtracao-industrial-reducao-de-custos-aquece-mercado\/\" style=\"color:blue; text-decoration:underline\"><span style=\"font-size:14.0pt\">Filtra&ccedil;&atilde;o industrial: Redu&ccedil;&atilde;o de custos aquece mercado<\/span><\/a><\/span><\/span><\/span><\/p>\r\n\r\n<p style=\"text-align:justify\"><span style=\"font-size:11pt\"><span style=\"line-height:normal\"><span style=\"font-family:Calibri,sans-serif\"><a href=\"https:\/\/www.grupoadapta.com.br\/desenvolvimento\/cbnrecife\/artigo\/prefeitura-do-recife-realiza-duas-obras-da-acao-inverno-2025-na-zona-norte\" style=\"color:blue; text-decoration:underline\"><span style=\"font-size:14.0pt\">Geotextil de PVC: prefeitura do Recife realiza duas obras da A&ccedil;&atilde;o Inverno 2025 na Zona Norte<\/span><\/a><\/span><\/span><\/span><\/p>\r\n\r\n<p style=\"text-align:justify\"><span style=\"font-size:11pt\"><span style=\"line-height:normal\"><span style=\"font-family:Calibri,sans-serif\"><a href=\"https:\/\/public-api.wordpress.com\/bar\/?stat=groovemails-events&amp;bin=wpcom_email_click&amp;redirect_to=https%3A%2F%2Fblogdoplastico.wordpress.com%2F2025%2F07%2F23%2Fprevia-da-k-antecipa-inovacoes-a-serem-apresentadas-por-expositores-durante-a-feira-k-2025-em-dusseldorf-em-outubro%2F&amp;sr=0&amp;signature=011247175117ee5923901b5ccb07c85c&amp;blog_id=9438832&amp;user=135099004&amp;_e=eyJlcnJvciI6bnVsbCwiYmxvZ19pZCI6OTQzODgzMiwiYmxvZ19sYW5nIjoicHQtQlIiLCJzaXRlX2lkX2xhYmVsIjoid3Bjb20iLCJoYXNfZmVhdHVyZWRfaW1hZ2UiOiIwIiwic3Vic2NyaWJlcl9pZCI6IjQ0NzAwMjQ1IiwiX3VpIjoxMzUwOTkwMDQsImxvY2FsZSI6InB0LWJyIiwiY3VycmVuY3kiOiJCUkwiLCJjb3VudHJ5X2NvZGVfc2lnbnVwIjoiQlIiLCJzaWdudXBfZmxvd19uYW1lIjoiZGVsdGEtc2l0ZSIsImVtYWlsX2RvbWFpbiI6ImFiaW50Lm9yZy5iciIsInBvc3RfaWQiOjE5MjA5LCJ1c2VyX2VtYWlsIjoiYWJpbnRAYWJpbnQub3JnLmJyIiwiZGF0ZV9zZW50IjoiMjAyNS0wNy0yMyIsImVtYWlsX25hbWUiOiJuZXctcG9zdCIsInRlbXBsYXRlIjoibmV3LXBvc3QiLCJlbWFpbF9pZCI6ImRlNzk1NDU3Y2Q5ZjJjZGU2ZTI2ZmY1ODdjYjk5YmJmIiwibGlua19kZXNjIjoicG9zdC11cmwiLCJhbmNob3JfdGV4dCI6IlByXHUwMGU5dmlhIGRhIEsgYW50ZWNpcGEgaW5vdmFcdTAwZTdcdTAwZjVlcyBhIHNlcmVtIGFwcmVzZW50YWRhcyBwb3IgZXhwb3NpdG9yZXMgZHVyYW50ZSBhIEZlaXJhIEsgMjAyNSBlbSBEXHUwMGZjc3NlbGRvcmYsIGVtXHUwMGEwT3V0dWJybyIsIl9kciI6bnVsbCwiX2RsIjoiXC93cC1hZG1pblwvcG9zdC5waHAiLCJfdXQiOiJ3cGNvbTp1c2VyX2lkIiwiX3VsIjoiYWJpbnR0dCIsIl9lbiI6IndwY29tX2VtYWlsX2NsaWNrIiwiX3RzIjoxNzUzMzEzNjEyNTMyLCJicm93c2VyX3R5cGUiOiJwaHAtYWdlbnQiLCJfYXVhIjoid3Bjb20tdHJhY2tzLWNsaWVudC12MC4zIiwiYmxvZ190eiI6Ii0zIiwidXNlcl9sYW5nIjoicHQtYnIifQ=&amp;_z=z\" style=\"color:blue; text-decoration:underline\"><span style=\"font-size:14.0pt\">Pr&eacute;via da K antecipa inova&ccedil;&otilde;es a serem apresentadas por expositores durante a Feira K 2025 em D&uuml;sseldorf, em&nbsp;Outubro<\/span><\/a><\/span><\/span><\/span><\/p>\r\n\r\n<p style=\"text-align:justify\"><span style=\"font-size:11pt\"><span style=\"line-height:normal\"><span style=\"font-family:Calibri,sans-serif\"><a href=\"https:\/\/abiquim.org.br\/comunicacao\/noticia\/11889\" style=\"color:blue; text-decoration:underline\"><span style=\"font-size:14.0pt\">Abiquim firma parceria com Firjan SENAI para impulsionar inova&ccedil;&atilde;o sustent&aacute;vel na ind&uacute;stria qu&iacute;mica<\/span><\/a><\/span><\/span><\/span><\/p>\r\n\r\n<p style=\"text-align:justify\"><span style=\"font-size:11pt\"><span style=\"line-height:normal\"><span style=\"font-family:Calibri,sans-serif\"><a href=\"https:\/\/megawhat.energy\/economia-e-politica\/empresas\/braskem-avanca-em-mercado-livre-de-gas-e-avalia-explorar-importacao-da-argentina\/\" style=\"color:blue; text-decoration:underline\"><span style=\"font-size:14.0pt\">Braskem avan&ccedil;a em mercado livre de g&aacute;s e avalia &#39;explorar&#39; importa&ccedil;&atilde;o da Argentina<\/span><\/a><\/span><\/span><\/span><\/p>\r\n\r\n<p style=\"text-align:justify\"><span style=\"font-size:11pt\"><span style=\"line-height:normal\"><span style=\"font-family:Calibri,sans-serif\"><a href=\"https:\/\/diariodonordeste.verdesmares.com.br\/negocios\/industria-textil-do-ceara-e-contraria-a-investigacao-sobre-concorrencia-desleal-da-china-1.3673148#amp_tf=De%20%251%24s&amp;aoh=17535541824888&amp;csi=0&amp;referrer=https%3A%2F%2Fwww.google.com&amp;ampshare=https%3A%2F%2Fdiariodonordeste.verdesmares.com.br%2Fnegocios%2Findustria-textil-do-ceara-e-contraria-a-investigacao-sobre-concorrencia-desleal-da-china-1.3673148\" style=\"color:blue; text-decoration:underline\"><span style=\"font-size:14.0pt\">Ind&uacute;stria t&ecirc;xtil do Cear&aacute; &eacute; contr&aacute;ria &agrave; investiga&ccedil;&atilde;o sobre concorr&ecirc;ncia desleal da China<\/span><\/a><\/span><\/span><\/span><\/p>\r\n\r\n<p style=\"text-align:justify\"><span style=\"font-size:28pt\"><span style=\"font-family:Cambria,serif\"><span style=\"letter-spacing:-0.5pt\"><b><span style=\"font-size:18.0pt\"><span style=\"font-family:&quot;Calibri&quot;,sans-serif\"><span style=\"font-variant:small-caps\">Ind&uacute;stria<\/span><\/span><\/span><\/b><\/span><\/span><\/span><\/p>\r\n\r\n<p style=\"text-align:justify\"><span style=\"font-size:11pt\"><span style=\"line-height:normal\"><span style=\"font-family:Calibri,sans-serif\"><a href=\"https:\/\/www.ey.com\/content\/dam\/ey-unified-site\/ey-com\/pt-br\/insights\/infrastructure\/documents\/ey-barometro-da-infraestrutura-edicao-13.pdf\" style=\"color:blue; text-decoration:underline\"><span style=\"font-size:14.0pt\">Bar&ocirc;metro da Infraestrutura Brasileira | Julho de 2025 | 13&ordf; Edi&ccedil;&atilde;o<\/span><\/a><\/span><\/span><\/span><\/p>\r\n\r\n<p style=\"text-align:justify\"><span style=\"font-size:11pt\"><span style=\"line-height:normal\"><span style=\"font-family:Calibri,sans-serif\"><a href=\"https:\/\/portalibre.fgv.br\/system\/files\/divulgacao\/noticias\/mat-complementar\/2025-07\/Press%20Release_ICST_Jul25.pdf\" style=\"color:blue; text-decoration:underline\"><span style=\"font-size:14.0pt\">Confian&ccedil;a da Constru&ccedil;&atilde;o cai em julho<\/span><\/a><\/span><\/span><\/span><\/p>\r\n\r\n<p style=\"text-align:justify\"><span style=\"font-size:11pt\"><span style=\"line-height:normal\"><span style=\"font-family:Calibri,sans-serif\"><a href=\"https:\/\/noticias.portaldaindustria.com.br\/noticias\/economia\/juros-altos-lideram-problemas-da-construcao-no-2o-trimestre-segundo-cni\/\" style=\"color:blue; text-decoration:underline\"><span style=\"font-size:14.0pt\">Juros altos lideram problemas da constru&ccedil;&atilde;o no 2&ordm; trimestre, segundo CNI<\/span><\/a><\/span><\/span><\/span><\/p>\r\n\r\n<p style=\"text-align:justify\"><span style=\"font-size:11pt\"><span style=\"line-height:normal\"><span style=\"font-family:Calibri,sans-serif\"><a href=\"https:\/\/cloud.braspub.com.br\/portal\/concessoes-transformam-o-brasil-em-canteiro-de-obras\/\" style=\"color:blue; text-decoration:underline\"><span style=\"font-size:14.0pt\">Concess&otilde;es transformam o Brasil em canteiro de obras<\/span><\/a><\/span><\/span><\/span><\/p>\r\n\r\n<p style=\"text-align:justify\"><span style=\"font-size:11pt\"><span style=\"line-height:normal\"><span style=\"font-family:Calibri,sans-serif\"><a href=\"https:\/\/www.gov.br\/antt\/pt-br\/assuntos\/ultimas-noticias\/antt-inicia-reforma-historica-do-setor-ferroviario-com-nova-proposta-de-marco-regulatorio\" style=\"color:blue; text-decoration:underline\"><span style=\"font-size:14.0pt\">ANTT inicia reforma hist&oacute;rica do setor ferrovi&aacute;rio com nova proposta de marco regulat&oacute;rio<\/span><\/a><\/span><\/span><\/span><\/p>\r\n\r\n<p style=\"text-align:justify\"><span style=\"font-size:11pt\"><span style=\"line-height:normal\"><span style=\"font-family:Calibri,sans-serif\"><a href=\"https:\/\/brasil61.com\/n\/agencias-reguladoras-industria-defende-revisao-imediata-de-cortes-nos-orcamentos-das-autarquias-pind254567#amp_tf=De%20%251%24s&amp;aoh=17535650357421&amp;csi=0&amp;referrer=https%3A%2F%2Fwww.google.com&amp;ampshare=https%3A%2F%2Fbrasil61.com%2Fn%2Fagencias-reguladoras-industria-defende-revisao-imediata-de-cortes-nos-orcamentos-das-autarquias-pind254567\" style=\"color:blue; text-decoration:underline\"><span style=\"font-size:14.0pt\">Ag&ecirc;ncias reguladoras: Ind&uacute;stria defende revis&atilde;o imediata de cortes nos or&ccedil;amentos das autarquias<\/span><\/a><\/span><\/span><\/span><\/p>\r\n\r\n<p style=\"text-align:justify\"><span style=\"font-size:11pt\"><span style=\"line-height:normal\"><span style=\"font-family:Calibri,sans-serif\"><a href=\"https:\/\/noticias.portaldaindustria.com.br\/noticias\/economia\/empresarios-do-forum-nacional-da-industria-discutem-impactos-das-medidas-comerciais-dos-eua\/\" style=\"color:blue; text-decoration:underline\"><span style=\"font-size:14.0pt\">Empres&aacute;rios do F&oacute;rum Nacional da Ind&uacute;stria discutem impactos das medidas comerciais dos EUA<\/span><\/a><\/span><\/span><\/span><\/p>\r\n\r\n<p style=\"text-align:justify\"><span style=\"font-size:11pt\"><span style=\"line-height:normal\"><span style=\"font-family:Calibri,sans-serif\"><a href=\"https:\/\/noticias.portaldaindustria.com.br\/posicionamentos\/que-prevaleca-o-bom-senso-na-relacao-brasil-eua-enfatiza-cni\/\" style=\"color:blue; text-decoration:underline\"><span style=\"font-size:14.0pt\">Que prevale&ccedil;a o bom senso na rela&ccedil;&atilde;o Brasil-EUA, enfatiza CNI<\/span><\/a><\/span><\/span><\/span><\/p>\r\n\r\n<p style=\"text-align:justify\"><span style=\"font-size:11pt\"><span style=\"line-height:normal\"><span style=\"font-family:Calibri,sans-serif\"><a href=\"https:\/\/www.google.com\/search?q=amanda+haugh&amp;rlz=1C1JJTC_pt-PTBR1094BR1094&amp;oq=amanda+haugh&amp;gs_lcrp=EgZjaHJvbWUyBggAEEUYOdIBCTQ2NzBqMGoxNagCDLACAfEFoYM7A4fknBU&amp;sourceid=chrome&amp;ie=UTF-8\" style=\"color:blue; text-decoration:underline\"><span style=\"font-size:14.0pt\">CNI: investimentos brasileiros nos EUA cresceram 52,3% em uma d&eacute;cada<\/span><\/a><\/span><\/span><\/span><\/p>\r\n\r\n<p style=\"text-align:justify\"><span style=\"font-size:28pt\"><span style=\"font-family:Cambria,serif\"><span style=\"letter-spacing:-0.5pt\"><b><span style=\"font-size:18.0pt\"><span style=\"font-family:&quot;Calibri&quot;,sans-serif\"><span style=\"font-variant:small-caps\">Sustentabilidade<\/span><\/span><\/span><\/b><\/span><\/span><\/span><\/p>\r\n\r\n<p style=\"text-align:justify\"><span style=\"font-size:11pt\"><span style=\"line-height:normal\"><span style=\"font-family:Calibri,sans-serif\"><a href=\"https:\/\/envolverde.com.br\/tudo-sobre-ods\/ods12\/tratado-de-plasticos-pode-reduzir-em-90-o-plastico-mal-descartado\/\" style=\"color:blue; text-decoration:underline\"><span style=\"font-size:14.0pt\">Tratado de pl&aacute;sticos pode reduzir em 90% o pl&aacute;stico mal descartado<\/span><\/a><\/span><\/span><\/span><\/p>\r\n\r\n<p style=\"text-align:justify\"><span style=\"font-size:11pt\"><span style=\"line-height:normal\"><span style=\"font-family:Calibri,sans-serif\"><a href=\"https:\/\/monitormercantil.com.br\/saneamento-basico-para-todos\/\" style=\"color:blue; text-decoration:underline\"><span style=\"font-size:14.0pt\">Saneamento b&aacute;sico para todos<\/span><\/a><\/span><\/span><\/span><\/p>\r\n\r\n<p style=\"text-align:justify\"><span style=\"font-size:11pt\"><span style=\"line-height:normal\"><span style=\"font-family:Calibri,sans-serif\"><a href=\"https:\/\/revistamt.com.br\/Noticias\/Exibir\/camara-aprova-nova-lei-geral-do-licenciamento-ambiental-com-inclusao-da-mineracao?utm_source=akna&amp;utm_medium=email&amp;utm_campaign=Revista-M-T-Informativo-737-22-07-2025\" style=\"color:blue; text-decoration:underline\"><span style=\"font-size:14.0pt\">C&acirc;mara aprova nova Lei Geral do Licenciamento Ambiental com inclus&atilde;o da minera&ccedil;&atilde;o<\/span><\/a><\/span><\/span><\/span><\/p>\r\n\r\n<p style=\"text-align:justify\"><span style=\"font-size:11pt\"><span style=\"line-height:normal\"><span style=\"font-family:Calibri,sans-serif\"><a href=\"https:\/\/mercadoeconsumo.com.br\/24\/07\/2025\/sustentabilidade\/speedo-atinge-5-da-producao-com-tecido-reciclavel-e-biodegradavel-de-olho-no-consumidor-engajado\/\" style=\"color:blue; text-decoration:underline\"><span style=\"font-size:14.0pt\">Speedo atinge 5% da produ&ccedil;&atilde;o com tecido recicl&aacute;vel e biodegrad&aacute;vel de olho no consumidor engajado<\/span><\/a><\/span><\/span><\/span><\/p>\r\n\r\n<p style=\"text-align:justify\"><span style=\"font-size:28pt\"><span style=\"font-family:Cambria,serif\"><span style=\"letter-spacing:-0.5pt\"><b><span style=\"font-size:18.0pt\"><span style=\"font-family:&quot;Calibri&quot;,sans-serif\"><span style=\"font-variant:small-caps\">Inova&ccedil;&atilde;o<\/span><\/span><\/span><\/b><\/span><\/span><\/span><\/p>\r\n\r\n<p style=\"text-align:justify\"><span style=\"font-size:11pt\"><span style=\"line-height:normal\"><span style=\"font-family:Calibri,sans-serif\"><a href=\"https:\/\/public-api.wordpress.com\/bar\/?stat=groovemails-events&amp;bin=wpcom_email_click&amp;redirect_to=https%3A%2F%2Fblogdoplastico.wordpress.com%2F2025%2F07%2F23%2Fa-evolucao-do-uso-dos-materiais-para-aumentar-a-leveza-eficiencia-energetica-e-inovacao-no-design-dos-veiculos-do-futuro%2F&amp;sr=0&amp;signature=a46d59498f816cd6090a576145446b7d&amp;blog_id=9438832&amp;user=135099004&amp;_e=eyJlcnJvciI6bnVsbCwiYmxvZ19pZCI6OTQzODgzMiwiYmxvZ19sYW5nIjoicHQtQlIiLCJzaXRlX2lkX2xhYmVsIjoid3Bjb20iLCJoYXNfZmVhdHVyZWRfaW1hZ2UiOiIwIiwic3Vic2NyaWJlcl9pZCI6IjQ0NzAwMjQ1IiwiX3VpIjoxMzUwOTkwMDQsImxvY2FsZSI6InB0LWJyIiwiY3VycmVuY3kiOiJCUkwiLCJjb3VudHJ5X2NvZGVfc2lnbnVwIjoiQlIiLCJzaWdudXBfZmxvd19uYW1lIjoiZGVsdGEtc2l0ZSIsImVtYWlsX2RvbWFpbiI6ImFiaW50Lm9yZy5iciIsInBvc3RfaWQiOjE5MTkzLCJ1c2VyX2VtYWlsIjoiYWJpbnRAYWJpbnQub3JnLmJyIiwiZGF0ZV9zZW50IjoiMjAyNS0wNy0yMyIsImVtYWlsX25hbWUiOiJuZXctcG9zdCIsInRlbXBsYXRlIjoibmV3LXBvc3QiLCJlbWFpbF9pZCI6Ijc4ZTRhOWZkYzQ5MDBlYTNjNDZhOTAzYjQ3ZjI4NDdhIiwibGlua19kZXNjIjoicG9zdC11cmwiLCJhbmNob3JfdGV4dCI6IkEgZXZvbHVcdTAwZTdcdTAwZTNvIGRvIHVzbyBkb3MgbWF0ZXJpYWlzIHBhcmEgYXVtZW50YXIgYSBsZXZlemEsIGVmaWNpXHUwMGVhbmNpYSBlbmVyZ1x1MDBlOXRpY2EgZSBpbm92YVx1MDBlN1x1MDBlM28gbm8gZGVzaWduIGRvcyB2ZVx1MDBlZGN1bG9zIGRvXHUwMGEwZnV0dXJvIiwiX2RyIjpudWxsLCJfZGwiOiJcL3dwLWFkbWluXC9wb3N0LnBocCIsIl91dCI6IndwY29tOnVzZXJfaWQiLCJfdWwiOiJhYmludHR0IiwiX2VuIjoid3Bjb21fZW1haWxfY2xpY2siLCJfdHMiOjE3NTMyOTU3ODc2OTMsImJyb3dzZXJfdHlwZSI6InBocC1hZ2VudCIsIl9hdWEiOiJ3cGNvbS10cmFja3MtY2xpZW50LXYwLjMiLCJibG9nX3R6IjoiLTMiLCJ1c2VyX2xhbmciOiJwdC1iciJ9&amp;_z=z\" style=\"color:blue; text-decoration:underline\"><span style=\"font-size:14.0pt\">A evolu&ccedil;&atilde;o do uso dos materiais para aumentar a leveza, efici&ecirc;ncia energ&eacute;tica e inova&ccedil;&atilde;o no design dos ve&iacute;culos do futuro<\/span><\/a><\/span><\/span><\/span><\/p>\r\n\r\n<p style=\"text-align:justify\"><span style=\"font-size:11pt\"><span style=\"line-height:normal\"><span style=\"font-family:Calibri,sans-serif\"><a href=\"https:\/\/veja.abril.com.br\/ciencia\/uma-solucao-que-pode-resolver-o-problema-da-poluicao-marinha-por-plastico\/\" style=\"color:blue; text-decoration:underline\"><span style=\"font-size:14.0pt\">Poli&eacute;ster: uma solu&ccedil;&atilde;o que pode resolver o problema da polui&ccedil;&atilde;o marinha por pl&aacute;stico<\/span><\/a><\/span><\/span><\/span><\/p>\r\n\r\n<p style=\"text-align:justify\"><span style=\"font-size:11pt\"><span style=\"line-height:normal\"><span style=\"font-family:Calibri,sans-serif\"><a href=\"https:\/\/www.inovacaotecnologica.com.br\/noticias\/noticia.php?artigo=fabricacao-verde-fios-celulose&amp;id=010125250729&amp;ebol=sim\" style=\"color:blue; text-decoration:underline\"><span style=\"font-size:14.0pt\">Fabrica&ccedil;&atilde;o verde de fios de celulose chega &agrave; escala industrial<\/span><\/a><\/span><\/span><\/span><\/p>\r\n\r\n<p style=\"text-align:justify\"><span style=\"font-size:11pt\"><span style=\"line-height:normal\"><span style=\"font-family:Calibri,sans-serif\"><a href=\"https:\/\/olhardigital.com.br\/2025\/07\/23\/ciencia-e-espaco\/plastico-colorido-e-nao-poluente-e-criado-por-cientistas\/\" style=\"color:blue; text-decoration:underline\"><span style=\"font-size:14.0pt\">Pl&aacute;stico colorido e n&atilde;o poluente &eacute; criado por cientistas<\/span><\/a> <\/span><\/span><\/span><\/p>\r\n\r\n<p style=\"text-align:justify\"><span style=\"font-size:11pt\"><span style=\"line-height:normal\"><span style=\"font-family:Calibri,sans-serif\"><a href=\"https:\/\/www.gov.br\/mcti\/pt-br\/acompanhe-o-mcti\/noticias\/2025\/07\/mcti-e-finep-celebram-aprovacao-de-projeto-que-libera-r-22-bilhoes-do-fndct-e-fortalece-a-ciencia-nacional\" style=\"color:blue; text-decoration:underline\"><span style=\"font-size:14.0pt\">MCTI e FINEP celebram aprova&ccedil;&atilde;o de projeto que libera R$ 22 bilh&otilde;es do FNDCT e fortalece a ci&ecirc;ncia nacional<\/span><\/a><\/span><\/span><\/span><\/p>\r\n\r\n<p style=\"text-align:justify\"><span style=\"font-size:11pt\"><span style=\"line-height:normal\"><span style=\"font-family:Calibri,sans-serif\"><a href=\"https:\/\/www.cartacapital.com.br\/do-micro-ao-macro\/lei-do-bem-muda-regras-e-exige-novo-formulario-para-declarar-inovacao\/\" style=\"color:blue; text-decoration:underline\"><span style=\"font-size:14.0pt\">Lei do Bem muda regras e exige novo formul&aacute;rio para declarar inova&ccedil;&atilde;o<\/span><\/a><\/span><\/span><\/span><\/p>\r\n\r\n<p style=\"text-align:justify\"><span style=\"font-size:28pt\"><span style=\"font-family:Cambria,serif\"><span style=\"letter-spacing:-0.5pt\"><b><span style=\"font-size:18.0pt\"><span style=\"font-family:&quot;Calibri&quot;,sans-serif\"><span style=\"font-variant:small-caps\">Com&eacute;rcio Exterior<\/span><\/span><\/span><\/b><\/span><\/span><\/span><\/p>\r\n\r\n<p style=\"text-align:justify\"><span style=\"font-size:11pt\"><span style=\"line-height:normal\"><span style=\"font-family:Calibri,sans-serif\"><a href=\"https:\/\/www.cnnbrasil.com.br\/blogs\/caio-junqueira\/politica\/sem-sinal-dos-eua-alckmin-debate-acordo-do-mercosul-com-europeus\/\" style=\"color:blue; text-decoration:underline\"><span style=\"font-size:14.0pt\">Sem sinal dos EUA, Alckmin debate acordo do Mercosul com europeus<\/span><\/a><\/span><\/span><\/span><\/p>\r\n\r\n<p style=\"text-align:justify\"><span style=\"font-size:11pt\"><span style=\"line-height:normal\"><span style=\"font-family:Calibri,sans-serif\"><a href=\"https:\/\/static.portaldaindustria.com.br\/media\/filer_public\/dc\/84\/dc84032b-436f-486f-8642-99c6edb9b057\/ex_ipc_25-14_relatorio_eumeta.pdf\" style=\"color:blue; text-decoration:underline\"><span style=\"font-size:14.0pt\">Parlamento Europeu publica estudo sobre os impactos do Acordo Mercosul-Uni&atilde;o Europeia<\/span><\/a><\/span><\/span><\/span><\/p>\r\n\r\n<p style=\"text-align:justify\"><span style=\"font-size:11pt\"><span style=\"line-height:normal\"><span style=\"font-family:Calibri,sans-serif\"><a href=\"https:\/\/mercadoeconsumo.com.br\/28\/07\/2025\/economia\/tarifaco-de-trump-entra-na-semana-decisiva-perspectiva-de-acordo-com-os-eua-fica-mais-distante\/?utm_medium=email&amp;utm_campaign=news_fechamento_diario_sem_artigo_-_2807&amp;utm_source=RD+Station\" style=\"color:blue; text-decoration:underline\"><span style=\"font-size:14.0pt\">Tarifa&ccedil;o de Trump entra na semana decisiva; perspectiva de acordo com os EUA fica mais distante<\/span><\/a><\/span><\/span><\/span><\/p>\r\n\r\n<p style=\"text-align:justify\"><span style=\"font-size:11pt\"><span style=\"line-height:normal\"><span style=\"font-family:Calibri,sans-serif\"><a href=\"https:\/\/mercadoeconsumo.com.br\/22\/07\/2025\/economia\/tarifaco-pode-desequilibrar-mercado-interno-no-brasil-alerta-ministro\/?utm_campaign=news_fechamento_diario_sem_artigo_-_2207&amp;utm_medium=email&amp;utm_source=RD+Station\" style=\"color:blue; text-decoration:underline\"><span style=\"font-size:14.0pt\">Tarifa&ccedil;o pode desequilibrar mercado interno no Brasil, alerta ministro<\/span><\/a><\/span><\/span><\/span><\/p>\r\n\r\n<p style=\"text-align:justify\"><span style=\"font-size:11pt\"><span style=\"line-height:normal\"><span style=\"font-family:Calibri,sans-serif\"><a href=\"https:\/\/br.tradingview.com\/news\/reuters.com,2025:newsml_L1N3TM0S8:0\/\" style=\"color:blue; text-decoration:underline\"><span style=\"font-size:14.0pt\">Tarifas de Trump pesam sobre exportadores de produtos qu&iacute;micos do Brasil e geram cancelamentos de pedidos<\/span><\/a><\/span><\/span><\/span><\/p>\r\n\r\n<p style=\"text-align:justify\"><span style=\"font-size:11pt\"><span style=\"line-height:normal\"><span style=\"font-family:Calibri,sans-serif\"><a href=\"https:\/\/www.abcmais.com\/economia\/tarifa-de-trump-entenda-os-impactos-e-alternativas-para-o-setor-coureiro-calcadista-mediante-taxa-de-50\/\" style=\"color:blue; text-decoration:underline\"><span style=\"font-size:14.0pt\">Tarifas de Trump: entenda os impactos e alternativas para o setor coureiro-cal&ccedil;adista mediante taxa de 50%<\/span><\/a><\/span><\/span><\/span><\/p>\r\n\r\n<p style=\"text-align:justify\"><span style=\"font-size:28pt\"><span style=\"font-family:Cambria,serif\"><span style=\"letter-spacing:-0.5pt\"><b><span style=\"font-size:18.0pt\"><span style=\"font-family:&quot;Calibri&quot;,sans-serif\"><span style=\"font-variant:small-caps\">Economia<\/span><\/span><\/span><\/b><\/span><\/span><\/span><\/p>\r\n\r\n<p style=\"text-align:justify\"><span style=\"font-size:11pt\"><span style=\"line-height:normal\"><span style=\"font-family:Calibri,sans-serif\"><a href=\"https:\/\/www.bcb.gov.br\/content\/focus\/focus\/R20250725.pdf\" style=\"color:blue; text-decoration:underline\"><span style=\"font-size:14.0pt\">Focus - Relat&oacute;rio de Mercado<\/span><\/a><\/span><\/span><\/span><\/p>\r\n\r\n<p style=\"text-align:justify\"><span style=\"font-size:11pt\"><span style=\"line-height:normal\"><span style=\"font-family:Calibri,sans-serif\"><a href=\"https:\/\/www.investimentosenoticias.com.br\/noticias\/mercado\/fmi-eleva-projecao-de-crescimento-para-mercados-emergentes-e-destaca-revisao-positiva-para-china\/\" style=\"color:blue; text-decoration:underline\"><span style=\"font-size:14.0pt\">FMI Eleva Proje&ccedil;&atilde;o de Crescimento para Mercados Emergentes e Destaca Revis&atilde;o Positiva para China<\/span><\/a><\/span><\/span><\/span><\/p>\r\n\r\n<p style=\"text-align:justify\"><span style=\"font-size:11pt\"><span style=\"line-height:normal\"><span style=\"font-family:Calibri,sans-serif\"><a href=\"https:\/\/www.cnnbrasil.com.br\/economia\/macroeconomia\/fmi-eleva-para-21-projecao-de-crescimento-do-brasil-em-2026\/\" style=\"color:blue; text-decoration:underline\"><span style=\"font-size:14.0pt\">FMI eleva para 2,1% proje&ccedil;&atilde;o de crescimento do Brasil em 2026<\/span><\/a><\/span><\/span><\/span><\/p>\r\n\r\n<p style=\"text-align:justify\"><span style=\"font-size:11pt\"><span style=\"line-height:115%\"><span style=\"font-family:&quot;Calibri&quot;,sans-serif\"><a href=\"https:\/\/agenciabrasil.ebc.com.br\/economia\/noticia\/2025-07\/mercado-financeiro-reduz-previsao-da-inflacao-para-509\" style=\"color:blue; text-decoration:underline\"><span style=\"font-size:14.0pt\"><span style=\"line-height:115%\">Mercado financeiro reduz previs&atilde;o da infla&ccedil;&atilde;o para 5,09%<\/span><\/span><\/a><\/span><\/span><\/span><\/p>\r\n\r\n<p style=\"text-align:justify\">&nbsp;<\/p>\r\n\r\n<p style=\"text-align:justify\"><img src=\"https:\/\/www.abint.org.br\/assets\/img\/editor\/redes-sociais-abint-ctg-cth_20250722174554BZqU7o4ypm.jpg\" \/><\/p>\r\n","6":"<p style=\"text-align:justify\"><span style=\"font-size:11pt\"><span style=\"line-height:normal\"><span style=\"font-family:Calibri,sans-serif\"><span style=\"font-size:14.0pt\">Esta &eacute; uma compila&ccedil;&atilde;o das not&iacute;cias mais relevantes para o setor, incluindo informa&ccedil;&otilde;es sobre acordos internacionais, economia brasileira, sustentabilidade e mat&eacute;rias primas, al&eacute;m de novidades do setor de N&atilde;otecidos e Tecidos T&eacute;cnicos.<\/span><\/span><\/span><\/span><\/p>\r\n\r\n<p style=\"text-align:justify\"><span style=\"font-size:28pt\"><span style=\"font-family:Cambria,serif\"><span style=\"letter-spacing:-0.5pt\"><b><span style=\"font-size:18.0pt\"><span style=\"font-family:&quot;Calibri&quot;,sans-serif\"><span style=\"font-variant:small-caps\">O que vem por a&iacute;<\/span><\/span><\/span><\/b><\/span><\/span><\/span><\/p>\r\n\r\n<p style=\"text-align:justify\"><span style=\"font-size:28pt\"><span style=\"font-family:Cambria,serif\"><span style=\"letter-spacing:-0.5pt\"><b><span style=\"font-size:18.0pt\"><span style=\"font-family:&quot;Calibri&quot;,sans-serif\"><span style=\"font-variant:small-caps\"><img src=\"https:\/\/www.abint.org.br\/assets\/img\/editor\/abint-logo-2020-g_20250730120551aLkTP9nzYo.png\" style=\"width: 300px; height: 69px;\" \/><\/span><\/span><\/span><\/b><\/span><\/span><\/span><\/p>\r\n\r\n<p style=\"text-align:justify\"><span style=\"font-size:28pt\"><span style=\"font-family:Cambria,serif\"><span style=\"letter-spacing:-0.5pt\"><b><span style=\"font-size:18.0pt\"><span style=\"font-family:&quot;Calibri&quot;,sans-serif\"><span style=\"font-variant:small-caps\"><img src=\"https:\/\/www.abint.org.br\/assets\/img\/editor\/post-quadrado-curso-naotecido_20250730120640vCt4aT9hJj.jpg\" style=\"width: 500px; height: 500px;\" \/><\/span><\/span><\/span><\/b><\/span><\/span><\/span><\/p>\r\n\r\n<p style=\"text-align:justify\"><strong><span style=\"font-size:11pt\"><span style=\"line-height:normal\"><span style=\"font-family:Calibri,sans-serif\"><a href=\"https:\/\/forms.cloud.microsoft\/r\/5DrqtK5n3Y\" style=\"color:blue; text-decoration:underline\"><span style=\"font-size:14.0pt\">Acesse aqui para fazer sua inscri&ccedil;&atilde;o<\/span><\/a><\/span><\/span><\/span><\/strong><\/p>\r\n\r\n<p style=\"text-align:justify\">&nbsp;<\/p>\r\n\r\n<p><b><img src=\"https:\/\/www.abint.org.br\/assets\/img\/editor\/2o-seminario-abrafiltros-abint-apoiador_2025072217401523mrTUXRqU.png\" style=\"width: 500px; height: 500px;\" \/><\/b><\/p>\r\n\r\n<p><span style=\"font-size:11pt\"><span style=\"line-height:normal\"><span style=\"font-family:Calibri,sans-serif\"><a href=\"https:\/\/doity.com.br\/3-seminario-brasileiro-de-filtros\" style=\"color:blue; text-decoration:underline\"><b><span style=\"font-size:14.0pt\">Acesse aqui mais informa&ccedil;&otilde;es<\/span><\/b><\/a><\/span><\/span><\/span><\/p>\r\n\r\n<p>&nbsp;<\/p>\r\n\r\n<p><img src=\"https:\/\/www.abint.org.br\/assets\/img\/editor\/congresso-internacional-abit-2025_20250722174119edr5xq8iJH.png\" style=\"width: 700px; height: 256px;\" \/><\/p>\r\n\r\n<p><span style=\"font-size:11pt\"><span style=\"line-height:normal\"><span style=\"font-family:Calibri,sans-serif\"><a href=\"https:\/\/www.congressoabit.com.br\/\" style=\"color:blue; text-decoration:underline\"><b><span style=\"font-size:14.0pt\">Acesse aqui mais informa&ccedil;&otilde;es<\/span><\/b><\/a><\/span><\/span><\/span><\/p>\r\n\r\n<p>&nbsp;<\/p>\r\n\r\n<p class=\"MsoTitle\" style=\"text-align:justify\"><span style=\"font-size:28pt\"><span style=\"font-family:Cambria,serif\"><span style=\"letter-spacing:-0.5pt\"><b><span style=\"font-size:18.0pt\"><span style=\"font-family:&quot;Calibri&quot;,sans-serif\"><span style=\"font-variant:small-caps\">Not&iacute;cias das Associadas<\/span><\/span><\/span><\/b><\/span><\/span><\/span><\/p>\r\n\r\n<p style=\"text-align:justify\"><span style=\"font-size:11pt\"><span style=\"line-height:normal\"><span style=\"font-family:Calibri,sans-serif\"><a href=\"https:\/\/t.rdsv2.net\/ls\/click?upn=u001.SJ-2BHbcLStyE5mTD5OK48sq2JxFfkhvQ6eAz6nLBcupVD9aD2elqXSwYXqES77kuARrnP37FJU-2FEr9j-2BDnL5WlurP403l7DsSDg1InAkp-2FJ8JVE6illHkSuYUQLn6-2BKRDJsEHDhAihxnxSULL-2FAmA6c55ENvtdFwQgF7HrpeII7uIvps-2BxR7loozTKZRj-2FvevctAwD6adEkDfSBlhpzOLFBbx-2FI1xLDqyCludCQjC8XWHRNsWO7IGaX3HuoBcBQRcwbjjOJZl2PO6nDIYPM9B9Q-3D-3DGk7T_T7N8BvZTOm04CQQMiyWztrpCjlUrRc4F7QzSgUIpTqB5Yk-2Bt7YhUyk7lZRXmbFFsi-2Foe1q0kuwsCjfsBOqL9ZeKwOqG7ApazixuGEP6Z5SJuFg5bm15p-2FcAKNI6-2BqjB-2BU1YkttCn1WTu-2BoQ5e3FDxJCA7NnTwDEgax6-2FVzusNDOGCu7-2BRpo-2FsAHLlI5dqkv2wTvBkyDGN3pHVuqxFjopx9rx8ir-2FC38K-2FAnbJ2D1ElqUuAfzozWHwfqXH5jUPNs3nfggsVxmCwm5rFe3LUdYv7rAxAwcw8DrHqBDh19CE6gf-2Bbf78bUobioYFSEijpbFB-2BrjdJdW-2FAWgyKYXFlEK4xtzA4KPZhjIb0a6z-2BII6UEKmKhQGAs4LiaIGZ9svtG1Y9bPfXISd-2FSxjXFYXHco0N5Sw5-2Fi7Cj2gSQGTCNQ1K68jlN141m-2BXrWoMCQLWp3-2BYjfcdjFoXSdvI-2BS7-2Bagb5g3P7-2BdtvBc4aKoC7Bbge635mFVrocs9Ejc1dhWkZdxO-2F3pDkWsihtBizblE6kIQ-2BK5oh2YRt10Z8NwqUvUudayfBpzEqFCwMrb6brqkoii1Y7KXZix2EiZu-2FdRp0iTlUUg8QLje5aQHUeml-2B77jf-2BRbYtAvgXzqK6Ze0pgEGFx7sjitfSas6LEvUpZGK3EPlw-3D-3D\" style=\"color:blue; text-decoration:underline\"><span style=\"font-size:14.0pt\">ANDRITZ fornecer&aacute; tecnologias de recupera&ccedil;&atilde;o qu&iacute;mica para f&aacute;brica da Chung Hwa Pulp em Taiwan<\/span><\/a><\/span><\/span><\/span><\/p>\r\n\r\n<p style=\"text-align:justify\">&nbsp;<\/p>\r\n\r\n<p style=\"text-align:justify\"><span style=\"font-size:11pt\"><span style=\"line-height:normal\"><span style=\"font-family:Calibri,sans-serif\"><b><span style=\"font-size:18.0pt\"><span style=\"font-variant:small-caps\">Eventos<\/span><\/span><\/b><\/span><\/span><\/span><\/p>\r\n\r\n<p style=\"text-align:justify\"><span style=\"font-size:11pt\"><span style=\"line-height:normal\"><span style=\"font-family:Calibri,sans-serif\"><a href=\"https:\/\/app.rdstation.email\/mail\/3759febf-229c-4837-985e-2aeef4948b61?utm_campaign=envio_2_radar_de_sustentabilidade_encontro_governanca&amp;utm_medium=email&amp;utm_source=RD+Station\" style=\"color:blue; text-decoration:underline\"><b><span style=\"font-size:14.0pt\">Workshop Texbrasil | Radar de Sustentabilidade - Dimens&atilde;o: Governan&ccedil;a<\/span><\/b><\/a><span style=\"font-size:14.0pt\">, 29 de julho de 2025, 10h &agrave;s 12h, evento online<\/span><\/span><\/span><\/span><\/p>\r\n\r\n<p style=\"text-align:justify\"><span style=\"font-size:11pt\"><span style=\"line-height:normal\"><span style=\"font-family:Calibri,sans-serif\"><a href=\"https:\/\/app.rdstation.email\/mail\/7d3426fa-0517-49d2-a4f3-597dd6271dca?utm_medium=email&amp;utm_campaign=live_um_brasil&amp;utm_source=RD+Station\" style=\"color:blue; text-decoration:underline\"><b><span style=\"font-size:14.0pt\">Fecom&eacute;rcio | Como o conflito entre os Poderes afeta os seus neg&oacute;cios?<\/span><\/b><\/a><span style=\"font-size:14.0pt\">, 31 de julho de 2025, 10h00, evento online<\/span><\/span><\/span><\/span><\/p>\r\n\r\n<p style=\"text-align:justify\"><span style=\"font-size:11pt\"><span style=\"line-height:normal\"><span style=\"font-family:Calibri,sans-serif\"><a href=\"https:\/\/www.sympla.com.br\/evento\/parana-plast-meeting\/3042252?utm_campaign=Paran%C3%A1+Plast+Meeting+-+Participe%21&amp;utm_content=Paran%C3%A1+Plast+Meeting+em+Pinhais+-+Sympla&amp;utm_medium=email&amp;utm_source=dinamize&amp;utm_term=Paran%C3%A1+Plast+Meeting+-+Participe%21\" style=\"color:blue; text-decoration:underline\"><b><span style=\"font-size:14.0pt\">Paran&aacute; Plast Meeting<\/span><\/b><\/a><span style=\"font-size:14.0pt\">, 06 de agosto de 2025, 15h &agrave;s 19h, evento presencia, Expotrade Convention Center, Pinhais, PR<\/span><\/span><\/span><\/span><\/p>\r\n\r\n<p style=\"text-align:justify\"><span style=\"font-size:11pt\"><span style=\"line-height:normal\"><span style=\"font-family:Calibri,sans-serif\"><a href=\"https:\/\/www.abicol.org\/encontro-das-industrias-de-colchoes-2025\/\" style=\"color:blue; text-decoration:underline\"><b><span style=\"font-size:14.0pt\">ABICOL | ENICOL 2025 - Encontro das Ind&uacute;strias de Colch&otilde;es<\/span><\/b><\/a><span style=\"font-size:14.0pt\">, 07 e 08 de agosto, evento presencial, Royal Tulip Bras&iacute;lia Alvorada<\/span><\/span><\/span><\/span><\/p>\r\n\r\n<p style=\"text-align:justify\"><span style=\"font-size:11pt\"><span style=\"line-height:normal\"><span style=\"font-family:Calibri,sans-serif\"><a href=\"https:\/\/app.rdstation.email\/mail\/dcaf387f-c8f0-4b5e-88da-7d1bd819cc16?utm_campaign=ws_reforma_tributaria_-_ago25&amp;utm_medium=email&amp;utm_source=RD+Station\" style=\"color:blue; text-decoration:underline\"><b><span style=\"font-size:14.0pt\">Workshop Abit | Reforma Tribut&aacute;ria: Impactos e Perspectivas para o Setor T&amp;C<\/span><\/b><\/a><span style=\"font-size:14.0pt\">, 12 de agosto, 09h00 &agrave;s 10h30, evento h&iacute;brido<\/span><\/span><\/span><\/span><\/p>\r\n\r\n<p style=\"text-align:justify\"><span style=\"font-size:11pt\"><span style=\"line-height:normal\"><span style=\"font-family:Calibri,sans-serif\"><a href=\"https:\/\/horizons.fia.com.br\/?utm_campaign=apoio_institucional_horizons_2025&amp;utm_medium=email&amp;utm_source=RD+Station\" style=\"color:blue; text-decoration:underline\"><b><span style=\"font-size:14.0pt\">Horizons 2025 &ndash; Inova&ccedil;&atilde;o, Tecnologia e Neg&oacute;cios Unidos pelo Planeta<\/span><\/b><\/a><span style=\"font-size:14.0pt\">, 13 e 14 de agosto, FIA Business School, Birmann 21 e Centro de Inova&ccedil;&atilde;o Bruno Covas, S&atilde;o Paulo<\/span><\/span><\/span><\/span><\/p>\r\n\r\n<p style=\"text-align:justify\"><span style=\"font-size:11pt\"><span style=\"line-height:normal\"><span style=\"font-family:Calibri,sans-serif\"><a href=\"https:\/\/forumdemanufatura.com.br\/\" style=\"color:blue; text-decoration:underline\"><b><span style=\"font-size:14.0pt\">9&ordm; F&oacute;rum de Manufatura<\/span><\/b><\/a><span style=\"font-size:14.0pt\">, 18 e 19 de agosto de 2025, Novotel Center Norte, S&atilde;o Paulo, SP<\/span><\/span><\/span><\/span><\/p>\r\n\r\n<p style=\"text-align:justify\"><span style=\"font-size:11pt\"><span style=\"line-height:normal\"><span style=\"font-family:Calibri,sans-serif\"><a href=\"https:\/\/app.rdstation.email\/mail\/73f893e3-d4c4-47e1-a0ea-aa0aaf1cfda0?utm_campaign=convite_ws_inovacao&amp;utm_medium=email&amp;utm_source=RD+Station\" style=\"color:blue; text-decoration:underline\"><b><span style=\"font-size:14.0pt\">Workshop Abit | Transformando Inova&ccedil;&atilde;o em Resultado<\/span><\/b><\/a><span style=\"font-size:14.0pt\">, 20 de agosto de 2025, 09h &agrave;s 12h, evento h&iacute;brido<\/span><\/span><\/span><\/span><\/p>\r\n\r\n<p style=\"text-align:justify\"><span style=\"font-size:11pt\"><span style=\"line-height:normal\"><span style=\"font-family:Calibri,sans-serif\"><a href=\"https:\/\/sticni.sharepoint.com\/sites\/PublicShare\/Compartilhamentos\/Forms\/AllItems.aspx?id=%2Fsites%2FPublicShare%2FCompartilhamentos%2FCNI%2D133649%2FPrograma%20Imers%C3%B5es%20em%20Ecossistemas%2FImers%C3%A3o%20Finlandia%20em%20Economia%20Circular%2E%201%2Epdf&amp;parent=%2Fsites%2FPublicShare%2FCompartilhamentos%2FCNI%2D133649%2FPrograma%20Imers%C3%B5es%20em%20Ecossistemas&amp;p=true&amp;ga=1\" style=\"color:blue; text-decoration:underline\"><b><span style=\"font-size:14.0pt\">CNI | Imers&atilde;o Finl&acirc;ndia: Uma conex&atilde;o global com a Economia Circular<\/span><\/b><\/a><span style=\"font-size:14.0pt\">, 01 a 05 de setembro de 2025, inscri&ccedil;&otilde;es at&eacute; 10 de agosto de 2025 ou se encerrarem as vagas, cidades destinos: Helsinki (cidade base), Tampere e Espoo.<\/span><\/span><\/span><\/span><\/p>\r\n\r\n<p style=\"text-align:justify\"><span style=\"font-size:11pt\"><span style=\"line-height:normal\"><span style=\"font-family:Calibri,sans-serif\"><a href=\"https:\/\/www.conbrava.com.br\/\" style=\"color:blue; text-decoration:underline\"><b><span style=\"font-size:14.0pt\">CONBRAVA 2025<\/span><\/b><\/a><span style=\"font-size:14.0pt\">, 10 a 12 de setembro de 2025, S&atilde;o Paulo Expo, Rodovia dos Imigrantes, km 1,5<\/span><\/span><\/span><\/span><\/p>\r\n\r\n<p style=\"text-align:justify\"><span style=\"font-size:11pt\"><span style=\"line-height:normal\"><span style=\"font-family:Calibri,sans-serif\"><a href=\"https:\/\/paving.com.br\/\" style=\"color:blue; text-decoration:underline\"><b><span style=\"font-size:14.0pt\">Paving Expo 2025<\/span><\/b><\/a><span style=\"font-size:14.0pt\">, 23 a 25 de setembro de 2025, Distrito Anhembi, Rua Prof. Milton Rodrigues, s\/n, Santana, S&atilde;o Paulo, SP<\/span><\/span><\/span><\/span><\/p>\r\n\r\n<p style=\"text-align:justify\"><span style=\"font-size:11pt\"><span style=\"line-height:normal\"><span style=\"font-family:Calibri,sans-serif\"><a href=\"https:\/\/www.instagram.com\/sobeccnacional\/p\/DA1V8NZyhNK\/?img_index=1\" style=\"color:blue; text-decoration:underline\"><b><span style=\"font-size:14.0pt\">17&ordm; Congresso Brasileiro de Enfermagem em Centro Cir&uacute;rgico: &ldquo;O poder de cuidar&rdquo;<\/span><\/b><\/a><span style=\"font-size:14.0pt\">, 01 a 03 de outubro de 2025, Transamerica Expo Center, S&atilde;o Paulo, SP<\/span><\/span><\/span><\/span><\/p>\r\n\r\n<p style=\"text-align:justify\"><span style=\"font-size:11pt\"><span style=\"line-height:normal\"><span style=\"font-family:Calibri,sans-serif\"><a href=\"https:\/\/his.saudebusiness.com\/pt\/home.html\" style=\"color:blue; text-decoration:underline\"><b><span style=\"font-size:14.0pt\">Healthcare Innovation Show (HIS)<\/span><\/b><\/a><span style=\"font-size:14.0pt\">, 01 e 02 de outubro de 2025, 09h &agrave;s 18h, S&atilde;o Paulo Expo<\/span><\/span><\/span><\/span><\/p>\r\n\r\n<p style=\"text-align:justify\"><span style=\"font-size:11pt\"><span style=\"line-height:normal\"><span style=\"font-family:Calibri,sans-serif\"><a href=\"https:\/\/www.abrafiltros.org.br\/3o-seminario-brasileiro-de-filtros-acontecera-no-dia-08-de-outubro\/\" style=\"color:blue; text-decoration:underline\"><b><span style=\"font-size:14.0pt\">3&ordm; Semin&aacute;rio Brasileiro de Filtros<\/span><\/b><\/a><span style=\"font-size:14.0pt\">, 08 de outubro de 2025, evento presencial<\/span><\/span><\/span><\/span><\/p>\r\n\r\n<p style=\"text-align:justify\"><span style=\"font-size:11pt\"><span style=\"line-height:normal\"><span style=\"font-family:Calibri,sans-serif\"><a href=\"https:\/\/hospitalmed.com.br\/feira\/\" style=\"color:blue; text-decoration:underline\"><b><span style=\"font-size:14.0pt\">HospitalMed 2025<\/span><\/b><\/a><span style=\"font-size:14.0pt\">, 22 a 24 de outubro, Pernambuco Centro de Conven&ccedil;&otilde;es, Olinda<\/span><\/span><\/span><\/span><\/p>\r\n\r\n<p style=\"text-align:justify\"><span style=\"font-size:11pt\"><span style=\"line-height:normal\"><span style=\"font-family:Calibri,sans-serif\"><a href=\"https:\/\/www.congressoabit.com.br\/\" style=\"color:blue; text-decoration:underline\"><b><span style=\"font-size:14.0pt\">Congresso Internacional Abit 2025<\/span><\/b><\/a><span style=\"font-size:14.0pt\">, 29 e 30 de outubro, 08h &agrave;s 20h, FIESP, S&atilde;o Paulo, SP<\/span><\/span><\/span><\/span><\/p>\r\n\r\n<p style=\"text-align:justify\"><span style=\"font-size:11pt\"><span style=\"line-height:normal\"><span style=\"font-family:Calibri,sans-serif\"><a href=\"https:\/\/filtech.de\/\" style=\"color:blue; text-decoration:underline\"><b><span style=\"font-size:14.0pt\">Filtech 2026<\/span><\/b><\/a><span style=\"font-size:14.0pt\">, de 30 de junho a 2 de julho, Cologne, Alemanha<\/span><\/span><\/span><\/span><\/p>\r\n\r\n<p style=\"text-align:justify\"><span style=\"font-size:11pt\"><span style=\"line-height:normal\"><span style=\"font-family:Calibri,sans-serif\"><a href=\"https:\/\/ficons.com.br\/\" style=\"color:blue; text-decoration:underline\"><b><span style=\"font-size:14.0pt\">FICONS - Feira Internacional de Materiais, Equipamentos e Servi&ccedil;os da Constru&ccedil;&atilde;o<\/span><\/b><\/a><span style=\"font-size:14.0pt\">, 15 a 18 de setembro de 2026, Centro de Conven&ccedil;&otilde;es de Pernambuco Recife\/ Olinda<\/span><\/span><\/span><\/span><\/p>\r\n\r\n<p style=\"text-align:justify\"><span style=\"font-size:28pt\"><span style=\"font-family:Cambria,serif\"><span style=\"letter-spacing:-0.5pt\"><b><span style=\"font-size:18.0pt\"><span style=\"font-family:&quot;Calibri&quot;,sans-serif\"><span style=\"font-variant:small-caps\">Setor<\/span><\/span><\/span><\/b><\/span><\/span><\/span><\/p>\r\n\r\n<p style=\"text-align:justify\"><span style=\"font-size:11pt\"><span style=\"line-height:normal\"><span style=\"font-family:Calibri,sans-serif\"><a href=\"https:\/\/plasticosemrevista.com.br\/eua-tem-1-300-transformadores-e-o-brasil-12-400\/\" style=\"color:blue; text-decoration:underline\"><span style=\"font-size:14.0pt\">EUA tem 1.300 transformadores e o Brasil 12.400<\/span><\/a><\/span><\/span><\/span><\/p>\r\n\r\n<p style=\"text-align:justify\"><span style=\"font-size:11pt\"><span style=\"line-height:normal\"><span style=\"font-family:Calibri,sans-serif\"><a href=\"https:\/\/www.quimica.com.br\/filtracao-industrial-reducao-de-custos-aquece-mercado\/\" style=\"color:blue; text-decoration:underline\"><span style=\"font-size:14.0pt\">Filtra&ccedil;&atilde;o industrial: Redu&ccedil;&atilde;o de custos aquece mercado<\/span><\/a><\/span><\/span><\/span><\/p>\r\n\r\n<p style=\"text-align:justify\"><span style=\"font-size:11pt\"><span style=\"line-height:normal\"><span style=\"font-family:Calibri,sans-serif\"><a href=\"https:\/\/www.grupoadapta.com.br\/desenvolvimento\/cbnrecife\/artigo\/prefeitura-do-recife-realiza-duas-obras-da-acao-inverno-2025-na-zona-norte\" style=\"color:blue; text-decoration:underline\"><span style=\"font-size:14.0pt\">Geotextil de PVC: prefeitura do Recife realiza duas obras da A&ccedil;&atilde;o Inverno 2025 na Zona Norte<\/span><\/a><\/span><\/span><\/span><\/p>\r\n\r\n<p style=\"text-align:justify\"><span style=\"font-size:11pt\"><span style=\"line-height:normal\"><span style=\"font-family:Calibri,sans-serif\"><a href=\"https:\/\/public-api.wordpress.com\/bar\/?stat=groovemails-events&amp;bin=wpcom_email_click&amp;redirect_to=https%3A%2F%2Fblogdoplastico.wordpress.com%2F2025%2F07%2F23%2Fprevia-da-k-antecipa-inovacoes-a-serem-apresentadas-por-expositores-durante-a-feira-k-2025-em-dusseldorf-em-outubro%2F&amp;sr=0&amp;signature=011247175117ee5923901b5ccb07c85c&amp;blog_id=9438832&amp;user=135099004&amp;_e=eyJlcnJvciI6bnVsbCwiYmxvZ19pZCI6OTQzODgzMiwiYmxvZ19sYW5nIjoicHQtQlIiLCJzaXRlX2lkX2xhYmVsIjoid3Bjb20iLCJoYXNfZmVhdHVyZWRfaW1hZ2UiOiIwIiwic3Vic2NyaWJlcl9pZCI6IjQ0NzAwMjQ1IiwiX3VpIjoxMzUwOTkwMDQsImxvY2FsZSI6InB0LWJyIiwiY3VycmVuY3kiOiJCUkwiLCJjb3VudHJ5X2NvZGVfc2lnbnVwIjoiQlIiLCJzaWdudXBfZmxvd19uYW1lIjoiZGVsdGEtc2l0ZSIsImVtYWlsX2RvbWFpbiI6ImFiaW50Lm9yZy5iciIsInBvc3RfaWQiOjE5MjA5LCJ1c2VyX2VtYWlsIjoiYWJpbnRAYWJpbnQub3JnLmJyIiwiZGF0ZV9zZW50IjoiMjAyNS0wNy0yMyIsImVtYWlsX25hbWUiOiJuZXctcG9zdCIsInRlbXBsYXRlIjoibmV3LXBvc3QiLCJlbWFpbF9pZCI6ImRlNzk1NDU3Y2Q5ZjJjZGU2ZTI2ZmY1ODdjYjk5YmJmIiwibGlua19kZXNjIjoicG9zdC11cmwiLCJhbmNob3JfdGV4dCI6IlByXHUwMGU5dmlhIGRhIEsgYW50ZWNpcGEgaW5vdmFcdTAwZTdcdTAwZjVlcyBhIHNlcmVtIGFwcmVzZW50YWRhcyBwb3IgZXhwb3NpdG9yZXMgZHVyYW50ZSBhIEZlaXJhIEsgMjAyNSBlbSBEXHUwMGZjc3NlbGRvcmYsIGVtXHUwMGEwT3V0dWJybyIsIl9kciI6bnVsbCwiX2RsIjoiXC93cC1hZG1pblwvcG9zdC5waHAiLCJfdXQiOiJ3cGNvbTp1c2VyX2lkIiwiX3VsIjoiYWJpbnR0dCIsIl9lbiI6IndwY29tX2VtYWlsX2NsaWNrIiwiX3RzIjoxNzUzMzEzNjEyNTMyLCJicm93c2VyX3R5cGUiOiJwaHAtYWdlbnQiLCJfYXVhIjoid3Bjb20tdHJhY2tzLWNsaWVudC12MC4zIiwiYmxvZ190eiI6Ii0zIiwidXNlcl9sYW5nIjoicHQtYnIifQ=&amp;_z=z\" style=\"color:blue; text-decoration:underline\"><span style=\"font-size:14.0pt\">Pr&eacute;via da K antecipa inova&ccedil;&otilde;es a serem apresentadas por expositores durante a Feira K 2025 em D&uuml;sseldorf, em&nbsp;Outubro<\/span><\/a><\/span><\/span><\/span><\/p>\r\n\r\n<p style=\"text-align:justify\"><span style=\"font-size:11pt\"><span style=\"line-height:normal\"><span style=\"font-family:Calibri,sans-serif\"><a href=\"https:\/\/abiquim.org.br\/comunicacao\/noticia\/11889\" style=\"color:blue; text-decoration:underline\"><span style=\"font-size:14.0pt\">Abiquim firma parceria com Firjan SENAI para impulsionar inova&ccedil;&atilde;o sustent&aacute;vel na ind&uacute;stria qu&iacute;mica<\/span><\/a><\/span><\/span><\/span><\/p>\r\n\r\n<p style=\"text-align:justify\"><span style=\"font-size:11pt\"><span style=\"line-height:normal\"><span style=\"font-family:Calibri,sans-serif\"><a href=\"https:\/\/megawhat.energy\/economia-e-politica\/empresas\/braskem-avanca-em-mercado-livre-de-gas-e-avalia-explorar-importacao-da-argentina\/\" style=\"color:blue; text-decoration:underline\"><span style=\"font-size:14.0pt\">Braskem avan&ccedil;a em mercado livre de g&aacute;s e avalia &#39;explorar&#39; importa&ccedil;&atilde;o da Argentina<\/span><\/a><\/span><\/span><\/span><\/p>\r\n\r\n<p style=\"text-align:justify\"><span style=\"font-size:11pt\"><span style=\"line-height:normal\"><span style=\"font-family:Calibri,sans-serif\"><a href=\"https:\/\/diariodonordeste.verdesmares.com.br\/negocios\/industria-textil-do-ceara-e-contraria-a-investigacao-sobre-concorrencia-desleal-da-china-1.3673148#amp_tf=De%20%251%24s&amp;aoh=17535541824888&amp;csi=0&amp;referrer=https%3A%2F%2Fwww.google.com&amp;ampshare=https%3A%2F%2Fdiariodonordeste.verdesmares.com.br%2Fnegocios%2Findustria-textil-do-ceara-e-contraria-a-investigacao-sobre-concorrencia-desleal-da-china-1.3673148\" style=\"color:blue; text-decoration:underline\"><span style=\"font-size:14.0pt\">Ind&uacute;stria t&ecirc;xtil do Cear&aacute; &eacute; contr&aacute;ria &agrave; investiga&ccedil;&atilde;o sobre concorr&ecirc;ncia desleal da China<\/span><\/a><\/span><\/span><\/span><\/p>\r\n\r\n<p style=\"text-align:justify\"><span style=\"font-size:28pt\"><span style=\"font-family:Cambria,serif\"><span style=\"letter-spacing:-0.5pt\"><b><span style=\"font-size:18.0pt\"><span style=\"font-family:&quot;Calibri&quot;,sans-serif\"><span style=\"font-variant:small-caps\">Ind&uacute;stria<\/span><\/span><\/span><\/b><\/span><\/span><\/span><\/p>\r\n\r\n<p style=\"text-align:justify\"><span style=\"font-size:11pt\"><span style=\"line-height:normal\"><span style=\"font-family:Calibri,sans-serif\"><a href=\"https:\/\/www.ey.com\/content\/dam\/ey-unified-site\/ey-com\/pt-br\/insights\/infrastructure\/documents\/ey-barometro-da-infraestrutura-edicao-13.pdf\" style=\"color:blue; text-decoration:underline\"><span style=\"font-size:14.0pt\">Bar&ocirc;metro da Infraestrutura Brasileira | Julho de 2025 | 13&ordf; Edi&ccedil;&atilde;o<\/span><\/a><\/span><\/span><\/span><\/p>\r\n\r\n<p style=\"text-align:justify\"><span style=\"font-size:11pt\"><span style=\"line-height:normal\"><span style=\"font-family:Calibri,sans-serif\"><a href=\"https:\/\/portalibre.fgv.br\/system\/files\/divulgacao\/noticias\/mat-complementar\/2025-07\/Press%20Release_ICST_Jul25.pdf\" style=\"color:blue; text-decoration:underline\"><span style=\"font-size:14.0pt\">Confian&ccedil;a da Constru&ccedil;&atilde;o cai em julho<\/span><\/a><\/span><\/span><\/span><\/p>\r\n\r\n<p style=\"text-align:justify\"><span style=\"font-size:11pt\"><span style=\"line-height:normal\"><span style=\"font-family:Calibri,sans-serif\"><a href=\"https:\/\/noticias.portaldaindustria.com.br\/noticias\/economia\/juros-altos-lideram-problemas-da-construcao-no-2o-trimestre-segundo-cni\/\" style=\"color:blue; text-decoration:underline\"><span style=\"font-size:14.0pt\">Juros altos lideram problemas da constru&ccedil;&atilde;o no 2&ordm; trimestre, segundo CNI<\/span><\/a><\/span><\/span><\/span><\/p>\r\n\r\n<p style=\"text-align:justify\"><span style=\"font-size:11pt\"><span style=\"line-height:normal\"><span style=\"font-family:Calibri,sans-serif\"><a href=\"https:\/\/cloud.braspub.com.br\/portal\/concessoes-transformam-o-brasil-em-canteiro-de-obras\/\" style=\"color:blue; text-decoration:underline\"><span style=\"font-size:14.0pt\">Concess&otilde;es transformam o Brasil em canteiro de obras<\/span><\/a><\/span><\/span><\/span><\/p>\r\n\r\n<p style=\"text-align:justify\"><span style=\"font-size:11pt\"><span style=\"line-height:normal\"><span style=\"font-family:Calibri,sans-serif\"><a href=\"https:\/\/www.gov.br\/antt\/pt-br\/assuntos\/ultimas-noticias\/antt-inicia-reforma-historica-do-setor-ferroviario-com-nova-proposta-de-marco-regulatorio\" style=\"color:blue; text-decoration:underline\"><span style=\"font-size:14.0pt\">ANTT inicia reforma hist&oacute;rica do setor ferrovi&aacute;rio com nova proposta de marco regulat&oacute;rio<\/span><\/a><\/span><\/span><\/span><\/p>\r\n\r\n<p style=\"text-align:justify\"><span style=\"font-size:11pt\"><span style=\"line-height:normal\"><span style=\"font-family:Calibri,sans-serif\"><a href=\"https:\/\/brasil61.com\/n\/agencias-reguladoras-industria-defende-revisao-imediata-de-cortes-nos-orcamentos-das-autarquias-pind254567#amp_tf=De%20%251%24s&amp;aoh=17535650357421&amp;csi=0&amp;referrer=https%3A%2F%2Fwww.google.com&amp;ampshare=https%3A%2F%2Fbrasil61.com%2Fn%2Fagencias-reguladoras-industria-defende-revisao-imediata-de-cortes-nos-orcamentos-das-autarquias-pind254567\" style=\"color:blue; text-decoration:underline\"><span style=\"font-size:14.0pt\">Ag&ecirc;ncias reguladoras: Ind&uacute;stria defende revis&atilde;o imediata de cortes nos or&ccedil;amentos das autarquias<\/span><\/a><\/span><\/span><\/span><\/p>\r\n\r\n<p style=\"text-align:justify\"><span style=\"font-size:11pt\"><span style=\"line-height:normal\"><span style=\"font-family:Calibri,sans-serif\"><a href=\"https:\/\/noticias.portaldaindustria.com.br\/noticias\/economia\/empresarios-do-forum-nacional-da-industria-discutem-impactos-das-medidas-comerciais-dos-eua\/\" style=\"color:blue; text-decoration:underline\"><span style=\"font-size:14.0pt\">Empres&aacute;rios do F&oacute;rum Nacional da Ind&uacute;stria discutem impactos das medidas comerciais dos EUA<\/span><\/a><\/span><\/span><\/span><\/p>\r\n\r\n<p style=\"text-align:justify\"><span style=\"font-size:11pt\"><span style=\"line-height:normal\"><span style=\"font-family:Calibri,sans-serif\"><a href=\"https:\/\/noticias.portaldaindustria.com.br\/posicionamentos\/que-prevaleca-o-bom-senso-na-relacao-brasil-eua-enfatiza-cni\/\" style=\"color:blue; text-decoration:underline\"><span style=\"font-size:14.0pt\">Que prevale&ccedil;a o bom senso na rela&ccedil;&atilde;o Brasil-EUA, enfatiza CNI<\/span><\/a><\/span><\/span><\/span><\/p>\r\n\r\n<p style=\"text-align:justify\"><span style=\"font-size:11pt\"><span style=\"line-height:normal\"><span style=\"font-family:Calibri,sans-serif\"><a href=\"https:\/\/www.google.com\/search?q=amanda+haugh&amp;rlz=1C1JJTC_pt-PTBR1094BR1094&amp;oq=amanda+haugh&amp;gs_lcrp=EgZjaHJvbWUyBggAEEUYOdIBCTQ2NzBqMGoxNagCDLACAfEFoYM7A4fknBU&amp;sourceid=chrome&amp;ie=UTF-8\" style=\"color:blue; text-decoration:underline\"><span style=\"font-size:14.0pt\">CNI: investimentos brasileiros nos EUA cresceram 52,3% em uma d&eacute;cada<\/span><\/a><\/span><\/span><\/span><\/p>\r\n\r\n<p style=\"text-align:justify\"><span style=\"font-size:28pt\"><span style=\"font-family:Cambria,serif\"><span style=\"letter-spacing:-0.5pt\"><b><span style=\"font-size:18.0pt\"><span style=\"font-family:&quot;Calibri&quot;,sans-serif\"><span style=\"font-variant:small-caps\">Sustentabilidade<\/span><\/span><\/span><\/b><\/span><\/span><\/span><\/p>\r\n\r\n<p style=\"text-align:justify\"><span style=\"font-size:11pt\"><span style=\"line-height:normal\"><span style=\"font-family:Calibri,sans-serif\"><a href=\"https:\/\/envolverde.com.br\/tudo-sobre-ods\/ods12\/tratado-de-plasticos-pode-reduzir-em-90-o-plastico-mal-descartado\/\" style=\"color:blue; text-decoration:underline\"><span style=\"font-size:14.0pt\">Tratado de pl&aacute;sticos pode reduzir em 90% o pl&aacute;stico mal descartado<\/span><\/a><\/span><\/span><\/span><\/p>\r\n\r\n<p style=\"text-align:justify\"><span style=\"font-size:11pt\"><span style=\"line-height:normal\"><span style=\"font-family:Calibri,sans-serif\"><a href=\"https:\/\/monitormercantil.com.br\/saneamento-basico-para-todos\/\" style=\"color:blue; text-decoration:underline\"><span style=\"font-size:14.0pt\">Saneamento b&aacute;sico para todos<\/span><\/a><\/span><\/span><\/span><\/p>\r\n\r\n<p style=\"text-align:justify\"><span style=\"font-size:11pt\"><span style=\"line-height:normal\"><span style=\"font-family:Calibri,sans-serif\"><a href=\"https:\/\/revistamt.com.br\/Noticias\/Exibir\/camara-aprova-nova-lei-geral-do-licenciamento-ambiental-com-inclusao-da-mineracao?utm_source=akna&amp;utm_medium=email&amp;utm_campaign=Revista-M-T-Informativo-737-22-07-2025\" style=\"color:blue; text-decoration:underline\"><span style=\"font-size:14.0pt\">C&acirc;mara aprova nova Lei Geral do Licenciamento Ambiental com inclus&atilde;o da minera&ccedil;&atilde;o<\/span><\/a><\/span><\/span><\/span><\/p>\r\n\r\n<p style=\"text-align:justify\"><span style=\"font-size:11pt\"><span style=\"line-height:normal\"><span style=\"font-family:Calibri,sans-serif\"><a href=\"https:\/\/mercadoeconsumo.com.br\/24\/07\/2025\/sustentabilidade\/speedo-atinge-5-da-producao-com-tecido-reciclavel-e-biodegradavel-de-olho-no-consumidor-engajado\/\" style=\"color:blue; text-decoration:underline\"><span style=\"font-size:14.0pt\">Speedo atinge 5% da produ&ccedil;&atilde;o com tecido recicl&aacute;vel e biodegrad&aacute;vel de olho no consumidor engajado<\/span><\/a><\/span><\/span><\/span><\/p>\r\n\r\n<p style=\"text-align:justify\"><span style=\"font-size:28pt\"><span style=\"font-family:Cambria,serif\"><span style=\"letter-spacing:-0.5pt\"><b><span style=\"font-size:18.0pt\"><span style=\"font-family:&quot;Calibri&quot;,sans-serif\"><span style=\"font-variant:small-caps\">Inova&ccedil;&atilde;o<\/span><\/span><\/span><\/b><\/span><\/span><\/span><\/p>\r\n\r\n<p style=\"text-align:justify\"><span style=\"font-size:11pt\"><span style=\"line-height:normal\"><span style=\"font-family:Calibri,sans-serif\"><a href=\"https:\/\/public-api.wordpress.com\/bar\/?stat=groovemails-events&amp;bin=wpcom_email_click&amp;redirect_to=https%3A%2F%2Fblogdoplastico.wordpress.com%2F2025%2F07%2F23%2Fa-evolucao-do-uso-dos-materiais-para-aumentar-a-leveza-eficiencia-energetica-e-inovacao-no-design-dos-veiculos-do-futuro%2F&amp;sr=0&amp;signature=a46d59498f816cd6090a576145446b7d&amp;blog_id=9438832&amp;user=135099004&amp;_e=eyJlcnJvciI6bnVsbCwiYmxvZ19pZCI6OTQzODgzMiwiYmxvZ19sYW5nIjoicHQtQlIiLCJzaXRlX2lkX2xhYmVsIjoid3Bjb20iLCJoYXNfZmVhdHVyZWRfaW1hZ2UiOiIwIiwic3Vic2NyaWJlcl9pZCI6IjQ0NzAwMjQ1IiwiX3VpIjoxMzUwOTkwMDQsImxvY2FsZSI6InB0LWJyIiwiY3VycmVuY3kiOiJCUkwiLCJjb3VudHJ5X2NvZGVfc2lnbnVwIjoiQlIiLCJzaWdudXBfZmxvd19uYW1lIjoiZGVsdGEtc2l0ZSIsImVtYWlsX2RvbWFpbiI6ImFiaW50Lm9yZy5iciIsInBvc3RfaWQiOjE5MTkzLCJ1c2VyX2VtYWlsIjoiYWJpbnRAYWJpbnQub3JnLmJyIiwiZGF0ZV9zZW50IjoiMjAyNS0wNy0yMyIsImVtYWlsX25hbWUiOiJuZXctcG9zdCIsInRlbXBsYXRlIjoibmV3LXBvc3QiLCJlbWFpbF9pZCI6Ijc4ZTRhOWZkYzQ5MDBlYTNjNDZhOTAzYjQ3ZjI4NDdhIiwibGlua19kZXNjIjoicG9zdC11cmwiLCJhbmNob3JfdGV4dCI6IkEgZXZvbHVcdTAwZTdcdTAwZTNvIGRvIHVzbyBkb3MgbWF0ZXJpYWlzIHBhcmEgYXVtZW50YXIgYSBsZXZlemEsIGVmaWNpXHUwMGVhbmNpYSBlbmVyZ1x1MDBlOXRpY2EgZSBpbm92YVx1MDBlN1x1MDBlM28gbm8gZGVzaWduIGRvcyB2ZVx1MDBlZGN1bG9zIGRvXHUwMGEwZnV0dXJvIiwiX2RyIjpudWxsLCJfZGwiOiJcL3dwLWFkbWluXC9wb3N0LnBocCIsIl91dCI6IndwY29tOnVzZXJfaWQiLCJfdWwiOiJhYmludHR0IiwiX2VuIjoid3Bjb21fZW1haWxfY2xpY2siLCJfdHMiOjE3NTMyOTU3ODc2OTMsImJyb3dzZXJfdHlwZSI6InBocC1hZ2VudCIsIl9hdWEiOiJ3cGNvbS10cmFja3MtY2xpZW50LXYwLjMiLCJibG9nX3R6IjoiLTMiLCJ1c2VyX2xhbmciOiJwdC1iciJ9&amp;_z=z\" style=\"color:blue; text-decoration:underline\"><span style=\"font-size:14.0pt\">A evolu&ccedil;&atilde;o do uso dos materiais para aumentar a leveza, efici&ecirc;ncia energ&eacute;tica e inova&ccedil;&atilde;o no design dos ve&iacute;culos do futuro<\/span><\/a><\/span><\/span><\/span><\/p>\r\n\r\n<p style=\"text-align:justify\"><span style=\"font-size:11pt\"><span style=\"line-height:normal\"><span style=\"font-family:Calibri,sans-serif\"><a href=\"https:\/\/veja.abril.com.br\/ciencia\/uma-solucao-que-pode-resolver-o-problema-da-poluicao-marinha-por-plastico\/\" style=\"color:blue; text-decoration:underline\"><span style=\"font-size:14.0pt\">Poli&eacute;ster: uma solu&ccedil;&atilde;o que pode resolver o problema da polui&ccedil;&atilde;o marinha por pl&aacute;stico<\/span><\/a><\/span><\/span><\/span><\/p>\r\n\r\n<p style=\"text-align:justify\"><span style=\"font-size:11pt\"><span style=\"line-height:normal\"><span style=\"font-family:Calibri,sans-serif\"><a href=\"https:\/\/www.inovacaotecnologica.com.br\/noticias\/noticia.php?artigo=fabricacao-verde-fios-celulose&amp;id=010125250729&amp;ebol=sim\" style=\"color:blue; text-decoration:underline\"><span style=\"font-size:14.0pt\">Fabrica&ccedil;&atilde;o verde de fios de celulose chega &agrave; escala industrial<\/span><\/a><\/span><\/span><\/span><\/p>\r\n\r\n<p style=\"text-align:justify\"><span style=\"font-size:11pt\"><span style=\"line-height:normal\"><span style=\"font-family:Calibri,sans-serif\"><a href=\"https:\/\/olhardigital.com.br\/2025\/07\/23\/ciencia-e-espaco\/plastico-colorido-e-nao-poluente-e-criado-por-cientistas\/\" style=\"color:blue; text-decoration:underline\"><span style=\"font-size:14.0pt\">Pl&aacute;stico colorido e n&atilde;o poluente &eacute; criado por cientistas<\/span><\/a> <\/span><\/span><\/span><\/p>\r\n\r\n<p style=\"text-align:justify\"><span style=\"font-size:11pt\"><span style=\"line-height:normal\"><span style=\"font-family:Calibri,sans-serif\"><a href=\"https:\/\/www.gov.br\/mcti\/pt-br\/acompanhe-o-mcti\/noticias\/2025\/07\/mcti-e-finep-celebram-aprovacao-de-projeto-que-libera-r-22-bilhoes-do-fndct-e-fortalece-a-ciencia-nacional\" style=\"color:blue; text-decoration:underline\"><span style=\"font-size:14.0pt\">MCTI e FINEP celebram aprova&ccedil;&atilde;o de projeto que libera R$ 22 bilh&otilde;es do FNDCT e fortalece a ci&ecirc;ncia nacional<\/span><\/a><\/span><\/span><\/span><\/p>\r\n\r\n<p style=\"text-align:justify\"><span style=\"font-size:11pt\"><span style=\"line-height:normal\"><span style=\"font-family:Calibri,sans-serif\"><a href=\"https:\/\/www.cartacapital.com.br\/do-micro-ao-macro\/lei-do-bem-muda-regras-e-exige-novo-formulario-para-declarar-inovacao\/\" style=\"color:blue; text-decoration:underline\"><span style=\"font-size:14.0pt\">Lei do Bem muda regras e exige novo formul&aacute;rio para declarar inova&ccedil;&atilde;o<\/span><\/a><\/span><\/span><\/span><\/p>\r\n\r\n<p style=\"text-align:justify\"><span style=\"font-size:28pt\"><span style=\"font-family:Cambria,serif\"><span style=\"letter-spacing:-0.5pt\"><b><span style=\"font-size:18.0pt\"><span style=\"font-family:&quot;Calibri&quot;,sans-serif\"><span style=\"font-variant:small-caps\">Com&eacute;rcio Exterior<\/span><\/span><\/span><\/b><\/span><\/span><\/span><\/p>\r\n\r\n<p style=\"text-align:justify\"><span style=\"font-size:11pt\"><span style=\"line-height:normal\"><span style=\"font-family:Calibri,sans-serif\"><a href=\"https:\/\/www.cnnbrasil.com.br\/blogs\/caio-junqueira\/politica\/sem-sinal-dos-eua-alckmin-debate-acordo-do-mercosul-com-europeus\/\" style=\"color:blue; text-decoration:underline\"><span style=\"font-size:14.0pt\">Sem sinal dos EUA, Alckmin debate acordo do Mercosul com europeus<\/span><\/a><\/span><\/span><\/span><\/p>\r\n\r\n<p style=\"text-align:justify\"><span style=\"font-size:11pt\"><span style=\"line-height:normal\"><span style=\"font-family:Calibri,sans-serif\"><a href=\"https:\/\/static.portaldaindustria.com.br\/media\/filer_public\/dc\/84\/dc84032b-436f-486f-8642-99c6edb9b057\/ex_ipc_25-14_relatorio_eumeta.pdf\" style=\"color:blue; text-decoration:underline\"><span style=\"font-size:14.0pt\">Parlamento Europeu publica estudo sobre os impactos do Acordo Mercosul-Uni&atilde;o Europeia<\/span><\/a><\/span><\/span><\/span><\/p>\r\n\r\n<p style=\"text-align:justify\"><span style=\"font-size:11pt\"><span style=\"line-height:normal\"><span style=\"font-family:Calibri,sans-serif\"><a href=\"https:\/\/mercadoeconsumo.com.br\/28\/07\/2025\/economia\/tarifaco-de-trump-entra-na-semana-decisiva-perspectiva-de-acordo-com-os-eua-fica-mais-distante\/?utm_medium=email&amp;utm_campaign=news_fechamento_diario_sem_artigo_-_2807&amp;utm_source=RD+Station\" style=\"color:blue; text-decoration:underline\"><span style=\"font-size:14.0pt\">Tarifa&ccedil;o de Trump entra na semana decisiva; perspectiva de acordo com os EUA fica mais distante<\/span><\/a><\/span><\/span><\/span><\/p>\r\n\r\n<p style=\"text-align:justify\"><span style=\"font-size:11pt\"><span style=\"line-height:normal\"><span style=\"font-family:Calibri,sans-serif\"><a href=\"https:\/\/mercadoeconsumo.com.br\/22\/07\/2025\/economia\/tarifaco-pode-desequilibrar-mercado-interno-no-brasil-alerta-ministro\/?utm_campaign=news_fechamento_diario_sem_artigo_-_2207&amp;utm_medium=email&amp;utm_source=RD+Station\" style=\"color:blue; text-decoration:underline\"><span style=\"font-size:14.0pt\">Tarifa&ccedil;o pode desequilibrar mercado interno no Brasil, alerta ministro<\/span><\/a><\/span><\/span><\/span><\/p>\r\n\r\n<p style=\"text-align:justify\"><span style=\"font-size:11pt\"><span style=\"line-height:normal\"><span style=\"font-family:Calibri,sans-serif\"><a href=\"https:\/\/br.tradingview.com\/news\/reuters.com,2025:newsml_L1N3TM0S8:0\/\" style=\"color:blue; text-decoration:underline\"><span style=\"font-size:14.0pt\">Tarifas de Trump pesam sobre exportadores de produtos qu&iacute;micos do Brasil e geram cancelamentos de pedidos<\/span><\/a><\/span><\/span><\/span><\/p>\r\n\r\n<p style=\"text-align:justify\"><span style=\"font-size:11pt\"><span style=\"line-height:normal\"><span style=\"font-family:Calibri,sans-serif\"><a href=\"https:\/\/www.abcmais.com\/economia\/tarifa-de-trump-entenda-os-impactos-e-alternativas-para-o-setor-coureiro-calcadista-mediante-taxa-de-50\/\" style=\"color:blue; text-decoration:underline\"><span style=\"font-size:14.0pt\">Tarifas de Trump: entenda os impactos e alternativas para o setor coureiro-cal&ccedil;adista mediante taxa de 50%<\/span><\/a><\/span><\/span><\/span><\/p>\r\n\r\n<p style=\"text-align:justify\"><span style=\"font-size:28pt\"><span style=\"font-family:Cambria,serif\"><span style=\"letter-spacing:-0.5pt\"><b><span style=\"font-size:18.0pt\"><span style=\"font-family:&quot;Calibri&quot;,sans-serif\"><span style=\"font-variant:small-caps\">Economia<\/span><\/span><\/span><\/b><\/span><\/span><\/span><\/p>\r\n\r\n<p style=\"text-align:justify\"><span style=\"font-size:11pt\"><span style=\"line-height:normal\"><span style=\"font-family:Calibri,sans-serif\"><a href=\"https:\/\/www.bcb.gov.br\/content\/focus\/focus\/R20250725.pdf\" style=\"color:blue; text-decoration:underline\"><span style=\"font-size:14.0pt\">Focus - Relat&oacute;rio de Mercado<\/span><\/a><\/span><\/span><\/span><\/p>\r\n\r\n<p style=\"text-align:justify\"><span style=\"font-size:11pt\"><span style=\"line-height:normal\"><span style=\"font-family:Calibri,sans-serif\"><a href=\"https:\/\/www.investimentosenoticias.com.br\/noticias\/mercado\/fmi-eleva-projecao-de-crescimento-para-mercados-emergentes-e-destaca-revisao-positiva-para-china\/\" style=\"color:blue; text-decoration:underline\"><span style=\"font-size:14.0pt\">FMI Eleva Proje&ccedil;&atilde;o de Crescimento para Mercados Emergentes e Destaca Revis&atilde;o Positiva para China<\/span><\/a><\/span><\/span><\/span><\/p>\r\n\r\n<p style=\"text-align:justify\"><span style=\"font-size:11pt\"><span style=\"line-height:normal\"><span style=\"font-family:Calibri,sans-serif\"><a href=\"https:\/\/www.cnnbrasil.com.br\/economia\/macroeconomia\/fmi-eleva-para-21-projecao-de-crescimento-do-brasil-em-2026\/\" style=\"color:blue; text-decoration:underline\"><span style=\"font-size:14.0pt\">FMI eleva para 2,1% proje&ccedil;&atilde;o de crescimento do Brasil em 2026<\/span><\/a><\/span><\/span><\/span><\/p>\r\n\r\n<p style=\"text-align:justify\"><span style=\"font-size:11pt\"><span style=\"line-height:115%\"><span style=\"font-family:&quot;Calibri&quot;,sans-serif\"><a href=\"https:\/\/agenciabrasil.ebc.com.br\/economia\/noticia\/2025-07\/mercado-financeiro-reduz-previsao-da-inflacao-para-509\" style=\"color:blue; text-decoration:underline\"><span style=\"font-size:14.0pt\"><span style=\"line-height:115%\">Mercado financeiro reduz previs&atilde;o da infla&ccedil;&atilde;o para 5,09%<\/span><\/span><\/a><\/span><\/span><\/span><\/p>\r\n\r\n<p style=\"text-align:justify\">&nbsp;<\/p>\r\n\r\n<p style=\"text-align:justify\"><img src=\"https:\/\/www.abint.org.br\/assets\/img\/editor\/redes-sociais-abint-ctg-cth_20250722174554BZqU7o4ypm.jpg\" \/><\/p>\r\n","texto_en":"","7":"","imagem":"COMP_capa-2025-site-boletim-abint-noticias-semanis_20250730121553sun9Jp1VCN.jpg","8":"COMP_capa-2025-site-boletim-abint-noticias-semanis_20250730121553sun9Jp1VCN.jpg","arquivo":"20250729-BOLETIM-ABINT-DE-NOTICIAS-SEMANAIS.PDF","9":"20250729-BOLETIM-ABINT-DE-NOTICIAS-SEMANAIS.PDF","titulo_arquivo":"20250729 Boletim ABINT de Not\u00edcias Semanais","10":"20250729 Boletim ABINT de Not\u00edcias Semanais","titulo_arquivo_en":"","11":"","created_at":"2025-07-30 12:16:05","12":"2025-07-30 12:16:05","updated_at":"2025-07-30 12:16:05","13":"2025-07-30 12:16:05"},{"id":181,"0":181,"ordem":39,"1":39,"data":"2025-07-22","2":"2025-07-22","slug":"boletim-abint-de-noticias-semanais-85","3":"boletim-abint-de-noticias-semanais-85","titulo":"Boletim ABINT de Not\u00edcias Semanais","4":"Boletim ABINT de Not\u00edcias Semanais","titulo_en":"","5":"","texto":"<p style=\"text-align:justify\"><span style=\"font-size:11pt\"><span style=\"line-height:normal\"><span style=\"font-family:Calibri,sans-serif\"><span style=\"font-size:14.0pt\">Esta &eacute; uma compila&ccedil;&atilde;o das not&iacute;cias mais relevantes para o setor, incluindo informa&ccedil;&otilde;es sobre acordos internacionais, economia brasileira, sustentabilidade e mat&eacute;rias primas, al&eacute;m de novidades do setor de N&atilde;otecidos e Tecidos T&eacute;cnicos.<\/span><\/span><\/span><\/span><\/p>\r\n\r\n<p style=\"text-align:justify\"><span style=\"font-size:28pt\"><span style=\"font-family:Cambria,serif\"><span style=\"letter-spacing:-0.5pt\"><b><span style=\"font-size:18.0pt\"><span style=\"font-family:&quot;Calibri&quot;,sans-serif\"><span style=\"font-variant:small-caps\">O que vem por a&iacute;<\/span><\/span><\/span><\/b><\/span><\/span><\/span><\/p>\r\n\r\n<p style=\"text-align:justify\">&nbsp;<\/p>\r\n\r\n<p><b><img src=\"https:\/\/www.abint.org.br\/assets\/img\/editor\/2o-seminario-abrafiltros-abint-apoiador_2025072217401523mrTUXRqU.png\" style=\"width: 500px; height: 500px;\" \/><\/b><\/p>\r\n\r\n<p><a href=\"https:\/\/doity.com.br\/3-seminario-brasileiro-de-filtros\"><b>Acesse aqui mais informa&ccedil;&otilde;es<\/b><\/a><\/p>\r\n\r\n<p>&nbsp;<\/p>\r\n\r\n<h1><b><img src=\"https:\/\/www.abint.org.br\/assets\/img\/editor\/abint-logo-2020-g_20250722174225llGQZo54on.png\" style=\"width: 300px; height: 69px;\" \/>&nbsp; &nbsp; &nbsp;&nbsp;<\/b><strong>PATROCINADORA DO<\/strong><\/h1>\r\n\r\n<p><img src=\"https:\/\/www.abint.org.br\/assets\/img\/editor\/congresso-internacional-abit-2025_20250722174119edr5xq8iJH.png\" style=\"width: 700px; height: 256px;\" \/><\/p>\r\n\r\n<p><a href=\"https:\/\/www.congressoabit.com.br\/\"><b>Acesse aqui mais informa&ccedil;&otilde;es<\/b><\/a><\/p>\r\n\r\n<p>&nbsp;<\/p>\r\n\r\n<p class=\"MsoTitle\" style=\"text-align:justify\"><span style=\"font-size:28pt\"><span style=\"font-family:Cambria,serif\"><span style=\"letter-spacing:-0.5pt\"><b><span style=\"font-size:18.0pt\"><span style=\"font-family:&quot;Calibri&quot;,sans-serif\"><span style=\"font-variant:small-caps\">Not&iacute;cias das Associadas<\/span><\/span><\/span><\/b><\/span><\/span><\/span><\/p>\r\n\r\n<p style=\"text-align:justify\"><span style=\"font-size:11pt\"><span style=\"line-height:normal\"><span style=\"font-family:Calibri,sans-serif\"><a href=\"https:\/\/abctecnologias.us4.list-manage.com\/track\/click?u=eadcdb852894c5b5684bd7107&amp;id=7aaa2f2941&amp;e=5337ee208e\" style=\"color:blue; text-decoration:underline\"><span style=\"font-size:14.0pt\">ABC Tecnologias | Weldy e a Tecnologia Agr&iacute;cola no Marrocos: Reparo de Pl&aacute;sticos em vez de Descarte<\/span><\/a><\/span><\/span><\/span><\/p>\r\n\r\n<p style=\"text-align:justify\"><span style=\"font-size:11pt\"><span style=\"line-height:115%\"><span style=\"font-family:Calibri,sans-serif\"><a href=\"https:\/\/www.nonwovens-industry.com\/contents\/view_breaking-news\/2025-07-17\/freudenberg-shows-evolon-packaging-solutions\/?utm_campaign=NON%20eNewsletter&amp;utm_medium=email&amp;_hsenc=p2ANqtz-9TdHwQ2_Al-G5JlwhwAZsfediqaHskJvovHxiy5PB0992JaatiCrjvF4gw_QLz6mCB9JIraLw2CZBCfypVmrBX09pqSg&amp;_hsmi=371778472&amp;utm_content=371778472&amp;utm_source=hs_email\" style=\"color:blue; text-decoration:underline\"><span style=\"font-size:14.0pt\"><span style=\"line-height:115%\">Freudenberg Shows Evolon Packaging Solutions<\/span><\/span><\/a> <\/span><\/span><\/span><\/p>\r\n\r\n<p style=\"text-align:justify\"><span style=\"font-size:11pt\"><span style=\"line-height:normal\"><span style=\"font-family:Calibri,sans-serif\"><a href=\"https:\/\/plasticosemrevista.com.br\/pet-indorama-paralisa-reciclagem-no-brasil\/\" style=\"color:blue; text-decoration:underline\"><span style=\"font-size:14.0pt\">PET: Indorama paralisa reciclagem no Brasil<\/span><\/a><\/span><\/span><\/span><\/p>\r\n\r\n<p style=\"text-align:justify\">&nbsp;<\/p>\r\n\r\n<p style=\"text-align:justify\"><span style=\"font-size:11pt\"><span style=\"line-height:normal\"><span style=\"font-family:Calibri,sans-serif\"><b><span style=\"font-size:18.0pt\"><span style=\"font-variant:small-caps\">Eventos<\/span><\/span><\/b><\/span><\/span><\/span><\/p>\r\n\r\n<p style=\"text-align:justify\"><span style=\"font-size:11pt\"><span style=\"line-height:normal\"><span style=\"font-family:Calibri,sans-serif\"><a href=\"https:\/\/www.sympla.com.br\/evento\/happy-hour-com-tecnologia-a-economia-circular-como-estrategia-de-inovacao-nas-industrias\/3030010#event-location\" style=\"color:blue; text-decoration:underline\"><b><span style=\"font-size:14.0pt\">IBTeC | A Economia Circular como estrat&eacute;gia de inova&ccedil;&atilde;o nas ind&uacute;strias<\/span><\/b><\/a><span style=\"font-size:14.0pt\">, 23 de julho de 2025, 17h30 &agrave;s 19h30, evento presencial, sede IBTeC, Rua Arax&aacute;, 750 Ideal, Novo Hamburgo, RS, transmiss&atilde;o pelos canais IBTeC no <\/span><a href=\"https:\/\/www.youtube.com\/ibtecbrasil\" style=\"color:blue; text-decoration:underline\"><span style=\"font-size:14.0pt\">YouTube<\/span><\/a><span style=\"font-size:14.0pt\"> e <\/span><a href=\"https:\/\/www.instagram.com\/ibtecbrasil\/\" style=\"color:blue; text-decoration:underline\"><span style=\"font-size:14.0pt\">Instagram<\/span><\/a><\/span><\/span><\/span><\/p>\r\n\r\n<p style=\"text-align:justify\"><span style=\"font-size:11pt\"><span style=\"line-height:normal\"><span style=\"font-family:Calibri,sans-serif\"><a href=\"https:\/\/plasticosemrevista.com.br\/Seminario-saneamento-basico\/\" style=\"color:blue; text-decoration:underline\"><b><span style=\"font-size:14.0pt\">Saneamento B&aacute;sico, cinco anos de vig&ecirc;ncia do marco regulat&oacute;rio<\/span><\/b><\/a><span style=\"font-size:14.0pt\">, 24 de julho, evento presencial, Hotel Meli&aacute;, S&atilde;o Paulo<\/span><\/span><\/span><\/span><\/p>\r\n\r\n<p style=\"text-align:justify\"><span style=\"font-size:11pt\"><span style=\"line-height:normal\"><span style=\"font-family:Calibri,sans-serif\"><a href=\"https:\/\/www.youtube.com\/watch?v=Lb3bMcd2AMw\" style=\"color:blue; text-decoration:underline\"><b><span style=\"font-size:14.0pt\">Radar Tend&ecirc;ncias Sobratema: An&aacute;lises que antecipam o futuro do setor da constru&ccedil;&atilde;o e minera&ccedil;&atilde;o<\/span><\/b><\/a><span style=\"font-size:14.0pt\">, 24 de julho de 2025, 15h00, canal Sobratema YouTube<\/span><\/span><\/span><\/span><\/p>\r\n\r\n<p style=\"text-align:justify\"><span style=\"font-size:11pt\"><span style=\"line-height:normal\"><span style=\"font-family:Calibri,sans-serif\"><a href=\"https:\/\/abrava.com.br\/compromissos\/workshop-ar-condicionado-automotivo-2\/?utm_campaign=participe__workshop_ar_condicionado_automotivo&amp;utm_medium=email&amp;utm_source=RD+Station\" style=\"color:blue; text-decoration:underline\"><b><span style=\"font-size:14.0pt\">ABRAVA | Workshop Ar Condicionado Automotivo<\/span><\/b><\/a><span style=\"font-size:14.0pt\">, 26 de julho de 2025, 08h30 &agrave;s 12h30, evento presencial, sede ABRAVA, Av. Rio Branco, 1492, Campos El&iacute;seos, S&atilde;o Paulo, SP<\/span><\/span><\/span><\/span><\/p>\r\n\r\n<p style=\"text-align:justify\"><span style=\"font-size:11pt\"><span style=\"line-height:normal\"><span style=\"font-family:Calibri,sans-serif\"><a href=\"https:\/\/www.sp.senai.br\/construcao-civil-sp\" style=\"color:blue; text-decoration:underline\"><b><span style=\"font-size:14.0pt\">SENAI-SP apresenta solu&ccedil;&otilde;es educacionais e tecnol&oacute;gicas para a Ind&uacute;stria da Constru&ccedil;&atilde;o<\/span><\/b><\/a><span style=\"font-size:14.0pt\">, 28 de julho de 2025, 08h30 &agrave;s 11h300, FIESP audit&oacute;rio 4&ordm; andar, Av. paulista 1313, S&atilde;o Paulo, SP<\/span><\/span><\/span><\/span><\/p>\r\n\r\n<p style=\"text-align:justify\"><span style=\"font-size:11pt\"><span style=\"line-height:normal\"><span style=\"font-family:Calibri,sans-serif\"><a href=\"https:\/\/app.rdstation.email\/mail\/3759febf-229c-4837-985e-2aeef4948b61?utm_campaign=envio_2_radar_de_sustentabilidade_encontro_governanca&amp;utm_medium=email&amp;utm_source=RD+Station\" style=\"color:blue; text-decoration:underline\"><b><span style=\"font-size:14.0pt\">Workshop Texbrasil | Radar de Sustentabilidade - Dimens&atilde;o: Governan&ccedil;a<\/span><\/b><\/a><span style=\"font-size:14.0pt\">, 29 de julho de 2025, 10h &agrave;s 12h, evento online<\/span><\/span><\/span><\/span><\/p>\r\n\r\n<p style=\"text-align:justify\"><span style=\"font-size:11pt\"><span style=\"line-height:normal\"><span style=\"font-family:Calibri,sans-serif\"><a href=\"https:\/\/www.sympla.com.br\/evento\/parana-plast-meeting\/3042252?utm_campaign=Paran%C3%A1+Plast+Meeting+-+Participe%21&amp;utm_content=Paran%C3%A1+Plast+Meeting+em+Pinhais+-+Sympla&amp;utm_medium=email&amp;utm_source=dinamize&amp;utm_term=Paran%C3%A1+Plast+Meeting+-+Participe%21\" style=\"color:blue; text-decoration:underline\"><b><span style=\"font-size:14.0pt\">Paran&aacute; Plast Meeting<\/span><\/b><\/a><span style=\"font-size:14.0pt\">, 06 de agosto de 2025, 15h &agrave;s 19h, evento presencia, Expotrade Convention Center, Pinhais, PR<\/span><\/span><\/span><\/span><\/p>\r\n\r\n<p style=\"text-align:justify\"><span style=\"font-size:11pt\"><span style=\"line-height:normal\"><span style=\"font-family:Calibri,sans-serif\"><a href=\"https:\/\/www.abicol.org\/encontro-das-industrias-de-colchoes-2025\/\" style=\"color:blue; text-decoration:underline\"><b><span style=\"font-size:14.0pt\">ABICOL | ENICOL 2025 - Encontro das Ind&uacute;strias de Colch&otilde;es<\/span><\/b><\/a><span style=\"font-size:14.0pt\">, 07 e 08 de agosto, evento presencial, Royal Tulip Bras&iacute;lia Alvorada<\/span><\/span><\/span><\/span><\/p>\r\n\r\n<p style=\"text-align:justify\"><span style=\"font-size:11pt\"><span style=\"line-height:normal\"><span style=\"font-family:Calibri,sans-serif\"><a href=\"https:\/\/horizons.fia.com.br\/?utm_campaign=apoio_institucional_horizons_2025&amp;utm_medium=email&amp;utm_source=RD+Station\" style=\"color:blue; text-decoration:underline\"><b><span style=\"font-size:14.0pt\">Horizons 2025 &ndash; Inova&ccedil;&atilde;o, Tecnologia e Neg&oacute;cios Unidos pelo Planeta<\/span><\/b><\/a><span style=\"font-size:14.0pt\">, 13 e 14 de agosto, FIA Business School, Birmann 21 e Centro de Inova&ccedil;&atilde;o Bruno Covas, S&atilde;o Paulo<\/span><\/span><\/span><\/span><\/p>\r\n\r\n<p style=\"text-align:justify\"><span style=\"font-size:11pt\"><span style=\"line-height:normal\"><span style=\"font-family:Calibri,sans-serif\"><a href=\"https:\/\/forumdemanufatura.com.br\/\" style=\"color:blue; text-decoration:underline\"><b><span style=\"font-size:14.0pt\">9&ordm; F&oacute;rum de Manufatura<\/span><\/b><\/a><span style=\"font-size:14.0pt\">, 18 e 19 de agosto de 2025, Novotel Center Norte, S&atilde;o Paulo, SP<\/span><\/span><\/span><\/span><\/p>\r\n\r\n<p style=\"text-align:justify\"><span style=\"font-size:11pt\"><span style=\"line-height:normal\"><span style=\"font-family:Calibri,sans-serif\"><a href=\"https:\/\/app.rdstation.email\/mail\/73f893e3-d4c4-47e1-a0ea-aa0aaf1cfda0?utm_campaign=convite_ws_inovacao&amp;utm_medium=email&amp;utm_source=RD+Station\" style=\"color:blue; text-decoration:underline\"><b><span style=\"font-size:14.0pt\">Workshop Abit | Transformando Inova&ccedil;&atilde;o em Resultado<\/span><\/b><\/a><span style=\"font-size:14.0pt\">, 20 de agosto de 2025, 09h &agrave;s 12h, evento h&iacute;brido<\/span><\/span><\/span><\/span><\/p>\r\n\r\n<p style=\"text-align:justify\"><span style=\"font-size:11pt\"><span style=\"line-height:normal\"><span style=\"font-family:Calibri,sans-serif\"><a href=\"https:\/\/sticni.sharepoint.com\/sites\/PublicShare\/Compartilhamentos\/Forms\/AllItems.aspx?id=%2Fsites%2FPublicShare%2FCompartilhamentos%2FCNI%2D133649%2FPrograma%20Imers%C3%B5es%20em%20Ecossistemas%2FImers%C3%A3o%20Finlandia%20em%20Economia%20Circular%2E%201%2Epdf&amp;parent=%2Fsites%2FPublicShare%2FCompartilhamentos%2FCNI%2D133649%2FPrograma%20Imers%C3%B5es%20em%20Ecossistemas&amp;p=true&amp;ga=1\" style=\"color:blue; text-decoration:underline\"><b><span style=\"font-size:14.0pt\">CNI | Imers&atilde;o Finl&acirc;ndia: Uma conex&atilde;o global com a Economia Circular<\/span><\/b><\/a><span style=\"font-size:14.0pt\">, 01 a 05 de setembro de 2025, inscri&ccedil;&otilde;es at&eacute; 10 de agosto de 2025 ou se encerrarem as vagas, cidades destinos: Helsinki (cidade base), Tampere e Espoo.<\/span><\/span><\/span><\/span><\/p>\r\n\r\n<p style=\"text-align:justify\"><span style=\"font-size:11pt\"><span style=\"line-height:normal\"><span style=\"font-family:Calibri,sans-serif\"><a href=\"https:\/\/www.conbrava.com.br\/\" style=\"color:blue; text-decoration:underline\"><b><span style=\"font-size:14.0pt\">CONBRAVA 2025<\/span><\/b><\/a><span style=\"font-size:14.0pt\">, 10 a 12 de setembro de 2025, S&atilde;o Paulo Expo, Rodovia dos Imigrantes, km 1,5<\/span><\/span><\/span><\/span><\/p>\r\n\r\n<p style=\"text-align:justify\"><span style=\"font-size:11pt\"><span style=\"line-height:normal\"><span style=\"font-family:Calibri,sans-serif\"><a href=\"https:\/\/paving.com.br\/\" style=\"color:blue; text-decoration:underline\"><b><span style=\"font-size:14.0pt\">Paving Expo 2025<\/span><\/b><\/a><span style=\"font-size:14.0pt\">, 23 a 25 de setembro de 2025, Distrito Anhembi, Rua Prof. Milton Rodrigues, s\/n, Santana, S&atilde;o Paulo, SP<\/span><\/span><\/span><\/span><\/p>\r\n\r\n<p style=\"text-align:justify\"><span style=\"font-size:11pt\"><span style=\"line-height:normal\"><span style=\"font-family:Calibri,sans-serif\"><a href=\"https:\/\/www.instagram.com\/sobeccnacional\/p\/DA1V8NZyhNK\/?img_index=1\" style=\"color:blue; text-decoration:underline\"><b><span style=\"font-size:14.0pt\">17&ordm; Congresso Brasileiro de Enfermagem em Centro Cir&uacute;rgico: &ldquo;O poder de cuidar&rdquo;<\/span><\/b><\/a><span style=\"font-size:14.0pt\">, 01 a 03 de outubro de 2025, Transamerica Expo Center, S&atilde;o Paulo, SP<\/span><\/span><\/span><\/span><\/p>\r\n\r\n<p style=\"text-align:justify\"><span style=\"font-size:11pt\"><span style=\"line-height:normal\"><span style=\"font-family:Calibri,sans-serif\"><a href=\"https:\/\/his.saudebusiness.com\/pt\/home.html\" style=\"color:blue; text-decoration:underline\"><b><span style=\"font-size:14.0pt\">Healthcare Innovation Show (HIS)<\/span><\/b><\/a><span style=\"font-size:14.0pt\">, 01 e 02 de outubro de 2025, 09h &agrave;s 18h, S&atilde;o Paulo Expo<\/span><\/span><\/span><\/span><\/p>\r\n\r\n<p style=\"text-align:justify\"><span style=\"font-size:11pt\"><span style=\"line-height:normal\"><span style=\"font-family:Calibri,sans-serif\"><a href=\"https:\/\/www.abrafiltros.org.br\/3o-seminario-brasileiro-de-filtros-acontecera-no-dia-08-de-outubro\/\" style=\"color:blue; text-decoration:underline\"><b><span style=\"font-size:14.0pt\">3&ordm; Semin&aacute;rio Brasileiro de Filtros<\/span><\/b><\/a><span style=\"font-size:14.0pt\">, 08 de outubro de 2025, evento presencial<\/span><\/span><\/span><\/span><\/p>\r\n\r\n<p style=\"text-align:justify\"><span style=\"font-size:11pt\"><span style=\"line-height:normal\"><span style=\"font-family:Calibri,sans-serif\"><a href=\"https:\/\/hospitalmed.com.br\/feira\/\" style=\"color:blue; text-decoration:underline\"><b><span style=\"font-size:14.0pt\">HospitalMed 2025<\/span><\/b><\/a><span style=\"font-size:14.0pt\">, 22 a 24 de outubro, Pernambuco Centro de Conven&ccedil;&otilde;es, Olinda<\/span><\/span><\/span><\/span><\/p>\r\n\r\n<p style=\"text-align:justify\"><span style=\"font-size:11pt\"><span style=\"line-height:normal\"><span style=\"font-family:Calibri,sans-serif\"><a href=\"https:\/\/www.congressoabit.com.br\/\" style=\"color:blue; text-decoration:underline\"><b><span style=\"font-size:14.0pt\">Congresso Internacional Abit 2025<\/span><\/b><\/a><span style=\"font-size:14.0pt\">, 29 e 30 de outubro, 08h &agrave;s 20h, FIESP, S&atilde;o Paulo, SP<\/span><\/span><\/span><\/span><\/p>\r\n\r\n<p style=\"text-align:justify\"><span style=\"font-size:11pt\"><span style=\"line-height:normal\"><span style=\"font-family:Calibri,sans-serif\"><a href=\"https:\/\/filtech.de\/\" style=\"color:blue; text-decoration:underline\"><b><span style=\"font-size:14.0pt\">Filtech 2026<\/span><\/b><\/a><span style=\"font-size:14.0pt\">, de 30 de junho a 2 de julho, Cologne, Alemanha<\/span><\/span><\/span><\/span><\/p>\r\n\r\n<p style=\"text-align:justify\"><span style=\"font-size:11pt\"><span style=\"line-height:normal\"><span style=\"font-family:Calibri,sans-serif\"><a href=\"https:\/\/ficons.com.br\/\" style=\"color:blue; text-decoration:underline\"><b><span style=\"font-size:14.0pt\">FICONS - Feira Internacional de Materiais, Equipamentos e Servi&ccedil;os da Constru&ccedil;&atilde;o<\/span><\/b><\/a><span style=\"font-size:14.0pt\">, 15 a 18 de setembro de 2026, Centro de Conven&ccedil;&otilde;es de Pernambuco Recife\/ Olinda<\/span><\/span><\/span><\/span><\/p>\r\n\r\n<p style=\"text-align:justify\"><span style=\"font-size:28pt\"><span style=\"font-family:Cambria,serif\"><span style=\"letter-spacing:-0.5pt\"><b><span style=\"font-size:18.0pt\"><span style=\"font-family:&quot;Calibri&quot;,sans-serif\"><span style=\"font-variant:small-caps\">Setor<\/span><\/span><\/span><\/b><\/span><\/span><\/span><\/p>\r\n\r\n<p style=\"text-align:justify\"><span style=\"font-size:11pt\"><span style=\"line-height:normal\"><span style=\"font-family:Calibri,sans-serif\"><a href=\"https:\/\/investnews.com.br\/negocios\/cade-aprova-oferta-de-tanure-pela-braskem\/\" style=\"color:blue; text-decoration:underline\"><span style=\"font-size:14.0pt\">Cade aprova oferta de Tanure pela Braskem e condiciona aval &agrave; costura com bancos e Petrobras<\/span><\/a><\/span><\/span><\/span><\/p>\r\n\r\n<p style=\"text-align:justify\"><span style=\"font-size:11pt\"><span style=\"line-height:normal\"><span style=\"font-family:Calibri,sans-serif\"><a href=\"https:\/\/investnews.com.br\/negocios\/cade-aprova-oferta-de-tanure-pela-braskem\/\" style=\"color:blue; text-decoration:underline\"><span style=\"font-size:14.0pt\">Lan&ccedil;amentos movimentam o setor de personal care no primeiro semestre de 2025<\/span><\/a><\/span><\/span><\/span><\/p>\r\n\r\n<p style=\"text-align:justify\"><span style=\"font-size:11pt\"><span style=\"line-height:normal\"><span style=\"font-family:Calibri,sans-serif\"><a href=\"https:\/\/plasticosemrevista.com.br\/eua-pvc-entala-em-gargalo-para-exportacoes\/\" style=\"color:blue; text-decoration:underline\"><span style=\"font-size:14.0pt\">EUA: PVC entala em gargalo para exporta&ccedil;&otilde;es<\/span><\/a><\/span><\/span><\/span><\/p>\r\n\r\n<p style=\"text-align:justify\"><span style=\"font-size:11pt\"><span style=\"line-height:normal\"><span style=\"font-family:Calibri,sans-serif\"><a href=\"https:\/\/conteudo.abit.org.br\/abitreview\" style=\"color:blue; text-decoration:underline\"><span style=\"font-size:14.0pt\">Abit Review | COP30 e as tend&ecirc;ncias para o futuro sustent&aacute;vel<\/span><\/a><\/span><\/span><\/span><\/p>\r\n\r\n<p style=\"text-align:justify\"><span style=\"font-size:28pt\"><span style=\"font-family:Cambria,serif\"><span style=\"letter-spacing:-0.5pt\"><b><span style=\"font-size:18.0pt\"><span style=\"font-family:&quot;Calibri&quot;,sans-serif\"><span style=\"font-variant:small-caps\">Ind&uacute;stria<\/span><\/span><\/span><\/b><\/span><\/span><\/span><\/p>\r\n\r\n<p style=\"text-align:justify\"><span style=\"font-size:11pt\"><span style=\"line-height:normal\"><span style=\"font-family:Calibri,sans-serif\"><a href=\"https:\/\/noticias.portaldaindustria.com.br\/noticias\/internacional\/levantamento-feito-pela-cni-mostra-impactos-do-tarifaco-sobre-economia-brasileira-e-global-\/\" style=\"color:blue; text-decoration:underline\"><span style=\"font-size:14.0pt\">Levantamento feito pela CNI mostra impactos do tarifa&ccedil;o sobre economia brasileira e global<\/span><\/a><\/span><\/span><\/span><\/p>\r\n\r\n<p style=\"text-align:justify\"><span style=\"font-size:11pt\"><span style=\"line-height:normal\"><span style=\"font-family:Calibri,sans-serif\"><a href=\"https:\/\/mercadoeconsumo.com.br\/15\/07\/2025\/economia\/governo-publica-decreto-regulamentando-lei-de-reciprocidade-comercial\/\" style=\"color:blue; text-decoration:underline\"><span style=\"font-size:14.0pt\">Governo publica decreto regulamentando Lei de Reciprocidade Comercial<\/span><\/a><\/span><\/span><\/span><\/p>\r\n\r\n<p style=\"text-align:justify\"><span style=\"font-size:11pt\"><span style=\"line-height:normal\"><span style=\"font-family:Calibri,sans-serif\"><a href=\"https:\/\/t.rdsv2.net\/ls\/click?upn=u001.15wMpzMenbIuxWhtgOH4isbn56LihoD071syyyPm8s6N1fecQCJFYCcsqIUmhiGhWODkydfcyt8ogo4iD63wru8wiwkl3sImSV88aGkNGMAEnyL1NWTolCVISTenBNjIjsymDopK4tL1KkR9HaOCVzN9fYnTbv1GvwQHLg-2BwDWS3ctsg51LYrFKX5-2BDRSkgTvCaJj3nrJLHC9FSZ3lbyjncskx3oj0-2BFFGlJYvAHqLnUtp2FT47q6CD-2FZiqHBjZceQsKgVSqzfG8O-2BSNRuBpsQs5aUngxNOViJIQK3zTwyALqHlykh49ksbWaH7KIGWVGFSg_T7N8BvZTOm04CQQMiyWztrpCjlUrRc4F7QzSgUIpTqA3DpB0dEPZRhkRl8w030fGnjORqjQkXq4fqdtRuTistUzzVy5fWM5i7fnrHGnIMzmTCHoOsp0INJBkZUdZljH3YgidhmkZbzpasDKVo4wkmJQvT1VLY0Ppnn4ZAUhncgFf8yUYlQudb4EWsb0EtEqMbe4eyLapQgf5I-2BZgaSyB8IEqfv-2FfT6e6pANQMpcBxicu6NalyhX7pPkzo3eHm9GbyTYHLAMwjCFy0D1o0GEI27XcbEqH87HbuC67-2Br6iZKwTsnY-2FfXwuiBr6JZ-2BQi69XTv5W4ClW818zVCK0UXs-2BhV2FAVZ7omczxEhBo8u8FvNMUe-2BNtBvh32XYhz1NkBAsrhQQzuuQFue-2BLQcSmoJkSczMAx0WM0tDVVoSUo8Ma8-2BLl4cDH7BpAiq8kSsZh8jauYl4gmcMrMiEBaFYEfq8mscQai3QNSZOohfNZCBjJ9KE0nt4MKBhFJTVxAgE2HUY03LOVsI54DNBjey-2BLTz-2FeHSx52Ynvda-2BwuZeRmVK3axV4ncZWgexcmZ6LbM5FiWbCkeOLMpRATFerir5MugkoBvQjXdbt7dC0WYS8YHrV42Y-2FpBeEpkFk5818zfYy6H9k1z2EPQsVJz8zJ7JWBq-2Fjpa8kUrZ9PQHASjPAwal-2F-2BJ-2FRNOzdnP0hnAOFVd-2BwZaucf4D8G60jNhYs87snpSrWw-3D-3D\" style=\"color:blue; text-decoration:underline\" target=\"_blank\"><span style=\"font-size:14.0pt\">Governo estuda dar apoio a setores afetados por tarifa&ccedil;o de Trump, diz Haddad&nbsp;<\/span><\/a><\/span><\/span><\/span><\/p>\r\n\r\n<p style=\"text-align:justify\"><span style=\"font-size:11pt\"><span style=\"line-height:normal\"><span style=\"font-family:Calibri,sans-serif\"><a href=\"https:\/\/www.automecfeira.com.br\/pt-br\/blog\/mercado\/producao-de-automoveis-cresce-quase-7--ate-abril--diz-anfavea--q.html?utm_source=sfmc&amp;utm_medium=email&amp;utm_campaign=Automec250618a_PADRAO_VIS_Newsletter\" style=\"color:blue; text-decoration:underline\"><span style=\"font-size:14.0pt\">Produ&ccedil;&atilde;o de autom&oacute;veis cresce quase 7% at&eacute; abril, diz Anfavea, que monitora a Selic com apreens&atilde;o<\/span><\/a><\/span><\/span><\/span><\/p>\r\n\r\n<p style=\"text-align:justify\"><span style=\"font-size:11pt\"><span style=\"line-height:normal\"><span style=\"font-family:Calibri,sans-serif\"><a href=\"https:\/\/revlink.revistaanamaco.com.br\/cl\/PUl11\/CxP\/9188\/LCFJkUKAOaB\/BM-9\/BFCV4s1LelB\/2\/\" style=\"color:blue; text-decoration:underline\" target=\"_blank\"><span style=\"font-size:14.0pt\">Ind&uacute;stria de matcon desconfiada<\/span><\/a><\/span><\/span><\/span><\/p>\r\n\r\n<p style=\"text-align:justify\"><span style=\"font-size:11pt\"><span style=\"line-height:normal\"><span style=\"font-family:Calibri,sans-serif\"><a href=\"https:\/\/ibre.fgv.br\/blog-da-conjuntura-economica\/artigos\/com-o-atual-volume-de-emendas-nao-e-possivel-ter-um-programa-de\" style=\"color:blue; text-decoration:underline\"><span style=\"font-size:14.0pt\">&ldquo;Com o atual volume de emendas, n&atilde;o &eacute; poss&iacute;vel ter um programa de infraestrutura articulado&rdquo;, afirma Venilton Tadini, da Abdib<\/span><\/a><\/span><\/span><\/span><\/p>\r\n\r\n<p style=\"text-align:justify\"><span style=\"font-size:11pt\"><span style=\"line-height:normal\"><span style=\"font-family:Calibri,sans-serif\"><a href=\"https:\/\/www.migalhas.com.br\/quentes\/434774\/fgv-direito-rio-cria-comite-de-regulacao-de-mineracao\" style=\"color:blue; text-decoration:underline\"><span style=\"font-size:14.0pt\">FGV Direito Rio cria comit&ecirc; de Regula&ccedil;&atilde;o de Minera&ccedil;&atilde;o<\/span><\/a><\/span><\/span><\/span><\/p>\r\n\r\n<p style=\"text-align:justify\"><span style=\"font-size:11pt\"><span style=\"line-height:normal\"><span style=\"font-family:Calibri,sans-serif\"><a href=\"https:\/\/www.moveisdevalor.com.br\/portal\/preco-de-colchao-desaba-no-varejo-e-custos-explodem-na-industria\" style=\"color:blue; text-decoration:underline\"><span style=\"font-size:14.0pt\">Pre&ccedil;o de colch&atilde;o desaba no varejo e custos explodem na ind&uacute;stria<\/span><\/a><\/span><\/span><\/span><\/p>\r\n\r\n<p style=\"text-align:justify\"><span style=\"font-size:28pt\"><span style=\"font-family:Cambria,serif\"><span style=\"letter-spacing:-0.5pt\"><b><span style=\"font-size:18.0pt\"><span style=\"font-family:&quot;Calibri&quot;,sans-serif\"><span style=\"font-variant:small-caps\">Sustentabilidade<\/span><\/span><\/span><\/b><\/span><\/span><\/span><\/p>\r\n\r\n<p style=\"text-align:justify\"><span style=\"font-size:11pt\"><span style=\"line-height:normal\"><span style=\"font-family:Calibri,sans-serif\"><a href=\"https:\/\/g1.globo.com\/bom-dia-brasil\/video\/estudo-do-trata-brasil-mostra-que-pais-esta-longe-de-atingir-a-meta-de-universalizacao-do-saneamento-basico-13758276.ghtml\" style=\"color:blue; text-decoration:underline\"><span style=\"font-size:14.0pt\">Estudo do Trata Brasil mostra que pa&iacute;s est&aacute; longe de atingir a meta de universaliza&ccedil;&atilde;o do saneamento b&aacute;sico<\/span><\/a><\/span><\/span><\/span><\/p>\r\n\r\n<p style=\"text-align:justify\"><span style=\"font-size:11pt\"><span style=\"line-height:normal\"><span style=\"font-family:Calibri,sans-serif\"><a href=\"https:\/\/www.anahp.com.br\/publicacoes\/impactos-das-questoes-climaticas-na-saude-e-o-papel-dos-hospitais\/\" style=\"color:blue; text-decoration:underline\"><span style=\"font-size:14.0pt\">Impactos das quest&otilde;es clim&aacute;ticas na sa&uacute;de e o papel dos hospitais<\/span><\/a><\/span><\/span><\/span><\/p>\r\n\r\n<p style=\"text-align:justify\"><span style=\"font-size:28pt\"><span style=\"font-family:Cambria,serif\"><span style=\"letter-spacing:-0.5pt\"><b><span style=\"font-size:18.0pt\"><span style=\"font-family:&quot;Calibri&quot;,sans-serif\"><span style=\"font-variant:small-caps\">Inova&ccedil;&atilde;o<\/span><\/span><\/span><\/b><\/span><\/span><\/span><\/p>\r\n\r\n<p style=\"text-align:justify\"><span style=\"font-size:11pt\"><span style=\"line-height:normal\"><span style=\"font-family:Calibri,sans-serif\"><a href=\"http:\/\/clickemail.portalpersonalcare.com.br\/ls\/click?upn=u001.D2-2F0Tg0A29KXXLMT6ctG-2BYOihdDbc-2ByFrUFb3ZXMT9TG0W2-2FgDBhK5oHan-2B38wciWa4n-2FyHZgiByskryOKS9snQRs5BtHVw3epupAXd3uPsxhBivYMHq-2BDM8Bjo6mhd67ImzoYO9kRMIE5THJDVHfZkq49PJDwmnIpgQHrLpBIKuwdEH7KBLqUFsbsqyVRPBzQXJjggRrG-2BJ1gX8FZBkzbseKXB2qODKyhijYBxnkvD9Nri1lMPV5jea55lteDy0Brx230tSUYS-2BYsY54Es1Tg-3D-3Dt_Mj_T7N8BvZTOm04CQQMiyWztrpCjlUrRc4F7QzSgUIpTqDyHxxxhGpyWLohz7JoE2GE5NHlS-2BYZoX1R75Fh8KCze9GvCCb-2FinuNgc39g0Cdbe-2FcU8RlSBQhp5om11AQZQ-2FDIIvHBa-2BbNZjRy6rsdzy-2FnJ-2BNpKkNEopiqLk1UAcdpJhWoXsDxPt0MBLLq3iNSldlrXTQcGTjluGurkQ000-2FDKzb3g4njaFnLmgJ4wN0EQyFwwPHIBf5qLmdrCKo-2FsMxOr81WznR2ere36fd0o85e0rmHfBwqqz4L5IKUPEc19HkFGulowH78Z7OzFeLT89zJnfLi29f55xB42J-2BtkjMlGBouqncXdSph-2BYiH45wwrxJ5x2GZ50WDag5IOuBgZUFaGjEH5AzwA5FD3NAo7LstHxGK6aj0BKu-2BMycDew14wpaC-2BWM-2Be-2FEKPOeHlVKrdN8id088PHI1Yg-2BufwTFQth4xEQMFy7e5NRlkwFd7YNPgfdgPONsYkYNZlcWRajKMBmIa-2FCTcXbLhlYzqWXJGgtQSsrVqI-2BAoE1sp29mZEQtELx89d0Zbb5DEW4MgjKogWOyLSVvn1XeiADmVMOQ3HfDH-2F-2F26wUGNiDZGFbSQmdMgR0ChPbZ4XOWMamwKS3r-2BfczU6sRIFQ-2FZ-2BaoiAsLmWdO6Q-3D-3D\" style=\"color:blue; text-decoration:underline\" target=\"_blank\"><span style=\"font-size:14.0pt\">Essity lan&ccedil;a linha Libresse V-Bio com absorventes e protetores biodegrad&aacute;veis no Brasil<\/span><\/a><\/span><\/span><\/span><\/p>\r\n\r\n<p style=\"text-align:justify\"><span style=\"font-size:11pt\"><span style=\"line-height:normal\"><span style=\"font-family:Calibri,sans-serif\"><a href=\"https:\/\/www.gov.br\/mcti\/pt-br\/acompanhe-o-mcti\/noticias\/2025\/07\/debate-sobre-desafios-do-plano-nacional-de-ciencia-tecnologia-e-inovacao-e-destaque-na-77a-sbpc-1\" style=\"color:blue; text-decoration:underline\"><span style=\"font-size:14.0pt\">Debate sobre desafios do Plano Nacional de Ci&ecirc;ncia, Tecnologia e Inova&ccedil;&atilde;o &eacute; destaque na 77&ordf; SBPC<\/span><\/a><\/span><\/span><\/span><\/p>\r\n\r\n<p style=\"text-align:justify\"><span style=\"font-size:28pt\"><span style=\"font-family:Cambria,serif\"><span style=\"letter-spacing:-0.5pt\"><b><span style=\"font-size:18.0pt\"><span style=\"font-family:&quot;Calibri&quot;,sans-serif\"><span style=\"font-variant:small-caps\">Com&eacute;rcio Exterior<\/span><\/span><\/span><\/b><\/span><\/span><\/span><\/p>\r\n\r\n<p style=\"text-align:justify\"><span style=\"font-size:11pt\"><span style=\"line-height:normal\"><span style=\"font-family:Calibri,sans-serif\"><a href=\"https:\/\/t.rdsv2.net\/ls\/click?upn=u001.15wMpzMenbIuxWhtgOH4isbn56LihoD071syyyPm8s6sQcwhJvy94SwvfUjlrzXYx77UPX52SZR9SSQcrB2hhg5iLA0fq1BjAfVJf96bVg9PoqSlbqrQz86bPJLUWTXyTq0PWgRf3GKeV86Ylh0MLV4ffUBiVntqFG0XASnlu877KVapQmvcui3sm1zxS-2Fp7JPtKGlaknZXcGh0wC0ERBjDisGy4bY2KblZVOKxDP9C6naN9RqfPxqRaBCu0Gv728yjGrf7QYvxj-2BbSlfmlevQyfPq33Th0Jhjz7iKa5JsQ-3DbYf4_T7N8BvZTOm04CQQMiyWztrpCjlUrRc4F7QzSgUIpTqA3DpB0dEPZRhkRl8w030fGnjORqjQkXq4fqdtRuTistUzzVy5fWM5i7fnrHGnIMzmTCHoOsp0INJBkZUdZljH3rojgdWqAYqRKe-2BqweQ8ciClg1q9PDyyXtXxkcsxa5rZw1O59vJLyAkGDHx7xRqS3tVW7WZwlnUEvzDbsVEeaG-2FKiISKRME245cvjjkQqQUki-2F3Bd2ape0SuMdpBYRahIunlr-2F5mKKoTna-2FzvgMsHhkVt9NMJW1lhi9QaxSiBsQqD1zr4MEQBx2qxXaDx50FFhWvnEvC7w626a1IFy7gwpimnrnSnIYgHGfKwuKmKYrX6S-2BLjZBbQCgGmNCphnlUwZ5Q3F6DCh1ZjePlFc00CjtMFuHKfoGpd5MIBVnCv4PxC6O4tjrDBas5QFcL4hynp0dpz1wwChyAV1Z3FoFIT6wAH4Aad3rrwY2vjlueGRsiYgsCdj8FjHR5dyXzjsIqv1Jly6PpQCzSQM3BAVplGKMNw6p6kF6BVEU4a2Vyejim7b4UUDIpMIvVcKakLLpXJMtVYAz-2Fd8qfl2SLclWD286Gx-2FXpJFsZ2rtKIiQFam74bpO2b5fUQEUUFENXB-2Fo2YG8RyP3mcmo4u-2B8ZXGdSzGfsx8IPWdyfQ9IqM70keeBebxUd4TdArw9OKlEC-2Ftt9Y\" style=\"color:blue; text-decoration:underline\" target=\"_blank\"><span style=\"font-size:14.0pt\">Exporta&ccedil;&otilde;es brasileiras para os EUA ca&iacute;ram pela metade desde 2001<\/span><\/a><\/span><\/span><\/span><\/p>\r\n\r\n<p style=\"text-align:justify\"><span style=\"font-size:11pt\"><span style=\"line-height:normal\"><span style=\"font-family:Calibri,sans-serif\"><a href=\"https:\/\/www.moveisdevalor.com.br\/portal\/tarifaco-dos-eua-paralisa-exportacao-moveleira-da-serra-gaucha\" style=\"color:blue; text-decoration:underline\"><span style=\"font-size:14.0pt\">Tarifa&ccedil;o dos EUA paralisa exporta&ccedil;&atilde;o moveleira da Serra Ga&uacute;cha<\/span><\/a><\/span><\/span><\/span><\/p>\r\n\r\n<p style=\"text-align:justify\"><span style=\"font-size:11pt\"><span style=\"line-height:normal\"><span style=\"font-family:Calibri,sans-serif\"><a href=\"https:\/\/www.moveisdevalor.com.br\/portal\/tarifa-dos-eua-ameaca-exportacoes-de-moveis-e-abimovel-reage\" style=\"color:blue; text-decoration:underline\"><span style=\"font-size:14.0pt\">Tarifa dos EUA amea&ccedil;a exporta&ccedil;&otilde;es de m&oacute;veis e Abim&oacute;vel reage<\/span><\/a><\/span><\/span><\/span><\/p>\r\n\r\n<p style=\"text-align:justify\"><span style=\"font-size:11pt\"><span style=\"line-height:normal\"><span style=\"font-family:Calibri,sans-serif\"><a href=\"https:\/\/mercadoeconsumo.com.br\/16\/07\/2025\/economia\/departamento-do-comercio-dos-eua-inicia-investigacao-sobre-praticas-injustas-do-brasil\/?utm_campaign=news_fechamento_diario_-_1607&amp;utm_medium=email&amp;utm_source=RD+Station\" style=\"color:blue; text-decoration:underline\"><span style=\"font-size:14.0pt\">Departamento do Com&eacute;rcio dos EUA inicia investiga&ccedil;&atilde;o sobre pr&aacute;ticas injustas do Brasil<\/span><\/a><\/span><\/span><\/span><\/p>\r\n\r\n<p style=\"text-align:justify\"><span style=\"font-size:11pt\"><span style=\"line-height:normal\"><span style=\"font-family:Calibri,sans-serif\"><a href=\"https:\/\/noticias.portaldaindustria.com.br\/artigos\/ricardo-alban\/o-momento-de-avancar-no-acordo-mercosul-uniao-europeia-e-agora\/\" style=\"color:blue; text-decoration:underline\"><span style=\"font-size:14.0pt\">O momento de avan&ccedil;ar no acordo Mercosul-Uni&atilde;o Europeia &eacute; agora<\/span><\/a><\/span><\/span><\/span><\/p>\r\n\r\n<p style=\"text-align:justify\"><span style=\"font-size:11pt\"><span style=\"line-height:normal\"><span style=\"font-family:Calibri,sans-serif\"><a href=\"https:\/\/apexbrasil.com.br\/br\/pt\/conteudo\/noticias\/quando-o-sul-se-une--brasil-e-africa-austral-avancam-em-dialogo-.html#msdynmkt_trackingcontext=b1015d5b-e214-4cda-9426-ca056dd40000\" style=\"color:blue; text-decoration:underline\"><span style=\"font-size:14.0pt\">Quando o Sul se une: Brasil e &Aacute;frica Austral avan&ccedil;am em di&aacute;logo comercial<\/span><\/a><\/span><\/span><\/span><\/p>\r\n\r\n<p style=\"text-align:justify\"><span style=\"font-size:11pt\"><span style=\"line-height:normal\"><span style=\"font-family:Calibri,sans-serif\"><a href=\"https:\/\/plasticosemrevista.com.br\/india-aprova-antidumping-para-injetoras-da-china-e-taiwan\/\" style=\"color:blue; text-decoration:underline\"><span style=\"font-size:14.0pt\">&Iacute;ndia aprova antidumping para injetoras da China e Taiwan<\/span><\/a><\/span><\/span><\/span><\/p>\r\n\r\n<p style=\"text-align:justify\"><span style=\"font-size:11pt\"><span style=\"line-height:normal\"><span style=\"font-family:Calibri,sans-serif\"><a href=\"https:\/\/www.infomoney.com.br\/economia\/canada-quer-acordo-comercial-com-mercosul-para-reduzir-dependencia-dos-eua\/\" style=\"color:blue; text-decoration:underline\"><span style=\"font-size:14.0pt\">Canad&aacute; quer acordo comercial com Mercosul para reduzir depend&ecirc;ncia dos EUA<\/span><\/a><\/span><\/span><\/span><\/p>\r\n\r\n<p style=\"text-align:justify\"><span style=\"font-size:28pt\"><span style=\"font-family:Cambria,serif\"><span style=\"letter-spacing:-0.5pt\"><b><span style=\"font-size:18.0pt\"><span style=\"font-family:&quot;Calibri&quot;,sans-serif\"><span style=\"font-variant:small-caps\">Economia<\/span><\/span><\/span><\/b><\/span><\/span><\/span><\/p>\r\n\r\n<p style=\"text-align:justify\"><span style=\"font-size:11pt\"><span style=\"line-height:normal\"><span style=\"font-family:Calibri,sans-serif\"><a href=\"https:\/\/www.bcb.gov.br\/content\/focus\/focus\/R20250718.pdf\" style=\"color:blue; text-decoration:underline\"><span style=\"font-size:14.0pt\">Focus - Relat&oacute;rio de Mercado<\/span><\/a><\/span><\/span><\/span><\/p>\r\n\r\n<p style=\"text-align:justify\"><span style=\"font-size:11pt\"><span style=\"line-height:normal\"><span style=\"font-family:Calibri,sans-serif\"><a href=\"https:\/\/blogdoibre.fgv.br\/posts\/dispersao-das-projecoes-economicas-e-menor-desde-2015-o-que-isso-significa-0\" style=\"color:blue; text-decoration:underline\"><span style=\"font-size:14.0pt\">Dispers&atilde;o das proje&ccedil;&otilde;es econ&ocirc;micas &eacute; a menor desde 2015: o que isso significa?<\/span><\/a><\/span><\/span><\/span><\/p>\r\n\r\n<p style=\"text-align:justify\"><span style=\"font-size:11pt\"><span style=\"line-height:normal\"><span style=\"font-family:Calibri,sans-serif\"><a href=\"https:\/\/portal.fgv.br\/noticias\/indicador-da-fgv-mostra-desaceleracao-nas-vendas-do-varejo-e-alerta-para-instabilidade\" style=\"color:blue; text-decoration:underline\"><span style=\"font-size:14.0pt\">Indicador da FGV mostra desacelera&ccedil;&atilde;o nas vendas do varejo e alerta para instabilidade global<\/span><\/a><\/span><\/span><\/span><\/p>\r\n\r\n<p style=\"text-align:justify\"><span style=\"font-size:11pt\"><span style=\"line-height:normal\"><span style=\"font-family:Calibri,sans-serif\"><a href=\"https:\/\/revlink.revistaanamaco.com.br\/cl\/PUl11\/CxP\/9188\/LCFJkUKAOaB\/BM-9\/F2n_HnOU_zb\/2\/\" style=\"color:blue; text-decoration:underline\" target=\"_blank\"><span style=\"font-size:14.0pt\">Preocupa&ccedil;&atilde;o com infla&ccedil;&atilde;o e custo de vida permanece alta entre brasileiros em 2025<\/span><\/a><\/span><\/span><\/span><\/p>\r\n\r\n<p style=\"text-align:justify\"><span style=\"font-size:11pt\"><span style=\"line-height:normal\"><span style=\"font-family:Calibri,sans-serif\"><a href=\"https:\/\/portalibre.fgv.br\/sites\/default\/files\/2025-07\/2025-07-boletim-macro-1.pdf\" style=\"color:blue; text-decoration:underline\"><span style=\"font-size:14.0pt\">FGV IBRE | Boletim Macro | Guerra comercial: mais um cap&iacute;tulo<\/span><\/a><\/span><\/span><\/span><\/p>\r\n\r\n<p style=\"text-align:justify\"><img src=\"https:\/\/www.abint.org.br\/assets\/img\/editor\/redes-sociais-abint-ctg-cth_20250722174554BZqU7o4ypm.jpg\" \/><\/p>\r\n","6":"<p style=\"text-align:justify\"><span style=\"font-size:11pt\"><span style=\"line-height:normal\"><span style=\"font-family:Calibri,sans-serif\"><span style=\"font-size:14.0pt\">Esta &eacute; uma compila&ccedil;&atilde;o das not&iacute;cias mais relevantes para o setor, incluindo informa&ccedil;&otilde;es sobre acordos internacionais, economia brasileira, sustentabilidade e mat&eacute;rias primas, al&eacute;m de novidades do setor de N&atilde;otecidos e Tecidos T&eacute;cnicos.<\/span><\/span><\/span><\/span><\/p>\r\n\r\n<p style=\"text-align:justify\"><span style=\"font-size:28pt\"><span style=\"font-family:Cambria,serif\"><span style=\"letter-spacing:-0.5pt\"><b><span style=\"font-size:18.0pt\"><span style=\"font-family:&quot;Calibri&quot;,sans-serif\"><span style=\"font-variant:small-caps\">O que vem por a&iacute;<\/span><\/span><\/span><\/b><\/span><\/span><\/span><\/p>\r\n\r\n<p style=\"text-align:justify\">&nbsp;<\/p>\r\n\r\n<p><b><img src=\"https:\/\/www.abint.org.br\/assets\/img\/editor\/2o-seminario-abrafiltros-abint-apoiador_2025072217401523mrTUXRqU.png\" style=\"width: 500px; height: 500px;\" \/><\/b><\/p>\r\n\r\n<p><a href=\"https:\/\/doity.com.br\/3-seminario-brasileiro-de-filtros\"><b>Acesse aqui mais informa&ccedil;&otilde;es<\/b><\/a><\/p>\r\n\r\n<p>&nbsp;<\/p>\r\n\r\n<h1><b><img src=\"https:\/\/www.abint.org.br\/assets\/img\/editor\/abint-logo-2020-g_20250722174225llGQZo54on.png\" style=\"width: 300px; height: 69px;\" \/>&nbsp; &nbsp; &nbsp;&nbsp;<\/b><strong>PATROCINADORA DO<\/strong><\/h1>\r\n\r\n<p><img src=\"https:\/\/www.abint.org.br\/assets\/img\/editor\/congresso-internacional-abit-2025_20250722174119edr5xq8iJH.png\" style=\"width: 700px; height: 256px;\" \/><\/p>\r\n\r\n<p><a href=\"https:\/\/www.congressoabit.com.br\/\"><b>Acesse aqui mais informa&ccedil;&otilde;es<\/b><\/a><\/p>\r\n\r\n<p>&nbsp;<\/p>\r\n\r\n<p class=\"MsoTitle\" style=\"text-align:justify\"><span style=\"font-size:28pt\"><span style=\"font-family:Cambria,serif\"><span style=\"letter-spacing:-0.5pt\"><b><span style=\"font-size:18.0pt\"><span style=\"font-family:&quot;Calibri&quot;,sans-serif\"><span style=\"font-variant:small-caps\">Not&iacute;cias das Associadas<\/span><\/span><\/span><\/b><\/span><\/span><\/span><\/p>\r\n\r\n<p style=\"text-align:justify\"><span style=\"font-size:11pt\"><span style=\"line-height:normal\"><span style=\"font-family:Calibri,sans-serif\"><a href=\"https:\/\/abctecnologias.us4.list-manage.com\/track\/click?u=eadcdb852894c5b5684bd7107&amp;id=7aaa2f2941&amp;e=5337ee208e\" style=\"color:blue; text-decoration:underline\"><span style=\"font-size:14.0pt\">ABC Tecnologias | Weldy e a Tecnologia Agr&iacute;cola no Marrocos: Reparo de Pl&aacute;sticos em vez de Descarte<\/span><\/a><\/span><\/span><\/span><\/p>\r\n\r\n<p style=\"text-align:justify\"><span style=\"font-size:11pt\"><span style=\"line-height:115%\"><span style=\"font-family:Calibri,sans-serif\"><a href=\"https:\/\/www.nonwovens-industry.com\/contents\/view_breaking-news\/2025-07-17\/freudenberg-shows-evolon-packaging-solutions\/?utm_campaign=NON%20eNewsletter&amp;utm_medium=email&amp;_hsenc=p2ANqtz-9TdHwQ2_Al-G5JlwhwAZsfediqaHskJvovHxiy5PB0992JaatiCrjvF4gw_QLz6mCB9JIraLw2CZBCfypVmrBX09pqSg&amp;_hsmi=371778472&amp;utm_content=371778472&amp;utm_source=hs_email\" style=\"color:blue; text-decoration:underline\"><span style=\"font-size:14.0pt\"><span style=\"line-height:115%\">Freudenberg Shows Evolon Packaging Solutions<\/span><\/span><\/a> <\/span><\/span><\/span><\/p>\r\n\r\n<p style=\"text-align:justify\"><span style=\"font-size:11pt\"><span style=\"line-height:normal\"><span style=\"font-family:Calibri,sans-serif\"><a href=\"https:\/\/plasticosemrevista.com.br\/pet-indorama-paralisa-reciclagem-no-brasil\/\" style=\"color:blue; text-decoration:underline\"><span style=\"font-size:14.0pt\">PET: Indorama paralisa reciclagem no Brasil<\/span><\/a><\/span><\/span><\/span><\/p>\r\n\r\n<p style=\"text-align:justify\">&nbsp;<\/p>\r\n\r\n<p style=\"text-align:justify\"><span style=\"font-size:11pt\"><span style=\"line-height:normal\"><span style=\"font-family:Calibri,sans-serif\"><b><span style=\"font-size:18.0pt\"><span style=\"font-variant:small-caps\">Eventos<\/span><\/span><\/b><\/span><\/span><\/span><\/p>\r\n\r\n<p style=\"text-align:justify\"><span style=\"font-size:11pt\"><span style=\"line-height:normal\"><span style=\"font-family:Calibri,sans-serif\"><a href=\"https:\/\/www.sympla.com.br\/evento\/happy-hour-com-tecnologia-a-economia-circular-como-estrategia-de-inovacao-nas-industrias\/3030010#event-location\" style=\"color:blue; text-decoration:underline\"><b><span style=\"font-size:14.0pt\">IBTeC | A Economia Circular como estrat&eacute;gia de inova&ccedil;&atilde;o nas ind&uacute;strias<\/span><\/b><\/a><span style=\"font-size:14.0pt\">, 23 de julho de 2025, 17h30 &agrave;s 19h30, evento presencial, sede IBTeC, Rua Arax&aacute;, 750 Ideal, Novo Hamburgo, RS, transmiss&atilde;o pelos canais IBTeC no <\/span><a href=\"https:\/\/www.youtube.com\/ibtecbrasil\" style=\"color:blue; text-decoration:underline\"><span style=\"font-size:14.0pt\">YouTube<\/span><\/a><span style=\"font-size:14.0pt\"> e <\/span><a href=\"https:\/\/www.instagram.com\/ibtecbrasil\/\" style=\"color:blue; text-decoration:underline\"><span style=\"font-size:14.0pt\">Instagram<\/span><\/a><\/span><\/span><\/span><\/p>\r\n\r\n<p style=\"text-align:justify\"><span style=\"font-size:11pt\"><span style=\"line-height:normal\"><span style=\"font-family:Calibri,sans-serif\"><a href=\"https:\/\/plasticosemrevista.com.br\/Seminario-saneamento-basico\/\" style=\"color:blue; text-decoration:underline\"><b><span style=\"font-size:14.0pt\">Saneamento B&aacute;sico, cinco anos de vig&ecirc;ncia do marco regulat&oacute;rio<\/span><\/b><\/a><span style=\"font-size:14.0pt\">, 24 de julho, evento presencial, Hotel Meli&aacute;, S&atilde;o Paulo<\/span><\/span><\/span><\/span><\/p>\r\n\r\n<p style=\"text-align:justify\"><span style=\"font-size:11pt\"><span style=\"line-height:normal\"><span style=\"font-family:Calibri,sans-serif\"><a href=\"https:\/\/www.youtube.com\/watch?v=Lb3bMcd2AMw\" style=\"color:blue; text-decoration:underline\"><b><span style=\"font-size:14.0pt\">Radar Tend&ecirc;ncias Sobratema: An&aacute;lises que antecipam o futuro do setor da constru&ccedil;&atilde;o e minera&ccedil;&atilde;o<\/span><\/b><\/a><span style=\"font-size:14.0pt\">, 24 de julho de 2025, 15h00, canal Sobratema YouTube<\/span><\/span><\/span><\/span><\/p>\r\n\r\n<p style=\"text-align:justify\"><span style=\"font-size:11pt\"><span style=\"line-height:normal\"><span style=\"font-family:Calibri,sans-serif\"><a href=\"https:\/\/abrava.com.br\/compromissos\/workshop-ar-condicionado-automotivo-2\/?utm_campaign=participe__workshop_ar_condicionado_automotivo&amp;utm_medium=email&amp;utm_source=RD+Station\" style=\"color:blue; text-decoration:underline\"><b><span style=\"font-size:14.0pt\">ABRAVA | Workshop Ar Condicionado Automotivo<\/span><\/b><\/a><span style=\"font-size:14.0pt\">, 26 de julho de 2025, 08h30 &agrave;s 12h30, evento presencial, sede ABRAVA, Av. Rio Branco, 1492, Campos El&iacute;seos, S&atilde;o Paulo, SP<\/span><\/span><\/span><\/span><\/p>\r\n\r\n<p style=\"text-align:justify\"><span style=\"font-size:11pt\"><span style=\"line-height:normal\"><span style=\"font-family:Calibri,sans-serif\"><a href=\"https:\/\/www.sp.senai.br\/construcao-civil-sp\" style=\"color:blue; text-decoration:underline\"><b><span style=\"font-size:14.0pt\">SENAI-SP apresenta solu&ccedil;&otilde;es educacionais e tecnol&oacute;gicas para a Ind&uacute;stria da Constru&ccedil;&atilde;o<\/span><\/b><\/a><span style=\"font-size:14.0pt\">, 28 de julho de 2025, 08h30 &agrave;s 11h300, FIESP audit&oacute;rio 4&ordm; andar, Av. paulista 1313, S&atilde;o Paulo, SP<\/span><\/span><\/span><\/span><\/p>\r\n\r\n<p style=\"text-align:justify\"><span style=\"font-size:11pt\"><span style=\"line-height:normal\"><span style=\"font-family:Calibri,sans-serif\"><a href=\"https:\/\/app.rdstation.email\/mail\/3759febf-229c-4837-985e-2aeef4948b61?utm_campaign=envio_2_radar_de_sustentabilidade_encontro_governanca&amp;utm_medium=email&amp;utm_source=RD+Station\" style=\"color:blue; text-decoration:underline\"><b><span style=\"font-size:14.0pt\">Workshop Texbrasil | Radar de Sustentabilidade - Dimens&atilde;o: Governan&ccedil;a<\/span><\/b><\/a><span style=\"font-size:14.0pt\">, 29 de julho de 2025, 10h &agrave;s 12h, evento online<\/span><\/span><\/span><\/span><\/p>\r\n\r\n<p style=\"text-align:justify\"><span style=\"font-size:11pt\"><span style=\"line-height:normal\"><span style=\"font-family:Calibri,sans-serif\"><a href=\"https:\/\/www.sympla.com.br\/evento\/parana-plast-meeting\/3042252?utm_campaign=Paran%C3%A1+Plast+Meeting+-+Participe%21&amp;utm_content=Paran%C3%A1+Plast+Meeting+em+Pinhais+-+Sympla&amp;utm_medium=email&amp;utm_source=dinamize&amp;utm_term=Paran%C3%A1+Plast+Meeting+-+Participe%21\" style=\"color:blue; text-decoration:underline\"><b><span style=\"font-size:14.0pt\">Paran&aacute; Plast Meeting<\/span><\/b><\/a><span style=\"font-size:14.0pt\">, 06 de agosto de 2025, 15h &agrave;s 19h, evento presencia, Expotrade Convention Center, Pinhais, PR<\/span><\/span><\/span><\/span><\/p>\r\n\r\n<p style=\"text-align:justify\"><span style=\"font-size:11pt\"><span style=\"line-height:normal\"><span style=\"font-family:Calibri,sans-serif\"><a href=\"https:\/\/www.abicol.org\/encontro-das-industrias-de-colchoes-2025\/\" style=\"color:blue; text-decoration:underline\"><b><span style=\"font-size:14.0pt\">ABICOL | ENICOL 2025 - Encontro das Ind&uacute;strias de Colch&otilde;es<\/span><\/b><\/a><span style=\"font-size:14.0pt\">, 07 e 08 de agosto, evento presencial, Royal Tulip Bras&iacute;lia Alvorada<\/span><\/span><\/span><\/span><\/p>\r\n\r\n<p style=\"text-align:justify\"><span style=\"font-size:11pt\"><span style=\"line-height:normal\"><span style=\"font-family:Calibri,sans-serif\"><a href=\"https:\/\/horizons.fia.com.br\/?utm_campaign=apoio_institucional_horizons_2025&amp;utm_medium=email&amp;utm_source=RD+Station\" style=\"color:blue; text-decoration:underline\"><b><span style=\"font-size:14.0pt\">Horizons 2025 &ndash; Inova&ccedil;&atilde;o, Tecnologia e Neg&oacute;cios Unidos pelo Planeta<\/span><\/b><\/a><span style=\"font-size:14.0pt\">, 13 e 14 de agosto, FIA Business School, Birmann 21 e Centro de Inova&ccedil;&atilde;o Bruno Covas, S&atilde;o Paulo<\/span><\/span><\/span><\/span><\/p>\r\n\r\n<p style=\"text-align:justify\"><span style=\"font-size:11pt\"><span style=\"line-height:normal\"><span style=\"font-family:Calibri,sans-serif\"><a href=\"https:\/\/forumdemanufatura.com.br\/\" style=\"color:blue; text-decoration:underline\"><b><span style=\"font-size:14.0pt\">9&ordm; F&oacute;rum de Manufatura<\/span><\/b><\/a><span style=\"font-size:14.0pt\">, 18 e 19 de agosto de 2025, Novotel Center Norte, S&atilde;o Paulo, SP<\/span><\/span><\/span><\/span><\/p>\r\n\r\n<p style=\"text-align:justify\"><span style=\"font-size:11pt\"><span style=\"line-height:normal\"><span style=\"font-family:Calibri,sans-serif\"><a href=\"https:\/\/app.rdstation.email\/mail\/73f893e3-d4c4-47e1-a0ea-aa0aaf1cfda0?utm_campaign=convite_ws_inovacao&amp;utm_medium=email&amp;utm_source=RD+Station\" style=\"color:blue; text-decoration:underline\"><b><span style=\"font-size:14.0pt\">Workshop Abit | Transformando Inova&ccedil;&atilde;o em Resultado<\/span><\/b><\/a><span style=\"font-size:14.0pt\">, 20 de agosto de 2025, 09h &agrave;s 12h, evento h&iacute;brido<\/span><\/span><\/span><\/span><\/p>\r\n\r\n<p style=\"text-align:justify\"><span style=\"font-size:11pt\"><span style=\"line-height:normal\"><span style=\"font-family:Calibri,sans-serif\"><a href=\"https:\/\/sticni.sharepoint.com\/sites\/PublicShare\/Compartilhamentos\/Forms\/AllItems.aspx?id=%2Fsites%2FPublicShare%2FCompartilhamentos%2FCNI%2D133649%2FPrograma%20Imers%C3%B5es%20em%20Ecossistemas%2FImers%C3%A3o%20Finlandia%20em%20Economia%20Circular%2E%201%2Epdf&amp;parent=%2Fsites%2FPublicShare%2FCompartilhamentos%2FCNI%2D133649%2FPrograma%20Imers%C3%B5es%20em%20Ecossistemas&amp;p=true&amp;ga=1\" style=\"color:blue; text-decoration:underline\"><b><span style=\"font-size:14.0pt\">CNI | Imers&atilde;o Finl&acirc;ndia: Uma conex&atilde;o global com a Economia Circular<\/span><\/b><\/a><span style=\"font-size:14.0pt\">, 01 a 05 de setembro de 2025, inscri&ccedil;&otilde;es at&eacute; 10 de agosto de 2025 ou se encerrarem as vagas, cidades destinos: Helsinki (cidade base), Tampere e Espoo.<\/span><\/span><\/span><\/span><\/p>\r\n\r\n<p style=\"text-align:justify\"><span style=\"font-size:11pt\"><span style=\"line-height:normal\"><span style=\"font-family:Calibri,sans-serif\"><a href=\"https:\/\/www.conbrava.com.br\/\" style=\"color:blue; text-decoration:underline\"><b><span style=\"font-size:14.0pt\">CONBRAVA 2025<\/span><\/b><\/a><span style=\"font-size:14.0pt\">, 10 a 12 de setembro de 2025, S&atilde;o Paulo Expo, Rodovia dos Imigrantes, km 1,5<\/span><\/span><\/span><\/span><\/p>\r\n\r\n<p style=\"text-align:justify\"><span style=\"font-size:11pt\"><span style=\"line-height:normal\"><span style=\"font-family:Calibri,sans-serif\"><a href=\"https:\/\/paving.com.br\/\" style=\"color:blue; text-decoration:underline\"><b><span style=\"font-size:14.0pt\">Paving Expo 2025<\/span><\/b><\/a><span style=\"font-size:14.0pt\">, 23 a 25 de setembro de 2025, Distrito Anhembi, Rua Prof. Milton Rodrigues, s\/n, Santana, S&atilde;o Paulo, SP<\/span><\/span><\/span><\/span><\/p>\r\n\r\n<p style=\"text-align:justify\"><span style=\"font-size:11pt\"><span style=\"line-height:normal\"><span style=\"font-family:Calibri,sans-serif\"><a href=\"https:\/\/www.instagram.com\/sobeccnacional\/p\/DA1V8NZyhNK\/?img_index=1\" style=\"color:blue; text-decoration:underline\"><b><span style=\"font-size:14.0pt\">17&ordm; Congresso Brasileiro de Enfermagem em Centro Cir&uacute;rgico: &ldquo;O poder de cuidar&rdquo;<\/span><\/b><\/a><span style=\"font-size:14.0pt\">, 01 a 03 de outubro de 2025, Transamerica Expo Center, S&atilde;o Paulo, SP<\/span><\/span><\/span><\/span><\/p>\r\n\r\n<p style=\"text-align:justify\"><span style=\"font-size:11pt\"><span style=\"line-height:normal\"><span style=\"font-family:Calibri,sans-serif\"><a href=\"https:\/\/his.saudebusiness.com\/pt\/home.html\" style=\"color:blue; text-decoration:underline\"><b><span style=\"font-size:14.0pt\">Healthcare Innovation Show (HIS)<\/span><\/b><\/a><span style=\"font-size:14.0pt\">, 01 e 02 de outubro de 2025, 09h &agrave;s 18h, S&atilde;o Paulo Expo<\/span><\/span><\/span><\/span><\/p>\r\n\r\n<p style=\"text-align:justify\"><span style=\"font-size:11pt\"><span style=\"line-height:normal\"><span style=\"font-family:Calibri,sans-serif\"><a href=\"https:\/\/www.abrafiltros.org.br\/3o-seminario-brasileiro-de-filtros-acontecera-no-dia-08-de-outubro\/\" style=\"color:blue; text-decoration:underline\"><b><span style=\"font-size:14.0pt\">3&ordm; Semin&aacute;rio Brasileiro de Filtros<\/span><\/b><\/a><span style=\"font-size:14.0pt\">, 08 de outubro de 2025, evento presencial<\/span><\/span><\/span><\/span><\/p>\r\n\r\n<p style=\"text-align:justify\"><span style=\"font-size:11pt\"><span style=\"line-height:normal\"><span style=\"font-family:Calibri,sans-serif\"><a href=\"https:\/\/hospitalmed.com.br\/feira\/\" style=\"color:blue; text-decoration:underline\"><b><span style=\"font-size:14.0pt\">HospitalMed 2025<\/span><\/b><\/a><span style=\"font-size:14.0pt\">, 22 a 24 de outubro, Pernambuco Centro de Conven&ccedil;&otilde;es, Olinda<\/span><\/span><\/span><\/span><\/p>\r\n\r\n<p style=\"text-align:justify\"><span style=\"font-size:11pt\"><span style=\"line-height:normal\"><span style=\"font-family:Calibri,sans-serif\"><a href=\"https:\/\/www.congressoabit.com.br\/\" style=\"color:blue; text-decoration:underline\"><b><span style=\"font-size:14.0pt\">Congresso Internacional Abit 2025<\/span><\/b><\/a><span style=\"font-size:14.0pt\">, 29 e 30 de outubro, 08h &agrave;s 20h, FIESP, S&atilde;o Paulo, SP<\/span><\/span><\/span><\/span><\/p>\r\n\r\n<p style=\"text-align:justify\"><span style=\"font-size:11pt\"><span style=\"line-height:normal\"><span style=\"font-family:Calibri,sans-serif\"><a href=\"https:\/\/filtech.de\/\" style=\"color:blue; text-decoration:underline\"><b><span style=\"font-size:14.0pt\">Filtech 2026<\/span><\/b><\/a><span style=\"font-size:14.0pt\">, de 30 de junho a 2 de julho, Cologne, Alemanha<\/span><\/span><\/span><\/span><\/p>\r\n\r\n<p style=\"text-align:justify\"><span style=\"font-size:11pt\"><span style=\"line-height:normal\"><span style=\"font-family:Calibri,sans-serif\"><a href=\"https:\/\/ficons.com.br\/\" style=\"color:blue; text-decoration:underline\"><b><span style=\"font-size:14.0pt\">FICONS - Feira Internacional de Materiais, Equipamentos e Servi&ccedil;os da Constru&ccedil;&atilde;o<\/span><\/b><\/a><span style=\"font-size:14.0pt\">, 15 a 18 de setembro de 2026, Centro de Conven&ccedil;&otilde;es de Pernambuco Recife\/ Olinda<\/span><\/span><\/span><\/span><\/p>\r\n\r\n<p style=\"text-align:justify\"><span style=\"font-size:28pt\"><span style=\"font-family:Cambria,serif\"><span style=\"letter-spacing:-0.5pt\"><b><span style=\"font-size:18.0pt\"><span style=\"font-family:&quot;Calibri&quot;,sans-serif\"><span style=\"font-variant:small-caps\">Setor<\/span><\/span><\/span><\/b><\/span><\/span><\/span><\/p>\r\n\r\n<p style=\"text-align:justify\"><span style=\"font-size:11pt\"><span style=\"line-height:normal\"><span style=\"font-family:Calibri,sans-serif\"><a href=\"https:\/\/investnews.com.br\/negocios\/cade-aprova-oferta-de-tanure-pela-braskem\/\" style=\"color:blue; text-decoration:underline\"><span style=\"font-size:14.0pt\">Cade aprova oferta de Tanure pela Braskem e condiciona aval &agrave; costura com bancos e Petrobras<\/span><\/a><\/span><\/span><\/span><\/p>\r\n\r\n<p style=\"text-align:justify\"><span style=\"font-size:11pt\"><span style=\"line-height:normal\"><span style=\"font-family:Calibri,sans-serif\"><a href=\"https:\/\/investnews.com.br\/negocios\/cade-aprova-oferta-de-tanure-pela-braskem\/\" style=\"color:blue; text-decoration:underline\"><span style=\"font-size:14.0pt\">Lan&ccedil;amentos movimentam o setor de personal care no primeiro semestre de 2025<\/span><\/a><\/span><\/span><\/span><\/p>\r\n\r\n<p style=\"text-align:justify\"><span style=\"font-size:11pt\"><span style=\"line-height:normal\"><span style=\"font-family:Calibri,sans-serif\"><a href=\"https:\/\/plasticosemrevista.com.br\/eua-pvc-entala-em-gargalo-para-exportacoes\/\" style=\"color:blue; text-decoration:underline\"><span style=\"font-size:14.0pt\">EUA: PVC entala em gargalo para exporta&ccedil;&otilde;es<\/span><\/a><\/span><\/span><\/span><\/p>\r\n\r\n<p style=\"text-align:justify\"><span style=\"font-size:11pt\"><span style=\"line-height:normal\"><span style=\"font-family:Calibri,sans-serif\"><a href=\"https:\/\/conteudo.abit.org.br\/abitreview\" style=\"color:blue; text-decoration:underline\"><span style=\"font-size:14.0pt\">Abit Review | COP30 e as tend&ecirc;ncias para o futuro sustent&aacute;vel<\/span><\/a><\/span><\/span><\/span><\/p>\r\n\r\n<p style=\"text-align:justify\"><span style=\"font-size:28pt\"><span style=\"font-family:Cambria,serif\"><span style=\"letter-spacing:-0.5pt\"><b><span style=\"font-size:18.0pt\"><span style=\"font-family:&quot;Calibri&quot;,sans-serif\"><span style=\"font-variant:small-caps\">Ind&uacute;stria<\/span><\/span><\/span><\/b><\/span><\/span><\/span><\/p>\r\n\r\n<p style=\"text-align:justify\"><span style=\"font-size:11pt\"><span style=\"line-height:normal\"><span style=\"font-family:Calibri,sans-serif\"><a href=\"https:\/\/noticias.portaldaindustria.com.br\/noticias\/internacional\/levantamento-feito-pela-cni-mostra-impactos-do-tarifaco-sobre-economia-brasileira-e-global-\/\" style=\"color:blue; text-decoration:underline\"><span style=\"font-size:14.0pt\">Levantamento feito pela CNI mostra impactos do tarifa&ccedil;o sobre economia brasileira e global<\/span><\/a><\/span><\/span><\/span><\/p>\r\n\r\n<p style=\"text-align:justify\"><span style=\"font-size:11pt\"><span style=\"line-height:normal\"><span style=\"font-family:Calibri,sans-serif\"><a href=\"https:\/\/mercadoeconsumo.com.br\/15\/07\/2025\/economia\/governo-publica-decreto-regulamentando-lei-de-reciprocidade-comercial\/\" style=\"color:blue; text-decoration:underline\"><span style=\"font-size:14.0pt\">Governo publica decreto regulamentando Lei de Reciprocidade Comercial<\/span><\/a><\/span><\/span><\/span><\/p>\r\n\r\n<p style=\"text-align:justify\"><span style=\"font-size:11pt\"><span style=\"line-height:normal\"><span style=\"font-family:Calibri,sans-serif\"><a href=\"https:\/\/t.rdsv2.net\/ls\/click?upn=u001.15wMpzMenbIuxWhtgOH4isbn56LihoD071syyyPm8s6N1fecQCJFYCcsqIUmhiGhWODkydfcyt8ogo4iD63wru8wiwkl3sImSV88aGkNGMAEnyL1NWTolCVISTenBNjIjsymDopK4tL1KkR9HaOCVzN9fYnTbv1GvwQHLg-2BwDWS3ctsg51LYrFKX5-2BDRSkgTvCaJj3nrJLHC9FSZ3lbyjncskx3oj0-2BFFGlJYvAHqLnUtp2FT47q6CD-2FZiqHBjZceQsKgVSqzfG8O-2BSNRuBpsQs5aUngxNOViJIQK3zTwyALqHlykh49ksbWaH7KIGWVGFSg_T7N8BvZTOm04CQQMiyWztrpCjlUrRc4F7QzSgUIpTqA3DpB0dEPZRhkRl8w030fGnjORqjQkXq4fqdtRuTistUzzVy5fWM5i7fnrHGnIMzmTCHoOsp0INJBkZUdZljH3YgidhmkZbzpasDKVo4wkmJQvT1VLY0Ppnn4ZAUhncgFf8yUYlQudb4EWsb0EtEqMbe4eyLapQgf5I-2BZgaSyB8IEqfv-2FfT6e6pANQMpcBxicu6NalyhX7pPkzo3eHm9GbyTYHLAMwjCFy0D1o0GEI27XcbEqH87HbuC67-2Br6iZKwTsnY-2FfXwuiBr6JZ-2BQi69XTv5W4ClW818zVCK0UXs-2BhV2FAVZ7omczxEhBo8u8FvNMUe-2BNtBvh32XYhz1NkBAsrhQQzuuQFue-2BLQcSmoJkSczMAx0WM0tDVVoSUo8Ma8-2BLl4cDH7BpAiq8kSsZh8jauYl4gmcMrMiEBaFYEfq8mscQai3QNSZOohfNZCBjJ9KE0nt4MKBhFJTVxAgE2HUY03LOVsI54DNBjey-2BLTz-2FeHSx52Ynvda-2BwuZeRmVK3axV4ncZWgexcmZ6LbM5FiWbCkeOLMpRATFerir5MugkoBvQjXdbt7dC0WYS8YHrV42Y-2FpBeEpkFk5818zfYy6H9k1z2EPQsVJz8zJ7JWBq-2Fjpa8kUrZ9PQHASjPAwal-2F-2BJ-2FRNOzdnP0hnAOFVd-2BwZaucf4D8G60jNhYs87snpSrWw-3D-3D\" style=\"color:blue; text-decoration:underline\" target=\"_blank\"><span style=\"font-size:14.0pt\">Governo estuda dar apoio a setores afetados por tarifa&ccedil;o de Trump, diz Haddad&nbsp;<\/span><\/a><\/span><\/span><\/span><\/p>\r\n\r\n<p style=\"text-align:justify\"><span style=\"font-size:11pt\"><span style=\"line-height:normal\"><span style=\"font-family:Calibri,sans-serif\"><a href=\"https:\/\/www.automecfeira.com.br\/pt-br\/blog\/mercado\/producao-de-automoveis-cresce-quase-7--ate-abril--diz-anfavea--q.html?utm_source=sfmc&amp;utm_medium=email&amp;utm_campaign=Automec250618a_PADRAO_VIS_Newsletter\" style=\"color:blue; text-decoration:underline\"><span style=\"font-size:14.0pt\">Produ&ccedil;&atilde;o de autom&oacute;veis cresce quase 7% at&eacute; abril, diz Anfavea, que monitora a Selic com apreens&atilde;o<\/span><\/a><\/span><\/span><\/span><\/p>\r\n\r\n<p style=\"text-align:justify\"><span style=\"font-size:11pt\"><span style=\"line-height:normal\"><span style=\"font-family:Calibri,sans-serif\"><a href=\"https:\/\/revlink.revistaanamaco.com.br\/cl\/PUl11\/CxP\/9188\/LCFJkUKAOaB\/BM-9\/BFCV4s1LelB\/2\/\" style=\"color:blue; text-decoration:underline\" target=\"_blank\"><span style=\"font-size:14.0pt\">Ind&uacute;stria de matcon desconfiada<\/span><\/a><\/span><\/span><\/span><\/p>\r\n\r\n<p style=\"text-align:justify\"><span style=\"font-size:11pt\"><span style=\"line-height:normal\"><span style=\"font-family:Calibri,sans-serif\"><a href=\"https:\/\/ibre.fgv.br\/blog-da-conjuntura-economica\/artigos\/com-o-atual-volume-de-emendas-nao-e-possivel-ter-um-programa-de\" style=\"color:blue; text-decoration:underline\"><span style=\"font-size:14.0pt\">&ldquo;Com o atual volume de emendas, n&atilde;o &eacute; poss&iacute;vel ter um programa de infraestrutura articulado&rdquo;, afirma Venilton Tadini, da Abdib<\/span><\/a><\/span><\/span><\/span><\/p>\r\n\r\n<p style=\"text-align:justify\"><span style=\"font-size:11pt\"><span style=\"line-height:normal\"><span style=\"font-family:Calibri,sans-serif\"><a href=\"https:\/\/www.migalhas.com.br\/quentes\/434774\/fgv-direito-rio-cria-comite-de-regulacao-de-mineracao\" style=\"color:blue; text-decoration:underline\"><span style=\"font-size:14.0pt\">FGV Direito Rio cria comit&ecirc; de Regula&ccedil;&atilde;o de Minera&ccedil;&atilde;o<\/span><\/a><\/span><\/span><\/span><\/p>\r\n\r\n<p style=\"text-align:justify\"><span style=\"font-size:11pt\"><span style=\"line-height:normal\"><span style=\"font-family:Calibri,sans-serif\"><a href=\"https:\/\/www.moveisdevalor.com.br\/portal\/preco-de-colchao-desaba-no-varejo-e-custos-explodem-na-industria\" style=\"color:blue; text-decoration:underline\"><span style=\"font-size:14.0pt\">Pre&ccedil;o de colch&atilde;o desaba no varejo e custos explodem na ind&uacute;stria<\/span><\/a><\/span><\/span><\/span><\/p>\r\n\r\n<p style=\"text-align:justify\"><span style=\"font-size:28pt\"><span style=\"font-family:Cambria,serif\"><span style=\"letter-spacing:-0.5pt\"><b><span style=\"font-size:18.0pt\"><span style=\"font-family:&quot;Calibri&quot;,sans-serif\"><span style=\"font-variant:small-caps\">Sustentabilidade<\/span><\/span><\/span><\/b><\/span><\/span><\/span><\/p>\r\n\r\n<p style=\"text-align:justify\"><span style=\"font-size:11pt\"><span style=\"line-height:normal\"><span style=\"font-family:Calibri,sans-serif\"><a href=\"https:\/\/g1.globo.com\/bom-dia-brasil\/video\/estudo-do-trata-brasil-mostra-que-pais-esta-longe-de-atingir-a-meta-de-universalizacao-do-saneamento-basico-13758276.ghtml\" style=\"color:blue; text-decoration:underline\"><span style=\"font-size:14.0pt\">Estudo do Trata Brasil mostra que pa&iacute;s est&aacute; longe de atingir a meta de universaliza&ccedil;&atilde;o do saneamento b&aacute;sico<\/span><\/a><\/span><\/span><\/span><\/p>\r\n\r\n<p style=\"text-align:justify\"><span style=\"font-size:11pt\"><span style=\"line-height:normal\"><span style=\"font-family:Calibri,sans-serif\"><a href=\"https:\/\/www.anahp.com.br\/publicacoes\/impactos-das-questoes-climaticas-na-saude-e-o-papel-dos-hospitais\/\" style=\"color:blue; text-decoration:underline\"><span style=\"font-size:14.0pt\">Impactos das quest&otilde;es clim&aacute;ticas na sa&uacute;de e o papel dos hospitais<\/span><\/a><\/span><\/span><\/span><\/p>\r\n\r\n<p style=\"text-align:justify\"><span style=\"font-size:28pt\"><span style=\"font-family:Cambria,serif\"><span style=\"letter-spacing:-0.5pt\"><b><span style=\"font-size:18.0pt\"><span style=\"font-family:&quot;Calibri&quot;,sans-serif\"><span style=\"font-variant:small-caps\">Inova&ccedil;&atilde;o<\/span><\/span><\/span><\/b><\/span><\/span><\/span><\/p>\r\n\r\n<p style=\"text-align:justify\"><span style=\"font-size:11pt\"><span style=\"line-height:normal\"><span style=\"font-family:Calibri,sans-serif\"><a href=\"http:\/\/clickemail.portalpersonalcare.com.br\/ls\/click?upn=u001.D2-2F0Tg0A29KXXLMT6ctG-2BYOihdDbc-2ByFrUFb3ZXMT9TG0W2-2FgDBhK5oHan-2B38wciWa4n-2FyHZgiByskryOKS9snQRs5BtHVw3epupAXd3uPsxhBivYMHq-2BDM8Bjo6mhd67ImzoYO9kRMIE5THJDVHfZkq49PJDwmnIpgQHrLpBIKuwdEH7KBLqUFsbsqyVRPBzQXJjggRrG-2BJ1gX8FZBkzbseKXB2qODKyhijYBxnkvD9Nri1lMPV5jea55lteDy0Brx230tSUYS-2BYsY54Es1Tg-3D-3Dt_Mj_T7N8BvZTOm04CQQMiyWztrpCjlUrRc4F7QzSgUIpTqDyHxxxhGpyWLohz7JoE2GE5NHlS-2BYZoX1R75Fh8KCze9GvCCb-2FinuNgc39g0Cdbe-2FcU8RlSBQhp5om11AQZQ-2FDIIvHBa-2BbNZjRy6rsdzy-2FnJ-2BNpKkNEopiqLk1UAcdpJhWoXsDxPt0MBLLq3iNSldlrXTQcGTjluGurkQ000-2FDKzb3g4njaFnLmgJ4wN0EQyFwwPHIBf5qLmdrCKo-2FsMxOr81WznR2ere36fd0o85e0rmHfBwqqz4L5IKUPEc19HkFGulowH78Z7OzFeLT89zJnfLi29f55xB42J-2BtkjMlGBouqncXdSph-2BYiH45wwrxJ5x2GZ50WDag5IOuBgZUFaGjEH5AzwA5FD3NAo7LstHxGK6aj0BKu-2BMycDew14wpaC-2BWM-2Be-2FEKPOeHlVKrdN8id088PHI1Yg-2BufwTFQth4xEQMFy7e5NRlkwFd7YNPgfdgPONsYkYNZlcWRajKMBmIa-2FCTcXbLhlYzqWXJGgtQSsrVqI-2BAoE1sp29mZEQtELx89d0Zbb5DEW4MgjKogWOyLSVvn1XeiADmVMOQ3HfDH-2F-2F26wUGNiDZGFbSQmdMgR0ChPbZ4XOWMamwKS3r-2BfczU6sRIFQ-2FZ-2BaoiAsLmWdO6Q-3D-3D\" style=\"color:blue; text-decoration:underline\" target=\"_blank\"><span style=\"font-size:14.0pt\">Essity lan&ccedil;a linha Libresse V-Bio com absorventes e protetores biodegrad&aacute;veis no Brasil<\/span><\/a><\/span><\/span><\/span><\/p>\r\n\r\n<p style=\"text-align:justify\"><span style=\"font-size:11pt\"><span style=\"line-height:normal\"><span style=\"font-family:Calibri,sans-serif\"><a href=\"https:\/\/www.gov.br\/mcti\/pt-br\/acompanhe-o-mcti\/noticias\/2025\/07\/debate-sobre-desafios-do-plano-nacional-de-ciencia-tecnologia-e-inovacao-e-destaque-na-77a-sbpc-1\" style=\"color:blue; text-decoration:underline\"><span style=\"font-size:14.0pt\">Debate sobre desafios do Plano Nacional de Ci&ecirc;ncia, Tecnologia e Inova&ccedil;&atilde;o &eacute; destaque na 77&ordf; SBPC<\/span><\/a><\/span><\/span><\/span><\/p>\r\n\r\n<p style=\"text-align:justify\"><span style=\"font-size:28pt\"><span style=\"font-family:Cambria,serif\"><span style=\"letter-spacing:-0.5pt\"><b><span style=\"font-size:18.0pt\"><span style=\"font-family:&quot;Calibri&quot;,sans-serif\"><span style=\"font-variant:small-caps\">Com&eacute;rcio Exterior<\/span><\/span><\/span><\/b><\/span><\/span><\/span><\/p>\r\n\r\n<p style=\"text-align:justify\"><span style=\"font-size:11pt\"><span style=\"line-height:normal\"><span style=\"font-family:Calibri,sans-serif\"><a href=\"https:\/\/t.rdsv2.net\/ls\/click?upn=u001.15wMpzMenbIuxWhtgOH4isbn56LihoD071syyyPm8s6sQcwhJvy94SwvfUjlrzXYx77UPX52SZR9SSQcrB2hhg5iLA0fq1BjAfVJf96bVg9PoqSlbqrQz86bPJLUWTXyTq0PWgRf3GKeV86Ylh0MLV4ffUBiVntqFG0XASnlu877KVapQmvcui3sm1zxS-2Fp7JPtKGlaknZXcGh0wC0ERBjDisGy4bY2KblZVOKxDP9C6naN9RqfPxqRaBCu0Gv728yjGrf7QYvxj-2BbSlfmlevQyfPq33Th0Jhjz7iKa5JsQ-3DbYf4_T7N8BvZTOm04CQQMiyWztrpCjlUrRc4F7QzSgUIpTqA3DpB0dEPZRhkRl8w030fGnjORqjQkXq4fqdtRuTistUzzVy5fWM5i7fnrHGnIMzmTCHoOsp0INJBkZUdZljH3rojgdWqAYqRKe-2BqweQ8ciClg1q9PDyyXtXxkcsxa5rZw1O59vJLyAkGDHx7xRqS3tVW7WZwlnUEvzDbsVEeaG-2FKiISKRME245cvjjkQqQUki-2F3Bd2ape0SuMdpBYRahIunlr-2F5mKKoTna-2FzvgMsHhkVt9NMJW1lhi9QaxSiBsQqD1zr4MEQBx2qxXaDx50FFhWvnEvC7w626a1IFy7gwpimnrnSnIYgHGfKwuKmKYrX6S-2BLjZBbQCgGmNCphnlUwZ5Q3F6DCh1ZjePlFc00CjtMFuHKfoGpd5MIBVnCv4PxC6O4tjrDBas5QFcL4hynp0dpz1wwChyAV1Z3FoFIT6wAH4Aad3rrwY2vjlueGRsiYgsCdj8FjHR5dyXzjsIqv1Jly6PpQCzSQM3BAVplGKMNw6p6kF6BVEU4a2Vyejim7b4UUDIpMIvVcKakLLpXJMtVYAz-2Fd8qfl2SLclWD286Gx-2FXpJFsZ2rtKIiQFam74bpO2b5fUQEUUFENXB-2Fo2YG8RyP3mcmo4u-2B8ZXGdSzGfsx8IPWdyfQ9IqM70keeBebxUd4TdArw9OKlEC-2Ftt9Y\" style=\"color:blue; text-decoration:underline\" target=\"_blank\"><span style=\"font-size:14.0pt\">Exporta&ccedil;&otilde;es brasileiras para os EUA ca&iacute;ram pela metade desde 2001<\/span><\/a><\/span><\/span><\/span><\/p>\r\n\r\n<p style=\"text-align:justify\"><span style=\"font-size:11pt\"><span style=\"line-height:normal\"><span style=\"font-family:Calibri,sans-serif\"><a href=\"https:\/\/www.moveisdevalor.com.br\/portal\/tarifaco-dos-eua-paralisa-exportacao-moveleira-da-serra-gaucha\" style=\"color:blue; text-decoration:underline\"><span style=\"font-size:14.0pt\">Tarifa&ccedil;o dos EUA paralisa exporta&ccedil;&atilde;o moveleira da Serra Ga&uacute;cha<\/span><\/a><\/span><\/span><\/span><\/p>\r\n\r\n<p style=\"text-align:justify\"><span style=\"font-size:11pt\"><span style=\"line-height:normal\"><span style=\"font-family:Calibri,sans-serif\"><a href=\"https:\/\/www.moveisdevalor.com.br\/portal\/tarifa-dos-eua-ameaca-exportacoes-de-moveis-e-abimovel-reage\" style=\"color:blue; text-decoration:underline\"><span style=\"font-size:14.0pt\">Tarifa dos EUA amea&ccedil;a exporta&ccedil;&otilde;es de m&oacute;veis e Abim&oacute;vel reage<\/span><\/a><\/span><\/span><\/span><\/p>\r\n\r\n<p style=\"text-align:justify\"><span style=\"font-size:11pt\"><span style=\"line-height:normal\"><span style=\"font-family:Calibri,sans-serif\"><a href=\"https:\/\/mercadoeconsumo.com.br\/16\/07\/2025\/economia\/departamento-do-comercio-dos-eua-inicia-investigacao-sobre-praticas-injustas-do-brasil\/?utm_campaign=news_fechamento_diario_-_1607&amp;utm_medium=email&amp;utm_source=RD+Station\" style=\"color:blue; text-decoration:underline\"><span style=\"font-size:14.0pt\">Departamento do Com&eacute;rcio dos EUA inicia investiga&ccedil;&atilde;o sobre pr&aacute;ticas injustas do Brasil<\/span><\/a><\/span><\/span><\/span><\/p>\r\n\r\n<p style=\"text-align:justify\"><span style=\"font-size:11pt\"><span style=\"line-height:normal\"><span style=\"font-family:Calibri,sans-serif\"><a href=\"https:\/\/noticias.portaldaindustria.com.br\/artigos\/ricardo-alban\/o-momento-de-avancar-no-acordo-mercosul-uniao-europeia-e-agora\/\" style=\"color:blue; text-decoration:underline\"><span style=\"font-size:14.0pt\">O momento de avan&ccedil;ar no acordo Mercosul-Uni&atilde;o Europeia &eacute; agora<\/span><\/a><\/span><\/span><\/span><\/p>\r\n\r\n<p style=\"text-align:justify\"><span style=\"font-size:11pt\"><span style=\"line-height:normal\"><span style=\"font-family:Calibri,sans-serif\"><a href=\"https:\/\/apexbrasil.com.br\/br\/pt\/conteudo\/noticias\/quando-o-sul-se-une--brasil-e-africa-austral-avancam-em-dialogo-.html#msdynmkt_trackingcontext=b1015d5b-e214-4cda-9426-ca056dd40000\" style=\"color:blue; text-decoration:underline\"><span style=\"font-size:14.0pt\">Quando o Sul se une: Brasil e &Aacute;frica Austral avan&ccedil;am em di&aacute;logo comercial<\/span><\/a><\/span><\/span><\/span><\/p>\r\n\r\n<p style=\"text-align:justify\"><span style=\"font-size:11pt\"><span style=\"line-height:normal\"><span style=\"font-family:Calibri,sans-serif\"><a href=\"https:\/\/plasticosemrevista.com.br\/india-aprova-antidumping-para-injetoras-da-china-e-taiwan\/\" style=\"color:blue; text-decoration:underline\"><span style=\"font-size:14.0pt\">&Iacute;ndia aprova antidumping para injetoras da China e Taiwan<\/span><\/a><\/span><\/span><\/span><\/p>\r\n\r\n<p style=\"text-align:justify\"><span style=\"font-size:11pt\"><span style=\"line-height:normal\"><span style=\"font-family:Calibri,sans-serif\"><a href=\"https:\/\/www.infomoney.com.br\/economia\/canada-quer-acordo-comercial-com-mercosul-para-reduzir-dependencia-dos-eua\/\" style=\"color:blue; text-decoration:underline\"><span style=\"font-size:14.0pt\">Canad&aacute; quer acordo comercial com Mercosul para reduzir depend&ecirc;ncia dos EUA<\/span><\/a><\/span><\/span><\/span><\/p>\r\n\r\n<p style=\"text-align:justify\"><span style=\"font-size:28pt\"><span style=\"font-family:Cambria,serif\"><span style=\"letter-spacing:-0.5pt\"><b><span style=\"font-size:18.0pt\"><span style=\"font-family:&quot;Calibri&quot;,sans-serif\"><span style=\"font-variant:small-caps\">Economia<\/span><\/span><\/span><\/b><\/span><\/span><\/span><\/p>\r\n\r\n<p style=\"text-align:justify\"><span style=\"font-size:11pt\"><span style=\"line-height:normal\"><span style=\"font-family:Calibri,sans-serif\"><a href=\"https:\/\/www.bcb.gov.br\/content\/focus\/focus\/R20250718.pdf\" style=\"color:blue; text-decoration:underline\"><span style=\"font-size:14.0pt\">Focus - Relat&oacute;rio de Mercado<\/span><\/a><\/span><\/span><\/span><\/p>\r\n\r\n<p style=\"text-align:justify\"><span style=\"font-size:11pt\"><span style=\"line-height:normal\"><span style=\"font-family:Calibri,sans-serif\"><a href=\"https:\/\/blogdoibre.fgv.br\/posts\/dispersao-das-projecoes-economicas-e-menor-desde-2015-o-que-isso-significa-0\" style=\"color:blue; text-decoration:underline\"><span style=\"font-size:14.0pt\">Dispers&atilde;o das proje&ccedil;&otilde;es econ&ocirc;micas &eacute; a menor desde 2015: o que isso significa?<\/span><\/a><\/span><\/span><\/span><\/p>\r\n\r\n<p style=\"text-align:justify\"><span style=\"font-size:11pt\"><span style=\"line-height:normal\"><span style=\"font-family:Calibri,sans-serif\"><a href=\"https:\/\/portal.fgv.br\/noticias\/indicador-da-fgv-mostra-desaceleracao-nas-vendas-do-varejo-e-alerta-para-instabilidade\" style=\"color:blue; text-decoration:underline\"><span style=\"font-size:14.0pt\">Indicador da FGV mostra desacelera&ccedil;&atilde;o nas vendas do varejo e alerta para instabilidade global<\/span><\/a><\/span><\/span><\/span><\/p>\r\n\r\n<p style=\"text-align:justify\"><span style=\"font-size:11pt\"><span style=\"line-height:normal\"><span style=\"font-family:Calibri,sans-serif\"><a href=\"https:\/\/revlink.revistaanamaco.com.br\/cl\/PUl11\/CxP\/9188\/LCFJkUKAOaB\/BM-9\/F2n_HnOU_zb\/2\/\" style=\"color:blue; text-decoration:underline\" target=\"_blank\"><span style=\"font-size:14.0pt\">Preocupa&ccedil;&atilde;o com infla&ccedil;&atilde;o e custo de vida permanece alta entre brasileiros em 2025<\/span><\/a><\/span><\/span><\/span><\/p>\r\n\r\n<p style=\"text-align:justify\"><span style=\"font-size:11pt\"><span style=\"line-height:normal\"><span style=\"font-family:Calibri,sans-serif\"><a href=\"https:\/\/portalibre.fgv.br\/sites\/default\/files\/2025-07\/2025-07-boletim-macro-1.pdf\" style=\"color:blue; text-decoration:underline\"><span style=\"font-size:14.0pt\">FGV IBRE | Boletim Macro | Guerra comercial: mais um cap&iacute;tulo<\/span><\/a><\/span><\/span><\/span><\/p>\r\n\r\n<p style=\"text-align:justify\"><img src=\"https:\/\/www.abint.org.br\/assets\/img\/editor\/redes-sociais-abint-ctg-cth_20250722174554BZqU7o4ypm.jpg\" \/><\/p>\r\n","texto_en":"","7":"","imagem":"COMP_capa-2025-site-boletim-abint-noticias-semanis_20250722175753e2Ki2Uj0Dt.jpg","8":"COMP_capa-2025-site-boletim-abint-noticias-semanis_20250722175753e2Ki2Uj0Dt.jpg","arquivo":"20250722-BOLETIM-ABINT-DE-NOTICIAS-SEMANAIS.PDF","9":"20250722-BOLETIM-ABINT-DE-NOTICIAS-SEMANAIS.PDF","titulo_arquivo":"20250722 Boletim ABINT de Not\u00edcias Semanais","10":"20250722 Boletim ABINT de Not\u00edcias Semanais","titulo_arquivo_en":"","11":"","created_at":"2025-07-22 17:58:00","12":"2025-07-22 17:58:00","updated_at":"2025-07-22 17:58:00","13":"2025-07-22 17:58:00"},{"id":180,"0":180,"ordem":40,"1":40,"data":"2025-07-15","2":"2025-07-15","slug":"boletim-abint-de-noticias-semanais-84","3":"boletim-abint-de-noticias-semanais-84","titulo":"Boletim ABINT de Not\u00edcias Semanais","4":"Boletim ABINT de Not\u00edcias Semanais","titulo_en":"","5":"","texto":"<p style=\"text-align:justify\"><span style=\"font-size:11pt\"><span style=\"line-height:normal\"><span style=\"font-family:Calibri,sans-serif\"><span style=\"font-size:14.0pt\">Esta &eacute; uma compila&ccedil;&atilde;o das not&iacute;cias mais relevantes para o setor, incluindo informa&ccedil;&otilde;es sobre acordos internacionais, economia brasileira, sustentabilidade e mat&eacute;rias primas, al&eacute;m de novidades do setor de N&atilde;otecidos e Tecidos T&eacute;cnicos.<\/span><\/span><\/span><\/span><\/p>\r\n\r\n<p style=\"text-align:justify\"><span style=\"font-size:28pt\"><span style=\"font-family:Cambria,serif\"><span style=\"letter-spacing:-0.5pt\"><b><span style=\"font-size:18.0pt\"><span style=\"font-family:&quot;Calibri&quot;,sans-serif\"><span style=\"font-variant:small-caps\">O que vem por a&iacute;<\/span><\/span><\/span><\/b><\/span><\/span><\/span><\/p>\r\n\r\n<p style=\"text-align:justify\"><span style=\"font-size:28pt\"><span style=\"font-family:Cambria,serif\"><span style=\"letter-spacing:-0.5pt\"><b><span style=\"font-size:18.0pt\"><span style=\"font-family:&quot;Calibri&quot;,sans-serif\"><span style=\"font-variant:small-caps\"><img src=\"https:\/\/www.abint.org.br\/assets\/img\/editor\/2o-seminario-abrafiltros-abint-apoiador_2025072217401523mrTUXRqU.png\" style=\"width: 500px; height: 500px;\" \/><\/span><\/span><\/span><\/b><\/span><\/span><\/span><\/p>\r\n\r\n<p style=\"text-align:justify\"><span style=\"font-size:11pt\"><span style=\"line-height:normal\"><span style=\"font-family:Calibri,sans-serif\"><a href=\"https:\/\/doity.com.br\/3-seminario-brasileiro-de-filtros\" style=\"color:blue; text-decoration:underline\"><b><span style=\"font-size:14.0pt\">Acesse aqui mais informa&ccedil;&otilde;es<\/span><\/b><\/a><\/span><\/span><\/span><\/p>\r\n\r\n<p style=\"text-align:justify\">&nbsp;<\/p>\r\n\r\n<p style=\"text-align:justify\"><span style=\"font-size:11pt\"><span style=\"line-height:normal\"><span style=\"font-family:Calibri,sans-serif\"><b><span style=\"font-size:14.0pt\"><img src=\"https:\/\/www.abint.org.br\/assets\/img\/editor\/abint-logo-2020-g_20250722174225llGQZo54on.png\" style=\"width: 300px; height: 69px;\" \/>&nbsp; &nbsp; &nbsp;&nbsp;<\/span><\/b><\/span><\/span><\/span><span style=\"font-size:20.0pt\"><span style=\"line-height:115%\"><span style=\"font-family:&quot;Calibri&quot;,sans-serif\">PATROCINADORA DO<\/span><\/span><\/span><\/p>\r\n\r\n<p style=\"text-align:justify\"><img src=\"https:\/\/www.abint.org.br\/assets\/img\/editor\/congresso-internacional-abit-2025_20250722174119edr5xq8iJH.png\" style=\"width: 700px; height: 256px;\" \/><\/p>\r\n\r\n<p style=\"text-align:justify\"><span style=\"font-size:11pt\"><span style=\"line-height:normal\"><span style=\"font-family:Calibri,sans-serif\"><a href=\"https:\/\/www.congressoabit.com.br\/\" style=\"color:blue; text-decoration:underline\"><b><span style=\"font-size:14.0pt\">Acesse aqui mais informa&ccedil;&otilde;es<\/span><\/b><\/a><\/span><\/span><\/span><\/p>\r\n\r\n<p style=\"text-align:justify\"><span style=\"font-size:28pt\"><span style=\"font-family:Cambria,serif\"><span style=\"letter-spacing:-0.5pt\"><b><span style=\"font-size:18.0pt\"><span style=\"font-family:&quot;Calibri&quot;,sans-serif\"><span style=\"font-variant:small-caps\">Not&iacute;cias das Associadas<\/span><\/span><\/span><\/b><\/span><\/span><\/span><\/p>\r\n\r\n<p style=\"text-align:justify\"><span style=\"font-size:11pt\"><span style=\"line-height:normal\"><span style=\"font-family:Calibri,sans-serif\"><a href=\"https:\/\/www.abctecnologias.com.br\/historias-de-sucesso\/1-200-tanques-de-aterro-sanitario-soldados-com-equipamentos-leister\/?utm_source=ABC+Tecnologias&amp;utm_campaign=203ce5af44-CAMPANHA_RSS_POSTS_SITE&amp;utm_medium=email&amp;utm_term=0_01821b5e7f-203ce5af44-468976694\" style=\"color:blue; text-decoration:underline\"><span style=\"font-size:14.0pt\">ABC Tecnologias | 1.200 Tanques de Aterro Sanit&aacute;rio &ndash; Soldados com Equipamentos Leister<\/span><\/a><\/span><\/span><\/span><\/p>\r\n\r\n<p style=\"text-align:justify\">&nbsp;<\/p>\r\n\r\n<p style=\"text-align:justify\"><span style=\"font-size:11pt\"><span style=\"line-height:normal\"><span style=\"font-family:Calibri,sans-serif\"><b><span lang=\"EN-US\" style=\"font-size:18.0pt\"><span style=\"font-variant:small-caps\">Eventos<\/span><\/span><\/b><\/span><\/span><\/span><\/p>\r\n\r\n<p style=\"text-align:justify\"><span style=\"font-size:11pt\"><span style=\"line-height:normal\"><span style=\"font-family:Calibri,sans-serif\"><a href=\"https:\/\/newenergyevents.com\/h2lac\/#msdynmkt_trackingcontext=285b615f-7efc-47ff-ad50-e7324a9e0100\" style=\"color:blue; text-decoration:underline\"><b><span lang=\"EN-US\" style=\"font-size:14.0pt\">5th Hydrogen Congress for Latin America &amp; the Caribbean<\/span><\/b><\/a><span lang=\"EN-US\" style=\"font-size:14.0pt\">, July 15 - 16, 2025, Grand Hyatt, S&atilde;o Paulo, Brasil<\/span><\/span><\/span><\/span><\/p>\r\n\r\n<p style=\"text-align:justify\"><span style=\"font-size:11pt\"><span style=\"line-height:normal\"><span style=\"font-family:Calibri,sans-serif\"><a href=\"https:\/\/www.sympla.com.br\/evento\/happy-hour-com-tecnologia-a-economia-circular-como-estrategia-de-inovacao-nas-industrias\/3030010#event-location\" style=\"color:blue; text-decoration:underline\"><b><span style=\"font-size:14.0pt\">IBTeC | A Economia Circular como estrat&eacute;gia de inova&ccedil;&atilde;o nas ind&uacute;strias<\/span><\/b><\/a><span style=\"font-size:14.0pt\">, 23 de julho de 2025, 17h30 &agrave;s 19h30, evento presencial, sede IBTeC, Rua Arax&aacute;, 750 Ideal, Novo Hamburgo, RS, transmiss&atilde;o pelos canais IBTeC no <\/span><a href=\"https:\/\/www.youtube.com\/ibtecbrasil\" style=\"color:blue; text-decoration:underline\"><span style=\"font-size:14.0pt\">YouTube<\/span><\/a><span style=\"font-size:14.0pt\"> e <\/span><a href=\"https:\/\/www.instagram.com\/ibtecbrasil\/\" style=\"color:blue; text-decoration:underline\"><span style=\"font-size:14.0pt\">Instagram<\/span><\/a><\/span><\/span><\/span><\/p>\r\n\r\n<p style=\"text-align:justify\"><span style=\"font-size:11pt\"><span style=\"line-height:normal\"><span style=\"font-family:Calibri,sans-serif\"><a href=\"https:\/\/plasticosemrevista.com.br\/Seminario-saneamento-basico\/\" style=\"color:blue; text-decoration:underline\"><b><span style=\"font-size:14.0pt\">Saneamento B&aacute;sico, cinco anos de vig&ecirc;ncia do marco regulat&oacute;rio<\/span><\/b><\/a><span style=\"font-size:14.0pt\">, 24 de julho, evento presencial, Hotel Meli&aacute;, S&atilde;o Paulo<\/span><\/span><\/span><\/span><\/p>\r\n\r\n<p style=\"text-align:justify\"><span style=\"font-size:11pt\"><span style=\"line-height:normal\"><span style=\"font-family:Calibri,sans-serif\"><a href=\"https:\/\/www.youtube.com\/watch?v=Lb3bMcd2AMw\" style=\"color:blue; text-decoration:underline\"><b><span style=\"font-size:14.0pt\">Radar Tend&ecirc;ncias Sobratema: An&aacute;lises que antecipam o futuro do setor da constru&ccedil;&atilde;o e minera&ccedil;&atilde;o<\/span><\/b><\/a><span style=\"font-size:14.0pt\">, 24 de julho de 2025, 15h00, canal Sobratema YouTube<\/span><\/span><\/span><\/span><\/p>\r\n\r\n<p style=\"text-align:justify\"><span style=\"font-size:11pt\"><span style=\"line-height:normal\"><span style=\"font-family:Calibri,sans-serif\"><a href=\"https:\/\/abrava.com.br\/compromissos\/workshop-ar-condicionado-automotivo-2\/?utm_campaign=participe__workshop_ar_condicionado_automotivo&amp;utm_medium=email&amp;utm_source=RD+Station\" style=\"color:blue; text-decoration:underline\"><b><span style=\"font-size:14.0pt\">ABRAVA | Workshop Ar Condicionado Automotivo<\/span><\/b><\/a><span style=\"font-size:14.0pt\">, 26 de julho de 2025, 08h30 &agrave;s 12h30, evento presencial, sede ABRAVA, Av. Rio Branco, 1492, Campos El&iacute;seos, S&atilde;o Paulo, SP<\/span><\/span><\/span><\/span><\/p>\r\n\r\n<p style=\"text-align:justify\"><span style=\"font-size:11pt\"><span style=\"line-height:normal\"><span style=\"font-family:Calibri,sans-serif\"><a href=\"https:\/\/app.rdstation.email\/mail\/3759febf-229c-4837-985e-2aeef4948b61?utm_campaign=envio_2_radar_de_sustentabilidade_encontro_governanca&amp;utm_medium=email&amp;utm_source=RD+Station\" style=\"color:blue; text-decoration:underline\"><b><span style=\"font-size:14.0pt\">Workshop Texbrasil | Radar de Sustentabilidade - Dimens&atilde;o: Governan&ccedil;a<\/span><\/b><\/a><span style=\"font-size:14.0pt\">, 29 de julho de 2025, 10h &agrave;s 12h, evento online<\/span><\/span><\/span><\/span><\/p>\r\n\r\n<p style=\"text-align:justify\"><span style=\"font-size:11pt\"><span style=\"line-height:normal\"><span style=\"font-family:Calibri,sans-serif\"><a href=\"https:\/\/www.abicol.org\/encontro-das-industrias-de-colchoes-2025\/\" style=\"color:blue; text-decoration:underline\"><b><span style=\"font-size:14.0pt\">ABICOL | ENICOL 2025 - Encontro das Ind&uacute;strias de Colch&otilde;es<\/span><\/b><\/a><span style=\"font-size:14.0pt\">, 07 e 08 de agosto, evento presencial, Royal Tulip Bras&iacute;lia Alvorada<\/span><\/span><\/span><\/span><\/p>\r\n\r\n<p style=\"text-align:justify\"><span style=\"font-size:11pt\"><span style=\"line-height:normal\"><span style=\"font-family:Calibri,sans-serif\"><a href=\"https:\/\/horizons.fia.com.br\/?utm_campaign=apoio_institucional_horizons_2025&amp;utm_medium=email&amp;utm_source=RD+Station\" style=\"color:blue; text-decoration:underline\"><b><span style=\"font-size:14.0pt\">Horizons 2025 &ndash; Inova&ccedil;&atilde;o, Tecnologia e Neg&oacute;cios Unidos pelo Planeta<\/span><\/b><\/a><span style=\"font-size:14.0pt\">, 13 e 14 de agosto, FIA Business School, Birmann 21 e Centro de Inova&ccedil;&atilde;o Bruno Covas, S&atilde;o Paulo<\/span><\/span><\/span><\/span><\/p>\r\n\r\n<p style=\"text-align:justify\"><span style=\"font-size:11pt\"><span style=\"line-height:normal\"><span style=\"font-family:Calibri,sans-serif\"><a href=\"https:\/\/forumdemanufatura.com.br\/\" style=\"color:blue; text-decoration:underline\"><b><span style=\"font-size:14.0pt\">9&ordm; F&oacute;rum de Manufatura<\/span><\/b><\/a><span style=\"font-size:14.0pt\">, 18 e 19 de agosto de 2025, Novotel Center Norte, S&atilde;o Paulo, SP<\/span><\/span><\/span><\/span><\/p>\r\n\r\n<p style=\"text-align:justify\"><span style=\"font-size:11pt\"><span style=\"line-height:normal\"><span style=\"font-family:Calibri,sans-serif\"><a href=\"https:\/\/app.rdstation.email\/mail\/73f893e3-d4c4-47e1-a0ea-aa0aaf1cfda0?utm_campaign=convite_ws_inovacao&amp;utm_medium=email&amp;utm_source=RD+Station\" style=\"color:blue; text-decoration:underline\"><b><span style=\"font-size:14.0pt\">Workshop Abit | Transformando Inova&ccedil;&atilde;o em Resultado<\/span><\/b><\/a><span style=\"font-size:14.0pt\">, 20 de agosto de 2025, 09h &agrave;s 12h, evento h&iacute;brido<\/span><\/span><\/span><\/span><\/p>\r\n\r\n<p style=\"text-align:justify\"><span style=\"font-size:11pt\"><span style=\"line-height:normal\"><span style=\"font-family:Calibri,sans-serif\"><a href=\"https:\/\/sticni.sharepoint.com\/sites\/PublicShare\/Compartilhamentos\/Forms\/AllItems.aspx?id=%2Fsites%2FPublicShare%2FCompartilhamentos%2FCNI%2D133649%2FPrograma%20Imers%C3%B5es%20em%20Ecossistemas%2FImers%C3%A3o%20Finlandia%20em%20Economia%20Circular%2E%201%2Epdf&amp;parent=%2Fsites%2FPublicShare%2FCompartilhamentos%2FCNI%2D133649%2FPrograma%20Imers%C3%B5es%20em%20Ecossistemas&amp;p=true&amp;ga=1\" style=\"color:blue; text-decoration:underline\"><b><span style=\"font-size:14.0pt\">CNI | Imers&atilde;o Finl&acirc;ndia: Uma conex&atilde;o global com a Economia Circular<\/span><\/b><\/a><span style=\"font-size:14.0pt\">, 01 a 05 de setembro de 2025, inscri&ccedil;&otilde;es at&eacute; 10 de agosto de 2025 ou se encerrarem as vagas, cidades destinos: Helsinki (cidade base), Tampere e Espoo.<\/span><\/span><\/span><\/span><\/p>\r\n\r\n<p style=\"text-align:justify\"><span style=\"font-size:11pt\"><span style=\"line-height:normal\"><span style=\"font-family:Calibri,sans-serif\"><a href=\"https:\/\/www.conbrava.com.br\/\" style=\"color:blue; text-decoration:underline\"><b><span style=\"font-size:14.0pt\">CONBRAVA 2025<\/span><\/b><\/a><span style=\"font-size:14.0pt\">, 10 a 12 de setembro de 2025, S&atilde;o Paulo Expo, Rodovia dos Imigrantes, km 1,5<\/span><\/span><\/span><\/span><\/p>\r\n\r\n<p style=\"text-align:justify\"><span style=\"font-size:11pt\"><span style=\"line-height:normal\"><span style=\"font-family:Calibri,sans-serif\"><a href=\"https:\/\/paving.com.br\/\" style=\"color:blue; text-decoration:underline\"><b><span style=\"font-size:14.0pt\">Paving Expo 2025<\/span><\/b><\/a><span style=\"font-size:14.0pt\">, 23 a 25 de setembro de 2025, Distrito Anhembi, Rua Prof. Milton Rodrigues, s\/n, Santana, S&atilde;o Paulo, SP<\/span><\/span><\/span><\/span><\/p>\r\n\r\n<p style=\"text-align:justify\"><span style=\"font-size:11pt\"><span style=\"line-height:normal\"><span style=\"font-family:Calibri,sans-serif\"><a href=\"https:\/\/www.instagram.com\/sobeccnacional\/p\/DA1V8NZyhNK\/?img_index=1\" style=\"color:blue; text-decoration:underline\"><b><span style=\"font-size:14.0pt\">17&ordm; Congresso Brasileiro de Enfermagem em Centro Cir&uacute;rgico: &ldquo;O poder de cuidar&rdquo;<\/span><\/b><\/a><span style=\"font-size:14.0pt\">, 01 a 03 de outubro de 2025, Transamerica Expo Center, S&atilde;o Paulo, SP<\/span><\/span><\/span><\/span><\/p>\r\n\r\n<p style=\"text-align:justify\"><span style=\"font-size:11pt\"><span style=\"line-height:normal\"><span style=\"font-family:Calibri,sans-serif\"><a href=\"https:\/\/his.saudebusiness.com\/pt\/home.html\" style=\"color:blue; text-decoration:underline\"><b><span style=\"font-size:14.0pt\">Healthcare Innovation Show (HIS)<\/span><\/b><\/a><span style=\"font-size:14.0pt\">, 01 e 02 de outubro de 2025, 09h &agrave;s 18h, S&atilde;o Paulo Expo<\/span><\/span><\/span><\/span><\/p>\r\n\r\n<p style=\"text-align:justify\"><span style=\"font-size:11pt\"><span style=\"line-height:normal\"><span style=\"font-family:Calibri,sans-serif\"><a href=\"https:\/\/www.abrafiltros.org.br\/3o-seminario-brasileiro-de-filtros-acontecera-no-dia-08-de-outubro\/\" style=\"color:blue; text-decoration:underline\"><b><span style=\"font-size:14.0pt\">3&ordm; Semin&aacute;rio Brasileiro de Filtros<\/span><\/b><\/a><span style=\"font-size:14.0pt\">, 08 de outubro de 2025, evento presencial<\/span><\/span><\/span><\/span><\/p>\r\n\r\n<p style=\"text-align:justify\"><span style=\"font-size:11pt\"><span style=\"line-height:normal\"><span style=\"font-family:Calibri,sans-serif\"><a href=\"https:\/\/hospitalmed.com.br\/feira\/\" style=\"color:blue; text-decoration:underline\"><b><span style=\"font-size:14.0pt\">HospitalMed 2025<\/span><\/b><\/a><span style=\"font-size:14.0pt\">, 22 a 24 de outubro, Pernambuco Centro de Conven&ccedil;&otilde;es, Olinda<\/span><\/span><\/span><\/span><\/p>\r\n\r\n<p style=\"text-align:justify\"><span style=\"font-size:11pt\"><span style=\"line-height:normal\"><span style=\"font-family:Calibri,sans-serif\"><a href=\"https:\/\/www.congressoabit.com.br\/\" style=\"color:blue; text-decoration:underline\"><b><span style=\"font-size:14.0pt\">Congresso Internacional Abit 2025<\/span><\/b><\/a><span style=\"font-size:14.0pt\">, 29 e 30 de outubro, 08h &agrave;s 20h, FIESP, S&atilde;o Paulo, SP<\/span><\/span><\/span><\/span><\/p>\r\n\r\n<p style=\"text-align:justify\"><span style=\"font-size:11pt\"><span style=\"line-height:normal\"><span style=\"font-family:Calibri,sans-serif\"><a href=\"https:\/\/filtech.de\/\" style=\"color:blue; text-decoration:underline\"><b><span style=\"font-size:14.0pt\">Filtech 2026<\/span><\/b><\/a><span style=\"font-size:14.0pt\">, de 30 de junho a 2 de julho, Cologne, Alemanha<\/span><\/span><\/span><\/span><\/p>\r\n\r\n<p style=\"text-align:justify\"><span style=\"font-size:11pt\"><span style=\"line-height:normal\"><span style=\"font-family:Calibri,sans-serif\"><a href=\"https:\/\/ficons.com.br\/\" style=\"color:blue; text-decoration:underline\"><b><span style=\"font-size:14.0pt\">FICONS - Feira Internacional de Materiais, Equipamentos e Servi&ccedil;os da Constru&ccedil;&atilde;o<\/span><\/b><\/a><span style=\"font-size:14.0pt\">, 15 a 18 de setembro de 2026, Centro de Conven&ccedil;&otilde;es de Pernambuco Recife\/ Olinda<\/span><\/span><\/span><\/span><\/p>\r\n\r\n<p style=\"text-align:justify\"><span style=\"font-size:28pt\"><span style=\"font-family:Cambria,serif\"><span style=\"letter-spacing:-0.5pt\"><b><span style=\"font-size:18.0pt\"><span style=\"font-family:&quot;Calibri&quot;,sans-serif\"><span style=\"font-variant:small-caps\">Setor<\/span><\/span><\/span><\/b><\/span><\/span><\/span><\/p>\r\n\r\n<p style=\"text-align:justify\"><span style=\"font-size:11pt\"><span style=\"line-height:normal\"><span style=\"font-family:Calibri,sans-serif\"><a href=\"https:\/\/revistaoeste.com\/oestegeral\/2025\/07\/06\/murilo-soares-jardineiro-como-proteger-suas-plantas-do-frio\/\" style=\"color:blue; text-decoration:underline\"><span style=\"font-size:14.0pt\">N&atilde;otecidos: Murilo Soares, jardineiro &ldquo;Como proteger suas plantas do frio&rdquo;<\/span><\/a><\/span><\/span><\/span><\/p>\r\n\r\n<p style=\"text-align:justify\"><span style=\"font-size:11pt\"><span style=\"line-height:normal\"><span style=\"font-family:Calibri,sans-serif\"><a href=\"https:\/\/www.nonwovens-industry.com\/contents\/view_breaking-news\/2025-07-07\/new-york-to-mandate-diaper-labeling\/?utm_campaign=NON%20eNewsletter&amp;utm_medium=email&amp;_hsenc=p2ANqtz-_rfCbCoYMqeIqWDshRHiwK68O_3tp4_zkxYI__pfyRPQ81hOSUNZJ7C73OvAJDqqxsJ29kmKrvuRrsYieI-utqG1bkXg&amp;_hsmi=370729955&amp;utm_content=370729955&amp;utm_source=hs_email\" style=\"color:blue; text-decoration:underline\"><span lang=\"EN-US\" style=\"font-size:14.0pt\">New York to Mandate Diaper Labeling<\/span><\/a><\/span><\/span><\/span><\/p>\r\n\r\n<p style=\"text-align:justify\"><span style=\"font-size:11pt\"><span style=\"line-height:normal\"><span style=\"font-family:Calibri,sans-serif\"><a href=\"https:\/\/portalpersonalcare.com.br\/lean-manufacturing-na-industria-de-personal-care-uma-jornada-real-de-eficiencia-produtividade-e-transformacao-cultural\/?utm_campaign=colunistas_lean_manufacturing_na_industria_de_personal_care_uma_jornada_real_de_eficiencia_produtividade_e_transformacao_cultural&amp;utm_medium=email&amp;utm_source=RD+Station\" style=\"color:blue; text-decoration:underline\"><span style=\"font-size:14.0pt\">Lean Manufacturing na ind&uacute;stria de Personal Care: uma jornada real de efici&ecirc;ncia, produtividade e transforma&ccedil;&atilde;o cultural<\/span><\/a><\/span><\/span><\/span><\/p>\r\n\r\n<p style=\"text-align:justify\"><span style=\"font-size:11pt\"><span style=\"line-height:normal\"><span style=\"font-family:Calibri,sans-serif\"><a href=\"https:\/\/plasticosemrevista.com.br\/pp-china-deve-exportar-5-7-m-de-toneladas-este-ano\/\" style=\"color:blue; text-decoration:underline\"><span style=\"font-size:14.0pt\">PP: China deve exportar 5.7 M de toneladas este ano<\/span><\/a><\/span><\/span><\/span><\/p>\r\n\r\n<p style=\"text-align:justify\"><span style=\"font-size:11pt\"><span style=\"line-height:normal\"><span style=\"font-family:Calibri,sans-serif\"><a href=\"https:\/\/plasticosemrevista.com.br\/dow-decide-fechar-3-fabricas-na-europa\/\" style=\"color:blue; text-decoration:underline\"><span style=\"font-size:14.0pt\">Dow decide fechar 3 f&aacute;bricas na Europa<\/span><\/a><\/span><\/span><\/span><\/p>\r\n\r\n<p style=\"text-align:justify\"><span style=\"font-size:11pt\"><span style=\"line-height:normal\"><span style=\"font-family:Calibri,sans-serif\"><a href=\"https:\/\/tissueonline.com.br\/suzano-mogi-das-cruzes-amplia-portfolio-com-producao-de-lencos-faciais-mimmo\/\" style=\"color:blue; text-decoration:underline\"><span style=\"font-size:14.0pt\">Suzano Mogi das Cruzes amplia portf&oacute;lio com produ&ccedil;&atilde;o de len&ccedil;os faciais Mimmo<\/span><\/a><\/span><\/span><\/span><\/p>\r\n\r\n<p style=\"text-align:justify\"><span style=\"font-size:11pt\"><span style=\"line-height:normal\"><span style=\"font-family:Calibri,sans-serif\"><a href=\"http:\/\/clickemail.portalpersonalcare.com.br\/ls\/click?upn=u001.D2-2F0Tg0A29KXXLMT6ctG-2BYOihdDbc-2ByFrUFb3ZXMT9QLXNemXVVpszN6DTW2Cx2rWsjOkdMG3HQGl4sxw3p3-2BpN8A6yA658x0JyKLG9XSWEMwJa7xWQOOG0QLsVxM1ClvMX9oUOyxXuNw1OpiJy2cK97tjRvHuUe-2FKMmp-2FagO-2BhAq57t7gpD9EO5PQzvMJLtg3ZxYGe4rrkgUXkJ3bi-2FU9UotrC9Al7224TkOtKOjf4D-2BKvTL09QUdHjeix0vCVlNaBf-2FjS2Z6msAn1cVgYoU61KNCTj3eXn9hAIAdntWg0-3DK3ZO_T7N8BvZTOm04CQQMiyWztrpCjlUrRc4F7QzSgUIpTqDyHxxxhGpyWLohz7JoE2GE5NHlS-2BYZoX1R75Fh8KCze9GvCCb-2FinuNgc39g0Cdbe-2FcU8RlSBQhp5om11AQZQ-2FDPWySaXoOHSFH5r9UzQZnSHnrTBK4iEaWVx-2FXWBdeRzDN-2BXfTDEKiGPj-2Bu-2FKTLL0ohr9kkyIOgNiVjPr0pF8dNky6DWDbEkIUann3B6d7IpdcNbmx3EHIm4nQso1WbqZdD3-2Fl6pAwzfvJ0Y64HS2CFLhbxa1Z14-2BcuG4XE6pQGTJVjPxZLIi6E2ukdxMQVfbS5xmwW6zuye-2BtQbgKDK2Wh7Da-2BkURFzQLD3ZO2iyE4BVjw3SjnrnIPAvJb7TOo27ktdOO5p3w7p5dBB7pJuVabsWA3sIXtgXabFTj4ZfWVByS9YqZxO2ubMC4RJ2XKf0QWiazisPU7hFK1MFGk-2Bp3HZiGhfglWUWThkC-2F2eKoThEp7cVDOGVa8DGMKdC-2Bz8Q8j7Qpi9Mh2DAu-2BPQsJPgXlM5wtPw-2BPIrdRXOpmxROvik0eCaWvs3kuYkqRMZDYL02094H4tSrfDbHNLlkDpxMrHIoi4N-2BRJIanIa32jMqdsxmkcaMKHmtkWswkzECUJERwpKf8V5ABuMs4RHN2IW0Sw-3D-3D\" style=\"color:blue; text-decoration:underline\"><span style=\"font-size:14.0pt\">Drylock amplia unidade no Brasil com nova &aacute;rea de 2.100 m&sup2; e acelera expans&atilde;o para 2025<\/span><\/a><\/span><\/span><\/span><\/p>\r\n\r\n<p style=\"text-align:justify\"><span style=\"font-size:11pt\"><span style=\"line-height:normal\"><span style=\"font-family:Calibri,sans-serif\"><a href=\"http:\/\/clickemail.portalpersonalcare.com.br\/ls\/click?upn=u001.D2-2F0Tg0A29KXXLMT6ctG-2BYOihdDbc-2ByFrUFb3ZXMT9RGNCOJ4gkjO6kLePBpqT-2BbhA9ML4KCrjifzvNssPZg7q-2BzuxsWd-2F2c1pItqe6wa646MG7ohVPgjCsVJHzmQIjUlkaHtwbOTJwaamuz3hD7Y9ZwWRKiHWhRnQVTvKJtsLIMnQxFVcZoiImipqWoGEnuMqOwTp9RIOb6RGyhL0ch-2FlhACY27MQtGq3zdlma-2FpQjcG2bn6xvseGgqXW1Ldoq8IwJkxeF4-2FxAeYIpyNVaSvg-3D-3DGL49_T7N8BvZTOm04CQQMiyWztrpCjlUrRc4F7QzSgUIpTqDyHxxxhGpyWLohz7JoE2GE5NHlS-2BYZoX1R75Fh8KCze9GvCCb-2FinuNgc39g0Cdbe-2FcU8RlSBQhp5om11AQZQ-2FDPWySaXoOHSFH5r9UzQZnSHnrTBK4iEaWVx-2FXWBdeRzDN-2BXfTDEKiGPj-2Bu-2FKTLL0ohr9kkyIOgNiVjPr0pF8dNky6DWDbEkIUann3B6d7IpdcNbmx3EHIm4nQso1WbqZdD3-2Fl6pAwzfvJ0Y64HS2CFLhbxa1Z14-2BcuG4XE6pQGTJVjPxZLIi6E2ukdxMQVfbS5xmwW6zuye-2BtQbgKDK2Wh7Da-2BkURFzQLD3ZO2iyE4BVjw3SjnrnIPAvJb7TOo27ktdOO5p3w7p5dBB7pJuVabsWA3sIXtgXabFTj4ZfWVByS9YqZxO2ubMC4RJ2XKf0QWiazisPU7hFK1MFGk-2Bp3HZiGhfglWUWThkC-2F2eKoThEp7cVDOGVa8DGMKdC-2Bz8Q8Z9LPliugBKuWNHPzlMVLqNekq72NkUkRtlRRl98komFfVy6M6L683XLpbH6Eoh66qc7nwllofjYl9r4Z7-2F3LFAOV82fQK5-2B7E7ysbiiBcDAnWi2Y8xt-2BT31WCr9Qpov-2BanYj2ntl4h14eNay8WTjTA-3D-3D\" style=\"color:blue; text-decoration:underline\" target=\"_blank\"><span style=\"font-size:14.0pt\">Kimberly-Clark reafirma sua presen&ccedil;a na Col&ocirc;mbia com reconfigura&ccedil;&atilde;o industrial<\/span><\/a><\/span><\/span><\/span><\/p>\r\n\r\n<p style=\"text-align:justify\"><span style=\"font-size:11pt\"><span style=\"line-height:normal\"><span style=\"font-family:Calibri,sans-serif\"><a href=\"http:\/\/comunidadtextil.com\/wpnews\/2025\/06\/por-la-menor-demanda-mas-de-la-mitad-de-las-textiles-de-argentina-recorto-personal\/?utm_source=email_marketing&amp;utm_admin=28519&amp;utm_medium=email&amp;utm_campaign=NOTICIAS_de_las_Industrias_Textil_Confecciones_y_Moda\" style=\"color:blue; text-decoration:underline\"><span style=\"font-size:14.0pt\">Por la menor demanda m&aacute;s de la mitad de las textiles de Argentina recort&oacute; personal<\/span><\/a><\/span><\/span><\/span><\/p>\r\n\r\n<p style=\"text-align:justify\"><span style=\"font-size:11pt\"><span style=\"line-height:normal\"><span style=\"font-family:Calibri,sans-serif\"><a href=\"https:\/\/www.revistaplasticosul.com.br\/sustentabilidade\/distribuidora-nacional-lanca-solucao-financeira-digital-inedita-para-o-setor-de-resinas-plasticas\/\" style=\"color:blue; text-decoration:underline\"><span style=\"font-size:14.0pt\">Distribuidora nacional lan&ccedil;a solu&ccedil;&atilde;o financeira digital in&eacute;dita para o setor de resinas pl&aacute;sticas<\/span><\/a><\/span><\/span><\/span><\/p>\r\n\r\n<p style=\"text-align:justify\"><span style=\"font-size:28pt\"><span style=\"font-family:Cambria,serif\"><span style=\"letter-spacing:-0.5pt\"><b><span style=\"font-size:18.0pt\"><span style=\"font-family:&quot;Calibri&quot;,sans-serif\"><span style=\"font-variant:small-caps\">Ind&uacute;stria<\/span><\/span><\/span><\/b><\/span><\/span><\/span><\/p>\r\n\r\n<p style=\"text-align:justify\"><span style=\"font-size:11pt\"><span style=\"line-height:normal\"><span style=\"font-family:Calibri,sans-serif\"><a href=\"https:\/\/mercadoeconsumo.com.br\/10\/07\/2025\/economia\/tarifaco-de-trump-deve-causar-retracao-no-pib-e-queda-de-us-15-bi-nas-exportacoes\/?utm_campaign=news_fechamento_diario_-_1007&amp;utm_medium=email&amp;utm_source=RD+Station\" style=\"color:blue; text-decoration:underline\"><span style=\"font-size:14.0pt\">Tarifa&ccedil;o de Trump deve causar retra&ccedil;&atilde;o no PIB e queda de US$ 15 bi nas exporta&ccedil;&otilde;es<\/span><\/a><\/span><\/span><\/span><\/p>\r\n\r\n<p style=\"text-align:justify\"><span style=\"font-size:11pt\"><span style=\"line-height:normal\"><span style=\"font-family:Calibri,sans-serif\"><a href=\"https:\/\/www.correiobraziliense.com.br\/cb-brands\/brandedcontent\/abiquim\/2025\/07\/7197340-o-futuro-da-industria-quimica-esta-nas-maos-do-congresso.html\" style=\"color:blue; text-decoration:underline\"><span style=\"font-size:14.0pt\">O futuro da ind&uacute;stria qu&iacute;mica est&aacute; nas m&atilde;os do Congresso<\/span><\/a><\/span><\/span><\/span><\/p>\r\n\r\n<p style=\"text-align:justify\"><span style=\"font-size:11pt\"><span style=\"line-height:normal\"><span style=\"font-family:Calibri,sans-serif\"><a href=\"https:\/\/exclusivo.com.br\/negocios\/exportacoes-brasileiras-de-calcados-crescem-quase-9-no-primeiro-semestre\/\" style=\"color:blue; text-decoration:underline\"><span style=\"font-size:14.0pt\">Exporta&ccedil;&otilde;es brasileiras de cal&ccedil;ados crescem quase 9% no primeiro semestre<\/span><\/a><\/span><\/span><\/span><\/p>\r\n\r\n<p style=\"text-align:justify\"><span style=\"font-size:11pt\"><span style=\"line-height:normal\"><span style=\"font-family:Calibri,sans-serif\"><a href=\"https:\/\/agenciadenoticias.ibge.gov.br\/agencia-noticias\/2012-agencia-de-noticias\/noticias\/43955-com-queda-nos-materiais-e-alta-na-mao-de-obra-precos-da-construcao-sobem-0-88-em-junho\" style=\"color:blue; text-decoration:underline\"><span style=\"font-size:14.0pt\">Com queda nos materiais e alta na m&atilde;o de obra, pre&ccedil;os da constru&ccedil;&atilde;o sobem 0,88% em junho<\/span><\/a><\/span><\/span><\/span><\/p>\r\n\r\n<p style=\"text-align:justify\"><span style=\"font-size:11pt\"><span style=\"line-height:normal\"><span style=\"font-family:Calibri,sans-serif\"><a href=\"https:\/\/grandesconstrucoes.com.br\/Noticias\/Exibir\/programa-de-universalizacao-do-saneamento-basico-alcanca-218-cidades-em-sp?utm_source=akna&amp;utm_medium=email&amp;utm_campaign=Grandes-Construcoes-Informativo-970-10-07-2025&amp;utm_source=akna&amp;utm_medium=email&amp;utm_campaign=Grandes-Construcoes-Informativo-970-10-07-2025\" style=\"color:blue; text-decoration:underline\"><span style=\"font-size:14.0pt\">Programa de universaliza&ccedil;&atilde;o do saneamento b&aacute;sico alcan&ccedil;a 218 cidades em SP<\/span><\/a><\/span><\/span><\/span><\/p>\r\n\r\n<p style=\"text-align:justify\"><span style=\"font-size:11pt\"><span style=\"line-height:normal\"><span style=\"font-family:Calibri,sans-serif\"><a href=\"https:\/\/mercadoeconsumo.com.br\/09\/07\/2025\/economia\/governo-lanca-portal-regulatorio-que-podera-gerar-economia-de-r-50-bi-ao-ano-a-empresas\/?utm_campaign=news_fechamento_diario_-_0907&amp;utm_medium=email&amp;utm_source=RD+Station\" style=\"color:blue; text-decoration:underline\"><span style=\"font-size:14.0pt\">Governo lan&ccedil;a portal regulat&oacute;rio que poder&aacute; gerar economia de R$ 50 bi ao ano a empresas<\/span><\/a><\/span><\/span><\/span><\/p>\r\n\r\n<p style=\"text-align:justify\"><span style=\"font-size:28pt\"><span style=\"font-family:Cambria,serif\"><span style=\"letter-spacing:-0.5pt\"><b><span style=\"font-size:18.0pt\"><span style=\"font-family:&quot;Calibri&quot;,sans-serif\"><span style=\"font-variant:small-caps\">Sustentabilidade<\/span><\/span><\/span><\/b><\/span><\/span><\/span><\/p>\r\n\r\n<p style=\"text-align:justify\"><span style=\"font-size:11pt\"><span style=\"line-height:normal\"><span style=\"font-family:Calibri,sans-serif\"><a href=\"https:\/\/monitormercantil.com.br\/mais-de-80-dos-produtos-vendidos-como-ecologicos-sao-enganosos-no-pais\/\" style=\"color:blue; text-decoration:underline\"><span style=\"font-size:14.0pt\">Mais de 80% dos produtos vendidos como &lsquo;ecol&oacute;gicos&rsquo; s&atilde;o enganosos no pa&iacute;s<\/span><\/a><\/span><\/span><\/span><\/p>\r\n\r\n<p style=\"text-align:justify\"><span style=\"font-size:11pt\"><span style=\"line-height:normal\"><span style=\"font-family:Calibri,sans-serif\"><a href=\"https:\/\/www.innovationintextiles.com\/fibres-yarns-fabrics\/moving-on-from-automotive-shredder-residue\/\" style=\"color:blue; text-decoration:underline\"><span lang=\"EN-US\" style=\"font-size:14.0pt\">Moving on from automotive shredder residue<\/span><\/a><\/span><\/span><\/span><\/p>\r\n\r\n<p style=\"text-align:justify\"><span style=\"font-size:11pt\"><span style=\"line-height:normal\"><span style=\"font-family:Calibri,sans-serif\"><a href=\"https:\/\/www.meiofiltrante.com.br\/Noticia\/130818\/abrafiltros-e-apoiadora-institucional-da-12a-edicao-da-reciclacao-\" style=\"color:blue; text-decoration:underline\"><span style=\"font-size:14.0pt\">Abrafiltros &eacute; apoiadora institucional da 12&ordf; edi&ccedil;&atilde;o da RECICLA&Ccedil;&Atilde;O<\/span><\/a><\/span><\/span><\/span><\/p>\r\n\r\n<p style=\"text-align:justify\"><span style=\"font-size:11pt\"><span style=\"line-height:normal\"><span style=\"font-family:Calibri,sans-serif\"><a href=\"https:\/\/www.gov.br\/planalto\/pt-br\/acompanhe-o-planalto\/noticias\/2025\/07\/carros-mais-sustentaveis-seguros-e-economicos-vao-pagar-menos-imposto\" style=\"color:blue; text-decoration:underline\"><span style=\"font-size:14.0pt\">IPI Verde: carros mais sustent&aacute;veis, seguros e econ&ocirc;micos v&atilde;o pagar menos imposto<\/span><\/a><\/span><\/span><\/span><\/p>\r\n\r\n<p style=\"text-align:justify\"><span style=\"font-size:28pt\"><span style=\"font-family:Cambria,serif\"><span style=\"letter-spacing:-0.5pt\"><b><span style=\"font-size:18.0pt\"><span style=\"font-family:&quot;Calibri&quot;,sans-serif\"><span style=\"font-variant:small-caps\">Inova&ccedil;&atilde;o<\/span><\/span><\/span><\/b><\/span><\/span><\/span><\/p>\r\n\r\n<p style=\"text-align:justify\"><span style=\"font-size:11pt\"><span style=\"line-height:normal\"><span style=\"font-family:Calibri,sans-serif\"><a href=\"https:\/\/www.inovacaotecnologica.com.br\/noticias\/noticia.php?artigo=voo-corujas-tecnologia-recorde-reducao-ruido&amp;id=010170250714&amp;ebol=sim\" style=\"color:blue; text-decoration:underline\"><span style=\"font-size:14.0pt\">Voo das corujas inspira tecnologia recordista de redu&ccedil;&atilde;o de ru&iacute;do<\/span><\/a><\/span><\/span><\/span><\/p>\r\n\r\n<p style=\"text-align:justify\"><span style=\"font-size:11pt\"><span style=\"line-height:normal\"><span style=\"font-family:Calibri,sans-serif\"><a href=\"https:\/\/www.inovacaotecnologica.com.br\/noticias\/noticia.php?artigo=existe-algum-substituto-plastico&amp;id=010160250714&amp;ebol=sim#google_vignette\" style=\"color:blue; text-decoration:underline\"><span style=\"font-size:14.0pt\">Finalmente um substituto para o pl&aacute;stico?<\/span><\/a><\/span><\/span><\/span><\/p>\r\n\r\n<p style=\"text-align:justify\"><span style=\"font-size:11pt\"><span style=\"line-height:normal\"><span style=\"font-family:Calibri,sans-serif\"><a href=\"http:\/\/comunidadtextil.com\/wpnews\/2025\/07\/orange-fiber-la-cascara-de-naranja-vuelve-en-forma-de-una-fibra-sostenible-y-lujosa\/?utm_source=email_marketing&amp;utm_admin=28519&amp;utm_medium=email&amp;utm_campaign=NOTICIAS_de_las_Industrias_Textil_Confecciones_y_Moda\" style=\"color:blue; text-decoration:underline\"><span style=\"font-size:14.0pt\">Orange Fiber, la c&aacute;scara de naranja vuelve en forma de una fibra sostenible y lujosa<\/span><\/a><\/span><\/span><\/span><\/p>\r\n\r\n<p style=\"text-align:justify\"><span style=\"font-size:11pt\"><span style=\"line-height:normal\"><span style=\"font-family:Calibri,sans-serif\"><a href=\"https:\/\/www.innovationintextiles.com\/smart-textiles-nanotechnology\/first-standard-for-conductive-yarns\/\" style=\"color:blue; text-decoration:underline\"><span style=\"font-size:14.0pt\">First standard for conductive yarns<\/span><\/a><\/span><\/span><\/span><\/p>\r\n\r\n<p style=\"text-align:justify\"><span style=\"font-size:11pt\"><span style=\"line-height:normal\"><span style=\"font-family:Calibri,sans-serif\"><a href=\"https:\/\/www.gov.br\/inmetro\/pt-br\/centrais-de-conteudo\/noticias\/inmetro-e-mcti-avancam-em-projeto-para-certificacao-de-produtos-oriundos-da-nanotecnologia\" style=\"color:blue; text-decoration:underline\"><span style=\"font-size:14.0pt\">Inmetro e MCTI avan&ccedil;am em projeto para certifica&ccedil;&atilde;o de produtos oriundos da nanotecnologia<\/span><\/a><\/span><\/span><\/span><\/p>\r\n\r\n<p style=\"text-align:justify\"><span style=\"font-size:28pt\"><span style=\"font-family:Cambria,serif\"><span style=\"letter-spacing:-0.5pt\"><b><span style=\"font-size:18.0pt\"><span style=\"font-family:&quot;Calibri&quot;,sans-serif\"><span style=\"font-variant:small-caps\">Com&eacute;rcio Exterior<\/span><\/span><\/span><\/b><\/span><\/span><\/span><\/p>\r\n\r\n<p style=\"text-align:justify\"><span style=\"font-size:11pt\"><span style=\"line-height:normal\"><span style=\"font-family:Calibri,sans-serif\"><a href=\"https:\/\/www.fibre2fashion.com\/news\/textile-news\/trump-slaps-50-tariffs-on-brazil-over-bolsonaro-trial-lula-responds-303848-newsdetails.htm\" style=\"color:blue; text-decoration:underline\"><span lang=\"EN-US\" style=\"font-size:14.0pt\">Trump slaps 50% tariffs on Brazil over Bolsonaro trial; Lula responds<\/span><\/a><\/span><\/span><\/span><\/p>\r\n\r\n<p style=\"text-align:justify\"><span style=\"font-size:11pt\"><span style=\"line-height:normal\"><span style=\"font-family:Calibri,sans-serif\"><a href=\"https:\/\/noticias.portaldaindustria.com.br\/artigos\/ricardo-alban\/tarifaco-inoportuno-ou-oportunidade-para-fortalecer-relacao-bilateral\/\" style=\"color:blue; text-decoration:underline\"><span style=\"font-size:14.0pt\">Tarifa&ccedil;o inoportuno ou oportunidade para fortalecer rela&ccedil;&atilde;o bilateral?<\/span><\/a><\/span><\/span><\/span><\/p>\r\n\r\n<p style=\"text-align:justify\"><span style=\"font-size:11pt\"><span style=\"line-height:normal\"><span style=\"font-family:Calibri,sans-serif\"><a href=\"https:\/\/ibre.fgv.br\/blog-da-conjuntura-economica\/artigos\/livio-ribeiro-responde-ameaca-de-trump-alinhamento-aos-brics\" style=\"color:blue; text-decoration:underline\"><span style=\"font-size:14.0pt\">Livio Ribeiro responde: amea&ccedil;a de Trump a alinhamento aos Brics, pacote or&ccedil;ament&aacute;rio dos EUA e crescimento chin&ecirc;s<\/span><\/a><\/span><\/span><\/span><\/p>\r\n\r\n<p style=\"text-align:justify\"><span style=\"font-size:11pt\"><span style=\"line-height:normal\"><span style=\"font-family:Calibri,sans-serif\"><a href=\"https:\/\/exame.com\/brasil\/impactos-severos-setor-produtivo-manifesta-preocupacao-com-tarifa-de-50-anunciada-por-trump\/\" style=\"color:blue; text-decoration:underline\"><span style=\"font-size:14.0pt\">Entidades manifestam preocupa&ccedil;&atilde;o com efeitos de tarifa&ccedil;o de Trump: &#39;impactos severos&#39;<\/span><\/a><\/span><\/span><\/span><\/p>\r\n\r\n<p style=\"text-align:justify\"><span style=\"font-size:11pt\"><span style=\"line-height:normal\"><span style=\"font-family:Calibri,sans-serif\"><a href=\"https:\/\/portalibre.fgv.br\/noticias\/incertezas-crescem-com-o-tarifaco-de-trump-em-relacao-aos-rumos-da-balanca-comercial\" style=\"color:blue; text-decoration:underline\"><span style=\"font-size:14.0pt\">As incertezas crescem com o tarifa&ccedil;o de Trump em rela&ccedil;&atilde;o aos rumos da balan&ccedil;a comercial<\/span><\/a><\/span><\/span><\/span><\/p>\r\n\r\n<p style=\"text-align:justify\"><span style=\"font-size:11pt\"><span style=\"line-height:normal\"><span style=\"font-family:Calibri,sans-serif\"><a href=\"https:\/\/mercadoeconsumo.com.br\/08\/07\/2025\/noticias-varejo\/tarifas-podem-pressionar-inflacao-e-desacelerar-consumo-nos-eua-alerta-nrf\/?utm_campaign=news_fechamento_diario_-_0807&amp;utm_medium=email&amp;utm_source=RD+Station\" style=\"color:blue; text-decoration:underline\"><span style=\"font-size:14.0pt\">Tarifas podem pressionar infla&ccedil;&atilde;o e desacelerar consumo nos EUA, alerta NRF<\/span><\/a><\/span><\/span><\/span><\/p>\r\n\r\n<p style=\"text-align:justify\"><span style=\"font-size:11pt\"><span style=\"line-height:normal\"><span style=\"font-family:Calibri,sans-serif\"><a href=\"https:\/\/www.moveisdevalor.com.br\/portal\/impacto-da-taxa-antidumping-deixa-colchoeiros-preocupados?source=news\" style=\"color:blue; text-decoration:underline\"><span style=\"font-size:14.0pt\">Impacto da taxa antidumping deixa colchoeiros preocupados<\/span><\/a><\/span><\/span><\/span><\/p>\r\n\r\n<p style=\"text-align:justify\"><span style=\"font-size:11pt\"><span style=\"line-height:normal\"><span style=\"font-family:Calibri,sans-serif\"><a href=\"https:\/\/apexbrasil.com.br\/br\/pt\/conteudo\/noticias\/apexbrasil-e-china-promovem-webinar-sobre-o-concurso-de-inovacao.html#msdynmkt_trackingcontext=62d0712f-0f2e-47cc-bb28-f902f4ab0100\" style=\"color:blue; text-decoration:underline\"><span style=\"font-size:14.0pt\">ApexBrasil e China promovem webinar sobre o Concurso de Inova&ccedil;&atilde;o Industrial dos BRICS 2025<\/span><\/a><\/span><\/span><\/span><\/p>\r\n\r\n<p style=\"text-align:justify\"><span style=\"font-size:11pt\"><span style=\"line-height:normal\"><span style=\"font-family:Calibri,sans-serif\"><a href=\"https:\/\/plasticosemrevista.com.br\/proibido-dormir-no-ponto\/\" style=\"color:blue; text-decoration:underline\"><span style=\"font-size:14.0pt\">Proibido dormir no ponto: fornecedores de materiais nobres se preparam para a retomada em ano eleitoral<\/span><\/a><\/span><\/span><\/span><\/p>\r\n\r\n<p style=\"text-align:justify\"><span style=\"font-size:28pt\"><span style=\"font-family:Cambria,serif\"><span style=\"letter-spacing:-0.5pt\"><b><span style=\"font-size:18.0pt\"><span style=\"font-family:&quot;Calibri&quot;,sans-serif\"><span style=\"font-variant:small-caps\">Economia<\/span><\/span><\/span><\/b><\/span><\/span><\/span><\/p>\r\n\r\n<p style=\"text-align:justify\"><span style=\"font-size:11pt\"><span style=\"line-height:normal\"><span style=\"font-family:Calibri,sans-serif\"><a href=\"https:\/\/www.bcb.gov.br\/content\/focus\/focus\/R20250711.pdf\" style=\"color:blue; text-decoration:underline\"><span style=\"font-size:14.0pt\">Focus - Relat&oacute;rio de Mercado<\/span><\/a><\/span><\/span><\/span><\/p>\r\n\r\n<p style=\"text-align:justify\"><span style=\"font-size:11pt\"><span style=\"line-height:normal\"><span style=\"font-family:Calibri,sans-serif\"><a href=\"https:\/\/blogdoibre.fgv.br\/posts\/mais-uma-possivel-abertura-para-alterar-o-arcabouco-fiscal\" style=\"color:blue; text-decoration:underline\"><span style=\"font-size:14.0pt\">Mais uma poss&iacute;vel abertura para alterar o arcabou&ccedil;o fiscal<\/span><\/a><\/span><\/span><\/span><\/p>\r\n\r\n<p style=\"text-align:justify\"><span style=\"font-size:11pt\"><span style=\"line-height:normal\"><span style=\"font-family:Calibri,sans-serif\"><a href=\"https:\/\/portalibre.fgv.br\/noticias\/economia-cresceu-03-em-maio-na-comparacao-com-abril\" style=\"color:blue; text-decoration:underline\"><span style=\"font-size:14.0pt\">Economia cresceu 0,3% em maio, na compara&ccedil;&atilde;o com abril<\/span><\/a><\/span><\/span><\/span><\/p>\r\n\r\n<p style=\"text-align:justify\"><span style=\"font-size:11pt\"><span style=\"line-height:normal\"><span style=\"font-family:Calibri,sans-serif\"><a href=\"https:\/\/blogdoibre.fgv.br\/posts\/reoneracao-do-iof-e-regressiva\" style=\"color:blue; text-decoration:underline\"><span style=\"font-size:14.0pt\">A reonera&ccedil;&atilde;o do IOF &eacute; regressiva<\/span><\/a><\/span><\/span><\/span><\/p>\r\n\r\n<p style=\"text-align:justify\"><span style=\"font-size:11pt\"><span style=\"line-height:normal\"><span style=\"font-family:Calibri,sans-serif\"><a href=\"https:\/\/portalibre.fgv.br\/system\/files\/divulgacao\/noticias\/mat-complementar\/2025-07\/Monitor%20do%20PIB-FGV%20-%20Julho%20de%202025%20-%20Ref.%20de%20maio.pdf\" style=\"color:blue; text-decoration:underline\"><span style=\"font-size:14.0pt\">FGV IBRE | Monitor do PIB: Indicador mensal de maio de 2025<\/span><\/a><\/span><\/span><\/span><\/p>\r\n\r\n<p style=\"text-align:justify\">&nbsp;<\/p>\r\n\r\n<p style=\"text-align:justify\"><span style=\"font-size:11pt\"><span style=\"line-height:normal\"><span style=\"font-family:Calibri,sans-serif\"><span style=\"font-size:14.0pt\"><img src=\"https:\/\/www.abint.org.br\/assets\/img\/editor\/redes-sociais-abint-ctg-cth_20250722174554BZqU7o4ypm.jpg\" \/><\/span><\/span><\/span><\/span><\/p>\r\n","6":"<p style=\"text-align:justify\"><span style=\"font-size:11pt\"><span style=\"line-height:normal\"><span style=\"font-family:Calibri,sans-serif\"><span style=\"font-size:14.0pt\">Esta &eacute; uma compila&ccedil;&atilde;o das not&iacute;cias mais relevantes para o setor, incluindo informa&ccedil;&otilde;es sobre acordos internacionais, economia brasileira, sustentabilidade e mat&eacute;rias primas, al&eacute;m de novidades do setor de N&atilde;otecidos e Tecidos T&eacute;cnicos.<\/span><\/span><\/span><\/span><\/p>\r\n\r\n<p style=\"text-align:justify\"><span style=\"font-size:28pt\"><span style=\"font-family:Cambria,serif\"><span style=\"letter-spacing:-0.5pt\"><b><span style=\"font-size:18.0pt\"><span style=\"font-family:&quot;Calibri&quot;,sans-serif\"><span style=\"font-variant:small-caps\">O que vem por a&iacute;<\/span><\/span><\/span><\/b><\/span><\/span><\/span><\/p>\r\n\r\n<p style=\"text-align:justify\"><span style=\"font-size:28pt\"><span style=\"font-family:Cambria,serif\"><span style=\"letter-spacing:-0.5pt\"><b><span style=\"font-size:18.0pt\"><span style=\"font-family:&quot;Calibri&quot;,sans-serif\"><span style=\"font-variant:small-caps\"><img src=\"https:\/\/www.abint.org.br\/assets\/img\/editor\/2o-seminario-abrafiltros-abint-apoiador_2025072217401523mrTUXRqU.png\" style=\"width: 500px; height: 500px;\" \/><\/span><\/span><\/span><\/b><\/span><\/span><\/span><\/p>\r\n\r\n<p style=\"text-align:justify\"><span style=\"font-size:11pt\"><span style=\"line-height:normal\"><span style=\"font-family:Calibri,sans-serif\"><a href=\"https:\/\/doity.com.br\/3-seminario-brasileiro-de-filtros\" style=\"color:blue; text-decoration:underline\"><b><span style=\"font-size:14.0pt\">Acesse aqui mais informa&ccedil;&otilde;es<\/span><\/b><\/a><\/span><\/span><\/span><\/p>\r\n\r\n<p style=\"text-align:justify\">&nbsp;<\/p>\r\n\r\n<p style=\"text-align:justify\"><span style=\"font-size:11pt\"><span style=\"line-height:normal\"><span style=\"font-family:Calibri,sans-serif\"><b><span style=\"font-size:14.0pt\"><img src=\"https:\/\/www.abint.org.br\/assets\/img\/editor\/abint-logo-2020-g_20250722174225llGQZo54on.png\" style=\"width: 300px; height: 69px;\" \/>&nbsp; &nbsp; &nbsp;&nbsp;<\/span><\/b><\/span><\/span><\/span><span style=\"font-size:20.0pt\"><span style=\"line-height:115%\"><span style=\"font-family:&quot;Calibri&quot;,sans-serif\">PATROCINADORA DO<\/span><\/span><\/span><\/p>\r\n\r\n<p style=\"text-align:justify\"><img src=\"https:\/\/www.abint.org.br\/assets\/img\/editor\/congresso-internacional-abit-2025_20250722174119edr5xq8iJH.png\" style=\"width: 700px; height: 256px;\" \/><\/p>\r\n\r\n<p style=\"text-align:justify\"><span style=\"font-size:11pt\"><span style=\"line-height:normal\"><span style=\"font-family:Calibri,sans-serif\"><a href=\"https:\/\/www.congressoabit.com.br\/\" style=\"color:blue; text-decoration:underline\"><b><span style=\"font-size:14.0pt\">Acesse aqui mais informa&ccedil;&otilde;es<\/span><\/b><\/a><\/span><\/span><\/span><\/p>\r\n\r\n<p style=\"text-align:justify\"><span style=\"font-size:28pt\"><span style=\"font-family:Cambria,serif\"><span style=\"letter-spacing:-0.5pt\"><b><span style=\"font-size:18.0pt\"><span style=\"font-family:&quot;Calibri&quot;,sans-serif\"><span style=\"font-variant:small-caps\">Not&iacute;cias das Associadas<\/span><\/span><\/span><\/b><\/span><\/span><\/span><\/p>\r\n\r\n<p style=\"text-align:justify\"><span style=\"font-size:11pt\"><span style=\"line-height:normal\"><span style=\"font-family:Calibri,sans-serif\"><a href=\"https:\/\/www.abctecnologias.com.br\/historias-de-sucesso\/1-200-tanques-de-aterro-sanitario-soldados-com-equipamentos-leister\/?utm_source=ABC+Tecnologias&amp;utm_campaign=203ce5af44-CAMPANHA_RSS_POSTS_SITE&amp;utm_medium=email&amp;utm_term=0_01821b5e7f-203ce5af44-468976694\" style=\"color:blue; text-decoration:underline\"><span style=\"font-size:14.0pt\">ABC Tecnologias | 1.200 Tanques de Aterro Sanit&aacute;rio &ndash; Soldados com Equipamentos Leister<\/span><\/a><\/span><\/span><\/span><\/p>\r\n\r\n<p style=\"text-align:justify\">&nbsp;<\/p>\r\n\r\n<p style=\"text-align:justify\"><span style=\"font-size:11pt\"><span style=\"line-height:normal\"><span style=\"font-family:Calibri,sans-serif\"><b><span lang=\"EN-US\" style=\"font-size:18.0pt\"><span style=\"font-variant:small-caps\">Eventos<\/span><\/span><\/b><\/span><\/span><\/span><\/p>\r\n\r\n<p style=\"text-align:justify\"><span style=\"font-size:11pt\"><span style=\"line-height:normal\"><span style=\"font-family:Calibri,sans-serif\"><a href=\"https:\/\/newenergyevents.com\/h2lac\/#msdynmkt_trackingcontext=285b615f-7efc-47ff-ad50-e7324a9e0100\" style=\"color:blue; text-decoration:underline\"><b><span lang=\"EN-US\" style=\"font-size:14.0pt\">5th Hydrogen Congress for Latin America &amp; the Caribbean<\/span><\/b><\/a><span lang=\"EN-US\" style=\"font-size:14.0pt\">, July 15 - 16, 2025, Grand Hyatt, S&atilde;o Paulo, Brasil<\/span><\/span><\/span><\/span><\/p>\r\n\r\n<p style=\"text-align:justify\"><span style=\"font-size:11pt\"><span style=\"line-height:normal\"><span style=\"font-family:Calibri,sans-serif\"><a href=\"https:\/\/www.sympla.com.br\/evento\/happy-hour-com-tecnologia-a-economia-circular-como-estrategia-de-inovacao-nas-industrias\/3030010#event-location\" style=\"color:blue; text-decoration:underline\"><b><span style=\"font-size:14.0pt\">IBTeC | A Economia Circular como estrat&eacute;gia de inova&ccedil;&atilde;o nas ind&uacute;strias<\/span><\/b><\/a><span style=\"font-size:14.0pt\">, 23 de julho de 2025, 17h30 &agrave;s 19h30, evento presencial, sede IBTeC, Rua Arax&aacute;, 750 Ideal, Novo Hamburgo, RS, transmiss&atilde;o pelos canais IBTeC no <\/span><a href=\"https:\/\/www.youtube.com\/ibtecbrasil\" style=\"color:blue; text-decoration:underline\"><span style=\"font-size:14.0pt\">YouTube<\/span><\/a><span style=\"font-size:14.0pt\"> e <\/span><a href=\"https:\/\/www.instagram.com\/ibtecbrasil\/\" style=\"color:blue; text-decoration:underline\"><span style=\"font-size:14.0pt\">Instagram<\/span><\/a><\/span><\/span><\/span><\/p>\r\n\r\n<p style=\"text-align:justify\"><span style=\"font-size:11pt\"><span style=\"line-height:normal\"><span style=\"font-family:Calibri,sans-serif\"><a href=\"https:\/\/plasticosemrevista.com.br\/Seminario-saneamento-basico\/\" style=\"color:blue; text-decoration:underline\"><b><span style=\"font-size:14.0pt\">Saneamento B&aacute;sico, cinco anos de vig&ecirc;ncia do marco regulat&oacute;rio<\/span><\/b><\/a><span style=\"font-size:14.0pt\">, 24 de julho, evento presencial, Hotel Meli&aacute;, S&atilde;o Paulo<\/span><\/span><\/span><\/span><\/p>\r\n\r\n<p style=\"text-align:justify\"><span style=\"font-size:11pt\"><span style=\"line-height:normal\"><span style=\"font-family:Calibri,sans-serif\"><a href=\"https:\/\/www.youtube.com\/watch?v=Lb3bMcd2AMw\" style=\"color:blue; text-decoration:underline\"><b><span style=\"font-size:14.0pt\">Radar Tend&ecirc;ncias Sobratema: An&aacute;lises que antecipam o futuro do setor da constru&ccedil;&atilde;o e minera&ccedil;&atilde;o<\/span><\/b><\/a><span style=\"font-size:14.0pt\">, 24 de julho de 2025, 15h00, canal Sobratema YouTube<\/span><\/span><\/span><\/span><\/p>\r\n\r\n<p style=\"text-align:justify\"><span style=\"font-size:11pt\"><span style=\"line-height:normal\"><span style=\"font-family:Calibri,sans-serif\"><a href=\"https:\/\/abrava.com.br\/compromissos\/workshop-ar-condicionado-automotivo-2\/?utm_campaign=participe__workshop_ar_condicionado_automotivo&amp;utm_medium=email&amp;utm_source=RD+Station\" style=\"color:blue; text-decoration:underline\"><b><span style=\"font-size:14.0pt\">ABRAVA | Workshop Ar Condicionado Automotivo<\/span><\/b><\/a><span style=\"font-size:14.0pt\">, 26 de julho de 2025, 08h30 &agrave;s 12h30, evento presencial, sede ABRAVA, Av. Rio Branco, 1492, Campos El&iacute;seos, S&atilde;o Paulo, SP<\/span><\/span><\/span><\/span><\/p>\r\n\r\n<p style=\"text-align:justify\"><span style=\"font-size:11pt\"><span style=\"line-height:normal\"><span style=\"font-family:Calibri,sans-serif\"><a href=\"https:\/\/app.rdstation.email\/mail\/3759febf-229c-4837-985e-2aeef4948b61?utm_campaign=envio_2_radar_de_sustentabilidade_encontro_governanca&amp;utm_medium=email&amp;utm_source=RD+Station\" style=\"color:blue; text-decoration:underline\"><b><span style=\"font-size:14.0pt\">Workshop Texbrasil | Radar de Sustentabilidade - Dimens&atilde;o: Governan&ccedil;a<\/span><\/b><\/a><span style=\"font-size:14.0pt\">, 29 de julho de 2025, 10h &agrave;s 12h, evento online<\/span><\/span><\/span><\/span><\/p>\r\n\r\n<p style=\"text-align:justify\"><span style=\"font-size:11pt\"><span style=\"line-height:normal\"><span style=\"font-family:Calibri,sans-serif\"><a href=\"https:\/\/www.abicol.org\/encontro-das-industrias-de-colchoes-2025\/\" style=\"color:blue; text-decoration:underline\"><b><span style=\"font-size:14.0pt\">ABICOL | ENICOL 2025 - Encontro das Ind&uacute;strias de Colch&otilde;es<\/span><\/b><\/a><span style=\"font-size:14.0pt\">, 07 e 08 de agosto, evento presencial, Royal Tulip Bras&iacute;lia Alvorada<\/span><\/span><\/span><\/span><\/p>\r\n\r\n<p style=\"text-align:justify\"><span style=\"font-size:11pt\"><span style=\"line-height:normal\"><span style=\"font-family:Calibri,sans-serif\"><a href=\"https:\/\/horizons.fia.com.br\/?utm_campaign=apoio_institucional_horizons_2025&amp;utm_medium=email&amp;utm_source=RD+Station\" style=\"color:blue; text-decoration:underline\"><b><span style=\"font-size:14.0pt\">Horizons 2025 &ndash; Inova&ccedil;&atilde;o, Tecnologia e Neg&oacute;cios Unidos pelo Planeta<\/span><\/b><\/a><span style=\"font-size:14.0pt\">, 13 e 14 de agosto, FIA Business School, Birmann 21 e Centro de Inova&ccedil;&atilde;o Bruno Covas, S&atilde;o Paulo<\/span><\/span><\/span><\/span><\/p>\r\n\r\n<p style=\"text-align:justify\"><span style=\"font-size:11pt\"><span style=\"line-height:normal\"><span style=\"font-family:Calibri,sans-serif\"><a href=\"https:\/\/forumdemanufatura.com.br\/\" style=\"color:blue; text-decoration:underline\"><b><span style=\"font-size:14.0pt\">9&ordm; F&oacute;rum de Manufatura<\/span><\/b><\/a><span style=\"font-size:14.0pt\">, 18 e 19 de agosto de 2025, Novotel Center Norte, S&atilde;o Paulo, SP<\/span><\/span><\/span><\/span><\/p>\r\n\r\n<p style=\"text-align:justify\"><span style=\"font-size:11pt\"><span style=\"line-height:normal\"><span style=\"font-family:Calibri,sans-serif\"><a href=\"https:\/\/app.rdstation.email\/mail\/73f893e3-d4c4-47e1-a0ea-aa0aaf1cfda0?utm_campaign=convite_ws_inovacao&amp;utm_medium=email&amp;utm_source=RD+Station\" style=\"color:blue; text-decoration:underline\"><b><span style=\"font-size:14.0pt\">Workshop Abit | Transformando Inova&ccedil;&atilde;o em Resultado<\/span><\/b><\/a><span style=\"font-size:14.0pt\">, 20 de agosto de 2025, 09h &agrave;s 12h, evento h&iacute;brido<\/span><\/span><\/span><\/span><\/p>\r\n\r\n<p style=\"text-align:justify\"><span style=\"font-size:11pt\"><span style=\"line-height:normal\"><span style=\"font-family:Calibri,sans-serif\"><a href=\"https:\/\/sticni.sharepoint.com\/sites\/PublicShare\/Compartilhamentos\/Forms\/AllItems.aspx?id=%2Fsites%2FPublicShare%2FCompartilhamentos%2FCNI%2D133649%2FPrograma%20Imers%C3%B5es%20em%20Ecossistemas%2FImers%C3%A3o%20Finlandia%20em%20Economia%20Circular%2E%201%2Epdf&amp;parent=%2Fsites%2FPublicShare%2FCompartilhamentos%2FCNI%2D133649%2FPrograma%20Imers%C3%B5es%20em%20Ecossistemas&amp;p=true&amp;ga=1\" style=\"color:blue; text-decoration:underline\"><b><span style=\"font-size:14.0pt\">CNI | Imers&atilde;o Finl&acirc;ndia: Uma conex&atilde;o global com a Economia Circular<\/span><\/b><\/a><span style=\"font-size:14.0pt\">, 01 a 05 de setembro de 2025, inscri&ccedil;&otilde;es at&eacute; 10 de agosto de 2025 ou se encerrarem as vagas, cidades destinos: Helsinki (cidade base), Tampere e Espoo.<\/span><\/span><\/span><\/span><\/p>\r\n\r\n<p style=\"text-align:justify\"><span style=\"font-size:11pt\"><span style=\"line-height:normal\"><span style=\"font-family:Calibri,sans-serif\"><a href=\"https:\/\/www.conbrava.com.br\/\" style=\"color:blue; text-decoration:underline\"><b><span style=\"font-size:14.0pt\">CONBRAVA 2025<\/span><\/b><\/a><span style=\"font-size:14.0pt\">, 10 a 12 de setembro de 2025, S&atilde;o Paulo Expo, Rodovia dos Imigrantes, km 1,5<\/span><\/span><\/span><\/span><\/p>\r\n\r\n<p style=\"text-align:justify\"><span style=\"font-size:11pt\"><span style=\"line-height:normal\"><span style=\"font-family:Calibri,sans-serif\"><a href=\"https:\/\/paving.com.br\/\" style=\"color:blue; text-decoration:underline\"><b><span style=\"font-size:14.0pt\">Paving Expo 2025<\/span><\/b><\/a><span style=\"font-size:14.0pt\">, 23 a 25 de setembro de 2025, Distrito Anhembi, Rua Prof. Milton Rodrigues, s\/n, Santana, S&atilde;o Paulo, SP<\/span><\/span><\/span><\/span><\/p>\r\n\r\n<p style=\"text-align:justify\"><span style=\"font-size:11pt\"><span style=\"line-height:normal\"><span style=\"font-family:Calibri,sans-serif\"><a href=\"https:\/\/www.instagram.com\/sobeccnacional\/p\/DA1V8NZyhNK\/?img_index=1\" style=\"color:blue; text-decoration:underline\"><b><span style=\"font-size:14.0pt\">17&ordm; Congresso Brasileiro de Enfermagem em Centro Cir&uacute;rgico: &ldquo;O poder de cuidar&rdquo;<\/span><\/b><\/a><span style=\"font-size:14.0pt\">, 01 a 03 de outubro de 2025, Transamerica Expo Center, S&atilde;o Paulo, SP<\/span><\/span><\/span><\/span><\/p>\r\n\r\n<p style=\"text-align:justify\"><span style=\"font-size:11pt\"><span style=\"line-height:normal\"><span style=\"font-family:Calibri,sans-serif\"><a href=\"https:\/\/his.saudebusiness.com\/pt\/home.html\" style=\"color:blue; text-decoration:underline\"><b><span style=\"font-size:14.0pt\">Healthcare Innovation Show (HIS)<\/span><\/b><\/a><span style=\"font-size:14.0pt\">, 01 e 02 de outubro de 2025, 09h &agrave;s 18h, S&atilde;o Paulo Expo<\/span><\/span><\/span><\/span><\/p>\r\n\r\n<p style=\"text-align:justify\"><span style=\"font-size:11pt\"><span style=\"line-height:normal\"><span style=\"font-family:Calibri,sans-serif\"><a href=\"https:\/\/www.abrafiltros.org.br\/3o-seminario-brasileiro-de-filtros-acontecera-no-dia-08-de-outubro\/\" style=\"color:blue; text-decoration:underline\"><b><span style=\"font-size:14.0pt\">3&ordm; Semin&aacute;rio Brasileiro de Filtros<\/span><\/b><\/a><span style=\"font-size:14.0pt\">, 08 de outubro de 2025, evento presencial<\/span><\/span><\/span><\/span><\/p>\r\n\r\n<p style=\"text-align:justify\"><span style=\"font-size:11pt\"><span style=\"line-height:normal\"><span style=\"font-family:Calibri,sans-serif\"><a href=\"https:\/\/hospitalmed.com.br\/feira\/\" style=\"color:blue; text-decoration:underline\"><b><span style=\"font-size:14.0pt\">HospitalMed 2025<\/span><\/b><\/a><span style=\"font-size:14.0pt\">, 22 a 24 de outubro, Pernambuco Centro de Conven&ccedil;&otilde;es, Olinda<\/span><\/span><\/span><\/span><\/p>\r\n\r\n<p style=\"text-align:justify\"><span style=\"font-size:11pt\"><span style=\"line-height:normal\"><span style=\"font-family:Calibri,sans-serif\"><a href=\"https:\/\/www.congressoabit.com.br\/\" style=\"color:blue; text-decoration:underline\"><b><span style=\"font-size:14.0pt\">Congresso Internacional Abit 2025<\/span><\/b><\/a><span style=\"font-size:14.0pt\">, 29 e 30 de outubro, 08h &agrave;s 20h, FIESP, S&atilde;o Paulo, SP<\/span><\/span><\/span><\/span><\/p>\r\n\r\n<p style=\"text-align:justify\"><span style=\"font-size:11pt\"><span style=\"line-height:normal\"><span style=\"font-family:Calibri,sans-serif\"><a href=\"https:\/\/filtech.de\/\" style=\"color:blue; text-decoration:underline\"><b><span style=\"font-size:14.0pt\">Filtech 2026<\/span><\/b><\/a><span style=\"font-size:14.0pt\">, de 30 de junho a 2 de julho, Cologne, Alemanha<\/span><\/span><\/span><\/span><\/p>\r\n\r\n<p style=\"text-align:justify\"><span style=\"font-size:11pt\"><span style=\"line-height:normal\"><span style=\"font-family:Calibri,sans-serif\"><a href=\"https:\/\/ficons.com.br\/\" style=\"color:blue; text-decoration:underline\"><b><span style=\"font-size:14.0pt\">FICONS - Feira Internacional de Materiais, Equipamentos e Servi&ccedil;os da Constru&ccedil;&atilde;o<\/span><\/b><\/a><span style=\"font-size:14.0pt\">, 15 a 18 de setembro de 2026, Centro de Conven&ccedil;&otilde;es de Pernambuco Recife\/ Olinda<\/span><\/span><\/span><\/span><\/p>\r\n\r\n<p style=\"text-align:justify\"><span style=\"font-size:28pt\"><span style=\"font-family:Cambria,serif\"><span style=\"letter-spacing:-0.5pt\"><b><span style=\"font-size:18.0pt\"><span style=\"font-family:&quot;Calibri&quot;,sans-serif\"><span style=\"font-variant:small-caps\">Setor<\/span><\/span><\/span><\/b><\/span><\/span><\/span><\/p>\r\n\r\n<p style=\"text-align:justify\"><span style=\"font-size:11pt\"><span style=\"line-height:normal\"><span style=\"font-family:Calibri,sans-serif\"><a href=\"https:\/\/revistaoeste.com\/oestegeral\/2025\/07\/06\/murilo-soares-jardineiro-como-proteger-suas-plantas-do-frio\/\" style=\"color:blue; text-decoration:underline\"><span style=\"font-size:14.0pt\">N&atilde;otecidos: Murilo Soares, jardineiro &ldquo;Como proteger suas plantas do frio&rdquo;<\/span><\/a><\/span><\/span><\/span><\/p>\r\n\r\n<p style=\"text-align:justify\"><span style=\"font-size:11pt\"><span style=\"line-height:normal\"><span style=\"font-family:Calibri,sans-serif\"><a href=\"https:\/\/www.nonwovens-industry.com\/contents\/view_breaking-news\/2025-07-07\/new-york-to-mandate-diaper-labeling\/?utm_campaign=NON%20eNewsletter&amp;utm_medium=email&amp;_hsenc=p2ANqtz-_rfCbCoYMqeIqWDshRHiwK68O_3tp4_zkxYI__pfyRPQ81hOSUNZJ7C73OvAJDqqxsJ29kmKrvuRrsYieI-utqG1bkXg&amp;_hsmi=370729955&amp;utm_content=370729955&amp;utm_source=hs_email\" style=\"color:blue; text-decoration:underline\"><span lang=\"EN-US\" style=\"font-size:14.0pt\">New York to Mandate Diaper Labeling<\/span><\/a><\/span><\/span><\/span><\/p>\r\n\r\n<p style=\"text-align:justify\"><span style=\"font-size:11pt\"><span style=\"line-height:normal\"><span style=\"font-family:Calibri,sans-serif\"><a href=\"https:\/\/portalpersonalcare.com.br\/lean-manufacturing-na-industria-de-personal-care-uma-jornada-real-de-eficiencia-produtividade-e-transformacao-cultural\/?utm_campaign=colunistas_lean_manufacturing_na_industria_de_personal_care_uma_jornada_real_de_eficiencia_produtividade_e_transformacao_cultural&amp;utm_medium=email&amp;utm_source=RD+Station\" style=\"color:blue; text-decoration:underline\"><span style=\"font-size:14.0pt\">Lean Manufacturing na ind&uacute;stria de Personal Care: uma jornada real de efici&ecirc;ncia, produtividade e transforma&ccedil;&atilde;o cultural<\/span><\/a><\/span><\/span><\/span><\/p>\r\n\r\n<p style=\"text-align:justify\"><span style=\"font-size:11pt\"><span style=\"line-height:normal\"><span style=\"font-family:Calibri,sans-serif\"><a href=\"https:\/\/plasticosemrevista.com.br\/pp-china-deve-exportar-5-7-m-de-toneladas-este-ano\/\" style=\"color:blue; text-decoration:underline\"><span style=\"font-size:14.0pt\">PP: China deve exportar 5.7 M de toneladas este ano<\/span><\/a><\/span><\/span><\/span><\/p>\r\n\r\n<p style=\"text-align:justify\"><span style=\"font-size:11pt\"><span style=\"line-height:normal\"><span style=\"font-family:Calibri,sans-serif\"><a href=\"https:\/\/plasticosemrevista.com.br\/dow-decide-fechar-3-fabricas-na-europa\/\" style=\"color:blue; text-decoration:underline\"><span style=\"font-size:14.0pt\">Dow decide fechar 3 f&aacute;bricas na Europa<\/span><\/a><\/span><\/span><\/span><\/p>\r\n\r\n<p style=\"text-align:justify\"><span style=\"font-size:11pt\"><span style=\"line-height:normal\"><span style=\"font-family:Calibri,sans-serif\"><a href=\"https:\/\/tissueonline.com.br\/suzano-mogi-das-cruzes-amplia-portfolio-com-producao-de-lencos-faciais-mimmo\/\" style=\"color:blue; text-decoration:underline\"><span style=\"font-size:14.0pt\">Suzano Mogi das Cruzes amplia portf&oacute;lio com produ&ccedil;&atilde;o de len&ccedil;os faciais Mimmo<\/span><\/a><\/span><\/span><\/span><\/p>\r\n\r\n<p style=\"text-align:justify\"><span style=\"font-size:11pt\"><span style=\"line-height:normal\"><span style=\"font-family:Calibri,sans-serif\"><a href=\"http:\/\/clickemail.portalpersonalcare.com.br\/ls\/click?upn=u001.D2-2F0Tg0A29KXXLMT6ctG-2BYOihdDbc-2ByFrUFb3ZXMT9QLXNemXVVpszN6DTW2Cx2rWsjOkdMG3HQGl4sxw3p3-2BpN8A6yA658x0JyKLG9XSWEMwJa7xWQOOG0QLsVxM1ClvMX9oUOyxXuNw1OpiJy2cK97tjRvHuUe-2FKMmp-2FagO-2BhAq57t7gpD9EO5PQzvMJLtg3ZxYGe4rrkgUXkJ3bi-2FU9UotrC9Al7224TkOtKOjf4D-2BKvTL09QUdHjeix0vCVlNaBf-2FjS2Z6msAn1cVgYoU61KNCTj3eXn9hAIAdntWg0-3DK3ZO_T7N8BvZTOm04CQQMiyWztrpCjlUrRc4F7QzSgUIpTqDyHxxxhGpyWLohz7JoE2GE5NHlS-2BYZoX1R75Fh8KCze9GvCCb-2FinuNgc39g0Cdbe-2FcU8RlSBQhp5om11AQZQ-2FDPWySaXoOHSFH5r9UzQZnSHnrTBK4iEaWVx-2FXWBdeRzDN-2BXfTDEKiGPj-2Bu-2FKTLL0ohr9kkyIOgNiVjPr0pF8dNky6DWDbEkIUann3B6d7IpdcNbmx3EHIm4nQso1WbqZdD3-2Fl6pAwzfvJ0Y64HS2CFLhbxa1Z14-2BcuG4XE6pQGTJVjPxZLIi6E2ukdxMQVfbS5xmwW6zuye-2BtQbgKDK2Wh7Da-2BkURFzQLD3ZO2iyE4BVjw3SjnrnIPAvJb7TOo27ktdOO5p3w7p5dBB7pJuVabsWA3sIXtgXabFTj4ZfWVByS9YqZxO2ubMC4RJ2XKf0QWiazisPU7hFK1MFGk-2Bp3HZiGhfglWUWThkC-2F2eKoThEp7cVDOGVa8DGMKdC-2Bz8Q8j7Qpi9Mh2DAu-2BPQsJPgXlM5wtPw-2BPIrdRXOpmxROvik0eCaWvs3kuYkqRMZDYL02094H4tSrfDbHNLlkDpxMrHIoi4N-2BRJIanIa32jMqdsxmkcaMKHmtkWswkzECUJERwpKf8V5ABuMs4RHN2IW0Sw-3D-3D\" style=\"color:blue; text-decoration:underline\"><span style=\"font-size:14.0pt\">Drylock amplia unidade no Brasil com nova &aacute;rea de 2.100 m&sup2; e acelera expans&atilde;o para 2025<\/span><\/a><\/span><\/span><\/span><\/p>\r\n\r\n<p style=\"text-align:justify\"><span style=\"font-size:11pt\"><span style=\"line-height:normal\"><span style=\"font-family:Calibri,sans-serif\"><a href=\"http:\/\/clickemail.portalpersonalcare.com.br\/ls\/click?upn=u001.D2-2F0Tg0A29KXXLMT6ctG-2BYOihdDbc-2ByFrUFb3ZXMT9RGNCOJ4gkjO6kLePBpqT-2BbhA9ML4KCrjifzvNssPZg7q-2BzuxsWd-2F2c1pItqe6wa646MG7ohVPgjCsVJHzmQIjUlkaHtwbOTJwaamuz3hD7Y9ZwWRKiHWhRnQVTvKJtsLIMnQxFVcZoiImipqWoGEnuMqOwTp9RIOb6RGyhL0ch-2FlhACY27MQtGq3zdlma-2FpQjcG2bn6xvseGgqXW1Ldoq8IwJkxeF4-2FxAeYIpyNVaSvg-3D-3DGL49_T7N8BvZTOm04CQQMiyWztrpCjlUrRc4F7QzSgUIpTqDyHxxxhGpyWLohz7JoE2GE5NHlS-2BYZoX1R75Fh8KCze9GvCCb-2FinuNgc39g0Cdbe-2FcU8RlSBQhp5om11AQZQ-2FDPWySaXoOHSFH5r9UzQZnSHnrTBK4iEaWVx-2FXWBdeRzDN-2BXfTDEKiGPj-2Bu-2FKTLL0ohr9kkyIOgNiVjPr0pF8dNky6DWDbEkIUann3B6d7IpdcNbmx3EHIm4nQso1WbqZdD3-2Fl6pAwzfvJ0Y64HS2CFLhbxa1Z14-2BcuG4XE6pQGTJVjPxZLIi6E2ukdxMQVfbS5xmwW6zuye-2BtQbgKDK2Wh7Da-2BkURFzQLD3ZO2iyE4BVjw3SjnrnIPAvJb7TOo27ktdOO5p3w7p5dBB7pJuVabsWA3sIXtgXabFTj4ZfWVByS9YqZxO2ubMC4RJ2XKf0QWiazisPU7hFK1MFGk-2Bp3HZiGhfglWUWThkC-2F2eKoThEp7cVDOGVa8DGMKdC-2Bz8Q8Z9LPliugBKuWNHPzlMVLqNekq72NkUkRtlRRl98komFfVy6M6L683XLpbH6Eoh66qc7nwllofjYl9r4Z7-2F3LFAOV82fQK5-2B7E7ysbiiBcDAnWi2Y8xt-2BT31WCr9Qpov-2BanYj2ntl4h14eNay8WTjTA-3D-3D\" style=\"color:blue; text-decoration:underline\" target=\"_blank\"><span style=\"font-size:14.0pt\">Kimberly-Clark reafirma sua presen&ccedil;a na Col&ocirc;mbia com reconfigura&ccedil;&atilde;o industrial<\/span><\/a><\/span><\/span><\/span><\/p>\r\n\r\n<p style=\"text-align:justify\"><span style=\"font-size:11pt\"><span style=\"line-height:normal\"><span style=\"font-family:Calibri,sans-serif\"><a href=\"http:\/\/comunidadtextil.com\/wpnews\/2025\/06\/por-la-menor-demanda-mas-de-la-mitad-de-las-textiles-de-argentina-recorto-personal\/?utm_source=email_marketing&amp;utm_admin=28519&amp;utm_medium=email&amp;utm_campaign=NOTICIAS_de_las_Industrias_Textil_Confecciones_y_Moda\" style=\"color:blue; text-decoration:underline\"><span style=\"font-size:14.0pt\">Por la menor demanda m&aacute;s de la mitad de las textiles de Argentina recort&oacute; personal<\/span><\/a><\/span><\/span><\/span><\/p>\r\n\r\n<p style=\"text-align:justify\"><span style=\"font-size:11pt\"><span style=\"line-height:normal\"><span style=\"font-family:Calibri,sans-serif\"><a href=\"https:\/\/www.revistaplasticosul.com.br\/sustentabilidade\/distribuidora-nacional-lanca-solucao-financeira-digital-inedita-para-o-setor-de-resinas-plasticas\/\" style=\"color:blue; text-decoration:underline\"><span style=\"font-size:14.0pt\">Distribuidora nacional lan&ccedil;a solu&ccedil;&atilde;o financeira digital in&eacute;dita para o setor de resinas pl&aacute;sticas<\/span><\/a><\/span><\/span><\/span><\/p>\r\n\r\n<p style=\"text-align:justify\"><span style=\"font-size:28pt\"><span style=\"font-family:Cambria,serif\"><span style=\"letter-spacing:-0.5pt\"><b><span style=\"font-size:18.0pt\"><span style=\"font-family:&quot;Calibri&quot;,sans-serif\"><span style=\"font-variant:small-caps\">Ind&uacute;stria<\/span><\/span><\/span><\/b><\/span><\/span><\/span><\/p>\r\n\r\n<p style=\"text-align:justify\"><span style=\"font-size:11pt\"><span style=\"line-height:normal\"><span style=\"font-family:Calibri,sans-serif\"><a href=\"https:\/\/mercadoeconsumo.com.br\/10\/07\/2025\/economia\/tarifaco-de-trump-deve-causar-retracao-no-pib-e-queda-de-us-15-bi-nas-exportacoes\/?utm_campaign=news_fechamento_diario_-_1007&amp;utm_medium=email&amp;utm_source=RD+Station\" style=\"color:blue; text-decoration:underline\"><span style=\"font-size:14.0pt\">Tarifa&ccedil;o de Trump deve causar retra&ccedil;&atilde;o no PIB e queda de US$ 15 bi nas exporta&ccedil;&otilde;es<\/span><\/a><\/span><\/span><\/span><\/p>\r\n\r\n<p style=\"text-align:justify\"><span style=\"font-size:11pt\"><span style=\"line-height:normal\"><span style=\"font-family:Calibri,sans-serif\"><a href=\"https:\/\/www.correiobraziliense.com.br\/cb-brands\/brandedcontent\/abiquim\/2025\/07\/7197340-o-futuro-da-industria-quimica-esta-nas-maos-do-congresso.html\" style=\"color:blue; text-decoration:underline\"><span style=\"font-size:14.0pt\">O futuro da ind&uacute;stria qu&iacute;mica est&aacute; nas m&atilde;os do Congresso<\/span><\/a><\/span><\/span><\/span><\/p>\r\n\r\n<p style=\"text-align:justify\"><span style=\"font-size:11pt\"><span style=\"line-height:normal\"><span style=\"font-family:Calibri,sans-serif\"><a href=\"https:\/\/exclusivo.com.br\/negocios\/exportacoes-brasileiras-de-calcados-crescem-quase-9-no-primeiro-semestre\/\" style=\"color:blue; text-decoration:underline\"><span style=\"font-size:14.0pt\">Exporta&ccedil;&otilde;es brasileiras de cal&ccedil;ados crescem quase 9% no primeiro semestre<\/span><\/a><\/span><\/span><\/span><\/p>\r\n\r\n<p style=\"text-align:justify\"><span style=\"font-size:11pt\"><span style=\"line-height:normal\"><span style=\"font-family:Calibri,sans-serif\"><a href=\"https:\/\/agenciadenoticias.ibge.gov.br\/agencia-noticias\/2012-agencia-de-noticias\/noticias\/43955-com-queda-nos-materiais-e-alta-na-mao-de-obra-precos-da-construcao-sobem-0-88-em-junho\" style=\"color:blue; text-decoration:underline\"><span style=\"font-size:14.0pt\">Com queda nos materiais e alta na m&atilde;o de obra, pre&ccedil;os da constru&ccedil;&atilde;o sobem 0,88% em junho<\/span><\/a><\/span><\/span><\/span><\/p>\r\n\r\n<p style=\"text-align:justify\"><span style=\"font-size:11pt\"><span style=\"line-height:normal\"><span style=\"font-family:Calibri,sans-serif\"><a href=\"https:\/\/grandesconstrucoes.com.br\/Noticias\/Exibir\/programa-de-universalizacao-do-saneamento-basico-alcanca-218-cidades-em-sp?utm_source=akna&amp;utm_medium=email&amp;utm_campaign=Grandes-Construcoes-Informativo-970-10-07-2025&amp;utm_source=akna&amp;utm_medium=email&amp;utm_campaign=Grandes-Construcoes-Informativo-970-10-07-2025\" style=\"color:blue; text-decoration:underline\"><span style=\"font-size:14.0pt\">Programa de universaliza&ccedil;&atilde;o do saneamento b&aacute;sico alcan&ccedil;a 218 cidades em SP<\/span><\/a><\/span><\/span><\/span><\/p>\r\n\r\n<p style=\"text-align:justify\"><span style=\"font-size:11pt\"><span style=\"line-height:normal\"><span style=\"font-family:Calibri,sans-serif\"><a href=\"https:\/\/mercadoeconsumo.com.br\/09\/07\/2025\/economia\/governo-lanca-portal-regulatorio-que-podera-gerar-economia-de-r-50-bi-ao-ano-a-empresas\/?utm_campaign=news_fechamento_diario_-_0907&amp;utm_medium=email&amp;utm_source=RD+Station\" style=\"color:blue; text-decoration:underline\"><span style=\"font-size:14.0pt\">Governo lan&ccedil;a portal regulat&oacute;rio que poder&aacute; gerar economia de R$ 50 bi ao ano a empresas<\/span><\/a><\/span><\/span><\/span><\/p>\r\n\r\n<p style=\"text-align:justify\"><span style=\"font-size:28pt\"><span style=\"font-family:Cambria,serif\"><span style=\"letter-spacing:-0.5pt\"><b><span style=\"font-size:18.0pt\"><span style=\"font-family:&quot;Calibri&quot;,sans-serif\"><span style=\"font-variant:small-caps\">Sustentabilidade<\/span><\/span><\/span><\/b><\/span><\/span><\/span><\/p>\r\n\r\n<p style=\"text-align:justify\"><span style=\"font-size:11pt\"><span style=\"line-height:normal\"><span style=\"font-family:Calibri,sans-serif\"><a href=\"https:\/\/monitormercantil.com.br\/mais-de-80-dos-produtos-vendidos-como-ecologicos-sao-enganosos-no-pais\/\" style=\"color:blue; text-decoration:underline\"><span style=\"font-size:14.0pt\">Mais de 80% dos produtos vendidos como &lsquo;ecol&oacute;gicos&rsquo; s&atilde;o enganosos no pa&iacute;s<\/span><\/a><\/span><\/span><\/span><\/p>\r\n\r\n<p style=\"text-align:justify\"><span style=\"font-size:11pt\"><span style=\"line-height:normal\"><span style=\"font-family:Calibri,sans-serif\"><a href=\"https:\/\/www.innovationintextiles.com\/fibres-yarns-fabrics\/moving-on-from-automotive-shredder-residue\/\" style=\"color:blue; text-decoration:underline\"><span lang=\"EN-US\" style=\"font-size:14.0pt\">Moving on from automotive shredder residue<\/span><\/a><\/span><\/span><\/span><\/p>\r\n\r\n<p style=\"text-align:justify\"><span style=\"font-size:11pt\"><span style=\"line-height:normal\"><span style=\"font-family:Calibri,sans-serif\"><a href=\"https:\/\/www.meiofiltrante.com.br\/Noticia\/130818\/abrafiltros-e-apoiadora-institucional-da-12a-edicao-da-reciclacao-\" style=\"color:blue; text-decoration:underline\"><span style=\"font-size:14.0pt\">Abrafiltros &eacute; apoiadora institucional da 12&ordf; edi&ccedil;&atilde;o da RECICLA&Ccedil;&Atilde;O<\/span><\/a><\/span><\/span><\/span><\/p>\r\n\r\n<p style=\"text-align:justify\"><span style=\"font-size:11pt\"><span style=\"line-height:normal\"><span style=\"font-family:Calibri,sans-serif\"><a href=\"https:\/\/www.gov.br\/planalto\/pt-br\/acompanhe-o-planalto\/noticias\/2025\/07\/carros-mais-sustentaveis-seguros-e-economicos-vao-pagar-menos-imposto\" style=\"color:blue; text-decoration:underline\"><span style=\"font-size:14.0pt\">IPI Verde: carros mais sustent&aacute;veis, seguros e econ&ocirc;micos v&atilde;o pagar menos imposto<\/span><\/a><\/span><\/span><\/span><\/p>\r\n\r\n<p style=\"text-align:justify\"><span style=\"font-size:28pt\"><span style=\"font-family:Cambria,serif\"><span style=\"letter-spacing:-0.5pt\"><b><span style=\"font-size:18.0pt\"><span style=\"font-family:&quot;Calibri&quot;,sans-serif\"><span style=\"font-variant:small-caps\">Inova&ccedil;&atilde;o<\/span><\/span><\/span><\/b><\/span><\/span><\/span><\/p>\r\n\r\n<p style=\"text-align:justify\"><span style=\"font-size:11pt\"><span style=\"line-height:normal\"><span style=\"font-family:Calibri,sans-serif\"><a href=\"https:\/\/www.inovacaotecnologica.com.br\/noticias\/noticia.php?artigo=voo-corujas-tecnologia-recorde-reducao-ruido&amp;id=010170250714&amp;ebol=sim\" style=\"color:blue; text-decoration:underline\"><span style=\"font-size:14.0pt\">Voo das corujas inspira tecnologia recordista de redu&ccedil;&atilde;o de ru&iacute;do<\/span><\/a><\/span><\/span><\/span><\/p>\r\n\r\n<p style=\"text-align:justify\"><span style=\"font-size:11pt\"><span style=\"line-height:normal\"><span style=\"font-family:Calibri,sans-serif\"><a href=\"https:\/\/www.inovacaotecnologica.com.br\/noticias\/noticia.php?artigo=existe-algum-substituto-plastico&amp;id=010160250714&amp;ebol=sim#google_vignette\" style=\"color:blue; text-decoration:underline\"><span style=\"font-size:14.0pt\">Finalmente um substituto para o pl&aacute;stico?<\/span><\/a><\/span><\/span><\/span><\/p>\r\n\r\n<p style=\"text-align:justify\"><span style=\"font-size:11pt\"><span style=\"line-height:normal\"><span style=\"font-family:Calibri,sans-serif\"><a href=\"http:\/\/comunidadtextil.com\/wpnews\/2025\/07\/orange-fiber-la-cascara-de-naranja-vuelve-en-forma-de-una-fibra-sostenible-y-lujosa\/?utm_source=email_marketing&amp;utm_admin=28519&amp;utm_medium=email&amp;utm_campaign=NOTICIAS_de_las_Industrias_Textil_Confecciones_y_Moda\" style=\"color:blue; text-decoration:underline\"><span style=\"font-size:14.0pt\">Orange Fiber, la c&aacute;scara de naranja vuelve en forma de una fibra sostenible y lujosa<\/span><\/a><\/span><\/span><\/span><\/p>\r\n\r\n<p style=\"text-align:justify\"><span style=\"font-size:11pt\"><span style=\"line-height:normal\"><span style=\"font-family:Calibri,sans-serif\"><a href=\"https:\/\/www.innovationintextiles.com\/smart-textiles-nanotechnology\/first-standard-for-conductive-yarns\/\" style=\"color:blue; text-decoration:underline\"><span style=\"font-size:14.0pt\">First standard for conductive yarns<\/span><\/a><\/span><\/span><\/span><\/p>\r\n\r\n<p style=\"text-align:justify\"><span style=\"font-size:11pt\"><span style=\"line-height:normal\"><span style=\"font-family:Calibri,sans-serif\"><a href=\"https:\/\/www.gov.br\/inmetro\/pt-br\/centrais-de-conteudo\/noticias\/inmetro-e-mcti-avancam-em-projeto-para-certificacao-de-produtos-oriundos-da-nanotecnologia\" style=\"color:blue; text-decoration:underline\"><span style=\"font-size:14.0pt\">Inmetro e MCTI avan&ccedil;am em projeto para certifica&ccedil;&atilde;o de produtos oriundos da nanotecnologia<\/span><\/a><\/span><\/span><\/span><\/p>\r\n\r\n<p style=\"text-align:justify\"><span style=\"font-size:28pt\"><span style=\"font-family:Cambria,serif\"><span style=\"letter-spacing:-0.5pt\"><b><span style=\"font-size:18.0pt\"><span style=\"font-family:&quot;Calibri&quot;,sans-serif\"><span style=\"font-variant:small-caps\">Com&eacute;rcio Exterior<\/span><\/span><\/span><\/b><\/span><\/span><\/span><\/p>\r\n\r\n<p style=\"text-align:justify\"><span style=\"font-size:11pt\"><span style=\"line-height:normal\"><span style=\"font-family:Calibri,sans-serif\"><a href=\"https:\/\/www.fibre2fashion.com\/news\/textile-news\/trump-slaps-50-tariffs-on-brazil-over-bolsonaro-trial-lula-responds-303848-newsdetails.htm\" style=\"color:blue; text-decoration:underline\"><span lang=\"EN-US\" style=\"font-size:14.0pt\">Trump slaps 50% tariffs on Brazil over Bolsonaro trial; Lula responds<\/span><\/a><\/span><\/span><\/span><\/p>\r\n\r\n<p style=\"text-align:justify\"><span style=\"font-size:11pt\"><span style=\"line-height:normal\"><span style=\"font-family:Calibri,sans-serif\"><a href=\"https:\/\/noticias.portaldaindustria.com.br\/artigos\/ricardo-alban\/tarifaco-inoportuno-ou-oportunidade-para-fortalecer-relacao-bilateral\/\" style=\"color:blue; text-decoration:underline\"><span style=\"font-size:14.0pt\">Tarifa&ccedil;o inoportuno ou oportunidade para fortalecer rela&ccedil;&atilde;o bilateral?<\/span><\/a><\/span><\/span><\/span><\/p>\r\n\r\n<p style=\"text-align:justify\"><span style=\"font-size:11pt\"><span style=\"line-height:normal\"><span style=\"font-family:Calibri,sans-serif\"><a href=\"https:\/\/ibre.fgv.br\/blog-da-conjuntura-economica\/artigos\/livio-ribeiro-responde-ameaca-de-trump-alinhamento-aos-brics\" style=\"color:blue; text-decoration:underline\"><span style=\"font-size:14.0pt\">Livio Ribeiro responde: amea&ccedil;a de Trump a alinhamento aos Brics, pacote or&ccedil;ament&aacute;rio dos EUA e crescimento chin&ecirc;s<\/span><\/a><\/span><\/span><\/span><\/p>\r\n\r\n<p style=\"text-align:justify\"><span style=\"font-size:11pt\"><span style=\"line-height:normal\"><span style=\"font-family:Calibri,sans-serif\"><a href=\"https:\/\/exame.com\/brasil\/impactos-severos-setor-produtivo-manifesta-preocupacao-com-tarifa-de-50-anunciada-por-trump\/\" style=\"color:blue; text-decoration:underline\"><span style=\"font-size:14.0pt\">Entidades manifestam preocupa&ccedil;&atilde;o com efeitos de tarifa&ccedil;o de Trump: &#39;impactos severos&#39;<\/span><\/a><\/span><\/span><\/span><\/p>\r\n\r\n<p style=\"text-align:justify\"><span style=\"font-size:11pt\"><span style=\"line-height:normal\"><span style=\"font-family:Calibri,sans-serif\"><a href=\"https:\/\/portalibre.fgv.br\/noticias\/incertezas-crescem-com-o-tarifaco-de-trump-em-relacao-aos-rumos-da-balanca-comercial\" style=\"color:blue; text-decoration:underline\"><span style=\"font-size:14.0pt\">As incertezas crescem com o tarifa&ccedil;o de Trump em rela&ccedil;&atilde;o aos rumos da balan&ccedil;a comercial<\/span><\/a><\/span><\/span><\/span><\/p>\r\n\r\n<p style=\"text-align:justify\"><span style=\"font-size:11pt\"><span style=\"line-height:normal\"><span style=\"font-family:Calibri,sans-serif\"><a href=\"https:\/\/mercadoeconsumo.com.br\/08\/07\/2025\/noticias-varejo\/tarifas-podem-pressionar-inflacao-e-desacelerar-consumo-nos-eua-alerta-nrf\/?utm_campaign=news_fechamento_diario_-_0807&amp;utm_medium=email&amp;utm_source=RD+Station\" style=\"color:blue; text-decoration:underline\"><span style=\"font-size:14.0pt\">Tarifas podem pressionar infla&ccedil;&atilde;o e desacelerar consumo nos EUA, alerta NRF<\/span><\/a><\/span><\/span><\/span><\/p>\r\n\r\n<p style=\"text-align:justify\"><span style=\"font-size:11pt\"><span style=\"line-height:normal\"><span style=\"font-family:Calibri,sans-serif\"><a href=\"https:\/\/www.moveisdevalor.com.br\/portal\/impacto-da-taxa-antidumping-deixa-colchoeiros-preocupados?source=news\" style=\"color:blue; text-decoration:underline\"><span style=\"font-size:14.0pt\">Impacto da taxa antidumping deixa colchoeiros preocupados<\/span><\/a><\/span><\/span><\/span><\/p>\r\n\r\n<p style=\"text-align:justify\"><span style=\"font-size:11pt\"><span style=\"line-height:normal\"><span style=\"font-family:Calibri,sans-serif\"><a href=\"https:\/\/apexbrasil.com.br\/br\/pt\/conteudo\/noticias\/apexbrasil-e-china-promovem-webinar-sobre-o-concurso-de-inovacao.html#msdynmkt_trackingcontext=62d0712f-0f2e-47cc-bb28-f902f4ab0100\" style=\"color:blue; text-decoration:underline\"><span style=\"font-size:14.0pt\">ApexBrasil e China promovem webinar sobre o Concurso de Inova&ccedil;&atilde;o Industrial dos BRICS 2025<\/span><\/a><\/span><\/span><\/span><\/p>\r\n\r\n<p style=\"text-align:justify\"><span style=\"font-size:11pt\"><span style=\"line-height:normal\"><span style=\"font-family:Calibri,sans-serif\"><a href=\"https:\/\/plasticosemrevista.com.br\/proibido-dormir-no-ponto\/\" style=\"color:blue; text-decoration:underline\"><span style=\"font-size:14.0pt\">Proibido dormir no ponto: fornecedores de materiais nobres se preparam para a retomada em ano eleitoral<\/span><\/a><\/span><\/span><\/span><\/p>\r\n\r\n<p style=\"text-align:justify\"><span style=\"font-size:28pt\"><span style=\"font-family:Cambria,serif\"><span style=\"letter-spacing:-0.5pt\"><b><span style=\"font-size:18.0pt\"><span style=\"font-family:&quot;Calibri&quot;,sans-serif\"><span style=\"font-variant:small-caps\">Economia<\/span><\/span><\/span><\/b><\/span><\/span><\/span><\/p>\r\n\r\n<p style=\"text-align:justify\"><span style=\"font-size:11pt\"><span style=\"line-height:normal\"><span style=\"font-family:Calibri,sans-serif\"><a href=\"https:\/\/www.bcb.gov.br\/content\/focus\/focus\/R20250711.pdf\" style=\"color:blue; text-decoration:underline\"><span style=\"font-size:14.0pt\">Focus - Relat&oacute;rio de Mercado<\/span><\/a><\/span><\/span><\/span><\/p>\r\n\r\n<p style=\"text-align:justify\"><span style=\"font-size:11pt\"><span style=\"line-height:normal\"><span style=\"font-family:Calibri,sans-serif\"><a href=\"https:\/\/blogdoibre.fgv.br\/posts\/mais-uma-possivel-abertura-para-alterar-o-arcabouco-fiscal\" style=\"color:blue; text-decoration:underline\"><span style=\"font-size:14.0pt\">Mais uma poss&iacute;vel abertura para alterar o arcabou&ccedil;o fiscal<\/span><\/a><\/span><\/span><\/span><\/p>\r\n\r\n<p style=\"text-align:justify\"><span style=\"font-size:11pt\"><span style=\"line-height:normal\"><span style=\"font-family:Calibri,sans-serif\"><a href=\"https:\/\/portalibre.fgv.br\/noticias\/economia-cresceu-03-em-maio-na-comparacao-com-abril\" style=\"color:blue; text-decoration:underline\"><span style=\"font-size:14.0pt\">Economia cresceu 0,3% em maio, na compara&ccedil;&atilde;o com abril<\/span><\/a><\/span><\/span><\/span><\/p>\r\n\r\n<p style=\"text-align:justify\"><span style=\"font-size:11pt\"><span style=\"line-height:normal\"><span style=\"font-family:Calibri,sans-serif\"><a href=\"https:\/\/blogdoibre.fgv.br\/posts\/reoneracao-do-iof-e-regressiva\" style=\"color:blue; text-decoration:underline\"><span style=\"font-size:14.0pt\">A reonera&ccedil;&atilde;o do IOF &eacute; regressiva<\/span><\/a><\/span><\/span><\/span><\/p>\r\n\r\n<p style=\"text-align:justify\"><span style=\"font-size:11pt\"><span style=\"line-height:normal\"><span style=\"font-family:Calibri,sans-serif\"><a href=\"https:\/\/portalibre.fgv.br\/system\/files\/divulgacao\/noticias\/mat-complementar\/2025-07\/Monitor%20do%20PIB-FGV%20-%20Julho%20de%202025%20-%20Ref.%20de%20maio.pdf\" style=\"color:blue; text-decoration:underline\"><span style=\"font-size:14.0pt\">FGV IBRE | Monitor do PIB: Indicador mensal de maio de 2025<\/span><\/a><\/span><\/span><\/span><\/p>\r\n\r\n<p style=\"text-align:justify\">&nbsp;<\/p>\r\n\r\n<p style=\"text-align:justify\"><span style=\"font-size:11pt\"><span style=\"line-height:normal\"><span style=\"font-family:Calibri,sans-serif\"><span style=\"font-size:14.0pt\"><img src=\"https:\/\/www.abint.org.br\/assets\/img\/editor\/redes-sociais-abint-ctg-cth_20250722174554BZqU7o4ypm.jpg\" \/><\/span><\/span><\/span><\/span><\/p>\r\n","texto_en":"","7":"","imagem":"COMP_capa-2025-site-boletim-abint-noticias-semanis_202507221747193yXStsJR01.jpg","8":"COMP_capa-2025-site-boletim-abint-noticias-semanis_202507221747193yXStsJR01.jpg","arquivo":"20250715-BOLETIM-ABINT-DE-NOTICIAS-SEMANAIS.PDF","9":"20250715-BOLETIM-ABINT-DE-NOTICIAS-SEMANAIS.PDF","titulo_arquivo":"20250715 Boletim ABINT de Not\u00edcias Semanais","10":"20250715 Boletim ABINT de Not\u00edcias Semanais","titulo_arquivo_en":"","11":"","created_at":"2025-07-22 17:47:27","12":"2025-07-22 17:47:27","updated_at":"2025-07-22 17:47:27","13":"2025-07-22 17:47:27"},{"id":179,"0":179,"ordem":41,"1":41,"data":"2025-07-08","2":"2025-07-08","slug":"boletim-abint-de-noticias-semanais-83","3":"boletim-abint-de-noticias-semanais-83","titulo":"Boletim ABINT de Not\u00edcias Semanais","4":"Boletim ABINT de Not\u00edcias Semanais","titulo_en":"","5":"","texto":"<p style=\"text-align:justify\"><span style=\"font-size:11pt\"><span style=\"line-height:normal\"><span style=\"font-family:Calibri,sans-serif\"><span style=\"font-size:14.0pt\">Esta &eacute; uma compila&ccedil;&atilde;o das not&iacute;cias mais relevantes para o setor, incluindo informa&ccedil;&otilde;es sobre acordos internacionais, economia brasileira, sustentabilidade e mat&eacute;rias primas, al&eacute;m de novidades do setor de N&atilde;otecidos e Tecidos T&eacute;cnicos.<\/span><\/span><\/span><\/span><\/p>\r\n\r\n<p style=\"text-align:justify\"><span style=\"font-size:28pt\"><span style=\"font-family:Cambria,serif\"><span style=\"letter-spacing:-0.5pt\"><b><span style=\"font-size:18.0pt\"><span style=\"font-family:&quot;Calibri&quot;,sans-serif\"><span style=\"font-variant:small-caps\">O que vem por a&iacute;<\/span><\/span><\/span><\/b><\/span><\/span><\/span><\/p>\r\n\r\n<p style=\"text-align:justify\">&nbsp;<\/p>\r\n\r\n<p><b><img src=\"https:\/\/www.abint.org.br\/assets\/img\/editor\/abint-logo-2020-g_20250701192308UkkpnuOwWY.png\" style=\"width: 300px; height: 69px;\" \/><\/b><\/p>\r\n\r\n<h3><strong>PATROCINADORA DO<\/strong><\/h3>\r\n\r\n<p>&nbsp;<\/p>\r\n\r\n<p><strong><img src=\"https:\/\/www.abint.org.br\/assets\/img\/editor\/congresso-internacional-abit-2025_2025070119260431UGpa71Ly.png\" \/><\/strong><\/p>\r\n\r\n<p>&nbsp;<\/p>\r\n\r\n<p style=\"text-align:justify\"><span style=\"font-size:11pt\"><span style=\"line-height:normal\"><span style=\"font-family:Calibri,sans-serif\"><a href=\"https:\/\/www.congressoabit.com.br\/\" style=\"color:blue; text-decoration:underline\"><span style=\"font-size:14.0pt\">Acesse aqui mais informa&ccedil;&otilde;es<\/span><\/a><\/span><\/span><\/span><\/p>\r\n\r\n<p style=\"text-align:justify\"><span style=\"font-size:28pt\"><span style=\"font-family:Cambria,serif\"><span style=\"letter-spacing:-0.5pt\"><b><span style=\"font-size:18.0pt\"><span style=\"font-family:&quot;Calibri&quot;,sans-serif\"><span style=\"font-variant:small-caps\">Not&iacute;cias das Associadas<\/span><\/span><\/span><\/b><\/span><\/span><\/span><\/p>\r\n\r\n<p style=\"text-align:justify\"><span style=\"font-size:11pt\"><span style=\"line-height:normal\"><span style=\"font-family:Calibri,sans-serif\"><a href=\"https:\/\/blogdoplastico.wordpress.com\/\" style=\"color:blue; text-decoration:underline\"><span style=\"font-size:14.0pt\">Setor de N&atilde;o-tecidos busca competitividade<\/span><\/a><\/span><\/span><\/span><\/p>\r\n\r\n<p style=\"text-align:justify\"><span style=\"font-size:11pt\"><span style=\"line-height:normal\"><span style=\"font-family:Calibri,sans-serif\"><a href=\"https:\/\/www.cruzeirofm.com.br\/2025\/07\/04\/noticias\/jornalismo\/fibratex-cobertores-da-marca-oferecem-acolhimento-durante-todo-o-inverno\/\" style=\"color:blue; text-decoration:underline\"><span style=\"font-size:14.0pt\">Fibratex: cobertores da marca oferecem acolhimento durante todo o inverno<\/span><\/a><\/span><\/span><\/span><\/p>\r\n\r\n<p style=\"text-align:justify\"><span style=\"font-size:11pt\"><span style=\"line-height:normal\"><span style=\"font-family:Calibri,sans-serif\"><a href=\"https:\/\/www.globenewswire.com\/news-release\/2025\/06\/30\/3107582\/0\/en\/Inside-information-CEO-of-Suominen-Corporation-changes.html\" style=\"color:blue; text-decoration:underline\"><span lang=\"ES-AR\" style=\"font-size:14.0pt\">Inside information: CEO of Suominen Corporation changes<\/span><\/a><\/span><\/span><\/span><\/p>\r\n\r\n<p style=\"text-align:justify\">&nbsp;<\/p>\r\n\r\n<p style=\"text-align:justify\"><span style=\"font-size:11pt\"><span style=\"line-height:normal\"><span style=\"font-family:Calibri,sans-serif\"><b><span style=\"font-size:18.0pt\"><span style=\"font-variant:small-caps\">Eventos<\/span><\/span><\/b><\/span><\/span><\/span><\/p>\r\n\r\n<p style=\"text-align:justify\"><span style=\"font-size:11pt\"><span style=\"line-height:normal\"><span style=\"font-family:Calibri,sans-serif\"><a href=\"https:\/\/www.abnteducacao.com.br\/Simbologia_de_cuidados_aplicada_a_Etiquetagem_de_Texteis_ABNT_NBR_NM_ISO_3758\" style=\"color:blue; text-decoration:underline\"><b><span style=\"font-size:14.0pt\">Simbologia de cuidados aplicada a Etiquetagem de T&ecirc;xteis<\/span><\/b><\/a><span style=\"font-size:14.0pt\">, 08 a 11 de julho de 2025<\/span><\/span><\/span><\/span><\/p>\r\n\r\n<p style=\"text-align:justify\"><span style=\"font-size:11pt\"><span style=\"line-height:normal\"><span style=\"font-family:Calibri,sans-serif\"><a href=\"https:\/\/newenergyevents.com\/h2lac\/#msdynmkt_trackingcontext=285b615f-7efc-47ff-ad50-e7324a9e0100\" style=\"color:blue; text-decoration:underline\"><b><span lang=\"EN-US\" style=\"font-size:14.0pt\">5th Hydrogen Congress for Latin America &amp; the Caribbean<\/span><\/b><\/a><span lang=\"EN-US\" style=\"font-size:14.0pt\">, July 15 - 16, 2025, Grand Hyatt, S&atilde;o Paulo, Brasil<\/span><\/span><\/span><\/span><\/p>\r\n\r\n<p style=\"text-align:justify\"><span style=\"font-size:11pt\"><span style=\"line-height:normal\"><span style=\"font-family:Calibri,sans-serif\"><a href=\"https:\/\/plasticosemrevista.com.br\/Seminario-saneamento-basico\/\" style=\"color:blue; text-decoration:underline\"><b><span style=\"font-size:14.0pt\">Saneamento B&aacute;sico, cinco anos de vig&ecirc;ncia do marco regulat&oacute;rio<\/span><\/b><\/a><span style=\"font-size:14.0pt\">, 24 de julho, evento presencial, Hotel Meli&aacute;, S&atilde;o Paulo<\/span><\/span><\/span><\/span><\/p>\r\n\r\n<p style=\"text-align:justify\"><span style=\"font-size:11pt\"><span style=\"line-height:normal\"><span style=\"font-family:Calibri,sans-serif\"><a href=\"https:\/\/www.youtube.com\/watch?v=Lb3bMcd2AMw\" style=\"color:blue; text-decoration:underline\"><b><span style=\"font-size:14.0pt\">Radar Tend&ecirc;ncias Sobratema: An&aacute;lises que antecipam o futuro do setor da constru&ccedil;&atilde;o e minera&ccedil;&atilde;o<\/span><\/b><\/a><span style=\"font-size:14.0pt\">, 24 de julho de 2025, 15h00, canal Sobratema YouTube<\/span><\/span><\/span><\/span><\/p>\r\n\r\n<p style=\"text-align:justify\"><span style=\"font-size:11pt\"><span style=\"line-height:normal\"><span style=\"font-family:Calibri,sans-serif\"><a href=\"https:\/\/www.abicol.org\/encontro-das-industrias-de-colchoes-2025\/\" style=\"color:blue; text-decoration:underline\"><b><span style=\"font-size:14.0pt\">ABICOL | ENICOL 2025 - Encontro das Ind&uacute;strias de Colch&otilde;es<\/span><\/b><\/a><span style=\"font-size:14.0pt\">, 07 e 08 de agosto, evento presencial, Royal Tulip Bras&iacute;lia Alvorada<\/span><\/span><\/span><\/span><\/p>\r\n\r\n<p style=\"text-align:justify\"><span style=\"font-size:11pt\"><span style=\"line-height:normal\"><span style=\"font-family:Calibri,sans-serif\"><a href=\"https:\/\/horizons.fia.com.br\/?utm_campaign=apoio_institucional_horizons_2025&amp;utm_medium=email&amp;utm_source=RD+Station\" style=\"color:blue; text-decoration:underline\"><b><span style=\"font-size:14.0pt\">Horizons 2025 &ndash; Inova&ccedil;&atilde;o, Tecnologia e Neg&oacute;cios Unidos pelo Planeta<\/span><\/b><\/a><span style=\"font-size:14.0pt\">, 13 e 14 de agosto, FIA Business School, Birmann 21 e Centro de Inova&ccedil;&atilde;o Bruno Covas, S&atilde;o Paulo<\/span><\/span><\/span><\/span><\/p>\r\n\r\n<p style=\"text-align:justify\"><span style=\"font-size:11pt\"><span style=\"line-height:normal\"><span style=\"font-family:Calibri,sans-serif\"><a href=\"https:\/\/forumdemanufatura.com.br\/\" style=\"color:blue; text-decoration:underline\"><b><span style=\"font-size:14.0pt\">9&ordm; F&oacute;rum de Manufatura<\/span><\/b><\/a><span style=\"font-size:14.0pt\">, 18 e 19 de agosto de 2025, Novotel Center Norte, S&atilde;o Paulo, SP<\/span><\/span><\/span><\/span><\/p>\r\n\r\n<p style=\"text-align:justify\"><span style=\"font-size:11pt\"><span style=\"line-height:normal\"><span style=\"font-family:Calibri,sans-serif\"><a href=\"https:\/\/sticni.sharepoint.com\/sites\/PublicShare\/Compartilhamentos\/Forms\/AllItems.aspx?id=%2Fsites%2FPublicShare%2FCompartilhamentos%2FCNI%2D133649%2FPrograma%20Imers%C3%B5es%20em%20Ecossistemas%2FImers%C3%A3o%20Finlandia%20em%20Economia%20Circular%2E%201%2Epdf&amp;parent=%2Fsites%2FPublicShare%2FCompartilhamentos%2FCNI%2D133649%2FPrograma%20Imers%C3%B5es%20em%20Ecossistemas&amp;p=true&amp;ga=1\" style=\"color:blue; text-decoration:underline\"><b><span style=\"font-size:14.0pt\">CNI | Imers&atilde;o Finl&acirc;ndia: Uma conex&atilde;o global com a Economia Circular<\/span><\/b><\/a><span style=\"font-size:14.0pt\">, 01 a 05 de setembro de 2025, inscri&ccedil;&otilde;es at&eacute; 10 de agosto de 2025 ou se encerrarem as vagas, cidades destinos: Helsinki (cidade base), Tampere e Espoo.<\/span><\/span><\/span><\/span><\/p>\r\n\r\n<p style=\"text-align:justify\"><span style=\"font-size:11pt\"><span style=\"line-height:normal\"><span style=\"font-family:Calibri,sans-serif\"><a href=\"https:\/\/www.conbrava.com.br\/\" style=\"color:blue; text-decoration:underline\"><b><span style=\"font-size:14.0pt\">CONBRAVA 2025<\/span><\/b><\/a><span style=\"font-size:14.0pt\">, 10 a 12 de setembro de 2025, S&atilde;o Paulo Expo, Rodovia dos Imigrantes, km 1,5<\/span><\/span><\/span><\/span><\/p>\r\n\r\n<p style=\"text-align:justify\"><span style=\"font-size:11pt\"><span style=\"line-height:normal\"><span style=\"font-family:Calibri,sans-serif\"><a href=\"https:\/\/paving.com.br\/\" style=\"color:blue; text-decoration:underline\"><b><span style=\"font-size:14.0pt\">Paving Expo 2025<\/span><\/b><\/a><span style=\"font-size:14.0pt\">, 23 a 25 de setembro de 2025, Distrito Anhembi, Rua Prof. Milton Rodrigues, s\/n, Santana, S&atilde;o Paulo, SP<\/span><\/span><\/span><\/span><\/p>\r\n\r\n<p style=\"text-align:justify\"><span style=\"font-size:11pt\"><span style=\"line-height:normal\"><span style=\"font-family:Calibri,sans-serif\"><a href=\"https:\/\/www.instagram.com\/sobeccnacional\/p\/DA1V8NZyhNK\/?img_index=1\" style=\"color:blue; text-decoration:underline\"><b><span style=\"font-size:14.0pt\">17&ordm; Congresso Brasileiro de Enfermagem em Centro Cir&uacute;rgico: &ldquo;O poder de cuidar&rdquo;<\/span><\/b><\/a><span style=\"font-size:14.0pt\">, 01 a 03 de outubro de 2025, Transamerica Expo Center, S&atilde;o Paulo, SP<\/span><\/span><\/span><\/span><\/p>\r\n\r\n<p style=\"text-align:justify\"><span style=\"font-size:11pt\"><span style=\"line-height:normal\"><span style=\"font-family:Calibri,sans-serif\"><a href=\"https:\/\/his.saudebusiness.com\/pt\/home.html\" style=\"color:blue; text-decoration:underline\"><b><span style=\"font-size:14.0pt\">Healthcare Innovation Show (HIS)<\/span><\/b><\/a><span style=\"font-size:14.0pt\">, 01 e 02 de outubro de 2025, 09h &agrave;s 18h, S&atilde;o Paulo Expo<\/span><\/span><\/span><\/span><\/p>\r\n\r\n<p style=\"text-align:justify\"><span style=\"font-size:11pt\"><span style=\"line-height:normal\"><span style=\"font-family:Calibri,sans-serif\"><a href=\"https:\/\/www.abrafiltros.org.br\/3o-seminario-brasileiro-de-filtros-acontecera-no-dia-08-de-outubro\/\" style=\"color:blue; text-decoration:underline\"><b><span style=\"font-size:14.0pt\">3&ordm; Semin&aacute;rio Brasileiro de Filtros<\/span><\/b><\/a><span style=\"font-size:14.0pt\">, 08 de outubro de 2025, evento presencial<\/span><\/span><\/span><\/span><\/p>\r\n\r\n<p style=\"text-align:justify\"><span style=\"font-size:11pt\"><span style=\"line-height:normal\"><span style=\"font-family:Calibri,sans-serif\"><a href=\"https:\/\/hospitalmed.com.br\/feira\/\" style=\"color:blue; text-decoration:underline\"><b><span style=\"font-size:14.0pt\">HospitalMed 2025<\/span><\/b><\/a><span style=\"font-size:14.0pt\">, 22 a 24 de outubro, Pernambuco Centro de Conven&ccedil;&otilde;es, Olinda<\/span><\/span><\/span><\/span><\/p>\r\n\r\n<p style=\"text-align:justify\"><span style=\"font-size:11pt\"><span style=\"line-height:normal\"><span style=\"font-family:Calibri,sans-serif\"><a href=\"https:\/\/www.congressoabit.com.br\/\" style=\"color:blue; text-decoration:underline\"><b><span style=\"font-size:14.0pt\">Congresso Internacional Abit 2025<\/span><\/b><\/a><span style=\"font-size:14.0pt\">, 29 e 30 de outubro, 08h &agrave;s 20h, FIESP, S&atilde;o Paulo, SP<\/span><\/span><\/span><\/span><\/p>\r\n\r\n<p style=\"text-align:justify\"><span style=\"font-size:11pt\"><span style=\"line-height:normal\"><span style=\"font-family:Calibri,sans-serif\"><a href=\"https:\/\/filtech.de\/\" style=\"color:blue; text-decoration:underline\"><b><span style=\"font-size:14.0pt\">Filtech 2026<\/span><\/b><\/a><span style=\"font-size:14.0pt\">, de 30 de junho a 2 de julho, Cologne, Alemanha<\/span><\/span><\/span><\/span><\/p>\r\n\r\n<p style=\"text-align:justify\"><span style=\"font-size:11pt\"><span style=\"line-height:normal\"><span style=\"font-family:Calibri,sans-serif\"><a href=\"https:\/\/ficons.com.br\/\" style=\"color:blue; text-decoration:underline\"><b><span style=\"font-size:14.0pt\">FICONS - Feira Internacional de Materiais, Equipamentos e Servi&ccedil;os da Constru&ccedil;&atilde;o<\/span><\/b><\/a><span style=\"font-size:14.0pt\">, 15 a 18 de setembro de 2026, Centro de Conven&ccedil;&otilde;es de Pernambuco Recife\/ Olinda<\/span><\/span><\/span><\/span><\/p>\r\n\r\n<p style=\"text-align:justify\"><span style=\"font-size:28pt\"><span style=\"font-family:Cambria,serif\"><span style=\"letter-spacing:-0.5pt\"><b><span style=\"font-size:18.0pt\"><span style=\"font-family:&quot;Calibri&quot;,sans-serif\"><span style=\"font-variant:small-caps\">Setor<\/span><\/span><\/span><\/b><\/span><\/span><\/span><\/p>\r\n\r\n<p style=\"text-align:justify\"><span style=\"font-size:11pt\"><span style=\"line-height:normal\"><span style=\"font-family:Calibri,sans-serif\"><a href=\"https:\/\/ibsp.net.br\/estrategias-para-reduzir-iras-nas-utis-brasileiras\/\" style=\"color:blue; text-decoration:underline\"><span style=\"font-size:14.0pt\">White paper do Minist&eacute;rio da Sa&uacute;de refor&ccedil;a estrat&eacute;gias para reduzir IRAS nas UTIs brasileiras<\/span><\/a><\/span><\/span><\/span><\/p>\r\n\r\n<p style=\"text-align:justify\"><span style=\"font-size:11pt\"><span style=\"line-height:normal\"><span style=\"font-family:Calibri,sans-serif\"><a href=\"https:\/\/www.nonwovens-industry.com\/issues\/2025-02-01\/view_features\/spunlace-market-report-79091\/\" style=\"color:blue; text-decoration:underline\"><span style=\"font-size:14.0pt\">Spunlace Market Report<\/span><\/a><\/span><\/span><\/span><\/p>\r\n\r\n<p style=\"text-align:justify\"><span style=\"font-size:11pt\"><span style=\"line-height:normal\"><span style=\"font-family:Calibri,sans-serif\"><a href=\"https:\/\/plasticosemrevista.com.br\/pvc-expectativa-de-declinio-das-exportacoes-dos-eua\/\" style=\"color:blue; text-decoration:underline\"><span style=\"font-size:14.0pt\">PVC: expectativa de decl&iacute;nio das exporta&ccedil;&otilde;es dos EUA<\/span><\/a><\/span><\/span><\/span><\/p>\r\n\r\n<p style=\"text-align:justify\"><span style=\"font-size:11pt\"><span style=\"line-height:normal\"><span style=\"font-family:Calibri,sans-serif\"><a href=\"https:\/\/open.spotify.com\/episode\/5LyInG6ZPCrbv6mAu8lvjj?go=1&amp;sp_cid=9bf676bc30eb12f09a006a7e5de59e4d&amp;utm_source=embed_player_p&amp;utm_medium=desktop&amp;nd=1&amp;dlsi=9a79afc62b804220\" style=\"color:blue; text-decoration:underline\"><span style=\"font-size:14.0pt\">Distribui&ccedil;&atilde;o de resinas: Podcast Pl&aacute;sticos em Revista com Wilson Cataldi da Piramidal<\/span><\/a><\/span><\/span><\/span><\/p>\r\n\r\n<p style=\"text-align:justify\"><span style=\"font-size:11pt\"><span style=\"line-height:normal\"><span style=\"font-family:Calibri,sans-serif\"><a href=\"https:\/\/plasticosemrevista.com.br\/conjuntura-atraente-e-desafiadora-para-silos-bolsas-de-pe\/\" style=\"color:blue; text-decoration:underline\"><span style=\"font-size:14.0pt\">Conjuntura atraente e desafiadora para silos bolsas de PE<\/span><\/a><\/span><\/span><\/span><\/p>\r\n\r\n<p style=\"text-align:justify\"><span style=\"font-size:11pt\"><span style=\"line-height:normal\"><span style=\"font-family:Calibri,sans-serif\"><a href=\"http:\/\/clickemail.portalpersonalcare.com.br\/ls\/click?upn=u001.D2-2F0Tg0A29KXXLMT6ctG-2BYOihdDbc-2ByFrUFb3ZXMT9QGKroiCqrNADHlKYJ0PCIi-2Fb-2FvMJCSLAs3M4gsKwZu2PbpYQ19d3dirPD0pWFjWLDazzg6-2FNj8WSnQSBPotjL1abePWP8R5kNr0dHJ4kZyy5eOAXzpLYPj2kLi-2FyjME2VJibOKJVWpAOCMZqhkwT8deLpnMr5mh9dmGNFmIMU2E5-2FfSVvRANbw9Wmx2QOgkPYb1rOBQaAtu5i3mev2oLv1TxwzSVIB4g5yu9T6aDJyJTyX0RSt2zC5SQs27dzAw84-3DBhwh_T7N8BvZTOm04CQQMiyWztrpCjlUrRc4F7QzSgUIpTqDyHxxxhGpyWLohz7JoE2GE5NHlS-2BYZoX1R75Fh8KCze9GvCCb-2FinuNgc39g0Cdbe-2FcU8RlSBQhp5om11AQZQ-2FD-2Bbuklj-2FHn5aNcSZ1t79Q2Ib828Jwy7xLyAmnpUujKHpOkEZsNGDKvqaypyU5aVlAT2Trs3cWfUMCNRL6n8flByt8iA-2FTQzhOPHxJGural2GpZ20HYF-2F6yZ4VtcctFwiUaEQyXk8xGZrKpl1zqHbsjdZ07wriaLUengJD4zKkED4Z7f5eXpt9kXoOKLIM2wDCr6zF5jpeka657uFN9mLsCTR9SKysp0k3R22NRL6CLgaGWBS04OG5zo0Q5Ov8JgEvh9fHaxxu56bMVhv191EHyzR7aXSgqb8ouzt0Jaob4cg6jgh394b3cywjh4d6l14aIz-2Bf6w83jDYyeXLa9-2FJzNB62bQ2ogI-2F0TaTkp-2F74Qj-2FVNct2ghzmocXtpYoBgNBmg1BQqaifH6OwdWVMWXNiSY-2F2M66aQ4Tn7S072TJ-2FuddytSXWzsjAD4Erk28DVH-2Bz0o428wuq-2FEA-2Fhb7Fc0oJ-2B1YxgsTuqhgKiRX9uwe4-2BL74AJEOfuQ2EPY4tNDtoRiosOusern3x9PYloRiDKvCFA-3D-3D\" style=\"color:blue; text-decoration:underline\" target=\"_blank\"><span style=\"font-size:14.0pt\">Huggies lan&ccedil;a no Peru o primeiro modelo de fralda com tecnologia de dupla absor&ccedil;&atilde;o da Am&eacute;rica Latina<\/span><\/a><\/span><\/span><\/span><\/p>\r\n\r\n<p style=\"text-align:justify\"><span style=\"font-size:11pt\"><span style=\"line-height:normal\"><span style=\"font-family:Calibri,sans-serif\"><a href=\"https:\/\/public-api.wordpress.com\/bar\/?stat=groovemails-events&amp;bin=wpcom_email_click&amp;redirect_to=https%3A%2F%2Fblogdoplastico.wordpress.com%2F2025%2F07%2F06%2Fbraskem-apresenta-potencial-projeto-transforma-rio-durante-cerimonia-da-petrobras-no-rio-de-janeiro%2F&amp;sr=0&amp;signature=ef671144e85e9620e5b569bd2bc1b113&amp;blog_id=9438832&amp;user=135099004&amp;_e=eyJlcnJvciI6bnVsbCwiYmxvZ19pZCI6OTQzODgzMiwiYmxvZ19sYW5nIjoicHQtQlIiLCJzaXRlX2lkX2xhYmVsIjoid3Bjb20iLCJoYXNfZmVhdHVyZWRfaW1hZ2UiOiIwIiwic3Vic2NyaWJlcl9pZCI6IjQ0NzAwMjQ1IiwiX3VpIjoxMzUwOTkwMDQsImxvY2FsZSI6InB0LWJyIiwiY3VycmVuY3kiOiJCUkwiLCJjb3VudHJ5X2NvZGVfc2lnbnVwIjoiQlIiLCJzaWdudXBfZmxvd19uYW1lIjoiZGVsdGEtc2l0ZSIsImVtYWlsX2RvbWFpbiI6ImFiaW50Lm9yZy5iciIsInBvc3RfaWQiOjE5MTcyLCJ1c2VyX2VtYWlsIjoiYWJpbnRAYWJpbnQub3JnLmJyIiwiZGF0ZV9zZW50IjoiMjAyNS0wNy0wNyIsImVtYWlsX25hbWUiOiJuZXctcG9zdCIsInRlbXBsYXRlIjoibmV3LXBvc3QiLCJlbWFpbF9pZCI6IjRlZDAyZDJmZjk0ODcyODI3OWY4MWJlMmU4MzgxYTA3IiwibGlua19kZXNjIjoicG9zdC11cmwiLCJhbmNob3JfdGV4dCI6IkJyYXNrZW0gYXByZXNlbnRhIHBvdGVuY2lhbCBwcm9qZXRvIFRyYW5zZm9ybWEgUmlvIGR1cmFudGUgY2VyaW1cdTAwZjRuaWEgZGEgUGV0cm9icmFzIG5vIFJpbyBkZVx1MDBhMEphbmVpcm8iLCJfZHIiOm51bGwsIl9kbCI6Ilwvd3AtYWRtaW5cL3Bvc3QucGhwIiwiX3V0Ijoid3Bjb206dXNlcl9pZCIsIl91bCI6ImFiaW50dHQiLCJfZW4iOiJ3cGNvbV9lbWFpbF9jbGljayIsIl90cyI6MTc1MTg1NjM4NzMwOCwiYnJvd3Nlcl90eXBlIjoicGhwLWFnZW50IiwiX2F1YSI6IndwY29tLXRyYWNrcy1jbGllbnQtdjAuMyIsImJsb2dfdHoiOiItMyIsInVzZXJfbGFuZyI6InB0LWJyIn0&amp;_z=z\" style=\"color:blue; text-decoration:underline\"><span style=\"font-size:14.0pt\">Braskem apresenta potencial projeto Transforma Rio durante cerim&ocirc;nia da Petrobras no Rio de&nbsp;Janeiro<\/span><\/a><\/span><\/span><\/span><\/p>\r\n\r\n<p style=\"text-align:justify\"><span style=\"font-size:28pt\"><span style=\"font-family:Cambria,serif\"><span style=\"letter-spacing:-0.5pt\"><b><span style=\"font-size:18.0pt\"><span style=\"font-family:&quot;Calibri&quot;,sans-serif\"><span style=\"font-variant:small-caps\">Ind&uacute;stria<\/span><\/span><\/span><\/b><\/span><\/span><\/span><\/p>\r\n\r\n<p style=\"text-align:justify\"><span style=\"font-size:11pt\"><span style=\"line-height:normal\"><span style=\"font-family:Calibri,sans-serif\"><a href=\"https:\/\/bmcnews.com.br\/2025\/07\/03\/industria-quimica-alerta-para-risco-de-desindustrializacao-se-presiq-nao-for-aprovado\/\" style=\"color:blue; text-decoration:underline\"><span style=\"font-size:14.0pt\">Ind&uacute;stria qu&iacute;mica alerta para risco de desindustrializa&ccedil;&atilde;o se PRESIQ n&atilde;o for aprovado<\/span><\/a><\/span><\/span><\/span><\/p>\r\n\r\n<p style=\"text-align:justify\"><span style=\"font-size:11pt\"><span style=\"line-height:normal\"><span style=\"font-family:Calibri,sans-serif\"><a href=\"https:\/\/www.abcmais.com\/economia\/industria-calcadista-brasileira-cria-mais-de-10-mil-postos-de-trabalho-confira-detalhes\/\" style=\"color:blue; text-decoration:underline\"><span style=\"font-size:14.0pt\">Ind&uacute;stria cal&ccedil;adista brasileira cria mais de 10 mil postos de trabalho; confira detalhes<\/span><\/a><\/span><\/span><\/span><\/p>\r\n\r\n<p style=\"text-align:justify\"><span style=\"font-size:11pt\"><span style=\"line-height:normal\"><span style=\"font-family:Calibri,sans-serif\"><a href=\"https:\/\/cbic.org.br\/deu-na-midia-construcao-civil-registra-maior-nivel-de-empregos-dos-ultimos-12-anos-destaca-presidente-da-cbic-em-entrevista-a-tv-globo\/\" style=\"color:blue; text-decoration:underline\"><span style=\"font-size:14.0pt\">Constru&ccedil;&atilde;o civil registra maior n&iacute;vel de empregos dos &uacute;ltimos 12 anos, destaca presidente da CBIC<\/span><\/a><\/span><\/span><\/span><\/p>\r\n\r\n<p style=\"text-align:justify\"><span style=\"font-size:11pt\"><span style=\"line-height:normal\"><span style=\"font-family:Calibri,sans-serif\"><a href=\"https:\/\/portalibre.fgv.br\/noticias\/dnit-e-fgv-ibre-lancam-segunda-edicao-do-boletim-da-infraestrutura\" style=\"color:blue; text-decoration:underline\"><span style=\"font-size:14.0pt\">DNIT e FGV IBRE lan&ccedil;am segunda edi&ccedil;&atilde;o do Boletim da Infraestrutura!<\/span><\/a><\/span><\/span><\/span><\/p>\r\n\r\n<p style=\"text-align:justify\"><span style=\"font-size:28pt\"><span style=\"font-family:Cambria,serif\"><span style=\"letter-spacing:-0.5pt\"><b><span lang=\"EN-US\" style=\"font-size:18.0pt\"><span style=\"font-family:&quot;Calibri&quot;,sans-serif\"><span style=\"font-variant:small-caps\">Sustentabilidade<\/span><\/span><\/span><\/b><\/span><\/span><\/span><\/p>\r\n\r\n<p style=\"text-align:justify\"><span style=\"font-size:11pt\"><span style=\"line-height:normal\"><span style=\"font-family:Calibri,sans-serif\"><a href=\"https:\/\/www.fibre2fashion.com\/news\/technical-textiles\/japanese-giants-unite-for-car-to-car-recycling-drive-303646-newsdetails.htm\" style=\"color:blue; text-decoration:underline\"><span lang=\"EN-US\" style=\"font-size:14.0pt\">Japanese giants unite for car-to-car recycling drive<\/span><\/a><\/span><\/span><\/span><\/p>\r\n\r\n<p style=\"text-align:justify\"><span style=\"font-size:28pt\"><span style=\"font-family:Cambria,serif\"><span style=\"letter-spacing:-0.5pt\"><b><span style=\"font-size:18.0pt\"><span style=\"font-family:&quot;Calibri&quot;,sans-serif\"><span style=\"font-variant:small-caps\">Inova&ccedil;&atilde;o<\/span><\/span><\/span><\/b><\/span><\/span><\/span><\/p>\r\n\r\n<p style=\"text-align:justify\"><span style=\"font-size:11pt\"><span style=\"line-height:normal\"><span style=\"font-family:Calibri,sans-serif\"><a href=\"https:\/\/www.inovacaotecnologica.com.br\/noticias\/noticia.php?artigo=residuos-agricolas-se-tornar-roupas-futuro&amp;id=010125250630&amp;ebol=sim\" style=\"color:blue; text-decoration:underline\"><span style=\"font-size:14.0pt\">Res&iacute;duos agr&iacute;colas podem se tornar as roupas do futuro<\/span><\/a><\/span><\/span><\/span><\/p>\r\n\r\n<p style=\"text-align:justify\"><span style=\"font-size:11pt\"><span style=\"line-height:normal\"><span style=\"font-family:Calibri,sans-serif\"><a href=\"https:\/\/t.rdsv2.net\/ls\/click?upn=u001.SJ-2BHbcLStyE5mTD5OK48sq2JxFfkhvQ6eAz6nLBcupU-2FM6MbVXIUMjcTrIPfiDROXqEXIsxrmGCMTcUgCH3GevCVk9vnh29WBGbemise6mCQt0SFMPWu6A8Z0EMr2hc7dzCutdG4-2BixVUXGp2dAIDHkIyqYNde7ijbWb14sGQ0wqZPmN61HAPJiwLpvux0i8x5au208d8H21iCxENzWZ7kITmopM73RRbfjMYVA3q3SY9v9Hd3Nq8bCz8KeIqJlZRBY8ABPQN446rHwOVSo-2FEV9TAPGxZYBmOGRdCnvWXW0-3DVCbd_T7N8BvZTOm04CQQMiyWztrpCjlUrRc4F7QzSgUIpTqB5Yk-2Bt7YhUyk7lZRXmbFFsi-2Foe1q0kuwsCjfsBOqL9ZeKwOqG7ApazixuGEP6Z5SJuFg5bm15p-2FcAKNI6-2BqjB-2Byk2QTvkjlOp3al7BdMRlBpEMUAO5Z0BxaV4YuTePSud7sK2uPJ37Y7seZnNBWquyDc5ahBviG00LqrLKRklRtMS1ps1LEjnufUR1Kl99o70-2BRvtrOJLyZFs6eWu3uDsw8leoNfRjRcW2OT7NPK7mtdbRCQZOPdrtY5C-2FNfYDAO5XAKZ1e-2FTXzYan4Zx-2B00-2FBYPsRWADao87Pagaqab-2BOm3cCxZgJ62S5KFFkEIatwMadOw2zlxRtRvULyKhvuaiC13-2BmqqblN7mh0Yo34IonQJouTirI-2FfXF6g9PTzxraTz1br33qyEwjxiuT8wA1mC-2FfLQ-2FHSV3yIcZi35dC-2FC8wXMd7q6rZ9D6LNMkyjTH3N2DkXN5GKLfcnYWPu0l5-2Fu37nBjmCY-2BGbUyMBmrNyGMpeDkqgfoIl-2Bwgnt21H8myGEy4tf3A-2FY0YJnYGIb5-2F9klhFV434x0KWPrHzcJxjT8DA7S55jmMueVyNX3ZSnFeGt9jS3fnRjLFwoexkYAKwXgTVljlVERDPnKjJSNsVR2LQ-3D-3D\" style=\"color:blue; text-decoration:underline\" target=\"_blank\" title=\"Renova lan\u00e7a linha de pap\u00e9is tissue feita a partir de tecidos reciclados e amplia presen\u00e7a internacional\"><span style=\"font-size:14.0pt\">Renova lan&ccedil;a linha de pap&eacute;is tissue feita a partir de tecidos reciclados e amplia presen&ccedil;a internacional<\/span><\/a><\/span><\/span><\/span><\/p>\r\n\r\n<p style=\"text-align:justify\"><span style=\"font-size:11pt\"><span style=\"line-height:normal\"><span style=\"font-family:Calibri,sans-serif\"><a href=\"https:\/\/economiaempauta.com.br\/da-reciclagem-para-a-farmacia-bacteria-modificada-pode-transformar-garrafa-pet-em-paracetamol\/\" style=\"color:blue; text-decoration:underline\"><span style=\"font-size:14.0pt\">Da reciclagem para a farm&aacute;cia: bact&eacute;ria modificada pode transformar garrafa PET em paracetamol<\/span><\/a><\/span><\/span><\/span><\/p>\r\n\r\n<p style=\"text-align:justify\"><span style=\"font-size:11pt\"><span style=\"line-height:normal\"><span style=\"font-family:Calibri,sans-serif\"><a href=\"https:\/\/www.inovacaotecnologica.com.br\/noticias\/noticia.php?artigo=revestimento-antichama-suporta-fogo-15-minutos&amp;id=010160250707&amp;ebol=sim#google_vignette\" style=\"color:blue; text-decoration:underline\"><span style=\"font-size:14.0pt\">Revestimento antichama suporta fogo a 1.400 &deg;C por mais de 15 minutos<\/span><\/a><\/span><\/span><\/span><\/p>\r\n\r\n<p style=\"text-align:justify\"><span style=\"font-size:28pt\"><span style=\"font-family:Cambria,serif\"><span style=\"letter-spacing:-0.5pt\"><b><span style=\"font-size:18.0pt\"><span style=\"font-family:&quot;Calibri&quot;,sans-serif\"><span style=\"font-variant:small-caps\">Com&eacute;rcio Exterior<\/span><\/span><\/span><\/b><\/span><\/span><\/span><\/p>\r\n\r\n<p style=\"text-align:justify\"><span style=\"font-size:11pt\"><span style=\"line-height:normal\"><span style=\"font-family:Calibri,sans-serif\"><a href=\"https:\/\/www.gov.br\/planalto\/pt-br\/acompanhe-o-planalto\/noticias\/2025\/06\/acordo-mercosul-efta-amplia-oportunidades-de-exportacao-de-produtos-brasileiros-para-a-europa\" style=\"color:blue; text-decoration:underline\"><span style=\"font-size:14.0pt\">Acordo MERCOSUL-EFTA amplia oportunidades de exporta&ccedil;&atilde;o de produtos brasileiros para a Europa<\/span><\/a><\/span><\/span><\/span><\/p>\r\n\r\n<p style=\"text-align:justify\"><span style=\"font-size:11pt\"><span style=\"line-height:normal\"><span style=\"font-family:Calibri,sans-serif\"><a href=\"https:\/\/www.mercosur.int\/comunicadomercosurefta\/\" style=\"color:blue; text-decoration:underline\"><span style=\"font-size:14.0pt\">Comunicado Conjunto de los Estados Partes del MERCOSUR y EFTA sobre conclusi&oacute;n de las negociaciones de un Tratado de Libre Comercio<\/span><\/a><\/span><\/span><\/span><\/p>\r\n\r\n<p style=\"text-align:justify\"><span style=\"font-size:11pt\"><span style=\"line-height:normal\"><span style=\"font-family:Calibri,sans-serif\"><a href=\"https:\/\/anba.com.br\/no-comando-do-mercosul-brasil-priorizara-acordos\/\" style=\"color:blue; text-decoration:underline\"><span style=\"font-size:14.0pt\">No comando do Mercosul, Brasil priorizar&aacute; acordos<\/span><\/a><\/span><\/span><\/span><\/p>\r\n\r\n<p style=\"text-align:justify\"><span style=\"font-size:11pt\"><span style=\"line-height:normal\"><span style=\"font-family:Calibri,sans-serif\"><a href=\"http:\/\/clickemail.portalpersonalcare.com.br\/ls\/click?upn=u001.D2-2F0Tg0A29KXXLMT6ctG-2BYOihdDbc-2ByFrUFb3ZXMT9RmEc82x-2Bj1c-2FRRUd2GLe71EugdfM7SP3UEJQPJf-2FbiU7Yz4KHrGwiKLPomNXGeCdqclHoCoYj1br3v3lGFjFarbEDnKyIaE0tIaGo8Msi-2Fz8NEoHtvxOaUDE044p4QxBqh7gmQzGHIzfAtafxRGnax33thnKZnAHMQg-2FSPXm22rdpEpcC-2FbhRDGP4HDaoIrw6xeOdOOB3ev5GNqH5jxQactAPZQfSxyTtKLuNY8ShUx6KoxFLX6uKV0KQyCFno84LvqnngDcHwW73-2F-2FBgpv8vsM6y__T7N8BvZTOm04CQQMiyWztrpCjlUrRc4F7QzSgUIpTqDyHxxxhGpyWLohz7JoE2GE5NHlS-2BYZoX1R75Fh8KCze9GvCCb-2FinuNgc39g0Cdbe-2FcU8RlSBQhp5om11AQZQ-2FD8fZ1L1ES5tSJJo7g9ouco-2B6ZaT5Drj95SeWiVAtgOQJ2GAi-2BGIC2IjvL4cACWAYTGQfNma20qZy2LX6ew5E2fxLpxyeYwpFskQ7uG2yuonLEXZqARwjRYVOEDDOXGhRvDQ9-2BPqEH-2BRg69s99mBfEuFS28B0ccyHjPfDNiV5ZNrlkzJmH8LTRVIUt0-2BejaofSRlPsplYw-2BHOR57dTOyaF6K05rUh8WZ13UbqMAvLG7drtMRSJTDA2FLI93jSNrv-2F42c1u7TN-2B8ozChj5NJMV4d72FXVpm5KZ2EJAPloPLuUc9VD-2Bgpk031fXOnFQaLxA0Yu8geLoKWfWGg0KMHBCOhUocU8g3pCFC7ixksnLqwpTQYnqmSVsB6BRWCwRXHQE-2BLPok3rfwCUWrmARd0Z6ddFv2dI7vz6R4DXexRh71Og9aUAAMgGohhWdF57JZzTCfp-2BRi2U4jKtLSl9-2BvXqsh9RzP8C5Xe4J-2B7Rc-2FoRHyxkMRPnsIWu7HfOceqox-2BkBvtV8xcYaq7THd26XWbEapWl7SA6-2BoceEPdHztdc0HzRceVyPE3WRh06uLQP0xfaqy4eZqmFDMF6DtZaq7BeFmmrOLpCTNTbblyzxFosGhZZAM-3D\" style=\"color:blue; text-decoration:underline\" target=\"_blank\"><span style=\"font-size:14.0pt\">Brasil Fora da Rota? Geopol&iacute;tica, log&iacute;stica e o risco de relev&acirc;ncia<\/span><\/a><\/span><\/span><\/span><\/p>\r\n\r\n<p style=\"text-align:justify\"><span style=\"font-size:11pt\"><span style=\"line-height:normal\"><span style=\"font-family:Calibri,sans-serif\"><a href=\"https:\/\/apexbrasil.com.br\/br\/pt\/conteudo\/noticias\/Brasil-avanca-na-articulacao-de-investimentos-chineses-em-desdobramento-do-Forum-Empresarial-China-Brasil.html#msdynmkt_trackingcontext=72bdb07e-824b-4905-916b-c114c0450300\" style=\"color:blue; text-decoration:underline\"><span style=\"font-size:14.0pt\">Brasil avan&ccedil;a na articula&ccedil;&atilde;o de investimentos chineses em desdobramento do F&oacute;rum Empresarial China-Brasil<\/span><\/a><\/span><\/span><\/span><\/p>\r\n\r\n<p style=\"text-align:justify\"><span style=\"font-size:11pt\"><span style=\"line-height:normal\"><span style=\"font-family:Calibri,sans-serif\"><a href=\"https:\/\/www.gov.br\/mdic\/pt-br\/assuntos\/noticias\/2025\/junho\/mercosul-aprova-maior-flexibilidade-tarifaria-para-enfrentar-desafios-do-comercio-internacional\" style=\"color:blue; text-decoration:underline\"><span style=\"font-size:14.0pt\">Mercosul aprova maior flexibilidade tarif&aacute;ria para enfrentar desafios do com&eacute;rcio internacional<\/span><\/a><\/span><\/span><\/span><\/p>\r\n\r\n<p style=\"text-align:justify\"><span style=\"font-size:11pt\"><span style=\"line-height:normal\"><span style=\"font-family:Calibri,sans-serif\"><a href=\"https:\/\/noticias.portaldaindustria.com.br\/noticias\/internacional\/cebrics-elenca-24-barreiras-que-dificultam-o-comercio-entre-os-paises-do-bloco\/\" style=\"color:blue; text-decoration:underline\"><span style=\"font-size:14.0pt\">CEBRICS elenca 24 barreiras que dificultam o com&eacute;rcio entre os pa&iacute;ses do bloco<\/span><\/a><\/span><\/span><\/span><\/p>\r\n\r\n<p style=\"text-align:justify\"><span style=\"font-size:28pt\"><span style=\"font-family:Cambria,serif\"><span style=\"letter-spacing:-0.5pt\"><b><span style=\"font-size:18.0pt\"><span style=\"font-family:&quot;Calibri&quot;,sans-serif\"><span style=\"font-variant:small-caps\">Economia<\/span><\/span><\/span><\/b><\/span><\/span><\/span><\/p>\r\n\r\n<p style=\"text-align:justify\"><span style=\"font-size:11pt\"><span style=\"line-height:normal\"><span style=\"font-family:Calibri,sans-serif\"><a href=\"https:\/\/www.bcb.gov.br\/content\/focus\/focus\/R20250704.pdf\" style=\"color:blue; text-decoration:underline\"><span style=\"font-size:14.0pt\">Focus - Relat&oacute;rio de Mercado<\/span><\/a><\/span><\/span><\/span><\/p>\r\n\r\n<p style=\"text-align:justify\"><span style=\"font-size:11pt\"><span style=\"line-height:normal\"><span style=\"font-family:Calibri,sans-serif\"><a href=\"https:\/\/www.bcb.gov.br\/controleinflacao\/focusdistribuicoesfrequencia\" style=\"color:blue; text-decoration:underline\"><span style=\"font-size:14.0pt\">Focus &ndash; Distribui&ccedil;&otilde;es de Frequ&ecirc;ncia das Expectativas de Mercado para IPCA, Selic, PIB e C&acirc;mbio.<\/span><\/a><\/span><\/span><\/span><\/p>\r\n\r\n<p style=\"text-align:justify\"><span style=\"font-size:11pt\"><span style=\"line-height:normal\"><span style=\"font-family:Calibri,sans-serif\"><a href=\"https:\/\/www.youtube.com\/watch?v=5cwepRaqzJ0\" style=\"color:blue; text-decoration:underline\"><span style=\"font-size:14.0pt\">Conex&atilde;o Econ&ocirc;mica | Os caminhos e desafios da infraestrutura no Brasil<\/span><\/a><\/span><\/span><\/span><\/p>\r\n\r\n<p style=\"text-align:justify\"><span style=\"font-size:11pt\"><span style=\"line-height:normal\"><span style=\"font-family:Calibri,sans-serif\"><a href=\"https:\/\/portalibre.fgv.br\/system\/files\/divulgacao\/noticias\/mat-complementar\/2025-07\/Apresenta%C3%A7%C3%A3o%20-%20S%C3%ADntese%20das%20Sondagens%20-%20Junho%202025.pdf\" style=\"color:blue; text-decoration:underline\"><span style=\"font-size:14.0pt\">&Iacute;ndice de Confian&ccedil;a Empresarial (ICE) e o &Iacute;ndice de Confian&ccedil;a do Consumidor (ICC)<\/span><\/a><\/span><\/span><\/span><\/p>\r\n\r\n<p style=\"text-align:justify\">&nbsp;<\/p>\r\n\r\n<p style=\"text-align:justify\"><img src=\"https:\/\/www.abint.org.br\/assets\/img\/editor\/redes-sociais-abint-ctg-cth_20250610164521Me6phPlAL1.jpg\" \/><\/p>\r\n\r\n<p style=\"text-align:justify\">&nbsp;<\/p>\r\n","6":"<p style=\"text-align:justify\"><span style=\"font-size:11pt\"><span style=\"line-height:normal\"><span style=\"font-family:Calibri,sans-serif\"><span style=\"font-size:14.0pt\">Esta &eacute; uma compila&ccedil;&atilde;o das not&iacute;cias mais relevantes para o setor, incluindo informa&ccedil;&otilde;es sobre acordos internacionais, economia brasileira, sustentabilidade e mat&eacute;rias primas, al&eacute;m de novidades do setor de N&atilde;otecidos e Tecidos T&eacute;cnicos.<\/span><\/span><\/span><\/span><\/p>\r\n\r\n<p style=\"text-align:justify\"><span style=\"font-size:28pt\"><span style=\"font-family:Cambria,serif\"><span style=\"letter-spacing:-0.5pt\"><b><span style=\"font-size:18.0pt\"><span style=\"font-family:&quot;Calibri&quot;,sans-serif\"><span style=\"font-variant:small-caps\">O que vem por a&iacute;<\/span><\/span><\/span><\/b><\/span><\/span><\/span><\/p>\r\n\r\n<p style=\"text-align:justify\">&nbsp;<\/p>\r\n\r\n<p><b><img src=\"https:\/\/www.abint.org.br\/assets\/img\/editor\/abint-logo-2020-g_20250701192308UkkpnuOwWY.png\" style=\"width: 300px; height: 69px;\" \/><\/b><\/p>\r\n\r\n<h3><strong>PATROCINADORA DO<\/strong><\/h3>\r\n\r\n<p>&nbsp;<\/p>\r\n\r\n<p><strong><img src=\"https:\/\/www.abint.org.br\/assets\/img\/editor\/congresso-internacional-abit-2025_2025070119260431UGpa71Ly.png\" \/><\/strong><\/p>\r\n\r\n<p>&nbsp;<\/p>\r\n\r\n<p style=\"text-align:justify\"><span style=\"font-size:11pt\"><span style=\"line-height:normal\"><span style=\"font-family:Calibri,sans-serif\"><a href=\"https:\/\/www.congressoabit.com.br\/\" style=\"color:blue; text-decoration:underline\"><span style=\"font-size:14.0pt\">Acesse aqui mais informa&ccedil;&otilde;es<\/span><\/a><\/span><\/span><\/span><\/p>\r\n\r\n<p style=\"text-align:justify\"><span style=\"font-size:28pt\"><span style=\"font-family:Cambria,serif\"><span style=\"letter-spacing:-0.5pt\"><b><span style=\"font-size:18.0pt\"><span style=\"font-family:&quot;Calibri&quot;,sans-serif\"><span style=\"font-variant:small-caps\">Not&iacute;cias das Associadas<\/span><\/span><\/span><\/b><\/span><\/span><\/span><\/p>\r\n\r\n<p style=\"text-align:justify\"><span style=\"font-size:11pt\"><span style=\"line-height:normal\"><span style=\"font-family:Calibri,sans-serif\"><a href=\"https:\/\/blogdoplastico.wordpress.com\/\" style=\"color:blue; text-decoration:underline\"><span style=\"font-size:14.0pt\">Setor de N&atilde;o-tecidos busca competitividade<\/span><\/a><\/span><\/span><\/span><\/p>\r\n\r\n<p style=\"text-align:justify\"><span style=\"font-size:11pt\"><span style=\"line-height:normal\"><span style=\"font-family:Calibri,sans-serif\"><a href=\"https:\/\/www.cruzeirofm.com.br\/2025\/07\/04\/noticias\/jornalismo\/fibratex-cobertores-da-marca-oferecem-acolhimento-durante-todo-o-inverno\/\" style=\"color:blue; text-decoration:underline\"><span style=\"font-size:14.0pt\">Fibratex: cobertores da marca oferecem acolhimento durante todo o inverno<\/span><\/a><\/span><\/span><\/span><\/p>\r\n\r\n<p style=\"text-align:justify\"><span style=\"font-size:11pt\"><span style=\"line-height:normal\"><span style=\"font-family:Calibri,sans-serif\"><a href=\"https:\/\/www.globenewswire.com\/news-release\/2025\/06\/30\/3107582\/0\/en\/Inside-information-CEO-of-Suominen-Corporation-changes.html\" style=\"color:blue; text-decoration:underline\"><span lang=\"ES-AR\" style=\"font-size:14.0pt\">Inside information: CEO of Suominen Corporation changes<\/span><\/a><\/span><\/span><\/span><\/p>\r\n\r\n<p style=\"text-align:justify\">&nbsp;<\/p>\r\n\r\n<p style=\"text-align:justify\"><span style=\"font-size:11pt\"><span style=\"line-height:normal\"><span style=\"font-family:Calibri,sans-serif\"><b><span style=\"font-size:18.0pt\"><span style=\"font-variant:small-caps\">Eventos<\/span><\/span><\/b><\/span><\/span><\/span><\/p>\r\n\r\n<p style=\"text-align:justify\"><span style=\"font-size:11pt\"><span style=\"line-height:normal\"><span style=\"font-family:Calibri,sans-serif\"><a href=\"https:\/\/www.abnteducacao.com.br\/Simbologia_de_cuidados_aplicada_a_Etiquetagem_de_Texteis_ABNT_NBR_NM_ISO_3758\" style=\"color:blue; text-decoration:underline\"><b><span style=\"font-size:14.0pt\">Simbologia de cuidados aplicada a Etiquetagem de T&ecirc;xteis<\/span><\/b><\/a><span style=\"font-size:14.0pt\">, 08 a 11 de julho de 2025<\/span><\/span><\/span><\/span><\/p>\r\n\r\n<p style=\"text-align:justify\"><span style=\"font-size:11pt\"><span style=\"line-height:normal\"><span style=\"font-family:Calibri,sans-serif\"><a href=\"https:\/\/newenergyevents.com\/h2lac\/#msdynmkt_trackingcontext=285b615f-7efc-47ff-ad50-e7324a9e0100\" style=\"color:blue; text-decoration:underline\"><b><span lang=\"EN-US\" style=\"font-size:14.0pt\">5th Hydrogen Congress for Latin America &amp; the Caribbean<\/span><\/b><\/a><span lang=\"EN-US\" style=\"font-size:14.0pt\">, July 15 - 16, 2025, Grand Hyatt, S&atilde;o Paulo, Brasil<\/span><\/span><\/span><\/span><\/p>\r\n\r\n<p style=\"text-align:justify\"><span style=\"font-size:11pt\"><span style=\"line-height:normal\"><span style=\"font-family:Calibri,sans-serif\"><a href=\"https:\/\/plasticosemrevista.com.br\/Seminario-saneamento-basico\/\" style=\"color:blue; text-decoration:underline\"><b><span style=\"font-size:14.0pt\">Saneamento B&aacute;sico, cinco anos de vig&ecirc;ncia do marco regulat&oacute;rio<\/span><\/b><\/a><span style=\"font-size:14.0pt\">, 24 de julho, evento presencial, Hotel Meli&aacute;, S&atilde;o Paulo<\/span><\/span><\/span><\/span><\/p>\r\n\r\n<p style=\"text-align:justify\"><span style=\"font-size:11pt\"><span style=\"line-height:normal\"><span style=\"font-family:Calibri,sans-serif\"><a href=\"https:\/\/www.youtube.com\/watch?v=Lb3bMcd2AMw\" style=\"color:blue; text-decoration:underline\"><b><span style=\"font-size:14.0pt\">Radar Tend&ecirc;ncias Sobratema: An&aacute;lises que antecipam o futuro do setor da constru&ccedil;&atilde;o e minera&ccedil;&atilde;o<\/span><\/b><\/a><span style=\"font-size:14.0pt\">, 24 de julho de 2025, 15h00, canal Sobratema YouTube<\/span><\/span><\/span><\/span><\/p>\r\n\r\n<p style=\"text-align:justify\"><span style=\"font-size:11pt\"><span style=\"line-height:normal\"><span style=\"font-family:Calibri,sans-serif\"><a href=\"https:\/\/www.abicol.org\/encontro-das-industrias-de-colchoes-2025\/\" style=\"color:blue; text-decoration:underline\"><b><span style=\"font-size:14.0pt\">ABICOL | ENICOL 2025 - Encontro das Ind&uacute;strias de Colch&otilde;es<\/span><\/b><\/a><span style=\"font-size:14.0pt\">, 07 e 08 de agosto, evento presencial, Royal Tulip Bras&iacute;lia Alvorada<\/span><\/span><\/span><\/span><\/p>\r\n\r\n<p style=\"text-align:justify\"><span style=\"font-size:11pt\"><span style=\"line-height:normal\"><span style=\"font-family:Calibri,sans-serif\"><a href=\"https:\/\/horizons.fia.com.br\/?utm_campaign=apoio_institucional_horizons_2025&amp;utm_medium=email&amp;utm_source=RD+Station\" style=\"color:blue; text-decoration:underline\"><b><span style=\"font-size:14.0pt\">Horizons 2025 &ndash; Inova&ccedil;&atilde;o, Tecnologia e Neg&oacute;cios Unidos pelo Planeta<\/span><\/b><\/a><span style=\"font-size:14.0pt\">, 13 e 14 de agosto, FIA Business School, Birmann 21 e Centro de Inova&ccedil;&atilde;o Bruno Covas, S&atilde;o Paulo<\/span><\/span><\/span><\/span><\/p>\r\n\r\n<p style=\"text-align:justify\"><span style=\"font-size:11pt\"><span style=\"line-height:normal\"><span style=\"font-family:Calibri,sans-serif\"><a href=\"https:\/\/forumdemanufatura.com.br\/\" style=\"color:blue; text-decoration:underline\"><b><span style=\"font-size:14.0pt\">9&ordm; F&oacute;rum de Manufatura<\/span><\/b><\/a><span style=\"font-size:14.0pt\">, 18 e 19 de agosto de 2025, Novotel Center Norte, S&atilde;o Paulo, SP<\/span><\/span><\/span><\/span><\/p>\r\n\r\n<p style=\"text-align:justify\"><span style=\"font-size:11pt\"><span style=\"line-height:normal\"><span style=\"font-family:Calibri,sans-serif\"><a href=\"https:\/\/sticni.sharepoint.com\/sites\/PublicShare\/Compartilhamentos\/Forms\/AllItems.aspx?id=%2Fsites%2FPublicShare%2FCompartilhamentos%2FCNI%2D133649%2FPrograma%20Imers%C3%B5es%20em%20Ecossistemas%2FImers%C3%A3o%20Finlandia%20em%20Economia%20Circular%2E%201%2Epdf&amp;parent=%2Fsites%2FPublicShare%2FCompartilhamentos%2FCNI%2D133649%2FPrograma%20Imers%C3%B5es%20em%20Ecossistemas&amp;p=true&amp;ga=1\" style=\"color:blue; text-decoration:underline\"><b><span style=\"font-size:14.0pt\">CNI | Imers&atilde;o Finl&acirc;ndia: Uma conex&atilde;o global com a Economia Circular<\/span><\/b><\/a><span style=\"font-size:14.0pt\">, 01 a 05 de setembro de 2025, inscri&ccedil;&otilde;es at&eacute; 10 de agosto de 2025 ou se encerrarem as vagas, cidades destinos: Helsinki (cidade base), Tampere e Espoo.<\/span><\/span><\/span><\/span><\/p>\r\n\r\n<p style=\"text-align:justify\"><span style=\"font-size:11pt\"><span style=\"line-height:normal\"><span style=\"font-family:Calibri,sans-serif\"><a href=\"https:\/\/www.conbrava.com.br\/\" style=\"color:blue; text-decoration:underline\"><b><span style=\"font-size:14.0pt\">CONBRAVA 2025<\/span><\/b><\/a><span style=\"font-size:14.0pt\">, 10 a 12 de setembro de 2025, S&atilde;o Paulo Expo, Rodovia dos Imigrantes, km 1,5<\/span><\/span><\/span><\/span><\/p>\r\n\r\n<p style=\"text-align:justify\"><span style=\"font-size:11pt\"><span style=\"line-height:normal\"><span style=\"font-family:Calibri,sans-serif\"><a href=\"https:\/\/paving.com.br\/\" style=\"color:blue; text-decoration:underline\"><b><span style=\"font-size:14.0pt\">Paving Expo 2025<\/span><\/b><\/a><span style=\"font-size:14.0pt\">, 23 a 25 de setembro de 2025, Distrito Anhembi, Rua Prof. Milton Rodrigues, s\/n, Santana, S&atilde;o Paulo, SP<\/span><\/span><\/span><\/span><\/p>\r\n\r\n<p style=\"text-align:justify\"><span style=\"font-size:11pt\"><span style=\"line-height:normal\"><span style=\"font-family:Calibri,sans-serif\"><a href=\"https:\/\/www.instagram.com\/sobeccnacional\/p\/DA1V8NZyhNK\/?img_index=1\" style=\"color:blue; text-decoration:underline\"><b><span style=\"font-size:14.0pt\">17&ordm; Congresso Brasileiro de Enfermagem em Centro Cir&uacute;rgico: &ldquo;O poder de cuidar&rdquo;<\/span><\/b><\/a><span style=\"font-size:14.0pt\">, 01 a 03 de outubro de 2025, Transamerica Expo Center, S&atilde;o Paulo, SP<\/span><\/span><\/span><\/span><\/p>\r\n\r\n<p style=\"text-align:justify\"><span style=\"font-size:11pt\"><span style=\"line-height:normal\"><span style=\"font-family:Calibri,sans-serif\"><a href=\"https:\/\/his.saudebusiness.com\/pt\/home.html\" style=\"color:blue; text-decoration:underline\"><b><span style=\"font-size:14.0pt\">Healthcare Innovation Show (HIS)<\/span><\/b><\/a><span style=\"font-size:14.0pt\">, 01 e 02 de outubro de 2025, 09h &agrave;s 18h, S&atilde;o Paulo Expo<\/span><\/span><\/span><\/span><\/p>\r\n\r\n<p style=\"text-align:justify\"><span style=\"font-size:11pt\"><span style=\"line-height:normal\"><span style=\"font-family:Calibri,sans-serif\"><a href=\"https:\/\/www.abrafiltros.org.br\/3o-seminario-brasileiro-de-filtros-acontecera-no-dia-08-de-outubro\/\" style=\"color:blue; text-decoration:underline\"><b><span style=\"font-size:14.0pt\">3&ordm; Semin&aacute;rio Brasileiro de Filtros<\/span><\/b><\/a><span style=\"font-size:14.0pt\">, 08 de outubro de 2025, evento presencial<\/span><\/span><\/span><\/span><\/p>\r\n\r\n<p style=\"text-align:justify\"><span style=\"font-size:11pt\"><span style=\"line-height:normal\"><span style=\"font-family:Calibri,sans-serif\"><a href=\"https:\/\/hospitalmed.com.br\/feira\/\" style=\"color:blue; text-decoration:underline\"><b><span style=\"font-size:14.0pt\">HospitalMed 2025<\/span><\/b><\/a><span style=\"font-size:14.0pt\">, 22 a 24 de outubro, Pernambuco Centro de Conven&ccedil;&otilde;es, Olinda<\/span><\/span><\/span><\/span><\/p>\r\n\r\n<p style=\"text-align:justify\"><span style=\"font-size:11pt\"><span style=\"line-height:normal\"><span style=\"font-family:Calibri,sans-serif\"><a href=\"https:\/\/www.congressoabit.com.br\/\" style=\"color:blue; text-decoration:underline\"><b><span style=\"font-size:14.0pt\">Congresso Internacional Abit 2025<\/span><\/b><\/a><span style=\"font-size:14.0pt\">, 29 e 30 de outubro, 08h &agrave;s 20h, FIESP, S&atilde;o Paulo, SP<\/span><\/span><\/span><\/span><\/p>\r\n\r\n<p style=\"text-align:justify\"><span style=\"font-size:11pt\"><span style=\"line-height:normal\"><span style=\"font-family:Calibri,sans-serif\"><a href=\"https:\/\/filtech.de\/\" style=\"color:blue; text-decoration:underline\"><b><span style=\"font-size:14.0pt\">Filtech 2026<\/span><\/b><\/a><span style=\"font-size:14.0pt\">, de 30 de junho a 2 de julho, Cologne, Alemanha<\/span><\/span><\/span><\/span><\/p>\r\n\r\n<p style=\"text-align:justify\"><span style=\"font-size:11pt\"><span style=\"line-height:normal\"><span style=\"font-family:Calibri,sans-serif\"><a href=\"https:\/\/ficons.com.br\/\" style=\"color:blue; text-decoration:underline\"><b><span style=\"font-size:14.0pt\">FICONS - Feira Internacional de Materiais, Equipamentos e Servi&ccedil;os da Constru&ccedil;&atilde;o<\/span><\/b><\/a><span style=\"font-size:14.0pt\">, 15 a 18 de setembro de 2026, Centro de Conven&ccedil;&otilde;es de Pernambuco Recife\/ Olinda<\/span><\/span><\/span><\/span><\/p>\r\n\r\n<p style=\"text-align:justify\"><span style=\"font-size:28pt\"><span style=\"font-family:Cambria,serif\"><span style=\"letter-spacing:-0.5pt\"><b><span style=\"font-size:18.0pt\"><span style=\"font-family:&quot;Calibri&quot;,sans-serif\"><span style=\"font-variant:small-caps\">Setor<\/span><\/span><\/span><\/b><\/span><\/span><\/span><\/p>\r\n\r\n<p style=\"text-align:justify\"><span style=\"font-size:11pt\"><span style=\"line-height:normal\"><span style=\"font-family:Calibri,sans-serif\"><a href=\"https:\/\/ibsp.net.br\/estrategias-para-reduzir-iras-nas-utis-brasileiras\/\" style=\"color:blue; text-decoration:underline\"><span style=\"font-size:14.0pt\">White paper do Minist&eacute;rio da Sa&uacute;de refor&ccedil;a estrat&eacute;gias para reduzir IRAS nas UTIs brasileiras<\/span><\/a><\/span><\/span><\/span><\/p>\r\n\r\n<p style=\"text-align:justify\"><span style=\"font-size:11pt\"><span style=\"line-height:normal\"><span style=\"font-family:Calibri,sans-serif\"><a href=\"https:\/\/www.nonwovens-industry.com\/issues\/2025-02-01\/view_features\/spunlace-market-report-79091\/\" style=\"color:blue; text-decoration:underline\"><span style=\"font-size:14.0pt\">Spunlace Market Report<\/span><\/a><\/span><\/span><\/span><\/p>\r\n\r\n<p style=\"text-align:justify\"><span style=\"font-size:11pt\"><span style=\"line-height:normal\"><span style=\"font-family:Calibri,sans-serif\"><a href=\"https:\/\/plasticosemrevista.com.br\/pvc-expectativa-de-declinio-das-exportacoes-dos-eua\/\" style=\"color:blue; text-decoration:underline\"><span style=\"font-size:14.0pt\">PVC: expectativa de decl&iacute;nio das exporta&ccedil;&otilde;es dos EUA<\/span><\/a><\/span><\/span><\/span><\/p>\r\n\r\n<p style=\"text-align:justify\"><span style=\"font-size:11pt\"><span style=\"line-height:normal\"><span style=\"font-family:Calibri,sans-serif\"><a href=\"https:\/\/open.spotify.com\/episode\/5LyInG6ZPCrbv6mAu8lvjj?go=1&amp;sp_cid=9bf676bc30eb12f09a006a7e5de59e4d&amp;utm_source=embed_player_p&amp;utm_medium=desktop&amp;nd=1&amp;dlsi=9a79afc62b804220\" style=\"color:blue; text-decoration:underline\"><span style=\"font-size:14.0pt\">Distribui&ccedil;&atilde;o de resinas: Podcast Pl&aacute;sticos em Revista com Wilson Cataldi da Piramidal<\/span><\/a><\/span><\/span><\/span><\/p>\r\n\r\n<p style=\"text-align:justify\"><span style=\"font-size:11pt\"><span style=\"line-height:normal\"><span style=\"font-family:Calibri,sans-serif\"><a href=\"https:\/\/plasticosemrevista.com.br\/conjuntura-atraente-e-desafiadora-para-silos-bolsas-de-pe\/\" style=\"color:blue; text-decoration:underline\"><span style=\"font-size:14.0pt\">Conjuntura atraente e desafiadora para silos bolsas de PE<\/span><\/a><\/span><\/span><\/span><\/p>\r\n\r\n<p style=\"text-align:justify\"><span style=\"font-size:11pt\"><span style=\"line-height:normal\"><span style=\"font-family:Calibri,sans-serif\"><a href=\"http:\/\/clickemail.portalpersonalcare.com.br\/ls\/click?upn=u001.D2-2F0Tg0A29KXXLMT6ctG-2BYOihdDbc-2ByFrUFb3ZXMT9QGKroiCqrNADHlKYJ0PCIi-2Fb-2FvMJCSLAs3M4gsKwZu2PbpYQ19d3dirPD0pWFjWLDazzg6-2FNj8WSnQSBPotjL1abePWP8R5kNr0dHJ4kZyy5eOAXzpLYPj2kLi-2FyjME2VJibOKJVWpAOCMZqhkwT8deLpnMr5mh9dmGNFmIMU2E5-2FfSVvRANbw9Wmx2QOgkPYb1rOBQaAtu5i3mev2oLv1TxwzSVIB4g5yu9T6aDJyJTyX0RSt2zC5SQs27dzAw84-3DBhwh_T7N8BvZTOm04CQQMiyWztrpCjlUrRc4F7QzSgUIpTqDyHxxxhGpyWLohz7JoE2GE5NHlS-2BYZoX1R75Fh8KCze9GvCCb-2FinuNgc39g0Cdbe-2FcU8RlSBQhp5om11AQZQ-2FD-2Bbuklj-2FHn5aNcSZ1t79Q2Ib828Jwy7xLyAmnpUujKHpOkEZsNGDKvqaypyU5aVlAT2Trs3cWfUMCNRL6n8flByt8iA-2FTQzhOPHxJGural2GpZ20HYF-2F6yZ4VtcctFwiUaEQyXk8xGZrKpl1zqHbsjdZ07wriaLUengJD4zKkED4Z7f5eXpt9kXoOKLIM2wDCr6zF5jpeka657uFN9mLsCTR9SKysp0k3R22NRL6CLgaGWBS04OG5zo0Q5Ov8JgEvh9fHaxxu56bMVhv191EHyzR7aXSgqb8ouzt0Jaob4cg6jgh394b3cywjh4d6l14aIz-2Bf6w83jDYyeXLa9-2FJzNB62bQ2ogI-2F0TaTkp-2F74Qj-2FVNct2ghzmocXtpYoBgNBmg1BQqaifH6OwdWVMWXNiSY-2F2M66aQ4Tn7S072TJ-2FuddytSXWzsjAD4Erk28DVH-2Bz0o428wuq-2FEA-2Fhb7Fc0oJ-2B1YxgsTuqhgKiRX9uwe4-2BL74AJEOfuQ2EPY4tNDtoRiosOusern3x9PYloRiDKvCFA-3D-3D\" style=\"color:blue; text-decoration:underline\" target=\"_blank\"><span style=\"font-size:14.0pt\">Huggies lan&ccedil;a no Peru o primeiro modelo de fralda com tecnologia de dupla absor&ccedil;&atilde;o da Am&eacute;rica Latina<\/span><\/a><\/span><\/span><\/span><\/p>\r\n\r\n<p style=\"text-align:justify\"><span style=\"font-size:11pt\"><span style=\"line-height:normal\"><span style=\"font-family:Calibri,sans-serif\"><a href=\"https:\/\/public-api.wordpress.com\/bar\/?stat=groovemails-events&amp;bin=wpcom_email_click&amp;redirect_to=https%3A%2F%2Fblogdoplastico.wordpress.com%2F2025%2F07%2F06%2Fbraskem-apresenta-potencial-projeto-transforma-rio-durante-cerimonia-da-petrobras-no-rio-de-janeiro%2F&amp;sr=0&amp;signature=ef671144e85e9620e5b569bd2bc1b113&amp;blog_id=9438832&amp;user=135099004&amp;_e=eyJlcnJvciI6bnVsbCwiYmxvZ19pZCI6OTQzODgzMiwiYmxvZ19sYW5nIjoicHQtQlIiLCJzaXRlX2lkX2xhYmVsIjoid3Bjb20iLCJoYXNfZmVhdHVyZWRfaW1hZ2UiOiIwIiwic3Vic2NyaWJlcl9pZCI6IjQ0NzAwMjQ1IiwiX3VpIjoxMzUwOTkwMDQsImxvY2FsZSI6InB0LWJyIiwiY3VycmVuY3kiOiJCUkwiLCJjb3VudHJ5X2NvZGVfc2lnbnVwIjoiQlIiLCJzaWdudXBfZmxvd19uYW1lIjoiZGVsdGEtc2l0ZSIsImVtYWlsX2RvbWFpbiI6ImFiaW50Lm9yZy5iciIsInBvc3RfaWQiOjE5MTcyLCJ1c2VyX2VtYWlsIjoiYWJpbnRAYWJpbnQub3JnLmJyIiwiZGF0ZV9zZW50IjoiMjAyNS0wNy0wNyIsImVtYWlsX25hbWUiOiJuZXctcG9zdCIsInRlbXBsYXRlIjoibmV3LXBvc3QiLCJlbWFpbF9pZCI6IjRlZDAyZDJmZjk0ODcyODI3OWY4MWJlMmU4MzgxYTA3IiwibGlua19kZXNjIjoicG9zdC11cmwiLCJhbmNob3JfdGV4dCI6IkJyYXNrZW0gYXByZXNlbnRhIHBvdGVuY2lhbCBwcm9qZXRvIFRyYW5zZm9ybWEgUmlvIGR1cmFudGUgY2VyaW1cdTAwZjRuaWEgZGEgUGV0cm9icmFzIG5vIFJpbyBkZVx1MDBhMEphbmVpcm8iLCJfZHIiOm51bGwsIl9kbCI6Ilwvd3AtYWRtaW5cL3Bvc3QucGhwIiwiX3V0Ijoid3Bjb206dXNlcl9pZCIsIl91bCI6ImFiaW50dHQiLCJfZW4iOiJ3cGNvbV9lbWFpbF9jbGljayIsIl90cyI6MTc1MTg1NjM4NzMwOCwiYnJvd3Nlcl90eXBlIjoicGhwLWFnZW50IiwiX2F1YSI6IndwY29tLXRyYWNrcy1jbGllbnQtdjAuMyIsImJsb2dfdHoiOiItMyIsInVzZXJfbGFuZyI6InB0LWJyIn0&amp;_z=z\" style=\"color:blue; text-decoration:underline\"><span style=\"font-size:14.0pt\">Braskem apresenta potencial projeto Transforma Rio durante cerim&ocirc;nia da Petrobras no Rio de&nbsp;Janeiro<\/span><\/a><\/span><\/span><\/span><\/p>\r\n\r\n<p style=\"text-align:justify\"><span style=\"font-size:28pt\"><span style=\"font-family:Cambria,serif\"><span style=\"letter-spacing:-0.5pt\"><b><span style=\"font-size:18.0pt\"><span style=\"font-family:&quot;Calibri&quot;,sans-serif\"><span style=\"font-variant:small-caps\">Ind&uacute;stria<\/span><\/span><\/span><\/b><\/span><\/span><\/span><\/p>\r\n\r\n<p style=\"text-align:justify\"><span style=\"font-size:11pt\"><span style=\"line-height:normal\"><span style=\"font-family:Calibri,sans-serif\"><a href=\"https:\/\/bmcnews.com.br\/2025\/07\/03\/industria-quimica-alerta-para-risco-de-desindustrializacao-se-presiq-nao-for-aprovado\/\" style=\"color:blue; text-decoration:underline\"><span style=\"font-size:14.0pt\">Ind&uacute;stria qu&iacute;mica alerta para risco de desindustrializa&ccedil;&atilde;o se PRESIQ n&atilde;o for aprovado<\/span><\/a><\/span><\/span><\/span><\/p>\r\n\r\n<p style=\"text-align:justify\"><span style=\"font-size:11pt\"><span style=\"line-height:normal\"><span style=\"font-family:Calibri,sans-serif\"><a href=\"https:\/\/www.abcmais.com\/economia\/industria-calcadista-brasileira-cria-mais-de-10-mil-postos-de-trabalho-confira-detalhes\/\" style=\"color:blue; text-decoration:underline\"><span style=\"font-size:14.0pt\">Ind&uacute;stria cal&ccedil;adista brasileira cria mais de 10 mil postos de trabalho; confira detalhes<\/span><\/a><\/span><\/span><\/span><\/p>\r\n\r\n<p style=\"text-align:justify\"><span style=\"font-size:11pt\"><span style=\"line-height:normal\"><span style=\"font-family:Calibri,sans-serif\"><a href=\"https:\/\/cbic.org.br\/deu-na-midia-construcao-civil-registra-maior-nivel-de-empregos-dos-ultimos-12-anos-destaca-presidente-da-cbic-em-entrevista-a-tv-globo\/\" style=\"color:blue; text-decoration:underline\"><span style=\"font-size:14.0pt\">Constru&ccedil;&atilde;o civil registra maior n&iacute;vel de empregos dos &uacute;ltimos 12 anos, destaca presidente da CBIC<\/span><\/a><\/span><\/span><\/span><\/p>\r\n\r\n<p style=\"text-align:justify\"><span style=\"font-size:11pt\"><span style=\"line-height:normal\"><span style=\"font-family:Calibri,sans-serif\"><a href=\"https:\/\/portalibre.fgv.br\/noticias\/dnit-e-fgv-ibre-lancam-segunda-edicao-do-boletim-da-infraestrutura\" style=\"color:blue; text-decoration:underline\"><span style=\"font-size:14.0pt\">DNIT e FGV IBRE lan&ccedil;am segunda edi&ccedil;&atilde;o do Boletim da Infraestrutura!<\/span><\/a><\/span><\/span><\/span><\/p>\r\n\r\n<p style=\"text-align:justify\"><span style=\"font-size:28pt\"><span style=\"font-family:Cambria,serif\"><span style=\"letter-spacing:-0.5pt\"><b><span lang=\"EN-US\" style=\"font-size:18.0pt\"><span style=\"font-family:&quot;Calibri&quot;,sans-serif\"><span style=\"font-variant:small-caps\">Sustentabilidade<\/span><\/span><\/span><\/b><\/span><\/span><\/span><\/p>\r\n\r\n<p style=\"text-align:justify\"><span style=\"font-size:11pt\"><span style=\"line-height:normal\"><span style=\"font-family:Calibri,sans-serif\"><a href=\"https:\/\/www.fibre2fashion.com\/news\/technical-textiles\/japanese-giants-unite-for-car-to-car-recycling-drive-303646-newsdetails.htm\" style=\"color:blue; text-decoration:underline\"><span lang=\"EN-US\" style=\"font-size:14.0pt\">Japanese giants unite for car-to-car recycling drive<\/span><\/a><\/span><\/span><\/span><\/p>\r\n\r\n<p style=\"text-align:justify\"><span style=\"font-size:28pt\"><span style=\"font-family:Cambria,serif\"><span style=\"letter-spacing:-0.5pt\"><b><span style=\"font-size:18.0pt\"><span style=\"font-family:&quot;Calibri&quot;,sans-serif\"><span style=\"font-variant:small-caps\">Inova&ccedil;&atilde;o<\/span><\/span><\/span><\/b><\/span><\/span><\/span><\/p>\r\n\r\n<p style=\"text-align:justify\"><span style=\"font-size:11pt\"><span style=\"line-height:normal\"><span style=\"font-family:Calibri,sans-serif\"><a href=\"https:\/\/www.inovacaotecnologica.com.br\/noticias\/noticia.php?artigo=residuos-agricolas-se-tornar-roupas-futuro&amp;id=010125250630&amp;ebol=sim\" style=\"color:blue; text-decoration:underline\"><span style=\"font-size:14.0pt\">Res&iacute;duos agr&iacute;colas podem se tornar as roupas do futuro<\/span><\/a><\/span><\/span><\/span><\/p>\r\n\r\n<p style=\"text-align:justify\"><span style=\"font-size:11pt\"><span style=\"line-height:normal\"><span style=\"font-family:Calibri,sans-serif\"><a href=\"https:\/\/t.rdsv2.net\/ls\/click?upn=u001.SJ-2BHbcLStyE5mTD5OK48sq2JxFfkhvQ6eAz6nLBcupU-2FM6MbVXIUMjcTrIPfiDROXqEXIsxrmGCMTcUgCH3GevCVk9vnh29WBGbemise6mCQt0SFMPWu6A8Z0EMr2hc7dzCutdG4-2BixVUXGp2dAIDHkIyqYNde7ijbWb14sGQ0wqZPmN61HAPJiwLpvux0i8x5au208d8H21iCxENzWZ7kITmopM73RRbfjMYVA3q3SY9v9Hd3Nq8bCz8KeIqJlZRBY8ABPQN446rHwOVSo-2FEV9TAPGxZYBmOGRdCnvWXW0-3DVCbd_T7N8BvZTOm04CQQMiyWztrpCjlUrRc4F7QzSgUIpTqB5Yk-2Bt7YhUyk7lZRXmbFFsi-2Foe1q0kuwsCjfsBOqL9ZeKwOqG7ApazixuGEP6Z5SJuFg5bm15p-2FcAKNI6-2BqjB-2Byk2QTvkjlOp3al7BdMRlBpEMUAO5Z0BxaV4YuTePSud7sK2uPJ37Y7seZnNBWquyDc5ahBviG00LqrLKRklRtMS1ps1LEjnufUR1Kl99o70-2BRvtrOJLyZFs6eWu3uDsw8leoNfRjRcW2OT7NPK7mtdbRCQZOPdrtY5C-2FNfYDAO5XAKZ1e-2FTXzYan4Zx-2B00-2FBYPsRWADao87Pagaqab-2BOm3cCxZgJ62S5KFFkEIatwMadOw2zlxRtRvULyKhvuaiC13-2BmqqblN7mh0Yo34IonQJouTirI-2FfXF6g9PTzxraTz1br33qyEwjxiuT8wA1mC-2FfLQ-2FHSV3yIcZi35dC-2FC8wXMd7q6rZ9D6LNMkyjTH3N2DkXN5GKLfcnYWPu0l5-2Fu37nBjmCY-2BGbUyMBmrNyGMpeDkqgfoIl-2Bwgnt21H8myGEy4tf3A-2FY0YJnYGIb5-2F9klhFV434x0KWPrHzcJxjT8DA7S55jmMueVyNX3ZSnFeGt9jS3fnRjLFwoexkYAKwXgTVljlVERDPnKjJSNsVR2LQ-3D-3D\" style=\"color:blue; text-decoration:underline\" target=\"_blank\" title=\"Renova lan\u00e7a linha de pap\u00e9is tissue feita a partir de tecidos reciclados e amplia presen\u00e7a internacional\"><span style=\"font-size:14.0pt\">Renova lan&ccedil;a linha de pap&eacute;is tissue feita a partir de tecidos reciclados e amplia presen&ccedil;a internacional<\/span><\/a><\/span><\/span><\/span><\/p>\r\n\r\n<p style=\"text-align:justify\"><span style=\"font-size:11pt\"><span style=\"line-height:normal\"><span style=\"font-family:Calibri,sans-serif\"><a href=\"https:\/\/economiaempauta.com.br\/da-reciclagem-para-a-farmacia-bacteria-modificada-pode-transformar-garrafa-pet-em-paracetamol\/\" style=\"color:blue; text-decoration:underline\"><span style=\"font-size:14.0pt\">Da reciclagem para a farm&aacute;cia: bact&eacute;ria modificada pode transformar garrafa PET em paracetamol<\/span><\/a><\/span><\/span><\/span><\/p>\r\n\r\n<p style=\"text-align:justify\"><span style=\"font-size:11pt\"><span style=\"line-height:normal\"><span style=\"font-family:Calibri,sans-serif\"><a href=\"https:\/\/www.inovacaotecnologica.com.br\/noticias\/noticia.php?artigo=revestimento-antichama-suporta-fogo-15-minutos&amp;id=010160250707&amp;ebol=sim#google_vignette\" style=\"color:blue; text-decoration:underline\"><span style=\"font-size:14.0pt\">Revestimento antichama suporta fogo a 1.400 &deg;C por mais de 15 minutos<\/span><\/a><\/span><\/span><\/span><\/p>\r\n\r\n<p style=\"text-align:justify\"><span style=\"font-size:28pt\"><span style=\"font-family:Cambria,serif\"><span style=\"letter-spacing:-0.5pt\"><b><span style=\"font-size:18.0pt\"><span style=\"font-family:&quot;Calibri&quot;,sans-serif\"><span style=\"font-variant:small-caps\">Com&eacute;rcio Exterior<\/span><\/span><\/span><\/b><\/span><\/span><\/span><\/p>\r\n\r\n<p style=\"text-align:justify\"><span style=\"font-size:11pt\"><span style=\"line-height:normal\"><span style=\"font-family:Calibri,sans-serif\"><a href=\"https:\/\/www.gov.br\/planalto\/pt-br\/acompanhe-o-planalto\/noticias\/2025\/06\/acordo-mercosul-efta-amplia-oportunidades-de-exportacao-de-produtos-brasileiros-para-a-europa\" style=\"color:blue; text-decoration:underline\"><span style=\"font-size:14.0pt\">Acordo MERCOSUL-EFTA amplia oportunidades de exporta&ccedil;&atilde;o de produtos brasileiros para a Europa<\/span><\/a><\/span><\/span><\/span><\/p>\r\n\r\n<p style=\"text-align:justify\"><span style=\"font-size:11pt\"><span style=\"line-height:normal\"><span style=\"font-family:Calibri,sans-serif\"><a href=\"https:\/\/www.mercosur.int\/comunicadomercosurefta\/\" style=\"color:blue; text-decoration:underline\"><span style=\"font-size:14.0pt\">Comunicado Conjunto de los Estados Partes del MERCOSUR y EFTA sobre conclusi&oacute;n de las negociaciones de un Tratado de Libre Comercio<\/span><\/a><\/span><\/span><\/span><\/p>\r\n\r\n<p style=\"text-align:justify\"><span style=\"font-size:11pt\"><span style=\"line-height:normal\"><span style=\"font-family:Calibri,sans-serif\"><a href=\"https:\/\/anba.com.br\/no-comando-do-mercosul-brasil-priorizara-acordos\/\" style=\"color:blue; text-decoration:underline\"><span style=\"font-size:14.0pt\">No comando do Mercosul, Brasil priorizar&aacute; acordos<\/span><\/a><\/span><\/span><\/span><\/p>\r\n\r\n<p style=\"text-align:justify\"><span style=\"font-size:11pt\"><span style=\"line-height:normal\"><span style=\"font-family:Calibri,sans-serif\"><a href=\"http:\/\/clickemail.portalpersonalcare.com.br\/ls\/click?upn=u001.D2-2F0Tg0A29KXXLMT6ctG-2BYOihdDbc-2ByFrUFb3ZXMT9RmEc82x-2Bj1c-2FRRUd2GLe71EugdfM7SP3UEJQPJf-2FbiU7Yz4KHrGwiKLPomNXGeCdqclHoCoYj1br3v3lGFjFarbEDnKyIaE0tIaGo8Msi-2Fz8NEoHtvxOaUDE044p4QxBqh7gmQzGHIzfAtafxRGnax33thnKZnAHMQg-2FSPXm22rdpEpcC-2FbhRDGP4HDaoIrw6xeOdOOB3ev5GNqH5jxQactAPZQfSxyTtKLuNY8ShUx6KoxFLX6uKV0KQyCFno84LvqnngDcHwW73-2F-2FBgpv8vsM6y__T7N8BvZTOm04CQQMiyWztrpCjlUrRc4F7QzSgUIpTqDyHxxxhGpyWLohz7JoE2GE5NHlS-2BYZoX1R75Fh8KCze9GvCCb-2FinuNgc39g0Cdbe-2FcU8RlSBQhp5om11AQZQ-2FD8fZ1L1ES5tSJJo7g9ouco-2B6ZaT5Drj95SeWiVAtgOQJ2GAi-2BGIC2IjvL4cACWAYTGQfNma20qZy2LX6ew5E2fxLpxyeYwpFskQ7uG2yuonLEXZqARwjRYVOEDDOXGhRvDQ9-2BPqEH-2BRg69s99mBfEuFS28B0ccyHjPfDNiV5ZNrlkzJmH8LTRVIUt0-2BejaofSRlPsplYw-2BHOR57dTOyaF6K05rUh8WZ13UbqMAvLG7drtMRSJTDA2FLI93jSNrv-2F42c1u7TN-2B8ozChj5NJMV4d72FXVpm5KZ2EJAPloPLuUc9VD-2Bgpk031fXOnFQaLxA0Yu8geLoKWfWGg0KMHBCOhUocU8g3pCFC7ixksnLqwpTQYnqmSVsB6BRWCwRXHQE-2BLPok3rfwCUWrmARd0Z6ddFv2dI7vz6R4DXexRh71Og9aUAAMgGohhWdF57JZzTCfp-2BRi2U4jKtLSl9-2BvXqsh9RzP8C5Xe4J-2B7Rc-2FoRHyxkMRPnsIWu7HfOceqox-2BkBvtV8xcYaq7THd26XWbEapWl7SA6-2BoceEPdHztdc0HzRceVyPE3WRh06uLQP0xfaqy4eZqmFDMF6DtZaq7BeFmmrOLpCTNTbblyzxFosGhZZAM-3D\" style=\"color:blue; text-decoration:underline\" target=\"_blank\"><span style=\"font-size:14.0pt\">Brasil Fora da Rota? Geopol&iacute;tica, log&iacute;stica e o risco de relev&acirc;ncia<\/span><\/a><\/span><\/span><\/span><\/p>\r\n\r\n<p style=\"text-align:justify\"><span style=\"font-size:11pt\"><span style=\"line-height:normal\"><span style=\"font-family:Calibri,sans-serif\"><a href=\"https:\/\/apexbrasil.com.br\/br\/pt\/conteudo\/noticias\/Brasil-avanca-na-articulacao-de-investimentos-chineses-em-desdobramento-do-Forum-Empresarial-China-Brasil.html#msdynmkt_trackingcontext=72bdb07e-824b-4905-916b-c114c0450300\" style=\"color:blue; text-decoration:underline\"><span style=\"font-size:14.0pt\">Brasil avan&ccedil;a na articula&ccedil;&atilde;o de investimentos chineses em desdobramento do F&oacute;rum Empresarial China-Brasil<\/span><\/a><\/span><\/span><\/span><\/p>\r\n\r\n<p style=\"text-align:justify\"><span style=\"font-size:11pt\"><span style=\"line-height:normal\"><span style=\"font-family:Calibri,sans-serif\"><a href=\"https:\/\/www.gov.br\/mdic\/pt-br\/assuntos\/noticias\/2025\/junho\/mercosul-aprova-maior-flexibilidade-tarifaria-para-enfrentar-desafios-do-comercio-internacional\" style=\"color:blue; text-decoration:underline\"><span style=\"font-size:14.0pt\">Mercosul aprova maior flexibilidade tarif&aacute;ria para enfrentar desafios do com&eacute;rcio internacional<\/span><\/a><\/span><\/span><\/span><\/p>\r\n\r\n<p style=\"text-align:justify\"><span style=\"font-size:11pt\"><span style=\"line-height:normal\"><span style=\"font-family:Calibri,sans-serif\"><a href=\"https:\/\/noticias.portaldaindustria.com.br\/noticias\/internacional\/cebrics-elenca-24-barreiras-que-dificultam-o-comercio-entre-os-paises-do-bloco\/\" style=\"color:blue; text-decoration:underline\"><span style=\"font-size:14.0pt\">CEBRICS elenca 24 barreiras que dificultam o com&eacute;rcio entre os pa&iacute;ses do bloco<\/span><\/a><\/span><\/span><\/span><\/p>\r\n\r\n<p style=\"text-align:justify\"><span style=\"font-size:28pt\"><span style=\"font-family:Cambria,serif\"><span style=\"letter-spacing:-0.5pt\"><b><span style=\"font-size:18.0pt\"><span style=\"font-family:&quot;Calibri&quot;,sans-serif\"><span style=\"font-variant:small-caps\">Economia<\/span><\/span><\/span><\/b><\/span><\/span><\/span><\/p>\r\n\r\n<p style=\"text-align:justify\"><span style=\"font-size:11pt\"><span style=\"line-height:normal\"><span style=\"font-family:Calibri,sans-serif\"><a href=\"https:\/\/www.bcb.gov.br\/content\/focus\/focus\/R20250704.pdf\" style=\"color:blue; text-decoration:underline\"><span style=\"font-size:14.0pt\">Focus - Relat&oacute;rio de Mercado<\/span><\/a><\/span><\/span><\/span><\/p>\r\n\r\n<p style=\"text-align:justify\"><span style=\"font-size:11pt\"><span style=\"line-height:normal\"><span style=\"font-family:Calibri,sans-serif\"><a href=\"https:\/\/www.bcb.gov.br\/controleinflacao\/focusdistribuicoesfrequencia\" style=\"color:blue; text-decoration:underline\"><span style=\"font-size:14.0pt\">Focus &ndash; Distribui&ccedil;&otilde;es de Frequ&ecirc;ncia das Expectativas de Mercado para IPCA, Selic, PIB e C&acirc;mbio.<\/span><\/a><\/span><\/span><\/span><\/p>\r\n\r\n<p style=\"text-align:justify\"><span style=\"font-size:11pt\"><span style=\"line-height:normal\"><span style=\"font-family:Calibri,sans-serif\"><a href=\"https:\/\/www.youtube.com\/watch?v=5cwepRaqzJ0\" style=\"color:blue; text-decoration:underline\"><span style=\"font-size:14.0pt\">Conex&atilde;o Econ&ocirc;mica | Os caminhos e desafios da infraestrutura no Brasil<\/span><\/a><\/span><\/span><\/span><\/p>\r\n\r\n<p style=\"text-align:justify\"><span style=\"font-size:11pt\"><span style=\"line-height:normal\"><span style=\"font-family:Calibri,sans-serif\"><a href=\"https:\/\/portalibre.fgv.br\/system\/files\/divulgacao\/noticias\/mat-complementar\/2025-07\/Apresenta%C3%A7%C3%A3o%20-%20S%C3%ADntese%20das%20Sondagens%20-%20Junho%202025.pdf\" style=\"color:blue; text-decoration:underline\"><span style=\"font-size:14.0pt\">&Iacute;ndice de Confian&ccedil;a Empresarial (ICE) e o &Iacute;ndice de Confian&ccedil;a do Consumidor (ICC)<\/span><\/a><\/span><\/span><\/span><\/p>\r\n\r\n<p style=\"text-align:justify\">&nbsp;<\/p>\r\n\r\n<p style=\"text-align:justify\"><img src=\"https:\/\/www.abint.org.br\/assets\/img\/editor\/redes-sociais-abint-ctg-cth_20250610164521Me6phPlAL1.jpg\" \/><\/p>\r\n\r\n<p style=\"text-align:justify\">&nbsp;<\/p>\r\n","texto_en":"","7":"","imagem":"COMP_capa-2025-site-boletim-abint-noticias-semanis_20250708184346kNFBUz2Y1w.jpg","8":"COMP_capa-2025-site-boletim-abint-noticias-semanis_20250708184346kNFBUz2Y1w.jpg","arquivo":"20250708-BOLETIM-ABINT-DE-NOTICIAS-SEMANAIS.PDF","9":"20250708-BOLETIM-ABINT-DE-NOTICIAS-SEMANAIS.PDF","titulo_arquivo":"20250708 Boletim ABINT de Not\u00edcias Semanais","10":"20250708 Boletim ABINT de Not\u00edcias Semanais","titulo_arquivo_en":"","11":"","created_at":"2025-07-08 18:43:57","12":"2025-07-08 18:43:57","updated_at":"2025-07-08 18:43:57","13":"2025-07-08 18:43:57"},{"id":178,"0":178,"ordem":42,"1":42,"data":"2025-07-01","2":"2025-07-01","slug":"boletim-abint-de-noticias-semanais-82","3":"boletim-abint-de-noticias-semanais-82","titulo":"Boletim ABINT de Not\u00edcias Semanais","4":"Boletim ABINT de Not\u00edcias Semanais","titulo_en":"","5":"","texto":"<p style=\"text-align:justify\"><span style=\"font-size:11pt\"><span style=\"line-height:normal\"><span style=\"font-family:Calibri,sans-serif\"><span style=\"font-size:14.0pt\">Esta &eacute; uma compila&ccedil;&atilde;o das not&iacute;cias mais relevantes para o setor, incluindo informa&ccedil;&otilde;es sobre acordos internacionais, economia brasileira, sustentabilidade e mat&eacute;rias primas, al&eacute;m de novidades do setor de N&atilde;otecidos e Tecidos T&eacute;cnicos.<\/span><\/span><\/span><\/span><\/p>\r\n\r\n<p style=\"text-align:justify\"><span style=\"font-size:28pt\"><span style=\"font-family:Cambria,serif\"><span style=\"letter-spacing:-0.5pt\"><b><span style=\"font-size:18.0pt\"><span calibri=\"\" style=\"font-family:\"><span style=\"font-variant:small-caps\">O que vem por a&iacute;<\/span><\/span><\/span><\/b><\/span><\/span><\/span><\/p>\r\n\r\n<p><b><img src=\"https:\/\/www.abint.org.br\/assets\/img\/editor\/abint-logo-2020-g_20250701192308UkkpnuOwWY.png\" style=\"width: 300px; height: 69px;\" \/><\/b><\/p>\r\n\r\n<h3><strong>PATROCINADORA DO<\/strong><\/h3>\r\n\r\n<p><strong><img src=\"https:\/\/www.abint.org.br\/assets\/img\/editor\/congresso-internacional-abit-2025_2025070119260431UGpa71Ly.png\" style=\"width: 700px; height: 256px;\" \/><\/strong><\/p>\r\n\r\n<p><a href=\"https:\/\/www.congressoabit.com.br\/\">Acesse aqui mais informa&ccedil;&otilde;es<\/a><\/p>\r\n\r\n<p class=\"MsoTitle\" style=\"text-align:justify\"><span style=\"font-size:28pt\"><span style=\"font-family:Cambria,serif\"><span style=\"letter-spacing:-0.5pt\"><b><span style=\"font-size:18.0pt\"><span calibri=\"\" style=\"font-family:\"><span style=\"font-variant:small-caps\">Not&iacute;cias das Associadas<\/span><\/span><\/span><\/b><\/span><\/span><\/span><\/p>\r\n\r\n<p style=\"text-align:justify\"><span style=\"font-size:11pt\"><span style=\"line-height:normal\"><span style=\"font-family:Calibri,sans-serif\"><a href=\"https:\/\/plasticosemrevista.com.br\/pesquisa-de-opiniao-27\/\" style=\"color:blue; text-decoration:underline\"><span style=\"font-size:14.0pt\">Pesquisa de opini&atilde;o: Mesmo com barreiras tarif&aacute;rias recordes, voc&ecirc; acha que o Brasil est&aacute; fadado a importar cada vez mais polietileno (PE), polipropileno (PP) e policloreto de vinila (PVC)?<\/span><\/a><\/span><\/span><\/span><\/p>\r\n\r\n<p style=\"text-align:justify\"><span style=\"font-size:11pt\"><span style=\"line-height:normal\"><span style=\"font-family:Calibri,sans-serif\"><a href=\"https:\/\/www.revistatae.com.br\/Noticia\/91636\/ctg-abint-lanca-omanual-ctg-abint-para-compradores-\" style=\"color:blue; text-decoration:underline\"><span style=\"font-size:14.0pt\">CTG ABINT lan&ccedil;a o Manual para Compradores<\/span><\/a> <\/span><\/span><\/span><\/p>\r\n\r\n<p style=\"text-align:justify\"><span style=\"font-size:11pt\"><span style=\"line-height:normal\"><span style=\"font-family:Calibri,sans-serif\"><a href=\"https:\/\/www.indiantextilemagazine.in\/trutzschler-nonwovens-powering-sustainable-growth-with-innovation-and-zero-waste-production\/\" style=\"color:blue; text-decoration:underline\"><span lang=\"EN-US\" style=\"font-size:14.0pt\">Trutzschler Nonwovens: Powering Sustainable Growth with Innovation and Zero-Waste Production<\/span><\/a><\/span><\/span><\/span><\/p>\r\n\r\n<p style=\"text-align:justify\">&nbsp;<\/p>\r\n\r\n<p style=\"text-align:justify\"><span style=\"font-size:11pt\"><span style=\"line-height:normal\"><span style=\"font-family:Calibri,sans-serif\"><b><span style=\"font-size:18.0pt\"><span style=\"font-variant:small-caps\">Eventos<\/span><\/span><\/b><\/span><\/span><\/span><\/p>\r\n\r\n<p style=\"text-align:justify\">&nbsp;<\/p>\r\n\r\n<p style=\"text-align:justify\"><span style=\"font-size:11pt\"><span style=\"line-height:normal\"><span style=\"font-family:Calibri,sans-serif\"><a href=\"https:\/\/abit.rds.land\/ws-inventarios-de-gees\" style=\"color:blue; text-decoration:underline\"><b><span style=\"font-size:14.0pt\">Workshop Abit | Invent&aacute;rio de GEE e Estrat&eacute;gia de Descarboniza&ccedil;&atilde;o<\/span><\/b><\/a><span style=\"font-size:14.0pt\">, 01 de julho de 2025, 10h &agrave;s 12h, evento online<\/span><\/span><\/span><\/span><\/p>\r\n\r\n<p style=\"text-align:justify\"><span style=\"font-size:11pt\"><span style=\"line-height:normal\"><span style=\"font-family:Calibri,sans-serif\"><a href=\"https:\/\/www.abnteducacao.com.br\/Simbologia_de_cuidados_aplicada_a_Etiquetagem_de_Texteis_ABNT_NBR_NM_ISO_3758\" style=\"color:blue; text-decoration:underline\"><b><span style=\"font-size:14.0pt\">Simbologia de cuidados aplicada a Etiquetagem de T&ecirc;xteis<\/span><\/b><\/a><span style=\"font-size:14.0pt\">, 08 a 11 de julho de 2025<\/span><\/span><\/span><\/span><\/p>\r\n\r\n<p style=\"text-align:justify\"><span style=\"font-size:11pt\"><span style=\"line-height:normal\"><span style=\"font-family:Calibri,sans-serif\"><a href=\"https:\/\/www.abicol.org\/encontro-das-industrias-de-colchoes-2025\/\" style=\"color:blue; text-decoration:underline\"><b><span style=\"font-size:14.0pt\">ABICOL | ENICOL 2025 - Encontro das Ind&uacute;strias de Colch&otilde;es<\/span><\/b><\/a><span style=\"font-size:14.0pt\">, 07 e 08 de agosto, evento presencial, Royal Tulip Bras&iacute;lia Alvorada<\/span><\/span><\/span><\/span><\/p>\r\n\r\n<p style=\"text-align:justify\"><span style=\"font-size:11pt\"><span style=\"line-height:normal\"><span style=\"font-family:Calibri,sans-serif\"><a href=\"https:\/\/horizons.fia.com.br\/?utm_campaign=apoio_institucional_horizons_2025&amp;utm_medium=email&amp;utm_source=RD+Station\" style=\"color:blue; text-decoration:underline\"><b><span style=\"font-size:14.0pt\">Horizons 2025 &ndash; Inova&ccedil;&atilde;o, Tecnologia e Neg&oacute;cios Unidos pelo Planeta<\/span><\/b><\/a><span style=\"font-size:14.0pt\">, 13 e 14 de agosto, FIA Business School, Birmann 21 e Centro de Inova&ccedil;&atilde;o Bruno Covas, S&atilde;o Paulo<\/span><\/span><\/span><\/span><\/p>\r\n\r\n<p style=\"text-align:justify\"><span style=\"font-size:11pt\"><span style=\"line-height:normal\"><span style=\"font-family:Calibri,sans-serif\"><a href=\"https:\/\/forumdemanufatura.com.br\/\" style=\"color:blue; text-decoration:underline\"><b><span style=\"font-size:14.0pt\">9&ordm; F&oacute;rum de Manufatura<\/span><\/b><\/a><span style=\"font-size:14.0pt\">, 18 e 19 de agosto de 2025, Novotel Center Norte, S&atilde;o Paulo, SP<\/span><\/span><\/span><\/span><\/p>\r\n\r\n<p style=\"text-align:justify\"><span style=\"font-size:11pt\"><span style=\"line-height:normal\"><span style=\"font-family:Calibri,sans-serif\"><a href=\"https:\/\/sticni.sharepoint.com\/sites\/PublicShare\/Compartilhamentos\/Forms\/AllItems.aspx?id=%2Fsites%2FPublicShare%2FCompartilhamentos%2FCNI%2D133649%2FPrograma%20Imers%C3%B5es%20em%20Ecossistemas%2FImers%C3%A3o%20Finlandia%20em%20Economia%20Circular%2E%201%2Epdf&amp;parent=%2Fsites%2FPublicShare%2FCompartilhamentos%2FCNI%2D133649%2FPrograma%20Imers%C3%B5es%20em%20Ecossistemas&amp;p=true&amp;ga=1\" style=\"color:blue; text-decoration:underline\"><b><span style=\"font-size:14.0pt\">CNI | Imers&atilde;o Finl&acirc;ndia: Uma conex&atilde;o global com a Economia Circular<\/span><\/b><\/a><span style=\"font-size:14.0pt\">, 01 a 05 de setembro de 2025, inscri&ccedil;&otilde;es at&eacute; 10 de agosto de 2025 ou se encerrarem as vagas, cidades destinos: Helsinki (cidade base), Tampere e Espoo.<\/span><\/span><\/span><\/span><\/p>\r\n\r\n<p style=\"text-align:justify\"><span style=\"font-size:11pt\"><span style=\"line-height:normal\"><span style=\"font-family:Calibri,sans-serif\"><a href=\"https:\/\/www.conbrava.com.br\/\" style=\"color:blue; text-decoration:underline\"><b><span style=\"font-size:14.0pt\">CONBRAVA 2025<\/span><\/b><\/a><span style=\"font-size:14.0pt\">, 10 a 12 de setembro de 2025, S&atilde;o Paulo Expo, Rodovia dos Imigrantes, km 1,5<\/span><\/span><\/span><\/span><\/p>\r\n\r\n<p style=\"text-align:justify\"><span style=\"font-size:11pt\"><span style=\"line-height:normal\"><span style=\"font-family:Calibri,sans-serif\"><a href=\"https:\/\/paving.com.br\/\" style=\"color:blue; text-decoration:underline\"><b><span style=\"font-size:14.0pt\">Paving Expo 2025<\/span><\/b><\/a><span style=\"font-size:14.0pt\">, 23 a 25 de setembro de 2025, Distrito Anhembi, Rua Prof. Milton Rodrigues, s\/n, Santana, S&atilde;o Paulo, SP<\/span><\/span><\/span><\/span><\/p>\r\n\r\n<p style=\"text-align:justify\"><span style=\"font-size:11pt\"><span style=\"line-height:normal\"><span style=\"font-family:Calibri,sans-serif\"><a href=\"https:\/\/www.instagram.com\/sobeccnacional\/p\/DA1V8NZyhNK\/?img_index=1\" style=\"color:blue; text-decoration:underline\"><b><span style=\"font-size:14.0pt\">17&ordm; Congresso Brasileiro de Enfermagem em Centro Cir&uacute;rgico: &ldquo;O poder de cuidar&rdquo;<\/span><\/b><\/a><span style=\"font-size:14.0pt\">, 01 a 03 de outubro de 2025, Transamerica Expo Center, S&atilde;o Paulo, SP<\/span><\/span><\/span><\/span><\/p>\r\n\r\n<p style=\"text-align:justify\"><span style=\"font-size:11pt\"><span style=\"line-height:normal\"><span style=\"font-family:Calibri,sans-serif\"><a href=\"https:\/\/his.saudebusiness.com\/pt\/home.html\" style=\"color:blue; text-decoration:underline\"><b><span style=\"font-size:14.0pt\">Healthcare Innovation Show (HIS)<\/span><\/b><\/a><span style=\"font-size:14.0pt\">, 01 e 02 de outubro de 2025, 09h &agrave;s 18h, S&atilde;o Paulo Expo<\/span><\/span><\/span><\/span><\/p>\r\n\r\n<p style=\"text-align:justify\"><span style=\"font-size:11pt\"><span style=\"line-height:normal\"><span style=\"font-family:Calibri,sans-serif\"><a href=\"https:\/\/www.abrafiltros.org.br\/3o-seminario-brasileiro-de-filtros-acontecera-no-dia-08-de-outubro\/\" style=\"color:blue; text-decoration:underline\"><b><span style=\"font-size:14.0pt\">3&ordm; Semin&aacute;rio Brasileiro de Filtros<\/span><\/b><\/a><span style=\"font-size:14.0pt\">, 08 de outubro de 2025, evento presencial<\/span><\/span><\/span><\/span><\/p>\r\n\r\n<p style=\"text-align:justify\"><span style=\"font-size:11pt\"><span style=\"line-height:normal\"><span style=\"font-family:Calibri,sans-serif\"><a href=\"https:\/\/hospitalmed.com.br\/feira\/\" style=\"color:blue; text-decoration:underline\"><b><span style=\"font-size:14.0pt\">HospitalMed 2025<\/span><\/b><\/a><span style=\"font-size:14.0pt\">, 22 a 24 de outubro, Pernambuco Centro de Conven&ccedil;&otilde;es, Olinda<\/span><\/span><\/span><\/span><\/p>\r\n\r\n<p style=\"text-align:justify\"><span style=\"font-size:11pt\"><span style=\"line-height:normal\"><span style=\"font-family:Calibri,sans-serif\"><a href=\"https:\/\/www.congressoabit.com.br\/\" style=\"color:blue; text-decoration:underline\"><b><span style=\"font-size:14.0pt\">Congresso Internacional Abit 2025<\/span><\/b><\/a><span style=\"font-size:14.0pt\">, 29 e 30 de outubro, 08h &agrave;s 20h, FIESP, S&atilde;o Paulo, SP<\/span><\/span><\/span><\/span><\/p>\r\n\r\n<p style=\"text-align:justify\"><span style=\"font-size:11pt\"><span style=\"line-height:normal\"><span style=\"font-family:Calibri,sans-serif\"><a href=\"https:\/\/filtech.de\/\" style=\"color:blue; text-decoration:underline\"><b><span style=\"font-size:14.0pt\">Filtech 2026<\/span><\/b><\/a><span style=\"font-size:14.0pt\">, de 30 de junho a 2 de julho, Cologne, Alemanha<\/span><\/span><\/span><\/span><\/p>\r\n\r\n<p style=\"text-align:justify\"><span style=\"font-size:28pt\"><span style=\"font-family:Cambria,serif\"><span style=\"letter-spacing:-0.5pt\"><b><span style=\"font-size:18.0pt\"><span calibri=\"\" style=\"font-family:\"><span style=\"font-variant:small-caps\">Setor<\/span><\/span><\/span><\/b><\/span><\/span><\/span><\/p>\r\n\r\n<p style=\"text-align:justify\"><span style=\"font-size:11pt\"><span style=\"line-height:normal\"><span style=\"font-family:Calibri,sans-serif\"><a href=\"https:\/\/terrabrasilnoticias.com\/2025\/06\/geada-chegando-veja-agora-como-proteger-suas-plantas-com-solucoes-simples\/\" style=\"color:blue; text-decoration:underline\"><span style=\"font-size:14.0pt\">N&atilde;otecidos: geada chegando? Veja agora como proteger suas plantas com solu&ccedil;&otilde;es simples<\/span><\/a><\/span><\/span><\/span><\/p>\r\n\r\n<p style=\"text-align:justify\"><span style=\"font-size:11pt\"><span style=\"line-height:normal\"><span style=\"font-family:Calibri,sans-serif\"><a href=\"https:\/\/specialtyfabricsreview.com\/2025\/06\/26\/edana\/\" style=\"color:blue; text-decoration:underline\"><span lang=\"ES-AR\" style=\"font-size:14.0pt\">EDANA and INDA establish Global Nonwoven Alliance<\/span><\/a><\/span><\/span><\/span><\/p>\r\n\r\n<p style=\"text-align:justify\"><span style=\"font-size:11pt\"><span style=\"line-height:normal\"><span style=\"font-family:Calibri,sans-serif\"><a href=\"https:\/\/geosyntheticsmagazine.com\/2025\/06\/30\/gma-announces-the-congressional-geosynthetic-materials-caucus\/\" style=\"color:blue; text-decoration:underline\"><span lang=\"EN-US\" style=\"font-size:14.0pt\">GMA announces the Congressional Geosynthetic Materials Caucus<\/span><\/a><\/span><\/span><\/span><\/p>\r\n\r\n<p style=\"text-align:justify\"><span style=\"font-size:11pt\"><span style=\"line-height:normal\"><span style=\"font-family:Calibri,sans-serif\"><a href=\"http:\/\/clickemail.portalpersonalcare.com.br\/ls\/click?upn=u001.D2-2F0Tg0A29KXXLMT6ctG-2BYOihdDbc-2ByFrUFb3ZXMT9S5uLtfR6kUPLtJwpisIybP5v5e7UEfSSZf7l-2Fwh2ub9uA9vNP1Ivkjd4BmBytTFwcsznNdKOJ9NkFem8drwBIr-2BBS-2FC39OrgH4qqzDv74L-2FuWWZD64bXhUPEHoKC8oVb2m5T4lMrito5oy5mdfWX4Xwea7gcZCVnFUkIIihrb42OHjYCAlKNsvi1q4x0ctgYtIvCJrDB-2B-2BSSQQ9vifWX27I4qlrIxW29Fu7kum1eS-2B3g-3D-3DHFNJ_T7N8BvZTOm04CQQMiyWztrpCjlUrRc4F7QzSgUIpTqDyHxxxhGpyWLohz7JoE2GE5NHlS-2BYZoX1R75Fh8KCze9GvCCb-2FinuNgc39g0Cdbe-2FcU8RlSBQhp5om11AQZQ-2FD5QRIiuKJo5SpRQmh-2BGlqpcC6qzoYN5Zr0DDWxW-2BWl-2BJ6vJcO5KrJxlNZhwqlI3pxMtPTiLDQR2Niy9NaK1-2BRc2KP7SvMJdKWj-2BHEH2rA4jmFqAG3vqDZKwVSdNw0cG9L5I5XgWeSU9pLAbREDnkR1kskTAkgrM0oJw-2Bg-2B84lJiEKyPuSimkkijUKiiMGTBzT-2B318MoKS0ogKRhlpMhbReoqbtGyheDr1uSJvlz4Q9OX8ZsLEzICjqdyCqqQVUh5tmIMmnyONrKIzI4fXarULOI5k9b3w-2BffYLoSHGtpc8RKTxa3c-2BQ461s1Mw7UaM4TeKWo116gwawS-2FEPLFLIsnHftSSkoyX-2FWDhrb4DDf5GrybYdVWKpLGmtPrWqrMPjoe4ymIEM6G4fSIiAXvAGBUsYWC5wxMNiCw8jxg8qfRi8wrvLEoBlZMi-2BkeybCEMxHDscUqp-2FmSO5Bmz-2BtoRCMWdn4b2DEgAC8AKWdxlcbSPl-2FFYRibdNXrb25866ZnYGBjdxxRmKKxOAIgK-2BFf5W7deA-3D-3D\" style=\"color:blue; text-decoration:underline\" target=\"_blank\"><span style=\"font-size:14.0pt\">Viveo inaugura maior f&aacute;brica de len&ccedil;os umedecidos da Am&eacute;rica Latina em Blumenau (SC)<\/span><\/a><\/span><\/span><\/span><\/p>\r\n\r\n<p style=\"text-align:justify\"><span style=\"font-size:11pt\"><span style=\"line-height:normal\"><span style=\"font-family:Calibri,sans-serif\"><a href=\"http:\/\/clickemail.portalpersonalcare.com.br\/ls\/click?upn=u001.D2-2F0Tg0A29KXXLMT6ctG-2BYOihdDbc-2ByFrUFb3ZXMT9QPEozGvnexdISgHDU1Kwiq0qngaPbMnV9wdVSRd-2B3-2FR08Ypsmw7PQs1sVaJ5p5k4KgXWtRaqiCp5G5PyXJNZ-2B5gtiWRcQvYATBnUtt1kb6buiaMXdgsOUVoZ5Z4epKrawPrPvmPCCLvwJDtlTHbetaJBCtE8oqatspcR8ZupZoVZHjaOk-2FbkZ6CjHTbWC0Vck-3DnPNp_T7N8BvZTOm04CQQMiyWztrpCjlUrRc4F7QzSgUIpTqDyHxxxhGpyWLohz7JoE2GE5NHlS-2BYZoX1R75Fh8KCze9GvCCb-2FinuNgc39g0Cdbe-2FcU8RlSBQhp5om11AQZQ-2FD5QRIiuKJo5SpRQmh-2BGlqpcC6qzoYN5Zr0DDWxW-2BWl-2BJ6vJcO5KrJxlNZhwqlI3pxMtPTiLDQR2Niy9NaK1-2BRc2KP7SvMJdKWj-2BHEH2rA4jmFqAG3vqDZKwVSdNw0cG9L5I5XgWeSU9pLAbREDnkR1kskTAkgrM0oJw-2Bg-2B84lJiEKyPuSimkkijUKiiMGTBzT-2B318MoKS0ogKRhlpMhbReoqbtGyheDr1uSJvlz4Q9OX8ZsLEzICjqdyCqqQVUh5tmIMmnyONrKIzI4fXarULOI5k9b3w-2BffYLoSHGtpc8RKTxa3c-2BQ461s1Mw7UaM4TeKWo116gwawS-2FEPLFLIsnHftSSkoyX-2FWDhrb4DDf5GrybYdVWKpLGmtPrWqrMPjoeyHUc-2Fkf6pe5jm3lxn7uW82qMiTsRbdvqJSg-2F7iDTsfajxpA-2BAALQikioDV1ng7kAGLIGmb-2Bp6lqHAhK2Bl922dQ6tV4rxVsav8DmS06DNt5sgK7lfle1CZPD-2B4iM0vRpyhv-2FG1FsS-2FfqPAMF94mR2w-3D-3D\" style=\"color:blue; text-decoration:underline\"><span style=\"font-size:14.0pt\">Produ&ccedil;&atilde;o de fraldas: efici&ecirc;ncia que nasce do detalhe<\/span><\/a><\/span><\/span><\/span><\/p>\r\n\r\n<p style=\"text-align:justify\"><span style=\"font-size:11pt\"><span style=\"line-height:normal\"><span style=\"font-family:Calibri,sans-serif\"><a href=\"https:\/\/www.moveisdevalor.com.br\/portal\/setor-lanca-nova-geracao-de-colchoes?source=news\" style=\"color:blue; text-decoration:underline\"><span style=\"font-size:14.0pt\">Nova gera&ccedil;&atilde;o de colch&otilde;es promete mudar o mercado<\/span><\/a><\/span><\/span><\/span><\/p>\r\n\r\n<p style=\"text-align:justify\"><span style=\"font-size:11pt\"><span style=\"line-height:normal\"><span style=\"font-family:Calibri,sans-serif\"><a href=\"https:\/\/www.plastico.com.br\/polietileno-resinas-nacionais-lutam-para-conter-importacoes\/?utm_campaign=newsletter_plastico_junho_2025&amp;utm_medium=email&amp;utm_source=RD+Station\" style=\"color:blue; text-decoration:underline\"><span style=\"font-size:14.0pt\">Polietileno: Resinas nacionais lutam para conter importa&ccedil;&otilde;es<\/span><\/a><\/span><\/span><\/span><\/p>\r\n\r\n<p style=\"text-align:justify\"><span style=\"font-size:28pt\"><span style=\"font-family:Cambria,serif\"><span style=\"letter-spacing:-0.5pt\"><b><span style=\"font-size:18.0pt\"><span calibri=\"\" style=\"font-family:\"><span style=\"font-variant:small-caps\">Ind&uacute;stria<\/span><\/span><\/span><\/b><\/span><\/span><\/span><\/p>\r\n\r\n<p style=\"text-align:justify\"><span style=\"font-size:11pt\"><span style=\"line-height:normal\"><span style=\"font-family:Calibri,sans-serif\"><a href=\"https:\/\/noticias.portaldaindustria.com.br\/noticias\/economia\/atividade-recua-falta-de-confianca-se-agrava-e-expectativas-da-construcao-se-tornam-pessimistas-diz-cni\/\" style=\"color:blue; text-decoration:underline\"><span style=\"font-size:14.0pt\">Atividade recua, falta de confian&ccedil;a se agrava e expectativas da constru&ccedil;&atilde;o se tornam pessimistas, diz CNI<\/span><\/a><\/span><\/span><\/span><\/p>\r\n\r\n<p style=\"text-align:justify\"><span style=\"font-size:11pt\"><span style=\"line-height:normal\"><span style=\"font-family:Calibri,sans-serif\"><a href=\"https:\/\/portalibre.fgv.br\/system\/files\/divulgacao\/noticias\/mat-complementar\/2025-06\/Sondagem%20da%20Industria%20FGV_press%20release_Jun25.pdf\" style=\"color:blue; text-decoration:underline\"><span style=\"font-size:14.0pt\">Em junho, confian&ccedil;a da Ind&uacute;stria tem maior recuo no ano [FGV IBRE]<\/span><\/a><\/span><\/span><\/span><\/p>\r\n\r\n<p style=\"text-align:justify\"><span style=\"font-size:11pt\"><span style=\"line-height:normal\"><span style=\"font-family:Calibri,sans-serif\"><a href=\"https:\/\/fiesc.com.br\/pt-br\/imprensa\/setor-moveleiro-debate-estrategias-para-ampliar-mercados-de-exportacao\" style=\"color:blue; text-decoration:underline\"><span style=\"font-size:14.0pt\">Ind&uacute;stria moveleira debate estrat&eacute;gias para ampliar mercados de exporta&ccedil;&atilde;o<\/span><\/a><\/span><\/span><\/span><\/p>\r\n\r\n<p style=\"text-align:justify\"><span style=\"font-size:11pt\"><span style=\"line-height:normal\"><span style=\"font-family:Calibri,sans-serif\"><a href=\"https:\/\/grandesconstrucoes.com.br\/Materias\/Exibir\/o-desafio-das-metas-no-saneamento\" style=\"color:blue; text-decoration:underline\"><span style=\"font-size:14.0pt\">O desafio das metas no saneamento<\/span><\/a><\/span><\/span><\/span><\/p>\r\n\r\n<p style=\"text-align:justify\"><span style=\"font-size:28pt\"><span style=\"font-family:Cambria,serif\"><span style=\"letter-spacing:-0.5pt\"><b><span lang=\"EN-US\" style=\"font-size:18.0pt\"><span calibri=\"\" style=\"font-family:\"><span style=\"font-variant:small-caps\">Sustentabilidade<\/span><\/span><\/span><\/b><\/span><\/span><\/span><\/p>\r\n\r\n<p style=\"text-align:justify\"><span style=\"font-size:11pt\"><span style=\"line-height:normal\"><span style=\"font-family:Calibri,sans-serif\"><a href=\"https:\/\/www.fibre2fashion.com\/news\/textile-news\/eu-members-propose-deeper-cuts-in-supply-chain-regulations-303520-newsdetails.htm\" style=\"color:blue; text-decoration:underline\"><span lang=\"EN-US\" style=\"font-size:14.0pt\">EU members propose deeper cuts in supply chain regulations<\/span><\/a><\/span><\/span><\/span><\/p>\r\n\r\n<p style=\"text-align:justify\"><span style=\"font-size:11pt\"><span style=\"line-height:normal\"><span style=\"font-family:Calibri,sans-serif\"><a href=\"https:\/\/www.revistatae.com.br\/Noticia\/91677\/sabesp-lanca-seu-relatorio-de-sustentabilidade--\" style=\"color:blue; text-decoration:underline\"><span style=\"font-size:14.0pt\">Sabesp lan&ccedil;a seu Relat&oacute;rio de Sustentabilidade<\/span><\/a><\/span><\/span><\/span><\/p>\r\n\r\n<p style=\"text-align:justify\"><span style=\"font-size:11pt\"><span style=\"line-height:normal\"><span style=\"font-family:Calibri,sans-serif\"><a href=\"https:\/\/www.revistatae.com.br\/Noticia\/91673\/478-da-populacao-do-pais-ainda-nao-tem-acesso-a-rede-de-esgoto\" style=\"color:blue; text-decoration:underline\"><span style=\"font-size:14.0pt\">47,8% da popula&ccedil;&atilde;o do pa&iacute;s ainda n&atilde;o t&ecirc;m acesso &agrave; rede de esgoto<\/span><\/a><\/span><\/span><\/span><\/p>\r\n\r\n<p style=\"text-align:justify\"><span style=\"font-size:28pt\"><span style=\"font-family:Cambria,serif\"><span style=\"letter-spacing:-0.5pt\"><b><span lang=\"EN-US\" style=\"font-size:18.0pt\"><span calibri=\"\" style=\"font-family:\"><span style=\"font-variant:small-caps\">Inova&ccedil;&atilde;o<\/span><\/span><\/span><\/b><\/span><\/span><\/span><\/p>\r\n\r\n<p style=\"text-align:justify\"><span style=\"font-size:11pt\"><span style=\"line-height:normal\"><span style=\"font-family:Calibri,sans-serif\"><a href=\"https:\/\/www.press.bmwgroup.com\/global\/article\/detail\/T0450786EN\/ready-for-series-production:-bmw-group-achieves-major-breakthrough-with-utilization-of-natural-fiber-composites?language=en\" style=\"color:blue; text-decoration:underline\"><span lang=\"EN-US\" style=\"font-size:14.0pt\">BMW Group Achieves Major Breakthrough with Utilization of Natural Fiber Composites.<\/span><\/a><\/span><\/span><\/span><\/p>\r\n\r\n<p style=\"text-align:justify\"><span style=\"font-size:11pt\"><span style=\"line-height:normal\"><span style=\"font-family:Calibri,sans-serif\"><a href=\"https:\/\/www.bemparana.com.br\/noticias\/economia\/associacoes-de-curitiba-participam-de-projeto-que-transforma-garrafas-pet-em-big-bags-entenda\/\" style=\"color:blue; text-decoration:underline\"><span style=\"font-size:14.0pt\">Associa&ccedil;&otilde;es de Curitiba participam de projeto que transforma garrafas PET em &lsquo;big bags&rsquo;; entenda<\/span><\/a><\/span><\/span><\/span><\/p>\r\n\r\n<p style=\"text-align:justify\"><span style=\"font-size:11pt\"><span style=\"line-height:normal\"><span style=\"font-family:Calibri,sans-serif\"><a href=\"https:\/\/epocanegocios.globo.com\/ciencia-e-saude\/noticia\/2025\/06\/da-reciclagem-para-a-farmacia-bacteria-modificada-pode-transformar-garrafa-pet-em-paracetamol.ghtml\" style=\"color:blue; text-decoration:underline\"><span style=\"font-size:14.0pt\">Da reciclagem para a farm&aacute;cia: bact&eacute;ria modificada pode transformar garrafa PET em paracetamol<\/span><\/a><\/span><\/span><\/span><\/p>\r\n\r\n<p style=\"text-align:justify\"><span style=\"font-size:28pt\"><span style=\"font-family:Cambria,serif\"><span style=\"letter-spacing:-0.5pt\"><b><span style=\"font-size:18.0pt\"><span calibri=\"\" style=\"font-family:\"><span style=\"font-variant:small-caps\">Com&eacute;rcio Exterior<\/span><\/span><\/span><\/b><\/span><\/span><\/span><\/p>\r\n\r\n<p style=\"text-align:justify\"><span style=\"font-size:11pt\"><span style=\"line-height:normal\"><span style=\"font-family:Calibri,sans-serif\"><a href=\"https:\/\/www.bcb.gov.br\/content\/ri\/relatorioinflacao\/202506\/rpm202506b4p.pdf\" style=\"color:blue; text-decoration:underline\"><span style=\"font-size:14.0pt\">Com&eacute;rcio bilateral do Brasil com EUA e China<\/span><\/a><\/span><\/span><\/span><\/p>\r\n\r\n<p style=\"text-align:justify\"><span style=\"font-size:11pt\"><span style=\"line-height:normal\"><span style=\"font-family:Calibri,sans-serif\"><a href=\"https:\/\/www.h2foz.com.br\/paraguai\/empresarios-brasileiros-investimentos-paraguai\/\" style=\"color:blue; text-decoration:underline\"><span style=\"font-size:14.0pt\">Empres&aacute;rios brasileiros manifestam interesse no Paraguai<\/span><\/a><\/span><\/span><\/span><\/p>\r\n\r\n<p style=\"text-align:justify\"><span style=\"font-size:11pt\"><span style=\"line-height:normal\"><span style=\"font-family:Calibri,sans-serif\"><a href=\"https:\/\/www.innovationintextiles.com\/technology-machinery-equipment\/chinas-capacity-expansions-undiminished-in-2024\/\" style=\"color:blue; text-decoration:underline\"><span lang=\"EN-US\" style=\"font-size:14.0pt\">China&rsquo;s capacity expansions undiminished in 2024<\/span><\/a><\/span><\/span><\/span><\/p>\r\n\r\n<p style=\"text-align:justify\"><span style=\"font-size:11pt\"><span style=\"line-height:normal\"><span style=\"font-family:Calibri,sans-serif\"><a href=\"https:\/\/agenciabrasil.ebc.com.br\/economia\/noticia\/2025-06\/brasil-podera-deixar-ate-150-produtos-fora-da-tarifa-comum-do-mercosul\" style=\"color:blue; text-decoration:underline\"><span style=\"font-size:14.0pt\">Brasil poder&aacute; deixar at&eacute; 150 produtos fora da tarifa comum do Mercosul<\/span><\/a><\/span><\/span><\/span><\/p>\r\n\r\n<p style=\"text-align:justify\"><span style=\"font-size:11pt\"><span style=\"line-height:normal\"><span style=\"font-family:Calibri,sans-serif\"><a href=\"https:\/\/www.cnnbrasil.com.br\/economia\/macroeconomia\/macron-ue-nao-deve-aceitar-um-acordo-comercial-desequilibrado\/\" style=\"color:blue; text-decoration:underline\"><span style=\"font-size:14.0pt\">Macron: UE n&atilde;o deve aceitar um acordo comercial desequilibrado<\/span><\/a><\/span><\/span><\/span><\/p>\r\n\r\n<p style=\"text-align:justify\"><span style=\"font-size:11pt\"><span style=\"line-height:normal\"><span style=\"font-family:Calibri,sans-serif\"><a href=\"https:\/\/monitormercantil.com.br\/china-confirma-acordo-comercial-com-os-eua\/\" style=\"color:blue; text-decoration:underline\"><span style=\"font-size:14.0pt\">China confirma acordo comercial com os EUA<\/span><\/a><\/span><\/span><\/span><\/p>\r\n\r\n<p style=\"text-align:justify\"><span style=\"font-size:28pt\"><span style=\"font-family:Cambria,serif\"><span style=\"letter-spacing:-0.5pt\"><b><span style=\"font-size:18.0pt\"><span calibri=\"\" style=\"font-family:\"><span style=\"font-variant:small-caps\">Economia<\/span><\/span><\/span><\/b><\/span><\/span><\/span><\/p>\r\n\r\n<p style=\"text-align:justify\"><span style=\"font-size:11pt\"><span style=\"line-height:normal\"><span style=\"font-family:Calibri,sans-serif\"><a href=\"https:\/\/www.bcb.gov.br\/content\/focus\/focus\/R20250627.pdf\" style=\"color:blue; text-decoration:underline\"><span style=\"font-size:14.0pt\">Focus - Relat&oacute;rio de Mercado<\/span><\/a><\/span><\/span><\/span><\/p>\r\n\r\n<p style=\"text-align:justify\"><span style=\"font-size:11pt\"><span style=\"line-height:normal\"><span style=\"font-family:Calibri,sans-serif\"><a href=\"https:\/\/www.contabeis.com.br\/noticias\/71520\/conheca-novo-portal-da-reforma-tributaria-que-sera-testado-em-julho\/\" style=\"color:blue; text-decoration:underline\"><span style=\"font-size:14.0pt\">Conhe&ccedil;a novo portal da reforma tribut&aacute;ria que ser&aacute; testado em julho<\/span><\/a><\/span><\/span><\/span><\/p>\r\n\r\n<p style=\"text-align:justify\"><span style=\"font-size:11pt\"><span style=\"line-height:normal\"><span style=\"font-family:Calibri,sans-serif\"><a href=\"https:\/\/portalibre.fgv.br\/system\/files\/divulgacao\/noticias\/mat-complementar\/2025-06\/PressRelease_IIE-BR_jun25.pdf\" style=\"color:blue; text-decoration:underline\"><span style=\"font-size:14.0pt\">Incerteza Econ&ocirc;mica cede e retorna &agrave; regi&atilde;o favor&aacute;vel<\/span><\/a><\/span><\/span><\/span><\/p>\r\n\r\n<p style=\"text-align:justify\"><span style=\"font-size:11pt\"><span style=\"line-height:normal\"><span style=\"font-family:Calibri,sans-serif\"><a href=\"https:\/\/www.bbc.com\/portuguese\/articles\/cly247ydkn8o\" style=\"color:blue; text-decoration:underline\"><span style=\"font-size:14.0pt\">Congresso derruba alta do IOF e imp&otilde;e derrota ao governo<\/span><\/a><\/span><\/span><\/span><\/p>\r\n\r\n<p style=\"text-align:justify\"><img src=\"https:\/\/www.abint.org.br\/assets\/img\/editor\/redes-sociais-abint-ctg-cth_20250610164521Me6phPlAL1.jpg\" \/><\/p>\r\n","6":"<p style=\"text-align:justify\"><span style=\"font-size:11pt\"><span style=\"line-height:normal\"><span style=\"font-family:Calibri,sans-serif\"><span style=\"font-size:14.0pt\">Esta &eacute; uma compila&ccedil;&atilde;o das not&iacute;cias mais relevantes para o setor, incluindo informa&ccedil;&otilde;es sobre acordos internacionais, economia brasileira, sustentabilidade e mat&eacute;rias primas, al&eacute;m de novidades do setor de N&atilde;otecidos e Tecidos T&eacute;cnicos.<\/span><\/span><\/span><\/span><\/p>\r\n\r\n<p style=\"text-align:justify\"><span style=\"font-size:28pt\"><span style=\"font-family:Cambria,serif\"><span style=\"letter-spacing:-0.5pt\"><b><span style=\"font-size:18.0pt\"><span calibri=\"\" style=\"font-family:\"><span style=\"font-variant:small-caps\">O que vem por a&iacute;<\/span><\/span><\/span><\/b><\/span><\/span><\/span><\/p>\r\n\r\n<p><b><img src=\"https:\/\/www.abint.org.br\/assets\/img\/editor\/abint-logo-2020-g_20250701192308UkkpnuOwWY.png\" style=\"width: 300px; height: 69px;\" \/><\/b><\/p>\r\n\r\n<h3><strong>PATROCINADORA DO<\/strong><\/h3>\r\n\r\n<p><strong><img src=\"https:\/\/www.abint.org.br\/assets\/img\/editor\/congresso-internacional-abit-2025_2025070119260431UGpa71Ly.png\" style=\"width: 700px; height: 256px;\" \/><\/strong><\/p>\r\n\r\n<p><a href=\"https:\/\/www.congressoabit.com.br\/\">Acesse aqui mais informa&ccedil;&otilde;es<\/a><\/p>\r\n\r\n<p class=\"MsoTitle\" style=\"text-align:justify\"><span style=\"font-size:28pt\"><span style=\"font-family:Cambria,serif\"><span style=\"letter-spacing:-0.5pt\"><b><span style=\"font-size:18.0pt\"><span calibri=\"\" style=\"font-family:\"><span style=\"font-variant:small-caps\">Not&iacute;cias das Associadas<\/span><\/span><\/span><\/b><\/span><\/span><\/span><\/p>\r\n\r\n<p style=\"text-align:justify\"><span style=\"font-size:11pt\"><span style=\"line-height:normal\"><span style=\"font-family:Calibri,sans-serif\"><a href=\"https:\/\/plasticosemrevista.com.br\/pesquisa-de-opiniao-27\/\" style=\"color:blue; text-decoration:underline\"><span style=\"font-size:14.0pt\">Pesquisa de opini&atilde;o: Mesmo com barreiras tarif&aacute;rias recordes, voc&ecirc; acha que o Brasil est&aacute; fadado a importar cada vez mais polietileno (PE), polipropileno (PP) e policloreto de vinila (PVC)?<\/span><\/a><\/span><\/span><\/span><\/p>\r\n\r\n<p style=\"text-align:justify\"><span style=\"font-size:11pt\"><span style=\"line-height:normal\"><span style=\"font-family:Calibri,sans-serif\"><a href=\"https:\/\/www.revistatae.com.br\/Noticia\/91636\/ctg-abint-lanca-omanual-ctg-abint-para-compradores-\" style=\"color:blue; text-decoration:underline\"><span style=\"font-size:14.0pt\">CTG ABINT lan&ccedil;a o Manual para Compradores<\/span><\/a> <\/span><\/span><\/span><\/p>\r\n\r\n<p style=\"text-align:justify\"><span style=\"font-size:11pt\"><span style=\"line-height:normal\"><span style=\"font-family:Calibri,sans-serif\"><a href=\"https:\/\/www.indiantextilemagazine.in\/trutzschler-nonwovens-powering-sustainable-growth-with-innovation-and-zero-waste-production\/\" style=\"color:blue; text-decoration:underline\"><span lang=\"EN-US\" style=\"font-size:14.0pt\">Trutzschler Nonwovens: Powering Sustainable Growth with Innovation and Zero-Waste Production<\/span><\/a><\/span><\/span><\/span><\/p>\r\n\r\n<p style=\"text-align:justify\">&nbsp;<\/p>\r\n\r\n<p style=\"text-align:justify\"><span style=\"font-size:11pt\"><span style=\"line-height:normal\"><span style=\"font-family:Calibri,sans-serif\"><b><span style=\"font-size:18.0pt\"><span style=\"font-variant:small-caps\">Eventos<\/span><\/span><\/b><\/span><\/span><\/span><\/p>\r\n\r\n<p style=\"text-align:justify\">&nbsp;<\/p>\r\n\r\n<p style=\"text-align:justify\"><span style=\"font-size:11pt\"><span style=\"line-height:normal\"><span style=\"font-family:Calibri,sans-serif\"><a href=\"https:\/\/abit.rds.land\/ws-inventarios-de-gees\" style=\"color:blue; text-decoration:underline\"><b><span style=\"font-size:14.0pt\">Workshop Abit | Invent&aacute;rio de GEE e Estrat&eacute;gia de Descarboniza&ccedil;&atilde;o<\/span><\/b><\/a><span style=\"font-size:14.0pt\">, 01 de julho de 2025, 10h &agrave;s 12h, evento online<\/span><\/span><\/span><\/span><\/p>\r\n\r\n<p style=\"text-align:justify\"><span style=\"font-size:11pt\"><span style=\"line-height:normal\"><span style=\"font-family:Calibri,sans-serif\"><a href=\"https:\/\/www.abnteducacao.com.br\/Simbologia_de_cuidados_aplicada_a_Etiquetagem_de_Texteis_ABNT_NBR_NM_ISO_3758\" style=\"color:blue; text-decoration:underline\"><b><span style=\"font-size:14.0pt\">Simbologia de cuidados aplicada a Etiquetagem de T&ecirc;xteis<\/span><\/b><\/a><span style=\"font-size:14.0pt\">, 08 a 11 de julho de 2025<\/span><\/span><\/span><\/span><\/p>\r\n\r\n<p style=\"text-align:justify\"><span style=\"font-size:11pt\"><span style=\"line-height:normal\"><span style=\"font-family:Calibri,sans-serif\"><a href=\"https:\/\/www.abicol.org\/encontro-das-industrias-de-colchoes-2025\/\" style=\"color:blue; text-decoration:underline\"><b><span style=\"font-size:14.0pt\">ABICOL | ENICOL 2025 - Encontro das Ind&uacute;strias de Colch&otilde;es<\/span><\/b><\/a><span style=\"font-size:14.0pt\">, 07 e 08 de agosto, evento presencial, Royal Tulip Bras&iacute;lia Alvorada<\/span><\/span><\/span><\/span><\/p>\r\n\r\n<p style=\"text-align:justify\"><span style=\"font-size:11pt\"><span style=\"line-height:normal\"><span style=\"font-family:Calibri,sans-serif\"><a href=\"https:\/\/horizons.fia.com.br\/?utm_campaign=apoio_institucional_horizons_2025&amp;utm_medium=email&amp;utm_source=RD+Station\" style=\"color:blue; text-decoration:underline\"><b><span style=\"font-size:14.0pt\">Horizons 2025 &ndash; Inova&ccedil;&atilde;o, Tecnologia e Neg&oacute;cios Unidos pelo Planeta<\/span><\/b><\/a><span style=\"font-size:14.0pt\">, 13 e 14 de agosto, FIA Business School, Birmann 21 e Centro de Inova&ccedil;&atilde;o Bruno Covas, S&atilde;o Paulo<\/span><\/span><\/span><\/span><\/p>\r\n\r\n<p style=\"text-align:justify\"><span style=\"font-size:11pt\"><span style=\"line-height:normal\"><span style=\"font-family:Calibri,sans-serif\"><a href=\"https:\/\/forumdemanufatura.com.br\/\" style=\"color:blue; text-decoration:underline\"><b><span style=\"font-size:14.0pt\">9&ordm; F&oacute;rum de Manufatura<\/span><\/b><\/a><span style=\"font-size:14.0pt\">, 18 e 19 de agosto de 2025, Novotel Center Norte, S&atilde;o Paulo, SP<\/span><\/span><\/span><\/span><\/p>\r\n\r\n<p style=\"text-align:justify\"><span style=\"font-size:11pt\"><span style=\"line-height:normal\"><span style=\"font-family:Calibri,sans-serif\"><a href=\"https:\/\/sticni.sharepoint.com\/sites\/PublicShare\/Compartilhamentos\/Forms\/AllItems.aspx?id=%2Fsites%2FPublicShare%2FCompartilhamentos%2FCNI%2D133649%2FPrograma%20Imers%C3%B5es%20em%20Ecossistemas%2FImers%C3%A3o%20Finlandia%20em%20Economia%20Circular%2E%201%2Epdf&amp;parent=%2Fsites%2FPublicShare%2FCompartilhamentos%2FCNI%2D133649%2FPrograma%20Imers%C3%B5es%20em%20Ecossistemas&amp;p=true&amp;ga=1\" style=\"color:blue; text-decoration:underline\"><b><span style=\"font-size:14.0pt\">CNI | Imers&atilde;o Finl&acirc;ndia: Uma conex&atilde;o global com a Economia Circular<\/span><\/b><\/a><span style=\"font-size:14.0pt\">, 01 a 05 de setembro de 2025, inscri&ccedil;&otilde;es at&eacute; 10 de agosto de 2025 ou se encerrarem as vagas, cidades destinos: Helsinki (cidade base), Tampere e Espoo.<\/span><\/span><\/span><\/span><\/p>\r\n\r\n<p style=\"text-align:justify\"><span style=\"font-size:11pt\"><span style=\"line-height:normal\"><span style=\"font-family:Calibri,sans-serif\"><a href=\"https:\/\/www.conbrava.com.br\/\" style=\"color:blue; text-decoration:underline\"><b><span style=\"font-size:14.0pt\">CONBRAVA 2025<\/span><\/b><\/a><span style=\"font-size:14.0pt\">, 10 a 12 de setembro de 2025, S&atilde;o Paulo Expo, Rodovia dos Imigrantes, km 1,5<\/span><\/span><\/span><\/span><\/p>\r\n\r\n<p style=\"text-align:justify\"><span style=\"font-size:11pt\"><span style=\"line-height:normal\"><span style=\"font-family:Calibri,sans-serif\"><a href=\"https:\/\/paving.com.br\/\" style=\"color:blue; text-decoration:underline\"><b><span style=\"font-size:14.0pt\">Paving Expo 2025<\/span><\/b><\/a><span style=\"font-size:14.0pt\">, 23 a 25 de setembro de 2025, Distrito Anhembi, Rua Prof. Milton Rodrigues, s\/n, Santana, S&atilde;o Paulo, SP<\/span><\/span><\/span><\/span><\/p>\r\n\r\n<p style=\"text-align:justify\"><span style=\"font-size:11pt\"><span style=\"line-height:normal\"><span style=\"font-family:Calibri,sans-serif\"><a href=\"https:\/\/www.instagram.com\/sobeccnacional\/p\/DA1V8NZyhNK\/?img_index=1\" style=\"color:blue; text-decoration:underline\"><b><span style=\"font-size:14.0pt\">17&ordm; Congresso Brasileiro de Enfermagem em Centro Cir&uacute;rgico: &ldquo;O poder de cuidar&rdquo;<\/span><\/b><\/a><span style=\"font-size:14.0pt\">, 01 a 03 de outubro de 2025, Transamerica Expo Center, S&atilde;o Paulo, SP<\/span><\/span><\/span><\/span><\/p>\r\n\r\n<p style=\"text-align:justify\"><span style=\"font-size:11pt\"><span style=\"line-height:normal\"><span style=\"font-family:Calibri,sans-serif\"><a href=\"https:\/\/his.saudebusiness.com\/pt\/home.html\" style=\"color:blue; text-decoration:underline\"><b><span style=\"font-size:14.0pt\">Healthcare Innovation Show (HIS)<\/span><\/b><\/a><span style=\"font-size:14.0pt\">, 01 e 02 de outubro de 2025, 09h &agrave;s 18h, S&atilde;o Paulo Expo<\/span><\/span><\/span><\/span><\/p>\r\n\r\n<p style=\"text-align:justify\"><span style=\"font-size:11pt\"><span style=\"line-height:normal\"><span style=\"font-family:Calibri,sans-serif\"><a href=\"https:\/\/www.abrafiltros.org.br\/3o-seminario-brasileiro-de-filtros-acontecera-no-dia-08-de-outubro\/\" style=\"color:blue; text-decoration:underline\"><b><span style=\"font-size:14.0pt\">3&ordm; Semin&aacute;rio Brasileiro de Filtros<\/span><\/b><\/a><span style=\"font-size:14.0pt\">, 08 de outubro de 2025, evento presencial<\/span><\/span><\/span><\/span><\/p>\r\n\r\n<p style=\"text-align:justify\"><span style=\"font-size:11pt\"><span style=\"line-height:normal\"><span style=\"font-family:Calibri,sans-serif\"><a href=\"https:\/\/hospitalmed.com.br\/feira\/\" style=\"color:blue; text-decoration:underline\"><b><span style=\"font-size:14.0pt\">HospitalMed 2025<\/span><\/b><\/a><span style=\"font-size:14.0pt\">, 22 a 24 de outubro, Pernambuco Centro de Conven&ccedil;&otilde;es, Olinda<\/span><\/span><\/span><\/span><\/p>\r\n\r\n<p style=\"text-align:justify\"><span style=\"font-size:11pt\"><span style=\"line-height:normal\"><span style=\"font-family:Calibri,sans-serif\"><a href=\"https:\/\/www.congressoabit.com.br\/\" style=\"color:blue; text-decoration:underline\"><b><span style=\"font-size:14.0pt\">Congresso Internacional Abit 2025<\/span><\/b><\/a><span style=\"font-size:14.0pt\">, 29 e 30 de outubro, 08h &agrave;s 20h, FIESP, S&atilde;o Paulo, SP<\/span><\/span><\/span><\/span><\/p>\r\n\r\n<p style=\"text-align:justify\"><span style=\"font-size:11pt\"><span style=\"line-height:normal\"><span style=\"font-family:Calibri,sans-serif\"><a href=\"https:\/\/filtech.de\/\" style=\"color:blue; text-decoration:underline\"><b><span style=\"font-size:14.0pt\">Filtech 2026<\/span><\/b><\/a><span style=\"font-size:14.0pt\">, de 30 de junho a 2 de julho, Cologne, Alemanha<\/span><\/span><\/span><\/span><\/p>\r\n\r\n<p style=\"text-align:justify\"><span style=\"font-size:28pt\"><span style=\"font-family:Cambria,serif\"><span style=\"letter-spacing:-0.5pt\"><b><span style=\"font-size:18.0pt\"><span calibri=\"\" style=\"font-family:\"><span style=\"font-variant:small-caps\">Setor<\/span><\/span><\/span><\/b><\/span><\/span><\/span><\/p>\r\n\r\n<p style=\"text-align:justify\"><span style=\"font-size:11pt\"><span style=\"line-height:normal\"><span style=\"font-family:Calibri,sans-serif\"><a href=\"https:\/\/terrabrasilnoticias.com\/2025\/06\/geada-chegando-veja-agora-como-proteger-suas-plantas-com-solucoes-simples\/\" style=\"color:blue; text-decoration:underline\"><span style=\"font-size:14.0pt\">N&atilde;otecidos: geada chegando? Veja agora como proteger suas plantas com solu&ccedil;&otilde;es simples<\/span><\/a><\/span><\/span><\/span><\/p>\r\n\r\n<p style=\"text-align:justify\"><span style=\"font-size:11pt\"><span style=\"line-height:normal\"><span style=\"font-family:Calibri,sans-serif\"><a href=\"https:\/\/specialtyfabricsreview.com\/2025\/06\/26\/edana\/\" style=\"color:blue; text-decoration:underline\"><span lang=\"ES-AR\" style=\"font-size:14.0pt\">EDANA and INDA establish Global Nonwoven Alliance<\/span><\/a><\/span><\/span><\/span><\/p>\r\n\r\n<p style=\"text-align:justify\"><span style=\"font-size:11pt\"><span style=\"line-height:normal\"><span style=\"font-family:Calibri,sans-serif\"><a href=\"https:\/\/geosyntheticsmagazine.com\/2025\/06\/30\/gma-announces-the-congressional-geosynthetic-materials-caucus\/\" style=\"color:blue; text-decoration:underline\"><span lang=\"EN-US\" style=\"font-size:14.0pt\">GMA announces the Congressional Geosynthetic Materials Caucus<\/span><\/a><\/span><\/span><\/span><\/p>\r\n\r\n<p style=\"text-align:justify\"><span style=\"font-size:11pt\"><span style=\"line-height:normal\"><span style=\"font-family:Calibri,sans-serif\"><a href=\"http:\/\/clickemail.portalpersonalcare.com.br\/ls\/click?upn=u001.D2-2F0Tg0A29KXXLMT6ctG-2BYOihdDbc-2ByFrUFb3ZXMT9S5uLtfR6kUPLtJwpisIybP5v5e7UEfSSZf7l-2Fwh2ub9uA9vNP1Ivkjd4BmBytTFwcsznNdKOJ9NkFem8drwBIr-2BBS-2FC39OrgH4qqzDv74L-2FuWWZD64bXhUPEHoKC8oVb2m5T4lMrito5oy5mdfWX4Xwea7gcZCVnFUkIIihrb42OHjYCAlKNsvi1q4x0ctgYtIvCJrDB-2B-2BSSQQ9vifWX27I4qlrIxW29Fu7kum1eS-2B3g-3D-3DHFNJ_T7N8BvZTOm04CQQMiyWztrpCjlUrRc4F7QzSgUIpTqDyHxxxhGpyWLohz7JoE2GE5NHlS-2BYZoX1R75Fh8KCze9GvCCb-2FinuNgc39g0Cdbe-2FcU8RlSBQhp5om11AQZQ-2FD5QRIiuKJo5SpRQmh-2BGlqpcC6qzoYN5Zr0DDWxW-2BWl-2BJ6vJcO5KrJxlNZhwqlI3pxMtPTiLDQR2Niy9NaK1-2BRc2KP7SvMJdKWj-2BHEH2rA4jmFqAG3vqDZKwVSdNw0cG9L5I5XgWeSU9pLAbREDnkR1kskTAkgrM0oJw-2Bg-2B84lJiEKyPuSimkkijUKiiMGTBzT-2B318MoKS0ogKRhlpMhbReoqbtGyheDr1uSJvlz4Q9OX8ZsLEzICjqdyCqqQVUh5tmIMmnyONrKIzI4fXarULOI5k9b3w-2BffYLoSHGtpc8RKTxa3c-2BQ461s1Mw7UaM4TeKWo116gwawS-2FEPLFLIsnHftSSkoyX-2FWDhrb4DDf5GrybYdVWKpLGmtPrWqrMPjoe4ymIEM6G4fSIiAXvAGBUsYWC5wxMNiCw8jxg8qfRi8wrvLEoBlZMi-2BkeybCEMxHDscUqp-2FmSO5Bmz-2BtoRCMWdn4b2DEgAC8AKWdxlcbSPl-2FFYRibdNXrb25866ZnYGBjdxxRmKKxOAIgK-2BFf5W7deA-3D-3D\" style=\"color:blue; text-decoration:underline\" target=\"_blank\"><span style=\"font-size:14.0pt\">Viveo inaugura maior f&aacute;brica de len&ccedil;os umedecidos da Am&eacute;rica Latina em Blumenau (SC)<\/span><\/a><\/span><\/span><\/span><\/p>\r\n\r\n<p style=\"text-align:justify\"><span style=\"font-size:11pt\"><span style=\"line-height:normal\"><span style=\"font-family:Calibri,sans-serif\"><a href=\"http:\/\/clickemail.portalpersonalcare.com.br\/ls\/click?upn=u001.D2-2F0Tg0A29KXXLMT6ctG-2BYOihdDbc-2ByFrUFb3ZXMT9QPEozGvnexdISgHDU1Kwiq0qngaPbMnV9wdVSRd-2B3-2FR08Ypsmw7PQs1sVaJ5p5k4KgXWtRaqiCp5G5PyXJNZ-2B5gtiWRcQvYATBnUtt1kb6buiaMXdgsOUVoZ5Z4epKrawPrPvmPCCLvwJDtlTHbetaJBCtE8oqatspcR8ZupZoVZHjaOk-2FbkZ6CjHTbWC0Vck-3DnPNp_T7N8BvZTOm04CQQMiyWztrpCjlUrRc4F7QzSgUIpTqDyHxxxhGpyWLohz7JoE2GE5NHlS-2BYZoX1R75Fh8KCze9GvCCb-2FinuNgc39g0Cdbe-2FcU8RlSBQhp5om11AQZQ-2FD5QRIiuKJo5SpRQmh-2BGlqpcC6qzoYN5Zr0DDWxW-2BWl-2BJ6vJcO5KrJxlNZhwqlI3pxMtPTiLDQR2Niy9NaK1-2BRc2KP7SvMJdKWj-2BHEH2rA4jmFqAG3vqDZKwVSdNw0cG9L5I5XgWeSU9pLAbREDnkR1kskTAkgrM0oJw-2Bg-2B84lJiEKyPuSimkkijUKiiMGTBzT-2B318MoKS0ogKRhlpMhbReoqbtGyheDr1uSJvlz4Q9OX8ZsLEzICjqdyCqqQVUh5tmIMmnyONrKIzI4fXarULOI5k9b3w-2BffYLoSHGtpc8RKTxa3c-2BQ461s1Mw7UaM4TeKWo116gwawS-2FEPLFLIsnHftSSkoyX-2FWDhrb4DDf5GrybYdVWKpLGmtPrWqrMPjoeyHUc-2Fkf6pe5jm3lxn7uW82qMiTsRbdvqJSg-2F7iDTsfajxpA-2BAALQikioDV1ng7kAGLIGmb-2Bp6lqHAhK2Bl922dQ6tV4rxVsav8DmS06DNt5sgK7lfle1CZPD-2B4iM0vRpyhv-2FG1FsS-2FfqPAMF94mR2w-3D-3D\" style=\"color:blue; text-decoration:underline\"><span style=\"font-size:14.0pt\">Produ&ccedil;&atilde;o de fraldas: efici&ecirc;ncia que nasce do detalhe<\/span><\/a><\/span><\/span><\/span><\/p>\r\n\r\n<p style=\"text-align:justify\"><span style=\"font-size:11pt\"><span style=\"line-height:normal\"><span style=\"font-family:Calibri,sans-serif\"><a href=\"https:\/\/www.moveisdevalor.com.br\/portal\/setor-lanca-nova-geracao-de-colchoes?source=news\" style=\"color:blue; text-decoration:underline\"><span style=\"font-size:14.0pt\">Nova gera&ccedil;&atilde;o de colch&otilde;es promete mudar o mercado<\/span><\/a><\/span><\/span><\/span><\/p>\r\n\r\n<p style=\"text-align:justify\"><span style=\"font-size:11pt\"><span style=\"line-height:normal\"><span style=\"font-family:Calibri,sans-serif\"><a href=\"https:\/\/www.plastico.com.br\/polietileno-resinas-nacionais-lutam-para-conter-importacoes\/?utm_campaign=newsletter_plastico_junho_2025&amp;utm_medium=email&amp;utm_source=RD+Station\" style=\"color:blue; text-decoration:underline\"><span style=\"font-size:14.0pt\">Polietileno: Resinas nacionais lutam para conter importa&ccedil;&otilde;es<\/span><\/a><\/span><\/span><\/span><\/p>\r\n\r\n<p style=\"text-align:justify\"><span style=\"font-size:28pt\"><span style=\"font-family:Cambria,serif\"><span style=\"letter-spacing:-0.5pt\"><b><span style=\"font-size:18.0pt\"><span calibri=\"\" style=\"font-family:\"><span style=\"font-variant:small-caps\">Ind&uacute;stria<\/span><\/span><\/span><\/b><\/span><\/span><\/span><\/p>\r\n\r\n<p style=\"text-align:justify\"><span style=\"font-size:11pt\"><span style=\"line-height:normal\"><span style=\"font-family:Calibri,sans-serif\"><a href=\"https:\/\/noticias.portaldaindustria.com.br\/noticias\/economia\/atividade-recua-falta-de-confianca-se-agrava-e-expectativas-da-construcao-se-tornam-pessimistas-diz-cni\/\" style=\"color:blue; text-decoration:underline\"><span style=\"font-size:14.0pt\">Atividade recua, falta de confian&ccedil;a se agrava e expectativas da constru&ccedil;&atilde;o se tornam pessimistas, diz CNI<\/span><\/a><\/span><\/span><\/span><\/p>\r\n\r\n<p style=\"text-align:justify\"><span style=\"font-size:11pt\"><span style=\"line-height:normal\"><span style=\"font-family:Calibri,sans-serif\"><a href=\"https:\/\/portalibre.fgv.br\/system\/files\/divulgacao\/noticias\/mat-complementar\/2025-06\/Sondagem%20da%20Industria%20FGV_press%20release_Jun25.pdf\" style=\"color:blue; text-decoration:underline\"><span style=\"font-size:14.0pt\">Em junho, confian&ccedil;a da Ind&uacute;stria tem maior recuo no ano [FGV IBRE]<\/span><\/a><\/span><\/span><\/span><\/p>\r\n\r\n<p style=\"text-align:justify\"><span style=\"font-size:11pt\"><span style=\"line-height:normal\"><span style=\"font-family:Calibri,sans-serif\"><a href=\"https:\/\/fiesc.com.br\/pt-br\/imprensa\/setor-moveleiro-debate-estrategias-para-ampliar-mercados-de-exportacao\" style=\"color:blue; text-decoration:underline\"><span style=\"font-size:14.0pt\">Ind&uacute;stria moveleira debate estrat&eacute;gias para ampliar mercados de exporta&ccedil;&atilde;o<\/span><\/a><\/span><\/span><\/span><\/p>\r\n\r\n<p style=\"text-align:justify\"><span style=\"font-size:11pt\"><span style=\"line-height:normal\"><span style=\"font-family:Calibri,sans-serif\"><a href=\"https:\/\/grandesconstrucoes.com.br\/Materias\/Exibir\/o-desafio-das-metas-no-saneamento\" style=\"color:blue; text-decoration:underline\"><span style=\"font-size:14.0pt\">O desafio das metas no saneamento<\/span><\/a><\/span><\/span><\/span><\/p>\r\n\r\n<p style=\"text-align:justify\"><span style=\"font-size:28pt\"><span style=\"font-family:Cambria,serif\"><span style=\"letter-spacing:-0.5pt\"><b><span lang=\"EN-US\" style=\"font-size:18.0pt\"><span calibri=\"\" style=\"font-family:\"><span style=\"font-variant:small-caps\">Sustentabilidade<\/span><\/span><\/span><\/b><\/span><\/span><\/span><\/p>\r\n\r\n<p style=\"text-align:justify\"><span style=\"font-size:11pt\"><span style=\"line-height:normal\"><span style=\"font-family:Calibri,sans-serif\"><a href=\"https:\/\/www.fibre2fashion.com\/news\/textile-news\/eu-members-propose-deeper-cuts-in-supply-chain-regulations-303520-newsdetails.htm\" style=\"color:blue; text-decoration:underline\"><span lang=\"EN-US\" style=\"font-size:14.0pt\">EU members propose deeper cuts in supply chain regulations<\/span><\/a><\/span><\/span><\/span><\/p>\r\n\r\n<p style=\"text-align:justify\"><span style=\"font-size:11pt\"><span style=\"line-height:normal\"><span style=\"font-family:Calibri,sans-serif\"><a href=\"https:\/\/www.revistatae.com.br\/Noticia\/91677\/sabesp-lanca-seu-relatorio-de-sustentabilidade--\" style=\"color:blue; text-decoration:underline\"><span style=\"font-size:14.0pt\">Sabesp lan&ccedil;a seu Relat&oacute;rio de Sustentabilidade<\/span><\/a><\/span><\/span><\/span><\/p>\r\n\r\n<p style=\"text-align:justify\"><span style=\"font-size:11pt\"><span style=\"line-height:normal\"><span style=\"font-family:Calibri,sans-serif\"><a href=\"https:\/\/www.revistatae.com.br\/Noticia\/91673\/478-da-populacao-do-pais-ainda-nao-tem-acesso-a-rede-de-esgoto\" style=\"color:blue; text-decoration:underline\"><span style=\"font-size:14.0pt\">47,8% da popula&ccedil;&atilde;o do pa&iacute;s ainda n&atilde;o t&ecirc;m acesso &agrave; rede de esgoto<\/span><\/a><\/span><\/span><\/span><\/p>\r\n\r\n<p style=\"text-align:justify\"><span style=\"font-size:28pt\"><span style=\"font-family:Cambria,serif\"><span style=\"letter-spacing:-0.5pt\"><b><span lang=\"EN-US\" style=\"font-size:18.0pt\"><span calibri=\"\" style=\"font-family:\"><span style=\"font-variant:small-caps\">Inova&ccedil;&atilde;o<\/span><\/span><\/span><\/b><\/span><\/span><\/span><\/p>\r\n\r\n<p style=\"text-align:justify\"><span style=\"font-size:11pt\"><span style=\"line-height:normal\"><span style=\"font-family:Calibri,sans-serif\"><a href=\"https:\/\/www.press.bmwgroup.com\/global\/article\/detail\/T0450786EN\/ready-for-series-production:-bmw-group-achieves-major-breakthrough-with-utilization-of-natural-fiber-composites?language=en\" style=\"color:blue; text-decoration:underline\"><span lang=\"EN-US\" style=\"font-size:14.0pt\">BMW Group Achieves Major Breakthrough with Utilization of Natural Fiber Composites.<\/span><\/a><\/span><\/span><\/span><\/p>\r\n\r\n<p style=\"text-align:justify\"><span style=\"font-size:11pt\"><span style=\"line-height:normal\"><span style=\"font-family:Calibri,sans-serif\"><a href=\"https:\/\/www.bemparana.com.br\/noticias\/economia\/associacoes-de-curitiba-participam-de-projeto-que-transforma-garrafas-pet-em-big-bags-entenda\/\" style=\"color:blue; text-decoration:underline\"><span style=\"font-size:14.0pt\">Associa&ccedil;&otilde;es de Curitiba participam de projeto que transforma garrafas PET em &lsquo;big bags&rsquo;; entenda<\/span><\/a><\/span><\/span><\/span><\/p>\r\n\r\n<p style=\"text-align:justify\"><span style=\"font-size:11pt\"><span style=\"line-height:normal\"><span style=\"font-family:Calibri,sans-serif\"><a href=\"https:\/\/epocanegocios.globo.com\/ciencia-e-saude\/noticia\/2025\/06\/da-reciclagem-para-a-farmacia-bacteria-modificada-pode-transformar-garrafa-pet-em-paracetamol.ghtml\" style=\"color:blue; text-decoration:underline\"><span style=\"font-size:14.0pt\">Da reciclagem para a farm&aacute;cia: bact&eacute;ria modificada pode transformar garrafa PET em paracetamol<\/span><\/a><\/span><\/span><\/span><\/p>\r\n\r\n<p style=\"text-align:justify\"><span style=\"font-size:28pt\"><span style=\"font-family:Cambria,serif\"><span style=\"letter-spacing:-0.5pt\"><b><span style=\"font-size:18.0pt\"><span calibri=\"\" style=\"font-family:\"><span style=\"font-variant:small-caps\">Com&eacute;rcio Exterior<\/span><\/span><\/span><\/b><\/span><\/span><\/span><\/p>\r\n\r\n<p style=\"text-align:justify\"><span style=\"font-size:11pt\"><span style=\"line-height:normal\"><span style=\"font-family:Calibri,sans-serif\"><a href=\"https:\/\/www.bcb.gov.br\/content\/ri\/relatorioinflacao\/202506\/rpm202506b4p.pdf\" style=\"color:blue; text-decoration:underline\"><span style=\"font-size:14.0pt\">Com&eacute;rcio bilateral do Brasil com EUA e China<\/span><\/a><\/span><\/span><\/span><\/p>\r\n\r\n<p style=\"text-align:justify\"><span style=\"font-size:11pt\"><span style=\"line-height:normal\"><span style=\"font-family:Calibri,sans-serif\"><a href=\"https:\/\/www.h2foz.com.br\/paraguai\/empresarios-brasileiros-investimentos-paraguai\/\" style=\"color:blue; text-decoration:underline\"><span style=\"font-size:14.0pt\">Empres&aacute;rios brasileiros manifestam interesse no Paraguai<\/span><\/a><\/span><\/span><\/span><\/p>\r\n\r\n<p style=\"text-align:justify\"><span style=\"font-size:11pt\"><span style=\"line-height:normal\"><span style=\"font-family:Calibri,sans-serif\"><a href=\"https:\/\/www.innovationintextiles.com\/technology-machinery-equipment\/chinas-capacity-expansions-undiminished-in-2024\/\" style=\"color:blue; text-decoration:underline\"><span lang=\"EN-US\" style=\"font-size:14.0pt\">China&rsquo;s capacity expansions undiminished in 2024<\/span><\/a><\/span><\/span><\/span><\/p>\r\n\r\n<p style=\"text-align:justify\"><span style=\"font-size:11pt\"><span style=\"line-height:normal\"><span style=\"font-family:Calibri,sans-serif\"><a href=\"https:\/\/agenciabrasil.ebc.com.br\/economia\/noticia\/2025-06\/brasil-podera-deixar-ate-150-produtos-fora-da-tarifa-comum-do-mercosul\" style=\"color:blue; text-decoration:underline\"><span style=\"font-size:14.0pt\">Brasil poder&aacute; deixar at&eacute; 150 produtos fora da tarifa comum do Mercosul<\/span><\/a><\/span><\/span><\/span><\/p>\r\n\r\n<p style=\"text-align:justify\"><span style=\"font-size:11pt\"><span style=\"line-height:normal\"><span style=\"font-family:Calibri,sans-serif\"><a href=\"https:\/\/www.cnnbrasil.com.br\/economia\/macroeconomia\/macron-ue-nao-deve-aceitar-um-acordo-comercial-desequilibrado\/\" style=\"color:blue; text-decoration:underline\"><span style=\"font-size:14.0pt\">Macron: UE n&atilde;o deve aceitar um acordo comercial desequilibrado<\/span><\/a><\/span><\/span><\/span><\/p>\r\n\r\n<p style=\"text-align:justify\"><span style=\"font-size:11pt\"><span style=\"line-height:normal\"><span style=\"font-family:Calibri,sans-serif\"><a href=\"https:\/\/monitormercantil.com.br\/china-confirma-acordo-comercial-com-os-eua\/\" style=\"color:blue; text-decoration:underline\"><span style=\"font-size:14.0pt\">China confirma acordo comercial com os EUA<\/span><\/a><\/span><\/span><\/span><\/p>\r\n\r\n<p style=\"text-align:justify\"><span style=\"font-size:28pt\"><span style=\"font-family:Cambria,serif\"><span style=\"letter-spacing:-0.5pt\"><b><span style=\"font-size:18.0pt\"><span calibri=\"\" style=\"font-family:\"><span style=\"font-variant:small-caps\">Economia<\/span><\/span><\/span><\/b><\/span><\/span><\/span><\/p>\r\n\r\n<p style=\"text-align:justify\"><span style=\"font-size:11pt\"><span style=\"line-height:normal\"><span style=\"font-family:Calibri,sans-serif\"><a href=\"https:\/\/www.bcb.gov.br\/content\/focus\/focus\/R20250627.pdf\" style=\"color:blue; text-decoration:underline\"><span style=\"font-size:14.0pt\">Focus - Relat&oacute;rio de Mercado<\/span><\/a><\/span><\/span><\/span><\/p>\r\n\r\n<p style=\"text-align:justify\"><span style=\"font-size:11pt\"><span style=\"line-height:normal\"><span style=\"font-family:Calibri,sans-serif\"><a href=\"https:\/\/www.contabeis.com.br\/noticias\/71520\/conheca-novo-portal-da-reforma-tributaria-que-sera-testado-em-julho\/\" style=\"color:blue; text-decoration:underline\"><span style=\"font-size:14.0pt\">Conhe&ccedil;a novo portal da reforma tribut&aacute;ria que ser&aacute; testado em julho<\/span><\/a><\/span><\/span><\/span><\/p>\r\n\r\n<p style=\"text-align:justify\"><span style=\"font-size:11pt\"><span style=\"line-height:normal\"><span style=\"font-family:Calibri,sans-serif\"><a href=\"https:\/\/portalibre.fgv.br\/system\/files\/divulgacao\/noticias\/mat-complementar\/2025-06\/PressRelease_IIE-BR_jun25.pdf\" style=\"color:blue; text-decoration:underline\"><span style=\"font-size:14.0pt\">Incerteza Econ&ocirc;mica cede e retorna &agrave; regi&atilde;o favor&aacute;vel<\/span><\/a><\/span><\/span><\/span><\/p>\r\n\r\n<p style=\"text-align:justify\"><span style=\"font-size:11pt\"><span style=\"line-height:normal\"><span style=\"font-family:Calibri,sans-serif\"><a href=\"https:\/\/www.bbc.com\/portuguese\/articles\/cly247ydkn8o\" style=\"color:blue; text-decoration:underline\"><span style=\"font-size:14.0pt\">Congresso derruba alta do IOF e imp&otilde;e derrota ao governo<\/span><\/a><\/span><\/span><\/span><\/p>\r\n\r\n<p style=\"text-align:justify\"><img src=\"https:\/\/www.abint.org.br\/assets\/img\/editor\/redes-sociais-abint-ctg-cth_20250610164521Me6phPlAL1.jpg\" \/><\/p>\r\n","texto_en":"","7":"","imagem":"COMP_capa-2025-site-boletim-abint-noticias-semanis_20250701193749Q2C0LvaW73.jpg","8":"COMP_capa-2025-site-boletim-abint-noticias-semanis_20250701193749Q2C0LvaW73.jpg","arquivo":"20250701-BOLETIM-ABINT-DE-NOTICIAS-SEMANAIS.PDF","9":"20250701-BOLETIM-ABINT-DE-NOTICIAS-SEMANAIS.PDF","titulo_arquivo":"20250701 Boletim ABINT de Not\u00edcias Semanais","10":"20250701 Boletim ABINT de Not\u00edcias Semanais","titulo_arquivo_en":"","11":"","created_at":"2025-07-01 19:37:56","12":"2025-07-01 19:37:56","updated_at":"2025-07-01 19:45:20","13":"2025-07-01 19:45:20"},{"id":177,"0":177,"ordem":43,"1":43,"data":"2025-06-24","2":"2025-06-24","slug":"boletim-abint-de-noticias-semanais-81","3":"boletim-abint-de-noticias-semanais-81","titulo":"Boletim ABINT de Not\u00edcias Semanais","4":"Boletim ABINT de Not\u00edcias Semanais","titulo_en":"","5":"","texto":"<p style=\"text-align:justify\"><span style=\"font-size:11pt\"><span style=\"line-height:normal\"><span style=\"font-family:Calibri,sans-serif\"><span style=\"font-size:14.0pt\">Esta &eacute; uma compila&ccedil;&atilde;o das not&iacute;cias mais relevantes para o setor, incluindo informa&ccedil;&otilde;es sobre acordos internacionais, economia brasileira, sustentabilidade e mat&eacute;rias primas, al&eacute;m de novidades do setor de N&atilde;otecidos e Tecidos T&eacute;cnicos.<\/span><\/span><\/span><\/span><\/p>\r\n\r\n<p style=\"text-align:justify\"><span style=\"font-size:28pt\"><span style=\"font-family:Cambria,serif\"><span style=\"letter-spacing:-0.5pt\"><b><span style=\"font-size:18.0pt\"><span calibri=\"\" style=\"font-family:\"><span style=\"font-variant:small-caps\">O que vem por a&iacute;<\/span><\/span><\/span><\/b><\/span><\/span><\/span><\/p>\r\n\r\n<p style=\"text-align:justify\"><span style=\"font-size:28pt\"><span style=\"font-family:Cambria,serif\"><span style=\"letter-spacing:-0.5pt\"><b><span style=\"font-size:18.0pt\"><span calibri=\"\" style=\"font-family:\"><span style=\"font-variant:small-caps\"><img src=\"https:\/\/www.abint.org.br\/assets\/img\/editor\/abint-logo-2020-g_20250701192308UkkpnuOwWY.png\" style=\"width: 300px; height: 69px;\" \/><\/span><\/span><\/span><\/b><\/span><\/span><\/span><\/p>\r\n\r\n<h3><strong>PATROCINADORA DO<\/strong><\/h3>\r\n\r\n<p><strong><img src=\"https:\/\/www.abint.org.br\/assets\/img\/editor\/congresso-internacional-abit-2025_2025070119260431UGpa71Ly.png\" style=\"width: 700px; height: 256px;\" \/><\/strong><\/p>\r\n\r\n<p>&nbsp;<\/p>\r\n\r\n<p style=\"text-align:justify\"><span style=\"font-size:11pt\"><span style=\"line-height:normal\"><span style=\"font-family:Calibri,sans-serif\"><a href=\"https:\/\/www.congressoabit.com.br\/\" style=\"color:blue; text-decoration:underline\"><span style=\"font-size:14.0pt\">Acesse aqui mais informa&ccedil;&otilde;es<\/span><\/a><\/span><\/span><\/span><\/p>\r\n\r\n<p style=\"text-align:justify\"><span style=\"font-size:28pt\"><span style=\"font-family:Cambria,serif\"><span style=\"letter-spacing:-0.5pt\"><b><span style=\"font-size:18.0pt\"><span calibri=\"\" style=\"font-family:\"><span style=\"font-variant:small-caps\">Not&iacute;cias das Associadas<\/span><\/span><\/span><\/b><\/span><\/span><\/span><\/p>\r\n\r\n<p style=\"text-align:justify\"><span style=\"font-size:11pt\"><span style=\"line-height:normal\"><span style=\"font-family:Calibri,sans-serif\"><a href=\"https:\/\/tissueonline.com.br\/andritz-inicia-com-sucesso-nova-linha-de-fibras-recicladas-na-heinzelpaper-laakirchen-austria\/?utm_campaign=nova_newsletter_200625&amp;utm_medium=email&amp;utm_source=RD+Station\" style=\"color:blue; text-decoration:underline\"><span style=\"font-size:14.0pt\">ANDRITZ inicia com sucesso nova linha de fibras recicladas na Heinzelpaper Laakirchen, &Aacute;ustria<\/span><\/a><\/span><\/span><\/span><\/p>\r\n\r\n<p style=\"text-align:justify\"><span style=\"font-size:11pt\"><span style=\"line-height:normal\"><span style=\"font-family:Calibri,sans-serif\"><a href=\"https:\/\/www.nonwovens-industry.com\/contents\/view_breaking-news\/2025-06-18\/freudenberg-to-showcase-advanced-foam-replacement-at-foam-expo\/15303\" style=\"color:blue; text-decoration:underline\"><span lang=\"EN-US\" style=\"font-size:14.0pt\">Freudenberg to Showcase Advanced Foam Replacement at FOAM Expo<\/span><\/a><\/span><\/span><\/span><\/p>\r\n\r\n<p style=\"text-align:justify\"><span style=\"font-size:11pt\"><span style=\"line-height:normal\"><span style=\"font-family:Calibri,sans-serif\"><a href=\"https:\/\/www.fibre2fashion.com\/news\/technical-textiles\/finland-s-suominen-announces-evp-departure-team-changes-ahead-303339-newsdetails.htm\" style=\"color:blue; text-decoration:underline\"><span lang=\"EN-US\" style=\"font-size:14.0pt\">Finland&#39;s Suominen announces EVP departure, team changes ahead<\/span><\/a><\/span><\/span><\/span><\/p>\r\n\r\n<p style=\"text-align:justify\"><span style=\"font-size:11pt\"><span style=\"line-height:normal\"><span style=\"font-family:Calibri,sans-serif\"><a href=\"https:\/\/www.nonwovens-industry.com\/contents\/view_breaking-news\/2025-06-16\/suominen-announces-changes-to-management-board\/?utm_campaign=NON%20eNewsletter&amp;utm_medium=email&amp;_hsenc=p2ANqtz-9jy9YgcLO_Dp0CuJV4qLtsywhLmIb_207beqSptmONLQB1wBnxwhk0I6CeOexXEyI7MHRmt2uyvD9hq_goJkT0xKWUeg&amp;_hsmi=367585311&amp;utm_content=367585311&amp;utm_source=hs_email\" style=\"color:blue; text-decoration:underline\"><span lang=\"EN-US\" style=\"font-size:14.0pt\">Suominen Announces Changes to Management Board<\/span><\/a><\/span><\/span><\/span><\/p>\r\n\r\n<p style=\"text-align:justify\">&nbsp;<\/p>\r\n\r\n<p style=\"text-align:justify\"><span style=\"font-size:11pt\"><span style=\"line-height:normal\"><span style=\"font-family:Calibri,sans-serif\"><b><span style=\"font-size:18.0pt\"><span style=\"font-variant:small-caps\">Eventos<\/span><\/span><\/b><\/span><\/span><\/span><\/p>\r\n\r\n<p style=\"text-align:justify\">&nbsp;<\/p>\r\n\r\n<p style=\"text-align:justify\"><span style=\"font-size:11pt\"><span style=\"line-height:normal\"><span style=\"font-family:Calibri,sans-serif\"><a href=\"https:\/\/docs.google.com\/forms\/d\/e\/1FAIpQLSfoWadac-7RVAX8VDsDsyYJTGMGfw7HtKw7wYvju1qPZhO57w\/viewform\" style=\"color:blue; text-decoration:underline\"><b><span style=\"font-size:14.0pt\">ABRAFILTROS | O impacto da IA no setor industrial: Presente &amp; Futuro<\/span><\/b><\/a><span style=\"font-size:14.0pt\">, 26 de junho de 2025, 09h00, evento presencial e gratuito<\/span><\/span><\/span><\/span><\/p>\r\n\r\n<p style=\"text-align:justify\"><span style=\"font-size:11pt\"><span style=\"line-height:normal\"><span style=\"font-family:Calibri,sans-serif\"><a href=\"https:\/\/evento.fgv.br\/analiseconjuntural2606-592083%20\/\" style=\"color:blue; text-decoration:underline\"><b><span style=\"font-size:14.0pt\">FGV IBRE | II Semin&aacute;rio de An&aacute;lise Conjuntural<\/span><\/b><\/a><span style=\"font-size:14.0pt\">, 26 de junho de 2025, 10h &agrave;s 11h30, transmiss&atilde;o Youtube FGV<\/span><\/span><\/span><\/span><\/p>\r\n\r\n<p style=\"text-align:justify\"><span style=\"font-size:11pt\"><span style=\"line-height:normal\"><span style=\"font-family:Calibri,sans-serif\"><a href=\"https:\/\/abit.rds.land\/ws-inventarios-de-gees\" style=\"color:blue; text-decoration:underline\"><b><span style=\"font-size:14.0pt\">Workshop Abit | Invent&aacute;rio de GEE e Estrat&eacute;gia de Descarboniza&ccedil;&atilde;o<\/span><\/b><\/a><span style=\"font-size:14.0pt\">, 01 de julho de 2025, 10h &agrave;s 12h, evento online<\/span><\/span><\/span><\/span><\/p>\r\n\r\n<p style=\"text-align:justify\"><span style=\"font-size:11pt\"><span style=\"line-height:normal\"><span style=\"font-family:Calibri,sans-serif\"><a href=\"https:\/\/www.abnteducacao.com.br\/Simbologia_de_cuidados_aplicada_a_Etiquetagem_de_Texteis_ABNT_NBR_NM_ISO_3758\" style=\"color:blue; text-decoration:underline\"><b><span style=\"font-size:14.0pt\">Simbologia de cuidados aplicada a Etiquetagem de T&ecirc;xteis<\/span><\/b><\/a><span style=\"font-size:14.0pt\">, 08 a 11 de julho de 2025<\/span><\/span><\/span><\/span><\/p>\r\n\r\n<p style=\"text-align:justify\"><span style=\"font-size:11pt\"><span style=\"line-height:normal\"><span style=\"font-family:Calibri,sans-serif\"><a href=\"https:\/\/www.abicol.org\/encontro-das-industrias-de-colchoes-2025\/\" style=\"color:blue; text-decoration:underline\"><b><span style=\"font-size:14.0pt\">ABICOL | ENICOL 2025 - Encontro das Ind&uacute;strias de Colch&otilde;es<\/span><\/b><\/a><span style=\"font-size:14.0pt\">, 07 e 08 de agosto, evento presencial, Royal Tulip Bras&iacute;lia Alvorada<\/span><\/span><\/span><\/span><\/p>\r\n\r\n<p style=\"text-align:justify\"><span style=\"font-size:11pt\"><span style=\"line-height:normal\"><span style=\"font-family:Calibri,sans-serif\"><a href=\"https:\/\/horizons.fia.com.br\/?utm_campaign=apoio_institucional_horizons_2025&amp;utm_medium=email&amp;utm_source=RD+Station\" style=\"color:blue; text-decoration:underline\"><b><span style=\"font-size:14.0pt\">Horizons 2025 &ndash; Inova&ccedil;&atilde;o, Tecnologia e Neg&oacute;cios Unidos pelo Planeta<\/span><\/b><\/a><span style=\"font-size:14.0pt\">, 13 e 14 de agosto, FIA Business School, Birmann 21 e Centro de Inova&ccedil;&atilde;o Bruno Covas, S&atilde;o Paulo<\/span><\/span><\/span><\/span><\/p>\r\n\r\n<p style=\"text-align:justify\"><span style=\"font-size:11pt\"><span style=\"line-height:normal\"><span style=\"font-family:Calibri,sans-serif\"><a href=\"https:\/\/sticni.sharepoint.com\/sites\/PublicShare\/Compartilhamentos\/Forms\/AllItems.aspx?id=%2Fsites%2FPublicShare%2FCompartilhamentos%2FCNI%2D133649%2FPrograma%20Imers%C3%B5es%20em%20Ecossistemas%2FImers%C3%A3o%20Finlandia%20em%20Economia%20Circular%2E%201%2Epdf&amp;parent=%2Fsites%2FPublicShare%2FCompartilhamentos%2FCNI%2D133649%2FPrograma%20Imers%C3%B5es%20em%20Ecossistemas&amp;p=true&amp;ga=1\" style=\"color:blue; text-decoration:underline\"><b><span style=\"font-size:14.0pt\">CNI | Imers&atilde;o Finl&acirc;ndia: Uma conex&atilde;o global com a Economia Circular<\/span><\/b><\/a><span style=\"font-size:14.0pt\">, 01 a 05 de setembro de 2025, inscri&ccedil;&otilde;es at&eacute; 10 de agosto de 2025 ou se encerrarem as vagas, cidades destinos: Helsinki (cidade base), Tampere e Espoo.<\/span><\/span><\/span><\/span><\/p>\r\n\r\n<p style=\"text-align:justify\"><span style=\"font-size:11pt\"><span style=\"line-height:normal\"><span style=\"font-family:Calibri,sans-serif\"><a href=\"https:\/\/www.conbrava.com.br\/\" style=\"color:blue; text-decoration:underline\"><b><span style=\"font-size:14.0pt\">CONBRAVA 2025<\/span><\/b><\/a><span style=\"font-size:14.0pt\">, 10 a 12 de setembro de 2025, S&atilde;o Paulo Expo, Rodovia dos Imigrantes, km 1,5<\/span><\/span><\/span><\/span><\/p>\r\n\r\n<p style=\"text-align:justify\"><span style=\"font-size:11pt\"><span style=\"line-height:normal\"><span style=\"font-family:Calibri,sans-serif\"><a href=\"https:\/\/paving.com.br\/\" style=\"color:blue; text-decoration:underline\"><b><span style=\"font-size:14.0pt\">Paving Expo 2025<\/span><\/b><\/a><span style=\"font-size:14.0pt\">, 23 a 25 de setembro de 2025, Distrito Anhembi, Rua Prof. Milton Rodrigues, s\/n, Santana, S&atilde;o Paulo, SP<\/span><\/span><\/span><\/span><\/p>\r\n\r\n<p style=\"text-align:justify\"><span style=\"font-size:11pt\"><span style=\"line-height:normal\"><span style=\"font-family:Calibri,sans-serif\"><a href=\"https:\/\/www.instagram.com\/sobeccnacional\/p\/DA1V8NZyhNK\/?img_index=1\" style=\"color:blue; text-decoration:underline\"><b><span style=\"font-size:14.0pt\">17&ordm; Congresso Brasileiro de Enfermagem em Centro Cir&uacute;rgico: &ldquo;O poder de cuidar&rdquo;<\/span><\/b><\/a><span style=\"font-size:14.0pt\">, 01 a 03 de outubro de 2025, Transamerica Expo Center, S&atilde;o Paulo, SP<\/span><\/span><\/span><\/span><\/p>\r\n\r\n<p style=\"text-align:justify\"><span style=\"font-size:11pt\"><span style=\"line-height:normal\"><span style=\"font-family:Calibri,sans-serif\"><a href=\"https:\/\/his.saudebusiness.com\/pt\/home.html\" style=\"color:blue; text-decoration:underline\"><b><span style=\"font-size:14.0pt\">Healthcare Innovation Show (HIS)<\/span><\/b><\/a><span style=\"font-size:14.0pt\">, 01 e 02 de outubro de 2025, 09h &agrave;s 18h, S&atilde;o Paulo Expo<\/span><\/span><\/span><\/span><\/p>\r\n\r\n<p style=\"text-align:justify\"><span style=\"font-size:11pt\"><span style=\"line-height:normal\"><span style=\"font-family:Calibri,sans-serif\"><a href=\"https:\/\/www.abrafiltros.org.br\/3o-seminario-brasileiro-de-filtros-acontecera-no-dia-08-de-outubro\/\" style=\"color:blue; text-decoration:underline\"><b><span style=\"font-size:14.0pt\">3&ordm; Semin&aacute;rio Brasileiro de Filtros<\/span><\/b><\/a><span style=\"font-size:14.0pt\">, 08 de outubro de 2025, evento presencial<\/span><\/span><\/span><\/span><\/p>\r\n\r\n<p style=\"text-align:justify\"><span style=\"font-size:11pt\"><span style=\"line-height:normal\"><span style=\"font-family:Calibri,sans-serif\"><a href=\"https:\/\/hospitalmed.com.br\/feira\/\" style=\"color:blue; text-decoration:underline\"><b><span style=\"font-size:14.0pt\">HospitalMed 2025<\/span><\/b><\/a><span style=\"font-size:14.0pt\">, 22 a 24 de outubro, Pernambuco Centro de Conven&ccedil;&otilde;es, Olinda<\/span><\/span><\/span><\/span><\/p>\r\n\r\n<p style=\"text-align:justify\"><span style=\"font-size:11pt\"><span style=\"line-height:normal\"><span style=\"font-family:Calibri,sans-serif\"><a href=\"https:\/\/www.congressoabit.com.br\/\" style=\"color:blue; text-decoration:underline\"><b><span style=\"font-size:14.0pt\">Congresso Internacional Abit 2025<\/span><\/b><\/a><span style=\"font-size:14.0pt\">, 29 e 30 de outubro, 08h &agrave;s 20h, FIESP, S&atilde;o Paulo, SP<\/span><\/span><\/span><\/span><\/p>\r\n\r\n<p style=\"text-align:justify\"><span style=\"font-size:11pt\"><span style=\"line-height:115%\"><span calibri=\"\" style=\"font-family:\"><a href=\"https:\/\/filtech.de\/\" style=\"color:blue; text-decoration:underline\"><b><span style=\"font-size:14.0pt\"><span style=\"line-height:115%\">Filtech 2026<\/span><\/span><\/b><\/a><\/span><\/span><\/span><span style=\"font-size:14.0pt\"><span style=\"line-height:115%\"><span calibri=\"\" style=\"font-family:\">, de 30 de junho a 2 de julho, Cologne, Alemanha<\/span><\/span><\/span><\/p>\r\n\r\n<p style=\"text-align:justify\"><span style=\"font-size:28pt\"><span style=\"font-family:Cambria,serif\"><span style=\"letter-spacing:-0.5pt\"><b><span style=\"font-size:18.0pt\"><span calibri=\"\" style=\"font-family:\"><span style=\"font-variant:small-caps\">Setor<\/span><\/span><\/span><\/b><\/span><\/span><\/span><\/p>\r\n\r\n<p style=\"text-align:justify\"><span style=\"font-size:11pt\"><span style=\"line-height:normal\"><span style=\"font-family:Calibri,sans-serif\"><a href=\"https:\/\/www.nonwovens-industry.com\/issues\/2025-06-01\/view_features\/household-wipes-market\/?utm_campaign=NON%20Issue%20Alert&amp;utm_medium=email&amp;_hsenc=p2ANqtz--hDXLkOpCVS9gfbfNmjXOsdgRr8otmZk_IAsiD_JKNUCdGtu44-9hNcN0Fez4xMYn8Tyy_-Zccpwtq_ckTGNRuAZOMVQ&amp;_hsmi=367429570&amp;utm_content=367429570&amp;utm_source=hs_email\" style=\"color:blue; text-decoration:underline\"><span style=\"font-size:14.0pt\">Household Wipes Market<\/span><\/a><\/span><\/span><\/span><\/p>\r\n\r\n<p style=\"text-align:justify\"><span style=\"font-size:11pt\"><span style=\"line-height:normal\"><span style=\"font-family:Calibri,sans-serif\"><a href=\"https:\/\/portalpersonalcare.com.br\/producao-de-fraldas-eficiencia-que-nasce-do-detalhe\/\" style=\"color:blue; text-decoration:underline\"><span style=\"font-size:14.0pt\">Produ&ccedil;&atilde;o de fraldas: efici&ecirc;ncia que nasce do detalhe<\/span><\/a><\/span><\/span><\/span><\/p>\r\n\r\n<p style=\"text-align:justify\"><span style=\"font-size:11pt\"><span style=\"line-height:normal\"><span style=\"font-family:Calibri,sans-serif\"><a href=\"https:\/\/www.nonwovens-industry.com\/contents\/view_breaking-news\/2025-06-19\/edana-innovation-forum-held-in-paris\/15303\" style=\"color:blue; text-decoration:underline\"><span lang=\"ES-AR\" style=\"font-size:14.0pt\">EDANA Innovation Forum Held in Paris<\/span><\/a><\/span><\/span><\/span><\/p>\r\n\r\n<p style=\"text-align:justify\"><span style=\"font-size:11pt\"><span style=\"line-height:normal\"><span style=\"font-family:Calibri,sans-serif\"><a href=\"https:\/\/www.nonwovens-industry.com\/issues\/2025-06-01\/view_features\/hygiene-goods-continue-to-drive-expansion-in-fluff-pulp\/?widget=listSection&amp;utm_campaign=NON%20Issue%20Alert&amp;utm_medium=email&amp;_hsenc=p2ANqtz-_2SJmn4puA760m6QyUEH5tFYij8VkckbjrX5R9zlS0ez6vsWTY9-SlKv8kmkrAhO7-MwJJasRdbNPO2XZY-znSz6kbQg&amp;_hsmi=367429570&amp;utm_content=367429570&amp;utm_source=hs_email\" style=\"color:blue; text-decoration:underline\"><span lang=\"EN-US\" style=\"font-size:14.0pt\">Hygiene Goods Continue to Drive Expansion in Fluff Pulp<\/span><\/a><\/span><\/span><\/span><\/p>\r\n\r\n<p style=\"text-align:justify\"><span style=\"font-size:11pt\"><span style=\"line-height:normal\"><span style=\"font-family:Calibri,sans-serif\"><a href=\"https:\/\/www.nonwovens-industry.com\/contents\/view_breaking-news\/2025-06-16\/smithers-predicts-growth-for-nonwoven-battery-separators\/?utm_campaign=NON%20eNewsletter&amp;utm_medium=email&amp;_hsenc=p2ANqtz-8ITwgpag22EeP0azMjmhMAkcNh0lpAjr385F-9WgS7MvqQ3D4dh3223RKJrvgplpEeZIdrYBQJZ4zWyPr3GdJ52BCgMw&amp;_hsmi=367585311&amp;utm_content=367585311&amp;utm_source=hs_email\" style=\"color:blue; text-decoration:underline\"><span lang=\"EN-US\" style=\"font-size:14.0pt\">Smithers Predicts Growth for Nonwoven Battery Separators<\/span><\/a><\/span><\/span><\/span><\/p>\r\n\r\n<p style=\"text-align:justify\"><span style=\"font-size:11pt\"><span style=\"line-height:normal\"><span style=\"font-family:Calibri,sans-serif\"><a href=\"https:\/\/portalpersonalcare.com.br\/kimberly-clark-mira-expansao-em-higiene-pessoal-apos-negocio-de-us-173-bi-com-a-suzano\/?utm_campaign=newsletter_18062025&amp;utm_medium=email&amp;utm_source=RD+Station\" style=\"color:blue; text-decoration:underline\"><span style=\"font-size:14.0pt\">Kimberly-Clark mira expans&atilde;o em higiene pessoal ap&oacute;s neg&oacute;cio de US$ 1,73 bi com a Suzano<\/span><\/a><\/span><\/span><\/span><\/p>\r\n\r\n<p style=\"text-align:justify\"><span style=\"font-size:28pt\"><span style=\"font-family:Cambria,serif\"><span style=\"letter-spacing:-0.5pt\"><b><span style=\"font-size:18.0pt\"><span calibri=\"\" style=\"font-family:\"><span style=\"font-variant:small-caps\">Ind&uacute;stria<\/span><\/span><\/span><\/b><\/span><\/span><\/span><\/p>\r\n\r\n<p style=\"text-align:justify\"><span style=\"font-size:11pt\"><span style=\"line-height:normal\"><span style=\"font-family:Calibri,sans-serif\"><a href=\"https:\/\/plasticosemrevista.com.br\/bancos-apoiam-cada-vez-mais-a-energia-fossil\/\" style=\"color:blue; text-decoration:underline\"><span style=\"font-size:14.0pt\">Bancos apoiam cada vez mais a energia f&oacute;ssil<\/span><\/a><\/span><\/span><\/span><\/p>\r\n\r\n<p style=\"text-align:justify\"><span style=\"font-size:11pt\"><span style=\"line-height:normal\"><span style=\"font-family:Calibri,sans-serif\"><a href=\"https:\/\/mercadoeconsumo.com.br\/13\/06\/2025\/economia\/preco-do-frete-rodoviario-sobe-123-em-maio-mesmo-com-queda-no-valor-do-diesel\/\" style=\"color:blue; text-decoration:underline\"><span style=\"font-size:14.0pt\">Pre&ccedil;o do frete rodovi&aacute;rio sobe 1,23% em maio, mesmo com queda no valor do diesel<\/span><\/a><\/span><\/span><\/span><\/p>\r\n\r\n<p style=\"text-align:justify\"><span style=\"font-size:11pt\"><span style=\"line-height:normal\"><span style=\"font-family:Calibri,sans-serif\"><a href=\"https:\/\/blogdoibre.fgv.br\/posts\/contratacoes-liquidas-crescem-74-em-abril25-e-mercado-de-trabalho-continua-resiliente\" style=\"color:blue; text-decoration:underline\"><span style=\"font-size:14.0pt\">Contrata&ccedil;&otilde;es l&iacute;quidas crescem 7,4% em abril\/25 e mercado de trabalho continua resiliente<\/span><\/a><\/span><\/span><\/span><\/p>\r\n\r\n<p style=\"text-align:justify\"><span style=\"font-size:11pt\"><span style=\"line-height:normal\"><span style=\"font-family:Calibri,sans-serif\"><a href=\"https:\/\/www.iadb.org\/pt-br\/noticias\/bid-aprova-r-560-milhoes-para-fomentar-ambiente-de-investimentos-no-brasil?utm_source=email&amp;utm_medium=news&amp;utm_campaign=BID_aprova_R$_560_milh%C3%B5es_para_fomentar_ambiente_de_investimentos_no_Brasil&amp;utm_term=news\" style=\"color:blue; text-decoration:underline\"><span style=\"font-size:14.0pt\">BID aprova R$ 560 milh&otilde;es para fomentar ambiente de investimentos no Brasil<\/span><\/a><\/span><\/span><\/span><\/p>\r\n\r\n<p style=\"text-align:justify\"><span style=\"font-size:28pt\"><span style=\"font-family:Cambria,serif\"><span style=\"letter-spacing:-0.5pt\"><b><span lang=\"EN-US\" style=\"font-size:18.0pt\"><span calibri=\"\" style=\"font-family:\"><span style=\"font-variant:small-caps\">Sustentabilidade<\/span><\/span><\/span><\/b><\/span><\/span><\/span><\/p>\r\n\r\n<p style=\"text-align:justify\"><span style=\"font-size:11pt\"><span style=\"line-height:normal\"><span style=\"font-family:Calibri,sans-serif\"><a href=\"https:\/\/www.nonwovens-industry.com\/issues\/2025-06-01\/view_features\/sustainable-hygiene-products-gain-ground\/?utm_campaign=NON%20Issue%20Alert&amp;utm_medium=email&amp;_hsenc=p2ANqtz-8tqIZMu_9TVRmBxhrwRKCsT5Lr61Eg1pP1IagIOy1iFSyMgfhmlx4JrjrMbp_-Na7GGfOUza1ysfgSm_pHpG5TIYosfQ&amp;_hsmi=367429570&amp;utm_content=367429570&amp;utm_source=hs_email\" style=\"color:blue; text-decoration:underline\"><span lang=\"EN-US\" style=\"font-size:14.0pt\">Sustainable Hygiene Products Gain Ground<\/span><\/a><\/span><\/span><\/span><\/p>\r\n\r\n<p style=\"text-align:justify\"><span style=\"font-size:11pt\"><span style=\"line-height:normal\"><span style=\"font-family:Calibri,sans-serif\"><a href=\"https:\/\/www.fibre2fashion.com\/news\/textile-news\/2026-is-approaching-is-textile-industry-ready-for-green-transition-303368-newsdetails.htm\" style=\"color:blue; text-decoration:underline\"><span lang=\"EN-US\" style=\"font-size:14.0pt\">2026 is approaching: Is textile industry ready for green transition?<\/span><\/a><\/span><\/span><\/span><\/p>\r\n\r\n<p style=\"text-align:justify\"><span style=\"font-size:11pt\"><span style=\"line-height:normal\"><span style=\"font-family:Calibri,sans-serif\"><a href=\"https:\/\/www.youtube.com\/watch?v=Y68mGvE_7Rw\" style=\"color:blue; text-decoration:underline\"><span style=\"font-size:14.0pt\">Abra Talks | Agenda Ambiental 2025: Entre compromissos e oportunidades<\/span><\/a><\/span><\/span><\/span><\/p>\r\n\r\n<p style=\"text-align:justify\"><span style=\"font-size:11pt\"><span style=\"line-height:normal\"><span style=\"font-family:Calibri,sans-serif\"><a href=\"https:\/\/www.fibre2fashion.com\/news\/textile-news\/eu-council-parliament-strike-deal-on-simplification-of-cbam-303402-newsdetails.htm\" style=\"color:blue; text-decoration:underline\"><span lang=\"EN-US\" style=\"font-size:14.0pt\">EU Council, Parliament strike deal on simplification of CBAM<\/span><\/a><\/span><\/span><\/span><\/p>\r\n\r\n<p style=\"text-align:justify\"><span style=\"font-size:11pt\"><span style=\"line-height:normal\"><span style=\"font-family:Calibri,sans-serif\"><a href=\"https:\/\/esgnews.com\/pt\/amp\/Coldplay-reduz-emiss%C3%B5es-de-vinil-em-85%25-com-discos-ecol%C3%B3gicos-reciclados\/\" style=\"color:blue; text-decoration:underline\"><span style=\"font-size:14.0pt\">Coldplay reduz emiss&otilde;es de vinil em 85% com EcoRecords reciclados<\/span><\/a><\/span><\/span><\/span><\/p>\r\n\r\n<p style=\"text-align:justify\"><span style=\"font-size:11pt\"><span style=\"line-height:normal\"><span style=\"font-family:Calibri,sans-serif\"><a href=\"https:\/\/www.ofarroupilha.com.br\/ultimas-noticias\/tramontina-lanca-cordas-trancadas-produzidas-100-com-produtos-pet-reciclados\/\" style=\"color:blue; text-decoration:underline\"><span style=\"font-size:14.0pt\">Tramontina lan&ccedil;a cordas tran&ccedil;adas produzidas 100% com produtos pet reciclados<\/span><\/a><\/span><\/span><\/span><\/p>\r\n\r\n<p style=\"text-align:justify\"><span style=\"font-size:28pt\"><span style=\"font-family:Cambria,serif\"><span style=\"letter-spacing:-0.5pt\"><b><span lang=\"EN-US\" style=\"font-size:18.0pt\"><span calibri=\"\" style=\"font-family:\"><span style=\"font-variant:small-caps\">Inova&ccedil;&atilde;o<\/span><\/span><\/span><\/b><\/span><\/span><\/span><\/p>\r\n\r\n<p style=\"text-align:justify\"><span style=\"font-size:11pt\"><span style=\"line-height:normal\"><span style=\"font-family:Calibri,sans-serif\"><a href=\"https:\/\/www.nonwovens-industry.com\/issues\/2025-06-01\/view_features\/fibers-report-981831\/?utm_campaign=NON%20Issue%20Alert&amp;utm_medium=email&amp;_hsenc=p2ANqtz-97rYUTEJ0v0XrF2jPYgbk1FWVFFOHiXCJB8gJeumf95UAJ8fr69oAhqbFFL0DtgmjBZutnarsLZlsgYUCNF7lZAmcHgQ&amp;_hsmi=367429570&amp;utm_content=367429570&amp;utm_source=hs_email\" style=\"color:blue; text-decoration:underline\"><span lang=\"EN-US\" style=\"font-size:14.0pt\">Fibers Report | Developments in the cultivation and processing of natural materials continue to drive new opportunities in nonwovens<\/span><\/a><\/span><\/span><\/span><\/p>\r\n\r\n<p style=\"text-align:justify\"><span style=\"font-size:11pt\"><span style=\"line-height:normal\"><span style=\"font-family:Calibri,sans-serif\"><a href=\"https:\/\/horacampinas.com.br\/usp-desenvolve-biossensor-portatil-com-materiais-reciclados-que-detecta-virus-da-covid-19\/\" style=\"color:blue; text-decoration:underline\"><span style=\"font-size:14.0pt\">USP desenvolve biossensor port&aacute;til com materiais reciclados que detecta v&iacute;rus da Covid-19<\/span><\/a><\/span><\/span><\/span><\/p>\r\n\r\n<p style=\"text-align:justify\"><span style=\"font-size:11pt\"><span style=\"line-height:normal\"><span style=\"font-family:Calibri,sans-serif\"><a href=\"https:\/\/portugaltextil.com\/austria-desenvolve-pele-robotica-para-triagem-de-texteis\/\" style=\"color:blue; text-decoration:underline\"><span style=\"font-size:14.0pt\">&Aacute;ustria desenvolve pele rob&oacute;tica para triagem de t&ecirc;xteis<\/span><\/a><\/span><\/span><\/span><\/p>\r\n\r\n<p style=\"text-align:justify\"><span style=\"font-size:28pt\"><span style=\"font-family:Cambria,serif\"><span style=\"letter-spacing:-0.5pt\"><b><span style=\"font-size:18.0pt\"><span calibri=\"\" style=\"font-family:\"><span style=\"font-variant:small-caps\">Com&eacute;rcio Exterior<\/span><\/span><\/span><\/b><\/span><\/span><\/span><\/p>\r\n\r\n<p style=\"text-align:justify\"><span style=\"font-size:11pt\"><span style=\"line-height:normal\"><span style=\"font-family:Calibri,sans-serif\"><a href=\"https:\/\/www.gov.br\/mdic\/pt-br\/assuntos\/noticias\/2025\/junho\/mdic-defende-parceria-para-concretizacao-do-acordo-mercosul-uniao-europeia\" style=\"color:blue; text-decoration:underline\"><span style=\"font-size:14.0pt\">MDIC defende parceria para concretiza&ccedil;&atilde;o do acordo Mercosul-Uni&atilde;o Europeia<\/span><\/a><\/span><\/span><\/span><\/p>\r\n\r\n<p style=\"text-align:justify\"><span style=\"font-size:11pt\"><span style=\"line-height:normal\"><span style=\"font-family:Calibri,sans-serif\"><a href=\"https:\/\/anba.com.br\/acordo-mercosul-egito-tem-potencial-a-explorar\/\" style=\"color:blue; text-decoration:underline\"><span style=\"font-size:14.0pt\">Acordo Mercosul-Egito tem potencial a explorar<\/span><\/a><\/span><\/span><\/span><\/p>\r\n\r\n<p style=\"text-align:justify\"><span style=\"font-size:11pt\"><span style=\"line-height:normal\"><span style=\"font-family:Calibri,sans-serif\"><a href=\"https:\/\/www.poder360.com.br\/poder-infra\/brasil-e-holanda-assinam-plano-para-portos-sustentaveis\/\" style=\"color:blue; text-decoration:underline\"><span style=\"font-size:14.0pt\">Brasil e Holanda assinam plano para portos sustent&aacute;veis.<\/span><\/a><\/span><\/span><\/span><\/p>\r\n\r\n<p style=\"text-align:justify\"><span style=\"font-size:11pt\"><span style=\"line-height:normal\"><span style=\"font-family:Calibri,sans-serif\"><a href=\"https:\/\/g1.globo.com\/economia\/noticia\/2025\/06\/16\/eua-reino-unido-acordo-comercial.ghtml\" style=\"color:blue; text-decoration:underline\"><span style=\"font-size:14.0pt\">EUA e Reino Unido avan&ccedil;am em acordo comercial; importa&ccedil;&atilde;o de a&ccedil;o continua sem solu&ccedil;&atilde;o<\/span><\/a><\/span><\/span><\/span><\/p>\r\n\r\n<p style=\"text-align:justify\"><span style=\"font-size:11pt\"><span style=\"line-height:normal\"><span style=\"font-family:Calibri,sans-serif\"><a href=\"https:\/\/www.fibre2fashion.com\/news\/textile-news\/g7-leaders-meet-in-canada-to-discuss-global-trade-issues-303336-newsdetails.htm\" style=\"color:blue; text-decoration:underline\"><span lang=\"EN-US\" style=\"font-size:14.0pt\">G7 leaders meet in Canada to discuss global trade issues<\/span><\/a><\/span><\/span><\/span><\/p>\r\n\r\n<p style=\"text-align:justify\"><span style=\"font-size:11pt\"><span style=\"line-height:normal\"><span style=\"font-family:Calibri,sans-serif\"><a href=\"https:\/\/ibre.fgv.br\/blog-da-conjuntura-economica\/artigos\/icomex-superavit-comercial-do-brasil-recua-sem-sinais-de-que\" style=\"color:blue; text-decoration:underline\"><span style=\"font-size:14.0pt\">Icomex: super&aacute;vit comercial do Brasil recua, sem sinais de que a culpa seja de Trump<\/span><\/a><\/span><\/span><\/span><\/p>\r\n\r\n<p style=\"text-align:justify\"><span style=\"font-size:11pt\"><span style=\"line-height:normal\"><span style=\"font-family:Calibri,sans-serif\"><a href=\"https:\/\/portalibre.fgv.br\/noticias\/china-lidera-queda-do-superavit-da-balanca-comercial\" style=\"color:blue; text-decoration:underline\"><span style=\"font-size:14.0pt\">A China lidera a queda do super&aacute;vit da balan&ccedil;a comercial<\/span><\/a><\/span><\/span><\/span><\/p>\r\n\r\n<p style=\"text-align:justify\"><span style=\"font-size:28pt\"><span style=\"font-family:Cambria,serif\"><span style=\"letter-spacing:-0.5pt\"><b><span style=\"font-size:18.0pt\"><span calibri=\"\" style=\"font-family:\"><span style=\"font-variant:small-caps\">Economia<\/span><\/span><\/span><\/b><\/span><\/span><\/span><\/p>\r\n\r\n<p style=\"text-align:justify\"><span style=\"font-size:11pt\"><span style=\"line-height:normal\"><span style=\"font-family:Calibri,sans-serif\"><a href=\"https:\/\/www.bcb.gov.br\/content\/focus\/focus\/R20250620.pdf\" style=\"color:blue; text-decoration:underline\"><span style=\"font-size:14.0pt\">Focus - Relat&oacute;rio de Mercado<\/span><\/a><\/span><\/span><\/span><\/p>\r\n\r\n<p style=\"text-align:justify\"><span style=\"font-size:11pt\"><span style=\"line-height:normal\"><span style=\"font-family:Calibri,sans-serif\"><a href=\"https:\/\/noticias.portaldaindustria.com.br\/posicionamentos\/juros-vao-sufocar-economia-diz-cni\/\" style=\"color:blue; text-decoration:underline\"><span style=\"font-size:14.0pt\">Juros v&atilde;o sufocar economia, diz CNI<\/span><\/a><\/span><\/span><\/span><\/p>\r\n\r\n<p style=\"text-align:justify\"><span style=\"font-size:11pt\"><span style=\"line-height:normal\"><span style=\"font-family:Calibri,sans-serif\"><a href=\"https:\/\/www.azevedosette.com.br\/noticias\/pt\/mp-n-1303-altera-regras-de-aplicacoes-financeiras-dentre-outros-assuntos\/7862\" style=\"color:blue; text-decoration:underline\"><span style=\"font-size:14.0pt\">MP n&ordm; 1.303 altera regras de aplica&ccedil;&otilde;es financeiras, dentre outros assuntos<\/span><\/a><\/span><\/span><\/span><\/p>\r\n\r\n<p style=\"text-align:justify\"><span style=\"font-size:11pt\"><span style=\"line-height:normal\"><span style=\"font-family:Calibri,sans-serif\"><a href=\"https:\/\/mercadoeconsumo.com.br\/18\/06\/2025\/artigos\/o-mundo-descentralizado-ia-yuan-digital-e-a-nova-ordem-economica-que-ja-comecou\/\" style=\"color:blue; text-decoration:underline\"><span style=\"font-size:14.0pt\">O mundo (des)centralizado: IA, yuan digital e a nova ordem econ&ocirc;mica que j&aacute; come&ccedil;ou<\/span><\/a><\/span><\/span><\/span><\/p>\r\n\r\n<p style=\"text-align:justify\"><img src=\"https:\/\/www.abint.org.br\/assets\/img\/editor\/redes-sociais-abint-ctg-cth_20250610164521Me6phPlAL1.jpg\" \/><\/p>\r\n","6":"<p style=\"text-align:justify\"><span style=\"font-size:11pt\"><span style=\"line-height:normal\"><span style=\"font-family:Calibri,sans-serif\"><span style=\"font-size:14.0pt\">Esta &eacute; uma compila&ccedil;&atilde;o das not&iacute;cias mais relevantes para o setor, incluindo informa&ccedil;&otilde;es sobre acordos internacionais, economia brasileira, sustentabilidade e mat&eacute;rias primas, al&eacute;m de novidades do setor de N&atilde;otecidos e Tecidos T&eacute;cnicos.<\/span><\/span><\/span><\/span><\/p>\r\n\r\n<p style=\"text-align:justify\"><span style=\"font-size:28pt\"><span style=\"font-family:Cambria,serif\"><span style=\"letter-spacing:-0.5pt\"><b><span style=\"font-size:18.0pt\"><span calibri=\"\" style=\"font-family:\"><span style=\"font-variant:small-caps\">O que vem por a&iacute;<\/span><\/span><\/span><\/b><\/span><\/span><\/span><\/p>\r\n\r\n<p style=\"text-align:justify\"><span style=\"font-size:28pt\"><span style=\"font-family:Cambria,serif\"><span style=\"letter-spacing:-0.5pt\"><b><span style=\"font-size:18.0pt\"><span calibri=\"\" style=\"font-family:\"><span style=\"font-variant:small-caps\"><img src=\"https:\/\/www.abint.org.br\/assets\/img\/editor\/abint-logo-2020-g_20250701192308UkkpnuOwWY.png\" style=\"width: 300px; height: 69px;\" \/><\/span><\/span><\/span><\/b><\/span><\/span><\/span><\/p>\r\n\r\n<h3><strong>PATROCINADORA DO<\/strong><\/h3>\r\n\r\n<p><strong><img src=\"https:\/\/www.abint.org.br\/assets\/img\/editor\/congresso-internacional-abit-2025_2025070119260431UGpa71Ly.png\" style=\"width: 700px; height: 256px;\" \/><\/strong><\/p>\r\n\r\n<p>&nbsp;<\/p>\r\n\r\n<p style=\"text-align:justify\"><span style=\"font-size:11pt\"><span style=\"line-height:normal\"><span style=\"font-family:Calibri,sans-serif\"><a href=\"https:\/\/www.congressoabit.com.br\/\" style=\"color:blue; text-decoration:underline\"><span style=\"font-size:14.0pt\">Acesse aqui mais informa&ccedil;&otilde;es<\/span><\/a><\/span><\/span><\/span><\/p>\r\n\r\n<p style=\"text-align:justify\"><span style=\"font-size:28pt\"><span style=\"font-family:Cambria,serif\"><span style=\"letter-spacing:-0.5pt\"><b><span style=\"font-size:18.0pt\"><span calibri=\"\" style=\"font-family:\"><span style=\"font-variant:small-caps\">Not&iacute;cias das Associadas<\/span><\/span><\/span><\/b><\/span><\/span><\/span><\/p>\r\n\r\n<p style=\"text-align:justify\"><span style=\"font-size:11pt\"><span style=\"line-height:normal\"><span style=\"font-family:Calibri,sans-serif\"><a href=\"https:\/\/tissueonline.com.br\/andritz-inicia-com-sucesso-nova-linha-de-fibras-recicladas-na-heinzelpaper-laakirchen-austria\/?utm_campaign=nova_newsletter_200625&amp;utm_medium=email&amp;utm_source=RD+Station\" style=\"color:blue; text-decoration:underline\"><span style=\"font-size:14.0pt\">ANDRITZ inicia com sucesso nova linha de fibras recicladas na Heinzelpaper Laakirchen, &Aacute;ustria<\/span><\/a><\/span><\/span><\/span><\/p>\r\n\r\n<p style=\"text-align:justify\"><span style=\"font-size:11pt\"><span style=\"line-height:normal\"><span style=\"font-family:Calibri,sans-serif\"><a href=\"https:\/\/www.nonwovens-industry.com\/contents\/view_breaking-news\/2025-06-18\/freudenberg-to-showcase-advanced-foam-replacement-at-foam-expo\/15303\" style=\"color:blue; text-decoration:underline\"><span lang=\"EN-US\" style=\"font-size:14.0pt\">Freudenberg to Showcase Advanced Foam Replacement at FOAM Expo<\/span><\/a><\/span><\/span><\/span><\/p>\r\n\r\n<p style=\"text-align:justify\"><span style=\"font-size:11pt\"><span style=\"line-height:normal\"><span style=\"font-family:Calibri,sans-serif\"><a href=\"https:\/\/www.fibre2fashion.com\/news\/technical-textiles\/finland-s-suominen-announces-evp-departure-team-changes-ahead-303339-newsdetails.htm\" style=\"color:blue; text-decoration:underline\"><span lang=\"EN-US\" style=\"font-size:14.0pt\">Finland&#39;s Suominen announces EVP departure, team changes ahead<\/span><\/a><\/span><\/span><\/span><\/p>\r\n\r\n<p style=\"text-align:justify\"><span style=\"font-size:11pt\"><span style=\"line-height:normal\"><span style=\"font-family:Calibri,sans-serif\"><a href=\"https:\/\/www.nonwovens-industry.com\/contents\/view_breaking-news\/2025-06-16\/suominen-announces-changes-to-management-board\/?utm_campaign=NON%20eNewsletter&amp;utm_medium=email&amp;_hsenc=p2ANqtz-9jy9YgcLO_Dp0CuJV4qLtsywhLmIb_207beqSptmONLQB1wBnxwhk0I6CeOexXEyI7MHRmt2uyvD9hq_goJkT0xKWUeg&amp;_hsmi=367585311&amp;utm_content=367585311&amp;utm_source=hs_email\" style=\"color:blue; text-decoration:underline\"><span lang=\"EN-US\" style=\"font-size:14.0pt\">Suominen Announces Changes to Management Board<\/span><\/a><\/span><\/span><\/span><\/p>\r\n\r\n<p style=\"text-align:justify\">&nbsp;<\/p>\r\n\r\n<p style=\"text-align:justify\"><span style=\"font-size:11pt\"><span style=\"line-height:normal\"><span style=\"font-family:Calibri,sans-serif\"><b><span style=\"font-size:18.0pt\"><span style=\"font-variant:small-caps\">Eventos<\/span><\/span><\/b><\/span><\/span><\/span><\/p>\r\n\r\n<p style=\"text-align:justify\">&nbsp;<\/p>\r\n\r\n<p style=\"text-align:justify\"><span style=\"font-size:11pt\"><span style=\"line-height:normal\"><span style=\"font-family:Calibri,sans-serif\"><a href=\"https:\/\/docs.google.com\/forms\/d\/e\/1FAIpQLSfoWadac-7RVAX8VDsDsyYJTGMGfw7HtKw7wYvju1qPZhO57w\/viewform\" style=\"color:blue; text-decoration:underline\"><b><span style=\"font-size:14.0pt\">ABRAFILTROS | O impacto da IA no setor industrial: Presente &amp; Futuro<\/span><\/b><\/a><span style=\"font-size:14.0pt\">, 26 de junho de 2025, 09h00, evento presencial e gratuito<\/span><\/span><\/span><\/span><\/p>\r\n\r\n<p style=\"text-align:justify\"><span style=\"font-size:11pt\"><span style=\"line-height:normal\"><span style=\"font-family:Calibri,sans-serif\"><a href=\"https:\/\/evento.fgv.br\/analiseconjuntural2606-592083%20\/\" style=\"color:blue; text-decoration:underline\"><b><span style=\"font-size:14.0pt\">FGV IBRE | II Semin&aacute;rio de An&aacute;lise Conjuntural<\/span><\/b><\/a><span style=\"font-size:14.0pt\">, 26 de junho de 2025, 10h &agrave;s 11h30, transmiss&atilde;o Youtube FGV<\/span><\/span><\/span><\/span><\/p>\r\n\r\n<p style=\"text-align:justify\"><span style=\"font-size:11pt\"><span style=\"line-height:normal\"><span style=\"font-family:Calibri,sans-serif\"><a href=\"https:\/\/abit.rds.land\/ws-inventarios-de-gees\" style=\"color:blue; text-decoration:underline\"><b><span style=\"font-size:14.0pt\">Workshop Abit | Invent&aacute;rio de GEE e Estrat&eacute;gia de Descarboniza&ccedil;&atilde;o<\/span><\/b><\/a><span style=\"font-size:14.0pt\">, 01 de julho de 2025, 10h &agrave;s 12h, evento online<\/span><\/span><\/span><\/span><\/p>\r\n\r\n<p style=\"text-align:justify\"><span style=\"font-size:11pt\"><span style=\"line-height:normal\"><span style=\"font-family:Calibri,sans-serif\"><a href=\"https:\/\/www.abnteducacao.com.br\/Simbologia_de_cuidados_aplicada_a_Etiquetagem_de_Texteis_ABNT_NBR_NM_ISO_3758\" style=\"color:blue; text-decoration:underline\"><b><span style=\"font-size:14.0pt\">Simbologia de cuidados aplicada a Etiquetagem de T&ecirc;xteis<\/span><\/b><\/a><span style=\"font-size:14.0pt\">, 08 a 11 de julho de 2025<\/span><\/span><\/span><\/span><\/p>\r\n\r\n<p style=\"text-align:justify\"><span style=\"font-size:11pt\"><span style=\"line-height:normal\"><span style=\"font-family:Calibri,sans-serif\"><a href=\"https:\/\/www.abicol.org\/encontro-das-industrias-de-colchoes-2025\/\" style=\"color:blue; text-decoration:underline\"><b><span style=\"font-size:14.0pt\">ABICOL | ENICOL 2025 - Encontro das Ind&uacute;strias de Colch&otilde;es<\/span><\/b><\/a><span style=\"font-size:14.0pt\">, 07 e 08 de agosto, evento presencial, Royal Tulip Bras&iacute;lia Alvorada<\/span><\/span><\/span><\/span><\/p>\r\n\r\n<p style=\"text-align:justify\"><span style=\"font-size:11pt\"><span style=\"line-height:normal\"><span style=\"font-family:Calibri,sans-serif\"><a href=\"https:\/\/horizons.fia.com.br\/?utm_campaign=apoio_institucional_horizons_2025&amp;utm_medium=email&amp;utm_source=RD+Station\" style=\"color:blue; text-decoration:underline\"><b><span style=\"font-size:14.0pt\">Horizons 2025 &ndash; Inova&ccedil;&atilde;o, Tecnologia e Neg&oacute;cios Unidos pelo Planeta<\/span><\/b><\/a><span style=\"font-size:14.0pt\">, 13 e 14 de agosto, FIA Business School, Birmann 21 e Centro de Inova&ccedil;&atilde;o Bruno Covas, S&atilde;o Paulo<\/span><\/span><\/span><\/span><\/p>\r\n\r\n<p style=\"text-align:justify\"><span style=\"font-size:11pt\"><span style=\"line-height:normal\"><span style=\"font-family:Calibri,sans-serif\"><a href=\"https:\/\/sticni.sharepoint.com\/sites\/PublicShare\/Compartilhamentos\/Forms\/AllItems.aspx?id=%2Fsites%2FPublicShare%2FCompartilhamentos%2FCNI%2D133649%2FPrograma%20Imers%C3%B5es%20em%20Ecossistemas%2FImers%C3%A3o%20Finlandia%20em%20Economia%20Circular%2E%201%2Epdf&amp;parent=%2Fsites%2FPublicShare%2FCompartilhamentos%2FCNI%2D133649%2FPrograma%20Imers%C3%B5es%20em%20Ecossistemas&amp;p=true&amp;ga=1\" style=\"color:blue; text-decoration:underline\"><b><span style=\"font-size:14.0pt\">CNI | Imers&atilde;o Finl&acirc;ndia: Uma conex&atilde;o global com a Economia Circular<\/span><\/b><\/a><span style=\"font-size:14.0pt\">, 01 a 05 de setembro de 2025, inscri&ccedil;&otilde;es at&eacute; 10 de agosto de 2025 ou se encerrarem as vagas, cidades destinos: Helsinki (cidade base), Tampere e Espoo.<\/span><\/span><\/span><\/span><\/p>\r\n\r\n<p style=\"text-align:justify\"><span style=\"font-size:11pt\"><span style=\"line-height:normal\"><span style=\"font-family:Calibri,sans-serif\"><a href=\"https:\/\/www.conbrava.com.br\/\" style=\"color:blue; text-decoration:underline\"><b><span style=\"font-size:14.0pt\">CONBRAVA 2025<\/span><\/b><\/a><span style=\"font-size:14.0pt\">, 10 a 12 de setembro de 2025, S&atilde;o Paulo Expo, Rodovia dos Imigrantes, km 1,5<\/span><\/span><\/span><\/span><\/p>\r\n\r\n<p style=\"text-align:justify\"><span style=\"font-size:11pt\"><span style=\"line-height:normal\"><span style=\"font-family:Calibri,sans-serif\"><a href=\"https:\/\/paving.com.br\/\" style=\"color:blue; text-decoration:underline\"><b><span style=\"font-size:14.0pt\">Paving Expo 2025<\/span><\/b><\/a><span style=\"font-size:14.0pt\">, 23 a 25 de setembro de 2025, Distrito Anhembi, Rua Prof. Milton Rodrigues, s\/n, Santana, S&atilde;o Paulo, SP<\/span><\/span><\/span><\/span><\/p>\r\n\r\n<p style=\"text-align:justify\"><span style=\"font-size:11pt\"><span style=\"line-height:normal\"><span style=\"font-family:Calibri,sans-serif\"><a href=\"https:\/\/www.instagram.com\/sobeccnacional\/p\/DA1V8NZyhNK\/?img_index=1\" style=\"color:blue; text-decoration:underline\"><b><span style=\"font-size:14.0pt\">17&ordm; Congresso Brasileiro de Enfermagem em Centro Cir&uacute;rgico: &ldquo;O poder de cuidar&rdquo;<\/span><\/b><\/a><span style=\"font-size:14.0pt\">, 01 a 03 de outubro de 2025, Transamerica Expo Center, S&atilde;o Paulo, SP<\/span><\/span><\/span><\/span><\/p>\r\n\r\n<p style=\"text-align:justify\"><span style=\"font-size:11pt\"><span style=\"line-height:normal\"><span style=\"font-family:Calibri,sans-serif\"><a href=\"https:\/\/his.saudebusiness.com\/pt\/home.html\" style=\"color:blue; text-decoration:underline\"><b><span style=\"font-size:14.0pt\">Healthcare Innovation Show (HIS)<\/span><\/b><\/a><span style=\"font-size:14.0pt\">, 01 e 02 de outubro de 2025, 09h &agrave;s 18h, S&atilde;o Paulo Expo<\/span><\/span><\/span><\/span><\/p>\r\n\r\n<p style=\"text-align:justify\"><span style=\"font-size:11pt\"><span style=\"line-height:normal\"><span style=\"font-family:Calibri,sans-serif\"><a href=\"https:\/\/www.abrafiltros.org.br\/3o-seminario-brasileiro-de-filtros-acontecera-no-dia-08-de-outubro\/\" style=\"color:blue; text-decoration:underline\"><b><span style=\"font-size:14.0pt\">3&ordm; Semin&aacute;rio Brasileiro de Filtros<\/span><\/b><\/a><span style=\"font-size:14.0pt\">, 08 de outubro de 2025, evento presencial<\/span><\/span><\/span><\/span><\/p>\r\n\r\n<p style=\"text-align:justify\"><span style=\"font-size:11pt\"><span style=\"line-height:normal\"><span style=\"font-family:Calibri,sans-serif\"><a href=\"https:\/\/hospitalmed.com.br\/feira\/\" style=\"color:blue; text-decoration:underline\"><b><span style=\"font-size:14.0pt\">HospitalMed 2025<\/span><\/b><\/a><span style=\"font-size:14.0pt\">, 22 a 24 de outubro, Pernambuco Centro de Conven&ccedil;&otilde;es, Olinda<\/span><\/span><\/span><\/span><\/p>\r\n\r\n<p style=\"text-align:justify\"><span style=\"font-size:11pt\"><span style=\"line-height:normal\"><span style=\"font-family:Calibri,sans-serif\"><a href=\"https:\/\/www.congressoabit.com.br\/\" style=\"color:blue; text-decoration:underline\"><b><span style=\"font-size:14.0pt\">Congresso Internacional Abit 2025<\/span><\/b><\/a><span style=\"font-size:14.0pt\">, 29 e 30 de outubro, 08h &agrave;s 20h, FIESP, S&atilde;o Paulo, SP<\/span><\/span><\/span><\/span><\/p>\r\n\r\n<p style=\"text-align:justify\"><span style=\"font-size:11pt\"><span style=\"line-height:115%\"><span calibri=\"\" style=\"font-family:\"><a href=\"https:\/\/filtech.de\/\" style=\"color:blue; text-decoration:underline\"><b><span style=\"font-size:14.0pt\"><span style=\"line-height:115%\">Filtech 2026<\/span><\/span><\/b><\/a><\/span><\/span><\/span><span style=\"font-size:14.0pt\"><span style=\"line-height:115%\"><span calibri=\"\" style=\"font-family:\">, de 30 de junho a 2 de julho, Cologne, Alemanha<\/span><\/span><\/span><\/p>\r\n\r\n<p style=\"text-align:justify\"><span style=\"font-size:28pt\"><span style=\"font-family:Cambria,serif\"><span style=\"letter-spacing:-0.5pt\"><b><span style=\"font-size:18.0pt\"><span calibri=\"\" style=\"font-family:\"><span style=\"font-variant:small-caps\">Setor<\/span><\/span><\/span><\/b><\/span><\/span><\/span><\/p>\r\n\r\n<p style=\"text-align:justify\"><span style=\"font-size:11pt\"><span style=\"line-height:normal\"><span style=\"font-family:Calibri,sans-serif\"><a href=\"https:\/\/www.nonwovens-industry.com\/issues\/2025-06-01\/view_features\/household-wipes-market\/?utm_campaign=NON%20Issue%20Alert&amp;utm_medium=email&amp;_hsenc=p2ANqtz--hDXLkOpCVS9gfbfNmjXOsdgRr8otmZk_IAsiD_JKNUCdGtu44-9hNcN0Fez4xMYn8Tyy_-Zccpwtq_ckTGNRuAZOMVQ&amp;_hsmi=367429570&amp;utm_content=367429570&amp;utm_source=hs_email\" style=\"color:blue; text-decoration:underline\"><span style=\"font-size:14.0pt\">Household Wipes Market<\/span><\/a><\/span><\/span><\/span><\/p>\r\n\r\n<p style=\"text-align:justify\"><span style=\"font-size:11pt\"><span style=\"line-height:normal\"><span style=\"font-family:Calibri,sans-serif\"><a href=\"https:\/\/portalpersonalcare.com.br\/producao-de-fraldas-eficiencia-que-nasce-do-detalhe\/\" style=\"color:blue; text-decoration:underline\"><span style=\"font-size:14.0pt\">Produ&ccedil;&atilde;o de fraldas: efici&ecirc;ncia que nasce do detalhe<\/span><\/a><\/span><\/span><\/span><\/p>\r\n\r\n<p style=\"text-align:justify\"><span style=\"font-size:11pt\"><span style=\"line-height:normal\"><span style=\"font-family:Calibri,sans-serif\"><a href=\"https:\/\/www.nonwovens-industry.com\/contents\/view_breaking-news\/2025-06-19\/edana-innovation-forum-held-in-paris\/15303\" style=\"color:blue; text-decoration:underline\"><span lang=\"ES-AR\" style=\"font-size:14.0pt\">EDANA Innovation Forum Held in Paris<\/span><\/a><\/span><\/span><\/span><\/p>\r\n\r\n<p style=\"text-align:justify\"><span style=\"font-size:11pt\"><span style=\"line-height:normal\"><span style=\"font-family:Calibri,sans-serif\"><a href=\"https:\/\/www.nonwovens-industry.com\/issues\/2025-06-01\/view_features\/hygiene-goods-continue-to-drive-expansion-in-fluff-pulp\/?widget=listSection&amp;utm_campaign=NON%20Issue%20Alert&amp;utm_medium=email&amp;_hsenc=p2ANqtz-_2SJmn4puA760m6QyUEH5tFYij8VkckbjrX5R9zlS0ez6vsWTY9-SlKv8kmkrAhO7-MwJJasRdbNPO2XZY-znSz6kbQg&amp;_hsmi=367429570&amp;utm_content=367429570&amp;utm_source=hs_email\" style=\"color:blue; text-decoration:underline\"><span lang=\"EN-US\" style=\"font-size:14.0pt\">Hygiene Goods Continue to Drive Expansion in Fluff Pulp<\/span><\/a><\/span><\/span><\/span><\/p>\r\n\r\n<p style=\"text-align:justify\"><span style=\"font-size:11pt\"><span style=\"line-height:normal\"><span style=\"font-family:Calibri,sans-serif\"><a href=\"https:\/\/www.nonwovens-industry.com\/contents\/view_breaking-news\/2025-06-16\/smithers-predicts-growth-for-nonwoven-battery-separators\/?utm_campaign=NON%20eNewsletter&amp;utm_medium=email&amp;_hsenc=p2ANqtz-8ITwgpag22EeP0azMjmhMAkcNh0lpAjr385F-9WgS7MvqQ3D4dh3223RKJrvgplpEeZIdrYBQJZ4zWyPr3GdJ52BCgMw&amp;_hsmi=367585311&amp;utm_content=367585311&amp;utm_source=hs_email\" style=\"color:blue; text-decoration:underline\"><span lang=\"EN-US\" style=\"font-size:14.0pt\">Smithers Predicts Growth for Nonwoven Battery Separators<\/span><\/a><\/span><\/span><\/span><\/p>\r\n\r\n<p style=\"text-align:justify\"><span style=\"font-size:11pt\"><span style=\"line-height:normal\"><span style=\"font-family:Calibri,sans-serif\"><a href=\"https:\/\/portalpersonalcare.com.br\/kimberly-clark-mira-expansao-em-higiene-pessoal-apos-negocio-de-us-173-bi-com-a-suzano\/?utm_campaign=newsletter_18062025&amp;utm_medium=email&amp;utm_source=RD+Station\" style=\"color:blue; text-decoration:underline\"><span style=\"font-size:14.0pt\">Kimberly-Clark mira expans&atilde;o em higiene pessoal ap&oacute;s neg&oacute;cio de US$ 1,73 bi com a Suzano<\/span><\/a><\/span><\/span><\/span><\/p>\r\n\r\n<p style=\"text-align:justify\"><span style=\"font-size:28pt\"><span style=\"font-family:Cambria,serif\"><span style=\"letter-spacing:-0.5pt\"><b><span style=\"font-size:18.0pt\"><span calibri=\"\" style=\"font-family:\"><span style=\"font-variant:small-caps\">Ind&uacute;stria<\/span><\/span><\/span><\/b><\/span><\/span><\/span><\/p>\r\n\r\n<p style=\"text-align:justify\"><span style=\"font-size:11pt\"><span style=\"line-height:normal\"><span style=\"font-family:Calibri,sans-serif\"><a href=\"https:\/\/plasticosemrevista.com.br\/bancos-apoiam-cada-vez-mais-a-energia-fossil\/\" style=\"color:blue; text-decoration:underline\"><span style=\"font-size:14.0pt\">Bancos apoiam cada vez mais a energia f&oacute;ssil<\/span><\/a><\/span><\/span><\/span><\/p>\r\n\r\n<p style=\"text-align:justify\"><span style=\"font-size:11pt\"><span style=\"line-height:normal\"><span style=\"font-family:Calibri,sans-serif\"><a href=\"https:\/\/mercadoeconsumo.com.br\/13\/06\/2025\/economia\/preco-do-frete-rodoviario-sobe-123-em-maio-mesmo-com-queda-no-valor-do-diesel\/\" style=\"color:blue; text-decoration:underline\"><span style=\"font-size:14.0pt\">Pre&ccedil;o do frete rodovi&aacute;rio sobe 1,23% em maio, mesmo com queda no valor do diesel<\/span><\/a><\/span><\/span><\/span><\/p>\r\n\r\n<p style=\"text-align:justify\"><span style=\"font-size:11pt\"><span style=\"line-height:normal\"><span style=\"font-family:Calibri,sans-serif\"><a href=\"https:\/\/blogdoibre.fgv.br\/posts\/contratacoes-liquidas-crescem-74-em-abril25-e-mercado-de-trabalho-continua-resiliente\" style=\"color:blue; text-decoration:underline\"><span style=\"font-size:14.0pt\">Contrata&ccedil;&otilde;es l&iacute;quidas crescem 7,4% em abril\/25 e mercado de trabalho continua resiliente<\/span><\/a><\/span><\/span><\/span><\/p>\r\n\r\n<p style=\"text-align:justify\"><span style=\"font-size:11pt\"><span style=\"line-height:normal\"><span style=\"font-family:Calibri,sans-serif\"><a href=\"https:\/\/www.iadb.org\/pt-br\/noticias\/bid-aprova-r-560-milhoes-para-fomentar-ambiente-de-investimentos-no-brasil?utm_source=email&amp;utm_medium=news&amp;utm_campaign=BID_aprova_R$_560_milh%C3%B5es_para_fomentar_ambiente_de_investimentos_no_Brasil&amp;utm_term=news\" style=\"color:blue; text-decoration:underline\"><span style=\"font-size:14.0pt\">BID aprova R$ 560 milh&otilde;es para fomentar ambiente de investimentos no Brasil<\/span><\/a><\/span><\/span><\/span><\/p>\r\n\r\n<p style=\"text-align:justify\"><span style=\"font-size:28pt\"><span style=\"font-family:Cambria,serif\"><span style=\"letter-spacing:-0.5pt\"><b><span lang=\"EN-US\" style=\"font-size:18.0pt\"><span calibri=\"\" style=\"font-family:\"><span style=\"font-variant:small-caps\">Sustentabilidade<\/span><\/span><\/span><\/b><\/span><\/span><\/span><\/p>\r\n\r\n<p style=\"text-align:justify\"><span style=\"font-size:11pt\"><span style=\"line-height:normal\"><span style=\"font-family:Calibri,sans-serif\"><a href=\"https:\/\/www.nonwovens-industry.com\/issues\/2025-06-01\/view_features\/sustainable-hygiene-products-gain-ground\/?utm_campaign=NON%20Issue%20Alert&amp;utm_medium=email&amp;_hsenc=p2ANqtz-8tqIZMu_9TVRmBxhrwRKCsT5Lr61Eg1pP1IagIOy1iFSyMgfhmlx4JrjrMbp_-Na7GGfOUza1ysfgSm_pHpG5TIYosfQ&amp;_hsmi=367429570&amp;utm_content=367429570&amp;utm_source=hs_email\" style=\"color:blue; text-decoration:underline\"><span lang=\"EN-US\" style=\"font-size:14.0pt\">Sustainable Hygiene Products Gain Ground<\/span><\/a><\/span><\/span><\/span><\/p>\r\n\r\n<p style=\"text-align:justify\"><span style=\"font-size:11pt\"><span style=\"line-height:normal\"><span style=\"font-family:Calibri,sans-serif\"><a href=\"https:\/\/www.fibre2fashion.com\/news\/textile-news\/2026-is-approaching-is-textile-industry-ready-for-green-transition-303368-newsdetails.htm\" style=\"color:blue; text-decoration:underline\"><span lang=\"EN-US\" style=\"font-size:14.0pt\">2026 is approaching: Is textile industry ready for green transition?<\/span><\/a><\/span><\/span><\/span><\/p>\r\n\r\n<p style=\"text-align:justify\"><span style=\"font-size:11pt\"><span style=\"line-height:normal\"><span style=\"font-family:Calibri,sans-serif\"><a href=\"https:\/\/www.youtube.com\/watch?v=Y68mGvE_7Rw\" style=\"color:blue; text-decoration:underline\"><span style=\"font-size:14.0pt\">Abra Talks | Agenda Ambiental 2025: Entre compromissos e oportunidades<\/span><\/a><\/span><\/span><\/span><\/p>\r\n\r\n<p style=\"text-align:justify\"><span style=\"font-size:11pt\"><span style=\"line-height:normal\"><span style=\"font-family:Calibri,sans-serif\"><a href=\"https:\/\/www.fibre2fashion.com\/news\/textile-news\/eu-council-parliament-strike-deal-on-simplification-of-cbam-303402-newsdetails.htm\" style=\"color:blue; text-decoration:underline\"><span lang=\"EN-US\" style=\"font-size:14.0pt\">EU Council, Parliament strike deal on simplification of CBAM<\/span><\/a><\/span><\/span><\/span><\/p>\r\n\r\n<p style=\"text-align:justify\"><span style=\"font-size:11pt\"><span style=\"line-height:normal\"><span style=\"font-family:Calibri,sans-serif\"><a href=\"https:\/\/esgnews.com\/pt\/amp\/Coldplay-reduz-emiss%C3%B5es-de-vinil-em-85%25-com-discos-ecol%C3%B3gicos-reciclados\/\" style=\"color:blue; text-decoration:underline\"><span style=\"font-size:14.0pt\">Coldplay reduz emiss&otilde;es de vinil em 85% com EcoRecords reciclados<\/span><\/a><\/span><\/span><\/span><\/p>\r\n\r\n<p style=\"text-align:justify\"><span style=\"font-size:11pt\"><span style=\"line-height:normal\"><span style=\"font-family:Calibri,sans-serif\"><a href=\"https:\/\/www.ofarroupilha.com.br\/ultimas-noticias\/tramontina-lanca-cordas-trancadas-produzidas-100-com-produtos-pet-reciclados\/\" style=\"color:blue; text-decoration:underline\"><span style=\"font-size:14.0pt\">Tramontina lan&ccedil;a cordas tran&ccedil;adas produzidas 100% com produtos pet reciclados<\/span><\/a><\/span><\/span><\/span><\/p>\r\n\r\n<p style=\"text-align:justify\"><span style=\"font-size:28pt\"><span style=\"font-family:Cambria,serif\"><span style=\"letter-spacing:-0.5pt\"><b><span lang=\"EN-US\" style=\"font-size:18.0pt\"><span calibri=\"\" style=\"font-family:\"><span style=\"font-variant:small-caps\">Inova&ccedil;&atilde;o<\/span><\/span><\/span><\/b><\/span><\/span><\/span><\/p>\r\n\r\n<p style=\"text-align:justify\"><span style=\"font-size:11pt\"><span style=\"line-height:normal\"><span style=\"font-family:Calibri,sans-serif\"><a href=\"https:\/\/www.nonwovens-industry.com\/issues\/2025-06-01\/view_features\/fibers-report-981831\/?utm_campaign=NON%20Issue%20Alert&amp;utm_medium=email&amp;_hsenc=p2ANqtz-97rYUTEJ0v0XrF2jPYgbk1FWVFFOHiXCJB8gJeumf95UAJ8fr69oAhqbFFL0DtgmjBZutnarsLZlsgYUCNF7lZAmcHgQ&amp;_hsmi=367429570&amp;utm_content=367429570&amp;utm_source=hs_email\" style=\"color:blue; text-decoration:underline\"><span lang=\"EN-US\" style=\"font-size:14.0pt\">Fibers Report | Developments in the cultivation and processing of natural materials continue to drive new opportunities in nonwovens<\/span><\/a><\/span><\/span><\/span><\/p>\r\n\r\n<p style=\"text-align:justify\"><span style=\"font-size:11pt\"><span style=\"line-height:normal\"><span style=\"font-family:Calibri,sans-serif\"><a href=\"https:\/\/horacampinas.com.br\/usp-desenvolve-biossensor-portatil-com-materiais-reciclados-que-detecta-virus-da-covid-19\/\" style=\"color:blue; text-decoration:underline\"><span style=\"font-size:14.0pt\">USP desenvolve biossensor port&aacute;til com materiais reciclados que detecta v&iacute;rus da Covid-19<\/span><\/a><\/span><\/span><\/span><\/p>\r\n\r\n<p style=\"text-align:justify\"><span style=\"font-size:11pt\"><span style=\"line-height:normal\"><span style=\"font-family:Calibri,sans-serif\"><a href=\"https:\/\/portugaltextil.com\/austria-desenvolve-pele-robotica-para-triagem-de-texteis\/\" style=\"color:blue; text-decoration:underline\"><span style=\"font-size:14.0pt\">&Aacute;ustria desenvolve pele rob&oacute;tica para triagem de t&ecirc;xteis<\/span><\/a><\/span><\/span><\/span><\/p>\r\n\r\n<p style=\"text-align:justify\"><span style=\"font-size:28pt\"><span style=\"font-family:Cambria,serif\"><span style=\"letter-spacing:-0.5pt\"><b><span style=\"font-size:18.0pt\"><span calibri=\"\" style=\"font-family:\"><span style=\"font-variant:small-caps\">Com&eacute;rcio Exterior<\/span><\/span><\/span><\/b><\/span><\/span><\/span><\/p>\r\n\r\n<p style=\"text-align:justify\"><span style=\"font-size:11pt\"><span style=\"line-height:normal\"><span style=\"font-family:Calibri,sans-serif\"><a href=\"https:\/\/www.gov.br\/mdic\/pt-br\/assuntos\/noticias\/2025\/junho\/mdic-defende-parceria-para-concretizacao-do-acordo-mercosul-uniao-europeia\" style=\"color:blue; text-decoration:underline\"><span style=\"font-size:14.0pt\">MDIC defende parceria para concretiza&ccedil;&atilde;o do acordo Mercosul-Uni&atilde;o Europeia<\/span><\/a><\/span><\/span><\/span><\/p>\r\n\r\n<p style=\"text-align:justify\"><span style=\"font-size:11pt\"><span style=\"line-height:normal\"><span style=\"font-family:Calibri,sans-serif\"><a href=\"https:\/\/anba.com.br\/acordo-mercosul-egito-tem-potencial-a-explorar\/\" style=\"color:blue; text-decoration:underline\"><span style=\"font-size:14.0pt\">Acordo Mercosul-Egito tem potencial a explorar<\/span><\/a><\/span><\/span><\/span><\/p>\r\n\r\n<p style=\"text-align:justify\"><span style=\"font-size:11pt\"><span style=\"line-height:normal\"><span style=\"font-family:Calibri,sans-serif\"><a href=\"https:\/\/www.poder360.com.br\/poder-infra\/brasil-e-holanda-assinam-plano-para-portos-sustentaveis\/\" style=\"color:blue; text-decoration:underline\"><span style=\"font-size:14.0pt\">Brasil e Holanda assinam plano para portos sustent&aacute;veis.<\/span><\/a><\/span><\/span><\/span><\/p>\r\n\r\n<p style=\"text-align:justify\"><span style=\"font-size:11pt\"><span style=\"line-height:normal\"><span style=\"font-family:Calibri,sans-serif\"><a href=\"https:\/\/g1.globo.com\/economia\/noticia\/2025\/06\/16\/eua-reino-unido-acordo-comercial.ghtml\" style=\"color:blue; text-decoration:underline\"><span style=\"font-size:14.0pt\">EUA e Reino Unido avan&ccedil;am em acordo comercial; importa&ccedil;&atilde;o de a&ccedil;o continua sem solu&ccedil;&atilde;o<\/span><\/a><\/span><\/span><\/span><\/p>\r\n\r\n<p style=\"text-align:justify\"><span style=\"font-size:11pt\"><span style=\"line-height:normal\"><span style=\"font-family:Calibri,sans-serif\"><a href=\"https:\/\/www.fibre2fashion.com\/news\/textile-news\/g7-leaders-meet-in-canada-to-discuss-global-trade-issues-303336-newsdetails.htm\" style=\"color:blue; text-decoration:underline\"><span lang=\"EN-US\" style=\"font-size:14.0pt\">G7 leaders meet in Canada to discuss global trade issues<\/span><\/a><\/span><\/span><\/span><\/p>\r\n\r\n<p style=\"text-align:justify\"><span style=\"font-size:11pt\"><span style=\"line-height:normal\"><span style=\"font-family:Calibri,sans-serif\"><a href=\"https:\/\/ibre.fgv.br\/blog-da-conjuntura-economica\/artigos\/icomex-superavit-comercial-do-brasil-recua-sem-sinais-de-que\" style=\"color:blue; text-decoration:underline\"><span style=\"font-size:14.0pt\">Icomex: super&aacute;vit comercial do Brasil recua, sem sinais de que a culpa seja de Trump<\/span><\/a><\/span><\/span><\/span><\/p>\r\n\r\n<p style=\"text-align:justify\"><span style=\"font-size:11pt\"><span style=\"line-height:normal\"><span style=\"font-family:Calibri,sans-serif\"><a href=\"https:\/\/portalibre.fgv.br\/noticias\/china-lidera-queda-do-superavit-da-balanca-comercial\" style=\"color:blue; text-decoration:underline\"><span style=\"font-size:14.0pt\">A China lidera a queda do super&aacute;vit da balan&ccedil;a comercial<\/span><\/a><\/span><\/span><\/span><\/p>\r\n\r\n<p style=\"text-align:justify\"><span style=\"font-size:28pt\"><span style=\"font-family:Cambria,serif\"><span style=\"letter-spacing:-0.5pt\"><b><span style=\"font-size:18.0pt\"><span calibri=\"\" style=\"font-family:\"><span style=\"font-variant:small-caps\">Economia<\/span><\/span><\/span><\/b><\/span><\/span><\/span><\/p>\r\n\r\n<p style=\"text-align:justify\"><span style=\"font-size:11pt\"><span style=\"line-height:normal\"><span style=\"font-family:Calibri,sans-serif\"><a href=\"https:\/\/www.bcb.gov.br\/content\/focus\/focus\/R20250620.pdf\" style=\"color:blue; text-decoration:underline\"><span style=\"font-size:14.0pt\">Focus - Relat&oacute;rio de Mercado<\/span><\/a><\/span><\/span><\/span><\/p>\r\n\r\n<p style=\"text-align:justify\"><span style=\"font-size:11pt\"><span style=\"line-height:normal\"><span style=\"font-family:Calibri,sans-serif\"><a href=\"https:\/\/noticias.portaldaindustria.com.br\/posicionamentos\/juros-vao-sufocar-economia-diz-cni\/\" style=\"color:blue; text-decoration:underline\"><span style=\"font-size:14.0pt\">Juros v&atilde;o sufocar economia, diz CNI<\/span><\/a><\/span><\/span><\/span><\/p>\r\n\r\n<p style=\"text-align:justify\"><span style=\"font-size:11pt\"><span style=\"line-height:normal\"><span style=\"font-family:Calibri,sans-serif\"><a href=\"https:\/\/www.azevedosette.com.br\/noticias\/pt\/mp-n-1303-altera-regras-de-aplicacoes-financeiras-dentre-outros-assuntos\/7862\" style=\"color:blue; text-decoration:underline\"><span style=\"font-size:14.0pt\">MP n&ordm; 1.303 altera regras de aplica&ccedil;&otilde;es financeiras, dentre outros assuntos<\/span><\/a><\/span><\/span><\/span><\/p>\r\n\r\n<p style=\"text-align:justify\"><span style=\"font-size:11pt\"><span style=\"line-height:normal\"><span style=\"font-family:Calibri,sans-serif\"><a href=\"https:\/\/mercadoeconsumo.com.br\/18\/06\/2025\/artigos\/o-mundo-descentralizado-ia-yuan-digital-e-a-nova-ordem-economica-que-ja-comecou\/\" style=\"color:blue; text-decoration:underline\"><span style=\"font-size:14.0pt\">O mundo (des)centralizado: IA, yuan digital e a nova ordem econ&ocirc;mica que j&aacute; come&ccedil;ou<\/span><\/a><\/span><\/span><\/span><\/p>\r\n\r\n<p style=\"text-align:justify\"><img src=\"https:\/\/www.abint.org.br\/assets\/img\/editor\/redes-sociais-abint-ctg-cth_20250610164521Me6phPlAL1.jpg\" \/><\/p>\r\n","texto_en":"","7":"","imagem":"COMP_capa-2025-site-boletim-abint-noticias-semanis_20250701193145v023ZjEXpV.jpg","8":"COMP_capa-2025-site-boletim-abint-noticias-semanis_20250701193145v023ZjEXpV.jpg","arquivo":"20250624-BOLETIM-ABINT-DE-NOTICIAS-SEMANAIS.PDF","9":"20250624-BOLETIM-ABINT-DE-NOTICIAS-SEMANAIS.PDF","titulo_arquivo":"20250624 Boletim ABINT de Not\u00edcias Semanais","10":"20250624 Boletim ABINT de Not\u00edcias Semanais","titulo_arquivo_en":"","11":"","created_at":"2025-07-01 19:31:09","12":"2025-07-01 19:31:09","updated_at":"2025-07-01 19:31:53","13":"2025-07-01 19:31:53"},{"id":188,"0":188,"ordem":44,"1":44,"data":"2025-06-23","2":"2025-06-23","slug":"o-setor-de-naotecidos-parabeniza-a-plastico-sul","3":"o-setor-de-naotecidos-parabeniza-a-plastico-sul","titulo":"O setor de N\u00e3otecidos parabeniza a Pl\u00e1stico Sul","4":"O setor de N\u00e3otecidos parabeniza a Pl\u00e1stico Sul","titulo_en":"","5":"","texto":"<p><span style=\"font-size:12pt\"><span style=\"background:white\"><span new=\"\" roman=\"\" style=\"font-family:\" times=\"\"><b><span arial=\"\" style=\"font-family:\"><span style=\"color:black\">O setor de N&atilde;otecidos parabeniza a Pl&aacute;stico Sul<\/span><\/span><\/b><\/span><\/span><\/span><\/p>\r\n\r\n<p><span style=\"font-size:12pt\"><span style=\"background:white\"><span new=\"\" roman=\"\" style=\"font-family:\" times=\"\"><b><i><span style=\"font-size:11.0pt\"><span arial=\"\" style=\"font-family:\"><span style=\"color:black\">*Por Mateus Inacio<\/span><\/span><\/span><\/i><\/b><\/span><\/span><\/span><\/p>\r\n\r\n<p style=\"text-align:justify\"><span style=\"font-size:12pt\"><span style=\"background:white\"><span new=\"\" roman=\"\" style=\"font-family:\" times=\"\"><span style=\"font-size:11.0pt\"><span arial=\"\" style=\"font-family:\"><span style=\"color:#222222\">Estamos felizes em fazer parte das comemora&ccedil;&otilde;es de 25 anos da revista Pl&aacute;stico Sul, uma publica&ccedil;&atilde;o que sempre prestigiou a cadeia produtiva dos n&atilde;otecidos, em especial os pleitos da ABINT - Associa&ccedil;&atilde;o Brasileira das Ind&uacute;strias de N&atilde;otecidos e Tecidos T&eacute;cnicos.<\/span><\/span><\/span><\/span><\/span><\/span><\/p>\r\n\r\n<p style=\"text-align:justify\"><span style=\"font-size:12pt\"><span style=\"background:white\"><span new=\"\" roman=\"\" style=\"font-family:\" times=\"\"><span style=\"font-size:11.0pt\"><span arial=\"\" style=\"font-family:\"><span style=\"color:#222222\">Nossa entidade nasceu em 1991 para dar representatividade ao setor de n&atilde;otecidos e tecidos t&eacute;cnicos, promovendo o desenvolvimento do mercado com qualidade, competitividade e sustentabilidade atrav&eacute;s de rela&ccedil;&otilde;es institucionais, educa&ccedil;&atilde;o, intelig&ecirc;ncia de mercado e normatiza&ccedil;&atilde;o. Parte importante deste trabalho &eacute; realizado por meio de nossos comit&ecirc;s t&eacute;cnicos: o CTG e o CTH. Criados em 1999 e 2000, respectivamente, o CTG (Comite T&eacute;cnico de Geossint&eacute;ticos) e o CTH (Comite T&eacute;cnico M&eacute;dico-Hospitalar) trabalham arduamente no desenvolvimento dos seus respectivos mercados de forma &eacute;tica e respons&aacute;vel.<\/span><\/span><\/span><\/span><\/span><\/span><\/p>\r\n\r\n<p style=\"text-align:justify\"><span style=\"font-size:12pt\"><span style=\"background:white\"><span new=\"\" roman=\"\" style=\"font-family:\" times=\"\"><span style=\"font-size:11.0pt\"><span arial=\"\" style=\"font-family:\"><span style=\"color:#222222\">Deste a sua cria&ccedil;&atilde;o, a ABINT tem contribu&iacute;do ativamente para a amplia&ccedil;&atilde;o do alcance das aplica&ccedil;&otilde;es desses materiais em segmentos diversos como higiene pessoal, medicina, agroneg&oacute;cio, automobil&iacute;stico, infraestrutura, constru&ccedil;&atilde;o civil, saneamento b&aacute;sico, cal&ccedil;ados e tantos outros. Mesmo assim, o consumo brasileiro per capita de n&atilde;otecidos est&aacute; abaixo do seu potencial, ou seja, ainda h&aacute; muito trabalho a fazer.<\/span><\/span><\/span><\/span><\/span><\/span><\/p>\r\n\r\n<p style=\"text-align:justify\"><span style=\"font-size:12pt\"><span style=\"background:white\"><span new=\"\" roman=\"\" style=\"font-family:\" times=\"\"><span style=\"font-size:11.0pt\"><span arial=\"\" style=\"font-family:\"><span style=\"color:#222222\">Nos &uacute;ltimos cinco anos, a nossa ind&uacute;stria investiu mais de R$ 600 milh&otilde;es em amplia&ccedil;&atilde;o de capacidade e inova&ccedil;&atilde;o, al&eacute;m de gerar postos de trabalho e receita, para atender setores estrat&eacute;gicos da economia brasileira. No total, cerca de 100 empresas empregaram 17 mil pessoas na produ&ccedil;&atilde;o de mais de 370 mil toneladas de n&atilde;otecidos em 2024.<\/span><\/span><\/span><\/span><\/span><\/span><\/p>\r\n\r\n<p style=\"text-align:justify\"><span style=\"font-size:12pt\"><span style=\"background:white\"><span new=\"\" roman=\"\" style=\"font-family:\" times=\"\"><span style=\"font-size:11.0pt\"><span arial=\"\" style=\"font-family:\"><span style=\"color:#222222\">Ainda assim, os dados apurados pela ABINT descrevem um cen&aacute;rio preocupante: em 2024, o aumento da demanda por n&atilde;otecidos e tecidos t&eacute;cnicos, al&eacute;m de t&iacute;mido em fun&ccedil;&atilde;o do baixo crescimento econ&ocirc;mico e da redu&ccedil;&atilde;o do poder de compra da popula&ccedil;&atilde;o, foi absorvido pelo crescimento das importa&ccedil;&otilde;es. <\/span><\/span><\/span><\/span><\/span><\/span><\/p>\r\n\r\n<p style=\"text-align:justify\"><span style=\"font-size:12pt\"><span style=\"background:white\"><span new=\"\" roman=\"\" style=\"font-family:\" times=\"\"><span style=\"font-size:11.0pt\"><span arial=\"\" style=\"font-family:\"><span style=\"color:#222222\">Segundo dados do Minist&eacute;rio do Desenvolvimento, Ind&uacute;stria, Com&eacute;rcio e Servi&ccedil;os (MDIC - ComexStat), o volume de importa&ccedil;&otilde;es de n&atilde;otecidos e tecidos t&eacute;cnicos aumentou 32% entre 2019 e 2024, enquanto o valor FOB caiu 14% em d&oacute;lares. O acumulado dos quatro primeiros meses de 2025 j&aacute; mostra um aumento de 28% no volume importado em compara&ccedil;&atilde;o ao mesmo per&iacute;odo de 2024. No caso de artigos confeccionados, incluindo m&aacute;scaras descart&aacute;veis, as importa&ccedil;&otilde;es aumentaram 78% em volume e reduziram 39% em pre&ccedil;o m&eacute;dio FOB em d&oacute;lares entre 2019 e 2024, e o volume acumulado nos quatro primeiros meses de 2025 cresceu 288% em rela&ccedil;&atilde;o ao mesmo per&iacute;odo do ano anterior. Quando a fabrica&ccedil;&atilde;o local &eacute; substitu&iacute;da por importa&ccedil;&otilde;es, cessa tamb&eacute;m a demanda pelas mat&eacute;rias-primas, criando um efeito domin&oacute; que impacta os diversos elos da cadeia e v&aacute;rios setores da economia.<\/span><\/span><\/span><\/span><\/span><\/span><\/p>\r\n\r\n<p style=\"text-align:justify\"><span style=\"font-size:12pt\"><span style=\"background:white\"><span new=\"\" roman=\"\" style=\"font-family:\" times=\"\"><span style=\"font-size:11.0pt\"><span arial=\"\" style=\"font-family:\"><span style=\"color:#222222\">Os efeitos deste movimento puderam ser observados, por exemplo, durante a pandemia, quando o salto na demanda por m&aacute;scaras e respiradores encontrou pa&iacute;ses fortemente dependentes de produtos chineses, que se tornaram escassos da noite para o dia. Nesse per&iacute;odo, a ind&uacute;stria brasileira investiu R$ 400 milh&otilde;es para expandir em mais de 22 mil toneladas a capacidade produtiva de insumos para a fabrica&ccedil;&atilde;o de itens de prote&ccedil;&atilde;o respirat&oacute;ria e hospitalar. Atualmente, apenas uma fra&ccedil;&atilde;o dos 150 fabricantes de m&aacute;scaras e respiradores, que produziam 500 milh&otilde;es de unidades por m&ecirc;s durante a pandemia, continuam operando, e o consumo nacional est&aacute; voltado a ser abastecido por produtos acabados importados, repetindo o movimento observado no passado.<\/span><\/span><\/span><\/span><\/span><\/span><\/p>\r\n\r\n<p style=\"text-align:justify\"><span style=\"font-size:12pt\"><span style=\"background:white\"><span new=\"\" roman=\"\" style=\"font-family:\" times=\"\"><span style=\"font-size:11.0pt\"><span arial=\"\" style=\"font-family:\"><span style=\"color:#222222\">Enquanto perseguimos a equidade competitiva entre produtos importados e fabricados localmente, nossa ind&uacute;stria brasileira trabalha com afinco no cumprimento de normas t&eacute;cnicas, que avalizam a confiabilidade dos produtos e dos processos produtivos, e de requisitos legais, que controlam que as empresas operem em conformidade com padr&otilde;es ambientais, sociais e fiscais. <\/span><\/span><\/span><\/span><\/span><\/span><\/p>\r\n\r\n<p style=\"text-align:justify\"><span style=\"font-size:12pt\"><span style=\"background:white\"><span new=\"\" roman=\"\" style=\"font-family:\" times=\"\"><span style=\"font-size:11.0pt\"><span arial=\"\" style=\"font-family:\"><span style=\"color:#222222\">Nossos desafios s&atilde;o grandiosos e &eacute; com o apoio de publica&ccedil;&otilde;es como a Pl&aacute;stico Sul que seguimos nossa jornada por qualidade e competitividade. Parab&eacute;ns pelos 25 anos da publica&ccedil;&atilde;o e que venham muitos mais!<\/span><\/span><\/span><\/span><\/span><\/span><\/p>\r\n\r\n<p style=\"text-align:justify\"><span style=\"font-size:12pt\"><span style=\"background:white\"><span style=\"line-height:11.2pt\"><span new=\"\" roman=\"\" style=\"font-family:\" times=\"\"><b><i><span style=\"font-size:11.0pt\"><span arial=\"\" style=\"font-family:\"><span style=\"color:#222222\">*Mateus Mesquita Inacio &eacute; presidente da ABINT -&nbsp;<em><span arial=\"\" style=\"font-family:\">Associa&ccedil;&atilde;o Brasileira das Ind&uacute;strias de N&atilde;otecidos e Tecidos T&eacute;cnicos (<\/span><\/em><\/span><\/span><\/span><\/i><\/b><span style=\"color:black\"><a href=\"http:\/\/www.abint.org.br\/\" style=\"color:blue; text-decoration:underline\" target=\"_blank\"><b><i><span style=\"font-size:11.0pt\"><span arial=\"\" style=\"font-family:\">www.abint.org.br<\/span><\/span><\/i><\/b><\/a><\/span><b><i><span style=\"font-size:11.0pt\"><span arial=\"\" style=\"font-family:\"><span style=\"color:#222222\">)<\/span><\/span><\/span><\/i><\/b><\/span><\/span><\/span><\/span><\/p>\r\n","6":"<p><span style=\"font-size:12pt\"><span style=\"background:white\"><span new=\"\" roman=\"\" style=\"font-family:\" times=\"\"><b><span arial=\"\" style=\"font-family:\"><span style=\"color:black\">O setor de N&atilde;otecidos parabeniza a Pl&aacute;stico Sul<\/span><\/span><\/b><\/span><\/span><\/span><\/p>\r\n\r\n<p><span style=\"font-size:12pt\"><span style=\"background:white\"><span new=\"\" roman=\"\" style=\"font-family:\" times=\"\"><b><i><span style=\"font-size:11.0pt\"><span arial=\"\" style=\"font-family:\"><span style=\"color:black\">*Por Mateus Inacio<\/span><\/span><\/span><\/i><\/b><\/span><\/span><\/span><\/p>\r\n\r\n<p style=\"text-align:justify\"><span style=\"font-size:12pt\"><span style=\"background:white\"><span new=\"\" roman=\"\" style=\"font-family:\" times=\"\"><span style=\"font-size:11.0pt\"><span arial=\"\" style=\"font-family:\"><span style=\"color:#222222\">Estamos felizes em fazer parte das comemora&ccedil;&otilde;es de 25 anos da revista Pl&aacute;stico Sul, uma publica&ccedil;&atilde;o que sempre prestigiou a cadeia produtiva dos n&atilde;otecidos, em especial os pleitos da ABINT - Associa&ccedil;&atilde;o Brasileira das Ind&uacute;strias de N&atilde;otecidos e Tecidos T&eacute;cnicos.<\/span><\/span><\/span><\/span><\/span><\/span><\/p>\r\n\r\n<p style=\"text-align:justify\"><span style=\"font-size:12pt\"><span style=\"background:white\"><span new=\"\" roman=\"\" style=\"font-family:\" times=\"\"><span style=\"font-size:11.0pt\"><span arial=\"\" style=\"font-family:\"><span style=\"color:#222222\">Nossa entidade nasceu em 1991 para dar representatividade ao setor de n&atilde;otecidos e tecidos t&eacute;cnicos, promovendo o desenvolvimento do mercado com qualidade, competitividade e sustentabilidade atrav&eacute;s de rela&ccedil;&otilde;es institucionais, educa&ccedil;&atilde;o, intelig&ecirc;ncia de mercado e normatiza&ccedil;&atilde;o. Parte importante deste trabalho &eacute; realizado por meio de nossos comit&ecirc;s t&eacute;cnicos: o CTG e o CTH. Criados em 1999 e 2000, respectivamente, o CTG (Comite T&eacute;cnico de Geossint&eacute;ticos) e o CTH (Comite T&eacute;cnico M&eacute;dico-Hospitalar) trabalham arduamente no desenvolvimento dos seus respectivos mercados de forma &eacute;tica e respons&aacute;vel.<\/span><\/span><\/span><\/span><\/span><\/span><\/p>\r\n\r\n<p style=\"text-align:justify\"><span style=\"font-size:12pt\"><span style=\"background:white\"><span new=\"\" roman=\"\" style=\"font-family:\" times=\"\"><span style=\"font-size:11.0pt\"><span arial=\"\" style=\"font-family:\"><span style=\"color:#222222\">Deste a sua cria&ccedil;&atilde;o, a ABINT tem contribu&iacute;do ativamente para a amplia&ccedil;&atilde;o do alcance das aplica&ccedil;&otilde;es desses materiais em segmentos diversos como higiene pessoal, medicina, agroneg&oacute;cio, automobil&iacute;stico, infraestrutura, constru&ccedil;&atilde;o civil, saneamento b&aacute;sico, cal&ccedil;ados e tantos outros. Mesmo assim, o consumo brasileiro per capita de n&atilde;otecidos est&aacute; abaixo do seu potencial, ou seja, ainda h&aacute; muito trabalho a fazer.<\/span><\/span><\/span><\/span><\/span><\/span><\/p>\r\n\r\n<p style=\"text-align:justify\"><span style=\"font-size:12pt\"><span style=\"background:white\"><span new=\"\" roman=\"\" style=\"font-family:\" times=\"\"><span style=\"font-size:11.0pt\"><span arial=\"\" style=\"font-family:\"><span style=\"color:#222222\">Nos &uacute;ltimos cinco anos, a nossa ind&uacute;stria investiu mais de R$ 600 milh&otilde;es em amplia&ccedil;&atilde;o de capacidade e inova&ccedil;&atilde;o, al&eacute;m de gerar postos de trabalho e receita, para atender setores estrat&eacute;gicos da economia brasileira. No total, cerca de 100 empresas empregaram 17 mil pessoas na produ&ccedil;&atilde;o de mais de 370 mil toneladas de n&atilde;otecidos em 2024.<\/span><\/span><\/span><\/span><\/span><\/span><\/p>\r\n\r\n<p style=\"text-align:justify\"><span style=\"font-size:12pt\"><span style=\"background:white\"><span new=\"\" roman=\"\" style=\"font-family:\" times=\"\"><span style=\"font-size:11.0pt\"><span arial=\"\" style=\"font-family:\"><span style=\"color:#222222\">Ainda assim, os dados apurados pela ABINT descrevem um cen&aacute;rio preocupante: em 2024, o aumento da demanda por n&atilde;otecidos e tecidos t&eacute;cnicos, al&eacute;m de t&iacute;mido em fun&ccedil;&atilde;o do baixo crescimento econ&ocirc;mico e da redu&ccedil;&atilde;o do poder de compra da popula&ccedil;&atilde;o, foi absorvido pelo crescimento das importa&ccedil;&otilde;es. <\/span><\/span><\/span><\/span><\/span><\/span><\/p>\r\n\r\n<p style=\"text-align:justify\"><span style=\"font-size:12pt\"><span style=\"background:white\"><span new=\"\" roman=\"\" style=\"font-family:\" times=\"\"><span style=\"font-size:11.0pt\"><span arial=\"\" style=\"font-family:\"><span style=\"color:#222222\">Segundo dados do Minist&eacute;rio do Desenvolvimento, Ind&uacute;stria, Com&eacute;rcio e Servi&ccedil;os (MDIC - ComexStat), o volume de importa&ccedil;&otilde;es de n&atilde;otecidos e tecidos t&eacute;cnicos aumentou 32% entre 2019 e 2024, enquanto o valor FOB caiu 14% em d&oacute;lares. O acumulado dos quatro primeiros meses de 2025 j&aacute; mostra um aumento de 28% no volume importado em compara&ccedil;&atilde;o ao mesmo per&iacute;odo de 2024. No caso de artigos confeccionados, incluindo m&aacute;scaras descart&aacute;veis, as importa&ccedil;&otilde;es aumentaram 78% em volume e reduziram 39% em pre&ccedil;o m&eacute;dio FOB em d&oacute;lares entre 2019 e 2024, e o volume acumulado nos quatro primeiros meses de 2025 cresceu 288% em rela&ccedil;&atilde;o ao mesmo per&iacute;odo do ano anterior. Quando a fabrica&ccedil;&atilde;o local &eacute; substitu&iacute;da por importa&ccedil;&otilde;es, cessa tamb&eacute;m a demanda pelas mat&eacute;rias-primas, criando um efeito domin&oacute; que impacta os diversos elos da cadeia e v&aacute;rios setores da economia.<\/span><\/span><\/span><\/span><\/span><\/span><\/p>\r\n\r\n<p style=\"text-align:justify\"><span style=\"font-size:12pt\"><span style=\"background:white\"><span new=\"\" roman=\"\" style=\"font-family:\" times=\"\"><span style=\"font-size:11.0pt\"><span arial=\"\" style=\"font-family:\"><span style=\"color:#222222\">Os efeitos deste movimento puderam ser observados, por exemplo, durante a pandemia, quando o salto na demanda por m&aacute;scaras e respiradores encontrou pa&iacute;ses fortemente dependentes de produtos chineses, que se tornaram escassos da noite para o dia. Nesse per&iacute;odo, a ind&uacute;stria brasileira investiu R$ 400 milh&otilde;es para expandir em mais de 22 mil toneladas a capacidade produtiva de insumos para a fabrica&ccedil;&atilde;o de itens de prote&ccedil;&atilde;o respirat&oacute;ria e hospitalar. Atualmente, apenas uma fra&ccedil;&atilde;o dos 150 fabricantes de m&aacute;scaras e respiradores, que produziam 500 milh&otilde;es de unidades por m&ecirc;s durante a pandemia, continuam operando, e o consumo nacional est&aacute; voltado a ser abastecido por produtos acabados importados, repetindo o movimento observado no passado.<\/span><\/span><\/span><\/span><\/span><\/span><\/p>\r\n\r\n<p style=\"text-align:justify\"><span style=\"font-size:12pt\"><span style=\"background:white\"><span new=\"\" roman=\"\" style=\"font-family:\" times=\"\"><span style=\"font-size:11.0pt\"><span arial=\"\" style=\"font-family:\"><span style=\"color:#222222\">Enquanto perseguimos a equidade competitiva entre produtos importados e fabricados localmente, nossa ind&uacute;stria brasileira trabalha com afinco no cumprimento de normas t&eacute;cnicas, que avalizam a confiabilidade dos produtos e dos processos produtivos, e de requisitos legais, que controlam que as empresas operem em conformidade com padr&otilde;es ambientais, sociais e fiscais. <\/span><\/span><\/span><\/span><\/span><\/span><\/p>\r\n\r\n<p style=\"text-align:justify\"><span style=\"font-size:12pt\"><span style=\"background:white\"><span new=\"\" roman=\"\" style=\"font-family:\" times=\"\"><span style=\"font-size:11.0pt\"><span arial=\"\" style=\"font-family:\"><span style=\"color:#222222\">Nossos desafios s&atilde;o grandiosos e &eacute; com o apoio de publica&ccedil;&otilde;es como a Pl&aacute;stico Sul que seguimos nossa jornada por qualidade e competitividade. Parab&eacute;ns pelos 25 anos da publica&ccedil;&atilde;o e que venham muitos mais!<\/span><\/span><\/span><\/span><\/span><\/span><\/p>\r\n\r\n<p style=\"text-align:justify\"><span style=\"font-size:12pt\"><span style=\"background:white\"><span style=\"line-height:11.2pt\"><span new=\"\" roman=\"\" style=\"font-family:\" times=\"\"><b><i><span style=\"font-size:11.0pt\"><span arial=\"\" style=\"font-family:\"><span style=\"color:#222222\">*Mateus Mesquita Inacio &eacute; presidente da ABINT -&nbsp;<em><span arial=\"\" style=\"font-family:\">Associa&ccedil;&atilde;o Brasileira das Ind&uacute;strias de N&atilde;otecidos e Tecidos T&eacute;cnicos (<\/span><\/em><\/span><\/span><\/span><\/i><\/b><span style=\"color:black\"><a href=\"http:\/\/www.abint.org.br\/\" style=\"color:blue; text-decoration:underline\" target=\"_blank\"><b><i><span style=\"font-size:11.0pt\"><span arial=\"\" style=\"font-family:\">www.abint.org.br<\/span><\/span><\/i><\/b><\/a><\/span><b><i><span style=\"font-size:11.0pt\"><span arial=\"\" style=\"font-family:\"><span style=\"color:#222222\">)<\/span><\/span><\/span><\/i><\/b><\/span><\/span><\/span><\/span><\/p>\r\n","texto_en":"","7":"","imagem":"COMP_capa-2025-site-comunicacao_20250829170059XJl4uc5aHT.jpg","8":"COMP_capa-2025-site-comunicacao_20250829170059XJl4uc5aHT.jpg","arquivo":null,"9":null,"titulo_arquivo":"20250623 Artigo_Mateus Plastico_Sul_25_anos","10":"20250623 Artigo_Mateus Plastico_Sul_25_anos","titulo_arquivo_en":"","11":"","created_at":"2025-08-29 17:01:07","12":"2025-08-29 17:01:07","updated_at":"2025-08-29 17:01:07","13":"2025-08-29 17:01:07"},{"id":176,"0":176,"ordem":45,"1":45,"data":"2025-06-17","2":"2025-06-17","slug":"boletim-abint-de-noticias-semanais-80","3":"boletim-abint-de-noticias-semanais-80","titulo":"Boletim ABINT de Not\u00edcias Semanais","4":"Boletim ABINT de Not\u00edcias Semanais","titulo_en":"","5":"","texto":"<p style=\"text-align:justify\"><span style=\"font-size:11pt\"><span style=\"line-height:normal\"><span style=\"font-family:Calibri,sans-serif\"><span style=\"font-size:14.0pt\">Esta &eacute; uma compila&ccedil;&atilde;o das not&iacute;cias mais relevantes para o setor, incluindo informa&ccedil;&otilde;es sobre acordos internacionais, economia brasileira, sustentabilidade e mat&eacute;rias primas, al&eacute;m de novidades do setor de N&atilde;otecidos e Tecidos T&eacute;cnicos.<\/span><\/span><\/span><\/span><\/p>\r\n\r\n<p style=\"text-align:justify\"><span style=\"font-size:28pt\"><span style=\"font-family:Cambria,serif\"><span style=\"letter-spacing:-0.5pt\"><b><span style=\"font-size:18.0pt\"><span style=\"font-family:&quot;Calibri&quot;,sans-serif\"><span style=\"font-variant:small-caps\">Not&iacute;cias das Associadas<\/span><\/span><\/span><\/b><\/span><\/span><\/span><\/p>\r\n\r\n<p style=\"text-align:justify\"><span style=\"font-size:11pt\"><span style=\"line-height:normal\"><span style=\"font-family:Calibri,sans-serif\"><a href=\"http:\/\/clickemail.portalpersonalcare.com.br\/ls\/click?upn=u001.D2-2F0Tg0A29KXXLMT6ctG-2BYOihdDbc-2ByFrUFb3ZXMT9TsI2unl-2BPvzUnmUj1R0e81ec4IxnSkhzqXT-2BUiA4P9-2BeYzCLzQqS1noxxbpY2HrA-2BVGvqawT0Epjbhb472SlckB9iNJUT18HGQVNiw1QKg28Y7iZnHaoX3Z1miIuWcFZ4wsnZ8ExVVmllgPDbT9oN2ovQ6fyhr0nqvONw2nJkafSg17gMHDAih3aSLvTrQysakvwT5CZn-2B05uQGAYtHl0JWyiUbKEzdemJfjUc0ZC9Gg-3D-3DIs9j_T7N8BvZTOm04CQQMiyWztrpCjlUrRc4F7QzSgUIpTqDyHxxxhGpyWLohz7JoE2GE5NHlS-2BYZoX1R75Fh8KCze9GvCCb-2FinuNgc39g0Cdbe-2FcU8RlSBQhp5om11AQZQ-2FD3WB4-2Bb-2Bp6-2FznpxiZlziH2IlciDU7bKTjlJUVS32zoB1JkYQ0LF2o6AWrzSj4Qlk0CSb8eTPJL71L8uHLHJML7-2FkvKojyBsvsVOewhg3eL4O7-2BUJOx-2BhlnJWsRZe-2FctpRl-2FQIfy46bEZRfLAAD2ZbdEZ1bmbnWFHvoLD2PqniTCcp7wDUIw2Y5dn17lEiOayYbponjwls5VHnKYdhNO5ff2JClsivzzN1iL0-2FAfYb63bQVqrkfW3jp9W9TkAxJQmxrFnhCEfHvOIbqR4Fmff2m4FBegU0i6UK-2F5UH8zEAtI6U4KXgHWXdYymglxMfAwiFSzgPT-2BzPDVKDFkMRGQd2mD4iZ8GJ2nKo9B0cLejcV-2FhEIpqxlGL78iAzU2Lt7J2OTx0yiam82oPfxRCI-2FaQvLY-2Bug5cC6ZXl-2F4xKcHWlKavXUZcWdga3oAjmkSHFHeM-2By46yB5AvjmXhfcbGE71yR8Z2Gcir25-2BB18S7Zqyp1qBjgIvHiZSDq8TNis3foIlWuVToGrbyt-2FbnPYTdyhGffw-3D-3D\" style=\"color:blue; text-decoration:underline\"><span style=\"font-size:14.0pt\">Cremer investe R$ 60 milh&otilde;es em nova planta de len&ccedil;os umedecidos em Blumenau (SC)<\/span><\/a><\/span><\/span><\/span><\/p>\r\n\r\n<p style=\"text-align:justify\">&nbsp;<\/p>\r\n\r\n<p style=\"text-align:justify\"><span style=\"font-size:11pt\"><span style=\"line-height:normal\"><span style=\"font-family:Calibri,sans-serif\"><b><span style=\"font-size:18.0pt\"><span style=\"font-variant:small-caps\">Eventos<\/span><\/span><\/b><\/span><\/span><\/span><\/p>\r\n\r\n<p style=\"text-align:justify\"><span style=\"font-size:11pt\"><span style=\"line-height:normal\"><span style=\"font-family:Calibri,sans-serif\"><a href=\"https:\/\/crm-apps.apexbrasil.com.br\/orgbdeab873\/inscricao-eventos\/evento\/webserie-direto-do-mercado-2025\/cc48605a-ca58-4ce6-8079-5f3edda10a8e?utm_source=EMarketing&amp;msdynttrid=qllyIhb7ISZbH8JlNC2mzuDV66nhpd_4gD5hRBW5XoA\" style=\"color:blue; text-decoration:underline\"><b><span style=\"font-size:14.0pt\">Apex Brasil | Webs&eacute;rie Direto do Mercado: Edi&ccedil;&atilde;o M&eacute;xico<\/span><\/b><\/a><span style=\"font-size:14.0pt\">, 17 de junho de 2025, 16h30 &agrave;s 18h30, evento on-line<\/span><\/span><\/span><\/span><\/p>\r\n\r\n<p style=\"text-align:justify\"><span style=\"font-size:11pt\"><span style=\"line-height:normal\"><span style=\"font-family:Calibri,sans-serif\"><a href=\"https:\/\/docs.google.com\/forms\/d\/e\/1FAIpQLSfoWadac-7RVAX8VDsDsyYJTGMGfw7HtKw7wYvju1qPZhO57w\/viewform\" style=\"color:blue; text-decoration:underline\"><b><span style=\"font-size:14.0pt\">ABRAFILTROS | O impacto da IA no setor industrial: Presente &amp; Futuro<\/span><\/b><\/a><span style=\"font-size:14.0pt\">, 26 de junho de 2025, 09h00, evento presencial e gratuito<\/span><\/span><\/span><\/span><\/p>\r\n\r\n<p style=\"text-align:justify\"><span style=\"font-size:11pt\"><span style=\"line-height:normal\"><span style=\"font-family:Calibri,sans-serif\"><a href=\"https:\/\/evento.fgv.br\/analiseconjuntural2606-592083%20\/\" style=\"color:blue; text-decoration:underline\"><b><span style=\"font-size:14.0pt\">FGV IBRE | II Semin&aacute;rio de An&aacute;lise Conjuntural<\/span><\/b><\/a><span style=\"font-size:14.0pt\">, 26 de junho de 2025, 10h &agrave;s 11h30, transmiss&atilde;o Youtube FGV<\/span><\/span><\/span><\/span><\/p>\r\n\r\n<p style=\"text-align:justify\"><span style=\"font-size:11pt\"><span style=\"line-height:normal\"><span style=\"font-family:Calibri,sans-serif\"><a href=\"https:\/\/abit.rds.land\/ws-inventarios-de-gees\" style=\"color:blue; text-decoration:underline\"><b><span style=\"font-size:14.0pt\">Workshop Abit | Invent&aacute;rio de GEE e Estrat&eacute;gia de Descarboniza&ccedil;&atilde;o<\/span><\/b><\/a><span style=\"font-size:14.0pt\">, 01 de julho de 2025, 10h &agrave;s 12h, evento online<\/span><\/span><\/span><\/span><\/p>\r\n\r\n<p style=\"text-align:justify\"><span style=\"font-size:11pt\"><span style=\"line-height:normal\"><span style=\"font-family:Calibri,sans-serif\"><a href=\"https:\/\/www.abnteducacao.com.br\/Simbologia_de_cuidados_aplicada_a_Etiquetagem_de_Texteis_ABNT_NBR_NM_ISO_3758\" style=\"color:blue; text-decoration:underline\"><b><span style=\"font-size:14.0pt\">Simbologia de cuidados aplicada a Etiquetagem de T&ecirc;xteis<\/span><\/b><\/a><span style=\"font-size:14.0pt\">, 08 a 11 de julho de 2025<\/span><\/span><\/span><\/span><\/p>\r\n\r\n<p style=\"text-align:justify\"><span style=\"font-size:11pt\"><span style=\"line-height:normal\"><span style=\"font-family:Calibri,sans-serif\"><a href=\"https:\/\/www.abicol.org\/encontro-das-industrias-de-colchoes-2025\/\" style=\"color:blue; text-decoration:underline\"><b><span style=\"font-size:14.0pt\">ABICOL | ENICOL 2025 - Encontro das Ind&uacute;strias de Colch&otilde;es<\/span><\/b><\/a><span style=\"font-size:14.0pt\">, 07 e 08 de agosto, evento presencial, Royal Tulip Bras&iacute;lia Alvorada<\/span><\/span><\/span><\/span><\/p>\r\n\r\n<p style=\"text-align:justify\"><span style=\"font-size:11pt\"><span style=\"line-height:normal\"><span style=\"font-family:Calibri,sans-serif\"><a href=\"https:\/\/horizons.fia.com.br\/?utm_campaign=apoio_institucional_horizons_2025&amp;utm_medium=email&amp;utm_source=RD+Station\" style=\"color:blue; text-decoration:underline\"><b><span style=\"font-size:14.0pt\">Horizons 2025 &ndash; Inova&ccedil;&atilde;o, Tecnologia e Neg&oacute;cios Unidos pelo Planeta<\/span><\/b><\/a><span style=\"font-size:14.0pt\">, 13 e 14 de agosto, FIA Business School, Birmann 21 e Centro de Inova&ccedil;&atilde;o Bruno Covas, S&atilde;o Paulo<\/span><\/span><\/span><\/span><\/p>\r\n\r\n<p style=\"text-align:justify\"><span style=\"font-size:11pt\"><span style=\"line-height:normal\"><span style=\"font-family:Calibri,sans-serif\"><a href=\"https:\/\/sticni.sharepoint.com\/sites\/PublicShare\/Compartilhamentos\/Forms\/AllItems.aspx?id=%2Fsites%2FPublicShare%2FCompartilhamentos%2FCNI%2D133649%2FPrograma%20Imers%C3%B5es%20em%20Ecossistemas%2FImers%C3%A3o%20Finlandia%20em%20Economia%20Circular%2E%201%2Epdf&amp;parent=%2Fsites%2FPublicShare%2FCompartilhamentos%2FCNI%2D133649%2FPrograma%20Imers%C3%B5es%20em%20Ecossistemas&amp;p=true&amp;ga=1\" style=\"color:blue; text-decoration:underline\"><b><span style=\"font-size:14.0pt\">CNI | Imers&atilde;o Finl&acirc;ndia: Uma conex&atilde;o global com a Economia Circular<\/span><\/b><\/a><span style=\"font-size:14.0pt\">, 01 a 05 de setembro de 2025, inscri&ccedil;&otilde;es at&eacute; 10 de agosto de 2025 ou se encerrarem as vagas, cidades destinos: Helsinki (cidade base), Tampere e Espoo.<\/span><\/span><\/span><\/span><\/p>\r\n\r\n<p style=\"text-align:justify\"><span style=\"font-size:11pt\"><span style=\"line-height:normal\"><span style=\"font-family:Calibri,sans-serif\"><a href=\"https:\/\/www.conbrava.com.br\/\" style=\"color:blue; text-decoration:underline\"><b><span style=\"font-size:14.0pt\">CONBRAVA 2025<\/span><\/b><\/a><span style=\"font-size:14.0pt\">, 10 a 12 de setembro de 2025, S&atilde;o Paulo Expo, Rodovia dos Imigrantes, km 1,5<\/span><\/span><\/span><\/span><\/p>\r\n\r\n<p style=\"text-align:justify\"><span style=\"font-size:11pt\"><span style=\"line-height:normal\"><span style=\"font-family:Calibri,sans-serif\"><a href=\"https:\/\/paving.com.br\/\" style=\"color:blue; text-decoration:underline\"><b><span style=\"font-size:14.0pt\">Paving Expo 2025<\/span><\/b><\/a><span style=\"font-size:14.0pt\">, 23 a 25 de setembro de 2025, Distrito Anhembi, Rua Prof. Milton Rodrigues, s\/n, Santana, S&atilde;o Paulo, SP<\/span><\/span><\/span><\/span><\/p>\r\n\r\n<p style=\"text-align:justify\"><span style=\"font-size:11pt\"><span style=\"line-height:normal\"><span style=\"font-family:Calibri,sans-serif\"><a href=\"https:\/\/www.instagram.com\/sobeccnacional\/p\/DA1V8NZyhNK\/?img_index=1\" style=\"color:blue; text-decoration:underline\"><b><span style=\"font-size:14.0pt\">17&ordm; Congresso Brasileiro de Enfermagem em Centro Cir&uacute;rgico: &ldquo;O poder de cuidar&rdquo;<\/span><\/b><\/a><span style=\"font-size:14.0pt\">, 01 a 03 de outubro de 2025, Transamerica Expo Center, S&atilde;o Paulo, SP<\/span><\/span><\/span><\/span><\/p>\r\n\r\n<p style=\"text-align:justify\"><span style=\"font-size:11pt\"><span style=\"line-height:normal\"><span style=\"font-family:Calibri,sans-serif\"><a href=\"https:\/\/his.saudebusiness.com\/pt\/home.html\" style=\"color:blue; text-decoration:underline\"><b><span style=\"font-size:14.0pt\">Healthcare Innovation Show (HIS)<\/span><\/b><\/a><span style=\"font-size:14.0pt\">, 01 e 02 de outubro de 2025, 09h &agrave;s 18h, S&atilde;o Paulo Expo<\/span><\/span><\/span><\/span><\/p>\r\n\r\n<p style=\"text-align:justify\"><span style=\"font-size:11pt\"><span style=\"line-height:normal\"><span style=\"font-family:Calibri,sans-serif\"><a href=\"https:\/\/www.abrafiltros.org.br\/3o-seminario-brasileiro-de-filtros-acontecera-no-dia-08-de-outubro\/\" style=\"color:blue; text-decoration:underline\"><b><span style=\"font-size:14.0pt\">3&ordm; Semin&aacute;rio Brasileiro de Filtros<\/span><\/b><\/a><span style=\"font-size:14.0pt\">, 08 de outubro de 2025, evento presencial<\/span><\/span><\/span><\/span><\/p>\r\n\r\n<p style=\"text-align:justify\"><span style=\"font-size:11pt\"><span style=\"line-height:normal\"><span style=\"font-family:Calibri,sans-serif\"><a href=\"https:\/\/hospitalmed.com.br\/feira\/\" style=\"color:blue; text-decoration:underline\"><b><span style=\"font-size:14.0pt\">HospitalMed 2025<\/span><\/b><\/a><span style=\"font-size:14.0pt\">, 22 a 24 de outubro, Pernambuco Centro de Conven&ccedil;&otilde;es, Olinda<\/span><\/span><\/span><\/span><\/p>\r\n\r\n<p style=\"text-align:justify\"><span style=\"font-size:11pt\"><span style=\"line-height:normal\"><span style=\"font-family:Calibri,sans-serif\"><a href=\"https:\/\/www.congressoabit.com.br\/\" style=\"color:blue; text-decoration:underline\"><b><span style=\"font-size:14.0pt\">Congresso Internacional Abit 2025<\/span><\/b><\/a><span style=\"font-size:14.0pt\">, 29 e 30 de outubro, 08h &agrave;s 20h, FIESP, S&atilde;o Paulo, SP<\/span><\/span><\/span><\/span><\/p>\r\n\r\n<p style=\"text-align:justify\"><span style=\"font-size:11pt\"><span style=\"line-height:normal\"><span style=\"font-family:Calibri,sans-serif\"><a href=\"https:\/\/filtech.de\/\" style=\"color:blue; text-decoration:underline\"><b><span style=\"font-size:14.0pt\">Filtech 2026<\/span><\/b><\/a><span style=\"font-size:14.0pt\">, de 30 de junho a 2 de julho, Cologne, Alemanha<\/span><\/span><\/span><\/span><\/p>\r\n\r\n<p style=\"text-align:justify\"><span style=\"font-size:28pt\"><span style=\"font-family:Cambria,serif\"><span style=\"letter-spacing:-0.5pt\"><b><span lang=\"EN-US\" style=\"font-size:18.0pt\"><span style=\"font-family:&quot;Calibri&quot;,sans-serif\"><span style=\"font-variant:small-caps\">Setor<\/span><\/span><\/span><\/b><\/span><\/span><\/span><\/p>\r\n\r\n<p style=\"text-align:justify\"><span style=\"font-size:11pt\"><span style=\"line-height:normal\"><span style=\"font-family:Calibri,sans-serif\"><a href=\"https:\/\/www.indexnonwovens.com\/news\/an-example-of-the-multitude-of-nonwoven-applications-416?utm_campaign=index_newsletter_june_2025&amp;utm_medium=email&amp;utm_source=Mailjet\" style=\"color:blue; text-decoration:underline\"><span lang=\"EN-US\" style=\"font-size:14.0pt\">An example of the multitude of nonwoven applications<\/span><\/a><\/span><\/span><\/span><\/p>\r\n\r\n<p style=\"text-align:justify\"><span style=\"font-size:11pt\"><span style=\"line-height:normal\"><span style=\"font-family:Calibri,sans-serif\"><a href=\"https:\/\/www.nonwovens-industry.com\/contents\/view_breaking-news\/2025-06-11\/inda-edana-approve-formation-of-global-nonwovens-alliances\/15303\" style=\"color:blue; text-decoration:underline\"><span lang=\"EN-US\" style=\"font-size:14.0pt\">INDA, EDANA Approve Formation of Global Nonwoven Alliance<\/span><\/a><\/span><\/span><\/span><\/p>\r\n\r\n<p style=\"text-align:justify\"><span style=\"font-size:11pt\"><span style=\"line-height:normal\"><span style=\"font-family:Calibri,sans-serif\"><a href=\"https:\/\/plasticosemrevista.com.br\/pesquisa-de-opiniao-26\/\" style=\"color:blue; text-decoration:underline\"><span style=\"font-size:14.0pt\">Pesquisa de opini&atilde;o: considera que a viabilidade econ&ocirc;mica do PVC nacional depende da prote&ccedil;&atilde;o permanente de antidumpings?<\/span><\/a><\/span><\/span><\/span><\/p>\r\n\r\n<p style=\"text-align:justify\"><span style=\"font-size:11pt\"><span style=\"line-height:normal\"><span style=\"font-family:Calibri,sans-serif\"><a href=\"https:\/\/www.plastico.com.br\/polietileno-importacao-supre-crescimento-da-demanda\/#:~:text=Grande%20entrada%20de%20polietileno%20(PE)%20no%20Brasil&amp;text=Historicamente%2C%20a%20produ%C3%A7%C3%A3o%20local%20atende,alcan%C3%A7ando%20a%20marca%20de%2050%25.\" style=\"color:blue; text-decoration:underline\"><span style=\"font-size:14.0pt\">Polietileno: Importa&ccedil;&atilde;o supre crescimento da demanda<\/span><\/a><\/span><\/span><\/span><\/p>\r\n\r\n<p style=\"text-align:justify\"><span style=\"font-size:28pt\"><span style=\"font-family:Cambria,serif\"><span style=\"letter-spacing:-0.5pt\"><b><span style=\"font-size:18.0pt\"><span style=\"font-family:&quot;Calibri&quot;,sans-serif\"><span style=\"font-variant:small-caps\">Ind&uacute;stria<\/span><\/span><\/span><\/b><\/span><\/span><\/span><\/p>\r\n\r\n<p style=\"text-align:justify\"><span style=\"font-size:11pt\"><span style=\"line-height:normal\"><span style=\"font-family:Calibri,sans-serif\"><a href=\"https:\/\/www.revistaplasticosul.com.br\/materias-primas\/aberta-oficialmente-a-1a-feira-de-fornecedores-da-industria-quimica-do-rio-grande-do-sul\/\" style=\"color:blue; text-decoration:underline\"><span style=\"font-size:14.0pt\">Aberta oficialmente a 1&ordf; Feira de Fornecedores da Ind&uacute;stria Qu&iacute;mica do Rio Grande do Sul<\/span><\/a><\/span><\/span><\/span><\/p>\r\n\r\n<p style=\"text-align:justify\"><span style=\"font-size:11pt\"><span style=\"line-height:normal\"><span style=\"font-family:Calibri,sans-serif\"><a href=\"https:\/\/grandesconstrucoes.com.br\/Noticias\/Exibir\/construcao-civil-ganha-novo-indice-para-monitorar-insumos?utm_source=akna&amp;utm_medium=email&amp;utm_campaign=Grandes-Construcoes-Informativo-966-12-06-2025&amp;utm_source=akna&amp;utm_medium=email&amp;utm_campaign=Grandes-Construcoes-Informativo-966-12-06-2025\" style=\"color:blue; text-decoration:underline\"><span style=\"font-size:14.0pt\">Constru&ccedil;&atilde;o civil ganha novo &iacute;ndice para monitorar insumos<\/span><\/a><\/span><\/span><\/span><\/p>\r\n\r\n<p style=\"text-align:justify\"><span style=\"font-size:11pt\"><span style=\"line-height:normal\"><span style=\"font-family:Calibri,sans-serif\"><a href=\"https:\/\/novovarejoautomotivo.com.br\/abrafiltros-renova-parceria-com-a-sae-brasil-2\/\" style=\"color:blue; text-decoration:underline\"><span style=\"font-size:14.0pt\">Abrafiltros renova parceria com a SAE Brasil<\/span><\/a><\/span><\/span><\/span><\/p>\r\n\r\n<p style=\"text-align:justify\"><span style=\"font-size:28pt\"><span style=\"font-family:Cambria,serif\"><span style=\"letter-spacing:-0.5pt\"><b><span style=\"font-size:18.0pt\"><span style=\"font-family:&quot;Calibri&quot;,sans-serif\"><span style=\"font-variant:small-caps\">Sustentabilidade<\/span><\/span><\/span><\/b><\/span><\/span><\/span><\/p>\r\n\r\n<p style=\"text-align:justify\"><span style=\"font-size:11pt\"><span style=\"line-height:normal\"><span style=\"font-family:Calibri,sans-serif\"><a href=\"https:\/\/noticias.portaldaindustria.com.br\/artigos\/ricardo-alban\/uma-alianca-global-pela-sustentabilidade\/\" style=\"color:blue; text-decoration:underline\"><span style=\"font-size:14.0pt\">Uma alian&ccedil;a global pela sustentabilidade<\/span><\/a><\/span><\/span><\/span><\/p>\r\n\r\n<p style=\"text-align:justify\"><span style=\"font-size:11pt\"><span style=\"line-height:normal\"><span style=\"font-family:Calibri,sans-serif\"><a href=\"https:\/\/sinditextilsp.org.br\/home\/2025\/05\/economia-circular-6-em-cada-10-industrias-brasileiras-ja-adotam-a-pratica-diz-cni\/\" style=\"color:blue; text-decoration:underline\"><span style=\"font-size:14.0pt\">Economia Circular: 6 em cada 10 ind&uacute;strias brasileiras j&aacute; adotam a pr&aacute;tica, diz CNI<\/span><\/a><\/span><\/span><\/span><\/p>\r\n\r\n<p style=\"text-align:justify\"><span style=\"font-size:11pt\"><span style=\"line-height:normal\"><span style=\"font-family:Calibri,sans-serif\"><a href=\"https:\/\/www.metropoles.com\/colunas\/ilca-maria-estevao\/chanel-cria-plataforma-para-reciclagem-de-materiais-texteis\" style=\"color:blue; text-decoration:underline\"><span style=\"font-size:14.0pt\">Chanel cria plataforma para reciclagem de materiais t&ecirc;xteis<\/span><\/a><\/span><\/span><\/span><\/p>\r\n\r\n<p style=\"text-align:justify\"><span style=\"font-size:11pt\"><span style=\"line-height:normal\"><span style=\"font-family:Calibri,sans-serif\"><a href=\"https:\/\/jornalocandeeiro.com.br\/noticia-45077-eventosnascamarasmunicipaisdesalvadorecamacaridebatemosdesafioseassolucoesparaareciclagemdoplastico\" style=\"color:blue; text-decoration:underline\"><span style=\"font-size:14.0pt\">Eventos nas c&acirc;maras municipais de Salvador e Cama&ccedil;ari debatem os desafios e as solu&ccedil;&otilde;es para a reciclagem do pl&aacute;stico<\/span><\/a><\/span><\/span><\/span><\/p>\r\n\r\n<p style=\"text-align:justify\"><span style=\"font-size:11pt\"><span style=\"line-height:normal\"><span style=\"font-family:Calibri,sans-serif\"><a href=\"https:\/\/blogdoplastico.wordpress.com\/2025\/06\/12\/instituto-brasileiro-do-pvc-lanca-comite-de-sustentabilidade\/\" style=\"color:blue; text-decoration:underline\"><span style=\"font-size:14.0pt\">Instituto Brasileiro do PVC lan&ccedil;a Comit&ecirc; de Sustentabilidade<\/span><\/a><\/span><\/span><\/span><\/p>\r\n\r\n<p style=\"text-align:justify\"><span style=\"font-size:28pt\"><span style=\"font-family:Cambria,serif\"><span style=\"letter-spacing:-0.5pt\"><b><span style=\"font-size:18.0pt\"><span style=\"font-family:&quot;Calibri&quot;,sans-serif\"><span style=\"font-variant:small-caps\">Inova&ccedil;&atilde;o<\/span><\/span><\/span><\/b><\/span><\/span><\/span><\/p>\r\n\r\n<p style=\"text-align:justify\"><span style=\"font-size:11pt\"><span style=\"line-height:normal\"><span style=\"font-family:Calibri,sans-serif\"><a href=\"https:\/\/www.inovacaotecnologica.com.br\/noticias\/noticia.php?artigo=lixo-plastico-vira-hidrogenio-limpo-usando-energia-solar&amp;id=010125250616&amp;ebol=sim\" style=\"color:blue; text-decoration:underline\"><span style=\"font-size:14.0pt\">Lixo pl&aacute;stico vira hidrog&ecirc;nio limpo usando energia solar<\/span><\/a><\/span><\/span><\/span><\/p>\r\n\r\n<p style=\"text-align:justify\"><span style=\"font-size:11pt\"><span style=\"line-height:normal\"><span style=\"font-family:Calibri,sans-serif\"><a href=\"https:\/\/www.revistaplasticosul.com.br\/sustentabilidade\/inovacao-brasileira-transforma-o-ciclo-do-plastico-com-solucoes-sustentaveis-e-impacto-ambiental-positivo\/\" style=\"color:blue; text-decoration:underline\"><span style=\"font-size:14.0pt\">Inova&ccedil;&atilde;o brasileira transforma o ciclo do pl&aacute;stico com solu&ccedil;&otilde;es sustent&aacute;veis e impacto ambiental positivo<\/span><\/a><\/span><\/span><\/span><\/p>\r\n\r\n<p style=\"text-align:justify\"><span style=\"font-size:11pt\"><span style=\"line-height:normal\"><span style=\"font-family:Calibri,sans-serif\"><a href=\"https:\/\/www.inovacaotecnologica.com.br\/noticias\/noticia.php?artigo=criado-motor-eletrico-totalmente-sem-metais&amp;id=010170250612&amp;ebol=sim\" style=\"color:blue; text-decoration:underline\"><span style=\"font-size:14.0pt\">Criado um motor el&eacute;trico totalmente sem metais<\/span><\/a><\/span><\/span><\/span><\/p>\r\n\r\n<p style=\"text-align:justify\"><span style=\"font-size:11pt\"><span style=\"line-height:normal\"><span style=\"font-family:Calibri,sans-serif\"><a href=\"http:\/\/www.finep.gov.br\/noticias\/todas-noticias\/6979-finep-sedia-reuniao-estrategica-dos-brics-para-fortalecer-a-inovacao-conjunta\" style=\"color:blue; text-decoration:underline\"><span style=\"font-size:14.0pt\">Finep sedia reuni&atilde;o estrat&eacute;gica dos BRICS para fortalecer a inova&ccedil;&atilde;o conjunta<\/span><\/a><\/span><\/span><\/span><\/p>\r\n\r\n<p style=\"text-align:justify\"><span style=\"font-size:28pt\"><span style=\"font-family:Cambria,serif\"><span style=\"letter-spacing:-0.5pt\"><b><span style=\"font-size:18.0pt\"><span style=\"font-family:&quot;Calibri&quot;,sans-serif\"><span style=\"font-variant:small-caps\">Com&eacute;rcio Exterior<\/span><\/span><\/span><\/b><\/span><\/span><\/span><\/p>\r\n\r\n<p style=\"text-align:justify\"><span style=\"font-size:11pt\"><span style=\"line-height:normal\"><span style=\"font-family:Calibri,sans-serif\"><a href=\"https:\/\/www.iedi.org.br\/cartas\/carta_iedi_n_1295.html\" style=\"color:blue; text-decoration:underline\"><span style=\"font-size:14.0pt\">O com&eacute;rcio mundial e os subs&iacute;dios chineses<\/span><\/a><\/span><\/span><\/span><\/p>\r\n\r\n<p style=\"text-align:justify\"><span style=\"font-size:11pt\"><span style=\"line-height:normal\"><span style=\"font-family:Calibri,sans-serif\"><a href=\"https:\/\/www.mercosur.int\/pt-br\/comunicado-conjunto-mercosul-comissao-europeia\/\" style=\"color:blue; text-decoration:underline\"><span style=\"font-size:14.0pt\">Comunicado Conjunto dos Estados Partes Signat&aacute;rios do MERCOSUL e da Comiss&atilde;o Europeia sobre a Conclus&atilde;o das Negocia&ccedil;&otilde;es do Acordo de Parceria<\/span><\/a><\/span><\/span><\/span><\/p>\r\n\r\n<p style=\"text-align:justify\"><span style=\"font-size:11pt\"><span style=\"line-height:normal\"><span style=\"font-family:Calibri,sans-serif\"><a href=\"https:\/\/portalibre.fgv.br\/noticias\/china-lidera-queda-do-superavit-da-balanca-comercial\" style=\"color:blue; text-decoration:underline\"><span style=\"font-size:14.0pt\">A China lidera a queda do super&aacute;vit da balan&ccedil;a comercial<\/span><\/a><\/span><\/span><\/span><\/p>\r\n\r\n<p style=\"text-align:justify\"><span style=\"font-size:11pt\"><span style=\"line-height:normal\"><span style=\"font-family:Calibri,sans-serif\"><a href=\"https:\/\/exame.com\/mundo\/trump-anuncia-acordo-comercial-com-a-china-e-diz-que-aguarda-aprovacao-de-xi\/\" style=\"color:blue; text-decoration:underline\"><span style=\"font-size:14.0pt\">Trump anuncia acordo comercial com a China e diz que aguarda aprova&ccedil;&atilde;o de Xi<\/span><\/a><\/span><\/span><\/span><\/p>\r\n\r\n<p style=\"text-align:justify\"><span style=\"font-size:11pt\"><span style=\"line-height:normal\"><span style=\"font-family:Calibri,sans-serif\"><a href=\"https:\/\/static.portaldaindustria.com.br\/media\/filer_public\/26\/7b\/267bda11-088e-4f2a-8f18-17d925208d5e\/ex_ipc_25-012_portaria_secex_403_oea_integrado.pdf\" style=\"color:blue; text-decoration:underline\"><span style=\"font-size:14.0pt\">Secretaria de Com&eacute;rcio Exterior amplia escopo do Programa OEA-Integrado Secex<\/span><\/a><\/span><\/span><\/span><\/p>\r\n\r\n<p style=\"text-align:justify\"><span style=\"font-size:28pt\"><span style=\"font-family:Cambria,serif\"><span style=\"letter-spacing:-0.5pt\"><b><span style=\"font-size:18.0pt\"><span style=\"font-family:&quot;Calibri&quot;,sans-serif\"><span style=\"font-variant:small-caps\">Economia<\/span><\/span><\/span><\/b><\/span><\/span><\/span><\/p>\r\n\r\n<p style=\"text-align:justify\"><span style=\"font-size:11pt\"><span style=\"line-height:normal\"><span style=\"font-family:Calibri,sans-serif\"><a href=\"https:\/\/www.bcb.gov.br\/content\/focus\/focus\/R20250613.pdf\" style=\"color:blue; text-decoration:underline\"><span style=\"font-size:14.0pt\">Focus - Relat&oacute;rio de Mercado<\/span><\/a><\/span><\/span><\/span><\/p>\r\n\r\n<p style=\"text-align:justify\"><span style=\"font-size:11pt\"><span style=\"line-height:normal\"><span style=\"font-family:Calibri,sans-serif\"><a href=\"https:\/\/portalibre.fgv.br\/system\/files\/divulgacao\/noticias\/mat-complementar\/2025-06\/Bar%C3%B4metros%20Globais%20KOF-FGV_Press%20release_06_2025.pdf\" style=\"color:blue; text-decoration:underline\"><span style=\"font-size:14.0pt\">Bar&ocirc;metros Globais acomodam em junho<\/span><\/a><\/span><\/span><\/span><\/p>\r\n\r\n<p style=\"text-align:justify\"><span style=\"font-size:11pt\"><span style=\"line-height:normal\"><span style=\"font-family:Calibri,sans-serif\"><a href=\"https:\/\/www.infomoney.com.br\/economia\/medida-provisoria-compensacao-iof-investimentos-2025\/\" style=\"color:blue; text-decoration:underline\"><span style=\"font-size:14.0pt\">Governo publica MP com medidas para compensar recuo do IOF; veja o que muda<\/span><\/a><\/span><\/span><\/span><\/p>\r\n\r\n<p style=\"text-align:justify\"><span style=\"font-size:11pt\"><span style=\"line-height:normal\"><span style=\"font-family:Calibri,sans-serif\"><a href=\"https:\/\/noticias.portaldaindustria.com.br\/posicionamentos\/medidas-para-compensar-reducao-do-iof-vao-aumentar-custos-e-prejudicar-investimentos-do-setor-produtivo-diz-cni\/\" style=\"color:blue; text-decoration:underline\"><span style=\"font-size:14.0pt\">Medidas para compensar redu&ccedil;&atilde;o do IOF v&atilde;o aumentar custos e prejudicar investimentos do setor produtivo, diz CNI<\/span><\/a><\/span><\/span><\/span><\/p>\r\n\r\n<p style=\"text-align:justify\"><span style=\"font-size:11pt\"><span style=\"line-height:normal\"><span style=\"font-family:Calibri,sans-serif\"><a href=\"https:\/\/portalibre.fgv.br\/system\/files\/divulgacao\/noticias\/mat-complementar\/2025-06\/Monitor%20do%20PIB-FGV%20-%20Junho%20de%202025%20-%20Ref.%20de%20abril.pdf\" style=\"color:blue; text-decoration:underline\"><span style=\"font-size:14.0pt\">Economia retrai 0,4% em abril, na compara&ccedil;&atilde;o com mar&ccedil;o<\/span><\/a><\/span><\/span><\/span><\/p>\r\n\r\n<p style=\"text-align:justify\"><span style=\"font-size:11pt\"><span style=\"line-height:normal\"><span style=\"font-family:Calibri,sans-serif\"><a href=\"https:\/\/mercadoeconsumo.com.br\/16\/06\/2025\/artigos\/expectativa-da-inflacao-decifra-me-ou-te-devoro\/?utm_campaign=news_geral_-_1606&amp;utm_medium=email&amp;utm_source=RD+Station\" style=\"color:blue; text-decoration:underline\"><span style=\"font-size:14.0pt\">Expectativa da infla&ccedil;&atilde;o: decifra-me ou te devoro<\/span><\/a><\/span><\/span><\/span><\/p>\r\n\r\n<p style=\"text-align:justify\"><span style=\"font-size:11pt\"><span style=\"line-height:normal\"><span style=\"font-family:Calibri,sans-serif\"><a href=\"https:\/\/www.fibre2fashion.com\/news\/textile-news\/global-growth-likely-to-slow-to-2-3-in-2025-world-bank-303232-newsdetails.htm\" style=\"color:blue; text-decoration:underline\"><span lang=\"EN-US\" style=\"font-size:14.0pt\">Global growth likely to slow to 2.3% in 2025: World Bank<\/span><\/a><\/span><\/span><\/span><\/p>\r\n\r\n<p style=\"text-align:justify\"><img src=\"https:\/\/www.abint.org.br\/assets\/img\/editor\/redes-sociais-abint-ctg-cth_20250610164521Me6phPlAL1.jpg\" \/><\/p>\r\n","6":"<p style=\"text-align:justify\"><span style=\"font-size:11pt\"><span style=\"line-height:normal\"><span style=\"font-family:Calibri,sans-serif\"><span style=\"font-size:14.0pt\">Esta &eacute; uma compila&ccedil;&atilde;o das not&iacute;cias mais relevantes para o setor, incluindo informa&ccedil;&otilde;es sobre acordos internacionais, economia brasileira, sustentabilidade e mat&eacute;rias primas, al&eacute;m de novidades do setor de N&atilde;otecidos e Tecidos T&eacute;cnicos.<\/span><\/span><\/span><\/span><\/p>\r\n\r\n<p style=\"text-align:justify\"><span style=\"font-size:28pt\"><span style=\"font-family:Cambria,serif\"><span style=\"letter-spacing:-0.5pt\"><b><span style=\"font-size:18.0pt\"><span style=\"font-family:&quot;Calibri&quot;,sans-serif\"><span style=\"font-variant:small-caps\">Not&iacute;cias das Associadas<\/span><\/span><\/span><\/b><\/span><\/span><\/span><\/p>\r\n\r\n<p style=\"text-align:justify\"><span style=\"font-size:11pt\"><span style=\"line-height:normal\"><span style=\"font-family:Calibri,sans-serif\"><a href=\"http:\/\/clickemail.portalpersonalcare.com.br\/ls\/click?upn=u001.D2-2F0Tg0A29KXXLMT6ctG-2BYOihdDbc-2ByFrUFb3ZXMT9TsI2unl-2BPvzUnmUj1R0e81ec4IxnSkhzqXT-2BUiA4P9-2BeYzCLzQqS1noxxbpY2HrA-2BVGvqawT0Epjbhb472SlckB9iNJUT18HGQVNiw1QKg28Y7iZnHaoX3Z1miIuWcFZ4wsnZ8ExVVmllgPDbT9oN2ovQ6fyhr0nqvONw2nJkafSg17gMHDAih3aSLvTrQysakvwT5CZn-2B05uQGAYtHl0JWyiUbKEzdemJfjUc0ZC9Gg-3D-3DIs9j_T7N8BvZTOm04CQQMiyWztrpCjlUrRc4F7QzSgUIpTqDyHxxxhGpyWLohz7JoE2GE5NHlS-2BYZoX1R75Fh8KCze9GvCCb-2FinuNgc39g0Cdbe-2FcU8RlSBQhp5om11AQZQ-2FD3WB4-2Bb-2Bp6-2FznpxiZlziH2IlciDU7bKTjlJUVS32zoB1JkYQ0LF2o6AWrzSj4Qlk0CSb8eTPJL71L8uHLHJML7-2FkvKojyBsvsVOewhg3eL4O7-2BUJOx-2BhlnJWsRZe-2FctpRl-2FQIfy46bEZRfLAAD2ZbdEZ1bmbnWFHvoLD2PqniTCcp7wDUIw2Y5dn17lEiOayYbponjwls5VHnKYdhNO5ff2JClsivzzN1iL0-2FAfYb63bQVqrkfW3jp9W9TkAxJQmxrFnhCEfHvOIbqR4Fmff2m4FBegU0i6UK-2F5UH8zEAtI6U4KXgHWXdYymglxMfAwiFSzgPT-2BzPDVKDFkMRGQd2mD4iZ8GJ2nKo9B0cLejcV-2FhEIpqxlGL78iAzU2Lt7J2OTx0yiam82oPfxRCI-2FaQvLY-2Bug5cC6ZXl-2F4xKcHWlKavXUZcWdga3oAjmkSHFHeM-2By46yB5AvjmXhfcbGE71yR8Z2Gcir25-2BB18S7Zqyp1qBjgIvHiZSDq8TNis3foIlWuVToGrbyt-2FbnPYTdyhGffw-3D-3D\" style=\"color:blue; text-decoration:underline\"><span style=\"font-size:14.0pt\">Cremer investe R$ 60 milh&otilde;es em nova planta de len&ccedil;os umedecidos em Blumenau (SC)<\/span><\/a><\/span><\/span><\/span><\/p>\r\n\r\n<p style=\"text-align:justify\">&nbsp;<\/p>\r\n\r\n<p style=\"text-align:justify\"><span style=\"font-size:11pt\"><span style=\"line-height:normal\"><span style=\"font-family:Calibri,sans-serif\"><b><span style=\"font-size:18.0pt\"><span style=\"font-variant:small-caps\">Eventos<\/span><\/span><\/b><\/span><\/span><\/span><\/p>\r\n\r\n<p style=\"text-align:justify\"><span style=\"font-size:11pt\"><span style=\"line-height:normal\"><span style=\"font-family:Calibri,sans-serif\"><a href=\"https:\/\/crm-apps.apexbrasil.com.br\/orgbdeab873\/inscricao-eventos\/evento\/webserie-direto-do-mercado-2025\/cc48605a-ca58-4ce6-8079-5f3edda10a8e?utm_source=EMarketing&amp;msdynttrid=qllyIhb7ISZbH8JlNC2mzuDV66nhpd_4gD5hRBW5XoA\" style=\"color:blue; text-decoration:underline\"><b><span style=\"font-size:14.0pt\">Apex Brasil | Webs&eacute;rie Direto do Mercado: Edi&ccedil;&atilde;o M&eacute;xico<\/span><\/b><\/a><span style=\"font-size:14.0pt\">, 17 de junho de 2025, 16h30 &agrave;s 18h30, evento on-line<\/span><\/span><\/span><\/span><\/p>\r\n\r\n<p style=\"text-align:justify\"><span style=\"font-size:11pt\"><span style=\"line-height:normal\"><span style=\"font-family:Calibri,sans-serif\"><a href=\"https:\/\/docs.google.com\/forms\/d\/e\/1FAIpQLSfoWadac-7RVAX8VDsDsyYJTGMGfw7HtKw7wYvju1qPZhO57w\/viewform\" style=\"color:blue; text-decoration:underline\"><b><span style=\"font-size:14.0pt\">ABRAFILTROS | O impacto da IA no setor industrial: Presente &amp; Futuro<\/span><\/b><\/a><span style=\"font-size:14.0pt\">, 26 de junho de 2025, 09h00, evento presencial e gratuito<\/span><\/span><\/span><\/span><\/p>\r\n\r\n<p style=\"text-align:justify\"><span style=\"font-size:11pt\"><span style=\"line-height:normal\"><span style=\"font-family:Calibri,sans-serif\"><a href=\"https:\/\/evento.fgv.br\/analiseconjuntural2606-592083%20\/\" style=\"color:blue; text-decoration:underline\"><b><span style=\"font-size:14.0pt\">FGV IBRE | II Semin&aacute;rio de An&aacute;lise Conjuntural<\/span><\/b><\/a><span style=\"font-size:14.0pt\">, 26 de junho de 2025, 10h &agrave;s 11h30, transmiss&atilde;o Youtube FGV<\/span><\/span><\/span><\/span><\/p>\r\n\r\n<p style=\"text-align:justify\"><span style=\"font-size:11pt\"><span style=\"line-height:normal\"><span style=\"font-family:Calibri,sans-serif\"><a href=\"https:\/\/abit.rds.land\/ws-inventarios-de-gees\" style=\"color:blue; text-decoration:underline\"><b><span style=\"font-size:14.0pt\">Workshop Abit | Invent&aacute;rio de GEE e Estrat&eacute;gia de Descarboniza&ccedil;&atilde;o<\/span><\/b><\/a><span style=\"font-size:14.0pt\">, 01 de julho de 2025, 10h &agrave;s 12h, evento online<\/span><\/span><\/span><\/span><\/p>\r\n\r\n<p style=\"text-align:justify\"><span style=\"font-size:11pt\"><span style=\"line-height:normal\"><span style=\"font-family:Calibri,sans-serif\"><a href=\"https:\/\/www.abnteducacao.com.br\/Simbologia_de_cuidados_aplicada_a_Etiquetagem_de_Texteis_ABNT_NBR_NM_ISO_3758\" style=\"color:blue; text-decoration:underline\"><b><span style=\"font-size:14.0pt\">Simbologia de cuidados aplicada a Etiquetagem de T&ecirc;xteis<\/span><\/b><\/a><span style=\"font-size:14.0pt\">, 08 a 11 de julho de 2025<\/span><\/span><\/span><\/span><\/p>\r\n\r\n<p style=\"text-align:justify\"><span style=\"font-size:11pt\"><span style=\"line-height:normal\"><span style=\"font-family:Calibri,sans-serif\"><a href=\"https:\/\/www.abicol.org\/encontro-das-industrias-de-colchoes-2025\/\" style=\"color:blue; text-decoration:underline\"><b><span style=\"font-size:14.0pt\">ABICOL | ENICOL 2025 - Encontro das Ind&uacute;strias de Colch&otilde;es<\/span><\/b><\/a><span style=\"font-size:14.0pt\">, 07 e 08 de agosto, evento presencial, Royal Tulip Bras&iacute;lia Alvorada<\/span><\/span><\/span><\/span><\/p>\r\n\r\n<p style=\"text-align:justify\"><span style=\"font-size:11pt\"><span style=\"line-height:normal\"><span style=\"font-family:Calibri,sans-serif\"><a href=\"https:\/\/horizons.fia.com.br\/?utm_campaign=apoio_institucional_horizons_2025&amp;utm_medium=email&amp;utm_source=RD+Station\" style=\"color:blue; text-decoration:underline\"><b><span style=\"font-size:14.0pt\">Horizons 2025 &ndash; Inova&ccedil;&atilde;o, Tecnologia e Neg&oacute;cios Unidos pelo Planeta<\/span><\/b><\/a><span style=\"font-size:14.0pt\">, 13 e 14 de agosto, FIA Business School, Birmann 21 e Centro de Inova&ccedil;&atilde;o Bruno Covas, S&atilde;o Paulo<\/span><\/span><\/span><\/span><\/p>\r\n\r\n<p style=\"text-align:justify\"><span style=\"font-size:11pt\"><span style=\"line-height:normal\"><span style=\"font-family:Calibri,sans-serif\"><a href=\"https:\/\/sticni.sharepoint.com\/sites\/PublicShare\/Compartilhamentos\/Forms\/AllItems.aspx?id=%2Fsites%2FPublicShare%2FCompartilhamentos%2FCNI%2D133649%2FPrograma%20Imers%C3%B5es%20em%20Ecossistemas%2FImers%C3%A3o%20Finlandia%20em%20Economia%20Circular%2E%201%2Epdf&amp;parent=%2Fsites%2FPublicShare%2FCompartilhamentos%2FCNI%2D133649%2FPrograma%20Imers%C3%B5es%20em%20Ecossistemas&amp;p=true&amp;ga=1\" style=\"color:blue; text-decoration:underline\"><b><span style=\"font-size:14.0pt\">CNI | Imers&atilde;o Finl&acirc;ndia: Uma conex&atilde;o global com a Economia Circular<\/span><\/b><\/a><span style=\"font-size:14.0pt\">, 01 a 05 de setembro de 2025, inscri&ccedil;&otilde;es at&eacute; 10 de agosto de 2025 ou se encerrarem as vagas, cidades destinos: Helsinki (cidade base), Tampere e Espoo.<\/span><\/span><\/span><\/span><\/p>\r\n\r\n<p style=\"text-align:justify\"><span style=\"font-size:11pt\"><span style=\"line-height:normal\"><span style=\"font-family:Calibri,sans-serif\"><a href=\"https:\/\/www.conbrava.com.br\/\" style=\"color:blue; text-decoration:underline\"><b><span style=\"font-size:14.0pt\">CONBRAVA 2025<\/span><\/b><\/a><span style=\"font-size:14.0pt\">, 10 a 12 de setembro de 2025, S&atilde;o Paulo Expo, Rodovia dos Imigrantes, km 1,5<\/span><\/span><\/span><\/span><\/p>\r\n\r\n<p style=\"text-align:justify\"><span style=\"font-size:11pt\"><span style=\"line-height:normal\"><span style=\"font-family:Calibri,sans-serif\"><a href=\"https:\/\/paving.com.br\/\" style=\"color:blue; text-decoration:underline\"><b><span style=\"font-size:14.0pt\">Paving Expo 2025<\/span><\/b><\/a><span style=\"font-size:14.0pt\">, 23 a 25 de setembro de 2025, Distrito Anhembi, Rua Prof. Milton Rodrigues, s\/n, Santana, S&atilde;o Paulo, SP<\/span><\/span><\/span><\/span><\/p>\r\n\r\n<p style=\"text-align:justify\"><span style=\"font-size:11pt\"><span style=\"line-height:normal\"><span style=\"font-family:Calibri,sans-serif\"><a href=\"https:\/\/www.instagram.com\/sobeccnacional\/p\/DA1V8NZyhNK\/?img_index=1\" style=\"color:blue; text-decoration:underline\"><b><span style=\"font-size:14.0pt\">17&ordm; Congresso Brasileiro de Enfermagem em Centro Cir&uacute;rgico: &ldquo;O poder de cuidar&rdquo;<\/span><\/b><\/a><span style=\"font-size:14.0pt\">, 01 a 03 de outubro de 2025, Transamerica Expo Center, S&atilde;o Paulo, SP<\/span><\/span><\/span><\/span><\/p>\r\n\r\n<p style=\"text-align:justify\"><span style=\"font-size:11pt\"><span style=\"line-height:normal\"><span style=\"font-family:Calibri,sans-serif\"><a href=\"https:\/\/his.saudebusiness.com\/pt\/home.html\" style=\"color:blue; text-decoration:underline\"><b><span style=\"font-size:14.0pt\">Healthcare Innovation Show (HIS)<\/span><\/b><\/a><span style=\"font-size:14.0pt\">, 01 e 02 de outubro de 2025, 09h &agrave;s 18h, S&atilde;o Paulo Expo<\/span><\/span><\/span><\/span><\/p>\r\n\r\n<p style=\"text-align:justify\"><span style=\"font-size:11pt\"><span style=\"line-height:normal\"><span style=\"font-family:Calibri,sans-serif\"><a href=\"https:\/\/www.abrafiltros.org.br\/3o-seminario-brasileiro-de-filtros-acontecera-no-dia-08-de-outubro\/\" style=\"color:blue; text-decoration:underline\"><b><span style=\"font-size:14.0pt\">3&ordm; Semin&aacute;rio Brasileiro de Filtros<\/span><\/b><\/a><span style=\"font-size:14.0pt\">, 08 de outubro de 2025, evento presencial<\/span><\/span><\/span><\/span><\/p>\r\n\r\n<p style=\"text-align:justify\"><span style=\"font-size:11pt\"><span style=\"line-height:normal\"><span style=\"font-family:Calibri,sans-serif\"><a href=\"https:\/\/hospitalmed.com.br\/feira\/\" style=\"color:blue; text-decoration:underline\"><b><span style=\"font-size:14.0pt\">HospitalMed 2025<\/span><\/b><\/a><span style=\"font-size:14.0pt\">, 22 a 24 de outubro, Pernambuco Centro de Conven&ccedil;&otilde;es, Olinda<\/span><\/span><\/span><\/span><\/p>\r\n\r\n<p style=\"text-align:justify\"><span style=\"font-size:11pt\"><span style=\"line-height:normal\"><span style=\"font-family:Calibri,sans-serif\"><a href=\"https:\/\/www.congressoabit.com.br\/\" style=\"color:blue; text-decoration:underline\"><b><span style=\"font-size:14.0pt\">Congresso Internacional Abit 2025<\/span><\/b><\/a><span style=\"font-size:14.0pt\">, 29 e 30 de outubro, 08h &agrave;s 20h, FIESP, S&atilde;o Paulo, SP<\/span><\/span><\/span><\/span><\/p>\r\n\r\n<p style=\"text-align:justify\"><span style=\"font-size:11pt\"><span style=\"line-height:normal\"><span style=\"font-family:Calibri,sans-serif\"><a href=\"https:\/\/filtech.de\/\" style=\"color:blue; text-decoration:underline\"><b><span style=\"font-size:14.0pt\">Filtech 2026<\/span><\/b><\/a><span style=\"font-size:14.0pt\">, de 30 de junho a 2 de julho, Cologne, Alemanha<\/span><\/span><\/span><\/span><\/p>\r\n\r\n<p style=\"text-align:justify\"><span style=\"font-size:28pt\"><span style=\"font-family:Cambria,serif\"><span style=\"letter-spacing:-0.5pt\"><b><span lang=\"EN-US\" style=\"font-size:18.0pt\"><span style=\"font-family:&quot;Calibri&quot;,sans-serif\"><span style=\"font-variant:small-caps\">Setor<\/span><\/span><\/span><\/b><\/span><\/span><\/span><\/p>\r\n\r\n<p style=\"text-align:justify\"><span style=\"font-size:11pt\"><span style=\"line-height:normal\"><span style=\"font-family:Calibri,sans-serif\"><a href=\"https:\/\/www.indexnonwovens.com\/news\/an-example-of-the-multitude-of-nonwoven-applications-416?utm_campaign=index_newsletter_june_2025&amp;utm_medium=email&amp;utm_source=Mailjet\" style=\"color:blue; text-decoration:underline\"><span lang=\"EN-US\" style=\"font-size:14.0pt\">An example of the multitude of nonwoven applications<\/span><\/a><\/span><\/span><\/span><\/p>\r\n\r\n<p style=\"text-align:justify\"><span style=\"font-size:11pt\"><span style=\"line-height:normal\"><span style=\"font-family:Calibri,sans-serif\"><a href=\"https:\/\/www.nonwovens-industry.com\/contents\/view_breaking-news\/2025-06-11\/inda-edana-approve-formation-of-global-nonwovens-alliances\/15303\" style=\"color:blue; text-decoration:underline\"><span lang=\"EN-US\" style=\"font-size:14.0pt\">INDA, EDANA Approve Formation of Global Nonwoven Alliance<\/span><\/a><\/span><\/span><\/span><\/p>\r\n\r\n<p style=\"text-align:justify\"><span style=\"font-size:11pt\"><span style=\"line-height:normal\"><span style=\"font-family:Calibri,sans-serif\"><a href=\"https:\/\/plasticosemrevista.com.br\/pesquisa-de-opiniao-26\/\" style=\"color:blue; text-decoration:underline\"><span style=\"font-size:14.0pt\">Pesquisa de opini&atilde;o: considera que a viabilidade econ&ocirc;mica do PVC nacional depende da prote&ccedil;&atilde;o permanente de antidumpings?<\/span><\/a><\/span><\/span><\/span><\/p>\r\n\r\n<p style=\"text-align:justify\"><span style=\"font-size:11pt\"><span style=\"line-height:normal\"><span style=\"font-family:Calibri,sans-serif\"><a href=\"https:\/\/www.plastico.com.br\/polietileno-importacao-supre-crescimento-da-demanda\/#:~:text=Grande%20entrada%20de%20polietileno%20(PE)%20no%20Brasil&amp;text=Historicamente%2C%20a%20produ%C3%A7%C3%A3o%20local%20atende,alcan%C3%A7ando%20a%20marca%20de%2050%25.\" style=\"color:blue; text-decoration:underline\"><span style=\"font-size:14.0pt\">Polietileno: Importa&ccedil;&atilde;o supre crescimento da demanda<\/span><\/a><\/span><\/span><\/span><\/p>\r\n\r\n<p style=\"text-align:justify\"><span style=\"font-size:28pt\"><span style=\"font-family:Cambria,serif\"><span style=\"letter-spacing:-0.5pt\"><b><span style=\"font-size:18.0pt\"><span style=\"font-family:&quot;Calibri&quot;,sans-serif\"><span style=\"font-variant:small-caps\">Ind&uacute;stria<\/span><\/span><\/span><\/b><\/span><\/span><\/span><\/p>\r\n\r\n<p style=\"text-align:justify\"><span style=\"font-size:11pt\"><span style=\"line-height:normal\"><span style=\"font-family:Calibri,sans-serif\"><a href=\"https:\/\/www.revistaplasticosul.com.br\/materias-primas\/aberta-oficialmente-a-1a-feira-de-fornecedores-da-industria-quimica-do-rio-grande-do-sul\/\" style=\"color:blue; text-decoration:underline\"><span style=\"font-size:14.0pt\">Aberta oficialmente a 1&ordf; Feira de Fornecedores da Ind&uacute;stria Qu&iacute;mica do Rio Grande do Sul<\/span><\/a><\/span><\/span><\/span><\/p>\r\n\r\n<p style=\"text-align:justify\"><span style=\"font-size:11pt\"><span style=\"line-height:normal\"><span style=\"font-family:Calibri,sans-serif\"><a href=\"https:\/\/grandesconstrucoes.com.br\/Noticias\/Exibir\/construcao-civil-ganha-novo-indice-para-monitorar-insumos?utm_source=akna&amp;utm_medium=email&amp;utm_campaign=Grandes-Construcoes-Informativo-966-12-06-2025&amp;utm_source=akna&amp;utm_medium=email&amp;utm_campaign=Grandes-Construcoes-Informativo-966-12-06-2025\" style=\"color:blue; text-decoration:underline\"><span style=\"font-size:14.0pt\">Constru&ccedil;&atilde;o civil ganha novo &iacute;ndice para monitorar insumos<\/span><\/a><\/span><\/span><\/span><\/p>\r\n\r\n<p style=\"text-align:justify\"><span style=\"font-size:11pt\"><span style=\"line-height:normal\"><span style=\"font-family:Calibri,sans-serif\"><a href=\"https:\/\/novovarejoautomotivo.com.br\/abrafiltros-renova-parceria-com-a-sae-brasil-2\/\" style=\"color:blue; text-decoration:underline\"><span style=\"font-size:14.0pt\">Abrafiltros renova parceria com a SAE Brasil<\/span><\/a><\/span><\/span><\/span><\/p>\r\n\r\n<p style=\"text-align:justify\"><span style=\"font-size:28pt\"><span style=\"font-family:Cambria,serif\"><span style=\"letter-spacing:-0.5pt\"><b><span style=\"font-size:18.0pt\"><span style=\"font-family:&quot;Calibri&quot;,sans-serif\"><span style=\"font-variant:small-caps\">Sustentabilidade<\/span><\/span><\/span><\/b><\/span><\/span><\/span><\/p>\r\n\r\n<p style=\"text-align:justify\"><span style=\"font-size:11pt\"><span style=\"line-height:normal\"><span style=\"font-family:Calibri,sans-serif\"><a href=\"https:\/\/noticias.portaldaindustria.com.br\/artigos\/ricardo-alban\/uma-alianca-global-pela-sustentabilidade\/\" style=\"color:blue; text-decoration:underline\"><span style=\"font-size:14.0pt\">Uma alian&ccedil;a global pela sustentabilidade<\/span><\/a><\/span><\/span><\/span><\/p>\r\n\r\n<p style=\"text-align:justify\"><span style=\"font-size:11pt\"><span style=\"line-height:normal\"><span style=\"font-family:Calibri,sans-serif\"><a href=\"https:\/\/sinditextilsp.org.br\/home\/2025\/05\/economia-circular-6-em-cada-10-industrias-brasileiras-ja-adotam-a-pratica-diz-cni\/\" style=\"color:blue; text-decoration:underline\"><span style=\"font-size:14.0pt\">Economia Circular: 6 em cada 10 ind&uacute;strias brasileiras j&aacute; adotam a pr&aacute;tica, diz CNI<\/span><\/a><\/span><\/span><\/span><\/p>\r\n\r\n<p style=\"text-align:justify\"><span style=\"font-size:11pt\"><span style=\"line-height:normal\"><span style=\"font-family:Calibri,sans-serif\"><a href=\"https:\/\/www.metropoles.com\/colunas\/ilca-maria-estevao\/chanel-cria-plataforma-para-reciclagem-de-materiais-texteis\" style=\"color:blue; text-decoration:underline\"><span style=\"font-size:14.0pt\">Chanel cria plataforma para reciclagem de materiais t&ecirc;xteis<\/span><\/a><\/span><\/span><\/span><\/p>\r\n\r\n<p style=\"text-align:justify\"><span style=\"font-size:11pt\"><span style=\"line-height:normal\"><span style=\"font-family:Calibri,sans-serif\"><a href=\"https:\/\/jornalocandeeiro.com.br\/noticia-45077-eventosnascamarasmunicipaisdesalvadorecamacaridebatemosdesafioseassolucoesparaareciclagemdoplastico\" style=\"color:blue; text-decoration:underline\"><span style=\"font-size:14.0pt\">Eventos nas c&acirc;maras municipais de Salvador e Cama&ccedil;ari debatem os desafios e as solu&ccedil;&otilde;es para a reciclagem do pl&aacute;stico<\/span><\/a><\/span><\/span><\/span><\/p>\r\n\r\n<p style=\"text-align:justify\"><span style=\"font-size:11pt\"><span style=\"line-height:normal\"><span style=\"font-family:Calibri,sans-serif\"><a href=\"https:\/\/blogdoplastico.wordpress.com\/2025\/06\/12\/instituto-brasileiro-do-pvc-lanca-comite-de-sustentabilidade\/\" style=\"color:blue; text-decoration:underline\"><span style=\"font-size:14.0pt\">Instituto Brasileiro do PVC lan&ccedil;a Comit&ecirc; de Sustentabilidade<\/span><\/a><\/span><\/span><\/span><\/p>\r\n\r\n<p style=\"text-align:justify\"><span style=\"font-size:28pt\"><span style=\"font-family:Cambria,serif\"><span style=\"letter-spacing:-0.5pt\"><b><span style=\"font-size:18.0pt\"><span style=\"font-family:&quot;Calibri&quot;,sans-serif\"><span style=\"font-variant:small-caps\">Inova&ccedil;&atilde;o<\/span><\/span><\/span><\/b><\/span><\/span><\/span><\/p>\r\n\r\n<p style=\"text-align:justify\"><span style=\"font-size:11pt\"><span style=\"line-height:normal\"><span style=\"font-family:Calibri,sans-serif\"><a href=\"https:\/\/www.inovacaotecnologica.com.br\/noticias\/noticia.php?artigo=lixo-plastico-vira-hidrogenio-limpo-usando-energia-solar&amp;id=010125250616&amp;ebol=sim\" style=\"color:blue; text-decoration:underline\"><span style=\"font-size:14.0pt\">Lixo pl&aacute;stico vira hidrog&ecirc;nio limpo usando energia solar<\/span><\/a><\/span><\/span><\/span><\/p>\r\n\r\n<p style=\"text-align:justify\"><span style=\"font-size:11pt\"><span style=\"line-height:normal\"><span style=\"font-family:Calibri,sans-serif\"><a href=\"https:\/\/www.revistaplasticosul.com.br\/sustentabilidade\/inovacao-brasileira-transforma-o-ciclo-do-plastico-com-solucoes-sustentaveis-e-impacto-ambiental-positivo\/\" style=\"color:blue; text-decoration:underline\"><span style=\"font-size:14.0pt\">Inova&ccedil;&atilde;o brasileira transforma o ciclo do pl&aacute;stico com solu&ccedil;&otilde;es sustent&aacute;veis e impacto ambiental positivo<\/span><\/a><\/span><\/span><\/span><\/p>\r\n\r\n<p style=\"text-align:justify\"><span style=\"font-size:11pt\"><span style=\"line-height:normal\"><span style=\"font-family:Calibri,sans-serif\"><a href=\"https:\/\/www.inovacaotecnologica.com.br\/noticias\/noticia.php?artigo=criado-motor-eletrico-totalmente-sem-metais&amp;id=010170250612&amp;ebol=sim\" style=\"color:blue; text-decoration:underline\"><span style=\"font-size:14.0pt\">Criado um motor el&eacute;trico totalmente sem metais<\/span><\/a><\/span><\/span><\/span><\/p>\r\n\r\n<p style=\"text-align:justify\"><span style=\"font-size:11pt\"><span style=\"line-height:normal\"><span style=\"font-family:Calibri,sans-serif\"><a href=\"http:\/\/www.finep.gov.br\/noticias\/todas-noticias\/6979-finep-sedia-reuniao-estrategica-dos-brics-para-fortalecer-a-inovacao-conjunta\" style=\"color:blue; text-decoration:underline\"><span style=\"font-size:14.0pt\">Finep sedia reuni&atilde;o estrat&eacute;gica dos BRICS para fortalecer a inova&ccedil;&atilde;o conjunta<\/span><\/a><\/span><\/span><\/span><\/p>\r\n\r\n<p style=\"text-align:justify\"><span style=\"font-size:28pt\"><span style=\"font-family:Cambria,serif\"><span style=\"letter-spacing:-0.5pt\"><b><span style=\"font-size:18.0pt\"><span style=\"font-family:&quot;Calibri&quot;,sans-serif\"><span style=\"font-variant:small-caps\">Com&eacute;rcio Exterior<\/span><\/span><\/span><\/b><\/span><\/span><\/span><\/p>\r\n\r\n<p style=\"text-align:justify\"><span style=\"font-size:11pt\"><span style=\"line-height:normal\"><span style=\"font-family:Calibri,sans-serif\"><a href=\"https:\/\/www.iedi.org.br\/cartas\/carta_iedi_n_1295.html\" style=\"color:blue; text-decoration:underline\"><span style=\"font-size:14.0pt\">O com&eacute;rcio mundial e os subs&iacute;dios chineses<\/span><\/a><\/span><\/span><\/span><\/p>\r\n\r\n<p style=\"text-align:justify\"><span style=\"font-size:11pt\"><span style=\"line-height:normal\"><span style=\"font-family:Calibri,sans-serif\"><a href=\"https:\/\/www.mercosur.int\/pt-br\/comunicado-conjunto-mercosul-comissao-europeia\/\" style=\"color:blue; text-decoration:underline\"><span style=\"font-size:14.0pt\">Comunicado Conjunto dos Estados Partes Signat&aacute;rios do MERCOSUL e da Comiss&atilde;o Europeia sobre a Conclus&atilde;o das Negocia&ccedil;&otilde;es do Acordo de Parceria<\/span><\/a><\/span><\/span><\/span><\/p>\r\n\r\n<p style=\"text-align:justify\"><span style=\"font-size:11pt\"><span style=\"line-height:normal\"><span style=\"font-family:Calibri,sans-serif\"><a href=\"https:\/\/portalibre.fgv.br\/noticias\/china-lidera-queda-do-superavit-da-balanca-comercial\" style=\"color:blue; text-decoration:underline\"><span style=\"font-size:14.0pt\">A China lidera a queda do super&aacute;vit da balan&ccedil;a comercial<\/span><\/a><\/span><\/span><\/span><\/p>\r\n\r\n<p style=\"text-align:justify\"><span style=\"font-size:11pt\"><span style=\"line-height:normal\"><span style=\"font-family:Calibri,sans-serif\"><a href=\"https:\/\/exame.com\/mundo\/trump-anuncia-acordo-comercial-com-a-china-e-diz-que-aguarda-aprovacao-de-xi\/\" style=\"color:blue; text-decoration:underline\"><span style=\"font-size:14.0pt\">Trump anuncia acordo comercial com a China e diz que aguarda aprova&ccedil;&atilde;o de Xi<\/span><\/a><\/span><\/span><\/span><\/p>\r\n\r\n<p style=\"text-align:justify\"><span style=\"font-size:11pt\"><span style=\"line-height:normal\"><span style=\"font-family:Calibri,sans-serif\"><a href=\"https:\/\/static.portaldaindustria.com.br\/media\/filer_public\/26\/7b\/267bda11-088e-4f2a-8f18-17d925208d5e\/ex_ipc_25-012_portaria_secex_403_oea_integrado.pdf\" style=\"color:blue; text-decoration:underline\"><span style=\"font-size:14.0pt\">Secretaria de Com&eacute;rcio Exterior amplia escopo do Programa OEA-Integrado Secex<\/span><\/a><\/span><\/span><\/span><\/p>\r\n\r\n<p style=\"text-align:justify\"><span style=\"font-size:28pt\"><span style=\"font-family:Cambria,serif\"><span style=\"letter-spacing:-0.5pt\"><b><span style=\"font-size:18.0pt\"><span style=\"font-family:&quot;Calibri&quot;,sans-serif\"><span style=\"font-variant:small-caps\">Economia<\/span><\/span><\/span><\/b><\/span><\/span><\/span><\/p>\r\n\r\n<p style=\"text-align:justify\"><span style=\"font-size:11pt\"><span style=\"line-height:normal\"><span style=\"font-family:Calibri,sans-serif\"><a href=\"https:\/\/www.bcb.gov.br\/content\/focus\/focus\/R20250613.pdf\" style=\"color:blue; text-decoration:underline\"><span style=\"font-size:14.0pt\">Focus - Relat&oacute;rio de Mercado<\/span><\/a><\/span><\/span><\/span><\/p>\r\n\r\n<p style=\"text-align:justify\"><span style=\"font-size:11pt\"><span style=\"line-height:normal\"><span style=\"font-family:Calibri,sans-serif\"><a href=\"https:\/\/portalibre.fgv.br\/system\/files\/divulgacao\/noticias\/mat-complementar\/2025-06\/Bar%C3%B4metros%20Globais%20KOF-FGV_Press%20release_06_2025.pdf\" style=\"color:blue; text-decoration:underline\"><span style=\"font-size:14.0pt\">Bar&ocirc;metros Globais acomodam em junho<\/span><\/a><\/span><\/span><\/span><\/p>\r\n\r\n<p style=\"text-align:justify\"><span style=\"font-size:11pt\"><span style=\"line-height:normal\"><span style=\"font-family:Calibri,sans-serif\"><a href=\"https:\/\/www.infomoney.com.br\/economia\/medida-provisoria-compensacao-iof-investimentos-2025\/\" style=\"color:blue; text-decoration:underline\"><span style=\"font-size:14.0pt\">Governo publica MP com medidas para compensar recuo do IOF; veja o que muda<\/span><\/a><\/span><\/span><\/span><\/p>\r\n\r\n<p style=\"text-align:justify\"><span style=\"font-size:11pt\"><span style=\"line-height:normal\"><span style=\"font-family:Calibri,sans-serif\"><a href=\"https:\/\/noticias.portaldaindustria.com.br\/posicionamentos\/medidas-para-compensar-reducao-do-iof-vao-aumentar-custos-e-prejudicar-investimentos-do-setor-produtivo-diz-cni\/\" style=\"color:blue; text-decoration:underline\"><span style=\"font-size:14.0pt\">Medidas para compensar redu&ccedil;&atilde;o do IOF v&atilde;o aumentar custos e prejudicar investimentos do setor produtivo, diz CNI<\/span><\/a><\/span><\/span><\/span><\/p>\r\n\r\n<p style=\"text-align:justify\"><span style=\"font-size:11pt\"><span style=\"line-height:normal\"><span style=\"font-family:Calibri,sans-serif\"><a href=\"https:\/\/portalibre.fgv.br\/system\/files\/divulgacao\/noticias\/mat-complementar\/2025-06\/Monitor%20do%20PIB-FGV%20-%20Junho%20de%202025%20-%20Ref.%20de%20abril.pdf\" style=\"color:blue; text-decoration:underline\"><span style=\"font-size:14.0pt\">Economia retrai 0,4% em abril, na compara&ccedil;&atilde;o com mar&ccedil;o<\/span><\/a><\/span><\/span><\/span><\/p>\r\n\r\n<p style=\"text-align:justify\"><span style=\"font-size:11pt\"><span style=\"line-height:normal\"><span style=\"font-family:Calibri,sans-serif\"><a href=\"https:\/\/mercadoeconsumo.com.br\/16\/06\/2025\/artigos\/expectativa-da-inflacao-decifra-me-ou-te-devoro\/?utm_campaign=news_geral_-_1606&amp;utm_medium=email&amp;utm_source=RD+Station\" style=\"color:blue; text-decoration:underline\"><span style=\"font-size:14.0pt\">Expectativa da infla&ccedil;&atilde;o: decifra-me ou te devoro<\/span><\/a><\/span><\/span><\/span><\/p>\r\n\r\n<p style=\"text-align:justify\"><span style=\"font-size:11pt\"><span style=\"line-height:normal\"><span style=\"font-family:Calibri,sans-serif\"><a href=\"https:\/\/www.fibre2fashion.com\/news\/textile-news\/global-growth-likely-to-slow-to-2-3-in-2025-world-bank-303232-newsdetails.htm\" style=\"color:blue; text-decoration:underline\"><span lang=\"EN-US\" style=\"font-size:14.0pt\">Global growth likely to slow to 2.3% in 2025: World Bank<\/span><\/a><\/span><\/span><\/span><\/p>\r\n\r\n<p style=\"text-align:justify\"><img src=\"https:\/\/www.abint.org.br\/assets\/img\/editor\/redes-sociais-abint-ctg-cth_20250610164521Me6phPlAL1.jpg\" \/><\/p>\r\n","texto_en":"","7":"","imagem":"COMP_capa-2025-site-boletim-abint-noticias-semanis_20250617172544h322Minqey.jpg","8":"COMP_capa-2025-site-boletim-abint-noticias-semanis_20250617172544h322Minqey.jpg","arquivo":"20250617-BOLETIM-ABINT-DE-NOTICIAS-SEMANAIS.PDF","9":"20250617-BOLETIM-ABINT-DE-NOTICIAS-SEMANAIS.PDF","titulo_arquivo":"20250617 Boletim ABINT de Not\u00edcias Semanais","10":"20250617 Boletim ABINT de Not\u00edcias Semanais","titulo_arquivo_en":"","11":"","created_at":"2025-06-17 17:25:52","12":"2025-06-17 17:25:52","updated_at":"2025-06-17 17:25:52","13":"2025-06-17 17:25:52"},{"id":190,"0":190,"ordem":46,"1":46,"data":"2025-06-10","2":"2025-06-10","slug":"setor-de-naotecidos-busca-competitividade","3":"setor-de-naotecidos-busca-competitividade","titulo":"Setor de N\u00e3otecidos busca competitividade","4":"Setor de N\u00e3otecidos busca competitividade","titulo_en":"","5":"","texto":"<p align=\"center\" class=\"gmail-msonospacing\" style=\"text-align:center\"><span style=\"font-size:12pt\"><span style=\"font-family:Aptos,sans-serif\"><b><span style=\"font-size:20.0pt\"><span style=\"font-family:&quot;Arial&quot;,sans-serif\">Setor de N&atilde;otecidos busca competitividade<\/span><\/span><\/b><\/span><\/span><\/p>\r\n\r\n<p align=\"center\" class=\"gmail-msonospacing\" style=\"text-align:center\"><span style=\"font-size:12pt\"><span style=\"font-family:Aptos,sans-serif\"><i><span style=\"font-size:11.0pt\"><span style=\"font-family:&quot;Arial&quot;,sans-serif\">Dados apurados pela ABINT mostram o esfor&ccedil;o da ind&uacute;stria nacional para atender ao mercado e manter a competitividade em cen&aacute;rio desafiador<\/span><\/span><\/i><\/span><\/span><\/p>\r\n\r\n<p class=\"gmail-msonospacing\" style=\"text-align:justify\"><span style=\"font-size:12pt\"><span style=\"font-family:Aptos,sans-serif\"><i>&nbsp;<\/i><\/span><\/span><span style=\"font-size:12pt\"><span style=\"line-height:115%\"><span style=\"font-family:Aptos,sans-serif\"><span style=\"font-size:10.0pt\"><span style=\"line-height:115%\"><span style=\"font-family:&quot;Arial&quot;,sans-serif\">A ind&uacute;stria brasileira de N&atilde;otecidos e Tecidos T&eacute;cnicos &eacute; um ator importante, mas por vezes invis&iacute;vel, da economia nacional. Atrav&eacute;s do fornecimento de mat&eacute;rias-primas essenciais, apoia e impulsiona o desenvolvimento de importantes cadeia produtivas, como a automotiva, da constru&ccedil;&atilde;o e infraestrutura, higiene pessoal, m&eacute;dico hospitalar e agro, entre outras. Trata-se de uma ind&uacute;stria que, nos &uacute;ltimos cinco anos, investiu mais de R$ 600 milh&otilde;es em amplia&ccedil;&atilde;o de capacidade e inova&ccedil;&atilde;o, al&eacute;m de gerar postos de trabalho e impostos, para atender setores estrat&eacute;gicos da economia brasileira.<\/span><\/span><\/span><\/span><\/span><\/span><\/p>\r\n\r\n<p class=\"gmail-\" style=\"text-align:justify\"><span style=\"font-size:12pt\"><span style=\"line-height:115%\"><span style=\"font-family:Aptos,sans-serif\">&nbsp;<\/span><\/span><\/span><\/p>\r\n\r\n<p class=\"gmail-\" style=\"text-align:justify\"><span style=\"font-size:12pt\"><span style=\"line-height:115%\"><span style=\"font-family:Aptos,sans-serif\"><span style=\"font-size:10.0pt\"><span style=\"line-height:115%\"><span style=\"font-family:&quot;Arial&quot;,sans-serif\">Segundo a Associa&ccedil;&atilde;o Brasileira das Ind&uacute;strias de N&atilde;otecidos e Tecidos T&eacute;cnicos (ABINT), a ind&uacute;stria brasileira &eacute; l&iacute;der na Am&eacute;rica Latina, contando com algumas das maiores empresas mundiais no setor, um amplo portf&oacute;lio de tecnologias e capacidade produtiva para atender a demanda nacional. No total, cerca de 100 empresas empregaram 17 mil pessoas na produ&ccedil;&atilde;o de mais de 370 mil toneladas em 2024.<\/span><\/span><\/span><\/span><\/span><\/span><\/p>\r\n\r\n<p class=\"gmail-\" style=\"text-align:justify\"><span style=\"font-size:12pt\"><span style=\"line-height:115%\"><span style=\"font-family:Aptos,sans-serif\">&nbsp;<\/span><\/span><\/span><span style=\"font-size:12pt\"><span style=\"line-height:115%\"><span style=\"font-family:Aptos,sans-serif\"><span style=\"font-size:10.0pt\"><span style=\"line-height:115%\"><span style=\"font-family:&quot;Arial&quot;,sans-serif\">Ainda assim, os dados apurados pela ABINT descrevem um cen&aacute;rio preocupante: em 2024, o aumento da demanda por n&atilde;otecidos e tecidos t&eacute;cnicos, al&eacute;m de t&iacute;mido em fun&ccedil;&atilde;o do baixo crescimento econ&ocirc;mico e da redu&ccedil;&atilde;o do poder de compra da popula&ccedil;&atilde;o, foi superado pelo crescimento das importa&ccedil;&otilde;es.<\/span><\/span><\/span><\/span><\/span><\/span><\/p>\r\n\r\n<p class=\"gmail-\" style=\"text-align:justify\"><span style=\"font-size:12pt\"><span style=\"line-height:115%\"><span style=\"font-family:Aptos,sans-serif\">&nbsp;<\/span><\/span><\/span><span style=\"font-size:12pt\"><span style=\"line-height:115%\"><span style=\"font-family:Aptos,sans-serif\"><span style=\"font-size:10.0pt\"><span style=\"line-height:115%\"><span style=\"font-family:&quot;Arial&quot;,sans-serif\">&ldquo;Sabemos que a participa&ccedil;&atilde;o da ind&uacute;stria no PIB vem seguindo uma trajet&oacute;ria de queda desde a d&eacute;cada de 80. No entanto, o excesso de capacidade resultante dos investimentos feitos ao redor do mundo para atender o pico de demanda da pandemia - e que agora se encontram ociosos - est&aacute; intensificando a concorr&ecirc;ncia desleal e acelerando mais do que nunca a substitui&ccedil;&atilde;o de produtos fabricados no Brasil.&rdquo;, comenta Mateus Inacio, presidente da entidade.<\/span><\/span><\/span><\/span><\/span><\/span><\/p>\r\n\r\n<p class=\"gmail-\" style=\"text-align:justify\"><span style=\"font-size:12pt\"><span style=\"line-height:115%\"><span style=\"font-family:Aptos,sans-serif\"><span style=\"font-size:10.0pt\"><span style=\"line-height:115%\"><span style=\"font-family:&quot;Arial&quot;,sans-serif\">O excesso de capacidade mencionado por Mateus &eacute; observado em todo o mundo. Segundo dados do Minist&eacute;rio do Desenvolvimento, Ind&uacute;stria, Com&eacute;rcio e Servi&ccedil;os (MDIC - Comextat), o volume de importa&ccedil;&otilde;es de n&atilde;otecidos e tecidos t&eacute;cnicos aumentou 32% entre 2019 e 2024, enquanto o valor FOB caiu 14% em d&oacute;lares. O acumulado dos quatro primeiros meses de 2025 j&aacute; mostra um aumento de 28% no volume importado em compara&ccedil;&atilde;o ao mesmo per&iacute;odo de 2024. No caso de artigos confeccionados, incluindo m&aacute;scaras descart&aacute;veis, as importa&ccedil;&otilde;es aumentaram 78% em volume e reduziram 39% em pre&ccedil;o m&eacute;dio FOB em d&oacute;lares entre 2019 e 2024, e o volume acumulado nos quatro primeiros meses de 2025 cresceu 288% em rela&ccedil;&atilde;o ao mesmo per&iacute;odo do ano anterior.<\/span><\/span><\/span><\/span><\/span><\/span><\/p>\r\n\r\n<p class=\"gmail-\" style=\"text-align:justify\"><span style=\"font-size:12pt\"><span style=\"line-height:115%\"><span style=\"font-family:Aptos,sans-serif\"><span style=\"font-size:10.0pt\"><span style=\"line-height:115%\"><span style=\"font-family:&quot;Arial&quot;,sans-serif\">&ldquo;Quando a fabrica&ccedil;&atilde;o local &eacute; substitu&iacute;da por importa&ccedil;&otilde;es, cessa tamb&eacute;m a demanda pelas mat&eacute;rias-primas, criando um efeito domin&oacute; que impacta diversos setores da economia&rdquo;, explica Inacio. Segundo a ABINT, os efeitos nefastos deste movimento puderam ser observados durante a pandemia, quando o salto na demanda por m&aacute;scaras e respiradores encontrou pa&iacute;ses fortemente dependentes de produtos chineses, que se tornaram escassos da noite para o dia. Neste cen&aacute;rio, o tempo de resposta para aquisi&ccedil;&atilde;o, montagem e comissionamento de equipamentos para o restabelecimento da produ&ccedil;&atilde;o local dos produtos acabados e seus insumos pode n&atilde;o ocorrer na velocidade necess&aacute;ria. Por este motivo, proteger a ind&uacute;stria nacional &eacute; t&atilde;o importante: al&eacute;m de gerar empregos, ela tamb&eacute;m garante a soberania sobre o abastecimento de produtos essenciais.<\/span><\/span><\/span><\/span><\/span><\/span><\/p>\r\n\r\n<p class=\"gmail-\" style=\"text-align:justify\"><span style=\"font-size:12pt\"><span style=\"line-height:115%\"><span style=\"font-family:Aptos,sans-serif\"><span style=\"font-size:10.0pt\"><span style=\"line-height:115%\"><span style=\"font-family:&quot;Arial&quot;,sans-serif\">Durante a pandemia, a ind&uacute;stria brasileira de n&atilde;otecidos e tecidos t&eacute;cnicos se mobilizou e investiu R$ 400 milh&otilde;es para expandir em mais de 22 mil toneladas a capacidade produtiva de insumos para a fabrica&ccedil;&atilde;o de itens de prote&ccedil;&atilde;o respirat&oacute;ria e hospitalar. Atualmente, apenas uma fra&ccedil;&atilde;o dos 150 fabricantes de m&aacute;scaras e respiradores, que produziam 500 milh&otilde;es de unidades por m&ecirc;s durante a pandemia, continuam operando, e o consumo nacional est&aacute; voltado a ser abastecido por produtos acabados importados, repetindo o movimento observado no passado.<\/span><\/span><\/span><\/span><\/span><\/span><\/p>\r\n\r\n<p class=\"gmail-\" style=\"text-align:justify\"><span style=\"font-size:12pt\"><span style=\"line-height:115%\"><span style=\"font-family:Aptos,sans-serif\">&nbsp;<\/span><\/span><\/span><span style=\"font-size:12pt\"><span style=\"line-height:115%\"><span style=\"font-family:Aptos,sans-serif\"><span style=\"font-size:10.0pt\"><span style=\"line-height:115%\"><span style=\"font-family:&quot;Arial&quot;,sans-serif\">In&aacute;cio, que tamb&eacute;m &eacute; o Chief Operating Officer (COO) da Fitesa, argumenta: &ldquo;O agravamento da concorr&ecirc;ncia desleal de produtos importados amea&ccedil;a a economia brasileira como um todo. Pequenos neg&oacute;cios s&atilde;o respons&aacute;veis pela maior parte da gera&ccedil;&atilde;o de empregos, e um ambiente de neg&oacute;cios pouco competitivo inibe o empreendedorismo. Este n&atilde;o &eacute; um fato isolado, e alguns pa&iacute;ses, como os Estados Unidos, est&atilde;o investindo em programas de compras governamentais que priorizam fabricantes locais como medida defensiva&rdquo;. O executivo se refere, por exemplo, ao &ldquo;Buy American Act&rdquo; (&ldquo;Lei Compre Americano&rdquo;), lei que incentiva ag&ecirc;ncias federais dos Estados Unidos a comprar bens fabricados localmente, com penalidades aos importados.<\/span><\/span><\/span><\/span><\/span><\/span><\/p>\r\n\r\n<p class=\"gmail-\" style=\"text-align:justify\"><span style=\"font-size:12pt\"><span style=\"line-height:115%\"><span style=\"font-family:Aptos,sans-serif\"><span style=\"font-size:10.0pt\"><span style=\"line-height:115%\"><span style=\"font-family:&quot;Arial&quot;,sans-serif\">Segundo an&aacute;lise da ABINT, n&atilde;o existe equidade competitiva entre produtos importados e fabricados localmente. Enquanto a ind&uacute;stria brasileira trabalha com afinco no cumprimento de normas t&eacute;cnicas, que avalizam a confiabilidade dos produtos e dos processos produtivos, e de requisitos legais, que controlam que as empresas operem em conformidade com padr&otilde;es ambientais, sociais e fiscais, fabricantes de fora do pa&iacute;s n&atilde;o est&atilde;o necessariamente submetidos &agrave;s mesmas exig&ecirc;ncias e, consequentemente, podem operar com custos mais baixos. A competitividade da ind&uacute;stria nacional &eacute; prejudicada ainda pelos j&aacute; conhecidos desafios do &ldquo;Custo Brasil&rdquo; - entre eles a varia&ccedil;&atilde;o cambial, a dificuldade de acesso ao cr&eacute;dito, a defasagem de infraestrutura log&iacute;stica e a burocracia em torno de importa&ccedil;&atilde;o de maquin&aacute;rio e equipamentos. <\/span><\/span><\/span><\/span><\/span><\/span><\/p>\r\n\r\n<p class=\"gmail-\" style=\"text-align:justify\"><span style=\"font-size:12pt\"><span style=\"line-height:115%\"><span style=\"font-family:Aptos,sans-serif\"><span style=\"font-size:10.0pt\"><span style=\"line-height:115%\"><span style=\"font-family:&quot;Arial&quot;,sans-serif\">Esta combina&ccedil;&atilde;o de fatores cria um cen&aacute;rio fr&aacute;gil ao ataque predat&oacute;rio de pa&iacute;ses onde o ambiente de neg&oacute;cios, atrav&eacute;s da redu&ccedil;&atilde;o da burocracia ou do acesso a incentivos, &eacute; mais favor&aacute;vel. Como resultado, a taxa de ocupa&ccedil;&atilde;o da capacidade produtiva de n&atilde;otecidos e tecidos t&eacute;cnicos no Brasil foi de apenas 68,7% em 2024, com um crescimento t&iacute;mido (0,7%) da produ&ccedil;&atilde;o em rela&ccedil;&atilde;o ao ano anterior.<\/span><\/span><\/span><\/span><\/span><\/span><span style=\"font-size:12pt\"><span style=\"line-height:115%\"><span style=\"font-family:Aptos,sans-serif\"><em><b>&nbsp;<\/b><\/em><\/span><\/span><\/span><\/p>\r\n\r\n<p style=\"text-align:justify\"><span style=\"font-size:12pt\"><span style=\"line-height:115%\"><span style=\"font-family:Aptos,sans-serif\"><em><b><span style=\"font-size:10.0pt\"><span style=\"line-height:115%\"><span style=\"font-family:&quot;Arial&quot;,sans-serif\"><span style=\"color:black\">Sobre a ABINT:<\/span><\/span><\/span><\/span><\/b><\/em><em><span style=\"font-size:10.0pt\"><span style=\"line-height:115%\"><span style=\"font-family:&quot;Arial&quot;,sans-serif\"><span style=\"color:black\">&nbsp;Fundada em 1991, a Associa&ccedil;&atilde;o Brasileira das Ind&uacute;strias de N&atilde;otecidos e Tecidos T&eacute;cnicos tem como objetivo representar, difundir e defender os interesses da ind&uacute;stria brasileira de N&atilde;otecidos e Tecidos T&eacute;cnicos, promovendo e apoiando o seu desenvolvimento e o crescimento do mercado de aplica&ccedil;&otilde;es desses produtos, que s&atilde;o fundamentais a diversos e importantes setores da economia do pa&iacute;s. Para saber mais acesse&nbsp;<\/span><\/span><\/span><\/span><\/em><a href=\"http:\/\/www.abint.org.br\" style=\"color:blue; text-decoration:underline\"><span style=\"font-size:10.0pt\"><span style=\"line-height:115%\"><span style=\"font-family:&quot;Arial&quot;,sans-serif\">www.abint.org.br<\/span><\/span><\/span><\/a><\/span><\/span><\/span><\/p>\r\n\r\n<p style=\"text-align:justify\"><span style=\"font-size:12pt\"><span style=\"line-height:115%\"><span style=\"font-family:Aptos,sans-serif\"><em>&nbsp;<\/em><\/span><\/span><\/span><span style=\"font-size:12pt\"><span style=\"line-height:107%\"><span style=\"font-family:Aptos,sans-serif\"><b><i><span style=\"font-size:9.0pt\"><span style=\"line-height:107%\">Informa&ccedil;&otilde;es para imprensa: <\/span><\/span><\/i><\/b><\/span><\/span><\/span><\/p>\r\n\r\n<p style=\"text-align:justify\"><span style=\"font-size:12pt\"><span style=\"line-height:107%\"><span style=\"font-family:Aptos,sans-serif\"><b><i><span style=\"font-size:9.0pt\"><span style=\"line-height:107%\">Roberta Provatti<\/span><\/span><\/i><\/b><\/span><\/span><\/span><\/p>\r\n\r\n<p style=\"text-align:justify\"><span style=\"font-size:12pt\"><span style=\"line-height:107%\"><span style=\"font-family:Aptos,sans-serif\"><a href=\"mailto:provattijornalista@gmail.com\" style=\"color:blue; text-decoration:underline\"><b><i><span style=\"font-size:9.0pt\"><span style=\"line-height:107%\">provattijornalista@gmail.com<\/span><\/span><\/i><\/b><\/a><\/span><\/span><\/span><\/p>\r\n\r\n<p style=\"text-align:justify\"><span style=\"font-size:12pt\"><span style=\"line-height:107%\"><span style=\"font-family:Aptos,sans-serif\"><b><i><span style=\"font-size:9.0pt\"><span style=\"line-height:107%\">(11) 99652-466<\/span><\/span><\/i><\/b><\/span><\/span><\/span><\/p>\r\n","6":"<p align=\"center\" class=\"gmail-msonospacing\" style=\"text-align:center\"><span style=\"font-size:12pt\"><span style=\"font-family:Aptos,sans-serif\"><b><span style=\"font-size:20.0pt\"><span style=\"font-family:&quot;Arial&quot;,sans-serif\">Setor de N&atilde;otecidos busca competitividade<\/span><\/span><\/b><\/span><\/span><\/p>\r\n\r\n<p align=\"center\" class=\"gmail-msonospacing\" style=\"text-align:center\"><span style=\"font-size:12pt\"><span style=\"font-family:Aptos,sans-serif\"><i><span style=\"font-size:11.0pt\"><span style=\"font-family:&quot;Arial&quot;,sans-serif\">Dados apurados pela ABINT mostram o esfor&ccedil;o da ind&uacute;stria nacional para atender ao mercado e manter a competitividade em cen&aacute;rio desafiador<\/span><\/span><\/i><\/span><\/span><\/p>\r\n\r\n<p class=\"gmail-msonospacing\" style=\"text-align:justify\"><span style=\"font-size:12pt\"><span style=\"font-family:Aptos,sans-serif\"><i>&nbsp;<\/i><\/span><\/span><span style=\"font-size:12pt\"><span style=\"line-height:115%\"><span style=\"font-family:Aptos,sans-serif\"><span style=\"font-size:10.0pt\"><span style=\"line-height:115%\"><span style=\"font-family:&quot;Arial&quot;,sans-serif\">A ind&uacute;stria brasileira de N&atilde;otecidos e Tecidos T&eacute;cnicos &eacute; um ator importante, mas por vezes invis&iacute;vel, da economia nacional. Atrav&eacute;s do fornecimento de mat&eacute;rias-primas essenciais, apoia e impulsiona o desenvolvimento de importantes cadeia produtivas, como a automotiva, da constru&ccedil;&atilde;o e infraestrutura, higiene pessoal, m&eacute;dico hospitalar e agro, entre outras. Trata-se de uma ind&uacute;stria que, nos &uacute;ltimos cinco anos, investiu mais de R$ 600 milh&otilde;es em amplia&ccedil;&atilde;o de capacidade e inova&ccedil;&atilde;o, al&eacute;m de gerar postos de trabalho e impostos, para atender setores estrat&eacute;gicos da economia brasileira.<\/span><\/span><\/span><\/span><\/span><\/span><\/p>\r\n\r\n<p class=\"gmail-\" style=\"text-align:justify\"><span style=\"font-size:12pt\"><span style=\"line-height:115%\"><span style=\"font-family:Aptos,sans-serif\">&nbsp;<\/span><\/span><\/span><\/p>\r\n\r\n<p class=\"gmail-\" style=\"text-align:justify\"><span style=\"font-size:12pt\"><span style=\"line-height:115%\"><span style=\"font-family:Aptos,sans-serif\"><span style=\"font-size:10.0pt\"><span style=\"line-height:115%\"><span style=\"font-family:&quot;Arial&quot;,sans-serif\">Segundo a Associa&ccedil;&atilde;o Brasileira das Ind&uacute;strias de N&atilde;otecidos e Tecidos T&eacute;cnicos (ABINT), a ind&uacute;stria brasileira &eacute; l&iacute;der na Am&eacute;rica Latina, contando com algumas das maiores empresas mundiais no setor, um amplo portf&oacute;lio de tecnologias e capacidade produtiva para atender a demanda nacional. No total, cerca de 100 empresas empregaram 17 mil pessoas na produ&ccedil;&atilde;o de mais de 370 mil toneladas em 2024.<\/span><\/span><\/span><\/span><\/span><\/span><\/p>\r\n\r\n<p class=\"gmail-\" style=\"text-align:justify\"><span style=\"font-size:12pt\"><span style=\"line-height:115%\"><span style=\"font-family:Aptos,sans-serif\">&nbsp;<\/span><\/span><\/span><span style=\"font-size:12pt\"><span style=\"line-height:115%\"><span style=\"font-family:Aptos,sans-serif\"><span style=\"font-size:10.0pt\"><span style=\"line-height:115%\"><span style=\"font-family:&quot;Arial&quot;,sans-serif\">Ainda assim, os dados apurados pela ABINT descrevem um cen&aacute;rio preocupante: em 2024, o aumento da demanda por n&atilde;otecidos e tecidos t&eacute;cnicos, al&eacute;m de t&iacute;mido em fun&ccedil;&atilde;o do baixo crescimento econ&ocirc;mico e da redu&ccedil;&atilde;o do poder de compra da popula&ccedil;&atilde;o, foi superado pelo crescimento das importa&ccedil;&otilde;es.<\/span><\/span><\/span><\/span><\/span><\/span><\/p>\r\n\r\n<p class=\"gmail-\" style=\"text-align:justify\"><span style=\"font-size:12pt\"><span style=\"line-height:115%\"><span style=\"font-family:Aptos,sans-serif\">&nbsp;<\/span><\/span><\/span><span style=\"font-size:12pt\"><span style=\"line-height:115%\"><span style=\"font-family:Aptos,sans-serif\"><span style=\"font-size:10.0pt\"><span style=\"line-height:115%\"><span style=\"font-family:&quot;Arial&quot;,sans-serif\">&ldquo;Sabemos que a participa&ccedil;&atilde;o da ind&uacute;stria no PIB vem seguindo uma trajet&oacute;ria de queda desde a d&eacute;cada de 80. No entanto, o excesso de capacidade resultante dos investimentos feitos ao redor do mundo para atender o pico de demanda da pandemia - e que agora se encontram ociosos - est&aacute; intensificando a concorr&ecirc;ncia desleal e acelerando mais do que nunca a substitui&ccedil;&atilde;o de produtos fabricados no Brasil.&rdquo;, comenta Mateus Inacio, presidente da entidade.<\/span><\/span><\/span><\/span><\/span><\/span><\/p>\r\n\r\n<p class=\"gmail-\" style=\"text-align:justify\"><span style=\"font-size:12pt\"><span style=\"line-height:115%\"><span style=\"font-family:Aptos,sans-serif\"><span style=\"font-size:10.0pt\"><span style=\"line-height:115%\"><span style=\"font-family:&quot;Arial&quot;,sans-serif\">O excesso de capacidade mencionado por Mateus &eacute; observado em todo o mundo. Segundo dados do Minist&eacute;rio do Desenvolvimento, Ind&uacute;stria, Com&eacute;rcio e Servi&ccedil;os (MDIC - Comextat), o volume de importa&ccedil;&otilde;es de n&atilde;otecidos e tecidos t&eacute;cnicos aumentou 32% entre 2019 e 2024, enquanto o valor FOB caiu 14% em d&oacute;lares. O acumulado dos quatro primeiros meses de 2025 j&aacute; mostra um aumento de 28% no volume importado em compara&ccedil;&atilde;o ao mesmo per&iacute;odo de 2024. No caso de artigos confeccionados, incluindo m&aacute;scaras descart&aacute;veis, as importa&ccedil;&otilde;es aumentaram 78% em volume e reduziram 39% em pre&ccedil;o m&eacute;dio FOB em d&oacute;lares entre 2019 e 2024, e o volume acumulado nos quatro primeiros meses de 2025 cresceu 288% em rela&ccedil;&atilde;o ao mesmo per&iacute;odo do ano anterior.<\/span><\/span><\/span><\/span><\/span><\/span><\/p>\r\n\r\n<p class=\"gmail-\" style=\"text-align:justify\"><span style=\"font-size:12pt\"><span style=\"line-height:115%\"><span style=\"font-family:Aptos,sans-serif\"><span style=\"font-size:10.0pt\"><span style=\"line-height:115%\"><span style=\"font-family:&quot;Arial&quot;,sans-serif\">&ldquo;Quando a fabrica&ccedil;&atilde;o local &eacute; substitu&iacute;da por importa&ccedil;&otilde;es, cessa tamb&eacute;m a demanda pelas mat&eacute;rias-primas, criando um efeito domin&oacute; que impacta diversos setores da economia&rdquo;, explica Inacio. Segundo a ABINT, os efeitos nefastos deste movimento puderam ser observados durante a pandemia, quando o salto na demanda por m&aacute;scaras e respiradores encontrou pa&iacute;ses fortemente dependentes de produtos chineses, que se tornaram escassos da noite para o dia. Neste cen&aacute;rio, o tempo de resposta para aquisi&ccedil;&atilde;o, montagem e comissionamento de equipamentos para o restabelecimento da produ&ccedil;&atilde;o local dos produtos acabados e seus insumos pode n&atilde;o ocorrer na velocidade necess&aacute;ria. Por este motivo, proteger a ind&uacute;stria nacional &eacute; t&atilde;o importante: al&eacute;m de gerar empregos, ela tamb&eacute;m garante a soberania sobre o abastecimento de produtos essenciais.<\/span><\/span><\/span><\/span><\/span><\/span><\/p>\r\n\r\n<p class=\"gmail-\" style=\"text-align:justify\"><span style=\"font-size:12pt\"><span style=\"line-height:115%\"><span style=\"font-family:Aptos,sans-serif\"><span style=\"font-size:10.0pt\"><span style=\"line-height:115%\"><span style=\"font-family:&quot;Arial&quot;,sans-serif\">Durante a pandemia, a ind&uacute;stria brasileira de n&atilde;otecidos e tecidos t&eacute;cnicos se mobilizou e investiu R$ 400 milh&otilde;es para expandir em mais de 22 mil toneladas a capacidade produtiva de insumos para a fabrica&ccedil;&atilde;o de itens de prote&ccedil;&atilde;o respirat&oacute;ria e hospitalar. Atualmente, apenas uma fra&ccedil;&atilde;o dos 150 fabricantes de m&aacute;scaras e respiradores, que produziam 500 milh&otilde;es de unidades por m&ecirc;s durante a pandemia, continuam operando, e o consumo nacional est&aacute; voltado a ser abastecido por produtos acabados importados, repetindo o movimento observado no passado.<\/span><\/span><\/span><\/span><\/span><\/span><\/p>\r\n\r\n<p class=\"gmail-\" style=\"text-align:justify\"><span style=\"font-size:12pt\"><span style=\"line-height:115%\"><span style=\"font-family:Aptos,sans-serif\">&nbsp;<\/span><\/span><\/span><span style=\"font-size:12pt\"><span style=\"line-height:115%\"><span style=\"font-family:Aptos,sans-serif\"><span style=\"font-size:10.0pt\"><span style=\"line-height:115%\"><span style=\"font-family:&quot;Arial&quot;,sans-serif\">In&aacute;cio, que tamb&eacute;m &eacute; o Chief Operating Officer (COO) da Fitesa, argumenta: &ldquo;O agravamento da concorr&ecirc;ncia desleal de produtos importados amea&ccedil;a a economia brasileira como um todo. Pequenos neg&oacute;cios s&atilde;o respons&aacute;veis pela maior parte da gera&ccedil;&atilde;o de empregos, e um ambiente de neg&oacute;cios pouco competitivo inibe o empreendedorismo. Este n&atilde;o &eacute; um fato isolado, e alguns pa&iacute;ses, como os Estados Unidos, est&atilde;o investindo em programas de compras governamentais que priorizam fabricantes locais como medida defensiva&rdquo;. O executivo se refere, por exemplo, ao &ldquo;Buy American Act&rdquo; (&ldquo;Lei Compre Americano&rdquo;), lei que incentiva ag&ecirc;ncias federais dos Estados Unidos a comprar bens fabricados localmente, com penalidades aos importados.<\/span><\/span><\/span><\/span><\/span><\/span><\/p>\r\n\r\n<p class=\"gmail-\" style=\"text-align:justify\"><span style=\"font-size:12pt\"><span style=\"line-height:115%\"><span style=\"font-family:Aptos,sans-serif\"><span style=\"font-size:10.0pt\"><span style=\"line-height:115%\"><span style=\"font-family:&quot;Arial&quot;,sans-serif\">Segundo an&aacute;lise da ABINT, n&atilde;o existe equidade competitiva entre produtos importados e fabricados localmente. Enquanto a ind&uacute;stria brasileira trabalha com afinco no cumprimento de normas t&eacute;cnicas, que avalizam a confiabilidade dos produtos e dos processos produtivos, e de requisitos legais, que controlam que as empresas operem em conformidade com padr&otilde;es ambientais, sociais e fiscais, fabricantes de fora do pa&iacute;s n&atilde;o est&atilde;o necessariamente submetidos &agrave;s mesmas exig&ecirc;ncias e, consequentemente, podem operar com custos mais baixos. A competitividade da ind&uacute;stria nacional &eacute; prejudicada ainda pelos j&aacute; conhecidos desafios do &ldquo;Custo Brasil&rdquo; - entre eles a varia&ccedil;&atilde;o cambial, a dificuldade de acesso ao cr&eacute;dito, a defasagem de infraestrutura log&iacute;stica e a burocracia em torno de importa&ccedil;&atilde;o de maquin&aacute;rio e equipamentos. <\/span><\/span><\/span><\/span><\/span><\/span><\/p>\r\n\r\n<p class=\"gmail-\" style=\"text-align:justify\"><span style=\"font-size:12pt\"><span style=\"line-height:115%\"><span style=\"font-family:Aptos,sans-serif\"><span style=\"font-size:10.0pt\"><span style=\"line-height:115%\"><span style=\"font-family:&quot;Arial&quot;,sans-serif\">Esta combina&ccedil;&atilde;o de fatores cria um cen&aacute;rio fr&aacute;gil ao ataque predat&oacute;rio de pa&iacute;ses onde o ambiente de neg&oacute;cios, atrav&eacute;s da redu&ccedil;&atilde;o da burocracia ou do acesso a incentivos, &eacute; mais favor&aacute;vel. Como resultado, a taxa de ocupa&ccedil;&atilde;o da capacidade produtiva de n&atilde;otecidos e tecidos t&eacute;cnicos no Brasil foi de apenas 68,7% em 2024, com um crescimento t&iacute;mido (0,7%) da produ&ccedil;&atilde;o em rela&ccedil;&atilde;o ao ano anterior.<\/span><\/span><\/span><\/span><\/span><\/span><span style=\"font-size:12pt\"><span style=\"line-height:115%\"><span style=\"font-family:Aptos,sans-serif\"><em><b>&nbsp;<\/b><\/em><\/span><\/span><\/span><\/p>\r\n\r\n<p style=\"text-align:justify\"><span style=\"font-size:12pt\"><span style=\"line-height:115%\"><span style=\"font-family:Aptos,sans-serif\"><em><b><span style=\"font-size:10.0pt\"><span style=\"line-height:115%\"><span style=\"font-family:&quot;Arial&quot;,sans-serif\"><span style=\"color:black\">Sobre a ABINT:<\/span><\/span><\/span><\/span><\/b><\/em><em><span style=\"font-size:10.0pt\"><span style=\"line-height:115%\"><span style=\"font-family:&quot;Arial&quot;,sans-serif\"><span style=\"color:black\">&nbsp;Fundada em 1991, a Associa&ccedil;&atilde;o Brasileira das Ind&uacute;strias de N&atilde;otecidos e Tecidos T&eacute;cnicos tem como objetivo representar, difundir e defender os interesses da ind&uacute;stria brasileira de N&atilde;otecidos e Tecidos T&eacute;cnicos, promovendo e apoiando o seu desenvolvimento e o crescimento do mercado de aplica&ccedil;&otilde;es desses produtos, que s&atilde;o fundamentais a diversos e importantes setores da economia do pa&iacute;s. Para saber mais acesse&nbsp;<\/span><\/span><\/span><\/span><\/em><a href=\"http:\/\/www.abint.org.br\" style=\"color:blue; text-decoration:underline\"><span style=\"font-size:10.0pt\"><span style=\"line-height:115%\"><span style=\"font-family:&quot;Arial&quot;,sans-serif\">www.abint.org.br<\/span><\/span><\/span><\/a><\/span><\/span><\/span><\/p>\r\n\r\n<p style=\"text-align:justify\"><span style=\"font-size:12pt\"><span style=\"line-height:115%\"><span style=\"font-family:Aptos,sans-serif\"><em>&nbsp;<\/em><\/span><\/span><\/span><span style=\"font-size:12pt\"><span style=\"line-height:107%\"><span style=\"font-family:Aptos,sans-serif\"><b><i><span style=\"font-size:9.0pt\"><span style=\"line-height:107%\">Informa&ccedil;&otilde;es para imprensa: <\/span><\/span><\/i><\/b><\/span><\/span><\/span><\/p>\r\n\r\n<p style=\"text-align:justify\"><span style=\"font-size:12pt\"><span style=\"line-height:107%\"><span style=\"font-family:Aptos,sans-serif\"><b><i><span style=\"font-size:9.0pt\"><span style=\"line-height:107%\">Roberta Provatti<\/span><\/span><\/i><\/b><\/span><\/span><\/span><\/p>\r\n\r\n<p style=\"text-align:justify\"><span style=\"font-size:12pt\"><span style=\"line-height:107%\"><span style=\"font-family:Aptos,sans-serif\"><a href=\"mailto:provattijornalista@gmail.com\" style=\"color:blue; text-decoration:underline\"><b><i><span style=\"font-size:9.0pt\"><span style=\"line-height:107%\">provattijornalista@gmail.com<\/span><\/span><\/i><\/b><\/a><\/span><\/span><\/span><\/p>\r\n\r\n<p style=\"text-align:justify\"><span style=\"font-size:12pt\"><span style=\"line-height:107%\"><span style=\"font-family:Aptos,sans-serif\"><b><i><span style=\"font-size:9.0pt\"><span style=\"line-height:107%\">(11) 99652-466<\/span><\/span><\/i><\/b><\/span><\/span><\/span><\/p>\r\n","texto_en":"","7":"","imagem":"COMP_capa-2025-site-comunicacao_20250829175445IXw5w3CJxl.jpg","8":"COMP_capa-2025-site-comunicacao_20250829175445IXw5w3CJxl.jpg","arquivo":"20250610-RELEASE-NUMEROS-DO-SETOR_FINAL.PDF","9":"20250610-RELEASE-NUMEROS-DO-SETOR_FINAL.PDF","titulo_arquivo":"20250610 Release N\u00fameros do setor_final","10":"20250610 Release N\u00fameros do setor_final","titulo_arquivo_en":"","11":"","created_at":"2025-08-29 17:54:53","12":"2025-08-29 17:54:53","updated_at":"2025-08-29 17:54:53","13":"2025-08-29 17:54:53"},{"id":174,"0":174,"ordem":47,"1":47,"data":"2025-06-10","2":"2025-06-10","slug":"boletim-abint-de-noticias-semanais-79","3":"boletim-abint-de-noticias-semanais-79","titulo":"Boletim ABINT de Not\u00edcias Semanais","4":"Boletim ABINT de Not\u00edcias Semanais","titulo_en":"","5":"","texto":"<p style=\"text-align:justify\"><span style=\"font-size:11pt\"><span style=\"line-height:normal\"><span style=\"font-family:Calibri,sans-serif\"><span style=\"font-size:14.0pt\">Esta &eacute; uma compila&ccedil;&atilde;o das not&iacute;cias mais relevantes para o setor, incluindo informa&ccedil;&otilde;es sobre acordos internacionais, economia brasileira, sustentabilidade e mat&eacute;rias primas, al&eacute;m de novidades do setor de N&atilde;otecidos e Tecidos T&eacute;cnicos.<\/span><\/span><\/span><\/span><\/p>\r\n\r\n<p style=\"text-align:justify\"><span style=\"font-size:28pt\"><span style=\"font-family:Cambria,serif\"><span style=\"letter-spacing:-0.5pt\"><b><span style=\"font-size:18.0pt\"><span calibri=\"\" style=\"font-family:\"><span style=\"font-variant:small-caps\">Not&iacute;cias das Associada<\/span><\/span><\/span><\/b><\/span><\/span><\/span><\/p>\r\n\r\n<p style=\"text-align:justify\"><span style=\"font-size:11pt\"><span style=\"line-height:normal\"><span style=\"font-family:Calibri,sans-serif\"><a href=\"https:\/\/brasilmineral.com.br\/noticias\/andritz-adquire-operacoes-da-diamond-power-international\" style=\"color:blue; text-decoration:underline\"><span style=\"font-size:14.0pt\">ANDRITZ adquire opera&ccedil;&otilde;es da Diamond Power International<\/span><\/a><\/span><\/span><\/span><\/p>\r\n\r\n<p style=\"text-align:justify\"><span style=\"font-size:11pt\"><span style=\"line-height:normal\"><span style=\"font-family:Calibri,sans-serif\"><a href=\"https:\/\/tissueonline.com.br\/longjing-paper-china-inicia-operacao-da-primeira-maquina-de-tissue-andritz-primelinehytad\/?utm_campaign=nova_newsletter_060625&amp;utm_medium=email&amp;utm_source=RD+Station\" style=\"color:blue; text-decoration:underline\"><span style=\"font-size:14.0pt\">Longjing Paper, China, inicia opera&ccedil;&atilde;o da primeira m&aacute;quina de tissue ANDRITZ<\/span><\/a><\/span><\/span><\/span><\/p>\r\n\r\n<p style=\"text-align:justify\"><span style=\"font-size:11pt\"><span style=\"line-height:normal\"><span style=\"font-family:Calibri,sans-serif\"><a href=\"https:\/\/www.fibre2fashion.com\/news\/technical-textiles\/tr-tzschler-s-truecycled-yarn-drives-sustainability-in-lotus-cars-302911-newsdetails.htm\" style=\"color:blue; text-decoration:underline\"><span lang=\"EN-US\" style=\"font-size:14.0pt\">Tr&uuml;tzschler&#39;s TRUECYCLED yarn drives sustainability in Lotus cars<\/span><\/a><\/span><\/span><\/span><\/p>\r\n\r\n<p style=\"text-align:justify\"><span style=\"font-size:11pt\"><span style=\"line-height:normal\"><span style=\"font-family:Calibri,sans-serif\"><b><span style=\"font-size:18.0pt\"><span style=\"font-variant:small-caps\">Eventos<\/span><\/span><\/b><\/span><\/span><\/span><\/p>\r\n\r\n<p style=\"text-align:justify\"><span style=\"font-size:11pt\"><span style=\"line-height:normal\"><span style=\"font-family:Calibri,sans-serif\"><a href=\"https:\/\/abrava.com.br\/compromissos\/workshop-ar-condicionado-automotivo-2\/?utm_campaign=inscreva-se__workshop_ar_condicionado_automotivo&amp;utm_medium=email&amp;utm_source=RD+Station\" style=\"color:blue; text-decoration:underline\"><b><span style=\"font-size:14.0pt\">ABRAVA | Workshop Ar Condicionado Automotivo<\/span><\/b><\/a><span style=\"font-size:14.0pt\">, 14 de junho de 2025, 08h30 &agrave;s 14h30, evento presencial, Av. Rio Branco, 1492, Campos El&iacute;seos, S&atilde;o Paulo, SP, 01206-001<\/span><\/span><\/span><\/span><\/p>\r\n\r\n<p style=\"text-align:justify\"><span style=\"font-size:11pt\"><span style=\"line-height:normal\"><span style=\"font-family:Calibri,sans-serif\"><a href=\"https:\/\/app.rdstation.email\/mail\/ac884aad-2829-4245-9f99-1406c2971afe?utm_campaign=convite_workshop_esg_-_video_palestrante&amp;utm_medium=email&amp;utm_source=RD+Station\" style=\"color:blue; text-decoration:underline\"><b><span style=\"font-size:14.0pt\">Workshop Abit | ESG - Desafios e oportunidades<\/span><\/b><\/a><span style=\"font-size:14.0pt\">, 16 de junho de 2025, 10h &agrave;s 12h, evento h&iacute;brido<\/span><\/span><\/span><\/span><\/p>\r\n\r\n<p style=\"text-align:justify\"><span style=\"font-size:11pt\"><span style=\"line-height:normal\"><span style=\"font-family:Calibri,sans-serif\"><a href=\"https:\/\/crm-apps.apexbrasil.com.br\/orgbdeab873\/inscricao-eventos\/evento\/webserie-direto-do-mercado-2025\/cc48605a-ca58-4ce6-8079-5f3edda10a8e?utm_source=EMarketing&amp;msdynttrid=qllyIhb7ISZbH8JlNC2mzuDV66nhpd_4gD5hRBW5XoA\" style=\"color:blue; text-decoration:underline\"><b><span style=\"font-size:14.0pt\">Apex Brasil | Webs&eacute;rie Direto do Mercado: Edi&ccedil;&atilde;o M&eacute;xico<\/span><\/b><\/a><span style=\"font-size:14.0pt\">, 17 de junho de 2025, 16h30 &agrave;s 18h30, evento on-line<\/span><\/span><\/span><\/span><\/p>\r\n\r\n<p style=\"text-align:justify\"><span style=\"font-size:11pt\"><span style=\"line-height:normal\"><span style=\"font-family:Calibri,sans-serif\"><a href=\"https:\/\/docs.google.com\/forms\/d\/e\/1FAIpQLSfoWadac-7RVAX8VDsDsyYJTGMGfw7HtKw7wYvju1qPZhO57w\/viewform\" style=\"color:blue; text-decoration:underline\"><b><span style=\"font-size:14.0pt\">ABRAFILTROS | O impacto da IA no setor industrial: Presente &amp; Futuro<\/span><\/b><\/a><span style=\"font-size:14.0pt\">, 26 de junho de 2025, 09h00, evento presencial e gratuito<\/span><\/span><\/span><\/span><\/p>\r\n\r\n<p style=\"text-align:justify\"><span style=\"font-size:11pt\"><span style=\"line-height:normal\"><span style=\"font-family:Calibri,sans-serif\"><a href=\"https:\/\/abit.rds.land\/ws-inventarios-de-gees\" style=\"color:blue; text-decoration:underline\"><b><span style=\"font-size:14.0pt\">Workshop Abit | Invent&aacute;rio de GEE e Estrat&eacute;gia de Descarboniza&ccedil;&atilde;o<\/span><\/b><\/a><span style=\"font-size:14.0pt\">, 01 de julho de 2025, 10h &agrave;s 12h, evento online<\/span><\/span><\/span><\/span><\/p>\r\n\r\n<p style=\"text-align:justify\"><span style=\"font-size:11pt\"><span style=\"line-height:normal\"><span style=\"font-family:Calibri,sans-serif\"><a href=\"https:\/\/www.abnteducacao.com.br\/Simbologia_de_cuidados_aplicada_a_Etiquetagem_de_Texteis_ABNT_NBR_NM_ISO_3758\" style=\"color:blue; text-decoration:underline\"><b><span style=\"font-size:14.0pt\">Simbologia de cuidados aplicada a Etiquetagem de T&ecirc;xteis<\/span><\/b><\/a><span style=\"font-size:14.0pt\">, 08 a 11 de julho de 2025<\/span><\/span><\/span><\/span><\/p>\r\n\r\n<p style=\"text-align:justify\"><span style=\"font-size:11pt\"><span style=\"line-height:normal\"><span style=\"font-family:Calibri,sans-serif\"><a href=\"https:\/\/www.abicol.org\/encontro-das-industrias-de-colchoes-2025\/\" style=\"color:blue; text-decoration:underline\"><b><span style=\"font-size:14.0pt\">ABICOL | ENICOL 2025 - Encontro das Ind&uacute;strias de Colch&otilde;es<\/span><\/b><\/a><span style=\"font-size:14.0pt\">, 07 e 08 de agosto, evento presencial, Royal Tulip Bras&iacute;lia Alvorada<\/span><\/span><\/span><\/span><\/p>\r\n\r\n<p style=\"text-align:justify\"><span style=\"font-size:11pt\"><span style=\"line-height:normal\"><span style=\"font-family:Calibri,sans-serif\"><a href=\"https:\/\/sticni.sharepoint.com\/sites\/PublicShare\/Compartilhamentos\/Forms\/AllItems.aspx?id=%2Fsites%2FPublicShare%2FCompartilhamentos%2FCNI%2D133649%2FPrograma%20Imers%C3%B5es%20em%20Ecossistemas%2FImers%C3%A3o%20Finlandia%20em%20Economia%20Circular%2E%201%2Epdf&amp;parent=%2Fsites%2FPublicShare%2FCompartilhamentos%2FCNI%2D133649%2FPrograma%20Imers%C3%B5es%20em%20Ecossistemas&amp;p=true&amp;ga=1\" style=\"color:blue; text-decoration:underline\"><b><span style=\"font-size:14.0pt\">CNI | Imers&atilde;o Finl&acirc;ndia: Uma conex&atilde;o global com a Economia Circular<\/span><\/b><\/a><span style=\"font-size:14.0pt\">, 01 a 05 de setembro de 2025, inscri&ccedil;&otilde;es at&eacute; 10 de agosto de 2025 ou se encerrarem as vagas, cidades destinos: Helsinki (cidade base), Tampere e Espoo.<\/span><\/span><\/span><\/span><\/p>\r\n\r\n<p style=\"text-align:justify\"><span style=\"font-size:11pt\"><span style=\"line-height:normal\"><span style=\"font-family:Calibri,sans-serif\"><a href=\"https:\/\/www.conbrava.com.br\/\" style=\"color:blue; text-decoration:underline\"><b><span style=\"font-size:14.0pt\">CONBRAVA 2025<\/span><\/b><\/a><span style=\"font-size:14.0pt\">, 10 a 12 de setembro de 2025, S&atilde;o Paulo Expo, Rodovia dos Imigrantes, km 1,5<\/span><\/span><\/span><\/span><\/p>\r\n\r\n<p style=\"text-align:justify\"><span style=\"font-size:11pt\"><span style=\"line-height:normal\"><span style=\"font-family:Calibri,sans-serif\"><a href=\"https:\/\/paving.com.br\/\" style=\"color:blue; text-decoration:underline\"><b><span style=\"font-size:14.0pt\">Paving Expo 2025<\/span><\/b><\/a><span style=\"font-size:14.0pt\">, 23 a 25 de setembro de 2025, Distrito Anhembi, Rua Prof. Milton Rodrigues, s\/n, Santana, S&atilde;o Paulo, SP<\/span><\/span><\/span><\/span><\/p>\r\n\r\n<p style=\"text-align:justify\"><span style=\"font-size:11pt\"><span style=\"line-height:normal\"><span style=\"font-family:Calibri,sans-serif\"><a href=\"https:\/\/www.instagram.com\/sobeccnacional\/p\/DA1V8NZyhNK\/?img_index=1\" style=\"color:blue; text-decoration:underline\"><b><span style=\"font-size:14.0pt\">17&ordm; Congresso Brasileiro de Enfermagem em Centro Cir&uacute;rgico: &ldquo;O poder de cuidar&rdquo;<\/span><\/b><\/a><span style=\"font-size:14.0pt\">, 01 a 03 de outubro de 2025, Transamerica Expo Center, S&atilde;o Paulo, SP<\/span><\/span><\/span><\/span><\/p>\r\n\r\n<p style=\"text-align:justify\"><span style=\"font-size:11pt\"><span style=\"line-height:normal\"><span style=\"font-family:Calibri,sans-serif\"><a href=\"https:\/\/www.abrafiltros.org.br\/3o-seminario-brasileiro-de-filtros-acontecera-no-dia-08-de-outubro\/\" style=\"color:blue; text-decoration:underline\"><b><span style=\"font-size:14.0pt\">3&ordm; Semin&aacute;rio Brasileiro de Filtros<\/span><\/b><\/a><span style=\"font-size:14.0pt\">, 08 de outubro de 2025, evento presencial<\/span><\/span><\/span><\/span><\/p>\r\n\r\n<p style=\"text-align:justify\"><span style=\"font-size:11pt\"><span style=\"line-height:normal\"><span style=\"font-family:Calibri,sans-serif\"><a href=\"https:\/\/hospitalmed.com.br\/feira\/\" style=\"color:blue; text-decoration:underline\"><b><span style=\"font-size:14.0pt\">HospitalMed 2025<\/span><\/b><\/a><span style=\"font-size:14.0pt\">, 22 a 24 de outubro, Pernambuco Centro de Conven&ccedil;&otilde;es, Olinda<\/span><\/span><\/span><\/span><\/p>\r\n\r\n<p style=\"text-align:justify\"><span style=\"font-size:11pt\"><span style=\"line-height:normal\"><span style=\"font-family:Calibri,sans-serif\"><a href=\"https:\/\/www.congressoabit.com.br\/\" style=\"color:blue; text-decoration:underline\"><b><span style=\"font-size:14.0pt\">Congresso Internacional Abit 2025<\/span><\/b><\/a><span style=\"font-size:14.0pt\">, 29 e 30 de outubro, 08h &agrave;s 20h, FIESP, S&atilde;o Paulo, SP<\/span><\/span><\/span><\/span><\/p>\r\n\r\n<p style=\"text-align:justify\"><span style=\"font-size:11pt\"><span style=\"line-height:normal\"><span style=\"font-family:Calibri,sans-serif\"><a href=\"https:\/\/filtech.de\/\" style=\"color:blue; text-decoration:underline\"><b><span style=\"font-size:14.0pt\">Filtech 2026<\/span><\/b><\/a><span style=\"font-size:14.0pt\">, de 30 de junho a 2 de julho, Cologne, Alemanha<\/span><\/span><\/span><\/span><\/p>\r\n\r\n<p style=\"text-align:justify\"><span style=\"font-size:28pt\"><span style=\"font-family:Cambria,serif\"><span style=\"letter-spacing:-0.5pt\"><b><span lang=\"EN-US\" style=\"font-size:18.0pt\"><span calibri=\"\" style=\"font-family:\"><span style=\"font-variant:small-caps\">Setor<\/span><\/span><\/span><\/b><\/span><\/span><\/span><\/p>\r\n\r\n<p style=\"text-align:justify\"><span style=\"font-size:11pt\"><span style=\"line-height:normal\"><span style=\"font-family:Calibri,sans-serif\"><a href=\"https:\/\/www.reuters.com\/world\/china\/eu-backs-curbs-chinese-medical-device-firms-bidding-public-tenders-2025-06-02\/?utm_source=Sailthru&amp;utm_medium=email&amp;utm_campaign=Issue:%202025-06-03%20MedTech%20Dive%20%5Bissue:73703%5D&amp;utm_term=MedTech%20Dive\" style=\"color:blue; text-decoration:underline\"><span lang=\"EN-US\" style=\"font-size:14.0pt\">EU backs curbs on Chinese medical device firms in public tenders<\/span><\/a><\/span><\/span><\/span><\/p>\r\n\r\n<p style=\"text-align:justify\"><span style=\"font-size:11pt\"><span style=\"line-height:normal\"><span style=\"font-family:Calibri,sans-serif\"><a href=\"https:\/\/www.youtube.com\/watch?v=bolOLxaPruk\" style=\"color:blue; text-decoration:underline\"><span style=\"font-size:14.0pt\">Como a CME impulsiona resultados cl&iacute;nicos e financeiros no centro cir&uacute;rgico<\/span><\/a><\/span><\/span><\/span><\/p>\r\n\r\n<p style=\"text-align:justify\"><span style=\"font-size:11pt\"><span style=\"line-height:normal\"><span style=\"font-family:Calibri,sans-serif\"><a href=\"https:\/\/www.revistaplasticosul.com.br\/sustentabilidade\/e-formada-a-mesa-latino-americana-do-pvc\/\" style=\"color:blue; text-decoration:underline\"><span style=\"font-size:14.0pt\">&Eacute; formada a Mesa Latino-Americana do PVC<\/span><\/a><\/span><\/span><\/span><\/p>\r\n\r\n<p style=\"text-align:justify\"><span style=\"font-size:11pt\"><span style=\"line-height:normal\"><span style=\"font-family:Calibri,sans-serif\"><a href=\"https:\/\/www2.recife.pe.gov.br\/noticias\/06\/06\/2025\/encosta-na-bomba-do-hemeterio-e-protegida-com-aplicacao-de-geomanta\" style=\"color:blue; text-decoration:underline\"><span style=\"font-size:14.0pt\">Recife, PE: Encosta na Bomba do Hemet&eacute;rio &eacute; protegida com aplica&ccedil;&atilde;o de geomanta<\/span><\/a><\/span><\/span><\/span><\/p>\r\n\r\n<p style=\"text-align:justify\"><span style=\"font-size:11pt\"><span style=\"line-height:normal\"><span style=\"font-family:Calibri,sans-serif\"><a href=\"https:\/\/plasticosemrevista.com.br\/pet-alpek-fecha-fabrica-de-baixa-escala-nos-eua\/\" style=\"color:blue; text-decoration:underline\"><span style=\"font-size:14.0pt\">PET: Alpek fecha f&aacute;brica de baixa escala nos EUA<\/span><\/a><\/span><\/span><\/span><\/p>\r\n\r\n<p style=\"text-align:justify\"><span style=\"font-size:11pt\"><span style=\"line-height:normal\"><span style=\"font-family:Calibri,sans-serif\"><a href=\"https:\/\/tissueonline.com.br\/suzano-e-kimberly-clark-anunciam-criacao-de-empresa-global-de-tissue-com-atuacao-em-mais-de-70-paises\/\" style=\"color:blue; text-decoration:underline\"><span style=\"font-size:14.0pt\">Suzano e Kimberly-Clark anunciam cria&ccedil;&atilde;o de empresa global de tissue com atua&ccedil;&atilde;o em mais de 70 pa&iacute;ses<\/span><\/a><\/span><\/span><\/span><\/p>\r\n\r\n<p style=\"text-align:justify\"><span style=\"font-size:11pt\"><span style=\"line-height:normal\"><span style=\"font-family:Calibri,sans-serif\"><a href=\"https:\/\/br.investing.com\/news\/company-news\/dow-vende-participacao-em-joint-venture-de-compositos-para-a-aksa-akrilik-93CH-1570121\" style=\"color:blue; text-decoration:underline\"><span style=\"font-size:14.0pt\">Dow vende participa&ccedil;&atilde;o em joint venture de comp&oacute;sitos para a Aksa Akrilik<\/span><\/a><\/span><\/span><\/span><\/p>\r\n\r\n<p style=\"text-align:justify\"><span style=\"font-size:28pt\"><span style=\"font-family:Cambria,serif\"><span style=\"letter-spacing:-0.5pt\"><b><span style=\"font-size:18.0pt\"><span calibri=\"\" style=\"font-family:\"><span style=\"font-variant:small-caps\">Ind&uacute;stria<\/span><\/span><\/span><\/b><\/span><\/span><\/span><\/p>\r\n\r\n<p style=\"text-align:justify\"><span style=\"font-size:11pt\"><span style=\"line-height:normal\"><span style=\"font-family:Calibri,sans-serif\"><a href=\"https:\/\/www.portaldenoticias.com.br\/noticia\/38685\/sao-jeronimo-rs\/economia\/industria-acumula-crescimento-de-1-4-em-2025-apos-quarta-alta-consecutiva.html\" style=\"color:blue; text-decoration:underline\"><span style=\"font-size:14.0pt\">Ind&uacute;stria acumula crescimento de 1,4% em 2025, ap&oacute;s quarta alta consecutiva<\/span><\/a><\/span><\/span><\/span><\/p>\r\n\r\n<p style=\"text-align:justify\"><span style=\"font-size:11pt\"><span style=\"line-height:normal\"><span style=\"font-family:Calibri,sans-serif\"><a href=\"https:\/\/www.agazeta.com.br\/artigos\/reindustrializacao-comeca-com-incentivo-a-inovacao-nacional-0625\" style=\"color:blue; text-decoration:underline\"><span style=\"font-size:14.0pt\">Reindustrializa&ccedil;&atilde;o come&ccedil;a com incentivo &agrave; inova&ccedil;&atilde;o nacional<\/span><\/a><\/span><\/span><\/span><\/p>\r\n\r\n<p style=\"text-align:justify\"><span style=\"font-size:11pt\"><span style=\"line-height:normal\"><span style=\"font-family:Calibri,sans-serif\"><a href=\"https:\/\/noticias.portaldaindustria.com.br\/noticias\/institucional\/em-genebra-presidente-da-cni-defende-modernizacao-da-lei-trabalhista-no-brasil\/\" style=\"color:blue; text-decoration:underline\"><span style=\"font-size:14.0pt\">Em Genebra, presidente da CNI defende moderniza&ccedil;&atilde;o da Lei Trabalhista no Brasil<\/span><\/a><\/span><\/span><\/span><\/p>\r\n\r\n<p style=\"text-align:justify\"><span style=\"font-size:11pt\"><span style=\"line-height:normal\"><span style=\"font-family:Calibri,sans-serif\"><a href=\"https:\/\/apexbrasil.com.br\/br\/pt\/conteudo\/noticias\/primeiro-forum-de-investimentos-brasil---uniao-europeia-reforca-.html#msdynttrid=rTKJiJ2c87W6krk8rsUzT28NEbIaJvxufkqcQnxMUlA\" style=\"color:blue; text-decoration:underline\"><span style=\"font-size:14.0pt\">Primeiro F&oacute;rum de Investimentos Brasil &ndash; Uni&atilde;o Europeia refor&ccedil;a expectativas em torno da ratifica&ccedil;&atilde;o do acordo entre Mercosul e o bloco europeu<\/span><\/a><\/span><\/span><\/span><\/p>\r\n\r\n<p style=\"text-align:justify\"><span style=\"font-size:11pt\"><span style=\"line-height:normal\"><span style=\"font-family:Calibri,sans-serif\"><a href=\"https:\/\/apexbrasil.com.br\/br\/pt\/conteudo\/noticias\/forum-economico-franca-brasil--empresarios-franceses-sinalizam-q.html#msdynttrid=n3zLe7_zrI9v0HfHOlQ_1GvNjVwMa8vgZu9ZEo35bSc\" style=\"color:blue; text-decoration:underline\"><span style=\"font-size:14.0pt\">F&oacute;rum Econ&ocirc;mico Fran&ccedil;a-Brasil: empres&aacute;rios franceses sinalizam que investimentos no Brasil podem chegar a R$ 100 bilh&otilde;es em cinco anos<\/span><\/a><\/span><\/span><\/span><\/p>\r\n\r\n<p style=\"text-align:justify\"><span style=\"font-size:28pt\"><span style=\"font-family:Cambria,serif\"><span style=\"letter-spacing:-0.5pt\"><b><span style=\"font-size:18.0pt\"><span calibri=\"\" style=\"font-family:\"><span style=\"font-variant:small-caps\">Sustentabilidade<\/span><\/span><\/span><\/b><\/span><\/span><\/span><\/p>\r\n\r\n<p style=\"text-align:justify\"><span style=\"font-size:11pt\"><span style=\"line-height:normal\"><span style=\"font-family:Calibri,sans-serif\"><a href=\"https:\/\/plasticosemrevista.com.br\/eua-governo-trump-corta-recursos-para-reciclagem-quimica\/\" style=\"color:blue; text-decoration:underline\"><span style=\"font-size:14.0pt\">EUA: governo Trump corta recursos para reciclagem qu&iacute;mica<\/span><\/a><\/span><\/span><\/span><\/p>\r\n\r\n<p style=\"text-align:justify\"><span style=\"font-size:11pt\"><span style=\"line-height:normal\"><span style=\"font-family:Calibri,sans-serif\"><a href=\"https:\/\/www.autodata.com.br\/noticias\/2025\/06\/06\/toyota-lanca-oculos-de-sol-produzido-com-residuos-reaproveitados-da-producao\/89312\/\" style=\"color:blue; text-decoration:underline\"><span style=\"font-size:14.0pt\">Polipropileno: Toyota lan&ccedil;a &oacute;culos de sol produzido com res&iacute;duos reaproveitados da produ&ccedil;&atilde;o<\/span><\/a> <\/span><\/span><\/span><\/p>\r\n\r\n<p style=\"text-align:justify\"><span style=\"font-size:11pt\"><span style=\"line-height:normal\"><span style=\"font-family:Calibri,sans-serif\"><a href=\"https:\/\/greencircle.ch\/de\/energie\/experten-schaetzen-ein-was-kostet-eine-tonne-co\" style=\"color:blue; text-decoration:underline\"><span style=\"font-size:14.0pt\">Quanto custa uma tonelada de CO\u2082?<\/span><\/a><\/span><\/span><\/span><\/p>\r\n\r\n<p style=\"text-align:justify\"><span style=\"font-size:28pt\"><span style=\"font-family:Cambria,serif\"><span style=\"letter-spacing:-0.5pt\"><b><span style=\"font-size:18.0pt\"><span calibri=\"\" style=\"font-family:\"><span style=\"font-variant:small-caps\">Inova&ccedil;&atilde;o<\/span><\/span><\/span><\/b><\/span><\/span><\/span><\/p>\r\n\r\n<p style=\"text-align:justify\"><span style=\"font-size:11pt\"><span style=\"line-height:normal\"><span style=\"font-family:Calibri,sans-serif\"><a href=\"https:\/\/portalpersonalcare.com.br\/eth-zurich-desenvolve-absorvente-inteligente-que-ajuda-a-identificar-doencas\/?utm_campaign=newsletter_04062025&amp;utm_medium=email&amp;utm_source=RD+Station\" style=\"color:blue; text-decoration:underline\"><span style=\"font-size:14.0pt\">ETH Zurich desenvolve absorvente inteligente que ajuda a identificar doen&ccedil;as<\/span><\/a><\/span><\/span><\/span><\/p>\r\n\r\n<p style=\"text-align:justify\"><span style=\"font-size:11pt\"><span style=\"line-height:normal\"><span style=\"font-family:Calibri,sans-serif\"><a href=\"https:\/\/exame.com\/ciencia\/pesquisadores-japoneses-criam-plastico-que-se-dissolve-em-agua-salgada-entenda\/\" style=\"color:blue; text-decoration:underline\"><span style=\"font-size:14.0pt\">Pesquisadores japoneses criam pl&aacute;stico que se dissolve em &aacute;gua salgada; entenda<\/span><\/a><\/span><\/span><\/span><\/p>\r\n\r\n<p style=\"text-align:justify\"><span style=\"font-size:11pt\"><span style=\"line-height:normal\"><span style=\"font-family:Calibri,sans-serif\"><a href=\"https:\/\/www.inovacaotecnologica.com.br\/noticias\/noticia.php?artigo=la-metalica-abre-caminho-baterias-futuro&amp;id=010115250609&amp;ebol=sim\" style=\"color:blue; text-decoration:underline\"><span style=\"font-size:14.0pt\">L&atilde; met&aacute;lica abre caminho para baterias do futuro<\/span><\/a><\/span><\/span><\/span><\/p>\r\n\r\n<p style=\"text-align:justify\"><span style=\"font-size:11pt\"><span style=\"line-height:normal\"><span style=\"font-family:Calibri,sans-serif\"><a href=\"https:\/\/noticias.portaldaindustria.com.br\/noticias\/inovacao-e-tecnologia\/cni-e-sebrae-lancam-a-jornada-nacional-de-inovacao-da-industria\/\" style=\"color:blue; text-decoration:underline\"><span style=\"font-size:14.0pt\">CNI e Sebrae lan&ccedil;am a Jornada Nacional de Inova&ccedil;&atilde;o da Ind&uacute;stria<\/span><\/a><\/span><\/span><\/span><\/p>\r\n\r\n<p style=\"text-align:justify\"><span style=\"font-size:28pt\"><span style=\"font-family:Cambria,serif\"><span style=\"letter-spacing:-0.5pt\"><b><span style=\"font-size:18.0pt\"><span calibri=\"\" style=\"font-family:\"><span style=\"font-variant:small-caps\">Com&eacute;rcio Exterior<\/span><\/span><\/span><\/b><\/span><\/span><\/span><\/p>\r\n\r\n<p style=\"text-align:justify\"><span style=\"font-size:11pt\"><span style=\"line-height:normal\"><span style=\"font-family:Calibri,sans-serif\"><a href=\"https:\/\/www.cnnbrasil.com.br\/economia\/macroeconomia\/acordo-mercosul-uniao-europeia-ganha-forca-com-guerra-tarifaria-dos-eua\/\" style=\"color:blue; text-decoration:underline\"><span style=\"font-size:14.0pt\">Acordo Mercosul-UE ganha for&ccedil;a com tarifas dos EUA, dizem analistas<\/span><\/a><\/span><\/span><\/span><\/p>\r\n\r\n<p style=\"text-align:justify\"><span style=\"font-size:11pt\"><span style=\"line-height:normal\"><span style=\"font-family:Calibri,sans-serif\"><a href=\"https:\/\/g1.globo.com\/economia\/noticia\/2025\/06\/06\/eua-e-china-encontro.ghtml\" style=\"color:blue; text-decoration:underline\"><span style=\"font-size:14.0pt\">EUA e China v&atilde;o se encontrar na pr&oacute;xima semana para tratar sobre acordo comercial, diz Trump<\/span><\/a><\/span><\/span><\/span><\/p>\r\n\r\n<p style=\"text-align:justify\"><span style=\"font-size:11pt\"><span style=\"line-height:normal\"><span style=\"font-family:Calibri,sans-serif\"><a href=\"https:\/\/www.infomoney.com.br\/mercados\/pg-vai-demitir-7-000-em-meio-a-incerteza-tarifaria\/\" style=\"color:blue; text-decoration:underline\"><span style=\"font-size:14.0pt\">P&amp;G vai demitir 7.000 em meio &agrave; incerteza tarif&aacute;ria<\/span><\/a><\/span><\/span><\/span><\/p>\r\n\r\n<p style=\"text-align:justify\"><span style=\"font-size:28pt\"><span style=\"font-family:Cambria,serif\"><span style=\"letter-spacing:-0.5pt\"><b><span style=\"font-size:18.0pt\"><span calibri=\"\" style=\"font-family:\"><span style=\"font-variant:small-caps\">Economia<\/span><\/span><\/span><\/b><\/span><\/span><\/span><\/p>\r\n\r\n<p style=\"text-align:justify\"><span style=\"font-size:11pt\"><span style=\"line-height:normal\"><span style=\"font-family:Calibri,sans-serif\"><a href=\"https:\/\/www.bcb.gov.br\/content\/focus\/focus\/R20250606.pdf\" style=\"color:blue; text-decoration:underline\"><span style=\"font-size:14.0pt\">Focus - Relat&oacute;rio de Mercado<\/span><\/a><\/span><\/span><\/span><\/p>\r\n\r\n<p style=\"text-align:justify\"><span style=\"font-size:11pt\"><span style=\"line-height:normal\"><span style=\"font-family:Calibri,sans-serif\"><a href=\"https:\/\/portalibre.fgv.br\/noticias\/governos-subnacionais-se-tornam-protagonistas-do-impasse-fiscal-brasileiro\" style=\"color:blue; text-decoration:underline\"><span style=\"font-size:14.0pt\">Governos subnacionais se tornam protagonistas do impasse fiscal brasileiro<\/span><\/a><\/span><\/span><\/span><\/p>\r\n\r\n<p style=\"text-align:justify\"><span style=\"font-size:11pt\"><span style=\"line-height:normal\"><span style=\"font-family:Calibri,sans-serif\"><a href=\"https:\/\/noticias.portaldaindustria.com.br\/noticias\/podcasts\/emprego-cai-e-setor-industrial-acende-alerta-vermelho-ep156-economia-em-60-segundos\/\" style=\"color:blue; text-decoration:underline\"><span style=\"font-size:14.0pt\">Emprego cai e setor industrial acende alerta vermelho (Ep.#156) | Economia em 60 segundos<\/span><\/a><\/span><\/span><\/span><\/p>\r\n\r\n<p style=\"text-align:justify\"><span style=\"font-size:11pt\"><span style=\"line-height:normal\"><span style=\"font-family:Calibri,sans-serif\"><img src=\"https:\/\/www.abint.org.br\/assets\/img\/editor\/redes-sociais-abint-ctg-cth_20250610164521Me6phPlAL1.jpg\" \/><\/span><\/span><\/span><\/p>\r\n","6":"<p style=\"text-align:justify\"><span style=\"font-size:11pt\"><span style=\"line-height:normal\"><span style=\"font-family:Calibri,sans-serif\"><span style=\"font-size:14.0pt\">Esta &eacute; uma compila&ccedil;&atilde;o das not&iacute;cias mais relevantes para o setor, incluindo informa&ccedil;&otilde;es sobre acordos internacionais, economia brasileira, sustentabilidade e mat&eacute;rias primas, al&eacute;m de novidades do setor de N&atilde;otecidos e Tecidos T&eacute;cnicos.<\/span><\/span><\/span><\/span><\/p>\r\n\r\n<p style=\"text-align:justify\"><span style=\"font-size:28pt\"><span style=\"font-family:Cambria,serif\"><span style=\"letter-spacing:-0.5pt\"><b><span style=\"font-size:18.0pt\"><span calibri=\"\" style=\"font-family:\"><span style=\"font-variant:small-caps\">Not&iacute;cias das Associada<\/span><\/span><\/span><\/b><\/span><\/span><\/span><\/p>\r\n\r\n<p style=\"text-align:justify\"><span style=\"font-size:11pt\"><span style=\"line-height:normal\"><span style=\"font-family:Calibri,sans-serif\"><a href=\"https:\/\/brasilmineral.com.br\/noticias\/andritz-adquire-operacoes-da-diamond-power-international\" style=\"color:blue; text-decoration:underline\"><span style=\"font-size:14.0pt\">ANDRITZ adquire opera&ccedil;&otilde;es da Diamond Power International<\/span><\/a><\/span><\/span><\/span><\/p>\r\n\r\n<p style=\"text-align:justify\"><span style=\"font-size:11pt\"><span style=\"line-height:normal\"><span style=\"font-family:Calibri,sans-serif\"><a href=\"https:\/\/tissueonline.com.br\/longjing-paper-china-inicia-operacao-da-primeira-maquina-de-tissue-andritz-primelinehytad\/?utm_campaign=nova_newsletter_060625&amp;utm_medium=email&amp;utm_source=RD+Station\" style=\"color:blue; text-decoration:underline\"><span style=\"font-size:14.0pt\">Longjing Paper, China, inicia opera&ccedil;&atilde;o da primeira m&aacute;quina de tissue ANDRITZ<\/span><\/a><\/span><\/span><\/span><\/p>\r\n\r\n<p style=\"text-align:justify\"><span style=\"font-size:11pt\"><span style=\"line-height:normal\"><span style=\"font-family:Calibri,sans-serif\"><a href=\"https:\/\/www.fibre2fashion.com\/news\/technical-textiles\/tr-tzschler-s-truecycled-yarn-drives-sustainability-in-lotus-cars-302911-newsdetails.htm\" style=\"color:blue; text-decoration:underline\"><span lang=\"EN-US\" style=\"font-size:14.0pt\">Tr&uuml;tzschler&#39;s TRUECYCLED yarn drives sustainability in Lotus cars<\/span><\/a><\/span><\/span><\/span><\/p>\r\n\r\n<p style=\"text-align:justify\"><span style=\"font-size:11pt\"><span style=\"line-height:normal\"><span style=\"font-family:Calibri,sans-serif\"><b><span style=\"font-size:18.0pt\"><span style=\"font-variant:small-caps\">Eventos<\/span><\/span><\/b><\/span><\/span><\/span><\/p>\r\n\r\n<p style=\"text-align:justify\"><span style=\"font-size:11pt\"><span style=\"line-height:normal\"><span style=\"font-family:Calibri,sans-serif\"><a href=\"https:\/\/abrava.com.br\/compromissos\/workshop-ar-condicionado-automotivo-2\/?utm_campaign=inscreva-se__workshop_ar_condicionado_automotivo&amp;utm_medium=email&amp;utm_source=RD+Station\" style=\"color:blue; text-decoration:underline\"><b><span style=\"font-size:14.0pt\">ABRAVA | Workshop Ar Condicionado Automotivo<\/span><\/b><\/a><span style=\"font-size:14.0pt\">, 14 de junho de 2025, 08h30 &agrave;s 14h30, evento presencial, Av. Rio Branco, 1492, Campos El&iacute;seos, S&atilde;o Paulo, SP, 01206-001<\/span><\/span><\/span><\/span><\/p>\r\n\r\n<p style=\"text-align:justify\"><span style=\"font-size:11pt\"><span style=\"line-height:normal\"><span style=\"font-family:Calibri,sans-serif\"><a href=\"https:\/\/app.rdstation.email\/mail\/ac884aad-2829-4245-9f99-1406c2971afe?utm_campaign=convite_workshop_esg_-_video_palestrante&amp;utm_medium=email&amp;utm_source=RD+Station\" style=\"color:blue; text-decoration:underline\"><b><span style=\"font-size:14.0pt\">Workshop Abit | ESG - Desafios e oportunidades<\/span><\/b><\/a><span style=\"font-size:14.0pt\">, 16 de junho de 2025, 10h &agrave;s 12h, evento h&iacute;brido<\/span><\/span><\/span><\/span><\/p>\r\n\r\n<p style=\"text-align:justify\"><span style=\"font-size:11pt\"><span style=\"line-height:normal\"><span style=\"font-family:Calibri,sans-serif\"><a href=\"https:\/\/crm-apps.apexbrasil.com.br\/orgbdeab873\/inscricao-eventos\/evento\/webserie-direto-do-mercado-2025\/cc48605a-ca58-4ce6-8079-5f3edda10a8e?utm_source=EMarketing&amp;msdynttrid=qllyIhb7ISZbH8JlNC2mzuDV66nhpd_4gD5hRBW5XoA\" style=\"color:blue; text-decoration:underline\"><b><span style=\"font-size:14.0pt\">Apex Brasil | Webs&eacute;rie Direto do Mercado: Edi&ccedil;&atilde;o M&eacute;xico<\/span><\/b><\/a><span style=\"font-size:14.0pt\">, 17 de junho de 2025, 16h30 &agrave;s 18h30, evento on-line<\/span><\/span><\/span><\/span><\/p>\r\n\r\n<p style=\"text-align:justify\"><span style=\"font-size:11pt\"><span style=\"line-height:normal\"><span style=\"font-family:Calibri,sans-serif\"><a href=\"https:\/\/docs.google.com\/forms\/d\/e\/1FAIpQLSfoWadac-7RVAX8VDsDsyYJTGMGfw7HtKw7wYvju1qPZhO57w\/viewform\" style=\"color:blue; text-decoration:underline\"><b><span style=\"font-size:14.0pt\">ABRAFILTROS | O impacto da IA no setor industrial: Presente &amp; Futuro<\/span><\/b><\/a><span style=\"font-size:14.0pt\">, 26 de junho de 2025, 09h00, evento presencial e gratuito<\/span><\/span><\/span><\/span><\/p>\r\n\r\n<p style=\"text-align:justify\"><span style=\"font-size:11pt\"><span style=\"line-height:normal\"><span style=\"font-family:Calibri,sans-serif\"><a href=\"https:\/\/abit.rds.land\/ws-inventarios-de-gees\" style=\"color:blue; text-decoration:underline\"><b><span style=\"font-size:14.0pt\">Workshop Abit | Invent&aacute;rio de GEE e Estrat&eacute;gia de Descarboniza&ccedil;&atilde;o<\/span><\/b><\/a><span style=\"font-size:14.0pt\">, 01 de julho de 2025, 10h &agrave;s 12h, evento online<\/span><\/span><\/span><\/span><\/p>\r\n\r\n<p style=\"text-align:justify\"><span style=\"font-size:11pt\"><span style=\"line-height:normal\"><span style=\"font-family:Calibri,sans-serif\"><a href=\"https:\/\/www.abnteducacao.com.br\/Simbologia_de_cuidados_aplicada_a_Etiquetagem_de_Texteis_ABNT_NBR_NM_ISO_3758\" style=\"color:blue; text-decoration:underline\"><b><span style=\"font-size:14.0pt\">Simbologia de cuidados aplicada a Etiquetagem de T&ecirc;xteis<\/span><\/b><\/a><span style=\"font-size:14.0pt\">, 08 a 11 de julho de 2025<\/span><\/span><\/span><\/span><\/p>\r\n\r\n<p style=\"text-align:justify\"><span style=\"font-size:11pt\"><span style=\"line-height:normal\"><span style=\"font-family:Calibri,sans-serif\"><a href=\"https:\/\/www.abicol.org\/encontro-das-industrias-de-colchoes-2025\/\" style=\"color:blue; text-decoration:underline\"><b><span style=\"font-size:14.0pt\">ABICOL | ENICOL 2025 - Encontro das Ind&uacute;strias de Colch&otilde;es<\/span><\/b><\/a><span style=\"font-size:14.0pt\">, 07 e 08 de agosto, evento presencial, Royal Tulip Bras&iacute;lia Alvorada<\/span><\/span><\/span><\/span><\/p>\r\n\r\n<p style=\"text-align:justify\"><span style=\"font-size:11pt\"><span style=\"line-height:normal\"><span style=\"font-family:Calibri,sans-serif\"><a href=\"https:\/\/sticni.sharepoint.com\/sites\/PublicShare\/Compartilhamentos\/Forms\/AllItems.aspx?id=%2Fsites%2FPublicShare%2FCompartilhamentos%2FCNI%2D133649%2FPrograma%20Imers%C3%B5es%20em%20Ecossistemas%2FImers%C3%A3o%20Finlandia%20em%20Economia%20Circular%2E%201%2Epdf&amp;parent=%2Fsites%2FPublicShare%2FCompartilhamentos%2FCNI%2D133649%2FPrograma%20Imers%C3%B5es%20em%20Ecossistemas&amp;p=true&amp;ga=1\" style=\"color:blue; text-decoration:underline\"><b><span style=\"font-size:14.0pt\">CNI | Imers&atilde;o Finl&acirc;ndia: Uma conex&atilde;o global com a Economia Circular<\/span><\/b><\/a><span style=\"font-size:14.0pt\">, 01 a 05 de setembro de 2025, inscri&ccedil;&otilde;es at&eacute; 10 de agosto de 2025 ou se encerrarem as vagas, cidades destinos: Helsinki (cidade base), Tampere e Espoo.<\/span><\/span><\/span><\/span><\/p>\r\n\r\n<p style=\"text-align:justify\"><span style=\"font-size:11pt\"><span style=\"line-height:normal\"><span style=\"font-family:Calibri,sans-serif\"><a href=\"https:\/\/www.conbrava.com.br\/\" style=\"color:blue; text-decoration:underline\"><b><span style=\"font-size:14.0pt\">CONBRAVA 2025<\/span><\/b><\/a><span style=\"font-size:14.0pt\">, 10 a 12 de setembro de 2025, S&atilde;o Paulo Expo, Rodovia dos Imigrantes, km 1,5<\/span><\/span><\/span><\/span><\/p>\r\n\r\n<p style=\"text-align:justify\"><span style=\"font-size:11pt\"><span style=\"line-height:normal\"><span style=\"font-family:Calibri,sans-serif\"><a href=\"https:\/\/paving.com.br\/\" style=\"color:blue; text-decoration:underline\"><b><span style=\"font-size:14.0pt\">Paving Expo 2025<\/span><\/b><\/a><span style=\"font-size:14.0pt\">, 23 a 25 de setembro de 2025, Distrito Anhembi, Rua Prof. Milton Rodrigues, s\/n, Santana, S&atilde;o Paulo, SP<\/span><\/span><\/span><\/span><\/p>\r\n\r\n<p style=\"text-align:justify\"><span style=\"font-size:11pt\"><span style=\"line-height:normal\"><span style=\"font-family:Calibri,sans-serif\"><a href=\"https:\/\/www.instagram.com\/sobeccnacional\/p\/DA1V8NZyhNK\/?img_index=1\" style=\"color:blue; text-decoration:underline\"><b><span style=\"font-size:14.0pt\">17&ordm; Congresso Brasileiro de Enfermagem em Centro Cir&uacute;rgico: &ldquo;O poder de cuidar&rdquo;<\/span><\/b><\/a><span style=\"font-size:14.0pt\">, 01 a 03 de outubro de 2025, Transamerica Expo Center, S&atilde;o Paulo, SP<\/span><\/span><\/span><\/span><\/p>\r\n\r\n<p style=\"text-align:justify\"><span style=\"font-size:11pt\"><span style=\"line-height:normal\"><span style=\"font-family:Calibri,sans-serif\"><a href=\"https:\/\/www.abrafiltros.org.br\/3o-seminario-brasileiro-de-filtros-acontecera-no-dia-08-de-outubro\/\" style=\"color:blue; text-decoration:underline\"><b><span style=\"font-size:14.0pt\">3&ordm; Semin&aacute;rio Brasileiro de Filtros<\/span><\/b><\/a><span style=\"font-size:14.0pt\">, 08 de outubro de 2025, evento presencial<\/span><\/span><\/span><\/span><\/p>\r\n\r\n<p style=\"text-align:justify\"><span style=\"font-size:11pt\"><span style=\"line-height:normal\"><span style=\"font-family:Calibri,sans-serif\"><a href=\"https:\/\/hospitalmed.com.br\/feira\/\" style=\"color:blue; text-decoration:underline\"><b><span style=\"font-size:14.0pt\">HospitalMed 2025<\/span><\/b><\/a><span style=\"font-size:14.0pt\">, 22 a 24 de outubro, Pernambuco Centro de Conven&ccedil;&otilde;es, Olinda<\/span><\/span><\/span><\/span><\/p>\r\n\r\n<p style=\"text-align:justify\"><span style=\"font-size:11pt\"><span style=\"line-height:normal\"><span style=\"font-family:Calibri,sans-serif\"><a href=\"https:\/\/www.congressoabit.com.br\/\" style=\"color:blue; text-decoration:underline\"><b><span style=\"font-size:14.0pt\">Congresso Internacional Abit 2025<\/span><\/b><\/a><span style=\"font-size:14.0pt\">, 29 e 30 de outubro, 08h &agrave;s 20h, FIESP, S&atilde;o Paulo, SP<\/span><\/span><\/span><\/span><\/p>\r\n\r\n<p style=\"text-align:justify\"><span style=\"font-size:11pt\"><span style=\"line-height:normal\"><span style=\"font-family:Calibri,sans-serif\"><a href=\"https:\/\/filtech.de\/\" style=\"color:blue; text-decoration:underline\"><b><span style=\"font-size:14.0pt\">Filtech 2026<\/span><\/b><\/a><span style=\"font-size:14.0pt\">, de 30 de junho a 2 de julho, Cologne, Alemanha<\/span><\/span><\/span><\/span><\/p>\r\n\r\n<p style=\"text-align:justify\"><span style=\"font-size:28pt\"><span style=\"font-family:Cambria,serif\"><span style=\"letter-spacing:-0.5pt\"><b><span lang=\"EN-US\" style=\"font-size:18.0pt\"><span calibri=\"\" style=\"font-family:\"><span style=\"font-variant:small-caps\">Setor<\/span><\/span><\/span><\/b><\/span><\/span><\/span><\/p>\r\n\r\n<p style=\"text-align:justify\"><span style=\"font-size:11pt\"><span style=\"line-height:normal\"><span style=\"font-family:Calibri,sans-serif\"><a href=\"https:\/\/www.reuters.com\/world\/china\/eu-backs-curbs-chinese-medical-device-firms-bidding-public-tenders-2025-06-02\/?utm_source=Sailthru&amp;utm_medium=email&amp;utm_campaign=Issue:%202025-06-03%20MedTech%20Dive%20%5Bissue:73703%5D&amp;utm_term=MedTech%20Dive\" style=\"color:blue; text-decoration:underline\"><span lang=\"EN-US\" style=\"font-size:14.0pt\">EU backs curbs on Chinese medical device firms in public tenders<\/span><\/a><\/span><\/span><\/span><\/p>\r\n\r\n<p style=\"text-align:justify\"><span style=\"font-size:11pt\"><span style=\"line-height:normal\"><span style=\"font-family:Calibri,sans-serif\"><a href=\"https:\/\/www.youtube.com\/watch?v=bolOLxaPruk\" style=\"color:blue; text-decoration:underline\"><span style=\"font-size:14.0pt\">Como a CME impulsiona resultados cl&iacute;nicos e financeiros no centro cir&uacute;rgico<\/span><\/a><\/span><\/span><\/span><\/p>\r\n\r\n<p style=\"text-align:justify\"><span style=\"font-size:11pt\"><span style=\"line-height:normal\"><span style=\"font-family:Calibri,sans-serif\"><a href=\"https:\/\/www.revistaplasticosul.com.br\/sustentabilidade\/e-formada-a-mesa-latino-americana-do-pvc\/\" style=\"color:blue; text-decoration:underline\"><span style=\"font-size:14.0pt\">&Eacute; formada a Mesa Latino-Americana do PVC<\/span><\/a><\/span><\/span><\/span><\/p>\r\n\r\n<p style=\"text-align:justify\"><span style=\"font-size:11pt\"><span style=\"line-height:normal\"><span style=\"font-family:Calibri,sans-serif\"><a href=\"https:\/\/www2.recife.pe.gov.br\/noticias\/06\/06\/2025\/encosta-na-bomba-do-hemeterio-e-protegida-com-aplicacao-de-geomanta\" style=\"color:blue; text-decoration:underline\"><span style=\"font-size:14.0pt\">Recife, PE: Encosta na Bomba do Hemet&eacute;rio &eacute; protegida com aplica&ccedil;&atilde;o de geomanta<\/span><\/a><\/span><\/span><\/span><\/p>\r\n\r\n<p style=\"text-align:justify\"><span style=\"font-size:11pt\"><span style=\"line-height:normal\"><span style=\"font-family:Calibri,sans-serif\"><a href=\"https:\/\/plasticosemrevista.com.br\/pet-alpek-fecha-fabrica-de-baixa-escala-nos-eua\/\" style=\"color:blue; text-decoration:underline\"><span style=\"font-size:14.0pt\">PET: Alpek fecha f&aacute;brica de baixa escala nos EUA<\/span><\/a><\/span><\/span><\/span><\/p>\r\n\r\n<p style=\"text-align:justify\"><span style=\"font-size:11pt\"><span style=\"line-height:normal\"><span style=\"font-family:Calibri,sans-serif\"><a href=\"https:\/\/tissueonline.com.br\/suzano-e-kimberly-clark-anunciam-criacao-de-empresa-global-de-tissue-com-atuacao-em-mais-de-70-paises\/\" style=\"color:blue; text-decoration:underline\"><span style=\"font-size:14.0pt\">Suzano e Kimberly-Clark anunciam cria&ccedil;&atilde;o de empresa global de tissue com atua&ccedil;&atilde;o em mais de 70 pa&iacute;ses<\/span><\/a><\/span><\/span><\/span><\/p>\r\n\r\n<p style=\"text-align:justify\"><span style=\"font-size:11pt\"><span style=\"line-height:normal\"><span style=\"font-family:Calibri,sans-serif\"><a href=\"https:\/\/br.investing.com\/news\/company-news\/dow-vende-participacao-em-joint-venture-de-compositos-para-a-aksa-akrilik-93CH-1570121\" style=\"color:blue; text-decoration:underline\"><span style=\"font-size:14.0pt\">Dow vende participa&ccedil;&atilde;o em joint venture de comp&oacute;sitos para a Aksa Akrilik<\/span><\/a><\/span><\/span><\/span><\/p>\r\n\r\n<p style=\"text-align:justify\"><span style=\"font-size:28pt\"><span style=\"font-family:Cambria,serif\"><span style=\"letter-spacing:-0.5pt\"><b><span style=\"font-size:18.0pt\"><span calibri=\"\" style=\"font-family:\"><span style=\"font-variant:small-caps\">Ind&uacute;stria<\/span><\/span><\/span><\/b><\/span><\/span><\/span><\/p>\r\n\r\n<p style=\"text-align:justify\"><span style=\"font-size:11pt\"><span style=\"line-height:normal\"><span style=\"font-family:Calibri,sans-serif\"><a href=\"https:\/\/www.portaldenoticias.com.br\/noticia\/38685\/sao-jeronimo-rs\/economia\/industria-acumula-crescimento-de-1-4-em-2025-apos-quarta-alta-consecutiva.html\" style=\"color:blue; text-decoration:underline\"><span style=\"font-size:14.0pt\">Ind&uacute;stria acumula crescimento de 1,4% em 2025, ap&oacute;s quarta alta consecutiva<\/span><\/a><\/span><\/span><\/span><\/p>\r\n\r\n<p style=\"text-align:justify\"><span style=\"font-size:11pt\"><span style=\"line-height:normal\"><span style=\"font-family:Calibri,sans-serif\"><a href=\"https:\/\/www.agazeta.com.br\/artigos\/reindustrializacao-comeca-com-incentivo-a-inovacao-nacional-0625\" style=\"color:blue; text-decoration:underline\"><span style=\"font-size:14.0pt\">Reindustrializa&ccedil;&atilde;o come&ccedil;a com incentivo &agrave; inova&ccedil;&atilde;o nacional<\/span><\/a><\/span><\/span><\/span><\/p>\r\n\r\n<p style=\"text-align:justify\"><span style=\"font-size:11pt\"><span style=\"line-height:normal\"><span style=\"font-family:Calibri,sans-serif\"><a href=\"https:\/\/noticias.portaldaindustria.com.br\/noticias\/institucional\/em-genebra-presidente-da-cni-defende-modernizacao-da-lei-trabalhista-no-brasil\/\" style=\"color:blue; text-decoration:underline\"><span style=\"font-size:14.0pt\">Em Genebra, presidente da CNI defende moderniza&ccedil;&atilde;o da Lei Trabalhista no Brasil<\/span><\/a><\/span><\/span><\/span><\/p>\r\n\r\n<p style=\"text-align:justify\"><span style=\"font-size:11pt\"><span style=\"line-height:normal\"><span style=\"font-family:Calibri,sans-serif\"><a href=\"https:\/\/apexbrasil.com.br\/br\/pt\/conteudo\/noticias\/primeiro-forum-de-investimentos-brasil---uniao-europeia-reforca-.html#msdynttrid=rTKJiJ2c87W6krk8rsUzT28NEbIaJvxufkqcQnxMUlA\" style=\"color:blue; text-decoration:underline\"><span style=\"font-size:14.0pt\">Primeiro F&oacute;rum de Investimentos Brasil &ndash; Uni&atilde;o Europeia refor&ccedil;a expectativas em torno da ratifica&ccedil;&atilde;o do acordo entre Mercosul e o bloco europeu<\/span><\/a><\/span><\/span><\/span><\/p>\r\n\r\n<p style=\"text-align:justify\"><span style=\"font-size:11pt\"><span style=\"line-height:normal\"><span style=\"font-family:Calibri,sans-serif\"><a href=\"https:\/\/apexbrasil.com.br\/br\/pt\/conteudo\/noticias\/forum-economico-franca-brasil--empresarios-franceses-sinalizam-q.html#msdynttrid=n3zLe7_zrI9v0HfHOlQ_1GvNjVwMa8vgZu9ZEo35bSc\" style=\"color:blue; text-decoration:underline\"><span style=\"font-size:14.0pt\">F&oacute;rum Econ&ocirc;mico Fran&ccedil;a-Brasil: empres&aacute;rios franceses sinalizam que investimentos no Brasil podem chegar a R$ 100 bilh&otilde;es em cinco anos<\/span><\/a><\/span><\/span><\/span><\/p>\r\n\r\n<p style=\"text-align:justify\"><span style=\"font-size:28pt\"><span style=\"font-family:Cambria,serif\"><span style=\"letter-spacing:-0.5pt\"><b><span style=\"font-size:18.0pt\"><span calibri=\"\" style=\"font-family:\"><span style=\"font-variant:small-caps\">Sustentabilidade<\/span><\/span><\/span><\/b><\/span><\/span><\/span><\/p>\r\n\r\n<p style=\"text-align:justify\"><span style=\"font-size:11pt\"><span style=\"line-height:normal\"><span style=\"font-family:Calibri,sans-serif\"><a href=\"https:\/\/plasticosemrevista.com.br\/eua-governo-trump-corta-recursos-para-reciclagem-quimica\/\" style=\"color:blue; text-decoration:underline\"><span style=\"font-size:14.0pt\">EUA: governo Trump corta recursos para reciclagem qu&iacute;mica<\/span><\/a><\/span><\/span><\/span><\/p>\r\n\r\n<p style=\"text-align:justify\"><span style=\"font-size:11pt\"><span style=\"line-height:normal\"><span style=\"font-family:Calibri,sans-serif\"><a href=\"https:\/\/www.autodata.com.br\/noticias\/2025\/06\/06\/toyota-lanca-oculos-de-sol-produzido-com-residuos-reaproveitados-da-producao\/89312\/\" style=\"color:blue; text-decoration:underline\"><span style=\"font-size:14.0pt\">Polipropileno: Toyota lan&ccedil;a &oacute;culos de sol produzido com res&iacute;duos reaproveitados da produ&ccedil;&atilde;o<\/span><\/a> <\/span><\/span><\/span><\/p>\r\n\r\n<p style=\"text-align:justify\"><span style=\"font-size:11pt\"><span style=\"line-height:normal\"><span style=\"font-family:Calibri,sans-serif\"><a href=\"https:\/\/greencircle.ch\/de\/energie\/experten-schaetzen-ein-was-kostet-eine-tonne-co\" style=\"color:blue; text-decoration:underline\"><span style=\"font-size:14.0pt\">Quanto custa uma tonelada de CO\u2082?<\/span><\/a><\/span><\/span><\/span><\/p>\r\n\r\n<p style=\"text-align:justify\"><span style=\"font-size:28pt\"><span style=\"font-family:Cambria,serif\"><span style=\"letter-spacing:-0.5pt\"><b><span style=\"font-size:18.0pt\"><span calibri=\"\" style=\"font-family:\"><span style=\"font-variant:small-caps\">Inova&ccedil;&atilde;o<\/span><\/span><\/span><\/b><\/span><\/span><\/span><\/p>\r\n\r\n<p style=\"text-align:justify\"><span style=\"font-size:11pt\"><span style=\"line-height:normal\"><span style=\"font-family:Calibri,sans-serif\"><a href=\"https:\/\/portalpersonalcare.com.br\/eth-zurich-desenvolve-absorvente-inteligente-que-ajuda-a-identificar-doencas\/?utm_campaign=newsletter_04062025&amp;utm_medium=email&amp;utm_source=RD+Station\" style=\"color:blue; text-decoration:underline\"><span style=\"font-size:14.0pt\">ETH Zurich desenvolve absorvente inteligente que ajuda a identificar doen&ccedil;as<\/span><\/a><\/span><\/span><\/span><\/p>\r\n\r\n<p style=\"text-align:justify\"><span style=\"font-size:11pt\"><span style=\"line-height:normal\"><span style=\"font-family:Calibri,sans-serif\"><a href=\"https:\/\/exame.com\/ciencia\/pesquisadores-japoneses-criam-plastico-que-se-dissolve-em-agua-salgada-entenda\/\" style=\"color:blue; text-decoration:underline\"><span style=\"font-size:14.0pt\">Pesquisadores japoneses criam pl&aacute;stico que se dissolve em &aacute;gua salgada; entenda<\/span><\/a><\/span><\/span><\/span><\/p>\r\n\r\n<p style=\"text-align:justify\"><span style=\"font-size:11pt\"><span style=\"line-height:normal\"><span style=\"font-family:Calibri,sans-serif\"><a href=\"https:\/\/www.inovacaotecnologica.com.br\/noticias\/noticia.php?artigo=la-metalica-abre-caminho-baterias-futuro&amp;id=010115250609&amp;ebol=sim\" style=\"color:blue; text-decoration:underline\"><span style=\"font-size:14.0pt\">L&atilde; met&aacute;lica abre caminho para baterias do futuro<\/span><\/a><\/span><\/span><\/span><\/p>\r\n\r\n<p style=\"text-align:justify\"><span style=\"font-size:11pt\"><span style=\"line-height:normal\"><span style=\"font-family:Calibri,sans-serif\"><a href=\"https:\/\/noticias.portaldaindustria.com.br\/noticias\/inovacao-e-tecnologia\/cni-e-sebrae-lancam-a-jornada-nacional-de-inovacao-da-industria\/\" style=\"color:blue; text-decoration:underline\"><span style=\"font-size:14.0pt\">CNI e Sebrae lan&ccedil;am a Jornada Nacional de Inova&ccedil;&atilde;o da Ind&uacute;stria<\/span><\/a><\/span><\/span><\/span><\/p>\r\n\r\n<p style=\"text-align:justify\"><span style=\"font-size:28pt\"><span style=\"font-family:Cambria,serif\"><span style=\"letter-spacing:-0.5pt\"><b><span style=\"font-size:18.0pt\"><span calibri=\"\" style=\"font-family:\"><span style=\"font-variant:small-caps\">Com&eacute;rcio Exterior<\/span><\/span><\/span><\/b><\/span><\/span><\/span><\/p>\r\n\r\n<p style=\"text-align:justify\"><span style=\"font-size:11pt\"><span style=\"line-height:normal\"><span style=\"font-family:Calibri,sans-serif\"><a href=\"https:\/\/www.cnnbrasil.com.br\/economia\/macroeconomia\/acordo-mercosul-uniao-europeia-ganha-forca-com-guerra-tarifaria-dos-eua\/\" style=\"color:blue; text-decoration:underline\"><span style=\"font-size:14.0pt\">Acordo Mercosul-UE ganha for&ccedil;a com tarifas dos EUA, dizem analistas<\/span><\/a><\/span><\/span><\/span><\/p>\r\n\r\n<p style=\"text-align:justify\"><span style=\"font-size:11pt\"><span style=\"line-height:normal\"><span style=\"font-family:Calibri,sans-serif\"><a href=\"https:\/\/g1.globo.com\/economia\/noticia\/2025\/06\/06\/eua-e-china-encontro.ghtml\" style=\"color:blue; text-decoration:underline\"><span style=\"font-size:14.0pt\">EUA e China v&atilde;o se encontrar na pr&oacute;xima semana para tratar sobre acordo comercial, diz Trump<\/span><\/a><\/span><\/span><\/span><\/p>\r\n\r\n<p style=\"text-align:justify\"><span style=\"font-size:11pt\"><span style=\"line-height:normal\"><span style=\"font-family:Calibri,sans-serif\"><a href=\"https:\/\/www.infomoney.com.br\/mercados\/pg-vai-demitir-7-000-em-meio-a-incerteza-tarifaria\/\" style=\"color:blue; text-decoration:underline\"><span style=\"font-size:14.0pt\">P&amp;G vai demitir 7.000 em meio &agrave; incerteza tarif&aacute;ria<\/span><\/a><\/span><\/span><\/span><\/p>\r\n\r\n<p style=\"text-align:justify\"><span style=\"font-size:28pt\"><span style=\"font-family:Cambria,serif\"><span style=\"letter-spacing:-0.5pt\"><b><span style=\"font-size:18.0pt\"><span calibri=\"\" style=\"font-family:\"><span style=\"font-variant:small-caps\">Economia<\/span><\/span><\/span><\/b><\/span><\/span><\/span><\/p>\r\n\r\n<p style=\"text-align:justify\"><span style=\"font-size:11pt\"><span style=\"line-height:normal\"><span style=\"font-family:Calibri,sans-serif\"><a href=\"https:\/\/www.bcb.gov.br\/content\/focus\/focus\/R20250606.pdf\" style=\"color:blue; text-decoration:underline\"><span style=\"font-size:14.0pt\">Focus - Relat&oacute;rio de Mercado<\/span><\/a><\/span><\/span><\/span><\/p>\r\n\r\n<p style=\"text-align:justify\"><span style=\"font-size:11pt\"><span style=\"line-height:normal\"><span style=\"font-family:Calibri,sans-serif\"><a href=\"https:\/\/portalibre.fgv.br\/noticias\/governos-subnacionais-se-tornam-protagonistas-do-impasse-fiscal-brasileiro\" style=\"color:blue; text-decoration:underline\"><span style=\"font-size:14.0pt\">Governos subnacionais se tornam protagonistas do impasse fiscal brasileiro<\/span><\/a><\/span><\/span><\/span><\/p>\r\n\r\n<p style=\"text-align:justify\"><span style=\"font-size:11pt\"><span style=\"line-height:normal\"><span style=\"font-family:Calibri,sans-serif\"><a href=\"https:\/\/noticias.portaldaindustria.com.br\/noticias\/podcasts\/emprego-cai-e-setor-industrial-acende-alerta-vermelho-ep156-economia-em-60-segundos\/\" style=\"color:blue; text-decoration:underline\"><span style=\"font-size:14.0pt\">Emprego cai e setor industrial acende alerta vermelho (Ep.#156) | Economia em 60 segundos<\/span><\/a><\/span><\/span><\/span><\/p>\r\n\r\n<p style=\"text-align:justify\"><span style=\"font-size:11pt\"><span style=\"line-height:normal\"><span style=\"font-family:Calibri,sans-serif\"><img src=\"https:\/\/www.abint.org.br\/assets\/img\/editor\/redes-sociais-abint-ctg-cth_20250610164521Me6phPlAL1.jpg\" \/><\/span><\/span><\/span><\/p>\r\n","texto_en":"","7":"","imagem":"COMP_capa-2025-site-boletim-abint-noticias-semanis_20250610164624k2SMMOzItd.jpg","8":"COMP_capa-2025-site-boletim-abint-noticias-semanis_20250610164624k2SMMOzItd.jpg","arquivo":"20250610-BOLETIM-ABINT-DE-NOTICIAS-SEMANAIS.PDF","9":"20250610-BOLETIM-ABINT-DE-NOTICIAS-SEMANAIS.PDF","titulo_arquivo":"20250610 Boletim ABINT de Not\u00edcias Semanais","10":"20250610 Boletim ABINT de Not\u00edcias Semanais","titulo_arquivo_en":"","11":"","created_at":"2025-06-10 16:46:33","12":"2025-06-10 16:46:33","updated_at":"2025-06-10 16:47:37","13":"2025-06-10 16:47:37"},{"id":173,"0":173,"ordem":48,"1":48,"data":"2025-06-03","2":"2025-06-03","slug":"boletim-abint-de-noticias-semanais-78","3":"boletim-abint-de-noticias-semanais-78","titulo":"Boletim ABINT de Not\u00edcias Semanais","4":"Boletim ABINT de Not\u00edcias Semanais","titulo_en":"","5":"","texto":"<p style=\"text-align:justify\"><span style=\"font-size:11pt\"><span style=\"line-height:normal\"><span style=\"font-family:Calibri,sans-serif\"><span style=\"font-size:14.0pt\">Esta &eacute; uma compila&ccedil;&atilde;o das not&iacute;cias mais relevantes para o setor, incluindo informa&ccedil;&otilde;es sobre acordos internacionais, economia brasileira, sustentabilidade e mat&eacute;rias primas, al&eacute;m de novidades do setor de N&atilde;otecidos e Tecidos T&eacute;cnicos.<\/span><\/span><\/span><\/span><\/p>\r\n\r\n<p style=\"text-align:justify\"><span style=\"font-size:28pt\"><span style=\"font-family:Cambria,serif\"><span style=\"letter-spacing:-0.5pt\"><b><span style=\"font-size:18.0pt\"><span style=\"font-family:&quot;Calibri&quot;,sans-serif\"><span style=\"font-variant:small-caps\">Not&iacute;cias das Associadas<\/span><\/span><\/span><\/b><\/span><\/span><\/span><\/p>\r\n\r\n<p style=\"text-align:justify\"><span style=\"font-size:11pt\"><span style=\"line-height:normal\"><span style=\"font-family:Calibri,sans-serif\"><a href=\"https:\/\/tissueonline.com.br\/longjing-paper-china-inicia-operacao-da-primeira-maquina-de-tissue-andritz-primelinehytad\/\" style=\"color:blue; text-decoration:underline\"><span style=\"font-size:14.0pt\">Longjing Paper, China, inicia opera&ccedil;&atilde;o da primeira m&aacute;quina de tissue ANDRITZ PrimeLineHyTAD<\/span><\/a><\/span><\/span><\/span><\/p>\r\n\r\n<p style=\"text-align:justify\"><span style=\"font-size:11pt\"><span style=\"line-height:normal\"><span style=\"font-family:Calibri,sans-serif\"><a href=\"https:\/\/emobile.com.br\/site\/industria\/cipatex-recebe-certificado-de-energia-renovavel\/\" style=\"color:blue; text-decoration:underline\"><span style=\"font-size:14.0pt\">Cipatex recebe Certificado de Energia Renov&aacute;vel<\/span><\/a><\/span><\/span><\/span><\/p>\r\n\r\n<p style=\"text-align:justify\"><span style=\"font-size:11pt\"><span style=\"line-height:normal\"><span style=\"font-family:Calibri,sans-serif\"><a href=\"https:\/\/geosyntheticsmagazine.com\/2025\/02\/06\/officine-maccaferri-acquires-synteen-technical-fabrics\/\" style=\"color:blue; text-decoration:underline\"><span lang=\"EN-US\" style=\"font-size:14.0pt\">Officine Maccaferri acquires Synteen Technical Fabrics<\/span><\/a><\/span><\/span><\/span><\/p>\r\n\r\n<p style=\"text-align:justify\">&nbsp;<\/p>\r\n\r\n<p style=\"text-align:justify\"><span style=\"font-size:11pt\"><span style=\"line-height:normal\"><span style=\"font-family:Calibri,sans-serif\"><b><span style=\"font-size:18.0pt\"><span style=\"font-variant:small-caps\">Eventos<\/span><\/span><\/b><\/span><\/span><\/span><\/p>\r\n\r\n<p style=\"text-align:justify\"><span style=\"font-size:11pt\"><span style=\"line-height:normal\"><span style=\"font-family:Calibri,sans-serif\"><a href=\"https:\/\/www.sympla.com.br\/evento\/caminhos-sustentaveis-o-futuro-da-industria-textil\/2934717\" style=\"color:blue; text-decoration:underline\"><b><span style=\"font-size:14.0pt\">Caminhos Sustent&aacute;veis: o Futuro da Ind&uacute;stria T&ecirc;xtil<\/span><\/b><\/a><span style=\"font-size:14.0pt\">, 05 de junho de 2025, das 18h &agrave;s 22h, evento presencial, SENAI Americana, Americana, SP<\/span><\/span><\/span><\/span><\/p>\r\n\r\n<p style=\"text-align:justify\"><span style=\"font-size:11pt\"><span style=\"line-height:normal\"><span style=\"font-family:Calibri,sans-serif\"><a href=\"https:\/\/conteudo.anahp.com.br\/questoes-climaticas-na-saude?utm_campaign=emkt_-_evento_belem_cop_30_geral&amp;utm_medium=email&amp;utm_source=RD+Station\" style=\"color:blue; text-decoration:underline\"><b><span style=\"font-size:14.0pt\">Impacto das quest&otilde;es clim&aacute;ticas e as quest&otilde;es ambientais<\/span><\/b><\/a><span style=\"font-size:14.0pt\">, 06 de junho de 2025, 09h &agrave;s 17h, evento h&iacute;brido, Centro de Conven&ccedil;&otilde;es do Hospital Porto Dias (Bel&eacute;m\/PA) e transmiss&atilde;o online<\/span><\/span><\/span><\/span><\/p>\r\n\r\n<p style=\"text-align:justify\"><span style=\"font-size:11pt\"><span style=\"line-height:normal\"><span style=\"font-family:Calibri,sans-serif\"><a href=\"https:\/\/abrava.com.br\/compromissos\/evento-de-meio-ambiente\/?utm_campaign=inscreva-se__gerenciamento_de_ciclo_de_vida_e_economia_circular_em_avacr_no_brasil&amp;utm_medium=email&amp;utm_source=RD+Station\" style=\"color:blue; text-decoration:underline\"><b><span style=\"font-size:14.0pt\">ABRAVA | Gerenciamento de Ciclo de Vida e Economia Circular em AVACR no Brasil<\/span><\/b><\/a><span style=\"font-size:14.0pt\">, 06 de junho de 2025, evento h&iacute;brido: sede Fiesp, Av. Paulista, 1313, ou via plataforma Zoom<\/span><\/span><\/span><\/span><\/p>\r\n\r\n<p style=\"text-align:justify\"><span style=\"font-size:11pt\"><span style=\"line-height:normal\"><span style=\"font-family:Calibri,sans-serif\"><a href=\"https:\/\/abrava.com.br\/compromissos\/workshop-ar-condicionado-automotivo-2\/?utm_campaign=inscreva-se__workshop_ar_condicionado_automotivo&amp;utm_medium=email&amp;utm_source=RD+Station\" style=\"color:blue; text-decoration:underline\"><b><span style=\"font-size:14.0pt\">ABRAVA | Workshop Ar Condicionado Automotivo<\/span><\/b><\/a><span style=\"font-size:14.0pt\">, 14 de junho de 2025, 08h30 &agrave;s 14h30, evento presencial, Av. Rio Branco, 1492, Campos El&iacute;seos, S&atilde;o Paulo, SP, 01206-001<\/span><\/span><\/span><\/span><\/p>\r\n\r\n<p style=\"text-align:justify\"><span style=\"font-size:11pt\"><span style=\"line-height:normal\"><span style=\"font-family:Calibri,sans-serif\"><a href=\"https:\/\/crm-apps.apexbrasil.com.br\/orgbdeab873\/inscricao-eventos\/evento\/webserie-direto-do-mercado-2025\/cc48605a-ca58-4ce6-8079-5f3edda10a8e?utm_source=EMarketing&amp;msdynttrid=qllyIhb7ISZbH8JlNC2mzuDV66nhpd_4gD5hRBW5XoA\" style=\"color:blue; text-decoration:underline\"><b><span style=\"font-size:14.0pt\">Apex Brasil | Webs&eacute;rie Direto do Mercado: Edi&ccedil;&atilde;o M&eacute;xico<\/span><\/b><\/a><span style=\"font-size:14.0pt\">, 17 de junho de 2025, 16h30 &agrave;s 18h30, evento on-line<\/span><\/span><\/span><\/span><\/p>\r\n\r\n<p style=\"text-align:justify\"><span style=\"font-size:11pt\"><span style=\"line-height:normal\"><span style=\"font-family:Calibri,sans-serif\"><a href=\"https:\/\/abit.rds.land\/ws-inventarios-de-gees\" style=\"color:blue; text-decoration:underline\"><b><span style=\"font-size:14.0pt\">Workshop Abit | Invent&aacute;rio de GEE e Estrat&eacute;gia de Descarboniza&ccedil;&atilde;o<\/span><\/b><\/a><span style=\"font-size:14.0pt\">, 01 de julho de 2025, 10h &agrave;s 12h, evento online<\/span><\/span><\/span><\/span><\/p>\r\n\r\n<p style=\"text-align:justify\"><span style=\"font-size:11pt\"><span style=\"line-height:normal\"><span style=\"font-family:Calibri,sans-serif\"><a href=\"https:\/\/www.abnteducacao.com.br\/Simbologia_de_cuidados_aplicada_a_Etiquetagem_de_Texteis_ABNT_NBR_NM_ISO_3758\" style=\"color:blue; text-decoration:underline\"><b><span style=\"font-size:14.0pt\">Simbologia de cuidados aplicada a Etiquetagem de T&ecirc;xteis<\/span><\/b><\/a><span style=\"font-size:14.0pt\">, 08 a 11 de julho de 2025<\/span><\/span><\/span><\/span><\/p>\r\n\r\n<p style=\"text-align:justify\"><span style=\"font-size:11pt\"><span style=\"line-height:normal\"><span style=\"font-family:Calibri,sans-serif\"><a href=\"https:\/\/sticni.sharepoint.com\/sites\/PublicShare\/Compartilhamentos\/Forms\/AllItems.aspx?id=%2Fsites%2FPublicShare%2FCompartilhamentos%2FCNI%2D133649%2FPrograma%20Imers%C3%B5es%20em%20Ecossistemas%2FImers%C3%A3o%20Finlandia%20em%20Economia%20Circular%2E%201%2Epdf&amp;parent=%2Fsites%2FPublicShare%2FCompartilhamentos%2FCNI%2D133649%2FPrograma%20Imers%C3%B5es%20em%20Ecossistemas&amp;p=true&amp;ga=1\" style=\"color:blue; text-decoration:underline\"><b><span style=\"font-size:14.0pt\">CNI | Imers&atilde;o Finl&acirc;ndia: Uma conex&atilde;o global com a Economia Circular<\/span><\/b><\/a><span style=\"font-size:14.0pt\">, 01 a 05 de setembro de 2025, inscri&ccedil;&otilde;es at&eacute; 10 de agosto de 2025 ou se encerrarem as vagas, cidades destinos: Helsinki (cidade base), Tampere e Espoo.<\/span><\/span><\/span><\/span><\/p>\r\n\r\n<p style=\"text-align:justify\"><span style=\"font-size:11pt\"><span style=\"line-height:normal\"><span style=\"font-family:Calibri,sans-serif\"><a href=\"https:\/\/www.conbrava.com.br\/\" style=\"color:blue; text-decoration:underline\"><b><span style=\"font-size:14.0pt\">CONBRAVA 2025<\/span><\/b><\/a><span style=\"font-size:14.0pt\">, 10 a 12 de setembro de 2025, S&atilde;o Paulo Expo, Rodovia dos Imigrantes, km 1,5<\/span><\/span><\/span><\/span><\/p>\r\n\r\n<p style=\"text-align:justify\"><span style=\"font-size:11pt\"><span style=\"line-height:normal\"><span style=\"font-family:Calibri,sans-serif\"><a href=\"https:\/\/paving.com.br\/\" style=\"color:blue; text-decoration:underline\"><b><span style=\"font-size:14.0pt\">Paving Expo 2025<\/span><\/b><\/a><span style=\"font-size:14.0pt\">, 23 a 25 de setembro de 2025, Distrito Anhembi, Rua Prof. Milton Rodrigues, s\/n, Santana, S&atilde;o Paulo, SP<\/span><\/span><\/span><\/span><\/p>\r\n\r\n<p style=\"text-align:justify\"><span style=\"font-size:11pt\"><span style=\"line-height:normal\"><span style=\"font-family:Calibri,sans-serif\"><a href=\"https:\/\/www.instagram.com\/sobeccnacional\/p\/DA1V8NZyhNK\/?img_index=1\" style=\"color:blue; text-decoration:underline\"><b><span style=\"font-size:14.0pt\">17&ordm; Congresso Brasileiro de Enfermagem em Centro Cir&uacute;rgico: &ldquo;O poder de cuidar&rdquo;<\/span><\/b><\/a><span style=\"font-size:14.0pt\">, 01 a 03 de outubro de 2025, Transamerica Expo Center, S&atilde;o Paulo, SP<\/span><\/span><\/span><\/span><\/p>\r\n\r\n<p style=\"text-align:justify\"><span style=\"font-size:11pt\"><span style=\"line-height:normal\"><span style=\"font-family:Calibri,sans-serif\"><a href=\"https:\/\/www.abrafiltros.org.br\/3o-seminario-brasileiro-de-filtros-acontecera-no-dia-08-de-outubro\/\" style=\"color:blue; text-decoration:underline\"><b><span style=\"font-size:14.0pt\">3&ordm; Semin&aacute;rio Brasileiro de Filtros<\/span><\/b><\/a><span style=\"font-size:14.0pt\">, 08 de outubro de 2025, evento presencial<\/span><\/span><\/span><\/span><\/p>\r\n\r\n<p style=\"text-align:justify\"><span style=\"font-size:11pt\"><span style=\"line-height:normal\"><span style=\"font-family:Calibri,sans-serif\"><a href=\"https:\/\/hospitalmed.com.br\/feira\/\" style=\"color:blue; text-decoration:underline\"><b><span style=\"font-size:14.0pt\">HospitalMed 2025<\/span><\/b><\/a><span style=\"font-size:14.0pt\">, 22 a 24 de outubro, Pernambuco Centro de Conven&ccedil;&otilde;es, Olinda<\/span><\/span><\/span><\/span><\/p>\r\n\r\n<p style=\"text-align:justify\"><span style=\"font-size:11pt\"><span style=\"line-height:normal\"><span style=\"font-family:Calibri,sans-serif\"><a href=\"https:\/\/www.congressoabit.com.br\/\" style=\"color:blue; text-decoration:underline\"><b><span style=\"font-size:14.0pt\">Congresso Internacional Abit 2025<\/span><\/b><\/a><span style=\"font-size:14.0pt\">, 29 e 30 de outubro, 08h &agrave;s 20h, FIESP, S&atilde;o Paulo, SP<\/span><\/span><\/span><\/span><\/p>\r\n\r\n<p style=\"text-align:justify\"><span style=\"font-size:11pt\"><span style=\"line-height:normal\"><span style=\"font-family:Calibri,sans-serif\"><a href=\"https:\/\/filtech.de\/\" style=\"color:blue; text-decoration:underline\"><b><span style=\"font-size:14.0pt\">Filtech 2026<\/span><\/b><\/a><span style=\"font-size:14.0pt\">, de 30 de junho a 2 de julho, Cologne, Alemanha<\/span><\/span><\/span><\/span><\/p>\r\n\r\n<p style=\"text-align:justify\"><span style=\"font-size:28pt\"><span style=\"font-family:Cambria,serif\"><span style=\"letter-spacing:-0.5pt\"><b><span style=\"font-size:18.0pt\"><span style=\"font-family:&quot;Calibri&quot;,sans-serif\"><span style=\"font-variant:small-caps\">Setor<\/span><\/span><\/span><\/b><\/span><\/span><\/span><\/p>\r\n\r\n<p style=\"text-align:justify\"><span style=\"font-size:11pt\"><span style=\"line-height:normal\"><span style=\"font-family:Calibri,sans-serif\"><a href=\"https:\/\/www.nonwovens-industry.com\/contents\/view_ebook\/2025-05-19\/resilience-or-risk-how-the-nonwovens-sector-is-preparing-for-tariff-shocks\/?widget=listSection\" style=\"color:blue; text-decoration:underline\"><span lang=\"EN-US\" style=\"font-size:14.0pt\">Resilience or Risk? How the Nonwovens Sector is Preparing for Tariff Shocks<\/span><\/a><\/span><\/span><\/span><\/p>\r\n\r\n<p style=\"text-align:justify\"><span style=\"font-size:11pt\"><span style=\"line-height:normal\"><span style=\"font-family:Calibri,sans-serif\"><a href=\"https:\/\/www.nonwovens-industry.com\/contents\/view_online-exclusives\/2025-05-13\/investment-report\/?widget=listSection\" style=\"color:blue; text-decoration:underline\"><span style=\"font-size:14.0pt\">Nonwovens Industry Investment Recap<\/span><\/a><\/span><\/span><\/span><\/p>\r\n\r\n<p style=\"text-align:justify\"><span style=\"font-size:11pt\"><span style=\"line-height:normal\"><span style=\"font-family:Calibri,sans-serif\"><a href=\"https:\/\/ric.com.br\/estilo-de-vida\/dicas-de-jardinagem\/como-proteger-suas-plantas-da-geada-cinco-truques-funcionais\/\" style=\"color:blue; text-decoration:underline\"><span style=\"font-size:14.0pt\">N&atilde;otecidos: como proteger as plantas da geada com cinco truques<\/span><\/a><\/span><\/span><\/span><\/p>\r\n\r\n<p style=\"text-align:justify\"><span style=\"font-size:11pt\"><span style=\"line-height:normal\"><span style=\"font-family:Calibri,sans-serif\"><a href=\"https:\/\/www.nonwovens-industry.com\/contents\/list_webinars\/?widget=listSection\" style=\"color:blue; text-decoration:underline\"><span lang=\"EN-US\" style=\"font-size:14.0pt\">Increasing Market Demands on Absorbent Hygiene Products &ndash; The Right Components are Crucial<\/span><\/a><\/span><\/span><\/span><\/p>\r\n\r\n<p style=\"text-align:justify\"><span style=\"font-size:11pt\"><span style=\"line-height:normal\"><span style=\"font-family:Calibri,sans-serif\"><a href=\"https:\/\/www.revistaplasticosul.com.br\/sustentabilidade\/e-formada-a-mesa-latino-americana-do-pvc\/\" style=\"color:blue; text-decoration:underline\"><span style=\"font-size:14.0pt\">&Eacute; formada a mesa latino-americana do PVC<\/span><\/a><\/span><\/span><\/span><\/p>\r\n\r\n<p style=\"text-align:justify\"><span style=\"font-size:11pt\"><span style=\"line-height:normal\"><span style=\"font-family:Calibri,sans-serif\"><a href=\"https:\/\/www.nonwovens-industry.com\/contents\/view_online-exclusives\/2025-05-06\/chinas-nonwovens-output-records-the-largest-post-pandemic-growth\/?widget=listSection\" style=\"color:blue; text-decoration:underline\"><span lang=\"EN-US\" style=\"font-size:14.0pt\">China&#39;s Nonwovens Output Records the Largest Post-Pandemic Growth<\/span><\/a><\/span><\/span><\/span><\/p>\r\n\r\n<p style=\"text-align:justify\"><span style=\"font-size:28pt\"><span style=\"font-family:Cambria,serif\"><span style=\"letter-spacing:-0.5pt\"><b><span style=\"font-size:18.0pt\"><span style=\"font-family:&quot;Calibri&quot;,sans-serif\"><span style=\"font-variant:small-caps\">Ind&uacute;stria<\/span><\/span><\/span><\/b><\/span><\/span><\/span><\/p>\r\n\r\n<p style=\"text-align:justify\"><span style=\"font-size:11pt\"><span style=\"line-height:normal\"><span style=\"font-family:Calibri,sans-serif\"><a href=\"https:\/\/es360.com.br\/coluna-inovacao\/industria-e-tech-industria-e-pop-industria-e-tudo\" style=\"color:blue; text-decoration:underline\"><span style=\"font-size:14.0pt\">Enquanto o apag&atilde;o de engenheiros estrangula a inova&ccedil;&atilde;o, a ind&uacute;stria brasileira busca solu&ccedil;&otilde;es urgentes para evitar o colapso no desenvolvimento econ&ocirc;mico<\/span><\/a><\/span><\/span><\/span><\/p>\r\n\r\n<p style=\"text-align:justify\"><span style=\"font-size:11pt\"><span style=\"line-height:normal\"><span style=\"font-family:Calibri,sans-serif\"><a href=\"https:\/\/noticias.portaldaindustria.com.br\/noticias\/politica-industrial\/politica-industrial-se-faz-com-inovacao-sustentabilidade-reducao-de-custos-e-competitividade-afirma-geraldo-alckimin\/\" style=\"color:blue; text-decoration:underline\"><span style=\"font-size:14.0pt\">Pol&iacute;tica industrial se faz com inova&ccedil;&atilde;o, sustentabilidade, redu&ccedil;&atilde;o de custos e competitividade, afirma Geraldo Alckimin<\/span><\/a><\/span><\/span><\/span><\/p>\r\n\r\n<p style=\"text-align:justify\"><span style=\"font-size:11pt\"><span style=\"line-height:normal\"><span style=\"font-family:Calibri,sans-serif\"><a href=\"https:\/\/noticias.portaldaindustria.com.br\/posicionamentos\/juros-elevados-e-aumento-das-importacoes-comprometeram-crescimento-da-industria-no-1o-trimestre-avalia-cni\/\" style=\"color:blue; text-decoration:underline\"><span style=\"font-size:14.0pt\">Juros elevados e aumento das importa&ccedil;&otilde;es comprometeram crescimento da ind&uacute;stria no 1&ordm; trimestre, avalia CNI<\/span><\/a><\/span><\/span><\/span><\/p>\r\n\r\n<p style=\"text-align:justify\"><span style=\"font-size:11pt\"><span style=\"line-height:normal\"><span style=\"font-family:Calibri,sans-serif\"><a href=\"https:\/\/agenciabrasil.ebc.com.br\/economia\/noticia\/2025-05\/bndes-amplia-em-r-41-bilhoes-investimentos-na-nova-industria-brasil\" style=\"color:blue; text-decoration:underline\"><span style=\"font-size:14.0pt\">BNDES amplia em R$ 41 bilh&otilde;es investimentos na Nova Ind&uacute;stria Brasil<\/span><\/a><\/span><\/span><\/span><\/p>\r\n\r\n<p style=\"text-align:justify\"><span style=\"font-size:11pt\"><span style=\"line-height:normal\"><span style=\"font-family:Calibri,sans-serif\"><a href=\"https:\/\/noticias.portaldaindustria.com.br\/artigos\/ricardo-alban\/um-pacto-para-o-brasil\/\" style=\"color:blue; text-decoration:underline\"><span style=\"font-size:14.0pt\">Um pacto para o Brasil<\/span><\/a><\/span><\/span><\/span><\/p>\r\n\r\n<p style=\"text-align:justify\"><span style=\"font-size:11pt\"><span style=\"line-height:normal\"><span style=\"font-family:Calibri,sans-serif\"><a href=\"https:\/\/portalibre.fgv.br\/system\/files\/divulgacao\/noticias\/mat-complementar\/2025-06\/%C3%8Dndice%20de%20Confian%C3%A7a%20Empresarial%20FGV_press%20release_Mai25.pdf\" style=\"color:blue; text-decoration:underline\"><span style=\"font-size:14.0pt\">Confian&ccedil;a Empresarial volta a subir em maio<\/span><\/a><\/span><\/span><\/span><\/p>\r\n\r\n<p style=\"text-align:justify\"><span style=\"font-size:11pt\"><span style=\"line-height:normal\"><span style=\"font-family:Calibri,sans-serif\"><a href=\"https:\/\/www.engenhariacompartilhada.com.br\/noticia\/exibir\/9659659_contratacao-de-profissionais-para-o-setor-da-construcao-civil-deve-seguir-aquecida-em-2025\" style=\"color:blue; text-decoration:underline\"><span style=\"font-size:14.0pt\">Contrata&ccedil;&atilde;o de profissionais para o setor da constru&ccedil;&atilde;o civil deve seguir aquecida em 2025<\/span><\/a><\/span><\/span><\/span><\/p>\r\n\r\n<p style=\"text-align:justify\"><span style=\"font-size:11pt\"><span style=\"line-height:normal\"><span style=\"font-family:Calibri,sans-serif\"><a href=\"https:\/\/revlink.revistaanamaco.com.br\/cl\/PUQFr\/CxP\/8ebd\/LCFJkUKAOaB\/BM-9\/Fzahbfiwo96\/2\/\" style=\"color:blue; text-decoration:underline\" target=\"_blank\"><span style=\"font-size:14.0pt\">Constru&ccedil;&atilde;o cria 34,2 mil vagas em abril<\/span><\/a><\/span><\/span><\/span><\/p>\r\n\r\n<p style=\"text-align:justify\"><span style=\"font-size:28pt\"><span style=\"font-family:Cambria,serif\"><span style=\"letter-spacing:-0.5pt\"><b><span style=\"font-size:18.0pt\"><span style=\"font-family:&quot;Calibri&quot;,sans-serif\"><span style=\"font-variant:small-caps\">Sustentabilidade<\/span><\/span><\/span><\/b><\/span><\/span><\/span><\/p>\r\n\r\n<p style=\"text-align:justify\"><span style=\"font-size:11pt\"><span style=\"line-height:normal\"><span style=\"font-family:Calibri,sans-serif\"><a href=\"https:\/\/www.plastico.com.br\/parceria-tecnologica-quer-avancar-na-reciclagem-de-fibra-aramida\/?utm_campaign=newsletter_plastico_maio_2025&amp;utm_medium=email&amp;utm_source=RD+Station\" style=\"color:blue; text-decoration:underline\"><span style=\"font-size:14.0pt\">Parceria tecnol&oacute;gica quer avan&ccedil;ar na reciclagem de fibra aramida<\/span><\/a><\/span><\/span><\/span><\/p>\r\n\r\n<p style=\"text-align:justify\"><span style=\"font-size:11pt\"><span style=\"line-height:normal\"><span style=\"font-family:Calibri,sans-serif\"><a href=\"https:\/\/www.revistaplasticosul.com.br\/sustentabilidade\/rio-grande-do-sul-inaugura-espaco-sensorial-e-educativo-dedicado-a-economia-circular-do-plastico\/\" style=\"color:blue; text-decoration:underline\"><span style=\"font-size:14.0pt\">Rio Grande do Sul inaugura espa&ccedil;o sensorial e educativo dedicado &agrave; economia circular do pl&aacute;stico<\/span><\/a><\/span><\/span><\/span><\/p>\r\n\r\n<p style=\"text-align:justify\"><span style=\"font-size:11pt\"><span style=\"line-height:normal\"><span style=\"font-family:Calibri,sans-serif\"><a href=\"https:\/\/www.gov.br\/ana\/pt-br\/assuntos\/noticias-e-eventos\/noticias\/agencia-debate-implicacoes-regulatorias-tarifarias-nas-parcerias-publico-privadas-no-saneamento-basico-em-painel-do-33o-cbesa\" style=\"color:blue; text-decoration:underline\"><span style=\"font-size:14.0pt\">Ag&ecirc;ncia discute implica&ccedil;&otilde;es regulat&oacute;rias tarif&aacute;rias nas Parcerias P&uacute;blico-Privadas no saneamento b&aacute;sico em painel do 33&ordm; CBESA<\/span><\/a><\/span><\/span><\/span><\/p>\r\n\r\n<p style=\"text-align:justify\"><span style=\"font-size:11pt\"><span style=\"line-height:normal\"><span style=\"font-family:Calibri,sans-serif\"><a href=\"https:\/\/plasticosemrevista.com.br\/k-2025-borealis-introduzira-copos-reutilizaveis-de-pp-reciclado\/\" style=\"color:blue; text-decoration:underline\"><span style=\"font-size:14.0pt\">Feira K 2025: Borealis introduzir&aacute; copos reutiliz&aacute;veis de PP reciclado<\/span><\/a><\/span><\/span><\/span><\/p>\r\n\r\n<p style=\"text-align:justify\"><span style=\"font-size:28pt\"><span style=\"font-family:Cambria,serif\"><span style=\"letter-spacing:-0.5pt\"><b><span lang=\"EN-US\" style=\"font-size:18.0pt\"><span style=\"font-family:&quot;Calibri&quot;,sans-serif\"><span style=\"font-variant:small-caps\">Inova&ccedil;&atilde;o<\/span><\/span><\/span><\/b><\/span><\/span><\/span><\/p>\r\n\r\n<p style=\"text-align:justify\"><span style=\"font-size:11pt\"><span style=\"line-height:normal\"><span style=\"font-family:Calibri,sans-serif\"><a href=\"https:\/\/www.innovationintextiles.com\/composites\/circular-building-solutions-with-flax\/\" style=\"color:blue; text-decoration:underline\"><span lang=\"EN-US\" style=\"font-size:14.0pt\">Circular building solutions with flax<\/span><\/a><\/span><\/span><\/span><\/p>\r\n\r\n<p style=\"text-align:justify\"><span style=\"font-size:11pt\"><span style=\"line-height:normal\"><span style=\"font-family:Calibri,sans-serif\"><a href=\"https:\/\/revistaoe.com.br\/asfalto-com-plastico-reciclado-e-rap-eixo-sp\/\" style=\"color:blue; text-decoration:underline\"><span style=\"font-size:14.0pt\">Trecho piloto usa 6% de pl&aacute;stico reciclado, RAP e ligante na pavimenta&ccedil;&atilde;o<\/span><\/a><\/span><\/span><\/span><\/p>\r\n\r\n<p style=\"text-align:justify\"><span style=\"font-size:28pt\"><span style=\"font-family:Cambria,serif\"><span style=\"letter-spacing:-0.5pt\"><b><span style=\"font-size:18.0pt\"><span style=\"font-family:&quot;Calibri&quot;,sans-serif\"><span style=\"font-variant:small-caps\">Com&eacute;rcio Exterior<\/span><\/span><\/span><\/b><\/span><\/span><\/span><\/p>\r\n\r\n<p style=\"text-align:justify\"><span style=\"font-size:11pt\"><span style=\"line-height:normal\"><span style=\"font-family:Calibri,sans-serif\"><a href=\"https:\/\/plasticosemrevista.com.br\/de-xangai-a-chancay\/\" style=\"color:blue; text-decoration:underline\"><span style=\"font-size:14.0pt\">De Xangai a Chancay: super porto no Peru pode motivar ajustes na rota do setor pl&aacute;stico brasileiro<\/span><\/a><\/span><\/span><\/span><\/p>\r\n\r\n<p style=\"text-align:justify\"><span style=\"font-size:11pt\"><span style=\"line-height:normal\"><span style=\"font-family:Calibri,sans-serif\"><a href=\"https:\/\/plasticosemrevista.com.br\/comercio-exterior-cenario-instavel-nao-trava-arrancada-do-think-plastic-brazil\/\" style=\"color:blue; text-decoration:underline\"><span style=\"font-size:14.0pt\">Com&eacute;rcio exterior: cen&aacute;rio inst&aacute;vel n&atilde;o trava arrancada do Think Plastic Brazil<\/span><\/a><\/span><\/span><\/span><\/p>\r\n\r\n<p style=\"text-align:justify\"><span style=\"font-size:11pt\"><span style=\"line-height:normal\"><span style=\"font-family:Calibri,sans-serif\"><a href=\"https:\/\/www.fibre2fashion.com\/news\/textile-news\/china-pledges-stronger-strategic-alignment-with-asean-gcc-members-302931-newsdetails.htm\" style=\"color:blue; text-decoration:underline\"><span lang=\"EN-US\" style=\"font-size:14.0pt\">China pledges stronger strategic alignment with ASEAN, GCC members<\/span><\/a><\/span><\/span><\/span><\/p>\r\n\r\n<p style=\"text-align:justify\"><span style=\"font-size:28pt\"><span style=\"font-family:Cambria,serif\"><span style=\"letter-spacing:-0.5pt\"><b><span style=\"font-size:18.0pt\"><span style=\"font-family:&quot;Calibri&quot;,sans-serif\"><span style=\"font-variant:small-caps\">Economia<\/span><\/span><\/span><\/b><\/span><\/span><\/span><\/p>\r\n\r\n<p style=\"text-align:justify\"><span style=\"font-size:11pt\"><span style=\"line-height:normal\"><span style=\"font-family:Calibri,sans-serif\"><a href=\"https:\/\/www.bcb.gov.br\/content\/focus\/focus\/R20250530.pdf\" style=\"color:blue; text-decoration:underline\"><span style=\"font-size:14.0pt\">Focus - Relat&oacute;rio de Mercado<\/span><\/a><\/span><\/span><\/span><\/p>\r\n\r\n<p style=\"text-align:justify\"><span style=\"font-size:11pt\"><span style=\"line-height:normal\"><span style=\"font-family:Calibri,sans-serif\"><a href=\"https:\/\/www.bcb.gov.br\/content\/controleinflacao\/focusdistribuicoesfrequencia\/P20250602-Focus-Distribuicoes-de-frequencia.pdf\" style=\"color:blue; text-decoration:underline\"><span style=\"font-size:14.0pt\">Focus &ndash; Distribui&ccedil;&otilde;es de Frequ&ecirc;ncia das Expectativas de Mercado para IPCA, Selic, PIB e C&acirc;mbio<\/span><\/a><\/span><\/span><\/span><\/p>\r\n\r\n<p style=\"text-align:justify\"><span style=\"font-size:11pt\"><span style=\"line-height:normal\"><span style=\"font-family:Calibri,sans-serif\"><a href=\"https:\/\/neofeed.com.br\/economia\/a-boa-e-a-ma-noticia-do-pib-do-brasil\/\" style=\"color:blue; text-decoration:underline\"><span style=\"font-size:14.0pt\">A boa e a m&aacute; not&iacute;cia do PIB do Brasil<\/span><\/a><\/span><\/span><\/span><\/p>\r\n\r\n<p style=\"text-align:justify\"><span style=\"font-size:11pt\"><span style=\"line-height:normal\"><span style=\"font-family:Calibri,sans-serif\"><a href=\"https:\/\/portalibre.fgv.br\/system\/files\/divulgacao\/noticias\/mat-complementar\/2025-05\/PressRelease_IIE-BR_mai25.pdf\" style=\"color:blue; text-decoration:underline\"><span style=\"font-size:14.0pt\">Incerteza Econ&ocirc;mica cede no m&ecirc;s, mas se mant&eacute;m na faixa desfavor&aacute;vel<\/span><\/a><\/span><\/span><\/span><\/p>\r\n\r\n<p style=\"text-align:justify\"><span style=\"font-size:11pt\"><span style=\"line-height:normal\"><span style=\"font-family:Calibri,sans-serif\"><a href=\"https:\/\/portalibre.fgv.br\/system\/files\/divulgacao\/noticias\/mat-complementar\/2025-06\/Apresenta%C3%A7%C3%A3o%20-%20S%C3%ADntese%20das%20Sondagens%20-%20Maio%202025.pdf\" style=\"color:blue; text-decoration:underline\"><span style=\"font-size:14.0pt\">Indicadores de Confian&ccedil;a e Incerteza do FGV IBRE<\/span><\/a><\/span><\/span><\/span><\/p>\r\n\r\n<p style=\"text-align:justify\"><span style=\"font-size:11pt\"><span style=\"line-height:normal\"><span style=\"font-family:Calibri,sans-serif\"><a href=\"https:\/\/blogdoibre.fgv.br\/posts\/orcamento-publico-politica-economica-e-importancia-do-patrimonio-liquido-do-governo-federal\" style=\"color:blue; text-decoration:underline\"><span style=\"font-size:14.0pt\">Or&ccedil;amento p&uacute;blico, pol&iacute;tica econ&ocirc;mica e a import&acirc;ncia do patrim&ocirc;nio l&iacute;quido do governo federal<\/span><\/a><\/span><\/span><\/span><\/p>\r\n","6":"<p style=\"text-align:justify\"><span style=\"font-size:11pt\"><span style=\"line-height:normal\"><span style=\"font-family:Calibri,sans-serif\"><span style=\"font-size:14.0pt\">Esta &eacute; uma compila&ccedil;&atilde;o das not&iacute;cias mais relevantes para o setor, incluindo informa&ccedil;&otilde;es sobre acordos internacionais, economia brasileira, sustentabilidade e mat&eacute;rias primas, al&eacute;m de novidades do setor de N&atilde;otecidos e Tecidos T&eacute;cnicos.<\/span><\/span><\/span><\/span><\/p>\r\n\r\n<p style=\"text-align:justify\"><span style=\"font-size:28pt\"><span style=\"font-family:Cambria,serif\"><span style=\"letter-spacing:-0.5pt\"><b><span style=\"font-size:18.0pt\"><span style=\"font-family:&quot;Calibri&quot;,sans-serif\"><span style=\"font-variant:small-caps\">Not&iacute;cias das Associadas<\/span><\/span><\/span><\/b><\/span><\/span><\/span><\/p>\r\n\r\n<p style=\"text-align:justify\"><span style=\"font-size:11pt\"><span style=\"line-height:normal\"><span style=\"font-family:Calibri,sans-serif\"><a href=\"https:\/\/tissueonline.com.br\/longjing-paper-china-inicia-operacao-da-primeira-maquina-de-tissue-andritz-primelinehytad\/\" style=\"color:blue; text-decoration:underline\"><span style=\"font-size:14.0pt\">Longjing Paper, China, inicia opera&ccedil;&atilde;o da primeira m&aacute;quina de tissue ANDRITZ PrimeLineHyTAD<\/span><\/a><\/span><\/span><\/span><\/p>\r\n\r\n<p style=\"text-align:justify\"><span style=\"font-size:11pt\"><span style=\"line-height:normal\"><span style=\"font-family:Calibri,sans-serif\"><a href=\"https:\/\/emobile.com.br\/site\/industria\/cipatex-recebe-certificado-de-energia-renovavel\/\" style=\"color:blue; text-decoration:underline\"><span style=\"font-size:14.0pt\">Cipatex recebe Certificado de Energia Renov&aacute;vel<\/span><\/a><\/span><\/span><\/span><\/p>\r\n\r\n<p style=\"text-align:justify\"><span style=\"font-size:11pt\"><span style=\"line-height:normal\"><span style=\"font-family:Calibri,sans-serif\"><a href=\"https:\/\/geosyntheticsmagazine.com\/2025\/02\/06\/officine-maccaferri-acquires-synteen-technical-fabrics\/\" style=\"color:blue; text-decoration:underline\"><span lang=\"EN-US\" style=\"font-size:14.0pt\">Officine Maccaferri acquires Synteen Technical Fabrics<\/span><\/a><\/span><\/span><\/span><\/p>\r\n\r\n<p style=\"text-align:justify\">&nbsp;<\/p>\r\n\r\n<p style=\"text-align:justify\"><span style=\"font-size:11pt\"><span style=\"line-height:normal\"><span style=\"font-family:Calibri,sans-serif\"><b><span style=\"font-size:18.0pt\"><span style=\"font-variant:small-caps\">Eventos<\/span><\/span><\/b><\/span><\/span><\/span><\/p>\r\n\r\n<p style=\"text-align:justify\"><span style=\"font-size:11pt\"><span style=\"line-height:normal\"><span style=\"font-family:Calibri,sans-serif\"><a href=\"https:\/\/www.sympla.com.br\/evento\/caminhos-sustentaveis-o-futuro-da-industria-textil\/2934717\" style=\"color:blue; text-decoration:underline\"><b><span style=\"font-size:14.0pt\">Caminhos Sustent&aacute;veis: o Futuro da Ind&uacute;stria T&ecirc;xtil<\/span><\/b><\/a><span style=\"font-size:14.0pt\">, 05 de junho de 2025, das 18h &agrave;s 22h, evento presencial, SENAI Americana, Americana, SP<\/span><\/span><\/span><\/span><\/p>\r\n\r\n<p style=\"text-align:justify\"><span style=\"font-size:11pt\"><span style=\"line-height:normal\"><span style=\"font-family:Calibri,sans-serif\"><a href=\"https:\/\/conteudo.anahp.com.br\/questoes-climaticas-na-saude?utm_campaign=emkt_-_evento_belem_cop_30_geral&amp;utm_medium=email&amp;utm_source=RD+Station\" style=\"color:blue; text-decoration:underline\"><b><span style=\"font-size:14.0pt\">Impacto das quest&otilde;es clim&aacute;ticas e as quest&otilde;es ambientais<\/span><\/b><\/a><span style=\"font-size:14.0pt\">, 06 de junho de 2025, 09h &agrave;s 17h, evento h&iacute;brido, Centro de Conven&ccedil;&otilde;es do Hospital Porto Dias (Bel&eacute;m\/PA) e transmiss&atilde;o online<\/span><\/span><\/span><\/span><\/p>\r\n\r\n<p style=\"text-align:justify\"><span style=\"font-size:11pt\"><span style=\"line-height:normal\"><span style=\"font-family:Calibri,sans-serif\"><a href=\"https:\/\/abrava.com.br\/compromissos\/evento-de-meio-ambiente\/?utm_campaign=inscreva-se__gerenciamento_de_ciclo_de_vida_e_economia_circular_em_avacr_no_brasil&amp;utm_medium=email&amp;utm_source=RD+Station\" style=\"color:blue; text-decoration:underline\"><b><span style=\"font-size:14.0pt\">ABRAVA | Gerenciamento de Ciclo de Vida e Economia Circular em AVACR no Brasil<\/span><\/b><\/a><span style=\"font-size:14.0pt\">, 06 de junho de 2025, evento h&iacute;brido: sede Fiesp, Av. Paulista, 1313, ou via plataforma Zoom<\/span><\/span><\/span><\/span><\/p>\r\n\r\n<p style=\"text-align:justify\"><span style=\"font-size:11pt\"><span style=\"line-height:normal\"><span style=\"font-family:Calibri,sans-serif\"><a href=\"https:\/\/abrava.com.br\/compromissos\/workshop-ar-condicionado-automotivo-2\/?utm_campaign=inscreva-se__workshop_ar_condicionado_automotivo&amp;utm_medium=email&amp;utm_source=RD+Station\" style=\"color:blue; text-decoration:underline\"><b><span style=\"font-size:14.0pt\">ABRAVA | Workshop Ar Condicionado Automotivo<\/span><\/b><\/a><span style=\"font-size:14.0pt\">, 14 de junho de 2025, 08h30 &agrave;s 14h30, evento presencial, Av. Rio Branco, 1492, Campos El&iacute;seos, S&atilde;o Paulo, SP, 01206-001<\/span><\/span><\/span><\/span><\/p>\r\n\r\n<p style=\"text-align:justify\"><span style=\"font-size:11pt\"><span style=\"line-height:normal\"><span style=\"font-family:Calibri,sans-serif\"><a href=\"https:\/\/crm-apps.apexbrasil.com.br\/orgbdeab873\/inscricao-eventos\/evento\/webserie-direto-do-mercado-2025\/cc48605a-ca58-4ce6-8079-5f3edda10a8e?utm_source=EMarketing&amp;msdynttrid=qllyIhb7ISZbH8JlNC2mzuDV66nhpd_4gD5hRBW5XoA\" style=\"color:blue; text-decoration:underline\"><b><span style=\"font-size:14.0pt\">Apex Brasil | Webs&eacute;rie Direto do Mercado: Edi&ccedil;&atilde;o M&eacute;xico<\/span><\/b><\/a><span style=\"font-size:14.0pt\">, 17 de junho de 2025, 16h30 &agrave;s 18h30, evento on-line<\/span><\/span><\/span><\/span><\/p>\r\n\r\n<p style=\"text-align:justify\"><span style=\"font-size:11pt\"><span style=\"line-height:normal\"><span style=\"font-family:Calibri,sans-serif\"><a href=\"https:\/\/abit.rds.land\/ws-inventarios-de-gees\" style=\"color:blue; text-decoration:underline\"><b><span style=\"font-size:14.0pt\">Workshop Abit | Invent&aacute;rio de GEE e Estrat&eacute;gia de Descarboniza&ccedil;&atilde;o<\/span><\/b><\/a><span style=\"font-size:14.0pt\">, 01 de julho de 2025, 10h &agrave;s 12h, evento online<\/span><\/span><\/span><\/span><\/p>\r\n\r\n<p style=\"text-align:justify\"><span style=\"font-size:11pt\"><span style=\"line-height:normal\"><span style=\"font-family:Calibri,sans-serif\"><a href=\"https:\/\/www.abnteducacao.com.br\/Simbologia_de_cuidados_aplicada_a_Etiquetagem_de_Texteis_ABNT_NBR_NM_ISO_3758\" style=\"color:blue; text-decoration:underline\"><b><span style=\"font-size:14.0pt\">Simbologia de cuidados aplicada a Etiquetagem de T&ecirc;xteis<\/span><\/b><\/a><span style=\"font-size:14.0pt\">, 08 a 11 de julho de 2025<\/span><\/span><\/span><\/span><\/p>\r\n\r\n<p style=\"text-align:justify\"><span style=\"font-size:11pt\"><span style=\"line-height:normal\"><span style=\"font-family:Calibri,sans-serif\"><a href=\"https:\/\/sticni.sharepoint.com\/sites\/PublicShare\/Compartilhamentos\/Forms\/AllItems.aspx?id=%2Fsites%2FPublicShare%2FCompartilhamentos%2FCNI%2D133649%2FPrograma%20Imers%C3%B5es%20em%20Ecossistemas%2FImers%C3%A3o%20Finlandia%20em%20Economia%20Circular%2E%201%2Epdf&amp;parent=%2Fsites%2FPublicShare%2FCompartilhamentos%2FCNI%2D133649%2FPrograma%20Imers%C3%B5es%20em%20Ecossistemas&amp;p=true&amp;ga=1\" style=\"color:blue; text-decoration:underline\"><b><span style=\"font-size:14.0pt\">CNI | Imers&atilde;o Finl&acirc;ndia: Uma conex&atilde;o global com a Economia Circular<\/span><\/b><\/a><span style=\"font-size:14.0pt\">, 01 a 05 de setembro de 2025, inscri&ccedil;&otilde;es at&eacute; 10 de agosto de 2025 ou se encerrarem as vagas, cidades destinos: Helsinki (cidade base), Tampere e Espoo.<\/span><\/span><\/span><\/span><\/p>\r\n\r\n<p style=\"text-align:justify\"><span style=\"font-size:11pt\"><span style=\"line-height:normal\"><span style=\"font-family:Calibri,sans-serif\"><a href=\"https:\/\/www.conbrava.com.br\/\" style=\"color:blue; text-decoration:underline\"><b><span style=\"font-size:14.0pt\">CONBRAVA 2025<\/span><\/b><\/a><span style=\"font-size:14.0pt\">, 10 a 12 de setembro de 2025, S&atilde;o Paulo Expo, Rodovia dos Imigrantes, km 1,5<\/span><\/span><\/span><\/span><\/p>\r\n\r\n<p style=\"text-align:justify\"><span style=\"font-size:11pt\"><span style=\"line-height:normal\"><span style=\"font-family:Calibri,sans-serif\"><a href=\"https:\/\/paving.com.br\/\" style=\"color:blue; text-decoration:underline\"><b><span style=\"font-size:14.0pt\">Paving Expo 2025<\/span><\/b><\/a><span style=\"font-size:14.0pt\">, 23 a 25 de setembro de 2025, Distrito Anhembi, Rua Prof. Milton Rodrigues, s\/n, Santana, S&atilde;o Paulo, SP<\/span><\/span><\/span><\/span><\/p>\r\n\r\n<p style=\"text-align:justify\"><span style=\"font-size:11pt\"><span style=\"line-height:normal\"><span style=\"font-family:Calibri,sans-serif\"><a href=\"https:\/\/www.instagram.com\/sobeccnacional\/p\/DA1V8NZyhNK\/?img_index=1\" style=\"color:blue; text-decoration:underline\"><b><span style=\"font-size:14.0pt\">17&ordm; Congresso Brasileiro de Enfermagem em Centro Cir&uacute;rgico: &ldquo;O poder de cuidar&rdquo;<\/span><\/b><\/a><span style=\"font-size:14.0pt\">, 01 a 03 de outubro de 2025, Transamerica Expo Center, S&atilde;o Paulo, SP<\/span><\/span><\/span><\/span><\/p>\r\n\r\n<p style=\"text-align:justify\"><span style=\"font-size:11pt\"><span style=\"line-height:normal\"><span style=\"font-family:Calibri,sans-serif\"><a href=\"https:\/\/www.abrafiltros.org.br\/3o-seminario-brasileiro-de-filtros-acontecera-no-dia-08-de-outubro\/\" style=\"color:blue; text-decoration:underline\"><b><span style=\"font-size:14.0pt\">3&ordm; Semin&aacute;rio Brasileiro de Filtros<\/span><\/b><\/a><span style=\"font-size:14.0pt\">, 08 de outubro de 2025, evento presencial<\/span><\/span><\/span><\/span><\/p>\r\n\r\n<p style=\"text-align:justify\"><span style=\"font-size:11pt\"><span style=\"line-height:normal\"><span style=\"font-family:Calibri,sans-serif\"><a href=\"https:\/\/hospitalmed.com.br\/feira\/\" style=\"color:blue; text-decoration:underline\"><b><span style=\"font-size:14.0pt\">HospitalMed 2025<\/span><\/b><\/a><span style=\"font-size:14.0pt\">, 22 a 24 de outubro, Pernambuco Centro de Conven&ccedil;&otilde;es, Olinda<\/span><\/span><\/span><\/span><\/p>\r\n\r\n<p style=\"text-align:justify\"><span style=\"font-size:11pt\"><span style=\"line-height:normal\"><span style=\"font-family:Calibri,sans-serif\"><a href=\"https:\/\/www.congressoabit.com.br\/\" style=\"color:blue; text-decoration:underline\"><b><span style=\"font-size:14.0pt\">Congresso Internacional Abit 2025<\/span><\/b><\/a><span style=\"font-size:14.0pt\">, 29 e 30 de outubro, 08h &agrave;s 20h, FIESP, S&atilde;o Paulo, SP<\/span><\/span><\/span><\/span><\/p>\r\n\r\n<p style=\"text-align:justify\"><span style=\"font-size:11pt\"><span style=\"line-height:normal\"><span style=\"font-family:Calibri,sans-serif\"><a href=\"https:\/\/filtech.de\/\" style=\"color:blue; text-decoration:underline\"><b><span style=\"font-size:14.0pt\">Filtech 2026<\/span><\/b><\/a><span style=\"font-size:14.0pt\">, de 30 de junho a 2 de julho, Cologne, Alemanha<\/span><\/span><\/span><\/span><\/p>\r\n\r\n<p style=\"text-align:justify\"><span style=\"font-size:28pt\"><span style=\"font-family:Cambria,serif\"><span style=\"letter-spacing:-0.5pt\"><b><span style=\"font-size:18.0pt\"><span style=\"font-family:&quot;Calibri&quot;,sans-serif\"><span style=\"font-variant:small-caps\">Setor<\/span><\/span><\/span><\/b><\/span><\/span><\/span><\/p>\r\n\r\n<p style=\"text-align:justify\"><span style=\"font-size:11pt\"><span style=\"line-height:normal\"><span style=\"font-family:Calibri,sans-serif\"><a href=\"https:\/\/www.nonwovens-industry.com\/contents\/view_ebook\/2025-05-19\/resilience-or-risk-how-the-nonwovens-sector-is-preparing-for-tariff-shocks\/?widget=listSection\" style=\"color:blue; text-decoration:underline\"><span lang=\"EN-US\" style=\"font-size:14.0pt\">Resilience or Risk? How the Nonwovens Sector is Preparing for Tariff Shocks<\/span><\/a><\/span><\/span><\/span><\/p>\r\n\r\n<p style=\"text-align:justify\"><span style=\"font-size:11pt\"><span style=\"line-height:normal\"><span style=\"font-family:Calibri,sans-serif\"><a href=\"https:\/\/www.nonwovens-industry.com\/contents\/view_online-exclusives\/2025-05-13\/investment-report\/?widget=listSection\" style=\"color:blue; text-decoration:underline\"><span style=\"font-size:14.0pt\">Nonwovens Industry Investment Recap<\/span><\/a><\/span><\/span><\/span><\/p>\r\n\r\n<p style=\"text-align:justify\"><span style=\"font-size:11pt\"><span style=\"line-height:normal\"><span style=\"font-family:Calibri,sans-serif\"><a href=\"https:\/\/ric.com.br\/estilo-de-vida\/dicas-de-jardinagem\/como-proteger-suas-plantas-da-geada-cinco-truques-funcionais\/\" style=\"color:blue; text-decoration:underline\"><span style=\"font-size:14.0pt\">N&atilde;otecidos: como proteger as plantas da geada com cinco truques<\/span><\/a><\/span><\/span><\/span><\/p>\r\n\r\n<p style=\"text-align:justify\"><span style=\"font-size:11pt\"><span style=\"line-height:normal\"><span style=\"font-family:Calibri,sans-serif\"><a href=\"https:\/\/www.nonwovens-industry.com\/contents\/list_webinars\/?widget=listSection\" style=\"color:blue; text-decoration:underline\"><span lang=\"EN-US\" style=\"font-size:14.0pt\">Increasing Market Demands on Absorbent Hygiene Products &ndash; The Right Components are Crucial<\/span><\/a><\/span><\/span><\/span><\/p>\r\n\r\n<p style=\"text-align:justify\"><span style=\"font-size:11pt\"><span style=\"line-height:normal\"><span style=\"font-family:Calibri,sans-serif\"><a href=\"https:\/\/www.revistaplasticosul.com.br\/sustentabilidade\/e-formada-a-mesa-latino-americana-do-pvc\/\" style=\"color:blue; text-decoration:underline\"><span style=\"font-size:14.0pt\">&Eacute; formada a mesa latino-americana do PVC<\/span><\/a><\/span><\/span><\/span><\/p>\r\n\r\n<p style=\"text-align:justify\"><span style=\"font-size:11pt\"><span style=\"line-height:normal\"><span style=\"font-family:Calibri,sans-serif\"><a href=\"https:\/\/www.nonwovens-industry.com\/contents\/view_online-exclusives\/2025-05-06\/chinas-nonwovens-output-records-the-largest-post-pandemic-growth\/?widget=listSection\" style=\"color:blue; text-decoration:underline\"><span lang=\"EN-US\" style=\"font-size:14.0pt\">China&#39;s Nonwovens Output Records the Largest Post-Pandemic Growth<\/span><\/a><\/span><\/span><\/span><\/p>\r\n\r\n<p style=\"text-align:justify\"><span style=\"font-size:28pt\"><span style=\"font-family:Cambria,serif\"><span style=\"letter-spacing:-0.5pt\"><b><span style=\"font-size:18.0pt\"><span style=\"font-family:&quot;Calibri&quot;,sans-serif\"><span style=\"font-variant:small-caps\">Ind&uacute;stria<\/span><\/span><\/span><\/b><\/span><\/span><\/span><\/p>\r\n\r\n<p style=\"text-align:justify\"><span style=\"font-size:11pt\"><span style=\"line-height:normal\"><span style=\"font-family:Calibri,sans-serif\"><a href=\"https:\/\/es360.com.br\/coluna-inovacao\/industria-e-tech-industria-e-pop-industria-e-tudo\" style=\"color:blue; text-decoration:underline\"><span style=\"font-size:14.0pt\">Enquanto o apag&atilde;o de engenheiros estrangula a inova&ccedil;&atilde;o, a ind&uacute;stria brasileira busca solu&ccedil;&otilde;es urgentes para evitar o colapso no desenvolvimento econ&ocirc;mico<\/span><\/a><\/span><\/span><\/span><\/p>\r\n\r\n<p style=\"text-align:justify\"><span style=\"font-size:11pt\"><span style=\"line-height:normal\"><span style=\"font-family:Calibri,sans-serif\"><a href=\"https:\/\/noticias.portaldaindustria.com.br\/noticias\/politica-industrial\/politica-industrial-se-faz-com-inovacao-sustentabilidade-reducao-de-custos-e-competitividade-afirma-geraldo-alckimin\/\" style=\"color:blue; text-decoration:underline\"><span style=\"font-size:14.0pt\">Pol&iacute;tica industrial se faz com inova&ccedil;&atilde;o, sustentabilidade, redu&ccedil;&atilde;o de custos e competitividade, afirma Geraldo Alckimin<\/span><\/a><\/span><\/span><\/span><\/p>\r\n\r\n<p style=\"text-align:justify\"><span style=\"font-size:11pt\"><span style=\"line-height:normal\"><span style=\"font-family:Calibri,sans-serif\"><a href=\"https:\/\/noticias.portaldaindustria.com.br\/posicionamentos\/juros-elevados-e-aumento-das-importacoes-comprometeram-crescimento-da-industria-no-1o-trimestre-avalia-cni\/\" style=\"color:blue; text-decoration:underline\"><span style=\"font-size:14.0pt\">Juros elevados e aumento das importa&ccedil;&otilde;es comprometeram crescimento da ind&uacute;stria no 1&ordm; trimestre, avalia CNI<\/span><\/a><\/span><\/span><\/span><\/p>\r\n\r\n<p style=\"text-align:justify\"><span style=\"font-size:11pt\"><span style=\"line-height:normal\"><span style=\"font-family:Calibri,sans-serif\"><a href=\"https:\/\/agenciabrasil.ebc.com.br\/economia\/noticia\/2025-05\/bndes-amplia-em-r-41-bilhoes-investimentos-na-nova-industria-brasil\" style=\"color:blue; text-decoration:underline\"><span style=\"font-size:14.0pt\">BNDES amplia em R$ 41 bilh&otilde;es investimentos na Nova Ind&uacute;stria Brasil<\/span><\/a><\/span><\/span><\/span><\/p>\r\n\r\n<p style=\"text-align:justify\"><span style=\"font-size:11pt\"><span style=\"line-height:normal\"><span style=\"font-family:Calibri,sans-serif\"><a href=\"https:\/\/noticias.portaldaindustria.com.br\/artigos\/ricardo-alban\/um-pacto-para-o-brasil\/\" style=\"color:blue; text-decoration:underline\"><span style=\"font-size:14.0pt\">Um pacto para o Brasil<\/span><\/a><\/span><\/span><\/span><\/p>\r\n\r\n<p style=\"text-align:justify\"><span style=\"font-size:11pt\"><span style=\"line-height:normal\"><span style=\"font-family:Calibri,sans-serif\"><a href=\"https:\/\/portalibre.fgv.br\/system\/files\/divulgacao\/noticias\/mat-complementar\/2025-06\/%C3%8Dndice%20de%20Confian%C3%A7a%20Empresarial%20FGV_press%20release_Mai25.pdf\" style=\"color:blue; text-decoration:underline\"><span style=\"font-size:14.0pt\">Confian&ccedil;a Empresarial volta a subir em maio<\/span><\/a><\/span><\/span><\/span><\/p>\r\n\r\n<p style=\"text-align:justify\"><span style=\"font-size:11pt\"><span style=\"line-height:normal\"><span style=\"font-family:Calibri,sans-serif\"><a href=\"https:\/\/www.engenhariacompartilhada.com.br\/noticia\/exibir\/9659659_contratacao-de-profissionais-para-o-setor-da-construcao-civil-deve-seguir-aquecida-em-2025\" style=\"color:blue; text-decoration:underline\"><span style=\"font-size:14.0pt\">Contrata&ccedil;&atilde;o de profissionais para o setor da constru&ccedil;&atilde;o civil deve seguir aquecida em 2025<\/span><\/a><\/span><\/span><\/span><\/p>\r\n\r\n<p style=\"text-align:justify\"><span style=\"font-size:11pt\"><span style=\"line-height:normal\"><span style=\"font-family:Calibri,sans-serif\"><a href=\"https:\/\/revlink.revistaanamaco.com.br\/cl\/PUQFr\/CxP\/8ebd\/LCFJkUKAOaB\/BM-9\/Fzahbfiwo96\/2\/\" style=\"color:blue; text-decoration:underline\" target=\"_blank\"><span style=\"font-size:14.0pt\">Constru&ccedil;&atilde;o cria 34,2 mil vagas em abril<\/span><\/a><\/span><\/span><\/span><\/p>\r\n\r\n<p style=\"text-align:justify\"><span style=\"font-size:28pt\"><span style=\"font-family:Cambria,serif\"><span style=\"letter-spacing:-0.5pt\"><b><span style=\"font-size:18.0pt\"><span style=\"font-family:&quot;Calibri&quot;,sans-serif\"><span style=\"font-variant:small-caps\">Sustentabilidade<\/span><\/span><\/span><\/b><\/span><\/span><\/span><\/p>\r\n\r\n<p style=\"text-align:justify\"><span style=\"font-size:11pt\"><span style=\"line-height:normal\"><span style=\"font-family:Calibri,sans-serif\"><a href=\"https:\/\/www.plastico.com.br\/parceria-tecnologica-quer-avancar-na-reciclagem-de-fibra-aramida\/?utm_campaign=newsletter_plastico_maio_2025&amp;utm_medium=email&amp;utm_source=RD+Station\" style=\"color:blue; text-decoration:underline\"><span style=\"font-size:14.0pt\">Parceria tecnol&oacute;gica quer avan&ccedil;ar na reciclagem de fibra aramida<\/span><\/a><\/span><\/span><\/span><\/p>\r\n\r\n<p style=\"text-align:justify\"><span style=\"font-size:11pt\"><span style=\"line-height:normal\"><span style=\"font-family:Calibri,sans-serif\"><a href=\"https:\/\/www.revistaplasticosul.com.br\/sustentabilidade\/rio-grande-do-sul-inaugura-espaco-sensorial-e-educativo-dedicado-a-economia-circular-do-plastico\/\" style=\"color:blue; text-decoration:underline\"><span style=\"font-size:14.0pt\">Rio Grande do Sul inaugura espa&ccedil;o sensorial e educativo dedicado &agrave; economia circular do pl&aacute;stico<\/span><\/a><\/span><\/span><\/span><\/p>\r\n\r\n<p style=\"text-align:justify\"><span style=\"font-size:11pt\"><span style=\"line-height:normal\"><span style=\"font-family:Calibri,sans-serif\"><a href=\"https:\/\/www.gov.br\/ana\/pt-br\/assuntos\/noticias-e-eventos\/noticias\/agencia-debate-implicacoes-regulatorias-tarifarias-nas-parcerias-publico-privadas-no-saneamento-basico-em-painel-do-33o-cbesa\" style=\"color:blue; text-decoration:underline\"><span style=\"font-size:14.0pt\">Ag&ecirc;ncia discute implica&ccedil;&otilde;es regulat&oacute;rias tarif&aacute;rias nas Parcerias P&uacute;blico-Privadas no saneamento b&aacute;sico em painel do 33&ordm; CBESA<\/span><\/a><\/span><\/span><\/span><\/p>\r\n\r\n<p style=\"text-align:justify\"><span style=\"font-size:11pt\"><span style=\"line-height:normal\"><span style=\"font-family:Calibri,sans-serif\"><a href=\"https:\/\/plasticosemrevista.com.br\/k-2025-borealis-introduzira-copos-reutilizaveis-de-pp-reciclado\/\" style=\"color:blue; text-decoration:underline\"><span style=\"font-size:14.0pt\">Feira K 2025: Borealis introduzir&aacute; copos reutiliz&aacute;veis de PP reciclado<\/span><\/a><\/span><\/span><\/span><\/p>\r\n\r\n<p style=\"text-align:justify\"><span style=\"font-size:28pt\"><span style=\"font-family:Cambria,serif\"><span style=\"letter-spacing:-0.5pt\"><b><span lang=\"EN-US\" style=\"font-size:18.0pt\"><span style=\"font-family:&quot;Calibri&quot;,sans-serif\"><span style=\"font-variant:small-caps\">Inova&ccedil;&atilde;o<\/span><\/span><\/span><\/b><\/span><\/span><\/span><\/p>\r\n\r\n<p style=\"text-align:justify\"><span style=\"font-size:11pt\"><span style=\"line-height:normal\"><span style=\"font-family:Calibri,sans-serif\"><a href=\"https:\/\/www.innovationintextiles.com\/composites\/circular-building-solutions-with-flax\/\" style=\"color:blue; text-decoration:underline\"><span lang=\"EN-US\" style=\"font-size:14.0pt\">Circular building solutions with flax<\/span><\/a><\/span><\/span><\/span><\/p>\r\n\r\n<p style=\"text-align:justify\"><span style=\"font-size:11pt\"><span style=\"line-height:normal\"><span style=\"font-family:Calibri,sans-serif\"><a href=\"https:\/\/revistaoe.com.br\/asfalto-com-plastico-reciclado-e-rap-eixo-sp\/\" style=\"color:blue; text-decoration:underline\"><span style=\"font-size:14.0pt\">Trecho piloto usa 6% de pl&aacute;stico reciclado, RAP e ligante na pavimenta&ccedil;&atilde;o<\/span><\/a><\/span><\/span><\/span><\/p>\r\n\r\n<p style=\"text-align:justify\"><span style=\"font-size:28pt\"><span style=\"font-family:Cambria,serif\"><span style=\"letter-spacing:-0.5pt\"><b><span style=\"font-size:18.0pt\"><span style=\"font-family:&quot;Calibri&quot;,sans-serif\"><span style=\"font-variant:small-caps\">Com&eacute;rcio Exterior<\/span><\/span><\/span><\/b><\/span><\/span><\/span><\/p>\r\n\r\n<p style=\"text-align:justify\"><span style=\"font-size:11pt\"><span style=\"line-height:normal\"><span style=\"font-family:Calibri,sans-serif\"><a href=\"https:\/\/plasticosemrevista.com.br\/de-xangai-a-chancay\/\" style=\"color:blue; text-decoration:underline\"><span style=\"font-size:14.0pt\">De Xangai a Chancay: super porto no Peru pode motivar ajustes na rota do setor pl&aacute;stico brasileiro<\/span><\/a><\/span><\/span><\/span><\/p>\r\n\r\n<p style=\"text-align:justify\"><span style=\"font-size:11pt\"><span style=\"line-height:normal\"><span style=\"font-family:Calibri,sans-serif\"><a href=\"https:\/\/plasticosemrevista.com.br\/comercio-exterior-cenario-instavel-nao-trava-arrancada-do-think-plastic-brazil\/\" style=\"color:blue; text-decoration:underline\"><span style=\"font-size:14.0pt\">Com&eacute;rcio exterior: cen&aacute;rio inst&aacute;vel n&atilde;o trava arrancada do Think Plastic Brazil<\/span><\/a><\/span><\/span><\/span><\/p>\r\n\r\n<p style=\"text-align:justify\"><span style=\"font-size:11pt\"><span style=\"line-height:normal\"><span style=\"font-family:Calibri,sans-serif\"><a href=\"https:\/\/www.fibre2fashion.com\/news\/textile-news\/china-pledges-stronger-strategic-alignment-with-asean-gcc-members-302931-newsdetails.htm\" style=\"color:blue; text-decoration:underline\"><span lang=\"EN-US\" style=\"font-size:14.0pt\">China pledges stronger strategic alignment with ASEAN, GCC members<\/span><\/a><\/span><\/span><\/span><\/p>\r\n\r\n<p style=\"text-align:justify\"><span style=\"font-size:28pt\"><span style=\"font-family:Cambria,serif\"><span style=\"letter-spacing:-0.5pt\"><b><span style=\"font-size:18.0pt\"><span style=\"font-family:&quot;Calibri&quot;,sans-serif\"><span style=\"font-variant:small-caps\">Economia<\/span><\/span><\/span><\/b><\/span><\/span><\/span><\/p>\r\n\r\n<p style=\"text-align:justify\"><span style=\"font-size:11pt\"><span style=\"line-height:normal\"><span style=\"font-family:Calibri,sans-serif\"><a href=\"https:\/\/www.bcb.gov.br\/content\/focus\/focus\/R20250530.pdf\" style=\"color:blue; text-decoration:underline\"><span style=\"font-size:14.0pt\">Focus - Relat&oacute;rio de Mercado<\/span><\/a><\/span><\/span><\/span><\/p>\r\n\r\n<p style=\"text-align:justify\"><span style=\"font-size:11pt\"><span style=\"line-height:normal\"><span style=\"font-family:Calibri,sans-serif\"><a href=\"https:\/\/www.bcb.gov.br\/content\/controleinflacao\/focusdistribuicoesfrequencia\/P20250602-Focus-Distribuicoes-de-frequencia.pdf\" style=\"color:blue; text-decoration:underline\"><span style=\"font-size:14.0pt\">Focus &ndash; Distribui&ccedil;&otilde;es de Frequ&ecirc;ncia das Expectativas de Mercado para IPCA, Selic, PIB e C&acirc;mbio<\/span><\/a><\/span><\/span><\/span><\/p>\r\n\r\n<p style=\"text-align:justify\"><span style=\"font-size:11pt\"><span style=\"line-height:normal\"><span style=\"font-family:Calibri,sans-serif\"><a href=\"https:\/\/neofeed.com.br\/economia\/a-boa-e-a-ma-noticia-do-pib-do-brasil\/\" style=\"color:blue; text-decoration:underline\"><span style=\"font-size:14.0pt\">A boa e a m&aacute; not&iacute;cia do PIB do Brasil<\/span><\/a><\/span><\/span><\/span><\/p>\r\n\r\n<p style=\"text-align:justify\"><span style=\"font-size:11pt\"><span style=\"line-height:normal\"><span style=\"font-family:Calibri,sans-serif\"><a href=\"https:\/\/portalibre.fgv.br\/system\/files\/divulgacao\/noticias\/mat-complementar\/2025-05\/PressRelease_IIE-BR_mai25.pdf\" style=\"color:blue; text-decoration:underline\"><span style=\"font-size:14.0pt\">Incerteza Econ&ocirc;mica cede no m&ecirc;s, mas se mant&eacute;m na faixa desfavor&aacute;vel<\/span><\/a><\/span><\/span><\/span><\/p>\r\n\r\n<p style=\"text-align:justify\"><span style=\"font-size:11pt\"><span style=\"line-height:normal\"><span style=\"font-family:Calibri,sans-serif\"><a href=\"https:\/\/portalibre.fgv.br\/system\/files\/divulgacao\/noticias\/mat-complementar\/2025-06\/Apresenta%C3%A7%C3%A3o%20-%20S%C3%ADntese%20das%20Sondagens%20-%20Maio%202025.pdf\" style=\"color:blue; text-decoration:underline\"><span style=\"font-size:14.0pt\">Indicadores de Confian&ccedil;a e Incerteza do FGV IBRE<\/span><\/a><\/span><\/span><\/span><\/p>\r\n\r\n<p style=\"text-align:justify\"><span style=\"font-size:11pt\"><span style=\"line-height:normal\"><span style=\"font-family:Calibri,sans-serif\"><a href=\"https:\/\/blogdoibre.fgv.br\/posts\/orcamento-publico-politica-economica-e-importancia-do-patrimonio-liquido-do-governo-federal\" style=\"color:blue; text-decoration:underline\"><span style=\"font-size:14.0pt\">Or&ccedil;amento p&uacute;blico, pol&iacute;tica econ&ocirc;mica e a import&acirc;ncia do patrim&ocirc;nio l&iacute;quido do governo federal<\/span><\/a><\/span><\/span><\/span><\/p>\r\n","texto_en":"","7":"","imagem":"COMP_capa-2025-site-boletim-abint-noticias-semanis_20250603164818vvOT5d1p7R.jpg","8":"COMP_capa-2025-site-boletim-abint-noticias-semanis_20250603164818vvOT5d1p7R.jpg","arquivo":"20250603-BOLETIM-ABINT-DE-NOTICIAS-SEMANAIS.DOCX","9":"20250603-BOLETIM-ABINT-DE-NOTICIAS-SEMANAIS.DOCX","titulo_arquivo":"20250603 Boletim ABINT de Not\u00edcias Semanais","10":"20250603 Boletim ABINT de Not\u00edcias Semanais","titulo_arquivo_en":"","11":"","created_at":"2025-06-03 16:48:32","12":"2025-06-03 16:48:32","updated_at":"2025-06-03 16:48:32","13":"2025-06-03 16:48:32"},{"id":172,"0":172,"ordem":49,"1":49,"data":"2025-05-27","2":"2025-05-27","slug":"boletim-abint-de-noticias-semanais-77","3":"boletim-abint-de-noticias-semanais-77","titulo":"Boletim ABINT de Not\u00edcias Semanais","4":"Boletim ABINT de Not\u00edcias Semanais","titulo_en":"","5":"","texto":"<p style=\"text-align:justify\"><span style=\"font-size:11pt\"><span style=\"line-height:normal\"><span style=\"font-family:Calibri,sans-serif\"><span style=\"font-size:14.0pt\">Esta &eacute; uma compila&ccedil;&atilde;o das not&iacute;cias mais relevantes para o setor, incluindo informa&ccedil;&otilde;es sobre acordos internacionais, economia brasileira, sustentabilidade e mat&eacute;rias primas, al&eacute;m de novidades do setor de N&atilde;otecidos e Tecidos T&eacute;cnicos.<\/span><\/span><\/span><\/span><\/p>\r\n\r\n<p style=\"text-align:justify\"><span style=\"font-size:28pt\"><span style=\"font-family:Cambria,serif\"><span style=\"letter-spacing:-0.5pt\"><b><span style=\"font-size:18.0pt\"><span style=\"font-family:&quot;Calibri&quot;,sans-serif\"><span style=\"font-variant:small-caps\">O que vem por a&iacute;<\/span><\/span><\/span><\/b><\/span><\/span><\/span><\/p>\r\n\r\n<p style=\"text-align:justify\"><img src=\"https:\/\/www.abint.org.br\/assets\/img\/editor\/logo-ctg-abint-png_20250520120409KbjnNd2fY9.png\" style=\"width: 300px; height: 55px;\" \/><\/p>\r\n\r\n<p><img src=\"https:\/\/www.abint.org.br\/assets\/img\/editor\/e-mail-post-premio-tcc-icc-2024-2025_20250430193536F42nr8Haxy.png\" style=\"width: 500px; height: 500px;\" \/><\/p>\r\n\r\n<p><a href=\"https:\/\/geossinteticos.org.br\/premiotccic\">Inscreva seu trabalho<\/a><\/p>\r\n\r\n<p style=\"text-align:justify\"><span style=\"font-size:28pt\"><span style=\"font-family:Cambria,serif\"><span style=\"letter-spacing:-0.5pt\"><b><span style=\"font-size:18.0pt\"><span style=\"font-family:&quot;Calibri&quot;,sans-serif\"><span style=\"font-variant:small-caps\">Not&iacute;cias das Associadas<\/span><\/span><\/span><\/b><\/span><\/span><\/span><\/p>\r\n\r\n<p style=\"text-align:justify\"><span style=\"font-size:11pt\"><span style=\"line-height:normal\"><span style=\"font-family:Calibri,sans-serif\"><a href=\"https:\/\/www.fibre2fashion.com\/news\/technical-textiles\/andritz-technology-boosts-circular-textile-production-at-pacific-jeans-302670-newsdetails.htm\" style=\"color:blue; text-decoration:underline\"><span lang=\"EN-US\" style=\"font-size:14.0pt\">Andritz technology boosts circular textile production at Pacific Jeans<\/span><\/a><\/span><\/span><\/span><\/p>\r\n\r\n<p style=\"text-align:justify\"><span style=\"font-size:11pt\"><span style=\"line-height:normal\"><span style=\"font-family:Calibri,sans-serif\"><a href=\"https:\/\/engineeringreviewzambia.com\/fibertex-nonwovens-to-participate-at-sagc-2025\/\" style=\"color:blue; text-decoration:underline\"><span style=\"font-size:14.0pt\">Fibertex Nonwovens participar&aacute; da SAGC 2025<\/span><\/a><\/span><\/span><\/span><\/p>\r\n\r\n<p style=\"text-align:justify\"><span style=\"font-size:11pt\"><span style=\"line-height:normal\"><span style=\"font-family:Calibri,sans-serif\"><a href=\"https:\/\/www.textileworld.com\/textile-world\/nonwovens-technical-textiles\/2025\/05\/trutzschlers-truecycled-yarn-is-driving-sustainability-in-lotus-cars\/\" style=\"color:blue; text-decoration:underline\"><span style=\"font-size:14.0pt\">O fio TRUECYCLED da Tr&uuml;tzschler impulsiona a sustentabilidade nos carros Lotus<\/span><\/a><\/span><\/span><\/span><\/p>\r\n\r\n<p style=\"text-align:justify\">&nbsp;<\/p>\r\n\r\n<p style=\"text-align:justify\"><span style=\"font-size:11pt\"><span style=\"line-height:normal\"><span style=\"font-family:Calibri,sans-serif\"><b><span style=\"font-size:18.0pt\"><span style=\"font-variant:small-caps\">Eventos<\/span><\/span><\/b><\/span><\/span><\/span><\/p>\r\n\r\n<p style=\"text-align:justify\">&nbsp;<\/p>\r\n\r\n<p style=\"text-align:justify\"><span style=\"font-size:11pt\"><span style=\"line-height:normal\"><span style=\"font-family:Calibri,sans-serif\"><a href=\"https:\/\/www.sympla.com.br\/evento-online\/a-estrategia-do-brasil-na-guerra-comercial\/2950835\" style=\"color:blue; text-decoration:underline\"><b><span style=\"font-size:14.0pt\">A estrat&eacute;gia do Brasil na guerra comercial<\/span><\/b><\/a><span style=\"font-size:14.0pt\">, 30 de maio de 2025, 10h00 a 11h30, evento online via Youtube<\/span><\/span><\/span><\/span><\/p>\r\n\r\n<p style=\"text-align:justify\"><span style=\"font-size:11pt\"><span style=\"line-height:normal\"><span style=\"font-family:Calibri,sans-serif\"><a href=\"https:\/\/www.sympla.com.br\/evento\/caminhos-sustentaveis-o-futuro-da-industria-textil\/2934717\" style=\"color:blue; text-decoration:underline\"><b><span style=\"font-size:14.0pt\">Caminhos Sustent&aacute;veis: o Futuro da Ind&uacute;stria T&ecirc;xtil<\/span><\/b><\/a><span style=\"font-size:14.0pt\">, 05 de junho de 2025, das 18h &agrave;s 22h, evento presencial, SENAI Americana, Americana, SP<\/span><\/span><\/span><\/span><\/p>\r\n\r\n<p style=\"text-align:justify\"><span style=\"font-size:11pt\"><span style=\"line-height:normal\"><span style=\"font-family:Calibri,sans-serif\"><a href=\"https:\/\/conteudo.anahp.com.br\/questoes-climaticas-na-saude?utm_campaign=emkt_-_evento_belem_cop_30_geral&amp;utm_medium=email&amp;utm_source=RD+Station\" style=\"color:blue; text-decoration:underline\"><b><span style=\"font-size:14.0pt\">Impacto das quest&otilde;es clim&aacute;ticas e as quest&otilde;es ambientais<\/span><\/b><\/a><span style=\"font-size:14.0pt\">, 06 de junho de 2025, 09h &agrave;s 17h, evento h&iacute;brido, Centro de Conven&ccedil;&otilde;es do Hospital Porto Dias (Bel&eacute;m\/PA) e transmiss&atilde;o online<\/span><\/span><\/span><\/span><\/p>\r\n\r\n<p style=\"text-align:justify\"><span style=\"font-size:11pt\"><span style=\"line-height:normal\"><span style=\"font-family:Calibri,sans-serif\"><a href=\"https:\/\/abrava.com.br\/compromissos\/evento-de-meio-ambiente\/?utm_campaign=inscreva-se__gerenciamento_de_ciclo_de_vida_e_economia_circular_em_avacr_no_brasil&amp;utm_medium=email&amp;utm_source=RD+Station\" style=\"color:blue; text-decoration:underline\"><b><span style=\"font-size:14.0pt\">ABRAVA | Gerenciamento de Ciclo de Vida e Economia Circular em AVACR no Brasil<\/span><\/b><\/a><span style=\"font-size:14.0pt\">, 06 de junho de 2025, evento h&iacute;brido: sede Fiesp, Av. Paulista, 1313, ou via plataforma Zoom<\/span><\/span><\/span><\/span><\/p>\r\n\r\n<p style=\"text-align:justify\"><span style=\"font-size:11pt\"><span style=\"line-height:normal\"><span style=\"font-family:Calibri,sans-serif\"><a href=\"https:\/\/abrava.com.br\/compromissos\/workshop-ar-condicionado-automotivo-2\/?utm_campaign=inscreva-se__workshop_ar_condicionado_automotivo&amp;utm_medium=email&amp;utm_source=RD+Station\" style=\"color:blue; text-decoration:underline\"><b><span style=\"font-size:14.0pt\">ABRAVA | Workshop Ar Condicionado Automotivo<\/span><\/b><\/a><span style=\"font-size:14.0pt\">, 14 de junho de 2025, 08h30 &agrave;s 14h30, evento presencial, Av. Rio Branco, 1492, Campos El&iacute;seos, S&atilde;o Paulo, SP, 01206-001<\/span><\/span><\/span><\/span><\/p>\r\n\r\n<p style=\"text-align:justify\"><span style=\"font-size:11pt\"><span style=\"line-height:normal\"><span style=\"font-family:Calibri,sans-serif\"><a href=\"https:\/\/abit.rds.land\/ws-inventarios-de-gees\" style=\"color:blue; text-decoration:underline\"><b><span style=\"font-size:14.0pt\">Workshop Abit | Invent&aacute;rio de GEE e Estrat&eacute;gia de Descarboniza&ccedil;&atilde;o<\/span><\/b><\/a><span style=\"font-size:14.0pt\">, 01 de julho de 2025, 10h &agrave;s 12h, evento online<\/span><\/span><\/span><\/span><\/p>\r\n\r\n<p style=\"text-align:justify\"><span style=\"font-size:11pt\"><span style=\"line-height:normal\"><span style=\"font-family:Calibri,sans-serif\"><a href=\"https:\/\/www.abnteducacao.com.br\/Simbologia_de_cuidados_aplicada_a_Etiquetagem_de_Texteis_ABNT_NBR_NM_ISO_3758\" style=\"color:blue; text-decoration:underline\"><b><span style=\"font-size:14.0pt\">Simbologia de cuidados aplicada a Etiquetagem de T&ecirc;xteis<\/span><\/b><\/a><span style=\"font-size:14.0pt\">, 08 a 11 de julho de 2025<\/span><\/span><\/span><\/span><\/p>\r\n\r\n<p style=\"text-align:justify\"><span style=\"font-size:11pt\"><span style=\"line-height:normal\"><span style=\"font-family:Calibri,sans-serif\"><a href=\"https:\/\/sticni.sharepoint.com\/sites\/PublicShare\/Compartilhamentos\/Forms\/AllItems.aspx?id=%2Fsites%2FPublicShare%2FCompartilhamentos%2FCNI%2D133649%2FPrograma%20Imers%C3%B5es%20em%20Ecossistemas%2FImers%C3%A3o%20Finlandia%20em%20Economia%20Circular%2E%201%2Epdf&amp;parent=%2Fsites%2FPublicShare%2FCompartilhamentos%2FCNI%2D133649%2FPrograma%20Imers%C3%B5es%20em%20Ecossistemas&amp;p=true&amp;ga=1\" style=\"color:blue; text-decoration:underline\"><b><span style=\"font-size:14.0pt\">CNI | Imers&atilde;o Finl&acirc;ndia: Uma conex&atilde;o global com a Economia Circular<\/span><\/b><\/a><span style=\"font-size:14.0pt\">, 01 a 05 de setembro de 2025, inscri&ccedil;&otilde;es at&eacute; 10 de agosto de 2025 ou se encerrarem as vagas, cidades destinos: Helsinki (cidade base), Tampere e Espoo.<\/span><\/span><\/span><\/span><\/p>\r\n\r\n<p style=\"text-align:justify\"><span style=\"font-size:11pt\"><span style=\"line-height:normal\"><span style=\"font-family:Calibri,sans-serif\"><a href=\"https:\/\/www.conbrava.com.br\/\" style=\"color:blue; text-decoration:underline\"><b><span style=\"font-size:14.0pt\">CONBRAVA 2025<\/span><\/b><\/a><span style=\"font-size:14.0pt\">, 10 a 12 de setembro de 2025, S&atilde;o Paulo Expo, Rodovia dos Imigrantes, km 1,5<\/span><\/span><\/span><\/span><\/p>\r\n\r\n<p style=\"text-align:justify\"><span style=\"font-size:11pt\"><span style=\"line-height:normal\"><span style=\"font-family:Calibri,sans-serif\"><a href=\"https:\/\/paving.com.br\/\" style=\"color:blue; text-decoration:underline\"><b><span style=\"font-size:14.0pt\">Paving Expo 2025<\/span><\/b><\/a><span style=\"font-size:14.0pt\">, 23 a 25 de setembro de 2025, Distrito Anhembi, Rua Prof. Milton Rodrigues, s\/n, Santana, S&atilde;o Paulo, SP<\/span><\/span><\/span><\/span><\/p>\r\n\r\n<p style=\"text-align:justify\"><span style=\"font-size:11pt\"><span style=\"line-height:normal\"><span style=\"font-family:Calibri,sans-serif\"><a href=\"https:\/\/www.instagram.com\/sobeccnacional\/p\/DA1V8NZyhNK\/?img_index=1\" style=\"color:blue; text-decoration:underline\"><b><span style=\"font-size:14.0pt\">17&ordm; Congresso Brasileiro de Enfermagem em Centro Cir&uacute;rgico: &ldquo;O poder de cuidar&rdquo;<\/span><\/b><\/a><span style=\"font-size:14.0pt\">, 01 a 03 de outubro de 2025, Transamerica Expo Center, S&atilde;o Paulo, SP<\/span><\/span><\/span><\/span><\/p>\r\n\r\n<p style=\"text-align:justify\"><span style=\"font-size:11pt\"><span style=\"line-height:normal\"><span style=\"font-family:Calibri,sans-serif\"><a href=\"https:\/\/www.abrafiltros.org.br\/3o-seminario-brasileiro-de-filtros-acontecera-no-dia-08-de-outubro\/\" style=\"color:blue; text-decoration:underline\"><b><span style=\"font-size:14.0pt\">3&ordm; Semin&aacute;rio Brasileiro de Filtros<\/span><\/b><\/a><span style=\"font-size:14.0pt\">, 08 de outubro de 2025, evento presencial<\/span><\/span><\/span><\/span><\/p>\r\n\r\n<p style=\"text-align:justify\"><span style=\"font-size:11pt\"><span style=\"line-height:normal\"><span style=\"font-family:Calibri,sans-serif\"><a href=\"https:\/\/hospitalmed.com.br\/feira\/\" style=\"color:blue; text-decoration:underline\"><b><span style=\"font-size:14.0pt\">HospitalMed 2025<\/span><\/b><\/a><span style=\"font-size:14.0pt\">, 22 a 24 de outubro, Pernambuco Centro de Conven&ccedil;&otilde;es, Olinda<\/span><\/span><\/span><\/span><\/p>\r\n\r\n<p style=\"text-align:justify\"><span style=\"font-size:11pt\"><span style=\"line-height:normal\"><span style=\"font-family:Calibri,sans-serif\"><a href=\"https:\/\/filtech.de\/\" style=\"color:blue; text-decoration:underline\"><b><span style=\"font-size:14.0pt\">Filtech 2026<\/span><\/b><\/a><span style=\"font-size:14.0pt\">, de 30 de junho a 2 de julho, Cologne, Alemanha<\/span><\/span><\/span><\/span><\/p>\r\n\r\n<p style=\"text-align:justify\"><span style=\"font-size:28pt\"><span style=\"font-family:Cambria,serif\"><span style=\"letter-spacing:-0.5pt\"><b><span style=\"font-size:18.0pt\"><span style=\"font-family:&quot;Calibri&quot;,sans-serif\"><span style=\"font-variant:small-caps\">Setor<\/span><\/span><\/span><\/b><\/span><\/span><\/span><\/p>\r\n\r\n<p style=\"text-align:justify\"><span style=\"font-size:11pt\"><span style=\"line-height:normal\"><span style=\"font-family:Calibri,sans-serif\"><a href=\"https:\/\/www.textileworld.com\/textile-world\/nonwovens-technical-textiles\/2025\/05\/2025-inda-supply-report-shows-north-american-nonwovens-industrys-continued-growth-with-a-focus-on-sustainability\/\" style=\"color:blue; text-decoration:underline\"><span style=\"font-size:14.0pt\">Relat&oacute;rio de Fornecimento INDA 2025 Mostra Crescimento Cont&iacute;nuo da Ind&uacute;stria de N&atilde;o-Tecidos da Am&eacute;rica do Norte com Foco na Sustentabilidade<\/span><\/a><\/span><\/span><\/span><\/p>\r\n\r\n<p style=\"text-align:justify\"><span style=\"font-size:11pt\"><span style=\"line-height:normal\"><span style=\"font-family:Calibri,sans-serif\"><a href=\"https:\/\/textile-network.com\/en\/Technische-Textilien\/Medizinische-Textilien-im-globalen-Markt?utm_source=hohenstein-us&amp;utm_medium=newsletter&amp;utm_campaign=medical\" style=\"color:blue; text-decoration:underline\"><span lang=\"EN-US\" style=\"font-size:14.0pt\">Medical textiles in the global market<\/span><\/a><\/span><\/span><\/span><\/p>\r\n\r\n<p style=\"text-align:justify\"><span style=\"font-size:11pt\"><span style=\"line-height:normal\"><span style=\"font-family:Calibri,sans-serif\"><a href=\"https:\/\/plasticosemrevista.com.br\/china-continua-a-ampliar-capacidades-de-pe-e-pp\/\" style=\"color:blue; text-decoration:underline\"><span lang=\"ES-AR\" style=\"font-size:14.0pt\">China continua a ampliar capacidades de PE e PP<\/span><\/a><\/span><\/span><\/span><\/p>\r\n\r\n<p style=\"text-align:justify\"><span style=\"font-size:11pt\"><span style=\"line-height:normal\"><span style=\"font-family:Calibri,sans-serif\"><a href=\"https:\/\/open.spotify.com\/episode\/4YPcM381mPM4H9VRu37Fm8?si=rvaUAdubT8Shv3CXJQ14Eg&amp;nd=1&amp;dlsi=7608c7d0e1e74e85\" style=\"color:blue; text-decoration:underline\"><span lang=\"ES-AR\" style=\"font-size:14.0pt\">Podcast Pl&aacute;sticos em Revista #1 - Entrevista com Jos&eacute; Ricardo Roriz Coelho<\/span><\/a><\/span><\/span><\/span><\/p>\r\n\r\n<p style=\"text-align:justify\"><span style=\"font-size:11pt\"><span style=\"line-height:normal\"><span style=\"font-family:Calibri,sans-serif\"><a href=\"https:\/\/www.saudebusiness.com\/eventos-3\/feira-hospitalar-o-maior-evento-de-inovacao-e-gestao-na-area-da-saude\/dados-do-dia-a-dia-dos-pacientes-abrem-caminho-para-uma-nova-regulacao-sanitaria\/?utm_campaign=BRZ25HPR-AK-COBERTURA%20DIA%202%20N%C3%83O%20CRED&amp;utm_emailname=BRZ25HPR-AK-COBERTURA%20DIA%202%20N%C3%83O%20CRED&amp;utm_medium=email&amp;utm_source=eloqua&amp;utm_MDMContactID=2bb3d23c-a32f-4218-88d5-29f7fb45caee&amp;utm_campaigntype=Visitor%20Promotion&amp;eM=50c7dfe42c38ea8f10539f0a167fc763253059e495554a32db7a57f8f237ec4c&amp;eventSeriesCode=ES_HOSPITALAR&amp;eventEditionCode=BRZ25HPR&amp;sessionCode=S_HSPTRCONF&amp;sp_eh=50c7dfe42c38ea8f10539f0a167fc763253059e495554a32db7a57f8f237ec4c\" style=\"color:blue; text-decoration:underline\"><span lang=\"ES-AR\" style=\"font-size:14.0pt\">Hospitalar 2025: Dados do dia a dia dos pacientes abrem caminho para uma nova regula&ccedil;&atilde;o sanit&aacute;ria<\/span><\/a><\/span><\/span><\/span><\/p>\r\n\r\n<p style=\"text-align:justify\"><span style=\"font-size:11pt\"><span style=\"line-height:normal\"><span style=\"font-family:Calibri,sans-serif\"><a href=\"https:\/\/anba.com.br\/arabes-fecham-negocio-em-feira-calcadista\/\" style=\"color:blue; text-decoration:underline\"><span style=\"font-size:14.0pt\">&Aacute;rabes fecham neg&oacute;cio em feira cal&ccedil;adista<\/span><\/a><\/span><\/span><\/span><\/p>\r\n\r\n<p style=\"text-align:justify\"><span style=\"font-size:11pt\"><span style=\"line-height:normal\"><span style=\"font-family:Calibri,sans-serif\"><a href=\"http:\/\/clickemail.portalpersonalcare.com.br\/ls\/click?upn=u001.D2-2F0Tg0A29KXXLMT6ctG-2BYOihdDbc-2ByFrUFb3ZXMT9Q7wk3kjD4BEmfASGIYO2qpq-2Brtz3zrn2aUJfRnGwrVId9IUXj4Qq7bCnENDVSgEGyN7fTh8gESRy-2BS6EJJDeVa4IArTOTampIz02uegNVrOns2it1289HBqy7L6kKl92xjL-2BTJUTnqL-2FkJVEn8c2TOMIrfPZBjKKlZ07C2QQTXuk2VnYOlj6h4xMfoBTiLPQel5bYoJLqVTBwQpFHjCvw0EL9hfAQpu-2F01e4A2YbwlntQPwJRN-2FfSMrLv6s-2B4vA-2BA-3Dzikh_T7N8BvZTOm04CQQMiyWztrpCjlUrRc4F7QzSgUIpTqDyHxxxhGpyWLohz7JoE2GE5NHlS-2BYZoX1R75Fh8KCze9GvCCb-2FinuNgc39g0Cdbe-2FcU8RlSBQhp5om11AQZQ-2FDW5U9MlNvLvNOp-2F42A6ZYtxR3R3DOLvVwnt6Qq3D0-2FU12nipo-2B3rrLTrvVZ3s-2BLK-2BfLH-2F6-2BC-2BMGMjNJEgDLFz-2FNGQFR6rJot0hnvAb5vT-2BXLs-2B4BY0GQZUUJDfZ3gTS0y2eHiUHsU1KMnSwbVdZHrzRUAPngxXcdhBYSsnH9daQjAAq-2FdPVFBRoyjGcd4E1E1W6ayHWmFPmpiJCDaClQDIXlVW-2BMUpJpgTBjCPo-2ForVqpUsu4SYqWoZgxJ-2ByAtYaphCd8AR3o90wRAmdioZ54DFuqUwdGNggdI94PY0gl-2FQe-2Ba6STQp8xhFQ75mv5R92pwGSTgnoVPGkSpp9fs07w-2FiXUcAVpFcypi-2Bmn8uGcqBJDoUJWClxAbtf3mSpaBsKEwOoMuvH4u6jfFNzmgpKvjNvjscLQNb3hgoyKR-2B5qJMHvQWB4v4oD4ulkyjX6dJ3INyXa4P5Ce9CAHDlIxXsy6eTntpP-2BcXSESLNEBn78lDLLjqJNZO8SPRRAPhuwdfzhEegKSrex2sFYyfK4EbCjcA-3D-3D\" style=\"color:blue; text-decoration:underline\"><span style=\"font-size:14.0pt\">Dignidade menstrual: iniciativas p&uacute;blicas e privadas ampliam acesso a produtos de higiene &iacute;ntima<\/span><\/a><\/span><\/span><\/span><\/p>\r\n\r\n<p style=\"text-align:justify\"><span style=\"font-size:11pt\"><span style=\"line-height:normal\"><span style=\"font-family:Calibri,sans-serif\"><a href=\"https:\/\/abcreporter.com.br\/2025\/05\/24\/braskem-destaca-protagonismo-industrial-do-grande-abc-no-dia-da-industria\/\" style=\"color:blue; text-decoration:underline\"><span style=\"font-size:14.0pt\">Braskem destaca protagonismo industrial do Grande ABC no Dia da Ind&uacute;stria<\/span><\/a><\/span><\/span><\/span><\/p>\r\n\r\n<p style=\"text-align:justify\"><span style=\"font-size:11pt\"><span style=\"line-height:normal\"><span style=\"font-family:Calibri,sans-serif\"><a href=\"https:\/\/asnoticiasonline.com.br\/2025\/05\/25\/esta-na-hora-de-voltar-a-usar-alcool-gel-e-mascaras\/\" style=\"color:blue; text-decoration:underline\"><span style=\"font-size:14.0pt\">Est&aacute; na hora de voltar a usar &aacute;lcool gel e m&aacute;scaras?<\/span><\/a><\/span><\/span><\/span><\/p>\r\n\r\n<p style=\"text-align:justify\"><span style=\"font-size:28pt\"><span style=\"font-family:Cambria,serif\"><span style=\"letter-spacing:-0.5pt\"><b><span style=\"font-size:18.0pt\"><span style=\"font-family:&quot;Calibri&quot;,sans-serif\"><span style=\"font-variant:small-caps\">Ind&uacute;stria<\/span><\/span><\/span><\/b><\/span><\/span><\/span><\/p>\r\n\r\n<p style=\"text-align:justify\"><span style=\"font-size:11pt\"><span style=\"line-height:normal\"><span style=\"font-family:Calibri,sans-serif\"><a href=\"https:\/\/mercadoeconsumo.com.br\/20\/05\/2025\/artigos\/a-desigualdade-tributaria-pode-afetar-milhoes-de-empregos-no-brasil\/?cn-reloaded=1\" style=\"color:blue; text-decoration:underline\"><span style=\"font-size:14.0pt\">A desigualdade tribut&aacute;ria pode afetar milh&otilde;es de empregos no Brasil<\/span><\/a><\/span><\/span><\/span><\/p>\r\n\r\n<p style=\"text-align:justify\"><span style=\"font-size:11pt\"><span style=\"line-height:normal\"><span style=\"font-family:Calibri,sans-serif\"><a href=\"https:\/\/jornaldebarretos.com.br\/artigos\/as-necessarias-medidas-antidumping-para-a-defesa-da-industria-nacional\/\" style=\"color:blue; text-decoration:underline\"><span style=\"font-size:14.0pt\">As necess&aacute;rias medidas antidumping para a defesa da ind&uacute;stria nacional<\/span><\/a><\/span><\/span><\/span><\/p>\r\n\r\n<p style=\"text-align:justify\"><span style=\"font-size:11pt\"><span style=\"line-height:normal\"><span style=\"font-family:Calibri,sans-serif\"><a href=\"https:\/\/guaiba.com.br\/2025\/05\/21\/setor-deve-crescer-entre-14-e-22-aponta-abicalcados\/\" style=\"color:blue; text-decoration:underline\"><span style=\"font-size:14.0pt\">Setor deve crescer entre 1,4% e 2,2%, aponta Abical&ccedil;ados<\/span><\/a><\/span><\/span><\/span><\/p>\r\n\r\n<p style=\"text-align:justify\"><span style=\"font-size:11pt\"><span style=\"line-height:normal\"><span style=\"font-family:Calibri,sans-serif\"><a href=\"https:\/\/portalibre.fgv.br\/system\/files\/divulgacao\/noticias\/mat-complementar\/2025-05\/Press%20Release_ICST_Mai25.pdf\" style=\"color:blue; text-decoration:underline\"><span style=\"font-size:14.0pt\">Confian&ccedil;a da Constru&ccedil;&atilde;o acomoda em maio<\/span><\/a><\/span><\/span><\/span><\/p>\r\n\r\n<p style=\"text-align:justify\"><span style=\"font-size:11pt\"><span style=\"line-height:normal\"><span style=\"font-family:Calibri,sans-serif\"><a href=\"https:\/\/agenciabrasil.ebc.com.br\/radioagencia-nacional\/economia\/audio\/2025-05\/construcao-civil-chegou-ter-25-milhoes-de-postos-em-2023-diz-ibge\" style=\"color:blue; text-decoration:underline\"><span style=\"font-size:14.0pt\">Constru&ccedil;&atilde;o civil chegou a ter 2,5 milh&otilde;es de postos em 2023, diz IBGE<\/span><\/a><\/span><\/span><\/span><\/p>\r\n\r\n<p style=\"text-align:justify\"><span style=\"font-size:11pt\"><span style=\"line-height:normal\"><span style=\"font-family:Calibri,sans-serif\"><a href=\"https:\/\/www.gov.br\/transportes\/pt-br\/assuntos\/noticias\/2025\/03\/investimento-em-rodovias-e-ferrovias-no-brasil-e-fundamental-para-a-seguranca-alimentar-global\" style=\"color:blue; text-decoration:underline\"><span style=\"font-size:14.0pt\">Investimento em rodovias e ferrovias no Brasil &eacute; fundamental para a seguran&ccedil;a alimentar global<\/span><\/a><\/span><\/span><\/span><\/p>\r\n\r\n<p style=\"text-align:justify\"><span style=\"font-size:11pt\"><span style=\"line-height:normal\"><span style=\"font-family:Calibri,sans-serif\"><a href=\"https:\/\/revistadofrio.com.br\/hvac-r-responde-por-23-da-industria-brasileira\/\" style=\"color:blue; text-decoration:underline\"><span style=\"font-size:14.0pt\">HVAC-R responde por 2,3% da ind&uacute;stria brasileira<\/span><\/a><\/span><\/span><\/span><\/p>\r\n\r\n<p style=\"text-align:justify\"><span style=\"font-size:28pt\"><span style=\"font-family:Cambria,serif\"><span style=\"letter-spacing:-0.5pt\"><b><span style=\"font-size:18.0pt\"><span style=\"font-family:&quot;Calibri&quot;,sans-serif\"><span style=\"font-variant:small-caps\">Sustentabilidade<\/span><\/span><\/span><\/b><\/span><\/span><\/span><\/p>\r\n\r\n<p style=\"text-align:justify\"><span style=\"font-size:11pt\"><span style=\"line-height:normal\"><span style=\"font-family:Calibri,sans-serif\"><a href=\"https:\/\/www.innovationintextiles.com\/18-million-boost-for-polycotton-recycling-developer\/\" style=\"color:blue; text-decoration:underline\"><span style=\"font-size:14.0pt\">Fibras\/ Fios\/ Tecidos: Aumento de &euro; 18 milh&otilde;es para desenvolvedor de reciclagem de poli&eacute;ster<\/span><\/a><\/span><\/span><\/span><\/p>\r\n\r\n<p style=\"text-align:justify\"><span style=\"font-size:11pt\"><span style=\"line-height:normal\"><span style=\"font-family:Calibri,sans-serif\"><a href=\"https:\/\/mercadoeconsumo.com.br\/20\/05\/2025\/sustentabilidade\/abvtex-lanca-guia-para-incentivar-uso-de-materiais-sustentaveis-na-moda\/\" style=\"color:blue; text-decoration:underline\"><span style=\"font-size:14.0pt\">Abvtex lan&ccedil;a guia para incentivar uso de materiais sustent&aacute;veis na moda<\/span><\/a><\/span><\/span><\/span><\/p>\r\n\r\n<p style=\"text-align:justify\"><span style=\"font-size:11pt\"><span style=\"line-height:normal\"><span style=\"font-family:Calibri,sans-serif\"><a href=\"https:\/\/noticias.portaldaindustria.com.br\/noticias\/sustentabilidade\/industria-brasileira-investe-mais-de-r-100-mi-em-tecnologia-de-captura-carbono\/\" style=\"color:blue; text-decoration:underline\"><span style=\"font-size:14.0pt\">Ind&uacute;stria brasileira investe mais de R$ 100 mi em tecnologia de captura carbono<\/span><\/a><\/span><\/span><\/span><\/p>\r\n\r\n<p style=\"text-align:justify\"><span style=\"font-size:11pt\"><span style=\"line-height:normal\"><span style=\"font-family:Calibri,sans-serif\"><a href=\"https:\/\/noticias.portaldaindustria.com.br\/posicionamentos\/aprovacao-do-pl-do-licenciamento-ambiental-vai-ampliar-investimentos-e-promover-desenvolvimento-sustentavel-avalia-cni\/\" style=\"color:blue; text-decoration:underline\"><span style=\"font-size:14.0pt\">Aprova&ccedil;&atilde;o do PL do licenciamento ambiental vai ampliar investimentos e promover desenvolvimento sustent&aacute;vel, avalia CNI<\/span><\/a><\/span><\/span><\/span><\/p>\r\n\r\n<p style=\"text-align:justify\"><span style=\"font-size:11pt\"><span style=\"line-height:normal\"><span style=\"font-family:Calibri,sans-serif\"><a href=\"https:\/\/portugaltextil.com\/franca-faz-revisao-da-gestao-dos-residuos-texteis\/\" style=\"color:blue; text-decoration:underline\"><span style=\"font-size:14.0pt\">Fran&ccedil;a faz revis&atilde;o da gest&atilde;o dos res&iacute;duos t&ecirc;xteis<\/span><\/a><\/span><\/span><\/span><\/p>\r\n\r\n<p style=\"text-align:justify\"><span style=\"font-size:28pt\"><span style=\"font-family:Cambria,serif\"><span style=\"letter-spacing:-0.5pt\"><b><span lang=\"EN-US\" style=\"font-size:18.0pt\"><span style=\"font-family:&quot;Calibri&quot;,sans-serif\"><span style=\"font-variant:small-caps\">Inova&ccedil;&atilde;o<\/span><\/span><\/span><\/b><\/span><\/span><\/span><\/p>\r\n\r\n<p style=\"text-align:justify\"><span style=\"font-size:11pt\"><span style=\"line-height:normal\"><span style=\"font-family:Calibri,sans-serif\"><a href=\"https:\/\/www.medtechdive.com\/spons\/beyond-sterility-the-quiet-engineering-challenge-behind-every-safe-medical\/748091\/\" style=\"color:blue; text-decoration:underline\"><span lang=\"EN-US\" style=\"font-size:14.0pt\">Beyond sterility: The quiet engineering challenge behind every safe medical device<\/span><\/a><\/span><\/span><\/span><\/p>\r\n\r\n<p style=\"text-align:justify\"><span style=\"font-size:11pt\"><span style=\"line-height:normal\"><span style=\"font-family:Calibri,sans-serif\"><a href=\"https:\/\/mundodomarketing.com.br\/bienal-do-lixo-2025-promove-arte-inovacao-e-consciencia-ambiental-no-parque-villa-lobos\" style=\"color:blue; text-decoration:underline\"><span style=\"font-size:14.0pt\">A Casa do Futuro ser&aacute; uma das principais atra&ccedil;&otilde;es da Bienal do Lixo 2025, constru&iacute;da a partir de blocos 100% reciclados<\/span><\/a><\/span><\/span><\/span><\/p>\r\n\r\n<p style=\"text-align:justify\"><span style=\"font-size:11pt\"><span style=\"line-height:normal\"><span style=\"font-family:Calibri,sans-serif\"><a href=\"https:\/\/www.meiofiltrante.com.br\/Noticia\/130499\/filtragem-de-microplasticos-em-sistemas-de-agua-potavel\" style=\"color:blue; text-decoration:underline\"><span style=\"font-size:14.0pt\">Filtragem de Micropl&aacute;sticos em Sistemas de &Aacute;gua pot&aacute;vel<\/span><\/a><\/span><\/span><\/span><\/p>\r\n\r\n<p style=\"text-align:justify\"><span style=\"font-size:28pt\"><span style=\"font-family:Cambria,serif\"><span style=\"letter-spacing:-0.5pt\"><b><span style=\"font-size:18.0pt\"><span style=\"font-family:&quot;Calibri&quot;,sans-serif\"><span style=\"font-variant:small-caps\">Com&eacute;rcio Exterior<\/span><\/span><\/span><\/b><\/span><\/span><\/span><\/p>\r\n\r\n<p style=\"text-align:justify\"><span style=\"font-size:11pt\"><span style=\"line-height:normal\"><span style=\"font-family:Calibri,sans-serif\"><a href=\"https:\/\/www12.senado.leg.br\/radio\/1\/noticia\/2025\/05\/23\/acordo-mercosul-efta-pode-destravar-acordo-comercial-com-a-uniao-europeia\" style=\"color:blue; text-decoration:underline\"><span style=\"font-size:14.0pt\">Acordo Mercosul-EFTA pode destravar tratado comercial com a Uni&atilde;o Europ&eacute;ia<\/span><\/a><\/span><\/span><\/span><\/p>\r\n\r\n<p style=\"text-align:justify\"><span style=\"font-size:11pt\"><span style=\"line-height:normal\"><span style=\"font-family:Calibri,sans-serif\"><a href=\"https:\/\/reconectanews.com.br\/protecionismo-sinaliza-antidumping-recorde\/\" style=\"color:blue; text-decoration:underline\"><span lang=\"EN-US\" style=\"font-size:14.0pt\">Protecionismo sinaliza antidumping recorde<\/span><\/a><\/span><\/span><\/span><\/p>\r\n\r\n<p style=\"text-align:justify\"><span style=\"font-size:11pt\"><span style=\"line-height:normal\"><span style=\"font-family:Calibri,sans-serif\"><a href=\"https:\/\/www.medtechdive.com\/news\/medtech-Q1-earnings-tariffs-impact\/748794\/?utm_source=Sailthru&amp;utm_medium=email&amp;utm_campaign=Issue:%202025-05-22%20MedTech%20Dive%20%5Bissue:73430%5D&amp;utm_term=MedTech%20Dive\" style=\"color:blue; text-decoration:underline\"><span lang=\"EN-US\" style=\"font-size:14.0pt\">Cost cuts, production shifts: How medtech firms are managing tariffs<\/span><\/a><\/span><\/span><\/span><\/p>\r\n\r\n<p style=\"text-align:justify\"><span style=\"font-size:11pt\"><span style=\"line-height:normal\"><span style=\"font-family:Calibri,sans-serif\"><a href=\"https:\/\/www.youtube.com\/watch?v=7ldiHtKTF4M\" style=\"color:blue; text-decoration:underline\"><span style=\"font-size:14.0pt\">Como a guerra comercial entre EUA e China afeta o Brasil?<\/span><\/a><\/span><\/span><\/span><\/p>\r\n\r\n<p style=\"text-align:justify\"><span style=\"font-size:28pt\"><span style=\"font-family:Cambria,serif\"><span style=\"letter-spacing:-0.5pt\"><b><span style=\"font-size:18.0pt\"><span style=\"font-family:&quot;Calibri&quot;,sans-serif\"><span style=\"font-variant:small-caps\">Economia<\/span><\/span><\/span><\/b><\/span><\/span><\/span><\/p>\r\n\r\n<p style=\"text-align:justify\"><span style=\"font-size:11pt\"><span style=\"line-height:normal\"><span style=\"font-family:Calibri,sans-serif\"><a href=\"https:\/\/www.bcb.gov.br\/content\/focus\/focus\/R20250523.pdf\" style=\"color:blue; text-decoration:underline\"><span style=\"font-size:14.0pt\">Focus - Relat&oacute;rio de Mercado<\/span><\/a><\/span><\/span><\/span><\/p>\r\n\r\n<p style=\"text-align:justify\"><span style=\"font-size:11pt\"><span style=\"line-height:normal\"><span style=\"font-family:Calibri,sans-serif\"><a href=\"https:\/\/www.linkedin.com\/pulse\/reforma-tribut%C3%A1ria-alterar%C3%A1-os-pre%C3%A7os-relativos-e-da-silva-phd-vogsf\/\" style=\"color:blue; text-decoration:underline\"><span style=\"font-size:14.0pt\">A Reforma Tribut&aacute;ria alterar&aacute; os pre&ccedil;os relativos e a estrat&eacute;gia empresarial<\/span><\/a><\/span><\/span><\/span><\/p>\r\n\r\n<p style=\"text-align:justify\"><img src=\"https:\/\/www.abint.org.br\/assets\/img\/editor\/redes-sociais-abint-ctg-cth_20250430194140IGmqVM6eS7.jpg\" \/><\/p>\r\n","6":"<p style=\"text-align:justify\"><span style=\"font-size:11pt\"><span style=\"line-height:normal\"><span style=\"font-family:Calibri,sans-serif\"><span style=\"font-size:14.0pt\">Esta &eacute; uma compila&ccedil;&atilde;o das not&iacute;cias mais relevantes para o setor, incluindo informa&ccedil;&otilde;es sobre acordos internacionais, economia brasileira, sustentabilidade e mat&eacute;rias primas, al&eacute;m de novidades do setor de N&atilde;otecidos e Tecidos T&eacute;cnicos.<\/span><\/span><\/span><\/span><\/p>\r\n\r\n<p style=\"text-align:justify\"><span style=\"font-size:28pt\"><span style=\"font-family:Cambria,serif\"><span style=\"letter-spacing:-0.5pt\"><b><span style=\"font-size:18.0pt\"><span style=\"font-family:&quot;Calibri&quot;,sans-serif\"><span style=\"font-variant:small-caps\">O que vem por a&iacute;<\/span><\/span><\/span><\/b><\/span><\/span><\/span><\/p>\r\n\r\n<p style=\"text-align:justify\"><img src=\"https:\/\/www.abint.org.br\/assets\/img\/editor\/logo-ctg-abint-png_20250520120409KbjnNd2fY9.png\" style=\"width: 300px; height: 55px;\" \/><\/p>\r\n\r\n<p><img src=\"https:\/\/www.abint.org.br\/assets\/img\/editor\/e-mail-post-premio-tcc-icc-2024-2025_20250430193536F42nr8Haxy.png\" style=\"width: 500px; height: 500px;\" \/><\/p>\r\n\r\n<p><a href=\"https:\/\/geossinteticos.org.br\/premiotccic\">Inscreva seu trabalho<\/a><\/p>\r\n\r\n<p style=\"text-align:justify\"><span style=\"font-size:28pt\"><span style=\"font-family:Cambria,serif\"><span style=\"letter-spacing:-0.5pt\"><b><span style=\"font-size:18.0pt\"><span style=\"font-family:&quot;Calibri&quot;,sans-serif\"><span style=\"font-variant:small-caps\">Not&iacute;cias das Associadas<\/span><\/span><\/span><\/b><\/span><\/span><\/span><\/p>\r\n\r\n<p style=\"text-align:justify\"><span style=\"font-size:11pt\"><span style=\"line-height:normal\"><span style=\"font-family:Calibri,sans-serif\"><a href=\"https:\/\/www.fibre2fashion.com\/news\/technical-textiles\/andritz-technology-boosts-circular-textile-production-at-pacific-jeans-302670-newsdetails.htm\" style=\"color:blue; text-decoration:underline\"><span lang=\"EN-US\" style=\"font-size:14.0pt\">Andritz technology boosts circular textile production at Pacific Jeans<\/span><\/a><\/span><\/span><\/span><\/p>\r\n\r\n<p style=\"text-align:justify\"><span style=\"font-size:11pt\"><span style=\"line-height:normal\"><span style=\"font-family:Calibri,sans-serif\"><a href=\"https:\/\/engineeringreviewzambia.com\/fibertex-nonwovens-to-participate-at-sagc-2025\/\" style=\"color:blue; text-decoration:underline\"><span style=\"font-size:14.0pt\">Fibertex Nonwovens participar&aacute; da SAGC 2025<\/span><\/a><\/span><\/span><\/span><\/p>\r\n\r\n<p style=\"text-align:justify\"><span style=\"font-size:11pt\"><span style=\"line-height:normal\"><span style=\"font-family:Calibri,sans-serif\"><a href=\"https:\/\/www.textileworld.com\/textile-world\/nonwovens-technical-textiles\/2025\/05\/trutzschlers-truecycled-yarn-is-driving-sustainability-in-lotus-cars\/\" style=\"color:blue; text-decoration:underline\"><span style=\"font-size:14.0pt\">O fio TRUECYCLED da Tr&uuml;tzschler impulsiona a sustentabilidade nos carros Lotus<\/span><\/a><\/span><\/span><\/span><\/p>\r\n\r\n<p style=\"text-align:justify\">&nbsp;<\/p>\r\n\r\n<p style=\"text-align:justify\"><span style=\"font-size:11pt\"><span style=\"line-height:normal\"><span style=\"font-family:Calibri,sans-serif\"><b><span style=\"font-size:18.0pt\"><span style=\"font-variant:small-caps\">Eventos<\/span><\/span><\/b><\/span><\/span><\/span><\/p>\r\n\r\n<p style=\"text-align:justify\">&nbsp;<\/p>\r\n\r\n<p style=\"text-align:justify\"><span style=\"font-size:11pt\"><span style=\"line-height:normal\"><span style=\"font-family:Calibri,sans-serif\"><a href=\"https:\/\/www.sympla.com.br\/evento-online\/a-estrategia-do-brasil-na-guerra-comercial\/2950835\" style=\"color:blue; text-decoration:underline\"><b><span style=\"font-size:14.0pt\">A estrat&eacute;gia do Brasil na guerra comercial<\/span><\/b><\/a><span style=\"font-size:14.0pt\">, 30 de maio de 2025, 10h00 a 11h30, evento online via Youtube<\/span><\/span><\/span><\/span><\/p>\r\n\r\n<p style=\"text-align:justify\"><span style=\"font-size:11pt\"><span style=\"line-height:normal\"><span style=\"font-family:Calibri,sans-serif\"><a href=\"https:\/\/www.sympla.com.br\/evento\/caminhos-sustentaveis-o-futuro-da-industria-textil\/2934717\" style=\"color:blue; text-decoration:underline\"><b><span style=\"font-size:14.0pt\">Caminhos Sustent&aacute;veis: o Futuro da Ind&uacute;stria T&ecirc;xtil<\/span><\/b><\/a><span style=\"font-size:14.0pt\">, 05 de junho de 2025, das 18h &agrave;s 22h, evento presencial, SENAI Americana, Americana, SP<\/span><\/span><\/span><\/span><\/p>\r\n\r\n<p style=\"text-align:justify\"><span style=\"font-size:11pt\"><span style=\"line-height:normal\"><span style=\"font-family:Calibri,sans-serif\"><a href=\"https:\/\/conteudo.anahp.com.br\/questoes-climaticas-na-saude?utm_campaign=emkt_-_evento_belem_cop_30_geral&amp;utm_medium=email&amp;utm_source=RD+Station\" style=\"color:blue; text-decoration:underline\"><b><span style=\"font-size:14.0pt\">Impacto das quest&otilde;es clim&aacute;ticas e as quest&otilde;es ambientais<\/span><\/b><\/a><span style=\"font-size:14.0pt\">, 06 de junho de 2025, 09h &agrave;s 17h, evento h&iacute;brido, Centro de Conven&ccedil;&otilde;es do Hospital Porto Dias (Bel&eacute;m\/PA) e transmiss&atilde;o online<\/span><\/span><\/span><\/span><\/p>\r\n\r\n<p style=\"text-align:justify\"><span style=\"font-size:11pt\"><span style=\"line-height:normal\"><span style=\"font-family:Calibri,sans-serif\"><a href=\"https:\/\/abrava.com.br\/compromissos\/evento-de-meio-ambiente\/?utm_campaign=inscreva-se__gerenciamento_de_ciclo_de_vida_e_economia_circular_em_avacr_no_brasil&amp;utm_medium=email&amp;utm_source=RD+Station\" style=\"color:blue; text-decoration:underline\"><b><span style=\"font-size:14.0pt\">ABRAVA | Gerenciamento de Ciclo de Vida e Economia Circular em AVACR no Brasil<\/span><\/b><\/a><span style=\"font-size:14.0pt\">, 06 de junho de 2025, evento h&iacute;brido: sede Fiesp, Av. Paulista, 1313, ou via plataforma Zoom<\/span><\/span><\/span><\/span><\/p>\r\n\r\n<p style=\"text-align:justify\"><span style=\"font-size:11pt\"><span style=\"line-height:normal\"><span style=\"font-family:Calibri,sans-serif\"><a href=\"https:\/\/abrava.com.br\/compromissos\/workshop-ar-condicionado-automotivo-2\/?utm_campaign=inscreva-se__workshop_ar_condicionado_automotivo&amp;utm_medium=email&amp;utm_source=RD+Station\" style=\"color:blue; text-decoration:underline\"><b><span style=\"font-size:14.0pt\">ABRAVA | Workshop Ar Condicionado Automotivo<\/span><\/b><\/a><span style=\"font-size:14.0pt\">, 14 de junho de 2025, 08h30 &agrave;s 14h30, evento presencial, Av. Rio Branco, 1492, Campos El&iacute;seos, S&atilde;o Paulo, SP, 01206-001<\/span><\/span><\/span><\/span><\/p>\r\n\r\n<p style=\"text-align:justify\"><span style=\"font-size:11pt\"><span style=\"line-height:normal\"><span style=\"font-family:Calibri,sans-serif\"><a href=\"https:\/\/abit.rds.land\/ws-inventarios-de-gees\" style=\"color:blue; text-decoration:underline\"><b><span style=\"font-size:14.0pt\">Workshop Abit | Invent&aacute;rio de GEE e Estrat&eacute;gia de Descarboniza&ccedil;&atilde;o<\/span><\/b><\/a><span style=\"font-size:14.0pt\">, 01 de julho de 2025, 10h &agrave;s 12h, evento online<\/span><\/span><\/span><\/span><\/p>\r\n\r\n<p style=\"text-align:justify\"><span style=\"font-size:11pt\"><span style=\"line-height:normal\"><span style=\"font-family:Calibri,sans-serif\"><a href=\"https:\/\/www.abnteducacao.com.br\/Simbologia_de_cuidados_aplicada_a_Etiquetagem_de_Texteis_ABNT_NBR_NM_ISO_3758\" style=\"color:blue; text-decoration:underline\"><b><span style=\"font-size:14.0pt\">Simbologia de cuidados aplicada a Etiquetagem de T&ecirc;xteis<\/span><\/b><\/a><span style=\"font-size:14.0pt\">, 08 a 11 de julho de 2025<\/span><\/span><\/span><\/span><\/p>\r\n\r\n<p style=\"text-align:justify\"><span style=\"font-size:11pt\"><span style=\"line-height:normal\"><span style=\"font-family:Calibri,sans-serif\"><a href=\"https:\/\/sticni.sharepoint.com\/sites\/PublicShare\/Compartilhamentos\/Forms\/AllItems.aspx?id=%2Fsites%2FPublicShare%2FCompartilhamentos%2FCNI%2D133649%2FPrograma%20Imers%C3%B5es%20em%20Ecossistemas%2FImers%C3%A3o%20Finlandia%20em%20Economia%20Circular%2E%201%2Epdf&amp;parent=%2Fsites%2FPublicShare%2FCompartilhamentos%2FCNI%2D133649%2FPrograma%20Imers%C3%B5es%20em%20Ecossistemas&amp;p=true&amp;ga=1\" style=\"color:blue; text-decoration:underline\"><b><span style=\"font-size:14.0pt\">CNI | Imers&atilde;o Finl&acirc;ndia: Uma conex&atilde;o global com a Economia Circular<\/span><\/b><\/a><span style=\"font-size:14.0pt\">, 01 a 05 de setembro de 2025, inscri&ccedil;&otilde;es at&eacute; 10 de agosto de 2025 ou se encerrarem as vagas, cidades destinos: Helsinki (cidade base), Tampere e Espoo.<\/span><\/span><\/span><\/span><\/p>\r\n\r\n<p style=\"text-align:justify\"><span style=\"font-size:11pt\"><span style=\"line-height:normal\"><span style=\"font-family:Calibri,sans-serif\"><a href=\"https:\/\/www.conbrava.com.br\/\" style=\"color:blue; text-decoration:underline\"><b><span style=\"font-size:14.0pt\">CONBRAVA 2025<\/span><\/b><\/a><span style=\"font-size:14.0pt\">, 10 a 12 de setembro de 2025, S&atilde;o Paulo Expo, Rodovia dos Imigrantes, km 1,5<\/span><\/span><\/span><\/span><\/p>\r\n\r\n<p style=\"text-align:justify\"><span style=\"font-size:11pt\"><span style=\"line-height:normal\"><span style=\"font-family:Calibri,sans-serif\"><a href=\"https:\/\/paving.com.br\/\" style=\"color:blue; text-decoration:underline\"><b><span style=\"font-size:14.0pt\">Paving Expo 2025<\/span><\/b><\/a><span style=\"font-size:14.0pt\">, 23 a 25 de setembro de 2025, Distrito Anhembi, Rua Prof. Milton Rodrigues, s\/n, Santana, S&atilde;o Paulo, SP<\/span><\/span><\/span><\/span><\/p>\r\n\r\n<p style=\"text-align:justify\"><span style=\"font-size:11pt\"><span style=\"line-height:normal\"><span style=\"font-family:Calibri,sans-serif\"><a href=\"https:\/\/www.instagram.com\/sobeccnacional\/p\/DA1V8NZyhNK\/?img_index=1\" style=\"color:blue; text-decoration:underline\"><b><span style=\"font-size:14.0pt\">17&ordm; Congresso Brasileiro de Enfermagem em Centro Cir&uacute;rgico: &ldquo;O poder de cuidar&rdquo;<\/span><\/b><\/a><span style=\"font-size:14.0pt\">, 01 a 03 de outubro de 2025, Transamerica Expo Center, S&atilde;o Paulo, SP<\/span><\/span><\/span><\/span><\/p>\r\n\r\n<p style=\"text-align:justify\"><span style=\"font-size:11pt\"><span style=\"line-height:normal\"><span style=\"font-family:Calibri,sans-serif\"><a href=\"https:\/\/www.abrafiltros.org.br\/3o-seminario-brasileiro-de-filtros-acontecera-no-dia-08-de-outubro\/\" style=\"color:blue; text-decoration:underline\"><b><span style=\"font-size:14.0pt\">3&ordm; Semin&aacute;rio Brasileiro de Filtros<\/span><\/b><\/a><span style=\"font-size:14.0pt\">, 08 de outubro de 2025, evento presencial<\/span><\/span><\/span><\/span><\/p>\r\n\r\n<p style=\"text-align:justify\"><span style=\"font-size:11pt\"><span style=\"line-height:normal\"><span style=\"font-family:Calibri,sans-serif\"><a href=\"https:\/\/hospitalmed.com.br\/feira\/\" style=\"color:blue; text-decoration:underline\"><b><span style=\"font-size:14.0pt\">HospitalMed 2025<\/span><\/b><\/a><span style=\"font-size:14.0pt\">, 22 a 24 de outubro, Pernambuco Centro de Conven&ccedil;&otilde;es, Olinda<\/span><\/span><\/span><\/span><\/p>\r\n\r\n<p style=\"text-align:justify\"><span style=\"font-size:11pt\"><span style=\"line-height:normal\"><span style=\"font-family:Calibri,sans-serif\"><a href=\"https:\/\/filtech.de\/\" style=\"color:blue; text-decoration:underline\"><b><span style=\"font-size:14.0pt\">Filtech 2026<\/span><\/b><\/a><span style=\"font-size:14.0pt\">, de 30 de junho a 2 de julho, Cologne, Alemanha<\/span><\/span><\/span><\/span><\/p>\r\n\r\n<p style=\"text-align:justify\"><span style=\"font-size:28pt\"><span style=\"font-family:Cambria,serif\"><span style=\"letter-spacing:-0.5pt\"><b><span style=\"font-size:18.0pt\"><span style=\"font-family:&quot;Calibri&quot;,sans-serif\"><span style=\"font-variant:small-caps\">Setor<\/span><\/span><\/span><\/b><\/span><\/span><\/span><\/p>\r\n\r\n<p style=\"text-align:justify\"><span style=\"font-size:11pt\"><span style=\"line-height:normal\"><span style=\"font-family:Calibri,sans-serif\"><a href=\"https:\/\/www.textileworld.com\/textile-world\/nonwovens-technical-textiles\/2025\/05\/2025-inda-supply-report-shows-north-american-nonwovens-industrys-continued-growth-with-a-focus-on-sustainability\/\" style=\"color:blue; text-decoration:underline\"><span style=\"font-size:14.0pt\">Relat&oacute;rio de Fornecimento INDA 2025 Mostra Crescimento Cont&iacute;nuo da Ind&uacute;stria de N&atilde;o-Tecidos da Am&eacute;rica do Norte com Foco na Sustentabilidade<\/span><\/a><\/span><\/span><\/span><\/p>\r\n\r\n<p style=\"text-align:justify\"><span style=\"font-size:11pt\"><span style=\"line-height:normal\"><span style=\"font-family:Calibri,sans-serif\"><a href=\"https:\/\/textile-network.com\/en\/Technische-Textilien\/Medizinische-Textilien-im-globalen-Markt?utm_source=hohenstein-us&amp;utm_medium=newsletter&amp;utm_campaign=medical\" style=\"color:blue; text-decoration:underline\"><span lang=\"EN-US\" style=\"font-size:14.0pt\">Medical textiles in the global market<\/span><\/a><\/span><\/span><\/span><\/p>\r\n\r\n<p style=\"text-align:justify\"><span style=\"font-size:11pt\"><span style=\"line-height:normal\"><span style=\"font-family:Calibri,sans-serif\"><a href=\"https:\/\/plasticosemrevista.com.br\/china-continua-a-ampliar-capacidades-de-pe-e-pp\/\" style=\"color:blue; text-decoration:underline\"><span lang=\"ES-AR\" style=\"font-size:14.0pt\">China continua a ampliar capacidades de PE e PP<\/span><\/a><\/span><\/span><\/span><\/p>\r\n\r\n<p style=\"text-align:justify\"><span style=\"font-size:11pt\"><span style=\"line-height:normal\"><span style=\"font-family:Calibri,sans-serif\"><a href=\"https:\/\/open.spotify.com\/episode\/4YPcM381mPM4H9VRu37Fm8?si=rvaUAdubT8Shv3CXJQ14Eg&amp;nd=1&amp;dlsi=7608c7d0e1e74e85\" style=\"color:blue; text-decoration:underline\"><span lang=\"ES-AR\" style=\"font-size:14.0pt\">Podcast Pl&aacute;sticos em Revista #1 - Entrevista com Jos&eacute; Ricardo Roriz Coelho<\/span><\/a><\/span><\/span><\/span><\/p>\r\n\r\n<p style=\"text-align:justify\"><span style=\"font-size:11pt\"><span style=\"line-height:normal\"><span style=\"font-family:Calibri,sans-serif\"><a href=\"https:\/\/www.saudebusiness.com\/eventos-3\/feira-hospitalar-o-maior-evento-de-inovacao-e-gestao-na-area-da-saude\/dados-do-dia-a-dia-dos-pacientes-abrem-caminho-para-uma-nova-regulacao-sanitaria\/?utm_campaign=BRZ25HPR-AK-COBERTURA%20DIA%202%20N%C3%83O%20CRED&amp;utm_emailname=BRZ25HPR-AK-COBERTURA%20DIA%202%20N%C3%83O%20CRED&amp;utm_medium=email&amp;utm_source=eloqua&amp;utm_MDMContactID=2bb3d23c-a32f-4218-88d5-29f7fb45caee&amp;utm_campaigntype=Visitor%20Promotion&amp;eM=50c7dfe42c38ea8f10539f0a167fc763253059e495554a32db7a57f8f237ec4c&amp;eventSeriesCode=ES_HOSPITALAR&amp;eventEditionCode=BRZ25HPR&amp;sessionCode=S_HSPTRCONF&amp;sp_eh=50c7dfe42c38ea8f10539f0a167fc763253059e495554a32db7a57f8f237ec4c\" style=\"color:blue; text-decoration:underline\"><span lang=\"ES-AR\" style=\"font-size:14.0pt\">Hospitalar 2025: Dados do dia a dia dos pacientes abrem caminho para uma nova regula&ccedil;&atilde;o sanit&aacute;ria<\/span><\/a><\/span><\/span><\/span><\/p>\r\n\r\n<p style=\"text-align:justify\"><span style=\"font-size:11pt\"><span style=\"line-height:normal\"><span style=\"font-family:Calibri,sans-serif\"><a href=\"https:\/\/anba.com.br\/arabes-fecham-negocio-em-feira-calcadista\/\" style=\"color:blue; text-decoration:underline\"><span style=\"font-size:14.0pt\">&Aacute;rabes fecham neg&oacute;cio em feira cal&ccedil;adista<\/span><\/a><\/span><\/span><\/span><\/p>\r\n\r\n<p style=\"text-align:justify\"><span style=\"font-size:11pt\"><span style=\"line-height:normal\"><span style=\"font-family:Calibri,sans-serif\"><a href=\"http:\/\/clickemail.portalpersonalcare.com.br\/ls\/click?upn=u001.D2-2F0Tg0A29KXXLMT6ctG-2BYOihdDbc-2ByFrUFb3ZXMT9Q7wk3kjD4BEmfASGIYO2qpq-2Brtz3zrn2aUJfRnGwrVId9IUXj4Qq7bCnENDVSgEGyN7fTh8gESRy-2BS6EJJDeVa4IArTOTampIz02uegNVrOns2it1289HBqy7L6kKl92xjL-2BTJUTnqL-2FkJVEn8c2TOMIrfPZBjKKlZ07C2QQTXuk2VnYOlj6h4xMfoBTiLPQel5bYoJLqVTBwQpFHjCvw0EL9hfAQpu-2F01e4A2YbwlntQPwJRN-2FfSMrLv6s-2B4vA-2BA-3Dzikh_T7N8BvZTOm04CQQMiyWztrpCjlUrRc4F7QzSgUIpTqDyHxxxhGpyWLohz7JoE2GE5NHlS-2BYZoX1R75Fh8KCze9GvCCb-2FinuNgc39g0Cdbe-2FcU8RlSBQhp5om11AQZQ-2FDW5U9MlNvLvNOp-2F42A6ZYtxR3R3DOLvVwnt6Qq3D0-2FU12nipo-2B3rrLTrvVZ3s-2BLK-2BfLH-2F6-2BC-2BMGMjNJEgDLFz-2FNGQFR6rJot0hnvAb5vT-2BXLs-2B4BY0GQZUUJDfZ3gTS0y2eHiUHsU1KMnSwbVdZHrzRUAPngxXcdhBYSsnH9daQjAAq-2FdPVFBRoyjGcd4E1E1W6ayHWmFPmpiJCDaClQDIXlVW-2BMUpJpgTBjCPo-2ForVqpUsu4SYqWoZgxJ-2ByAtYaphCd8AR3o90wRAmdioZ54DFuqUwdGNggdI94PY0gl-2FQe-2Ba6STQp8xhFQ75mv5R92pwGSTgnoVPGkSpp9fs07w-2FiXUcAVpFcypi-2Bmn8uGcqBJDoUJWClxAbtf3mSpaBsKEwOoMuvH4u6jfFNzmgpKvjNvjscLQNb3hgoyKR-2B5qJMHvQWB4v4oD4ulkyjX6dJ3INyXa4P5Ce9CAHDlIxXsy6eTntpP-2BcXSESLNEBn78lDLLjqJNZO8SPRRAPhuwdfzhEegKSrex2sFYyfK4EbCjcA-3D-3D\" style=\"color:blue; text-decoration:underline\"><span style=\"font-size:14.0pt\">Dignidade menstrual: iniciativas p&uacute;blicas e privadas ampliam acesso a produtos de higiene &iacute;ntima<\/span><\/a><\/span><\/span><\/span><\/p>\r\n\r\n<p style=\"text-align:justify\"><span style=\"font-size:11pt\"><span style=\"line-height:normal\"><span style=\"font-family:Calibri,sans-serif\"><a href=\"https:\/\/abcreporter.com.br\/2025\/05\/24\/braskem-destaca-protagonismo-industrial-do-grande-abc-no-dia-da-industria\/\" style=\"color:blue; text-decoration:underline\"><span style=\"font-size:14.0pt\">Braskem destaca protagonismo industrial do Grande ABC no Dia da Ind&uacute;stria<\/span><\/a><\/span><\/span><\/span><\/p>\r\n\r\n<p style=\"text-align:justify\"><span style=\"font-size:11pt\"><span style=\"line-height:normal\"><span style=\"font-family:Calibri,sans-serif\"><a href=\"https:\/\/asnoticiasonline.com.br\/2025\/05\/25\/esta-na-hora-de-voltar-a-usar-alcool-gel-e-mascaras\/\" style=\"color:blue; text-decoration:underline\"><span style=\"font-size:14.0pt\">Est&aacute; na hora de voltar a usar &aacute;lcool gel e m&aacute;scaras?<\/span><\/a><\/span><\/span><\/span><\/p>\r\n\r\n<p style=\"text-align:justify\"><span style=\"font-size:28pt\"><span style=\"font-family:Cambria,serif\"><span style=\"letter-spacing:-0.5pt\"><b><span style=\"font-size:18.0pt\"><span style=\"font-family:&quot;Calibri&quot;,sans-serif\"><span style=\"font-variant:small-caps\">Ind&uacute;stria<\/span><\/span><\/span><\/b><\/span><\/span><\/span><\/p>\r\n\r\n<p style=\"text-align:justify\"><span style=\"font-size:11pt\"><span style=\"line-height:normal\"><span style=\"font-family:Calibri,sans-serif\"><a href=\"https:\/\/mercadoeconsumo.com.br\/20\/05\/2025\/artigos\/a-desigualdade-tributaria-pode-afetar-milhoes-de-empregos-no-brasil\/?cn-reloaded=1\" style=\"color:blue; text-decoration:underline\"><span style=\"font-size:14.0pt\">A desigualdade tribut&aacute;ria pode afetar milh&otilde;es de empregos no Brasil<\/span><\/a><\/span><\/span><\/span><\/p>\r\n\r\n<p style=\"text-align:justify\"><span style=\"font-size:11pt\"><span style=\"line-height:normal\"><span style=\"font-family:Calibri,sans-serif\"><a href=\"https:\/\/jornaldebarretos.com.br\/artigos\/as-necessarias-medidas-antidumping-para-a-defesa-da-industria-nacional\/\" style=\"color:blue; text-decoration:underline\"><span style=\"font-size:14.0pt\">As necess&aacute;rias medidas antidumping para a defesa da ind&uacute;stria nacional<\/span><\/a><\/span><\/span><\/span><\/p>\r\n\r\n<p style=\"text-align:justify\"><span style=\"font-size:11pt\"><span style=\"line-height:normal\"><span style=\"font-family:Calibri,sans-serif\"><a href=\"https:\/\/guaiba.com.br\/2025\/05\/21\/setor-deve-crescer-entre-14-e-22-aponta-abicalcados\/\" style=\"color:blue; text-decoration:underline\"><span style=\"font-size:14.0pt\">Setor deve crescer entre 1,4% e 2,2%, aponta Abical&ccedil;ados<\/span><\/a><\/span><\/span><\/span><\/p>\r\n\r\n<p style=\"text-align:justify\"><span style=\"font-size:11pt\"><span style=\"line-height:normal\"><span style=\"font-family:Calibri,sans-serif\"><a href=\"https:\/\/portalibre.fgv.br\/system\/files\/divulgacao\/noticias\/mat-complementar\/2025-05\/Press%20Release_ICST_Mai25.pdf\" style=\"color:blue; text-decoration:underline\"><span style=\"font-size:14.0pt\">Confian&ccedil;a da Constru&ccedil;&atilde;o acomoda em maio<\/span><\/a><\/span><\/span><\/span><\/p>\r\n\r\n<p style=\"text-align:justify\"><span style=\"font-size:11pt\"><span style=\"line-height:normal\"><span style=\"font-family:Calibri,sans-serif\"><a href=\"https:\/\/agenciabrasil.ebc.com.br\/radioagencia-nacional\/economia\/audio\/2025-05\/construcao-civil-chegou-ter-25-milhoes-de-postos-em-2023-diz-ibge\" style=\"color:blue; text-decoration:underline\"><span style=\"font-size:14.0pt\">Constru&ccedil;&atilde;o civil chegou a ter 2,5 milh&otilde;es de postos em 2023, diz IBGE<\/span><\/a><\/span><\/span><\/span><\/p>\r\n\r\n<p style=\"text-align:justify\"><span style=\"font-size:11pt\"><span style=\"line-height:normal\"><span style=\"font-family:Calibri,sans-serif\"><a href=\"https:\/\/www.gov.br\/transportes\/pt-br\/assuntos\/noticias\/2025\/03\/investimento-em-rodovias-e-ferrovias-no-brasil-e-fundamental-para-a-seguranca-alimentar-global\" style=\"color:blue; text-decoration:underline\"><span style=\"font-size:14.0pt\">Investimento em rodovias e ferrovias no Brasil &eacute; fundamental para a seguran&ccedil;a alimentar global<\/span><\/a><\/span><\/span><\/span><\/p>\r\n\r\n<p style=\"text-align:justify\"><span style=\"font-size:11pt\"><span style=\"line-height:normal\"><span style=\"font-family:Calibri,sans-serif\"><a href=\"https:\/\/revistadofrio.com.br\/hvac-r-responde-por-23-da-industria-brasileira\/\" style=\"color:blue; text-decoration:underline\"><span style=\"font-size:14.0pt\">HVAC-R responde por 2,3% da ind&uacute;stria brasileira<\/span><\/a><\/span><\/span><\/span><\/p>\r\n\r\n<p style=\"text-align:justify\"><span style=\"font-size:28pt\"><span style=\"font-family:Cambria,serif\"><span style=\"letter-spacing:-0.5pt\"><b><span style=\"font-size:18.0pt\"><span style=\"font-family:&quot;Calibri&quot;,sans-serif\"><span style=\"font-variant:small-caps\">Sustentabilidade<\/span><\/span><\/span><\/b><\/span><\/span><\/span><\/p>\r\n\r\n<p style=\"text-align:justify\"><span style=\"font-size:11pt\"><span style=\"line-height:normal\"><span style=\"font-family:Calibri,sans-serif\"><a href=\"https:\/\/www.innovationintextiles.com\/18-million-boost-for-polycotton-recycling-developer\/\" style=\"color:blue; text-decoration:underline\"><span style=\"font-size:14.0pt\">Fibras\/ Fios\/ Tecidos: Aumento de &euro; 18 milh&otilde;es para desenvolvedor de reciclagem de poli&eacute;ster<\/span><\/a><\/span><\/span><\/span><\/p>\r\n\r\n<p style=\"text-align:justify\"><span style=\"font-size:11pt\"><span style=\"line-height:normal\"><span style=\"font-family:Calibri,sans-serif\"><a href=\"https:\/\/mercadoeconsumo.com.br\/20\/05\/2025\/sustentabilidade\/abvtex-lanca-guia-para-incentivar-uso-de-materiais-sustentaveis-na-moda\/\" style=\"color:blue; text-decoration:underline\"><span style=\"font-size:14.0pt\">Abvtex lan&ccedil;a guia para incentivar uso de materiais sustent&aacute;veis na moda<\/span><\/a><\/span><\/span><\/span><\/p>\r\n\r\n<p style=\"text-align:justify\"><span style=\"font-size:11pt\"><span style=\"line-height:normal\"><span style=\"font-family:Calibri,sans-serif\"><a href=\"https:\/\/noticias.portaldaindustria.com.br\/noticias\/sustentabilidade\/industria-brasileira-investe-mais-de-r-100-mi-em-tecnologia-de-captura-carbono\/\" style=\"color:blue; text-decoration:underline\"><span style=\"font-size:14.0pt\">Ind&uacute;stria brasileira investe mais de R$ 100 mi em tecnologia de captura carbono<\/span><\/a><\/span><\/span><\/span><\/p>\r\n\r\n<p style=\"text-align:justify\"><span style=\"font-size:11pt\"><span style=\"line-height:normal\"><span style=\"font-family:Calibri,sans-serif\"><a href=\"https:\/\/noticias.portaldaindustria.com.br\/posicionamentos\/aprovacao-do-pl-do-licenciamento-ambiental-vai-ampliar-investimentos-e-promover-desenvolvimento-sustentavel-avalia-cni\/\" style=\"color:blue; text-decoration:underline\"><span style=\"font-size:14.0pt\">Aprova&ccedil;&atilde;o do PL do licenciamento ambiental vai ampliar investimentos e promover desenvolvimento sustent&aacute;vel, avalia CNI<\/span><\/a><\/span><\/span><\/span><\/p>\r\n\r\n<p style=\"text-align:justify\"><span style=\"font-size:11pt\"><span style=\"line-height:normal\"><span style=\"font-family:Calibri,sans-serif\"><a href=\"https:\/\/portugaltextil.com\/franca-faz-revisao-da-gestao-dos-residuos-texteis\/\" style=\"color:blue; text-decoration:underline\"><span style=\"font-size:14.0pt\">Fran&ccedil;a faz revis&atilde;o da gest&atilde;o dos res&iacute;duos t&ecirc;xteis<\/span><\/a><\/span><\/span><\/span><\/p>\r\n\r\n<p style=\"text-align:justify\"><span style=\"font-size:28pt\"><span style=\"font-family:Cambria,serif\"><span style=\"letter-spacing:-0.5pt\"><b><span lang=\"EN-US\" style=\"font-size:18.0pt\"><span style=\"font-family:&quot;Calibri&quot;,sans-serif\"><span style=\"font-variant:small-caps\">Inova&ccedil;&atilde;o<\/span><\/span><\/span><\/b><\/span><\/span><\/span><\/p>\r\n\r\n<p style=\"text-align:justify\"><span style=\"font-size:11pt\"><span style=\"line-height:normal\"><span style=\"font-family:Calibri,sans-serif\"><a href=\"https:\/\/www.medtechdive.com\/spons\/beyond-sterility-the-quiet-engineering-challenge-behind-every-safe-medical\/748091\/\" style=\"color:blue; text-decoration:underline\"><span lang=\"EN-US\" style=\"font-size:14.0pt\">Beyond sterility: The quiet engineering challenge behind every safe medical device<\/span><\/a><\/span><\/span><\/span><\/p>\r\n\r\n<p style=\"text-align:justify\"><span style=\"font-size:11pt\"><span style=\"line-height:normal\"><span style=\"font-family:Calibri,sans-serif\"><a href=\"https:\/\/mundodomarketing.com.br\/bienal-do-lixo-2025-promove-arte-inovacao-e-consciencia-ambiental-no-parque-villa-lobos\" style=\"color:blue; text-decoration:underline\"><span style=\"font-size:14.0pt\">A Casa do Futuro ser&aacute; uma das principais atra&ccedil;&otilde;es da Bienal do Lixo 2025, constru&iacute;da a partir de blocos 100% reciclados<\/span><\/a><\/span><\/span><\/span><\/p>\r\n\r\n<p style=\"text-align:justify\"><span style=\"font-size:11pt\"><span style=\"line-height:normal\"><span style=\"font-family:Calibri,sans-serif\"><a href=\"https:\/\/www.meiofiltrante.com.br\/Noticia\/130499\/filtragem-de-microplasticos-em-sistemas-de-agua-potavel\" style=\"color:blue; text-decoration:underline\"><span style=\"font-size:14.0pt\">Filtragem de Micropl&aacute;sticos em Sistemas de &Aacute;gua pot&aacute;vel<\/span><\/a><\/span><\/span><\/span><\/p>\r\n\r\n<p style=\"text-align:justify\"><span style=\"font-size:28pt\"><span style=\"font-family:Cambria,serif\"><span style=\"letter-spacing:-0.5pt\"><b><span style=\"font-size:18.0pt\"><span style=\"font-family:&quot;Calibri&quot;,sans-serif\"><span style=\"font-variant:small-caps\">Com&eacute;rcio Exterior<\/span><\/span><\/span><\/b><\/span><\/span><\/span><\/p>\r\n\r\n<p style=\"text-align:justify\"><span style=\"font-size:11pt\"><span style=\"line-height:normal\"><span style=\"font-family:Calibri,sans-serif\"><a href=\"https:\/\/www12.senado.leg.br\/radio\/1\/noticia\/2025\/05\/23\/acordo-mercosul-efta-pode-destravar-acordo-comercial-com-a-uniao-europeia\" style=\"color:blue; text-decoration:underline\"><span style=\"font-size:14.0pt\">Acordo Mercosul-EFTA pode destravar tratado comercial com a Uni&atilde;o Europ&eacute;ia<\/span><\/a><\/span><\/span><\/span><\/p>\r\n\r\n<p style=\"text-align:justify\"><span style=\"font-size:11pt\"><span style=\"line-height:normal\"><span style=\"font-family:Calibri,sans-serif\"><a href=\"https:\/\/reconectanews.com.br\/protecionismo-sinaliza-antidumping-recorde\/\" style=\"color:blue; text-decoration:underline\"><span lang=\"EN-US\" style=\"font-size:14.0pt\">Protecionismo sinaliza antidumping recorde<\/span><\/a><\/span><\/span><\/span><\/p>\r\n\r\n<p style=\"text-align:justify\"><span style=\"font-size:11pt\"><span style=\"line-height:normal\"><span style=\"font-family:Calibri,sans-serif\"><a href=\"https:\/\/www.medtechdive.com\/news\/medtech-Q1-earnings-tariffs-impact\/748794\/?utm_source=Sailthru&amp;utm_medium=email&amp;utm_campaign=Issue:%202025-05-22%20MedTech%20Dive%20%5Bissue:73430%5D&amp;utm_term=MedTech%20Dive\" style=\"color:blue; text-decoration:underline\"><span lang=\"EN-US\" style=\"font-size:14.0pt\">Cost cuts, production shifts: How medtech firms are managing tariffs<\/span><\/a><\/span><\/span><\/span><\/p>\r\n\r\n<p style=\"text-align:justify\"><span style=\"font-size:11pt\"><span style=\"line-height:normal\"><span style=\"font-family:Calibri,sans-serif\"><a href=\"https:\/\/www.youtube.com\/watch?v=7ldiHtKTF4M\" style=\"color:blue; text-decoration:underline\"><span style=\"font-size:14.0pt\">Como a guerra comercial entre EUA e China afeta o Brasil?<\/span><\/a><\/span><\/span><\/span><\/p>\r\n\r\n<p style=\"text-align:justify\"><span style=\"font-size:28pt\"><span style=\"font-family:Cambria,serif\"><span style=\"letter-spacing:-0.5pt\"><b><span style=\"font-size:18.0pt\"><span style=\"font-family:&quot;Calibri&quot;,sans-serif\"><span style=\"font-variant:small-caps\">Economia<\/span><\/span><\/span><\/b><\/span><\/span><\/span><\/p>\r\n\r\n<p style=\"text-align:justify\"><span style=\"font-size:11pt\"><span style=\"line-height:normal\"><span style=\"font-family:Calibri,sans-serif\"><a href=\"https:\/\/www.bcb.gov.br\/content\/focus\/focus\/R20250523.pdf\" style=\"color:blue; text-decoration:underline\"><span style=\"font-size:14.0pt\">Focus - Relat&oacute;rio de Mercado<\/span><\/a><\/span><\/span><\/span><\/p>\r\n\r\n<p style=\"text-align:justify\"><span style=\"font-size:11pt\"><span style=\"line-height:normal\"><span style=\"font-family:Calibri,sans-serif\"><a href=\"https:\/\/www.linkedin.com\/pulse\/reforma-tribut%C3%A1ria-alterar%C3%A1-os-pre%C3%A7os-relativos-e-da-silva-phd-vogsf\/\" style=\"color:blue; text-decoration:underline\"><span style=\"font-size:14.0pt\">A Reforma Tribut&aacute;ria alterar&aacute; os pre&ccedil;os relativos e a estrat&eacute;gia empresarial<\/span><\/a><\/span><\/span><\/span><\/p>\r\n\r\n<p style=\"text-align:justify\"><img src=\"https:\/\/www.abint.org.br\/assets\/img\/editor\/redes-sociais-abint-ctg-cth_20250430194140IGmqVM6eS7.jpg\" \/><\/p>\r\n","texto_en":"","7":"","imagem":"COMP_capa-2025-site-boletim-abint-noticias-semanis_202505271646489k0MFUCSNv.jpg","8":"COMP_capa-2025-site-boletim-abint-noticias-semanis_202505271646489k0MFUCSNv.jpg","arquivo":"20250527-BOLETIM-ABINT-DE-NOTICIAS-SEMANAIS.PDF","9":"20250527-BOLETIM-ABINT-DE-NOTICIAS-SEMANAIS.PDF","titulo_arquivo":"20250527 Boletim ABINT de Not\u00edcias Semanais","10":"20250527 Boletim ABINT de Not\u00edcias Semanais","titulo_arquivo_en":"","11":"","created_at":"2025-05-27 16:46:58","12":"2025-05-27 16:46:58","updated_at":"2025-05-27 16:46:58","13":"2025-05-27 16:46:58"},{"id":171,"0":171,"ordem":50,"1":50,"data":"2025-05-20","2":"2025-05-20","slug":"boletim-abint-de-noticias-semanais-76","3":"boletim-abint-de-noticias-semanais-76","titulo":"Boletim ABINT de Not\u00edcias Semanais","4":"Boletim ABINT de Not\u00edcias Semanais","titulo_en":"","5":"","texto":"<p style=\"text-align:justify\"><span style=\"font-size:11pt\"><span style=\"line-height:normal\"><span style=\"font-family:Calibri,sans-serif\"><span style=\"font-size:14.0pt\">Esta &eacute; uma compila&ccedil;&atilde;o das not&iacute;cias mais relevantes para o setor, incluindo informa&ccedil;&otilde;es sobre acordos internacionais, economia brasileira, sustentabilidade e mat&eacute;rias primas, al&eacute;m de novidades do setor de N&atilde;otecidos e Tecidos T&eacute;cnicos.<\/span><\/span><\/span><\/span><\/p>\r\n\r\n<p style=\"text-align:justify\"><span style=\"font-size:28pt\"><span style=\"font-family:Cambria,serif\"><span style=\"letter-spacing:-0.5pt\"><b><span style=\"font-size:18.0pt\"><span style=\"font-family:&quot;Calibri&quot;,sans-serif\"><span style=\"font-variant:small-caps\">O que vem por a&iacute;<\/span><\/span><\/span><\/b><\/span><\/span><\/span><\/p>\r\n\r\n<p style=\"text-align:justify\"><img src=\"https:\/\/www.abint.org.br\/assets\/img\/editor\/logo-ctg-abint-png_20250520120409KbjnNd2fY9.png\" style=\"width: 300px; height: 55px;\" \/><\/p>\r\n\r\n<p style=\"text-align:justify\"><img src=\"https:\/\/www.abint.org.br\/assets\/img\/editor\/20250520-live-ctg-instagram-laerte-maroni_20250520120443HY72LJuwm8.jpeg\" style=\"width: 500px; height: 625px;\" \/><\/p>\r\n\r\n<p style=\"text-align:justify\"><span style=\"font-size:11pt\"><span style=\"line-height:normal\"><span style=\"font-family:Calibri,sans-serif\"><a href=\"https:\/\/www.instagram.com\/ctg_abint\/?hl=en\" style=\"color:blue; text-decoration:underline\"><span style=\"font-size:14.0pt\">Acesse aqui<\/span><\/a><\/span><\/span><\/span><\/p>\r\n\r\n<p style=\"text-align:justify\">&nbsp;<\/p>\r\n\r\n<p style=\"text-align:justify\"><img src=\"https:\/\/www.abint.org.br\/assets\/img\/editor\/e-mail-post-premio-tcc-icc-2024-2025_20250430193536F42nr8Haxy.png\" style=\"width: 500px; height: 500px;\" \/><\/p>\r\n\r\n<p style=\"text-align:justify\"><span style=\"font-size:11pt\"><span style=\"line-height:normal\"><span style=\"font-family:Calibri,sans-serif\"><a href=\"https:\/\/geossinteticos.org.br\/premiotccic\" style=\"color:blue; text-decoration:underline\"><span style=\"font-size:14.0pt\">Inscreva seu trabalho<\/span><\/a><\/span><\/span><\/span><\/p>\r\n\r\n<p style=\"text-align:justify\"><span style=\"font-size:28pt\"><span style=\"font-family:Cambria,serif\"><span style=\"letter-spacing:-0.5pt\"><b><span style=\"font-size:18.0pt\"><span style=\"font-family:&quot;Calibri&quot;,sans-serif\"><span style=\"font-variant:small-caps\">Not&iacute;cias das Associadas<\/span><\/span><\/span><\/b><\/span><\/span><\/span><\/p>\r\n\r\n<p style=\"text-align:justify\"><span style=\"font-size:11pt\"><span style=\"line-height:normal\"><span style=\"font-family:Calibri,sans-serif\"><a href=\"https:\/\/tissueonline.com.br\/andritz-fornecera-projeto-de-modernizacao-para-a-green-bay-packaging-nos-eua\/\" style=\"color:blue; text-decoration:underline\"><span style=\"font-size:14.0pt\">ANDRITZ fornecer&aacute; projeto de moderniza&ccedil;&atilde;o para a Green Bay Packaging, nos EUA<\/span><\/a><\/span><\/span><\/span><\/p>\r\n\r\n<p style=\"text-align:justify\"><span style=\"font-size:11pt\"><span style=\"line-height:normal\"><span style=\"font-family:Calibri,sans-serif\"><a href=\"https:\/\/www.fibre2fashion.com\/news\/technical-textiles\/austria-s-andritz-starts-spunlace-line-for-ip-llc-in-uzbekistan-302446-newsdetails.htm\" style=\"color:blue; text-decoration:underline\"><span lang=\"EN-US\" style=\"font-size:14.0pt\">Austria&#39;s Andritz starts spunlace line for IP LLC in Uzbekistan<\/span><\/a><\/span><\/span><\/span><\/p>\r\n\r\n<p style=\"text-align:justify\"><span style=\"font-size:11pt\"><span style=\"line-height:normal\"><span style=\"font-family:Calibri,sans-serif\"><a href=\"https:\/\/www.innovationintextiles.com\/technology-machinery-equipment\/andritz-rexline-starts-up-at-pacific-jeans\/\" style=\"color:blue; text-decoration:underline\"><span lang=\"EN-US\" style=\"font-size:14.0pt\">Andritz reXline starts up at Pacific Jeans<\/span><\/a><\/span><\/span><\/span><\/p>\r\n\r\n<p style=\"text-align:justify\"><span style=\"font-size:11pt\"><span style=\"line-height:normal\"><span style=\"font-family:Calibri,sans-serif\"><a href=\"https:\/\/inforchannel.com.br\/2025\/05\/17\/elixrr-entra-no-setor-de-mdf-com-sistema-de-refino-pressurizado-da-andritz\/\" style=\"color:blue; text-decoration:underline\"><span style=\"font-size:14.0pt\">Elixrr entra no setor de MDF com sistema de refino pressurizado da Andritz<\/span><\/a><\/span><\/span><\/span><\/p>\r\n\r\n<p style=\"text-align:justify\"><span style=\"font-size:11pt\"><span style=\"line-height:normal\"><span style=\"font-family:Calibri,sans-serif\"><a href=\"https:\/\/www.fibre2fashion.com\/news\/technical-textiles\/finnish-company-suominen-s-sales-up-3-4-in-q1-fy25-302565-newsdetails.htm\" style=\"color:blue; text-decoration:underline\"><span lang=\"ES-AR\" style=\"font-size:14.0pt\">Finnish company Suominen&#39;s sales up 3.4% in Q1 FY25<\/span><\/a><\/span><\/span><\/span><\/p>\r\n\r\n<p style=\"text-align:justify\"><span style=\"font-size:11pt\"><span style=\"line-height:normal\"><span style=\"font-family:Calibri,sans-serif\"><a href=\"https:\/\/www.innovationintextiles.com\/technology-machinery-equipment\/trtzschler-opens-new-plant-in-india\/\" style=\"color:blue; text-decoration:underline\"><span lang=\"ES-AR\" style=\"font-size:14.0pt\">Tr&uuml;tzschler opens new plant in India<\/span><\/a><\/span><\/span><\/span><\/p>\r\n\r\n<p style=\"text-align:justify\">&nbsp;<\/p>\r\n\r\n<p style=\"text-align:justify\"><span style=\"font-size:11pt\"><span style=\"line-height:normal\"><span style=\"font-family:Calibri,sans-serif\"><b><span style=\"font-size:18.0pt\"><span style=\"font-variant:small-caps\">Eventos<\/span><\/span><\/b><\/span><\/span><\/span><\/p>\r\n\r\n<p style=\"text-align:justify\">&nbsp;<\/p>\r\n\r\n<p style=\"text-align:justify\"><span style=\"font-size:11pt\"><span style=\"line-height:normal\"><span style=\"font-family:Calibri,sans-serif\"><a href=\"https:\/\/www.hospitalar.com\/pt\/home.html\" style=\"color:blue; text-decoration:underline\"><b><span style=\"font-size:14.0pt\">Hospitalar 2025<\/span><\/b><\/a><span style=\"font-size:14.0pt\">, 20 a 23 de maio, 11h00 &agrave;s 20h00, S&atilde;o Paulo Expo, Rodovia dos Imigrantes, km 1,5<\/span><\/span><\/span><\/span><\/p>\r\n\r\n<p style=\"text-align:justify\"><span style=\"font-size:11pt\"><span style=\"line-height:normal\"><span style=\"font-family:Calibri,sans-serif\"><a href=\"https:\/\/www.anahp.com.br\/evento\/seminario-anahp-incorporacao-de-tecnologias-na-saude-e-a-sustentabilidade-do-setor\/\" style=\"color:blue; text-decoration:underline\"><b><span style=\"font-size:14.0pt\">Semin&aacute;rio Anahp &ndash; Incorpora&ccedil;&atilde;o de tecnologias na sa&uacute;de e a sustentabilidade do setor<\/span><\/b><\/a><span style=\"font-size:14.0pt\">, 21 de maio, a partir das 9h30, Hospitalar 2025, S&atilde;o Paulo<\/span><\/span><\/span><\/span><\/p>\r\n\r\n<p style=\"text-align:justify\"><span style=\"font-size:11pt\"><span style=\"line-height:normal\"><span style=\"font-family:Calibri,sans-serif\"><a href=\"https:\/\/evento.fgv.br\/politicamonetaria_2305\/\" style=\"color:blue; text-decoration:underline\"><b><span style=\"font-size:14.0pt\">FGV IBRE | XI Semin&aacute;rio Anual de Pol&iacute;tica Monet&aacute;ria<\/span><\/b><\/a><span style=\"font-size:14.0pt\">, 23\/05\/2025, 14:00 &agrave;s 18:00, presencial, Praia de Botafogo, 186, Rio de Janeiro. RJ<\/span><\/span><\/span><\/span><\/p>\r\n\r\n<p style=\"text-align:justify\"><span style=\"font-size:11pt\"><span style=\"line-height:normal\"><span style=\"font-family:Calibri,sans-serif\"><a href=\"https:\/\/www.sympla.com.br\/evento-online\/a-estrategia-do-brasil-na-guerra-comercial\/2950835\" style=\"color:blue; text-decoration:underline\"><b><span style=\"font-size:14.0pt\">A estrat&eacute;gia do Brasil na guerra comercial<\/span><\/b><\/a><span style=\"font-size:14.0pt\">, 30 de maio de 2025, 10h00 a 11h30, evento online via Youtube<\/span><\/span><\/span><\/span><\/p>\r\n\r\n<p style=\"text-align:justify\"><span style=\"font-size:11pt\"><span style=\"line-height:normal\"><span style=\"font-family:Calibri,sans-serif\"><a href=\"https:\/\/www.sympla.com.br\/evento\/caminhos-sustentaveis-o-futuro-da-industria-textil\/2934717\" style=\"color:blue; text-decoration:underline\"><b><span style=\"font-size:14.0pt\">Caminhos Sustent&aacute;veis: o Futuro da Ind&uacute;stria T&ecirc;xtil<\/span><\/b><\/a><span style=\"font-size:14.0pt\">, 05 de junho de 2025, das 18h &agrave;s 22h, evento presencial, SENAI Americana, Americana, SP<\/span><\/span><\/span><\/span><\/p>\r\n\r\n<p style=\"text-align:justify\"><span style=\"font-size:11pt\"><span style=\"line-height:normal\"><span style=\"font-family:Calibri,sans-serif\"><a href=\"https:\/\/conteudo.anahp.com.br\/questoes-climaticas-na-saude?utm_campaign=emkt_-_evento_belem_cop_30_geral&amp;utm_medium=email&amp;utm_source=RD+Station\" style=\"color:blue; text-decoration:underline\"><b><span style=\"font-size:14.0pt\">Impacto das quest&otilde;es clim&aacute;ticas e as quest&otilde;es ambientais<\/span><\/b><\/a><span style=\"font-size:14.0pt\">, 06 de junho de 2025, 9h &agrave;s 17h, evento h&iacute;brido, Centro de Conven&ccedil;&otilde;es do Hospital Porto Dias (Bel&eacute;m\/PA) e transmiss&atilde;o online<\/span><\/span><\/span><\/span><\/p>\r\n\r\n<p style=\"text-align:justify\"><span style=\"font-size:11pt\"><span style=\"line-height:normal\"><span style=\"font-family:Calibri,sans-serif\"><a href=\"https:\/\/www.conbrava.com.br\/\" style=\"color:blue; text-decoration:underline\"><b><span style=\"font-size:14.0pt\">CONBRAVA 2025<\/span><\/b><\/a><span style=\"font-size:14.0pt\">, 10 a 12 de setembro de 2025, S&atilde;o Paulo Expo, Rodovia dos Imigrantes, km 1,5<\/span><\/span><\/span><\/span><\/p>\r\n\r\n<p style=\"text-align:justify\"><span style=\"font-size:11pt\"><span style=\"line-height:normal\"><span style=\"font-family:Calibri,sans-serif\"><a href=\"https:\/\/paving.com.br\/\" style=\"color:blue; text-decoration:underline\"><b><span style=\"font-size:14.0pt\">Paving Expo 2025<\/span><\/b><\/a><span style=\"font-size:14.0pt\">, 23 a 25 de setembro de 2025, Distrito Anhembi, Rua Prof. Milton Rodrigues, s\/n, Santana, S&atilde;o Paulo, SP<\/span><\/span><\/span><\/span><\/p>\r\n\r\n<p style=\"text-align:justify\"><span style=\"font-size:11pt\"><span style=\"line-height:normal\"><span style=\"font-family:Calibri,sans-serif\"><a href=\"https:\/\/www.instagram.com\/sobeccnacional\/p\/DA1V8NZyhNK\/?img_index=1\" style=\"color:blue; text-decoration:underline\"><b><span style=\"font-size:14.0pt\">17&ordm; Congresso Brasileiro de Enfermagem em Centro Cir&uacute;rgico: &ldquo;O poder de cuidar&rdquo;<\/span><\/b><\/a><span style=\"font-size:14.0pt\">, 01 a 03 de outubro de 2025, Transamerica Expo Center, S&atilde;o Paulo, SP<\/span><\/span><\/span><\/span><\/p>\r\n\r\n<p style=\"text-align:justify\"><span style=\"font-size:11pt\"><span style=\"line-height:normal\"><span style=\"font-family:Calibri,sans-serif\"><a href=\"https:\/\/www.abrafiltros.org.br\/3o-seminario-brasileiro-de-filtros-acontecera-no-dia-08-de-outubro\/\" style=\"color:blue; text-decoration:underline\"><b><span style=\"font-size:14.0pt\">3&ordm; Semin&aacute;rio Brasileiro de Filtros<\/span><\/b><\/a><span style=\"font-size:14.0pt\">, 08 de outubro de 2025, evento presencial<\/span><\/span><\/span><\/span><\/p>\r\n\r\n<p style=\"text-align:justify\"><span style=\"font-size:11pt\"><span style=\"line-height:normal\"><span style=\"font-family:Calibri,sans-serif\"><a href=\"https:\/\/hospitalmed.com.br\/feira\/\" style=\"color:blue; text-decoration:underline\"><b><span style=\"font-size:14.0pt\">HospitalMed 2025<\/span><\/b><\/a><span style=\"font-size:14.0pt\">, 22 a 24 de outubro, Pernambuco Centro de Conven&ccedil;&otilde;es, Olinda<\/span><\/span><\/span><\/span><\/p>\r\n\r\n<p style=\"text-align:justify\"><span style=\"font-size:11pt\"><span style=\"line-height:normal\"><span style=\"font-family:Calibri,sans-serif\"><a href=\"https:\/\/filtech.de\/\" style=\"color:blue; text-decoration:underline\"><b><span style=\"font-size:14.0pt\">Filtech 2026<\/span><\/b><\/a><span style=\"font-size:14.0pt\">, de 30 de junho a 2 de julho, Cologne, Alemanha<\/span><\/span><\/span><\/span><\/p>\r\n\r\n<p style=\"text-align:justify\"><span style=\"font-size:28pt\"><span style=\"font-family:Cambria,serif\"><span style=\"letter-spacing:-0.5pt\"><b><span style=\"font-size:18.0pt\"><span style=\"font-family:&quot;Calibri&quot;,sans-serif\"><span style=\"font-variant:small-caps\">Setor<\/span><\/span><\/span><\/b><\/span><\/span><\/span><\/p>\r\n\r\n<p style=\"text-align:justify\"><span style=\"font-size:11pt\"><span style=\"line-height:normal\"><span style=\"font-family:Calibri,sans-serif\"><a href=\"https:\/\/www.nonwovens-industry.com\/contents\/view_online-exclusives\/2025-05-13\/investment-report\/?utm_campaign=NON%20eNewsletter&amp;utm_medium=email&amp;_hsenc=p2ANqtz--cOzLTOgxalun33opXtkfjfs9JL-hMoWrxGvfRg55fZdxH1l0untqfGFHvAalJwYR42Kd1YGax3zXmvQkMTYPEwpcMNQ&amp;_hsmi=361656606&amp;utm_content=361656606&amp;utm_source=hs_email\" style=\"color:blue; text-decoration:underline\"><span style=\"font-size:14.0pt\">Nonwovens Industry Investment Recap<\/span><\/a><\/span><\/span><\/span><\/p>\r\n\r\n<p style=\"text-align:justify\"><span style=\"font-size:11pt\"><span style=\"line-height:normal\"><span style=\"font-family:Calibri,sans-serif\"><a href=\"https:\/\/www.douradosnews.com.br\/agro-e-news\/dia-de-campo-na-expoagro-apresenta-tecnologias-e-atrai-mais-de-220\/1256921\/\" style=\"color:blue; text-decoration:underline\"><span style=\"font-size:14.0pt\">Mulching: Dia de Campo na Expoagro apresenta tecnologias e atrai mais de 200 produtores<\/span><\/a><\/span><\/span><\/span><\/p>\r\n\r\n<p style=\"text-align:justify\"><span style=\"font-size:11pt\"><span style=\"line-height:normal\"><span style=\"font-family:Calibri,sans-serif\"><a href=\"https:\/\/conexaosafra.com\/geral\/os-desafios-do-abacaxi-capixaba\/\" style=\"color:blue; text-decoration:underline\"><span style=\"font-size:14.0pt\">Mulching: os desafios do abacaxi capixaba<\/span><\/a><\/span><\/span><\/span><\/p>\r\n\r\n<p style=\"text-align:justify\"><span style=\"font-size:11pt\"><span style=\"line-height:normal\"><span style=\"font-family:Calibri,sans-serif\"><a href=\"https:\/\/www.fibre2fashion.com\/news\/technical-textiles\/idea25-filtxpo-2025-deliver-success-for-nonwovens-filtration-sectors-302492-newsdetails.htm\" style=\"color:blue; text-decoration:underline\"><span lang=\"ES-AR\" style=\"font-size:14.0pt\">IDEA25, FiltXPO 2025 deliver success for nonwovens, filtration sectors<\/span><\/a><\/span><\/span><\/span><\/p>\r\n\r\n<p style=\"text-align:justify\"><span style=\"font-size:11pt\"><span style=\"line-height:normal\"><span style=\"font-family:Calibri,sans-serif\"><a href=\"https:\/\/conectaverde.com.br\/braskem-celebra-15-anos-de-im-green-bio-based-com-aumento-da-capacidade-de-producao\/?utm_campaign=rascunho_conecta_verde_news_74&amp;utm_medium=email&amp;utm_source=RD+Station\" style=\"color:blue; text-decoration:underline\"><span lang=\"ES-AR\" style=\"font-size:14.0pt\">Braskem celebra 15 anos de I&rsquo;m green bio-based com aumento da capacidade de produ&ccedil;&atilde;o<\/span><\/a><\/span><\/span><\/span><\/p>\r\n\r\n<p style=\"text-align:justify\"><span style=\"font-size:11pt\"><span style=\"line-height:normal\"><span style=\"font-family:Calibri,sans-serif\"><a href=\"https:\/\/portalpersonalcare.com.br\/geriatex-anuncia-investimento-de-r-30-milhoes-em-tecnologia-para-ampliar-producao\/\" style=\"color:blue; text-decoration:underline\"><span lang=\"ES-AR\" style=\"font-size:14.0pt\">Geriatex anuncia investimento de R$ 30 milh&otilde;es em tecnologia para ampliar produ&ccedil;&atilde;o<\/span><\/a><\/span><\/span><\/span><\/p>\r\n\r\n<p style=\"text-align:justify\"><span style=\"font-size:28pt\"><span style=\"font-family:Cambria,serif\"><span style=\"letter-spacing:-0.5pt\"><b><span style=\"font-size:18.0pt\"><span style=\"font-family:&quot;Calibri&quot;,sans-serif\"><span style=\"font-variant:small-caps\">Ind&uacute;stria<\/span><\/span><\/span><\/b><\/span><\/span><\/span><\/p>\r\n\r\n<p style=\"text-align:justify\"><span style=\"font-size:11pt\"><span style=\"line-height:normal\"><span style=\"font-family:Calibri,sans-serif\"><a href=\"https:\/\/noticias.portaldaindustria.com.br\/noticias\/economia\/pessimismo-na-industria-o-que-ta-pegando-ep-153-economia-em-60-segundos\/\" style=\"color:blue; text-decoration:underline\"><span style=\"font-size:14.0pt\">Pessimismo na Ind&uacute;stria &mdash; o que t&aacute; pegando? (Ep. #153) | Economia em 60 segundos<\/span><\/a><\/span><\/span><\/span><\/p>\r\n\r\n<p style=\"text-align:justify\"><span style=\"font-size:11pt\"><span style=\"line-height:normal\"><span style=\"font-family:Calibri,sans-serif\"><a href=\"https:\/\/www.epe.gov.br\/pt\/imprensa\/noticias\/mme-aprova-plano-decenal-de-expansao-de-energia-2034-em-portaria\" style=\"color:blue; text-decoration:underline\"><span style=\"font-size:14.0pt\">Minist&eacute;rio de Minas e Energia aprova Plano Decenal de Expans&atilde;o de Energia 2034 em portaria<\/span><\/a><\/span><\/span><\/span><\/p>\r\n\r\n<p style=\"text-align:justify\"><span style=\"font-size:11pt\"><span style=\"line-height:normal\"><span style=\"font-family:Calibri,sans-serif\"><a href=\"https:\/\/www.youtube.com\/watch?v=LMxmwZ2BPfg\" style=\"color:blue; text-decoration:underline\"><span style=\"font-size:14.0pt\">Mercado Livre de Energia: novos caminhos para a ind&uacute;stria<\/span><\/a><\/span><\/span><\/span><\/p>\r\n\r\n<p style=\"text-align:justify\"><span style=\"font-size:11pt\"><span style=\"line-height:normal\"><span style=\"font-family:Calibri,sans-serif\"><a href=\"https:\/\/www.msn.com\/pt-br\/dinheiro\/economia-e-negocios\/produ%C3%A7%C3%A3o-de-carros-em-abril-%C3%A9-a-maior-em-6-anos-mas-alta-dos-juros-preocupa-ind%C3%BAstria-diz-anfavea\/ar-AA1EpOUY?apiversion=v2&amp;noservercache=1&amp;domshim=1&amp;renderwebcomponents=1&amp;wcseo=1&amp;batchservertelemetry=1&amp;noservertelemetry=1\" style=\"color:blue; text-decoration:underline\"><span style=\"font-size:14.0pt\">Produ&ccedil;&atilde;o de carros em abril &eacute; a maior em 6 anos, mas alta dos juros preocupa ind&uacute;stria, diz Anfavea<\/span><\/a><\/span><\/span><\/span><\/p>\r\n\r\n<p style=\"text-align:justify\"><span style=\"font-size:11pt\"><span style=\"line-height:normal\"><span style=\"font-family:Calibri,sans-serif\"><a href=\"https:\/\/cbic.org.br\/cbic-se-reune-com-abrac-para-discutir-programa-de-inspecao-acreditada-previsto-em-portaria-do-inmetro\/?utm_source=COMUNICA%C3%87%C3%83O&amp;utm_campaign=5c97b941be-EMAIL_CAMPAIGN_2020_10_09_04_42_COPY_01&amp;utm_medium=email&amp;utm_term=0_d3230ddfb7-5c97b941be-87351953\" style=\"color:blue; text-decoration:underline\"><span style=\"font-size:14.0pt\">C&acirc;mara Brasileira da Ind&uacute;stria da Constru&ccedil;&atilde;o (CBIC) se re&uacute;ne com Associa&ccedil;&atilde;o Brasileira de Avalia&ccedil;&atilde;o da Conformidade (ABRAC) para discutir Programa de Inspe&ccedil;&atilde;o Acreditada previsto em portaria do Inmetro<\/span><\/a><\/span><\/span><\/span><\/p>\r\n\r\n<p style=\"text-align:justify\"><span style=\"font-size:11pt\"><span style=\"line-height:normal\"><span style=\"font-family:Calibri,sans-serif\"><a href=\"https:\/\/grandesconstrucoes.com.br\/Noticias\/Exibir\/construcao-civil-mantem-crescimento-em-2025-mas-incertezas-economicas-abalam-confianca-do-setor?utm_source=akna&amp;utm_medium=email&amp;utm_campaign=Grandes-Construcoes-Informativo-962-15-05-2025\" style=\"color:blue; text-decoration:underline\"><span style=\"font-size:14.0pt\">Constru&ccedil;&atilde;o Civil mant&eacute;m crescimento em 2025, mas incertezas econ&ocirc;micas abalam confian&ccedil;a do setor<\/span><\/a><\/span><\/span><\/span><\/p>\r\n\r\n<p style=\"text-align:justify\"><span style=\"font-size:28pt\"><span style=\"font-family:Cambria,serif\"><span style=\"letter-spacing:-0.5pt\"><b><span style=\"font-size:18.0pt\"><span style=\"font-family:&quot;Calibri&quot;,sans-serif\"><span style=\"font-variant:small-caps\">Sustentabilidade<\/span><\/span><\/span><\/b><\/span><\/span><\/span><\/p>\r\n\r\n<p style=\"text-align:justify\"><span style=\"font-size:11pt\"><span style=\"line-height:normal\"><span style=\"font-family:Calibri,sans-serif\"><a href=\"https:\/\/noticias.portaldaindustria.com.br\/noticias\/sustentabilidade\/cni-e-fiesp-lancam-e-book-com-melhores-praticas-de-economia-circular\/\" style=\"color:blue; text-decoration:underline\"><span style=\"font-size:14.0pt\">CNI e FIESP lan&ccedil;am e-book com melhores pr&aacute;ticas de economia circular<\/span><\/a><\/span><\/span><\/span><\/p>\r\n\r\n<p style=\"text-align:justify\"><span style=\"font-size:11pt\"><span style=\"line-height:normal\"><span style=\"font-family:Calibri,sans-serif\"><a href=\"https:\/\/agenciabrasil.ebc.com.br\/geral\/noticia\/2025-05\/pais-passa-contar-com-selos-de-rastreabilidade-de-plasticos\" style=\"color:blue; text-decoration:underline\"><span style=\"font-size:14.0pt\">Pa&iacute;s passa a contar com selos de rastreabilidade de pl&aacute;sticos<\/span><\/a><\/span><\/span><\/span><\/p>\r\n\r\n<p style=\"text-align:justify\"><span style=\"font-size:11pt\"><span style=\"line-height:normal\"><span style=\"font-family:Calibri,sans-serif\"><a href=\"https:\/\/agenciabrasil.ebc.com.br\/radioagencia-nacional\/meio-ambiente\/audio\/2025-05\/selo-permitira-monitorar-ciclo-de-reciclagem-do-plastico\" style=\"color:blue; text-decoration:underline\"><span style=\"font-size:14.0pt\">Selo permitir&aacute; monitorar ciclo de reciclagem do pl&aacute;stico<\/span><\/a><\/span><\/span><\/span><\/p>\r\n\r\n<p style=\"text-align:justify\"><span style=\"font-size:11pt\"><span style=\"line-height:normal\"><span style=\"font-family:Calibri,sans-serif\"><a href=\"https:\/\/conectaverde.com.br\/governo-federal-anuncia-aprovacao-do-plano-nacional-de-economia-circular\/?utm_campaign=rascunho_conecta_verde_news_74&amp;utm_medium=email&amp;utm_source=RD+Station\" style=\"color:blue; text-decoration:underline\"><span style=\"font-size:14.0pt\">Governo Federal anuncia aprova&ccedil;&atilde;o do Plano Nacional de Economia Circular<\/span><\/a><\/span><\/span><\/span><\/p>\r\n\r\n<p style=\"text-align:justify\"><span style=\"font-size:11pt\"><span style=\"line-height:normal\"><span style=\"font-family:Calibri,sans-serif\"><a href=\"https:\/\/portugaltextil.com\/samsara-eco-lanca-fabrica-de-reciclagem-enzimatica\/\" style=\"color:blue; text-decoration:underline\"><span style=\"font-size:14.0pt\">Samsara Eco lan&ccedil;a f&aacute;brica de reciclagem enzim&aacute;tica<\/span><\/a><\/span><\/span><\/span><\/p>\r\n\r\n<p style=\"text-align:justify\"><span style=\"font-size:11pt\"><span style=\"line-height:normal\"><span style=\"font-family:Calibri,sans-serif\"><a href=\"https:\/\/www.estadao.com.br\/economia\/governanca\/industrias-brasileiras-economia-circular-cni\/\" style=\"color:blue; text-decoration:underline\"><span style=\"font-size:14.0pt\">Seis em cada dez ind&uacute;strias brasileiras adotam pr&aacute;ticas de economia circular, aponta CNI<\/span><\/a><\/span><\/span><\/span><\/p>\r\n\r\n<p style=\"text-align:justify\"><span style=\"font-size:28pt\"><span style=\"font-family:Cambria,serif\"><span style=\"letter-spacing:-0.5pt\"><b><span style=\"font-size:18.0pt\"><span style=\"font-family:&quot;Calibri&quot;,sans-serif\"><span style=\"font-variant:small-caps\">Inova&ccedil;&atilde;o<\/span><\/span><\/span><\/b><\/span><\/span><\/span><\/p>\r\n\r\n<p style=\"text-align:justify\"><span style=\"font-size:11pt\"><span style=\"line-height:normal\"><span style=\"font-family:Calibri,sans-serif\"><a href=\"https:\/\/fastcompanybrasil.com\/impacto\/laboratorio-da-amazon-pode-mudar-como-reciclamos-plasticos\/\" style=\"color:blue; text-decoration:underline\"><span style=\"font-size:14.0pt\">Conhe&ccedil;a o laborat&oacute;rio da Amazon que pode mudar como reciclamos pl&aacute;sticos<\/span><\/a><\/span><\/span><\/span><\/p>\r\n\r\n<p style=\"text-align:justify\"><span style=\"font-size:28pt\"><span style=\"font-family:Cambria,serif\"><span style=\"letter-spacing:-0.5pt\"><b><span style=\"font-size:18.0pt\"><span style=\"font-family:&quot;Calibri&quot;,sans-serif\"><span style=\"font-variant:small-caps\">Com&eacute;rcio Exterior<\/span><\/span><\/span><\/b><\/span><\/span><\/span><\/p>\r\n\r\n<p style=\"text-align:justify\"><span style=\"font-size:11pt\"><span style=\"line-height:normal\"><span style=\"font-family:Calibri,sans-serif\"><a href=\"https:\/\/noticias.portaldaindustria.com.br\/artigos\/ricardo-alban\/brasil-precisa-priorizar-a-manufatura-na-relacao-com-a-china\/\" style=\"color:blue; text-decoration:underline\"><span style=\"font-size:14.0pt\">Brasil precisa priorizar a manufatura na rela&ccedil;&atilde;o com a China<\/span><\/a><\/span><\/span><\/span><\/p>\r\n\r\n<p style=\"text-align:justify\"><span style=\"font-size:11pt\"><span style=\"line-height:normal\"><span style=\"font-family:Calibri,sans-serif\"><a href=\"https:\/\/anba.com.br\/brasil-aumenta-venda-externa-de-calcados-em-10\/\" style=\"color:blue; text-decoration:underline\"><span style=\"font-size:14.0pt\">Brasil aumenta venda externa de cal&ccedil;ados em 10%<\/span><\/a><\/span><\/span><\/span><\/p>\r\n\r\n<p style=\"text-align:justify\"><span style=\"font-size:11pt\"><span style=\"line-height:normal\"><span style=\"font-family:Calibri,sans-serif\"><a href=\"https:\/\/apexbrasil.com.br\/br\/pt\/conteudo\/noticias\/Pequim-Encontro-empresarial-organizado-pela-ApexBrasil-e-marcado-por-anuncio-inedito-de-27-bilhoes-em-investimentos-chineses-no-Brasil.html#msdynttrid=gwt1JozcquyQGdFEqkl9EZtOaV1FdzqD9J5TUkFrBJ0\" style=\"color:blue; text-decoration:underline\"><span style=\"font-size:14.0pt\">Pequim: Encontro empresarial organizado pela ApexBrasil &eacute; marcado por an&uacute;ncio in&eacute;dito de R$ 27 bilh&otilde;es em investimentos chineses no Brasil<\/span><\/a><\/span><\/span><\/span><\/p>\r\n\r\n<p style=\"text-align:justify\"><span style=\"font-size:11pt\"><span style=\"line-height:normal\"><span style=\"font-family:Calibri,sans-serif\"><a href=\"https:\/\/apexbrasil.com.br\/br\/pt\/conteudo\/noticias\/ApexBrasil-atualiza-o-Perfil-de-Comercio-e-Investimento-China-2025.html#msdynttrid=XjbS1TYQTZ9CxD0NpCBwKWp2NkGjnA5JSSlN56e0fbg\" style=\"color:blue; text-decoration:underline\"><span style=\"font-size:14.0pt\">ApexBrasil atualiza o Perfil de Com&eacute;rcio e Investimento China 2025<\/span><\/a><\/span><\/span><\/span><\/p>\r\n\r\n<p style=\"text-align:justify\"><span style=\"font-size:28pt\"><span style=\"font-family:Cambria,serif\"><span style=\"letter-spacing:-0.5pt\"><b><span style=\"font-size:18.0pt\"><span style=\"font-family:&quot;Calibri&quot;,sans-serif\"><span style=\"font-variant:small-caps\">Economia<\/span><\/span><\/span><\/b><\/span><\/span><\/span><\/p>\r\n\r\n<p style=\"text-align:justify\"><span style=\"font-size:11pt\"><span style=\"line-height:normal\"><span style=\"font-family:Calibri,sans-serif\"><a href=\"https:\/\/www.bcb.gov.br\/content\/focus\/focus\/R20250516.pdf\" style=\"color:blue; text-decoration:underline\"><span style=\"font-size:14.0pt\">Focus - Relat&oacute;rio de Mercado<\/span><\/a><\/span><\/span><\/span><\/p>\r\n\r\n<p style=\"text-align:justify\"><span style=\"font-size:11pt\"><span style=\"line-height:normal\"><span style=\"font-family:Calibri,sans-serif\"><a href=\"https:\/\/portalibre.fgv.br\/noticias\/economia-cresce-16-no-primeiro-trimestre-em-comparacao-ao-quarto-de-2024\" style=\"color:blue; text-decoration:underline\"><span style=\"font-size:14.0pt\">Economia cresce 1,6% no primeiro trimestre, em compara&ccedil;&atilde;o ao quarto de 2024<\/span><\/a><\/span><\/span><\/span><\/p>\r\n\r\n<p style=\"text-align:justify\"><span style=\"font-size:11pt\"><span style=\"line-height:normal\"><span style=\"font-family:Calibri,sans-serif\"><a href=\"https:\/\/portalibre.fgv.br\/noticias\/clima-economico-da-america-latina-seguiu-piorando-no-inicio-de-2025-0\" style=\"color:blue; text-decoration:underline\"><span style=\"font-size:14.0pt\">Clima Econ&ocirc;mico da Am&eacute;rica Latina seguiu piorando no in&iacute;cio de 2025<\/span><\/a><\/span><\/span><\/span><\/p>\r\n\r\n<p style=\"text-align:justify\"><span style=\"font-size:11pt\"><span style=\"line-height:normal\"><span style=\"font-family:Calibri,sans-serif\"><a href=\"https:\/\/blogdoibre.fgv.br\/posts\/saldo-de-empregos-em-marco-frustra-expectativas-e-reforca-sinais-de-desaceleracao\" style=\"color:blue; text-decoration:underline\"><span style=\"font-size:14.0pt\">Saldo de empregos em mar&ccedil;o frustra expectativas e refor&ccedil;a sinais de desacelera&ccedil;&atilde;o<\/span><\/a><\/span><\/span><\/span><\/p>\r\n\r\n<p style=\"text-align:justify\"><img src=\"https:\/\/www.abint.org.br\/assets\/img\/editor\/redes-sociais-abint-ctg-cth_20250430194140IGmqVM6eS7.jpg\" \/><\/p>\r\n","6":"<p style=\"text-align:justify\"><span style=\"font-size:11pt\"><span style=\"line-height:normal\"><span style=\"font-family:Calibri,sans-serif\"><span style=\"font-size:14.0pt\">Esta &eacute; uma compila&ccedil;&atilde;o das not&iacute;cias mais relevantes para o setor, incluindo informa&ccedil;&otilde;es sobre acordos internacionais, economia brasileira, sustentabilidade e mat&eacute;rias primas, al&eacute;m de novidades do setor de N&atilde;otecidos e Tecidos T&eacute;cnicos.<\/span><\/span><\/span><\/span><\/p>\r\n\r\n<p style=\"text-align:justify\"><span style=\"font-size:28pt\"><span style=\"font-family:Cambria,serif\"><span style=\"letter-spacing:-0.5pt\"><b><span style=\"font-size:18.0pt\"><span style=\"font-family:&quot;Calibri&quot;,sans-serif\"><span style=\"font-variant:small-caps\">O que vem por a&iacute;<\/span><\/span><\/span><\/b><\/span><\/span><\/span><\/p>\r\n\r\n<p style=\"text-align:justify\"><img src=\"https:\/\/www.abint.org.br\/assets\/img\/editor\/logo-ctg-abint-png_20250520120409KbjnNd2fY9.png\" style=\"width: 300px; height: 55px;\" \/><\/p>\r\n\r\n<p style=\"text-align:justify\"><img src=\"https:\/\/www.abint.org.br\/assets\/img\/editor\/20250520-live-ctg-instagram-laerte-maroni_20250520120443HY72LJuwm8.jpeg\" style=\"width: 500px; height: 625px;\" \/><\/p>\r\n\r\n<p style=\"text-align:justify\"><span style=\"font-size:11pt\"><span style=\"line-height:normal\"><span style=\"font-family:Calibri,sans-serif\"><a href=\"https:\/\/www.instagram.com\/ctg_abint\/?hl=en\" style=\"color:blue; text-decoration:underline\"><span style=\"font-size:14.0pt\">Acesse aqui<\/span><\/a><\/span><\/span><\/span><\/p>\r\n\r\n<p style=\"text-align:justify\">&nbsp;<\/p>\r\n\r\n<p style=\"text-align:justify\"><img src=\"https:\/\/www.abint.org.br\/assets\/img\/editor\/e-mail-post-premio-tcc-icc-2024-2025_20250430193536F42nr8Haxy.png\" style=\"width: 500px; height: 500px;\" \/><\/p>\r\n\r\n<p style=\"text-align:justify\"><span style=\"font-size:11pt\"><span style=\"line-height:normal\"><span style=\"font-family:Calibri,sans-serif\"><a href=\"https:\/\/geossinteticos.org.br\/premiotccic\" style=\"color:blue; text-decoration:underline\"><span style=\"font-size:14.0pt\">Inscreva seu trabalho<\/span><\/a><\/span><\/span><\/span><\/p>\r\n\r\n<p style=\"text-align:justify\"><span style=\"font-size:28pt\"><span style=\"font-family:Cambria,serif\"><span style=\"letter-spacing:-0.5pt\"><b><span style=\"font-size:18.0pt\"><span style=\"font-family:&quot;Calibri&quot;,sans-serif\"><span style=\"font-variant:small-caps\">Not&iacute;cias das Associadas<\/span><\/span><\/span><\/b><\/span><\/span><\/span><\/p>\r\n\r\n<p style=\"text-align:justify\"><span style=\"font-size:11pt\"><span style=\"line-height:normal\"><span style=\"font-family:Calibri,sans-serif\"><a href=\"https:\/\/tissueonline.com.br\/andritz-fornecera-projeto-de-modernizacao-para-a-green-bay-packaging-nos-eua\/\" style=\"color:blue; text-decoration:underline\"><span style=\"font-size:14.0pt\">ANDRITZ fornecer&aacute; projeto de moderniza&ccedil;&atilde;o para a Green Bay Packaging, nos EUA<\/span><\/a><\/span><\/span><\/span><\/p>\r\n\r\n<p style=\"text-align:justify\"><span style=\"font-size:11pt\"><span style=\"line-height:normal\"><span style=\"font-family:Calibri,sans-serif\"><a href=\"https:\/\/www.fibre2fashion.com\/news\/technical-textiles\/austria-s-andritz-starts-spunlace-line-for-ip-llc-in-uzbekistan-302446-newsdetails.htm\" style=\"color:blue; text-decoration:underline\"><span lang=\"EN-US\" style=\"font-size:14.0pt\">Austria&#39;s Andritz starts spunlace line for IP LLC in Uzbekistan<\/span><\/a><\/span><\/span><\/span><\/p>\r\n\r\n<p style=\"text-align:justify\"><span style=\"font-size:11pt\"><span style=\"line-height:normal\"><span style=\"font-family:Calibri,sans-serif\"><a href=\"https:\/\/www.innovationintextiles.com\/technology-machinery-equipment\/andritz-rexline-starts-up-at-pacific-jeans\/\" style=\"color:blue; text-decoration:underline\"><span lang=\"EN-US\" style=\"font-size:14.0pt\">Andritz reXline starts up at Pacific Jeans<\/span><\/a><\/span><\/span><\/span><\/p>\r\n\r\n<p style=\"text-align:justify\"><span style=\"font-size:11pt\"><span style=\"line-height:normal\"><span style=\"font-family:Calibri,sans-serif\"><a href=\"https:\/\/inforchannel.com.br\/2025\/05\/17\/elixrr-entra-no-setor-de-mdf-com-sistema-de-refino-pressurizado-da-andritz\/\" style=\"color:blue; text-decoration:underline\"><span style=\"font-size:14.0pt\">Elixrr entra no setor de MDF com sistema de refino pressurizado da Andritz<\/span><\/a><\/span><\/span><\/span><\/p>\r\n\r\n<p style=\"text-align:justify\"><span style=\"font-size:11pt\"><span style=\"line-height:normal\"><span style=\"font-family:Calibri,sans-serif\"><a href=\"https:\/\/www.fibre2fashion.com\/news\/technical-textiles\/finnish-company-suominen-s-sales-up-3-4-in-q1-fy25-302565-newsdetails.htm\" style=\"color:blue; text-decoration:underline\"><span lang=\"ES-AR\" style=\"font-size:14.0pt\">Finnish company Suominen&#39;s sales up 3.4% in Q1 FY25<\/span><\/a><\/span><\/span><\/span><\/p>\r\n\r\n<p style=\"text-align:justify\"><span style=\"font-size:11pt\"><span style=\"line-height:normal\"><span style=\"font-family:Calibri,sans-serif\"><a href=\"https:\/\/www.innovationintextiles.com\/technology-machinery-equipment\/trtzschler-opens-new-plant-in-india\/\" style=\"color:blue; text-decoration:underline\"><span lang=\"ES-AR\" style=\"font-size:14.0pt\">Tr&uuml;tzschler opens new plant in India<\/span><\/a><\/span><\/span><\/span><\/p>\r\n\r\n<p style=\"text-align:justify\">&nbsp;<\/p>\r\n\r\n<p style=\"text-align:justify\"><span style=\"font-size:11pt\"><span style=\"line-height:normal\"><span style=\"font-family:Calibri,sans-serif\"><b><span style=\"font-size:18.0pt\"><span style=\"font-variant:small-caps\">Eventos<\/span><\/span><\/b><\/span><\/span><\/span><\/p>\r\n\r\n<p style=\"text-align:justify\">&nbsp;<\/p>\r\n\r\n<p style=\"text-align:justify\"><span style=\"font-size:11pt\"><span style=\"line-height:normal\"><span style=\"font-family:Calibri,sans-serif\"><a href=\"https:\/\/www.hospitalar.com\/pt\/home.html\" style=\"color:blue; text-decoration:underline\"><b><span style=\"font-size:14.0pt\">Hospitalar 2025<\/span><\/b><\/a><span style=\"font-size:14.0pt\">, 20 a 23 de maio, 11h00 &agrave;s 20h00, S&atilde;o Paulo Expo, Rodovia dos Imigrantes, km 1,5<\/span><\/span><\/span><\/span><\/p>\r\n\r\n<p style=\"text-align:justify\"><span style=\"font-size:11pt\"><span style=\"line-height:normal\"><span style=\"font-family:Calibri,sans-serif\"><a href=\"https:\/\/www.anahp.com.br\/evento\/seminario-anahp-incorporacao-de-tecnologias-na-saude-e-a-sustentabilidade-do-setor\/\" style=\"color:blue; text-decoration:underline\"><b><span style=\"font-size:14.0pt\">Semin&aacute;rio Anahp &ndash; Incorpora&ccedil;&atilde;o de tecnologias na sa&uacute;de e a sustentabilidade do setor<\/span><\/b><\/a><span style=\"font-size:14.0pt\">, 21 de maio, a partir das 9h30, Hospitalar 2025, S&atilde;o Paulo<\/span><\/span><\/span><\/span><\/p>\r\n\r\n<p style=\"text-align:justify\"><span style=\"font-size:11pt\"><span style=\"line-height:normal\"><span style=\"font-family:Calibri,sans-serif\"><a href=\"https:\/\/evento.fgv.br\/politicamonetaria_2305\/\" style=\"color:blue; text-decoration:underline\"><b><span style=\"font-size:14.0pt\">FGV IBRE | XI Semin&aacute;rio Anual de Pol&iacute;tica Monet&aacute;ria<\/span><\/b><\/a><span style=\"font-size:14.0pt\">, 23\/05\/2025, 14:00 &agrave;s 18:00, presencial, Praia de Botafogo, 186, Rio de Janeiro. RJ<\/span><\/span><\/span><\/span><\/p>\r\n\r\n<p style=\"text-align:justify\"><span style=\"font-size:11pt\"><span style=\"line-height:normal\"><span style=\"font-family:Calibri,sans-serif\"><a href=\"https:\/\/www.sympla.com.br\/evento-online\/a-estrategia-do-brasil-na-guerra-comercial\/2950835\" style=\"color:blue; text-decoration:underline\"><b><span style=\"font-size:14.0pt\">A estrat&eacute;gia do Brasil na guerra comercial<\/span><\/b><\/a><span style=\"font-size:14.0pt\">, 30 de maio de 2025, 10h00 a 11h30, evento online via Youtube<\/span><\/span><\/span><\/span><\/p>\r\n\r\n<p style=\"text-align:justify\"><span style=\"font-size:11pt\"><span style=\"line-height:normal\"><span style=\"font-family:Calibri,sans-serif\"><a href=\"https:\/\/www.sympla.com.br\/evento\/caminhos-sustentaveis-o-futuro-da-industria-textil\/2934717\" style=\"color:blue; text-decoration:underline\"><b><span style=\"font-size:14.0pt\">Caminhos Sustent&aacute;veis: o Futuro da Ind&uacute;stria T&ecirc;xtil<\/span><\/b><\/a><span style=\"font-size:14.0pt\">, 05 de junho de 2025, das 18h &agrave;s 22h, evento presencial, SENAI Americana, Americana, SP<\/span><\/span><\/span><\/span><\/p>\r\n\r\n<p style=\"text-align:justify\"><span style=\"font-size:11pt\"><span style=\"line-height:normal\"><span style=\"font-family:Calibri,sans-serif\"><a href=\"https:\/\/conteudo.anahp.com.br\/questoes-climaticas-na-saude?utm_campaign=emkt_-_evento_belem_cop_30_geral&amp;utm_medium=email&amp;utm_source=RD+Station\" style=\"color:blue; text-decoration:underline\"><b><span style=\"font-size:14.0pt\">Impacto das quest&otilde;es clim&aacute;ticas e as quest&otilde;es ambientais<\/span><\/b><\/a><span style=\"font-size:14.0pt\">, 06 de junho de 2025, 9h &agrave;s 17h, evento h&iacute;brido, Centro de Conven&ccedil;&otilde;es do Hospital Porto Dias (Bel&eacute;m\/PA) e transmiss&atilde;o online<\/span><\/span><\/span><\/span><\/p>\r\n\r\n<p style=\"text-align:justify\"><span style=\"font-size:11pt\"><span style=\"line-height:normal\"><span style=\"font-family:Calibri,sans-serif\"><a href=\"https:\/\/www.conbrava.com.br\/\" style=\"color:blue; text-decoration:underline\"><b><span style=\"font-size:14.0pt\">CONBRAVA 2025<\/span><\/b><\/a><span style=\"font-size:14.0pt\">, 10 a 12 de setembro de 2025, S&atilde;o Paulo Expo, Rodovia dos Imigrantes, km 1,5<\/span><\/span><\/span><\/span><\/p>\r\n\r\n<p style=\"text-align:justify\"><span style=\"font-size:11pt\"><span style=\"line-height:normal\"><span style=\"font-family:Calibri,sans-serif\"><a href=\"https:\/\/paving.com.br\/\" style=\"color:blue; text-decoration:underline\"><b><span style=\"font-size:14.0pt\">Paving Expo 2025<\/span><\/b><\/a><span style=\"font-size:14.0pt\">, 23 a 25 de setembro de 2025, Distrito Anhembi, Rua Prof. Milton Rodrigues, s\/n, Santana, S&atilde;o Paulo, SP<\/span><\/span><\/span><\/span><\/p>\r\n\r\n<p style=\"text-align:justify\"><span style=\"font-size:11pt\"><span style=\"line-height:normal\"><span style=\"font-family:Calibri,sans-serif\"><a href=\"https:\/\/www.instagram.com\/sobeccnacional\/p\/DA1V8NZyhNK\/?img_index=1\" style=\"color:blue; text-decoration:underline\"><b><span style=\"font-size:14.0pt\">17&ordm; Congresso Brasileiro de Enfermagem em Centro Cir&uacute;rgico: &ldquo;O poder de cuidar&rdquo;<\/span><\/b><\/a><span style=\"font-size:14.0pt\">, 01 a 03 de outubro de 2025, Transamerica Expo Center, S&atilde;o Paulo, SP<\/span><\/span><\/span><\/span><\/p>\r\n\r\n<p style=\"text-align:justify\"><span style=\"font-size:11pt\"><span style=\"line-height:normal\"><span style=\"font-family:Calibri,sans-serif\"><a href=\"https:\/\/www.abrafiltros.org.br\/3o-seminario-brasileiro-de-filtros-acontecera-no-dia-08-de-outubro\/\" style=\"color:blue; text-decoration:underline\"><b><span style=\"font-size:14.0pt\">3&ordm; Semin&aacute;rio Brasileiro de Filtros<\/span><\/b><\/a><span style=\"font-size:14.0pt\">, 08 de outubro de 2025, evento presencial<\/span><\/span><\/span><\/span><\/p>\r\n\r\n<p style=\"text-align:justify\"><span style=\"font-size:11pt\"><span style=\"line-height:normal\"><span style=\"font-family:Calibri,sans-serif\"><a href=\"https:\/\/hospitalmed.com.br\/feira\/\" style=\"color:blue; text-decoration:underline\"><b><span style=\"font-size:14.0pt\">HospitalMed 2025<\/span><\/b><\/a><span style=\"font-size:14.0pt\">, 22 a 24 de outubro, Pernambuco Centro de Conven&ccedil;&otilde;es, Olinda<\/span><\/span><\/span><\/span><\/p>\r\n\r\n<p style=\"text-align:justify\"><span style=\"font-size:11pt\"><span style=\"line-height:normal\"><span style=\"font-family:Calibri,sans-serif\"><a href=\"https:\/\/filtech.de\/\" style=\"color:blue; text-decoration:underline\"><b><span style=\"font-size:14.0pt\">Filtech 2026<\/span><\/b><\/a><span style=\"font-size:14.0pt\">, de 30 de junho a 2 de julho, Cologne, Alemanha<\/span><\/span><\/span><\/span><\/p>\r\n\r\n<p style=\"text-align:justify\"><span style=\"font-size:28pt\"><span style=\"font-family:Cambria,serif\"><span style=\"letter-spacing:-0.5pt\"><b><span style=\"font-size:18.0pt\"><span style=\"font-family:&quot;Calibri&quot;,sans-serif\"><span style=\"font-variant:small-caps\">Setor<\/span><\/span><\/span><\/b><\/span><\/span><\/span><\/p>\r\n\r\n<p style=\"text-align:justify\"><span style=\"font-size:11pt\"><span style=\"line-height:normal\"><span style=\"font-family:Calibri,sans-serif\"><a href=\"https:\/\/www.nonwovens-industry.com\/contents\/view_online-exclusives\/2025-05-13\/investment-report\/?utm_campaign=NON%20eNewsletter&amp;utm_medium=email&amp;_hsenc=p2ANqtz--cOzLTOgxalun33opXtkfjfs9JL-hMoWrxGvfRg55fZdxH1l0untqfGFHvAalJwYR42Kd1YGax3zXmvQkMTYPEwpcMNQ&amp;_hsmi=361656606&amp;utm_content=361656606&amp;utm_source=hs_email\" style=\"color:blue; text-decoration:underline\"><span style=\"font-size:14.0pt\">Nonwovens Industry Investment Recap<\/span><\/a><\/span><\/span><\/span><\/p>\r\n\r\n<p style=\"text-align:justify\"><span style=\"font-size:11pt\"><span style=\"line-height:normal\"><span style=\"font-family:Calibri,sans-serif\"><a href=\"https:\/\/www.douradosnews.com.br\/agro-e-news\/dia-de-campo-na-expoagro-apresenta-tecnologias-e-atrai-mais-de-220\/1256921\/\" style=\"color:blue; text-decoration:underline\"><span style=\"font-size:14.0pt\">Mulching: Dia de Campo na Expoagro apresenta tecnologias e atrai mais de 200 produtores<\/span><\/a><\/span><\/span><\/span><\/p>\r\n\r\n<p style=\"text-align:justify\"><span style=\"font-size:11pt\"><span style=\"line-height:normal\"><span style=\"font-family:Calibri,sans-serif\"><a href=\"https:\/\/conexaosafra.com\/geral\/os-desafios-do-abacaxi-capixaba\/\" style=\"color:blue; text-decoration:underline\"><span style=\"font-size:14.0pt\">Mulching: os desafios do abacaxi capixaba<\/span><\/a><\/span><\/span><\/span><\/p>\r\n\r\n<p style=\"text-align:justify\"><span style=\"font-size:11pt\"><span style=\"line-height:normal\"><span style=\"font-family:Calibri,sans-serif\"><a href=\"https:\/\/www.fibre2fashion.com\/news\/technical-textiles\/idea25-filtxpo-2025-deliver-success-for-nonwovens-filtration-sectors-302492-newsdetails.htm\" style=\"color:blue; text-decoration:underline\"><span lang=\"ES-AR\" style=\"font-size:14.0pt\">IDEA25, FiltXPO 2025 deliver success for nonwovens, filtration sectors<\/span><\/a><\/span><\/span><\/span><\/p>\r\n\r\n<p style=\"text-align:justify\"><span style=\"font-size:11pt\"><span style=\"line-height:normal\"><span style=\"font-family:Calibri,sans-serif\"><a href=\"https:\/\/conectaverde.com.br\/braskem-celebra-15-anos-de-im-green-bio-based-com-aumento-da-capacidade-de-producao\/?utm_campaign=rascunho_conecta_verde_news_74&amp;utm_medium=email&amp;utm_source=RD+Station\" style=\"color:blue; text-decoration:underline\"><span lang=\"ES-AR\" style=\"font-size:14.0pt\">Braskem celebra 15 anos de I&rsquo;m green bio-based com aumento da capacidade de produ&ccedil;&atilde;o<\/span><\/a><\/span><\/span><\/span><\/p>\r\n\r\n<p style=\"text-align:justify\"><span style=\"font-size:11pt\"><span style=\"line-height:normal\"><span style=\"font-family:Calibri,sans-serif\"><a href=\"https:\/\/portalpersonalcare.com.br\/geriatex-anuncia-investimento-de-r-30-milhoes-em-tecnologia-para-ampliar-producao\/\" style=\"color:blue; text-decoration:underline\"><span lang=\"ES-AR\" style=\"font-size:14.0pt\">Geriatex anuncia investimento de R$ 30 milh&otilde;es em tecnologia para ampliar produ&ccedil;&atilde;o<\/span><\/a><\/span><\/span><\/span><\/p>\r\n\r\n<p style=\"text-align:justify\"><span style=\"font-size:28pt\"><span style=\"font-family:Cambria,serif\"><span style=\"letter-spacing:-0.5pt\"><b><span style=\"font-size:18.0pt\"><span style=\"font-family:&quot;Calibri&quot;,sans-serif\"><span style=\"font-variant:small-caps\">Ind&uacute;stria<\/span><\/span><\/span><\/b><\/span><\/span><\/span><\/p>\r\n\r\n<p style=\"text-align:justify\"><span style=\"font-size:11pt\"><span style=\"line-height:normal\"><span style=\"font-family:Calibri,sans-serif\"><a href=\"https:\/\/noticias.portaldaindustria.com.br\/noticias\/economia\/pessimismo-na-industria-o-que-ta-pegando-ep-153-economia-em-60-segundos\/\" style=\"color:blue; text-decoration:underline\"><span style=\"font-size:14.0pt\">Pessimismo na Ind&uacute;stria &mdash; o que t&aacute; pegando? (Ep. #153) | Economia em 60 segundos<\/span><\/a><\/span><\/span><\/span><\/p>\r\n\r\n<p style=\"text-align:justify\"><span style=\"font-size:11pt\"><span style=\"line-height:normal\"><span style=\"font-family:Calibri,sans-serif\"><a href=\"https:\/\/www.epe.gov.br\/pt\/imprensa\/noticias\/mme-aprova-plano-decenal-de-expansao-de-energia-2034-em-portaria\" style=\"color:blue; text-decoration:underline\"><span style=\"font-size:14.0pt\">Minist&eacute;rio de Minas e Energia aprova Plano Decenal de Expans&atilde;o de Energia 2034 em portaria<\/span><\/a><\/span><\/span><\/span><\/p>\r\n\r\n<p style=\"text-align:justify\"><span style=\"font-size:11pt\"><span style=\"line-height:normal\"><span style=\"font-family:Calibri,sans-serif\"><a href=\"https:\/\/www.youtube.com\/watch?v=LMxmwZ2BPfg\" style=\"color:blue; text-decoration:underline\"><span style=\"font-size:14.0pt\">Mercado Livre de Energia: novos caminhos para a ind&uacute;stria<\/span><\/a><\/span><\/span><\/span><\/p>\r\n\r\n<p style=\"text-align:justify\"><span style=\"font-size:11pt\"><span style=\"line-height:normal\"><span style=\"font-family:Calibri,sans-serif\"><a href=\"https:\/\/www.msn.com\/pt-br\/dinheiro\/economia-e-negocios\/produ%C3%A7%C3%A3o-de-carros-em-abril-%C3%A9-a-maior-em-6-anos-mas-alta-dos-juros-preocupa-ind%C3%BAstria-diz-anfavea\/ar-AA1EpOUY?apiversion=v2&amp;noservercache=1&amp;domshim=1&amp;renderwebcomponents=1&amp;wcseo=1&amp;batchservertelemetry=1&amp;noservertelemetry=1\" style=\"color:blue; text-decoration:underline\"><span style=\"font-size:14.0pt\">Produ&ccedil;&atilde;o de carros em abril &eacute; a maior em 6 anos, mas alta dos juros preocupa ind&uacute;stria, diz Anfavea<\/span><\/a><\/span><\/span><\/span><\/p>\r\n\r\n<p style=\"text-align:justify\"><span style=\"font-size:11pt\"><span style=\"line-height:normal\"><span style=\"font-family:Calibri,sans-serif\"><a href=\"https:\/\/cbic.org.br\/cbic-se-reune-com-abrac-para-discutir-programa-de-inspecao-acreditada-previsto-em-portaria-do-inmetro\/?utm_source=COMUNICA%C3%87%C3%83O&amp;utm_campaign=5c97b941be-EMAIL_CAMPAIGN_2020_10_09_04_42_COPY_01&amp;utm_medium=email&amp;utm_term=0_d3230ddfb7-5c97b941be-87351953\" style=\"color:blue; text-decoration:underline\"><span style=\"font-size:14.0pt\">C&acirc;mara Brasileira da Ind&uacute;stria da Constru&ccedil;&atilde;o (CBIC) se re&uacute;ne com Associa&ccedil;&atilde;o Brasileira de Avalia&ccedil;&atilde;o da Conformidade (ABRAC) para discutir Programa de Inspe&ccedil;&atilde;o Acreditada previsto em portaria do Inmetro<\/span><\/a><\/span><\/span><\/span><\/p>\r\n\r\n<p style=\"text-align:justify\"><span style=\"font-size:11pt\"><span style=\"line-height:normal\"><span style=\"font-family:Calibri,sans-serif\"><a href=\"https:\/\/grandesconstrucoes.com.br\/Noticias\/Exibir\/construcao-civil-mantem-crescimento-em-2025-mas-incertezas-economicas-abalam-confianca-do-setor?utm_source=akna&amp;utm_medium=email&amp;utm_campaign=Grandes-Construcoes-Informativo-962-15-05-2025\" style=\"color:blue; text-decoration:underline\"><span style=\"font-size:14.0pt\">Constru&ccedil;&atilde;o Civil mant&eacute;m crescimento em 2025, mas incertezas econ&ocirc;micas abalam confian&ccedil;a do setor<\/span><\/a><\/span><\/span><\/span><\/p>\r\n\r\n<p style=\"text-align:justify\"><span style=\"font-size:28pt\"><span style=\"font-family:Cambria,serif\"><span style=\"letter-spacing:-0.5pt\"><b><span style=\"font-size:18.0pt\"><span style=\"font-family:&quot;Calibri&quot;,sans-serif\"><span style=\"font-variant:small-caps\">Sustentabilidade<\/span><\/span><\/span><\/b><\/span><\/span><\/span><\/p>\r\n\r\n<p style=\"text-align:justify\"><span style=\"font-size:11pt\"><span style=\"line-height:normal\"><span style=\"font-family:Calibri,sans-serif\"><a href=\"https:\/\/noticias.portaldaindustria.com.br\/noticias\/sustentabilidade\/cni-e-fiesp-lancam-e-book-com-melhores-praticas-de-economia-circular\/\" style=\"color:blue; text-decoration:underline\"><span style=\"font-size:14.0pt\">CNI e FIESP lan&ccedil;am e-book com melhores pr&aacute;ticas de economia circular<\/span><\/a><\/span><\/span><\/span><\/p>\r\n\r\n<p style=\"text-align:justify\"><span style=\"font-size:11pt\"><span style=\"line-height:normal\"><span style=\"font-family:Calibri,sans-serif\"><a href=\"https:\/\/agenciabrasil.ebc.com.br\/geral\/noticia\/2025-05\/pais-passa-contar-com-selos-de-rastreabilidade-de-plasticos\" style=\"color:blue; text-decoration:underline\"><span style=\"font-size:14.0pt\">Pa&iacute;s passa a contar com selos de rastreabilidade de pl&aacute;sticos<\/span><\/a><\/span><\/span><\/span><\/p>\r\n\r\n<p style=\"text-align:justify\"><span style=\"font-size:11pt\"><span style=\"line-height:normal\"><span style=\"font-family:Calibri,sans-serif\"><a href=\"https:\/\/agenciabrasil.ebc.com.br\/radioagencia-nacional\/meio-ambiente\/audio\/2025-05\/selo-permitira-monitorar-ciclo-de-reciclagem-do-plastico\" style=\"color:blue; text-decoration:underline\"><span style=\"font-size:14.0pt\">Selo permitir&aacute; monitorar ciclo de reciclagem do pl&aacute;stico<\/span><\/a><\/span><\/span><\/span><\/p>\r\n\r\n<p style=\"text-align:justify\"><span style=\"font-size:11pt\"><span style=\"line-height:normal\"><span style=\"font-family:Calibri,sans-serif\"><a href=\"https:\/\/conectaverde.com.br\/governo-federal-anuncia-aprovacao-do-plano-nacional-de-economia-circular\/?utm_campaign=rascunho_conecta_verde_news_74&amp;utm_medium=email&amp;utm_source=RD+Station\" style=\"color:blue; text-decoration:underline\"><span style=\"font-size:14.0pt\">Governo Federal anuncia aprova&ccedil;&atilde;o do Plano Nacional de Economia Circular<\/span><\/a><\/span><\/span><\/span><\/p>\r\n\r\n<p style=\"text-align:justify\"><span style=\"font-size:11pt\"><span style=\"line-height:normal\"><span style=\"font-family:Calibri,sans-serif\"><a href=\"https:\/\/portugaltextil.com\/samsara-eco-lanca-fabrica-de-reciclagem-enzimatica\/\" style=\"color:blue; text-decoration:underline\"><span style=\"font-size:14.0pt\">Samsara Eco lan&ccedil;a f&aacute;brica de reciclagem enzim&aacute;tica<\/span><\/a><\/span><\/span><\/span><\/p>\r\n\r\n<p style=\"text-align:justify\"><span style=\"font-size:11pt\"><span style=\"line-height:normal\"><span style=\"font-family:Calibri,sans-serif\"><a href=\"https:\/\/www.estadao.com.br\/economia\/governanca\/industrias-brasileiras-economia-circular-cni\/\" style=\"color:blue; text-decoration:underline\"><span style=\"font-size:14.0pt\">Seis em cada dez ind&uacute;strias brasileiras adotam pr&aacute;ticas de economia circular, aponta CNI<\/span><\/a><\/span><\/span><\/span><\/p>\r\n\r\n<p style=\"text-align:justify\"><span style=\"font-size:28pt\"><span style=\"font-family:Cambria,serif\"><span style=\"letter-spacing:-0.5pt\"><b><span style=\"font-size:18.0pt\"><span style=\"font-family:&quot;Calibri&quot;,sans-serif\"><span style=\"font-variant:small-caps\">Inova&ccedil;&atilde;o<\/span><\/span><\/span><\/b><\/span><\/span><\/span><\/p>\r\n\r\n<p style=\"text-align:justify\"><span style=\"font-size:11pt\"><span style=\"line-height:normal\"><span style=\"font-family:Calibri,sans-serif\"><a href=\"https:\/\/fastcompanybrasil.com\/impacto\/laboratorio-da-amazon-pode-mudar-como-reciclamos-plasticos\/\" style=\"color:blue; text-decoration:underline\"><span style=\"font-size:14.0pt\">Conhe&ccedil;a o laborat&oacute;rio da Amazon que pode mudar como reciclamos pl&aacute;sticos<\/span><\/a><\/span><\/span><\/span><\/p>\r\n\r\n<p style=\"text-align:justify\"><span style=\"font-size:28pt\"><span style=\"font-family:Cambria,serif\"><span style=\"letter-spacing:-0.5pt\"><b><span style=\"font-size:18.0pt\"><span style=\"font-family:&quot;Calibri&quot;,sans-serif\"><span style=\"font-variant:small-caps\">Com&eacute;rcio Exterior<\/span><\/span><\/span><\/b><\/span><\/span><\/span><\/p>\r\n\r\n<p style=\"text-align:justify\"><span style=\"font-size:11pt\"><span style=\"line-height:normal\"><span style=\"font-family:Calibri,sans-serif\"><a href=\"https:\/\/noticias.portaldaindustria.com.br\/artigos\/ricardo-alban\/brasil-precisa-priorizar-a-manufatura-na-relacao-com-a-china\/\" style=\"color:blue; text-decoration:underline\"><span style=\"font-size:14.0pt\">Brasil precisa priorizar a manufatura na rela&ccedil;&atilde;o com a China<\/span><\/a><\/span><\/span><\/span><\/p>\r\n\r\n<p style=\"text-align:justify\"><span style=\"font-size:11pt\"><span style=\"line-height:normal\"><span style=\"font-family:Calibri,sans-serif\"><a href=\"https:\/\/anba.com.br\/brasil-aumenta-venda-externa-de-calcados-em-10\/\" style=\"color:blue; text-decoration:underline\"><span style=\"font-size:14.0pt\">Brasil aumenta venda externa de cal&ccedil;ados em 10%<\/span><\/a><\/span><\/span><\/span><\/p>\r\n\r\n<p style=\"text-align:justify\"><span style=\"font-size:11pt\"><span style=\"line-height:normal\"><span style=\"font-family:Calibri,sans-serif\"><a href=\"https:\/\/apexbrasil.com.br\/br\/pt\/conteudo\/noticias\/Pequim-Encontro-empresarial-organizado-pela-ApexBrasil-e-marcado-por-anuncio-inedito-de-27-bilhoes-em-investimentos-chineses-no-Brasil.html#msdynttrid=gwt1JozcquyQGdFEqkl9EZtOaV1FdzqD9J5TUkFrBJ0\" style=\"color:blue; text-decoration:underline\"><span style=\"font-size:14.0pt\">Pequim: Encontro empresarial organizado pela ApexBrasil &eacute; marcado por an&uacute;ncio in&eacute;dito de R$ 27 bilh&otilde;es em investimentos chineses no Brasil<\/span><\/a><\/span><\/span><\/span><\/p>\r\n\r\n<p style=\"text-align:justify\"><span style=\"font-size:11pt\"><span style=\"line-height:normal\"><span style=\"font-family:Calibri,sans-serif\"><a href=\"https:\/\/apexbrasil.com.br\/br\/pt\/conteudo\/noticias\/ApexBrasil-atualiza-o-Perfil-de-Comercio-e-Investimento-China-2025.html#msdynttrid=XjbS1TYQTZ9CxD0NpCBwKWp2NkGjnA5JSSlN56e0fbg\" style=\"color:blue; text-decoration:underline\"><span style=\"font-size:14.0pt\">ApexBrasil atualiza o Perfil de Com&eacute;rcio e Investimento China 2025<\/span><\/a><\/span><\/span><\/span><\/p>\r\n\r\n<p style=\"text-align:justify\"><span style=\"font-size:28pt\"><span style=\"font-family:Cambria,serif\"><span style=\"letter-spacing:-0.5pt\"><b><span style=\"font-size:18.0pt\"><span style=\"font-family:&quot;Calibri&quot;,sans-serif\"><span style=\"font-variant:small-caps\">Economia<\/span><\/span><\/span><\/b><\/span><\/span><\/span><\/p>\r\n\r\n<p style=\"text-align:justify\"><span style=\"font-size:11pt\"><span style=\"line-height:normal\"><span style=\"font-family:Calibri,sans-serif\"><a href=\"https:\/\/www.bcb.gov.br\/content\/focus\/focus\/R20250516.pdf\" style=\"color:blue; text-decoration:underline\"><span style=\"font-size:14.0pt\">Focus - Relat&oacute;rio de Mercado<\/span><\/a><\/span><\/span><\/span><\/p>\r\n\r\n<p style=\"text-align:justify\"><span style=\"font-size:11pt\"><span style=\"line-height:normal\"><span style=\"font-family:Calibri,sans-serif\"><a href=\"https:\/\/portalibre.fgv.br\/noticias\/economia-cresce-16-no-primeiro-trimestre-em-comparacao-ao-quarto-de-2024\" style=\"color:blue; text-decoration:underline\"><span style=\"font-size:14.0pt\">Economia cresce 1,6% no primeiro trimestre, em compara&ccedil;&atilde;o ao quarto de 2024<\/span><\/a><\/span><\/span><\/span><\/p>\r\n\r\n<p style=\"text-align:justify\"><span style=\"font-size:11pt\"><span style=\"line-height:normal\"><span style=\"font-family:Calibri,sans-serif\"><a href=\"https:\/\/portalibre.fgv.br\/noticias\/clima-economico-da-america-latina-seguiu-piorando-no-inicio-de-2025-0\" style=\"color:blue; text-decoration:underline\"><span style=\"font-size:14.0pt\">Clima Econ&ocirc;mico da Am&eacute;rica Latina seguiu piorando no in&iacute;cio de 2025<\/span><\/a><\/span><\/span><\/span><\/p>\r\n\r\n<p style=\"text-align:justify\"><span style=\"font-size:11pt\"><span style=\"line-height:normal\"><span style=\"font-family:Calibri,sans-serif\"><a href=\"https:\/\/blogdoibre.fgv.br\/posts\/saldo-de-empregos-em-marco-frustra-expectativas-e-reforca-sinais-de-desaceleracao\" style=\"color:blue; text-decoration:underline\"><span style=\"font-size:14.0pt\">Saldo de empregos em mar&ccedil;o frustra expectativas e refor&ccedil;a sinais de desacelera&ccedil;&atilde;o<\/span><\/a><\/span><\/span><\/span><\/p>\r\n\r\n<p style=\"text-align:justify\"><img src=\"https:\/\/www.abint.org.br\/assets\/img\/editor\/redes-sociais-abint-ctg-cth_20250430194140IGmqVM6eS7.jpg\" \/><\/p>\r\n","texto_en":"","7":"","imagem":"COMP_capa-2025-site-boletim-abint-noticias-semanis_20250520120931gcl3MfepBh.jpg","8":"COMP_capa-2025-site-boletim-abint-noticias-semanis_20250520120931gcl3MfepBh.jpg","arquivo":"20250520-BOLETIM-ABINT-DE-NOTICIAS-SEMANAIS.PDF","9":"20250520-BOLETIM-ABINT-DE-NOTICIAS-SEMANAIS.PDF","titulo_arquivo":"20250520 Boletim ABINT de Not\u00edcias Semanais","10":"20250520 Boletim ABINT de Not\u00edcias Semanais","titulo_arquivo_en":"","11":"","created_at":"2025-05-20 12:09:40","12":"2025-05-20 12:09:40","updated_at":"2025-05-20 12:09:40","13":"2025-05-20 12:09:40"},{"id":170,"0":170,"ordem":51,"1":51,"data":"2025-05-13","2":"2025-05-13","slug":"boletim-abint-de-noticias-semanais-75","3":"boletim-abint-de-noticias-semanais-75","titulo":"Boletim ABINT de Not\u00edcias Semanais","4":"Boletim ABINT de Not\u00edcias Semanais","titulo_en":"","5":"","texto":"<p style=\"text-align:justify\"><span style=\"font-size:11pt\"><span style=\"line-height:normal\"><span style=\"font-family:Calibri,sans-serif\"><span style=\"font-size:14.0pt\">Esta &eacute; uma compila&ccedil;&atilde;o das not&iacute;cias mais relevantes para o setor, incluindo informa&ccedil;&otilde;es sobre acordos internacionais, economia brasileira, sustentabilidade e mat&eacute;rias primas, al&eacute;m de novidades do setor de N&atilde;otecidos e Tecidos T&eacute;cnicos.<\/span><\/span><\/span><\/span><\/p>\r\n\r\n<p style=\"text-align:justify\"><span style=\"font-size:28pt\"><span style=\"font-family:Cambria,serif\"><span style=\"letter-spacing:-0.5pt\"><b><span style=\"font-size:18.0pt\"><span style=\"font-family:&quot;Calibri&quot;,sans-serif\"><span style=\"font-variant:small-caps\">O que vem por a&iacute;<\/span><\/span><\/span><\/b><\/span><\/span><\/span><\/p>\r\n\r\n<p style=\"text-align:justify\">&nbsp;<\/p>\r\n\r\n<p><img src=\"https:\/\/www.abint.org.br\/assets\/img\/editor\/logo-ctg-abint-png_202502051355479yWykO7ojh.png\" style=\"width: 300px; height: 55px;\" \/><\/p>\r\n\r\n<p>&nbsp;<\/p>\r\n\r\n<p><img src=\"https:\/\/www.abint.org.br\/assets\/img\/editor\/e-mail-post-premio-tcc-icc-2024-2025_20250430193536F42nr8Haxy.png\" style=\"width: 500px; height: 500px;\" \/><\/p>\r\n\r\n<p><a href=\"https:\/\/geossinteticos.org.br\/premiotccic\">Inscreva seu trabalho<\/a><\/p>\r\n\r\n<p class=\"MsoTitle\" style=\"text-align:justify\"><span style=\"font-size:28pt\"><span style=\"font-family:Cambria,serif\"><span style=\"letter-spacing:-0.5pt\"><b><span style=\"font-size:18.0pt\"><span style=\"font-family:&quot;Calibri&quot;,sans-serif\"><span style=\"font-variant:small-caps\">Not&iacute;cias das Associadas<\/span><\/span><\/span><\/b><\/span><\/span><\/span><\/p>\r\n\r\n<p style=\"text-align:justify\"><span style=\"font-size:11pt\"><span style=\"line-height:normal\"><span style=\"font-family:Calibri,sans-serif\"><a href=\"http:\/\/www.jornow.com.br\/jornow\/noticia.php?idempresa=4412&amp;num_release=304997&amp;ori=V\" style=\"color:blue; text-decoration:underline\"><span style=\"font-size:14.0pt\">Prorrogadas as inscri&ccedil;&otilde;es para a mais importante premia&ccedil;&atilde;o de trabalhos acad&ecirc;micos de gradua&ccedil;&atilde;o voltados aos geossint&eacute;ticos<\/span><\/a><\/span><\/span><\/span><\/p>\r\n\r\n<p style=\"text-align:justify\"><span style=\"font-size:11pt\"><span style=\"line-height:normal\"><span style=\"font-family:Calibri,sans-serif\"><a href=\"https:\/\/www.innovationintextiles.com\/nonwovens\/andritz-success-in-turkey-and-uzbekistan\/\" style=\"color:blue; text-decoration:underline\"><span lang=\"EN-US\" style=\"font-size:14.0pt\">Andritz success in Turkey and Uzbekistan<\/span><\/a><\/span><\/span><\/span><\/p>\r\n\r\n<p style=\"text-align:justify\"><span style=\"font-size:11pt\"><span style=\"line-height:normal\"><span style=\"font-family:Calibri,sans-serif\"><a href=\"https:\/\/www.linkedin.com\/posts\/fibertex-nonwovens-a-s_winningtogether-teamwork-iso45001-activity-7327778856403132416-bxyz\/?utm_source=share&amp;utm_medium=member_android&amp;rcm=ACoAAAzz7_0BvviNZbIIGQiiUlJQNkZ4xf4ae-c\" style=\"color:blue; text-decoration:underline\"><span lang=\"EN-US\" style=\"font-size:14.0pt\">ISO 45001 Certification &ndash; A milestone for Fibertex Brazil!<\/span><\/a><\/span><\/span><\/span><\/p>\r\n\r\n<p style=\"text-align:justify\"><span style=\"font-size:11pt\"><span style=\"line-height:normal\"><span style=\"font-family:Calibri,sans-serif\"><a href=\"https:\/\/www.innovationintextiles.com\/nonwovens\/fitesa-introduces-biobased-pe-spunbonds\/\" style=\"color:blue; text-decoration:underline\"><span lang=\"EN-US\" style=\"font-size:14.0pt\">Fitesa introduces bio-based PE spunbonds<\/span><\/a><\/span><\/span><\/span><\/p>\r\n\r\n<p style=\"text-align:justify\"><span style=\"font-size:11pt\"><span style=\"line-height:normal\"><span style=\"font-family:Calibri,sans-serif\"><a href=\"https:\/\/maua.br\/noticias\/infomaua\/347\/texto\/1494?utm_source=akna&amp;utm_medium=email&amp;utm_campaign=InfoMaua-162-Maua-anuncia-nova-Diretoria-para-o-trienio-2025-2028\" style=\"color:blue; text-decoration:underline\"><span style=\"font-size:14.0pt\">Mau&aacute; &eacute; destaque Nacional no MEC<\/span><\/a><\/span><\/span><\/span><\/p>\r\n\r\n<p style=\"text-align:justify\"><span style=\"font-size:11pt\"><span style=\"line-height:normal\"><span style=\"font-family:Calibri,sans-serif\"><a href=\"https:\/\/www.nonwovens-industry.com\/contents\/view_breaking-news\/2025-05-07\/suominen-announces-cost-savings-plan\/15303\" style=\"color:blue; text-decoration:underline\"><span lang=\"EN-US\" style=\"font-size:14.0pt\">Suominen Announces Cost-Savings Plan<\/span><\/a><\/span><\/span><\/span><\/p>\r\n\r\n<p style=\"text-align:justify\"><span style=\"font-size:11pt\"><span style=\"line-height:normal\"><span style=\"font-family:Calibri,sans-serif\"><a href=\"https:\/\/www.nonwovens-industry.com\/contents\/view_breaking-news\/2025-05-07\/suominens-sales-increase\/15303\" style=\"color:blue; text-decoration:underline\"><span lang=\"EN-US\" style=\"font-size:14.0pt\">Suominen&rsquo;s Sales Increase<\/span><\/a><\/span><\/span><\/span><\/p>\r\n\r\n<p style=\"text-align:justify\">&nbsp;<\/p>\r\n\r\n<p style=\"text-align:justify\"><span style=\"font-size:11pt\"><span style=\"line-height:normal\"><span style=\"font-family:Calibri,sans-serif\"><b><span style=\"font-size:18.0pt\"><span style=\"font-variant:small-caps\">Eventos<\/span><\/span><\/b><\/span><\/span><\/span><\/p>\r\n\r\n<p style=\"text-align:justify\">&nbsp;<\/p>\r\n\r\n<p style=\"text-align:justify\"><span style=\"font-size:11pt\"><span style=\"line-height:normal\"><span style=\"font-family:Calibri,sans-serif\"><a href=\"https:\/\/forms.gle\/gVRanQmStqMhRKtM6\" style=\"color:blue; text-decoration:underline\"><b><span style=\"font-size:14.0pt\">ABTT Academy | Curso: Vamos falar de sa&uacute;de mental nas empresas?<\/span><\/b><\/a>, <span style=\"font-size:14.0pt\">17 de maio de 2025, 08h &agrave;s 12h, evento online<\/span><\/span><\/span><\/span><\/p>\r\n\r\n<p style=\"text-align:justify\"><span style=\"font-size:11pt\"><span style=\"line-height:normal\"><span style=\"font-family:Calibri,sans-serif\"><a href=\"https:\/\/www.hospitalar.com\/pt\/home.html\" style=\"color:blue; text-decoration:underline\"><b><span style=\"font-size:14.0pt\">Hospitalar 2025<\/span><\/b><\/a><span style=\"font-size:14.0pt\">, 20 a 23 de maio, 11h00 &agrave;s 20h00, S&atilde;o Paulo Expo, Rodovia dos Imigrantes, km 1,5<\/span><\/span><\/span><\/span><\/p>\r\n\r\n<p style=\"text-align:justify\"><span style=\"font-size:11pt\"><span style=\"line-height:normal\"><span style=\"font-family:Calibri,sans-serif\"><a href=\"https:\/\/www.anahp.com.br\/evento\/seminario-anahp-incorporacao-de-tecnologias-na-saude-e-a-sustentabilidade-do-setor\/\" style=\"color:blue; text-decoration:underline\"><b><span style=\"font-size:14.0pt\">Semin&aacute;rio Anahp &ndash; Incorpora&ccedil;&atilde;o de tecnologias na sa&uacute;de e a sustentabilidade do setor<\/span><\/b><\/a><span style=\"font-size:14.0pt\">, 21 de maio, a partir das 9h30, Hospitalar 2025, S&atilde;o Paulo<\/span><\/span><\/span><\/span><\/p>\r\n\r\n<p style=\"text-align:justify\"><span style=\"font-size:11pt\"><span style=\"line-height:normal\"><span style=\"font-family:Calibri,sans-serif\"><a href=\"https:\/\/evento.fgv.br\/politicamonetaria_2305\/\" style=\"color:blue; text-decoration:underline\"><b><span style=\"font-size:14.0pt\">FGV IBRE | XI Semin&aacute;rio Anual de Pol&iacute;tica Monet&aacute;ria<\/span><\/b><\/a><span style=\"font-size:14.0pt\">, 23\/05\/2025, 14:00 &agrave;s 18:00, presencial, Praia de Botafogo, 186, Rio de Janeiro. RJ<\/span><\/span><\/span><\/span><\/p>\r\n\r\n<p style=\"text-align:justify\"><span style=\"font-size:11pt\"><span style=\"line-height:normal\"><span style=\"font-family:Calibri,sans-serif\"><a href=\"https:\/\/www.sympla.com.br\/evento-online\/a-estrategia-do-brasil-na-guerra-comercial\/2950835\" style=\"color:blue; text-decoration:underline\"><b><span style=\"font-size:14.0pt\">A estrat&eacute;gia do Brasil na guerra comercial<\/span><\/b><\/a><span style=\"font-size:14.0pt\">, 30 de maio de 2025, 10h00 a 11h30, evento online via Youtube<\/span><\/span><\/span><\/span><\/p>\r\n\r\n<p style=\"text-align:justify\"><span style=\"font-size:11pt\"><span style=\"line-height:normal\"><span style=\"font-family:Calibri,sans-serif\"><a href=\"https:\/\/www.sympla.com.br\/evento\/caminhos-sustentaveis-o-futuro-da-industria-textil\/2934717\" style=\"color:blue; text-decoration:underline\"><b><span style=\"font-size:14.0pt\">Caminhos Sustent&aacute;veis: o Futuro da Ind&uacute;stria T&ecirc;xtil<\/span><\/b><\/a><span style=\"font-size:14.0pt\">, 05 de junho de 2025, das 18h &agrave;s 22h, evento presencial, SENAI Americana, Americana, SP<\/span><\/span><\/span><\/span><\/p>\r\n\r\n<p style=\"text-align:justify\"><span style=\"font-size:11pt\"><span style=\"line-height:normal\"><span style=\"font-family:Calibri,sans-serif\"><a href=\"https:\/\/conteudo.anahp.com.br\/questoes-climaticas-na-saude?utm_campaign=emkt_-_evento_belem_cop_30_geral&amp;utm_medium=email&amp;utm_source=RD+Station\" style=\"color:blue; text-decoration:underline\"><b><span style=\"font-size:14.0pt\">Impacto das quest&otilde;es clim&aacute;ticas e as quest&otilde;es ambientais<\/span><\/b><\/a><span style=\"font-size:14.0pt\">, 06 de junho de 2025, 9h &agrave;s 17h, evento h&iacute;brido, Centro de Conven&ccedil;&otilde;es do Hospital Porto Dias (Bel&eacute;m\/PA) e transmiss&atilde;o online<\/span><\/span><\/span><\/span><\/p>\r\n\r\n<p style=\"text-align:justify\"><span style=\"font-size:11pt\"><span style=\"line-height:normal\"><span style=\"font-family:Calibri,sans-serif\"><a href=\"https:\/\/www.conbrava.com.br\/\" style=\"color:blue; text-decoration:underline\"><b><span style=\"font-size:14.0pt\">CONBRAVA 2025<\/span><\/b><\/a><span style=\"font-size:14.0pt\">, 10 a 12 de setembro de 2025, S&atilde;o Paulo Expo, Rodovia dos Imigrantes, km 1,5<\/span><\/span><\/span><\/span><\/p>\r\n\r\n<p style=\"text-align:justify\"><span style=\"font-size:11pt\"><span style=\"line-height:normal\"><span style=\"font-family:Calibri,sans-serif\"><a href=\"https:\/\/paving.com.br\/\" style=\"color:blue; text-decoration:underline\"><b><span style=\"font-size:14.0pt\">Paving Expo 2025<\/span><\/b><\/a><span style=\"font-size:14.0pt\">, 23 a 25 de setembro de 2025, Distrito Anhembi, Rua Prof. Milton Rodrigues, s\/n, Santana, S&atilde;o Paulo, SP<\/span><\/span><\/span><\/span><\/p>\r\n\r\n<p style=\"text-align:justify\"><span style=\"font-size:11pt\"><span style=\"line-height:normal\"><span style=\"font-family:Calibri,sans-serif\"><a href=\"https:\/\/www.instagram.com\/sobeccnacional\/p\/DA1V8NZyhNK\/?img_index=1\" style=\"color:blue; text-decoration:underline\"><b><span style=\"font-size:14.0pt\">17&ordm; Congresso Brasileiro de Enfermagem em Centro Cir&uacute;rgico: &ldquo;O poder de cuidar&rdquo;<\/span><\/b><\/a><span style=\"font-size:14.0pt\">, 01 a 03 de outubro de 2025, Transamerica Expo Center, S&atilde;o Paulo, SP<\/span><\/span><\/span><\/span><\/p>\r\n\r\n<p style=\"text-align:justify\"><span style=\"font-size:11pt\"><span style=\"line-height:normal\"><span style=\"font-family:Calibri,sans-serif\"><a href=\"https:\/\/www.abrafiltros.org.br\/3o-seminario-brasileiro-de-filtros-acontecera-no-dia-08-de-outubro\/\" style=\"color:blue; text-decoration:underline\"><b><span style=\"font-size:14.0pt\">3&ordm; Semin&aacute;rio Brasileiro de Filtros<\/span><\/b><\/a><span style=\"font-size:14.0pt\">, 08 de outubro de 2025, evento presencial<\/span><\/span><\/span><\/span><\/p>\r\n\r\n<p style=\"text-align:justify\"><span style=\"font-size:11pt\"><span style=\"line-height:normal\"><span style=\"font-family:Calibri,sans-serif\"><a href=\"https:\/\/hospitalmed.com.br\/feira\/\" style=\"color:blue; text-decoration:underline\"><b><span style=\"font-size:14.0pt\">HospitalMed 2025<\/span><\/b><\/a><span style=\"font-size:14.0pt\">, 22 a 24 de outubro, Pernambuco Centro de Conven&ccedil;&otilde;es, Olinda<\/span><\/span><\/span><\/span><\/p>\r\n\r\n<p style=\"text-align:justify\"><span style=\"font-size:11pt\"><span style=\"line-height:normal\"><span style=\"font-family:Calibri,sans-serif\"><a href=\"https:\/\/filtech.de\/\" style=\"color:blue; text-decoration:underline\"><b><span style=\"font-size:14.0pt\">Filtech 2026<\/span><\/b><\/a><span style=\"font-size:14.0pt\">, de 30 de junho a 2 de julho, Cologne, Alemanha<\/span><\/span><\/span><\/span><\/p>\r\n\r\n<p style=\"text-align:justify\"><span style=\"font-size:28pt\"><span style=\"font-family:Cambria,serif\"><span style=\"letter-spacing:-0.5pt\"><b><span style=\"font-size:18.0pt\"><span style=\"font-family:&quot;Calibri&quot;,sans-serif\"><span style=\"font-variant:small-caps\">Setor<\/span><\/span><\/span><\/b><\/span><\/span><\/span><\/p>\r\n\r\n<p style=\"text-align:justify\"><span style=\"font-size:11pt\"><span style=\"line-height:normal\"><span style=\"font-family:Calibri,sans-serif\"><a href=\"https:\/\/ibsp.net.br\/mortalidade-cirurgica-america-latina-38-percentual\/\" style=\"color:blue; text-decoration:underline\"><span style=\"font-size:14.0pt\">LASOS &ndash; Estudo sugere que mortalidade cir&uacute;rgica na Am&eacute;rica Latina chega a 3,8%<\/span><\/a><\/span><\/span><\/span><\/p>\r\n\r\n<p style=\"text-align:justify\"><span style=\"font-size:11pt\"><span style=\"line-height:normal\"><span style=\"font-family:Calibri,sans-serif\"><a href=\"https:\/\/ibsp.net.br\/nova-edicao-protocolo-londres-reflete-avancos\/\" style=\"color:blue; text-decoration:underline\"><span style=\"font-size:14.0pt\">Nova edi&ccedil;&atilde;o do Protocolo de Londres reflete avan&ccedil;os e desafios de duas d&eacute;cadas na seguran&ccedil;a do paciente<\/span><\/a><\/span><\/span><\/span><\/p>\r\n\r\n<p style=\"text-align:justify\"><span style=\"font-size:11pt\"><span style=\"line-height:normal\"><span style=\"font-family:Calibri,sans-serif\"><a href=\"https:\/\/www.infomoney.com.br\/business\/braskem-ganha-folego-para-produzir-resina-no-mexico-com-terminal-de-us-450-milhoes\/\" style=\"color:blue; text-decoration:underline\"><span style=\"font-size:14.0pt\">Braskem ganha f&ocirc;lego para produzir resina no M&eacute;xico com terminal de US$ 450 milh&otilde;es<\/span><\/a><\/span><\/span><\/span><\/p>\r\n\r\n<p style=\"text-align:justify\"><span style=\"font-size:11pt\"><span style=\"line-height:normal\"><span style=\"font-family:Calibri,sans-serif\"><a href=\"https:\/\/exame.com\/insight\/em-trimestre-dificil-unipar-faz-licao-de-casa-e-entrega-melhora-de-margem\/p\" style=\"color:blue; text-decoration:underline\"><span style=\"font-size:14.0pt\">Em trimestre dif&iacute;cil, Unipar faz li&ccedil;&atilde;o de casa e entrega melhora de margem<\/span><\/a><\/span><\/span><\/span><\/p>\r\n\r\n<p style=\"text-align:justify\"><span style=\"font-size:11pt\"><span style=\"line-height:normal\"><span style=\"font-family:Calibri,sans-serif\"><a href=\"https:\/\/www.nonwovens-industry.com\/contents\/view_breaking-news\/2025-05-08\/idea-filtxpo-held-in-miami-beach\/15303\" style=\"color:blue; text-decoration:underline\"><span lang=\"EN-US\" style=\"font-size:14.0pt\">IDEA, FiltXpo Held in Miami Beach<\/span><\/a><\/span><\/span><\/span><\/p>\r\n\r\n<p style=\"text-align:justify\"><span style=\"font-size:11pt\"><span style=\"line-height:normal\"><span style=\"font-family:Calibri,sans-serif\"><a href=\"http:\/\/clickemail.portalpersonalcare.com.br\/ls\/click?upn=u001.D2-2F0Tg0A29KXXLMT6ctG-2BYOihdDbc-2ByFrUFb3ZXMT9QLXNemXVVpszN6DTW2Cx2r5WM2GW1ogfQSZoWrjBOWGuBZTxV1EVdz4gTZ5zqSiYnRT7n3DrIbHMxQujMRz-2FPORWIHc1d4iBxj-2Fg2ldmMPStXcVSLHtHw-2Bm104J3mS95LF0VbVNtN0OVLQ21RDG-2FSBYLx-2FHTddnuBNPPqQ1uQNsmEpd8thdGimEqhU3JKQFZK5dlQJtBV9UHp7V6tvaWae-2Bami2shRSX9ja-2FvzK01tF59dbO23quhbAftGFlbUPI1J8RqOVBuKjjrf2G15QfwUK2Lrv36VvKO9YqRjnTavcMVtCMIrgT7l3QD8T5usP6Q-3D65nK_T7N8BvZTOm04CQQMiyWztrpCjlUrRc4F7QzSgUIpTqDyHxxxhGpyWLohz7JoE2GE5NHlS-2BYZoX1R75Fh8KCze9GvCCb-2FinuNgc39g0Cdbe-2FcU8RlSBQhp5om11AQZQ-2FDft-2FvZLwuXAWQXajitB6-2B2gShEzdXhHUkPjNPlsVOs88SsRwhfhS71i9s1ZDT2MHjLVIKIbJ-2FkK-2BP3zkRsLeM7xCuMh9vACJw7mEVaV6R-2FE9j4EC-2F2JcKmRjcAX15X6m08dkW8xrOs2s97xMyVYW15O9KIxiIW-2FPmlFCSrqwdo-2Fbqg5y5Eljt-2FpzH6Mq3VqI0vnicUge2kRcXPFyvVDfwnhIAsd87Jk9HlR3PKMsYDNAlnRfp-2B02yRGXV22pGQROjN-2BfsrCvt5po5xGelAm7e1np1sK9V-2FnU1ZKXcrfquUv6pqr2yH1z2oYbU-2BP6TxIUFMT4aSs02UefzjyykSdmkDlkhygyA37ZWmNoi94hueA5c1XcibhkAwgocPTsSm9rB-2Fem-2Fh6T0YufZEkHV5sFgfCZr2RumMli1-2Fkdeu-2FrJG-2Fje-2BjA6OEXzBx7-2FMXlRvxaDqeG9RzxYL2fLkS976-2FvQE-2FpEA4FRfoa-2F-2FYex4TMVl9-2F1FAjrRHQq8p0m6-2BRx669RUMWuJ7STMkJn0gPb5SLCHO5B3bIdtKhntgcTiLwLIbxEMp6wUB7vTdE1aE7KmIVgKyTsgfEgAoN5UEHGujjj8RBJ7UJPCtYkNaWkHBH0nDU-3D\" style=\"color:blue; text-decoration:underline\" target=\"_blank\"><span style=\"font-size:14.0pt\">Drylock inicia constru&ccedil;&atilde;o de nova f&aacute;brica no Brasil e amplia aposta no mercado nacional<\/span><\/a><\/span><\/span><\/span><\/p>\r\n\r\n<p style=\"text-align:justify\"><span style=\"font-size:28pt\"><span style=\"font-family:Cambria,serif\"><span style=\"letter-spacing:-0.5pt\"><b><span style=\"font-size:18.0pt\"><span style=\"font-family:&quot;Calibri&quot;,sans-serif\"><span style=\"font-variant:small-caps\">Ind&uacute;stria<\/span><\/span><\/span><\/b><\/span><\/span><\/span><\/p>\r\n\r\n<p style=\"text-align:justify\"><span style=\"font-size:11pt\"><span style=\"line-height:normal\"><span style=\"font-family:Calibri,sans-serif\"><a href=\"https:\/\/www.revistaoeste.com\/economia\/industria-do-brasil-se-aproxima-da-estagnacao-em-abril-alerta-estudo\/\" style=\"color:blue; text-decoration:underline\"><span style=\"font-size:14.0pt\">Ind&uacute;stria do Brasil se aproxima da estagna&ccedil;&atilde;o, alerta estudo<\/span><\/a><\/span><\/span><\/span><\/p>\r\n\r\n<p style=\"text-align:justify\"><span style=\"font-size:11pt\"><span style=\"line-height:normal\"><span style=\"font-family:Calibri,sans-serif\"><a href=\"https:\/\/www.moneytimes.com.br\/producao-de-veiculos-salta-20-em-abril-ante-marco-aponta-anfavea-visp\/\" style=\"color:blue; text-decoration:underline\"><span style=\"font-size:14.0pt\">Produ&ccedil;&atilde;o de ve&iacute;culos salta 20% em abril ante mar&ccedil;o, aponta Anfavea<\/span><\/a><\/span><\/span><\/span><\/p>\r\n\r\n<p style=\"text-align:justify\"><span style=\"font-size:11pt\"><span style=\"line-height:normal\"><span style=\"font-family:Calibri,sans-serif\"><a href=\"https:\/\/abrac-ac.org.br\/vice-presidente-da-abrac-fala-sobre-a-importancia-da-inspecao-acreditada-em-obras-de-infraestrutura\/?utm_source=COMUNICA%C3%87%C3%83O&amp;utm_campaign=2e72f30279-EMAIL_CAMPAIGN_2020_10_09_04_42_COPY_01&amp;utm_medium=email&amp;utm_term=0_d3230ddfb7-2e72f30279-87351953\" style=\"color:blue; text-decoration:underline\"><span style=\"font-size:14.0pt\">Abrac fala sobre a import&acirc;ncia da inspe&ccedil;&atilde;o acreditada em obras de infraestrutura<\/span><\/a><\/span><\/span><\/span><\/p>\r\n\r\n<p style=\"text-align:justify\"><span style=\"font-size:11pt\"><span style=\"line-height:normal\"><span style=\"font-family:Calibri,sans-serif\"><a href=\"https:\/\/grandesconstrucoes.com.br\/Noticias\/Exibir\/brasil-criou-219-mil-empregos-na-construcao-civil-em-marco?utm_source=akna&amp;utm_medium=email&amp;utm_campaign=Grandes-Construcoes-Informativo-961-08-05-2025\" style=\"color:blue; text-decoration:underline\"><span style=\"font-size:14.0pt\">Brasil criou 21,9 mil empregos na constru&ccedil;&atilde;o civil em mar&ccedil;o<\/span><\/a><\/span><\/span><\/span><\/p>\r\n\r\n<p style=\"text-align:justify\"><span style=\"font-size:11pt\"><span style=\"line-height:normal\"><span style=\"font-family:Calibri,sans-serif\"><a href=\"https:\/\/fiesc.com.br\/pt-br\/imprensa\/setor-textil-conhece-oportunidades-para-fornecer-para-orgaos-de-defesa\" style=\"color:blue; text-decoration:underline\"><span style=\"font-size:14.0pt\">Setor t&ecirc;xtil conhece oportunidades para fornecer para &oacute;rg&atilde;os de Defesa<\/span><\/a><\/span><\/span><\/span><\/p>\r\n\r\n<p style=\"text-align:justify\"><span style=\"font-size:11pt\"><span style=\"line-height:normal\"><span style=\"font-family:Calibri,sans-serif\"><a href=\"https:\/\/portalpersonalcare.com.br\/justica-exige-acao-do-governo-para-garantir-acesso-gratuito-a-absorventes\/?utm_campaign=newsletter_07052025&amp;utm_medium=email&amp;utm_source=RD+Station\" style=\"color:blue; text-decoration:underline\"><span style=\"font-size:14.0pt\">Justi&ccedil;a exige a&ccedil;&atilde;o do governo para garantir acesso gratuito &agrave; absorventes<\/span><\/a><\/span><\/span><\/span><\/p>\r\n\r\n<p style=\"text-align:justify\"><span style=\"font-size:28pt\"><span style=\"font-family:Cambria,serif\"><span style=\"letter-spacing:-0.5pt\"><b><span style=\"font-size:18.0pt\"><span style=\"font-family:&quot;Calibri&quot;,sans-serif\"><span style=\"font-variant:small-caps\">Sustentabilidade<\/span><\/span><\/span><\/b><\/span><\/span><\/span><\/p>\r\n\r\n<p style=\"text-align:justify\"><span style=\"font-size:11pt\"><span style=\"line-height:normal\"><span style=\"font-family:Calibri,sans-serif\"><a href=\"https:\/\/www.gov.br\/mma\/pt-br\/assuntos\/noticias\/mma-publica-portaria-que-regula-a-lei-de-incentivo-a-reciclagem\" style=\"color:blue; text-decoration:underline\"><span style=\"font-size:14.0pt\">MMA publica portaria que regula a Lei de Incentivo &agrave; Reciclagem<\/span><\/a><\/span><\/span><\/span><\/p>\r\n\r\n<p style=\"text-align:justify\"><span style=\"font-size:11pt\"><span style=\"line-height:normal\"><span style=\"font-family:Calibri,sans-serif\"><a href=\"https:\/\/plasticosemrevista.com.br\/eua-politicas-de-trump-podem-favorecer-protecao-ambiental\/\" style=\"color:blue; text-decoration:underline\"><span style=\"font-size:14.0pt\">EUA: pol&iacute;ticas de Trump podem favorecer prote&ccedil;&atilde;o ambiental<\/span><\/a><\/span><\/span><\/span><\/p>\r\n\r\n<p style=\"text-align:justify\"><span style=\"font-size:11pt\"><span style=\"line-height:normal\"><span style=\"font-family:Calibri,sans-serif\"><a href=\"https:\/\/conectaverde.com.br\/biodegradavel-compostavel-e-oxibiodegradavel-o-que-voce-precisa-saber-para-fazer-escolhas-conscientes\/?utm_campaign=coluna_verde_-_artigo_gabriela&amp;utm_medium=email&amp;utm_source=RD+Station\" style=\"color:blue; text-decoration:underline\"><span style=\"font-size:14.0pt\">Biodegrad&aacute;vel, compost&aacute;vel e oxibiodegrad&aacute;vel: o que voc&ecirc; precisa saber para fazer escolhas conscientes<\/span><\/a><\/span><\/span><\/span><\/p>\r\n\r\n<p style=\"text-align:justify\"><span style=\"font-size:11pt\"><span style=\"line-height:normal\"><span style=\"font-family:Calibri,sans-serif\"><a href=\"https:\/\/umsoplaneta.globo.com\/sociedade\/noticia\/2025\/05\/11\/industria-de-plasticos-promoveu-a-reciclagem-avancada-apesar-de-conhecer-os-problemas-diz-relatorio.ghtml\" style=\"color:blue; text-decoration:underline\"><span style=\"font-size:14.0pt\">Ind&uacute;stria de pl&aacute;sticos promoveu a &quot;reciclagem avan&ccedil;ada&quot; apesar de conhecer os problemas, diz relat&oacute;rio<\/span><\/a><\/span><\/span><\/span><\/p>\r\n\r\n<p style=\"text-align:justify\"><span style=\"font-size:11pt\"><span style=\"line-height:normal\"><span style=\"font-family:Calibri,sans-serif\"><a href=\"https:\/\/public-api.wordpress.com\/bar\/?stat=groovemails-events&amp;bin=wpcom_email_click&amp;redirect_to=https%3A%2F%2Fblogdoplastico.wordpress.com%2F2025%2F05%2F12%2Fprograma-especial-da-k-2025-focalizara-a-transformacao-da-industria-do-plastico%2F&amp;sr=0&amp;signature=5e6823bacd2bac786db5c4a492d9febb&amp;blog_id=9438832&amp;user=135099004&amp;_e=eyJlcnJvciI6bnVsbCwiYmxvZ19pZCI6OTQzODgzMiwiYmxvZ19sYW5nIjoicHQtQlIiLCJzaXRlX2lkX2xhYmVsIjoid3Bjb20iLCJoYXNfZmVhdHVyZWRfaW1hZ2UiOiIwIiwic3Vic2NyaWJlcl9pZCI6IjQ0NzAwMjQ1IiwiX3VpIjoxMzUwOTkwMDQsImxvY2FsZSI6InB0LWJyIiwiY3VycmVuY3kiOiJCUkwiLCJjb3VudHJ5X2NvZGVfc2lnbnVwIjoiQlIiLCJzaWdudXBfZmxvd19uYW1lIjoiZGVsdGEtc2l0ZSIsImVtYWlsX2RvbWFpbiI6ImFiaW50Lm9yZy5iciIsInBvc3RfaWQiOjE5MDg1LCJ1c2VyX2VtYWlsIjoiYWJpbnRAYWJpbnQub3JnLmJyIiwiZGF0ZV9zZW50IjoiMjAyNS0wNS0xMiIsImVtYWlsX25hbWUiOiJuZXctcG9zdCIsInRlbXBsYXRlIjoibmV3LXBvc3QiLCJlbWFpbF9pZCI6IjVjOGE3YjUxNzhlYTRlMmE3MzE2MzI3NWIyZDg0YWQzIiwibGlua19kZXNjIjoicG9zdC11cmwiLCJhbmNob3JfdGV4dCI6IlByb2dyYW1hIEVzcGVjaWFsIGRhIEsgMjAyNSBmb2NhbGl6YXJcdTAwZTEgYSB0cmFuc2Zvcm1hXHUwMGU3XHUwMGUzbyBkYSBpbmRcdTAwZmFzdHJpYSBkb1x1MDBhMHBsXHUwMGUxc3RpY28iLCJfZHIiOm51bGwsIl9kbCI6Ilwvd3AtY3Jvbi5waHA\/ZG9pbmdfd3BfY3Jvbj0xNzQ3MDUzMjkyLjMwMDA4MDA2MDk1ODg2MjMwNDY4NzUiLCJfdXQiOiJ3cGNvbTp1c2VyX2lkIiwiX3VsIjoiYWJpbnR0dCIsIl9lbiI6IndwY29tX2VtYWlsX2NsaWNrIiwiX3RzIjoxNzQ3MDUzMjk5MjkyLCJicm93c2VyX3R5cGUiOiJwaHAtYWdlbnQiLCJfYXVhIjoid3Bjb20tdHJhY2tzLWNsaWVudC12MC4zIiwiYmxvZ190eiI6Ii0zIiwidXNlcl9sYW5nIjoicHQtYnIifQ=&amp;_z=z\" style=\"color:blue; text-decoration:underline\"><span style=\"font-size:14.0pt\">Programa Especial da K 2025 focalizar&aacute; a transforma&ccedil;&atilde;o da ind&uacute;stria do&nbsp;pl&aacute;stico<\/span><\/a><\/span><\/span><\/span><\/p>\r\n\r\n<p style=\"text-align:justify\"><span style=\"font-size:11pt\"><span style=\"line-height:normal\"><span style=\"font-family:Calibri,sans-serif\"><a href=\"https:\/\/www.gov.br\/ana\/pt-br\/assuntos\/noticias-e-eventos\/noticias\/agencia-participa-de-benchmarking-internacional-para-compartilhar-experiencias-sobre-saneamento-basico-e-residuos-solidos\" style=\"color:blue; text-decoration:underline\"><span style=\"font-size:14.0pt\">Ag&ecirc;ncia participa de benchmarking internacional para compartilhar experi&ecirc;ncias sobre saneamento b&aacute;sico e res&iacute;duos s&oacute;lidos<\/span><\/a><\/span><\/span><\/span><\/p>\r\n\r\n<p style=\"text-align:justify\"><span style=\"font-size:11pt\"><span style=\"line-height:normal\"><span style=\"font-family:Calibri,sans-serif\"><a href=\"https:\/\/olhardigital.com.br\/2025\/05\/06\/ciencia-e-espaco\/absorventes-de-amido-de-milho-sao-17-vezes-mais-ecologicos-que-os-de-plastico\/\" style=\"color:blue; text-decoration:underline\"><span style=\"font-size:14.0pt\">Absorventes de amido de milho s&atilde;o 17 vezes mais ecol&oacute;gicos que os de pl&aacute;stico<\/span><\/a><\/span><\/span><\/span><\/p>\r\n\r\n<p style=\"text-align:justify\"><span style=\"font-size:28pt\"><span style=\"font-family:Cambria,serif\"><span style=\"letter-spacing:-0.5pt\"><b><span style=\"font-size:18.0pt\"><span style=\"font-family:&quot;Calibri&quot;,sans-serif\"><span style=\"font-variant:small-caps\">Inova&ccedil;&atilde;o<\/span><\/span><\/span><\/b><\/span><\/span><\/span><\/p>\r\n\r\n<p style=\"text-align:justify\"><span style=\"font-size:11pt\"><span style=\"line-height:normal\"><span style=\"font-family:Calibri,sans-serif\"><a href=\"https:\/\/exame.com\/negocios\/ela-quer-revolucionar-a-reciclagem-de-plastico-com-biotecnologia\/\" style=\"color:blue; text-decoration:underline\"><span style=\"font-size:14.0pt\">Ela quer revolucionar a reciclagem de pl&aacute;stico com biotecnologia<\/span><\/a><\/span><\/span><\/span><\/p>\r\n\r\n<p style=\"text-align:justify\"><span style=\"font-size:11pt\"><span style=\"line-height:normal\"><span style=\"font-family:Calibri,sans-serif\"><a href=\"https:\/\/plasticosemrevista.com.br\/inteligencia-artificial-nada-sera-como-antes\/\" style=\"color:blue; text-decoration:underline\"><span style=\"font-size:14.0pt\">Intelig&ecirc;ncia artificial: nada ser&aacute; como antes<\/span><\/a><\/span><\/span><\/span><\/p>\r\n\r\n<p style=\"text-align:justify\"><span style=\"font-size:28pt\"><span style=\"font-family:Cambria,serif\"><span style=\"letter-spacing:-0.5pt\"><b><span style=\"font-size:18.0pt\"><span style=\"font-family:&quot;Calibri&quot;,sans-serif\"><span style=\"font-variant:small-caps\">Com&eacute;rcio Exterior<\/span><\/span><\/span><\/b><\/span><\/span><\/span><\/p>\r\n\r\n<p style=\"text-align:justify\"><span style=\"font-size:11pt\"><span style=\"line-height:normal\"><span style=\"font-family:Calibri,sans-serif\"><a href=\"https:\/\/anba.com.br\/acordo-emirados-mercosul-deve-sair-neste-semestre\/\" style=\"color:blue; text-decoration:underline\"><span style=\"font-size:14.0pt\">Acordo Emirados-Mercosul deve sair neste semestre<\/span><\/a><\/span><\/span><\/span><\/p>\r\n\r\n<p style=\"text-align:justify\"><span style=\"font-size:11pt\"><span style=\"line-height:normal\"><span style=\"font-family:Calibri,sans-serif\"><a href=\"https:\/\/www.nonwovens-industry.com\/contents\/view_online-exclusives\/2025-05-06\/chinas-nonwovens-output-records-the-largest-post-pandemic-growth\/?utm_campaign=NON%20eNewsletter&amp;utm_medium=email&amp;_hsenc=p2ANqtz-8a8j8pwweW_fINRhFnM8fKMXId4efVValQ7I_HVRDpXaYTuSUXHZFuE8npVDLyS2GVlqqIRkdqL43ZN49x6ZG38X_lZg&amp;_hsmi=360577117&amp;utm_content=360577117&amp;utm_source=hs_email\" style=\"color:blue; text-decoration:underline\"><span lang=\"EN-US\" style=\"font-size:14.0pt\">China&#39;s Nonwovens Output Records the Largest Post-Pandemic Growth<\/span><\/a><\/span><\/span><\/span><\/p>\r\n\r\n<p style=\"text-align:justify\"><span style=\"font-size:11pt\"><span style=\"line-height:normal\"><span style=\"font-family:Calibri,sans-serif\"><a href=\"https:\/\/www.portoitajai.com.br\/noticia\/1933\/porto-de-itajai-ganha-nova-linha-com-conexao-ao-mercosul\" style=\"color:blue; text-decoration:underline\"><span style=\"font-size:14.0pt\">Porto de Itaja&iacute; ganha nova linha com conex&atilde;o ao Mercosul<\/span><\/a><\/span><\/span><\/span><\/p>\r\n\r\n<p style=\"text-align:justify\"><span style=\"font-size:11pt\"><span style=\"line-height:normal\"><span style=\"font-family:Calibri,sans-serif\"><a href=\"https:\/\/r.mail.fibretofashion.com\/tr\/cl\/rRHimIZQfNd0vb29LyZeSMFrz0Zsn0G9FkT6By8quRnDBUG1wbV8ekF610wT9blv_vv96hIdtpa2AAHCHSwbVaU_KEDw5HsNqp45hFQ_EDnsdEle2pDxuZ5ng-X-S1B4S8ac3sB3_SGjEkHzcSB565Qsa0rbPxuHAgUig-MTmqfVcN4PuEkTrwxmqgIWCfvyMVl4uuQxeYgz2Sz82R_Beq6cvX_BKWguTtSn-kkX3RrC6sBYisDzQe33teZwnZQQf1QMzjsqVAaM7fg14I53SSC_ifWFSivV4_SqBB-pgxznta48B0TbAJGIOtQEqyWsx9Jdrc97953cGi629AYVnaPVRkzmnLW_81y1Wj80Y8hRq8UyyNBYjRZfjEyAJ0dgHDIi2exWJxZPiskmEOhf_tQuBuheo-pEHvN9_Ck3\" style=\"color:blue; text-decoration:underline\" target=\"_blank\" title=\"Average price of US garment imports from China drop by up to 20%\"><span lang=\"EN-US\" style=\"font-size:14.0pt\">Average price of US garment imports from China drop by up to 20%<\/span><\/a><\/span><\/span><\/span><\/p>\r\n\r\n<p style=\"text-align:justify\"><span style=\"font-size:28pt\"><span style=\"font-family:Cambria,serif\"><span style=\"letter-spacing:-0.5pt\"><b><span style=\"font-size:18.0pt\"><span style=\"font-family:&quot;Calibri&quot;,sans-serif\"><span style=\"font-variant:small-caps\">Economia<\/span><\/span><\/span><\/b><\/span><\/span><\/span><\/p>\r\n\r\n<p style=\"text-align:justify\"><span style=\"font-size:11pt\"><span style=\"line-height:normal\"><span style=\"font-family:Calibri,sans-serif\"><a href=\"https:\/\/www.bcb.gov.br\/content\/focus\/focus\/R20250509.pdf\" style=\"color:blue; text-decoration:underline\"><span style=\"font-size:14.0pt\">Focus - Relat&oacute;rio de Mercado<\/span><\/a><\/span><\/span><\/span><\/p>\r\n\r\n<p style=\"text-align:justify\"><span style=\"font-size:11pt\"><span style=\"line-height:normal\"><span style=\"font-family:Calibri,sans-serif\"><a href=\"https:\/\/r.mail.fibretofashion.com\/tr\/cl\/vH_x6aOZorlxOy-4c7nebvCglcZEBeKZdL_oUJeXtnwUGZfRyUESS8PlyhJyZb-xrforZeamiDPdUIY2lIi_puVT_4IOwWM3fclG_bj481N7139JciokU0Vu5TPlrcLoSp4j5gJ50W72LKrj0zqng2kWCz9FHbHMXK-ODahsSvtzq9ebciI1rjqCRMLUvb2aLVwab9mu87j0pt_i0aPvj0EnXuEXa-Fj_7N_0EUCdmvV1qpfKwQnVOXCnSD1TB9Dp9J_jO9tPNN8xoziqYYClx-PlGJcqrOQnpi4a-OHDp2Yb8UZgJpfqyzMxt9FV-j4xDO-_T3xH3BcUG_x7zxLUBQ3AZFOPgCR8jdsrJzK29MzzdLMZABaciuCoofLSGUPKjCdYT7Lle9IXyHN321JEMJWAP9eOBnyzbpRVpOAFoslXw\" style=\"color:blue; text-decoration:underline\" target=\"_blank\" title=\"China\u2019s financial package to fix market, reinforce economic momentum\"><span style=\"font-size:14.0pt\">China&rsquo;s financial package to fix market, reinforce economic momentum<\/span><\/a><\/span><\/span><\/span><\/p>\r\n\r\n<p style=\"text-align:justify\"><img src=\"https:\/\/www.abint.org.br\/assets\/img\/editor\/redes-sociais-abint-ctg-cth_20250430194140IGmqVM6eS7.jpg\" \/><\/p>\r\n","6":"<p style=\"text-align:justify\"><span style=\"font-size:11pt\"><span style=\"line-height:normal\"><span style=\"font-family:Calibri,sans-serif\"><span style=\"font-size:14.0pt\">Esta &eacute; uma compila&ccedil;&atilde;o das not&iacute;cias mais relevantes para o setor, incluindo informa&ccedil;&otilde;es sobre acordos internacionais, economia brasileira, sustentabilidade e mat&eacute;rias primas, al&eacute;m de novidades do setor de N&atilde;otecidos e Tecidos T&eacute;cnicos.<\/span><\/span><\/span><\/span><\/p>\r\n\r\n<p style=\"text-align:justify\"><span style=\"font-size:28pt\"><span style=\"font-family:Cambria,serif\"><span style=\"letter-spacing:-0.5pt\"><b><span style=\"font-size:18.0pt\"><span style=\"font-family:&quot;Calibri&quot;,sans-serif\"><span style=\"font-variant:small-caps\">O que vem por a&iacute;<\/span><\/span><\/span><\/b><\/span><\/span><\/span><\/p>\r\n\r\n<p style=\"text-align:justify\">&nbsp;<\/p>\r\n\r\n<p><img src=\"https:\/\/www.abint.org.br\/assets\/img\/editor\/logo-ctg-abint-png_202502051355479yWykO7ojh.png\" style=\"width: 300px; height: 55px;\" \/><\/p>\r\n\r\n<p>&nbsp;<\/p>\r\n\r\n<p><img src=\"https:\/\/www.abint.org.br\/assets\/img\/editor\/e-mail-post-premio-tcc-icc-2024-2025_20250430193536F42nr8Haxy.png\" style=\"width: 500px; height: 500px;\" \/><\/p>\r\n\r\n<p><a href=\"https:\/\/geossinteticos.org.br\/premiotccic\">Inscreva seu trabalho<\/a><\/p>\r\n\r\n<p class=\"MsoTitle\" style=\"text-align:justify\"><span style=\"font-size:28pt\"><span style=\"font-family:Cambria,serif\"><span style=\"letter-spacing:-0.5pt\"><b><span style=\"font-size:18.0pt\"><span style=\"font-family:&quot;Calibri&quot;,sans-serif\"><span style=\"font-variant:small-caps\">Not&iacute;cias das Associadas<\/span><\/span><\/span><\/b><\/span><\/span><\/span><\/p>\r\n\r\n<p style=\"text-align:justify\"><span style=\"font-size:11pt\"><span style=\"line-height:normal\"><span style=\"font-family:Calibri,sans-serif\"><a href=\"http:\/\/www.jornow.com.br\/jornow\/noticia.php?idempresa=4412&amp;num_release=304997&amp;ori=V\" style=\"color:blue; text-decoration:underline\"><span style=\"font-size:14.0pt\">Prorrogadas as inscri&ccedil;&otilde;es para a mais importante premia&ccedil;&atilde;o de trabalhos acad&ecirc;micos de gradua&ccedil;&atilde;o voltados aos geossint&eacute;ticos<\/span><\/a><\/span><\/span><\/span><\/p>\r\n\r\n<p style=\"text-align:justify\"><span style=\"font-size:11pt\"><span style=\"line-height:normal\"><span style=\"font-family:Calibri,sans-serif\"><a href=\"https:\/\/www.innovationintextiles.com\/nonwovens\/andritz-success-in-turkey-and-uzbekistan\/\" style=\"color:blue; text-decoration:underline\"><span lang=\"EN-US\" style=\"font-size:14.0pt\">Andritz success in Turkey and Uzbekistan<\/span><\/a><\/span><\/span><\/span><\/p>\r\n\r\n<p style=\"text-align:justify\"><span style=\"font-size:11pt\"><span style=\"line-height:normal\"><span style=\"font-family:Calibri,sans-serif\"><a href=\"https:\/\/www.linkedin.com\/posts\/fibertex-nonwovens-a-s_winningtogether-teamwork-iso45001-activity-7327778856403132416-bxyz\/?utm_source=share&amp;utm_medium=member_android&amp;rcm=ACoAAAzz7_0BvviNZbIIGQiiUlJQNkZ4xf4ae-c\" style=\"color:blue; text-decoration:underline\"><span lang=\"EN-US\" style=\"font-size:14.0pt\">ISO 45001 Certification &ndash; A milestone for Fibertex Brazil!<\/span><\/a><\/span><\/span><\/span><\/p>\r\n\r\n<p style=\"text-align:justify\"><span style=\"font-size:11pt\"><span style=\"line-height:normal\"><span style=\"font-family:Calibri,sans-serif\"><a href=\"https:\/\/www.innovationintextiles.com\/nonwovens\/fitesa-introduces-biobased-pe-spunbonds\/\" style=\"color:blue; text-decoration:underline\"><span lang=\"EN-US\" style=\"font-size:14.0pt\">Fitesa introduces bio-based PE spunbonds<\/span><\/a><\/span><\/span><\/span><\/p>\r\n\r\n<p style=\"text-align:justify\"><span style=\"font-size:11pt\"><span style=\"line-height:normal\"><span style=\"font-family:Calibri,sans-serif\"><a href=\"https:\/\/maua.br\/noticias\/infomaua\/347\/texto\/1494?utm_source=akna&amp;utm_medium=email&amp;utm_campaign=InfoMaua-162-Maua-anuncia-nova-Diretoria-para-o-trienio-2025-2028\" style=\"color:blue; text-decoration:underline\"><span style=\"font-size:14.0pt\">Mau&aacute; &eacute; destaque Nacional no MEC<\/span><\/a><\/span><\/span><\/span><\/p>\r\n\r\n<p style=\"text-align:justify\"><span style=\"font-size:11pt\"><span style=\"line-height:normal\"><span style=\"font-family:Calibri,sans-serif\"><a href=\"https:\/\/www.nonwovens-industry.com\/contents\/view_breaking-news\/2025-05-07\/suominen-announces-cost-savings-plan\/15303\" style=\"color:blue; text-decoration:underline\"><span lang=\"EN-US\" style=\"font-size:14.0pt\">Suominen Announces Cost-Savings Plan<\/span><\/a><\/span><\/span><\/span><\/p>\r\n\r\n<p style=\"text-align:justify\"><span style=\"font-size:11pt\"><span style=\"line-height:normal\"><span style=\"font-family:Calibri,sans-serif\"><a href=\"https:\/\/www.nonwovens-industry.com\/contents\/view_breaking-news\/2025-05-07\/suominens-sales-increase\/15303\" style=\"color:blue; text-decoration:underline\"><span lang=\"EN-US\" style=\"font-size:14.0pt\">Suominen&rsquo;s Sales Increase<\/span><\/a><\/span><\/span><\/span><\/p>\r\n\r\n<p style=\"text-align:justify\">&nbsp;<\/p>\r\n\r\n<p style=\"text-align:justify\"><span style=\"font-size:11pt\"><span style=\"line-height:normal\"><span style=\"font-family:Calibri,sans-serif\"><b><span style=\"font-size:18.0pt\"><span style=\"font-variant:small-caps\">Eventos<\/span><\/span><\/b><\/span><\/span><\/span><\/p>\r\n\r\n<p style=\"text-align:justify\">&nbsp;<\/p>\r\n\r\n<p style=\"text-align:justify\"><span style=\"font-size:11pt\"><span style=\"line-height:normal\"><span style=\"font-family:Calibri,sans-serif\"><a href=\"https:\/\/forms.gle\/gVRanQmStqMhRKtM6\" style=\"color:blue; text-decoration:underline\"><b><span style=\"font-size:14.0pt\">ABTT Academy | Curso: Vamos falar de sa&uacute;de mental nas empresas?<\/span><\/b><\/a>, <span style=\"font-size:14.0pt\">17 de maio de 2025, 08h &agrave;s 12h, evento online<\/span><\/span><\/span><\/span><\/p>\r\n\r\n<p style=\"text-align:justify\"><span style=\"font-size:11pt\"><span style=\"line-height:normal\"><span style=\"font-family:Calibri,sans-serif\"><a href=\"https:\/\/www.hospitalar.com\/pt\/home.html\" style=\"color:blue; text-decoration:underline\"><b><span style=\"font-size:14.0pt\">Hospitalar 2025<\/span><\/b><\/a><span style=\"font-size:14.0pt\">, 20 a 23 de maio, 11h00 &agrave;s 20h00, S&atilde;o Paulo Expo, Rodovia dos Imigrantes, km 1,5<\/span><\/span><\/span><\/span><\/p>\r\n\r\n<p style=\"text-align:justify\"><span style=\"font-size:11pt\"><span style=\"line-height:normal\"><span style=\"font-family:Calibri,sans-serif\"><a href=\"https:\/\/www.anahp.com.br\/evento\/seminario-anahp-incorporacao-de-tecnologias-na-saude-e-a-sustentabilidade-do-setor\/\" style=\"color:blue; text-decoration:underline\"><b><span style=\"font-size:14.0pt\">Semin&aacute;rio Anahp &ndash; Incorpora&ccedil;&atilde;o de tecnologias na sa&uacute;de e a sustentabilidade do setor<\/span><\/b><\/a><span style=\"font-size:14.0pt\">, 21 de maio, a partir das 9h30, Hospitalar 2025, S&atilde;o Paulo<\/span><\/span><\/span><\/span><\/p>\r\n\r\n<p style=\"text-align:justify\"><span style=\"font-size:11pt\"><span style=\"line-height:normal\"><span style=\"font-family:Calibri,sans-serif\"><a href=\"https:\/\/evento.fgv.br\/politicamonetaria_2305\/\" style=\"color:blue; text-decoration:underline\"><b><span style=\"font-size:14.0pt\">FGV IBRE | XI Semin&aacute;rio Anual de Pol&iacute;tica Monet&aacute;ria<\/span><\/b><\/a><span style=\"font-size:14.0pt\">, 23\/05\/2025, 14:00 &agrave;s 18:00, presencial, Praia de Botafogo, 186, Rio de Janeiro. RJ<\/span><\/span><\/span><\/span><\/p>\r\n\r\n<p style=\"text-align:justify\"><span style=\"font-size:11pt\"><span style=\"line-height:normal\"><span style=\"font-family:Calibri,sans-serif\"><a href=\"https:\/\/www.sympla.com.br\/evento-online\/a-estrategia-do-brasil-na-guerra-comercial\/2950835\" style=\"color:blue; text-decoration:underline\"><b><span style=\"font-size:14.0pt\">A estrat&eacute;gia do Brasil na guerra comercial<\/span><\/b><\/a><span style=\"font-size:14.0pt\">, 30 de maio de 2025, 10h00 a 11h30, evento online via Youtube<\/span><\/span><\/span><\/span><\/p>\r\n\r\n<p style=\"text-align:justify\"><span style=\"font-size:11pt\"><span style=\"line-height:normal\"><span style=\"font-family:Calibri,sans-serif\"><a href=\"https:\/\/www.sympla.com.br\/evento\/caminhos-sustentaveis-o-futuro-da-industria-textil\/2934717\" style=\"color:blue; text-decoration:underline\"><b><span style=\"font-size:14.0pt\">Caminhos Sustent&aacute;veis: o Futuro da Ind&uacute;stria T&ecirc;xtil<\/span><\/b><\/a><span style=\"font-size:14.0pt\">, 05 de junho de 2025, das 18h &agrave;s 22h, evento presencial, SENAI Americana, Americana, SP<\/span><\/span><\/span><\/span><\/p>\r\n\r\n<p style=\"text-align:justify\"><span style=\"font-size:11pt\"><span style=\"line-height:normal\"><span style=\"font-family:Calibri,sans-serif\"><a href=\"https:\/\/conteudo.anahp.com.br\/questoes-climaticas-na-saude?utm_campaign=emkt_-_evento_belem_cop_30_geral&amp;utm_medium=email&amp;utm_source=RD+Station\" style=\"color:blue; text-decoration:underline\"><b><span style=\"font-size:14.0pt\">Impacto das quest&otilde;es clim&aacute;ticas e as quest&otilde;es ambientais<\/span><\/b><\/a><span style=\"font-size:14.0pt\">, 06 de junho de 2025, 9h &agrave;s 17h, evento h&iacute;brido, Centro de Conven&ccedil;&otilde;es do Hospital Porto Dias (Bel&eacute;m\/PA) e transmiss&atilde;o online<\/span><\/span><\/span><\/span><\/p>\r\n\r\n<p style=\"text-align:justify\"><span style=\"font-size:11pt\"><span style=\"line-height:normal\"><span style=\"font-family:Calibri,sans-serif\"><a href=\"https:\/\/www.conbrava.com.br\/\" style=\"color:blue; text-decoration:underline\"><b><span style=\"font-size:14.0pt\">CONBRAVA 2025<\/span><\/b><\/a><span style=\"font-size:14.0pt\">, 10 a 12 de setembro de 2025, S&atilde;o Paulo Expo, Rodovia dos Imigrantes, km 1,5<\/span><\/span><\/span><\/span><\/p>\r\n\r\n<p style=\"text-align:justify\"><span style=\"font-size:11pt\"><span style=\"line-height:normal\"><span style=\"font-family:Calibri,sans-serif\"><a href=\"https:\/\/paving.com.br\/\" style=\"color:blue; text-decoration:underline\"><b><span style=\"font-size:14.0pt\">Paving Expo 2025<\/span><\/b><\/a><span style=\"font-size:14.0pt\">, 23 a 25 de setembro de 2025, Distrito Anhembi, Rua Prof. Milton Rodrigues, s\/n, Santana, S&atilde;o Paulo, SP<\/span><\/span><\/span><\/span><\/p>\r\n\r\n<p style=\"text-align:justify\"><span style=\"font-size:11pt\"><span style=\"line-height:normal\"><span style=\"font-family:Calibri,sans-serif\"><a href=\"https:\/\/www.instagram.com\/sobeccnacional\/p\/DA1V8NZyhNK\/?img_index=1\" style=\"color:blue; text-decoration:underline\"><b><span style=\"font-size:14.0pt\">17&ordm; Congresso Brasileiro de Enfermagem em Centro Cir&uacute;rgico: &ldquo;O poder de cuidar&rdquo;<\/span><\/b><\/a><span style=\"font-size:14.0pt\">, 01 a 03 de outubro de 2025, Transamerica Expo Center, S&atilde;o Paulo, SP<\/span><\/span><\/span><\/span><\/p>\r\n\r\n<p style=\"text-align:justify\"><span style=\"font-size:11pt\"><span style=\"line-height:normal\"><span style=\"font-family:Calibri,sans-serif\"><a href=\"https:\/\/www.abrafiltros.org.br\/3o-seminario-brasileiro-de-filtros-acontecera-no-dia-08-de-outubro\/\" style=\"color:blue; text-decoration:underline\"><b><span style=\"font-size:14.0pt\">3&ordm; Semin&aacute;rio Brasileiro de Filtros<\/span><\/b><\/a><span style=\"font-size:14.0pt\">, 08 de outubro de 2025, evento presencial<\/span><\/span><\/span><\/span><\/p>\r\n\r\n<p style=\"text-align:justify\"><span style=\"font-size:11pt\"><span style=\"line-height:normal\"><span style=\"font-family:Calibri,sans-serif\"><a href=\"https:\/\/hospitalmed.com.br\/feira\/\" style=\"color:blue; text-decoration:underline\"><b><span style=\"font-size:14.0pt\">HospitalMed 2025<\/span><\/b><\/a><span style=\"font-size:14.0pt\">, 22 a 24 de outubro, Pernambuco Centro de Conven&ccedil;&otilde;es, Olinda<\/span><\/span><\/span><\/span><\/p>\r\n\r\n<p style=\"text-align:justify\"><span style=\"font-size:11pt\"><span style=\"line-height:normal\"><span style=\"font-family:Calibri,sans-serif\"><a href=\"https:\/\/filtech.de\/\" style=\"color:blue; text-decoration:underline\"><b><span style=\"font-size:14.0pt\">Filtech 2026<\/span><\/b><\/a><span style=\"font-size:14.0pt\">, de 30 de junho a 2 de julho, Cologne, Alemanha<\/span><\/span><\/span><\/span><\/p>\r\n\r\n<p style=\"text-align:justify\"><span style=\"font-size:28pt\"><span style=\"font-family:Cambria,serif\"><span style=\"letter-spacing:-0.5pt\"><b><span style=\"font-size:18.0pt\"><span style=\"font-family:&quot;Calibri&quot;,sans-serif\"><span style=\"font-variant:small-caps\">Setor<\/span><\/span><\/span><\/b><\/span><\/span><\/span><\/p>\r\n\r\n<p style=\"text-align:justify\"><span style=\"font-size:11pt\"><span style=\"line-height:normal\"><span style=\"font-family:Calibri,sans-serif\"><a href=\"https:\/\/ibsp.net.br\/mortalidade-cirurgica-america-latina-38-percentual\/\" style=\"color:blue; text-decoration:underline\"><span style=\"font-size:14.0pt\">LASOS &ndash; Estudo sugere que mortalidade cir&uacute;rgica na Am&eacute;rica Latina chega a 3,8%<\/span><\/a><\/span><\/span><\/span><\/p>\r\n\r\n<p style=\"text-align:justify\"><span style=\"font-size:11pt\"><span style=\"line-height:normal\"><span style=\"font-family:Calibri,sans-serif\"><a href=\"https:\/\/ibsp.net.br\/nova-edicao-protocolo-londres-reflete-avancos\/\" style=\"color:blue; text-decoration:underline\"><span style=\"font-size:14.0pt\">Nova edi&ccedil;&atilde;o do Protocolo de Londres reflete avan&ccedil;os e desafios de duas d&eacute;cadas na seguran&ccedil;a do paciente<\/span><\/a><\/span><\/span><\/span><\/p>\r\n\r\n<p style=\"text-align:justify\"><span style=\"font-size:11pt\"><span style=\"line-height:normal\"><span style=\"font-family:Calibri,sans-serif\"><a href=\"https:\/\/www.infomoney.com.br\/business\/braskem-ganha-folego-para-produzir-resina-no-mexico-com-terminal-de-us-450-milhoes\/\" style=\"color:blue; text-decoration:underline\"><span style=\"font-size:14.0pt\">Braskem ganha f&ocirc;lego para produzir resina no M&eacute;xico com terminal de US$ 450 milh&otilde;es<\/span><\/a><\/span><\/span><\/span><\/p>\r\n\r\n<p style=\"text-align:justify\"><span style=\"font-size:11pt\"><span style=\"line-height:normal\"><span style=\"font-family:Calibri,sans-serif\"><a href=\"https:\/\/exame.com\/insight\/em-trimestre-dificil-unipar-faz-licao-de-casa-e-entrega-melhora-de-margem\/p\" style=\"color:blue; text-decoration:underline\"><span style=\"font-size:14.0pt\">Em trimestre dif&iacute;cil, Unipar faz li&ccedil;&atilde;o de casa e entrega melhora de margem<\/span><\/a><\/span><\/span><\/span><\/p>\r\n\r\n<p style=\"text-align:justify\"><span style=\"font-size:11pt\"><span style=\"line-height:normal\"><span style=\"font-family:Calibri,sans-serif\"><a href=\"https:\/\/www.nonwovens-industry.com\/contents\/view_breaking-news\/2025-05-08\/idea-filtxpo-held-in-miami-beach\/15303\" style=\"color:blue; text-decoration:underline\"><span lang=\"EN-US\" style=\"font-size:14.0pt\">IDEA, FiltXpo Held in Miami Beach<\/span><\/a><\/span><\/span><\/span><\/p>\r\n\r\n<p style=\"text-align:justify\"><span style=\"font-size:11pt\"><span style=\"line-height:normal\"><span style=\"font-family:Calibri,sans-serif\"><a href=\"http:\/\/clickemail.portalpersonalcare.com.br\/ls\/click?upn=u001.D2-2F0Tg0A29KXXLMT6ctG-2BYOihdDbc-2ByFrUFb3ZXMT9QLXNemXVVpszN6DTW2Cx2r5WM2GW1ogfQSZoWrjBOWGuBZTxV1EVdz4gTZ5zqSiYnRT7n3DrIbHMxQujMRz-2FPORWIHc1d4iBxj-2Fg2ldmMPStXcVSLHtHw-2Bm104J3mS95LF0VbVNtN0OVLQ21RDG-2FSBYLx-2FHTddnuBNPPqQ1uQNsmEpd8thdGimEqhU3JKQFZK5dlQJtBV9UHp7V6tvaWae-2Bami2shRSX9ja-2FvzK01tF59dbO23quhbAftGFlbUPI1J8RqOVBuKjjrf2G15QfwUK2Lrv36VvKO9YqRjnTavcMVtCMIrgT7l3QD8T5usP6Q-3D65nK_T7N8BvZTOm04CQQMiyWztrpCjlUrRc4F7QzSgUIpTqDyHxxxhGpyWLohz7JoE2GE5NHlS-2BYZoX1R75Fh8KCze9GvCCb-2FinuNgc39g0Cdbe-2FcU8RlSBQhp5om11AQZQ-2FDft-2FvZLwuXAWQXajitB6-2B2gShEzdXhHUkPjNPlsVOs88SsRwhfhS71i9s1ZDT2MHjLVIKIbJ-2FkK-2BP3zkRsLeM7xCuMh9vACJw7mEVaV6R-2FE9j4EC-2F2JcKmRjcAX15X6m08dkW8xrOs2s97xMyVYW15O9KIxiIW-2FPmlFCSrqwdo-2Fbqg5y5Eljt-2FpzH6Mq3VqI0vnicUge2kRcXPFyvVDfwnhIAsd87Jk9HlR3PKMsYDNAlnRfp-2B02yRGXV22pGQROjN-2BfsrCvt5po5xGelAm7e1np1sK9V-2FnU1ZKXcrfquUv6pqr2yH1z2oYbU-2BP6TxIUFMT4aSs02UefzjyykSdmkDlkhygyA37ZWmNoi94hueA5c1XcibhkAwgocPTsSm9rB-2Fem-2Fh6T0YufZEkHV5sFgfCZr2RumMli1-2Fkdeu-2FrJG-2Fje-2BjA6OEXzBx7-2FMXlRvxaDqeG9RzxYL2fLkS976-2FvQE-2FpEA4FRfoa-2F-2FYex4TMVl9-2F1FAjrRHQq8p0m6-2BRx669RUMWuJ7STMkJn0gPb5SLCHO5B3bIdtKhntgcTiLwLIbxEMp6wUB7vTdE1aE7KmIVgKyTsgfEgAoN5UEHGujjj8RBJ7UJPCtYkNaWkHBH0nDU-3D\" style=\"color:blue; text-decoration:underline\" target=\"_blank\"><span style=\"font-size:14.0pt\">Drylock inicia constru&ccedil;&atilde;o de nova f&aacute;brica no Brasil e amplia aposta no mercado nacional<\/span><\/a><\/span><\/span><\/span><\/p>\r\n\r\n<p style=\"text-align:justify\"><span style=\"font-size:28pt\"><span style=\"font-family:Cambria,serif\"><span style=\"letter-spacing:-0.5pt\"><b><span style=\"font-size:18.0pt\"><span style=\"font-family:&quot;Calibri&quot;,sans-serif\"><span style=\"font-variant:small-caps\">Ind&uacute;stria<\/span><\/span><\/span><\/b><\/span><\/span><\/span><\/p>\r\n\r\n<p style=\"text-align:justify\"><span style=\"font-size:11pt\"><span style=\"line-height:normal\"><span style=\"font-family:Calibri,sans-serif\"><a href=\"https:\/\/www.revistaoeste.com\/economia\/industria-do-brasil-se-aproxima-da-estagnacao-em-abril-alerta-estudo\/\" style=\"color:blue; text-decoration:underline\"><span style=\"font-size:14.0pt\">Ind&uacute;stria do Brasil se aproxima da estagna&ccedil;&atilde;o, alerta estudo<\/span><\/a><\/span><\/span><\/span><\/p>\r\n\r\n<p style=\"text-align:justify\"><span style=\"font-size:11pt\"><span style=\"line-height:normal\"><span style=\"font-family:Calibri,sans-serif\"><a href=\"https:\/\/www.moneytimes.com.br\/producao-de-veiculos-salta-20-em-abril-ante-marco-aponta-anfavea-visp\/\" style=\"color:blue; text-decoration:underline\"><span style=\"font-size:14.0pt\">Produ&ccedil;&atilde;o de ve&iacute;culos salta 20% em abril ante mar&ccedil;o, aponta Anfavea<\/span><\/a><\/span><\/span><\/span><\/p>\r\n\r\n<p style=\"text-align:justify\"><span style=\"font-size:11pt\"><span style=\"line-height:normal\"><span style=\"font-family:Calibri,sans-serif\"><a href=\"https:\/\/abrac-ac.org.br\/vice-presidente-da-abrac-fala-sobre-a-importancia-da-inspecao-acreditada-em-obras-de-infraestrutura\/?utm_source=COMUNICA%C3%87%C3%83O&amp;utm_campaign=2e72f30279-EMAIL_CAMPAIGN_2020_10_09_04_42_COPY_01&amp;utm_medium=email&amp;utm_term=0_d3230ddfb7-2e72f30279-87351953\" style=\"color:blue; text-decoration:underline\"><span style=\"font-size:14.0pt\">Abrac fala sobre a import&acirc;ncia da inspe&ccedil;&atilde;o acreditada em obras de infraestrutura<\/span><\/a><\/span><\/span><\/span><\/p>\r\n\r\n<p style=\"text-align:justify\"><span style=\"font-size:11pt\"><span style=\"line-height:normal\"><span style=\"font-family:Calibri,sans-serif\"><a href=\"https:\/\/grandesconstrucoes.com.br\/Noticias\/Exibir\/brasil-criou-219-mil-empregos-na-construcao-civil-em-marco?utm_source=akna&amp;utm_medium=email&amp;utm_campaign=Grandes-Construcoes-Informativo-961-08-05-2025\" style=\"color:blue; text-decoration:underline\"><span style=\"font-size:14.0pt\">Brasil criou 21,9 mil empregos na constru&ccedil;&atilde;o civil em mar&ccedil;o<\/span><\/a><\/span><\/span><\/span><\/p>\r\n\r\n<p style=\"text-align:justify\"><span style=\"font-size:11pt\"><span style=\"line-height:normal\"><span style=\"font-family:Calibri,sans-serif\"><a href=\"https:\/\/fiesc.com.br\/pt-br\/imprensa\/setor-textil-conhece-oportunidades-para-fornecer-para-orgaos-de-defesa\" style=\"color:blue; text-decoration:underline\"><span style=\"font-size:14.0pt\">Setor t&ecirc;xtil conhece oportunidades para fornecer para &oacute;rg&atilde;os de Defesa<\/span><\/a><\/span><\/span><\/span><\/p>\r\n\r\n<p style=\"text-align:justify\"><span style=\"font-size:11pt\"><span style=\"line-height:normal\"><span style=\"font-family:Calibri,sans-serif\"><a href=\"https:\/\/portalpersonalcare.com.br\/justica-exige-acao-do-governo-para-garantir-acesso-gratuito-a-absorventes\/?utm_campaign=newsletter_07052025&amp;utm_medium=email&amp;utm_source=RD+Station\" style=\"color:blue; text-decoration:underline\"><span style=\"font-size:14.0pt\">Justi&ccedil;a exige a&ccedil;&atilde;o do governo para garantir acesso gratuito &agrave; absorventes<\/span><\/a><\/span><\/span><\/span><\/p>\r\n\r\n<p style=\"text-align:justify\"><span style=\"font-size:28pt\"><span style=\"font-family:Cambria,serif\"><span style=\"letter-spacing:-0.5pt\"><b><span style=\"font-size:18.0pt\"><span style=\"font-family:&quot;Calibri&quot;,sans-serif\"><span style=\"font-variant:small-caps\">Sustentabilidade<\/span><\/span><\/span><\/b><\/span><\/span><\/span><\/p>\r\n\r\n<p style=\"text-align:justify\"><span style=\"font-size:11pt\"><span style=\"line-height:normal\"><span style=\"font-family:Calibri,sans-serif\"><a href=\"https:\/\/www.gov.br\/mma\/pt-br\/assuntos\/noticias\/mma-publica-portaria-que-regula-a-lei-de-incentivo-a-reciclagem\" style=\"color:blue; text-decoration:underline\"><span style=\"font-size:14.0pt\">MMA publica portaria que regula a Lei de Incentivo &agrave; Reciclagem<\/span><\/a><\/span><\/span><\/span><\/p>\r\n\r\n<p style=\"text-align:justify\"><span style=\"font-size:11pt\"><span style=\"line-height:normal\"><span style=\"font-family:Calibri,sans-serif\"><a href=\"https:\/\/plasticosemrevista.com.br\/eua-politicas-de-trump-podem-favorecer-protecao-ambiental\/\" style=\"color:blue; text-decoration:underline\"><span style=\"font-size:14.0pt\">EUA: pol&iacute;ticas de Trump podem favorecer prote&ccedil;&atilde;o ambiental<\/span><\/a><\/span><\/span><\/span><\/p>\r\n\r\n<p style=\"text-align:justify\"><span style=\"font-size:11pt\"><span style=\"line-height:normal\"><span style=\"font-family:Calibri,sans-serif\"><a href=\"https:\/\/conectaverde.com.br\/biodegradavel-compostavel-e-oxibiodegradavel-o-que-voce-precisa-saber-para-fazer-escolhas-conscientes\/?utm_campaign=coluna_verde_-_artigo_gabriela&amp;utm_medium=email&amp;utm_source=RD+Station\" style=\"color:blue; text-decoration:underline\"><span style=\"font-size:14.0pt\">Biodegrad&aacute;vel, compost&aacute;vel e oxibiodegrad&aacute;vel: o que voc&ecirc; precisa saber para fazer escolhas conscientes<\/span><\/a><\/span><\/span><\/span><\/p>\r\n\r\n<p style=\"text-align:justify\"><span style=\"font-size:11pt\"><span style=\"line-height:normal\"><span style=\"font-family:Calibri,sans-serif\"><a href=\"https:\/\/umsoplaneta.globo.com\/sociedade\/noticia\/2025\/05\/11\/industria-de-plasticos-promoveu-a-reciclagem-avancada-apesar-de-conhecer-os-problemas-diz-relatorio.ghtml\" style=\"color:blue; text-decoration:underline\"><span style=\"font-size:14.0pt\">Ind&uacute;stria de pl&aacute;sticos promoveu a &quot;reciclagem avan&ccedil;ada&quot; apesar de conhecer os problemas, diz relat&oacute;rio<\/span><\/a><\/span><\/span><\/span><\/p>\r\n\r\n<p style=\"text-align:justify\"><span style=\"font-size:11pt\"><span style=\"line-height:normal\"><span style=\"font-family:Calibri,sans-serif\"><a href=\"https:\/\/public-api.wordpress.com\/bar\/?stat=groovemails-events&amp;bin=wpcom_email_click&amp;redirect_to=https%3A%2F%2Fblogdoplastico.wordpress.com%2F2025%2F05%2F12%2Fprograma-especial-da-k-2025-focalizara-a-transformacao-da-industria-do-plastico%2F&amp;sr=0&amp;signature=5e6823bacd2bac786db5c4a492d9febb&amp;blog_id=9438832&amp;user=135099004&amp;_e=eyJlcnJvciI6bnVsbCwiYmxvZ19pZCI6OTQzODgzMiwiYmxvZ19sYW5nIjoicHQtQlIiLCJzaXRlX2lkX2xhYmVsIjoid3Bjb20iLCJoYXNfZmVhdHVyZWRfaW1hZ2UiOiIwIiwic3Vic2NyaWJlcl9pZCI6IjQ0NzAwMjQ1IiwiX3VpIjoxMzUwOTkwMDQsImxvY2FsZSI6InB0LWJyIiwiY3VycmVuY3kiOiJCUkwiLCJjb3VudHJ5X2NvZGVfc2lnbnVwIjoiQlIiLCJzaWdudXBfZmxvd19uYW1lIjoiZGVsdGEtc2l0ZSIsImVtYWlsX2RvbWFpbiI6ImFiaW50Lm9yZy5iciIsInBvc3RfaWQiOjE5MDg1LCJ1c2VyX2VtYWlsIjoiYWJpbnRAYWJpbnQub3JnLmJyIiwiZGF0ZV9zZW50IjoiMjAyNS0wNS0xMiIsImVtYWlsX25hbWUiOiJuZXctcG9zdCIsInRlbXBsYXRlIjoibmV3LXBvc3QiLCJlbWFpbF9pZCI6IjVjOGE3YjUxNzhlYTRlMmE3MzE2MzI3NWIyZDg0YWQzIiwibGlua19kZXNjIjoicG9zdC11cmwiLCJhbmNob3JfdGV4dCI6IlByb2dyYW1hIEVzcGVjaWFsIGRhIEsgMjAyNSBmb2NhbGl6YXJcdTAwZTEgYSB0cmFuc2Zvcm1hXHUwMGU3XHUwMGUzbyBkYSBpbmRcdTAwZmFzdHJpYSBkb1x1MDBhMHBsXHUwMGUxc3RpY28iLCJfZHIiOm51bGwsIl9kbCI6Ilwvd3AtY3Jvbi5waHA\/ZG9pbmdfd3BfY3Jvbj0xNzQ3MDUzMjkyLjMwMDA4MDA2MDk1ODg2MjMwNDY4NzUiLCJfdXQiOiJ3cGNvbTp1c2VyX2lkIiwiX3VsIjoiYWJpbnR0dCIsIl9lbiI6IndwY29tX2VtYWlsX2NsaWNrIiwiX3RzIjoxNzQ3MDUzMjk5MjkyLCJicm93c2VyX3R5cGUiOiJwaHAtYWdlbnQiLCJfYXVhIjoid3Bjb20tdHJhY2tzLWNsaWVudC12MC4zIiwiYmxvZ190eiI6Ii0zIiwidXNlcl9sYW5nIjoicHQtYnIifQ=&amp;_z=z\" style=\"color:blue; text-decoration:underline\"><span style=\"font-size:14.0pt\">Programa Especial da K 2025 focalizar&aacute; a transforma&ccedil;&atilde;o da ind&uacute;stria do&nbsp;pl&aacute;stico<\/span><\/a><\/span><\/span><\/span><\/p>\r\n\r\n<p style=\"text-align:justify\"><span style=\"font-size:11pt\"><span style=\"line-height:normal\"><span style=\"font-family:Calibri,sans-serif\"><a href=\"https:\/\/www.gov.br\/ana\/pt-br\/assuntos\/noticias-e-eventos\/noticias\/agencia-participa-de-benchmarking-internacional-para-compartilhar-experiencias-sobre-saneamento-basico-e-residuos-solidos\" style=\"color:blue; text-decoration:underline\"><span style=\"font-size:14.0pt\">Ag&ecirc;ncia participa de benchmarking internacional para compartilhar experi&ecirc;ncias sobre saneamento b&aacute;sico e res&iacute;duos s&oacute;lidos<\/span><\/a><\/span><\/span><\/span><\/p>\r\n\r\n<p style=\"text-align:justify\"><span style=\"font-size:11pt\"><span style=\"line-height:normal\"><span style=\"font-family:Calibri,sans-serif\"><a href=\"https:\/\/olhardigital.com.br\/2025\/05\/06\/ciencia-e-espaco\/absorventes-de-amido-de-milho-sao-17-vezes-mais-ecologicos-que-os-de-plastico\/\" style=\"color:blue; text-decoration:underline\"><span style=\"font-size:14.0pt\">Absorventes de amido de milho s&atilde;o 17 vezes mais ecol&oacute;gicos que os de pl&aacute;stico<\/span><\/a><\/span><\/span><\/span><\/p>\r\n\r\n<p style=\"text-align:justify\"><span style=\"font-size:28pt\"><span style=\"font-family:Cambria,serif\"><span style=\"letter-spacing:-0.5pt\"><b><span style=\"font-size:18.0pt\"><span style=\"font-family:&quot;Calibri&quot;,sans-serif\"><span style=\"font-variant:small-caps\">Inova&ccedil;&atilde;o<\/span><\/span><\/span><\/b><\/span><\/span><\/span><\/p>\r\n\r\n<p style=\"text-align:justify\"><span style=\"font-size:11pt\"><span style=\"line-height:normal\"><span style=\"font-family:Calibri,sans-serif\"><a href=\"https:\/\/exame.com\/negocios\/ela-quer-revolucionar-a-reciclagem-de-plastico-com-biotecnologia\/\" style=\"color:blue; text-decoration:underline\"><span style=\"font-size:14.0pt\">Ela quer revolucionar a reciclagem de pl&aacute;stico com biotecnologia<\/span><\/a><\/span><\/span><\/span><\/p>\r\n\r\n<p style=\"text-align:justify\"><span style=\"font-size:11pt\"><span style=\"line-height:normal\"><span style=\"font-family:Calibri,sans-serif\"><a href=\"https:\/\/plasticosemrevista.com.br\/inteligencia-artificial-nada-sera-como-antes\/\" style=\"color:blue; text-decoration:underline\"><span style=\"font-size:14.0pt\">Intelig&ecirc;ncia artificial: nada ser&aacute; como antes<\/span><\/a><\/span><\/span><\/span><\/p>\r\n\r\n<p style=\"text-align:justify\"><span style=\"font-size:28pt\"><span style=\"font-family:Cambria,serif\"><span style=\"letter-spacing:-0.5pt\"><b><span style=\"font-size:18.0pt\"><span style=\"font-family:&quot;Calibri&quot;,sans-serif\"><span style=\"font-variant:small-caps\">Com&eacute;rcio Exterior<\/span><\/span><\/span><\/b><\/span><\/span><\/span><\/p>\r\n\r\n<p style=\"text-align:justify\"><span style=\"font-size:11pt\"><span style=\"line-height:normal\"><span style=\"font-family:Calibri,sans-serif\"><a href=\"https:\/\/anba.com.br\/acordo-emirados-mercosul-deve-sair-neste-semestre\/\" style=\"color:blue; text-decoration:underline\"><span style=\"font-size:14.0pt\">Acordo Emirados-Mercosul deve sair neste semestre<\/span><\/a><\/span><\/span><\/span><\/p>\r\n\r\n<p style=\"text-align:justify\"><span style=\"font-size:11pt\"><span style=\"line-height:normal\"><span style=\"font-family:Calibri,sans-serif\"><a href=\"https:\/\/www.nonwovens-industry.com\/contents\/view_online-exclusives\/2025-05-06\/chinas-nonwovens-output-records-the-largest-post-pandemic-growth\/?utm_campaign=NON%20eNewsletter&amp;utm_medium=email&amp;_hsenc=p2ANqtz-8a8j8pwweW_fINRhFnM8fKMXId4efVValQ7I_HVRDpXaYTuSUXHZFuE8npVDLyS2GVlqqIRkdqL43ZN49x6ZG38X_lZg&amp;_hsmi=360577117&amp;utm_content=360577117&amp;utm_source=hs_email\" style=\"color:blue; text-decoration:underline\"><span lang=\"EN-US\" style=\"font-size:14.0pt\">China&#39;s Nonwovens Output Records the Largest Post-Pandemic Growth<\/span><\/a><\/span><\/span><\/span><\/p>\r\n\r\n<p style=\"text-align:justify\"><span style=\"font-size:11pt\"><span style=\"line-height:normal\"><span style=\"font-family:Calibri,sans-serif\"><a href=\"https:\/\/www.portoitajai.com.br\/noticia\/1933\/porto-de-itajai-ganha-nova-linha-com-conexao-ao-mercosul\" style=\"color:blue; text-decoration:underline\"><span style=\"font-size:14.0pt\">Porto de Itaja&iacute; ganha nova linha com conex&atilde;o ao Mercosul<\/span><\/a><\/span><\/span><\/span><\/p>\r\n\r\n<p style=\"text-align:justify\"><span style=\"font-size:11pt\"><span style=\"line-height:normal\"><span style=\"font-family:Calibri,sans-serif\"><a href=\"https:\/\/r.mail.fibretofashion.com\/tr\/cl\/rRHimIZQfNd0vb29LyZeSMFrz0Zsn0G9FkT6By8quRnDBUG1wbV8ekF610wT9blv_vv96hIdtpa2AAHCHSwbVaU_KEDw5HsNqp45hFQ_EDnsdEle2pDxuZ5ng-X-S1B4S8ac3sB3_SGjEkHzcSB565Qsa0rbPxuHAgUig-MTmqfVcN4PuEkTrwxmqgIWCfvyMVl4uuQxeYgz2Sz82R_Beq6cvX_BKWguTtSn-kkX3RrC6sBYisDzQe33teZwnZQQf1QMzjsqVAaM7fg14I53SSC_ifWFSivV4_SqBB-pgxznta48B0TbAJGIOtQEqyWsx9Jdrc97953cGi629AYVnaPVRkzmnLW_81y1Wj80Y8hRq8UyyNBYjRZfjEyAJ0dgHDIi2exWJxZPiskmEOhf_tQuBuheo-pEHvN9_Ck3\" style=\"color:blue; text-decoration:underline\" target=\"_blank\" title=\"Average price of US garment imports from China drop by up to 20%\"><span lang=\"EN-US\" style=\"font-size:14.0pt\">Average price of US garment imports from China drop by up to 20%<\/span><\/a><\/span><\/span><\/span><\/p>\r\n\r\n<p style=\"text-align:justify\"><span style=\"font-size:28pt\"><span style=\"font-family:Cambria,serif\"><span style=\"letter-spacing:-0.5pt\"><b><span style=\"font-size:18.0pt\"><span style=\"font-family:&quot;Calibri&quot;,sans-serif\"><span style=\"font-variant:small-caps\">Economia<\/span><\/span><\/span><\/b><\/span><\/span><\/span><\/p>\r\n\r\n<p style=\"text-align:justify\"><span style=\"font-size:11pt\"><span style=\"line-height:normal\"><span style=\"font-family:Calibri,sans-serif\"><a href=\"https:\/\/www.bcb.gov.br\/content\/focus\/focus\/R20250509.pdf\" style=\"color:blue; text-decoration:underline\"><span style=\"font-size:14.0pt\">Focus - Relat&oacute;rio de Mercado<\/span><\/a><\/span><\/span><\/span><\/p>\r\n\r\n<p style=\"text-align:justify\"><span style=\"font-size:11pt\"><span style=\"line-height:normal\"><span style=\"font-family:Calibri,sans-serif\"><a href=\"https:\/\/r.mail.fibretofashion.com\/tr\/cl\/vH_x6aOZorlxOy-4c7nebvCglcZEBeKZdL_oUJeXtnwUGZfRyUESS8PlyhJyZb-xrforZeamiDPdUIY2lIi_puVT_4IOwWM3fclG_bj481N7139JciokU0Vu5TPlrcLoSp4j5gJ50W72LKrj0zqng2kWCz9FHbHMXK-ODahsSvtzq9ebciI1rjqCRMLUvb2aLVwab9mu87j0pt_i0aPvj0EnXuEXa-Fj_7N_0EUCdmvV1qpfKwQnVOXCnSD1TB9Dp9J_jO9tPNN8xoziqYYClx-PlGJcqrOQnpi4a-OHDp2Yb8UZgJpfqyzMxt9FV-j4xDO-_T3xH3BcUG_x7zxLUBQ3AZFOPgCR8jdsrJzK29MzzdLMZABaciuCoofLSGUPKjCdYT7Lle9IXyHN321JEMJWAP9eOBnyzbpRVpOAFoslXw\" style=\"color:blue; text-decoration:underline\" target=\"_blank\" title=\"China\u2019s financial package to fix market, reinforce economic momentum\"><span style=\"font-size:14.0pt\">China&rsquo;s financial package to fix market, reinforce economic momentum<\/span><\/a><\/span><\/span><\/span><\/p>\r\n\r\n<p style=\"text-align:justify\"><img src=\"https:\/\/www.abint.org.br\/assets\/img\/editor\/redes-sociais-abint-ctg-cth_20250430194140IGmqVM6eS7.jpg\" \/><\/p>\r\n","texto_en":"","7":"","imagem":"COMP_capa-2025-site-boletim-abint-noticias-semanis_20250514122547fkonsq6cHP.jpg","8":"COMP_capa-2025-site-boletim-abint-noticias-semanis_20250514122547fkonsq6cHP.jpg","arquivo":"20250513-BOLETIM-ABINT-DE-NOTICIAS-SEMANAIS.PDF","9":"20250513-BOLETIM-ABINT-DE-NOTICIAS-SEMANAIS.PDF","titulo_arquivo":"20250513 Boletim ABINT de Not\u00edcias Semanais","10":"20250513 Boletim ABINT de Not\u00edcias Semanais","titulo_arquivo_en":"","11":"","created_at":"2025-05-14 12:25:57","12":"2025-05-14 12:25:57","updated_at":"2025-05-14 12:25:57","13":"2025-05-14 12:25:57"},{"id":187,"0":187,"ordem":52,"1":52,"data":"2025-05-07","2":"2025-05-07","slug":"prorrogadas-as-inscricoes-para-a-mais-importante-premiacao-de-trabalhos-academicos-de-graduacao-voltados-aos-geossinteticos","3":"prorrogadas-as-inscricoes-para-a-mais-importante-premiacao-de-trabalhos-academicos-de-graduacao-voltados-aos-geossinteticos","titulo":"Prorrogadas as inscri\u00e7\u00f5es para a mais importante premia\u00e7\u00e3o de trabalhos acad\u00eamicos de gradua\u00e7\u00e3o voltados aos geossint\u00e9ticos","4":"Prorrogadas as inscri\u00e7\u00f5es para a mais importante premia\u00e7\u00e3o de trabalhos acad\u00eamicos de gradua\u00e7\u00e3o voltados aos geossint\u00e9ticos","titulo_en":"","5":"","texto":"<p align=\"center\" style=\"text-align:center; margin-bottom:13px\"><span style=\"font-size:11pt\"><span style=\"line-height:115%\"><span style=\"font-family:Calibri,sans-serif\"><a name=\"_Hlk197866130\"><b><span style=\"font-size:14.0pt\"><span style=\"line-height:115%\"><span style=\"font-family:&quot;Arial&quot;,sans-serif\">Prorrogadas as inscri&ccedil;&otilde;es para a mais importante premia&ccedil;&atilde;o de trabalhos acad&ecirc;micos de gradua&ccedil;&atilde;o voltados aos geossint&eacute;ticos<\/span><\/span><\/span><\/b><\/a><\/span><\/span><\/span><\/p>\r\n\r\n<p align=\"center\" style=\"text-align:center; margin-bottom:13px\"><span style=\"font-size:11pt\"><span style=\"line-height:115%\"><span style=\"font-family:Calibri,sans-serif\"><i><span style=\"font-family:&quot;Arial&quot;,sans-serif\">At&eacute; 30 de maio, ser&aacute; poss&iacute;vel inscrever trabalhos no pr&ecirc;mio &ldquo;TCC\/IC Prof. Benedito de Souza Bueno&rdquo;, criado a partir da parceria entre o CTG ABINT e a IGS Brasil e que reconhece os melhores Trabalhos de Conclus&atilde;o de Curso e de Inicia&ccedil;&atilde;o Cient&iacute;fica, publicados anualmente e desenvolvidos em Universidades Brasileiras<\/span><\/i><\/span><\/span><\/span><\/p>\r\n\r\n<p style=\"text-align:justify\">&nbsp;<\/p>\r\n\r\n<p style=\"margin-top:16px; text-align:justify; margin-bottom:13px\"><span style=\"font-size:11pt\"><span style=\"background:white\"><span style=\"line-height:115%\"><span style=\"font-family:Calibri,sans-serif\"><span style=\"font-family:&quot;Arial&quot;,sans-serif\"><span style=\"color:black\">Foram prorrogadas para 30 de maio as inscri&ccedil;&otilde;es para o &ldquo;Pr&ecirc;mio TCC\/ IC &ndash; Tecnologia em Geossint&eacute;ticos Prof. Benedito de Souza Bueno&rdquo;, edi&ccedil;&atilde;o 2024-2025. O pr&ecirc;mio, que j&aacute; &eacute; refer&ecirc;ncia no setor, tornou-se a maior e mais importante premia&ccedil;&atilde;o de trabalhos acad&ecirc;micos de gradua&ccedil;&atilde;o voltados aos geossint&eacute;ticos.<\/span><\/span><\/span><\/span><\/span><\/span><\/p>\r\n\r\n<p style=\"margin-top:16px; text-align:justify; margin-bottom:13px\"><span style=\"font-size:11pt\"><span style=\"background:white\"><span style=\"line-height:115%\"><span style=\"font-family:Calibri,sans-serif\"><span style=\"font-family:&quot;Arial&quot;,sans-serif\"><span style=\"color:black\">Criado a partir da parceria entre a Associa&ccedil;&atilde;o Brasileira de Geossint&eacute;ticos (IGS Brasil) e o Comit&ecirc; de Geossint&eacute;ticos da Associa&ccedil;&atilde;o Brasileira das Ind&uacute;strias de N&atilde;otecidos e Tecidos T&eacute;cnicos (CTG ABINT), o pr&ecirc;mio, que est&aacute; em sua quarta edi&ccedil;&atilde;o, reconhece os melhores Trabalhos de Conclus&atilde;o de Curso e de Inicia&ccedil;&atilde;o Cient&iacute;fica, publicados anualmente e desenvolvidos em Universidades no Brasil. <\/span><\/span><\/span><\/span><\/span><\/span><\/p>\r\n\r\n<p style=\"margin-top:16px; text-align:justify; margin-bottom:13px\"><span style=\"font-size:11pt\"><span style=\"background:white\"><span style=\"line-height:115%\"><span style=\"font-family:Calibri,sans-serif\"><span style=\"font-family:&quot;Arial&quot;,sans-serif\"><span style=\"color:black\">O tema dos trabalhos apresentados sempre &eacute; relacionado aos geossint&eacute;ticos, que s&atilde;o produtos polim&eacute;ricos (sint&eacute;ticos ou naturais) industrializados, desenvolvidos para aplica&ccedil;&atilde;o em obras geot&eacute;cnicas, desempenhando uma ou mais fun&ccedil;&otilde;es, tais como de refor&ccedil;o, filtra&ccedil;&atilde;o, drenagem, separa&ccedil;&atilde;o, impermeabiliza&ccedil;&atilde;o e controle de eros&atilde;o.<\/span><\/span><\/span><\/span><\/span><\/span><\/p>\r\n\r\n<p style=\"margin-top:16px; text-align:justify; margin-bottom:13px\"><span style=\"font-size:11pt\"><span style=\"background:white\"><span style=\"line-height:115%\"><span style=\"font-family:Calibri,sans-serif\"><span style=\"font-family:&quot;Arial&quot;,sans-serif\"><span style=\"color:black\">Entre os pr&ecirc;mios para os estudantes vencedores est&atilde;o, al&eacute;m do diploma, um ano de dispensa de pagamento da anuidade da IGS Brasil, um exemplar do livro &ldquo;Manual Brasileiro de Geossint&eacute;ticos&rdquo;, que ser&atilde;o entregues em um evento especial. <\/span><\/span><\/span><\/span><\/span><\/span><\/p>\r\n\r\n<p style=\"margin-top:16px; text-align:justify; margin-bottom:13px\"><span style=\"font-size:11pt\"><span style=\"background:white\"><span style=\"line-height:115%\"><span style=\"font-family:Calibri,sans-serif\"><span style=\"font-family:&quot;Arial&quot;,sans-serif\"><span style=\"color:black\">Para a Prof. Dra. Nat&aacute;lia de Souza Correia, da IGS Brasil, o Pr&ecirc;mio <\/span><\/span><span style=\"font-family:&quot;Arial&quot;,sans-serif\"><span style=\"color:black\">TCC\/IC Prof. Dr.<\/span><\/span> <span style=\"font-family:&quot;Arial&quot;,sans-serif\"><span style=\"color:black\">Benedito de Souza Bueno<\/span><\/span> <span style=\"font-family:&quot;Arial&quot;,sans-serif\"><span style=\"color:black\">vai al&eacute;m do reconhecimento aos trabalhos desenvolvidos pelos alunos nas Universidade brasileiras e se estende a seus professores orientadores.<\/span><\/span> <span style=\"font-family:&quot;Arial&quot;,sans-serif\"><span style=\"color:black\">&ldquo;Essa iniciativa impulsiona a cria&ccedil;&atilde;o de novas solu&ccedil;&otilde;es com geossint&eacute;ticos na engenharia, coloca nossas pesquisas em destaque nacional e, acima de tudo, fortalece o desenvolvimento da ci&ecirc;ncia no Brasil. Esse pr&ecirc;mio &eacute; um est&iacute;mulo para que estudantes e pesquisadores sigam inovando e transformando o futuro da engenharia&quot;, comenta. <\/span><\/span><\/span><\/span><\/span><\/span><\/p>\r\n\r\n<p style=\"margin-top:16px; text-align:justify; margin-bottom:13px\"><span style=\"font-size:11pt\"><span style=\"background:white\"><span style=\"line-height:115%\"><span style=\"font-family:Calibri,sans-serif\"><span style=\"font-family:&quot;Arial&quot;,sans-serif\"><span style=\"color:black\">J&aacute; para <\/span><\/span><span style=\"font-family:&quot;Arial&quot;,sans-serif\"><span style=\"color:black\">MSc. Samira Paranhos, engenheira da Ober Geossint&eacute;ticos e coordenadora do CTG ABINT,<\/span><\/span><span style=\"font-family:&quot;Arial&quot;,sans-serif\"><span style=\"color:black\"> a<\/span><\/span><span style=\"font-family:&quot;Arial&quot;,sans-serif\"><span style=\"color:black\">poiar os jovens pesquisadores, futuros profissionais do mercado de geossint&eacute;ticos e, ainda, enaltecer o trabalho de mestres e professores tem sido o intuito dessa a&ccedil;&atilde;o. &ldquo;O Pr&ecirc;mio <\/span><\/span><span style=\"font-family:&quot;Arial&quot;,sans-serif\"><span style=\"color:black\">TCC\/IC Prof. Benedito de Souza Bueno&rdquo;<\/span><\/span><span style=\"font-family:&quot;Arial&quot;,sans-serif\"><span style=\"color:black\">, <\/span><\/span><span style=\"font-family:&quot;Arial&quot;,sans-serif\"><span style=\"color:black\">enfatiza os benef&iacute;cios dos geossint&eacute;ticos nas obras de infraestrutura e refor&ccedil;a a import&acirc;ncia da qualidade e das boas pr&aacute;ticas de fabrica&ccedil;&atilde;o e aplica&ccedil;&atilde;o desses produtos, apresentando &agrave; comunidade de Engenharia solu&ccedil;&otilde;es inovadoras e desenvolvimento tecnol&oacute;gico&rdquo;, completa Samira. <\/span><\/span><\/span><\/span><\/span><\/span><\/p>\r\n\r\n<p style=\"margin-top:16px; text-align:justify; margin-bottom:13px\"><span style=\"font-size:11pt\"><span style=\"background:white\"><span style=\"line-height:115%\"><span style=\"font-family:Calibri,sans-serif\"><b><span style=\"font-family:&quot;Arial&quot;,sans-serif\"><span style=\"color:black\">As inscri&ccedil;&otilde;es v&atilde;o at&eacute; 30 de maio de 2025. Para informa&ccedil;&otilde;es e inscri&ccedil;&otilde;es, acesse: <\/span><\/span><\/b><span style=\"color:black\"><a href=\"https:\/\/geossinteticos.org.br\/premiotccic\" style=\"color:blue; text-decoration:underline\"><b><span style=\"font-family:&quot;Arial&quot;,sans-serif\">https:\/\/geossinteticos.org.br\/premiotccic<\/span><\/b><\/a><\/span><\/span><\/span><\/span><\/span><\/p>\r\n\r\n<p style=\"margin-top:16px; text-align:justify; margin-bottom:13px\">&nbsp;<\/p>\r\n\r\n<p style=\"margin-top:16px; margin-bottom:13px; text-align:justify\"><span style=\"font-size:12pt\"><span style=\"background:white\"><span style=\"line-height:115%\"><span style=\"font-family:&quot;Times New Roman&quot;,serif\"><em><b><span style=\"font-size:10.0pt\"><span style=\"line-height:115%\"><span style=\"font-family:&quot;Arial&quot;,sans-serif\"><span style=\"color:black\">Sobre o CTG-ABINT:<\/span><\/span><\/span><\/span><\/b><\/em><em><span style=\"font-size:10.0pt\"><span style=\"line-height:115%\"><span style=\"font-family:&quot;Arial&quot;,sans-serif\"><span style=\"color:black\">&nbsp; composto por empresas fabricantes e distribuidoras de Geossint&eacute;ticos no Brasil e associadas &agrave; ABINT, o CTG-ABINT tem como objetivo divulgar as aplica&ccedil;&otilde;es dos Geossint&eacute;ticos em obras dos segmentos Ambiental, Agroneg&oacute;cio, Constru&ccedil;&atilde;o Civil, Infraestrutura, Minera&ccedil;&atilde;o, Transporte, entre outros, bem como difundir os conceitos de qualidade a serem observados por fabricantes e usu&aacute;rios, contribuindo para o desenvolvimento mercadol&oacute;gico de forma &eacute;tica e respons&aacute;vel. Para saber mais acesse www.geossinteticos.org.br<\/span><\/span><\/span><\/span><\/em><\/span><\/span><\/span><\/span><\/p>\r\n\r\n<p style=\"margin-top:16px; margin-bottom:13px; text-align:justify\"><span style=\"font-size:12pt\"><span style=\"background:white\"><span style=\"line-height:115%\"><span style=\"font-family:&quot;Times New Roman&quot;,serif\"><em><b><span style=\"font-size:10.0pt\"><span style=\"line-height:115%\"><span style=\"font-family:&quot;Arial&quot;,sans-serif\"><span style=\"color:black\">Sobre a ABINT:<\/span><\/span><\/span><\/span><\/b><\/em><em><span style=\"font-size:10.0pt\"><span style=\"line-height:115%\"><span style=\"font-family:&quot;Arial&quot;,sans-serif\"><span style=\"color:black\">&nbsp;Fundada em 1991, a <a name=\"_Hlk189124267\">Associa&ccedil;&atilde;o Brasileira das Ind&uacute;strias de N&atilde;otecidos e Tecidos T&eacute;cnicos<\/a> tem como objetivo representar, difundir e defender os interesses da ind&uacute;stria brasileira de N&atilde;otecidos e Tecidos T&eacute;cnicos, promovendo e apoiando o seu desenvolvimento e o crescimento do mercado de aplica&ccedil;&otilde;es desses produtos, que s&atilde;o fundamentais a diversos e importantes setores da economia do pa&iacute;s. Para saber mais acesse&nbsp;<\/span><\/span><\/span><\/span><\/em><span style=\"color:black\"><a href=\"http:\/\/www.abint.org.br\/\" style=\"color:blue; text-decoration:underline\"><em><span style=\"font-size:10.0pt\"><span style=\"line-height:115%\"><span style=\"font-family:&quot;Arial&quot;,sans-serif\"><span style=\"color:black\"><span style=\"text-decoration:none\"><span style=\"text-underline:none\">www.abint.org.br<\/span><\/span><\/span><\/span><\/span><\/span><\/em><\/a><\/span><\/span><\/span><\/span><\/span><\/p>\r\n\r\n<p style=\"margin-top:16px; margin-bottom:13px; text-align:justify\"><span style=\"font-size:12pt\"><span style=\"background:white\"><span style=\"line-height:115%\"><span style=\"font-family:&quot;Times New Roman&quot;,serif\"><em><b><span style=\"font-size:10.0pt\"><span style=\"line-height:115%\"><span style=\"font-family:&quot;Arial&quot;,sans-serif\"><span style=\"color:black\">Sobre a IGS Brasil: <\/span><\/span><\/span><\/span><\/b><\/em><em><span style=\"font-size:10.0pt\"><span style=\"line-height:115%\"><span style=\"font-family:&quot;Arial&quot;,sans-serif\"><span style=\"color:black\">Criada em 1997, como um dos Chapters da International Geosynthetic Society, a IGS Brasil<\/span><\/span><\/span><\/span><\/em><em><span style=\"font-size:10.0pt\"><span style=\"line-height:115%\"><span style=\"font-family:&quot;Arial&quot;,sans-serif\"><span style=\"color:black\"> re&uacute;ne mais de 200 membros individuais e corporativos que est&atilde;o envolvidos em projetos, fabrica&ccedil;&atilde;o, vendas, uso ou ensaio de geot&ecirc;xteis, geomembranas, produtos correlatos e tecnologias associadas, ou que ensinam ou desenvolvem pesquisas sobre tais produtos.<\/span><\/span><\/span><\/span><\/em><em><span style=\"font-size:10.0pt\"><span style=\"line-height:115%\"><span style=\"font-family:&quot;Arial&quot;,sans-serif\"><span style=\"color:black\"> Para saber mais acesse&nbsp;<\/span><\/span><\/span><\/span><\/em><span style=\"color:black\"><a href=\"http:\/\/www.igsbrasil.org.br\" style=\"color:blue; text-decoration:underline\"><em><span style=\"font-size:10.0pt\"><span style=\"line-height:115%\"><span style=\"font-family:&quot;Arial&quot;,sans-serif\"><span style=\"color:black\"><span style=\"text-decoration:none\"><span style=\"text-underline:none\">www.igsbrasil.org.br<\/span><\/span><\/span><\/span><\/span><\/span><\/em><\/a><\/span><\/span><\/span><\/span><\/span><\/p>\r\n\r\n<p style=\"margin-top:16px; margin-bottom:13px; text-align:justify\">&nbsp;<\/p>\r\n\r\n<p style=\"text-align:justify\"><span style=\"font-size:12pt\"><span style=\"background:white\"><span style=\"line-height:115%\"><span style=\"font-family:&quot;Times New Roman&quot;,serif\"><em><b><span style=\"font-size:8.0pt\"><span style=\"line-height:115%\"><span style=\"font-family:&quot;Arial&quot;,sans-serif\"><span style=\"color:#002060\">Informa&ccedil;&otilde;es &agrave; Imprensa<\/span><\/span><\/span><\/span><\/b><\/em><\/span><\/span><\/span><\/span><\/p>\r\n\r\n<p style=\"text-align:justify\"><span style=\"font-size:12pt\"><span style=\"background:white\"><span style=\"line-height:115%\"><span style=\"font-family:&quot;Times New Roman&quot;,serif\"><em><b><span style=\"font-size:8.0pt\"><span style=\"line-height:115%\"><span style=\"font-family:&quot;Arial&quot;,sans-serif\"><span style=\"color:#002060\">Assessoria de Comunica&ccedil;&atilde;o ABINT<\/span><\/span><\/span><\/span><\/b><\/em><\/span><\/span><\/span><\/span><\/p>\r\n\r\n<p style=\"text-align:justify\"><span style=\"font-size:12pt\"><span style=\"background:white\"><span style=\"line-height:115%\"><span style=\"font-family:&quot;Times New Roman&quot;,serif\"><em><b><span style=\"font-size:8.0pt\"><span style=\"line-height:115%\"><span style=\"font-family:&quot;Arial&quot;,sans-serif\"><span style=\"color:#002060\">Roberta Provatti <\/span><\/span><\/span><\/span><\/b><\/em><\/span><\/span><\/span><\/span><\/p>\r\n\r\n<p style=\"text-align:justify\"><span style=\"font-size:12pt\"><span style=\"background:white\"><span style=\"line-height:115%\"><span style=\"font-family:&quot;Times New Roman&quot;,serif\"><em><b><span style=\"font-size:8.0pt\"><span style=\"line-height:115%\"><span style=\"font-family:&quot;Arial&quot;,sans-serif\"><span style=\"color:#002060\">(11) 99652-4661<\/span><\/span><\/span><\/span><\/b><\/em><\/span><\/span><\/span><\/span><\/p>\r\n\r\n<p style=\"text-align:justify\"><span style=\"font-size:12pt\"><span style=\"background:white\"><span style=\"line-height:115%\"><span style=\"font-family:&quot;Times New Roman&quot;,serif\"><em><b><span style=\"font-size:8.0pt\"><span style=\"line-height:115%\"><span style=\"font-family:&quot;Arial&quot;,sans-serif\"><span style=\"color:#002060\">provattijornalista@gmail.com<\/span><\/span><\/span><\/span><\/b><\/em><\/span><\/span><\/span><\/span><\/p>\r\n","6":"<p align=\"center\" style=\"text-align:center; margin-bottom:13px\"><span style=\"font-size:11pt\"><span style=\"line-height:115%\"><span style=\"font-family:Calibri,sans-serif\"><a name=\"_Hlk197866130\"><b><span style=\"font-size:14.0pt\"><span style=\"line-height:115%\"><span style=\"font-family:&quot;Arial&quot;,sans-serif\">Prorrogadas as inscri&ccedil;&otilde;es para a mais importante premia&ccedil;&atilde;o de trabalhos acad&ecirc;micos de gradua&ccedil;&atilde;o voltados aos geossint&eacute;ticos<\/span><\/span><\/span><\/b><\/a><\/span><\/span><\/span><\/p>\r\n\r\n<p align=\"center\" style=\"text-align:center; margin-bottom:13px\"><span style=\"font-size:11pt\"><span style=\"line-height:115%\"><span style=\"font-family:Calibri,sans-serif\"><i><span style=\"font-family:&quot;Arial&quot;,sans-serif\">At&eacute; 30 de maio, ser&aacute; poss&iacute;vel inscrever trabalhos no pr&ecirc;mio &ldquo;TCC\/IC Prof. Benedito de Souza Bueno&rdquo;, criado a partir da parceria entre o CTG ABINT e a IGS Brasil e que reconhece os melhores Trabalhos de Conclus&atilde;o de Curso e de Inicia&ccedil;&atilde;o Cient&iacute;fica, publicados anualmente e desenvolvidos em Universidades Brasileiras<\/span><\/i><\/span><\/span><\/span><\/p>\r\n\r\n<p style=\"text-align:justify\">&nbsp;<\/p>\r\n\r\n<p style=\"margin-top:16px; text-align:justify; margin-bottom:13px\"><span style=\"font-size:11pt\"><span style=\"background:white\"><span style=\"line-height:115%\"><span style=\"font-family:Calibri,sans-serif\"><span style=\"font-family:&quot;Arial&quot;,sans-serif\"><span style=\"color:black\">Foram prorrogadas para 30 de maio as inscri&ccedil;&otilde;es para o &ldquo;Pr&ecirc;mio TCC\/ IC &ndash; Tecnologia em Geossint&eacute;ticos Prof. Benedito de Souza Bueno&rdquo;, edi&ccedil;&atilde;o 2024-2025. O pr&ecirc;mio, que j&aacute; &eacute; refer&ecirc;ncia no setor, tornou-se a maior e mais importante premia&ccedil;&atilde;o de trabalhos acad&ecirc;micos de gradua&ccedil;&atilde;o voltados aos geossint&eacute;ticos.<\/span><\/span><\/span><\/span><\/span><\/span><\/p>\r\n\r\n<p style=\"margin-top:16px; text-align:justify; margin-bottom:13px\"><span style=\"font-size:11pt\"><span style=\"background:white\"><span style=\"line-height:115%\"><span style=\"font-family:Calibri,sans-serif\"><span style=\"font-family:&quot;Arial&quot;,sans-serif\"><span style=\"color:black\">Criado a partir da parceria entre a Associa&ccedil;&atilde;o Brasileira de Geossint&eacute;ticos (IGS Brasil) e o Comit&ecirc; de Geossint&eacute;ticos da Associa&ccedil;&atilde;o Brasileira das Ind&uacute;strias de N&atilde;otecidos e Tecidos T&eacute;cnicos (CTG ABINT), o pr&ecirc;mio, que est&aacute; em sua quarta edi&ccedil;&atilde;o, reconhece os melhores Trabalhos de Conclus&atilde;o de Curso e de Inicia&ccedil;&atilde;o Cient&iacute;fica, publicados anualmente e desenvolvidos em Universidades no Brasil. <\/span><\/span><\/span><\/span><\/span><\/span><\/p>\r\n\r\n<p style=\"margin-top:16px; text-align:justify; margin-bottom:13px\"><span style=\"font-size:11pt\"><span style=\"background:white\"><span style=\"line-height:115%\"><span style=\"font-family:Calibri,sans-serif\"><span style=\"font-family:&quot;Arial&quot;,sans-serif\"><span style=\"color:black\">O tema dos trabalhos apresentados sempre &eacute; relacionado aos geossint&eacute;ticos, que s&atilde;o produtos polim&eacute;ricos (sint&eacute;ticos ou naturais) industrializados, desenvolvidos para aplica&ccedil;&atilde;o em obras geot&eacute;cnicas, desempenhando uma ou mais fun&ccedil;&otilde;es, tais como de refor&ccedil;o, filtra&ccedil;&atilde;o, drenagem, separa&ccedil;&atilde;o, impermeabiliza&ccedil;&atilde;o e controle de eros&atilde;o.<\/span><\/span><\/span><\/span><\/span><\/span><\/p>\r\n\r\n<p style=\"margin-top:16px; text-align:justify; margin-bottom:13px\"><span style=\"font-size:11pt\"><span style=\"background:white\"><span style=\"line-height:115%\"><span style=\"font-family:Calibri,sans-serif\"><span style=\"font-family:&quot;Arial&quot;,sans-serif\"><span style=\"color:black\">Entre os pr&ecirc;mios para os estudantes vencedores est&atilde;o, al&eacute;m do diploma, um ano de dispensa de pagamento da anuidade da IGS Brasil, um exemplar do livro &ldquo;Manual Brasileiro de Geossint&eacute;ticos&rdquo;, que ser&atilde;o entregues em um evento especial. <\/span><\/span><\/span><\/span><\/span><\/span><\/p>\r\n\r\n<p style=\"margin-top:16px; text-align:justify; margin-bottom:13px\"><span style=\"font-size:11pt\"><span style=\"background:white\"><span style=\"line-height:115%\"><span style=\"font-family:Calibri,sans-serif\"><span style=\"font-family:&quot;Arial&quot;,sans-serif\"><span style=\"color:black\">Para a Prof. Dra. Nat&aacute;lia de Souza Correia, da IGS Brasil, o Pr&ecirc;mio <\/span><\/span><span style=\"font-family:&quot;Arial&quot;,sans-serif\"><span style=\"color:black\">TCC\/IC Prof. Dr.<\/span><\/span> <span style=\"font-family:&quot;Arial&quot;,sans-serif\"><span style=\"color:black\">Benedito de Souza Bueno<\/span><\/span> <span style=\"font-family:&quot;Arial&quot;,sans-serif\"><span style=\"color:black\">vai al&eacute;m do reconhecimento aos trabalhos desenvolvidos pelos alunos nas Universidade brasileiras e se estende a seus professores orientadores.<\/span><\/span> <span style=\"font-family:&quot;Arial&quot;,sans-serif\"><span style=\"color:black\">&ldquo;Essa iniciativa impulsiona a cria&ccedil;&atilde;o de novas solu&ccedil;&otilde;es com geossint&eacute;ticos na engenharia, coloca nossas pesquisas em destaque nacional e, acima de tudo, fortalece o desenvolvimento da ci&ecirc;ncia no Brasil. Esse pr&ecirc;mio &eacute; um est&iacute;mulo para que estudantes e pesquisadores sigam inovando e transformando o futuro da engenharia&quot;, comenta. <\/span><\/span><\/span><\/span><\/span><\/span><\/p>\r\n\r\n<p style=\"margin-top:16px; text-align:justify; margin-bottom:13px\"><span style=\"font-size:11pt\"><span style=\"background:white\"><span style=\"line-height:115%\"><span style=\"font-family:Calibri,sans-serif\"><span style=\"font-family:&quot;Arial&quot;,sans-serif\"><span style=\"color:black\">J&aacute; para <\/span><\/span><span style=\"font-family:&quot;Arial&quot;,sans-serif\"><span style=\"color:black\">MSc. Samira Paranhos, engenheira da Ober Geossint&eacute;ticos e coordenadora do CTG ABINT,<\/span><\/span><span style=\"font-family:&quot;Arial&quot;,sans-serif\"><span style=\"color:black\"> a<\/span><\/span><span style=\"font-family:&quot;Arial&quot;,sans-serif\"><span style=\"color:black\">poiar os jovens pesquisadores, futuros profissionais do mercado de geossint&eacute;ticos e, ainda, enaltecer o trabalho de mestres e professores tem sido o intuito dessa a&ccedil;&atilde;o. &ldquo;O Pr&ecirc;mio <\/span><\/span><span style=\"font-family:&quot;Arial&quot;,sans-serif\"><span style=\"color:black\">TCC\/IC Prof. Benedito de Souza Bueno&rdquo;<\/span><\/span><span style=\"font-family:&quot;Arial&quot;,sans-serif\"><span style=\"color:black\">, <\/span><\/span><span style=\"font-family:&quot;Arial&quot;,sans-serif\"><span style=\"color:black\">enfatiza os benef&iacute;cios dos geossint&eacute;ticos nas obras de infraestrutura e refor&ccedil;a a import&acirc;ncia da qualidade e das boas pr&aacute;ticas de fabrica&ccedil;&atilde;o e aplica&ccedil;&atilde;o desses produtos, apresentando &agrave; comunidade de Engenharia solu&ccedil;&otilde;es inovadoras e desenvolvimento tecnol&oacute;gico&rdquo;, completa Samira. <\/span><\/span><\/span><\/span><\/span><\/span><\/p>\r\n\r\n<p style=\"margin-top:16px; text-align:justify; margin-bottom:13px\"><span style=\"font-size:11pt\"><span style=\"background:white\"><span style=\"line-height:115%\"><span style=\"font-family:Calibri,sans-serif\"><b><span style=\"font-family:&quot;Arial&quot;,sans-serif\"><span style=\"color:black\">As inscri&ccedil;&otilde;es v&atilde;o at&eacute; 30 de maio de 2025. Para informa&ccedil;&otilde;es e inscri&ccedil;&otilde;es, acesse: <\/span><\/span><\/b><span style=\"color:black\"><a href=\"https:\/\/geossinteticos.org.br\/premiotccic\" style=\"color:blue; text-decoration:underline\"><b><span style=\"font-family:&quot;Arial&quot;,sans-serif\">https:\/\/geossinteticos.org.br\/premiotccic<\/span><\/b><\/a><\/span><\/span><\/span><\/span><\/span><\/p>\r\n\r\n<p style=\"margin-top:16px; text-align:justify; margin-bottom:13px\">&nbsp;<\/p>\r\n\r\n<p style=\"margin-top:16px; margin-bottom:13px; text-align:justify\"><span style=\"font-size:12pt\"><span style=\"background:white\"><span style=\"line-height:115%\"><span style=\"font-family:&quot;Times New Roman&quot;,serif\"><em><b><span style=\"font-size:10.0pt\"><span style=\"line-height:115%\"><span style=\"font-family:&quot;Arial&quot;,sans-serif\"><span style=\"color:black\">Sobre o CTG-ABINT:<\/span><\/span><\/span><\/span><\/b><\/em><em><span style=\"font-size:10.0pt\"><span style=\"line-height:115%\"><span style=\"font-family:&quot;Arial&quot;,sans-serif\"><span style=\"color:black\">&nbsp; composto por empresas fabricantes e distribuidoras de Geossint&eacute;ticos no Brasil e associadas &agrave; ABINT, o CTG-ABINT tem como objetivo divulgar as aplica&ccedil;&otilde;es dos Geossint&eacute;ticos em obras dos segmentos Ambiental, Agroneg&oacute;cio, Constru&ccedil;&atilde;o Civil, Infraestrutura, Minera&ccedil;&atilde;o, Transporte, entre outros, bem como difundir os conceitos de qualidade a serem observados por fabricantes e usu&aacute;rios, contribuindo para o desenvolvimento mercadol&oacute;gico de forma &eacute;tica e respons&aacute;vel. Para saber mais acesse www.geossinteticos.org.br<\/span><\/span><\/span><\/span><\/em><\/span><\/span><\/span><\/span><\/p>\r\n\r\n<p style=\"margin-top:16px; margin-bottom:13px; text-align:justify\"><span style=\"font-size:12pt\"><span style=\"background:white\"><span style=\"line-height:115%\"><span style=\"font-family:&quot;Times New Roman&quot;,serif\"><em><b><span style=\"font-size:10.0pt\"><span style=\"line-height:115%\"><span style=\"font-family:&quot;Arial&quot;,sans-serif\"><span style=\"color:black\">Sobre a ABINT:<\/span><\/span><\/span><\/span><\/b><\/em><em><span style=\"font-size:10.0pt\"><span style=\"line-height:115%\"><span style=\"font-family:&quot;Arial&quot;,sans-serif\"><span style=\"color:black\">&nbsp;Fundada em 1991, a <a name=\"_Hlk189124267\">Associa&ccedil;&atilde;o Brasileira das Ind&uacute;strias de N&atilde;otecidos e Tecidos T&eacute;cnicos<\/a> tem como objetivo representar, difundir e defender os interesses da ind&uacute;stria brasileira de N&atilde;otecidos e Tecidos T&eacute;cnicos, promovendo e apoiando o seu desenvolvimento e o crescimento do mercado de aplica&ccedil;&otilde;es desses produtos, que s&atilde;o fundamentais a diversos e importantes setores da economia do pa&iacute;s. Para saber mais acesse&nbsp;<\/span><\/span><\/span><\/span><\/em><span style=\"color:black\"><a href=\"http:\/\/www.abint.org.br\/\" style=\"color:blue; text-decoration:underline\"><em><span style=\"font-size:10.0pt\"><span style=\"line-height:115%\"><span style=\"font-family:&quot;Arial&quot;,sans-serif\"><span style=\"color:black\"><span style=\"text-decoration:none\"><span style=\"text-underline:none\">www.abint.org.br<\/span><\/span><\/span><\/span><\/span><\/span><\/em><\/a><\/span><\/span><\/span><\/span><\/span><\/p>\r\n\r\n<p style=\"margin-top:16px; margin-bottom:13px; text-align:justify\"><span style=\"font-size:12pt\"><span style=\"background:white\"><span style=\"line-height:115%\"><span style=\"font-family:&quot;Times New Roman&quot;,serif\"><em><b><span style=\"font-size:10.0pt\"><span style=\"line-height:115%\"><span style=\"font-family:&quot;Arial&quot;,sans-serif\"><span style=\"color:black\">Sobre a IGS Brasil: <\/span><\/span><\/span><\/span><\/b><\/em><em><span style=\"font-size:10.0pt\"><span style=\"line-height:115%\"><span style=\"font-family:&quot;Arial&quot;,sans-serif\"><span style=\"color:black\">Criada em 1997, como um dos Chapters da International Geosynthetic Society, a IGS Brasil<\/span><\/span><\/span><\/span><\/em><em><span style=\"font-size:10.0pt\"><span style=\"line-height:115%\"><span style=\"font-family:&quot;Arial&quot;,sans-serif\"><span style=\"color:black\"> re&uacute;ne mais de 200 membros individuais e corporativos que est&atilde;o envolvidos em projetos, fabrica&ccedil;&atilde;o, vendas, uso ou ensaio de geot&ecirc;xteis, geomembranas, produtos correlatos e tecnologias associadas, ou que ensinam ou desenvolvem pesquisas sobre tais produtos.<\/span><\/span><\/span><\/span><\/em><em><span style=\"font-size:10.0pt\"><span style=\"line-height:115%\"><span style=\"font-family:&quot;Arial&quot;,sans-serif\"><span style=\"color:black\"> Para saber mais acesse&nbsp;<\/span><\/span><\/span><\/span><\/em><span style=\"color:black\"><a href=\"http:\/\/www.igsbrasil.org.br\" style=\"color:blue; text-decoration:underline\"><em><span style=\"font-size:10.0pt\"><span style=\"line-height:115%\"><span style=\"font-family:&quot;Arial&quot;,sans-serif\"><span style=\"color:black\"><span style=\"text-decoration:none\"><span style=\"text-underline:none\">www.igsbrasil.org.br<\/span><\/span><\/span><\/span><\/span><\/span><\/em><\/a><\/span><\/span><\/span><\/span><\/span><\/p>\r\n\r\n<p style=\"margin-top:16px; margin-bottom:13px; text-align:justify\">&nbsp;<\/p>\r\n\r\n<p style=\"text-align:justify\"><span style=\"font-size:12pt\"><span style=\"background:white\"><span style=\"line-height:115%\"><span style=\"font-family:&quot;Times New Roman&quot;,serif\"><em><b><span style=\"font-size:8.0pt\"><span style=\"line-height:115%\"><span style=\"font-family:&quot;Arial&quot;,sans-serif\"><span style=\"color:#002060\">Informa&ccedil;&otilde;es &agrave; Imprensa<\/span><\/span><\/span><\/span><\/b><\/em><\/span><\/span><\/span><\/span><\/p>\r\n\r\n<p style=\"text-align:justify\"><span style=\"font-size:12pt\"><span style=\"background:white\"><span style=\"line-height:115%\"><span style=\"font-family:&quot;Times New Roman&quot;,serif\"><em><b><span style=\"font-size:8.0pt\"><span style=\"line-height:115%\"><span style=\"font-family:&quot;Arial&quot;,sans-serif\"><span style=\"color:#002060\">Assessoria de Comunica&ccedil;&atilde;o ABINT<\/span><\/span><\/span><\/span><\/b><\/em><\/span><\/span><\/span><\/span><\/p>\r\n\r\n<p style=\"text-align:justify\"><span style=\"font-size:12pt\"><span style=\"background:white\"><span style=\"line-height:115%\"><span style=\"font-family:&quot;Times New Roman&quot;,serif\"><em><b><span style=\"font-size:8.0pt\"><span style=\"line-height:115%\"><span style=\"font-family:&quot;Arial&quot;,sans-serif\"><span style=\"color:#002060\">Roberta Provatti <\/span><\/span><\/span><\/span><\/b><\/em><\/span><\/span><\/span><\/span><\/p>\r\n\r\n<p style=\"text-align:justify\"><span style=\"font-size:12pt\"><span style=\"background:white\"><span style=\"line-height:115%\"><span style=\"font-family:&quot;Times New Roman&quot;,serif\"><em><b><span style=\"font-size:8.0pt\"><span style=\"line-height:115%\"><span style=\"font-family:&quot;Arial&quot;,sans-serif\"><span style=\"color:#002060\">(11) 99652-4661<\/span><\/span><\/span><\/span><\/b><\/em><\/span><\/span><\/span><\/span><\/p>\r\n\r\n<p style=\"text-align:justify\"><span style=\"font-size:12pt\"><span style=\"background:white\"><span style=\"line-height:115%\"><span style=\"font-family:&quot;Times New Roman&quot;,serif\"><em><b><span style=\"font-size:8.0pt\"><span style=\"line-height:115%\"><span style=\"font-family:&quot;Arial&quot;,sans-serif\"><span style=\"color:#002060\">provattijornalista@gmail.com<\/span><\/span><\/span><\/span><\/b><\/em><\/span><\/span><\/span><\/span><\/p>\r\n","texto_en":"","7":"","imagem":"COMP_capa-2025-site-comunicacao_202508291640461RDzcVRt1e.jpg","8":"COMP_capa-2025-site-comunicacao_202508291640461RDzcVRt1e.jpg","arquivo":"20250507-RELEASE_-CTG_-PREMIO-TCC_PRORROGADO_FINAL.PDF","9":"20250507-RELEASE_-CTG_-PREMIO-TCC_PRORROGADO_FINAL.PDF","titulo_arquivo":"20250507 Release CTG Premio TCC IC prorrogado_final","10":"20250507 Release CTG Premio TCC IC prorrogado_final","titulo_arquivo_en":"","11":"","created_at":"2025-08-29 16:40:57","12":"2025-08-29 16:40:57","updated_at":"2025-08-29 16:40:57","13":"2025-08-29 16:40:57"},{"id":169,"0":169,"ordem":53,"1":53,"data":"2025-05-06","2":"2025-05-06","slug":"boletim-abint-de-noticias-semanais-74","3":"boletim-abint-de-noticias-semanais-74","titulo":"Boletim ABINT de Not\u00edcias Semanais","4":"Boletim ABINT de Not\u00edcias Semanais","titulo_en":"","5":"","texto":"<p style=\"text-align:justify\"><span style=\"font-size:11pt\"><span style=\"line-height:normal\"><span style=\"font-family:Calibri,sans-serif\"><span style=\"font-size:14.0pt\">Esta &eacute; uma compila&ccedil;&atilde;o das not&iacute;cias mais relevantes para o setor, incluindo informa&ccedil;&otilde;es sobre acordos internacionais, economia brasileira, sustentabilidade e mat&eacute;rias primas, al&eacute;m de novidades do setor de N&atilde;otecidos e Tecidos T&eacute;cnicos.<\/span><\/span><\/span><\/span><\/p>\r\n\r\n<p style=\"text-align:justify\"><span style=\"font-size:28pt\"><span style=\"font-family:Cambria,serif\"><span style=\"letter-spacing:-0.5pt\"><b><span style=\"font-size:18.0pt\"><span style=\"font-family:&quot;Calibri&quot;,sans-serif\"><span style=\"font-variant:small-caps\">O que vem por a&iacute;<\/span><\/span><\/span><\/b><\/span><\/span><\/span><\/p>\r\n\r\n<p><b><img src=\"https:\/\/www.abint.org.br\/assets\/img\/editor\/abint-logo-2020-g_20250402165019mojhtZg4sN.png\" style=\"width: 300px; height: 69px;\" \/><\/b><\/p>\r\n\r\n<p><b><img src=\"https:\/\/www.abint.org.br\/assets\/img\/editor\/post-quadrado-curso-naotecido_202504021701223fcQUdXvek.jpg\" style=\"width: 500px; height: 500px;\" \/><\/b><\/p>\r\n\r\n<p><a href=\"https:\/\/encurtador.com.br\/5RiJ6\">Fa&ccedil;a sua inscri&ccedil;&atilde;o<\/a><\/p>\r\n\r\n<p>&nbsp;<\/p>\r\n\r\n<p><img src=\"https:\/\/www.abint.org.br\/assets\/img\/editor\/logo-ctg-abint-png_202502051355479yWykO7ojh.png\" style=\"width: 300px; height: 55px;\" \/><\/p>\r\n\r\n<p>&nbsp;<\/p>\r\n\r\n<p><img src=\"https:\/\/www.abint.org.br\/assets\/img\/editor\/e-mail-post-premio-tcc-icc-2024-2025_20250430193536F42nr8Haxy.png\" style=\"width: 500px; height: 500px;\" \/><\/p>\r\n\r\n<p><a href=\"https:\/\/geossinteticos.org.br\/premiotccic\">Inscreva seu trabalho<\/a><\/p>\r\n\r\n<p class=\"MsoTitle\" style=\"text-align:justify\"><span style=\"font-size:28pt\"><span style=\"font-family:Cambria,serif\"><span style=\"letter-spacing:-0.5pt\"><b><span style=\"font-size:18.0pt\"><span style=\"font-family:&quot;Calibri&quot;,sans-serif\"><span style=\"font-variant:small-caps\">Not&iacute;cias das Associadas<\/span><\/span><\/span><\/b><\/span><\/span><\/span><\/p>\r\n\r\n<p style=\"text-align:justify\"><span style=\"font-size:11pt\"><span style=\"line-height:normal\"><span style=\"font-family:Calibri,sans-serif\"><a href=\"https:\/\/www.abctecnologias.com.br\/historias-de-sucesso\/aquicultura-sustentavel-nas-filipinas-geomembranas-impermeaveis-com-leister\/?utm_source=ABC+Tecnologias&amp;utm_campaign=ccdb28191c-CAMPANHA_RSS_POSTS_SITE&amp;utm_medium=email&amp;utm_term=0_01821b5e7f-ccdb28191c-468976694\" style=\"color:blue; text-decoration:underline\"><span style=\"font-size:14.0pt\">ABC Tecnologias | Aquicultura sustent&aacute;vel nas Filipinas: geomembranas imperme&aacute;veis com Leister<\/span><\/a><\/span><\/span><\/span><\/p>\r\n\r\n<p style=\"text-align:justify\"><span style=\"font-size:11pt\"><span style=\"line-height:normal\"><span style=\"font-family:Calibri,sans-serif\"><a href=\"https:\/\/email2.nonwovens-industry.com\/e3t\/Ctc\/W2+113\/c-vk304\/VXk8ky1c4Pj8N1F0-z7TqDfhV7Wb0N5v-1qSMLtlTv5nR32W5BWr2F6lZ3mBW8hxRgY7WK1-VW68FDyS8QNXqZN1M6L9JTj0YXW65HvZV4Fpf6XW4BYF4z58hybpW6LT0kZ8yz009W3Tj_G87BRtYyN7l_lbCxLMQ9W7yBWw449F2MsVZS6SJ8J9f7MW8yNbQ28nf2pbW2Bl9jP8mf-nBW8MPkLL8xMfFRW8L86ZX440pS6W77z96f3PMgW2W3scf_f6J_zRHN99NKhZWY3MKW1VRNQk32MqSBW4xLQXc6kn-5NW3S7N845PWHtQW3S5D4z91lQlKW7_00NW1d_cxgW6LRFB42QSvfBW2VRBmh65pbq0VJ_gz45N4T9hW48bTxg6NgFfpW6NygNV6z-drkW50k2Kc98f3xkW5pKn-Z63MkQXW4y50pm7_WTH_W47c2qz75zlQFN99J15S1_sYwF9d6vLQCnHlN7GynbB1-B45f5W9xnC04\" style=\"color:blue; text-decoration:underline\" target=\"_blank\"><span lang=\"EN-US\" style=\"font-size:14.0pt\">Andritz Presents Advanced Process Solutions <\/span><\/a><\/span><\/span><\/span><\/p>\r\n\r\n<p style=\"text-align:justify\"><span style=\"font-size:11pt\"><span style=\"line-height:normal\"><span style=\"font-family:Calibri,sans-serif\"><a href=\"https:\/\/r.mail.fibretofashion.com\/tr\/cl\/Vhv6mmMO1E8a6KT_RSNtevFN8JtNesnAkCP4e8AZAabGgVy1hTpjafafWWvPF8Sp0uDTcfMlwxSm5uyGZgNYQl4bkehKZIX9-FDf-tr-EHZKTttUBYbKAmnh5647k5sEYoWbPSVDiREvQG3hAZ_WoP9NH-Wk2LPyt7iPZ_pDNhCm8YuIWEtBn8mXm_LsYCHHRzdEHKkk88nu05NTknq3T7GX912tPrry93xdEgGCuKItcc9mPJrXRtkj62DLFYNmymU_1a3C0mBLkX-QfvWi-niSAuh3XAJsl1gqKf8aD9FazzaWoxp2RMFWUa_qXpwYcNrUMYmhpQ61y9AjM_KeVDWkXvl5BEYOxyLg9J-2AvmMlY8dOHW7qJaR0wZWuoOvyo1tAxWyuCjp1TYGzCnhaJMaP3DTdvS3K5bgZSl9RUqtodnIfgoa5oX1SQ\" style=\"color:blue; text-decoration:underline\" target=\"_blank\"><span lang=\"EN-US\" style=\"font-size:14.0pt\">Andritz wins order for three spunlace lines from Chinese manufacturer<\/span><\/a><\/span><\/span><\/span><\/p>\r\n\r\n<p style=\"text-align:justify\"><span style=\"font-size:11pt\"><span style=\"line-height:normal\"><span style=\"font-family:Calibri,sans-serif\"><a href=\"https:\/\/br.investing.com\/news\/stock-market-news\/acoes-da-andritz-ag-sobem-92-apos-divulgacao-de-resultados-do-1o-tri-de-2025-93CH-1533749\" style=\"color:blue; text-decoration:underline\"><span style=\"font-size:14.0pt\">A&ccedil;&otilde;es da Andritz AG sobem 9,2% ap&oacute;s divulga&ccedil;&atilde;o de resultados do 1&ordm; tri de 2025<\/span><\/a><\/span><\/span><\/span><\/p>\r\n\r\n<p style=\"text-align:justify\"><span style=\"font-size:11pt\"><span style=\"line-height:normal\"><span style=\"font-family:Calibri,sans-serif\"><a href=\"https:\/\/www.nonwovens-industry.com\/live-from-shows\/idea\/2025-05-01\/fitesa-showing-nonwovens-using-bio-based-hdpe\/?utm_campaign=NON%20Live%20From%20Show&amp;utm_medium=email&amp;_hsenc=p2ANqtz--4AtP5d92LS5yNEiogz8Q4Fnqt4oE5p-WNchqVqPLpX9RUiQ48qN8iOzu22H23qRRfzY7x-fol23abmtZGdgqTrmn2lA&amp;_hsmi=359465429&amp;utm_content=359465429&amp;utm_source=hs_email\" style=\"color:blue; text-decoration:underline\"><span lang=\"EN-US\" style=\"font-size:14.0pt\">Fitesa Showing Nonwovens Using Bio-based HDPE<\/span><\/a><\/span><\/span><\/span><\/p>\r\n\r\n<p style=\"text-align:justify\"><span style=\"font-size:11pt\"><span style=\"line-height:normal\"><span style=\"font-family:Calibri,sans-serif\"><a href=\"https:\/\/www.braskem.com.br\/usa\/news-detail\/braskem-and-fitesa-announce-the-use-of-braskems-im-green-bio-based-polyethylene-grade-for-fitesas-nonwovens\" style=\"color:blue; text-decoration:underline\"><span lang=\"EN-US\" style=\"font-size:14.0pt\">Braskem and Fitesa Announce the use of Braskem&#39;s I&#39;m green Bio-Based Polyethylene Grade for Fitesa&#39;s Nonwovens<\/span><\/a><\/span><\/span><\/span><\/p>\r\n\r\n<p style=\"text-align:justify\"><span style=\"font-size:11pt\"><span style=\"line-height:normal\"><span style=\"font-family:Calibri,sans-serif\"><a href=\"https:\/\/email2.nonwovens-industry.com\/e3t\/Ctc\/W2+113\/c-vk304\/VXk8ky1c4Pj8N1F0-z7TqDfhV7Wb0N5v-1qSMLtlTP5nR32W69t95C6lZ3mmW79_c0S7rj1q5W1VwVF-2dG0KSVHY1Wl7gPT3mW4DSqDG3CGfHSN2kWxk425yMJW2ydJKy2xSrgnW7dQsls5YTpKZW8g_dQC30rkS7W8xsGFf3yRYMcW5zQ1CV16zRybW7XrdTp5xyr9JW7HDNwn5cdM78W5-9x7K8dztXNW4pnGmP3z4C3gW6MvqYV4mqrl0W3G4QJl6wGL7lVtkBdl2Tr35WN7dbZSgbXnsCW8L6t1M7TzXM2W8NLLFf4vhNBVN3DHQJc8LTtmVCWRN129cTDHW7lrZZq7cnh22W6bqjyR5RHcQxW3RXmtX1TJH6GW99VNSK3DZQ73W3Rb4Fg19v0ZPW4rKG0m6vklkjW4Jw34693jwJgN5QyXC99zvW8W5F4pgf8cns1xW2TjmTW4nSjNQW4XNP5d4LqCWdW8-SWN388YbxSW3vN4jS2nq2-9W5gjvZc5nYr7Sf7LzVNz04\" style=\"color:blue; text-decoration:underline\" target=\"_blank\"><span lang=\"EN-US\" style=\"font-size:14.0pt\">Freudenberg Presents Diverse Range of High Performance Solutions <\/span><\/a><\/span><\/span><\/span><\/p>\r\n\r\n<p style=\"text-align:justify\"><span style=\"font-size:11pt\"><span style=\"line-height:normal\"><span style=\"font-family:Calibri,sans-serif\"><a href=\"https:\/\/indiantextilejournal.com\/trutzschler-india-opens-new-manufacturing-plant-at-sanand-gidc\/\" style=\"color:blue; text-decoration:underline\"><span lang=\"EN-US\" style=\"font-size:14.0pt\">Trutzschler India opens new manufacturing plant at Sanand GIDC<\/span><\/a><\/span><\/span><\/span><\/p>\r\n\r\n<p style=\"text-align:justify\"><span style=\"font-size:11pt\"><span style=\"line-height:normal\"><span style=\"font-family:Calibri,sans-serif\"><a href=\"https:\/\/email2.nonwovens-industry.com\/e3t\/Ctc\/W2+113\/c-vk304\/VXk8ky1c4Pj8N1F0-z7TqDfhV7Wb0N5v-1qSMLtlTv5nR32W5BWr2F6lZ3nZW5FxD2R43981TW1thvqr6Rtk5LVmJg536PSN6yW72hrTh7LNht8W3vR4071XK_hjW9gvR126qr3-nW67ZJlJ5pRw2VW7gDVL17rThbQMMCFCCVKwy-W6z6NsX6tqN_JW7DSlwt2CG9BhW6ytf2W4444gLW1Yt-Cg2ZcCy_W3dqYVG6JXfnLW8_PTRJ4Lm_BWW50T7wb7JCSzlVG6nlm1qprlxW5mPhl_2GC8zXN8mDJQYgfCx7W10j2kf2ldxKSW7F-fPN1NxV9ZW6MYWVQ103ZsmW29sCyp4P--yxW1r8z9w4d2c83N8f57v4H3VGYW8fbQt08wZFF3W7NCb-Y1rCN6BW6dqkc12h583VW4pNrYN4XKYsNW8NBbq97z81m6W67Pvkp7RLHkSW8gb68y2lZJ20W35YfP63NcyzvW58FRbq3BbwQVf2pbl4C04\" style=\"color:blue; text-decoration:underline\" target=\"_blank\"><span lang=\"EN-US\" style=\"font-size:14.0pt\">Tr&uuml;tzschler to Showcase Groundbreaking Solutions <\/span><\/a><\/span><\/span><\/span><\/p>\r\n\r\n<p style=\"text-align:justify\">&nbsp;<\/p>\r\n\r\n<p style=\"text-align:justify\"><span style=\"font-size:11pt\"><span style=\"line-height:normal\"><span style=\"font-family:Calibri,sans-serif\"><b><span lang=\"EN-US\" style=\"font-size:18.0pt\"><span style=\"font-variant:small-caps\">Eventos<\/span><\/span><\/b><\/span><\/span><\/span><\/p>\r\n\r\n<p style=\"text-align:justify\"><span style=\"font-size:11pt\"><span style=\"line-height:normal\"><span style=\"font-family:Calibri,sans-serif\"><a href=\"https:\/\/forms.gle\/gVRanQmStqMhRKtM6\" style=\"color:blue; text-decoration:underline\"><b><span style=\"font-size:14.0pt\">ABTT Academy | Curso: Vamos falar de sa&uacute;de mental nas empresas?<\/span><\/b><\/a>,&nbsp;<\/span><\/span><\/span><span style=\"font-size:11pt\"><span style=\"line-height:normal\"><span style=\"font-family:Calibri,sans-serif\"><span style=\"font-size:14.0pt\">17 de maio de 2025, 08h &agrave;s 12h, evento online<\/span><\/span><\/span><\/span><\/p>\r\n\r\n<p style=\"text-align:justify\"><span style=\"font-size:11pt\"><span style=\"line-height:normal\"><span style=\"font-family:Calibri,sans-serif\"><a href=\"https:\/\/www.hospitalar.com\/pt\/home.html\" style=\"color:blue; text-decoration:underline\"><b><span style=\"font-size:14.0pt\">Hospitalar 2025<\/span><\/b><\/a><span style=\"font-size:14.0pt\">, 20 a 23 de maio, 11h00 &agrave;s 20h00, S&atilde;o Paulo Expo, Rodovia dos Imigrantes, km 1,5<\/span><\/span><\/span><\/span><\/p>\r\n\r\n<p style=\"text-align:justify\"><span style=\"font-size:11pt\"><span style=\"line-height:normal\"><span style=\"font-family:Calibri,sans-serif\"><a href=\"https:\/\/evento.fgv.br\/politicamonetaria_2305\/\" style=\"color:blue; text-decoration:underline\"><b><span style=\"font-size:14.0pt\">FGV IBRE | XI Semin&aacute;rio Anual de Pol&iacute;tica Monet&aacute;ria<\/span><\/b><\/a><span style=\"font-size:14.0pt\">, 23\/05\/2025, 14:00 &agrave;s 18:00, presencial, Praia de Botafogo, 186, Rio de Janeiro. RJ<\/span><\/span><\/span><\/span><\/p>\r\n\r\n<p style=\"text-align:justify\"><span style=\"font-size:11pt\"><span style=\"line-height:normal\"><span style=\"font-family:Calibri,sans-serif\"><a href=\"https:\/\/www.sympla.com.br\/evento\/caminhos-sustentaveis-o-futuro-da-industria-textil\/2934717\" style=\"color:blue; text-decoration:underline\"><b><span style=\"font-size:14.0pt\">Caminhos Sustent&aacute;veis: o Futuro da Ind&uacute;stria T&ecirc;xtil<\/span><\/b><\/a><span style=\"font-size:14.0pt\">, 05 de junho de 2025, das 18h &agrave;s 22h, evento presencial, SENAI Americana, Americana, SP<\/span><\/span><\/span><\/span><\/p>\r\n\r\n<p style=\"text-align:justify\"><span style=\"font-size:11pt\"><span style=\"line-height:normal\"><span style=\"font-family:Calibri,sans-serif\"><a href=\"https:\/\/www.conbrava.com.br\/\" style=\"color:blue; text-decoration:underline\"><b><span style=\"font-size:14.0pt\">CONBRAVA 2025<\/span><\/b><\/a><span style=\"font-size:14.0pt\">, 10 a 12 de setembro de 2025, S&atilde;o Paulo Expo, Rodovia dos Imigrantes, km 1,5<\/span><\/span><\/span><\/span><\/p>\r\n\r\n<p style=\"text-align:justify\"><span style=\"font-size:11pt\"><span style=\"line-height:normal\"><span style=\"font-family:Calibri,sans-serif\"><a href=\"https:\/\/paving.com.br\/\" style=\"color:blue; text-decoration:underline\"><b><span style=\"font-size:14.0pt\">Paving Expo 2025<\/span><\/b><\/a><span style=\"font-size:14.0pt\">, 23 a 25 de setembro de 2025, Distrito Anhembi, Rua Prof. Milton Rodrigues, s\/n, Santana, S&atilde;o Paulo, SP<\/span><\/span><\/span><\/span><\/p>\r\n\r\n<p style=\"text-align:justify\"><span style=\"font-size:11pt\"><span style=\"line-height:normal\"><span style=\"font-family:Calibri,sans-serif\"><a href=\"https:\/\/www.instagram.com\/sobeccnacional\/p\/DA1V8NZyhNK\/?img_index=1\" style=\"color:blue; text-decoration:underline\"><b><span style=\"font-size:14.0pt\">17&ordm; Congresso Brasileiro de Enfermagem em Centro Cir&uacute;rgico: &ldquo;O poder de cuidar&rdquo;<\/span><\/b><\/a><span style=\"font-size:14.0pt\">, 01 a 03 de outubro de 2025, Transamerica Expo Center, S&atilde;o Paulo, SP<\/span><\/span><\/span><\/span><\/p>\r\n\r\n<p style=\"text-align:justify\"><span style=\"font-size:11pt\"><span style=\"line-height:normal\"><span style=\"font-family:Calibri,sans-serif\"><a href=\"https:\/\/www.abrafiltros.org.br\/3o-seminario-brasileiro-de-filtros-acontecera-no-dia-08-de-outubro\/\" style=\"color:blue; text-decoration:underline\"><b><span style=\"font-size:14.0pt\">3&ordm; Semin&aacute;rio Brasileiro de Filtros<\/span><\/b><\/a><span style=\"font-size:14.0pt\">, 08 de outubro de 2025, evento presencial<\/span><\/span><\/span><\/span><\/p>\r\n\r\n<p style=\"text-align:justify\"><span style=\"font-size:11pt\"><span style=\"line-height:normal\"><span style=\"font-family:Calibri,sans-serif\"><a href=\"https:\/\/hospitalmed.com.br\/feira\/\" style=\"color:blue; text-decoration:underline\"><b><span style=\"font-size:14.0pt\">HospitalMed 2025<\/span><\/b><\/a><span style=\"font-size:14.0pt\">, 22 a 24 de outubro, Pernambuco Centro de Conven&ccedil;&otilde;es, Olinda<\/span><\/span><\/span><\/span><\/p>\r\n\r\n<p style=\"text-align:justify\"><span style=\"font-size:11pt\"><span style=\"line-height:normal\"><span style=\"font-family:Calibri,sans-serif\"><a href=\"https:\/\/filtech.de\/\" style=\"color:blue; text-decoration:underline\"><b><span style=\"font-size:14.0pt\">Filtech 2026<\/span><\/b><\/a><span style=\"font-size:14.0pt\">, de 30 de junho a 2 de julho, Cologne, Alemanha<\/span><\/span><\/span><\/span><\/p>\r\n\r\n<p style=\"text-align:justify\"><span style=\"font-size:28pt\"><span style=\"font-family:Cambria,serif\"><span style=\"letter-spacing:-0.5pt\"><b><span lang=\"EN-US\" style=\"font-size:18.0pt\"><span style=\"font-family:&quot;Calibri&quot;,sans-serif\"><span style=\"font-variant:small-caps\">Setor<\/span><\/span><\/span><\/b><\/span><\/span><\/span><\/p>\r\n\r\n<p style=\"text-align:justify\"><span style=\"font-size:11pt\"><span style=\"line-height:normal\"><span style=\"font-family:Calibri,sans-serif\"><a href=\"https:\/\/www.textileworld.com\/textile-world\/nonwovens-technical-textiles\/2025\/04\/inda-and-edana-recommend-incorporating-a-new-entity-the-global-nonwovens-alliance\/\" style=\"color:blue; text-decoration:underline\"><span lang=\"EN-US\" style=\"font-size:14.0pt\">INDA And EDANA Recommend Incorporating A New Entity &ndash; The Global Nonwovens Alliance<\/span><\/a><\/span><\/span><\/span><\/p>\r\n\r\n<p style=\"text-align:justify\"><span style=\"font-size:11pt\"><span style=\"line-height:normal\"><span style=\"font-family:Calibri,sans-serif\"><a href=\"https:\/\/plasticosemrevista.com.br\/brasil-dependencia-crescente-de-importacoes-de-pvc\/\" style=\"color:blue; text-decoration:underline\"><span style=\"font-size:14.0pt\">Brasil: depend&ecirc;ncia crescente de importa&ccedil;&otilde;es de PVC<\/span><\/a><\/span><\/span><\/span><\/p>\r\n\r\n<p style=\"text-align:justify\"><span style=\"font-size:11pt\"><span style=\"line-height:normal\"><span style=\"font-family:Calibri,sans-serif\"><a href=\"https:\/\/www.textileworld.com\/textile-world\/2025\/05\/plastics-u-s-economic-growth-slowed-in-first-quarter-output-gap-remains-positive\/\" style=\"color:blue; text-decoration:underline\"><span lang=\"EN-US\" style=\"font-size:14.0pt\">PLASTICS: U.S. Economic Growth Slowed In First Quarter, Output Gap Remains Positive<\/span><\/a><\/span><\/span><\/span><\/p>\r\n\r\n<p style=\"text-align:justify\"><span style=\"font-size:11pt\"><span style=\"line-height:normal\"><span style=\"font-family:Calibri,sans-serif\"><a href=\"https:\/\/sinditextilsp.org.br\/home\/2025\/04\/como-atrair-e-reter-talentos-na-industria-textil-e-tema-de-podcast-do-sinditextil\/\" style=\"color:blue; text-decoration:underline\"><span style=\"font-size:14.0pt\">Como atrair e reter talentos na ind&uacute;stria t&ecirc;xtil &eacute; tema de podcast do Sindit&ecirc;xtil-SP<\/span><\/a><\/span><\/span><\/span><\/p>\r\n\r\n<p style=\"text-align:justify\"><span style=\"font-size:11pt\"><span style=\"line-height:normal\"><span style=\"font-family:Calibri,sans-serif\"><a href=\"https:\/\/portalpersonalcare.com.br\/kimberly-clark-espera-impacto-de-us-300-milhoes-com-tarifas-e-ajusta-projecoes-para-2025\/?utm_campaign=newsletter_30042025&amp;utm_medium=email&amp;utm_source=RD+Station\" style=\"color:blue; text-decoration:underline\"><span style=\"font-size:14.0pt\">Kimberly-Clark espera impacto de US$ 300 milh&otilde;es com tarifas e ajusta proje&ccedil;&otilde;es para 2025<\/span><\/a><\/span><\/span><\/span><\/p>\r\n\r\n<p style=\"text-align:justify\"><span style=\"font-size:11pt\"><span style=\"line-height:normal\"><span style=\"font-family:Calibri,sans-serif\"><a href=\"https:\/\/portalpersonalcare.com.br\/pg-reporta-leve-crescimento-organico-no-3o-trimestre-fiscal-com-lucro-liquido-de-us-38-bilhoes\/?utm_campaign=newsletter_30042025&amp;utm_medium=email&amp;utm_source=RD+Station\" style=\"color:blue; text-decoration:underline\"><span style=\"font-size:14.0pt\">P&amp;G reporta leve crescimento org&acirc;nico no 3&ordm; trimestre fiscal, com lucro l&iacute;quido de US$ 3,8 bilh&otilde;es<\/span><\/a><\/span><\/span><\/span><\/p>\r\n\r\n<p style=\"text-align:justify\"><span style=\"font-size:28pt\"><span style=\"font-family:Cambria,serif\"><span style=\"letter-spacing:-0.5pt\"><b><span style=\"font-size:18.0pt\"><span style=\"font-family:&quot;Calibri&quot;,sans-serif\"><span style=\"font-variant:small-caps\">Ind&uacute;stria<\/span><\/span><\/span><\/b><\/span><\/span><\/span><\/p>\r\n\r\n<p style=\"text-align:justify\"><span style=\"font-size:11pt\"><span style=\"line-height:normal\"><span style=\"font-family:Calibri,sans-serif\"><a href=\"https:\/\/noticias.portaldaindustria.com.br\/na-midia\/brasil-tenta-blindar-industria-em-meio-a-guerra-tarifaria-entre-eua-e-china-diz-presidente-da-cni\/\" style=\"color:blue; text-decoration:underline\"><span style=\"font-size:14.0pt\">Brasil tenta blindar ind&uacute;stria em meio &agrave; guerra tarif&aacute;ria entre EUA e China, diz presidente da CNI<\/span><\/a><\/span><\/span><\/span><\/p>\r\n\r\n<p style=\"text-align:justify\"><span style=\"font-size:11pt\"><span style=\"line-height:normal\"><span style=\"font-family:Calibri,sans-serif\"><a href=\"https:\/\/portalibre.fgv.br\/system\/files\/divulgacao\/noticias\/mat-complementar\/2025-05\/%C3%8Dndice%20de%20Confian%C3%A7a%20Empresarial%20FGV_press%20release_Abr25.pdf\" style=\"color:blue; text-decoration:underline\"><span style=\"font-size:14.0pt\">Confian&ccedil;a Empresarial fica est&aacute;vel em abril<\/span><\/a><\/span><\/span><\/span><\/p>\r\n\r\n<p style=\"text-align:justify\"><span style=\"font-size:11pt\"><span style=\"line-height:normal\"><span style=\"font-family:Calibri,sans-serif\"><a href=\"https:\/\/plasticosemrevista.com.br\/abief-eduardo-berkovitz-assume-presidencia-focando-governanca-e-sustentabilidade\/\" style=\"color:blue; text-decoration:underline\"><span style=\"font-size:14.0pt\">Abief: Eduardo Berkovitz assume presid&ecirc;ncia focando governan&ccedil;a e sustentabilidade<\/span><\/a><\/span><\/span><\/span><\/p>\r\n\r\n<p style=\"text-align:justify\"><span style=\"font-size:11pt\"><span style=\"line-height:normal\"><span style=\"font-family:Calibri,sans-serif\"><a href=\"https:\/\/www.msn.com\/pt-br\/dinheiro\/economia-e-negocios\/nova-lei-prop%C3%B5e-reduzir-emiss%C3%B5es-da-ind%C3%BAstria-qu%C3%ADmica-e-fortalecer-setor-rumo-%C3%A0-lideran%C3%A7a-global-em-energia-limpa\/ar-AA1DM6ot?ocid=finance-verthp-feeds\" style=\"color:blue; text-decoration:underline\"><span style=\"font-size:14.0pt\">Nova lei prop&otilde;e reduzir emiss&otilde;es da ind&uacute;stria qu&iacute;mica e fortalecer setor rumo &agrave; lideran&ccedil;a global em energia limpa<\/span><\/a><\/span><\/span><\/span><\/p>\r\n\r\n<p style=\"text-align:justify\"><span style=\"font-size:28pt\"><span style=\"font-family:Cambria,serif\"><span style=\"letter-spacing:-0.5pt\"><b><span style=\"font-size:18.0pt\"><span style=\"font-family:&quot;Calibri&quot;,sans-serif\"><span style=\"font-variant:small-caps\">Sustentabilidade<\/span><\/span><\/span><\/b><\/span><\/span><\/span><\/p>\r\n\r\n<p style=\"text-align:justify\"><span style=\"font-size:11pt\"><span style=\"line-height:normal\"><span style=\"font-family:Calibri,sans-serif\"><a href=\"https:\/\/www.revistaplasticosul.com.br\/sustentabilidade\/multinacional-alema-inicia-operacao-de-sua-primeira-planta-para-poliamida-6-reciclada\/\" style=\"color:blue; text-decoration:underline\"><span style=\"font-size:14.0pt\">Res&iacute;duos t&ecirc;xteis: multinacional alem&atilde; inicia opera&ccedil;&atilde;o de sua primeira planta para poliamida 6 reciclada<\/span><\/a><\/span><\/span><\/span><\/p>\r\n\r\n<p style=\"text-align:justify\"><span style=\"font-size:11pt\"><span style=\"line-height:normal\"><span style=\"font-family:Calibri,sans-serif\"><a href=\"https:\/\/www.meiofiltrante.com.br\/Noticia\/130337\/programa-da-abrafiltros-ja-reciclou-mais-de-289-milhoes-de-filtros-do-oleo-lubrificante-automotivo-no-mato-grosso-do-sul\" style=\"color:blue; text-decoration:underline\"><span style=\"font-size:14.0pt\">Programa da Abrafiltros j&aacute; reciclou mais de 2,89 milh&otilde;es de filtros do &oacute;leo lubrificante automotivo no Mato Grosso do Sul<\/span><\/a><\/span><\/span><\/span><\/p>\r\n\r\n<p style=\"text-align:justify\"><span style=\"font-size:11pt\"><span style=\"line-height:normal\"><span style=\"font-family:Calibri,sans-serif\"><a href=\"https:\/\/conectaverde.com.br\/estudo-revela-que-85-das-alegacoes-ambientais-nos-produtos-sao-enganosas\/?utm_campaign=duplicado_de_conecta_verde_news_73&amp;utm_medium=email&amp;utm_source=RD+Station\" style=\"color:blue; text-decoration:underline\"><span style=\"font-size:14.0pt\">Estudo revela que 85% das alega&ccedil;&otilde;es ambientais nos produtos s&atilde;o enganosas<\/span><\/a><\/span><\/span><\/span><\/p>\r\n\r\n<p style=\"text-align:justify\"><span style=\"font-size:11pt\"><span style=\"line-height:normal\"><span style=\"font-family:Calibri,sans-serif\"><a href=\"https:\/\/esginside.com.br\/2025\/04\/08\/acordo-de-paris-brasil-precisa-reduzir-emissoes-de-gases-de-efeito-estufa-ate-o-fim-desse-ano-para-atingir-meta\/#:~:text=Descarboniza%C3%A7%C3%A3oNewsletter-,Acordo%20de%20Paris%3A%20Brasil%20precisa%20reduzir%20emiss%C3%B5es%20de%20gases%20de,desse%20ano%20para%20atingir%20meta&amp;text=O%20Brasil%20tem%20um%20compromisso,de%20CO2%20equivalente%20at%C3%A9%202025.\" style=\"color:blue; text-decoration:underline\"><span style=\"font-size:14.0pt\">Acordo de Paris: Brasil precisa reduzir emiss&otilde;es de gases de efeito estufa at&eacute; o fim desse ano para atingir meta<\/span><\/a><\/span><\/span><\/span><\/p>\r\n\r\n<p style=\"text-align:justify\"><span style=\"font-size:11pt\"><span style=\"line-height:normal\"><span style=\"font-family:Calibri,sans-serif\"><a href=\"https:\/\/public-api.wordpress.com\/bar\/?stat=groovemails-events&amp;bin=wpcom_email_click&amp;redirect_to=https%3A%2F%2Fblogdoplastico.wordpress.com%2F2025%2F04%2F29%2Fbasf-inicia-operacao-de-sua-primeira-planta-para-poliamida-6-reciclada%2F&amp;sr=0&amp;signature=214ec7d34197d92961219224494d0451&amp;blog_id=9438832&amp;user=135099004&amp;_e=eyJlcnJvciI6bnVsbCwiYmxvZ19pZCI6OTQzODgzMiwiYmxvZ19sYW5nIjoicHQtQlIiLCJzaXRlX2lkX2xhYmVsIjoid3Bjb20iLCJoYXNfZmVhdHVyZWRfaW1hZ2UiOiIwIiwic3Vic2NyaWJlcl9pZCI6IjQ0NzAwMjQ1IiwiX3VpIjoxMzUwOTkwMDQsImxvY2FsZSI6InB0LWJyIiwiY3VycmVuY3kiOiJCUkwiLCJjb3VudHJ5X2NvZGVfc2lnbnVwIjoiQlIiLCJzaWdudXBfZmxvd19uYW1lIjoiZGVsdGEtc2l0ZSIsImVtYWlsX2RvbWFpbiI6ImFiaW50Lm9yZy5iciIsInBvc3RfaWQiOjE5MDY5LCJ1c2VyX2VtYWlsIjoiYWJpbnRAYWJpbnQub3JnLmJyIiwiZGF0ZV9zZW50IjoiMjAyNS0wNC0yOSIsImVtYWlsX2lkIjoiYTNlNjRmN2NiM2Q1MGU4ZGJkYmJiMGU2N2NhZDA2MmMiLCJlbWFpbF9uYW1lIjoibmV3LXBvc3QiLCJ0ZW1wbGF0ZSI6Im5ldy1wb3N0IiwibGlua19kZXNjIjoicG9zdC11cmwiLCJhbmNob3JfdGV4dCI6IkJBU0YgaW5pY2lhIG9wZXJhXHUwMGU3XHUwMGUzbyBkZSBzdWEgcHJpbWVpcmEgcGxhbnRhIHBhcmEgcG9saWFtaWRhIDZcdTAwYTByZWNpY2xhZGEiLCJfZHIiOm51bGwsIl9kbCI6Ilwvd3AtYWRtaW5cL3Bvc3QucGhwIiwiX3V0Ijoid3Bjb206dXNlcl9pZCIsIl91bCI6ImFiaW50dHQiLCJfZW4iOiJ3cGNvbV9lbWFpbF9jbGljayIsIl90cyI6MTc0NTk2NzE1OTEwMSwiYnJvd3Nlcl90eXBlIjoicGhwLWFnZW50IiwiX2F1YSI6IndwY29tLXRyYWNrcy1jbGllbnQtdjAuMyIsImJsb2dfdHoiOiItMyIsInVzZXJfbGFuZyI6InB0LWJyIn0&amp;_z=z\" style=\"color:blue; text-decoration:underline\"><span style=\"font-size:14.0pt\">BASF inicia opera&ccedil;&atilde;o de sua primeira planta para poliamida 6 reciclada<\/span><\/a><\/span><\/span><\/span><\/p>\r\n\r\n<p style=\"text-align:justify\"><span style=\"font-size:28pt\"><span style=\"font-family:Cambria,serif\"><span style=\"letter-spacing:-0.5pt\"><b><span style=\"font-size:18.0pt\"><span style=\"font-family:&quot;Calibri&quot;,sans-serif\"><span style=\"font-variant:small-caps\">Inova&ccedil;&atilde;o<\/span><\/span><\/span><\/b><\/span><\/span><\/span><\/p>\r\n\r\n<p style=\"text-align:justify\"><span style=\"font-size:11pt\"><span style=\"line-height:normal\"><span style=\"font-family:Calibri,sans-serif\"><a href=\"https:\/\/petronoticias.com.br\/nova-publicacao-da-oec-apresenta-inovacoes-que-estao-sendo-usadas-na-construcao-civil\/\" style=\"color:blue; text-decoration:underline\"><span style=\"font-size:14.0pt\">Publica&ccedil;&atilde;o da Odebrecht apresenta inova&ccedil;&otilde;es que est&atilde;o sendo usadas na constru&ccedil;&atilde;o civil<\/span><\/a><\/span><\/span><\/span><\/p>\r\n\r\n<p style=\"text-align:justify\"><span style=\"font-size:11pt\"><span style=\"line-height:normal\"><span style=\"font-family:Calibri,sans-serif\"><a href=\"https:\/\/plasticosemrevista.com.br\/reforco-mais-que-demais\/\" style=\"color:blue; text-decoration:underline\"><span style=\"font-size:14.0pt\">Refor&ccedil;o mais que demais: kit de lan&ccedil;amentos da LyondellBasell eleva circularidade das embalagens pl&aacute;sticas<\/span><\/a><\/span><\/span><\/span><\/p>\r\n\r\n<p style=\"text-align:justify\"><span style=\"font-size:11pt\"><span style=\"line-height:normal\"><span style=\"font-family:Calibri,sans-serif\"><a href=\"https:\/\/portalpersonalcare.com.br\/raan-e-lancada-como-a-primeira-marca-de-lencos-umedecidos-100-algodao-nos-eua\/?utm_campaign=newsletter_30042025&amp;utm_medium=email&amp;utm_source=RD+Station\" style=\"color:blue; text-decoration:underline\"><span style=\"font-size:14.0pt\">RAAN &eacute; lan&ccedil;ada como a primeira marca de len&ccedil;os umedecidos 100% algod&atilde;o nos EUA<\/span><\/a><\/span><\/span><\/span><\/p>\r\n\r\n<p style=\"text-align:justify\"><span style=\"font-size:28pt\"><span style=\"font-family:Cambria,serif\"><span style=\"letter-spacing:-0.5pt\"><b><span style=\"font-size:18.0pt\"><span style=\"font-family:&quot;Calibri&quot;,sans-serif\"><span style=\"font-variant:small-caps\">Com&eacute;rcio Exterior<\/span><\/span><\/span><\/b><\/span><\/span><\/span><\/p>\r\n\r\n<p style=\"text-align:justify\"><span style=\"font-size:11pt\"><span style=\"line-height:normal\"><span style=\"font-family:Calibri,sans-serif\"><a href=\"https:\/\/sinditextilsp.org.br\/home\/2025\/04\/impactos-das-novas-tarifas-americanas-no-setor-textil-brasileiro\/\" style=\"color:blue; text-decoration:underline\"><span style=\"font-size:14.0pt\">Impactos das Novas Tarifas Americanas no Setor T&ecirc;xtil Brasileiro<\/span><\/a><\/span><\/span><\/span><\/p>\r\n\r\n<p style=\"text-align:justify\"><span style=\"font-size:11pt\"><span style=\"line-height:normal\"><span style=\"font-family:Calibri,sans-serif\"><a href=\"https:\/\/anba.com.br\/tarifas-de-trump-incentivam-acordos-comerciais\/\" style=\"color:blue; text-decoration:underline\"><span style=\"font-size:14.0pt\">Tarifas de Trump incentivam acordos comerciais<\/span><\/a><\/span><\/span><\/span><\/p>\r\n\r\n<p style=\"text-align:justify\"><span style=\"font-size:11pt\"><span style=\"line-height:normal\"><span style=\"font-family:Calibri,sans-serif\"><a href=\"https:\/\/noticias.r7.com\/brasilia\/governo-lula-promulga-acordo-entre-mercosul-e-estado-da-palestina-14042025\/\" style=\"color:blue; text-decoration:underline\"><span style=\"font-size:14.0pt\">Governo Lula promulga acordo entre Mercosul e Estado da Palestina<\/span><\/a><\/span><\/span><\/span><\/p>\r\n\r\n<p style=\"text-align:justify\"><span style=\"font-size:11pt\"><span style=\"line-height:normal\"><span style=\"font-family:Calibri,sans-serif\"><a href=\"https:\/\/apexbrasil.com.br\/br\/pt\/conteudo\/noticias\/Brasil-e-Chile-assinam-acordo-bilateral-que-amplia-oportunidades-comerciais-no-mercado-latino-americano.html#msdynttrid=Nzaf3QnflmypQ29CO4WxtgAlz89Bz0Mzuw6oRgRYZZE\" style=\"color:blue; text-decoration:underline\"><span style=\"font-size:14.0pt\">Brasil e Chile assinam acordo bilateral que amplia oportunidades comerciais no mercado latino-americano<\/span><\/a><\/span><\/span><\/span><\/p>\r\n\r\n<p style=\"text-align:justify\"><span style=\"font-size:11pt\"><span style=\"line-height:normal\"><span style=\"font-family:Calibri,sans-serif\"><a href=\"https:\/\/apexbrasil.com.br\/br\/pt\/conteudo\/noticias\/encontro-em-bruxelas-debate-ampliacao-do-comercio-e-acordo-entre.html#msdynttrid=eNkVXPNXPf-HPSdBPOXPmFLZgfwKIH0iTMq8tEvzB1Y\" style=\"color:blue; text-decoration:underline\"><span style=\"font-size:14.0pt\">Encontro em Bruxelas debate amplia&ccedil;&atilde;o do com&eacute;rcio e acordo entre Mercosul e Uni&atilde;o Europeia<\/span><\/a><\/span><\/span><\/span><\/p>\r\n\r\n<p style=\"text-align:justify\"><span style=\"font-size:11pt\"><span style=\"line-height:normal\"><span style=\"font-family:Calibri,sans-serif\"><a href=\"https:\/\/anba.com.br\/brics-pode-ampliar-lacos-entre-brasil-e-emirados\/\" style=\"color:blue; text-decoration:underline\"><span style=\"font-size:14.0pt\">Brics pode ampliar la&ccedil;os entre Brasil e Emirados<\/span><\/a><\/span><\/span><\/span><\/p>\r\n\r\n<p style=\"text-align:justify\"><span style=\"font-size:28pt\"><span style=\"font-family:Cambria,serif\"><span style=\"letter-spacing:-0.5pt\"><b><span style=\"font-size:18.0pt\"><span style=\"font-family:&quot;Calibri&quot;,sans-serif\"><span style=\"font-variant:small-caps\">Economia<\/span><\/span><\/span><\/b><\/span><\/span><\/span><\/p>\r\n\r\n<p style=\"text-align:justify\"><span style=\"font-size:11pt\"><span style=\"line-height:normal\"><span style=\"font-family:Calibri,sans-serif\"><a href=\"https:\/\/www.bcb.gov.br\/content\/focus\/focus\/R20250502.pdf\" style=\"color:blue; text-decoration:underline\"><span style=\"font-size:14.0pt\">Focus - Relat&oacute;rio de Mercado<\/span><\/a><\/span><\/span><\/span><\/p>\r\n\r\n<p style=\"text-align:justify\"><span style=\"font-size:11pt\"><span style=\"line-height:normal\"><span style=\"font-family:Calibri,sans-serif\"><a href=\"https:\/\/www.bcb.gov.br\/content\/controleinflacao\/focusdistribuicoesfrequencia\/P20250505-Focus-Distribuicoes-de-frequencia.pdf\" style=\"color:blue; text-decoration:underline\"><span style=\"font-size:14.0pt\">Focus &ndash; Expectativas de Mercado<\/span><\/a><\/span><\/span><\/span><\/p>\r\n\r\n<p style=\"text-align:justify\"><span style=\"font-size:11pt\"><span style=\"line-height:normal\"><span style=\"font-family:Calibri,sans-serif\"><a href=\"https:\/\/portalibre.fgv.br\/system\/files\/divulgacao\/noticias\/mat-complementar\/2025-05\/Apresenta%C3%A7%C3%A3o%20-%20S%C3%ADntese%20das%20Sondagens%20-%20Abril%202025.pdf\" style=\"color:blue; text-decoration:underline\"><span style=\"font-size:14.0pt\">S&iacute;ntese das Sondagens do FGV IBRE<\/span><\/a><\/span><\/span><\/span><\/p>\r\n\r\n<p style=\"text-align:justify\"><img src=\"https:\/\/www.abint.org.br\/assets\/img\/editor\/redes-sociais-abint-ctg-cth_20250430194140IGmqVM6eS7.jpg\" \/><\/p>\r\n","6":"<p style=\"text-align:justify\"><span style=\"font-size:11pt\"><span style=\"line-height:normal\"><span style=\"font-family:Calibri,sans-serif\"><span style=\"font-size:14.0pt\">Esta &eacute; uma compila&ccedil;&atilde;o das not&iacute;cias mais relevantes para o setor, incluindo informa&ccedil;&otilde;es sobre acordos internacionais, economia brasileira, sustentabilidade e mat&eacute;rias primas, al&eacute;m de novidades do setor de N&atilde;otecidos e Tecidos T&eacute;cnicos.<\/span><\/span><\/span><\/span><\/p>\r\n\r\n<p style=\"text-align:justify\"><span style=\"font-size:28pt\"><span style=\"font-family:Cambria,serif\"><span style=\"letter-spacing:-0.5pt\"><b><span style=\"font-size:18.0pt\"><span style=\"font-family:&quot;Calibri&quot;,sans-serif\"><span style=\"font-variant:small-caps\">O que vem por a&iacute;<\/span><\/span><\/span><\/b><\/span><\/span><\/span><\/p>\r\n\r\n<p><b><img src=\"https:\/\/www.abint.org.br\/assets\/img\/editor\/abint-logo-2020-g_20250402165019mojhtZg4sN.png\" style=\"width: 300px; height: 69px;\" \/><\/b><\/p>\r\n\r\n<p><b><img src=\"https:\/\/www.abint.org.br\/assets\/img\/editor\/post-quadrado-curso-naotecido_202504021701223fcQUdXvek.jpg\" style=\"width: 500px; height: 500px;\" \/><\/b><\/p>\r\n\r\n<p><a href=\"https:\/\/encurtador.com.br\/5RiJ6\">Fa&ccedil;a sua inscri&ccedil;&atilde;o<\/a><\/p>\r\n\r\n<p>&nbsp;<\/p>\r\n\r\n<p><img src=\"https:\/\/www.abint.org.br\/assets\/img\/editor\/logo-ctg-abint-png_202502051355479yWykO7ojh.png\" style=\"width: 300px; height: 55px;\" \/><\/p>\r\n\r\n<p>&nbsp;<\/p>\r\n\r\n<p><img src=\"https:\/\/www.abint.org.br\/assets\/img\/editor\/e-mail-post-premio-tcc-icc-2024-2025_20250430193536F42nr8Haxy.png\" style=\"width: 500px; height: 500px;\" \/><\/p>\r\n\r\n<p><a href=\"https:\/\/geossinteticos.org.br\/premiotccic\">Inscreva seu trabalho<\/a><\/p>\r\n\r\n<p class=\"MsoTitle\" style=\"text-align:justify\"><span style=\"font-size:28pt\"><span style=\"font-family:Cambria,serif\"><span style=\"letter-spacing:-0.5pt\"><b><span style=\"font-size:18.0pt\"><span style=\"font-family:&quot;Calibri&quot;,sans-serif\"><span style=\"font-variant:small-caps\">Not&iacute;cias das Associadas<\/span><\/span><\/span><\/b><\/span><\/span><\/span><\/p>\r\n\r\n<p style=\"text-align:justify\"><span style=\"font-size:11pt\"><span style=\"line-height:normal\"><span style=\"font-family:Calibri,sans-serif\"><a href=\"https:\/\/www.abctecnologias.com.br\/historias-de-sucesso\/aquicultura-sustentavel-nas-filipinas-geomembranas-impermeaveis-com-leister\/?utm_source=ABC+Tecnologias&amp;utm_campaign=ccdb28191c-CAMPANHA_RSS_POSTS_SITE&amp;utm_medium=email&amp;utm_term=0_01821b5e7f-ccdb28191c-468976694\" style=\"color:blue; text-decoration:underline\"><span style=\"font-size:14.0pt\">ABC Tecnologias | Aquicultura sustent&aacute;vel nas Filipinas: geomembranas imperme&aacute;veis com Leister<\/span><\/a><\/span><\/span><\/span><\/p>\r\n\r\n<p style=\"text-align:justify\"><span style=\"font-size:11pt\"><span style=\"line-height:normal\"><span style=\"font-family:Calibri,sans-serif\"><a href=\"https:\/\/email2.nonwovens-industry.com\/e3t\/Ctc\/W2+113\/c-vk304\/VXk8ky1c4Pj8N1F0-z7TqDfhV7Wb0N5v-1qSMLtlTv5nR32W5BWr2F6lZ3mBW8hxRgY7WK1-VW68FDyS8QNXqZN1M6L9JTj0YXW65HvZV4Fpf6XW4BYF4z58hybpW6LT0kZ8yz009W3Tj_G87BRtYyN7l_lbCxLMQ9W7yBWw449F2MsVZS6SJ8J9f7MW8yNbQ28nf2pbW2Bl9jP8mf-nBW8MPkLL8xMfFRW8L86ZX440pS6W77z96f3PMgW2W3scf_f6J_zRHN99NKhZWY3MKW1VRNQk32MqSBW4xLQXc6kn-5NW3S7N845PWHtQW3S5D4z91lQlKW7_00NW1d_cxgW6LRFB42QSvfBW2VRBmh65pbq0VJ_gz45N4T9hW48bTxg6NgFfpW6NygNV6z-drkW50k2Kc98f3xkW5pKn-Z63MkQXW4y50pm7_WTH_W47c2qz75zlQFN99J15S1_sYwF9d6vLQCnHlN7GynbB1-B45f5W9xnC04\" style=\"color:blue; text-decoration:underline\" target=\"_blank\"><span lang=\"EN-US\" style=\"font-size:14.0pt\">Andritz Presents Advanced Process Solutions <\/span><\/a><\/span><\/span><\/span><\/p>\r\n\r\n<p style=\"text-align:justify\"><span style=\"font-size:11pt\"><span style=\"line-height:normal\"><span style=\"font-family:Calibri,sans-serif\"><a href=\"https:\/\/r.mail.fibretofashion.com\/tr\/cl\/Vhv6mmMO1E8a6KT_RSNtevFN8JtNesnAkCP4e8AZAabGgVy1hTpjafafWWvPF8Sp0uDTcfMlwxSm5uyGZgNYQl4bkehKZIX9-FDf-tr-EHZKTttUBYbKAmnh5647k5sEYoWbPSVDiREvQG3hAZ_WoP9NH-Wk2LPyt7iPZ_pDNhCm8YuIWEtBn8mXm_LsYCHHRzdEHKkk88nu05NTknq3T7GX912tPrry93xdEgGCuKItcc9mPJrXRtkj62DLFYNmymU_1a3C0mBLkX-QfvWi-niSAuh3XAJsl1gqKf8aD9FazzaWoxp2RMFWUa_qXpwYcNrUMYmhpQ61y9AjM_KeVDWkXvl5BEYOxyLg9J-2AvmMlY8dOHW7qJaR0wZWuoOvyo1tAxWyuCjp1TYGzCnhaJMaP3DTdvS3K5bgZSl9RUqtodnIfgoa5oX1SQ\" style=\"color:blue; text-decoration:underline\" target=\"_blank\"><span lang=\"EN-US\" style=\"font-size:14.0pt\">Andritz wins order for three spunlace lines from Chinese manufacturer<\/span><\/a><\/span><\/span><\/span><\/p>\r\n\r\n<p style=\"text-align:justify\"><span style=\"font-size:11pt\"><span style=\"line-height:normal\"><span style=\"font-family:Calibri,sans-serif\"><a href=\"https:\/\/br.investing.com\/news\/stock-market-news\/acoes-da-andritz-ag-sobem-92-apos-divulgacao-de-resultados-do-1o-tri-de-2025-93CH-1533749\" style=\"color:blue; text-decoration:underline\"><span style=\"font-size:14.0pt\">A&ccedil;&otilde;es da Andritz AG sobem 9,2% ap&oacute;s divulga&ccedil;&atilde;o de resultados do 1&ordm; tri de 2025<\/span><\/a><\/span><\/span><\/span><\/p>\r\n\r\n<p style=\"text-align:justify\"><span style=\"font-size:11pt\"><span style=\"line-height:normal\"><span style=\"font-family:Calibri,sans-serif\"><a href=\"https:\/\/www.nonwovens-industry.com\/live-from-shows\/idea\/2025-05-01\/fitesa-showing-nonwovens-using-bio-based-hdpe\/?utm_campaign=NON%20Live%20From%20Show&amp;utm_medium=email&amp;_hsenc=p2ANqtz--4AtP5d92LS5yNEiogz8Q4Fnqt4oE5p-WNchqVqPLpX9RUiQ48qN8iOzu22H23qRRfzY7x-fol23abmtZGdgqTrmn2lA&amp;_hsmi=359465429&amp;utm_content=359465429&amp;utm_source=hs_email\" style=\"color:blue; text-decoration:underline\"><span lang=\"EN-US\" style=\"font-size:14.0pt\">Fitesa Showing Nonwovens Using Bio-based HDPE<\/span><\/a><\/span><\/span><\/span><\/p>\r\n\r\n<p style=\"text-align:justify\"><span style=\"font-size:11pt\"><span style=\"line-height:normal\"><span style=\"font-family:Calibri,sans-serif\"><a href=\"https:\/\/www.braskem.com.br\/usa\/news-detail\/braskem-and-fitesa-announce-the-use-of-braskems-im-green-bio-based-polyethylene-grade-for-fitesas-nonwovens\" style=\"color:blue; text-decoration:underline\"><span lang=\"EN-US\" style=\"font-size:14.0pt\">Braskem and Fitesa Announce the use of Braskem&#39;s I&#39;m green Bio-Based Polyethylene Grade for Fitesa&#39;s Nonwovens<\/span><\/a><\/span><\/span><\/span><\/p>\r\n\r\n<p style=\"text-align:justify\"><span style=\"font-size:11pt\"><span style=\"line-height:normal\"><span style=\"font-family:Calibri,sans-serif\"><a href=\"https:\/\/email2.nonwovens-industry.com\/e3t\/Ctc\/W2+113\/c-vk304\/VXk8ky1c4Pj8N1F0-z7TqDfhV7Wb0N5v-1qSMLtlTP5nR32W69t95C6lZ3mmW79_c0S7rj1q5W1VwVF-2dG0KSVHY1Wl7gPT3mW4DSqDG3CGfHSN2kWxk425yMJW2ydJKy2xSrgnW7dQsls5YTpKZW8g_dQC30rkS7W8xsGFf3yRYMcW5zQ1CV16zRybW7XrdTp5xyr9JW7HDNwn5cdM78W5-9x7K8dztXNW4pnGmP3z4C3gW6MvqYV4mqrl0W3G4QJl6wGL7lVtkBdl2Tr35WN7dbZSgbXnsCW8L6t1M7TzXM2W8NLLFf4vhNBVN3DHQJc8LTtmVCWRN129cTDHW7lrZZq7cnh22W6bqjyR5RHcQxW3RXmtX1TJH6GW99VNSK3DZQ73W3Rb4Fg19v0ZPW4rKG0m6vklkjW4Jw34693jwJgN5QyXC99zvW8W5F4pgf8cns1xW2TjmTW4nSjNQW4XNP5d4LqCWdW8-SWN388YbxSW3vN4jS2nq2-9W5gjvZc5nYr7Sf7LzVNz04\" style=\"color:blue; text-decoration:underline\" target=\"_blank\"><span lang=\"EN-US\" style=\"font-size:14.0pt\">Freudenberg Presents Diverse Range of High Performance Solutions <\/span><\/a><\/span><\/span><\/span><\/p>\r\n\r\n<p style=\"text-align:justify\"><span style=\"font-size:11pt\"><span style=\"line-height:normal\"><span style=\"font-family:Calibri,sans-serif\"><a href=\"https:\/\/indiantextilejournal.com\/trutzschler-india-opens-new-manufacturing-plant-at-sanand-gidc\/\" style=\"color:blue; text-decoration:underline\"><span lang=\"EN-US\" style=\"font-size:14.0pt\">Trutzschler India opens new manufacturing plant at Sanand GIDC<\/span><\/a><\/span><\/span><\/span><\/p>\r\n\r\n<p style=\"text-align:justify\"><span style=\"font-size:11pt\"><span style=\"line-height:normal\"><span style=\"font-family:Calibri,sans-serif\"><a href=\"https:\/\/email2.nonwovens-industry.com\/e3t\/Ctc\/W2+113\/c-vk304\/VXk8ky1c4Pj8N1F0-z7TqDfhV7Wb0N5v-1qSMLtlTv5nR32W5BWr2F6lZ3nZW5FxD2R43981TW1thvqr6Rtk5LVmJg536PSN6yW72hrTh7LNht8W3vR4071XK_hjW9gvR126qr3-nW67ZJlJ5pRw2VW7gDVL17rThbQMMCFCCVKwy-W6z6NsX6tqN_JW7DSlwt2CG9BhW6ytf2W4444gLW1Yt-Cg2ZcCy_W3dqYVG6JXfnLW8_PTRJ4Lm_BWW50T7wb7JCSzlVG6nlm1qprlxW5mPhl_2GC8zXN8mDJQYgfCx7W10j2kf2ldxKSW7F-fPN1NxV9ZW6MYWVQ103ZsmW29sCyp4P--yxW1r8z9w4d2c83N8f57v4H3VGYW8fbQt08wZFF3W7NCb-Y1rCN6BW6dqkc12h583VW4pNrYN4XKYsNW8NBbq97z81m6W67Pvkp7RLHkSW8gb68y2lZJ20W35YfP63NcyzvW58FRbq3BbwQVf2pbl4C04\" style=\"color:blue; text-decoration:underline\" target=\"_blank\"><span lang=\"EN-US\" style=\"font-size:14.0pt\">Tr&uuml;tzschler to Showcase Groundbreaking Solutions <\/span><\/a><\/span><\/span><\/span><\/p>\r\n\r\n<p style=\"text-align:justify\">&nbsp;<\/p>\r\n\r\n<p style=\"text-align:justify\"><span style=\"font-size:11pt\"><span style=\"line-height:normal\"><span style=\"font-family:Calibri,sans-serif\"><b><span lang=\"EN-US\" style=\"font-size:18.0pt\"><span style=\"font-variant:small-caps\">Eventos<\/span><\/span><\/b><\/span><\/span><\/span><\/p>\r\n\r\n<p style=\"text-align:justify\"><span style=\"font-size:11pt\"><span style=\"line-height:normal\"><span style=\"font-family:Calibri,sans-serif\"><a href=\"https:\/\/forms.gle\/gVRanQmStqMhRKtM6\" style=\"color:blue; text-decoration:underline\"><b><span style=\"font-size:14.0pt\">ABTT Academy | Curso: Vamos falar de sa&uacute;de mental nas empresas?<\/span><\/b><\/a>,&nbsp;<\/span><\/span><\/span><span style=\"font-size:11pt\"><span style=\"line-height:normal\"><span style=\"font-family:Calibri,sans-serif\"><span style=\"font-size:14.0pt\">17 de maio de 2025, 08h &agrave;s 12h, evento online<\/span><\/span><\/span><\/span><\/p>\r\n\r\n<p style=\"text-align:justify\"><span style=\"font-size:11pt\"><span style=\"line-height:normal\"><span style=\"font-family:Calibri,sans-serif\"><a href=\"https:\/\/www.hospitalar.com\/pt\/home.html\" style=\"color:blue; text-decoration:underline\"><b><span style=\"font-size:14.0pt\">Hospitalar 2025<\/span><\/b><\/a><span style=\"font-size:14.0pt\">, 20 a 23 de maio, 11h00 &agrave;s 20h00, S&atilde;o Paulo Expo, Rodovia dos Imigrantes, km 1,5<\/span><\/span><\/span><\/span><\/p>\r\n\r\n<p style=\"text-align:justify\"><span style=\"font-size:11pt\"><span style=\"line-height:normal\"><span style=\"font-family:Calibri,sans-serif\"><a href=\"https:\/\/evento.fgv.br\/politicamonetaria_2305\/\" style=\"color:blue; text-decoration:underline\"><b><span style=\"font-size:14.0pt\">FGV IBRE | XI Semin&aacute;rio Anual de Pol&iacute;tica Monet&aacute;ria<\/span><\/b><\/a><span style=\"font-size:14.0pt\">, 23\/05\/2025, 14:00 &agrave;s 18:00, presencial, Praia de Botafogo, 186, Rio de Janeiro. RJ<\/span><\/span><\/span><\/span><\/p>\r\n\r\n<p style=\"text-align:justify\"><span style=\"font-size:11pt\"><span style=\"line-height:normal\"><span style=\"font-family:Calibri,sans-serif\"><a href=\"https:\/\/www.sympla.com.br\/evento\/caminhos-sustentaveis-o-futuro-da-industria-textil\/2934717\" style=\"color:blue; text-decoration:underline\"><b><span style=\"font-size:14.0pt\">Caminhos Sustent&aacute;veis: o Futuro da Ind&uacute;stria T&ecirc;xtil<\/span><\/b><\/a><span style=\"font-size:14.0pt\">, 05 de junho de 2025, das 18h &agrave;s 22h, evento presencial, SENAI Americana, Americana, SP<\/span><\/span><\/span><\/span><\/p>\r\n\r\n<p style=\"text-align:justify\"><span style=\"font-size:11pt\"><span style=\"line-height:normal\"><span style=\"font-family:Calibri,sans-serif\"><a href=\"https:\/\/www.conbrava.com.br\/\" style=\"color:blue; text-decoration:underline\"><b><span style=\"font-size:14.0pt\">CONBRAVA 2025<\/span><\/b><\/a><span style=\"font-size:14.0pt\">, 10 a 12 de setembro de 2025, S&atilde;o Paulo Expo, Rodovia dos Imigrantes, km 1,5<\/span><\/span><\/span><\/span><\/p>\r\n\r\n<p style=\"text-align:justify\"><span style=\"font-size:11pt\"><span style=\"line-height:normal\"><span style=\"font-family:Calibri,sans-serif\"><a href=\"https:\/\/paving.com.br\/\" style=\"color:blue; text-decoration:underline\"><b><span style=\"font-size:14.0pt\">Paving Expo 2025<\/span><\/b><\/a><span style=\"font-size:14.0pt\">, 23 a 25 de setembro de 2025, Distrito Anhembi, Rua Prof. Milton Rodrigues, s\/n, Santana, S&atilde;o Paulo, SP<\/span><\/span><\/span><\/span><\/p>\r\n\r\n<p style=\"text-align:justify\"><span style=\"font-size:11pt\"><span style=\"line-height:normal\"><span style=\"font-family:Calibri,sans-serif\"><a href=\"https:\/\/www.instagram.com\/sobeccnacional\/p\/DA1V8NZyhNK\/?img_index=1\" style=\"color:blue; text-decoration:underline\"><b><span style=\"font-size:14.0pt\">17&ordm; Congresso Brasileiro de Enfermagem em Centro Cir&uacute;rgico: &ldquo;O poder de cuidar&rdquo;<\/span><\/b><\/a><span style=\"font-size:14.0pt\">, 01 a 03 de outubro de 2025, Transamerica Expo Center, S&atilde;o Paulo, SP<\/span><\/span><\/span><\/span><\/p>\r\n\r\n<p style=\"text-align:justify\"><span style=\"font-size:11pt\"><span style=\"line-height:normal\"><span style=\"font-family:Calibri,sans-serif\"><a href=\"https:\/\/www.abrafiltros.org.br\/3o-seminario-brasileiro-de-filtros-acontecera-no-dia-08-de-outubro\/\" style=\"color:blue; text-decoration:underline\"><b><span style=\"font-size:14.0pt\">3&ordm; Semin&aacute;rio Brasileiro de Filtros<\/span><\/b><\/a><span style=\"font-size:14.0pt\">, 08 de outubro de 2025, evento presencial<\/span><\/span><\/span><\/span><\/p>\r\n\r\n<p style=\"text-align:justify\"><span style=\"font-size:11pt\"><span style=\"line-height:normal\"><span style=\"font-family:Calibri,sans-serif\"><a href=\"https:\/\/hospitalmed.com.br\/feira\/\" style=\"color:blue; text-decoration:underline\"><b><span style=\"font-size:14.0pt\">HospitalMed 2025<\/span><\/b><\/a><span style=\"font-size:14.0pt\">, 22 a 24 de outubro, Pernambuco Centro de Conven&ccedil;&otilde;es, Olinda<\/span><\/span><\/span><\/span><\/p>\r\n\r\n<p style=\"text-align:justify\"><span style=\"font-size:11pt\"><span style=\"line-height:normal\"><span style=\"font-family:Calibri,sans-serif\"><a href=\"https:\/\/filtech.de\/\" style=\"color:blue; text-decoration:underline\"><b><span style=\"font-size:14.0pt\">Filtech 2026<\/span><\/b><\/a><span style=\"font-size:14.0pt\">, de 30 de junho a 2 de julho, Cologne, Alemanha<\/span><\/span><\/span><\/span><\/p>\r\n\r\n<p style=\"text-align:justify\"><span style=\"font-size:28pt\"><span style=\"font-family:Cambria,serif\"><span style=\"letter-spacing:-0.5pt\"><b><span lang=\"EN-US\" style=\"font-size:18.0pt\"><span style=\"font-family:&quot;Calibri&quot;,sans-serif\"><span style=\"font-variant:small-caps\">Setor<\/span><\/span><\/span><\/b><\/span><\/span><\/span><\/p>\r\n\r\n<p style=\"text-align:justify\"><span style=\"font-size:11pt\"><span style=\"line-height:normal\"><span style=\"font-family:Calibri,sans-serif\"><a href=\"https:\/\/www.textileworld.com\/textile-world\/nonwovens-technical-textiles\/2025\/04\/inda-and-edana-recommend-incorporating-a-new-entity-the-global-nonwovens-alliance\/\" style=\"color:blue; text-decoration:underline\"><span lang=\"EN-US\" style=\"font-size:14.0pt\">INDA And EDANA Recommend Incorporating A New Entity &ndash; The Global Nonwovens Alliance<\/span><\/a><\/span><\/span><\/span><\/p>\r\n\r\n<p style=\"text-align:justify\"><span style=\"font-size:11pt\"><span style=\"line-height:normal\"><span style=\"font-family:Calibri,sans-serif\"><a href=\"https:\/\/plasticosemrevista.com.br\/brasil-dependencia-crescente-de-importacoes-de-pvc\/\" style=\"color:blue; text-decoration:underline\"><span style=\"font-size:14.0pt\">Brasil: depend&ecirc;ncia crescente de importa&ccedil;&otilde;es de PVC<\/span><\/a><\/span><\/span><\/span><\/p>\r\n\r\n<p style=\"text-align:justify\"><span style=\"font-size:11pt\"><span style=\"line-height:normal\"><span style=\"font-family:Calibri,sans-serif\"><a href=\"https:\/\/www.textileworld.com\/textile-world\/2025\/05\/plastics-u-s-economic-growth-slowed-in-first-quarter-output-gap-remains-positive\/\" style=\"color:blue; text-decoration:underline\"><span lang=\"EN-US\" style=\"font-size:14.0pt\">PLASTICS: U.S. Economic Growth Slowed In First Quarter, Output Gap Remains Positive<\/span><\/a><\/span><\/span><\/span><\/p>\r\n\r\n<p style=\"text-align:justify\"><span style=\"font-size:11pt\"><span style=\"line-height:normal\"><span style=\"font-family:Calibri,sans-serif\"><a href=\"https:\/\/sinditextilsp.org.br\/home\/2025\/04\/como-atrair-e-reter-talentos-na-industria-textil-e-tema-de-podcast-do-sinditextil\/\" style=\"color:blue; text-decoration:underline\"><span style=\"font-size:14.0pt\">Como atrair e reter talentos na ind&uacute;stria t&ecirc;xtil &eacute; tema de podcast do Sindit&ecirc;xtil-SP<\/span><\/a><\/span><\/span><\/span><\/p>\r\n\r\n<p style=\"text-align:justify\"><span style=\"font-size:11pt\"><span style=\"line-height:normal\"><span style=\"font-family:Calibri,sans-serif\"><a href=\"https:\/\/portalpersonalcare.com.br\/kimberly-clark-espera-impacto-de-us-300-milhoes-com-tarifas-e-ajusta-projecoes-para-2025\/?utm_campaign=newsletter_30042025&amp;utm_medium=email&amp;utm_source=RD+Station\" style=\"color:blue; text-decoration:underline\"><span style=\"font-size:14.0pt\">Kimberly-Clark espera impacto de US$ 300 milh&otilde;es com tarifas e ajusta proje&ccedil;&otilde;es para 2025<\/span><\/a><\/span><\/span><\/span><\/p>\r\n\r\n<p style=\"text-align:justify\"><span style=\"font-size:11pt\"><span style=\"line-height:normal\"><span style=\"font-family:Calibri,sans-serif\"><a href=\"https:\/\/portalpersonalcare.com.br\/pg-reporta-leve-crescimento-organico-no-3o-trimestre-fiscal-com-lucro-liquido-de-us-38-bilhoes\/?utm_campaign=newsletter_30042025&amp;utm_medium=email&amp;utm_source=RD+Station\" style=\"color:blue; text-decoration:underline\"><span style=\"font-size:14.0pt\">P&amp;G reporta leve crescimento org&acirc;nico no 3&ordm; trimestre fiscal, com lucro l&iacute;quido de US$ 3,8 bilh&otilde;es<\/span><\/a><\/span><\/span><\/span><\/p>\r\n\r\n<p style=\"text-align:justify\"><span style=\"font-size:28pt\"><span style=\"font-family:Cambria,serif\"><span style=\"letter-spacing:-0.5pt\"><b><span style=\"font-size:18.0pt\"><span style=\"font-family:&quot;Calibri&quot;,sans-serif\"><span style=\"font-variant:small-caps\">Ind&uacute;stria<\/span><\/span><\/span><\/b><\/span><\/span><\/span><\/p>\r\n\r\n<p style=\"text-align:justify\"><span style=\"font-size:11pt\"><span style=\"line-height:normal\"><span style=\"font-family:Calibri,sans-serif\"><a href=\"https:\/\/noticias.portaldaindustria.com.br\/na-midia\/brasil-tenta-blindar-industria-em-meio-a-guerra-tarifaria-entre-eua-e-china-diz-presidente-da-cni\/\" style=\"color:blue; text-decoration:underline\"><span style=\"font-size:14.0pt\">Brasil tenta blindar ind&uacute;stria em meio &agrave; guerra tarif&aacute;ria entre EUA e China, diz presidente da CNI<\/span><\/a><\/span><\/span><\/span><\/p>\r\n\r\n<p style=\"text-align:justify\"><span style=\"font-size:11pt\"><span style=\"line-height:normal\"><span style=\"font-family:Calibri,sans-serif\"><a href=\"https:\/\/portalibre.fgv.br\/system\/files\/divulgacao\/noticias\/mat-complementar\/2025-05\/%C3%8Dndice%20de%20Confian%C3%A7a%20Empresarial%20FGV_press%20release_Abr25.pdf\" style=\"color:blue; text-decoration:underline\"><span style=\"font-size:14.0pt\">Confian&ccedil;a Empresarial fica est&aacute;vel em abril<\/span><\/a><\/span><\/span><\/span><\/p>\r\n\r\n<p style=\"text-align:justify\"><span style=\"font-size:11pt\"><span style=\"line-height:normal\"><span style=\"font-family:Calibri,sans-serif\"><a href=\"https:\/\/plasticosemrevista.com.br\/abief-eduardo-berkovitz-assume-presidencia-focando-governanca-e-sustentabilidade\/\" style=\"color:blue; text-decoration:underline\"><span style=\"font-size:14.0pt\">Abief: Eduardo Berkovitz assume presid&ecirc;ncia focando governan&ccedil;a e sustentabilidade<\/span><\/a><\/span><\/span><\/span><\/p>\r\n\r\n<p style=\"text-align:justify\"><span style=\"font-size:11pt\"><span style=\"line-height:normal\"><span style=\"font-family:Calibri,sans-serif\"><a href=\"https:\/\/www.msn.com\/pt-br\/dinheiro\/economia-e-negocios\/nova-lei-prop%C3%B5e-reduzir-emiss%C3%B5es-da-ind%C3%BAstria-qu%C3%ADmica-e-fortalecer-setor-rumo-%C3%A0-lideran%C3%A7a-global-em-energia-limpa\/ar-AA1DM6ot?ocid=finance-verthp-feeds\" style=\"color:blue; text-decoration:underline\"><span style=\"font-size:14.0pt\">Nova lei prop&otilde;e reduzir emiss&otilde;es da ind&uacute;stria qu&iacute;mica e fortalecer setor rumo &agrave; lideran&ccedil;a global em energia limpa<\/span><\/a><\/span><\/span><\/span><\/p>\r\n\r\n<p style=\"text-align:justify\"><span style=\"font-size:28pt\"><span style=\"font-family:Cambria,serif\"><span style=\"letter-spacing:-0.5pt\"><b><span style=\"font-size:18.0pt\"><span style=\"font-family:&quot;Calibri&quot;,sans-serif\"><span style=\"font-variant:small-caps\">Sustentabilidade<\/span><\/span><\/span><\/b><\/span><\/span><\/span><\/p>\r\n\r\n<p style=\"text-align:justify\"><span style=\"font-size:11pt\"><span style=\"line-height:normal\"><span style=\"font-family:Calibri,sans-serif\"><a href=\"https:\/\/www.revistaplasticosul.com.br\/sustentabilidade\/multinacional-alema-inicia-operacao-de-sua-primeira-planta-para-poliamida-6-reciclada\/\" style=\"color:blue; text-decoration:underline\"><span style=\"font-size:14.0pt\">Res&iacute;duos t&ecirc;xteis: multinacional alem&atilde; inicia opera&ccedil;&atilde;o de sua primeira planta para poliamida 6 reciclada<\/span><\/a><\/span><\/span><\/span><\/p>\r\n\r\n<p style=\"text-align:justify\"><span style=\"font-size:11pt\"><span style=\"line-height:normal\"><span style=\"font-family:Calibri,sans-serif\"><a href=\"https:\/\/www.meiofiltrante.com.br\/Noticia\/130337\/programa-da-abrafiltros-ja-reciclou-mais-de-289-milhoes-de-filtros-do-oleo-lubrificante-automotivo-no-mato-grosso-do-sul\" style=\"color:blue; text-decoration:underline\"><span style=\"font-size:14.0pt\">Programa da Abrafiltros j&aacute; reciclou mais de 2,89 milh&otilde;es de filtros do &oacute;leo lubrificante automotivo no Mato Grosso do Sul<\/span><\/a><\/span><\/span><\/span><\/p>\r\n\r\n<p style=\"text-align:justify\"><span style=\"font-size:11pt\"><span style=\"line-height:normal\"><span style=\"font-family:Calibri,sans-serif\"><a href=\"https:\/\/conectaverde.com.br\/estudo-revela-que-85-das-alegacoes-ambientais-nos-produtos-sao-enganosas\/?utm_campaign=duplicado_de_conecta_verde_news_73&amp;utm_medium=email&amp;utm_source=RD+Station\" style=\"color:blue; text-decoration:underline\"><span style=\"font-size:14.0pt\">Estudo revela que 85% das alega&ccedil;&otilde;es ambientais nos produtos s&atilde;o enganosas<\/span><\/a><\/span><\/span><\/span><\/p>\r\n\r\n<p style=\"text-align:justify\"><span style=\"font-size:11pt\"><span style=\"line-height:normal\"><span style=\"font-family:Calibri,sans-serif\"><a href=\"https:\/\/esginside.com.br\/2025\/04\/08\/acordo-de-paris-brasil-precisa-reduzir-emissoes-de-gases-de-efeito-estufa-ate-o-fim-desse-ano-para-atingir-meta\/#:~:text=Descarboniza%C3%A7%C3%A3oNewsletter-,Acordo%20de%20Paris%3A%20Brasil%20precisa%20reduzir%20emiss%C3%B5es%20de%20gases%20de,desse%20ano%20para%20atingir%20meta&amp;text=O%20Brasil%20tem%20um%20compromisso,de%20CO2%20equivalente%20at%C3%A9%202025.\" style=\"color:blue; text-decoration:underline\"><span style=\"font-size:14.0pt\">Acordo de Paris: Brasil precisa reduzir emiss&otilde;es de gases de efeito estufa at&eacute; o fim desse ano para atingir meta<\/span><\/a><\/span><\/span><\/span><\/p>\r\n\r\n<p style=\"text-align:justify\"><span style=\"font-size:11pt\"><span style=\"line-height:normal\"><span style=\"font-family:Calibri,sans-serif\"><a href=\"https:\/\/public-api.wordpress.com\/bar\/?stat=groovemails-events&amp;bin=wpcom_email_click&amp;redirect_to=https%3A%2F%2Fblogdoplastico.wordpress.com%2F2025%2F04%2F29%2Fbasf-inicia-operacao-de-sua-primeira-planta-para-poliamida-6-reciclada%2F&amp;sr=0&amp;signature=214ec7d34197d92961219224494d0451&amp;blog_id=9438832&amp;user=135099004&amp;_e=eyJlcnJvciI6bnVsbCwiYmxvZ19pZCI6OTQzODgzMiwiYmxvZ19sYW5nIjoicHQtQlIiLCJzaXRlX2lkX2xhYmVsIjoid3Bjb20iLCJoYXNfZmVhdHVyZWRfaW1hZ2UiOiIwIiwic3Vic2NyaWJlcl9pZCI6IjQ0NzAwMjQ1IiwiX3VpIjoxMzUwOTkwMDQsImxvY2FsZSI6InB0LWJyIiwiY3VycmVuY3kiOiJCUkwiLCJjb3VudHJ5X2NvZGVfc2lnbnVwIjoiQlIiLCJzaWdudXBfZmxvd19uYW1lIjoiZGVsdGEtc2l0ZSIsImVtYWlsX2RvbWFpbiI6ImFiaW50Lm9yZy5iciIsInBvc3RfaWQiOjE5MDY5LCJ1c2VyX2VtYWlsIjoiYWJpbnRAYWJpbnQub3JnLmJyIiwiZGF0ZV9zZW50IjoiMjAyNS0wNC0yOSIsImVtYWlsX2lkIjoiYTNlNjRmN2NiM2Q1MGU4ZGJkYmJiMGU2N2NhZDA2MmMiLCJlbWFpbF9uYW1lIjoibmV3LXBvc3QiLCJ0ZW1wbGF0ZSI6Im5ldy1wb3N0IiwibGlua19kZXNjIjoicG9zdC11cmwiLCJhbmNob3JfdGV4dCI6IkJBU0YgaW5pY2lhIG9wZXJhXHUwMGU3XHUwMGUzbyBkZSBzdWEgcHJpbWVpcmEgcGxhbnRhIHBhcmEgcG9saWFtaWRhIDZcdTAwYTByZWNpY2xhZGEiLCJfZHIiOm51bGwsIl9kbCI6Ilwvd3AtYWRtaW5cL3Bvc3QucGhwIiwiX3V0Ijoid3Bjb206dXNlcl9pZCIsIl91bCI6ImFiaW50dHQiLCJfZW4iOiJ3cGNvbV9lbWFpbF9jbGljayIsIl90cyI6MTc0NTk2NzE1OTEwMSwiYnJvd3Nlcl90eXBlIjoicGhwLWFnZW50IiwiX2F1YSI6IndwY29tLXRyYWNrcy1jbGllbnQtdjAuMyIsImJsb2dfdHoiOiItMyIsInVzZXJfbGFuZyI6InB0LWJyIn0&amp;_z=z\" style=\"color:blue; text-decoration:underline\"><span style=\"font-size:14.0pt\">BASF inicia opera&ccedil;&atilde;o de sua primeira planta para poliamida 6 reciclada<\/span><\/a><\/span><\/span><\/span><\/p>\r\n\r\n<p style=\"text-align:justify\"><span style=\"font-size:28pt\"><span style=\"font-family:Cambria,serif\"><span style=\"letter-spacing:-0.5pt\"><b><span style=\"font-size:18.0pt\"><span style=\"font-family:&quot;Calibri&quot;,sans-serif\"><span style=\"font-variant:small-caps\">Inova&ccedil;&atilde;o<\/span><\/span><\/span><\/b><\/span><\/span><\/span><\/p>\r\n\r\n<p style=\"text-align:justify\"><span style=\"font-size:11pt\"><span style=\"line-height:normal\"><span style=\"font-family:Calibri,sans-serif\"><a href=\"https:\/\/petronoticias.com.br\/nova-publicacao-da-oec-apresenta-inovacoes-que-estao-sendo-usadas-na-construcao-civil\/\" style=\"color:blue; text-decoration:underline\"><span style=\"font-size:14.0pt\">Publica&ccedil;&atilde;o da Odebrecht apresenta inova&ccedil;&otilde;es que est&atilde;o sendo usadas na constru&ccedil;&atilde;o civil<\/span><\/a><\/span><\/span><\/span><\/p>\r\n\r\n<p style=\"text-align:justify\"><span style=\"font-size:11pt\"><span style=\"line-height:normal\"><span style=\"font-family:Calibri,sans-serif\"><a href=\"https:\/\/plasticosemrevista.com.br\/reforco-mais-que-demais\/\" style=\"color:blue; text-decoration:underline\"><span style=\"font-size:14.0pt\">Refor&ccedil;o mais que demais: kit de lan&ccedil;amentos da LyondellBasell eleva circularidade das embalagens pl&aacute;sticas<\/span><\/a><\/span><\/span><\/span><\/p>\r\n\r\n<p style=\"text-align:justify\"><span style=\"font-size:11pt\"><span style=\"line-height:normal\"><span style=\"font-family:Calibri,sans-serif\"><a href=\"https:\/\/portalpersonalcare.com.br\/raan-e-lancada-como-a-primeira-marca-de-lencos-umedecidos-100-algodao-nos-eua\/?utm_campaign=newsletter_30042025&amp;utm_medium=email&amp;utm_source=RD+Station\" style=\"color:blue; text-decoration:underline\"><span style=\"font-size:14.0pt\">RAAN &eacute; lan&ccedil;ada como a primeira marca de len&ccedil;os umedecidos 100% algod&atilde;o nos EUA<\/span><\/a><\/span><\/span><\/span><\/p>\r\n\r\n<p style=\"text-align:justify\"><span style=\"font-size:28pt\"><span style=\"font-family:Cambria,serif\"><span style=\"letter-spacing:-0.5pt\"><b><span style=\"font-size:18.0pt\"><span style=\"font-family:&quot;Calibri&quot;,sans-serif\"><span style=\"font-variant:small-caps\">Com&eacute;rcio Exterior<\/span><\/span><\/span><\/b><\/span><\/span><\/span><\/p>\r\n\r\n<p style=\"text-align:justify\"><span style=\"font-size:11pt\"><span style=\"line-height:normal\"><span style=\"font-family:Calibri,sans-serif\"><a href=\"https:\/\/sinditextilsp.org.br\/home\/2025\/04\/impactos-das-novas-tarifas-americanas-no-setor-textil-brasileiro\/\" style=\"color:blue; text-decoration:underline\"><span style=\"font-size:14.0pt\">Impactos das Novas Tarifas Americanas no Setor T&ecirc;xtil Brasileiro<\/span><\/a><\/span><\/span><\/span><\/p>\r\n\r\n<p style=\"text-align:justify\"><span style=\"font-size:11pt\"><span style=\"line-height:normal\"><span style=\"font-family:Calibri,sans-serif\"><a href=\"https:\/\/anba.com.br\/tarifas-de-trump-incentivam-acordos-comerciais\/\" style=\"color:blue; text-decoration:underline\"><span style=\"font-size:14.0pt\">Tarifas de Trump incentivam acordos comerciais<\/span><\/a><\/span><\/span><\/span><\/p>\r\n\r\n<p style=\"text-align:justify\"><span style=\"font-size:11pt\"><span style=\"line-height:normal\"><span style=\"font-family:Calibri,sans-serif\"><a href=\"https:\/\/noticias.r7.com\/brasilia\/governo-lula-promulga-acordo-entre-mercosul-e-estado-da-palestina-14042025\/\" style=\"color:blue; text-decoration:underline\"><span style=\"font-size:14.0pt\">Governo Lula promulga acordo entre Mercosul e Estado da Palestina<\/span><\/a><\/span><\/span><\/span><\/p>\r\n\r\n<p style=\"text-align:justify\"><span style=\"font-size:11pt\"><span style=\"line-height:normal\"><span style=\"font-family:Calibri,sans-serif\"><a href=\"https:\/\/apexbrasil.com.br\/br\/pt\/conteudo\/noticias\/Brasil-e-Chile-assinam-acordo-bilateral-que-amplia-oportunidades-comerciais-no-mercado-latino-americano.html#msdynttrid=Nzaf3QnflmypQ29CO4WxtgAlz89Bz0Mzuw6oRgRYZZE\" style=\"color:blue; text-decoration:underline\"><span style=\"font-size:14.0pt\">Brasil e Chile assinam acordo bilateral que amplia oportunidades comerciais no mercado latino-americano<\/span><\/a><\/span><\/span><\/span><\/p>\r\n\r\n<p style=\"text-align:justify\"><span style=\"font-size:11pt\"><span style=\"line-height:normal\"><span style=\"font-family:Calibri,sans-serif\"><a href=\"https:\/\/apexbrasil.com.br\/br\/pt\/conteudo\/noticias\/encontro-em-bruxelas-debate-ampliacao-do-comercio-e-acordo-entre.html#msdynttrid=eNkVXPNXPf-HPSdBPOXPmFLZgfwKIH0iTMq8tEvzB1Y\" style=\"color:blue; text-decoration:underline\"><span style=\"font-size:14.0pt\">Encontro em Bruxelas debate amplia&ccedil;&atilde;o do com&eacute;rcio e acordo entre Mercosul e Uni&atilde;o Europeia<\/span><\/a><\/span><\/span><\/span><\/p>\r\n\r\n<p style=\"text-align:justify\"><span style=\"font-size:11pt\"><span style=\"line-height:normal\"><span style=\"font-family:Calibri,sans-serif\"><a href=\"https:\/\/anba.com.br\/brics-pode-ampliar-lacos-entre-brasil-e-emirados\/\" style=\"color:blue; text-decoration:underline\"><span style=\"font-size:14.0pt\">Brics pode ampliar la&ccedil;os entre Brasil e Emirados<\/span><\/a><\/span><\/span><\/span><\/p>\r\n\r\n<p style=\"text-align:justify\"><span style=\"font-size:28pt\"><span style=\"font-family:Cambria,serif\"><span style=\"letter-spacing:-0.5pt\"><b><span style=\"font-size:18.0pt\"><span style=\"font-family:&quot;Calibri&quot;,sans-serif\"><span style=\"font-variant:small-caps\">Economia<\/span><\/span><\/span><\/b><\/span><\/span><\/span><\/p>\r\n\r\n<p style=\"text-align:justify\"><span style=\"font-size:11pt\"><span style=\"line-height:normal\"><span style=\"font-family:Calibri,sans-serif\"><a href=\"https:\/\/www.bcb.gov.br\/content\/focus\/focus\/R20250502.pdf\" style=\"color:blue; text-decoration:underline\"><span style=\"font-size:14.0pt\">Focus - Relat&oacute;rio de Mercado<\/span><\/a><\/span><\/span><\/span><\/p>\r\n\r\n<p style=\"text-align:justify\"><span style=\"font-size:11pt\"><span style=\"line-height:normal\"><span style=\"font-family:Calibri,sans-serif\"><a href=\"https:\/\/www.bcb.gov.br\/content\/controleinflacao\/focusdistribuicoesfrequencia\/P20250505-Focus-Distribuicoes-de-frequencia.pdf\" style=\"color:blue; text-decoration:underline\"><span style=\"font-size:14.0pt\">Focus &ndash; Expectativas de Mercado<\/span><\/a><\/span><\/span><\/span><\/p>\r\n\r\n<p style=\"text-align:justify\"><span style=\"font-size:11pt\"><span style=\"line-height:normal\"><span style=\"font-family:Calibri,sans-serif\"><a href=\"https:\/\/portalibre.fgv.br\/system\/files\/divulgacao\/noticias\/mat-complementar\/2025-05\/Apresenta%C3%A7%C3%A3o%20-%20S%C3%ADntese%20das%20Sondagens%20-%20Abril%202025.pdf\" style=\"color:blue; text-decoration:underline\"><span style=\"font-size:14.0pt\">S&iacute;ntese das Sondagens do FGV IBRE<\/span><\/a><\/span><\/span><\/span><\/p>\r\n\r\n<p style=\"text-align:justify\"><img src=\"https:\/\/www.abint.org.br\/assets\/img\/editor\/redes-sociais-abint-ctg-cth_20250430194140IGmqVM6eS7.jpg\" \/><\/p>\r\n","texto_en":"","7":"","imagem":"COMP_capa-2025-site-boletim-abint-noticias-semanis_20250506180704De1MDufK0h.jpg","8":"COMP_capa-2025-site-boletim-abint-noticias-semanis_20250506180704De1MDufK0h.jpg","arquivo":"20250506-BOLETIM-ABINT-DE-NOTICIAS-SEMANAIS.PDF","9":"20250506-BOLETIM-ABINT-DE-NOTICIAS-SEMANAIS.PDF","titulo_arquivo":"20250506 Boletim ABINT de Not\u00edcias Semanais","10":"20250506 Boletim ABINT de Not\u00edcias Semanais","titulo_arquivo_en":"","11":"","created_at":"2025-05-06 18:07:17","12":"2025-05-06 18:07:17","updated_at":"2025-05-06 18:07:17","13":"2025-05-06 18:07:17"},{"id":168,"0":168,"ordem":54,"1":54,"data":"2025-04-29","2":"2025-04-29","slug":"boletim-abint-de-noticias-semanais-73","3":"boletim-abint-de-noticias-semanais-73","titulo":"Boletim ABINT de Not\u00edcias Semanais","4":"Boletim ABINT de Not\u00edcias Semanais","titulo_en":"","5":"","texto":"<p style=\"text-align:justify\"><span style=\"font-size:11pt\"><span style=\"line-height:normal\"><span style=\"font-family:Calibri,sans-serif\"><span style=\"font-size:14.0pt\">Esta &eacute; uma compila&ccedil;&atilde;o das not&iacute;cias mais relevantes para o setor, incluindo informa&ccedil;&otilde;es sobre acordos internacionais, economia brasileira, sustentabilidade e mat&eacute;rias primas, al&eacute;m de novidades do setor de N&atilde;otecidos e Tecidos T&eacute;cnicos.<\/span><\/span><\/span><\/span><\/p>\r\n\r\n<p style=\"text-align:justify\"><span style=\"font-size:28pt\"><span style=\"font-family:Cambria,serif\"><span style=\"letter-spacing:-0.5pt\"><b><span style=\"font-size:18.0pt\"><span style=\"font-family:&quot;Calibri&quot;,sans-serif\"><span style=\"font-variant:small-caps\">O que vem por a&iacute;<\/span><\/span><\/span><\/b><\/span><\/span><\/span><\/p>\r\n\r\n<p><b><img src=\"https:\/\/www.abint.org.br\/assets\/img\/editor\/abint-logo-2020-g_20250402165019mojhtZg4sN.png\" style=\"width: 300px; height: 69px;\" \/><\/b><\/p>\r\n\r\n<p>&nbsp;<\/p>\r\n\r\n<p><b><img src=\"https:\/\/www.abint.org.br\/assets\/img\/editor\/post-quadrado-curso-naotecido_202504021701223fcQUdXvek.jpg\" style=\"width: 500px; height: 500px;\" \/><\/b><\/p>\r\n\r\n<p><a href=\"https:\/\/encurtador.com.br\/5RiJ6\">Fa&ccedil;a sua inscri&ccedil;&atilde;o<\/a><\/p>\r\n\r\n<p>&nbsp;<\/p>\r\n\r\n<p><img src=\"https:\/\/www.abint.org.br\/assets\/img\/editor\/logo-ctg-abint-png_202502051355479yWykO7ojh.png\" style=\"width: 300px; height: 55px;\" \/><\/p>\r\n\r\n<p><img src=\"https:\/\/www.abint.org.br\/assets\/img\/editor\/e-mail-post-premio-tcc-icc-2024-2025_20250430193536F42nr8Haxy.png\" style=\"width: 500px; height: 500px;\" \/><\/p>\r\n\r\n<p align=\"center\" style=\"text-align:center\"><span style=\"font-size:11pt\"><span style=\"line-height:normal\"><span style=\"font-family:Calibri,sans-serif\"><a href=\"https:\/\/geossinteticos.org.br\/premiotccic\" style=\"color:blue; text-decoration:underline\"><span style=\"font-size:14.0pt\">Inscreva seu trabalho<\/span><\/a><\/span><\/span><\/span><\/p>\r\n\r\n<p style=\"text-align:justify\"><span style=\"font-size:28pt\"><span style=\"font-family:Cambria,serif\"><span style=\"letter-spacing:-0.5pt\"><b><span style=\"font-size:18.0pt\"><span style=\"font-family:&quot;Calibri&quot;,sans-serif\"><span style=\"font-variant:small-caps\">Not&iacute;cias das Associadas<\/span><\/span><\/span><\/b><\/span><\/span><\/span><\/p>\r\n\r\n<p style=\"text-align:justify\"><span style=\"font-size:11pt\"><span style=\"line-height:normal\"><span style=\"font-family:Calibri,sans-serif\"><a href=\"https:\/\/www.nonwovens-industry.com\/contents\/view_sponsored-content\/2025-04-02\/andritz-nonwoven-textile-adapts-to-market-needs\/?advertiser=101756_NON_eNL_1st-Position-Native-Ad_Title&amp;utm_campaign=NON%20Issue%20Alert&amp;utm_medium=email&amp;_hsenc=p2ANqtz-_Tv9jj7CooKffAw6JUKdtIsIlgkj_geiOo5AwilrmFMwMuYppV62MkPdvCvYUDgXmQow6pnM7dvY21U77q7TbOAGIg6Q&amp;_hsmi=358814052&amp;utm_content=358814052&amp;utm_source=hs_email\" style=\"color:blue; text-decoration:underline\"><span lang=\"EN-US\" style=\"font-size:14.0pt\">ANDRITZ Nonwoven &amp; Textile Adapts to Market Needs<\/span><\/a><\/span><\/span><\/span><\/p>\r\n\r\n<p style=\"text-align:justify\"><span style=\"font-size:11pt\"><span style=\"line-height:normal\"><span style=\"font-family:Calibri,sans-serif\"><a href=\"https:\/\/www.nonwovens-industry.com\/contents\/view_breaking-news\/2025-04-22\/freudenberg-introduces-fine-denier-spunbond\/15303\" style=\"color:blue; text-decoration:underline\"><span lang=\"EN-US\" style=\"font-size:14.0pt\">Freudenberg Introduces Fine Denier Spunbond<\/span><\/a><\/span><\/span><\/span><\/p>\r\n\r\n<p style=\"text-align:justify\">&nbsp;<\/p>\r\n\r\n<p style=\"text-align:justify\"><span style=\"font-size:11pt\"><span style=\"line-height:normal\"><span style=\"font-family:Calibri,sans-serif\"><b><span lang=\"EN-US\" style=\"font-size:18.0pt\"><span style=\"font-variant:small-caps\">Eventos<\/span><\/span><\/b><\/span><\/span><\/span><\/p>\r\n\r\n<p style=\"text-align:justify\"><span style=\"font-size:11pt\"><span style=\"line-height:normal\"><span style=\"font-family:Calibri,sans-serif\"><a href=\"https:\/\/www.agrishow.com.br\/pt\/visitar\/compra-de-ingresso.html?utm_source=7th&amp;utm_medium=googlecpc&amp;utm_campaign=pmaxpt&amp;gad_source=1&amp;gbraid=0AAAAAoKpQDQbG9xkl4c-uLcObKbP6lkfC&amp;gclid=Cj0KCQjwzrzABhD8ARIsANlSWNOVOYtpaWucU3yiZkOxFf5BUPLTxa7MsNNeZ0kB_wXxx8SnU8XjLVkaAuwhEALw_wcB\" style=\"color:blue; text-decoration:underline\"><b><span style=\"font-size:14.0pt\">Agrishow 2025<\/span><\/b><\/a><span style=\"font-size:14.0pt\">, de 28 de abril a 02 de maio de 2025, das 8h &agrave;s 18h, em Ribeir&atilde;o Preto - SP &ndash; Brasil<\/span><\/span><\/span><\/span><\/p>\r\n\r\n<p style=\"text-align:justify\"><span style=\"font-size:11pt\"><span style=\"line-height:normal\"><span style=\"font-family:Calibri,sans-serif\"><a href=\"https:\/\/ideashow.org\/\" style=\"color:blue; text-decoration:underline\"><b><span lang=\"EN-US\" style=\"font-size:14.0pt\">IDEA25<\/span><\/b><\/a><span lang=\"EN-US\" style=\"font-size:14.0pt\">, April 29-May 1, 2025, Miami Beach Convention Center, Miami Beach, Florida<\/span><\/span><\/span><\/span><\/p>\r\n\r\n<p align=\"center\" style=\"text-align:center\"><span style=\"font-size:11pt\"><span style=\"line-height:normal\"><span style=\"font-family:Calibri,sans-serif\"><a href=\"https:\/\/forms.gle\/gVRanQmStqMhRKtM6\" style=\"color:blue; text-decoration:underline\"><b><span style=\"font-size:14.0pt\">ABTT Academy | Curso: Vamos falar de sa&uacute;de mental nas empresas?<\/span><\/b><\/a><\/span><\/span><\/span><\/p>\r\n\r\n<p align=\"center\" style=\"text-align:center\"><span style=\"font-size:11pt\"><span style=\"line-height:normal\"><span style=\"font-family:Calibri,sans-serif\"><span style=\"font-size:14.0pt\">17 de maio de 2025, 08h &agrave;s 12h, evento online<\/span><\/span><\/span><\/span><\/p>\r\n\r\n<p style=\"text-align:justify\"><span style=\"font-size:11pt\"><span style=\"line-height:normal\"><span style=\"font-family:Calibri,sans-serif\"><a href=\"https:\/\/www.hospitalar.com\/pt\/home.html\" style=\"color:blue; text-decoration:underline\"><b><span style=\"font-size:14.0pt\">Hospitalar 2025<\/span><\/b><\/a><span style=\"font-size:14.0pt\">, 20 a 23 de maio, 11h00 &agrave;s 20h00, S&atilde;o Paulo Expo, Rodovia dos Imigrantes, km 1,5<\/span><\/span><\/span><\/span><\/p>\r\n\r\n<p style=\"text-align:justify\"><span style=\"font-size:11pt\"><span style=\"line-height:normal\"><span style=\"font-family:Calibri,sans-serif\"><a href=\"https:\/\/www.sympla.com.br\/evento\/caminhos-sustentaveis-o-futuro-da-industria-textil\/2934717\" style=\"color:blue; text-decoration:underline\"><b><span style=\"font-size:14.0pt\">Caminhos Sustent&aacute;veis: o Futuro da Ind&uacute;stria T&ecirc;xtil<\/span><\/b><\/a><span style=\"font-size:14.0pt\">, 05 de junho de 2025, das 18h &agrave;s 22h, evento presencial, SENAI Americana, Americana, SP<\/span><\/span><\/span><\/span><\/p>\r\n\r\n<p style=\"text-align:justify\"><span style=\"font-size:11pt\"><span style=\"line-height:normal\"><span style=\"font-family:Calibri,sans-serif\"><a href=\"https:\/\/www.conbrava.com.br\/\" style=\"color:blue; text-decoration:underline\"><b><span style=\"font-size:14.0pt\">CONBRAVA 2025<\/span><\/b><\/a><span style=\"font-size:14.0pt\">, 10 a 12 de setembro de 2025, S&atilde;o Paulo Expo, Rodovia dos Imigrantes, km 1,5<\/span><\/span><\/span><\/span><\/p>\r\n\r\n<p style=\"text-align:justify\"><span style=\"font-size:11pt\"><span style=\"line-height:normal\"><span style=\"font-family:Calibri,sans-serif\"><a href=\"https:\/\/paving.com.br\/\" style=\"color:blue; text-decoration:underline\"><b><span style=\"font-size:14.0pt\">Paving Expo 2025<\/span><\/b><\/a><span style=\"font-size:14.0pt\">, 23 a 25 de setembro de 2025, Distrito Anhembi, Rua Prof. Milton Rodrigues, s\/n, Santana, S&atilde;o Paulo, SP<\/span><\/span><\/span><\/span><\/p>\r\n\r\n<p style=\"text-align:justify\"><span style=\"font-size:11pt\"><span style=\"line-height:normal\"><span style=\"font-family:Calibri,sans-serif\"><b><span style=\"font-size:14.0pt\">17&ordm; Congresso Brasileiro de Enfermagem em Centro Cir&uacute;rgico: &ldquo;O poder de cuidar&rdquo;<\/span><\/b><span style=\"font-size:14.0pt\">, 01 a 03 de outubro de 2025, Transamerica Expo Center, S&atilde;o Paulo, SP<\/span><\/span><\/span><\/span><\/p>\r\n\r\n<p style=\"text-align:justify\"><span style=\"font-size:11pt\"><span style=\"line-height:normal\"><span style=\"font-family:Calibri,sans-serif\"><a href=\"https:\/\/www.abrafiltros.org.br\/3o-seminario-brasileiro-de-filtros-acontecera-no-dia-08-de-outubro\/\" style=\"color:blue; text-decoration:underline\"><b><span style=\"font-size:14.0pt\">3&ordm; Semin&aacute;rio Brasileiro de Filtros<\/span><\/b><\/a><span style=\"font-size:14.0pt\">, 08 de outubro de 2025, evento presencial<\/span><\/span><\/span><\/span><\/p>\r\n\r\n<p style=\"text-align:justify\"><span style=\"font-size:11pt\"><span style=\"line-height:normal\"><span style=\"font-family:Calibri,sans-serif\"><a href=\"https:\/\/hospitalmed.com.br\/feira\/\" style=\"color:blue; text-decoration:underline\"><b><span style=\"font-size:14.0pt\">HospitalMed 2025<\/span><\/b><\/a><span style=\"font-size:14.0pt\">, 22 a 24 de outubro, Pernambuco Centro de Conven&ccedil;&otilde;es, Olinda<\/span><\/span><\/span><\/span><\/p>\r\n\r\n<p style=\"text-align:justify\"><span style=\"font-size:28pt\"><span style=\"font-family:Cambria,serif\"><span style=\"letter-spacing:-0.5pt\"><b><span style=\"font-size:18.0pt\"><span style=\"font-family:&quot;Calibri&quot;,sans-serif\"><span style=\"font-variant:small-caps\">Setor<\/span><\/span><\/span><\/b><\/span><\/span><\/span><\/p>\r\n\r\n<p style=\"text-align:justify\"><span style=\"font-size:11pt\"><span style=\"line-height:normal\"><span style=\"font-family:Calibri,sans-serif\"><a href=\"https:\/\/www.nonwovens-industry.com\/contents\/view_features\/2025-04-03\/needlepunch-market-report-708094\/?utm_campaign=NON%20Issue%20Alert&amp;utm_medium=email&amp;_hsenc=p2ANqtz-9Ihrv2gExh20XFh-4gk0eeFTC0UgIbzSJ-ZMFvg1Lq1HQGdRxJprQdT5sAR6iG8pGEZw1xBS8D1D2zWhxbKrsG-h6FkA&amp;_hsmi=358814052&amp;utm_content=358814052&amp;utm_source=hs_email\" style=\"color:blue; text-decoration:underline\"><span lang=\"ES-AR\" style=\"font-size:14.0pt\">Needlepunch Market Report<\/span><\/a><\/span><\/span><\/span><\/p>\r\n\r\n<p style=\"text-align:justify\"><span style=\"font-size:11pt\"><span style=\"line-height:normal\"><span style=\"font-family:Calibri,sans-serif\"><a href=\"https:\/\/plasticosemrevista.com.br\/brasil-importacoes-de-resinas-da-asia-tendem-a-superar-as-dos-eua-preve-ricardo-rezende-da-place-resinas\/\" style=\"color:blue; text-decoration:underline\"><span style=\"font-size:14.0pt\">Brasil: importa&ccedil;&otilde;es de resinas da &Aacute;sia tendem a superar as dos EUA<\/span><\/a><\/span><\/span><\/span><\/p>\r\n\r\n<p style=\"text-align:justify\"><span style=\"font-size:11pt\"><span style=\"line-height:normal\"><span style=\"font-family:Calibri,sans-serif\"><a href=\"http:\/\/comunidadtextil.com\/wpnews\/2025\/03\/un-estudio-confirma-que-la-industria-textil-de-argentina-soporta-una-muy-fuerte-crisis\/?utm_source=email_marketing&amp;utm_admin=28519&amp;utm_medium=email&amp;utm_campaign=NOTICIAS_de_las_Industrias_Textil_Confecciones_y_Moda\" style=\"color:blue; text-decoration:underline\"><span style=\"font-size:14.0pt\">Un estudio confirma que la industria textil de Argentina soporta una muy fuerte crisis<\/span><\/a><\/span><\/span><\/span><\/p>\r\n\r\n<p style=\"text-align:justify\"><span style=\"font-size:11pt\"><span style=\"line-height:normal\"><span style=\"font-family:Calibri,sans-serif\"><a href=\"https:\/\/www2.recife.pe.gov.br\/noticias\/23\/04\/2025\/prefeitura-entrega-obra-do-parceria-e-implanta-geomanta-no-corrego-do-joaquim\" style=\"color:blue; text-decoration:underline\"><span style=\"font-size:14.0pt\">Prefeitura entrega obra do Parceria e implanta geomanta no C&oacute;rrego do Joaquim (Recife- PE)<\/span><\/a><\/span><\/span><\/span><\/p>\r\n\r\n<p style=\"text-align:justify\"><span style=\"font-size:11pt\"><span style=\"line-height:normal\"><span style=\"font-family:Calibri,sans-serif\"><a href=\"https:\/\/ventitec.com.br\/filtro-de-manga-a-simples-solucao-para-um-problema-complexo\/\" style=\"color:blue; text-decoration:underline\"><span style=\"font-size:14.0pt\">Filtro de Manga: A Simples Solu&ccedil;&atilde;o para um Problema Complexo<\/span><\/a><\/span><\/span><\/span><\/p>\r\n\r\n<p style=\"text-align:justify\"><span style=\"font-size:11pt\"><span style=\"line-height:normal\"><span style=\"font-family:Calibri,sans-serif\"><a href=\"https:\/\/www.nonwovens-industry.com\/contents\/view_breaking-news\/2025-04-23\/inda-introduces-international-trade-handbook\/15303\" style=\"color:blue; text-decoration:underline\"><span style=\"font-size:14.0pt\">INDA Introduces International Trade Handbook<\/span><\/a><\/span><\/span><\/span><\/p>\r\n\r\n<p style=\"text-align:justify\"><span style=\"font-size:11pt\"><span style=\"line-height:normal\"><span style=\"font-family:Calibri,sans-serif\"><a href=\"http:\/\/comunidadtextil.com\/wpnews\/2025\/03\/china-dice-que-su-industria-seguira-siendo-un-actor-muy-importante-en-el-sector-textil\/?utm_source=email_marketing&amp;utm_admin=28519&amp;utm_medium=email&amp;utm_campaign=NOTICIAS_de_las_Industrias_Textil_Confecciones_y_Moda\" style=\"color:blue; text-decoration:underline\"><span style=\"font-size:14.0pt\">China dice que su industria seguir&aacute; siendo un actor muy importante en el sector textil<\/span><\/a><\/span><\/span><\/span><\/p>\r\n\r\n<p style=\"text-align:justify\"><span style=\"font-size:11pt\"><span style=\"line-height:normal\"><span style=\"font-family:Calibri,sans-serif\"><a href=\"https:\/\/www.nonwovens-industry.com\/contents\/view_breaking-news\/2025-04-22\/kimberly-clark-reports-lower-sales\/15303\" style=\"color:blue; text-decoration:underline\"><span lang=\"EN-US\" style=\"font-size:14.0pt\">Kimberly-Clark Reports Lower Sales<\/span><\/a><\/span><\/span><\/span><\/p>\r\n\r\n<p style=\"text-align:justify\"><span style=\"font-size:11pt\"><span style=\"line-height:normal\"><span style=\"font-family:Calibri,sans-serif\"><a href=\"https:\/\/www.nonwovens-industry.com\/contents\/view_breaking-news\/2025-04-24\/pg-announces-fiscal-third-quarter-results\/15303\" style=\"color:blue; text-decoration:underline\"><span lang=\"EN-US\" style=\"font-size:14.0pt\">P&amp;G Announces Fiscal Third Quarter Results<\/span><\/a><\/span><\/span><\/span><\/p>\r\n\r\n<p style=\"text-align:justify\"><span style=\"font-size:28pt\"><span style=\"font-family:Cambria,serif\"><span style=\"letter-spacing:-0.5pt\"><b><span style=\"font-size:18.0pt\"><span style=\"font-family:&quot;Calibri&quot;,sans-serif\"><span style=\"font-variant:small-caps\">Ind&uacute;stria<\/span><\/span><\/span><\/b><\/span><\/span><\/span><\/p>\r\n\r\n<p style=\"text-align:justify\"><span style=\"font-size:11pt\"><span style=\"line-height:normal\"><span style=\"font-family:Calibri,sans-serif\"><a href=\"https:\/\/www.otempo.com.br\/economia\/2025\/4\/27\/invasao-de-produtos-chineses-e-mao-de-obra-escassa-ameaca-setor-calcadista-no-brasil\" style=\"color:blue; text-decoration:underline\"><span style=\"font-size:14.0pt\">Invas&atilde;o de produtos chineses e m&atilde;o de obra escassa amea&ccedil;a setor cal&ccedil;adista no Brasil<\/span><\/a><\/span><\/span><\/span><\/p>\r\n\r\n<p style=\"text-align:justify\"><span style=\"font-size:11pt\"><span style=\"line-height:normal\"><span style=\"font-family:Calibri,sans-serif\"><a href=\"https:\/\/noticias.portaldaindustria.com.br\/noticias\/economia\/confianca-industrial-cai-em-15-setores-quatro-regioes-e-entre-todos-os-portes-de-empresa-informa-cni\/\" style=\"color:blue; text-decoration:underline\"><span style=\"font-size:14.0pt\">Confian&ccedil;a industrial cai em 15 setores, quatro regi&otilde;es e entre todos os portes de empresa, informa CNI<\/span><\/a><\/span><\/span><\/span><\/p>\r\n\r\n<p style=\"text-align:justify\"><span style=\"font-size:11pt\"><span style=\"line-height:normal\"><span style=\"font-family:Calibri,sans-serif\"><a href=\"https:\/\/portalibre.fgv.br\/system\/files\/divulgacao\/noticias\/mat-complementar\/2025-04\/Sondagem%20da%20Industria%20FGV_press%20release_Abr25.pdf\" style=\"color:blue; text-decoration:underline\"><span style=\"font-size:14.0pt\">&Iacute;ndice de Confian&ccedil;a da Ind&uacute;stria (ICI) do FGV IBRE caiu 0,4 ponto em abril<\/span><\/a><\/span><\/span><\/span><\/p>\r\n\r\n<p style=\"text-align:justify\"><span style=\"font-size:11pt\"><span style=\"line-height:normal\"><span style=\"font-family:Calibri,sans-serif\"><a href=\"https:\/\/monitormercantil.com.br\/inovacao-e-industrializacao-podem-ajudar-a-driblar-a-escassez-de-mao-de-obra-na-construcao-civil\/\" style=\"color:blue; text-decoration:underline\"><span style=\"font-size:14.0pt\">Inova&ccedil;&atilde;o e industrializa&ccedil;&atilde;o podem ajudar a driblar a escassez de m&atilde;o de obra na constru&ccedil;&atilde;o civil<\/span><\/a><\/span><\/span><\/span><\/p>\r\n\r\n<p style=\"text-align:justify\"><span style=\"font-size:11pt\"><span style=\"line-height:normal\"><span style=\"font-family:Calibri,sans-serif\"><a href=\"https:\/\/portalibre.fgv.br\/system\/files\/divulgacao\/noticias\/mat-complementar\/2025-04\/Press%20Release_ICST_Abr25.pdf\" style=\"color:blue; text-decoration:underline\"><span style=\"font-size:14.0pt\">Confian&ccedil;a da Constru&ccedil;&atilde;o recua em abril<\/span><\/a><\/span><\/span><\/span><\/p>\r\n\r\n<p style=\"text-align:justify\"><span style=\"font-size:11pt\"><span style=\"line-height:normal\"><span style=\"font-family:Calibri,sans-serif\"><a href=\"https:\/\/noticias.portaldaindustria.com.br\/noticias\/economia\/situacao-financeira-piora-e-abala-confianca-da-industria-da-construcao-em-2025\/\" style=\"color:blue; text-decoration:underline\"><span style=\"font-size:14.0pt\">Situa&ccedil;&atilde;o financeira piora e abala confian&ccedil;a da ind&uacute;stria da constru&ccedil;&atilde;o em 2025<\/span><\/a><\/span><\/span><\/span><\/p>\r\n\r\n<p style=\"text-align:justify\"><span style=\"font-size:11pt\"><span style=\"line-height:normal\"><span style=\"font-family:Calibri,sans-serif\"><a href=\"https:\/\/www.camara.leg.br\/noticias\/1141067-projeto-prorroga-universalizacao-do-saneamento-basico-no-pais-para-2040\/\" style=\"color:blue; text-decoration:underline\"><span style=\"font-size:14.0pt\">Projeto prorroga universaliza&ccedil;&atilde;o do saneamento b&aacute;sico no pa&iacute;s para 2040<\/span><\/a><\/span><\/span><\/span><\/p>\r\n\r\n<p style=\"text-align:justify\"><span style=\"font-size:11pt\"><span style=\"line-height:normal\"><span style=\"font-family:Calibri,sans-serif\"><a href=\"https:\/\/cnt.org.br\/agencia-cnt\/tarifas-impostas-pelo-governo-norte-americano-so-destaque-em-publicao-da-cnt\" style=\"color:blue; text-decoration:underline\"><span style=\"font-size:14.0pt\">Tarifas impostas pelo governo norte-americano podem elevar os custos de transporte e log&iacute;stica<\/span><\/a><\/span><\/span><\/span><\/p>\r\n\r\n<p style=\"text-align:justify\"><span style=\"font-size:28pt\"><span style=\"font-family:Cambria,serif\"><span style=\"letter-spacing:-0.5pt\"><b><span style=\"font-size:18.0pt\"><span style=\"font-family:&quot;Calibri&quot;,sans-serif\"><span style=\"font-variant:small-caps\">Sustentabilidade<\/span><\/span><\/span><\/b><\/span><\/span><\/span><\/p>\r\n\r\n<p style=\"text-align:justify\"><span style=\"font-size:11pt\"><span style=\"line-height:normal\"><span style=\"font-family:Calibri,sans-serif\"><a href=\"https:\/\/www12.senado.leg.br\/radio\/1\/noticia\/2025\/04\/24\/brasil-avanca-em-tratado-global-sobre-plastico-mas-desafios-internos-persistem\" style=\"color:blue; text-decoration:underline\"><span style=\"font-size:14.0pt\">Brasil avan&ccedil;a em tratado global sobre pl&aacute;stico, mas desafios internos persistem<\/span><\/a><\/span><\/span><\/span><\/p>\r\n\r\n<p style=\"text-align:justify\"><span style=\"font-size:11pt\"><span style=\"line-height:normal\"><span style=\"font-family:Calibri,sans-serif\"><a href=\"https:\/\/noticias.portaldaindustria.com.br\/noticias\/sustentabilidade\/wcef-reune-em-sao-paulo-instituicoes-globais-e-setor-privado-para-defender-financiamento-a-economia-circular\/\" style=\"color:blue; text-decoration:underline\"><span style=\"font-size:14.0pt\">Economia circular: WCEF re&uacute;ne institui&ccedil;&otilde;es globais e setor privado para defender financiamento<\/span><\/a><\/span><\/span><\/span><\/p>\r\n\r\n<p style=\"text-align:justify\"><span style=\"font-size:11pt\"><span style=\"line-height:normal\"><span style=\"font-family:Calibri,sans-serif\"><a href=\"http:\/\/comunidadtextil.com\/wpnews\/2025\/04\/para-impulsar-la-sostenibilidad-europa-crea-una-asociacion-para-los-textiles-del-futuro\/?utm_source=email_marketing&amp;utm_admin=28519&amp;utm_medium=email&amp;utm_campaign=NOTICIAS_de_las_Industrias_Textil_Confecciones_y_Moda\" style=\"color:blue; text-decoration:underline\"><span style=\"font-size:14.0pt\">Para impulsar la sostenibilidad Europa crea una Asociaci&oacute;n para los Textiles del Futuro<\/span><\/a><\/span><\/span><\/span><\/p>\r\n\r\n<p style=\"text-align:justify\"><span style=\"font-size:11pt\"><span style=\"line-height:normal\"><span style=\"font-family:Calibri,sans-serif\"><a href=\"https:\/\/expansao.co\/braskem-lanca-portfolio-de-resinas-recicladas-para-eletrodomesticos\/\" style=\"color:blue; text-decoration:underline\"><span style=\"font-size:14.0pt\">Braskem lan&ccedil;a portf&oacute;lio de resinas recicladas para eletrodom&eacute;sticos<\/span><\/a><\/span><\/span><\/span><\/p>\r\n\r\n<p style=\"text-align:justify\"><span style=\"font-size:11pt\"><span style=\"line-height:normal\"><span style=\"font-family:Calibri,sans-serif\"><a href=\"https:\/\/exame.com\/esg\/fuplastic-recicla-plastico-em-blocos-para-construcao-e-gera-recursos-para-criancas-com-cancer\/\" style=\"color:blue; text-decoration:underline\"><span style=\"font-size:14.0pt\">Fuplastic recicla pl&aacute;stico em blocos para constru&ccedil;&atilde;o e gera recursos para crian&ccedil;as com c&acirc;ncer<\/span><\/a><\/span><\/span><\/span><\/p>\r\n\r\n<p style=\"text-align:justify\"><span style=\"font-size:28pt\"><span style=\"font-family:Cambria,serif\"><span style=\"letter-spacing:-0.5pt\"><b><span style=\"font-size:18.0pt\"><span style=\"font-family:&quot;Calibri&quot;,sans-serif\"><span style=\"font-variant:small-caps\">Inova&ccedil;&atilde;o<\/span><\/span><\/span><\/b><\/span><\/span><\/span><\/p>\r\n\r\n<p style=\"text-align:justify\"><span style=\"font-size:11pt\"><span style=\"line-height:normal\"><span style=\"font-family:Calibri,sans-serif\"><a href=\"https:\/\/www.andifes.org.br\/2025\/04\/22\/ufc-desenvolvem-meias-de-tecido-de-fibra-de-carbono-para-o-tratamento-do-pe-diabetico\/\" style=\"color:blue; text-decoration:underline\"><span style=\"font-size:14.0pt\">UFC desenvolve meias de tecido de fibra de carbono para o tratamento do p&eacute; diab&eacute;tico<\/span><\/a><\/span><\/span><\/span><\/p>\r\n\r\n<p style=\"text-align:justify\"><span style=\"font-size:11pt\"><span style=\"line-height:normal\"><span style=\"font-family:Calibri,sans-serif\"><a href=\"https:\/\/nautica.com.br\/novo-plastico-dissolve-mar\/\" style=\"color:blue; text-decoration:underline\"><span style=\"font-size:14.0pt\">Cientistas criam novo pl&aacute;stico que se dissolve 100% no mar e n&atilde;o deixa rastros<\/span><\/a><\/span><\/span><\/span><\/p>\r\n\r\n<p style=\"text-align:justify\"><span style=\"font-size:11pt\"><span style=\"line-height:normal\"><span style=\"font-family:Calibri,sans-serif\"><a href=\"https:\/\/blogdoplastico.wordpress.com\/2025\/04\/24\/plastico-ganha-protagonismo-na-mobilidade\/\" style=\"color:blue; text-decoration:underline\"><span style=\"font-size:14.0pt\">Pl&aacute;stico ganha protagonismo na mobilidade<\/span><\/a><\/span><\/span><\/span><\/p>\r\n\r\n<p style=\"text-align:justify\"><span style=\"font-size:28pt\"><span style=\"font-family:Cambria,serif\"><span style=\"letter-spacing:-0.5pt\"><b><span style=\"font-size:18.0pt\"><span style=\"font-family:&quot;Calibri&quot;,sans-serif\"><span style=\"font-variant:small-caps\">Com&eacute;rcio Exterior<\/span><\/span><\/span><\/b><\/span><\/span><\/span><\/p>\r\n\r\n<p style=\"text-align:justify\"><span style=\"font-size:11pt\"><span style=\"line-height:normal\"><span style=\"font-family:Calibri,sans-serif\"><a href=\"https:\/\/anba.com.br\/exportacao-egipcia-ao-brasil-quase-dobra\/\" style=\"color:blue; text-decoration:underline\"><span style=\"font-size:14.0pt\">Exporta&ccedil;&atilde;o eg&iacute;pcia ao Brasil quase dobra<\/span><\/a><\/span><\/span><\/span><\/p>\r\n\r\n<p style=\"text-align:justify\"><span style=\"font-size:11pt\"><span style=\"line-height:normal\"><span style=\"font-family:Calibri,sans-serif\"><a href=\"https:\/\/apexbrasil.com.br\/br\/pt\/conteudo\/noticias\/Conheca-as-oportunidades-de-exportacao-para-a-segunda-maior-economia-da-America-Latina-o-Mexico.html#msdynttrid=1LU52UsOn3n4ldlAjxBHhZIiyfaHDctZaZ0F-w_TZLE\" style=\"color:blue; text-decoration:underline\"><span style=\"font-size:14.0pt\">Conhe&ccedil;a as oportunidades de exporta&ccedil;&atilde;o para a segunda maior economia da Am&eacute;rica Latina: o M&eacute;xico<\/span><\/a><\/span><\/span><\/span><\/p>\r\n\r\n<p style=\"text-align:justify\"><span style=\"font-size:28pt\"><span style=\"font-family:Cambria,serif\"><span style=\"letter-spacing:-0.5pt\"><b><span style=\"font-size:18.0pt\"><span style=\"font-family:&quot;Calibri&quot;,sans-serif\"><span style=\"font-variant:small-caps\">Economia<\/span><\/span><\/span><\/b><\/span><\/span><\/span><\/p>\r\n\r\n<p style=\"text-align:justify\"><span style=\"font-size:11pt\"><span style=\"line-height:normal\"><span style=\"font-family:Calibri,sans-serif\"><a href=\"https:\/\/www.bcb.gov.br\/content\/focus\/focus\/R20250425.pdf\" style=\"color:blue; text-decoration:underline\"><span style=\"font-size:14.0pt\">Focus - Relat&oacute;rio de Mercado<\/span><\/a><\/span><\/span><\/span><\/p>\r\n\r\n<p style=\"text-align:justify\"><span style=\"font-size:11pt\"><span style=\"line-height:normal\"><span style=\"font-family:Calibri,sans-serif\"><a href=\"https:\/\/www.bcb.gov.br\/detalhenoticia\/20648\/nota\" style=\"color:blue; text-decoration:underline\"><span style=\"font-size:14.0pt\">BC divulga o Relat&oacute;rio de Estabilidade Financeira do segundo semestre de 2024<\/span><\/a><\/span><\/span><\/span><\/p>\r\n\r\n<p style=\"text-align:justify\"><span style=\"font-size:11pt\"><span style=\"line-height:normal\"><span style=\"font-family:Calibri,sans-serif\"><a href=\"https:\/\/braziljournal.com\/evidencias-de-recessao-comecam-a-se-acumular-nos-eua\/\" style=\"color:blue; text-decoration:underline\"><span style=\"font-size:14.0pt\">Evid&ecirc;ncias de recess&atilde;o come&ccedil;am a se acumular nos EUA<\/span><\/a><\/span><\/span><\/span><\/p>\r\n\r\n<p style=\"text-align:justify\">&nbsp;<\/p>\r\n\r\n<p style=\"text-align:justify\"><span style=\"font-size:11pt\"><span style=\"line-height:normal\"><span style=\"font-family:Calibri,sans-serif\"><span style=\"font-size:14.0pt\"><img src=\"https:\/\/www.abint.org.br\/assets\/img\/editor\/redes-sociais-abint-ctg-cth_20250430194140IGmqVM6eS7.jpg\" \/><\/span><\/span><\/span><\/span><\/p>\r\n","6":"<p style=\"text-align:justify\"><span style=\"font-size:11pt\"><span style=\"line-height:normal\"><span style=\"font-family:Calibri,sans-serif\"><span style=\"font-size:14.0pt\">Esta &eacute; uma compila&ccedil;&atilde;o das not&iacute;cias mais relevantes para o setor, incluindo informa&ccedil;&otilde;es sobre acordos internacionais, economia brasileira, sustentabilidade e mat&eacute;rias primas, al&eacute;m de novidades do setor de N&atilde;otecidos e Tecidos T&eacute;cnicos.<\/span><\/span><\/span><\/span><\/p>\r\n\r\n<p style=\"text-align:justify\"><span style=\"font-size:28pt\"><span style=\"font-family:Cambria,serif\"><span style=\"letter-spacing:-0.5pt\"><b><span style=\"font-size:18.0pt\"><span style=\"font-family:&quot;Calibri&quot;,sans-serif\"><span style=\"font-variant:small-caps\">O que vem por a&iacute;<\/span><\/span><\/span><\/b><\/span><\/span><\/span><\/p>\r\n\r\n<p><b><img src=\"https:\/\/www.abint.org.br\/assets\/img\/editor\/abint-logo-2020-g_20250402165019mojhtZg4sN.png\" style=\"width: 300px; height: 69px;\" \/><\/b><\/p>\r\n\r\n<p>&nbsp;<\/p>\r\n\r\n<p><b><img src=\"https:\/\/www.abint.org.br\/assets\/img\/editor\/post-quadrado-curso-naotecido_202504021701223fcQUdXvek.jpg\" style=\"width: 500px; height: 500px;\" \/><\/b><\/p>\r\n\r\n<p><a href=\"https:\/\/encurtador.com.br\/5RiJ6\">Fa&ccedil;a sua inscri&ccedil;&atilde;o<\/a><\/p>\r\n\r\n<p>&nbsp;<\/p>\r\n\r\n<p><img src=\"https:\/\/www.abint.org.br\/assets\/img\/editor\/logo-ctg-abint-png_202502051355479yWykO7ojh.png\" style=\"width: 300px; height: 55px;\" \/><\/p>\r\n\r\n<p><img src=\"https:\/\/www.abint.org.br\/assets\/img\/editor\/e-mail-post-premio-tcc-icc-2024-2025_20250430193536F42nr8Haxy.png\" style=\"width: 500px; height: 500px;\" \/><\/p>\r\n\r\n<p align=\"center\" style=\"text-align:center\"><span style=\"font-size:11pt\"><span style=\"line-height:normal\"><span style=\"font-family:Calibri,sans-serif\"><a href=\"https:\/\/geossinteticos.org.br\/premiotccic\" style=\"color:blue; text-decoration:underline\"><span style=\"font-size:14.0pt\">Inscreva seu trabalho<\/span><\/a><\/span><\/span><\/span><\/p>\r\n\r\n<p style=\"text-align:justify\"><span style=\"font-size:28pt\"><span style=\"font-family:Cambria,serif\"><span style=\"letter-spacing:-0.5pt\"><b><span style=\"font-size:18.0pt\"><span style=\"font-family:&quot;Calibri&quot;,sans-serif\"><span style=\"font-variant:small-caps\">Not&iacute;cias das Associadas<\/span><\/span><\/span><\/b><\/span><\/span><\/span><\/p>\r\n\r\n<p style=\"text-align:justify\"><span style=\"font-size:11pt\"><span style=\"line-height:normal\"><span style=\"font-family:Calibri,sans-serif\"><a href=\"https:\/\/www.nonwovens-industry.com\/contents\/view_sponsored-content\/2025-04-02\/andritz-nonwoven-textile-adapts-to-market-needs\/?advertiser=101756_NON_eNL_1st-Position-Native-Ad_Title&amp;utm_campaign=NON%20Issue%20Alert&amp;utm_medium=email&amp;_hsenc=p2ANqtz-_Tv9jj7CooKffAw6JUKdtIsIlgkj_geiOo5AwilrmFMwMuYppV62MkPdvCvYUDgXmQow6pnM7dvY21U77q7TbOAGIg6Q&amp;_hsmi=358814052&amp;utm_content=358814052&amp;utm_source=hs_email\" style=\"color:blue; text-decoration:underline\"><span lang=\"EN-US\" style=\"font-size:14.0pt\">ANDRITZ Nonwoven &amp; Textile Adapts to Market Needs<\/span><\/a><\/span><\/span><\/span><\/p>\r\n\r\n<p style=\"text-align:justify\"><span style=\"font-size:11pt\"><span style=\"line-height:normal\"><span style=\"font-family:Calibri,sans-serif\"><a href=\"https:\/\/www.nonwovens-industry.com\/contents\/view_breaking-news\/2025-04-22\/freudenberg-introduces-fine-denier-spunbond\/15303\" style=\"color:blue; text-decoration:underline\"><span lang=\"EN-US\" style=\"font-size:14.0pt\">Freudenberg Introduces Fine Denier Spunbond<\/span><\/a><\/span><\/span><\/span><\/p>\r\n\r\n<p style=\"text-align:justify\">&nbsp;<\/p>\r\n\r\n<p style=\"text-align:justify\"><span style=\"font-size:11pt\"><span style=\"line-height:normal\"><span style=\"font-family:Calibri,sans-serif\"><b><span lang=\"EN-US\" style=\"font-size:18.0pt\"><span style=\"font-variant:small-caps\">Eventos<\/span><\/span><\/b><\/span><\/span><\/span><\/p>\r\n\r\n<p style=\"text-align:justify\"><span style=\"font-size:11pt\"><span style=\"line-height:normal\"><span style=\"font-family:Calibri,sans-serif\"><a href=\"https:\/\/www.agrishow.com.br\/pt\/visitar\/compra-de-ingresso.html?utm_source=7th&amp;utm_medium=googlecpc&amp;utm_campaign=pmaxpt&amp;gad_source=1&amp;gbraid=0AAAAAoKpQDQbG9xkl4c-uLcObKbP6lkfC&amp;gclid=Cj0KCQjwzrzABhD8ARIsANlSWNOVOYtpaWucU3yiZkOxFf5BUPLTxa7MsNNeZ0kB_wXxx8SnU8XjLVkaAuwhEALw_wcB\" style=\"color:blue; text-decoration:underline\"><b><span style=\"font-size:14.0pt\">Agrishow 2025<\/span><\/b><\/a><span style=\"font-size:14.0pt\">, de 28 de abril a 02 de maio de 2025, das 8h &agrave;s 18h, em Ribeir&atilde;o Preto - SP &ndash; Brasil<\/span><\/span><\/span><\/span><\/p>\r\n\r\n<p style=\"text-align:justify\"><span style=\"font-size:11pt\"><span style=\"line-height:normal\"><span style=\"font-family:Calibri,sans-serif\"><a href=\"https:\/\/ideashow.org\/\" style=\"color:blue; text-decoration:underline\"><b><span lang=\"EN-US\" style=\"font-size:14.0pt\">IDEA25<\/span><\/b><\/a><span lang=\"EN-US\" style=\"font-size:14.0pt\">, April 29-May 1, 2025, Miami Beach Convention Center, Miami Beach, Florida<\/span><\/span><\/span><\/span><\/p>\r\n\r\n<p align=\"center\" style=\"text-align:center\"><span style=\"font-size:11pt\"><span style=\"line-height:normal\"><span style=\"font-family:Calibri,sans-serif\"><a href=\"https:\/\/forms.gle\/gVRanQmStqMhRKtM6\" style=\"color:blue; text-decoration:underline\"><b><span style=\"font-size:14.0pt\">ABTT Academy | Curso: Vamos falar de sa&uacute;de mental nas empresas?<\/span><\/b><\/a><\/span><\/span><\/span><\/p>\r\n\r\n<p align=\"center\" style=\"text-align:center\"><span style=\"font-size:11pt\"><span style=\"line-height:normal\"><span style=\"font-family:Calibri,sans-serif\"><span style=\"font-size:14.0pt\">17 de maio de 2025, 08h &agrave;s 12h, evento online<\/span><\/span><\/span><\/span><\/p>\r\n\r\n<p style=\"text-align:justify\"><span style=\"font-size:11pt\"><span style=\"line-height:normal\"><span style=\"font-family:Calibri,sans-serif\"><a href=\"https:\/\/www.hospitalar.com\/pt\/home.html\" style=\"color:blue; text-decoration:underline\"><b><span style=\"font-size:14.0pt\">Hospitalar 2025<\/span><\/b><\/a><span style=\"font-size:14.0pt\">, 20 a 23 de maio, 11h00 &agrave;s 20h00, S&atilde;o Paulo Expo, Rodovia dos Imigrantes, km 1,5<\/span><\/span><\/span><\/span><\/p>\r\n\r\n<p style=\"text-align:justify\"><span style=\"font-size:11pt\"><span style=\"line-height:normal\"><span style=\"font-family:Calibri,sans-serif\"><a href=\"https:\/\/www.sympla.com.br\/evento\/caminhos-sustentaveis-o-futuro-da-industria-textil\/2934717\" style=\"color:blue; text-decoration:underline\"><b><span style=\"font-size:14.0pt\">Caminhos Sustent&aacute;veis: o Futuro da Ind&uacute;stria T&ecirc;xtil<\/span><\/b><\/a><span style=\"font-size:14.0pt\">, 05 de junho de 2025, das 18h &agrave;s 22h, evento presencial, SENAI Americana, Americana, SP<\/span><\/span><\/span><\/span><\/p>\r\n\r\n<p style=\"text-align:justify\"><span style=\"font-size:11pt\"><span style=\"line-height:normal\"><span style=\"font-family:Calibri,sans-serif\"><a href=\"https:\/\/www.conbrava.com.br\/\" style=\"color:blue; text-decoration:underline\"><b><span style=\"font-size:14.0pt\">CONBRAVA 2025<\/span><\/b><\/a><span style=\"font-size:14.0pt\">, 10 a 12 de setembro de 2025, S&atilde;o Paulo Expo, Rodovia dos Imigrantes, km 1,5<\/span><\/span><\/span><\/span><\/p>\r\n\r\n<p style=\"text-align:justify\"><span style=\"font-size:11pt\"><span style=\"line-height:normal\"><span style=\"font-family:Calibri,sans-serif\"><a href=\"https:\/\/paving.com.br\/\" style=\"color:blue; text-decoration:underline\"><b><span style=\"font-size:14.0pt\">Paving Expo 2025<\/span><\/b><\/a><span style=\"font-size:14.0pt\">, 23 a 25 de setembro de 2025, Distrito Anhembi, Rua Prof. Milton Rodrigues, s\/n, Santana, S&atilde;o Paulo, SP<\/span><\/span><\/span><\/span><\/p>\r\n\r\n<p style=\"text-align:justify\"><span style=\"font-size:11pt\"><span style=\"line-height:normal\"><span style=\"font-family:Calibri,sans-serif\"><b><span style=\"font-size:14.0pt\">17&ordm; Congresso Brasileiro de Enfermagem em Centro Cir&uacute;rgico: &ldquo;O poder de cuidar&rdquo;<\/span><\/b><span style=\"font-size:14.0pt\">, 01 a 03 de outubro de 2025, Transamerica Expo Center, S&atilde;o Paulo, SP<\/span><\/span><\/span><\/span><\/p>\r\n\r\n<p style=\"text-align:justify\"><span style=\"font-size:11pt\"><span style=\"line-height:normal\"><span style=\"font-family:Calibri,sans-serif\"><a href=\"https:\/\/www.abrafiltros.org.br\/3o-seminario-brasileiro-de-filtros-acontecera-no-dia-08-de-outubro\/\" style=\"color:blue; text-decoration:underline\"><b><span style=\"font-size:14.0pt\">3&ordm; Semin&aacute;rio Brasileiro de Filtros<\/span><\/b><\/a><span style=\"font-size:14.0pt\">, 08 de outubro de 2025, evento presencial<\/span><\/span><\/span><\/span><\/p>\r\n\r\n<p style=\"text-align:justify\"><span style=\"font-size:11pt\"><span style=\"line-height:normal\"><span style=\"font-family:Calibri,sans-serif\"><a href=\"https:\/\/hospitalmed.com.br\/feira\/\" style=\"color:blue; text-decoration:underline\"><b><span style=\"font-size:14.0pt\">HospitalMed 2025<\/span><\/b><\/a><span style=\"font-size:14.0pt\">, 22 a 24 de outubro, Pernambuco Centro de Conven&ccedil;&otilde;es, Olinda<\/span><\/span><\/span><\/span><\/p>\r\n\r\n<p style=\"text-align:justify\"><span style=\"font-size:28pt\"><span style=\"font-family:Cambria,serif\"><span style=\"letter-spacing:-0.5pt\"><b><span style=\"font-size:18.0pt\"><span style=\"font-family:&quot;Calibri&quot;,sans-serif\"><span style=\"font-variant:small-caps\">Setor<\/span><\/span><\/span><\/b><\/span><\/span><\/span><\/p>\r\n\r\n<p style=\"text-align:justify\"><span style=\"font-size:11pt\"><span style=\"line-height:normal\"><span style=\"font-family:Calibri,sans-serif\"><a href=\"https:\/\/www.nonwovens-industry.com\/contents\/view_features\/2025-04-03\/needlepunch-market-report-708094\/?utm_campaign=NON%20Issue%20Alert&amp;utm_medium=email&amp;_hsenc=p2ANqtz-9Ihrv2gExh20XFh-4gk0eeFTC0UgIbzSJ-ZMFvg1Lq1HQGdRxJprQdT5sAR6iG8pGEZw1xBS8D1D2zWhxbKrsG-h6FkA&amp;_hsmi=358814052&amp;utm_content=358814052&amp;utm_source=hs_email\" style=\"color:blue; text-decoration:underline\"><span lang=\"ES-AR\" style=\"font-size:14.0pt\">Needlepunch Market Report<\/span><\/a><\/span><\/span><\/span><\/p>\r\n\r\n<p style=\"text-align:justify\"><span style=\"font-size:11pt\"><span style=\"line-height:normal\"><span style=\"font-family:Calibri,sans-serif\"><a href=\"https:\/\/plasticosemrevista.com.br\/brasil-importacoes-de-resinas-da-asia-tendem-a-superar-as-dos-eua-preve-ricardo-rezende-da-place-resinas\/\" style=\"color:blue; text-decoration:underline\"><span style=\"font-size:14.0pt\">Brasil: importa&ccedil;&otilde;es de resinas da &Aacute;sia tendem a superar as dos EUA<\/span><\/a><\/span><\/span><\/span><\/p>\r\n\r\n<p style=\"text-align:justify\"><span style=\"font-size:11pt\"><span style=\"line-height:normal\"><span style=\"font-family:Calibri,sans-serif\"><a href=\"http:\/\/comunidadtextil.com\/wpnews\/2025\/03\/un-estudio-confirma-que-la-industria-textil-de-argentina-soporta-una-muy-fuerte-crisis\/?utm_source=email_marketing&amp;utm_admin=28519&amp;utm_medium=email&amp;utm_campaign=NOTICIAS_de_las_Industrias_Textil_Confecciones_y_Moda\" style=\"color:blue; text-decoration:underline\"><span style=\"font-size:14.0pt\">Un estudio confirma que la industria textil de Argentina soporta una muy fuerte crisis<\/span><\/a><\/span><\/span><\/span><\/p>\r\n\r\n<p style=\"text-align:justify\"><span style=\"font-size:11pt\"><span style=\"line-height:normal\"><span style=\"font-family:Calibri,sans-serif\"><a href=\"https:\/\/www2.recife.pe.gov.br\/noticias\/23\/04\/2025\/prefeitura-entrega-obra-do-parceria-e-implanta-geomanta-no-corrego-do-joaquim\" style=\"color:blue; text-decoration:underline\"><span style=\"font-size:14.0pt\">Prefeitura entrega obra do Parceria e implanta geomanta no C&oacute;rrego do Joaquim (Recife- PE)<\/span><\/a><\/span><\/span><\/span><\/p>\r\n\r\n<p style=\"text-align:justify\"><span style=\"font-size:11pt\"><span style=\"line-height:normal\"><span style=\"font-family:Calibri,sans-serif\"><a href=\"https:\/\/ventitec.com.br\/filtro-de-manga-a-simples-solucao-para-um-problema-complexo\/\" style=\"color:blue; text-decoration:underline\"><span style=\"font-size:14.0pt\">Filtro de Manga: A Simples Solu&ccedil;&atilde;o para um Problema Complexo<\/span><\/a><\/span><\/span><\/span><\/p>\r\n\r\n<p style=\"text-align:justify\"><span style=\"font-size:11pt\"><span style=\"line-height:normal\"><span style=\"font-family:Calibri,sans-serif\"><a href=\"https:\/\/www.nonwovens-industry.com\/contents\/view_breaking-news\/2025-04-23\/inda-introduces-international-trade-handbook\/15303\" style=\"color:blue; text-decoration:underline\"><span style=\"font-size:14.0pt\">INDA Introduces International Trade Handbook<\/span><\/a><\/span><\/span><\/span><\/p>\r\n\r\n<p style=\"text-align:justify\"><span style=\"font-size:11pt\"><span style=\"line-height:normal\"><span style=\"font-family:Calibri,sans-serif\"><a href=\"http:\/\/comunidadtextil.com\/wpnews\/2025\/03\/china-dice-que-su-industria-seguira-siendo-un-actor-muy-importante-en-el-sector-textil\/?utm_source=email_marketing&amp;utm_admin=28519&amp;utm_medium=email&amp;utm_campaign=NOTICIAS_de_las_Industrias_Textil_Confecciones_y_Moda\" style=\"color:blue; text-decoration:underline\"><span style=\"font-size:14.0pt\">China dice que su industria seguir&aacute; siendo un actor muy importante en el sector textil<\/span><\/a><\/span><\/span><\/span><\/p>\r\n\r\n<p style=\"text-align:justify\"><span style=\"font-size:11pt\"><span style=\"line-height:normal\"><span style=\"font-family:Calibri,sans-serif\"><a href=\"https:\/\/www.nonwovens-industry.com\/contents\/view_breaking-news\/2025-04-22\/kimberly-clark-reports-lower-sales\/15303\" style=\"color:blue; text-decoration:underline\"><span lang=\"EN-US\" style=\"font-size:14.0pt\">Kimberly-Clark Reports Lower Sales<\/span><\/a><\/span><\/span><\/span><\/p>\r\n\r\n<p style=\"text-align:justify\"><span style=\"font-size:11pt\"><span style=\"line-height:normal\"><span style=\"font-family:Calibri,sans-serif\"><a href=\"https:\/\/www.nonwovens-industry.com\/contents\/view_breaking-news\/2025-04-24\/pg-announces-fiscal-third-quarter-results\/15303\" style=\"color:blue; text-decoration:underline\"><span lang=\"EN-US\" style=\"font-size:14.0pt\">P&amp;G Announces Fiscal Third Quarter Results<\/span><\/a><\/span><\/span><\/span><\/p>\r\n\r\n<p style=\"text-align:justify\"><span style=\"font-size:28pt\"><span style=\"font-family:Cambria,serif\"><span style=\"letter-spacing:-0.5pt\"><b><span style=\"font-size:18.0pt\"><span style=\"font-family:&quot;Calibri&quot;,sans-serif\"><span style=\"font-variant:small-caps\">Ind&uacute;stria<\/span><\/span><\/span><\/b><\/span><\/span><\/span><\/p>\r\n\r\n<p style=\"text-align:justify\"><span style=\"font-size:11pt\"><span style=\"line-height:normal\"><span style=\"font-family:Calibri,sans-serif\"><a href=\"https:\/\/www.otempo.com.br\/economia\/2025\/4\/27\/invasao-de-produtos-chineses-e-mao-de-obra-escassa-ameaca-setor-calcadista-no-brasil\" style=\"color:blue; text-decoration:underline\"><span style=\"font-size:14.0pt\">Invas&atilde;o de produtos chineses e m&atilde;o de obra escassa amea&ccedil;a setor cal&ccedil;adista no Brasil<\/span><\/a><\/span><\/span><\/span><\/p>\r\n\r\n<p style=\"text-align:justify\"><span style=\"font-size:11pt\"><span style=\"line-height:normal\"><span style=\"font-family:Calibri,sans-serif\"><a href=\"https:\/\/noticias.portaldaindustria.com.br\/noticias\/economia\/confianca-industrial-cai-em-15-setores-quatro-regioes-e-entre-todos-os-portes-de-empresa-informa-cni\/\" style=\"color:blue; text-decoration:underline\"><span style=\"font-size:14.0pt\">Confian&ccedil;a industrial cai em 15 setores, quatro regi&otilde;es e entre todos os portes de empresa, informa CNI<\/span><\/a><\/span><\/span><\/span><\/p>\r\n\r\n<p style=\"text-align:justify\"><span style=\"font-size:11pt\"><span style=\"line-height:normal\"><span style=\"font-family:Calibri,sans-serif\"><a href=\"https:\/\/portalibre.fgv.br\/system\/files\/divulgacao\/noticias\/mat-complementar\/2025-04\/Sondagem%20da%20Industria%20FGV_press%20release_Abr25.pdf\" style=\"color:blue; text-decoration:underline\"><span style=\"font-size:14.0pt\">&Iacute;ndice de Confian&ccedil;a da Ind&uacute;stria (ICI) do FGV IBRE caiu 0,4 ponto em abril<\/span><\/a><\/span><\/span><\/span><\/p>\r\n\r\n<p style=\"text-align:justify\"><span style=\"font-size:11pt\"><span style=\"line-height:normal\"><span style=\"font-family:Calibri,sans-serif\"><a href=\"https:\/\/monitormercantil.com.br\/inovacao-e-industrializacao-podem-ajudar-a-driblar-a-escassez-de-mao-de-obra-na-construcao-civil\/\" style=\"color:blue; text-decoration:underline\"><span style=\"font-size:14.0pt\">Inova&ccedil;&atilde;o e industrializa&ccedil;&atilde;o podem ajudar a driblar a escassez de m&atilde;o de obra na constru&ccedil;&atilde;o civil<\/span><\/a><\/span><\/span><\/span><\/p>\r\n\r\n<p style=\"text-align:justify\"><span style=\"font-size:11pt\"><span style=\"line-height:normal\"><span style=\"font-family:Calibri,sans-serif\"><a href=\"https:\/\/portalibre.fgv.br\/system\/files\/divulgacao\/noticias\/mat-complementar\/2025-04\/Press%20Release_ICST_Abr25.pdf\" style=\"color:blue; text-decoration:underline\"><span style=\"font-size:14.0pt\">Confian&ccedil;a da Constru&ccedil;&atilde;o recua em abril<\/span><\/a><\/span><\/span><\/span><\/p>\r\n\r\n<p style=\"text-align:justify\"><span style=\"font-size:11pt\"><span style=\"line-height:normal\"><span style=\"font-family:Calibri,sans-serif\"><a href=\"https:\/\/noticias.portaldaindustria.com.br\/noticias\/economia\/situacao-financeira-piora-e-abala-confianca-da-industria-da-construcao-em-2025\/\" style=\"color:blue; text-decoration:underline\"><span style=\"font-size:14.0pt\">Situa&ccedil;&atilde;o financeira piora e abala confian&ccedil;a da ind&uacute;stria da constru&ccedil;&atilde;o em 2025<\/span><\/a><\/span><\/span><\/span><\/p>\r\n\r\n<p style=\"text-align:justify\"><span style=\"font-size:11pt\"><span style=\"line-height:normal\"><span style=\"font-family:Calibri,sans-serif\"><a href=\"https:\/\/www.camara.leg.br\/noticias\/1141067-projeto-prorroga-universalizacao-do-saneamento-basico-no-pais-para-2040\/\" style=\"color:blue; text-decoration:underline\"><span style=\"font-size:14.0pt\">Projeto prorroga universaliza&ccedil;&atilde;o do saneamento b&aacute;sico no pa&iacute;s para 2040<\/span><\/a><\/span><\/span><\/span><\/p>\r\n\r\n<p style=\"text-align:justify\"><span style=\"font-size:11pt\"><span style=\"line-height:normal\"><span style=\"font-family:Calibri,sans-serif\"><a href=\"https:\/\/cnt.org.br\/agencia-cnt\/tarifas-impostas-pelo-governo-norte-americano-so-destaque-em-publicao-da-cnt\" style=\"color:blue; text-decoration:underline\"><span style=\"font-size:14.0pt\">Tarifas impostas pelo governo norte-americano podem elevar os custos de transporte e log&iacute;stica<\/span><\/a><\/span><\/span><\/span><\/p>\r\n\r\n<p style=\"text-align:justify\"><span style=\"font-size:28pt\"><span style=\"font-family:Cambria,serif\"><span style=\"letter-spacing:-0.5pt\"><b><span style=\"font-size:18.0pt\"><span style=\"font-family:&quot;Calibri&quot;,sans-serif\"><span style=\"font-variant:small-caps\">Sustentabilidade<\/span><\/span><\/span><\/b><\/span><\/span><\/span><\/p>\r\n\r\n<p style=\"text-align:justify\"><span style=\"font-size:11pt\"><span style=\"line-height:normal\"><span style=\"font-family:Calibri,sans-serif\"><a href=\"https:\/\/www12.senado.leg.br\/radio\/1\/noticia\/2025\/04\/24\/brasil-avanca-em-tratado-global-sobre-plastico-mas-desafios-internos-persistem\" style=\"color:blue; text-decoration:underline\"><span style=\"font-size:14.0pt\">Brasil avan&ccedil;a em tratado global sobre pl&aacute;stico, mas desafios internos persistem<\/span><\/a><\/span><\/span><\/span><\/p>\r\n\r\n<p style=\"text-align:justify\"><span style=\"font-size:11pt\"><span style=\"line-height:normal\"><span style=\"font-family:Calibri,sans-serif\"><a href=\"https:\/\/noticias.portaldaindustria.com.br\/noticias\/sustentabilidade\/wcef-reune-em-sao-paulo-instituicoes-globais-e-setor-privado-para-defender-financiamento-a-economia-circular\/\" style=\"color:blue; text-decoration:underline\"><span style=\"font-size:14.0pt\">Economia circular: WCEF re&uacute;ne institui&ccedil;&otilde;es globais e setor privado para defender financiamento<\/span><\/a><\/span><\/span><\/span><\/p>\r\n\r\n<p style=\"text-align:justify\"><span style=\"font-size:11pt\"><span style=\"line-height:normal\"><span style=\"font-family:Calibri,sans-serif\"><a href=\"http:\/\/comunidadtextil.com\/wpnews\/2025\/04\/para-impulsar-la-sostenibilidad-europa-crea-una-asociacion-para-los-textiles-del-futuro\/?utm_source=email_marketing&amp;utm_admin=28519&amp;utm_medium=email&amp;utm_campaign=NOTICIAS_de_las_Industrias_Textil_Confecciones_y_Moda\" style=\"color:blue; text-decoration:underline\"><span style=\"font-size:14.0pt\">Para impulsar la sostenibilidad Europa crea una Asociaci&oacute;n para los Textiles del Futuro<\/span><\/a><\/span><\/span><\/span><\/p>\r\n\r\n<p style=\"text-align:justify\"><span style=\"font-size:11pt\"><span style=\"line-height:normal\"><span style=\"font-family:Calibri,sans-serif\"><a href=\"https:\/\/expansao.co\/braskem-lanca-portfolio-de-resinas-recicladas-para-eletrodomesticos\/\" style=\"color:blue; text-decoration:underline\"><span style=\"font-size:14.0pt\">Braskem lan&ccedil;a portf&oacute;lio de resinas recicladas para eletrodom&eacute;sticos<\/span><\/a><\/span><\/span><\/span><\/p>\r\n\r\n<p style=\"text-align:justify\"><span style=\"font-size:11pt\"><span style=\"line-height:normal\"><span style=\"font-family:Calibri,sans-serif\"><a href=\"https:\/\/exame.com\/esg\/fuplastic-recicla-plastico-em-blocos-para-construcao-e-gera-recursos-para-criancas-com-cancer\/\" style=\"color:blue; text-decoration:underline\"><span style=\"font-size:14.0pt\">Fuplastic recicla pl&aacute;stico em blocos para constru&ccedil;&atilde;o e gera recursos para crian&ccedil;as com c&acirc;ncer<\/span><\/a><\/span><\/span><\/span><\/p>\r\n\r\n<p style=\"text-align:justify\"><span style=\"font-size:28pt\"><span style=\"font-family:Cambria,serif\"><span style=\"letter-spacing:-0.5pt\"><b><span style=\"font-size:18.0pt\"><span style=\"font-family:&quot;Calibri&quot;,sans-serif\"><span style=\"font-variant:small-caps\">Inova&ccedil;&atilde;o<\/span><\/span><\/span><\/b><\/span><\/span><\/span><\/p>\r\n\r\n<p style=\"text-align:justify\"><span style=\"font-size:11pt\"><span style=\"line-height:normal\"><span style=\"font-family:Calibri,sans-serif\"><a href=\"https:\/\/www.andifes.org.br\/2025\/04\/22\/ufc-desenvolvem-meias-de-tecido-de-fibra-de-carbono-para-o-tratamento-do-pe-diabetico\/\" style=\"color:blue; text-decoration:underline\"><span style=\"font-size:14.0pt\">UFC desenvolve meias de tecido de fibra de carbono para o tratamento do p&eacute; diab&eacute;tico<\/span><\/a><\/span><\/span><\/span><\/p>\r\n\r\n<p style=\"text-align:justify\"><span style=\"font-size:11pt\"><span style=\"line-height:normal\"><span style=\"font-family:Calibri,sans-serif\"><a href=\"https:\/\/nautica.com.br\/novo-plastico-dissolve-mar\/\" style=\"color:blue; text-decoration:underline\"><span style=\"font-size:14.0pt\">Cientistas criam novo pl&aacute;stico que se dissolve 100% no mar e n&atilde;o deixa rastros<\/span><\/a><\/span><\/span><\/span><\/p>\r\n\r\n<p style=\"text-align:justify\"><span style=\"font-size:11pt\"><span style=\"line-height:normal\"><span style=\"font-family:Calibri,sans-serif\"><a href=\"https:\/\/blogdoplastico.wordpress.com\/2025\/04\/24\/plastico-ganha-protagonismo-na-mobilidade\/\" style=\"color:blue; text-decoration:underline\"><span style=\"font-size:14.0pt\">Pl&aacute;stico ganha protagonismo na mobilidade<\/span><\/a><\/span><\/span><\/span><\/p>\r\n\r\n<p style=\"text-align:justify\"><span style=\"font-size:28pt\"><span style=\"font-family:Cambria,serif\"><span style=\"letter-spacing:-0.5pt\"><b><span style=\"font-size:18.0pt\"><span style=\"font-family:&quot;Calibri&quot;,sans-serif\"><span style=\"font-variant:small-caps\">Com&eacute;rcio Exterior<\/span><\/span><\/span><\/b><\/span><\/span><\/span><\/p>\r\n\r\n<p style=\"text-align:justify\"><span style=\"font-size:11pt\"><span style=\"line-height:normal\"><span style=\"font-family:Calibri,sans-serif\"><a href=\"https:\/\/anba.com.br\/exportacao-egipcia-ao-brasil-quase-dobra\/\" style=\"color:blue; text-decoration:underline\"><span style=\"font-size:14.0pt\">Exporta&ccedil;&atilde;o eg&iacute;pcia ao Brasil quase dobra<\/span><\/a><\/span><\/span><\/span><\/p>\r\n\r\n<p style=\"text-align:justify\"><span style=\"font-size:11pt\"><span style=\"line-height:normal\"><span style=\"font-family:Calibri,sans-serif\"><a href=\"https:\/\/apexbrasil.com.br\/br\/pt\/conteudo\/noticias\/Conheca-as-oportunidades-de-exportacao-para-a-segunda-maior-economia-da-America-Latina-o-Mexico.html#msdynttrid=1LU52UsOn3n4ldlAjxBHhZIiyfaHDctZaZ0F-w_TZLE\" style=\"color:blue; text-decoration:underline\"><span style=\"font-size:14.0pt\">Conhe&ccedil;a as oportunidades de exporta&ccedil;&atilde;o para a segunda maior economia da Am&eacute;rica Latina: o M&eacute;xico<\/span><\/a><\/span><\/span><\/span><\/p>\r\n\r\n<p style=\"text-align:justify\"><span style=\"font-size:28pt\"><span style=\"font-family:Cambria,serif\"><span style=\"letter-spacing:-0.5pt\"><b><span style=\"font-size:18.0pt\"><span style=\"font-family:&quot;Calibri&quot;,sans-serif\"><span style=\"font-variant:small-caps\">Economia<\/span><\/span><\/span><\/b><\/span><\/span><\/span><\/p>\r\n\r\n<p style=\"text-align:justify\"><span style=\"font-size:11pt\"><span style=\"line-height:normal\"><span style=\"font-family:Calibri,sans-serif\"><a href=\"https:\/\/www.bcb.gov.br\/content\/focus\/focus\/R20250425.pdf\" style=\"color:blue; text-decoration:underline\"><span style=\"font-size:14.0pt\">Focus - Relat&oacute;rio de Mercado<\/span><\/a><\/span><\/span><\/span><\/p>\r\n\r\n<p style=\"text-align:justify\"><span style=\"font-size:11pt\"><span style=\"line-height:normal\"><span style=\"font-family:Calibri,sans-serif\"><a href=\"https:\/\/www.bcb.gov.br\/detalhenoticia\/20648\/nota\" style=\"color:blue; text-decoration:underline\"><span style=\"font-size:14.0pt\">BC divulga o Relat&oacute;rio de Estabilidade Financeira do segundo semestre de 2024<\/span><\/a><\/span><\/span><\/span><\/p>\r\n\r\n<p style=\"text-align:justify\"><span style=\"font-size:11pt\"><span style=\"line-height:normal\"><span style=\"font-family:Calibri,sans-serif\"><a href=\"https:\/\/braziljournal.com\/evidencias-de-recessao-comecam-a-se-acumular-nos-eua\/\" style=\"color:blue; text-decoration:underline\"><span style=\"font-size:14.0pt\">Evid&ecirc;ncias de recess&atilde;o come&ccedil;am a se acumular nos EUA<\/span><\/a><\/span><\/span><\/span><\/p>\r\n\r\n<p style=\"text-align:justify\">&nbsp;<\/p>\r\n\r\n<p style=\"text-align:justify\"><span style=\"font-size:11pt\"><span style=\"line-height:normal\"><span style=\"font-family:Calibri,sans-serif\"><span style=\"font-size:14.0pt\"><img src=\"https:\/\/www.abint.org.br\/assets\/img\/editor\/redes-sociais-abint-ctg-cth_20250430194140IGmqVM6eS7.jpg\" \/><\/span><\/span><\/span><\/span><\/p>\r\n","texto_en":"","7":"","imagem":"COMP_capa-2025-site-boletim-abint-noticias-semanis_20250430194201fCBO9B4wYx.jpg","8":"COMP_capa-2025-site-boletim-abint-noticias-semanis_20250430194201fCBO9B4wYx.jpg","arquivo":"20250429-BOLETIM-ABINT-DE-NOTICIAS-SEMANAIS.PDF","9":"20250429-BOLETIM-ABINT-DE-NOTICIAS-SEMANAIS.PDF","titulo_arquivo":"20250429 Boletim ABINT de Not\u00edcias Semanais","10":"20250429 Boletim ABINT de Not\u00edcias Semanais","titulo_arquivo_en":"","11":"","created_at":"2025-04-30 19:42:12","12":"2025-04-30 19:42:12","updated_at":"2025-04-30 19:42:12","13":"2025-04-30 19:42:12"},{"id":167,"0":167,"ordem":55,"1":55,"data":"2025-04-23","2":"2025-04-23","slug":"boletim-abint-de-noticias-semanais-72","3":"boletim-abint-de-noticias-semanais-72","titulo":"Boletim ABINT de Not\u00edcias Semanais","4":"Boletim ABINT de Not\u00edcias Semanais","titulo_en":"","5":"","texto":"<p style=\"text-align:justify\"><span style=\"font-size:11pt\"><span style=\"line-height:normal\"><span style=\"font-family:Calibri,sans-serif\"><span style=\"font-size:14.0pt\">Esta &eacute; uma compila&ccedil;&atilde;o das not&iacute;cias mais relevantes para o setor, incluindo informa&ccedil;&otilde;es sobre acordos internacionais, economia brasileira, sustentabilidade e mat&eacute;rias primas, al&eacute;m de novidades do setor de N&atilde;otecidos e Tecidos T&eacute;cnicos.<\/span><\/span><\/span><\/span><\/p>\r\n\r\n<p style=\"text-align:justify\"><span style=\"font-size:28pt\"><span style=\"font-family:Cambria,serif\"><span style=\"letter-spacing:-0.5pt\"><b><span style=\"font-size:18.0pt\"><span calibri=\"\" style=\"font-family:\"><span style=\"font-variant:small-caps\">O que vem por a&iacute;<\/span><\/span><\/span><\/b><\/span><\/span><\/span><\/p>\r\n\r\n<p style=\"text-align:justify\"><b><img src=\"https:\/\/www.abint.org.br\/assets\/img\/editor\/abint-logo-2020-g_20250402165019mojhtZg4sN.png\" style=\"width: 300px; height: 69px;\" \/><\/b><\/p>\r\n\r\n<p style=\"text-align:justify\">&nbsp;<\/p>\r\n\r\n<p><b><img src=\"https:\/\/www.abint.org.br\/assets\/img\/editor\/post-quadrado-curso-naotecido_202504021701223fcQUdXvek.jpg\" style=\"width: 500px; height: 500px;\" \/><\/b><\/p>\r\n\r\n<p><a href=\"https:\/\/encurtador.com.br\/5RiJ6\">Fa&ccedil;a sua inscri&ccedil;&atilde;o<\/a><\/p>\r\n\r\n<p>&nbsp;<\/p>\r\n\r\n<p><img src=\"https:\/\/www.abint.org.br\/assets\/img\/editor\/logo-ctg-abint-png_202502051355479yWykO7ojh.png\" style=\"width: 300px; height: 55px;\" \/><\/p>\r\n\r\n<p>&nbsp;<\/p>\r\n\r\n<p><img src=\"https:\/\/www.abint.org.br\/assets\/img\/editor\/e-mail-post-premio-tcc-icc-2024-2025_20250205143024je0yZgOKML.png\" style=\"width: 500px; height: 500px;\" \/><\/p>\r\n\r\n<p><a href=\"https:\/\/geossinteticos.org.br\/premiotccic\">Inscreva seu trabalho<\/a><\/p>\r\n\r\n<p><span style=\"font-size:28pt\"><span style=\"font-family:Cambria,serif\"><span style=\"letter-spacing:-0.5pt\"><b><span style=\"font-size:18.0pt\"><span calibri=\"\" style=\"font-family:\"><span style=\"font-variant:small-caps\">Not&iacute;cias das Associadas<\/span><\/span><\/span><\/b><\/span><\/span><\/span><\/p>\r\n\r\n<p style=\"text-align:justify\"><span style=\"font-size:11pt\"><span style=\"line-height:normal\"><span style=\"font-family:Calibri,sans-serif\"><a href=\"https:\/\/t.rdsv2.net\/ls\/click?upn=u001.SJ-2BHbcLStyE5mTD5OK48sq2JxFfkhvQ6eAz6nLBcupU9HIu-2BgHc6OKwbHrR3ydS4BqWcYQgwdl55GIEoCI1hz60-2FZ9bOqfQUwp-2FFjqR78UGMvfzzo0HyfW6wN5O-2BCmOWqDj20c2VJ2hPLERxt5SNRObbZfh4f8cfrhDQLFNMo0tHooKEUnQyF9oqAF1qZMlgYOezenZKPyos-2F6am-2Bh8Ew65RsrH0ICzePCFBU1HZBGSCmkAtPbUP48ghb3cFERX5C5IrMV1u5DsdVevhO8ONpXtIsZX8ve8DQrvVBbLDOu4-3Dhmck_T7N8BvZTOm04CQQMiyWztrpCjlUrRc4F7QzSgUIpTqB5Yk-2Bt7YhUyk7lZRXmbFFsi-2Foe1q0kuwsCjfsBOqL9ZeKwOqG7ApazixuGEP6Z5SJuFg5bm15p-2FcAKNI6-2BqjB-2BTKqjueFv11freZoNt-2BMFxkrq7s9wtmbjnLVavENH-2F7aPoVT9XhrktZGmIlJwYf7-2BmbzbU-2BvlEa5ao-2BSOKXbYAURgLSEZFBr74oHneVGXBLhvvCwTdiPJSQ9U-2BNmFl7KOP2xvtD52IplaNcqG91f2WugR6XhiYF8b-2FGa727sCsqcEOjqCh-2Bj28OkkbROs-2F-2BOY8mavS-2BK1F7oyuvFDGhPP2Vts4XSaim74ryqpl-2BDhRWxxyL5-2FqqlBXs9jmWkk7NkHKDDPYeAmHSud-2FCLX4rHGFh5mlCncyiVdQdlgUjYexSUpd-2B9L3osc5zrLxOPQXtVpNpe6-2BS-2B93d1QKFLI24T2OM-2Fatj1uVsvSl6mCX1xNBJOWJZyuXDJ7h4R7fJkg4LrhgrhabP64Z5iSf4K7oMKnbeUE-2FVKejJpk1zD-2FRkUTyBmC89Mj29tsys9N4RArqYzQA0KzwUskDIAUT3uvO8U0O9cfzNLPA-2FOtr-2FLcpJ2157srD4yngH1NTxBzmFFxhUJKlRqsSZf7oiMLPbUCrBxQ-2Bw-3D-3D\" style=\"color:blue; text-decoration:underline\" target=\"_blank\" title=\"Novo sistema de refina\u00e7\u00e3o pressurizada da ANDRITZ produz as primeiras fibras para a Metro Decorativa, na \u00cdndia\"><span style=\"font-size:14.0pt\">Novo sistema de refina&ccedil;&atilde;o pressurizada da ANDRITZ produz as primeiras fibras para a Metro Decorativa, na &Iacute;ndia<\/span><\/a><\/span><\/span><\/span><\/p>\r\n\r\n<p style=\"text-align:justify\"><span style=\"font-size:11pt\"><span style=\"line-height:normal\"><span style=\"font-family:Calibri,sans-serif\"><a href=\"https:\/\/r.mail.fibretofashion.com\/tr\/cl\/iPwzPv1bkbsDOVYw-dwi_E0wQUWh3WtVkdC8UFAvMts5Hv1RSLCvRPdb7ELgbst3KkBaxyMeMB2qrK6d4Ue8d1XGcW9Nlj0p9A2x_V7HnZrtFWF5CACcn3QMELQ0N0erJyeDl3ftllqMWauvqQvQ__ndr-0GU7GQ76RjIqBrskYQieOgooZ_wqOcGtNcFvmE133R9PkeMwlu98Dtyx8AVcQ3-LBDsu_SSs3QZ_AN2bz1P0GVxu1aDY9c1UNxXPF9dnYijR2k939DeWEP10lVw7rBUAE8w2VSjarHD9usV4jp7oov3aSaQ4sxX1dXnXSGOvsPddBqjno9hR16VxxvNbtZFdQWcmWsjdyh5veb9E6ucoqRFUhCCJ0J8gr6pJ7bZu6rGeBTDM058t8_hCy0g8vPA4em8tmMszuiauBAFCBeXJevHcRsmu4\" style=\"color:blue; text-decoration:underline\" target=\"_blank\"><span lang=\"EN-US\" style=\"font-size:14.0pt\">Tr&uuml;tzschler Nonwovens showcases smart, sustainable tech at IDEA 2025<\/span><\/a><\/span><\/span><\/span><\/p>\r\n\r\n<p style=\"text-align:justify\"><span style=\"font-size:11pt\"><span style=\"line-height:normal\"><span style=\"font-family:Calibri,sans-serif\"><b><span style=\"font-size:18.0pt\"><span style=\"font-variant:small-caps\">Eventos<\/span><\/span><\/b><\/span><\/span><\/span><\/p>\r\n\r\n<p style=\"text-align:justify\"><span style=\"font-size:11pt\"><span style=\"line-height:normal\"><span style=\"font-family:Calibri,sans-serif\"><a href=\"https:\/\/www.automecfeira.com.br\/pt-br.html\" style=\"color:blue; text-decoration:underline\"><b><span style=\"font-size:14.0pt\">Automec 2025<\/span><\/b><\/a><span style=\"font-size:14.0pt\">, 22 a 26 de abril de 2025, S&atilde;o Paulo Expo, Rodovia dos Imigrantes, Km 1,5, &Aacute;gua Funda, S&atilde;o Paulo, SP<\/span><\/span><\/span><\/span><\/p>\r\n\r\n<p style=\"text-align:justify\"><span style=\"font-size:11pt\"><span style=\"line-height:normal\"><span style=\"font-family:Calibri,sans-serif\"><a href=\"https:\/\/t.rdsv1.net\/ls\/click?upn=u001.ZybIS9iFDUC0J2Ku4RYQ-2Fin3IoENdLyxnRPkVYYaw3dO1IGrADri25qXv7UxY-2BLhA-2BQ3pcfuqzctGDFdT9W8tLKKHvbDewulin7mdD1vR7Q31WT4xmqPQQNcj7tt1ShBL-2FyZGdY7TseEgoNGJ99wJ3DVVX7aDJSjN6vYkexEU8KFWj6ticD-2FqmGrU979prxsMltJdUt0yE5QymZdv4HuwGcQp4x-2FCP7fNmBzuwpRnvs-3DEW_K_T7N8BvZTOm04CQQMiyWztrpCjlUrRc4F7QzSgUIpTqBrlTZiffSMr47WGpVQJ688nzcO5pvD-2FRAXHwkeRNT6K767MJuQr02HUIDF37Q-2FHv31SYRrQGkyVSPiGfIK021c3gZpUxK65qVeKgQ8yavkefmTI8cBx2wOM5V9u7JhaF7hSNajg8vmj1UbRCwGD9aGHbHT2GSjkhDbj4-2Fat1c-2Bbr7Eg0gtX-2FYucrJmsUtfmpM7io-2FQ1zxKPcsOuWn-2BWH-2F5VfkwhhAqZ5yLJXUCysZqz55m0ENGgshfqlM57XaRCm-2FjrlQKxqW072b6ITpRXdWkxz5-2Fb5CC-2Fqgw3eTOb3eV1uKeEFyoSn7yW9mxYo3ZKVoPv5XMo94YX4TnSY7pWWdH0ONCMLN9pN8BAw-2FqutWi37SNvwyQ35-2FxFY-2BtddDtTTcGAomj-2F02g19-2B3kEYPNpM5p2J51rfNl0KUyW179Nj8MMZCJp1mf1OmcYC5sHbUxOiU4qDJs46DkjN6Teq-2FyI7wRrMivTx1DxA24lWUzNZ-2FPiP9Q5QpkX5MftTpRecw-2BJa721bTO-2B-2Bo4XXnjFIjlYEVhQfK3NgY8cqWXCX1BMsL-2BJ2tU-2BG2m26Y-2BXytPG4COSH57cDHmA13dayjxCEwrhbomgH8Ovjxc-2Fs-2Bj51CaTsFHQ-3D-3D\" style=\"color:blue; text-decoration:underline\"><b><span style=\"font-size:14.0pt\">Workshop | Contratos de Aprendizagem e de Est&aacute;gio: aspectos legais, caracter&iacute;sticas e diferen&ccedil;as<\/span><\/b><\/a><span style=\"font-size:14.0pt\">, 24 de abril de 2025, 09h &agrave;s 11h, evento online<\/span><\/span><\/span><\/span><\/p>\r\n\r\n<p align=\"center\" style=\"text-align:center\"><span style=\"font-size:11pt\"><span style=\"line-height:normal\"><span style=\"font-family:Calibri,sans-serif\"><a href=\"https:\/\/docs.google.com\/forms\/d\/e\/1FAIpQLSfMrxxb83TM8IA9RFdNa0ACl5NtjckyztJJD155dbtEWBB5ow\/viewform\" style=\"color:blue; text-decoration:underline\"><b><span style=\"font-size:14.0pt\">Qualidade da cor para t&ecirc;xteis<\/span><\/b><\/a><\/span><\/span><\/span><\/p>\r\n\r\n<p align=\"center\" style=\"text-align:center\"><span style=\"font-size:11pt\"><span style=\"line-height:normal\"><span style=\"font-family:Calibri,sans-serif\"><span style=\"font-size:14.0pt\">26 de abril de 2025, 08h &agrave;s 12h, evento online<\/span><\/span><\/span><\/span><\/p>\r\n\r\n<p align=\"center\" style=\"text-align:center\"><span style=\"font-size:11pt\"><span style=\"line-height:normal\"><span style=\"font-family:Calibri,sans-serif\"><a href=\"https:\/\/forms.gle\/gVRanQmStqMhRKtM6\" style=\"color:blue; text-decoration:underline\"><b><span style=\"font-size:14.0pt\">ABTT Academy | Curso: Vamos falar de sa&uacute;de mental nas empresas?<\/span><\/b><\/a><\/span><\/span><\/span><\/p>\r\n\r\n<p align=\"center\" style=\"text-align:center\"><span style=\"font-size:11pt\"><span style=\"line-height:normal\"><span style=\"font-family:Calibri,sans-serif\"><span style=\"font-size:14.0pt\">17 de maio de 2025, 08h &agrave;s 12h, evento online<\/span><\/span><\/span><\/span><\/p>\r\n\r\n<p style=\"text-align:justify\"><span style=\"font-size:11pt\"><span style=\"line-height:normal\"><span style=\"font-family:Calibri,sans-serif\"><a href=\"https:\/\/www.hospitalar.com\/pt\/home.html\" style=\"color:blue; text-decoration:underline\"><b><span style=\"font-size:14.0pt\">Hospitalar 2025<\/span><\/b><\/a><span style=\"font-size:14.0pt\">, 20 a 23 de maio, 11h00 &agrave;s 20h00, S&atilde;o Paulo Expo, Rodovia dos Imigrantes, km 1,5<\/span><\/span><\/span><\/span><\/p>\r\n\r\n<p style=\"text-align:justify\"><span style=\"font-size:11pt\"><span style=\"line-height:normal\"><span style=\"font-family:Calibri,sans-serif\"><a href=\"https:\/\/ideashow.org\/\" style=\"color:blue; text-decoration:underline\"><b><span lang=\"EN-US\" style=\"font-size:14.0pt\">IDEA25<\/span><\/b><\/a><span lang=\"EN-US\" style=\"font-size:14.0pt\">, April 29-May 1, 2025, Miami Beach Convention Center, Miami Beach, Florida<\/span><\/span><\/span><\/span><\/p>\r\n\r\n<p style=\"text-align:justify\"><span style=\"font-size:11pt\"><span style=\"line-height:normal\"><span style=\"font-family:Calibri,sans-serif\"><a href=\"https:\/\/www.conbrava.com.br\/\" style=\"color:blue; text-decoration:underline\"><b><span style=\"font-size:14.0pt\">CONBRAVA 2025<\/span><\/b><\/a><span style=\"font-size:14.0pt\">, 10 a 12 de setembro de 2025, S&atilde;o Paulo Expo, Rodovia dos Imigrantes, km 1,5<\/span><\/span><\/span><\/span><\/p>\r\n\r\n<p style=\"text-align:justify\"><span style=\"font-size:11pt\"><span style=\"line-height:normal\"><span style=\"font-family:Calibri,sans-serif\"><a href=\"https:\/\/paving.com.br\/\" style=\"color:blue; text-decoration:underline\"><b><span style=\"font-size:14.0pt\">Paving Expo 2025<\/span><\/b><\/a><span style=\"font-size:14.0pt\">, 23 a 25 de setembro de 2025, Distrito Anhembi, Rua Prof. Milton Rodrigues, s\/n, Santana, S&atilde;o Paulo, SP<\/span><\/span><\/span><\/span><\/p>\r\n\r\n<p style=\"text-align:justify\"><span style=\"font-size:11pt\"><span style=\"line-height:normal\"><span style=\"font-family:Calibri,sans-serif\"><b><span style=\"font-size:14.0pt\">17&ordm; Congresso Brasileiro de Enfermagem em Centro Cir&uacute;rgico: &ldquo;O poder de cuidar&rdquo;<\/span><\/b><span style=\"font-size:14.0pt\">, 01 a 03 de outubro de 2025, Transamerica Expo Center, S&atilde;o Paulo, SP<\/span><\/span><\/span><\/span><\/p>\r\n\r\n<p style=\"text-align:justify\"><span style=\"font-size:11pt\"><span style=\"line-height:normal\"><span style=\"font-family:Calibri,sans-serif\"><a href=\"https:\/\/www.abrafiltros.org.br\/3o-seminario-brasileiro-de-filtros-acontecera-no-dia-08-de-outubro\/\" style=\"color:blue; text-decoration:underline\"><b><span style=\"font-size:14.0pt\">3&ordm; Semin&aacute;rio Brasileiro de Filtros<\/span><\/b><\/a><span style=\"font-size:14.0pt\">, 08 de outubro de 2025, evento presencial<\/span><\/span><\/span><\/span><\/p>\r\n\r\n<p style=\"text-align:justify\"><span style=\"font-size:11pt\"><span style=\"line-height:normal\"><span style=\"font-family:Calibri,sans-serif\"><a href=\"https:\/\/hospitalmed.com.br\/feira\/\" style=\"color:blue; text-decoration:underline\"><b><span style=\"font-size:14.0pt\">HospitalMed 2025<\/span><\/b><\/a><span style=\"font-size:14.0pt\">, 22 a 24 de outubro, Pernambuco Centro de Conven&ccedil;&otilde;es, Olinda<\/span><\/span><\/span><\/span><\/p>\r\n\r\n<p style=\"text-align:justify\"><span style=\"font-size:28pt\"><span style=\"font-family:Cambria,serif\"><span style=\"letter-spacing:-0.5pt\"><b><span lang=\"EN-US\" style=\"font-size:18.0pt\"><span calibri=\"\" style=\"font-family:\"><span style=\"font-variant:small-caps\">Setor<\/span><\/span><\/span><\/b><\/span><\/span><\/span><\/p>\r\n\r\n<p style=\"text-align:justify\"><span style=\"font-size:11pt\"><span style=\"line-height:normal\"><span style=\"font-family:Calibri,sans-serif\"><a href=\"https:\/\/www.texdata.com\/news\/Nonwovens-TechnicalTextiles\/21489.html\" style=\"color:blue; text-decoration:underline\"><span lang=\"ES-AR\" style=\"font-size:14.0pt\">European nonwoven industry returns to Pre-COVID level with 3 million tonnes produced in 2024<\/span><\/a><\/span><\/span><\/span><\/p>\r\n\r\n<p style=\"text-align:justify\"><span style=\"font-size:11pt\"><span style=\"line-height:normal\"><span style=\"font-family:Calibri,sans-serif\"><a href=\"https:\/\/www.openpr.com\/news\/3979959\/medical-nonwoven-disposables-market-set-to-surge-to-18-7\" style=\"color:blue; text-decoration:underline\"><span lang=\"EN-US\" style=\"font-size:14.0pt\">Medical Nonwoven Disposables Market Set to Surge to $18.7 Billion by 2030 at a 3.9% CAGR<\/span><\/a><\/span><\/span><\/span><\/p>\r\n\r\n<p style=\"text-align:justify\"><span style=\"font-size:11pt\"><span style=\"line-height:normal\"><span style=\"font-family:Calibri,sans-serif\"><a href=\"https:\/\/www.nonwovens-industry.com\/contents\/view_features\/2025-04-03\/moist-toilet-wipes-lead-2024-growth-baby-wipes-decline-and-general-purpose-wipes-bounce-back\/?utm_campaign=NON%20Issue%20Alert&amp;utm_medium=email&amp;_hsenc=p2ANqtz-9mt3HHeh1jVYPrds-Ih8dNjx6o-xr0fssH0GMqo2er2cb8AEsFHi86lMy1B0vQwcehguR-10IN1QiJQgMaePSK1O0J7A&amp;_hsmi=355530968&amp;utm_content=355530968&amp;utm_source=hs_email\" style=\"color:blue; text-decoration:underline\"><span lang=\"EN-US\" style=\"font-size:14.0pt\">Moist Toilet Wipes Lead 2024 Growth, Baby Wipes Decline, and General-Purpose Wipes Bounce Back<\/span><\/a><\/span><\/span><\/span><\/p>\r\n\r\n<p style=\"text-align:justify\"><span style=\"font-size:11pt\"><span style=\"line-height:normal\"><span style=\"font-family:Calibri,sans-serif\"><a href=\"https:\/\/abcdoabc.com.br\/setor-textil-gera-13-milhao-de-empregos-e-movimenta-r-2039-bilhoes-no-brasil\/\" style=\"color:blue; text-decoration:underline\"><span style=\"font-size:14.0pt\">Setor t&ecirc;xtil gera 1,3 milh&atilde;o de empregos e movimenta R$ 203,9 bilh&otilde;es no Brasil<\/span><\/a><\/span><\/span><\/span><\/p>\r\n\r\n<p style=\"text-align:justify\"><span style=\"font-size:11pt\"><span style=\"line-height:normal\"><span style=\"font-family:Calibri,sans-serif\"><a href=\"https:\/\/www.innovationintextiles.com\/trade-tensions-creating-uncertainty-associations-warn\/\" style=\"color:blue; text-decoration:underline\"><span lang=\"EN-US\" style=\"font-size:14.0pt\">Nonwovens\/Converting: trade tensions creating uncertainty, associations warn<\/span><\/a><\/span><\/span><\/span><\/p>\r\n\r\n<p style=\"text-align:justify\"><span style=\"font-size:11pt\"><span style=\"line-height:normal\"><span style=\"font-family:Calibri,sans-serif\"><a href=\"https:\/\/www.innovationintextiles.com\/nonwoven-fabric-and-technical-textile-production-in-japan-2025\/\" style=\"color:blue; text-decoration:underline\"><span lang=\"EN-US\" style=\"font-size:14.0pt\">Nonwoven fabric and technical textile production in Japan, 2025<\/span><\/a><\/span><\/span><\/span><\/p>\r\n\r\n<p style=\"text-align:justify\"><span style=\"font-size:11pt\"><span style=\"line-height:normal\"><span style=\"font-family:Calibri,sans-serif\"><a href=\"https:\/\/open.spotify.com\/episode\/2jFwL917f8oTFC3iMCfhJx\" style=\"color:blue; text-decoration:underline\"><span style=\"font-size:14.0pt\">Seguran&ccedil;a do paciente e desafios na gest&atilde;o em sa&uacute;de<\/span><\/a><\/span><\/span><\/span><\/p>\r\n\r\n<p style=\"text-align:justify\"><span style=\"font-size:11pt\"><span style=\"line-height:normal\"><span style=\"font-family:Calibri,sans-serif\"><a href=\"https:\/\/www.moveisdevalor.com.br\/portal\/produtividade-no-setor-melhora-mas-nao-o-suficiente?source=news\" style=\"color:blue; text-decoration:underline\"><span style=\"font-size:14.0pt\">Saiba como est&aacute; a produtividade da ind&uacute;stria de m&oacute;veis e colch&atilde;o<\/span><\/a><\/span><\/span><\/span><\/p>\r\n\r\n<p style=\"text-align:justify\"><span style=\"font-size:28pt\"><span style=\"font-family:Cambria,serif\"><span style=\"letter-spacing:-0.5pt\"><b><span style=\"font-size:18.0pt\"><span calibri=\"\" style=\"font-family:\"><span style=\"font-variant:small-caps\">Ind&uacute;stria<\/span><\/span><\/span><\/b><\/span><\/span><\/span><\/p>\r\n\r\n<p style=\"text-align:justify\"><span style=\"font-size:11pt\"><span style=\"line-height:normal\"><span style=\"font-family:Calibri,sans-serif\"><a href=\"https:\/\/noticias.portaldaindustria.com.br\/noticias\/competitividade\/brasil-ocupa-ultimo-lugar-no-ranking-de-competitividade-industrial-revela-cni\/\" style=\"color:blue; text-decoration:underline\"><span style=\"font-size:14.0pt\">Brasil ocupa &uacute;ltimo lugar no ranking de competitividade industrial, revela CNI<\/span><\/a><\/span><\/span><\/span><\/p>\r\n\r\n<p style=\"text-align:justify\"><span style=\"font-size:11pt\"><span style=\"line-height:normal\"><span style=\"font-family:Calibri,sans-serif\"><a href=\"https:\/\/www.capitalnews.com.br\/nacional\/industria-quimica-producao-vendas-e-demanda-interna-caem-no-primeiro-bimestre-de-2025\/420246\" style=\"color:blue; text-decoration:underline\"><span style=\"font-size:14.0pt\">Ind&uacute;stria qu&iacute;mica: produ&ccedil;&atilde;o, vendas e demanda interna caem no primeiro bimestre de 2025<\/span><\/a><\/span><\/span><\/span><\/p>\r\n\r\n<p style=\"text-align:justify\"><span style=\"font-size:11pt\"><span style=\"line-height:normal\"><span style=\"font-family:Calibri,sans-serif\"><a href=\"https:\/\/grandesconstrucoes.com.br\/Noticias\/Exibir\/novas-ferrovias-podem-revolucionar-o-transporte-de-cargas-no-sul-do-brasil?utm_source=akna&amp;utm_medium=email&amp;utm_campaign=Grandes-Construcoes-Informativo-958-17-04-2025\" style=\"color:blue; text-decoration:underline\"><span style=\"font-size:14.0pt\">Novas ferrovias podem revolucionar o transporte de cargas no Sul do Brasil<\/span><\/a><\/span><\/span><\/span><\/p>\r\n\r\n<p style=\"text-align:justify\"><span style=\"font-size:28pt\"><span style=\"font-family:Cambria,serif\"><span style=\"letter-spacing:-0.5pt\"><b><span style=\"font-size:18.0pt\"><span calibri=\"\" style=\"font-family:\"><span style=\"font-variant:small-caps\">Sustentabilidade<\/span><\/span><\/span><\/b><\/span><\/span><\/span><\/p>\r\n\r\n<p style=\"text-align:justify\"><span style=\"font-size:11pt\"><span style=\"line-height:normal\"><span style=\"font-family:Calibri,sans-serif\"><a href=\"https:\/\/ruralnews.agr.br\/agricultura\/meio-ambiente\/brasil-precisa-reduzir-emissoes-de-gases-de-efeito-estufa-ate-o-fim-de-2025-para-cumprir-meta-do-acordo-de-paris\" style=\"color:blue; text-decoration:underline\"><span style=\"font-size:14.0pt\">Brasil precisa reduzir emiss&otilde;es de gases de efeito estufa at&eacute; o fim de 2025 para cumprir meta do Acordo de Paris<\/span><\/a><\/span><\/span><\/span><\/p>\r\n\r\n<p style=\"text-align:justify\"><span style=\"font-size:11pt\"><span style=\"line-height:normal\"><span style=\"font-family:Calibri,sans-serif\"><a href=\"https:\/\/anba.com.br\/brasil-destina-r-112-bilhoes-para-fundo-do-clima\/\" style=\"color:blue; text-decoration:underline\"><span style=\"font-size:14.0pt\">Brasil destina R$ 11,2 bilh&otilde;es para fundo do clima<\/span><\/a><\/span><\/span><\/span><\/p>\r\n\r\n<p style=\"text-align:justify\"><span style=\"font-size:11pt\"><span style=\"line-height:normal\"><span style=\"font-family:Calibri,sans-serif\"><a href=\"https:\/\/conectaverde.com.br\/a-influencia-da-industria-na-transformacao-sustentavel-do-plastico\/?utm_campaign=conecta_verde_news_72&amp;utm_medium=email&amp;utm_source=RD+Station\" style=\"color:blue; text-decoration:underline\"><span style=\"font-size:14.0pt\">A influ&ecirc;ncia da ind&uacute;stria na transforma&ccedil;&atilde;o sustent&aacute;vel do pl&aacute;stico<\/span><\/a><\/span><\/span><\/span><\/p>\r\n\r\n<p style=\"text-align:justify\"><span style=\"font-size:11pt\"><span style=\"line-height:normal\"><span style=\"font-family:Calibri,sans-serif\"><a href=\"https:\/\/www.acritica.com\/opiniao\/cre-debate-poluic-o-por-plasticos-1.370151\" style=\"color:blue; text-decoration:underline\"><span style=\"font-size:14.0pt\">CRE vai debater tratado contra a polui&ccedil;&atilde;o por pl&aacute;sticos na quinta-feira<\/span><\/a><\/span><\/span><\/span><\/p>\r\n\r\n<p style=\"text-align:justify\"><span style=\"font-size:11pt\"><span style=\"line-height:normal\"><span style=\"font-family:Calibri,sans-serif\"><a href=\"https:\/\/www.revistaplasticosul.com.br\/sustentabilidade\/parana-recicla-mais-de-93-milhoes-de-filtros-automotivos-e-ultrapassa-numero-de-veiculos-em-circulacao\/\" style=\"color:blue; text-decoration:underline\"><span style=\"font-size:14.0pt\">Paran&aacute; recicla mais de 9,3 milh&otilde;es de filtros automotivos e ultrapassa n&uacute;mero de ve&iacute;culos em circula&ccedil;&atilde;o<\/span><\/a><\/span><\/span><\/span><\/p>\r\n\r\n<p style=\"text-align:justify\"><span style=\"font-size:11pt\"><span style=\"line-height:normal\"><span style=\"font-family:Calibri,sans-serif\"><a href=\"https:\/\/www.revistaplasticosul.com.br\/sustentabilidade\/industria-quimica-se-mobiliza-pela-aprovacao-do-presiq-no-congresso-nacional\/\" style=\"color:blue; text-decoration:underline\"><span style=\"font-size:14.0pt\">Ind&uacute;stria qu&iacute;mica se mobiliza pela aprova&ccedil;&atilde;o do PRESIQ no Congresso Nacional<\/span><\/a><\/span><\/span><\/span><\/p>\r\n\r\n<p style=\"text-align:justify\"><span style=\"font-size:28pt\"><span style=\"font-family:Cambria,serif\"><span style=\"letter-spacing:-0.5pt\"><b><span lang=\"EN-US\" style=\"font-size:18.0pt\"><span calibri=\"\" style=\"font-family:\"><span style=\"font-variant:small-caps\">Inova&ccedil;&atilde;o<\/span><\/span><\/span><\/b><\/span><\/span><\/span><\/p>\r\n\r\n<p style=\"text-align:justify\"><span style=\"font-size:11pt\"><span style=\"line-height:normal\"><span style=\"font-family:Calibri,sans-serif\"><a href=\"https:\/\/www.nonwovens-industry.com\/contents\/view_features\/2025-04-03\/dissolvable-wipes-will-they-be-the-industrys-next-big-thing\/?utm_campaign=NON%20Issue%20Alert&amp;utm_medium=email&amp;_hsenc=p2ANqtz-_cDqBaUhXtb6pNTAZm8-abAOt1gVLhGP5MXbnDzzYKbg5w08s2wMD63EmMmhtier7zTyx4ET_F-p-80NnDOij-h0LeUA&amp;_hsmi=355530968&amp;utm_content=355530968&amp;utm_source=hs_email\" style=\"color:blue; text-decoration:underline\"><span lang=\"EN-US\" style=\"font-size:14.0pt\">Dissolvable Wipes. Will They Be the Industry&rsquo;s Next Big Thing?<\/span><\/a><\/span><\/span><\/span><\/p>\r\n\r\n<p style=\"text-align:justify\"><span style=\"font-size:11pt\"><span style=\"line-height:normal\"><span style=\"font-family:Calibri,sans-serif\"><a href=\"https:\/\/embalagemmarca.com.br\/setores\/nanotecnologia-reciclabilidade\/\" style=\"color:blue; text-decoration:underline\"><span style=\"font-size:14.0pt\">Nanotecnologia amplia reciclabilidade de embalagens pl&aacute;sticas<\/span><\/a><\/span><\/span><\/span><\/p>\r\n\r\n<p style=\"text-align:justify\"><span style=\"font-size:28pt\"><span style=\"font-family:Cambria,serif\"><span style=\"letter-spacing:-0.5pt\"><b><span style=\"font-size:18.0pt\"><span calibri=\"\" style=\"font-family:\"><span style=\"font-variant:small-caps\">Com&eacute;rcio Exterior<\/span><\/span><\/span><\/b><\/span><\/span><\/span><\/p>\r\n\r\n<p style=\"text-align:justify\"><span style=\"font-size:11pt\"><span style=\"line-height:normal\"><span style=\"font-family:Calibri,sans-serif\"><a href=\"https:\/\/www.fibre2fashion.com\/news\/technical-textiles\/edana-inda-advocate-for-global-collaboration-on-trade-policies-302003-newsdetails.htm\" style=\"color:blue; text-decoration:underline\"><span style=\"font-size:14.0pt\">EDANA &amp; INDA advocate for global collaboration on trade policies<\/span><\/a><\/span><\/span><\/span><\/p>\r\n\r\n<p style=\"text-align:justify\"><span style=\"font-size:11pt\"><span style=\"line-height:normal\"><span style=\"font-family:Calibri,sans-serif\"><a href=\"https:\/\/www.mundolusiada.com.br\/missao-apexbrasil-e-itamaraty-discute-avancos-para-validacao-do-acordo-mercosul-ue\/\" style=\"color:blue; text-decoration:underline\"><span style=\"font-size:14.0pt\">Miss&atilde;o ApexBrasil e Itamaraty discute avan&ccedil;os para valida&ccedil;&atilde;o do acordo Mercosul-UE<\/span><\/a><\/span><\/span><\/span><\/p>\r\n\r\n<p style=\"text-align:justify\"><span style=\"font-size:11pt\"><span style=\"line-height:normal\"><span style=\"font-family:Calibri,sans-serif\"><a href=\"https:\/\/static.portaldaindustria.com.br\/media\/filer_public\/5c\/14\/5c141e89-c6f9-4967-9a98-c01dd82ad5c5\/ex_ipc_25-006_eua-novas-tarifas.pdf\" style=\"color:blue; text-decoration:underline\"><span style=\"font-size:14.0pt\">Estados Unidos aplicam tarifas base de no m&iacute;nimo 10%, com al&iacute;quotas &ldquo;rec&iacute;procas&rdquo; maiores para diversos pa&iacute;ses<\/span><\/a><\/span><\/span><\/span><\/p>\r\n\r\n<p style=\"text-align:justify\"><span style=\"font-size:28pt\"><span style=\"font-family:Cambria,serif\"><span style=\"letter-spacing:-0.5pt\"><b><span style=\"font-size:18.0pt\"><span calibri=\"\" style=\"font-family:\"><span style=\"font-variant:small-caps\">Economia<\/span><\/span><\/span><\/b><\/span><\/span><\/span><\/p>\r\n\r\n<p style=\"text-align:justify\"><span style=\"font-size:11pt\"><span style=\"line-height:normal\"><span style=\"font-family:Calibri,sans-serif\"><a href=\"https:\/\/www.bcb.gov.br\/content\/focus\/focus\/R20250417.pdf\" style=\"color:blue; text-decoration:underline\"><span style=\"font-size:14.0pt\">Focus - Relat&oacute;rio de Mercado<\/span><\/a><\/span><\/span><\/span><\/p>\r\n\r\n<p style=\"text-align:justify\"><img src=\"https:\/\/www.abint.org.br\/assets\/img\/editor\/redes-sociais-abint-ctg-cth_20250402170836VbcL0yV6qu.jpg\" \/><\/p>\r\n","6":"<p style=\"text-align:justify\"><span style=\"font-size:11pt\"><span style=\"line-height:normal\"><span style=\"font-family:Calibri,sans-serif\"><span style=\"font-size:14.0pt\">Esta &eacute; uma compila&ccedil;&atilde;o das not&iacute;cias mais relevantes para o setor, incluindo informa&ccedil;&otilde;es sobre acordos internacionais, economia brasileira, sustentabilidade e mat&eacute;rias primas, al&eacute;m de novidades do setor de N&atilde;otecidos e Tecidos T&eacute;cnicos.<\/span><\/span><\/span><\/span><\/p>\r\n\r\n<p style=\"text-align:justify\"><span style=\"font-size:28pt\"><span style=\"font-family:Cambria,serif\"><span style=\"letter-spacing:-0.5pt\"><b><span style=\"font-size:18.0pt\"><span calibri=\"\" style=\"font-family:\"><span style=\"font-variant:small-caps\">O que vem por a&iacute;<\/span><\/span><\/span><\/b><\/span><\/span><\/span><\/p>\r\n\r\n<p style=\"text-align:justify\"><b><img src=\"https:\/\/www.abint.org.br\/assets\/img\/editor\/abint-logo-2020-g_20250402165019mojhtZg4sN.png\" style=\"width: 300px; height: 69px;\" \/><\/b><\/p>\r\n\r\n<p style=\"text-align:justify\">&nbsp;<\/p>\r\n\r\n<p><b><img src=\"https:\/\/www.abint.org.br\/assets\/img\/editor\/post-quadrado-curso-naotecido_202504021701223fcQUdXvek.jpg\" style=\"width: 500px; height: 500px;\" \/><\/b><\/p>\r\n\r\n<p><a href=\"https:\/\/encurtador.com.br\/5RiJ6\">Fa&ccedil;a sua inscri&ccedil;&atilde;o<\/a><\/p>\r\n\r\n<p>&nbsp;<\/p>\r\n\r\n<p><img src=\"https:\/\/www.abint.org.br\/assets\/img\/editor\/logo-ctg-abint-png_202502051355479yWykO7ojh.png\" style=\"width: 300px; height: 55px;\" \/><\/p>\r\n\r\n<p>&nbsp;<\/p>\r\n\r\n<p><img src=\"https:\/\/www.abint.org.br\/assets\/img\/editor\/e-mail-post-premio-tcc-icc-2024-2025_20250205143024je0yZgOKML.png\" style=\"width: 500px; height: 500px;\" \/><\/p>\r\n\r\n<p><a href=\"https:\/\/geossinteticos.org.br\/premiotccic\">Inscreva seu trabalho<\/a><\/p>\r\n\r\n<p><span style=\"font-size:28pt\"><span style=\"font-family:Cambria,serif\"><span style=\"letter-spacing:-0.5pt\"><b><span style=\"font-size:18.0pt\"><span calibri=\"\" style=\"font-family:\"><span style=\"font-variant:small-caps\">Not&iacute;cias das Associadas<\/span><\/span><\/span><\/b><\/span><\/span><\/span><\/p>\r\n\r\n<p style=\"text-align:justify\"><span style=\"font-size:11pt\"><span style=\"line-height:normal\"><span style=\"font-family:Calibri,sans-serif\"><a href=\"https:\/\/t.rdsv2.net\/ls\/click?upn=u001.SJ-2BHbcLStyE5mTD5OK48sq2JxFfkhvQ6eAz6nLBcupU9HIu-2BgHc6OKwbHrR3ydS4BqWcYQgwdl55GIEoCI1hz60-2FZ9bOqfQUwp-2FFjqR78UGMvfzzo0HyfW6wN5O-2BCmOWqDj20c2VJ2hPLERxt5SNRObbZfh4f8cfrhDQLFNMo0tHooKEUnQyF9oqAF1qZMlgYOezenZKPyos-2F6am-2Bh8Ew65RsrH0ICzePCFBU1HZBGSCmkAtPbUP48ghb3cFERX5C5IrMV1u5DsdVevhO8ONpXtIsZX8ve8DQrvVBbLDOu4-3Dhmck_T7N8BvZTOm04CQQMiyWztrpCjlUrRc4F7QzSgUIpTqB5Yk-2Bt7YhUyk7lZRXmbFFsi-2Foe1q0kuwsCjfsBOqL9ZeKwOqG7ApazixuGEP6Z5SJuFg5bm15p-2FcAKNI6-2BqjB-2BTKqjueFv11freZoNt-2BMFxkrq7s9wtmbjnLVavENH-2F7aPoVT9XhrktZGmIlJwYf7-2BmbzbU-2BvlEa5ao-2BSOKXbYAURgLSEZFBr74oHneVGXBLhvvCwTdiPJSQ9U-2BNmFl7KOP2xvtD52IplaNcqG91f2WugR6XhiYF8b-2FGa727sCsqcEOjqCh-2Bj28OkkbROs-2F-2BOY8mavS-2BK1F7oyuvFDGhPP2Vts4XSaim74ryqpl-2BDhRWxxyL5-2FqqlBXs9jmWkk7NkHKDDPYeAmHSud-2FCLX4rHGFh5mlCncyiVdQdlgUjYexSUpd-2B9L3osc5zrLxOPQXtVpNpe6-2BS-2B93d1QKFLI24T2OM-2Fatj1uVsvSl6mCX1xNBJOWJZyuXDJ7h4R7fJkg4LrhgrhabP64Z5iSf4K7oMKnbeUE-2FVKejJpk1zD-2FRkUTyBmC89Mj29tsys9N4RArqYzQA0KzwUskDIAUT3uvO8U0O9cfzNLPA-2FOtr-2FLcpJ2157srD4yngH1NTxBzmFFxhUJKlRqsSZf7oiMLPbUCrBxQ-2Bw-3D-3D\" style=\"color:blue; text-decoration:underline\" target=\"_blank\" title=\"Novo sistema de refina\u00e7\u00e3o pressurizada da ANDRITZ produz as primeiras fibras para a Metro Decorativa, na \u00cdndia\"><span style=\"font-size:14.0pt\">Novo sistema de refina&ccedil;&atilde;o pressurizada da ANDRITZ produz as primeiras fibras para a Metro Decorativa, na &Iacute;ndia<\/span><\/a><\/span><\/span><\/span><\/p>\r\n\r\n<p style=\"text-align:justify\"><span style=\"font-size:11pt\"><span style=\"line-height:normal\"><span style=\"font-family:Calibri,sans-serif\"><a href=\"https:\/\/r.mail.fibretofashion.com\/tr\/cl\/iPwzPv1bkbsDOVYw-dwi_E0wQUWh3WtVkdC8UFAvMts5Hv1RSLCvRPdb7ELgbst3KkBaxyMeMB2qrK6d4Ue8d1XGcW9Nlj0p9A2x_V7HnZrtFWF5CACcn3QMELQ0N0erJyeDl3ftllqMWauvqQvQ__ndr-0GU7GQ76RjIqBrskYQieOgooZ_wqOcGtNcFvmE133R9PkeMwlu98Dtyx8AVcQ3-LBDsu_SSs3QZ_AN2bz1P0GVxu1aDY9c1UNxXPF9dnYijR2k939DeWEP10lVw7rBUAE8w2VSjarHD9usV4jp7oov3aSaQ4sxX1dXnXSGOvsPddBqjno9hR16VxxvNbtZFdQWcmWsjdyh5veb9E6ucoqRFUhCCJ0J8gr6pJ7bZu6rGeBTDM058t8_hCy0g8vPA4em8tmMszuiauBAFCBeXJevHcRsmu4\" style=\"color:blue; text-decoration:underline\" target=\"_blank\"><span lang=\"EN-US\" style=\"font-size:14.0pt\">Tr&uuml;tzschler Nonwovens showcases smart, sustainable tech at IDEA 2025<\/span><\/a><\/span><\/span><\/span><\/p>\r\n\r\n<p style=\"text-align:justify\"><span style=\"font-size:11pt\"><span style=\"line-height:normal\"><span style=\"font-family:Calibri,sans-serif\"><b><span style=\"font-size:18.0pt\"><span style=\"font-variant:small-caps\">Eventos<\/span><\/span><\/b><\/span><\/span><\/span><\/p>\r\n\r\n<p style=\"text-align:justify\"><span style=\"font-size:11pt\"><span style=\"line-height:normal\"><span style=\"font-family:Calibri,sans-serif\"><a href=\"https:\/\/www.automecfeira.com.br\/pt-br.html\" style=\"color:blue; text-decoration:underline\"><b><span style=\"font-size:14.0pt\">Automec 2025<\/span><\/b><\/a><span style=\"font-size:14.0pt\">, 22 a 26 de abril de 2025, S&atilde;o Paulo Expo, Rodovia dos Imigrantes, Km 1,5, &Aacute;gua Funda, S&atilde;o Paulo, SP<\/span><\/span><\/span><\/span><\/p>\r\n\r\n<p style=\"text-align:justify\"><span style=\"font-size:11pt\"><span style=\"line-height:normal\"><span style=\"font-family:Calibri,sans-serif\"><a href=\"https:\/\/t.rdsv1.net\/ls\/click?upn=u001.ZybIS9iFDUC0J2Ku4RYQ-2Fin3IoENdLyxnRPkVYYaw3dO1IGrADri25qXv7UxY-2BLhA-2BQ3pcfuqzctGDFdT9W8tLKKHvbDewulin7mdD1vR7Q31WT4xmqPQQNcj7tt1ShBL-2FyZGdY7TseEgoNGJ99wJ3DVVX7aDJSjN6vYkexEU8KFWj6ticD-2FqmGrU979prxsMltJdUt0yE5QymZdv4HuwGcQp4x-2FCP7fNmBzuwpRnvs-3DEW_K_T7N8BvZTOm04CQQMiyWztrpCjlUrRc4F7QzSgUIpTqBrlTZiffSMr47WGpVQJ688nzcO5pvD-2FRAXHwkeRNT6K767MJuQr02HUIDF37Q-2FHv31SYRrQGkyVSPiGfIK021c3gZpUxK65qVeKgQ8yavkefmTI8cBx2wOM5V9u7JhaF7hSNajg8vmj1UbRCwGD9aGHbHT2GSjkhDbj4-2Fat1c-2Bbr7Eg0gtX-2FYucrJmsUtfmpM7io-2FQ1zxKPcsOuWn-2BWH-2F5VfkwhhAqZ5yLJXUCysZqz55m0ENGgshfqlM57XaRCm-2FjrlQKxqW072b6ITpRXdWkxz5-2Fb5CC-2Fqgw3eTOb3eV1uKeEFyoSn7yW9mxYo3ZKVoPv5XMo94YX4TnSY7pWWdH0ONCMLN9pN8BAw-2FqutWi37SNvwyQ35-2FxFY-2BtddDtTTcGAomj-2F02g19-2B3kEYPNpM5p2J51rfNl0KUyW179Nj8MMZCJp1mf1OmcYC5sHbUxOiU4qDJs46DkjN6Teq-2FyI7wRrMivTx1DxA24lWUzNZ-2FPiP9Q5QpkX5MftTpRecw-2BJa721bTO-2B-2Bo4XXnjFIjlYEVhQfK3NgY8cqWXCX1BMsL-2BJ2tU-2BG2m26Y-2BXytPG4COSH57cDHmA13dayjxCEwrhbomgH8Ovjxc-2Fs-2Bj51CaTsFHQ-3D-3D\" style=\"color:blue; text-decoration:underline\"><b><span style=\"font-size:14.0pt\">Workshop | Contratos de Aprendizagem e de Est&aacute;gio: aspectos legais, caracter&iacute;sticas e diferen&ccedil;as<\/span><\/b><\/a><span style=\"font-size:14.0pt\">, 24 de abril de 2025, 09h &agrave;s 11h, evento online<\/span><\/span><\/span><\/span><\/p>\r\n\r\n<p align=\"center\" style=\"text-align:center\"><span style=\"font-size:11pt\"><span style=\"line-height:normal\"><span style=\"font-family:Calibri,sans-serif\"><a href=\"https:\/\/docs.google.com\/forms\/d\/e\/1FAIpQLSfMrxxb83TM8IA9RFdNa0ACl5NtjckyztJJD155dbtEWBB5ow\/viewform\" style=\"color:blue; text-decoration:underline\"><b><span style=\"font-size:14.0pt\">Qualidade da cor para t&ecirc;xteis<\/span><\/b><\/a><\/span><\/span><\/span><\/p>\r\n\r\n<p align=\"center\" style=\"text-align:center\"><span style=\"font-size:11pt\"><span style=\"line-height:normal\"><span style=\"font-family:Calibri,sans-serif\"><span style=\"font-size:14.0pt\">26 de abril de 2025, 08h &agrave;s 12h, evento online<\/span><\/span><\/span><\/span><\/p>\r\n\r\n<p align=\"center\" style=\"text-align:center\"><span style=\"font-size:11pt\"><span style=\"line-height:normal\"><span style=\"font-family:Calibri,sans-serif\"><a href=\"https:\/\/forms.gle\/gVRanQmStqMhRKtM6\" style=\"color:blue; text-decoration:underline\"><b><span style=\"font-size:14.0pt\">ABTT Academy | Curso: Vamos falar de sa&uacute;de mental nas empresas?<\/span><\/b><\/a><\/span><\/span><\/span><\/p>\r\n\r\n<p align=\"center\" style=\"text-align:center\"><span style=\"font-size:11pt\"><span style=\"line-height:normal\"><span style=\"font-family:Calibri,sans-serif\"><span style=\"font-size:14.0pt\">17 de maio de 2025, 08h &agrave;s 12h, evento online<\/span><\/span><\/span><\/span><\/p>\r\n\r\n<p style=\"text-align:justify\"><span style=\"font-size:11pt\"><span style=\"line-height:normal\"><span style=\"font-family:Calibri,sans-serif\"><a href=\"https:\/\/www.hospitalar.com\/pt\/home.html\" style=\"color:blue; text-decoration:underline\"><b><span style=\"font-size:14.0pt\">Hospitalar 2025<\/span><\/b><\/a><span style=\"font-size:14.0pt\">, 20 a 23 de maio, 11h00 &agrave;s 20h00, S&atilde;o Paulo Expo, Rodovia dos Imigrantes, km 1,5<\/span><\/span><\/span><\/span><\/p>\r\n\r\n<p style=\"text-align:justify\"><span style=\"font-size:11pt\"><span style=\"line-height:normal\"><span style=\"font-family:Calibri,sans-serif\"><a href=\"https:\/\/ideashow.org\/\" style=\"color:blue; text-decoration:underline\"><b><span lang=\"EN-US\" style=\"font-size:14.0pt\">IDEA25<\/span><\/b><\/a><span lang=\"EN-US\" style=\"font-size:14.0pt\">, April 29-May 1, 2025, Miami Beach Convention Center, Miami Beach, Florida<\/span><\/span><\/span><\/span><\/p>\r\n\r\n<p style=\"text-align:justify\"><span style=\"font-size:11pt\"><span style=\"line-height:normal\"><span style=\"font-family:Calibri,sans-serif\"><a href=\"https:\/\/www.conbrava.com.br\/\" style=\"color:blue; text-decoration:underline\"><b><span style=\"font-size:14.0pt\">CONBRAVA 2025<\/span><\/b><\/a><span style=\"font-size:14.0pt\">, 10 a 12 de setembro de 2025, S&atilde;o Paulo Expo, Rodovia dos Imigrantes, km 1,5<\/span><\/span><\/span><\/span><\/p>\r\n\r\n<p style=\"text-align:justify\"><span style=\"font-size:11pt\"><span style=\"line-height:normal\"><span style=\"font-family:Calibri,sans-serif\"><a href=\"https:\/\/paving.com.br\/\" style=\"color:blue; text-decoration:underline\"><b><span style=\"font-size:14.0pt\">Paving Expo 2025<\/span><\/b><\/a><span style=\"font-size:14.0pt\">, 23 a 25 de setembro de 2025, Distrito Anhembi, Rua Prof. Milton Rodrigues, s\/n, Santana, S&atilde;o Paulo, SP<\/span><\/span><\/span><\/span><\/p>\r\n\r\n<p style=\"text-align:justify\"><span style=\"font-size:11pt\"><span style=\"line-height:normal\"><span style=\"font-family:Calibri,sans-serif\"><b><span style=\"font-size:14.0pt\">17&ordm; Congresso Brasileiro de Enfermagem em Centro Cir&uacute;rgico: &ldquo;O poder de cuidar&rdquo;<\/span><\/b><span style=\"font-size:14.0pt\">, 01 a 03 de outubro de 2025, Transamerica Expo Center, S&atilde;o Paulo, SP<\/span><\/span><\/span><\/span><\/p>\r\n\r\n<p style=\"text-align:justify\"><span style=\"font-size:11pt\"><span style=\"line-height:normal\"><span style=\"font-family:Calibri,sans-serif\"><a href=\"https:\/\/www.abrafiltros.org.br\/3o-seminario-brasileiro-de-filtros-acontecera-no-dia-08-de-outubro\/\" style=\"color:blue; text-decoration:underline\"><b><span style=\"font-size:14.0pt\">3&ordm; Semin&aacute;rio Brasileiro de Filtros<\/span><\/b><\/a><span style=\"font-size:14.0pt\">, 08 de outubro de 2025, evento presencial<\/span><\/span><\/span><\/span><\/p>\r\n\r\n<p style=\"text-align:justify\"><span style=\"font-size:11pt\"><span style=\"line-height:normal\"><span style=\"font-family:Calibri,sans-serif\"><a href=\"https:\/\/hospitalmed.com.br\/feira\/\" style=\"color:blue; text-decoration:underline\"><b><span style=\"font-size:14.0pt\">HospitalMed 2025<\/span><\/b><\/a><span style=\"font-size:14.0pt\">, 22 a 24 de outubro, Pernambuco Centro de Conven&ccedil;&otilde;es, Olinda<\/span><\/span><\/span><\/span><\/p>\r\n\r\n<p style=\"text-align:justify\"><span style=\"font-size:28pt\"><span style=\"font-family:Cambria,serif\"><span style=\"letter-spacing:-0.5pt\"><b><span lang=\"EN-US\" style=\"font-size:18.0pt\"><span calibri=\"\" style=\"font-family:\"><span style=\"font-variant:small-caps\">Setor<\/span><\/span><\/span><\/b><\/span><\/span><\/span><\/p>\r\n\r\n<p style=\"text-align:justify\"><span style=\"font-size:11pt\"><span style=\"line-height:normal\"><span style=\"font-family:Calibri,sans-serif\"><a href=\"https:\/\/www.texdata.com\/news\/Nonwovens-TechnicalTextiles\/21489.html\" style=\"color:blue; text-decoration:underline\"><span lang=\"ES-AR\" style=\"font-size:14.0pt\">European nonwoven industry returns to Pre-COVID level with 3 million tonnes produced in 2024<\/span><\/a><\/span><\/span><\/span><\/p>\r\n\r\n<p style=\"text-align:justify\"><span style=\"font-size:11pt\"><span style=\"line-height:normal\"><span style=\"font-family:Calibri,sans-serif\"><a href=\"https:\/\/www.openpr.com\/news\/3979959\/medical-nonwoven-disposables-market-set-to-surge-to-18-7\" style=\"color:blue; text-decoration:underline\"><span lang=\"EN-US\" style=\"font-size:14.0pt\">Medical Nonwoven Disposables Market Set to Surge to $18.7 Billion by 2030 at a 3.9% CAGR<\/span><\/a><\/span><\/span><\/span><\/p>\r\n\r\n<p style=\"text-align:justify\"><span style=\"font-size:11pt\"><span style=\"line-height:normal\"><span style=\"font-family:Calibri,sans-serif\"><a href=\"https:\/\/www.nonwovens-industry.com\/contents\/view_features\/2025-04-03\/moist-toilet-wipes-lead-2024-growth-baby-wipes-decline-and-general-purpose-wipes-bounce-back\/?utm_campaign=NON%20Issue%20Alert&amp;utm_medium=email&amp;_hsenc=p2ANqtz-9mt3HHeh1jVYPrds-Ih8dNjx6o-xr0fssH0GMqo2er2cb8AEsFHi86lMy1B0vQwcehguR-10IN1QiJQgMaePSK1O0J7A&amp;_hsmi=355530968&amp;utm_content=355530968&amp;utm_source=hs_email\" style=\"color:blue; text-decoration:underline\"><span lang=\"EN-US\" style=\"font-size:14.0pt\">Moist Toilet Wipes Lead 2024 Growth, Baby Wipes Decline, and General-Purpose Wipes Bounce Back<\/span><\/a><\/span><\/span><\/span><\/p>\r\n\r\n<p style=\"text-align:justify\"><span style=\"font-size:11pt\"><span style=\"line-height:normal\"><span style=\"font-family:Calibri,sans-serif\"><a href=\"https:\/\/abcdoabc.com.br\/setor-textil-gera-13-milhao-de-empregos-e-movimenta-r-2039-bilhoes-no-brasil\/\" style=\"color:blue; text-decoration:underline\"><span style=\"font-size:14.0pt\">Setor t&ecirc;xtil gera 1,3 milh&atilde;o de empregos e movimenta R$ 203,9 bilh&otilde;es no Brasil<\/span><\/a><\/span><\/span><\/span><\/p>\r\n\r\n<p style=\"text-align:justify\"><span style=\"font-size:11pt\"><span style=\"line-height:normal\"><span style=\"font-family:Calibri,sans-serif\"><a href=\"https:\/\/www.innovationintextiles.com\/trade-tensions-creating-uncertainty-associations-warn\/\" style=\"color:blue; text-decoration:underline\"><span lang=\"EN-US\" style=\"font-size:14.0pt\">Nonwovens\/Converting: trade tensions creating uncertainty, associations warn<\/span><\/a><\/span><\/span><\/span><\/p>\r\n\r\n<p style=\"text-align:justify\"><span style=\"font-size:11pt\"><span style=\"line-height:normal\"><span style=\"font-family:Calibri,sans-serif\"><a href=\"https:\/\/www.innovationintextiles.com\/nonwoven-fabric-and-technical-textile-production-in-japan-2025\/\" style=\"color:blue; text-decoration:underline\"><span lang=\"EN-US\" style=\"font-size:14.0pt\">Nonwoven fabric and technical textile production in Japan, 2025<\/span><\/a><\/span><\/span><\/span><\/p>\r\n\r\n<p style=\"text-align:justify\"><span style=\"font-size:11pt\"><span style=\"line-height:normal\"><span style=\"font-family:Calibri,sans-serif\"><a href=\"https:\/\/open.spotify.com\/episode\/2jFwL917f8oTFC3iMCfhJx\" style=\"color:blue; text-decoration:underline\"><span style=\"font-size:14.0pt\">Seguran&ccedil;a do paciente e desafios na gest&atilde;o em sa&uacute;de<\/span><\/a><\/span><\/span><\/span><\/p>\r\n\r\n<p style=\"text-align:justify\"><span style=\"font-size:11pt\"><span style=\"line-height:normal\"><span style=\"font-family:Calibri,sans-serif\"><a href=\"https:\/\/www.moveisdevalor.com.br\/portal\/produtividade-no-setor-melhora-mas-nao-o-suficiente?source=news\" style=\"color:blue; text-decoration:underline\"><span style=\"font-size:14.0pt\">Saiba como est&aacute; a produtividade da ind&uacute;stria de m&oacute;veis e colch&atilde;o<\/span><\/a><\/span><\/span><\/span><\/p>\r\n\r\n<p style=\"text-align:justify\"><span style=\"font-size:28pt\"><span style=\"font-family:Cambria,serif\"><span style=\"letter-spacing:-0.5pt\"><b><span style=\"font-size:18.0pt\"><span calibri=\"\" style=\"font-family:\"><span style=\"font-variant:small-caps\">Ind&uacute;stria<\/span><\/span><\/span><\/b><\/span><\/span><\/span><\/p>\r\n\r\n<p style=\"text-align:justify\"><span style=\"font-size:11pt\"><span style=\"line-height:normal\"><span style=\"font-family:Calibri,sans-serif\"><a href=\"https:\/\/noticias.portaldaindustria.com.br\/noticias\/competitividade\/brasil-ocupa-ultimo-lugar-no-ranking-de-competitividade-industrial-revela-cni\/\" style=\"color:blue; text-decoration:underline\"><span style=\"font-size:14.0pt\">Brasil ocupa &uacute;ltimo lugar no ranking de competitividade industrial, revela CNI<\/span><\/a><\/span><\/span><\/span><\/p>\r\n\r\n<p style=\"text-align:justify\"><span style=\"font-size:11pt\"><span style=\"line-height:normal\"><span style=\"font-family:Calibri,sans-serif\"><a href=\"https:\/\/www.capitalnews.com.br\/nacional\/industria-quimica-producao-vendas-e-demanda-interna-caem-no-primeiro-bimestre-de-2025\/420246\" style=\"color:blue; text-decoration:underline\"><span style=\"font-size:14.0pt\">Ind&uacute;stria qu&iacute;mica: produ&ccedil;&atilde;o, vendas e demanda interna caem no primeiro bimestre de 2025<\/span><\/a><\/span><\/span><\/span><\/p>\r\n\r\n<p style=\"text-align:justify\"><span style=\"font-size:11pt\"><span style=\"line-height:normal\"><span style=\"font-family:Calibri,sans-serif\"><a href=\"https:\/\/grandesconstrucoes.com.br\/Noticias\/Exibir\/novas-ferrovias-podem-revolucionar-o-transporte-de-cargas-no-sul-do-brasil?utm_source=akna&amp;utm_medium=email&amp;utm_campaign=Grandes-Construcoes-Informativo-958-17-04-2025\" style=\"color:blue; text-decoration:underline\"><span style=\"font-size:14.0pt\">Novas ferrovias podem revolucionar o transporte de cargas no Sul do Brasil<\/span><\/a><\/span><\/span><\/span><\/p>\r\n\r\n<p style=\"text-align:justify\"><span style=\"font-size:28pt\"><span style=\"font-family:Cambria,serif\"><span style=\"letter-spacing:-0.5pt\"><b><span style=\"font-size:18.0pt\"><span calibri=\"\" style=\"font-family:\"><span style=\"font-variant:small-caps\">Sustentabilidade<\/span><\/span><\/span><\/b><\/span><\/span><\/span><\/p>\r\n\r\n<p style=\"text-align:justify\"><span style=\"font-size:11pt\"><span style=\"line-height:normal\"><span style=\"font-family:Calibri,sans-serif\"><a href=\"https:\/\/ruralnews.agr.br\/agricultura\/meio-ambiente\/brasil-precisa-reduzir-emissoes-de-gases-de-efeito-estufa-ate-o-fim-de-2025-para-cumprir-meta-do-acordo-de-paris\" style=\"color:blue; text-decoration:underline\"><span style=\"font-size:14.0pt\">Brasil precisa reduzir emiss&otilde;es de gases de efeito estufa at&eacute; o fim de 2025 para cumprir meta do Acordo de Paris<\/span><\/a><\/span><\/span><\/span><\/p>\r\n\r\n<p style=\"text-align:justify\"><span style=\"font-size:11pt\"><span style=\"line-height:normal\"><span style=\"font-family:Calibri,sans-serif\"><a href=\"https:\/\/anba.com.br\/brasil-destina-r-112-bilhoes-para-fundo-do-clima\/\" style=\"color:blue; text-decoration:underline\"><span style=\"font-size:14.0pt\">Brasil destina R$ 11,2 bilh&otilde;es para fundo do clima<\/span><\/a><\/span><\/span><\/span><\/p>\r\n\r\n<p style=\"text-align:justify\"><span style=\"font-size:11pt\"><span style=\"line-height:normal\"><span style=\"font-family:Calibri,sans-serif\"><a href=\"https:\/\/conectaverde.com.br\/a-influencia-da-industria-na-transformacao-sustentavel-do-plastico\/?utm_campaign=conecta_verde_news_72&amp;utm_medium=email&amp;utm_source=RD+Station\" style=\"color:blue; text-decoration:underline\"><span style=\"font-size:14.0pt\">A influ&ecirc;ncia da ind&uacute;stria na transforma&ccedil;&atilde;o sustent&aacute;vel do pl&aacute;stico<\/span><\/a><\/span><\/span><\/span><\/p>\r\n\r\n<p style=\"text-align:justify\"><span style=\"font-size:11pt\"><span style=\"line-height:normal\"><span style=\"font-family:Calibri,sans-serif\"><a href=\"https:\/\/www.acritica.com\/opiniao\/cre-debate-poluic-o-por-plasticos-1.370151\" style=\"color:blue; text-decoration:underline\"><span style=\"font-size:14.0pt\">CRE vai debater tratado contra a polui&ccedil;&atilde;o por pl&aacute;sticos na quinta-feira<\/span><\/a><\/span><\/span><\/span><\/p>\r\n\r\n<p style=\"text-align:justify\"><span style=\"font-size:11pt\"><span style=\"line-height:normal\"><span style=\"font-family:Calibri,sans-serif\"><a href=\"https:\/\/www.revistaplasticosul.com.br\/sustentabilidade\/parana-recicla-mais-de-93-milhoes-de-filtros-automotivos-e-ultrapassa-numero-de-veiculos-em-circulacao\/\" style=\"color:blue; text-decoration:underline\"><span style=\"font-size:14.0pt\">Paran&aacute; recicla mais de 9,3 milh&otilde;es de filtros automotivos e ultrapassa n&uacute;mero de ve&iacute;culos em circula&ccedil;&atilde;o<\/span><\/a><\/span><\/span><\/span><\/p>\r\n\r\n<p style=\"text-align:justify\"><span style=\"font-size:11pt\"><span style=\"line-height:normal\"><span style=\"font-family:Calibri,sans-serif\"><a href=\"https:\/\/www.revistaplasticosul.com.br\/sustentabilidade\/industria-quimica-se-mobiliza-pela-aprovacao-do-presiq-no-congresso-nacional\/\" style=\"color:blue; text-decoration:underline\"><span style=\"font-size:14.0pt\">Ind&uacute;stria qu&iacute;mica se mobiliza pela aprova&ccedil;&atilde;o do PRESIQ no Congresso Nacional<\/span><\/a><\/span><\/span><\/span><\/p>\r\n\r\n<p style=\"text-align:justify\"><span style=\"font-size:28pt\"><span style=\"font-family:Cambria,serif\"><span style=\"letter-spacing:-0.5pt\"><b><span lang=\"EN-US\" style=\"font-size:18.0pt\"><span calibri=\"\" style=\"font-family:\"><span style=\"font-variant:small-caps\">Inova&ccedil;&atilde;o<\/span><\/span><\/span><\/b><\/span><\/span><\/span><\/p>\r\n\r\n<p style=\"text-align:justify\"><span style=\"font-size:11pt\"><span style=\"line-height:normal\"><span style=\"font-family:Calibri,sans-serif\"><a href=\"https:\/\/www.nonwovens-industry.com\/contents\/view_features\/2025-04-03\/dissolvable-wipes-will-they-be-the-industrys-next-big-thing\/?utm_campaign=NON%20Issue%20Alert&amp;utm_medium=email&amp;_hsenc=p2ANqtz-_cDqBaUhXtb6pNTAZm8-abAOt1gVLhGP5MXbnDzzYKbg5w08s2wMD63EmMmhtier7zTyx4ET_F-p-80NnDOij-h0LeUA&amp;_hsmi=355530968&amp;utm_content=355530968&amp;utm_source=hs_email\" style=\"color:blue; text-decoration:underline\"><span lang=\"EN-US\" style=\"font-size:14.0pt\">Dissolvable Wipes. Will They Be the Industry&rsquo;s Next Big Thing?<\/span><\/a><\/span><\/span><\/span><\/p>\r\n\r\n<p style=\"text-align:justify\"><span style=\"font-size:11pt\"><span style=\"line-height:normal\"><span style=\"font-family:Calibri,sans-serif\"><a href=\"https:\/\/embalagemmarca.com.br\/setores\/nanotecnologia-reciclabilidade\/\" style=\"color:blue; text-decoration:underline\"><span style=\"font-size:14.0pt\">Nanotecnologia amplia reciclabilidade de embalagens pl&aacute;sticas<\/span><\/a><\/span><\/span><\/span><\/p>\r\n\r\n<p style=\"text-align:justify\"><span style=\"font-size:28pt\"><span style=\"font-family:Cambria,serif\"><span style=\"letter-spacing:-0.5pt\"><b><span style=\"font-size:18.0pt\"><span calibri=\"\" style=\"font-family:\"><span style=\"font-variant:small-caps\">Com&eacute;rcio Exterior<\/span><\/span><\/span><\/b><\/span><\/span><\/span><\/p>\r\n\r\n<p style=\"text-align:justify\"><span style=\"font-size:11pt\"><span style=\"line-height:normal\"><span style=\"font-family:Calibri,sans-serif\"><a href=\"https:\/\/www.fibre2fashion.com\/news\/technical-textiles\/edana-inda-advocate-for-global-collaboration-on-trade-policies-302003-newsdetails.htm\" style=\"color:blue; text-decoration:underline\"><span style=\"font-size:14.0pt\">EDANA &amp; INDA advocate for global collaboration on trade policies<\/span><\/a><\/span><\/span><\/span><\/p>\r\n\r\n<p style=\"text-align:justify\"><span style=\"font-size:11pt\"><span style=\"line-height:normal\"><span style=\"font-family:Calibri,sans-serif\"><a href=\"https:\/\/www.mundolusiada.com.br\/missao-apexbrasil-e-itamaraty-discute-avancos-para-validacao-do-acordo-mercosul-ue\/\" style=\"color:blue; text-decoration:underline\"><span style=\"font-size:14.0pt\">Miss&atilde;o ApexBrasil e Itamaraty discute avan&ccedil;os para valida&ccedil;&atilde;o do acordo Mercosul-UE<\/span><\/a><\/span><\/span><\/span><\/p>\r\n\r\n<p style=\"text-align:justify\"><span style=\"font-size:11pt\"><span style=\"line-height:normal\"><span style=\"font-family:Calibri,sans-serif\"><a href=\"https:\/\/static.portaldaindustria.com.br\/media\/filer_public\/5c\/14\/5c141e89-c6f9-4967-9a98-c01dd82ad5c5\/ex_ipc_25-006_eua-novas-tarifas.pdf\" style=\"color:blue; text-decoration:underline\"><span style=\"font-size:14.0pt\">Estados Unidos aplicam tarifas base de no m&iacute;nimo 10%, com al&iacute;quotas &ldquo;rec&iacute;procas&rdquo; maiores para diversos pa&iacute;ses<\/span><\/a><\/span><\/span><\/span><\/p>\r\n\r\n<p style=\"text-align:justify\"><span style=\"font-size:28pt\"><span style=\"font-family:Cambria,serif\"><span style=\"letter-spacing:-0.5pt\"><b><span style=\"font-size:18.0pt\"><span calibri=\"\" style=\"font-family:\"><span style=\"font-variant:small-caps\">Economia<\/span><\/span><\/span><\/b><\/span><\/span><\/span><\/p>\r\n\r\n<p style=\"text-align:justify\"><span style=\"font-size:11pt\"><span style=\"line-height:normal\"><span style=\"font-family:Calibri,sans-serif\"><a href=\"https:\/\/www.bcb.gov.br\/content\/focus\/focus\/R20250417.pdf\" style=\"color:blue; text-decoration:underline\"><span style=\"font-size:14.0pt\">Focus - Relat&oacute;rio de Mercado<\/span><\/a><\/span><\/span><\/span><\/p>\r\n\r\n<p style=\"text-align:justify\"><img src=\"https:\/\/www.abint.org.br\/assets\/img\/editor\/redes-sociais-abint-ctg-cth_20250402170836VbcL0yV6qu.jpg\" \/><\/p>\r\n","texto_en":"","7":"","imagem":"COMP_capa-2025-site-boletim-abint-noticias-semanis_20250423143553kXqu7s2tA6.jpg","8":"COMP_capa-2025-site-boletim-abint-noticias-semanis_20250423143553kXqu7s2tA6.jpg","arquivo":"20250422-BOLETIM-ABINT-DE-NOTICIAS-SEMANAIS.PDF","9":"20250422-BOLETIM-ABINT-DE-NOTICIAS-SEMANAIS.PDF","titulo_arquivo":"20250423 Boletim ABINT de Not\u00edcias Semanais","10":"20250423 Boletim ABINT de Not\u00edcias Semanais","titulo_arquivo_en":"","11":"","created_at":"2025-04-23 14:36:03","12":"2025-04-23 14:36:03","updated_at":"2025-04-23 14:36:51","13":"2025-04-23 14:36:51"},{"id":166,"0":166,"ordem":56,"1":56,"data":"2025-04-15","2":"2025-04-15","slug":"boletim-abint-de-noticias-semanais-71","3":"boletim-abint-de-noticias-semanais-71","titulo":"Boletim ABINT de Not\u00edcias Semanais","4":"Boletim ABINT de Not\u00edcias Semanais","titulo_en":"","5":"","texto":"<p style=\"text-align:justify\"><span style=\"font-size:11pt\"><span style=\"line-height:normal\"><span style=\"font-family:Calibri,sans-serif\"><span style=\"font-size:14.0pt\">Esta &eacute; uma compila&ccedil;&atilde;o das not&iacute;cias mais relevantes para o setor, incluindo informa&ccedil;&otilde;es sobre acordos internacionais, economia brasileira, sustentabilidade e mat&eacute;rias primas, al&eacute;m de novidades do setor de N&atilde;otecidos e Tecidos T&eacute;cnicos.<\/span><\/span><\/span><\/span><\/p>\r\n\r\n<p style=\"text-align:justify\"><span style=\"font-size:28pt\"><span style=\"font-family:Cambria,serif\"><span style=\"letter-spacing:-0.5pt\"><b><span style=\"font-size:18.0pt\"><span style=\"font-family:&quot;Calibri&quot;,sans-serif\"><span style=\"font-variant:small-caps\">O que vem por a&iacute;<\/span><\/span><\/span><\/b><\/span><\/span><\/span><\/p>\r\n\r\n<p style=\"text-align:justify\">&nbsp;<\/p>\r\n\r\n<p><b><img src=\"https:\/\/www.abint.org.br\/assets\/img\/editor\/abint-logo-2020-g_20250402165019mojhtZg4sN.png\" style=\"width: 300px; height: 69px;\" \/><\/b><\/p>\r\n\r\n<p><b><img src=\"https:\/\/www.abint.org.br\/assets\/img\/editor\/post-quadrado-curso-naotecido_202504021701223fcQUdXvek.jpg\" style=\"width: 500px; height: 500px;\" \/><\/b><\/p>\r\n\r\n<p><a href=\"https:\/\/encurtador.com.br\/5RiJ6\">Fa&ccedil;a sua inscri&ccedil;&atilde;o<\/a><\/p>\r\n\r\n<p>&nbsp;<\/p>\r\n\r\n<p><img src=\"https:\/\/www.abint.org.br\/assets\/img\/editor\/logo-ctg-abint-png_202502051355479yWykO7ojh.png\" style=\"width: 300px; height: 55px;\" \/><\/p>\r\n\r\n<p>&nbsp;<\/p>\r\n\r\n<p><img src=\"https:\/\/www.abint.org.br\/assets\/img\/editor\/e-mail-post-premio-tcc-icc-2024-2025_20250205143024je0yZgOKML.png\" style=\"width: 500px; height: 500px;\" \/><\/p>\r\n\r\n<p><a href=\"https:\/\/geossinteticos.org.br\/premiotccic\">Inscreva seu trabalho<\/a><\/p>\r\n\r\n<p class=\"MsoTitle\" style=\"text-align:justify\"><span style=\"font-size:28pt\"><span style=\"font-family:Cambria,serif\"><span style=\"letter-spacing:-0.5pt\"><b><span style=\"font-size:18.0pt\"><span style=\"font-family:&quot;Calibri&quot;,sans-serif\"><span style=\"font-variant:small-caps\">Not&iacute;cias das Associadas<\/span><\/span><\/span><\/b><\/span><\/span><\/span><\/p>\r\n\r\n<p style=\"text-align:justify\"><span style=\"font-size:11pt\"><span style=\"line-height:normal\"><span style=\"font-family:Calibri,sans-serif\"><a href=\"https:\/\/www.engenhariacompartilhada.com.br\/noticia\/exibir\/9111380_estao-abertas-as-inscricoes-para-a-mais-importante-premiacao-de-trabalhos-academicos-de-graduacao-voltados-aos-geossinteticos#:~:text=Est%C3%A3o%20abertas%20as%20inscri%C3%A7%C3%B5es%20para%20o%20%E2%80%9CPr%C3%AAmio%20TCC%2F%20IC%20%E2%80%93,de%20gradua%C3%A7%C3%A3o%20voltados%20aos%20geossint%C3%A9ticos.\" style=\"color:blue; text-decoration:underline\"><span style=\"font-size:14.0pt\">Est&atilde;o abertas as inscri&ccedil;&otilde;es para a mais importante premia&ccedil;&atilde;o de trabalhos acad&ecirc;micos de gradua&ccedil;&atilde;o voltados aos geossint&eacute;ticos<\/span><\/a><\/span><\/span><\/span><\/p>\r\n\r\n<p style=\"text-align:justify\"><span style=\"font-size:11pt\"><span style=\"line-height:normal\"><span style=\"font-family:Calibri,sans-serif\"><a href=\"https:\/\/tissueonline.com.br\/andritz-fortalece-sua-posicao-na-industria-de-tissue-e-papel-com-a-aquisicao-da-a-celli-paper\/?utm_campaign=nova_newsletter_110425&amp;utm_medium=email&amp;utm_source=RD+Station\" style=\"color:blue; text-decoration:underline\"><span style=\"font-size:14.0pt\">ANDRITZ fortalece sua posi&ccedil;&atilde;o na ind&uacute;stria de tissue e papel com a aquisi&ccedil;&atilde;o da A.Celli Paper<\/span><\/a><\/span><\/span><\/span><\/p>\r\n\r\n<p style=\"text-align:justify\"><span style=\"font-size:11pt\"><span style=\"line-height:normal\"><span style=\"font-family:Calibri,sans-serif\"><a href=\"https:\/\/www.innovationintextiles.com\/freudenberg-at-idea-2025\/\" style=\"color:blue; text-decoration:underline\"><span lang=\"EN-US\" style=\"font-size:14.0pt\">Freudenberg at IDEA 2025: engineered materials for applications ranging from battery separators to green roof substrates<\/span><\/a><\/span><\/span><\/span><\/p>\r\n\r\n<p style=\"text-align:justify\"><span style=\"font-size:11pt\"><span style=\"line-height:normal\"><span style=\"font-family:Calibri,sans-serif\"><a href=\"https:\/\/www.fibre2fashion.com\/news\/nonwoven-textile-news\/tr-tzschler-nonwovens-showcases-smart-sustainable-tech-at-idea-2025-302016-newsdetails.htm\" style=\"color:blue; text-decoration:underline\" target=\"_blank\"><span lang=\"EN-US\" style=\"font-size:14.0pt\">Tr&uuml;tzschler Nonwovens showcases smart, sustainable tech at IDEA 2025<\/span><\/a><\/span><\/span><\/span><\/p>\r\n\r\n<p style=\"text-align:justify\"><span style=\"font-size:11pt\"><span style=\"line-height:normal\"><span style=\"font-family:Calibri,sans-serif\"><b><span style=\"font-size:18.0pt\"><span style=\"font-variant:small-caps\">Eventos<\/span><\/span><\/b><\/span><\/span><\/span><\/p>\r\n\r\n<p style=\"text-align:justify\"><span style=\"font-size:11pt\"><span style=\"line-height:normal\"><span style=\"font-family:Calibri,sans-serif\"><a href=\"https:\/\/www.automecfeira.com.br\/pt-br.html\" style=\"color:blue; text-decoration:underline\"><b><span style=\"font-size:14.0pt\">Automec 2025<\/span><\/b><\/a><span style=\"font-size:14.0pt\">, 22 a 26 de abril de 2025, S&atilde;o Paulo Expo, Rodovia dos Imigrantes, Km 1,5, &Aacute;gua Funda, S&atilde;o Paulo, SP<\/span><\/span><\/span><\/span><\/p>\r\n\r\n<p style=\"text-align:justify\"><span style=\"font-size:11pt\"><span style=\"line-height:normal\"><span style=\"font-family:Calibri,sans-serif\"><a href=\"https:\/\/t.rdsv1.net\/ls\/click?upn=u001.ZybIS9iFDUC0J2Ku4RYQ-2Fin3IoENdLyxnRPkVYYaw3dO1IGrADri25qXv7UxY-2BLhA-2BQ3pcfuqzctGDFdT9W8tLKKHvbDewulin7mdD1vR7Q31WT4xmqPQQNcj7tt1ShBL-2FyZGdY7TseEgoNGJ99wJ3DVVX7aDJSjN6vYkexEU8KFWj6ticD-2FqmGrU979prxsMltJdUt0yE5QymZdv4HuwGcQp4x-2FCP7fNmBzuwpRnvs-3DEW_K_T7N8BvZTOm04CQQMiyWztrpCjlUrRc4F7QzSgUIpTqBrlTZiffSMr47WGpVQJ688nzcO5pvD-2FRAXHwkeRNT6K767MJuQr02HUIDF37Q-2FHv31SYRrQGkyVSPiGfIK021c3gZpUxK65qVeKgQ8yavkefmTI8cBx2wOM5V9u7JhaF7hSNajg8vmj1UbRCwGD9aGHbHT2GSjkhDbj4-2Fat1c-2Bbr7Eg0gtX-2FYucrJmsUtfmpM7io-2FQ1zxKPcsOuWn-2BWH-2F5VfkwhhAqZ5yLJXUCysZqz55m0ENGgshfqlM57XaRCm-2FjrlQKxqW072b6ITpRXdWkxz5-2Fb5CC-2Fqgw3eTOb3eV1uKeEFyoSn7yW9mxYo3ZKVoPv5XMo94YX4TnSY7pWWdH0ONCMLN9pN8BAw-2FqutWi37SNvwyQ35-2FxFY-2BtddDtTTcGAomj-2F02g19-2B3kEYPNpM5p2J51rfNl0KUyW179Nj8MMZCJp1mf1OmcYC5sHbUxOiU4qDJs46DkjN6Teq-2FyI7wRrMivTx1DxA24lWUzNZ-2FPiP9Q5QpkX5MftTpRecw-2BJa721bTO-2B-2Bo4XXnjFIjlYEVhQfK3NgY8cqWXCX1BMsL-2BJ2tU-2BG2m26Y-2BXytPG4COSH57cDHmA13dayjxCEwrhbomgH8Ovjxc-2Fs-2Bj51CaTsFHQ-3D-3D\" style=\"color:blue; text-decoration:underline\"><b><span style=\"font-size:14.0pt\">Workshop | Contratos de Aprendizagem e de Est&aacute;gio: aspectos legais, caracter&iacute;sticas e diferen&ccedil;as<\/span><\/b><\/a><span style=\"font-size:14.0pt\">, 24 de abril de 2025, 09h &agrave;s 11h, evento online<\/span><\/span><\/span><\/span><\/p>\r\n\r\n<p align=\"center\" style=\"text-align:center\"><span style=\"font-size:11pt\"><span style=\"line-height:normal\"><span style=\"font-family:Calibri,sans-serif\"><a href=\"https:\/\/docs.google.com\/forms\/d\/e\/1FAIpQLSfMrxxb83TM8IA9RFdNa0ACl5NtjckyztJJD155dbtEWBB5ow\/viewform\" style=\"color:blue; text-decoration:underline\"><b><span style=\"font-size:14.0pt\">Qualidade da cor para t&ecirc;xteis<\/span><\/b><\/a><\/span><\/span><\/span><\/p>\r\n\r\n<p align=\"center\" style=\"text-align:center\"><span style=\"font-size:11pt\"><span style=\"line-height:normal\"><span style=\"font-family:Calibri,sans-serif\"><span style=\"font-size:14.0pt\">26 de abril de 2025, 08h &agrave;s 12h, evento online<\/span><\/span><\/span><\/span><\/p>\r\n\r\n<p align=\"center\" style=\"text-align:center\"><span style=\"font-size:11pt\"><span style=\"line-height:normal\"><span style=\"font-family:Calibri,sans-serif\"><a href=\"https:\/\/forms.gle\/gVRanQmStqMhRKtM6\" style=\"color:blue; text-decoration:underline\"><b><span style=\"font-size:14.0pt\">ABTT Academy | Curso: Vamos falar de sa&uacute;de mental nas empresas?<\/span><\/b><\/a><\/span><\/span><\/span><\/p>\r\n\r\n<p align=\"center\" style=\"text-align:center\"><span style=\"font-size:11pt\"><span style=\"line-height:normal\"><span style=\"font-family:Calibri,sans-serif\"><span style=\"font-size:14.0pt\">17 de maio de 2025, 08h &agrave;s 12h, evento online<\/span><\/span><\/span><\/span><\/p>\r\n\r\n<p style=\"text-align:justify\"><span style=\"font-size:11pt\"><span style=\"line-height:normal\"><span style=\"font-family:Calibri,sans-serif\"><a href=\"https:\/\/www.hospitalar.com\/pt\/home.html\" style=\"color:blue; text-decoration:underline\"><b><span style=\"font-size:14.0pt\">Hospitalar 2025<\/span><\/b><\/a><span style=\"font-size:14.0pt\">, 20 a 23 de maio, 11h00 &agrave;s 20h00, S&atilde;o Paulo Expo, Rodovia dos Imigrantes, km 1,5<\/span><\/span><\/span><\/span><\/p>\r\n\r\n<p style=\"text-align:justify\"><span style=\"font-size:11pt\"><span style=\"line-height:normal\"><span style=\"font-family:Calibri,sans-serif\"><a href=\"https:\/\/ideashow.org\/\" style=\"color:blue; text-decoration:underline\"><b><span lang=\"EN-US\" style=\"font-size:14.0pt\">IDEA25<\/span><\/b><\/a><span lang=\"EN-US\" style=\"font-size:14.0pt\">, April 29-May 1, 2025, Miami Beach Convention Center, Miami Beach, Florida<\/span><\/span><\/span><\/span><\/p>\r\n\r\n<p style=\"text-align:justify\"><span style=\"font-size:11pt\"><span style=\"line-height:normal\"><span style=\"font-family:Calibri,sans-serif\"><a href=\"https:\/\/www.conbrava.com.br\/\" style=\"color:blue; text-decoration:underline\"><b><span style=\"font-size:14.0pt\">CONBRAVA 2025<\/span><\/b><\/a><span style=\"font-size:14.0pt\">, 10 a 12 de setembro de 2025, S&atilde;o Paulo Expo, Rodovia dos Imigrantes, km 1,5<\/span><\/span><\/span><\/span><\/p>\r\n\r\n<p style=\"text-align:justify\"><span style=\"font-size:11pt\"><span style=\"line-height:normal\"><span style=\"font-family:Calibri,sans-serif\"><a href=\"https:\/\/paving.com.br\/\" style=\"color:blue; text-decoration:underline\"><b><span style=\"font-size:14.0pt\">Paving Expo 2025<\/span><\/b><\/a><span style=\"font-size:14.0pt\">, 23 a 25 de setembro de 2025, Distrito Anhembi, Rua Prof. Milton Rodrigues, s\/n, Santana, S&atilde;o Paulo, SP<\/span><\/span><\/span><\/span><\/p>\r\n\r\n<p style=\"text-align:justify\"><span style=\"font-size:11pt\"><span style=\"line-height:normal\"><span style=\"font-family:Calibri,sans-serif\"><b><span style=\"font-size:14.0pt\">17&ordm; Congresso Brasileiro de Enfermagem em Centro Cir&uacute;rgico: &ldquo;O poder de cuidar&rdquo;<\/span><\/b><span style=\"font-size:14.0pt\">, 01 a 03 de outubro de 2025, Transamerica Expo Center, S&atilde;o Paulo, SP<\/span><\/span><\/span><\/span><\/p>\r\n\r\n<p style=\"text-align:justify\"><span style=\"font-size:11pt\"><span style=\"line-height:normal\"><span style=\"font-family:Calibri,sans-serif\"><a href=\"https:\/\/www.abrafiltros.org.br\/3o-seminario-brasileiro-de-filtros-acontecera-no-dia-08-de-outubro\/\" style=\"color:blue; text-decoration:underline\"><b><span style=\"font-size:14.0pt\">3&ordm; Semin&aacute;rio Brasileiro de Filtros<\/span><\/b><\/a><span style=\"font-size:14.0pt\">, 08 de outubro de 2025, evento presencial<\/span><\/span><\/span><\/span><\/p>\r\n\r\n<p style=\"text-align:justify\"><span style=\"font-size:11pt\"><span style=\"line-height:normal\"><span style=\"font-family:Calibri,sans-serif\"><a href=\"https:\/\/hospitalmed.com.br\/feira\/\" style=\"color:blue; text-decoration:underline\"><b><span style=\"font-size:14.0pt\">HospitalMed 2025<\/span><\/b><\/a><span style=\"font-size:14.0pt\">, 22 a 24 de outubro, Pernambuco Centro de Conven&ccedil;&otilde;es, Olinda<\/span><\/span><\/span><\/span><\/p>\r\n\r\n<p style=\"text-align:justify\"><span style=\"font-size:28pt\"><span style=\"font-family:Cambria,serif\"><span style=\"letter-spacing:-0.5pt\"><b><span style=\"font-size:18.0pt\"><span style=\"font-family:&quot;Calibri&quot;,sans-serif\"><span style=\"font-variant:small-caps\">Setor<\/span><\/span><\/span><\/b><\/span><\/span><\/span><\/p>\r\n\r\n<p style=\"text-align:justify\"><span style=\"font-size:11pt\"><span style=\"line-height:normal\"><span style=\"font-family:Calibri,sans-serif\"><a href=\"https:\/\/plasticosemrevista.com.br\/brasil-recordes-viram-rotina-na-reciclagem-de-pet\/\" style=\"color:blue; text-decoration:underline\"><span lang=\"ES-AR\" style=\"font-size:14.0pt\">Mercado brasileiro de PET virgem e reciclado em pleno vigor<\/span><\/a><\/span><\/span><\/span><\/p>\r\n\r\n<p style=\"text-align:justify\"><span style=\"font-size:11pt\"><span style=\"line-height:normal\"><span style=\"font-family:Calibri,sans-serif\"><a href=\"https:\/\/www.innovationintextiles.com\/nonwovens-production-bounces-back-in-europe\/\" style=\"color:blue; text-decoration:underline\"><span lang=\"EN-US\" style=\"font-size:14.0pt\">Nonwovens production bounces back in Europe<\/span><\/a><\/span><\/span><\/span><\/p>\r\n\r\n<p style=\"text-align:justify\"><span style=\"font-size:11pt\"><span style=\"line-height:normal\"><span style=\"font-family:Calibri,sans-serif\"><a href=\"https:\/\/www.innovationintextiles.com\/nonwovens\/micafree-flame-shields-for-batteries\/\" style=\"color:blue; text-decoration:underline\"><span lang=\"EN-US\" style=\"font-size:14.0pt\">Nonwovens\/\u200bConverting: mica-free flame shields for batteries<\/span><\/a><\/span><\/span><\/span><\/p>\r\n\r\n<p style=\"text-align:justify\"><span style=\"font-size:11pt\"><span style=\"line-height:normal\"><span style=\"font-family:Calibri,sans-serif\"><a href=\"https:\/\/www.comprerural.com\/geomembranas-ganham-espaco-e-revolucionam-o-agro-com-tecnologia-e-resistencia-superior\/\" style=\"color:blue; text-decoration:underline\"><span style=\"font-size:14.0pt\">Geomembranas ganham espa&ccedil;o e revolucionam o agro com tecnologia e resist&ecirc;ncia superior<\/span><\/a><\/span><\/span><\/span><\/p>\r\n\r\n<p style=\"text-align:justify\"><span style=\"font-size:11pt\"><span style=\"line-height:normal\"><span style=\"font-family:Calibri,sans-serif\"><a href=\"https:\/\/www.globenewswire.com\/news-release\/2025\/04\/11\/3060237\/0\/en\/Automotive-Nonwoven-Composites-Market-is-Forecasted-to-Reach-US-3-8-Billion-in-2031-Says-Stratview-Research.html\" style=\"color:blue; text-decoration:underline\"><span lang=\"ES-AR\" style=\"font-size:14.0pt\">Automotive Nonwoven Market is Forecasted to Reach US$ 4.7 Billion in 2031, Says Stratview Research<\/span><\/a><\/span><\/span><\/span><\/p>\r\n\r\n<p style=\"text-align:justify\"><span style=\"font-size:11pt\"><span style=\"line-height:normal\"><span style=\"font-family:Calibri,sans-serif\"><a href=\"https:\/\/www.innovationintextiles.com\/nonwovens\/healthy-growth-predicted-for-nonwoven-filter-media\/\" style=\"color:blue; text-decoration:underline\"><span lang=\"ES-AR\" style=\"font-size:14.0pt\">Healthy growth predicted for nonwoven filter media<\/span><\/a><\/span><\/span><\/span><\/p>\r\n\r\n<p style=\"text-align:justify\"><span style=\"font-size:11pt\"><span style=\"line-height:normal\"><span style=\"font-family:Calibri,sans-serif\"><a href=\"https:\/\/www.packaging-labelling.com\/articles\/medical-packaging-trends-innovations?utm_source=newsletter&amp;utm_medium=email&amp;utm_campaign=newsletter\" style=\"color:blue; text-decoration:underline\"><span lang=\"EN-US\" style=\"font-size:14.0pt\">Medical Packaging: Trends, Innovations, and Future Prospects<\/span><\/a><\/span><\/span><\/span><\/p>\r\n\r\n<p style=\"text-align:justify\"><span style=\"font-size:11pt\"><span style=\"line-height:normal\"><span style=\"font-family:Calibri,sans-serif\"><a href=\"https:\/\/www.anahp.com.br\/publicacoes\/balanco-observatorio-anahp-5a-edicao\/\" style=\"color:blue; text-decoration:underline\"><span style=\"font-size:14.0pt\">Balan&ccedil;o &ndash; Observat&oacute;rio Anahp | 5&ordf; edi&ccedil;&atilde;o<\/span><\/a><\/span><\/span><\/span><\/p>\r\n\r\n<p style=\"text-align:justify\"><span style=\"font-size:11pt\"><span style=\"line-height:normal\"><span style=\"font-family:Calibri,sans-serif\"><a href=\"https:\/\/ibsp.net.br\/mortalidade-cirurgica-america-latina-38-percentual\/\" style=\"color:blue; text-decoration:underline\"><span style=\"font-size:14.0pt\">LASOS &ndash; Estudo sugere que mortalidade cir&uacute;rgica na Am&eacute;rica Latina chega a 3,8%<\/span><\/a><\/span><\/span><\/span><\/p>\r\n\r\n<p style=\"text-align:justify\"><span style=\"font-size:11pt\"><span style=\"line-height:normal\"><span style=\"font-family:Calibri,sans-serif\"><a href=\"https:\/\/portalpersonalcare.com.br\/senadores-dos-eua-reintroduzem-lei-wippes-para-padronizar-rotulagem-de-lencos-umedecidos\/?utm_campaign=newsletter_09042025&amp;utm_medium=email&amp;utm_source=RD+Station\" style=\"color:blue; text-decoration:underline\"><span style=\"font-size:14.0pt\">Senadores dos EUA reintroduzem Lei WIPPES para padronizar rotulagem de len&ccedil;os umedecidos<\/span><\/a><\/span><\/span><\/span><\/p>\r\n\r\n<p style=\"text-align:justify\"><span style=\"font-size:11pt\"><span style=\"line-height:normal\"><span style=\"font-family:Calibri,sans-serif\"><a href=\"https:\/\/plasticosemrevista.com.br\/brasil-e-o-terceiro-importador-de-polietileno-linear-dos-eua\/\" style=\"color:blue; text-decoration:underline\"><span style=\"font-size:14.0pt\">Brasil &eacute; o 3&ordm; importador de polietileno linear dos EUA<\/span><\/a><\/span><\/span><\/span><\/p>\r\n\r\n<p style=\"text-align:justify\"><span style=\"font-size:11pt\"><span style=\"line-height:normal\"><span style=\"font-family:Calibri,sans-serif\"><a href=\"https:\/\/www.revistaplasticosul.com.br\/materias-primas\/mercado-brasileiro-de-pvc-analise-de-desempenho-e-indicadores-da-cadeia-produtiva\/\" style=\"color:blue; text-decoration:underline\"><span style=\"font-size:14.0pt\">Mercado brasileiro de PVC: an&aacute;lise de desempenho e indicadores da cadeia produtiva<\/span><\/a><\/span><\/span><\/span><\/p>\r\n\r\n<p style=\"text-align:justify\"><span style=\"font-size:28pt\"><span style=\"font-family:Cambria,serif\"><span style=\"letter-spacing:-0.5pt\"><b><span style=\"font-size:18.0pt\"><span style=\"font-family:&quot;Calibri&quot;,sans-serif\"><span style=\"font-variant:small-caps\">Ind&uacute;stria<\/span><\/span><\/span><\/b><\/span><\/span><\/span><\/p>\r\n\r\n<p style=\"text-align:justify\"><span style=\"font-size:11pt\"><span style=\"line-height:normal\"><span style=\"font-family:Calibri,sans-serif\"><a href=\"https:\/\/ibre.fgv.br\/sites\/ibre.fgv.br\/files\/arquivos\/u65\/04ce2025_entrevista_claudio_frischtak.pdf\" style=\"color:blue; text-decoration:underline\" target=\"_blank\"><span style=\"font-size:14.0pt\">&ldquo;Nosso problema de infraestrutura n&atilde;o &eacute; uma quest&atilde;o de programa, mas de agenda&rdquo;<\/span><\/a><\/span><\/span><\/span><\/p>\r\n\r\n<p style=\"text-align:justify\"><span style=\"font-size:11pt\"><span style=\"line-height:normal\"><span style=\"font-family:Calibri,sans-serif\"><a href=\"https:\/\/monitormercantil.com.br\/industria-quimica-ve-luz-no-fim-do-tunel\/\" style=\"color:blue; text-decoration:underline\"><span style=\"font-size:14.0pt\">Ind&uacute;stria qu&iacute;mica v&ecirc; luz no fim do t&uacute;nel<\/span><\/a><\/span><\/span><\/span><\/p>\r\n\r\n<p style=\"text-align:justify\"><span style=\"font-size:11pt\"><span style=\"line-height:normal\"><span style=\"font-family:Calibri,sans-serif\"><a href=\"https:\/\/www.youtube.com\/watch?v=srxJCkUgSYo\" style=\"color:blue; text-decoration:underline\"><span style=\"font-size:14.0pt\">A ind&uacute;stria moveleira\/colchoeira tem motivos para preocupa&ccedil;&atilde;o<\/span><\/a><\/span><\/span><\/span><\/p>\r\n\r\n<p style=\"text-align:justify\"><span style=\"font-size:11pt\"><span style=\"line-height:normal\"><span style=\"font-family:Calibri,sans-serif\"><a href=\"https:\/\/mineracaosustentavel.org.br\/atividade-legislativ\/agenda-estrategica-2025\/\" style=\"color:blue; text-decoration:underline\"><span style=\"font-size:14.0pt\">Minera&ccedil;&atilde;o | Agenda estrat&eacute;gica 2025<\/span><\/a><\/span><\/span><\/span><\/p>\r\n\r\n<p style=\"text-align:justify\"><span style=\"font-size:11pt\"><span style=\"line-height:normal\"><span style=\"font-family:Calibri,sans-serif\"><a href=\"https:\/\/agenciadenoticias.ibge.gov.br\/agencia-noticias\/2012-agencia-de-noticias\/noticias\/43120-com-alta-nos-materiais-e-mao-de-obra-precos-da-construcao-variam-0-35-em-marco\" style=\"color:blue; text-decoration:underline\"><span style=\"font-size:14.0pt\">Com alta nos materiais e m&atilde;o de obra, pre&ccedil;os da constru&ccedil;&atilde;o variam 0,35% em mar&ccedil;o<\/span><\/a><\/span><\/span><\/span><\/p>\r\n\r\n<p style=\"text-align:justify\"><span style=\"font-size:11pt\"><span style=\"line-height:normal\"><span style=\"font-family:Calibri,sans-serif\"><a href=\"https:\/\/engenhariae.com.br\/noticia\/feicon-2025-instituto-brasileiro-do-pvc-evidencia-a-importancia-do-pvc-na-industria-da-construcao-civil-no-brasil\" style=\"color:blue; text-decoration:underline\"><span style=\"font-size:14.0pt\">FEICON 2025 &ndash;a import&acirc;ncia do PVC na ind&uacute;stria da constru&ccedil;&atilde;o civil no Brasil<\/span><\/a><\/span><\/span><\/span><\/p>\r\n\r\n<p style=\"text-align:justify\"><span style=\"font-size:28pt\"><span style=\"font-family:Cambria,serif\"><span style=\"letter-spacing:-0.5pt\"><b><span style=\"font-size:18.0pt\"><span style=\"font-family:&quot;Calibri&quot;,sans-serif\"><span style=\"font-variant:small-caps\">Sustentabilidade<\/span><\/span><\/span><\/b><\/span><\/span><\/span><\/p>\r\n\r\n<p style=\"text-align:justify\"><span style=\"font-size:11pt\"><span style=\"line-height:normal\"><span style=\"font-family:Calibri,sans-serif\"><a href=\"https:\/\/plasticosemrevista.com.br\/brasil-recordes-viram-rotina-na-reciclagem-de-pet\/\" style=\"color:blue; text-decoration:underline\"><span style=\"font-size:14.0pt\">Brasil: recordes viram rotina na reciclagem de PET<\/span><\/a><\/span><\/span><\/span><\/p>\r\n\r\n<p style=\"text-align:justify\"><span style=\"font-size:11pt\"><span style=\"line-height:normal\"><span style=\"font-family:Calibri,sans-serif\"><a href=\"https:\/\/www.revistaplasticosul.com.br\/sustentabilidade\/embalagem-reciclada-simbolo-da-sustentabilidade-no-agro-brasileiro\/\" style=\"color:blue; text-decoration:underline\"><span style=\"font-size:14.0pt\">Embalagem reciclada: s&iacute;mbolo da sustentabilidade no agro brasileiro<\/span><\/a><\/span><\/span><\/span><\/p>\r\n\r\n<p style=\"text-align:justify\"><span style=\"font-size:11pt\"><span style=\"line-height:normal\"><span style=\"font-family:Calibri,sans-serif\"><a href=\"https:\/\/www.revistaplasticosul.com.br\/sustentabilidade\/industria-de-alimentos-e-bebidas-adota-plastico-reciclado-e-investe-em-sustentabilidade\/\" style=\"color:blue; text-decoration:underline\"><span style=\"font-size:14.0pt\">Ind&uacute;stria de alimentos e bebidas adota pl&aacute;stico reciclado e investe em sustentabilidade<\/span><\/a><\/span><\/span><\/span><\/p>\r\n\r\n<p style=\"text-align:justify\"><span style=\"font-size:11pt\"><span style=\"line-height:normal\"><span style=\"font-family:Calibri,sans-serif\"><a href=\"https:\/\/agenciadenoticias.bndes.gov.br\/blogdodesenvolvimento\/detalhe\/Principais-acordos-sobre-biodiversidade-bioeconomia-e-solucoes-baseadas-na-natureza\/\" style=\"color:blue; text-decoration:underline\"><span style=\"font-size:14.0pt\">Principais acordos sobre biodiversidade, bioeconomia e solu&ccedil;&otilde;es baseadas na natureza<\/span><\/a><\/span><\/span><\/span><\/p>\r\n\r\n<p style=\"text-align:justify\"><span style=\"font-size:28pt\"><span style=\"font-family:Cambria,serif\"><span style=\"letter-spacing:-0.5pt\"><b><span style=\"font-size:18.0pt\"><span style=\"font-family:&quot;Calibri&quot;,sans-serif\"><span style=\"font-variant:small-caps\">Inova&ccedil;&atilde;o<\/span><\/span><\/span><\/b><\/span><\/span><\/span><\/p>\r\n\r\n<p style=\"text-align:justify\"><span style=\"font-size:11pt\"><span style=\"line-height:normal\"><span style=\"font-family:Calibri,sans-serif\"><a href=\"https:\/\/www.innovationintextiles.com\/revolutionising-human-touch\/\" style=\"color:blue; text-decoration:underline\"><span style=\"font-size:14.0pt\">Revolutionising human touch<\/span><\/a><\/span><\/span><\/span><\/p>\r\n\r\n<p style=\"text-align:justify\"><span style=\"font-size:28pt\"><span style=\"font-family:Cambria,serif\"><span style=\"letter-spacing:-0.5pt\"><b><span style=\"font-size:18.0pt\"><span style=\"font-family:&quot;Calibri&quot;,sans-serif\"><span style=\"font-variant:small-caps\">Com&eacute;rcio Exterior<\/span><\/span><\/span><\/b><\/span><\/span><\/span><\/p>\r\n\r\n<p style=\"text-align:justify\"><span style=\"font-size:11pt\"><span style=\"line-height:normal\"><span style=\"font-family:Calibri,sans-serif\"><a href=\"https:\/\/ibre.fgv.br\/blog-da-conjuntura-economica\/artigos\/meta-de-crescimento-da-china-nao-sera-abalada-por-guerra\" style=\"color:blue; text-decoration:underline\"><span style=\"font-size:14.0pt\">Meta de crescimento da China n&atilde;o ser&aacute; abalada por guerra tarif&aacute;ria, afirma Livio Ribeiro<\/span><\/a><\/span><\/span><\/span><\/p>\r\n\r\n<p style=\"text-align:justify\"><span style=\"font-size:11pt\"><span style=\"line-height:normal\"><span style=\"font-family:Calibri,sans-serif\"><a href=\"https:\/\/apexbrasil.com.br\/br\/pt\/conteudo\/noticias\/apexbrasil-avalia-impactos-do-tarifaco-de-trump-e-reforca-import.html#msdynttrid=e_LIehWq3Dpszl-wWJ8di_ceGaviDCIDVXKhqM2zUqs\" style=\"color:blue; text-decoration:underline\"><span style=\"font-size:14.0pt\">ApexBrasil avalia impactos do tarifa&ccedil;o de Trump e refor&ccedil;a import&acirc;ncia da cautela diante do atual cen&aacute;rio<\/span><\/a><\/span><\/span><\/span><\/p>\r\n\r\n<p style=\"text-align:justify\"><span style=\"font-size:11pt\"><span style=\"line-height:normal\"><span style=\"font-family:Calibri,sans-serif\"><a href=\"https:\/\/apexbrasil.com.br\/br\/pt\/conteudo\/noticias\/ApexBrasil-acaba-de-liberar-o-Perfil-de-Comercio-e-Investimentos-Panama-Conheca-as-mais-de-300-oportunidades-de-exportacao-para-o-pais.html#msdynttrid=Ghh6A2zqyifm4G4AdxDXSYahnRGTfelZ_uXssyfNBtQ\" style=\"color:blue; text-decoration:underline\"><span style=\"font-size:14.0pt\">ApexBrasil acaba de liberar o Perfil de Com&eacute;rcio e Investimentos: Panam&aacute;. Conhe&ccedil;a as mais de 300 oportunidades de exporta&ccedil;&atilde;o para o pa&iacute;s<\/span><\/a><\/span><\/span><\/span><\/p>\r\n\r\n<p style=\"text-align:justify\"><span style=\"font-size:28pt\"><span style=\"font-family:Cambria,serif\"><span style=\"letter-spacing:-0.5pt\"><b><span style=\"font-size:18.0pt\"><span style=\"font-family:&quot;Calibri&quot;,sans-serif\"><span style=\"font-variant:small-caps\">Economia<\/span><\/span><\/span><\/b><\/span><\/span><\/span><\/p>\r\n\r\n<p style=\"text-align:justify\"><span style=\"font-size:11pt\"><span style=\"line-height:normal\"><span style=\"font-family:Calibri,sans-serif\"><a href=\"https:\/\/www.bcb.gov.br\/content\/focus\/focus\/R20250411.pdf\" style=\"color:blue; text-decoration:underline\"><span style=\"font-size:14.0pt\">Focus - Relat&oacute;rio de Mercado<\/span><\/a><\/span><\/span><\/span><\/p>\r\n\r\n<p style=\"text-align:justify\"><span style=\"font-size:11pt\"><span style=\"line-height:normal\"><span style=\"font-family:Calibri,sans-serif\"><a href=\"https:\/\/portalibre.fgv.br\/system\/files\/divulgacao\/noticias\/mat-complementar\/2025-04\/Bar%C3%B4metros%20Globais%20KOF-FGV_Press%20release_04_2025.pdf\" style=\"color:blue; text-decoration:underline\"><span style=\"font-size:14.0pt\">Bar&ocirc;metros Globais recuam em abril<\/span><\/a><\/span><\/span><\/span><\/p>\r\n\r\n<p style=\"text-align:justify\"><span style=\"font-size:11pt\"><span style=\"line-height:normal\"><span style=\"font-family:Calibri,sans-serif\"><a href=\"https:\/\/portalibre.fgv.br\/system\/files\/2025-04\/monitor-do-pib-fgv-abril-de-2025-ref.-de-fevereiro_0.pdf\" style=\"color:blue; text-decoration:underline\"><span style=\"font-size:14.0pt\">Monitor PIB | Economia fica estagnada em fevereiro, em compara&ccedil;&atilde;o ao m&ecirc;s anterior<\/span><\/a><\/span><\/span><\/span><\/p>\r\n\r\n<p style=\"text-align:justify\"><img src=\"https:\/\/www.abint.org.br\/assets\/img\/editor\/redes-sociais-abint-ctg-cth_20250402170836VbcL0yV6qu.jpg\" \/><\/p>\r\n","6":"<p style=\"text-align:justify\"><span style=\"font-size:11pt\"><span style=\"line-height:normal\"><span style=\"font-family:Calibri,sans-serif\"><span style=\"font-size:14.0pt\">Esta &eacute; uma compila&ccedil;&atilde;o das not&iacute;cias mais relevantes para o setor, incluindo informa&ccedil;&otilde;es sobre acordos internacionais, economia brasileira, sustentabilidade e mat&eacute;rias primas, al&eacute;m de novidades do setor de N&atilde;otecidos e Tecidos T&eacute;cnicos.<\/span><\/span><\/span><\/span><\/p>\r\n\r\n<p style=\"text-align:justify\"><span style=\"font-size:28pt\"><span style=\"font-family:Cambria,serif\"><span style=\"letter-spacing:-0.5pt\"><b><span style=\"font-size:18.0pt\"><span style=\"font-family:&quot;Calibri&quot;,sans-serif\"><span style=\"font-variant:small-caps\">O que vem por a&iacute;<\/span><\/span><\/span><\/b><\/span><\/span><\/span><\/p>\r\n\r\n<p style=\"text-align:justify\">&nbsp;<\/p>\r\n\r\n<p><b><img src=\"https:\/\/www.abint.org.br\/assets\/img\/editor\/abint-logo-2020-g_20250402165019mojhtZg4sN.png\" style=\"width: 300px; height: 69px;\" \/><\/b><\/p>\r\n\r\n<p><b><img src=\"https:\/\/www.abint.org.br\/assets\/img\/editor\/post-quadrado-curso-naotecido_202504021701223fcQUdXvek.jpg\" style=\"width: 500px; height: 500px;\" \/><\/b><\/p>\r\n\r\n<p><a href=\"https:\/\/encurtador.com.br\/5RiJ6\">Fa&ccedil;a sua inscri&ccedil;&atilde;o<\/a><\/p>\r\n\r\n<p>&nbsp;<\/p>\r\n\r\n<p><img src=\"https:\/\/www.abint.org.br\/assets\/img\/editor\/logo-ctg-abint-png_202502051355479yWykO7ojh.png\" style=\"width: 300px; height: 55px;\" \/><\/p>\r\n\r\n<p>&nbsp;<\/p>\r\n\r\n<p><img src=\"https:\/\/www.abint.org.br\/assets\/img\/editor\/e-mail-post-premio-tcc-icc-2024-2025_20250205143024je0yZgOKML.png\" style=\"width: 500px; height: 500px;\" \/><\/p>\r\n\r\n<p><a href=\"https:\/\/geossinteticos.org.br\/premiotccic\">Inscreva seu trabalho<\/a><\/p>\r\n\r\n<p class=\"MsoTitle\" style=\"text-align:justify\"><span style=\"font-size:28pt\"><span style=\"font-family:Cambria,serif\"><span style=\"letter-spacing:-0.5pt\"><b><span style=\"font-size:18.0pt\"><span style=\"font-family:&quot;Calibri&quot;,sans-serif\"><span style=\"font-variant:small-caps\">Not&iacute;cias das Associadas<\/span><\/span><\/span><\/b><\/span><\/span><\/span><\/p>\r\n\r\n<p style=\"text-align:justify\"><span style=\"font-size:11pt\"><span style=\"line-height:normal\"><span style=\"font-family:Calibri,sans-serif\"><a href=\"https:\/\/www.engenhariacompartilhada.com.br\/noticia\/exibir\/9111380_estao-abertas-as-inscricoes-para-a-mais-importante-premiacao-de-trabalhos-academicos-de-graduacao-voltados-aos-geossinteticos#:~:text=Est%C3%A3o%20abertas%20as%20inscri%C3%A7%C3%B5es%20para%20o%20%E2%80%9CPr%C3%AAmio%20TCC%2F%20IC%20%E2%80%93,de%20gradua%C3%A7%C3%A3o%20voltados%20aos%20geossint%C3%A9ticos.\" style=\"color:blue; text-decoration:underline\"><span style=\"font-size:14.0pt\">Est&atilde;o abertas as inscri&ccedil;&otilde;es para a mais importante premia&ccedil;&atilde;o de trabalhos acad&ecirc;micos de gradua&ccedil;&atilde;o voltados aos geossint&eacute;ticos<\/span><\/a><\/span><\/span><\/span><\/p>\r\n\r\n<p style=\"text-align:justify\"><span style=\"font-size:11pt\"><span style=\"line-height:normal\"><span style=\"font-family:Calibri,sans-serif\"><a href=\"https:\/\/tissueonline.com.br\/andritz-fortalece-sua-posicao-na-industria-de-tissue-e-papel-com-a-aquisicao-da-a-celli-paper\/?utm_campaign=nova_newsletter_110425&amp;utm_medium=email&amp;utm_source=RD+Station\" style=\"color:blue; text-decoration:underline\"><span style=\"font-size:14.0pt\">ANDRITZ fortalece sua posi&ccedil;&atilde;o na ind&uacute;stria de tissue e papel com a aquisi&ccedil;&atilde;o da A.Celli Paper<\/span><\/a><\/span><\/span><\/span><\/p>\r\n\r\n<p style=\"text-align:justify\"><span style=\"font-size:11pt\"><span style=\"line-height:normal\"><span style=\"font-family:Calibri,sans-serif\"><a href=\"https:\/\/www.innovationintextiles.com\/freudenberg-at-idea-2025\/\" style=\"color:blue; text-decoration:underline\"><span lang=\"EN-US\" style=\"font-size:14.0pt\">Freudenberg at IDEA 2025: engineered materials for applications ranging from battery separators to green roof substrates<\/span><\/a><\/span><\/span><\/span><\/p>\r\n\r\n<p style=\"text-align:justify\"><span style=\"font-size:11pt\"><span style=\"line-height:normal\"><span style=\"font-family:Calibri,sans-serif\"><a href=\"https:\/\/www.fibre2fashion.com\/news\/nonwoven-textile-news\/tr-tzschler-nonwovens-showcases-smart-sustainable-tech-at-idea-2025-302016-newsdetails.htm\" style=\"color:blue; text-decoration:underline\" target=\"_blank\"><span lang=\"EN-US\" style=\"font-size:14.0pt\">Tr&uuml;tzschler Nonwovens showcases smart, sustainable tech at IDEA 2025<\/span><\/a><\/span><\/span><\/span><\/p>\r\n\r\n<p style=\"text-align:justify\"><span style=\"font-size:11pt\"><span style=\"line-height:normal\"><span style=\"font-family:Calibri,sans-serif\"><b><span style=\"font-size:18.0pt\"><span style=\"font-variant:small-caps\">Eventos<\/span><\/span><\/b><\/span><\/span><\/span><\/p>\r\n\r\n<p style=\"text-align:justify\"><span style=\"font-size:11pt\"><span style=\"line-height:normal\"><span style=\"font-family:Calibri,sans-serif\"><a href=\"https:\/\/www.automecfeira.com.br\/pt-br.html\" style=\"color:blue; text-decoration:underline\"><b><span style=\"font-size:14.0pt\">Automec 2025<\/span><\/b><\/a><span style=\"font-size:14.0pt\">, 22 a 26 de abril de 2025, S&atilde;o Paulo Expo, Rodovia dos Imigrantes, Km 1,5, &Aacute;gua Funda, S&atilde;o Paulo, SP<\/span><\/span><\/span><\/span><\/p>\r\n\r\n<p style=\"text-align:justify\"><span style=\"font-size:11pt\"><span style=\"line-height:normal\"><span style=\"font-family:Calibri,sans-serif\"><a href=\"https:\/\/t.rdsv1.net\/ls\/click?upn=u001.ZybIS9iFDUC0J2Ku4RYQ-2Fin3IoENdLyxnRPkVYYaw3dO1IGrADri25qXv7UxY-2BLhA-2BQ3pcfuqzctGDFdT9W8tLKKHvbDewulin7mdD1vR7Q31WT4xmqPQQNcj7tt1ShBL-2FyZGdY7TseEgoNGJ99wJ3DVVX7aDJSjN6vYkexEU8KFWj6ticD-2FqmGrU979prxsMltJdUt0yE5QymZdv4HuwGcQp4x-2FCP7fNmBzuwpRnvs-3DEW_K_T7N8BvZTOm04CQQMiyWztrpCjlUrRc4F7QzSgUIpTqBrlTZiffSMr47WGpVQJ688nzcO5pvD-2FRAXHwkeRNT6K767MJuQr02HUIDF37Q-2FHv31SYRrQGkyVSPiGfIK021c3gZpUxK65qVeKgQ8yavkefmTI8cBx2wOM5V9u7JhaF7hSNajg8vmj1UbRCwGD9aGHbHT2GSjkhDbj4-2Fat1c-2Bbr7Eg0gtX-2FYucrJmsUtfmpM7io-2FQ1zxKPcsOuWn-2BWH-2F5VfkwhhAqZ5yLJXUCysZqz55m0ENGgshfqlM57XaRCm-2FjrlQKxqW072b6ITpRXdWkxz5-2Fb5CC-2Fqgw3eTOb3eV1uKeEFyoSn7yW9mxYo3ZKVoPv5XMo94YX4TnSY7pWWdH0ONCMLN9pN8BAw-2FqutWi37SNvwyQ35-2FxFY-2BtddDtTTcGAomj-2F02g19-2B3kEYPNpM5p2J51rfNl0KUyW179Nj8MMZCJp1mf1OmcYC5sHbUxOiU4qDJs46DkjN6Teq-2FyI7wRrMivTx1DxA24lWUzNZ-2FPiP9Q5QpkX5MftTpRecw-2BJa721bTO-2B-2Bo4XXnjFIjlYEVhQfK3NgY8cqWXCX1BMsL-2BJ2tU-2BG2m26Y-2BXytPG4COSH57cDHmA13dayjxCEwrhbomgH8Ovjxc-2Fs-2Bj51CaTsFHQ-3D-3D\" style=\"color:blue; text-decoration:underline\"><b><span style=\"font-size:14.0pt\">Workshop | Contratos de Aprendizagem e de Est&aacute;gio: aspectos legais, caracter&iacute;sticas e diferen&ccedil;as<\/span><\/b><\/a><span style=\"font-size:14.0pt\">, 24 de abril de 2025, 09h &agrave;s 11h, evento online<\/span><\/span><\/span><\/span><\/p>\r\n\r\n<p align=\"center\" style=\"text-align:center\"><span style=\"font-size:11pt\"><span style=\"line-height:normal\"><span style=\"font-family:Calibri,sans-serif\"><a href=\"https:\/\/docs.google.com\/forms\/d\/e\/1FAIpQLSfMrxxb83TM8IA9RFdNa0ACl5NtjckyztJJD155dbtEWBB5ow\/viewform\" style=\"color:blue; text-decoration:underline\"><b><span style=\"font-size:14.0pt\">Qualidade da cor para t&ecirc;xteis<\/span><\/b><\/a><\/span><\/span><\/span><\/p>\r\n\r\n<p align=\"center\" style=\"text-align:center\"><span style=\"font-size:11pt\"><span style=\"line-height:normal\"><span style=\"font-family:Calibri,sans-serif\"><span style=\"font-size:14.0pt\">26 de abril de 2025, 08h &agrave;s 12h, evento online<\/span><\/span><\/span><\/span><\/p>\r\n\r\n<p align=\"center\" style=\"text-align:center\"><span style=\"font-size:11pt\"><span style=\"line-height:normal\"><span style=\"font-family:Calibri,sans-serif\"><a href=\"https:\/\/forms.gle\/gVRanQmStqMhRKtM6\" style=\"color:blue; text-decoration:underline\"><b><span style=\"font-size:14.0pt\">ABTT Academy | Curso: Vamos falar de sa&uacute;de mental nas empresas?<\/span><\/b><\/a><\/span><\/span><\/span><\/p>\r\n\r\n<p align=\"center\" style=\"text-align:center\"><span style=\"font-size:11pt\"><span style=\"line-height:normal\"><span style=\"font-family:Calibri,sans-serif\"><span style=\"font-size:14.0pt\">17 de maio de 2025, 08h &agrave;s 12h, evento online<\/span><\/span><\/span><\/span><\/p>\r\n\r\n<p style=\"text-align:justify\"><span style=\"font-size:11pt\"><span style=\"line-height:normal\"><span style=\"font-family:Calibri,sans-serif\"><a href=\"https:\/\/www.hospitalar.com\/pt\/home.html\" style=\"color:blue; text-decoration:underline\"><b><span style=\"font-size:14.0pt\">Hospitalar 2025<\/span><\/b><\/a><span style=\"font-size:14.0pt\">, 20 a 23 de maio, 11h00 &agrave;s 20h00, S&atilde;o Paulo Expo, Rodovia dos Imigrantes, km 1,5<\/span><\/span><\/span><\/span><\/p>\r\n\r\n<p style=\"text-align:justify\"><span style=\"font-size:11pt\"><span style=\"line-height:normal\"><span style=\"font-family:Calibri,sans-serif\"><a href=\"https:\/\/ideashow.org\/\" style=\"color:blue; text-decoration:underline\"><b><span lang=\"EN-US\" style=\"font-size:14.0pt\">IDEA25<\/span><\/b><\/a><span lang=\"EN-US\" style=\"font-size:14.0pt\">, April 29-May 1, 2025, Miami Beach Convention Center, Miami Beach, Florida<\/span><\/span><\/span><\/span><\/p>\r\n\r\n<p style=\"text-align:justify\"><span style=\"font-size:11pt\"><span style=\"line-height:normal\"><span style=\"font-family:Calibri,sans-serif\"><a href=\"https:\/\/www.conbrava.com.br\/\" style=\"color:blue; text-decoration:underline\"><b><span style=\"font-size:14.0pt\">CONBRAVA 2025<\/span><\/b><\/a><span style=\"font-size:14.0pt\">, 10 a 12 de setembro de 2025, S&atilde;o Paulo Expo, Rodovia dos Imigrantes, km 1,5<\/span><\/span><\/span><\/span><\/p>\r\n\r\n<p style=\"text-align:justify\"><span style=\"font-size:11pt\"><span style=\"line-height:normal\"><span style=\"font-family:Calibri,sans-serif\"><a href=\"https:\/\/paving.com.br\/\" style=\"color:blue; text-decoration:underline\"><b><span style=\"font-size:14.0pt\">Paving Expo 2025<\/span><\/b><\/a><span style=\"font-size:14.0pt\">, 23 a 25 de setembro de 2025, Distrito Anhembi, Rua Prof. Milton Rodrigues, s\/n, Santana, S&atilde;o Paulo, SP<\/span><\/span><\/span><\/span><\/p>\r\n\r\n<p style=\"text-align:justify\"><span style=\"font-size:11pt\"><span style=\"line-height:normal\"><span style=\"font-family:Calibri,sans-serif\"><b><span style=\"font-size:14.0pt\">17&ordm; Congresso Brasileiro de Enfermagem em Centro Cir&uacute;rgico: &ldquo;O poder de cuidar&rdquo;<\/span><\/b><span style=\"font-size:14.0pt\">, 01 a 03 de outubro de 2025, Transamerica Expo Center, S&atilde;o Paulo, SP<\/span><\/span><\/span><\/span><\/p>\r\n\r\n<p style=\"text-align:justify\"><span style=\"font-size:11pt\"><span style=\"line-height:normal\"><span style=\"font-family:Calibri,sans-serif\"><a href=\"https:\/\/www.abrafiltros.org.br\/3o-seminario-brasileiro-de-filtros-acontecera-no-dia-08-de-outubro\/\" style=\"color:blue; text-decoration:underline\"><b><span style=\"font-size:14.0pt\">3&ordm; Semin&aacute;rio Brasileiro de Filtros<\/span><\/b><\/a><span style=\"font-size:14.0pt\">, 08 de outubro de 2025, evento presencial<\/span><\/span><\/span><\/span><\/p>\r\n\r\n<p style=\"text-align:justify\"><span style=\"font-size:11pt\"><span style=\"line-height:normal\"><span style=\"font-family:Calibri,sans-serif\"><a href=\"https:\/\/hospitalmed.com.br\/feira\/\" style=\"color:blue; text-decoration:underline\"><b><span style=\"font-size:14.0pt\">HospitalMed 2025<\/span><\/b><\/a><span style=\"font-size:14.0pt\">, 22 a 24 de outubro, Pernambuco Centro de Conven&ccedil;&otilde;es, Olinda<\/span><\/span><\/span><\/span><\/p>\r\n\r\n<p style=\"text-align:justify\"><span style=\"font-size:28pt\"><span style=\"font-family:Cambria,serif\"><span style=\"letter-spacing:-0.5pt\"><b><span style=\"font-size:18.0pt\"><span style=\"font-family:&quot;Calibri&quot;,sans-serif\"><span style=\"font-variant:small-caps\">Setor<\/span><\/span><\/span><\/b><\/span><\/span><\/span><\/p>\r\n\r\n<p style=\"text-align:justify\"><span style=\"font-size:11pt\"><span style=\"line-height:normal\"><span style=\"font-family:Calibri,sans-serif\"><a href=\"https:\/\/plasticosemrevista.com.br\/brasil-recordes-viram-rotina-na-reciclagem-de-pet\/\" style=\"color:blue; text-decoration:underline\"><span lang=\"ES-AR\" style=\"font-size:14.0pt\">Mercado brasileiro de PET virgem e reciclado em pleno vigor<\/span><\/a><\/span><\/span><\/span><\/p>\r\n\r\n<p style=\"text-align:justify\"><span style=\"font-size:11pt\"><span style=\"line-height:normal\"><span style=\"font-family:Calibri,sans-serif\"><a href=\"https:\/\/www.innovationintextiles.com\/nonwovens-production-bounces-back-in-europe\/\" style=\"color:blue; text-decoration:underline\"><span lang=\"EN-US\" style=\"font-size:14.0pt\">Nonwovens production bounces back in Europe<\/span><\/a><\/span><\/span><\/span><\/p>\r\n\r\n<p style=\"text-align:justify\"><span style=\"font-size:11pt\"><span style=\"line-height:normal\"><span style=\"font-family:Calibri,sans-serif\"><a href=\"https:\/\/www.innovationintextiles.com\/nonwovens\/micafree-flame-shields-for-batteries\/\" style=\"color:blue; text-decoration:underline\"><span lang=\"EN-US\" style=\"font-size:14.0pt\">Nonwovens\/\u200bConverting: mica-free flame shields for batteries<\/span><\/a><\/span><\/span><\/span><\/p>\r\n\r\n<p style=\"text-align:justify\"><span style=\"font-size:11pt\"><span style=\"line-height:normal\"><span style=\"font-family:Calibri,sans-serif\"><a href=\"https:\/\/www.comprerural.com\/geomembranas-ganham-espaco-e-revolucionam-o-agro-com-tecnologia-e-resistencia-superior\/\" style=\"color:blue; text-decoration:underline\"><span style=\"font-size:14.0pt\">Geomembranas ganham espa&ccedil;o e revolucionam o agro com tecnologia e resist&ecirc;ncia superior<\/span><\/a><\/span><\/span><\/span><\/p>\r\n\r\n<p style=\"text-align:justify\"><span style=\"font-size:11pt\"><span style=\"line-height:normal\"><span style=\"font-family:Calibri,sans-serif\"><a href=\"https:\/\/www.globenewswire.com\/news-release\/2025\/04\/11\/3060237\/0\/en\/Automotive-Nonwoven-Composites-Market-is-Forecasted-to-Reach-US-3-8-Billion-in-2031-Says-Stratview-Research.html\" style=\"color:blue; text-decoration:underline\"><span lang=\"ES-AR\" style=\"font-size:14.0pt\">Automotive Nonwoven Market is Forecasted to Reach US$ 4.7 Billion in 2031, Says Stratview Research<\/span><\/a><\/span><\/span><\/span><\/p>\r\n\r\n<p style=\"text-align:justify\"><span style=\"font-size:11pt\"><span style=\"line-height:normal\"><span style=\"font-family:Calibri,sans-serif\"><a href=\"https:\/\/www.innovationintextiles.com\/nonwovens\/healthy-growth-predicted-for-nonwoven-filter-media\/\" style=\"color:blue; text-decoration:underline\"><span lang=\"ES-AR\" style=\"font-size:14.0pt\">Healthy growth predicted for nonwoven filter media<\/span><\/a><\/span><\/span><\/span><\/p>\r\n\r\n<p style=\"text-align:justify\"><span style=\"font-size:11pt\"><span style=\"line-height:normal\"><span style=\"font-family:Calibri,sans-serif\"><a href=\"https:\/\/www.packaging-labelling.com\/articles\/medical-packaging-trends-innovations?utm_source=newsletter&amp;utm_medium=email&amp;utm_campaign=newsletter\" style=\"color:blue; text-decoration:underline\"><span lang=\"EN-US\" style=\"font-size:14.0pt\">Medical Packaging: Trends, Innovations, and Future Prospects<\/span><\/a><\/span><\/span><\/span><\/p>\r\n\r\n<p style=\"text-align:justify\"><span style=\"font-size:11pt\"><span style=\"line-height:normal\"><span style=\"font-family:Calibri,sans-serif\"><a href=\"https:\/\/www.anahp.com.br\/publicacoes\/balanco-observatorio-anahp-5a-edicao\/\" style=\"color:blue; text-decoration:underline\"><span style=\"font-size:14.0pt\">Balan&ccedil;o &ndash; Observat&oacute;rio Anahp | 5&ordf; edi&ccedil;&atilde;o<\/span><\/a><\/span><\/span><\/span><\/p>\r\n\r\n<p style=\"text-align:justify\"><span style=\"font-size:11pt\"><span style=\"line-height:normal\"><span style=\"font-family:Calibri,sans-serif\"><a href=\"https:\/\/ibsp.net.br\/mortalidade-cirurgica-america-latina-38-percentual\/\" style=\"color:blue; text-decoration:underline\"><span style=\"font-size:14.0pt\">LASOS &ndash; Estudo sugere que mortalidade cir&uacute;rgica na Am&eacute;rica Latina chega a 3,8%<\/span><\/a><\/span><\/span><\/span><\/p>\r\n\r\n<p style=\"text-align:justify\"><span style=\"font-size:11pt\"><span style=\"line-height:normal\"><span style=\"font-family:Calibri,sans-serif\"><a href=\"https:\/\/portalpersonalcare.com.br\/senadores-dos-eua-reintroduzem-lei-wippes-para-padronizar-rotulagem-de-lencos-umedecidos\/?utm_campaign=newsletter_09042025&amp;utm_medium=email&amp;utm_source=RD+Station\" style=\"color:blue; text-decoration:underline\"><span style=\"font-size:14.0pt\">Senadores dos EUA reintroduzem Lei WIPPES para padronizar rotulagem de len&ccedil;os umedecidos<\/span><\/a><\/span><\/span><\/span><\/p>\r\n\r\n<p style=\"text-align:justify\"><span style=\"font-size:11pt\"><span style=\"line-height:normal\"><span style=\"font-family:Calibri,sans-serif\"><a href=\"https:\/\/plasticosemrevista.com.br\/brasil-e-o-terceiro-importador-de-polietileno-linear-dos-eua\/\" style=\"color:blue; text-decoration:underline\"><span style=\"font-size:14.0pt\">Brasil &eacute; o 3&ordm; importador de polietileno linear dos EUA<\/span><\/a><\/span><\/span><\/span><\/p>\r\n\r\n<p style=\"text-align:justify\"><span style=\"font-size:11pt\"><span style=\"line-height:normal\"><span style=\"font-family:Calibri,sans-serif\"><a href=\"https:\/\/www.revistaplasticosul.com.br\/materias-primas\/mercado-brasileiro-de-pvc-analise-de-desempenho-e-indicadores-da-cadeia-produtiva\/\" style=\"color:blue; text-decoration:underline\"><span style=\"font-size:14.0pt\">Mercado brasileiro de PVC: an&aacute;lise de desempenho e indicadores da cadeia produtiva<\/span><\/a><\/span><\/span><\/span><\/p>\r\n\r\n<p style=\"text-align:justify\"><span style=\"font-size:28pt\"><span style=\"font-family:Cambria,serif\"><span style=\"letter-spacing:-0.5pt\"><b><span style=\"font-size:18.0pt\"><span style=\"font-family:&quot;Calibri&quot;,sans-serif\"><span style=\"font-variant:small-caps\">Ind&uacute;stria<\/span><\/span><\/span><\/b><\/span><\/span><\/span><\/p>\r\n\r\n<p style=\"text-align:justify\"><span style=\"font-size:11pt\"><span style=\"line-height:normal\"><span style=\"font-family:Calibri,sans-serif\"><a href=\"https:\/\/ibre.fgv.br\/sites\/ibre.fgv.br\/files\/arquivos\/u65\/04ce2025_entrevista_claudio_frischtak.pdf\" style=\"color:blue; text-decoration:underline\" target=\"_blank\"><span style=\"font-size:14.0pt\">&ldquo;Nosso problema de infraestrutura n&atilde;o &eacute; uma quest&atilde;o de programa, mas de agenda&rdquo;<\/span><\/a><\/span><\/span><\/span><\/p>\r\n\r\n<p style=\"text-align:justify\"><span style=\"font-size:11pt\"><span style=\"line-height:normal\"><span style=\"font-family:Calibri,sans-serif\"><a href=\"https:\/\/monitormercantil.com.br\/industria-quimica-ve-luz-no-fim-do-tunel\/\" style=\"color:blue; text-decoration:underline\"><span style=\"font-size:14.0pt\">Ind&uacute;stria qu&iacute;mica v&ecirc; luz no fim do t&uacute;nel<\/span><\/a><\/span><\/span><\/span><\/p>\r\n\r\n<p style=\"text-align:justify\"><span style=\"font-size:11pt\"><span style=\"line-height:normal\"><span style=\"font-family:Calibri,sans-serif\"><a href=\"https:\/\/www.youtube.com\/watch?v=srxJCkUgSYo\" style=\"color:blue; text-decoration:underline\"><span style=\"font-size:14.0pt\">A ind&uacute;stria moveleira\/colchoeira tem motivos para preocupa&ccedil;&atilde;o<\/span><\/a><\/span><\/span><\/span><\/p>\r\n\r\n<p style=\"text-align:justify\"><span style=\"font-size:11pt\"><span style=\"line-height:normal\"><span style=\"font-family:Calibri,sans-serif\"><a href=\"https:\/\/mineracaosustentavel.org.br\/atividade-legislativ\/agenda-estrategica-2025\/\" style=\"color:blue; text-decoration:underline\"><span style=\"font-size:14.0pt\">Minera&ccedil;&atilde;o | Agenda estrat&eacute;gica 2025<\/span><\/a><\/span><\/span><\/span><\/p>\r\n\r\n<p style=\"text-align:justify\"><span style=\"font-size:11pt\"><span style=\"line-height:normal\"><span style=\"font-family:Calibri,sans-serif\"><a href=\"https:\/\/agenciadenoticias.ibge.gov.br\/agencia-noticias\/2012-agencia-de-noticias\/noticias\/43120-com-alta-nos-materiais-e-mao-de-obra-precos-da-construcao-variam-0-35-em-marco\" style=\"color:blue; text-decoration:underline\"><span style=\"font-size:14.0pt\">Com alta nos materiais e m&atilde;o de obra, pre&ccedil;os da constru&ccedil;&atilde;o variam 0,35% em mar&ccedil;o<\/span><\/a><\/span><\/span><\/span><\/p>\r\n\r\n<p style=\"text-align:justify\"><span style=\"font-size:11pt\"><span style=\"line-height:normal\"><span style=\"font-family:Calibri,sans-serif\"><a href=\"https:\/\/engenhariae.com.br\/noticia\/feicon-2025-instituto-brasileiro-do-pvc-evidencia-a-importancia-do-pvc-na-industria-da-construcao-civil-no-brasil\" style=\"color:blue; text-decoration:underline\"><span style=\"font-size:14.0pt\">FEICON 2025 &ndash;a import&acirc;ncia do PVC na ind&uacute;stria da constru&ccedil;&atilde;o civil no Brasil<\/span><\/a><\/span><\/span><\/span><\/p>\r\n\r\n<p style=\"text-align:justify\"><span style=\"font-size:28pt\"><span style=\"font-family:Cambria,serif\"><span style=\"letter-spacing:-0.5pt\"><b><span style=\"font-size:18.0pt\"><span style=\"font-family:&quot;Calibri&quot;,sans-serif\"><span style=\"font-variant:small-caps\">Sustentabilidade<\/span><\/span><\/span><\/b><\/span><\/span><\/span><\/p>\r\n\r\n<p style=\"text-align:justify\"><span style=\"font-size:11pt\"><span style=\"line-height:normal\"><span style=\"font-family:Calibri,sans-serif\"><a href=\"https:\/\/plasticosemrevista.com.br\/brasil-recordes-viram-rotina-na-reciclagem-de-pet\/\" style=\"color:blue; text-decoration:underline\"><span style=\"font-size:14.0pt\">Brasil: recordes viram rotina na reciclagem de PET<\/span><\/a><\/span><\/span><\/span><\/p>\r\n\r\n<p style=\"text-align:justify\"><span style=\"font-size:11pt\"><span style=\"line-height:normal\"><span style=\"font-family:Calibri,sans-serif\"><a href=\"https:\/\/www.revistaplasticosul.com.br\/sustentabilidade\/embalagem-reciclada-simbolo-da-sustentabilidade-no-agro-brasileiro\/\" style=\"color:blue; text-decoration:underline\"><span style=\"font-size:14.0pt\">Embalagem reciclada: s&iacute;mbolo da sustentabilidade no agro brasileiro<\/span><\/a><\/span><\/span><\/span><\/p>\r\n\r\n<p style=\"text-align:justify\"><span style=\"font-size:11pt\"><span style=\"line-height:normal\"><span style=\"font-family:Calibri,sans-serif\"><a href=\"https:\/\/www.revistaplasticosul.com.br\/sustentabilidade\/industria-de-alimentos-e-bebidas-adota-plastico-reciclado-e-investe-em-sustentabilidade\/\" style=\"color:blue; text-decoration:underline\"><span style=\"font-size:14.0pt\">Ind&uacute;stria de alimentos e bebidas adota pl&aacute;stico reciclado e investe em sustentabilidade<\/span><\/a><\/span><\/span><\/span><\/p>\r\n\r\n<p style=\"text-align:justify\"><span style=\"font-size:11pt\"><span style=\"line-height:normal\"><span style=\"font-family:Calibri,sans-serif\"><a href=\"https:\/\/agenciadenoticias.bndes.gov.br\/blogdodesenvolvimento\/detalhe\/Principais-acordos-sobre-biodiversidade-bioeconomia-e-solucoes-baseadas-na-natureza\/\" style=\"color:blue; text-decoration:underline\"><span style=\"font-size:14.0pt\">Principais acordos sobre biodiversidade, bioeconomia e solu&ccedil;&otilde;es baseadas na natureza<\/span><\/a><\/span><\/span><\/span><\/p>\r\n\r\n<p style=\"text-align:justify\"><span style=\"font-size:28pt\"><span style=\"font-family:Cambria,serif\"><span style=\"letter-spacing:-0.5pt\"><b><span style=\"font-size:18.0pt\"><span style=\"font-family:&quot;Calibri&quot;,sans-serif\"><span style=\"font-variant:small-caps\">Inova&ccedil;&atilde;o<\/span><\/span><\/span><\/b><\/span><\/span><\/span><\/p>\r\n\r\n<p style=\"text-align:justify\"><span style=\"font-size:11pt\"><span style=\"line-height:normal\"><span style=\"font-family:Calibri,sans-serif\"><a href=\"https:\/\/www.innovationintextiles.com\/revolutionising-human-touch\/\" style=\"color:blue; text-decoration:underline\"><span style=\"font-size:14.0pt\">Revolutionising human touch<\/span><\/a><\/span><\/span><\/span><\/p>\r\n\r\n<p style=\"text-align:justify\"><span style=\"font-size:28pt\"><span style=\"font-family:Cambria,serif\"><span style=\"letter-spacing:-0.5pt\"><b><span style=\"font-size:18.0pt\"><span style=\"font-family:&quot;Calibri&quot;,sans-serif\"><span style=\"font-variant:small-caps\">Com&eacute;rcio Exterior<\/span><\/span><\/span><\/b><\/span><\/span><\/span><\/p>\r\n\r\n<p style=\"text-align:justify\"><span style=\"font-size:11pt\"><span style=\"line-height:normal\"><span style=\"font-family:Calibri,sans-serif\"><a href=\"https:\/\/ibre.fgv.br\/blog-da-conjuntura-economica\/artigos\/meta-de-crescimento-da-china-nao-sera-abalada-por-guerra\" style=\"color:blue; text-decoration:underline\"><span style=\"font-size:14.0pt\">Meta de crescimento da China n&atilde;o ser&aacute; abalada por guerra tarif&aacute;ria, afirma Livio Ribeiro<\/span><\/a><\/span><\/span><\/span><\/p>\r\n\r\n<p style=\"text-align:justify\"><span style=\"font-size:11pt\"><span style=\"line-height:normal\"><span style=\"font-family:Calibri,sans-serif\"><a href=\"https:\/\/apexbrasil.com.br\/br\/pt\/conteudo\/noticias\/apexbrasil-avalia-impactos-do-tarifaco-de-trump-e-reforca-import.html#msdynttrid=e_LIehWq3Dpszl-wWJ8di_ceGaviDCIDVXKhqM2zUqs\" style=\"color:blue; text-decoration:underline\"><span style=\"font-size:14.0pt\">ApexBrasil avalia impactos do tarifa&ccedil;o de Trump e refor&ccedil;a import&acirc;ncia da cautela diante do atual cen&aacute;rio<\/span><\/a><\/span><\/span><\/span><\/p>\r\n\r\n<p style=\"text-align:justify\"><span style=\"font-size:11pt\"><span style=\"line-height:normal\"><span style=\"font-family:Calibri,sans-serif\"><a href=\"https:\/\/apexbrasil.com.br\/br\/pt\/conteudo\/noticias\/ApexBrasil-acaba-de-liberar-o-Perfil-de-Comercio-e-Investimentos-Panama-Conheca-as-mais-de-300-oportunidades-de-exportacao-para-o-pais.html#msdynttrid=Ghh6A2zqyifm4G4AdxDXSYahnRGTfelZ_uXssyfNBtQ\" style=\"color:blue; text-decoration:underline\"><span style=\"font-size:14.0pt\">ApexBrasil acaba de liberar o Perfil de Com&eacute;rcio e Investimentos: Panam&aacute;. Conhe&ccedil;a as mais de 300 oportunidades de exporta&ccedil;&atilde;o para o pa&iacute;s<\/span><\/a><\/span><\/span><\/span><\/p>\r\n\r\n<p style=\"text-align:justify\"><span style=\"font-size:28pt\"><span style=\"font-family:Cambria,serif\"><span style=\"letter-spacing:-0.5pt\"><b><span style=\"font-size:18.0pt\"><span style=\"font-family:&quot;Calibri&quot;,sans-serif\"><span style=\"font-variant:small-caps\">Economia<\/span><\/span><\/span><\/b><\/span><\/span><\/span><\/p>\r\n\r\n<p style=\"text-align:justify\"><span style=\"font-size:11pt\"><span style=\"line-height:normal\"><span style=\"font-family:Calibri,sans-serif\"><a href=\"https:\/\/www.bcb.gov.br\/content\/focus\/focus\/R20250411.pdf\" style=\"color:blue; text-decoration:underline\"><span style=\"font-size:14.0pt\">Focus - Relat&oacute;rio de Mercado<\/span><\/a><\/span><\/span><\/span><\/p>\r\n\r\n<p style=\"text-align:justify\"><span style=\"font-size:11pt\"><span style=\"line-height:normal\"><span style=\"font-family:Calibri,sans-serif\"><a href=\"https:\/\/portalibre.fgv.br\/system\/files\/divulgacao\/noticias\/mat-complementar\/2025-04\/Bar%C3%B4metros%20Globais%20KOF-FGV_Press%20release_04_2025.pdf\" style=\"color:blue; text-decoration:underline\"><span style=\"font-size:14.0pt\">Bar&ocirc;metros Globais recuam em abril<\/span><\/a><\/span><\/span><\/span><\/p>\r\n\r\n<p style=\"text-align:justify\"><span style=\"font-size:11pt\"><span style=\"line-height:normal\"><span style=\"font-family:Calibri,sans-serif\"><a href=\"https:\/\/portalibre.fgv.br\/system\/files\/2025-04\/monitor-do-pib-fgv-abril-de-2025-ref.-de-fevereiro_0.pdf\" style=\"color:blue; text-decoration:underline\"><span style=\"font-size:14.0pt\">Monitor PIB | Economia fica estagnada em fevereiro, em compara&ccedil;&atilde;o ao m&ecirc;s anterior<\/span><\/a><\/span><\/span><\/span><\/p>\r\n\r\n<p style=\"text-align:justify\"><img src=\"https:\/\/www.abint.org.br\/assets\/img\/editor\/redes-sociais-abint-ctg-cth_20250402170836VbcL0yV6qu.jpg\" \/><\/p>\r\n","texto_en":"","7":"","imagem":"COMP_capa-2025-site-boletim-abint-noticias-semanis_202504151624252QcG6H5JJU.jpg","8":"COMP_capa-2025-site-boletim-abint-noticias-semanis_202504151624252QcG6H5JJU.jpg","arquivo":"20250415-BOLETIM-ABINT-DE-NOTICIAS-SEMANAIS.PDF","9":"20250415-BOLETIM-ABINT-DE-NOTICIAS-SEMANAIS.PDF","titulo_arquivo":"20250415 Boletim ABINT de Not\u00edcias Semanais","10":"20250415 Boletim ABINT de Not\u00edcias Semanais","titulo_arquivo_en":"","11":"","created_at":"2025-04-15 16:24:39","12":"2025-04-15 16:24:39","updated_at":"2025-04-15 16:24:39","13":"2025-04-15 16:24:39"},{"id":165,"0":165,"ordem":57,"1":57,"data":"2025-04-08","2":"2025-04-08","slug":"boletim-abint-de-noticias-semanais-92","3":"boletim-abint-de-noticias-semanais-92","titulo":"Boletim ABINT de Not\u00edcias Semanais","4":"Boletim ABINT de Not\u00edcias Semanais","titulo_en":"","5":"","texto":"<p style=\"text-align:justify\"><span style=\"font-size:11pt\"><span style=\"line-height:normal\"><span style=\"font-family:Calibri,sans-serif\"><span style=\"font-size:14.0pt\">Esta &eacute; uma compila&ccedil;&atilde;o das not&iacute;cias mais relevantes para o setor, incluindo informa&ccedil;&otilde;es sobre acordos internacionais, economia brasileira, sustentabilidade e mat&eacute;rias primas, al&eacute;m de novidades do setor de N&atilde;otecidos e Tecidos T&eacute;cnicos.<\/span><\/span><\/span><\/span><\/p>\r\n\r\n<p style=\"text-align:justify\"><span style=\"font-size:28pt\"><span style=\"font-family:Cambria,serif\"><span style=\"letter-spacing:-0.5pt\"><b><span style=\"font-size:18.0pt\"><span calibri=\"\" style=\"font-family:\"><span style=\"font-variant:small-caps\">O que vem por a&iacute;<\/span><\/span><\/span><\/b><\/span><\/span><\/span><\/p>\r\n\r\n<p style=\"text-align:justify\">&nbsp;<\/p>\r\n\r\n<p><b><img src=\"https:\/\/www.abint.org.br\/assets\/img\/editor\/abint-logo-2020-g_20250402165019mojhtZg4sN.png\" style=\"width: 300px; height: 69px;\" \/><\/b><\/p>\r\n\r\n<p><b><img src=\"https:\/\/www.abint.org.br\/assets\/img\/editor\/post-quadrado-curso-naotecido_202504021701223fcQUdXvek.jpg\" style=\"width: 500px; height: 500px;\" \/><\/b><\/p>\r\n\r\n<p><a href=\"https:\/\/encurtador.com.br\/5RiJ6\">Fa&ccedil;a sua inscri&ccedil;&atilde;o<\/a><\/p>\r\n\r\n<p>&nbsp;<\/p>\r\n\r\n<p><img src=\"https:\/\/www.abint.org.br\/assets\/img\/editor\/logo-ctg-abint-png_202502051355479yWykO7ojh.png\" style=\"width: 300px; height: 55px;\" \/><\/p>\r\n\r\n<p>&nbsp;<\/p>\r\n\r\n<p><img src=\"https:\/\/www.abint.org.br\/assets\/img\/editor\/e-mail-post-premio-tcc-icc-2024-2025_20250205143024je0yZgOKML.png\" style=\"width: 500px; height: 500px;\" \/><\/p>\r\n\r\n<p><a href=\"https:\/\/geossinteticos.org.br\/premiotccic\">Inscreva seu trabalho<\/a><\/p>\r\n\r\n<p><span style=\"font-size:28pt\"><span style=\"font-family:Cambria,serif\"><span style=\"letter-spacing:-0.5pt\"><b><span style=\"font-size:18.0pt\"><span calibri=\"\" style=\"font-family:\"><span style=\"font-variant:small-caps\">Not&iacute;cias das Associadas<\/span><\/span><\/span><\/b><\/span><\/span><\/span><\/p>\r\n\r\n<p style=\"text-align:justify\"><span style=\"font-size:11pt\"><span style=\"line-height:normal\"><span style=\"font-family:Calibri,sans-serif\"><a href=\"https:\/\/www.nonwovens-industry.com\/contents\/view_breaking-news\/2025-04-03\/andritz-to-acquire-acelli-paper\/15303\" style=\"color:blue; text-decoration:underline\"><span lang=\"EN-US\" style=\"font-size:14.0pt\">Andritz to Acquire A.Celli Paper<\/span><\/a><\/span><\/span><\/span><\/p>\r\n\r\n<p style=\"text-align:justify\"><span style=\"font-size:11pt\"><span style=\"line-height:normal\"><span style=\"font-family:Calibri,sans-serif\"><a href=\"https:\/\/www.nonwovens-industry.com\/buyersguide\/profile\/andritz-nonwoven-576413\/view_andritz-nonwoven-textile-adapts-to-market-needs?utm_campaign=NON%20QA&amp;utm_medium=email&amp;_hsenc=p2ANqtz--i2oOx_Gd7RX8dfvxa_3LY2XRCu6K2OzFx7xGQZZP3WX4bYy4x8a2J3yXP8iFCMCiXmAVaVcSOhqPR4C9f8RPa-9JMCw&amp;_hsmi=354845335&amp;utm_content=354845335&amp;utm_source=hs_email\" style=\"color:blue; text-decoration:underline\"><span lang=\"EN-US\" style=\"font-size:14.0pt\">ANDRITZ Nonwoven &amp; Textile Adapts to Market Needs<\/span><\/a><\/span><\/span><\/span><\/p>\r\n\r\n<p style=\"text-align:justify\">&nbsp;<\/p>\r\n\r\n<p style=\"text-align:justify\"><span style=\"font-size:11pt\"><span style=\"line-height:normal\"><span style=\"font-family:Calibri,sans-serif\"><b><span style=\"font-size:18.0pt\"><span style=\"font-variant:small-caps\">Eventos<\/span><\/span><\/b><\/span><\/span><\/span><\/p>\r\n\r\n<p style=\"text-align:justify\"><span style=\"font-size:11pt\"><span style=\"line-height:normal\"><span style=\"font-family:Calibri,sans-serif\"><a href=\"https:\/\/www.sympla.com.br\/evento-online\/agenda-verde-fecomerciosp-os-desafios-ambientais-do-brasil-e-a-cop30\/2843674\" style=\"color:blue; text-decoration:underline\"><b><span style=\"font-size:14.0pt\">Agenda Verde FecomercioSP | Os desafios ambientais do Brasil e a COP30<\/span><\/b><\/a><span style=\"font-size:14.0pt\">, 10 de abril de 2025, 09h00 &agrave;s 12h30, evento online<\/span><\/span><\/span><\/span><\/p>\r\n\r\n<p style=\"text-align:justify\"><span style=\"font-size:11pt\"><span style=\"line-height:normal\"><span style=\"font-family:Calibri,sans-serif\"><a href=\"https:\/\/www.automecfeira.com.br\/pt-br.html\" style=\"color:blue; text-decoration:underline\"><b><span style=\"font-size:14.0pt\">Automec 2025<\/span><\/b><\/a><span style=\"font-size:14.0pt\">, 22 a 26 de abril de 2025, S&atilde;o Paulo Expo, Rodovia dos Imigrantes, Km 1,5, &Aacute;gua Funda, S&atilde;o Paulo, SP<\/span><\/span><\/span><\/span><\/p>\r\n\r\n<p style=\"text-align:justify\"><span style=\"font-size:11pt\"><span style=\"line-height:normal\"><span style=\"font-family:Calibri,sans-serif\"><a href=\"https:\/\/carreira.eseg.edu.br\/transmissao-ao-vivo-ciclo-de-palestras-marco-diogo-guillen?utm_campaign=prospeccao_on-line-_publico_externo-_banco_central&amp;utm_medium=email&amp;utm_source=RD+Station\" style=\"color:blue; text-decoration:underline\"><b><span style=\"font-size:14.0pt\">&quot;Conjuntura Econ&ocirc;mica: Evolu&ccedil;&atilde;o do Cen&aacute;rio e Proje&ccedil;&otilde;es para a Infla&ccedil;&atilde;o<\/span><\/b><span style=\"font-size:14.0pt\">&quot;<\/span><\/a><span style=\"font-size:14.0pt\">, Diego Guillen, diretor de Pol&iacute;tica Econ&ocirc;mica do Banco Central do Brasil, 31 de mar&ccedil;o de 2025, &agrave;s 19h<\/span><\/span><\/span><\/span><\/p>\r\n\r\n<p align=\"center\" style=\"text-align:center\"><span style=\"font-size:11pt\"><span style=\"line-height:normal\"><span style=\"font-family:Calibri,sans-serif\"><a href=\"https:\/\/docs.google.com\/forms\/d\/e\/1FAIpQLSfMrxxb83TM8IA9RFdNa0ACl5NtjckyztJJD155dbtEWBB5ow\/viewform\" style=\"color:blue; text-decoration:underline\"><b><span style=\"font-size:14.0pt\">Qualidade da cor para t&ecirc;xteis<\/span><\/b><\/a><\/span><\/span><\/span><\/p>\r\n\r\n<p align=\"center\" style=\"text-align:center\"><span style=\"font-size:11pt\"><span style=\"line-height:normal\"><span style=\"font-family:Calibri,sans-serif\"><span style=\"font-size:14.0pt\">26 de abril de 2025, 08h &agrave;s 12h, evento online<\/span><\/span><\/span><\/span><\/p>\r\n\r\n<p align=\"center\" style=\"text-align:center\"><span style=\"font-size:11pt\"><span style=\"line-height:normal\"><span style=\"font-family:Calibri,sans-serif\"><a href=\"https:\/\/forms.gle\/gVRanQmStqMhRKtM6\" style=\"color:blue; text-decoration:underline\"><b><span style=\"font-size:14.0pt\">ABTT Academy | Curso: Vamos falar de sa&uacute;de mental nas empresas?<\/span><\/b><\/a><\/span><\/span><\/span><\/p>\r\n\r\n<p align=\"center\" style=\"text-align:center\"><span style=\"font-size:11pt\"><span style=\"line-height:normal\"><span style=\"font-family:Calibri,sans-serif\"><span style=\"font-size:14.0pt\">17 de maio de 2025, 08h &agrave;s 12h, evento online<\/span><\/span><\/span><\/span><\/p>\r\n\r\n<p style=\"text-align:justify\"><span style=\"font-size:11pt\"><span style=\"line-height:normal\"><span style=\"font-family:Calibri,sans-serif\"><a href=\"https:\/\/www.hospitalar.com\/pt\/home.html\" style=\"color:blue; text-decoration:underline\"><b><span style=\"font-size:14.0pt\">Hospitalar 2025<\/span><\/b><\/a><span style=\"font-size:14.0pt\">, 20 a 23 de maio, 11h00 &agrave;s 20h00, S&atilde;o Paulo Expo, Rodovia dos Imigrantes, km 1,5<\/span><\/span><\/span><\/span><\/p>\r\n\r\n<p style=\"text-align:justify\"><span style=\"font-size:11pt\"><span style=\"line-height:normal\"><span style=\"font-family:Calibri,sans-serif\"><a href=\"https:\/\/ideashow.org\/\" style=\"color:blue; text-decoration:underline\"><b><span lang=\"EN-US\" style=\"font-size:14.0pt\">IDEA25<\/span><\/b><\/a><span lang=\"EN-US\" style=\"font-size:14.0pt\">, April 29-May 1, 2025, Miami Beach Convention Center, Miami Beach, Florida<\/span><\/span><\/span><\/span><\/p>\r\n\r\n<p style=\"text-align:justify\"><span style=\"font-size:11pt\"><span style=\"line-height:normal\"><span style=\"font-family:Calibri,sans-serif\"><a href=\"https:\/\/www.conbrava.com.br\/\" style=\"color:blue; text-decoration:underline\"><b><span style=\"font-size:14.0pt\">CONBRAVA 2025<\/span><\/b><\/a><span style=\"font-size:14.0pt\">, 10 a 12 de setembro de 2025, S&atilde;o Paulo Expo, Rodovia dos Imigrantes, km 1,5<\/span><\/span><\/span><\/span><\/p>\r\n\r\n<p style=\"text-align:justify\"><span style=\"font-size:11pt\"><span style=\"line-height:normal\"><span style=\"font-family:Calibri,sans-serif\"><a href=\"https:\/\/paving.com.br\/\" style=\"color:blue; text-decoration:underline\"><b><span style=\"font-size:14.0pt\">Paving Expo 2025<\/span><\/b><\/a><span style=\"font-size:14.0pt\">, 23 a 25 de setembro de 2025, Distrito Anhembi, Rua Prof. Milton Rodrigues, s\/n, Santana, S&atilde;o Paulo, SP<\/span><\/span><\/span><\/span><\/p>\r\n\r\n<p style=\"text-align:justify\"><span style=\"font-size:11pt\"><span style=\"line-height:normal\"><span style=\"font-family:Calibri,sans-serif\"><b><span style=\"font-size:14.0pt\">17&ordm; Congresso Brasileiro de Enfermagem em Centro Cir&uacute;rgico: &ldquo;O poder de cuidar&rdquo;<\/span><\/b><span style=\"font-size:14.0pt\">, 01 a 03 de outubro de 2025, Transamerica Expo Center, S&atilde;o Paulo, SP<\/span><\/span><\/span><\/span><\/p>\r\n\r\n<p style=\"text-align:justify\"><span style=\"font-size:11pt\"><span style=\"line-height:normal\"><span style=\"font-family:Calibri,sans-serif\"><a href=\"https:\/\/www.abrafiltros.org.br\/3o-seminario-brasileiro-de-filtros-acontecera-no-dia-08-de-outubro\/\" style=\"color:blue; text-decoration:underline\"><b><span style=\"font-size:14.0pt\">3&ordm; Semin&aacute;rio Brasileiro de Filtros<\/span><\/b><\/a><span style=\"font-size:14.0pt\">, 08 de outubro de 2025, evento presencial<\/span><\/span><\/span><\/span><\/p>\r\n\r\n<p style=\"text-align:justify\"><span style=\"font-size:11pt\"><span style=\"line-height:normal\"><span style=\"font-family:Calibri,sans-serif\"><a href=\"https:\/\/hospitalmed.com.br\/feira\/\" style=\"color:blue; text-decoration:underline\"><b><span style=\"font-size:14.0pt\">HospitalMed 2025<\/span><\/b><\/a><span style=\"font-size:14.0pt\">, 22 a 24 de outubro, Pernambuco Centro de Conven&ccedil;&otilde;es, Olinda<\/span><\/span><\/span><\/span><\/p>\r\n\r\n<p style=\"text-align:justify\"><span style=\"font-size:28pt\"><span style=\"font-family:Cambria,serif\"><span style=\"letter-spacing:-0.5pt\"><b><span style=\"font-size:18.0pt\"><span calibri=\"\" style=\"font-family:\"><span style=\"font-variant:small-caps\">Setor<\/span><\/span><\/span><\/b><\/span><\/span><\/span><\/p>\r\n\r\n<p style=\"text-align:justify\"><span style=\"font-size:11pt\"><span style=\"line-height:normal\"><span style=\"font-family:Calibri,sans-serif\"><a href=\"https:\/\/app.rdstation.email\/mail\/983514b1-cc4e-4bed-baca-e4f52dee7703?utm_campaign=sindionline_-_04042025&amp;utm_medium=email&amp;utm_source=RD+Station\" style=\"color:blue; text-decoration:underline\"><span lang=\"ES-AR\" style=\"font-size:14.0pt\">Impactos das Novas Tarifas Americanas no Setor T&ecirc;xtil Brasileiro<\/span><\/a><\/span><\/span><\/span><\/p>\r\n\r\n<p style=\"text-align:justify\"><span style=\"font-size:11pt\"><span style=\"line-height:normal\"><span style=\"font-family:Calibri,sans-serif\"><a href=\"https:\/\/www.textileworld.com\/textile-world\/nonwovens-technical-textiles\/2025\/03\/european-nonwoven-industry-returns-to-pre-covid-level-with-3-million-tonnes-produced-in-2024\/\" style=\"color:blue; text-decoration:underline\"><span lang=\"ES-AR\" style=\"font-size:14.0pt\">European Nonwoven Industry Returns To Pre-COVID Level With 3 Million Tonnes Produced In 2024<\/span><\/a><\/span><\/span><\/span><\/p>\r\n\r\n<p style=\"text-align:justify\"><span style=\"font-size:11pt\"><span style=\"line-height:normal\"><span style=\"font-family:Calibri,sans-serif\"><a href=\"https:\/\/www.abctecnologias.com.br\/historias-de-sucesso\/barcos-de-pead-estao-revolucionando-a-industria-maritima-na-coreia-do-sul\/?utm_source=ABC+Tecnologias&amp;utm_campaign=7c033355d8-CAMPANHA_RSS_POSTS_SITE&amp;utm_medium=email&amp;utm_term=0_01821b5e7f-7c033355d8-468976694\" style=\"color:blue; text-decoration:underline\"><span style=\"font-size:14.0pt\">Barcos de PEAD est&atilde;o revolucionando a ind&uacute;stria mar&iacute;tima na Coreia do Sul<\/span><\/a><\/span><\/span><\/span><\/p>\r\n\r\n<p style=\"text-align:justify\"><span style=\"font-size:11pt\"><span style=\"line-height:normal\"><span style=\"font-family:Calibri,sans-serif\"><a href=\"https:\/\/plasticosemrevista.com.br\/novos-complexos-de-poliolefinas-tomam-forma-na-arabia-saudita\/\" style=\"color:blue; text-decoration:underline\"><span style=\"font-size:14.0pt\">Novos complexos de poliolefinas tomam forma na Ar&aacute;bia Saudita<\/span><\/a><\/span><\/span><\/span><\/p>\r\n\r\n<p style=\"text-align:justify\"><span style=\"font-size:11pt\"><span style=\"line-height:normal\"><span style=\"font-family:Calibri,sans-serif\"><a href=\"https:\/\/tissueonline.com.br\/softys-conclui-aquisicao-das-operacoes-da-ontex-no-brasil\/?utm_campaign=nova_newsletter_040425&amp;utm_medium=email&amp;utm_source=RD+Station\" style=\"color:blue; text-decoration:underline\"><span style=\"font-size:14.0pt\">Softys conclui aquisi&ccedil;&atilde;o das opera&ccedil;&otilde;es da Ontex no Brasil<\/span><\/a><\/span><\/span><\/span><\/p>\r\n\r\n<p style=\"text-align:justify\"><span style=\"font-size:28pt\"><span style=\"font-family:Cambria,serif\"><span style=\"letter-spacing:-0.5pt\"><b><span style=\"font-size:18.0pt\"><span calibri=\"\" style=\"font-family:\"><span style=\"font-variant:small-caps\">Ind&uacute;stria<\/span><\/span><\/span><\/b><\/span><\/span><\/span><\/p>\r\n\r\n<p style=\"text-align:justify\"><span style=\"font-size:11pt\"><span style=\"line-height:normal\"><span style=\"font-family:Calibri,sans-serif\"><a href=\"Abimaq:%20Com%20tarifas,%20Trump%20busca%20pressionar%20pa\u00edses%20a%20ajustarem%20pol\u00edticas%20comerciais\" style=\"color:blue; text-decoration:underline\"><span style=\"font-size:14.0pt\">Abimaq: Com tarifas, Trump busca pressionar pa&iacute;ses a ajustarem pol&iacute;ticas comerciais<\/span><\/a><\/span><\/span><\/span><\/p>\r\n\r\n<p style=\"text-align:justify\"><span style=\"font-size:11pt\"><span style=\"line-height:normal\"><span style=\"font-family:Calibri,sans-serif\"><a href=\"https:\/\/blogdoibre.fgv.br\/posts\/apos-forte-crescimento-em-2023-produtividade-do-trabalho-avanca-apenas-01-em-2024\" style=\"color:blue; text-decoration:underline\"><span style=\"font-size:14.0pt\">Ap&oacute;s forte crescimento em 2023, produtividade do trabalho avan&ccedil;a apenas 0,1% em 2024<\/span><\/a><\/span><\/span><\/span><\/p>\r\n\r\n<p style=\"text-align:justify\"><span style=\"font-size:11pt\"><span style=\"line-height:normal\"><span style=\"font-family:Calibri,sans-serif\"><a href=\"https:\/\/grandesconstrucoes.com.br\/Noticias\/Exibir\/falta-de-investimento-em-infraestrutura-encarece-o-transporte-de-cargas-no-brasil?utm_source=akna&amp;utm_medium=email&amp;utm_campaign=Grandes-Construcoes-Informativo-956-03-04-2025\" style=\"color:blue; text-decoration:underline\"><span style=\"font-size:14.0pt\">Falta de investimento em infraestrutura encarece o transporte de cargas no Brasil<\/span><\/a><\/span><\/span><\/span><\/p>\r\n\r\n<p style=\"text-align:justify\"><span style=\"font-size:11pt\"><span style=\"line-height:normal\"><span style=\"font-family:Calibri,sans-serif\"><a href=\"https:\/\/www.meiofiltrante.com.br\/Artigo\/6166\/perspectivas-otimistas-para-o-mercado-de-filtros-em-2025--\" style=\"color:blue; text-decoration:underline\"><span style=\"font-size:14.0pt\">Perspectivas otimistas para o mercado de filtros em 2025<\/span><\/a><\/span><\/span><\/span><\/p>\r\n\r\n<p style=\"text-align:justify\"><span style=\"font-size:11pt\"><span style=\"line-height:normal\"><span style=\"font-family:Calibri,sans-serif\"><a href=\"https:\/\/www.meiofiltrante.com.br\/Noticia\/130186\/a-excelencia-dos-filtros-no-desempenho-industrial-automotivo-e-no-saneamento\" style=\"color:blue; text-decoration:underline\"><span style=\"font-size:14.0pt\">A excel&ecirc;ncia dos Filtros no desempenho Industrial, Automotivo e no Saneamento<\/span><\/a><\/span><\/span><\/span><\/p>\r\n\r\n<p style=\"text-align:justify\"><span style=\"font-size:28pt\"><span style=\"font-family:Cambria,serif\"><span style=\"letter-spacing:-0.5pt\"><b><span style=\"font-size:18.0pt\"><span calibri=\"\" style=\"font-family:\"><span style=\"font-variant:small-caps\">Sustentabilidade<\/span><\/span><\/span><\/b><\/span><\/span><\/span><\/p>\r\n\r\n<p style=\"text-align:justify\"><span style=\"font-size:11pt\"><span style=\"line-height:normal\"><span style=\"font-family:Calibri,sans-serif\"><a href=\"https:\/\/www.meiofiltrante.com.br\/Noticia\/130179\/braskem-da-inicio-a-edicao-2025-do-plastitroque-\" style=\"color:blue; text-decoration:underline\"><span style=\"font-size:14.0pt\">Braskem d&aacute; in&iacute;cio &agrave; edi&ccedil;&atilde;o 2025 do Plastitroque<\/span><\/a><\/span><\/span><\/span><\/p>\r\n\r\n<p style=\"text-align:justify\"><span style=\"font-size:11pt\"><span style=\"line-height:normal\"><span style=\"font-family:Calibri,sans-serif\"><a href=\"https:\/\/www.uai.com.br\/uainoticias\/2025\/04\/03\/essa-cidade-tem-como-prioridade-deixar-todas-as-ruas-feitas-de-plastico-reciclado\/\" style=\"color:blue; text-decoration:underline\"><span style=\"font-size:14.0pt\">Essa cidade tem como prioridade deixar todas as ruas feitas de pl&aacute;stico reciclado<\/span><\/a><\/span><\/span><\/span><\/p>\r\n\r\n<p style=\"text-align:justify\"><span style=\"font-size:11pt\"><span style=\"line-height:normal\"><span style=\"font-family:Calibri,sans-serif\"><a href=\"https:\/\/www.msn.com\/pt-br\/noticias\/meio-ambiente\/brasil-descarta-mais-de-4-milh%C3%B5es-de-toneladas-de-res%C3%ADduos-t%C3%AAxteis-por-ano-especialistas-alertam\/ss-AA1Ce5x3\" style=\"color:blue; text-decoration:underline\"><span style=\"font-size:14.0pt\">Brasil descarta mais de 4 milh&otilde;es de toneladas de res&iacute;duos t&ecirc;xteis por ano; especialistas alertam<\/span><\/a><\/span><\/span><\/span><\/p>\r\n\r\n<p style=\"text-align:justify\"><span style=\"font-size:28pt\"><span style=\"font-family:Cambria,serif\"><span style=\"letter-spacing:-0.5pt\"><b><span style=\"font-size:18.0pt\"><span calibri=\"\" style=\"font-family:\"><span style=\"font-variant:small-caps\">Inova&ccedil;&atilde;o<\/span><\/span><\/span><\/b><\/span><\/span><\/span><\/p>\r\n\r\n<p style=\"text-align:justify\"><span style=\"font-size:11pt\"><span style=\"line-height:normal\"><span style=\"font-family:Calibri,sans-serif\"><a href=\"https:\/\/ultimosegundo.ig.com.br\/2025-03-31\/plastico-inovador-se-dissolve-na-agua-e-nao-libera-microplasticos.html\" style=\"color:blue; text-decoration:underline\"><span style=\"font-size:14.0pt\">Pl&aacute;stico inovador se dissolve na &aacute;gua e n&atilde;o libera micropl&aacute;sticos<\/span><\/a><\/span><\/span><\/span><\/p>\r\n\r\n<p style=\"text-align:justify\"><span style=\"font-size:28pt\"><span style=\"font-family:Cambria,serif\"><span style=\"letter-spacing:-0.5pt\"><b><span style=\"font-size:18.0pt\"><span calibri=\"\" style=\"font-family:\"><span style=\"font-variant:small-caps\">Com&eacute;rcio Exterior<\/span><\/span><\/span><\/b><\/span><\/span><\/span><\/p>\r\n\r\n<p style=\"text-align:justify\"><span style=\"font-size:11pt\"><span style=\"line-height:normal\"><span style=\"font-family:Calibri,sans-serif\"><a href=\"https:\/\/agenciabrasil.ebc.com.br\/economia\/noticia\/2025-04\/tarifaco-pode-acelerar-acordo-mercosul-ue-diz-presidente-da-apex\" style=\"color:blue; text-decoration:underline\"><span style=\"font-size:14.0pt\">Tarifa&ccedil;o pode acelerar acordo Mercosul-UE, diz presidente da Apex<\/span><\/a><\/span><\/span><\/span><\/p>\r\n\r\n<p style=\"text-align:justify\"><span style=\"font-size:11pt\"><span style=\"line-height:normal\"><span style=\"font-family:Calibri,sans-serif\"><a href=\"https:\/\/economia.uol.com.br\/noticias\/reuters\/2025\/04\/04\/ue-diz-que-acordo-comercial-com-o-mercosul-e-uma-grande-oportunidade-devido-as-tarifas-dos-eua.htm\" style=\"color:blue; text-decoration:underline\"><span style=\"font-size:14.0pt\">UE diz que acordo comercial com o Mercosul &eacute; uma &quot;grande oportunidade&quot; devido &agrave;s tarifas dos EUA<\/span><\/a><\/span><\/span><\/span><\/p>\r\n\r\n<p style=\"text-align:justify\"><span style=\"font-size:28pt\"><span style=\"font-family:Cambria,serif\"><span style=\"letter-spacing:-0.5pt\"><b><span style=\"font-size:18.0pt\"><span calibri=\"\" style=\"font-family:\"><span style=\"font-variant:small-caps\">Economia<\/span><\/span><\/span><\/b><\/span><\/span><\/span><\/p>\r\n\r\n<p style=\"text-align:justify\"><span style=\"font-size:11pt\"><span style=\"line-height:normal\"><span style=\"font-family:Calibri,sans-serif\"><a href=\"https:\/\/www.bcb.gov.br\/content\/focus\/focus\/R20250404.pdf\" style=\"color:blue; text-decoration:underline\"><span style=\"font-size:14.0pt\">Focus - Relat&oacute;rio de Mercado<\/span><\/a><\/span><\/span><\/span><\/p>\r\n\r\n<p style=\"text-align:justify\"><span style=\"font-size:11pt\"><span style=\"line-height:normal\"><span style=\"font-family:Calibri,sans-serif\"><a href=\"https:\/\/www.bcb.gov.br\/content\/controleinflacao\/focusdistribuicoesfrequencia\/P20250407-Focus-Distribuicoes-de-frequencia.pdf\" style=\"color:blue; text-decoration:underline\"><span style=\"font-size:14.0pt\">Focus - Distribui&ccedil;&otilde;es de Frequ&ecirc;ncia das Expectativas de Mercado para IPCA, Selic, PIB e C&acirc;mbio<\/span><\/a><\/span><\/span><\/span><\/p>\r\n\r\n<p style=\"text-align:justify\"><span style=\"font-size:11pt\"><span style=\"line-height:normal\"><span style=\"font-family:Calibri,sans-serif\"><a href=\"https:\/\/www.dm.com.br\/economia\/carga-tributaria-bate-recorde-e-atinge-323-do-pib-em-2024-155115\" style=\"color:blue; text-decoration:underline\"><span style=\"font-size:14.0pt\">Carga tribut&aacute;ria bate recorde e atinge 32,3% do PIB em 2024<\/span><\/a><\/span><\/span><\/span><\/p>\r\n\r\n<p style=\"text-align:justify\"><img src=\"https:\/\/www.abint.org.br\/assets\/img\/editor\/redes-sociais-abint-ctg-cth_20250402170836VbcL0yV6qu.jpg\" \/><\/p>\r\n","6":"<p style=\"text-align:justify\"><span style=\"font-size:11pt\"><span style=\"line-height:normal\"><span style=\"font-family:Calibri,sans-serif\"><span style=\"font-size:14.0pt\">Esta &eacute; uma compila&ccedil;&atilde;o das not&iacute;cias mais relevantes para o setor, incluindo informa&ccedil;&otilde;es sobre acordos internacionais, economia brasileira, sustentabilidade e mat&eacute;rias primas, al&eacute;m de novidades do setor de N&atilde;otecidos e Tecidos T&eacute;cnicos.<\/span><\/span><\/span><\/span><\/p>\r\n\r\n<p style=\"text-align:justify\"><span style=\"font-size:28pt\"><span style=\"font-family:Cambria,serif\"><span style=\"letter-spacing:-0.5pt\"><b><span style=\"font-size:18.0pt\"><span calibri=\"\" style=\"font-family:\"><span style=\"font-variant:small-caps\">O que vem por a&iacute;<\/span><\/span><\/span><\/b><\/span><\/span><\/span><\/p>\r\n\r\n<p style=\"text-align:justify\">&nbsp;<\/p>\r\n\r\n<p><b><img src=\"https:\/\/www.abint.org.br\/assets\/img\/editor\/abint-logo-2020-g_20250402165019mojhtZg4sN.png\" style=\"width: 300px; height: 69px;\" \/><\/b><\/p>\r\n\r\n<p><b><img src=\"https:\/\/www.abint.org.br\/assets\/img\/editor\/post-quadrado-curso-naotecido_202504021701223fcQUdXvek.jpg\" style=\"width: 500px; height: 500px;\" \/><\/b><\/p>\r\n\r\n<p><a href=\"https:\/\/encurtador.com.br\/5RiJ6\">Fa&ccedil;a sua inscri&ccedil;&atilde;o<\/a><\/p>\r\n\r\n<p>&nbsp;<\/p>\r\n\r\n<p><img src=\"https:\/\/www.abint.org.br\/assets\/img\/editor\/logo-ctg-abint-png_202502051355479yWykO7ojh.png\" style=\"width: 300px; height: 55px;\" \/><\/p>\r\n\r\n<p>&nbsp;<\/p>\r\n\r\n<p><img src=\"https:\/\/www.abint.org.br\/assets\/img\/editor\/e-mail-post-premio-tcc-icc-2024-2025_20250205143024je0yZgOKML.png\" style=\"width: 500px; height: 500px;\" \/><\/p>\r\n\r\n<p><a href=\"https:\/\/geossinteticos.org.br\/premiotccic\">Inscreva seu trabalho<\/a><\/p>\r\n\r\n<p><span style=\"font-size:28pt\"><span style=\"font-family:Cambria,serif\"><span style=\"letter-spacing:-0.5pt\"><b><span style=\"font-size:18.0pt\"><span calibri=\"\" style=\"font-family:\"><span style=\"font-variant:small-caps\">Not&iacute;cias das Associadas<\/span><\/span><\/span><\/b><\/span><\/span><\/span><\/p>\r\n\r\n<p style=\"text-align:justify\"><span style=\"font-size:11pt\"><span style=\"line-height:normal\"><span style=\"font-family:Calibri,sans-serif\"><a href=\"https:\/\/www.nonwovens-industry.com\/contents\/view_breaking-news\/2025-04-03\/andritz-to-acquire-acelli-paper\/15303\" style=\"color:blue; text-decoration:underline\"><span lang=\"EN-US\" style=\"font-size:14.0pt\">Andritz to Acquire A.Celli Paper<\/span><\/a><\/span><\/span><\/span><\/p>\r\n\r\n<p style=\"text-align:justify\"><span style=\"font-size:11pt\"><span style=\"line-height:normal\"><span style=\"font-family:Calibri,sans-serif\"><a href=\"https:\/\/www.nonwovens-industry.com\/buyersguide\/profile\/andritz-nonwoven-576413\/view_andritz-nonwoven-textile-adapts-to-market-needs?utm_campaign=NON%20QA&amp;utm_medium=email&amp;_hsenc=p2ANqtz--i2oOx_Gd7RX8dfvxa_3LY2XRCu6K2OzFx7xGQZZP3WX4bYy4x8a2J3yXP8iFCMCiXmAVaVcSOhqPR4C9f8RPa-9JMCw&amp;_hsmi=354845335&amp;utm_content=354845335&amp;utm_source=hs_email\" style=\"color:blue; text-decoration:underline\"><span lang=\"EN-US\" style=\"font-size:14.0pt\">ANDRITZ Nonwoven &amp; Textile Adapts to Market Needs<\/span><\/a><\/span><\/span><\/span><\/p>\r\n\r\n<p style=\"text-align:justify\">&nbsp;<\/p>\r\n\r\n<p style=\"text-align:justify\"><span style=\"font-size:11pt\"><span style=\"line-height:normal\"><span style=\"font-family:Calibri,sans-serif\"><b><span style=\"font-size:18.0pt\"><span style=\"font-variant:small-caps\">Eventos<\/span><\/span><\/b><\/span><\/span><\/span><\/p>\r\n\r\n<p style=\"text-align:justify\"><span style=\"font-size:11pt\"><span style=\"line-height:normal\"><span style=\"font-family:Calibri,sans-serif\"><a href=\"https:\/\/www.sympla.com.br\/evento-online\/agenda-verde-fecomerciosp-os-desafios-ambientais-do-brasil-e-a-cop30\/2843674\" style=\"color:blue; text-decoration:underline\"><b><span style=\"font-size:14.0pt\">Agenda Verde FecomercioSP | Os desafios ambientais do Brasil e a COP30<\/span><\/b><\/a><span style=\"font-size:14.0pt\">, 10 de abril de 2025, 09h00 &agrave;s 12h30, evento online<\/span><\/span><\/span><\/span><\/p>\r\n\r\n<p style=\"text-align:justify\"><span style=\"font-size:11pt\"><span style=\"line-height:normal\"><span style=\"font-family:Calibri,sans-serif\"><a href=\"https:\/\/www.automecfeira.com.br\/pt-br.html\" style=\"color:blue; text-decoration:underline\"><b><span style=\"font-size:14.0pt\">Automec 2025<\/span><\/b><\/a><span style=\"font-size:14.0pt\">, 22 a 26 de abril de 2025, S&atilde;o Paulo Expo, Rodovia dos Imigrantes, Km 1,5, &Aacute;gua Funda, S&atilde;o Paulo, SP<\/span><\/span><\/span><\/span><\/p>\r\n\r\n<p style=\"text-align:justify\"><span style=\"font-size:11pt\"><span style=\"line-height:normal\"><span style=\"font-family:Calibri,sans-serif\"><a href=\"https:\/\/carreira.eseg.edu.br\/transmissao-ao-vivo-ciclo-de-palestras-marco-diogo-guillen?utm_campaign=prospeccao_on-line-_publico_externo-_banco_central&amp;utm_medium=email&amp;utm_source=RD+Station\" style=\"color:blue; text-decoration:underline\"><b><span style=\"font-size:14.0pt\">&quot;Conjuntura Econ&ocirc;mica: Evolu&ccedil;&atilde;o do Cen&aacute;rio e Proje&ccedil;&otilde;es para a Infla&ccedil;&atilde;o<\/span><\/b><span style=\"font-size:14.0pt\">&quot;<\/span><\/a><span style=\"font-size:14.0pt\">, Diego Guillen, diretor de Pol&iacute;tica Econ&ocirc;mica do Banco Central do Brasil, 31 de mar&ccedil;o de 2025, &agrave;s 19h<\/span><\/span><\/span><\/span><\/p>\r\n\r\n<p align=\"center\" style=\"text-align:center\"><span style=\"font-size:11pt\"><span style=\"line-height:normal\"><span style=\"font-family:Calibri,sans-serif\"><a href=\"https:\/\/docs.google.com\/forms\/d\/e\/1FAIpQLSfMrxxb83TM8IA9RFdNa0ACl5NtjckyztJJD155dbtEWBB5ow\/viewform\" style=\"color:blue; text-decoration:underline\"><b><span style=\"font-size:14.0pt\">Qualidade da cor para t&ecirc;xteis<\/span><\/b><\/a><\/span><\/span><\/span><\/p>\r\n\r\n<p align=\"center\" style=\"text-align:center\"><span style=\"font-size:11pt\"><span style=\"line-height:normal\"><span style=\"font-family:Calibri,sans-serif\"><span style=\"font-size:14.0pt\">26 de abril de 2025, 08h &agrave;s 12h, evento online<\/span><\/span><\/span><\/span><\/p>\r\n\r\n<p align=\"center\" style=\"text-align:center\"><span style=\"font-size:11pt\"><span style=\"line-height:normal\"><span style=\"font-family:Calibri,sans-serif\"><a href=\"https:\/\/forms.gle\/gVRanQmStqMhRKtM6\" style=\"color:blue; text-decoration:underline\"><b><span style=\"font-size:14.0pt\">ABTT Academy | Curso: Vamos falar de sa&uacute;de mental nas empresas?<\/span><\/b><\/a><\/span><\/span><\/span><\/p>\r\n\r\n<p align=\"center\" style=\"text-align:center\"><span style=\"font-size:11pt\"><span style=\"line-height:normal\"><span style=\"font-family:Calibri,sans-serif\"><span style=\"font-size:14.0pt\">17 de maio de 2025, 08h &agrave;s 12h, evento online<\/span><\/span><\/span><\/span><\/p>\r\n\r\n<p style=\"text-align:justify\"><span style=\"font-size:11pt\"><span style=\"line-height:normal\"><span style=\"font-family:Calibri,sans-serif\"><a href=\"https:\/\/www.hospitalar.com\/pt\/home.html\" style=\"color:blue; text-decoration:underline\"><b><span style=\"font-size:14.0pt\">Hospitalar 2025<\/span><\/b><\/a><span style=\"font-size:14.0pt\">, 20 a 23 de maio, 11h00 &agrave;s 20h00, S&atilde;o Paulo Expo, Rodovia dos Imigrantes, km 1,5<\/span><\/span><\/span><\/span><\/p>\r\n\r\n<p style=\"text-align:justify\"><span style=\"font-size:11pt\"><span style=\"line-height:normal\"><span style=\"font-family:Calibri,sans-serif\"><a href=\"https:\/\/ideashow.org\/\" style=\"color:blue; text-decoration:underline\"><b><span lang=\"EN-US\" style=\"font-size:14.0pt\">IDEA25<\/span><\/b><\/a><span lang=\"EN-US\" style=\"font-size:14.0pt\">, April 29-May 1, 2025, Miami Beach Convention Center, Miami Beach, Florida<\/span><\/span><\/span><\/span><\/p>\r\n\r\n<p style=\"text-align:justify\"><span style=\"font-size:11pt\"><span style=\"line-height:normal\"><span style=\"font-family:Calibri,sans-serif\"><a href=\"https:\/\/www.conbrava.com.br\/\" style=\"color:blue; text-decoration:underline\"><b><span style=\"font-size:14.0pt\">CONBRAVA 2025<\/span><\/b><\/a><span style=\"font-size:14.0pt\">, 10 a 12 de setembro de 2025, S&atilde;o Paulo Expo, Rodovia dos Imigrantes, km 1,5<\/span><\/span><\/span><\/span><\/p>\r\n\r\n<p style=\"text-align:justify\"><span style=\"font-size:11pt\"><span style=\"line-height:normal\"><span style=\"font-family:Calibri,sans-serif\"><a href=\"https:\/\/paving.com.br\/\" style=\"color:blue; text-decoration:underline\"><b><span style=\"font-size:14.0pt\">Paving Expo 2025<\/span><\/b><\/a><span style=\"font-size:14.0pt\">, 23 a 25 de setembro de 2025, Distrito Anhembi, Rua Prof. Milton Rodrigues, s\/n, Santana, S&atilde;o Paulo, SP<\/span><\/span><\/span><\/span><\/p>\r\n\r\n<p style=\"text-align:justify\"><span style=\"font-size:11pt\"><span style=\"line-height:normal\"><span style=\"font-family:Calibri,sans-serif\"><b><span style=\"font-size:14.0pt\">17&ordm; Congresso Brasileiro de Enfermagem em Centro Cir&uacute;rgico: &ldquo;O poder de cuidar&rdquo;<\/span><\/b><span style=\"font-size:14.0pt\">, 01 a 03 de outubro de 2025, Transamerica Expo Center, S&atilde;o Paulo, SP<\/span><\/span><\/span><\/span><\/p>\r\n\r\n<p style=\"text-align:justify\"><span style=\"font-size:11pt\"><span style=\"line-height:normal\"><span style=\"font-family:Calibri,sans-serif\"><a href=\"https:\/\/www.abrafiltros.org.br\/3o-seminario-brasileiro-de-filtros-acontecera-no-dia-08-de-outubro\/\" style=\"color:blue; text-decoration:underline\"><b><span style=\"font-size:14.0pt\">3&ordm; Semin&aacute;rio Brasileiro de Filtros<\/span><\/b><\/a><span style=\"font-size:14.0pt\">, 08 de outubro de 2025, evento presencial<\/span><\/span><\/span><\/span><\/p>\r\n\r\n<p style=\"text-align:justify\"><span style=\"font-size:11pt\"><span style=\"line-height:normal\"><span style=\"font-family:Calibri,sans-serif\"><a href=\"https:\/\/hospitalmed.com.br\/feira\/\" style=\"color:blue; text-decoration:underline\"><b><span style=\"font-size:14.0pt\">HospitalMed 2025<\/span><\/b><\/a><span style=\"font-size:14.0pt\">, 22 a 24 de outubro, Pernambuco Centro de Conven&ccedil;&otilde;es, Olinda<\/span><\/span><\/span><\/span><\/p>\r\n\r\n<p style=\"text-align:justify\"><span style=\"font-size:28pt\"><span style=\"font-family:Cambria,serif\"><span style=\"letter-spacing:-0.5pt\"><b><span style=\"font-size:18.0pt\"><span calibri=\"\" style=\"font-family:\"><span style=\"font-variant:small-caps\">Setor<\/span><\/span><\/span><\/b><\/span><\/span><\/span><\/p>\r\n\r\n<p style=\"text-align:justify\"><span style=\"font-size:11pt\"><span style=\"line-height:normal\"><span style=\"font-family:Calibri,sans-serif\"><a href=\"https:\/\/app.rdstation.email\/mail\/983514b1-cc4e-4bed-baca-e4f52dee7703?utm_campaign=sindionline_-_04042025&amp;utm_medium=email&amp;utm_source=RD+Station\" style=\"color:blue; text-decoration:underline\"><span lang=\"ES-AR\" style=\"font-size:14.0pt\">Impactos das Novas Tarifas Americanas no Setor T&ecirc;xtil Brasileiro<\/span><\/a><\/span><\/span><\/span><\/p>\r\n\r\n<p style=\"text-align:justify\"><span style=\"font-size:11pt\"><span style=\"line-height:normal\"><span style=\"font-family:Calibri,sans-serif\"><a href=\"https:\/\/www.textileworld.com\/textile-world\/nonwovens-technical-textiles\/2025\/03\/european-nonwoven-industry-returns-to-pre-covid-level-with-3-million-tonnes-produced-in-2024\/\" style=\"color:blue; text-decoration:underline\"><span lang=\"ES-AR\" style=\"font-size:14.0pt\">European Nonwoven Industry Returns To Pre-COVID Level With 3 Million Tonnes Produced In 2024<\/span><\/a><\/span><\/span><\/span><\/p>\r\n\r\n<p style=\"text-align:justify\"><span style=\"font-size:11pt\"><span style=\"line-height:normal\"><span style=\"font-family:Calibri,sans-serif\"><a href=\"https:\/\/www.abctecnologias.com.br\/historias-de-sucesso\/barcos-de-pead-estao-revolucionando-a-industria-maritima-na-coreia-do-sul\/?utm_source=ABC+Tecnologias&amp;utm_campaign=7c033355d8-CAMPANHA_RSS_POSTS_SITE&amp;utm_medium=email&amp;utm_term=0_01821b5e7f-7c033355d8-468976694\" style=\"color:blue; text-decoration:underline\"><span style=\"font-size:14.0pt\">Barcos de PEAD est&atilde;o revolucionando a ind&uacute;stria mar&iacute;tima na Coreia do Sul<\/span><\/a><\/span><\/span><\/span><\/p>\r\n\r\n<p style=\"text-align:justify\"><span style=\"font-size:11pt\"><span style=\"line-height:normal\"><span style=\"font-family:Calibri,sans-serif\"><a href=\"https:\/\/plasticosemrevista.com.br\/novos-complexos-de-poliolefinas-tomam-forma-na-arabia-saudita\/\" style=\"color:blue; text-decoration:underline\"><span style=\"font-size:14.0pt\">Novos complexos de poliolefinas tomam forma na Ar&aacute;bia Saudita<\/span><\/a><\/span><\/span><\/span><\/p>\r\n\r\n<p style=\"text-align:justify\"><span style=\"font-size:11pt\"><span style=\"line-height:normal\"><span style=\"font-family:Calibri,sans-serif\"><a href=\"https:\/\/tissueonline.com.br\/softys-conclui-aquisicao-das-operacoes-da-ontex-no-brasil\/?utm_campaign=nova_newsletter_040425&amp;utm_medium=email&amp;utm_source=RD+Station\" style=\"color:blue; text-decoration:underline\"><span style=\"font-size:14.0pt\">Softys conclui aquisi&ccedil;&atilde;o das opera&ccedil;&otilde;es da Ontex no Brasil<\/span><\/a><\/span><\/span><\/span><\/p>\r\n\r\n<p style=\"text-align:justify\"><span style=\"font-size:28pt\"><span style=\"font-family:Cambria,serif\"><span style=\"letter-spacing:-0.5pt\"><b><span style=\"font-size:18.0pt\"><span calibri=\"\" style=\"font-family:\"><span style=\"font-variant:small-caps\">Ind&uacute;stria<\/span><\/span><\/span><\/b><\/span><\/span><\/span><\/p>\r\n\r\n<p style=\"text-align:justify\"><span style=\"font-size:11pt\"><span style=\"line-height:normal\"><span style=\"font-family:Calibri,sans-serif\"><a href=\"Abimaq:%20Com%20tarifas,%20Trump%20busca%20pressionar%20pa\u00edses%20a%20ajustarem%20pol\u00edticas%20comerciais\" style=\"color:blue; text-decoration:underline\"><span style=\"font-size:14.0pt\">Abimaq: Com tarifas, Trump busca pressionar pa&iacute;ses a ajustarem pol&iacute;ticas comerciais<\/span><\/a><\/span><\/span><\/span><\/p>\r\n\r\n<p style=\"text-align:justify\"><span style=\"font-size:11pt\"><span style=\"line-height:normal\"><span style=\"font-family:Calibri,sans-serif\"><a href=\"https:\/\/blogdoibre.fgv.br\/posts\/apos-forte-crescimento-em-2023-produtividade-do-trabalho-avanca-apenas-01-em-2024\" style=\"color:blue; text-decoration:underline\"><span style=\"font-size:14.0pt\">Ap&oacute;s forte crescimento em 2023, produtividade do trabalho avan&ccedil;a apenas 0,1% em 2024<\/span><\/a><\/span><\/span><\/span><\/p>\r\n\r\n<p style=\"text-align:justify\"><span style=\"font-size:11pt\"><span style=\"line-height:normal\"><span style=\"font-family:Calibri,sans-serif\"><a href=\"https:\/\/grandesconstrucoes.com.br\/Noticias\/Exibir\/falta-de-investimento-em-infraestrutura-encarece-o-transporte-de-cargas-no-brasil?utm_source=akna&amp;utm_medium=email&amp;utm_campaign=Grandes-Construcoes-Informativo-956-03-04-2025\" style=\"color:blue; text-decoration:underline\"><span style=\"font-size:14.0pt\">Falta de investimento em infraestrutura encarece o transporte de cargas no Brasil<\/span><\/a><\/span><\/span><\/span><\/p>\r\n\r\n<p style=\"text-align:justify\"><span style=\"font-size:11pt\"><span style=\"line-height:normal\"><span style=\"font-family:Calibri,sans-serif\"><a href=\"https:\/\/www.meiofiltrante.com.br\/Artigo\/6166\/perspectivas-otimistas-para-o-mercado-de-filtros-em-2025--\" style=\"color:blue; text-decoration:underline\"><span style=\"font-size:14.0pt\">Perspectivas otimistas para o mercado de filtros em 2025<\/span><\/a><\/span><\/span><\/span><\/p>\r\n\r\n<p style=\"text-align:justify\"><span style=\"font-size:11pt\"><span style=\"line-height:normal\"><span style=\"font-family:Calibri,sans-serif\"><a href=\"https:\/\/www.meiofiltrante.com.br\/Noticia\/130186\/a-excelencia-dos-filtros-no-desempenho-industrial-automotivo-e-no-saneamento\" style=\"color:blue; text-decoration:underline\"><span style=\"font-size:14.0pt\">A excel&ecirc;ncia dos Filtros no desempenho Industrial, Automotivo e no Saneamento<\/span><\/a><\/span><\/span><\/span><\/p>\r\n\r\n<p style=\"text-align:justify\"><span style=\"font-size:28pt\"><span style=\"font-family:Cambria,serif\"><span style=\"letter-spacing:-0.5pt\"><b><span style=\"font-size:18.0pt\"><span calibri=\"\" style=\"font-family:\"><span style=\"font-variant:small-caps\">Sustentabilidade<\/span><\/span><\/span><\/b><\/span><\/span><\/span><\/p>\r\n\r\n<p style=\"text-align:justify\"><span style=\"font-size:11pt\"><span style=\"line-height:normal\"><span style=\"font-family:Calibri,sans-serif\"><a href=\"https:\/\/www.meiofiltrante.com.br\/Noticia\/130179\/braskem-da-inicio-a-edicao-2025-do-plastitroque-\" style=\"color:blue; text-decoration:underline\"><span style=\"font-size:14.0pt\">Braskem d&aacute; in&iacute;cio &agrave; edi&ccedil;&atilde;o 2025 do Plastitroque<\/span><\/a><\/span><\/span><\/span><\/p>\r\n\r\n<p style=\"text-align:justify\"><span style=\"font-size:11pt\"><span style=\"line-height:normal\"><span style=\"font-family:Calibri,sans-serif\"><a href=\"https:\/\/www.uai.com.br\/uainoticias\/2025\/04\/03\/essa-cidade-tem-como-prioridade-deixar-todas-as-ruas-feitas-de-plastico-reciclado\/\" style=\"color:blue; text-decoration:underline\"><span style=\"font-size:14.0pt\">Essa cidade tem como prioridade deixar todas as ruas feitas de pl&aacute;stico reciclado<\/span><\/a><\/span><\/span><\/span><\/p>\r\n\r\n<p style=\"text-align:justify\"><span style=\"font-size:11pt\"><span style=\"line-height:normal\"><span style=\"font-family:Calibri,sans-serif\"><a href=\"https:\/\/www.msn.com\/pt-br\/noticias\/meio-ambiente\/brasil-descarta-mais-de-4-milh%C3%B5es-de-toneladas-de-res%C3%ADduos-t%C3%AAxteis-por-ano-especialistas-alertam\/ss-AA1Ce5x3\" style=\"color:blue; text-decoration:underline\"><span style=\"font-size:14.0pt\">Brasil descarta mais de 4 milh&otilde;es de toneladas de res&iacute;duos t&ecirc;xteis por ano; especialistas alertam<\/span><\/a><\/span><\/span><\/span><\/p>\r\n\r\n<p style=\"text-align:justify\"><span style=\"font-size:28pt\"><span style=\"font-family:Cambria,serif\"><span style=\"letter-spacing:-0.5pt\"><b><span style=\"font-size:18.0pt\"><span calibri=\"\" style=\"font-family:\"><span style=\"font-variant:small-caps\">Inova&ccedil;&atilde;o<\/span><\/span><\/span><\/b><\/span><\/span><\/span><\/p>\r\n\r\n<p style=\"text-align:justify\"><span style=\"font-size:11pt\"><span style=\"line-height:normal\"><span style=\"font-family:Calibri,sans-serif\"><a href=\"https:\/\/ultimosegundo.ig.com.br\/2025-03-31\/plastico-inovador-se-dissolve-na-agua-e-nao-libera-microplasticos.html\" style=\"color:blue; text-decoration:underline\"><span style=\"font-size:14.0pt\">Pl&aacute;stico inovador se dissolve na &aacute;gua e n&atilde;o libera micropl&aacute;sticos<\/span><\/a><\/span><\/span><\/span><\/p>\r\n\r\n<p style=\"text-align:justify\"><span style=\"font-size:28pt\"><span style=\"font-family:Cambria,serif\"><span style=\"letter-spacing:-0.5pt\"><b><span style=\"font-size:18.0pt\"><span calibri=\"\" style=\"font-family:\"><span style=\"font-variant:small-caps\">Com&eacute;rcio Exterior<\/span><\/span><\/span><\/b><\/span><\/span><\/span><\/p>\r\n\r\n<p style=\"text-align:justify\"><span style=\"font-size:11pt\"><span style=\"line-height:normal\"><span style=\"font-family:Calibri,sans-serif\"><a href=\"https:\/\/agenciabrasil.ebc.com.br\/economia\/noticia\/2025-04\/tarifaco-pode-acelerar-acordo-mercosul-ue-diz-presidente-da-apex\" style=\"color:blue; text-decoration:underline\"><span style=\"font-size:14.0pt\">Tarifa&ccedil;o pode acelerar acordo Mercosul-UE, diz presidente da Apex<\/span><\/a><\/span><\/span><\/span><\/p>\r\n\r\n<p style=\"text-align:justify\"><span style=\"font-size:11pt\"><span style=\"line-height:normal\"><span style=\"font-family:Calibri,sans-serif\"><a href=\"https:\/\/economia.uol.com.br\/noticias\/reuters\/2025\/04\/04\/ue-diz-que-acordo-comercial-com-o-mercosul-e-uma-grande-oportunidade-devido-as-tarifas-dos-eua.htm\" style=\"color:blue; text-decoration:underline\"><span style=\"font-size:14.0pt\">UE diz que acordo comercial com o Mercosul &eacute; uma &quot;grande oportunidade&quot; devido &agrave;s tarifas dos EUA<\/span><\/a><\/span><\/span><\/span><\/p>\r\n\r\n<p style=\"text-align:justify\"><span style=\"font-size:28pt\"><span style=\"font-family:Cambria,serif\"><span style=\"letter-spacing:-0.5pt\"><b><span style=\"font-size:18.0pt\"><span calibri=\"\" style=\"font-family:\"><span style=\"font-variant:small-caps\">Economia<\/span><\/span><\/span><\/b><\/span><\/span><\/span><\/p>\r\n\r\n<p style=\"text-align:justify\"><span style=\"font-size:11pt\"><span style=\"line-height:normal\"><span style=\"font-family:Calibri,sans-serif\"><a href=\"https:\/\/www.bcb.gov.br\/content\/focus\/focus\/R20250404.pdf\" style=\"color:blue; text-decoration:underline\"><span style=\"font-size:14.0pt\">Focus - Relat&oacute;rio de Mercado<\/span><\/a><\/span><\/span><\/span><\/p>\r\n\r\n<p style=\"text-align:justify\"><span style=\"font-size:11pt\"><span style=\"line-height:normal\"><span style=\"font-family:Calibri,sans-serif\"><a href=\"https:\/\/www.bcb.gov.br\/content\/controleinflacao\/focusdistribuicoesfrequencia\/P20250407-Focus-Distribuicoes-de-frequencia.pdf\" style=\"color:blue; text-decoration:underline\"><span style=\"font-size:14.0pt\">Focus - Distribui&ccedil;&otilde;es de Frequ&ecirc;ncia das Expectativas de Mercado para IPCA, Selic, PIB e C&acirc;mbio<\/span><\/a><\/span><\/span><\/span><\/p>\r\n\r\n<p style=\"text-align:justify\"><span style=\"font-size:11pt\"><span style=\"line-height:normal\"><span style=\"font-family:Calibri,sans-serif\"><a href=\"https:\/\/www.dm.com.br\/economia\/carga-tributaria-bate-recorde-e-atinge-323-do-pib-em-2024-155115\" style=\"color:blue; text-decoration:underline\"><span style=\"font-size:14.0pt\">Carga tribut&aacute;ria bate recorde e atinge 32,3% do PIB em 2024<\/span><\/a><\/span><\/span><\/span><\/p>\r\n\r\n<p style=\"text-align:justify\"><img src=\"https:\/\/www.abint.org.br\/assets\/img\/editor\/redes-sociais-abint-ctg-cth_20250402170836VbcL0yV6qu.jpg\" \/><\/p>\r\n","texto_en":"","7":"","imagem":"COMP_capa-2025-site-boletim-abint-noticias-semanis_2025040816055803l5lSgQHy.jpg","8":"COMP_capa-2025-site-boletim-abint-noticias-semanis_2025040816055803l5lSgQHy.jpg","arquivo":"20250408-BOLETIM-ABINT-DE-NOTICIAS-SEMANAIS.PDF","9":"20250408-BOLETIM-ABINT-DE-NOTICIAS-SEMANAIS.PDF","titulo_arquivo":"20250408 Boletim ABINT de Not\u00edcias Semanais","10":"20250408 Boletim ABINT de Not\u00edcias Semanais","titulo_arquivo_en":"","11":"","created_at":"2025-04-08 16:06:08","12":"2025-04-08 16:06:08","updated_at":"2025-08-29 11:56:56","13":"2025-08-29 11:56:56"},{"id":164,"0":164,"ordem":58,"1":58,"data":"2025-04-02","2":"2025-04-02","slug":"boletim-abint-de-noticias-semanais-70","3":"boletim-abint-de-noticias-semanais-70","titulo":"Boletim ABINT de Not\u00edcias Semanais","4":"Boletim ABINT de Not\u00edcias Semanais","titulo_en":"","5":"","texto":"<p style=\"text-align:justify\"><span style=\"font-size:11pt\"><span style=\"line-height:normal\"><span style=\"font-family:Calibri,sans-serif\"><span style=\"font-size:14.0pt\">Esta &eacute; uma compila&ccedil;&atilde;o das not&iacute;cias mais relevantes para o setor, incluindo informa&ccedil;&otilde;es sobre acordos internacionais, economia brasileira, sustentabilidade e mat&eacute;rias primas, al&eacute;m de novidades do setor de N&atilde;otecidos e Tecidos T&eacute;cnicos.<\/span><\/span><\/span><\/span><\/p>\r\n\r\n<p style=\"text-align:justify\"><span style=\"font-size:28pt\"><span style=\"font-family:Cambria,serif\"><span style=\"letter-spacing:-0.5pt\"><b><span style=\"font-size:18.0pt\"><span calibri=\"\" style=\"font-family:\"><span style=\"font-variant:small-caps\">O que vem por a&iacute;<\/span><\/span><\/span><\/b><\/span><\/span><\/span><\/p>\r\n\r\n<p style=\"text-align:justify\"><span style=\"font-size:28pt\"><span style=\"font-family:Cambria,serif\"><span style=\"letter-spacing:-0.5pt\"><b><span style=\"font-size:18.0pt\"><span calibri=\"\" style=\"font-family:\"><span style=\"font-variant:small-caps\"><img src=\"https:\/\/www.abint.org.br\/assets\/img\/editor\/abint-logo-2020-g_20250402165019mojhtZg4sN.png\" style=\"width: 300px; height: 69px;\" \/><\/span><\/span><\/span><\/b><\/span><\/span><\/span><\/p>\r\n\r\n<p style=\"text-align:justify\"><span style=\"font-size:28pt\"><span style=\"font-family:Cambria,serif\"><span style=\"letter-spacing:-0.5pt\"><b><span style=\"font-size:18.0pt\"><span calibri=\"\" style=\"font-family:\"><span style=\"font-variant:small-caps\"><img src=\"https:\/\/www.abint.org.br\/assets\/img\/editor\/post-quadrado-curso-naotecido_202504021701223fcQUdXvek.jpg\" style=\"width: 500px; height: 500px;\" \/><\/span><\/span><\/span><\/b><\/span><\/span><\/span><\/p>\r\n\r\n<p><a href=\"https:\/\/encurtador.com.br\/5RiJ6\">Fa&ccedil;a sua inscri&ccedil;&atilde;o<\/a><\/p>\r\n\r\n<p>&nbsp;<\/p>\r\n\r\n<p><img src=\"https:\/\/www.abint.org.br\/assets\/img\/editor\/logo-ctg-abint-png_202502051355479yWykO7ojh.png\" style=\"width: 300px; height: 55px;\" \/><\/p>\r\n\r\n<p>&nbsp;<\/p>\r\n\r\n<p><img src=\"https:\/\/www.abint.org.br\/assets\/img\/editor\/e-mail-post-premio-tcc-icc-2024-2025_20250205143024je0yZgOKML.png\" style=\"width: 500px; height: 500px;\" \/><\/p>\r\n\r\n<p><a href=\"https:\/\/geossinteticos.org.br\/premiotccic\">Inscreva seu trabalho<\/a><\/p>\r\n\r\n<p class=\"MsoTitle\" style=\"text-align:justify\"><span style=\"font-size:28pt\"><span style=\"font-family:Cambria,serif\"><span style=\"letter-spacing:-0.5pt\"><b><span style=\"font-size:18.0pt\"><span calibri=\"\" style=\"font-family:\"><span style=\"font-variant:small-caps\">Not&iacute;cias das Associadas<\/span><\/span><\/span><\/b><\/span><\/span><\/span><\/p>\r\n\r\n<p style=\"text-align:justify\"><span style=\"font-size:11pt\"><span style=\"line-height:normal\"><span style=\"font-family:Calibri,sans-serif\"><a href=\"https:\/\/www.revistatae.com.br\/Noticia\/91087\/estao-abertas-as-inscricoes-para-o-premio-tcc-ic---tecnologia-em-geossinteticos-prof-benedito-de-souza-bueno\" style=\"color:blue; text-decoration:underline\"><span style=\"font-size:14.0pt\">Est&atilde;o abertas as inscri&ccedil;&otilde;es para o Pr&ecirc;mio TCC\/ IC &ndash; Tecnologia em Geossint&eacute;ticos Prof. Benedito de Souza Bueno<\/span><\/a><\/span><\/span><\/span><\/p>\r\n\r\n<p style=\"text-align:justify\"><span style=\"font-size:11pt\"><span style=\"line-height:normal\"><span style=\"font-family:Calibri,sans-serif\"><a href=\"https:\/\/www.abctecnologias.com.br\/historias-de-sucesso\/ctg-abint-e-abc-curso-brasileiro-de-instalacao-de-geomembranas-paulo-kenji-acakura-2025\/?utm_source=ABC+Tecnologias&amp;utm_campaign=4c28717de8-CAMPANHA_RSS_POSTS_SITE&amp;utm_medium=email&amp;utm_term=0_01821b5e7f-4c28717de8-468976694\" style=\"color:blue; text-decoration:underline\"><span style=\"font-size:14.0pt\">CTG ABINT e ABC: Curso Brasileiro de Instala&ccedil;&atilde;o de Geomembranas &ldquo;Paulo Kenji A&ccedil;akura&rdquo; 2025<\/span><\/a><\/span><\/span><\/span><\/p>\r\n\r\n<p style=\"text-align:justify\"><span style=\"font-size:11pt\"><span style=\"line-height:normal\"><span style=\"font-family:Calibri,sans-serif\"><a href=\"https:\/\/tissueonline.com.br\/andritz-e-holypoly-oferecem-solucao-de-reciclagem-para-vestimentas-de-maquinas-de-papel-a-fabricas-na-europa\/?utm_campaign=nova_newsletter_280325&amp;utm_medium=email&amp;utm_source=RD+Station\" style=\"color:blue; text-decoration:underline\"><span style=\"font-size:14.0pt\">ANDRITZ e HolyPoly oferecem solu&ccedil;&atilde;o de reciclagem para vestimentas de m&aacute;quinas de papel a f&aacute;bricas na Europa<\/span><\/a><\/span><\/span><\/span><\/p>\r\n\r\n<p style=\"text-align:justify\"><span style=\"font-size:11pt\"><span style=\"line-height:normal\"><span style=\"font-family:Calibri,sans-serif\"><a href=\"https:\/\/portalpersonalcare.com.br\/cremer-apresenta-inovacoes-para-o-canal-farma-na-conexao-farma-2025\/?utm_campaign=newsletter_26032025&amp;utm_medium=email&amp;utm_source=RD+Station\" style=\"color:blue; text-decoration:underline\"><span style=\"font-size:14.0pt\">Cremer apresenta inova&ccedil;&otilde;es para o canal Farma na Conex&atilde;o Farma 2025<\/span><\/a><\/span><\/span><\/span><\/p>\r\n\r\n<p style=\"text-align:justify\"><span style=\"font-size:11pt\"><span style=\"line-height:normal\"><span style=\"font-family:Calibri,sans-serif\"><a href=\"https:\/\/www.nonwovens-industry.com\/contents\/view_breaking-news\/2025-03-25\/freudenberg-performance-materials-appoints-cfo\/?utm_campaign=NON%20eNewsletter&amp;utm_medium=email&amp;_hsenc=p2ANqtz-8s-s8wZXQnDfGUvFx4rr45nv8MVBFUFxkh81qlmwxnQMyBkhrslY5rJyZsYDCmsktg5xQ7wkMNRshbBzQAQdbUwdF-zQ&amp;_hsmi=353893632&amp;utm_content=353893632&amp;utm_source=hs_email\" style=\"color:blue; text-decoration:underline\"><span lang=\"EN-US\" style=\"font-size:14.0pt\">Freudenberg Performance Materials Appoints CFO<\/span><\/a><\/span><\/span><\/span><\/p>\r\n\r\n<p style=\"text-align:justify\"><span style=\"font-size:11pt\"><span style=\"line-height:normal\"><span style=\"font-family:Calibri,sans-serif\"><a href=\"https:\/\/www.tradingview.com\/news\/reuters.com,2025-04-01:newsml_GNE9kHYxc:0-reg-suominen-has-published-its-annual-report-2024\/\" style=\"color:blue; text-decoration:underline\"><span lang=\"EN-US\" style=\"font-size:14.0pt\">REG-Suominen has published its Annual Report 2024<\/span><\/a><\/span><\/span><\/span><\/p>\r\n\r\n<p style=\"text-align:justify\"><span style=\"font-size:11pt\"><span style=\"line-height:normal\"><span style=\"font-family:Calibri,sans-serif\"><b><span style=\"font-size:18.0pt\"><span style=\"font-variant:small-caps\">Eventos<\/span><\/span><\/b><\/span><\/span><\/span><\/p>\r\n\r\n<p style=\"text-align:justify\"><span style=\"font-size:11pt\"><span style=\"line-height:normal\"><span style=\"font-family:Calibri,sans-serif\"><a href=\"https:\/\/www.sympla.com.br\/evento-online\/agenda-verde-fecomerciosp-os-desafios-ambientais-do-brasil-e-a-cop30\/2843674\" style=\"color:blue; text-decoration:underline\"><b><span style=\"font-size:14.0pt\">Agenda Verde FecomercioSP | Os desafios ambientais do Brasil e a COP30<\/span><\/b><\/a><span style=\"font-size:14.0pt\">, 10 de abril de 2025, 09h00 &agrave;s 12h30, evento online<\/span><\/span><\/span><\/span><\/p>\r\n\r\n<p style=\"text-align:justify\"><span style=\"font-size:11pt\"><span style=\"line-height:normal\"><span style=\"font-family:Calibri,sans-serif\"><a href=\"https:\/\/www.automecfeira.com.br\/pt-br.html\" style=\"color:blue; text-decoration:underline\"><b><span style=\"font-size:14.0pt\">Automec 2025<\/span><\/b><\/a><span style=\"font-size:14.0pt\">, 22 a 26 de abril de 2025, S&atilde;o Paulo Expo, Rodovia dos Imigrantes, Km 1,5, &Aacute;gua Funda, S&atilde;o Paulo, SP<\/span><\/span><\/span><\/span><\/p>\r\n\r\n<p style=\"text-align:justify\"><span style=\"font-size:11pt\"><span style=\"line-height:normal\"><span style=\"font-family:Calibri,sans-serif\"><a href=\"https:\/\/carreira.eseg.edu.br\/transmissao-ao-vivo-ciclo-de-palestras-marco-diogo-guillen?utm_campaign=prospeccao_on-line-_publico_externo-_banco_central&amp;utm_medium=email&amp;utm_source=RD+Station\" style=\"color:blue; text-decoration:underline\"><b><span style=\"font-size:14.0pt\">&quot;Conjuntura Econ&ocirc;mica: Evolu&ccedil;&atilde;o do Cen&aacute;rio e Proje&ccedil;&otilde;es para a Infla&ccedil;&atilde;o<\/span><\/b><span style=\"font-size:14.0pt\">&quot;<\/span><\/a><span style=\"font-size:14.0pt\">, Diego Guillen, diretor de Pol&iacute;tica Econ&ocirc;mica do Banco Central do Brasil, 31 de mar&ccedil;o de 2025, &agrave;s 19h<\/span><\/span><\/span><\/span><\/p>\r\n\r\n<p align=\"center\" style=\"text-align:center\"><span style=\"font-size:11pt\"><span style=\"line-height:normal\"><span style=\"font-family:Calibri,sans-serif\"><a href=\"https:\/\/docs.google.com\/forms\/d\/e\/1FAIpQLSfMrxxb83TM8IA9RFdNa0ACl5NtjckyztJJD155dbtEWBB5ow\/viewform\" style=\"color:blue; text-decoration:underline\"><b><span style=\"font-size:14.0pt\">Qualidade da cor para t&ecirc;xteis<\/span><\/b><\/a><\/span><\/span><\/span><\/p>\r\n\r\n<p align=\"center\" style=\"text-align:center\"><span style=\"font-size:11pt\"><span style=\"line-height:normal\"><span style=\"font-family:Calibri,sans-serif\"><span style=\"font-size:14.0pt\">26 de abril de 2025, 08h &agrave;s 12h, evento online<\/span><\/span><\/span><\/span><\/p>\r\n\r\n<p align=\"center\" style=\"text-align:center\"><span style=\"font-size:11pt\"><span style=\"line-height:normal\"><span style=\"font-family:Calibri,sans-serif\"><a href=\"https:\/\/forms.gle\/gVRanQmStqMhRKtM6\" style=\"color:blue; text-decoration:underline\"><b><span style=\"font-size:14.0pt\">ABTT Academy | Curso: Vamos falar de sa&uacute;de mental nas empresas?<\/span><\/b><\/a><\/span><\/span><\/span><\/p>\r\n\r\n<p align=\"center\" style=\"text-align:center\"><span style=\"font-size:11pt\"><span style=\"line-height:normal\"><span style=\"font-family:Calibri,sans-serif\"><span style=\"font-size:14.0pt\">17 de maio de 2025, 08h &agrave;s 12h, evento online<\/span><\/span><\/span><\/span><\/p>\r\n\r\n<p style=\"text-align:justify\"><span style=\"font-size:11pt\"><span style=\"line-height:normal\"><span style=\"font-family:Calibri,sans-serif\"><a href=\"https:\/\/www.hospitalar.com\/pt\/home.html\" style=\"color:blue; text-decoration:underline\"><b><span style=\"font-size:14.0pt\">Hospitalar 2025<\/span><\/b><\/a><span style=\"font-size:14.0pt\">, 20 a 23 de maio, 11h00 &agrave;s 20h00, S&atilde;o Paulo Expo, Rodovia dos Imigrantes, km 1,5<\/span><\/span><\/span><\/span><\/p>\r\n\r\n<p style=\"text-align:justify\"><span style=\"font-size:11pt\"><span style=\"line-height:normal\"><span style=\"font-family:Calibri,sans-serif\"><a href=\"https:\/\/ideashow.org\/\" style=\"color:blue; text-decoration:underline\"><b><span lang=\"EN-US\" style=\"font-size:14.0pt\">IDEA25<\/span><\/b><\/a><span lang=\"EN-US\" style=\"font-size:14.0pt\">, April 29-May 1, 2025, Miami Beach Convention Center, Miami Beach, Florida<\/span><\/span><\/span><\/span><\/p>\r\n\r\n<p style=\"text-align:justify\"><span style=\"font-size:11pt\"><span style=\"line-height:normal\"><span style=\"font-family:Calibri,sans-serif\"><a href=\"https:\/\/www.conbrava.com.br\/\" style=\"color:blue; text-decoration:underline\"><b><span style=\"font-size:14.0pt\">CONBRAVA 2025<\/span><\/b><\/a><span style=\"font-size:14.0pt\">, 10 a 12 de setembro de 2025, S&atilde;o Paulo Expo, Rodovia dos Imigrantes, km 1,5<\/span><\/span><\/span><\/span><\/p>\r\n\r\n<p style=\"text-align:justify\"><span style=\"font-size:11pt\"><span style=\"line-height:normal\"><span style=\"font-family:Calibri,sans-serif\"><a href=\"https:\/\/paving.com.br\/\" style=\"color:blue; text-decoration:underline\"><b><span style=\"font-size:14.0pt\">Paving Expo 2025<\/span><\/b><\/a><span style=\"font-size:14.0pt\">, 23 a 25 de setembro de 2025, Distrito Anhembi, Rua Prof. Milton Rodrigues, s\/n, Santana, S&atilde;o Paulo, SP<\/span><\/span><\/span><\/span><\/p>\r\n\r\n<p style=\"text-align:justify\"><span style=\"font-size:11pt\"><span style=\"line-height:normal\"><span style=\"font-family:Calibri,sans-serif\"><b><span style=\"font-size:14.0pt\">17&ordm; Congresso Brasileiro de Enfermagem em Centro Cir&uacute;rgico: &ldquo;O poder de cuidar&rdquo;<\/span><\/b><span style=\"font-size:14.0pt\">, 01 a 03 de outubro de 2025, Transamerica Expo Center, S&atilde;o Paulo, SP<\/span><\/span><\/span><\/span><\/p>\r\n\r\n<p style=\"text-align:justify\"><span style=\"font-size:11pt\"><span style=\"line-height:normal\"><span style=\"font-family:Calibri,sans-serif\"><a href=\"https:\/\/www.abrafiltros.org.br\/3o-seminario-brasileiro-de-filtros-acontecera-no-dia-08-de-outubro\/\" style=\"color:blue; text-decoration:underline\"><b><span style=\"font-size:14.0pt\">3&ordm; Semin&aacute;rio Brasileiro de Filtros<\/span><\/b><\/a><span style=\"font-size:14.0pt\">, 08 de outubro de 2025, evento presencial<\/span><\/span><\/span><\/span><\/p>\r\n\r\n<p style=\"text-align:justify\"><span style=\"font-size:11pt\"><span style=\"line-height:normal\"><span style=\"font-family:Calibri,sans-serif\"><a href=\"https:\/\/hospitalmed.com.br\/feira\/\" style=\"color:blue; text-decoration:underline\"><b><span style=\"font-size:14.0pt\">HospitalMed 2025<\/span><\/b><\/a><span style=\"font-size:14.0pt\">, 22 a 24 de outubro, Pernambuco Centro de Conven&ccedil;&otilde;es, Olinda<\/span><\/span><\/span><\/span><\/p>\r\n\r\n<p style=\"text-align:justify\"><span style=\"font-size:28pt\"><span style=\"font-family:Cambria,serif\"><span style=\"letter-spacing:-0.5pt\"><b><span lang=\"EN-US\" style=\"font-size:18.0pt\"><span calibri=\"\" style=\"font-family:\"><span style=\"font-variant:small-caps\">Setor<\/span><\/span><\/span><\/b><\/span><\/span><\/span><\/p>\r\n\r\n<p style=\"text-align:justify\"><span style=\"font-size:11pt\"><span style=\"line-height:normal\"><span style=\"font-family:Calibri,sans-serif\"><a href=\"https:\/\/www.indiantextilemagazine.in\/european-nonwovens-production-increased-by-2-6-in-2024-edana-report\/\" style=\"color:blue; text-decoration:underline\"><span lang=\"ES-AR\" style=\"font-size:14.0pt\">European Nonwovens Production Increased by 2.6% in 2024 &ndash; EDANA Report<\/span><\/a><\/span><\/span><\/span><\/p>\r\n\r\n<p style=\"text-align:justify\"><span style=\"font-size:11pt\"><span style=\"line-height:normal\"><span style=\"font-family:Calibri,sans-serif\"><a href=\"https:\/\/www.innovationintextiles.com\/nonwovens\/healthy-growth-predicted-for-nonwoven-filter-media\/\" style=\"color:blue; text-decoration:underline\"><span lang=\"ES-AR\" style=\"font-size:14.0pt\">Healthy growth predicted for nonwoven filter media<\/span><\/a><\/span><\/span><\/span><\/p>\r\n\r\n<p style=\"text-align:justify\"><span style=\"font-size:11pt\"><span style=\"line-height:normal\"><span style=\"font-family:Calibri,sans-serif\"><a href=\"https:\/\/www.fibre2fashion.com\/news\/technical-textiles\/nonwovens-industry-warns-of-risks-in-eu-us-trade-tensions-301509-newsdetails.htm\" style=\"color:blue; text-decoration:underline\"><span lang=\"ES-AR\" style=\"font-size:14.0pt\">Nonwovens industry warns of risks in EU-US trade tensions<\/span><\/a><\/span><\/span><\/span><\/p>\r\n\r\n<p style=\"text-align:justify\"><span style=\"font-size:11pt\"><span style=\"line-height:normal\"><span style=\"font-family:Calibri,sans-serif\"><a href=\"https:\/\/www.em.com.br\/mundo-corporativo\/2025\/03\/7095130-abrafiltros-encerra-2024-com-mais-de-44-milhoes-de-filtros-automotivos-reciclados.html\" style=\"color:blue; text-decoration:underline\"><span style=\"font-size:14.0pt\">Abrafiltros encerra 2024 com mais de 44 milh&otilde;es de filtros automotivos reciclados<\/span><\/a><\/span><\/span><\/span><\/p>\r\n\r\n<p style=\"text-align:justify\"><span style=\"font-size:11pt\"><span style=\"line-height:normal\"><span style=\"font-family:Calibri,sans-serif\"><a href=\"https:\/\/www.automecfeira.com.br\/pt-br\/blog\/mercado\/o-mercado-de-filtros-automotivos-em-2025.html?utm_source=sfmc&amp;utm_medium=email&amp;utm_campaign=Automec250227a_PADRAO_VIS_Newsletter\" style=\"color:blue; text-decoration:underline\"><span style=\"font-size:14.0pt\">O mercado de filtros automotivos em 2025<\/span><\/a><\/span><\/span><\/span><\/p>\r\n\r\n<p style=\"text-align:justify\"><span style=\"font-size:11pt\"><span style=\"line-height:normal\"><span style=\"font-family:Calibri,sans-serif\"><a href=\"https:\/\/portalpersonalcare.com.br\/mato-grosso-do-sul-avanca-na-producao-de-absorventes-em-presidios-e-amplia-inclusao-social\/?utm_campaign=newsletter_26032025&amp;utm_medium=email&amp;utm_source=RD+Station\" style=\"color:blue; text-decoration:underline\"><span style=\"font-size:14.0pt\">Mato Grosso do Sul avan&ccedil;a na produ&ccedil;&atilde;o de absorventes em pres&iacute;dios e amplia inclus&atilde;o social<\/span><\/a><\/span><\/span><\/span><\/p>\r\n\r\n<p style=\"text-align:justify\"><span style=\"font-size:28pt\"><span style=\"font-family:Cambria,serif\"><span style=\"letter-spacing:-0.5pt\"><b><span style=\"font-size:18.0pt\"><span calibri=\"\" style=\"font-family:\"><span style=\"font-variant:small-caps\">Ind&uacute;stria<\/span><\/span><\/span><\/b><\/span><\/span><\/span><\/p>\r\n\r\n<p style=\"text-align:justify\"><span style=\"font-size:11pt\"><span style=\"line-height:normal\"><span style=\"font-family:Calibri,sans-serif\"><a href=\"https:\/\/noticias.portaldaindustria.com.br\/noticias\/economia\/confianca-cai-em-19-setores-industriais-revela-cni\/\" style=\"color:blue; text-decoration:underline\"><span style=\"font-size:14.0pt\">Confian&ccedil;a cai em 19 setores industriais, revela CNI<\/span><\/a><\/span><\/span><\/span><\/p>\r\n\r\n<p style=\"text-align:justify\"><span style=\"font-size:11pt\"><span style=\"line-height:normal\"><span style=\"font-family:Calibri,sans-serif\"><a href=\"https:\/\/noticias.portaldaindustria.com.br\/noticias\/economia\/empresarios-da-construcao-seguem-pessimistas-pelo-terceiro-mes-consecutivo-revela-cni\/\" style=\"color:blue; text-decoration:underline\"><span style=\"font-size:14.0pt\">Empres&aacute;rios da constru&ccedil;&atilde;o seguem pessimistas pelo terceiro m&ecirc;s consecutivo, revela CNI<\/span><\/a><\/span><\/span><\/span><\/p>\r\n\r\n<p style=\"text-align:justify\"><span style=\"font-size:11pt\"><span style=\"line-height:normal\"><span style=\"font-family:Calibri,sans-serif\"><a href=\"https:\/\/grandesconstrucoes.com.br\/Noticias\/Exibir\/aumento-da-selic-deve-impactar-o-desempenho-da-construcao-civil?utm_source=akna&amp;utm_medium=email&amp;utm_campaign=Grandes-Construcoes-Informativo-955-27-03-2025\" style=\"color:blue; text-decoration:underline\"><span style=\"font-size:14.0pt\">Aumento da Selic deve impactar o desempenho da constru&ccedil;&atilde;o civil<\/span><\/a><\/span><\/span><\/span><\/p>\r\n\r\n<p style=\"text-align:justify\"><span style=\"font-size:11pt\"><span style=\"line-height:normal\"><span style=\"font-family:Calibri,sans-serif\"><a href=\"https:\/\/grandesconstrucoes.com.br\/Noticias\/Exibir\/o-que-esperar-da-construcao-civil-em-2025?utm_source=akna&amp;utm_medium=email&amp;utm_campaign=Grandes-Construcoes-Informativo-955-27-03-2025\" style=\"color:blue; text-decoration:underline\"><span style=\"font-size:14.0pt\">O que esperar da Constru&ccedil;&atilde;o Civil em 2025<\/span><\/a><\/span><\/span><\/span><\/p>\r\n\r\n<p style=\"text-align:justify\"><span style=\"font-size:11pt\"><span style=\"line-height:normal\"><span style=\"font-family:Calibri,sans-serif\"><a href=\"https:\/\/www.plastico.com.br\/industria-do-plastico-expectativas-sao-otimistas-para-2025\/?utm_campaign=newsletter_plastico_marco_2025&amp;utm_medium=email&amp;utm_source=RD+Station\" style=\"color:blue; text-decoration:underline\"><span style=\"font-size:14.0pt\">Ind&uacute;stria do Pl&aacute;stico: Expectativas s&atilde;o otimistas para 2025<\/span><\/a><\/span><\/span><\/span><\/p>\r\n\r\n<p style=\"text-align:justify\"><span style=\"font-size:11pt\"><span style=\"line-height:normal\"><span style=\"font-family:Calibri,sans-serif\"><a href=\"https:\/\/tribunademinas.com.br\/colunas\/maistendencias\/governo-planeja-realizar-82-leiloes-de-empreendimentos-incluidos-no-ppi\/?utm_campaign=base_toda_newsletter_kartado_mar2025&amp;utm_medium=email&amp;utm_source=RD+Station\" style=\"color:blue; text-decoration:underline\"><span style=\"font-size:14.0pt\">Governo planeja realizar 82 leil&otilde;es de empreendimentos inclu&iacute;dos no PPI<\/span><\/a><\/span><\/span><\/span><\/p>\r\n\r\n<p style=\"text-align:justify\"><span style=\"font-size:28pt\"><span style=\"font-family:Cambria,serif\"><span style=\"letter-spacing:-0.5pt\"><b><span lang=\"EN-US\" style=\"font-size:18.0pt\"><span calibri=\"\" style=\"font-family:\"><span style=\"font-variant:small-caps\">Sustentabilidade<\/span><\/span><\/span><\/b><\/span><\/span><\/span><\/p>\r\n\r\n<p style=\"text-align:justify\"><span style=\"font-size:11pt\"><span style=\"line-height:normal\"><span style=\"font-family:Calibri,sans-serif\"><a href=\"https:\/\/www.plasticsnews.com\/news\/european-recycling-operations-face-crisis-plants-close?utm_source=Sailthru&amp;utm_medium=email&amp;utm_campaign=Newsletter-KPreShow2025Newsletter-20250326\" style=\"color:blue; text-decoration:underline\"><span lang=\"EN-US\" style=\"font-size:14.0pt\">Recycling industry faces crisis as plant closures accelerate across Europe<\/span><\/a><\/span><\/span><\/span><\/p>\r\n\r\n<p style=\"text-align:justify\"><span style=\"font-size:11pt\"><span style=\"line-height:normal\"><span style=\"font-family:Calibri,sans-serif\"><a href=\"https:\/\/portalpersonalcare.com.br\/drylock-technologies-expande-iniciativa-sustentavel-com-crescimento-da-floresta-drylock\/?utm_campaign=newsletter_26032025&amp;utm_medium=email&amp;utm_source=RD+Station\" style=\"color:blue; text-decoration:underline\"><span style=\"font-size:14.0pt\">Drylock Technologies expande iniciativa sustent&aacute;vel com crescimento da Floresta Drylock<\/span><\/a><\/span><\/span><\/span><\/p>\r\n\r\n<p style=\"text-align:justify\"><span style=\"font-size:28pt\"><span style=\"font-family:Cambria,serif\"><span style=\"letter-spacing:-0.5pt\"><b><span style=\"font-size:18.0pt\"><span calibri=\"\" style=\"font-family:\"><span style=\"font-variant:small-caps\">Inova&ccedil;&atilde;o<\/span><\/span><\/span><\/b><\/span><\/span><\/span><\/p>\r\n\r\n<p style=\"text-align:justify\"><span style=\"font-size:11pt\"><span style=\"line-height:normal\"><span style=\"font-family:Calibri,sans-serif\"><a href=\"https:\/\/oantagonista.com.br\/mundo\/cientistas-produzem-plastico-que-se-dissolve-entenda\/\" style=\"color:blue; text-decoration:underline\"><span style=\"font-size:14.0pt\">Cientistas produzem pl&aacute;stico que se dissolve, entenda<\/span><\/a><\/span><\/span><\/span><\/p>\r\n\r\n<p style=\"text-align:justify\"><span style=\"font-size:28pt\"><span style=\"font-family:Cambria,serif\"><span style=\"letter-spacing:-0.5pt\"><b><span lang=\"EN-US\" style=\"font-size:18.0pt\"><span calibri=\"\" style=\"font-family:\"><span style=\"font-variant:small-caps\">Com&eacute;rcio Exterior<\/span><\/span><\/span><\/b><\/span><\/span><\/span><\/p>\r\n\r\n<p style=\"text-align:justify\"><span style=\"font-size:11pt\"><span style=\"line-height:normal\"><span style=\"font-family:Calibri,sans-serif\"><a href=\"https:\/\/www.nonwovens-industry.com\/contents\/view_breaking-news\/2025-03-24\/inda-issues-statement-on-potential-tariffs\/?utm_campaign=NON%20eNewsletter&amp;utm_medium=email&amp;_hsenc=p2ANqtz--k2aFj_PQD-IH9TIGO10t6irxIO_NBH0K39Il6ZiH-kQKV5pSAnevYKeK1iFcKbEAVW4Msxgnr3tNoIiLgTMT7auR_Ng&amp;_hsmi=353893632&amp;utm_content=353893632&amp;utm_source=hs_email\" style=\"color:blue; text-decoration:underline\"><span lang=\"ES-AR\" style=\"font-size:14.0pt\">INDA Issues Statement on Potential Tariffs<\/span><\/a><\/span><\/span><\/span><\/p>\r\n\r\n<p style=\"text-align:justify\"><span style=\"font-size:11pt\"><span style=\"line-height:normal\"><span style=\"font-family:Calibri,sans-serif\"><a href=\"https:\/\/www.nonwovens-industry.com\/contents\/view_breaking-news\/2025-03-21\/edana-statement-on-potential-eu-countermeasures-to-us-tariffs\/?utm_campaign=NON%20eNewsletter&amp;utm_medium=email&amp;_hsenc=p2ANqtz--azq8y7Dki3V_NmblofWYoaekmBmNpsr0iGvY1JB0w-IoHHdS1Qh92yDFSiBqgU2TvyuX0XIVHZCFXaQgAEUN0omQgDg&amp;_hsmi=353893632&amp;utm_content=353893632&amp;utm_source=hs_email\" style=\"color:blue; text-decoration:underline\"><span lang=\"ES-AR\" style=\"font-size:14.0pt\">EDANA Statement on Potential EU Countermeasures to U.S. Tariffs<\/span><\/a><\/span><\/span><\/span><\/p>\r\n\r\n<p style=\"text-align:justify\"><span style=\"font-size:11pt\"><span style=\"line-height:normal\"><span style=\"font-family:Calibri,sans-serif\"><a href=\"https:\/\/apexbrasil.com.br\/content\/apexbrasil\/br\/pt\/solucoes\/inteligencia\/estudos-e-publicacoes\/perfil-de-comercio-e-investimentos\/perfil-de-comercio-e-investimentos---uniao-europeia---2025.html\" style=\"color:blue; text-decoration:underline\"><span style=\"font-size:14.0pt\">Acesse o novo Perfil de Com&eacute;rcio e Investimento: Uni&atilde;o Europeia<\/span><\/a><\/span><\/span><\/span><\/p>\r\n\r\n<p style=\"text-align:justify\"><span style=\"font-size:28pt\"><span style=\"font-family:Cambria,serif\"><span style=\"letter-spacing:-0.5pt\"><b><span style=\"font-size:18.0pt\"><span calibri=\"\" style=\"font-family:\"><span style=\"font-variant:small-caps\">Economia<\/span><\/span><\/span><\/b><\/span><\/span><\/span><\/p>\r\n\r\n<p style=\"text-align:justify\"><span style=\"font-size:11pt\"><span style=\"line-height:normal\"><span style=\"font-family:Calibri,sans-serif\"><a href=\"https:\/\/www.bcb.gov.br\/content\/focus\/focus\/R20250328.pdf\" style=\"color:blue; text-decoration:underline\"><span style=\"font-size:14.0pt\">Focus - Relat&oacute;rio de Mercado<\/span><\/a><\/span><\/span><\/span><\/p>\r\n\r\n<p style=\"text-align:justify\"><span style=\"font-size:11pt\"><span style=\"line-height:normal\"><span style=\"font-family:Calibri,sans-serif\"><a href=\"https:\/\/www.itatiaia.com.br\/economia\/2025\/03\/27\/banco-central-reduz-projecao-de-crescimento-do-pib-para-2025\" style=\"color:blue; text-decoration:underline\"><span style=\"font-size:14.0pt\">Banco Central reduz proje&ccedil;&atilde;o de crescimento do PIB para 2025<\/span><\/a><\/span><\/span><\/span><\/p>\r\n\r\n<p style=\"text-align:justify\"><span style=\"font-size:11pt\"><span style=\"line-height:normal\"><span style=\"font-family:Calibri,sans-serif\"><a href=\"https:\/\/mercadoeconsumo.com.br\/25\/03\/2025\/artigos\/uma-reforma-tributaria-pratica-justa-e-eficiente-deve-mudar-o-pais\/?utm_campaign=news_geral_-_2503&amp;utm_medium=email&amp;utm_source=RD+Station\" style=\"color:blue; text-decoration:underline\"><span style=\"font-size:14.0pt\">Uma reforma tribut&aacute;ria pr&aacute;tica, justa e eficiente deve mudar o Pa&iacute;s<\/span><\/a><\/span><\/span><\/span><\/p>\r\n\r\n<p><img src=\"https:\/\/www.abint.org.br\/assets\/img\/editor\/redes-sociais-abint-ctg-cth_20250402170836VbcL0yV6qu.jpg\" \/><\/p>\r\n","6":"<p style=\"text-align:justify\"><span style=\"font-size:11pt\"><span style=\"line-height:normal\"><span style=\"font-family:Calibri,sans-serif\"><span style=\"font-size:14.0pt\">Esta &eacute; uma compila&ccedil;&atilde;o das not&iacute;cias mais relevantes para o setor, incluindo informa&ccedil;&otilde;es sobre acordos internacionais, economia brasileira, sustentabilidade e mat&eacute;rias primas, al&eacute;m de novidades do setor de N&atilde;otecidos e Tecidos T&eacute;cnicos.<\/span><\/span><\/span><\/span><\/p>\r\n\r\n<p style=\"text-align:justify\"><span style=\"font-size:28pt\"><span style=\"font-family:Cambria,serif\"><span style=\"letter-spacing:-0.5pt\"><b><span style=\"font-size:18.0pt\"><span calibri=\"\" style=\"font-family:\"><span style=\"font-variant:small-caps\">O que vem por a&iacute;<\/span><\/span><\/span><\/b><\/span><\/span><\/span><\/p>\r\n\r\n<p style=\"text-align:justify\"><span style=\"font-size:28pt\"><span style=\"font-family:Cambria,serif\"><span style=\"letter-spacing:-0.5pt\"><b><span style=\"font-size:18.0pt\"><span calibri=\"\" style=\"font-family:\"><span style=\"font-variant:small-caps\"><img src=\"https:\/\/www.abint.org.br\/assets\/img\/editor\/abint-logo-2020-g_20250402165019mojhtZg4sN.png\" style=\"width: 300px; height: 69px;\" \/><\/span><\/span><\/span><\/b><\/span><\/span><\/span><\/p>\r\n\r\n<p style=\"text-align:justify\"><span style=\"font-size:28pt\"><span style=\"font-family:Cambria,serif\"><span style=\"letter-spacing:-0.5pt\"><b><span style=\"font-size:18.0pt\"><span calibri=\"\" style=\"font-family:\"><span style=\"font-variant:small-caps\"><img src=\"https:\/\/www.abint.org.br\/assets\/img\/editor\/post-quadrado-curso-naotecido_202504021701223fcQUdXvek.jpg\" style=\"width: 500px; height: 500px;\" \/><\/span><\/span><\/span><\/b><\/span><\/span><\/span><\/p>\r\n\r\n<p><a href=\"https:\/\/encurtador.com.br\/5RiJ6\">Fa&ccedil;a sua inscri&ccedil;&atilde;o<\/a><\/p>\r\n\r\n<p>&nbsp;<\/p>\r\n\r\n<p><img src=\"https:\/\/www.abint.org.br\/assets\/img\/editor\/logo-ctg-abint-png_202502051355479yWykO7ojh.png\" style=\"width: 300px; height: 55px;\" \/><\/p>\r\n\r\n<p>&nbsp;<\/p>\r\n\r\n<p><img src=\"https:\/\/www.abint.org.br\/assets\/img\/editor\/e-mail-post-premio-tcc-icc-2024-2025_20250205143024je0yZgOKML.png\" style=\"width: 500px; height: 500px;\" \/><\/p>\r\n\r\n<p><a href=\"https:\/\/geossinteticos.org.br\/premiotccic\">Inscreva seu trabalho<\/a><\/p>\r\n\r\n<p class=\"MsoTitle\" style=\"text-align:justify\"><span style=\"font-size:28pt\"><span style=\"font-family:Cambria,serif\"><span style=\"letter-spacing:-0.5pt\"><b><span style=\"font-size:18.0pt\"><span calibri=\"\" style=\"font-family:\"><span style=\"font-variant:small-caps\">Not&iacute;cias das Associadas<\/span><\/span><\/span><\/b><\/span><\/span><\/span><\/p>\r\n\r\n<p style=\"text-align:justify\"><span style=\"font-size:11pt\"><span style=\"line-height:normal\"><span style=\"font-family:Calibri,sans-serif\"><a href=\"https:\/\/www.revistatae.com.br\/Noticia\/91087\/estao-abertas-as-inscricoes-para-o-premio-tcc-ic---tecnologia-em-geossinteticos-prof-benedito-de-souza-bueno\" style=\"color:blue; text-decoration:underline\"><span style=\"font-size:14.0pt\">Est&atilde;o abertas as inscri&ccedil;&otilde;es para o Pr&ecirc;mio TCC\/ IC &ndash; Tecnologia em Geossint&eacute;ticos Prof. Benedito de Souza Bueno<\/span><\/a><\/span><\/span><\/span><\/p>\r\n\r\n<p style=\"text-align:justify\"><span style=\"font-size:11pt\"><span style=\"line-height:normal\"><span style=\"font-family:Calibri,sans-serif\"><a href=\"https:\/\/www.abctecnologias.com.br\/historias-de-sucesso\/ctg-abint-e-abc-curso-brasileiro-de-instalacao-de-geomembranas-paulo-kenji-acakura-2025\/?utm_source=ABC+Tecnologias&amp;utm_campaign=4c28717de8-CAMPANHA_RSS_POSTS_SITE&amp;utm_medium=email&amp;utm_term=0_01821b5e7f-4c28717de8-468976694\" style=\"color:blue; text-decoration:underline\"><span style=\"font-size:14.0pt\">CTG ABINT e ABC: Curso Brasileiro de Instala&ccedil;&atilde;o de Geomembranas &ldquo;Paulo Kenji A&ccedil;akura&rdquo; 2025<\/span><\/a><\/span><\/span><\/span><\/p>\r\n\r\n<p style=\"text-align:justify\"><span style=\"font-size:11pt\"><span style=\"line-height:normal\"><span style=\"font-family:Calibri,sans-serif\"><a href=\"https:\/\/tissueonline.com.br\/andritz-e-holypoly-oferecem-solucao-de-reciclagem-para-vestimentas-de-maquinas-de-papel-a-fabricas-na-europa\/?utm_campaign=nova_newsletter_280325&amp;utm_medium=email&amp;utm_source=RD+Station\" style=\"color:blue; text-decoration:underline\"><span style=\"font-size:14.0pt\">ANDRITZ e HolyPoly oferecem solu&ccedil;&atilde;o de reciclagem para vestimentas de m&aacute;quinas de papel a f&aacute;bricas na Europa<\/span><\/a><\/span><\/span><\/span><\/p>\r\n\r\n<p style=\"text-align:justify\"><span style=\"font-size:11pt\"><span style=\"line-height:normal\"><span style=\"font-family:Calibri,sans-serif\"><a href=\"https:\/\/portalpersonalcare.com.br\/cremer-apresenta-inovacoes-para-o-canal-farma-na-conexao-farma-2025\/?utm_campaign=newsletter_26032025&amp;utm_medium=email&amp;utm_source=RD+Station\" style=\"color:blue; text-decoration:underline\"><span style=\"font-size:14.0pt\">Cremer apresenta inova&ccedil;&otilde;es para o canal Farma na Conex&atilde;o Farma 2025<\/span><\/a><\/span><\/span><\/span><\/p>\r\n\r\n<p style=\"text-align:justify\"><span style=\"font-size:11pt\"><span style=\"line-height:normal\"><span style=\"font-family:Calibri,sans-serif\"><a href=\"https:\/\/www.nonwovens-industry.com\/contents\/view_breaking-news\/2025-03-25\/freudenberg-performance-materials-appoints-cfo\/?utm_campaign=NON%20eNewsletter&amp;utm_medium=email&amp;_hsenc=p2ANqtz-8s-s8wZXQnDfGUvFx4rr45nv8MVBFUFxkh81qlmwxnQMyBkhrslY5rJyZsYDCmsktg5xQ7wkMNRshbBzQAQdbUwdF-zQ&amp;_hsmi=353893632&amp;utm_content=353893632&amp;utm_source=hs_email\" style=\"color:blue; text-decoration:underline\"><span lang=\"EN-US\" style=\"font-size:14.0pt\">Freudenberg Performance Materials Appoints CFO<\/span><\/a><\/span><\/span><\/span><\/p>\r\n\r\n<p style=\"text-align:justify\"><span style=\"font-size:11pt\"><span style=\"line-height:normal\"><span style=\"font-family:Calibri,sans-serif\"><a href=\"https:\/\/www.tradingview.com\/news\/reuters.com,2025-04-01:newsml_GNE9kHYxc:0-reg-suominen-has-published-its-annual-report-2024\/\" style=\"color:blue; text-decoration:underline\"><span lang=\"EN-US\" style=\"font-size:14.0pt\">REG-Suominen has published its Annual Report 2024<\/span><\/a><\/span><\/span><\/span><\/p>\r\n\r\n<p style=\"text-align:justify\"><span style=\"font-size:11pt\"><span style=\"line-height:normal\"><span style=\"font-family:Calibri,sans-serif\"><b><span style=\"font-size:18.0pt\"><span style=\"font-variant:small-caps\">Eventos<\/span><\/span><\/b><\/span><\/span><\/span><\/p>\r\n\r\n<p style=\"text-align:justify\"><span style=\"font-size:11pt\"><span style=\"line-height:normal\"><span style=\"font-family:Calibri,sans-serif\"><a href=\"https:\/\/www.sympla.com.br\/evento-online\/agenda-verde-fecomerciosp-os-desafios-ambientais-do-brasil-e-a-cop30\/2843674\" style=\"color:blue; text-decoration:underline\"><b><span style=\"font-size:14.0pt\">Agenda Verde FecomercioSP | Os desafios ambientais do Brasil e a COP30<\/span><\/b><\/a><span style=\"font-size:14.0pt\">, 10 de abril de 2025, 09h00 &agrave;s 12h30, evento online<\/span><\/span><\/span><\/span><\/p>\r\n\r\n<p style=\"text-align:justify\"><span style=\"font-size:11pt\"><span style=\"line-height:normal\"><span style=\"font-family:Calibri,sans-serif\"><a href=\"https:\/\/www.automecfeira.com.br\/pt-br.html\" style=\"color:blue; text-decoration:underline\"><b><span style=\"font-size:14.0pt\">Automec 2025<\/span><\/b><\/a><span style=\"font-size:14.0pt\">, 22 a 26 de abril de 2025, S&atilde;o Paulo Expo, Rodovia dos Imigrantes, Km 1,5, &Aacute;gua Funda, S&atilde;o Paulo, SP<\/span><\/span><\/span><\/span><\/p>\r\n\r\n<p style=\"text-align:justify\"><span style=\"font-size:11pt\"><span style=\"line-height:normal\"><span style=\"font-family:Calibri,sans-serif\"><a href=\"https:\/\/carreira.eseg.edu.br\/transmissao-ao-vivo-ciclo-de-palestras-marco-diogo-guillen?utm_campaign=prospeccao_on-line-_publico_externo-_banco_central&amp;utm_medium=email&amp;utm_source=RD+Station\" style=\"color:blue; text-decoration:underline\"><b><span style=\"font-size:14.0pt\">&quot;Conjuntura Econ&ocirc;mica: Evolu&ccedil;&atilde;o do Cen&aacute;rio e Proje&ccedil;&otilde;es para a Infla&ccedil;&atilde;o<\/span><\/b><span style=\"font-size:14.0pt\">&quot;<\/span><\/a><span style=\"font-size:14.0pt\">, Diego Guillen, diretor de Pol&iacute;tica Econ&ocirc;mica do Banco Central do Brasil, 31 de mar&ccedil;o de 2025, &agrave;s 19h<\/span><\/span><\/span><\/span><\/p>\r\n\r\n<p align=\"center\" style=\"text-align:center\"><span style=\"font-size:11pt\"><span style=\"line-height:normal\"><span style=\"font-family:Calibri,sans-serif\"><a href=\"https:\/\/docs.google.com\/forms\/d\/e\/1FAIpQLSfMrxxb83TM8IA9RFdNa0ACl5NtjckyztJJD155dbtEWBB5ow\/viewform\" style=\"color:blue; text-decoration:underline\"><b><span style=\"font-size:14.0pt\">Qualidade da cor para t&ecirc;xteis<\/span><\/b><\/a><\/span><\/span><\/span><\/p>\r\n\r\n<p align=\"center\" style=\"text-align:center\"><span style=\"font-size:11pt\"><span style=\"line-height:normal\"><span style=\"font-family:Calibri,sans-serif\"><span style=\"font-size:14.0pt\">26 de abril de 2025, 08h &agrave;s 12h, evento online<\/span><\/span><\/span><\/span><\/p>\r\n\r\n<p align=\"center\" style=\"text-align:center\"><span style=\"font-size:11pt\"><span style=\"line-height:normal\"><span style=\"font-family:Calibri,sans-serif\"><a href=\"https:\/\/forms.gle\/gVRanQmStqMhRKtM6\" style=\"color:blue; text-decoration:underline\"><b><span style=\"font-size:14.0pt\">ABTT Academy | Curso: Vamos falar de sa&uacute;de mental nas empresas?<\/span><\/b><\/a><\/span><\/span><\/span><\/p>\r\n\r\n<p align=\"center\" style=\"text-align:center\"><span style=\"font-size:11pt\"><span style=\"line-height:normal\"><span style=\"font-family:Calibri,sans-serif\"><span style=\"font-size:14.0pt\">17 de maio de 2025, 08h &agrave;s 12h, evento online<\/span><\/span><\/span><\/span><\/p>\r\n\r\n<p style=\"text-align:justify\"><span style=\"font-size:11pt\"><span style=\"line-height:normal\"><span style=\"font-family:Calibri,sans-serif\"><a href=\"https:\/\/www.hospitalar.com\/pt\/home.html\" style=\"color:blue; text-decoration:underline\"><b><span style=\"font-size:14.0pt\">Hospitalar 2025<\/span><\/b><\/a><span style=\"font-size:14.0pt\">, 20 a 23 de maio, 11h00 &agrave;s 20h00, S&atilde;o Paulo Expo, Rodovia dos Imigrantes, km 1,5<\/span><\/span><\/span><\/span><\/p>\r\n\r\n<p style=\"text-align:justify\"><span style=\"font-size:11pt\"><span style=\"line-height:normal\"><span style=\"font-family:Calibri,sans-serif\"><a href=\"https:\/\/ideashow.org\/\" style=\"color:blue; text-decoration:underline\"><b><span lang=\"EN-US\" style=\"font-size:14.0pt\">IDEA25<\/span><\/b><\/a><span lang=\"EN-US\" style=\"font-size:14.0pt\">, April 29-May 1, 2025, Miami Beach Convention Center, Miami Beach, Florida<\/span><\/span><\/span><\/span><\/p>\r\n\r\n<p style=\"text-align:justify\"><span style=\"font-size:11pt\"><span style=\"line-height:normal\"><span style=\"font-family:Calibri,sans-serif\"><a href=\"https:\/\/www.conbrava.com.br\/\" style=\"color:blue; text-decoration:underline\"><b><span style=\"font-size:14.0pt\">CONBRAVA 2025<\/span><\/b><\/a><span style=\"font-size:14.0pt\">, 10 a 12 de setembro de 2025, S&atilde;o Paulo Expo, Rodovia dos Imigrantes, km 1,5<\/span><\/span><\/span><\/span><\/p>\r\n\r\n<p style=\"text-align:justify\"><span style=\"font-size:11pt\"><span style=\"line-height:normal\"><span style=\"font-family:Calibri,sans-serif\"><a href=\"https:\/\/paving.com.br\/\" style=\"color:blue; text-decoration:underline\"><b><span style=\"font-size:14.0pt\">Paving Expo 2025<\/span><\/b><\/a><span style=\"font-size:14.0pt\">, 23 a 25 de setembro de 2025, Distrito Anhembi, Rua Prof. Milton Rodrigues, s\/n, Santana, S&atilde;o Paulo, SP<\/span><\/span><\/span><\/span><\/p>\r\n\r\n<p style=\"text-align:justify\"><span style=\"font-size:11pt\"><span style=\"line-height:normal\"><span style=\"font-family:Calibri,sans-serif\"><b><span style=\"font-size:14.0pt\">17&ordm; Congresso Brasileiro de Enfermagem em Centro Cir&uacute;rgico: &ldquo;O poder de cuidar&rdquo;<\/span><\/b><span style=\"font-size:14.0pt\">, 01 a 03 de outubro de 2025, Transamerica Expo Center, S&atilde;o Paulo, SP<\/span><\/span><\/span><\/span><\/p>\r\n\r\n<p style=\"text-align:justify\"><span style=\"font-size:11pt\"><span style=\"line-height:normal\"><span style=\"font-family:Calibri,sans-serif\"><a href=\"https:\/\/www.abrafiltros.org.br\/3o-seminario-brasileiro-de-filtros-acontecera-no-dia-08-de-outubro\/\" style=\"color:blue; text-decoration:underline\"><b><span style=\"font-size:14.0pt\">3&ordm; Semin&aacute;rio Brasileiro de Filtros<\/span><\/b><\/a><span style=\"font-size:14.0pt\">, 08 de outubro de 2025, evento presencial<\/span><\/span><\/span><\/span><\/p>\r\n\r\n<p style=\"text-align:justify\"><span style=\"font-size:11pt\"><span style=\"line-height:normal\"><span style=\"font-family:Calibri,sans-serif\"><a href=\"https:\/\/hospitalmed.com.br\/feira\/\" style=\"color:blue; text-decoration:underline\"><b><span style=\"font-size:14.0pt\">HospitalMed 2025<\/span><\/b><\/a><span style=\"font-size:14.0pt\">, 22 a 24 de outubro, Pernambuco Centro de Conven&ccedil;&otilde;es, Olinda<\/span><\/span><\/span><\/span><\/p>\r\n\r\n<p style=\"text-align:justify\"><span style=\"font-size:28pt\"><span style=\"font-family:Cambria,serif\"><span style=\"letter-spacing:-0.5pt\"><b><span lang=\"EN-US\" style=\"font-size:18.0pt\"><span calibri=\"\" style=\"font-family:\"><span style=\"font-variant:small-caps\">Setor<\/span><\/span><\/span><\/b><\/span><\/span><\/span><\/p>\r\n\r\n<p style=\"text-align:justify\"><span style=\"font-size:11pt\"><span style=\"line-height:normal\"><span style=\"font-family:Calibri,sans-serif\"><a href=\"https:\/\/www.indiantextilemagazine.in\/european-nonwovens-production-increased-by-2-6-in-2024-edana-report\/\" style=\"color:blue; text-decoration:underline\"><span lang=\"ES-AR\" style=\"font-size:14.0pt\">European Nonwovens Production Increased by 2.6% in 2024 &ndash; EDANA Report<\/span><\/a><\/span><\/span><\/span><\/p>\r\n\r\n<p style=\"text-align:justify\"><span style=\"font-size:11pt\"><span style=\"line-height:normal\"><span style=\"font-family:Calibri,sans-serif\"><a href=\"https:\/\/www.innovationintextiles.com\/nonwovens\/healthy-growth-predicted-for-nonwoven-filter-media\/\" style=\"color:blue; text-decoration:underline\"><span lang=\"ES-AR\" style=\"font-size:14.0pt\">Healthy growth predicted for nonwoven filter media<\/span><\/a><\/span><\/span><\/span><\/p>\r\n\r\n<p style=\"text-align:justify\"><span style=\"font-size:11pt\"><span style=\"line-height:normal\"><span style=\"font-family:Calibri,sans-serif\"><a href=\"https:\/\/www.fibre2fashion.com\/news\/technical-textiles\/nonwovens-industry-warns-of-risks-in-eu-us-trade-tensions-301509-newsdetails.htm\" style=\"color:blue; text-decoration:underline\"><span lang=\"ES-AR\" style=\"font-size:14.0pt\">Nonwovens industry warns of risks in EU-US trade tensions<\/span><\/a><\/span><\/span><\/span><\/p>\r\n\r\n<p style=\"text-align:justify\"><span style=\"font-size:11pt\"><span style=\"line-height:normal\"><span style=\"font-family:Calibri,sans-serif\"><a href=\"https:\/\/www.em.com.br\/mundo-corporativo\/2025\/03\/7095130-abrafiltros-encerra-2024-com-mais-de-44-milhoes-de-filtros-automotivos-reciclados.html\" style=\"color:blue; text-decoration:underline\"><span style=\"font-size:14.0pt\">Abrafiltros encerra 2024 com mais de 44 milh&otilde;es de filtros automotivos reciclados<\/span><\/a><\/span><\/span><\/span><\/p>\r\n\r\n<p style=\"text-align:justify\"><span style=\"font-size:11pt\"><span style=\"line-height:normal\"><span style=\"font-family:Calibri,sans-serif\"><a href=\"https:\/\/www.automecfeira.com.br\/pt-br\/blog\/mercado\/o-mercado-de-filtros-automotivos-em-2025.html?utm_source=sfmc&amp;utm_medium=email&amp;utm_campaign=Automec250227a_PADRAO_VIS_Newsletter\" style=\"color:blue; text-decoration:underline\"><span style=\"font-size:14.0pt\">O mercado de filtros automotivos em 2025<\/span><\/a><\/span><\/span><\/span><\/p>\r\n\r\n<p style=\"text-align:justify\"><span style=\"font-size:11pt\"><span style=\"line-height:normal\"><span style=\"font-family:Calibri,sans-serif\"><a href=\"https:\/\/portalpersonalcare.com.br\/mato-grosso-do-sul-avanca-na-producao-de-absorventes-em-presidios-e-amplia-inclusao-social\/?utm_campaign=newsletter_26032025&amp;utm_medium=email&amp;utm_source=RD+Station\" style=\"color:blue; text-decoration:underline\"><span style=\"font-size:14.0pt\">Mato Grosso do Sul avan&ccedil;a na produ&ccedil;&atilde;o de absorventes em pres&iacute;dios e amplia inclus&atilde;o social<\/span><\/a><\/span><\/span><\/span><\/p>\r\n\r\n<p style=\"text-align:justify\"><span style=\"font-size:28pt\"><span style=\"font-family:Cambria,serif\"><span style=\"letter-spacing:-0.5pt\"><b><span style=\"font-size:18.0pt\"><span calibri=\"\" style=\"font-family:\"><span style=\"font-variant:small-caps\">Ind&uacute;stria<\/span><\/span><\/span><\/b><\/span><\/span><\/span><\/p>\r\n\r\n<p style=\"text-align:justify\"><span style=\"font-size:11pt\"><span style=\"line-height:normal\"><span style=\"font-family:Calibri,sans-serif\"><a href=\"https:\/\/noticias.portaldaindustria.com.br\/noticias\/economia\/confianca-cai-em-19-setores-industriais-revela-cni\/\" style=\"color:blue; text-decoration:underline\"><span style=\"font-size:14.0pt\">Confian&ccedil;a cai em 19 setores industriais, revela CNI<\/span><\/a><\/span><\/span><\/span><\/p>\r\n\r\n<p style=\"text-align:justify\"><span style=\"font-size:11pt\"><span style=\"line-height:normal\"><span style=\"font-family:Calibri,sans-serif\"><a href=\"https:\/\/noticias.portaldaindustria.com.br\/noticias\/economia\/empresarios-da-construcao-seguem-pessimistas-pelo-terceiro-mes-consecutivo-revela-cni\/\" style=\"color:blue; text-decoration:underline\"><span style=\"font-size:14.0pt\">Empres&aacute;rios da constru&ccedil;&atilde;o seguem pessimistas pelo terceiro m&ecirc;s consecutivo, revela CNI<\/span><\/a><\/span><\/span><\/span><\/p>\r\n\r\n<p style=\"text-align:justify\"><span style=\"font-size:11pt\"><span style=\"line-height:normal\"><span style=\"font-family:Calibri,sans-serif\"><a href=\"https:\/\/grandesconstrucoes.com.br\/Noticias\/Exibir\/aumento-da-selic-deve-impactar-o-desempenho-da-construcao-civil?utm_source=akna&amp;utm_medium=email&amp;utm_campaign=Grandes-Construcoes-Informativo-955-27-03-2025\" style=\"color:blue; text-decoration:underline\"><span style=\"font-size:14.0pt\">Aumento da Selic deve impactar o desempenho da constru&ccedil;&atilde;o civil<\/span><\/a><\/span><\/span><\/span><\/p>\r\n\r\n<p style=\"text-align:justify\"><span style=\"font-size:11pt\"><span style=\"line-height:normal\"><span style=\"font-family:Calibri,sans-serif\"><a href=\"https:\/\/grandesconstrucoes.com.br\/Noticias\/Exibir\/o-que-esperar-da-construcao-civil-em-2025?utm_source=akna&amp;utm_medium=email&amp;utm_campaign=Grandes-Construcoes-Informativo-955-27-03-2025\" style=\"color:blue; text-decoration:underline\"><span style=\"font-size:14.0pt\">O que esperar da Constru&ccedil;&atilde;o Civil em 2025<\/span><\/a><\/span><\/span><\/span><\/p>\r\n\r\n<p style=\"text-align:justify\"><span style=\"font-size:11pt\"><span style=\"line-height:normal\"><span style=\"font-family:Calibri,sans-serif\"><a href=\"https:\/\/www.plastico.com.br\/industria-do-plastico-expectativas-sao-otimistas-para-2025\/?utm_campaign=newsletter_plastico_marco_2025&amp;utm_medium=email&amp;utm_source=RD+Station\" style=\"color:blue; text-decoration:underline\"><span style=\"font-size:14.0pt\">Ind&uacute;stria do Pl&aacute;stico: Expectativas s&atilde;o otimistas para 2025<\/span><\/a><\/span><\/span><\/span><\/p>\r\n\r\n<p style=\"text-align:justify\"><span style=\"font-size:11pt\"><span style=\"line-height:normal\"><span style=\"font-family:Calibri,sans-serif\"><a href=\"https:\/\/tribunademinas.com.br\/colunas\/maistendencias\/governo-planeja-realizar-82-leiloes-de-empreendimentos-incluidos-no-ppi\/?utm_campaign=base_toda_newsletter_kartado_mar2025&amp;utm_medium=email&amp;utm_source=RD+Station\" style=\"color:blue; text-decoration:underline\"><span style=\"font-size:14.0pt\">Governo planeja realizar 82 leil&otilde;es de empreendimentos inclu&iacute;dos no PPI<\/span><\/a><\/span><\/span><\/span><\/p>\r\n\r\n<p style=\"text-align:justify\"><span style=\"font-size:28pt\"><span style=\"font-family:Cambria,serif\"><span style=\"letter-spacing:-0.5pt\"><b><span lang=\"EN-US\" style=\"font-size:18.0pt\"><span calibri=\"\" style=\"font-family:\"><span style=\"font-variant:small-caps\">Sustentabilidade<\/span><\/span><\/span><\/b><\/span><\/span><\/span><\/p>\r\n\r\n<p style=\"text-align:justify\"><span style=\"font-size:11pt\"><span style=\"line-height:normal\"><span style=\"font-family:Calibri,sans-serif\"><a href=\"https:\/\/www.plasticsnews.com\/news\/european-recycling-operations-face-crisis-plants-close?utm_source=Sailthru&amp;utm_medium=email&amp;utm_campaign=Newsletter-KPreShow2025Newsletter-20250326\" style=\"color:blue; text-decoration:underline\"><span lang=\"EN-US\" style=\"font-size:14.0pt\">Recycling industry faces crisis as plant closures accelerate across Europe<\/span><\/a><\/span><\/span><\/span><\/p>\r\n\r\n<p style=\"text-align:justify\"><span style=\"font-size:11pt\"><span style=\"line-height:normal\"><span style=\"font-family:Calibri,sans-serif\"><a href=\"https:\/\/portalpersonalcare.com.br\/drylock-technologies-expande-iniciativa-sustentavel-com-crescimento-da-floresta-drylock\/?utm_campaign=newsletter_26032025&amp;utm_medium=email&amp;utm_source=RD+Station\" style=\"color:blue; text-decoration:underline\"><span style=\"font-size:14.0pt\">Drylock Technologies expande iniciativa sustent&aacute;vel com crescimento da Floresta Drylock<\/span><\/a><\/span><\/span><\/span><\/p>\r\n\r\n<p style=\"text-align:justify\"><span style=\"font-size:28pt\"><span style=\"font-family:Cambria,serif\"><span style=\"letter-spacing:-0.5pt\"><b><span style=\"font-size:18.0pt\"><span calibri=\"\" style=\"font-family:\"><span style=\"font-variant:small-caps\">Inova&ccedil;&atilde;o<\/span><\/span><\/span><\/b><\/span><\/span><\/span><\/p>\r\n\r\n<p style=\"text-align:justify\"><span style=\"font-size:11pt\"><span style=\"line-height:normal\"><span style=\"font-family:Calibri,sans-serif\"><a href=\"https:\/\/oantagonista.com.br\/mundo\/cientistas-produzem-plastico-que-se-dissolve-entenda\/\" style=\"color:blue; text-decoration:underline\"><span style=\"font-size:14.0pt\">Cientistas produzem pl&aacute;stico que se dissolve, entenda<\/span><\/a><\/span><\/span><\/span><\/p>\r\n\r\n<p style=\"text-align:justify\"><span style=\"font-size:28pt\"><span style=\"font-family:Cambria,serif\"><span style=\"letter-spacing:-0.5pt\"><b><span lang=\"EN-US\" style=\"font-size:18.0pt\"><span calibri=\"\" style=\"font-family:\"><span style=\"font-variant:small-caps\">Com&eacute;rcio Exterior<\/span><\/span><\/span><\/b><\/span><\/span><\/span><\/p>\r\n\r\n<p style=\"text-align:justify\"><span style=\"font-size:11pt\"><span style=\"line-height:normal\"><span style=\"font-family:Calibri,sans-serif\"><a href=\"https:\/\/www.nonwovens-industry.com\/contents\/view_breaking-news\/2025-03-24\/inda-issues-statement-on-potential-tariffs\/?utm_campaign=NON%20eNewsletter&amp;utm_medium=email&amp;_hsenc=p2ANqtz--k2aFj_PQD-IH9TIGO10t6irxIO_NBH0K39Il6ZiH-kQKV5pSAnevYKeK1iFcKbEAVW4Msxgnr3tNoIiLgTMT7auR_Ng&amp;_hsmi=353893632&amp;utm_content=353893632&amp;utm_source=hs_email\" style=\"color:blue; text-decoration:underline\"><span lang=\"ES-AR\" style=\"font-size:14.0pt\">INDA Issues Statement on Potential Tariffs<\/span><\/a><\/span><\/span><\/span><\/p>\r\n\r\n<p style=\"text-align:justify\"><span style=\"font-size:11pt\"><span style=\"line-height:normal\"><span style=\"font-family:Calibri,sans-serif\"><a href=\"https:\/\/www.nonwovens-industry.com\/contents\/view_breaking-news\/2025-03-21\/edana-statement-on-potential-eu-countermeasures-to-us-tariffs\/?utm_campaign=NON%20eNewsletter&amp;utm_medium=email&amp;_hsenc=p2ANqtz--azq8y7Dki3V_NmblofWYoaekmBmNpsr0iGvY1JB0w-IoHHdS1Qh92yDFSiBqgU2TvyuX0XIVHZCFXaQgAEUN0omQgDg&amp;_hsmi=353893632&amp;utm_content=353893632&amp;utm_source=hs_email\" style=\"color:blue; text-decoration:underline\"><span lang=\"ES-AR\" style=\"font-size:14.0pt\">EDANA Statement on Potential EU Countermeasures to U.S. Tariffs<\/span><\/a><\/span><\/span><\/span><\/p>\r\n\r\n<p style=\"text-align:justify\"><span style=\"font-size:11pt\"><span style=\"line-height:normal\"><span style=\"font-family:Calibri,sans-serif\"><a href=\"https:\/\/apexbrasil.com.br\/content\/apexbrasil\/br\/pt\/solucoes\/inteligencia\/estudos-e-publicacoes\/perfil-de-comercio-e-investimentos\/perfil-de-comercio-e-investimentos---uniao-europeia---2025.html\" style=\"color:blue; text-decoration:underline\"><span style=\"font-size:14.0pt\">Acesse o novo Perfil de Com&eacute;rcio e Investimento: Uni&atilde;o Europeia<\/span><\/a><\/span><\/span><\/span><\/p>\r\n\r\n<p style=\"text-align:justify\"><span style=\"font-size:28pt\"><span style=\"font-family:Cambria,serif\"><span style=\"letter-spacing:-0.5pt\"><b><span style=\"font-size:18.0pt\"><span calibri=\"\" style=\"font-family:\"><span style=\"font-variant:small-caps\">Economia<\/span><\/span><\/span><\/b><\/span><\/span><\/span><\/p>\r\n\r\n<p style=\"text-align:justify\"><span style=\"font-size:11pt\"><span style=\"line-height:normal\"><span style=\"font-family:Calibri,sans-serif\"><a href=\"https:\/\/www.bcb.gov.br\/content\/focus\/focus\/R20250328.pdf\" style=\"color:blue; text-decoration:underline\"><span style=\"font-size:14.0pt\">Focus - Relat&oacute;rio de Mercado<\/span><\/a><\/span><\/span><\/span><\/p>\r\n\r\n<p style=\"text-align:justify\"><span style=\"font-size:11pt\"><span style=\"line-height:normal\"><span style=\"font-family:Calibri,sans-serif\"><a href=\"https:\/\/www.itatiaia.com.br\/economia\/2025\/03\/27\/banco-central-reduz-projecao-de-crescimento-do-pib-para-2025\" style=\"color:blue; text-decoration:underline\"><span style=\"font-size:14.0pt\">Banco Central reduz proje&ccedil;&atilde;o de crescimento do PIB para 2025<\/span><\/a><\/span><\/span><\/span><\/p>\r\n\r\n<p style=\"text-align:justify\"><span style=\"font-size:11pt\"><span style=\"line-height:normal\"><span style=\"font-family:Calibri,sans-serif\"><a href=\"https:\/\/mercadoeconsumo.com.br\/25\/03\/2025\/artigos\/uma-reforma-tributaria-pratica-justa-e-eficiente-deve-mudar-o-pais\/?utm_campaign=news_geral_-_2503&amp;utm_medium=email&amp;utm_source=RD+Station\" style=\"color:blue; text-decoration:underline\"><span style=\"font-size:14.0pt\">Uma reforma tribut&aacute;ria pr&aacute;tica, justa e eficiente deve mudar o Pa&iacute;s<\/span><\/a><\/span><\/span><\/span><\/p>\r\n\r\n<p><img src=\"https:\/\/www.abint.org.br\/assets\/img\/editor\/redes-sociais-abint-ctg-cth_20250402170836VbcL0yV6qu.jpg\" \/><\/p>\r\n","texto_en":"","7":"","imagem":"COMP_capa-2025-site-boletim-abint-noticias-semanis_20250402170654iCfLDYa1Qw.jpg","8":"COMP_capa-2025-site-boletim-abint-noticias-semanis_20250402170654iCfLDYa1Qw.jpg","arquivo":"20250402-BOLETIM-ABINT-DE-NOTICIAS-SEMANAIS.PDF","9":"20250402-BOLETIM-ABINT-DE-NOTICIAS-SEMANAIS.PDF","titulo_arquivo":"20250402 Boletim ABINT de Not\u00edcias Semanais","10":"20250402 Boletim ABINT de Not\u00edcias Semanais","titulo_arquivo_en":"","11":"","created_at":"2025-04-02 17:07:03","12":"2025-04-02 17:07:03","updated_at":"2025-04-02 17:08:40","13":"2025-04-02 17:08:40"},{"id":163,"0":163,"ordem":59,"1":59,"data":"2025-03-25","2":"2025-03-25","slug":"boletim-abint-de-noticias-semanais-69","3":"boletim-abint-de-noticias-semanais-69","titulo":"Boletim ABINT de Not\u00edcias Semanais","4":"Boletim ABINT de Not\u00edcias Semanais","titulo_en":".","5":".","texto":"<p style=\"text-align:justify\"><span style=\"font-size:11pt\"><span style=\"line-height:normal\"><span style=\"font-family:Calibri,sans-serif\"><span style=\"font-size:14.0pt\">Esta &eacute; uma compila&ccedil;&atilde;o das not&iacute;cias mais relevantes para o setor, incluindo informa&ccedil;&otilde;es sobre acordos internacionais, economia brasileira, sustentabilidade e mat&eacute;rias primas, al&eacute;m de novidades do setor de N&atilde;otecidos e Tecidos T&eacute;cnicos.<\/span><\/span><\/span><\/span><\/p>\r\n\r\n<p style=\"text-align:justify\"><b><span style=\"font-size:18.0pt\"><span style=\"line-height:115%\"><span calibri=\"\" style=\"font-family:\"><span style=\"font-variant:small-caps\">A&ccedil;&otilde;es realizadas<\/span><\/span><\/span><\/span><\/b><\/p>\r\n\r\n<p style=\"text-align:justify\"><b><span style=\"font-size:18.0pt\"><span style=\"line-height:115%\"><span calibri=\"\" style=\"font-family:\"><span style=\"font-variant:small-caps\"><img src=\"https:\/\/www.abint.org.br\/assets\/img\/editor\/abint-logo-2020-g_20250402161725k5L3RHSY1x.png\" style=\"width: 300px; height: 69px;\" \/><\/span><\/span><\/span><\/span><\/b><\/p>\r\n\r\n<p style=\"text-align:justify\"><span style=\"font-size:11pt\"><span style=\"line-height:normal\"><span style=\"font-family:Calibri,sans-serif\"><span style=\"font-size:14.0pt\">Durante a abertura oficial Solenidade de Abertura da 48&ordf; FIMEC &ndash; Feira Internacional de Couros, Produtos Qu&iacute;micos, Componentes, M&aacute;quinas e Equipamentos para Cal&ccedil;ados e Curtumes, ocorrida em 18 de mar&ccedil;o, a ABINT marcou presen&ccedil;a com sua diretora, Sra. Nivea Furlan, da associada Fibertex.<\/span><\/span><\/span><\/span><\/p>\r\n\r\n<p style=\"text-align:justify\"><img src=\"https:\/\/www.abint.org.br\/assets\/img\/editor\/fimec_20250402161937NtAsbJt2pw.png\" \/><\/p>\r\n\r\n<p style=\"text-align:justify\">&nbsp;<\/p>\r\n\r\n<p style=\"text-align:justify\"><img src=\"https:\/\/www.abint.org.br\/assets\/img\/editor\/logo-ctg-abint-png_202504021620509fnuQGGcgp.png\" style=\"width: 300px; height: 55px;\" \/><\/p>\r\n\r\n<p style=\"text-align:justify\"><span style=\"font-size:11pt\"><span style=\"line-height:normal\"><span style=\"font-family:Calibri,sans-serif\"><span style=\"font-size:14.0pt\">Nos dias 18, 19 e 20 de mar&ccedil;o o CTG ABINT realizou, pelo terceiro ano consecutivo, o Curso Brasileiro de Instala&ccedil;&atilde;o de Geomembranas &ldquo;Paulo Kenji A&ccedil;akura&rdquo;, que contou com 68 participantes, com grande ades&atilde;o dos profissionais soldadores, o que proporcionou aulas pr&aacute;ticas e te&oacute;ricas bastante din&acirc;micas e interativas.<\/span><\/span><\/span><\/span><\/p>\r\n\r\n<p style=\"text-align:justify\"><span style=\"font-size:11pt\"><span style=\"line-height:normal\"><span style=\"font-family:Calibri,sans-serif\"><span style=\"font-size:14.0pt\"><img src=\"https:\/\/www.abint.org.br\/assets\/img\/editor\/ctg1_20250402162153PPMs498XIm.png\" \/><\/span><\/span><\/span><\/span><\/p>\r\n\r\n<p style=\"text-align:justify\"><span style=\"font-size:11pt\"><span style=\"line-height:normal\"><span style=\"font-family:Calibri,sans-serif\"><span style=\"font-size:14.0pt\"><img src=\"https:\/\/www.abint.org.br\/assets\/img\/editor\/ctg2_20250402162633SwCe77yRgk.png\" \/><\/span><\/span><\/span><\/span><\/p>\r\n\r\n<p style=\"text-align:justify\"><span style=\"font-size:11pt\"><span style=\"line-height:normal\"><span style=\"font-family:Calibri,sans-serif\"><span style=\"font-size:14.0pt\"><img src=\"https:\/\/www.abint.org.br\/assets\/img\/editor\/ctg3_20250402162649MQnEbcnp4G.png\" \/><\/span><\/span><\/span><\/span><\/p>\r\n\r\n<p style=\"text-align:justify\"><span style=\"font-size:11pt\"><span style=\"line-height:normal\"><span style=\"font-family:Calibri,sans-serif\"><span style=\"font-size:14.0pt\"><img src=\"https:\/\/www.abint.org.br\/assets\/img\/editor\/ctg4_20250402162710VFMXCP2oJ5.png\" \/><\/span><\/span><\/span><\/span><\/p>\r\n\r\n<p style=\"text-align:justify\"><span style=\"font-size:11pt\"><span style=\"line-height:normal\"><span style=\"font-family:Calibri,sans-serif\"><span style=\"font-size:14.0pt\">Ao final do Curso, os sorteados no Instagram CTG ABINT e o vencedor do quis receberam exemplares do Manual Brasileiro de Geossint&eacute;ticos &ndash; MBG.<\/span><\/span><\/span><\/span><\/p>\r\n\r\n<p style=\"text-align:justify\"><br \/>\r\n<img src=\"https:\/\/www.abint.org.br\/assets\/img\/editor\/ctg5_20250402163135XxZ44sDucm.png\" \/><\/p>\r\n\r\n<p class=\"MsoTitle\" style=\"text-align:justify\"><span style=\"font-size:28pt\"><span style=\"font-family:Cambria,serif\"><span style=\"letter-spacing:-0.5pt\"><b><span style=\"font-size:18.0pt\"><span calibri=\"\" style=\"font-family:\"><span style=\"font-variant:small-caps\">O que vem por a&iacute;<\/span><\/span><\/span><\/b><\/span><\/span><\/span><\/p>\r\n\r\n<p><img src=\"https:\/\/www.abint.org.br\/assets\/img\/editor\/logo-ctg-abint-png_202502051355479yWykO7ojh.png\" style=\"width: 300px; height: 55px;\" \/><\/p>\r\n\r\n<p>&nbsp;<\/p>\r\n\r\n<p><img src=\"https:\/\/www.abint.org.br\/assets\/img\/editor\/e-mail-post-premio-tcc-icc-2024-2025_20250205143024je0yZgOKML.png\" style=\"width: 500px; height: 500px;\" \/><\/p>\r\n\r\n<p><a href=\"https:\/\/geossinteticos.org.br\/premiotccic\">Inscreva seu trabalho<\/a><\/p>\r\n\r\n<p class=\"MsoTitle\" style=\"text-align:justify\"><span style=\"font-size:28pt\"><span style=\"font-family:Cambria,serif\"><span style=\"letter-spacing:-0.5pt\"><b><span style=\"font-size:18.0pt\"><span calibri=\"\" style=\"font-family:\"><span style=\"font-variant:small-caps\">Not&iacute;cias das Associadas<\/span><\/span><\/span><\/b><\/span><\/span><\/span><\/p>\r\n\r\n<p style=\"text-align:justify\"><span style=\"font-size:11pt\"><span style=\"line-height:normal\"><span style=\"font-family:Calibri,sans-serif\"><a href=\"https:\/\/r.mail.fibretofashion.com\/tr\/cl\/g37orFtF_cdERvstlRldwUR1JDnZCZ282fRdx8zdHNBZG6tPhGadkwfCgO6IsAxqYxBjMNQ0UOdlUrs8JCbPUoWh7RJ-7a0OPtPhtXW4uir3KCqFXEjuPTT4tPv5lOdSKq74fLRpTBmtzRpyFZMQRZZMOOPLsEMJEXn_1UP2uRvmPnqoMqkcX3M0ZT9Ou0skVQU9UYr-H2D7kK7b_jsJCnzD0-3JSKU0uXkGT3MEmb08FmwOeYwwjJ3ETGhE2k3g0yGeEQe2t0JbeBHUa3r5f3VKn0oo2ARMmj0UKqDcYpJctxSq5_GBvNmbyk3wLJ1rEM3WwKz0agpwaJcAklfPjRJbRhF4Qm8UNl30o38OMH_ZD-GilNIKyVEZ2lIPpPk0RN8EmOV1BIxsYzVwuwsZ_lP6bQQOtBOroPD84IcKDnAuMRpUQZT_\" style=\"color:blue; text-decoration:underline\" target=\"_blank\"><span lang=\"ES-AR\" style=\"font-size:14.0pt\">Andritz &amp; Carolina Nonwovens launch first US next-gen airlay system<\/span><\/a><\/span><\/span><\/span><\/p>\r\n\r\n<p style=\"text-align:justify\"><span style=\"font-size:11pt\"><span style=\"line-height:normal\"><span style=\"font-family:Calibri,sans-serif\"><a href=\"https:\/\/r.mail.fibretofashion.com\/tr\/cl\/-95OUN3eS0V7B5Fh5IR18RQIiM-QaImmlBPiYdf6FyNxKvKkRnQ_RSCuzOWtx_qDdVyFw_fTil1cX2WaozzEInRjxg64oNMk2AHM_pkiiyqDge9_rgb-Xy3vg_8gboOBTue7fVluLKybnlFeEyAEQyW1ZVPliz5ira59EE3rkE_sJgm1uBEwSsew7DbmRAj6CcrUjl2OCyJNbyXhQxhNXiLJU3eiKciyOWNQwEoAnZ-JVfivTczqsXNVMGjPtIoxqI-J_m5WQZCarMqlKpGStLqf31JFWuR8zwstBUJKIb0FMQQ88CahavU8Tthg6p7le51CKCzGHMKPuM0hui1q7F3W4xaVFUno0v5MQUsf3oZsSNjSFtiie6vXlXfifJVQLeLD2jtWlrbgzJG4tqK3a6U5CpTOaKLtQmQ9fubAvQsKULU\" style=\"color:blue; text-decoration:underline\" target=\"_blank\"><span lang=\"EN-US\" style=\"font-size:14.0pt\">Austria&rsquo;s Andritz eyes growth in 2025 with ~$9 bn revenue boost<\/span><\/a><\/span><\/span><\/span><\/p>\r\n\r\n<p style=\"text-align:justify\"><span style=\"font-size:11pt\"><span style=\"line-height:normal\"><span style=\"font-family:Calibri,sans-serif\"><a href=\"https:\/\/tissueonline.com.br\/ciberseguranca-andritz-vende-a-otorio-e-firma-parceria-estrategica-com-a-armis\/?utm_campaign=nova_newsletter_210325&amp;utm_medium=email&amp;utm_source=RD+Station\" style=\"color:blue; text-decoration:underline\"><span style=\"font-size:14.0pt\">Ciberseguran&ccedil;a: ANDRITZ vende a OTORIO e firma parceria estrat&eacute;gica com a Armis<\/span><\/a><\/span><\/span><\/span><\/p>\r\n\r\n<p style=\"text-align:justify\"><span style=\"font-size:11pt\"><span style=\"line-height:normal\"><span style=\"font-family:Calibri,sans-serif\"><a href=\"https:\/\/www.nonwovens-industry.com\/contents\/view_breaking-news\/2025-03-20\/trutzschler-nonwovens-introduces-x-series-nonwoven-cards\/\" style=\"color:blue; text-decoration:underline\"><span lang=\"ES-AR\" style=\"font-size:14.0pt\">Tr&uuml;tzschler Nonwovens Introduces X-Series Nonwoven Cards<\/span><\/a><\/span><\/span><\/span><\/p>\r\n\r\n<p style=\"text-align:justify\"><span style=\"font-size:11pt\"><span style=\"line-height:normal\"><span style=\"font-family:Calibri,sans-serif\"><b><span style=\"font-size:18.0pt\"><span style=\"font-variant:small-caps\">Eventos<\/span><\/span><\/b><\/span><\/span><\/span><\/p>\r\n\r\n<p style=\"text-align:justify\"><span style=\"font-size:11pt\"><span style=\"line-height:normal\"><span style=\"font-family:Calibri,sans-serif\"><a href=\"https:\/\/www.plasticobrasil.com.br\/pt\/home.html\" style=\"color:blue; text-decoration:underline\"><b><span style=\"font-size:14.0pt\">Pl&aacute;stico Brasil<\/span><\/b><\/a><span style=\"font-size:14.0pt\">, de 24 a 28 de mar&ccedil;o de 2025, 10h &agrave;s 19h, S&atilde;o Paulo Expo, Rodovia dos Imigrantes, km 1,5<\/span><\/span><\/span><\/span><\/p>\r\n\r\n<p align=\"center\" style=\"text-align:center\"><span style=\"font-size:11pt\"><span style=\"line-height:normal\"><span style=\"font-family:Calibri,sans-serif\"><a href=\"https:\/\/reformatributaria.fiesp.com.br\/evento\/\" style=\"color:blue; text-decoration:underline\"><b><span style=\"font-size:14.0pt\">FIESP | Reforma Tribut&aacute;ria: como ela pode impactar seu neg&oacute;cio?<\/span><\/b><\/a><\/span><\/span><\/span><\/p>\r\n\r\n<p align=\"center\" style=\"text-align:center\"><span style=\"font-size:11pt\"><span style=\"line-height:normal\"><span style=\"font-family:Calibri,sans-serif\"><span style=\"font-size:14.0pt\">25 de mar&ccedil;o de 2025, 08h &agrave; 16h, Av. Paulista 1313<\/span><\/span><\/span><\/span><\/p>\r\n\r\n<p style=\"text-align:justify\"><span style=\"font-size:11pt\"><span style=\"line-height:normal\"><span style=\"font-family:Calibri,sans-serif\"><a href=\"https:\/\/docs.google.com\/forms\/d\/e\/1FAIpQLSfAInjl19BmITDFg1q0rJaNbR3k4RZUZTxy6oPBUIHpyu8AQg\/viewform\" style=\"color:blue; text-decoration:underline\"><b><span style=\"font-size:14.0pt\">Webinar Abrac | Internaliza&ccedil;&atilde;o da norma ISO 7101:2023 &ndash; Lan&ccedil;amento ABNT e aprova&ccedil;&atilde;o do escopo pela Cgcre do Inmetro<\/span><\/b><\/a><span style=\"font-size:14.0pt\">, 26 de mar&ccedil;o de 2025, &agrave;s 16h, evento pela Plataforma Zoom<\/span><\/span><\/span><\/span><\/p>\r\n\r\n<p align=\"center\" style=\"text-align:center\"><span style=\"font-size:11pt\"><span style=\"line-height:normal\"><span style=\"font-family:Calibri,sans-serif\"><b><span style=\"font-size:14.0pt\"><a href=\"https:\/\/docs.google.com\/forms\/d\/e\/1FAIpQLSe8n6fJqntSs3elWsTM_2VSk89rkU_dYp3U2O27WAzVnL_J8Q\/viewform\" style=\"color:blue; text-decoration:underline\">ABTT Academy | Bases t&eacute;cnicas para montagem de um laborat&oacute;rio<\/a><\/span><\/b><\/span><\/span><\/span><\/p>\r\n\r\n<p align=\"center\" style=\"text-align:center\"><span style=\"font-size:11pt\"><span style=\"line-height:normal\"><span style=\"font-family:Calibri,sans-serif\"><span class=\"MsoHyperlink\" style=\"color:blue\"><span style=\"text-decoration:underline\"><b><span style=\"font-size:14.0pt\"><a href=\"https:\/\/docs.google.com\/forms\/d\/e\/1FAIpQLSe8n6fJqntSs3elWsTM_2VSk89rkU_dYp3U2O27WAzVnL_J8Q\/viewform\" style=\"color:blue; text-decoration:underline\">de controle de qualidade na ind&uacute;stria de t&ecirc;xtil e de confec&ccedil;&atilde;o<\/a><\/span><\/b><\/span><\/span><\/span><\/span><\/span><\/p>\r\n\r\n<p align=\"center\" style=\"text-align:center\"><span style=\"font-size:11pt\"><span style=\"line-height:normal\"><span style=\"font-family:Calibri,sans-serif\"><span style=\"font-size:14.0pt\">29 de mar&ccedil;o de 2025, 08h &agrave;s 12h, evento online<\/span><\/span><\/span><\/span><\/p>\r\n\r\n<p style=\"text-align:justify\"><span style=\"font-size:11pt\"><span style=\"line-height:normal\"><span style=\"font-family:Calibri,sans-serif\"><a href=\"https:\/\/www.sympla.com.br\/evento-online\/agenda-verde-fecomerciosp-os-desafios-ambientais-do-brasil-e-a-cop30\/2843674\" style=\"color:blue; text-decoration:underline\"><b><span style=\"font-size:14.0pt\">Agenda Verde FecomercioSP | Os desafios ambientais do Brasil e a COP30<\/span><\/b><\/a><span style=\"font-size:14.0pt\">, 10 de abril de 2025, 09h00 &agrave;s 12h30, evento online<\/span><\/span><\/span><\/span><\/p>\r\n\r\n<p style=\"text-align:justify\"><span style=\"font-size:11pt\"><span style=\"line-height:normal\"><span style=\"font-family:Calibri,sans-serif\"><a href=\"https:\/\/www.automecfeira.com.br\/pt-br.html\" style=\"color:blue; text-decoration:underline\"><b><span style=\"font-size:14.0pt\">Automec 2025<\/span><\/b><\/a><span style=\"font-size:14.0pt\">, 22 a 26 de abril de 2025, S&atilde;o Paulo Expo, Rodovia dos Imigrantes, Km 1,5, &Aacute;gua Funda, S&atilde;o Paulo, SP<\/span><\/span><\/span><\/span><\/p>\r\n\r\n<p style=\"text-align:justify\"><span style=\"font-size:11pt\"><span style=\"line-height:normal\"><span style=\"font-family:Calibri,sans-serif\"><a href=\"https:\/\/carreira.eseg.edu.br\/transmissao-ao-vivo-ciclo-de-palestras-marco-diogo-guillen?utm_campaign=prospeccao_on-line-_publico_externo-_banco_central&amp;utm_medium=email&amp;utm_source=RD+Station\" style=\"color:blue; text-decoration:underline\"><b><span style=\"font-size:14.0pt\">&quot;Conjuntura Econ&ocirc;mica: Evolu&ccedil;&atilde;o do Cen&aacute;rio e Proje&ccedil;&otilde;es para a Infla&ccedil;&atilde;o<\/span><\/b><span style=\"font-size:14.0pt\">&quot;<\/span><\/a><span style=\"font-size:14.0pt\">, Diego Guillen, diretor de Pol&iacute;tica Econ&ocirc;mica do Banco Central do Brasil, 31 de mar&ccedil;o de 2025, &agrave;s 19h<\/span><\/span><\/span><\/span><\/p>\r\n\r\n<p align=\"center\" style=\"text-align:center\"><span style=\"font-size:11pt\"><span style=\"line-height:normal\"><span style=\"font-family:Calibri,sans-serif\"><a href=\"https:\/\/docs.google.com\/forms\/d\/e\/1FAIpQLSfMrxxb83TM8IA9RFdNa0ACl5NtjckyztJJD155dbtEWBB5ow\/viewform\" style=\"color:blue; text-decoration:underline\"><b><span style=\"font-size:14.0pt\">Qualidade da cor para t&ecirc;xteis<\/span><\/b><\/a><\/span><\/span><\/span><\/p>\r\n\r\n<p align=\"center\" style=\"text-align:center\"><span style=\"font-size:11pt\"><span style=\"line-height:normal\"><span style=\"font-family:Calibri,sans-serif\"><span style=\"font-size:14.0pt\">26 de abril de 2025, 08h &agrave;s 12h, evento online<\/span><\/span><\/span><\/span><\/p>\r\n\r\n<p align=\"center\" style=\"text-align:center\"><span style=\"font-size:11pt\"><span style=\"line-height:normal\"><span style=\"font-family:Calibri,sans-serif\"><a href=\"https:\/\/forms.gle\/gVRanQmStqMhRKtM6\" style=\"color:blue; text-decoration:underline\"><b><span style=\"font-size:14.0pt\">ABTT Academy | Curso: Vamos falar de sa&uacute;de mental nas empresas?<\/span><\/b><\/a><\/span><\/span><\/span><\/p>\r\n\r\n<p align=\"center\" style=\"text-align:center\"><span style=\"font-size:11pt\"><span style=\"line-height:normal\"><span style=\"font-family:Calibri,sans-serif\"><span style=\"font-size:14.0pt\">17 de maio de 2025, 08h &agrave;s 12h, evento online<\/span><\/span><\/span><\/span><\/p>\r\n\r\n<p style=\"text-align:justify\"><span style=\"font-size:11pt\"><span style=\"line-height:normal\"><span style=\"font-family:Calibri,sans-serif\"><a href=\"https:\/\/www.hospitalar.com\/pt\/home.html\" style=\"color:blue; text-decoration:underline\"><b><span style=\"font-size:14.0pt\">Hospitalar 2025<\/span><\/b><\/a><span style=\"font-size:14.0pt\">, 20 a 23 de maio, 11h00 &agrave;s 20h00, S&atilde;o Paulo Expo, Rodovia dos Imigrantes, km 1,5<\/span><\/span><\/span><\/span><\/p>\r\n\r\n<p style=\"text-align:justify\"><span style=\"font-size:11pt\"><span style=\"line-height:normal\"><span style=\"font-family:Calibri,sans-serif\"><a href=\"https:\/\/ideashow.org\/\" style=\"color:blue; text-decoration:underline\"><b><span lang=\"EN-US\" style=\"font-size:14.0pt\">IDEA25<\/span><\/b><\/a><span lang=\"EN-US\" style=\"font-size:14.0pt\">, April 29-May 1, 2025, Miami Beach Convention Center, Miami Beach, Florida<\/span><\/span><\/span><\/span><\/p>\r\n\r\n<p style=\"text-align:justify\"><span style=\"font-size:11pt\"><span style=\"line-height:normal\"><span style=\"font-family:Calibri,sans-serif\"><a href=\"https:\/\/www.conbrava.com.br\/\" style=\"color:blue; text-decoration:underline\"><b><span style=\"font-size:14.0pt\">CONBRAVA 2025<\/span><\/b><\/a><span style=\"font-size:14.0pt\">, 10 a 12 de setembro de 2025, S&atilde;o Paulo Expo, Rodovia dos Imigrantes, km 1,5<\/span><\/span><\/span><\/span><\/p>\r\n\r\n<p style=\"text-align:justify\"><span style=\"font-size:11pt\"><span style=\"line-height:normal\"><span style=\"font-family:Calibri,sans-serif\"><a href=\"https:\/\/paving.com.br\/\" style=\"color:blue; text-decoration:underline\"><b><span style=\"font-size:14.0pt\">Paving Expo 2025<\/span><\/b><\/a><span style=\"font-size:14.0pt\">, 23 a 25 de setembro de 2025, Distrito Anhembi, Rua Prof. Milton Rodrigues, s\/n, Santana, S&atilde;o Paulo, SP<\/span><\/span><\/span><\/span><\/p>\r\n\r\n<p style=\"text-align:justify\"><span style=\"font-size:11pt\"><span style=\"line-height:normal\"><span style=\"font-family:Calibri,sans-serif\"><b><span style=\"font-size:14.0pt\">17&ordm; Congresso Brasileiro de Enfermagem em Centro Cir&uacute;rgico: &ldquo;O poder de cuidar&rdquo;<\/span><\/b><span style=\"font-size:14.0pt\">, 01 a 03 de outubro de 2025, Transamerica Expo Center, S&atilde;o Paulo, SP<\/span><\/span><\/span><\/span><\/p>\r\n\r\n<p style=\"text-align:justify\"><span style=\"font-size:11pt\"><span style=\"line-height:normal\"><span style=\"font-family:Calibri,sans-serif\"><a href=\"https:\/\/www.abrafiltros.org.br\/3o-seminario-brasileiro-de-filtros-acontecera-no-dia-08-de-outubro\/\" style=\"color:blue; text-decoration:underline\"><b><span style=\"font-size:14.0pt\">3&ordm; Semin&aacute;rio Brasileiro de Filtros<\/span><\/b><\/a><span style=\"font-size:14.0pt\">, 08 de outubro de 2025, evento presencial<\/span><\/span><\/span><\/span><\/p>\r\n\r\n<p style=\"text-align:justify\"><span style=\"font-size:11pt\"><span style=\"line-height:normal\"><span style=\"font-family:Calibri,sans-serif\"><a href=\"https:\/\/hospitalmed.com.br\/feira\/\" style=\"color:blue; text-decoration:underline\"><b><span style=\"font-size:14.0pt\">HospitalMed 2025<\/span><\/b><\/a><span style=\"font-size:14.0pt\">, 22 a 24 de outubro, Pernambuco Centro de Conven&ccedil;&otilde;es, Olinda<\/span><\/span><\/span><\/span><\/p>\r\n\r\n<p style=\"text-align:justify\"><span style=\"font-size:28pt\"><span style=\"font-family:Cambria,serif\"><span style=\"letter-spacing:-0.5pt\"><b><span lang=\"EN-US\" style=\"font-size:18.0pt\"><span calibri=\"\" style=\"font-family:\"><span style=\"font-variant:small-caps\">Setor<\/span><\/span><\/span><\/b><\/span><\/span><\/span><\/p>\r\n\r\n<p style=\"text-align:justify\"><span style=\"font-size:11pt\"><span style=\"line-height:normal\"><span style=\"font-family:Calibri,sans-serif\"><a href=\"https:\/\/www.fibre2fashion.com\/news\/textile-news\/can-china-retain-its-lead-in-us-nonwoven-fabric-trade-amid-tariffs-301419-newsdetails.htm\" style=\"color:blue; text-decoration:underline\"><span lang=\"ES-AR\" style=\"font-size:14.0pt\">Can China retain its lead in US nonwoven fabric trade amid tariffs?<\/span><\/a><\/span><\/span><\/span><\/p>\r\n\r\n<p style=\"text-align:justify\"><span style=\"font-size:11pt\"><span style=\"line-height:normal\"><span style=\"font-family:Calibri,sans-serif\"><a href=\"https:\/\/www.estadao.com.br\/estadao-verifica\/estudo-usp-mascaras-associadas-mortes-covid-enganoso\/\" style=\"color:blue; text-decoration:underline\"><span style=\"font-size:14.0pt\">&Eacute; fake news: estudo da USP n&atilde;o permite concluir que uso de m&aacute;scaras est&aacute; relacionado a mortes na pandemia<\/span><\/a><\/span><\/span><\/span><\/p>\r\n\r\n<p style=\"text-align:justify\"><span style=\"font-size:11pt\"><span style=\"line-height:normal\"><span style=\"font-family:Calibri,sans-serif\"><a href=\"https:\/\/plasticosemrevista.com.br\/pe-a-prioridade-incontornavel-dos-cortes-na-capacidade-mundial\/\" style=\"color:blue; text-decoration:underline\"><span style=\"font-size:14.0pt\">PE: a prioridade incontorn&aacute;vel dos cortes na capacidade mundial<\/span><\/a><\/span><\/span><\/span><\/p>\r\n\r\n<p style=\"text-align:justify\"><span style=\"font-size:11pt\"><span style=\"line-height:normal\"><span style=\"font-family:Calibri,sans-serif\"><a href=\"https:\/\/plasticosemrevista.com.br\/eua-lyondellbasell-pretende-ampliar-capacidade-de-propeno\/\" style=\"color:blue; text-decoration:underline\"><span style=\"font-size:14.0pt\">EUA: LyondellBasell pretende ampliar capacidade de propeno<\/span><\/a><\/span><\/span><\/span><\/p>\r\n\r\n<p style=\"text-align:justify\"><span style=\"font-size:11pt\"><span style=\"line-height:normal\"><span style=\"font-family:Calibri,sans-serif\"><a href=\"https:\/\/plasticosemrevista.com.br\/a-tortura-chinesa-de-pet\/\" style=\"color:blue; text-decoration:underline\"><span lang=\"EN-US\" style=\"font-size:14.0pt\">A tortura chinesa de PET<\/span><\/a><\/span><\/span><\/span><\/p>\r\n\r\n<p style=\"text-align:justify\"><span style=\"font-size:11pt\"><span style=\"line-height:normal\"><span style=\"font-family:Calibri,sans-serif\"><a href=\"https:\/\/www.newstrail.com\/medical-nonwoven-disposables-market-forecast-2025-2032-size-share-and-emerging-opportunities\/\" style=\"color:blue; text-decoration:underline\"><span lang=\"EN-US\" style=\"font-size:14.0pt\">Medical Nonwoven Disposables Market Forecast 2025-2032: Size, Share, and Emerging Opportunities<\/span><\/a><\/span><\/span><\/span><\/p>\r\n\r\n<p style=\"text-align:justify\"><span style=\"font-size:11pt\"><span style=\"line-height:normal\"><span style=\"font-family:Calibri,sans-serif\"><a href=\"https:\/\/www.fibre2fashion.com\/news\/nonwoven-textile-news\/nonwovens-industry-warns-of-risks-in-eu-us-trade-tensions-301509-newsdetails.htm\" style=\"color:blue; text-decoration:underline\"><span lang=\"EN-US\" style=\"font-size:14.0pt\">Nonwovens industry warns of risks in EU-US trade tensions<\/span><\/a><\/span><\/span><\/span><\/p>\r\n\r\n<p style=\"text-align:justify\"><span style=\"font-size:11pt\"><span style=\"line-height:normal\"><span style=\"font-family:Calibri,sans-serif\"><a href=\"https:\/\/blogdoplastico.wordpress.com\/2025\/03\/23\/unipar-apresenta-experiencias-interativas-e-destaca-solucoes-em-pvc-na-feira-plastico-brasil-2025\/\" style=\"color:blue; text-decoration:underline\"><span style=\"font-size:14.0pt\">Unipar apresenta experi&ecirc;ncias interativas e destaca solu&ccedil;&otilde;es em PVC na feira Pl&aacute;stico Brasil 2025<\/span><\/a><\/span><\/span><\/span><\/p>\r\n\r\n<p style=\"text-align:justify\"><span style=\"font-size:28pt\"><span style=\"font-family:Cambria,serif\"><span style=\"letter-spacing:-0.5pt\"><b><span style=\"font-size:18.0pt\"><span calibri=\"\" style=\"font-family:\"><span style=\"font-variant:small-caps\">Ind&uacute;stria<\/span><\/span><\/span><\/b><\/span><\/span><\/span><\/p>\r\n\r\n<p style=\"text-align:justify\"><span style=\"font-size:11pt\"><span style=\"line-height:normal\"><span style=\"font-family:Calibri,sans-serif\"><a href=\"https:\/\/diariodocomercio.com.br\/opiniao\/artigo\/nova-industria-brasileira-faz-resgate-setor-brasil\/\" style=\"color:blue; text-decoration:underline\"><span style=\"font-size:14.0pt\">Nova Ind&uacute;stria Brasileira faz resgate do setor no Brasil<\/span><\/a><\/span><\/span><\/span><\/p>\r\n\r\n<p style=\"text-align:justify\"><span style=\"font-size:11pt\"><span style=\"line-height:normal\"><span style=\"font-family:Calibri,sans-serif\"><a href=\"https:\/\/sovos.com\/pt-br\/blog\/tributos\/cronograma-da-reforma-tributaria-para-empresas\/?utm_medium=email&amp;utm_source=marketo&amp;utm_campaign=br-newsletter-mar-blog-cronograma-tributario&amp;utm_term=brazil-vat-ssa&amp;utm_content=blog&amp;mkt_tok=MzM0LUhWTi0yNDkAAAGZUpzIcNxKMvvTFbpmxWnrWwmVFA-1RsC4W7Ivv_-fhIJG5-he1dzxQeS27mwTVLPYkwZEopM1_1M4cuZuM4ZhXPk58erk49jrOWfbG59RmIv-\" style=\"color:blue; text-decoration:underline\"><span style=\"font-size:14.0pt\">Cronograma da reforma tribut&aacute;ria para empresas<\/span><\/a><\/span><\/span><\/span><\/p>\r\n\r\n<p style=\"text-align:justify\"><span style=\"font-size:11pt\"><span style=\"line-height:normal\"><span style=\"font-family:Calibri,sans-serif\"><a href=\"https:\/\/sovos.com\/pt-br\/blog\/tributos\/reforma-tributaria-transformar-sistema-tributario-nacional\/?utm_medium=email&amp;utm_source=marketo&amp;utm_campaign=br-newsletter-mar-blog-sistema-tributario&amp;utm_term=brazil-vat-ssa&amp;utm_content=blog&amp;mkt_tok=MzM0LUhWTi0yNDkAAAGZUpzIcekLA4ckiSgIR23kKG1HSHcqxtSGDJm8EHrX8o1pBAlL2pvS6XLKjUbtoI5ZmKClX6gmv2WKSAobIxamizuW1AGD3uzO9MEiRDESMH0i\" style=\"color:blue; text-decoration:underline\"><span style=\"font-size:14.0pt\">Como &eacute; que a Reforma Tribut&aacute;ria vai transformar o sistema tribut&aacute;rio nacional? Alguns pontos relevantes<\/span><\/a><\/span><\/span><\/span><\/p>\r\n\r\n<p style=\"text-align:justify\"><span style=\"font-size:11pt\"><span style=\"line-height:normal\"><span style=\"font-family:Calibri,sans-serif\"><a href=\"https:\/\/sovos.com\/pt-br\/blog\/tributos\/a-reforma-tributaria-simplificara-a-tributacao-no-brasil\/?utm_medium=email&amp;utm_source=marketo&amp;utm_campaign=br-newsletter-mar-blog-rt-simplificara-tributacao&amp;utm_term=brazil-vat-ssa&amp;utm_content=blog&amp;mkt_tok=MzM0LUhWTi0yNDkAAAGZUpzIbxPt1kBA_KgRG_ScdGVBBJagArPHpnGr1V6kZqNUfVTIotTOGLTtN0pH5th60hsygmvNs0R9CmMGpi_s0sEQzokXMycyj3LLxDWKjkFM\" style=\"color:blue; text-decoration:underline\"><span style=\"font-size:14.0pt\">A Reforma Tribut&aacute;ria simplificar&aacute; a tributa&ccedil;&atilde;o no Brasil?<\/span><\/a><\/span><\/span><\/span><\/p>\r\n\r\n<p style=\"text-align:justify\"><span style=\"font-size:28pt\"><span style=\"font-family:Cambria,serif\"><span style=\"letter-spacing:-0.5pt\"><b><span style=\"font-size:18.0pt\"><span calibri=\"\" style=\"font-family:\"><span style=\"font-variant:small-caps\">Sustentabilidade<\/span><\/span><\/span><\/b><\/span><\/span><\/span><\/p>\r\n\r\n<p style=\"text-align:justify\"><span style=\"font-size:11pt\"><span style=\"line-height:normal\"><span style=\"font-family:Calibri,sans-serif\"><a href=\"https:\/\/clickpetroleoegas.com.br\/lixo-plastico-vira-energia-limpa-tecnologia-britanica-promete-35-toneladas-diarias-de-hidrogenio\/\" style=\"color:blue; text-decoration:underline\"><span style=\"font-size:14.0pt\">Lixo pl&aacute;stico vira energia limpa &mdash; tecnologia brit&acirc;nica promete 35 toneladas di&aacute;rias de hidrog&ecirc;nio<\/span><\/a><\/span><\/span><\/span><\/p>\r\n\r\n<p style=\"text-align:justify\"><span style=\"font-size:11pt\"><span style=\"line-height:normal\"><span style=\"font-family:Calibri,sans-serif\"><a href=\"https:\/\/mundodoplastico.plasticobrasil.com.br\/reciclagem\/responsabilidade-estendida-do-produtor-epr\/?utm_campaign=BRZ25MDP-BP-Newsletter66&amp;utm_emailname=BRZ25MDP-BP-Newsletter66&amp;utm_medium=email&amp;utm_source=eloqua&amp;utm_MDMContactID=2bb3d23c-a32f-4218-88d5-29f7fb45caee&amp;utm_campaigntype=Visitor%20Promotion&amp;eM=50c7dfe42c38ea8f10539f0a167fc763253059e495554a32db7a57f8f237ec4c&amp;eventSeriesCode=ES_PLSTCBRZL&amp;eventEditionCode=BRA25IPR&amp;sessionCode=S_EXHB&amp;sp_eh=50c7dfe42c38ea8f10539f0a167fc763253059e495554a32db7a57f8f237ec4c\" style=\"color:blue; text-decoration:underline\"><span style=\"font-size:14.0pt\">O que &eacute; a Responsabilidade Estendida do Produtor (EPR)?<\/span><\/a><\/span><\/span><\/span><\/p>\r\n\r\n<p style=\"text-align:justify\"><span style=\"font-size:11pt\"><span style=\"line-height:normal\"><span style=\"font-family:Calibri,sans-serif\"><a href=\"https:\/\/www.revistaplasticosul.com.br\/sustentabilidade\/lord-e-plastic-bank-vao-retirar-6-milhoes-de-garrafas-plasticas-do-meio-ambiente-no-brasil-em-2025\/\" style=\"color:blue; text-decoration:underline\"><span style=\"font-size:14.0pt\">Lord e Plastic Bank v&atilde;o retirar 6 milh&otilde;es de garrafas pl&aacute;sticas do meio ambiente no brasil em 2025<\/span><\/a><\/span><\/span><\/span><\/p>\r\n\r\n<p style=\"text-align:justify\"><span style=\"font-size:28pt\"><span style=\"font-family:Cambria,serif\"><span style=\"letter-spacing:-0.5pt\"><b><span style=\"font-size:18.0pt\"><span calibri=\"\" style=\"font-family:\"><span style=\"font-variant:small-caps\">Inova&ccedil;&atilde;o<\/span><\/span><\/span><\/b><\/span><\/span><\/span><\/p>\r\n\r\n<p style=\"text-align:justify\"><span style=\"font-size:11pt\"><span style=\"line-height:normal\"><span style=\"font-family:Calibri,sans-serif\"><a href=\"https:\/\/agenciabrasil.ebc.com.br\/economia\/noticia\/2025-03\/inovacao-na-industria-recuou-em-2023-no-brasil-diz-ibge\" style=\"color:blue; text-decoration:underline\"><span style=\"font-size:14.0pt\">Inova&ccedil;&atilde;o na ind&uacute;stria recuou em 2023 no Brasil, diz IBGE<\/span><\/a><\/span><\/span><\/span><\/p>\r\n\r\n<p style=\"text-align:justify\"><span style=\"font-size:11pt\"><span style=\"line-height:normal\"><span style=\"font-family:Calibri,sans-serif\"><a href=\"https:\/\/agenciadenoticias.ibge.gov.br\/agencia-noticias\/2012-agencia-de-noticias\/noticias\/42929-em-2023-taxa-de-inovacao-da-industria-cai-pelo-segundo-ano-consecutivo\" style=\"color:blue; text-decoration:underline\"><span style=\"font-size:14.0pt\">Em 2023, taxa de inova&ccedil;&atilde;o da Ind&uacute;stria cai pelo segundo ano consecutivo<\/span><\/a><\/span><\/span><\/span><\/p>\r\n\r\n<p style=\"text-align:justify\"><span style=\"font-size:11pt\"><span style=\"line-height:normal\"><span style=\"font-family:Calibri,sans-serif\"><a href=\"https:\/\/noticias.portaldaindustria.com.br\/noticias\/inovacao-e-tecnologia\/ministro-fernando-haddad-debate-politicas-de-inovacao-com-lideres-da-mei\/\" style=\"color:blue; text-decoration:underline\"><span style=\"font-size:14.0pt\">Ministro Fernando Haddad debate pol&iacute;ticas de inova&ccedil;&atilde;o com l&iacute;deres da MEI<\/span><\/a><\/span><\/span><\/span><\/p>\r\n\r\n<p style=\"text-align:justify\"><span style=\"font-size:11pt\"><span style=\"line-height:normal\"><span style=\"font-family:Calibri,sans-serif\"><a href=\"https:\/\/blogdoplastico.wordpress.com\/2025\/03\/18\/braskem-desenvolve-inovacoes-para-a-geracao-de-energia-solar\/\" style=\"color:blue; text-decoration:underline\"><span style=\"font-size:14.0pt\">Braskem desenvolve inova&ccedil;&otilde;es para a gera&ccedil;&atilde;o de energia solar<\/span><\/a><\/span><\/span><\/span><\/p>\r\n\r\n<p style=\"text-align:justify\"><span style=\"font-size:28pt\"><span style=\"font-family:Cambria,serif\"><span style=\"letter-spacing:-0.5pt\"><b><span style=\"font-size:18.0pt\"><span calibri=\"\" style=\"font-family:\"><span style=\"font-variant:small-caps\">Com&eacute;rcio Exterior<\/span><\/span><\/span><\/b><\/span><\/span><\/span><\/p>\r\n\r\n<p style=\"text-align:justify\"><span style=\"font-size:11pt\"><span style=\"line-height:normal\"><span style=\"font-family:Calibri,sans-serif\"><a href=\"https:\/\/portalibre.fgv.br\/noticias\/deficit-com-china-e-piora-no-superavit-da-balanca-comercial-do-primeiro-bimestre-de-2025\" style=\"color:blue; text-decoration:underline\"><span style=\"font-size:14.0pt\">D&eacute;ficit com a China e piora no super&aacute;vit da balan&ccedil;a comercial do primeiro bimestre de 2025<\/span><\/a><\/span><\/span><\/span><\/p>\r\n\r\n<p style=\"text-align:justify\"><span style=\"font-size:11pt\"><span style=\"line-height:normal\"><span style=\"font-family:Calibri,sans-serif\"><a href=\"https:\/\/www.poder360.com.br\/opiniao\/o-futuro-da-industria-e-a-protecao-contra-o-surto-de-importados\/#:~:text=Esse%20aumento%20tempor%C3%A1rio%20das%20tarifas,contribu%C3%ADrem%20ainda%20mais%20pelo%20pa%C3%ADs.\" style=\"color:blue; text-decoration:underline\"><span style=\"font-size:14.0pt\">Abiquim | O futuro da ind&uacute;stria &eacute; a prote&ccedil;&atilde;o contra o surto de importados<\/span><\/a><\/span><\/span><\/span><\/p>\r\n\r\n<p style=\"text-align:justify\"><span style=\"font-size:11pt\"><span style=\"line-height:normal\"><span style=\"font-family:Calibri,sans-serif\"><a href=\"https:\/\/static.portaldaindustria.com.br\/media\/filer_public\/5c\/8e\/5c8e16e6-052f-4c93-a4b8-98bd2e7af308\/ex_ipc_25-04_mercosul_reuniao_grelex.pdf\" style=\"color:blue; text-decoration:underline\"><span style=\"font-size:14.0pt\">MERCOSUL publica ata da reuni&atilde;o do GRELEX<\/span><\/a><\/span><\/span><\/span><\/p>\r\n\r\n<p style=\"text-align:justify\"><span style=\"font-size:11pt\"><span style=\"line-height:normal\"><span style=\"font-family:Calibri,sans-serif\"><a href=\"https:\/\/apexbrasil.com.br\/br\/pt\/conteudo\/noticias\/apexbrasil-participa-da-conferencia-de-intercambio-e-cooperacao-.html#msdynttrid=lyVgossECMn500Na-9hUdh118iLnwIpKPMLx_qVyWaA\" style=\"color:blue; text-decoration:underline\"><span style=\"font-size:14.0pt\">ApexBrasil participa da Confer&ecirc;ncia de Interc&acirc;mbio e Coopera&ccedil;&atilde;o Econ&ocirc;mica e Comercial entre a China e o Brasil<\/span><\/a><\/span><\/span><\/span><\/p>\r\n\r\n<p style=\"text-align:justify\"><span style=\"font-size:11pt\"><span style=\"line-height:normal\"><span style=\"font-family:Calibri,sans-serif\"><a href=\"https:\/\/www.estadao.com.br\/internacional\/lula-viagem-japao-vietna-acordos-comerciais-nprei\/\" style=\"color:blue; text-decoration:underline\"><span style=\"font-size:14.0pt\">Lula e comitiva embarcam para Jap&atilde;o e Vietn&atilde; em busca de acordos comerciais<\/span><\/a><\/span><\/span><\/span><\/p>\r\n\r\n<p style=\"text-align:justify\"><span style=\"font-size:11pt\"><span style=\"line-height:normal\"><span style=\"font-family:Calibri,sans-serif\"><a href=\"https:\/\/www.fibre2fashion.com\/news\/technical-textiles\/technical-textiles-trade-in-us-mexico-leads-while-china-struggles-301140-newsdetails.htm\" style=\"color:blue; text-decoration:underline\"><span lang=\"EN-US\" style=\"font-size:14.0pt\">Technical textiles trade in US: Mexico leads while China struggles<\/span><\/a><\/span><\/span><\/span><\/p>\r\n\r\n<p style=\"text-align:justify\"><span style=\"font-size:11pt\"><span style=\"line-height:normal\"><span style=\"font-family:Calibri,sans-serif\"><a href=\"https:\/\/www.fibre2fashion.com\/news\/textile-news\/global-trade-starts-2025-on-stable-ground-but-new-risks-loom-unctad-301360-newsdetails.htm\" style=\"color:blue; text-decoration:underline\"><span lang=\"EN-US\" style=\"font-size:14.0pt\">Global trade starts 2025 on stable ground, but new risks loom<\/span><\/a><\/span><\/span><\/span><\/p>\r\n\r\n<p style=\"text-align:justify\"><span style=\"font-size:28pt\"><span style=\"font-family:Cambria,serif\"><span style=\"letter-spacing:-0.5pt\"><b><span style=\"font-size:18.0pt\"><span calibri=\"\" style=\"font-family:\"><span style=\"font-variant:small-caps\">Economia<\/span><\/span><\/span><\/b><\/span><\/span><\/span><\/p>\r\n\r\n<p style=\"text-align:justify\"><span style=\"font-size:11pt\"><span style=\"line-height:normal\"><span style=\"font-family:Calibri,sans-serif\"><a href=\"https:\/\/www.bcb.gov.br\/content\/focus\/focus\/R20250321.pdf\" style=\"color:blue; text-decoration:underline\"><span style=\"font-size:14.0pt\">Focus - Relat&oacute;rio de Mercado<\/span><\/a><\/span><\/span><\/span><\/p>\r\n\r\n<p style=\"text-align:justify\"><span style=\"font-size:11pt\"><span style=\"line-height:normal\"><span style=\"font-family:Calibri,sans-serif\"><a href=\"https:\/\/ibre.fgv.br\/blog-da-conjuntura-economica\/artigos\/no-brasil-para-criar-despesa-nova-nao-existe-oposicao\" style=\"color:blue; text-decoration:underline\"><span style=\"font-size:14.0pt\">&ldquo;No Brasil, para criar despesa nova, n&atilde;o existe oposi&ccedil;&atilde;o&rdquo;<\/span><\/a><\/span><\/span><\/span><\/p>\r\n\r\n<p style=\"text-align:justify\"><span style=\"font-size:11pt\"><span style=\"line-height:normal\"><span style=\"font-family:Calibri,sans-serif\"><a href=\"https:\/\/br.investing.com\/news\/economic-indicators\/ocde-reduz-previsao-do-pib-do-brasil-em-2025-com-alta-de-juro-e-tarifas-1492723\" style=\"color:blue; text-decoration:underline\"><span style=\"font-size:14.0pt\">OCDE reduz previs&atilde;o do PIB do Brasil em 2025 com alta de juro e tarifas<\/span><\/a><\/span><\/span><\/span><\/p>\r\n\r\n<p style=\"text-align:justify\"><span style=\"font-size:11pt\"><span style=\"line-height:normal\"><span style=\"font-family:Calibri,sans-serif\"><a href=\"https:\/\/www.moveisdevalor.com.br\/portal\/caminho-sem-volta-brasil-esta-caminhando-para-uma-recessao?source=news\" style=\"color:blue; text-decoration:underline\"><span style=\"font-size:14.0pt\">Caminho sem volta: Brasil est&aacute; caminhando para uma recess&atilde;o<\/span><\/a><\/span><\/span><\/span><\/p>\r\n\r\n<p style=\"text-align:justify\"><span style=\"font-size:11pt\"><span style=\"line-height:normal\"><span style=\"font-family:Calibri,sans-serif\"><a href=\"https:\/\/agenciabrasil.ebc.com.br\/economia\/noticia\/2025-03\/economia-brasileira-cresceu-03-de-dezembro-para-janeiro-estima-fgv\" style=\"color:blue; text-decoration:underline\"><span style=\"font-size:14.0pt\">Economia brasileira cresceu 0,3% de dezembro para janeiro, estima FGV<\/span><\/a><\/span><\/span><\/span><\/p>\r\n\r\n<p style=\"text-align:justify\"><span style=\"font-size:11pt\"><span style=\"line-height:normal\"><span style=\"font-family:Calibri,sans-serif\"><a href=\"https:\/\/web.bndes.gov.br\/bib\/jspui\/bitstream\/1408\/26447\/1\/PRFol_216372_Coment%c3%a1rios%20sobre%20PIB%204T%202024.pdf\" style=\"color:blue; text-decoration:underline\"><span style=\"font-size:14.0pt\">BNDES | Crescimento econ&ocirc;mico supera expectativas em 2024<\/span><\/a><\/span><\/span><\/span><\/p>\r\n\r\n<p style=\"text-align:justify\"><img src=\"https:\/\/www.abint.org.br\/assets\/img\/editor\/redes-sociais-abint-ctg-cth_20250205143403kcH4SBmjCL.jpg\" \/><\/p>\r\n","6":"<p style=\"text-align:justify\"><span style=\"font-size:11pt\"><span style=\"line-height:normal\"><span style=\"font-family:Calibri,sans-serif\"><span style=\"font-size:14.0pt\">Esta &eacute; uma compila&ccedil;&atilde;o das not&iacute;cias mais relevantes para o setor, incluindo informa&ccedil;&otilde;es sobre acordos internacionais, economia brasileira, sustentabilidade e mat&eacute;rias primas, al&eacute;m de novidades do setor de N&atilde;otecidos e Tecidos T&eacute;cnicos.<\/span><\/span><\/span><\/span><\/p>\r\n\r\n<p style=\"text-align:justify\"><b><span style=\"font-size:18.0pt\"><span style=\"line-height:115%\"><span calibri=\"\" style=\"font-family:\"><span style=\"font-variant:small-caps\">A&ccedil;&otilde;es realizadas<\/span><\/span><\/span><\/span><\/b><\/p>\r\n\r\n<p style=\"text-align:justify\"><b><span style=\"font-size:18.0pt\"><span style=\"line-height:115%\"><span calibri=\"\" style=\"font-family:\"><span style=\"font-variant:small-caps\"><img src=\"https:\/\/www.abint.org.br\/assets\/img\/editor\/abint-logo-2020-g_20250402161725k5L3RHSY1x.png\" style=\"width: 300px; height: 69px;\" \/><\/span><\/span><\/span><\/span><\/b><\/p>\r\n\r\n<p style=\"text-align:justify\"><span style=\"font-size:11pt\"><span style=\"line-height:normal\"><span style=\"font-family:Calibri,sans-serif\"><span style=\"font-size:14.0pt\">Durante a abertura oficial Solenidade de Abertura da 48&ordf; FIMEC &ndash; Feira Internacional de Couros, Produtos Qu&iacute;micos, Componentes, M&aacute;quinas e Equipamentos para Cal&ccedil;ados e Curtumes, ocorrida em 18 de mar&ccedil;o, a ABINT marcou presen&ccedil;a com sua diretora, Sra. Nivea Furlan, da associada Fibertex.<\/span><\/span><\/span><\/span><\/p>\r\n\r\n<p style=\"text-align:justify\"><img src=\"https:\/\/www.abint.org.br\/assets\/img\/editor\/fimec_20250402161937NtAsbJt2pw.png\" \/><\/p>\r\n\r\n<p style=\"text-align:justify\">&nbsp;<\/p>\r\n\r\n<p style=\"text-align:justify\"><img src=\"https:\/\/www.abint.org.br\/assets\/img\/editor\/logo-ctg-abint-png_202504021620509fnuQGGcgp.png\" style=\"width: 300px; height: 55px;\" \/><\/p>\r\n\r\n<p style=\"text-align:justify\"><span style=\"font-size:11pt\"><span style=\"line-height:normal\"><span style=\"font-family:Calibri,sans-serif\"><span style=\"font-size:14.0pt\">Nos dias 18, 19 e 20 de mar&ccedil;o o CTG ABINT realizou, pelo terceiro ano consecutivo, o Curso Brasileiro de Instala&ccedil;&atilde;o de Geomembranas &ldquo;Paulo Kenji A&ccedil;akura&rdquo;, que contou com 68 participantes, com grande ades&atilde;o dos profissionais soldadores, o que proporcionou aulas pr&aacute;ticas e te&oacute;ricas bastante din&acirc;micas e interativas.<\/span><\/span><\/span><\/span><\/p>\r\n\r\n<p style=\"text-align:justify\"><span style=\"font-size:11pt\"><span style=\"line-height:normal\"><span style=\"font-family:Calibri,sans-serif\"><span style=\"font-size:14.0pt\"><img src=\"https:\/\/www.abint.org.br\/assets\/img\/editor\/ctg1_20250402162153PPMs498XIm.png\" \/><\/span><\/span><\/span><\/span><\/p>\r\n\r\n<p style=\"text-align:justify\"><span style=\"font-size:11pt\"><span style=\"line-height:normal\"><span style=\"font-family:Calibri,sans-serif\"><span style=\"font-size:14.0pt\"><img src=\"https:\/\/www.abint.org.br\/assets\/img\/editor\/ctg2_20250402162633SwCe77yRgk.png\" \/><\/span><\/span><\/span><\/span><\/p>\r\n\r\n<p style=\"text-align:justify\"><span style=\"font-size:11pt\"><span style=\"line-height:normal\"><span style=\"font-family:Calibri,sans-serif\"><span style=\"font-size:14.0pt\"><img src=\"https:\/\/www.abint.org.br\/assets\/img\/editor\/ctg3_20250402162649MQnEbcnp4G.png\" \/><\/span><\/span><\/span><\/span><\/p>\r\n\r\n<p style=\"text-align:justify\"><span style=\"font-size:11pt\"><span style=\"line-height:normal\"><span style=\"font-family:Calibri,sans-serif\"><span style=\"font-size:14.0pt\"><img src=\"https:\/\/www.abint.org.br\/assets\/img\/editor\/ctg4_20250402162710VFMXCP2oJ5.png\" \/><\/span><\/span><\/span><\/span><\/p>\r\n\r\n<p style=\"text-align:justify\"><span style=\"font-size:11pt\"><span style=\"line-height:normal\"><span style=\"font-family:Calibri,sans-serif\"><span style=\"font-size:14.0pt\">Ao final do Curso, os sorteados no Instagram CTG ABINT e o vencedor do quis receberam exemplares do Manual Brasileiro de Geossint&eacute;ticos &ndash; MBG.<\/span><\/span><\/span><\/span><\/p>\r\n\r\n<p style=\"text-align:justify\"><br \/>\r\n<img src=\"https:\/\/www.abint.org.br\/assets\/img\/editor\/ctg5_20250402163135XxZ44sDucm.png\" \/><\/p>\r\n\r\n<p class=\"MsoTitle\" style=\"text-align:justify\"><span style=\"font-size:28pt\"><span style=\"font-family:Cambria,serif\"><span style=\"letter-spacing:-0.5pt\"><b><span style=\"font-size:18.0pt\"><span calibri=\"\" style=\"font-family:\"><span style=\"font-variant:small-caps\">O que vem por a&iacute;<\/span><\/span><\/span><\/b><\/span><\/span><\/span><\/p>\r\n\r\n<p><img src=\"https:\/\/www.abint.org.br\/assets\/img\/editor\/logo-ctg-abint-png_202502051355479yWykO7ojh.png\" style=\"width: 300px; height: 55px;\" \/><\/p>\r\n\r\n<p>&nbsp;<\/p>\r\n\r\n<p><img src=\"https:\/\/www.abint.org.br\/assets\/img\/editor\/e-mail-post-premio-tcc-icc-2024-2025_20250205143024je0yZgOKML.png\" style=\"width: 500px; height: 500px;\" \/><\/p>\r\n\r\n<p><a href=\"https:\/\/geossinteticos.org.br\/premiotccic\">Inscreva seu trabalho<\/a><\/p>\r\n\r\n<p class=\"MsoTitle\" style=\"text-align:justify\"><span style=\"font-size:28pt\"><span style=\"font-family:Cambria,serif\"><span style=\"letter-spacing:-0.5pt\"><b><span style=\"font-size:18.0pt\"><span calibri=\"\" style=\"font-family:\"><span style=\"font-variant:small-caps\">Not&iacute;cias das Associadas<\/span><\/span><\/span><\/b><\/span><\/span><\/span><\/p>\r\n\r\n<p style=\"text-align:justify\"><span style=\"font-size:11pt\"><span style=\"line-height:normal\"><span style=\"font-family:Calibri,sans-serif\"><a href=\"https:\/\/r.mail.fibretofashion.com\/tr\/cl\/g37orFtF_cdERvstlRldwUR1JDnZCZ282fRdx8zdHNBZG6tPhGadkwfCgO6IsAxqYxBjMNQ0UOdlUrs8JCbPUoWh7RJ-7a0OPtPhtXW4uir3KCqFXEjuPTT4tPv5lOdSKq74fLRpTBmtzRpyFZMQRZZMOOPLsEMJEXn_1UP2uRvmPnqoMqkcX3M0ZT9Ou0skVQU9UYr-H2D7kK7b_jsJCnzD0-3JSKU0uXkGT3MEmb08FmwOeYwwjJ3ETGhE2k3g0yGeEQe2t0JbeBHUa3r5f3VKn0oo2ARMmj0UKqDcYpJctxSq5_GBvNmbyk3wLJ1rEM3WwKz0agpwaJcAklfPjRJbRhF4Qm8UNl30o38OMH_ZD-GilNIKyVEZ2lIPpPk0RN8EmOV1BIxsYzVwuwsZ_lP6bQQOtBOroPD84IcKDnAuMRpUQZT_\" style=\"color:blue; text-decoration:underline\" target=\"_blank\"><span lang=\"ES-AR\" style=\"font-size:14.0pt\">Andritz &amp; Carolina Nonwovens launch first US next-gen airlay system<\/span><\/a><\/span><\/span><\/span><\/p>\r\n\r\n<p style=\"text-align:justify\"><span style=\"font-size:11pt\"><span style=\"line-height:normal\"><span style=\"font-family:Calibri,sans-serif\"><a href=\"https:\/\/r.mail.fibretofashion.com\/tr\/cl\/-95OUN3eS0V7B5Fh5IR18RQIiM-QaImmlBPiYdf6FyNxKvKkRnQ_RSCuzOWtx_qDdVyFw_fTil1cX2WaozzEInRjxg64oNMk2AHM_pkiiyqDge9_rgb-Xy3vg_8gboOBTue7fVluLKybnlFeEyAEQyW1ZVPliz5ira59EE3rkE_sJgm1uBEwSsew7DbmRAj6CcrUjl2OCyJNbyXhQxhNXiLJU3eiKciyOWNQwEoAnZ-JVfivTczqsXNVMGjPtIoxqI-J_m5WQZCarMqlKpGStLqf31JFWuR8zwstBUJKIb0FMQQ88CahavU8Tthg6p7le51CKCzGHMKPuM0hui1q7F3W4xaVFUno0v5MQUsf3oZsSNjSFtiie6vXlXfifJVQLeLD2jtWlrbgzJG4tqK3a6U5CpTOaKLtQmQ9fubAvQsKULU\" style=\"color:blue; text-decoration:underline\" target=\"_blank\"><span lang=\"EN-US\" style=\"font-size:14.0pt\">Austria&rsquo;s Andritz eyes growth in 2025 with ~$9 bn revenue boost<\/span><\/a><\/span><\/span><\/span><\/p>\r\n\r\n<p style=\"text-align:justify\"><span style=\"font-size:11pt\"><span style=\"line-height:normal\"><span style=\"font-family:Calibri,sans-serif\"><a href=\"https:\/\/tissueonline.com.br\/ciberseguranca-andritz-vende-a-otorio-e-firma-parceria-estrategica-com-a-armis\/?utm_campaign=nova_newsletter_210325&amp;utm_medium=email&amp;utm_source=RD+Station\" style=\"color:blue; text-decoration:underline\"><span style=\"font-size:14.0pt\">Ciberseguran&ccedil;a: ANDRITZ vende a OTORIO e firma parceria estrat&eacute;gica com a Armis<\/span><\/a><\/span><\/span><\/span><\/p>\r\n\r\n<p style=\"text-align:justify\"><span style=\"font-size:11pt\"><span style=\"line-height:normal\"><span style=\"font-family:Calibri,sans-serif\"><a href=\"https:\/\/www.nonwovens-industry.com\/contents\/view_breaking-news\/2025-03-20\/trutzschler-nonwovens-introduces-x-series-nonwoven-cards\/\" style=\"color:blue; text-decoration:underline\"><span lang=\"ES-AR\" style=\"font-size:14.0pt\">Tr&uuml;tzschler Nonwovens Introduces X-Series Nonwoven Cards<\/span><\/a><\/span><\/span><\/span><\/p>\r\n\r\n<p style=\"text-align:justify\"><span style=\"font-size:11pt\"><span style=\"line-height:normal\"><span style=\"font-family:Calibri,sans-serif\"><b><span style=\"font-size:18.0pt\"><span style=\"font-variant:small-caps\">Eventos<\/span><\/span><\/b><\/span><\/span><\/span><\/p>\r\n\r\n<p style=\"text-align:justify\"><span style=\"font-size:11pt\"><span style=\"line-height:normal\"><span style=\"font-family:Calibri,sans-serif\"><a href=\"https:\/\/www.plasticobrasil.com.br\/pt\/home.html\" style=\"color:blue; text-decoration:underline\"><b><span style=\"font-size:14.0pt\">Pl&aacute;stico Brasil<\/span><\/b><\/a><span style=\"font-size:14.0pt\">, de 24 a 28 de mar&ccedil;o de 2025, 10h &agrave;s 19h, S&atilde;o Paulo Expo, Rodovia dos Imigrantes, km 1,5<\/span><\/span><\/span><\/span><\/p>\r\n\r\n<p align=\"center\" style=\"text-align:center\"><span style=\"font-size:11pt\"><span style=\"line-height:normal\"><span style=\"font-family:Calibri,sans-serif\"><a href=\"https:\/\/reformatributaria.fiesp.com.br\/evento\/\" style=\"color:blue; text-decoration:underline\"><b><span style=\"font-size:14.0pt\">FIESP | Reforma Tribut&aacute;ria: como ela pode impactar seu neg&oacute;cio?<\/span><\/b><\/a><\/span><\/span><\/span><\/p>\r\n\r\n<p align=\"center\" style=\"text-align:center\"><span style=\"font-size:11pt\"><span style=\"line-height:normal\"><span style=\"font-family:Calibri,sans-serif\"><span style=\"font-size:14.0pt\">25 de mar&ccedil;o de 2025, 08h &agrave; 16h, Av. Paulista 1313<\/span><\/span><\/span><\/span><\/p>\r\n\r\n<p style=\"text-align:justify\"><span style=\"font-size:11pt\"><span style=\"line-height:normal\"><span style=\"font-family:Calibri,sans-serif\"><a href=\"https:\/\/docs.google.com\/forms\/d\/e\/1FAIpQLSfAInjl19BmITDFg1q0rJaNbR3k4RZUZTxy6oPBUIHpyu8AQg\/viewform\" style=\"color:blue; text-decoration:underline\"><b><span style=\"font-size:14.0pt\">Webinar Abrac | Internaliza&ccedil;&atilde;o da norma ISO 7101:2023 &ndash; Lan&ccedil;amento ABNT e aprova&ccedil;&atilde;o do escopo pela Cgcre do Inmetro<\/span><\/b><\/a><span style=\"font-size:14.0pt\">, 26 de mar&ccedil;o de 2025, &agrave;s 16h, evento pela Plataforma Zoom<\/span><\/span><\/span><\/span><\/p>\r\n\r\n<p align=\"center\" style=\"text-align:center\"><span style=\"font-size:11pt\"><span style=\"line-height:normal\"><span style=\"font-family:Calibri,sans-serif\"><b><span style=\"font-size:14.0pt\"><a href=\"https:\/\/docs.google.com\/forms\/d\/e\/1FAIpQLSe8n6fJqntSs3elWsTM_2VSk89rkU_dYp3U2O27WAzVnL_J8Q\/viewform\" style=\"color:blue; text-decoration:underline\">ABTT Academy | Bases t&eacute;cnicas para montagem de um laborat&oacute;rio<\/a><\/span><\/b><\/span><\/span><\/span><\/p>\r\n\r\n<p align=\"center\" style=\"text-align:center\"><span style=\"font-size:11pt\"><span style=\"line-height:normal\"><span style=\"font-family:Calibri,sans-serif\"><span class=\"MsoHyperlink\" style=\"color:blue\"><span style=\"text-decoration:underline\"><b><span style=\"font-size:14.0pt\"><a href=\"https:\/\/docs.google.com\/forms\/d\/e\/1FAIpQLSe8n6fJqntSs3elWsTM_2VSk89rkU_dYp3U2O27WAzVnL_J8Q\/viewform\" style=\"color:blue; text-decoration:underline\">de controle de qualidade na ind&uacute;stria de t&ecirc;xtil e de confec&ccedil;&atilde;o<\/a><\/span><\/b><\/span><\/span><\/span><\/span><\/span><\/p>\r\n\r\n<p align=\"center\" style=\"text-align:center\"><span style=\"font-size:11pt\"><span style=\"line-height:normal\"><span style=\"font-family:Calibri,sans-serif\"><span style=\"font-size:14.0pt\">29 de mar&ccedil;o de 2025, 08h &agrave;s 12h, evento online<\/span><\/span><\/span><\/span><\/p>\r\n\r\n<p style=\"text-align:justify\"><span style=\"font-size:11pt\"><span style=\"line-height:normal\"><span style=\"font-family:Calibri,sans-serif\"><a href=\"https:\/\/www.sympla.com.br\/evento-online\/agenda-verde-fecomerciosp-os-desafios-ambientais-do-brasil-e-a-cop30\/2843674\" style=\"color:blue; text-decoration:underline\"><b><span style=\"font-size:14.0pt\">Agenda Verde FecomercioSP | Os desafios ambientais do Brasil e a COP30<\/span><\/b><\/a><span style=\"font-size:14.0pt\">, 10 de abril de 2025, 09h00 &agrave;s 12h30, evento online<\/span><\/span><\/span><\/span><\/p>\r\n\r\n<p style=\"text-align:justify\"><span style=\"font-size:11pt\"><span style=\"line-height:normal\"><span style=\"font-family:Calibri,sans-serif\"><a href=\"https:\/\/www.automecfeira.com.br\/pt-br.html\" style=\"color:blue; text-decoration:underline\"><b><span style=\"font-size:14.0pt\">Automec 2025<\/span><\/b><\/a><span style=\"font-size:14.0pt\">, 22 a 26 de abril de 2025, S&atilde;o Paulo Expo, Rodovia dos Imigrantes, Km 1,5, &Aacute;gua Funda, S&atilde;o Paulo, SP<\/span><\/span><\/span><\/span><\/p>\r\n\r\n<p style=\"text-align:justify\"><span style=\"font-size:11pt\"><span style=\"line-height:normal\"><span style=\"font-family:Calibri,sans-serif\"><a href=\"https:\/\/carreira.eseg.edu.br\/transmissao-ao-vivo-ciclo-de-palestras-marco-diogo-guillen?utm_campaign=prospeccao_on-line-_publico_externo-_banco_central&amp;utm_medium=email&amp;utm_source=RD+Station\" style=\"color:blue; text-decoration:underline\"><b><span style=\"font-size:14.0pt\">&quot;Conjuntura Econ&ocirc;mica: Evolu&ccedil;&atilde;o do Cen&aacute;rio e Proje&ccedil;&otilde;es para a Infla&ccedil;&atilde;o<\/span><\/b><span style=\"font-size:14.0pt\">&quot;<\/span><\/a><span style=\"font-size:14.0pt\">, Diego Guillen, diretor de Pol&iacute;tica Econ&ocirc;mica do Banco Central do Brasil, 31 de mar&ccedil;o de 2025, &agrave;s 19h<\/span><\/span><\/span><\/span><\/p>\r\n\r\n<p align=\"center\" style=\"text-align:center\"><span style=\"font-size:11pt\"><span style=\"line-height:normal\"><span style=\"font-family:Calibri,sans-serif\"><a href=\"https:\/\/docs.google.com\/forms\/d\/e\/1FAIpQLSfMrxxb83TM8IA9RFdNa0ACl5NtjckyztJJD155dbtEWBB5ow\/viewform\" style=\"color:blue; text-decoration:underline\"><b><span style=\"font-size:14.0pt\">Qualidade da cor para t&ecirc;xteis<\/span><\/b><\/a><\/span><\/span><\/span><\/p>\r\n\r\n<p align=\"center\" style=\"text-align:center\"><span style=\"font-size:11pt\"><span style=\"line-height:normal\"><span style=\"font-family:Calibri,sans-serif\"><span style=\"font-size:14.0pt\">26 de abril de 2025, 08h &agrave;s 12h, evento online<\/span><\/span><\/span><\/span><\/p>\r\n\r\n<p align=\"center\" style=\"text-align:center\"><span style=\"font-size:11pt\"><span style=\"line-height:normal\"><span style=\"font-family:Calibri,sans-serif\"><a href=\"https:\/\/forms.gle\/gVRanQmStqMhRKtM6\" style=\"color:blue; text-decoration:underline\"><b><span style=\"font-size:14.0pt\">ABTT Academy | Curso: Vamos falar de sa&uacute;de mental nas empresas?<\/span><\/b><\/a><\/span><\/span><\/span><\/p>\r\n\r\n<p align=\"center\" style=\"text-align:center\"><span style=\"font-size:11pt\"><span style=\"line-height:normal\"><span style=\"font-family:Calibri,sans-serif\"><span style=\"font-size:14.0pt\">17 de maio de 2025, 08h &agrave;s 12h, evento online<\/span><\/span><\/span><\/span><\/p>\r\n\r\n<p style=\"text-align:justify\"><span style=\"font-size:11pt\"><span style=\"line-height:normal\"><span style=\"font-family:Calibri,sans-serif\"><a href=\"https:\/\/www.hospitalar.com\/pt\/home.html\" style=\"color:blue; text-decoration:underline\"><b><span style=\"font-size:14.0pt\">Hospitalar 2025<\/span><\/b><\/a><span style=\"font-size:14.0pt\">, 20 a 23 de maio, 11h00 &agrave;s 20h00, S&atilde;o Paulo Expo, Rodovia dos Imigrantes, km 1,5<\/span><\/span><\/span><\/span><\/p>\r\n\r\n<p style=\"text-align:justify\"><span style=\"font-size:11pt\"><span style=\"line-height:normal\"><span style=\"font-family:Calibri,sans-serif\"><a href=\"https:\/\/ideashow.org\/\" style=\"color:blue; text-decoration:underline\"><b><span lang=\"EN-US\" style=\"font-size:14.0pt\">IDEA25<\/span><\/b><\/a><span lang=\"EN-US\" style=\"font-size:14.0pt\">, April 29-May 1, 2025, Miami Beach Convention Center, Miami Beach, Florida<\/span><\/span><\/span><\/span><\/p>\r\n\r\n<p style=\"text-align:justify\"><span style=\"font-size:11pt\"><span style=\"line-height:normal\"><span style=\"font-family:Calibri,sans-serif\"><a href=\"https:\/\/www.conbrava.com.br\/\" style=\"color:blue; text-decoration:underline\"><b><span style=\"font-size:14.0pt\">CONBRAVA 2025<\/span><\/b><\/a><span style=\"font-size:14.0pt\">, 10 a 12 de setembro de 2025, S&atilde;o Paulo Expo, Rodovia dos Imigrantes, km 1,5<\/span><\/span><\/span><\/span><\/p>\r\n\r\n<p style=\"text-align:justify\"><span style=\"font-size:11pt\"><span style=\"line-height:normal\"><span style=\"font-family:Calibri,sans-serif\"><a href=\"https:\/\/paving.com.br\/\" style=\"color:blue; text-decoration:underline\"><b><span style=\"font-size:14.0pt\">Paving Expo 2025<\/span><\/b><\/a><span style=\"font-size:14.0pt\">, 23 a 25 de setembro de 2025, Distrito Anhembi, Rua Prof. Milton Rodrigues, s\/n, Santana, S&atilde;o Paulo, SP<\/span><\/span><\/span><\/span><\/p>\r\n\r\n<p style=\"text-align:justify\"><span style=\"font-size:11pt\"><span style=\"line-height:normal\"><span style=\"font-family:Calibri,sans-serif\"><b><span style=\"font-size:14.0pt\">17&ordm; Congresso Brasileiro de Enfermagem em Centro Cir&uacute;rgico: &ldquo;O poder de cuidar&rdquo;<\/span><\/b><span style=\"font-size:14.0pt\">, 01 a 03 de outubro de 2025, Transamerica Expo Center, S&atilde;o Paulo, SP<\/span><\/span><\/span><\/span><\/p>\r\n\r\n<p style=\"text-align:justify\"><span style=\"font-size:11pt\"><span style=\"line-height:normal\"><span style=\"font-family:Calibri,sans-serif\"><a href=\"https:\/\/www.abrafiltros.org.br\/3o-seminario-brasileiro-de-filtros-acontecera-no-dia-08-de-outubro\/\" style=\"color:blue; text-decoration:underline\"><b><span style=\"font-size:14.0pt\">3&ordm; Semin&aacute;rio Brasileiro de Filtros<\/span><\/b><\/a><span style=\"font-size:14.0pt\">, 08 de outubro de 2025, evento presencial<\/span><\/span><\/span><\/span><\/p>\r\n\r\n<p style=\"text-align:justify\"><span style=\"font-size:11pt\"><span style=\"line-height:normal\"><span style=\"font-family:Calibri,sans-serif\"><a href=\"https:\/\/hospitalmed.com.br\/feira\/\" style=\"color:blue; text-decoration:underline\"><b><span style=\"font-size:14.0pt\">HospitalMed 2025<\/span><\/b><\/a><span style=\"font-size:14.0pt\">, 22 a 24 de outubro, Pernambuco Centro de Conven&ccedil;&otilde;es, Olinda<\/span><\/span><\/span><\/span><\/p>\r\n\r\n<p style=\"text-align:justify\"><span style=\"font-size:28pt\"><span style=\"font-family:Cambria,serif\"><span style=\"letter-spacing:-0.5pt\"><b><span lang=\"EN-US\" style=\"font-size:18.0pt\"><span calibri=\"\" style=\"font-family:\"><span style=\"font-variant:small-caps\">Setor<\/span><\/span><\/span><\/b><\/span><\/span><\/span><\/p>\r\n\r\n<p style=\"text-align:justify\"><span style=\"font-size:11pt\"><span style=\"line-height:normal\"><span style=\"font-family:Calibri,sans-serif\"><a href=\"https:\/\/www.fibre2fashion.com\/news\/textile-news\/can-china-retain-its-lead-in-us-nonwoven-fabric-trade-amid-tariffs-301419-newsdetails.htm\" style=\"color:blue; text-decoration:underline\"><span lang=\"ES-AR\" style=\"font-size:14.0pt\">Can China retain its lead in US nonwoven fabric trade amid tariffs?<\/span><\/a><\/span><\/span><\/span><\/p>\r\n\r\n<p style=\"text-align:justify\"><span style=\"font-size:11pt\"><span style=\"line-height:normal\"><span style=\"font-family:Calibri,sans-serif\"><a href=\"https:\/\/www.estadao.com.br\/estadao-verifica\/estudo-usp-mascaras-associadas-mortes-covid-enganoso\/\" style=\"color:blue; text-decoration:underline\"><span style=\"font-size:14.0pt\">&Eacute; fake news: estudo da USP n&atilde;o permite concluir que uso de m&aacute;scaras est&aacute; relacionado a mortes na pandemia<\/span><\/a><\/span><\/span><\/span><\/p>\r\n\r\n<p style=\"text-align:justify\"><span style=\"font-size:11pt\"><span style=\"line-height:normal\"><span style=\"font-family:Calibri,sans-serif\"><a href=\"https:\/\/plasticosemrevista.com.br\/pe-a-prioridade-incontornavel-dos-cortes-na-capacidade-mundial\/\" style=\"color:blue; text-decoration:underline\"><span style=\"font-size:14.0pt\">PE: a prioridade incontorn&aacute;vel dos cortes na capacidade mundial<\/span><\/a><\/span><\/span><\/span><\/p>\r\n\r\n<p style=\"text-align:justify\"><span style=\"font-size:11pt\"><span style=\"line-height:normal\"><span style=\"font-family:Calibri,sans-serif\"><a href=\"https:\/\/plasticosemrevista.com.br\/eua-lyondellbasell-pretende-ampliar-capacidade-de-propeno\/\" style=\"color:blue; text-decoration:underline\"><span style=\"font-size:14.0pt\">EUA: LyondellBasell pretende ampliar capacidade de propeno<\/span><\/a><\/span><\/span><\/span><\/p>\r\n\r\n<p style=\"text-align:justify\"><span style=\"font-size:11pt\"><span style=\"line-height:normal\"><span style=\"font-family:Calibri,sans-serif\"><a href=\"https:\/\/plasticosemrevista.com.br\/a-tortura-chinesa-de-pet\/\" style=\"color:blue; text-decoration:underline\"><span lang=\"EN-US\" style=\"font-size:14.0pt\">A tortura chinesa de PET<\/span><\/a><\/span><\/span><\/span><\/p>\r\n\r\n<p style=\"text-align:justify\"><span style=\"font-size:11pt\"><span style=\"line-height:normal\"><span style=\"font-family:Calibri,sans-serif\"><a href=\"https:\/\/www.newstrail.com\/medical-nonwoven-disposables-market-forecast-2025-2032-size-share-and-emerging-opportunities\/\" style=\"color:blue; text-decoration:underline\"><span lang=\"EN-US\" style=\"font-size:14.0pt\">Medical Nonwoven Disposables Market Forecast 2025-2032: Size, Share, and Emerging Opportunities<\/span><\/a><\/span><\/span><\/span><\/p>\r\n\r\n<p style=\"text-align:justify\"><span style=\"font-size:11pt\"><span style=\"line-height:normal\"><span style=\"font-family:Calibri,sans-serif\"><a href=\"https:\/\/www.fibre2fashion.com\/news\/nonwoven-textile-news\/nonwovens-industry-warns-of-risks-in-eu-us-trade-tensions-301509-newsdetails.htm\" style=\"color:blue; text-decoration:underline\"><span lang=\"EN-US\" style=\"font-size:14.0pt\">Nonwovens industry warns of risks in EU-US trade tensions<\/span><\/a><\/span><\/span><\/span><\/p>\r\n\r\n<p style=\"text-align:justify\"><span style=\"font-size:11pt\"><span style=\"line-height:normal\"><span style=\"font-family:Calibri,sans-serif\"><a href=\"https:\/\/blogdoplastico.wordpress.com\/2025\/03\/23\/unipar-apresenta-experiencias-interativas-e-destaca-solucoes-em-pvc-na-feira-plastico-brasil-2025\/\" style=\"color:blue; text-decoration:underline\"><span style=\"font-size:14.0pt\">Unipar apresenta experi&ecirc;ncias interativas e destaca solu&ccedil;&otilde;es em PVC na feira Pl&aacute;stico Brasil 2025<\/span><\/a><\/span><\/span><\/span><\/p>\r\n\r\n<p style=\"text-align:justify\"><span style=\"font-size:28pt\"><span style=\"font-family:Cambria,serif\"><span style=\"letter-spacing:-0.5pt\"><b><span style=\"font-size:18.0pt\"><span calibri=\"\" style=\"font-family:\"><span style=\"font-variant:small-caps\">Ind&uacute;stria<\/span><\/span><\/span><\/b><\/span><\/span><\/span><\/p>\r\n\r\n<p style=\"text-align:justify\"><span style=\"font-size:11pt\"><span style=\"line-height:normal\"><span style=\"font-family:Calibri,sans-serif\"><a href=\"https:\/\/diariodocomercio.com.br\/opiniao\/artigo\/nova-industria-brasileira-faz-resgate-setor-brasil\/\" style=\"color:blue; text-decoration:underline\"><span style=\"font-size:14.0pt\">Nova Ind&uacute;stria Brasileira faz resgate do setor no Brasil<\/span><\/a><\/span><\/span><\/span><\/p>\r\n\r\n<p style=\"text-align:justify\"><span style=\"font-size:11pt\"><span style=\"line-height:normal\"><span style=\"font-family:Calibri,sans-serif\"><a href=\"https:\/\/sovos.com\/pt-br\/blog\/tributos\/cronograma-da-reforma-tributaria-para-empresas\/?utm_medium=email&amp;utm_source=marketo&amp;utm_campaign=br-newsletter-mar-blog-cronograma-tributario&amp;utm_term=brazil-vat-ssa&amp;utm_content=blog&amp;mkt_tok=MzM0LUhWTi0yNDkAAAGZUpzIcNxKMvvTFbpmxWnrWwmVFA-1RsC4W7Ivv_-fhIJG5-he1dzxQeS27mwTVLPYkwZEopM1_1M4cuZuM4ZhXPk58erk49jrOWfbG59RmIv-\" style=\"color:blue; text-decoration:underline\"><span style=\"font-size:14.0pt\">Cronograma da reforma tribut&aacute;ria para empresas<\/span><\/a><\/span><\/span><\/span><\/p>\r\n\r\n<p style=\"text-align:justify\"><span style=\"font-size:11pt\"><span style=\"line-height:normal\"><span style=\"font-family:Calibri,sans-serif\"><a href=\"https:\/\/sovos.com\/pt-br\/blog\/tributos\/reforma-tributaria-transformar-sistema-tributario-nacional\/?utm_medium=email&amp;utm_source=marketo&amp;utm_campaign=br-newsletter-mar-blog-sistema-tributario&amp;utm_term=brazil-vat-ssa&amp;utm_content=blog&amp;mkt_tok=MzM0LUhWTi0yNDkAAAGZUpzIcekLA4ckiSgIR23kKG1HSHcqxtSGDJm8EHrX8o1pBAlL2pvS6XLKjUbtoI5ZmKClX6gmv2WKSAobIxamizuW1AGD3uzO9MEiRDESMH0i\" style=\"color:blue; text-decoration:underline\"><span style=\"font-size:14.0pt\">Como &eacute; que a Reforma Tribut&aacute;ria vai transformar o sistema tribut&aacute;rio nacional? Alguns pontos relevantes<\/span><\/a><\/span><\/span><\/span><\/p>\r\n\r\n<p style=\"text-align:justify\"><span style=\"font-size:11pt\"><span style=\"line-height:normal\"><span style=\"font-family:Calibri,sans-serif\"><a href=\"https:\/\/sovos.com\/pt-br\/blog\/tributos\/a-reforma-tributaria-simplificara-a-tributacao-no-brasil\/?utm_medium=email&amp;utm_source=marketo&amp;utm_campaign=br-newsletter-mar-blog-rt-simplificara-tributacao&amp;utm_term=brazil-vat-ssa&amp;utm_content=blog&amp;mkt_tok=MzM0LUhWTi0yNDkAAAGZUpzIbxPt1kBA_KgRG_ScdGVBBJagArPHpnGr1V6kZqNUfVTIotTOGLTtN0pH5th60hsygmvNs0R9CmMGpi_s0sEQzokXMycyj3LLxDWKjkFM\" style=\"color:blue; text-decoration:underline\"><span style=\"font-size:14.0pt\">A Reforma Tribut&aacute;ria simplificar&aacute; a tributa&ccedil;&atilde;o no Brasil?<\/span><\/a><\/span><\/span><\/span><\/p>\r\n\r\n<p style=\"text-align:justify\"><span style=\"font-size:28pt\"><span style=\"font-family:Cambria,serif\"><span style=\"letter-spacing:-0.5pt\"><b><span style=\"font-size:18.0pt\"><span calibri=\"\" style=\"font-family:\"><span style=\"font-variant:small-caps\">Sustentabilidade<\/span><\/span><\/span><\/b><\/span><\/span><\/span><\/p>\r\n\r\n<p style=\"text-align:justify\"><span style=\"font-size:11pt\"><span style=\"line-height:normal\"><span style=\"font-family:Calibri,sans-serif\"><a href=\"https:\/\/clickpetroleoegas.com.br\/lixo-plastico-vira-energia-limpa-tecnologia-britanica-promete-35-toneladas-diarias-de-hidrogenio\/\" style=\"color:blue; text-decoration:underline\"><span style=\"font-size:14.0pt\">Lixo pl&aacute;stico vira energia limpa &mdash; tecnologia brit&acirc;nica promete 35 toneladas di&aacute;rias de hidrog&ecirc;nio<\/span><\/a><\/span><\/span><\/span><\/p>\r\n\r\n<p style=\"text-align:justify\"><span style=\"font-size:11pt\"><span style=\"line-height:normal\"><span style=\"font-family:Calibri,sans-serif\"><a href=\"https:\/\/mundodoplastico.plasticobrasil.com.br\/reciclagem\/responsabilidade-estendida-do-produtor-epr\/?utm_campaign=BRZ25MDP-BP-Newsletter66&amp;utm_emailname=BRZ25MDP-BP-Newsletter66&amp;utm_medium=email&amp;utm_source=eloqua&amp;utm_MDMContactID=2bb3d23c-a32f-4218-88d5-29f7fb45caee&amp;utm_campaigntype=Visitor%20Promotion&amp;eM=50c7dfe42c38ea8f10539f0a167fc763253059e495554a32db7a57f8f237ec4c&amp;eventSeriesCode=ES_PLSTCBRZL&amp;eventEditionCode=BRA25IPR&amp;sessionCode=S_EXHB&amp;sp_eh=50c7dfe42c38ea8f10539f0a167fc763253059e495554a32db7a57f8f237ec4c\" style=\"color:blue; text-decoration:underline\"><span style=\"font-size:14.0pt\">O que &eacute; a Responsabilidade Estendida do Produtor (EPR)?<\/span><\/a><\/span><\/span><\/span><\/p>\r\n\r\n<p style=\"text-align:justify\"><span style=\"font-size:11pt\"><span style=\"line-height:normal\"><span style=\"font-family:Calibri,sans-serif\"><a href=\"https:\/\/www.revistaplasticosul.com.br\/sustentabilidade\/lord-e-plastic-bank-vao-retirar-6-milhoes-de-garrafas-plasticas-do-meio-ambiente-no-brasil-em-2025\/\" style=\"color:blue; text-decoration:underline\"><span style=\"font-size:14.0pt\">Lord e Plastic Bank v&atilde;o retirar 6 milh&otilde;es de garrafas pl&aacute;sticas do meio ambiente no brasil em 2025<\/span><\/a><\/span><\/span><\/span><\/p>\r\n\r\n<p style=\"text-align:justify\"><span style=\"font-size:28pt\"><span style=\"font-family:Cambria,serif\"><span style=\"letter-spacing:-0.5pt\"><b><span style=\"font-size:18.0pt\"><span calibri=\"\" style=\"font-family:\"><span style=\"font-variant:small-caps\">Inova&ccedil;&atilde;o<\/span><\/span><\/span><\/b><\/span><\/span><\/span><\/p>\r\n\r\n<p style=\"text-align:justify\"><span style=\"font-size:11pt\"><span style=\"line-height:normal\"><span style=\"font-family:Calibri,sans-serif\"><a href=\"https:\/\/agenciabrasil.ebc.com.br\/economia\/noticia\/2025-03\/inovacao-na-industria-recuou-em-2023-no-brasil-diz-ibge\" style=\"color:blue; text-decoration:underline\"><span style=\"font-size:14.0pt\">Inova&ccedil;&atilde;o na ind&uacute;stria recuou em 2023 no Brasil, diz IBGE<\/span><\/a><\/span><\/span><\/span><\/p>\r\n\r\n<p style=\"text-align:justify\"><span style=\"font-size:11pt\"><span style=\"line-height:normal\"><span style=\"font-family:Calibri,sans-serif\"><a href=\"https:\/\/agenciadenoticias.ibge.gov.br\/agencia-noticias\/2012-agencia-de-noticias\/noticias\/42929-em-2023-taxa-de-inovacao-da-industria-cai-pelo-segundo-ano-consecutivo\" style=\"color:blue; text-decoration:underline\"><span style=\"font-size:14.0pt\">Em 2023, taxa de inova&ccedil;&atilde;o da Ind&uacute;stria cai pelo segundo ano consecutivo<\/span><\/a><\/span><\/span><\/span><\/p>\r\n\r\n<p style=\"text-align:justify\"><span style=\"font-size:11pt\"><span style=\"line-height:normal\"><span style=\"font-family:Calibri,sans-serif\"><a href=\"https:\/\/noticias.portaldaindustria.com.br\/noticias\/inovacao-e-tecnologia\/ministro-fernando-haddad-debate-politicas-de-inovacao-com-lideres-da-mei\/\" style=\"color:blue; text-decoration:underline\"><span style=\"font-size:14.0pt\">Ministro Fernando Haddad debate pol&iacute;ticas de inova&ccedil;&atilde;o com l&iacute;deres da MEI<\/span><\/a><\/span><\/span><\/span><\/p>\r\n\r\n<p style=\"text-align:justify\"><span style=\"font-size:11pt\"><span style=\"line-height:normal\"><span style=\"font-family:Calibri,sans-serif\"><a href=\"https:\/\/blogdoplastico.wordpress.com\/2025\/03\/18\/braskem-desenvolve-inovacoes-para-a-geracao-de-energia-solar\/\" style=\"color:blue; text-decoration:underline\"><span style=\"font-size:14.0pt\">Braskem desenvolve inova&ccedil;&otilde;es para a gera&ccedil;&atilde;o de energia solar<\/span><\/a><\/span><\/span><\/span><\/p>\r\n\r\n<p style=\"text-align:justify\"><span style=\"font-size:28pt\"><span style=\"font-family:Cambria,serif\"><span style=\"letter-spacing:-0.5pt\"><b><span style=\"font-size:18.0pt\"><span calibri=\"\" style=\"font-family:\"><span style=\"font-variant:small-caps\">Com&eacute;rcio Exterior<\/span><\/span><\/span><\/b><\/span><\/span><\/span><\/p>\r\n\r\n<p style=\"text-align:justify\"><span style=\"font-size:11pt\"><span style=\"line-height:normal\"><span style=\"font-family:Calibri,sans-serif\"><a href=\"https:\/\/portalibre.fgv.br\/noticias\/deficit-com-china-e-piora-no-superavit-da-balanca-comercial-do-primeiro-bimestre-de-2025\" style=\"color:blue; text-decoration:underline\"><span style=\"font-size:14.0pt\">D&eacute;ficit com a China e piora no super&aacute;vit da balan&ccedil;a comercial do primeiro bimestre de 2025<\/span><\/a><\/span><\/span><\/span><\/p>\r\n\r\n<p style=\"text-align:justify\"><span style=\"font-size:11pt\"><span style=\"line-height:normal\"><span style=\"font-family:Calibri,sans-serif\"><a href=\"https:\/\/www.poder360.com.br\/opiniao\/o-futuro-da-industria-e-a-protecao-contra-o-surto-de-importados\/#:~:text=Esse%20aumento%20tempor%C3%A1rio%20das%20tarifas,contribu%C3%ADrem%20ainda%20mais%20pelo%20pa%C3%ADs.\" style=\"color:blue; text-decoration:underline\"><span style=\"font-size:14.0pt\">Abiquim | O futuro da ind&uacute;stria &eacute; a prote&ccedil;&atilde;o contra o surto de importados<\/span><\/a><\/span><\/span><\/span><\/p>\r\n\r\n<p style=\"text-align:justify\"><span style=\"font-size:11pt\"><span style=\"line-height:normal\"><span style=\"font-family:Calibri,sans-serif\"><a href=\"https:\/\/static.portaldaindustria.com.br\/media\/filer_public\/5c\/8e\/5c8e16e6-052f-4c93-a4b8-98bd2e7af308\/ex_ipc_25-04_mercosul_reuniao_grelex.pdf\" style=\"color:blue; text-decoration:underline\"><span style=\"font-size:14.0pt\">MERCOSUL publica ata da reuni&atilde;o do GRELEX<\/span><\/a><\/span><\/span><\/span><\/p>\r\n\r\n<p style=\"text-align:justify\"><span style=\"font-size:11pt\"><span style=\"line-height:normal\"><span style=\"font-family:Calibri,sans-serif\"><a href=\"https:\/\/apexbrasil.com.br\/br\/pt\/conteudo\/noticias\/apexbrasil-participa-da-conferencia-de-intercambio-e-cooperacao-.html#msdynttrid=lyVgossECMn500Na-9hUdh118iLnwIpKPMLx_qVyWaA\" style=\"color:blue; text-decoration:underline\"><span style=\"font-size:14.0pt\">ApexBrasil participa da Confer&ecirc;ncia de Interc&acirc;mbio e Coopera&ccedil;&atilde;o Econ&ocirc;mica e Comercial entre a China e o Brasil<\/span><\/a><\/span><\/span><\/span><\/p>\r\n\r\n<p style=\"text-align:justify\"><span style=\"font-size:11pt\"><span style=\"line-height:normal\"><span style=\"font-family:Calibri,sans-serif\"><a href=\"https:\/\/www.estadao.com.br\/internacional\/lula-viagem-japao-vietna-acordos-comerciais-nprei\/\" style=\"color:blue; text-decoration:underline\"><span style=\"font-size:14.0pt\">Lula e comitiva embarcam para Jap&atilde;o e Vietn&atilde; em busca de acordos comerciais<\/span><\/a><\/span><\/span><\/span><\/p>\r\n\r\n<p style=\"text-align:justify\"><span style=\"font-size:11pt\"><span style=\"line-height:normal\"><span style=\"font-family:Calibri,sans-serif\"><a href=\"https:\/\/www.fibre2fashion.com\/news\/technical-textiles\/technical-textiles-trade-in-us-mexico-leads-while-china-struggles-301140-newsdetails.htm\" style=\"color:blue; text-decoration:underline\"><span lang=\"EN-US\" style=\"font-size:14.0pt\">Technical textiles trade in US: Mexico leads while China struggles<\/span><\/a><\/span><\/span><\/span><\/p>\r\n\r\n<p style=\"text-align:justify\"><span style=\"font-size:11pt\"><span style=\"line-height:normal\"><span style=\"font-family:Calibri,sans-serif\"><a href=\"https:\/\/www.fibre2fashion.com\/news\/textile-news\/global-trade-starts-2025-on-stable-ground-but-new-risks-loom-unctad-301360-newsdetails.htm\" style=\"color:blue; text-decoration:underline\"><span lang=\"EN-US\" style=\"font-size:14.0pt\">Global trade starts 2025 on stable ground, but new risks loom<\/span><\/a><\/span><\/span><\/span><\/p>\r\n\r\n<p style=\"text-align:justify\"><span style=\"font-size:28pt\"><span style=\"font-family:Cambria,serif\"><span style=\"letter-spacing:-0.5pt\"><b><span style=\"font-size:18.0pt\"><span calibri=\"\" style=\"font-family:\"><span style=\"font-variant:small-caps\">Economia<\/span><\/span><\/span><\/b><\/span><\/span><\/span><\/p>\r\n\r\n<p style=\"text-align:justify\"><span style=\"font-size:11pt\"><span style=\"line-height:normal\"><span style=\"font-family:Calibri,sans-serif\"><a href=\"https:\/\/www.bcb.gov.br\/content\/focus\/focus\/R20250321.pdf\" style=\"color:blue; text-decoration:underline\"><span style=\"font-size:14.0pt\">Focus - Relat&oacute;rio de Mercado<\/span><\/a><\/span><\/span><\/span><\/p>\r\n\r\n<p style=\"text-align:justify\"><span style=\"font-size:11pt\"><span style=\"line-height:normal\"><span style=\"font-family:Calibri,sans-serif\"><a href=\"https:\/\/ibre.fgv.br\/blog-da-conjuntura-economica\/artigos\/no-brasil-para-criar-despesa-nova-nao-existe-oposicao\" style=\"color:blue; text-decoration:underline\"><span style=\"font-size:14.0pt\">&ldquo;No Brasil, para criar despesa nova, n&atilde;o existe oposi&ccedil;&atilde;o&rdquo;<\/span><\/a><\/span><\/span><\/span><\/p>\r\n\r\n<p style=\"text-align:justify\"><span style=\"font-size:11pt\"><span style=\"line-height:normal\"><span style=\"font-family:Calibri,sans-serif\"><a href=\"https:\/\/br.investing.com\/news\/economic-indicators\/ocde-reduz-previsao-do-pib-do-brasil-em-2025-com-alta-de-juro-e-tarifas-1492723\" style=\"color:blue; text-decoration:underline\"><span style=\"font-size:14.0pt\">OCDE reduz previs&atilde;o do PIB do Brasil em 2025 com alta de juro e tarifas<\/span><\/a><\/span><\/span><\/span><\/p>\r\n\r\n<p style=\"text-align:justify\"><span style=\"font-size:11pt\"><span style=\"line-height:normal\"><span style=\"font-family:Calibri,sans-serif\"><a href=\"https:\/\/www.moveisdevalor.com.br\/portal\/caminho-sem-volta-brasil-esta-caminhando-para-uma-recessao?source=news\" style=\"color:blue; text-decoration:underline\"><span style=\"font-size:14.0pt\">Caminho sem volta: Brasil est&aacute; caminhando para uma recess&atilde;o<\/span><\/a><\/span><\/span><\/span><\/p>\r\n\r\n<p style=\"text-align:justify\"><span style=\"font-size:11pt\"><span style=\"line-height:normal\"><span style=\"font-family:Calibri,sans-serif\"><a href=\"https:\/\/agenciabrasil.ebc.com.br\/economia\/noticia\/2025-03\/economia-brasileira-cresceu-03-de-dezembro-para-janeiro-estima-fgv\" style=\"color:blue; text-decoration:underline\"><span style=\"font-size:14.0pt\">Economia brasileira cresceu 0,3% de dezembro para janeiro, estima FGV<\/span><\/a><\/span><\/span><\/span><\/p>\r\n\r\n<p style=\"text-align:justify\"><span style=\"font-size:11pt\"><span style=\"line-height:normal\"><span style=\"font-family:Calibri,sans-serif\"><a href=\"https:\/\/web.bndes.gov.br\/bib\/jspui\/bitstream\/1408\/26447\/1\/PRFol_216372_Coment%c3%a1rios%20sobre%20PIB%204T%202024.pdf\" style=\"color:blue; text-decoration:underline\"><span style=\"font-size:14.0pt\">BNDES | Crescimento econ&ocirc;mico supera expectativas em 2024<\/span><\/a><\/span><\/span><\/span><\/p>\r\n\r\n<p style=\"text-align:justify\"><img src=\"https:\/\/www.abint.org.br\/assets\/img\/editor\/redes-sociais-abint-ctg-cth_20250205143403kcH4SBmjCL.jpg\" \/><\/p>\r\n","texto_en":"","7":"","imagem":"COMP_capa-2025-site-boletim-abint-noticias-semanis_20250402164109BSzZc6VMZi.jpg","8":"COMP_capa-2025-site-boletim-abint-noticias-semanis_20250402164109BSzZc6VMZi.jpg","arquivo":"20250325-BOLETIM-ABINT-DE-NOTICIAS-SEMANAIS.PDF","9":"20250325-BOLETIM-ABINT-DE-NOTICIAS-SEMANAIS.PDF","titulo_arquivo":"20250325 Boletim ABINT de Not\u00edcias Semanais","10":"20250325 Boletim ABINT de Not\u00edcias Semanais","titulo_arquivo_en":"","11":"","created_at":"2025-04-02 16:41:16","12":"2025-04-02 16:41:16","updated_at":"2025-04-02 16:43:05","13":"2025-04-02 16:43:05"},{"id":162,"0":162,"ordem":60,"1":60,"data":"2025-03-18","2":"2025-03-18","slug":"boletim-abint-de-noticias-semanais-68","3":"boletim-abint-de-noticias-semanais-68","titulo":"Boletim ABINT de Not\u00edcias Semanais","4":"Boletim ABINT de Not\u00edcias Semanais","titulo_en":".","5":".","texto":"<p style=\"text-align:justify\"><span style=\"font-size:11pt\"><span style=\"line-height:normal\"><span style=\"font-family:Calibri,sans-serif\"><span style=\"font-size:14.0pt\">Esta &eacute; uma compila&ccedil;&atilde;o das not&iacute;cias mais relevantes para o setor, incluindo informa&ccedil;&otilde;es sobre acordos internacionais, economia brasileira, sustentabilidade e mat&eacute;rias primas, al&eacute;m de novidades do setor de N&atilde;otecidos e Tecidos T&eacute;cnicos.<\/span><\/span><\/span><\/span><\/p>\r\n\r\n<p style=\"text-align:justify\"><b><span style=\"font-size:18.0pt\"><span style=\"line-height:115%\"><span style=\"font-family:&quot;Calibri&quot;,sans-serif\"><span style=\"font-variant:small-caps\">O que vem por a&iacute;<\/span><\/span><\/span><\/span><\/b><\/p>\r\n\r\n<p style=\"text-align:justify\">&nbsp;<\/p>\r\n\r\n<p><img src=\"https:\/\/www.abint.org.br\/assets\/img\/editor\/original_20250227114538tLGmSWwKl9.png\" style=\"width: 300px; height: 69px;\" \/><\/p>\r\n\r\n<p><img src=\"https:\/\/www.abint.org.br\/assets\/img\/editor\/post-quadrado-curso-naotecido_20250227114621LJZ1V0PpMV.jpg\" style=\"width: 500px; height: 500px;\" \/><\/p>\r\n\r\n<p><a href=\"https:\/\/encurtador.com.br\/5RiJ6\">Fa&ccedil;a sua inscri&ccedil;&atilde;o<\/a><\/p>\r\n\r\n<p>&nbsp;<\/p>\r\n\r\n<p><img src=\"https:\/\/www.abint.org.br\/assets\/img\/editor\/logo-ctg-abint-png_202502051355479yWykO7ojh.png\" style=\"width: 300px; height: 55px;\" \/><\/p>\r\n\r\n<p>&nbsp;<\/p>\r\n\r\n<p><img src=\"https:\/\/www.abint.org.br\/assets\/img\/editor\/post-curso-br-instal-gm-2025_20250205135746uUVJpTDyEg.jpg\" style=\"width: 500px; height: 500px;\" \/><\/p>\r\n\r\n<p><a href=\"https:\/\/www.eventbrite.com\/e\/curso-brasileiro-de-instalacao-de-geomembranas-paulo-kenji-acakura-2025-tickets-1111455586579?aff=oddtdtcreator\">Fa&ccedil;a sua inscri&ccedil;&atilde;o<\/a><\/p>\r\n\r\n<p>&nbsp;<\/p>\r\n\r\n<p>&nbsp;<\/p>\r\n\r\n<p><img src=\"https:\/\/www.abint.org.br\/assets\/img\/editor\/e-mail-post-premio-tcc-icc-2024-2025_20250205143024je0yZgOKML.png\" style=\"width: 500px; height: 500px;\" \/><\/p>\r\n\r\n<p><a href=\"https:\/\/geossinteticos.org.br\/premiotccic\">Inscreva seu trabalho<\/a><\/p>\r\n\r\n<p class=\"MsoTitle\" style=\"text-align:justify\"><span style=\"font-size:28pt\"><span style=\"font-family:Cambria,serif\"><span style=\"letter-spacing:-0.5pt\"><b><span style=\"font-size:18.0pt\"><span style=\"font-family:&quot;Calibri&quot;,sans-serif\"><span style=\"font-variant:small-caps\">Not&iacute;cias das Associadas<\/span><\/span><\/span><\/b><\/span><\/span><\/span><\/p>\r\n\r\n<p style=\"text-align:justify\"><span style=\"font-size:11pt\"><span style=\"line-height:normal\"><span style=\"font-family:Calibri,sans-serif\"><a href=\"https:\/\/biogaseenergia.com.br\/curso-instalacao-de-geomembranas\" style=\"color:blue; text-decoration:underline\"><span style=\"font-size:14.0pt\">&Uacute;ltimas vagas para o Curso de Instala&ccedil;&atilde;o de Geomembranas do CTG ABINT<\/span><\/a><\/span><\/span><\/span><\/p>\r\n\r\n<p style=\"text-align:justify\"><span style=\"font-size:11pt\"><span style=\"line-height:normal\"><span style=\"font-family:Calibri,sans-serif\"><a href=\"https:\/\/abctecnologias.us4.list-manage.com\/track\/click?u=eadcdb852894c5b5684bd7107&amp;id=eff3e3d39e&amp;e=5337ee208e\" style=\"color:blue; text-decoration:underline\"><span style=\"font-size:14.0pt\">ABC Tecnologias | Inova&ccedil;&atilde;o sustent&aacute;vel: barcos fabricados com PEAD reciclado<\/span><\/a><\/span><\/span><\/span><\/p>\r\n\r\n<p style=\"text-align:justify\"><span style=\"font-size:11pt\"><span style=\"line-height:normal\"><span style=\"font-family:Calibri,sans-serif\"><a href=\"https:\/\/www.fibre2fashion.com\/news\/technical-textiles\/austria-s-andritz-eyes-growth-in-2025-with-9-bn-revenue-boost-301197-newsdetails.htm\" style=\"color:blue; text-decoration:underline\"><span style=\"font-size:14.0pt\">La austriaca Andritz prev&eacute; crecer en 2025 con unos ingresos de 9.000 millones de d&oacute;lares<\/span><\/a><\/span><\/span><\/span><\/p>\r\n\r\n<p style=\"text-align:justify\"><span style=\"font-size:11pt\"><span style=\"line-height:normal\"><span style=\"font-family:Calibri,sans-serif\"><a href=\"https:\/\/www.textileworld.com\/textile-world\/nonwovens-technical-textiles\/2025\/03\/sustainable-insulation-andritz-tearing-line-to-enhance-recycling-capabilities-at-buitex\/\" style=\"color:blue; text-decoration:underline\"><span style=\"font-size:14.0pt\">Isolamento sustent&aacute;vel: linha de corte da ANDRITZ para aprimorar as capacidades de reciclagem na Buitex<\/span><\/a><\/span><\/span><\/span><\/p>\r\n\r\n<p style=\"text-align:justify\"><span style=\"font-size:11pt\"><span style=\"line-height:normal\"><span style=\"font-family:Calibri,sans-serif\"><a href=\"https:\/\/www.textileworld.com\/textile-world\/nonwovens-technical-textiles\/2025\/03\/suominen-has-published-sustainability-agenda-for-2025-2030\/\" style=\"color:blue; text-decoration:underline\"><span style=\"font-size:14.0pt\">Suominen publicou agenda de sustentabilidade para 2025&ndash;2030<\/span><\/a><\/span><\/span><\/span><\/p>\r\n\r\n<p style=\"text-align:justify\"><span style=\"font-size:11pt\"><span style=\"line-height:normal\"><span style=\"font-family:Calibri,sans-serif\"><a href=\"https:\/\/portalpersonalcare.com.br\/viveo-autoriza-venda-da-cremer-em-meio-a-reestruturacao-financeira\/?utm_campaign=newsletter_12032025&amp;utm_medium=email&amp;utm_source=RD+Station\" style=\"color:blue; text-decoration:underline\"><span style=\"font-size:14.0pt\">Viveo autoriza venda da Cremer em meio a reestrutura&ccedil;&atilde;o financeira<\/span><\/a><\/span><\/span><\/span><\/p>\r\n\r\n<p style=\"text-align:justify\">&nbsp;<\/p>\r\n\r\n<p style=\"text-align:justify\"><span style=\"font-size:11pt\"><span style=\"line-height:normal\"><span style=\"font-family:Calibri,sans-serif\"><b><span style=\"font-size:18.0pt\"><span style=\"font-variant:small-caps\">Eventos<\/span><\/span><\/b><\/span><\/span><\/span><\/p>\r\n\r\n<p style=\"text-align:justify\">&nbsp;<\/p>\r\n\r\n<p style=\"text-align:justify\"><span style=\"font-size:11pt\"><span style=\"line-height:normal\"><span style=\"font-family:Calibri,sans-serif\"><a href=\"https:\/\/www.fimec.com.br\/\" style=\"color:blue; text-decoration:underline\"><b><span style=\"font-size:14.0pt\">Fimec 2025<\/span><\/b><\/a><span style=\"font-size:14.0pt\">, 18 a 20 de mar&ccedil;o, Fenac, Novo Hamburgo, RS<\/span><\/span><\/span><\/span><\/p>\r\n\r\n<p style=\"text-align:justify\"><span style=\"font-size:11pt\"><span style=\"line-height:normal\"><span style=\"font-family:Calibri,sans-serif\"><a href=\"http:\/\/www.pettalk.org.br\" style=\"color:blue; text-decoration:underline\"><b><span style=\"font-size:14.0pt\">PETTALK 2025<\/span><\/b><\/a><b><span style=\"font-size:14.0pt\">: <\/span><\/b><span style=\"font-size:14.0pt\">24 de mar&ccedil;o, em S&atilde;o Paulo. Realiza&ccedil;&atilde;o da Associa&ccedil;&atilde;o Brasileira da Ind&uacute;stria do PET (ABIPET)<\/span><\/span><\/span><\/span><\/p>\r\n\r\n<p style=\"text-align:justify\"><span style=\"font-size:11pt\"><span style=\"line-height:normal\"><span style=\"font-family:Calibri,sans-serif\"><a href=\"https:\/\/www.plasticobrasil.com.br\/pt\/home.html\" style=\"color:blue; text-decoration:underline\"><b><span style=\"font-size:14.0pt\">Pl&aacute;stico Brasil<\/span><\/b><\/a><span style=\"font-size:14.0pt\">, de 24 a 28 de mar&ccedil;o de 2025, 10h &agrave;s 19h, S&atilde;o Paulo Expo, Rodovia dos Imigrantes, km 1,5<\/span><\/span><\/span><\/span><\/p>\r\n\r\n<p style=\"text-align:justify\">&nbsp;<\/p>\r\n\r\n<p align=\"center\" style=\"text-align:center\"><span style=\"font-size:11pt\"><span style=\"line-height:normal\"><span style=\"font-family:Calibri,sans-serif\"><a href=\"https:\/\/reformatributaria.fiesp.com.br\/evento\/\" style=\"color:blue; text-decoration:underline\"><b><span style=\"font-size:14.0pt\">FIESP | Reforma Tribut&aacute;ria: como ela pode impactar seu neg&oacute;cio?<\/span><\/b><\/a><\/span><\/span><\/span><\/p>\r\n\r\n<p align=\"center\" style=\"text-align:center\"><span style=\"font-size:11pt\"><span style=\"line-height:normal\"><span style=\"font-family:Calibri,sans-serif\"><span style=\"font-size:14.0pt\">25 de mar&ccedil;o de 2025, 08h &agrave; 16h, Av. Paulista 1313<\/span><\/span><\/span><\/span><\/p>\r\n\r\n<p style=\"text-align:justify\"><span style=\"font-size:11pt\"><span style=\"line-height:normal\"><span style=\"font-family:Calibri,sans-serif\"><a href=\"https:\/\/docs.google.com\/forms\/d\/e\/1FAIpQLSfAInjl19BmITDFg1q0rJaNbR3k4RZUZTxy6oPBUIHpyu8AQg\/viewform\" style=\"color:blue; text-decoration:underline\"><b><span style=\"font-size:14.0pt\">Webinar Abrac | Internaliza&ccedil;&atilde;o da norma ISO 7101:2023 &ndash; Lan&ccedil;amento ABNT e aprova&ccedil;&atilde;o do escopo pela Cgcre do Inmetro<\/span><\/b><\/a><span style=\"font-size:14.0pt\">, 26 de mar&ccedil;o de 2025, &agrave;s 16h, evento pela Plataforma Zoom<\/span><\/span><\/span><\/span><\/p>\r\n\r\n<p align=\"center\" style=\"text-align:center\"><span style=\"font-size:11pt\"><span style=\"line-height:normal\"><span style=\"font-family:Calibri,sans-serif\"><b><span style=\"font-size:14.0pt\"><a href=\"https:\/\/docs.google.com\/forms\/d\/e\/1FAIpQLSe8n6fJqntSs3elWsTM_2VSk89rkU_dYp3U2O27WAzVnL_J8Q\/viewform\" style=\"color:blue; text-decoration:underline\">ABTT Academy | Bases t&eacute;cnicas para montagem de um laborat&oacute;rio<\/a><\/span><\/b><\/span><\/span><\/span><\/p>\r\n\r\n<p align=\"center\" style=\"text-align:center\"><span style=\"font-size:11pt\"><span style=\"line-height:normal\"><span style=\"font-family:Calibri,sans-serif\"><span class=\"MsoHyperlink\" style=\"color:blue\"><span style=\"text-decoration:underline\"><b><span style=\"font-size:14.0pt\"><a href=\"https:\/\/docs.google.com\/forms\/d\/e\/1FAIpQLSe8n6fJqntSs3elWsTM_2VSk89rkU_dYp3U2O27WAzVnL_J8Q\/viewform\" style=\"color:blue; text-decoration:underline\">de controle de qualidade na ind&uacute;stria de t&ecirc;xtil e de confec&ccedil;&atilde;o<\/a><\/span><\/b><\/span><\/span><\/span><\/span><\/span><\/p>\r\n\r\n<p align=\"center\" style=\"text-align:center\"><span style=\"font-size:11pt\"><span style=\"line-height:normal\"><span style=\"font-family:Calibri,sans-serif\"><span style=\"font-size:14.0pt\">29 de mar&ccedil;o de 2025, 08h &agrave;s 12h, evento online<\/span><\/span><\/span><\/span><\/p>\r\n\r\n<p style=\"text-align:justify\"><span style=\"font-size:11pt\"><span style=\"line-height:normal\"><span style=\"font-family:Calibri,sans-serif\"><a href=\"https:\/\/www.sympla.com.br\/evento-online\/agenda-verde-fecomerciosp-os-desafios-ambientais-do-brasil-e-a-cop30\/2843674\" style=\"color:blue; text-decoration:underline\"><b><span style=\"font-size:14.0pt\">Agenda Verde FecomercioSP | Os desafios ambientais do Brasil e a COP30<\/span><\/b><\/a><span style=\"font-size:14.0pt\">, 10 de abril de 2025, 09h00 &agrave;s 12h30, evento online<\/span><\/span><\/span><\/span><\/p>\r\n\r\n<p style=\"text-align:justify\"><span style=\"font-size:11pt\"><span style=\"line-height:normal\"><span style=\"font-family:Calibri,sans-serif\"><a href=\"https:\/\/www.automecfeira.com.br\/pt-br.html\" style=\"color:blue; text-decoration:underline\"><b><span style=\"font-size:14.0pt\">Automec 2025<\/span><\/b><\/a><span style=\"font-size:14.0pt\">, 22 a 26 de abril de 2025, S&atilde;o Paulo Expo, Rodovia dos Imigrantes, Km 1,5, &Aacute;gua Funda, S&atilde;o Paulo, SP<\/span><\/span><\/span><\/span><\/p>\r\n\r\n<p style=\"text-align:justify\"><span style=\"font-size:11pt\"><span style=\"line-height:normal\"><span style=\"font-family:Calibri,sans-serif\"><a href=\"https:\/\/carreira.eseg.edu.br\/transmissao-ao-vivo-ciclo-de-palestras-marco-diogo-guillen?utm_campaign=prospeccao_on-line-_publico_externo-_banco_central&amp;utm_medium=email&amp;utm_source=RD+Station\" style=\"color:blue; text-decoration:underline\"><b><span style=\"font-size:14.0pt\">&quot;Conjuntura Econ&ocirc;mica: Evolu&ccedil;&atilde;o do Cen&aacute;rio e Proje&ccedil;&otilde;es para a Infla&ccedil;&atilde;o<\/span><\/b><span style=\"font-size:14.0pt\">&quot;<\/span><\/a><span style=\"font-size:14.0pt\">, Diego Guillen, diretor de Pol&iacute;tica Econ&ocirc;mica do Banco Central do Brasil, 31 de mar&ccedil;o de 2025, &agrave;s 19h<\/span><\/span><\/span><\/span><\/p>\r\n\r\n<p align=\"center\" style=\"text-align:center\">&nbsp;<\/p>\r\n\r\n<p align=\"center\" style=\"text-align:center\"><span style=\"font-size:11pt\"><span style=\"line-height:normal\"><span style=\"font-family:Calibri,sans-serif\"><a href=\"https:\/\/docs.google.com\/forms\/d\/e\/1FAIpQLSfMrxxb83TM8IA9RFdNa0ACl5NtjckyztJJD155dbtEWBB5ow\/viewform\" style=\"color:blue; text-decoration:underline\"><b><span style=\"font-size:14.0pt\">Qualidade da cor para t&ecirc;xteis<\/span><\/b><\/a><\/span><\/span><\/span><\/p>\r\n\r\n<p align=\"center\" style=\"text-align:center\"><span style=\"font-size:11pt\"><span style=\"line-height:normal\"><span style=\"font-family:Calibri,sans-serif\"><span style=\"font-size:14.0pt\">26 de abril de 2025, 08h &agrave;s 12h, evento online<\/span><\/span><\/span><\/span><\/p>\r\n\r\n<p align=\"center\" style=\"text-align:center\"><span style=\"font-size:11pt\"><span style=\"line-height:normal\"><span style=\"font-family:Calibri,sans-serif\"><a href=\"https:\/\/forms.gle\/gVRanQmStqMhRKtM6\" style=\"color:blue; text-decoration:underline\"><b><span style=\"font-size:14.0pt\">ABTT Academy | Curso: Vamos falar de sa&uacute;de mental nas empresas?<\/span><\/b><\/a><\/span><\/span><\/span><\/p>\r\n\r\n<p align=\"center\" style=\"text-align:center\"><span style=\"font-size:11pt\"><span style=\"line-height:normal\"><span style=\"font-family:Calibri,sans-serif\"><span style=\"font-size:14.0pt\">17 de maio de 2025, 08h &agrave;s 12h, evento online<\/span><\/span><\/span><\/span><\/p>\r\n\r\n<p style=\"text-align:justify\"><span style=\"font-size:11pt\"><span style=\"line-height:normal\"><span style=\"font-family:Calibri,sans-serif\"><a href=\"https:\/\/www.hospitalar.com\/pt\/home.html\" style=\"color:blue; text-decoration:underline\"><b><span style=\"font-size:14.0pt\">Hospitalar 2025<\/span><\/b><\/a><span style=\"font-size:14.0pt\">, 20 a 23 de maio, 11h00 &agrave;s 20h00, S&atilde;o Paulo Expo, Rodovia dos Imigrantes, km 1,5<\/span><\/span><\/span><\/span><\/p>\r\n\r\n<p style=\"text-align:justify\"><span style=\"font-size:11pt\"><span style=\"line-height:normal\"><span style=\"font-family:Calibri,sans-serif\"><a href=\"https:\/\/ideashow.org\/\" style=\"color:blue; text-decoration:underline\"><b><span lang=\"EN-US\" style=\"font-size:14.0pt\">IDEA25<\/span><\/b><\/a><span lang=\"EN-US\" style=\"font-size:14.0pt\">, April 29-May 1, 2025, Miami Beach Convention Center, Miami Beach, Florida<\/span><\/span><\/span><\/span><\/p>\r\n\r\n<p style=\"text-align:justify\"><span style=\"font-size:11pt\"><span style=\"line-height:normal\"><span style=\"font-family:Calibri,sans-serif\"><a href=\"https:\/\/www.conbrava.com.br\/\" style=\"color:blue; text-decoration:underline\"><b><span style=\"font-size:14.0pt\">CONBRAVA 2025<\/span><\/b><\/a><span style=\"font-size:14.0pt\">, 10 a 12 de setembro de 2025, S&atilde;o Paulo Expo, Rodovia dos Imigrantes, km 1,5<\/span><\/span><\/span><\/span><\/p>\r\n\r\n<p style=\"text-align:justify\"><span style=\"font-size:11pt\"><span style=\"line-height:normal\"><span style=\"font-family:Calibri,sans-serif\"><a href=\"https:\/\/paving.com.br\/\" style=\"color:blue; text-decoration:underline\"><b><span style=\"font-size:14.0pt\">Paving Expo 2025<\/span><\/b><\/a><span style=\"font-size:14.0pt\">, 23 a 25 de setembro de 2025, Distrito Anhembi, Rua Prof. Milton Rodrigues, s\/n, Santana, S&atilde;o Paulo, SP<\/span><\/span><\/span><\/span><\/p>\r\n\r\n<p style=\"text-align:justify\"><span style=\"font-size:11pt\"><span style=\"line-height:normal\"><span style=\"font-family:Calibri,sans-serif\"><b><span style=\"font-size:14.0pt\">17&ordm; Congresso Brasileiro de Enfermagem em Centro Cir&uacute;rgico: &ldquo;O poder de cuidar&rdquo;<\/span><\/b><span style=\"font-size:14.0pt\">, 01 a 03 de outubro de 2025, Transamerica Expo Center, S&atilde;o Paulo, SP<\/span><\/span><\/span><\/span><\/p>\r\n\r\n<p style=\"text-align:justify\"><span style=\"font-size:11pt\"><span style=\"line-height:normal\"><span style=\"font-family:Calibri,sans-serif\"><a href=\"https:\/\/hospitalmed.com.br\/feira\/\" style=\"color:blue; text-decoration:underline\"><b><span style=\"font-size:14.0pt\">HospitalMed 2025<\/span><\/b><\/a><span style=\"font-size:14.0pt\">, 22 a 24 de outubro, Pernambuco Centro de Conven&ccedil;&otilde;es, Olinda<\/span><\/span><\/span><\/span><\/p>\r\n\r\n<p style=\"text-align:justify\"><span style=\"font-size:28pt\"><span style=\"font-family:Cambria,serif\"><span style=\"letter-spacing:-0.5pt\"><b><span lang=\"EN-US\" style=\"font-size:18.0pt\"><span style=\"font-family:&quot;Calibri&quot;,sans-serif\"><span style=\"font-variant:small-caps\">Setor<\/span><\/span><\/span><\/b><\/span><\/span><\/span><\/p>\r\n\r\n<p style=\"text-align:justify\"><span style=\"font-size:11pt\"><span style=\"line-height:normal\"><span style=\"font-family:Calibri,sans-serif\"><a href=\"https:\/\/www.nonwovens-industry.com\/contents\/view_features\/2025-03-06\/meltblown-nonwovens\/?utm_campaign=NON%20Issue%20Alert&amp;utm_medium=email&amp;_hsenc=p2ANqtz--3mv6hkMyq-21p50TLZSmvPMnyDSrA9bJCjUWQR_3-T1SL3Nhdv2sXZq_k-X6T2ZS08lNVM90oDnt5NamMlmqPxwQ2BQ&amp;_hsmi=351034830&amp;utm_content=351034830&amp;utm_source=hs_email\" style=\"color:blue; text-decoration:underline\"><span lang=\"ES-AR\" style=\"font-size:14.0pt\">Meltblown Nonwovens: Manufacturers Adapt to Change<\/span><\/a><\/span><\/span><\/span><\/p>\r\n\r\n<p style=\"text-align:justify\"><span style=\"font-size:11pt\"><span style=\"line-height:normal\"><span style=\"font-family:Calibri,sans-serif\"><a href=\"https:\/\/www.nonwovens-industry.com\/contents\/view_features\/2025-03-06\/the-future-is-bright-for-the-adult-incontinence-market\/?utm_campaign=NON%20Issue%20Alert&amp;utm_medium=email&amp;_hsenc=p2ANqtz--VWqB40BnfGp1TaE2OkpTCSIZGNsNBMULymvfTrvwUlvqHVMWab9cKMAl8Zew2KUlpLYoTgxUc5BOdEKB7TAK9OZEFEg&amp;_hsmi=351034830&amp;utm_content=351034830&amp;utm_source=hs_email\" style=\"color:blue; text-decoration:underline\"><span lang=\"ES-AR\" style=\"font-size:14.0pt\">The Future is Bright for the Adult Incontinence Market<\/span><\/a><\/span><\/span><\/span><\/p>\r\n\r\n<p style=\"text-align:justify\"><span style=\"font-size:11pt\"><span style=\"line-height:normal\"><span style=\"font-family:Calibri,sans-serif\"><a href=\"https:\/\/portalpersonalcare.com.br\/mercado-de-personal-care-no-brasil-se-reinventa-com-inovacao-e-novas-demandas-do-consumidor\/?utm_campaign=newsletter_12032025&amp;utm_medium=email&amp;utm_source=RD+Station\" style=\"color:blue; text-decoration:underline\"><span lang=\"ES-AR\" style=\"font-size:14.0pt\">Mercado de personal care no Brasil se reinventa com inova&ccedil;&atilde;o e novas demandas do consumidor<\/span><\/a><\/span><\/span><\/span><\/p>\r\n\r\n<p style=\"text-align:justify\"><span style=\"font-size:11pt\"><span style=\"line-height:normal\"><span style=\"font-family:Calibri,sans-serif\"><a href=\"https:\/\/www.nonwovens-industry.com\/contents\/view_breaking-news\/2024-11-21\/inda-and-edana-release-global-nonwoven-markets-report\/?widget=listSection\" style=\"color:blue; text-decoration:underline\"><span lang=\"EN-US\" style=\"font-size:14.0pt\">INDA and EDANA Release Global Nonwoven Markets Report<\/span><\/a><\/span><\/span><\/span><\/p>\r\n\r\n<p style=\"text-align:justify\"><span style=\"font-size:11pt\"><span style=\"line-height:normal\"><span style=\"font-family:Calibri,sans-serif\"><a href=\"https:\/\/www.nonwovens-industry.com\/issues\/2025-02-01\/view_features\/spunlace-market-report-79091\/?widget=listSection\" style=\"color:blue; text-decoration:underline\"><span lang=\"EN-US\" style=\"font-size:14.0pt\">Spunlace Market Report<\/span><\/a><\/span><\/span><\/span><\/p>\r\n\r\n<p style=\"text-align:justify\"><span style=\"font-size:11pt\"><span style=\"line-height:normal\"><span style=\"font-family:Calibri,sans-serif\"><a href=\"https:\/\/www.meiofiltrante.com.br\/Noticia\/130057\/inda-unveils-conference-program-for-idea25-focused-on-driving-sustainability-in-nonwovens\" style=\"color:blue; text-decoration:underline\"><span lang=\"EN-US\" style=\"font-size:14.0pt\">INDA Unveils Conference Program for IDEA&reg;25 Focused on Driving Sustainability in Nonwovens<\/span><\/a><\/span><\/span><\/span><\/p>\r\n\r\n<p style=\"text-align:justify\"><span style=\"font-size:11pt\"><span style=\"line-height:normal\"><span style=\"font-family:Calibri,sans-serif\"><a href=\"https:\/\/www.quimica.com.br\/resina-plastica-demanda-crescera-mas-em-ritmo-mais-lento\/\" style=\"color:blue; text-decoration:underline\"><span lang=\"ES-AR\" style=\"font-size:14.0pt\">Resina Pl&aacute;stica: Demanda crescer&aacute;, mas em ritmo mais lento<\/span><\/a><\/span><\/span><\/span><\/p>\r\n\r\n<p style=\"text-align:justify\"><span style=\"font-size:11pt\"><span style=\"line-height:normal\"><span style=\"font-family:Calibri,sans-serif\"><a href=\"https:\/\/plasticosemrevista.com.br\/resinas-desempenho-morno-da-braskem-em-2024\/\" style=\"color:blue; text-decoration:underline\"><span style=\"font-size:14.0pt\">Resinas: desempenho morno da Braskem em 2024<\/span><\/a><\/span><\/span><\/span><\/p>\r\n\r\n<p style=\"text-align:justify\"><span style=\"font-size:28pt\"><span style=\"font-family:Cambria,serif\"><span style=\"letter-spacing:-0.5pt\"><b><span style=\"font-size:18.0pt\"><span style=\"font-family:&quot;Calibri&quot;,sans-serif\"><span style=\"font-variant:small-caps\">Ind&uacute;stria<\/span><\/span><\/span><\/b><\/span><\/span><\/span><\/p>\r\n\r\n<p style=\"text-align:justify\"><span style=\"font-size:11pt\"><span style=\"line-height:normal\"><span style=\"font-family:Calibri,sans-serif\"><a href=\"https:\/\/agenciabrasil.ebc.com.br\/economia\/noticia\/2025-03\/faturamento-da-industria-cresce-33-em-janeiro\" style=\"color:blue; text-decoration:underline\"><span style=\"font-size:14.0pt\">Faturamento da ind&uacute;stria cresce 3,3% em janeiro<\/span><\/a><\/span><\/span><\/span><\/p>\r\n\r\n<p style=\"text-align:justify\"><span style=\"font-size:11pt\"><span style=\"line-height:normal\"><span style=\"font-family:Calibri,sans-serif\"><a href=\"https:\/\/agenciabrasil.ebc.com.br\/economia\/noticia\/2025-03\/industria-produz-3929-mil-veiculos-no-1-bimestre-alta-de-quase-15\" style=\"color:blue; text-decoration:underline\"><span style=\"font-size:14.0pt\">Ind&uacute;stria produz 392,9 mil ve&iacute;culos no 1&ordm; bimestre, alta de quase 15%<\/span><\/a><\/span><\/span><\/span><\/p>\r\n\r\n<p style=\"text-align:justify\"><span style=\"font-size:11pt\"><span style=\"line-height:normal\"><span style=\"font-family:Calibri,sans-serif\"><a href=\"https:\/\/www.automecfeira.com.br\/pt-br\/blog\/mercado\/setor--de-reparacao-projeta-crescimento-para-2025.html?utm_source=sfmc&amp;utm_medium=email&amp;utm_campaign=Automec250204a_PADRAO_VIS_Newsletter\" style=\"color:blue; text-decoration:underline\"><span style=\"font-size:14.0pt\">Automotivo | Setor de repara&ccedil;&atilde;o projeta crescimento para 2025<\/span><\/a><\/span><\/span><\/span><\/p>\r\n\r\n<p style=\"text-align:justify\"><span style=\"font-size:11pt\"><span style=\"line-height:normal\"><span style=\"font-family:Calibri,sans-serif\"><a href=\"https:\/\/www.revistaplasticosul.com.br\/transformacao-aplicacoes\/48a-fimec-inovacoes-e-sustentabilidade-marcam-a-maior-feira-do-setor-couro-calcadista-da-america-latina\/\" style=\"color:blue; text-decoration:underline\"><span style=\"font-size:14.0pt\">48&ordf; FIMEC: Inova&ccedil;&otilde;es e Sustentabilidade marcam a maior feira do setor couro-cal&ccedil;adista da Am&eacute;rica Latina<\/span><\/a><\/span><\/span><\/span><\/p>\r\n\r\n<p style=\"text-align:justify\"><span style=\"font-size:11pt\"><span style=\"line-height:normal\"><span style=\"font-family:Calibri,sans-serif\"><a href=\"https:\/\/revistamt.com.br\/Materias\/Exibir\/um-novo-marco-para-a-engenharia-nacional?utm_source=akna&amp;utm_medium=email&amp;utm_campaign=Confira-a-nova-edicao-da-Revista-M-T-N-291-FEV-MAR-2025\" style=\"color:blue; text-decoration:underline\"><span style=\"font-size:14.0pt\">Um novo marco para a engenharia nacional<\/span><\/a><\/span><\/span><\/span><\/p>\r\n\r\n<p style=\"text-align:justify\"><span style=\"font-size:28pt\"><span style=\"font-family:Cambria,serif\"><span style=\"letter-spacing:-0.5pt\"><b><span style=\"font-size:18.0pt\"><span style=\"font-family:&quot;Calibri&quot;,sans-serif\"><span style=\"font-variant:small-caps\">Sustentabilidade<\/span><\/span><\/span><\/b><\/span><\/span><\/span><\/p>\r\n\r\n<p style=\"text-align:justify\"><span style=\"font-size:11pt\"><span style=\"line-height:normal\"><span style=\"font-family:Calibri,sans-serif\"><a href=\"https:\/\/www.meiofiltrante.com.br\/Noticia\/130040\/descarte-consciente-abrafiltros-ja-reciclou-44917587-filtros-ate-dezembro-de-2024-\" style=\"color:blue; text-decoration:underline\"><span style=\"font-size:14.0pt\">Descarte Consciente Abrafiltros j&aacute; reciclou 44.917.587 filtros at&eacute; dezembro de 2024<\/span><\/a><\/span><\/span><\/span><\/p>\r\n\r\n<p style=\"text-align:justify\"><span style=\"font-size:11pt\"><span style=\"line-height:normal\"><span style=\"font-family:Calibri,sans-serif\"><a href=\"https:\/\/www.nonwovens-industry.com\/contents\/view_features\/2025-03-06\/reusable-hygiene-market\/?utm_campaign=NON%20Issue%20Alert&amp;utm_medium=email&amp;_hsenc=p2ANqtz-9J-uCmJJ6b05ix1AEw_PwQe22HfghclG7BHky_QrkF0W7_Rqp7lNR7E1L1EI6LDFqUjVWtWdbaU7y4n6MKRkIFuzH08g&amp;_hsmi=351034830&amp;utm_content=351034830&amp;utm_source=hs_email\" style=\"color:blue; text-decoration:underline\"><span style=\"font-size:14.0pt\">Reusable Hygiene Market<\/span><\/a><\/span><\/span><\/span><\/p>\r\n\r\n<p style=\"text-align:justify\"><span style=\"font-size:11pt\"><span style=\"line-height:normal\"><span style=\"font-family:Calibri,sans-serif\"><a href=\"https:\/\/agenciabrasil.ebc.com.br\/economia\/noticia\/2025-03\/bndes-lanca-edital-de-r-20-milhoes-para-cooperativas-de-reciclagem\" style=\"color:blue; text-decoration:underline\"><span style=\"font-size:14.0pt\">BNDES lan&ccedil;a edital de R$ 20 milh&otilde;es para cooperativas de reciclagem<\/span><\/a><\/span><\/span><\/span><\/p>\r\n\r\n<p style=\"text-align:justify\"><span style=\"font-size:11pt\"><span style=\"line-height:normal\"><span style=\"font-family:Calibri,sans-serif\"><a href=\"https:\/\/plasticosemrevista.com.br\/reciclagem-a-valorizacao-que-faltava\/\" style=\"color:blue; text-decoration:underline\"><span style=\"font-size:14.0pt\">Reciclagem: a valoriza&ccedil;&atilde;o que faltava<\/span><\/a><\/span><\/span><\/span><\/p>\r\n\r\n<p style=\"text-align:justify\"><span style=\"font-size:28pt\"><span style=\"font-family:Cambria,serif\"><span style=\"letter-spacing:-0.5pt\"><b><span style=\"font-size:18.0pt\"><span style=\"font-family:&quot;Calibri&quot;,sans-serif\"><span style=\"font-variant:small-caps\">Inova&ccedil;&atilde;o<\/span><\/span><\/span><\/b><\/span><\/span><\/span><\/p>\r\n\r\n<p style=\"text-align:justify\"><span style=\"font-size:11pt\"><span style=\"line-height:normal\"><span style=\"font-family:Calibri,sans-serif\"><a href=\"https:\/\/www.ufrn.br\/imprensa\/reportagens-e-saberes\/88198\/plastico-pode-virar-combustivel\" style=\"color:blue; text-decoration:underline\"><span style=\"font-size:14.0pt\">Pl&aacute;stico pode virar combust&iacute;vel<\/span><\/a><\/span><\/span><\/span><\/p>\r\n\r\n<p style=\"text-align:justify\"><span style=\"font-size:11pt\"><span style=\"line-height:normal\"><span style=\"font-family:Calibri,sans-serif\"><a href=\"https:\/\/grandesconstrucoes.com.br\/Noticias\/Exibir\/braskem-desenvolve-inovacoes-para-a-geracao-de-energia-solar?utm_source=akna&amp;utm_medium=email&amp;utm_campaign=Grandes-Construcoes-Informativo-953-10-03-2025\" style=\"color:blue; text-decoration:underline\"><span style=\"font-size:14.0pt\">Braskem desenvolve inova&ccedil;&otilde;es para a gera&ccedil;&atilde;o de energia solar<\/span><\/a><\/span><\/span><\/span><\/p>\r\n\r\n<p style=\"text-align:justify\"><span style=\"font-size:28pt\"><span style=\"font-family:Cambria,serif\"><span style=\"letter-spacing:-0.5pt\"><b><span style=\"font-size:18.0pt\"><span style=\"font-family:&quot;Calibri&quot;,sans-serif\"><span style=\"font-variant:small-caps\">Com&eacute;rcio Exterior<\/span><\/span><\/span><\/b><\/span><\/span><\/span><\/p>\r\n\r\n<p style=\"text-align:justify\"><span style=\"font-size:11pt\"><span style=\"line-height:normal\"><span style=\"font-family:Calibri,sans-serif\"><a href=\"https:\/\/www.fibre2fashion.com\/news\/technical-textiles\/technical-textiles-trade-in-us-mexico-leads-while-china-struggles-301140-newsdetails.htm\" style=\"color:blue; text-decoration:underline\"><span style=\"font-size:14.0pt\">Comercio de textiles t&eacute;cnicos en EE.UU: M&eacute;xico a la cabeza y China a la zaga<\/span><\/a><\/span><\/span><\/span><\/p>\r\n\r\n<p style=\"text-align:justify\"><span style=\"font-size:11pt\"><span style=\"line-height:normal\"><span style=\"font-family:Calibri,sans-serif\"><a href=\"https:\/\/anba.com.br\/brasil-tem-marrocos-entre-fornecedores-de-calcados\/\" style=\"color:blue; text-decoration:underline\"><span style=\"font-size:14.0pt\">Brasil tem Marrocos entre fornecedores de cal&ccedil;ados<\/span><\/a><\/span><\/span><\/span><\/p>\r\n\r\n<p style=\"text-align:justify\"><span style=\"font-size:11pt\"><span style=\"line-height:normal\"><span style=\"font-family:Calibri,sans-serif\"><a href=\"https:\/\/apexbrasil.com.br\/br\/pt\/conteudo\/noticias\/ano-novo--dados-novos--apexbrasil-atualiza-mapa-de-oportunidades.html#msdynttrid=w3IPni6omLtwrz9PuPJWmJYwkr16ZD2F1uCZICRlgnY\" style=\"color:blue; text-decoration:underline\"><span style=\"font-size:14.0pt\">Ano novo, dados novos: ApexBrasil atualiza Mapa de Oportunidades<\/span><\/a><\/span><\/span><\/span><\/p>\r\n\r\n<p style=\"text-align:justify\"><span style=\"font-size:11pt\"><span style=\"line-height:normal\"><span style=\"font-family:Calibri,sans-serif\"><a href=\"https:\/\/exame.com\/mundo\/milei-deve-propor-ao-mercosul-acordo-comercial-com-trump\/\" style=\"color:blue; text-decoration:underline\"><span style=\"font-size:14.0pt\">Milei deve propor ao Mercosul acordo comercial com Trump<\/span><\/a><\/span><\/span><\/span><\/p>\r\n\r\n<p style=\"text-align:justify\"><span style=\"font-size:11pt\"><span style=\"line-height:normal\"><span style=\"font-family:Calibri,sans-serif\"><a href=\"https:\/\/www.agrolink.com.br\/noticias\/balanca-comercial-registra-superavit-de-us--3-16-bi-em-marco_500061.html\" style=\"color:blue; text-decoration:underline\"><span style=\"font-size:14.0pt\">Balan&ccedil;a comercial registra super&aacute;vit de US$ 3,16 bi em mar&ccedil;o<\/span><\/a><\/span><\/span><\/span><\/p>\r\n\r\n<p style=\"text-align:justify\"><span style=\"font-size:28pt\"><span style=\"font-family:Cambria,serif\"><span style=\"letter-spacing:-0.5pt\"><b><span lang=\"EN-US\" style=\"font-size:18.0pt\"><span style=\"font-family:&quot;Calibri&quot;,sans-serif\"><span style=\"font-variant:small-caps\">Economia<\/span><\/span><\/span><\/b><\/span><\/span><\/span><\/p>\r\n\r\n<p style=\"text-align:justify\"><span style=\"font-size:11pt\"><span style=\"line-height:normal\"><span style=\"font-family:Calibri,sans-serif\"><a href=\"https:\/\/www.bcb.gov.br\/content\/focus\/focus\/R20250314.pdf\" style=\"color:blue; text-decoration:underline\"><span lang=\"EN-US\" style=\"font-size:14.0pt\">Focus - Relat&oacute;rio de Mercado<\/span><\/a><\/span><\/span><\/span><\/p>\r\n\r\n<p style=\"text-align:justify\"><span style=\"font-size:11pt\"><span style=\"line-height:normal\"><span style=\"font-family:Calibri,sans-serif\"><a href=\"https:\/\/www.mckinsey.com\/industries\/consumer-packaged-goods\/our-insights\/the-state-of-the-brazilian-consumer\" style=\"color:blue; text-decoration:underline\"><span lang=\"EN-US\" style=\"font-size:14.0pt\">Brazil&rsquo;s economy is stable, but consumers are feeling down<\/span><\/a><\/span><\/span><\/span><\/p>\r\n\r\n<p style=\"text-align:justify\"><img src=\"https:\/\/www.abint.org.br\/assets\/img\/editor\/redes-sociais-abint-ctg-cth_20250205143403kcH4SBmjCL.jpg\" \/><\/p>\r\n","6":"<p style=\"text-align:justify\"><span style=\"font-size:11pt\"><span style=\"line-height:normal\"><span style=\"font-family:Calibri,sans-serif\"><span style=\"font-size:14.0pt\">Esta &eacute; uma compila&ccedil;&atilde;o das not&iacute;cias mais relevantes para o setor, incluindo informa&ccedil;&otilde;es sobre acordos internacionais, economia brasileira, sustentabilidade e mat&eacute;rias primas, al&eacute;m de novidades do setor de N&atilde;otecidos e Tecidos T&eacute;cnicos.<\/span><\/span><\/span><\/span><\/p>\r\n\r\n<p style=\"text-align:justify\"><b><span style=\"font-size:18.0pt\"><span style=\"line-height:115%\"><span style=\"font-family:&quot;Calibri&quot;,sans-serif\"><span style=\"font-variant:small-caps\">O que vem por a&iacute;<\/span><\/span><\/span><\/span><\/b><\/p>\r\n\r\n<p style=\"text-align:justify\">&nbsp;<\/p>\r\n\r\n<p><img src=\"https:\/\/www.abint.org.br\/assets\/img\/editor\/original_20250227114538tLGmSWwKl9.png\" style=\"width: 300px; height: 69px;\" \/><\/p>\r\n\r\n<p><img src=\"https:\/\/www.abint.org.br\/assets\/img\/editor\/post-quadrado-curso-naotecido_20250227114621LJZ1V0PpMV.jpg\" style=\"width: 500px; height: 500px;\" \/><\/p>\r\n\r\n<p><a href=\"https:\/\/encurtador.com.br\/5RiJ6\">Fa&ccedil;a sua inscri&ccedil;&atilde;o<\/a><\/p>\r\n\r\n<p>&nbsp;<\/p>\r\n\r\n<p><img src=\"https:\/\/www.abint.org.br\/assets\/img\/editor\/logo-ctg-abint-png_202502051355479yWykO7ojh.png\" style=\"width: 300px; height: 55px;\" \/><\/p>\r\n\r\n<p>&nbsp;<\/p>\r\n\r\n<p><img src=\"https:\/\/www.abint.org.br\/assets\/img\/editor\/post-curso-br-instal-gm-2025_20250205135746uUVJpTDyEg.jpg\" style=\"width: 500px; height: 500px;\" \/><\/p>\r\n\r\n<p><a href=\"https:\/\/www.eventbrite.com\/e\/curso-brasileiro-de-instalacao-de-geomembranas-paulo-kenji-acakura-2025-tickets-1111455586579?aff=oddtdtcreator\">Fa&ccedil;a sua inscri&ccedil;&atilde;o<\/a><\/p>\r\n\r\n<p>&nbsp;<\/p>\r\n\r\n<p>&nbsp;<\/p>\r\n\r\n<p><img src=\"https:\/\/www.abint.org.br\/assets\/img\/editor\/e-mail-post-premio-tcc-icc-2024-2025_20250205143024je0yZgOKML.png\" style=\"width: 500px; height: 500px;\" \/><\/p>\r\n\r\n<p><a href=\"https:\/\/geossinteticos.org.br\/premiotccic\">Inscreva seu trabalho<\/a><\/p>\r\n\r\n<p class=\"MsoTitle\" style=\"text-align:justify\"><span style=\"font-size:28pt\"><span style=\"font-family:Cambria,serif\"><span style=\"letter-spacing:-0.5pt\"><b><span style=\"font-size:18.0pt\"><span style=\"font-family:&quot;Calibri&quot;,sans-serif\"><span style=\"font-variant:small-caps\">Not&iacute;cias das Associadas<\/span><\/span><\/span><\/b><\/span><\/span><\/span><\/p>\r\n\r\n<p style=\"text-align:justify\"><span style=\"font-size:11pt\"><span style=\"line-height:normal\"><span style=\"font-family:Calibri,sans-serif\"><a href=\"https:\/\/biogaseenergia.com.br\/curso-instalacao-de-geomembranas\" style=\"color:blue; text-decoration:underline\"><span style=\"font-size:14.0pt\">&Uacute;ltimas vagas para o Curso de Instala&ccedil;&atilde;o de Geomembranas do CTG ABINT<\/span><\/a><\/span><\/span><\/span><\/p>\r\n\r\n<p style=\"text-align:justify\"><span style=\"font-size:11pt\"><span style=\"line-height:normal\"><span style=\"font-family:Calibri,sans-serif\"><a href=\"https:\/\/abctecnologias.us4.list-manage.com\/track\/click?u=eadcdb852894c5b5684bd7107&amp;id=eff3e3d39e&amp;e=5337ee208e\" style=\"color:blue; text-decoration:underline\"><span style=\"font-size:14.0pt\">ABC Tecnologias | Inova&ccedil;&atilde;o sustent&aacute;vel: barcos fabricados com PEAD reciclado<\/span><\/a><\/span><\/span><\/span><\/p>\r\n\r\n<p style=\"text-align:justify\"><span style=\"font-size:11pt\"><span style=\"line-height:normal\"><span style=\"font-family:Calibri,sans-serif\"><a href=\"https:\/\/www.fibre2fashion.com\/news\/technical-textiles\/austria-s-andritz-eyes-growth-in-2025-with-9-bn-revenue-boost-301197-newsdetails.htm\" style=\"color:blue; text-decoration:underline\"><span style=\"font-size:14.0pt\">La austriaca Andritz prev&eacute; crecer en 2025 con unos ingresos de 9.000 millones de d&oacute;lares<\/span><\/a><\/span><\/span><\/span><\/p>\r\n\r\n<p style=\"text-align:justify\"><span style=\"font-size:11pt\"><span style=\"line-height:normal\"><span style=\"font-family:Calibri,sans-serif\"><a href=\"https:\/\/www.textileworld.com\/textile-world\/nonwovens-technical-textiles\/2025\/03\/sustainable-insulation-andritz-tearing-line-to-enhance-recycling-capabilities-at-buitex\/\" style=\"color:blue; text-decoration:underline\"><span style=\"font-size:14.0pt\">Isolamento sustent&aacute;vel: linha de corte da ANDRITZ para aprimorar as capacidades de reciclagem na Buitex<\/span><\/a><\/span><\/span><\/span><\/p>\r\n\r\n<p style=\"text-align:justify\"><span style=\"font-size:11pt\"><span style=\"line-height:normal\"><span style=\"font-family:Calibri,sans-serif\"><a href=\"https:\/\/www.textileworld.com\/textile-world\/nonwovens-technical-textiles\/2025\/03\/suominen-has-published-sustainability-agenda-for-2025-2030\/\" style=\"color:blue; text-decoration:underline\"><span style=\"font-size:14.0pt\">Suominen publicou agenda de sustentabilidade para 2025&ndash;2030<\/span><\/a><\/span><\/span><\/span><\/p>\r\n\r\n<p style=\"text-align:justify\"><span style=\"font-size:11pt\"><span style=\"line-height:normal\"><span style=\"font-family:Calibri,sans-serif\"><a href=\"https:\/\/portalpersonalcare.com.br\/viveo-autoriza-venda-da-cremer-em-meio-a-reestruturacao-financeira\/?utm_campaign=newsletter_12032025&amp;utm_medium=email&amp;utm_source=RD+Station\" style=\"color:blue; text-decoration:underline\"><span style=\"font-size:14.0pt\">Viveo autoriza venda da Cremer em meio a reestrutura&ccedil;&atilde;o financeira<\/span><\/a><\/span><\/span><\/span><\/p>\r\n\r\n<p style=\"text-align:justify\">&nbsp;<\/p>\r\n\r\n<p style=\"text-align:justify\"><span style=\"font-size:11pt\"><span style=\"line-height:normal\"><span style=\"font-family:Calibri,sans-serif\"><b><span style=\"font-size:18.0pt\"><span style=\"font-variant:small-caps\">Eventos<\/span><\/span><\/b><\/span><\/span><\/span><\/p>\r\n\r\n<p style=\"text-align:justify\">&nbsp;<\/p>\r\n\r\n<p style=\"text-align:justify\"><span style=\"font-size:11pt\"><span style=\"line-height:normal\"><span style=\"font-family:Calibri,sans-serif\"><a href=\"https:\/\/www.fimec.com.br\/\" style=\"color:blue; text-decoration:underline\"><b><span style=\"font-size:14.0pt\">Fimec 2025<\/span><\/b><\/a><span style=\"font-size:14.0pt\">, 18 a 20 de mar&ccedil;o, Fenac, Novo Hamburgo, RS<\/span><\/span><\/span><\/span><\/p>\r\n\r\n<p style=\"text-align:justify\"><span style=\"font-size:11pt\"><span style=\"line-height:normal\"><span style=\"font-family:Calibri,sans-serif\"><a href=\"http:\/\/www.pettalk.org.br\" style=\"color:blue; text-decoration:underline\"><b><span style=\"font-size:14.0pt\">PETTALK 2025<\/span><\/b><\/a><b><span style=\"font-size:14.0pt\">: <\/span><\/b><span style=\"font-size:14.0pt\">24 de mar&ccedil;o, em S&atilde;o Paulo. Realiza&ccedil;&atilde;o da Associa&ccedil;&atilde;o Brasileira da Ind&uacute;stria do PET (ABIPET)<\/span><\/span><\/span><\/span><\/p>\r\n\r\n<p style=\"text-align:justify\"><span style=\"font-size:11pt\"><span style=\"line-height:normal\"><span style=\"font-family:Calibri,sans-serif\"><a href=\"https:\/\/www.plasticobrasil.com.br\/pt\/home.html\" style=\"color:blue; text-decoration:underline\"><b><span style=\"font-size:14.0pt\">Pl&aacute;stico Brasil<\/span><\/b><\/a><span style=\"font-size:14.0pt\">, de 24 a 28 de mar&ccedil;o de 2025, 10h &agrave;s 19h, S&atilde;o Paulo Expo, Rodovia dos Imigrantes, km 1,5<\/span><\/span><\/span><\/span><\/p>\r\n\r\n<p style=\"text-align:justify\">&nbsp;<\/p>\r\n\r\n<p align=\"center\" style=\"text-align:center\"><span style=\"font-size:11pt\"><span style=\"line-height:normal\"><span style=\"font-family:Calibri,sans-serif\"><a href=\"https:\/\/reformatributaria.fiesp.com.br\/evento\/\" style=\"color:blue; text-decoration:underline\"><b><span style=\"font-size:14.0pt\">FIESP | Reforma Tribut&aacute;ria: como ela pode impactar seu neg&oacute;cio?<\/span><\/b><\/a><\/span><\/span><\/span><\/p>\r\n\r\n<p align=\"center\" style=\"text-align:center\"><span style=\"font-size:11pt\"><span style=\"line-height:normal\"><span style=\"font-family:Calibri,sans-serif\"><span style=\"font-size:14.0pt\">25 de mar&ccedil;o de 2025, 08h &agrave; 16h, Av. Paulista 1313<\/span><\/span><\/span><\/span><\/p>\r\n\r\n<p style=\"text-align:justify\"><span style=\"font-size:11pt\"><span style=\"line-height:normal\"><span style=\"font-family:Calibri,sans-serif\"><a href=\"https:\/\/docs.google.com\/forms\/d\/e\/1FAIpQLSfAInjl19BmITDFg1q0rJaNbR3k4RZUZTxy6oPBUIHpyu8AQg\/viewform\" style=\"color:blue; text-decoration:underline\"><b><span style=\"font-size:14.0pt\">Webinar Abrac | Internaliza&ccedil;&atilde;o da norma ISO 7101:2023 &ndash; Lan&ccedil;amento ABNT e aprova&ccedil;&atilde;o do escopo pela Cgcre do Inmetro<\/span><\/b><\/a><span style=\"font-size:14.0pt\">, 26 de mar&ccedil;o de 2025, &agrave;s 16h, evento pela Plataforma Zoom<\/span><\/span><\/span><\/span><\/p>\r\n\r\n<p align=\"center\" style=\"text-align:center\"><span style=\"font-size:11pt\"><span style=\"line-height:normal\"><span style=\"font-family:Calibri,sans-serif\"><b><span style=\"font-size:14.0pt\"><a href=\"https:\/\/docs.google.com\/forms\/d\/e\/1FAIpQLSe8n6fJqntSs3elWsTM_2VSk89rkU_dYp3U2O27WAzVnL_J8Q\/viewform\" style=\"color:blue; text-decoration:underline\">ABTT Academy | Bases t&eacute;cnicas para montagem de um laborat&oacute;rio<\/a><\/span><\/b><\/span><\/span><\/span><\/p>\r\n\r\n<p align=\"center\" style=\"text-align:center\"><span style=\"font-size:11pt\"><span style=\"line-height:normal\"><span style=\"font-family:Calibri,sans-serif\"><span class=\"MsoHyperlink\" style=\"color:blue\"><span style=\"text-decoration:underline\"><b><span style=\"font-size:14.0pt\"><a href=\"https:\/\/docs.google.com\/forms\/d\/e\/1FAIpQLSe8n6fJqntSs3elWsTM_2VSk89rkU_dYp3U2O27WAzVnL_J8Q\/viewform\" style=\"color:blue; text-decoration:underline\">de controle de qualidade na ind&uacute;stria de t&ecirc;xtil e de confec&ccedil;&atilde;o<\/a><\/span><\/b><\/span><\/span><\/span><\/span><\/span><\/p>\r\n\r\n<p align=\"center\" style=\"text-align:center\"><span style=\"font-size:11pt\"><span style=\"line-height:normal\"><span style=\"font-family:Calibri,sans-serif\"><span style=\"font-size:14.0pt\">29 de mar&ccedil;o de 2025, 08h &agrave;s 12h, evento online<\/span><\/span><\/span><\/span><\/p>\r\n\r\n<p style=\"text-align:justify\"><span style=\"font-size:11pt\"><span style=\"line-height:normal\"><span style=\"font-family:Calibri,sans-serif\"><a href=\"https:\/\/www.sympla.com.br\/evento-online\/agenda-verde-fecomerciosp-os-desafios-ambientais-do-brasil-e-a-cop30\/2843674\" style=\"color:blue; text-decoration:underline\"><b><span style=\"font-size:14.0pt\">Agenda Verde FecomercioSP | Os desafios ambientais do Brasil e a COP30<\/span><\/b><\/a><span style=\"font-size:14.0pt\">, 10 de abril de 2025, 09h00 &agrave;s 12h30, evento online<\/span><\/span><\/span><\/span><\/p>\r\n\r\n<p style=\"text-align:justify\"><span style=\"font-size:11pt\"><span style=\"line-height:normal\"><span style=\"font-family:Calibri,sans-serif\"><a href=\"https:\/\/www.automecfeira.com.br\/pt-br.html\" style=\"color:blue; text-decoration:underline\"><b><span style=\"font-size:14.0pt\">Automec 2025<\/span><\/b><\/a><span style=\"font-size:14.0pt\">, 22 a 26 de abril de 2025, S&atilde;o Paulo Expo, Rodovia dos Imigrantes, Km 1,5, &Aacute;gua Funda, S&atilde;o Paulo, SP<\/span><\/span><\/span><\/span><\/p>\r\n\r\n<p style=\"text-align:justify\"><span style=\"font-size:11pt\"><span style=\"line-height:normal\"><span style=\"font-family:Calibri,sans-serif\"><a href=\"https:\/\/carreira.eseg.edu.br\/transmissao-ao-vivo-ciclo-de-palestras-marco-diogo-guillen?utm_campaign=prospeccao_on-line-_publico_externo-_banco_central&amp;utm_medium=email&amp;utm_source=RD+Station\" style=\"color:blue; text-decoration:underline\"><b><span style=\"font-size:14.0pt\">&quot;Conjuntura Econ&ocirc;mica: Evolu&ccedil;&atilde;o do Cen&aacute;rio e Proje&ccedil;&otilde;es para a Infla&ccedil;&atilde;o<\/span><\/b><span style=\"font-size:14.0pt\">&quot;<\/span><\/a><span style=\"font-size:14.0pt\">, Diego Guillen, diretor de Pol&iacute;tica Econ&ocirc;mica do Banco Central do Brasil, 31 de mar&ccedil;o de 2025, &agrave;s 19h<\/span><\/span><\/span><\/span><\/p>\r\n\r\n<p align=\"center\" style=\"text-align:center\">&nbsp;<\/p>\r\n\r\n<p align=\"center\" style=\"text-align:center\"><span style=\"font-size:11pt\"><span style=\"line-height:normal\"><span style=\"font-family:Calibri,sans-serif\"><a href=\"https:\/\/docs.google.com\/forms\/d\/e\/1FAIpQLSfMrxxb83TM8IA9RFdNa0ACl5NtjckyztJJD155dbtEWBB5ow\/viewform\" style=\"color:blue; text-decoration:underline\"><b><span style=\"font-size:14.0pt\">Qualidade da cor para t&ecirc;xteis<\/span><\/b><\/a><\/span><\/span><\/span><\/p>\r\n\r\n<p align=\"center\" style=\"text-align:center\"><span style=\"font-size:11pt\"><span style=\"line-height:normal\"><span style=\"font-family:Calibri,sans-serif\"><span style=\"font-size:14.0pt\">26 de abril de 2025, 08h &agrave;s 12h, evento online<\/span><\/span><\/span><\/span><\/p>\r\n\r\n<p align=\"center\" style=\"text-align:center\"><span style=\"font-size:11pt\"><span style=\"line-height:normal\"><span style=\"font-family:Calibri,sans-serif\"><a href=\"https:\/\/forms.gle\/gVRanQmStqMhRKtM6\" style=\"color:blue; text-decoration:underline\"><b><span style=\"font-size:14.0pt\">ABTT Academy | Curso: Vamos falar de sa&uacute;de mental nas empresas?<\/span><\/b><\/a><\/span><\/span><\/span><\/p>\r\n\r\n<p align=\"center\" style=\"text-align:center\"><span style=\"font-size:11pt\"><span style=\"line-height:normal\"><span style=\"font-family:Calibri,sans-serif\"><span style=\"font-size:14.0pt\">17 de maio de 2025, 08h &agrave;s 12h, evento online<\/span><\/span><\/span><\/span><\/p>\r\n\r\n<p style=\"text-align:justify\"><span style=\"font-size:11pt\"><span style=\"line-height:normal\"><span style=\"font-family:Calibri,sans-serif\"><a href=\"https:\/\/www.hospitalar.com\/pt\/home.html\" style=\"color:blue; text-decoration:underline\"><b><span style=\"font-size:14.0pt\">Hospitalar 2025<\/span><\/b><\/a><span style=\"font-size:14.0pt\">, 20 a 23 de maio, 11h00 &agrave;s 20h00, S&atilde;o Paulo Expo, Rodovia dos Imigrantes, km 1,5<\/span><\/span><\/span><\/span><\/p>\r\n\r\n<p style=\"text-align:justify\"><span style=\"font-size:11pt\"><span style=\"line-height:normal\"><span style=\"font-family:Calibri,sans-serif\"><a href=\"https:\/\/ideashow.org\/\" style=\"color:blue; text-decoration:underline\"><b><span lang=\"EN-US\" style=\"font-size:14.0pt\">IDEA25<\/span><\/b><\/a><span lang=\"EN-US\" style=\"font-size:14.0pt\">, April 29-May 1, 2025, Miami Beach Convention Center, Miami Beach, Florida<\/span><\/span><\/span><\/span><\/p>\r\n\r\n<p style=\"text-align:justify\"><span style=\"font-size:11pt\"><span style=\"line-height:normal\"><span style=\"font-family:Calibri,sans-serif\"><a href=\"https:\/\/www.conbrava.com.br\/\" style=\"color:blue; text-decoration:underline\"><b><span style=\"font-size:14.0pt\">CONBRAVA 2025<\/span><\/b><\/a><span style=\"font-size:14.0pt\">, 10 a 12 de setembro de 2025, S&atilde;o Paulo Expo, Rodovia dos Imigrantes, km 1,5<\/span><\/span><\/span><\/span><\/p>\r\n\r\n<p style=\"text-align:justify\"><span style=\"font-size:11pt\"><span style=\"line-height:normal\"><span style=\"font-family:Calibri,sans-serif\"><a href=\"https:\/\/paving.com.br\/\" style=\"color:blue; text-decoration:underline\"><b><span style=\"font-size:14.0pt\">Paving Expo 2025<\/span><\/b><\/a><span style=\"font-size:14.0pt\">, 23 a 25 de setembro de 2025, Distrito Anhembi, Rua Prof. Milton Rodrigues, s\/n, Santana, S&atilde;o Paulo, SP<\/span><\/span><\/span><\/span><\/p>\r\n\r\n<p style=\"text-align:justify\"><span style=\"font-size:11pt\"><span style=\"line-height:normal\"><span style=\"font-family:Calibri,sans-serif\"><b><span style=\"font-size:14.0pt\">17&ordm; Congresso Brasileiro de Enfermagem em Centro Cir&uacute;rgico: &ldquo;O poder de cuidar&rdquo;<\/span><\/b><span style=\"font-size:14.0pt\">, 01 a 03 de outubro de 2025, Transamerica Expo Center, S&atilde;o Paulo, SP<\/span><\/span><\/span><\/span><\/p>\r\n\r\n<p style=\"text-align:justify\"><span style=\"font-size:11pt\"><span style=\"line-height:normal\"><span style=\"font-family:Calibri,sans-serif\"><a href=\"https:\/\/hospitalmed.com.br\/feira\/\" style=\"color:blue; text-decoration:underline\"><b><span style=\"font-size:14.0pt\">HospitalMed 2025<\/span><\/b><\/a><span style=\"font-size:14.0pt\">, 22 a 24 de outubro, Pernambuco Centro de Conven&ccedil;&otilde;es, Olinda<\/span><\/span><\/span><\/span><\/p>\r\n\r\n<p style=\"text-align:justify\"><span style=\"font-size:28pt\"><span style=\"font-family:Cambria,serif\"><span style=\"letter-spacing:-0.5pt\"><b><span lang=\"EN-US\" style=\"font-size:18.0pt\"><span style=\"font-family:&quot;Calibri&quot;,sans-serif\"><span style=\"font-variant:small-caps\">Setor<\/span><\/span><\/span><\/b><\/span><\/span><\/span><\/p>\r\n\r\n<p style=\"text-align:justify\"><span style=\"font-size:11pt\"><span style=\"line-height:normal\"><span style=\"font-family:Calibri,sans-serif\"><a href=\"https:\/\/www.nonwovens-industry.com\/contents\/view_features\/2025-03-06\/meltblown-nonwovens\/?utm_campaign=NON%20Issue%20Alert&amp;utm_medium=email&amp;_hsenc=p2ANqtz--3mv6hkMyq-21p50TLZSmvPMnyDSrA9bJCjUWQR_3-T1SL3Nhdv2sXZq_k-X6T2ZS08lNVM90oDnt5NamMlmqPxwQ2BQ&amp;_hsmi=351034830&amp;utm_content=351034830&amp;utm_source=hs_email\" style=\"color:blue; text-decoration:underline\"><span lang=\"ES-AR\" style=\"font-size:14.0pt\">Meltblown Nonwovens: Manufacturers Adapt to Change<\/span><\/a><\/span><\/span><\/span><\/p>\r\n\r\n<p style=\"text-align:justify\"><span style=\"font-size:11pt\"><span style=\"line-height:normal\"><span style=\"font-family:Calibri,sans-serif\"><a href=\"https:\/\/www.nonwovens-industry.com\/contents\/view_features\/2025-03-06\/the-future-is-bright-for-the-adult-incontinence-market\/?utm_campaign=NON%20Issue%20Alert&amp;utm_medium=email&amp;_hsenc=p2ANqtz--VWqB40BnfGp1TaE2OkpTCSIZGNsNBMULymvfTrvwUlvqHVMWab9cKMAl8Zew2KUlpLYoTgxUc5BOdEKB7TAK9OZEFEg&amp;_hsmi=351034830&amp;utm_content=351034830&amp;utm_source=hs_email\" style=\"color:blue; text-decoration:underline\"><span lang=\"ES-AR\" style=\"font-size:14.0pt\">The Future is Bright for the Adult Incontinence Market<\/span><\/a><\/span><\/span><\/span><\/p>\r\n\r\n<p style=\"text-align:justify\"><span style=\"font-size:11pt\"><span style=\"line-height:normal\"><span style=\"font-family:Calibri,sans-serif\"><a href=\"https:\/\/portalpersonalcare.com.br\/mercado-de-personal-care-no-brasil-se-reinventa-com-inovacao-e-novas-demandas-do-consumidor\/?utm_campaign=newsletter_12032025&amp;utm_medium=email&amp;utm_source=RD+Station\" style=\"color:blue; text-decoration:underline\"><span lang=\"ES-AR\" style=\"font-size:14.0pt\">Mercado de personal care no Brasil se reinventa com inova&ccedil;&atilde;o e novas demandas do consumidor<\/span><\/a><\/span><\/span><\/span><\/p>\r\n\r\n<p style=\"text-align:justify\"><span style=\"font-size:11pt\"><span style=\"line-height:normal\"><span style=\"font-family:Calibri,sans-serif\"><a href=\"https:\/\/www.nonwovens-industry.com\/contents\/view_breaking-news\/2024-11-21\/inda-and-edana-release-global-nonwoven-markets-report\/?widget=listSection\" style=\"color:blue; text-decoration:underline\"><span lang=\"EN-US\" style=\"font-size:14.0pt\">INDA and EDANA Release Global Nonwoven Markets Report<\/span><\/a><\/span><\/span><\/span><\/p>\r\n\r\n<p style=\"text-align:justify\"><span style=\"font-size:11pt\"><span style=\"line-height:normal\"><span style=\"font-family:Calibri,sans-serif\"><a href=\"https:\/\/www.nonwovens-industry.com\/issues\/2025-02-01\/view_features\/spunlace-market-report-79091\/?widget=listSection\" style=\"color:blue; text-decoration:underline\"><span lang=\"EN-US\" style=\"font-size:14.0pt\">Spunlace Market Report<\/span><\/a><\/span><\/span><\/span><\/p>\r\n\r\n<p style=\"text-align:justify\"><span style=\"font-size:11pt\"><span style=\"line-height:normal\"><span style=\"font-family:Calibri,sans-serif\"><a href=\"https:\/\/www.meiofiltrante.com.br\/Noticia\/130057\/inda-unveils-conference-program-for-idea25-focused-on-driving-sustainability-in-nonwovens\" style=\"color:blue; text-decoration:underline\"><span lang=\"EN-US\" style=\"font-size:14.0pt\">INDA Unveils Conference Program for IDEA&reg;25 Focused on Driving Sustainability in Nonwovens<\/span><\/a><\/span><\/span><\/span><\/p>\r\n\r\n<p style=\"text-align:justify\"><span style=\"font-size:11pt\"><span style=\"line-height:normal\"><span style=\"font-family:Calibri,sans-serif\"><a href=\"https:\/\/www.quimica.com.br\/resina-plastica-demanda-crescera-mas-em-ritmo-mais-lento\/\" style=\"color:blue; text-decoration:underline\"><span lang=\"ES-AR\" style=\"font-size:14.0pt\">Resina Pl&aacute;stica: Demanda crescer&aacute;, mas em ritmo mais lento<\/span><\/a><\/span><\/span><\/span><\/p>\r\n\r\n<p style=\"text-align:justify\"><span style=\"font-size:11pt\"><span style=\"line-height:normal\"><span style=\"font-family:Calibri,sans-serif\"><a href=\"https:\/\/plasticosemrevista.com.br\/resinas-desempenho-morno-da-braskem-em-2024\/\" style=\"color:blue; text-decoration:underline\"><span style=\"font-size:14.0pt\">Resinas: desempenho morno da Braskem em 2024<\/span><\/a><\/span><\/span><\/span><\/p>\r\n\r\n<p style=\"text-align:justify\"><span style=\"font-size:28pt\"><span style=\"font-family:Cambria,serif\"><span style=\"letter-spacing:-0.5pt\"><b><span style=\"font-size:18.0pt\"><span style=\"font-family:&quot;Calibri&quot;,sans-serif\"><span style=\"font-variant:small-caps\">Ind&uacute;stria<\/span><\/span><\/span><\/b><\/span><\/span><\/span><\/p>\r\n\r\n<p style=\"text-align:justify\"><span style=\"font-size:11pt\"><span style=\"line-height:normal\"><span style=\"font-family:Calibri,sans-serif\"><a href=\"https:\/\/agenciabrasil.ebc.com.br\/economia\/noticia\/2025-03\/faturamento-da-industria-cresce-33-em-janeiro\" style=\"color:blue; text-decoration:underline\"><span style=\"font-size:14.0pt\">Faturamento da ind&uacute;stria cresce 3,3% em janeiro<\/span><\/a><\/span><\/span><\/span><\/p>\r\n\r\n<p style=\"text-align:justify\"><span style=\"font-size:11pt\"><span style=\"line-height:normal\"><span style=\"font-family:Calibri,sans-serif\"><a href=\"https:\/\/agenciabrasil.ebc.com.br\/economia\/noticia\/2025-03\/industria-produz-3929-mil-veiculos-no-1-bimestre-alta-de-quase-15\" style=\"color:blue; text-decoration:underline\"><span style=\"font-size:14.0pt\">Ind&uacute;stria produz 392,9 mil ve&iacute;culos no 1&ordm; bimestre, alta de quase 15%<\/span><\/a><\/span><\/span><\/span><\/p>\r\n\r\n<p style=\"text-align:justify\"><span style=\"font-size:11pt\"><span style=\"line-height:normal\"><span style=\"font-family:Calibri,sans-serif\"><a href=\"https:\/\/www.automecfeira.com.br\/pt-br\/blog\/mercado\/setor--de-reparacao-projeta-crescimento-para-2025.html?utm_source=sfmc&amp;utm_medium=email&amp;utm_campaign=Automec250204a_PADRAO_VIS_Newsletter\" style=\"color:blue; text-decoration:underline\"><span style=\"font-size:14.0pt\">Automotivo | Setor de repara&ccedil;&atilde;o projeta crescimento para 2025<\/span><\/a><\/span><\/span><\/span><\/p>\r\n\r\n<p style=\"text-align:justify\"><span style=\"font-size:11pt\"><span style=\"line-height:normal\"><span style=\"font-family:Calibri,sans-serif\"><a href=\"https:\/\/www.revistaplasticosul.com.br\/transformacao-aplicacoes\/48a-fimec-inovacoes-e-sustentabilidade-marcam-a-maior-feira-do-setor-couro-calcadista-da-america-latina\/\" style=\"color:blue; text-decoration:underline\"><span style=\"font-size:14.0pt\">48&ordf; FIMEC: Inova&ccedil;&otilde;es e Sustentabilidade marcam a maior feira do setor couro-cal&ccedil;adista da Am&eacute;rica Latina<\/span><\/a><\/span><\/span><\/span><\/p>\r\n\r\n<p style=\"text-align:justify\"><span style=\"font-size:11pt\"><span style=\"line-height:normal\"><span style=\"font-family:Calibri,sans-serif\"><a href=\"https:\/\/revistamt.com.br\/Materias\/Exibir\/um-novo-marco-para-a-engenharia-nacional?utm_source=akna&amp;utm_medium=email&amp;utm_campaign=Confira-a-nova-edicao-da-Revista-M-T-N-291-FEV-MAR-2025\" style=\"color:blue; text-decoration:underline\"><span style=\"font-size:14.0pt\">Um novo marco para a engenharia nacional<\/span><\/a><\/span><\/span><\/span><\/p>\r\n\r\n<p style=\"text-align:justify\"><span style=\"font-size:28pt\"><span style=\"font-family:Cambria,serif\"><span style=\"letter-spacing:-0.5pt\"><b><span style=\"font-size:18.0pt\"><span style=\"font-family:&quot;Calibri&quot;,sans-serif\"><span style=\"font-variant:small-caps\">Sustentabilidade<\/span><\/span><\/span><\/b><\/span><\/span><\/span><\/p>\r\n\r\n<p style=\"text-align:justify\"><span style=\"font-size:11pt\"><span style=\"line-height:normal\"><span style=\"font-family:Calibri,sans-serif\"><a href=\"https:\/\/www.meiofiltrante.com.br\/Noticia\/130040\/descarte-consciente-abrafiltros-ja-reciclou-44917587-filtros-ate-dezembro-de-2024-\" style=\"color:blue; text-decoration:underline\"><span style=\"font-size:14.0pt\">Descarte Consciente Abrafiltros j&aacute; reciclou 44.917.587 filtros at&eacute; dezembro de 2024<\/span><\/a><\/span><\/span><\/span><\/p>\r\n\r\n<p style=\"text-align:justify\"><span style=\"font-size:11pt\"><span style=\"line-height:normal\"><span style=\"font-family:Calibri,sans-serif\"><a href=\"https:\/\/www.nonwovens-industry.com\/contents\/view_features\/2025-03-06\/reusable-hygiene-market\/?utm_campaign=NON%20Issue%20Alert&amp;utm_medium=email&amp;_hsenc=p2ANqtz-9J-uCmJJ6b05ix1AEw_PwQe22HfghclG7BHky_QrkF0W7_Rqp7lNR7E1L1EI6LDFqUjVWtWdbaU7y4n6MKRkIFuzH08g&amp;_hsmi=351034830&amp;utm_content=351034830&amp;utm_source=hs_email\" style=\"color:blue; text-decoration:underline\"><span style=\"font-size:14.0pt\">Reusable Hygiene Market<\/span><\/a><\/span><\/span><\/span><\/p>\r\n\r\n<p style=\"text-align:justify\"><span style=\"font-size:11pt\"><span style=\"line-height:normal\"><span style=\"font-family:Calibri,sans-serif\"><a href=\"https:\/\/agenciabrasil.ebc.com.br\/economia\/noticia\/2025-03\/bndes-lanca-edital-de-r-20-milhoes-para-cooperativas-de-reciclagem\" style=\"color:blue; text-decoration:underline\"><span style=\"font-size:14.0pt\">BNDES lan&ccedil;a edital de R$ 20 milh&otilde;es para cooperativas de reciclagem<\/span><\/a><\/span><\/span><\/span><\/p>\r\n\r\n<p style=\"text-align:justify\"><span style=\"font-size:11pt\"><span style=\"line-height:normal\"><span style=\"font-family:Calibri,sans-serif\"><a href=\"https:\/\/plasticosemrevista.com.br\/reciclagem-a-valorizacao-que-faltava\/\" style=\"color:blue; text-decoration:underline\"><span style=\"font-size:14.0pt\">Reciclagem: a valoriza&ccedil;&atilde;o que faltava<\/span><\/a><\/span><\/span><\/span><\/p>\r\n\r\n<p style=\"text-align:justify\"><span style=\"font-size:28pt\"><span style=\"font-family:Cambria,serif\"><span style=\"letter-spacing:-0.5pt\"><b><span style=\"font-size:18.0pt\"><span style=\"font-family:&quot;Calibri&quot;,sans-serif\"><span style=\"font-variant:small-caps\">Inova&ccedil;&atilde;o<\/span><\/span><\/span><\/b><\/span><\/span><\/span><\/p>\r\n\r\n<p style=\"text-align:justify\"><span style=\"font-size:11pt\"><span style=\"line-height:normal\"><span style=\"font-family:Calibri,sans-serif\"><a href=\"https:\/\/www.ufrn.br\/imprensa\/reportagens-e-saberes\/88198\/plastico-pode-virar-combustivel\" style=\"color:blue; text-decoration:underline\"><span style=\"font-size:14.0pt\">Pl&aacute;stico pode virar combust&iacute;vel<\/span><\/a><\/span><\/span><\/span><\/p>\r\n\r\n<p style=\"text-align:justify\"><span style=\"font-size:11pt\"><span style=\"line-height:normal\"><span style=\"font-family:Calibri,sans-serif\"><a href=\"https:\/\/grandesconstrucoes.com.br\/Noticias\/Exibir\/braskem-desenvolve-inovacoes-para-a-geracao-de-energia-solar?utm_source=akna&amp;utm_medium=email&amp;utm_campaign=Grandes-Construcoes-Informativo-953-10-03-2025\" style=\"color:blue; text-decoration:underline\"><span style=\"font-size:14.0pt\">Braskem desenvolve inova&ccedil;&otilde;es para a gera&ccedil;&atilde;o de energia solar<\/span><\/a><\/span><\/span><\/span><\/p>\r\n\r\n<p style=\"text-align:justify\"><span style=\"font-size:28pt\"><span style=\"font-family:Cambria,serif\"><span style=\"letter-spacing:-0.5pt\"><b><span style=\"font-size:18.0pt\"><span style=\"font-family:&quot;Calibri&quot;,sans-serif\"><span style=\"font-variant:small-caps\">Com&eacute;rcio Exterior<\/span><\/span><\/span><\/b><\/span><\/span><\/span><\/p>\r\n\r\n<p style=\"text-align:justify\"><span style=\"font-size:11pt\"><span style=\"line-height:normal\"><span style=\"font-family:Calibri,sans-serif\"><a href=\"https:\/\/www.fibre2fashion.com\/news\/technical-textiles\/technical-textiles-trade-in-us-mexico-leads-while-china-struggles-301140-newsdetails.htm\" style=\"color:blue; text-decoration:underline\"><span style=\"font-size:14.0pt\">Comercio de textiles t&eacute;cnicos en EE.UU: M&eacute;xico a la cabeza y China a la zaga<\/span><\/a><\/span><\/span><\/span><\/p>\r\n\r\n<p style=\"text-align:justify\"><span style=\"font-size:11pt\"><span style=\"line-height:normal\"><span style=\"font-family:Calibri,sans-serif\"><a href=\"https:\/\/anba.com.br\/brasil-tem-marrocos-entre-fornecedores-de-calcados\/\" style=\"color:blue; text-decoration:underline\"><span style=\"font-size:14.0pt\">Brasil tem Marrocos entre fornecedores de cal&ccedil;ados<\/span><\/a><\/span><\/span><\/span><\/p>\r\n\r\n<p style=\"text-align:justify\"><span style=\"font-size:11pt\"><span style=\"line-height:normal\"><span style=\"font-family:Calibri,sans-serif\"><a href=\"https:\/\/apexbrasil.com.br\/br\/pt\/conteudo\/noticias\/ano-novo--dados-novos--apexbrasil-atualiza-mapa-de-oportunidades.html#msdynttrid=w3IPni6omLtwrz9PuPJWmJYwkr16ZD2F1uCZICRlgnY\" style=\"color:blue; text-decoration:underline\"><span style=\"font-size:14.0pt\">Ano novo, dados novos: ApexBrasil atualiza Mapa de Oportunidades<\/span><\/a><\/span><\/span><\/span><\/p>\r\n\r\n<p style=\"text-align:justify\"><span style=\"font-size:11pt\"><span style=\"line-height:normal\"><span style=\"font-family:Calibri,sans-serif\"><a href=\"https:\/\/exame.com\/mundo\/milei-deve-propor-ao-mercosul-acordo-comercial-com-trump\/\" style=\"color:blue; text-decoration:underline\"><span style=\"font-size:14.0pt\">Milei deve propor ao Mercosul acordo comercial com Trump<\/span><\/a><\/span><\/span><\/span><\/p>\r\n\r\n<p style=\"text-align:justify\"><span style=\"font-size:11pt\"><span style=\"line-height:normal\"><span style=\"font-family:Calibri,sans-serif\"><a href=\"https:\/\/www.agrolink.com.br\/noticias\/balanca-comercial-registra-superavit-de-us--3-16-bi-em-marco_500061.html\" style=\"color:blue; text-decoration:underline\"><span style=\"font-size:14.0pt\">Balan&ccedil;a comercial registra super&aacute;vit de US$ 3,16 bi em mar&ccedil;o<\/span><\/a><\/span><\/span><\/span><\/p>\r\n\r\n<p style=\"text-align:justify\"><span style=\"font-size:28pt\"><span style=\"font-family:Cambria,serif\"><span style=\"letter-spacing:-0.5pt\"><b><span lang=\"EN-US\" style=\"font-size:18.0pt\"><span style=\"font-family:&quot;Calibri&quot;,sans-serif\"><span style=\"font-variant:small-caps\">Economia<\/span><\/span><\/span><\/b><\/span><\/span><\/span><\/p>\r\n\r\n<p style=\"text-align:justify\"><span style=\"font-size:11pt\"><span style=\"line-height:normal\"><span style=\"font-family:Calibri,sans-serif\"><a href=\"https:\/\/www.bcb.gov.br\/content\/focus\/focus\/R20250314.pdf\" style=\"color:blue; text-decoration:underline\"><span lang=\"EN-US\" style=\"font-size:14.0pt\">Focus - Relat&oacute;rio de Mercado<\/span><\/a><\/span><\/span><\/span><\/p>\r\n\r\n<p style=\"text-align:justify\"><span style=\"font-size:11pt\"><span style=\"line-height:normal\"><span style=\"font-family:Calibri,sans-serif\"><a href=\"https:\/\/www.mckinsey.com\/industries\/consumer-packaged-goods\/our-insights\/the-state-of-the-brazilian-consumer\" style=\"color:blue; text-decoration:underline\"><span lang=\"EN-US\" style=\"font-size:14.0pt\">Brazil&rsquo;s economy is stable, but consumers are feeling down<\/span><\/a><\/span><\/span><\/span><\/p>\r\n\r\n<p style=\"text-align:justify\"><img src=\"https:\/\/www.abint.org.br\/assets\/img\/editor\/redes-sociais-abint-ctg-cth_20250205143403kcH4SBmjCL.jpg\" \/><\/p>\r\n","texto_en":"<p>.<\/p>\r\n","7":"<p>.<\/p>\r\n","imagem":"COMP_capa-2025-site-boletim-abint-noticias-semanis_20250402160812iLvy7S3fyc.jpg","8":"COMP_capa-2025-site-boletim-abint-noticias-semanis_20250402160812iLvy7S3fyc.jpg","arquivo":"20250318-BOLETIM-ABINT-DE-NOTICIAS-SEMANAIS.PDF","9":"20250318-BOLETIM-ABINT-DE-NOTICIAS-SEMANAIS.PDF","titulo_arquivo":"20250318 Boletim ABINT de Not\u00edcias Semanais","10":"20250318 Boletim ABINT de Not\u00edcias Semanais","titulo_arquivo_en":"","11":"","created_at":"2025-04-02 16:08:21","12":"2025-04-02 16:08:21","updated_at":"2025-04-02 16:08:21","13":"2025-04-02 16:08:21"},{"id":161,"0":161,"ordem":61,"1":61,"data":"2025-03-12","2":"2025-03-12","slug":"boletim-abint-de-noticias-semanais-67","3":"boletim-abint-de-noticias-semanais-67","titulo":"Boletim ABINT de Not\u00edcias Semanais","4":"Boletim ABINT de Not\u00edcias Semanais","titulo_en":"","5":"","texto":"<p style=\"text-align:justify\"><span style=\"font-size:11pt\"><span style=\"line-height:normal\"><span style=\"font-family:Calibri,sans-serif\"><span style=\"font-size:14.0pt\">Esta &eacute; uma compila&ccedil;&atilde;o das not&iacute;cias mais relevantes para o setor, incluindo informa&ccedil;&otilde;es sobre acordos internacionais, economia brasileira, sustentabilidade e mat&eacute;rias primas, al&eacute;m de novidades do setor de N&atilde;otecidos e Tecidos T&eacute;cnicos.<\/span><\/span><\/span><\/span><\/p>\r\n\r\n<p style=\"text-align:justify\"><span style=\"font-size:28pt\"><span style=\"font-family:Cambria,serif\"><span style=\"letter-spacing:-0.5pt\"><b><span style=\"font-size:18.0pt\"><span calibri=\"\" style=\"font-family:\"><span style=\"font-variant:small-caps\">O que vem por a&iacute;<\/span><\/span><\/span><\/b><\/span><\/span><\/span><\/p>\r\n\r\n<p><img src=\"https:\/\/www.abint.org.br\/assets\/img\/editor\/original_20250227114538tLGmSWwKl9.png\" style=\"width: 300px; height: 69px;\" \/><\/p>\r\n\r\n<p>&nbsp;<\/p>\r\n\r\n<p><img src=\"https:\/\/www.abint.org.br\/assets\/img\/editor\/post-quadrado-curso-naotecido_20250227114621LJZ1V0PpMV.jpg\" style=\"width: 500px; height: 500px;\" \/><\/p>\r\n\r\n<p><a href=\"https:\/\/encurtador.com.br\/5RiJ6\">Fa&ccedil;a sua inscri&ccedil;&atilde;o<\/a><\/p>\r\n\r\n<p>&nbsp;<\/p>\r\n\r\n<p><img src=\"https:\/\/www.abint.org.br\/assets\/img\/editor\/logo-ctg-abint-png_202502051355479yWykO7ojh.png\" style=\"width: 300px; height: 55px;\" \/><\/p>\r\n\r\n<p>&nbsp;<\/p>\r\n\r\n<p><img src=\"https:\/\/www.abint.org.br\/assets\/img\/editor\/post-curso-br-instal-gm-2025_20250205135746uUVJpTDyEg.jpg\" style=\"width: 500px; height: 500px;\" \/><\/p>\r\n\r\n<p><a href=\"https:\/\/www.eventbrite.com\/e\/curso-brasileiro-de-instalacao-de-geomembranas-paulo-kenji-acakura-2025-tickets-1111455586579?aff=oddtdtcreator\">Fa&ccedil;a sua inscri&ccedil;&atilde;o<\/a><\/p>\r\n\r\n<p>&nbsp;<\/p>\r\n\r\n<p>&nbsp;<\/p>\r\n\r\n<p><img src=\"https:\/\/www.abint.org.br\/assets\/img\/editor\/e-mail-post-premio-tcc-icc-2024-2025_20250205143024je0yZgOKML.png\" style=\"width: 500px; height: 500px;\" \/><\/p>\r\n\r\n<p><a href=\"https:\/\/geossinteticos.org.br\/premiotccic\">Inscreva seu trabalho<\/a><\/p>\r\n\r\n<p>&nbsp;<\/p>\r\n\r\n<p class=\"MsoTitle\" style=\"text-align:justify\"><span style=\"font-size:28pt\"><span style=\"font-family:Cambria,serif\"><span style=\"letter-spacing:-0.5pt\"><b><span style=\"font-size:18.0pt\"><span calibri=\"\" style=\"font-family:\"><span style=\"font-variant:small-caps\">Not&iacute;cias das Associadas<\/span><\/span><\/span><\/b><\/span><\/span><\/span><\/p>\r\n\r\n<p style=\"text-align:justify\"><span style=\"font-size:11pt\"><span style=\"line-height:normal\"><span style=\"font-family:Calibri,sans-serif\"><a href=\"https:\/\/br.investing.com\/news\/transcripts\/resultados-da-andritz-no-quarto-trimestre-mostram-lucro-liquido-recorde-93CH-1482501\" style=\"color:blue; text-decoration:underline\"><span style=\"font-size:14.0pt\">Resultados da Andritz no quarto trimestre mostram lucro l&iacute;quido recorde<\/span><\/a><\/span><\/span><\/span><\/p>\r\n\r\n<p style=\"text-align:justify\"><span style=\"font-size:11pt\"><span style=\"line-height:normal\"><span style=\"font-family:Calibri,sans-serif\"><a href=\"https:\/\/noticias.uol.com.br\/cotidiano\/ultimas-noticias\/2025\/03\/07\/como-tunel-santos-guaruja-sera-construido-embaixo-do-mar.amp.htm\" style=\"color:blue; text-decoration:underline\"><span style=\"font-size:14.0pt\">Instituto Mau&aacute; comenta: Como ser&aacute; constru&iacute;do t&uacute;nel que ligar&aacute; Santos ao Guaruj&aacute; por debaixo d&#39;&aacute;gua?<\/span><\/a><\/span><\/span><\/span><\/p>\r\n\r\n<p style=\"text-align:justify\">&nbsp;<\/p>\r\n\r\n<p style=\"text-align:justify\"><span style=\"font-size:11pt\"><span style=\"line-height:normal\"><span style=\"font-family:Calibri,sans-serif\"><b><span style=\"font-size:18.0pt\"><span style=\"font-variant:small-caps\">Eventos<\/span><\/span><\/b><\/span><\/span><\/span><\/p>\r\n\r\n<p style=\"text-align:justify\"><span style=\"font-size:11pt\"><span style=\"line-height:normal\"><span style=\"font-family:Calibri,sans-serif\"><a href=\"https:\/\/evento.fgv.br\/analiseconjuntural_1303\/\" style=\"color:blue; text-decoration:underline\"><b><span style=\"font-size:14.0pt\">FGV IBRE | I Semin&aacute;rio de An&aacute;lise Conjuntural<\/span><\/b><\/a><span style=\"font-size:14.0pt\">, 13 de mar&ccedil;o de 2025, 10h00 &agrave;s 11h30, transmiss&atilde;o pelo YouTube FGV<\/span><\/span><\/span><\/span><\/p>\r\n\r\n<p style=\"text-align:justify\"><span style=\"font-size:11pt\"><span style=\"line-height:normal\"><span style=\"font-family:Calibri,sans-serif\"><a href=\"https:\/\/www.fimec.com.br\/\" style=\"color:blue; text-decoration:underline\"><b><span style=\"font-size:14.0pt\">Fimec 2025<\/span><\/b><\/a><span style=\"font-size:14.0pt\">, 18 a 20 de mar&ccedil;o, Fenac, Novo Hamburgo, RS<\/span><\/span><\/span><\/span><\/p>\r\n\r\n<p style=\"text-align:justify\"><span style=\"font-size:11pt\"><span style=\"line-height:normal\"><span style=\"font-family:Calibri,sans-serif\"><a href=\"http:\/\/www.pettalk.org.br\" style=\"color:blue; text-decoration:underline\"><b><span style=\"font-size:14.0pt\">PETTALK 2025<\/span><\/b><\/a><b><span style=\"font-size:14.0pt\">: <\/span><\/b><span style=\"font-size:14.0pt\">24 de mar&ccedil;o, em S&atilde;o Paulo. Realiza&ccedil;&atilde;o da Associa&ccedil;&atilde;o Brasileira da Ind&uacute;stria do PET (ABIPET)<\/span><\/span><\/span><\/span><\/p>\r\n\r\n<p style=\"text-align:justify\"><span style=\"font-size:11pt\"><span style=\"line-height:normal\"><span style=\"font-family:Calibri,sans-serif\"><a href=\"https:\/\/www.plasticobrasil.com.br\/pt\/home.html\" style=\"color:blue; text-decoration:underline\"><b><span style=\"font-size:14.0pt\">Pl&aacute;stico Brasil<\/span><\/b><\/a><span style=\"font-size:14.0pt\">, de 24 a 28 de mar&ccedil;o de 2025, 10h &agrave;s 19h, S&atilde;o Paulo Expo, Rodovia dos Imigrantes, km 1,5<\/span><\/span><\/span><\/span><\/p>\r\n\r\n<p style=\"text-align:justify\"><span style=\"font-size:11pt\"><span style=\"line-height:normal\"><span style=\"font-family:Calibri,sans-serif\"><b><span style=\"font-size:14.0pt\"><a href=\"https:\/\/docs.google.com\/forms\/d\/e\/1FAIpQLSe8n6fJqntSs3elWsTM_2VSk89rkU_dYp3U2O27WAzVnL_J8Q\/viewform\" style=\"color:blue; text-decoration:underline\">ABTT Academy | Bases t&eacute;cnicas para montagem de um laborat&oacute;rio<\/a>&nbsp;<\/span><\/b><\/span><\/span><\/span><span style=\"font-size:11pt\"><span style=\"line-height:normal\"><span style=\"font-family:Calibri,sans-serif\"><span class=\"MsoHyperlink\" style=\"color:blue\"><span style=\"text-decoration:underline\"><b><span style=\"font-size:14.0pt\"><a href=\"https:\/\/docs.google.com\/forms\/d\/e\/1FAIpQLSe8n6fJqntSs3elWsTM_2VSk89rkU_dYp3U2O27WAzVnL_J8Q\/viewform\" style=\"color:blue; text-decoration:underline\">de controle de qualidade na ind&uacute;stria de t&ecirc;xtil e de confec&ccedil;&atilde;o<\/a>,&nbsp;<\/span><\/b><\/span><\/span><\/span><\/span><\/span><span style=\"font-size:11pt\"><span style=\"line-height:normal\"><span style=\"font-family:Calibri,sans-serif\"><span style=\"font-size:14.0pt\">29 de mar&ccedil;o de 2025, 08h &agrave;s 12h, evento online<\/span><\/span><\/span><\/span><\/p>\r\n\r\n<p style=\"text-align:justify\"><span style=\"font-size:11pt\"><span style=\"line-height:normal\"><span style=\"font-family:Calibri,sans-serif\"><a href=\"https:\/\/www.automecfeira.com.br\/pt-br.html\" style=\"color:blue; text-decoration:underline\"><b><span style=\"font-size:14.0pt\">Automec 2025<\/span><\/b><\/a><span style=\"font-size:14.0pt\">, 22 a 26 de abril de 2025, S&atilde;o Paulo Expo, Rodovia dos Imigrantes, Km 1,5, &Aacute;gua Funda, S&atilde;o Paulo, SP<\/span><\/span><\/span><\/span><\/p>\r\n\r\n<p style=\"text-align:justify\"><span style=\"font-size:11pt\"><span style=\"line-height:normal\"><span style=\"font-family:Calibri,sans-serif\"><a href=\"https:\/\/carreira.eseg.edu.br\/transmissao-ao-vivo-ciclo-de-palestras-marco-diogo-guillen?utm_campaign=prospeccao_on-line-_publico_externo-_banco_central&amp;utm_medium=email&amp;utm_source=RD+Station\" style=\"color:blue; text-decoration:underline\"><b><span style=\"font-size:14.0pt\">&quot;Conjuntura Econ&ocirc;mica: Evolu&ccedil;&atilde;o do Cen&aacute;rio e Proje&ccedil;&otilde;es para a Infla&ccedil;&atilde;o<\/span><\/b><span style=\"font-size:14.0pt\">&quot;<\/span><\/a><span style=\"font-size:14.0pt\">, Diego Guillen, diretor de Pol&iacute;tica Econ&ocirc;mica do Banco Central do Brasil, 31 de mar&ccedil;o de 2025, &agrave;s 19h<\/span><\/span><\/span><\/span><\/p>\r\n\r\n<p style=\"text-align:justify\"><span style=\"font-size:11pt\"><span style=\"line-height:normal\"><span style=\"font-family:Calibri,sans-serif\"><a href=\"https:\/\/docs.google.com\/forms\/d\/e\/1FAIpQLSfMrxxb83TM8IA9RFdNa0ACl5NtjckyztJJD155dbtEWBB5ow\/viewform\" style=\"color:blue; text-decoration:underline\"><b><span style=\"font-size:14.0pt\">Qualidade da cor para t&ecirc;xteis<\/span><\/b><\/a>,&nbsp;<\/span><\/span><\/span><span style=\"font-size:11pt\"><span style=\"line-height:normal\"><span style=\"font-family:Calibri,sans-serif\"><span style=\"font-size:14.0pt\">26 de abril de 2025, 08h &agrave;s 12h, evento online<\/span><\/span><\/span><\/span><\/p>\r\n\r\n<p style=\"text-align:justify\"><span style=\"font-size:11pt\"><span style=\"line-height:normal\"><span style=\"font-family:Calibri,sans-serif\"><a href=\"https:\/\/forms.gle\/gVRanQmStqMhRKtM6\" style=\"color:blue; text-decoration:underline\"><b><span style=\"font-size:14.0pt\">ABTT Academy | Curso: Vamos falar de sa&uacute;de mental nas empresas?<\/span><\/b><\/a>,&nbsp;<\/span><\/span><\/span><span style=\"font-size:11pt\"><span style=\"line-height:normal\"><span style=\"font-family:Calibri,sans-serif\"><span style=\"font-size:14.0pt\">17 de maio de 2025, 08h &agrave;s 12h, evento online<\/span><\/span><\/span><\/span><\/p>\r\n\r\n<p style=\"text-align:justify\"><span style=\"font-size:11pt\"><span style=\"line-height:normal\"><span style=\"font-family:Calibri,sans-serif\"><a href=\"https:\/\/www.hospitalar.com\/pt\/home.html\" style=\"color:blue; text-decoration:underline\"><b><span style=\"font-size:14.0pt\">Hospitalar 2025<\/span><\/b><\/a><span style=\"font-size:14.0pt\">, 20 a 23 de maio, 11h00 &agrave;s 20h00, S&atilde;o Paulo Expo, Rodovia dos Imigrantes, km 1,5<\/span><\/span><\/span><\/span><\/p>\r\n\r\n<p style=\"text-align:justify\"><span style=\"font-size:11pt\"><span style=\"line-height:normal\"><span style=\"font-family:Calibri,sans-serif\"><a href=\"https:\/\/ideashow.org\/\" style=\"color:blue; text-decoration:underline\"><b><span lang=\"EN-US\" style=\"font-size:14.0pt\">IDEA25<\/span><\/b><\/a><span lang=\"EN-US\" style=\"font-size:14.0pt\">, April 29-May 1, 2025, Miami Beach Convention Center, Miami Beach, Florida<\/span><\/span><\/span><\/span><\/p>\r\n\r\n<p style=\"text-align:justify\"><span style=\"font-size:11pt\"><span style=\"line-height:normal\"><span style=\"font-family:Calibri,sans-serif\"><a href=\"https:\/\/www.conbrava.com.br\/\" style=\"color:blue; text-decoration:underline\"><b><span style=\"font-size:14.0pt\">CONBRAVA 2025<\/span><\/b><\/a><span style=\"font-size:14.0pt\">, 10 a 12 de setembro de 2025, S&atilde;o Paulo Expo, Rodovia dos Imigrantes, km 1,5<\/span><\/span><\/span><\/span><\/p>\r\n\r\n<p style=\"text-align:justify\"><span style=\"font-size:11pt\"><span style=\"line-height:normal\"><span style=\"font-family:Calibri,sans-serif\"><a href=\"https:\/\/paving.com.br\/\" style=\"color:blue; text-decoration:underline\"><b><span style=\"font-size:14.0pt\">Paving Expo 2025<\/span><\/b><\/a><span style=\"font-size:14.0pt\">, 23 a 25 de setembro de 2025, Distrito Anhembi, Rua Prof. Milton Rodrigues, s\/n, Santana, S&atilde;o Paulo, SP<\/span><\/span><\/span><\/span><\/p>\r\n\r\n<p style=\"text-align:justify\"><span style=\"font-size:11pt\"><span style=\"line-height:normal\"><span style=\"font-family:Calibri,sans-serif\"><b><span style=\"font-size:14.0pt\">17&ordm; Congresso Brasileiro de Enfermagem em Centro Cir&uacute;rgico: &ldquo;O poder de cuidar&rdquo;<\/span><\/b><span style=\"font-size:14.0pt\">, 01 a 03 de outubro de 2025, Transamerica Expo Center, S&atilde;o Paulo, SP<\/span><\/span><\/span><\/span><\/p>\r\n\r\n<p style=\"text-align:justify\"><span style=\"font-size:11pt\"><span style=\"line-height:normal\"><span style=\"font-family:Calibri,sans-serif\"><a href=\"https:\/\/hospitalmed.com.br\/feira\/\" style=\"color:blue; text-decoration:underline\"><b><span style=\"font-size:14.0pt\">HospitalMed 2025<\/span><\/b><\/a><span style=\"font-size:14.0pt\">, 22 a 24 de outubro, Pernambuco Centro de Conven&ccedil;&otilde;es, Olinda<\/span><\/span><\/span><\/span><\/p>\r\n\r\n<p style=\"text-align:justify\"><span style=\"font-size:28pt\"><span style=\"font-family:Cambria,serif\"><span style=\"letter-spacing:-0.5pt\"><b><span style=\"font-size:18.0pt\"><span calibri=\"\" style=\"font-family:\"><span style=\"font-variant:small-caps\">Setor<\/span><\/span><\/span><\/b><\/span><\/span><\/span><\/p>\r\n\r\n<p style=\"text-align:justify\"><span style=\"font-size:11pt\"><span style=\"line-height:normal\"><span style=\"font-family:Calibri,sans-serif\"><a href=\"https:\/\/www.nonwovens-industry.com\/contents\/view_breaking-news\/2025-03-05\/nonwovenn-continues-expansion-efforts\/?utm_campaign=NON%20eNewsletter&amp;utm_medium=email&amp;_hsenc=p2ANqtz--xNgTb1029i3SXF04QYLHb9Vj9VElkp1EuPPf0IroTwwbjY-B86556-dbGHEf2_rttVPftutKnmmnWgrLx7ThzdbZV3Q&amp;_hsmi=350433385&amp;utm_content=350433385&amp;utm_source=hs_email\" style=\"color:blue; text-decoration:underline\"><span lang=\"ES-AR\" style=\"font-size:14.0pt\">Nonwovenn Continues Expansion Efforts<\/span><\/a><\/span><\/span><\/span><\/p>\r\n\r\n<p style=\"text-align:justify\"><span style=\"font-size:11pt\"><span style=\"line-height:normal\"><span style=\"font-family:Calibri,sans-serif\"><a href=\"https:\/\/www.nsctotal.com.br\/colunistas\/pedro-machado\/investigacao-pedida-por-empresa-americana-acende-sinal-de-alerta-na-industria-textil-de-sc\" style=\"color:blue; text-decoration:underline\"><span lang=\"ES-AR\" style=\"font-size:14.0pt\">Investiga&ccedil;&atilde;o pedida por empresa americana acende sinal de alerta na ind&uacute;stria t&ecirc;xtil de SC<\/span><\/a><\/span><\/span><\/span><\/p>\r\n\r\n<p style=\"text-align:justify\"><span style=\"font-size:11pt\"><span style=\"line-height:normal\"><span style=\"font-family:Calibri,sans-serif\"><a href=\"https:\/\/plasticosemrevista.com.br\/geomembranas-e-silos-bolsas-o-persistente-cultivo-do-mercado\/\" style=\"color:blue; text-decoration:underline\"><span style=\"font-size:14.0pt\">Geomembranas e silos-bolsas: o persistente cultivo do mercado<\/span><\/a><\/span><\/span><\/span><\/p>\r\n\r\n<p style=\"text-align:justify\"><span style=\"font-size:11pt\"><span style=\"line-height:normal\"><span style=\"font-family:Calibri,sans-serif\"><a href=\"https:\/\/plasticosemrevista.com.br\/eua-coca-cola-pode-recorrer-a-pet-para-contornar-encarecimento-do-aluminio\/\" style=\"color:blue; text-decoration:underline\"><span style=\"font-size:14.0pt\">EUA: Coca-Cola pode recorrer a PET para contornar encarecimento do alum&iacute;nio<\/span><\/a><\/span><\/span><\/span><\/p>\r\n\r\n<p style=\"text-align:justify\"><span style=\"font-size:28pt\"><span style=\"font-family:Cambria,serif\"><span style=\"letter-spacing:-0.5pt\"><b><span style=\"font-size:18.0pt\"><span calibri=\"\" style=\"font-family:\"><span style=\"font-variant:small-caps\">Ind&uacute;stria<\/span><\/span><\/span><\/b><\/span><\/span><\/span><\/p>\r\n\r\n<p class=\"MsoTitle\" style=\"text-align:justify\"><span style=\"font-size:11pt\"><span style=\"line-height:normal\"><span style=\"font-family:Calibri,sans-serif\"><span class=\"MsoHyperlink\" style=\"color:blue\"><span style=\"text-decoration:underline\"><span style=\"font-size:14.0pt\"><a href=\"https:\/\/noticias.portaldaindustria.com.br\/posicionamentos\/puxado-pela-industria-pib-cresce-em-2024-mas-desaceleracao-da-economia-preocupa-o-segmento-industrial\/\" style=\"color:blue; text-decoration:underline\">Puxado pela ind&uacute;stria, PIB cresce em 2024, mas desacelera&ccedil;&atilde;o da economia preocupa o segmento industrial<\/a><\/span><\/span><\/span><\/span><\/span><\/span><\/p>\r\n\r\n<p class=\"MsoTitle\" style=\"text-align:justify\"><span style=\"font-size:11pt\"><span style=\"line-height:normal\"><span style=\"font-family:Calibri,sans-serif\"><span class=\"MsoHyperlink\" style=\"color:blue\"><span style=\"text-decoration:underline\"><span style=\"font-size:14.0pt\"><a href=\"https:\/\/br.investing.com\/news\/economic-indicators\/producao-industrial-no-brasil-frustra-expectativas-e-fica-estagnada-em-janeiro-1487097\" style=\"color:blue; text-decoration:underline\">Produ&ccedil;&atilde;o industrial no Brasil frustra expectativas e fica estagnada em janeiro<\/a><\/span><\/span><\/span><\/span><\/span><\/span><\/p>\r\n\r\n<p style=\"text-align:justify\"><span style=\"font-size:11pt\"><span style=\"line-height:normal\"><span style=\"font-family:Calibri,sans-serif\"><span class=\"MsoHyperlink\" style=\"color:blue\"><span style=\"text-decoration:underline\"><span style=\"font-size:14.0pt\"><a href=\"https:\/\/www.portaldaindustria.com.br\/cni\/canais\/atuacao-juridica\/agenda-juridica\/?utm_source=comext&amp;utm_medium=email&amp;utm_campaign=publicacoes&amp;utm_content=id00199#anchor-versao-pdf\" style=\"color:blue; text-decoration:underline\">CNI | Agenda Jur&iacute;dica da Ind&uacute;stria<\/a><\/span><\/span><\/span><\/span><\/span><\/span><\/p>\r\n\r\n<p class=\"MsoTitle\" style=\"text-align:justify\"><span style=\"font-size:11pt\"><span style=\"line-height:normal\"><span style=\"font-family:Calibri,sans-serif\"><a href=\"https:\/\/jc.ne10.uol.com.br\/colunas\/metro-quadrado\/2025\/03\/08\/construcao-civil-cresce-43-e-atinge-pib-de-rs-359523-bilhoes.html\" style=\"color:blue; text-decoration:underline\"><span style=\"font-size:14.0pt\">Constru&ccedil;&atilde;o Civil cresce 4,3% e atinge PIB de R$ 359,523 bilh&otilde;es<\/span><\/a><\/span><\/span><\/span><\/p>\r\n\r\n<p class=\"MsoTitle\" style=\"text-align:justify\"><span style=\"font-size:11pt\"><span style=\"line-height:normal\"><span style=\"font-family:Calibri,sans-serif\"><a href=\"https:\/\/www.boqnews.com\/nacional\/industria-e-servicos-impulsionam-crescimento-economico-no-brasil\/\" style=\"color:blue; text-decoration:underline\"><span style=\"font-size:14.0pt\">Ind&uacute;stria e servi&ccedil;os impulsionam crescimento econ&ocirc;mico no Brasil<\/span><\/a><\/span><\/span><\/span><\/p>\r\n\r\n<p class=\"MsoTitleCxSpFirst\" style=\"text-align:justify\"><span style=\"font-size:28pt\"><span style=\"font-family:Cambria,serif\"><span style=\"letter-spacing:-0.5pt\"><b><span style=\"font-size:18.0pt\"><span calibri=\"\" style=\"font-family:\"><span style=\"font-variant:small-caps\">Sustentabilidade<\/span><\/span><\/span><\/b><\/span><\/span><\/span><\/p>\r\n\r\n<p class=\"MsoTitleCxSpLast\" style=\"text-align:justify\"><span style=\"font-size:11pt\"><span style=\"line-height:normal\"><span style=\"font-family:Calibri,sans-serif\"><a href=\"https:\/\/noticias.portaldaindustria.com.br\/noticias\/sustentabilidade\/setor-produtivo-brasileiro-lanca-movimento-de-engajamento-global-para-representacao-empresarial-na-cop\/\" style=\"color:blue; text-decoration:underline\"><span style=\"font-size:14.0pt\">Setor produtivo brasileiro lan&ccedil;a movimento de engajamento global para representa&ccedil;&atilde;o empresarial na COP<\/span><\/a><\/span><\/span><\/span><\/p>\r\n\r\n<p class=\"MsoTitle\" style=\"text-align:justify\"><span style=\"font-size:11pt\"><span style=\"line-height:normal\"><span style=\"font-family:Calibri,sans-serif\"><a href=\"https:\/\/www.balcaoautomotivo.com\/2025\/03\/05\/industria-automotiva-avanca-no-uso-de-plasticos-reciclados\/\" style=\"color:blue; text-decoration:underline\"><span style=\"font-size:14.0pt\">Ind&uacute;stria automotiva avan&ccedil;a no uso de pl&aacute;sticos reciclados<\/span><\/a><\/span><\/span><\/span><\/p>\r\n\r\n<p style=\"text-align:justify\"><span style=\"font-size:28pt\"><span style=\"font-family:Cambria,serif\"><span style=\"letter-spacing:-0.5pt\"><b><span style=\"font-size:18.0pt\"><span calibri=\"\" style=\"font-family:\"><span style=\"font-variant:small-caps\">Inova&ccedil;&atilde;o<\/span><\/span><\/span><\/b><\/span><\/span><\/span><\/p>\r\n\r\n<p style=\"text-align:justify\"><span style=\"font-size:11pt\"><span style=\"line-height:normal\"><span style=\"font-family:Calibri,sans-serif\"><a href=\"https:\/\/www.inovacaotecnologica.com.br\/noticias\/noticia.php?artigo=seda-bicho-seda-supera-seda-natural&amp;id=010160250305&amp;ebol=sim#google_vignette\" style=\"color:blue; text-decoration:underline\"><span style=\"font-size:14.0pt\">Novo processo faz seda do bicho-da-seda superar seda natural<\/span><\/a><\/span><\/span><\/span><\/p>\r\n\r\n<p style=\"text-align:justify\"><span style=\"font-size:11pt\"><span style=\"line-height:normal\"><span style=\"font-family:Calibri,sans-serif\"><a href=\"https:\/\/www.inovacaotecnologica.com.br\/noticias\/noticia.php?artigo=hidrogel-autocurativo-imita-pele-humana&amp;id=020160250311&amp;ebol=sim\" style=\"color:blue; text-decoration:underline\"><span style=\"font-size:14.0pt\">Hidrogel autocurativo imita de perto a pele humana<\/span><\/a><\/span><\/span><\/span><\/p>\r\n\r\n<p style=\"text-align:justify\"><span style=\"font-size:11pt\"><span style=\"line-height:normal\"><span style=\"font-family:Calibri,sans-serif\"><a href=\"https:\/\/clickpetroleoegas.com.br\/com-a-escassez-de-agua-potavel-pesquisadores-desenvolvem-nova-membrana-de-nanofiltracao-capaz-de-purificar-a-agua-mais-rapidamente-gastando-menos-energia\/\" style=\"color:blue; text-decoration:underline\"><span style=\"font-size:14.0pt\">Com a escassez de &aacute;gua pot&aacute;vel, pesquisadores desenvolvem nova membrana de nanofiltra&ccedil;&atilde;o capaz de purificar a &aacute;gua mais rapidamente, gastando menos energia<\/span><\/a><\/span><\/span><\/span><\/p>\r\n\r\n<p class=\"MsoTitleCxSpFirst\" style=\"text-align:justify\"><span style=\"font-size:28pt\"><span style=\"font-family:Cambria,serif\"><span style=\"letter-spacing:-0.5pt\"><b><span style=\"font-size:18.0pt\"><span calibri=\"\" style=\"font-family:\"><span style=\"font-variant:small-caps\">Com&eacute;rcio Exterior<\/span><\/span><\/span><\/b><\/span><\/span><\/span><\/p>\r\n\r\n<p style=\"text-align:justify\"><span style=\"font-size:11pt\"><span style=\"line-height:normal\"><span style=\"font-family:Calibri,sans-serif\"><a href=\"https:\/\/grandesconstrucoes.com.br\/Noticias\/Exibir\/a-guerra-comercial-eua-china-e-seus-reflexos-na-busca-por-nacionalizacao-de-empresas-no-brasil?utm_source=akna&amp;utm_medium=email&amp;utm_campaign=Grandes-Construcoes-Informativo-952-06-03-2025\" style=\"color:blue; text-decoration:underline\"><span style=\"font-size:14.0pt\">A Guerra Comercial EUA-China e seus reflexos na busca por nacionaliza&ccedil;&atilde;o de empresas no Brasil<\/span><\/a><\/span><\/span><\/span><\/p>\r\n\r\n<p style=\"text-align:justify\"><span style=\"font-size:11pt\"><span style=\"line-height:normal\"><span style=\"font-family:Calibri,sans-serif\"><a href=\"https:\/\/ibre.fgv.br\/blog-da-conjuntura-economica\/artigos\/o-que-o-perfil-das-importacoes-brasileiras-pode-dizer-sobre\" style=\"color:blue; text-decoration:underline\"><span style=\"font-size:14.0pt\">O que o perfil das importa&ccedil;&otilde;es brasileiras pode dizer sobre nossos desafios geoecon&ocirc;micos<\/span><\/a><\/span><\/span><\/span><\/p>\r\n\r\n<p style=\"text-align:justify\"><span style=\"font-size:11pt\"><span style=\"line-height:normal\"><span style=\"font-family:Calibri,sans-serif\"><a href=\"https:\/\/www.fibre2fashion.com\/news\/textile-news\/global-trade-war-risks-surge-due-to-us-aggressive-policies-fitch-300879-newsdetails.htm\" style=\"color:blue; text-decoration:underline\"><span style=\"font-size:14.0pt\">Aumentan los riesgos de guerra comercial mundial debido a las pol&iacute;ticas agresivas de EE.UU<\/span><\/a><\/span><\/span><\/span><\/p>\r\n\r\n<p style=\"text-align:justify\"><span style=\"font-size:11pt\"><span style=\"line-height:normal\"><span style=\"font-family:Calibri,sans-serif\"><a href=\"https:\/\/www.fibre2fashion.com\/news\/textile-news\/reciprocal-us-tariffs-against-india-china-other-nations-from-apr-2-301144-newsdetails.htm\" style=\"color:blue; text-decoration:underline\"><span style=\"font-size:14.0pt\">Aranceles rec&iacute;procos de EE.UU. contra India, China y otros pa&iacute;ses a partir del 2 de abril<\/span><\/a><\/span><\/span><\/span><\/p>\r\n\r\n<p style=\"text-align:justify\"><span style=\"font-size:11pt\"><span style=\"line-height:normal\"><span style=\"font-family:Calibri,sans-serif\"><a href=\"https:\/\/anba.com.br\/brasil-e-bahrein-exploram-parcerias-comerciais\/\" style=\"color:blue; text-decoration:underline\"><span style=\"font-size:14.0pt\">Brasil e Bahrein exploram parcerias comerciais<\/span><\/a><\/span><\/span><\/span><\/p>\r\n\r\n<p style=\"text-align:justify\"><span style=\"font-size:11pt\"><span style=\"line-height:normal\"><span style=\"font-family:Calibri,sans-serif\"><a href=\"https:\/\/agenciabrasil.ebc.com.br\/economia\/noticia\/2025-03\/balanca-comercial-tem-primeiro-deficit-mensal-desde-janeiro-de-2022\" style=\"color:blue; text-decoration:underline\"><span style=\"font-size:14.0pt\">Balan&ccedil;a comercial tem primeiro d&eacute;ficit mensal desde janeiro de 2022<\/span><\/a><\/span><\/span><\/span><\/p>\r\n\r\n<p style=\"text-align:justify\"><span style=\"font-size:28pt\"><span style=\"font-family:Cambria,serif\"><span style=\"letter-spacing:-0.5pt\"><b><span style=\"font-size:18.0pt\"><span calibri=\"\" style=\"font-family:\"><span style=\"font-variant:small-caps\">Economia<\/span><\/span><\/span><\/b><\/span><\/span><\/span><\/p>\r\n\r\n<p style=\"text-align:justify\"><span style=\"font-size:11pt\"><span style=\"line-height:normal\"><span style=\"font-family:Calibri,sans-serif\"><a href=\"https:\/\/www.bcb.gov.br\/content\/focus\/focus\/R20250307.pdf\" style=\"color:blue; text-decoration:underline\"><span style=\"font-size:14.0pt\">Focus - Relat&oacute;rio de Mercado<\/span><\/a><\/span><\/span><\/span><\/p>\r\n\r\n<p style=\"text-align:justify\"><span style=\"font-size:11pt\"><span style=\"line-height:normal\"><span style=\"font-family:Calibri,sans-serif\"><a href=\"https:\/\/portalibre.fgv.br\/system\/files\/divulgacao\/noticias\/mat-complementar\/2025-03\/Bar%C3%B4metros%20Globais%20KOF-FGV_Press%20release_03_2025.pdf\" style=\"color:blue; text-decoration:underline\"><span style=\"font-size:14.0pt\">Bar&ocirc;metros Globais em trajet&oacute;rias opostas em mar&ccedil;o<\/span><\/a><\/span><\/span><\/span><\/p>\r\n\r\n<p style=\"text-align:justify\"><span style=\"font-size:11pt\"><span style=\"line-height:normal\"><span style=\"font-family:Calibri,sans-serif\"><a href=\"https:\/\/istoedinheiro.com.br\/pib-per-capita-pico-fgv\/\" style=\"color:blue; text-decoration:underline\"><span style=\"font-size:14.0pt\">PIB per capita do Brasil conclui retomada e ultrapassa pico hist&oacute;rico de 2013, aponta FGV<\/span><\/a><\/span><\/span><\/span><\/p>\r\n\r\n<p style=\"text-align:justify\"><img src=\"https:\/\/www.abint.org.br\/assets\/img\/editor\/redes-sociais-abint-ctg-cth_20250205143403kcH4SBmjCL.jpg\" \/><\/p>\r\n","6":"<p style=\"text-align:justify\"><span style=\"font-size:11pt\"><span style=\"line-height:normal\"><span style=\"font-family:Calibri,sans-serif\"><span style=\"font-size:14.0pt\">Esta &eacute; uma compila&ccedil;&atilde;o das not&iacute;cias mais relevantes para o setor, incluindo informa&ccedil;&otilde;es sobre acordos internacionais, economia brasileira, sustentabilidade e mat&eacute;rias primas, al&eacute;m de novidades do setor de N&atilde;otecidos e Tecidos T&eacute;cnicos.<\/span><\/span><\/span><\/span><\/p>\r\n\r\n<p style=\"text-align:justify\"><span style=\"font-size:28pt\"><span style=\"font-family:Cambria,serif\"><span style=\"letter-spacing:-0.5pt\"><b><span style=\"font-size:18.0pt\"><span calibri=\"\" style=\"font-family:\"><span style=\"font-variant:small-caps\">O que vem por a&iacute;<\/span><\/span><\/span><\/b><\/span><\/span><\/span><\/p>\r\n\r\n<p><img src=\"https:\/\/www.abint.org.br\/assets\/img\/editor\/original_20250227114538tLGmSWwKl9.png\" style=\"width: 300px; height: 69px;\" \/><\/p>\r\n\r\n<p>&nbsp;<\/p>\r\n\r\n<p><img src=\"https:\/\/www.abint.org.br\/assets\/img\/editor\/post-quadrado-curso-naotecido_20250227114621LJZ1V0PpMV.jpg\" style=\"width: 500px; height: 500px;\" \/><\/p>\r\n\r\n<p><a href=\"https:\/\/encurtador.com.br\/5RiJ6\">Fa&ccedil;a sua inscri&ccedil;&atilde;o<\/a><\/p>\r\n\r\n<p>&nbsp;<\/p>\r\n\r\n<p><img src=\"https:\/\/www.abint.org.br\/assets\/img\/editor\/logo-ctg-abint-png_202502051355479yWykO7ojh.png\" style=\"width: 300px; height: 55px;\" \/><\/p>\r\n\r\n<p>&nbsp;<\/p>\r\n\r\n<p><img src=\"https:\/\/www.abint.org.br\/assets\/img\/editor\/post-curso-br-instal-gm-2025_20250205135746uUVJpTDyEg.jpg\" style=\"width: 500px; height: 500px;\" \/><\/p>\r\n\r\n<p><a href=\"https:\/\/www.eventbrite.com\/e\/curso-brasileiro-de-instalacao-de-geomembranas-paulo-kenji-acakura-2025-tickets-1111455586579?aff=oddtdtcreator\">Fa&ccedil;a sua inscri&ccedil;&atilde;o<\/a><\/p>\r\n\r\n<p>&nbsp;<\/p>\r\n\r\n<p>&nbsp;<\/p>\r\n\r\n<p><img src=\"https:\/\/www.abint.org.br\/assets\/img\/editor\/e-mail-post-premio-tcc-icc-2024-2025_20250205143024je0yZgOKML.png\" style=\"width: 500px; height: 500px;\" \/><\/p>\r\n\r\n<p><a href=\"https:\/\/geossinteticos.org.br\/premiotccic\">Inscreva seu trabalho<\/a><\/p>\r\n\r\n<p>&nbsp;<\/p>\r\n\r\n<p class=\"MsoTitle\" style=\"text-align:justify\"><span style=\"font-size:28pt\"><span style=\"font-family:Cambria,serif\"><span style=\"letter-spacing:-0.5pt\"><b><span style=\"font-size:18.0pt\"><span calibri=\"\" style=\"font-family:\"><span style=\"font-variant:small-caps\">Not&iacute;cias das Associadas<\/span><\/span><\/span><\/b><\/span><\/span><\/span><\/p>\r\n\r\n<p style=\"text-align:justify\"><span style=\"font-size:11pt\"><span style=\"line-height:normal\"><span style=\"font-family:Calibri,sans-serif\"><a href=\"https:\/\/br.investing.com\/news\/transcripts\/resultados-da-andritz-no-quarto-trimestre-mostram-lucro-liquido-recorde-93CH-1482501\" style=\"color:blue; text-decoration:underline\"><span style=\"font-size:14.0pt\">Resultados da Andritz no quarto trimestre mostram lucro l&iacute;quido recorde<\/span><\/a><\/span><\/span><\/span><\/p>\r\n\r\n<p style=\"text-align:justify\"><span style=\"font-size:11pt\"><span style=\"line-height:normal\"><span style=\"font-family:Calibri,sans-serif\"><a href=\"https:\/\/noticias.uol.com.br\/cotidiano\/ultimas-noticias\/2025\/03\/07\/como-tunel-santos-guaruja-sera-construido-embaixo-do-mar.amp.htm\" style=\"color:blue; text-decoration:underline\"><span style=\"font-size:14.0pt\">Instituto Mau&aacute; comenta: Como ser&aacute; constru&iacute;do t&uacute;nel que ligar&aacute; Santos ao Guaruj&aacute; por debaixo d&#39;&aacute;gua?<\/span><\/a><\/span><\/span><\/span><\/p>\r\n\r\n<p style=\"text-align:justify\">&nbsp;<\/p>\r\n\r\n<p style=\"text-align:justify\"><span style=\"font-size:11pt\"><span style=\"line-height:normal\"><span style=\"font-family:Calibri,sans-serif\"><b><span style=\"font-size:18.0pt\"><span style=\"font-variant:small-caps\">Eventos<\/span><\/span><\/b><\/span><\/span><\/span><\/p>\r\n\r\n<p style=\"text-align:justify\"><span style=\"font-size:11pt\"><span style=\"line-height:normal\"><span style=\"font-family:Calibri,sans-serif\"><a href=\"https:\/\/evento.fgv.br\/analiseconjuntural_1303\/\" style=\"color:blue; text-decoration:underline\"><b><span style=\"font-size:14.0pt\">FGV IBRE | I Semin&aacute;rio de An&aacute;lise Conjuntural<\/span><\/b><\/a><span style=\"font-size:14.0pt\">, 13 de mar&ccedil;o de 2025, 10h00 &agrave;s 11h30, transmiss&atilde;o pelo YouTube FGV<\/span><\/span><\/span><\/span><\/p>\r\n\r\n<p style=\"text-align:justify\"><span style=\"font-size:11pt\"><span style=\"line-height:normal\"><span style=\"font-family:Calibri,sans-serif\"><a href=\"https:\/\/www.fimec.com.br\/\" style=\"color:blue; text-decoration:underline\"><b><span style=\"font-size:14.0pt\">Fimec 2025<\/span><\/b><\/a><span style=\"font-size:14.0pt\">, 18 a 20 de mar&ccedil;o, Fenac, Novo Hamburgo, RS<\/span><\/span><\/span><\/span><\/p>\r\n\r\n<p style=\"text-align:justify\"><span style=\"font-size:11pt\"><span style=\"line-height:normal\"><span style=\"font-family:Calibri,sans-serif\"><a href=\"http:\/\/www.pettalk.org.br\" style=\"color:blue; text-decoration:underline\"><b><span style=\"font-size:14.0pt\">PETTALK 2025<\/span><\/b><\/a><b><span style=\"font-size:14.0pt\">: <\/span><\/b><span style=\"font-size:14.0pt\">24 de mar&ccedil;o, em S&atilde;o Paulo. Realiza&ccedil;&atilde;o da Associa&ccedil;&atilde;o Brasileira da Ind&uacute;stria do PET (ABIPET)<\/span><\/span><\/span><\/span><\/p>\r\n\r\n<p style=\"text-align:justify\"><span style=\"font-size:11pt\"><span style=\"line-height:normal\"><span style=\"font-family:Calibri,sans-serif\"><a href=\"https:\/\/www.plasticobrasil.com.br\/pt\/home.html\" style=\"color:blue; text-decoration:underline\"><b><span style=\"font-size:14.0pt\">Pl&aacute;stico Brasil<\/span><\/b><\/a><span style=\"font-size:14.0pt\">, de 24 a 28 de mar&ccedil;o de 2025, 10h &agrave;s 19h, S&atilde;o Paulo Expo, Rodovia dos Imigrantes, km 1,5<\/span><\/span><\/span><\/span><\/p>\r\n\r\n<p style=\"text-align:justify\"><span style=\"font-size:11pt\"><span style=\"line-height:normal\"><span style=\"font-family:Calibri,sans-serif\"><b><span style=\"font-size:14.0pt\"><a href=\"https:\/\/docs.google.com\/forms\/d\/e\/1FAIpQLSe8n6fJqntSs3elWsTM_2VSk89rkU_dYp3U2O27WAzVnL_J8Q\/viewform\" style=\"color:blue; text-decoration:underline\">ABTT Academy | Bases t&eacute;cnicas para montagem de um laborat&oacute;rio<\/a>&nbsp;<\/span><\/b><\/span><\/span><\/span><span style=\"font-size:11pt\"><span style=\"line-height:normal\"><span style=\"font-family:Calibri,sans-serif\"><span class=\"MsoHyperlink\" style=\"color:blue\"><span style=\"text-decoration:underline\"><b><span style=\"font-size:14.0pt\"><a href=\"https:\/\/docs.google.com\/forms\/d\/e\/1FAIpQLSe8n6fJqntSs3elWsTM_2VSk89rkU_dYp3U2O27WAzVnL_J8Q\/viewform\" style=\"color:blue; text-decoration:underline\">de controle de qualidade na ind&uacute;stria de t&ecirc;xtil e de confec&ccedil;&atilde;o<\/a>,&nbsp;<\/span><\/b><\/span><\/span><\/span><\/span><\/span><span style=\"font-size:11pt\"><span style=\"line-height:normal\"><span style=\"font-family:Calibri,sans-serif\"><span style=\"font-size:14.0pt\">29 de mar&ccedil;o de 2025, 08h &agrave;s 12h, evento online<\/span><\/span><\/span><\/span><\/p>\r\n\r\n<p style=\"text-align:justify\"><span style=\"font-size:11pt\"><span style=\"line-height:normal\"><span style=\"font-family:Calibri,sans-serif\"><a href=\"https:\/\/www.automecfeira.com.br\/pt-br.html\" style=\"color:blue; text-decoration:underline\"><b><span style=\"font-size:14.0pt\">Automec 2025<\/span><\/b><\/a><span style=\"font-size:14.0pt\">, 22 a 26 de abril de 2025, S&atilde;o Paulo Expo, Rodovia dos Imigrantes, Km 1,5, &Aacute;gua Funda, S&atilde;o Paulo, SP<\/span><\/span><\/span><\/span><\/p>\r\n\r\n<p style=\"text-align:justify\"><span style=\"font-size:11pt\"><span style=\"line-height:normal\"><span style=\"font-family:Calibri,sans-serif\"><a href=\"https:\/\/carreira.eseg.edu.br\/transmissao-ao-vivo-ciclo-de-palestras-marco-diogo-guillen?utm_campaign=prospeccao_on-line-_publico_externo-_banco_central&amp;utm_medium=email&amp;utm_source=RD+Station\" style=\"color:blue; text-decoration:underline\"><b><span style=\"font-size:14.0pt\">&quot;Conjuntura Econ&ocirc;mica: Evolu&ccedil;&atilde;o do Cen&aacute;rio e Proje&ccedil;&otilde;es para a Infla&ccedil;&atilde;o<\/span><\/b><span style=\"font-size:14.0pt\">&quot;<\/span><\/a><span style=\"font-size:14.0pt\">, Diego Guillen, diretor de Pol&iacute;tica Econ&ocirc;mica do Banco Central do Brasil, 31 de mar&ccedil;o de 2025, &agrave;s 19h<\/span><\/span><\/span><\/span><\/p>\r\n\r\n<p style=\"text-align:justify\"><span style=\"font-size:11pt\"><span style=\"line-height:normal\"><span style=\"font-family:Calibri,sans-serif\"><a href=\"https:\/\/docs.google.com\/forms\/d\/e\/1FAIpQLSfMrxxb83TM8IA9RFdNa0ACl5NtjckyztJJD155dbtEWBB5ow\/viewform\" style=\"color:blue; text-decoration:underline\"><b><span style=\"font-size:14.0pt\">Qualidade da cor para t&ecirc;xteis<\/span><\/b><\/a>,&nbsp;<\/span><\/span><\/span><span style=\"font-size:11pt\"><span style=\"line-height:normal\"><span style=\"font-family:Calibri,sans-serif\"><span style=\"font-size:14.0pt\">26 de abril de 2025, 08h &agrave;s 12h, evento online<\/span><\/span><\/span><\/span><\/p>\r\n\r\n<p style=\"text-align:justify\"><span style=\"font-size:11pt\"><span style=\"line-height:normal\"><span style=\"font-family:Calibri,sans-serif\"><a href=\"https:\/\/forms.gle\/gVRanQmStqMhRKtM6\" style=\"color:blue; text-decoration:underline\"><b><span style=\"font-size:14.0pt\">ABTT Academy | Curso: Vamos falar de sa&uacute;de mental nas empresas?<\/span><\/b><\/a>,&nbsp;<\/span><\/span><\/span><span style=\"font-size:11pt\"><span style=\"line-height:normal\"><span style=\"font-family:Calibri,sans-serif\"><span style=\"font-size:14.0pt\">17 de maio de 2025, 08h &agrave;s 12h, evento online<\/span><\/span><\/span><\/span><\/p>\r\n\r\n<p style=\"text-align:justify\"><span style=\"font-size:11pt\"><span style=\"line-height:normal\"><span style=\"font-family:Calibri,sans-serif\"><a href=\"https:\/\/www.hospitalar.com\/pt\/home.html\" style=\"color:blue; text-decoration:underline\"><b><span style=\"font-size:14.0pt\">Hospitalar 2025<\/span><\/b><\/a><span style=\"font-size:14.0pt\">, 20 a 23 de maio, 11h00 &agrave;s 20h00, S&atilde;o Paulo Expo, Rodovia dos Imigrantes, km 1,5<\/span><\/span><\/span><\/span><\/p>\r\n\r\n<p style=\"text-align:justify\"><span style=\"font-size:11pt\"><span style=\"line-height:normal\"><span style=\"font-family:Calibri,sans-serif\"><a href=\"https:\/\/ideashow.org\/\" style=\"color:blue; text-decoration:underline\"><b><span lang=\"EN-US\" style=\"font-size:14.0pt\">IDEA25<\/span><\/b><\/a><span lang=\"EN-US\" style=\"font-size:14.0pt\">, April 29-May 1, 2025, Miami Beach Convention Center, Miami Beach, Florida<\/span><\/span><\/span><\/span><\/p>\r\n\r\n<p style=\"text-align:justify\"><span style=\"font-size:11pt\"><span style=\"line-height:normal\"><span style=\"font-family:Calibri,sans-serif\"><a href=\"https:\/\/www.conbrava.com.br\/\" style=\"color:blue; text-decoration:underline\"><b><span style=\"font-size:14.0pt\">CONBRAVA 2025<\/span><\/b><\/a><span style=\"font-size:14.0pt\">, 10 a 12 de setembro de 2025, S&atilde;o Paulo Expo, Rodovia dos Imigrantes, km 1,5<\/span><\/span><\/span><\/span><\/p>\r\n\r\n<p style=\"text-align:justify\"><span style=\"font-size:11pt\"><span style=\"line-height:normal\"><span style=\"font-family:Calibri,sans-serif\"><a href=\"https:\/\/paving.com.br\/\" style=\"color:blue; text-decoration:underline\"><b><span style=\"font-size:14.0pt\">Paving Expo 2025<\/span><\/b><\/a><span style=\"font-size:14.0pt\">, 23 a 25 de setembro de 2025, Distrito Anhembi, Rua Prof. Milton Rodrigues, s\/n, Santana, S&atilde;o Paulo, SP<\/span><\/span><\/span><\/span><\/p>\r\n\r\n<p style=\"text-align:justify\"><span style=\"font-size:11pt\"><span style=\"line-height:normal\"><span style=\"font-family:Calibri,sans-serif\"><b><span style=\"font-size:14.0pt\">17&ordm; Congresso Brasileiro de Enfermagem em Centro Cir&uacute;rgico: &ldquo;O poder de cuidar&rdquo;<\/span><\/b><span style=\"font-size:14.0pt\">, 01 a 03 de outubro de 2025, Transamerica Expo Center, S&atilde;o Paulo, SP<\/span><\/span><\/span><\/span><\/p>\r\n\r\n<p style=\"text-align:justify\"><span style=\"font-size:11pt\"><span style=\"line-height:normal\"><span style=\"font-family:Calibri,sans-serif\"><a href=\"https:\/\/hospitalmed.com.br\/feira\/\" style=\"color:blue; text-decoration:underline\"><b><span style=\"font-size:14.0pt\">HospitalMed 2025<\/span><\/b><\/a><span style=\"font-size:14.0pt\">, 22 a 24 de outubro, Pernambuco Centro de Conven&ccedil;&otilde;es, Olinda<\/span><\/span><\/span><\/span><\/p>\r\n\r\n<p style=\"text-align:justify\"><span style=\"font-size:28pt\"><span style=\"font-family:Cambria,serif\"><span style=\"letter-spacing:-0.5pt\"><b><span style=\"font-size:18.0pt\"><span calibri=\"\" style=\"font-family:\"><span style=\"font-variant:small-caps\">Setor<\/span><\/span><\/span><\/b><\/span><\/span><\/span><\/p>\r\n\r\n<p style=\"text-align:justify\"><span style=\"font-size:11pt\"><span style=\"line-height:normal\"><span style=\"font-family:Calibri,sans-serif\"><a href=\"https:\/\/www.nonwovens-industry.com\/contents\/view_breaking-news\/2025-03-05\/nonwovenn-continues-expansion-efforts\/?utm_campaign=NON%20eNewsletter&amp;utm_medium=email&amp;_hsenc=p2ANqtz--xNgTb1029i3SXF04QYLHb9Vj9VElkp1EuPPf0IroTwwbjY-B86556-dbGHEf2_rttVPftutKnmmnWgrLx7ThzdbZV3Q&amp;_hsmi=350433385&amp;utm_content=350433385&amp;utm_source=hs_email\" style=\"color:blue; text-decoration:underline\"><span lang=\"ES-AR\" style=\"font-size:14.0pt\">Nonwovenn Continues Expansion Efforts<\/span><\/a><\/span><\/span><\/span><\/p>\r\n\r\n<p style=\"text-align:justify\"><span style=\"font-size:11pt\"><span style=\"line-height:normal\"><span style=\"font-family:Calibri,sans-serif\"><a href=\"https:\/\/www.nsctotal.com.br\/colunistas\/pedro-machado\/investigacao-pedida-por-empresa-americana-acende-sinal-de-alerta-na-industria-textil-de-sc\" style=\"color:blue; text-decoration:underline\"><span lang=\"ES-AR\" style=\"font-size:14.0pt\">Investiga&ccedil;&atilde;o pedida por empresa americana acende sinal de alerta na ind&uacute;stria t&ecirc;xtil de SC<\/span><\/a><\/span><\/span><\/span><\/p>\r\n\r\n<p style=\"text-align:justify\"><span style=\"font-size:11pt\"><span style=\"line-height:normal\"><span style=\"font-family:Calibri,sans-serif\"><a href=\"https:\/\/plasticosemrevista.com.br\/geomembranas-e-silos-bolsas-o-persistente-cultivo-do-mercado\/\" style=\"color:blue; text-decoration:underline\"><span style=\"font-size:14.0pt\">Geomembranas e silos-bolsas: o persistente cultivo do mercado<\/span><\/a><\/span><\/span><\/span><\/p>\r\n\r\n<p style=\"text-align:justify\"><span style=\"font-size:11pt\"><span style=\"line-height:normal\"><span style=\"font-family:Calibri,sans-serif\"><a href=\"https:\/\/plasticosemrevista.com.br\/eua-coca-cola-pode-recorrer-a-pet-para-contornar-encarecimento-do-aluminio\/\" style=\"color:blue; text-decoration:underline\"><span style=\"font-size:14.0pt\">EUA: Coca-Cola pode recorrer a PET para contornar encarecimento do alum&iacute;nio<\/span><\/a><\/span><\/span><\/span><\/p>\r\n\r\n<p style=\"text-align:justify\"><span style=\"font-size:28pt\"><span style=\"font-family:Cambria,serif\"><span style=\"letter-spacing:-0.5pt\"><b><span style=\"font-size:18.0pt\"><span calibri=\"\" style=\"font-family:\"><span style=\"font-variant:small-caps\">Ind&uacute;stria<\/span><\/span><\/span><\/b><\/span><\/span><\/span><\/p>\r\n\r\n<p class=\"MsoTitle\" style=\"text-align:justify\"><span style=\"font-size:11pt\"><span style=\"line-height:normal\"><span style=\"font-family:Calibri,sans-serif\"><span class=\"MsoHyperlink\" style=\"color:blue\"><span style=\"text-decoration:underline\"><span style=\"font-size:14.0pt\"><a href=\"https:\/\/noticias.portaldaindustria.com.br\/posicionamentos\/puxado-pela-industria-pib-cresce-em-2024-mas-desaceleracao-da-economia-preocupa-o-segmento-industrial\/\" style=\"color:blue; text-decoration:underline\">Puxado pela ind&uacute;stria, PIB cresce em 2024, mas desacelera&ccedil;&atilde;o da economia preocupa o segmento industrial<\/a><\/span><\/span><\/span><\/span><\/span><\/span><\/p>\r\n\r\n<p class=\"MsoTitle\" style=\"text-align:justify\"><span style=\"font-size:11pt\"><span style=\"line-height:normal\"><span style=\"font-family:Calibri,sans-serif\"><span class=\"MsoHyperlink\" style=\"color:blue\"><span style=\"text-decoration:underline\"><span style=\"font-size:14.0pt\"><a href=\"https:\/\/br.investing.com\/news\/economic-indicators\/producao-industrial-no-brasil-frustra-expectativas-e-fica-estagnada-em-janeiro-1487097\" style=\"color:blue; text-decoration:underline\">Produ&ccedil;&atilde;o industrial no Brasil frustra expectativas e fica estagnada em janeiro<\/a><\/span><\/span><\/span><\/span><\/span><\/span><\/p>\r\n\r\n<p style=\"text-align:justify\"><span style=\"font-size:11pt\"><span style=\"line-height:normal\"><span style=\"font-family:Calibri,sans-serif\"><span class=\"MsoHyperlink\" style=\"color:blue\"><span style=\"text-decoration:underline\"><span style=\"font-size:14.0pt\"><a href=\"https:\/\/www.portaldaindustria.com.br\/cni\/canais\/atuacao-juridica\/agenda-juridica\/?utm_source=comext&amp;utm_medium=email&amp;utm_campaign=publicacoes&amp;utm_content=id00199#anchor-versao-pdf\" style=\"color:blue; text-decoration:underline\">CNI | Agenda Jur&iacute;dica da Ind&uacute;stria<\/a><\/span><\/span><\/span><\/span><\/span><\/span><\/p>\r\n\r\n<p class=\"MsoTitle\" style=\"text-align:justify\"><span style=\"font-size:11pt\"><span style=\"line-height:normal\"><span style=\"font-family:Calibri,sans-serif\"><a href=\"https:\/\/jc.ne10.uol.com.br\/colunas\/metro-quadrado\/2025\/03\/08\/construcao-civil-cresce-43-e-atinge-pib-de-rs-359523-bilhoes.html\" style=\"color:blue; text-decoration:underline\"><span style=\"font-size:14.0pt\">Constru&ccedil;&atilde;o Civil cresce 4,3% e atinge PIB de R$ 359,523 bilh&otilde;es<\/span><\/a><\/span><\/span><\/span><\/p>\r\n\r\n<p class=\"MsoTitle\" style=\"text-align:justify\"><span style=\"font-size:11pt\"><span style=\"line-height:normal\"><span style=\"font-family:Calibri,sans-serif\"><a href=\"https:\/\/www.boqnews.com\/nacional\/industria-e-servicos-impulsionam-crescimento-economico-no-brasil\/\" style=\"color:blue; text-decoration:underline\"><span style=\"font-size:14.0pt\">Ind&uacute;stria e servi&ccedil;os impulsionam crescimento econ&ocirc;mico no Brasil<\/span><\/a><\/span><\/span><\/span><\/p>\r\n\r\n<p class=\"MsoTitleCxSpFirst\" style=\"text-align:justify\"><span style=\"font-size:28pt\"><span style=\"font-family:Cambria,serif\"><span style=\"letter-spacing:-0.5pt\"><b><span style=\"font-size:18.0pt\"><span calibri=\"\" style=\"font-family:\"><span style=\"font-variant:small-caps\">Sustentabilidade<\/span><\/span><\/span><\/b><\/span><\/span><\/span><\/p>\r\n\r\n<p class=\"MsoTitleCxSpLast\" style=\"text-align:justify\"><span style=\"font-size:11pt\"><span style=\"line-height:normal\"><span style=\"font-family:Calibri,sans-serif\"><a href=\"https:\/\/noticias.portaldaindustria.com.br\/noticias\/sustentabilidade\/setor-produtivo-brasileiro-lanca-movimento-de-engajamento-global-para-representacao-empresarial-na-cop\/\" style=\"color:blue; text-decoration:underline\"><span style=\"font-size:14.0pt\">Setor produtivo brasileiro lan&ccedil;a movimento de engajamento global para representa&ccedil;&atilde;o empresarial na COP<\/span><\/a><\/span><\/span><\/span><\/p>\r\n\r\n<p class=\"MsoTitle\" style=\"text-align:justify\"><span style=\"font-size:11pt\"><span style=\"line-height:normal\"><span style=\"font-family:Calibri,sans-serif\"><a href=\"https:\/\/www.balcaoautomotivo.com\/2025\/03\/05\/industria-automotiva-avanca-no-uso-de-plasticos-reciclados\/\" style=\"color:blue; text-decoration:underline\"><span style=\"font-size:14.0pt\">Ind&uacute;stria automotiva avan&ccedil;a no uso de pl&aacute;sticos reciclados<\/span><\/a><\/span><\/span><\/span><\/p>\r\n\r\n<p style=\"text-align:justify\"><span style=\"font-size:28pt\"><span style=\"font-family:Cambria,serif\"><span style=\"letter-spacing:-0.5pt\"><b><span style=\"font-size:18.0pt\"><span calibri=\"\" style=\"font-family:\"><span style=\"font-variant:small-caps\">Inova&ccedil;&atilde;o<\/span><\/span><\/span><\/b><\/span><\/span><\/span><\/p>\r\n\r\n<p style=\"text-align:justify\"><span style=\"font-size:11pt\"><span style=\"line-height:normal\"><span style=\"font-family:Calibri,sans-serif\"><a href=\"https:\/\/www.inovacaotecnologica.com.br\/noticias\/noticia.php?artigo=seda-bicho-seda-supera-seda-natural&amp;id=010160250305&amp;ebol=sim#google_vignette\" style=\"color:blue; text-decoration:underline\"><span style=\"font-size:14.0pt\">Novo processo faz seda do bicho-da-seda superar seda natural<\/span><\/a><\/span><\/span><\/span><\/p>\r\n\r\n<p style=\"text-align:justify\"><span style=\"font-size:11pt\"><span style=\"line-height:normal\"><span style=\"font-family:Calibri,sans-serif\"><a href=\"https:\/\/www.inovacaotecnologica.com.br\/noticias\/noticia.php?artigo=hidrogel-autocurativo-imita-pele-humana&amp;id=020160250311&amp;ebol=sim\" style=\"color:blue; text-decoration:underline\"><span style=\"font-size:14.0pt\">Hidrogel autocurativo imita de perto a pele humana<\/span><\/a><\/span><\/span><\/span><\/p>\r\n\r\n<p style=\"text-align:justify\"><span style=\"font-size:11pt\"><span style=\"line-height:normal\"><span style=\"font-family:Calibri,sans-serif\"><a href=\"https:\/\/clickpetroleoegas.com.br\/com-a-escassez-de-agua-potavel-pesquisadores-desenvolvem-nova-membrana-de-nanofiltracao-capaz-de-purificar-a-agua-mais-rapidamente-gastando-menos-energia\/\" style=\"color:blue; text-decoration:underline\"><span style=\"font-size:14.0pt\">Com a escassez de &aacute;gua pot&aacute;vel, pesquisadores desenvolvem nova membrana de nanofiltra&ccedil;&atilde;o capaz de purificar a &aacute;gua mais rapidamente, gastando menos energia<\/span><\/a><\/span><\/span><\/span><\/p>\r\n\r\n<p class=\"MsoTitleCxSpFirst\" style=\"text-align:justify\"><span style=\"font-size:28pt\"><span style=\"font-family:Cambria,serif\"><span style=\"letter-spacing:-0.5pt\"><b><span style=\"font-size:18.0pt\"><span calibri=\"\" style=\"font-family:\"><span style=\"font-variant:small-caps\">Com&eacute;rcio Exterior<\/span><\/span><\/span><\/b><\/span><\/span><\/span><\/p>\r\n\r\n<p style=\"text-align:justify\"><span style=\"font-size:11pt\"><span style=\"line-height:normal\"><span style=\"font-family:Calibri,sans-serif\"><a href=\"https:\/\/grandesconstrucoes.com.br\/Noticias\/Exibir\/a-guerra-comercial-eua-china-e-seus-reflexos-na-busca-por-nacionalizacao-de-empresas-no-brasil?utm_source=akna&amp;utm_medium=email&amp;utm_campaign=Grandes-Construcoes-Informativo-952-06-03-2025\" style=\"color:blue; text-decoration:underline\"><span style=\"font-size:14.0pt\">A Guerra Comercial EUA-China e seus reflexos na busca por nacionaliza&ccedil;&atilde;o de empresas no Brasil<\/span><\/a><\/span><\/span><\/span><\/p>\r\n\r\n<p style=\"text-align:justify\"><span style=\"font-size:11pt\"><span style=\"line-height:normal\"><span style=\"font-family:Calibri,sans-serif\"><a href=\"https:\/\/ibre.fgv.br\/blog-da-conjuntura-economica\/artigos\/o-que-o-perfil-das-importacoes-brasileiras-pode-dizer-sobre\" style=\"color:blue; text-decoration:underline\"><span style=\"font-size:14.0pt\">O que o perfil das importa&ccedil;&otilde;es brasileiras pode dizer sobre nossos desafios geoecon&ocirc;micos<\/span><\/a><\/span><\/span><\/span><\/p>\r\n\r\n<p style=\"text-align:justify\"><span style=\"font-size:11pt\"><span style=\"line-height:normal\"><span style=\"font-family:Calibri,sans-serif\"><a href=\"https:\/\/www.fibre2fashion.com\/news\/textile-news\/global-trade-war-risks-surge-due-to-us-aggressive-policies-fitch-300879-newsdetails.htm\" style=\"color:blue; text-decoration:underline\"><span style=\"font-size:14.0pt\">Aumentan los riesgos de guerra comercial mundial debido a las pol&iacute;ticas agresivas de EE.UU<\/span><\/a><\/span><\/span><\/span><\/p>\r\n\r\n<p style=\"text-align:justify\"><span style=\"font-size:11pt\"><span style=\"line-height:normal\"><span style=\"font-family:Calibri,sans-serif\"><a href=\"https:\/\/www.fibre2fashion.com\/news\/textile-news\/reciprocal-us-tariffs-against-india-china-other-nations-from-apr-2-301144-newsdetails.htm\" style=\"color:blue; text-decoration:underline\"><span style=\"font-size:14.0pt\">Aranceles rec&iacute;procos de EE.UU. contra India, China y otros pa&iacute;ses a partir del 2 de abril<\/span><\/a><\/span><\/span><\/span><\/p>\r\n\r\n<p style=\"text-align:justify\"><span style=\"font-size:11pt\"><span style=\"line-height:normal\"><span style=\"font-family:Calibri,sans-serif\"><a href=\"https:\/\/anba.com.br\/brasil-e-bahrein-exploram-parcerias-comerciais\/\" style=\"color:blue; text-decoration:underline\"><span style=\"font-size:14.0pt\">Brasil e Bahrein exploram parcerias comerciais<\/span><\/a><\/span><\/span><\/span><\/p>\r\n\r\n<p style=\"text-align:justify\"><span style=\"font-size:11pt\"><span style=\"line-height:normal\"><span style=\"font-family:Calibri,sans-serif\"><a href=\"https:\/\/agenciabrasil.ebc.com.br\/economia\/noticia\/2025-03\/balanca-comercial-tem-primeiro-deficit-mensal-desde-janeiro-de-2022\" style=\"color:blue; text-decoration:underline\"><span style=\"font-size:14.0pt\">Balan&ccedil;a comercial tem primeiro d&eacute;ficit mensal desde janeiro de 2022<\/span><\/a><\/span><\/span><\/span><\/p>\r\n\r\n<p style=\"text-align:justify\"><span style=\"font-size:28pt\"><span style=\"font-family:Cambria,serif\"><span style=\"letter-spacing:-0.5pt\"><b><span style=\"font-size:18.0pt\"><span calibri=\"\" style=\"font-family:\"><span style=\"font-variant:small-caps\">Economia<\/span><\/span><\/span><\/b><\/span><\/span><\/span><\/p>\r\n\r\n<p style=\"text-align:justify\"><span style=\"font-size:11pt\"><span style=\"line-height:normal\"><span style=\"font-family:Calibri,sans-serif\"><a href=\"https:\/\/www.bcb.gov.br\/content\/focus\/focus\/R20250307.pdf\" style=\"color:blue; text-decoration:underline\"><span style=\"font-size:14.0pt\">Focus - Relat&oacute;rio de Mercado<\/span><\/a><\/span><\/span><\/span><\/p>\r\n\r\n<p style=\"text-align:justify\"><span style=\"font-size:11pt\"><span style=\"line-height:normal\"><span style=\"font-family:Calibri,sans-serif\"><a href=\"https:\/\/portalibre.fgv.br\/system\/files\/divulgacao\/noticias\/mat-complementar\/2025-03\/Bar%C3%B4metros%20Globais%20KOF-FGV_Press%20release_03_2025.pdf\" style=\"color:blue; text-decoration:underline\"><span style=\"font-size:14.0pt\">Bar&ocirc;metros Globais em trajet&oacute;rias opostas em mar&ccedil;o<\/span><\/a><\/span><\/span><\/span><\/p>\r\n\r\n<p style=\"text-align:justify\"><span style=\"font-size:11pt\"><span style=\"line-height:normal\"><span style=\"font-family:Calibri,sans-serif\"><a href=\"https:\/\/istoedinheiro.com.br\/pib-per-capita-pico-fgv\/\" style=\"color:blue; text-decoration:underline\"><span style=\"font-size:14.0pt\">PIB per capita do Brasil conclui retomada e ultrapassa pico hist&oacute;rico de 2013, aponta FGV<\/span><\/a><\/span><\/span><\/span><\/p>\r\n\r\n<p style=\"text-align:justify\"><img src=\"https:\/\/www.abint.org.br\/assets\/img\/editor\/redes-sociais-abint-ctg-cth_20250205143403kcH4SBmjCL.jpg\" \/><\/p>\r\n","texto_en":"","7":"","imagem":"COMP_capa-2025-site-boletim-abint-noticias-semanis_20250312141603v9SgNs17SH.jpg","8":"COMP_capa-2025-site-boletim-abint-noticias-semanis_20250312141603v9SgNs17SH.jpg","arquivo":null,"9":null,"titulo_arquivo":"20250312 Boletim ABINT de Not\u00edcias Semanais","10":"20250312 Boletim ABINT de Not\u00edcias Semanais","titulo_arquivo_en":"","11":"","created_at":"2025-03-12 14:16:12","12":"2025-03-12 14:16:12","updated_at":"2025-03-12 14:16:12","13":"2025-03-12 14:16:12"},{"id":160,"0":160,"ordem":62,"1":62,"data":"2025-03-06","2":"2025-03-06","slug":"boletim-abint-de-noticias-semanais-66","3":"boletim-abint-de-noticias-semanais-66","titulo":"Boletim ABINT de Not\u00edcias Semanais","4":"Boletim ABINT de Not\u00edcias Semanais","titulo_en":"","5":"","texto":"<p>Esta &eacute; uma compila&ccedil;&atilde;o das not&iacute;cias mais relevantes para o setor, incluindo informa&ccedil;&otilde;es sobre acordos internacionais, economia brasileira, sustentabilidade e mat&eacute;rias primas, al&eacute;m de novidades do setor de N&atilde;otecidos e Tecidos T&eacute;cnicos.<\/p>\r\n\r\n<p><b>A&Ccedil;&Otilde;ES REALIZADAS<\/b><\/p>\r\n\r\n<p>Perdeu a live &ldquo;Como realizar a solda nas interfer&ecirc;ncias de projeto&rdquo;? <a href=\"https:\/\/www.youtube.com\/live\/zs0x4z03NUE?si=YnghW_4Op6kkqGVm\"><b>Assista aqui!<\/b><\/a><br \/>\r\n&nbsp;<\/p>\r\n\r\n<p><img src=\"https:\/\/www.abint.org.br\/assets\/img\/editor\/original_20250227114538tLGmSWwKl9.png\" style=\"width: 300px; height: 69px;\" \/><\/p>\r\n\r\n<p><img src=\"https:\/\/www.abint.org.br\/assets\/img\/editor\/post-quadrado-curso-naotecido_20250227114621LJZ1V0PpMV.jpg\" style=\"width: 500px; height: 500px;\" \/><\/p>\r\n\r\n<p><a href=\"https:\/\/encurtador.com.br\/5RiJ6\">Fa&ccedil;a sua inscri&ccedil;&atilde;o<\/a><\/p>\r\n\r\n<p>&nbsp;<\/p>\r\n\r\n<p><img src=\"https:\/\/www.abint.org.br\/assets\/img\/editor\/logo-ctg-abint-png_202502051355479yWykO7ojh.png\" style=\"width: 300px; height: 55px;\" \/><\/p>\r\n\r\n<p>&nbsp;<\/p>\r\n\r\n<p><img src=\"https:\/\/www.abint.org.br\/assets\/img\/editor\/post-curso-br-instal-gm-2025_20250205135746uUVJpTDyEg.jpg\" style=\"width: 500px; height: 500px;\" \/><\/p>\r\n\r\n<p><a href=\"https:\/\/www.eventbrite.com\/e\/curso-brasileiro-de-instalacao-de-geomembranas-paulo-kenji-acakura-2025-tickets-1111455586579?aff=oddtdtcreator\">Fa&ccedil;a sua inscri&ccedil;&atilde;o<\/a><\/p>\r\n\r\n<p>&nbsp;<\/p>\r\n\r\n<p><img src=\"https:\/\/www.abint.org.br\/assets\/img\/editor\/e-mail-post-premio-tcc-icc-2024-2025_20250205143024je0yZgOKML.png\" style=\"width: 500px; height: 500px;\" \/><\/p>\r\n\r\n<p><a href=\"https:\/\/geossinteticos.org.br\/premiotccic\">Inscreva seu trabalho<\/a><\/p>\r\n\r\n<p><span style=\"font-size:28pt\"><span style=\"font-family:Cambria,serif\"><span style=\"letter-spacing:-0.5pt\"><b><span style=\"font-size:18.0pt\"><span style=\"font-family:&quot;Calibri&quot;,sans-serif\"><span style=\"font-variant:small-caps\">Not&iacute;cias das Associadas<\/span><\/span><\/span><\/b><\/span><\/span><\/span><\/p>\r\n\r\n<p style=\"text-align:justify\"><span style=\"font-size:11pt\"><span style=\"line-height:normal\"><span style=\"font-family:Calibri,sans-serif\"><a href=\"https:\/\/www.fibre2fashion.com\/news\/technical-textiles\/indorama-s-avgol-launches-nonwovens-production-line-in-north-carolina-300852-newsdetails.htm\" style=\"color:blue; text-decoration:underline\"><span style=\"font-size:14.0pt\">Avgol, de Indorama, pone en marcha una l&iacute;nea de producci&oacute;n de no tejidos en Carolina del Norte<\/span><\/a><\/span><\/span><\/span><\/p>\r\n\r\n<p style=\"text-align:justify\">&nbsp;<\/p>\r\n\r\n<p style=\"text-align:justify\"><span style=\"font-size:11pt\"><span style=\"line-height:normal\"><span style=\"font-family:Calibri,sans-serif\"><b><span style=\"font-size:18.0pt\"><span style=\"font-variant:small-caps\">Eventos<\/span><\/span><\/b><\/span><\/span><\/span><\/p>\r\n\r\n<p style=\"text-align:justify\"><span style=\"font-size:11pt\"><span style=\"line-height:normal\"><span style=\"font-family:Calibri,sans-serif\"><a href=\"https:\/\/6cbt.tuneis.org.br\/\" style=\"color:blue; text-decoration:underline\"><b><span style=\"font-size:14.0pt\">6&ordm; Congresso Brasileiro de T&uacute;neis e Estruturas Subterr&acirc;neas<\/span><\/b><\/a><span style=\"font-size:14.0pt\">, 10 a 12 de mar&ccedil;o de 2025, Centro de Conven&ccedil;&otilde;es Frei Caneca &ndash; S&atilde;o Paulo (SP)<\/span><\/span><\/span><\/span><\/p>\r\n\r\n<p style=\"text-align:justify\"><span style=\"font-size:11pt\"><span style=\"line-height:normal\"><span style=\"font-family:Calibri,sans-serif\"><a href=\"https:\/\/crm-apps.apexbrasil.com.br\/orgbdeab873\/inscricao-eventos\/evento\/webserie-direto-do-mercado-2025\/cc48605a-ca58-4ce6-8079-5f3edda10a8e?utm_source=EMarketing&amp;msdynttrid=Q9YrqgCJRpE_m_uKS7Z6J8SitRF0GKqILga9mSvg180\" style=\"color:blue; text-decoration:underline\"><b><span style=\"font-size:14.0pt\">ApexBrasil | Webs&eacute;rie Direto do Mercado: Edi&ccedil;&atilde;o Col&ocirc;mbia<\/span><\/b><\/a><span style=\"font-size:14.0pt\">, 11 de mar&ccedil;o de 2025, 10h &agrave;s 12h, online<\/span><\/span><\/span><\/span><\/p>\r\n\r\n<p style=\"text-align:justify\"><span style=\"font-size:11pt\"><span style=\"line-height:normal\"><span style=\"font-family:Calibri,sans-serif\"><a href=\"https:\/\/www.fimec.com.br\/\" style=\"color:blue; text-decoration:underline\"><b><span style=\"font-size:14.0pt\">Fimec 2025<\/span><\/b><\/a><span style=\"font-size:14.0pt\">, 18 a 20 de mar&ccedil;o, Fenac, Novo Hamburgo, RS<\/span><\/span><\/span><\/span><\/p>\r\n\r\n<p style=\"text-align:justify\"><span style=\"font-size:11pt\"><span style=\"line-height:normal\"><span style=\"font-family:Calibri,sans-serif\"><a href=\"http:\/\/www.pettalk.org.br\" style=\"color:blue; text-decoration:underline\"><b><span style=\"font-size:14.0pt\">PETTALK 2025<\/span><\/b><\/a><b><span style=\"font-size:14.0pt\">: <\/span><\/b><span style=\"font-size:14.0pt\">24 de mar&ccedil;o, em S&atilde;o Paulo. Realiza&ccedil;&atilde;o da Associa&ccedil;&atilde;o Brasileira da Ind&uacute;stria do PET (ABIPET)<\/span><\/span><\/span><\/span><\/p>\r\n\r\n<p style=\"text-align:justify\"><span style=\"font-size:11pt\"><span style=\"line-height:normal\"><span style=\"font-family:Calibri,sans-serif\"><a href=\"https:\/\/www.plasticobrasil.com.br\/pt\/home.html\" style=\"color:blue; text-decoration:underline\"><b><span style=\"font-size:14.0pt\">Feira Pl&aacute;stico Brasil<\/span><\/b><\/a><span style=\"font-size:14.0pt\">, de 24 a 28 de mar&ccedil;o de 2025, 10h &agrave;s 19h, S&atilde;o Paulo Expo, Rodovia dos Imigrantes, km 1,5<\/span><\/span><\/span><\/span><\/p>\r\n\r\n<p style=\"text-align:justify\"><span style=\"font-size:11pt\"><span style=\"line-height:normal\"><span style=\"font-family:Calibri,sans-serif\"><a href=\"https:\/\/www.automecfeira.com.br\/pt-br.html\" style=\"color:blue; text-decoration:underline\"><b><span style=\"font-size:14.0pt\">Automec 2025<\/span><\/b><\/a><span style=\"font-size:14.0pt\">, 22 a 26 de abril de 2025, S&atilde;o Paulo Expo, Rodovia dos Imigrantes, Km 1,5, &Aacute;gua Funda, S&atilde;o Paulo, SP<\/span><\/span><\/span><\/span><\/p>\r\n\r\n<p style=\"text-align:justify\"><span style=\"font-size:11pt\"><span style=\"line-height:normal\"><span style=\"font-family:Calibri,sans-serif\"><a href=\"https:\/\/forms.gle\/gVRanQmStqMhRKtM6\" style=\"color:blue; text-decoration:underline\"><b><span style=\"font-size:14.0pt\">ABTT Academy | Curso: Vamos falar de sa&uacute;de mental nas empresas?<\/span><\/b><\/a><span style=\"font-size:14.0pt\">, 17 de maio de 2025, 08h &agrave;s 12h, evento online<\/span><\/span><\/span><\/span><\/p>\r\n\r\n<p style=\"text-align:justify\"><span style=\"font-size:11pt\"><span style=\"line-height:normal\"><span style=\"font-family:Calibri,sans-serif\"><a href=\"https:\/\/www.hospitalar.com\/pt\/home.html\" style=\"color:blue; text-decoration:underline\"><b><span style=\"font-size:14.0pt\">Hospitalar 2025<\/span><\/b><\/a><span style=\"font-size:14.0pt\">, 20 a 23 de maio, 11h00 &agrave;s 20h00, S&atilde;o Paulo Expo, Rodovia dos Imigrantes, km 1,5<\/span><\/span><\/span><\/span><\/p>\r\n\r\n<p style=\"text-align:justify\"><span style=\"font-size:11pt\"><span style=\"line-height:normal\"><span style=\"font-family:Calibri,sans-serif\"><a href=\"https:\/\/ideashow.org\/\" style=\"color:blue; text-decoration:underline\"><b><span lang=\"EN-US\" style=\"font-size:14.0pt\">IDEA25<\/span><\/b><\/a><span lang=\"EN-US\" style=\"font-size:14.0pt\">, April 29-May 1, 2025, Miami Beach Convention Center, Miami Beach, Florida<\/span><\/span><\/span><\/span><\/p>\r\n\r\n<p style=\"text-align:justify\"><span style=\"font-size:11pt\"><span style=\"line-height:normal\"><span style=\"font-family:Calibri,sans-serif\"><a href=\"https:\/\/www.conbrava.com.br\/\" style=\"color:blue; text-decoration:underline\"><b><span style=\"font-size:14.0pt\">CONBRAVA 2025<\/span><\/b><\/a><span style=\"font-size:14.0pt\">, 10 a 12 de setembro de 2025, S&atilde;o Paulo Expo, Rodovia dos Imigrantes, km 1,5<\/span><\/span><\/span><\/span><\/p>\r\n\r\n<p style=\"text-align:justify\"><span style=\"font-size:11pt\"><span style=\"line-height:normal\"><span style=\"font-family:Calibri,sans-serif\"><a href=\"https:\/\/paving.com.br\/\" style=\"color:blue; text-decoration:underline\"><b><span style=\"font-size:14.0pt\">Paving Expo 2025<\/span><\/b><\/a><span style=\"font-size:14.0pt\">, 23 a 25 de setembro de 2025, Distrito Anhembi, Rua Prof. Milton Rodrigues, s\/n, Santana, S&atilde;o Paulo, SP<\/span><\/span><\/span><\/span><\/p>\r\n\r\n<p style=\"text-align:justify\"><span style=\"font-size:11pt\"><span style=\"line-height:normal\"><span style=\"font-family:Calibri,sans-serif\"><b><span style=\"font-size:14.0pt\">17&ordm; Congresso Brasileiro de Enfermagem em Centro Cir&uacute;rgico: &ldquo;O poder de cuidar&rdquo;<\/span><\/b><span style=\"font-size:14.0pt\">, 01 a 03 de outubro de 2025, Transamerica Expo Center, S&atilde;o Paulo, SP<\/span><\/span><\/span><\/span><\/p>\r\n\r\n<p style=\"text-align:justify\"><span style=\"font-size:11pt\"><span style=\"line-height:normal\"><span style=\"font-family:Calibri,sans-serif\"><a href=\"https:\/\/hospitalmed.com.br\/feira\/\" style=\"color:blue; text-decoration:underline\"><b><span style=\"font-size:14.0pt\">HospitalMed 2025<\/span><\/b><\/a><span style=\"font-size:14.0pt\">, 22 a 24 de outubro, Pernambuco Centro de Conven&ccedil;&otilde;es, Olinda<\/span><\/span><\/span><\/span><\/p>\r\n\r\n<p style=\"text-align:justify\"><span style=\"font-size:28pt\"><span style=\"font-family:Cambria,serif\"><span style=\"letter-spacing:-0.5pt\"><b><span style=\"font-size:18.0pt\"><span style=\"font-family:&quot;Calibri&quot;,sans-serif\"><span style=\"font-variant:small-caps\">Setor<\/span><\/span><\/span><\/b><\/span><\/span><\/span><\/p>\r\n\r\n<p style=\"text-align:justify\"><span style=\"font-size:11pt\"><span style=\"line-height:normal\"><span style=\"font-family:Calibri,sans-serif\"><a href=\"https:\/\/plasticosemrevista.com.br\/o-jogo-de-forcas-por-tras-do-excedente-global-de-resinas\/\" style=\"color:blue; text-decoration:underline\"><span style=\"font-size:14.0pt\">O jogo de for&ccedil;as por tr&aacute;s do excedente global de resinas<\/span><\/a><\/span><\/span><\/span><\/p>\r\n\r\n<p style=\"text-align:justify\"><span style=\"font-size:11pt\"><span style=\"line-height:normal\"><span style=\"font-family:Calibri,sans-serif\"><a href=\"https:\/\/plasticosemrevista.com.br\/geomembranas-e-silos-bolsas-o-persistente-cultivo-do-mercado\/\" style=\"color:blue; text-decoration:underline\"><span style=\"font-size:14.0pt\">Geomembranas e silos-bolsas: o persistente cultivo do mercado<\/span><\/a><\/span><\/span><\/span><\/p>\r\n\r\n<p style=\"text-align:justify\"><span style=\"font-size:11pt\"><span style=\"line-height:normal\"><span style=\"font-family:Calibri,sans-serif\"><a href=\"https:\/\/niteroi.rj.gov.br\/prefeitura-de-niteroi-avanca-com-obras-de-contencao-e-urbanizacao-no-barreto-e-adjacencias\/%5d\" style=\"color:blue; text-decoration:underline\"><span style=\"font-size:14.0pt\">Geomanta: Prefeitura de Niter&oacute;i (RJ) avan&ccedil;a com obras de conten&ccedil;&atilde;o e urbaniza&ccedil;&atilde;o no Barreto e adjac&ecirc;ncias<\/span><\/a><\/span><\/span><\/span><\/p>\r\n\r\n<p style=\"text-align:justify\"><span style=\"font-size:11pt\"><span style=\"line-height:normal\"><span style=\"font-family:Calibri,sans-serif\"><a href=\"https:\/\/jornaldasoficinas.com\/pt\/ufi-filters-lanca-nova-linha-de-filtros-de-habitaculo\/\" style=\"color:blue; text-decoration:underline\"><span style=\"font-size:14.0pt\">UFI Filters lan&ccedil;a nova linha de filtros de habit&aacute;culo<\/span><\/a><\/span><\/span><\/span><\/p>\r\n\r\n<p style=\"text-align:justify\"><span style=\"font-size:11pt\"><span style=\"line-height:normal\"><span style=\"font-family:Calibri,sans-serif\"><a href=\"https:\/\/plasticosemrevista.com.br\/lyondellbasell-fecha-fabrica-na-holanda\/\" style=\"color:blue; text-decoration:underline\"><span style=\"font-size:14.0pt\">LyondellBasell fecha f&aacute;brica na Holanda<\/span><\/a><\/span><\/span><\/span><\/p>\r\n\r\n<p style=\"text-align:justify\"><span style=\"font-size:11pt\"><span style=\"line-height:normal\"><span style=\"font-family:Calibri,sans-serif\"><a href=\"https:\/\/plasticosemrevista.com.br\/pemex-planeja-investir-em-pe\/\" style=\"color:blue; text-decoration:underline\"><span style=\"font-size:14.0pt\">Pemex planeja investir em PE<\/span><\/a><\/span><\/span><\/span><\/p>\r\n\r\n<p style=\"text-align:justify\"><span style=\"font-size:11pt\"><span style=\"line-height:normal\"><span style=\"font-family:Calibri,sans-serif\"><a href=\"https:\/\/blogdoplastico.wordpress.com\/2025\/03\/03\/braskem-registra-prejuizo-de-r-59-bilhoes-no-quarto-trimestre-de-2024\/\" style=\"color:blue; text-decoration:underline\"><span style=\"font-size:14.0pt\">Braskem registra preju&iacute;zo de R$ 5,9 bilh&otilde;es no quarto trimestre de 2024<\/span><\/a><\/span><\/span><\/span><\/p>\r\n\r\n<p style=\"text-align:justify\"><span style=\"font-size:11pt\"><span style=\"line-height:normal\"><span style=\"font-family:Calibri,sans-serif\"><a href=\"https:\/\/www.cnnbrasil.com.br\/economia\/negocios\/braskem-acerta-acordo-com-petrobras-para-expandir-producao-no-rj\/\" style=\"color:blue; text-decoration:underline\"><span style=\"font-size:14.0pt\">Braskem acerta acordo com Petrobras para expandir produ&ccedil;&atilde;o no RJ<\/span><\/a><\/span><\/span><\/span><\/p>\r\n\r\n<p style=\"text-align:justify\"><span style=\"font-size:28pt\"><span style=\"font-family:Cambria,serif\"><span style=\"letter-spacing:-0.5pt\"><b><span style=\"font-size:18.0pt\"><span style=\"font-family:&quot;Calibri&quot;,sans-serif\"><span style=\"font-variant:small-caps\">Ind&uacute;stria<\/span><\/span><\/span><\/b><\/span><\/span><\/span><\/p>\r\n\r\n<p class=\"MsoTitleCxSpLast\" style=\"text-align:justify\"><span style=\"font-size:11pt\"><span style=\"line-height:normal\"><span style=\"font-family:Calibri,sans-serif\"><a href=\"https:\/\/noticias.portaldaindustria.com.br\/noticias\/economia\/numero-de-setores-industriais-confiantes-dobra-em-fevereiro-mostra-cni\/\" style=\"color:blue; text-decoration:underline\"><span style=\"font-size:14.0pt\">N&uacute;mero de setores industriais confiantes dobra em fevereiro, mostra CNI<\/span><\/a><\/span><\/span><\/span><\/p>\r\n\r\n<p style=\"text-align:justify\"><span style=\"font-size:11pt\"><span style=\"line-height:normal\"><span style=\"font-family:Calibri,sans-serif\"><a href=\"https:\/\/portalibre.fgv.br\/system\/files\/divulgacao\/noticias\/mat-complementar\/2025-02\/%C3%8Dndice%20de%20Confian%C3%A7a%20Empresarial%20FGV_press%20release_Fev25.pdf\" style=\"color:blue; text-decoration:underline\"><span style=\"font-size:14.0pt\">Confian&ccedil;a Empresarial cai pelo quarto m&ecirc;s consecutivo<\/span><\/a><\/span><\/span><\/span><\/p>\r\n\r\n<p style=\"text-align:justify\"><span style=\"font-size:28pt\"><span style=\"font-family:Cambria,serif\"><span style=\"letter-spacing:-0.5pt\"><b><span style=\"font-size:18.0pt\"><span style=\"font-family:&quot;Calibri&quot;,sans-serif\"><span style=\"font-variant:small-caps\">Sustentabilidade<\/span><\/span><\/span><\/b><\/span><\/span><\/span><\/p>\r\n\r\n<p class=\"MsoTitleCxSpLast\" style=\"text-align:justify\"><span style=\"font-size:11pt\"><span style=\"line-height:normal\"><span style=\"font-family:Calibri,sans-serif\"><a href=\"https:\/\/mundodoplastico.plasticobrasil.com.br\/sustentabilidade\/substituicao-dos-plasticos\/?utm_campaign=BRZ25MDP-BP-Newsletter64&amp;utm_emailname=BRZ25MDP-BP-Newsletter64&amp;utm_medium=email&amp;utm_source=eloqua&amp;utm_MDMContactID=2bb3d23c-a32f-4218-88d5-29f7fb45caee&amp;utm_campaigntype=Exhibitor%20Promotion&amp;eM=50c7dfe42c38ea8f10539f0a167fc763253059e495554a32db7a57f8f237ec4c&amp;eventSeriesCode=ES_PLSTCBRZL&amp;eventEditionCode=BRA25IPR&amp;sessionCode=S_EXHB&amp;sp_eh=50c7dfe42c38ea8f10539f0a167fc763253059e495554a32db7a57f8f237ec4c\" style=\"color:blue; text-decoration:underline\"><span style=\"font-size:14.0pt\">Vale a pena substituir o pl&aacute;stico por outros materiais?<\/span><\/a><\/span><\/span><\/span><\/p>\r\n\r\n<p class=\"MsoTitle\" style=\"text-align:justify\"><span style=\"font-size:11pt\"><span style=\"line-height:normal\"><span style=\"font-family:Calibri,sans-serif\"><a href=\"https:\/\/revistacampoenegocios.com.br\/nova-lei-promete-fortalecer-mercado-de-reciclagem-no-brasil\/\" style=\"color:blue; text-decoration:underline\"><span style=\"font-size:14.0pt\">Nova lei promete fortalecer mercado de reciclagem no Brasil<\/span><\/a><\/span><\/span><\/span><\/p>\r\n\r\n<p class=\"MsoTitle\" style=\"text-align:justify\"><span style=\"font-size:11pt\"><span style=\"line-height:normal\"><span style=\"font-family:Calibri,sans-serif\"><a href=\"https:\/\/abcdoabc.com.br\/plastico-e-reciclagem-transformam-os-desfiles-das-escolas-de-samba-2\/\" style=\"color:blue; text-decoration:underline\"><span style=\"font-size:14.0pt\">Pl&aacute;stico e reciclagem transformam os desfiles das escolas de samba<\/span><\/a><\/span><\/span><\/span><\/p>\r\n\r\n<p style=\"text-align:justify\"><span style=\"font-size:11pt\"><span style=\"line-height:normal\"><span style=\"font-family:Calibri,sans-serif\"><a href=\"https:\/\/blogdoplastico.wordpress.com\/2025\/03\/04\/criada-nova-entidade-para-reunir-e-representar-os-recicladores-de-plastico\/\" style=\"color:blue; text-decoration:underline\"><span style=\"font-size:14.0pt\">Criada nova entidade para reunir e representar os recicladores de pl&aacute;stico<\/span><\/a><\/span><\/span><\/span><\/p>\r\n\r\n<p style=\"text-align:justify\"><span style=\"font-size:28pt\"><span style=\"font-family:Cambria,serif\"><span style=\"letter-spacing:-0.5pt\"><b><span style=\"font-size:18.0pt\"><span style=\"font-family:&quot;Calibri&quot;,sans-serif\"><span style=\"font-variant:small-caps\">Inova&ccedil;&atilde;o<\/span><\/span><\/span><\/b><\/span><\/span><\/span><\/p>\r\n\r\n<p style=\"text-align:justify\"><span style=\"font-size:11pt\"><span style=\"line-height:normal\"><span style=\"font-family:Calibri,sans-serif\"><a href=\"https:\/\/www.inovacaotecnologica.com.br\/noticias\/noticia.php?artigo=material-compressivel-superforte-inspirado-esponja-mar&amp;id=020160250227&amp;ebol=sim#google_vignette\" style=\"color:blue; text-decoration:underline\"><span style=\"font-size:14.0pt\">Material compress&iacute;vel superforte &eacute; inspirado na esponja do mar<\/span><\/a><\/span><\/span><\/span><\/p>\r\n\r\n<p style=\"text-align:justify\"><span style=\"font-size:11pt\"><span style=\"line-height:normal\"><span style=\"font-family:Calibri,sans-serif\"><a href=\"https:\/\/revistaanamaria.com.br\/tecnologia\/nova-tecnologia-brasileira-revoluciona-filtros-de-ar\/\" style=\"color:blue; text-decoration:underline\"><span style=\"font-size:14.0pt\">Nanotecnologia: nova tecnologia brasileira revoluciona filtros de ar<\/span><\/a><\/span><\/span><\/span><\/p>\r\n\r\n<p style=\"text-align:justify\"><span style=\"font-size:11pt\"><span style=\"line-height:normal\"><span style=\"font-family:Calibri,sans-serif\"><a href=\"https:\/\/www.osul.com.br\/empresas-de-nanotecnologia-poderao-ser-incluidas-no-simples-nacional\/\" style=\"color:blue; text-decoration:underline\"><span style=\"font-size:14.0pt\">Empresas de nanotecnologia poder&atilde;o ser inclu&iacute;das no Simples Nacional<\/span><\/a><\/span><\/span><\/span><\/p>\r\n\r\n<p class=\"MsoTitleCxSpFirst\" style=\"text-align:justify\"><span style=\"font-size:28pt\"><span style=\"font-family:Cambria,serif\"><span style=\"letter-spacing:-0.5pt\"><b><span style=\"font-size:18.0pt\"><span style=\"font-family:&quot;Calibri&quot;,sans-serif\"><span style=\"font-variant:small-caps\">Com&eacute;rcio Exterior<\/span><\/span><\/span><\/b><\/span><\/span><\/span><\/p>\r\n\r\n<p style=\"text-align:justify\"><span style=\"font-size:11pt\"><span style=\"line-height:normal\"><span style=\"font-family:Calibri,sans-serif\"><a href=\"https:\/\/diariodonordeste.verdesmares.com.br\/negocios\/abratex-ve-riscos-para-industria-textil-brasileira-por-investigacao-antidumping-1.3624010#amp_tf=De%20%251%24s&amp;aoh=17407082934002&amp;csi=0&amp;referrer=https%3A%2F%2Fwww.google.com&amp;ampshare=https%3A%2F%2Fdiariodonordeste.verdesmares.com.br%2Fnegocios%2Fabratex-ve-riscos-para-industria-textil-brasileira-por-investigacao-antidumping-1.3624010\" style=\"color:blue; text-decoration:underline\"><span style=\"font-size:14.0pt\">Abratex v&ecirc; riscos para ind&uacute;stria t&ecirc;xtil brasileira por investiga&ccedil;&atilde;o antidumping<\/span><\/a><\/span><\/span><\/span><\/p>\r\n\r\n<p style=\"text-align:justify\"><span style=\"font-size:11pt\"><span style=\"line-height:normal\"><span style=\"font-family:Calibri,sans-serif\"><a href=\"https:\/\/g1.globo.com\/economia\/noticia\/2025\/03\/02\/milei-volta-a-ameacar-saida-do-mercosul-e-diz-que-bloco-enriqueceu-apenas-brasileiros.ghtml\" style=\"color:blue; text-decoration:underline\"><span style=\"font-size:14.0pt\">Milei volta a amea&ccedil;ar sa&iacute;da do Mercosul e diz que bloco enriqueceu apenas brasileiros<\/span><\/a><\/span><\/span><\/span><\/p>\r\n\r\n<p style=\"text-align:justify\"><span style=\"font-size:11pt\"><span style=\"line-height:normal\"><span style=\"font-family:Calibri,sans-serif\"><a href=\"https:\/\/news.phvox.com.br\/argentina-se-aproxima-de-acordo-de-livre-comercio-com-os-eua-enquanto-trump-chama-milei-de-grande-lider\/\" style=\"color:blue; text-decoration:underline\"><span style=\"font-size:14.0pt\">Argentina se aproxima de acordo de livre com&eacute;rcio com os EUA enquanto Trump chama Milei de &ldquo;grande l&iacute;der&rdquo;<\/span><\/a><\/span><\/span><\/span><\/p>\r\n\r\n<p style=\"text-align:justify\"><span style=\"font-size:11pt\"><span style=\"line-height:normal\"><span style=\"font-family:Calibri,sans-serif\"><a href=\"https:\/\/news.phvox.com.br\/os-eua-serao-os-primeiros-a-serem-afetados-por-uma-guerra-comercial-que-arrastara-consigo-o-resto-do-mundo\/\" style=\"color:blue; text-decoration:underline\"><span style=\"font-size:14.0pt\">Os EUA ser&atilde;o os primeiros a serem afetados por uma guerra comercial que arrastar&aacute; consigo o resto do mundo<\/span><\/a><\/span><\/span><\/span><\/p>\r\n\r\n<p style=\"text-align:justify\"><span style=\"font-size:11pt\"><span style=\"line-height:normal\"><span style=\"font-family:Calibri,sans-serif\"><a href=\"https:\/\/noticias.portaldaindustria.com.br\/noticias\/infraestrutura\/problemas-no-escoamento-de-cargas-pelos-portos-mobiliza-industria-em-busca-de-solucoes\/\" style=\"color:blue; text-decoration:underline\"><span style=\"font-size:14.0pt\">Problemas no escoamento de cargas pelos portos mobiliza ind&uacute;stria em busca de solu&ccedil;&otilde;es<\/span><\/a><\/span><\/span><\/span><\/p>\r\n\r\n<p style=\"text-align:justify\"><span style=\"font-size:11pt\"><span style=\"line-height:normal\"><span style=\"font-family:Calibri,sans-serif\"><a href=\"https:\/\/static.portaldaindustria.com.br\/media\/filer_public\/87\/f2\/87f23291-6f5f-4343-ba7a-cca492f9aeaa\/ex_ipc_25-003_ue_medidas_mudancas_1.pdf\" style=\"color:blue; text-decoration:underline\"><span style=\"font-size:14.0pt\">Comiss&atilde;o Europeia prop&otilde;e mudan&ccedil;as legislativas para simplificar medidas de sustentabilidade<\/span><\/a><\/span><\/span><\/span><\/p>\r\n\r\n<p style=\"text-align:justify\"><span style=\"font-size:11pt\"><span style=\"line-height:normal\"><span style=\"font-family:Calibri,sans-serif\"><a href=\"https:\/\/www.linkedin.com\/pulse\/beware-unintended-consequencesrising-risks-vqefe\/?trackingId=MPWRUOBrQnisDcdEQyr6UA%3D%3D\" style=\"color:blue; text-decoration:underline\"><span lang=\"EN-US\" style=\"font-size:14.0pt\">Beware of unintended consequences&mdash;rising risks of conflict in the Taiwan Strait and South China Sea<\/span><\/a><\/span><\/span><\/span><\/p>\r\n\r\n<p style=\"text-align:justify\"><span style=\"font-size:28pt\"><span style=\"font-family:Cambria,serif\"><span style=\"letter-spacing:-0.5pt\"><b><span style=\"font-size:18.0pt\"><span style=\"font-family:&quot;Calibri&quot;,sans-serif\"><span style=\"font-variant:small-caps\">Economia<\/span><\/span><\/span><\/b><\/span><\/span><\/span><\/p>\r\n\r\n<p style=\"text-align:justify\"><span style=\"font-size:11pt\"><span style=\"line-height:normal\"><span style=\"font-family:Calibri,sans-serif\"><a href=\"https:\/\/www.bcb.gov.br\/content\/focus\/focus\/R20250228.pdf\" style=\"color:blue; text-decoration:underline\"><span style=\"font-size:14.0pt\">Focus - Relat&oacute;rio de Mercado<\/span><\/a><\/span><\/span><\/span><\/p>\r\n\r\n<p style=\"text-align:justify\"><span style=\"font-size:11pt\"><span style=\"line-height:normal\"><span style=\"font-family:Calibri,sans-serif\"><a href=\"https:\/\/www.bcb.gov.br\/content\/controleinflacao\/focusdistribuicoesfrequencia\/P20250305-Focus-Distribuicoes-de-frequencia.pdf\" style=\"color:blue; text-decoration:underline\"><span style=\"font-size:14.0pt\">Focus &ndash; Distribui&ccedil;&otilde;es de Frequ&ecirc;ncia das Expectativas de Mercado para IPCA, Selic, PIB e C&acirc;mbio.<\/span><\/a><\/span><\/span><\/span><\/p>\r\n\r\n<p style=\"text-align:justify\"><span style=\"font-size:11pt\"><span style=\"line-height:normal\"><span style=\"font-family:Calibri,sans-serif\"><a href=\"https:\/\/portalibre.fgv.br\/system\/files\/divulgacao\/noticias\/mat-complementar\/2025-02\/PressRelease_IIE-BR_fev25.pdf\" style=\"color:blue; text-decoration:underline\"><span style=\"font-size:14.0pt\">Incerteza Econ&ocirc;mica recua em fevereiro<\/span><\/a><\/span><\/span><\/span><\/p>\r\n\r\n<p style=\"text-align:justify\"><span style=\"font-size:11pt\"><span style=\"line-height:normal\"><span style=\"font-family:Calibri,sans-serif\"><a href=\"https:\/\/www.serpro.gov.br\/menu\/noticias\/noticias-2025\/receita-federal-programa-sintonia-tecnologia-serpro#:~:text=Receita%20Federal%20lan%C3%A7a%20o%20programa%20Sintonia%20com%20tecnologia%20do%20Serpro,-Iniciativa%20para%20estimular&amp;text=A%20Receita%20Federal%20instituiu%2C%20por,a%20conformidade%20tribut%C3%A1ria%20e%20aduaneira.\" style=\"color:blue; text-decoration:underline\"><span style=\"font-size:14.0pt\">Receita Federal lan&ccedil;a o programa Sintonia com tecnologia do Serpro<\/span><\/a><\/span><\/span><\/span><\/p>\r\n\r\n<p style=\"text-align:justify\"><img src=\"https:\/\/www.abint.org.br\/assets\/img\/editor\/redes-sociais-abint-ctg-cth_20250205143403kcH4SBmjCL.jpg\" \/><\/p>\r\n","6":"<p>Esta &eacute; uma compila&ccedil;&atilde;o das not&iacute;cias mais relevantes para o setor, incluindo informa&ccedil;&otilde;es sobre acordos internacionais, economia brasileira, sustentabilidade e mat&eacute;rias primas, al&eacute;m de novidades do setor de N&atilde;otecidos e Tecidos T&eacute;cnicos.<\/p>\r\n\r\n<p><b>A&Ccedil;&Otilde;ES REALIZADAS<\/b><\/p>\r\n\r\n<p>Perdeu a live &ldquo;Como realizar a solda nas interfer&ecirc;ncias de projeto&rdquo;? <a href=\"https:\/\/www.youtube.com\/live\/zs0x4z03NUE?si=YnghW_4Op6kkqGVm\"><b>Assista aqui!<\/b><\/a><br \/>\r\n&nbsp;<\/p>\r\n\r\n<p><img src=\"https:\/\/www.abint.org.br\/assets\/img\/editor\/original_20250227114538tLGmSWwKl9.png\" style=\"width: 300px; height: 69px;\" \/><\/p>\r\n\r\n<p><img src=\"https:\/\/www.abint.org.br\/assets\/img\/editor\/post-quadrado-curso-naotecido_20250227114621LJZ1V0PpMV.jpg\" style=\"width: 500px; height: 500px;\" \/><\/p>\r\n\r\n<p><a href=\"https:\/\/encurtador.com.br\/5RiJ6\">Fa&ccedil;a sua inscri&ccedil;&atilde;o<\/a><\/p>\r\n\r\n<p>&nbsp;<\/p>\r\n\r\n<p><img src=\"https:\/\/www.abint.org.br\/assets\/img\/editor\/logo-ctg-abint-png_202502051355479yWykO7ojh.png\" style=\"width: 300px; height: 55px;\" \/><\/p>\r\n\r\n<p>&nbsp;<\/p>\r\n\r\n<p><img src=\"https:\/\/www.abint.org.br\/assets\/img\/editor\/post-curso-br-instal-gm-2025_20250205135746uUVJpTDyEg.jpg\" style=\"width: 500px; height: 500px;\" \/><\/p>\r\n\r\n<p><a href=\"https:\/\/www.eventbrite.com\/e\/curso-brasileiro-de-instalacao-de-geomembranas-paulo-kenji-acakura-2025-tickets-1111455586579?aff=oddtdtcreator\">Fa&ccedil;a sua inscri&ccedil;&atilde;o<\/a><\/p>\r\n\r\n<p>&nbsp;<\/p>\r\n\r\n<p><img src=\"https:\/\/www.abint.org.br\/assets\/img\/editor\/e-mail-post-premio-tcc-icc-2024-2025_20250205143024je0yZgOKML.png\" style=\"width: 500px; height: 500px;\" \/><\/p>\r\n\r\n<p><a href=\"https:\/\/geossinteticos.org.br\/premiotccic\">Inscreva seu trabalho<\/a><\/p>\r\n\r\n<p><span style=\"font-size:28pt\"><span style=\"font-family:Cambria,serif\"><span style=\"letter-spacing:-0.5pt\"><b><span style=\"font-size:18.0pt\"><span style=\"font-family:&quot;Calibri&quot;,sans-serif\"><span style=\"font-variant:small-caps\">Not&iacute;cias das Associadas<\/span><\/span><\/span><\/b><\/span><\/span><\/span><\/p>\r\n\r\n<p style=\"text-align:justify\"><span style=\"font-size:11pt\"><span style=\"line-height:normal\"><span style=\"font-family:Calibri,sans-serif\"><a href=\"https:\/\/www.fibre2fashion.com\/news\/technical-textiles\/indorama-s-avgol-launches-nonwovens-production-line-in-north-carolina-300852-newsdetails.htm\" style=\"color:blue; text-decoration:underline\"><span style=\"font-size:14.0pt\">Avgol, de Indorama, pone en marcha una l&iacute;nea de producci&oacute;n de no tejidos en Carolina del Norte<\/span><\/a><\/span><\/span><\/span><\/p>\r\n\r\n<p style=\"text-align:justify\">&nbsp;<\/p>\r\n\r\n<p style=\"text-align:justify\"><span style=\"font-size:11pt\"><span style=\"line-height:normal\"><span style=\"font-family:Calibri,sans-serif\"><b><span style=\"font-size:18.0pt\"><span style=\"font-variant:small-caps\">Eventos<\/span><\/span><\/b><\/span><\/span><\/span><\/p>\r\n\r\n<p style=\"text-align:justify\"><span style=\"font-size:11pt\"><span style=\"line-height:normal\"><span style=\"font-family:Calibri,sans-serif\"><a href=\"https:\/\/6cbt.tuneis.org.br\/\" style=\"color:blue; text-decoration:underline\"><b><span style=\"font-size:14.0pt\">6&ordm; Congresso Brasileiro de T&uacute;neis e Estruturas Subterr&acirc;neas<\/span><\/b><\/a><span style=\"font-size:14.0pt\">, 10 a 12 de mar&ccedil;o de 2025, Centro de Conven&ccedil;&otilde;es Frei Caneca &ndash; S&atilde;o Paulo (SP)<\/span><\/span><\/span><\/span><\/p>\r\n\r\n<p style=\"text-align:justify\"><span style=\"font-size:11pt\"><span style=\"line-height:normal\"><span style=\"font-family:Calibri,sans-serif\"><a href=\"https:\/\/crm-apps.apexbrasil.com.br\/orgbdeab873\/inscricao-eventos\/evento\/webserie-direto-do-mercado-2025\/cc48605a-ca58-4ce6-8079-5f3edda10a8e?utm_source=EMarketing&amp;msdynttrid=Q9YrqgCJRpE_m_uKS7Z6J8SitRF0GKqILga9mSvg180\" style=\"color:blue; text-decoration:underline\"><b><span style=\"font-size:14.0pt\">ApexBrasil | Webs&eacute;rie Direto do Mercado: Edi&ccedil;&atilde;o Col&ocirc;mbia<\/span><\/b><\/a><span style=\"font-size:14.0pt\">, 11 de mar&ccedil;o de 2025, 10h &agrave;s 12h, online<\/span><\/span><\/span><\/span><\/p>\r\n\r\n<p style=\"text-align:justify\"><span style=\"font-size:11pt\"><span style=\"line-height:normal\"><span style=\"font-family:Calibri,sans-serif\"><a href=\"https:\/\/www.fimec.com.br\/\" style=\"color:blue; text-decoration:underline\"><b><span style=\"font-size:14.0pt\">Fimec 2025<\/span><\/b><\/a><span style=\"font-size:14.0pt\">, 18 a 20 de mar&ccedil;o, Fenac, Novo Hamburgo, RS<\/span><\/span><\/span><\/span><\/p>\r\n\r\n<p style=\"text-align:justify\"><span style=\"font-size:11pt\"><span style=\"line-height:normal\"><span style=\"font-family:Calibri,sans-serif\"><a href=\"http:\/\/www.pettalk.org.br\" style=\"color:blue; text-decoration:underline\"><b><span style=\"font-size:14.0pt\">PETTALK 2025<\/span><\/b><\/a><b><span style=\"font-size:14.0pt\">: <\/span><\/b><span style=\"font-size:14.0pt\">24 de mar&ccedil;o, em S&atilde;o Paulo. Realiza&ccedil;&atilde;o da Associa&ccedil;&atilde;o Brasileira da Ind&uacute;stria do PET (ABIPET)<\/span><\/span><\/span><\/span><\/p>\r\n\r\n<p style=\"text-align:justify\"><span style=\"font-size:11pt\"><span style=\"line-height:normal\"><span style=\"font-family:Calibri,sans-serif\"><a href=\"https:\/\/www.plasticobrasil.com.br\/pt\/home.html\" style=\"color:blue; text-decoration:underline\"><b><span style=\"font-size:14.0pt\">Feira Pl&aacute;stico Brasil<\/span><\/b><\/a><span style=\"font-size:14.0pt\">, de 24 a 28 de mar&ccedil;o de 2025, 10h &agrave;s 19h, S&atilde;o Paulo Expo, Rodovia dos Imigrantes, km 1,5<\/span><\/span><\/span><\/span><\/p>\r\n\r\n<p style=\"text-align:justify\"><span style=\"font-size:11pt\"><span style=\"line-height:normal\"><span style=\"font-family:Calibri,sans-serif\"><a href=\"https:\/\/www.automecfeira.com.br\/pt-br.html\" style=\"color:blue; text-decoration:underline\"><b><span style=\"font-size:14.0pt\">Automec 2025<\/span><\/b><\/a><span style=\"font-size:14.0pt\">, 22 a 26 de abril de 2025, S&atilde;o Paulo Expo, Rodovia dos Imigrantes, Km 1,5, &Aacute;gua Funda, S&atilde;o Paulo, SP<\/span><\/span><\/span><\/span><\/p>\r\n\r\n<p style=\"text-align:justify\"><span style=\"font-size:11pt\"><span style=\"line-height:normal\"><span style=\"font-family:Calibri,sans-serif\"><a href=\"https:\/\/forms.gle\/gVRanQmStqMhRKtM6\" style=\"color:blue; text-decoration:underline\"><b><span style=\"font-size:14.0pt\">ABTT Academy | Curso: Vamos falar de sa&uacute;de mental nas empresas?<\/span><\/b><\/a><span style=\"font-size:14.0pt\">, 17 de maio de 2025, 08h &agrave;s 12h, evento online<\/span><\/span><\/span><\/span><\/p>\r\n\r\n<p style=\"text-align:justify\"><span style=\"font-size:11pt\"><span style=\"line-height:normal\"><span style=\"font-family:Calibri,sans-serif\"><a href=\"https:\/\/www.hospitalar.com\/pt\/home.html\" style=\"color:blue; text-decoration:underline\"><b><span style=\"font-size:14.0pt\">Hospitalar 2025<\/span><\/b><\/a><span style=\"font-size:14.0pt\">, 20 a 23 de maio, 11h00 &agrave;s 20h00, S&atilde;o Paulo Expo, Rodovia dos Imigrantes, km 1,5<\/span><\/span><\/span><\/span><\/p>\r\n\r\n<p style=\"text-align:justify\"><span style=\"font-size:11pt\"><span style=\"line-height:normal\"><span style=\"font-family:Calibri,sans-serif\"><a href=\"https:\/\/ideashow.org\/\" style=\"color:blue; text-decoration:underline\"><b><span lang=\"EN-US\" style=\"font-size:14.0pt\">IDEA25<\/span><\/b><\/a><span lang=\"EN-US\" style=\"font-size:14.0pt\">, April 29-May 1, 2025, Miami Beach Convention Center, Miami Beach, Florida<\/span><\/span><\/span><\/span><\/p>\r\n\r\n<p style=\"text-align:justify\"><span style=\"font-size:11pt\"><span style=\"line-height:normal\"><span style=\"font-family:Calibri,sans-serif\"><a href=\"https:\/\/www.conbrava.com.br\/\" style=\"color:blue; text-decoration:underline\"><b><span style=\"font-size:14.0pt\">CONBRAVA 2025<\/span><\/b><\/a><span style=\"font-size:14.0pt\">, 10 a 12 de setembro de 2025, S&atilde;o Paulo Expo, Rodovia dos Imigrantes, km 1,5<\/span><\/span><\/span><\/span><\/p>\r\n\r\n<p style=\"text-align:justify\"><span style=\"font-size:11pt\"><span style=\"line-height:normal\"><span style=\"font-family:Calibri,sans-serif\"><a href=\"https:\/\/paving.com.br\/\" style=\"color:blue; text-decoration:underline\"><b><span style=\"font-size:14.0pt\">Paving Expo 2025<\/span><\/b><\/a><span style=\"font-size:14.0pt\">, 23 a 25 de setembro de 2025, Distrito Anhembi, Rua Prof. Milton Rodrigues, s\/n, Santana, S&atilde;o Paulo, SP<\/span><\/span><\/span><\/span><\/p>\r\n\r\n<p style=\"text-align:justify\"><span style=\"font-size:11pt\"><span style=\"line-height:normal\"><span style=\"font-family:Calibri,sans-serif\"><b><span style=\"font-size:14.0pt\">17&ordm; Congresso Brasileiro de Enfermagem em Centro Cir&uacute;rgico: &ldquo;O poder de cuidar&rdquo;<\/span><\/b><span style=\"font-size:14.0pt\">, 01 a 03 de outubro de 2025, Transamerica Expo Center, S&atilde;o Paulo, SP<\/span><\/span><\/span><\/span><\/p>\r\n\r\n<p style=\"text-align:justify\"><span style=\"font-size:11pt\"><span style=\"line-height:normal\"><span style=\"font-family:Calibri,sans-serif\"><a href=\"https:\/\/hospitalmed.com.br\/feira\/\" style=\"color:blue; text-decoration:underline\"><b><span style=\"font-size:14.0pt\">HospitalMed 2025<\/span><\/b><\/a><span style=\"font-size:14.0pt\">, 22 a 24 de outubro, Pernambuco Centro de Conven&ccedil;&otilde;es, Olinda<\/span><\/span><\/span><\/span><\/p>\r\n\r\n<p style=\"text-align:justify\"><span style=\"font-size:28pt\"><span style=\"font-family:Cambria,serif\"><span style=\"letter-spacing:-0.5pt\"><b><span style=\"font-size:18.0pt\"><span style=\"font-family:&quot;Calibri&quot;,sans-serif\"><span style=\"font-variant:small-caps\">Setor<\/span><\/span><\/span><\/b><\/span><\/span><\/span><\/p>\r\n\r\n<p style=\"text-align:justify\"><span style=\"font-size:11pt\"><span style=\"line-height:normal\"><span style=\"font-family:Calibri,sans-serif\"><a href=\"https:\/\/plasticosemrevista.com.br\/o-jogo-de-forcas-por-tras-do-excedente-global-de-resinas\/\" style=\"color:blue; text-decoration:underline\"><span style=\"font-size:14.0pt\">O jogo de for&ccedil;as por tr&aacute;s do excedente global de resinas<\/span><\/a><\/span><\/span><\/span><\/p>\r\n\r\n<p style=\"text-align:justify\"><span style=\"font-size:11pt\"><span style=\"line-height:normal\"><span style=\"font-family:Calibri,sans-serif\"><a href=\"https:\/\/plasticosemrevista.com.br\/geomembranas-e-silos-bolsas-o-persistente-cultivo-do-mercado\/\" style=\"color:blue; text-decoration:underline\"><span style=\"font-size:14.0pt\">Geomembranas e silos-bolsas: o persistente cultivo do mercado<\/span><\/a><\/span><\/span><\/span><\/p>\r\n\r\n<p style=\"text-align:justify\"><span style=\"font-size:11pt\"><span style=\"line-height:normal\"><span style=\"font-family:Calibri,sans-serif\"><a href=\"https:\/\/niteroi.rj.gov.br\/prefeitura-de-niteroi-avanca-com-obras-de-contencao-e-urbanizacao-no-barreto-e-adjacencias\/%5d\" style=\"color:blue; text-decoration:underline\"><span style=\"font-size:14.0pt\">Geomanta: Prefeitura de Niter&oacute;i (RJ) avan&ccedil;a com obras de conten&ccedil;&atilde;o e urbaniza&ccedil;&atilde;o no Barreto e adjac&ecirc;ncias<\/span><\/a><\/span><\/span><\/span><\/p>\r\n\r\n<p style=\"text-align:justify\"><span style=\"font-size:11pt\"><span style=\"line-height:normal\"><span style=\"font-family:Calibri,sans-serif\"><a href=\"https:\/\/jornaldasoficinas.com\/pt\/ufi-filters-lanca-nova-linha-de-filtros-de-habitaculo\/\" style=\"color:blue; text-decoration:underline\"><span style=\"font-size:14.0pt\">UFI Filters lan&ccedil;a nova linha de filtros de habit&aacute;culo<\/span><\/a><\/span><\/span><\/span><\/p>\r\n\r\n<p style=\"text-align:justify\"><span style=\"font-size:11pt\"><span style=\"line-height:normal\"><span style=\"font-family:Calibri,sans-serif\"><a href=\"https:\/\/plasticosemrevista.com.br\/lyondellbasell-fecha-fabrica-na-holanda\/\" style=\"color:blue; text-decoration:underline\"><span style=\"font-size:14.0pt\">LyondellBasell fecha f&aacute;brica na Holanda<\/span><\/a><\/span><\/span><\/span><\/p>\r\n\r\n<p style=\"text-align:justify\"><span style=\"font-size:11pt\"><span style=\"line-height:normal\"><span style=\"font-family:Calibri,sans-serif\"><a href=\"https:\/\/plasticosemrevista.com.br\/pemex-planeja-investir-em-pe\/\" style=\"color:blue; text-decoration:underline\"><span style=\"font-size:14.0pt\">Pemex planeja investir em PE<\/span><\/a><\/span><\/span><\/span><\/p>\r\n\r\n<p style=\"text-align:justify\"><span style=\"font-size:11pt\"><span style=\"line-height:normal\"><span style=\"font-family:Calibri,sans-serif\"><a href=\"https:\/\/blogdoplastico.wordpress.com\/2025\/03\/03\/braskem-registra-prejuizo-de-r-59-bilhoes-no-quarto-trimestre-de-2024\/\" style=\"color:blue; text-decoration:underline\"><span style=\"font-size:14.0pt\">Braskem registra preju&iacute;zo de R$ 5,9 bilh&otilde;es no quarto trimestre de 2024<\/span><\/a><\/span><\/span><\/span><\/p>\r\n\r\n<p style=\"text-align:justify\"><span style=\"font-size:11pt\"><span style=\"line-height:normal\"><span style=\"font-family:Calibri,sans-serif\"><a href=\"https:\/\/www.cnnbrasil.com.br\/economia\/negocios\/braskem-acerta-acordo-com-petrobras-para-expandir-producao-no-rj\/\" style=\"color:blue; text-decoration:underline\"><span style=\"font-size:14.0pt\">Braskem acerta acordo com Petrobras para expandir produ&ccedil;&atilde;o no RJ<\/span><\/a><\/span><\/span><\/span><\/p>\r\n\r\n<p style=\"text-align:justify\"><span style=\"font-size:28pt\"><span style=\"font-family:Cambria,serif\"><span style=\"letter-spacing:-0.5pt\"><b><span style=\"font-size:18.0pt\"><span style=\"font-family:&quot;Calibri&quot;,sans-serif\"><span style=\"font-variant:small-caps\">Ind&uacute;stria<\/span><\/span><\/span><\/b><\/span><\/span><\/span><\/p>\r\n\r\n<p class=\"MsoTitleCxSpLast\" style=\"text-align:justify\"><span style=\"font-size:11pt\"><span style=\"line-height:normal\"><span style=\"font-family:Calibri,sans-serif\"><a href=\"https:\/\/noticias.portaldaindustria.com.br\/noticias\/economia\/numero-de-setores-industriais-confiantes-dobra-em-fevereiro-mostra-cni\/\" style=\"color:blue; text-decoration:underline\"><span style=\"font-size:14.0pt\">N&uacute;mero de setores industriais confiantes dobra em fevereiro, mostra CNI<\/span><\/a><\/span><\/span><\/span><\/p>\r\n\r\n<p style=\"text-align:justify\"><span style=\"font-size:11pt\"><span style=\"line-height:normal\"><span style=\"font-family:Calibri,sans-serif\"><a href=\"https:\/\/portalibre.fgv.br\/system\/files\/divulgacao\/noticias\/mat-complementar\/2025-02\/%C3%8Dndice%20de%20Confian%C3%A7a%20Empresarial%20FGV_press%20release_Fev25.pdf\" style=\"color:blue; text-decoration:underline\"><span style=\"font-size:14.0pt\">Confian&ccedil;a Empresarial cai pelo quarto m&ecirc;s consecutivo<\/span><\/a><\/span><\/span><\/span><\/p>\r\n\r\n<p style=\"text-align:justify\"><span style=\"font-size:28pt\"><span style=\"font-family:Cambria,serif\"><span style=\"letter-spacing:-0.5pt\"><b><span style=\"font-size:18.0pt\"><span style=\"font-family:&quot;Calibri&quot;,sans-serif\"><span style=\"font-variant:small-caps\">Sustentabilidade<\/span><\/span><\/span><\/b><\/span><\/span><\/span><\/p>\r\n\r\n<p class=\"MsoTitleCxSpLast\" style=\"text-align:justify\"><span style=\"font-size:11pt\"><span style=\"line-height:normal\"><span style=\"font-family:Calibri,sans-serif\"><a href=\"https:\/\/mundodoplastico.plasticobrasil.com.br\/sustentabilidade\/substituicao-dos-plasticos\/?utm_campaign=BRZ25MDP-BP-Newsletter64&amp;utm_emailname=BRZ25MDP-BP-Newsletter64&amp;utm_medium=email&amp;utm_source=eloqua&amp;utm_MDMContactID=2bb3d23c-a32f-4218-88d5-29f7fb45caee&amp;utm_campaigntype=Exhibitor%20Promotion&amp;eM=50c7dfe42c38ea8f10539f0a167fc763253059e495554a32db7a57f8f237ec4c&amp;eventSeriesCode=ES_PLSTCBRZL&amp;eventEditionCode=BRA25IPR&amp;sessionCode=S_EXHB&amp;sp_eh=50c7dfe42c38ea8f10539f0a167fc763253059e495554a32db7a57f8f237ec4c\" style=\"color:blue; text-decoration:underline\"><span style=\"font-size:14.0pt\">Vale a pena substituir o pl&aacute;stico por outros materiais?<\/span><\/a><\/span><\/span><\/span><\/p>\r\n\r\n<p class=\"MsoTitle\" style=\"text-align:justify\"><span style=\"font-size:11pt\"><span style=\"line-height:normal\"><span style=\"font-family:Calibri,sans-serif\"><a href=\"https:\/\/revistacampoenegocios.com.br\/nova-lei-promete-fortalecer-mercado-de-reciclagem-no-brasil\/\" style=\"color:blue; text-decoration:underline\"><span style=\"font-size:14.0pt\">Nova lei promete fortalecer mercado de reciclagem no Brasil<\/span><\/a><\/span><\/span><\/span><\/p>\r\n\r\n<p class=\"MsoTitle\" style=\"text-align:justify\"><span style=\"font-size:11pt\"><span style=\"line-height:normal\"><span style=\"font-family:Calibri,sans-serif\"><a href=\"https:\/\/abcdoabc.com.br\/plastico-e-reciclagem-transformam-os-desfiles-das-escolas-de-samba-2\/\" style=\"color:blue; text-decoration:underline\"><span style=\"font-size:14.0pt\">Pl&aacute;stico e reciclagem transformam os desfiles das escolas de samba<\/span><\/a><\/span><\/span><\/span><\/p>\r\n\r\n<p style=\"text-align:justify\"><span style=\"font-size:11pt\"><span style=\"line-height:normal\"><span style=\"font-family:Calibri,sans-serif\"><a href=\"https:\/\/blogdoplastico.wordpress.com\/2025\/03\/04\/criada-nova-entidade-para-reunir-e-representar-os-recicladores-de-plastico\/\" style=\"color:blue; text-decoration:underline\"><span style=\"font-size:14.0pt\">Criada nova entidade para reunir e representar os recicladores de pl&aacute;stico<\/span><\/a><\/span><\/span><\/span><\/p>\r\n\r\n<p style=\"text-align:justify\"><span style=\"font-size:28pt\"><span style=\"font-family:Cambria,serif\"><span style=\"letter-spacing:-0.5pt\"><b><span style=\"font-size:18.0pt\"><span style=\"font-family:&quot;Calibri&quot;,sans-serif\"><span style=\"font-variant:small-caps\">Inova&ccedil;&atilde;o<\/span><\/span><\/span><\/b><\/span><\/span><\/span><\/p>\r\n\r\n<p style=\"text-align:justify\"><span style=\"font-size:11pt\"><span style=\"line-height:normal\"><span style=\"font-family:Calibri,sans-serif\"><a href=\"https:\/\/www.inovacaotecnologica.com.br\/noticias\/noticia.php?artigo=material-compressivel-superforte-inspirado-esponja-mar&amp;id=020160250227&amp;ebol=sim#google_vignette\" style=\"color:blue; text-decoration:underline\"><span style=\"font-size:14.0pt\">Material compress&iacute;vel superforte &eacute; inspirado na esponja do mar<\/span><\/a><\/span><\/span><\/span><\/p>\r\n\r\n<p style=\"text-align:justify\"><span style=\"font-size:11pt\"><span style=\"line-height:normal\"><span style=\"font-family:Calibri,sans-serif\"><a href=\"https:\/\/revistaanamaria.com.br\/tecnologia\/nova-tecnologia-brasileira-revoluciona-filtros-de-ar\/\" style=\"color:blue; text-decoration:underline\"><span style=\"font-size:14.0pt\">Nanotecnologia: nova tecnologia brasileira revoluciona filtros de ar<\/span><\/a><\/span><\/span><\/span><\/p>\r\n\r\n<p style=\"text-align:justify\"><span style=\"font-size:11pt\"><span style=\"line-height:normal\"><span style=\"font-family:Calibri,sans-serif\"><a href=\"https:\/\/www.osul.com.br\/empresas-de-nanotecnologia-poderao-ser-incluidas-no-simples-nacional\/\" style=\"color:blue; text-decoration:underline\"><span style=\"font-size:14.0pt\">Empresas de nanotecnologia poder&atilde;o ser inclu&iacute;das no Simples Nacional<\/span><\/a><\/span><\/span><\/span><\/p>\r\n\r\n<p class=\"MsoTitleCxSpFirst\" style=\"text-align:justify\"><span style=\"font-size:28pt\"><span style=\"font-family:Cambria,serif\"><span style=\"letter-spacing:-0.5pt\"><b><span style=\"font-size:18.0pt\"><span style=\"font-family:&quot;Calibri&quot;,sans-serif\"><span style=\"font-variant:small-caps\">Com&eacute;rcio Exterior<\/span><\/span><\/span><\/b><\/span><\/span><\/span><\/p>\r\n\r\n<p style=\"text-align:justify\"><span style=\"font-size:11pt\"><span style=\"line-height:normal\"><span style=\"font-family:Calibri,sans-serif\"><a href=\"https:\/\/diariodonordeste.verdesmares.com.br\/negocios\/abratex-ve-riscos-para-industria-textil-brasileira-por-investigacao-antidumping-1.3624010#amp_tf=De%20%251%24s&amp;aoh=17407082934002&amp;csi=0&amp;referrer=https%3A%2F%2Fwww.google.com&amp;ampshare=https%3A%2F%2Fdiariodonordeste.verdesmares.com.br%2Fnegocios%2Fabratex-ve-riscos-para-industria-textil-brasileira-por-investigacao-antidumping-1.3624010\" style=\"color:blue; text-decoration:underline\"><span style=\"font-size:14.0pt\">Abratex v&ecirc; riscos para ind&uacute;stria t&ecirc;xtil brasileira por investiga&ccedil;&atilde;o antidumping<\/span><\/a><\/span><\/span><\/span><\/p>\r\n\r\n<p style=\"text-align:justify\"><span style=\"font-size:11pt\"><span style=\"line-height:normal\"><span style=\"font-family:Calibri,sans-serif\"><a href=\"https:\/\/g1.globo.com\/economia\/noticia\/2025\/03\/02\/milei-volta-a-ameacar-saida-do-mercosul-e-diz-que-bloco-enriqueceu-apenas-brasileiros.ghtml\" style=\"color:blue; text-decoration:underline\"><span style=\"font-size:14.0pt\">Milei volta a amea&ccedil;ar sa&iacute;da do Mercosul e diz que bloco enriqueceu apenas brasileiros<\/span><\/a><\/span><\/span><\/span><\/p>\r\n\r\n<p style=\"text-align:justify\"><span style=\"font-size:11pt\"><span style=\"line-height:normal\"><span style=\"font-family:Calibri,sans-serif\"><a href=\"https:\/\/news.phvox.com.br\/argentina-se-aproxima-de-acordo-de-livre-comercio-com-os-eua-enquanto-trump-chama-milei-de-grande-lider\/\" style=\"color:blue; text-decoration:underline\"><span style=\"font-size:14.0pt\">Argentina se aproxima de acordo de livre com&eacute;rcio com os EUA enquanto Trump chama Milei de &ldquo;grande l&iacute;der&rdquo;<\/span><\/a><\/span><\/span><\/span><\/p>\r\n\r\n<p style=\"text-align:justify\"><span style=\"font-size:11pt\"><span style=\"line-height:normal\"><span style=\"font-family:Calibri,sans-serif\"><a href=\"https:\/\/news.phvox.com.br\/os-eua-serao-os-primeiros-a-serem-afetados-por-uma-guerra-comercial-que-arrastara-consigo-o-resto-do-mundo\/\" style=\"color:blue; text-decoration:underline\"><span style=\"font-size:14.0pt\">Os EUA ser&atilde;o os primeiros a serem afetados por uma guerra comercial que arrastar&aacute; consigo o resto do mundo<\/span><\/a><\/span><\/span><\/span><\/p>\r\n\r\n<p style=\"text-align:justify\"><span style=\"font-size:11pt\"><span style=\"line-height:normal\"><span style=\"font-family:Calibri,sans-serif\"><a href=\"https:\/\/noticias.portaldaindustria.com.br\/noticias\/infraestrutura\/problemas-no-escoamento-de-cargas-pelos-portos-mobiliza-industria-em-busca-de-solucoes\/\" style=\"color:blue; text-decoration:underline\"><span style=\"font-size:14.0pt\">Problemas no escoamento de cargas pelos portos mobiliza ind&uacute;stria em busca de solu&ccedil;&otilde;es<\/span><\/a><\/span><\/span><\/span><\/p>\r\n\r\n<p style=\"text-align:justify\"><span style=\"font-size:11pt\"><span style=\"line-height:normal\"><span style=\"font-family:Calibri,sans-serif\"><a href=\"https:\/\/static.portaldaindustria.com.br\/media\/filer_public\/87\/f2\/87f23291-6f5f-4343-ba7a-cca492f9aeaa\/ex_ipc_25-003_ue_medidas_mudancas_1.pdf\" style=\"color:blue; text-decoration:underline\"><span style=\"font-size:14.0pt\">Comiss&atilde;o Europeia prop&otilde;e mudan&ccedil;as legislativas para simplificar medidas de sustentabilidade<\/span><\/a><\/span><\/span><\/span><\/p>\r\n\r\n<p style=\"text-align:justify\"><span style=\"font-size:11pt\"><span style=\"line-height:normal\"><span style=\"font-family:Calibri,sans-serif\"><a href=\"https:\/\/www.linkedin.com\/pulse\/beware-unintended-consequencesrising-risks-vqefe\/?trackingId=MPWRUOBrQnisDcdEQyr6UA%3D%3D\" style=\"color:blue; text-decoration:underline\"><span lang=\"EN-US\" style=\"font-size:14.0pt\">Beware of unintended consequences&mdash;rising risks of conflict in the Taiwan Strait and South China Sea<\/span><\/a><\/span><\/span><\/span><\/p>\r\n\r\n<p style=\"text-align:justify\"><span style=\"font-size:28pt\"><span style=\"font-family:Cambria,serif\"><span style=\"letter-spacing:-0.5pt\"><b><span style=\"font-size:18.0pt\"><span style=\"font-family:&quot;Calibri&quot;,sans-serif\"><span style=\"font-variant:small-caps\">Economia<\/span><\/span><\/span><\/b><\/span><\/span><\/span><\/p>\r\n\r\n<p style=\"text-align:justify\"><span style=\"font-size:11pt\"><span style=\"line-height:normal\"><span style=\"font-family:Calibri,sans-serif\"><a href=\"https:\/\/www.bcb.gov.br\/content\/focus\/focus\/R20250228.pdf\" style=\"color:blue; text-decoration:underline\"><span style=\"font-size:14.0pt\">Focus - Relat&oacute;rio de Mercado<\/span><\/a><\/span><\/span><\/span><\/p>\r\n\r\n<p style=\"text-align:justify\"><span style=\"font-size:11pt\"><span style=\"line-height:normal\"><span style=\"font-family:Calibri,sans-serif\"><a href=\"https:\/\/www.bcb.gov.br\/content\/controleinflacao\/focusdistribuicoesfrequencia\/P20250305-Focus-Distribuicoes-de-frequencia.pdf\" style=\"color:blue; text-decoration:underline\"><span style=\"font-size:14.0pt\">Focus &ndash; Distribui&ccedil;&otilde;es de Frequ&ecirc;ncia das Expectativas de Mercado para IPCA, Selic, PIB e C&acirc;mbio.<\/span><\/a><\/span><\/span><\/span><\/p>\r\n\r\n<p style=\"text-align:justify\"><span style=\"font-size:11pt\"><span style=\"line-height:normal\"><span style=\"font-family:Calibri,sans-serif\"><a href=\"https:\/\/portalibre.fgv.br\/system\/files\/divulgacao\/noticias\/mat-complementar\/2025-02\/PressRelease_IIE-BR_fev25.pdf\" style=\"color:blue; text-decoration:underline\"><span style=\"font-size:14.0pt\">Incerteza Econ&ocirc;mica recua em fevereiro<\/span><\/a><\/span><\/span><\/span><\/p>\r\n\r\n<p style=\"text-align:justify\"><span style=\"font-size:11pt\"><span style=\"line-height:normal\"><span style=\"font-family:Calibri,sans-serif\"><a href=\"https:\/\/www.serpro.gov.br\/menu\/noticias\/noticias-2025\/receita-federal-programa-sintonia-tecnologia-serpro#:~:text=Receita%20Federal%20lan%C3%A7a%20o%20programa%20Sintonia%20com%20tecnologia%20do%20Serpro,-Iniciativa%20para%20estimular&amp;text=A%20Receita%20Federal%20instituiu%2C%20por,a%20conformidade%20tribut%C3%A1ria%20e%20aduaneira.\" style=\"color:blue; text-decoration:underline\"><span style=\"font-size:14.0pt\">Receita Federal lan&ccedil;a o programa Sintonia com tecnologia do Serpro<\/span><\/a><\/span><\/span><\/span><\/p>\r\n\r\n<p style=\"text-align:justify\"><img src=\"https:\/\/www.abint.org.br\/assets\/img\/editor\/redes-sociais-abint-ctg-cth_20250205143403kcH4SBmjCL.jpg\" \/><\/p>\r\n","texto_en":"","7":"","imagem":"COMP_capa-2025-site-boletim-abint-noticias-semanis_20250312134641QlSck61bbM.jpg","8":"COMP_capa-2025-site-boletim-abint-noticias-semanis_20250312134641QlSck61bbM.jpg","arquivo":"20250306-BOLETIM-ABINT-DE-NOTICIAS-SEMANAIS.PDF","9":"20250306-BOLETIM-ABINT-DE-NOTICIAS-SEMANAIS.PDF","titulo_arquivo":"20250306 Boletim ABINT de Not\u00edcias Semanais","10":"20250306 Boletim ABINT de Not\u00edcias Semanais","titulo_arquivo_en":"","11":"","created_at":"2025-03-12 13:46:53","12":"2025-03-12 13:46:53","updated_at":"2025-03-12 13:46:53","13":"2025-03-12 13:46:53"},{"id":159,"0":159,"ordem":63,"1":63,"data":"2025-02-25","2":"2025-02-25","slug":"boletim-abint-de-noticias-semanais-65","3":"boletim-abint-de-noticias-semanais-65","titulo":"Boletim ABINT de Not\u00edcias Semanais","4":"Boletim ABINT de Not\u00edcias Semanais","titulo_en":"","5":"","texto":"<p style=\"text-align:justify\"><span style=\"font-size:11pt\"><span style=\"line-height:normal\"><span style=\"font-family:Calibri,sans-serif\"><span style=\"font-size:14.0pt\">Esta &eacute; uma compila&ccedil;&atilde;o das not&iacute;cias mais relevantes para o setor, incluindo informa&ccedil;&otilde;es sobre acordos internacionais, economia brasileira, sustentabilidade e mat&eacute;rias primas, al&eacute;m de novidades do setor de N&atilde;otecidos e Tecidos T&eacute;cnicos.<\/span><\/span><\/span><\/span><\/p>\r\n\r\n<p style=\"text-align:justify\"><span style=\"font-size:28pt\"><span style=\"font-family:Cambria,serif\"><span style=\"letter-spacing:-0.5pt\"><b><span style=\"font-size:18.0pt\"><span style=\"font-family:&quot;Calibri&quot;,sans-serif\"><span style=\"font-variant:small-caps\">O que vem por a&iacute;<\/span><\/span><\/span><\/b><\/span><\/span><\/span><\/p>\r\n\r\n<p style=\"text-align:justify\"><img src=\"https:\/\/www.abint.org.br\/assets\/img\/editor\/original_20250227114538tLGmSWwKl9.png\" style=\"width: 300px; height: 69px;\" \/><\/p>\r\n\r\n<p style=\"text-align:justify\"><img src=\"https:\/\/www.abint.org.br\/assets\/img\/editor\/post-quadrado-curso-naotecido_20250227114621LJZ1V0PpMV.jpg\" style=\"width: 500px; height: 500px;\" \/><\/p>\r\n\r\n<p style=\"text-align:justify\"><span style=\"font-size:11pt\"><span style=\"line-height:normal\"><span style=\"font-family:Calibri,sans-serif\"><a href=\"https:\/\/encurtador.com.br\/5RiJ6\" style=\"color:blue; text-decoration:underline\"><span style=\"font-size:14.0pt\">Fa&ccedil;a sua inscri&ccedil;&atilde;o<\/span><\/a><\/span><\/span><\/span><\/p>\r\n\r\n<p><img src=\"https:\/\/www.abint.org.br\/assets\/img\/editor\/logo-ctg-abint-png_202502051355479yWykO7ojh.png\" style=\"width: 300px; height: 55px;\" \/><\/p>\r\n\r\n<p>&nbsp;<\/p>\r\n\r\n<p><img src=\"https:\/\/www.abint.org.br\/assets\/img\/editor\/live-curso-br-instal-gm-2025-2_20250205135648JwdaUCOQ35.jpeg\" style=\"width: 500px; height: 500px;\" \/><\/p>\r\n\r\n<p><a href=\"https:\/\/www.youtube.com\/watch?v=zs0x4z03NUE\">Ative o sininho da LIVE<\/a><\/p>\r\n\r\n<p>&nbsp;<\/p>\r\n\r\n<p><img src=\"https:\/\/www.abint.org.br\/assets\/img\/editor\/post-curso-br-instal-gm-2025_20250205135746uUVJpTDyEg.jpg\" style=\"width: 500px; height: 500px;\" \/><\/p>\r\n\r\n<p><a href=\"https:\/\/www.eventbrite.com\/e\/curso-brasileiro-de-instalacao-de-geomembranas-paulo-kenji-acakura-2025-tickets-1111455586579?aff=oddtdtcreator\">Fa&ccedil;a sua inscri&ccedil;&atilde;o<\/a><\/p>\r\n\r\n<p>&nbsp;<\/p>\r\n\r\n<p><img src=\"https:\/\/www.abint.org.br\/assets\/img\/editor\/e-mail-post-premio-tcc-icc-2024-2025_20250205143024je0yZgOKML.png\" style=\"width: 500px; height: 500px;\" \/><\/p>\r\n\r\n<p><a href=\"https:\/\/geossinteticos.org.br\/premiotccic\">Inscreva seu trabalho<\/a><\/p>\r\n\r\n<p class=\"MsoTitle\" style=\"text-align:justify\"><span style=\"font-size:28pt\"><span style=\"font-family:Cambria,serif\"><span style=\"letter-spacing:-0.5pt\"><b><span style=\"font-size:18.0pt\"><span style=\"font-family:&quot;Calibri&quot;,sans-serif\"><span style=\"font-variant:small-caps\">Not&iacute;cias das Associadas<\/span><\/span><\/span><\/b><\/span><\/span><\/span><\/p>\r\n\r\n<p style=\"text-align:justify\"><span style=\"font-size:11pt\"><span style=\"line-height:normal\"><span style=\"font-family:Calibri,sans-serif\"><a href=\"https:\/\/www.revistaplasticosul.com.br\/materias-primas\/abint-abre-vagas-para-o-curso-presencial-sobre-tecnologia-dos-naotecidos\/\" style=\"color:blue; text-decoration:underline\"><span style=\"font-size:14.0pt\">ABINT abre vagas para o curso presencial sobre &ldquo;Tecnologia dos N&atilde;otecidos&rdquo;<\/span><\/a><\/span><\/span><\/span><\/p>\r\n\r\n<p style=\"text-align:justify\"><span style=\"font-size:11pt\"><span style=\"line-height:normal\"><span style=\"font-family:Calibri,sans-serif\"><a href=\"https:\/\/www.fibre2fashion.com\/news\/technical-textiles\/austria-s-andritz-revibat-partnership-launches-recycling-line-300793-newsdetails.htm\" style=\"color:blue; text-decoration:underline\"><span style=\"font-size:14.0pt\">La asociaci&oacute;n austriaca Andritz &amp; Revibat lanza una l&iacute;nea de reciclado<\/span><\/a><\/span><\/span><\/span><\/p>\r\n\r\n<p style=\"text-align:justify\"><span style=\"font-size:11pt\"><span style=\"line-height:normal\"><span style=\"font-family:Calibri,sans-serif\"><a href=\"https:\/\/tissueonline.com.br\/andritz-e-reconhecida-com-o-premio-tissue-online-2025-na-categoria-maquinas-e-equipamentos-fabricacao-de-papel\/?utm_campaign=nova_newsletter_210225&amp;utm_medium=email&amp;utm_source=RD+Station\" style=\"color:blue; text-decoration:underline\"><span style=\"font-size:14.0pt\">ANDRITZ &eacute; reconhecida com o Pr&ecirc;mio Tissue Online 2025 na categoria m&aacute;quinas e equipamentos: fabrica&ccedil;&atilde;o de papel<\/span><\/a><\/span><\/span><\/span><\/p>\r\n\r\n<p style=\"text-align:justify\"><span style=\"font-size:11pt\"><span style=\"line-height:normal\"><span style=\"font-family:Calibri,sans-serif\"><a href=\"https:\/\/tissueonline.com.br\/suzano-atinge-capacidade-nominal-e-marca-de-1-milhao-de-toneladas-de-producao-em-tempo-recorde-com-planta-de-celulose-fornecida-pela-andritz\/\" style=\"color:blue; text-decoration:underline\"><span style=\"font-size:14.0pt\">Suzano atinge capacidade nominal e marca de 1 milh&atilde;o de toneladas de produ&ccedil;&atilde;o em tempo recorde com planta de celulose fornecida pela ANDRITZ<\/span><\/a><\/span><\/span><\/span><\/p>\r\n\r\n<p style=\"text-align:justify\">&nbsp;<\/p>\r\n\r\n<p style=\"text-align:justify\"><span style=\"font-size:11pt\"><span style=\"line-height:normal\"><span style=\"font-family:Calibri,sans-serif\"><b><span style=\"font-size:18.0pt\"><span style=\"font-variant:small-caps\">Eventos<\/span><\/span><\/b><\/span><\/span><\/span><\/p>\r\n\r\n<p style=\"text-align:justify\"><span style=\"font-size:11pt\"><span style=\"line-height:normal\"><span style=\"font-family:Calibri,sans-serif\"><a href=\"https:\/\/www.sympla.com.br\/evento\/happy-hour-com-tecnologia-e-agora-como-fica-o-mercado-calcadista\/2834006?utm_campaign=happy_hour_-_0225&amp;utm_medium=email&amp;utm_source=RD+Station\" style=\"color:blue; text-decoration:underline\"><b><span style=\"font-size:14.0pt\">IBTeC | E agora, como fica o mercado cal&ccedil;adista?<\/span><\/b><\/a><span style=\"font-size:14.0pt\">, 27 de fevereiro de 2025, 17h30 &agrave;s 19h30, evento online e presencial em IBTeC, Novo Hamburgo - RS<\/span><\/span><\/span><\/span><\/p>\r\n\r\n<p style=\"text-align:justify\"><span style=\"font-size:11pt\"><span style=\"line-height:normal\"><span style=\"font-family:Calibri,sans-serif\"><a href=\"https:\/\/6cbt.tuneis.org.br\/\" style=\"color:blue; text-decoration:underline\"><b><span style=\"font-size:14.0pt\">6&ordm; Congresso Brasileiro de T&uacute;neis e Estruturas Subterr&acirc;neas<\/span><\/b><\/a><span style=\"font-size:14.0pt\">, 10 a 12 de mar&ccedil;o de 2025, Centro de Conven&ccedil;&otilde;es Frei Caneca &ndash; S&atilde;o Paulo (SP)<\/span><\/span><\/span><\/span><\/p>\r\n\r\n<p style=\"text-align:justify\"><span style=\"font-size:11pt\"><span style=\"line-height:normal\"><span style=\"font-family:Calibri,sans-serif\"><a href=\"https:\/\/www.fimec.com.br\/\" style=\"color:blue; text-decoration:underline\"><b><span style=\"font-size:14.0pt\">Fimec 2025<\/span><\/b><\/a><span style=\"font-size:14.0pt\">, 18 a 20 de mar&ccedil;o, Fenac, Novo Hamburgo, RS<\/span><\/span><\/span><\/span><\/p>\r\n\r\n<p style=\"text-align:justify\"><span style=\"font-size:11pt\"><span style=\"line-height:normal\"><span style=\"font-family:Calibri,sans-serif\"><a href=\"http:\/\/www.pettalk.org.br\" style=\"color:blue; text-decoration:underline\"><b><span style=\"font-size:14.0pt\">PETTALK 2025<\/span><\/b><\/a><b><span style=\"font-size:14.0pt\">: <\/span><\/b><span style=\"font-size:14.0pt\">24 de mar&ccedil;o, em S&atilde;o Paulo. Realiza&ccedil;&atilde;o da Associa&ccedil;&atilde;o Brasileira da Ind&uacute;stria do PET (ABIPET)<\/span><\/span><\/span><\/span><\/p>\r\n\r\n<p style=\"text-align:justify\"><span style=\"font-size:11pt\"><span style=\"line-height:normal\"><span style=\"font-family:Calibri,sans-serif\"><a href=\"https:\/\/www.plasticobrasil.com.br\/pt\/home.html\" style=\"color:blue; text-decoration:underline\"><b><span style=\"font-size:14.0pt\">Feira Pl&aacute;stico Brasil<\/span><\/b><\/a><span style=\"font-size:14.0pt\">, de 24 a 28 de mar&ccedil;o de 2025, 10h &agrave;s 19h, S&atilde;o Paulo Expo, Rodovia dos Imigrantes, km 1,5<\/span><\/span><\/span><\/span><\/p>\r\n\r\n<p style=\"text-align:justify\"><span style=\"font-size:11pt\"><span style=\"line-height:normal\"><span style=\"font-family:Calibri,sans-serif\"><a href=\"https:\/\/www.automecfeira.com.br\/pt-br.html\" style=\"color:blue; text-decoration:underline\"><b><span style=\"font-size:14.0pt\">Automec 2025<\/span><\/b><\/a><span style=\"font-size:14.0pt\">, 22 a 26 de abril de 2025, S&atilde;o Paulo Expo, Rodovia dos Imigrantes, Km 1,5, &Aacute;gua Funda, S&atilde;o Paulo, SP<\/span><\/span><\/span><\/span><\/p>\r\n\r\n<p style=\"text-align:justify\"><span style=\"font-size:11pt\"><span style=\"line-height:normal\"><span style=\"font-family:Calibri,sans-serif\"><a href=\"https:\/\/forms.gle\/gVRanQmStqMhRKtM6\" style=\"color:blue; text-decoration:underline\"><b><span style=\"font-size:14.0pt\">ABTT Academy | Curso: Vamos falar de sa&uacute;de mental nas empresas?<\/span><\/b><\/a><span style=\"font-size:14.0pt\">, 17 de maio de 2025, 08h &agrave;s 12h, evento online<\/span><\/span><\/span><\/span><\/p>\r\n\r\n<p style=\"text-align:justify\"><span style=\"font-size:11pt\"><span style=\"line-height:normal\"><span style=\"font-family:Calibri,sans-serif\"><a href=\"https:\/\/www.hospitalar.com\/pt\/home.html\" style=\"color:blue; text-decoration:underline\"><b><span style=\"font-size:14.0pt\">Hospitalar 2025<\/span><\/b><\/a><span style=\"font-size:14.0pt\">, 20 a 23 de maio, 11h00 &agrave;s 20h00, S&atilde;o Paulo Expo, Rodovia dos Imigrantes, km 1,5<\/span><\/span><\/span><\/span><\/p>\r\n\r\n<p style=\"text-align:justify\"><span style=\"font-size:11pt\"><span style=\"line-height:normal\"><span style=\"font-family:Calibri,sans-serif\"><a href=\"https:\/\/ideashow.org\/\" style=\"color:blue; text-decoration:underline\"><b><span lang=\"EN-US\" style=\"font-size:14.0pt\">IDEA25<\/span><\/b><\/a><span lang=\"EN-US\" style=\"font-size:14.0pt\">, April 29-May 1, 2025, Miami Beach Convention Center, Miami Beach, Florida<\/span><\/span><\/span><\/span><\/p>\r\n\r\n<p style=\"text-align:justify\"><span style=\"font-size:11pt\"><span style=\"line-height:normal\"><span style=\"font-family:Calibri,sans-serif\"><a href=\"https:\/\/www.conbrava.com.br\/\" style=\"color:blue; text-decoration:underline\"><b><span style=\"font-size:14.0pt\">CONBRAVA 2025<\/span><\/b><\/a><span style=\"font-size:14.0pt\">, 10 a 12 de setembro de 2025, S&atilde;o Paulo Expo, Rodovia dos Imigrantes, km 1,5<\/span><\/span><\/span><\/span><\/p>\r\n\r\n<p style=\"text-align:justify\"><span style=\"font-size:11pt\"><span style=\"line-height:normal\"><span style=\"font-family:Calibri,sans-serif\"><a href=\"https:\/\/paving.com.br\/\" style=\"color:blue; text-decoration:underline\"><b><span style=\"font-size:14.0pt\">Paving Expo 2025<\/span><\/b><\/a><span style=\"font-size:14.0pt\">, 23 a 25 de setembro de 2025, Distrito Anhembi, Rua Prof. Milton Rodrigues, s\/n, Santana, S&atilde;o Paulo, SP<\/span><\/span><\/span><\/span><\/p>\r\n\r\n<p style=\"text-align:justify\"><span style=\"font-size:11pt\"><span style=\"line-height:normal\"><span style=\"font-family:Calibri,sans-serif\"><b><span style=\"font-size:14.0pt\">17&ordm; Congresso Brasileiro de Enfermagem em Centro Cir&uacute;rgico: &ldquo;O poder de cuidar&rdquo;<\/span><\/b><span style=\"font-size:14.0pt\">, 01 a 03 de outubro de 2025, Transamerica Expo Center, S&atilde;o Paulo, SP<\/span><\/span><\/span><\/span><\/p>\r\n\r\n<p style=\"text-align:justify\"><span style=\"font-size:11pt\"><span style=\"line-height:normal\"><span style=\"font-family:Calibri,sans-serif\"><a href=\"https:\/\/hospitalmed.com.br\/feira\/\" style=\"color:blue; text-decoration:underline\"><b><span style=\"font-size:14.0pt\">HospitalMed 2025<\/span><\/b><\/a><span style=\"font-size:14.0pt\">, 22 a 24 de outubro, Pernambuco Centro de Conven&ccedil;&otilde;es, Olinda<\/span><\/span><\/span><\/span><\/p>\r\n\r\n<p style=\"text-align:justify\"><span style=\"font-size:28pt\"><span style=\"font-family:Cambria,serif\"><span style=\"letter-spacing:-0.5pt\"><b><span style=\"font-size:18.0pt\"><span style=\"font-family:&quot;Calibri&quot;,sans-serif\"><span style=\"font-variant:small-caps\">Setor<\/span><\/span><\/span><\/b><\/span><\/span><\/span><\/p>\r\n\r\n<p style=\"text-align:justify\"><span style=\"font-size:11pt\"><span style=\"line-height:normal\"><span style=\"font-family:Calibri,sans-serif\"><a href=\"https:\/\/plasticosemrevista.com.br\/resinas-o-impacto-das-turbulencias-nos-precos-no-brasil\/\" style=\"color:blue; text-decoration:underline\"><span style=\"font-size:14.0pt\">Resinas: o impacto das turbul&ecirc;ncias nos pre&ccedil;os no Brasil<\/span><\/a><\/span><\/span><\/span><\/p>\r\n\r\n<p style=\"text-align:justify\"><span style=\"font-size:11pt\"><span style=\"line-height:normal\"><span style=\"font-family:Calibri,sans-serif\"><a href=\"https:\/\/plasticosemrevista.com.br\/brasil-a-performance-dos-eua-china-e-argentina-nas-resinas-importadas\/\" style=\"color:blue; text-decoration:underline\"><span style=\"font-size:14.0pt\">Brasil: a performance dos EUA, China e Argentina nas resinas importadas<\/span><\/a><\/span><\/span><\/span><\/p>\r\n\r\n<p style=\"text-align:justify\"><span style=\"font-size:11pt\"><span style=\"line-height:normal\"><span style=\"font-family:Calibri,sans-serif\"><a href=\"https:\/\/plasticosemrevista.com.br\/novos-investimentos-na-reciclagem-de-pet-devem-ser-anunciados-este-ano-acena-auri-marcon-da-abipet\/\" style=\"color:blue; text-decoration:underline\"><span lang=\"ES-AR\" style=\"font-size:14.0pt\">&ldquo;Novos investimentos na reciclagem de PET devem ser anunciados este ano&rdquo;, acena Auri Mar&ccedil;on, da Abipet<\/span><\/a><\/span><\/span><\/span><\/p>\r\n\r\n<p style=\"text-align:justify\"><span style=\"font-size:11pt\"><span style=\"line-height:normal\"><span style=\"font-family:Calibri,sans-serif\"><a href=\"https:\/\/indiantextilejournal.com\/geotextiles-and-technical-textiles-reshaping-infrastructure-growth\/\" style=\"color:blue; text-decoration:underline\"><span lang=\"ES-AR\" style=\"font-size:14.0pt\">Geotextiles and technical textiles reshaping infrastructure growth<\/span><\/a><\/span><\/span><\/span><\/p>\r\n\r\n<p style=\"text-align:justify\"><span style=\"font-size:11pt\"><span style=\"line-height:normal\"><span style=\"font-family:Calibri,sans-serif\"><a href=\"https:\/\/www.nonwovens-industry.com\/contents\/view_breaking-news\/2025-02-21\/kimberly-clark-receives-incentives-for-sc-expansion\/15303\" style=\"color:blue; text-decoration:underline\"><span style=\"font-size:14.0pt\">Kimberly-Clark Receives Incentives for SC Expansion<\/span><\/a><\/span><\/span><\/span><\/p>\r\n\r\n<p style=\"text-align:justify\"><span style=\"font-size:28pt\"><span style=\"font-family:Cambria,serif\"><span style=\"letter-spacing:-0.5pt\"><b><span style=\"font-size:18.0pt\"><span style=\"font-family:&quot;Calibri&quot;,sans-serif\"><span style=\"font-variant:small-caps\">Ind&uacute;stria<\/span><\/span><\/span><\/b><\/span><\/span><\/span><\/p>\r\n\r\n<p class=\"MsoTitleCxSpLast\" style=\"text-align:justify\"><span style=\"font-size:11pt\"><span style=\"line-height:normal\"><span style=\"font-family:Calibri,sans-serif\"><a href=\"https:\/\/www.noticiasagricolas.com.br\/noticias\/algodao\/394648-textil-alta-na-producao-em-2024-animou-empresarios-para-2025.html\" style=\"color:blue; text-decoration:underline\"><span style=\"font-size:14.0pt\">T&ecirc;xtil: alta na produ&ccedil;&atilde;o em 2024 animou empres&aacute;rios para 2025<\/span><\/a><\/span><\/span><\/span><\/p>\r\n\r\n<p class=\"MsoTitle\" style=\"text-align:justify\"><span style=\"font-size:11pt\"><span style=\"line-height:normal\"><span style=\"font-family:Calibri,sans-serif\"><a href=\"https:\/\/blogdoibre.fgv.br\/posts\/industria-performa-bem-e-aumenta-sua-relevancia-na-geracao-de-empregos-de-2024\" style=\"color:blue; text-decoration:underline\"><span style=\"font-size:14.0pt\">Ind&uacute;stria performa bem e aumenta sua relev&acirc;ncia na gera&ccedil;&atilde;o de empregos de 2024<\/span><\/a><\/span><\/span><\/span><\/p>\r\n\r\n<p style=\"text-align:justify\"><span style=\"font-size:11pt\"><span style=\"line-height:normal\"><span style=\"font-family:Calibri,sans-serif\"><a href=\"https:\/\/noticias.portaldaindustria.com.br\/noticias\/economia\/producao-industrial-cai-em-janeiro-informa-cni\/\" style=\"color:blue; text-decoration:underline\"><span style=\"font-size:14.0pt\">Produ&ccedil;&atilde;o industrial cai em janeiro, informa CNI<\/span><\/a><\/span><\/span><\/span><\/p>\r\n\r\n<p style=\"text-align:justify\"><span style=\"font-size:11pt\"><span style=\"line-height:normal\"><span style=\"font-family:Calibri,sans-serif\"><a href=\"https:\/\/portalibre.fgv.br\/system\/files\/2025-02\/press-release_icst_fev25.pdf\" style=\"color:blue; text-decoration:underline\"><span style=\"font-size:14.0pt\">Confian&ccedil;a do Constru&ccedil;&atilde;o cai para menor n&iacute;vel desde mar&ccedil;o de 2022<\/span><\/a><\/span><\/span><\/span><\/p>\r\n\r\n<p style=\"text-align:justify\"><span style=\"font-size:11pt\"><span style=\"line-height:normal\"><span style=\"font-family:Calibri,sans-serif\"><span class=\"MsoHyperlink\" style=\"color:blue\"><span style=\"text-decoration:underline\"><span style=\"font-size:14.0pt\"><a href=\"https:\/\/economiasp.com\/2025\/02\/20\/industria-quimica-retomada-do-crescimento-demanda-customizacao\/\" style=\"color:blue; text-decoration:underline\">Ind&uacute;stria qu&iacute;mica: retomada do crescimento demanda customiza&ccedil;&atilde;o<\/a><\/span><\/span><\/span><\/span><\/span><\/span><\/p>\r\n\r\n<p style=\"text-align:justify\"><span style=\"font-size:11pt\"><span style=\"line-height:normal\"><span style=\"font-family:Calibri,sans-serif\"><a href=\"https:\/\/www.revistaplasticosul.com.br\/sustentabilidade\/assembleia-legislativa-do-rs-lanca-frente-parlamentar-em-defesa-da-industria-quimica\/\" style=\"color:blue; text-decoration:underline\"><span style=\"font-size:14.0pt\">Assembleia Legislativa do RS lan&ccedil;a frente parlamentar em defesa da ind&uacute;stria qu&iacute;mica<\/span><\/a><\/span><\/span><\/span><\/p>\r\n\r\n<p style=\"text-align:justify\"><span style=\"font-size:28pt\"><span style=\"font-family:Cambria,serif\"><span style=\"letter-spacing:-0.5pt\"><b><span style=\"font-size:18.0pt\"><span style=\"font-family:&quot;Calibri&quot;,sans-serif\"><span style=\"font-variant:small-caps\">Sustentabilidade<\/span><\/span><\/span><\/b><\/span><\/span><\/span><\/p>\r\n\r\n<p class=\"MsoTitleCxSpLast\" style=\"text-align:justify\"><span style=\"font-size:11pt\"><span style=\"line-height:normal\"><span style=\"font-family:Calibri,sans-serif\"><a href=\"https:\/\/plasticosemrevista.com.br\/novos-investimentos-na-reciclagem-de-pet-devem-ser-anunciados-este-ano-acena-auri-marcon-da-abipet\/\" style=\"color:blue; text-decoration:underline\"><span style=\"font-size:14.0pt\">&ldquo;Novos investimentos na reciclagem de PET devem ser anunciados este ano&rdquo;, acena Auri Mar&ccedil;on, da Abipet<\/span><\/a><\/span><\/span><\/span><\/p>\r\n\r\n<p style=\"text-align:justify\"><span style=\"font-size:11pt\"><span style=\"line-height:normal\"><span style=\"font-family:Calibri,sans-serif\"><a href=\"https:\/\/www.terra.com.br\/byte\/na-europa-o-plastico-reciclado-vale-mais-do-que-o-plastico-novo-e-o-culpado-e-um-velho-conhecido-a-lei-sobre-tampas,aea2f422b10cb0899a867daf418ec2c4ydvt5gmf.html\" style=\"color:blue; text-decoration:underline\"><span style=\"font-size:14.0pt\">Na Europa, o pl&aacute;stico reciclado vale mais do que o pl&aacute;stico novo e o culpado &eacute; um velho conhecido: a lei sobre tampas<\/span><\/a><\/span><\/span><\/span><\/p>\r\n\r\n<p style=\"text-align:justify\"><span style=\"font-size:28pt\"><span style=\"font-family:Cambria,serif\"><span style=\"letter-spacing:-0.5pt\"><b><span style=\"font-size:18.0pt\"><span style=\"font-family:&quot;Calibri&quot;,sans-serif\"><span style=\"font-variant:small-caps\">Inova&ccedil;&atilde;o<\/span><\/span><\/span><\/b><\/span><\/span><\/span><\/p>\r\n\r\n<p class=\"MsoTitleCxSpLast\" style=\"text-align:justify\"><span style=\"font-size:11pt\"><span style=\"line-height:normal\"><span style=\"font-family:Calibri,sans-serif\"><a href=\"https:\/\/www.inovacaotecnologica.com.br\/noticias\/noticia.php?artigo=pele-elefante-inspira-isolante-termico-edificios&amp;id=010125250224&amp;ebol=sim\" style=\"color:blue; text-decoration:underline\"><span style=\"font-size:14.0pt\">Pele de elefante inspira isolante t&eacute;rmico para edif&iacute;cios<\/span><\/a><\/span><\/span><\/span><\/p>\r\n\r\n<p class=\"MsoTitle\" style=\"text-align:justify\"><span style=\"font-size:11pt\"><span style=\"line-height:normal\"><span style=\"font-family:Calibri,sans-serif\"><a href=\"https:\/\/agenciabrasil.ebc.com.br\/economia\/noticia\/2025-02\/governo-destina-r-3-bi-para-criacao-e-expansao-de-centros-de-inovacao\" style=\"color:blue; text-decoration:underline\"><span style=\"font-size:14.0pt\">Governo destina R$ 3 bi para cria&ccedil;&atilde;o e expans&atilde;o de centros de inova&ccedil;&atilde;o<\/span><\/a><\/span><\/span><\/span><\/p>\r\n\r\n<p class=\"MsoTitle\" style=\"text-align:justify\"><span style=\"font-size:11pt\"><span style=\"line-height:normal\"><span style=\"font-family:Calibri,sans-serif\"><a href=\"https:\/\/clickpetroleoegas.com.br\/material-inovador-de-impressao-3d-feito-com-borra-de-cafe-e-fungos-que-pode-ser-uma-alternativa-ao-plastico-e-possui-resistencia-semelhante-ao-papelao\/\" style=\"color:blue; text-decoration:underline\"><span style=\"font-size:14.0pt\">Material inovador de impress&atilde;o 3D feito com borra de caf&eacute; e fungos que pode ser uma alternativa ao pl&aacute;stico e possui resist&ecirc;ncia semelhante ao papel&atilde;o<\/span><\/a><\/span><\/span><\/span><\/p>\r\n\r\n<p class=\"MsoTitleCxSpFirst\" style=\"text-align:justify\"><span style=\"font-size:28pt\"><span style=\"font-family:Cambria,serif\"><span style=\"letter-spacing:-0.5pt\"><b><span style=\"font-size:18.0pt\"><span style=\"font-family:&quot;Calibri&quot;,sans-serif\"><span style=\"font-variant:small-caps\">Com&eacute;rcio Exterior<\/span><\/span><\/span><\/b><\/span><\/span><\/span><\/p>\r\n\r\n<p style=\"text-align:justify\"><span style=\"font-size:11pt\"><span style=\"line-height:normal\"><span style=\"font-family:Calibri,sans-serif\"><a href=\"https:\/\/apexbrasil.com.br\/br\/pt\/conteudo\/noticias\/china-bate-recorde-de-investimentos-no-brasil-e-segue-como-maior.html#msdynttrid=ecPvb57k0rk2pAysU73V4jFkVXXpb4UOC8VNQlOqeVM\" style=\"color:blue; text-decoration:underline\"><span style=\"font-size:14.0pt\">China bate recorde de investimentos no Brasil e segue como maior parceiro comercial<\/span><\/a><\/span><\/span><\/span><\/p>\r\n\r\n<p style=\"text-align:justify\"><span style=\"font-size:11pt\"><span style=\"line-height:normal\"><span style=\"font-family:Calibri,sans-serif\"><a href=\"https:\/\/www.innovationintextiles.com\/industry-talk\/onandoff-us-tariffs-cause-chaos\/\" style=\"color:blue; text-decoration:underline\"><span lang=\"EN-US\" style=\"font-size:14.0pt\">On-and-off US tariffs cause chaos<\/span><\/a><\/span><\/span><\/span><\/p>\r\n\r\n<p style=\"text-align:justify\"><span style=\"font-size:28pt\"><span style=\"font-family:Cambria,serif\"><span style=\"letter-spacing:-0.5pt\"><b><span style=\"font-size:18.0pt\"><span style=\"font-family:&quot;Calibri&quot;,sans-serif\"><span style=\"font-variant:small-caps\">Economia<\/span><\/span><\/span><\/b><\/span><\/span><\/span><\/p>\r\n\r\n<p style=\"text-align:justify\"><span style=\"font-size:11pt\"><span style=\"line-height:normal\"><span style=\"font-family:Calibri,sans-serif\"><a href=\"https:\/\/www.bcb.gov.br\/content\/focus\/focus\/R20250221.pdf\" style=\"color:blue; text-decoration:underline\"><span style=\"font-size:14.0pt\">Focus - Relat&oacute;rio de Mercado<\/span><\/a><\/span><\/span><\/span><\/p>\r\n\r\n<p style=\"text-align:justify\"><span style=\"font-size:11pt\"><span style=\"line-height:normal\"><span style=\"font-family:Calibri,sans-serif\"><a href=\"https:\/\/revistaoeste.com\/economia\/as-mais-lidas-do-mes-economia-do-brasil-esta-entrando-em-um-ciclo-perverso-diz-dono-da-mrv\/\" style=\"color:blue; text-decoration:underline\"><span style=\"font-size:14.0pt\">Economia do Brasil est&aacute; entrando em um ciclo perverso, diz dono da MRV<\/span><\/a><\/span><\/span><\/span><\/p>\r\n\r\n<p style=\"text-align:justify\"><span style=\"font-size:11pt\"><span style=\"line-height:normal\"><span style=\"font-family:Calibri,sans-serif\"><a href=\"https:\/\/blogdoibre.fgv.br\/posts\/china-o-estado-no-resgate-da-economia\" style=\"color:blue; text-decoration:underline\"><span style=\"font-size:14.0pt\">China: O Estado no resgate da economia<\/span><\/a><\/span><\/span><\/span><\/p>\r\n\r\n<p style=\"text-align:justify\"><img src=\"https:\/\/www.abint.org.br\/assets\/img\/editor\/redes-sociais-abint-ctg-cth_20250205143403kcH4SBmjCL.jpg\" \/><\/p>\r\n","6":"<p style=\"text-align:justify\"><span style=\"font-size:11pt\"><span style=\"line-height:normal\"><span style=\"font-family:Calibri,sans-serif\"><span style=\"font-size:14.0pt\">Esta &eacute; uma compila&ccedil;&atilde;o das not&iacute;cias mais relevantes para o setor, incluindo informa&ccedil;&otilde;es sobre acordos internacionais, economia brasileira, sustentabilidade e mat&eacute;rias primas, al&eacute;m de novidades do setor de N&atilde;otecidos e Tecidos T&eacute;cnicos.<\/span><\/span><\/span><\/span><\/p>\r\n\r\n<p style=\"text-align:justify\"><span style=\"font-size:28pt\"><span style=\"font-family:Cambria,serif\"><span style=\"letter-spacing:-0.5pt\"><b><span style=\"font-size:18.0pt\"><span style=\"font-family:&quot;Calibri&quot;,sans-serif\"><span style=\"font-variant:small-caps\">O que vem por a&iacute;<\/span><\/span><\/span><\/b><\/span><\/span><\/span><\/p>\r\n\r\n<p style=\"text-align:justify\"><img src=\"https:\/\/www.abint.org.br\/assets\/img\/editor\/original_20250227114538tLGmSWwKl9.png\" style=\"width: 300px; height: 69px;\" \/><\/p>\r\n\r\n<p style=\"text-align:justify\"><img src=\"https:\/\/www.abint.org.br\/assets\/img\/editor\/post-quadrado-curso-naotecido_20250227114621LJZ1V0PpMV.jpg\" style=\"width: 500px; height: 500px;\" \/><\/p>\r\n\r\n<p style=\"text-align:justify\"><span style=\"font-size:11pt\"><span style=\"line-height:normal\"><span style=\"font-family:Calibri,sans-serif\"><a href=\"https:\/\/encurtador.com.br\/5RiJ6\" style=\"color:blue; text-decoration:underline\"><span style=\"font-size:14.0pt\">Fa&ccedil;a sua inscri&ccedil;&atilde;o<\/span><\/a><\/span><\/span><\/span><\/p>\r\n\r\n<p><img src=\"https:\/\/www.abint.org.br\/assets\/img\/editor\/logo-ctg-abint-png_202502051355479yWykO7ojh.png\" style=\"width: 300px; height: 55px;\" \/><\/p>\r\n\r\n<p>&nbsp;<\/p>\r\n\r\n<p><img src=\"https:\/\/www.abint.org.br\/assets\/img\/editor\/live-curso-br-instal-gm-2025-2_20250205135648JwdaUCOQ35.jpeg\" style=\"width: 500px; height: 500px;\" \/><\/p>\r\n\r\n<p><a href=\"https:\/\/www.youtube.com\/watch?v=zs0x4z03NUE\">Ative o sininho da LIVE<\/a><\/p>\r\n\r\n<p>&nbsp;<\/p>\r\n\r\n<p><img src=\"https:\/\/www.abint.org.br\/assets\/img\/editor\/post-curso-br-instal-gm-2025_20250205135746uUVJpTDyEg.jpg\" style=\"width: 500px; height: 500px;\" \/><\/p>\r\n\r\n<p><a href=\"https:\/\/www.eventbrite.com\/e\/curso-brasileiro-de-instalacao-de-geomembranas-paulo-kenji-acakura-2025-tickets-1111455586579?aff=oddtdtcreator\">Fa&ccedil;a sua inscri&ccedil;&atilde;o<\/a><\/p>\r\n\r\n<p>&nbsp;<\/p>\r\n\r\n<p><img src=\"https:\/\/www.abint.org.br\/assets\/img\/editor\/e-mail-post-premio-tcc-icc-2024-2025_20250205143024je0yZgOKML.png\" style=\"width: 500px; height: 500px;\" \/><\/p>\r\n\r\n<p><a href=\"https:\/\/geossinteticos.org.br\/premiotccic\">Inscreva seu trabalho<\/a><\/p>\r\n\r\n<p class=\"MsoTitle\" style=\"text-align:justify\"><span style=\"font-size:28pt\"><span style=\"font-family:Cambria,serif\"><span style=\"letter-spacing:-0.5pt\"><b><span style=\"font-size:18.0pt\"><span style=\"font-family:&quot;Calibri&quot;,sans-serif\"><span style=\"font-variant:small-caps\">Not&iacute;cias das Associadas<\/span><\/span><\/span><\/b><\/span><\/span><\/span><\/p>\r\n\r\n<p style=\"text-align:justify\"><span style=\"font-size:11pt\"><span style=\"line-height:normal\"><span style=\"font-family:Calibri,sans-serif\"><a href=\"https:\/\/www.revistaplasticosul.com.br\/materias-primas\/abint-abre-vagas-para-o-curso-presencial-sobre-tecnologia-dos-naotecidos\/\" style=\"color:blue; text-decoration:underline\"><span style=\"font-size:14.0pt\">ABINT abre vagas para o curso presencial sobre &ldquo;Tecnologia dos N&atilde;otecidos&rdquo;<\/span><\/a><\/span><\/span><\/span><\/p>\r\n\r\n<p style=\"text-align:justify\"><span style=\"font-size:11pt\"><span style=\"line-height:normal\"><span style=\"font-family:Calibri,sans-serif\"><a href=\"https:\/\/www.fibre2fashion.com\/news\/technical-textiles\/austria-s-andritz-revibat-partnership-launches-recycling-line-300793-newsdetails.htm\" style=\"color:blue; text-decoration:underline\"><span style=\"font-size:14.0pt\">La asociaci&oacute;n austriaca Andritz &amp; Revibat lanza una l&iacute;nea de reciclado<\/span><\/a><\/span><\/span><\/span><\/p>\r\n\r\n<p style=\"text-align:justify\"><span style=\"font-size:11pt\"><span style=\"line-height:normal\"><span style=\"font-family:Calibri,sans-serif\"><a href=\"https:\/\/tissueonline.com.br\/andritz-e-reconhecida-com-o-premio-tissue-online-2025-na-categoria-maquinas-e-equipamentos-fabricacao-de-papel\/?utm_campaign=nova_newsletter_210225&amp;utm_medium=email&amp;utm_source=RD+Station\" style=\"color:blue; text-decoration:underline\"><span style=\"font-size:14.0pt\">ANDRITZ &eacute; reconhecida com o Pr&ecirc;mio Tissue Online 2025 na categoria m&aacute;quinas e equipamentos: fabrica&ccedil;&atilde;o de papel<\/span><\/a><\/span><\/span><\/span><\/p>\r\n\r\n<p style=\"text-align:justify\"><span style=\"font-size:11pt\"><span style=\"line-height:normal\"><span style=\"font-family:Calibri,sans-serif\"><a href=\"https:\/\/tissueonline.com.br\/suzano-atinge-capacidade-nominal-e-marca-de-1-milhao-de-toneladas-de-producao-em-tempo-recorde-com-planta-de-celulose-fornecida-pela-andritz\/\" style=\"color:blue; text-decoration:underline\"><span style=\"font-size:14.0pt\">Suzano atinge capacidade nominal e marca de 1 milh&atilde;o de toneladas de produ&ccedil;&atilde;o em tempo recorde com planta de celulose fornecida pela ANDRITZ<\/span><\/a><\/span><\/span><\/span><\/p>\r\n\r\n<p style=\"text-align:justify\">&nbsp;<\/p>\r\n\r\n<p style=\"text-align:justify\"><span style=\"font-size:11pt\"><span style=\"line-height:normal\"><span style=\"font-family:Calibri,sans-serif\"><b><span style=\"font-size:18.0pt\"><span style=\"font-variant:small-caps\">Eventos<\/span><\/span><\/b><\/span><\/span><\/span><\/p>\r\n\r\n<p style=\"text-align:justify\"><span style=\"font-size:11pt\"><span style=\"line-height:normal\"><span style=\"font-family:Calibri,sans-serif\"><a href=\"https:\/\/www.sympla.com.br\/evento\/happy-hour-com-tecnologia-e-agora-como-fica-o-mercado-calcadista\/2834006?utm_campaign=happy_hour_-_0225&amp;utm_medium=email&amp;utm_source=RD+Station\" style=\"color:blue; text-decoration:underline\"><b><span style=\"font-size:14.0pt\">IBTeC | E agora, como fica o mercado cal&ccedil;adista?<\/span><\/b><\/a><span style=\"font-size:14.0pt\">, 27 de fevereiro de 2025, 17h30 &agrave;s 19h30, evento online e presencial em IBTeC, Novo Hamburgo - RS<\/span><\/span><\/span><\/span><\/p>\r\n\r\n<p style=\"text-align:justify\"><span style=\"font-size:11pt\"><span style=\"line-height:normal\"><span style=\"font-family:Calibri,sans-serif\"><a href=\"https:\/\/6cbt.tuneis.org.br\/\" style=\"color:blue; text-decoration:underline\"><b><span style=\"font-size:14.0pt\">6&ordm; Congresso Brasileiro de T&uacute;neis e Estruturas Subterr&acirc;neas<\/span><\/b><\/a><span style=\"font-size:14.0pt\">, 10 a 12 de mar&ccedil;o de 2025, Centro de Conven&ccedil;&otilde;es Frei Caneca &ndash; S&atilde;o Paulo (SP)<\/span><\/span><\/span><\/span><\/p>\r\n\r\n<p style=\"text-align:justify\"><span style=\"font-size:11pt\"><span style=\"line-height:normal\"><span style=\"font-family:Calibri,sans-serif\"><a href=\"https:\/\/www.fimec.com.br\/\" style=\"color:blue; text-decoration:underline\"><b><span style=\"font-size:14.0pt\">Fimec 2025<\/span><\/b><\/a><span style=\"font-size:14.0pt\">, 18 a 20 de mar&ccedil;o, Fenac, Novo Hamburgo, RS<\/span><\/span><\/span><\/span><\/p>\r\n\r\n<p style=\"text-align:justify\"><span style=\"font-size:11pt\"><span style=\"line-height:normal\"><span style=\"font-family:Calibri,sans-serif\"><a href=\"http:\/\/www.pettalk.org.br\" style=\"color:blue; text-decoration:underline\"><b><span style=\"font-size:14.0pt\">PETTALK 2025<\/span><\/b><\/a><b><span style=\"font-size:14.0pt\">: <\/span><\/b><span style=\"font-size:14.0pt\">24 de mar&ccedil;o, em S&atilde;o Paulo. Realiza&ccedil;&atilde;o da Associa&ccedil;&atilde;o Brasileira da Ind&uacute;stria do PET (ABIPET)<\/span><\/span><\/span><\/span><\/p>\r\n\r\n<p style=\"text-align:justify\"><span style=\"font-size:11pt\"><span style=\"line-height:normal\"><span style=\"font-family:Calibri,sans-serif\"><a href=\"https:\/\/www.plasticobrasil.com.br\/pt\/home.html\" style=\"color:blue; text-decoration:underline\"><b><span style=\"font-size:14.0pt\">Feira Pl&aacute;stico Brasil<\/span><\/b><\/a><span style=\"font-size:14.0pt\">, de 24 a 28 de mar&ccedil;o de 2025, 10h &agrave;s 19h, S&atilde;o Paulo Expo, Rodovia dos Imigrantes, km 1,5<\/span><\/span><\/span><\/span><\/p>\r\n\r\n<p style=\"text-align:justify\"><span style=\"font-size:11pt\"><span style=\"line-height:normal\"><span style=\"font-family:Calibri,sans-serif\"><a href=\"https:\/\/www.automecfeira.com.br\/pt-br.html\" style=\"color:blue; text-decoration:underline\"><b><span style=\"font-size:14.0pt\">Automec 2025<\/span><\/b><\/a><span style=\"font-size:14.0pt\">, 22 a 26 de abril de 2025, S&atilde;o Paulo Expo, Rodovia dos Imigrantes, Km 1,5, &Aacute;gua Funda, S&atilde;o Paulo, SP<\/span><\/span><\/span><\/span><\/p>\r\n\r\n<p style=\"text-align:justify\"><span style=\"font-size:11pt\"><span style=\"line-height:normal\"><span style=\"font-family:Calibri,sans-serif\"><a href=\"https:\/\/forms.gle\/gVRanQmStqMhRKtM6\" style=\"color:blue; text-decoration:underline\"><b><span style=\"font-size:14.0pt\">ABTT Academy | Curso: Vamos falar de sa&uacute;de mental nas empresas?<\/span><\/b><\/a><span style=\"font-size:14.0pt\">, 17 de maio de 2025, 08h &agrave;s 12h, evento online<\/span><\/span><\/span><\/span><\/p>\r\n\r\n<p style=\"text-align:justify\"><span style=\"font-size:11pt\"><span style=\"line-height:normal\"><span style=\"font-family:Calibri,sans-serif\"><a href=\"https:\/\/www.hospitalar.com\/pt\/home.html\" style=\"color:blue; text-decoration:underline\"><b><span style=\"font-size:14.0pt\">Hospitalar 2025<\/span><\/b><\/a><span style=\"font-size:14.0pt\">, 20 a 23 de maio, 11h00 &agrave;s 20h00, S&atilde;o Paulo Expo, Rodovia dos Imigrantes, km 1,5<\/span><\/span><\/span><\/span><\/p>\r\n\r\n<p style=\"text-align:justify\"><span style=\"font-size:11pt\"><span style=\"line-height:normal\"><span style=\"font-family:Calibri,sans-serif\"><a href=\"https:\/\/ideashow.org\/\" style=\"color:blue; text-decoration:underline\"><b><span lang=\"EN-US\" style=\"font-size:14.0pt\">IDEA25<\/span><\/b><\/a><span lang=\"EN-US\" style=\"font-size:14.0pt\">, April 29-May 1, 2025, Miami Beach Convention Center, Miami Beach, Florida<\/span><\/span><\/span><\/span><\/p>\r\n\r\n<p style=\"text-align:justify\"><span style=\"font-size:11pt\"><span style=\"line-height:normal\"><span style=\"font-family:Calibri,sans-serif\"><a href=\"https:\/\/www.conbrava.com.br\/\" style=\"color:blue; text-decoration:underline\"><b><span style=\"font-size:14.0pt\">CONBRAVA 2025<\/span><\/b><\/a><span style=\"font-size:14.0pt\">, 10 a 12 de setembro de 2025, S&atilde;o Paulo Expo, Rodovia dos Imigrantes, km 1,5<\/span><\/span><\/span><\/span><\/p>\r\n\r\n<p style=\"text-align:justify\"><span style=\"font-size:11pt\"><span style=\"line-height:normal\"><span style=\"font-family:Calibri,sans-serif\"><a href=\"https:\/\/paving.com.br\/\" style=\"color:blue; text-decoration:underline\"><b><span style=\"font-size:14.0pt\">Paving Expo 2025<\/span><\/b><\/a><span style=\"font-size:14.0pt\">, 23 a 25 de setembro de 2025, Distrito Anhembi, Rua Prof. Milton Rodrigues, s\/n, Santana, S&atilde;o Paulo, SP<\/span><\/span><\/span><\/span><\/p>\r\n\r\n<p style=\"text-align:justify\"><span style=\"font-size:11pt\"><span style=\"line-height:normal\"><span style=\"font-family:Calibri,sans-serif\"><b><span style=\"font-size:14.0pt\">17&ordm; Congresso Brasileiro de Enfermagem em Centro Cir&uacute;rgico: &ldquo;O poder de cuidar&rdquo;<\/span><\/b><span style=\"font-size:14.0pt\">, 01 a 03 de outubro de 2025, Transamerica Expo Center, S&atilde;o Paulo, SP<\/span><\/span><\/span><\/span><\/p>\r\n\r\n<p style=\"text-align:justify\"><span style=\"font-size:11pt\"><span style=\"line-height:normal\"><span style=\"font-family:Calibri,sans-serif\"><a href=\"https:\/\/hospitalmed.com.br\/feira\/\" style=\"color:blue; text-decoration:underline\"><b><span style=\"font-size:14.0pt\">HospitalMed 2025<\/span><\/b><\/a><span style=\"font-size:14.0pt\">, 22 a 24 de outubro, Pernambuco Centro de Conven&ccedil;&otilde;es, Olinda<\/span><\/span><\/span><\/span><\/p>\r\n\r\n<p style=\"text-align:justify\"><span style=\"font-size:28pt\"><span style=\"font-family:Cambria,serif\"><span style=\"letter-spacing:-0.5pt\"><b><span style=\"font-size:18.0pt\"><span style=\"font-family:&quot;Calibri&quot;,sans-serif\"><span style=\"font-variant:small-caps\">Setor<\/span><\/span><\/span><\/b><\/span><\/span><\/span><\/p>\r\n\r\n<p style=\"text-align:justify\"><span style=\"font-size:11pt\"><span style=\"line-height:normal\"><span style=\"font-family:Calibri,sans-serif\"><a href=\"https:\/\/plasticosemrevista.com.br\/resinas-o-impacto-das-turbulencias-nos-precos-no-brasil\/\" style=\"color:blue; text-decoration:underline\"><span style=\"font-size:14.0pt\">Resinas: o impacto das turbul&ecirc;ncias nos pre&ccedil;os no Brasil<\/span><\/a><\/span><\/span><\/span><\/p>\r\n\r\n<p style=\"text-align:justify\"><span style=\"font-size:11pt\"><span style=\"line-height:normal\"><span style=\"font-family:Calibri,sans-serif\"><a href=\"https:\/\/plasticosemrevista.com.br\/brasil-a-performance-dos-eua-china-e-argentina-nas-resinas-importadas\/\" style=\"color:blue; text-decoration:underline\"><span style=\"font-size:14.0pt\">Brasil: a performance dos EUA, China e Argentina nas resinas importadas<\/span><\/a><\/span><\/span><\/span><\/p>\r\n\r\n<p style=\"text-align:justify\"><span style=\"font-size:11pt\"><span style=\"line-height:normal\"><span style=\"font-family:Calibri,sans-serif\"><a href=\"https:\/\/plasticosemrevista.com.br\/novos-investimentos-na-reciclagem-de-pet-devem-ser-anunciados-este-ano-acena-auri-marcon-da-abipet\/\" style=\"color:blue; text-decoration:underline\"><span lang=\"ES-AR\" style=\"font-size:14.0pt\">&ldquo;Novos investimentos na reciclagem de PET devem ser anunciados este ano&rdquo;, acena Auri Mar&ccedil;on, da Abipet<\/span><\/a><\/span><\/span><\/span><\/p>\r\n\r\n<p style=\"text-align:justify\"><span style=\"font-size:11pt\"><span style=\"line-height:normal\"><span style=\"font-family:Calibri,sans-serif\"><a href=\"https:\/\/indiantextilejournal.com\/geotextiles-and-technical-textiles-reshaping-infrastructure-growth\/\" style=\"color:blue; text-decoration:underline\"><span lang=\"ES-AR\" style=\"font-size:14.0pt\">Geotextiles and technical textiles reshaping infrastructure growth<\/span><\/a><\/span><\/span><\/span><\/p>\r\n\r\n<p style=\"text-align:justify\"><span style=\"font-size:11pt\"><span style=\"line-height:normal\"><span style=\"font-family:Calibri,sans-serif\"><a href=\"https:\/\/www.nonwovens-industry.com\/contents\/view_breaking-news\/2025-02-21\/kimberly-clark-receives-incentives-for-sc-expansion\/15303\" style=\"color:blue; text-decoration:underline\"><span style=\"font-size:14.0pt\">Kimberly-Clark Receives Incentives for SC Expansion<\/span><\/a><\/span><\/span><\/span><\/p>\r\n\r\n<p style=\"text-align:justify\"><span style=\"font-size:28pt\"><span style=\"font-family:Cambria,serif\"><span style=\"letter-spacing:-0.5pt\"><b><span style=\"font-size:18.0pt\"><span style=\"font-family:&quot;Calibri&quot;,sans-serif\"><span style=\"font-variant:small-caps\">Ind&uacute;stria<\/span><\/span><\/span><\/b><\/span><\/span><\/span><\/p>\r\n\r\n<p class=\"MsoTitleCxSpLast\" style=\"text-align:justify\"><span style=\"font-size:11pt\"><span style=\"line-height:normal\"><span style=\"font-family:Calibri,sans-serif\"><a href=\"https:\/\/www.noticiasagricolas.com.br\/noticias\/algodao\/394648-textil-alta-na-producao-em-2024-animou-empresarios-para-2025.html\" style=\"color:blue; text-decoration:underline\"><span style=\"font-size:14.0pt\">T&ecirc;xtil: alta na produ&ccedil;&atilde;o em 2024 animou empres&aacute;rios para 2025<\/span><\/a><\/span><\/span><\/span><\/p>\r\n\r\n<p class=\"MsoTitle\" style=\"text-align:justify\"><span style=\"font-size:11pt\"><span style=\"line-height:normal\"><span style=\"font-family:Calibri,sans-serif\"><a href=\"https:\/\/blogdoibre.fgv.br\/posts\/industria-performa-bem-e-aumenta-sua-relevancia-na-geracao-de-empregos-de-2024\" style=\"color:blue; text-decoration:underline\"><span style=\"font-size:14.0pt\">Ind&uacute;stria performa bem e aumenta sua relev&acirc;ncia na gera&ccedil;&atilde;o de empregos de 2024<\/span><\/a><\/span><\/span><\/span><\/p>\r\n\r\n<p style=\"text-align:justify\"><span style=\"font-size:11pt\"><span style=\"line-height:normal\"><span style=\"font-family:Calibri,sans-serif\"><a href=\"https:\/\/noticias.portaldaindustria.com.br\/noticias\/economia\/producao-industrial-cai-em-janeiro-informa-cni\/\" style=\"color:blue; text-decoration:underline\"><span style=\"font-size:14.0pt\">Produ&ccedil;&atilde;o industrial cai em janeiro, informa CNI<\/span><\/a><\/span><\/span><\/span><\/p>\r\n\r\n<p style=\"text-align:justify\"><span style=\"font-size:11pt\"><span style=\"line-height:normal\"><span style=\"font-family:Calibri,sans-serif\"><a href=\"https:\/\/portalibre.fgv.br\/system\/files\/2025-02\/press-release_icst_fev25.pdf\" style=\"color:blue; text-decoration:underline\"><span style=\"font-size:14.0pt\">Confian&ccedil;a do Constru&ccedil;&atilde;o cai para menor n&iacute;vel desde mar&ccedil;o de 2022<\/span><\/a><\/span><\/span><\/span><\/p>\r\n\r\n<p style=\"text-align:justify\"><span style=\"font-size:11pt\"><span style=\"line-height:normal\"><span style=\"font-family:Calibri,sans-serif\"><span class=\"MsoHyperlink\" style=\"color:blue\"><span style=\"text-decoration:underline\"><span style=\"font-size:14.0pt\"><a href=\"https:\/\/economiasp.com\/2025\/02\/20\/industria-quimica-retomada-do-crescimento-demanda-customizacao\/\" style=\"color:blue; text-decoration:underline\">Ind&uacute;stria qu&iacute;mica: retomada do crescimento demanda customiza&ccedil;&atilde;o<\/a><\/span><\/span><\/span><\/span><\/span><\/span><\/p>\r\n\r\n<p style=\"text-align:justify\"><span style=\"font-size:11pt\"><span style=\"line-height:normal\"><span style=\"font-family:Calibri,sans-serif\"><a href=\"https:\/\/www.revistaplasticosul.com.br\/sustentabilidade\/assembleia-legislativa-do-rs-lanca-frente-parlamentar-em-defesa-da-industria-quimica\/\" style=\"color:blue; text-decoration:underline\"><span style=\"font-size:14.0pt\">Assembleia Legislativa do RS lan&ccedil;a frente parlamentar em defesa da ind&uacute;stria qu&iacute;mica<\/span><\/a><\/span><\/span><\/span><\/p>\r\n\r\n<p style=\"text-align:justify\"><span style=\"font-size:28pt\"><span style=\"font-family:Cambria,serif\"><span style=\"letter-spacing:-0.5pt\"><b><span style=\"font-size:18.0pt\"><span style=\"font-family:&quot;Calibri&quot;,sans-serif\"><span style=\"font-variant:small-caps\">Sustentabilidade<\/span><\/span><\/span><\/b><\/span><\/span><\/span><\/p>\r\n\r\n<p class=\"MsoTitleCxSpLast\" style=\"text-align:justify\"><span style=\"font-size:11pt\"><span style=\"line-height:normal\"><span style=\"font-family:Calibri,sans-serif\"><a href=\"https:\/\/plasticosemrevista.com.br\/novos-investimentos-na-reciclagem-de-pet-devem-ser-anunciados-este-ano-acena-auri-marcon-da-abipet\/\" style=\"color:blue; text-decoration:underline\"><span style=\"font-size:14.0pt\">&ldquo;Novos investimentos na reciclagem de PET devem ser anunciados este ano&rdquo;, acena Auri Mar&ccedil;on, da Abipet<\/span><\/a><\/span><\/span><\/span><\/p>\r\n\r\n<p style=\"text-align:justify\"><span style=\"font-size:11pt\"><span style=\"line-height:normal\"><span style=\"font-family:Calibri,sans-serif\"><a href=\"https:\/\/www.terra.com.br\/byte\/na-europa-o-plastico-reciclado-vale-mais-do-que-o-plastico-novo-e-o-culpado-e-um-velho-conhecido-a-lei-sobre-tampas,aea2f422b10cb0899a867daf418ec2c4ydvt5gmf.html\" style=\"color:blue; text-decoration:underline\"><span style=\"font-size:14.0pt\">Na Europa, o pl&aacute;stico reciclado vale mais do que o pl&aacute;stico novo e o culpado &eacute; um velho conhecido: a lei sobre tampas<\/span><\/a><\/span><\/span><\/span><\/p>\r\n\r\n<p style=\"text-align:justify\"><span style=\"font-size:28pt\"><span style=\"font-family:Cambria,serif\"><span style=\"letter-spacing:-0.5pt\"><b><span style=\"font-size:18.0pt\"><span style=\"font-family:&quot;Calibri&quot;,sans-serif\"><span style=\"font-variant:small-caps\">Inova&ccedil;&atilde;o<\/span><\/span><\/span><\/b><\/span><\/span><\/span><\/p>\r\n\r\n<p class=\"MsoTitleCxSpLast\" style=\"text-align:justify\"><span style=\"font-size:11pt\"><span style=\"line-height:normal\"><span style=\"font-family:Calibri,sans-serif\"><a href=\"https:\/\/www.inovacaotecnologica.com.br\/noticias\/noticia.php?artigo=pele-elefante-inspira-isolante-termico-edificios&amp;id=010125250224&amp;ebol=sim\" style=\"color:blue; text-decoration:underline\"><span style=\"font-size:14.0pt\">Pele de elefante inspira isolante t&eacute;rmico para edif&iacute;cios<\/span><\/a><\/span><\/span><\/span><\/p>\r\n\r\n<p class=\"MsoTitle\" style=\"text-align:justify\"><span style=\"font-size:11pt\"><span style=\"line-height:normal\"><span style=\"font-family:Calibri,sans-serif\"><a href=\"https:\/\/agenciabrasil.ebc.com.br\/economia\/noticia\/2025-02\/governo-destina-r-3-bi-para-criacao-e-expansao-de-centros-de-inovacao\" style=\"color:blue; text-decoration:underline\"><span style=\"font-size:14.0pt\">Governo destina R$ 3 bi para cria&ccedil;&atilde;o e expans&atilde;o de centros de inova&ccedil;&atilde;o<\/span><\/a><\/span><\/span><\/span><\/p>\r\n\r\n<p class=\"MsoTitle\" style=\"text-align:justify\"><span style=\"font-size:11pt\"><span style=\"line-height:normal\"><span style=\"font-family:Calibri,sans-serif\"><a href=\"https:\/\/clickpetroleoegas.com.br\/material-inovador-de-impressao-3d-feito-com-borra-de-cafe-e-fungos-que-pode-ser-uma-alternativa-ao-plastico-e-possui-resistencia-semelhante-ao-papelao\/\" style=\"color:blue; text-decoration:underline\"><span style=\"font-size:14.0pt\">Material inovador de impress&atilde;o 3D feito com borra de caf&eacute; e fungos que pode ser uma alternativa ao pl&aacute;stico e possui resist&ecirc;ncia semelhante ao papel&atilde;o<\/span><\/a><\/span><\/span><\/span><\/p>\r\n\r\n<p class=\"MsoTitleCxSpFirst\" style=\"text-align:justify\"><span style=\"font-size:28pt\"><span style=\"font-family:Cambria,serif\"><span style=\"letter-spacing:-0.5pt\"><b><span style=\"font-size:18.0pt\"><span style=\"font-family:&quot;Calibri&quot;,sans-serif\"><span style=\"font-variant:small-caps\">Com&eacute;rcio Exterior<\/span><\/span><\/span><\/b><\/span><\/span><\/span><\/p>\r\n\r\n<p style=\"text-align:justify\"><span style=\"font-size:11pt\"><span style=\"line-height:normal\"><span style=\"font-family:Calibri,sans-serif\"><a href=\"https:\/\/apexbrasil.com.br\/br\/pt\/conteudo\/noticias\/china-bate-recorde-de-investimentos-no-brasil-e-segue-como-maior.html#msdynttrid=ecPvb57k0rk2pAysU73V4jFkVXXpb4UOC8VNQlOqeVM\" style=\"color:blue; text-decoration:underline\"><span style=\"font-size:14.0pt\">China bate recorde de investimentos no Brasil e segue como maior parceiro comercial<\/span><\/a><\/span><\/span><\/span><\/p>\r\n\r\n<p style=\"text-align:justify\"><span style=\"font-size:11pt\"><span style=\"line-height:normal\"><span style=\"font-family:Calibri,sans-serif\"><a href=\"https:\/\/www.innovationintextiles.com\/industry-talk\/onandoff-us-tariffs-cause-chaos\/\" style=\"color:blue; text-decoration:underline\"><span lang=\"EN-US\" style=\"font-size:14.0pt\">On-and-off US tariffs cause chaos<\/span><\/a><\/span><\/span><\/span><\/p>\r\n\r\n<p style=\"text-align:justify\"><span style=\"font-size:28pt\"><span style=\"font-family:Cambria,serif\"><span style=\"letter-spacing:-0.5pt\"><b><span style=\"font-size:18.0pt\"><span style=\"font-family:&quot;Calibri&quot;,sans-serif\"><span style=\"font-variant:small-caps\">Economia<\/span><\/span><\/span><\/b><\/span><\/span><\/span><\/p>\r\n\r\n<p style=\"text-align:justify\"><span style=\"font-size:11pt\"><span style=\"line-height:normal\"><span style=\"font-family:Calibri,sans-serif\"><a href=\"https:\/\/www.bcb.gov.br\/content\/focus\/focus\/R20250221.pdf\" style=\"color:blue; text-decoration:underline\"><span style=\"font-size:14.0pt\">Focus - Relat&oacute;rio de Mercado<\/span><\/a><\/span><\/span><\/span><\/p>\r\n\r\n<p style=\"text-align:justify\"><span style=\"font-size:11pt\"><span style=\"line-height:normal\"><span style=\"font-family:Calibri,sans-serif\"><a href=\"https:\/\/revistaoeste.com\/economia\/as-mais-lidas-do-mes-economia-do-brasil-esta-entrando-em-um-ciclo-perverso-diz-dono-da-mrv\/\" style=\"color:blue; text-decoration:underline\"><span style=\"font-size:14.0pt\">Economia do Brasil est&aacute; entrando em um ciclo perverso, diz dono da MRV<\/span><\/a><\/span><\/span><\/span><\/p>\r\n\r\n<p style=\"text-align:justify\"><span style=\"font-size:11pt\"><span style=\"line-height:normal\"><span style=\"font-family:Calibri,sans-serif\"><a href=\"https:\/\/blogdoibre.fgv.br\/posts\/china-o-estado-no-resgate-da-economia\" style=\"color:blue; text-decoration:underline\"><span style=\"font-size:14.0pt\">China: O Estado no resgate da economia<\/span><\/a><\/span><\/span><\/span><\/p>\r\n\r\n<p style=\"text-align:justify\"><img src=\"https:\/\/www.abint.org.br\/assets\/img\/editor\/redes-sociais-abint-ctg-cth_20250205143403kcH4SBmjCL.jpg\" \/><\/p>\r\n","texto_en":"","7":"","imagem":"COMP_capa-2025-site-boletim-abint-noticias-semanis_20250227115037z0HUHwUNti.jpg","8":"COMP_capa-2025-site-boletim-abint-noticias-semanis_20250227115037z0HUHwUNti.jpg","arquivo":"20250225-BOLETIM-ABINT-DE-NOTICIAS-SEMANAIS.PDF","9":"20250225-BOLETIM-ABINT-DE-NOTICIAS-SEMANAIS.PDF","titulo_arquivo":"20250225 Boletim ABINT de Not\u00edcias Semanais","10":"20250225 Boletim ABINT de Not\u00edcias Semanais","titulo_arquivo_en":"","11":"","created_at":"2025-02-27 11:50:50","12":"2025-02-27 11:50:50","updated_at":"2025-02-27 11:50:50","13":"2025-02-27 11:50:50"},{"id":158,"0":158,"ordem":64,"1":64,"data":"2025-02-18","2":"2025-02-18","slug":"boletim-abint-de-noticias-semanais-64","3":"boletim-abint-de-noticias-semanais-64","titulo":"Boletim ABINT de Not\u00edcias Semanais","4":"Boletim ABINT de Not\u00edcias Semanais","titulo_en":".","5":".","texto":"<p style=\"text-align:justify\"><span style=\"font-size:11pt\"><span style=\"line-height:normal\"><span style=\"font-family:Calibri,sans-serif\"><span style=\"font-size:14.0pt\">Esta &eacute; uma compila&ccedil;&atilde;o das not&iacute;cias mais relevantes para o setor, incluindo informa&ccedil;&otilde;es sobre acordos internacionais, economia brasileira, sustentabilidade e mat&eacute;rias primas, al&eacute;m de novidades do setor de N&atilde;otecidos e Tecidos T&eacute;cnicos.<\/span><\/span><\/span><\/span><\/p>\r\n\r\n<p style=\"text-align:justify\"><b><span style=\"font-size:18.0pt\"><span style=\"line-height:115%\"><span calibri=\"\" style=\"font-family:\"><span style=\"font-variant:small-caps\">O que vem por a&iacute;<\/span><\/span><\/span><\/span><\/b><\/p>\r\n\r\n<p style=\"text-align:justify\">&nbsp;<\/p>\r\n\r\n<p><img src=\"https:\/\/www.abint.org.br\/assets\/img\/editor\/logo-ctg-abint-png_202502051355479yWykO7ojh.png\" style=\"width: 300px; height: 55px;\" \/><\/p>\r\n\r\n<p>&nbsp;<\/p>\r\n\r\n<p><img src=\"https:\/\/www.abint.org.br\/assets\/img\/editor\/live-curso-br-instal-gm-2025-2_20250205135648JwdaUCOQ35.jpeg\" style=\"width: 500px; height: 500px;\" \/><\/p>\r\n\r\n<p><a href=\"https:\/\/www.youtube.com\/watch?v=zs0x4z03NUE\">Ative o sininho da LIVE<\/a><\/p>\r\n\r\n<p>&nbsp;<\/p>\r\n\r\n<p><img src=\"https:\/\/www.abint.org.br\/assets\/img\/editor\/post-curso-br-instal-gm-2025_20250205135746uUVJpTDyEg.jpg\" style=\"width: 500px; height: 500px;\" \/><\/p>\r\n\r\n<p><a href=\"https:\/\/www.eventbrite.com\/e\/curso-brasileiro-de-instalacao-de-geomembranas-paulo-kenji-acakura-2025-tickets-1111455586579?aff=oddtdtcreator\">Fa&ccedil;a sua inscri&ccedil;&atilde;o<\/a><\/p>\r\n\r\n<p>&nbsp;<\/p>\r\n\r\n<p><img src=\"https:\/\/www.abint.org.br\/assets\/img\/editor\/e-mail-post-premio-tcc-icc-2024-2025_20250205143024je0yZgOKML.png\" style=\"width: 500px; height: 500px;\" \/><\/p>\r\n\r\n<p><a href=\"https:\/\/geossinteticos.org.br\/premiotccic\">Inscreva seu trabalho<\/a><\/p>\r\n\r\n<p class=\"MsoTitle\" style=\"text-align:justify\"><span style=\"font-size:28pt\"><span style=\"font-family:Cambria,serif\"><span style=\"letter-spacing:-0.5pt\"><b><span style=\"font-size:18.0pt\"><span calibri=\"\" style=\"font-family:\"><span style=\"font-variant:small-caps\">Not&iacute;cias das Associadas<\/span><\/span><\/span><\/b><\/span><\/span><\/span><\/p>\r\n\r\n<p style=\"text-align:justify\"><span style=\"font-size:11pt\"><span style=\"line-height:normal\"><span style=\"font-family:Calibri,sans-serif\"><a href=\"https:\/\/www.textileworld.com\/textile-world\/nonwovens-technical-textiles\/2025\/02\/andritz-airlay-line-for-nonwovens-production-from-recycled-glass-wool-starts-up-at-revibat-france\/\" style=\"color:blue; text-decoration:underline\"><span lang=\"EN-US\" style=\"font-size:14.0pt\">ANDRITZ Airlay Line For Nonwovens Production From Recycled Glass Wool Starts Up At Revibat, France<\/span><\/a><\/span><\/span><\/span><\/p>\r\n\r\n<p style=\"text-align:justify\">&nbsp;<\/p>\r\n\r\n<p style=\"text-align:justify\"><span style=\"font-size:11pt\"><span style=\"line-height:normal\"><span style=\"font-family:Calibri,sans-serif\"><b><span style=\"font-size:18.0pt\"><span style=\"font-variant:small-caps\">Eventos<\/span><\/span><\/b><\/span><\/span><\/span><\/p>\r\n\r\n<p style=\"text-align:justify\">&nbsp;<\/p>\r\n\r\n<p style=\"text-align:justify\"><span style=\"font-size:11pt\"><span style=\"line-height:normal\"><span style=\"font-family:Calibri,sans-serif\"><a href=\"https:\/\/www.sympla.com.br\/evento\/happy-hour-com-tecnologia-e-agora-como-fica-o-mercado-calcadista\/2834006?utm_campaign=happy_hour_-_0225&amp;utm_medium=email&amp;utm_source=RD+Station\" style=\"color:blue; text-decoration:underline\"><b><span style=\"font-size:14.0pt\">IBTeC | E agora, como fica o mercado cal&ccedil;adista?<\/span><\/b><\/a><span style=\"font-size:14.0pt\">, 27 de fevereiro de 2025, 17h30 &agrave;s 19h30, evento online e presencial em IBTeC, Novo Hamburgo - RS<\/span><\/span><\/span><\/span><\/p>\r\n\r\n<p style=\"text-align:justify\"><span style=\"font-size:11pt\"><span style=\"line-height:normal\"><span style=\"font-family:Calibri,sans-serif\"><a href=\"https:\/\/6cbt.tuneis.org.br\/\" style=\"color:blue; text-decoration:underline\"><b><span style=\"font-size:14.0pt\">6&ordm; Congresso Brasileiro de T&uacute;neis e Estruturas Subterr&acirc;neas<\/span><\/b><\/a><span style=\"font-size:14.0pt\">, 10 a 12 de mar&ccedil;o de 2025, Centro de Conven&ccedil;&otilde;es Frei Caneca &ndash; S&atilde;o Paulo (SP)<\/span><\/span><\/span><\/span><\/p>\r\n\r\n<p style=\"text-align:justify\"><span style=\"font-size:11pt\"><span style=\"line-height:normal\"><span style=\"font-family:Calibri,sans-serif\"><a href=\"https:\/\/www.fimec.com.br\/\" style=\"color:blue; text-decoration:underline\"><b><span style=\"font-size:14.0pt\">Fimec 2025<\/span><\/b><\/a><span style=\"font-size:14.0pt\">, 18 a 20 de mar&ccedil;o, Fenac, Novo Hamburgo, RS<\/span><\/span><\/span><\/span><\/p>\r\n\r\n<p style=\"text-align:justify\"><span style=\"font-size:11pt\"><span style=\"line-height:normal\"><span style=\"font-family:Calibri,sans-serif\"><a href=\"http:\/\/www.pettalk.org.br\" style=\"color:blue; text-decoration:underline\"><b><span style=\"font-size:14.0pt\">PETTALK 2025<\/span><\/b><\/a><b><span style=\"font-size:14.0pt\">: <\/span><\/b><span style=\"font-size:14.0pt\">24 de mar&ccedil;o, em S&atilde;o Paulo. Realiza&ccedil;&atilde;o da Associa&ccedil;&atilde;o Brasileira da Ind&uacute;stria do PET (ABIPET)<\/span><\/span><\/span><\/span><\/p>\r\n\r\n<p style=\"text-align:justify\"><span style=\"font-size:11pt\"><span style=\"line-height:normal\"><span style=\"font-family:Calibri,sans-serif\"><a href=\"https:\/\/www.plasticobrasil.com.br\/pt\/home.html\" style=\"color:blue; text-decoration:underline\"><b><span style=\"font-size:14.0pt\">Feira Pl&aacute;stico Brasil<\/span><\/b><\/a><span style=\"font-size:14.0pt\">, de 24 a 28 de mar&ccedil;o de 2025, 10h &agrave;s 19h, S&atilde;o Paulo Expo, Rodovia dos Imigrantes, km 1,5<\/span><\/span><\/span><\/span><\/p>\r\n\r\n<p style=\"text-align:justify\"><span style=\"font-size:11pt\"><span style=\"line-height:normal\"><span style=\"font-family:Calibri,sans-serif\"><a href=\"https:\/\/www.automecfeira.com.br\/pt-br.html\" style=\"color:blue; text-decoration:underline\"><b><span style=\"font-size:14.0pt\">Automec 2025<\/span><\/b><\/a><span style=\"font-size:14.0pt\">, 22 a 26 de abril de 2025, S&atilde;o Paulo Expo, Rodovia dos Imigrantes, Km 1,5, &Aacute;gua Funda, S&atilde;o Paulo, SP.<\/span><\/span><\/span><\/span><\/p>\r\n\r\n<p style=\"text-align:justify\"><span style=\"font-size:11pt\"><span style=\"line-height:normal\"><span style=\"font-family:Calibri,sans-serif\"><a href=\"https:\/\/www.hospitalar.com\/pt\/home.html\" style=\"color:blue; text-decoration:underline\"><b><span style=\"font-size:14.0pt\">Hospitalar 2025<\/span><\/b><\/a><span style=\"font-size:14.0pt\">, 20 a 23 de maio, 11h00 &agrave;s 20h00, S&atilde;o Paulo Expo, Rodovia dos Imigrantes, km 1,5<\/span><\/span><\/span><\/span><\/p>\r\n\r\n<p style=\"text-align:justify\"><span style=\"font-size:11pt\"><span style=\"line-height:normal\"><span style=\"font-family:Calibri,sans-serif\"><a href=\"https:\/\/ideashow.org\/\" style=\"color:blue; text-decoration:underline\"><b><span lang=\"EN-US\" style=\"font-size:14.0pt\">IDEA25<\/span><\/b><\/a><span lang=\"EN-US\" style=\"font-size:14.0pt\">, April 29-May 1, 2025, Miami Beach Convention Center, Miami Beach, Florida<\/span><\/span><\/span><\/span><\/p>\r\n\r\n<p style=\"text-align:justify\"><span style=\"font-size:11pt\"><span style=\"line-height:normal\"><span style=\"font-family:Calibri,sans-serif\"><a href=\"https:\/\/www.conbrava.com.br\/\" style=\"color:blue; text-decoration:underline\"><b><span style=\"font-size:14.0pt\">CONBRAVA 2025<\/span><\/b><\/a><span style=\"font-size:14.0pt\">, 10 a 12 de setembro de 2025, S&atilde;o Paulo Expo, Rodovia dos Imigrantes, km 1,5<\/span><\/span><\/span><\/span><\/p>\r\n\r\n<p style=\"text-align:justify\"><span style=\"font-size:11pt\"><span style=\"line-height:normal\"><span style=\"font-family:Calibri,sans-serif\"><a href=\"https:\/\/paving.com.br\/\" style=\"color:blue; text-decoration:underline\"><b><span style=\"font-size:14.0pt\">Paving Expo 2025<\/span><\/b><\/a><span style=\"font-size:14.0pt\">, 23 a 25 de setembro de 2025, Distrito Anhembi, Rua Prof. Milton Rodrigues, s\/n, Santana, S&atilde;o Paulo, SP<\/span><\/span><\/span><\/span><\/p>\r\n\r\n<p style=\"text-align:justify\"><span style=\"font-size:11pt\"><span style=\"line-height:normal\"><span style=\"font-family:Calibri,sans-serif\"><b><span style=\"font-size:14.0pt\">17&ordm; Congresso Brasileiro de Enfermagem em Centro Cir&uacute;rgico: &ldquo;O poder de cuidar&rdquo;<\/span><\/b><span style=\"font-size:14.0pt\">, 01 a 03 de outubro de 2025, Transamerica Expo Center, S&atilde;o Paulo, SP<\/span><\/span><\/span><\/span><\/p>\r\n\r\n<p style=\"text-align:justify\"><span style=\"font-size:11pt\"><span style=\"line-height:normal\"><span style=\"font-family:Calibri,sans-serif\"><a href=\"https:\/\/hospitalmed.com.br\/feira\/\" style=\"color:blue; text-decoration:underline\"><b><span style=\"font-size:14.0pt\">HospitalMed 2025<\/span><\/b><\/a><span style=\"font-size:14.0pt\">, 22 a 24 de outubro, Pernambuco Centro de Conven&ccedil;&otilde;es, Olinda<\/span><\/span><\/span><\/span><\/p>\r\n\r\n<p style=\"text-align:justify\"><span style=\"font-size:28pt\"><span style=\"font-family:Cambria,serif\"><span style=\"letter-spacing:-0.5pt\"><b><span style=\"font-size:18.0pt\"><span calibri=\"\" style=\"font-family:\"><span style=\"font-variant:small-caps\">Setor<\/span><\/span><\/span><\/b><\/span><\/span><\/span><\/p>\r\n\r\n<p style=\"text-align:justify\"><span style=\"font-size:11pt\"><span style=\"line-height:normal\"><span style=\"font-family:Calibri,sans-serif\"><a href=\"https:\/\/plasticosemrevista.com.br\/petroquimica-e-transformacao-caminhos-cruzados\/\" style=\"color:blue; text-decoration:underline\"><span style=\"font-size:14.0pt\">Petroqu&iacute;mica e transforma&ccedil;&atilde;o: caminhos cruzados<\/span><\/a><\/span><\/span><\/span><\/p>\r\n\r\n<p style=\"text-align:justify\"><span style=\"font-size:11pt\"><span style=\"line-height:normal\"><span style=\"font-family:Calibri,sans-serif\"><a href=\"https:\/\/portogente.com.br\/noticias\/transporte-logistica\/116491-mudancas-climaticas-desafiam-a-agricultura-e-reforcam-uso-de-geomembranas\" style=\"color:blue; text-decoration:underline\"><span style=\"font-size:14.0pt\">Mudan&ccedil;as clim&aacute;ticas desafiam a agricultura e refor&ccedil;am uso de geomembranas<\/span><\/a><\/span><\/span><\/span><\/p>\r\n\r\n<p style=\"text-align:justify\"><span style=\"font-size:11pt\"><span style=\"line-height:normal\"><span style=\"font-family:Calibri,sans-serif\"><a href=\"https:\/\/grandesconstrucoes.com.br\/Noticias\/Exibir\/sao-paulo-sedia-o-6-congresso-brasileiro-de-tuneis?utm_source=akna&amp;utm_medium=email&amp;utm_campaign=Grandes-Construcoes-Informativo-949-13-02-2025\" style=\"color:blue; text-decoration:underline\"><span style=\"font-size:14.0pt\">S&atilde;o Paulo sedia o 6&ordm; Congresso Brasileiro de T&uacute;neis<\/span><\/a><\/span><\/span><\/span><\/p>\r\n\r\n<p style=\"text-align:justify\"><span style=\"font-size:11pt\"><span style=\"line-height:normal\"><span style=\"font-family:Calibri,sans-serif\"><a href=\"https:\/\/www.anahp.com.br\/noticias\/anahp-ao-vivo-reforma-tributaria-impactos-e-perspectivas-para-o-setor-de-saude\/\" style=\"color:blue; text-decoration:underline\"><span style=\"font-size:14.0pt\">Reforma Tribut&aacute;ria: impactos e perspectivas para o setor de sa&uacute;de<\/span><\/a><\/span><\/span><\/span><\/p>\r\n\r\n<p style=\"text-align:justify\"><span style=\"font-size:11pt\"><span style=\"line-height:normal\"><span style=\"font-family:Calibri,sans-serif\"><a href=\"https:\/\/www.textileworld.com\/textile-world\/nonwovens-technical-textiles\/2024\/11\/the-nonwovens-institute-enabling-materials-of-the-future\/\" style=\"color:blue; text-decoration:underline\"><span lang=\"EN-US\" style=\"font-size:14.0pt\">The Nonwovens Institute &mdash; Enabling Materials Of The Future<\/span><\/a><\/span><\/span><\/span><\/p>\r\n\r\n<p style=\"text-align:justify\"><span style=\"font-size:11pt\"><span style=\"line-height:normal\"><span style=\"font-family:Calibri,sans-serif\"><a href=\"https:\/\/www.textileworld.com\/textile-world\/nonwovens-technical-textiles\/2025\/02\/edanas-innovation-forum-2025-registration-now-open-call-for-papers-announced\/\" style=\"color:blue; text-decoration:underline\"><span lang=\"ES-AR\" style=\"font-size:14.0pt\">EDANA&rsquo;s Innovation Forum 2025: Registration Now Open &amp; Call For Papers Announced!<\/span><\/a><\/span><\/span><\/span><\/p>\r\n\r\n<p style=\"text-align:justify\"><span style=\"font-size:28pt\"><span style=\"font-family:Cambria,serif\"><span style=\"letter-spacing:-0.5pt\"><b><span style=\"font-size:18.0pt\"><span calibri=\"\" style=\"font-family:\"><span style=\"font-variant:small-caps\">Ind&uacute;stria<\/span><\/span><\/span><\/b><\/span><\/span><\/span><\/p>\r\n\r\n<p class=\"MsoTitleCxSpLast\" style=\"text-align:justify\"><span style=\"font-size:11pt\"><span style=\"line-height:normal\"><span style=\"font-family:Calibri,sans-serif\"><a href=\"https:\/\/www.correiobraziliense.com.br\/economia\/2025\/02\/7061661-tarifaco-desrespeita-a-omc-diz-presidente-da-abiquim.html\" style=\"color:blue; text-decoration:underline\"><span style=\"font-size:14.0pt\">Tarifa&ccedil;o desrespeita a OMC, diz presidente da Abiquim<\/span><\/a><\/span><\/span><\/span><\/p>\r\n\r\n<p style=\"text-align:justify\"><span style=\"font-size:11pt\"><span style=\"line-height:normal\"><span style=\"font-family:Calibri,sans-serif\"><a href=\"https:\/\/noticias.portaldaindustria.com.br\/noticias\/economia\/industria-demonstra-falta-de-confianca-pelo-segundo-mes-consecutivo-mostra-cni\/\" style=\"color:blue; text-decoration:underline\"><span style=\"font-size:14.0pt\">Ind&uacute;stria demonstra falta de confian&ccedil;a pelo segundo m&ecirc;s consecutivo, mostra CNI<\/span><\/a><\/span><\/span><\/span><\/p>\r\n\r\n<p style=\"text-align:justify\"><span style=\"font-size:11pt\"><span style=\"line-height:normal\"><span style=\"font-family:Calibri,sans-serif\"><a href=\"https:\/\/noticias.portaldaindustria.com.br\/noticias\/brasil-industria\/nova-industria-brasil-completa-um-ano-com-investimentos-de-r34-trilhoes\/\" style=\"color:blue; text-decoration:underline\"><span style=\"font-size:14.0pt\">Nova Ind&uacute;stria Brasil completa um ano com investimentos de R$ 3,4 trilh&otilde;es<\/span><\/a><\/span><\/span><\/span><\/p>\r\n\r\n<p class=\"MsoTitleCxSpFirst\" style=\"text-align:justify\"><span style=\"font-size:28pt\"><span style=\"font-family:Cambria,serif\"><span style=\"letter-spacing:-0.5pt\"><b><span lang=\"EN-US\" style=\"font-size:18.0pt\"><span calibri=\"\" style=\"font-family:\"><span style=\"font-variant:small-caps\">Sustentabilidade<\/span><\/span><\/span><\/b><\/span><\/span><\/span><\/p>\r\n\r\n<p style=\"text-align:justify\"><span style=\"font-size:11pt\"><span style=\"line-height:normal\"><span style=\"font-family:Calibri,sans-serif\"><span class=\"MsoHyperlink\" style=\"color:blue\"><span style=\"text-decoration:underline\"><span style=\"font-size:14.0pt\"><a href=\"https:\/\/www.nonwovens-industry.com\/issues\/2025-02-01\/view_features\/diaper-recycling-efforts-continue\/?utm_campaign=NON%20Issue%20Alert&amp;utm_medium=email&amp;_hsenc=p2ANqtz--fBD_T4N-vUBMV5rflokviOpfgmuMTer4xwhfAXbgEtAVMSZODLkTisa3zR0EI_DIeibQAfY94P-sK2cxazVGY1Ta8qA&amp;_hsmi=347017757&amp;utm_content=347017757&amp;utm_source=hs_email\" style=\"color:blue; text-decoration:underline\">Diaper Recycling&mdash;Efforts Continue<\/a><\/span><\/span><\/span><\/span><\/span><\/span><\/p>\r\n\r\n<p class=\"MsoTitle\" style=\"text-align:justify\"><span style=\"font-size:11pt\"><span style=\"line-height:normal\"><span style=\"font-family:Calibri,sans-serif\"><span class=\"MsoHyperlink\" style=\"color:blue\"><span style=\"text-decoration:underline\"><span style=\"font-size:14.0pt\"><a href=\"https:\/\/www.nonwovens-industry.com\/contents\/view_editorials\/2025-02-07\/diaper-recycling-is-cost-king\/?utm_campaign=NON%20Issue%20Alert&amp;utm_medium=email&amp;_hsenc=p2ANqtz-8nHDkFfUIXSACTBubCnPulngnmf1UPD3Q6fyXZfuAqhm4byKJb0heGl5LggpL9Xj4dshEJLSnIKMMVXZvlz8gBbXjInw&amp;_hsmi=347017757&amp;utm_content=347017757&amp;utm_source=hs_email\" style=\"color:blue; text-decoration:underline\">Diaper Recycling&mdash;Is Cost King?<\/a><\/span><\/span><\/span><\/span><\/span><\/span><\/p>\r\n\r\n<p class=\"MsoTitle\" style=\"text-align:justify\"><span style=\"font-size:11pt\"><span style=\"line-height:normal\"><span style=\"font-family:Calibri,sans-serif\"><span class=\"MsoHyperlink\" style=\"color:blue\"><span style=\"text-decoration:underline\"><span style=\"font-size:14.0pt\"><a href=\"https:\/\/noticias.portaldaindustria.com.br\/noticias\/sustentabilidade\/cni-participa-da-inauguracao-de-forum-que-vai-definir-os-rumos-da-economia-circular-no-brasil\/\" style=\"color:blue; text-decoration:underline\">CNI participa da inaugura&ccedil;&atilde;o de f&oacute;rum que vai definir os rumos da economia circular no Brasil<\/a><\/span><\/span><\/span><\/span><\/span><\/span><\/p>\r\n\r\n<p class=\"MsoTitleCxSpLast\"><span style=\"font-size:28pt\"><span style=\"font-family:Cambria,serif\"><span style=\"letter-spacing:-0.5pt\"><b><span style=\"font-size:18.0pt\"><span calibri=\"\" style=\"font-family:\"><span style=\"font-variant:small-caps\">Inova&ccedil;&atilde;o<\/span><\/span><\/span><\/b><\/span><\/span><\/span><\/p>\r\n\r\n<p class=\"MsoTitle\" style=\"text-align:justify\"><span style=\"font-size:11pt\"><span style=\"line-height:normal\"><span style=\"font-family:Calibri,sans-serif\"><span class=\"MsoHyperlink\" style=\"color:blue\"><span style=\"text-decoration:underline\"><span style=\"font-size:14.0pt\"><a href=\"https:\/\/www.fibre2fashion.com\/news\/technical-textiles\/germany-s-ditf-heraeus-create-antimicrobial-medical-textiles-300706-newsdetails.htm\" style=\"color:blue; text-decoration:underline\">DITF y Heraeus crean textiles m&eacute;dicos antimicrobianos<\/a><\/span><\/span><\/span><\/span><\/span><\/span><\/p>\r\n\r\n<p class=\"MsoTitle\" style=\"text-align:justify\"><span style=\"font-size:11pt\"><span style=\"line-height:normal\"><span style=\"font-family:Calibri,sans-serif\"><span class=\"MsoHyperlink\" style=\"color:blue\"><span style=\"text-decoration:underline\"><span style=\"font-size:14.0pt\"><a href=\"https:\/\/www.nonwovens-industry.com\/issues\/2025-02-01\/view_features\/personal-care-wipes-innovation-continues-690778\/?utm_campaign=NON%20Issue%20Alert&amp;utm_medium=email&amp;_hsenc=p2ANqtz-94MGdEQjEJJO_X2aNgRThozTWZbMt-sbmvumzUh8KqezipWC_BzMvkQ1tmhceHMyUylPjQ_FzPpJfYF8O1bTdtT9gDjg&amp;_hsmi=347017757&amp;utm_content=347017757&amp;utm_source=hs_email\" style=\"color:blue; text-decoration:underline\">Personal Care Wipes: Innovation Continues<\/a><\/span><\/span><\/span><\/span><\/span><\/span><\/p>\r\n\r\n<p class=\"MsoTitle\" style=\"text-align:justify\"><span style=\"font-size:28pt\"><span style=\"font-family:Cambria,serif\"><span style=\"letter-spacing:-0.5pt\"><b><span style=\"font-size:18.0pt\"><span calibri=\"\" style=\"font-family:\"><span style=\"font-variant:small-caps\">Com&eacute;rcio Exterior<\/span><\/span><\/span><\/b><\/span><\/span><\/span><\/p>\r\n\r\n<p style=\"text-align:justify\"><span style=\"font-size:11pt\"><span style=\"line-height:normal\"><span style=\"font-family:Calibri,sans-serif\"><a href=\"https:\/\/portalibre.fgv.br\/system\/files\/divulgacao\/noticias\/mat-complementar\/2025-02\/ICOMEX_FGV_Press%20release_Fevereiro2025.pdf\" style=\"color:blue; text-decoration:underline\"><span style=\"font-size:14.0pt\">A Balan&ccedil;a comercial de janeiro de 2025 e o risco Trump<\/span><\/a><\/span><\/span><\/span><\/p>\r\n\r\n<p style=\"text-align:justify\"><span style=\"font-size:11pt\"><span style=\"line-height:normal\"><span style=\"font-family:Calibri,sans-serif\"><a href=\"https:\/\/plasticosemrevista.com.br\/portos-beneficiados-refletem-alta-das-importacoes-de-polimeros\/\" style=\"color:blue; text-decoration:underline\"><span style=\"font-size:14.0pt\">Portos beneficiados refletem alta das importa&ccedil;&otilde;es de pol&iacute;meros<\/span><\/a><\/span><\/span><\/span><\/p>\r\n\r\n<p style=\"text-align:justify\"><span style=\"font-size:28pt\"><span style=\"font-family:Cambria,serif\"><span style=\"letter-spacing:-0.5pt\"><b><span style=\"font-size:18.0pt\"><span calibri=\"\" style=\"font-family:\"><span style=\"font-variant:small-caps\">Economia<\/span><\/span><\/span><\/b><\/span><\/span><\/span><\/p>\r\n\r\n<p style=\"text-align:justify\"><span style=\"font-size:11pt\"><span style=\"line-height:normal\"><span style=\"font-family:Calibri,sans-serif\"><a href=\"https:\/\/www.bcb.gov.br\/content\/focus\/focus\/R20250214.pdf\" style=\"color:blue; text-decoration:underline\"><span style=\"font-size:14.0pt\">Focus - Relat&oacute;rio de Mercado<\/span><\/a><\/span><\/span><\/span><\/p>\r\n\r\n<p style=\"text-align:justify\"><span style=\"font-size:11pt\"><span style=\"line-height:normal\"><span style=\"font-family:Calibri,sans-serif\"><a href=\"https:\/\/portalibre.fgv.br\/system\/files\/divulgacao\/noticias\/mat-complementar\/2025-02\/pib_fgv.pdf\" style=\"color:blue; text-decoration:underline\"><span style=\"font-size:14.0pt\">Economia cresce 3,5% em 2024, segundo o Monitor do PIB-FGV<\/span><\/a><\/span><\/span><\/span><\/p>\r\n\r\n<p style=\"text-align:justify\"><span style=\"font-size:11pt\"><span style=\"line-height:normal\"><span style=\"font-family:Calibri,sans-serif\"><a href=\"https:\/\/portalibre.fgv.br\/system\/files\/2025-02\/sondagem-da-america-latina_fgv_press-release_4otri2024_1.pdf\" style=\"color:blue; text-decoration:underline\"><span style=\"font-size:14.0pt\">Clima Econ&ocirc;mico da Am&eacute;rica Latina registrou uma trajet&oacute;ria cont&iacute;nua de piora ao longo de 2024<\/span><\/a><\/span><\/span><\/span><\/p>\r\n\r\n<p style=\"text-align:justify\"><span style=\"font-size:11pt\"><span style=\"line-height:normal\"><span style=\"font-family:Calibri,sans-serif\"><a href=\"https:\/\/mercadoeconsumo.com.br\/17\/02\/2025\/noticias-varejo\/entenda-os-impactos-das-mudancas-nas-regras-do-icms-para-o-varejo-em-sao-paulo\/?utm_campaign=news_geral_-_1702&amp;utm_medium=email&amp;utm_source=RD+Station\" style=\"color:blue; text-decoration:underline\"><span style=\"font-size:14.0pt\">Entenda os impactos das mudan&ccedil;as nas regras do ICMS para o varejo em S&atilde;o Paulo<\/span><\/a><\/span><\/span><\/span><\/p>\r\n\r\n<p style=\"text-align:justify\"><img src=\"https:\/\/www.abint.org.br\/assets\/img\/editor\/redes-sociais-abint-ctg-cth_20250205143403kcH4SBmjCL.jpg\" \/><\/p>\r\n","6":"<p style=\"text-align:justify\"><span style=\"font-size:11pt\"><span style=\"line-height:normal\"><span style=\"font-family:Calibri,sans-serif\"><span style=\"font-size:14.0pt\">Esta &eacute; uma compila&ccedil;&atilde;o das not&iacute;cias mais relevantes para o setor, incluindo informa&ccedil;&otilde;es sobre acordos internacionais, economia brasileira, sustentabilidade e mat&eacute;rias primas, al&eacute;m de novidades do setor de N&atilde;otecidos e Tecidos T&eacute;cnicos.<\/span><\/span><\/span><\/span><\/p>\r\n\r\n<p style=\"text-align:justify\"><b><span style=\"font-size:18.0pt\"><span style=\"line-height:115%\"><span calibri=\"\" style=\"font-family:\"><span style=\"font-variant:small-caps\">O que vem por a&iacute;<\/span><\/span><\/span><\/span><\/b><\/p>\r\n\r\n<p style=\"text-align:justify\">&nbsp;<\/p>\r\n\r\n<p><img src=\"https:\/\/www.abint.org.br\/assets\/img\/editor\/logo-ctg-abint-png_202502051355479yWykO7ojh.png\" style=\"width: 300px; height: 55px;\" \/><\/p>\r\n\r\n<p>&nbsp;<\/p>\r\n\r\n<p><img src=\"https:\/\/www.abint.org.br\/assets\/img\/editor\/live-curso-br-instal-gm-2025-2_20250205135648JwdaUCOQ35.jpeg\" style=\"width: 500px; height: 500px;\" \/><\/p>\r\n\r\n<p><a href=\"https:\/\/www.youtube.com\/watch?v=zs0x4z03NUE\">Ative o sininho da LIVE<\/a><\/p>\r\n\r\n<p>&nbsp;<\/p>\r\n\r\n<p><img src=\"https:\/\/www.abint.org.br\/assets\/img\/editor\/post-curso-br-instal-gm-2025_20250205135746uUVJpTDyEg.jpg\" style=\"width: 500px; height: 500px;\" \/><\/p>\r\n\r\n<p><a href=\"https:\/\/www.eventbrite.com\/e\/curso-brasileiro-de-instalacao-de-geomembranas-paulo-kenji-acakura-2025-tickets-1111455586579?aff=oddtdtcreator\">Fa&ccedil;a sua inscri&ccedil;&atilde;o<\/a><\/p>\r\n\r\n<p>&nbsp;<\/p>\r\n\r\n<p><img src=\"https:\/\/www.abint.org.br\/assets\/img\/editor\/e-mail-post-premio-tcc-icc-2024-2025_20250205143024je0yZgOKML.png\" style=\"width: 500px; height: 500px;\" \/><\/p>\r\n\r\n<p><a href=\"https:\/\/geossinteticos.org.br\/premiotccic\">Inscreva seu trabalho<\/a><\/p>\r\n\r\n<p class=\"MsoTitle\" style=\"text-align:justify\"><span style=\"font-size:28pt\"><span style=\"font-family:Cambria,serif\"><span style=\"letter-spacing:-0.5pt\"><b><span style=\"font-size:18.0pt\"><span calibri=\"\" style=\"font-family:\"><span style=\"font-variant:small-caps\">Not&iacute;cias das Associadas<\/span><\/span><\/span><\/b><\/span><\/span><\/span><\/p>\r\n\r\n<p style=\"text-align:justify\"><span style=\"font-size:11pt\"><span style=\"line-height:normal\"><span style=\"font-family:Calibri,sans-serif\"><a href=\"https:\/\/www.textileworld.com\/textile-world\/nonwovens-technical-textiles\/2025\/02\/andritz-airlay-line-for-nonwovens-production-from-recycled-glass-wool-starts-up-at-revibat-france\/\" style=\"color:blue; text-decoration:underline\"><span lang=\"EN-US\" style=\"font-size:14.0pt\">ANDRITZ Airlay Line For Nonwovens Production From Recycled Glass Wool Starts Up At Revibat, France<\/span><\/a><\/span><\/span><\/span><\/p>\r\n\r\n<p style=\"text-align:justify\">&nbsp;<\/p>\r\n\r\n<p style=\"text-align:justify\"><span style=\"font-size:11pt\"><span style=\"line-height:normal\"><span style=\"font-family:Calibri,sans-serif\"><b><span style=\"font-size:18.0pt\"><span style=\"font-variant:small-caps\">Eventos<\/span><\/span><\/b><\/span><\/span><\/span><\/p>\r\n\r\n<p style=\"text-align:justify\">&nbsp;<\/p>\r\n\r\n<p style=\"text-align:justify\"><span style=\"font-size:11pt\"><span style=\"line-height:normal\"><span style=\"font-family:Calibri,sans-serif\"><a href=\"https:\/\/www.sympla.com.br\/evento\/happy-hour-com-tecnologia-e-agora-como-fica-o-mercado-calcadista\/2834006?utm_campaign=happy_hour_-_0225&amp;utm_medium=email&amp;utm_source=RD+Station\" style=\"color:blue; text-decoration:underline\"><b><span style=\"font-size:14.0pt\">IBTeC | E agora, como fica o mercado cal&ccedil;adista?<\/span><\/b><\/a><span style=\"font-size:14.0pt\">, 27 de fevereiro de 2025, 17h30 &agrave;s 19h30, evento online e presencial em IBTeC, Novo Hamburgo - RS<\/span><\/span><\/span><\/span><\/p>\r\n\r\n<p style=\"text-align:justify\"><span style=\"font-size:11pt\"><span style=\"line-height:normal\"><span style=\"font-family:Calibri,sans-serif\"><a href=\"https:\/\/6cbt.tuneis.org.br\/\" style=\"color:blue; text-decoration:underline\"><b><span style=\"font-size:14.0pt\">6&ordm; Congresso Brasileiro de T&uacute;neis e Estruturas Subterr&acirc;neas<\/span><\/b><\/a><span style=\"font-size:14.0pt\">, 10 a 12 de mar&ccedil;o de 2025, Centro de Conven&ccedil;&otilde;es Frei Caneca &ndash; S&atilde;o Paulo (SP)<\/span><\/span><\/span><\/span><\/p>\r\n\r\n<p style=\"text-align:justify\"><span style=\"font-size:11pt\"><span style=\"line-height:normal\"><span style=\"font-family:Calibri,sans-serif\"><a href=\"https:\/\/www.fimec.com.br\/\" style=\"color:blue; text-decoration:underline\"><b><span style=\"font-size:14.0pt\">Fimec 2025<\/span><\/b><\/a><span style=\"font-size:14.0pt\">, 18 a 20 de mar&ccedil;o, Fenac, Novo Hamburgo, RS<\/span><\/span><\/span><\/span><\/p>\r\n\r\n<p style=\"text-align:justify\"><span style=\"font-size:11pt\"><span style=\"line-height:normal\"><span style=\"font-family:Calibri,sans-serif\"><a href=\"http:\/\/www.pettalk.org.br\" style=\"color:blue; text-decoration:underline\"><b><span style=\"font-size:14.0pt\">PETTALK 2025<\/span><\/b><\/a><b><span style=\"font-size:14.0pt\">: <\/span><\/b><span style=\"font-size:14.0pt\">24 de mar&ccedil;o, em S&atilde;o Paulo. Realiza&ccedil;&atilde;o da Associa&ccedil;&atilde;o Brasileira da Ind&uacute;stria do PET (ABIPET)<\/span><\/span><\/span><\/span><\/p>\r\n\r\n<p style=\"text-align:justify\"><span style=\"font-size:11pt\"><span style=\"line-height:normal\"><span style=\"font-family:Calibri,sans-serif\"><a href=\"https:\/\/www.plasticobrasil.com.br\/pt\/home.html\" style=\"color:blue; text-decoration:underline\"><b><span style=\"font-size:14.0pt\">Feira Pl&aacute;stico Brasil<\/span><\/b><\/a><span style=\"font-size:14.0pt\">, de 24 a 28 de mar&ccedil;o de 2025, 10h &agrave;s 19h, S&atilde;o Paulo Expo, Rodovia dos Imigrantes, km 1,5<\/span><\/span><\/span><\/span><\/p>\r\n\r\n<p style=\"text-align:justify\"><span style=\"font-size:11pt\"><span style=\"line-height:normal\"><span style=\"font-family:Calibri,sans-serif\"><a href=\"https:\/\/www.automecfeira.com.br\/pt-br.html\" style=\"color:blue; text-decoration:underline\"><b><span style=\"font-size:14.0pt\">Automec 2025<\/span><\/b><\/a><span style=\"font-size:14.0pt\">, 22 a 26 de abril de 2025, S&atilde;o Paulo Expo, Rodovia dos Imigrantes, Km 1,5, &Aacute;gua Funda, S&atilde;o Paulo, SP.<\/span><\/span><\/span><\/span><\/p>\r\n\r\n<p style=\"text-align:justify\"><span style=\"font-size:11pt\"><span style=\"line-height:normal\"><span style=\"font-family:Calibri,sans-serif\"><a href=\"https:\/\/www.hospitalar.com\/pt\/home.html\" style=\"color:blue; text-decoration:underline\"><b><span style=\"font-size:14.0pt\">Hospitalar 2025<\/span><\/b><\/a><span style=\"font-size:14.0pt\">, 20 a 23 de maio, 11h00 &agrave;s 20h00, S&atilde;o Paulo Expo, Rodovia dos Imigrantes, km 1,5<\/span><\/span><\/span><\/span><\/p>\r\n\r\n<p style=\"text-align:justify\"><span style=\"font-size:11pt\"><span style=\"line-height:normal\"><span style=\"font-family:Calibri,sans-serif\"><a href=\"https:\/\/ideashow.org\/\" style=\"color:blue; text-decoration:underline\"><b><span lang=\"EN-US\" style=\"font-size:14.0pt\">IDEA25<\/span><\/b><\/a><span lang=\"EN-US\" style=\"font-size:14.0pt\">, April 29-May 1, 2025, Miami Beach Convention Center, Miami Beach, Florida<\/span><\/span><\/span><\/span><\/p>\r\n\r\n<p style=\"text-align:justify\"><span style=\"font-size:11pt\"><span style=\"line-height:normal\"><span style=\"font-family:Calibri,sans-serif\"><a href=\"https:\/\/www.conbrava.com.br\/\" style=\"color:blue; text-decoration:underline\"><b><span style=\"font-size:14.0pt\">CONBRAVA 2025<\/span><\/b><\/a><span style=\"font-size:14.0pt\">, 10 a 12 de setembro de 2025, S&atilde;o Paulo Expo, Rodovia dos Imigrantes, km 1,5<\/span><\/span><\/span><\/span><\/p>\r\n\r\n<p style=\"text-align:justify\"><span style=\"font-size:11pt\"><span style=\"line-height:normal\"><span style=\"font-family:Calibri,sans-serif\"><a href=\"https:\/\/paving.com.br\/\" style=\"color:blue; text-decoration:underline\"><b><span style=\"font-size:14.0pt\">Paving Expo 2025<\/span><\/b><\/a><span style=\"font-size:14.0pt\">, 23 a 25 de setembro de 2025, Distrito Anhembi, Rua Prof. Milton Rodrigues, s\/n, Santana, S&atilde;o Paulo, SP<\/span><\/span><\/span><\/span><\/p>\r\n\r\n<p style=\"text-align:justify\"><span style=\"font-size:11pt\"><span style=\"line-height:normal\"><span style=\"font-family:Calibri,sans-serif\"><b><span style=\"font-size:14.0pt\">17&ordm; Congresso Brasileiro de Enfermagem em Centro Cir&uacute;rgico: &ldquo;O poder de cuidar&rdquo;<\/span><\/b><span style=\"font-size:14.0pt\">, 01 a 03 de outubro de 2025, Transamerica Expo Center, S&atilde;o Paulo, SP<\/span><\/span><\/span><\/span><\/p>\r\n\r\n<p style=\"text-align:justify\"><span style=\"font-size:11pt\"><span style=\"line-height:normal\"><span style=\"font-family:Calibri,sans-serif\"><a href=\"https:\/\/hospitalmed.com.br\/feira\/\" style=\"color:blue; text-decoration:underline\"><b><span style=\"font-size:14.0pt\">HospitalMed 2025<\/span><\/b><\/a><span style=\"font-size:14.0pt\">, 22 a 24 de outubro, Pernambuco Centro de Conven&ccedil;&otilde;es, Olinda<\/span><\/span><\/span><\/span><\/p>\r\n\r\n<p style=\"text-align:justify\"><span style=\"font-size:28pt\"><span style=\"font-family:Cambria,serif\"><span style=\"letter-spacing:-0.5pt\"><b><span style=\"font-size:18.0pt\"><span calibri=\"\" style=\"font-family:\"><span style=\"font-variant:small-caps\">Setor<\/span><\/span><\/span><\/b><\/span><\/span><\/span><\/p>\r\n\r\n<p style=\"text-align:justify\"><span style=\"font-size:11pt\"><span style=\"line-height:normal\"><span style=\"font-family:Calibri,sans-serif\"><a href=\"https:\/\/plasticosemrevista.com.br\/petroquimica-e-transformacao-caminhos-cruzados\/\" style=\"color:blue; text-decoration:underline\"><span style=\"font-size:14.0pt\">Petroqu&iacute;mica e transforma&ccedil;&atilde;o: caminhos cruzados<\/span><\/a><\/span><\/span><\/span><\/p>\r\n\r\n<p style=\"text-align:justify\"><span style=\"font-size:11pt\"><span style=\"line-height:normal\"><span style=\"font-family:Calibri,sans-serif\"><a href=\"https:\/\/portogente.com.br\/noticias\/transporte-logistica\/116491-mudancas-climaticas-desafiam-a-agricultura-e-reforcam-uso-de-geomembranas\" style=\"color:blue; text-decoration:underline\"><span style=\"font-size:14.0pt\">Mudan&ccedil;as clim&aacute;ticas desafiam a agricultura e refor&ccedil;am uso de geomembranas<\/span><\/a><\/span><\/span><\/span><\/p>\r\n\r\n<p style=\"text-align:justify\"><span style=\"font-size:11pt\"><span style=\"line-height:normal\"><span style=\"font-family:Calibri,sans-serif\"><a href=\"https:\/\/grandesconstrucoes.com.br\/Noticias\/Exibir\/sao-paulo-sedia-o-6-congresso-brasileiro-de-tuneis?utm_source=akna&amp;utm_medium=email&amp;utm_campaign=Grandes-Construcoes-Informativo-949-13-02-2025\" style=\"color:blue; text-decoration:underline\"><span style=\"font-size:14.0pt\">S&atilde;o Paulo sedia o 6&ordm; Congresso Brasileiro de T&uacute;neis<\/span><\/a><\/span><\/span><\/span><\/p>\r\n\r\n<p style=\"text-align:justify\"><span style=\"font-size:11pt\"><span style=\"line-height:normal\"><span style=\"font-family:Calibri,sans-serif\"><a href=\"https:\/\/www.anahp.com.br\/noticias\/anahp-ao-vivo-reforma-tributaria-impactos-e-perspectivas-para-o-setor-de-saude\/\" style=\"color:blue; text-decoration:underline\"><span style=\"font-size:14.0pt\">Reforma Tribut&aacute;ria: impactos e perspectivas para o setor de sa&uacute;de<\/span><\/a><\/span><\/span><\/span><\/p>\r\n\r\n<p style=\"text-align:justify\"><span style=\"font-size:11pt\"><span style=\"line-height:normal\"><span style=\"font-family:Calibri,sans-serif\"><a href=\"https:\/\/www.textileworld.com\/textile-world\/nonwovens-technical-textiles\/2024\/11\/the-nonwovens-institute-enabling-materials-of-the-future\/\" style=\"color:blue; text-decoration:underline\"><span lang=\"EN-US\" style=\"font-size:14.0pt\">The Nonwovens Institute &mdash; Enabling Materials Of The Future<\/span><\/a><\/span><\/span><\/span><\/p>\r\n\r\n<p style=\"text-align:justify\"><span style=\"font-size:11pt\"><span style=\"line-height:normal\"><span style=\"font-family:Calibri,sans-serif\"><a href=\"https:\/\/www.textileworld.com\/textile-world\/nonwovens-technical-textiles\/2025\/02\/edanas-innovation-forum-2025-registration-now-open-call-for-papers-announced\/\" style=\"color:blue; text-decoration:underline\"><span lang=\"ES-AR\" style=\"font-size:14.0pt\">EDANA&rsquo;s Innovation Forum 2025: Registration Now Open &amp; Call For Papers Announced!<\/span><\/a><\/span><\/span><\/span><\/p>\r\n\r\n<p style=\"text-align:justify\"><span style=\"font-size:28pt\"><span style=\"font-family:Cambria,serif\"><span style=\"letter-spacing:-0.5pt\"><b><span style=\"font-size:18.0pt\"><span calibri=\"\" style=\"font-family:\"><span style=\"font-variant:small-caps\">Ind&uacute;stria<\/span><\/span><\/span><\/b><\/span><\/span><\/span><\/p>\r\n\r\n<p class=\"MsoTitleCxSpLast\" style=\"text-align:justify\"><span style=\"font-size:11pt\"><span style=\"line-height:normal\"><span style=\"font-family:Calibri,sans-serif\"><a href=\"https:\/\/www.correiobraziliense.com.br\/economia\/2025\/02\/7061661-tarifaco-desrespeita-a-omc-diz-presidente-da-abiquim.html\" style=\"color:blue; text-decoration:underline\"><span style=\"font-size:14.0pt\">Tarifa&ccedil;o desrespeita a OMC, diz presidente da Abiquim<\/span><\/a><\/span><\/span><\/span><\/p>\r\n\r\n<p style=\"text-align:justify\"><span style=\"font-size:11pt\"><span style=\"line-height:normal\"><span style=\"font-family:Calibri,sans-serif\"><a href=\"https:\/\/noticias.portaldaindustria.com.br\/noticias\/economia\/industria-demonstra-falta-de-confianca-pelo-segundo-mes-consecutivo-mostra-cni\/\" style=\"color:blue; text-decoration:underline\"><span style=\"font-size:14.0pt\">Ind&uacute;stria demonstra falta de confian&ccedil;a pelo segundo m&ecirc;s consecutivo, mostra CNI<\/span><\/a><\/span><\/span><\/span><\/p>\r\n\r\n<p style=\"text-align:justify\"><span style=\"font-size:11pt\"><span style=\"line-height:normal\"><span style=\"font-family:Calibri,sans-serif\"><a href=\"https:\/\/noticias.portaldaindustria.com.br\/noticias\/brasil-industria\/nova-industria-brasil-completa-um-ano-com-investimentos-de-r34-trilhoes\/\" style=\"color:blue; text-decoration:underline\"><span style=\"font-size:14.0pt\">Nova Ind&uacute;stria Brasil completa um ano com investimentos de R$ 3,4 trilh&otilde;es<\/span><\/a><\/span><\/span><\/span><\/p>\r\n\r\n<p class=\"MsoTitleCxSpFirst\" style=\"text-align:justify\"><span style=\"font-size:28pt\"><span style=\"font-family:Cambria,serif\"><span style=\"letter-spacing:-0.5pt\"><b><span lang=\"EN-US\" style=\"font-size:18.0pt\"><span calibri=\"\" style=\"font-family:\"><span style=\"font-variant:small-caps\">Sustentabilidade<\/span><\/span><\/span><\/b><\/span><\/span><\/span><\/p>\r\n\r\n<p style=\"text-align:justify\"><span style=\"font-size:11pt\"><span style=\"line-height:normal\"><span style=\"font-family:Calibri,sans-serif\"><span class=\"MsoHyperlink\" style=\"color:blue\"><span style=\"text-decoration:underline\"><span style=\"font-size:14.0pt\"><a href=\"https:\/\/www.nonwovens-industry.com\/issues\/2025-02-01\/view_features\/diaper-recycling-efforts-continue\/?utm_campaign=NON%20Issue%20Alert&amp;utm_medium=email&amp;_hsenc=p2ANqtz--fBD_T4N-vUBMV5rflokviOpfgmuMTer4xwhfAXbgEtAVMSZODLkTisa3zR0EI_DIeibQAfY94P-sK2cxazVGY1Ta8qA&amp;_hsmi=347017757&amp;utm_content=347017757&amp;utm_source=hs_email\" style=\"color:blue; text-decoration:underline\">Diaper Recycling&mdash;Efforts Continue<\/a><\/span><\/span><\/span><\/span><\/span><\/span><\/p>\r\n\r\n<p class=\"MsoTitle\" style=\"text-align:justify\"><span style=\"font-size:11pt\"><span style=\"line-height:normal\"><span style=\"font-family:Calibri,sans-serif\"><span class=\"MsoHyperlink\" style=\"color:blue\"><span style=\"text-decoration:underline\"><span style=\"font-size:14.0pt\"><a href=\"https:\/\/www.nonwovens-industry.com\/contents\/view_editorials\/2025-02-07\/diaper-recycling-is-cost-king\/?utm_campaign=NON%20Issue%20Alert&amp;utm_medium=email&amp;_hsenc=p2ANqtz-8nHDkFfUIXSACTBubCnPulngnmf1UPD3Q6fyXZfuAqhm4byKJb0heGl5LggpL9Xj4dshEJLSnIKMMVXZvlz8gBbXjInw&amp;_hsmi=347017757&amp;utm_content=347017757&amp;utm_source=hs_email\" style=\"color:blue; text-decoration:underline\">Diaper Recycling&mdash;Is Cost King?<\/a><\/span><\/span><\/span><\/span><\/span><\/span><\/p>\r\n\r\n<p class=\"MsoTitle\" style=\"text-align:justify\"><span style=\"font-size:11pt\"><span style=\"line-height:normal\"><span style=\"font-family:Calibri,sans-serif\"><span class=\"MsoHyperlink\" style=\"color:blue\"><span style=\"text-decoration:underline\"><span style=\"font-size:14.0pt\"><a href=\"https:\/\/noticias.portaldaindustria.com.br\/noticias\/sustentabilidade\/cni-participa-da-inauguracao-de-forum-que-vai-definir-os-rumos-da-economia-circular-no-brasil\/\" style=\"color:blue; text-decoration:underline\">CNI participa da inaugura&ccedil;&atilde;o de f&oacute;rum que vai definir os rumos da economia circular no Brasil<\/a><\/span><\/span><\/span><\/span><\/span><\/span><\/p>\r\n\r\n<p class=\"MsoTitleCxSpLast\"><span style=\"font-size:28pt\"><span style=\"font-family:Cambria,serif\"><span style=\"letter-spacing:-0.5pt\"><b><span style=\"font-size:18.0pt\"><span calibri=\"\" style=\"font-family:\"><span style=\"font-variant:small-caps\">Inova&ccedil;&atilde;o<\/span><\/span><\/span><\/b><\/span><\/span><\/span><\/p>\r\n\r\n<p class=\"MsoTitle\" style=\"text-align:justify\"><span style=\"font-size:11pt\"><span style=\"line-height:normal\"><span style=\"font-family:Calibri,sans-serif\"><span class=\"MsoHyperlink\" style=\"color:blue\"><span style=\"text-decoration:underline\"><span style=\"font-size:14.0pt\"><a href=\"https:\/\/www.fibre2fashion.com\/news\/technical-textiles\/germany-s-ditf-heraeus-create-antimicrobial-medical-textiles-300706-newsdetails.htm\" style=\"color:blue; text-decoration:underline\">DITF y Heraeus crean textiles m&eacute;dicos antimicrobianos<\/a><\/span><\/span><\/span><\/span><\/span><\/span><\/p>\r\n\r\n<p class=\"MsoTitle\" style=\"text-align:justify\"><span style=\"font-size:11pt\"><span style=\"line-height:normal\"><span style=\"font-family:Calibri,sans-serif\"><span class=\"MsoHyperlink\" style=\"color:blue\"><span style=\"text-decoration:underline\"><span style=\"font-size:14.0pt\"><a href=\"https:\/\/www.nonwovens-industry.com\/issues\/2025-02-01\/view_features\/personal-care-wipes-innovation-continues-690778\/?utm_campaign=NON%20Issue%20Alert&amp;utm_medium=email&amp;_hsenc=p2ANqtz-94MGdEQjEJJO_X2aNgRThozTWZbMt-sbmvumzUh8KqezipWC_BzMvkQ1tmhceHMyUylPjQ_FzPpJfYF8O1bTdtT9gDjg&amp;_hsmi=347017757&amp;utm_content=347017757&amp;utm_source=hs_email\" style=\"color:blue; text-decoration:underline\">Personal Care Wipes: Innovation Continues<\/a><\/span><\/span><\/span><\/span><\/span><\/span><\/p>\r\n\r\n<p class=\"MsoTitle\" style=\"text-align:justify\"><span style=\"font-size:28pt\"><span style=\"font-family:Cambria,serif\"><span style=\"letter-spacing:-0.5pt\"><b><span style=\"font-size:18.0pt\"><span calibri=\"\" style=\"font-family:\"><span style=\"font-variant:small-caps\">Com&eacute;rcio Exterior<\/span><\/span><\/span><\/b><\/span><\/span><\/span><\/p>\r\n\r\n<p style=\"text-align:justify\"><span style=\"font-size:11pt\"><span style=\"line-height:normal\"><span style=\"font-family:Calibri,sans-serif\"><a href=\"https:\/\/portalibre.fgv.br\/system\/files\/divulgacao\/noticias\/mat-complementar\/2025-02\/ICOMEX_FGV_Press%20release_Fevereiro2025.pdf\" style=\"color:blue; text-decoration:underline\"><span style=\"font-size:14.0pt\">A Balan&ccedil;a comercial de janeiro de 2025 e o risco Trump<\/span><\/a><\/span><\/span><\/span><\/p>\r\n\r\n<p style=\"text-align:justify\"><span style=\"font-size:11pt\"><span style=\"line-height:normal\"><span style=\"font-family:Calibri,sans-serif\"><a href=\"https:\/\/plasticosemrevista.com.br\/portos-beneficiados-refletem-alta-das-importacoes-de-polimeros\/\" style=\"color:blue; text-decoration:underline\"><span style=\"font-size:14.0pt\">Portos beneficiados refletem alta das importa&ccedil;&otilde;es de pol&iacute;meros<\/span><\/a><\/span><\/span><\/span><\/p>\r\n\r\n<p style=\"text-align:justify\"><span style=\"font-size:28pt\"><span style=\"font-family:Cambria,serif\"><span style=\"letter-spacing:-0.5pt\"><b><span style=\"font-size:18.0pt\"><span calibri=\"\" style=\"font-family:\"><span style=\"font-variant:small-caps\">Economia<\/span><\/span><\/span><\/b><\/span><\/span><\/span><\/p>\r\n\r\n<p style=\"text-align:justify\"><span style=\"font-size:11pt\"><span style=\"line-height:normal\"><span style=\"font-family:Calibri,sans-serif\"><a href=\"https:\/\/www.bcb.gov.br\/content\/focus\/focus\/R20250214.pdf\" style=\"color:blue; text-decoration:underline\"><span style=\"font-size:14.0pt\">Focus - Relat&oacute;rio de Mercado<\/span><\/a><\/span><\/span><\/span><\/p>\r\n\r\n<p style=\"text-align:justify\"><span style=\"font-size:11pt\"><span style=\"line-height:normal\"><span style=\"font-family:Calibri,sans-serif\"><a href=\"https:\/\/portalibre.fgv.br\/system\/files\/divulgacao\/noticias\/mat-complementar\/2025-02\/pib_fgv.pdf\" style=\"color:blue; text-decoration:underline\"><span style=\"font-size:14.0pt\">Economia cresce 3,5% em 2024, segundo o Monitor do PIB-FGV<\/span><\/a><\/span><\/span><\/span><\/p>\r\n\r\n<p style=\"text-align:justify\"><span style=\"font-size:11pt\"><span style=\"line-height:normal\"><span style=\"font-family:Calibri,sans-serif\"><a href=\"https:\/\/portalibre.fgv.br\/system\/files\/2025-02\/sondagem-da-america-latina_fgv_press-release_4otri2024_1.pdf\" style=\"color:blue; text-decoration:underline\"><span style=\"font-size:14.0pt\">Clima Econ&ocirc;mico da Am&eacute;rica Latina registrou uma trajet&oacute;ria cont&iacute;nua de piora ao longo de 2024<\/span><\/a><\/span><\/span><\/span><\/p>\r\n\r\n<p style=\"text-align:justify\"><span style=\"font-size:11pt\"><span style=\"line-height:normal\"><span style=\"font-family:Calibri,sans-serif\"><a href=\"https:\/\/mercadoeconsumo.com.br\/17\/02\/2025\/noticias-varejo\/entenda-os-impactos-das-mudancas-nas-regras-do-icms-para-o-varejo-em-sao-paulo\/?utm_campaign=news_geral_-_1702&amp;utm_medium=email&amp;utm_source=RD+Station\" style=\"color:blue; text-decoration:underline\"><span style=\"font-size:14.0pt\">Entenda os impactos das mudan&ccedil;as nas regras do ICMS para o varejo em S&atilde;o Paulo<\/span><\/a><\/span><\/span><\/span><\/p>\r\n\r\n<p style=\"text-align:justify\"><img src=\"https:\/\/www.abint.org.br\/assets\/img\/editor\/redes-sociais-abint-ctg-cth_20250205143403kcH4SBmjCL.jpg\" \/><\/p>\r\n","texto_en":"","7":"","imagem":"COMP_capa-2025-site-boletim-abint-noticias-semanis_20250218165137RMbTNF6MMv.jpg","8":"COMP_capa-2025-site-boletim-abint-noticias-semanis_20250218165137RMbTNF6MMv.jpg","arquivo":"20250218-BOLETIM-ABINT-DE-NOTICIAS-SEMANAIS.PDF","9":"20250218-BOLETIM-ABINT-DE-NOTICIAS-SEMANAIS.PDF","titulo_arquivo":"20250218 Boletim ABINT de Not\u00edcias Semanais","10":"20250218 Boletim ABINT de Not\u00edcias Semanais","titulo_arquivo_en":"","11":"","created_at":"2025-02-18 16:51:48","12":"2025-02-18 16:51:48","updated_at":"2025-02-18 16:52:53","13":"2025-02-18 16:52:53"},{"id":157,"0":157,"ordem":65,"1":65,"data":"2025-02-14","2":"2025-02-14","slug":"abint-abre-vagas-para-o-curso-presencial-sobre-tecnologia-dos-naotecidos","3":"abint-abre-vagas-para-o-curso-presencial-sobre-tecnologia-dos-naotecidos","titulo":"ABINT abre vagas para o curso presencial sobre \u201cTecnologia dos N\u00e3otecidos\u201d","4":"ABINT abre vagas para o curso presencial sobre \u201cTecnologia dos N\u00e3otecidos\u201d","titulo_en":".","5":".","texto":"<p align=\"center\" class=\"MsoNoSpacing\" style=\"text-align:center\"><span style=\"font-size:11pt\"><span style=\"font-family:Calibri,sans-serif\"><i><span style=\"font-family:&quot;Arial&quot;,sans-serif\">O curso &eacute; indicado para quem quer conhecer sobre os processos de fabrica&ccedil;&atilde;o de N&atilde;otecidos, as tecnologias aplicadas e a inova&ccedil;&atilde;o envolvida na fabrica&ccedil;&atilde;o desses produtos<b>,<\/b> que s&atilde;o encontrados na &aacute;rea m&eacute;dica, em cal&ccedil;ados, na filtra&ccedil;&atilde;o, em ve&iacute;culos, na agricultura e em muitas outras aplica&ccedil;&otilde;es.<\/span><\/i><\/span><\/span><\/p>\r\n\r\n<p class=\"MsoNoSpacing\" style=\"text-align:justify\"><span style=\"font-size:11pt\"><span style=\"text-justify:inter-ideograph\"><span style=\"font-family:Calibri,sans-serif\"><span style=\"font-family:&quot;Arial&quot;,sans-serif\">A Associa&ccedil;&atilde;o Brasileira das Ind&uacute;strias de N&atilde;otecidos e Tecidos T&eacute;cnicos (ABINT) abre vagas para o curso presencial sobre a &ldquo;Tecnologia dos N&atilde;otecidos&rdquo;. Com carga hor&aacute;ria de 6 horas, o curso visa explicar o que s&atilde;o os chamados N&atilde;otecidos, produtos com uma imensa gama de aplica&ccedil;&otilde;es em &aacute;reas diversas, como por exemplo, no agroneg&oacute;cio, setor automotivo, cal&ccedil;adista, de filtra&ccedil;&atilde;o, descart&aacute;veis higi&ecirc;nicos, geossint&eacute;ticos, setor m&eacute;dio hospitalar, entre outros.&nbsp; <\/span><\/span><\/span><\/span><\/p>\r\n\r\n<p class=\"MsoNoSpacing\" style=\"text-align:justify\"><span style=\"font-size:11pt\"><span style=\"text-justify:inter-ideograph\"><span style=\"font-family:Calibri,sans-serif\"><span style=\"font-family:&quot;Arial&quot;,sans-serif\">Os participantes ir&atilde;o conhecer tecnicamente de que forma e com quais mat&eacute;rias primas s&atilde;o produzidos (resinas, fibras e filamentos), como s&atilde;o classificados, as diferen&ccedil;as entre N&atilde;otecidos, t&ecirc;xteis t&eacute;cnicos, tecidos e malhas, saber mais como e em que produtos s&atilde;o aplicados e conhecer as normas t&eacute;cnicas e de qualidade, Amostras de produtos das diferentes tecnologias tamb&eacute;m s&atilde;o apresentados aos participantes. <\/span><\/span><\/span><\/span><\/p>\r\n\r\n<p class=\"MsoNoSpacing\" style=\"text-align:justify\"><span style=\"font-size:11pt\"><span style=\"text-justify:inter-ideograph\"><span style=\"font-family:Calibri,sans-serif\"><span style=\"font-family:&quot;Arial&quot;,sans-serif\">O curso ser&aacute; realizado na sede da ABINT, em S&atilde;o Paulo, pelos representantes da entidade, o Eng. Edson Basseto, diretor da Basseto e tamb&eacute;m diretor da Associa&ccedil;&atilde;o, e o Eng. Ricardo Rossi, Engenheiro T&ecirc;xtil e Consultor.<\/span><\/span><\/span><\/span><\/p>\r\n\r\n<p class=\"MsoNoSpacing\" style=\"text-align:justify\"><span style=\"font-size:11pt\"><span style=\"text-justify:inter-ideograph\"><span style=\"font-family:Calibri,sans-serif\"><span style=\"font-family:&quot;Arial&quot;,sans-serif\">Segundo explica o Eng. Edson Basseto, o curso se destina a todos aqueles que se interessem em conhecer e compreender tecnicamente os N&atilde;otecidos. &ldquo;Recebemos desde estudantes, at&eacute; mesmo, por exemplo, colaboradores de departamentos diversos das empresas que j&aacute; fabricam N&atilde;otecidos ou que trabalham com produtos que usam N&atilde;otecidos em sua composi&ccedil;&atilde;o&rdquo;, comenta. &nbsp;<\/span><\/span><\/span><\/span><\/p>\r\n\r\n<p class=\"MsoNoSpacing\" style=\"text-align:justify\"><span style=\"font-size:11pt\"><span style=\"text-justify:inter-ideograph\"><span style=\"font-family:Calibri,sans-serif\"><span style=\"font-family:&quot;Arial&quot;,sans-serif\">O curso &ldquo;Tecnologia dos N&atilde;otecidos&rdquo; faz parte das a&ccedil;&otilde;es que a ABINT realiza com o objetivo de promover o uso adequado dos N&atilde;otecidos, al&eacute;m de suas qualidades e benef&iacute;cios t&eacute;cnicos, econ&ocirc;micos e sustent&aacute;veis nas aplica&ccedil;&otilde;es das mais diversas. &ldquo;Os N&atilde;otecidos produtos com potencial imenso de crescimento no mercado brasileiro em fun&ccedil;&atilde;o de suas vantagens t&eacute;cnicas e econ&ocirc;micas, e a informa&ccedil;&atilde;o sobre o produto &eacute; fator positivo na hora da decis&atilde;o de compra&rdquo;, afirma o presidente da entidade, Mateus Mesquita Inacio.<\/span><\/span><\/span><\/span><\/p>\r\n\r\n<p class=\"MsoNoSpacing\" style=\"text-align:justify\"><span style=\"font-size:11pt\"><span style=\"text-justify:inter-ideograph\"><span style=\"font-family:Calibri,sans-serif\"><span style=\"font-family:&quot;Arial&quot;,sans-serif\">As vagas s&atilde;o limitadas. Informa&ccedil;&otilde;es e inscri&ccedil;&otilde;es, pelo e-mail <\/span><a href=\"mailto:abint@abint.com.br\" style=\"color:blue; text-decoration:underline\"><span style=\"font-family:&quot;Arial&quot;,sans-serif\">abint@abint.com.br<\/span><\/a><span style=\"font-family:&quot;Arial&quot;,sans-serif\"> .<\/span><\/span><\/span><\/span><\/p>\r\n\r\n<p class=\"MsoNoSpacing\" style=\"text-align:justify\"><span style=\"font-size:12pt\"><span style=\"background:white\"><span style=\"text-justify:inter-ideograph\"><span style=\"font-family:&quot;Times New Roman&quot;,serif\"><em><b><span style=\"font-size:11.0pt\"><span style=\"font-family:&quot;Arial&quot;,sans-serif\"><span style=\"color:black\">Sobre a ABINT: <\/span><\/span><\/span><\/b><\/em><em><span style=\"font-size:11.0pt\"><span style=\"font-family:&quot;Arial&quot;,sans-serif\"><span style=\"color:black\">Fundada em 1991, a Associa&ccedil;&atilde;o Brasileira das Ind&uacute;strias de N&atilde;otecidos e Tecidos T&eacute;cnicos tem como objetivo representar, difundir e defender os interesses do setor. Para isso, promove e apoia o seu desenvolvimento e o crescimento do mercado de aplica&ccedil;&otilde;es desses produtos, que s&atilde;o fundamentais a diversos e importantes ramos de atividade da economia. Para saber mais, acesse&nbsp;<\/span><\/span><\/span><\/em><span style=\"color:black\"><a href=\"http:\/\/www.abint.org.br\/\" style=\"color:blue; text-decoration:underline\"><em><span style=\"font-size:11.0pt\"><span style=\"font-family:&quot;Arial&quot;,sans-serif\"><span style=\"color:black\"><span style=\"text-decoration:none\"><span style=\"text-underline:none\">www.abint.org.br<\/span><\/span><\/span><\/span><\/span><\/em><\/a><\/span><\/span><\/span><\/span><\/span><\/p>\r\n\r\n<p><em><strong>Informa&ccedil;&otilde;es &agrave; Imprensa<\/strong><\/em><\/p>\r\n\r\n<p><em><strong>Assessoria de Comunica&ccedil;&atilde;o ABINT<\/strong><\/em><\/p>\r\n\r\n<p><em><strong><a name=\"_Hlk107579072\">Roberta Provatti <\/a><\/strong><\/em><\/p>\r\n\r\n<p><em><strong>(11) 99652-4661<\/strong><\/em><\/p>\r\n\r\n<p><em><strong>provattijornalista@gmail.com<\/strong><\/em><\/p>\r\n","6":"<p align=\"center\" class=\"MsoNoSpacing\" style=\"text-align:center\"><span style=\"font-size:11pt\"><span style=\"font-family:Calibri,sans-serif\"><i><span style=\"font-family:&quot;Arial&quot;,sans-serif\">O curso &eacute; indicado para quem quer conhecer sobre os processos de fabrica&ccedil;&atilde;o de N&atilde;otecidos, as tecnologias aplicadas e a inova&ccedil;&atilde;o envolvida na fabrica&ccedil;&atilde;o desses produtos<b>,<\/b> que s&atilde;o encontrados na &aacute;rea m&eacute;dica, em cal&ccedil;ados, na filtra&ccedil;&atilde;o, em ve&iacute;culos, na agricultura e em muitas outras aplica&ccedil;&otilde;es.<\/span><\/i><\/span><\/span><\/p>\r\n\r\n<p class=\"MsoNoSpacing\" style=\"text-align:justify\"><span style=\"font-size:11pt\"><span style=\"text-justify:inter-ideograph\"><span style=\"font-family:Calibri,sans-serif\"><span style=\"font-family:&quot;Arial&quot;,sans-serif\">A Associa&ccedil;&atilde;o Brasileira das Ind&uacute;strias de N&atilde;otecidos e Tecidos T&eacute;cnicos (ABINT) abre vagas para o curso presencial sobre a &ldquo;Tecnologia dos N&atilde;otecidos&rdquo;. Com carga hor&aacute;ria de 6 horas, o curso visa explicar o que s&atilde;o os chamados N&atilde;otecidos, produtos com uma imensa gama de aplica&ccedil;&otilde;es em &aacute;reas diversas, como por exemplo, no agroneg&oacute;cio, setor automotivo, cal&ccedil;adista, de filtra&ccedil;&atilde;o, descart&aacute;veis higi&ecirc;nicos, geossint&eacute;ticos, setor m&eacute;dio hospitalar, entre outros.&nbsp; <\/span><\/span><\/span><\/span><\/p>\r\n\r\n<p class=\"MsoNoSpacing\" style=\"text-align:justify\"><span style=\"font-size:11pt\"><span style=\"text-justify:inter-ideograph\"><span style=\"font-family:Calibri,sans-serif\"><span style=\"font-family:&quot;Arial&quot;,sans-serif\">Os participantes ir&atilde;o conhecer tecnicamente de que forma e com quais mat&eacute;rias primas s&atilde;o produzidos (resinas, fibras e filamentos), como s&atilde;o classificados, as diferen&ccedil;as entre N&atilde;otecidos, t&ecirc;xteis t&eacute;cnicos, tecidos e malhas, saber mais como e em que produtos s&atilde;o aplicados e conhecer as normas t&eacute;cnicas e de qualidade, Amostras de produtos das diferentes tecnologias tamb&eacute;m s&atilde;o apresentados aos participantes. <\/span><\/span><\/span><\/span><\/p>\r\n\r\n<p class=\"MsoNoSpacing\" style=\"text-align:justify\"><span style=\"font-size:11pt\"><span style=\"text-justify:inter-ideograph\"><span style=\"font-family:Calibri,sans-serif\"><span style=\"font-family:&quot;Arial&quot;,sans-serif\">O curso ser&aacute; realizado na sede da ABINT, em S&atilde;o Paulo, pelos representantes da entidade, o Eng. Edson Basseto, diretor da Basseto e tamb&eacute;m diretor da Associa&ccedil;&atilde;o, e o Eng. Ricardo Rossi, Engenheiro T&ecirc;xtil e Consultor.<\/span><\/span><\/span><\/span><\/p>\r\n\r\n<p class=\"MsoNoSpacing\" style=\"text-align:justify\"><span style=\"font-size:11pt\"><span style=\"text-justify:inter-ideograph\"><span style=\"font-family:Calibri,sans-serif\"><span style=\"font-family:&quot;Arial&quot;,sans-serif\">Segundo explica o Eng. Edson Basseto, o curso se destina a todos aqueles que se interessem em conhecer e compreender tecnicamente os N&atilde;otecidos. &ldquo;Recebemos desde estudantes, at&eacute; mesmo, por exemplo, colaboradores de departamentos diversos das empresas que j&aacute; fabricam N&atilde;otecidos ou que trabalham com produtos que usam N&atilde;otecidos em sua composi&ccedil;&atilde;o&rdquo;, comenta. &nbsp;<\/span><\/span><\/span><\/span><\/p>\r\n\r\n<p class=\"MsoNoSpacing\" style=\"text-align:justify\"><span style=\"font-size:11pt\"><span style=\"text-justify:inter-ideograph\"><span style=\"font-family:Calibri,sans-serif\"><span style=\"font-family:&quot;Arial&quot;,sans-serif\">O curso &ldquo;Tecnologia dos N&atilde;otecidos&rdquo; faz parte das a&ccedil;&otilde;es que a ABINT realiza com o objetivo de promover o uso adequado dos N&atilde;otecidos, al&eacute;m de suas qualidades e benef&iacute;cios t&eacute;cnicos, econ&ocirc;micos e sustent&aacute;veis nas aplica&ccedil;&otilde;es das mais diversas. &ldquo;Os N&atilde;otecidos produtos com potencial imenso de crescimento no mercado brasileiro em fun&ccedil;&atilde;o de suas vantagens t&eacute;cnicas e econ&ocirc;micas, e a informa&ccedil;&atilde;o sobre o produto &eacute; fator positivo na hora da decis&atilde;o de compra&rdquo;, afirma o presidente da entidade, Mateus Mesquita Inacio.<\/span><\/span><\/span><\/span><\/p>\r\n\r\n<p class=\"MsoNoSpacing\" style=\"text-align:justify\"><span style=\"font-size:11pt\"><span style=\"text-justify:inter-ideograph\"><span style=\"font-family:Calibri,sans-serif\"><span style=\"font-family:&quot;Arial&quot;,sans-serif\">As vagas s&atilde;o limitadas. Informa&ccedil;&otilde;es e inscri&ccedil;&otilde;es, pelo e-mail <\/span><a href=\"mailto:abint@abint.com.br\" style=\"color:blue; text-decoration:underline\"><span style=\"font-family:&quot;Arial&quot;,sans-serif\">abint@abint.com.br<\/span><\/a><span style=\"font-family:&quot;Arial&quot;,sans-serif\"> .<\/span><\/span><\/span><\/span><\/p>\r\n\r\n<p class=\"MsoNoSpacing\" style=\"text-align:justify\"><span style=\"font-size:12pt\"><span style=\"background:white\"><span style=\"text-justify:inter-ideograph\"><span style=\"font-family:&quot;Times New Roman&quot;,serif\"><em><b><span style=\"font-size:11.0pt\"><span style=\"font-family:&quot;Arial&quot;,sans-serif\"><span style=\"color:black\">Sobre a ABINT: <\/span><\/span><\/span><\/b><\/em><em><span style=\"font-size:11.0pt\"><span style=\"font-family:&quot;Arial&quot;,sans-serif\"><span style=\"color:black\">Fundada em 1991, a Associa&ccedil;&atilde;o Brasileira das Ind&uacute;strias de N&atilde;otecidos e Tecidos T&eacute;cnicos tem como objetivo representar, difundir e defender os interesses do setor. Para isso, promove e apoia o seu desenvolvimento e o crescimento do mercado de aplica&ccedil;&otilde;es desses produtos, que s&atilde;o fundamentais a diversos e importantes ramos de atividade da economia. Para saber mais, acesse&nbsp;<\/span><\/span><\/span><\/em><span style=\"color:black\"><a href=\"http:\/\/www.abint.org.br\/\" style=\"color:blue; text-decoration:underline\"><em><span style=\"font-size:11.0pt\"><span style=\"font-family:&quot;Arial&quot;,sans-serif\"><span style=\"color:black\"><span style=\"text-decoration:none\"><span style=\"text-underline:none\">www.abint.org.br<\/span><\/span><\/span><\/span><\/span><\/em><\/a><\/span><\/span><\/span><\/span><\/span><\/p>\r\n\r\n<p><em><strong>Informa&ccedil;&otilde;es &agrave; Imprensa<\/strong><\/em><\/p>\r\n\r\n<p><em><strong>Assessoria de Comunica&ccedil;&atilde;o ABINT<\/strong><\/em><\/p>\r\n\r\n<p><em><strong><a name=\"_Hlk107579072\">Roberta Provatti <\/a><\/strong><\/em><\/p>\r\n\r\n<p><em><strong>(11) 99652-4661<\/strong><\/em><\/p>\r\n\r\n<p><em><strong>provattijornalista@gmail.com<\/strong><\/em><\/p>\r\n","texto_en":"<p>.<\/p>\r\n","7":"<p>.<\/p>\r\n","imagem":"COMP_capa-2025-site-comunicacao_20250218163644CzMSsSoqUv.jpg","8":"COMP_capa-2025-site-comunicacao_20250218163644CzMSsSoqUv.jpg","arquivo":"20250214-RELEASE-CURSO-BASSETO.DOCX","9":"20250214-RELEASE-CURSO-BASSETO.DOCX","titulo_arquivo":"20250214 Release Curso ABINT Tecnologia dos N\u00e3otecidos","10":"20250214 Release Curso ABINT Tecnologia dos N\u00e3otecidos","titulo_arquivo_en":"","11":"","created_at":"2025-02-18 16:36:57","12":"2025-02-18 16:36:57","updated_at":"2025-02-18 16:36:57","13":"2025-02-18 16:36:57"},{"id":156,"0":156,"ordem":66,"1":66,"data":"2025-02-11","2":"2025-02-11","slug":"boletim-abint-de-noticias-semanais-63","3":"boletim-abint-de-noticias-semanais-63","titulo":"Boletim ABINT de Not\u00edcias Semanais","4":"Boletim ABINT de Not\u00edcias Semanais","titulo_en":"","5":"","texto":"<p style=\"text-align:justify\"><span style=\"font-size:11pt\"><span style=\"line-height:normal\"><span style=\"font-family:Calibri,sans-serif\"><span style=\"font-size:14.0pt\">Esta &eacute; uma compila&ccedil;&atilde;o das not&iacute;cias mais relevantes para o setor, incluindo informa&ccedil;&otilde;es sobre acordos internacionais, economia brasileira, sustentabilidade e mat&eacute;rias primas, al&eacute;m de novidades do setor de N&atilde;otecidos e Tecidos T&eacute;cnicos.<\/span><\/span><\/span><\/span><\/p>\r\n\r\n<p style=\"text-align:justify\"><span style=\"font-size:28pt\"><span style=\"font-family:Cambria,serif\"><span style=\"letter-spacing:-0.5pt\"><b><span style=\"font-size:18.0pt\"><span calibri=\"\" style=\"font-family:\"><span style=\"font-variant:small-caps\">O que vem por a&iacute;<\/span><\/span><\/span><\/b><\/span><\/span><\/span><\/p>\r\n\r\n<p><b><img src=\"https:\/\/www.abint.org.br\/assets\/img\/editor\/original_20250205135321qhYeNy3IgM.png\" style=\"width: 300px; height: 69px;\" \/><\/b><\/p>\r\n\r\n<p><b><img src=\"https:\/\/www.abint.org.br\/assets\/img\/editor\/post-quadrado-curso-naotecido_20250205135414oZsyScRWnD.jpg\" style=\"width: 500px; height: 500px;\" \/><\/b><\/p>\r\n\r\n<p><a href=\"https:\/\/forms.office.com\/pages\/responsepage.aspx?id=n9pNk1glrE6b5i8lS53621O-4jMsuCNBqhQBI597U0lUNlJaRFVVWjZDRk4xMEVWSkZDSUVOMVRSVi4u&amp;route=shorturl\">Fa&ccedil;a sua inscri&ccedil;&atilde;o<\/a><\/p>\r\n\r\n<p>&nbsp;<\/p>\r\n\r\n<p><img src=\"https:\/\/www.abint.org.br\/assets\/img\/editor\/logo-ctg-abint-png_202502051355479yWykO7ojh.png\" style=\"width: 300px; height: 55px;\" \/><\/p>\r\n\r\n<p>&nbsp;<\/p>\r\n\r\n<p><img src=\"https:\/\/www.abint.org.br\/assets\/img\/editor\/live-curso-br-instal-gm-2025-2_20250205135648JwdaUCOQ35.jpeg\" style=\"width: 500px; height: 500px;\" \/><\/p>\r\n\r\n<p><a href=\"https:\/\/www.youtube.com\/watch?v=zs0x4z03NUE\">Ative o sininho da LIVE<\/a><\/p>\r\n\r\n<p>&nbsp;<\/p>\r\n\r\n<p><img src=\"https:\/\/www.abint.org.br\/assets\/img\/editor\/post-curso-br-instal-gm-2025_20250205135746uUVJpTDyEg.jpg\" style=\"width: 500px; height: 500px;\" \/><\/p>\r\n\r\n<p><a href=\"https:\/\/www.eventbrite.com\/e\/curso-brasileiro-de-instalacao-de-geomembranas-paulo-kenji-acakura-2025-tickets-1111455586579?aff=oddtdtcreator\">Fa&ccedil;a sua inscri&ccedil;&atilde;o<\/a><\/p>\r\n\r\n<p>&nbsp;<\/p>\r\n\r\n<p><img src=\"https:\/\/www.abint.org.br\/assets\/img\/editor\/e-mail-post-premio-tcc-icc-2024-2025_20250205143024je0yZgOKML.png\" style=\"width: 500px; height: 500px;\" \/><\/p>\r\n\r\n<p><a href=\"https:\/\/geossinteticos.org.br\/premiotccic\">Inscreva seu trabalho<\/a><\/p>\r\n\r\n<p><span style=\"font-size:28pt\"><span style=\"font-family:Cambria,serif\"><span style=\"letter-spacing:-0.5pt\"><b><span style=\"font-size:18.0pt\"><span calibri=\"\" style=\"font-family:\"><span style=\"font-variant:small-caps\">Not&iacute;cias das Associadas<\/span><\/span><\/span><\/b><\/span><\/span><\/span><\/p>\r\n\r\n<p style=\"text-align:justify\"><span style=\"font-size:11pt\"><span style=\"line-height:normal\"><span style=\"font-family:Calibri,sans-serif\"><a href=\"https:\/\/gazetadasemana.com.br\/noticia\/212307\/estao-abertas-as-inscricoes-para-o-curso-de-instalacao-de-geomembranas-no-instituto-maua-de-tecnologia\" style=\"color:blue; text-decoration:underline\"><span style=\"font-size:14.0pt\">Est&atilde;o abertas as inscri&ccedil;&otilde;es para o Curso de Instala&ccedil;&atilde;o de Geomembranas no Instituto Mau&aacute; de Tecnologia<\/span><\/a><\/span><\/span><\/span><\/p>\r\n\r\n<p style=\"text-align:justify\"><span style=\"font-size:11pt\"><span style=\"line-height:normal\"><span style=\"font-family:Calibri,sans-serif\"><a href=\"https:\/\/www.fibre2fashion.com\/news\/technical-textiles\/andritz-commissions-rexline-tearing-installation-at-aitex-in-spain-300475-newsdetails.htm\" style=\"color:blue; text-decoration:underline\"><span lang=\"EN-US\" style=\"font-size:14.0pt\">Andritz commissions reXline tearing installation at Aitex in Spain<\/span><\/a><\/span><\/span><\/span><\/p>\r\n\r\n<p style=\"text-align:justify\"><span style=\"font-size:11pt\"><span style=\"line-height:normal\"><span style=\"font-family:Calibri,sans-serif\"><a href=\"https:\/\/www.fibre2fashion.com\/news\/technical-textiles\/andritz-commissions-bast-fibre-line-at-ekolution-in-sweden-300434-newsdetails.htm\" style=\"color:blue; text-decoration:underline\"><span lang=\"EN-US\" style=\"font-size:14.0pt\">Andritz commissions bast fibre line at Ekolution in Sweden<\/span><\/a><\/span><\/span><\/span><\/p>\r\n\r\n<p style=\"text-align:justify\"><span style=\"font-size:11pt\"><span style=\"line-height:normal\"><span style=\"font-family:Calibri,sans-serif\"><a href=\"https:\/\/gurudoscarros.com.br\/2025\/01\/31\/empresa-brasileira-cria-revestimento-camaleao-para-interiores-automotivos\/\" style=\"color:blue; text-decoration:underline\"><span style=\"font-size:14.0pt\">Cipatex: empresa brasileira cria revestimento &ldquo;camale&atilde;o&rdquo; para interiores automotivos<\/span><\/a><\/span><\/span><\/span><\/p>\r\n\r\n<p style=\"text-align:justify\"><span style=\"font-size:11pt\"><span style=\"line-height:normal\"><span style=\"font-family:Calibri,sans-serif\"><a href=\"https:\/\/www.innovationintextiles.com\/composites\/benefits-of-nonwovens-highlighted-at-jec-world-2025\/\" style=\"color:blue; text-decoration:underline\"><span lang=\"EN-US\" style=\"font-size:14.0pt\">Freudenberg: Benefits of nonwovens highlighted at JEC World 2025<\/span><\/a><\/span><\/span><\/span><\/p>\r\n\r\n<p style=\"text-align:justify\"><span style=\"font-size:11pt\"><span style=\"line-height:normal\"><span style=\"font-family:Calibri,sans-serif\"><a href=\"https:\/\/www.nonwovens-industry.com\/contents\/view_breaking-news\/2025-02-06\/freudenberg-to-showcase-nonwoven-battery-separators-at-international-battery-seminar\/15303\" style=\"color:blue; text-decoration:underline\"><span lang=\"ES-AR\" style=\"font-size:14.0pt\">Freudenberg to Showcase Nonwoven Battery Separators at International Battery Seminar<\/span><\/a><\/span><\/span><\/span><\/p>\r\n\r\n<p style=\"text-align:justify\">&nbsp;<\/p>\r\n\r\n<p style=\"text-align:justify\"><span style=\"font-size:11pt\"><span style=\"line-height:normal\"><span style=\"font-family:Calibri,sans-serif\"><b><span style=\"font-size:18.0pt\"><span style=\"font-variant:small-caps\">Eventos<\/span><\/span><\/b><\/span><\/span><\/span><\/p>\r\n\r\n<p style=\"text-align:justify\"><span style=\"font-size:11pt\"><span style=\"line-height:normal\"><span style=\"font-family:Calibri,sans-serif\"><a href=\"https:\/\/www.fimec.com.br\/\" style=\"color:blue; text-decoration:underline\"><b><span style=\"font-size:14.0pt\">Fimec 2025<\/span><\/b><\/a><span style=\"font-size:14.0pt\">, 18 a 20 de mar&ccedil;o, Fenac, Novo Hamburgo, RS<\/span><\/span><\/span><\/span><\/p>\r\n\r\n<p style=\"text-align:justify\"><span style=\"font-size:11pt\"><span style=\"line-height:normal\"><span style=\"font-family:Calibri,sans-serif\"><a href=\"https:\/\/www.plasticobrasil.com.br\/pt\/home.html\" style=\"color:blue; text-decoration:underline\"><b><span style=\"font-size:14.0pt\">Feira Pl&aacute;stico Brasil<\/span><\/b><\/a><span style=\"font-size:14.0pt\">, de 24 a 28 de mar&ccedil;o de 2025, 10h &agrave;s 19h, S&atilde;o Paulo Expo, Rodovia dos Imigrantes, km 1,5<\/span><\/span><\/span><\/span><\/p>\r\n\r\n<p style=\"text-align:justify\"><span style=\"font-size:11pt\"><span style=\"line-height:normal\"><span style=\"font-family:Calibri,sans-serif\"><a href=\"https:\/\/www.automecfeira.com.br\/pt-br.html\" style=\"color:blue; text-decoration:underline\"><b><span style=\"font-size:14.0pt\">Automec 2025<\/span><\/b><\/a><span style=\"font-size:14.0pt\">, 22 a 26 de abril de 2025, S&atilde;o Paulo Expo, Rodovia dos Imigrantes, Km 1,5, &Aacute;gua Funda, S&atilde;o Paulo, SP.<\/span><\/span><\/span><\/span><\/p>\r\n\r\n<p style=\"text-align:justify\"><span style=\"font-size:11pt\"><span style=\"line-height:normal\"><span style=\"font-family:Calibri,sans-serif\"><a href=\"https:\/\/www.hospitalar.com\/pt\/home.html\" style=\"color:blue; text-decoration:underline\"><b><span style=\"font-size:14.0pt\">Hospitalar 2025<\/span><\/b><\/a><span style=\"font-size:14.0pt\">, 20 a 23 de maio, 11h00 &agrave;s 20h00, S&atilde;o Paulo Expo, Rodovia dos Imigrantes, km 1,5<\/span><\/span><\/span><\/span><\/p>\r\n\r\n<p style=\"text-align:justify\"><span style=\"font-size:11pt\"><span style=\"line-height:normal\"><span style=\"font-family:Calibri,sans-serif\"><a href=\"https:\/\/ideashow.org\/\" style=\"color:blue; text-decoration:underline\"><b><span lang=\"EN-US\" style=\"font-size:14.0pt\">IDEA25<\/span><\/b><\/a><span lang=\"EN-US\" style=\"font-size:14.0pt\">, April 29-May 1, 2025, Miami Beach Convention Center, Miami Beach, Florida<\/span><\/span><\/span><\/span><\/p>\r\n\r\n<p style=\"text-align:justify\"><span style=\"font-size:11pt\"><span style=\"line-height:normal\"><span style=\"font-family:Calibri,sans-serif\"><a href=\"https:\/\/www.conbrava.com.br\/\" style=\"color:blue; text-decoration:underline\"><b><span style=\"font-size:14.0pt\">CONBRAVA 2025<\/span><\/b><\/a><span style=\"font-size:14.0pt\">, 10 a 12 de setembro de 2025, S&atilde;o Paulo Expo, Rodovia dos Imigrantes, km 1,5<\/span><\/span><\/span><\/span><\/p>\r\n\r\n<p style=\"text-align:justify\"><span style=\"font-size:11pt\"><span style=\"line-height:normal\"><span style=\"font-family:Calibri,sans-serif\"><a href=\"https:\/\/paving.com.br\/\" style=\"color:blue; text-decoration:underline\"><b><span style=\"font-size:14.0pt\">Paving Expo 2025<\/span><\/b><\/a><span style=\"font-size:14.0pt\">, 23 a 25 de setembro de 2025, Distrito Anhembi, Rua Prof. Milton Rodrigues, s\/n, Santana, S&atilde;o Paulo, SP<\/span><\/span><\/span><\/span><\/p>\r\n\r\n<p style=\"text-align:justify\"><span style=\"font-size:11pt\"><span style=\"line-height:normal\"><span style=\"font-family:Calibri,sans-serif\"><b><span style=\"font-size:14.0pt\">17&ordm; Congresso Brasileiro de Enfermagem em Centro Cir&uacute;rgico: &ldquo;O poder de cuidar&rdquo;<\/span><\/b><span style=\"font-size:14.0pt\">, 01 a 03 de outubro de 2025, Transamerica Expo Center, S&atilde;o Paulo, SP<\/span><\/span><\/span><\/span><\/p>\r\n\r\n<p style=\"text-align:justify\"><span style=\"font-size:11pt\"><span style=\"line-height:normal\"><span style=\"font-family:Calibri,sans-serif\"><a href=\"https:\/\/hospitalmed.com.br\/feira\/\" style=\"color:blue; text-decoration:underline\"><b><span style=\"font-size:14.0pt\">HospitalMed 2025<\/span><\/b><\/a><span style=\"font-size:14.0pt\">, 22 a 24 de outubro, Pernambuco Centro de Conven&ccedil;&otilde;es, Olinda<\/span><\/span><\/span><\/span><\/p>\r\n\r\n<p style=\"text-align:justify\"><span style=\"font-size:28pt\"><span style=\"font-family:Cambria,serif\"><span style=\"letter-spacing:-0.5pt\"><b><span style=\"font-size:18.0pt\"><span calibri=\"\" style=\"font-family:\"><span style=\"font-variant:small-caps\">Setor<\/span><\/span><\/span><\/b><\/span><\/span><\/span><\/p>\r\n\r\n<p style=\"text-align:justify\"><span style=\"font-size:11pt\"><span style=\"line-height:normal\"><span style=\"font-family:Calibri,sans-serif\"><a href=\"https:\/\/www.elnuevosiglo.com.co\/economia\/nueva-medida-antidumping-para-china-en-productos-de-tela-no-tejida\" style=\"color:blue; text-decoration:underline\"><span lang=\"ES-AR\" style=\"font-size:14.0pt\">Colombia | Nueva medida antidumping para China en productos de tela no tejida<\/span><\/a><\/span><\/span><\/span><\/p>\r\n\r\n<p style=\"text-align:justify\"><span style=\"font-size:11pt\"><span style=\"line-height:normal\"><span style=\"font-family:Calibri,sans-serif\"><a href=\"https:\/\/casa.abril.com.br\/arquitetura-e-construcao\/paredao-se-transforma-em-jardim-vertical-com-250-mudas\/\" style=\"color:blue; text-decoration:underline\"><span style=\"font-size:14.0pt\">N&atilde;otecidos: pared&atilde;o se transforma em jardim vertical com 250 mudas<\/span><\/a><\/span><\/span><\/span><\/p>\r\n\r\n<p style=\"text-align:justify\"><span style=\"font-size:11pt\"><span style=\"line-height:normal\"><span style=\"font-family:Calibri,sans-serif\"><a href=\"https:\/\/www.nonwovens-industry.com\/contents\/view_breaking-news\/2025-02-04\/nwi-to-host-spring-industrial-advisory-board-meeting\/15303\" style=\"color:blue; text-decoration:underline\"><span lang=\"EN-US\" style=\"font-size:14.0pt\">Nonwovens Institute to Host Spring Industrial Advisory Board Meeting<\/span><\/a><\/span><\/span><\/span><\/p>\r\n\r\n<p style=\"text-align:justify\"><span style=\"font-size:11pt\"><span style=\"line-height:normal\"><span style=\"font-family:Calibri,sans-serif\"><a href=\"http:\/\/clickemail.portalpersonalcare.com.br\/ls\/click?upn=u001.D2-2F0Tg0A29KXXLMT6ctG-2BYOihdDbc-2ByFrUFb3ZXMT9RFvGcX8mei4LwXTeZJ7jo-2FU0G-2FqAokfPiMjfVy7arMMMq1NM-2BXbBbo7XZcC4jtoBQsvbAxxEei3GjN3W8dRmKKjfL4PI8syWvGsJ94OR87eepy5NI3K3YdABtbOcbhD9wI5B7IfIu7L7TdZ2K7jvDhBjxRWK8GWvLd9g2KIntP7a3s1MOUHhRyEH9iF8tWIrawvGlV94-2FU-2Bfq4EsJ-2FYZOhU1-2BWAwDQZsDIOi1eoZ2YNg-3D-3DBs2t_T7N8BvZTOm04CQQMiyWztrpCjlUrRc4F7QzSgUIpTqDyHxxxhGpyWLohz7JoE2GE5NHlS-2BYZoX1R75Fh8KCze9GvCCb-2FinuNgc39g0Cdbe-2FcU8RlSBQhp5om11AQZQ-2FDG5lMiIxJjWxjRG6Ohvo1lrP6a7FRyfhx3mlrV8F-2F893Abn1b1j0meALWmTr0mHYZ0VOj-2BZIrC7sbVEwRu8NRqo0EBD2-2BsavXNYsDj8IV-2B1FYxFq3SkaYULw4lvbup943QsI7Bv2KIJIhH1ad-2F327-2BLdVZsD2fIxtU9JmUROuUCesbJ2nSX3Iwm0pHmVoQjLclzZ6lMyfbw2h3A0wSqgT7CLW8uTU17L0gabuNJtAaV-2BcXERD0u38ohVM4ztzCl822iwiq6zpFo1fvCcXL7peQr04V0hCBs2BGMtINtP5louQNRGi11T6etPn-2B-2Bw-2BC6VQvrBZSnUjnBtzgwdERCPeOuQUycVKvyI4mE4QrQ3bl2Y4ZVpmfcgrYt-2FCPbAnz7dbuRLpwjEaH-2BZj1YZhaMmYjHSl9dpeMTmozeT9MyPPXHSklJAfT-2B2rxbnpFLJwfZ7wzYZkEHfG3wpAZNc7jOEXaaAoOvk-2FD3xCN9XTfzjdwHnV5Pt8TVeR3pkTA-2BQPu0SIAbsd-2BhWKrqAkKHOsHI1D9g-3D-3D\" style=\"color:blue; text-decoration:underline\"><span style=\"font-size:14.0pt\">Programa Dignidade Menstrual distribui mais de 230 milh&otilde;es de absorventes em 2024<\/span><\/a><\/span><\/span><\/span><\/p>\r\n\r\n<p style=\"text-align:justify\"><span style=\"font-size:11pt\"><span style=\"line-height:normal\"><span style=\"font-family:Calibri,sans-serif\"><a href=\"https:\/\/www.cabo.pe.gov.br\/noticia\/2510\/\" style=\"color:blue; text-decoration:underline\"><span style=\"font-size:14.0pt\">Geomantas: prefeitura retoma obras de conten&ccedil;&atilde;o em Ponte dos Carvalhos, Pirapama e Sapucaia (PE)<\/span><\/a><\/span><\/span><\/span><\/p>\r\n\r\n<p style=\"text-align:justify\"><span style=\"font-size:11pt\"><span style=\"line-height:normal\"><span style=\"font-family:Calibri,sans-serif\"><a href=\"https:\/\/www.olinda.pe.gov.br\/operacao-inverno-2025-comeca-com-foco-na-desobstrucao-de-canais-e-educacao-ambiental\/\" style=\"color:blue; text-decoration:underline\"><span style=\"font-size:14.0pt\">Geomantas: opera&ccedil;&atilde;o Inverno 2025 come&ccedil;a com foco na desobstru&ccedil;&atilde;o de canais e educa&ccedil;&atilde;o ambiental<\/span><\/a><\/span><\/span><\/span><\/p>\r\n\r\n<p style=\"text-align:justify\"><span style=\"font-size:11pt\"><span style=\"line-height:normal\"><span style=\"font-family:Calibri,sans-serif\"><a href=\"https:\/\/t.rdsv2.net\/ls\/click?upn=u001.SJ-2BHbcLStyE5mTD5OK48sq2JxFfkhvQ6eAz6nLBcupUVKL8Ttw-2FQYiiF4UW6x1KPaJW0rQGd1b3rgPOZSKJPaVbWmAfr5-2FAD7D1yxc-2FaKrvZkFWM9bS-2BTDgXQLYwHOeRIVaTi5kb4jCKzl12q42jyrTI5DuEsdLTAmHYrwkL2d-2BxeGh-2FrQYmPblNTk-2FBR5wIGGCaoA2ydOwQvP8HNdtWxVi7loOFiFlg0LBUU1mxKPVhF5i4r6qj0O0t7Nz3wK19eHvovB2ymL7UFSPBs5MFBC9p-2B0jWIyujCctCbFN9bpLrbGybOqavWhVddJbukTTmGFI8iQ7L4HLUkQEL30h6cQ-3D-3DuMKa_T7N8BvZTOm04CQQMiyWztrpCjlUrRc4F7QzSgUIpTqB5Yk-2Bt7YhUyk7lZRXmbFFsi-2Foe1q0kuwsCjfsBOqL9ZeKwOqG7ApazixuGEP6Z5SJuFg5bm15p-2FcAKNI6-2BqjB-2BNx58ewx7LiYoo8zaGobL8c-2FQg1pkfaTCCey-2BxutFaRR7sr9f87k8v-2FSkmTzCF4OZLygqbEDKDzjTPKRJ1eJDnMJfNO9iPWYmjOcBwIEV93u4LeMNlSA7pi0v7koA3s35RGehERkFJAvGyJb2kRM8TjysmhnQ8pn-2BZEZK5SbMDFlXRnGRuoulM9gvD60oond4BPrDJdTJ-2BFeZWSZaGaWMy1zEeT5mYWOJ0dzIvvIWE9sLn6gZ2nh-2FopoO2twI0SypDY89f67I-2FTtDgVdGypokc-2BmRBhALQkoYCjDsNsBfHdYMZFgNpGI790-2FRTeUhvv30w8o1UFZPDezFS30PD6ibe229o6jx7L-2BmOaDUjFMXDyEdB7a-2FnbEtf8iD29qb8lwREdywpinx5Hx9ZLcOOeOG0ErrrfTSdVT8oElSWsIaPV-2B-2FMhlr3zDTcQp5wp2gx4I92d4pDwkqKcGx-2BJiLfi6kD7eDdj-2BXRMJT8oMgOaA-2FJMF4KLAJRkxP0dhSZ2sema2agwhIMqcZHYxqWB-2FggJaLIXGjQhP9tptaen1928yynQrvdFij24VaARt-2BXZSJsudKloKZ-2FSxwZsE05HSHVvye7w-3D-3D\" style=\"color:blue; text-decoration:underline\" title=\"CCM investe em tecnologia japonesa e amplia portf\u00f3lio com foco em inova\u00e7\u00e3o\"><span style=\"font-size:14.0pt\">CCM investe em tecnologia japonesa e amplia portf&oacute;lio com foco em inova&ccedil;&atilde;o<\/span><\/a><\/span><\/span><\/span><\/p>\r\n\r\n<p style=\"text-align:justify\"><span style=\"font-size:28pt\"><span style=\"font-family:Cambria,serif\"><span style=\"letter-spacing:-0.5pt\"><b><span style=\"font-size:18.0pt\"><span calibri=\"\" style=\"font-family:\"><span style=\"font-variant:small-caps\">Ind&uacute;stria<\/span><\/span><\/span><\/b><\/span><\/span><\/span><\/p>\r\n\r\n<p class=\"MsoTitleCxSpLast\"><span class=\"MsoHyperlink\" style=\"color:blue\"><span style=\"text-decoration:underline\"><span style=\"font-size:14.0pt\"><span style=\"line-height:115%\"><span calibri=\"\" style=\"font-family:\"><a href=\"https:\/\/www.gazetadevarginha.com.br\/post\/brasil-caminha-para-a-reprimariza%C3%A7%C3%A3o-das-exporta%C3%A7%C3%B5es-e-perde-espa%C3%A7o-na-ind%C3%BAstria-alerta-abimaq\" style=\"color:blue; text-decoration:underline\">Brasil caminha para a reprimariza&ccedil;&atilde;o das exporta&ccedil;&otilde;es e perde espa&ccedil;o na ind&uacute;stria, alerta Abimaq<\/a><\/span><\/span><\/span><\/span><\/span><\/p>\r\n\r\n<p class=\"MsoTitleCxSpLast\"><span style=\"font-size:11pt\"><span style=\"line-height:normal\"><span style=\"font-family:Calibri,sans-serif\"><a href=\"https:\/\/jovempan.com.br\/noticias\/economia\/industria-brasileira-fecha-2024-com-alta-de-94-e-registra-o-quarto-maior-indice-em-10-anos.html#amp_tf=De%20%251%24s&amp;aoh=17387133605760&amp;csi=0&amp;referrer=https%3A%2F%2Fwww.google.com&amp;ampshare=https%3A%2F%2Fjovempan.com.br%2Fnoticias%2Feconomia%2Findustria-brasileira-fecha-2024-com-alta-de-94-e-registra-o-quarto-maior-indice-em-10-anos.html\" style=\"color:blue; text-decoration:underline\"><span style=\"font-size:14.0pt\">Ind&uacute;stria brasileira fecha 2024 com alta de 9,4% e registra o quarto maior &iacute;ndice em 10 anos<\/span><\/a><\/span><\/span><\/span><\/p>\r\n\r\n<p class=\"MsoTitleCxSpFirst\"><span style=\"font-size:11pt\"><span style=\"line-height:normal\"><span style=\"font-family:Calibri,sans-serif\"><span class=\"MsoHyperlink\" style=\"color:blue\"><span style=\"text-decoration:underline\"><span style=\"font-size:14.0pt\"><a href=\"https:\/\/jovempan.com.br\/noticias\/economia\/faturamento-real-da-industria-em-2024-cresce-56-mostra-confederacao-nacional-da-industria.html#amp_tf=De%20%251%24s&amp;aoh=17389732627759&amp;csi=0&amp;referrer=https%3A%2F%2Fwww.google.com&amp;ampshare=https%3A%2F%2Fjovempan.com.br%2Fnoticias%2Feconomia%2Ffaturamento-real-da-industria-em-2024-cresce-56-mostra-confederacao-nacional-da-industria.html\" style=\"color:blue; text-decoration:underline\">Faturamento real da ind&uacute;stria em 2024 cresce 5,6%, mostra Confedera&ccedil;&atilde;o Nacional da Ind&uacute;stria<\/a><\/span><\/span><\/span><\/span><\/span><\/span><\/p>\r\n\r\n<p class=\"MsoTitle\" style=\"text-align:justify\"><span style=\"font-size:11pt\"><span style=\"line-height:normal\"><span style=\"font-family:Calibri,sans-serif\"><span class=\"MsoHyperlink\" style=\"color:blue\"><span style=\"text-decoration:underline\"><span style=\"font-size:14.0pt\"><a href=\"https:\/\/noticias.portaldaindustria.com.br\/noticias\/economia\/nenhum-pais-consegue-se-desenvolver-sem-industria-forte-diz-presidente-da-cni\/\" style=\"color:blue; text-decoration:underline\">Nenhum pa&iacute;s consegue se desenvolver sem ind&uacute;stria forte, diz presidente da CNI<\/a><\/span><\/span><\/span><\/span><\/span><\/span><\/p>\r\n\r\n<p style=\"text-align:justify\"><span style=\"font-size:11pt\"><span style=\"line-height:normal\"><span style=\"font-family:Calibri,sans-serif\"><span class=\"MsoHyperlink\" style=\"color:blue\"><span style=\"text-decoration:underline\"><span style=\"font-size:14.0pt\"><a href=\"https:\/\/petronoticias.com.br\/a-industria-quimica-brasileira-fechou-o-ano-de-2024-com-um-deficit-alarmante-de-cerca-de-us-50-bilhoes\/\" style=\"color:blue; text-decoration:underline\">A ind&uacute;stria qu&iacute;mica brasileira fechou o ano de 2024 com um d&eacute;ficit alarmante de cerca de US$ 50 bilh&otilde;es<\/a><\/span><\/span><\/span><\/span><\/span><\/span><\/p>\r\n\r\n<p class=\"MsoTitleCxSpFirst\"><span style=\"font-size:28pt\"><span style=\"font-family:Cambria,serif\"><span style=\"letter-spacing:-0.5pt\"><b><span style=\"font-size:18.0pt\"><span calibri=\"\" style=\"font-family:\"><span style=\"font-variant:small-caps\">Sustentabilidade<\/span><\/span><\/span><\/b><\/span><\/span><\/span><\/p>\r\n\r\n<p class=\"MsoTitleCxSpLast\"><span style=\"font-size:11pt\"><span style=\"line-height:115%\"><span style=\"font-family:Calibri,sans-serif\"><a href=\"http:\/\/clickemail.portalpersonalcare.com.br\/ls\/click?upn=u001.D2-2F0Tg0A29KXXLMT6ctG-2BYOihdDbc-2ByFrUFb3ZXMT9SUbKNs0gWESrIVErey0R1UTELHg30OX3GVv9ZgmfD6e31XL6y96oAQ0sLdWeaUmtA9rCUEr8YQtuhlPy-2B9Kuh-2BtLxNzEfWbtI4eCvmmr2ez-2By3DPM2hHBkuHLy8kvOBhqK0oV7yZIYUi5skqoFjI-2BROP6Ci83oP5BmAXhKWGphovGiTugwDjDLWOSW7ZjX6gY-3D9fMU_T7N8BvZTOm04CQQMiyWztrpCjlUrRc4F7QzSgUIpTqDyHxxxhGpyWLohz7JoE2GE5NHlS-2BYZoX1R75Fh8KCze9GvCCb-2FinuNgc39g0Cdbe-2FcU8RlSBQhp5om11AQZQ-2FDG5lMiIxJjWxjRG6Ohvo1lrP6a7FRyfhx3mlrV8F-2F893Abn1b1j0meALWmTr0mHYZ0VOj-2BZIrC7sbVEwRu8NRqo0EBD2-2BsavXNYsDj8IV-2B1FYxFq3SkaYULw4lvbup943QsI7Bv2KIJIhH1ad-2F327-2BLdVZsD2fIxtU9JmUROuUCesbJ2nSX3Iwm0pHmVoQjLclzZ6lMyfbw2h3A0wSqgT7CLW8uTU17L0gabuNJtAaV-2BcXERD0u38ohVM4ztzCl822iwiq6zpFo1fvCcXL7peQr04V0hCBs2BGMtINtP5louQNRGi11T6etPn-2B-2Bw-2BC6VQvrBZSnUjnBtzgwdERCPeOuQUycVKvyI4mE4QrQ3bl2Y4ZVpmfcgrYt-2FCPbAnz7dbL8kdkjuk9Nl10zlTJJTJpkJ1dJ0sizMkFgxRGTyv3II2A1-2BjHOMRYeCXwla1oE7i9hCqGfELc5gifH2QEa6qncvdC8H-2B6FmlazmPGi-2FcXkw0Q1xxdTHdaR3-2FOQ0ZsCT9bXNnZTfQORJ-2FuZFECYtz6Q-3D-3D\" style=\"color:blue; text-decoration:underline\"><span style=\"font-size:14.0pt\"><span style=\"line-height:115%\">Woosh lan&ccedil;a fralda recicl&aacute;vel de devolu&ccedil;&atilde;o na B&eacute;lgica<\/span><\/span><\/a><\/span><\/span><\/span><\/p>\r\n\r\n<p><span style=\"font-size:11pt\"><span style=\"line-height:normal\"><span style=\"font-family:Calibri,sans-serif\"><span class=\"MsoHyperlink\" style=\"color:blue\"><span style=\"text-decoration:underline\"><span style=\"font-size:14.0pt\"><a href=\"https:\/\/www.revistaplasticosul.com.br\/sustentabilidade\/dohler-inova-em-sustentabilidade-com-produtos-feitos-de-garrafas-pet-recicladas\/\" style=\"color:blue; text-decoration:underline\">D&ouml;hler inova em sustentabilidade com produtos feitos de garrafas pet recicladas<\/a><\/span><\/span><\/span><\/span><\/span><\/span><\/p>\r\n\r\n<p><span style=\"font-size:11pt\"><span style=\"line-height:normal\"><span style=\"font-family:Calibri,sans-serif\"><span class=\"MsoHyperlink\" style=\"color:blue\"><span style=\"text-decoration:underline\"><span style=\"font-size:14.0pt\"><a href=\"https:\/\/www.fibre2fashion.com\/news\/textile-news\/testex-academy-launches-certification-for-eu-sustainability-compliance-300341-newsdetails.htm\" style=\"color:blue; text-decoration:underline\">La Academia TESTEX lanza una certificaci&oacute;n para el cumplimiento de la sostenibilidad de la UE<\/a><\/span><\/span><\/span><\/span><\/span><\/span><\/p>\r\n\r\n<p><b style=\"letter-spacing: -0.5pt; font-family: Cambria, serif; font-size: 28pt; text-align: justify;\"><span style=\"font-size:18.0pt\"><span calibri=\"\" style=\"font-family:\"><span style=\"font-variant-numeric: normal; font-variant-east-asian: normal; font-variant-caps: small-caps; font-variant-alternates: normal; font-variant-position: normal; font-variant-emoji: normal;\">Inova&ccedil;&atilde;o<\/span><\/span><\/span><\/b><\/p>\r\n\r\n<p class=\"MsoTitle\"><span style=\"font-size:11pt\"><span style=\"line-height:normal\"><span style=\"font-family:Calibri,sans-serif\"><span class=\"MsoHyperlink\" style=\"color:blue\"><span style=\"text-decoration:underline\"><span style=\"font-size:14.0pt\"><a href=\"https:\/\/www.inovacaotecnologica.com.br\/noticias\/noticia.php?artigo=sombreamento-bioinspirado-torna-predios-responsivos-condicoes-climaticas&amp;id=010170250206&amp;ebol=sim#google_vignette\" style=\"color:blue; text-decoration:underline\">Sombreamento bioinspirado controla clima de pr&eacute;dios sem gastar energia<\/a><\/span><\/span><\/span><\/span><\/span><\/span><\/p>\r\n\r\n<p class=\"MsoTitle\"><span style=\"font-size:11pt\"><span style=\"line-height:normal\"><span style=\"font-family:Calibri,sans-serif\"><span class=\"MsoHyperlink\" style=\"color:blue\"><span style=\"text-decoration:underline\"><span style=\"font-size:14.0pt\"><a href=\"https:\/\/clickpetroleoegas.com.br\/tijolos-de-plastico-revolucionam-a-construcao-civil-com-encaixe-sem-argamassa-conforto-termico-e-reducao-de-residuos\/\" style=\"color:blue; text-decoration:underline\">Tijolos de pl&aacute;stico revolucionam a constru&ccedil;&atilde;o civil! Com encaixe sem argamassa, conforto t&eacute;rmico e redu&ccedil;&atilde;o de res&iacute;duos<\/a><\/span><\/span><\/span><\/span><\/span><\/span><\/p>\r\n\r\n<p class=\"MsoTitle\"><span style=\"font-size:28pt\"><span style=\"font-family:Cambria,serif\"><span style=\"letter-spacing:-0.5pt\"><b><span style=\"font-size:18.0pt\"><span calibri=\"\" style=\"font-family:\"><span style=\"font-variant:small-caps\">Com&eacute;rcio Exterior<\/span><\/span><\/span><\/b><\/span><\/span><\/span><\/p>\r\n\r\n<p><span style=\"font-size:11pt\"><span style=\"line-height:normal\"><span style=\"font-family:Calibri,sans-serif\"><span class=\"MsoHyperlink\" style=\"color:blue\"><span style=\"text-decoration:underline\"><span style=\"font-size:14.0pt\"><a href=\"https:\/\/mercadoeconsumo.com.br\/07\/02\/2025\/artigos\/impactos-trump-a-economia-brasileira-o-tabuleiro-mundial-ha-muito-tempo-nao-estava-em-redefinicao-como-agora\/?utm_campaign=news_geral_-_0702&amp;utm_medium=email&amp;utm_source=RD+Station\" style=\"color:blue; text-decoration:underline\">Impactos Trump &agrave; economia brasileira: o tabuleiro mundial h&aacute; muito tempo n&atilde;o estava em redefini&ccedil;&atilde;o como agora<\/a><\/span><\/span><\/span><\/span><\/span><\/span><\/p>\r\n\r\n<p><span style=\"font-size:11pt\"><span style=\"line-height:normal\"><span style=\"font-family:Calibri,sans-serif\"><span class=\"MsoHyperlink\" style=\"color:blue\"><span style=\"text-decoration:underline\"><span style=\"font-size:14.0pt\"><a href=\"https:\/\/g1.globo.com\/economia\/noticia\/2025\/02\/06\/balanca-comercial-brasil-importa-mais-do-que-exporta-na-relacao-com-os-eua-desde-2009.ghtml\" style=\"color:blue; text-decoration:underline\">Balan&ccedil;a comercial: Brasil importa mais do que exporta na rela&ccedil;&atilde;o com os EUA desde 2009<\/a><\/span><\/span><\/span><\/span><\/span><\/span><\/p>\r\n\r\n<p><span style=\"font-size:11pt\"><span style=\"line-height:normal\"><span style=\"font-family:Calibri,sans-serif\"><span class=\"MsoHyperlink\" style=\"color:blue\"><span style=\"text-decoration:underline\"><span style=\"font-size:14.0pt\"><a href=\"https:\/\/view.b.economist.com\/?qs=ced029b663eed0ae2ce8934eedf9a46b0657f2760095de89a9338acd12f723120e894719dd27daa40d37447aa43321798b115904251c940ee13e2526d377f51b6fca10f5485465b4b5ab78fabbfc6600\" style=\"color:blue; text-decoration:underline\">Trading places: the unintended geography of tariff avoidance<\/a><\/span><\/span><\/span><\/span><\/span><\/span><\/p>\r\n\r\n<p><span style=\"font-size:11pt\"><span style=\"line-height:normal\"><span style=\"font-family:Calibri,sans-serif\"><span class=\"MsoHyperlink\" style=\"color:blue\"><span style=\"text-decoration:underline\"><span style=\"font-size:14.0pt\"><a href=\"https:\/\/plasticosemrevista.com.br\/malasia-impoe-antidumping-para-pet\/\" style=\"color:blue; text-decoration:underline\">Mal&aacute;sia imp&otilde;e antidumping para PET<\/a><\/span><\/span><\/span><\/span><\/span><\/span><\/p>\r\n\r\n<p><span style=\"font-size:11pt\"><span style=\"line-height:normal\"><span style=\"font-family:Calibri,sans-serif\"><span class=\"MsoHyperlink\" style=\"color:blue\"><span style=\"text-decoration:underline\"><span style=\"font-size:14.0pt\"><a href=\"https:\/\/plasticosemrevista.com.br\/brasil-importou-quase-4-milhoes-de-toneladas-de-resinas-commodities-em-2024\/\" style=\"color:blue; text-decoration:underline\">Brasil importou quase 4 milh&otilde;es de toneladas de resinas commodities em 2024<\/a><\/span><\/span><\/span><\/span><\/span><\/span><\/p>\r\n\r\n<p><span style=\"font-size:11pt\"><span style=\"line-height:normal\"><span style=\"font-family:Calibri,sans-serif\"><a href=\"https:\/\/www.abcmais.com\/economia\/argentina-atrasa-pagamento-de-exportacoes-calcadistas-e-preocupa-empresarios-da-regiao\/\" style=\"color:blue; text-decoration:underline\"><span style=\"font-size:14.0pt\">Argentina atrasa pagamento de exporta&ccedil;&otilde;es cal&ccedil;adistas e preocupa empres&aacute;rios da regi&atilde;o<\/span><\/a><\/span><\/span><\/span><\/p>\r\n\r\n<p><span style=\"font-size:28pt\"><span style=\"font-family:Cambria,serif\"><span style=\"letter-spacing:-0.5pt\"><b><span style=\"font-size:18.0pt\"><span calibri=\"\" style=\"font-family:\"><span style=\"font-variant:small-caps\">Economia<\/span><\/span><\/span><\/b><\/span><\/span><\/span><\/p>\r\n\r\n<p style=\"text-align:justify\"><span style=\"font-size:11pt\"><span style=\"line-height:normal\"><span style=\"font-family:Calibri,sans-serif\"><a href=\"https:\/\/www.bcb.gov.br\/content\/focus\/focus\/R20250207.pdf\" style=\"color:blue; text-decoration:underline\"><span style=\"font-size:14.0pt\">Focus - Relat&oacute;rio de Mercado<\/span><\/a><\/span><\/span><\/span><\/p>\r\n\r\n<p style=\"text-align:justify\"><span style=\"font-size:11pt\"><span style=\"line-height:normal\"><span style=\"font-family:Calibri,sans-serif\"><a href=\"https:\/\/revistaoeste.com\/economia\/mercado-financeiro-alerta-para-recessao-tecnica-no-brasil\/\" style=\"color:blue; text-decoration:underline\"><span style=\"font-size:14.0pt\">Mercado financeiro alerta para recess&atilde;o t&eacute;cnica no Brasil<\/span><\/a><\/span><\/span><\/span><\/p>\r\n\r\n<p style=\"text-align:justify\"><span style=\"font-size:11pt\"><span style=\"line-height:normal\"><span style=\"font-family:Calibri,sans-serif\"><a href=\"https:\/\/ibre.fgv.br\/blog-da-conjuntura-economica\/artigos\/em-foco-185\" style=\"color:blue; text-decoration:underline\"><span style=\"font-size:14.0pt\">Para onde estamos indo?<\/span><\/a><\/span><\/span><\/span><\/p>\r\n\r\n<p style=\"text-align:justify\"><span style=\"font-size:11pt\"><span style=\"line-height:normal\"><span style=\"font-family:Calibri,sans-serif\"><a href=\"https:\/\/mcusercontent.com\/bb2306a994990277e5a149047\/files\/b55eef4b-7648-7ecd-a04b-84e6f3a94fa0\/Cartilha_Reforma_Tribut_aacute_ria_HLL_amp_Pieri_Advogados.pdf\" style=\"color:blue; text-decoration:underline\"><span style=\"font-size:14.0pt\">Cartilha &#39;Reforma Tribut&aacute;ria - Aspectos Gerais&#39;<\/span><\/a><\/span><\/span><\/span><\/p>\r\n\r\n<p style=\"text-align:justify\"><span style=\"font-size:11.0pt\"><span style=\"line-height:115%\"><span calibri=\"\" style=\"font-family:\"><a href=\"https:\/\/portalibre.fgv.br\/system\/files\/divulgacao\/noticias\/mat-complementar\/2025-02\/Bar%C3%B4metros%20Globais%20KOF-FGV_Press%20release_02_2025.pdf\" style=\"color:blue; text-decoration:underline\"><span style=\"font-size:14.0pt\"><span style=\"line-height:115%\">Bar&ocirc;metros Globais sobem ap&oacute;s queda em janeiro<\/span><\/span><\/a><\/span><\/span><\/span><\/p>\r\n\r\n<p style=\"text-align:justify\">&nbsp;<\/p>\r\n\r\n<p style=\"text-align:justify\"><img src=\"https:\/\/www.abint.org.br\/assets\/img\/editor\/redes-sociais-abint-ctg-cth_20250205143403kcH4SBmjCL.jpg\" \/><\/p>\r\n","6":"<p style=\"text-align:justify\"><span style=\"font-size:11pt\"><span style=\"line-height:normal\"><span style=\"font-family:Calibri,sans-serif\"><span style=\"font-size:14.0pt\">Esta &eacute; uma compila&ccedil;&atilde;o das not&iacute;cias mais relevantes para o setor, incluindo informa&ccedil;&otilde;es sobre acordos internacionais, economia brasileira, sustentabilidade e mat&eacute;rias primas, al&eacute;m de novidades do setor de N&atilde;otecidos e Tecidos T&eacute;cnicos.<\/span><\/span><\/span><\/span><\/p>\r\n\r\n<p style=\"text-align:justify\"><span style=\"font-size:28pt\"><span style=\"font-family:Cambria,serif\"><span style=\"letter-spacing:-0.5pt\"><b><span style=\"font-size:18.0pt\"><span calibri=\"\" style=\"font-family:\"><span style=\"font-variant:small-caps\">O que vem por a&iacute;<\/span><\/span><\/span><\/b><\/span><\/span><\/span><\/p>\r\n\r\n<p><b><img src=\"https:\/\/www.abint.org.br\/assets\/img\/editor\/original_20250205135321qhYeNy3IgM.png\" style=\"width: 300px; height: 69px;\" \/><\/b><\/p>\r\n\r\n<p><b><img src=\"https:\/\/www.abint.org.br\/assets\/img\/editor\/post-quadrado-curso-naotecido_20250205135414oZsyScRWnD.jpg\" style=\"width: 500px; height: 500px;\" \/><\/b><\/p>\r\n\r\n<p><a href=\"https:\/\/forms.office.com\/pages\/responsepage.aspx?id=n9pNk1glrE6b5i8lS53621O-4jMsuCNBqhQBI597U0lUNlJaRFVVWjZDRk4xMEVWSkZDSUVOMVRSVi4u&amp;route=shorturl\">Fa&ccedil;a sua inscri&ccedil;&atilde;o<\/a><\/p>\r\n\r\n<p>&nbsp;<\/p>\r\n\r\n<p><img src=\"https:\/\/www.abint.org.br\/assets\/img\/editor\/logo-ctg-abint-png_202502051355479yWykO7ojh.png\" style=\"width: 300px; height: 55px;\" \/><\/p>\r\n\r\n<p>&nbsp;<\/p>\r\n\r\n<p><img src=\"https:\/\/www.abint.org.br\/assets\/img\/editor\/live-curso-br-instal-gm-2025-2_20250205135648JwdaUCOQ35.jpeg\" style=\"width: 500px; height: 500px;\" \/><\/p>\r\n\r\n<p><a href=\"https:\/\/www.youtube.com\/watch?v=zs0x4z03NUE\">Ative o sininho da LIVE<\/a><\/p>\r\n\r\n<p>&nbsp;<\/p>\r\n\r\n<p><img src=\"https:\/\/www.abint.org.br\/assets\/img\/editor\/post-curso-br-instal-gm-2025_20250205135746uUVJpTDyEg.jpg\" style=\"width: 500px; height: 500px;\" \/><\/p>\r\n\r\n<p><a href=\"https:\/\/www.eventbrite.com\/e\/curso-brasileiro-de-instalacao-de-geomembranas-paulo-kenji-acakura-2025-tickets-1111455586579?aff=oddtdtcreator\">Fa&ccedil;a sua inscri&ccedil;&atilde;o<\/a><\/p>\r\n\r\n<p>&nbsp;<\/p>\r\n\r\n<p><img src=\"https:\/\/www.abint.org.br\/assets\/img\/editor\/e-mail-post-premio-tcc-icc-2024-2025_20250205143024je0yZgOKML.png\" style=\"width: 500px; height: 500px;\" \/><\/p>\r\n\r\n<p><a href=\"https:\/\/geossinteticos.org.br\/premiotccic\">Inscreva seu trabalho<\/a><\/p>\r\n\r\n<p><span style=\"font-size:28pt\"><span style=\"font-family:Cambria,serif\"><span style=\"letter-spacing:-0.5pt\"><b><span style=\"font-size:18.0pt\"><span calibri=\"\" style=\"font-family:\"><span style=\"font-variant:small-caps\">Not&iacute;cias das Associadas<\/span><\/span><\/span><\/b><\/span><\/span><\/span><\/p>\r\n\r\n<p style=\"text-align:justify\"><span style=\"font-size:11pt\"><span style=\"line-height:normal\"><span style=\"font-family:Calibri,sans-serif\"><a href=\"https:\/\/gazetadasemana.com.br\/noticia\/212307\/estao-abertas-as-inscricoes-para-o-curso-de-instalacao-de-geomembranas-no-instituto-maua-de-tecnologia\" style=\"color:blue; text-decoration:underline\"><span style=\"font-size:14.0pt\">Est&atilde;o abertas as inscri&ccedil;&otilde;es para o Curso de Instala&ccedil;&atilde;o de Geomembranas no Instituto Mau&aacute; de Tecnologia<\/span><\/a><\/span><\/span><\/span><\/p>\r\n\r\n<p style=\"text-align:justify\"><span style=\"font-size:11pt\"><span style=\"line-height:normal\"><span style=\"font-family:Calibri,sans-serif\"><a href=\"https:\/\/www.fibre2fashion.com\/news\/technical-textiles\/andritz-commissions-rexline-tearing-installation-at-aitex-in-spain-300475-newsdetails.htm\" style=\"color:blue; text-decoration:underline\"><span lang=\"EN-US\" style=\"font-size:14.0pt\">Andritz commissions reXline tearing installation at Aitex in Spain<\/span><\/a><\/span><\/span><\/span><\/p>\r\n\r\n<p style=\"text-align:justify\"><span style=\"font-size:11pt\"><span style=\"line-height:normal\"><span style=\"font-family:Calibri,sans-serif\"><a href=\"https:\/\/www.fibre2fashion.com\/news\/technical-textiles\/andritz-commissions-bast-fibre-line-at-ekolution-in-sweden-300434-newsdetails.htm\" style=\"color:blue; text-decoration:underline\"><span lang=\"EN-US\" style=\"font-size:14.0pt\">Andritz commissions bast fibre line at Ekolution in Sweden<\/span><\/a><\/span><\/span><\/span><\/p>\r\n\r\n<p style=\"text-align:justify\"><span style=\"font-size:11pt\"><span style=\"line-height:normal\"><span style=\"font-family:Calibri,sans-serif\"><a href=\"https:\/\/gurudoscarros.com.br\/2025\/01\/31\/empresa-brasileira-cria-revestimento-camaleao-para-interiores-automotivos\/\" style=\"color:blue; text-decoration:underline\"><span style=\"font-size:14.0pt\">Cipatex: empresa brasileira cria revestimento &ldquo;camale&atilde;o&rdquo; para interiores automotivos<\/span><\/a><\/span><\/span><\/span><\/p>\r\n\r\n<p style=\"text-align:justify\"><span style=\"font-size:11pt\"><span style=\"line-height:normal\"><span style=\"font-family:Calibri,sans-serif\"><a href=\"https:\/\/www.innovationintextiles.com\/composites\/benefits-of-nonwovens-highlighted-at-jec-world-2025\/\" style=\"color:blue; text-decoration:underline\"><span lang=\"EN-US\" style=\"font-size:14.0pt\">Freudenberg: Benefits of nonwovens highlighted at JEC World 2025<\/span><\/a><\/span><\/span><\/span><\/p>\r\n\r\n<p style=\"text-align:justify\"><span style=\"font-size:11pt\"><span style=\"line-height:normal\"><span style=\"font-family:Calibri,sans-serif\"><a href=\"https:\/\/www.nonwovens-industry.com\/contents\/view_breaking-news\/2025-02-06\/freudenberg-to-showcase-nonwoven-battery-separators-at-international-battery-seminar\/15303\" style=\"color:blue; text-decoration:underline\"><span lang=\"ES-AR\" style=\"font-size:14.0pt\">Freudenberg to Showcase Nonwoven Battery Separators at International Battery Seminar<\/span><\/a><\/span><\/span><\/span><\/p>\r\n\r\n<p style=\"text-align:justify\">&nbsp;<\/p>\r\n\r\n<p style=\"text-align:justify\"><span style=\"font-size:11pt\"><span style=\"line-height:normal\"><span style=\"font-family:Calibri,sans-serif\"><b><span style=\"font-size:18.0pt\"><span style=\"font-variant:small-caps\">Eventos<\/span><\/span><\/b><\/span><\/span><\/span><\/p>\r\n\r\n<p style=\"text-align:justify\"><span style=\"font-size:11pt\"><span style=\"line-height:normal\"><span style=\"font-family:Calibri,sans-serif\"><a href=\"https:\/\/www.fimec.com.br\/\" style=\"color:blue; text-decoration:underline\"><b><span style=\"font-size:14.0pt\">Fimec 2025<\/span><\/b><\/a><span style=\"font-size:14.0pt\">, 18 a 20 de mar&ccedil;o, Fenac, Novo Hamburgo, RS<\/span><\/span><\/span><\/span><\/p>\r\n\r\n<p style=\"text-align:justify\"><span style=\"font-size:11pt\"><span style=\"line-height:normal\"><span style=\"font-family:Calibri,sans-serif\"><a href=\"https:\/\/www.plasticobrasil.com.br\/pt\/home.html\" style=\"color:blue; text-decoration:underline\"><b><span style=\"font-size:14.0pt\">Feira Pl&aacute;stico Brasil<\/span><\/b><\/a><span style=\"font-size:14.0pt\">, de 24 a 28 de mar&ccedil;o de 2025, 10h &agrave;s 19h, S&atilde;o Paulo Expo, Rodovia dos Imigrantes, km 1,5<\/span><\/span><\/span><\/span><\/p>\r\n\r\n<p style=\"text-align:justify\"><span style=\"font-size:11pt\"><span style=\"line-height:normal\"><span style=\"font-family:Calibri,sans-serif\"><a href=\"https:\/\/www.automecfeira.com.br\/pt-br.html\" style=\"color:blue; text-decoration:underline\"><b><span style=\"font-size:14.0pt\">Automec 2025<\/span><\/b><\/a><span style=\"font-size:14.0pt\">, 22 a 26 de abril de 2025, S&atilde;o Paulo Expo, Rodovia dos Imigrantes, Km 1,5, &Aacute;gua Funda, S&atilde;o Paulo, SP.<\/span><\/span><\/span><\/span><\/p>\r\n\r\n<p style=\"text-align:justify\"><span style=\"font-size:11pt\"><span style=\"line-height:normal\"><span style=\"font-family:Calibri,sans-serif\"><a href=\"https:\/\/www.hospitalar.com\/pt\/home.html\" style=\"color:blue; text-decoration:underline\"><b><span style=\"font-size:14.0pt\">Hospitalar 2025<\/span><\/b><\/a><span style=\"font-size:14.0pt\">, 20 a 23 de maio, 11h00 &agrave;s 20h00, S&atilde;o Paulo Expo, Rodovia dos Imigrantes, km 1,5<\/span><\/span><\/span><\/span><\/p>\r\n\r\n<p style=\"text-align:justify\"><span style=\"font-size:11pt\"><span style=\"line-height:normal\"><span style=\"font-family:Calibri,sans-serif\"><a href=\"https:\/\/ideashow.org\/\" style=\"color:blue; text-decoration:underline\"><b><span lang=\"EN-US\" style=\"font-size:14.0pt\">IDEA25<\/span><\/b><\/a><span lang=\"EN-US\" style=\"font-size:14.0pt\">, April 29-May 1, 2025, Miami Beach Convention Center, Miami Beach, Florida<\/span><\/span><\/span><\/span><\/p>\r\n\r\n<p style=\"text-align:justify\"><span style=\"font-size:11pt\"><span style=\"line-height:normal\"><span style=\"font-family:Calibri,sans-serif\"><a href=\"https:\/\/www.conbrava.com.br\/\" style=\"color:blue; text-decoration:underline\"><b><span style=\"font-size:14.0pt\">CONBRAVA 2025<\/span><\/b><\/a><span style=\"font-size:14.0pt\">, 10 a 12 de setembro de 2025, S&atilde;o Paulo Expo, Rodovia dos Imigrantes, km 1,5<\/span><\/span><\/span><\/span><\/p>\r\n\r\n<p style=\"text-align:justify\"><span style=\"font-size:11pt\"><span style=\"line-height:normal\"><span style=\"font-family:Calibri,sans-serif\"><a href=\"https:\/\/paving.com.br\/\" style=\"color:blue; text-decoration:underline\"><b><span style=\"font-size:14.0pt\">Paving Expo 2025<\/span><\/b><\/a><span style=\"font-size:14.0pt\">, 23 a 25 de setembro de 2025, Distrito Anhembi, Rua Prof. Milton Rodrigues, s\/n, Santana, S&atilde;o Paulo, SP<\/span><\/span><\/span><\/span><\/p>\r\n\r\n<p style=\"text-align:justify\"><span style=\"font-size:11pt\"><span style=\"line-height:normal\"><span style=\"font-family:Calibri,sans-serif\"><b><span style=\"font-size:14.0pt\">17&ordm; Congresso Brasileiro de Enfermagem em Centro Cir&uacute;rgico: &ldquo;O poder de cuidar&rdquo;<\/span><\/b><span style=\"font-size:14.0pt\">, 01 a 03 de outubro de 2025, Transamerica Expo Center, S&atilde;o Paulo, SP<\/span><\/span><\/span><\/span><\/p>\r\n\r\n<p style=\"text-align:justify\"><span style=\"font-size:11pt\"><span style=\"line-height:normal\"><span style=\"font-family:Calibri,sans-serif\"><a href=\"https:\/\/hospitalmed.com.br\/feira\/\" style=\"color:blue; text-decoration:underline\"><b><span style=\"font-size:14.0pt\">HospitalMed 2025<\/span><\/b><\/a><span style=\"font-size:14.0pt\">, 22 a 24 de outubro, Pernambuco Centro de Conven&ccedil;&otilde;es, Olinda<\/span><\/span><\/span><\/span><\/p>\r\n\r\n<p style=\"text-align:justify\"><span style=\"font-size:28pt\"><span style=\"font-family:Cambria,serif\"><span style=\"letter-spacing:-0.5pt\"><b><span style=\"font-size:18.0pt\"><span calibri=\"\" style=\"font-family:\"><span style=\"font-variant:small-caps\">Setor<\/span><\/span><\/span><\/b><\/span><\/span><\/span><\/p>\r\n\r\n<p style=\"text-align:justify\"><span style=\"font-size:11pt\"><span style=\"line-height:normal\"><span style=\"font-family:Calibri,sans-serif\"><a href=\"https:\/\/www.elnuevosiglo.com.co\/economia\/nueva-medida-antidumping-para-china-en-productos-de-tela-no-tejida\" style=\"color:blue; text-decoration:underline\"><span lang=\"ES-AR\" style=\"font-size:14.0pt\">Colombia | Nueva medida antidumping para China en productos de tela no tejida<\/span><\/a><\/span><\/span><\/span><\/p>\r\n\r\n<p style=\"text-align:justify\"><span style=\"font-size:11pt\"><span style=\"line-height:normal\"><span style=\"font-family:Calibri,sans-serif\"><a href=\"https:\/\/casa.abril.com.br\/arquitetura-e-construcao\/paredao-se-transforma-em-jardim-vertical-com-250-mudas\/\" style=\"color:blue; text-decoration:underline\"><span style=\"font-size:14.0pt\">N&atilde;otecidos: pared&atilde;o se transforma em jardim vertical com 250 mudas<\/span><\/a><\/span><\/span><\/span><\/p>\r\n\r\n<p style=\"text-align:justify\"><span style=\"font-size:11pt\"><span style=\"line-height:normal\"><span style=\"font-family:Calibri,sans-serif\"><a href=\"https:\/\/www.nonwovens-industry.com\/contents\/view_breaking-news\/2025-02-04\/nwi-to-host-spring-industrial-advisory-board-meeting\/15303\" style=\"color:blue; text-decoration:underline\"><span lang=\"EN-US\" style=\"font-size:14.0pt\">Nonwovens Institute to Host Spring Industrial Advisory Board Meeting<\/span><\/a><\/span><\/span><\/span><\/p>\r\n\r\n<p style=\"text-align:justify\"><span style=\"font-size:11pt\"><span style=\"line-height:normal\"><span style=\"font-family:Calibri,sans-serif\"><a href=\"http:\/\/clickemail.portalpersonalcare.com.br\/ls\/click?upn=u001.D2-2F0Tg0A29KXXLMT6ctG-2BYOihdDbc-2ByFrUFb3ZXMT9RFvGcX8mei4LwXTeZJ7jo-2FU0G-2FqAokfPiMjfVy7arMMMq1NM-2BXbBbo7XZcC4jtoBQsvbAxxEei3GjN3W8dRmKKjfL4PI8syWvGsJ94OR87eepy5NI3K3YdABtbOcbhD9wI5B7IfIu7L7TdZ2K7jvDhBjxRWK8GWvLd9g2KIntP7a3s1MOUHhRyEH9iF8tWIrawvGlV94-2FU-2Bfq4EsJ-2FYZOhU1-2BWAwDQZsDIOi1eoZ2YNg-3D-3DBs2t_T7N8BvZTOm04CQQMiyWztrpCjlUrRc4F7QzSgUIpTqDyHxxxhGpyWLohz7JoE2GE5NHlS-2BYZoX1R75Fh8KCze9GvCCb-2FinuNgc39g0Cdbe-2FcU8RlSBQhp5om11AQZQ-2FDG5lMiIxJjWxjRG6Ohvo1lrP6a7FRyfhx3mlrV8F-2F893Abn1b1j0meALWmTr0mHYZ0VOj-2BZIrC7sbVEwRu8NRqo0EBD2-2BsavXNYsDj8IV-2B1FYxFq3SkaYULw4lvbup943QsI7Bv2KIJIhH1ad-2F327-2BLdVZsD2fIxtU9JmUROuUCesbJ2nSX3Iwm0pHmVoQjLclzZ6lMyfbw2h3A0wSqgT7CLW8uTU17L0gabuNJtAaV-2BcXERD0u38ohVM4ztzCl822iwiq6zpFo1fvCcXL7peQr04V0hCBs2BGMtINtP5louQNRGi11T6etPn-2B-2Bw-2BC6VQvrBZSnUjnBtzgwdERCPeOuQUycVKvyI4mE4QrQ3bl2Y4ZVpmfcgrYt-2FCPbAnz7dbuRLpwjEaH-2BZj1YZhaMmYjHSl9dpeMTmozeT9MyPPXHSklJAfT-2B2rxbnpFLJwfZ7wzYZkEHfG3wpAZNc7jOEXaaAoOvk-2FD3xCN9XTfzjdwHnV5Pt8TVeR3pkTA-2BQPu0SIAbsd-2BhWKrqAkKHOsHI1D9g-3D-3D\" style=\"color:blue; text-decoration:underline\"><span style=\"font-size:14.0pt\">Programa Dignidade Menstrual distribui mais de 230 milh&otilde;es de absorventes em 2024<\/span><\/a><\/span><\/span><\/span><\/p>\r\n\r\n<p style=\"text-align:justify\"><span style=\"font-size:11pt\"><span style=\"line-height:normal\"><span style=\"font-family:Calibri,sans-serif\"><a href=\"https:\/\/www.cabo.pe.gov.br\/noticia\/2510\/\" style=\"color:blue; text-decoration:underline\"><span style=\"font-size:14.0pt\">Geomantas: prefeitura retoma obras de conten&ccedil;&atilde;o em Ponte dos Carvalhos, Pirapama e Sapucaia (PE)<\/span><\/a><\/span><\/span><\/span><\/p>\r\n\r\n<p style=\"text-align:justify\"><span style=\"font-size:11pt\"><span style=\"line-height:normal\"><span style=\"font-family:Calibri,sans-serif\"><a href=\"https:\/\/www.olinda.pe.gov.br\/operacao-inverno-2025-comeca-com-foco-na-desobstrucao-de-canais-e-educacao-ambiental\/\" style=\"color:blue; text-decoration:underline\"><span style=\"font-size:14.0pt\">Geomantas: opera&ccedil;&atilde;o Inverno 2025 come&ccedil;a com foco na desobstru&ccedil;&atilde;o de canais e educa&ccedil;&atilde;o ambiental<\/span><\/a><\/span><\/span><\/span><\/p>\r\n\r\n<p style=\"text-align:justify\"><span style=\"font-size:11pt\"><span style=\"line-height:normal\"><span style=\"font-family:Calibri,sans-serif\"><a href=\"https:\/\/t.rdsv2.net\/ls\/click?upn=u001.SJ-2BHbcLStyE5mTD5OK48sq2JxFfkhvQ6eAz6nLBcupUVKL8Ttw-2FQYiiF4UW6x1KPaJW0rQGd1b3rgPOZSKJPaVbWmAfr5-2FAD7D1yxc-2FaKrvZkFWM9bS-2BTDgXQLYwHOeRIVaTi5kb4jCKzl12q42jyrTI5DuEsdLTAmHYrwkL2d-2BxeGh-2FrQYmPblNTk-2FBR5wIGGCaoA2ydOwQvP8HNdtWxVi7loOFiFlg0LBUU1mxKPVhF5i4r6qj0O0t7Nz3wK19eHvovB2ymL7UFSPBs5MFBC9p-2B0jWIyujCctCbFN9bpLrbGybOqavWhVddJbukTTmGFI8iQ7L4HLUkQEL30h6cQ-3D-3DuMKa_T7N8BvZTOm04CQQMiyWztrpCjlUrRc4F7QzSgUIpTqB5Yk-2Bt7YhUyk7lZRXmbFFsi-2Foe1q0kuwsCjfsBOqL9ZeKwOqG7ApazixuGEP6Z5SJuFg5bm15p-2FcAKNI6-2BqjB-2BNx58ewx7LiYoo8zaGobL8c-2FQg1pkfaTCCey-2BxutFaRR7sr9f87k8v-2FSkmTzCF4OZLygqbEDKDzjTPKRJ1eJDnMJfNO9iPWYmjOcBwIEV93u4LeMNlSA7pi0v7koA3s35RGehERkFJAvGyJb2kRM8TjysmhnQ8pn-2BZEZK5SbMDFlXRnGRuoulM9gvD60oond4BPrDJdTJ-2BFeZWSZaGaWMy1zEeT5mYWOJ0dzIvvIWE9sLn6gZ2nh-2FopoO2twI0SypDY89f67I-2FTtDgVdGypokc-2BmRBhALQkoYCjDsNsBfHdYMZFgNpGI790-2FRTeUhvv30w8o1UFZPDezFS30PD6ibe229o6jx7L-2BmOaDUjFMXDyEdB7a-2FnbEtf8iD29qb8lwREdywpinx5Hx9ZLcOOeOG0ErrrfTSdVT8oElSWsIaPV-2B-2FMhlr3zDTcQp5wp2gx4I92d4pDwkqKcGx-2BJiLfi6kD7eDdj-2BXRMJT8oMgOaA-2FJMF4KLAJRkxP0dhSZ2sema2agwhIMqcZHYxqWB-2FggJaLIXGjQhP9tptaen1928yynQrvdFij24VaARt-2BXZSJsudKloKZ-2FSxwZsE05HSHVvye7w-3D-3D\" style=\"color:blue; text-decoration:underline\" title=\"CCM investe em tecnologia japonesa e amplia portf\u00f3lio com foco em inova\u00e7\u00e3o\"><span style=\"font-size:14.0pt\">CCM investe em tecnologia japonesa e amplia portf&oacute;lio com foco em inova&ccedil;&atilde;o<\/span><\/a><\/span><\/span><\/span><\/p>\r\n\r\n<p style=\"text-align:justify\"><span style=\"font-size:28pt\"><span style=\"font-family:Cambria,serif\"><span style=\"letter-spacing:-0.5pt\"><b><span style=\"font-size:18.0pt\"><span calibri=\"\" style=\"font-family:\"><span style=\"font-variant:small-caps\">Ind&uacute;stria<\/span><\/span><\/span><\/b><\/span><\/span><\/span><\/p>\r\n\r\n<p class=\"MsoTitleCxSpLast\"><span class=\"MsoHyperlink\" style=\"color:blue\"><span style=\"text-decoration:underline\"><span style=\"font-size:14.0pt\"><span style=\"line-height:115%\"><span calibri=\"\" style=\"font-family:\"><a href=\"https:\/\/www.gazetadevarginha.com.br\/post\/brasil-caminha-para-a-reprimariza%C3%A7%C3%A3o-das-exporta%C3%A7%C3%B5es-e-perde-espa%C3%A7o-na-ind%C3%BAstria-alerta-abimaq\" style=\"color:blue; text-decoration:underline\">Brasil caminha para a reprimariza&ccedil;&atilde;o das exporta&ccedil;&otilde;es e perde espa&ccedil;o na ind&uacute;stria, alerta Abimaq<\/a><\/span><\/span><\/span><\/span><\/span><\/p>\r\n\r\n<p class=\"MsoTitleCxSpLast\"><span style=\"font-size:11pt\"><span style=\"line-height:normal\"><span style=\"font-family:Calibri,sans-serif\"><a href=\"https:\/\/jovempan.com.br\/noticias\/economia\/industria-brasileira-fecha-2024-com-alta-de-94-e-registra-o-quarto-maior-indice-em-10-anos.html#amp_tf=De%20%251%24s&amp;aoh=17387133605760&amp;csi=0&amp;referrer=https%3A%2F%2Fwww.google.com&amp;ampshare=https%3A%2F%2Fjovempan.com.br%2Fnoticias%2Feconomia%2Findustria-brasileira-fecha-2024-com-alta-de-94-e-registra-o-quarto-maior-indice-em-10-anos.html\" style=\"color:blue; text-decoration:underline\"><span style=\"font-size:14.0pt\">Ind&uacute;stria brasileira fecha 2024 com alta de 9,4% e registra o quarto maior &iacute;ndice em 10 anos<\/span><\/a><\/span><\/span><\/span><\/p>\r\n\r\n<p class=\"MsoTitleCxSpFirst\"><span style=\"font-size:11pt\"><span style=\"line-height:normal\"><span style=\"font-family:Calibri,sans-serif\"><span class=\"MsoHyperlink\" style=\"color:blue\"><span style=\"text-decoration:underline\"><span style=\"font-size:14.0pt\"><a href=\"https:\/\/jovempan.com.br\/noticias\/economia\/faturamento-real-da-industria-em-2024-cresce-56-mostra-confederacao-nacional-da-industria.html#amp_tf=De%20%251%24s&amp;aoh=17389732627759&amp;csi=0&amp;referrer=https%3A%2F%2Fwww.google.com&amp;ampshare=https%3A%2F%2Fjovempan.com.br%2Fnoticias%2Feconomia%2Ffaturamento-real-da-industria-em-2024-cresce-56-mostra-confederacao-nacional-da-industria.html\" style=\"color:blue; text-decoration:underline\">Faturamento real da ind&uacute;stria em 2024 cresce 5,6%, mostra Confedera&ccedil;&atilde;o Nacional da Ind&uacute;stria<\/a><\/span><\/span><\/span><\/span><\/span><\/span><\/p>\r\n\r\n<p class=\"MsoTitle\" style=\"text-align:justify\"><span style=\"font-size:11pt\"><span style=\"line-height:normal\"><span style=\"font-family:Calibri,sans-serif\"><span class=\"MsoHyperlink\" style=\"color:blue\"><span style=\"text-decoration:underline\"><span style=\"font-size:14.0pt\"><a href=\"https:\/\/noticias.portaldaindustria.com.br\/noticias\/economia\/nenhum-pais-consegue-se-desenvolver-sem-industria-forte-diz-presidente-da-cni\/\" style=\"color:blue; text-decoration:underline\">Nenhum pa&iacute;s consegue se desenvolver sem ind&uacute;stria forte, diz presidente da CNI<\/a><\/span><\/span><\/span><\/span><\/span><\/span><\/p>\r\n\r\n<p style=\"text-align:justify\"><span style=\"font-size:11pt\"><span style=\"line-height:normal\"><span style=\"font-family:Calibri,sans-serif\"><span class=\"MsoHyperlink\" style=\"color:blue\"><span style=\"text-decoration:underline\"><span style=\"font-size:14.0pt\"><a href=\"https:\/\/petronoticias.com.br\/a-industria-quimica-brasileira-fechou-o-ano-de-2024-com-um-deficit-alarmante-de-cerca-de-us-50-bilhoes\/\" style=\"color:blue; text-decoration:underline\">A ind&uacute;stria qu&iacute;mica brasileira fechou o ano de 2024 com um d&eacute;ficit alarmante de cerca de US$ 50 bilh&otilde;es<\/a><\/span><\/span><\/span><\/span><\/span><\/span><\/p>\r\n\r\n<p class=\"MsoTitleCxSpFirst\"><span style=\"font-size:28pt\"><span style=\"font-family:Cambria,serif\"><span style=\"letter-spacing:-0.5pt\"><b><span style=\"font-size:18.0pt\"><span calibri=\"\" style=\"font-family:\"><span style=\"font-variant:small-caps\">Sustentabilidade<\/span><\/span><\/span><\/b><\/span><\/span><\/span><\/p>\r\n\r\n<p class=\"MsoTitleCxSpLast\"><span style=\"font-size:11pt\"><span style=\"line-height:115%\"><span style=\"font-family:Calibri,sans-serif\"><a href=\"http:\/\/clickemail.portalpersonalcare.com.br\/ls\/click?upn=u001.D2-2F0Tg0A29KXXLMT6ctG-2BYOihdDbc-2ByFrUFb3ZXMT9SUbKNs0gWESrIVErey0R1UTELHg30OX3GVv9ZgmfD6e31XL6y96oAQ0sLdWeaUmtA9rCUEr8YQtuhlPy-2B9Kuh-2BtLxNzEfWbtI4eCvmmr2ez-2By3DPM2hHBkuHLy8kvOBhqK0oV7yZIYUi5skqoFjI-2BROP6Ci83oP5BmAXhKWGphovGiTugwDjDLWOSW7ZjX6gY-3D9fMU_T7N8BvZTOm04CQQMiyWztrpCjlUrRc4F7QzSgUIpTqDyHxxxhGpyWLohz7JoE2GE5NHlS-2BYZoX1R75Fh8KCze9GvCCb-2FinuNgc39g0Cdbe-2FcU8RlSBQhp5om11AQZQ-2FDG5lMiIxJjWxjRG6Ohvo1lrP6a7FRyfhx3mlrV8F-2F893Abn1b1j0meALWmTr0mHYZ0VOj-2BZIrC7sbVEwRu8NRqo0EBD2-2BsavXNYsDj8IV-2B1FYxFq3SkaYULw4lvbup943QsI7Bv2KIJIhH1ad-2F327-2BLdVZsD2fIxtU9JmUROuUCesbJ2nSX3Iwm0pHmVoQjLclzZ6lMyfbw2h3A0wSqgT7CLW8uTU17L0gabuNJtAaV-2BcXERD0u38ohVM4ztzCl822iwiq6zpFo1fvCcXL7peQr04V0hCBs2BGMtINtP5louQNRGi11T6etPn-2B-2Bw-2BC6VQvrBZSnUjnBtzgwdERCPeOuQUycVKvyI4mE4QrQ3bl2Y4ZVpmfcgrYt-2FCPbAnz7dbL8kdkjuk9Nl10zlTJJTJpkJ1dJ0sizMkFgxRGTyv3II2A1-2BjHOMRYeCXwla1oE7i9hCqGfELc5gifH2QEa6qncvdC8H-2B6FmlazmPGi-2FcXkw0Q1xxdTHdaR3-2FOQ0ZsCT9bXNnZTfQORJ-2FuZFECYtz6Q-3D-3D\" style=\"color:blue; text-decoration:underline\"><span style=\"font-size:14.0pt\"><span style=\"line-height:115%\">Woosh lan&ccedil;a fralda recicl&aacute;vel de devolu&ccedil;&atilde;o na B&eacute;lgica<\/span><\/span><\/a><\/span><\/span><\/span><\/p>\r\n\r\n<p><span style=\"font-size:11pt\"><span style=\"line-height:normal\"><span style=\"font-family:Calibri,sans-serif\"><span class=\"MsoHyperlink\" style=\"color:blue\"><span style=\"text-decoration:underline\"><span style=\"font-size:14.0pt\"><a href=\"https:\/\/www.revistaplasticosul.com.br\/sustentabilidade\/dohler-inova-em-sustentabilidade-com-produtos-feitos-de-garrafas-pet-recicladas\/\" style=\"color:blue; text-decoration:underline\">D&ouml;hler inova em sustentabilidade com produtos feitos de garrafas pet recicladas<\/a><\/span><\/span><\/span><\/span><\/span><\/span><\/p>\r\n\r\n<p><span style=\"font-size:11pt\"><span style=\"line-height:normal\"><span style=\"font-family:Calibri,sans-serif\"><span class=\"MsoHyperlink\" style=\"color:blue\"><span style=\"text-decoration:underline\"><span style=\"font-size:14.0pt\"><a href=\"https:\/\/www.fibre2fashion.com\/news\/textile-news\/testex-academy-launches-certification-for-eu-sustainability-compliance-300341-newsdetails.htm\" style=\"color:blue; text-decoration:underline\">La Academia TESTEX lanza una certificaci&oacute;n para el cumplimiento de la sostenibilidad de la UE<\/a><\/span><\/span><\/span><\/span><\/span><\/span><\/p>\r\n\r\n<p><b style=\"letter-spacing: -0.5pt; font-family: Cambria, serif; font-size: 28pt; text-align: justify;\"><span style=\"font-size:18.0pt\"><span calibri=\"\" style=\"font-family:\"><span style=\"font-variant-numeric: normal; font-variant-east-asian: normal; font-variant-caps: small-caps; font-variant-alternates: normal; font-variant-position: normal; font-variant-emoji: normal;\">Inova&ccedil;&atilde;o<\/span><\/span><\/span><\/b><\/p>\r\n\r\n<p class=\"MsoTitle\"><span style=\"font-size:11pt\"><span style=\"line-height:normal\"><span style=\"font-family:Calibri,sans-serif\"><span class=\"MsoHyperlink\" style=\"color:blue\"><span style=\"text-decoration:underline\"><span style=\"font-size:14.0pt\"><a href=\"https:\/\/www.inovacaotecnologica.com.br\/noticias\/noticia.php?artigo=sombreamento-bioinspirado-torna-predios-responsivos-condicoes-climaticas&amp;id=010170250206&amp;ebol=sim#google_vignette\" style=\"color:blue; text-decoration:underline\">Sombreamento bioinspirado controla clima de pr&eacute;dios sem gastar energia<\/a><\/span><\/span><\/span><\/span><\/span><\/span><\/p>\r\n\r\n<p class=\"MsoTitle\"><span style=\"font-size:11pt\"><span style=\"line-height:normal\"><span style=\"font-family:Calibri,sans-serif\"><span class=\"MsoHyperlink\" style=\"color:blue\"><span style=\"text-decoration:underline\"><span style=\"font-size:14.0pt\"><a href=\"https:\/\/clickpetroleoegas.com.br\/tijolos-de-plastico-revolucionam-a-construcao-civil-com-encaixe-sem-argamassa-conforto-termico-e-reducao-de-residuos\/\" style=\"color:blue; text-decoration:underline\">Tijolos de pl&aacute;stico revolucionam a constru&ccedil;&atilde;o civil! Com encaixe sem argamassa, conforto t&eacute;rmico e redu&ccedil;&atilde;o de res&iacute;duos<\/a><\/span><\/span><\/span><\/span><\/span><\/span><\/p>\r\n\r\n<p class=\"MsoTitle\"><span style=\"font-size:28pt\"><span style=\"font-family:Cambria,serif\"><span style=\"letter-spacing:-0.5pt\"><b><span style=\"font-size:18.0pt\"><span calibri=\"\" style=\"font-family:\"><span style=\"font-variant:small-caps\">Com&eacute;rcio Exterior<\/span><\/span><\/span><\/b><\/span><\/span><\/span><\/p>\r\n\r\n<p><span style=\"font-size:11pt\"><span style=\"line-height:normal\"><span style=\"font-family:Calibri,sans-serif\"><span class=\"MsoHyperlink\" style=\"color:blue\"><span style=\"text-decoration:underline\"><span style=\"font-size:14.0pt\"><a href=\"https:\/\/mercadoeconsumo.com.br\/07\/02\/2025\/artigos\/impactos-trump-a-economia-brasileira-o-tabuleiro-mundial-ha-muito-tempo-nao-estava-em-redefinicao-como-agora\/?utm_campaign=news_geral_-_0702&amp;utm_medium=email&amp;utm_source=RD+Station\" style=\"color:blue; text-decoration:underline\">Impactos Trump &agrave; economia brasileira: o tabuleiro mundial h&aacute; muito tempo n&atilde;o estava em redefini&ccedil;&atilde;o como agora<\/a><\/span><\/span><\/span><\/span><\/span><\/span><\/p>\r\n\r\n<p><span style=\"font-size:11pt\"><span style=\"line-height:normal\"><span style=\"font-family:Calibri,sans-serif\"><span class=\"MsoHyperlink\" style=\"color:blue\"><span style=\"text-decoration:underline\"><span style=\"font-size:14.0pt\"><a href=\"https:\/\/g1.globo.com\/economia\/noticia\/2025\/02\/06\/balanca-comercial-brasil-importa-mais-do-que-exporta-na-relacao-com-os-eua-desde-2009.ghtml\" style=\"color:blue; text-decoration:underline\">Balan&ccedil;a comercial: Brasil importa mais do que exporta na rela&ccedil;&atilde;o com os EUA desde 2009<\/a><\/span><\/span><\/span><\/span><\/span><\/span><\/p>\r\n\r\n<p><span style=\"font-size:11pt\"><span style=\"line-height:normal\"><span style=\"font-family:Calibri,sans-serif\"><span class=\"MsoHyperlink\" style=\"color:blue\"><span style=\"text-decoration:underline\"><span style=\"font-size:14.0pt\"><a href=\"https:\/\/view.b.economist.com\/?qs=ced029b663eed0ae2ce8934eedf9a46b0657f2760095de89a9338acd12f723120e894719dd27daa40d37447aa43321798b115904251c940ee13e2526d377f51b6fca10f5485465b4b5ab78fabbfc6600\" style=\"color:blue; text-decoration:underline\">Trading places: the unintended geography of tariff avoidance<\/a><\/span><\/span><\/span><\/span><\/span><\/span><\/p>\r\n\r\n<p><span style=\"font-size:11pt\"><span style=\"line-height:normal\"><span style=\"font-family:Calibri,sans-serif\"><span class=\"MsoHyperlink\" style=\"color:blue\"><span style=\"text-decoration:underline\"><span style=\"font-size:14.0pt\"><a href=\"https:\/\/plasticosemrevista.com.br\/malasia-impoe-antidumping-para-pet\/\" style=\"color:blue; text-decoration:underline\">Mal&aacute;sia imp&otilde;e antidumping para PET<\/a><\/span><\/span><\/span><\/span><\/span><\/span><\/p>\r\n\r\n<p><span style=\"font-size:11pt\"><span style=\"line-height:normal\"><span style=\"font-family:Calibri,sans-serif\"><span class=\"MsoHyperlink\" style=\"color:blue\"><span style=\"text-decoration:underline\"><span style=\"font-size:14.0pt\"><a href=\"https:\/\/plasticosemrevista.com.br\/brasil-importou-quase-4-milhoes-de-toneladas-de-resinas-commodities-em-2024\/\" style=\"color:blue; text-decoration:underline\">Brasil importou quase 4 milh&otilde;es de toneladas de resinas commodities em 2024<\/a><\/span><\/span><\/span><\/span><\/span><\/span><\/p>\r\n\r\n<p><span style=\"font-size:11pt\"><span style=\"line-height:normal\"><span style=\"font-family:Calibri,sans-serif\"><a href=\"https:\/\/www.abcmais.com\/economia\/argentina-atrasa-pagamento-de-exportacoes-calcadistas-e-preocupa-empresarios-da-regiao\/\" style=\"color:blue; text-decoration:underline\"><span style=\"font-size:14.0pt\">Argentina atrasa pagamento de exporta&ccedil;&otilde;es cal&ccedil;adistas e preocupa empres&aacute;rios da regi&atilde;o<\/span><\/a><\/span><\/span><\/span><\/p>\r\n\r\n<p><span style=\"font-size:28pt\"><span style=\"font-family:Cambria,serif\"><span style=\"letter-spacing:-0.5pt\"><b><span style=\"font-size:18.0pt\"><span calibri=\"\" style=\"font-family:\"><span style=\"font-variant:small-caps\">Economia<\/span><\/span><\/span><\/b><\/span><\/span><\/span><\/p>\r\n\r\n<p style=\"text-align:justify\"><span style=\"font-size:11pt\"><span style=\"line-height:normal\"><span style=\"font-family:Calibri,sans-serif\"><a href=\"https:\/\/www.bcb.gov.br\/content\/focus\/focus\/R20250207.pdf\" style=\"color:blue; text-decoration:underline\"><span style=\"font-size:14.0pt\">Focus - Relat&oacute;rio de Mercado<\/span><\/a><\/span><\/span><\/span><\/p>\r\n\r\n<p style=\"text-align:justify\"><span style=\"font-size:11pt\"><span style=\"line-height:normal\"><span style=\"font-family:Calibri,sans-serif\"><a href=\"https:\/\/revistaoeste.com\/economia\/mercado-financeiro-alerta-para-recessao-tecnica-no-brasil\/\" style=\"color:blue; text-decoration:underline\"><span style=\"font-size:14.0pt\">Mercado financeiro alerta para recess&atilde;o t&eacute;cnica no Brasil<\/span><\/a><\/span><\/span><\/span><\/p>\r\n\r\n<p style=\"text-align:justify\"><span style=\"font-size:11pt\"><span style=\"line-height:normal\"><span style=\"font-family:Calibri,sans-serif\"><a href=\"https:\/\/ibre.fgv.br\/blog-da-conjuntura-economica\/artigos\/em-foco-185\" style=\"color:blue; text-decoration:underline\"><span style=\"font-size:14.0pt\">Para onde estamos indo?<\/span><\/a><\/span><\/span><\/span><\/p>\r\n\r\n<p style=\"text-align:justify\"><span style=\"font-size:11pt\"><span style=\"line-height:normal\"><span style=\"font-family:Calibri,sans-serif\"><a href=\"https:\/\/mcusercontent.com\/bb2306a994990277e5a149047\/files\/b55eef4b-7648-7ecd-a04b-84e6f3a94fa0\/Cartilha_Reforma_Tribut_aacute_ria_HLL_amp_Pieri_Advogados.pdf\" style=\"color:blue; text-decoration:underline\"><span style=\"font-size:14.0pt\">Cartilha &#39;Reforma Tribut&aacute;ria - Aspectos Gerais&#39;<\/span><\/a><\/span><\/span><\/span><\/p>\r\n\r\n<p style=\"text-align:justify\"><span style=\"font-size:11.0pt\"><span style=\"line-height:115%\"><span calibri=\"\" style=\"font-family:\"><a href=\"https:\/\/portalibre.fgv.br\/system\/files\/divulgacao\/noticias\/mat-complementar\/2025-02\/Bar%C3%B4metros%20Globais%20KOF-FGV_Press%20release_02_2025.pdf\" style=\"color:blue; text-decoration:underline\"><span style=\"font-size:14.0pt\"><span style=\"line-height:115%\">Bar&ocirc;metros Globais sobem ap&oacute;s queda em janeiro<\/span><\/span><\/a><\/span><\/span><\/span><\/p>\r\n\r\n<p style=\"text-align:justify\">&nbsp;<\/p>\r\n\r\n<p style=\"text-align:justify\"><img src=\"https:\/\/www.abint.org.br\/assets\/img\/editor\/redes-sociais-abint-ctg-cth_20250205143403kcH4SBmjCL.jpg\" \/><\/p>\r\n","texto_en":"","7":"","imagem":"COMP_capa-2025-site-boletim-abint-noticias-semanis_202502111629568kJ83yGtDo.jpg","8":"COMP_capa-2025-site-boletim-abint-noticias-semanis_202502111629568kJ83yGtDo.jpg","arquivo":"20250211-BOLETIM-ABINT-DE-NOTICIAS-SEMANAIS.PDF","9":"20250211-BOLETIM-ABINT-DE-NOTICIAS-SEMANAIS.PDF","titulo_arquivo":"20250211 Boletim ABINT de Not\u00edcias Semanais","10":"20250211 Boletim ABINT de Not\u00edcias Semanais","titulo_arquivo_en":"","11":"","created_at":"2025-02-11 16:30:05","12":"2025-02-11 16:30:05","updated_at":"2025-02-11 16:31:02","13":"2025-02-11 16:31:02"},{"id":155,"0":155,"ordem":67,"1":67,"data":"2025-02-04","2":"2025-02-04","slug":"estao-abertas-as-inscricoes-para-a-mais-importante-premiacao-de-trabalhos-academicos-de-graduacao-voltados-aos-geossinteticos","3":"estao-abertas-as-inscricoes-para-a-mais-importante-premiacao-de-trabalhos-academicos-de-graduacao-voltados-aos-geossinteticos","titulo":"Est\u00e3o abertas as inscri\u00e7\u00f5es para a mais importante premia\u00e7\u00e3o de trabalhos acad\u00eamicos de gradua\u00e7\u00e3o voltados aos geossint\u00e9ticos","4":"Est\u00e3o abertas as inscri\u00e7\u00f5es para a mais importante premia\u00e7\u00e3o de trabalhos acad\u00eamicos de gradua\u00e7\u00e3o voltados aos geossint\u00e9ticos","titulo_en":"","5":"","texto":"<p align=\"center\" style=\"text-align:center; margin-bottom:13px\"><span style=\"font-size:11pt\"><span style=\"line-height:115%\"><span style=\"font-family:Calibri,sans-serif\"><i><span style=\"font-family:\" verdana=\"\">O pr&ecirc;mio &ldquo;TCC\/IC Prof. Benedito de Souza Bueno&rdquo;, criado a partir da parceria entre o CTG ABINT e a IGS Brasil, reconhece os melhores Trabalhos de Conclus&atilde;o de Curso e de Inicia&ccedil;&atilde;o Cient&iacute;fica, publicados anualmente e desenvolvidos em Universidades Brasileiras<\/span><\/i><\/span><\/span><\/span><\/p>\r\n\r\n<p style=\"text-align:justify\">&nbsp;<\/p>\r\n\r\n<p style=\"margin-top:16px; text-align:justify; margin-bottom:13px\"><span style=\"font-size:11pt\"><span style=\"background:white\"><span style=\"line-height:115%\"><span style=\"font-family:Calibri,sans-serif\"><span style=\"font-family:\" verdana=\"\"><span style=\"color:black\">Est&atilde;o abertas as inscri&ccedil;&otilde;es para o &ldquo;Pr&ecirc;mio TCC\/ IC &ndash; Tecnologia em Geossint&eacute;ticos Prof. Benedito de Souza Bueno&rdquo;, edi&ccedil;&atilde;o 2024-2025. O pr&ecirc;mio, que j&aacute; &eacute; refer&ecirc;ncia no setor, tornou-se a maior e mais importante premia&ccedil;&atilde;o de trabalhos acad&ecirc;micos de gradua&ccedil;&atilde;o voltados aos geossint&eacute;ticos.<\/span><\/span><\/span><\/span><\/span><\/span><\/p>\r\n\r\n<p style=\"margin-top:16px; text-align:justify; margin-bottom:13px\"><span style=\"font-size:11pt\"><span style=\"background:white\"><span style=\"line-height:115%\"><span style=\"font-family:Calibri,sans-serif\"><span style=\"font-family:\" verdana=\"\"><span style=\"color:black\">Criado a partir da parceria entre a Associa&ccedil;&atilde;o Brasileira de Geossint&eacute;ticos (IGS Brasil) e o Comit&ecirc; de Geossint&eacute;ticos da Associa&ccedil;&atilde;o Brasileira das Ind&uacute;strias de N&atilde;otecidos e Tecidos T&eacute;cnicos (CTG ABINT), o pr&ecirc;mio, que est&aacute; em sua terceira edi&ccedil;&atilde;o, reconhece os melhores Trabalhos de Conclus&atilde;o de Curso e de Inicia&ccedil;&atilde;o Cient&iacute;fica, publicados anualmente e desenvolvidos em Universidades no Brasil. <\/span><\/span><\/span><\/span><\/span><\/span><\/p>\r\n\r\n<p style=\"margin-top:16px; text-align:justify; margin-bottom:13px\"><span style=\"font-size:11pt\"><span style=\"background:white\"><span style=\"line-height:115%\"><span style=\"font-family:Calibri,sans-serif\"><span style=\"font-family:\" verdana=\"\"><span style=\"color:black\">O tema dos trabalhos apresentados sempre &eacute; relacionado aos geossint&eacute;ticos, que s&atilde;o produtos polim&eacute;ricos (sint&eacute;ticos ou naturais) industrializados, desenvolvidos para aplica&ccedil;&atilde;o em obras geot&eacute;cnicas, desempenhando uma ou mais fun&ccedil;&otilde;es, tais como de refor&ccedil;o, filtra&ccedil;&atilde;o, drenagem, separa&ccedil;&atilde;o, impermeabiliza&ccedil;&atilde;o e controle de eros&atilde;o.<\/span><\/span><\/span><\/span><\/span><\/span><\/p>\r\n\r\n<p style=\"margin-top:16px; text-align:justify; margin-bottom:13px\"><span style=\"font-size:11pt\"><span style=\"background:white\"><span style=\"line-height:115%\"><span style=\"font-family:Calibri,sans-serif\"><span style=\"font-family:\" verdana=\"\"><span style=\"color:black\">Entre os pr&ecirc;mios para os estudantes vencedores est&atilde;o, al&eacute;m do diploma, um ano de dispensa de pagamento da anuidade da IGS Brasil, um exemplar do livro &ldquo;Manual Brasileiro de Geossint&eacute;ticos&rdquo; e a participa&ccedil;&atilde;o custeada no Congresso Brasileiro de Geossint&eacute;ticos (Regeo &amp; Geossint&eacute;ticos) 2025. <\/span><\/span><\/span><\/span><\/span><\/span><\/p>\r\n\r\n<p style=\"margin-top:16px; text-align:justify; margin-bottom:13px\"><span style=\"font-size:11pt\"><span style=\"background:white\"><span style=\"line-height:115%\"><span style=\"font-family:Calibri,sans-serif\"><span style=\"font-family:\" verdana=\"\"><span style=\"color:black\">Para a Prof. Dra. Nat&aacute;lia de Souza Correia, da IGS Brasil, o Pr&ecirc;mio <\/span><\/span><span style=\"font-family:\" verdana=\"\"><span style=\"color:black\">TCC\/IC Prof. Dr.<\/span><\/span> <span style=\"font-family:\" verdana=\"\"><span style=\"color:black\">Benedito de Souza Bueno<\/span><\/span> <span style=\"font-family:\" verdana=\"\"><span style=\"color:black\">vai al&eacute;m do reconhecimento aos trabalhos desenvolvidos pelos alunos nas Universidade brasileiras e se estende a seus professores orientadores.<\/span><\/span> <span style=\"font-family:\" verdana=\"\"><span style=\"color:black\">&ldquo;Essa iniciativa impulsiona a cria&ccedil;&atilde;o de novas solu&ccedil;&otilde;es com geossint&eacute;ticos na engenharia, coloca nossas pesquisas em destaque nacional e, acima de tudo, fortalece o desenvolvimento da ci&ecirc;ncia no Brasil. Esse pr&ecirc;mio &eacute; um est&iacute;mulo para que estudantes e pesquisadores sigam inovando e transformando o futuro da engenharia&quot;, comenta. <\/span><\/span><\/span><\/span><\/span><\/span><\/p>\r\n\r\n<p style=\"margin-top:16px; text-align:justify; margin-bottom:13px\"><span style=\"font-size:11pt\"><span style=\"background:white\"><span style=\"line-height:115%\"><span style=\"font-family:Calibri,sans-serif\"><span style=\"font-family:\" verdana=\"\"><span style=\"color:black\">J&aacute; para <\/span><\/span><span style=\"font-family:\" verdana=\"\"><span style=\"color:black\">MSc. Samira Paranhos, engenheira da Ober Geossint&eacute;ticos e coordenadora do CTG ABINT,<\/span><\/span><span style=\"font-family:\" verdana=\"\"><span style=\"color:black\"> a<\/span><\/span><span style=\"font-family:\" verdana=\"\"><span style=\"color:black\">poiar os jovens pesquisadores, futuros profissionais do mercado de geossint&eacute;ticos e, ainda, enaltecer o trabalho de mestres e professores tem sido o intuito dessa a&ccedil;&atilde;o. &ldquo;O Pr&ecirc;mio <\/span><\/span><span style=\"font-family:\" verdana=\"\"><span style=\"color:black\">TCC\/IC Prof. Benedito de Souza Bueno&rdquo;<\/span><\/span><span style=\"font-family:\" verdana=\"\"><span style=\"color:black\">, <\/span><\/span><span style=\"font-family:\" verdana=\"\"><span style=\"color:black\">enfatiza os benef&iacute;cios dos geossint&eacute;ticos nas obras de infraestrutura e refor&ccedil;a a import&acirc;ncia da qualidade e das boas pr&aacute;ticas de fabrica&ccedil;&atilde;o e aplica&ccedil;&atilde;o desses produtos, apresentando &agrave; comunidade de Engenharia solu&ccedil;&otilde;es inovadoras e desenvolvimento tecnol&oacute;gico&rdquo;, completa Samira. <\/span><\/span><\/span><\/span><\/span><\/span><\/p>\r\n\r\n<p style=\"margin-top:16px; text-align:justify; margin-bottom:13px\"><span style=\"font-size:11pt\"><span style=\"background:white\"><span style=\"line-height:115%\"><span style=\"font-family:Calibri,sans-serif\"><span style=\"font-family:\" verdana=\"\"><span style=\"color:black\">As inscri&ccedil;&otilde;es v&atilde;o at&eacute; 30 de abril de 2025. Para informa&ccedil;&otilde;es e inscri&ccedil;&otilde;es, acesse:<\/span><\/span> <span style=\"color:black\"><a href=\"https:\/\/geossinteticos.org.br\/premiotccic\" style=\"color:blue; text-decoration:underline\"><span style=\"font-family:\" verdana=\"\">https:\/\/geossinteticos.org.br\/premiotccic<\/span><\/a><\/span><\/span><\/span><\/span><\/span><\/p>\r\n\r\n<p style=\"margin-top:16px; text-align:justify; margin-bottom:13px\">&nbsp;<\/p>\r\n\r\n<p style=\"margin-top:16px; margin-bottom:13px; text-align:justify\"><span style=\"font-size:12pt\"><span style=\"background:white\"><span style=\"line-height:115%\"><span new=\"\" roman=\"\" style=\"font-family:\" times=\"\"><em><b><span style=\"font-size:10.0pt\"><span style=\"line-height:115%\"><span style=\"font-family:\" verdana=\"\"><span style=\"color:black\">Sobre o CTG-ABINT:<\/span><\/span><\/span><\/span><\/b><\/em><em><span style=\"font-size:10.0pt\"><span style=\"line-height:115%\"><span style=\"font-family:\" verdana=\"\"><span style=\"color:black\">&nbsp; composto por empresas fabricantes e distribuidoras de Geossint&eacute;ticos no Brasil e associadas &agrave; ABINT, o CTG-ABINT tem como objetivo divulgar as aplica&ccedil;&otilde;es dos Geossint&eacute;ticos em obras dos segmentos Ambiental, Agroneg&oacute;cio, Constru&ccedil;&atilde;o Civil, Infraestrutura, Minera&ccedil;&atilde;o, Transporte, entre outros, bem como difundir os conceitos de qualidade a serem observados por fabricantes e usu&aacute;rios, contribuindo para o desenvolvimento mercadol&oacute;gico de forma &eacute;tica e respons&aacute;vel. Para saber mais acesse www.geossinteticos.org.br<\/span><\/span><\/span><\/span><\/em><\/span><\/span><\/span><\/span><\/p>\r\n\r\n<p style=\"margin-top:16px; margin-bottom:13px; text-align:justify\"><span style=\"font-size:12pt\"><span style=\"background:white\"><span style=\"line-height:115%\"><span new=\"\" roman=\"\" style=\"font-family:\" times=\"\"><em><b><span style=\"font-size:10.0pt\"><span style=\"line-height:115%\"><span style=\"font-family:\" verdana=\"\"><span style=\"color:black\">Sobre a ABINT:<\/span><\/span><\/span><\/span><\/b><\/em><em><span style=\"font-size:10.0pt\"><span style=\"line-height:115%\"><span style=\"font-family:\" verdana=\"\"><span style=\"color:black\">&nbsp;Fundada em 1991, a <a name=\"_Hlk189124267\">Associa&ccedil;&atilde;o Brasileira das Ind&uacute;strias de N&atilde;otecidos e Tecidos T&eacute;cnicos<\/a> tem como objetivo representar, difundir e defender os interesses da ind&uacute;stria brasileira de N&atilde;otecidos e Tecidos T&eacute;cnicos, promovendo e apoiando o seu desenvolvimento e o crescimento do mercado de aplica&ccedil;&otilde;es desses produtos, que s&atilde;o fundamentais a diversos e importantes setores da economia do pa&iacute;s. Para saber mais acesse&nbsp;<\/span><\/span><\/span><\/span><\/em><span style=\"color:black\"><a href=\"http:\/\/www.abint.org.br\/\" style=\"color:blue; text-decoration:underline\"><em><span style=\"font-size:10.0pt\"><span style=\"line-height:115%\"><span style=\"font-family:\" verdana=\"\"><span style=\"color:black\"><span style=\"text-decoration:none\"><span style=\"text-underline:none\">www.abint.org.br<\/span><\/span><\/span><\/span><\/span><\/span><\/em><\/a><\/span><\/span><\/span><\/span><\/span><\/p>\r\n\r\n<p style=\"margin-top:16px; margin-bottom:13px; text-align:justify\"><span style=\"font-size:12pt\"><span style=\"background:white\"><span style=\"line-height:115%\"><span new=\"\" roman=\"\" style=\"font-family:\" times=\"\"><em><b><span style=\"font-size:10.0pt\"><span style=\"line-height:115%\"><span style=\"font-family:\" verdana=\"\"><span style=\"color:black\">Sobre a IGS Brasil: <\/span><\/span><\/span><\/span><\/b><\/em><em><span style=\"font-size:10.0pt\"><span style=\"line-height:115%\"><span style=\"font-family:\" verdana=\"\"><span style=\"color:black\">Criada em 1997, como um dos Chapters da International Geosynthetic Society, a IGS Brasil<\/span><\/span><\/span><\/span><\/em><em><span style=\"font-size:10.0pt\"><span style=\"line-height:115%\"><span style=\"font-family:\" verdana=\"\"><span style=\"color:black\"> re&uacute;ne mais de 200 membros individuais e corporativos que est&atilde;o envolvidos em projetos, fabrica&ccedil;&atilde;o, vendas, uso ou ensaio de geot&ecirc;xteis, geomembranas, produtos correlatos e tecnologias associadas, ou que ensinam ou desenvolvem pesquisas sobre tais produtos.<\/span><\/span><\/span><\/span><\/em><em><span style=\"font-size:10.0pt\"><span style=\"line-height:115%\"><span style=\"font-family:\" verdana=\"\"><span style=\"color:black\"> Para saber mais acesse&nbsp;<\/span><\/span><\/span><\/span><\/em><span style=\"color:black\"><a href=\"http:\/\/www.igsbrasil.org.br\" style=\"color:blue; text-decoration:underline\"><em><span style=\"font-size:10.0pt\"><span style=\"line-height:115%\"><span style=\"font-family:\" verdana=\"\"><span style=\"color:black\"><span style=\"text-decoration:none\"><span style=\"text-underline:none\">www.igsbrasil.org.br<\/span><\/span><\/span><\/span><\/span><\/span><\/em><\/a><\/span><\/span><\/span><\/span><\/span><\/p>\r\n\r\n<p style=\"margin-top:16px; margin-bottom:13px; text-align:justify\">&nbsp;<\/p>\r\n\r\n<p style=\"text-align:justify\"><span style=\"font-size:12pt\"><span style=\"background:white\"><span style=\"line-height:115%\"><span new=\"\" roman=\"\" style=\"font-family:\" times=\"\"><em><b><span style=\"font-size:8.0pt\"><span style=\"line-height:115%\"><span style=\"font-family:\" verdana=\"\"><span style=\"color:#002060\">Informa&ccedil;&otilde;es &agrave; Imprensa<\/span><\/span><\/span><\/span><\/b><\/em><\/span><\/span><\/span><\/span><\/p>\r\n\r\n<p style=\"text-align:justify\"><span style=\"font-size:12pt\"><span style=\"background:white\"><span style=\"line-height:115%\"><span new=\"\" roman=\"\" style=\"font-family:\" times=\"\"><em><b><span style=\"font-size:8.0pt\"><span style=\"line-height:115%\"><span style=\"font-family:\" verdana=\"\"><span style=\"color:#002060\">Assessoria de Comunica&ccedil;&atilde;o ABINT<\/span><\/span><\/span><\/span><\/b><\/em><\/span><\/span><\/span><\/span><\/p>\r\n\r\n<p style=\"text-align:justify\"><span style=\"font-size:12pt\"><span style=\"background:white\"><span style=\"line-height:115%\"><span new=\"\" roman=\"\" style=\"font-family:\" times=\"\"><em><b><span style=\"font-size:8.0pt\"><span style=\"line-height:115%\"><span style=\"font-family:\" verdana=\"\"><span style=\"color:#002060\">Roberta Provatti <\/span><\/span><\/span><\/span><\/b><\/em><\/span><\/span><\/span><\/span><\/p>\r\n\r\n<p style=\"text-align:justify\"><span style=\"font-size:12pt\"><span style=\"background:white\"><span style=\"line-height:115%\"><span new=\"\" roman=\"\" style=\"font-family:\" times=\"\"><em><b><span style=\"font-size:8.0pt\"><span style=\"line-height:115%\"><span style=\"font-family:\" verdana=\"\"><span style=\"color:#002060\">(11) 99652-4661<\/span><\/span><\/span><\/span><\/b><\/em><\/span><\/span><\/span><\/span><\/p>\r\n\r\n<p style=\"text-align:justify\"><span style=\"font-size:12pt\"><span style=\"background:white\"><span style=\"line-height:115%\"><span new=\"\" roman=\"\" style=\"font-family:\" times=\"\"><em><b><span style=\"font-size:8.0pt\"><span style=\"line-height:115%\"><span style=\"font-family:\" verdana=\"\"><span style=\"color:#002060\">provattijornalista@gmail.com<\/span><\/span><\/span><\/span><\/b><\/em><\/span><\/span><\/span><\/span><\/p>\r\n","6":"<p align=\"center\" style=\"text-align:center; margin-bottom:13px\"><span style=\"font-size:11pt\"><span style=\"line-height:115%\"><span style=\"font-family:Calibri,sans-serif\"><i><span style=\"font-family:\" verdana=\"\">O pr&ecirc;mio &ldquo;TCC\/IC Prof. Benedito de Souza Bueno&rdquo;, criado a partir da parceria entre o CTG ABINT e a IGS Brasil, reconhece os melhores Trabalhos de Conclus&atilde;o de Curso e de Inicia&ccedil;&atilde;o Cient&iacute;fica, publicados anualmente e desenvolvidos em Universidades Brasileiras<\/span><\/i><\/span><\/span><\/span><\/p>\r\n\r\n<p style=\"text-align:justify\">&nbsp;<\/p>\r\n\r\n<p style=\"margin-top:16px; text-align:justify; margin-bottom:13px\"><span style=\"font-size:11pt\"><span style=\"background:white\"><span style=\"line-height:115%\"><span style=\"font-family:Calibri,sans-serif\"><span style=\"font-family:\" verdana=\"\"><span style=\"color:black\">Est&atilde;o abertas as inscri&ccedil;&otilde;es para o &ldquo;Pr&ecirc;mio TCC\/ IC &ndash; Tecnologia em Geossint&eacute;ticos Prof. Benedito de Souza Bueno&rdquo;, edi&ccedil;&atilde;o 2024-2025. O pr&ecirc;mio, que j&aacute; &eacute; refer&ecirc;ncia no setor, tornou-se a maior e mais importante premia&ccedil;&atilde;o de trabalhos acad&ecirc;micos de gradua&ccedil;&atilde;o voltados aos geossint&eacute;ticos.<\/span><\/span><\/span><\/span><\/span><\/span><\/p>\r\n\r\n<p style=\"margin-top:16px; text-align:justify; margin-bottom:13px\"><span style=\"font-size:11pt\"><span style=\"background:white\"><span style=\"line-height:115%\"><span style=\"font-family:Calibri,sans-serif\"><span style=\"font-family:\" verdana=\"\"><span style=\"color:black\">Criado a partir da parceria entre a Associa&ccedil;&atilde;o Brasileira de Geossint&eacute;ticos (IGS Brasil) e o Comit&ecirc; de Geossint&eacute;ticos da Associa&ccedil;&atilde;o Brasileira das Ind&uacute;strias de N&atilde;otecidos e Tecidos T&eacute;cnicos (CTG ABINT), o pr&ecirc;mio, que est&aacute; em sua terceira edi&ccedil;&atilde;o, reconhece os melhores Trabalhos de Conclus&atilde;o de Curso e de Inicia&ccedil;&atilde;o Cient&iacute;fica, publicados anualmente e desenvolvidos em Universidades no Brasil. <\/span><\/span><\/span><\/span><\/span><\/span><\/p>\r\n\r\n<p style=\"margin-top:16px; text-align:justify; margin-bottom:13px\"><span style=\"font-size:11pt\"><span style=\"background:white\"><span style=\"line-height:115%\"><span style=\"font-family:Calibri,sans-serif\"><span style=\"font-family:\" verdana=\"\"><span style=\"color:black\">O tema dos trabalhos apresentados sempre &eacute; relacionado aos geossint&eacute;ticos, que s&atilde;o produtos polim&eacute;ricos (sint&eacute;ticos ou naturais) industrializados, desenvolvidos para aplica&ccedil;&atilde;o em obras geot&eacute;cnicas, desempenhando uma ou mais fun&ccedil;&otilde;es, tais como de refor&ccedil;o, filtra&ccedil;&atilde;o, drenagem, separa&ccedil;&atilde;o, impermeabiliza&ccedil;&atilde;o e controle de eros&atilde;o.<\/span><\/span><\/span><\/span><\/span><\/span><\/p>\r\n\r\n<p style=\"margin-top:16px; text-align:justify; margin-bottom:13px\"><span style=\"font-size:11pt\"><span style=\"background:white\"><span style=\"line-height:115%\"><span style=\"font-family:Calibri,sans-serif\"><span style=\"font-family:\" verdana=\"\"><span style=\"color:black\">Entre os pr&ecirc;mios para os estudantes vencedores est&atilde;o, al&eacute;m do diploma, um ano de dispensa de pagamento da anuidade da IGS Brasil, um exemplar do livro &ldquo;Manual Brasileiro de Geossint&eacute;ticos&rdquo; e a participa&ccedil;&atilde;o custeada no Congresso Brasileiro de Geossint&eacute;ticos (Regeo &amp; Geossint&eacute;ticos) 2025. <\/span><\/span><\/span><\/span><\/span><\/span><\/p>\r\n\r\n<p style=\"margin-top:16px; text-align:justify; margin-bottom:13px\"><span style=\"font-size:11pt\"><span style=\"background:white\"><span style=\"line-height:115%\"><span style=\"font-family:Calibri,sans-serif\"><span style=\"font-family:\" verdana=\"\"><span style=\"color:black\">Para a Prof. Dra. Nat&aacute;lia de Souza Correia, da IGS Brasil, o Pr&ecirc;mio <\/span><\/span><span style=\"font-family:\" verdana=\"\"><span style=\"color:black\">TCC\/IC Prof. Dr.<\/span><\/span> <span style=\"font-family:\" verdana=\"\"><span style=\"color:black\">Benedito de Souza Bueno<\/span><\/span> <span style=\"font-family:\" verdana=\"\"><span style=\"color:black\">vai al&eacute;m do reconhecimento aos trabalhos desenvolvidos pelos alunos nas Universidade brasileiras e se estende a seus professores orientadores.<\/span><\/span> <span style=\"font-family:\" verdana=\"\"><span style=\"color:black\">&ldquo;Essa iniciativa impulsiona a cria&ccedil;&atilde;o de novas solu&ccedil;&otilde;es com geossint&eacute;ticos na engenharia, coloca nossas pesquisas em destaque nacional e, acima de tudo, fortalece o desenvolvimento da ci&ecirc;ncia no Brasil. Esse pr&ecirc;mio &eacute; um est&iacute;mulo para que estudantes e pesquisadores sigam inovando e transformando o futuro da engenharia&quot;, comenta. <\/span><\/span><\/span><\/span><\/span><\/span><\/p>\r\n\r\n<p style=\"margin-top:16px; text-align:justify; margin-bottom:13px\"><span style=\"font-size:11pt\"><span style=\"background:white\"><span style=\"line-height:115%\"><span style=\"font-family:Calibri,sans-serif\"><span style=\"font-family:\" verdana=\"\"><span style=\"color:black\">J&aacute; para <\/span><\/span><span style=\"font-family:\" verdana=\"\"><span style=\"color:black\">MSc. Samira Paranhos, engenheira da Ober Geossint&eacute;ticos e coordenadora do CTG ABINT,<\/span><\/span><span style=\"font-family:\" verdana=\"\"><span style=\"color:black\"> a<\/span><\/span><span style=\"font-family:\" verdana=\"\"><span style=\"color:black\">poiar os jovens pesquisadores, futuros profissionais do mercado de geossint&eacute;ticos e, ainda, enaltecer o trabalho de mestres e professores tem sido o intuito dessa a&ccedil;&atilde;o. &ldquo;O Pr&ecirc;mio <\/span><\/span><span style=\"font-family:\" verdana=\"\"><span style=\"color:black\">TCC\/IC Prof. Benedito de Souza Bueno&rdquo;<\/span><\/span><span style=\"font-family:\" verdana=\"\"><span style=\"color:black\">, <\/span><\/span><span style=\"font-family:\" verdana=\"\"><span style=\"color:black\">enfatiza os benef&iacute;cios dos geossint&eacute;ticos nas obras de infraestrutura e refor&ccedil;a a import&acirc;ncia da qualidade e das boas pr&aacute;ticas de fabrica&ccedil;&atilde;o e aplica&ccedil;&atilde;o desses produtos, apresentando &agrave; comunidade de Engenharia solu&ccedil;&otilde;es inovadoras e desenvolvimento tecnol&oacute;gico&rdquo;, completa Samira. <\/span><\/span><\/span><\/span><\/span><\/span><\/p>\r\n\r\n<p style=\"margin-top:16px; text-align:justify; margin-bottom:13px\"><span style=\"font-size:11pt\"><span style=\"background:white\"><span style=\"line-height:115%\"><span style=\"font-family:Calibri,sans-serif\"><span style=\"font-family:\" verdana=\"\"><span style=\"color:black\">As inscri&ccedil;&otilde;es v&atilde;o at&eacute; 30 de abril de 2025. Para informa&ccedil;&otilde;es e inscri&ccedil;&otilde;es, acesse:<\/span><\/span> <span style=\"color:black\"><a href=\"https:\/\/geossinteticos.org.br\/premiotccic\" style=\"color:blue; text-decoration:underline\"><span style=\"font-family:\" verdana=\"\">https:\/\/geossinteticos.org.br\/premiotccic<\/span><\/a><\/span><\/span><\/span><\/span><\/span><\/p>\r\n\r\n<p style=\"margin-top:16px; text-align:justify; margin-bottom:13px\">&nbsp;<\/p>\r\n\r\n<p style=\"margin-top:16px; margin-bottom:13px; text-align:justify\"><span style=\"font-size:12pt\"><span style=\"background:white\"><span style=\"line-height:115%\"><span new=\"\" roman=\"\" style=\"font-family:\" times=\"\"><em><b><span style=\"font-size:10.0pt\"><span style=\"line-height:115%\"><span style=\"font-family:\" verdana=\"\"><span style=\"color:black\">Sobre o CTG-ABINT:<\/span><\/span><\/span><\/span><\/b><\/em><em><span style=\"font-size:10.0pt\"><span style=\"line-height:115%\"><span style=\"font-family:\" verdana=\"\"><span style=\"color:black\">&nbsp; composto por empresas fabricantes e distribuidoras de Geossint&eacute;ticos no Brasil e associadas &agrave; ABINT, o CTG-ABINT tem como objetivo divulgar as aplica&ccedil;&otilde;es dos Geossint&eacute;ticos em obras dos segmentos Ambiental, Agroneg&oacute;cio, Constru&ccedil;&atilde;o Civil, Infraestrutura, Minera&ccedil;&atilde;o, Transporte, entre outros, bem como difundir os conceitos de qualidade a serem observados por fabricantes e usu&aacute;rios, contribuindo para o desenvolvimento mercadol&oacute;gico de forma &eacute;tica e respons&aacute;vel. Para saber mais acesse www.geossinteticos.org.br<\/span><\/span><\/span><\/span><\/em><\/span><\/span><\/span><\/span><\/p>\r\n\r\n<p style=\"margin-top:16px; margin-bottom:13px; text-align:justify\"><span style=\"font-size:12pt\"><span style=\"background:white\"><span style=\"line-height:115%\"><span new=\"\" roman=\"\" style=\"font-family:\" times=\"\"><em><b><span style=\"font-size:10.0pt\"><span style=\"line-height:115%\"><span style=\"font-family:\" verdana=\"\"><span style=\"color:black\">Sobre a ABINT:<\/span><\/span><\/span><\/span><\/b><\/em><em><span style=\"font-size:10.0pt\"><span style=\"line-height:115%\"><span style=\"font-family:\" verdana=\"\"><span style=\"color:black\">&nbsp;Fundada em 1991, a <a name=\"_Hlk189124267\">Associa&ccedil;&atilde;o Brasileira das Ind&uacute;strias de N&atilde;otecidos e Tecidos T&eacute;cnicos<\/a> tem como objetivo representar, difundir e defender os interesses da ind&uacute;stria brasileira de N&atilde;otecidos e Tecidos T&eacute;cnicos, promovendo e apoiando o seu desenvolvimento e o crescimento do mercado de aplica&ccedil;&otilde;es desses produtos, que s&atilde;o fundamentais a diversos e importantes setores da economia do pa&iacute;s. Para saber mais acesse&nbsp;<\/span><\/span><\/span><\/span><\/em><span style=\"color:black\"><a href=\"http:\/\/www.abint.org.br\/\" style=\"color:blue; text-decoration:underline\"><em><span style=\"font-size:10.0pt\"><span style=\"line-height:115%\"><span style=\"font-family:\" verdana=\"\"><span style=\"color:black\"><span style=\"text-decoration:none\"><span style=\"text-underline:none\">www.abint.org.br<\/span><\/span><\/span><\/span><\/span><\/span><\/em><\/a><\/span><\/span><\/span><\/span><\/span><\/p>\r\n\r\n<p style=\"margin-top:16px; margin-bottom:13px; text-align:justify\"><span style=\"font-size:12pt\"><span style=\"background:white\"><span style=\"line-height:115%\"><span new=\"\" roman=\"\" style=\"font-family:\" times=\"\"><em><b><span style=\"font-size:10.0pt\"><span style=\"line-height:115%\"><span style=\"font-family:\" verdana=\"\"><span style=\"color:black\">Sobre a IGS Brasil: <\/span><\/span><\/span><\/span><\/b><\/em><em><span style=\"font-size:10.0pt\"><span style=\"line-height:115%\"><span style=\"font-family:\" verdana=\"\"><span style=\"color:black\">Criada em 1997, como um dos Chapters da International Geosynthetic Society, a IGS Brasil<\/span><\/span><\/span><\/span><\/em><em><span style=\"font-size:10.0pt\"><span style=\"line-height:115%\"><span style=\"font-family:\" verdana=\"\"><span style=\"color:black\"> re&uacute;ne mais de 200 membros individuais e corporativos que est&atilde;o envolvidos em projetos, fabrica&ccedil;&atilde;o, vendas, uso ou ensaio de geot&ecirc;xteis, geomembranas, produtos correlatos e tecnologias associadas, ou que ensinam ou desenvolvem pesquisas sobre tais produtos.<\/span><\/span><\/span><\/span><\/em><em><span style=\"font-size:10.0pt\"><span style=\"line-height:115%\"><span style=\"font-family:\" verdana=\"\"><span style=\"color:black\"> Para saber mais acesse&nbsp;<\/span><\/span><\/span><\/span><\/em><span style=\"color:black\"><a href=\"http:\/\/www.igsbrasil.org.br\" style=\"color:blue; text-decoration:underline\"><em><span style=\"font-size:10.0pt\"><span style=\"line-height:115%\"><span style=\"font-family:\" verdana=\"\"><span style=\"color:black\"><span style=\"text-decoration:none\"><span style=\"text-underline:none\">www.igsbrasil.org.br<\/span><\/span><\/span><\/span><\/span><\/span><\/em><\/a><\/span><\/span><\/span><\/span><\/span><\/p>\r\n\r\n<p style=\"margin-top:16px; margin-bottom:13px; text-align:justify\">&nbsp;<\/p>\r\n\r\n<p style=\"text-align:justify\"><span style=\"font-size:12pt\"><span style=\"background:white\"><span style=\"line-height:115%\"><span new=\"\" roman=\"\" style=\"font-family:\" times=\"\"><em><b><span style=\"font-size:8.0pt\"><span style=\"line-height:115%\"><span style=\"font-family:\" verdana=\"\"><span style=\"color:#002060\">Informa&ccedil;&otilde;es &agrave; Imprensa<\/span><\/span><\/span><\/span><\/b><\/em><\/span><\/span><\/span><\/span><\/p>\r\n\r\n<p style=\"text-align:justify\"><span style=\"font-size:12pt\"><span style=\"background:white\"><span style=\"line-height:115%\"><span new=\"\" roman=\"\" style=\"font-family:\" times=\"\"><em><b><span style=\"font-size:8.0pt\"><span style=\"line-height:115%\"><span style=\"font-family:\" verdana=\"\"><span style=\"color:#002060\">Assessoria de Comunica&ccedil;&atilde;o ABINT<\/span><\/span><\/span><\/span><\/b><\/em><\/span><\/span><\/span><\/span><\/p>\r\n\r\n<p style=\"text-align:justify\"><span style=\"font-size:12pt\"><span style=\"background:white\"><span style=\"line-height:115%\"><span new=\"\" roman=\"\" style=\"font-family:\" times=\"\"><em><b><span style=\"font-size:8.0pt\"><span style=\"line-height:115%\"><span style=\"font-family:\" verdana=\"\"><span style=\"color:#002060\">Roberta Provatti <\/span><\/span><\/span><\/span><\/b><\/em><\/span><\/span><\/span><\/span><\/p>\r\n\r\n<p style=\"text-align:justify\"><span style=\"font-size:12pt\"><span style=\"background:white\"><span style=\"line-height:115%\"><span new=\"\" roman=\"\" style=\"font-family:\" times=\"\"><em><b><span style=\"font-size:8.0pt\"><span style=\"line-height:115%\"><span style=\"font-family:\" verdana=\"\"><span style=\"color:#002060\">(11) 99652-4661<\/span><\/span><\/span><\/span><\/b><\/em><\/span><\/span><\/span><\/span><\/p>\r\n\r\n<p style=\"text-align:justify\"><span style=\"font-size:12pt\"><span style=\"background:white\"><span style=\"line-height:115%\"><span new=\"\" roman=\"\" style=\"font-family:\" times=\"\"><em><b><span style=\"font-size:8.0pt\"><span style=\"line-height:115%\"><span style=\"font-family:\" verdana=\"\"><span style=\"color:#002060\">provattijornalista@gmail.com<\/span><\/span><\/span><\/span><\/b><\/em><\/span><\/span><\/span><\/span><\/p>\r\n","texto_en":"","7":"","imagem":"COMP_capa-2025-site-comunicacao_20250205150322hlz5Asa2Du.jpg","8":"COMP_capa-2025-site-comunicacao_20250205150322hlz5Asa2Du.jpg","arquivo":"20250204-RELEASE-CTG-PREMIO-TCC-IC.PDF","9":"20250204-RELEASE-CTG-PREMIO-TCC-IC.PDF","titulo_arquivo":"20250204 Release Premio TCC IC","10":"20250204 Release Premio TCC IC","titulo_arquivo_en":"","11":"","created_at":"2025-02-05 15:03:32","12":"2025-02-05 15:03:32","updated_at":"2025-08-29 12:01:40","13":"2025-08-29 12:01:40"},{"id":154,"0":154,"ordem":68,"1":68,"data":"2025-02-04","2":"2025-02-04","slug":"boletim-abint-de-noticias-semanais-62","3":"boletim-abint-de-noticias-semanais-62","titulo":"Boletim ABINT de Not\u00edcias Semanais","4":"Boletim ABINT de Not\u00edcias Semanais","titulo_en":"","5":"","texto":"<p style=\"text-align:justify\"><span style=\"font-size:11pt\"><span style=\"line-height:normal\"><span style=\"font-family:Calibri,sans-serif\"><span style=\"font-size:14.0pt\">Esta &eacute; uma compila&ccedil;&atilde;o das not&iacute;cias mais relevantes para o setor, incluindo informa&ccedil;&otilde;es sobre acordos internacionais, economia brasileira, sustentabilidade e mat&eacute;rias primas, al&eacute;m de novidades do setor de N&atilde;otecidos e Tecidos T&eacute;cnicos.<\/span><\/span><\/span><\/span><\/p>\r\n\r\n<p style=\"text-align:justify\"><b><span style=\"font-size:18.0pt\"><span style=\"line-height:115%\"><span style=\"font-family:&quot;Calibri&quot;,sans-serif\"><span style=\"font-variant:small-caps\">O que vem por a&iacute;<\/span><\/span><\/span><\/span><\/b><\/p>\r\n\r\n<p style=\"text-align:justify\"><b><span style=\"font-size:18.0pt\"><span style=\"line-height:115%\"><span style=\"font-family:&quot;Calibri&quot;,sans-serif\"><span style=\"font-variant:small-caps\"><img src=\"https:\/\/www.abint.org.br\/assets\/img\/editor\/original_20250205135321qhYeNy3IgM.png\" style=\"width: 300px; height: 69px;\" \/><\/span><\/span><\/span><\/span><\/b><\/p>\r\n\r\n<p style=\"text-align:justify\"><b><span style=\"font-size:18.0pt\"><span style=\"line-height:115%\"><span style=\"font-family:&quot;Calibri&quot;,sans-serif\"><span style=\"font-variant:small-caps\"><img src=\"https:\/\/www.abint.org.br\/assets\/img\/editor\/post-quadrado-curso-naotecido_20250205135414oZsyScRWnD.jpg\" style=\"width: 500px; height: 500px;\" \/><\/span><\/span><\/span><\/span><\/b><\/p>\r\n\r\n<p style=\"text-align:justify\"><a href=\"https:\/\/forms.office.com\/pages\/responsepage.aspx?id=n9pNk1glrE6b5i8lS53621O-4jMsuCNBqhQBI597U0lUNlJaRFVVWjZDRk4xMEVWSkZDSUVOMVRSVi4u&amp;route=shorturl\"><span style=\"font-size:11.0pt\"><span style=\"line-height:115%\"><span style=\"font-family:&quot;Calibri&quot;,sans-serif\"><span style=\"font-size:14.0pt\"><span style=\"line-height:115%\">Fa&ccedil;a sua inscri&ccedil;&atilde;o<\/span><\/span><\/span><\/span><\/span><\/a><\/p>\r\n\r\n<p style=\"text-align:justify\">&nbsp;<\/p>\r\n\r\n<p style=\"text-align:justify\"><span style=\"font-size:11.0pt\"><span style=\"line-height:115%\"><span style=\"font-family:&quot;Calibri&quot;,sans-serif\"><span style=\"font-size:14.0pt\"><span style=\"line-height:115%\"><img src=\"https:\/\/www.abint.org.br\/assets\/img\/editor\/logo-ctg-abint-png_202502051355479yWykO7ojh.png\" style=\"width: 300px; height: 55px;\" \/><\/span><\/span><\/span><\/span><\/span><\/p>\r\n\r\n<p style=\"text-align:justify\">&nbsp;<\/p>\r\n\r\n<p style=\"text-align:justify\"><span style=\"font-size:11.0pt\"><span style=\"line-height:115%\"><span style=\"font-family:&quot;Calibri&quot;,sans-serif\"><span style=\"font-size:14.0pt\"><span style=\"line-height:115%\"><img src=\"https:\/\/www.abint.org.br\/assets\/img\/editor\/live-curso-br-instal-gm-2025-2_20250205135648JwdaUCOQ35.jpeg\" style=\"width: 500px; height: 500px;\" \/><\/span><\/span><\/span><\/span><\/span><\/p>\r\n\r\n<p style=\"text-align:justify\"><span style=\"font-size:11.0pt\"><span style=\"line-height:normal\"><span style=\"font-family:Calibri,sans-serif\"><a href=\"https:\/\/www.youtube.com\/watch?v=zs0x4z03NUE\" style=\"color:blue; text-decoration:underline\"><span style=\"font-size:14.0pt\">Ative o sininho da LIVE<\/span><\/a><\/span><\/span><\/span><\/p>\r\n\r\n<p style=\"text-align:justify\">&nbsp;<\/p>\r\n\r\n<p style=\"text-align:justify\"><span style=\"font-size:11.0pt\"><span style=\"line-height:normal\"><span style=\"font-family:Calibri,sans-serif\"><span style=\"font-size:14.0pt\"><img src=\"https:\/\/www.abint.org.br\/assets\/img\/editor\/post-curso-br-instal-gm-2025_20250205135746uUVJpTDyEg.jpg\" style=\"width: 500px; height: 500px;\" \/><\/span><\/span><\/span><\/span><\/p>\r\n\r\n<p style=\"text-align:justify\"><span style=\"font-size:11.0pt\"><span style=\"line-height:normal\"><span style=\"font-family:Calibri,sans-serif\"><a href=\"https:\/\/www.eventbrite.com\/e\/curso-brasileiro-de-instalacao-de-geomembranas-paulo-kenji-acakura-2025-tickets-1111455586579?aff=oddtdtcreator\" style=\"color:blue; text-decoration:underline\"><span style=\"font-size:14.0pt\">Fa&ccedil;a sua inscri&ccedil;&atilde;o<\/span><\/a><\/span><\/span><\/span><\/p>\r\n\r\n<p style=\"text-align:justify\">&nbsp;<\/p>\r\n\r\n<p style=\"text-align:justify\"><img src=\"https:\/\/www.abint.org.br\/assets\/img\/editor\/e-mail-post-premio-tcc-icc-2024-2025_20250205143024je0yZgOKML.png\" style=\"width: 500px; height: 500px;\" \/><\/p>\r\n\r\n<p style=\"text-align:justify\"><span style=\"font-size:11pt\"><span style=\"line-height:normal\"><span style=\"font-family:Calibri,sans-serif\"><a href=\"https:\/\/geossinteticos.org.br\/premiotccic\" style=\"color:blue; text-decoration:underline\"><span style=\"font-size:14.0pt\">Inscreva seu trabalho<\/span><\/a><\/span><\/span><\/span><\/p>\r\n\r\n<p style=\"text-align:justify\"><span style=\"font-size:28pt\"><span style=\"font-family:Cambria,serif\"><span style=\"letter-spacing:-0.5pt\"><b><span style=\"font-size:18.0pt\"><span style=\"font-family:&quot;Calibri&quot;,sans-serif\"><span style=\"font-variant:small-caps\">Not&iacute;cias das Associadas<\/span><\/span><\/span><\/b><\/span><\/span><\/span><\/p>\r\n\r\n<p style=\"text-align:justify\"><span style=\"font-size:11pt\"><span style=\"line-height:normal\"><span style=\"font-family:Calibri,sans-serif\"><a href=\"https:\/\/www.innovationintextiles.com\/freudenbergs-heytex-acquisition-approved\/\" style=\"color:blue; text-decoration:underline\"><span lang=\"EN-US\" style=\"font-size:14.0pt\">Freudenberg&rsquo;s Heytex acquisition approved<\/span><\/a><\/span><\/span><\/span><\/p>\r\n\r\n<p style=\"text-align:justify\"><span style=\"font-size:11pt\"><span style=\"line-height:normal\"><span style=\"font-family:Calibri,sans-serif\"><a href=\"https:\/\/www.nonwovens-industry.com\/contents\/view_breaking-news\/2025-01-30\/freudenberg-to-showcase-a-range-of-nonwoven-technical-capabilities-at-jec-world\/15303\" style=\"color:blue; text-decoration:underline\"><span lang=\"EN-US\" style=\"font-size:14.0pt\">Freudenberg to Showcase a Range of Nonwoven Technical Capabilities at JEC World<\/span><\/a><\/span><\/span><\/span><\/p>\r\n\r\n<p style=\"text-align:justify\"><span style=\"font-size:11pt\"><span style=\"line-height:normal\"><span style=\"font-family:Calibri,sans-serif\"><a href=\"https:\/\/www.nonwovens-industry.com\/contents\/view_breaking-news\/2025-01-27\/suominen-announces-board-changes-512144\/15303\" style=\"color:blue; text-decoration:underline\"><span style=\"font-size:14.0pt\">Suominen Announces Board Changes<\/span><\/a><\/span><\/span><\/span><\/p>\r\n\r\n<p style=\"text-align:justify\">&nbsp;<\/p>\r\n\r\n<p style=\"text-align:justify\"><span style=\"font-size:11pt\"><span style=\"line-height:normal\"><span style=\"font-family:Calibri,sans-serif\"><b><span style=\"font-size:18.0pt\"><span style=\"font-variant:small-caps\">Eventos<\/span><\/span><\/b><\/span><\/span><\/span><\/p>\r\n\r\n<p style=\"text-align:justify\"><span style=\"font-size:11pt\"><span style=\"line-height:normal\"><span style=\"font-family:Calibri,sans-serif\"><a href=\"https:\/\/www.abnteducacao.com.br\/Simbologia_de_cuidados_aplicada_a_Etiquetagem_de_Texteis_ABNT_NBR_NM_ISO_3758\" style=\"color:blue; text-decoration:underline\"><b><span style=\"font-size:14.0pt\">Simbologia de cuidados aplicada a Etiquetagem de T&ecirc;xteis - ABNT NBR NM ISO 3758<\/span><\/b><\/a><span style=\"font-size:14.0pt\">, 05 e 06 de fevereiro de 2025, 08h30 &agrave;s 17h30<\/span><\/span><\/span><\/span><\/p>\r\n\r\n<p style=\"text-align:justify\"><span style=\"font-size:11pt\"><span style=\"line-height:normal\"><span style=\"font-family:Calibri,sans-serif\"><a href=\"https:\/\/www.fimec.com.br\/\" style=\"color:blue; text-decoration:underline\"><b><span style=\"font-size:14.0pt\">Fimec 2025<\/span><\/b><\/a><span style=\"font-size:14.0pt\">, 18 a 20 de mar&ccedil;o, Fenac, Novo Hamburgo, RS<\/span><\/span><\/span><\/span><\/p>\r\n\r\n<p style=\"text-align:justify\"><span style=\"font-size:11pt\"><span style=\"line-height:normal\"><span style=\"font-family:Calibri,sans-serif\"><a href=\"https:\/\/www.plasticobrasil.com.br\/pt\/home.html\" style=\"color:blue; text-decoration:underline\"><b><span style=\"font-size:14.0pt\">Feira Pl&aacute;stico Brasil<\/span><\/b><\/a><span style=\"font-size:14.0pt\">, de 24 a 28 de mar&ccedil;o de 2025, 10h &agrave;s 19h, S&atilde;o Paulo Expo, Rodovia dos Imigrantes, km 1,5<\/span><\/span><\/span><\/span><\/p>\r\n\r\n<p style=\"text-align:justify\"><span style=\"font-size:11pt\"><span style=\"line-height:normal\"><span style=\"font-family:Calibri,sans-serif\"><a href=\"https:\/\/www.automecfeira.com.br\/pt-br.html\" style=\"color:blue; text-decoration:underline\"><b><span style=\"font-size:14.0pt\">Automec 2025<\/span><\/b><\/a><span style=\"font-size:14.0pt\">, 22 a 26 de abril de 2025, S&atilde;o Paulo Expo, Rodovia dos Imigrantes, Km 1,5, &Aacute;gua Funda, S&atilde;o Paulo, SP.<\/span><\/span><\/span><\/span><\/p>\r\n\r\n<p style=\"text-align:justify\"><span style=\"font-size:11pt\"><span style=\"line-height:normal\"><span style=\"font-family:Calibri,sans-serif\"><a href=\"https:\/\/www.hospitalar.com\/pt\/home.html\" style=\"color:blue; text-decoration:underline\"><b><span style=\"font-size:14.0pt\">Hospitalar 2025<\/span><\/b><\/a><span style=\"font-size:14.0pt\">, 20 a 23 de maio, 11h00 &agrave;s 20h00, S&atilde;o Paulo Expo, Rodovia dos Imigrantes, km 1,5<\/span><\/span><\/span><\/span><\/p>\r\n\r\n<p style=\"text-align:justify\"><span style=\"font-size:11pt\"><span style=\"line-height:normal\"><span style=\"font-family:Calibri,sans-serif\"><a href=\"https:\/\/ideashow.org\/\" style=\"color:blue; text-decoration:underline\"><b><span lang=\"EN-US\" style=\"font-size:14.0pt\">IDEA25<\/span><\/b><\/a><span lang=\"EN-US\" style=\"font-size:14.0pt\">, April 29-May 1, 2025, Miami Beach Convention Center, Miami Beach, Florida<\/span><\/span><\/span><\/span><\/p>\r\n\r\n<p style=\"text-align:justify\"><span style=\"font-size:11pt\"><span style=\"line-height:normal\"><span style=\"font-family:Calibri,sans-serif\"><a href=\"https:\/\/www.conbrava.com.br\/\" style=\"color:blue; text-decoration:underline\"><b><span style=\"font-size:14.0pt\">CONBRAVA 2025<\/span><\/b><\/a><span style=\"font-size:14.0pt\">, 10 a 12 de setembro de 2025, S&atilde;o Paulo Expo, Rodovia dos Imigrantes, km 1,5<\/span><\/span><\/span><\/span><\/p>\r\n\r\n<p style=\"text-align:justify\"><span style=\"font-size:11pt\"><span style=\"line-height:normal\"><span style=\"font-family:Calibri,sans-serif\"><a href=\"https:\/\/paving.com.br\/\" style=\"color:blue; text-decoration:underline\"><b><span style=\"font-size:14.0pt\">Paving Expo 2025<\/span><\/b><\/a><span style=\"font-size:14.0pt\">, 23 a 25 de setembro de 2025, Distrito Anhembi, Rua Prof. Milton Rodrigues, s\/n, Santana, S&atilde;o Paulo, SP<\/span><\/span><\/span><\/span><\/p>\r\n\r\n<p style=\"text-align:justify\"><span style=\"font-size:11pt\"><span style=\"line-height:normal\"><span style=\"font-family:Calibri,sans-serif\"><b><span style=\"font-size:14.0pt\">17&ordm; Congresso Brasileiro de Enfermagem em Centro Cir&uacute;rgico: &ldquo;O poder de cuidar&rdquo;<\/span><\/b><span style=\"font-size:14.0pt\">, 01 a 03 de outubro de 2025, Transamerica Expo Center, S&atilde;o Paulo, SP<\/span><\/span><\/span><\/span><\/p>\r\n\r\n<p style=\"text-align:justify\"><span style=\"font-size:11pt\"><span style=\"line-height:normal\"><span style=\"font-family:Calibri,sans-serif\"><a href=\"https:\/\/hospitalmed.com.br\/feira\/\" style=\"color:blue; text-decoration:underline\"><b><span style=\"font-size:14.0pt\">HospitalMed 2025<\/span><\/b><\/a><span style=\"font-size:14.0pt\">, 22 a 24 de outubro, Pernambuco Centro de Conven&ccedil;&otilde;es, Olinda<\/span><\/span><\/span><\/span><\/p>\r\n\r\n<p style=\"text-align:justify\"><span style=\"font-size:28pt\"><span style=\"font-family:Cambria,serif\"><span style=\"letter-spacing:-0.5pt\"><b><span style=\"font-size:18.0pt\"><span style=\"font-family:&quot;Calibri&quot;,sans-serif\"><span style=\"font-variant:small-caps\">Setor<\/span><\/span><\/span><\/b><\/span><\/span><\/span><\/p>\r\n\r\n<p style=\"text-align:justify\"><span style=\"font-size:11pt\"><span style=\"line-height:normal\"><span style=\"font-family:Calibri,sans-serif\"><a href=\"https:\/\/www.revistaplasticosul.com.br\/sustentabilidade\/adirplast-fecha-2024-com-estabilidade-e-perspectivas-cautelasas-para-2025\/\" style=\"color:blue; text-decoration:underline\"><span style=\"font-size:14.0pt\">Distribui&ccedil;&atilde;o de resinas: ADIRPLAST fecha 2024 com estabilidade e perspectivas cautelosas para 2025<\/span><\/a><\/span><\/span><\/span><\/p>\r\n\r\n<p style=\"text-align:justify\"><span style=\"font-size:11pt\"><span style=\"line-height:normal\"><span style=\"font-family:Calibri,sans-serif\"><a href=\"https:\/\/www.innovationintextiles.com\/nonwovens\/new-funding-for-hemp-nonwovens-plant\/\" style=\"color:blue; text-decoration:underline\"><span lang=\"EN-US\" style=\"font-size:14.0pt\">New funding for hemp nonwovens plant<\/span><\/a><\/span><\/span><\/span><\/p>\r\n\r\n<p style=\"text-align:justify\"><span style=\"font-size:11pt\"><span style=\"line-height:normal\"><span style=\"font-family:Calibri,sans-serif\"><a href=\"https:\/\/www.meiofiltrante.com.br\/Noticia\/129767\/os-sistemas-de-filtracao-desempenham-um-papel-importante-na-sustentabilidade-industrial\" style=\"color:blue; text-decoration:underline\"><span style=\"font-size:14.0pt\">Os sistemas de filtra&ccedil;&atilde;o desempenham um papel importante na sustentabilidade industrial<\/span><\/a><\/span><\/span><\/span><\/p>\r\n\r\n<p style=\"text-align:justify\"><span style=\"font-size:11pt\"><span style=\"line-height:normal\"><span style=\"font-family:Calibri,sans-serif\"><a href=\"https:\/\/abreuelima.pe.gov.br\/prefeitura-de-abreu-e-lima-aplica-geomanta-no-bairro-do-planalto\/\" style=\"color:blue; text-decoration:underline\"><span style=\"font-size:14.0pt\">Em Pernambuco: Prefeitura de Abreu e Lima aplica geomanta no bairro do Planalto<\/span><\/a><\/span><\/span><\/span><\/p>\r\n\r\n<p style=\"text-align:justify\"><span style=\"font-size:11pt\"><span style=\"line-height:normal\"><span style=\"font-family:Calibri,sans-serif\"><a href=\"https:\/\/www.plastico.com.br\/resinas-virgens-com-baixo-preco-freiam-expansao-das-recicladas\/?utm_campaign=newsletter_plastico_janeiro_2025&amp;utm_medium=email&amp;utm_source=RD+Station\" style=\"color:blue; text-decoration:underline\"><span style=\"font-size:14.0pt\">Resinas virgens com baixo pre&ccedil;o freiam expans&atilde;o das recicladas<\/span><\/a><\/span><\/span><\/span><\/p>\r\n\r\n<p style=\"text-align:justify\"><span style=\"font-size:11pt\"><span style=\"line-height:normal\"><span style=\"font-family:Calibri,sans-serif\"><a href=\"https:\/\/www.nonwovens-industry.com\/contents\/view_breaking-news\/2025-01-28\/kimberly-clark-announces-q4-2024-results\/15303\" style=\"color:blue; text-decoration:underline\"><span lang=\"ES-AR\" style=\"font-size:14.0pt\">Kimberly-Clark Announces Q4, 2024 Results<\/span><\/a><\/span><\/span><\/span><\/p>\r\n\r\n<p style=\"text-align:justify\"><span style=\"font-size:11pt\"><span style=\"line-height:normal\"><span style=\"font-family:Calibri,sans-serif\"><a href=\"https:\/\/www.innovationintextiles.com\/fibres-yarns-fabrics\/drake-successfully-produces-recycled-polypropylene\/\" style=\"color:blue; text-decoration:underline\"><span lang=\"ES-AR\" style=\"font-size:14.0pt\">Drake successfully produces recycled polypropylene<\/span><\/a><\/span><\/span><\/span><\/p>\r\n\r\n<p style=\"text-align:justify\"><span style=\"font-size:28pt\"><span style=\"font-family:Cambria,serif\"><span style=\"letter-spacing:-0.5pt\"><b><span style=\"font-size:18.0pt\"><span style=\"font-family:&quot;Calibri&quot;,sans-serif\"><span style=\"font-variant:small-caps\">Ind&uacute;stria<\/span><\/span><\/span><\/b><\/span><\/span><\/span><\/p>\r\n\r\n<p style=\"text-align:justify\"><span style=\"font-size:11pt\"><span style=\"line-height:normal\"><span style=\"font-family:Calibri,sans-serif\"><a href=\"https:\/\/noticias.portaldaindustria.com.br\/noticias\/economia\/numero-de-setores-industriais-sem-confianca-e-o-maior-desde-junho-de-2020-aponta-cni\/\" style=\"color:blue; text-decoration:underline\"><span style=\"font-size:14.0pt\">N&uacute;mero de setores industriais sem confian&ccedil;a &eacute; o maior desde junho de 2020, aponta CNI<\/span><\/a><\/span><\/span><\/span><\/p>\r\n\r\n<p style=\"text-align:justify\"><span style=\"font-size:11pt\"><span style=\"line-height:normal\"><span style=\"font-family:Calibri,sans-serif\"><a href=\"https:\/\/portalibre.fgv.br\/system\/files\/divulgacao\/noticias\/mat-complementar\/2025-02\/%C3%8Dndice%20de%20Confian%C3%A7a%20Empresarial%20FGV_press%20release_Jan25.pdf\" style=\"color:blue; text-decoration:underline\"><span style=\"font-size:14.0pt\">Confian&ccedil;a Empresarial cai pelo terceiro m&ecirc;s consecutivo em janeiro<\/span><\/a><\/span><\/span><\/span><\/p>\r\n\r\n<p style=\"text-align:justify\"><span style=\"font-size:11pt\"><span style=\"line-height:normal\"><span style=\"font-family:Calibri,sans-serif\"><a href=\"https:\/\/grandesconstrucoes.com.br\/Noticias\/Exibir\/confianca-do-construcao-recuou-19-pontos-em-janeiro?utm_source=akna&amp;utm_medium=email&amp;utm_campaign=Grandes-Construcoes-Informativo-947-30-01-2025\" style=\"color:blue; text-decoration:underline\"><span style=\"font-size:14.0pt\">Confian&ccedil;a do Constru&ccedil;&atilde;o recuou 1,9 pontos em janeiro<\/span><\/a><\/span><\/span><\/span><\/p>\r\n\r\n<p style=\"text-align:justify\"><span style=\"font-size:11pt\"><span style=\"line-height:normal\"><span style=\"font-family:Calibri,sans-serif\"><a href=\"https:\/\/noticias.portaldaindustria.com.br\/noticias\/pequenas-empresas\/situacao-financeira-das-pequenas-industrias-piora-no-4o-trimestre-revela-cni\/\" style=\"color:blue; text-decoration:underline\"><span style=\"font-size:14.0pt\">Situa&ccedil;&atilde;o financeira das pequenas ind&uacute;strias piora no 4&ordm; trimestre, revela CNI<\/span><\/a><\/span><\/span><\/span><\/p>\r\n\r\n<p style=\"text-align:justify\"><span style=\"font-size:11pt\"><span style=\"line-height:normal\"><span style=\"font-family:Calibri,sans-serif\"><a href=\"http:\/\/emkt.revistamt.com.br\/emkt\/tracer\/?2,8680696,260ba16a,29e8,4\" style=\"color:blue; text-decoration:underline\"><span style=\"font-size:14.0pt\">Setor de m&aacute;quinas de constru&ccedil;&atilde;o tem alta de 22,2% nas vendas em 2024<\/span><\/a><\/span><\/span><\/span><\/p>\r\n\r\n<p style=\"text-align:justify\"><span style=\"font-size:28pt\"><span style=\"font-family:Cambria,serif\"><span style=\"letter-spacing:-0.5pt\"><b><span style=\"font-size:18.0pt\"><span style=\"font-family:&quot;Calibri&quot;,sans-serif\"><span style=\"font-variant:small-caps\">Sustentabilidade<\/span><\/span><\/span><\/b><\/span><\/span><\/span><\/p>\r\n\r\n<p style=\"text-align:justify\"><span style=\"font-size:11pt\"><span style=\"line-height:normal\"><span style=\"font-family:Calibri,sans-serif\"><a href=\"https:\/\/portalpersonalcare.com.br\/mypura-alcanca-marco-importante-em-teste-de-reciclagem-em-bristol-uk\/?utm_campaign=newsletter_29012025&amp;utm_medium=email&amp;utm_source=RD+Station\" style=\"color:blue; text-decoration:underline\"><span style=\"font-size:14.0pt\">Mypura alcan&ccedil;a marco importante em teste de reciclagem em Bristol (UK)<\/span><\/a><\/span><\/span><\/span><\/p>\r\n\r\n<p style=\"text-align:justify\"><span style=\"font-size:11pt\"><span style=\"line-height:normal\"><span style=\"font-family:Calibri,sans-serif\"><a href=\"https:\/\/www.revistaplasticosul.com.br\/sustentabilidade\/setor-de-construcao-civil-aumenta-uso-de-material-reciclado-em-25\/\" style=\"color:blue; text-decoration:underline\"><span style=\"font-size:14.0pt\">Setor de constru&ccedil;&atilde;o civil aumenta uso de material reciclado em 25%<\/span><\/a><\/span><\/span><\/span><\/p>\r\n\r\n<p style=\"text-align:justify\"><span style=\"font-size:11pt\"><span style=\"line-height:normal\"><span style=\"font-family:Calibri,sans-serif\"><a href=\"https:\/\/www.plastico.com.br\/reciclagem-facil-de-pet-atrai-aplicacoes-adicionais\/?utm_campaign=newsletter_plastico_janeiro_2025&amp;utm_medium=email&amp;utm_source=RD+Station\" style=\"color:blue; text-decoration:underline\"><span style=\"font-size:14.0pt\">Reciclagem f&aacute;cil de PET atrai aplica&ccedil;&otilde;es adicionais<\/span><\/a><\/span><\/span><\/span><\/p>\r\n\r\n<p style=\"text-align:justify\"><span style=\"font-size:11pt\"><span style=\"line-height:normal\"><span style=\"font-family:Calibri,sans-serif\"><a href=\"https:\/\/certi.org.br\/blog\/economia-verde-conceito-pilares-e-como-aplicar\/?utm_campaign=certi%20news%20janeiro2025&amp;utm_medium=email&amp;utm_source=blog\" style=\"color:blue; text-decoration:underline\"><span style=\"font-size:14.0pt\">Economia verde: conceito, pilares e como aplicar<\/span><\/a><\/span><\/span><\/span><\/p>\r\n\r\n<p style=\"text-align:justify\"><span style=\"font-size:11pt\"><span style=\"line-height:normal\"><span style=\"font-family:Calibri,sans-serif\"><a href=\"https:\/\/www.revistaplasticosul.com.br\/sustentabilidade\/abrerp-uma-nova-entidade-para-uma-antiga-luta\/\" style=\"color:blue; text-decoration:underline\"><span style=\"font-size:14.0pt\">Reciclagem: ABRERP - uma nova entidade para uma antiga luta<\/span><\/a><\/span><\/span><\/span><\/p>\r\n\r\n<p style=\"text-align:justify\"><span style=\"font-size:11pt\"><span style=\"line-height:normal\"><span style=\"font-family:Calibri,sans-serif\"><a href=\"https:\/\/www.revistaplasticosul.com.br\/sustentabilidade\/brasil-sanciona-lei-que-proibe-a-importacao-de-residuos-solidos-e-rejeitos\/\" style=\"color:blue; text-decoration:underline\"><span style=\"font-size:14.0pt\">Brasil sanciona lei que pro&iacute;be a importa&ccedil;&atilde;o de res&iacute;duos s&oacute;lidos e rejeitos<\/span><\/a><\/span><\/span><\/span><\/p>\r\n\r\n<p style=\"text-align:justify\"><span style=\"font-size:28pt\"><span style=\"font-family:Cambria,serif\"><span style=\"letter-spacing:-0.5pt\"><b><span style=\"font-size:18.0pt\"><span style=\"font-family:&quot;Calibri&quot;,sans-serif\"><span style=\"font-variant:small-caps\">Inova&ccedil;&atilde;o<\/span><\/span><\/span><\/b><\/span><\/span><\/span><\/p>\r\n\r\n<p style=\"text-align:justify\"><span style=\"font-size:11pt\"><span style=\"line-height:normal\"><span style=\"font-family:Calibri,sans-serif\"><a href=\"https:\/\/portugaltextil.com\/textil-combate-aumento-das-temperaturas\/\" style=\"color:blue; text-decoration:underline\"><span style=\"font-size:14.0pt\">T&ecirc;xtil combate aumento das temperaturas<\/span><\/a><\/span><\/span><\/span><\/p>\r\n\r\n<p style=\"text-align:justify\"><span style=\"font-size:11pt\"><span style=\"line-height:normal\"><span style=\"font-family:Calibri,sans-serif\"><a href=\"https:\/\/www.innovationintextiles.com\/advancing-performance-with-atmus-nanonet-n3\/\" style=\"color:blue; text-decoration:underline\"><span lang=\"EN-US\" style=\"font-size:14.0pt\">Nonwovens\/Converting: advancing performance with Atmus NanoNet N3<\/span><\/a><\/span><\/span><\/span><\/p>\r\n\r\n<p style=\"text-align:justify\"><span style=\"font-size:11pt\"><span style=\"line-height:normal\"><span style=\"font-family:Calibri,sans-serif\"><a href=\"https:\/\/www.nsctotal.com.br\/colunistas\/estela-benetti\/tecido-que-ajuda-na-saude-e-destaque-de-empresa-de-sc-em-feira-na-colombia\" style=\"color:blue; text-decoration:underline\"><span style=\"font-size:14.0pt\">Tecido que ajuda na sa&uacute;de &eacute; destaque de empresa de SC em feira na Col&ocirc;mbia<\/span><\/a><\/span><\/span><\/span><\/p>\r\n\r\n<p style=\"text-align:justify\"><span style=\"font-size:11pt\"><span style=\"line-height:normal\"><span style=\"font-family:Calibri,sans-serif\"><a href=\"https:\/\/www.innovationintextiles.com\/ultrasound-breakthrough-in-blood-pressure-monitoring\/\" style=\"color:blue; text-decoration:underline\"><span lang=\"EN-US\" style=\"font-size:14.0pt\">Smart Textiles: ultrasound breakthrough in blood pressure monitoring<\/span><\/a><\/span><\/span><\/span><\/p>\r\n\r\n<p style=\"text-align:justify\"><span style=\"font-size:28pt\"><span style=\"font-family:Cambria,serif\"><span style=\"letter-spacing:-0.5pt\"><b><span style=\"font-size:18.0pt\"><span style=\"font-family:&quot;Calibri&quot;,sans-serif\"><span style=\"font-variant:small-caps\">Com&eacute;rcio Exterior<\/span><\/span><\/span><\/b><\/span><\/span><\/span><\/p>\r\n\r\n<p style=\"text-align:justify\"><span style=\"font-size:11pt\"><span style=\"line-height:normal\"><span style=\"font-family:Calibri,sans-serif\"><a href=\"https:\/\/plasticosemrevista.com.br\/china-agrava-superoferta-de-olefinas\/\" style=\"color:blue; text-decoration:underline\"><span style=\"font-size:14.0pt\">China agrava superoferta de olefinas<\/span><\/a><\/span><\/span><\/span><\/p>\r\n\r\n<p style=\"text-align:justify\"><span style=\"font-size:11pt\"><span style=\"line-height:normal\"><span style=\"font-family:Calibri,sans-serif\"><a href=\"https:\/\/www.infomoney.com.br\/economia\/bce-ue-precisa-acelerar-acordos-comerciais-como-o-mercosul-para-enfrentar-tarifas\/\" style=\"color:blue; text-decoration:underline\"><span style=\"font-size:14.0pt\">BCE: UE precisa acelerar acordos comerciais, como o Mercosul, para enfrentar tarifas<\/span><\/a><\/span><\/span><\/span><\/p>\r\n\r\n<p style=\"text-align:justify\"><span style=\"font-size:11pt\"><span style=\"line-height:normal\"><span style=\"font-family:Calibri,sans-serif\"><a href=\"https:\/\/www.correiobraziliense.com.br\/economia\/2025\/01\/7048354-acordo-ue-mercosul-seguira-se-movendo-afirma-ex-primeira-ministra-da-dinamarca.html\" style=\"color:blue; text-decoration:underline\"><span style=\"font-size:14.0pt\">&#39;Acordo UE-Mercosul seguir&aacute; se movendo&#39;, afirma ex-premier da Dinamarca<\/span><\/a><\/span><\/span><\/span><\/p>\r\n\r\n<p style=\"text-align:justify\"><span style=\"font-size:11pt\"><span style=\"line-height:normal\"><span style=\"font-family:Calibri,sans-serif\"><a href=\"https:\/\/apexbrasil.com.br\/br\/pt\/conteudo\/noticias\/plataforma-brasil-exportacao--grandes-conquistas-em-2024-e-novid.html\" style=\"color:blue; text-decoration:underline\"><span style=\"font-size:14.0pt\">Plataforma Brasil Exporta&ccedil;&atilde;o: grandes conquistas em 2024 e novidades para 2025<\/span><\/a><\/span><\/span><\/span><\/p>\r\n\r\n<p style=\"text-align:justify\"><span style=\"font-size:11pt\"><span style=\"line-height:normal\"><span style=\"font-family:Calibri,sans-serif\"><a href=\"https:\/\/www.terra.com.br\/noticias\/acordo-entre-ue-e-mercosul-traz-oportunidades-para-empresas,d36234139b6a4786f4557100b8d2a2c4rw0xh73q.html\" style=\"color:blue; text-decoration:underline\"><span style=\"font-size:14.0pt\">Acordo entre UE e Mercosul traz oportunidades para empresas<\/span><\/a><\/span><\/span><\/span><\/p>\r\n\r\n<p style=\"text-align:justify\"><span style=\"font-size:28pt\"><span style=\"font-family:Cambria,serif\"><span style=\"letter-spacing:-0.5pt\"><b><span style=\"font-size:18.0pt\"><span style=\"font-family:&quot;Calibri&quot;,sans-serif\"><span style=\"font-variant:small-caps\">Economia<\/span><\/span><\/span><\/b><\/span><\/span><\/span><\/p>\r\n\r\n<p style=\"text-align:justify\"><span style=\"font-size:11pt\"><span style=\"line-height:normal\"><span style=\"font-family:Calibri,sans-serif\"><a href=\"https:\/\/www.bcb.gov.br\/content\/focus\/focus\/R20250131.pdf\" style=\"color:blue; text-decoration:underline\"><span style=\"font-size:14.0pt\">Focus - Relat&oacute;rio de Mercado<\/span><\/a><\/span><\/span><\/span><\/p>\r\n\r\n<p style=\"text-align:justify\"><span style=\"font-size:11pt\"><span style=\"line-height:normal\"><span style=\"font-family:Calibri,sans-serif\"><a href=\"https:\/\/www.bcb.gov.br\/controleinflacao\/focusdistribuicoesfrequencia\" style=\"color:blue; text-decoration:underline\"><span style=\"font-size:14.0pt\">Focus &ndash; Distribui&ccedil;&otilde;es de Frequ&ecirc;ncia das Expectativas de Mercado para IPCA, Selic, PIB e C&acirc;mbio.<\/span><\/a><\/span><\/span><\/span><\/p>\r\n\r\n<p style=\"text-align:justify\"><span style=\"font-size:11pt\"><span style=\"line-height:normal\"><span style=\"font-family:Calibri,sans-serif\"><a href=\"https:\/\/portalibre.fgv.br\/system\/files\/divulgacao\/noticias\/mat-complementar\/2025-01\/PressRelease_IIE-BR_jan25.pdf\" style=\"color:blue; text-decoration:underline\"><span style=\"font-size:14.0pt\">Incerteza Econ&ocirc;mica registra terceira alta consecutiva<\/span><\/a><\/span><\/span><\/span><\/p>\r\n\r\n<p style=\"text-align:justify\">&nbsp;<\/p>\r\n\r\n<p style=\"text-align:justify\"><img src=\"https:\/\/www.abint.org.br\/assets\/img\/editor\/redes-sociais-abint-ctg-cth_20250205143403kcH4SBmjCL.jpg\" \/><\/p>\r\n","6":"<p style=\"text-align:justify\"><span style=\"font-size:11pt\"><span style=\"line-height:normal\"><span style=\"font-family:Calibri,sans-serif\"><span style=\"font-size:14.0pt\">Esta &eacute; uma compila&ccedil;&atilde;o das not&iacute;cias mais relevantes para o setor, incluindo informa&ccedil;&otilde;es sobre acordos internacionais, economia brasileira, sustentabilidade e mat&eacute;rias primas, al&eacute;m de novidades do setor de N&atilde;otecidos e Tecidos T&eacute;cnicos.<\/span><\/span><\/span><\/span><\/p>\r\n\r\n<p style=\"text-align:justify\"><b><span style=\"font-size:18.0pt\"><span style=\"line-height:115%\"><span style=\"font-family:&quot;Calibri&quot;,sans-serif\"><span style=\"font-variant:small-caps\">O que vem por a&iacute;<\/span><\/span><\/span><\/span><\/b><\/p>\r\n\r\n<p style=\"text-align:justify\"><b><span style=\"font-size:18.0pt\"><span style=\"line-height:115%\"><span style=\"font-family:&quot;Calibri&quot;,sans-serif\"><span style=\"font-variant:small-caps\"><img src=\"https:\/\/www.abint.org.br\/assets\/img\/editor\/original_20250205135321qhYeNy3IgM.png\" style=\"width: 300px; height: 69px;\" \/><\/span><\/span><\/span><\/span><\/b><\/p>\r\n\r\n<p style=\"text-align:justify\"><b><span style=\"font-size:18.0pt\"><span style=\"line-height:115%\"><span style=\"font-family:&quot;Calibri&quot;,sans-serif\"><span style=\"font-variant:small-caps\"><img src=\"https:\/\/www.abint.org.br\/assets\/img\/editor\/post-quadrado-curso-naotecido_20250205135414oZsyScRWnD.jpg\" style=\"width: 500px; height: 500px;\" \/><\/span><\/span><\/span><\/span><\/b><\/p>\r\n\r\n<p style=\"text-align:justify\"><a href=\"https:\/\/forms.office.com\/pages\/responsepage.aspx?id=n9pNk1glrE6b5i8lS53621O-4jMsuCNBqhQBI597U0lUNlJaRFVVWjZDRk4xMEVWSkZDSUVOMVRSVi4u&amp;route=shorturl\"><span style=\"font-size:11.0pt\"><span style=\"line-height:115%\"><span style=\"font-family:&quot;Calibri&quot;,sans-serif\"><span style=\"font-size:14.0pt\"><span style=\"line-height:115%\">Fa&ccedil;a sua inscri&ccedil;&atilde;o<\/span><\/span><\/span><\/span><\/span><\/a><\/p>\r\n\r\n<p style=\"text-align:justify\">&nbsp;<\/p>\r\n\r\n<p style=\"text-align:justify\"><span style=\"font-size:11.0pt\"><span style=\"line-height:115%\"><span style=\"font-family:&quot;Calibri&quot;,sans-serif\"><span style=\"font-size:14.0pt\"><span style=\"line-height:115%\"><img src=\"https:\/\/www.abint.org.br\/assets\/img\/editor\/logo-ctg-abint-png_202502051355479yWykO7ojh.png\" style=\"width: 300px; height: 55px;\" \/><\/span><\/span><\/span><\/span><\/span><\/p>\r\n\r\n<p style=\"text-align:justify\">&nbsp;<\/p>\r\n\r\n<p style=\"text-align:justify\"><span style=\"font-size:11.0pt\"><span style=\"line-height:115%\"><span style=\"font-family:&quot;Calibri&quot;,sans-serif\"><span style=\"font-size:14.0pt\"><span style=\"line-height:115%\"><img src=\"https:\/\/www.abint.org.br\/assets\/img\/editor\/live-curso-br-instal-gm-2025-2_20250205135648JwdaUCOQ35.jpeg\" style=\"width: 500px; height: 500px;\" \/><\/span><\/span><\/span><\/span><\/span><\/p>\r\n\r\n<p style=\"text-align:justify\"><span style=\"font-size:11.0pt\"><span style=\"line-height:normal\"><span style=\"font-family:Calibri,sans-serif\"><a href=\"https:\/\/www.youtube.com\/watch?v=zs0x4z03NUE\" style=\"color:blue; text-decoration:underline\"><span style=\"font-size:14.0pt\">Ative o sininho da LIVE<\/span><\/a><\/span><\/span><\/span><\/p>\r\n\r\n<p style=\"text-align:justify\">&nbsp;<\/p>\r\n\r\n<p style=\"text-align:justify\"><span style=\"font-size:11.0pt\"><span style=\"line-height:normal\"><span style=\"font-family:Calibri,sans-serif\"><span style=\"font-size:14.0pt\"><img src=\"https:\/\/www.abint.org.br\/assets\/img\/editor\/post-curso-br-instal-gm-2025_20250205135746uUVJpTDyEg.jpg\" style=\"width: 500px; height: 500px;\" \/><\/span><\/span><\/span><\/span><\/p>\r\n\r\n<p style=\"text-align:justify\"><span style=\"font-size:11.0pt\"><span style=\"line-height:normal\"><span style=\"font-family:Calibri,sans-serif\"><a href=\"https:\/\/www.eventbrite.com\/e\/curso-brasileiro-de-instalacao-de-geomembranas-paulo-kenji-acakura-2025-tickets-1111455586579?aff=oddtdtcreator\" style=\"color:blue; text-decoration:underline\"><span style=\"font-size:14.0pt\">Fa&ccedil;a sua inscri&ccedil;&atilde;o<\/span><\/a><\/span><\/span><\/span><\/p>\r\n\r\n<p style=\"text-align:justify\">&nbsp;<\/p>\r\n\r\n<p style=\"text-align:justify\"><img src=\"https:\/\/www.abint.org.br\/assets\/img\/editor\/e-mail-post-premio-tcc-icc-2024-2025_20250205143024je0yZgOKML.png\" style=\"width: 500px; height: 500px;\" \/><\/p>\r\n\r\n<p style=\"text-align:justify\"><span style=\"font-size:11pt\"><span style=\"line-height:normal\"><span style=\"font-family:Calibri,sans-serif\"><a href=\"https:\/\/geossinteticos.org.br\/premiotccic\" style=\"color:blue; text-decoration:underline\"><span style=\"font-size:14.0pt\">Inscreva seu trabalho<\/span><\/a><\/span><\/span><\/span><\/p>\r\n\r\n<p style=\"text-align:justify\"><span style=\"font-size:28pt\"><span style=\"font-family:Cambria,serif\"><span style=\"letter-spacing:-0.5pt\"><b><span style=\"font-size:18.0pt\"><span style=\"font-family:&quot;Calibri&quot;,sans-serif\"><span style=\"font-variant:small-caps\">Not&iacute;cias das Associadas<\/span><\/span><\/span><\/b><\/span><\/span><\/span><\/p>\r\n\r\n<p style=\"text-align:justify\"><span style=\"font-size:11pt\"><span style=\"line-height:normal\"><span style=\"font-family:Calibri,sans-serif\"><a href=\"https:\/\/www.innovationintextiles.com\/freudenbergs-heytex-acquisition-approved\/\" style=\"color:blue; text-decoration:underline\"><span lang=\"EN-US\" style=\"font-size:14.0pt\">Freudenberg&rsquo;s Heytex acquisition approved<\/span><\/a><\/span><\/span><\/span><\/p>\r\n\r\n<p style=\"text-align:justify\"><span style=\"font-size:11pt\"><span style=\"line-height:normal\"><span style=\"font-family:Calibri,sans-serif\"><a href=\"https:\/\/www.nonwovens-industry.com\/contents\/view_breaking-news\/2025-01-30\/freudenberg-to-showcase-a-range-of-nonwoven-technical-capabilities-at-jec-world\/15303\" style=\"color:blue; text-decoration:underline\"><span lang=\"EN-US\" style=\"font-size:14.0pt\">Freudenberg to Showcase a Range of Nonwoven Technical Capabilities at JEC World<\/span><\/a><\/span><\/span><\/span><\/p>\r\n\r\n<p style=\"text-align:justify\"><span style=\"font-size:11pt\"><span style=\"line-height:normal\"><span style=\"font-family:Calibri,sans-serif\"><a href=\"https:\/\/www.nonwovens-industry.com\/contents\/view_breaking-news\/2025-01-27\/suominen-announces-board-changes-512144\/15303\" style=\"color:blue; text-decoration:underline\"><span style=\"font-size:14.0pt\">Suominen Announces Board Changes<\/span><\/a><\/span><\/span><\/span><\/p>\r\n\r\n<p style=\"text-align:justify\">&nbsp;<\/p>\r\n\r\n<p style=\"text-align:justify\"><span style=\"font-size:11pt\"><span style=\"line-height:normal\"><span style=\"font-family:Calibri,sans-serif\"><b><span style=\"font-size:18.0pt\"><span style=\"font-variant:small-caps\">Eventos<\/span><\/span><\/b><\/span><\/span><\/span><\/p>\r\n\r\n<p style=\"text-align:justify\"><span style=\"font-size:11pt\"><span style=\"line-height:normal\"><span style=\"font-family:Calibri,sans-serif\"><a href=\"https:\/\/www.abnteducacao.com.br\/Simbologia_de_cuidados_aplicada_a_Etiquetagem_de_Texteis_ABNT_NBR_NM_ISO_3758\" style=\"color:blue; text-decoration:underline\"><b><span style=\"font-size:14.0pt\">Simbologia de cuidados aplicada a Etiquetagem de T&ecirc;xteis - ABNT NBR NM ISO 3758<\/span><\/b><\/a><span style=\"font-size:14.0pt\">, 05 e 06 de fevereiro de 2025, 08h30 &agrave;s 17h30<\/span><\/span><\/span><\/span><\/p>\r\n\r\n<p style=\"text-align:justify\"><span style=\"font-size:11pt\"><span style=\"line-height:normal\"><span style=\"font-family:Calibri,sans-serif\"><a href=\"https:\/\/www.fimec.com.br\/\" style=\"color:blue; text-decoration:underline\"><b><span style=\"font-size:14.0pt\">Fimec 2025<\/span><\/b><\/a><span style=\"font-size:14.0pt\">, 18 a 20 de mar&ccedil;o, Fenac, Novo Hamburgo, RS<\/span><\/span><\/span><\/span><\/p>\r\n\r\n<p style=\"text-align:justify\"><span style=\"font-size:11pt\"><span style=\"line-height:normal\"><span style=\"font-family:Calibri,sans-serif\"><a href=\"https:\/\/www.plasticobrasil.com.br\/pt\/home.html\" style=\"color:blue; text-decoration:underline\"><b><span style=\"font-size:14.0pt\">Feira Pl&aacute;stico Brasil<\/span><\/b><\/a><span style=\"font-size:14.0pt\">, de 24 a 28 de mar&ccedil;o de 2025, 10h &agrave;s 19h, S&atilde;o Paulo Expo, Rodovia dos Imigrantes, km 1,5<\/span><\/span><\/span><\/span><\/p>\r\n\r\n<p style=\"text-align:justify\"><span style=\"font-size:11pt\"><span style=\"line-height:normal\"><span style=\"font-family:Calibri,sans-serif\"><a href=\"https:\/\/www.automecfeira.com.br\/pt-br.html\" style=\"color:blue; text-decoration:underline\"><b><span style=\"font-size:14.0pt\">Automec 2025<\/span><\/b><\/a><span style=\"font-size:14.0pt\">, 22 a 26 de abril de 2025, S&atilde;o Paulo Expo, Rodovia dos Imigrantes, Km 1,5, &Aacute;gua Funda, S&atilde;o Paulo, SP.<\/span><\/span><\/span><\/span><\/p>\r\n\r\n<p style=\"text-align:justify\"><span style=\"font-size:11pt\"><span style=\"line-height:normal\"><span style=\"font-family:Calibri,sans-serif\"><a href=\"https:\/\/www.hospitalar.com\/pt\/home.html\" style=\"color:blue; text-decoration:underline\"><b><span style=\"font-size:14.0pt\">Hospitalar 2025<\/span><\/b><\/a><span style=\"font-size:14.0pt\">, 20 a 23 de maio, 11h00 &agrave;s 20h00, S&atilde;o Paulo Expo, Rodovia dos Imigrantes, km 1,5<\/span><\/span><\/span><\/span><\/p>\r\n\r\n<p style=\"text-align:justify\"><span style=\"font-size:11pt\"><span style=\"line-height:normal\"><span style=\"font-family:Calibri,sans-serif\"><a href=\"https:\/\/ideashow.org\/\" style=\"color:blue; text-decoration:underline\"><b><span lang=\"EN-US\" style=\"font-size:14.0pt\">IDEA25<\/span><\/b><\/a><span lang=\"EN-US\" style=\"font-size:14.0pt\">, April 29-May 1, 2025, Miami Beach Convention Center, Miami Beach, Florida<\/span><\/span><\/span><\/span><\/p>\r\n\r\n<p style=\"text-align:justify\"><span style=\"font-size:11pt\"><span style=\"line-height:normal\"><span style=\"font-family:Calibri,sans-serif\"><a href=\"https:\/\/www.conbrava.com.br\/\" style=\"color:blue; text-decoration:underline\"><b><span style=\"font-size:14.0pt\">CONBRAVA 2025<\/span><\/b><\/a><span style=\"font-size:14.0pt\">, 10 a 12 de setembro de 2025, S&atilde;o Paulo Expo, Rodovia dos Imigrantes, km 1,5<\/span><\/span><\/span><\/span><\/p>\r\n\r\n<p style=\"text-align:justify\"><span style=\"font-size:11pt\"><span style=\"line-height:normal\"><span style=\"font-family:Calibri,sans-serif\"><a href=\"https:\/\/paving.com.br\/\" style=\"color:blue; text-decoration:underline\"><b><span style=\"font-size:14.0pt\">Paving Expo 2025<\/span><\/b><\/a><span style=\"font-size:14.0pt\">, 23 a 25 de setembro de 2025, Distrito Anhembi, Rua Prof. Milton Rodrigues, s\/n, Santana, S&atilde;o Paulo, SP<\/span><\/span><\/span><\/span><\/p>\r\n\r\n<p style=\"text-align:justify\"><span style=\"font-size:11pt\"><span style=\"line-height:normal\"><span style=\"font-family:Calibri,sans-serif\"><b><span style=\"font-size:14.0pt\">17&ordm; Congresso Brasileiro de Enfermagem em Centro Cir&uacute;rgico: &ldquo;O poder de cuidar&rdquo;<\/span><\/b><span style=\"font-size:14.0pt\">, 01 a 03 de outubro de 2025, Transamerica Expo Center, S&atilde;o Paulo, SP<\/span><\/span><\/span><\/span><\/p>\r\n\r\n<p style=\"text-align:justify\"><span style=\"font-size:11pt\"><span style=\"line-height:normal\"><span style=\"font-family:Calibri,sans-serif\"><a href=\"https:\/\/hospitalmed.com.br\/feira\/\" style=\"color:blue; text-decoration:underline\"><b><span style=\"font-size:14.0pt\">HospitalMed 2025<\/span><\/b><\/a><span style=\"font-size:14.0pt\">, 22 a 24 de outubro, Pernambuco Centro de Conven&ccedil;&otilde;es, Olinda<\/span><\/span><\/span><\/span><\/p>\r\n\r\n<p style=\"text-align:justify\"><span style=\"font-size:28pt\"><span style=\"font-family:Cambria,serif\"><span style=\"letter-spacing:-0.5pt\"><b><span style=\"font-size:18.0pt\"><span style=\"font-family:&quot;Calibri&quot;,sans-serif\"><span style=\"font-variant:small-caps\">Setor<\/span><\/span><\/span><\/b><\/span><\/span><\/span><\/p>\r\n\r\n<p style=\"text-align:justify\"><span style=\"font-size:11pt\"><span style=\"line-height:normal\"><span style=\"font-family:Calibri,sans-serif\"><a href=\"https:\/\/www.revistaplasticosul.com.br\/sustentabilidade\/adirplast-fecha-2024-com-estabilidade-e-perspectivas-cautelasas-para-2025\/\" style=\"color:blue; text-decoration:underline\"><span style=\"font-size:14.0pt\">Distribui&ccedil;&atilde;o de resinas: ADIRPLAST fecha 2024 com estabilidade e perspectivas cautelosas para 2025<\/span><\/a><\/span><\/span><\/span><\/p>\r\n\r\n<p style=\"text-align:justify\"><span style=\"font-size:11pt\"><span style=\"line-height:normal\"><span style=\"font-family:Calibri,sans-serif\"><a href=\"https:\/\/www.innovationintextiles.com\/nonwovens\/new-funding-for-hemp-nonwovens-plant\/\" style=\"color:blue; text-decoration:underline\"><span lang=\"EN-US\" style=\"font-size:14.0pt\">New funding for hemp nonwovens plant<\/span><\/a><\/span><\/span><\/span><\/p>\r\n\r\n<p style=\"text-align:justify\"><span style=\"font-size:11pt\"><span style=\"line-height:normal\"><span style=\"font-family:Calibri,sans-serif\"><a href=\"https:\/\/www.meiofiltrante.com.br\/Noticia\/129767\/os-sistemas-de-filtracao-desempenham-um-papel-importante-na-sustentabilidade-industrial\" style=\"color:blue; text-decoration:underline\"><span style=\"font-size:14.0pt\">Os sistemas de filtra&ccedil;&atilde;o desempenham um papel importante na sustentabilidade industrial<\/span><\/a><\/span><\/span><\/span><\/p>\r\n\r\n<p style=\"text-align:justify\"><span style=\"font-size:11pt\"><span style=\"line-height:normal\"><span style=\"font-family:Calibri,sans-serif\"><a href=\"https:\/\/abreuelima.pe.gov.br\/prefeitura-de-abreu-e-lima-aplica-geomanta-no-bairro-do-planalto\/\" style=\"color:blue; text-decoration:underline\"><span style=\"font-size:14.0pt\">Em Pernambuco: Prefeitura de Abreu e Lima aplica geomanta no bairro do Planalto<\/span><\/a><\/span><\/span><\/span><\/p>\r\n\r\n<p style=\"text-align:justify\"><span style=\"font-size:11pt\"><span style=\"line-height:normal\"><span style=\"font-family:Calibri,sans-serif\"><a href=\"https:\/\/www.plastico.com.br\/resinas-virgens-com-baixo-preco-freiam-expansao-das-recicladas\/?utm_campaign=newsletter_plastico_janeiro_2025&amp;utm_medium=email&amp;utm_source=RD+Station\" style=\"color:blue; text-decoration:underline\"><span style=\"font-size:14.0pt\">Resinas virgens com baixo pre&ccedil;o freiam expans&atilde;o das recicladas<\/span><\/a><\/span><\/span><\/span><\/p>\r\n\r\n<p style=\"text-align:justify\"><span style=\"font-size:11pt\"><span style=\"line-height:normal\"><span style=\"font-family:Calibri,sans-serif\"><a href=\"https:\/\/www.nonwovens-industry.com\/contents\/view_breaking-news\/2025-01-28\/kimberly-clark-announces-q4-2024-results\/15303\" style=\"color:blue; text-decoration:underline\"><span lang=\"ES-AR\" style=\"font-size:14.0pt\">Kimberly-Clark Announces Q4, 2024 Results<\/span><\/a><\/span><\/span><\/span><\/p>\r\n\r\n<p style=\"text-align:justify\"><span style=\"font-size:11pt\"><span style=\"line-height:normal\"><span style=\"font-family:Calibri,sans-serif\"><a href=\"https:\/\/www.innovationintextiles.com\/fibres-yarns-fabrics\/drake-successfully-produces-recycled-polypropylene\/\" style=\"color:blue; text-decoration:underline\"><span lang=\"ES-AR\" style=\"font-size:14.0pt\">Drake successfully produces recycled polypropylene<\/span><\/a><\/span><\/span><\/span><\/p>\r\n\r\n<p style=\"text-align:justify\"><span style=\"font-size:28pt\"><span style=\"font-family:Cambria,serif\"><span style=\"letter-spacing:-0.5pt\"><b><span style=\"font-size:18.0pt\"><span style=\"font-family:&quot;Calibri&quot;,sans-serif\"><span style=\"font-variant:small-caps\">Ind&uacute;stria<\/span><\/span><\/span><\/b><\/span><\/span><\/span><\/p>\r\n\r\n<p style=\"text-align:justify\"><span style=\"font-size:11pt\"><span style=\"line-height:normal\"><span style=\"font-family:Calibri,sans-serif\"><a href=\"https:\/\/noticias.portaldaindustria.com.br\/noticias\/economia\/numero-de-setores-industriais-sem-confianca-e-o-maior-desde-junho-de-2020-aponta-cni\/\" style=\"color:blue; text-decoration:underline\"><span style=\"font-size:14.0pt\">N&uacute;mero de setores industriais sem confian&ccedil;a &eacute; o maior desde junho de 2020, aponta CNI<\/span><\/a><\/span><\/span><\/span><\/p>\r\n\r\n<p style=\"text-align:justify\"><span style=\"font-size:11pt\"><span style=\"line-height:normal\"><span style=\"font-family:Calibri,sans-serif\"><a href=\"https:\/\/portalibre.fgv.br\/system\/files\/divulgacao\/noticias\/mat-complementar\/2025-02\/%C3%8Dndice%20de%20Confian%C3%A7a%20Empresarial%20FGV_press%20release_Jan25.pdf\" style=\"color:blue; text-decoration:underline\"><span style=\"font-size:14.0pt\">Confian&ccedil;a Empresarial cai pelo terceiro m&ecirc;s consecutivo em janeiro<\/span><\/a><\/span><\/span><\/span><\/p>\r\n\r\n<p style=\"text-align:justify\"><span style=\"font-size:11pt\"><span style=\"line-height:normal\"><span style=\"font-family:Calibri,sans-serif\"><a href=\"https:\/\/grandesconstrucoes.com.br\/Noticias\/Exibir\/confianca-do-construcao-recuou-19-pontos-em-janeiro?utm_source=akna&amp;utm_medium=email&amp;utm_campaign=Grandes-Construcoes-Informativo-947-30-01-2025\" style=\"color:blue; text-decoration:underline\"><span style=\"font-size:14.0pt\">Confian&ccedil;a do Constru&ccedil;&atilde;o recuou 1,9 pontos em janeiro<\/span><\/a><\/span><\/span><\/span><\/p>\r\n\r\n<p style=\"text-align:justify\"><span style=\"font-size:11pt\"><span style=\"line-height:normal\"><span style=\"font-family:Calibri,sans-serif\"><a href=\"https:\/\/noticias.portaldaindustria.com.br\/noticias\/pequenas-empresas\/situacao-financeira-das-pequenas-industrias-piora-no-4o-trimestre-revela-cni\/\" style=\"color:blue; text-decoration:underline\"><span style=\"font-size:14.0pt\">Situa&ccedil;&atilde;o financeira das pequenas ind&uacute;strias piora no 4&ordm; trimestre, revela CNI<\/span><\/a><\/span><\/span><\/span><\/p>\r\n\r\n<p style=\"text-align:justify\"><span style=\"font-size:11pt\"><span style=\"line-height:normal\"><span style=\"font-family:Calibri,sans-serif\"><a href=\"http:\/\/emkt.revistamt.com.br\/emkt\/tracer\/?2,8680696,260ba16a,29e8,4\" style=\"color:blue; text-decoration:underline\"><span style=\"font-size:14.0pt\">Setor de m&aacute;quinas de constru&ccedil;&atilde;o tem alta de 22,2% nas vendas em 2024<\/span><\/a><\/span><\/span><\/span><\/p>\r\n\r\n<p style=\"text-align:justify\"><span style=\"font-size:28pt\"><span style=\"font-family:Cambria,serif\"><span style=\"letter-spacing:-0.5pt\"><b><span style=\"font-size:18.0pt\"><span style=\"font-family:&quot;Calibri&quot;,sans-serif\"><span style=\"font-variant:small-caps\">Sustentabilidade<\/span><\/span><\/span><\/b><\/span><\/span><\/span><\/p>\r\n\r\n<p style=\"text-align:justify\"><span style=\"font-size:11pt\"><span style=\"line-height:normal\"><span style=\"font-family:Calibri,sans-serif\"><a href=\"https:\/\/portalpersonalcare.com.br\/mypura-alcanca-marco-importante-em-teste-de-reciclagem-em-bristol-uk\/?utm_campaign=newsletter_29012025&amp;utm_medium=email&amp;utm_source=RD+Station\" style=\"color:blue; text-decoration:underline\"><span style=\"font-size:14.0pt\">Mypura alcan&ccedil;a marco importante em teste de reciclagem em Bristol (UK)<\/span><\/a><\/span><\/span><\/span><\/p>\r\n\r\n<p style=\"text-align:justify\"><span style=\"font-size:11pt\"><span style=\"line-height:normal\"><span style=\"font-family:Calibri,sans-serif\"><a href=\"https:\/\/www.revistaplasticosul.com.br\/sustentabilidade\/setor-de-construcao-civil-aumenta-uso-de-material-reciclado-em-25\/\" style=\"color:blue; text-decoration:underline\"><span style=\"font-size:14.0pt\">Setor de constru&ccedil;&atilde;o civil aumenta uso de material reciclado em 25%<\/span><\/a><\/span><\/span><\/span><\/p>\r\n\r\n<p style=\"text-align:justify\"><span style=\"font-size:11pt\"><span style=\"line-height:normal\"><span style=\"font-family:Calibri,sans-serif\"><a href=\"https:\/\/www.plastico.com.br\/reciclagem-facil-de-pet-atrai-aplicacoes-adicionais\/?utm_campaign=newsletter_plastico_janeiro_2025&amp;utm_medium=email&amp;utm_source=RD+Station\" style=\"color:blue; text-decoration:underline\"><span style=\"font-size:14.0pt\">Reciclagem f&aacute;cil de PET atrai aplica&ccedil;&otilde;es adicionais<\/span><\/a><\/span><\/span><\/span><\/p>\r\n\r\n<p style=\"text-align:justify\"><span style=\"font-size:11pt\"><span style=\"line-height:normal\"><span style=\"font-family:Calibri,sans-serif\"><a href=\"https:\/\/certi.org.br\/blog\/economia-verde-conceito-pilares-e-como-aplicar\/?utm_campaign=certi%20news%20janeiro2025&amp;utm_medium=email&amp;utm_source=blog\" style=\"color:blue; text-decoration:underline\"><span style=\"font-size:14.0pt\">Economia verde: conceito, pilares e como aplicar<\/span><\/a><\/span><\/span><\/span><\/p>\r\n\r\n<p style=\"text-align:justify\"><span style=\"font-size:11pt\"><span style=\"line-height:normal\"><span style=\"font-family:Calibri,sans-serif\"><a href=\"https:\/\/www.revistaplasticosul.com.br\/sustentabilidade\/abrerp-uma-nova-entidade-para-uma-antiga-luta\/\" style=\"color:blue; text-decoration:underline\"><span style=\"font-size:14.0pt\">Reciclagem: ABRERP - uma nova entidade para uma antiga luta<\/span><\/a><\/span><\/span><\/span><\/p>\r\n\r\n<p style=\"text-align:justify\"><span style=\"font-size:11pt\"><span style=\"line-height:normal\"><span style=\"font-family:Calibri,sans-serif\"><a href=\"https:\/\/www.revistaplasticosul.com.br\/sustentabilidade\/brasil-sanciona-lei-que-proibe-a-importacao-de-residuos-solidos-e-rejeitos\/\" style=\"color:blue; text-decoration:underline\"><span style=\"font-size:14.0pt\">Brasil sanciona lei que pro&iacute;be a importa&ccedil;&atilde;o de res&iacute;duos s&oacute;lidos e rejeitos<\/span><\/a><\/span><\/span><\/span><\/p>\r\n\r\n<p style=\"text-align:justify\"><span style=\"font-size:28pt\"><span style=\"font-family:Cambria,serif\"><span style=\"letter-spacing:-0.5pt\"><b><span style=\"font-size:18.0pt\"><span style=\"font-family:&quot;Calibri&quot;,sans-serif\"><span style=\"font-variant:small-caps\">Inova&ccedil;&atilde;o<\/span><\/span><\/span><\/b><\/span><\/span><\/span><\/p>\r\n\r\n<p style=\"text-align:justify\"><span style=\"font-size:11pt\"><span style=\"line-height:normal\"><span style=\"font-family:Calibri,sans-serif\"><a href=\"https:\/\/portugaltextil.com\/textil-combate-aumento-das-temperaturas\/\" style=\"color:blue; text-decoration:underline\"><span style=\"font-size:14.0pt\">T&ecirc;xtil combate aumento das temperaturas<\/span><\/a><\/span><\/span><\/span><\/p>\r\n\r\n<p style=\"text-align:justify\"><span style=\"font-size:11pt\"><span style=\"line-height:normal\"><span style=\"font-family:Calibri,sans-serif\"><a href=\"https:\/\/www.innovationintextiles.com\/advancing-performance-with-atmus-nanonet-n3\/\" style=\"color:blue; text-decoration:underline\"><span lang=\"EN-US\" style=\"font-size:14.0pt\">Nonwovens\/Converting: advancing performance with Atmus NanoNet N3<\/span><\/a><\/span><\/span><\/span><\/p>\r\n\r\n<p style=\"text-align:justify\"><span style=\"font-size:11pt\"><span style=\"line-height:normal\"><span style=\"font-family:Calibri,sans-serif\"><a href=\"https:\/\/www.nsctotal.com.br\/colunistas\/estela-benetti\/tecido-que-ajuda-na-saude-e-destaque-de-empresa-de-sc-em-feira-na-colombia\" style=\"color:blue; text-decoration:underline\"><span style=\"font-size:14.0pt\">Tecido que ajuda na sa&uacute;de &eacute; destaque de empresa de SC em feira na Col&ocirc;mbia<\/span><\/a><\/span><\/span><\/span><\/p>\r\n\r\n<p style=\"text-align:justify\"><span style=\"font-size:11pt\"><span style=\"line-height:normal\"><span style=\"font-family:Calibri,sans-serif\"><a href=\"https:\/\/www.innovationintextiles.com\/ultrasound-breakthrough-in-blood-pressure-monitoring\/\" style=\"color:blue; text-decoration:underline\"><span lang=\"EN-US\" style=\"font-size:14.0pt\">Smart Textiles: ultrasound breakthrough in blood pressure monitoring<\/span><\/a><\/span><\/span><\/span><\/p>\r\n\r\n<p style=\"text-align:justify\"><span style=\"font-size:28pt\"><span style=\"font-family:Cambria,serif\"><span style=\"letter-spacing:-0.5pt\"><b><span style=\"font-size:18.0pt\"><span style=\"font-family:&quot;Calibri&quot;,sans-serif\"><span style=\"font-variant:small-caps\">Com&eacute;rcio Exterior<\/span><\/span><\/span><\/b><\/span><\/span><\/span><\/p>\r\n\r\n<p style=\"text-align:justify\"><span style=\"font-size:11pt\"><span style=\"line-height:normal\"><span style=\"font-family:Calibri,sans-serif\"><a href=\"https:\/\/plasticosemrevista.com.br\/china-agrava-superoferta-de-olefinas\/\" style=\"color:blue; text-decoration:underline\"><span style=\"font-size:14.0pt\">China agrava superoferta de olefinas<\/span><\/a><\/span><\/span><\/span><\/p>\r\n\r\n<p style=\"text-align:justify\"><span style=\"font-size:11pt\"><span style=\"line-height:normal\"><span style=\"font-family:Calibri,sans-serif\"><a href=\"https:\/\/www.infomoney.com.br\/economia\/bce-ue-precisa-acelerar-acordos-comerciais-como-o-mercosul-para-enfrentar-tarifas\/\" style=\"color:blue; text-decoration:underline\"><span style=\"font-size:14.0pt\">BCE: UE precisa acelerar acordos comerciais, como o Mercosul, para enfrentar tarifas<\/span><\/a><\/span><\/span><\/span><\/p>\r\n\r\n<p style=\"text-align:justify\"><span style=\"font-size:11pt\"><span style=\"line-height:normal\"><span style=\"font-family:Calibri,sans-serif\"><a href=\"https:\/\/www.correiobraziliense.com.br\/economia\/2025\/01\/7048354-acordo-ue-mercosul-seguira-se-movendo-afirma-ex-primeira-ministra-da-dinamarca.html\" style=\"color:blue; text-decoration:underline\"><span style=\"font-size:14.0pt\">&#39;Acordo UE-Mercosul seguir&aacute; se movendo&#39;, afirma ex-premier da Dinamarca<\/span><\/a><\/span><\/span><\/span><\/p>\r\n\r\n<p style=\"text-align:justify\"><span style=\"font-size:11pt\"><span style=\"line-height:normal\"><span style=\"font-family:Calibri,sans-serif\"><a href=\"https:\/\/apexbrasil.com.br\/br\/pt\/conteudo\/noticias\/plataforma-brasil-exportacao--grandes-conquistas-em-2024-e-novid.html\" style=\"color:blue; text-decoration:underline\"><span style=\"font-size:14.0pt\">Plataforma Brasil Exporta&ccedil;&atilde;o: grandes conquistas em 2024 e novidades para 2025<\/span><\/a><\/span><\/span><\/span><\/p>\r\n\r\n<p style=\"text-align:justify\"><span style=\"font-size:11pt\"><span style=\"line-height:normal\"><span style=\"font-family:Calibri,sans-serif\"><a href=\"https:\/\/www.terra.com.br\/noticias\/acordo-entre-ue-e-mercosul-traz-oportunidades-para-empresas,d36234139b6a4786f4557100b8d2a2c4rw0xh73q.html\" style=\"color:blue; text-decoration:underline\"><span style=\"font-size:14.0pt\">Acordo entre UE e Mercosul traz oportunidades para empresas<\/span><\/a><\/span><\/span><\/span><\/p>\r\n\r\n<p style=\"text-align:justify\"><span style=\"font-size:28pt\"><span style=\"font-family:Cambria,serif\"><span style=\"letter-spacing:-0.5pt\"><b><span style=\"font-size:18.0pt\"><span style=\"font-family:&quot;Calibri&quot;,sans-serif\"><span style=\"font-variant:small-caps\">Economia<\/span><\/span><\/span><\/b><\/span><\/span><\/span><\/p>\r\n\r\n<p style=\"text-align:justify\"><span style=\"font-size:11pt\"><span style=\"line-height:normal\"><span style=\"font-family:Calibri,sans-serif\"><a href=\"https:\/\/www.bcb.gov.br\/content\/focus\/focus\/R20250131.pdf\" style=\"color:blue; text-decoration:underline\"><span style=\"font-size:14.0pt\">Focus - Relat&oacute;rio de Mercado<\/span><\/a><\/span><\/span><\/span><\/p>\r\n\r\n<p style=\"text-align:justify\"><span style=\"font-size:11pt\"><span style=\"line-height:normal\"><span style=\"font-family:Calibri,sans-serif\"><a href=\"https:\/\/www.bcb.gov.br\/controleinflacao\/focusdistribuicoesfrequencia\" style=\"color:blue; text-decoration:underline\"><span style=\"font-size:14.0pt\">Focus &ndash; Distribui&ccedil;&otilde;es de Frequ&ecirc;ncia das Expectativas de Mercado para IPCA, Selic, PIB e C&acirc;mbio.<\/span><\/a><\/span><\/span><\/span><\/p>\r\n\r\n<p style=\"text-align:justify\"><span style=\"font-size:11pt\"><span style=\"line-height:normal\"><span style=\"font-family:Calibri,sans-serif\"><a href=\"https:\/\/portalibre.fgv.br\/system\/files\/divulgacao\/noticias\/mat-complementar\/2025-01\/PressRelease_IIE-BR_jan25.pdf\" style=\"color:blue; text-decoration:underline\"><span style=\"font-size:14.0pt\">Incerteza Econ&ocirc;mica registra terceira alta consecutiva<\/span><\/a><\/span><\/span><\/span><\/p>\r\n\r\n<p style=\"text-align:justify\">&nbsp;<\/p>\r\n\r\n<p style=\"text-align:justify\"><img src=\"https:\/\/www.abint.org.br\/assets\/img\/editor\/redes-sociais-abint-ctg-cth_20250205143403kcH4SBmjCL.jpg\" \/><\/p>\r\n","texto_en":"","7":"","imagem":"COMP_capa-2025-site-boletim-abint-noticias-semanis_20250205143522Z22pT1xJgx.jpg","8":"COMP_capa-2025-site-boletim-abint-noticias-semanis_20250205143522Z22pT1xJgx.jpg","arquivo":"20250204-BOLETIM-ABINT-DE-NOTICIAS-SEMANAIS.PDF","9":"20250204-BOLETIM-ABINT-DE-NOTICIAS-SEMANAIS.PDF","titulo_arquivo":"20250204 Boletim de Not\u00edcias Semanais","10":"20250204 Boletim de Not\u00edcias Semanais","titulo_arquivo_en":"","11":"","created_at":"2025-02-05 14:35:34","12":"2025-02-05 14:35:34","updated_at":"2025-02-05 14:35:34","13":"2025-02-05 14:35:34"},{"id":153,"0":153,"ordem":69,"1":69,"data":"2025-01-28","2":"2025-01-28","slug":"boletim-abint-de-noticias-semanais-61","3":"boletim-abint-de-noticias-semanais-61","titulo":"Boletim ABINT de Not\u00edcias Semanais","4":"Boletim ABINT de Not\u00edcias Semanais","titulo_en":"","5":"","texto":"<p style=\"text-align:justify\"><span style=\"font-size:11pt\"><span style=\"line-height:normal\"><span style=\"font-family:Calibri,sans-serif\"><span style=\"font-size:14.0pt\">Esta &eacute; uma compila&ccedil;&atilde;o das not&iacute;cias mais relevantes para o setor, incluindo informa&ccedil;&otilde;es sobre acordos internacionais, economia brasileira, sustentabilidade e mat&eacute;rias primas, al&eacute;m de novidades do setor de N&atilde;otecidos e Tecidos T&eacute;cnicos.<\/span><\/span><\/span><\/span><\/p>\r\n\r\n<p style=\"text-align:justify\"><span style=\"font-size:28pt\"><span style=\"font-family:Cambria,serif\"><span style=\"letter-spacing:-0.5pt\"><b><span style=\"font-size:18.0pt\"><span style=\"font-family:&quot;Calibri&quot;,sans-serif\"><span style=\"font-variant:small-caps\">O que vem por a&iacute;<\/span><\/span><\/span><\/b><\/span><\/span><\/span><\/p>\r\n\r\n<p style=\"text-align:justify\"><img src=\"https:\/\/www.abint.org.br\/assets\/img\/editor\/e-mail-mkt-site-curso-br-instal-gm-2025_20250128134850geEecim8zj.jpg\" \/><\/p>\r\n\r\n<p style=\"text-align:justify\"><span style=\"font-size:11pt\"><span style=\"line-height:normal\"><span style=\"font-family:Calibri,sans-serif\"><a href=\"https:\/\/www.eventbrite.com\/e\/curso-brasileiro-de-instalacao-de-geomembranas-paulo-kenji-acakura-2025-tickets-1111455586579?aff=oddtdtcreator\" style=\"color:blue; text-decoration:underline\"><span style=\"font-size:14.0pt\">Fa&ccedil;a sua inscri&ccedil;&atilde;o<\/span><\/a><\/span><\/span><\/span><\/p>\r\n\r\n<p style=\"text-align:justify\"><span style=\"font-size:28pt\"><span style=\"font-family:Cambria,serif\"><span style=\"letter-spacing:-0.5pt\"><b><span style=\"font-size:18.0pt\"><span style=\"font-family:&quot;Calibri&quot;,sans-serif\"><span style=\"font-variant:small-caps\">Not&iacute;cias das Associadas<\/span><\/span><\/span><\/b><\/span><\/span><\/span><\/p>\r\n\r\n<p style=\"text-align:justify\"><span style=\"font-size:11pt\"><span style=\"line-height:normal\"><span style=\"font-family:Calibri,sans-serif\"><a href=\"https:\/\/www.nonwovens-industry.com\/contents\/view_breaking-news\/2025-01-21\/freudenberg-medical-announces-leadership-transition\/15303\" style=\"color:blue; text-decoration:underline\"><span lang=\"EN-US\" style=\"font-size:14.0pt\">Freudenberg Medical Announces Leadership Transition<\/span><\/a><\/span><\/span><\/span><\/p>\r\n\r\n<p style=\"text-align:justify\">&nbsp;<\/p>\r\n\r\n<p style=\"text-align:justify\"><span style=\"font-size:11pt\"><span style=\"line-height:normal\"><span style=\"font-family:Calibri,sans-serif\"><b><span lang=\"EN-US\" style=\"font-size:18.0pt\"><span style=\"font-variant:small-caps\">Eventos<\/span><\/span><\/b><\/span><\/span><\/span><\/p>\r\n\r\n<p style=\"text-align:justify\"><span style=\"font-size:11pt\"><span style=\"line-height:normal\"><span style=\"font-family:Calibri,sans-serif\"><a href=\"https:\/\/www.abnteducacao.com.br\/Simbologia_de_cuidados_aplicada_a_Etiquetagem_de_Texteis_ABNT_NBR_NM_ISO_3758\" style=\"color:blue; text-decoration:underline\"><b><span style=\"font-size:14.0pt\">Simbologia de cuidados aplicada a Etiquetagem de T&ecirc;xteis - ABNT NBR NM ISO 3758<\/span><\/b><\/a><span style=\"font-size:14.0pt\">, 05 e 06 de fevereiro de 2025, 08h30 &agrave;s 17h30<\/span><\/span><\/span><\/span><\/p>\r\n\r\n<p style=\"text-align:justify\"><span style=\"font-size:11pt\"><span style=\"line-height:normal\"><span style=\"font-family:Calibri,sans-serif\"><a href=\"https:\/\/www.fimec.com.br\/\" style=\"color:blue; text-decoration:underline\"><b><span style=\"font-size:14.0pt\">Fimec 2025<\/span><\/b><\/a><span style=\"font-size:14.0pt\">, 18 a 20 de mar&ccedil;o, Fenac, Novo Hamburgo, RS<\/span><\/span><\/span><\/span><\/p>\r\n\r\n<p style=\"text-align:justify\"><span style=\"font-size:11pt\"><span style=\"line-height:normal\"><span style=\"font-family:Calibri,sans-serif\"><a href=\"https:\/\/www.plasticobrasil.com.br\/pt\/home.html\" style=\"color:blue; text-decoration:underline\"><b><span style=\"font-size:14.0pt\">Feira Pl&aacute;stico Brasil<\/span><\/b><\/a><span style=\"font-size:14.0pt\">, de 24 a 28 de mar&ccedil;o de 2025, 10h &agrave;s 19h, S&atilde;o Paulo Expo, Rodovia dos Imigrantes, km 1,5<\/span><\/span><\/span><\/span><\/p>\r\n\r\n<p style=\"text-align:justify\"><span style=\"font-size:11pt\"><span style=\"line-height:normal\"><span style=\"font-family:Calibri,sans-serif\"><a href=\"https:\/\/www.automecfeira.com.br\/pt-br.html\" style=\"color:blue; text-decoration:underline\"><b><span style=\"font-size:14.0pt\">Automec 2025<\/span><\/b><\/a><span style=\"font-size:14.0pt\">, 22 a 26 de abril de 2025, S&atilde;o Paulo Expo, Rodovia dos Imigrantes, Km 1,5, &Aacute;gua Funda, S&atilde;o Paulo, SP.<\/span><\/span><\/span><\/span><\/p>\r\n\r\n<p style=\"text-align:justify\"><span style=\"font-size:11pt\"><span style=\"line-height:normal\"><span style=\"font-family:Calibri,sans-serif\"><a href=\"https:\/\/www.hospitalar.com\/pt\/home.html\" style=\"color:blue; text-decoration:underline\"><b><span style=\"font-size:14.0pt\">Hospitalar 2025<\/span><\/b><\/a><span style=\"font-size:14.0pt\">, 20 a 23 de maio, 11h00 &agrave;s 20h00, S&atilde;o Paulo Expo, Rodovia dos Imigrantes, km 1,5<\/span><\/span><\/span><\/span><\/p>\r\n\r\n<p style=\"text-align:justify\"><span style=\"font-size:11pt\"><span style=\"line-height:normal\"><span style=\"font-family:Calibri,sans-serif\"><a href=\"https:\/\/ideashow.org\/\" style=\"color:blue; text-decoration:underline\"><b><span lang=\"EN-US\" style=\"font-size:14.0pt\">IDEA25<\/span><\/b><\/a><span lang=\"EN-US\" style=\"font-size:14.0pt\">, April 29-May 1, 2025, Miami Beach Convention Center, Miami Beach, Florida<\/span><\/span><\/span><\/span><\/p>\r\n\r\n<p style=\"text-align:justify\"><span style=\"font-size:11pt\"><span style=\"line-height:normal\"><span style=\"font-family:Calibri,sans-serif\"><a href=\"https:\/\/www.conbrava.com.br\/\" style=\"color:blue; text-decoration:underline\"><b><span style=\"font-size:14.0pt\">CONBRAVA 2025<\/span><\/b><\/a><span style=\"font-size:14.0pt\">, 10 a 12 de setembro de 2025, S&atilde;o Paulo Expo, Rodovia dos Imigrantes, km 1,5<\/span><\/span><\/span><\/span><\/p>\r\n\r\n<p style=\"text-align:justify\"><span style=\"font-size:11pt\"><span style=\"line-height:normal\"><span style=\"font-family:Calibri,sans-serif\"><a href=\"https:\/\/paving.com.br\/\" style=\"color:blue; text-decoration:underline\"><b><span style=\"font-size:14.0pt\">Paving Expo 2025<\/span><\/b><\/a><span style=\"font-size:14.0pt\">, 23 a 25 de setembro de 2025, Distrito Anhembi, Rua Prof. Milton Rodrigues, s\/n, Santana, S&atilde;o Paulo, SP<\/span><\/span><\/span><\/span><\/p>\r\n\r\n<p style=\"text-align:justify\"><span style=\"font-size:11pt\"><span style=\"line-height:normal\"><span style=\"font-family:Calibri,sans-serif\"><b><span style=\"font-size:14.0pt\">17&ordm; Congresso Brasileiro de Enfermagem em Centro Cir&uacute;rgico: &ldquo;O poder de cuidar&rdquo;<\/span><\/b><span style=\"font-size:14.0pt\">, 01 a 03 de outubro de 2025, Transamerica Expo Center, S&atilde;o Paulo, SP<\/span><\/span><\/span><\/span><\/p>\r\n\r\n<p style=\"text-align:justify\"><span style=\"font-size:11pt\"><span style=\"line-height:normal\"><span style=\"font-family:Calibri,sans-serif\"><a href=\"https:\/\/hospitalmed.com.br\/feira\/\" style=\"color:blue; text-decoration:underline\"><b><span style=\"font-size:14.0pt\">HospitalMed 2025<\/span><\/b><\/a><span style=\"font-size:14.0pt\">, 22 a 24 de outubro, Pernambuco Centro de Conven&ccedil;&otilde;es, Olinda<\/span><\/span><\/span><\/span><\/p>\r\n\r\n<p style=\"text-align:justify\"><span style=\"font-size:28pt\"><span style=\"font-family:Cambria,serif\"><span style=\"letter-spacing:-0.5pt\"><b><span style=\"font-size:18.0pt\"><span style=\"font-family:&quot;Calibri&quot;,sans-serif\"><span style=\"font-variant:small-caps\">Setor<\/span><\/span><\/span><\/b><\/span><\/span><\/span><\/p>\r\n\r\n<p style=\"text-align:justify\"><span style=\"font-size:11pt\"><span style=\"line-height:normal\"><span style=\"font-family:Calibri,sans-serif\"><a href=\"https:\/\/www.intergols.com.br\/comunicado-de-imprensa\/geotextil-de-polipropileno-tamanho-do-mercado-receita-taxa-de-crescimento-e-cenario-competitivo-previsao-de-2025-a-2032\/21089\/\" style=\"color:blue; text-decoration:underline\"><span style=\"font-size:14.0pt\">Geot&ecirc;xtil de polipropileno Tamanho do mercado, receita, taxa de crescimento e cen&aacute;rio competitivo, previs&atilde;o de 2025 a 2032<\/span><\/a><\/span><\/span><\/span><\/p>\r\n\r\n<p style=\"text-align:justify\"><span style=\"font-size:11pt\"><span style=\"line-height:normal\"><span style=\"font-family:Calibri,sans-serif\"><a href=\"https:\/\/www.nonwovens-industry.com\/contents\/view_breaking-news\/2025-01-21\/china-freezes-tariffs-for-absorbent-products\/15303\" style=\"color:blue; text-decoration:underline\"><span lang=\"EN-US\" style=\"font-size:14.0pt\">China Freezes Tariffs for Absorbent Products<\/span><\/a><\/span><\/span><\/span><\/p>\r\n\r\n<p style=\"text-align:justify\"><span style=\"font-size:11pt\"><span style=\"line-height:normal\"><span style=\"font-family:Calibri,sans-serif\"><a href=\"https:\/\/www.nonwovens-industry.com\/contents\/view_breaking-news\/2025-01-22\/pg-reports-2-sales-growth\/15303\" style=\"color:blue; text-decoration:underline\"><span lang=\"EN-US\" style=\"font-size:14.0pt\">P&amp;G Reports 2% Sales Growth<\/span><\/a><\/span><\/span><\/span><\/p>\r\n\r\n<p style=\"text-align:justify\"><span style=\"font-size:28pt\"><span style=\"font-family:Cambria,serif\"><span style=\"letter-spacing:-0.5pt\"><b><span lang=\"EN-US\" style=\"font-size:18.0pt\"><span style=\"font-family:&quot;Calibri&quot;,sans-serif\"><span style=\"font-variant:small-caps\">Ind&uacute;stria<\/span><\/span><\/span><\/b><\/span><\/span><\/span><\/p>\r\n\r\n<p style=\"text-align:justify\"><span style=\"font-size:11pt\"><span style=\"line-height:normal\"><span style=\"font-family:Calibri,sans-serif\"><a href=\"https:\/\/noticias.portaldaindustria.com.br\/noticias\/economia\/preocupacao-da-industria-com-a-taxa-de-cambio-dispara-no-ultimo-trimestre-de-2024-aponta-cni\/\" style=\"color:blue; text-decoration:underline\"><span style=\"font-size:14.0pt\">Preocupa&ccedil;&atilde;o da ind&uacute;stria com a taxa de c&acirc;mbio dispara no &uacute;ltimo trimestre de 2024, aponta CNI<\/span><\/a><\/span><\/span><\/span><\/p>\r\n\r\n<p style=\"text-align:justify\"><span style=\"font-size:11pt\"><span style=\"line-height:normal\"><span style=\"font-family:Calibri,sans-serif\"><a href=\"https:\/\/diariodoestadogo.com.br\/alta-nos-precos-das-embalagens-impulsiona-custo-dos-alimentos-no-brasil\/\" style=\"color:blue; text-decoration:underline\"><span style=\"font-size:14.0pt\">Abiplast: alta nos pre&ccedil;os das embalagens impulsiona custo dos alimentos no Brasil<\/span><\/a><\/span><\/span><\/span><\/p>\r\n\r\n<p style=\"text-align:justify\"><span style=\"font-size:11pt\"><span style=\"line-height:normal\"><span style=\"font-family:Calibri,sans-serif\"><a href=\"https:\/\/noticias.portaldaindustria.com.br\/noticias\/economia\/as-vesperas-de-reuniao-do-copom-cni-mostra-que-taxas-de-juros-elevadas-foram-principal-problema-para-a-construcao-no-4o-trimestre\/\" style=\"color:blue; text-decoration:underline\"><span style=\"font-size:14.0pt\">Taxa de juros elevada foi principal problema para a constru&ccedil;&atilde;o no 4&ordm; trimestre, diz CNI<\/span><\/a><\/span><\/span><\/span><\/p>\r\n\r\n<p style=\"text-align:justify\"><span style=\"font-size:11pt\"><span style=\"line-height:115%\"><span style=\"font-family:Calibri,sans-serif\"><a href=\"http:\/\/www.revistaanamaco.com.br\/os-numeros-de-dezembro-e-a-projecao-para-2025?utm_campaign=Revista+Anamaco+Online&amp;utm_content=Os+n%C3%BAmeros+de+dezembro+e+a+proje%C3%A7%C3%A3o+para+2025+-+Revista+Anamaco&amp;utm_medium=email&amp;utm_source=dinamize&amp;utm_term=Revista+Anamaco+Online-Newsletter%2304-2025\" style=\"color:blue; text-decoration:underline\"><span style=\"font-size:14.0pt\"><span style=\"line-height:115%\">Abramat: Os n&uacute;meros de dezembro e a proje&ccedil;&atilde;o para 2025<\/span><\/span><\/a><\/span><\/span><\/span><\/p>\r\n\r\n<p style=\"text-align:justify\"><span style=\"font-size:11pt\"><span style=\"line-height:normal\"><span style=\"font-family:Calibri,sans-serif\"><a href=\"https:\/\/grandesconstrucoes.com.br\/Noticias\/Exibir\/mercado-da-construcao-esta-otimista-para-2025?utm_source=akna&amp;utm_medium=email&amp;utm_campaign=Grandes-Construcoes-Informativo-946-23-01-2025\" style=\"color:blue; text-decoration:underline\"><span style=\"font-size:14.0pt\">Mercado da constru&ccedil;&atilde;o est&aacute; otimista para 2025<\/span><\/a><\/span><\/span><\/span><\/p>\r\n\r\n<p style=\"text-align:justify\"><span style=\"font-size:11pt\"><span style=\"line-height:normal\"><span style=\"font-family:Calibri,sans-serif\"><a href=\"https:\/\/grandesconstrucoes.com.br\/Noticias\/Exibir\/com-investimento-de-r-100-bi-governo-lancara-plano-nacional-de-ferrovias?utm_source=akna&amp;utm_medium=email&amp;utm_campaign=Grandes-Construcoes-Informativo-946-23-01-2025&amp;utm_source=akna&amp;utm_medium=email&amp;utm_campaign=Grandes-Construcoes-Informativo-946-23-01-2025\" style=\"color:blue; text-decoration:underline\"><span style=\"font-size:14.0pt\">Com investimento de R$ 100 bi, governo lan&ccedil;ar&aacute; Plano Nacional de Ferrovias<\/span><\/a><\/span><\/span><\/span><\/p>\r\n\r\n<p style=\"text-align:justify\"><span style=\"font-size:11pt\"><span style=\"line-height:normal\"><span style=\"font-family:Calibri,sans-serif\"><a href=\"https:\/\/www.em.com.br\/mundo-corporativo\/2025\/01\/7039364-estudo-aponta-dados-do-setor-de-maquinas-e-equipamentos.html\" style=\"color:blue; text-decoration:underline\"><span style=\"font-size:14.0pt\">Estudo aponta dados do setor de m&aacute;quinas e equipamentos<\/span><\/a><\/span><\/span><\/span><\/p>\r\n\r\n<p style=\"text-align:justify\"><span style=\"font-size:11pt\"><span style=\"line-height:normal\"><span style=\"font-family:Calibri,sans-serif\"><a href=\"https:\/\/www.agrolink.com.br\/noticias\/industria-quimica-anuncia-r--759-3-milhoes-em-investimentos_498643.html\" style=\"color:blue; text-decoration:underline\"><span style=\"font-size:14.0pt\">Ind&uacute;stria qu&iacute;mica anuncia R$ 759,3 milh&otilde;es em investimentos<\/span><\/a><\/span><\/span><\/span><\/p>\r\n\r\n<p style=\"text-align:justify\"><span style=\"font-size:28pt\"><span style=\"font-family:Cambria,serif\"><span style=\"letter-spacing:-0.5pt\"><b><span style=\"font-size:18.0pt\"><span style=\"font-family:&quot;Calibri&quot;,sans-serif\"><span style=\"font-variant:small-caps\">Sustentabilidade<\/span><\/span><\/span><\/b><\/span><\/span><\/span><\/p>\r\n\r\n<p style=\"text-align:justify\"><span style=\"font-size:11pt\"><span style=\"line-height:normal\"><span style=\"font-family:Calibri,sans-serif\"><a href=\"https:\/\/www.moveisdevalor.com.br\/portal\/programa-de-reciclagem-de-colchoes-liderado-pela-industria?source=news\" style=\"color:blue; text-decoration:underline\"><span style=\"font-size:14.0pt\">Programa de reciclagem de colch&otilde;es liderado pela ind&uacute;stria<\/span><\/a><\/span><\/span><\/span><\/p>\r\n\r\n<p style=\"text-align:justify\"><span style=\"font-size:11pt\"><span style=\"line-height:normal\"><span style=\"font-family:Calibri,sans-serif\"><a href=\"https:\/\/www.bnamericas.com\/pt\/entrevistas\/redefinindo-as-embalagens-o-proximo-passo-na-guerra-do-chile-contra-os-plasticos\" style=\"color:blue; text-decoration:underline\"><span style=\"font-size:14.0pt\">Redefinindo as embalagens: o pr&oacute;ximo passo na guerra do Chile contra os pl&aacute;sticos<\/span><\/a><\/span><\/span><\/span><\/p>\r\n\r\n<p style=\"text-align:justify\"><span style=\"font-size:11pt\"><span style=\"line-height:normal\"><span style=\"font-family:Calibri,sans-serif\"><a href=\"https:\/\/www.nonwovens-industry.com\/contents\/view_breaking-news\/2025-01-22\/shein-develops-innovative-polyester-recycling-process\/15303\" style=\"color:blue; text-decoration:underline\"><span lang=\"EN-US\" style=\"font-size:14.0pt\">Shein Develops Innovative Polyester Recycling Process<\/span><\/a><\/span><\/span><\/span><\/p>\r\n\r\n<p style=\"text-align:justify\"><span style=\"font-size:28pt\"><span style=\"font-family:Cambria,serif\"><span style=\"letter-spacing:-0.5pt\"><b><span style=\"font-size:18.0pt\"><span style=\"font-family:&quot;Calibri&quot;,sans-serif\"><span style=\"font-variant:small-caps\">Inova&ccedil;&atilde;o<\/span><\/span><\/span><\/b><\/span><\/span><\/span><\/p>\r\n\r\n<p style=\"text-align:justify\"><span style=\"font-size:11pt\"><span style=\"line-height:normal\"><span style=\"font-family:Calibri,sans-serif\"><a href=\"https:\/\/www.inovacaotecnologica.com.br\/noticias\/noticia.php?artigo=forte-como-aco-leve-como-espuma-chegou-era-nanoengenharia-estrutural&amp;id=010170250128&amp;ebol=sim\" style=\"color:blue; text-decoration:underline\"><span style=\"font-size:14.0pt\">Forte como a&ccedil;o, leve como espuma: Chegou a era da nanoengenharia estrutural<\/span><\/a><\/span><\/span><\/span><\/p>\r\n\r\n<p style=\"text-align:justify\"><span style=\"font-size:11pt\"><span style=\"line-height:normal\"><span style=\"font-family:Calibri,sans-serif\"><a href=\"https:\/\/gizmodo.uol.com.br\/cientista-descobre-como-transformar-plastico-em-sabonete-de-banho\/\" style=\"color:blue; text-decoration:underline\"><span style=\"font-size:14.0pt\">Cientista descobre como transformar pl&aacute;stico em sabonete de banho<\/span><\/a><\/span><\/span><\/span><\/p>\r\n\r\n<p style=\"text-align:justify\"><span style=\"font-size:11pt\"><span style=\"line-height:normal\"><span style=\"font-family:Calibri,sans-serif\"><a href=\"https:\/\/www.inovacaotecnologica.com.br\/noticias\/noticia.php?artigo=tecido-termico-aquece-ate-30-c-10-minutos-sob-sol&amp;id=010160250127&amp;ebol=sim\" style=\"color:blue; text-decoration:underline\"><span style=\"font-size:14.0pt\">Tecido t&eacute;rmico aquece at&eacute; 30&deg;C em 10 minutos sob o Sol<\/span><\/a><\/span><\/span><\/span><\/p>\r\n\r\n<p style=\"text-align:justify\"><span style=\"font-size:28pt\"><span style=\"font-family:Cambria,serif\"><span style=\"letter-spacing:-0.5pt\"><b><span style=\"font-size:18.0pt\"><span style=\"font-family:&quot;Calibri&quot;,sans-serif\"><span style=\"font-variant:small-caps\">Com&eacute;rcio Exterior<\/span><\/span><\/span><\/b><\/span><\/span><\/span><\/p>\r\n\r\n<p style=\"text-align:justify\"><span style=\"font-size:11pt\"><span style=\"line-height:normal\"><span style=\"font-family:Calibri,sans-serif\"><a href=\"https:\/\/portugaltextil.com\/relatorio-apela-a-modernizacao-dos-codigos-do-comercio-textil\/\" style=\"color:blue; text-decoration:underline\"><span style=\"font-size:14.0pt\">Relat&oacute;rio apela &agrave; moderniza&ccedil;&atilde;o dos c&oacute;digos do com&eacute;rcio t&ecirc;xtil<\/span><\/a><\/span><\/span><\/span><\/p>\r\n\r\n<p style=\"text-align:justify\"><span style=\"font-size:11pt\"><span style=\"line-height:normal\"><span style=\"font-family:Calibri,sans-serif\"><a href=\"https:\/\/www.contabeis.com.br\/noticias\/68975\/duimp-nova-declaracao-de-importacao-simplifica-processos-no-brasil\/\" style=\"color:blue; text-decoration:underline\"><span style=\"font-size:14.0pt\">DUIMP: nova declara&ccedil;&atilde;o de importa&ccedil;&atilde;o simplifica processos no Brasil<\/span><\/a><\/span><\/span><\/span><\/p>\r\n\r\n<p style=\"text-align:justify\"><span style=\"font-size:11pt\"><span style=\"line-height:normal\"><span style=\"font-family:Calibri,sans-serif\"><a href=\"https:\/\/noticias.portaldaindustria.com.br\/noticias\/economia\/preocupacao-da-industria-com-a-taxa-de-cambio-dispara-no-ultimo-trimestre-de-2024-aponta-cni\/\" style=\"color:blue; text-decoration:underline\"><span style=\"font-size:14.0pt\">Preocupa&ccedil;&atilde;o da ind&uacute;stria com a taxa de c&acirc;mbio dispara no &uacute;ltimo trimestre de 2024, aponta CNI<\/span><\/a><\/span><\/span><\/span><\/p>\r\n\r\n<p style=\"text-align:justify\"><span style=\"font-size:11pt\"><span style=\"line-height:normal\"><span style=\"font-family:Calibri,sans-serif\"><a href=\"https:\/\/static.portaldaindustria.com.br\/media\/filer_public\/8c\/31\/8c314a70-0b6d-4c4a-936c-dc202d09867e\/ex_ipc_25-002_eua-posse-trump_1.pdf\" style=\"color:blue; text-decoration:underline\"><span style=\"font-size:14.0pt\">CNI | Trump apresenta plano para sua nova pol&iacute;tica comercial<\/span><\/a><\/span><\/span><\/span><\/p>\r\n\r\n<p style=\"text-align:justify\"><span style=\"font-size:28pt\"><span style=\"font-family:Cambria,serif\"><span style=\"letter-spacing:-0.5pt\"><b><span style=\"font-size:18.0pt\"><span style=\"font-family:&quot;Calibri&quot;,sans-serif\"><span style=\"font-variant:small-caps\">Economia<\/span><\/span><\/span><\/b><\/span><\/span><\/span><\/p>\r\n\r\n<p style=\"text-align:justify\"><span style=\"font-size:11pt\"><span style=\"line-height:normal\"><span style=\"font-family:Calibri,sans-serif\"><a href=\"https:\/\/www.bcb.gov.br\/content\/focus\/focus\/R20250124.pdf\" style=\"color:blue; text-decoration:underline\"><span style=\"font-size:14.0pt\">Focus - Relat&oacute;rio de Mercado<\/span><\/a><\/span><\/span><\/span><\/p>\r\n\r\n<p style=\"text-align:justify\"><span style=\"font-size:11pt\"><span style=\"line-height:normal\"><span style=\"font-family:Calibri,sans-serif\"><a href=\"https:\/\/www.machadomeyer.com.br\/pt\/inteligencia-juridica\/publicacoes-ij\/tributario-ij\/reforma-tributaria-analise-dos-vetos-a-lc-214-25\" style=\"color:blue; text-decoration:underline\"><span style=\"font-size:14.0pt\">Reforma Tribut&aacute;ria: an&aacute;lise dos vetos &agrave; LC 214\/25<\/span><\/a><\/span><\/span><\/span><\/p>\r\n\r\n<p style=\"text-align:justify\"><span style=\"font-size:11pt\"><span style=\"line-height:normal\"><span style=\"font-family:Calibri,sans-serif\"><a href=\"https:\/\/noticias.portaldaindustria.com.br\/noticias\/economia\/o-que-muda-com-a-regulamentacao-da-reforma-tributaria-ep149\/\" style=\"color:blue; text-decoration:underline\"><span style=\"font-size:14.0pt\">O que muda com a regulamenta&ccedil;&atilde;o da reforma tribut&aacute;ria?<\/span><\/a><\/span><\/span><\/span><\/p>\r\n\r\n<p style=\"text-align:justify\">&nbsp;<\/p>\r\n\r\n<p style=\"text-align:justify\"><span style=\"font-size:11pt\"><span style=\"line-height:normal\"><span style=\"font-family:Calibri,sans-serif\"><span style=\"font-size:14.0pt\"><img src=\"https:\/\/www.abint.org.br\/assets\/img\/editor\/redes-sociais-abint-ctg-cth_20250128135109ANqzMG04V2.jpg\" \/><\/span><\/span><\/span><\/span><\/p>\r\n","6":"<p style=\"text-align:justify\"><span style=\"font-size:11pt\"><span style=\"line-height:normal\"><span style=\"font-family:Calibri,sans-serif\"><span style=\"font-size:14.0pt\">Esta &eacute; uma compila&ccedil;&atilde;o das not&iacute;cias mais relevantes para o setor, incluindo informa&ccedil;&otilde;es sobre acordos internacionais, economia brasileira, sustentabilidade e mat&eacute;rias primas, al&eacute;m de novidades do setor de N&atilde;otecidos e Tecidos T&eacute;cnicos.<\/span><\/span><\/span><\/span><\/p>\r\n\r\n<p style=\"text-align:justify\"><span style=\"font-size:28pt\"><span style=\"font-family:Cambria,serif\"><span style=\"letter-spacing:-0.5pt\"><b><span style=\"font-size:18.0pt\"><span style=\"font-family:&quot;Calibri&quot;,sans-serif\"><span style=\"font-variant:small-caps\">O que vem por a&iacute;<\/span><\/span><\/span><\/b><\/span><\/span><\/span><\/p>\r\n\r\n<p style=\"text-align:justify\"><img src=\"https:\/\/www.abint.org.br\/assets\/img\/editor\/e-mail-mkt-site-curso-br-instal-gm-2025_20250128134850geEecim8zj.jpg\" \/><\/p>\r\n\r\n<p style=\"text-align:justify\"><span style=\"font-size:11pt\"><span style=\"line-height:normal\"><span style=\"font-family:Calibri,sans-serif\"><a href=\"https:\/\/www.eventbrite.com\/e\/curso-brasileiro-de-instalacao-de-geomembranas-paulo-kenji-acakura-2025-tickets-1111455586579?aff=oddtdtcreator\" style=\"color:blue; text-decoration:underline\"><span style=\"font-size:14.0pt\">Fa&ccedil;a sua inscri&ccedil;&atilde;o<\/span><\/a><\/span><\/span><\/span><\/p>\r\n\r\n<p style=\"text-align:justify\"><span style=\"font-size:28pt\"><span style=\"font-family:Cambria,serif\"><span style=\"letter-spacing:-0.5pt\"><b><span style=\"font-size:18.0pt\"><span style=\"font-family:&quot;Calibri&quot;,sans-serif\"><span style=\"font-variant:small-caps\">Not&iacute;cias das Associadas<\/span><\/span><\/span><\/b><\/span><\/span><\/span><\/p>\r\n\r\n<p style=\"text-align:justify\"><span style=\"font-size:11pt\"><span style=\"line-height:normal\"><span style=\"font-family:Calibri,sans-serif\"><a href=\"https:\/\/www.nonwovens-industry.com\/contents\/view_breaking-news\/2025-01-21\/freudenberg-medical-announces-leadership-transition\/15303\" style=\"color:blue; text-decoration:underline\"><span lang=\"EN-US\" style=\"font-size:14.0pt\">Freudenberg Medical Announces Leadership Transition<\/span><\/a><\/span><\/span><\/span><\/p>\r\n\r\n<p style=\"text-align:justify\">&nbsp;<\/p>\r\n\r\n<p style=\"text-align:justify\"><span style=\"font-size:11pt\"><span style=\"line-height:normal\"><span style=\"font-family:Calibri,sans-serif\"><b><span lang=\"EN-US\" style=\"font-size:18.0pt\"><span style=\"font-variant:small-caps\">Eventos<\/span><\/span><\/b><\/span><\/span><\/span><\/p>\r\n\r\n<p style=\"text-align:justify\"><span style=\"font-size:11pt\"><span style=\"line-height:normal\"><span style=\"font-family:Calibri,sans-serif\"><a href=\"https:\/\/www.abnteducacao.com.br\/Simbologia_de_cuidados_aplicada_a_Etiquetagem_de_Texteis_ABNT_NBR_NM_ISO_3758\" style=\"color:blue; text-decoration:underline\"><b><span style=\"font-size:14.0pt\">Simbologia de cuidados aplicada a Etiquetagem de T&ecirc;xteis - ABNT NBR NM ISO 3758<\/span><\/b><\/a><span style=\"font-size:14.0pt\">, 05 e 06 de fevereiro de 2025, 08h30 &agrave;s 17h30<\/span><\/span><\/span><\/span><\/p>\r\n\r\n<p style=\"text-align:justify\"><span style=\"font-size:11pt\"><span style=\"line-height:normal\"><span style=\"font-family:Calibri,sans-serif\"><a href=\"https:\/\/www.fimec.com.br\/\" style=\"color:blue; text-decoration:underline\"><b><span style=\"font-size:14.0pt\">Fimec 2025<\/span><\/b><\/a><span style=\"font-size:14.0pt\">, 18 a 20 de mar&ccedil;o, Fenac, Novo Hamburgo, RS<\/span><\/span><\/span><\/span><\/p>\r\n\r\n<p style=\"text-align:justify\"><span style=\"font-size:11pt\"><span style=\"line-height:normal\"><span style=\"font-family:Calibri,sans-serif\"><a href=\"https:\/\/www.plasticobrasil.com.br\/pt\/home.html\" style=\"color:blue; text-decoration:underline\"><b><span style=\"font-size:14.0pt\">Feira Pl&aacute;stico Brasil<\/span><\/b><\/a><span style=\"font-size:14.0pt\">, de 24 a 28 de mar&ccedil;o de 2025, 10h &agrave;s 19h, S&atilde;o Paulo Expo, Rodovia dos Imigrantes, km 1,5<\/span><\/span><\/span><\/span><\/p>\r\n\r\n<p style=\"text-align:justify\"><span style=\"font-size:11pt\"><span style=\"line-height:normal\"><span style=\"font-family:Calibri,sans-serif\"><a href=\"https:\/\/www.automecfeira.com.br\/pt-br.html\" style=\"color:blue; text-decoration:underline\"><b><span style=\"font-size:14.0pt\">Automec 2025<\/span><\/b><\/a><span style=\"font-size:14.0pt\">, 22 a 26 de abril de 2025, S&atilde;o Paulo Expo, Rodovia dos Imigrantes, Km 1,5, &Aacute;gua Funda, S&atilde;o Paulo, SP.<\/span><\/span><\/span><\/span><\/p>\r\n\r\n<p style=\"text-align:justify\"><span style=\"font-size:11pt\"><span style=\"line-height:normal\"><span style=\"font-family:Calibri,sans-serif\"><a href=\"https:\/\/www.hospitalar.com\/pt\/home.html\" style=\"color:blue; text-decoration:underline\"><b><span style=\"font-size:14.0pt\">Hospitalar 2025<\/span><\/b><\/a><span style=\"font-size:14.0pt\">, 20 a 23 de maio, 11h00 &agrave;s 20h00, S&atilde;o Paulo Expo, Rodovia dos Imigrantes, km 1,5<\/span><\/span><\/span><\/span><\/p>\r\n\r\n<p style=\"text-align:justify\"><span style=\"font-size:11pt\"><span style=\"line-height:normal\"><span style=\"font-family:Calibri,sans-serif\"><a href=\"https:\/\/ideashow.org\/\" style=\"color:blue; text-decoration:underline\"><b><span lang=\"EN-US\" style=\"font-size:14.0pt\">IDEA25<\/span><\/b><\/a><span lang=\"EN-US\" style=\"font-size:14.0pt\">, April 29-May 1, 2025, Miami Beach Convention Center, Miami Beach, Florida<\/span><\/span><\/span><\/span><\/p>\r\n\r\n<p style=\"text-align:justify\"><span style=\"font-size:11pt\"><span style=\"line-height:normal\"><span style=\"font-family:Calibri,sans-serif\"><a href=\"https:\/\/www.conbrava.com.br\/\" style=\"color:blue; text-decoration:underline\"><b><span style=\"font-size:14.0pt\">CONBRAVA 2025<\/span><\/b><\/a><span style=\"font-size:14.0pt\">, 10 a 12 de setembro de 2025, S&atilde;o Paulo Expo, Rodovia dos Imigrantes, km 1,5<\/span><\/span><\/span><\/span><\/p>\r\n\r\n<p style=\"text-align:justify\"><span style=\"font-size:11pt\"><span style=\"line-height:normal\"><span style=\"font-family:Calibri,sans-serif\"><a href=\"https:\/\/paving.com.br\/\" style=\"color:blue; text-decoration:underline\"><b><span style=\"font-size:14.0pt\">Paving Expo 2025<\/span><\/b><\/a><span style=\"font-size:14.0pt\">, 23 a 25 de setembro de 2025, Distrito Anhembi, Rua Prof. Milton Rodrigues, s\/n, Santana, S&atilde;o Paulo, SP<\/span><\/span><\/span><\/span><\/p>\r\n\r\n<p style=\"text-align:justify\"><span style=\"font-size:11pt\"><span style=\"line-height:normal\"><span style=\"font-family:Calibri,sans-serif\"><b><span style=\"font-size:14.0pt\">17&ordm; Congresso Brasileiro de Enfermagem em Centro Cir&uacute;rgico: &ldquo;O poder de cuidar&rdquo;<\/span><\/b><span style=\"font-size:14.0pt\">, 01 a 03 de outubro de 2025, Transamerica Expo Center, S&atilde;o Paulo, SP<\/span><\/span><\/span><\/span><\/p>\r\n\r\n<p style=\"text-align:justify\"><span style=\"font-size:11pt\"><span style=\"line-height:normal\"><span style=\"font-family:Calibri,sans-serif\"><a href=\"https:\/\/hospitalmed.com.br\/feira\/\" style=\"color:blue; text-decoration:underline\"><b><span style=\"font-size:14.0pt\">HospitalMed 2025<\/span><\/b><\/a><span style=\"font-size:14.0pt\">, 22 a 24 de outubro, Pernambuco Centro de Conven&ccedil;&otilde;es, Olinda<\/span><\/span><\/span><\/span><\/p>\r\n\r\n<p style=\"text-align:justify\"><span style=\"font-size:28pt\"><span style=\"font-family:Cambria,serif\"><span style=\"letter-spacing:-0.5pt\"><b><span style=\"font-size:18.0pt\"><span style=\"font-family:&quot;Calibri&quot;,sans-serif\"><span style=\"font-variant:small-caps\">Setor<\/span><\/span><\/span><\/b><\/span><\/span><\/span><\/p>\r\n\r\n<p style=\"text-align:justify\"><span style=\"font-size:11pt\"><span style=\"line-height:normal\"><span style=\"font-family:Calibri,sans-serif\"><a href=\"https:\/\/www.intergols.com.br\/comunicado-de-imprensa\/geotextil-de-polipropileno-tamanho-do-mercado-receita-taxa-de-crescimento-e-cenario-competitivo-previsao-de-2025-a-2032\/21089\/\" style=\"color:blue; text-decoration:underline\"><span style=\"font-size:14.0pt\">Geot&ecirc;xtil de polipropileno Tamanho do mercado, receita, taxa de crescimento e cen&aacute;rio competitivo, previs&atilde;o de 2025 a 2032<\/span><\/a><\/span><\/span><\/span><\/p>\r\n\r\n<p style=\"text-align:justify\"><span style=\"font-size:11pt\"><span style=\"line-height:normal\"><span style=\"font-family:Calibri,sans-serif\"><a href=\"https:\/\/www.nonwovens-industry.com\/contents\/view_breaking-news\/2025-01-21\/china-freezes-tariffs-for-absorbent-products\/15303\" style=\"color:blue; text-decoration:underline\"><span lang=\"EN-US\" style=\"font-size:14.0pt\">China Freezes Tariffs for Absorbent Products<\/span><\/a><\/span><\/span><\/span><\/p>\r\n\r\n<p style=\"text-align:justify\"><span style=\"font-size:11pt\"><span style=\"line-height:normal\"><span style=\"font-family:Calibri,sans-serif\"><a href=\"https:\/\/www.nonwovens-industry.com\/contents\/view_breaking-news\/2025-01-22\/pg-reports-2-sales-growth\/15303\" style=\"color:blue; text-decoration:underline\"><span lang=\"EN-US\" style=\"font-size:14.0pt\">P&amp;G Reports 2% Sales Growth<\/span><\/a><\/span><\/span><\/span><\/p>\r\n\r\n<p style=\"text-align:justify\"><span style=\"font-size:28pt\"><span style=\"font-family:Cambria,serif\"><span style=\"letter-spacing:-0.5pt\"><b><span lang=\"EN-US\" style=\"font-size:18.0pt\"><span style=\"font-family:&quot;Calibri&quot;,sans-serif\"><span style=\"font-variant:small-caps\">Ind&uacute;stria<\/span><\/span><\/span><\/b><\/span><\/span><\/span><\/p>\r\n\r\n<p style=\"text-align:justify\"><span style=\"font-size:11pt\"><span style=\"line-height:normal\"><span style=\"font-family:Calibri,sans-serif\"><a href=\"https:\/\/noticias.portaldaindustria.com.br\/noticias\/economia\/preocupacao-da-industria-com-a-taxa-de-cambio-dispara-no-ultimo-trimestre-de-2024-aponta-cni\/\" style=\"color:blue; text-decoration:underline\"><span style=\"font-size:14.0pt\">Preocupa&ccedil;&atilde;o da ind&uacute;stria com a taxa de c&acirc;mbio dispara no &uacute;ltimo trimestre de 2024, aponta CNI<\/span><\/a><\/span><\/span><\/span><\/p>\r\n\r\n<p style=\"text-align:justify\"><span style=\"font-size:11pt\"><span style=\"line-height:normal\"><span style=\"font-family:Calibri,sans-serif\"><a href=\"https:\/\/diariodoestadogo.com.br\/alta-nos-precos-das-embalagens-impulsiona-custo-dos-alimentos-no-brasil\/\" style=\"color:blue; text-decoration:underline\"><span style=\"font-size:14.0pt\">Abiplast: alta nos pre&ccedil;os das embalagens impulsiona custo dos alimentos no Brasil<\/span><\/a><\/span><\/span><\/span><\/p>\r\n\r\n<p style=\"text-align:justify\"><span style=\"font-size:11pt\"><span style=\"line-height:normal\"><span style=\"font-family:Calibri,sans-serif\"><a href=\"https:\/\/noticias.portaldaindustria.com.br\/noticias\/economia\/as-vesperas-de-reuniao-do-copom-cni-mostra-que-taxas-de-juros-elevadas-foram-principal-problema-para-a-construcao-no-4o-trimestre\/\" style=\"color:blue; text-decoration:underline\"><span style=\"font-size:14.0pt\">Taxa de juros elevada foi principal problema para a constru&ccedil;&atilde;o no 4&ordm; trimestre, diz CNI<\/span><\/a><\/span><\/span><\/span><\/p>\r\n\r\n<p style=\"text-align:justify\"><span style=\"font-size:11pt\"><span style=\"line-height:115%\"><span style=\"font-family:Calibri,sans-serif\"><a href=\"http:\/\/www.revistaanamaco.com.br\/os-numeros-de-dezembro-e-a-projecao-para-2025?utm_campaign=Revista+Anamaco+Online&amp;utm_content=Os+n%C3%BAmeros+de+dezembro+e+a+proje%C3%A7%C3%A3o+para+2025+-+Revista+Anamaco&amp;utm_medium=email&amp;utm_source=dinamize&amp;utm_term=Revista+Anamaco+Online-Newsletter%2304-2025\" style=\"color:blue; text-decoration:underline\"><span style=\"font-size:14.0pt\"><span style=\"line-height:115%\">Abramat: Os n&uacute;meros de dezembro e a proje&ccedil;&atilde;o para 2025<\/span><\/span><\/a><\/span><\/span><\/span><\/p>\r\n\r\n<p style=\"text-align:justify\"><span style=\"font-size:11pt\"><span style=\"line-height:normal\"><span style=\"font-family:Calibri,sans-serif\"><a href=\"https:\/\/grandesconstrucoes.com.br\/Noticias\/Exibir\/mercado-da-construcao-esta-otimista-para-2025?utm_source=akna&amp;utm_medium=email&amp;utm_campaign=Grandes-Construcoes-Informativo-946-23-01-2025\" style=\"color:blue; text-decoration:underline\"><span style=\"font-size:14.0pt\">Mercado da constru&ccedil;&atilde;o est&aacute; otimista para 2025<\/span><\/a><\/span><\/span><\/span><\/p>\r\n\r\n<p style=\"text-align:justify\"><span style=\"font-size:11pt\"><span style=\"line-height:normal\"><span style=\"font-family:Calibri,sans-serif\"><a href=\"https:\/\/grandesconstrucoes.com.br\/Noticias\/Exibir\/com-investimento-de-r-100-bi-governo-lancara-plano-nacional-de-ferrovias?utm_source=akna&amp;utm_medium=email&amp;utm_campaign=Grandes-Construcoes-Informativo-946-23-01-2025&amp;utm_source=akna&amp;utm_medium=email&amp;utm_campaign=Grandes-Construcoes-Informativo-946-23-01-2025\" style=\"color:blue; text-decoration:underline\"><span style=\"font-size:14.0pt\">Com investimento de R$ 100 bi, governo lan&ccedil;ar&aacute; Plano Nacional de Ferrovias<\/span><\/a><\/span><\/span><\/span><\/p>\r\n\r\n<p style=\"text-align:justify\"><span style=\"font-size:11pt\"><span style=\"line-height:normal\"><span style=\"font-family:Calibri,sans-serif\"><a href=\"https:\/\/www.em.com.br\/mundo-corporativo\/2025\/01\/7039364-estudo-aponta-dados-do-setor-de-maquinas-e-equipamentos.html\" style=\"color:blue; text-decoration:underline\"><span style=\"font-size:14.0pt\">Estudo aponta dados do setor de m&aacute;quinas e equipamentos<\/span><\/a><\/span><\/span><\/span><\/p>\r\n\r\n<p style=\"text-align:justify\"><span style=\"font-size:11pt\"><span style=\"line-height:normal\"><span style=\"font-family:Calibri,sans-serif\"><a href=\"https:\/\/www.agrolink.com.br\/noticias\/industria-quimica-anuncia-r--759-3-milhoes-em-investimentos_498643.html\" style=\"color:blue; text-decoration:underline\"><span style=\"font-size:14.0pt\">Ind&uacute;stria qu&iacute;mica anuncia R$ 759,3 milh&otilde;es em investimentos<\/span><\/a><\/span><\/span><\/span><\/p>\r\n\r\n<p style=\"text-align:justify\"><span style=\"font-size:28pt\"><span style=\"font-family:Cambria,serif\"><span style=\"letter-spacing:-0.5pt\"><b><span style=\"font-size:18.0pt\"><span style=\"font-family:&quot;Calibri&quot;,sans-serif\"><span style=\"font-variant:small-caps\">Sustentabilidade<\/span><\/span><\/span><\/b><\/span><\/span><\/span><\/p>\r\n\r\n<p style=\"text-align:justify\"><span style=\"font-size:11pt\"><span style=\"line-height:normal\"><span style=\"font-family:Calibri,sans-serif\"><a href=\"https:\/\/www.moveisdevalor.com.br\/portal\/programa-de-reciclagem-de-colchoes-liderado-pela-industria?source=news\" style=\"color:blue; text-decoration:underline\"><span style=\"font-size:14.0pt\">Programa de reciclagem de colch&otilde;es liderado pela ind&uacute;stria<\/span><\/a><\/span><\/span><\/span><\/p>\r\n\r\n<p style=\"text-align:justify\"><span style=\"font-size:11pt\"><span style=\"line-height:normal\"><span style=\"font-family:Calibri,sans-serif\"><a href=\"https:\/\/www.bnamericas.com\/pt\/entrevistas\/redefinindo-as-embalagens-o-proximo-passo-na-guerra-do-chile-contra-os-plasticos\" style=\"color:blue; text-decoration:underline\"><span style=\"font-size:14.0pt\">Redefinindo as embalagens: o pr&oacute;ximo passo na guerra do Chile contra os pl&aacute;sticos<\/span><\/a><\/span><\/span><\/span><\/p>\r\n\r\n<p style=\"text-align:justify\"><span style=\"font-size:11pt\"><span style=\"line-height:normal\"><span style=\"font-family:Calibri,sans-serif\"><a href=\"https:\/\/www.nonwovens-industry.com\/contents\/view_breaking-news\/2025-01-22\/shein-develops-innovative-polyester-recycling-process\/15303\" style=\"color:blue; text-decoration:underline\"><span lang=\"EN-US\" style=\"font-size:14.0pt\">Shein Develops Innovative Polyester Recycling Process<\/span><\/a><\/span><\/span><\/span><\/p>\r\n\r\n<p style=\"text-align:justify\"><span style=\"font-size:28pt\"><span style=\"font-family:Cambria,serif\"><span style=\"letter-spacing:-0.5pt\"><b><span style=\"font-size:18.0pt\"><span style=\"font-family:&quot;Calibri&quot;,sans-serif\"><span style=\"font-variant:small-caps\">Inova&ccedil;&atilde;o<\/span><\/span><\/span><\/b><\/span><\/span><\/span><\/p>\r\n\r\n<p style=\"text-align:justify\"><span style=\"font-size:11pt\"><span style=\"line-height:normal\"><span style=\"font-family:Calibri,sans-serif\"><a href=\"https:\/\/www.inovacaotecnologica.com.br\/noticias\/noticia.php?artigo=forte-como-aco-leve-como-espuma-chegou-era-nanoengenharia-estrutural&amp;id=010170250128&amp;ebol=sim\" style=\"color:blue; text-decoration:underline\"><span style=\"font-size:14.0pt\">Forte como a&ccedil;o, leve como espuma: Chegou a era da nanoengenharia estrutural<\/span><\/a><\/span><\/span><\/span><\/p>\r\n\r\n<p style=\"text-align:justify\"><span style=\"font-size:11pt\"><span style=\"line-height:normal\"><span style=\"font-family:Calibri,sans-serif\"><a href=\"https:\/\/gizmodo.uol.com.br\/cientista-descobre-como-transformar-plastico-em-sabonete-de-banho\/\" style=\"color:blue; text-decoration:underline\"><span style=\"font-size:14.0pt\">Cientista descobre como transformar pl&aacute;stico em sabonete de banho<\/span><\/a><\/span><\/span><\/span><\/p>\r\n\r\n<p style=\"text-align:justify\"><span style=\"font-size:11pt\"><span style=\"line-height:normal\"><span style=\"font-family:Calibri,sans-serif\"><a href=\"https:\/\/www.inovacaotecnologica.com.br\/noticias\/noticia.php?artigo=tecido-termico-aquece-ate-30-c-10-minutos-sob-sol&amp;id=010160250127&amp;ebol=sim\" style=\"color:blue; text-decoration:underline\"><span style=\"font-size:14.0pt\">Tecido t&eacute;rmico aquece at&eacute; 30&deg;C em 10 minutos sob o Sol<\/span><\/a><\/span><\/span><\/span><\/p>\r\n\r\n<p style=\"text-align:justify\"><span style=\"font-size:28pt\"><span style=\"font-family:Cambria,serif\"><span style=\"letter-spacing:-0.5pt\"><b><span style=\"font-size:18.0pt\"><span style=\"font-family:&quot;Calibri&quot;,sans-serif\"><span style=\"font-variant:small-caps\">Com&eacute;rcio Exterior<\/span><\/span><\/span><\/b><\/span><\/span><\/span><\/p>\r\n\r\n<p style=\"text-align:justify\"><span style=\"font-size:11pt\"><span style=\"line-height:normal\"><span style=\"font-family:Calibri,sans-serif\"><a href=\"https:\/\/portugaltextil.com\/relatorio-apela-a-modernizacao-dos-codigos-do-comercio-textil\/\" style=\"color:blue; text-decoration:underline\"><span style=\"font-size:14.0pt\">Relat&oacute;rio apela &agrave; moderniza&ccedil;&atilde;o dos c&oacute;digos do com&eacute;rcio t&ecirc;xtil<\/span><\/a><\/span><\/span><\/span><\/p>\r\n\r\n<p style=\"text-align:justify\"><span style=\"font-size:11pt\"><span style=\"line-height:normal\"><span style=\"font-family:Calibri,sans-serif\"><a href=\"https:\/\/www.contabeis.com.br\/noticias\/68975\/duimp-nova-declaracao-de-importacao-simplifica-processos-no-brasil\/\" style=\"color:blue; text-decoration:underline\"><span style=\"font-size:14.0pt\">DUIMP: nova declara&ccedil;&atilde;o de importa&ccedil;&atilde;o simplifica processos no Brasil<\/span><\/a><\/span><\/span><\/span><\/p>\r\n\r\n<p style=\"text-align:justify\"><span style=\"font-size:11pt\"><span style=\"line-height:normal\"><span style=\"font-family:Calibri,sans-serif\"><a href=\"https:\/\/noticias.portaldaindustria.com.br\/noticias\/economia\/preocupacao-da-industria-com-a-taxa-de-cambio-dispara-no-ultimo-trimestre-de-2024-aponta-cni\/\" style=\"color:blue; text-decoration:underline\"><span style=\"font-size:14.0pt\">Preocupa&ccedil;&atilde;o da ind&uacute;stria com a taxa de c&acirc;mbio dispara no &uacute;ltimo trimestre de 2024, aponta CNI<\/span><\/a><\/span><\/span><\/span><\/p>\r\n\r\n<p style=\"text-align:justify\"><span style=\"font-size:11pt\"><span style=\"line-height:normal\"><span style=\"font-family:Calibri,sans-serif\"><a href=\"https:\/\/static.portaldaindustria.com.br\/media\/filer_public\/8c\/31\/8c314a70-0b6d-4c4a-936c-dc202d09867e\/ex_ipc_25-002_eua-posse-trump_1.pdf\" style=\"color:blue; text-decoration:underline\"><span style=\"font-size:14.0pt\">CNI | Trump apresenta plano para sua nova pol&iacute;tica comercial<\/span><\/a><\/span><\/span><\/span><\/p>\r\n\r\n<p style=\"text-align:justify\"><span style=\"font-size:28pt\"><span style=\"font-family:Cambria,serif\"><span style=\"letter-spacing:-0.5pt\"><b><span style=\"font-size:18.0pt\"><span style=\"font-family:&quot;Calibri&quot;,sans-serif\"><span style=\"font-variant:small-caps\">Economia<\/span><\/span><\/span><\/b><\/span><\/span><\/span><\/p>\r\n\r\n<p style=\"text-align:justify\"><span style=\"font-size:11pt\"><span style=\"line-height:normal\"><span style=\"font-family:Calibri,sans-serif\"><a href=\"https:\/\/www.bcb.gov.br\/content\/focus\/focus\/R20250124.pdf\" style=\"color:blue; text-decoration:underline\"><span style=\"font-size:14.0pt\">Focus - Relat&oacute;rio de Mercado<\/span><\/a><\/span><\/span><\/span><\/p>\r\n\r\n<p style=\"text-align:justify\"><span style=\"font-size:11pt\"><span style=\"line-height:normal\"><span style=\"font-family:Calibri,sans-serif\"><a href=\"https:\/\/www.machadomeyer.com.br\/pt\/inteligencia-juridica\/publicacoes-ij\/tributario-ij\/reforma-tributaria-analise-dos-vetos-a-lc-214-25\" style=\"color:blue; text-decoration:underline\"><span style=\"font-size:14.0pt\">Reforma Tribut&aacute;ria: an&aacute;lise dos vetos &agrave; LC 214\/25<\/span><\/a><\/span><\/span><\/span><\/p>\r\n\r\n<p style=\"text-align:justify\"><span style=\"font-size:11pt\"><span style=\"line-height:normal\"><span style=\"font-family:Calibri,sans-serif\"><a href=\"https:\/\/noticias.portaldaindustria.com.br\/noticias\/economia\/o-que-muda-com-a-regulamentacao-da-reforma-tributaria-ep149\/\" style=\"color:blue; text-decoration:underline\"><span style=\"font-size:14.0pt\">O que muda com a regulamenta&ccedil;&atilde;o da reforma tribut&aacute;ria?<\/span><\/a><\/span><\/span><\/span><\/p>\r\n\r\n<p style=\"text-align:justify\">&nbsp;<\/p>\r\n\r\n<p style=\"text-align:justify\"><span style=\"font-size:11pt\"><span style=\"line-height:normal\"><span style=\"font-family:Calibri,sans-serif\"><span style=\"font-size:14.0pt\"><img src=\"https:\/\/www.abint.org.br\/assets\/img\/editor\/redes-sociais-abint-ctg-cth_20250128135109ANqzMG04V2.jpg\" \/><\/span><\/span><\/span><\/span><\/p>\r\n","texto_en":"","7":"","imagem":"COMP_capa-2025-site-boletim-abint-noticias-semanis_20250128135425Tni2J4ULwR.jpg","8":"COMP_capa-2025-site-boletim-abint-noticias-semanis_20250128135425Tni2J4ULwR.jpg","arquivo":"20250128-BOLETIM-ABINT-DE-NOTICIAS-SEMANAIS.PDF","9":"20250128-BOLETIM-ABINT-DE-NOTICIAS-SEMANAIS.PDF","titulo_arquivo":"20250128 Boletim de Not\u00edcias Semanais","10":"20250128 Boletim de Not\u00edcias Semanais","titulo_arquivo_en":"","11":"","created_at":"2025-01-28 13:54:35","12":"2025-01-28 13:54:35","updated_at":"2025-01-28 13:54:35","13":"2025-01-28 13:54:35"},{"id":175,"0":175,"ordem":70,"1":70,"data":"2025-01-27","2":"2025-01-27","slug":"competitividade-e-o-desafio-para-2025","3":"competitividade-e-o-desafio-para-2025","titulo":"Competitividade \u00e9 o desafio para 2025","4":"Competitividade \u00e9 o desafio para 2025","titulo_en":"","5":"","texto":"<p style=\"text-align:justify\"><span style=\"font-size:11pt\"><span style=\"line-height:115%\"><span style=\"font-family:Calibri,sans-serif\"><b><span style=\"font-size:12.0pt\"><span style=\"line-height:115%\"><span style=\"font-family:&quot;Arial&quot;,sans-serif\">*Por Mateus Mesquita Inacio <\/span><\/span><\/span><\/b><\/span><\/span><\/span><\/p>\r\n\r\n<p style=\"text-align:justify\"><span style=\"font-size:11pt\"><span style=\"line-height:115%\"><span style=\"font-family:Calibri,sans-serif\"><span style=\"font-family:&quot;Arial&quot;,sans-serif\">A ind&uacute;stria brasileira de N&atilde;otecidos e Tecidos T&eacute;cnicos &eacute; um dos pilares da economia nacional, impulsionando e apoiando o desenvolvimento sustent&aacute;vel de importantes cadeia produtivas, como a automotiva, a da constru&ccedil;&atilde;o e infraestrutura, higiene pessoal, m&eacute;dico hospitalar, agro e outras. S&atilde;o mais de 100 ind&uacute;strias no pa&iacute;s que empregam 17 mil pessoas e produzem mais de 300 mil toneladas\/ano.<\/span><\/span><\/span><\/span><\/p>\r\n\r\n<p style=\"text-align:justify\"><span style=\"font-size:11pt\"><span style=\"line-height:115%\"><span style=\"font-family:Calibri,sans-serif\"><span style=\"font-family:&quot;Arial&quot;,sans-serif\">Trata-se de uma ind&uacute;stria que, nos &uacute;ltimos cinco anos, investiu mais de R$ 600 milh&otilde;es em amplia&ccedil;&atilde;o de capacidade e desenvolvimento de inova&ccedil;&otilde;es para atender a esses setores estrat&eacute;gicos da economia brasileira. Ainda assim, 2024 n&atilde;o foi um ano de crescimento para essa cadeia produtiva.<\/span><\/span><\/span><\/span><\/p>\r\n\r\n<p style=\"text-align:justify\"><span style=\"font-size:11pt\"><span style=\"line-height:115%\"><span style=\"font-family:Calibri,sans-serif\"><span style=\"font-family:&quot;Arial&quot;,sans-serif\">Al&eacute;m das instabilidades globais, como tens&otilde;es geopol&iacute;ticas e instabilidade econ&ocirc;mica e dos j&aacute; conhecidos e esperados desafios que o Custo Brasil proporciona - entre eles a varia&ccedil;&atilde;o cambial, a dificuldade de acesso ao cr&eacute;dito e a defasagem de infraestrutura log&iacute;stica, a burocracia em torno de importa&ccedil;&atilde;o de maquin&aacute;rio e equipamentos que impactam diretamente investimentos em tecnologia e inova&ccedil;&atilde;o -, a cadeia de valor dos N&atilde;otecidos e Tecidos T&eacute;cnicos tamb&eacute;m se deparou com o agravamento da concorr&ecirc;ncia desleal de produtos importados, al&eacute;m da alta no valor das mat&eacute;rias primas. Em 2024, observamos tamb&eacute;m o aumento nas importa&ccedil;&otilde;es de produtos acabados, o que impacta n&atilde;o somente a nossa ind&uacute;stria, mas toda a cadeia.<\/span><\/span><\/span><\/span><\/p>\r\n\r\n<p style=\"text-align:justify\"><span style=\"font-size:11pt\"><span style=\"line-height:115%\"><span style=\"font-family:Calibri,sans-serif\"><span style=\"font-family:&quot;Arial&quot;,sans-serif\">S&atilde;o quest&otilde;es que, al&eacute;m de impactarem diretamente no valor do produto acabado e na economia como um todo, impedem que a ind&uacute;stria N&atilde;otecidos e Tecidos T&eacute;cnicos possa recuperar o valor de seus investimentos e seguir em busca de inova&ccedil;&otilde;es e competitividade.<\/span><\/span><\/span><\/span><\/p>\r\n\r\n<p style=\"text-align:justify\"><span style=\"font-size:11pt\"><span style=\"line-height:115%\"><span style=\"font-family:Calibri,sans-serif\"><span style=\"font-family:&quot;Arial&quot;,sans-serif\">Neste cen&aacute;rio, a Associa&ccedil;&atilde;o Brasileira das Ind&uacute;strias de N&atilde;otecido e Tecidos T&eacute;cnicos (ABINT) e seus comit&ecirc;s, o CTG (Comit&ecirc; T&eacute;cnico de Geossint&eacute;ticos) e o CTH (Comit&ecirc; T&eacute;cnico M&eacute;dico-Hospitalar), t&ecirc;m desempenhado papel imprescind&iacute;vel no apoio ao desenvolvimento da ind&uacute;stria nacional.<\/span><\/span><\/span><\/span><\/p>\r\n\r\n<p style=\"text-align:justify\"><span style=\"font-size:11pt\"><span style=\"line-height:115%\"><span style=\"font-family:Calibri,sans-serif\"><span style=\"font-family:&quot;Arial&quot;,sans-serif\">A ABINT tem atuado em importantes pleitos de defesa comercial. O estreitamento das rela&ccedil;&otilde;es entre a ind&uacute;stria dos N&atilde;otecidos e Tecidos T&eacute;cnicos com setores governamentais de com&eacute;rcio exterior e a contesta&ccedil;&atilde;o da eleva&ccedil;&atilde;o de impostos de importa&ccedil;&atilde;o (investiga&ccedil;&atilde;o antidumping sobre importa&ccedil;&otilde;es brasileiras de fibras de poli&eacute;ster, origin&aacute;rias de China, &Iacute;ndia, Mal&aacute;sia, Tail&acirc;ndia e Vietn&atilde;; e inclus&atilde;o na Lista de Desequil&iacute;brios Comerciais Conjunturais das mat&eacute;rias-primas polipropileno, copolimero de polipropileno, PEAD e PVC-S) foram algumas das a&ccedil;&otilde;es encampadas pela ABINT.<\/span><\/span><\/span><\/span><\/p>\r\n\r\n<p style=\"text-align:justify\"><span style=\"font-size:11pt\"><span style=\"line-height:115%\"><span style=\"font-family:Calibri,sans-serif\"><span style=\"font-family:&quot;Arial&quot;,sans-serif\">A ABINT e seus Comit&ecirc;s realizam um trabalho &aacute;rduo de divulga&ccedil;&atilde;o da qualidade e dos benef&iacute;cios dos N&atilde;otecidos e Tecidos T&eacute;cnicos nas diversas aplica&ccedil;&otilde;es, de profissionaliza&ccedil;&atilde;o da m&atilde;o-de-obra e na difus&atilde;o da qualidade em produ&ccedil;&atilde;o e instala&ccedil;&atilde;o. Exemplos disso foram a realiza&ccedil;&atilde;o, as participa&ccedil;&otilde;es e apoio a eventos como o Curso de Instala&ccedil;&atilde;o de Geomembranas do CTG, no Instituto Mau&aacute; de Tecnologia, a feira de sa&uacute;de HospitalMED 2024 e as in&uacute;meras edi&ccedil;&otilde;es do Curso sobre a Tecnologia dos N&atilde;otecidos, realizadas pela entidade ao longo do ano, al&eacute;m de cursos &ldquo;<i>in company<\/i>&rdquo; em diversas empresas, associadas ou n&atilde;o.<\/span><\/span><\/span><\/span><\/p>\r\n\r\n<p style=\"text-align:justify\"><span style=\"font-size:11pt\"><span style=\"line-height:115%\"><span style=\"font-family:Calibri,sans-serif\"><span style=\"font-family:&quot;Arial&quot;,sans-serif\">Ainda assim, o ano que se inicia n&atilde;o traz boas perspectivas ao setor. Para garantir a manuten&ccedil;&atilde;o e a qualidade do abastecimento local de produtos fundamentais para a sa&uacute;de, seguran&ccedil;a e conveni&ecirc;ncia dos brasileiros; a competitividade da ind&uacute;stria local por meio da moderniza&ccedil;&atilde;o da sua base de ativos; e o impacto disso em termos de empregos e pagamento de tributos, em fun&ccedil;&atilde;o da natureza altamente formalizada da nossa ind&uacute;stria, &eacute; preciso que os olhares se voltem &agrave; competitividade.<\/span><\/span><\/span><\/span><\/p>\r\n\r\n<p style=\"text-align:justify\"><span style=\"font-size:11pt\"><span style=\"line-height:115%\"><span style=\"font-family:Calibri,sans-serif\"><span style=\"font-family:&quot;Arial&quot;,sans-serif\">A ABINT segue no embate contra pleitos que pretendem elevar a taxa&ccedil;&atilde;o de resinas e fibras, prejudicando toda a cadeia produtiva brasileira. Tamb&eacute;m segue atenta &agrave;s movimenta&ccedil;&otilde;es nas negocia&ccedil;&otilde;es de v&aacute;rios acordos comerciais, como com a Uni&atilde;o Europeia e pa&iacute;ses do Oriente M&eacute;dio, que pretendem desagravar a tarifa de importa&ccedil;&atilde;o de produtos acabados. Tamb&eacute;m manter&aacute; o foco na regulamenta&ccedil;&atilde;o dos N&atilde;otecidos e Tecidos T&eacute;cnicos junto &agrave;s ag&ecirc;ncias reguladoras, agregando valor e trazendo diferencial competitivo aos produtos nacionais.<\/span><\/span><\/span><\/span><\/p>\r\n\r\n<p style=\"text-align:justify\"><span style=\"font-size:11pt\"><span style=\"line-height:115%\"><span style=\"font-family:Calibri,sans-serif\"><span style=\"font-family:&quot;Arial&quot;,sans-serif\">Por&eacute;m, a entidade espera que os olhares dos setores governamentais ligados &agrave; ind&uacute;stria e ao desenvolvimento tamb&eacute;m estejam atentos para apoiar toda essa cadeia de valor. Al&eacute;m da ABINT, seus parceiros de jornada, constru&iacute;dos ao longo de v&aacute;rios anos por meio de a&ccedil;&otilde;es que ligam interesses compartilhados dos segmentos que representam, entre eles a Abit, Abiplast, Abrafiltros, FIESP\/CIESP, Senai, IGS Brasil, ABMS, AESabesp, SOBECC, e outros, estar&atilde;o presentes nesses desafios de fomentar o desenvolvimento socioecon&ocirc;mico do pa&iacute;s.<\/span><\/span><\/span><\/span><\/p>\r\n\r\n<p style=\"text-align:justify\"><span style=\"font-size:11pt\"><span style=\"line-height:115%\"><span style=\"font-family:Calibri,sans-serif\"><span style=\"font-family:&quot;Arial&quot;,sans-serif\">Se hoje a ABINT se constitui em uma for&ccedil;a importante, ganhando robustez e elevando a visibilidade da ind&uacute;stria nacional de N&atilde;otecidos e Tecidos T&eacute;cnicos a patamares sem precedentes, &eacute; porque conta com alian&ccedil;as fortalecidas e uma base s&oacute;lida para promover o desenvolvimento de nossa ind&uacute;stria rumo a um futuro mais sustent&aacute;vel. Contamos com a participa&ccedil;&atilde;o ativa e colaborativa de todos os nossos associados nesta jornada. Juntos, estamos trilhando um caminho de inova&ccedil;&atilde;o, responsabilidade e crescimento sustent&aacute;vel!<\/span><\/span><\/span><\/span><\/p>\r\n\r\n<p style=\"text-align:justify; margin-bottom:11px\"><span style=\"font-size:11pt\"><span style=\"line-height:115%\"><span style=\"font-family:Calibri,sans-serif\"><b><i><span style=\"font-size:12.0pt\"><span style=\"line-height:115%\"><span style=\"font-family:&quot;Arial&quot;,sans-serif\">*Mateus Mesquita Inacio &eacute; presidente da ABINT<\/span><\/span><\/span><\/i><\/b><\/span><\/span><\/span><\/p>\r\n","6":"<p style=\"text-align:justify\"><span style=\"font-size:11pt\"><span style=\"line-height:115%\"><span style=\"font-family:Calibri,sans-serif\"><b><span style=\"font-size:12.0pt\"><span style=\"line-height:115%\"><span style=\"font-family:&quot;Arial&quot;,sans-serif\">*Por Mateus Mesquita Inacio <\/span><\/span><\/span><\/b><\/span><\/span><\/span><\/p>\r\n\r\n<p style=\"text-align:justify\"><span style=\"font-size:11pt\"><span style=\"line-height:115%\"><span style=\"font-family:Calibri,sans-serif\"><span style=\"font-family:&quot;Arial&quot;,sans-serif\">A ind&uacute;stria brasileira de N&atilde;otecidos e Tecidos T&eacute;cnicos &eacute; um dos pilares da economia nacional, impulsionando e apoiando o desenvolvimento sustent&aacute;vel de importantes cadeia produtivas, como a automotiva, a da constru&ccedil;&atilde;o e infraestrutura, higiene pessoal, m&eacute;dico hospitalar, agro e outras. S&atilde;o mais de 100 ind&uacute;strias no pa&iacute;s que empregam 17 mil pessoas e produzem mais de 300 mil toneladas\/ano.<\/span><\/span><\/span><\/span><\/p>\r\n\r\n<p style=\"text-align:justify\"><span style=\"font-size:11pt\"><span style=\"line-height:115%\"><span style=\"font-family:Calibri,sans-serif\"><span style=\"font-family:&quot;Arial&quot;,sans-serif\">Trata-se de uma ind&uacute;stria que, nos &uacute;ltimos cinco anos, investiu mais de R$ 600 milh&otilde;es em amplia&ccedil;&atilde;o de capacidade e desenvolvimento de inova&ccedil;&otilde;es para atender a esses setores estrat&eacute;gicos da economia brasileira. Ainda assim, 2024 n&atilde;o foi um ano de crescimento para essa cadeia produtiva.<\/span><\/span><\/span><\/span><\/p>\r\n\r\n<p style=\"text-align:justify\"><span style=\"font-size:11pt\"><span style=\"line-height:115%\"><span style=\"font-family:Calibri,sans-serif\"><span style=\"font-family:&quot;Arial&quot;,sans-serif\">Al&eacute;m das instabilidades globais, como tens&otilde;es geopol&iacute;ticas e instabilidade econ&ocirc;mica e dos j&aacute; conhecidos e esperados desafios que o Custo Brasil proporciona - entre eles a varia&ccedil;&atilde;o cambial, a dificuldade de acesso ao cr&eacute;dito e a defasagem de infraestrutura log&iacute;stica, a burocracia em torno de importa&ccedil;&atilde;o de maquin&aacute;rio e equipamentos que impactam diretamente investimentos em tecnologia e inova&ccedil;&atilde;o -, a cadeia de valor dos N&atilde;otecidos e Tecidos T&eacute;cnicos tamb&eacute;m se deparou com o agravamento da concorr&ecirc;ncia desleal de produtos importados, al&eacute;m da alta no valor das mat&eacute;rias primas. Em 2024, observamos tamb&eacute;m o aumento nas importa&ccedil;&otilde;es de produtos acabados, o que impacta n&atilde;o somente a nossa ind&uacute;stria, mas toda a cadeia.<\/span><\/span><\/span><\/span><\/p>\r\n\r\n<p style=\"text-align:justify\"><span style=\"font-size:11pt\"><span style=\"line-height:115%\"><span style=\"font-family:Calibri,sans-serif\"><span style=\"font-family:&quot;Arial&quot;,sans-serif\">S&atilde;o quest&otilde;es que, al&eacute;m de impactarem diretamente no valor do produto acabado e na economia como um todo, impedem que a ind&uacute;stria N&atilde;otecidos e Tecidos T&eacute;cnicos possa recuperar o valor de seus investimentos e seguir em busca de inova&ccedil;&otilde;es e competitividade.<\/span><\/span><\/span><\/span><\/p>\r\n\r\n<p style=\"text-align:justify\"><span style=\"font-size:11pt\"><span style=\"line-height:115%\"><span style=\"font-family:Calibri,sans-serif\"><span style=\"font-family:&quot;Arial&quot;,sans-serif\">Neste cen&aacute;rio, a Associa&ccedil;&atilde;o Brasileira das Ind&uacute;strias de N&atilde;otecido e Tecidos T&eacute;cnicos (ABINT) e seus comit&ecirc;s, o CTG (Comit&ecirc; T&eacute;cnico de Geossint&eacute;ticos) e o CTH (Comit&ecirc; T&eacute;cnico M&eacute;dico-Hospitalar), t&ecirc;m desempenhado papel imprescind&iacute;vel no apoio ao desenvolvimento da ind&uacute;stria nacional.<\/span><\/span><\/span><\/span><\/p>\r\n\r\n<p style=\"text-align:justify\"><span style=\"font-size:11pt\"><span style=\"line-height:115%\"><span style=\"font-family:Calibri,sans-serif\"><span style=\"font-family:&quot;Arial&quot;,sans-serif\">A ABINT tem atuado em importantes pleitos de defesa comercial. O estreitamento das rela&ccedil;&otilde;es entre a ind&uacute;stria dos N&atilde;otecidos e Tecidos T&eacute;cnicos com setores governamentais de com&eacute;rcio exterior e a contesta&ccedil;&atilde;o da eleva&ccedil;&atilde;o de impostos de importa&ccedil;&atilde;o (investiga&ccedil;&atilde;o antidumping sobre importa&ccedil;&otilde;es brasileiras de fibras de poli&eacute;ster, origin&aacute;rias de China, &Iacute;ndia, Mal&aacute;sia, Tail&acirc;ndia e Vietn&atilde;; e inclus&atilde;o na Lista de Desequil&iacute;brios Comerciais Conjunturais das mat&eacute;rias-primas polipropileno, copolimero de polipropileno, PEAD e PVC-S) foram algumas das a&ccedil;&otilde;es encampadas pela ABINT.<\/span><\/span><\/span><\/span><\/p>\r\n\r\n<p style=\"text-align:justify\"><span style=\"font-size:11pt\"><span style=\"line-height:115%\"><span style=\"font-family:Calibri,sans-serif\"><span style=\"font-family:&quot;Arial&quot;,sans-serif\">A ABINT e seus Comit&ecirc;s realizam um trabalho &aacute;rduo de divulga&ccedil;&atilde;o da qualidade e dos benef&iacute;cios dos N&atilde;otecidos e Tecidos T&eacute;cnicos nas diversas aplica&ccedil;&otilde;es, de profissionaliza&ccedil;&atilde;o da m&atilde;o-de-obra e na difus&atilde;o da qualidade em produ&ccedil;&atilde;o e instala&ccedil;&atilde;o. Exemplos disso foram a realiza&ccedil;&atilde;o, as participa&ccedil;&otilde;es e apoio a eventos como o Curso de Instala&ccedil;&atilde;o de Geomembranas do CTG, no Instituto Mau&aacute; de Tecnologia, a feira de sa&uacute;de HospitalMED 2024 e as in&uacute;meras edi&ccedil;&otilde;es do Curso sobre a Tecnologia dos N&atilde;otecidos, realizadas pela entidade ao longo do ano, al&eacute;m de cursos &ldquo;<i>in company<\/i>&rdquo; em diversas empresas, associadas ou n&atilde;o.<\/span><\/span><\/span><\/span><\/p>\r\n\r\n<p style=\"text-align:justify\"><span style=\"font-size:11pt\"><span style=\"line-height:115%\"><span style=\"font-family:Calibri,sans-serif\"><span style=\"font-family:&quot;Arial&quot;,sans-serif\">Ainda assim, o ano que se inicia n&atilde;o traz boas perspectivas ao setor. Para garantir a manuten&ccedil;&atilde;o e a qualidade do abastecimento local de produtos fundamentais para a sa&uacute;de, seguran&ccedil;a e conveni&ecirc;ncia dos brasileiros; a competitividade da ind&uacute;stria local por meio da moderniza&ccedil;&atilde;o da sua base de ativos; e o impacto disso em termos de empregos e pagamento de tributos, em fun&ccedil;&atilde;o da natureza altamente formalizada da nossa ind&uacute;stria, &eacute; preciso que os olhares se voltem &agrave; competitividade.<\/span><\/span><\/span><\/span><\/p>\r\n\r\n<p style=\"text-align:justify\"><span style=\"font-size:11pt\"><span style=\"line-height:115%\"><span style=\"font-family:Calibri,sans-serif\"><span style=\"font-family:&quot;Arial&quot;,sans-serif\">A ABINT segue no embate contra pleitos que pretendem elevar a taxa&ccedil;&atilde;o de resinas e fibras, prejudicando toda a cadeia produtiva brasileira. Tamb&eacute;m segue atenta &agrave;s movimenta&ccedil;&otilde;es nas negocia&ccedil;&otilde;es de v&aacute;rios acordos comerciais, como com a Uni&atilde;o Europeia e pa&iacute;ses do Oriente M&eacute;dio, que pretendem desagravar a tarifa de importa&ccedil;&atilde;o de produtos acabados. Tamb&eacute;m manter&aacute; o foco na regulamenta&ccedil;&atilde;o dos N&atilde;otecidos e Tecidos T&eacute;cnicos junto &agrave;s ag&ecirc;ncias reguladoras, agregando valor e trazendo diferencial competitivo aos produtos nacionais.<\/span><\/span><\/span><\/span><\/p>\r\n\r\n<p style=\"text-align:justify\"><span style=\"font-size:11pt\"><span style=\"line-height:115%\"><span style=\"font-family:Calibri,sans-serif\"><span style=\"font-family:&quot;Arial&quot;,sans-serif\">Por&eacute;m, a entidade espera que os olhares dos setores governamentais ligados &agrave; ind&uacute;stria e ao desenvolvimento tamb&eacute;m estejam atentos para apoiar toda essa cadeia de valor. Al&eacute;m da ABINT, seus parceiros de jornada, constru&iacute;dos ao longo de v&aacute;rios anos por meio de a&ccedil;&otilde;es que ligam interesses compartilhados dos segmentos que representam, entre eles a Abit, Abiplast, Abrafiltros, FIESP\/CIESP, Senai, IGS Brasil, ABMS, AESabesp, SOBECC, e outros, estar&atilde;o presentes nesses desafios de fomentar o desenvolvimento socioecon&ocirc;mico do pa&iacute;s.<\/span><\/span><\/span><\/span><\/p>\r\n\r\n<p style=\"text-align:justify\"><span style=\"font-size:11pt\"><span style=\"line-height:115%\"><span style=\"font-family:Calibri,sans-serif\"><span style=\"font-family:&quot;Arial&quot;,sans-serif\">Se hoje a ABINT se constitui em uma for&ccedil;a importante, ganhando robustez e elevando a visibilidade da ind&uacute;stria nacional de N&atilde;otecidos e Tecidos T&eacute;cnicos a patamares sem precedentes, &eacute; porque conta com alian&ccedil;as fortalecidas e uma base s&oacute;lida para promover o desenvolvimento de nossa ind&uacute;stria rumo a um futuro mais sustent&aacute;vel. Contamos com a participa&ccedil;&atilde;o ativa e colaborativa de todos os nossos associados nesta jornada. Juntos, estamos trilhando um caminho de inova&ccedil;&atilde;o, responsabilidade e crescimento sustent&aacute;vel!<\/span><\/span><\/span><\/span><\/p>\r\n\r\n<p style=\"text-align:justify; margin-bottom:11px\"><span style=\"font-size:11pt\"><span style=\"line-height:115%\"><span style=\"font-family:Calibri,sans-serif\"><b><i><span style=\"font-size:12.0pt\"><span style=\"line-height:115%\"><span style=\"font-family:&quot;Arial&quot;,sans-serif\">*Mateus Mesquita Inacio &eacute; presidente da ABINT<\/span><\/span><\/span><\/i><\/b><\/span><\/span><\/span><\/p>\r\n","texto_en":"","7":"","imagem":"COMP_capa-2025-site-comunicacao_202506171719142N1l29TBK8.jpg","8":"COMP_capa-2025-site-comunicacao_202506171719142N1l29TBK8.jpg","arquivo":"20250127-EDITORIAL-ABINT-2025_FINAL.PDF","9":"20250127-EDITORIAL-ABINT-2025_FINAL.PDF","titulo_arquivo":"20250127 Editorial ABINT 2025","10":"20250127 Editorial ABINT 2025","titulo_arquivo_en":"","11":"","created_at":"2025-06-17 17:19:24","12":"2025-06-17 17:19:24","updated_at":"2025-06-17 17:19:24","13":"2025-06-17 17:19:24"},{"id":152,"0":152,"ordem":71,"1":71,"data":"2025-01-21","2":"2025-01-21","slug":"boletim-abint-de-noticias-semanais-60","3":"boletim-abint-de-noticias-semanais-60","titulo":"Boletim ABINT de Not\u00edcias Semanais","4":"Boletim ABINT de Not\u00edcias Semanais","titulo_en":"","5":"","texto":"<p style=\"text-align:justify\"><span style=\"font-size:11pt\"><span style=\"line-height:normal\"><span style=\"font-family:Calibri,sans-serif\"><span style=\"font-size:14.0pt\">Esta &eacute; uma compila&ccedil;&atilde;o das not&iacute;cias mais relevantes para o setor, incluindo informa&ccedil;&otilde;es sobre acordos internacionais, economia brasileira, sustentabilidade e mat&eacute;rias primas, al&eacute;m de novidades do setor de N&atilde;otecidos e Tecidos T&eacute;cnicos.<\/span><\/span><\/span><\/span><\/p>\r\n\r\n<p style=\"text-align:justify\"><b><span style=\"font-size:18.0pt\"><span style=\"line-height:115%\"><span style=\"font-family:&quot;Calibri&quot;,sans-serif\"><span style=\"font-variant:small-caps\">O que vem por a&iacute;<\/span><\/span><\/span><\/span><\/b><\/p>\r\n\r\n<p><b><img src=\"https:\/\/www.abint.org.br\/assets\/img\/editor\/e-mail-mkt-site-curso-br-instal-gm-2025_20250114161447jk5qk096Gb.jpg\" \/><\/b><\/p>\r\n\r\n<p style=\"text-align:justify\"><span style=\"font-size:11pt\"><span style=\"line-height:normal\"><span style=\"font-family:Calibri,sans-serif\"><a href=\"https:\/\/www.eventbrite.com\/e\/curso-brasileiro-de-instalacao-de-geomembranas-paulo-kenji-acakura-2025-tickets-1111455586579?aff=oddtdtcreator\" style=\"color:blue; text-decoration:underline\"><span style=\"font-size:14.0pt\">Fa&ccedil;a sua inscri&ccedil;&atilde;o<\/span><\/a><\/span><\/span><\/span><\/p>\r\n\r\n<p style=\"text-align:justify\"><span style=\"font-size:28pt\"><span style=\"font-family:Cambria,serif\"><span style=\"letter-spacing:-0.5pt\"><b><span style=\"font-size:18.0pt\"><span style=\"font-family:&quot;Calibri&quot;,sans-serif\"><span style=\"font-variant:small-caps\">Not&iacute;cias das Associadas<\/span><\/span><\/span><\/b><\/span><\/span><\/span><\/p>\r\n\r\n<p style=\"text-align:justify\"><span style=\"font-size:11pt\"><span style=\"line-height:normal\"><span style=\"font-family:Calibri,sans-serif\"><a href=\"https:\/\/misturebas.com.br\/2025\/01\/13\/andritz-celebra-20anos-pomerode\/\" style=\"color:blue; text-decoration:underline\"><span style=\"font-size:14.0pt\">ANDRITZ Pomerode celebra duas d&eacute;cadas de inova&ccedil;&atilde;o e solu&ccedil;&otilde;es sustent&aacute;veis<\/span><\/a><\/span><\/span><\/span><\/p>\r\n\r\n<p style=\"text-align:justify\"><span style=\"font-size:11pt\"><span style=\"line-height:normal\"><span style=\"font-family:Calibri,sans-serif\"><a href=\"https:\/\/www.fibre2fashion.com\/news\/technical-textiles\/austria-s-andritz-van-robaeys-partner-for-high-tech-flax-processing-300156-newsdetails.htm\" style=\"color:blue; text-decoration:underline\"><span lang=\"EN-US\" style=\"font-size:14.0pt\">Austria&rsquo;s Andritz &amp; Van Robaeys partner for high-tech flax processing<\/span><\/a><\/span><\/span><\/span><\/p>\r\n\r\n<p style=\"text-align:justify\">&nbsp;<\/p>\r\n\r\n<p style=\"text-align:justify\"><span style=\"font-size:11pt\"><span style=\"line-height:normal\"><span style=\"font-family:Calibri,sans-serif\"><b><span style=\"font-size:18.0pt\"><span style=\"font-variant:small-caps\">Eventos<\/span><\/span><\/b><\/span><\/span><\/span><\/p>\r\n\r\n<p style=\"text-align:justify\">&nbsp;<\/p>\r\n\r\n<p style=\"text-align:justify\"><span style=\"font-size:11pt\"><span style=\"line-height:normal\"><span style=\"font-family:Calibri,sans-serif\"><a href=\"https:\/\/www.bcb.gov.br\/content\/focus\/focus\/R20250117.pdf\" style=\"color:blue; text-decoration:underline\"><b><span style=\"font-size:14.0pt\">ANAHP | Reforma Tribut&aacute;ria: Impactos no Setor de Sa&uacute;de<\/span><\/b><\/a><span style=\"font-size:14.0pt\">, 28 de janeiro de 2025, &agrave;s 10h00, online.<\/span><\/span><\/span><\/span><\/p>\r\n\r\n<p style=\"text-align:justify\"><span style=\"font-size:11pt\"><span style=\"line-height:normal\"><span style=\"font-family:Calibri,sans-serif\"><a href=\"https:\/\/www.sympla.com.br\/evento\/warm-up-pdac-2025\/2766313?utm_campaign=warm-up_pdac_2025_em_toronto__gb&amp;utm_medium=email&amp;utm_source=RD+Station\" style=\"color:blue; text-decoration:underline\"><b><span style=\"font-size:14.0pt\">Warm-Up PDAC 2025<\/span><\/b><\/a><b> <\/b><i><span style=\"font-size:14.0pt\">(prepara&ccedil;&atilde;o para evento de minera&ccedil;&atilde;o global)<\/span><\/i><b><span style=\"font-size:14.0pt\">, <\/span><\/b><span style=\"font-size:14.0pt\">28 de janeiro de 2025, 9h00 &agrave;s 11h00, local Azevedo Sette Advogados, Rua Para&iacute;ba, 1000, Belo Horizonte, MG<\/span><\/span><\/span><\/span><\/p>\r\n\r\n<p style=\"text-align:justify\"><span style=\"font-size:11pt\"><span style=\"line-height:normal\"><span style=\"font-family:Calibri,sans-serif\"><a href=\"https:\/\/www.abnteducacao.com.br\/Simbologia_de_cuidados_aplicada_a_Etiquetagem_de_Texteis_ABNT_NBR_NM_ISO_3758\" style=\"color:blue; text-decoration:underline\"><b><span style=\"font-size:14.0pt\">Simbologia de cuidados aplicada a Etiquetagem de T&ecirc;xteis - ABNT NBR NM ISO 3758<\/span><\/b><\/a><span style=\"font-size:14.0pt\">, 05 e 06 de fevereiro de 2025, 08h30 &agrave;s 17h30<\/span><\/span><\/span><\/span><\/p>\r\n\r\n<p style=\"text-align:justify\"><span style=\"font-size:11pt\"><span style=\"line-height:normal\"><span style=\"font-family:Calibri,sans-serif\"><a href=\"https:\/\/www.fimec.com.br\/\" style=\"color:blue; text-decoration:underline\"><b><span style=\"font-size:14.0pt\">Fimec 2025<\/span><\/b><\/a><span style=\"font-size:14.0pt\">, 18 a 20 de mar&ccedil;o, Fenac, Novo Hamburgo, RS<\/span><\/span><\/span><\/span><\/p>\r\n\r\n<p style=\"text-align:justify\"><span style=\"font-size:11pt\"><span style=\"line-height:normal\"><span style=\"font-family:Calibri,sans-serif\"><a href=\"https:\/\/www.plasticobrasil.com.br\/pt\/home.html\" style=\"color:blue; text-decoration:underline\"><b><span style=\"font-size:14.0pt\">Feira Pl&aacute;stico Brasil<\/span><\/b><\/a><span style=\"font-size:14.0pt\">, de 24 a 28 de mar&ccedil;o de 2025, das 10h &agrave;s 19h, S&atilde;o Paulo Expo, Rodovia dos Imigrantes, km 1,5<\/span><\/span><\/span><\/span><\/p>\r\n\r\n<p style=\"text-align:justify\"><span style=\"font-size:11pt\"><span style=\"line-height:normal\"><span style=\"font-family:Calibri,sans-serif\"><a href=\"https:\/\/www.automecfeira.com.br\/pt-br.html\" style=\"color:blue; text-decoration:underline\"><b><span style=\"font-size:14.0pt\">Automec 2025<\/span><\/b><\/a><span style=\"font-size:14.0pt\">, 22 a 26 de abril de 2025, S&atilde;o Paulo Expo, Rodovia dos Imigrantes, Km 1,5, &Aacute;gua Funda, S&atilde;o Paulo, SP.<\/span><\/span><\/span><\/span><\/p>\r\n\r\n<p style=\"text-align:justify\"><span style=\"font-size:11pt\"><span style=\"line-height:normal\"><span style=\"font-family:Calibri,sans-serif\"><a href=\"https:\/\/ideashow.org\/\" style=\"color:blue; text-decoration:underline\"><b><span lang=\"EN-US\" style=\"font-size:14.0pt\">IDEA25<\/span><\/b><\/a><span lang=\"EN-US\" style=\"font-size:14.0pt\">, April 29-May 1, 2025, Miami Beach Convention Center, Miami Beach, Florida<\/span><\/span><\/span><\/span><\/p>\r\n\r\n<p style=\"text-align:justify\"><span style=\"font-size:11pt\"><span style=\"line-height:normal\"><span style=\"font-family:Calibri,sans-serif\"><a href=\"https:\/\/www.conbrava.com.br\/\" style=\"color:blue; text-decoration:underline\"><b><span style=\"font-size:14.0pt\">CONBRAVA 2025<\/span><\/b><\/a><span style=\"font-size:14.0pt\">, 10 a 12 de setembro de 2025, S&atilde;o Paulo Expo, Rodovia dos Imigrantes, km 1,5<\/span><\/span><\/span><\/span><\/p>\r\n\r\n<p style=\"text-align:justify\"><span style=\"font-size:11pt\"><span style=\"line-height:normal\"><span style=\"font-family:Calibri,sans-serif\"><a href=\"https:\/\/paving.com.br\/\" style=\"color:blue; text-decoration:underline\"><b><span style=\"font-size:14.0pt\">Paving Expo 2025<\/span><\/b><\/a><span style=\"font-size:14.0pt\">, 23 a 25 de setembro de 2025, Distrito Anhembi, Rua Prof. Milton Rodrigues, s\/n, Santana, S&atilde;o Paulo, SP<\/span><\/span><\/span><\/span><\/p>\r\n\r\n<p style=\"text-align:justify\"><span style=\"font-size:11pt\"><span style=\"line-height:normal\"><span style=\"font-family:Calibri,sans-serif\"><b><span style=\"font-size:14.0pt\">17&ordm; Congresso Brasileiro de Enfermagem em Centro Cir&uacute;rgico: &ldquo;O poder de cuidar&rdquo;<\/span><\/b><span style=\"font-size:14.0pt\">, 01 a 03 de outubro de 2025, Transamerica Expo Center, S&atilde;o Paulo, SP<\/span><\/span><\/span><\/span><\/p>\r\n\r\n<p style=\"text-align:justify\"><span style=\"font-size:11pt\"><span style=\"line-height:normal\"><span style=\"font-family:Calibri,sans-serif\"><a href=\"https:\/\/hospitalmed.com.br\/feira\/\" style=\"color:blue; text-decoration:underline\"><b><span style=\"font-size:14.0pt\">HospitalMed 2025<\/span><\/b><\/a><span style=\"font-size:14.0pt\">, 22 a 24 de outubro, Pernambuco Centro de Conven&ccedil;&otilde;es, Olinda<\/span><\/span><\/span><\/span><\/p>\r\n\r\n<p style=\"text-align:justify\"><span style=\"font-size:28pt\"><span style=\"font-family:Cambria,serif\"><span style=\"letter-spacing:-0.5pt\"><b><span style=\"font-size:18.0pt\"><span style=\"font-family:&quot;Calibri&quot;,sans-serif\"><span style=\"font-variant:small-caps\">Setor<\/span><\/span><\/span><\/b><\/span><\/span><\/span><\/p>\r\n\r\n<p style=\"text-align:justify\"><span style=\"font-size:11pt\"><span style=\"line-height:normal\"><span style=\"font-family:Calibri,sans-serif\"><a href=\"https:\/\/agenciapara.com.br\/noticia\/63798\/santa-casa-amplia-acoes-sustentaveis-para-reduzir-custos-e-poluicao\" style=\"color:blue; text-decoration:underline\"><span style=\"font-size:14.0pt\">N&atilde;otecidos: Santa Casa amplia a&ccedil;&otilde;es sustent&aacute;veis para reduzir custos e polui&ccedil;&atilde;o<\/span><\/a><\/span><\/span><\/span><\/p>\r\n\r\n<p style=\"text-align:justify\"><span style=\"font-size:11pt\"><span style=\"line-height:normal\"><span style=\"font-family:Calibri,sans-serif\"><a href=\"https:\/\/www.nsctotal.com.br\/colunistas\/pedro-machado\/economia-ja-nao-e-a-maior-dor-de-cabeca-da-industria-textil-diz-abit\" style=\"color:blue; text-decoration:underline\"><span lang=\"ES-AR\" style=\"font-size:14.0pt\">Economia j&aacute; n&atilde;o &eacute; a maior dor de cabe&ccedil;a da ind&uacute;stria t&ecirc;xtil, diz Abit<\/span><\/a><\/span><\/span><\/span><\/p>\r\n\r\n<p style=\"text-align:justify\"><span style=\"font-size:11pt\"><span style=\"line-height:normal\"><span style=\"font-family:Calibri,sans-serif\"><a href=\"https:\/\/www.infomoney.com.br\/mercados\/braskem-brkm5-vai-investir-r-614-milhoes-em-ampliacao-de-capacidade\/\" style=\"color:blue; text-decoration:underline\"><span style=\"font-size:14.0pt\">Braskem (BRKM5) vai investir R$ 614 milh&otilde;es em amplia&ccedil;&atilde;o de capacidade<\/span><\/a><\/span><\/span><\/span><\/p>\r\n\r\n<p style=\"text-align:justify\"><span style=\"font-size:11pt\"><span style=\"line-height:normal\"><span style=\"font-family:Calibri,sans-serif\"><a href=\"https:\/\/plasticosemrevista.com.br\/resinas-excedente-global-nao-freiam-investimentos\/\" style=\"color:blue; text-decoration:underline\"><span style=\"font-size:14.0pt\">Resinas: excedente global n&atilde;o freia investimentos<\/span><\/a><\/span><\/span><\/span><\/p>\r\n\r\n<p style=\"text-align:justify\"><span style=\"font-size:11pt\"><span style=\"line-height:normal\"><span style=\"font-family:Calibri,sans-serif\"><a href=\"http:\/\/clickemail.portalpersonalcare.com.br\/ls\/click?upn=u001.D2-2F0Tg0A29KXXLMT6ctG-2BYOihdDbc-2ByFrUFb3ZXMT9Q1ytDIuQfG5Bk-2BPCU-2FKoGmL4rcUJE4qOH7-2FV1xDGy3HyoEfxm4C-2BuBNksEbgBH3jtGJC0nC2tmeES1RdM1jT6RNHBLI0BV7qQJd3vsmZmvLA-2B6CByHJicA3InlQNtHxD48Lyt5mNVpEh-2BcmCnVcGhh9jgGrqif-2BgWeuPuv7bLbCKanu0xXmPDcv-2F2YrvhJuhyOI8QPOtTAKlHm2tf4AMmfW-2F59xUqbbtJ6Oh07JwhT2AkrzVVOtY8ERYYs-2FIlgBWg-3DHYPM_T7N8BvZTOm04CQQMiyWztrpCjlUrRc4F7QzSgUIpTqDyHxxxhGpyWLohz7JoE2GE5NHlS-2BYZoX1R75Fh8KCze9GvCCb-2FinuNgc39g0Cdbe-2FcU8RlSBQhp5om11AQZQ-2FDfkx6s2QR0IMOtOPJCkWF8n5Cx5oygpdnVW-2BaQ9m6yzHT2LZwChtZeA-2FP1Nvx0G8hBtDIpdXRV9CoAnETOILdOvwEm4bjj5X262jgj5wEYKPLQGtwJ2CijO7UIB5jyEhR561LF-2FsklSjQOU3FGQjK7msLNhDmqsuz8c3NRKlnTnlEtfK-2BFrpdLJeEsK-2FjRZabSPjuzQzFhviWuRX0lpOIRlyI-2BrWeGc1L4oqkVeXYoS3O-2BTSpF4SPH9xJrUH3kJcWBfNahSAHr-2FRHVe23AVNrbSDlA2TQeSvVFLU-2FYVOLc5pRJNfA13CCq-2Bp7Tk4BWMnRK-2FSgSfIaj2e-2Bnfah6wVm8L-2FySXgsoGri1erwxC16m0ZK5GbyINmzSWqQI59UfYgLqyFlEuz3JXaFV-2FK3LBPx-2FLrQgIlHIshQkMbAQtxCxFE5IhN5ADVSBiIKIry3OA-2B0GL1u8NZkzEFwBtwcjNCo2Lur80o8NdvcY1L1srdwnW8H04Lgfd5YGGLDgS4S-2B-2Fyn-2Bq4J77sGWM8zj9W0yiPmwQ-3D-3D\" style=\"color:blue; text-decoration:underline\" target=\"_blank\"><span style=\"font-size:14.0pt\">Relembre os principais lan&ccedil;amentos e investimentos do setor de personal care no Brasil em 2024<\/span><\/a><\/span><\/span><\/span><\/p>\r\n\r\n<p style=\"text-align:justify\"><span style=\"font-size:11pt\"><span style=\"line-height:normal\"><span style=\"font-family:Calibri,sans-serif\"><a href=\"http:\/\/clickemail.portalpersonalcare.com.br\/ls\/click?upn=u001.D2-2F0Tg0A29KXXLMT6ctG-2BYOihdDbc-2ByFrUFb3ZXMT9QXe1vNDl7r8cv-2FWjvRhzsY5DvQzld-2BUL-2B-2Bvsqcu8CBfXZs3AA6aonxrQjFMYEnCSQGD716KTuwy9ZH76HorjZzVE5XWGADJJZE8Z5ODj6yX61j8nSyCt-2B0Aphm-2BQY7VOCSUXxIlj9z9CamY-2BQdRsIZEh7Crxj8GyqsWueGtq5Ur9Ra-2FYeZ0rno2kYHC3k-2FjNJd-2F7RU8ESd81tFKA-2FnRKUKbmWSNreVptSIuqtAP5VUGA-3D-3DUICm_T7N8BvZTOm04CQQMiyWztrpCjlUrRc4F7QzSgUIpTqDyHxxxhGpyWLohz7JoE2GE5NHlS-2BYZoX1R75Fh8KCze9GvCCb-2FinuNgc39g0Cdbe-2FcU8RlSBQhp5om11AQZQ-2FDfkx6s2QR0IMOtOPJCkWF8n5Cx5oygpdnVW-2BaQ9m6yzHT2LZwChtZeA-2FP1Nvx0G8hBtDIpdXRV9CoAnETOILdOvwEm4bjj5X262jgj5wEYKPLQGtwJ2CijO7UIB5jyEhR561LF-2FsklSjQOU3FGQjK7msLNhDmqsuz8c3NRKlnTnlEtfK-2BFrpdLJeEsK-2FjRZabSPjuzQzFhviWuRX0lpOIRlyI-2BrWeGc1L4oqkVeXYoS3O-2BTSpF4SPH9xJrUH3kJcWBfNahSAHr-2FRHVe23AVNrbSDlA2TQeSvVFLU-2FYVOLc5pRJNfA13CCq-2Bp7Tk4BWMnRK-2FSgSfIaj2e-2Bnfah6wVm8L-2FySXgsoGri1erwxC16m0ZK5GbyINmzSWqQI59UfYgLw-2B6c7IGodTMkcBxBAtctrrc6kAhmpKaU8wCoKDHwDl9x9MIwUVPDkvWa9YwRVYymOByUlIUgX4sOpaVzBujXrA-2BVD9IgHIE5Z4Rs2kLJjtgys5UfLquHF-2FhukC0-2B8tw8KHAT0jg2u-2FDyNQBYhHWegQ-3D-3D\" style=\"color:blue; text-decoration:underline\"><span style=\"font-size:14.0pt\">Envelhecimento populacional e a expans&atilde;o do mercado de produtos geri&aacute;tricos no Brasil<\/span><\/a><\/span><\/span><\/span><\/p>\r\n\r\n<p style=\"text-align:justify\"><span style=\"font-size:11pt\"><span style=\"line-height:normal\"><span style=\"font-family:Calibri,sans-serif\"><a href=\"https:\/\/www.moveisdevalor.com.br\/portal\/veja-a-10-edicao-do-anuario-de-colchoes-brasil?source=news\" style=\"color:blue; text-decoration:underline\"><span style=\"font-size:14.0pt\">Veja a 10&ordf; edi&ccedil;&atilde;o do Anu&aacute;rio de Colch&otilde;es Brasil<\/span><\/a><\/span><\/span><\/span><\/p>\r\n\r\n<p style=\"text-align:justify\"><span style=\"font-size:11pt\"><span style=\"line-height:normal\"><span style=\"font-family:Calibri,sans-serif\"><a href=\"https:\/\/tecnologiademateriais.com.br\/portaltm\/crescimento-do-setor-moveleiro-impulsiona-economia-no-nordeste\/\" style=\"color:blue; text-decoration:underline\"><span lang=\"ES-AR\" style=\"font-size:14.0pt\">Crescimento do setor moveleiro impulsiona economia no Nordeste<\/span><\/a><\/span><\/span><\/span><\/p>\r\n\r\n<p style=\"text-align:justify\"><span style=\"font-size:28pt\"><span style=\"font-family:Cambria,serif\"><span style=\"letter-spacing:-0.5pt\"><b><span style=\"font-size:18.0pt\"><span style=\"font-family:&quot;Calibri&quot;,sans-serif\"><span style=\"font-variant:small-caps\">Ind&uacute;stria<\/span><\/span><\/span><\/b><\/span><\/span><\/span><\/p>\r\n\r\n<p style=\"text-align:justify\"><span style=\"font-size:11pt\"><span style=\"line-height:normal\"><span style=\"font-family:Calibri,sans-serif\"><span style=\"font-size:14.0pt\"><a href=\"https:\/\/noticias.portaldaindustria.com.br\/noticias\/economia\/empresarios-industriais-voltam-a-ficar-pessimistas-pela-primeira-vez-em-20-meses-segundo-a-cni\/\" style=\"color:blue; text-decoration:underline\">Empres&aacute;rios industriais voltam a ficar pessimistas pela primeira vez em 20 meses, segundo a CNI<\/a><\/span><\/span><\/span><\/span><\/p>\r\n\r\n<p style=\"text-align:justify\"><span style=\"font-size:11pt\"><span style=\"line-height:normal\"><span style=\"font-family:Calibri,sans-serif\"><a href=\"https:\/\/mercadoeconsumo.com.br\/20\/01\/2025\/artigos\/incertezas-sao-a-unica-certeza\/?utm_campaign=news_geral_-_2001&amp;utm_medium=email&amp;utm_source=RD+Station\" style=\"color:blue; text-decoration:underline\"><span style=\"font-size:14.0pt\">Incertezas s&atilde;o a &uacute;nica certeza<\/span><\/a><\/span><\/span><\/span><\/p>\r\n\r\n<p style=\"text-align:justify\"><span style=\"font-size:11pt\"><span style=\"line-height:normal\"><span style=\"font-family:Calibri,sans-serif\"><a href=\"https:\/\/www.cnnbrasil.com.br\/economia\/macroeconomia\/faturamento-real-industrial-e-massa-salarial-sobem-em-novembro-mostra-cni\/\" style=\"color:blue; text-decoration:underline\"><span style=\"font-size:14.0pt\">Faturamento real industrial e massa salarial sobem em novembro, mostra CNI<\/span><\/a><\/span><\/span><\/span><\/p>\r\n\r\n<p style=\"text-align:justify\"><span style=\"font-size:11pt\"><span style=\"line-height:normal\"><span style=\"font-family:Calibri,sans-serif\"><a href=\"https:\/\/revistamt.com.br\/Noticias\/Exibir\/feiras-do-agronegocio-movimentam-o-setor-em-2025\" style=\"color:blue; text-decoration:underline\"><span style=\"font-size:14.0pt\">Feiras do agroneg&oacute;cio movimentam o setor em 2025<\/span><\/a><\/span><\/span><\/span><\/p>\r\n\r\n<p style=\"text-align:justify\"><span style=\"font-size:11pt\"><span style=\"line-height:normal\"><span style=\"font-family:Calibri,sans-serif\"><a href=\"https:\/\/www.jota.info\/artigos\/saneamento-em-2024-e-2025-muitos-avancos-desafios-mais-ainda?utm_campaign=base_toda_newsletter_kartado_jan2025&amp;utm_medium=email&amp;utm_source=RD+Station\" style=\"color:blue; text-decoration:underline\"><span style=\"font-size:14.0pt\">Saneamento em 2024 e 2025: muitos avan&ccedil;os, desafios mais ainda<\/span><\/a><\/span><\/span><\/span><\/p>\r\n\r\n<p style=\"text-align:justify\"><span style=\"font-size:11pt\"><span style=\"line-height:normal\"><span style=\"font-family:Calibri,sans-serif\"><a href=\"https:\/\/www.fibre2fashion.com\/news\/textile-news\/global-manufacturing-sector-back-into-contraction-in-dec-pmi-data-299999-newsdetails.htm\" style=\"color:blue; text-decoration:underline\"><span lang=\"EN-US\" style=\"font-size:14.0pt\">Global manufacturing sector back into contraction in Dec<\/span><\/a><\/span><\/span><\/span><\/p>\r\n\r\n<p style=\"text-align:justify\"><span style=\"font-size:11pt\"><span style=\"line-height:normal\"><span style=\"font-family:Calibri,sans-serif\"><a href=\"https:\/\/agenciagov.ebc.com.br\/noticias\/202501\/industria-quimica-anuncia-r-759-3-mi-em-investimentos-fruto-do-reiq-programa-de-incentivo-do-governo-federal\" style=\"color:blue; text-decoration:underline\"><span style=\"font-size:14.0pt\">Ind&uacute;stria qu&iacute;mica anuncia R$ 759,3 mi em investimentos, fruto do REIQ, programa de incentivo do governo federal<\/span><\/a><\/span><\/span><\/span><\/p>\r\n\r\n<p style=\"text-align:justify\"><span style=\"font-size:28pt\"><span style=\"font-family:Cambria,serif\"><span style=\"letter-spacing:-0.5pt\"><b><span style=\"font-size:18.0pt\"><span style=\"font-family:&quot;Calibri&quot;,sans-serif\"><span style=\"font-variant:small-caps\">Sustentabilidade<\/span><\/span><\/span><\/b><\/span><\/span><\/span><\/p>\r\n\r\n<p style=\"text-align:justify\"><span style=\"font-size:11pt\"><span style=\"line-height:normal\"><span style=\"font-family:Calibri,sans-serif\"><a href=\"https:\/\/olhardigital.com.br\/2025\/01\/17\/ciencia-e-espaco\/como-concreto-e-plastico-podem-reduzir-emissoes-de-co2\/\" style=\"color:blue; text-decoration:underline\"><span style=\"font-size:14.0pt\">Como concreto e pl&aacute;stico podem reduzir emiss&otilde;es de CO2<\/span><\/a><\/span><\/span><\/span><\/p>\r\n\r\n<p style=\"text-align:justify\"><span style=\"font-size:11pt\"><span style=\"line-height:normal\"><span style=\"font-family:Calibri,sans-serif\"><a href=\"https:\/\/ciclovivo.com.br\/planeta\/meio-ambiente\/saquinhos-de-cha-liberam-milhoes-de-microplasticos\/\" style=\"color:blue; text-decoration:underline\"><span style=\"font-size:14.0pt\">Saquinhos de ch&aacute; liberam milh&otilde;es de micropl&aacute;sticos<\/span><\/a><\/span><\/span><\/span><\/p>\r\n\r\n<p style=\"text-align:justify\"><span style=\"font-size:11pt\"><span style=\"line-height:normal\"><span style=\"font-family:Calibri,sans-serif\"><a href=\"https:\/\/www.abrema.org.br\/panorama\/\" style=\"color:blue; text-decoration:underline\"><span style=\"font-size:14.0pt\">Panorama de Res&iacute;duos S&oacute;lidos no Brasil 2024 &eacute; divulgado pela ABREMA e registra melhoria nas taxas de reciclagem<\/span><\/a><\/span><\/span><\/span><\/p>\r\n\r\n<p style=\"text-align:justify\"><span style=\"font-size:28pt\"><span style=\"font-family:Cambria,serif\"><span style=\"letter-spacing:-0.5pt\"><b><span style=\"font-size:18.0pt\"><span style=\"font-family:&quot;Calibri&quot;,sans-serif\"><span style=\"font-variant:small-caps\">Inova&ccedil;&atilde;o<\/span><\/span><\/span><\/b><\/span><\/span><\/span><\/p>\r\n\r\n<p style=\"text-align:justify\"><span style=\"font-size:11pt\"><span style=\"line-height:normal\"><span style=\"font-family:Calibri,sans-serif\"><a href=\"https:\/\/www.inovacaotecnologica.com.br\/noticias\/noticia.php?artigo=material-ultraforte-feito-moleculas-travadas-mecanicamente&amp;id=010160250120&amp;ebol=sim\" style=\"color:blue; text-decoration:underline\"><span style=\"font-size:14.0pt\">Material ultraforte &eacute; feito com mol&eacute;culas travadas mecanicamente<\/span><\/a><\/span><\/span><\/span><\/p>\r\n\r\n<p style=\"text-align:justify\"><span style=\"font-size:11pt\"><span style=\"line-height:normal\"><span style=\"font-family:Calibri,sans-serif\"><a href=\"https:\/\/www.nonwovens-industry.com\/contents\/view_breaking-news\/2025-01-14\/huggies-partners-with-terracycle-in-recycling-effort\/15303\" style=\"color:blue; text-decoration:underline\"><span lang=\"ES-AR\" style=\"font-size:14.0pt\">Huggies Partners with TerraCycle in Recycling Effort<\/span><\/a><\/span><\/span><\/span><\/p>\r\n\r\n<p style=\"text-align:justify\"><span style=\"font-size:28pt\"><span style=\"font-family:Cambria,serif\"><span style=\"letter-spacing:-0.5pt\"><b><span style=\"font-size:18.0pt\"><span style=\"font-family:&quot;Calibri&quot;,sans-serif\"><span style=\"font-variant:small-caps\">Com&eacute;rcio Exterior<\/span><\/span><\/span><\/b><\/span><\/span><\/span><\/p>\r\n\r\n<p style=\"text-align:justify\"><span style=\"font-size:11pt\"><span style=\"line-height:normal\"><span style=\"font-family:Calibri,sans-serif\"><a href=\"https:\/\/anba.com.br\/brasil-exporta-menos-calcados-aos-arabes-em-2024\/\" style=\"color:blue; text-decoration:underline\"><span lang=\"ES-AR\" style=\"font-size:14.0pt\">Brasil exporta menos cal&ccedil;ados aos &aacute;rabes em 2024<\/span><\/a><\/span><\/span><\/span><\/p>\r\n\r\n<p style=\"text-align:justify\"><span style=\"font-size:11pt\"><span style=\"line-height:normal\"><span style=\"font-family:Calibri,sans-serif\"><span class=\"MsoHyperlink\" style=\"color:blue\"><span style=\"text-decoration:underline\"><span style=\"font-size:14.0pt\"><a href=\"https:\/\/g1.globo.com\/jornal-nacional\/noticia\/2025\/01\/13\/china-anuncia-o-maior-superavit-de-uma-balanca-comercial-que-o-mundo-ja-viu-quase-us-1-trilhao.ghtml\" style=\"color:blue; text-decoration:underline\">China anuncia o maior super&aacute;vit de uma balan&ccedil;a comercial que o mundo j&aacute; viu: quase US$ 1 trilh&atilde;o<\/a><\/span><\/span><\/span><\/span><\/span><\/span><\/p>\r\n\r\n<p style=\"text-align:justify\"><span style=\"font-size:28pt\"><span style=\"font-family:Cambria,serif\"><span style=\"letter-spacing:-0.5pt\"><b><span style=\"font-size:18.0pt\"><span style=\"font-family:&quot;Calibri&quot;,sans-serif\"><span style=\"font-variant:small-caps\">Economia<\/span><\/span><\/span><\/b><\/span><\/span><\/span><\/p>\r\n\r\n<p style=\"text-align:justify\"><span style=\"font-size:11pt\"><span style=\"line-height:normal\"><span style=\"font-family:Calibri,sans-serif\"><a href=\"https:\/\/www.bcb.gov.br\/content\/focus\/focus\/R20250117.pdf\" style=\"color:blue; text-decoration:underline\"><span style=\"font-size:14.0pt\">Focus - Relat&oacute;rio de Mercado<\/span><\/a><\/span><\/span><\/span><\/p>\r\n\r\n<p style=\"text-align:justify\"><span style=\"font-size:11pt\"><span style=\"line-height:normal\"><span style=\"font-family:Calibri,sans-serif\"><a href=\"https:\/\/portalibre.fgv.br\/sites\/default\/files\/2025-01\/01ce2025cartadoibre.pdf\" style=\"color:blue; text-decoration:underline\"><span style=\"font-size:14.0pt\">Tanto pela sustentabilidade fiscal quanto por raz&otilde;es c&iacute;clicas, chegou o momento da consolida&ccedil;&atilde;o no Brasil<\/span><\/a><\/span><\/span><\/span><\/p>\r\n\r\n<p style=\"text-align:justify\"><span style=\"font-size:11pt\"><span style=\"line-height:normal\"><span style=\"font-family:Calibri,sans-serif\"><a href=\"https:\/\/portalibre.fgv.br\/system\/files\/divulgacao\/noticias\/mat-complementar\/2025-01\/Monitor%20do%20PIB-FGV%20-%20Janeiro%20de%202025%20-%20Ref.%20de%20novembro.pdf\" style=\"color:blue; text-decoration:underline\"><span style=\"font-size:14.0pt\">Monitor do PIB-FGV aponta crescimento de 0,6% na atividade econ&ocirc;mica em novembro em compara&ccedil;&atilde;o a outubro<\/span><\/a><\/span><\/span><\/span><\/p>\r\n\r\n<p style=\"text-align:justify\"><span style=\"font-size:11pt\"><span style=\"line-height:normal\"><span style=\"font-family:Calibri,sans-serif\"><a href=\"https:\/\/ibre.fgv.br\/blog-da-conjuntura-economica\/artigos\/em-2025-tendencia-e-de-uma-inflacao-mais-disseminada-afirma\" style=\"color:blue; text-decoration:underline\"><span style=\"font-size:14.0pt\">Em 2025, a tend&ecirc;ncia &eacute; de uma infla&ccedil;&atilde;o mais disseminada, afirma Andr&eacute; Braz<\/span><\/a><\/span><\/span><\/span><\/p>\r\n\r\n<p style=\"text-align:justify\"><span style=\"font-size:11pt\"><span style=\"line-height:normal\"><span style=\"font-family:Calibri,sans-serif\"><a href=\"https:\/\/agenciabrasil.ebc.com.br\/economia\/noticia\/2025-01\/lula-sanciona-regulamentacao-da-reforma-tributaria-sobre-consumo\" style=\"color:blue; text-decoration:underline\"><span style=\"font-size:14.0pt\">Lula sanciona regulamenta&ccedil;&atilde;o da reforma tribut&aacute;ria sobre consumo<\/span><\/a><\/span><\/span><\/span><\/p>\r\n\r\n<p style=\"text-align:justify\"><span style=\"font-size:11pt\"><span style=\"line-height:normal\"><span style=\"font-family:Calibri,sans-serif\"><a href=\"https:\/\/www.conjur.com.br\/2025-jan-07\/fim-do-icms-nas-transferencias-abre-oportunidades-as-empresas\/\" style=\"color:blue; text-decoration:underline\"><span style=\"font-size:14.0pt\">Fim do ICMS nas transfer&ecirc;ncias abre oportunidades &agrave;s empresas<\/span><\/a><\/span><\/span><\/span><\/p>\r\n\r\n<p style=\"text-align:justify\">&nbsp;<\/p>\r\n\r\n<p style=\"text-align:justify\"><a href=\"https:\/\/agenciadenoticias.bndes.gov.br\/blogdodesenvolvimento\/detalhe\/Alta-no-PIB-do-3T-2024-evidencia-resiliencia-da-atividade-economica-em-2024\/\"><img src=\"https:\/\/www.abint.org.br\/assets\/img\/editor\/redes-sociais-abint-ctg-cth_202501141617211RP9wpX0tU.jpg\" \/><\/a><\/p>\r\n","6":"<p style=\"text-align:justify\"><span style=\"font-size:11pt\"><span style=\"line-height:normal\"><span style=\"font-family:Calibri,sans-serif\"><span style=\"font-size:14.0pt\">Esta &eacute; uma compila&ccedil;&atilde;o das not&iacute;cias mais relevantes para o setor, incluindo informa&ccedil;&otilde;es sobre acordos internacionais, economia brasileira, sustentabilidade e mat&eacute;rias primas, al&eacute;m de novidades do setor de N&atilde;otecidos e Tecidos T&eacute;cnicos.<\/span><\/span><\/span><\/span><\/p>\r\n\r\n<p style=\"text-align:justify\"><b><span style=\"font-size:18.0pt\"><span style=\"line-height:115%\"><span style=\"font-family:&quot;Calibri&quot;,sans-serif\"><span style=\"font-variant:small-caps\">O que vem por a&iacute;<\/span><\/span><\/span><\/span><\/b><\/p>\r\n\r\n<p><b><img src=\"https:\/\/www.abint.org.br\/assets\/img\/editor\/e-mail-mkt-site-curso-br-instal-gm-2025_20250114161447jk5qk096Gb.jpg\" \/><\/b><\/p>\r\n\r\n<p style=\"text-align:justify\"><span style=\"font-size:11pt\"><span style=\"line-height:normal\"><span style=\"font-family:Calibri,sans-serif\"><a href=\"https:\/\/www.eventbrite.com\/e\/curso-brasileiro-de-instalacao-de-geomembranas-paulo-kenji-acakura-2025-tickets-1111455586579?aff=oddtdtcreator\" style=\"color:blue; text-decoration:underline\"><span style=\"font-size:14.0pt\">Fa&ccedil;a sua inscri&ccedil;&atilde;o<\/span><\/a><\/span><\/span><\/span><\/p>\r\n\r\n<p style=\"text-align:justify\"><span style=\"font-size:28pt\"><span style=\"font-family:Cambria,serif\"><span style=\"letter-spacing:-0.5pt\"><b><span style=\"font-size:18.0pt\"><span style=\"font-family:&quot;Calibri&quot;,sans-serif\"><span style=\"font-variant:small-caps\">Not&iacute;cias das Associadas<\/span><\/span><\/span><\/b><\/span><\/span><\/span><\/p>\r\n\r\n<p style=\"text-align:justify\"><span style=\"font-size:11pt\"><span style=\"line-height:normal\"><span style=\"font-family:Calibri,sans-serif\"><a href=\"https:\/\/misturebas.com.br\/2025\/01\/13\/andritz-celebra-20anos-pomerode\/\" style=\"color:blue; text-decoration:underline\"><span style=\"font-size:14.0pt\">ANDRITZ Pomerode celebra duas d&eacute;cadas de inova&ccedil;&atilde;o e solu&ccedil;&otilde;es sustent&aacute;veis<\/span><\/a><\/span><\/span><\/span><\/p>\r\n\r\n<p style=\"text-align:justify\"><span style=\"font-size:11pt\"><span style=\"line-height:normal\"><span style=\"font-family:Calibri,sans-serif\"><a href=\"https:\/\/www.fibre2fashion.com\/news\/technical-textiles\/austria-s-andritz-van-robaeys-partner-for-high-tech-flax-processing-300156-newsdetails.htm\" style=\"color:blue; text-decoration:underline\"><span lang=\"EN-US\" style=\"font-size:14.0pt\">Austria&rsquo;s Andritz &amp; Van Robaeys partner for high-tech flax processing<\/span><\/a><\/span><\/span><\/span><\/p>\r\n\r\n<p style=\"text-align:justify\">&nbsp;<\/p>\r\n\r\n<p style=\"text-align:justify\"><span style=\"font-size:11pt\"><span style=\"line-height:normal\"><span style=\"font-family:Calibri,sans-serif\"><b><span style=\"font-size:18.0pt\"><span style=\"font-variant:small-caps\">Eventos<\/span><\/span><\/b><\/span><\/span><\/span><\/p>\r\n\r\n<p style=\"text-align:justify\">&nbsp;<\/p>\r\n\r\n<p style=\"text-align:justify\"><span style=\"font-size:11pt\"><span style=\"line-height:normal\"><span style=\"font-family:Calibri,sans-serif\"><a href=\"https:\/\/www.bcb.gov.br\/content\/focus\/focus\/R20250117.pdf\" style=\"color:blue; text-decoration:underline\"><b><span style=\"font-size:14.0pt\">ANAHP | Reforma Tribut&aacute;ria: Impactos no Setor de Sa&uacute;de<\/span><\/b><\/a><span style=\"font-size:14.0pt\">, 28 de janeiro de 2025, &agrave;s 10h00, online.<\/span><\/span><\/span><\/span><\/p>\r\n\r\n<p style=\"text-align:justify\"><span style=\"font-size:11pt\"><span style=\"line-height:normal\"><span style=\"font-family:Calibri,sans-serif\"><a href=\"https:\/\/www.sympla.com.br\/evento\/warm-up-pdac-2025\/2766313?utm_campaign=warm-up_pdac_2025_em_toronto__gb&amp;utm_medium=email&amp;utm_source=RD+Station\" style=\"color:blue; text-decoration:underline\"><b><span style=\"font-size:14.0pt\">Warm-Up PDAC 2025<\/span><\/b><\/a><b> <\/b><i><span style=\"font-size:14.0pt\">(prepara&ccedil;&atilde;o para evento de minera&ccedil;&atilde;o global)<\/span><\/i><b><span style=\"font-size:14.0pt\">, <\/span><\/b><span style=\"font-size:14.0pt\">28 de janeiro de 2025, 9h00 &agrave;s 11h00, local Azevedo Sette Advogados, Rua Para&iacute;ba, 1000, Belo Horizonte, MG<\/span><\/span><\/span><\/span><\/p>\r\n\r\n<p style=\"text-align:justify\"><span style=\"font-size:11pt\"><span style=\"line-height:normal\"><span style=\"font-family:Calibri,sans-serif\"><a href=\"https:\/\/www.abnteducacao.com.br\/Simbologia_de_cuidados_aplicada_a_Etiquetagem_de_Texteis_ABNT_NBR_NM_ISO_3758\" style=\"color:blue; text-decoration:underline\"><b><span style=\"font-size:14.0pt\">Simbologia de cuidados aplicada a Etiquetagem de T&ecirc;xteis - ABNT NBR NM ISO 3758<\/span><\/b><\/a><span style=\"font-size:14.0pt\">, 05 e 06 de fevereiro de 2025, 08h30 &agrave;s 17h30<\/span><\/span><\/span><\/span><\/p>\r\n\r\n<p style=\"text-align:justify\"><span style=\"font-size:11pt\"><span style=\"line-height:normal\"><span style=\"font-family:Calibri,sans-serif\"><a href=\"https:\/\/www.fimec.com.br\/\" style=\"color:blue; text-decoration:underline\"><b><span style=\"font-size:14.0pt\">Fimec 2025<\/span><\/b><\/a><span style=\"font-size:14.0pt\">, 18 a 20 de mar&ccedil;o, Fenac, Novo Hamburgo, RS<\/span><\/span><\/span><\/span><\/p>\r\n\r\n<p style=\"text-align:justify\"><span style=\"font-size:11pt\"><span style=\"line-height:normal\"><span style=\"font-family:Calibri,sans-serif\"><a href=\"https:\/\/www.plasticobrasil.com.br\/pt\/home.html\" style=\"color:blue; text-decoration:underline\"><b><span style=\"font-size:14.0pt\">Feira Pl&aacute;stico Brasil<\/span><\/b><\/a><span style=\"font-size:14.0pt\">, de 24 a 28 de mar&ccedil;o de 2025, das 10h &agrave;s 19h, S&atilde;o Paulo Expo, Rodovia dos Imigrantes, km 1,5<\/span><\/span><\/span><\/span><\/p>\r\n\r\n<p style=\"text-align:justify\"><span style=\"font-size:11pt\"><span style=\"line-height:normal\"><span style=\"font-family:Calibri,sans-serif\"><a href=\"https:\/\/www.automecfeira.com.br\/pt-br.html\" style=\"color:blue; text-decoration:underline\"><b><span style=\"font-size:14.0pt\">Automec 2025<\/span><\/b><\/a><span style=\"font-size:14.0pt\">, 22 a 26 de abril de 2025, S&atilde;o Paulo Expo, Rodovia dos Imigrantes, Km 1,5, &Aacute;gua Funda, S&atilde;o Paulo, SP.<\/span><\/span><\/span><\/span><\/p>\r\n\r\n<p style=\"text-align:justify\"><span style=\"font-size:11pt\"><span style=\"line-height:normal\"><span style=\"font-family:Calibri,sans-serif\"><a href=\"https:\/\/ideashow.org\/\" style=\"color:blue; text-decoration:underline\"><b><span lang=\"EN-US\" style=\"font-size:14.0pt\">IDEA25<\/span><\/b><\/a><span lang=\"EN-US\" style=\"font-size:14.0pt\">, April 29-May 1, 2025, Miami Beach Convention Center, Miami Beach, Florida<\/span><\/span><\/span><\/span><\/p>\r\n\r\n<p style=\"text-align:justify\"><span style=\"font-size:11pt\"><span style=\"line-height:normal\"><span style=\"font-family:Calibri,sans-serif\"><a href=\"https:\/\/www.conbrava.com.br\/\" style=\"color:blue; text-decoration:underline\"><b><span style=\"font-size:14.0pt\">CONBRAVA 2025<\/span><\/b><\/a><span style=\"font-size:14.0pt\">, 10 a 12 de setembro de 2025, S&atilde;o Paulo Expo, Rodovia dos Imigrantes, km 1,5<\/span><\/span><\/span><\/span><\/p>\r\n\r\n<p style=\"text-align:justify\"><span style=\"font-size:11pt\"><span style=\"line-height:normal\"><span style=\"font-family:Calibri,sans-serif\"><a href=\"https:\/\/paving.com.br\/\" style=\"color:blue; text-decoration:underline\"><b><span style=\"font-size:14.0pt\">Paving Expo 2025<\/span><\/b><\/a><span style=\"font-size:14.0pt\">, 23 a 25 de setembro de 2025, Distrito Anhembi, Rua Prof. Milton Rodrigues, s\/n, Santana, S&atilde;o Paulo, SP<\/span><\/span><\/span><\/span><\/p>\r\n\r\n<p style=\"text-align:justify\"><span style=\"font-size:11pt\"><span style=\"line-height:normal\"><span style=\"font-family:Calibri,sans-serif\"><b><span style=\"font-size:14.0pt\">17&ordm; Congresso Brasileiro de Enfermagem em Centro Cir&uacute;rgico: &ldquo;O poder de cuidar&rdquo;<\/span><\/b><span style=\"font-size:14.0pt\">, 01 a 03 de outubro de 2025, Transamerica Expo Center, S&atilde;o Paulo, SP<\/span><\/span><\/span><\/span><\/p>\r\n\r\n<p style=\"text-align:justify\"><span style=\"font-size:11pt\"><span style=\"line-height:normal\"><span style=\"font-family:Calibri,sans-serif\"><a href=\"https:\/\/hospitalmed.com.br\/feira\/\" style=\"color:blue; text-decoration:underline\"><b><span style=\"font-size:14.0pt\">HospitalMed 2025<\/span><\/b><\/a><span style=\"font-size:14.0pt\">, 22 a 24 de outubro, Pernambuco Centro de Conven&ccedil;&otilde;es, Olinda<\/span><\/span><\/span><\/span><\/p>\r\n\r\n<p style=\"text-align:justify\"><span style=\"font-size:28pt\"><span style=\"font-family:Cambria,serif\"><span style=\"letter-spacing:-0.5pt\"><b><span style=\"font-size:18.0pt\"><span style=\"font-family:&quot;Calibri&quot;,sans-serif\"><span style=\"font-variant:small-caps\">Setor<\/span><\/span><\/span><\/b><\/span><\/span><\/span><\/p>\r\n\r\n<p style=\"text-align:justify\"><span style=\"font-size:11pt\"><span style=\"line-height:normal\"><span style=\"font-family:Calibri,sans-serif\"><a href=\"https:\/\/agenciapara.com.br\/noticia\/63798\/santa-casa-amplia-acoes-sustentaveis-para-reduzir-custos-e-poluicao\" style=\"color:blue; text-decoration:underline\"><span style=\"font-size:14.0pt\">N&atilde;otecidos: Santa Casa amplia a&ccedil;&otilde;es sustent&aacute;veis para reduzir custos e polui&ccedil;&atilde;o<\/span><\/a><\/span><\/span><\/span><\/p>\r\n\r\n<p style=\"text-align:justify\"><span style=\"font-size:11pt\"><span style=\"line-height:normal\"><span style=\"font-family:Calibri,sans-serif\"><a href=\"https:\/\/www.nsctotal.com.br\/colunistas\/pedro-machado\/economia-ja-nao-e-a-maior-dor-de-cabeca-da-industria-textil-diz-abit\" style=\"color:blue; text-decoration:underline\"><span lang=\"ES-AR\" style=\"font-size:14.0pt\">Economia j&aacute; n&atilde;o &eacute; a maior dor de cabe&ccedil;a da ind&uacute;stria t&ecirc;xtil, diz Abit<\/span><\/a><\/span><\/span><\/span><\/p>\r\n\r\n<p style=\"text-align:justify\"><span style=\"font-size:11pt\"><span style=\"line-height:normal\"><span style=\"font-family:Calibri,sans-serif\"><a href=\"https:\/\/www.infomoney.com.br\/mercados\/braskem-brkm5-vai-investir-r-614-milhoes-em-ampliacao-de-capacidade\/\" style=\"color:blue; text-decoration:underline\"><span style=\"font-size:14.0pt\">Braskem (BRKM5) vai investir R$ 614 milh&otilde;es em amplia&ccedil;&atilde;o de capacidade<\/span><\/a><\/span><\/span><\/span><\/p>\r\n\r\n<p style=\"text-align:justify\"><span style=\"font-size:11pt\"><span style=\"line-height:normal\"><span style=\"font-family:Calibri,sans-serif\"><a href=\"https:\/\/plasticosemrevista.com.br\/resinas-excedente-global-nao-freiam-investimentos\/\" style=\"color:blue; text-decoration:underline\"><span style=\"font-size:14.0pt\">Resinas: excedente global n&atilde;o freia investimentos<\/span><\/a><\/span><\/span><\/span><\/p>\r\n\r\n<p style=\"text-align:justify\"><span style=\"font-size:11pt\"><span style=\"line-height:normal\"><span style=\"font-family:Calibri,sans-serif\"><a href=\"http:\/\/clickemail.portalpersonalcare.com.br\/ls\/click?upn=u001.D2-2F0Tg0A29KXXLMT6ctG-2BYOihdDbc-2ByFrUFb3ZXMT9Q1ytDIuQfG5Bk-2BPCU-2FKoGmL4rcUJE4qOH7-2FV1xDGy3HyoEfxm4C-2BuBNksEbgBH3jtGJC0nC2tmeES1RdM1jT6RNHBLI0BV7qQJd3vsmZmvLA-2B6CByHJicA3InlQNtHxD48Lyt5mNVpEh-2BcmCnVcGhh9jgGrqif-2BgWeuPuv7bLbCKanu0xXmPDcv-2F2YrvhJuhyOI8QPOtTAKlHm2tf4AMmfW-2F59xUqbbtJ6Oh07JwhT2AkrzVVOtY8ERYYs-2FIlgBWg-3DHYPM_T7N8BvZTOm04CQQMiyWztrpCjlUrRc4F7QzSgUIpTqDyHxxxhGpyWLohz7JoE2GE5NHlS-2BYZoX1R75Fh8KCze9GvCCb-2FinuNgc39g0Cdbe-2FcU8RlSBQhp5om11AQZQ-2FDfkx6s2QR0IMOtOPJCkWF8n5Cx5oygpdnVW-2BaQ9m6yzHT2LZwChtZeA-2FP1Nvx0G8hBtDIpdXRV9CoAnETOILdOvwEm4bjj5X262jgj5wEYKPLQGtwJ2CijO7UIB5jyEhR561LF-2FsklSjQOU3FGQjK7msLNhDmqsuz8c3NRKlnTnlEtfK-2BFrpdLJeEsK-2FjRZabSPjuzQzFhviWuRX0lpOIRlyI-2BrWeGc1L4oqkVeXYoS3O-2BTSpF4SPH9xJrUH3kJcWBfNahSAHr-2FRHVe23AVNrbSDlA2TQeSvVFLU-2FYVOLc5pRJNfA13CCq-2Bp7Tk4BWMnRK-2FSgSfIaj2e-2Bnfah6wVm8L-2FySXgsoGri1erwxC16m0ZK5GbyINmzSWqQI59UfYgLqyFlEuz3JXaFV-2FK3LBPx-2FLrQgIlHIshQkMbAQtxCxFE5IhN5ADVSBiIKIry3OA-2B0GL1u8NZkzEFwBtwcjNCo2Lur80o8NdvcY1L1srdwnW8H04Lgfd5YGGLDgS4S-2B-2Fyn-2Bq4J77sGWM8zj9W0yiPmwQ-3D-3D\" style=\"color:blue; text-decoration:underline\" target=\"_blank\"><span style=\"font-size:14.0pt\">Relembre os principais lan&ccedil;amentos e investimentos do setor de personal care no Brasil em 2024<\/span><\/a><\/span><\/span><\/span><\/p>\r\n\r\n<p style=\"text-align:justify\"><span style=\"font-size:11pt\"><span style=\"line-height:normal\"><span style=\"font-family:Calibri,sans-serif\"><a href=\"http:\/\/clickemail.portalpersonalcare.com.br\/ls\/click?upn=u001.D2-2F0Tg0A29KXXLMT6ctG-2BYOihdDbc-2ByFrUFb3ZXMT9QXe1vNDl7r8cv-2FWjvRhzsY5DvQzld-2BUL-2B-2Bvsqcu8CBfXZs3AA6aonxrQjFMYEnCSQGD716KTuwy9ZH76HorjZzVE5XWGADJJZE8Z5ODj6yX61j8nSyCt-2B0Aphm-2BQY7VOCSUXxIlj9z9CamY-2BQdRsIZEh7Crxj8GyqsWueGtq5Ur9Ra-2FYeZ0rno2kYHC3k-2FjNJd-2F7RU8ESd81tFKA-2FnRKUKbmWSNreVptSIuqtAP5VUGA-3D-3DUICm_T7N8BvZTOm04CQQMiyWztrpCjlUrRc4F7QzSgUIpTqDyHxxxhGpyWLohz7JoE2GE5NHlS-2BYZoX1R75Fh8KCze9GvCCb-2FinuNgc39g0Cdbe-2FcU8RlSBQhp5om11AQZQ-2FDfkx6s2QR0IMOtOPJCkWF8n5Cx5oygpdnVW-2BaQ9m6yzHT2LZwChtZeA-2FP1Nvx0G8hBtDIpdXRV9CoAnETOILdOvwEm4bjj5X262jgj5wEYKPLQGtwJ2CijO7UIB5jyEhR561LF-2FsklSjQOU3FGQjK7msLNhDmqsuz8c3NRKlnTnlEtfK-2BFrpdLJeEsK-2FjRZabSPjuzQzFhviWuRX0lpOIRlyI-2BrWeGc1L4oqkVeXYoS3O-2BTSpF4SPH9xJrUH3kJcWBfNahSAHr-2FRHVe23AVNrbSDlA2TQeSvVFLU-2FYVOLc5pRJNfA13CCq-2Bp7Tk4BWMnRK-2FSgSfIaj2e-2Bnfah6wVm8L-2FySXgsoGri1erwxC16m0ZK5GbyINmzSWqQI59UfYgLw-2B6c7IGodTMkcBxBAtctrrc6kAhmpKaU8wCoKDHwDl9x9MIwUVPDkvWa9YwRVYymOByUlIUgX4sOpaVzBujXrA-2BVD9IgHIE5Z4Rs2kLJjtgys5UfLquHF-2FhukC0-2B8tw8KHAT0jg2u-2FDyNQBYhHWegQ-3D-3D\" style=\"color:blue; text-decoration:underline\"><span style=\"font-size:14.0pt\">Envelhecimento populacional e a expans&atilde;o do mercado de produtos geri&aacute;tricos no Brasil<\/span><\/a><\/span><\/span><\/span><\/p>\r\n\r\n<p style=\"text-align:justify\"><span style=\"font-size:11pt\"><span style=\"line-height:normal\"><span style=\"font-family:Calibri,sans-serif\"><a href=\"https:\/\/www.moveisdevalor.com.br\/portal\/veja-a-10-edicao-do-anuario-de-colchoes-brasil?source=news\" style=\"color:blue; text-decoration:underline\"><span style=\"font-size:14.0pt\">Veja a 10&ordf; edi&ccedil;&atilde;o do Anu&aacute;rio de Colch&otilde;es Brasil<\/span><\/a><\/span><\/span><\/span><\/p>\r\n\r\n<p style=\"text-align:justify\"><span style=\"font-size:11pt\"><span style=\"line-height:normal\"><span style=\"font-family:Calibri,sans-serif\"><a href=\"https:\/\/tecnologiademateriais.com.br\/portaltm\/crescimento-do-setor-moveleiro-impulsiona-economia-no-nordeste\/\" style=\"color:blue; text-decoration:underline\"><span lang=\"ES-AR\" style=\"font-size:14.0pt\">Crescimento do setor moveleiro impulsiona economia no Nordeste<\/span><\/a><\/span><\/span><\/span><\/p>\r\n\r\n<p style=\"text-align:justify\"><span style=\"font-size:28pt\"><span style=\"font-family:Cambria,serif\"><span style=\"letter-spacing:-0.5pt\"><b><span style=\"font-size:18.0pt\"><span style=\"font-family:&quot;Calibri&quot;,sans-serif\"><span style=\"font-variant:small-caps\">Ind&uacute;stria<\/span><\/span><\/span><\/b><\/span><\/span><\/span><\/p>\r\n\r\n<p style=\"text-align:justify\"><span style=\"font-size:11pt\"><span style=\"line-height:normal\"><span style=\"font-family:Calibri,sans-serif\"><span style=\"font-size:14.0pt\"><a href=\"https:\/\/noticias.portaldaindustria.com.br\/noticias\/economia\/empresarios-industriais-voltam-a-ficar-pessimistas-pela-primeira-vez-em-20-meses-segundo-a-cni\/\" style=\"color:blue; text-decoration:underline\">Empres&aacute;rios industriais voltam a ficar pessimistas pela primeira vez em 20 meses, segundo a CNI<\/a><\/span><\/span><\/span><\/span><\/p>\r\n\r\n<p style=\"text-align:justify\"><span style=\"font-size:11pt\"><span style=\"line-height:normal\"><span style=\"font-family:Calibri,sans-serif\"><a href=\"https:\/\/mercadoeconsumo.com.br\/20\/01\/2025\/artigos\/incertezas-sao-a-unica-certeza\/?utm_campaign=news_geral_-_2001&amp;utm_medium=email&amp;utm_source=RD+Station\" style=\"color:blue; text-decoration:underline\"><span style=\"font-size:14.0pt\">Incertezas s&atilde;o a &uacute;nica certeza<\/span><\/a><\/span><\/span><\/span><\/p>\r\n\r\n<p style=\"text-align:justify\"><span style=\"font-size:11pt\"><span style=\"line-height:normal\"><span style=\"font-family:Calibri,sans-serif\"><a href=\"https:\/\/www.cnnbrasil.com.br\/economia\/macroeconomia\/faturamento-real-industrial-e-massa-salarial-sobem-em-novembro-mostra-cni\/\" style=\"color:blue; text-decoration:underline\"><span style=\"font-size:14.0pt\">Faturamento real industrial e massa salarial sobem em novembro, mostra CNI<\/span><\/a><\/span><\/span><\/span><\/p>\r\n\r\n<p style=\"text-align:justify\"><span style=\"font-size:11pt\"><span style=\"line-height:normal\"><span style=\"font-family:Calibri,sans-serif\"><a href=\"https:\/\/revistamt.com.br\/Noticias\/Exibir\/feiras-do-agronegocio-movimentam-o-setor-em-2025\" style=\"color:blue; text-decoration:underline\"><span style=\"font-size:14.0pt\">Feiras do agroneg&oacute;cio movimentam o setor em 2025<\/span><\/a><\/span><\/span><\/span><\/p>\r\n\r\n<p style=\"text-align:justify\"><span style=\"font-size:11pt\"><span style=\"line-height:normal\"><span style=\"font-family:Calibri,sans-serif\"><a href=\"https:\/\/www.jota.info\/artigos\/saneamento-em-2024-e-2025-muitos-avancos-desafios-mais-ainda?utm_campaign=base_toda_newsletter_kartado_jan2025&amp;utm_medium=email&amp;utm_source=RD+Station\" style=\"color:blue; text-decoration:underline\"><span style=\"font-size:14.0pt\">Saneamento em 2024 e 2025: muitos avan&ccedil;os, desafios mais ainda<\/span><\/a><\/span><\/span><\/span><\/p>\r\n\r\n<p style=\"text-align:justify\"><span style=\"font-size:11pt\"><span style=\"line-height:normal\"><span style=\"font-family:Calibri,sans-serif\"><a href=\"https:\/\/www.fibre2fashion.com\/news\/textile-news\/global-manufacturing-sector-back-into-contraction-in-dec-pmi-data-299999-newsdetails.htm\" style=\"color:blue; text-decoration:underline\"><span lang=\"EN-US\" style=\"font-size:14.0pt\">Global manufacturing sector back into contraction in Dec<\/span><\/a><\/span><\/span><\/span><\/p>\r\n\r\n<p style=\"text-align:justify\"><span style=\"font-size:11pt\"><span style=\"line-height:normal\"><span style=\"font-family:Calibri,sans-serif\"><a href=\"https:\/\/agenciagov.ebc.com.br\/noticias\/202501\/industria-quimica-anuncia-r-759-3-mi-em-investimentos-fruto-do-reiq-programa-de-incentivo-do-governo-federal\" style=\"color:blue; text-decoration:underline\"><span style=\"font-size:14.0pt\">Ind&uacute;stria qu&iacute;mica anuncia R$ 759,3 mi em investimentos, fruto do REIQ, programa de incentivo do governo federal<\/span><\/a><\/span><\/span><\/span><\/p>\r\n\r\n<p style=\"text-align:justify\"><span style=\"font-size:28pt\"><span style=\"font-family:Cambria,serif\"><span style=\"letter-spacing:-0.5pt\"><b><span style=\"font-size:18.0pt\"><span style=\"font-family:&quot;Calibri&quot;,sans-serif\"><span style=\"font-variant:small-caps\">Sustentabilidade<\/span><\/span><\/span><\/b><\/span><\/span><\/span><\/p>\r\n\r\n<p style=\"text-align:justify\"><span style=\"font-size:11pt\"><span style=\"line-height:normal\"><span style=\"font-family:Calibri,sans-serif\"><a href=\"https:\/\/olhardigital.com.br\/2025\/01\/17\/ciencia-e-espaco\/como-concreto-e-plastico-podem-reduzir-emissoes-de-co2\/\" style=\"color:blue; text-decoration:underline\"><span style=\"font-size:14.0pt\">Como concreto e pl&aacute;stico podem reduzir emiss&otilde;es de CO2<\/span><\/a><\/span><\/span><\/span><\/p>\r\n\r\n<p style=\"text-align:justify\"><span style=\"font-size:11pt\"><span style=\"line-height:normal\"><span style=\"font-family:Calibri,sans-serif\"><a href=\"https:\/\/ciclovivo.com.br\/planeta\/meio-ambiente\/saquinhos-de-cha-liberam-milhoes-de-microplasticos\/\" style=\"color:blue; text-decoration:underline\"><span style=\"font-size:14.0pt\">Saquinhos de ch&aacute; liberam milh&otilde;es de micropl&aacute;sticos<\/span><\/a><\/span><\/span><\/span><\/p>\r\n\r\n<p style=\"text-align:justify\"><span style=\"font-size:11pt\"><span style=\"line-height:normal\"><span style=\"font-family:Calibri,sans-serif\"><a href=\"https:\/\/www.abrema.org.br\/panorama\/\" style=\"color:blue; text-decoration:underline\"><span style=\"font-size:14.0pt\">Panorama de Res&iacute;duos S&oacute;lidos no Brasil 2024 &eacute; divulgado pela ABREMA e registra melhoria nas taxas de reciclagem<\/span><\/a><\/span><\/span><\/span><\/p>\r\n\r\n<p style=\"text-align:justify\"><span style=\"font-size:28pt\"><span style=\"font-family:Cambria,serif\"><span style=\"letter-spacing:-0.5pt\"><b><span style=\"font-size:18.0pt\"><span style=\"font-family:&quot;Calibri&quot;,sans-serif\"><span style=\"font-variant:small-caps\">Inova&ccedil;&atilde;o<\/span><\/span><\/span><\/b><\/span><\/span><\/span><\/p>\r\n\r\n<p style=\"text-align:justify\"><span style=\"font-size:11pt\"><span style=\"line-height:normal\"><span style=\"font-family:Calibri,sans-serif\"><a href=\"https:\/\/www.inovacaotecnologica.com.br\/noticias\/noticia.php?artigo=material-ultraforte-feito-moleculas-travadas-mecanicamente&amp;id=010160250120&amp;ebol=sim\" style=\"color:blue; text-decoration:underline\"><span style=\"font-size:14.0pt\">Material ultraforte &eacute; feito com mol&eacute;culas travadas mecanicamente<\/span><\/a><\/span><\/span><\/span><\/p>\r\n\r\n<p style=\"text-align:justify\"><span style=\"font-size:11pt\"><span style=\"line-height:normal\"><span style=\"font-family:Calibri,sans-serif\"><a href=\"https:\/\/www.nonwovens-industry.com\/contents\/view_breaking-news\/2025-01-14\/huggies-partners-with-terracycle-in-recycling-effort\/15303\" style=\"color:blue; text-decoration:underline\"><span lang=\"ES-AR\" style=\"font-size:14.0pt\">Huggies Partners with TerraCycle in Recycling Effort<\/span><\/a><\/span><\/span><\/span><\/p>\r\n\r\n<p style=\"text-align:justify\"><span style=\"font-size:28pt\"><span style=\"font-family:Cambria,serif\"><span style=\"letter-spacing:-0.5pt\"><b><span style=\"font-size:18.0pt\"><span style=\"font-family:&quot;Calibri&quot;,sans-serif\"><span style=\"font-variant:small-caps\">Com&eacute;rcio Exterior<\/span><\/span><\/span><\/b><\/span><\/span><\/span><\/p>\r\n\r\n<p style=\"text-align:justify\"><span style=\"font-size:11pt\"><span style=\"line-height:normal\"><span style=\"font-family:Calibri,sans-serif\"><a href=\"https:\/\/anba.com.br\/brasil-exporta-menos-calcados-aos-arabes-em-2024\/\" style=\"color:blue; text-decoration:underline\"><span lang=\"ES-AR\" style=\"font-size:14.0pt\">Brasil exporta menos cal&ccedil;ados aos &aacute;rabes em 2024<\/span><\/a><\/span><\/span><\/span><\/p>\r\n\r\n<p style=\"text-align:justify\"><span style=\"font-size:11pt\"><span style=\"line-height:normal\"><span style=\"font-family:Calibri,sans-serif\"><span class=\"MsoHyperlink\" style=\"color:blue\"><span style=\"text-decoration:underline\"><span style=\"font-size:14.0pt\"><a href=\"https:\/\/g1.globo.com\/jornal-nacional\/noticia\/2025\/01\/13\/china-anuncia-o-maior-superavit-de-uma-balanca-comercial-que-o-mundo-ja-viu-quase-us-1-trilhao.ghtml\" style=\"color:blue; text-decoration:underline\">China anuncia o maior super&aacute;vit de uma balan&ccedil;a comercial que o mundo j&aacute; viu: quase US$ 1 trilh&atilde;o<\/a><\/span><\/span><\/span><\/span><\/span><\/span><\/p>\r\n\r\n<p style=\"text-align:justify\"><span style=\"font-size:28pt\"><span style=\"font-family:Cambria,serif\"><span style=\"letter-spacing:-0.5pt\"><b><span style=\"font-size:18.0pt\"><span style=\"font-family:&quot;Calibri&quot;,sans-serif\"><span style=\"font-variant:small-caps\">Economia<\/span><\/span><\/span><\/b><\/span><\/span><\/span><\/p>\r\n\r\n<p style=\"text-align:justify\"><span style=\"font-size:11pt\"><span style=\"line-height:normal\"><span style=\"font-family:Calibri,sans-serif\"><a href=\"https:\/\/www.bcb.gov.br\/content\/focus\/focus\/R20250117.pdf\" style=\"color:blue; text-decoration:underline\"><span style=\"font-size:14.0pt\">Focus - Relat&oacute;rio de Mercado<\/span><\/a><\/span><\/span><\/span><\/p>\r\n\r\n<p style=\"text-align:justify\"><span style=\"font-size:11pt\"><span style=\"line-height:normal\"><span style=\"font-family:Calibri,sans-serif\"><a href=\"https:\/\/portalibre.fgv.br\/sites\/default\/files\/2025-01\/01ce2025cartadoibre.pdf\" style=\"color:blue; text-decoration:underline\"><span style=\"font-size:14.0pt\">Tanto pela sustentabilidade fiscal quanto por raz&otilde;es c&iacute;clicas, chegou o momento da consolida&ccedil;&atilde;o no Brasil<\/span><\/a><\/span><\/span><\/span><\/p>\r\n\r\n<p style=\"text-align:justify\"><span style=\"font-size:11pt\"><span style=\"line-height:normal\"><span style=\"font-family:Calibri,sans-serif\"><a href=\"https:\/\/portalibre.fgv.br\/system\/files\/divulgacao\/noticias\/mat-complementar\/2025-01\/Monitor%20do%20PIB-FGV%20-%20Janeiro%20de%202025%20-%20Ref.%20de%20novembro.pdf\" style=\"color:blue; text-decoration:underline\"><span style=\"font-size:14.0pt\">Monitor do PIB-FGV aponta crescimento de 0,6% na atividade econ&ocirc;mica em novembro em compara&ccedil;&atilde;o a outubro<\/span><\/a><\/span><\/span><\/span><\/p>\r\n\r\n<p style=\"text-align:justify\"><span style=\"font-size:11pt\"><span style=\"line-height:normal\"><span style=\"font-family:Calibri,sans-serif\"><a href=\"https:\/\/ibre.fgv.br\/blog-da-conjuntura-economica\/artigos\/em-2025-tendencia-e-de-uma-inflacao-mais-disseminada-afirma\" style=\"color:blue; text-decoration:underline\"><span style=\"font-size:14.0pt\">Em 2025, a tend&ecirc;ncia &eacute; de uma infla&ccedil;&atilde;o mais disseminada, afirma Andr&eacute; Braz<\/span><\/a><\/span><\/span><\/span><\/p>\r\n\r\n<p style=\"text-align:justify\"><span style=\"font-size:11pt\"><span style=\"line-height:normal\"><span style=\"font-family:Calibri,sans-serif\"><a href=\"https:\/\/agenciabrasil.ebc.com.br\/economia\/noticia\/2025-01\/lula-sanciona-regulamentacao-da-reforma-tributaria-sobre-consumo\" style=\"color:blue; text-decoration:underline\"><span style=\"font-size:14.0pt\">Lula sanciona regulamenta&ccedil;&atilde;o da reforma tribut&aacute;ria sobre consumo<\/span><\/a><\/span><\/span><\/span><\/p>\r\n\r\n<p style=\"text-align:justify\"><span style=\"font-size:11pt\"><span style=\"line-height:normal\"><span style=\"font-family:Calibri,sans-serif\"><a href=\"https:\/\/www.conjur.com.br\/2025-jan-07\/fim-do-icms-nas-transferencias-abre-oportunidades-as-empresas\/\" style=\"color:blue; text-decoration:underline\"><span style=\"font-size:14.0pt\">Fim do ICMS nas transfer&ecirc;ncias abre oportunidades &agrave;s empresas<\/span><\/a><\/span><\/span><\/span><\/p>\r\n\r\n<p style=\"text-align:justify\">&nbsp;<\/p>\r\n\r\n<p style=\"text-align:justify\"><a href=\"https:\/\/agenciadenoticias.bndes.gov.br\/blogdodesenvolvimento\/detalhe\/Alta-no-PIB-do-3T-2024-evidencia-resiliencia-da-atividade-economica-em-2024\/\"><img src=\"https:\/\/www.abint.org.br\/assets\/img\/editor\/redes-sociais-abint-ctg-cth_202501141617211RP9wpX0tU.jpg\" \/><\/a><\/p>\r\n","texto_en":"","7":"","imagem":"COMP_capa-2025-site-boletim-abint-noticias-semanis_20250122134636NRzeRWGzt7.jpg","8":"COMP_capa-2025-site-boletim-abint-noticias-semanis_20250122134636NRzeRWGzt7.jpg","arquivo":"20250121-BOLETIM-ABINT-DE-NOTICIAS-SEMANAIS.PDF","9":"20250121-BOLETIM-ABINT-DE-NOTICIAS-SEMANAIS.PDF","titulo_arquivo":"20250121 Boletim ABINT de Not\u00edcias Semanais","10":"20250121 Boletim ABINT de Not\u00edcias Semanais","titulo_arquivo_en":"","11":"","created_at":"2025-01-22 13:46:45","12":"2025-01-22 13:46:45","updated_at":"2025-01-22 13:46:45","13":"2025-01-22 13:46:45"},{"id":151,"0":151,"ordem":72,"1":72,"data":"2025-01-14","2":"2025-01-14","slug":"boletim-abint-de-noticias-semanais-59","3":"boletim-abint-de-noticias-semanais-59","titulo":"Boletim ABINT de Not\u00edcias Semanais","4":"Boletim ABINT de Not\u00edcias Semanais","titulo_en":"","5":"","texto":"<p style=\"text-align:justify\"><span style=\"font-size:11pt\"><span style=\"line-height:normal\"><span style=\"font-family:Calibri,sans-serif\"><span style=\"font-size:14.0pt\">Esta &eacute; uma compila&ccedil;&atilde;o das not&iacute;cias mais relevantes para o setor, incluindo informa&ccedil;&otilde;es sobre acordos internacionais, economia brasileira, sustentabilidade e mat&eacute;rias primas, al&eacute;m de novidades do setor de N&atilde;otecidos e Tecidos T&eacute;cnicos.<\/span><\/span><\/span><\/span><\/p>\r\n\r\n<p style=\"text-align:justify\"><b><span style=\"font-size:18.0pt\"><span style=\"line-height:115%\"><span style=\"font-family:&quot;Calibri&quot;,sans-serif\"><span style=\"font-variant:small-caps\">O que vem por a&iacute;<\/span><\/span><\/span><\/span><\/b><\/p>\r\n\r\n<p style=\"text-align:justify\"><b><span style=\"font-size:18.0pt\"><span style=\"line-height:115%\"><span style=\"font-family:&quot;Calibri&quot;,sans-serif\"><span style=\"font-variant:small-caps\"><img src=\"https:\/\/www.abint.org.br\/assets\/img\/editor\/e-mail-mkt-site-curso-br-instal-gm-2025_20250114161447jk5qk096Gb.jpg\" \/><\/span><\/span><\/span><\/span><\/b><\/p>\r\n\r\n<p style=\"text-align:justify\"><span style=\"font-size:11pt\"><span style=\"line-height:normal\"><span style=\"font-family:Calibri,sans-serif\"><a href=\"https:\/\/www.eventbrite.com\/e\/curso-brasileiro-de-instalacao-de-geomembranas-paulo-kenji-acakura-2025-tickets-1111455586579?aff=oddtdtcreator\" style=\"color:blue; text-decoration:underline\"><span style=\"font-size:14.0pt\">Fa&ccedil;a sua inscri&ccedil;&atilde;o<\/span><\/a><\/span><\/span><\/span><\/p>\r\n\r\n<p style=\"text-align:justify\"><span style=\"font-size:28pt\"><span style=\"font-family:Cambria,serif\"><span style=\"letter-spacing:-0.5pt\"><b><span style=\"font-size:18.0pt\"><span style=\"font-family:&quot;Calibri&quot;,sans-serif\"><span style=\"font-variant:small-caps\">Not&iacute;cias das Associadas<\/span><\/span><\/span><\/b><\/span><\/span><\/span><\/p>\r\n\r\n<p style=\"text-align:justify\"><span style=\"font-size:11pt\"><span style=\"line-height:normal\"><span style=\"font-family:Calibri,sans-serif\"><a href=\"https:\/\/t.rdsv2.net\/ls\/click?upn=u001.SJ-2BHbcLStyE5mTD5OK48sq2JxFfkhvQ6eAz6nLBcupWlCYOYzQzqwx55fUpi5QSQ27ys-2BtfN4Jj0R6Bxz3WylVrPug8VvM4EDEUTbNurlQ60x56erzPJ8nkb0CD2lWgrSP2MU-2BxnkVHa3p5rDfhdz55FcqkT16nlmNeLTaDqriio-2FBoQKTVFavD7POXZircDejiqT19rKnIC1MzLBeoOkT6i6SZN1gwBHlxqCt2M2lT0tiyW8GCWRmqDCejvcclxy5iYGCwfL-2F6LYnMEVHX1tej3o4N9-2FUg5njchEDU0QPg-3DqOF1_T7N8BvZTOm04CQQMiyWztrpCjlUrRc4F7QzSgUIpTqB5Yk-2Bt7YhUyk7lZRXmbFFsi-2Foe1q0kuwsCjfsBOqL9ZeKwOqG7ApazixuGEP6Z5SJuFg5bm15p-2FcAKNI6-2BqjB-2BhCK9LmAfJlYrjOoraFh7g-2FOz8ufVe6mVaaVCV6frOWCu-2FjpnH-2BIx7p8Gjc5uVlGO2o419hccqYmmZsrIdESOV0aX8bGORMd10309VlejTnMswnfhZINkHTGCt-2BNbJvEtEOxQZzgDQbyVjLQrHA5K4Dc6gobHyCU2lM7yvlF91cFX3tpYhnN8MzANJIy8CYLD2cA3bsd5r3iOVrSdcCeFE2FBpgb5LuCZuQyCe1duj8x4sieY-2FlukC8fC9I-2Fc9-2Bb7bQ-2FbpN8HIGcYGYAv-2FF6DBOXaPfV39dBMi4Hzl8EX7AU-2BzcDoW0ShQ79mstL7uOOk2yFqAFLLDO4e7uqWe0CKE-2B2z62TYJL-2BtBdhZrdtqKSywiCBFkNNb1YPpRkezelm2T-2B1oD-2BhapYQL5G6yH-2FbvZbPQ4SwqxJ-2B2Bh950RQ9rGSSurrRXsUxeQvzEm5bLXx6NZYVZlvuK8q7WZjYwh5anNqO6JIQKQkQKYN952c-2FqDUvJK9peq9E49JjiPVbAhiZ1Ko7snj-2FQc-2BHYCqQDz758EigHu5WaVyacNWe2U3e6tM15bKWwaOZpvzkQHEXFCVUJH-2B2q8GMYnNN-2F3LdXeJ-2Bqw-3D-3D\" style=\"color:blue; text-decoration:underline\" title=\"ANDRITZ \u00e9 a 3\u00aa no ranking das 100+ ind\u00fastrias de Arauc\u00e1ria\"><span style=\"font-size:14.0pt\">ANDRITZ &eacute; a 3&ordf; no ranking das 100+ ind&uacute;strias de Arauc&aacute;ria<\/span><\/a><\/span><\/span><\/span><\/p>\r\n\r\n<p style=\"text-align:justify\"><span style=\"font-size:11pt\"><span style=\"line-height:normal\"><span style=\"font-family:Calibri,sans-serif\"><a href=\"https:\/\/www.innovationintextiles.com\/nonwovens\/andritz-technical-centre-for-dry-moulded-fibre\/\" style=\"color:blue; text-decoration:underline\"><span lang=\"ES-AR\" style=\"font-size:14.0pt\">Andritz technical centre for dry moulded fibre<\/span><\/a><\/span><\/span><\/span><\/p>\r\n\r\n<p style=\"text-align:justify\"><span style=\"font-size:11pt\"><span style=\"line-height:normal\"><span style=\"font-family:Calibri,sans-serif\"><a href=\"https:\/\/www.innovationintextiles.com\/fibres-yarns-fabrics\/circular-initiatives-gather-momentum-at-indorama-and-milliken\/\" style=\"color:blue; text-decoration:underline\"><span lang=\"ES-AR\" style=\"font-size:14.0pt\">Circular initiatives gather momentum at Indorama and Milliken<\/span><\/a><\/span><\/span><\/span><\/p>\r\n\r\n<p style=\"text-align:justify\">&nbsp;<\/p>\r\n\r\n<p style=\"text-align:justify\"><span style=\"font-size:11pt\"><span style=\"line-height:normal\"><span style=\"font-family:Calibri,sans-serif\"><b><span style=\"font-size:18.0pt\"><span style=\"font-variant:small-caps\">Eventos<\/span><\/span><\/b><\/span><\/span><\/span><\/p>\r\n\r\n<p style=\"text-align:justify\">&nbsp;<\/p>\r\n\r\n<p style=\"text-align:justify\"><span style=\"font-size:11pt\"><span style=\"line-height:normal\"><span style=\"font-family:Calibri,sans-serif\"><a href=\"https:\/\/www.sympla.com.br\/evento\/warm-up-pdac-2025\/2766313?utm_campaign=warm-up_pdac_2025_em_toronto__gb&amp;utm_medium=email&amp;utm_source=RD+Station\" style=\"color:blue; text-decoration:underline\"><b><span style=\"font-size:14.0pt\">Warm-Up PDAC 2025<\/span><\/b><\/a><b> <\/b><i><span style=\"font-size:14.0pt\">(prepara&ccedil;&atilde;o para evento de minera&ccedil;&atilde;o global)<\/span><\/i><b><span style=\"font-size:14.0pt\">, <\/span><\/b><span style=\"font-size:14.0pt\">28 de janeiro de 2025, 9h00 &agrave;s 11h00, local Azevedo Sette Advogados, Rua Para&iacute;ba, 1000, Belo Horizonte, MG<\/span><\/span><\/span><\/span><\/p>\r\n\r\n<p style=\"text-align:justify\"><span style=\"font-size:11pt\"><span style=\"line-height:normal\"><span style=\"font-family:Calibri,sans-serif\"><a href=\"https:\/\/www.abnteducacao.com.br\/Simbologia_de_cuidados_aplicada_a_Etiquetagem_de_Texteis_ABNT_NBR_NM_ISO_3758\" style=\"color:blue; text-decoration:underline\"><b><span style=\"font-size:14.0pt\">Simbologia de cuidados aplicada a Etiquetagem de T&ecirc;xteis - ABNT NBR NM ISO 3758<\/span><\/b><\/a><span style=\"font-size:14.0pt\">, 05 e 06 de fevereiro de 2025, 08h30 &agrave;s 17h30<\/span><\/span><\/span><\/span><\/p>\r\n\r\n<p style=\"text-align:justify\"><span style=\"font-size:11pt\"><span style=\"line-height:normal\"><span style=\"font-family:Calibri,sans-serif\"><a href=\"https:\/\/www.fimec.com.br\/\" style=\"color:blue; text-decoration:underline\"><b><span style=\"font-size:14.0pt\">Fimec 2025<\/span><\/b><\/a><span style=\"font-size:14.0pt\">, 18 a 20 de mar&ccedil;o, Fenac, Novo Hamburgo, RS<\/span><\/span><\/span><\/span><\/p>\r\n\r\n<p style=\"text-align:justify\"><span style=\"font-size:11pt\"><span style=\"line-height:normal\"><span style=\"font-family:Calibri,sans-serif\"><a href=\"https:\/\/www.plasticobrasil.com.br\/pt\/home.html\" style=\"color:blue; text-decoration:underline\"><b><span style=\"font-size:14.0pt\">Feira Pl&aacute;stico Brasil<\/span><\/b><\/a><span style=\"font-size:14.0pt\">, de 24 a 28 de mar&ccedil;o de 2025, das 10h &agrave;s 19h, S&atilde;o Paulo Expo, Rodovia dos Imigrantes, km 1,5<\/span><\/span><\/span><\/span><\/p>\r\n\r\n<p style=\"text-align:justify\"><span style=\"font-size:11pt\"><span style=\"line-height:normal\"><span style=\"font-family:Calibri,sans-serif\"><a href=\"https:\/\/ideashow.org\/\" style=\"color:blue; text-decoration:underline\"><b><span lang=\"EN-US\" style=\"font-size:14.0pt\">IDEA25<\/span><\/b><\/a><span lang=\"EN-US\" style=\"font-size:14.0pt\">, April 29-May 1, 2025, Miami Beach Convention Center, Miami Beach, Florida<\/span><\/span><\/span><\/span><\/p>\r\n\r\n<p style=\"text-align:justify\"><span style=\"font-size:11pt\"><span style=\"line-height:normal\"><span style=\"font-family:Calibri,sans-serif\"><a href=\"https:\/\/www.conbrava.com.br\/\" style=\"color:blue; text-decoration:underline\"><b><span style=\"font-size:14.0pt\">CONBRAVA 2025<\/span><\/b><\/a><span style=\"font-size:14.0pt\">, 10 a 12 de setembro de 2025, S&atilde;o Paulo Expo, Rodovia dos Imigrantes, km 1,5<\/span><\/span><\/span><\/span><\/p>\r\n\r\n<p style=\"text-align:justify\"><span style=\"font-size:11pt\"><span style=\"line-height:normal\"><span style=\"font-family:Calibri,sans-serif\"><a href=\"https:\/\/paving.com.br\/\" style=\"color:blue; text-decoration:underline\"><b><span style=\"font-size:14.0pt\">Paving Expo 2025<\/span><\/b><\/a><span style=\"font-size:14.0pt\">, 23 a 25 de setembro de 2025, Distrito Anhembi, Rua Prof. Milton Rodrigues, s\/n, Santana, S&atilde;o Paulo, SP<\/span><\/span><\/span><\/span><\/p>\r\n\r\n<p style=\"text-align:justify\"><span style=\"font-size:11pt\"><span style=\"line-height:normal\"><span style=\"font-family:Calibri,sans-serif\"><b><span style=\"font-size:14.0pt\">17&ordm; Congresso Brasileiro de Enfermagem em Centro Cir&uacute;rgico: &ldquo;O poder de cuidar&rdquo;<\/span><\/b><span style=\"font-size:14.0pt\">, 01 a 03 de outubro de 2025, Transamerica Expo Center, S&atilde;o Paulo, SP<\/span><\/span><\/span><\/span><\/p>\r\n\r\n<p style=\"text-align:justify\"><span style=\"font-size:11pt\"><span style=\"line-height:normal\"><span style=\"font-family:Calibri,sans-serif\"><a href=\"https:\/\/hospitalmed.com.br\/feira\/\" style=\"color:blue; text-decoration:underline\"><b><span style=\"font-size:14.0pt\">HospitalMed 2025<\/span><\/b><\/a><span style=\"font-size:14.0pt\">, 22 a 24 de outubro, Pernambuco Centro de Conven&ccedil;&otilde;es, Olinda<\/span><\/span><\/span><\/span><\/p>\r\n\r\n<p style=\"text-align:justify\"><span style=\"font-size:28pt\"><span style=\"font-family:Cambria,serif\"><span style=\"letter-spacing:-0.5pt\"><b><span style=\"font-size:18.0pt\"><span style=\"font-family:&quot;Calibri&quot;,sans-serif\"><span style=\"font-variant:small-caps\">Setor<\/span><\/span><\/span><\/b><\/span><\/span><\/span><\/p>\r\n\r\n<p style=\"text-align:justify\"><span style=\"font-size:11pt\"><span style=\"line-height:normal\"><span style=\"font-family:Calibri,sans-serif\"><a href=\"https:\/\/portalpersonalcare.com.br\/envelhecimento-populacional-e-a-expansao-do-mercado-de-produtos-geriatricos-no-brasil\/\" style=\"color:blue; text-decoration:underline\"><span lang=\"ES-AR\" style=\"font-size:14.0pt\">Envelhecimento populacional e a expans&atilde;o do mercado de produtos geri&aacute;tricos no Brasil<\/span><\/a><\/span><\/span><\/span><\/p>\r\n\r\n<p style=\"text-align:justify\"><span style=\"font-size:11pt\"><span style=\"line-height:normal\"><span style=\"font-family:Calibri,sans-serif\"><a href=\"https:\/\/portalpersonalcare.com.br\/grandes-fabricantes-de-fraldas-investem-em-novas-fabricas-e-tecnologias-nos-eua\/\" style=\"color:blue; text-decoration:underline\"><span lang=\"ES-AR\" style=\"font-size:14.0pt\">Grandes fabricantes de fraldas investem em novas f&aacute;bricas e tecnologias nos EUA<\/span><\/a><\/span><\/span><\/span><\/p>\r\n\r\n<p style=\"text-align:justify\"><span style=\"font-size:11pt\"><span style=\"line-height:normal\"><span style=\"font-family:Calibri,sans-serif\"><a href=\"https:\/\/olhardigital.com.br\/2024\/12\/21\/medicina-e-saude\/estudo-aponta-risco-oculto-nos-chas-de-saquinho\/\" style=\"color:blue; text-decoration:underline\"><span lang=\"ES-AR\" style=\"font-size:14.0pt\">Estudo aponta &quot;risco oculto&quot; nos ch&aacute;s de saquinho<\/span><\/a><\/span><\/span><\/span><\/p>\r\n\r\n<p style=\"text-align:justify\"><span style=\"font-size:11pt\"><span style=\"line-height:normal\"><span style=\"font-family:Calibri,sans-serif\"><a href=\"https:\/\/t.rdsv2.net\/ls\/click?upn=u001.SJ-2BHbcLStyE5mTD5OK48sq2JxFfkhvQ6eAz6nLBcupUukn97E-2F2jCJjnvMffSUPS1AMvYcaZ2gNHe3tEDJH76W9YRII1omnZ4OBJX-2ByuCCLjgshWpQ-2FcxPnvVw1OXERnk6r7GuKCwgHoYWL7Y-2FdqaM3s8PiTQU7DCDO9PsYyGLA2gvzbWkhJNmqj3YOzB4s0ctkBi15qdyKvPhG2UrAekszH8ty9qjrBT-2Fgq0AbLcvxEKR0mKZFlqciMV0ffCAjHLtIHRnx00AXk66gn5i3W-2FWIBKni2ItWx-2FL3S1hlJ6-2B-2FTQh-2BWfe8RbGVBEtUBQUWr-2FFa1dopXnGl-2FP02huFV2Tx3Gd6dHi0OYUDW-2B-2F42yx1g-3DYl5y_T7N8BvZTOm04CQQMiyWztrpCjlUrRc4F7QzSgUIpTqB5Yk-2Bt7YhUyk7lZRXmbFFsi-2Foe1q0kuwsCjfsBOqL9ZeKwOqG7ApazixuGEP6Z5SJuFg5bm15p-2FcAKNI6-2BqjB-2BoGe-2BCKrP9ov1I-2BFkuXCzvjHrZd1gCJd9sCCsc6zC1V6-2F2VNcaoyGWFB-2FNUsmIO2-2BwxIP58dWeeSfkjHgd5D44mRtXg6a-2FExcywFrFN5-2BmDBW8MobKtN6Ari-2FIlbF6RVnKVGeK2YmlTiKWIT-2FPgQDe-2FTWDvX55NYTfgCUf2TVnLBKPfF29rRoo8Hkqc-2Bsrj06NdVc0uakeA7fr2-2B9Dh0gwHEBB-2B72iVaSMdYeN-2FX8LksJ4Eh9dHHfy9j3MpemIVHAR6Y2gOHzXCPuM6uIoSmpBj2CbImsuNqP7nkjI3TyLlUuhmiQXbs-2FH0K3LQ-2BESAycsxBZmXlIni0oxaI3cZ0LNog4iZ-2F5WmpsaVmf7bCKcjjM32K5rU-2FZwIzRG0lIIZf-2FCcww5xrz53QyLkskGONDkDK-2BVqXt-2BAihdw-2Bb4A5Eh5d5xaEles4X5iMtzdt4CNUblJG-2B0jZEI7ka2-2BDNmBIeRl2LiOwNaFl0-2BJBzqEWS18UDo-2Fj-2BLqE0kzQqQXQIl4Qov8-2FOxT2OamvlHUOVKvA5s-2BakmrmtElhZ5H2IAadeU4Gvxufog1UVb7mEQL-2Bl5xIq1MKF-2F9IAIowP11x9-2B-2FXKaDFuw5FtaQw8gc24P-2FHYDTE-3D\" style=\"color:blue; text-decoration:underline\" title=\"Drylock Technologies investe R$ 35 milh\u00f5es em nova m\u00e1quina de fraldas infantis pants\"><span style=\"font-size:14.0pt\">Drylock Technologies investe R$ 35 milh&otilde;es em nova m&aacute;quina de fraldas infantis pants<\/span><\/a><\/span><\/span><\/span><\/p>\r\n\r\n<p style=\"text-align:justify\"><span style=\"font-size:11pt\"><span style=\"line-height:normal\"><span style=\"font-family:Calibri,sans-serif\"><a href=\"https:\/\/www.anahp.com.br\/publicacoes\/balanco-observatorio-anahp-4a-edicao\/?utm_campaign=emkt_-_lancamento_4o_balanco_observatorio_anahp_reforco&amp;utm_medium=email&amp;utm_source=RD+Station\" style=\"color:blue; text-decoration:underline\"><span style=\"font-size:14.0pt\">4&ordf; edi&ccedil;&atilde;o do Balan&ccedil;o Observat&oacute;rio Anahp<\/span><\/a><\/span><\/span><\/span><\/p>\r\n\r\n<p style=\"text-align:justify\"><span style=\"font-size:11pt\"><span style=\"line-height:normal\"><span style=\"font-family:Calibri,sans-serif\"><a href=\"https:\/\/www.moveisdevalor.com.br\/portal\/brasil-fica-em-5-lugar-na-producao-de-colchoes-no-mundo?source=news\" style=\"color:blue; text-decoration:underline\"><span style=\"font-size:14.0pt\">Brasil det&eacute;m 5&ordf; posi&ccedil;&atilde;o na produ&ccedil;&atilde;o mundial de colch&otilde;es<\/span><\/a><\/span><\/span><\/span><\/p>\r\n\r\n<p style=\"text-align:justify\"><span style=\"font-size:11pt\"><span style=\"line-height:normal\"><span style=\"font-family:Calibri,sans-serif\"><a href=\"https:\/\/apparelresources.com\/business-news\/manufacturing\/indias-growth-fuels-textile-nonwoven-market-rohit-aggarwal-ceo-lenzing\/\" style=\"color:blue; text-decoration:underline\"><span lang=\"EN-US\" style=\"font-size:14.0pt\">&ldquo;India&rsquo;s growth fuels textile and nonwoven market&rdquo;: Rohit Aggarwal, CEO, Lenzing<\/span><\/a><\/span><\/span><\/span><\/p>\r\n\r\n<p style=\"text-align:justify\"><span style=\"font-size:11pt\"><span style=\"line-height:normal\"><span style=\"font-family:Calibri,sans-serif\"><a href=\"https:\/\/www.innovationintextiles.com\/expanded-sourcing-at-texworld-paris\/\" style=\"color:blue; text-decoration:underline\"><span lang=\"ES-AR\" style=\"font-size:14.0pt\">Fibres\/Yarns\/Fabrics: expanded sourcing at Texworld Paris<\/span><\/a><\/span><\/span><\/span><\/p>\r\n\r\n<p style=\"text-align:justify\"><span style=\"font-size:28pt\"><span style=\"font-family:Cambria,serif\"><span style=\"letter-spacing:-0.5pt\"><b><span style=\"font-size:18.0pt\"><span style=\"font-family:&quot;Calibri&quot;,sans-serif\"><span style=\"font-variant:small-caps\">Ind&uacute;stria<\/span><\/span><\/span><\/b><\/span><\/span><\/span><\/p>\r\n\r\n<p style=\"text-align:justify\"><span style=\"font-size:11pt\"><span style=\"line-height:normal\"><span style=\"font-family:Calibri,sans-serif\"><a href=\"https:\/\/ibre.fgv.br\/blog-da-conjuntura-economica\/artigos\/confianca-empresarial-fecha-2024-melhor-do-que-em-2023-mas-com\" style=\"color:blue; text-decoration:underline\"><span style=\"font-size:14.0pt\">Confian&ccedil;a empresarial fecha 2024 melhor do que em 2023, mas com vi&eacute;s negativo. Consumidores j&aacute; mostram sensibilidade &agrave; infla&ccedil;&atilde;o<\/span><\/a><\/span><\/span><\/span><\/p>\r\n\r\n<p style=\"text-align:justify\"><span style=\"font-size:11pt\"><span style=\"line-height:normal\"><span style=\"font-family:Calibri,sans-serif\"><a href=\"https:\/\/agenciabrasil.ebc.com.br\/economia\/noticia\/2024-12\/cni-preve-crescimento-da-economia-de-24-em-2025\" style=\"color:blue; text-decoration:underline\"><span style=\"font-size:14.0pt\">CNI prev&ecirc; crescimento da economia de 2,4% em 2025<\/span><\/a><\/span><\/span><\/span><\/p>\r\n\r\n<p style=\"text-align:justify\"><span style=\"font-size:11pt\"><span style=\"line-height:normal\"><span style=\"font-family:Calibri,sans-serif\"><a href=\"https:\/\/agenciabrasil.ebc.com.br\/economia\/noticia\/2024-12\/setor-da-construcao-civil-cresce-41-em-2024\" style=\"color:blue; text-decoration:underline\"><span style=\"font-size:14.0pt\">Setor da constru&ccedil;&atilde;o civil cresce 4,1% em 2024<\/span><\/a><\/span><\/span><\/span><\/p>\r\n\r\n<p style=\"text-align:justify\"><span style=\"font-size:11pt\"><span style=\"line-height:normal\"><span style=\"font-family:Calibri,sans-serif\"><a href=\"https:\/\/grandesconstrucoes.com.br\/Noticias\/Exibir\/desafios-da-construcao-civil-em-2025?utm_source=akna&amp;utm_medium=email&amp;utm_campaign=Grandes-Construcoes-Informativo-944-09-01-2025\" style=\"color:blue; text-decoration:underline\"><span style=\"font-size:14.0pt\">Desafios da constru&ccedil;&atilde;o civil em 2025<\/span><\/a><\/span><\/span><\/span><\/p>\r\n\r\n<p style=\"text-align:justify\"><span style=\"font-size:11pt\"><span style=\"line-height:normal\"><span style=\"font-family:Calibri,sans-serif\"><a href=\"https:\/\/paving.com.br\/cenario-positivo-no-horizonte\/?utm_source=ActiveCampaign&amp;utm_medium=email&amp;utm_content=O%20futuro%20da%20infraestrutura%20te%20espera%20em%202025&amp;utm_campaign=O%20futuro%20da%20infraestrutura%20te%20espera%20em%202025&amp;vgo_ee=vTPsWw4HDQiT2QarUl%2BReNDIsNu0RdVsJZQf2qduW4SvHw%3D%3D%3AQQpiAAT99n9i1uXkWoQG9r7g3glidiod\" style=\"color:blue; text-decoration:underline\"><span style=\"font-size:14.0pt\">Setor de Infraestrutura Mostra Crescimento e Previs&otilde;es Otimistas para 2025<\/span><\/a><\/span><\/span><\/span><\/p>\r\n\r\n<p style=\"text-align:justify\"><span style=\"font-size:28pt\"><span style=\"font-family:Cambria,serif\"><span style=\"letter-spacing:-0.5pt\"><b><span style=\"font-size:18.0pt\"><span style=\"font-family:&quot;Calibri&quot;,sans-serif\"><span style=\"font-variant:small-caps\">Sustentabilidade<\/span><\/span><\/span><\/b><\/span><\/span><\/span><\/p>\r\n\r\n<p style=\"text-align:justify\"><span style=\"font-size:11pt\"><span style=\"line-height:normal\"><span style=\"font-family:Calibri,sans-serif\"><a href=\"https:\/\/abiquim.org.br\/comunicacao\/noticia\/11684\" style=\"color:blue; text-decoration:underline\"><span style=\"font-size:14.0pt\">Abiquim vislumbra redu&ccedil;&atilde;o da polui&ccedil;&atilde;o pl&aacute;stica com material 100% recicl&aacute;vel<\/span><\/a><\/span><\/span><\/span><\/p>\r\n\r\n<p style=\"text-align:justify\"><span style=\"font-size:11pt\"><span style=\"line-height:normal\"><span style=\"font-family:Calibri,sans-serif\"><a href=\"https:\/\/www.revistaplasticosul.com.br\/sustentabilidade\/regiao-sul-e-a-segunda-maior-produtora-de-resina-reciclada-no-brasil\/\" style=\"color:blue; text-decoration:underline\"><span style=\"font-size:14.0pt\">Regi&atilde;o Sul &eacute; a segunda maior produtora de resina reciclada no brasil<\/span><\/a><\/span><\/span><\/span><\/p>\r\n\r\n<p style=\"text-align:justify\"><span style=\"font-size:11pt\"><span style=\"line-height:normal\"><span style=\"font-family:Calibri,sans-serif\"><a href=\"https:\/\/www.revistaplasticosul.com.br\/sustentabilidade\/sustentabilidade-na-industria-automotiva-compromisso-que-comeca-na-cadeia-de-fornecedores\/\" style=\"color:blue; text-decoration:underline\"><span style=\"font-size:14.0pt\">Sustentabilidade na ind&uacute;stria automotiva: compromisso que come&ccedil;a na cadeia de fornecedores<\/span><\/a><\/span><\/span><\/span><\/p>\r\n\r\n<p style=\"text-align:justify\"><span style=\"font-size:11pt\"><span style=\"line-height:normal\"><span style=\"font-family:Calibri,sans-serif\"><a href=\"https:\/\/grandesconstrucoes.com.br\/Noticias\/Exibir\/tecnologia-e-sustentabilidade-serao-os-motores-do-setor-da-construcao-civil-em-2025?utm_source=akna&amp;utm_medium=email&amp;utm_campaign=Grandes-Construcoes-Informativo-944-09-01-2025\" style=\"color:blue; text-decoration:underline\"><span style=\"font-size:14.0pt\">Tecnologia e sustentabilidade ser&atilde;o os motores do setor da constru&ccedil;&atilde;o civil em 2025<\/span><\/a><\/span><\/span><\/span><\/p>\r\n\r\n<p style=\"text-align:justify\"><span style=\"font-size:28pt\"><span style=\"font-family:Cambria,serif\"><span style=\"letter-spacing:-0.5pt\"><b><span style=\"font-size:18.0pt\"><span style=\"font-family:&quot;Calibri&quot;,sans-serif\"><span style=\"font-variant:small-caps\">Inova&ccedil;&atilde;o<\/span><\/span><\/span><\/b><\/span><\/span><\/span><\/p>\r\n\r\n<p style=\"text-align:justify\"><span style=\"font-size:11pt\"><span style=\"line-height:normal\"><span style=\"font-family:Calibri,sans-serif\"><a href=\"https:\/\/tissueonline.com.br\/japao-lanca-primeiro-papel-higienico-do-mundo-feito-a-partir-de-fraldas-usadas\/?utm_campaign=nova_newsletter_100125&amp;utm_medium=email&amp;utm_source=RD+Station\" style=\"color:blue; text-decoration:underline\"><span style=\"font-size:14.0pt\">Jap&atilde;o lan&ccedil;a primeiro papel higi&ecirc;nico do mundo feito a partir de fraldas usadas<\/span><\/a><\/span><\/span><\/span><\/p>\r\n\r\n<p style=\"text-align:justify\"><span style=\"font-size:11pt\"><span style=\"line-height:normal\"><span style=\"font-family:Calibri,sans-serif\"><a href=\"https:\/\/www.terra.com.br\/planeta\/noticias\/como-cientistas-brasileiros-usaram-nanotecnologia-para-criar-embalagem-que-substitui-o-plastico,1c79e683346ca1d0b3e309f0e923d114lv3r3szg.html\" style=\"color:blue; text-decoration:underline\"><span style=\"font-size:14.0pt\">Como cientistas brasileiros usaram nanotecnologia para criar embalagem que substitui o pl&aacute;stico<\/span><\/a><\/span><\/span><\/span><\/p>\r\n\r\n<p style=\"text-align:justify\"><span style=\"font-size:11pt\"><span style=\"line-height:normal\"><span style=\"font-family:Calibri,sans-serif\"><a href=\"https:\/\/www.fibre2fashion.com\/news\/technical-textiles\/uk-researchers-develop-sustainable-bio-degradable-e-textiles-sweet-300015-newsdetails.htm\" style=\"color:blue; text-decoration:underline\"><span lang=\"EN-US\" style=\"font-size:14.0pt\">UK researchers develop sustainable, bio-degradable e-textiles SWEET<\/span><\/a><\/span><\/span><\/span><\/p>\r\n\r\n<p style=\"text-align:justify\"><span style=\"font-size:11pt\"><span style=\"line-height:normal\"><span style=\"font-family:Calibri,sans-serif\"><a href=\"https:\/\/www.nonwovens-industry.com\/contents\/view_breaking-news\/2025-01-08\/toilet-paper-made-from-recycled-diapers-in-japan\/15303\" style=\"color:blue; text-decoration:underline\"><span lang=\"EN-US\" style=\"font-size:14.0pt\">Toilet Paper Made from Recycled Diapers in Japan<\/span><\/a><\/span><\/span><\/span><\/p>\r\n\r\n<p style=\"text-align:justify\"><span style=\"font-size:28pt\"><span style=\"font-family:Cambria,serif\"><span style=\"letter-spacing:-0.5pt\"><b><span style=\"font-size:18.0pt\"><span style=\"font-family:&quot;Calibri&quot;,sans-serif\"><span style=\"font-variant:small-caps\">Com&eacute;rcio Exterior<\/span><\/span><\/span><\/b><\/span><\/span><\/span><\/p>\r\n\r\n<p style=\"text-align:justify\"><span style=\"font-size:11pt\"><span style=\"line-height:normal\"><span style=\"font-family:Calibri,sans-serif\"><a href=\"https:\/\/plasticosemrevista.com.br\/o-impacto-do-acordo-comercial-uniao-europeia-mercosul\/\" style=\"color:blue; text-decoration:underline\"><span style=\"font-size:14.0pt\">O impacto do acordo comercial Uni&atilde;o Europeia-Mercosul<\/span><\/a><\/span><\/span><\/span><\/p>\r\n\r\n<p style=\"text-align:justify\"><span style=\"font-size:11pt\"><span style=\"line-height:normal\"><span style=\"font-family:Calibri,sans-serif\"><a href=\"https:\/\/plasticosemrevista.com.br\/china-deve-agravar-crise-no-setor-plastico-mundial-em-2025\/\" style=\"color:blue; text-decoration:underline\"><span style=\"font-size:14.0pt\">China deve agravar crise no setor pl&aacute;stico mundial em 2025<\/span><\/a><\/span><\/span><\/span><\/p>\r\n\r\n<p style=\"text-align:justify\"><span style=\"font-size:11pt\"><span style=\"line-height:normal\"><span style=\"font-family:Calibri,sans-serif\"><a href=\"https:\/\/plasticosemrevista.com.br\/india-importacoes-de-pvc-s-inibidas-por-antidumping\/\" style=\"color:blue; text-decoration:underline\"><span style=\"font-size:14.0pt\">&Iacute;ndia: importa&ccedil;&otilde;es de PVC-S inibidas por antidumping<\/span><\/a><\/span><\/span><\/span><\/p>\r\n\r\n<p style=\"text-align:justify\"><span style=\"font-size:11pt\"><span style=\"line-height:normal\"><span style=\"font-family:Calibri,sans-serif\"><a href=\"https:\/\/www.fibre2fashion.com\/news\/textile-news\/indonesia-to-join-brics-as-full-member-300069-newsdetails.htm\" style=\"color:blue; text-decoration:underline\"><span lang=\"EN-US\" style=\"font-size:14.0pt\">Indonesia to join BRICS as full member<\/span><\/a><\/span><\/span><\/span><\/p>\r\n\r\n<p style=\"text-align:justify\"><span style=\"font-size:11pt\"><span style=\"line-height:normal\"><span style=\"font-family:Calibri,sans-serif\"><a href=\"https:\/\/www12.senado.leg.br\/radio\/1\/noticia\/2025\/01\/09\/ja-esta-em-vigor-lei-que-proibe-importacao-de-papel-plastico-vidro-e-metal-para-reciclagem\" style=\"color:blue; text-decoration:underline\"><span style=\"font-size:14.0pt\">J&aacute; est&aacute; em vigor lei que pro&iacute;be importa&ccedil;&atilde;o de papel, pl&aacute;stico, vidro e metal para reciclagem<\/span><\/a><\/span><\/span><\/span><\/p>\r\n\r\n<p style=\"text-align:justify\"><span style=\"font-size:28pt\"><span style=\"font-family:Cambria,serif\"><span style=\"letter-spacing:-0.5pt\"><b><span style=\"font-size:18.0pt\"><span style=\"font-family:&quot;Calibri&quot;,sans-serif\"><span style=\"font-variant:small-caps\">Economia<\/span><\/span><\/span><\/b><\/span><\/span><\/span><\/p>\r\n\r\n<p style=\"text-align:justify\"><span style=\"font-size:11pt\"><span style=\"line-height:normal\"><span style=\"font-family:Calibri,sans-serif\"><a href=\"https:\/\/www.bcb.gov.br\/content\/focus\/focus\/R20250110.pdf\" style=\"color:blue; text-decoration:underline\"><span style=\"font-size:14.0pt\">Focus - Relat&oacute;rio de Mercado<\/span><\/a><\/span><\/span><\/span><\/p>\r\n\r\n<p style=\"text-align:justify\"><span style=\"font-size:11pt\"><span style=\"line-height:normal\"><span style=\"font-family:Calibri,sans-serif\"><a href=\"https:\/\/ibre.fgv.br\/blog-da-conjuntura-economica\/artigos\/em-foco-181\" style=\"color:blue; text-decoration:underline\"><span style=\"font-size:14.0pt\">A prova do pudim<\/span><\/a><\/span><\/span><\/span><\/p>\r\n\r\n<p style=\"text-align:justify\"><span style=\"font-size:11pt\"><span style=\"line-height:normal\"><span style=\"font-family:Calibri,sans-serif\"><a href=\"https:\/\/agenciadenoticias.bndes.gov.br\/blogdodesenvolvimento\/detalhe\/Alta-no-PIB-do-3T-2024-evidencia-resiliencia-da-atividade-economica-em-2024\/\" style=\"color:blue; text-decoration:underline\"><span style=\"font-size:14.0pt\">Alta no PIB do 3T\/2024 evidencia resili&ecirc;ncia da atividade econ&ocirc;mica em 2024<\/span><\/a><\/span><\/span><\/span><\/p>\r\n\r\n<p style=\"text-align:justify\">&nbsp;<\/p>\r\n\r\n<p style=\"text-align:justify\"><span style=\"font-size:11pt\"><span style=\"line-height:normal\"><span style=\"font-family:Calibri,sans-serif\"><a href=\"https:\/\/agenciadenoticias.bndes.gov.br\/blogdodesenvolvimento\/detalhe\/Alta-no-PIB-do-3T-2024-evidencia-resiliencia-da-atividade-economica-em-2024\/\" style=\"color:blue; text-decoration:underline\"><span style=\"font-size:14.0pt\"><img src=\"https:\/\/www.abint.org.br\/assets\/img\/editor\/redes-sociais-abint-ctg-cth_202501141617211RP9wpX0tU.jpg\" \/><\/span><\/a><\/span><\/span><\/span><\/p>\r\n","6":"<p style=\"text-align:justify\"><span style=\"font-size:11pt\"><span style=\"line-height:normal\"><span style=\"font-family:Calibri,sans-serif\"><span style=\"font-size:14.0pt\">Esta &eacute; uma compila&ccedil;&atilde;o das not&iacute;cias mais relevantes para o setor, incluindo informa&ccedil;&otilde;es sobre acordos internacionais, economia brasileira, sustentabilidade e mat&eacute;rias primas, al&eacute;m de novidades do setor de N&atilde;otecidos e Tecidos T&eacute;cnicos.<\/span><\/span><\/span><\/span><\/p>\r\n\r\n<p style=\"text-align:justify\"><b><span style=\"font-size:18.0pt\"><span style=\"line-height:115%\"><span style=\"font-family:&quot;Calibri&quot;,sans-serif\"><span style=\"font-variant:small-caps\">O que vem por a&iacute;<\/span><\/span><\/span><\/span><\/b><\/p>\r\n\r\n<p style=\"text-align:justify\"><b><span style=\"font-size:18.0pt\"><span style=\"line-height:115%\"><span style=\"font-family:&quot;Calibri&quot;,sans-serif\"><span style=\"font-variant:small-caps\"><img src=\"https:\/\/www.abint.org.br\/assets\/img\/editor\/e-mail-mkt-site-curso-br-instal-gm-2025_20250114161447jk5qk096Gb.jpg\" \/><\/span><\/span><\/span><\/span><\/b><\/p>\r\n\r\n<p style=\"text-align:justify\"><span style=\"font-size:11pt\"><span style=\"line-height:normal\"><span style=\"font-family:Calibri,sans-serif\"><a href=\"https:\/\/www.eventbrite.com\/e\/curso-brasileiro-de-instalacao-de-geomembranas-paulo-kenji-acakura-2025-tickets-1111455586579?aff=oddtdtcreator\" style=\"color:blue; text-decoration:underline\"><span style=\"font-size:14.0pt\">Fa&ccedil;a sua inscri&ccedil;&atilde;o<\/span><\/a><\/span><\/span><\/span><\/p>\r\n\r\n<p style=\"text-align:justify\"><span style=\"font-size:28pt\"><span style=\"font-family:Cambria,serif\"><span style=\"letter-spacing:-0.5pt\"><b><span style=\"font-size:18.0pt\"><span style=\"font-family:&quot;Calibri&quot;,sans-serif\"><span style=\"font-variant:small-caps\">Not&iacute;cias das Associadas<\/span><\/span><\/span><\/b><\/span><\/span><\/span><\/p>\r\n\r\n<p style=\"text-align:justify\"><span style=\"font-size:11pt\"><span style=\"line-height:normal\"><span style=\"font-family:Calibri,sans-serif\"><a href=\"https:\/\/t.rdsv2.net\/ls\/click?upn=u001.SJ-2BHbcLStyE5mTD5OK48sq2JxFfkhvQ6eAz6nLBcupWlCYOYzQzqwx55fUpi5QSQ27ys-2BtfN4Jj0R6Bxz3WylVrPug8VvM4EDEUTbNurlQ60x56erzPJ8nkb0CD2lWgrSP2MU-2BxnkVHa3p5rDfhdz55FcqkT16nlmNeLTaDqriio-2FBoQKTVFavD7POXZircDejiqT19rKnIC1MzLBeoOkT6i6SZN1gwBHlxqCt2M2lT0tiyW8GCWRmqDCejvcclxy5iYGCwfL-2F6LYnMEVHX1tej3o4N9-2FUg5njchEDU0QPg-3DqOF1_T7N8BvZTOm04CQQMiyWztrpCjlUrRc4F7QzSgUIpTqB5Yk-2Bt7YhUyk7lZRXmbFFsi-2Foe1q0kuwsCjfsBOqL9ZeKwOqG7ApazixuGEP6Z5SJuFg5bm15p-2FcAKNI6-2BqjB-2BhCK9LmAfJlYrjOoraFh7g-2FOz8ufVe6mVaaVCV6frOWCu-2FjpnH-2BIx7p8Gjc5uVlGO2o419hccqYmmZsrIdESOV0aX8bGORMd10309VlejTnMswnfhZINkHTGCt-2BNbJvEtEOxQZzgDQbyVjLQrHA5K4Dc6gobHyCU2lM7yvlF91cFX3tpYhnN8MzANJIy8CYLD2cA3bsd5r3iOVrSdcCeFE2FBpgb5LuCZuQyCe1duj8x4sieY-2FlukC8fC9I-2Fc9-2Bb7bQ-2FbpN8HIGcYGYAv-2FF6DBOXaPfV39dBMi4Hzl8EX7AU-2BzcDoW0ShQ79mstL7uOOk2yFqAFLLDO4e7uqWe0CKE-2B2z62TYJL-2BtBdhZrdtqKSywiCBFkNNb1YPpRkezelm2T-2B1oD-2BhapYQL5G6yH-2FbvZbPQ4SwqxJ-2B2Bh950RQ9rGSSurrRXsUxeQvzEm5bLXx6NZYVZlvuK8q7WZjYwh5anNqO6JIQKQkQKYN952c-2FqDUvJK9peq9E49JjiPVbAhiZ1Ko7snj-2FQc-2BHYCqQDz758EigHu5WaVyacNWe2U3e6tM15bKWwaOZpvzkQHEXFCVUJH-2B2q8GMYnNN-2F3LdXeJ-2Bqw-3D-3D\" style=\"color:blue; text-decoration:underline\" title=\"ANDRITZ \u00e9 a 3\u00aa no ranking das 100+ ind\u00fastrias de Arauc\u00e1ria\"><span style=\"font-size:14.0pt\">ANDRITZ &eacute; a 3&ordf; no ranking das 100+ ind&uacute;strias de Arauc&aacute;ria<\/span><\/a><\/span><\/span><\/span><\/p>\r\n\r\n<p style=\"text-align:justify\"><span style=\"font-size:11pt\"><span style=\"line-height:normal\"><span style=\"font-family:Calibri,sans-serif\"><a href=\"https:\/\/www.innovationintextiles.com\/nonwovens\/andritz-technical-centre-for-dry-moulded-fibre\/\" style=\"color:blue; text-decoration:underline\"><span lang=\"ES-AR\" style=\"font-size:14.0pt\">Andritz technical centre for dry moulded fibre<\/span><\/a><\/span><\/span><\/span><\/p>\r\n\r\n<p style=\"text-align:justify\"><span style=\"font-size:11pt\"><span style=\"line-height:normal\"><span style=\"font-family:Calibri,sans-serif\"><a href=\"https:\/\/www.innovationintextiles.com\/fibres-yarns-fabrics\/circular-initiatives-gather-momentum-at-indorama-and-milliken\/\" style=\"color:blue; text-decoration:underline\"><span lang=\"ES-AR\" style=\"font-size:14.0pt\">Circular initiatives gather momentum at Indorama and Milliken<\/span><\/a><\/span><\/span><\/span><\/p>\r\n\r\n<p style=\"text-align:justify\">&nbsp;<\/p>\r\n\r\n<p style=\"text-align:justify\"><span style=\"font-size:11pt\"><span style=\"line-height:normal\"><span style=\"font-family:Calibri,sans-serif\"><b><span style=\"font-size:18.0pt\"><span style=\"font-variant:small-caps\">Eventos<\/span><\/span><\/b><\/span><\/span><\/span><\/p>\r\n\r\n<p style=\"text-align:justify\">&nbsp;<\/p>\r\n\r\n<p style=\"text-align:justify\"><span style=\"font-size:11pt\"><span style=\"line-height:normal\"><span style=\"font-family:Calibri,sans-serif\"><a href=\"https:\/\/www.sympla.com.br\/evento\/warm-up-pdac-2025\/2766313?utm_campaign=warm-up_pdac_2025_em_toronto__gb&amp;utm_medium=email&amp;utm_source=RD+Station\" style=\"color:blue; text-decoration:underline\"><b><span style=\"font-size:14.0pt\">Warm-Up PDAC 2025<\/span><\/b><\/a><b> <\/b><i><span style=\"font-size:14.0pt\">(prepara&ccedil;&atilde;o para evento de minera&ccedil;&atilde;o global)<\/span><\/i><b><span style=\"font-size:14.0pt\">, <\/span><\/b><span style=\"font-size:14.0pt\">28 de janeiro de 2025, 9h00 &agrave;s 11h00, local Azevedo Sette Advogados, Rua Para&iacute;ba, 1000, Belo Horizonte, MG<\/span><\/span><\/span><\/span><\/p>\r\n\r\n<p style=\"text-align:justify\"><span style=\"font-size:11pt\"><span style=\"line-height:normal\"><span style=\"font-family:Calibri,sans-serif\"><a href=\"https:\/\/www.abnteducacao.com.br\/Simbologia_de_cuidados_aplicada_a_Etiquetagem_de_Texteis_ABNT_NBR_NM_ISO_3758\" style=\"color:blue; text-decoration:underline\"><b><span style=\"font-size:14.0pt\">Simbologia de cuidados aplicada a Etiquetagem de T&ecirc;xteis - ABNT NBR NM ISO 3758<\/span><\/b><\/a><span style=\"font-size:14.0pt\">, 05 e 06 de fevereiro de 2025, 08h30 &agrave;s 17h30<\/span><\/span><\/span><\/span><\/p>\r\n\r\n<p style=\"text-align:justify\"><span style=\"font-size:11pt\"><span style=\"line-height:normal\"><span style=\"font-family:Calibri,sans-serif\"><a href=\"https:\/\/www.fimec.com.br\/\" style=\"color:blue; text-decoration:underline\"><b><span style=\"font-size:14.0pt\">Fimec 2025<\/span><\/b><\/a><span style=\"font-size:14.0pt\">, 18 a 20 de mar&ccedil;o, Fenac, Novo Hamburgo, RS<\/span><\/span><\/span><\/span><\/p>\r\n\r\n<p style=\"text-align:justify\"><span style=\"font-size:11pt\"><span style=\"line-height:normal\"><span style=\"font-family:Calibri,sans-serif\"><a href=\"https:\/\/www.plasticobrasil.com.br\/pt\/home.html\" style=\"color:blue; text-decoration:underline\"><b><span style=\"font-size:14.0pt\">Feira Pl&aacute;stico Brasil<\/span><\/b><\/a><span style=\"font-size:14.0pt\">, de 24 a 28 de mar&ccedil;o de 2025, das 10h &agrave;s 19h, S&atilde;o Paulo Expo, Rodovia dos Imigrantes, km 1,5<\/span><\/span><\/span><\/span><\/p>\r\n\r\n<p style=\"text-align:justify\"><span style=\"font-size:11pt\"><span style=\"line-height:normal\"><span style=\"font-family:Calibri,sans-serif\"><a href=\"https:\/\/ideashow.org\/\" style=\"color:blue; text-decoration:underline\"><b><span lang=\"EN-US\" style=\"font-size:14.0pt\">IDEA25<\/span><\/b><\/a><span lang=\"EN-US\" style=\"font-size:14.0pt\">, April 29-May 1, 2025, Miami Beach Convention Center, Miami Beach, Florida<\/span><\/span><\/span><\/span><\/p>\r\n\r\n<p style=\"text-align:justify\"><span style=\"font-size:11pt\"><span style=\"line-height:normal\"><span style=\"font-family:Calibri,sans-serif\"><a href=\"https:\/\/www.conbrava.com.br\/\" style=\"color:blue; text-decoration:underline\"><b><span style=\"font-size:14.0pt\">CONBRAVA 2025<\/span><\/b><\/a><span style=\"font-size:14.0pt\">, 10 a 12 de setembro de 2025, S&atilde;o Paulo Expo, Rodovia dos Imigrantes, km 1,5<\/span><\/span><\/span><\/span><\/p>\r\n\r\n<p style=\"text-align:justify\"><span style=\"font-size:11pt\"><span style=\"line-height:normal\"><span style=\"font-family:Calibri,sans-serif\"><a href=\"https:\/\/paving.com.br\/\" style=\"color:blue; text-decoration:underline\"><b><span style=\"font-size:14.0pt\">Paving Expo 2025<\/span><\/b><\/a><span style=\"font-size:14.0pt\">, 23 a 25 de setembro de 2025, Distrito Anhembi, Rua Prof. Milton Rodrigues, s\/n, Santana, S&atilde;o Paulo, SP<\/span><\/span><\/span><\/span><\/p>\r\n\r\n<p style=\"text-align:justify\"><span style=\"font-size:11pt\"><span style=\"line-height:normal\"><span style=\"font-family:Calibri,sans-serif\"><b><span style=\"font-size:14.0pt\">17&ordm; Congresso Brasileiro de Enfermagem em Centro Cir&uacute;rgico: &ldquo;O poder de cuidar&rdquo;<\/span><\/b><span style=\"font-size:14.0pt\">, 01 a 03 de outubro de 2025, Transamerica Expo Center, S&atilde;o Paulo, SP<\/span><\/span><\/span><\/span><\/p>\r\n\r\n<p style=\"text-align:justify\"><span style=\"font-size:11pt\"><span style=\"line-height:normal\"><span style=\"font-family:Calibri,sans-serif\"><a href=\"https:\/\/hospitalmed.com.br\/feira\/\" style=\"color:blue; text-decoration:underline\"><b><span style=\"font-size:14.0pt\">HospitalMed 2025<\/span><\/b><\/a><span style=\"font-size:14.0pt\">, 22 a 24 de outubro, Pernambuco Centro de Conven&ccedil;&otilde;es, Olinda<\/span><\/span><\/span><\/span><\/p>\r\n\r\n<p style=\"text-align:justify\"><span style=\"font-size:28pt\"><span style=\"font-family:Cambria,serif\"><span style=\"letter-spacing:-0.5pt\"><b><span style=\"font-size:18.0pt\"><span style=\"font-family:&quot;Calibri&quot;,sans-serif\"><span style=\"font-variant:small-caps\">Setor<\/span><\/span><\/span><\/b><\/span><\/span><\/span><\/p>\r\n\r\n<p style=\"text-align:justify\"><span style=\"font-size:11pt\"><span style=\"line-height:normal\"><span style=\"font-family:Calibri,sans-serif\"><a href=\"https:\/\/portalpersonalcare.com.br\/envelhecimento-populacional-e-a-expansao-do-mercado-de-produtos-geriatricos-no-brasil\/\" style=\"color:blue; text-decoration:underline\"><span lang=\"ES-AR\" style=\"font-size:14.0pt\">Envelhecimento populacional e a expans&atilde;o do mercado de produtos geri&aacute;tricos no Brasil<\/span><\/a><\/span><\/span><\/span><\/p>\r\n\r\n<p style=\"text-align:justify\"><span style=\"font-size:11pt\"><span style=\"line-height:normal\"><span style=\"font-family:Calibri,sans-serif\"><a href=\"https:\/\/portalpersonalcare.com.br\/grandes-fabricantes-de-fraldas-investem-em-novas-fabricas-e-tecnologias-nos-eua\/\" style=\"color:blue; text-decoration:underline\"><span lang=\"ES-AR\" style=\"font-size:14.0pt\">Grandes fabricantes de fraldas investem em novas f&aacute;bricas e tecnologias nos EUA<\/span><\/a><\/span><\/span><\/span><\/p>\r\n\r\n<p style=\"text-align:justify\"><span style=\"font-size:11pt\"><span style=\"line-height:normal\"><span style=\"font-family:Calibri,sans-serif\"><a href=\"https:\/\/olhardigital.com.br\/2024\/12\/21\/medicina-e-saude\/estudo-aponta-risco-oculto-nos-chas-de-saquinho\/\" style=\"color:blue; text-decoration:underline\"><span lang=\"ES-AR\" style=\"font-size:14.0pt\">Estudo aponta &quot;risco oculto&quot; nos ch&aacute;s de saquinho<\/span><\/a><\/span><\/span><\/span><\/p>\r\n\r\n<p style=\"text-align:justify\"><span style=\"font-size:11pt\"><span style=\"line-height:normal\"><span style=\"font-family:Calibri,sans-serif\"><a href=\"https:\/\/t.rdsv2.net\/ls\/click?upn=u001.SJ-2BHbcLStyE5mTD5OK48sq2JxFfkhvQ6eAz6nLBcupUukn97E-2F2jCJjnvMffSUPS1AMvYcaZ2gNHe3tEDJH76W9YRII1omnZ4OBJX-2ByuCCLjgshWpQ-2FcxPnvVw1OXERnk6r7GuKCwgHoYWL7Y-2FdqaM3s8PiTQU7DCDO9PsYyGLA2gvzbWkhJNmqj3YOzB4s0ctkBi15qdyKvPhG2UrAekszH8ty9qjrBT-2Fgq0AbLcvxEKR0mKZFlqciMV0ffCAjHLtIHRnx00AXk66gn5i3W-2FWIBKni2ItWx-2FL3S1hlJ6-2B-2FTQh-2BWfe8RbGVBEtUBQUWr-2FFa1dopXnGl-2FP02huFV2Tx3Gd6dHi0OYUDW-2B-2F42yx1g-3DYl5y_T7N8BvZTOm04CQQMiyWztrpCjlUrRc4F7QzSgUIpTqB5Yk-2Bt7YhUyk7lZRXmbFFsi-2Foe1q0kuwsCjfsBOqL9ZeKwOqG7ApazixuGEP6Z5SJuFg5bm15p-2FcAKNI6-2BqjB-2BoGe-2BCKrP9ov1I-2BFkuXCzvjHrZd1gCJd9sCCsc6zC1V6-2F2VNcaoyGWFB-2FNUsmIO2-2BwxIP58dWeeSfkjHgd5D44mRtXg6a-2FExcywFrFN5-2BmDBW8MobKtN6Ari-2FIlbF6RVnKVGeK2YmlTiKWIT-2FPgQDe-2FTWDvX55NYTfgCUf2TVnLBKPfF29rRoo8Hkqc-2Bsrj06NdVc0uakeA7fr2-2B9Dh0gwHEBB-2B72iVaSMdYeN-2FX8LksJ4Eh9dHHfy9j3MpemIVHAR6Y2gOHzXCPuM6uIoSmpBj2CbImsuNqP7nkjI3TyLlUuhmiQXbs-2FH0K3LQ-2BESAycsxBZmXlIni0oxaI3cZ0LNog4iZ-2F5WmpsaVmf7bCKcjjM32K5rU-2FZwIzRG0lIIZf-2FCcww5xrz53QyLkskGONDkDK-2BVqXt-2BAihdw-2Bb4A5Eh5d5xaEles4X5iMtzdt4CNUblJG-2B0jZEI7ka2-2BDNmBIeRl2LiOwNaFl0-2BJBzqEWS18UDo-2Fj-2BLqE0kzQqQXQIl4Qov8-2FOxT2OamvlHUOVKvA5s-2BakmrmtElhZ5H2IAadeU4Gvxufog1UVb7mEQL-2Bl5xIq1MKF-2F9IAIowP11x9-2B-2FXKaDFuw5FtaQw8gc24P-2FHYDTE-3D\" style=\"color:blue; text-decoration:underline\" title=\"Drylock Technologies investe R$ 35 milh\u00f5es em nova m\u00e1quina de fraldas infantis pants\"><span style=\"font-size:14.0pt\">Drylock Technologies investe R$ 35 milh&otilde;es em nova m&aacute;quina de fraldas infantis pants<\/span><\/a><\/span><\/span><\/span><\/p>\r\n\r\n<p style=\"text-align:justify\"><span style=\"font-size:11pt\"><span style=\"line-height:normal\"><span style=\"font-family:Calibri,sans-serif\"><a href=\"https:\/\/www.anahp.com.br\/publicacoes\/balanco-observatorio-anahp-4a-edicao\/?utm_campaign=emkt_-_lancamento_4o_balanco_observatorio_anahp_reforco&amp;utm_medium=email&amp;utm_source=RD+Station\" style=\"color:blue; text-decoration:underline\"><span style=\"font-size:14.0pt\">4&ordf; edi&ccedil;&atilde;o do Balan&ccedil;o Observat&oacute;rio Anahp<\/span><\/a><\/span><\/span><\/span><\/p>\r\n\r\n<p style=\"text-align:justify\"><span style=\"font-size:11pt\"><span style=\"line-height:normal\"><span style=\"font-family:Calibri,sans-serif\"><a href=\"https:\/\/www.moveisdevalor.com.br\/portal\/brasil-fica-em-5-lugar-na-producao-de-colchoes-no-mundo?source=news\" style=\"color:blue; text-decoration:underline\"><span style=\"font-size:14.0pt\">Brasil det&eacute;m 5&ordf; posi&ccedil;&atilde;o na produ&ccedil;&atilde;o mundial de colch&otilde;es<\/span><\/a><\/span><\/span><\/span><\/p>\r\n\r\n<p style=\"text-align:justify\"><span style=\"font-size:11pt\"><span style=\"line-height:normal\"><span style=\"font-family:Calibri,sans-serif\"><a href=\"https:\/\/apparelresources.com\/business-news\/manufacturing\/indias-growth-fuels-textile-nonwoven-market-rohit-aggarwal-ceo-lenzing\/\" style=\"color:blue; text-decoration:underline\"><span lang=\"EN-US\" style=\"font-size:14.0pt\">&ldquo;India&rsquo;s growth fuels textile and nonwoven market&rdquo;: Rohit Aggarwal, CEO, Lenzing<\/span><\/a><\/span><\/span><\/span><\/p>\r\n\r\n<p style=\"text-align:justify\"><span style=\"font-size:11pt\"><span style=\"line-height:normal\"><span style=\"font-family:Calibri,sans-serif\"><a href=\"https:\/\/www.innovationintextiles.com\/expanded-sourcing-at-texworld-paris\/\" style=\"color:blue; text-decoration:underline\"><span lang=\"ES-AR\" style=\"font-size:14.0pt\">Fibres\/Yarns\/Fabrics: expanded sourcing at Texworld Paris<\/span><\/a><\/span><\/span><\/span><\/p>\r\n\r\n<p style=\"text-align:justify\"><span style=\"font-size:28pt\"><span style=\"font-family:Cambria,serif\"><span style=\"letter-spacing:-0.5pt\"><b><span style=\"font-size:18.0pt\"><span style=\"font-family:&quot;Calibri&quot;,sans-serif\"><span style=\"font-variant:small-caps\">Ind&uacute;stria<\/span><\/span><\/span><\/b><\/span><\/span><\/span><\/p>\r\n\r\n<p style=\"text-align:justify\"><span style=\"font-size:11pt\"><span style=\"line-height:normal\"><span style=\"font-family:Calibri,sans-serif\"><a href=\"https:\/\/ibre.fgv.br\/blog-da-conjuntura-economica\/artigos\/confianca-empresarial-fecha-2024-melhor-do-que-em-2023-mas-com\" style=\"color:blue; text-decoration:underline\"><span style=\"font-size:14.0pt\">Confian&ccedil;a empresarial fecha 2024 melhor do que em 2023, mas com vi&eacute;s negativo. Consumidores j&aacute; mostram sensibilidade &agrave; infla&ccedil;&atilde;o<\/span><\/a><\/span><\/span><\/span><\/p>\r\n\r\n<p style=\"text-align:justify\"><span style=\"font-size:11pt\"><span style=\"line-height:normal\"><span style=\"font-family:Calibri,sans-serif\"><a href=\"https:\/\/agenciabrasil.ebc.com.br\/economia\/noticia\/2024-12\/cni-preve-crescimento-da-economia-de-24-em-2025\" style=\"color:blue; text-decoration:underline\"><span style=\"font-size:14.0pt\">CNI prev&ecirc; crescimento da economia de 2,4% em 2025<\/span><\/a><\/span><\/span><\/span><\/p>\r\n\r\n<p style=\"text-align:justify\"><span style=\"font-size:11pt\"><span style=\"line-height:normal\"><span style=\"font-family:Calibri,sans-serif\"><a href=\"https:\/\/agenciabrasil.ebc.com.br\/economia\/noticia\/2024-12\/setor-da-construcao-civil-cresce-41-em-2024\" style=\"color:blue; text-decoration:underline\"><span style=\"font-size:14.0pt\">Setor da constru&ccedil;&atilde;o civil cresce 4,1% em 2024<\/span><\/a><\/span><\/span><\/span><\/p>\r\n\r\n<p style=\"text-align:justify\"><span style=\"font-size:11pt\"><span style=\"line-height:normal\"><span style=\"font-family:Calibri,sans-serif\"><a href=\"https:\/\/grandesconstrucoes.com.br\/Noticias\/Exibir\/desafios-da-construcao-civil-em-2025?utm_source=akna&amp;utm_medium=email&amp;utm_campaign=Grandes-Construcoes-Informativo-944-09-01-2025\" style=\"color:blue; text-decoration:underline\"><span style=\"font-size:14.0pt\">Desafios da constru&ccedil;&atilde;o civil em 2025<\/span><\/a><\/span><\/span><\/span><\/p>\r\n\r\n<p style=\"text-align:justify\"><span style=\"font-size:11pt\"><span style=\"line-height:normal\"><span style=\"font-family:Calibri,sans-serif\"><a href=\"https:\/\/paving.com.br\/cenario-positivo-no-horizonte\/?utm_source=ActiveCampaign&amp;utm_medium=email&amp;utm_content=O%20futuro%20da%20infraestrutura%20te%20espera%20em%202025&amp;utm_campaign=O%20futuro%20da%20infraestrutura%20te%20espera%20em%202025&amp;vgo_ee=vTPsWw4HDQiT2QarUl%2BReNDIsNu0RdVsJZQf2qduW4SvHw%3D%3D%3AQQpiAAT99n9i1uXkWoQG9r7g3glidiod\" style=\"color:blue; text-decoration:underline\"><span style=\"font-size:14.0pt\">Setor de Infraestrutura Mostra Crescimento e Previs&otilde;es Otimistas para 2025<\/span><\/a><\/span><\/span><\/span><\/p>\r\n\r\n<p style=\"text-align:justify\"><span style=\"font-size:28pt\"><span style=\"font-family:Cambria,serif\"><span style=\"letter-spacing:-0.5pt\"><b><span style=\"font-size:18.0pt\"><span style=\"font-family:&quot;Calibri&quot;,sans-serif\"><span style=\"font-variant:small-caps\">Sustentabilidade<\/span><\/span><\/span><\/b><\/span><\/span><\/span><\/p>\r\n\r\n<p style=\"text-align:justify\"><span style=\"font-size:11pt\"><span style=\"line-height:normal\"><span style=\"font-family:Calibri,sans-serif\"><a href=\"https:\/\/abiquim.org.br\/comunicacao\/noticia\/11684\" style=\"color:blue; text-decoration:underline\"><span style=\"font-size:14.0pt\">Abiquim vislumbra redu&ccedil;&atilde;o da polui&ccedil;&atilde;o pl&aacute;stica com material 100% recicl&aacute;vel<\/span><\/a><\/span><\/span><\/span><\/p>\r\n\r\n<p style=\"text-align:justify\"><span style=\"font-size:11pt\"><span style=\"line-height:normal\"><span style=\"font-family:Calibri,sans-serif\"><a href=\"https:\/\/www.revistaplasticosul.com.br\/sustentabilidade\/regiao-sul-e-a-segunda-maior-produtora-de-resina-reciclada-no-brasil\/\" style=\"color:blue; text-decoration:underline\"><span style=\"font-size:14.0pt\">Regi&atilde;o Sul &eacute; a segunda maior produtora de resina reciclada no brasil<\/span><\/a><\/span><\/span><\/span><\/p>\r\n\r\n<p style=\"text-align:justify\"><span style=\"font-size:11pt\"><span style=\"line-height:normal\"><span style=\"font-family:Calibri,sans-serif\"><a href=\"https:\/\/www.revistaplasticosul.com.br\/sustentabilidade\/sustentabilidade-na-industria-automotiva-compromisso-que-comeca-na-cadeia-de-fornecedores\/\" style=\"color:blue; text-decoration:underline\"><span style=\"font-size:14.0pt\">Sustentabilidade na ind&uacute;stria automotiva: compromisso que come&ccedil;a na cadeia de fornecedores<\/span><\/a><\/span><\/span><\/span><\/p>\r\n\r\n<p style=\"text-align:justify\"><span style=\"font-size:11pt\"><span style=\"line-height:normal\"><span style=\"font-family:Calibri,sans-serif\"><a href=\"https:\/\/grandesconstrucoes.com.br\/Noticias\/Exibir\/tecnologia-e-sustentabilidade-serao-os-motores-do-setor-da-construcao-civil-em-2025?utm_source=akna&amp;utm_medium=email&amp;utm_campaign=Grandes-Construcoes-Informativo-944-09-01-2025\" style=\"color:blue; text-decoration:underline\"><span style=\"font-size:14.0pt\">Tecnologia e sustentabilidade ser&atilde;o os motores do setor da constru&ccedil;&atilde;o civil em 2025<\/span><\/a><\/span><\/span><\/span><\/p>\r\n\r\n<p style=\"text-align:justify\"><span style=\"font-size:28pt\"><span style=\"font-family:Cambria,serif\"><span style=\"letter-spacing:-0.5pt\"><b><span style=\"font-size:18.0pt\"><span style=\"font-family:&quot;Calibri&quot;,sans-serif\"><span style=\"font-variant:small-caps\">Inova&ccedil;&atilde;o<\/span><\/span><\/span><\/b><\/span><\/span><\/span><\/p>\r\n\r\n<p style=\"text-align:justify\"><span style=\"font-size:11pt\"><span style=\"line-height:normal\"><span style=\"font-family:Calibri,sans-serif\"><a href=\"https:\/\/tissueonline.com.br\/japao-lanca-primeiro-papel-higienico-do-mundo-feito-a-partir-de-fraldas-usadas\/?utm_campaign=nova_newsletter_100125&amp;utm_medium=email&amp;utm_source=RD+Station\" style=\"color:blue; text-decoration:underline\"><span style=\"font-size:14.0pt\">Jap&atilde;o lan&ccedil;a primeiro papel higi&ecirc;nico do mundo feito a partir de fraldas usadas<\/span><\/a><\/span><\/span><\/span><\/p>\r\n\r\n<p style=\"text-align:justify\"><span style=\"font-size:11pt\"><span style=\"line-height:normal\"><span style=\"font-family:Calibri,sans-serif\"><a href=\"https:\/\/www.terra.com.br\/planeta\/noticias\/como-cientistas-brasileiros-usaram-nanotecnologia-para-criar-embalagem-que-substitui-o-plastico,1c79e683346ca1d0b3e309f0e923d114lv3r3szg.html\" style=\"color:blue; text-decoration:underline\"><span style=\"font-size:14.0pt\">Como cientistas brasileiros usaram nanotecnologia para criar embalagem que substitui o pl&aacute;stico<\/span><\/a><\/span><\/span><\/span><\/p>\r\n\r\n<p style=\"text-align:justify\"><span style=\"font-size:11pt\"><span style=\"line-height:normal\"><span style=\"font-family:Calibri,sans-serif\"><a href=\"https:\/\/www.fibre2fashion.com\/news\/technical-textiles\/uk-researchers-develop-sustainable-bio-degradable-e-textiles-sweet-300015-newsdetails.htm\" style=\"color:blue; text-decoration:underline\"><span lang=\"EN-US\" style=\"font-size:14.0pt\">UK researchers develop sustainable, bio-degradable e-textiles SWEET<\/span><\/a><\/span><\/span><\/span><\/p>\r\n\r\n<p style=\"text-align:justify\"><span style=\"font-size:11pt\"><span style=\"line-height:normal\"><span style=\"font-family:Calibri,sans-serif\"><a href=\"https:\/\/www.nonwovens-industry.com\/contents\/view_breaking-news\/2025-01-08\/toilet-paper-made-from-recycled-diapers-in-japan\/15303\" style=\"color:blue; text-decoration:underline\"><span lang=\"EN-US\" style=\"font-size:14.0pt\">Toilet Paper Made from Recycled Diapers in Japan<\/span><\/a><\/span><\/span><\/span><\/p>\r\n\r\n<p style=\"text-align:justify\"><span style=\"font-size:28pt\"><span style=\"font-family:Cambria,serif\"><span style=\"letter-spacing:-0.5pt\"><b><span style=\"font-size:18.0pt\"><span style=\"font-family:&quot;Calibri&quot;,sans-serif\"><span style=\"font-variant:small-caps\">Com&eacute;rcio Exterior<\/span><\/span><\/span><\/b><\/span><\/span><\/span><\/p>\r\n\r\n<p style=\"text-align:justify\"><span style=\"font-size:11pt\"><span style=\"line-height:normal\"><span style=\"font-family:Calibri,sans-serif\"><a href=\"https:\/\/plasticosemrevista.com.br\/o-impacto-do-acordo-comercial-uniao-europeia-mercosul\/\" style=\"color:blue; text-decoration:underline\"><span style=\"font-size:14.0pt\">O impacto do acordo comercial Uni&atilde;o Europeia-Mercosul<\/span><\/a><\/span><\/span><\/span><\/p>\r\n\r\n<p style=\"text-align:justify\"><span style=\"font-size:11pt\"><span style=\"line-height:normal\"><span style=\"font-family:Calibri,sans-serif\"><a href=\"https:\/\/plasticosemrevista.com.br\/china-deve-agravar-crise-no-setor-plastico-mundial-em-2025\/\" style=\"color:blue; text-decoration:underline\"><span style=\"font-size:14.0pt\">China deve agravar crise no setor pl&aacute;stico mundial em 2025<\/span><\/a><\/span><\/span><\/span><\/p>\r\n\r\n<p style=\"text-align:justify\"><span style=\"font-size:11pt\"><span style=\"line-height:normal\"><span style=\"font-family:Calibri,sans-serif\"><a href=\"https:\/\/plasticosemrevista.com.br\/india-importacoes-de-pvc-s-inibidas-por-antidumping\/\" style=\"color:blue; text-decoration:underline\"><span style=\"font-size:14.0pt\">&Iacute;ndia: importa&ccedil;&otilde;es de PVC-S inibidas por antidumping<\/span><\/a><\/span><\/span><\/span><\/p>\r\n\r\n<p style=\"text-align:justify\"><span style=\"font-size:11pt\"><span style=\"line-height:normal\"><span style=\"font-family:Calibri,sans-serif\"><a href=\"https:\/\/www.fibre2fashion.com\/news\/textile-news\/indonesia-to-join-brics-as-full-member-300069-newsdetails.htm\" style=\"color:blue; text-decoration:underline\"><span lang=\"EN-US\" style=\"font-size:14.0pt\">Indonesia to join BRICS as full member<\/span><\/a><\/span><\/span><\/span><\/p>\r\n\r\n<p style=\"text-align:justify\"><span style=\"font-size:11pt\"><span style=\"line-height:normal\"><span style=\"font-family:Calibri,sans-serif\"><a href=\"https:\/\/www12.senado.leg.br\/radio\/1\/noticia\/2025\/01\/09\/ja-esta-em-vigor-lei-que-proibe-importacao-de-papel-plastico-vidro-e-metal-para-reciclagem\" style=\"color:blue; text-decoration:underline\"><span style=\"font-size:14.0pt\">J&aacute; est&aacute; em vigor lei que pro&iacute;be importa&ccedil;&atilde;o de papel, pl&aacute;stico, vidro e metal para reciclagem<\/span><\/a><\/span><\/span><\/span><\/p>\r\n\r\n<p style=\"text-align:justify\"><span style=\"font-size:28pt\"><span style=\"font-family:Cambria,serif\"><span style=\"letter-spacing:-0.5pt\"><b><span style=\"font-size:18.0pt\"><span style=\"font-family:&quot;Calibri&quot;,sans-serif\"><span style=\"font-variant:small-caps\">Economia<\/span><\/span><\/span><\/b><\/span><\/span><\/span><\/p>\r\n\r\n<p style=\"text-align:justify\"><span style=\"font-size:11pt\"><span style=\"line-height:normal\"><span style=\"font-family:Calibri,sans-serif\"><a href=\"https:\/\/www.bcb.gov.br\/content\/focus\/focus\/R20250110.pdf\" style=\"color:blue; text-decoration:underline\"><span style=\"font-size:14.0pt\">Focus - Relat&oacute;rio de Mercado<\/span><\/a><\/span><\/span><\/span><\/p>\r\n\r\n<p style=\"text-align:justify\"><span style=\"font-size:11pt\"><span style=\"line-height:normal\"><span style=\"font-family:Calibri,sans-serif\"><a href=\"https:\/\/ibre.fgv.br\/blog-da-conjuntura-economica\/artigos\/em-foco-181\" style=\"color:blue; text-decoration:underline\"><span style=\"font-size:14.0pt\">A prova do pudim<\/span><\/a><\/span><\/span><\/span><\/p>\r\n\r\n<p style=\"text-align:justify\"><span style=\"font-size:11pt\"><span style=\"line-height:normal\"><span style=\"font-family:Calibri,sans-serif\"><a href=\"https:\/\/agenciadenoticias.bndes.gov.br\/blogdodesenvolvimento\/detalhe\/Alta-no-PIB-do-3T-2024-evidencia-resiliencia-da-atividade-economica-em-2024\/\" style=\"color:blue; text-decoration:underline\"><span style=\"font-size:14.0pt\">Alta no PIB do 3T\/2024 evidencia resili&ecirc;ncia da atividade econ&ocirc;mica em 2024<\/span><\/a><\/span><\/span><\/span><\/p>\r\n\r\n<p style=\"text-align:justify\">&nbsp;<\/p>\r\n\r\n<p style=\"text-align:justify\"><span style=\"font-size:11pt\"><span style=\"line-height:normal\"><span style=\"font-family:Calibri,sans-serif\"><a href=\"https:\/\/agenciadenoticias.bndes.gov.br\/blogdodesenvolvimento\/detalhe\/Alta-no-PIB-do-3T-2024-evidencia-resiliencia-da-atividade-economica-em-2024\/\" style=\"color:blue; text-decoration:underline\"><span style=\"font-size:14.0pt\"><img src=\"https:\/\/www.abint.org.br\/assets\/img\/editor\/redes-sociais-abint-ctg-cth_202501141617211RP9wpX0tU.jpg\" \/><\/span><\/a><\/span><\/span><\/span><\/p>\r\n","texto_en":"","7":"","imagem":"COMP_capa-2025-site-boletim-abint-noticias-semanis_20250114161824d12kTSnIr9.jpg","8":"COMP_capa-2025-site-boletim-abint-noticias-semanis_20250114161824d12kTSnIr9.jpg","arquivo":"20250114-BOLETIM-ABINT-DE-NOTICIAS-SEMANAIS.PDF","9":"20250114-BOLETIM-ABINT-DE-NOTICIAS-SEMANAIS.PDF","titulo_arquivo":"20250114 Boletim ABINT de Not\u00edcias Semanais","10":"20250114 Boletim ABINT de Not\u00edcias Semanais","titulo_arquivo_en":"","11":"","created_at":"2025-01-14 16:18:35","12":"2025-01-14 16:18:35","updated_at":"2025-01-14 16:18:35","13":"2025-01-14 16:18:35"},{"id":150,"0":150,"ordem":73,"1":73,"data":"2024-12-17","2":"2024-12-17","slug":"boletim-abint-de-noticias-semanais-58","3":"boletim-abint-de-noticias-semanais-58","titulo":"Boletim ABINT de Not\u00edcias Semanais","4":"Boletim ABINT de Not\u00edcias Semanais","titulo_en":"","5":"","texto":"<p style=\"text-align:justify\"><span style=\"font-size:11pt\"><span style=\"line-height:normal\"><span style=\"font-family:Calibri,sans-serif\"><span style=\"font-size:14.0pt\">Esta &eacute; uma compila&ccedil;&atilde;o das not&iacute;cias mais relevantes para o setor, incluindo informa&ccedil;&otilde;es sobre acordos internacionais, economia brasileira, sustentabilidade e mat&eacute;rias primas, al&eacute;m de novidades do setor de N&atilde;otecidos e Tecidos T&eacute;cnicos.<\/span><\/span><\/span><\/span><\/p>\r\n\r\n<p style=\"text-align:justify\">&nbsp;<\/p>\r\n\r\n<p style=\"text-align:justify\"><span style=\"font-size:11pt\"><span style=\"line-height:normal\"><span style=\"font-family:Calibri,sans-serif\"><span style=\"font-size:14.0pt\"><img src=\"https:\/\/www.abint.org.br\/assets\/img\/editor\/2024-mensagem-natal_20241218131144XS6eVy4pLH.jpg\" style=\"width: 700px; height: 394px;\" \/><\/span><\/span><\/span><\/span><\/p>\r\n\r\n<p class=\"MsoTitle\" style=\"text-align:justify\"><span style=\"font-size:28pt\"><span style=\"font-family:Cambria,serif\"><span style=\"letter-spacing:-0.5pt\"><b><span lang=\"EN-US\" style=\"font-size:18.0pt\"><span style=\"font-family:&quot;Calibri&quot;,sans-serif\"><span style=\"font-variant:small-caps\">Not&iacute;cias das Associadas<\/span><\/span><\/span><\/b><\/span><\/span><\/span><\/p>\r\n\r\n<p style=\"text-align:justify\"><span style=\"font-size:11pt\"><span style=\"line-height:normal\"><span style=\"font-family:Calibri,sans-serif\"><a href=\"https:\/\/www.nonwovens-industry.com\/contents\/view_breaking-news\/2024-12-11\/andritz-inaugurates-pilot-line-for-dry-molded-fiber-production\/15303\" style=\"color:blue; text-decoration:underline\"><span lang=\"EN-US\" style=\"font-size:14.0pt\">ANDRITZ inaugurates pilot line for dry molded fiber production<\/span><\/a><\/span><\/span><\/span><\/p>\r\n\r\n<p style=\"text-align:justify\"><span style=\"font-size:11pt\"><span style=\"line-height:normal\"><span style=\"font-family:Calibri,sans-serif\"><a href=\"https:\/\/www.nonwovens-industry.com\/contents\/view_breaking-news\/2024-12-11\/freudenberg-acquires-heytex-groups-core-business?utm_campaign=NON+eNewsletter&amp;utm_medium=email&amp;_hsenc=p2ANqtz-8xNMTN7AigyFmLvjvxgBeKv2JGSHjl1mJCDKJIuYqXMyuvsb4Rjccj2PeipjThPO_ymqolJhwvnp3KZyTnDiI3FWGx7A&amp;_hsmi=338286535&amp;utm_content=338286535&amp;utm_source=hs_email\" style=\"color:blue; text-decoration:underline\"><span lang=\"ES-AR\" style=\"font-size:14.0pt\">Freudenberg Acquires Heytex Group&#39;s Core Business<\/span><\/a><\/span><\/span><\/span><\/p>\r\n\r\n<p style=\"text-align:justify\"><span style=\"font-size:11pt\"><span style=\"line-height:normal\"><span style=\"font-family:Calibri,sans-serif\"><a href=\"https:\/\/www.innovationintextiles.com\/technology-machinery-equipment\/ibrahim-fibres-benefits-from-truetzschler-collaboration\/\" style=\"color:blue; text-decoration:underline\"><span lang=\"ES-AR\" style=\"font-size:14.0pt\">Ibrahim Fibres benefits from Truetzschler collaboration<\/span><\/a><\/span><\/span><\/span><\/p>\r\n\r\n<p style=\"text-align:justify\">&nbsp;<\/p>\r\n\r\n<p style=\"text-align:justify\"><span style=\"font-size:11pt\"><span style=\"line-height:normal\"><span style=\"font-family:Calibri,sans-serif\"><b><span style=\"font-size:18.0pt\"><span style=\"font-variant:small-caps\">Eventos<\/span><\/span><\/b><\/span><\/span><\/span><\/p>\r\n\r\n<p style=\"text-align:justify\"><span style=\"font-size:11pt\"><span style=\"line-height:normal\"><span style=\"font-family:Calibri,sans-serif\"><a href=\"https:\/\/www.abnteducacao.com.br\/Simbologia_de_cuidados_aplicada_a_Etiquetagem_de_Texteis_ABNT_NBR_NM_ISO_3758\" style=\"color:blue; text-decoration:underline\"><b><span style=\"font-size:14.0pt\">Simbologia de cuidados aplicada a Etiquetagem de T&ecirc;xteis - ABNT NBR NM ISO 3758<\/span><\/b><\/a><span style=\"font-size:14.0pt\">, 05 e 06 de fevereiro de 2025, 08h30 &agrave;s 17h30<\/span><\/span><\/span><\/span><\/p>\r\n\r\n<p style=\"text-align:justify\"><span style=\"font-size:11pt\"><span style=\"line-height:normal\"><span style=\"font-family:Calibri,sans-serif\"><a href=\"https:\/\/www.fimec.com.br\/\" style=\"color:blue; text-decoration:underline\"><b><span style=\"font-size:14.0pt\">Fimec 2025<\/span><\/b><\/a><span style=\"font-size:14.0pt\">, 18 a 20 de mar&ccedil;o, Fenac, Novo Hamburgo, RS<\/span><\/span><\/span><\/span><\/p>\r\n\r\n<p style=\"text-align:justify\"><span style=\"font-size:11pt\"><span style=\"line-height:normal\"><span style=\"font-family:Calibri,sans-serif\"><a href=\"https:\/\/www.plasticobrasil.com.br\/pt\/home.html\" style=\"color:blue; text-decoration:underline\"><b><span style=\"font-size:14.0pt\">Feira Pl&aacute;stico Brasil<\/span><\/b><\/a><span style=\"font-size:14.0pt\">, de 24 a 28 de mar&ccedil;o de 2025, das 10h &agrave;s 19h, S&atilde;o Paulo Expo, Rodovia dos Imigrantes, km 1,5<\/span><\/span><\/span><\/span><\/p>\r\n\r\n<p style=\"text-align:justify\"><span style=\"font-size:11pt\"><span style=\"line-height:normal\"><span style=\"font-family:Calibri,sans-serif\"><a href=\"https:\/\/ideashow.org\/\" style=\"color:blue; text-decoration:underline\"><b><span lang=\"EN-US\" style=\"font-size:14.0pt\">IDEA25<\/span><\/b><\/a><span lang=\"EN-US\" style=\"font-size:14.0pt\">, April 29-May 1, 2025, Miami Beach Convention Center, Miami Beach, Florida<\/span><\/span><\/span><\/span><\/p>\r\n\r\n<p style=\"text-align:justify\"><span style=\"font-size:11pt\"><span style=\"line-height:normal\"><span style=\"font-family:Calibri,sans-serif\"><a href=\"https:\/\/www.conbrava.com.br\/\" style=\"color:blue; text-decoration:underline\"><b><span style=\"font-size:14.0pt\">CONBRAVA 2025<\/span><\/b><\/a><span style=\"font-size:14.0pt\">, 10 a 12 de setembro de 2025, S&atilde;o Paulo Expo, Rodovia dos Imigrantes, km 1,5<\/span><\/span><\/span><\/span><\/p>\r\n\r\n<p style=\"text-align:justify\"><span style=\"font-size:11pt\"><span style=\"line-height:normal\"><span style=\"font-family:Calibri,sans-serif\"><b><span style=\"font-size:14.0pt\">17&ordm; Congresso Brasileiro de Enfermagem em Centro Cir&uacute;rgico: &ldquo;O poder de cuidar&rdquo;<\/span><\/b><span style=\"font-size:14.0pt\">, 01 a 03 de outubro de 2025, Transamerica Expo Center, S&atilde;o Paulo, SP<\/span><\/span><\/span><\/span><\/p>\r\n\r\n<p style=\"text-align:justify\"><span style=\"font-size:11pt\"><span style=\"line-height:normal\"><span style=\"font-family:Calibri,sans-serif\"><a href=\"https:\/\/hospitalmed.com.br\/feira\/\" style=\"color:blue; text-decoration:underline\"><b><span style=\"font-size:14.0pt\">HospitalMed 2025<\/span><\/b><\/a><span style=\"font-size:14.0pt\">, 22 a 24 de outubro, Pernambuco Centro de Conven&ccedil;&otilde;es, Olinda<\/span><\/span><\/span><\/span><\/p>\r\n\r\n<p style=\"text-align:justify\"><span style=\"font-size:28pt\"><span style=\"font-family:Cambria,serif\"><span style=\"letter-spacing:-0.5pt\"><b><span lang=\"EN-US\" style=\"font-size:18.0pt\"><span style=\"font-family:&quot;Calibri&quot;,sans-serif\"><span style=\"font-variant:small-caps\">Setor<\/span><\/span><\/span><\/b><\/span><\/span><\/span><\/p>\r\n\r\n<p style=\"text-align:justify\"><span style=\"font-size:11pt\"><span style=\"line-height:normal\"><span style=\"font-family:Calibri,sans-serif\"><a href=\"https:\/\/www.innovationintextiles.com\/moving-away-from-forever-chemicals\/\" style=\"color:blue; text-decoration:underline\"><span lang=\"EN-US\" style=\"font-size:14.0pt\">Nonwovens: moving away from &lsquo;forever chemicals&rsquo;<\/span><\/a><\/span><\/span><\/span><\/p>\r\n\r\n<p style=\"text-align:justify\"><span style=\"font-size:11pt\"><span style=\"line-height:normal\"><span style=\"font-family:Calibri,sans-serif\"><a href=\"https:\/\/tissueonline.com.br\/fraldas-ganham-aliquota-reduzida-em-nova-etapa-da-reforma-tributaria\/\" style=\"color:blue; text-decoration:underline\"><span style=\"font-size:14.0pt\">Fraldas ganham al&iacute;quota reduzida em nova etapa da reforma tribut&aacute;ria<\/span><\/a><\/span><\/span><\/span><\/p>\r\n\r\n<p style=\"text-align:justify\"><span style=\"font-size:11pt\"><span style=\"line-height:normal\"><span style=\"font-family:Calibri,sans-serif\"><a href=\"https:\/\/br.fashionnetwork.com\/news\/Industria-textil-brasileira-movimentou-r-203-9-bilhoes-em-valor-de-producao-em-2024,1684864.html\" style=\"color:blue; text-decoration:underline\"><span style=\"font-size:14.0pt\">Ind&uacute;stria t&ecirc;xtil brasileira movimentou R$203,9 bilh&otilde;es em valor de produ&ccedil;&atilde;o em 2024<\/span><\/a><\/span><\/span><\/span><\/p>\r\n\r\n<p style=\"text-align:justify\"><span style=\"font-size:11pt\"><span style=\"line-height:normal\"><span style=\"font-family:Calibri,sans-serif\"><a href=\"https:\/\/www.moveisdevalor.com.br\/portal\/veja-como-a-abicol-se-preparou-para-alavancar-o-setor-colchoeiro?source=news\" style=\"color:blue; text-decoration:underline\"><span style=\"font-size:14.0pt\">Veja como a Abicol trabalha para alavancar o setor colchoeiro<\/span><\/a><\/span><\/span><\/span><\/p>\r\n\r\n<p style=\"text-align:justify\"><span style=\"font-size:11pt\"><span style=\"line-height:normal\"><span style=\"font-family:Calibri,sans-serif\"><a href=\"https:\/\/tissueonline.com.br\/ccm-connection-aponta-principais-tendencias-do-mercado\/?utm_campaign=nova_newsletter_131224&amp;utm_medium=email&amp;utm_source=RD+Station\" style=\"color:blue; text-decoration:underline\"><span style=\"font-size:14.0pt\">CCM Connection aponta principais tend&ecirc;ncias do mercado<\/span><\/a><\/span><\/span><\/span><\/p>\r\n\r\n<p style=\"text-align:justify\"><span style=\"font-size:28pt\"><span style=\"font-family:Cambria,serif\"><span style=\"letter-spacing:-0.5pt\"><b><span style=\"font-size:18.0pt\"><span style=\"font-family:&quot;Calibri&quot;,sans-serif\"><span style=\"font-variant:small-caps\">Ind&uacute;stria<\/span><\/span><\/span><\/b><\/span><\/span><\/span><\/p>\r\n\r\n<p style=\"text-align:justify\"><span style=\"font-size:11pt\"><span style=\"line-height:normal\"><span style=\"font-family:Calibri,sans-serif\"><a href=\"https:\/\/noticias.portaldaindustria.com.br\/noticias\/brasil-industria\/conheca-as-tendencias-que-vao-impactar-a-industria-nos-proximos-16-anos\/\" style=\"color:blue; text-decoration:underline\"><span style=\"font-size:14.0pt\">Conhe&ccedil;a as tend&ecirc;ncias que v&atilde;o impactar a ind&uacute;stria nos pr&oacute;ximos 16 anos<\/span><\/a><\/span><\/span><\/span><\/p>\r\n\r\n<p style=\"text-align:justify\"><span style=\"font-size:11pt\"><span style=\"line-height:normal\"><span style=\"font-family:Calibri,sans-serif\"><a href=\"https:\/\/horadopovo.com.br\/arrocho-monetario-desestimula-investimentos-e-prejudica-industria-nacional-diz-abimaq\/\" style=\"color:blue; text-decoration:underline\"><span style=\"font-size:14.0pt\">Arrocho monet&aacute;rio desestimula investimentos e prejudica ind&uacute;stria nacional, diz Abimaq<\/span><\/a><\/span><\/span><\/span><\/p>\r\n\r\n<p style=\"text-align:justify\"><span style=\"font-size:11pt\"><span style=\"line-height:normal\"><span style=\"font-family:Calibri,sans-serif\"><a href=\"https:\/\/agenciabrasil.ebc.com.br\/economia\/noticia\/2024-12\/producao-industrial-cai-em-quatro-dos-15-locais-pesquisados-pelo-ibge\" style=\"color:blue; text-decoration:underline\"><span style=\"font-size:14.0pt\">Produ&ccedil;&atilde;o industrial cai em quatro dos 15 locais pesquisados pelo IBGE<\/span><\/a><\/span><\/span><\/span><\/p>\r\n\r\n<p style=\"text-align:justify\"><span style=\"font-size:11pt\"><span style=\"line-height:normal\"><span style=\"font-family:Calibri,sans-serif\"><a href=\"https:\/\/quatrorodas.abril.com.br\/noticias\/vendas-de-automoveis-no-brasil-tem-o-maior-crescimento-em-17-anos\" style=\"color:blue; text-decoration:underline\"><span style=\"font-size:14.0pt\">Vendas de autom&oacute;veis no Brasil t&ecirc;m o maior crescimento em 17 anos<\/span><\/a> <\/span><\/span><\/span><\/p>\r\n\r\n<p style=\"text-align:justify\"><span style=\"font-size:11pt\"><span style=\"line-height:normal\"><span style=\"font-family:Calibri,sans-serif\"><a href=\"https:\/\/www.moveisdevalor.com.br\/portal\/setor-de-colchoes-enfrenta-custos-em-alta-e-precos-em-queda?source=news\" style=\"color:blue; text-decoration:underline\"><span style=\"font-size:14.0pt\">Setor de colch&otilde;es enfrenta desafios com custos em alta<\/span><\/a><\/span><\/span><\/span><\/p>\r\n\r\n<p style=\"text-align:justify\"><span style=\"font-size:11pt\"><span style=\"line-height:normal\"><span style=\"font-family:Calibri,sans-serif\"><a href=\"https:\/\/grandesconstrucoes.com.br\/Noticias\/Exibir\/construcao-civil-cresce-41-nos-tres-primeiros-trimestres-de-2024?utm_source=akna&amp;utm_medium=email&amp;utm_campaign=Grandes-Construcoes-Informativo-942-12-12-2024&amp;utm_source=akna&amp;utm_medium=email&amp;utm_campaign=Grandes-Construcoes-Informativo-942-12-12-2024\" style=\"color:blue; text-decoration:underline\"><span style=\"font-size:14.0pt\">Constru&ccedil;&atilde;o Civil cresce 4,1% nos tr&ecirc;s primeiros trimestres de 2024<\/span><\/a><\/span><\/span><\/span><\/p>\r\n\r\n<p style=\"text-align:justify\"><span style=\"font-size:28pt\"><span style=\"font-family:Cambria,serif\"><span style=\"letter-spacing:-0.5pt\"><b><span lang=\"EN-US\" style=\"font-size:18.0pt\"><span style=\"font-family:&quot;Calibri&quot;,sans-serif\"><span style=\"font-variant:small-caps\">Sustentabilidade<\/span><\/span><\/span><\/b><\/span><\/span><\/span><\/p>\r\n\r\n<p style=\"text-align:justify\"><span style=\"font-size:11pt\"><span style=\"line-height:normal\"><span style=\"font-family:Calibri,sans-serif\"><a href=\"file:\/\/\/C:\/Users\/Cristiane\/Downloads\/Solu\u00e7\u00f5es%20sustent\u00e1veis%20\u200b\u200bem%20embalagens%20de%20alimentos\" style=\"color:blue; text-decoration:underline\"><span lang=\"EN-US\" style=\"font-size:14.0pt\">Nonwovens: sustainable solutions in food packaging<\/span><\/a><\/span><\/span><\/span><\/p>\r\n\r\n<p style=\"text-align:justify\"><span style=\"font-size:11pt\"><span style=\"line-height:normal\"><span style=\"font-family:Calibri,sans-serif\"><a href=\"https:\/\/casavogue.globo.com\/um-so-planeta\/noticia\/2024\/12\/casa-movel-impressa-em-3d-e-feita-com-garrafas-plasticas-reutilizadas.ghtml\" style=\"color:blue; text-decoration:underline\"><span style=\"font-size:14.0pt\">Casa m&oacute;vel impressa em 3D &eacute; feita com garrafas pl&aacute;sticas reutilizadas<\/span><\/a><\/span><\/span><\/span><\/p>\r\n\r\n<p style=\"text-align:justify\"><span style=\"font-size:11pt\"><span style=\"line-height:normal\"><span style=\"font-family:Calibri,sans-serif\"><a href=\"https:\/\/www.innovationintextiles.com\/nylon-6-enzymatic-recycling-success\/\" style=\"color:blue; text-decoration:underline\"><span style=\"font-size:14.0pt\">Nylon 6 enzymatic recycling success<\/span><\/a><\/span><\/span><\/span><\/p>\r\n\r\n<p style=\"text-align:justify\"><span style=\"font-size:11pt\"><span style=\"line-height:normal\"><span style=\"font-family:Calibri,sans-serif\"><a href=\"https:\/\/www.gov.br\/mdic\/pt-br\/assuntos\/noticias\/2024\/dezembro\/missao-5-da-nova-industria-brasil-destina-r-468-38-bi-entre-recursos-publicos-e-privados-para-bioeconomia-e-descarbonizacao\" style=\"color:blue; text-decoration:underline\"><span style=\"font-size:14.0pt\">Miss&atilde;o 5 da Nova Ind&uacute;stria Brasil destina R$ 468,38 bi, entre recursos p&uacute;blicos e privados, para bioeconomia e descarboniza&ccedil;&atilde;o<\/span><\/a><\/span><\/span><\/span><\/p>\r\n\r\n<p style=\"text-align:justify\"><span style=\"font-size:11pt\"><span style=\"line-height:normal\"><span style=\"font-family:Calibri,sans-serif\"><a href=\"https:\/\/www.migalhas.com.br\/quentes\/421525\/lei-que-regulamenta-mercado-de-carbono-no-brasil-e-sancionada\" style=\"color:blue; text-decoration:underline\"><span style=\"font-size:14.0pt\">Lei que regulamenta mercado de carbono no Brasil &eacute; sancionada<\/span><\/a><\/span><\/span><\/span><\/p>\r\n\r\n<p style=\"text-align:justify\"><span style=\"font-size:11pt\"><span style=\"line-height:normal\"><span style=\"font-family:Calibri,sans-serif\"><a href=\"https:\/\/www.youtube.com\/watch?v=GtrZf0caW-c\" style=\"color:blue; text-decoration:underline\"><span style=\"font-size:14.0pt\">Impactos do\u202fMercado Regulado de Carbono Brasileiro<\/span><\/a><\/span><\/span><\/span><\/p>\r\n\r\n<p style=\"text-align:justify\"><span style=\"font-size:28pt\"><span style=\"font-family:Cambria,serif\"><span style=\"letter-spacing:-0.5pt\"><b><span style=\"font-size:18.0pt\"><span style=\"font-family:&quot;Calibri&quot;,sans-serif\"><span style=\"font-variant:small-caps\">Inova&ccedil;&atilde;o<\/span><\/span><\/span><\/b><\/span><\/span><\/span><\/p>\r\n\r\n<p style=\"text-align:justify\"><span style=\"font-size:11pt\"><span style=\"line-height:normal\"><span style=\"font-family:Calibri,sans-serif\"><a href=\"https:\/\/www.ifsc.edu.br\/web\/noticias\/w\/estudantes-e-professora-desenvolvem-materiais-para-construcao-civil-com-conchas-de-ostras-e-plastico\" style=\"color:blue; text-decoration:underline\"><span style=\"font-size:14.0pt\">Comp&oacute;sitos: estudantes e professora desenvolvem materiais para constru&ccedil;&atilde;o civil com conchas de ostras e pl&aacute;stico<\/span><\/a><\/span><\/span><\/span><\/p>\r\n\r\n<p style=\"text-align:justify\"><span style=\"font-size:11pt\"><span style=\"line-height:normal\"><span style=\"font-family:Calibri,sans-serif\"><a href=\"https:\/\/clickpetroleoegas.com.br\/esqueca-o-asfalto-tradicional-estado-brasileiro-inova-e-utiliza-mais-de-16-milhao-de-pneus-para-revitalizar-suas-rodovias\/\" style=\"color:blue; text-decoration:underline\"><span style=\"font-size:14.0pt\">Esque&ccedil;a o asfalto tradicional! Estado brasileiro inova e utiliza mais de 1,6 milh&atilde;o de pneus para revitalizar suas rodovias<\/span><\/a><\/span><\/span><\/span><\/p>\r\n\r\n<p style=\"text-align:justify\"><span style=\"font-size:11pt\"><span style=\"line-height:normal\"><span style=\"font-family:Calibri,sans-serif\"><a href=\"https:\/\/www.inovacaotecnologica.com.br\/noticias\/noticia.php?artigo=criado-material-repelencia-agua-quase-perfeita&amp;id=010160241216&amp;ebol=sim\" style=\"color:blue; text-decoration:underline\"><span style=\"font-size:14.0pt\">Criado um material com repel&ecirc;ncia &agrave; &aacute;gua quase perfeita<\/span><\/a><\/span><\/span><\/span><\/p>\r\n\r\n<p style=\"text-align:justify\"><span style=\"font-size:11pt\"><span style=\"line-height:normal\"><span style=\"font-family:Calibri,sans-serif\"><a href=\"https:\/\/www.inovacaotecnologica.com.br\/noticias\/noticia.php?artigo=folhas-magneticas-manipulam-objetos-sem-precisar-agarra-los&amp;id=010170241216&amp;ebol=sim\" style=\"color:blue; text-decoration:underline\"><span style=\"font-size:14.0pt\">Folhas magn&eacute;ticas manipulam objetos sem precisar agarr&aacute;-los<\/span><\/a><\/span><\/span><\/span><\/p>\r\n\r\n<p style=\"text-align:justify\"><span style=\"font-size:11pt\"><span style=\"line-height:normal\"><span style=\"font-family:Calibri,sans-serif\"><a href=\"https:\/\/www.noticenter.com.br\/n.php?ID=39199&amp;T=unesc-impulsiona-inovacao-e-sustentabilidade-na-industria-plastica-do-sul-de-sc\" style=\"color:blue; text-decoration:underline\"><span style=\"font-size:14.0pt\">Unesc impulsiona inova&ccedil;&atilde;o e sustentabilidade na ind&uacute;stria pl&aacute;stica do Sul de SC<\/span><\/a><\/span><\/span><\/span><\/p>\r\n\r\n<p style=\"text-align:justify\"><span style=\"font-size:11pt\"><span style=\"line-height:normal\"><span style=\"font-family:Calibri,sans-serif\"><a href=\"https:\/\/www.innovationintextiles.com\/composites\/automotive-innovations-at-jec-2025\/\" style=\"color:blue; text-decoration:underline\"><span style=\"font-size:14.0pt\">Automotive innovations at JEC 2025<\/span><\/a><\/span><\/span><\/span><\/p>\r\n\r\n<p style=\"text-align:justify\"><span style=\"font-size:28pt\"><span style=\"font-family:Cambria,serif\"><span style=\"letter-spacing:-0.5pt\"><b><span style=\"font-size:18.0pt\"><span style=\"font-family:&quot;Calibri&quot;,sans-serif\"><span style=\"font-variant:small-caps\">Com&eacute;rcio Exterior<\/span><\/span><\/span><\/b><\/span><\/span><\/span><\/p>\r\n\r\n<p style=\"text-align:justify\"><span style=\"font-size:11pt\"><span style=\"line-height:normal\"><span style=\"font-family:Calibri,sans-serif\"><a href=\"https:\/\/portalibre.fgv.br\/noticias\/cai-participacao-da-china-nas-exportacoes-e-aumenta-nas-importacoes\" style=\"color:blue; text-decoration:underline\"><span style=\"font-size:14.0pt\">Cai a participa&ccedil;&atilde;o da China nas exporta&ccedil;&otilde;es e aumenta nas importa&ccedil;&otilde;es<\/span><\/a><\/span><\/span><\/span><\/p>\r\n\r\n<p style=\"text-align:justify\"><span style=\"font-size:11pt\"><span style=\"line-height:normal\"><span style=\"font-family:Calibri,sans-serif\"><a href=\"https:\/\/br.investing.com\/news\/stock-market-news\/abimaq-ve-risco-de-deficit-comercial-do-brasil-com-europa-ser-ampliado-com-acordo-1416866\" style=\"color:blue; text-decoration:underline\"><span style=\"font-size:14.0pt\">Abimaq v&ecirc; risco de d&eacute;ficit comercial do Brasil com Europa ser ampliado com acordo<\/span><\/a><\/span><\/span><\/span><\/p>\r\n\r\n<p style=\"text-align:justify\"><span style=\"font-size:11pt\"><span style=\"line-height:normal\"><span style=\"font-family:Calibri,sans-serif\"><a href=\"https:\/\/eixos.com.br\/transicao-energetica\/clima-e-energia-estao-entre-prioridades-da-presidencia-do-brasil-no-brics-em-2025-diz-ministra\/?utm_source=newsletters+eixos&amp;utm_campaign=01de9febf6-EMAIL_CAMPAIGN_2024_12_11_11_48&amp;utm_medium=email&amp;utm_term=0_-01de9febf6-466362780\" style=\"color:blue; text-decoration:underline\"><span style=\"font-size:14.0pt\">Clima e energia est&atilde;o entre prioridades da presid&ecirc;ncia do Brasil no Brics em 2025, diz ministra<\/span><\/a><\/span><\/span><\/span><\/p>\r\n\r\n<p style=\"text-align:justify\"><span style=\"font-size:11pt\"><span style=\"line-height:normal\"><span style=\"font-family:Calibri,sans-serif\"><a href=\"https:\/\/br.fashionnetwork.com\/news\/Exportacoes-de-calcados-somaram-89-6-milhoes-de-pares-ate-novembro,1684992.html\" style=\"color:blue; text-decoration:underline\"><span style=\"font-size:14.0pt\">Exporta&ccedil;&otilde;es de cal&ccedil;ados somaram 89,6 milh&otilde;es de pares at&eacute; novembro<\/span><\/a><\/span><\/span><\/span><\/p>\r\n\r\n<p style=\"text-align:justify\"><span style=\"font-size:11pt\"><span style=\"line-height:normal\"><span style=\"font-family:Calibri,sans-serif\"><a href=\"https:\/\/petronoticias.com.br\/abiquim-aprova-o-acordo-do-mercosul-e-a-uniao-europeia-e-diz-que-a-relacao-comercial-ficara-mais-equilibrada\/\" style=\"color:blue; text-decoration:underline\"><span style=\"font-size:14.0pt\">Abiquim aprova o acordo entre Mercosul e Uni&atilde;o europeia e diz que a rela&ccedil;&atilde;o comercial ficar&aacute; mais equilibrada<\/span><\/a><\/span><\/span><\/span><\/p>\r\n\r\n<p style=\"text-align:justify\"><span style=\"font-size:11pt\"><span style=\"line-height:normal\"><span style=\"font-family:Calibri,sans-serif\"><a href=\"https:\/\/mercadoeconsumo.com.br\/11\/12\/2024\/noticias\/quais-sao-os-impactos-do-acordo-mercosul-ue-na-industria-textil-e-de-confeccao-brasileira\/\" style=\"color:blue; text-decoration:underline\"><span style=\"font-size:14.0pt\">Quais s&atilde;o os impactos do acordo Mercosul-UE na ind&uacute;stria t&ecirc;xtil e de confec&ccedil;&atilde;o brasileira?<\/span><\/a><\/span><\/span><\/span><\/p>\r\n\r\n<p style=\"text-align:justify\"><span style=\"font-size:11pt\"><span style=\"line-height:normal\"><span style=\"font-family:Calibri,sans-serif\"><a href=\"https:\/\/textalks.com\/brics-balancing-act-geopolitics-overshadowing-trade-growth-experts-warn\/\" style=\"color:blue; text-decoration:underline\"><span lang=\"EN-US\" style=\"font-size:14.0pt\">BRICS balancing act: Geopolitics overshadowing trade growth?<\/span><\/a><\/span><\/span><\/span><\/p>\r\n\r\n<p style=\"text-align:justify\"><span style=\"font-size:28pt\"><span style=\"font-family:Cambria,serif\"><span style=\"letter-spacing:-0.5pt\"><b><span style=\"font-size:18.0pt\"><span style=\"font-family:&quot;Calibri&quot;,sans-serif\"><span style=\"font-variant:small-caps\">Economia<\/span><\/span><\/span><\/b><\/span><\/span><\/span><\/p>\r\n\r\n<p style=\"text-align:justify\"><span style=\"font-size:11pt\"><span style=\"line-height:normal\"><span style=\"font-family:Calibri,sans-serif\"><a href=\"https:\/\/www.bcb.gov.br\/content\/focus\/focus\/R20241213.pdf\" style=\"color:blue; text-decoration:underline\"><span style=\"font-size:14.0pt\">Focus - Relat&oacute;rio de Mercado<\/span><\/a><\/span><\/span><\/span><\/p>\r\n\r\n<p style=\"text-align:justify\"><span style=\"font-size:11pt\"><span style=\"line-height:normal\"><span style=\"font-family:Calibri,sans-serif\"><a href=\"https:\/\/noticias.portaldaindustria.com.br\/noticias\/economia\/pib-deve-crescer-24-em-2025-projeta-cni\/\" style=\"color:blue; text-decoration:underline\"><span style=\"font-size:14.0pt\">PIB deve crescer 2,4% em 2025, projeta CNI<\/span><\/a><\/span><\/span><\/span><\/p>\r\n\r\n<p style=\"text-align:justify\"><span style=\"font-size:11pt\"><span style=\"line-height:normal\"><span style=\"font-family:Calibri,sans-serif\"><a href=\"https:\/\/www12.senado.leg.br\/noticias\/materias\/2024\/12\/12\/reforma-tributaria-aprovado-o-texto-base-da-regulamentacao-sobre-consumo\" style=\"color:blue; text-decoration:underline\"><span style=\"font-size:14.0pt\">Regulamenta&ccedil;&atilde;o da reforma tribut&aacute;ria sobre consumo &eacute; aprovada no Senado<\/span><\/a><\/span><\/span><\/span><\/p>\r\n\r\n<p style=\"text-align:justify\"><span style=\"font-size:11pt\"><span style=\"line-height:normal\"><span style=\"font-family:Calibri,sans-serif\"><a href=\"https:\/\/revistaoeste.com\/economia\/desajuste-faz-mercado-projetar-inflacao-e-juros-ainda-mais-altos\/\" style=\"color:blue; text-decoration:underline\"><span style=\"font-size:14.0pt\">Desajuste faz mercado projetar infla&ccedil;&atilde;o e juros ainda mais altos<\/span><\/a><\/span><\/span><\/span><\/p>\r\n\r\n<p style=\"text-align:justify\"><span style=\"font-size:11pt\"><span style=\"line-height:normal\"><span style=\"font-family:Calibri,sans-serif\"><a href=\"https:\/\/www.moneytimes.com.br\/a-dura-realidade-matematica-rnda\/#amp_tf=De%20%251%24s&amp;aoh=17342208754497&amp;csi=0&amp;referrer=https%3A%2F%2Fwww.google.com&amp;ampshare=https%3A%2F%2Fwww.moneytimes.com.br%2Fa-dura-realidade-matematica-rnda%2F\" style=\"color:blue; text-decoration:underline\"><span style=\"font-size:14.0pt\">A dura realidade matem&aacute;tica: Ou o Brasil acerta a trajet&oacute;ria fiscal ou o pa&iacute;s explode<\/span><\/a><\/span><\/span><\/span><\/p>\r\n\r\n<p style=\"text-align:justify\"><span style=\"font-size:11pt\"><span style=\"line-height:normal\"><span style=\"font-family:Calibri,sans-serif\"><span style=\"font-size:14.0pt\"><img src=\"https:\/\/www.abint.org.br\/assets\/img\/editor\/redes-sociais-abint-ctg-cth_20241218131509rWTDV1klbV.jpg\" \/><\/span><\/span><\/span><\/span><\/p>\r\n","6":"<p style=\"text-align:justify\"><span style=\"font-size:11pt\"><span style=\"line-height:normal\"><span style=\"font-family:Calibri,sans-serif\"><span style=\"font-size:14.0pt\">Esta &eacute; uma compila&ccedil;&atilde;o das not&iacute;cias mais relevantes para o setor, incluindo informa&ccedil;&otilde;es sobre acordos internacionais, economia brasileira, sustentabilidade e mat&eacute;rias primas, al&eacute;m de novidades do setor de N&atilde;otecidos e Tecidos T&eacute;cnicos.<\/span><\/span><\/span><\/span><\/p>\r\n\r\n<p style=\"text-align:justify\">&nbsp;<\/p>\r\n\r\n<p style=\"text-align:justify\"><span style=\"font-size:11pt\"><span style=\"line-height:normal\"><span style=\"font-family:Calibri,sans-serif\"><span style=\"font-size:14.0pt\"><img src=\"https:\/\/www.abint.org.br\/assets\/img\/editor\/2024-mensagem-natal_20241218131144XS6eVy4pLH.jpg\" style=\"width: 700px; height: 394px;\" \/><\/span><\/span><\/span><\/span><\/p>\r\n\r\n<p class=\"MsoTitle\" style=\"text-align:justify\"><span style=\"font-size:28pt\"><span style=\"font-family:Cambria,serif\"><span style=\"letter-spacing:-0.5pt\"><b><span lang=\"EN-US\" style=\"font-size:18.0pt\"><span style=\"font-family:&quot;Calibri&quot;,sans-serif\"><span style=\"font-variant:small-caps\">Not&iacute;cias das Associadas<\/span><\/span><\/span><\/b><\/span><\/span><\/span><\/p>\r\n\r\n<p style=\"text-align:justify\"><span style=\"font-size:11pt\"><span style=\"line-height:normal\"><span style=\"font-family:Calibri,sans-serif\"><a href=\"https:\/\/www.nonwovens-industry.com\/contents\/view_breaking-news\/2024-12-11\/andritz-inaugurates-pilot-line-for-dry-molded-fiber-production\/15303\" style=\"color:blue; text-decoration:underline\"><span lang=\"EN-US\" style=\"font-size:14.0pt\">ANDRITZ inaugurates pilot line for dry molded fiber production<\/span><\/a><\/span><\/span><\/span><\/p>\r\n\r\n<p style=\"text-align:justify\"><span style=\"font-size:11pt\"><span style=\"line-height:normal\"><span style=\"font-family:Calibri,sans-serif\"><a href=\"https:\/\/www.nonwovens-industry.com\/contents\/view_breaking-news\/2024-12-11\/freudenberg-acquires-heytex-groups-core-business?utm_campaign=NON+eNewsletter&amp;utm_medium=email&amp;_hsenc=p2ANqtz-8xNMTN7AigyFmLvjvxgBeKv2JGSHjl1mJCDKJIuYqXMyuvsb4Rjccj2PeipjThPO_ymqolJhwvnp3KZyTnDiI3FWGx7A&amp;_hsmi=338286535&amp;utm_content=338286535&amp;utm_source=hs_email\" style=\"color:blue; text-decoration:underline\"><span lang=\"ES-AR\" style=\"font-size:14.0pt\">Freudenberg Acquires Heytex Group&#39;s Core Business<\/span><\/a><\/span><\/span><\/span><\/p>\r\n\r\n<p style=\"text-align:justify\"><span style=\"font-size:11pt\"><span style=\"line-height:normal\"><span style=\"font-family:Calibri,sans-serif\"><a href=\"https:\/\/www.innovationintextiles.com\/technology-machinery-equipment\/ibrahim-fibres-benefits-from-truetzschler-collaboration\/\" style=\"color:blue; text-decoration:underline\"><span lang=\"ES-AR\" style=\"font-size:14.0pt\">Ibrahim Fibres benefits from Truetzschler collaboration<\/span><\/a><\/span><\/span><\/span><\/p>\r\n\r\n<p style=\"text-align:justify\">&nbsp;<\/p>\r\n\r\n<p style=\"text-align:justify\"><span style=\"font-size:11pt\"><span style=\"line-height:normal\"><span style=\"font-family:Calibri,sans-serif\"><b><span style=\"font-size:18.0pt\"><span style=\"font-variant:small-caps\">Eventos<\/span><\/span><\/b><\/span><\/span><\/span><\/p>\r\n\r\n<p style=\"text-align:justify\"><span style=\"font-size:11pt\"><span style=\"line-height:normal\"><span style=\"font-family:Calibri,sans-serif\"><a href=\"https:\/\/www.abnteducacao.com.br\/Simbologia_de_cuidados_aplicada_a_Etiquetagem_de_Texteis_ABNT_NBR_NM_ISO_3758\" style=\"color:blue; text-decoration:underline\"><b><span style=\"font-size:14.0pt\">Simbologia de cuidados aplicada a Etiquetagem de T&ecirc;xteis - ABNT NBR NM ISO 3758<\/span><\/b><\/a><span style=\"font-size:14.0pt\">, 05 e 06 de fevereiro de 2025, 08h30 &agrave;s 17h30<\/span><\/span><\/span><\/span><\/p>\r\n\r\n<p style=\"text-align:justify\"><span style=\"font-size:11pt\"><span style=\"line-height:normal\"><span style=\"font-family:Calibri,sans-serif\"><a href=\"https:\/\/www.fimec.com.br\/\" style=\"color:blue; text-decoration:underline\"><b><span style=\"font-size:14.0pt\">Fimec 2025<\/span><\/b><\/a><span style=\"font-size:14.0pt\">, 18 a 20 de mar&ccedil;o, Fenac, Novo Hamburgo, RS<\/span><\/span><\/span><\/span><\/p>\r\n\r\n<p style=\"text-align:justify\"><span style=\"font-size:11pt\"><span style=\"line-height:normal\"><span style=\"font-family:Calibri,sans-serif\"><a href=\"https:\/\/www.plasticobrasil.com.br\/pt\/home.html\" style=\"color:blue; text-decoration:underline\"><b><span style=\"font-size:14.0pt\">Feira Pl&aacute;stico Brasil<\/span><\/b><\/a><span style=\"font-size:14.0pt\">, de 24 a 28 de mar&ccedil;o de 2025, das 10h &agrave;s 19h, S&atilde;o Paulo Expo, Rodovia dos Imigrantes, km 1,5<\/span><\/span><\/span><\/span><\/p>\r\n\r\n<p style=\"text-align:justify\"><span style=\"font-size:11pt\"><span style=\"line-height:normal\"><span style=\"font-family:Calibri,sans-serif\"><a href=\"https:\/\/ideashow.org\/\" style=\"color:blue; text-decoration:underline\"><b><span lang=\"EN-US\" style=\"font-size:14.0pt\">IDEA25<\/span><\/b><\/a><span lang=\"EN-US\" style=\"font-size:14.0pt\">, April 29-May 1, 2025, Miami Beach Convention Center, Miami Beach, Florida<\/span><\/span><\/span><\/span><\/p>\r\n\r\n<p style=\"text-align:justify\"><span style=\"font-size:11pt\"><span style=\"line-height:normal\"><span style=\"font-family:Calibri,sans-serif\"><a href=\"https:\/\/www.conbrava.com.br\/\" style=\"color:blue; text-decoration:underline\"><b><span style=\"font-size:14.0pt\">CONBRAVA 2025<\/span><\/b><\/a><span style=\"font-size:14.0pt\">, 10 a 12 de setembro de 2025, S&atilde;o Paulo Expo, Rodovia dos Imigrantes, km 1,5<\/span><\/span><\/span><\/span><\/p>\r\n\r\n<p style=\"text-align:justify\"><span style=\"font-size:11pt\"><span style=\"line-height:normal\"><span style=\"font-family:Calibri,sans-serif\"><b><span style=\"font-size:14.0pt\">17&ordm; Congresso Brasileiro de Enfermagem em Centro Cir&uacute;rgico: &ldquo;O poder de cuidar&rdquo;<\/span><\/b><span style=\"font-size:14.0pt\">, 01 a 03 de outubro de 2025, Transamerica Expo Center, S&atilde;o Paulo, SP<\/span><\/span><\/span><\/span><\/p>\r\n\r\n<p style=\"text-align:justify\"><span style=\"font-size:11pt\"><span style=\"line-height:normal\"><span style=\"font-family:Calibri,sans-serif\"><a href=\"https:\/\/hospitalmed.com.br\/feira\/\" style=\"color:blue; text-decoration:underline\"><b><span style=\"font-size:14.0pt\">HospitalMed 2025<\/span><\/b><\/a><span style=\"font-size:14.0pt\">, 22 a 24 de outubro, Pernambuco Centro de Conven&ccedil;&otilde;es, Olinda<\/span><\/span><\/span><\/span><\/p>\r\n\r\n<p style=\"text-align:justify\"><span style=\"font-size:28pt\"><span style=\"font-family:Cambria,serif\"><span style=\"letter-spacing:-0.5pt\"><b><span lang=\"EN-US\" style=\"font-size:18.0pt\"><span style=\"font-family:&quot;Calibri&quot;,sans-serif\"><span style=\"font-variant:small-caps\">Setor<\/span><\/span><\/span><\/b><\/span><\/span><\/span><\/p>\r\n\r\n<p style=\"text-align:justify\"><span style=\"font-size:11pt\"><span style=\"line-height:normal\"><span style=\"font-family:Calibri,sans-serif\"><a href=\"https:\/\/www.innovationintextiles.com\/moving-away-from-forever-chemicals\/\" style=\"color:blue; text-decoration:underline\"><span lang=\"EN-US\" style=\"font-size:14.0pt\">Nonwovens: moving away from &lsquo;forever chemicals&rsquo;<\/span><\/a><\/span><\/span><\/span><\/p>\r\n\r\n<p style=\"text-align:justify\"><span style=\"font-size:11pt\"><span style=\"line-height:normal\"><span style=\"font-family:Calibri,sans-serif\"><a href=\"https:\/\/tissueonline.com.br\/fraldas-ganham-aliquota-reduzida-em-nova-etapa-da-reforma-tributaria\/\" style=\"color:blue; text-decoration:underline\"><span style=\"font-size:14.0pt\">Fraldas ganham al&iacute;quota reduzida em nova etapa da reforma tribut&aacute;ria<\/span><\/a><\/span><\/span><\/span><\/p>\r\n\r\n<p style=\"text-align:justify\"><span style=\"font-size:11pt\"><span style=\"line-height:normal\"><span style=\"font-family:Calibri,sans-serif\"><a href=\"https:\/\/br.fashionnetwork.com\/news\/Industria-textil-brasileira-movimentou-r-203-9-bilhoes-em-valor-de-producao-em-2024,1684864.html\" style=\"color:blue; text-decoration:underline\"><span style=\"font-size:14.0pt\">Ind&uacute;stria t&ecirc;xtil brasileira movimentou R$203,9 bilh&otilde;es em valor de produ&ccedil;&atilde;o em 2024<\/span><\/a><\/span><\/span><\/span><\/p>\r\n\r\n<p style=\"text-align:justify\"><span style=\"font-size:11pt\"><span style=\"line-height:normal\"><span style=\"font-family:Calibri,sans-serif\"><a href=\"https:\/\/www.moveisdevalor.com.br\/portal\/veja-como-a-abicol-se-preparou-para-alavancar-o-setor-colchoeiro?source=news\" style=\"color:blue; text-decoration:underline\"><span style=\"font-size:14.0pt\">Veja como a Abicol trabalha para alavancar o setor colchoeiro<\/span><\/a><\/span><\/span><\/span><\/p>\r\n\r\n<p style=\"text-align:justify\"><span style=\"font-size:11pt\"><span style=\"line-height:normal\"><span style=\"font-family:Calibri,sans-serif\"><a href=\"https:\/\/tissueonline.com.br\/ccm-connection-aponta-principais-tendencias-do-mercado\/?utm_campaign=nova_newsletter_131224&amp;utm_medium=email&amp;utm_source=RD+Station\" style=\"color:blue; text-decoration:underline\"><span style=\"font-size:14.0pt\">CCM Connection aponta principais tend&ecirc;ncias do mercado<\/span><\/a><\/span><\/span><\/span><\/p>\r\n\r\n<p style=\"text-align:justify\"><span style=\"font-size:28pt\"><span style=\"font-family:Cambria,serif\"><span style=\"letter-spacing:-0.5pt\"><b><span style=\"font-size:18.0pt\"><span style=\"font-family:&quot;Calibri&quot;,sans-serif\"><span style=\"font-variant:small-caps\">Ind&uacute;stria<\/span><\/span><\/span><\/b><\/span><\/span><\/span><\/p>\r\n\r\n<p style=\"text-align:justify\"><span style=\"font-size:11pt\"><span style=\"line-height:normal\"><span style=\"font-family:Calibri,sans-serif\"><a href=\"https:\/\/noticias.portaldaindustria.com.br\/noticias\/brasil-industria\/conheca-as-tendencias-que-vao-impactar-a-industria-nos-proximos-16-anos\/\" style=\"color:blue; text-decoration:underline\"><span style=\"font-size:14.0pt\">Conhe&ccedil;a as tend&ecirc;ncias que v&atilde;o impactar a ind&uacute;stria nos pr&oacute;ximos 16 anos<\/span><\/a><\/span><\/span><\/span><\/p>\r\n\r\n<p style=\"text-align:justify\"><span style=\"font-size:11pt\"><span style=\"line-height:normal\"><span style=\"font-family:Calibri,sans-serif\"><a href=\"https:\/\/horadopovo.com.br\/arrocho-monetario-desestimula-investimentos-e-prejudica-industria-nacional-diz-abimaq\/\" style=\"color:blue; text-decoration:underline\"><span style=\"font-size:14.0pt\">Arrocho monet&aacute;rio desestimula investimentos e prejudica ind&uacute;stria nacional, diz Abimaq<\/span><\/a><\/span><\/span><\/span><\/p>\r\n\r\n<p style=\"text-align:justify\"><span style=\"font-size:11pt\"><span style=\"line-height:normal\"><span style=\"font-family:Calibri,sans-serif\"><a href=\"https:\/\/agenciabrasil.ebc.com.br\/economia\/noticia\/2024-12\/producao-industrial-cai-em-quatro-dos-15-locais-pesquisados-pelo-ibge\" style=\"color:blue; text-decoration:underline\"><span style=\"font-size:14.0pt\">Produ&ccedil;&atilde;o industrial cai em quatro dos 15 locais pesquisados pelo IBGE<\/span><\/a><\/span><\/span><\/span><\/p>\r\n\r\n<p style=\"text-align:justify\"><span style=\"font-size:11pt\"><span style=\"line-height:normal\"><span style=\"font-family:Calibri,sans-serif\"><a href=\"https:\/\/quatrorodas.abril.com.br\/noticias\/vendas-de-automoveis-no-brasil-tem-o-maior-crescimento-em-17-anos\" style=\"color:blue; text-decoration:underline\"><span style=\"font-size:14.0pt\">Vendas de autom&oacute;veis no Brasil t&ecirc;m o maior crescimento em 17 anos<\/span><\/a> <\/span><\/span><\/span><\/p>\r\n\r\n<p style=\"text-align:justify\"><span style=\"font-size:11pt\"><span style=\"line-height:normal\"><span style=\"font-family:Calibri,sans-serif\"><a href=\"https:\/\/www.moveisdevalor.com.br\/portal\/setor-de-colchoes-enfrenta-custos-em-alta-e-precos-em-queda?source=news\" style=\"color:blue; text-decoration:underline\"><span style=\"font-size:14.0pt\">Setor de colch&otilde;es enfrenta desafios com custos em alta<\/span><\/a><\/span><\/span><\/span><\/p>\r\n\r\n<p style=\"text-align:justify\"><span style=\"font-size:11pt\"><span style=\"line-height:normal\"><span style=\"font-family:Calibri,sans-serif\"><a href=\"https:\/\/grandesconstrucoes.com.br\/Noticias\/Exibir\/construcao-civil-cresce-41-nos-tres-primeiros-trimestres-de-2024?utm_source=akna&amp;utm_medium=email&amp;utm_campaign=Grandes-Construcoes-Informativo-942-12-12-2024&amp;utm_source=akna&amp;utm_medium=email&amp;utm_campaign=Grandes-Construcoes-Informativo-942-12-12-2024\" style=\"color:blue; text-decoration:underline\"><span style=\"font-size:14.0pt\">Constru&ccedil;&atilde;o Civil cresce 4,1% nos tr&ecirc;s primeiros trimestres de 2024<\/span><\/a><\/span><\/span><\/span><\/p>\r\n\r\n<p style=\"text-align:justify\"><span style=\"font-size:28pt\"><span style=\"font-family:Cambria,serif\"><span style=\"letter-spacing:-0.5pt\"><b><span lang=\"EN-US\" style=\"font-size:18.0pt\"><span style=\"font-family:&quot;Calibri&quot;,sans-serif\"><span style=\"font-variant:small-caps\">Sustentabilidade<\/span><\/span><\/span><\/b><\/span><\/span><\/span><\/p>\r\n\r\n<p style=\"text-align:justify\"><span style=\"font-size:11pt\"><span style=\"line-height:normal\"><span style=\"font-family:Calibri,sans-serif\"><a href=\"file:\/\/\/C:\/Users\/Cristiane\/Downloads\/Solu\u00e7\u00f5es%20sustent\u00e1veis%20\u200b\u200bem%20embalagens%20de%20alimentos\" style=\"color:blue; text-decoration:underline\"><span lang=\"EN-US\" style=\"font-size:14.0pt\">Nonwovens: sustainable solutions in food packaging<\/span><\/a><\/span><\/span><\/span><\/p>\r\n\r\n<p style=\"text-align:justify\"><span style=\"font-size:11pt\"><span style=\"line-height:normal\"><span style=\"font-family:Calibri,sans-serif\"><a href=\"https:\/\/casavogue.globo.com\/um-so-planeta\/noticia\/2024\/12\/casa-movel-impressa-em-3d-e-feita-com-garrafas-plasticas-reutilizadas.ghtml\" style=\"color:blue; text-decoration:underline\"><span style=\"font-size:14.0pt\">Casa m&oacute;vel impressa em 3D &eacute; feita com garrafas pl&aacute;sticas reutilizadas<\/span><\/a><\/span><\/span><\/span><\/p>\r\n\r\n<p style=\"text-align:justify\"><span style=\"font-size:11pt\"><span style=\"line-height:normal\"><span style=\"font-family:Calibri,sans-serif\"><a href=\"https:\/\/www.innovationintextiles.com\/nylon-6-enzymatic-recycling-success\/\" style=\"color:blue; text-decoration:underline\"><span style=\"font-size:14.0pt\">Nylon 6 enzymatic recycling success<\/span><\/a><\/span><\/span><\/span><\/p>\r\n\r\n<p style=\"text-align:justify\"><span style=\"font-size:11pt\"><span style=\"line-height:normal\"><span style=\"font-family:Calibri,sans-serif\"><a href=\"https:\/\/www.gov.br\/mdic\/pt-br\/assuntos\/noticias\/2024\/dezembro\/missao-5-da-nova-industria-brasil-destina-r-468-38-bi-entre-recursos-publicos-e-privados-para-bioeconomia-e-descarbonizacao\" style=\"color:blue; text-decoration:underline\"><span style=\"font-size:14.0pt\">Miss&atilde;o 5 da Nova Ind&uacute;stria Brasil destina R$ 468,38 bi, entre recursos p&uacute;blicos e privados, para bioeconomia e descarboniza&ccedil;&atilde;o<\/span><\/a><\/span><\/span><\/span><\/p>\r\n\r\n<p style=\"text-align:justify\"><span style=\"font-size:11pt\"><span style=\"line-height:normal\"><span style=\"font-family:Calibri,sans-serif\"><a href=\"https:\/\/www.migalhas.com.br\/quentes\/421525\/lei-que-regulamenta-mercado-de-carbono-no-brasil-e-sancionada\" style=\"color:blue; text-decoration:underline\"><span style=\"font-size:14.0pt\">Lei que regulamenta mercado de carbono no Brasil &eacute; sancionada<\/span><\/a><\/span><\/span><\/span><\/p>\r\n\r\n<p style=\"text-align:justify\"><span style=\"font-size:11pt\"><span style=\"line-height:normal\"><span style=\"font-family:Calibri,sans-serif\"><a href=\"https:\/\/www.youtube.com\/watch?v=GtrZf0caW-c\" style=\"color:blue; text-decoration:underline\"><span style=\"font-size:14.0pt\">Impactos do\u202fMercado Regulado de Carbono Brasileiro<\/span><\/a><\/span><\/span><\/span><\/p>\r\n\r\n<p style=\"text-align:justify\"><span style=\"font-size:28pt\"><span style=\"font-family:Cambria,serif\"><span style=\"letter-spacing:-0.5pt\"><b><span style=\"font-size:18.0pt\"><span style=\"font-family:&quot;Calibri&quot;,sans-serif\"><span style=\"font-variant:small-caps\">Inova&ccedil;&atilde;o<\/span><\/span><\/span><\/b><\/span><\/span><\/span><\/p>\r\n\r\n<p style=\"text-align:justify\"><span style=\"font-size:11pt\"><span style=\"line-height:normal\"><span style=\"font-family:Calibri,sans-serif\"><a href=\"https:\/\/www.ifsc.edu.br\/web\/noticias\/w\/estudantes-e-professora-desenvolvem-materiais-para-construcao-civil-com-conchas-de-ostras-e-plastico\" style=\"color:blue; text-decoration:underline\"><span style=\"font-size:14.0pt\">Comp&oacute;sitos: estudantes e professora desenvolvem materiais para constru&ccedil;&atilde;o civil com conchas de ostras e pl&aacute;stico<\/span><\/a><\/span><\/span><\/span><\/p>\r\n\r\n<p style=\"text-align:justify\"><span style=\"font-size:11pt\"><span style=\"line-height:normal\"><span style=\"font-family:Calibri,sans-serif\"><a href=\"https:\/\/clickpetroleoegas.com.br\/esqueca-o-asfalto-tradicional-estado-brasileiro-inova-e-utiliza-mais-de-16-milhao-de-pneus-para-revitalizar-suas-rodovias\/\" style=\"color:blue; text-decoration:underline\"><span style=\"font-size:14.0pt\">Esque&ccedil;a o asfalto tradicional! Estado brasileiro inova e utiliza mais de 1,6 milh&atilde;o de pneus para revitalizar suas rodovias<\/span><\/a><\/span><\/span><\/span><\/p>\r\n\r\n<p style=\"text-align:justify\"><span style=\"font-size:11pt\"><span style=\"line-height:normal\"><span style=\"font-family:Calibri,sans-serif\"><a href=\"https:\/\/www.inovacaotecnologica.com.br\/noticias\/noticia.php?artigo=criado-material-repelencia-agua-quase-perfeita&amp;id=010160241216&amp;ebol=sim\" style=\"color:blue; text-decoration:underline\"><span style=\"font-size:14.0pt\">Criado um material com repel&ecirc;ncia &agrave; &aacute;gua quase perfeita<\/span><\/a><\/span><\/span><\/span><\/p>\r\n\r\n<p style=\"text-align:justify\"><span style=\"font-size:11pt\"><span style=\"line-height:normal\"><span style=\"font-family:Calibri,sans-serif\"><a href=\"https:\/\/www.inovacaotecnologica.com.br\/noticias\/noticia.php?artigo=folhas-magneticas-manipulam-objetos-sem-precisar-agarra-los&amp;id=010170241216&amp;ebol=sim\" style=\"color:blue; text-decoration:underline\"><span style=\"font-size:14.0pt\">Folhas magn&eacute;ticas manipulam objetos sem precisar agarr&aacute;-los<\/span><\/a><\/span><\/span><\/span><\/p>\r\n\r\n<p style=\"text-align:justify\"><span style=\"font-size:11pt\"><span style=\"line-height:normal\"><span style=\"font-family:Calibri,sans-serif\"><a href=\"https:\/\/www.noticenter.com.br\/n.php?ID=39199&amp;T=unesc-impulsiona-inovacao-e-sustentabilidade-na-industria-plastica-do-sul-de-sc\" style=\"color:blue; text-decoration:underline\"><span style=\"font-size:14.0pt\">Unesc impulsiona inova&ccedil;&atilde;o e sustentabilidade na ind&uacute;stria pl&aacute;stica do Sul de SC<\/span><\/a><\/span><\/span><\/span><\/p>\r\n\r\n<p style=\"text-align:justify\"><span style=\"font-size:11pt\"><span style=\"line-height:normal\"><span style=\"font-family:Calibri,sans-serif\"><a href=\"https:\/\/www.innovationintextiles.com\/composites\/automotive-innovations-at-jec-2025\/\" style=\"color:blue; text-decoration:underline\"><span style=\"font-size:14.0pt\">Automotive innovations at JEC 2025<\/span><\/a><\/span><\/span><\/span><\/p>\r\n\r\n<p style=\"text-align:justify\"><span style=\"font-size:28pt\"><span style=\"font-family:Cambria,serif\"><span style=\"letter-spacing:-0.5pt\"><b><span style=\"font-size:18.0pt\"><span style=\"font-family:&quot;Calibri&quot;,sans-serif\"><span style=\"font-variant:small-caps\">Com&eacute;rcio Exterior<\/span><\/span><\/span><\/b><\/span><\/span><\/span><\/p>\r\n\r\n<p style=\"text-align:justify\"><span style=\"font-size:11pt\"><span style=\"line-height:normal\"><span style=\"font-family:Calibri,sans-serif\"><a href=\"https:\/\/portalibre.fgv.br\/noticias\/cai-participacao-da-china-nas-exportacoes-e-aumenta-nas-importacoes\" style=\"color:blue; text-decoration:underline\"><span style=\"font-size:14.0pt\">Cai a participa&ccedil;&atilde;o da China nas exporta&ccedil;&otilde;es e aumenta nas importa&ccedil;&otilde;es<\/span><\/a><\/span><\/span><\/span><\/p>\r\n\r\n<p style=\"text-align:justify\"><span style=\"font-size:11pt\"><span style=\"line-height:normal\"><span style=\"font-family:Calibri,sans-serif\"><a href=\"https:\/\/br.investing.com\/news\/stock-market-news\/abimaq-ve-risco-de-deficit-comercial-do-brasil-com-europa-ser-ampliado-com-acordo-1416866\" style=\"color:blue; text-decoration:underline\"><span style=\"font-size:14.0pt\">Abimaq v&ecirc; risco de d&eacute;ficit comercial do Brasil com Europa ser ampliado com acordo<\/span><\/a><\/span><\/span><\/span><\/p>\r\n\r\n<p style=\"text-align:justify\"><span style=\"font-size:11pt\"><span style=\"line-height:normal\"><span style=\"font-family:Calibri,sans-serif\"><a href=\"https:\/\/eixos.com.br\/transicao-energetica\/clima-e-energia-estao-entre-prioridades-da-presidencia-do-brasil-no-brics-em-2025-diz-ministra\/?utm_source=newsletters+eixos&amp;utm_campaign=01de9febf6-EMAIL_CAMPAIGN_2024_12_11_11_48&amp;utm_medium=email&amp;utm_term=0_-01de9febf6-466362780\" style=\"color:blue; text-decoration:underline\"><span style=\"font-size:14.0pt\">Clima e energia est&atilde;o entre prioridades da presid&ecirc;ncia do Brasil no Brics em 2025, diz ministra<\/span><\/a><\/span><\/span><\/span><\/p>\r\n\r\n<p style=\"text-align:justify\"><span style=\"font-size:11pt\"><span style=\"line-height:normal\"><span style=\"font-family:Calibri,sans-serif\"><a href=\"https:\/\/br.fashionnetwork.com\/news\/Exportacoes-de-calcados-somaram-89-6-milhoes-de-pares-ate-novembro,1684992.html\" style=\"color:blue; text-decoration:underline\"><span style=\"font-size:14.0pt\">Exporta&ccedil;&otilde;es de cal&ccedil;ados somaram 89,6 milh&otilde;es de pares at&eacute; novembro<\/span><\/a><\/span><\/span><\/span><\/p>\r\n\r\n<p style=\"text-align:justify\"><span style=\"font-size:11pt\"><span style=\"line-height:normal\"><span style=\"font-family:Calibri,sans-serif\"><a href=\"https:\/\/petronoticias.com.br\/abiquim-aprova-o-acordo-do-mercosul-e-a-uniao-europeia-e-diz-que-a-relacao-comercial-ficara-mais-equilibrada\/\" style=\"color:blue; text-decoration:underline\"><span style=\"font-size:14.0pt\">Abiquim aprova o acordo entre Mercosul e Uni&atilde;o europeia e diz que a rela&ccedil;&atilde;o comercial ficar&aacute; mais equilibrada<\/span><\/a><\/span><\/span><\/span><\/p>\r\n\r\n<p style=\"text-align:justify\"><span style=\"font-size:11pt\"><span style=\"line-height:normal\"><span style=\"font-family:Calibri,sans-serif\"><a href=\"https:\/\/mercadoeconsumo.com.br\/11\/12\/2024\/noticias\/quais-sao-os-impactos-do-acordo-mercosul-ue-na-industria-textil-e-de-confeccao-brasileira\/\" style=\"color:blue; text-decoration:underline\"><span style=\"font-size:14.0pt\">Quais s&atilde;o os impactos do acordo Mercosul-UE na ind&uacute;stria t&ecirc;xtil e de confec&ccedil;&atilde;o brasileira?<\/span><\/a><\/span><\/span><\/span><\/p>\r\n\r\n<p style=\"text-align:justify\"><span style=\"font-size:11pt\"><span style=\"line-height:normal\"><span style=\"font-family:Calibri,sans-serif\"><a href=\"https:\/\/textalks.com\/brics-balancing-act-geopolitics-overshadowing-trade-growth-experts-warn\/\" style=\"color:blue; text-decoration:underline\"><span lang=\"EN-US\" style=\"font-size:14.0pt\">BRICS balancing act: Geopolitics overshadowing trade growth?<\/span><\/a><\/span><\/span><\/span><\/p>\r\n\r\n<p style=\"text-align:justify\"><span style=\"font-size:28pt\"><span style=\"font-family:Cambria,serif\"><span style=\"letter-spacing:-0.5pt\"><b><span style=\"font-size:18.0pt\"><span style=\"font-family:&quot;Calibri&quot;,sans-serif\"><span style=\"font-variant:small-caps\">Economia<\/span><\/span><\/span><\/b><\/span><\/span><\/span><\/p>\r\n\r\n<p style=\"text-align:justify\"><span style=\"font-size:11pt\"><span style=\"line-height:normal\"><span style=\"font-family:Calibri,sans-serif\"><a href=\"https:\/\/www.bcb.gov.br\/content\/focus\/focus\/R20241213.pdf\" style=\"color:blue; text-decoration:underline\"><span style=\"font-size:14.0pt\">Focus - Relat&oacute;rio de Mercado<\/span><\/a><\/span><\/span><\/span><\/p>\r\n\r\n<p style=\"text-align:justify\"><span style=\"font-size:11pt\"><span style=\"line-height:normal\"><span style=\"font-family:Calibri,sans-serif\"><a href=\"https:\/\/noticias.portaldaindustria.com.br\/noticias\/economia\/pib-deve-crescer-24-em-2025-projeta-cni\/\" style=\"color:blue; text-decoration:underline\"><span style=\"font-size:14.0pt\">PIB deve crescer 2,4% em 2025, projeta CNI<\/span><\/a><\/span><\/span><\/span><\/p>\r\n\r\n<p style=\"text-align:justify\"><span style=\"font-size:11pt\"><span style=\"line-height:normal\"><span style=\"font-family:Calibri,sans-serif\"><a href=\"https:\/\/www12.senado.leg.br\/noticias\/materias\/2024\/12\/12\/reforma-tributaria-aprovado-o-texto-base-da-regulamentacao-sobre-consumo\" style=\"color:blue; text-decoration:underline\"><span style=\"font-size:14.0pt\">Regulamenta&ccedil;&atilde;o da reforma tribut&aacute;ria sobre consumo &eacute; aprovada no Senado<\/span><\/a><\/span><\/span><\/span><\/p>\r\n\r\n<p style=\"text-align:justify\"><span style=\"font-size:11pt\"><span style=\"line-height:normal\"><span style=\"font-family:Calibri,sans-serif\"><a href=\"https:\/\/revistaoeste.com\/economia\/desajuste-faz-mercado-projetar-inflacao-e-juros-ainda-mais-altos\/\" style=\"color:blue; text-decoration:underline\"><span style=\"font-size:14.0pt\">Desajuste faz mercado projetar infla&ccedil;&atilde;o e juros ainda mais altos<\/span><\/a><\/span><\/span><\/span><\/p>\r\n\r\n<p style=\"text-align:justify\"><span style=\"font-size:11pt\"><span style=\"line-height:normal\"><span style=\"font-family:Calibri,sans-serif\"><a href=\"https:\/\/www.moneytimes.com.br\/a-dura-realidade-matematica-rnda\/#amp_tf=De%20%251%24s&amp;aoh=17342208754497&amp;csi=0&amp;referrer=https%3A%2F%2Fwww.google.com&amp;ampshare=https%3A%2F%2Fwww.moneytimes.com.br%2Fa-dura-realidade-matematica-rnda%2F\" style=\"color:blue; text-decoration:underline\"><span style=\"font-size:14.0pt\">A dura realidade matem&aacute;tica: Ou o Brasil acerta a trajet&oacute;ria fiscal ou o pa&iacute;s explode<\/span><\/a><\/span><\/span><\/span><\/p>\r\n\r\n<p style=\"text-align:justify\"><span style=\"font-size:11pt\"><span style=\"line-height:normal\"><span style=\"font-family:Calibri,sans-serif\"><span style=\"font-size:14.0pt\"><img src=\"https:\/\/www.abint.org.br\/assets\/img\/editor\/redes-sociais-abint-ctg-cth_20241218131509rWTDV1klbV.jpg\" \/><\/span><\/span><\/span><\/span><\/p>\r\n","texto_en":"","7":"","imagem":"COMP_capa-2024-site-boletim-abint-noticias-semanis_20241218134726FMO048k18e.jpg","8":"COMP_capa-2024-site-boletim-abint-noticias-semanis_20241218134726FMO048k18e.jpg","arquivo":"20241217-BOLETIM-ABINT-DE-NOTICIAS-SEMANAIS.PDF","9":"20241217-BOLETIM-ABINT-DE-NOTICIAS-SEMANAIS.PDF","titulo_arquivo":"20241217 Boletim ABINT de Not\u00edcias Semanais","10":"20241217 Boletim ABINT de Not\u00edcias Semanais","titulo_arquivo_en":"","11":"","created_at":"2024-12-18 13:47:36","12":"2024-12-18 13:47:36","updated_at":"2024-12-18 13:47:36","13":"2024-12-18 13:47:36"},{"id":149,"0":149,"ordem":74,"1":74,"data":"2024-12-10","2":"2024-12-10","slug":"boletim-abint-de-noticias-semanais-57","3":"boletim-abint-de-noticias-semanais-57","titulo":"Boletim ABINT de Not\u00edcias Semanais","4":"Boletim ABINT de Not\u00edcias Semanais","titulo_en":"","5":"","texto":"<p style=\"text-align:justify\"><span style=\"font-size:11pt\"><span style=\"line-height:normal\"><span style=\"font-family:Calibri,sans-serif\"><span style=\"font-size:14.0pt\">Esta &eacute; uma compila&ccedil;&atilde;o das not&iacute;cias mais relevantes para o setor, incluindo informa&ccedil;&otilde;es sobre acordos internacionais, economia brasileira, sustentabilidade e mat&eacute;rias primas, al&eacute;m de novidades do setor de N&atilde;otecidos e Tecidos T&eacute;cnicos.<\/span><\/span><\/span><\/span><\/p>\r\n\r\n<p style=\"text-align:justify\"><b><span style=\"font-size:18.0pt\"><span style=\"line-height:115%\"><span style=\"font-family:&quot;Calibri&quot;,sans-serif\"><span style=\"font-variant:small-caps\">A&ccedil;&otilde;es realizadas<\/span><\/span><\/span><\/span><\/b><\/p>\r\n\r\n<p style=\"text-align:justify\">&nbsp;<\/p>\r\n\r\n<p style=\"text-align:justify\"><b><span style=\"font-size:18.0pt\"><span style=\"line-height:115%\"><span style=\"font-family:&quot;Calibri&quot;,sans-serif\"><span style=\"font-variant:small-caps\"><img src=\"https:\/\/www.abint.org.br\/assets\/img\/editor\/logo-ctg-abint-png_20241210184401lsB5wObJSG.png\" style=\"width: 300px; height: 55px;\" \/><\/span><\/span><\/span><\/span><\/b><\/p>\r\n\r\n<p style=\"text-align:justify\">&nbsp;<\/p>\r\n\r\n<p style=\"text-align:justify\"><span style=\"font-size:11pt\"><span style=\"line-height:normal\"><span style=\"font-family:Calibri,sans-serif\"><span style=\"font-size:14.0pt\">No dia 03 de dezembro, o CTG Entrevista recebeu Thiago Villas B&ocirc;as Zanon, Mestre em Geotecnia e Coordenador de Valoriza&ccedil;&atilde;o de Res&iacute;duos da Solvi para falar sobre o uso e aplica&ccedil;&atilde;o de geossint&eacute;ticos em aterros sanit&aacute;rios. Assista a entrevista completa: <\/span><a href=\"https:\/\/www.instagram.com\/p\/DDIdcH2Rfha\/\" style=\"color:blue; text-decoration:underline\"><span style=\"font-size:14.0pt\">clique aqui<\/span><\/a> <\/span><\/span><\/span><\/p>\r\n\r\n<p style=\"text-align:justify\"><span style=\"font-size:28pt\"><span style=\"font-family:Cambria,serif\"><span style=\"letter-spacing:-0.5pt\"><b><span style=\"font-size:18.0pt\"><span style=\"font-family:&quot;Calibri&quot;,sans-serif\"><span style=\"font-variant:small-caps\">Not&iacute;cias das Associadas<\/span><\/span><\/span><\/b><\/span><\/span><\/span><\/p>\r\n\r\n<p style=\"text-align:justify\"><span style=\"font-size:11pt\"><span style=\"line-height:normal\"><span style=\"font-family:Calibri,sans-serif\"><a href=\"https:\/\/r.mail.fibretofashion.com\/tr\/cl\/oZhDRIiYLy8WxrAmRS1VMTEysBdOWju3IO3qL6HyOAT43LdTy786aGMH83pvmKzUXem0pl59-sdJ0ogrmciegybVm8W5KLbQ-DhtcB1CZQambte-7zVzybs96zWRy7qnI6mW6heoq-_8fuokm21mg72dlw75JtnEluacFzcp-l70GP5t00p2ujHZ9Rv4rXKKSjOGmrsTjN0VxGfMb-keExs5H6JWvMR3yoeGfTqlvLtxThUwgWeckxiqqVMZH--93C5X8rhyBn_yu_Quy8pNVkFgNzjNEHwaRcVlzEiQvM53yI9jVo5yOgI-znW0PiiEI3mnPpzsCeWcvdREZvIurO0_ylSHkX9WnHaGuZrnkzz-NmgSloGsPy9xw7yAsMqUK56MaPib8cn3MC5VsdYkqvHWAnULtSqP\" style=\"color:blue; text-decoration:underline\" target=\"_blank\"><span style=\"font-size:14.0pt\">Andritz Perfojet celebrates 40 years of innovation<\/span><\/a><\/span><\/span><\/span><\/p>\r\n\r\n<p style=\"text-align:justify\"><span style=\"font-size:11pt\"><span style=\"line-height:normal\"><span style=\"font-family:Calibri,sans-serif\"><a href=\"https:\/\/www.nonwovens-industry.com\/contents\/view_breaking-news\/2024-12-03\/andritz-receives-enginnering-order-from-circ?utm_campaign=NON+eNewsletter&amp;utm_medium=email&amp;_hsenc=p2ANqtz-_enwoHrHTc0jjAY7-AACtAXNcGshlcDbg4VX1a_hNTNs30XRXoTg2BRMoAd_FGu_0JAfeZ90qmgPAuJ7hHOqEd52SdtQ&amp;_hsmi=337209194&amp;utm_content=337209194&amp;utm_source=hs_email\" style=\"color:blue; text-decoration:underline\"><span lang=\"EN-US\" style=\"font-size:14.0pt\">Andritz Receives Engineering Order from Circ<\/span><\/a><\/span><\/span><\/span><\/p>\r\n\r\n<p style=\"text-align:justify\"><span style=\"font-size:11pt\"><span style=\"line-height:normal\"><span style=\"font-family:Calibri,sans-serif\"><a href=\"https:\/\/www.andritz.com\/hydro-en\/about-andritz-hydro\/locations\/brasil-sao-paulo\/pt\/local-news-brasil-pt\" style=\"color:blue; text-decoration:underline\"><span style=\"font-size:14.0pt\">ANDRITZ modernizar&aacute; a usina hidrel&eacute;trica Governador Parigot de Souza no Brasil<\/span><\/a><\/span><\/span><\/span><\/p>\r\n\r\n<p style=\"text-align:justify\"><span style=\"font-size:11pt\"><span style=\"line-height:normal\"><span style=\"font-family:Calibri,sans-serif\"><a href=\"https:\/\/t.rdsv2.net\/ls\/click?upn=u001.SJ-2BHbcLStyE5mTD5OK48sq2JxFfkhvQ6eAz6nLBcupXTZYiqL4D-2FFxWpUSZnVASkRHf4akgtmfWNqSUAW2JYl5SyIVEzvrub853gp0SexhdXdAhHuE4b9ZHH93lCbCe2C47KWo5Zg19ISNQuX05Ntn-2BVMKPX1Y13NXqGAZguCdJ01VRjSposw1efUhBXJE0sy0m3zBCSUCwNMTQKEhYPYIWLwthNe6VkBj0pxkXnXXTnC1jKH7zSn3dcmlzTXGLRliQIAlVVbf5b8jUkYMCqNnM9PziOg6LthXSrgxrnGkMcd0poSAPSXvdKgpqyHK88HPj7fSI0aMH52-2BjKkAIMA5-2BQseLSYHYHsanChMq8HARkVPHjf5DSgLB5VcLHNDRMo92V_T7N8BvZTOm04CQQMiyWztrpCjlUrRc4F7QzSgUIpTqB5Yk-2Bt7YhUyk7lZRXmbFFsi-2Foe1q0kuwsCjfsBOqL9ZeKwOqG7ApazixuGEP6Z5SJuFg5bm15p-2FcAKNI6-2BqjB-2B-2BuVTDLoO0M1hWTGU8Njpt1L9UxE-2BWGfQet244X3j4f3fQePPccLc3riYGrh036-2FlQPmaRb-2BYJR2eBGH-2Bqjb0VIU1fUO6b13cDUjezPP4ite50uDXPXOTYJNI9uJSDPi9wVxsGhpDoJw-2BgvgqNJ10KOGd3l9qSKvX3cKtH28cQ-2FydmuUKehofiosSYHrAEuX1UmRSX5psY5uUu3-2FhI5TbtKpCZL4asWBmEZt0bUaUjG915f7z3VhQzn9ys6dd-2BV5QWOnKIU1cfJebo3rCeV1Icxh8GwrjZAgrMM1RalN1hpwzxHqZlKAyPIlF230ZeGzIs-2FqaKpptwU6UhvylktTr5i7MKsStfupWCYkOam4H62zm2c6A0RSCv6SVBBmlBwaGQyLEcAZIlcQLmMa2OLSNq9wveYk8AUqe6xYqnD9ymaH-2BFyoX8HaB7JhpU8keGeYqLubWryM2hS4WeCT-2BxyfaaqppudWQEZWsp05nxArc5AylM9PsU-2FgTWfnZ-2FQejAD2hvo2GKidn-2FAkRpfX69fTCjLFTrTgqjtt7-2BTV0a-2BrXE-2Br9ZMWSUIupLRzpbn5-2BcRULmVttvP0SM8wxeOdTz9flj5oVQt8m2-2BlCATfGy3bxpQU-3D\" style=\"color:blue; text-decoration:underline\" title=\"ANDRITZ lan\u00e7a o PrimeDry HotAir Box para reduzir o consumo de energia na secagem de tissue\"><span style=\"font-size:14.0pt\">ANDRITZ lan&ccedil;a o PrimeDry HotAir Box para reduzir o consumo de energia na secagem de tissue<\/span><\/a><\/span><\/span><\/span><\/p>\r\n\r\n<p style=\"text-align:justify\"><span style=\"font-size:11pt\"><span style=\"line-height:normal\"><span style=\"font-family:Calibri,sans-serif\"><a href=\"https:\/\/www.textileworld.com\/textile-world\/nonwovens-technical-textiles\/2024\/12\/freudenberg-to-introduce-sustainable-innovations-for-shoe-and-leather-goods-at-inspiramais-trade-fair-in-brazil\/\" style=\"color:blue; text-decoration:underline\"><span lang=\"EN-US\" style=\"font-size:14.0pt\">Freudenberg To Introduce Sustainable Innovations For Shoe And Leather Goods At Inspiramais Trade Fair In Brazil<\/span><\/a><\/span><\/span><\/span><\/p>\r\n\r\n<p style=\"text-align:justify\"><span style=\"font-size:11pt\"><span style=\"line-height:normal\"><span style=\"font-family:Calibri,sans-serif\"><a href=\"https:\/\/www.textileworld.com\/textile-world\/nonwovens-technical-textiles\/2024\/12\/mark-ushpol-appointed-evp-americas-business-area-at-suominen\/\" style=\"color:blue; text-decoration:underline\"><span lang=\"ES-AR\" style=\"font-size:14.0pt\">Mark Ushpol Appointed EVP, Americas Business Area At Suominen<\/span><\/a><\/span><\/span><\/span><\/p>\r\n\r\n<p style=\"text-align:justify\">&nbsp;<\/p>\r\n\r\n<p style=\"text-align:justify\"><span style=\"font-size:11pt\"><span style=\"line-height:normal\"><span style=\"font-family:Calibri,sans-serif\"><b><span style=\"font-size:18.0pt\"><span style=\"font-variant:small-caps\">Eventos<\/span><\/span><\/b><\/span><\/span><\/span><\/p>\r\n\r\n<p style=\"text-align:justify\">&nbsp;<\/p>\r\n\r\n<p style=\"text-align:justify\"><span style=\"font-size:11pt\"><span style=\"line-height:normal\"><span style=\"font-family:Calibri,sans-serif\"><a href=\"https:\/\/send.neopixdmi.com\/index.php\/campaigns\/as827ezfoq9af\/web-version\/mh045xn88n9c0\" style=\"color:blue; text-decoration:underline\"><b><span style=\"font-size:14.0pt\">VI Semin&aacute;rio Meio Ambiente, Saneamento e Sustentabilidade - ASEC, ABES-SP e AESabesp<\/span><\/b><\/a><span style=\"font-size:14.0pt\">, de 10 a 12 de dezembro de 2024, as 9h &agrave;s 16h30, Audit&oacute;rio Augusto Ruschi, Cetesb, S&atilde;o Paulo, SP.<\/span><\/span><\/span><\/span><\/p>\r\n\r\n<p style=\"text-align:justify\"><span style=\"font-size:11pt\"><span style=\"line-height:normal\"><span style=\"font-family:Calibri,sans-serif\"><a href=\"https:\/\/evento.fgv.br\/seminariodeanalise_1712\/\" style=\"color:blue; text-decoration:underline\"><b><span style=\"font-size:14.0pt\">Webinar FGV IBRE | IV Semin&aacute;rio de An&aacute;lise Conjuntural<\/span><\/b><\/a><span style=\"font-size:14.0pt\">, 17 de dezembro de 2024, 10h00 &agrave;s 11h30, Transmiss&atilde;o YouTube FGV<\/span><\/span><\/span><\/span><\/p>\r\n\r\n<p style=\"text-align:justify\"><span style=\"font-size:11pt\"><span style=\"line-height:normal\"><span style=\"font-family:Calibri,sans-serif\"><a href=\"https:\/\/www.fimec.com.br\/\" style=\"color:blue; text-decoration:underline\"><b><span style=\"font-size:14.0pt\">Fimec 2025<\/span><\/b><\/a><span style=\"font-size:14.0pt\">, 18 a 20 de mar&ccedil;o, Fenac, Novo Hamburgo, RS<\/span><\/span><\/span><\/span><\/p>\r\n\r\n<p style=\"text-align:justify\"><span style=\"font-size:11pt\"><span style=\"line-height:normal\"><span style=\"font-family:Calibri,sans-serif\"><a href=\"https:\/\/www.plasticobrasil.com.br\/pt\/home.html\" style=\"color:blue; text-decoration:underline\"><b><span style=\"font-size:14.0pt\">Feira Pl&aacute;stico Brasil<\/span><\/b><\/a><span style=\"font-size:14.0pt\">, de 24 a 28 de mar&ccedil;o de 2025, das 10h &agrave;s 19h, S&atilde;o Paulo Expo, Rodovia dos Imigrantes, km 1,5<\/span><\/span><\/span><\/span><\/p>\r\n\r\n<p style=\"text-align:justify\"><span style=\"font-size:11pt\"><span style=\"line-height:normal\"><span style=\"font-family:Calibri,sans-serif\"><a href=\"https:\/\/ideashow.org\/\" style=\"color:blue; text-decoration:underline\"><b><span lang=\"EN-US\" style=\"font-size:14.0pt\">IDEA25<\/span><\/b><\/a><span lang=\"EN-US\" style=\"font-size:14.0pt\">, April 29-May 1, 2025, Miami Beach Convention Center, Miami Beach, Florida<\/span><\/span><\/span><\/span><\/p>\r\n\r\n<p style=\"text-align:justify\"><span style=\"font-size:11pt\"><span style=\"line-height:normal\"><span style=\"font-family:Calibri,sans-serif\"><a href=\"https:\/\/www.conbrava.com.br\/\" style=\"color:blue; text-decoration:underline\"><b><span style=\"font-size:14.0pt\">CONBRAVA 2025<\/span><\/b><\/a><span style=\"font-size:14.0pt\">, 10 a 12 de setembro de 2025, S&atilde;o Paulo Expo, Rodovia dos Imigrantes, km 1,5<\/span><\/span><\/span><\/span><\/p>\r\n\r\n<p style=\"text-align:justify\"><span style=\"font-size:11pt\"><span style=\"line-height:normal\"><span style=\"font-family:Calibri,sans-serif\"><b><span style=\"font-size:14.0pt\">17&ordm; Congresso Brasileiro de Enfermagem em Centro Cir&uacute;rgico: &ldquo;O poder de cuidar&rdquo;<\/span><\/b><span style=\"font-size:14.0pt\">, 01 a 03 de outubro de 2025, Transamerica Expo Center, S&atilde;o Paulo, SP<\/span><\/span><\/span><\/span><\/p>\r\n\r\n<p style=\"text-align:justify\"><span style=\"font-size:11pt\"><span style=\"line-height:normal\"><span style=\"font-family:Calibri,sans-serif\"><a href=\"https:\/\/hospitalmed.com.br\/feira\/\" style=\"color:blue; text-decoration:underline\"><b><span style=\"font-size:14.0pt\">HospitalMed 2025<\/span><\/b><\/a><span style=\"font-size:14.0pt\">, 22 a 24 de outubro, Pernambuco Centro de Conven&ccedil;&otilde;es, Olinda<\/span><\/span><\/span><\/span><\/p>\r\n\r\n<p style=\"text-align:justify\"><span style=\"font-size:28pt\"><span style=\"font-family:Cambria,serif\"><span style=\"letter-spacing:-0.5pt\"><b><span style=\"font-size:18.0pt\"><span style=\"font-family:&quot;Calibri&quot;,sans-serif\"><span style=\"font-variant:small-caps\">Setor<\/span><\/span><\/span><\/b><\/span><\/span><\/span><\/p>\r\n\r\n<p style=\"text-align:justify\"><span style=\"font-size:11pt\"><span style=\"line-height:normal\"><span style=\"font-family:Calibri,sans-serif\"><span class=\"MsoHyperlink\" style=\"color:blue\"><span style=\"text-decoration:underline\"><span style=\"font-size:14.0pt\"><a href=\"https:\/\/surgiu.com.br\/2024\/12\/05\/voce-sabe-o-que-sao-naotecidos-conheca-o-material-que-revoluciona-diversos-setores\/\" style=\"color:blue; text-decoration:underline\">Voc&ecirc; sabe o que s&atilde;o n&atilde;otecidos? Conhe&ccedil;a o material que revoluciona diversos setores<\/a><\/span><\/span><\/span><\/span><\/span><\/span><\/p>\r\n\r\n<p style=\"text-align:justify\"><span style=\"font-size:11pt\"><span style=\"line-height:normal\"><span style=\"font-family:Calibri,sans-serif\"><a href=\"https:\/\/tissueonline.com.br\/softys-investe-us-123-milhoes-nas-suas-operacoes-em-goias\/?utm_campaign=nova_newsletter_061224&amp;utm_medium=email&amp;utm_source=RD+Station\" style=\"color:blue; text-decoration:underline\"><span style=\"font-size:14.0pt\">Softys investe US$ 123 milh&otilde;es nas suas opera&ccedil;&otilde;es em Goi&aacute;s<\/span><\/a><\/span><\/span><\/span><\/p>\r\n\r\n<p style=\"text-align:justify\"><span style=\"font-size:11pt\"><span style=\"line-height:normal\"><span style=\"font-family:Calibri,sans-serif\"><a href=\"https:\/\/www.textileworld.com\/textile-world\/nonwovens-technical-textiles\/2024\/12\/nonwovenn-leads-the-charge-with-target-to-achieve-net-zero-by-2035\/\" style=\"color:blue; text-decoration:underline\"><span lang=\"EN-US\" style=\"font-size:14.0pt\">Nonwovenn Leads The Charge With Target To Achieve Net Zero By 2035<\/span><\/a><\/span><\/span><\/span><\/p>\r\n\r\n<p style=\"text-align:justify\"><span style=\"font-size:11pt\"><span style=\"line-height:normal\"><span style=\"font-family:Calibri,sans-serif\"><a href=\"https:\/\/plasticosemrevista.com.br\/resinas-importadas-deslancham-no-suprimento-da-europa\/\" style=\"color:blue; text-decoration:underline\"><span style=\"font-size:14.0pt\">Resinas importadas deslancham no suprimento da Europa<\/span><\/a><\/span><\/span><\/span><\/p>\r\n\r\n<p style=\"text-align:justify\"><span style=\"font-size:11pt\"><span style=\"line-height:normal\"><span style=\"font-family:Calibri,sans-serif\"><span class=\"MsoHyperlink\" style=\"color:blue\"><span style=\"text-decoration:underline\"><span style=\"font-size:14.0pt\"><a href=\"https:\/\/plasticosemrevista.com.br\/o-calvario-da-petroquimica-na-america-latina\/\" style=\"color:blue; text-decoration:underline\">O calv&aacute;rio da petroqu&iacute;mica na Am&eacute;rica Latina<\/a><\/span><\/span><\/span><\/span><\/span><\/span><\/p>\r\n\r\n<p style=\"text-align:justify\"><span style=\"font-size:11pt\"><span style=\"line-height:normal\"><span style=\"font-family:Calibri,sans-serif\"><a href=\"https:\/\/www.olinda.pe.gov.br\/geomantas-olinda-instala-protecao-que-beneficia-30-familias-em-sapucaia\/\" style=\"color:blue; text-decoration:underline\"><span style=\"font-size:14.0pt\">Geomantas: Olinda instala prote&ccedil;&atilde;o que beneficia 30 fam&iacute;lias em Sapucaia<\/span><\/a><\/span><\/span><\/span><\/p>\r\n\r\n<p style=\"text-align:justify\"><span style=\"font-size:11pt\"><span style=\"line-height:normal\"><span style=\"font-family:Calibri,sans-serif\"><a href=\"https:\/\/ibsp.net.br\/covid-19-como-a-pandemia-afetou-a-seguranca-do-paciente\/\" style=\"color:blue; text-decoration:underline\"><span style=\"font-size:14.0pt\">Covid-19: como a pandemia afetou a Seguran&ccedil;a do Paciente?<\/span><\/a><\/span><\/span><\/span><\/p>\r\n\r\n<p style=\"text-align:justify\"><span style=\"font-size:11pt\"><span style=\"line-height:normal\"><span style=\"font-family:Calibri,sans-serif\"><a href=\"https:\/\/engeplus.com.br\/noticia\/geral\/210851\/unesc-apresenta-estudo-e-identifica-tendencias-economicas-para-impulsionar-o-setor-plastico\" style=\"color:blue; text-decoration:underline\"><span style=\"font-size:14.0pt\">Unesc apresenta estudo e identifica tend&ecirc;ncias econ&ocirc;micas para impulsionar o setor pl&aacute;stico<\/span><\/a><\/span><\/span><\/span><\/p>\r\n\r\n<p style=\"text-align:justify\"><span style=\"font-size:11pt\"><span style=\"line-height:normal\"><span style=\"font-family:Calibri,sans-serif\"><a href=\"https:\/\/www.textileworld.com\/textile-world\/nonwovens-technical-textiles\/2024\/12\/edana-announces-filtrex-2025-premier-filtration-conference-and-exhibition-in-vienna\/\" style=\"color:blue; text-decoration:underline\"><span lang=\"ES-AR\" style=\"font-size:14.0pt\">EDANA Announces FILTREX&trade; 2025: Premier Filtration Conference And Exhibition In Vienna<\/span><\/a><\/span><\/span><\/span><\/p>\r\n\r\n<p style=\"text-align:justify\"><span style=\"font-size:28pt\"><span style=\"font-family:Cambria,serif\"><span style=\"letter-spacing:-0.5pt\"><b><span style=\"font-size:18.0pt\"><span style=\"font-family:&quot;Calibri&quot;,sans-serif\"><span style=\"font-variant:small-caps\">Ind&uacute;stria<\/span><\/span><\/span><\/b><\/span><\/span><\/span><\/p>\r\n\r\n<p style=\"text-align:justify\"><span style=\"font-size:11pt\"><span style=\"line-height:normal\"><span style=\"font-family:Calibri,sans-serif\"><a href=\"https:\/\/brasil61.com\/n\/cni-industria-de-transformacao-cresce-pelo-quinto-trimestre-consecutivo-bras2413119\" style=\"color:blue; text-decoration:underline\"><span style=\"font-size:14.0pt\">CNI: ind&uacute;stria de transforma&ccedil;&atilde;o cresce pelo quinto trimestre consecutivo<\/span><\/a><\/span><\/span><\/span><\/p>\r\n\r\n<p style=\"text-align:justify\"><span style=\"font-size:11pt\"><span style=\"line-height:normal\"><span style=\"font-family:Calibri,sans-serif\"><a href=\"https:\/\/bahiaeconomica.com.br\/wp\/2024\/12\/03\/acordo-global-do-plastico-abiquim-seguira-apoiando-o-debate\/\" style=\"color:blue; text-decoration:underline\"><span style=\"font-size:14.0pt\">Acordo global do pl&aacute;stico: Abiquim seguir&aacute; apoiando o debate<\/span><\/a><\/span><\/span><\/span><\/p>\r\n\r\n<p style=\"text-align:justify\"><span style=\"font-size:11pt\"><span style=\"line-height:normal\"><span style=\"font-family:Calibri,sans-serif\"><a href=\"https:\/\/novovarejoautomotivo.com.br\/programa-mover_aftermarket-automotivo\/\" style=\"color:blue; text-decoration:underline\"><span style=\"font-size:14.0pt\">Abrafiltros: Programa Mover &eacute; tema do Abra Talks<\/span><\/a><\/span><\/span><\/span><\/p>\r\n\r\n<p style=\"text-align:justify\"><span style=\"font-size:11pt\"><span style=\"line-height:normal\"><span style=\"font-family:Calibri,sans-serif\"><a href=\"https:\/\/tvzoom.com.br\/construcao-civil-mercado-deve-movimentar-r-27-trilhoes-no-brasil-ate-2030\/\" style=\"color:blue; text-decoration:underline\"><span style=\"font-size:14.0pt\">Constru&ccedil;&atilde;o civil: mercado deve movimentar R$ 2,7 trilh&otilde;es no Brasil at&eacute; 2030<\/span><\/a><\/span><\/span><\/span><\/p>\r\n\r\n<p style=\"text-align:justify\"><span style=\"font-size:11pt\"><span style=\"line-height:normal\"><span style=\"font-family:Calibri,sans-serif\"><a href=\"https:\/\/grandesconstrucoes.com.br\/Noticias\/Exibir\/pais-tem-potencial-para-mais-r-100-bi-em-obras-de-saneamento?utm_source=akna&amp;utm_medium=email&amp;utm_campaign=Grandes-Construcoes-Informativo-941-05-12-2024&amp;utm_source=akna&amp;utm_medium=email&amp;utm_campaign=Grandes-Construcoes-Informativo-941-05-12-2024\" style=\"color:blue; text-decoration:underline\"><span style=\"font-size:14.0pt\">Pa&iacute;s tem potencial para mais R$ 100 bi em obras de saneamento<\/span><\/a><\/span><\/span><\/span><\/p>\r\n\r\n<p style=\"text-align:justify\"><span style=\"font-size:11pt\"><span style=\"line-height:normal\"><span style=\"font-family:Calibri,sans-serif\"><a href=\"https:\/\/www.youtube.com\/watch?v=_2pRPiA5ecs\" style=\"color:blue; text-decoration:underline\"><span style=\"font-size:14.0pt\">T&uacute;lio Barbosa: O investimento em infraestrutura direciona o crescimento de um pa&iacute;s<\/span><\/a><\/span><\/span><\/span><\/p>\r\n\r\n<p style=\"text-align:justify\"><span style=\"font-size:28pt\"><span style=\"font-family:Cambria,serif\"><span style=\"letter-spacing:-0.5pt\"><b><span style=\"font-size:18.0pt\"><span style=\"font-family:&quot;Calibri&quot;,sans-serif\"><span style=\"font-variant:small-caps\">Sustentabilidade<\/span><\/span><\/span><\/b><\/span><\/span><\/span><\/p>\r\n\r\n<p style=\"text-align:justify\"><span style=\"font-size:11pt\"><span style=\"line-height:normal\"><span style=\"font-family:Calibri,sans-serif\"><a href=\"https:\/\/noticias.uol.com.br\/cotidiano\/ultimas-noticias\/2024\/12\/04\/mais-brasileiros-tem-acesso-a-internet-do-que-saneamento-basico-diz-ibge.htm\" style=\"color:blue; text-decoration:underline\"><span style=\"font-size:14.0pt\">Brasileiros t&ecirc;m mais acesso &agrave; internet do que a saneamento b&aacute;sico, diz IBGE<\/span><\/a><\/span><\/span><\/span><\/p>\r\n\r\n<p style=\"text-align:justify\"><span style=\"font-size:11pt\"><span style=\"line-height:normal\"><span style=\"font-family:Calibri,sans-serif\"><a href=\"https:\/\/climainfo.org.br\/2024\/12\/04\/coca-cola-adia-metas-de-reciclagem-e-reducao-de-plasticos-de-uso-unico\/\" style=\"color:blue; text-decoration:underline\"><span style=\"font-size:14.0pt\">Coca-Cola adia metas de reciclagem e redu&ccedil;&atilde;o de pl&aacute;sticos de uso &uacute;nico<\/span><\/a><\/span><\/span><\/span><\/p>\r\n\r\n<p style=\"text-align:justify\"><span style=\"font-size:11pt\"><span style=\"line-height:normal\"><span style=\"font-family:Calibri,sans-serif\"><a href=\"https:\/\/agencia.fapesp.br\/bioplastico-falta-de-padronizacao-e-de-regras-claras-dificulta-consumo-sustentavel-diz-estudo\/53478\" style=\"color:blue; text-decoration:underline\"><span style=\"font-size:14.0pt\">Biopl&aacute;stico: falta de padroniza&ccedil;&atilde;o e de regras claras dificulta consumo sustent&aacute;vel, diz estudo<\/span><\/a> <\/span><\/span><\/span><\/p>\r\n\r\n<p style=\"text-align:justify\"><span style=\"font-size:11pt\"><span style=\"line-height:normal\"><span style=\"font-family:Calibri,sans-serif\"><a href=\"https:\/\/agencia.fapesp.br\/tributacao-pode-estimular-reciclagem-e-diminuir-geracao-de-residuos-diz-pesquisadora\/53479\" style=\"color:blue; text-decoration:underline\"><span style=\"font-size:14.0pt\">Tributa&ccedil;&atilde;o pode estimular reciclagem e diminuir gera&ccedil;&atilde;o de res&iacute;duos, diz pesquisadora<\/span><\/a><\/span><\/span><\/span><\/p>\r\n\r\n<p style=\"text-align:justify\"><span style=\"font-size:11pt\"><span style=\"line-height:normal\"><span style=\"font-family:Calibri,sans-serif\"><a href=\"https:\/\/agenciabrasil.ebc.com.br\/meio-ambiente\/noticia\/2024-12\/brasil-e-reino-unido-fazem-parceria-para-descarbonizar-industrias\" style=\"color:blue; text-decoration:underline\"><span style=\"font-size:14.0pt\">Brasil e Reino Unido fazem parceria para descarbonizar ind&uacute;strias<\/span><\/a><\/span><\/span><\/span><\/p>\r\n\r\n<p style=\"text-align:justify\"><span style=\"font-size:28pt\"><span style=\"font-family:Cambria,serif\"><span style=\"letter-spacing:-0.5pt\"><b><span style=\"font-size:18.0pt\"><span style=\"font-family:&quot;Calibri&quot;,sans-serif\"><span style=\"font-variant:small-caps\">Inova&ccedil;&atilde;o<\/span><\/span><\/span><\/b><\/span><\/span><\/span><\/p>\r\n\r\n<p style=\"text-align:justify\"><span style=\"font-size:11pt\"><span style=\"line-height:normal\"><span style=\"font-family:Calibri,sans-serif\"><a href=\"https:\/\/www.inovacaotecnologica.com.br\/noticias\/noticia.php?artigo=antenas-alta-eficiencia-tricotadas-tecido&amp;id=010110241204&amp;ebol=sim\" style=\"color:blue; text-decoration:underline\"><span style=\"font-size:14.0pt\">Antenas de alta efici&ecirc;ncia fabricadas em tecido usando tric&ocirc;<\/span><\/a><\/span><\/span><\/span><\/p>\r\n\r\n<p style=\"text-align:justify\"><span style=\"font-size:11pt\"><span style=\"line-height:normal\"><span style=\"font-family:Calibri,sans-serif\"><a href=\"https:\/\/www.innovationintextiles.com\/industry-talk\/compostable-and-biodegradable-midsole-for-footwear\/\" style=\"color:blue; text-decoration:underline\"><span lang=\"EN-US\" style=\"font-size:14.0pt\">Compostable and biodegradable midsole for footwear<\/span><\/a><\/span><\/span><\/span><\/p>\r\n\r\n<p style=\"text-align:justify\"><span style=\"font-size:11pt\"><span style=\"line-height:normal\"><span style=\"font-family:Calibri,sans-serif\"><a href=\"https:\/\/www.textileworld.com\/textile-world\/nonwovens-technical-textiles\/2024\/12\/graphene-nanotubes-for-conductivity-in-pet-fibers-functionality-and-aesthetics\/\" style=\"color:blue; text-decoration:underline\"><span lang=\"EN-US\" style=\"font-size:14.0pt\">Graphene Nanotubes For Conductivity In PET Fibers: Functionality And Aesthetics<\/span><\/a><\/span><\/span><\/span><\/p>\r\n\r\n<p style=\"text-align:justify\"><span style=\"font-size:11pt\"><span style=\"line-height:normal\"><span style=\"font-family:Calibri,sans-serif\"><a href=\"https:\/\/sict.rs.gov.br\/governo-anuncia-investimento-historico-em-inovacao-ciencia-e-tecnologia-na-quinta-feira-5\" style=\"color:blue; text-decoration:underline\"><span style=\"font-size:14.0pt\">Governo anuncia investimento hist&oacute;rico em inova&ccedil;&atilde;o, ci&ecirc;ncia e tecnologia na quinta-feira (5)<\/span><\/a><\/span><\/span><\/span><\/p>\r\n\r\n<p style=\"text-align:justify\"><span style=\"font-size:28pt\"><span style=\"font-family:Cambria,serif\"><span style=\"letter-spacing:-0.5pt\"><b><span style=\"font-size:18.0pt\"><span style=\"font-family:&quot;Calibri&quot;,sans-serif\"><span style=\"font-variant:small-caps\">Com&eacute;rcio Exterior<\/span><\/span><\/span><\/b><\/span><\/span><\/span><\/p>\r\n\r\n<p style=\"text-align:justify\"><span style=\"font-size:11pt\"><span style=\"line-height:normal\"><span style=\"font-family:Calibri,sans-serif\"><a href=\"https:\/\/agenciabrasil.ebc.com.br\/economia\/noticia\/2024-12\/mercosul-e-uniao-europeia-firmam-acordo-comercial-negociado-ha-25-anos\" style=\"color:blue; text-decoration:underline\"><span style=\"font-size:14.0pt\">Mercosul e Uni&atilde;o Europeia firmam acordo comercial negociado h&aacute; 25 anos<\/span><\/a><\/span><\/span><\/span><\/p>\r\n\r\n<p style=\"text-align:justify\"><span style=\"font-size:11pt\"><span style=\"line-height:normal\"><span style=\"font-family:Calibri,sans-serif\"><a href=\"https:\/\/static.portaldaindustria.com.br\/media\/filer_public\/40\/5b\/405b74cc-e7be-47a0-98af-331bf7b280db\/ex_ipc_24-043_cupula-mercosul_acordo-parceria-mercosul-uniao-europeia_20241206_1.pdf\" style=\"color:blue; text-decoration:underline\"><span style=\"font-size:14.0pt\">CNI | Conclus&atilde;o do Acordo MERCOSUL-Uni&atilde;o Europeia e outros destaques da C&uacute;pula do MERCOSUL<\/span><\/a><\/span><\/span><\/span><\/p>\r\n\r\n<p style=\"text-align:justify\"><span style=\"font-size:11pt\"><span style=\"line-height:normal\"><span style=\"font-family:Calibri,sans-serif\"><a href=\"https:\/\/eixos.com.br\/newsletters\/dialogos-da-transicao\/agro-industria-e-carbono-no-acordo-mercosul-ue\/?utm_source=newsletters+eixos&amp;utm_campaign=2733222166-EMAIL_CAMPAIGN_2024_12_08_11_09&amp;utm_medium=email&amp;utm_term=0_-2733222166-466362780\" style=\"color:blue; text-decoration:underline\"><span style=\"font-size:14.0pt\">Agro, ind&uacute;stria e carbono no acordo Mercosul-UE<\/span><\/a><\/span><\/span><\/span><\/p>\r\n\r\n<p style=\"text-align:justify\"><span style=\"font-size:11pt\"><span style=\"line-height:normal\"><span style=\"font-family:Calibri,sans-serif\"><a href=\"https:\/\/www.abcmais.com\/economia\/governo-milei-deve-oferecer-mais-um-beneficio-que-facilita-relacao-brasil-e-argentina-apos-anuncio-do-fim-de-imposto-de-importacao\/\" style=\"color:blue; text-decoration:underline\"><span style=\"font-size:14.0pt\">Governo Milei deve oferecer mais um benef&iacute;cio que facilita rela&ccedil;&atilde;o Brasil e Argentina ap&oacute;s an&uacute;ncio do fim de imposto de importa&ccedil;&atilde;o<\/span><\/a><\/span><\/span><\/span><\/p>\r\n\r\n<p style=\"text-align:justify\"><span style=\"font-size:11pt\"><span style=\"line-height:normal\"><span style=\"font-family:Calibri,sans-serif\"><a href=\"https:\/\/revistaoeste.com\/mundo\/panama-se-torna-o-mais-novo-membro-do-mercosul-em-cerimonia-oficial\/\" style=\"color:blue; text-decoration:underline\"><span style=\"font-size:14.0pt\">Panam&aacute; se torna o mais novo membro do Mercosul<\/span><\/a><\/span><\/span><\/span><\/p>\r\n\r\n<p style=\"text-align:justify\"><span style=\"font-size:11pt\"><span style=\"line-height:normal\"><span style=\"font-family:Calibri,sans-serif\"><a href=\"https:\/\/anba.com.br\/acordo-mercosul-emirados-deve-estar-pronto-em-2025\/\" style=\"color:blue; text-decoration:underline\"><span style=\"font-size:14.0pt\">Acordo Mercosul-Emirados deve estar pronto em 2025<\/span><\/a><\/span><\/span><\/span><\/p>\r\n\r\n<p style=\"text-align:justify\"><span style=\"font-size:11pt\"><span style=\"line-height:normal\"><span style=\"font-family:Calibri,sans-serif\"><a href=\"https:\/\/apexbrasil.com.br\/br\/pt\/conteudo\/noticias\/ApexBrasil-lanca-Mapa-Bilateral-de-Comercio-e-Investimentos-Brasil-India.html#msdynttrid=C0ppeaP8FwRl4tM7wgUh3Wr5k_-iWOcfgZ85iTZaKAA\" style=\"color:blue; text-decoration:underline\"><span style=\"font-size:14.0pt\">ApexBrasil lan&ccedil;a Mapa Bilateral de Com&eacute;rcio e Investimentos Brasil &ndash; &Iacute;ndia<\/span><\/a><\/span><\/span><\/span><\/p>\r\n\r\n<p style=\"text-align:justify\"><span style=\"font-size:11pt\"><span style=\"line-height:normal\"><span style=\"font-family:Calibri,sans-serif\"><a href=\"https:\/\/www.linkedin.com\/pulse\/same-bed-different-dreams-t%C3%B3ng-chu%C3%A1ng-y%C3%AC-m%C3%A8ng-azgqf\/\" style=\"color:blue; text-decoration:underline\"><span lang=\"EN-US\" style=\"font-size:14.0pt\">Same bed, different dreams (T&oacute;ng chu&aacute;ng y&igrave; m&egrave;ng)<\/span><\/a><\/span><\/span><\/span><\/p>\r\n\r\n<p style=\"text-align:justify\"><span style=\"font-size:11pt\"><span style=\"line-height:normal\"><span style=\"font-family:Calibri,sans-serif\"><a href=\"https:\/\/www.infomoney.com.br\/business\/abimaq-teme-que-maior-protecionismo-pelos-eua-eleve-importacao-de-maquinas-chinesas\/\" style=\"color:blue; text-decoration:underline\"><span style=\"font-size:14.0pt\">Abimaq teme que maior protecionismo pelos EUA eleve importa&ccedil;&atilde;o de m&aacute;quinas chinesas<\/span><\/a><\/span><\/span><\/span><\/p>\r\n\r\n<p style=\"text-align:justify\"><span style=\"font-size:11pt\"><span style=\"line-height:normal\"><span style=\"font-family:Calibri,sans-serif\"><a href=\"https:\/\/indiantextilejournal.com\/minister-outlines-governments-5f-strategy-to-reform-indias-textile-industry\/\" style=\"color:blue; text-decoration:underline\"><span lang=\"EN-US\" style=\"font-size:14.0pt\">Minister outlines government&rsquo;s &lsquo;5F&rsquo; strategy to reform India&rsquo;s textile industry<\/span><\/a><\/span><\/span><\/span><\/p>\r\n\r\n<p style=\"text-align:justify\"><span style=\"font-size:11pt\"><span style=\"line-height:normal\"><span style=\"font-family:Calibri,sans-serif\"><a href=\"https:\/\/indiantextilejournal.com\/indias-textile-industry-aims-for-100-billion-export-target-by-2030\/\" style=\"color:blue; text-decoration:underline\"><span lang=\"EN-US\" style=\"font-size:14.0pt\">India&rsquo;s textile industry aims for $100 billion export target by 2030<\/span><\/a><\/span><\/span><\/span><\/p>\r\n\r\n<p style=\"text-align:justify\"><span style=\"font-size:28pt\"><span style=\"font-family:Cambria,serif\"><span style=\"letter-spacing:-0.5pt\"><b><span style=\"font-size:18.0pt\"><span style=\"font-family:&quot;Calibri&quot;,sans-serif\"><span style=\"font-variant:small-caps\">Economia<\/span><\/span><\/span><\/b><\/span><\/span><\/span><\/p>\r\n\r\n<p style=\"text-align:justify\"><span style=\"font-size:11pt\"><span style=\"line-height:normal\"><span style=\"font-family:Calibri,sans-serif\"><a href=\"https:\/\/www.bcb.gov.br\/content\/focus\/focus\/R20241206.pdf\" style=\"color:blue; text-decoration:underline\"><span style=\"font-size:14.0pt\">Focus - Relat&oacute;rio de Mercado<\/span><\/a><\/span><\/span><\/span><\/p>\r\n\r\n<p style=\"text-align:justify\"><span style=\"font-size:11pt\"><span style=\"line-height:normal\"><span style=\"font-family:Calibri,sans-serif\"><a href=\"https:\/\/mercadoeconsumo.com.br\/09\/12\/2024\/artigos\/no-plano-global-nem-tudo-bem-no-ano-que-vem-e-com-impactos-no-varejo-e-no-consumo-do-brasil\/?utm_campaign=news_geral_-_0912&amp;utm_medium=email&amp;utm_source=RD+Station\" style=\"color:blue; text-decoration:underline\"><span style=\"font-size:14.0pt\">No plano global, nem tudo bem no ano que vem. E com impactos no varejo e consumo do Brasil<\/span><\/a><\/span><\/span><\/span><\/p>\r\n\r\n<p style=\"text-align:justify\"><span style=\"font-size:11pt\"><span style=\"line-height:normal\"><span style=\"font-family:Calibri,sans-serif\"><a href=\"https:\/\/www.moneytimes.com.br\/acordo-mercosul-ue-pode-representar-retomada-das-exportacoes-do-brasil-para-europa-apexbrasil-estima-us-7-bi-no-curto-prazo-pads\/\" style=\"color:blue; text-decoration:underline\"><span style=\"font-size:14.0pt\">Acordo Mercosul-UE pode representar US$ 7 bi para o Brasil no curto prazo<\/span><\/a><\/span><\/span><\/span><\/p>\r\n\r\n<p style=\"text-align:justify\"><span style=\"font-size:11pt\"><span style=\"line-height:normal\"><span style=\"font-family:Calibri,sans-serif\"><a href=\"https:\/\/noticias.portaldaindustria.com.br\/posicionamentos\/puxado-por-industria-e-servicos-pib-do-3o-trimestre-veio-proximo-ao-projetado-pela-cni\/\" style=\"color:blue; text-decoration:underline\"><span style=\"font-size:14.0pt\">Puxado por ind&uacute;stria e servi&ccedil;os, PIB do 3&ordm; trimestre veio pr&oacute;ximo ao projetado pela CNI<\/span><\/a><\/span><\/span><\/span><\/p>\r\n\r\n<p style=\"text-align:justify\"><span style=\"font-size:11pt\"><span style=\"line-height:normal\"><span style=\"font-family:Calibri,sans-serif\"><a href=\"https:\/\/portalibre.fgv.br\/system\/files\/divulgacao\/noticias\/mat-complementar\/2024-12\/Bar%C3%B4metros%20Globais%20KOF-FGV_Press%20release_12_2024.pdf\" style=\"color:blue; text-decoration:underline\"><span style=\"font-size:14.0pt\">Bar&ocirc;metros Globais fecham 2024 sustentando os n&iacute;veis favor&aacute;veis alcan&ccedil;ados nos meses anteriores<\/span><\/a><\/span><\/span><\/span><\/p>\r\n\r\n<p style=\"text-align:justify\"><span style=\"font-size:11pt\"><span style=\"line-height:normal\"><span style=\"font-family:Calibri,sans-serif\"><a href=\"https:\/\/ibre.fgv.br\/blog-da-conjuntura-economica\/artigos\/uma-aposta-arriscada\" style=\"color:blue; text-decoration:underline\"><span style=\"font-size:14.0pt\">Uma aposta arriscada<\/span><\/a><\/span><\/span><\/span><\/p>\r\n\r\n<p style=\"text-align:justify\"><span style=\"font-size:11pt\"><span style=\"line-height:normal\"><span style=\"font-family:Calibri,sans-serif\"><span style=\"font-size:14.0pt\"><img src=\"https:\/\/www.abint.org.br\/assets\/img\/editor\/redes-sociais-abint-ctg-cth_20241210184644g7aFlveZ5Z.jpg\" \/><\/span><\/span><\/span><\/span><\/p>\r\n","6":"<p style=\"text-align:justify\"><span style=\"font-size:11pt\"><span style=\"line-height:normal\"><span style=\"font-family:Calibri,sans-serif\"><span style=\"font-size:14.0pt\">Esta &eacute; uma compila&ccedil;&atilde;o das not&iacute;cias mais relevantes para o setor, incluindo informa&ccedil;&otilde;es sobre acordos internacionais, economia brasileira, sustentabilidade e mat&eacute;rias primas, al&eacute;m de novidades do setor de N&atilde;otecidos e Tecidos T&eacute;cnicos.<\/span><\/span><\/span><\/span><\/p>\r\n\r\n<p style=\"text-align:justify\"><b><span style=\"font-size:18.0pt\"><span style=\"line-height:115%\"><span style=\"font-family:&quot;Calibri&quot;,sans-serif\"><span style=\"font-variant:small-caps\">A&ccedil;&otilde;es realizadas<\/span><\/span><\/span><\/span><\/b><\/p>\r\n\r\n<p style=\"text-align:justify\">&nbsp;<\/p>\r\n\r\n<p style=\"text-align:justify\"><b><span style=\"font-size:18.0pt\"><span style=\"line-height:115%\"><span style=\"font-family:&quot;Calibri&quot;,sans-serif\"><span style=\"font-variant:small-caps\"><img src=\"https:\/\/www.abint.org.br\/assets\/img\/editor\/logo-ctg-abint-png_20241210184401lsB5wObJSG.png\" style=\"width: 300px; height: 55px;\" \/><\/span><\/span><\/span><\/span><\/b><\/p>\r\n\r\n<p style=\"text-align:justify\">&nbsp;<\/p>\r\n\r\n<p style=\"text-align:justify\"><span style=\"font-size:11pt\"><span style=\"line-height:normal\"><span style=\"font-family:Calibri,sans-serif\"><span style=\"font-size:14.0pt\">No dia 03 de dezembro, o CTG Entrevista recebeu Thiago Villas B&ocirc;as Zanon, Mestre em Geotecnia e Coordenador de Valoriza&ccedil;&atilde;o de Res&iacute;duos da Solvi para falar sobre o uso e aplica&ccedil;&atilde;o de geossint&eacute;ticos em aterros sanit&aacute;rios. Assista a entrevista completa: <\/span><a href=\"https:\/\/www.instagram.com\/p\/DDIdcH2Rfha\/\" style=\"color:blue; text-decoration:underline\"><span style=\"font-size:14.0pt\">clique aqui<\/span><\/a> <\/span><\/span><\/span><\/p>\r\n\r\n<p style=\"text-align:justify\"><span style=\"font-size:28pt\"><span style=\"font-family:Cambria,serif\"><span style=\"letter-spacing:-0.5pt\"><b><span style=\"font-size:18.0pt\"><span style=\"font-family:&quot;Calibri&quot;,sans-serif\"><span style=\"font-variant:small-caps\">Not&iacute;cias das Associadas<\/span><\/span><\/span><\/b><\/span><\/span><\/span><\/p>\r\n\r\n<p style=\"text-align:justify\"><span style=\"font-size:11pt\"><span style=\"line-height:normal\"><span style=\"font-family:Calibri,sans-serif\"><a href=\"https:\/\/r.mail.fibretofashion.com\/tr\/cl\/oZhDRIiYLy8WxrAmRS1VMTEysBdOWju3IO3qL6HyOAT43LdTy786aGMH83pvmKzUXem0pl59-sdJ0ogrmciegybVm8W5KLbQ-DhtcB1CZQambte-7zVzybs96zWRy7qnI6mW6heoq-_8fuokm21mg72dlw75JtnEluacFzcp-l70GP5t00p2ujHZ9Rv4rXKKSjOGmrsTjN0VxGfMb-keExs5H6JWvMR3yoeGfTqlvLtxThUwgWeckxiqqVMZH--93C5X8rhyBn_yu_Quy8pNVkFgNzjNEHwaRcVlzEiQvM53yI9jVo5yOgI-znW0PiiEI3mnPpzsCeWcvdREZvIurO0_ylSHkX9WnHaGuZrnkzz-NmgSloGsPy9xw7yAsMqUK56MaPib8cn3MC5VsdYkqvHWAnULtSqP\" style=\"color:blue; text-decoration:underline\" target=\"_blank\"><span style=\"font-size:14.0pt\">Andritz Perfojet celebrates 40 years of innovation<\/span><\/a><\/span><\/span><\/span><\/p>\r\n\r\n<p style=\"text-align:justify\"><span style=\"font-size:11pt\"><span style=\"line-height:normal\"><span style=\"font-family:Calibri,sans-serif\"><a href=\"https:\/\/www.nonwovens-industry.com\/contents\/view_breaking-news\/2024-12-03\/andritz-receives-enginnering-order-from-circ?utm_campaign=NON+eNewsletter&amp;utm_medium=email&amp;_hsenc=p2ANqtz-_enwoHrHTc0jjAY7-AACtAXNcGshlcDbg4VX1a_hNTNs30XRXoTg2BRMoAd_FGu_0JAfeZ90qmgPAuJ7hHOqEd52SdtQ&amp;_hsmi=337209194&amp;utm_content=337209194&amp;utm_source=hs_email\" style=\"color:blue; text-decoration:underline\"><span lang=\"EN-US\" style=\"font-size:14.0pt\">Andritz Receives Engineering Order from Circ<\/span><\/a><\/span><\/span><\/span><\/p>\r\n\r\n<p style=\"text-align:justify\"><span style=\"font-size:11pt\"><span style=\"line-height:normal\"><span style=\"font-family:Calibri,sans-serif\"><a href=\"https:\/\/www.andritz.com\/hydro-en\/about-andritz-hydro\/locations\/brasil-sao-paulo\/pt\/local-news-brasil-pt\" style=\"color:blue; text-decoration:underline\"><span style=\"font-size:14.0pt\">ANDRITZ modernizar&aacute; a usina hidrel&eacute;trica Governador Parigot de Souza no Brasil<\/span><\/a><\/span><\/span><\/span><\/p>\r\n\r\n<p style=\"text-align:justify\"><span style=\"font-size:11pt\"><span style=\"line-height:normal\"><span style=\"font-family:Calibri,sans-serif\"><a href=\"https:\/\/t.rdsv2.net\/ls\/click?upn=u001.SJ-2BHbcLStyE5mTD5OK48sq2JxFfkhvQ6eAz6nLBcupXTZYiqL4D-2FFxWpUSZnVASkRHf4akgtmfWNqSUAW2JYl5SyIVEzvrub853gp0SexhdXdAhHuE4b9ZHH93lCbCe2C47KWo5Zg19ISNQuX05Ntn-2BVMKPX1Y13NXqGAZguCdJ01VRjSposw1efUhBXJE0sy0m3zBCSUCwNMTQKEhYPYIWLwthNe6VkBj0pxkXnXXTnC1jKH7zSn3dcmlzTXGLRliQIAlVVbf5b8jUkYMCqNnM9PziOg6LthXSrgxrnGkMcd0poSAPSXvdKgpqyHK88HPj7fSI0aMH52-2BjKkAIMA5-2BQseLSYHYHsanChMq8HARkVPHjf5DSgLB5VcLHNDRMo92V_T7N8BvZTOm04CQQMiyWztrpCjlUrRc4F7QzSgUIpTqB5Yk-2Bt7YhUyk7lZRXmbFFsi-2Foe1q0kuwsCjfsBOqL9ZeKwOqG7ApazixuGEP6Z5SJuFg5bm15p-2FcAKNI6-2BqjB-2B-2BuVTDLoO0M1hWTGU8Njpt1L9UxE-2BWGfQet244X3j4f3fQePPccLc3riYGrh036-2FlQPmaRb-2BYJR2eBGH-2Bqjb0VIU1fUO6b13cDUjezPP4ite50uDXPXOTYJNI9uJSDPi9wVxsGhpDoJw-2BgvgqNJ10KOGd3l9qSKvX3cKtH28cQ-2FydmuUKehofiosSYHrAEuX1UmRSX5psY5uUu3-2FhI5TbtKpCZL4asWBmEZt0bUaUjG915f7z3VhQzn9ys6dd-2BV5QWOnKIU1cfJebo3rCeV1Icxh8GwrjZAgrMM1RalN1hpwzxHqZlKAyPIlF230ZeGzIs-2FqaKpptwU6UhvylktTr5i7MKsStfupWCYkOam4H62zm2c6A0RSCv6SVBBmlBwaGQyLEcAZIlcQLmMa2OLSNq9wveYk8AUqe6xYqnD9ymaH-2BFyoX8HaB7JhpU8keGeYqLubWryM2hS4WeCT-2BxyfaaqppudWQEZWsp05nxArc5AylM9PsU-2FgTWfnZ-2FQejAD2hvo2GKidn-2FAkRpfX69fTCjLFTrTgqjtt7-2BTV0a-2BrXE-2Br9ZMWSUIupLRzpbn5-2BcRULmVttvP0SM8wxeOdTz9flj5oVQt8m2-2BlCATfGy3bxpQU-3D\" style=\"color:blue; text-decoration:underline\" title=\"ANDRITZ lan\u00e7a o PrimeDry HotAir Box para reduzir o consumo de energia na secagem de tissue\"><span style=\"font-size:14.0pt\">ANDRITZ lan&ccedil;a o PrimeDry HotAir Box para reduzir o consumo de energia na secagem de tissue<\/span><\/a><\/span><\/span><\/span><\/p>\r\n\r\n<p style=\"text-align:justify\"><span style=\"font-size:11pt\"><span style=\"line-height:normal\"><span style=\"font-family:Calibri,sans-serif\"><a href=\"https:\/\/www.textileworld.com\/textile-world\/nonwovens-technical-textiles\/2024\/12\/freudenberg-to-introduce-sustainable-innovations-for-shoe-and-leather-goods-at-inspiramais-trade-fair-in-brazil\/\" style=\"color:blue; text-decoration:underline\"><span lang=\"EN-US\" style=\"font-size:14.0pt\">Freudenberg To Introduce Sustainable Innovations For Shoe And Leather Goods At Inspiramais Trade Fair In Brazil<\/span><\/a><\/span><\/span><\/span><\/p>\r\n\r\n<p style=\"text-align:justify\"><span style=\"font-size:11pt\"><span style=\"line-height:normal\"><span style=\"font-family:Calibri,sans-serif\"><a href=\"https:\/\/www.textileworld.com\/textile-world\/nonwovens-technical-textiles\/2024\/12\/mark-ushpol-appointed-evp-americas-business-area-at-suominen\/\" style=\"color:blue; text-decoration:underline\"><span lang=\"ES-AR\" style=\"font-size:14.0pt\">Mark Ushpol Appointed EVP, Americas Business Area At Suominen<\/span><\/a><\/span><\/span><\/span><\/p>\r\n\r\n<p style=\"text-align:justify\">&nbsp;<\/p>\r\n\r\n<p style=\"text-align:justify\"><span style=\"font-size:11pt\"><span style=\"line-height:normal\"><span style=\"font-family:Calibri,sans-serif\"><b><span style=\"font-size:18.0pt\"><span style=\"font-variant:small-caps\">Eventos<\/span><\/span><\/b><\/span><\/span><\/span><\/p>\r\n\r\n<p style=\"text-align:justify\">&nbsp;<\/p>\r\n\r\n<p style=\"text-align:justify\"><span style=\"font-size:11pt\"><span style=\"line-height:normal\"><span style=\"font-family:Calibri,sans-serif\"><a href=\"https:\/\/send.neopixdmi.com\/index.php\/campaigns\/as827ezfoq9af\/web-version\/mh045xn88n9c0\" style=\"color:blue; text-decoration:underline\"><b><span style=\"font-size:14.0pt\">VI Semin&aacute;rio Meio Ambiente, Saneamento e Sustentabilidade - ASEC, ABES-SP e AESabesp<\/span><\/b><\/a><span style=\"font-size:14.0pt\">, de 10 a 12 de dezembro de 2024, as 9h &agrave;s 16h30, Audit&oacute;rio Augusto Ruschi, Cetesb, S&atilde;o Paulo, SP.<\/span><\/span><\/span><\/span><\/p>\r\n\r\n<p style=\"text-align:justify\"><span style=\"font-size:11pt\"><span style=\"line-height:normal\"><span style=\"font-family:Calibri,sans-serif\"><a href=\"https:\/\/evento.fgv.br\/seminariodeanalise_1712\/\" style=\"color:blue; text-decoration:underline\"><b><span style=\"font-size:14.0pt\">Webinar FGV IBRE | IV Semin&aacute;rio de An&aacute;lise Conjuntural<\/span><\/b><\/a><span style=\"font-size:14.0pt\">, 17 de dezembro de 2024, 10h00 &agrave;s 11h30, Transmiss&atilde;o YouTube FGV<\/span><\/span><\/span><\/span><\/p>\r\n\r\n<p style=\"text-align:justify\"><span style=\"font-size:11pt\"><span style=\"line-height:normal\"><span style=\"font-family:Calibri,sans-serif\"><a href=\"https:\/\/www.fimec.com.br\/\" style=\"color:blue; text-decoration:underline\"><b><span style=\"font-size:14.0pt\">Fimec 2025<\/span><\/b><\/a><span style=\"font-size:14.0pt\">, 18 a 20 de mar&ccedil;o, Fenac, Novo Hamburgo, RS<\/span><\/span><\/span><\/span><\/p>\r\n\r\n<p style=\"text-align:justify\"><span style=\"font-size:11pt\"><span style=\"line-height:normal\"><span style=\"font-family:Calibri,sans-serif\"><a href=\"https:\/\/www.plasticobrasil.com.br\/pt\/home.html\" style=\"color:blue; text-decoration:underline\"><b><span style=\"font-size:14.0pt\">Feira Pl&aacute;stico Brasil<\/span><\/b><\/a><span style=\"font-size:14.0pt\">, de 24 a 28 de mar&ccedil;o de 2025, das 10h &agrave;s 19h, S&atilde;o Paulo Expo, Rodovia dos Imigrantes, km 1,5<\/span><\/span><\/span><\/span><\/p>\r\n\r\n<p style=\"text-align:justify\"><span style=\"font-size:11pt\"><span style=\"line-height:normal\"><span style=\"font-family:Calibri,sans-serif\"><a href=\"https:\/\/ideashow.org\/\" style=\"color:blue; text-decoration:underline\"><b><span lang=\"EN-US\" style=\"font-size:14.0pt\">IDEA25<\/span><\/b><\/a><span lang=\"EN-US\" style=\"font-size:14.0pt\">, April 29-May 1, 2025, Miami Beach Convention Center, Miami Beach, Florida<\/span><\/span><\/span><\/span><\/p>\r\n\r\n<p style=\"text-align:justify\"><span style=\"font-size:11pt\"><span style=\"line-height:normal\"><span style=\"font-family:Calibri,sans-serif\"><a href=\"https:\/\/www.conbrava.com.br\/\" style=\"color:blue; text-decoration:underline\"><b><span style=\"font-size:14.0pt\">CONBRAVA 2025<\/span><\/b><\/a><span style=\"font-size:14.0pt\">, 10 a 12 de setembro de 2025, S&atilde;o Paulo Expo, Rodovia dos Imigrantes, km 1,5<\/span><\/span><\/span><\/span><\/p>\r\n\r\n<p style=\"text-align:justify\"><span style=\"font-size:11pt\"><span style=\"line-height:normal\"><span style=\"font-family:Calibri,sans-serif\"><b><span style=\"font-size:14.0pt\">17&ordm; Congresso Brasileiro de Enfermagem em Centro Cir&uacute;rgico: &ldquo;O poder de cuidar&rdquo;<\/span><\/b><span style=\"font-size:14.0pt\">, 01 a 03 de outubro de 2025, Transamerica Expo Center, S&atilde;o Paulo, SP<\/span><\/span><\/span><\/span><\/p>\r\n\r\n<p style=\"text-align:justify\"><span style=\"font-size:11pt\"><span style=\"line-height:normal\"><span style=\"font-family:Calibri,sans-serif\"><a href=\"https:\/\/hospitalmed.com.br\/feira\/\" style=\"color:blue; text-decoration:underline\"><b><span style=\"font-size:14.0pt\">HospitalMed 2025<\/span><\/b><\/a><span style=\"font-size:14.0pt\">, 22 a 24 de outubro, Pernambuco Centro de Conven&ccedil;&otilde;es, Olinda<\/span><\/span><\/span><\/span><\/p>\r\n\r\n<p style=\"text-align:justify\"><span style=\"font-size:28pt\"><span style=\"font-family:Cambria,serif\"><span style=\"letter-spacing:-0.5pt\"><b><span style=\"font-size:18.0pt\"><span style=\"font-family:&quot;Calibri&quot;,sans-serif\"><span style=\"font-variant:small-caps\">Setor<\/span><\/span><\/span><\/b><\/span><\/span><\/span><\/p>\r\n\r\n<p style=\"text-align:justify\"><span style=\"font-size:11pt\"><span style=\"line-height:normal\"><span style=\"font-family:Calibri,sans-serif\"><span class=\"MsoHyperlink\" style=\"color:blue\"><span style=\"text-decoration:underline\"><span style=\"font-size:14.0pt\"><a href=\"https:\/\/surgiu.com.br\/2024\/12\/05\/voce-sabe-o-que-sao-naotecidos-conheca-o-material-que-revoluciona-diversos-setores\/\" style=\"color:blue; text-decoration:underline\">Voc&ecirc; sabe o que s&atilde;o n&atilde;otecidos? Conhe&ccedil;a o material que revoluciona diversos setores<\/a><\/span><\/span><\/span><\/span><\/span><\/span><\/p>\r\n\r\n<p style=\"text-align:justify\"><span style=\"font-size:11pt\"><span style=\"line-height:normal\"><span style=\"font-family:Calibri,sans-serif\"><a href=\"https:\/\/tissueonline.com.br\/softys-investe-us-123-milhoes-nas-suas-operacoes-em-goias\/?utm_campaign=nova_newsletter_061224&amp;utm_medium=email&amp;utm_source=RD+Station\" style=\"color:blue; text-decoration:underline\"><span style=\"font-size:14.0pt\">Softys investe US$ 123 milh&otilde;es nas suas opera&ccedil;&otilde;es em Goi&aacute;s<\/span><\/a><\/span><\/span><\/span><\/p>\r\n\r\n<p style=\"text-align:justify\"><span style=\"font-size:11pt\"><span style=\"line-height:normal\"><span style=\"font-family:Calibri,sans-serif\"><a href=\"https:\/\/www.textileworld.com\/textile-world\/nonwovens-technical-textiles\/2024\/12\/nonwovenn-leads-the-charge-with-target-to-achieve-net-zero-by-2035\/\" style=\"color:blue; text-decoration:underline\"><span lang=\"EN-US\" style=\"font-size:14.0pt\">Nonwovenn Leads The Charge With Target To Achieve Net Zero By 2035<\/span><\/a><\/span><\/span><\/span><\/p>\r\n\r\n<p style=\"text-align:justify\"><span style=\"font-size:11pt\"><span style=\"line-height:normal\"><span style=\"font-family:Calibri,sans-serif\"><a href=\"https:\/\/plasticosemrevista.com.br\/resinas-importadas-deslancham-no-suprimento-da-europa\/\" style=\"color:blue; text-decoration:underline\"><span style=\"font-size:14.0pt\">Resinas importadas deslancham no suprimento da Europa<\/span><\/a><\/span><\/span><\/span><\/p>\r\n\r\n<p style=\"text-align:justify\"><span style=\"font-size:11pt\"><span style=\"line-height:normal\"><span style=\"font-family:Calibri,sans-serif\"><span class=\"MsoHyperlink\" style=\"color:blue\"><span style=\"text-decoration:underline\"><span style=\"font-size:14.0pt\"><a href=\"https:\/\/plasticosemrevista.com.br\/o-calvario-da-petroquimica-na-america-latina\/\" style=\"color:blue; text-decoration:underline\">O calv&aacute;rio da petroqu&iacute;mica na Am&eacute;rica Latina<\/a><\/span><\/span><\/span><\/span><\/span><\/span><\/p>\r\n\r\n<p style=\"text-align:justify\"><span style=\"font-size:11pt\"><span style=\"line-height:normal\"><span style=\"font-family:Calibri,sans-serif\"><a href=\"https:\/\/www.olinda.pe.gov.br\/geomantas-olinda-instala-protecao-que-beneficia-30-familias-em-sapucaia\/\" style=\"color:blue; text-decoration:underline\"><span style=\"font-size:14.0pt\">Geomantas: Olinda instala prote&ccedil;&atilde;o que beneficia 30 fam&iacute;lias em Sapucaia<\/span><\/a><\/span><\/span><\/span><\/p>\r\n\r\n<p style=\"text-align:justify\"><span style=\"font-size:11pt\"><span style=\"line-height:normal\"><span style=\"font-family:Calibri,sans-serif\"><a href=\"https:\/\/ibsp.net.br\/covid-19-como-a-pandemia-afetou-a-seguranca-do-paciente\/\" style=\"color:blue; text-decoration:underline\"><span style=\"font-size:14.0pt\">Covid-19: como a pandemia afetou a Seguran&ccedil;a do Paciente?<\/span><\/a><\/span><\/span><\/span><\/p>\r\n\r\n<p style=\"text-align:justify\"><span style=\"font-size:11pt\"><span style=\"line-height:normal\"><span style=\"font-family:Calibri,sans-serif\"><a href=\"https:\/\/engeplus.com.br\/noticia\/geral\/210851\/unesc-apresenta-estudo-e-identifica-tendencias-economicas-para-impulsionar-o-setor-plastico\" style=\"color:blue; text-decoration:underline\"><span style=\"font-size:14.0pt\">Unesc apresenta estudo e identifica tend&ecirc;ncias econ&ocirc;micas para impulsionar o setor pl&aacute;stico<\/span><\/a><\/span><\/span><\/span><\/p>\r\n\r\n<p style=\"text-align:justify\"><span style=\"font-size:11pt\"><span style=\"line-height:normal\"><span style=\"font-family:Calibri,sans-serif\"><a href=\"https:\/\/www.textileworld.com\/textile-world\/nonwovens-technical-textiles\/2024\/12\/edana-announces-filtrex-2025-premier-filtration-conference-and-exhibition-in-vienna\/\" style=\"color:blue; text-decoration:underline\"><span lang=\"ES-AR\" style=\"font-size:14.0pt\">EDANA Announces FILTREX&trade; 2025: Premier Filtration Conference And Exhibition In Vienna<\/span><\/a><\/span><\/span><\/span><\/p>\r\n\r\n<p style=\"text-align:justify\"><span style=\"font-size:28pt\"><span style=\"font-family:Cambria,serif\"><span style=\"letter-spacing:-0.5pt\"><b><span style=\"font-size:18.0pt\"><span style=\"font-family:&quot;Calibri&quot;,sans-serif\"><span style=\"font-variant:small-caps\">Ind&uacute;stria<\/span><\/span><\/span><\/b><\/span><\/span><\/span><\/p>\r\n\r\n<p style=\"text-align:justify\"><span style=\"font-size:11pt\"><span style=\"line-height:normal\"><span style=\"font-family:Calibri,sans-serif\"><a href=\"https:\/\/brasil61.com\/n\/cni-industria-de-transformacao-cresce-pelo-quinto-trimestre-consecutivo-bras2413119\" style=\"color:blue; text-decoration:underline\"><span style=\"font-size:14.0pt\">CNI: ind&uacute;stria de transforma&ccedil;&atilde;o cresce pelo quinto trimestre consecutivo<\/span><\/a><\/span><\/span><\/span><\/p>\r\n\r\n<p style=\"text-align:justify\"><span style=\"font-size:11pt\"><span style=\"line-height:normal\"><span style=\"font-family:Calibri,sans-serif\"><a href=\"https:\/\/bahiaeconomica.com.br\/wp\/2024\/12\/03\/acordo-global-do-plastico-abiquim-seguira-apoiando-o-debate\/\" style=\"color:blue; text-decoration:underline\"><span style=\"font-size:14.0pt\">Acordo global do pl&aacute;stico: Abiquim seguir&aacute; apoiando o debate<\/span><\/a><\/span><\/span><\/span><\/p>\r\n\r\n<p style=\"text-align:justify\"><span style=\"font-size:11pt\"><span style=\"line-height:normal\"><span style=\"font-family:Calibri,sans-serif\"><a href=\"https:\/\/novovarejoautomotivo.com.br\/programa-mover_aftermarket-automotivo\/\" style=\"color:blue; text-decoration:underline\"><span style=\"font-size:14.0pt\">Abrafiltros: Programa Mover &eacute; tema do Abra Talks<\/span><\/a><\/span><\/span><\/span><\/p>\r\n\r\n<p style=\"text-align:justify\"><span style=\"font-size:11pt\"><span style=\"line-height:normal\"><span style=\"font-family:Calibri,sans-serif\"><a href=\"https:\/\/tvzoom.com.br\/construcao-civil-mercado-deve-movimentar-r-27-trilhoes-no-brasil-ate-2030\/\" style=\"color:blue; text-decoration:underline\"><span style=\"font-size:14.0pt\">Constru&ccedil;&atilde;o civil: mercado deve movimentar R$ 2,7 trilh&otilde;es no Brasil at&eacute; 2030<\/span><\/a><\/span><\/span><\/span><\/p>\r\n\r\n<p style=\"text-align:justify\"><span style=\"font-size:11pt\"><span style=\"line-height:normal\"><span style=\"font-family:Calibri,sans-serif\"><a href=\"https:\/\/grandesconstrucoes.com.br\/Noticias\/Exibir\/pais-tem-potencial-para-mais-r-100-bi-em-obras-de-saneamento?utm_source=akna&amp;utm_medium=email&amp;utm_campaign=Grandes-Construcoes-Informativo-941-05-12-2024&amp;utm_source=akna&amp;utm_medium=email&amp;utm_campaign=Grandes-Construcoes-Informativo-941-05-12-2024\" style=\"color:blue; text-decoration:underline\"><span style=\"font-size:14.0pt\">Pa&iacute;s tem potencial para mais R$ 100 bi em obras de saneamento<\/span><\/a><\/span><\/span><\/span><\/p>\r\n\r\n<p style=\"text-align:justify\"><span style=\"font-size:11pt\"><span style=\"line-height:normal\"><span style=\"font-family:Calibri,sans-serif\"><a href=\"https:\/\/www.youtube.com\/watch?v=_2pRPiA5ecs\" style=\"color:blue; text-decoration:underline\"><span style=\"font-size:14.0pt\">T&uacute;lio Barbosa: O investimento em infraestrutura direciona o crescimento de um pa&iacute;s<\/span><\/a><\/span><\/span><\/span><\/p>\r\n\r\n<p style=\"text-align:justify\"><span style=\"font-size:28pt\"><span style=\"font-family:Cambria,serif\"><span style=\"letter-spacing:-0.5pt\"><b><span style=\"font-size:18.0pt\"><span style=\"font-family:&quot;Calibri&quot;,sans-serif\"><span style=\"font-variant:small-caps\">Sustentabilidade<\/span><\/span><\/span><\/b><\/span><\/span><\/span><\/p>\r\n\r\n<p style=\"text-align:justify\"><span style=\"font-size:11pt\"><span style=\"line-height:normal\"><span style=\"font-family:Calibri,sans-serif\"><a href=\"https:\/\/noticias.uol.com.br\/cotidiano\/ultimas-noticias\/2024\/12\/04\/mais-brasileiros-tem-acesso-a-internet-do-que-saneamento-basico-diz-ibge.htm\" style=\"color:blue; text-decoration:underline\"><span style=\"font-size:14.0pt\">Brasileiros t&ecirc;m mais acesso &agrave; internet do que a saneamento b&aacute;sico, diz IBGE<\/span><\/a><\/span><\/span><\/span><\/p>\r\n\r\n<p style=\"text-align:justify\"><span style=\"font-size:11pt\"><span style=\"line-height:normal\"><span style=\"font-family:Calibri,sans-serif\"><a href=\"https:\/\/climainfo.org.br\/2024\/12\/04\/coca-cola-adia-metas-de-reciclagem-e-reducao-de-plasticos-de-uso-unico\/\" style=\"color:blue; text-decoration:underline\"><span style=\"font-size:14.0pt\">Coca-Cola adia metas de reciclagem e redu&ccedil;&atilde;o de pl&aacute;sticos de uso &uacute;nico<\/span><\/a><\/span><\/span><\/span><\/p>\r\n\r\n<p style=\"text-align:justify\"><span style=\"font-size:11pt\"><span style=\"line-height:normal\"><span style=\"font-family:Calibri,sans-serif\"><a href=\"https:\/\/agencia.fapesp.br\/bioplastico-falta-de-padronizacao-e-de-regras-claras-dificulta-consumo-sustentavel-diz-estudo\/53478\" style=\"color:blue; text-decoration:underline\"><span style=\"font-size:14.0pt\">Biopl&aacute;stico: falta de padroniza&ccedil;&atilde;o e de regras claras dificulta consumo sustent&aacute;vel, diz estudo<\/span><\/a> <\/span><\/span><\/span><\/p>\r\n\r\n<p style=\"text-align:justify\"><span style=\"font-size:11pt\"><span style=\"line-height:normal\"><span style=\"font-family:Calibri,sans-serif\"><a href=\"https:\/\/agencia.fapesp.br\/tributacao-pode-estimular-reciclagem-e-diminuir-geracao-de-residuos-diz-pesquisadora\/53479\" style=\"color:blue; text-decoration:underline\"><span style=\"font-size:14.0pt\">Tributa&ccedil;&atilde;o pode estimular reciclagem e diminuir gera&ccedil;&atilde;o de res&iacute;duos, diz pesquisadora<\/span><\/a><\/span><\/span><\/span><\/p>\r\n\r\n<p style=\"text-align:justify\"><span style=\"font-size:11pt\"><span style=\"line-height:normal\"><span style=\"font-family:Calibri,sans-serif\"><a href=\"https:\/\/agenciabrasil.ebc.com.br\/meio-ambiente\/noticia\/2024-12\/brasil-e-reino-unido-fazem-parceria-para-descarbonizar-industrias\" style=\"color:blue; text-decoration:underline\"><span style=\"font-size:14.0pt\">Brasil e Reino Unido fazem parceria para descarbonizar ind&uacute;strias<\/span><\/a><\/span><\/span><\/span><\/p>\r\n\r\n<p style=\"text-align:justify\"><span style=\"font-size:28pt\"><span style=\"font-family:Cambria,serif\"><span style=\"letter-spacing:-0.5pt\"><b><span style=\"font-size:18.0pt\"><span style=\"font-family:&quot;Calibri&quot;,sans-serif\"><span style=\"font-variant:small-caps\">Inova&ccedil;&atilde;o<\/span><\/span><\/span><\/b><\/span><\/span><\/span><\/p>\r\n\r\n<p style=\"text-align:justify\"><span style=\"font-size:11pt\"><span style=\"line-height:normal\"><span style=\"font-family:Calibri,sans-serif\"><a href=\"https:\/\/www.inovacaotecnologica.com.br\/noticias\/noticia.php?artigo=antenas-alta-eficiencia-tricotadas-tecido&amp;id=010110241204&amp;ebol=sim\" style=\"color:blue; text-decoration:underline\"><span style=\"font-size:14.0pt\">Antenas de alta efici&ecirc;ncia fabricadas em tecido usando tric&ocirc;<\/span><\/a><\/span><\/span><\/span><\/p>\r\n\r\n<p style=\"text-align:justify\"><span style=\"font-size:11pt\"><span style=\"line-height:normal\"><span style=\"font-family:Calibri,sans-serif\"><a href=\"https:\/\/www.innovationintextiles.com\/industry-talk\/compostable-and-biodegradable-midsole-for-footwear\/\" style=\"color:blue; text-decoration:underline\"><span lang=\"EN-US\" style=\"font-size:14.0pt\">Compostable and biodegradable midsole for footwear<\/span><\/a><\/span><\/span><\/span><\/p>\r\n\r\n<p style=\"text-align:justify\"><span style=\"font-size:11pt\"><span style=\"line-height:normal\"><span style=\"font-family:Calibri,sans-serif\"><a href=\"https:\/\/www.textileworld.com\/textile-world\/nonwovens-technical-textiles\/2024\/12\/graphene-nanotubes-for-conductivity-in-pet-fibers-functionality-and-aesthetics\/\" style=\"color:blue; text-decoration:underline\"><span lang=\"EN-US\" style=\"font-size:14.0pt\">Graphene Nanotubes For Conductivity In PET Fibers: Functionality And Aesthetics<\/span><\/a><\/span><\/span><\/span><\/p>\r\n\r\n<p style=\"text-align:justify\"><span style=\"font-size:11pt\"><span style=\"line-height:normal\"><span style=\"font-family:Calibri,sans-serif\"><a href=\"https:\/\/sict.rs.gov.br\/governo-anuncia-investimento-historico-em-inovacao-ciencia-e-tecnologia-na-quinta-feira-5\" style=\"color:blue; text-decoration:underline\"><span style=\"font-size:14.0pt\">Governo anuncia investimento hist&oacute;rico em inova&ccedil;&atilde;o, ci&ecirc;ncia e tecnologia na quinta-feira (5)<\/span><\/a><\/span><\/span><\/span><\/p>\r\n\r\n<p style=\"text-align:justify\"><span style=\"font-size:28pt\"><span style=\"font-family:Cambria,serif\"><span style=\"letter-spacing:-0.5pt\"><b><span style=\"font-size:18.0pt\"><span style=\"font-family:&quot;Calibri&quot;,sans-serif\"><span style=\"font-variant:small-caps\">Com&eacute;rcio Exterior<\/span><\/span><\/span><\/b><\/span><\/span><\/span><\/p>\r\n\r\n<p style=\"text-align:justify\"><span style=\"font-size:11pt\"><span style=\"line-height:normal\"><span style=\"font-family:Calibri,sans-serif\"><a href=\"https:\/\/agenciabrasil.ebc.com.br\/economia\/noticia\/2024-12\/mercosul-e-uniao-europeia-firmam-acordo-comercial-negociado-ha-25-anos\" style=\"color:blue; text-decoration:underline\"><span style=\"font-size:14.0pt\">Mercosul e Uni&atilde;o Europeia firmam acordo comercial negociado h&aacute; 25 anos<\/span><\/a><\/span><\/span><\/span><\/p>\r\n\r\n<p style=\"text-align:justify\"><span style=\"font-size:11pt\"><span style=\"line-height:normal\"><span style=\"font-family:Calibri,sans-serif\"><a href=\"https:\/\/static.portaldaindustria.com.br\/media\/filer_public\/40\/5b\/405b74cc-e7be-47a0-98af-331bf7b280db\/ex_ipc_24-043_cupula-mercosul_acordo-parceria-mercosul-uniao-europeia_20241206_1.pdf\" style=\"color:blue; text-decoration:underline\"><span style=\"font-size:14.0pt\">CNI | Conclus&atilde;o do Acordo MERCOSUL-Uni&atilde;o Europeia e outros destaques da C&uacute;pula do MERCOSUL<\/span><\/a><\/span><\/span><\/span><\/p>\r\n\r\n<p style=\"text-align:justify\"><span style=\"font-size:11pt\"><span style=\"line-height:normal\"><span style=\"font-family:Calibri,sans-serif\"><a href=\"https:\/\/eixos.com.br\/newsletters\/dialogos-da-transicao\/agro-industria-e-carbono-no-acordo-mercosul-ue\/?utm_source=newsletters+eixos&amp;utm_campaign=2733222166-EMAIL_CAMPAIGN_2024_12_08_11_09&amp;utm_medium=email&amp;utm_term=0_-2733222166-466362780\" style=\"color:blue; text-decoration:underline\"><span style=\"font-size:14.0pt\">Agro, ind&uacute;stria e carbono no acordo Mercosul-UE<\/span><\/a><\/span><\/span><\/span><\/p>\r\n\r\n<p style=\"text-align:justify\"><span style=\"font-size:11pt\"><span style=\"line-height:normal\"><span style=\"font-family:Calibri,sans-serif\"><a href=\"https:\/\/www.abcmais.com\/economia\/governo-milei-deve-oferecer-mais-um-beneficio-que-facilita-relacao-brasil-e-argentina-apos-anuncio-do-fim-de-imposto-de-importacao\/\" style=\"color:blue; text-decoration:underline\"><span style=\"font-size:14.0pt\">Governo Milei deve oferecer mais um benef&iacute;cio que facilita rela&ccedil;&atilde;o Brasil e Argentina ap&oacute;s an&uacute;ncio do fim de imposto de importa&ccedil;&atilde;o<\/span><\/a><\/span><\/span><\/span><\/p>\r\n\r\n<p style=\"text-align:justify\"><span style=\"font-size:11pt\"><span style=\"line-height:normal\"><span style=\"font-family:Calibri,sans-serif\"><a href=\"https:\/\/revistaoeste.com\/mundo\/panama-se-torna-o-mais-novo-membro-do-mercosul-em-cerimonia-oficial\/\" style=\"color:blue; text-decoration:underline\"><span style=\"font-size:14.0pt\">Panam&aacute; se torna o mais novo membro do Mercosul<\/span><\/a><\/span><\/span><\/span><\/p>\r\n\r\n<p style=\"text-align:justify\"><span style=\"font-size:11pt\"><span style=\"line-height:normal\"><span style=\"font-family:Calibri,sans-serif\"><a href=\"https:\/\/anba.com.br\/acordo-mercosul-emirados-deve-estar-pronto-em-2025\/\" style=\"color:blue; text-decoration:underline\"><span style=\"font-size:14.0pt\">Acordo Mercosul-Emirados deve estar pronto em 2025<\/span><\/a><\/span><\/span><\/span><\/p>\r\n\r\n<p style=\"text-align:justify\"><span style=\"font-size:11pt\"><span style=\"line-height:normal\"><span style=\"font-family:Calibri,sans-serif\"><a href=\"https:\/\/apexbrasil.com.br\/br\/pt\/conteudo\/noticias\/ApexBrasil-lanca-Mapa-Bilateral-de-Comercio-e-Investimentos-Brasil-India.html#msdynttrid=C0ppeaP8FwRl4tM7wgUh3Wr5k_-iWOcfgZ85iTZaKAA\" style=\"color:blue; text-decoration:underline\"><span style=\"font-size:14.0pt\">ApexBrasil lan&ccedil;a Mapa Bilateral de Com&eacute;rcio e Investimentos Brasil &ndash; &Iacute;ndia<\/span><\/a><\/span><\/span><\/span><\/p>\r\n\r\n<p style=\"text-align:justify\"><span style=\"font-size:11pt\"><span style=\"line-height:normal\"><span style=\"font-family:Calibri,sans-serif\"><a href=\"https:\/\/www.linkedin.com\/pulse\/same-bed-different-dreams-t%C3%B3ng-chu%C3%A1ng-y%C3%AC-m%C3%A8ng-azgqf\/\" style=\"color:blue; text-decoration:underline\"><span lang=\"EN-US\" style=\"font-size:14.0pt\">Same bed, different dreams (T&oacute;ng chu&aacute;ng y&igrave; m&egrave;ng)<\/span><\/a><\/span><\/span><\/span><\/p>\r\n\r\n<p style=\"text-align:justify\"><span style=\"font-size:11pt\"><span style=\"line-height:normal\"><span style=\"font-family:Calibri,sans-serif\"><a href=\"https:\/\/www.infomoney.com.br\/business\/abimaq-teme-que-maior-protecionismo-pelos-eua-eleve-importacao-de-maquinas-chinesas\/\" style=\"color:blue; text-decoration:underline\"><span style=\"font-size:14.0pt\">Abimaq teme que maior protecionismo pelos EUA eleve importa&ccedil;&atilde;o de m&aacute;quinas chinesas<\/span><\/a><\/span><\/span><\/span><\/p>\r\n\r\n<p style=\"text-align:justify\"><span style=\"font-size:11pt\"><span style=\"line-height:normal\"><span style=\"font-family:Calibri,sans-serif\"><a href=\"https:\/\/indiantextilejournal.com\/minister-outlines-governments-5f-strategy-to-reform-indias-textile-industry\/\" style=\"color:blue; text-decoration:underline\"><span lang=\"EN-US\" style=\"font-size:14.0pt\">Minister outlines government&rsquo;s &lsquo;5F&rsquo; strategy to reform India&rsquo;s textile industry<\/span><\/a><\/span><\/span><\/span><\/p>\r\n\r\n<p style=\"text-align:justify\"><span style=\"font-size:11pt\"><span style=\"line-height:normal\"><span style=\"font-family:Calibri,sans-serif\"><a href=\"https:\/\/indiantextilejournal.com\/indias-textile-industry-aims-for-100-billion-export-target-by-2030\/\" style=\"color:blue; text-decoration:underline\"><span lang=\"EN-US\" style=\"font-size:14.0pt\">India&rsquo;s textile industry aims for $100 billion export target by 2030<\/span><\/a><\/span><\/span><\/span><\/p>\r\n\r\n<p style=\"text-align:justify\"><span style=\"font-size:28pt\"><span style=\"font-family:Cambria,serif\"><span style=\"letter-spacing:-0.5pt\"><b><span style=\"font-size:18.0pt\"><span style=\"font-family:&quot;Calibri&quot;,sans-serif\"><span style=\"font-variant:small-caps\">Economia<\/span><\/span><\/span><\/b><\/span><\/span><\/span><\/p>\r\n\r\n<p style=\"text-align:justify\"><span style=\"font-size:11pt\"><span style=\"line-height:normal\"><span style=\"font-family:Calibri,sans-serif\"><a href=\"https:\/\/www.bcb.gov.br\/content\/focus\/focus\/R20241206.pdf\" style=\"color:blue; text-decoration:underline\"><span style=\"font-size:14.0pt\">Focus - Relat&oacute;rio de Mercado<\/span><\/a><\/span><\/span><\/span><\/p>\r\n\r\n<p style=\"text-align:justify\"><span style=\"font-size:11pt\"><span style=\"line-height:normal\"><span style=\"font-family:Calibri,sans-serif\"><a href=\"https:\/\/mercadoeconsumo.com.br\/09\/12\/2024\/artigos\/no-plano-global-nem-tudo-bem-no-ano-que-vem-e-com-impactos-no-varejo-e-no-consumo-do-brasil\/?utm_campaign=news_geral_-_0912&amp;utm_medium=email&amp;utm_source=RD+Station\" style=\"color:blue; text-decoration:underline\"><span style=\"font-size:14.0pt\">No plano global, nem tudo bem no ano que vem. E com impactos no varejo e consumo do Brasil<\/span><\/a><\/span><\/span><\/span><\/p>\r\n\r\n<p style=\"text-align:justify\"><span style=\"font-size:11pt\"><span style=\"line-height:normal\"><span style=\"font-family:Calibri,sans-serif\"><a href=\"https:\/\/www.moneytimes.com.br\/acordo-mercosul-ue-pode-representar-retomada-das-exportacoes-do-brasil-para-europa-apexbrasil-estima-us-7-bi-no-curto-prazo-pads\/\" style=\"color:blue; text-decoration:underline\"><span style=\"font-size:14.0pt\">Acordo Mercosul-UE pode representar US$ 7 bi para o Brasil no curto prazo<\/span><\/a><\/span><\/span><\/span><\/p>\r\n\r\n<p style=\"text-align:justify\"><span style=\"font-size:11pt\"><span style=\"line-height:normal\"><span style=\"font-family:Calibri,sans-serif\"><a href=\"https:\/\/noticias.portaldaindustria.com.br\/posicionamentos\/puxado-por-industria-e-servicos-pib-do-3o-trimestre-veio-proximo-ao-projetado-pela-cni\/\" style=\"color:blue; text-decoration:underline\"><span style=\"font-size:14.0pt\">Puxado por ind&uacute;stria e servi&ccedil;os, PIB do 3&ordm; trimestre veio pr&oacute;ximo ao projetado pela CNI<\/span><\/a><\/span><\/span><\/span><\/p>\r\n\r\n<p style=\"text-align:justify\"><span style=\"font-size:11pt\"><span style=\"line-height:normal\"><span style=\"font-family:Calibri,sans-serif\"><a href=\"https:\/\/portalibre.fgv.br\/system\/files\/divulgacao\/noticias\/mat-complementar\/2024-12\/Bar%C3%B4metros%20Globais%20KOF-FGV_Press%20release_12_2024.pdf\" style=\"color:blue; text-decoration:underline\"><span style=\"font-size:14.0pt\">Bar&ocirc;metros Globais fecham 2024 sustentando os n&iacute;veis favor&aacute;veis alcan&ccedil;ados nos meses anteriores<\/span><\/a><\/span><\/span><\/span><\/p>\r\n\r\n<p style=\"text-align:justify\"><span style=\"font-size:11pt\"><span style=\"line-height:normal\"><span style=\"font-family:Calibri,sans-serif\"><a href=\"https:\/\/ibre.fgv.br\/blog-da-conjuntura-economica\/artigos\/uma-aposta-arriscada\" style=\"color:blue; text-decoration:underline\"><span style=\"font-size:14.0pt\">Uma aposta arriscada<\/span><\/a><\/span><\/span><\/span><\/p>\r\n\r\n<p style=\"text-align:justify\"><span style=\"font-size:11pt\"><span style=\"line-height:normal\"><span style=\"font-family:Calibri,sans-serif\"><span style=\"font-size:14.0pt\"><img src=\"https:\/\/www.abint.org.br\/assets\/img\/editor\/redes-sociais-abint-ctg-cth_20241210184644g7aFlveZ5Z.jpg\" \/><\/span><\/span><\/span><\/span><\/p>\r\n","texto_en":"","7":"","imagem":"COMP_capa-2024-site-boletim-abint-noticias-semanis_20241210184755ptwP9Ve2QQ.jpg","8":"COMP_capa-2024-site-boletim-abint-noticias-semanis_20241210184755ptwP9Ve2QQ.jpg","arquivo":"20241210-BOLETIM-ABINT-DE-NOTICIAS-SEMANAIS.PDF","9":"20241210-BOLETIM-ABINT-DE-NOTICIAS-SEMANAIS.PDF","titulo_arquivo":"20241210 Boletim ABINT de Not\u00edcias Semanais","10":"20241210 Boletim ABINT de Not\u00edcias Semanais","titulo_arquivo_en":"","11":"","created_at":"2024-12-10 18:48:49","12":"2024-12-10 18:48:49","updated_at":"2024-12-10 18:48:49","13":"2024-12-10 18:48:49"},{"id":148,"0":148,"ordem":75,"1":75,"data":"2024-12-03","2":"2024-12-03","slug":"boletim-de-noticias-semanais-83","3":"boletim-de-noticias-semanais-83","titulo":"Boletim de Not\u00edcias Semanais","4":"Boletim de Not\u00edcias Semanais","titulo_en":"","5":"","texto":"<p style=\"text-align:justify\"><span style=\"font-size:11pt\"><span style=\"line-height:normal\"><span style=\"font-family:Calibri,sans-serif\"><span style=\"font-size:14.0pt\">Esta &eacute; uma compila&ccedil;&atilde;o das not&iacute;cias mais relevantes para o setor, incluindo informa&ccedil;&otilde;es sobre acordos internacionais, economia brasileira, sustentabilidade e mat&eacute;rias primas, al&eacute;m de novidades do setor de N&atilde;otecidos e Tecidos T&eacute;cnicos.<\/span><\/span><\/span><\/span><\/p>\r\n\r\n<p style=\"text-align:justify\"><b><span style=\"font-size:18.0pt\"><span style=\"line-height:115%\"><span style=\"font-family:&quot;Calibri&quot;,sans-serif\"><span style=\"font-variant:small-caps\">O que vem por a&iacute;<\/span><\/span><\/span><\/span><\/b><\/p>\r\n\r\n<p style=\"text-align:justify\"><img src=\"https:\/\/www.abint.org.br\/assets\/img\/editor\/logo-ctg-abint-png_20241122161741dCrnhosyUL.png\" style=\"width: 300px; height: 55px;\" \/><\/p>\r\n\r\n<p style=\"text-align:justify\">&nbsp;<\/p>\r\n\r\n<p style=\"text-align:justify\"><img src=\"https:\/\/www.abint.org.br\/assets\/img\/editor\/20241203-live-ctg-instagram-thiago-zanon_20241122161840ipzIkX8zHP.jpg\" style=\"width: 500px; height: 500px;\" \/><\/p>\r\n\r\n<p class=\"MsoTitle\" style=\"text-align:justify\"><span style=\"font-size:28pt\"><span style=\"font-family:Cambria,serif\"><span style=\"letter-spacing:-0.5pt\"><b><span lang=\"EN-US\" style=\"font-size:18.0pt\"><span style=\"font-family:&quot;Calibri&quot;,sans-serif\"><span style=\"font-variant:small-caps\">Not&iacute;cias das Associadas<\/span><\/span><\/span><\/b><\/span><\/span><\/span><\/p>\r\n\r\n<p style=\"text-align:justify\"><span style=\"font-size:11pt\"><span style=\"line-height:normal\"><span style=\"font-family:Calibri,sans-serif\"><a href=\"https:\/\/www.innovationintextiles.com\/andritz-to-draw-up-plans-for-first-circ-recycling-plant\/\" style=\"color:blue; text-decoration:underline\"><span lang=\"EN-US\" style=\"font-size:14.0pt\">Andritz to draw up plans for first Circ recycling plant<\/span><\/a><\/span><\/span><\/span><\/p>\r\n\r\n<p style=\"text-align:justify\"><span style=\"font-size:11pt\"><span style=\"line-height:normal\"><span style=\"font-family:Calibri,sans-serif\"><a href=\"https:\/\/www.nonwovens-industry.com\/contents\/view_breaking-news\/2024-11-22\/andritz-perfojet-celebrates-40th-anniversary?utm_campaign=NON+eNewsletter&amp;utm_medium=email&amp;_hsenc=p2ANqtz-87xf_io11g_hHAoZir3kcC1bKUT5emSdrhfd2J9PTr-bafeaM8DazfYZcXN9LAjnYLehzRtLCuoSGghwYY_GM2bzkJlQ&amp;_hsmi=335925990&amp;utm_content=335925990&amp;utm_source=hs_email\" style=\"color:blue; text-decoration:underline\"><span lang=\"EN-US\" style=\"font-size:14.0pt\">Andritz Perfojet Celebrates 40th Anniversary<\/span><\/a> <\/span><\/span><\/span><\/p>\r\n\r\n<p style=\"text-align:justify\"><span style=\"font-size:11pt\"><span style=\"line-height:normal\"><span style=\"font-family:Calibri,sans-serif\"><a href=\"https:\/\/www.nonwovens-industry.com\/buyersguide\/profile\/fitesa-786114\/buyersguide\/13345?advertiser=93734_NON_eNL_3rd-Position-Native-Ad_Title&amp;utm_campaign=NON+eNewsletter&amp;utm_medium=email&amp;_hsenc=p2ANqtz-9WBPVgDR73ylpCOFoJIs7lnoSfcOFu2EMIaQ3RA847mCw_hW0VGInWTtOFjFMWKF09OTJgxkHFPI_oGpECd3sJleW-IA&amp;_hsmi=335925990&amp;utm_content=335925990&amp;utm_source=hs_email\" style=\"color:blue; text-decoration:underline\"><span lang=\"EN-US\" style=\"font-size:14.0pt\">Fitesa is one of the world&rsquo;s largest spunmelt nonwoven manufacturers.<\/span><\/a><\/span><\/span><\/span><\/p>\r\n\r\n<p style=\"text-align:justify\"><span style=\"font-size:11pt\"><span style=\"line-height:normal\"><span style=\"font-family:Calibri,sans-serif\"><a href=\"https:\/\/www.nonwovens-industry.com\/contents\/view_breaking-news\/2024-11-26\/freudenberg-invests-in-bioactive-nonwovens?utm_campaign=NON+eNewsletter&amp;utm_medium=email&amp;_hsenc=p2ANqtz-9xrTZeFLJoEuLPP1SE7T8RMtewFYKnI0t17L_gjrNtrhS7xDZhz7QbktucEu6VXW9S4vLRm2toOXpKn_tuyrwGwMlObQ&amp;_hsmi=335925990&amp;utm_content=335925990&amp;utm_source=hs_email\" style=\"color:blue; text-decoration:underline\"><span style=\"font-size:14.0pt\">Freudenberg Invests in Bioactive Nonwovens<\/span><\/a><\/span><\/span><\/span><\/p>\r\n\r\n<p style=\"text-align:justify\"><span style=\"font-size:11pt\"><span style=\"line-height:normal\"><span style=\"font-family:Calibri,sans-serif\"><a href=\"https:\/\/www.aecweb.com.br\/empresa\/maccaferri\/2786\/conteudo\/jardim-de-conjunto-empresarial-ganha-impermeabilizacao-e-drenagem-eficientes\/4126\" style=\"color:blue; text-decoration:underline\"><span style=\"font-size:14.0pt\">Maccaferri: Jardim de conjunto empresarial ganha impermeabiliza&ccedil;&atilde;o e drenagem eficientes<\/span><\/a><\/span><\/span><\/span><\/p>\r\n\r\n<p style=\"text-align:justify\"><span style=\"font-size:11pt\"><span style=\"line-height:normal\"><span style=\"font-family:Calibri,sans-serif\"><a href=\"https:\/\/www.innovationintextiles.com\/itmaconnect-spotlight-on-nonwovens-recycling\/\" style=\"color:blue; text-decoration:underline\"><span lang=\"EN-US\" style=\"font-size:14.0pt\">Nonwovens\/\u200bConverting: ITMAconnect spotlight on nonwovens recycling<\/span><\/a><\/span><\/span><\/span><\/p>\r\n\r\n<p style=\"text-align:justify\">&nbsp;<\/p>\r\n\r\n<p style=\"text-align:justify\"><span style=\"font-size:11pt\"><span style=\"line-height:normal\"><span style=\"font-family:Calibri,sans-serif\"><b><span style=\"font-size:18.0pt\"><span style=\"font-variant:small-caps\">Eventos<\/span><\/span><\/b><\/span><\/span><\/span><\/p>\r\n\r\n<p style=\"text-align:justify\"><span style=\"font-size:11pt\"><span style=\"line-height:normal\"><span style=\"font-family:Calibri,sans-serif\"><a href=\"https:\/\/www.abrafiltros.org.br\/cursos\/\" style=\"color:blue; text-decoration:underline\"><b><span style=\"font-size:14.0pt\">Cursos Abrafiltros | Automatiza&ccedil;&atilde;o de Filtros de Manga<\/span><\/b><\/a><\/span><\/span><\/span><\/p>\r\n\r\n<p style=\"text-align:justify\"><span style=\"font-size:11pt\"><span style=\"line-height:normal\"><span style=\"font-family:Calibri,sans-serif\"><a href=\"https:\/\/en.industryarena.com\/vdma-textile-machinery\/webinars\/1373899490\" style=\"color:blue; text-decoration:underline\"><b><span lang=\"EN-US\" style=\"font-size:14.0pt\">VDMA Textile Machinery Webtalk with EDANA, ANDRITZ Nonwoven and Textile and Megapaca-Novafiber | &quot;Create valuable nonwovens from textile waste&quot;<\/span><\/b><\/a><span lang=\"EN-US\" style=\"font-size:14.0pt\">, December 5, 2024, 2:00 PM CET <\/span><\/span><\/span><\/span><\/p>\r\n\r\n<p style=\"text-align:justify\"><span style=\"font-size:11pt\"><span style=\"line-height:normal\"><span style=\"font-family:Calibri,sans-serif\"><a href=\"https:\/\/app.rdstation.email\/mail\/d777f370-3f7b-468e-b105-8c5f472668a6?utm_campaign=convite_workshop_cyberseguranca_-_reenvio_22112024&amp;utm_medium=email&amp;utm_source=RD+Station\" style=\"color:blue; text-decoration:underline\"><b><span style=\"font-size:14.0pt\">Workshop Abit | Seguran&ccedil;a Cibern&eacute;tica e Intelig&ecirc;ncia Artificial<\/span><\/b><\/a><span style=\"font-size:14.0pt\">, 05 de dezembro de 2024, 09h &agrave;s 11h, evento online<\/span><\/span><\/span><\/span><\/p>\r\n\r\n<p style=\"text-align:justify\"><span style=\"font-size:11pt\"><span style=\"line-height:normal\"><span style=\"font-family:Calibri,sans-serif\"><a href=\"https:\/\/send.neopixdmi.com\/index.php\/campaigns\/as827ezfoq9af\/web-version\/mh045xn88n9c0\" style=\"color:blue; text-decoration:underline\"><b><span style=\"font-size:14.0pt\">VI Semin&aacute;rio Meio Ambiente, Saneamento e Sustentabilidade - ASEC, ABES-SP e AESabesp<\/span><\/b><\/a><span style=\"font-size:14.0pt\">, de 10 a 12 de dezembro de 2024, as 9h &agrave;s 16h30, Audit&oacute;rio Augusto Ruschi, Cetesb, S&atilde;o Paulo, SP.<\/span><\/span><\/span><\/span><\/p>\r\n\r\n<p style=\"text-align:justify\"><span style=\"font-size:11pt\"><span style=\"line-height:normal\"><span style=\"font-family:Calibri,sans-serif\"><a href=\"https:\/\/evento.fgv.br\/seminariodeanalise_1712\/\" style=\"color:blue; text-decoration:underline\"><b><span style=\"font-size:14.0pt\">Webinar FGV IBRE | IV Semin&aacute;rio de An&aacute;lise Conjuntural<\/span><\/b><\/a><span style=\"font-size:14.0pt\">, 17 de dezembro de 2024, 10h00 &agrave;s 11h30, Transmiss&atilde;o YouTube FGV<\/span><\/span><\/span><\/span><\/p>\r\n\r\n<p style=\"text-align:justify\"><span style=\"font-size:11pt\"><span style=\"line-height:normal\"><span style=\"font-family:Calibri,sans-serif\"><a href=\"https:\/\/www.fimec.com.br\/\" style=\"color:blue; text-decoration:underline\"><b><span style=\"font-size:14.0pt\">Fimec 2025<\/span><\/b><\/a><span style=\"font-size:14.0pt\">, 18 a 20 de mar&ccedil;o, Fenac, Novo Hamburgo, RS<\/span><\/span><\/span><\/span><\/p>\r\n\r\n<p style=\"text-align:justify\"><span style=\"font-size:11pt\"><span style=\"line-height:normal\"><span style=\"font-family:Calibri,sans-serif\"><a href=\"https:\/\/www.plasticobrasil.com.br\/pt\/home.html\" style=\"color:blue; text-decoration:underline\"><b><span style=\"font-size:14.0pt\">Feira Pl&aacute;stico Brasil<\/span><\/b><\/a><span style=\"font-size:14.0pt\">, de 24 a 28 de mar&ccedil;o de 2025, das 10h &agrave;s 19h, S&atilde;o Paulo Expo, Rodovia dos Imigrantes, km 1,5<\/span><\/span><\/span><\/span><\/p>\r\n\r\n<p style=\"text-align:justify\"><span style=\"font-size:11pt\"><span style=\"line-height:normal\"><span style=\"font-family:Calibri,sans-serif\"><a href=\"https:\/\/ideashow.org\/\" style=\"color:blue; text-decoration:underline\"><b><span lang=\"EN-US\" style=\"font-size:14.0pt\">IDEA25<\/span><\/b><\/a><span lang=\"EN-US\" style=\"font-size:14.0pt\">, April 29-May 1, 2025, Miami Beach Convention Center, Miami Beach, Florida<\/span><\/span><\/span><\/span><\/p>\r\n\r\n<p style=\"text-align:justify\"><span style=\"font-size:11pt\"><span style=\"line-height:normal\"><span style=\"font-family:Calibri,sans-serif\"><a href=\"https:\/\/www.conbrava.com.br\/\" style=\"color:blue; text-decoration:underline\"><b><span style=\"font-size:14.0pt\">CONBRAVA 2025<\/span><\/b><\/a><span style=\"font-size:14.0pt\">, 10 a 12 de setembro de 2025, S&atilde;o Paulo Expo, Rodovia dos Imigrantes, km 1,5<\/span><\/span><\/span><\/span><\/p>\r\n\r\n<p style=\"text-align:justify\"><span style=\"font-size:11pt\"><span style=\"line-height:normal\"><span style=\"font-family:Calibri,sans-serif\"><b><span style=\"font-size:14.0pt\">17&ordm; Congresso Brasileiro de Enfermagem em Centro Cir&uacute;rgico: &ldquo;O poder de cuidar&rdquo;<\/span><\/b><span style=\"font-size:14.0pt\">, 01 a 03 de outubro de 2025, Transamerica Expo Center, S&atilde;o Paulo, SP<\/span><\/span><\/span><\/span><\/p>\r\n\r\n<p style=\"text-align:justify\"><span style=\"font-size:11pt\"><span style=\"line-height:normal\"><span style=\"font-family:Calibri,sans-serif\"><a href=\"https:\/\/hospitalmed.com.br\/feira\/\" style=\"color:blue; text-decoration:underline\"><b><span style=\"font-size:14.0pt\">HospitalMed 2025<\/span><\/b><\/a><span style=\"font-size:14.0pt\">, 22 a 24 de outubro, Pernambuco Centro de Conven&ccedil;&otilde;es, Olinda<\/span><\/span><\/span><\/span><\/p>\r\n\r\n<p style=\"text-align:justify\"><span style=\"font-size:28pt\"><span style=\"font-family:Cambria,serif\"><span style=\"letter-spacing:-0.5pt\"><b><span style=\"font-size:18.0pt\"><span style=\"font-family:&quot;Calibri&quot;,sans-serif\"><span style=\"font-variant:small-caps\">Setor<\/span><\/span><\/span><\/b><\/span><\/span><\/span><\/p>\r\n\r\n<p style=\"text-align:justify\"><span style=\"font-size:11pt\"><span style=\"line-height:normal\"><span style=\"font-family:Calibri,sans-serif\"><a href=\"https:\/\/www.globenewswire.com\/news-release\/2024\/11\/28\/2988483\/0\/en\/Medical-Nonwoven-Market-is-Forecasted-to-Reach-US-2-1-Billion-in-2030-Says-Stratview-Research.html\" style=\"color:blue; text-decoration:underline\"><span style=\"font-size:14.0pt\">O mercado de n&atilde;o tecidos m&eacute;dicos deve atingir US$ 2,1 bilh&otilde;es em 2030, diz a Stratview Research<\/span><\/a><\/span><\/span><\/span><\/p>\r\n\r\n<p style=\"text-align:justify\"><span style=\"font-size:11pt\"><span style=\"line-height:normal\"><span style=\"font-family:Calibri,sans-serif\"><a href=\"https:\/\/www.fibre2fashion.com\/news\/technical-textiles\/nonwoven-production-grows-at-5-4-annually-from-2013-to-2023-report-299245-newsdetails.htm\" style=\"color:blue; text-decoration:underline\"><span lang=\"EN-US\" style=\"font-size:14.0pt\">Nonwoven production grows at 5.4% annually from 2013 to 2023: Report<\/span><\/a><\/span><\/span><\/span><\/p>\r\n\r\n<p style=\"text-align:justify\"><span style=\"font-size:11pt\"><span style=\"line-height:normal\"><span style=\"font-family:Calibri,sans-serif\"><a href=\"https:\/\/www.innovationintextiles.com\/impressive-growth-in-nonwovens-production\/\" style=\"color:blue; text-decoration:underline\"><span lang=\"EN-US\" style=\"font-size:14.0pt\">Nonwovens\/Converting: Impressive growth in nonwovens production<\/span><\/a><\/span><\/span><\/span><\/p>\r\n\r\n<p style=\"text-align:justify\"><span style=\"font-size:11pt\"><span style=\"line-height:normal\"><span style=\"font-family:Calibri,sans-serif\"><a href=\"https:\/\/www.nonwovens-industry.com\/contents\/view_breaking-news\/2024-11-26\/president-announces-limited-trade-actions-on-fine-denier-polyester-staple-fiber\/15303\" style=\"color:blue; text-decoration:underline\"><span lang=\"EN-US\" style=\"font-size:14.0pt\">EUA: President Announces Limited Trade Actions on Fine-Denier Polyester Staple Fiber<\/span><\/a><\/span><\/span><\/span><\/p>\r\n\r\n<p style=\"text-align:justify\"><span style=\"font-size:11pt\"><span style=\"line-height:normal\"><span style=\"font-family:Calibri,sans-serif\"><a href=\"https:\/\/mercadoeconsumo.com.br\/28\/11\/2024\/economia\/setor-de-vestuario-perde-r-84-bilhoes-para-a-pirataria\/?utm_campaign=news_geral_-_2811&amp;utm_medium=email&amp;utm_source=RD+Station\" style=\"color:blue; text-decoration:underline\"><span style=\"font-size:14.0pt\">Setor de vestu&aacute;rio perde R$ 84 bilh&otilde;es para a pirataria<\/span><\/a><\/span><\/span><\/span><\/p>\r\n\r\n<p style=\"text-align:justify\"><span style=\"font-size:11pt\"><span style=\"line-height:normal\"><span style=\"font-family:Calibri,sans-serif\"><a href=\"https:\/\/thinkplasticbrazil.com\/think-plastic-brazil-lanca-nova-edicao-do-international-yearbook-guia-com-mais-de-250-empresas-brasileiras-do-setor-plastico\/?utm_campaign=tpb__newsletter__portugues__novembro&amp;utm_medium=email&amp;utm_source=RD+Station\" style=\"color:blue; text-decoration:underline\"><span style=\"font-size:14.0pt\">Think Plastic Brazil lan&ccedil;a nova edi&ccedil;&atilde;o do International Yearbook, guia com mais de 250 empresas brasileiras do setor pl&aacute;stico<\/span><\/a><\/span><\/span><\/span><\/p>\r\n\r\n<p style=\"text-align:justify\"><span style=\"font-size:11pt\"><span style=\"line-height:normal\"><span style=\"font-family:Calibri,sans-serif\"><a href=\"https:\/\/www.youtube.com\/watch?v=zxCJn7RUZFk\" style=\"color:blue; text-decoration:underline\"><span style=\"font-size:14.0pt\">Abra Talks 2024 - 18&ordm; Epis&oacute;dio: &quot;An&aacute;lise do cen&aacute;rio econ&ocirc;mico e as perspectivas para 2025&quot;<\/span><\/a><\/span><\/span><\/span><\/p>\r\n\r\n<p style=\"text-align:justify\"><span style=\"font-size:11pt\"><span style=\"line-height:normal\"><span style=\"font-family:Calibri,sans-serif\"><a href=\"https:\/\/t.rdsv2.net\/ls\/click?upn=u001.SJ-2BHbcLStyE5mTD5OK48sq2JxFfkhvQ6eAz6nLBcupWgZTbmjEYNsVQoUDEYBB2CzbCdrF3cmirEPn1IBnZLQxAL6YOPcBZLawrxd8mUWm5-2FECOrok9vaOhPppOAIEuLnqPpb3yI-2Fxzl2fBLhz9jVx-2FqGpeAh356ceeVBHKlY7nmxlO0e5vuINjzn2RdUgc-2B3kZUmSSvL-2FIhi7anwF0QYHkC-2F-2BA9s6QrjISc5eDWOBOSuq8QM1ZRCfsodYsTW5N5QXdCytILxu2d6-2FQnpBc1JQ-3D-3D8Etv_T7N8BvZTOm04CQQMiyWztrpCjlUrRc4F7QzSgUIpTqB5Yk-2Bt7YhUyk7lZRXmbFFsi-2Foe1q0kuwsCjfsBOqL9ZeKwOqG7ApazixuGEP6Z5SJuFg5bm15p-2FcAKNI6-2BqjB-2BXOhJQgmjhTH9SBEk15do4QQLGeIt9TEICDVHZWvMlEEKcaSW-2FpSJmIgkQw4hnKJm6oDf3PgcqdkdljOAZLvjrLnRL-2Bfkq5tMvLsSCyt1pR2ifcUVPBe7CUDI-2BeL2Ui8qOqtU3NxfOPu2f1bmGrpa7Lz9cMBv6CipltTntPP-2FCMD5JwZ-2FgJTVJHFV4dya-2BIcDR9zkpyA9BpAAveKJsrGt3bOp5-2BE9Q-2BU9WT3Fuw03LORMb4OS-2F3UGOJp-2FDbN4HqW6yREmHhE-2BVLwgDdQGyTZgYV75WqTfsmwFITu7wLNo4jKQE9-2FIITZycrG9294hsLEkxdyYG5bsB36EMypvkpX0fmZBkjJdB998plraONQ6ggZ-2FeDbGp69AjX87y4bgYSHwoW-2Bjze7JoP-2FbmmuL-2BVVmwATGXgnhfQc3zsTBoiZR3ePHsr-2F2H8AKVdHPqDLS1Tp6ws8bmWDqEYV-2FE4-2Bc3gaVUz4o-2FYwzMkgpCfUUSHaCGNda8rRWQ-2FqyvQxLdtcj8PVS-2FAlXG9qBbSfsuwDtBfsbtg-3D-3D\" style=\"color:blue; text-decoration:underline\"><span style=\"font-size:14.0pt\">Kimberly-Clark assina protocolo de inten&ccedil;&otilde;es para moderniza&ccedil;&atilde;o da f&aacute;brica de Cama&ccedil;ari<\/span><\/a><\/span><\/span><\/span><\/p>\r\n\r\n<p style=\"text-align:justify\"><span style=\"font-size:28pt\"><span style=\"font-family:Cambria,serif\"><span style=\"letter-spacing:-0.5pt\"><b><span style=\"font-size:18.0pt\"><span style=\"font-family:&quot;Calibri&quot;,sans-serif\"><span style=\"font-variant:small-caps\">Ind&uacute;stria<\/span><\/span><\/span><\/b><\/span><\/span><\/span><\/p>\r\n\r\n<p style=\"text-align:justify\"><span style=\"font-size:11pt\"><span style=\"line-height:normal\"><span style=\"font-family:Calibri,sans-serif\"><a href=\"https:\/\/www.portaldapropaganda.com.br\/noticias\/30216\/vamos-falar-sobre-plastico-abiquim-incentiva-sustentabilidade-e-reciclagem\/\" style=\"color:blue; text-decoration:underline\"><span style=\"font-size:14.0pt\">&ldquo;Vamos falar sobre pl&aacute;stico&rdquo;: ABIQUIM incentiva sustentabilidade e reciclagem<\/span><\/a><\/span><\/span><\/span><\/p>\r\n\r\n<p style=\"text-align:justify\"><span style=\"font-size:11pt\"><span style=\"line-height:normal\"><span style=\"font-family:Calibri,sans-serif\"><a href=\"https:\/\/www.jb.com.br\/brasil\/meio-ambiente\/2024\/12\/1053189-ex-secretario-de-bolsonaro-barra-proposta-brasileira-na-onu-sobre-poluicao-plastica.html\" style=\"color:blue; text-decoration:underline\"><span style=\"font-size:14.0pt\">Ex-secret&aacute;rio de Bolsonaro barra proposta brasileira na ONU sobre polui&ccedil;&atilde;o pl&aacute;stica<\/span><\/a><\/span><\/span><\/span><\/p>\r\n\r\n<p style=\"text-align:justify\"><span style=\"font-size:11pt\"><span style=\"line-height:normal\"><span style=\"font-family:Calibri,sans-serif\"><a href=\"https:\/\/agenciabrasil.ebc.com.br\/economia\/noticia\/2024-11\/setor-de-maquinas-registra-crescimento-em-outubro-diz-abimaq\" style=\"color:blue; text-decoration:underline\"><span style=\"font-size:14.0pt\">Setor de m&aacute;quinas registra crescimento em outubro, diz Abimaq<\/span><\/a> <\/span><\/span><\/span><\/p>\r\n\r\n<p style=\"text-align:justify\"><span style=\"font-size:11pt\"><span style=\"line-height:normal\"><span style=\"font-family:Calibri,sans-serif\"><a href=\"https:\/\/grandesconstrucoes.com.br\/Noticias\/Exibir\/a-construcao-civil-e-fundamental-para-alavancar-a-industrializacao-no-pais?utm_source=akna&amp;utm_medium=email&amp;utm_campaign=Grandes-Construcoes-Informativo-940-28-11-2024&amp;utm_source=akna&amp;utm_medium=email&amp;utm_campaign=Grandes-Construcoes-Informativo-940-28-11-2024\" style=\"color:blue; text-decoration:underline\"><span style=\"font-size:14.0pt\">A constru&ccedil;&atilde;o civil &eacute; fundamental para alavancar a industrializa&ccedil;&atilde;o no pa&iacute;s<\/span><\/a><\/span><\/span><\/span><\/p>\r\n\r\n<p style=\"text-align:justify\"><span style=\"font-size:11pt\"><span style=\"line-height:normal\"><span style=\"font-family:Calibri,sans-serif\"><a href=\"https:\/\/noticias.portaldaindustria.com.br\/noticias\/economia\/utilizacao-da-capacidade-operacional-da-industria-da-construcao-tem-maior-patamar-para-outubro-em-11-anos\/\" style=\"color:blue; text-decoration:underline\"><span style=\"font-size:14.0pt\">Utiliza&ccedil;&atilde;o da Capacidade Operacional da ind&uacute;stria da constru&ccedil;&atilde;o tem maior patamar para outubro em 11 anos<\/span><\/a><\/span><\/span><\/span><\/p>\r\n\r\n<p style=\"text-align:justify\"><span style=\"font-size:11pt\"><span style=\"line-height:normal\"><span style=\"font-family:Calibri,sans-serif\"><a href=\"https:\/\/agenciabrasil.ebc.com.br\/politica\/noticia\/2024-11\/lula-diz-que-nao-faltara-credito-para-construcao-civil\" style=\"color:blue; text-decoration:underline\"><span style=\"font-size:14.0pt\">Lula diz que n&atilde;o faltar&aacute; cr&eacute;dito para constru&ccedil;&atilde;o civil<\/span><\/a><\/span><\/span><\/span><\/p>\r\n\r\n<p style=\"text-align:justify\"><span style=\"font-size:28pt\"><span style=\"font-family:Cambria,serif\"><span style=\"letter-spacing:-0.5pt\"><b><span style=\"font-size:18.0pt\"><span style=\"font-family:&quot;Calibri&quot;,sans-serif\"><span style=\"font-variant:small-caps\">Sustentabilidade<\/span><\/span><\/span><\/b><\/span><\/span><\/span><\/p>\r\n\r\n<p style=\"text-align:justify\"><span style=\"font-size:11pt\"><span style=\"line-height:normal\"><span style=\"font-family:Calibri,sans-serif\"><a href=\"https:\/\/eixos.com.br\/politica\/meio-ambiente\/sem-acordo-negociacoes-de-tratado-sobre-poluicao-por-plasticos-fica-para-2025\/?utm_source=newsletters+eixos&amp;utm_campaign=ceb12cf9d7-EMAIL_CAMPAIGN_2024_12_02_11_38&amp;utm_medium=email&amp;utm_term=0_-ceb12cf9d7-466362780\" style=\"color:blue; text-decoration:underline\"><span style=\"font-size:14.0pt\">Sem acordo, negocia&ccedil;&atilde;o de tratado sobre polui&ccedil;&atilde;o por pl&aacute;sticos fica para 2025<\/span><\/a><\/span><\/span><\/span><\/p>\r\n\r\n<p style=\"text-align:justify\"><span style=\"font-size:11pt\"><span style=\"line-height:normal\"><span style=\"font-family:Calibri,sans-serif\"><a href=\"https:\/\/exame.com\/esg\/ancat-inaugura-hub-do-plastico-a-maior-planta-de-gestao-de-plasticos-da-america-latina\/\" style=\"color:blue; text-decoration:underline\"><span style=\"font-size:14.0pt\">ANCAT inaugura hub do pl&aacute;stico, a maior planta de gest&atilde;o de pl&aacute;sticos da Am&eacute;rica Latina<\/span><\/a><\/span><\/span><\/span><\/p>\r\n\r\n<p style=\"text-align:justify\"><span style=\"font-size:11pt\"><span style=\"line-height:normal\"><span style=\"font-family:Calibri,sans-serif\"><a href=\"https:\/\/www.sulbahianews.com.br\/alunos-do-colegio-henrique-brito-levam-a-ciencia-para-a-pratica-e-conquistam-a-feciba\/\" style=\"color:blue; text-decoration:underline\"><span style=\"font-size:14.0pt\">Reciclagem de fraldas: Alunos do Col&eacute;gio Henrique Brito levam a ci&ecirc;ncia para a pr&aacute;tica e conquistam a FECIBA<\/span><\/a><\/span><\/span><\/span><\/p>\r\n\r\n<p style=\"text-align:justify\"><span style=\"font-size:11pt\"><span style=\"line-height:normal\"><span style=\"font-family:Calibri,sans-serif\"><a href=\"http:\/\/emkt.grandesconstrucoes.com.br\/emkt\/tracer\/?2,8666878,260ba16a,f876,16\" style=\"color:blue; text-decoration:underline\"><span style=\"font-size:14.0pt\">Empresas e ind&uacute;strias adotam solu&ccedil;&otilde;es sustent&aacute;veis para reduzir impacto ambiental<\/span><\/a><\/span><\/span><\/span><\/p>\r\n\r\n<p style=\"text-align:justify\"><span style=\"font-size:11pt\"><span style=\"line-height:normal\"><span style=\"font-family:Calibri,sans-serif\"><a href=\"https:\/\/brasil61.com\/n\/saneamento-basico-estudo-aponta-estados-com-maior-risco-no-abastecimento-de-agua-bras2413072\" style=\"color:blue; text-decoration:underline\"><span style=\"font-size:14.0pt\">Saneamento b&aacute;sico: estudo aponta estados com maior risco no abastecimento de &aacute;gua<\/span><\/a><\/span><\/span><\/span><\/p>\r\n\r\n<p style=\"text-align:justify\"><span style=\"font-size:28pt\"><span style=\"font-family:Cambria,serif\"><span style=\"letter-spacing:-0.5pt\"><b><span style=\"font-size:18.0pt\"><span style=\"font-family:&quot;Calibri&quot;,sans-serif\"><span style=\"font-variant:small-caps\">Inova&ccedil;&atilde;o<\/span><\/span><\/span><\/b><\/span><\/span><\/span><\/p>\r\n\r\n<p style=\"text-align:justify\"><span style=\"font-size:11pt\"><span style=\"line-height:normal\"><span style=\"font-family:Calibri,sans-serif\"><a href=\"https:\/\/www.inovacaotecnologica.com.br\/noticias\/noticia.php?artigo=tecidos-revestidos-giz-ficam-ainda-mais-frios-ambientes-urbanos&amp;id=010160241202&amp;ebol=sim\" style=\"color:blue; text-decoration:underline\"><span style=\"font-size:14.0pt\">Tecidos revestidos de giz ficam ainda mais frios em ambientes urbanos<\/span><\/a><\/span><\/span><\/span><\/p>\r\n\r\n<p style=\"text-align:justify\"><span style=\"font-size:11pt\"><span style=\"line-height:normal\"><span style=\"font-family:Calibri,sans-serif\"><a href=\"https:\/\/www.innovationintextiles.com\/partners-build-on-partnership-for-plga-production\/\" style=\"color:blue; text-decoration:underline\"><span lang=\"ES-AR\" style=\"font-size:14.0pt\">Fibres\/Yarns\/Fabrics: Partners build on partnership for PLGA production<\/span><\/a><\/span><\/span><\/span><\/p>\r\n\r\n<p style=\"text-align:justify\"><span style=\"font-size:11pt\"><span style=\"line-height:normal\"><span style=\"font-family:Calibri,sans-serif\"><a href=\"https:\/\/www.terra.com.br\/economia\/cba-desenvolve-tecnologia-de-reciclagem-de-embalagem-de-plastico-e-aluminio,25ecf30105213a9e9f3d95d22921ffbcy3zbwl90.html\" style=\"color:blue; text-decoration:underline\"><span style=\"font-size:14.0pt\">CBA desenvolve tecnologia de reciclagem de embalagem de pl&aacute;stico e alum&iacute;nio<\/span><\/a><\/span><\/span><\/span><\/p>\r\n\r\n<p style=\"text-align:justify\"><span style=\"font-size:28pt\"><span style=\"font-family:Cambria,serif\"><span style=\"letter-spacing:-0.5pt\"><b><span style=\"font-size:18.0pt\"><span style=\"font-family:&quot;Calibri&quot;,sans-serif\"><span style=\"font-variant:small-caps\">Com&eacute;rcio Exterior<\/span><\/span><\/span><\/b><\/span><\/span><\/span><\/p>\r\n\r\n<p style=\"text-align:justify\"><span style=\"font-size:11pt\"><span style=\"line-height:normal\"><span style=\"font-family:Calibri,sans-serif\"><a href=\"https:\/\/tn.com.ar\/politica\/2024\/11\/28\/javier-milei-analiza-salir-del-mercosur-para-firmar-tratados-de-libre-comercio-con-otros-paises\/\" style=\"color:blue; text-decoration:underline\"><span style=\"font-size:14.0pt\">Javier Milei analiza salir del Mercosur para firmar tratados de libre comercio con otros pa&iacute;ses<\/span><\/a><\/span><\/span><\/span><\/p>\r\n\r\n<p style=\"text-align:justify\"><span style=\"font-size:11pt\"><span style=\"line-height:normal\"><span style=\"font-family:Calibri,sans-serif\"><a href=\"https:\/\/www.moneytimes.com.br\/lula-pretende-assinar-acordo-mercosul-ue-ainda-este-ano-deputado-da-franca-compara-carne-do-brasil-a-lixo-pads\/\" style=\"color:blue; text-decoration:underline\"><span style=\"font-size:14.0pt\">Lula pretende assinar acordo Mercosul-UE ainda este ano<\/span><\/a><\/span><\/span><\/span><\/p>\r\n\r\n<p style=\"text-align:justify\"><span style=\"font-size:11pt\"><span style=\"line-height:normal\"><span style=\"font-family:Calibri,sans-serif\"><a href=\"https:\/\/www.mercosur.int\/pt-br\/terceira-rodada-de-negociacoes-entre-o-mercosul-e-os-emirados-arabes-unidos-termina-com-importantes-avancos\/\" style=\"color:blue; text-decoration:underline\"><span style=\"font-size:14.0pt\">Terceira Rodada de Negocia&ccedil;&otilde;es entre o Mercosul e os Emirados &Aacute;rabes Unidos termina com importantes avan&ccedil;os<\/span><\/a><\/span><\/span><\/span><\/p>\r\n\r\n<p style=\"text-align:justify\"><span style=\"font-size:28pt\"><span style=\"font-family:Cambria,serif\"><span style=\"letter-spacing:-0.5pt\"><b><span style=\"font-size:18.0pt\"><span style=\"font-family:&quot;Calibri&quot;,sans-serif\"><span style=\"font-variant:small-caps\">Economia<\/span><\/span><\/span><\/b><\/span><\/span><\/span><\/p>\r\n\r\n<p style=\"text-align:justify\"><span style=\"font-size:11pt\"><span style=\"line-height:normal\"><span style=\"font-family:Calibri,sans-serif\"><a href=\"https:\/\/www.bcb.gov.br\/content\/focus\/focus\/R20241129.pdf\" style=\"color:blue; text-decoration:underline\"><span style=\"font-size:14.0pt\">Focus - Relat&oacute;rio de Mercado<\/span><\/a><\/span><\/span><\/span><\/p>\r\n\r\n<p style=\"text-align:justify\"><span style=\"font-size:11pt\"><span style=\"line-height:normal\"><span style=\"font-family:Calibri,sans-serif\"><a href=\"https:\/\/www.bcb.gov.br\/content\/controleinflacao\/focusdistribuicoesfrequencia\/P20241202-Focus-Distribuicoes-de-frequencia.pdf\" style=\"color:blue; text-decoration:underline\"><span style=\"font-size:14.0pt\">Distribui&ccedil;&otilde;es de Frequ&ecirc;ncia Expectativas de Mercado<\/span><\/a><\/span><\/span><\/span><\/p>\r\n\r\n<p style=\"text-align:justify\"><span style=\"font-size:11pt\"><span style=\"line-height:normal\"><span style=\"font-family:Calibri,sans-serif\"><a href=\"https:\/\/phvox.com.br\/dolar-dispara-no-brasil-com-a-rejeicao-do-mercado-ao-novo-pacote-fiscal-de-lula\/\" style=\"color:blue; text-decoration:underline\"><span style=\"font-size:14.0pt\">D&oacute;lar dispara no Brasil com a rejei&ccedil;&atilde;o do mercado ao novo pacote fiscal de Lula<\/span><\/a><\/span><\/span><\/span><\/p>\r\n\r\n<p style=\"text-align:justify\"><span style=\"font-size:11pt\"><span style=\"line-height:normal\"><span style=\"font-family:Calibri,sans-serif\"><a href=\"https:\/\/mercadoeconsumo.com.br\/03\/12\/2024\/noticias\/ceos-estao-recuperando-a-confianca-na-economia-global\/?utm_campaign=news_geral_-_0312&amp;utm_medium=email&amp;utm_source=RD+Station\" style=\"color:blue; text-decoration:underline\"><span style=\"font-size:14.0pt\">CEOs est&atilde;o recuperando a confian&ccedil;a na economia global<\/span><\/a><\/span><\/span><\/span><\/p>\r\n\r\n<p style=\"text-align:justify\"><span style=\"font-size:11pt\"><span style=\"line-height:normal\"><span style=\"font-family:Calibri,sans-serif\"><a href=\"https:\/\/www.gov.br\/mdic\/pt-br\/assuntos\/noticias\/2024\/novembro\/avanco-de-seis-agendas-estrategicas-pode-reduzir-em-r-530-bi-o-custo-brasil\" style=\"color:blue; text-decoration:underline\"><span style=\"font-size:14.0pt\">Avan&ccedil;o de seis agendas estrat&eacute;gicas pode reduzir em R$ 530 bi o Custo Brasil<\/span><\/a><\/span><\/span><\/span><\/p>\r\n\r\n<p style=\"text-align:justify\"><span style=\"font-size:11pt\"><span style=\"line-height:normal\"><span style=\"font-family:Calibri,sans-serif\"><a href=\"https:\/\/mercadoeconsumo.com.br\/29\/11\/2024\/artigos\/inflacao-e-estrategias-fiscais-o-brasil-e-os-eua-no-tabuleiro-economico-global-de-2024-2025\/?utm_campaign=news_geral_-_2911&amp;utm_medium=email&amp;utm_source=RD+Station\" style=\"color:blue; text-decoration:underline\"><span style=\"font-size:14.0pt\">Infla&ccedil;&atilde;o e estrat&eacute;gias fiscais: o Brasil e os EUA no tabuleiro econ&ocirc;mico global de 2024-2025<\/span><\/a><\/span><\/span><\/span><\/p>\r\n\r\n<p style=\"text-align:justify\"><span style=\"font-size:11.0pt\"><span style=\"line-height:115%\"><span style=\"font-family:&quot;Calibri&quot;,sans-serif\"><a href=\"https:\/\/grandesconstrucoes.com.br\/Noticias\/Exibir\/indice-nacional-de-custo-da-construcao-sobe-044-em-novembro?utm_source=akna&amp;utm_medium=email&amp;utm_campaign=Grandes-Construcoes-Informativo-940-28-11-2024&amp;utm_source=akna&amp;utm_medium=email&amp;utm_campaign=Grandes-Construcoes-Informativo-940-28-11-2024\" style=\"color:blue; text-decoration:underline\"><span style=\"font-size:14.0pt\"><span style=\"line-height:115%\">&Iacute;ndice Nacional de Custo da Constru&ccedil;&atilde;o sobe 0,44% em novembro<\/span><\/span><\/a><\/span><\/span><\/span><\/p>\r\n\r\n<p style=\"text-align:justify\"><img src=\"https:\/\/www.abint.org.br\/assets\/img\/editor\/redes-sociais-abint-ctg-cth_20241122162347XYKDGLERpE.jpg\" \/><\/p>\r\n","6":"<p style=\"text-align:justify\"><span style=\"font-size:11pt\"><span style=\"line-height:normal\"><span style=\"font-family:Calibri,sans-serif\"><span style=\"font-size:14.0pt\">Esta &eacute; uma compila&ccedil;&atilde;o das not&iacute;cias mais relevantes para o setor, incluindo informa&ccedil;&otilde;es sobre acordos internacionais, economia brasileira, sustentabilidade e mat&eacute;rias primas, al&eacute;m de novidades do setor de N&atilde;otecidos e Tecidos T&eacute;cnicos.<\/span><\/span><\/span><\/span><\/p>\r\n\r\n<p style=\"text-align:justify\"><b><span style=\"font-size:18.0pt\"><span style=\"line-height:115%\"><span style=\"font-family:&quot;Calibri&quot;,sans-serif\"><span style=\"font-variant:small-caps\">O que vem por a&iacute;<\/span><\/span><\/span><\/span><\/b><\/p>\r\n\r\n<p style=\"text-align:justify\"><img src=\"https:\/\/www.abint.org.br\/assets\/img\/editor\/logo-ctg-abint-png_20241122161741dCrnhosyUL.png\" style=\"width: 300px; height: 55px;\" \/><\/p>\r\n\r\n<p style=\"text-align:justify\">&nbsp;<\/p>\r\n\r\n<p style=\"text-align:justify\"><img src=\"https:\/\/www.abint.org.br\/assets\/img\/editor\/20241203-live-ctg-instagram-thiago-zanon_20241122161840ipzIkX8zHP.jpg\" style=\"width: 500px; height: 500px;\" \/><\/p>\r\n\r\n<p class=\"MsoTitle\" style=\"text-align:justify\"><span style=\"font-size:28pt\"><span style=\"font-family:Cambria,serif\"><span style=\"letter-spacing:-0.5pt\"><b><span lang=\"EN-US\" style=\"font-size:18.0pt\"><span style=\"font-family:&quot;Calibri&quot;,sans-serif\"><span style=\"font-variant:small-caps\">Not&iacute;cias das Associadas<\/span><\/span><\/span><\/b><\/span><\/span><\/span><\/p>\r\n\r\n<p style=\"text-align:justify\"><span style=\"font-size:11pt\"><span style=\"line-height:normal\"><span style=\"font-family:Calibri,sans-serif\"><a href=\"https:\/\/www.innovationintextiles.com\/andritz-to-draw-up-plans-for-first-circ-recycling-plant\/\" style=\"color:blue; text-decoration:underline\"><span lang=\"EN-US\" style=\"font-size:14.0pt\">Andritz to draw up plans for first Circ recycling plant<\/span><\/a><\/span><\/span><\/span><\/p>\r\n\r\n<p style=\"text-align:justify\"><span style=\"font-size:11pt\"><span style=\"line-height:normal\"><span style=\"font-family:Calibri,sans-serif\"><a href=\"https:\/\/www.nonwovens-industry.com\/contents\/view_breaking-news\/2024-11-22\/andritz-perfojet-celebrates-40th-anniversary?utm_campaign=NON+eNewsletter&amp;utm_medium=email&amp;_hsenc=p2ANqtz-87xf_io11g_hHAoZir3kcC1bKUT5emSdrhfd2J9PTr-bafeaM8DazfYZcXN9LAjnYLehzRtLCuoSGghwYY_GM2bzkJlQ&amp;_hsmi=335925990&amp;utm_content=335925990&amp;utm_source=hs_email\" style=\"color:blue; text-decoration:underline\"><span lang=\"EN-US\" style=\"font-size:14.0pt\">Andritz Perfojet Celebrates 40th Anniversary<\/span><\/a> <\/span><\/span><\/span><\/p>\r\n\r\n<p style=\"text-align:justify\"><span style=\"font-size:11pt\"><span style=\"line-height:normal\"><span style=\"font-family:Calibri,sans-serif\"><a href=\"https:\/\/www.nonwovens-industry.com\/buyersguide\/profile\/fitesa-786114\/buyersguide\/13345?advertiser=93734_NON_eNL_3rd-Position-Native-Ad_Title&amp;utm_campaign=NON+eNewsletter&amp;utm_medium=email&amp;_hsenc=p2ANqtz-9WBPVgDR73ylpCOFoJIs7lnoSfcOFu2EMIaQ3RA847mCw_hW0VGInWTtOFjFMWKF09OTJgxkHFPI_oGpECd3sJleW-IA&amp;_hsmi=335925990&amp;utm_content=335925990&amp;utm_source=hs_email\" style=\"color:blue; text-decoration:underline\"><span lang=\"EN-US\" style=\"font-size:14.0pt\">Fitesa is one of the world&rsquo;s largest spunmelt nonwoven manufacturers.<\/span><\/a><\/span><\/span><\/span><\/p>\r\n\r\n<p style=\"text-align:justify\"><span style=\"font-size:11pt\"><span style=\"line-height:normal\"><span style=\"font-family:Calibri,sans-serif\"><a href=\"https:\/\/www.nonwovens-industry.com\/contents\/view_breaking-news\/2024-11-26\/freudenberg-invests-in-bioactive-nonwovens?utm_campaign=NON+eNewsletter&amp;utm_medium=email&amp;_hsenc=p2ANqtz-9xrTZeFLJoEuLPP1SE7T8RMtewFYKnI0t17L_gjrNtrhS7xDZhz7QbktucEu6VXW9S4vLRm2toOXpKn_tuyrwGwMlObQ&amp;_hsmi=335925990&amp;utm_content=335925990&amp;utm_source=hs_email\" style=\"color:blue; text-decoration:underline\"><span style=\"font-size:14.0pt\">Freudenberg Invests in Bioactive Nonwovens<\/span><\/a><\/span><\/span><\/span><\/p>\r\n\r\n<p style=\"text-align:justify\"><span style=\"font-size:11pt\"><span style=\"line-height:normal\"><span style=\"font-family:Calibri,sans-serif\"><a href=\"https:\/\/www.aecweb.com.br\/empresa\/maccaferri\/2786\/conteudo\/jardim-de-conjunto-empresarial-ganha-impermeabilizacao-e-drenagem-eficientes\/4126\" style=\"color:blue; text-decoration:underline\"><span style=\"font-size:14.0pt\">Maccaferri: Jardim de conjunto empresarial ganha impermeabiliza&ccedil;&atilde;o e drenagem eficientes<\/span><\/a><\/span><\/span><\/span><\/p>\r\n\r\n<p style=\"text-align:justify\"><span style=\"font-size:11pt\"><span style=\"line-height:normal\"><span style=\"font-family:Calibri,sans-serif\"><a href=\"https:\/\/www.innovationintextiles.com\/itmaconnect-spotlight-on-nonwovens-recycling\/\" style=\"color:blue; text-decoration:underline\"><span lang=\"EN-US\" style=\"font-size:14.0pt\">Nonwovens\/\u200bConverting: ITMAconnect spotlight on nonwovens recycling<\/span><\/a><\/span><\/span><\/span><\/p>\r\n\r\n<p style=\"text-align:justify\">&nbsp;<\/p>\r\n\r\n<p style=\"text-align:justify\"><span style=\"font-size:11pt\"><span style=\"line-height:normal\"><span style=\"font-family:Calibri,sans-serif\"><b><span style=\"font-size:18.0pt\"><span style=\"font-variant:small-caps\">Eventos<\/span><\/span><\/b><\/span><\/span><\/span><\/p>\r\n\r\n<p style=\"text-align:justify\"><span style=\"font-size:11pt\"><span style=\"line-height:normal\"><span style=\"font-family:Calibri,sans-serif\"><a href=\"https:\/\/www.abrafiltros.org.br\/cursos\/\" style=\"color:blue; text-decoration:underline\"><b><span style=\"font-size:14.0pt\">Cursos Abrafiltros | Automatiza&ccedil;&atilde;o de Filtros de Manga<\/span><\/b><\/a><\/span><\/span><\/span><\/p>\r\n\r\n<p style=\"text-align:justify\"><span style=\"font-size:11pt\"><span style=\"line-height:normal\"><span style=\"font-family:Calibri,sans-serif\"><a href=\"https:\/\/en.industryarena.com\/vdma-textile-machinery\/webinars\/1373899490\" style=\"color:blue; text-decoration:underline\"><b><span lang=\"EN-US\" style=\"font-size:14.0pt\">VDMA Textile Machinery Webtalk with EDANA, ANDRITZ Nonwoven and Textile and Megapaca-Novafiber | &quot;Create valuable nonwovens from textile waste&quot;<\/span><\/b><\/a><span lang=\"EN-US\" style=\"font-size:14.0pt\">, December 5, 2024, 2:00 PM CET <\/span><\/span><\/span><\/span><\/p>\r\n\r\n<p style=\"text-align:justify\"><span style=\"font-size:11pt\"><span style=\"line-height:normal\"><span style=\"font-family:Calibri,sans-serif\"><a href=\"https:\/\/app.rdstation.email\/mail\/d777f370-3f7b-468e-b105-8c5f472668a6?utm_campaign=convite_workshop_cyberseguranca_-_reenvio_22112024&amp;utm_medium=email&amp;utm_source=RD+Station\" style=\"color:blue; text-decoration:underline\"><b><span style=\"font-size:14.0pt\">Workshop Abit | Seguran&ccedil;a Cibern&eacute;tica e Intelig&ecirc;ncia Artificial<\/span><\/b><\/a><span style=\"font-size:14.0pt\">, 05 de dezembro de 2024, 09h &agrave;s 11h, evento online<\/span><\/span><\/span><\/span><\/p>\r\n\r\n<p style=\"text-align:justify\"><span style=\"font-size:11pt\"><span style=\"line-height:normal\"><span style=\"font-family:Calibri,sans-serif\"><a href=\"https:\/\/send.neopixdmi.com\/index.php\/campaigns\/as827ezfoq9af\/web-version\/mh045xn88n9c0\" style=\"color:blue; text-decoration:underline\"><b><span style=\"font-size:14.0pt\">VI Semin&aacute;rio Meio Ambiente, Saneamento e Sustentabilidade - ASEC, ABES-SP e AESabesp<\/span><\/b><\/a><span style=\"font-size:14.0pt\">, de 10 a 12 de dezembro de 2024, as 9h &agrave;s 16h30, Audit&oacute;rio Augusto Ruschi, Cetesb, S&atilde;o Paulo, SP.<\/span><\/span><\/span><\/span><\/p>\r\n\r\n<p style=\"text-align:justify\"><span style=\"font-size:11pt\"><span style=\"line-height:normal\"><span style=\"font-family:Calibri,sans-serif\"><a href=\"https:\/\/evento.fgv.br\/seminariodeanalise_1712\/\" style=\"color:blue; text-decoration:underline\"><b><span style=\"font-size:14.0pt\">Webinar FGV IBRE | IV Semin&aacute;rio de An&aacute;lise Conjuntural<\/span><\/b><\/a><span style=\"font-size:14.0pt\">, 17 de dezembro de 2024, 10h00 &agrave;s 11h30, Transmiss&atilde;o YouTube FGV<\/span><\/span><\/span><\/span><\/p>\r\n\r\n<p style=\"text-align:justify\"><span style=\"font-size:11pt\"><span style=\"line-height:normal\"><span style=\"font-family:Calibri,sans-serif\"><a href=\"https:\/\/www.fimec.com.br\/\" style=\"color:blue; text-decoration:underline\"><b><span style=\"font-size:14.0pt\">Fimec 2025<\/span><\/b><\/a><span style=\"font-size:14.0pt\">, 18 a 20 de mar&ccedil;o, Fenac, Novo Hamburgo, RS<\/span><\/span><\/span><\/span><\/p>\r\n\r\n<p style=\"text-align:justify\"><span style=\"font-size:11pt\"><span style=\"line-height:normal\"><span style=\"font-family:Calibri,sans-serif\"><a href=\"https:\/\/www.plasticobrasil.com.br\/pt\/home.html\" style=\"color:blue; text-decoration:underline\"><b><span style=\"font-size:14.0pt\">Feira Pl&aacute;stico Brasil<\/span><\/b><\/a><span style=\"font-size:14.0pt\">, de 24 a 28 de mar&ccedil;o de 2025, das 10h &agrave;s 19h, S&atilde;o Paulo Expo, Rodovia dos Imigrantes, km 1,5<\/span><\/span><\/span><\/span><\/p>\r\n\r\n<p style=\"text-align:justify\"><span style=\"font-size:11pt\"><span style=\"line-height:normal\"><span style=\"font-family:Calibri,sans-serif\"><a href=\"https:\/\/ideashow.org\/\" style=\"color:blue; text-decoration:underline\"><b><span lang=\"EN-US\" style=\"font-size:14.0pt\">IDEA25<\/span><\/b><\/a><span lang=\"EN-US\" style=\"font-size:14.0pt\">, April 29-May 1, 2025, Miami Beach Convention Center, Miami Beach, Florida<\/span><\/span><\/span><\/span><\/p>\r\n\r\n<p style=\"text-align:justify\"><span style=\"font-size:11pt\"><span style=\"line-height:normal\"><span style=\"font-family:Calibri,sans-serif\"><a href=\"https:\/\/www.conbrava.com.br\/\" style=\"color:blue; text-decoration:underline\"><b><span style=\"font-size:14.0pt\">CONBRAVA 2025<\/span><\/b><\/a><span style=\"font-size:14.0pt\">, 10 a 12 de setembro de 2025, S&atilde;o Paulo Expo, Rodovia dos Imigrantes, km 1,5<\/span><\/span><\/span><\/span><\/p>\r\n\r\n<p style=\"text-align:justify\"><span style=\"font-size:11pt\"><span style=\"line-height:normal\"><span style=\"font-family:Calibri,sans-serif\"><b><span style=\"font-size:14.0pt\">17&ordm; Congresso Brasileiro de Enfermagem em Centro Cir&uacute;rgico: &ldquo;O poder de cuidar&rdquo;<\/span><\/b><span style=\"font-size:14.0pt\">, 01 a 03 de outubro de 2025, Transamerica Expo Center, S&atilde;o Paulo, SP<\/span><\/span><\/span><\/span><\/p>\r\n\r\n<p style=\"text-align:justify\"><span style=\"font-size:11pt\"><span style=\"line-height:normal\"><span style=\"font-family:Calibri,sans-serif\"><a href=\"https:\/\/hospitalmed.com.br\/feira\/\" style=\"color:blue; text-decoration:underline\"><b><span style=\"font-size:14.0pt\">HospitalMed 2025<\/span><\/b><\/a><span style=\"font-size:14.0pt\">, 22 a 24 de outubro, Pernambuco Centro de Conven&ccedil;&otilde;es, Olinda<\/span><\/span><\/span><\/span><\/p>\r\n\r\n<p style=\"text-align:justify\"><span style=\"font-size:28pt\"><span style=\"font-family:Cambria,serif\"><span style=\"letter-spacing:-0.5pt\"><b><span style=\"font-size:18.0pt\"><span style=\"font-family:&quot;Calibri&quot;,sans-serif\"><span style=\"font-variant:small-caps\">Setor<\/span><\/span><\/span><\/b><\/span><\/span><\/span><\/p>\r\n\r\n<p style=\"text-align:justify\"><span style=\"font-size:11pt\"><span style=\"line-height:normal\"><span style=\"font-family:Calibri,sans-serif\"><a href=\"https:\/\/www.globenewswire.com\/news-release\/2024\/11\/28\/2988483\/0\/en\/Medical-Nonwoven-Market-is-Forecasted-to-Reach-US-2-1-Billion-in-2030-Says-Stratview-Research.html\" style=\"color:blue; text-decoration:underline\"><span style=\"font-size:14.0pt\">O mercado de n&atilde;o tecidos m&eacute;dicos deve atingir US$ 2,1 bilh&otilde;es em 2030, diz a Stratview Research<\/span><\/a><\/span><\/span><\/span><\/p>\r\n\r\n<p style=\"text-align:justify\"><span style=\"font-size:11pt\"><span style=\"line-height:normal\"><span style=\"font-family:Calibri,sans-serif\"><a href=\"https:\/\/www.fibre2fashion.com\/news\/technical-textiles\/nonwoven-production-grows-at-5-4-annually-from-2013-to-2023-report-299245-newsdetails.htm\" style=\"color:blue; text-decoration:underline\"><span lang=\"EN-US\" style=\"font-size:14.0pt\">Nonwoven production grows at 5.4% annually from 2013 to 2023: Report<\/span><\/a><\/span><\/span><\/span><\/p>\r\n\r\n<p style=\"text-align:justify\"><span style=\"font-size:11pt\"><span style=\"line-height:normal\"><span style=\"font-family:Calibri,sans-serif\"><a href=\"https:\/\/www.innovationintextiles.com\/impressive-growth-in-nonwovens-production\/\" style=\"color:blue; text-decoration:underline\"><span lang=\"EN-US\" style=\"font-size:14.0pt\">Nonwovens\/Converting: Impressive growth in nonwovens production<\/span><\/a><\/span><\/span><\/span><\/p>\r\n\r\n<p style=\"text-align:justify\"><span style=\"font-size:11pt\"><span style=\"line-height:normal\"><span style=\"font-family:Calibri,sans-serif\"><a href=\"https:\/\/www.nonwovens-industry.com\/contents\/view_breaking-news\/2024-11-26\/president-announces-limited-trade-actions-on-fine-denier-polyester-staple-fiber\/15303\" style=\"color:blue; text-decoration:underline\"><span lang=\"EN-US\" style=\"font-size:14.0pt\">EUA: President Announces Limited Trade Actions on Fine-Denier Polyester Staple Fiber<\/span><\/a><\/span><\/span><\/span><\/p>\r\n\r\n<p style=\"text-align:justify\"><span style=\"font-size:11pt\"><span style=\"line-height:normal\"><span style=\"font-family:Calibri,sans-serif\"><a href=\"https:\/\/mercadoeconsumo.com.br\/28\/11\/2024\/economia\/setor-de-vestuario-perde-r-84-bilhoes-para-a-pirataria\/?utm_campaign=news_geral_-_2811&amp;utm_medium=email&amp;utm_source=RD+Station\" style=\"color:blue; text-decoration:underline\"><span style=\"font-size:14.0pt\">Setor de vestu&aacute;rio perde R$ 84 bilh&otilde;es para a pirataria<\/span><\/a><\/span><\/span><\/span><\/p>\r\n\r\n<p style=\"text-align:justify\"><span style=\"font-size:11pt\"><span style=\"line-height:normal\"><span style=\"font-family:Calibri,sans-serif\"><a href=\"https:\/\/thinkplasticbrazil.com\/think-plastic-brazil-lanca-nova-edicao-do-international-yearbook-guia-com-mais-de-250-empresas-brasileiras-do-setor-plastico\/?utm_campaign=tpb__newsletter__portugues__novembro&amp;utm_medium=email&amp;utm_source=RD+Station\" style=\"color:blue; text-decoration:underline\"><span style=\"font-size:14.0pt\">Think Plastic Brazil lan&ccedil;a nova edi&ccedil;&atilde;o do International Yearbook, guia com mais de 250 empresas brasileiras do setor pl&aacute;stico<\/span><\/a><\/span><\/span><\/span><\/p>\r\n\r\n<p style=\"text-align:justify\"><span style=\"font-size:11pt\"><span style=\"line-height:normal\"><span style=\"font-family:Calibri,sans-serif\"><a href=\"https:\/\/www.youtube.com\/watch?v=zxCJn7RUZFk\" style=\"color:blue; text-decoration:underline\"><span style=\"font-size:14.0pt\">Abra Talks 2024 - 18&ordm; Epis&oacute;dio: &quot;An&aacute;lise do cen&aacute;rio econ&ocirc;mico e as perspectivas para 2025&quot;<\/span><\/a><\/span><\/span><\/span><\/p>\r\n\r\n<p style=\"text-align:justify\"><span style=\"font-size:11pt\"><span style=\"line-height:normal\"><span style=\"font-family:Calibri,sans-serif\"><a href=\"https:\/\/t.rdsv2.net\/ls\/click?upn=u001.SJ-2BHbcLStyE5mTD5OK48sq2JxFfkhvQ6eAz6nLBcupWgZTbmjEYNsVQoUDEYBB2CzbCdrF3cmirEPn1IBnZLQxAL6YOPcBZLawrxd8mUWm5-2FECOrok9vaOhPppOAIEuLnqPpb3yI-2Fxzl2fBLhz9jVx-2FqGpeAh356ceeVBHKlY7nmxlO0e5vuINjzn2RdUgc-2B3kZUmSSvL-2FIhi7anwF0QYHkC-2F-2BA9s6QrjISc5eDWOBOSuq8QM1ZRCfsodYsTW5N5QXdCytILxu2d6-2FQnpBc1JQ-3D-3D8Etv_T7N8BvZTOm04CQQMiyWztrpCjlUrRc4F7QzSgUIpTqB5Yk-2Bt7YhUyk7lZRXmbFFsi-2Foe1q0kuwsCjfsBOqL9ZeKwOqG7ApazixuGEP6Z5SJuFg5bm15p-2FcAKNI6-2BqjB-2BXOhJQgmjhTH9SBEk15do4QQLGeIt9TEICDVHZWvMlEEKcaSW-2FpSJmIgkQw4hnKJm6oDf3PgcqdkdljOAZLvjrLnRL-2Bfkq5tMvLsSCyt1pR2ifcUVPBe7CUDI-2BeL2Ui8qOqtU3NxfOPu2f1bmGrpa7Lz9cMBv6CipltTntPP-2FCMD5JwZ-2FgJTVJHFV4dya-2BIcDR9zkpyA9BpAAveKJsrGt3bOp5-2BE9Q-2BU9WT3Fuw03LORMb4OS-2F3UGOJp-2FDbN4HqW6yREmHhE-2BVLwgDdQGyTZgYV75WqTfsmwFITu7wLNo4jKQE9-2FIITZycrG9294hsLEkxdyYG5bsB36EMypvkpX0fmZBkjJdB998plraONQ6ggZ-2FeDbGp69AjX87y4bgYSHwoW-2Bjze7JoP-2FbmmuL-2BVVmwATGXgnhfQc3zsTBoiZR3ePHsr-2F2H8AKVdHPqDLS1Tp6ws8bmWDqEYV-2FE4-2Bc3gaVUz4o-2FYwzMkgpCfUUSHaCGNda8rRWQ-2FqyvQxLdtcj8PVS-2FAlXG9qBbSfsuwDtBfsbtg-3D-3D\" style=\"color:blue; text-decoration:underline\"><span style=\"font-size:14.0pt\">Kimberly-Clark assina protocolo de inten&ccedil;&otilde;es para moderniza&ccedil;&atilde;o da f&aacute;brica de Cama&ccedil;ari<\/span><\/a><\/span><\/span><\/span><\/p>\r\n\r\n<p style=\"text-align:justify\"><span style=\"font-size:28pt\"><span style=\"font-family:Cambria,serif\"><span style=\"letter-spacing:-0.5pt\"><b><span style=\"font-size:18.0pt\"><span style=\"font-family:&quot;Calibri&quot;,sans-serif\"><span style=\"font-variant:small-caps\">Ind&uacute;stria<\/span><\/span><\/span><\/b><\/span><\/span><\/span><\/p>\r\n\r\n<p style=\"text-align:justify\"><span style=\"font-size:11pt\"><span style=\"line-height:normal\"><span style=\"font-family:Calibri,sans-serif\"><a href=\"https:\/\/www.portaldapropaganda.com.br\/noticias\/30216\/vamos-falar-sobre-plastico-abiquim-incentiva-sustentabilidade-e-reciclagem\/\" style=\"color:blue; text-decoration:underline\"><span style=\"font-size:14.0pt\">&ldquo;Vamos falar sobre pl&aacute;stico&rdquo;: ABIQUIM incentiva sustentabilidade e reciclagem<\/span><\/a><\/span><\/span><\/span><\/p>\r\n\r\n<p style=\"text-align:justify\"><span style=\"font-size:11pt\"><span style=\"line-height:normal\"><span style=\"font-family:Calibri,sans-serif\"><a href=\"https:\/\/www.jb.com.br\/brasil\/meio-ambiente\/2024\/12\/1053189-ex-secretario-de-bolsonaro-barra-proposta-brasileira-na-onu-sobre-poluicao-plastica.html\" style=\"color:blue; text-decoration:underline\"><span style=\"font-size:14.0pt\">Ex-secret&aacute;rio de Bolsonaro barra proposta brasileira na ONU sobre polui&ccedil;&atilde;o pl&aacute;stica<\/span><\/a><\/span><\/span><\/span><\/p>\r\n\r\n<p style=\"text-align:justify\"><span style=\"font-size:11pt\"><span style=\"line-height:normal\"><span style=\"font-family:Calibri,sans-serif\"><a href=\"https:\/\/agenciabrasil.ebc.com.br\/economia\/noticia\/2024-11\/setor-de-maquinas-registra-crescimento-em-outubro-diz-abimaq\" style=\"color:blue; text-decoration:underline\"><span style=\"font-size:14.0pt\">Setor de m&aacute;quinas registra crescimento em outubro, diz Abimaq<\/span><\/a> <\/span><\/span><\/span><\/p>\r\n\r\n<p style=\"text-align:justify\"><span style=\"font-size:11pt\"><span style=\"line-height:normal\"><span style=\"font-family:Calibri,sans-serif\"><a href=\"https:\/\/grandesconstrucoes.com.br\/Noticias\/Exibir\/a-construcao-civil-e-fundamental-para-alavancar-a-industrializacao-no-pais?utm_source=akna&amp;utm_medium=email&amp;utm_campaign=Grandes-Construcoes-Informativo-940-28-11-2024&amp;utm_source=akna&amp;utm_medium=email&amp;utm_campaign=Grandes-Construcoes-Informativo-940-28-11-2024\" style=\"color:blue; text-decoration:underline\"><span style=\"font-size:14.0pt\">A constru&ccedil;&atilde;o civil &eacute; fundamental para alavancar a industrializa&ccedil;&atilde;o no pa&iacute;s<\/span><\/a><\/span><\/span><\/span><\/p>\r\n\r\n<p style=\"text-align:justify\"><span style=\"font-size:11pt\"><span style=\"line-height:normal\"><span style=\"font-family:Calibri,sans-serif\"><a href=\"https:\/\/noticias.portaldaindustria.com.br\/noticias\/economia\/utilizacao-da-capacidade-operacional-da-industria-da-construcao-tem-maior-patamar-para-outubro-em-11-anos\/\" style=\"color:blue; text-decoration:underline\"><span style=\"font-size:14.0pt\">Utiliza&ccedil;&atilde;o da Capacidade Operacional da ind&uacute;stria da constru&ccedil;&atilde;o tem maior patamar para outubro em 11 anos<\/span><\/a><\/span><\/span><\/span><\/p>\r\n\r\n<p style=\"text-align:justify\"><span style=\"font-size:11pt\"><span style=\"line-height:normal\"><span style=\"font-family:Calibri,sans-serif\"><a href=\"https:\/\/agenciabrasil.ebc.com.br\/politica\/noticia\/2024-11\/lula-diz-que-nao-faltara-credito-para-construcao-civil\" style=\"color:blue; text-decoration:underline\"><span style=\"font-size:14.0pt\">Lula diz que n&atilde;o faltar&aacute; cr&eacute;dito para constru&ccedil;&atilde;o civil<\/span><\/a><\/span><\/span><\/span><\/p>\r\n\r\n<p style=\"text-align:justify\"><span style=\"font-size:28pt\"><span style=\"font-family:Cambria,serif\"><span style=\"letter-spacing:-0.5pt\"><b><span style=\"font-size:18.0pt\"><span style=\"font-family:&quot;Calibri&quot;,sans-serif\"><span style=\"font-variant:small-caps\">Sustentabilidade<\/span><\/span><\/span><\/b><\/span><\/span><\/span><\/p>\r\n\r\n<p style=\"text-align:justify\"><span style=\"font-size:11pt\"><span style=\"line-height:normal\"><span style=\"font-family:Calibri,sans-serif\"><a href=\"https:\/\/eixos.com.br\/politica\/meio-ambiente\/sem-acordo-negociacoes-de-tratado-sobre-poluicao-por-plasticos-fica-para-2025\/?utm_source=newsletters+eixos&amp;utm_campaign=ceb12cf9d7-EMAIL_CAMPAIGN_2024_12_02_11_38&amp;utm_medium=email&amp;utm_term=0_-ceb12cf9d7-466362780\" style=\"color:blue; text-decoration:underline\"><span style=\"font-size:14.0pt\">Sem acordo, negocia&ccedil;&atilde;o de tratado sobre polui&ccedil;&atilde;o por pl&aacute;sticos fica para 2025<\/span><\/a><\/span><\/span><\/span><\/p>\r\n\r\n<p style=\"text-align:justify\"><span style=\"font-size:11pt\"><span style=\"line-height:normal\"><span style=\"font-family:Calibri,sans-serif\"><a href=\"https:\/\/exame.com\/esg\/ancat-inaugura-hub-do-plastico-a-maior-planta-de-gestao-de-plasticos-da-america-latina\/\" style=\"color:blue; text-decoration:underline\"><span style=\"font-size:14.0pt\">ANCAT inaugura hub do pl&aacute;stico, a maior planta de gest&atilde;o de pl&aacute;sticos da Am&eacute;rica Latina<\/span><\/a><\/span><\/span><\/span><\/p>\r\n\r\n<p style=\"text-align:justify\"><span style=\"font-size:11pt\"><span style=\"line-height:normal\"><span style=\"font-family:Calibri,sans-serif\"><a href=\"https:\/\/www.sulbahianews.com.br\/alunos-do-colegio-henrique-brito-levam-a-ciencia-para-a-pratica-e-conquistam-a-feciba\/\" style=\"color:blue; text-decoration:underline\"><span style=\"font-size:14.0pt\">Reciclagem de fraldas: Alunos do Col&eacute;gio Henrique Brito levam a ci&ecirc;ncia para a pr&aacute;tica e conquistam a FECIBA<\/span><\/a><\/span><\/span><\/span><\/p>\r\n\r\n<p style=\"text-align:justify\"><span style=\"font-size:11pt\"><span style=\"line-height:normal\"><span style=\"font-family:Calibri,sans-serif\"><a href=\"http:\/\/emkt.grandesconstrucoes.com.br\/emkt\/tracer\/?2,8666878,260ba16a,f876,16\" style=\"color:blue; text-decoration:underline\"><span style=\"font-size:14.0pt\">Empresas e ind&uacute;strias adotam solu&ccedil;&otilde;es sustent&aacute;veis para reduzir impacto ambiental<\/span><\/a><\/span><\/span><\/span><\/p>\r\n\r\n<p style=\"text-align:justify\"><span style=\"font-size:11pt\"><span style=\"line-height:normal\"><span style=\"font-family:Calibri,sans-serif\"><a href=\"https:\/\/brasil61.com\/n\/saneamento-basico-estudo-aponta-estados-com-maior-risco-no-abastecimento-de-agua-bras2413072\" style=\"color:blue; text-decoration:underline\"><span style=\"font-size:14.0pt\">Saneamento b&aacute;sico: estudo aponta estados com maior risco no abastecimento de &aacute;gua<\/span><\/a><\/span><\/span><\/span><\/p>\r\n\r\n<p style=\"text-align:justify\"><span style=\"font-size:28pt\"><span style=\"font-family:Cambria,serif\"><span style=\"letter-spacing:-0.5pt\"><b><span style=\"font-size:18.0pt\"><span style=\"font-family:&quot;Calibri&quot;,sans-serif\"><span style=\"font-variant:small-caps\">Inova&ccedil;&atilde;o<\/span><\/span><\/span><\/b><\/span><\/span><\/span><\/p>\r\n\r\n<p style=\"text-align:justify\"><span style=\"font-size:11pt\"><span style=\"line-height:normal\"><span style=\"font-family:Calibri,sans-serif\"><a href=\"https:\/\/www.inovacaotecnologica.com.br\/noticias\/noticia.php?artigo=tecidos-revestidos-giz-ficam-ainda-mais-frios-ambientes-urbanos&amp;id=010160241202&amp;ebol=sim\" style=\"color:blue; text-decoration:underline\"><span style=\"font-size:14.0pt\">Tecidos revestidos de giz ficam ainda mais frios em ambientes urbanos<\/span><\/a><\/span><\/span><\/span><\/p>\r\n\r\n<p style=\"text-align:justify\"><span style=\"font-size:11pt\"><span style=\"line-height:normal\"><span style=\"font-family:Calibri,sans-serif\"><a href=\"https:\/\/www.innovationintextiles.com\/partners-build-on-partnership-for-plga-production\/\" style=\"color:blue; text-decoration:underline\"><span lang=\"ES-AR\" style=\"font-size:14.0pt\">Fibres\/Yarns\/Fabrics: Partners build on partnership for PLGA production<\/span><\/a><\/span><\/span><\/span><\/p>\r\n\r\n<p style=\"text-align:justify\"><span style=\"font-size:11pt\"><span style=\"line-height:normal\"><span style=\"font-family:Calibri,sans-serif\"><a href=\"https:\/\/www.terra.com.br\/economia\/cba-desenvolve-tecnologia-de-reciclagem-de-embalagem-de-plastico-e-aluminio,25ecf30105213a9e9f3d95d22921ffbcy3zbwl90.html\" style=\"color:blue; text-decoration:underline\"><span style=\"font-size:14.0pt\">CBA desenvolve tecnologia de reciclagem de embalagem de pl&aacute;stico e alum&iacute;nio<\/span><\/a><\/span><\/span><\/span><\/p>\r\n\r\n<p style=\"text-align:justify\"><span style=\"font-size:28pt\"><span style=\"font-family:Cambria,serif\"><span style=\"letter-spacing:-0.5pt\"><b><span style=\"font-size:18.0pt\"><span style=\"font-family:&quot;Calibri&quot;,sans-serif\"><span style=\"font-variant:small-caps\">Com&eacute;rcio Exterior<\/span><\/span><\/span><\/b><\/span><\/span><\/span><\/p>\r\n\r\n<p style=\"text-align:justify\"><span style=\"font-size:11pt\"><span style=\"line-height:normal\"><span style=\"font-family:Calibri,sans-serif\"><a href=\"https:\/\/tn.com.ar\/politica\/2024\/11\/28\/javier-milei-analiza-salir-del-mercosur-para-firmar-tratados-de-libre-comercio-con-otros-paises\/\" style=\"color:blue; text-decoration:underline\"><span style=\"font-size:14.0pt\">Javier Milei analiza salir del Mercosur para firmar tratados de libre comercio con otros pa&iacute;ses<\/span><\/a><\/span><\/span><\/span><\/p>\r\n\r\n<p style=\"text-align:justify\"><span style=\"font-size:11pt\"><span style=\"line-height:normal\"><span style=\"font-family:Calibri,sans-serif\"><a href=\"https:\/\/www.moneytimes.com.br\/lula-pretende-assinar-acordo-mercosul-ue-ainda-este-ano-deputado-da-franca-compara-carne-do-brasil-a-lixo-pads\/\" style=\"color:blue; text-decoration:underline\"><span style=\"font-size:14.0pt\">Lula pretende assinar acordo Mercosul-UE ainda este ano<\/span><\/a><\/span><\/span><\/span><\/p>\r\n\r\n<p style=\"text-align:justify\"><span style=\"font-size:11pt\"><span style=\"line-height:normal\"><span style=\"font-family:Calibri,sans-serif\"><a href=\"https:\/\/www.mercosur.int\/pt-br\/terceira-rodada-de-negociacoes-entre-o-mercosul-e-os-emirados-arabes-unidos-termina-com-importantes-avancos\/\" style=\"color:blue; text-decoration:underline\"><span style=\"font-size:14.0pt\">Terceira Rodada de Negocia&ccedil;&otilde;es entre o Mercosul e os Emirados &Aacute;rabes Unidos termina com importantes avan&ccedil;os<\/span><\/a><\/span><\/span><\/span><\/p>\r\n\r\n<p style=\"text-align:justify\"><span style=\"font-size:28pt\"><span style=\"font-family:Cambria,serif\"><span style=\"letter-spacing:-0.5pt\"><b><span style=\"font-size:18.0pt\"><span style=\"font-family:&quot;Calibri&quot;,sans-serif\"><span style=\"font-variant:small-caps\">Economia<\/span><\/span><\/span><\/b><\/span><\/span><\/span><\/p>\r\n\r\n<p style=\"text-align:justify\"><span style=\"font-size:11pt\"><span style=\"line-height:normal\"><span style=\"font-family:Calibri,sans-serif\"><a href=\"https:\/\/www.bcb.gov.br\/content\/focus\/focus\/R20241129.pdf\" style=\"color:blue; text-decoration:underline\"><span style=\"font-size:14.0pt\">Focus - Relat&oacute;rio de Mercado<\/span><\/a><\/span><\/span><\/span><\/p>\r\n\r\n<p style=\"text-align:justify\"><span style=\"font-size:11pt\"><span style=\"line-height:normal\"><span style=\"font-family:Calibri,sans-serif\"><a href=\"https:\/\/www.bcb.gov.br\/content\/controleinflacao\/focusdistribuicoesfrequencia\/P20241202-Focus-Distribuicoes-de-frequencia.pdf\" style=\"color:blue; text-decoration:underline\"><span style=\"font-size:14.0pt\">Distribui&ccedil;&otilde;es de Frequ&ecirc;ncia Expectativas de Mercado<\/span><\/a><\/span><\/span><\/span><\/p>\r\n\r\n<p style=\"text-align:justify\"><span style=\"font-size:11pt\"><span style=\"line-height:normal\"><span style=\"font-family:Calibri,sans-serif\"><a href=\"https:\/\/phvox.com.br\/dolar-dispara-no-brasil-com-a-rejeicao-do-mercado-ao-novo-pacote-fiscal-de-lula\/\" style=\"color:blue; text-decoration:underline\"><span style=\"font-size:14.0pt\">D&oacute;lar dispara no Brasil com a rejei&ccedil;&atilde;o do mercado ao novo pacote fiscal de Lula<\/span><\/a><\/span><\/span><\/span><\/p>\r\n\r\n<p style=\"text-align:justify\"><span style=\"font-size:11pt\"><span style=\"line-height:normal\"><span style=\"font-family:Calibri,sans-serif\"><a href=\"https:\/\/mercadoeconsumo.com.br\/03\/12\/2024\/noticias\/ceos-estao-recuperando-a-confianca-na-economia-global\/?utm_campaign=news_geral_-_0312&amp;utm_medium=email&amp;utm_source=RD+Station\" style=\"color:blue; text-decoration:underline\"><span style=\"font-size:14.0pt\">CEOs est&atilde;o recuperando a confian&ccedil;a na economia global<\/span><\/a><\/span><\/span><\/span><\/p>\r\n\r\n<p style=\"text-align:justify\"><span style=\"font-size:11pt\"><span style=\"line-height:normal\"><span style=\"font-family:Calibri,sans-serif\"><a href=\"https:\/\/www.gov.br\/mdic\/pt-br\/assuntos\/noticias\/2024\/novembro\/avanco-de-seis-agendas-estrategicas-pode-reduzir-em-r-530-bi-o-custo-brasil\" style=\"color:blue; text-decoration:underline\"><span style=\"font-size:14.0pt\">Avan&ccedil;o de seis agendas estrat&eacute;gicas pode reduzir em R$ 530 bi o Custo Brasil<\/span><\/a><\/span><\/span><\/span><\/p>\r\n\r\n<p style=\"text-align:justify\"><span style=\"font-size:11pt\"><span style=\"line-height:normal\"><span style=\"font-family:Calibri,sans-serif\"><a href=\"https:\/\/mercadoeconsumo.com.br\/29\/11\/2024\/artigos\/inflacao-e-estrategias-fiscais-o-brasil-e-os-eua-no-tabuleiro-economico-global-de-2024-2025\/?utm_campaign=news_geral_-_2911&amp;utm_medium=email&amp;utm_source=RD+Station\" style=\"color:blue; text-decoration:underline\"><span style=\"font-size:14.0pt\">Infla&ccedil;&atilde;o e estrat&eacute;gias fiscais: o Brasil e os EUA no tabuleiro econ&ocirc;mico global de 2024-2025<\/span><\/a><\/span><\/span><\/span><\/p>\r\n\r\n<p style=\"text-align:justify\"><span style=\"font-size:11.0pt\"><span style=\"line-height:115%\"><span style=\"font-family:&quot;Calibri&quot;,sans-serif\"><a href=\"https:\/\/grandesconstrucoes.com.br\/Noticias\/Exibir\/indice-nacional-de-custo-da-construcao-sobe-044-em-novembro?utm_source=akna&amp;utm_medium=email&amp;utm_campaign=Grandes-Construcoes-Informativo-940-28-11-2024&amp;utm_source=akna&amp;utm_medium=email&amp;utm_campaign=Grandes-Construcoes-Informativo-940-28-11-2024\" style=\"color:blue; text-decoration:underline\"><span style=\"font-size:14.0pt\"><span style=\"line-height:115%\">&Iacute;ndice Nacional de Custo da Constru&ccedil;&atilde;o sobe 0,44% em novembro<\/span><\/span><\/a><\/span><\/span><\/span><\/p>\r\n\r\n<p style=\"text-align:justify\"><img src=\"https:\/\/www.abint.org.br\/assets\/img\/editor\/redes-sociais-abint-ctg-cth_20241122162347XYKDGLERpE.jpg\" \/><\/p>\r\n","texto_en":"","7":"","imagem":"COMP_capa-2024-site-boletim-abint-noticias-semanis_20241203160054APzNvOxLoE.jpg","8":"COMP_capa-2024-site-boletim-abint-noticias-semanis_20241203160054APzNvOxLoE.jpg","arquivo":"20241203-BOLETIM-ABINT-DE-NOTICIAS-SEMANAIS.PDF","9":"20241203-BOLETIM-ABINT-DE-NOTICIAS-SEMANAIS.PDF","titulo_arquivo":"20241203 Boletim ABINT de Not\u00edcias Semanais","10":"20241203 Boletim ABINT de Not\u00edcias Semanais","titulo_arquivo_en":"","11":"","created_at":"2024-12-03 16:01:06","12":"2024-12-03 16:01:06","updated_at":"2024-12-03 16:01:06","13":"2024-12-03 16:01:06"},{"id":147,"0":147,"ordem":76,"1":76,"data":"2024-11-26","2":"2024-11-26","slug":"boletim-abint-de-noticias-semanais-91","3":"boletim-abint-de-noticias-semanais-91","titulo":"Boletim ABINT de Not\u00edcias Semanais","4":"Boletim ABINT de Not\u00edcias Semanais","titulo_en":"","5":"","texto":"<p style=\"text-align:justify\"><span style=\"font-size:11pt\"><span style=\"line-height:normal\"><span style=\"font-family:Calibri,sans-serif\"><span style=\"font-size:14.0pt\">Esta &eacute; uma compila&ccedil;&atilde;o das not&iacute;cias mais relevantes para o setor, incluindo informa&ccedil;&otilde;es sobre acordos internacionais, economia brasileira, sustentabilidade e mat&eacute;rias primas, al&eacute;m de novidades do setor de N&atilde;otecidos e Tecidos T&eacute;cnicos.<\/span><\/span><\/span><\/span><\/p>\r\n\r\n<p style=\"text-align:justify\"><b><span style=\"font-size:18.0pt\"><span style=\"line-height:115%\"><span calibri=\"\" style=\"font-family:\"><span style=\"font-variant:small-caps\">O que vem por a&iacute;<\/span><\/span><\/span><\/span><\/b><\/p>\r\n\r\n<p style=\"text-align:justify\">&nbsp;<\/p>\r\n\r\n<p><img src=\"https:\/\/www.abint.org.br\/assets\/img\/editor\/logo-ctg-abint-png_20241122161741dCrnhosyUL.png\" style=\"width: 300px; height: 55px;\" \/><\/p>\r\n\r\n<p><img src=\"https:\/\/www.abint.org.br\/assets\/img\/editor\/20241203-live-ctg-instagram-thiago-zanon_20241122161840ipzIkX8zHP.jpg\" style=\"width: 500px; height: 500px;\" \/><\/p>\r\n\r\n<p class=\"MsoTitle\" style=\"text-align:justify\"><span style=\"font-size:28pt\"><span style=\"font-family:Cambria,serif\"><span style=\"letter-spacing:-0.5pt\"><b><span style=\"font-size:18.0pt\"><span calibri=\"\" style=\"font-family:\"><span style=\"font-variant:small-caps\">Not&iacute;cias das Associadas<\/span><\/span><\/span><\/b><\/span><\/span><\/span><\/p>\r\n\r\n<p style=\"text-align:justify\"><span style=\"font-size:11pt\"><span style=\"line-height:normal\"><span style=\"font-family:Calibri,sans-serif\"><a href=\"https:\/\/engenhariacompartilhada.com.br\/noticia\/exibir\/8603119_a-importancia-dos-geossinteticos-aplicados-em-aterros-sanitarios-foi-tema-de-bate-papo-do-ctg-abint\" style=\"color:blue; text-decoration:underline\"><span style=\"font-size:14.0pt\">A import&acirc;ncia dos geossint&eacute;ticos aplicados em aterros sanit&aacute;rios foi tema de bate-papo do CTG ABINT<\/span><\/a><\/span><\/span><\/span><\/p>\r\n\r\n<p style=\"text-align:justify\"><span style=\"font-size:11pt\"><span style=\"line-height:normal\"><span style=\"font-family:Calibri,sans-serif\"><a href=\"https:\/\/www.nonwovens-industry.com\/contents\/view_breaking-news\/2024-11-22\/andritz-perfojet-celebrates-40th-anniversary\/15303\" style=\"color:blue; text-decoration:underline\"><span lang=\"EN-US\" style=\"font-size:14.0pt\">Andritz Perfojet Celebrates 40th Anniversary<\/span><\/a><\/span><\/span><\/span><\/p>\r\n\r\n<p style=\"text-align:justify\"><span style=\"font-size:11pt\"><span style=\"line-height:normal\"><span style=\"font-family:Calibri,sans-serif\"><a href=\"https:\/\/www.nonwovens-industry.com\/contents\/view_breaking-news\/2024-11-19\/fibertex-personal-care-adjusts-operations-in-malaysia\/\" style=\"color:blue; text-decoration:underline\"><span lang=\"EN-US\" style=\"font-size:14.0pt\">Fibertex Personal Care Adjusts Operations in Malaysia<\/span><\/a><\/span><\/span><\/span><\/p>\r\n\r\n<p style=\"text-align:justify\"><span style=\"font-size:11pt\"><span style=\"line-height:normal\"><span style=\"font-family:Calibri,sans-serif\"><a href=\"https:\/\/abctecnologias.us4.list-manage.com\/track\/click?u=eadcdb852894c5b5684bd7107&amp;id=4f2f52aab7&amp;e=5337ee208e\" style=\"color:blue; text-decoration:underline\" target=\"_blank\"><span style=\"font-size:14.0pt\">O Maior Projeto de &Aacute;guas residuais da Nova Zel&acirc;ndia Conta com a Leister<\/span><\/a><\/span><\/span><\/span><\/p>\r\n\r\n<p style=\"text-align:justify\"><span style=\"font-size:11pt\"><span style=\"line-height:normal\"><span style=\"font-family:Calibri,sans-serif\"><a href=\"https:\/\/www.technicaltextile.net\/news\/finland-s-suominen-s-net-sales-increase-to-120-53-mn-in-q3-2024-299048.html\" style=\"color:blue; text-decoration:underline\"><span lang=\"EN-US\" style=\"font-size:14.0pt\">Finland&rsquo;s Suominen &lsquo;s net sales increase to $120.53 mn in Q3 2024<\/span><\/a><\/span><\/span><\/span><\/p>\r\n\r\n<p style=\"text-align:justify\">&nbsp;<\/p>\r\n\r\n<p style=\"text-align:justify\"><span style=\"font-size:11pt\"><span style=\"line-height:normal\"><span style=\"font-family:Calibri,sans-serif\"><b><span style=\"font-size:18.0pt\"><span style=\"font-variant:small-caps\">Eventos<\/span><\/span><\/b><\/span><\/span><\/span><\/p>\r\n\r\n<p style=\"text-align:justify\"><span style=\"font-size:11pt\"><span style=\"line-height:normal\"><span style=\"font-family:Calibri,sans-serif\"><a href=\"https:\/\/www.abrafiltros.org.br\/cursos\/\" style=\"color:blue; text-decoration:underline\"><b><span style=\"font-size:14.0pt\">Cursos Abrafiltros | Automatiza&ccedil;&atilde;o de Filtros de Manga<\/span><\/b><\/a><\/span><\/span><\/span><\/p>\r\n\r\n<p style=\"text-align:justify\"><span style=\"font-size:11pt\"><span style=\"line-height:normal\"><span style=\"font-family:Calibri,sans-serif\"><a href=\"https:\/\/crm-apps.apexbrasil.com.br\/orgbdeab873\/inscricao-eventos\/evento\/webinar-direto-de-mercado-vietna-2024\/02e46424-63ce-47ed-9517-3cc470d0dcb9?utm_source=EMarketing&amp;msdynttrid=BPVGP4l-cFevnuuBnxX4XnHQeCGSYCtC5qkNkIP5824\" style=\"color:blue; text-decoration:underline\"><b><span style=\"font-size:14.0pt\">Apex | Webs&eacute;rie: Direto do Mercado - Edi&ccedil;&atilde;o Vietn&atilde;<\/span><\/b><\/a><span style=\"font-size:14.0pt\">, 26 de novembro de 2024, 10h00 &agrave;s 12h00, evento online. - <\/span><a href=\"https:\/\/apexbrasil.com.br\/content\/apexbrasil\/br\/pt\/solucoes\/inteligencia\/estudos-e-publicacoes\/perfil-de-comercio-e-investimentos\/perfil-de-comercio-e-investimentos---vietna---2024.html#msdynttrid=iXTvvD7J-RT4L1tVTMk-gcLLGDrWIphZROR62FFY2ww\" style=\"color:blue; text-decoration:underline\"><span style=\"font-size:14.0pt\">Perfil de Com&eacute;rcio e Investimentos Vietn&atilde; 2024<\/span><\/a><\/span><\/span><\/span><\/p>\r\n\r\n<p style=\"text-align:justify\"><span style=\"font-size:11pt\"><span style=\"line-height:normal\"><span style=\"font-family:Calibri,sans-serif\"><a href=\"https:\/\/www.sympla.com.br\/evento\/metrolegal-2024-seminario-de-metrologia-legal\/2589740?referrer=www.google.com#event-location\" style=\"color:blue; text-decoration:underline\"><b><span style=\"font-size:14.0pt\">MetroLegal 2024 - Semin&aacute;rio de Metrologia Legal<\/span><\/b><\/a><span style=\"font-size:14.0pt\">, 26 e 27 de novembro de 2024, 08h30 &agrave;s 18h00, evento presencial em CREA-SP, Avenida Ang&eacute;lica, 2.364, audit&oacute;rio do Crea-SP, Consola&ccedil;&atilde;o, S&atilde;o Paulo, SP<\/span><\/span><\/span><\/span><\/p>\r\n\r\n<p style=\"text-align:justify\"><span style=\"font-size:11.0pt\"><span style=\"line-height:115%\"><span calibri=\"\" style=\"font-family:\"><a href=\"https:\/\/produtos.institutoabit.org.br\/prod\/f3322895-d99b-4ecb-a1e4-64156bfefdee?utm_campaign=convite_ws_etiquetagem_usa&amp;utm_medium=email&amp;utm_source=RD+Station\" style=\"color:blue; text-decoration:underline\"><b><span style=\"font-size:14.0pt\"><span style=\"line-height:115%\">Workshop Abit | Etiquetagem e Conformidade para produtos confeccionados: como se preparar para exportar para os Estados Unidos<\/span><\/span><\/b><\/a><\/span><\/span><\/span><span style=\"font-size:14.0pt\"><span style=\"line-height:115%\"><span calibri=\"\" style=\"font-family:\">, 27 de novembro de 2024, 09h &agrave;s 11h, evento h&iacute;brido<\/span><\/span><\/span><\/p>\r\n\r\n<p style=\"text-align:justify\">&nbsp;<\/p>\r\n\r\n<p><img src=\"https:\/\/www.abint.org.br\/assets\/img\/editor\/abtt-academy-curso-controle-de-qualidade_20241122162032M5LMlgHSPV.jpg\" style=\"width: 500px; height: 500px;\" \/><\/p>\r\n\r\n<p align=\"center\" style=\"text-align:center\"><span style=\"font-size:11pt\"><span style=\"line-height:normal\"><span style=\"font-family:Calibri,sans-serif\"><a href=\"https:\/\/docs.google.com\/forms\/d\/e\/1FAIpQLScTZYp3ad81O9jZ5AsmE9YJv-BWn5FHMpMFR-80p-445-0iUw\/viewform\" style=\"color:blue; text-decoration:underline\"><span style=\"font-size:14.0pt\">Informa&ccedil;&otilde;es e inscri&ccedil;&otilde;es<\/span><\/a><\/span><\/span><\/span><\/p>\r\n\r\n<p style=\"text-align:justify\">&nbsp;<\/p>\r\n\r\n<p style=\"text-align:justify\"><span style=\"font-size:11pt\"><span style=\"line-height:normal\"><span style=\"font-family:Calibri,sans-serif\"><a href=\"https:\/\/www.enaiq.org.br\/\" style=\"color:blue; text-decoration:underline\"><b><span style=\"font-size:14.0pt\">ENAIQ 2024 &ndash; 29&ordm; Encontro Anual da Ind&uacute;stria Qu&iacute;mica<\/span><\/b><\/a><span style=\"font-size:14.0pt\">, 02 de dezembro de 2024, World Trade Center S&atilde;o Paulo, Av. das Na&ccedil;&otilde;es Unidas, 12551, Cidade Mon&ccedil;&otilde;es, S&atilde;o Paulo, SP, 04578-903<\/span><\/span><\/span><\/span><\/p>\r\n\r\n<p style=\"text-align:justify\"><span style=\"font-size:11pt\"><span style=\"line-height:normal\"><span style=\"font-family:Calibri,sans-serif\"><a href=\"https:\/\/en.industryarena.com\/vdma-textile-machinery\/webinars\/1373899490\" style=\"color:blue; text-decoration:underline\"><b><span lang=\"EN-US\" style=\"font-size:14.0pt\">VDMA Textile Machinery Webtalk with EDANA, ANDRITZ Nonwoven and Textile and Megapaca-Novafiber | &quot;Create valuable nonwovens from textile waste&quot;<\/span><\/b><\/a><span lang=\"EN-US\" style=\"font-size:14.0pt\">, December 5, 2024, 2:00 PM CET <\/span><\/span><\/span><\/span><\/p>\r\n\r\n<p style=\"text-align:justify\"><span style=\"font-size:11pt\"><span style=\"line-height:normal\"><span style=\"font-family:Calibri,sans-serif\"><a href=\"https:\/\/app.rdstation.email\/mail\/d777f370-3f7b-468e-b105-8c5f472668a6?utm_campaign=convite_workshop_cyberseguranca_-_reenvio_22112024&amp;utm_medium=email&amp;utm_source=RD+Station\" style=\"color:blue; text-decoration:underline\"><b><span style=\"font-size:14.0pt\">Workshop Abit | Seguran&ccedil;a Cibern&eacute;tica e Intelig&ecirc;ncia Artificial<\/span><\/b><\/a><span style=\"font-size:14.0pt\">, 05 de dezembro de 2024, 09h &agrave;s 11h, evento online<\/span><\/span><\/span><\/span><\/p>\r\n\r\n<p style=\"text-align:justify\"><span style=\"font-size:11pt\"><span style=\"line-height:normal\"><span style=\"font-family:Calibri,sans-serif\"><a href=\"https:\/\/send.neopixdmi.com\/index.php\/campaigns\/as827ezfoq9af\/web-version\/mh045xn88n9c0\" style=\"color:blue; text-decoration:underline\"><b><span style=\"font-size:14.0pt\">VI Semin&aacute;rio Meio Ambiente, Saneamento e Sustentabilidade - ASEC, ABES-SP e AESabesp<\/span><\/b><\/a><span style=\"font-size:14.0pt\">, de 10 a 12 de dezembro de 2024, as 9h &agrave;s 16h30, Audit&oacute;rio Augusto Ruschi, Cetesb, S&atilde;o Paulo, SP.<\/span><\/span><\/span><\/span><\/p>\r\n\r\n<p style=\"text-align:justify\"><span style=\"font-size:11pt\"><span style=\"line-height:normal\"><span style=\"font-family:Calibri,sans-serif\"><a href=\"https:\/\/conteudo.fcem.com.br\/seja-expositor-febratextil-2025?utm_campaign=emkt_comercial_febratextil_comercial_041124&amp;utm_medium=email&amp;utm_source=RD+Station\" style=\"color:blue; text-decoration:underline\"><b><span style=\"font-size:14.0pt\">FebraT&ecirc;xtil 2025<\/span><\/b><\/a><span style=\"font-size:14.0pt\">, 18 a 20 de fevereiro de 2025, Expo Center Norte, S&atilde;o Paulo, SP<\/span><\/span><\/span><\/span><\/p>\r\n\r\n<p style=\"text-align:justify\"><span style=\"font-size:11pt\"><span style=\"line-height:normal\"><span style=\"font-family:Calibri,sans-serif\"><a href=\"https:\/\/www.fimec.com.br\/\" style=\"color:blue; text-decoration:underline\"><b><span style=\"font-size:14.0pt\">Fimec 2025<\/span><\/b><\/a><span style=\"font-size:14.0pt\">, 18 a 20 de mar&ccedil;o, Fenac, Novo Hamburgo, RS<\/span><\/span><\/span><\/span><\/p>\r\n\r\n<p style=\"text-align:justify\"><span style=\"font-size:11pt\"><span style=\"line-height:normal\"><span style=\"font-family:Calibri,sans-serif\"><a href=\"https:\/\/www.plasticobrasil.com.br\/pt\/home.html\" style=\"color:blue; text-decoration:underline\"><b><span style=\"font-size:14.0pt\">Feira Pl&aacute;stico Brasil<\/span><\/b><\/a><span style=\"font-size:14.0pt\">, de 24 a 28 de mar&ccedil;o de 2025, das 10h &agrave;s 19h, S&atilde;o Paulo Expo, Rodovia dos Imigrantes, km 1,5<\/span><\/span><\/span><\/span><\/p>\r\n\r\n<p style=\"text-align:justify\"><span style=\"font-size:11pt\"><span style=\"line-height:normal\"><span style=\"font-family:Calibri,sans-serif\"><a href=\"https:\/\/ideashow.org\/\" style=\"color:blue; text-decoration:underline\"><b><span lang=\"EN-US\" style=\"font-size:14.0pt\">IDEA25<\/span><\/b><\/a><span lang=\"EN-US\" style=\"font-size:14.0pt\">, April 29-May 1, 2025, Miami Beach Convention Center, Miami Beach, Florida<\/span><\/span><\/span><\/span><\/p>\r\n\r\n<p style=\"text-align:justify\"><span style=\"font-size:11pt\"><span style=\"line-height:normal\"><span style=\"font-family:Calibri,sans-serif\"><a href=\"https:\/\/www.conbrava.com.br\/\" style=\"color:blue; text-decoration:underline\"><b><span style=\"font-size:14.0pt\">CONBRAVA 2025<\/span><\/b><\/a><span style=\"font-size:14.0pt\">, 10 a 12 de setembro de 2025, S&atilde;o Paulo Expo, Rodovia dos Imigrantes, km 1,5<\/span><\/span><\/span><\/span><\/p>\r\n\r\n<p style=\"text-align:justify\"><span style=\"font-size:11pt\"><span style=\"line-height:normal\"><span style=\"font-family:Calibri,sans-serif\"><b><span style=\"font-size:14.0pt\">17&ordm; Congresso Brasileiro de Enfermagem em Centro Cir&uacute;rgico: &ldquo;O poder de cuidar&rdquo;<\/span><\/b><span style=\"font-size:14.0pt\">, 01 a 03 de outubro de 2025, Transamerica Expo Center, S&atilde;o Paulo, SP<\/span><\/span><\/span><\/span><\/p>\r\n\r\n<p style=\"text-align:justify\"><span style=\"font-size:28pt\"><span style=\"font-family:Cambria,serif\"><span style=\"letter-spacing:-0.5pt\"><b><span lang=\"EN-US\" style=\"font-size:18.0pt\"><span calibri=\"\" style=\"font-family:\"><span style=\"font-variant:small-caps\">Setor<\/span><\/span><\/span><\/b><\/span><\/span><\/span><\/p>\r\n\r\n<p style=\"text-align:justify\"><span style=\"font-size:11pt\"><span style=\"line-height:normal\"><span style=\"font-family:Calibri,sans-serif\"><a href=\"https:\/\/www.nonwovens-industry.com\/contents\/view_online-exclusives\/2024-11-14\/why-patent-rights-are-more-important-than-ever-in-?utm_campaign=NON+eNewsletter&amp;utm_medium=email&amp;_hsenc=p2ANqtz--8rLWw9r7n_5WY4eHGBJbbN1k8RKD5T8WmoO4Nj_CWleg_Y-PxdeTfSV374HoOBSwqEBwxki3x8tpZwr1x8xrfwlOpZg&amp;_hsmi=334009103&amp;utm_content=334009103&amp;utm_source=hs_email\" style=\"color:blue; text-decoration:underline\"><span lang=\"EN-US\" style=\"font-size:14.0pt\">Why Patent Rights are More Important than Ever in the Nonwovens Industry<\/span><\/a><\/span><\/span><\/span><\/p>\r\n\r\n<p style=\"text-align:justify\"><span style=\"font-size:11pt\"><span style=\"line-height:normal\"><span style=\"font-family:Calibri,sans-serif\"><a href=\"https:\/\/blogdoplastico.wordpress.com\/2024\/11\/19\/amcor-e-berry-se-fundem-globalmente-em-transacao-de-aproximadamente-84-bilhoes-de-dolares\/\" style=\"color:blue; text-decoration:underline\"><span style=\"font-size:14.0pt\">Amcor e Berry se fundem globalmente em transa&ccedil;&atilde;o de aproximadamente 8,4 bilh&otilde;es de d&oacute;lares<\/span><\/a><\/span><\/span><\/span><\/p>\r\n\r\n<p style=\"text-align:justify\"><span style=\"font-size:11pt\"><span style=\"line-height:normal\"><span style=\"font-family:Calibri,sans-serif\"><a href=\"https:\/\/www.nonwovens-industry.com\/contents\/view_breaking-news\/2024-11-21\/inda-and-edana-release-global-nonwoven-markets-report\/15303\" style=\"color:blue; text-decoration:underline\"><span lang=\"EN-US\" style=\"font-size:14.0pt\">INDA and EDANA Release Global Nonwoven Markets Report<\/span><\/a><\/span><\/span><\/span><\/p>\r\n\r\n<p style=\"text-align:justify\"><span style=\"font-size:11pt\"><span style=\"line-height:normal\"><span style=\"font-family:Calibri,sans-serif\"><a href=\"https:\/\/www.nonwovens-industry.com\/contents\/view_features\/2024-11-11\/airlaid-market-report-13812?utm_campaign=NON+Issue+Alert&amp;utm_medium=email&amp;_hsenc=p2ANqtz-8lVL9dKiF6MFiV-71zIzTCe8x59jw__st4YYfV0cu29HIb7Emj9GR4sp6X1SsweGnMHQVIEgAZTY9rtzDDss-Y2UoDAw&amp;_hsmi=334848293&amp;utm_content=334848293&amp;utm_source=hs_email\" style=\"color:blue; text-decoration:underline\"><span style=\"font-size:14.0pt\">Airlaid Market Report<\/span><\/a><\/span><\/span><\/span><\/p>\r\n\r\n<p style=\"text-align:justify\"><span style=\"font-size:11pt\"><span style=\"line-height:normal\"><span style=\"font-family:Calibri,sans-serif\"><a href=\"https:\/\/anba.com.br\/setor-hospitalar-dos-emirados-tem-oportunidades\/\" style=\"color:blue; text-decoration:underline\"><span style=\"font-size:14.0pt\">Setor hospitalar dos Emirados tem oportunidades<\/span><\/a><\/span><\/span><\/span><\/p>\r\n\r\n<p style=\"text-align:justify\"><span style=\"font-size:11pt\"><span style=\"line-height:normal\"><span style=\"font-family:Calibri,sans-serif\"><a href=\"https:\/\/www.nonwovens-industry.com\/contents\/view_breaking-news\/2024-11-19\/berrys-sales-increase\/15303\" style=\"color:blue; text-decoration:underline\"><span style=\"font-size:14.0pt\">Berry&rsquo;s Sales Increase<\/span><\/a><\/span><\/span><\/span><\/p>\r\n\r\n<p style=\"text-align:justify\"><span style=\"font-size:11pt\"><span style=\"line-height:normal\"><span style=\"font-family:Calibri,sans-serif\"><a href=\"https:\/\/revistaoeste.com\/economia\/braskem-fica-com-98-do-incentivo-fiscal-destinado-a-industria-quimica\/\" style=\"color:blue; text-decoration:underline\"><span style=\"font-size:14.0pt\">Braskem fica com 98% do incentivo fiscal da ind&uacute;stria qu&iacute;mica<\/span><\/a><\/span><\/span><\/span><\/p>\r\n\r\n<p style=\"text-align:justify\"><span style=\"font-size:28pt\"><span style=\"font-family:Cambria,serif\"><span style=\"letter-spacing:-0.5pt\"><b><span style=\"font-size:18.0pt\"><span calibri=\"\" style=\"font-family:\"><span style=\"font-variant:small-caps\">Ind&uacute;stria<\/span><\/span><\/span><\/b><\/span><\/span><\/span><\/p>\r\n\r\n<p style=\"text-align:justify\"><span style=\"font-size:11pt\"><span style=\"line-height:normal\"><span style=\"font-family:Calibri,sans-serif\"><a href=\"https:\/\/noticias.portaldaindustria.com.br\/noticias\/institucional\/cni-mobiliza-setor-privado-e-governo-para-debater-neoindustrializacao-e-custo-brasil\/\" style=\"color:blue; text-decoration:underline\"><span style=\"font-size:14.0pt\">CNI mobiliza setor privado e governo para debater neoindustrializa&ccedil;&atilde;o e Custo Brasil<\/span><\/a><\/span><\/span><\/span><\/p>\r\n\r\n<p style=\"text-align:justify\"><span style=\"font-size:11pt\"><span style=\"line-height:normal\"><span style=\"font-family:Calibri,sans-serif\"><a href=\"https:\/\/autopapo.com.br\/noticia\/producao-de-veiculos-aumenta\/\" style=\"color:blue; text-decoration:underline\"><span style=\"font-size:14.0pt\">Anfavea: produ&ccedil;&atilde;o de ve&iacute;culos aumenta, mas h&aacute; ainda incertezas<\/span><\/a><\/span><\/span><\/span><\/p>\r\n\r\n<p style=\"text-align:justify\"><span style=\"font-size:11pt\"><span style=\"line-height:normal\"><span style=\"font-family:Calibri,sans-serif\"><a href=\"https:\/\/www.terra.com.br\/noticias\/estudo-aponta-dados-da-industria-da-construcao,df5d810905375e00f260846613320c83uwuf6fdl.html\" style=\"color:blue; text-decoration:underline\"><span style=\"font-size:14.0pt\">Estudo aponta dados da ind&uacute;stria da constru&ccedil;&atilde;o<\/span><\/a><\/span><\/span><\/span><\/p>\r\n\r\n<p style=\"text-align:justify\"><span style=\"font-size:11pt\"><span style=\"line-height:normal\"><span style=\"font-family:Calibri,sans-serif\"><a href=\"https:\/\/www.meiofiltrante.com.br\/Noticia\/129410\/o-ano-de-2024-marca-o-recorde-historico-de-investimentos-publicos-e-privados-em-infraestrutura-no-brasil\" style=\"color:blue; text-decoration:underline\"><span style=\"font-size:14.0pt\">O ano de 2024 marca o recorde hist&oacute;rico de investimentos p&uacute;blicos e privados em infraestrutura no Brasil<\/span><\/a><\/span><\/span><\/span><\/p>\r\n\r\n<p style=\"text-align:justify\"><span style=\"font-size:11pt\"><span style=\"line-height:normal\"><span style=\"font-family:Calibri,sans-serif\"><a href=\"https:\/\/go.machadomeyer.com.br\/e\/552932\/postas-e-os-possiveis-impactos\/21tbz88\/1564601551\/h\/cX1JR_vZCbGuZd-Suqo8id_ZvOFi_f5BOhFzbtO6Cwc\" style=\"color:blue; text-decoration:underline\"><span style=\"font-size:14.0pt\">Fim da escala 6x1: mudan&ccedil;as propostas e os poss&iacute;veis impactos<\/span><\/a><\/span><\/span><\/span><\/p>\r\n\r\n<p style=\"text-align:justify\"><span style=\"font-size:11pt\"><span style=\"line-height:normal\"><span style=\"font-family:Calibri,sans-serif\"><a href=\"https:\/\/eixos.com.br\/gas-natural\/mercado-de-gas\/o-drama-do-gas-natural-no-brasil\/?utm_source=newsletters+eixos&amp;utm_campaign=a776b87415-EMAIL_CAMPAIGN_2024_09_07_12_00_COPY_01&amp;utm_medium=email&amp;utm_term=0_-b0af36c390-466362780\" style=\"color:blue; text-decoration:underline\"><span style=\"font-size:14.0pt\">O drama do g&aacute;s natural no Brasil<\/span><\/a><\/span><\/span><\/span><\/p>\r\n\r\n<p style=\"text-align:justify\"><span style=\"font-size:28pt\"><span style=\"font-family:Cambria,serif\"><span style=\"letter-spacing:-0.5pt\"><b><span style=\"font-size:18.0pt\"><span calibri=\"\" style=\"font-family:\"><span style=\"font-variant:small-caps\">Sustentabilidade<\/span><\/span><\/span><\/b><\/span><\/span><\/span><\/p>\r\n\r\n<p style=\"text-align:justify\"><span style=\"font-size:11pt\"><span style=\"line-height:normal\"><span style=\"font-family:Calibri,sans-serif\"><a href=\"https:\/\/www.gov.br\/ana\/pt-br\/assuntos\/noticias-e-eventos\/noticias\/agencia-aborda-saneamento-basico-em-seminario-nacional-promovido-pela-aesbe\" style=\"color:blue; text-decoration:underline\"><span style=\"font-size:14.0pt\">Ag&ecirc;ncia aborda saneamento b&aacute;sico em semin&aacute;rio nacional promovido pela AESBE<\/span><\/a><\/span><\/span><\/span><\/p>\r\n\r\n<p style=\"text-align:justify\"><span style=\"font-size:11pt\"><span style=\"line-height:normal\"><span style=\"font-family:Calibri,sans-serif\"><a href=\"https:\/\/exame.com\/esg\/cop29-regras-de-mercado-de-carbono-internacional-sao-aprovadas\/\" style=\"color:blue; text-decoration:underline\"><span style=\"font-size:14.0pt\">COP29: Regras de mercado de carbono internacional s&atilde;o aprovadas<\/span><\/a><\/span><\/span><\/span><\/p>\r\n\r\n<p style=\"text-align:justify\"><span style=\"font-size:11pt\"><span style=\"line-height:normal\"><span style=\"font-family:Calibri,sans-serif\"><a href=\"https:\/\/www.revistaplasticosul.com.br\/sustentabilidade\/conclusao-de-tratado-global-da-onu-contra-poluicao-plastica-desse-ano-e-urgente\/\" style=\"color:blue; text-decoration:underline\"><span style=\"font-size:14.0pt\">Conclus&atilde;o de tratado global da ONU contra polui&ccedil;&atilde;o pl&aacute;stica este ano &eacute; urgente<\/span><\/a><\/span><\/span><\/span><\/p>\r\n\r\n<p style=\"text-align:justify\"><span style=\"font-size:11pt\"><span style=\"line-height:normal\"><span style=\"font-family:Calibri,sans-serif\"><a href=\"https:\/\/www.camara.leg.br\/noticias\/1112521-camara-aprova-projeto-que-regulamenta-o-mercado-de-carbono-no-brasil-texto-segue-para-sancao\" style=\"color:blue; text-decoration:underline\"><span style=\"font-size:14.0pt\">C&acirc;mara aprova projeto que regulamenta o mercado de carbono no Brasil; texto segue para san&ccedil;&atilde;o<\/span><\/a><\/span><\/span><\/span><\/p>\r\n\r\n<p style=\"text-align:justify\"><span style=\"font-size:11pt\"><span style=\"line-height:normal\"><span style=\"font-family:Calibri,sans-serif\"><a href=\"https:\/\/www.revistaplasticosul.com.br\/sustentabilidade\/dia-do-reciclador-abiplast-apoia-adocao-de-esg-na-cadeia-da-reciclagem-do-plastico\/\" style=\"color:blue; text-decoration:underline\"><span style=\"font-size:14.0pt\">Dia do Reciclador: Abiplast apoia ado&ccedil;&atilde;o de ESG na cadeia da reciclagem do pl&aacute;stico<\/span><\/a><\/span><\/span><\/span><\/p>\r\n\r\n<p style=\"text-align:justify\"><span style=\"font-size:28pt\"><span style=\"font-family:Cambria,serif\"><span style=\"letter-spacing:-0.5pt\"><b><span style=\"font-size:18.0pt\"><span calibri=\"\" style=\"font-family:\"><span style=\"font-variant:small-caps\">Inova&ccedil;&atilde;o<\/span><\/span><\/span><\/b><\/span><\/span><\/span><\/p>\r\n\r\n<p style=\"text-align:justify\"><span style=\"font-size:11pt\"><span style=\"line-height:normal\"><span style=\"font-family:Calibri,sans-serif\"><a href=\"https:\/\/www.inovacaotecnologica.com.br\/noticias\/noticia.php?artigo=papel-hidrofobico-promete-embalagens-nunca-se-molham&amp;id=010160241118&amp;ebol=sim\" style=\"color:blue; text-decoration:underline\"><span style=\"font-size:14.0pt\">Papel hidrof&oacute;bico promete embalagens que nunca se molham<\/span><\/a><\/span><\/span><\/span><\/p>\r\n\r\n<p style=\"text-align:justify\"><span style=\"font-size:11pt\"><span style=\"line-height:normal\"><span style=\"font-family:Calibri,sans-serif\"><a href=\"https:\/\/noticias.portaldaindustria.com.br\/noticias\/internacional\/parceria-entre-cni-e-instituicao-de-ensino-chinesa-abre-portas-para-inovacao-e-tecnologia\/\" style=\"color:blue; text-decoration:underline\"><span style=\"font-size:14.0pt\">Parceria entre CNI e institui&ccedil;&atilde;o de ensino chinesa abre portas para inova&ccedil;&atilde;o e tecnologia<\/span><\/a><\/span><\/span><\/span><\/p>\r\n\r\n<p style=\"text-align:justify\"><span style=\"font-size:11pt\"><span style=\"line-height:normal\"><span style=\"font-family:Calibri,sans-serif\"><a href=\"https:\/\/dol.com.br\/noticias\/mundo-noticias\/883219\/quimicos-descobrem-como-transformar-plasticos-em-sabao?d=1\" style=\"color:blue; text-decoration:underline\"><span style=\"font-size:14.0pt\">Qu&iacute;micos descobrem como transformar pl&aacute;sticos em sab&atilde;o<\/span><\/a><\/span><\/span><\/span><\/p>\r\n\r\n<p style=\"text-align:justify\"><span style=\"font-size:11pt\"><span style=\"line-height:normal\"><span style=\"font-family:Calibri,sans-serif\"><a href=\"https:\/\/www.revistaplasticosul.com.br\/sustentabilidade\/braskem-lanca-portfolio-de-resinas-recicladas-pos-consumo-para-aplicacoes-flexiveis\/\" style=\"color:blue; text-decoration:underline\"><span style=\"font-size:14.0pt\">Braskem lan&ccedil;a portf&oacute;lio de resinas recicladas p&oacute;s-consumo para aplica&ccedil;&otilde;es flex&iacute;veis<\/span><\/a><\/span><\/span><\/span><\/p>\r\n\r\n<p style=\"text-align:justify\"><span style=\"font-size:28pt\"><span style=\"font-family:Cambria,serif\"><span style=\"letter-spacing:-0.5pt\"><b><span style=\"font-size:18.0pt\"><span calibri=\"\" style=\"font-family:\"><span style=\"font-variant:small-caps\">Com&eacute;rcio Exterior<\/span><\/span><\/span><\/b><\/span><\/span><\/span><\/p>\r\n\r\n<p style=\"text-align:justify\"><span style=\"font-size:11pt\"><span style=\"line-height:normal\"><span style=\"font-family:Calibri,sans-serif\"><a href=\"https:\/\/static.portaldaindustria.com.br\/media\/filer_public\/c6\/31\/c63101a5-48f2-4e5d-9ee4-3003d6fd9c87\/ex_ipc_24-042_visita_china_atos.pdf\" style=\"color:blue; text-decoration:underline\"><span style=\"font-size:14.0pt\">Visita Presidencial da China ao Brasil: Atos Assinados e Declara&ccedil;&atilde;o Conjunta<\/span><\/a><\/span><\/span><\/span><\/p>\r\n\r\n<p style=\"text-align:justify\"><span style=\"font-size:11pt\"><span style=\"line-height:normal\"><span style=\"font-family:Calibri,sans-serif\"><a href=\"https:\/\/www.dw.com\/pt-br\/brasil-e-china-assinam-37-acordos-sem-ades%C3%A3o-brasileira-%C3%A0-rota-da-seda\/a-70837044#amp_tf=De%20%251%24s&amp;aoh=17322392944337&amp;referrer=https%3A%2F%2Fwww.google.com&amp;ampshare=https%3A%2F%2Fwww.dw.com%2Fpt-br%2Fbrasil-e-china-assinam-37-acordos-sem-ades%25C3%25A3o-brasileira-%25C3%25A0-rota-da-seda%2Fa-70837044\" style=\"color:blue; text-decoration:underline\"><span style=\"font-size:14.0pt\">Brasil e China assinam 37 acordos, sem ades&atilde;o &agrave; Rota da Seda<\/span><\/a><\/span><\/span><\/span><\/p>\r\n\r\n<p style=\"text-align:justify\"><span style=\"font-size:11pt\"><span style=\"line-height:normal\"><span style=\"font-family:Calibri,sans-serif\"><a href=\"https:\/\/static.portaldaindustria.com.br\/media\/filer_public\/5e\/1b\/5e1b4a7d-9e00-4fa4-a20a-a48479b63e8e\/ex_ipc_24-041_pl_4423-2024_lei_geral_comex.pdf\" style=\"color:blue; text-decoration:underline\"><span style=\"font-size:14.0pt\">CRE do Senado Federal aprova Projeto de Lei sobre normas gerais do com&eacute;rcio exterior de mercadorias<\/span><\/a> <\/span><\/span><\/span><\/p>\r\n\r\n<p style=\"text-align:justify\"><span style=\"font-size:11pt\"><span style=\"line-height:normal\"><span style=\"font-family:Calibri,sans-serif\"><a href=\"https:\/\/investnews.com.br\/economia\/polonia-e-franca-discutirao-lista-de-preocupacoes-sobre-o-acordo-com-mercosul\/\" style=\"color:blue; text-decoration:underline\"><span style=\"font-size:14.0pt\">Pol&ocirc;nia e Fran&ccedil;a discutir&atilde;o lista de preocupa&ccedil;&otilde;es sobre o acordo com Mercosul<\/span><\/a><\/span><\/span><\/span><\/p>\r\n\r\n<p style=\"text-align:justify\"><span style=\"font-size:11pt\"><span style=\"line-height:normal\"><span style=\"font-family:Calibri,sans-serif\"><a href=\"https:\/\/anba.com.br\/brasil-e-emirados-assinam-acordo-de-investimentos\/\" style=\"color:blue; text-decoration:underline\"><span style=\"font-size:14.0pt\">Brasil e Emirados assinam acordo de investimentos<\/span><\/a><\/span><\/span><\/span><\/p>\r\n\r\n<p style=\"text-align:justify\"><span style=\"font-size:28pt\"><span style=\"font-family:Cambria,serif\"><span style=\"letter-spacing:-0.5pt\"><b><span style=\"font-size:18.0pt\"><span calibri=\"\" style=\"font-family:\"><span style=\"font-variant:small-caps\">Economia<\/span><\/span><\/span><\/b><\/span><\/span><\/span><\/p>\r\n\r\n<p style=\"text-align:justify\"><span style=\"font-size:11pt\"><span style=\"line-height:normal\"><span style=\"font-family:Calibri,sans-serif\"><a href=\"https:\/\/www.bcb.gov.br\/content\/focus\/focus\/R20241122.pdf\" style=\"color:blue; text-decoration:underline\"><span style=\"font-size:14.0pt\">Focus - Relat&oacute;rio de Mercado<\/span><\/a><\/span><\/span><\/span><\/p>\r\n\r\n<p style=\"text-align:justify\"><span style=\"font-size:11pt\"><span style=\"line-height:normal\"><span style=\"font-family:Calibri,sans-serif\"><a href=\"https:\/\/www.bcb.gov.br\/detalhenoticia\/20411\/nota\" style=\"color:blue; text-decoration:underline\"><span style=\"font-size:14.0pt\">BC divulga o Relat&oacute;rio de Estabilidade Financeira do primeiro semestre de 2024<\/span><\/a><\/span><\/span><\/span><\/p>\r\n\r\n<p style=\"text-align:justify\"><span style=\"font-size:11pt\"><span style=\"line-height:normal\"><span style=\"font-family:Calibri,sans-serif\"><a href=\"https:\/\/www.poder360.com.br\/poder-economia\/economia-brasileira-cresce-1-no-3o-trimestre-diz-fgv\/\" style=\"color:blue; text-decoration:underline\"><span style=\"font-size:14.0pt\">Economia brasileira cresce 1% no 3&ordm; trimestre, diz FGV<\/span><\/a><\/span><\/span><\/span><\/p>\r\n\r\n<p style=\"text-align:justify\"><img src=\"https:\/\/www.abint.org.br\/assets\/img\/editor\/redes-sociais-abint-ctg-cth_20241122162347XYKDGLERpE.jpg\" \/><\/p>\r\n","6":"<p style=\"text-align:justify\"><span style=\"font-size:11pt\"><span style=\"line-height:normal\"><span style=\"font-family:Calibri,sans-serif\"><span style=\"font-size:14.0pt\">Esta &eacute; uma compila&ccedil;&atilde;o das not&iacute;cias mais relevantes para o setor, incluindo informa&ccedil;&otilde;es sobre acordos internacionais, economia brasileira, sustentabilidade e mat&eacute;rias primas, al&eacute;m de novidades do setor de N&atilde;otecidos e Tecidos T&eacute;cnicos.<\/span><\/span><\/span><\/span><\/p>\r\n\r\n<p style=\"text-align:justify\"><b><span style=\"font-size:18.0pt\"><span style=\"line-height:115%\"><span calibri=\"\" style=\"font-family:\"><span style=\"font-variant:small-caps\">O que vem por a&iacute;<\/span><\/span><\/span><\/span><\/b><\/p>\r\n\r\n<p style=\"text-align:justify\">&nbsp;<\/p>\r\n\r\n<p><img src=\"https:\/\/www.abint.org.br\/assets\/img\/editor\/logo-ctg-abint-png_20241122161741dCrnhosyUL.png\" style=\"width: 300px; height: 55px;\" \/><\/p>\r\n\r\n<p><img src=\"https:\/\/www.abint.org.br\/assets\/img\/editor\/20241203-live-ctg-instagram-thiago-zanon_20241122161840ipzIkX8zHP.jpg\" style=\"width: 500px; height: 500px;\" \/><\/p>\r\n\r\n<p class=\"MsoTitle\" style=\"text-align:justify\"><span style=\"font-size:28pt\"><span style=\"font-family:Cambria,serif\"><span style=\"letter-spacing:-0.5pt\"><b><span style=\"font-size:18.0pt\"><span calibri=\"\" style=\"font-family:\"><span style=\"font-variant:small-caps\">Not&iacute;cias das Associadas<\/span><\/span><\/span><\/b><\/span><\/span><\/span><\/p>\r\n\r\n<p style=\"text-align:justify\"><span style=\"font-size:11pt\"><span style=\"line-height:normal\"><span style=\"font-family:Calibri,sans-serif\"><a href=\"https:\/\/engenhariacompartilhada.com.br\/noticia\/exibir\/8603119_a-importancia-dos-geossinteticos-aplicados-em-aterros-sanitarios-foi-tema-de-bate-papo-do-ctg-abint\" style=\"color:blue; text-decoration:underline\"><span style=\"font-size:14.0pt\">A import&acirc;ncia dos geossint&eacute;ticos aplicados em aterros sanit&aacute;rios foi tema de bate-papo do CTG ABINT<\/span><\/a><\/span><\/span><\/span><\/p>\r\n\r\n<p style=\"text-align:justify\"><span style=\"font-size:11pt\"><span style=\"line-height:normal\"><span style=\"font-family:Calibri,sans-serif\"><a href=\"https:\/\/www.nonwovens-industry.com\/contents\/view_breaking-news\/2024-11-22\/andritz-perfojet-celebrates-40th-anniversary\/15303\" style=\"color:blue; text-decoration:underline\"><span lang=\"EN-US\" style=\"font-size:14.0pt\">Andritz Perfojet Celebrates 40th Anniversary<\/span><\/a><\/span><\/span><\/span><\/p>\r\n\r\n<p style=\"text-align:justify\"><span style=\"font-size:11pt\"><span style=\"line-height:normal\"><span style=\"font-family:Calibri,sans-serif\"><a href=\"https:\/\/www.nonwovens-industry.com\/contents\/view_breaking-news\/2024-11-19\/fibertex-personal-care-adjusts-operations-in-malaysia\/\" style=\"color:blue; text-decoration:underline\"><span lang=\"EN-US\" style=\"font-size:14.0pt\">Fibertex Personal Care Adjusts Operations in Malaysia<\/span><\/a><\/span><\/span><\/span><\/p>\r\n\r\n<p style=\"text-align:justify\"><span style=\"font-size:11pt\"><span style=\"line-height:normal\"><span style=\"font-family:Calibri,sans-serif\"><a href=\"https:\/\/abctecnologias.us4.list-manage.com\/track\/click?u=eadcdb852894c5b5684bd7107&amp;id=4f2f52aab7&amp;e=5337ee208e\" style=\"color:blue; text-decoration:underline\" target=\"_blank\"><span style=\"font-size:14.0pt\">O Maior Projeto de &Aacute;guas residuais da Nova Zel&acirc;ndia Conta com a Leister<\/span><\/a><\/span><\/span><\/span><\/p>\r\n\r\n<p style=\"text-align:justify\"><span style=\"font-size:11pt\"><span style=\"line-height:normal\"><span style=\"font-family:Calibri,sans-serif\"><a href=\"https:\/\/www.technicaltextile.net\/news\/finland-s-suominen-s-net-sales-increase-to-120-53-mn-in-q3-2024-299048.html\" style=\"color:blue; text-decoration:underline\"><span lang=\"EN-US\" style=\"font-size:14.0pt\">Finland&rsquo;s Suominen &lsquo;s net sales increase to $120.53 mn in Q3 2024<\/span><\/a><\/span><\/span><\/span><\/p>\r\n\r\n<p style=\"text-align:justify\">&nbsp;<\/p>\r\n\r\n<p style=\"text-align:justify\"><span style=\"font-size:11pt\"><span style=\"line-height:normal\"><span style=\"font-family:Calibri,sans-serif\"><b><span style=\"font-size:18.0pt\"><span style=\"font-variant:small-caps\">Eventos<\/span><\/span><\/b><\/span><\/span><\/span><\/p>\r\n\r\n<p style=\"text-align:justify\"><span style=\"font-size:11pt\"><span style=\"line-height:normal\"><span style=\"font-family:Calibri,sans-serif\"><a href=\"https:\/\/www.abrafiltros.org.br\/cursos\/\" style=\"color:blue; text-decoration:underline\"><b><span style=\"font-size:14.0pt\">Cursos Abrafiltros | Automatiza&ccedil;&atilde;o de Filtros de Manga<\/span><\/b><\/a><\/span><\/span><\/span><\/p>\r\n\r\n<p style=\"text-align:justify\"><span style=\"font-size:11pt\"><span style=\"line-height:normal\"><span style=\"font-family:Calibri,sans-serif\"><a href=\"https:\/\/crm-apps.apexbrasil.com.br\/orgbdeab873\/inscricao-eventos\/evento\/webinar-direto-de-mercado-vietna-2024\/02e46424-63ce-47ed-9517-3cc470d0dcb9?utm_source=EMarketing&amp;msdynttrid=BPVGP4l-cFevnuuBnxX4XnHQeCGSYCtC5qkNkIP5824\" style=\"color:blue; text-decoration:underline\"><b><span style=\"font-size:14.0pt\">Apex | Webs&eacute;rie: Direto do Mercado - Edi&ccedil;&atilde;o Vietn&atilde;<\/span><\/b><\/a><span style=\"font-size:14.0pt\">, 26 de novembro de 2024, 10h00 &agrave;s 12h00, evento online. - <\/span><a href=\"https:\/\/apexbrasil.com.br\/content\/apexbrasil\/br\/pt\/solucoes\/inteligencia\/estudos-e-publicacoes\/perfil-de-comercio-e-investimentos\/perfil-de-comercio-e-investimentos---vietna---2024.html#msdynttrid=iXTvvD7J-RT4L1tVTMk-gcLLGDrWIphZROR62FFY2ww\" style=\"color:blue; text-decoration:underline\"><span style=\"font-size:14.0pt\">Perfil de Com&eacute;rcio e Investimentos Vietn&atilde; 2024<\/span><\/a><\/span><\/span><\/span><\/p>\r\n\r\n<p style=\"text-align:justify\"><span style=\"font-size:11pt\"><span style=\"line-height:normal\"><span style=\"font-family:Calibri,sans-serif\"><a href=\"https:\/\/www.sympla.com.br\/evento\/metrolegal-2024-seminario-de-metrologia-legal\/2589740?referrer=www.google.com#event-location\" style=\"color:blue; text-decoration:underline\"><b><span style=\"font-size:14.0pt\">MetroLegal 2024 - Semin&aacute;rio de Metrologia Legal<\/span><\/b><\/a><span style=\"font-size:14.0pt\">, 26 e 27 de novembro de 2024, 08h30 &agrave;s 18h00, evento presencial em CREA-SP, Avenida Ang&eacute;lica, 2.364, audit&oacute;rio do Crea-SP, Consola&ccedil;&atilde;o, S&atilde;o Paulo, SP<\/span><\/span><\/span><\/span><\/p>\r\n\r\n<p style=\"text-align:justify\"><span style=\"font-size:11.0pt\"><span style=\"line-height:115%\"><span calibri=\"\" style=\"font-family:\"><a href=\"https:\/\/produtos.institutoabit.org.br\/prod\/f3322895-d99b-4ecb-a1e4-64156bfefdee?utm_campaign=convite_ws_etiquetagem_usa&amp;utm_medium=email&amp;utm_source=RD+Station\" style=\"color:blue; text-decoration:underline\"><b><span style=\"font-size:14.0pt\"><span style=\"line-height:115%\">Workshop Abit | Etiquetagem e Conformidade para produtos confeccionados: como se preparar para exportar para os Estados Unidos<\/span><\/span><\/b><\/a><\/span><\/span><\/span><span style=\"font-size:14.0pt\"><span style=\"line-height:115%\"><span calibri=\"\" style=\"font-family:\">, 27 de novembro de 2024, 09h &agrave;s 11h, evento h&iacute;brido<\/span><\/span><\/span><\/p>\r\n\r\n<p style=\"text-align:justify\">&nbsp;<\/p>\r\n\r\n<p><img src=\"https:\/\/www.abint.org.br\/assets\/img\/editor\/abtt-academy-curso-controle-de-qualidade_20241122162032M5LMlgHSPV.jpg\" style=\"width: 500px; height: 500px;\" \/><\/p>\r\n\r\n<p align=\"center\" style=\"text-align:center\"><span style=\"font-size:11pt\"><span style=\"line-height:normal\"><span style=\"font-family:Calibri,sans-serif\"><a href=\"https:\/\/docs.google.com\/forms\/d\/e\/1FAIpQLScTZYp3ad81O9jZ5AsmE9YJv-BWn5FHMpMFR-80p-445-0iUw\/viewform\" style=\"color:blue; text-decoration:underline\"><span style=\"font-size:14.0pt\">Informa&ccedil;&otilde;es e inscri&ccedil;&otilde;es<\/span><\/a><\/span><\/span><\/span><\/p>\r\n\r\n<p style=\"text-align:justify\">&nbsp;<\/p>\r\n\r\n<p style=\"text-align:justify\"><span style=\"font-size:11pt\"><span style=\"line-height:normal\"><span style=\"font-family:Calibri,sans-serif\"><a href=\"https:\/\/www.enaiq.org.br\/\" style=\"color:blue; text-decoration:underline\"><b><span style=\"font-size:14.0pt\">ENAIQ 2024 &ndash; 29&ordm; Encontro Anual da Ind&uacute;stria Qu&iacute;mica<\/span><\/b><\/a><span style=\"font-size:14.0pt\">, 02 de dezembro de 2024, World Trade Center S&atilde;o Paulo, Av. das Na&ccedil;&otilde;es Unidas, 12551, Cidade Mon&ccedil;&otilde;es, S&atilde;o Paulo, SP, 04578-903<\/span><\/span><\/span><\/span><\/p>\r\n\r\n<p style=\"text-align:justify\"><span style=\"font-size:11pt\"><span style=\"line-height:normal\"><span style=\"font-family:Calibri,sans-serif\"><a href=\"https:\/\/en.industryarena.com\/vdma-textile-machinery\/webinars\/1373899490\" style=\"color:blue; text-decoration:underline\"><b><span lang=\"EN-US\" style=\"font-size:14.0pt\">VDMA Textile Machinery Webtalk with EDANA, ANDRITZ Nonwoven and Textile and Megapaca-Novafiber | &quot;Create valuable nonwovens from textile waste&quot;<\/span><\/b><\/a><span lang=\"EN-US\" style=\"font-size:14.0pt\">, December 5, 2024, 2:00 PM CET <\/span><\/span><\/span><\/span><\/p>\r\n\r\n<p style=\"text-align:justify\"><span style=\"font-size:11pt\"><span style=\"line-height:normal\"><span style=\"font-family:Calibri,sans-serif\"><a href=\"https:\/\/app.rdstation.email\/mail\/d777f370-3f7b-468e-b105-8c5f472668a6?utm_campaign=convite_workshop_cyberseguranca_-_reenvio_22112024&amp;utm_medium=email&amp;utm_source=RD+Station\" style=\"color:blue; text-decoration:underline\"><b><span style=\"font-size:14.0pt\">Workshop Abit | Seguran&ccedil;a Cibern&eacute;tica e Intelig&ecirc;ncia Artificial<\/span><\/b><\/a><span style=\"font-size:14.0pt\">, 05 de dezembro de 2024, 09h &agrave;s 11h, evento online<\/span><\/span><\/span><\/span><\/p>\r\n\r\n<p style=\"text-align:justify\"><span style=\"font-size:11pt\"><span style=\"line-height:normal\"><span style=\"font-family:Calibri,sans-serif\"><a href=\"https:\/\/send.neopixdmi.com\/index.php\/campaigns\/as827ezfoq9af\/web-version\/mh045xn88n9c0\" style=\"color:blue; text-decoration:underline\"><b><span style=\"font-size:14.0pt\">VI Semin&aacute;rio Meio Ambiente, Saneamento e Sustentabilidade - ASEC, ABES-SP e AESabesp<\/span><\/b><\/a><span style=\"font-size:14.0pt\">, de 10 a 12 de dezembro de 2024, as 9h &agrave;s 16h30, Audit&oacute;rio Augusto Ruschi, Cetesb, S&atilde;o Paulo, SP.<\/span><\/span><\/span><\/span><\/p>\r\n\r\n<p style=\"text-align:justify\"><span style=\"font-size:11pt\"><span style=\"line-height:normal\"><span style=\"font-family:Calibri,sans-serif\"><a href=\"https:\/\/conteudo.fcem.com.br\/seja-expositor-febratextil-2025?utm_campaign=emkt_comercial_febratextil_comercial_041124&amp;utm_medium=email&amp;utm_source=RD+Station\" style=\"color:blue; text-decoration:underline\"><b><span style=\"font-size:14.0pt\">FebraT&ecirc;xtil 2025<\/span><\/b><\/a><span style=\"font-size:14.0pt\">, 18 a 20 de fevereiro de 2025, Expo Center Norte, S&atilde;o Paulo, SP<\/span><\/span><\/span><\/span><\/p>\r\n\r\n<p style=\"text-align:justify\"><span style=\"font-size:11pt\"><span style=\"line-height:normal\"><span style=\"font-family:Calibri,sans-serif\"><a href=\"https:\/\/www.fimec.com.br\/\" style=\"color:blue; text-decoration:underline\"><b><span style=\"font-size:14.0pt\">Fimec 2025<\/span><\/b><\/a><span style=\"font-size:14.0pt\">, 18 a 20 de mar&ccedil;o, Fenac, Novo Hamburgo, RS<\/span><\/span><\/span><\/span><\/p>\r\n\r\n<p style=\"text-align:justify\"><span style=\"font-size:11pt\"><span style=\"line-height:normal\"><span style=\"font-family:Calibri,sans-serif\"><a href=\"https:\/\/www.plasticobrasil.com.br\/pt\/home.html\" style=\"color:blue; text-decoration:underline\"><b><span style=\"font-size:14.0pt\">Feira Pl&aacute;stico Brasil<\/span><\/b><\/a><span style=\"font-size:14.0pt\">, de 24 a 28 de mar&ccedil;o de 2025, das 10h &agrave;s 19h, S&atilde;o Paulo Expo, Rodovia dos Imigrantes, km 1,5<\/span><\/span><\/span><\/span><\/p>\r\n\r\n<p style=\"text-align:justify\"><span style=\"font-size:11pt\"><span style=\"line-height:normal\"><span style=\"font-family:Calibri,sans-serif\"><a href=\"https:\/\/ideashow.org\/\" style=\"color:blue; text-decoration:underline\"><b><span lang=\"EN-US\" style=\"font-size:14.0pt\">IDEA25<\/span><\/b><\/a><span lang=\"EN-US\" style=\"font-size:14.0pt\">, April 29-May 1, 2025, Miami Beach Convention Center, Miami Beach, Florida<\/span><\/span><\/span><\/span><\/p>\r\n\r\n<p style=\"text-align:justify\"><span style=\"font-size:11pt\"><span style=\"line-height:normal\"><span style=\"font-family:Calibri,sans-serif\"><a href=\"https:\/\/www.conbrava.com.br\/\" style=\"color:blue; text-decoration:underline\"><b><span style=\"font-size:14.0pt\">CONBRAVA 2025<\/span><\/b><\/a><span style=\"font-size:14.0pt\">, 10 a 12 de setembro de 2025, S&atilde;o Paulo Expo, Rodovia dos Imigrantes, km 1,5<\/span><\/span><\/span><\/span><\/p>\r\n\r\n<p style=\"text-align:justify\"><span style=\"font-size:11pt\"><span style=\"line-height:normal\"><span style=\"font-family:Calibri,sans-serif\"><b><span style=\"font-size:14.0pt\">17&ordm; Congresso Brasileiro de Enfermagem em Centro Cir&uacute;rgico: &ldquo;O poder de cuidar&rdquo;<\/span><\/b><span style=\"font-size:14.0pt\">, 01 a 03 de outubro de 2025, Transamerica Expo Center, S&atilde;o Paulo, SP<\/span><\/span><\/span><\/span><\/p>\r\n\r\n<p style=\"text-align:justify\"><span style=\"font-size:28pt\"><span style=\"font-family:Cambria,serif\"><span style=\"letter-spacing:-0.5pt\"><b><span lang=\"EN-US\" style=\"font-size:18.0pt\"><span calibri=\"\" style=\"font-family:\"><span style=\"font-variant:small-caps\">Setor<\/span><\/span><\/span><\/b><\/span><\/span><\/span><\/p>\r\n\r\n<p style=\"text-align:justify\"><span style=\"font-size:11pt\"><span style=\"line-height:normal\"><span style=\"font-family:Calibri,sans-serif\"><a href=\"https:\/\/www.nonwovens-industry.com\/contents\/view_online-exclusives\/2024-11-14\/why-patent-rights-are-more-important-than-ever-in-?utm_campaign=NON+eNewsletter&amp;utm_medium=email&amp;_hsenc=p2ANqtz--8rLWw9r7n_5WY4eHGBJbbN1k8RKD5T8WmoO4Nj_CWleg_Y-PxdeTfSV374HoOBSwqEBwxki3x8tpZwr1x8xrfwlOpZg&amp;_hsmi=334009103&amp;utm_content=334009103&amp;utm_source=hs_email\" style=\"color:blue; text-decoration:underline\"><span lang=\"EN-US\" style=\"font-size:14.0pt\">Why Patent Rights are More Important than Ever in the Nonwovens Industry<\/span><\/a><\/span><\/span><\/span><\/p>\r\n\r\n<p style=\"text-align:justify\"><span style=\"font-size:11pt\"><span style=\"line-height:normal\"><span style=\"font-family:Calibri,sans-serif\"><a href=\"https:\/\/blogdoplastico.wordpress.com\/2024\/11\/19\/amcor-e-berry-se-fundem-globalmente-em-transacao-de-aproximadamente-84-bilhoes-de-dolares\/\" style=\"color:blue; text-decoration:underline\"><span style=\"font-size:14.0pt\">Amcor e Berry se fundem globalmente em transa&ccedil;&atilde;o de aproximadamente 8,4 bilh&otilde;es de d&oacute;lares<\/span><\/a><\/span><\/span><\/span><\/p>\r\n\r\n<p style=\"text-align:justify\"><span style=\"font-size:11pt\"><span style=\"line-height:normal\"><span style=\"font-family:Calibri,sans-serif\"><a href=\"https:\/\/www.nonwovens-industry.com\/contents\/view_breaking-news\/2024-11-21\/inda-and-edana-release-global-nonwoven-markets-report\/15303\" style=\"color:blue; text-decoration:underline\"><span lang=\"EN-US\" style=\"font-size:14.0pt\">INDA and EDANA Release Global Nonwoven Markets Report<\/span><\/a><\/span><\/span><\/span><\/p>\r\n\r\n<p style=\"text-align:justify\"><span style=\"font-size:11pt\"><span style=\"line-height:normal\"><span style=\"font-family:Calibri,sans-serif\"><a href=\"https:\/\/www.nonwovens-industry.com\/contents\/view_features\/2024-11-11\/airlaid-market-report-13812?utm_campaign=NON+Issue+Alert&amp;utm_medium=email&amp;_hsenc=p2ANqtz-8lVL9dKiF6MFiV-71zIzTCe8x59jw__st4YYfV0cu29HIb7Emj9GR4sp6X1SsweGnMHQVIEgAZTY9rtzDDss-Y2UoDAw&amp;_hsmi=334848293&amp;utm_content=334848293&amp;utm_source=hs_email\" style=\"color:blue; text-decoration:underline\"><span style=\"font-size:14.0pt\">Airlaid Market Report<\/span><\/a><\/span><\/span><\/span><\/p>\r\n\r\n<p style=\"text-align:justify\"><span style=\"font-size:11pt\"><span style=\"line-height:normal\"><span style=\"font-family:Calibri,sans-serif\"><a href=\"https:\/\/anba.com.br\/setor-hospitalar-dos-emirados-tem-oportunidades\/\" style=\"color:blue; text-decoration:underline\"><span style=\"font-size:14.0pt\">Setor hospitalar dos Emirados tem oportunidades<\/span><\/a><\/span><\/span><\/span><\/p>\r\n\r\n<p style=\"text-align:justify\"><span style=\"font-size:11pt\"><span style=\"line-height:normal\"><span style=\"font-family:Calibri,sans-serif\"><a href=\"https:\/\/www.nonwovens-industry.com\/contents\/view_breaking-news\/2024-11-19\/berrys-sales-increase\/15303\" style=\"color:blue; text-decoration:underline\"><span style=\"font-size:14.0pt\">Berry&rsquo;s Sales Increase<\/span><\/a><\/span><\/span><\/span><\/p>\r\n\r\n<p style=\"text-align:justify\"><span style=\"font-size:11pt\"><span style=\"line-height:normal\"><span style=\"font-family:Calibri,sans-serif\"><a href=\"https:\/\/revistaoeste.com\/economia\/braskem-fica-com-98-do-incentivo-fiscal-destinado-a-industria-quimica\/\" style=\"color:blue; text-decoration:underline\"><span style=\"font-size:14.0pt\">Braskem fica com 98% do incentivo fiscal da ind&uacute;stria qu&iacute;mica<\/span><\/a><\/span><\/span><\/span><\/p>\r\n\r\n<p style=\"text-align:justify\"><span style=\"font-size:28pt\"><span style=\"font-family:Cambria,serif\"><span style=\"letter-spacing:-0.5pt\"><b><span style=\"font-size:18.0pt\"><span calibri=\"\" style=\"font-family:\"><span style=\"font-variant:small-caps\">Ind&uacute;stria<\/span><\/span><\/span><\/b><\/span><\/span><\/span><\/p>\r\n\r\n<p style=\"text-align:justify\"><span style=\"font-size:11pt\"><span style=\"line-height:normal\"><span style=\"font-family:Calibri,sans-serif\"><a href=\"https:\/\/noticias.portaldaindustria.com.br\/noticias\/institucional\/cni-mobiliza-setor-privado-e-governo-para-debater-neoindustrializacao-e-custo-brasil\/\" style=\"color:blue; text-decoration:underline\"><span style=\"font-size:14.0pt\">CNI mobiliza setor privado e governo para debater neoindustrializa&ccedil;&atilde;o e Custo Brasil<\/span><\/a><\/span><\/span><\/span><\/p>\r\n\r\n<p style=\"text-align:justify\"><span style=\"font-size:11pt\"><span style=\"line-height:normal\"><span style=\"font-family:Calibri,sans-serif\"><a href=\"https:\/\/autopapo.com.br\/noticia\/producao-de-veiculos-aumenta\/\" style=\"color:blue; text-decoration:underline\"><span style=\"font-size:14.0pt\">Anfavea: produ&ccedil;&atilde;o de ve&iacute;culos aumenta, mas h&aacute; ainda incertezas<\/span><\/a><\/span><\/span><\/span><\/p>\r\n\r\n<p style=\"text-align:justify\"><span style=\"font-size:11pt\"><span style=\"line-height:normal\"><span style=\"font-family:Calibri,sans-serif\"><a href=\"https:\/\/www.terra.com.br\/noticias\/estudo-aponta-dados-da-industria-da-construcao,df5d810905375e00f260846613320c83uwuf6fdl.html\" style=\"color:blue; text-decoration:underline\"><span style=\"font-size:14.0pt\">Estudo aponta dados da ind&uacute;stria da constru&ccedil;&atilde;o<\/span><\/a><\/span><\/span><\/span><\/p>\r\n\r\n<p style=\"text-align:justify\"><span style=\"font-size:11pt\"><span style=\"line-height:normal\"><span style=\"font-family:Calibri,sans-serif\"><a href=\"https:\/\/www.meiofiltrante.com.br\/Noticia\/129410\/o-ano-de-2024-marca-o-recorde-historico-de-investimentos-publicos-e-privados-em-infraestrutura-no-brasil\" style=\"color:blue; text-decoration:underline\"><span style=\"font-size:14.0pt\">O ano de 2024 marca o recorde hist&oacute;rico de investimentos p&uacute;blicos e privados em infraestrutura no Brasil<\/span><\/a><\/span><\/span><\/span><\/p>\r\n\r\n<p style=\"text-align:justify\"><span style=\"font-size:11pt\"><span style=\"line-height:normal\"><span style=\"font-family:Calibri,sans-serif\"><a href=\"https:\/\/go.machadomeyer.com.br\/e\/552932\/postas-e-os-possiveis-impactos\/21tbz88\/1564601551\/h\/cX1JR_vZCbGuZd-Suqo8id_ZvOFi_f5BOhFzbtO6Cwc\" style=\"color:blue; text-decoration:underline\"><span style=\"font-size:14.0pt\">Fim da escala 6x1: mudan&ccedil;as propostas e os poss&iacute;veis impactos<\/span><\/a><\/span><\/span><\/span><\/p>\r\n\r\n<p style=\"text-align:justify\"><span style=\"font-size:11pt\"><span style=\"line-height:normal\"><span style=\"font-family:Calibri,sans-serif\"><a href=\"https:\/\/eixos.com.br\/gas-natural\/mercado-de-gas\/o-drama-do-gas-natural-no-brasil\/?utm_source=newsletters+eixos&amp;utm_campaign=a776b87415-EMAIL_CAMPAIGN_2024_09_07_12_00_COPY_01&amp;utm_medium=email&amp;utm_term=0_-b0af36c390-466362780\" style=\"color:blue; text-decoration:underline\"><span style=\"font-size:14.0pt\">O drama do g&aacute;s natural no Brasil<\/span><\/a><\/span><\/span><\/span><\/p>\r\n\r\n<p style=\"text-align:justify\"><span style=\"font-size:28pt\"><span style=\"font-family:Cambria,serif\"><span style=\"letter-spacing:-0.5pt\"><b><span style=\"font-size:18.0pt\"><span calibri=\"\" style=\"font-family:\"><span style=\"font-variant:small-caps\">Sustentabilidade<\/span><\/span><\/span><\/b><\/span><\/span><\/span><\/p>\r\n\r\n<p style=\"text-align:justify\"><span style=\"font-size:11pt\"><span style=\"line-height:normal\"><span style=\"font-family:Calibri,sans-serif\"><a href=\"https:\/\/www.gov.br\/ana\/pt-br\/assuntos\/noticias-e-eventos\/noticias\/agencia-aborda-saneamento-basico-em-seminario-nacional-promovido-pela-aesbe\" style=\"color:blue; text-decoration:underline\"><span style=\"font-size:14.0pt\">Ag&ecirc;ncia aborda saneamento b&aacute;sico em semin&aacute;rio nacional promovido pela AESBE<\/span><\/a><\/span><\/span><\/span><\/p>\r\n\r\n<p style=\"text-align:justify\"><span style=\"font-size:11pt\"><span style=\"line-height:normal\"><span style=\"font-family:Calibri,sans-serif\"><a href=\"https:\/\/exame.com\/esg\/cop29-regras-de-mercado-de-carbono-internacional-sao-aprovadas\/\" style=\"color:blue; text-decoration:underline\"><span style=\"font-size:14.0pt\">COP29: Regras de mercado de carbono internacional s&atilde;o aprovadas<\/span><\/a><\/span><\/span><\/span><\/p>\r\n\r\n<p style=\"text-align:justify\"><span style=\"font-size:11pt\"><span style=\"line-height:normal\"><span style=\"font-family:Calibri,sans-serif\"><a href=\"https:\/\/www.revistaplasticosul.com.br\/sustentabilidade\/conclusao-de-tratado-global-da-onu-contra-poluicao-plastica-desse-ano-e-urgente\/\" style=\"color:blue; text-decoration:underline\"><span style=\"font-size:14.0pt\">Conclus&atilde;o de tratado global da ONU contra polui&ccedil;&atilde;o pl&aacute;stica este ano &eacute; urgente<\/span><\/a><\/span><\/span><\/span><\/p>\r\n\r\n<p style=\"text-align:justify\"><span style=\"font-size:11pt\"><span style=\"line-height:normal\"><span style=\"font-family:Calibri,sans-serif\"><a href=\"https:\/\/www.camara.leg.br\/noticias\/1112521-camara-aprova-projeto-que-regulamenta-o-mercado-de-carbono-no-brasil-texto-segue-para-sancao\" style=\"color:blue; text-decoration:underline\"><span style=\"font-size:14.0pt\">C&acirc;mara aprova projeto que regulamenta o mercado de carbono no Brasil; texto segue para san&ccedil;&atilde;o<\/span><\/a><\/span><\/span><\/span><\/p>\r\n\r\n<p style=\"text-align:justify\"><span style=\"font-size:11pt\"><span style=\"line-height:normal\"><span style=\"font-family:Calibri,sans-serif\"><a href=\"https:\/\/www.revistaplasticosul.com.br\/sustentabilidade\/dia-do-reciclador-abiplast-apoia-adocao-de-esg-na-cadeia-da-reciclagem-do-plastico\/\" style=\"color:blue; text-decoration:underline\"><span style=\"font-size:14.0pt\">Dia do Reciclador: Abiplast apoia ado&ccedil;&atilde;o de ESG na cadeia da reciclagem do pl&aacute;stico<\/span><\/a><\/span><\/span><\/span><\/p>\r\n\r\n<p style=\"text-align:justify\"><span style=\"font-size:28pt\"><span style=\"font-family:Cambria,serif\"><span style=\"letter-spacing:-0.5pt\"><b><span style=\"font-size:18.0pt\"><span calibri=\"\" style=\"font-family:\"><span style=\"font-variant:small-caps\">Inova&ccedil;&atilde;o<\/span><\/span><\/span><\/b><\/span><\/span><\/span><\/p>\r\n\r\n<p style=\"text-align:justify\"><span style=\"font-size:11pt\"><span style=\"line-height:normal\"><span style=\"font-family:Calibri,sans-serif\"><a href=\"https:\/\/www.inovacaotecnologica.com.br\/noticias\/noticia.php?artigo=papel-hidrofobico-promete-embalagens-nunca-se-molham&amp;id=010160241118&amp;ebol=sim\" style=\"color:blue; text-decoration:underline\"><span style=\"font-size:14.0pt\">Papel hidrof&oacute;bico promete embalagens que nunca se molham<\/span><\/a><\/span><\/span><\/span><\/p>\r\n\r\n<p style=\"text-align:justify\"><span style=\"font-size:11pt\"><span style=\"line-height:normal\"><span style=\"font-family:Calibri,sans-serif\"><a href=\"https:\/\/noticias.portaldaindustria.com.br\/noticias\/internacional\/parceria-entre-cni-e-instituicao-de-ensino-chinesa-abre-portas-para-inovacao-e-tecnologia\/\" style=\"color:blue; text-decoration:underline\"><span style=\"font-size:14.0pt\">Parceria entre CNI e institui&ccedil;&atilde;o de ensino chinesa abre portas para inova&ccedil;&atilde;o e tecnologia<\/span><\/a><\/span><\/span><\/span><\/p>\r\n\r\n<p style=\"text-align:justify\"><span style=\"font-size:11pt\"><span style=\"line-height:normal\"><span style=\"font-family:Calibri,sans-serif\"><a href=\"https:\/\/dol.com.br\/noticias\/mundo-noticias\/883219\/quimicos-descobrem-como-transformar-plasticos-em-sabao?d=1\" style=\"color:blue; text-decoration:underline\"><span style=\"font-size:14.0pt\">Qu&iacute;micos descobrem como transformar pl&aacute;sticos em sab&atilde;o<\/span><\/a><\/span><\/span><\/span><\/p>\r\n\r\n<p style=\"text-align:justify\"><span style=\"font-size:11pt\"><span style=\"line-height:normal\"><span style=\"font-family:Calibri,sans-serif\"><a href=\"https:\/\/www.revistaplasticosul.com.br\/sustentabilidade\/braskem-lanca-portfolio-de-resinas-recicladas-pos-consumo-para-aplicacoes-flexiveis\/\" style=\"color:blue; text-decoration:underline\"><span style=\"font-size:14.0pt\">Braskem lan&ccedil;a portf&oacute;lio de resinas recicladas p&oacute;s-consumo para aplica&ccedil;&otilde;es flex&iacute;veis<\/span><\/a><\/span><\/span><\/span><\/p>\r\n\r\n<p style=\"text-align:justify\"><span style=\"font-size:28pt\"><span style=\"font-family:Cambria,serif\"><span style=\"letter-spacing:-0.5pt\"><b><span style=\"font-size:18.0pt\"><span calibri=\"\" style=\"font-family:\"><span style=\"font-variant:small-caps\">Com&eacute;rcio Exterior<\/span><\/span><\/span><\/b><\/span><\/span><\/span><\/p>\r\n\r\n<p style=\"text-align:justify\"><span style=\"font-size:11pt\"><span style=\"line-height:normal\"><span style=\"font-family:Calibri,sans-serif\"><a href=\"https:\/\/static.portaldaindustria.com.br\/media\/filer_public\/c6\/31\/c63101a5-48f2-4e5d-9ee4-3003d6fd9c87\/ex_ipc_24-042_visita_china_atos.pdf\" style=\"color:blue; text-decoration:underline\"><span style=\"font-size:14.0pt\">Visita Presidencial da China ao Brasil: Atos Assinados e Declara&ccedil;&atilde;o Conjunta<\/span><\/a><\/span><\/span><\/span><\/p>\r\n\r\n<p style=\"text-align:justify\"><span style=\"font-size:11pt\"><span style=\"line-height:normal\"><span style=\"font-family:Calibri,sans-serif\"><a href=\"https:\/\/www.dw.com\/pt-br\/brasil-e-china-assinam-37-acordos-sem-ades%C3%A3o-brasileira-%C3%A0-rota-da-seda\/a-70837044#amp_tf=De%20%251%24s&amp;aoh=17322392944337&amp;referrer=https%3A%2F%2Fwww.google.com&amp;ampshare=https%3A%2F%2Fwww.dw.com%2Fpt-br%2Fbrasil-e-china-assinam-37-acordos-sem-ades%25C3%25A3o-brasileira-%25C3%25A0-rota-da-seda%2Fa-70837044\" style=\"color:blue; text-decoration:underline\"><span style=\"font-size:14.0pt\">Brasil e China assinam 37 acordos, sem ades&atilde;o &agrave; Rota da Seda<\/span><\/a><\/span><\/span><\/span><\/p>\r\n\r\n<p style=\"text-align:justify\"><span style=\"font-size:11pt\"><span style=\"line-height:normal\"><span style=\"font-family:Calibri,sans-serif\"><a href=\"https:\/\/static.portaldaindustria.com.br\/media\/filer_public\/5e\/1b\/5e1b4a7d-9e00-4fa4-a20a-a48479b63e8e\/ex_ipc_24-041_pl_4423-2024_lei_geral_comex.pdf\" style=\"color:blue; text-decoration:underline\"><span style=\"font-size:14.0pt\">CRE do Senado Federal aprova Projeto de Lei sobre normas gerais do com&eacute;rcio exterior de mercadorias<\/span><\/a> <\/span><\/span><\/span><\/p>\r\n\r\n<p style=\"text-align:justify\"><span style=\"font-size:11pt\"><span style=\"line-height:normal\"><span style=\"font-family:Calibri,sans-serif\"><a href=\"https:\/\/investnews.com.br\/economia\/polonia-e-franca-discutirao-lista-de-preocupacoes-sobre-o-acordo-com-mercosul\/\" style=\"color:blue; text-decoration:underline\"><span style=\"font-size:14.0pt\">Pol&ocirc;nia e Fran&ccedil;a discutir&atilde;o lista de preocupa&ccedil;&otilde;es sobre o acordo com Mercosul<\/span><\/a><\/span><\/span><\/span><\/p>\r\n\r\n<p style=\"text-align:justify\"><span style=\"font-size:11pt\"><span style=\"line-height:normal\"><span style=\"font-family:Calibri,sans-serif\"><a href=\"https:\/\/anba.com.br\/brasil-e-emirados-assinam-acordo-de-investimentos\/\" style=\"color:blue; text-decoration:underline\"><span style=\"font-size:14.0pt\">Brasil e Emirados assinam acordo de investimentos<\/span><\/a><\/span><\/span><\/span><\/p>\r\n\r\n<p style=\"text-align:justify\"><span style=\"font-size:28pt\"><span style=\"font-family:Cambria,serif\"><span style=\"letter-spacing:-0.5pt\"><b><span style=\"font-size:18.0pt\"><span calibri=\"\" style=\"font-family:\"><span style=\"font-variant:small-caps\">Economia<\/span><\/span><\/span><\/b><\/span><\/span><\/span><\/p>\r\n\r\n<p style=\"text-align:justify\"><span style=\"font-size:11pt\"><span style=\"line-height:normal\"><span style=\"font-family:Calibri,sans-serif\"><a href=\"https:\/\/www.bcb.gov.br\/content\/focus\/focus\/R20241122.pdf\" style=\"color:blue; text-decoration:underline\"><span style=\"font-size:14.0pt\">Focus - Relat&oacute;rio de Mercado<\/span><\/a><\/span><\/span><\/span><\/p>\r\n\r\n<p style=\"text-align:justify\"><span style=\"font-size:11pt\"><span style=\"line-height:normal\"><span style=\"font-family:Calibri,sans-serif\"><a href=\"https:\/\/www.bcb.gov.br\/detalhenoticia\/20411\/nota\" style=\"color:blue; text-decoration:underline\"><span style=\"font-size:14.0pt\">BC divulga o Relat&oacute;rio de Estabilidade Financeira do primeiro semestre de 2024<\/span><\/a><\/span><\/span><\/span><\/p>\r\n\r\n<p style=\"text-align:justify\"><span style=\"font-size:11pt\"><span style=\"line-height:normal\"><span style=\"font-family:Calibri,sans-serif\"><a href=\"https:\/\/www.poder360.com.br\/poder-economia\/economia-brasileira-cresce-1-no-3o-trimestre-diz-fgv\/\" style=\"color:blue; text-decoration:underline\"><span style=\"font-size:14.0pt\">Economia brasileira cresce 1% no 3&ordm; trimestre, diz FGV<\/span><\/a><\/span><\/span><\/span><\/p>\r\n\r\n<p style=\"text-align:justify\"><img src=\"https:\/\/www.abint.org.br\/assets\/img\/editor\/redes-sociais-abint-ctg-cth_20241122162347XYKDGLERpE.jpg\" \/><\/p>\r\n","texto_en":"","7":"","imagem":"COMP_capa-2024-site-boletim-abint-noticias-semanis_202411271306212cxiIXueLW.jpg","8":"COMP_capa-2024-site-boletim-abint-noticias-semanis_202411271306212cxiIXueLW.jpg","arquivo":"20241126-BOLETIM-ABINT-DE-NOTICIAS-SEMANAIS.PDF","9":"20241126-BOLETIM-ABINT-DE-NOTICIAS-SEMANAIS.PDF","titulo_arquivo":"20241126 Boletim ABINT de Not\u00edcias Semanais","10":"20241126 Boletim ABINT de Not\u00edcias Semanais","titulo_arquivo_en":"","11":"","created_at":"2024-11-27 13:06:34","12":"2024-11-27 13:06:34","updated_at":"2025-08-29 11:56:36","13":"2025-08-29 11:56:36"},{"id":146,"0":146,"ordem":77,"1":77,"data":"2024-11-21","2":"2024-11-21","slug":"boletim-abint-de-noticias-semanais-56","3":"boletim-abint-de-noticias-semanais-56","titulo":"Boletim ABINT de Not\u00edcias Semanais","4":"Boletim ABINT de Not\u00edcias Semanais","titulo_en":"","5":"","texto":"<p style=\"text-align:justify\"><span style=\"font-size:11pt\"><span style=\"line-height:normal\"><span style=\"font-family:Calibri,sans-serif\"><span style=\"font-size:14.0pt\">Esta &eacute; uma compila&ccedil;&atilde;o das not&iacute;cias mais relevantes para o setor, incluindo informa&ccedil;&otilde;es sobre acordos internacionais, economia brasileira, sustentabilidade e mat&eacute;rias primas, al&eacute;m de novidades do setor de N&atilde;otecidos e Tecidos T&eacute;cnicos.<\/span><\/span><\/span><\/span><\/p>\r\n\r\n<p style=\"text-align:justify\"><b><span style=\"font-size:18.0pt\"><span style=\"line-height:115%\"><span style=\"font-family:&quot;Calibri&quot;,sans-serif\"><span style=\"font-variant:small-caps\">O que vem por a&iacute;<\/span><\/span><\/span><\/span><\/b><\/p>\r\n\r\n<p style=\"text-align:justify\">&nbsp;<\/p>\r\n\r\n<p style=\"text-align:justify\"><b><span style=\"font-size:18.0pt\"><span style=\"line-height:115%\"><span style=\"font-family:&quot;Calibri&quot;,sans-serif\"><span style=\"font-variant:small-caps\"><img src=\"https:\/\/www.abint.org.br\/assets\/img\/editor\/abint-logo-2020-g_20241122161551LrVTQnOjfH.png\" style=\"width: 300px; height: 69px;\" \/><\/span><\/span><\/span><\/span><\/b><\/p>\r\n\r\n<p style=\"text-align:justify\"><b><span style=\"font-size:18.0pt\"><span style=\"line-height:115%\"><span style=\"font-family:&quot;Calibri&quot;,sans-serif\"><span style=\"font-variant:small-caps\"><img src=\"https:\/\/www.abint.org.br\/assets\/img\/editor\/post-quadrado-curso-naotecido_202411221616373aIlpK3QAp.jpg\" style=\"width: 500px; height: 500px;\" \/><\/span><\/span><\/span><\/span><\/b><\/p>\r\n\r\n<p style=\"text-align:justify\"><span style=\"font-size:11pt\"><span style=\"line-height:normal\"><span style=\"font-family:Calibri,sans-serif\"><a href=\"https:\/\/forms.office.com\/r\/5DrqtK5n3Y\" style=\"color:blue; text-decoration:underline\"><span style=\"font-size:14.0pt\">Informa&ccedil;&otilde;es e inscri&ccedil;&otilde;es<\/span><\/a><\/span><\/span><\/span><\/p>\r\n\r\n<p style=\"text-align:justify\">&nbsp;<\/p>\r\n\r\n<p style=\"text-align:justify\"><img src=\"https:\/\/www.abint.org.br\/assets\/img\/editor\/logo-ctg-abint-png_20241122161741dCrnhosyUL.png\" style=\"width: 300px; height: 55px;\" \/><\/p>\r\n\r\n<p style=\"text-align:justify\"><img src=\"https:\/\/www.abint.org.br\/assets\/img\/editor\/20241203-live-ctg-instagram-thiago-zanon_20241122161840ipzIkX8zHP.jpg\" style=\"width: 500px; height: 500px;\" \/><\/p>\r\n\r\n<p style=\"text-align:justify\">&nbsp;<\/p>\r\n\r\n<p class=\"MsoTitle\" style=\"text-align:justify\"><span style=\"font-size:28pt\"><span style=\"font-family:Cambria,serif\"><span style=\"letter-spacing:-0.5pt\"><b><span style=\"font-size:18.0pt\"><span style=\"font-family:&quot;Calibri&quot;,sans-serif\"><span style=\"font-variant:small-caps\">Not&iacute;cias das Associadas<\/span><\/span><\/span><\/b><\/span><\/span><\/span><\/p>\r\n\r\n<p style=\"text-align:justify\"><span style=\"font-size:11pt\"><span style=\"line-height:normal\"><span style=\"font-family:Calibri,sans-serif\"><a href=\"https:\/\/www.difundir.com.br\/site\/c_mostra_release.php?emp=4815&amp;num_release=299536&amp;ori=V\" style=\"color:blue; text-decoration:underline\"><span style=\"font-size:14.0pt\">A import&acirc;ncia dos geossint&eacute;ticos aplicados em aterros sanit&aacute;rios foi tema de bate-papo do CTG ABINT<\/span><\/a><\/span><\/span><\/span><\/p>\r\n\r\n<p style=\"text-align:justify\"><span style=\"font-size:11pt\"><span style=\"line-height:normal\"><span style=\"font-family:Calibri,sans-serif\"><a href=\"https:\/\/www.abctecnologias.com.br\/historias-de-sucesso\/producao-eficiente-de-tanques-de-pead-no-alasca-com-o-apoio-da-leister\/?utm_source=ABC+Tecnologias&amp;utm_campaign=ff3e9ac86a-CAMPANHA_RSS_POSTS_SITE&amp;utm_medium=email&amp;utm_term=0_01821b5e7f-ff3e9ac86a-468976694\" style=\"color:blue; text-decoration:underline\"><span style=\"font-size:14.0pt\">Produ&ccedil;&atilde;o Eficiente de Tanques de PEAD no Alasca com o Apoio da Leister<\/span><\/a><\/span><\/span><\/span><\/p>\r\n\r\n<p style=\"text-align:justify\">&nbsp;<\/p>\r\n\r\n<p style=\"text-align:justify\"><span style=\"font-size:11pt\"><span style=\"line-height:normal\"><span style=\"font-family:Calibri,sans-serif\"><b><span style=\"font-size:18.0pt\"><span style=\"font-variant:small-caps\">Eventos<\/span><\/span><\/b><\/span><\/span><\/span><\/p>\r\n\r\n<p style=\"text-align:justify\"><span style=\"font-size:11pt\"><span style=\"line-height:normal\"><span style=\"font-family:Calibri,sans-serif\"><a href=\"https:\/\/www.abrafiltros.org.br\/cursos\/\" style=\"color:blue; text-decoration:underline\"><b><span style=\"font-size:14.0pt\">Cursos Abrafiltros | Automatiza&ccedil;&atilde;o de Filtros de Manga<\/span><\/b><\/a><\/span><\/span><\/span><\/p>\r\n\r\n<p style=\"text-align:justify\"><span style=\"font-size:11pt\"><span style=\"line-height:normal\"><span style=\"font-family:Calibri,sans-serif\"><a href=\"https:\/\/www.reparasul.com.br\/\" style=\"color:blue; text-decoration:underline\"><b><span style=\"font-size:14.0pt\">REPARASUL- Feira de Auto-Pe&ccedil;as e Repara&ccedil;&atilde;o Automotiva<\/span><\/b><\/a><span style=\"font-size:14.0pt\">, 20 a 22 de novembro de 2024, FENAC, Av. Na&ccedil;&otilde;es Unidas, 3825 - Bairro Ideal, Novo Hamburgo, RS<\/span><\/span><\/span><\/span><\/p>\r\n\r\n<p style=\"text-align:justify\"><span style=\"font-size:11pt\"><span style=\"line-height:normal\"><span style=\"font-family:Calibri,sans-serif\"><a href=\"https:\/\/crm-apps.apexbrasil.com.br\/orgbdeab873\/inscricao-eventos\/evento\/webinar-direto-de-mercado-vietna-2024\/02e46424-63ce-47ed-9517-3cc470d0dcb9?utm_source=EMarketing&amp;msdynttrid=BPVGP4l-cFevnuuBnxX4XnHQeCGSYCtC5qkNkIP5824\" style=\"color:blue; text-decoration:underline\"><b><span style=\"font-size:14.0pt\">Apex | Webs&eacute;rie: Direto do Mercado - Edi&ccedil;&atilde;o Vietn&atilde;<\/span><\/b><\/a><span style=\"font-size:14.0pt\">, 26 de novembro de 2024, 10h00 &agrave;s 12h00, evento online. - <\/span><a href=\"https:\/\/apexbrasil.com.br\/content\/apexbrasil\/br\/pt\/solucoes\/inteligencia\/estudos-e-publicacoes\/perfil-de-comercio-e-investimentos\/perfil-de-comercio-e-investimentos---vietna---2024.html#msdynttrid=iXTvvD7J-RT4L1tVTMk-gcLLGDrWIphZROR62FFY2ww\" style=\"color:blue; text-decoration:underline\"><span style=\"font-size:14.0pt\">Perfil de Com&eacute;rcio e Investimentos Vietn&atilde; 2024<\/span><\/a><\/span><\/span><\/span><\/p>\r\n\r\n<p style=\"text-align:justify\"><span style=\"font-size:11pt\"><span style=\"line-height:normal\"><span style=\"font-family:Calibri,sans-serif\"><a href=\"https:\/\/www.sympla.com.br\/evento\/metrolegal-2024-seminario-de-metrologia-legal\/2589740?referrer=www.google.com#event-location\" style=\"color:blue; text-decoration:underline\"><b><span style=\"font-size:14.0pt\">MetroLegal 2024 - Semin&aacute;rio de Metrologia Legal<\/span><\/b><\/a><span style=\"font-size:14.0pt\">, 26 e 27 de novembro de 2024, 08h30 &agrave;s 18h00, evento presencial em CREA-SP, Avenida Ang&eacute;lica, 2.364, audit&oacute;rio do Crea-SP, Consola&ccedil;&atilde;o, S&atilde;o Paulo, SP<\/span><\/span><\/span><\/span><\/p>\r\n\r\n<p style=\"text-align:justify\"><span style=\"font-size:11pt\"><span style=\"line-height:normal\"><span style=\"font-family:Calibri,sans-serif\"><a href=\"https:\/\/produtos.institutoabit.org.br\/prod\/f3322895-d99b-4ecb-a1e4-64156bfefdee?utm_campaign=convite_ws_etiquetagem_usa&amp;utm_medium=email&amp;utm_source=RD+Station\" style=\"color:blue; text-decoration:underline\"><b><span style=\"font-size:14.0pt\">Workshop Abit | Etiquetagem e Conformidade para produtos confeccionados: como se preparar para exportar para os Estados Unidos<\/span><\/b><\/a><span style=\"font-size:14.0pt\">, 27 de novembro de 2024, 09h &agrave;s 11h, evento h&iacute;brido<\/span><\/span><\/span><\/span><\/p>\r\n\r\n<p style=\"text-align:justify\">&nbsp;<\/p>\r\n\r\n<p style=\"text-align:justify\"><img src=\"https:\/\/www.abint.org.br\/assets\/img\/editor\/abtt-academy-curso-controle-de-qualidade_20241122162032M5LMlgHSPV.jpg\" style=\"width: 500px; height: 500px;\" \/><\/p>\r\n\r\n<p style=\"text-align:justify\"><span style=\"font-size:11pt\"><span style=\"line-height:normal\"><span style=\"font-family:Calibri,sans-serif\"><a href=\"https:\/\/docs.google.com\/forms\/d\/e\/1FAIpQLScTZYp3ad81O9jZ5AsmE9YJv-BWn5FHMpMFR-80p-445-0iUw\/viewform\" style=\"color:blue; text-decoration:underline\"><span style=\"font-size:14.0pt\">Informa&ccedil;&otilde;es e inscri&ccedil;&otilde;es<\/span><\/a><\/span><\/span><\/span><\/p>\r\n\r\n<p style=\"text-align:justify\">&nbsp;<\/p>\r\n\r\n<p style=\"text-align:justify\"><span style=\"font-size:11pt\"><span style=\"line-height:normal\"><span style=\"font-family:Calibri,sans-serif\"><a href=\"https:\/\/www.enaiq.org.br\/\" style=\"color:blue; text-decoration:underline\"><b><span style=\"font-size:14.0pt\">ENAIQ 2024 &ndash; 29&ordm; Encontro Anual da Ind&uacute;stria Qu&iacute;mica<\/span><\/b><\/a><span style=\"font-size:14.0pt\">, 02 de dezembro de 2024, World Trade Center S&atilde;o Paulo, Av. das Na&ccedil;&otilde;es Unidas, 12551, Cidade Mon&ccedil;&otilde;es, S&atilde;o Paulo, SP, 04578-903<\/span><\/span><\/span><\/span><\/p>\r\n\r\n<p style=\"text-align:justify\"><span style=\"font-size:11pt\"><span style=\"line-height:normal\"><span style=\"font-family:Calibri,sans-serif\"><a href=\"https:\/\/send.neopixdmi.com\/index.php\/campaigns\/as827ezfoq9af\/web-version\/mh045xn88n9c0\" style=\"color:blue; text-decoration:underline\"><b><span style=\"font-size:14.0pt\">VI Semin&aacute;rio Meio Ambiente, Saneamento e Sustentabilidade - ASEC, ABES-SP e AESabesp<\/span><\/b><\/a><span style=\"font-size:14.0pt\">, de 10 a 12 de dezembro de 2024, as 9h &agrave;s 16h30, Audit&oacute;rio Augusto Ruschi, Cetesb, S&atilde;o Paulo, SP.<\/span><\/span><\/span><\/span><\/p>\r\n\r\n<p style=\"text-align:justify\"><span style=\"font-size:11pt\"><span style=\"line-height:normal\"><span style=\"font-family:Calibri,sans-serif\"><a href=\"https:\/\/conteudo.fcem.com.br\/seja-expositor-febratextil-2025?utm_campaign=emkt_comercial_febratextil_comercial_041124&amp;utm_medium=email&amp;utm_source=RD+Station\" style=\"color:blue; text-decoration:underline\"><b><span style=\"font-size:14.0pt\">FebraT&ecirc;xtil 2025<\/span><\/b><\/a><span style=\"font-size:14.0pt\">, 18 a 20 de fevereiro de 2025, Expo Center Norte, S&atilde;o Paulo, SP<\/span><\/span><\/span><\/span><\/p>\r\n\r\n<p style=\"text-align:justify\"><span style=\"font-size:11pt\"><span style=\"line-height:normal\"><span style=\"font-family:Calibri,sans-serif\"><a href=\"https:\/\/www.fimec.com.br\/\" style=\"color:blue; text-decoration:underline\"><b><span style=\"font-size:14.0pt\">Fimec 2025<\/span><\/b><\/a><span style=\"font-size:14.0pt\">, 18 a 20 de mar&ccedil;o, Fenac, Novo Hamburgo, RS<\/span><\/span><\/span><\/span><\/p>\r\n\r\n<p style=\"text-align:justify\"><span style=\"font-size:11pt\"><span style=\"line-height:normal\"><span style=\"font-family:Calibri,sans-serif\"><a href=\"https:\/\/www.plasticobrasil.com.br\/pt\/home.html\" style=\"color:blue; text-decoration:underline\"><b><span style=\"font-size:14.0pt\">Feira Pl&aacute;stico Brasil<\/span><\/b><\/a><span style=\"font-size:14.0pt\">, de 24 a 28 de mar&ccedil;o de 2025, das 10h &agrave;s 19h, S&atilde;o Paulo Expo, Rodovia dos Imigrantes, km 1,5<\/span><\/span><\/span><\/span><\/p>\r\n\r\n<p style=\"text-align:justify\"><span style=\"font-size:11pt\"><span style=\"line-height:normal\"><span style=\"font-family:Calibri,sans-serif\"><a href=\"https:\/\/ideashow.org\/\" style=\"color:blue; text-decoration:underline\"><b><span lang=\"EN-US\" style=\"font-size:14.0pt\">IDEA25<\/span><\/b><\/a><span lang=\"EN-US\" style=\"font-size:14.0pt\">, April 29-May 1, 2025, Miami Beach Convention Center, Miami Beach, Florida<\/span><\/span><\/span><\/span><\/p>\r\n\r\n<p style=\"text-align:justify\"><span style=\"font-size:11pt\"><span style=\"line-height:normal\"><span style=\"font-family:Calibri,sans-serif\"><a href=\"https:\/\/www.conbrava.com.br\/\" style=\"color:blue; text-decoration:underline\"><b><span style=\"font-size:14.0pt\">CONBRAVA 2025<\/span><\/b><\/a><span style=\"font-size:14.0pt\">, 10 a 12 de setembro de 2025, S&atilde;o Paulo Expo, Rodovia dos Imigrantes, km 1,5<\/span><\/span><\/span><\/span><\/p>\r\n\r\n<p style=\"text-align:justify\"><span style=\"font-size:11pt\"><span style=\"line-height:normal\"><span style=\"font-family:Calibri,sans-serif\"><b><span style=\"font-size:14.0pt\">17&ordm; Congresso Brasileiro de Enfermagem em Centro Cir&uacute;rgico: &ldquo;O poder de cuidar&rdquo;<\/span><\/b><span style=\"font-size:14.0pt\">, 01 a 03 de outubro de 2025, Transamerica Expo Center, S&atilde;o Paulo, SP<\/span><\/span><\/span><\/span><\/p>\r\n\r\n<p style=\"text-align:justify\">&nbsp;<\/p>\r\n\r\n<p class=\"MsoTitle\" style=\"text-align:justify\"><span style=\"font-size:28pt\"><span style=\"font-family:Cambria,serif\"><span style=\"letter-spacing:-0.5pt\"><b><span lang=\"EN-US\" style=\"font-size:18.0pt\"><span style=\"font-family:&quot;Calibri&quot;,sans-serif\"><span style=\"font-variant:small-caps\">Setor<\/span><\/span><\/span><\/b><\/span><\/span><\/span><\/p>\r\n\r\n<p style=\"text-align:justify\"><span style=\"font-size:11pt\"><span style=\"line-height:normal\"><span style=\"font-family:Calibri,sans-serif\"><a href=\"https:\/\/translate.google.com.br\/?hl=pt-BR&amp;tab=wT&amp;sl=en&amp;tl=pt&amp;text=Brussel%27s%20EDANA%20unites%20nonwovens%20industry%20on%20sustainable%20future%20goals&amp;op=translate\" style=\"color:blue; text-decoration:underline\"><span lang=\"EN-US\" style=\"font-size:14.0pt\">Brussel&#39;s EDANA unites nonwovens industry on sustainable future goals<\/span><\/a><\/span><\/span><\/span><\/p>\r\n\r\n<p style=\"text-align:justify\"><span style=\"font-size:11pt\"><span style=\"line-height:normal\"><span style=\"font-family:Calibri,sans-serif\"><a href=\"https:\/\/mailchi.mp\/b922f98c508c\/exciting-developments-at-niri-july-2024-newsletter-6421701?e=f72609da11\" style=\"color:blue; text-decoration:underline\"><span lang=\"EN-US\" style=\"font-size:14.0pt\">PFAS Legislation is Coming: How Nonwoven Manufacturers Can Innovate and Thrive<\/span><\/a><\/span><\/span><\/span><\/p>\r\n\r\n<p style=\"text-align:justify\"><span style=\"font-size:11pt\"><span style=\"line-height:normal\"><span style=\"font-family:Calibri,sans-serif\"><a href=\"https:\/\/t.rdsv2.net\/ls\/click?upn=u001.SJ-2BHbcLStyE5mTD5OK48sq2JxFfkhvQ6eAz6nLBcupW-2FaAWf5KpGjImT-2Brqfnl1OIJA-2FUHIWNzyR9Mz-2FEZApBlXZ62g-2ByFOvar-2BKdr0IDzJ-2FbdnJoVpY-2FxeV8-2FZt8v3kAwaJCtQl0i4JSW5rh1E4uKC2CZHIF-2BMlGKFLrjVoxo-2FBSk8HQdh7P-2BvxUHjjbWk7GGvMDDR4-2FtyNTbWa3JwkM524GwFyR3KuDfuJyXAqtLWM-2BKDbrgbqK2FA5tw7RacmU4Sqe1sGMzVTfc-2BWCPbm7MfChY8-2FFQfML9aT8C-2BbUjcvZ0isrBa0n5iok1ujVeLB1Fsccy1-2F2YpjN3EzR08-2B-2Bg-3D-3DdfC4_T7N8BvZTOm04CQQMiyWztrpCjlUrRc4F7QzSgUIpTqB5Yk-2Bt7YhUyk7lZRXmbFFsi-2Foe1q0kuwsCjfsBOqL9ZeKwOqG7ApazixuGEP6Z5SJuFg5bm15p-2FcAKNI6-2BqjB-2BBaa-2FKxoxopyclpzz4GsxjYiLBqbRWf-2FIXpwpQKZzE-2FtLrH7thbT8L3hry8zI2sf2uNQqPQU-2BdbT-2Flkpk7WjxekS34DHb0BrFJ-2F3l74nOKkRA-2FVk5FVQ1qogl13pYTM2SKJtVZpoAfq9khAHhMGITih0sOSK2fwIxFFb4C-2FmeSeAiXxwdqOqDIMXxAhfxIuBbaJ6HwGKkEHbaN9k9wWw8PpFSkkSOI36u5XsQ4N1jdBj2o4B3mk6WZOa9sv3pSY5Tw1RSC1bTc-2Bf1fWuyztfA4sIBJyy8YBoVdFsMQf-2F1knDiEG3XPPHM6D74O-2Brc7m0CjevTjHhOC1yrGfGUEZrw8lqEh-2FSUoLNUitNVG-2Fd3fXh5KldIRGFBP7g1VxXihmkLLHoUG0Y-2Bkobc0jPzO3mQC-2FtThxApSYGEuWVf9dUQ6cPpBy3DBfg7rmzI1ddcy-2BzSyboWkJBncLKqlhZHaH9TL8mn85E2HD94pSmbo5B8YXxDIzb-2Br06eNZjetpHy-2FQZjzc-2FYf0ohdGaTrhEnximoUw-3D-3D\" style=\"color:blue; text-decoration:underline\" target=\"_blank\" title=\"Distribui\u00e7\u00e3o de absorventes para mulheres em situa\u00e7\u00e3o de calamidade p\u00fablica \u00e9 aprovada por Comiss\u00e3o da C\u00e2mara dos Deputados\"><span style=\"font-size:14.0pt\">Distribui&ccedil;&atilde;o de absorventes para mulheres em situa&ccedil;&atilde;o de calamidade p&uacute;blica &eacute; aprovada por Comiss&atilde;o da C&acirc;mara dos Deputados<\/span><\/a><\/span><\/span><\/span><\/p>\r\n\r\n<p style=\"text-align:justify\"><span style=\"font-size:11pt\"><span style=\"line-height:normal\"><span style=\"font-family:Calibri,sans-serif\"><a href=\"https:\/\/gazetadepinheiros.com.br\/noticia\/10927\/freebrands-anuncia-novos-lencos-umedecidos-com-foco-no-publico-feminino\" style=\"color:blue; text-decoration:underline\"><span style=\"font-size:14.0pt\">FreeBrands anuncia novos len&ccedil;os umedecidos com foco no p&uacute;blico feminino<\/span><\/a><\/span><\/span><\/span><\/p>\r\n\r\n<p style=\"text-align:justify\"><span style=\"font-size:11pt\"><span style=\"line-height:normal\"><span style=\"font-family:Calibri,sans-serif\"><a href=\"https:\/\/t.rdsv2.net\/ls\/click?upn=u001.SJ-2BHbcLStyE5mTD5OK48sq2JxFfkhvQ6eAz6nLBcupX-2FI4lC04xVMGPG3ftFm8l95Fw87bfH7bCtbOermGR8Hz8vuTqGMGPdRwFw4yU8Vs4ZKD-2FFlv81raEsSlemTk9aFUgZ-2BflDMqpliWWmHeYB1vaAlvreAWRKENazevZSAO2iLcZW-2Bbrxj3fEwEH20PCkCXG0srIrjJdfPOecRK85-2FmccPx0GLws0wagWfYARKvGiYSKUlGhvlB5wDqesPW6OBTTA0bNEiT405INhayDVJXKV7xdDyRZA9ZsUC3BQM-2BCXQ7gMLd-2FkSFycGwvm1YmEkbUlxFfdo-2FUlMSY11COXzg-3D-3DQMr1_T7N8BvZTOm04CQQMiyWztrpCjlUrRc4F7QzSgUIpTqB5Yk-2Bt7YhUyk7lZRXmbFFsi-2Foe1q0kuwsCjfsBOqL9ZeKwOqG7ApazixuGEP6Z5SJuFg5bm15p-2FcAKNI6-2BqjB-2Byg1UpJpBRqHpDLuhsnUWOMDDe-2F-2F2rWxlzRoDKWNl1avhSnswAeNd-2F3RqCNEIbnuuR9jcxAfnjNGFS8bpumNUDrvxWErliG6zA61EVakmgVQ3YpGY3zMrOFNm2gtBKMd71TJBXiFM1UQjWgGn0qO8JP6yBVWMJXCJtzSj41GwrJWHgQT5hpotaukPZo5-2FigbZVWJDe0ACldThlKLRcbBq3DvVQg7iVvWXm2z7xKc6DrR7OkJj0TCll3wdAmcYyQdlDFXIgXqEL4pendFAopMZZ9iIgS7b-2BdsKxK7JUgRkpmXVamRADdYtnHcq0-2BH945kwPLPqQubNCz8QzHsMNL3eE-2BrWszt-2Bs2HaYr8xKTb8cZ8CSCxNtahGujmYeFExJ2MHtzvHXCUs8OgDPkBZslDMcQ2KrTmGDcA2Av8FOG8OozBhnYpOnUbBU4RuAsTLq6-2FXmYjCwBtRF7ms4GLaYAWXop3J-2BrEE1BxBUHk54fcw24JUEB4N5NLezKg9wIuNkdukn2Ab2qp9BZzDdzuK90K8zT2mn4fwRBK4sdmNIkSw3cWmWik3rDvLhYQP5yZH-2BKTVXo1BWs-2Bls8yrQYnNPASuDELG33pDZlknUC-2FBZ389EFg-3D\" style=\"color:blue; text-decoration:underline\" title=\"Drylock inicia constru\u00e7\u00e3o da terceira planta no Brasil com cerim\u00f4nia simb\u00f3lica\"><span style=\"font-size:14.0pt\">Drylock inicia constru&ccedil;&atilde;o da terceira planta no Brasil com cerim&ocirc;nia simb&oacute;lica<\/span><\/a><\/span><\/span><\/span><\/p>\r\n\r\n<p style=\"text-align:justify\"><span style=\"font-size:28pt\"><span style=\"font-family:Cambria,serif\"><span style=\"letter-spacing:-0.5pt\"><b><span style=\"font-size:18.0pt\"><span style=\"font-family:&quot;Calibri&quot;,sans-serif\"><span style=\"font-variant:small-caps\">Ind&uacute;stria<\/span><\/span><\/span><\/b><\/span><\/span><\/span><\/p>\r\n\r\n<p style=\"text-align:justify\"><span style=\"font-size:11pt\"><span style=\"line-height:normal\"><span style=\"font-family:Calibri,sans-serif\"><a href=\"https:\/\/diariodonordeste.verdesmares.com.br\/negocios\/setor-calcadista-reclama-de-falta-de-mao-de-obra-e-critica-fim-da-escala-6x1-retrocesso-1.3582191#amp_tf=De%20%251%24s&amp;aoh=17315401382642&amp;csi=0&amp;referrer=https%3A%2F%2Fwww.google.com&amp;ampshare=https%3A%2F%2Fdiariodonordeste.verdesmares.com.br%2Fnegocios%2Fsetor-calcadista-reclama-de-falta-de-mao-de-obra-e-critica-fim-da-escala-6x1-retrocesso-1.3582191\" style=\"color:blue; text-decoration:underline\"><span style=\"font-size:14.0pt\">Setor cal&ccedil;adista reclama de falta de m&atilde;o de obra e critica fim da escala 6x1: &#39;Retrocesso&#39;<\/span><\/a><\/span><\/span><\/span><\/p>\r\n\r\n<p style=\"text-align:justify\"><span style=\"font-size:11pt\"><span style=\"line-height:normal\"><span style=\"font-family:Calibri,sans-serif\"><a href=\"https:\/\/noticias.portaldaindustria.com.br\/noticias\/economia\/pessimismo-com-a-economia-diminui-confianca-dos-empresarios-da-industria-diz-cni\/\" style=\"color:blue; text-decoration:underline\"><span style=\"font-size:14.0pt\">Pessimismo com a economia diminui confian&ccedil;a dos empres&aacute;rios da ind&uacute;stria, diz CNI<\/span><\/a><\/span><\/span><\/span><\/p>\r\n\r\n<p style=\"text-align:justify\"><span style=\"font-size:11pt\"><span style=\"line-height:normal\"><span style=\"font-family:Calibri,sans-serif\"><a href=\"https:\/\/petronoticias.com.br\/a-industria-quimica-considera-um-dia-historico-a-criacao-do-inventario-nacional-de-substancias-quiimicas-no-brasil\/\" style=\"color:blue; text-decoration:underline\"><span style=\"font-size:14.0pt\">A ind&uacute;stria qu&iacute;mica vive um dia hist&oacute;rico com a cria&ccedil;&atilde;o do invent&aacute;rio nacional de subst&acirc;ncias qu&iacute;micas no Brasil<\/span><\/a><\/span><\/span><\/span><\/p>\r\n\r\n<p style=\"text-align:justify\"><span style=\"font-size:11pt\"><span style=\"line-height:normal\"><span style=\"font-family:Calibri,sans-serif\"><a href=\"https:\/\/www.gazetasp.com.br\/automotor\/producao-e-exportacao-de-veiculos-crescem-em-outubro-segundo-anfavea\/1146316\/\" style=\"color:blue; text-decoration:underline\"><span style=\"font-size:14.0pt\">Produ&ccedil;&atilde;o e exporta&ccedil;&atilde;o de ve&iacute;culos crescem em outubro, segundo Anfavea<\/span><\/a><\/span><\/span><\/span><\/p>\r\n\r\n<p style=\"text-align:justify\"><span style=\"font-size:11pt\"><span style=\"line-height:normal\"><span style=\"font-family:Calibri,sans-serif\"><a href=\"https:\/\/www.dcomercio.com.br\/publicacao\/s\/setor-de-moveis-cresce-9-1-puxado-pelo-mercado-interno-diz-abimovel\" style=\"color:blue; text-decoration:underline\"><span style=\"font-size:14.0pt\">Setor de m&oacute;veis cresce 9,1% puxado pelo mercado interno, diz Abim&oacute;vel<\/span><\/a><\/span><\/span><\/span><\/p>\r\n\r\n<p style=\"text-align:justify\"><span style=\"font-size:28pt\"><span style=\"font-family:Cambria,serif\"><span style=\"letter-spacing:-0.5pt\"><b><span style=\"font-size:18.0pt\"><span style=\"font-family:&quot;Calibri&quot;,sans-serif\"><span style=\"font-variant:small-caps\">Sustentabilidade<\/span><\/span><\/span><\/b><\/span><\/span><\/span><\/p>\r\n\r\n<p style=\"text-align:justify\"><span style=\"font-size:11pt\"><span style=\"line-height:normal\"><span style=\"font-family:Calibri,sans-serif\"><a href=\"https:\/\/plasticosemrevista.com.br\/reciclagem-quimica-passada-a-limpo\/\" style=\"color:blue; text-decoration:underline\"><span style=\"font-size:14.0pt\">Reciclagem qu&iacute;mica passada a limpo<\/span><\/a><\/span><\/span><\/span><\/p>\r\n\r\n<p style=\"text-align:justify\"><span style=\"font-size:11pt\"><span style=\"line-height:normal\"><span style=\"font-family:Calibri,sans-serif\"><a href=\"https:\/\/semil.sp.gov.br\/educacaoambiental\/prateleira-ambiental\/brasil-produz-48-milhoes-de-toneladas-de-residuos-de-construcao-e-demolicao\/\" style=\"color:blue; text-decoration:underline\"><span style=\"font-size:14.0pt\">Brasil produz 48 milh&otilde;es de toneladas de res&iacute;duos de constru&ccedil;&atilde;o e demoli&ccedil;&atilde;o<\/span><\/a><\/span><\/span><\/span><\/p>\r\n\r\n<p style=\"text-align:justify\"><span style=\"font-size:11pt\"><span style=\"line-height:normal\"><span style=\"font-family:Calibri,sans-serif\"><a href=\"https:\/\/www.saneamentoambiental.com.br\/noticias\/brasil-apresenta-nova-meta-de-emissoes-na-cop29\" style=\"color:blue; text-decoration:underline\"><span style=\"font-size:14.0pt\">Brasil apresenta nova meta de emiss&otilde;es na COP29<\/span><\/a><\/span><\/span><\/span><\/p>\r\n\r\n<p style=\"text-align:justify\"><span style=\"font-size:11pt\"><span style=\"line-height:normal\"><span style=\"font-family:Calibri,sans-serif\"><a href=\"https:\/\/www.gov.br\/mdic\/pt-br\/assuntos\/noticias\/2024\/novembro\/mdic-e-cni-lancam-estudo-que-mostra-desafios-para-descarbonizacao-da-industria-no-brasil\" style=\"color:blue; text-decoration:underline\"><span style=\"font-size:14.0pt\">MDIC e CNI lan&ccedil;am estudo que mostra desafios para descarboniza&ccedil;&atilde;o da ind&uacute;stria no Brasil<\/span><\/a><\/span><\/span><\/span><\/p>\r\n\r\n<p style=\"text-align:justify\"><span style=\"font-size:28pt\"><span style=\"font-family:Cambria,serif\"><span style=\"letter-spacing:-0.5pt\"><b><span style=\"font-size:18.0pt\"><span style=\"font-family:&quot;Calibri&quot;,sans-serif\"><span style=\"font-variant:small-caps\">Inova&ccedil;&atilde;o<\/span><\/span><\/span><\/b><\/span><\/span><\/span><\/p>\r\n\r\n<p style=\"text-align:justify\"><span style=\"font-size:11pt\"><span style=\"line-height:normal\"><span style=\"font-family:Calibri,sans-serif\"><a href=\"https:\/\/clickpetroleoegas.com.br\/cientistas-desenvolvem-plastico-nunca-visto-antes-o-novo-plastico-e-duro-como-o-aluminio-e-super-resistente\/\" style=\"color:blue; text-decoration:underline\"><span style=\"font-size:14.0pt\">Cientistas desenvolvem pl&aacute;stico nunca visto antes! O novo pl&aacute;stico &eacute; duro como o alum&iacute;nio e super-resistente<\/span><\/a><\/span><\/span><\/span><\/p>\r\n\r\n<p style=\"text-align:justify\"><span style=\"font-size:11pt\"><span style=\"line-height:normal\"><span style=\"font-family:Calibri,sans-serif\"><a href=\"https:\/\/noticias.portaldaindustria.com.br\/noticias\/internacional\/brasil-e-suecia-se-unem-em-busca-de-parcerias-para-projetos-de-inovacao\/\" style=\"color:blue; text-decoration:underline\"><span style=\"font-size:14.0pt\">Brasil e Su&eacute;cia se unem em busca de parcerias para projetos de inova&ccedil;&atilde;o<\/span><\/a><\/span><\/span><\/span><\/p>\r\n\r\n<p style=\"text-align:justify\"><span style=\"font-size:11pt\"><span style=\"line-height:normal\"><span style=\"font-family:Calibri,sans-serif\"><a href=\"https:\/\/forbes.com.br\/forbes-tech\/2024\/11\/tecnologia-criada-por-cientistas-brasileiras-evita-que-toneladas-de-plasticos-sejam-descartadas\/\" style=\"color:blue; text-decoration:underline\"><span style=\"font-size:14.0pt\">Tecnologia criada por cientistas brasileiras evita que toneladas de pl&aacute;sticos sejam descartadas<\/span><\/a><\/span><\/span><\/span><\/p>\r\n\r\n<p style=\"text-align:justify\"><span style=\"font-size:28pt\"><span style=\"font-family:Cambria,serif\"><span style=\"letter-spacing:-0.5pt\"><b><span style=\"font-size:18.0pt\"><span style=\"font-family:&quot;Calibri&quot;,sans-serif\"><span style=\"font-variant:small-caps\">Com&eacute;rcio Exterior<\/span><\/span><\/span><\/b><\/span><\/span><\/span><\/p>\r\n\r\n<p style=\"text-align:justify\"><span style=\"font-size:11pt\"><span style=\"line-height:normal\"><span style=\"font-family:Calibri,sans-serif\"><a href=\"https:\/\/www.technicaltextile.net\/news\/existing-us-orders-on-vietnamese-laminated-woven-sacks-import-continue-298992.html\" style=\"color:blue; text-decoration:underline\"><span lang=\"EN-US\" style=\"font-size:14.0pt\">Existing US orders on Vietnamese laminated woven sacks import continue<\/span><\/a><\/span><\/span><\/span><\/p>\r\n\r\n<p style=\"text-align:justify\"><span style=\"font-size:11pt\"><span style=\"line-height:normal\"><span style=\"font-family:Calibri,sans-serif\"><a href=\"https:\/\/phvox.com.br\/xi-jinping-inaugura-megaporto-de-chancay-sob-multiplos-riscos-para-o-peru\/\" style=\"color:blue; text-decoration:underline\"><span style=\"font-size:14.0pt\">Xi Jinping inaugura megaporto de Chancay sob &ldquo;m&uacute;ltiplos riscos&rdquo; para o Peru<\/span><\/a><\/span><\/span><\/span><\/p>\r\n\r\n<p style=\"text-align:justify\"><span style=\"font-size:11pt\"><span style=\"line-height:normal\"><span style=\"font-family:Calibri,sans-serif\"><a href=\"https:\/\/clickpetroleoegas.com.br\/argentina-elimina-impostos-sobre-compras-internacionais-enquanto-brasil-endurece-regras-dois-caminhos-opostos-na-economia-do-mercosul\/\" style=\"color:blue; text-decoration:underline\"><span style=\"font-size:14.0pt\">Argentina elimina impostos sobre compras internacionais enquanto Brasil endurece regras: dois caminhos opostos na economia do Mercosul<\/span><\/a><\/span><\/span><\/span><\/p>\r\n\r\n<p style=\"text-align:justify\"><span style=\"font-size:11pt\"><span style=\"line-height:normal\"><span style=\"font-family:Calibri,sans-serif\"><a href=\"https:\/\/economia.ig.com.br\/afp\/2024-11-13\/franca-em-pe-de-guerra-contra-o-acordo-ue-mercosul.html\" style=\"color:blue; text-decoration:underline\"><span style=\"font-size:14.0pt\">Fran&ccedil;a em p&eacute; de guerra contra o acordo UE-Mercosul<\/span><\/a><\/span><\/span><\/span><\/p>\r\n\r\n<p style=\"text-align:justify\"><span style=\"font-size:11pt\"><span style=\"line-height:normal\"><span style=\"font-family:Calibri,sans-serif\"><a href=\"https:\/\/apexbrasil.com.br\/br\/pt\/conteudo\/noticias\/Missao-da-ApexBrasil-MRE-e-MDIC-busca-ampliacao-do-fluxo-comercial-com-Japao-e-paises-do-Leste-Asiatico.html#msdynttrid=8TiN4Tzt3wt9FHLVfQwW1HJ2McDkhxg02v-NGefnNvc\" style=\"color:blue; text-decoration:underline\"><span style=\"font-size:14.0pt\">Miss&atilde;o da ApexBrasil, MRE e MDIC busca amplia&ccedil;&atilde;o do fluxo comercial com Jap&atilde;o e pa&iacute;ses do Leste Asi&aacute;tico<\/span><\/a><\/span><\/span><\/span><\/p>\r\n\r\n<p style=\"text-align:justify\"><span style=\"font-size:28pt\"><span style=\"font-family:Cambria,serif\"><span style=\"letter-spacing:-0.5pt\"><b><span style=\"font-size:18.0pt\"><span style=\"font-family:&quot;Calibri&quot;,sans-serif\"><span style=\"font-variant:small-caps\">Economia<\/span><\/span><\/span><\/b><\/span><\/span><\/span><\/p>\r\n\r\n<p style=\"text-align:justify\"><span style=\"font-size:11pt\"><span style=\"line-height:normal\"><span style=\"font-family:Calibri,sans-serif\"><a href=\"https:\/\/www.bcb.gov.br\/content\/focus\/focus\/R20241114.pdf\" style=\"color:blue; text-decoration:underline\"><span style=\"font-size:14.0pt\">Focus - Relat&oacute;rio de Mercado<\/span><\/a><\/span><\/span><\/span><\/p>\r\n\r\n<p style=\"text-align:justify\"><span style=\"font-size:11pt\"><span style=\"line-height:normal\"><span style=\"font-family:Calibri,sans-serif\"><a href=\"https:\/\/blogdoibre.fgv.br\/posts\/fragilidades-do-arcabouco-fiscal\" style=\"color:blue; text-decoration:underline\"><span style=\"font-size:14.0pt\">As fragilidades do arcabou&ccedil;o fiscal<\/span><\/a><\/span><\/span><\/span><\/p>\r\n\r\n<p style=\"text-align:justify\"><span style=\"font-size:11pt\"><span style=\"line-height:normal\"><span style=\"font-family:Calibri,sans-serif\"><a href=\"https:\/\/ibre.fgv.br\/blog-da-conjuntura-economica\/artigos\/estudo-aponta-aumento-de-gasto-tributario-no-brasil-nas-ultimas\" style=\"color:blue; text-decoration:underline\"><span style=\"font-size:14.0pt\">Estudo aponta aumento de gasto tribut&aacute;rio no Brasil nas &uacute;ltimas duas d&eacute;cadas e necessidade de melhor governan&ccedil;a<\/span><\/a><\/span><\/span><\/span><\/p>\r\n\r\n<p style=\"text-align:justify\"><img src=\"https:\/\/www.abint.org.br\/assets\/img\/editor\/redes-sociais-abint-ctg-cth_20241122162347XYKDGLERpE.jpg\" \/><\/p>\r\n","6":"<p style=\"text-align:justify\"><span style=\"font-size:11pt\"><span style=\"line-height:normal\"><span style=\"font-family:Calibri,sans-serif\"><span style=\"font-size:14.0pt\">Esta &eacute; uma compila&ccedil;&atilde;o das not&iacute;cias mais relevantes para o setor, incluindo informa&ccedil;&otilde;es sobre acordos internacionais, economia brasileira, sustentabilidade e mat&eacute;rias primas, al&eacute;m de novidades do setor de N&atilde;otecidos e Tecidos T&eacute;cnicos.<\/span><\/span><\/span><\/span><\/p>\r\n\r\n<p style=\"text-align:justify\"><b><span style=\"font-size:18.0pt\"><span style=\"line-height:115%\"><span style=\"font-family:&quot;Calibri&quot;,sans-serif\"><span style=\"font-variant:small-caps\">O que vem por a&iacute;<\/span><\/span><\/span><\/span><\/b><\/p>\r\n\r\n<p style=\"text-align:justify\">&nbsp;<\/p>\r\n\r\n<p style=\"text-align:justify\"><b><span style=\"font-size:18.0pt\"><span style=\"line-height:115%\"><span style=\"font-family:&quot;Calibri&quot;,sans-serif\"><span style=\"font-variant:small-caps\"><img src=\"https:\/\/www.abint.org.br\/assets\/img\/editor\/abint-logo-2020-g_20241122161551LrVTQnOjfH.png\" style=\"width: 300px; height: 69px;\" \/><\/span><\/span><\/span><\/span><\/b><\/p>\r\n\r\n<p style=\"text-align:justify\"><b><span style=\"font-size:18.0pt\"><span style=\"line-height:115%\"><span style=\"font-family:&quot;Calibri&quot;,sans-serif\"><span style=\"font-variant:small-caps\"><img src=\"https:\/\/www.abint.org.br\/assets\/img\/editor\/post-quadrado-curso-naotecido_202411221616373aIlpK3QAp.jpg\" style=\"width: 500px; height: 500px;\" \/><\/span><\/span><\/span><\/span><\/b><\/p>\r\n\r\n<p style=\"text-align:justify\"><span style=\"font-size:11pt\"><span style=\"line-height:normal\"><span style=\"font-family:Calibri,sans-serif\"><a href=\"https:\/\/forms.office.com\/r\/5DrqtK5n3Y\" style=\"color:blue; text-decoration:underline\"><span style=\"font-size:14.0pt\">Informa&ccedil;&otilde;es e inscri&ccedil;&otilde;es<\/span><\/a><\/span><\/span><\/span><\/p>\r\n\r\n<p style=\"text-align:justify\">&nbsp;<\/p>\r\n\r\n<p style=\"text-align:justify\"><img src=\"https:\/\/www.abint.org.br\/assets\/img\/editor\/logo-ctg-abint-png_20241122161741dCrnhosyUL.png\" style=\"width: 300px; height: 55px;\" \/><\/p>\r\n\r\n<p style=\"text-align:justify\"><img src=\"https:\/\/www.abint.org.br\/assets\/img\/editor\/20241203-live-ctg-instagram-thiago-zanon_20241122161840ipzIkX8zHP.jpg\" style=\"width: 500px; height: 500px;\" \/><\/p>\r\n\r\n<p style=\"text-align:justify\">&nbsp;<\/p>\r\n\r\n<p class=\"MsoTitle\" style=\"text-align:justify\"><span style=\"font-size:28pt\"><span style=\"font-family:Cambria,serif\"><span style=\"letter-spacing:-0.5pt\"><b><span style=\"font-size:18.0pt\"><span style=\"font-family:&quot;Calibri&quot;,sans-serif\"><span style=\"font-variant:small-caps\">Not&iacute;cias das Associadas<\/span><\/span><\/span><\/b><\/span><\/span><\/span><\/p>\r\n\r\n<p style=\"text-align:justify\"><span style=\"font-size:11pt\"><span style=\"line-height:normal\"><span style=\"font-family:Calibri,sans-serif\"><a href=\"https:\/\/www.difundir.com.br\/site\/c_mostra_release.php?emp=4815&amp;num_release=299536&amp;ori=V\" style=\"color:blue; text-decoration:underline\"><span style=\"font-size:14.0pt\">A import&acirc;ncia dos geossint&eacute;ticos aplicados em aterros sanit&aacute;rios foi tema de bate-papo do CTG ABINT<\/span><\/a><\/span><\/span><\/span><\/p>\r\n\r\n<p style=\"text-align:justify\"><span style=\"font-size:11pt\"><span style=\"line-height:normal\"><span style=\"font-family:Calibri,sans-serif\"><a href=\"https:\/\/www.abctecnologias.com.br\/historias-de-sucesso\/producao-eficiente-de-tanques-de-pead-no-alasca-com-o-apoio-da-leister\/?utm_source=ABC+Tecnologias&amp;utm_campaign=ff3e9ac86a-CAMPANHA_RSS_POSTS_SITE&amp;utm_medium=email&amp;utm_term=0_01821b5e7f-ff3e9ac86a-468976694\" style=\"color:blue; text-decoration:underline\"><span style=\"font-size:14.0pt\">Produ&ccedil;&atilde;o Eficiente de Tanques de PEAD no Alasca com o Apoio da Leister<\/span><\/a><\/span><\/span><\/span><\/p>\r\n\r\n<p style=\"text-align:justify\">&nbsp;<\/p>\r\n\r\n<p style=\"text-align:justify\"><span style=\"font-size:11pt\"><span style=\"line-height:normal\"><span style=\"font-family:Calibri,sans-serif\"><b><span style=\"font-size:18.0pt\"><span style=\"font-variant:small-caps\">Eventos<\/span><\/span><\/b><\/span><\/span><\/span><\/p>\r\n\r\n<p style=\"text-align:justify\"><span style=\"font-size:11pt\"><span style=\"line-height:normal\"><span style=\"font-family:Calibri,sans-serif\"><a href=\"https:\/\/www.abrafiltros.org.br\/cursos\/\" style=\"color:blue; text-decoration:underline\"><b><span style=\"font-size:14.0pt\">Cursos Abrafiltros | Automatiza&ccedil;&atilde;o de Filtros de Manga<\/span><\/b><\/a><\/span><\/span><\/span><\/p>\r\n\r\n<p style=\"text-align:justify\"><span style=\"font-size:11pt\"><span style=\"line-height:normal\"><span style=\"font-family:Calibri,sans-serif\"><a href=\"https:\/\/www.reparasul.com.br\/\" style=\"color:blue; text-decoration:underline\"><b><span style=\"font-size:14.0pt\">REPARASUL- Feira de Auto-Pe&ccedil;as e Repara&ccedil;&atilde;o Automotiva<\/span><\/b><\/a><span style=\"font-size:14.0pt\">, 20 a 22 de novembro de 2024, FENAC, Av. Na&ccedil;&otilde;es Unidas, 3825 - Bairro Ideal, Novo Hamburgo, RS<\/span><\/span><\/span><\/span><\/p>\r\n\r\n<p style=\"text-align:justify\"><span style=\"font-size:11pt\"><span style=\"line-height:normal\"><span style=\"font-family:Calibri,sans-serif\"><a href=\"https:\/\/crm-apps.apexbrasil.com.br\/orgbdeab873\/inscricao-eventos\/evento\/webinar-direto-de-mercado-vietna-2024\/02e46424-63ce-47ed-9517-3cc470d0dcb9?utm_source=EMarketing&amp;msdynttrid=BPVGP4l-cFevnuuBnxX4XnHQeCGSYCtC5qkNkIP5824\" style=\"color:blue; text-decoration:underline\"><b><span style=\"font-size:14.0pt\">Apex | Webs&eacute;rie: Direto do Mercado - Edi&ccedil;&atilde;o Vietn&atilde;<\/span><\/b><\/a><span style=\"font-size:14.0pt\">, 26 de novembro de 2024, 10h00 &agrave;s 12h00, evento online. - <\/span><a href=\"https:\/\/apexbrasil.com.br\/content\/apexbrasil\/br\/pt\/solucoes\/inteligencia\/estudos-e-publicacoes\/perfil-de-comercio-e-investimentos\/perfil-de-comercio-e-investimentos---vietna---2024.html#msdynttrid=iXTvvD7J-RT4L1tVTMk-gcLLGDrWIphZROR62FFY2ww\" style=\"color:blue; text-decoration:underline\"><span style=\"font-size:14.0pt\">Perfil de Com&eacute;rcio e Investimentos Vietn&atilde; 2024<\/span><\/a><\/span><\/span><\/span><\/p>\r\n\r\n<p style=\"text-align:justify\"><span style=\"font-size:11pt\"><span style=\"line-height:normal\"><span style=\"font-family:Calibri,sans-serif\"><a href=\"https:\/\/www.sympla.com.br\/evento\/metrolegal-2024-seminario-de-metrologia-legal\/2589740?referrer=www.google.com#event-location\" style=\"color:blue; text-decoration:underline\"><b><span style=\"font-size:14.0pt\">MetroLegal 2024 - Semin&aacute;rio de Metrologia Legal<\/span><\/b><\/a><span style=\"font-size:14.0pt\">, 26 e 27 de novembro de 2024, 08h30 &agrave;s 18h00, evento presencial em CREA-SP, Avenida Ang&eacute;lica, 2.364, audit&oacute;rio do Crea-SP, Consola&ccedil;&atilde;o, S&atilde;o Paulo, SP<\/span><\/span><\/span><\/span><\/p>\r\n\r\n<p style=\"text-align:justify\"><span style=\"font-size:11pt\"><span style=\"line-height:normal\"><span style=\"font-family:Calibri,sans-serif\"><a href=\"https:\/\/produtos.institutoabit.org.br\/prod\/f3322895-d99b-4ecb-a1e4-64156bfefdee?utm_campaign=convite_ws_etiquetagem_usa&amp;utm_medium=email&amp;utm_source=RD+Station\" style=\"color:blue; text-decoration:underline\"><b><span style=\"font-size:14.0pt\">Workshop Abit | Etiquetagem e Conformidade para produtos confeccionados: como se preparar para exportar para os Estados Unidos<\/span><\/b><\/a><span style=\"font-size:14.0pt\">, 27 de novembro de 2024, 09h &agrave;s 11h, evento h&iacute;brido<\/span><\/span><\/span><\/span><\/p>\r\n\r\n<p style=\"text-align:justify\">&nbsp;<\/p>\r\n\r\n<p style=\"text-align:justify\"><img src=\"https:\/\/www.abint.org.br\/assets\/img\/editor\/abtt-academy-curso-controle-de-qualidade_20241122162032M5LMlgHSPV.jpg\" style=\"width: 500px; height: 500px;\" \/><\/p>\r\n\r\n<p style=\"text-align:justify\"><span style=\"font-size:11pt\"><span style=\"line-height:normal\"><span style=\"font-family:Calibri,sans-serif\"><a href=\"https:\/\/docs.google.com\/forms\/d\/e\/1FAIpQLScTZYp3ad81O9jZ5AsmE9YJv-BWn5FHMpMFR-80p-445-0iUw\/viewform\" style=\"color:blue; text-decoration:underline\"><span style=\"font-size:14.0pt\">Informa&ccedil;&otilde;es e inscri&ccedil;&otilde;es<\/span><\/a><\/span><\/span><\/span><\/p>\r\n\r\n<p style=\"text-align:justify\">&nbsp;<\/p>\r\n\r\n<p style=\"text-align:justify\"><span style=\"font-size:11pt\"><span style=\"line-height:normal\"><span style=\"font-family:Calibri,sans-serif\"><a href=\"https:\/\/www.enaiq.org.br\/\" style=\"color:blue; text-decoration:underline\"><b><span style=\"font-size:14.0pt\">ENAIQ 2024 &ndash; 29&ordm; Encontro Anual da Ind&uacute;stria Qu&iacute;mica<\/span><\/b><\/a><span style=\"font-size:14.0pt\">, 02 de dezembro de 2024, World Trade Center S&atilde;o Paulo, Av. das Na&ccedil;&otilde;es Unidas, 12551, Cidade Mon&ccedil;&otilde;es, S&atilde;o Paulo, SP, 04578-903<\/span><\/span><\/span><\/span><\/p>\r\n\r\n<p style=\"text-align:justify\"><span style=\"font-size:11pt\"><span style=\"line-height:normal\"><span style=\"font-family:Calibri,sans-serif\"><a href=\"https:\/\/send.neopixdmi.com\/index.php\/campaigns\/as827ezfoq9af\/web-version\/mh045xn88n9c0\" style=\"color:blue; text-decoration:underline\"><b><span style=\"font-size:14.0pt\">VI Semin&aacute;rio Meio Ambiente, Saneamento e Sustentabilidade - ASEC, ABES-SP e AESabesp<\/span><\/b><\/a><span style=\"font-size:14.0pt\">, de 10 a 12 de dezembro de 2024, as 9h &agrave;s 16h30, Audit&oacute;rio Augusto Ruschi, Cetesb, S&atilde;o Paulo, SP.<\/span><\/span><\/span><\/span><\/p>\r\n\r\n<p style=\"text-align:justify\"><span style=\"font-size:11pt\"><span style=\"line-height:normal\"><span style=\"font-family:Calibri,sans-serif\"><a href=\"https:\/\/conteudo.fcem.com.br\/seja-expositor-febratextil-2025?utm_campaign=emkt_comercial_febratextil_comercial_041124&amp;utm_medium=email&amp;utm_source=RD+Station\" style=\"color:blue; text-decoration:underline\"><b><span style=\"font-size:14.0pt\">FebraT&ecirc;xtil 2025<\/span><\/b><\/a><span style=\"font-size:14.0pt\">, 18 a 20 de fevereiro de 2025, Expo Center Norte, S&atilde;o Paulo, SP<\/span><\/span><\/span><\/span><\/p>\r\n\r\n<p style=\"text-align:justify\"><span style=\"font-size:11pt\"><span style=\"line-height:normal\"><span style=\"font-family:Calibri,sans-serif\"><a href=\"https:\/\/www.fimec.com.br\/\" style=\"color:blue; text-decoration:underline\"><b><span style=\"font-size:14.0pt\">Fimec 2025<\/span><\/b><\/a><span style=\"font-size:14.0pt\">, 18 a 20 de mar&ccedil;o, Fenac, Novo Hamburgo, RS<\/span><\/span><\/span><\/span><\/p>\r\n\r\n<p style=\"text-align:justify\"><span style=\"font-size:11pt\"><span style=\"line-height:normal\"><span style=\"font-family:Calibri,sans-serif\"><a href=\"https:\/\/www.plasticobrasil.com.br\/pt\/home.html\" style=\"color:blue; text-decoration:underline\"><b><span style=\"font-size:14.0pt\">Feira Pl&aacute;stico Brasil<\/span><\/b><\/a><span style=\"font-size:14.0pt\">, de 24 a 28 de mar&ccedil;o de 2025, das 10h &agrave;s 19h, S&atilde;o Paulo Expo, Rodovia dos Imigrantes, km 1,5<\/span><\/span><\/span><\/span><\/p>\r\n\r\n<p style=\"text-align:justify\"><span style=\"font-size:11pt\"><span style=\"line-height:normal\"><span style=\"font-family:Calibri,sans-serif\"><a href=\"https:\/\/ideashow.org\/\" style=\"color:blue; text-decoration:underline\"><b><span lang=\"EN-US\" style=\"font-size:14.0pt\">IDEA25<\/span><\/b><\/a><span lang=\"EN-US\" style=\"font-size:14.0pt\">, April 29-May 1, 2025, Miami Beach Convention Center, Miami Beach, Florida<\/span><\/span><\/span><\/span><\/p>\r\n\r\n<p style=\"text-align:justify\"><span style=\"font-size:11pt\"><span style=\"line-height:normal\"><span style=\"font-family:Calibri,sans-serif\"><a href=\"https:\/\/www.conbrava.com.br\/\" style=\"color:blue; text-decoration:underline\"><b><span style=\"font-size:14.0pt\">CONBRAVA 2025<\/span><\/b><\/a><span style=\"font-size:14.0pt\">, 10 a 12 de setembro de 2025, S&atilde;o Paulo Expo, Rodovia dos Imigrantes, km 1,5<\/span><\/span><\/span><\/span><\/p>\r\n\r\n<p style=\"text-align:justify\"><span style=\"font-size:11pt\"><span style=\"line-height:normal\"><span style=\"font-family:Calibri,sans-serif\"><b><span style=\"font-size:14.0pt\">17&ordm; Congresso Brasileiro de Enfermagem em Centro Cir&uacute;rgico: &ldquo;O poder de cuidar&rdquo;<\/span><\/b><span style=\"font-size:14.0pt\">, 01 a 03 de outubro de 2025, Transamerica Expo Center, S&atilde;o Paulo, SP<\/span><\/span><\/span><\/span><\/p>\r\n\r\n<p style=\"text-align:justify\">&nbsp;<\/p>\r\n\r\n<p class=\"MsoTitle\" style=\"text-align:justify\"><span style=\"font-size:28pt\"><span style=\"font-family:Cambria,serif\"><span style=\"letter-spacing:-0.5pt\"><b><span lang=\"EN-US\" style=\"font-size:18.0pt\"><span style=\"font-family:&quot;Calibri&quot;,sans-serif\"><span style=\"font-variant:small-caps\">Setor<\/span><\/span><\/span><\/b><\/span><\/span><\/span><\/p>\r\n\r\n<p style=\"text-align:justify\"><span style=\"font-size:11pt\"><span style=\"line-height:normal\"><span style=\"font-family:Calibri,sans-serif\"><a href=\"https:\/\/translate.google.com.br\/?hl=pt-BR&amp;tab=wT&amp;sl=en&amp;tl=pt&amp;text=Brussel%27s%20EDANA%20unites%20nonwovens%20industry%20on%20sustainable%20future%20goals&amp;op=translate\" style=\"color:blue; text-decoration:underline\"><span lang=\"EN-US\" style=\"font-size:14.0pt\">Brussel&#39;s EDANA unites nonwovens industry on sustainable future goals<\/span><\/a><\/span><\/span><\/span><\/p>\r\n\r\n<p style=\"text-align:justify\"><span style=\"font-size:11pt\"><span style=\"line-height:normal\"><span style=\"font-family:Calibri,sans-serif\"><a href=\"https:\/\/mailchi.mp\/b922f98c508c\/exciting-developments-at-niri-july-2024-newsletter-6421701?e=f72609da11\" style=\"color:blue; text-decoration:underline\"><span lang=\"EN-US\" style=\"font-size:14.0pt\">PFAS Legislation is Coming: How Nonwoven Manufacturers Can Innovate and Thrive<\/span><\/a><\/span><\/span><\/span><\/p>\r\n\r\n<p style=\"text-align:justify\"><span style=\"font-size:11pt\"><span style=\"line-height:normal\"><span style=\"font-family:Calibri,sans-serif\"><a href=\"https:\/\/t.rdsv2.net\/ls\/click?upn=u001.SJ-2BHbcLStyE5mTD5OK48sq2JxFfkhvQ6eAz6nLBcupW-2FaAWf5KpGjImT-2Brqfnl1OIJA-2FUHIWNzyR9Mz-2FEZApBlXZ62g-2ByFOvar-2BKdr0IDzJ-2FbdnJoVpY-2FxeV8-2FZt8v3kAwaJCtQl0i4JSW5rh1E4uKC2CZHIF-2BMlGKFLrjVoxo-2FBSk8HQdh7P-2BvxUHjjbWk7GGvMDDR4-2FtyNTbWa3JwkM524GwFyR3KuDfuJyXAqtLWM-2BKDbrgbqK2FA5tw7RacmU4Sqe1sGMzVTfc-2BWCPbm7MfChY8-2FFQfML9aT8C-2BbUjcvZ0isrBa0n5iok1ujVeLB1Fsccy1-2F2YpjN3EzR08-2B-2Bg-3D-3DdfC4_T7N8BvZTOm04CQQMiyWztrpCjlUrRc4F7QzSgUIpTqB5Yk-2Bt7YhUyk7lZRXmbFFsi-2Foe1q0kuwsCjfsBOqL9ZeKwOqG7ApazixuGEP6Z5SJuFg5bm15p-2FcAKNI6-2BqjB-2BBaa-2FKxoxopyclpzz4GsxjYiLBqbRWf-2FIXpwpQKZzE-2FtLrH7thbT8L3hry8zI2sf2uNQqPQU-2BdbT-2Flkpk7WjxekS34DHb0BrFJ-2F3l74nOKkRA-2FVk5FVQ1qogl13pYTM2SKJtVZpoAfq9khAHhMGITih0sOSK2fwIxFFb4C-2FmeSeAiXxwdqOqDIMXxAhfxIuBbaJ6HwGKkEHbaN9k9wWw8PpFSkkSOI36u5XsQ4N1jdBj2o4B3mk6WZOa9sv3pSY5Tw1RSC1bTc-2Bf1fWuyztfA4sIBJyy8YBoVdFsMQf-2F1knDiEG3XPPHM6D74O-2Brc7m0CjevTjHhOC1yrGfGUEZrw8lqEh-2FSUoLNUitNVG-2Fd3fXh5KldIRGFBP7g1VxXihmkLLHoUG0Y-2Bkobc0jPzO3mQC-2FtThxApSYGEuWVf9dUQ6cPpBy3DBfg7rmzI1ddcy-2BzSyboWkJBncLKqlhZHaH9TL8mn85E2HD94pSmbo5B8YXxDIzb-2Br06eNZjetpHy-2FQZjzc-2FYf0ohdGaTrhEnximoUw-3D-3D\" style=\"color:blue; text-decoration:underline\" target=\"_blank\" title=\"Distribui\u00e7\u00e3o de absorventes para mulheres em situa\u00e7\u00e3o de calamidade p\u00fablica \u00e9 aprovada por Comiss\u00e3o da C\u00e2mara dos Deputados\"><span style=\"font-size:14.0pt\">Distribui&ccedil;&atilde;o de absorventes para mulheres em situa&ccedil;&atilde;o de calamidade p&uacute;blica &eacute; aprovada por Comiss&atilde;o da C&acirc;mara dos Deputados<\/span><\/a><\/span><\/span><\/span><\/p>\r\n\r\n<p style=\"text-align:justify\"><span style=\"font-size:11pt\"><span style=\"line-height:normal\"><span style=\"font-family:Calibri,sans-serif\"><a href=\"https:\/\/gazetadepinheiros.com.br\/noticia\/10927\/freebrands-anuncia-novos-lencos-umedecidos-com-foco-no-publico-feminino\" style=\"color:blue; text-decoration:underline\"><span style=\"font-size:14.0pt\">FreeBrands anuncia novos len&ccedil;os umedecidos com foco no p&uacute;blico feminino<\/span><\/a><\/span><\/span><\/span><\/p>\r\n\r\n<p style=\"text-align:justify\"><span style=\"font-size:11pt\"><span style=\"line-height:normal\"><span style=\"font-family:Calibri,sans-serif\"><a href=\"https:\/\/t.rdsv2.net\/ls\/click?upn=u001.SJ-2BHbcLStyE5mTD5OK48sq2JxFfkhvQ6eAz6nLBcupX-2FI4lC04xVMGPG3ftFm8l95Fw87bfH7bCtbOermGR8Hz8vuTqGMGPdRwFw4yU8Vs4ZKD-2FFlv81raEsSlemTk9aFUgZ-2BflDMqpliWWmHeYB1vaAlvreAWRKENazevZSAO2iLcZW-2Bbrxj3fEwEH20PCkCXG0srIrjJdfPOecRK85-2FmccPx0GLws0wagWfYARKvGiYSKUlGhvlB5wDqesPW6OBTTA0bNEiT405INhayDVJXKV7xdDyRZA9ZsUC3BQM-2BCXQ7gMLd-2FkSFycGwvm1YmEkbUlxFfdo-2FUlMSY11COXzg-3D-3DQMr1_T7N8BvZTOm04CQQMiyWztrpCjlUrRc4F7QzSgUIpTqB5Yk-2Bt7YhUyk7lZRXmbFFsi-2Foe1q0kuwsCjfsBOqL9ZeKwOqG7ApazixuGEP6Z5SJuFg5bm15p-2FcAKNI6-2BqjB-2Byg1UpJpBRqHpDLuhsnUWOMDDe-2F-2F2rWxlzRoDKWNl1avhSnswAeNd-2F3RqCNEIbnuuR9jcxAfnjNGFS8bpumNUDrvxWErliG6zA61EVakmgVQ3YpGY3zMrOFNm2gtBKMd71TJBXiFM1UQjWgGn0qO8JP6yBVWMJXCJtzSj41GwrJWHgQT5hpotaukPZo5-2FigbZVWJDe0ACldThlKLRcbBq3DvVQg7iVvWXm2z7xKc6DrR7OkJj0TCll3wdAmcYyQdlDFXIgXqEL4pendFAopMZZ9iIgS7b-2BdsKxK7JUgRkpmXVamRADdYtnHcq0-2BH945kwPLPqQubNCz8QzHsMNL3eE-2BrWszt-2Bs2HaYr8xKTb8cZ8CSCxNtahGujmYeFExJ2MHtzvHXCUs8OgDPkBZslDMcQ2KrTmGDcA2Av8FOG8OozBhnYpOnUbBU4RuAsTLq6-2FXmYjCwBtRF7ms4GLaYAWXop3J-2BrEE1BxBUHk54fcw24JUEB4N5NLezKg9wIuNkdukn2Ab2qp9BZzDdzuK90K8zT2mn4fwRBK4sdmNIkSw3cWmWik3rDvLhYQP5yZH-2BKTVXo1BWs-2Bls8yrQYnNPASuDELG33pDZlknUC-2FBZ389EFg-3D\" style=\"color:blue; text-decoration:underline\" title=\"Drylock inicia constru\u00e7\u00e3o da terceira planta no Brasil com cerim\u00f4nia simb\u00f3lica\"><span style=\"font-size:14.0pt\">Drylock inicia constru&ccedil;&atilde;o da terceira planta no Brasil com cerim&ocirc;nia simb&oacute;lica<\/span><\/a><\/span><\/span><\/span><\/p>\r\n\r\n<p style=\"text-align:justify\"><span style=\"font-size:28pt\"><span style=\"font-family:Cambria,serif\"><span style=\"letter-spacing:-0.5pt\"><b><span style=\"font-size:18.0pt\"><span style=\"font-family:&quot;Calibri&quot;,sans-serif\"><span style=\"font-variant:small-caps\">Ind&uacute;stria<\/span><\/span><\/span><\/b><\/span><\/span><\/span><\/p>\r\n\r\n<p style=\"text-align:justify\"><span style=\"font-size:11pt\"><span style=\"line-height:normal\"><span style=\"font-family:Calibri,sans-serif\"><a href=\"https:\/\/diariodonordeste.verdesmares.com.br\/negocios\/setor-calcadista-reclama-de-falta-de-mao-de-obra-e-critica-fim-da-escala-6x1-retrocesso-1.3582191#amp_tf=De%20%251%24s&amp;aoh=17315401382642&amp;csi=0&amp;referrer=https%3A%2F%2Fwww.google.com&amp;ampshare=https%3A%2F%2Fdiariodonordeste.verdesmares.com.br%2Fnegocios%2Fsetor-calcadista-reclama-de-falta-de-mao-de-obra-e-critica-fim-da-escala-6x1-retrocesso-1.3582191\" style=\"color:blue; text-decoration:underline\"><span style=\"font-size:14.0pt\">Setor cal&ccedil;adista reclama de falta de m&atilde;o de obra e critica fim da escala 6x1: &#39;Retrocesso&#39;<\/span><\/a><\/span><\/span><\/span><\/p>\r\n\r\n<p style=\"text-align:justify\"><span style=\"font-size:11pt\"><span style=\"line-height:normal\"><span style=\"font-family:Calibri,sans-serif\"><a href=\"https:\/\/noticias.portaldaindustria.com.br\/noticias\/economia\/pessimismo-com-a-economia-diminui-confianca-dos-empresarios-da-industria-diz-cni\/\" style=\"color:blue; text-decoration:underline\"><span style=\"font-size:14.0pt\">Pessimismo com a economia diminui confian&ccedil;a dos empres&aacute;rios da ind&uacute;stria, diz CNI<\/span><\/a><\/span><\/span><\/span><\/p>\r\n\r\n<p style=\"text-align:justify\"><span style=\"font-size:11pt\"><span style=\"line-height:normal\"><span style=\"font-family:Calibri,sans-serif\"><a href=\"https:\/\/petronoticias.com.br\/a-industria-quimica-considera-um-dia-historico-a-criacao-do-inventario-nacional-de-substancias-quiimicas-no-brasil\/\" style=\"color:blue; text-decoration:underline\"><span style=\"font-size:14.0pt\">A ind&uacute;stria qu&iacute;mica vive um dia hist&oacute;rico com a cria&ccedil;&atilde;o do invent&aacute;rio nacional de subst&acirc;ncias qu&iacute;micas no Brasil<\/span><\/a><\/span><\/span><\/span><\/p>\r\n\r\n<p style=\"text-align:justify\"><span style=\"font-size:11pt\"><span style=\"line-height:normal\"><span style=\"font-family:Calibri,sans-serif\"><a href=\"https:\/\/www.gazetasp.com.br\/automotor\/producao-e-exportacao-de-veiculos-crescem-em-outubro-segundo-anfavea\/1146316\/\" style=\"color:blue; text-decoration:underline\"><span style=\"font-size:14.0pt\">Produ&ccedil;&atilde;o e exporta&ccedil;&atilde;o de ve&iacute;culos crescem em outubro, segundo Anfavea<\/span><\/a><\/span><\/span><\/span><\/p>\r\n\r\n<p style=\"text-align:justify\"><span style=\"font-size:11pt\"><span style=\"line-height:normal\"><span style=\"font-family:Calibri,sans-serif\"><a href=\"https:\/\/www.dcomercio.com.br\/publicacao\/s\/setor-de-moveis-cresce-9-1-puxado-pelo-mercado-interno-diz-abimovel\" style=\"color:blue; text-decoration:underline\"><span style=\"font-size:14.0pt\">Setor de m&oacute;veis cresce 9,1% puxado pelo mercado interno, diz Abim&oacute;vel<\/span><\/a><\/span><\/span><\/span><\/p>\r\n\r\n<p style=\"text-align:justify\"><span style=\"font-size:28pt\"><span style=\"font-family:Cambria,serif\"><span style=\"letter-spacing:-0.5pt\"><b><span style=\"font-size:18.0pt\"><span style=\"font-family:&quot;Calibri&quot;,sans-serif\"><span style=\"font-variant:small-caps\">Sustentabilidade<\/span><\/span><\/span><\/b><\/span><\/span><\/span><\/p>\r\n\r\n<p style=\"text-align:justify\"><span style=\"font-size:11pt\"><span style=\"line-height:normal\"><span style=\"font-family:Calibri,sans-serif\"><a href=\"https:\/\/plasticosemrevista.com.br\/reciclagem-quimica-passada-a-limpo\/\" style=\"color:blue; text-decoration:underline\"><span style=\"font-size:14.0pt\">Reciclagem qu&iacute;mica passada a limpo<\/span><\/a><\/span><\/span><\/span><\/p>\r\n\r\n<p style=\"text-align:justify\"><span style=\"font-size:11pt\"><span style=\"line-height:normal\"><span style=\"font-family:Calibri,sans-serif\"><a href=\"https:\/\/semil.sp.gov.br\/educacaoambiental\/prateleira-ambiental\/brasil-produz-48-milhoes-de-toneladas-de-residuos-de-construcao-e-demolicao\/\" style=\"color:blue; text-decoration:underline\"><span style=\"font-size:14.0pt\">Brasil produz 48 milh&otilde;es de toneladas de res&iacute;duos de constru&ccedil;&atilde;o e demoli&ccedil;&atilde;o<\/span><\/a><\/span><\/span><\/span><\/p>\r\n\r\n<p style=\"text-align:justify\"><span style=\"font-size:11pt\"><span style=\"line-height:normal\"><span style=\"font-family:Calibri,sans-serif\"><a href=\"https:\/\/www.saneamentoambiental.com.br\/noticias\/brasil-apresenta-nova-meta-de-emissoes-na-cop29\" style=\"color:blue; text-decoration:underline\"><span style=\"font-size:14.0pt\">Brasil apresenta nova meta de emiss&otilde;es na COP29<\/span><\/a><\/span><\/span><\/span><\/p>\r\n\r\n<p style=\"text-align:justify\"><span style=\"font-size:11pt\"><span style=\"line-height:normal\"><span style=\"font-family:Calibri,sans-serif\"><a href=\"https:\/\/www.gov.br\/mdic\/pt-br\/assuntos\/noticias\/2024\/novembro\/mdic-e-cni-lancam-estudo-que-mostra-desafios-para-descarbonizacao-da-industria-no-brasil\" style=\"color:blue; text-decoration:underline\"><span style=\"font-size:14.0pt\">MDIC e CNI lan&ccedil;am estudo que mostra desafios para descarboniza&ccedil;&atilde;o da ind&uacute;stria no Brasil<\/span><\/a><\/span><\/span><\/span><\/p>\r\n\r\n<p style=\"text-align:justify\"><span style=\"font-size:28pt\"><span style=\"font-family:Cambria,serif\"><span style=\"letter-spacing:-0.5pt\"><b><span style=\"font-size:18.0pt\"><span style=\"font-family:&quot;Calibri&quot;,sans-serif\"><span style=\"font-variant:small-caps\">Inova&ccedil;&atilde;o<\/span><\/span><\/span><\/b><\/span><\/span><\/span><\/p>\r\n\r\n<p style=\"text-align:justify\"><span style=\"font-size:11pt\"><span style=\"line-height:normal\"><span style=\"font-family:Calibri,sans-serif\"><a href=\"https:\/\/clickpetroleoegas.com.br\/cientistas-desenvolvem-plastico-nunca-visto-antes-o-novo-plastico-e-duro-como-o-aluminio-e-super-resistente\/\" style=\"color:blue; text-decoration:underline\"><span style=\"font-size:14.0pt\">Cientistas desenvolvem pl&aacute;stico nunca visto antes! O novo pl&aacute;stico &eacute; duro como o alum&iacute;nio e super-resistente<\/span><\/a><\/span><\/span><\/span><\/p>\r\n\r\n<p style=\"text-align:justify\"><span style=\"font-size:11pt\"><span style=\"line-height:normal\"><span style=\"font-family:Calibri,sans-serif\"><a href=\"https:\/\/noticias.portaldaindustria.com.br\/noticias\/internacional\/brasil-e-suecia-se-unem-em-busca-de-parcerias-para-projetos-de-inovacao\/\" style=\"color:blue; text-decoration:underline\"><span style=\"font-size:14.0pt\">Brasil e Su&eacute;cia se unem em busca de parcerias para projetos de inova&ccedil;&atilde;o<\/span><\/a><\/span><\/span><\/span><\/p>\r\n\r\n<p style=\"text-align:justify\"><span style=\"font-size:11pt\"><span style=\"line-height:normal\"><span style=\"font-family:Calibri,sans-serif\"><a href=\"https:\/\/forbes.com.br\/forbes-tech\/2024\/11\/tecnologia-criada-por-cientistas-brasileiras-evita-que-toneladas-de-plasticos-sejam-descartadas\/\" style=\"color:blue; text-decoration:underline\"><span style=\"font-size:14.0pt\">Tecnologia criada por cientistas brasileiras evita que toneladas de pl&aacute;sticos sejam descartadas<\/span><\/a><\/span><\/span><\/span><\/p>\r\n\r\n<p style=\"text-align:justify\"><span style=\"font-size:28pt\"><span style=\"font-family:Cambria,serif\"><span style=\"letter-spacing:-0.5pt\"><b><span style=\"font-size:18.0pt\"><span style=\"font-family:&quot;Calibri&quot;,sans-serif\"><span style=\"font-variant:small-caps\">Com&eacute;rcio Exterior<\/span><\/span><\/span><\/b><\/span><\/span><\/span><\/p>\r\n\r\n<p style=\"text-align:justify\"><span style=\"font-size:11pt\"><span style=\"line-height:normal\"><span style=\"font-family:Calibri,sans-serif\"><a href=\"https:\/\/www.technicaltextile.net\/news\/existing-us-orders-on-vietnamese-laminated-woven-sacks-import-continue-298992.html\" style=\"color:blue; text-decoration:underline\"><span lang=\"EN-US\" style=\"font-size:14.0pt\">Existing US orders on Vietnamese laminated woven sacks import continue<\/span><\/a><\/span><\/span><\/span><\/p>\r\n\r\n<p style=\"text-align:justify\"><span style=\"font-size:11pt\"><span style=\"line-height:normal\"><span style=\"font-family:Calibri,sans-serif\"><a href=\"https:\/\/phvox.com.br\/xi-jinping-inaugura-megaporto-de-chancay-sob-multiplos-riscos-para-o-peru\/\" style=\"color:blue; text-decoration:underline\"><span style=\"font-size:14.0pt\">Xi Jinping inaugura megaporto de Chancay sob &ldquo;m&uacute;ltiplos riscos&rdquo; para o Peru<\/span><\/a><\/span><\/span><\/span><\/p>\r\n\r\n<p style=\"text-align:justify\"><span style=\"font-size:11pt\"><span style=\"line-height:normal\"><span style=\"font-family:Calibri,sans-serif\"><a href=\"https:\/\/clickpetroleoegas.com.br\/argentina-elimina-impostos-sobre-compras-internacionais-enquanto-brasil-endurece-regras-dois-caminhos-opostos-na-economia-do-mercosul\/\" style=\"color:blue; text-decoration:underline\"><span style=\"font-size:14.0pt\">Argentina elimina impostos sobre compras internacionais enquanto Brasil endurece regras: dois caminhos opostos na economia do Mercosul<\/span><\/a><\/span><\/span><\/span><\/p>\r\n\r\n<p style=\"text-align:justify\"><span style=\"font-size:11pt\"><span style=\"line-height:normal\"><span style=\"font-family:Calibri,sans-serif\"><a href=\"https:\/\/economia.ig.com.br\/afp\/2024-11-13\/franca-em-pe-de-guerra-contra-o-acordo-ue-mercosul.html\" style=\"color:blue; text-decoration:underline\"><span style=\"font-size:14.0pt\">Fran&ccedil;a em p&eacute; de guerra contra o acordo UE-Mercosul<\/span><\/a><\/span><\/span><\/span><\/p>\r\n\r\n<p style=\"text-align:justify\"><span style=\"font-size:11pt\"><span style=\"line-height:normal\"><span style=\"font-family:Calibri,sans-serif\"><a href=\"https:\/\/apexbrasil.com.br\/br\/pt\/conteudo\/noticias\/Missao-da-ApexBrasil-MRE-e-MDIC-busca-ampliacao-do-fluxo-comercial-com-Japao-e-paises-do-Leste-Asiatico.html#msdynttrid=8TiN4Tzt3wt9FHLVfQwW1HJ2McDkhxg02v-NGefnNvc\" style=\"color:blue; text-decoration:underline\"><span style=\"font-size:14.0pt\">Miss&atilde;o da ApexBrasil, MRE e MDIC busca amplia&ccedil;&atilde;o do fluxo comercial com Jap&atilde;o e pa&iacute;ses do Leste Asi&aacute;tico<\/span><\/a><\/span><\/span><\/span><\/p>\r\n\r\n<p style=\"text-align:justify\"><span style=\"font-size:28pt\"><span style=\"font-family:Cambria,serif\"><span style=\"letter-spacing:-0.5pt\"><b><span style=\"font-size:18.0pt\"><span style=\"font-family:&quot;Calibri&quot;,sans-serif\"><span style=\"font-variant:small-caps\">Economia<\/span><\/span><\/span><\/b><\/span><\/span><\/span><\/p>\r\n\r\n<p style=\"text-align:justify\"><span style=\"font-size:11pt\"><span style=\"line-height:normal\"><span style=\"font-family:Calibri,sans-serif\"><a href=\"https:\/\/www.bcb.gov.br\/content\/focus\/focus\/R20241114.pdf\" style=\"color:blue; text-decoration:underline\"><span style=\"font-size:14.0pt\">Focus - Relat&oacute;rio de Mercado<\/span><\/a><\/span><\/span><\/span><\/p>\r\n\r\n<p style=\"text-align:justify\"><span style=\"font-size:11pt\"><span style=\"line-height:normal\"><span style=\"font-family:Calibri,sans-serif\"><a href=\"https:\/\/blogdoibre.fgv.br\/posts\/fragilidades-do-arcabouco-fiscal\" style=\"color:blue; text-decoration:underline\"><span style=\"font-size:14.0pt\">As fragilidades do arcabou&ccedil;o fiscal<\/span><\/a><\/span><\/span><\/span><\/p>\r\n\r\n<p style=\"text-align:justify\"><span style=\"font-size:11pt\"><span style=\"line-height:normal\"><span style=\"font-family:Calibri,sans-serif\"><a href=\"https:\/\/ibre.fgv.br\/blog-da-conjuntura-economica\/artigos\/estudo-aponta-aumento-de-gasto-tributario-no-brasil-nas-ultimas\" style=\"color:blue; text-decoration:underline\"><span style=\"font-size:14.0pt\">Estudo aponta aumento de gasto tribut&aacute;rio no Brasil nas &uacute;ltimas duas d&eacute;cadas e necessidade de melhor governan&ccedil;a<\/span><\/a><\/span><\/span><\/span><\/p>\r\n\r\n<p style=\"text-align:justify\"><img src=\"https:\/\/www.abint.org.br\/assets\/img\/editor\/redes-sociais-abint-ctg-cth_20241122162347XYKDGLERpE.jpg\" \/><\/p>\r\n","texto_en":"","7":"","imagem":"COMP_capa-2024-site-boletim-abint-noticias-semanis_20241122162440QujUb8lfFy.jpg","8":"COMP_capa-2024-site-boletim-abint-noticias-semanis_20241122162440QujUb8lfFy.jpg","arquivo":"20241119-BOLETIM-ABINT-DE-NOTICIAS-SEMANAIS.PDF","9":"20241119-BOLETIM-ABINT-DE-NOTICIAS-SEMANAIS.PDF","titulo_arquivo":"20241119 Boletim ABINT de Not\u00edcias Semanais","10":"20241119 Boletim ABINT de Not\u00edcias Semanais","titulo_arquivo_en":"","11":"","created_at":"2024-11-22 16:24:51","12":"2024-11-22 16:24:51","updated_at":"2024-11-22 16:24:51","13":"2024-11-22 16:24:51"},{"id":145,"0":145,"ordem":78,"1":78,"data":"2024-11-12","2":"2024-11-12","slug":"boletim-abint-de-noticias-semanais-55","3":"boletim-abint-de-noticias-semanais-55","titulo":"Boletim ABINT de Not\u00edcias Semanais","4":"Boletim ABINT de Not\u00edcias Semanais","titulo_en":"","5":"","texto":"<p><span style=\"font-size:14.0pt\"><span style=\"line-height:115%\"><span style=\"font-family:&quot;Calibri&quot;,sans-serif\">Esta &eacute; uma compila&ccedil;&atilde;o das not&iacute;cias mais relevantes para o setor, incluindo informa&ccedil;&otilde;es sobre acordos internacionais, economia brasileira, sustentabilidade e mat&eacute;rias primas, al&eacute;m de novidades do setor de N&atilde;otecidos e Tecidos T&eacute;cnicos.<\/span><\/span><\/span><\/p>\r\n\r\n<p><b><span style=\"font-size:18.0pt\"><span style=\"line-height:115%\"><span style=\"font-family:&quot;Calibri&quot;,sans-serif\"><span style=\"font-variant:small-caps\">O que vem por a&iacute;<\/span><\/span><\/span><\/span><\/b><\/p>\r\n\r\n<p><b><span style=\"font-size:18.0pt\"><span style=\"line-height:115%\"><span style=\"font-family:&quot;Calibri&quot;,sans-serif\"><span style=\"font-variant:small-caps\"><img src=\"https:\/\/www.abint.org.br\/assets\/img\/editor\/original_20241112160424CKA53ATk2H.png\" style=\"width: 300px; height: 69px;\" \/><\/span><\/span><\/span><\/span><\/b><\/p>\r\n\r\n<p><b><span style=\"font-size:18.0pt\"><span style=\"line-height:115%\"><span style=\"font-family:&quot;Calibri&quot;,sans-serif\"><span style=\"font-variant:small-caps\"><img src=\"https:\/\/www.abint.org.br\/assets\/img\/editor\/post-quadrado-curso-naotecido_20241112160516nrJlhltUbu.jpg\" style=\"width: 500px; height: 500px;\" \/><\/span><\/span><\/span><\/span><\/b><\/p>\r\n\r\n<p><span style=\"font-size:11pt\"><span style=\"line-height:normal\"><span style=\"font-family:Calibri,sans-serif\"><a href=\"https:\/\/forms.office.com\/r\/5DrqtK5n3Y\" style=\"color:blue; text-decoration:underline\"><span style=\"font-size:14.0pt\">Informa&ccedil;&otilde;es e inscri&ccedil;&otilde;es<\/span><\/a><\/span><\/span><\/span><\/p>\r\n\r\n<p>&nbsp;<\/p>\r\n\r\n<p><span style=\"font-size:11pt\"><span style=\"line-height:normal\"><span style=\"font-family:Calibri,sans-serif\"><span style=\"font-size:14.0pt\"><img src=\"https:\/\/www.abint.org.br\/assets\/img\/editor\/logo-ctg-abint-png_20241112160600feVHkOWIMg.png\" style=\"width: 300px; height: 55px;\" \/><\/span><\/span><\/span><\/span><\/p>\r\n\r\n<p>&nbsp;<\/p>\r\n\r\n<p><span style=\"font-size:11pt\"><span style=\"line-height:normal\"><span style=\"font-family:Calibri,sans-serif\"><span style=\"font-size:14.0pt\"><img src=\"https:\/\/www.abint.org.br\/assets\/img\/editor\/20241203-live-ctg-instagram-thiago-zanon_202411121606297XLL7J9msV.jpg\" style=\"width: 500px; height: 500px;\" \/><\/span><\/span><\/span><\/span><\/p>\r\n\r\n<p>&nbsp;<\/p>\r\n\r\n<p>&nbsp;<\/p>\r\n\r\n<p class=\"MsoTitle\" style=\"text-align:justify\"><span style=\"font-size:28pt\"><span style=\"font-family:Cambria,serif\"><span style=\"letter-spacing:-0.5pt\"><b><span lang=\"EN-US\" style=\"font-size:18.0pt\"><span style=\"font-family:&quot;Calibri&quot;,sans-serif\"><span style=\"font-variant:small-caps\">Not&iacute;cias das Associadas<\/span><\/span><\/span><\/b><\/span><\/span><\/span><\/p>\r\n\r\n<p style=\"text-align:justify\"><span style=\"font-size:11pt\"><span style=\"line-height:normal\"><span style=\"font-family:Calibri,sans-serif\"><a href=\"https:\/\/r.mail.fibretofashion.com\/tr\/cl\/7hoBdB76np7Wlg5-lN2d-MKraJd_3f2uG7DmWi2Ui_Q2mD9OIsifddSfHqSzkPYYTArpnnRhiask5eaAEv6V-1dyJjnyV1MmCFGfxGENNZFZMJBtDSTf7EjaoouTG17fpp2SdXiKqLuWQMtbNVxVa6bUxyECGwKOwJ9fZtw8LOOkJ_ZslDVeHcw3sNbE-7s93kpE8BxpulaOxJzV-lSZS8I46YOFx0Dc0tM_gSJ2OF-pkO9KszlJl8Ae0bl8n9Y1r46H5pCM5qb2-tpHy-FKU1by3gwI9cu1ZBbvOksc3cx_2axbrLy7gnb55hnjU3xYdSxxHXab5qGz_C_Hwync9c3I-ZgmcT1RsSksU_xeFzHtcJXtouwDrrwpowST-DfLv1Of_p-Nw9WUai4\" style=\"color:blue; text-decoration:underline\" target=\"_blank\"><span lang=\"EN-US\" style=\"font-size:14.0pt\">Freudenberg Performance Materials launches new website for Filtura<\/span><\/a><\/span><\/span><\/span><\/p>\r\n\r\n<p style=\"text-align:justify\"><span style=\"font-size:11pt\"><span style=\"line-height:normal\"><span style=\"font-family:Calibri,sans-serif\"><a href=\"file:\/\/\/C:\/Users\/Cristiane\/Downloads\/Suominen%20Announces%20Q3%20Sales%20Increase\" style=\"color:blue; text-decoration:underline\"><span lang=\"EN-US\" style=\"font-size:14.0pt\">Suominen Announces Q3 Sales Increase<\/span><\/a><\/span><\/span><\/span><\/p>\r\n\r\n<p style=\"text-align:justify\">&nbsp;<\/p>\r\n\r\n<p style=\"text-align:justify\"><span style=\"font-size:11pt\"><span style=\"line-height:normal\"><span style=\"font-family:Calibri,sans-serif\"><b><span style=\"font-size:18.0pt\"><span style=\"font-variant:small-caps\">Eventos<\/span><\/span><\/b><\/span><\/span><\/span><\/p>\r\n\r\n<p style=\"text-align:justify\">&nbsp;<\/p>\r\n\r\n<p style=\"text-align:justify\"><span style=\"font-size:11pt\"><span style=\"line-height:normal\"><span style=\"font-family:Calibri,sans-serif\"><a href=\"https:\/\/www.abrafiltros.org.br\/cursos\/\" style=\"color:blue; text-decoration:underline\"><b><span style=\"font-size:14.0pt\">Cursos Abrafiltros | Automatiza&ccedil;&atilde;o de Filtros de Manga<\/span><\/b><\/a><\/span><\/span><\/span><\/p>\r\n\r\n<p style=\"text-align:justify\"><span style=\"font-size:11pt\"><span style=\"line-height:normal\"><span style=\"font-family:Calibri,sans-serif\"><a href=\"https:\/\/app.rdstation.email\/mail\/686bd16d-10e4-435d-a0e4-887c020a4e3d?utm_campaign=convite_workshop_inventarios_de_gee&amp;utm_medium=email&amp;utm_source=RD+Station\" style=\"color:blue; text-decoration:underline\"><b><span style=\"font-size:14.0pt\">Workshop Abit | Invent&aacute;rios de Gases de Efeito Estufa<\/span><\/b><\/a><span style=\"font-size:14.0pt\">, 13 de novembro de 2024, das 10h &agrave;s 12h, evento online<\/span><\/span><\/span><\/span><\/p>\r\n\r\n<p style=\"text-align:justify\"><span style=\"font-size:11pt\"><span style=\"line-height:normal\"><span style=\"font-family:Calibri,sans-serif\"><a href=\"https:\/\/forms.office.com\/Pages\/ResponsePage.aspx?id=Emp2JAADgUap3B8wJEenut9ISfmxrj5Ihl7EKg2iKPdUMzRLM1FLN09CSjQ0VUhPSDM1NkNDNFAxWS4u\" style=\"color:blue; text-decoration:underline\"><b><span style=\"font-size:14.0pt\">Think Plastic Brazil | Webinar: Explorando Oportunidades no Setor de Constru&ccedil;&atilde;o Civil nos Emirados &Aacute;rabes Unidos<\/span><\/b><\/a><span style=\"font-size:14.0pt\">, 13 de novembro de 2024, 09h &agrave;s 11<\/span><\/span><\/span><\/span><\/p>\r\n\r\n<p style=\"text-align:justify\"><span style=\"font-size:11pt\"><span style=\"line-height:normal\"><span style=\"font-family:Calibri,sans-serif\"><a href=\"https:\/\/portalibre.fgv.br\/eventos\/o-papel-dos-gastos-tributarios-na-politica-fiscal-desafios-e-oportunidades\" style=\"color:blue; text-decoration:underline\"><b><span style=\"font-size:14.0pt\">FGV IBRE | O Papel dos Gastos Tribut&aacute;rios na Pol&iacute;tica Fiscal<\/span><\/b><\/a><span style=\"font-size:14.0pt\">, 13 de novembro de 2024, 10h &agrave;s 12h, Funda&ccedil;&atilde;o Get&uacute;lio Vargas, 190, Praia de Botafogo, Sala 537 (5&ordm; andar)<\/span><\/span><\/span><\/span><\/p>\r\n\r\n<p style=\"text-align:justify\"><span style=\"font-size:11pt\"><span style=\"line-height:normal\"><span style=\"font-family:Calibri,sans-serif\"><a href=\"https:\/\/crm-apps.apexbrasil.com.br\/orgbdeab873\/inscricao-eventos\/evento\/webinar-direto-de-mercado-vietna-2024\/02e46424-63ce-47ed-9517-3cc470d0dcb9?utm_source=EMarketing&amp;msdynttrid=BPVGP4l-cFevnuuBnxX4XnHQeCGSYCtC5qkNkIP5824\" style=\"color:blue; text-decoration:underline\"><b><span style=\"font-size:14.0pt\">Apex | Webs&eacute;rie: Direto do Mercado - Edi&ccedil;&atilde;o Vietn&atilde;<\/span><\/b><\/a><span style=\"font-size:14.0pt\">, 26 de novembro de 2024, 10h00 &agrave;s 12h00, evento online. - <\/span><a href=\"https:\/\/apexbrasil.com.br\/content\/apexbrasil\/br\/pt\/solucoes\/inteligencia\/estudos-e-publicacoes\/perfil-de-comercio-e-investimentos\/perfil-de-comercio-e-investimentos---vietna---2024.html#msdynttrid=iXTvvD7J-RT4L1tVTMk-gcLLGDrWIphZROR62FFY2ww\" style=\"color:blue; text-decoration:underline\"><span style=\"font-size:14.0pt\">Perfil de Com&eacute;rcio e Investimentos Vietn&atilde; 2024<\/span><\/a><\/span><\/span><\/span><\/p>\r\n\r\n<p style=\"text-align:justify\"><span style=\"font-size:11pt\"><span style=\"line-height:normal\"><span style=\"font-family:Calibri,sans-serif\"><a href=\"https:\/\/www.sympla.com.br\/evento\/metrolegal-2024-seminario-de-metrologia-legal\/2589740?referrer=www.google.com#event-location\" style=\"color:blue; text-decoration:underline\"><b><span style=\"font-size:14.0pt\">MetroLegal 2024 - Semin&aacute;rio de Metrologia Legal<\/span><\/b><\/a><span style=\"font-size:14.0pt\">, 26 e 27 de novembro de 2024, 08h30 &agrave;s 18h00, evento presencial em CREA-SP, Avenida Ang&eacute;lica, 2.364, audit&oacute;rio do Crea-SP, Consola&ccedil;&atilde;o, S&atilde;o Paulo, SP<\/span><\/span><\/span><\/span><\/p>\r\n\r\n<p style=\"text-align:justify\"><span style=\"font-size:11pt\"><span style=\"line-height:normal\"><span style=\"font-family:Calibri,sans-serif\"><a href=\"https:\/\/produtos.institutoabit.org.br\/prod\/f3322895-d99b-4ecb-a1e4-64156bfefdee?utm_campaign=convite_ws_etiquetagem_usa&amp;utm_medium=email&amp;utm_source=RD+Station\" style=\"color:blue; text-decoration:underline\"><b><span style=\"font-size:14.0pt\">Workshop Abit | Etiquetagem e Conformidade para produtos confeccionados: como se preparar para exportar para os Estados Unidos<\/span><\/b><\/a><span style=\"font-size:14.0pt\">, 27 de novembro de 2024, 09h &agrave;s 11h, evento h&iacute;brido<\/span><\/span><\/span><\/span><\/p>\r\n\r\n<p style=\"text-align:justify\">&nbsp;<\/p>\r\n\r\n<p style=\"text-align:justify\"><img src=\"https:\/\/www.abint.org.br\/assets\/img\/editor\/abtt-academy-curso-controle-de-qualidade_20241112160741SyCalnYv3G.jpg\" style=\"width: 500px; height: 500px;\" \/><\/p>\r\n\r\n<p style=\"text-align:justify\"><span style=\"font-size:11pt\"><span style=\"line-height:normal\"><span style=\"font-family:Calibri,sans-serif\"><a href=\"https:\/\/docs.google.com\/forms\/d\/e\/1FAIpQLScTZYp3ad81O9jZ5AsmE9YJv-BWn5FHMpMFR-80p-445-0iUw\/viewform\" style=\"color:blue; text-decoration:underline\"><span style=\"font-size:14.0pt\">Informa&ccedil;&otilde;es e inscri&ccedil;&otilde;es<\/span><\/a><\/span><\/span><\/span><\/p>\r\n\r\n<p style=\"text-align:justify\">&nbsp;<\/p>\r\n\r\n<p style=\"text-align:justify\"><span style=\"font-size:11pt\"><span style=\"line-height:normal\"><span style=\"font-family:Calibri,sans-serif\"><a href=\"https:\/\/www.enaiq.org.br\/\" style=\"color:blue; text-decoration:underline\"><b><span style=\"font-size:14.0pt\">ENAIQ 2024 &ndash; 29&ordm; Encontro Anual da Ind&uacute;stria Qu&iacute;mica<\/span><\/b><\/a><span style=\"font-size:14.0pt\">, 02 de dezembro de 2024, World Trade Center S&atilde;o Paulo, Av. das Na&ccedil;&otilde;es Unidas, 12551, Cidade Mon&ccedil;&otilde;es, S&atilde;o Paulo, SP, 04578-903<\/span><\/span><\/span><\/span><\/p>\r\n\r\n<p style=\"text-align:justify\"><span style=\"font-size:11pt\"><span style=\"line-height:normal\"><span style=\"font-family:Calibri,sans-serif\"><a href=\"https:\/\/conteudo.fcem.com.br\/seja-expositor-febratextil-2025?utm_campaign=emkt_comercial_febratextil_comercial_041124&amp;utm_medium=email&amp;utm_source=RD+Station\" style=\"color:blue; text-decoration:underline\"><b><span style=\"font-size:14.0pt\">FebraT&ecirc;xtil 2025<\/span><\/b><\/a><span style=\"font-size:14.0pt\">, 18 a 20 de fevereiro de 2025, Expo Center Norte, S&atilde;o Paulo, SP<\/span><\/span><\/span><\/span><\/p>\r\n\r\n<p style=\"text-align:justify\"><span style=\"font-size:11pt\"><span style=\"line-height:normal\"><span style=\"font-family:Calibri,sans-serif\"><a href=\"https:\/\/www.fimec.com.br\/\" style=\"color:blue; text-decoration:underline\"><b><span style=\"font-size:14.0pt\">Fimec 2025<\/span><\/b><\/a><span style=\"font-size:14.0pt\">, 18 a 20 de mar&ccedil;o, Fenac, Novo Hamburgo, RS<\/span><\/span><\/span><\/span><\/p>\r\n\r\n<p style=\"text-align:justify\"><span style=\"font-size:11pt\"><span style=\"line-height:normal\"><span style=\"font-family:Calibri,sans-serif\"><a href=\"https:\/\/www.plasticobrasil.com.br\/pt\/home.html\" style=\"color:blue; text-decoration:underline\"><b><span style=\"font-size:14.0pt\">Feira Pl&aacute;stico Brasil<\/span><\/b><\/a><span style=\"font-size:14.0pt\">, de 24 a 28 de mar&ccedil;o de 2025, das 10h &agrave;s 19h, S&atilde;o Paulo Expo, Rodovia dos Imigrantes, km 1,5<\/span><\/span><\/span><\/span><\/p>\r\n\r\n<p style=\"text-align:justify\"><span style=\"font-size:11pt\"><span style=\"line-height:normal\"><span style=\"font-family:Calibri,sans-serif\"><a href=\"https:\/\/ideashow.org\/\" style=\"color:blue; text-decoration:underline\"><b><span lang=\"EN-US\" style=\"font-size:14.0pt\">IDEA25<\/span><\/b><\/a><span lang=\"EN-US\" style=\"font-size:14.0pt\">, April 29-May 1, 2025, Miami Beach Convention Center, Miami Beach, Florida<\/span><\/span><\/span><\/span><\/p>\r\n\r\n<p style=\"text-align:justify\"><span style=\"font-size:11pt\"><span style=\"line-height:normal\"><span style=\"font-family:Calibri,sans-serif\"><a href=\"https:\/\/www.conbrava.com.br\/\" style=\"color:blue; text-decoration:underline\"><b><span style=\"font-size:14.0pt\">CONBRAVA 2025<\/span><\/b><\/a><span style=\"font-size:14.0pt\">, 10 a 12 de setembro de 2025, S&atilde;o Paulo Expo, Rodovia dos Imigrantes, km 1,5<\/span><\/span><\/span><\/span><\/p>\r\n\r\n<p style=\"text-align:justify\"><span style=\"font-size:28pt\"><span style=\"font-family:Cambria,serif\"><span style=\"letter-spacing:-0.5pt\"><b><span style=\"font-size:18.0pt\"><span style=\"font-family:&quot;Calibri&quot;,sans-serif\"><span style=\"font-variant:small-caps\">Setor<\/span><\/span><\/span><\/b><\/span><\/span><\/span><\/p>\r\n\r\n<p style=\"text-align:justify\"><span style=\"font-size:11pt\"><span style=\"line-height:normal\"><span style=\"font-family:Calibri,sans-serif\"><a href=\"https:\/\/dol.com.br\/carajas\/cidades\/maraba\/882025\/escola-promove-reflexao-e-realiza-desfile-sustentavel-no-pa?d=1\" style=\"color:blue; text-decoration:underline\"><span style=\"font-size:14.0pt\">N&atilde;otecido: escola promove reflex&atilde;o e realiza desfile sustent&aacute;vel no PA<\/span><\/a><\/span><\/span><\/span><\/p>\r\n\r\n<p style=\"text-align:justify\"><span style=\"font-size:11pt\"><span style=\"line-height:normal\"><span style=\"font-family:Calibri,sans-serif\"><a href=\"https:\/\/www.textileworld.com\/textile-world\/nonwovens-technical-textiles\/2024\/11\/edana-hosts-groundbreaking-sustainability-forum-2024-showcasing-pathways-to-a-greener-future-for-the-nonwovens-industry\/\" style=\"color:blue; text-decoration:underline\"><span style=\"font-size:14.0pt\">EDANA sedia o inovador F&oacute;rum de Sustentabilidade 2024, apresentando caminhos para um futuro mais verde para a ind&uacute;stria de n&atilde;o-tecidos<\/span><\/a><\/span><\/span><\/span><\/p>\r\n\r\n<p style=\"text-align:justify\"><span style=\"font-size:11pt\"><span style=\"line-height:normal\"><span style=\"font-family:Calibri,sans-serif\"><a href=\"https:\/\/anba.com.br\/feira-de-calcados-tera-importadores-arabes\/\" style=\"color:blue; text-decoration:underline\"><span style=\"font-size:14.0pt\">Feira de cal&ccedil;ados ter&aacute; importadores &aacute;rabes<\/span><\/a><\/span><\/span><\/span><\/p>\r\n\r\n<p style=\"text-align:justify\"><span style=\"font-size:11pt\"><span style=\"line-height:normal\"><span style=\"font-family:Calibri,sans-serif\"><a href=\"https:\/\/www.nonwovens-industry.com\/contents\/view_breaking-news\/2024-11-04\/berry-completes-spin-off-and-merger-between-hhnf-business-and-glatfelter\/15303\" style=\"color:blue; text-decoration:underline\"><span lang=\"EN-US\" style=\"font-size:14.0pt\">Berry Completes Spin-Off and Merger Between HHNF Business and Glatfelter<\/span><\/a><\/span><\/span><\/span><\/p>\r\n\r\n<p style=\"text-align:justify\"><span style=\"font-size:11pt\"><span style=\"line-height:normal\"><span style=\"font-family:Calibri,sans-serif\"><a href=\"https:\/\/tissueonline.com.br\/soft-n-dry-lanca-a-tecnologia-econoliite-core-para-fraldas-sustentaveis-de-marca-propria-na-europa\/?utm_campaign=newsletter_08112024_novo_modelo&amp;utm_medium=email&amp;utm_source=RD+Station\" style=\"color:blue; text-decoration:underline\"><span style=\"font-size:14.0pt\">Soft N Dry lan&ccedil;a a tecnologia econoLiite Core&trade; para fraldas sustent&aacute;veis de marca pr&oacute;pria na Europa<\/span><\/a><\/span><\/span><\/span><\/p>\r\n\r\n<p style=\"text-align:justify\"><span style=\"font-size:11pt\"><span style=\"line-height:normal\"><span style=\"font-family:Calibri,sans-serif\"><a href=\"https:\/\/www.revistaplasticosul.com.br\/materias-primas\/oben-group-completa-aquisicao-da-terphane-ampliando-participacao-global-em-filmes-de-poliester\/\" style=\"color:blue; text-decoration:underline\"><span style=\"font-size:14.0pt\">Oben Group completa aquisi&ccedil;&atilde;o da Terphane, ampliando participa&ccedil;&atilde;o global em filmes de poli&eacute;ster<\/span><\/a><\/span><\/span><\/span><\/p>\r\n\r\n<p style=\"text-align:justify\"><span style=\"font-size:28pt\"><span style=\"font-family:Cambria,serif\"><span style=\"letter-spacing:-0.5pt\"><b><span style=\"font-size:18.0pt\"><span style=\"font-family:&quot;Calibri&quot;,sans-serif\"><span style=\"font-variant:small-caps\">Ind&uacute;stria<\/span><\/span><\/span><\/b><\/span><\/span><\/span><\/p>\r\n\r\n<p style=\"text-align:justify\"><span style=\"font-size:11pt\"><span style=\"line-height:normal\"><span style=\"font-family:Calibri,sans-serif\"><a href=\"https:\/\/revistaoeste.com\/economia\/producao-industrial-cai-em-8-de-15-locais-analisados-pelo-ibge\/\" style=\"color:blue; text-decoration:underline\"><span style=\"font-size:14.0pt\">Produ&ccedil;&atilde;o industrial cai em 8 de 15 locais analisados pelo IBGE<\/span><\/a><\/span><\/span><\/span><\/p>\r\n\r\n<p style=\"text-align:justify\"><span style=\"font-size:11pt\"><span style=\"line-height:normal\"><span style=\"font-family:Calibri,sans-serif\"><a href=\"https:\/\/www.ocafezinho.com\/2024\/11\/05\/nova-politica-industrial-impulsiona-crescimento-do-setor-diz-presidente-da-abimaq\/\" style=\"color:blue; text-decoration:underline\"><span style=\"font-size:14.0pt\">Nova pol&iacute;tica industrial impulsiona crescimento do setor, diz presidente da Abimaq<\/span><\/a><\/span><\/span><\/span><\/p>\r\n\r\n<p style=\"text-align:justify\"><span style=\"font-size:11pt\"><span style=\"line-height:normal\"><span style=\"font-family:Calibri,sans-serif\"><a href=\"https:\/\/noticias.portaldaindustria.com.br\/noticias\/economia\/desempenho-da-pequena-industria-cresce-no-3o-trimestre-aponta-cni\/\" style=\"color:blue; text-decoration:underline\"><span style=\"font-size:14.0pt\">Desempenho da pequena ind&uacute;stria cresce no 3&ordm; trimestre, aponta CNI<\/span><\/a><\/span><\/span><\/span><\/p>\r\n\r\n<p style=\"text-align:justify\"><span style=\"font-size:11pt\"><span style=\"line-height:normal\"><span style=\"font-family:Calibri,sans-serif\"><a href=\"https:\/\/www.terra.com.br\/noticias\/indicadores-economicos-apontam-confianca-na-construcao-civil,cd31164f51d7746b5f0a8873671b584elp4d7fi2.html\" style=\"color:blue; text-decoration:underline\"><span style=\"font-size:14.0pt\">Indicadores econ&ocirc;micos apontam confian&ccedil;a na constru&ccedil;&atilde;o civil<\/span><\/a><\/span><\/span><\/span><\/p>\r\n\r\n<p style=\"text-align:justify\"><span style=\"font-size:11pt\"><span style=\"line-height:normal\"><span style=\"font-family:Calibri,sans-serif\"><a href=\"https:\/\/guaiba.com.br\/2024\/11\/06\/producao-de-calcados-cresceu-48-ate-setembro-aponta-abicalcados\/\" style=\"color:blue; text-decoration:underline\"><span style=\"font-size:14.0pt\">Produ&ccedil;&atilde;o de cal&ccedil;ados cresceu 4,8% at&eacute; setembro, aponta Abical&ccedil;ados<\/span><\/a><\/span><\/span><\/span><\/p>\r\n\r\n<p style=\"text-align:justify\"><span style=\"font-size:11pt\"><span style=\"line-height:normal\"><span style=\"font-family:Calibri,sans-serif\"><a href=\"https:\/\/www.youtube.com\/watch?v=nza2VWTJ6JE\" style=\"color:blue; text-decoration:underline\"><span style=\"font-size:14.0pt\">Di&aacute;logos da Transi&ccedil;&atilde;o | Trump, Transi&ccedil;&atilde;o Energ&eacute;tica e COP29<\/span><\/a><\/span><\/span><\/span><\/p>\r\n\r\n<p style=\"text-align:justify\"><span style=\"font-size:28pt\"><span style=\"font-family:Cambria,serif\"><span style=\"letter-spacing:-0.5pt\"><b><span style=\"font-size:18.0pt\"><span style=\"font-family:&quot;Calibri&quot;,sans-serif\"><span style=\"font-variant:small-caps\">Sustentabilidade<\/span><\/span><\/span><\/b><\/span><\/span><\/span><\/p>\r\n\r\n<p style=\"text-align:justify\"><span style=\"font-size:11pt\"><span style=\"line-height:normal\"><span style=\"font-family:Calibri,sans-serif\"><a href=\"https:\/\/www.anahp.com.br\/publicacoes\/esg-nos-hospitais-anahp-2024-o-impacto-das-emergencias-climaticas-na-saude\/?utm_campaign=reforco_-_publicacao_esg_2024&amp;utm_medium=email&amp;utm_source=RD+Station\" style=\"color:blue; text-decoration:underline\"><span style=\"font-size:14.0pt\">ESG nos hospitais Anahp 2024: o impacto das emerg&ecirc;ncias clim&aacute;ticas na sa&uacute;de<\/span><\/a><\/span><\/span><\/span><\/p>\r\n\r\n<p style=\"text-align:justify\"><span style=\"font-size:11pt\"><span style=\"line-height:normal\"><span style=\"font-family:Calibri,sans-serif\"><a href=\"https:\/\/surgiu.com.br\/2024\/11\/07\/a-sustentabilidade-na-industria-textil-ja-esta-acontecendo\/\" style=\"color:blue; text-decoration:underline\"><span style=\"font-size:14.0pt\">A sustentabilidade na ind&uacute;stria t&ecirc;xtil j&aacute; est&aacute; acontecendo<\/span><\/a><\/span><\/span><\/span><\/p>\r\n\r\n<p style=\"text-align:justify\"><span style=\"font-size:11pt\"><span style=\"line-height:normal\"><span style=\"font-family:Calibri,sans-serif\"><a href=\"https:\/\/www.uol.com.br\/ecoa\/faq\/desafios-da-reciclagem-no-brasil.htm\" style=\"color:blue; text-decoration:underline\"><span style=\"font-size:14.0pt\">Quais os desafios da reciclagem no Brasil?<\/span><\/a><\/span><\/span><\/span><\/p>\r\n\r\n<p style=\"text-align:justify\"><span style=\"font-size:11pt\"><span style=\"line-height:normal\"><span style=\"font-family:Calibri,sans-serif\"><a href=\"https:\/\/www12.senado.leg.br\/noticias\/materias\/2024\/11\/05\/projeto-altera-a-lei-de-saneamento-basico-para-incluir-drenagem-de-aguas-pluviais\" style=\"color:blue; text-decoration:underline\"><span style=\"font-size:14.0pt\">Projeto altera a Lei de Saneamento B&aacute;sico para incluir drenagem de &aacute;guas pluviais<\/span><\/a><\/span><\/span><\/span><\/p>\r\n\r\n<p style=\"text-align:justify\"><span style=\"font-size:11pt\"><span style=\"line-height:normal\"><span style=\"font-family:Calibri,sans-serif\"><a href=\"https:\/\/blogdocaminhoneiro.com\/2024\/11\/grades-frontais-dos-caminhoes-dos-caminhoes-scania-serao-feitas-com-plastico-reciclado\/\" style=\"color:blue; text-decoration:underline\"><span style=\"font-size:14.0pt\">Reciclagem de PET: grades frontais dos caminh&otilde;es dos caminh&otilde;es Scania ser&atilde;o feitas com pl&aacute;stico reciclado<\/span><\/a><\/span><\/span><\/span><\/p>\r\n\r\n<p style=\"text-align:justify\"><span style=\"font-size:11pt\"><span style=\"line-height:normal\"><span style=\"font-family:Calibri,sans-serif\"><a href=\"https:\/\/plasticosemrevista.com.br\/reciclagem-perde-folego-na-uniao-europeia\/\" style=\"color:blue; text-decoration:underline\"><span style=\"font-size:14.0pt\">Reciclagem perde f&ocirc;lego na Uni&atilde;o Europeia<\/span><\/a><\/span><\/span><\/span><\/p>\r\n\r\n<p style=\"text-align:justify\"><span style=\"font-size:11pt\"><span style=\"line-height:normal\"><span style=\"font-family:Calibri,sans-serif\"><a href=\"https:\/\/noticias.portaldaindustria.com.br\/especiais\/a-industria-na-cop29\/\" style=\"color:blue; text-decoration:underline\"><span style=\"font-size:14.0pt\">A ind&uacute;stria na COP29<\/span><\/a><\/span><\/span><\/span><\/p>\r\n\r\n<p style=\"text-align:justify\"><span style=\"font-size:11pt\"><span style=\"line-height:normal\"><span style=\"font-family:Calibri,sans-serif\"><a href=\"https:\/\/public-api.wordpress.com\/bar\/?stat=groovemails-events&amp;bin=wpcom_email_click&amp;redirect_to=https%3A%2F%2Fblogdoplastico.wordpress.com%2F2024%2F11%2F07%2Fplastic-bank-alcanca-a-marca-de-7-bilhoes-de-garrafas-plasticas-coletadas-para-reciclagem-mundialmente%2F&amp;sr=0&amp;signature=4d3c18dc14087d3b711e05b2a6c3575e&amp;blog_id=9438832&amp;user=135099004&amp;_e=eyJlcnJvciI6bnVsbCwiYmxvZ19pZCI6OTQzODgzMiwiYmxvZ19sYW5nIjoicHQtQlIiLCJzaXRlX2lkX2xhYmVsIjoid3Bjb20iLCJoYXNfZmVhdHVyZWRfaW1hZ2UiOiIwIiwic3Vic2NyaWJlcl9pZCI6IjQ0NzAwMjQ1IiwiX3VpIjoxMzUwOTkwMDQsImxvY2FsZSI6InB0LWJyIiwiY3VycmVuY3kiOiJCUkwiLCJjb3VudHJ5X2NvZGVfc2lnbnVwIjoiQlIiLCJzaWdudXBfZmxvd19uYW1lIjoiZGVsdGEtc2l0ZSIsImVtYWlsX2RvbWFpbiI6ImFiaW50Lm9yZy5iciIsInBvc3RfaWQiOjE4NjczLCJ1c2VyX2VtYWlsIjoiYWJpbnRAYWJpbnQub3JnLmJyIiwiZGF0ZV9zZW50IjoiMjAyNC0xMS0wNyIsImVtYWlsX2lkIjoiMjA1YmU5N2NlYThlODA1M2YwYjNhNDdhNTY2ZTQyODYiLCJlbWFpbF9uYW1lIjoibmV3LXBvc3QiLCJ0ZW1wbGF0ZSI6Im5ldy1wb3N0IiwibGlua19kZXNjIjoicG9zdC11cmwiLCJhbmNob3JfdGV4dCI6IlBsYXN0aWMgQmFuayBhbGNhblx1MDBlN2EgYSBtYXJjYSBkZSA3IGJpbGhcdTAwZjVlcyBkZSBnYXJyYWZhcyBwbFx1MDBlMXN0aWNhcyBjb2xldGFkYXMgcGFyYSByZWNpY2xhZ2VtXHUwMGEwbXVuZGlhbG1lbnRlIiwiX2RyIjpudWxsLCJfZGwiOiJcL3dwLWFkbWluXC9wb3N0LnBocCIsIl91dCI6IndwY29tOnVzZXJfaWQiLCJfdWwiOiJhYmludHR0IiwiX2VuIjoid3Bjb21fZW1haWxfY2xpY2siLCJfdHMiOjE3MzEwMTI2MTI2NTMsImJyb3dzZXJfdHlwZSI6InBocC1hZ2VudCIsIl9hdWEiOiJ3cGNvbS10cmFja3MtY2xpZW50LXYwLjMiLCJibG9nX3R6IjoiLTMiLCJ1c2VyX2xhbmciOiJwdC1iciJ9&amp;_z=z\" style=\"color:blue; text-decoration:underline\"><span style=\"font-size:14.0pt\">Plastic Bank alcan&ccedil;a a marca de 7 bilh&otilde;es de garrafas pl&aacute;sticas coletadas para reciclagem mundialmente<\/span><\/a> <\/span><\/span><\/span><\/p>\r\n\r\n<p style=\"text-align:justify\"><span style=\"font-size:28pt\"><span style=\"font-family:Cambria,serif\"><span style=\"letter-spacing:-0.5pt\"><b><span style=\"font-size:18.0pt\"><span style=\"font-family:&quot;Calibri&quot;,sans-serif\"><span style=\"font-variant:small-caps\">Inova&ccedil;&atilde;o<\/span><\/span><\/span><\/b><\/span><\/span><\/span><\/p>\r\n\r\n<p style=\"text-align:justify\"><span style=\"font-size:11pt\"><span style=\"line-height:normal\"><span style=\"font-family:Calibri,sans-serif\"><a href=\"https:\/\/agenciagov.ebc.com.br\/noticias\/202411\/credito-do-bndes-para-industria-supera-agro-pela-primeira-vez-desde-2016\" style=\"color:blue; text-decoration:underline\"><span style=\"font-size:14.0pt\">Cr&eacute;dito do BNDES para ind&uacute;stria supera agro pela primeira vez desde 2016: s&oacute; em projetos de inova&ccedil;&atilde;o foram R$ 9 bilh&otilde;es<\/span><\/a><\/span><\/span><\/span><\/p>\r\n\r\n<p style=\"text-align:justify\"><span style=\"font-size:28pt\"><span style=\"font-family:Cambria,serif\"><span style=\"letter-spacing:-0.5pt\"><b><span style=\"font-size:18.0pt\"><span style=\"font-family:&quot;Calibri&quot;,sans-serif\"><span style=\"font-variant:small-caps\">Com&eacute;rcio Exterior<\/span><\/span><\/span><\/b><\/span><\/span><\/span><\/p>\r\n\r\n<p style=\"text-align:justify\"><span style=\"font-size:11pt\"><span style=\"line-height:normal\"><span style=\"font-family:Calibri,sans-serif\"><a href=\"https:\/\/www.metropoles.com\/brasil\/economia-br\/balanca-comercial-tem-superavit-de-us-434-bilhoes-em-outubro\" style=\"color:blue; text-decoration:underline\"><span style=\"font-size:14.0pt\">Balan&ccedil;a comercial tem super&aacute;vit de US$ 4,34 bilh&otilde;es em outubro<\/span><\/a><\/span><\/span><\/span><\/p>\r\n\r\n<p style=\"text-align:justify\"><span style=\"font-size:11pt\"><span style=\"line-height:normal\"><span style=\"font-family:Calibri,sans-serif\"><a href=\"https:\/\/noticias.portaldaindustria.com.br\/noticias\/internacional\/industrias-brasileira-e-japonesa-buscam-acordo-economico-mercosul-japao\/\" style=\"color:blue; text-decoration:underline\"><span style=\"font-size:14.0pt\">Ind&uacute;strias brasileira e japonesa buscam acordo econ&ocirc;mico Mercosul-Jap&atilde;o<\/span><\/a><\/span><\/span><\/span><\/p>\r\n\r\n<p style=\"text-align:justify\"><span style=\"font-size:28pt\"><span style=\"font-family:Cambria,serif\"><span style=\"letter-spacing:-0.5pt\"><b><span style=\"font-size:18.0pt\"><span style=\"font-family:&quot;Calibri&quot;,sans-serif\"><span style=\"font-variant:small-caps\">Economia<\/span><\/span><\/span><\/b><\/span><\/span><\/span><\/p>\r\n\r\n<p style=\"text-align:justify\"><span style=\"font-size:11pt\"><span style=\"line-height:normal\"><span style=\"font-family:Calibri,sans-serif\"><a href=\"https:\/\/www.bcb.gov.br\/content\/focus\/focus\/R20241108.pdf\" style=\"color:blue; text-decoration:underline\"><span style=\"font-size:14.0pt\">Focus - Relat&oacute;rio de Mercado<\/span><\/a><\/span><\/span><\/span><\/p>\r\n\r\n<p style=\"text-align:justify\"><span style=\"font-size:11pt\"><span style=\"line-height:normal\"><span style=\"font-family:Calibri,sans-serif\"><a href=\"https:\/\/revlink.revistaanamaco.com.br\/cl\/PS3T3\/CxP\/8d4a\/LCFJkUKAOaB\/BM-9\/B-NDPGsqAP6\/2\/\" style=\"color:blue; text-decoration:underline\" target=\"_blank\"><span style=\"font-size:14.0pt\">Brasileiros j&aacute; pagaram R$ 3 trilh&otilde;es em impostos<\/span><\/a><\/span><\/span><\/span><\/p>\r\n\r\n<p style=\"text-align:justify\"><span style=\"font-size:11pt\"><span style=\"line-height:normal\"><span style=\"font-family:Calibri,sans-serif\"><a href=\"https:\/\/portalibre.fgv.br\/system\/files\/divulgacao\/noticias\/mat-complementar\/2024-11\/Bar%C3%B4metros%20Globais%20KOF-FGV_Press%20release_11_2024.pdf\" style=\"color:blue; text-decoration:underline\"><span style=\"font-size:14.0pt\">Bar&ocirc;metros Globais avan&ccedil;am em novembro sob influ&ecirc;ncia da regi&atilde;o da &Aacute;sia, Pac&iacute;fico e &Aacute;frica<\/span><\/a><\/span><\/span><\/span><\/p>\r\n\r\n<p style=\"text-align:justify\"><span style=\"font-size:11pt\"><span style=\"line-height:normal\"><span style=\"font-family:Calibri,sans-serif\"><a href=\"https:\/\/ibre.fgv.br\/blog-da-conjuntura-economica\/artigos\/nao-e-obvio-que-uma-china-que-cresce-menos-e-um-problema\" style=\"color:blue; text-decoration:underline\"><span style=\"font-size:14.0pt\">&ldquo;N&atilde;o &eacute; &oacute;bvio que uma China que cresce menos &eacute; um problema&rdquo;<\/span><\/a><\/span><\/span><\/span><\/p>\r\n\r\n<p style=\"text-align:justify\"><span style=\"font-size:11pt\"><span style=\"line-height:normal\"><span style=\"font-family:Calibri,sans-serif\"><a href=\"https:\/\/www.fibre2fashion.com\/news\/textile-news\/china-s-manufacturing-sector-expands-in-oct-after-5-contraction-months-298899-newsdetails.htm\" style=\"color:blue; text-decoration:underline\"><span lang=\"EN-US\" style=\"font-size:14.0pt\">China&#39;s manufacturing sector expands in Oct after 5 contraction months<\/span><\/a><\/span><\/span><\/span><\/p>\r\n\r\n<p style=\"text-align:justify\"><span style=\"font-size:11pt\"><span style=\"line-height:normal\"><span style=\"font-family:Calibri,sans-serif\"><span lang=\"EN-US\" style=\"font-size:14.0pt\"><img src=\"https:\/\/www.abint.org.br\/assets\/img\/editor\/redes-sociais-abint-ctg-cth_20241112160947vfHjsiuwux.jpg\" \/><\/span><\/span><\/span><\/span><\/p>\r\n","6":"<p><span style=\"font-size:14.0pt\"><span style=\"line-height:115%\"><span style=\"font-family:&quot;Calibri&quot;,sans-serif\">Esta &eacute; uma compila&ccedil;&atilde;o das not&iacute;cias mais relevantes para o setor, incluindo informa&ccedil;&otilde;es sobre acordos internacionais, economia brasileira, sustentabilidade e mat&eacute;rias primas, al&eacute;m de novidades do setor de N&atilde;otecidos e Tecidos T&eacute;cnicos.<\/span><\/span><\/span><\/p>\r\n\r\n<p><b><span style=\"font-size:18.0pt\"><span style=\"line-height:115%\"><span style=\"font-family:&quot;Calibri&quot;,sans-serif\"><span style=\"font-variant:small-caps\">O que vem por a&iacute;<\/span><\/span><\/span><\/span><\/b><\/p>\r\n\r\n<p><b><span style=\"font-size:18.0pt\"><span style=\"line-height:115%\"><span style=\"font-family:&quot;Calibri&quot;,sans-serif\"><span style=\"font-variant:small-caps\"><img src=\"https:\/\/www.abint.org.br\/assets\/img\/editor\/original_20241112160424CKA53ATk2H.png\" style=\"width: 300px; height: 69px;\" \/><\/span><\/span><\/span><\/span><\/b><\/p>\r\n\r\n<p><b><span style=\"font-size:18.0pt\"><span style=\"line-height:115%\"><span style=\"font-family:&quot;Calibri&quot;,sans-serif\"><span style=\"font-variant:small-caps\"><img src=\"https:\/\/www.abint.org.br\/assets\/img\/editor\/post-quadrado-curso-naotecido_20241112160516nrJlhltUbu.jpg\" style=\"width: 500px; height: 500px;\" \/><\/span><\/span><\/span><\/span><\/b><\/p>\r\n\r\n<p><span style=\"font-size:11pt\"><span style=\"line-height:normal\"><span style=\"font-family:Calibri,sans-serif\"><a href=\"https:\/\/forms.office.com\/r\/5DrqtK5n3Y\" style=\"color:blue; text-decoration:underline\"><span style=\"font-size:14.0pt\">Informa&ccedil;&otilde;es e inscri&ccedil;&otilde;es<\/span><\/a><\/span><\/span><\/span><\/p>\r\n\r\n<p>&nbsp;<\/p>\r\n\r\n<p><span style=\"font-size:11pt\"><span style=\"line-height:normal\"><span style=\"font-family:Calibri,sans-serif\"><span style=\"font-size:14.0pt\"><img src=\"https:\/\/www.abint.org.br\/assets\/img\/editor\/logo-ctg-abint-png_20241112160600feVHkOWIMg.png\" style=\"width: 300px; height: 55px;\" \/><\/span><\/span><\/span><\/span><\/p>\r\n\r\n<p>&nbsp;<\/p>\r\n\r\n<p><span style=\"font-size:11pt\"><span style=\"line-height:normal\"><span style=\"font-family:Calibri,sans-serif\"><span style=\"font-size:14.0pt\"><img src=\"https:\/\/www.abint.org.br\/assets\/img\/editor\/20241203-live-ctg-instagram-thiago-zanon_202411121606297XLL7J9msV.jpg\" style=\"width: 500px; height: 500px;\" \/><\/span><\/span><\/span><\/span><\/p>\r\n\r\n<p>&nbsp;<\/p>\r\n\r\n<p>&nbsp;<\/p>\r\n\r\n<p class=\"MsoTitle\" style=\"text-align:justify\"><span style=\"font-size:28pt\"><span style=\"font-family:Cambria,serif\"><span style=\"letter-spacing:-0.5pt\"><b><span lang=\"EN-US\" style=\"font-size:18.0pt\"><span style=\"font-family:&quot;Calibri&quot;,sans-serif\"><span style=\"font-variant:small-caps\">Not&iacute;cias das Associadas<\/span><\/span><\/span><\/b><\/span><\/span><\/span><\/p>\r\n\r\n<p style=\"text-align:justify\"><span style=\"font-size:11pt\"><span style=\"line-height:normal\"><span style=\"font-family:Calibri,sans-serif\"><a href=\"https:\/\/r.mail.fibretofashion.com\/tr\/cl\/7hoBdB76np7Wlg5-lN2d-MKraJd_3f2uG7DmWi2Ui_Q2mD9OIsifddSfHqSzkPYYTArpnnRhiask5eaAEv6V-1dyJjnyV1MmCFGfxGENNZFZMJBtDSTf7EjaoouTG17fpp2SdXiKqLuWQMtbNVxVa6bUxyECGwKOwJ9fZtw8LOOkJ_ZslDVeHcw3sNbE-7s93kpE8BxpulaOxJzV-lSZS8I46YOFx0Dc0tM_gSJ2OF-pkO9KszlJl8Ae0bl8n9Y1r46H5pCM5qb2-tpHy-FKU1by3gwI9cu1ZBbvOksc3cx_2axbrLy7gnb55hnjU3xYdSxxHXab5qGz_C_Hwync9c3I-ZgmcT1RsSksU_xeFzHtcJXtouwDrrwpowST-DfLv1Of_p-Nw9WUai4\" style=\"color:blue; text-decoration:underline\" target=\"_blank\"><span lang=\"EN-US\" style=\"font-size:14.0pt\">Freudenberg Performance Materials launches new website for Filtura<\/span><\/a><\/span><\/span><\/span><\/p>\r\n\r\n<p style=\"text-align:justify\"><span style=\"font-size:11pt\"><span style=\"line-height:normal\"><span style=\"font-family:Calibri,sans-serif\"><a href=\"file:\/\/\/C:\/Users\/Cristiane\/Downloads\/Suominen%20Announces%20Q3%20Sales%20Increase\" style=\"color:blue; text-decoration:underline\"><span lang=\"EN-US\" style=\"font-size:14.0pt\">Suominen Announces Q3 Sales Increase<\/span><\/a><\/span><\/span><\/span><\/p>\r\n\r\n<p style=\"text-align:justify\">&nbsp;<\/p>\r\n\r\n<p style=\"text-align:justify\"><span style=\"font-size:11pt\"><span style=\"line-height:normal\"><span style=\"font-family:Calibri,sans-serif\"><b><span style=\"font-size:18.0pt\"><span style=\"font-variant:small-caps\">Eventos<\/span><\/span><\/b><\/span><\/span><\/span><\/p>\r\n\r\n<p style=\"text-align:justify\">&nbsp;<\/p>\r\n\r\n<p style=\"text-align:justify\"><span style=\"font-size:11pt\"><span style=\"line-height:normal\"><span style=\"font-family:Calibri,sans-serif\"><a href=\"https:\/\/www.abrafiltros.org.br\/cursos\/\" style=\"color:blue; text-decoration:underline\"><b><span style=\"font-size:14.0pt\">Cursos Abrafiltros | Automatiza&ccedil;&atilde;o de Filtros de Manga<\/span><\/b><\/a><\/span><\/span><\/span><\/p>\r\n\r\n<p style=\"text-align:justify\"><span style=\"font-size:11pt\"><span style=\"line-height:normal\"><span style=\"font-family:Calibri,sans-serif\"><a href=\"https:\/\/app.rdstation.email\/mail\/686bd16d-10e4-435d-a0e4-887c020a4e3d?utm_campaign=convite_workshop_inventarios_de_gee&amp;utm_medium=email&amp;utm_source=RD+Station\" style=\"color:blue; text-decoration:underline\"><b><span style=\"font-size:14.0pt\">Workshop Abit | Invent&aacute;rios de Gases de Efeito Estufa<\/span><\/b><\/a><span style=\"font-size:14.0pt\">, 13 de novembro de 2024, das 10h &agrave;s 12h, evento online<\/span><\/span><\/span><\/span><\/p>\r\n\r\n<p style=\"text-align:justify\"><span style=\"font-size:11pt\"><span style=\"line-height:normal\"><span style=\"font-family:Calibri,sans-serif\"><a href=\"https:\/\/forms.office.com\/Pages\/ResponsePage.aspx?id=Emp2JAADgUap3B8wJEenut9ISfmxrj5Ihl7EKg2iKPdUMzRLM1FLN09CSjQ0VUhPSDM1NkNDNFAxWS4u\" style=\"color:blue; text-decoration:underline\"><b><span style=\"font-size:14.0pt\">Think Plastic Brazil | Webinar: Explorando Oportunidades no Setor de Constru&ccedil;&atilde;o Civil nos Emirados &Aacute;rabes Unidos<\/span><\/b><\/a><span style=\"font-size:14.0pt\">, 13 de novembro de 2024, 09h &agrave;s 11<\/span><\/span><\/span><\/span><\/p>\r\n\r\n<p style=\"text-align:justify\"><span style=\"font-size:11pt\"><span style=\"line-height:normal\"><span style=\"font-family:Calibri,sans-serif\"><a href=\"https:\/\/portalibre.fgv.br\/eventos\/o-papel-dos-gastos-tributarios-na-politica-fiscal-desafios-e-oportunidades\" style=\"color:blue; text-decoration:underline\"><b><span style=\"font-size:14.0pt\">FGV IBRE | O Papel dos Gastos Tribut&aacute;rios na Pol&iacute;tica Fiscal<\/span><\/b><\/a><span style=\"font-size:14.0pt\">, 13 de novembro de 2024, 10h &agrave;s 12h, Funda&ccedil;&atilde;o Get&uacute;lio Vargas, 190, Praia de Botafogo, Sala 537 (5&ordm; andar)<\/span><\/span><\/span><\/span><\/p>\r\n\r\n<p style=\"text-align:justify\"><span style=\"font-size:11pt\"><span style=\"line-height:normal\"><span style=\"font-family:Calibri,sans-serif\"><a href=\"https:\/\/crm-apps.apexbrasil.com.br\/orgbdeab873\/inscricao-eventos\/evento\/webinar-direto-de-mercado-vietna-2024\/02e46424-63ce-47ed-9517-3cc470d0dcb9?utm_source=EMarketing&amp;msdynttrid=BPVGP4l-cFevnuuBnxX4XnHQeCGSYCtC5qkNkIP5824\" style=\"color:blue; text-decoration:underline\"><b><span style=\"font-size:14.0pt\">Apex | Webs&eacute;rie: Direto do Mercado - Edi&ccedil;&atilde;o Vietn&atilde;<\/span><\/b><\/a><span style=\"font-size:14.0pt\">, 26 de novembro de 2024, 10h00 &agrave;s 12h00, evento online. - <\/span><a href=\"https:\/\/apexbrasil.com.br\/content\/apexbrasil\/br\/pt\/solucoes\/inteligencia\/estudos-e-publicacoes\/perfil-de-comercio-e-investimentos\/perfil-de-comercio-e-investimentos---vietna---2024.html#msdynttrid=iXTvvD7J-RT4L1tVTMk-gcLLGDrWIphZROR62FFY2ww\" style=\"color:blue; text-decoration:underline\"><span style=\"font-size:14.0pt\">Perfil de Com&eacute;rcio e Investimentos Vietn&atilde; 2024<\/span><\/a><\/span><\/span><\/span><\/p>\r\n\r\n<p style=\"text-align:justify\"><span style=\"font-size:11pt\"><span style=\"line-height:normal\"><span style=\"font-family:Calibri,sans-serif\"><a href=\"https:\/\/www.sympla.com.br\/evento\/metrolegal-2024-seminario-de-metrologia-legal\/2589740?referrer=www.google.com#event-location\" style=\"color:blue; text-decoration:underline\"><b><span style=\"font-size:14.0pt\">MetroLegal 2024 - Semin&aacute;rio de Metrologia Legal<\/span><\/b><\/a><span style=\"font-size:14.0pt\">, 26 e 27 de novembro de 2024, 08h30 &agrave;s 18h00, evento presencial em CREA-SP, Avenida Ang&eacute;lica, 2.364, audit&oacute;rio do Crea-SP, Consola&ccedil;&atilde;o, S&atilde;o Paulo, SP<\/span><\/span><\/span><\/span><\/p>\r\n\r\n<p style=\"text-align:justify\"><span style=\"font-size:11pt\"><span style=\"line-height:normal\"><span style=\"font-family:Calibri,sans-serif\"><a href=\"https:\/\/produtos.institutoabit.org.br\/prod\/f3322895-d99b-4ecb-a1e4-64156bfefdee?utm_campaign=convite_ws_etiquetagem_usa&amp;utm_medium=email&amp;utm_source=RD+Station\" style=\"color:blue; text-decoration:underline\"><b><span style=\"font-size:14.0pt\">Workshop Abit | Etiquetagem e Conformidade para produtos confeccionados: como se preparar para exportar para os Estados Unidos<\/span><\/b><\/a><span style=\"font-size:14.0pt\">, 27 de novembro de 2024, 09h &agrave;s 11h, evento h&iacute;brido<\/span><\/span><\/span><\/span><\/p>\r\n\r\n<p style=\"text-align:justify\">&nbsp;<\/p>\r\n\r\n<p style=\"text-align:justify\"><img src=\"https:\/\/www.abint.org.br\/assets\/img\/editor\/abtt-academy-curso-controle-de-qualidade_20241112160741SyCalnYv3G.jpg\" style=\"width: 500px; height: 500px;\" \/><\/p>\r\n\r\n<p style=\"text-align:justify\"><span style=\"font-size:11pt\"><span style=\"line-height:normal\"><span style=\"font-family:Calibri,sans-serif\"><a href=\"https:\/\/docs.google.com\/forms\/d\/e\/1FAIpQLScTZYp3ad81O9jZ5AsmE9YJv-BWn5FHMpMFR-80p-445-0iUw\/viewform\" style=\"color:blue; text-decoration:underline\"><span style=\"font-size:14.0pt\">Informa&ccedil;&otilde;es e inscri&ccedil;&otilde;es<\/span><\/a><\/span><\/span><\/span><\/p>\r\n\r\n<p style=\"text-align:justify\">&nbsp;<\/p>\r\n\r\n<p style=\"text-align:justify\"><span style=\"font-size:11pt\"><span style=\"line-height:normal\"><span style=\"font-family:Calibri,sans-serif\"><a href=\"https:\/\/www.enaiq.org.br\/\" style=\"color:blue; text-decoration:underline\"><b><span style=\"font-size:14.0pt\">ENAIQ 2024 &ndash; 29&ordm; Encontro Anual da Ind&uacute;stria Qu&iacute;mica<\/span><\/b><\/a><span style=\"font-size:14.0pt\">, 02 de dezembro de 2024, World Trade Center S&atilde;o Paulo, Av. das Na&ccedil;&otilde;es Unidas, 12551, Cidade Mon&ccedil;&otilde;es, S&atilde;o Paulo, SP, 04578-903<\/span><\/span><\/span><\/span><\/p>\r\n\r\n<p style=\"text-align:justify\"><span style=\"font-size:11pt\"><span style=\"line-height:normal\"><span style=\"font-family:Calibri,sans-serif\"><a href=\"https:\/\/conteudo.fcem.com.br\/seja-expositor-febratextil-2025?utm_campaign=emkt_comercial_febratextil_comercial_041124&amp;utm_medium=email&amp;utm_source=RD+Station\" style=\"color:blue; text-decoration:underline\"><b><span style=\"font-size:14.0pt\">FebraT&ecirc;xtil 2025<\/span><\/b><\/a><span style=\"font-size:14.0pt\">, 18 a 20 de fevereiro de 2025, Expo Center Norte, S&atilde;o Paulo, SP<\/span><\/span><\/span><\/span><\/p>\r\n\r\n<p style=\"text-align:justify\"><span style=\"font-size:11pt\"><span style=\"line-height:normal\"><span style=\"font-family:Calibri,sans-serif\"><a href=\"https:\/\/www.fimec.com.br\/\" style=\"color:blue; text-decoration:underline\"><b><span style=\"font-size:14.0pt\">Fimec 2025<\/span><\/b><\/a><span style=\"font-size:14.0pt\">, 18 a 20 de mar&ccedil;o, Fenac, Novo Hamburgo, RS<\/span><\/span><\/span><\/span><\/p>\r\n\r\n<p style=\"text-align:justify\"><span style=\"font-size:11pt\"><span style=\"line-height:normal\"><span style=\"font-family:Calibri,sans-serif\"><a href=\"https:\/\/www.plasticobrasil.com.br\/pt\/home.html\" style=\"color:blue; text-decoration:underline\"><b><span style=\"font-size:14.0pt\">Feira Pl&aacute;stico Brasil<\/span><\/b><\/a><span style=\"font-size:14.0pt\">, de 24 a 28 de mar&ccedil;o de 2025, das 10h &agrave;s 19h, S&atilde;o Paulo Expo, Rodovia dos Imigrantes, km 1,5<\/span><\/span><\/span><\/span><\/p>\r\n\r\n<p style=\"text-align:justify\"><span style=\"font-size:11pt\"><span style=\"line-height:normal\"><span style=\"font-family:Calibri,sans-serif\"><a href=\"https:\/\/ideashow.org\/\" style=\"color:blue; text-decoration:underline\"><b><span lang=\"EN-US\" style=\"font-size:14.0pt\">IDEA25<\/span><\/b><\/a><span lang=\"EN-US\" style=\"font-size:14.0pt\">, April 29-May 1, 2025, Miami Beach Convention Center, Miami Beach, Florida<\/span><\/span><\/span><\/span><\/p>\r\n\r\n<p style=\"text-align:justify\"><span style=\"font-size:11pt\"><span style=\"line-height:normal\"><span style=\"font-family:Calibri,sans-serif\"><a href=\"https:\/\/www.conbrava.com.br\/\" style=\"color:blue; text-decoration:underline\"><b><span style=\"font-size:14.0pt\">CONBRAVA 2025<\/span><\/b><\/a><span style=\"font-size:14.0pt\">, 10 a 12 de setembro de 2025, S&atilde;o Paulo Expo, Rodovia dos Imigrantes, km 1,5<\/span><\/span><\/span><\/span><\/p>\r\n\r\n<p style=\"text-align:justify\"><span style=\"font-size:28pt\"><span style=\"font-family:Cambria,serif\"><span style=\"letter-spacing:-0.5pt\"><b><span style=\"font-size:18.0pt\"><span style=\"font-family:&quot;Calibri&quot;,sans-serif\"><span style=\"font-variant:small-caps\">Setor<\/span><\/span><\/span><\/b><\/span><\/span><\/span><\/p>\r\n\r\n<p style=\"text-align:justify\"><span style=\"font-size:11pt\"><span style=\"line-height:normal\"><span style=\"font-family:Calibri,sans-serif\"><a href=\"https:\/\/dol.com.br\/carajas\/cidades\/maraba\/882025\/escola-promove-reflexao-e-realiza-desfile-sustentavel-no-pa?d=1\" style=\"color:blue; text-decoration:underline\"><span style=\"font-size:14.0pt\">N&atilde;otecido: escola promove reflex&atilde;o e realiza desfile sustent&aacute;vel no PA<\/span><\/a><\/span><\/span><\/span><\/p>\r\n\r\n<p style=\"text-align:justify\"><span style=\"font-size:11pt\"><span style=\"line-height:normal\"><span style=\"font-family:Calibri,sans-serif\"><a href=\"https:\/\/www.textileworld.com\/textile-world\/nonwovens-technical-textiles\/2024\/11\/edana-hosts-groundbreaking-sustainability-forum-2024-showcasing-pathways-to-a-greener-future-for-the-nonwovens-industry\/\" style=\"color:blue; text-decoration:underline\"><span style=\"font-size:14.0pt\">EDANA sedia o inovador F&oacute;rum de Sustentabilidade 2024, apresentando caminhos para um futuro mais verde para a ind&uacute;stria de n&atilde;o-tecidos<\/span><\/a><\/span><\/span><\/span><\/p>\r\n\r\n<p style=\"text-align:justify\"><span style=\"font-size:11pt\"><span style=\"line-height:normal\"><span style=\"font-family:Calibri,sans-serif\"><a href=\"https:\/\/anba.com.br\/feira-de-calcados-tera-importadores-arabes\/\" style=\"color:blue; text-decoration:underline\"><span style=\"font-size:14.0pt\">Feira de cal&ccedil;ados ter&aacute; importadores &aacute;rabes<\/span><\/a><\/span><\/span><\/span><\/p>\r\n\r\n<p style=\"text-align:justify\"><span style=\"font-size:11pt\"><span style=\"line-height:normal\"><span style=\"font-family:Calibri,sans-serif\"><a href=\"https:\/\/www.nonwovens-industry.com\/contents\/view_breaking-news\/2024-11-04\/berry-completes-spin-off-and-merger-between-hhnf-business-and-glatfelter\/15303\" style=\"color:blue; text-decoration:underline\"><span lang=\"EN-US\" style=\"font-size:14.0pt\">Berry Completes Spin-Off and Merger Between HHNF Business and Glatfelter<\/span><\/a><\/span><\/span><\/span><\/p>\r\n\r\n<p style=\"text-align:justify\"><span style=\"font-size:11pt\"><span style=\"line-height:normal\"><span style=\"font-family:Calibri,sans-serif\"><a href=\"https:\/\/tissueonline.com.br\/soft-n-dry-lanca-a-tecnologia-econoliite-core-para-fraldas-sustentaveis-de-marca-propria-na-europa\/?utm_campaign=newsletter_08112024_novo_modelo&amp;utm_medium=email&amp;utm_source=RD+Station\" style=\"color:blue; text-decoration:underline\"><span style=\"font-size:14.0pt\">Soft N Dry lan&ccedil;a a tecnologia econoLiite Core&trade; para fraldas sustent&aacute;veis de marca pr&oacute;pria na Europa<\/span><\/a><\/span><\/span><\/span><\/p>\r\n\r\n<p style=\"text-align:justify\"><span style=\"font-size:11pt\"><span style=\"line-height:normal\"><span style=\"font-family:Calibri,sans-serif\"><a href=\"https:\/\/www.revistaplasticosul.com.br\/materias-primas\/oben-group-completa-aquisicao-da-terphane-ampliando-participacao-global-em-filmes-de-poliester\/\" style=\"color:blue; text-decoration:underline\"><span style=\"font-size:14.0pt\">Oben Group completa aquisi&ccedil;&atilde;o da Terphane, ampliando participa&ccedil;&atilde;o global em filmes de poli&eacute;ster<\/span><\/a><\/span><\/span><\/span><\/p>\r\n\r\n<p style=\"text-align:justify\"><span style=\"font-size:28pt\"><span style=\"font-family:Cambria,serif\"><span style=\"letter-spacing:-0.5pt\"><b><span style=\"font-size:18.0pt\"><span style=\"font-family:&quot;Calibri&quot;,sans-serif\"><span style=\"font-variant:small-caps\">Ind&uacute;stria<\/span><\/span><\/span><\/b><\/span><\/span><\/span><\/p>\r\n\r\n<p style=\"text-align:justify\"><span style=\"font-size:11pt\"><span style=\"line-height:normal\"><span style=\"font-family:Calibri,sans-serif\"><a href=\"https:\/\/revistaoeste.com\/economia\/producao-industrial-cai-em-8-de-15-locais-analisados-pelo-ibge\/\" style=\"color:blue; text-decoration:underline\"><span style=\"font-size:14.0pt\">Produ&ccedil;&atilde;o industrial cai em 8 de 15 locais analisados pelo IBGE<\/span><\/a><\/span><\/span><\/span><\/p>\r\n\r\n<p style=\"text-align:justify\"><span style=\"font-size:11pt\"><span style=\"line-height:normal\"><span style=\"font-family:Calibri,sans-serif\"><a href=\"https:\/\/www.ocafezinho.com\/2024\/11\/05\/nova-politica-industrial-impulsiona-crescimento-do-setor-diz-presidente-da-abimaq\/\" style=\"color:blue; text-decoration:underline\"><span style=\"font-size:14.0pt\">Nova pol&iacute;tica industrial impulsiona crescimento do setor, diz presidente da Abimaq<\/span><\/a><\/span><\/span><\/span><\/p>\r\n\r\n<p style=\"text-align:justify\"><span style=\"font-size:11pt\"><span style=\"line-height:normal\"><span style=\"font-family:Calibri,sans-serif\"><a href=\"https:\/\/noticias.portaldaindustria.com.br\/noticias\/economia\/desempenho-da-pequena-industria-cresce-no-3o-trimestre-aponta-cni\/\" style=\"color:blue; text-decoration:underline\"><span style=\"font-size:14.0pt\">Desempenho da pequena ind&uacute;stria cresce no 3&ordm; trimestre, aponta CNI<\/span><\/a><\/span><\/span><\/span><\/p>\r\n\r\n<p style=\"text-align:justify\"><span style=\"font-size:11pt\"><span style=\"line-height:normal\"><span style=\"font-family:Calibri,sans-serif\"><a href=\"https:\/\/www.terra.com.br\/noticias\/indicadores-economicos-apontam-confianca-na-construcao-civil,cd31164f51d7746b5f0a8873671b584elp4d7fi2.html\" style=\"color:blue; text-decoration:underline\"><span style=\"font-size:14.0pt\">Indicadores econ&ocirc;micos apontam confian&ccedil;a na constru&ccedil;&atilde;o civil<\/span><\/a><\/span><\/span><\/span><\/p>\r\n\r\n<p style=\"text-align:justify\"><span style=\"font-size:11pt\"><span style=\"line-height:normal\"><span style=\"font-family:Calibri,sans-serif\"><a href=\"https:\/\/guaiba.com.br\/2024\/11\/06\/producao-de-calcados-cresceu-48-ate-setembro-aponta-abicalcados\/\" style=\"color:blue; text-decoration:underline\"><span style=\"font-size:14.0pt\">Produ&ccedil;&atilde;o de cal&ccedil;ados cresceu 4,8% at&eacute; setembro, aponta Abical&ccedil;ados<\/span><\/a><\/span><\/span><\/span><\/p>\r\n\r\n<p style=\"text-align:justify\"><span style=\"font-size:11pt\"><span style=\"line-height:normal\"><span style=\"font-family:Calibri,sans-serif\"><a href=\"https:\/\/www.youtube.com\/watch?v=nza2VWTJ6JE\" style=\"color:blue; text-decoration:underline\"><span style=\"font-size:14.0pt\">Di&aacute;logos da Transi&ccedil;&atilde;o | Trump, Transi&ccedil;&atilde;o Energ&eacute;tica e COP29<\/span><\/a><\/span><\/span><\/span><\/p>\r\n\r\n<p style=\"text-align:justify\"><span style=\"font-size:28pt\"><span style=\"font-family:Cambria,serif\"><span style=\"letter-spacing:-0.5pt\"><b><span style=\"font-size:18.0pt\"><span style=\"font-family:&quot;Calibri&quot;,sans-serif\"><span style=\"font-variant:small-caps\">Sustentabilidade<\/span><\/span><\/span><\/b><\/span><\/span><\/span><\/p>\r\n\r\n<p style=\"text-align:justify\"><span style=\"font-size:11pt\"><span style=\"line-height:normal\"><span style=\"font-family:Calibri,sans-serif\"><a href=\"https:\/\/www.anahp.com.br\/publicacoes\/esg-nos-hospitais-anahp-2024-o-impacto-das-emergencias-climaticas-na-saude\/?utm_campaign=reforco_-_publicacao_esg_2024&amp;utm_medium=email&amp;utm_source=RD+Station\" style=\"color:blue; text-decoration:underline\"><span style=\"font-size:14.0pt\">ESG nos hospitais Anahp 2024: o impacto das emerg&ecirc;ncias clim&aacute;ticas na sa&uacute;de<\/span><\/a><\/span><\/span><\/span><\/p>\r\n\r\n<p style=\"text-align:justify\"><span style=\"font-size:11pt\"><span style=\"line-height:normal\"><span style=\"font-family:Calibri,sans-serif\"><a href=\"https:\/\/surgiu.com.br\/2024\/11\/07\/a-sustentabilidade-na-industria-textil-ja-esta-acontecendo\/\" style=\"color:blue; text-decoration:underline\"><span style=\"font-size:14.0pt\">A sustentabilidade na ind&uacute;stria t&ecirc;xtil j&aacute; est&aacute; acontecendo<\/span><\/a><\/span><\/span><\/span><\/p>\r\n\r\n<p style=\"text-align:justify\"><span style=\"font-size:11pt\"><span style=\"line-height:normal\"><span style=\"font-family:Calibri,sans-serif\"><a href=\"https:\/\/www.uol.com.br\/ecoa\/faq\/desafios-da-reciclagem-no-brasil.htm\" style=\"color:blue; text-decoration:underline\"><span style=\"font-size:14.0pt\">Quais os desafios da reciclagem no Brasil?<\/span><\/a><\/span><\/span><\/span><\/p>\r\n\r\n<p style=\"text-align:justify\"><span style=\"font-size:11pt\"><span style=\"line-height:normal\"><span style=\"font-family:Calibri,sans-serif\"><a href=\"https:\/\/www12.senado.leg.br\/noticias\/materias\/2024\/11\/05\/projeto-altera-a-lei-de-saneamento-basico-para-incluir-drenagem-de-aguas-pluviais\" style=\"color:blue; text-decoration:underline\"><span style=\"font-size:14.0pt\">Projeto altera a Lei de Saneamento B&aacute;sico para incluir drenagem de &aacute;guas pluviais<\/span><\/a><\/span><\/span><\/span><\/p>\r\n\r\n<p style=\"text-align:justify\"><span style=\"font-size:11pt\"><span style=\"line-height:normal\"><span style=\"font-family:Calibri,sans-serif\"><a href=\"https:\/\/blogdocaminhoneiro.com\/2024\/11\/grades-frontais-dos-caminhoes-dos-caminhoes-scania-serao-feitas-com-plastico-reciclado\/\" style=\"color:blue; text-decoration:underline\"><span style=\"font-size:14.0pt\">Reciclagem de PET: grades frontais dos caminh&otilde;es dos caminh&otilde;es Scania ser&atilde;o feitas com pl&aacute;stico reciclado<\/span><\/a><\/span><\/span><\/span><\/p>\r\n\r\n<p style=\"text-align:justify\"><span style=\"font-size:11pt\"><span style=\"line-height:normal\"><span style=\"font-family:Calibri,sans-serif\"><a href=\"https:\/\/plasticosemrevista.com.br\/reciclagem-perde-folego-na-uniao-europeia\/\" style=\"color:blue; text-decoration:underline\"><span style=\"font-size:14.0pt\">Reciclagem perde f&ocirc;lego na Uni&atilde;o Europeia<\/span><\/a><\/span><\/span><\/span><\/p>\r\n\r\n<p style=\"text-align:justify\"><span style=\"font-size:11pt\"><span style=\"line-height:normal\"><span style=\"font-family:Calibri,sans-serif\"><a href=\"https:\/\/noticias.portaldaindustria.com.br\/especiais\/a-industria-na-cop29\/\" style=\"color:blue; text-decoration:underline\"><span style=\"font-size:14.0pt\">A ind&uacute;stria na COP29<\/span><\/a><\/span><\/span><\/span><\/p>\r\n\r\n<p style=\"text-align:justify\"><span style=\"font-size:11pt\"><span style=\"line-height:normal\"><span style=\"font-family:Calibri,sans-serif\"><a href=\"https:\/\/public-api.wordpress.com\/bar\/?stat=groovemails-events&amp;bin=wpcom_email_click&amp;redirect_to=https%3A%2F%2Fblogdoplastico.wordpress.com%2F2024%2F11%2F07%2Fplastic-bank-alcanca-a-marca-de-7-bilhoes-de-garrafas-plasticas-coletadas-para-reciclagem-mundialmente%2F&amp;sr=0&amp;signature=4d3c18dc14087d3b711e05b2a6c3575e&amp;blog_id=9438832&amp;user=135099004&amp;_e=eyJlcnJvciI6bnVsbCwiYmxvZ19pZCI6OTQzODgzMiwiYmxvZ19sYW5nIjoicHQtQlIiLCJzaXRlX2lkX2xhYmVsIjoid3Bjb20iLCJoYXNfZmVhdHVyZWRfaW1hZ2UiOiIwIiwic3Vic2NyaWJlcl9pZCI6IjQ0NzAwMjQ1IiwiX3VpIjoxMzUwOTkwMDQsImxvY2FsZSI6InB0LWJyIiwiY3VycmVuY3kiOiJCUkwiLCJjb3VudHJ5X2NvZGVfc2lnbnVwIjoiQlIiLCJzaWdudXBfZmxvd19uYW1lIjoiZGVsdGEtc2l0ZSIsImVtYWlsX2RvbWFpbiI6ImFiaW50Lm9yZy5iciIsInBvc3RfaWQiOjE4NjczLCJ1c2VyX2VtYWlsIjoiYWJpbnRAYWJpbnQub3JnLmJyIiwiZGF0ZV9zZW50IjoiMjAyNC0xMS0wNyIsImVtYWlsX2lkIjoiMjA1YmU5N2NlYThlODA1M2YwYjNhNDdhNTY2ZTQyODYiLCJlbWFpbF9uYW1lIjoibmV3LXBvc3QiLCJ0ZW1wbGF0ZSI6Im5ldy1wb3N0IiwibGlua19kZXNjIjoicG9zdC11cmwiLCJhbmNob3JfdGV4dCI6IlBsYXN0aWMgQmFuayBhbGNhblx1MDBlN2EgYSBtYXJjYSBkZSA3IGJpbGhcdTAwZjVlcyBkZSBnYXJyYWZhcyBwbFx1MDBlMXN0aWNhcyBjb2xldGFkYXMgcGFyYSByZWNpY2xhZ2VtXHUwMGEwbXVuZGlhbG1lbnRlIiwiX2RyIjpudWxsLCJfZGwiOiJcL3dwLWFkbWluXC9wb3N0LnBocCIsIl91dCI6IndwY29tOnVzZXJfaWQiLCJfdWwiOiJhYmludHR0IiwiX2VuIjoid3Bjb21fZW1haWxfY2xpY2siLCJfdHMiOjE3MzEwMTI2MTI2NTMsImJyb3dzZXJfdHlwZSI6InBocC1hZ2VudCIsIl9hdWEiOiJ3cGNvbS10cmFja3MtY2xpZW50LXYwLjMiLCJibG9nX3R6IjoiLTMiLCJ1c2VyX2xhbmciOiJwdC1iciJ9&amp;_z=z\" style=\"color:blue; text-decoration:underline\"><span style=\"font-size:14.0pt\">Plastic Bank alcan&ccedil;a a marca de 7 bilh&otilde;es de garrafas pl&aacute;sticas coletadas para reciclagem mundialmente<\/span><\/a> <\/span><\/span><\/span><\/p>\r\n\r\n<p style=\"text-align:justify\"><span style=\"font-size:28pt\"><span style=\"font-family:Cambria,serif\"><span style=\"letter-spacing:-0.5pt\"><b><span style=\"font-size:18.0pt\"><span style=\"font-family:&quot;Calibri&quot;,sans-serif\"><span style=\"font-variant:small-caps\">Inova&ccedil;&atilde;o<\/span><\/span><\/span><\/b><\/span><\/span><\/span><\/p>\r\n\r\n<p style=\"text-align:justify\"><span style=\"font-size:11pt\"><span style=\"line-height:normal\"><span style=\"font-family:Calibri,sans-serif\"><a href=\"https:\/\/agenciagov.ebc.com.br\/noticias\/202411\/credito-do-bndes-para-industria-supera-agro-pela-primeira-vez-desde-2016\" style=\"color:blue; text-decoration:underline\"><span style=\"font-size:14.0pt\">Cr&eacute;dito do BNDES para ind&uacute;stria supera agro pela primeira vez desde 2016: s&oacute; em projetos de inova&ccedil;&atilde;o foram R$ 9 bilh&otilde;es<\/span><\/a><\/span><\/span><\/span><\/p>\r\n\r\n<p style=\"text-align:justify\"><span style=\"font-size:28pt\"><span style=\"font-family:Cambria,serif\"><span style=\"letter-spacing:-0.5pt\"><b><span style=\"font-size:18.0pt\"><span style=\"font-family:&quot;Calibri&quot;,sans-serif\"><span style=\"font-variant:small-caps\">Com&eacute;rcio Exterior<\/span><\/span><\/span><\/b><\/span><\/span><\/span><\/p>\r\n\r\n<p style=\"text-align:justify\"><span style=\"font-size:11pt\"><span style=\"line-height:normal\"><span style=\"font-family:Calibri,sans-serif\"><a href=\"https:\/\/www.metropoles.com\/brasil\/economia-br\/balanca-comercial-tem-superavit-de-us-434-bilhoes-em-outubro\" style=\"color:blue; text-decoration:underline\"><span style=\"font-size:14.0pt\">Balan&ccedil;a comercial tem super&aacute;vit de US$ 4,34 bilh&otilde;es em outubro<\/span><\/a><\/span><\/span><\/span><\/p>\r\n\r\n<p style=\"text-align:justify\"><span style=\"font-size:11pt\"><span style=\"line-height:normal\"><span style=\"font-family:Calibri,sans-serif\"><a href=\"https:\/\/noticias.portaldaindustria.com.br\/noticias\/internacional\/industrias-brasileira-e-japonesa-buscam-acordo-economico-mercosul-japao\/\" style=\"color:blue; text-decoration:underline\"><span style=\"font-size:14.0pt\">Ind&uacute;strias brasileira e japonesa buscam acordo econ&ocirc;mico Mercosul-Jap&atilde;o<\/span><\/a><\/span><\/span><\/span><\/p>\r\n\r\n<p style=\"text-align:justify\"><span style=\"font-size:28pt\"><span style=\"font-family:Cambria,serif\"><span style=\"letter-spacing:-0.5pt\"><b><span style=\"font-size:18.0pt\"><span style=\"font-family:&quot;Calibri&quot;,sans-serif\"><span style=\"font-variant:small-caps\">Economia<\/span><\/span><\/span><\/b><\/span><\/span><\/span><\/p>\r\n\r\n<p style=\"text-align:justify\"><span style=\"font-size:11pt\"><span style=\"line-height:normal\"><span style=\"font-family:Calibri,sans-serif\"><a href=\"https:\/\/www.bcb.gov.br\/content\/focus\/focus\/R20241108.pdf\" style=\"color:blue; text-decoration:underline\"><span style=\"font-size:14.0pt\">Focus - Relat&oacute;rio de Mercado<\/span><\/a><\/span><\/span><\/span><\/p>\r\n\r\n<p style=\"text-align:justify\"><span style=\"font-size:11pt\"><span style=\"line-height:normal\"><span style=\"font-family:Calibri,sans-serif\"><a href=\"https:\/\/revlink.revistaanamaco.com.br\/cl\/PS3T3\/CxP\/8d4a\/LCFJkUKAOaB\/BM-9\/B-NDPGsqAP6\/2\/\" style=\"color:blue; text-decoration:underline\" target=\"_blank\"><span style=\"font-size:14.0pt\">Brasileiros j&aacute; pagaram R$ 3 trilh&otilde;es em impostos<\/span><\/a><\/span><\/span><\/span><\/p>\r\n\r\n<p style=\"text-align:justify\"><span style=\"font-size:11pt\"><span style=\"line-height:normal\"><span style=\"font-family:Calibri,sans-serif\"><a href=\"https:\/\/portalibre.fgv.br\/system\/files\/divulgacao\/noticias\/mat-complementar\/2024-11\/Bar%C3%B4metros%20Globais%20KOF-FGV_Press%20release_11_2024.pdf\" style=\"color:blue; text-decoration:underline\"><span style=\"font-size:14.0pt\">Bar&ocirc;metros Globais avan&ccedil;am em novembro sob influ&ecirc;ncia da regi&atilde;o da &Aacute;sia, Pac&iacute;fico e &Aacute;frica<\/span><\/a><\/span><\/span><\/span><\/p>\r\n\r\n<p style=\"text-align:justify\"><span style=\"font-size:11pt\"><span style=\"line-height:normal\"><span style=\"font-family:Calibri,sans-serif\"><a href=\"https:\/\/ibre.fgv.br\/blog-da-conjuntura-economica\/artigos\/nao-e-obvio-que-uma-china-que-cresce-menos-e-um-problema\" style=\"color:blue; text-decoration:underline\"><span style=\"font-size:14.0pt\">&ldquo;N&atilde;o &eacute; &oacute;bvio que uma China que cresce menos &eacute; um problema&rdquo;<\/span><\/a><\/span><\/span><\/span><\/p>\r\n\r\n<p style=\"text-align:justify\"><span style=\"font-size:11pt\"><span style=\"line-height:normal\"><span style=\"font-family:Calibri,sans-serif\"><a href=\"https:\/\/www.fibre2fashion.com\/news\/textile-news\/china-s-manufacturing-sector-expands-in-oct-after-5-contraction-months-298899-newsdetails.htm\" style=\"color:blue; text-decoration:underline\"><span lang=\"EN-US\" style=\"font-size:14.0pt\">China&#39;s manufacturing sector expands in Oct after 5 contraction months<\/span><\/a><\/span><\/span><\/span><\/p>\r\n\r\n<p style=\"text-align:justify\"><span style=\"font-size:11pt\"><span style=\"line-height:normal\"><span style=\"font-family:Calibri,sans-serif\"><span lang=\"EN-US\" style=\"font-size:14.0pt\"><img src=\"https:\/\/www.abint.org.br\/assets\/img\/editor\/redes-sociais-abint-ctg-cth_20241112160947vfHjsiuwux.jpg\" \/><\/span><\/span><\/span><\/span><\/p>\r\n","texto_en":"","7":"","imagem":"COMP_capa-2024-site-boletim-abint-noticias-semanis_20241112161418FAuTB9RbCS.jpg","8":"COMP_capa-2024-site-boletim-abint-noticias-semanis_20241112161418FAuTB9RbCS.jpg","arquivo":"20241112-BOLETIM-ABINT-DE-NOTICIAS-SEMANAIS.PDF","9":"20241112-BOLETIM-ABINT-DE-NOTICIAS-SEMANAIS.PDF","titulo_arquivo":"20241112 Boletim ABINT de Not\u00edcias Semanais","10":"20241112 Boletim ABINT de Not\u00edcias Semanais","titulo_arquivo_en":"","11":"","created_at":"2024-11-12 16:14:27","12":"2024-11-12 16:14:27","updated_at":"2024-11-12 16:14:27","13":"2024-11-12 16:14:27"},{"id":144,"0":144,"ordem":79,"1":79,"data":"2024-11-05","2":"2024-11-05","slug":"boletim-abint-de-noticias-semanais-54","3":"boletim-abint-de-noticias-semanais-54","titulo":"Boletim ABINT de Not\u00edcias Semanais","4":"Boletim ABINT de Not\u00edcias Semanais","titulo_en":"","5":"","texto":"<p><span style=\"font-size:14.0pt\"><span style=\"line-height:115%\"><span style=\"font-family:&quot;Calibri&quot;,sans-serif\">Esta &eacute; uma compila&ccedil;&atilde;o das not&iacute;cias mais relevantes para o setor, incluindo informa&ccedil;&otilde;es sobre acordos internacionais, economia brasileira, sustentabilidade e mat&eacute;rias primas, al&eacute;m de novidades do setor de N&atilde;otecidos e Tecidos T&eacute;cnicos.<\/span><\/span><\/span><\/p>\r\n\r\n<p><b><span style=\"font-size:18.0pt\"><span style=\"line-height:115%\"><span style=\"font-family:&quot;Calibri&quot;,sans-serif\"><span style=\"font-variant:small-caps\">O que vem por a&iacute;<\/span><\/span><\/span><\/span><\/b><\/p>\r\n\r\n<p><b><img src=\"https:\/\/www.abint.org.br\/assets\/img\/editor\/abint-logo-2020-g_20241022131612AeQSydsTiA.png\" style=\"width: 300px; height: 69px;\" \/><\/b><\/p>\r\n\r\n<p><img src=\"https:\/\/www.abint.org.br\/assets\/img\/editor\/post-quadrado-curso-naotecido_20241022131820YODT9DK5xW.jpg\" style=\"width: 500px; height: 500px;\" \/><\/p>\r\n\r\n<p style=\"text-align:justify\"><span style=\"font-size:11pt\"><span style=\"line-height:normal\"><span style=\"font-family:Calibri,sans-serif\"><a href=\"https:\/\/forms.office.com\/r\/5DrqtK5n3Y\" style=\"color:blue; text-decoration:underline\"><span style=\"font-size:14.0pt\">Informa&ccedil;&otilde;es e inscri&ccedil;&otilde;es<\/span><\/a><\/span><\/span><\/span><\/p>\r\n\r\n<p style=\"text-align:justify\"><span style=\"font-size:28pt\"><span style=\"font-family:Cambria,serif\"><span style=\"letter-spacing:-0.5pt\"><b><span style=\"font-size:18.0pt\"><span style=\"font-family:&quot;Calibri&quot;,sans-serif\"><span style=\"font-variant:small-caps\">Not&iacute;cias das Associadas<\/span><\/span><\/span><\/b><\/span><\/span><\/span><\/p>\r\n\r\n<p style=\"text-align:justify\"><span style=\"font-size:11pt\"><span style=\"line-height:normal\"><span style=\"font-family:Calibri,sans-serif\"><a href=\"https:\/\/t.rdsv2.net\/ls\/click?upn=u001.SJ-2BHbcLStyE5mTD5OK48sq2JxFfkhvQ6eAz6nLBcupU5fzt0RlwSKq01lqzl-2Fs2JwzTXmjrJfWieVzAjwGaZNGRPD4hA1idEed21lRyehoMrBVngvxEPVhS-2FP7LDRqyHE-2B7xbzS5JeM6A5WwQ2iWCaJC5OmXjT-2BJr6xuWNk5A3gdAV-2B-2BmaveWe02OTYAmW4Bp-2FVn0eer-2FEojhMUz3OZcME8IqKo5-2BvjmRy58h60JABZzKn2ehQRnTdX0FosRYE94Qv1Nif6VLmqrKrzEm0Mdj3-2Bi0nvj-2B-2Bu6ed0rUK7LBWmbq94SeqMUOuwA5w2ZubKsFChUjfMzLw7c6jk1HXMm52rWqGu6F5aFYmybp0WL5ac-3DO6io_T7N8BvZTOm04CQQMiyWztrpCjlUrRc4F7QzSgUIpTqB5Yk-2Bt7YhUyk7lZRXmbFFsi-2Foe1q0kuwsCjfsBOqL9ZeKwOqG7ApazixuGEP6Z5SJuFg5bm15p-2FcAKNI6-2BqjB-2BA5-2BHC0v06AMUKgLW40o-2B-2BmYQdpwYtQakzUYSdBhu5RK9P8m-2BSaiXn8-2Fe-2Bpwpi6sn6szTszEycziYJ70IcJT90z46337z9ixEAAV55EpBhBttNnk24xuRxJlqcS5CkiQKQJF6DgfPn3SUa1W1D3P8RfSG8b4VK5AoTG9KrqC-2BR3wyIS3x-2BB23csKpPXN9NmogBLVGs0-2B3OHXno30rnTLfuxtplCoa2JxwVqCUlyIWCPCx6b1vNcIovC7UXDNWhrISUNwEvvcCDaMZZCQXw6PeJ6O7oYxKGOvF06cxSepDgpd7DBd-2BsD1qrqR3jDKuVm9V7y-2BzCpmO1g8DXiQ0Tpvpu8l-2B4lv3w-2BbDMRX8n-2FZaFkCGyWLc8aU3Di3WqxUUUiCJU7Kuh1lH0kNSxD5Saxn15ZC8oE5k9OE0qg-2BW3uk35e-2BFnLhPJm5SbYqJYmEdbfzxICWkrFPYUiBIRTAT3LaqYz34Ki5XFDDGQzdURt7c4wwFlqGDfM-2Fvol1es6Oz9tdClfaqCdpTlQE1DW-2BCvrfAJ046zPOjYV6zsMDliDLbQ8NIDYulEHdryDMX61TsCxIBcKC1nKbCgsAq1KVbUFXKUhXcoKuEyxwQckeKxgekqDA-3D\" style=\"color:blue; text-decoration:underline\" title=\"ANDRITZ se destaca na ABTCP 2024 com inova\u00e7\u00f5es tecnol\u00f3gicas e estande interativo\"><span style=\"font-size:14.0pt\">ANDRITZ se destaca na ABTCP 2024 com inova&ccedil;&otilde;es tecnol&oacute;gicas e estande interativo<\/span><\/a><\/span><\/span><\/span><\/p>\r\n\r\n<p style=\"text-align:justify\"><span style=\"font-size:11pt\"><span style=\"line-height:normal\"><span style=\"font-family:Calibri,sans-serif\"><a href=\"https:\/\/www.technicaltextile.net\/news\/freudenberg-expands-operations-with-new-plant-in-morinda-india-298718.html\" style=\"color:blue; text-decoration:underline\"><span lang=\"EN-US\" style=\"font-size:14.0pt\">Freudenberg expands operations with new plant in Morinda, India<\/span><\/a><\/span><\/span><\/span><\/p>\r\n\r\n<p style=\"text-align:justify\"><span style=\"font-size:11pt\"><span style=\"line-height:normal\"><span style=\"font-family:Calibri,sans-serif\"><a href=\"https:\/\/www.technicaltextile.net\/news\/freudenberg-performance-materials-launches-new-website-for-filtura-298886.html\" style=\"color:blue; text-decoration:underline\"><span style=\"font-size:14.0pt\">Freudenberg Performance Materials lan&ccedil;a novo site para Filtura<\/span><\/a><\/span><\/span><\/span><\/p>\r\n\r\n<p style=\"text-align:justify\">&nbsp;<\/p>\r\n\r\n<p style=\"text-align:justify\"><span style=\"font-size:11pt\"><span style=\"line-height:normal\"><span style=\"font-family:Calibri,sans-serif\"><b><span style=\"font-size:18.0pt\"><span style=\"font-variant:small-caps\">Eventos<\/span><\/span><\/b><\/span><\/span><\/span><\/p>\r\n\r\n<p style=\"text-align:justify\">&nbsp;<\/p>\r\n\r\n<p style=\"text-align:justify\"><span style=\"font-size:11pt\"><span style=\"line-height:normal\"><span style=\"font-family:Calibri,sans-serif\"><a href=\"https:\/\/www.abrafiltros.org.br\/cursos\/\" style=\"color:blue; text-decoration:underline\"><b><span style=\"font-size:14.0pt\">Cursos Abrafiltros | Automatiza&ccedil;&atilde;o de Filtros de Manga<\/span><\/b><\/a><\/span><\/span><\/span><\/p>\r\n\r\n<p style=\"text-align:justify\"><span style=\"font-size:11pt\"><span style=\"line-height:normal\"><span style=\"font-family:Calibri,sans-serif\"><a href=\"https:\/\/abrava.com.br\/compromissos\/xxiii-encontro-nacional-de-empresas-projetistas-e-consultores-da-abrava-copy\/?utm_campaign=participe_do_xxiv_encontro_nacional_de_empresas_projetistas_e_consultores&amp;utm_medium=email&amp;utm_source=RD+Station\" style=\"color:blue; text-decoration:underline\"><b><span style=\"font-size:14.0pt\">ENPC 2024 &ndash; XXIV Encontro Nacional de Empresas Projetistas e Consultores da Abrava<\/span><\/b><\/a><span style=\"font-size:14.0pt\">, 05 e 06 de novembro, 08h30 &agrave;s 18h00, evento online<\/span><\/span><\/span><\/span><\/p>\r\n\r\n<p style=\"text-align:justify\"><span style=\"font-size:11pt\"><span style=\"line-height:normal\"><span style=\"font-family:Calibri,sans-serif\"><a href=\"https:\/\/docs.google.com\/forms\/d\/e\/1FAIpQLSdlLJEamcFOQLk7NGJ8dadSzdWJm76r1yGCMsC934sYZx3n_g\/viewform\" style=\"color:blue; text-decoration:underline\"><b><span style=\"font-size:14.0pt\">AESabesp | Regula&ccedil;&atilde;o ESG - Aplica&ccedil;&atilde;o e pr&aacute;tica no setor de saneamento<\/span><\/b><\/a><span style=\"font-size:14.0pt\">, 5 e 7 de novembro de 2024, 14h &agrave;s 17h, plataforma online<\/span><\/span><\/span><\/span><\/p>\r\n\r\n<p style=\"text-align:justify\"><span style=\"font-size:11pt\"><span style=\"line-height:normal\"><span style=\"font-family:Calibri,sans-serif\"><a href=\"https:\/\/wtin-summit.zoom.us\/webinar\/register\/8317274323268\/WN_dSUzxaVJS5uDqijTmxudMg#\/registration\" style=\"color:blue; text-decoration:underline\"><b><span lang=\"EN-US\" style=\"font-size:14.0pt\">Shaping the future of sustainable molded parts: Nonwoven Monomaterial Solutions<\/span><\/b><\/a><span lang=\"EN-US\" style=\"font-size:14.0pt\">, November 7, 2024, 10:00 am<\/span><\/span><\/span><\/span><\/p>\r\n\r\n<p style=\"text-align:justify\"><span style=\"font-size:11pt\"><span style=\"line-height:normal\"><span style=\"font-family:Calibri,sans-serif\"><a href=\"https:\/\/wtin-summit.zoom.us\/webinar\/register\/8317274323268\/WN_dSUzxaVJS5uDqijTmxudMg#\/registration\" style=\"color:blue; text-decoration:underline\"><b><span lang=\"EN-US\" style=\"font-size:14.0pt\">Webinar: Shaping the future of sustainable molded parts - Nonwoven monomaterial solutions<\/span><\/b><\/a><span lang=\"EN-US\" style=\"font-size:14.0pt\">, Thursday 7 November at 1pm UTC<\/span><\/span><\/span><\/span><\/p>\r\n\r\n<p style=\"text-align:justify\"><span style=\"font-size:11pt\"><span style=\"line-height:normal\"><span style=\"font-family:Calibri,sans-serif\"><a href=\"https:\/\/app.rdstation.email\/mail\/686bd16d-10e4-435d-a0e4-887c020a4e3d?utm_campaign=convite_workshop_inventarios_de_gee&amp;utm_medium=email&amp;utm_source=RD+Station\" style=\"color:blue; text-decoration:underline\"><b><span style=\"font-size:14.0pt\">Workshop Abit | Invent&aacute;rios de Gases de Efeito Estufa<\/span><\/b><\/a><span style=\"font-size:14.0pt\">, 13 de novembro de 2024, das 10h &agrave;s 12h, evento online<\/span><\/span><\/span><\/span><\/p>\r\n\r\n<p style=\"text-align:justify\"><span style=\"font-size:11pt\"><span style=\"line-height:normal\"><span style=\"font-family:Calibri,sans-serif\"><a href=\"https:\/\/forms.office.com\/Pages\/ResponsePage.aspx?id=Emp2JAADgUap3B8wJEenut9ISfmxrj5Ihl7EKg2iKPdUMzRLM1FLN09CSjQ0VUhPSDM1NkNDNFAxWS4u\" style=\"color:blue; text-decoration:underline\"><b><span style=\"font-size:14.0pt\">Think Plastic Brazil | Webinar: Explorando Oportunidades no Setor de Constru&ccedil;&atilde;o Civil nos Emirados &Aacute;rabes Unidos<\/span><\/b><\/a><span style=\"font-size:14.0pt\">, 13 de novembro de 2024, 09h &agrave;s 11<\/span><\/span><\/span><\/span><\/p>\r\n\r\n<p style=\"text-align:justify\"><span style=\"font-size:11pt\"><span style=\"line-height:normal\"><span style=\"font-family:Calibri,sans-serif\"><a href=\"https:\/\/portalibre.fgv.br\/eventos\/o-papel-dos-gastos-tributarios-na-politica-fiscal-desafios-e-oportunidades\" style=\"color:blue; text-decoration:underline\"><b><span style=\"font-size:14.0pt\">FGV IBRE | O Papel dos Gastos Tribut&aacute;rios na Pol&iacute;tica Fiscal<\/span><\/b><\/a><span style=\"font-size:14.0pt\">, 13 de novembro de 2024, 10h &agrave;s 12h, Funda&ccedil;&atilde;o Get&uacute;lio Vargas, 190, Praia de Botafogo, Sala 537 (5&ordm; andar)<\/span><\/span><\/span><\/span><\/p>\r\n\r\n<p style=\"text-align:justify\"><span style=\"font-size:11pt\"><span style=\"line-height:normal\"><span style=\"font-family:Calibri,sans-serif\"><a href=\"https:\/\/www.sympla.com.br\/evento\/metrolegal-2024-seminario-de-metrologia-legal\/2589740?referrer=www.google.com#event-location\" style=\"color:blue; text-decoration:underline\"><b><span style=\"font-size:14.0pt\">MetroLegal 2024 - Semin&aacute;rio de Metrologia Legal<\/span><\/b><\/a><span style=\"font-size:14.0pt\">, 26 e 27 de novembro de 2024, 08h30 &agrave;s 18h00, evento presencial em CREA-SP, Avenida Ang&eacute;lica, 2.364, audit&oacute;rio do Crea-SP, Consola&ccedil;&atilde;o, S&atilde;o Paulo, SP<\/span><\/span><\/span><\/span><\/p>\r\n\r\n<p style=\"text-align:justify\"><span style=\"font-size:11pt\"><span style=\"line-height:normal\"><span style=\"font-family:Calibri,sans-serif\"><a href=\"https:\/\/produtos.institutoabit.org.br\/prod\/f3322895-d99b-4ecb-a1e4-64156bfefdee?utm_campaign=convite_ws_etiquetagem_usa&amp;utm_medium=email&amp;utm_source=RD+Station\" style=\"color:blue; text-decoration:underline\"><b><span style=\"font-size:14.0pt\">Workshop Abit | Etiquetagem e Conformidade para produtos confeccionados: como se preparar para exportar para os Estados Unidos<\/span><\/b><\/a><span style=\"font-size:14.0pt\">, 27 de novembro de 2024, 09h &agrave;s 11h, evento h&iacute;brido<\/span><\/span><\/span><\/span><\/p>\r\n\r\n<p>&nbsp;<\/p>\r\n\r\n<p><img src=\"https:\/\/www.abint.org.br\/assets\/img\/editor\/abtt-academy-curso-controle-de-qualidade_20241105190730uxhHoeaTog.jpg\" style=\"width: 500px; height: 500px;\" \/><\/p>\r\n\r\n<p align=\"center\" style=\"text-align:center\"><span style=\"font-size:11pt\"><span style=\"line-height:normal\"><span style=\"font-family:Calibri,sans-serif\"><a href=\"https:\/\/docs.google.com\/forms\/d\/e\/1FAIpQLScTZYp3ad81O9jZ5AsmE9YJv-BWn5FHMpMFR-80p-445-0iUw\/viewform\" style=\"color:blue; text-decoration:underline\"><span style=\"font-size:14.0pt\">Informa&ccedil;&otilde;es e inscri&ccedil;&otilde;es<\/span><\/a><\/span><\/span><\/span><\/p>\r\n\r\n<p style=\"text-align:justify\">&nbsp;<\/p>\r\n\r\n<p style=\"text-align:justify\"><span style=\"font-size:11pt\"><span style=\"line-height:normal\"><span style=\"font-family:Calibri,sans-serif\"><a href=\"https:\/\/conteudo.fcem.com.br\/seja-expositor-febratextil-2025?utm_campaign=emkt_comercial_febratextil_comercial_041124&amp;utm_medium=email&amp;utm_source=RD+Station\" style=\"color:blue; text-decoration:underline\"><b><span style=\"font-size:14.0pt\">FebraT&ecirc;xtil 2025<\/span><\/b><\/a><span style=\"font-size:14.0pt\">, 18 a 20 de fevereiro de 2025, Expo Center Norte, S&atilde;o Paulo, SP<\/span><\/span><\/span><\/span><\/p>\r\n\r\n<p style=\"text-align:justify\"><span style=\"font-size:11pt\"><span style=\"line-height:normal\"><span style=\"font-family:Calibri,sans-serif\"><a href=\"https:\/\/www.fimec.com.br\/\" style=\"color:blue; text-decoration:underline\"><b><span style=\"font-size:14.0pt\">Fimec 2025<\/span><\/b><\/a><span style=\"font-size:14.0pt\">, 18 a 20 de mar&ccedil;o, Fenac, Novo Hamburgo, RS<\/span><\/span><\/span><\/span><\/p>\r\n\r\n<p style=\"text-align:justify\"><span style=\"font-size:11pt\"><span style=\"line-height:normal\"><span style=\"font-family:Calibri,sans-serif\"><a href=\"https:\/\/www.plasticobrasil.com.br\/pt\/home.html\" style=\"color:blue; text-decoration:underline\"><b><span style=\"font-size:14.0pt\">Feira Pl&aacute;stico Brasil<\/span><\/b><\/a><span style=\"font-size:14.0pt\">, de 24 a 28 de mar&ccedil;o de 2025, das 10h &agrave;s 19h, S&atilde;o Paulo Expo, Rodovia dos Imigrantes, km 1,5<\/span><\/span><\/span><\/span><\/p>\r\n\r\n<p style=\"text-align:justify\"><span style=\"font-size:11pt\"><span style=\"line-height:normal\"><span style=\"font-family:Calibri,sans-serif\"><a href=\"https:\/\/ideashow.org\/\" style=\"color:blue; text-decoration:underline\"><b><span lang=\"EN-US\" style=\"font-size:14.0pt\">IDEA25<\/span><\/b><\/a><span lang=\"EN-US\" style=\"font-size:14.0pt\">, April 29-May 1, 2025, Miami Beach Convention Center, Miami Beach, Florida<\/span><\/span><\/span><\/span><\/p>\r\n\r\n<p style=\"text-align:justify\"><span style=\"font-size:11pt\"><span style=\"line-height:normal\"><span style=\"font-family:Calibri,sans-serif\"><a href=\"https:\/\/www.conbrava.com.br\/\" style=\"color:blue; text-decoration:underline\"><b><span style=\"font-size:14.0pt\">CONBRAVA 2025<\/span><\/b><\/a><span style=\"font-size:14.0pt\">, 10 a 12 de setembro de 2025, S&atilde;o Paulo Expo, Rodovia dos Imigrantes, km 1,5<\/span><\/span><\/span><\/span><\/p>\r\n\r\n<p style=\"text-align:justify\"><span style=\"font-size:28pt\"><span style=\"font-family:Cambria,serif\"><span style=\"letter-spacing:-0.5pt\"><b><span style=\"font-size:18.0pt\"><span style=\"font-family:&quot;Calibri&quot;,sans-serif\"><span style=\"font-variant:small-caps\">Setor<\/span><\/span><\/span><\/b><\/span><\/span><\/span><\/p>\r\n\r\n<p style=\"text-align:justify\"><span style=\"font-size:11pt\"><span style=\"line-height:normal\"><span style=\"font-family:Calibri,sans-serif\"><a href=\"https:\/\/www.poder360.com.br\/poder-economia\/entidades-querem-derrubar-elevacao-da-aliquota-de-quimicos\/\" style=\"color:blue; text-decoration:underline\"><span style=\"font-size:14.0pt\">Entidades querem derrubar eleva&ccedil;&atilde;o da al&iacute;quota de qu&iacute;micos<\/span><\/a><\/span><\/span><\/span><\/p>\r\n\r\n<p style=\"text-align:justify\"><span style=\"font-size:11pt\"><span style=\"line-height:normal\"><span style=\"font-family:Calibri,sans-serif\"><a href=\"https:\/\/www.plastico.com.br\/restricoes-ao-pvc-o-que-se-pode-esperar-para-o-futuro\/\" style=\"color:blue; text-decoration:underline\"><span style=\"font-size:14.0pt\">Restri&ccedil;&otilde;es ao PVC: o que se pode esperar para o futuro<\/span><\/a><\/span><\/span><\/span><\/p>\r\n\r\n<p style=\"text-align:justify\"><span style=\"font-size:11pt\"><span style=\"line-height:normal\"><span style=\"font-family:Calibri,sans-serif\"><a href=\"https:\/\/noticias.portaldaindustria.com.br\/noticias\/politica-industrial\/politica-industrial-para-alavancar-os-setores-textil-e-de-confeccao\/\" style=\"color:blue; text-decoration:underline\"><span style=\"font-size:14.0pt\">Pol&iacute;tica industrial para alavancar os setores t&ecirc;xtil e de confec&ccedil;&atilde;o<\/span><\/a><\/span><\/span><\/span><\/p>\r\n\r\n<p style=\"text-align:justify\"><span style=\"font-size:11pt\"><span style=\"line-height:normal\"><span style=\"font-family:Calibri,sans-serif\"><a href=\"https:\/\/engeplus.com.br\/noticia\/especiais-engeplus\/209456\/setor-plastico-se-reinventa-para-contribuir-com-a-economia-sustentavel-e-preservar-empregos\" style=\"color:blue; text-decoration:underline\"><span style=\"font-size:14.0pt\">Setor pl&aacute;stico se reinventa para contribuir com a economia sustent&aacute;vel e preservar empregos<\/span><\/a><\/span><\/span><\/span><\/p>\r\n\r\n<p style=\"text-align:justify\"><span style=\"font-size:11pt\"><span style=\"line-height:normal\"><span style=\"font-family:Calibri,sans-serif\"><a href=\"https:\/\/santaportal.com.br\/baixada\/obras-em-encosta-do-morro-jose-menino-sao-finalizadas\" style=\"color:blue; text-decoration:underline\"><span style=\"font-size:14.0pt\">Geomanta: obras em encosta do Morro Jos&eacute; Menino s&atilde;o finalizadas<\/span><\/a><\/span><\/span><\/span><\/p>\r\n\r\n<p style=\"text-align:justify\"><span style=\"font-size:11pt\"><span style=\"line-height:normal\"><span style=\"font-family:Calibri,sans-serif\"><a href=\"https:\/\/t.rdsv2.net\/ls\/click?upn=u001.SJ-2BHbcLStyE5mTD5OK48sq2JxFfkhvQ6eAz6nLBcupXBdvk8VWV2GUpAWUTNfjA9N49TBHw7-2B-2BTw8QCY-2B3z50hABgIfqX8nyw1ahc2eDKpAHSoQv67JMJNmsm6oU1pmo1TE0MYWfqc61Q-2F9X-2Fzq939VOsEBJbmjTlmCewHxt-2FiN4BRMxJxicFJWZYhMVx4y9fcHMiHz7fg0ncI91EwRmjSRf4crGVW7S0z5H7MTH3jA4I8rHgZqUFoZJk2SFLr1zU-2FA0tU1-2B6aJa-2Bz7x2ZjLTw-3D-3DimH4_T7N8BvZTOm04CQQMiyWztrpCjlUrRc4F7QzSgUIpTqB5Yk-2Bt7YhUyk7lZRXmbFFsi-2Foe1q0kuwsCjfsBOqL9ZeKwOqG7ApazixuGEP6Z5SJuFg5bm15p-2FcAKNI6-2BqjB-2BR8H7zXH5msbvYeZHKjTLsJQa4tCr-2F7bdw1PGftbnczlw6qkofDJXIZ4xU7-2FM4R-2Bv-2FELWtFPnTerfR5qlXbeHoVf3JVI6yo-2B065HLxfLDs9JdQ87ra8peCbMYjACUxr3CU1NRzElozh8-2FwU5VYe8jHwCf7VZBtWBrRB5vgd2jG9wZluklhJKOi1-2FaVRX3hKVs317Fmipi4UIzWHxRNHHWt2yuAYX7kB6GuBOnhYGEknMNJmLbSYvKySU-2FRcF0dAG3EdRxhC7kKE-2FqDuNvy3qxuisKagUpzd6VGCVmWdQ9SQvK-2BlC-2BuGVVIbF708gWZoEqRsvibQehpj95p9LffvbsmQZxlbqmU62bohbWvirjIu5uM9LPuZTq9yAgyg-2FhsmHVn0TPxPoAX5X4Ravo45eGGIdYOvYwt8B6Kvk9Ye6aeMk9ab8LHkJwJwbpfumkVp0Dno9jaJnIGYDS5H7W0Hkwj1f-2BU-2FPF3VrwH6BDUB3IlCFRRICR2jOa71haksY5gxuD6WkuhF8-2BhgsqWfhwnkLcWWP5DkKpl99rMseL-2FOPwEE0pA4HA7Ld-2B47awdGX10kMe\" style=\"color:blue; text-decoration:underline\" title=\"CCM se consolida no mercado de fraldas geri\u00e1tricas\"><span style=\"font-size:14.0pt\">CCM se consolida no mercado de fraldas geri&aacute;tricas<\/span><\/a><\/span><\/span><\/span><\/p>\r\n\r\n<p style=\"text-align:justify\"><span style=\"font-size:11pt\"><span style=\"line-height:normal\"><span style=\"font-family:Calibri,sans-serif\"><a href=\"https:\/\/t.rdsv2.net\/ls\/click?upn=u001.SJ-2BHbcLStyE5mTD5OK48sq2JxFfkhvQ6eAz6nLBcupWyUH45bd6XaN-2BcKSYg9ATa7zgMvKa7-2F12mPoN-2B0maZgMUcTwmd2luUH1kCVcuQyVYKX9tHexkfxyJIdPLPMOs1Vfbid-2FaJ0xVXfYuGPqjSWXCGyhr8H8b-2FBlr16bzLho1pN9VQHm84uRLfNUH2HBuTEmMXUAW-2FcrcuXt0vfWJr3RryXsJ61hK0zZJUaQ4aRHUSOgul8r3Z45iY2hieAeq2FM08ABqUBfuGJbUVWW0DgA-3D-3DNTYS_T7N8BvZTOm04CQQMiyWztrpCjlUrRc4F7QzSgUIpTqB5Yk-2Bt7YhUyk7lZRXmbFFsi-2Foe1q0kuwsCjfsBOqL9ZeKwOqG7ApazixuGEP6Z5SJuFg5bm15p-2FcAKNI6-2BqjB-2BLVtWtCR0Pg1UgddYlyk-2FXTCZfB68HbCd358MDZH2Ui0bMdMqRK3PWprQZVlrFFLCOZhGsRTOC5fWKTiMsgTUNa-2Bucw9K67iU8zvDzsl-2BjReqfEdRGi4wiNFEO9sdfBux68jMJhcSBNYFcwsKg8YnPsGIkMXkUmhaHbedbgqyGKZ-2B1mxuuC1ry951-2FNh3-2FnYJez-2Frt-2BPLLK3oiflae620Mg1oO8JeB9LnaXXu-2Bm-2BBAn8vKyU6YEcxBTATlCetTN6J8lTJNFTwHsyBZJC-2B19-2F-2BQO3DOyBC3Zft80nCpsdczs6L4T5HjDauuel1e3tIyNVeqKJiLgS2ZVn3WKq-2Bpt3Ekylr453jIYpBSym3kBfmMWDhG8VqlGLc4M1uyblmGEJLDaHvkmJeMGy6cd-2BxdI2z05sqj-2FHsOvHMXb0xarr-2BE7FoKNtLzwRaRMj3fAjUQBbfAOMEZ0jm8S1KzHJjYZ7mWDmvYzW2np9Lv6w9hqlgwGV-2BX6G5Hn-2BuAvanz4oSojCQvARmwNhKubRA3LTXnRT1YA-3D-3D\" style=\"color:blue; text-decoration:underline\" target=\"_blank\" title=\"Essity refor\u00e7a sua produ\u00e7\u00e3o na Espanha com investimento de \u20ac 24 milh\u00f5es em Puigpelat\"><span style=\"font-size:14.0pt\">Essity refor&ccedil;a sua produ&ccedil;&atilde;o na Espanha com investimento de &euro; 24 milh&otilde;es em Puigpelat<\/span><\/a><\/span><\/span><\/span><\/p>\r\n\r\n<p style=\"text-align:justify\"><span style=\"font-size:28pt\"><span style=\"font-family:Cambria,serif\"><span style=\"letter-spacing:-0.5pt\"><b><span style=\"font-size:18.0pt\"><span style=\"font-family:&quot;Calibri&quot;,sans-serif\"><span style=\"font-variant:small-caps\">Ind&uacute;stria<\/span><\/span><\/span><\/b><\/span><\/span><\/span><\/p>\r\n\r\n<p style=\"text-align:justify\"><span style=\"font-size:11pt\"><span style=\"line-height:normal\"><span style=\"font-family:Calibri,sans-serif\"><a href=\"https:\/\/noticias.portaldaindustria.com.br\/noticias\/economia\/confianca-cai-em-18-setores-industriais-em-outubro-mostra-pesquisa-da-cni\/\" style=\"color:blue; text-decoration:underline\"><span style=\"font-size:14.0pt\">Confian&ccedil;a cai em 18 setores industriais em outubro, mostra pesquisa da CNI<\/span><\/a><\/span><\/span><\/span><\/p>\r\n\r\n<p style=\"text-align:justify\"><span style=\"font-size:11pt\"><span style=\"line-height:normal\"><span style=\"font-family:Calibri,sans-serif\"><a href=\"https:\/\/portalibre.fgv.br\/system\/files\/divulgacao\/noticias\/mat-complementar\/2024-11\/%C3%8Dndice%20de%20Confian%C3%A7a%20Empresarial%20FGV_press%20release_Out24.pdf\" style=\"color:blue; text-decoration:underline\"><span style=\"font-size:14.0pt\">Confian&ccedil;a Empresarial reverte queda do m&ecirc;s anterior<\/span><\/a><\/span><\/span><\/span><\/p>\r\n\r\n<p style=\"text-align:justify\"><span style=\"font-size:11pt\"><span style=\"line-height:normal\"><span style=\"font-family:Calibri,sans-serif\"><a href=\"https:\/\/agenciadenoticias.ibge.gov.br\/agencia-sala-de-imprensa\/2013-agencia-de-noticias\/releases\/41702-producao-industrial-avanca-1-1-em-setembro\" style=\"color:blue; text-decoration:underline\"><span style=\"font-size:14.0pt\">Produ&ccedil;&atilde;o industrial avan&ccedil;a 1,1% em setembro<\/span><\/a><\/span><\/span><\/span><\/p>\r\n\r\n<p style=\"text-align:justify\"><span style=\"font-size:11pt\"><span style=\"line-height:normal\"><span style=\"font-family:Calibri,sans-serif\"><a href=\"https:\/\/www.fiemg.com.br\/noticias\/feira-reune-inovacao-e-sustentabilidade-destacando-a-economia-circular-e-o-avanco-tecnologico-na-industria-do-plastico\/\" style=\"color:blue; text-decoration:underline\"><span style=\"font-size:14.0pt\">ExpoPl&aacute;stico 2024 consolida Minas Gerais como polo de inova&ccedil;&atilde;o sustent&aacute;vel na ind&uacute;stria do pl&aacute;stico<\/span><\/a><\/span><\/span><\/span><\/p>\r\n\r\n<p style=\"text-align:justify\"><span style=\"font-size:11pt\"><span style=\"line-height:normal\"><span style=\"font-family:Calibri,sans-serif\"><a href=\"https:\/\/apexbrasil.com.br\/br\/pt\/conteudo\/noticias\/BIF-2024-anuncios-de-investimentos-no-Brasil-durante-o-evento-somam-mais-de-54-bilhoes-de-reais.html#msdynttrid=wnpzL_JordN7uCkHhVAHOjgIL_oNlDRIIG2xStxYm60\" style=\"color:blue; text-decoration:underline\"><span style=\"font-size:14.0pt\">An&uacute;ncios de investimentos no Brasil somam mais de 54 bilh&otilde;es de reais<\/span><\/a><\/span><\/span><\/span><\/p>\r\n\r\n<p style=\"text-align:justify\"><span style=\"font-size:11pt\"><span style=\"line-height:normal\"><span style=\"font-family:Calibri,sans-serif\"><a href=\"https:\/\/www.gov.br\/mdic\/pt-br\/assuntos\/noticias\/2024\/outubro\/missao-3-tem-r-1-6-tri-para-cidades-sustentaveis-e-mobilidade-verde-entre-recursos-publicos-e-privados\" style=\"color:blue; text-decoration:underline\"><span style=\"font-size:14.0pt\">Miss&atilde;o 3 tem R$ 1,6 tri para cidades sustent&aacute;veis e mobilidade verde entre recursos p&uacute;blicos e privados<\/span><\/a><\/span><\/span><\/span><\/p>\r\n\r\n<p style=\"text-align:justify\"><span style=\"font-size:11pt\"><span style=\"line-height:normal\"><span style=\"font-family:Calibri,sans-serif\"><a href=\"https:\/\/www.youtube.com\/watch?v=SmLBummKH8M\" style=\"color:blue; text-decoration:underline\"><span style=\"font-size:14.0pt\">INMETRO Sem Filtro: reveja webinar pr&eacute;-evento Metrolegal 2024<\/span><\/a><\/span><\/span><\/span><\/p>\r\n\r\n<p style=\"text-align:justify\"><span style=\"font-size:28pt\"><span style=\"font-family:Cambria,serif\"><span style=\"letter-spacing:-0.5pt\"><b><span style=\"font-size:18.0pt\"><span style=\"font-family:&quot;Calibri&quot;,sans-serif\"><span style=\"font-variant:small-caps\">Sustentabilidade<\/span><\/span><\/span><\/b><\/span><\/span><\/span><\/p>\r\n\r\n<p style=\"text-align:justify\"><span style=\"font-size:11pt\"><span style=\"line-height:normal\"><span style=\"font-family:Calibri,sans-serif\"><a href=\"https:\/\/www.tempo.com\/noticias\/ciencia\/brasil-pode-liderar-a-producao-de-bioplasticos-sustentaveis-ate.html\" style=\"color:blue; text-decoration:underline\"><span style=\"font-size:14.0pt\">Brasil pode liderar a produ&ccedil;&atilde;o de biopl&aacute;sticos sustent&aacute;veis at&eacute; 2050<\/span><\/a><\/span><\/span><\/span><\/p>\r\n\r\n<p style=\"text-align:justify\"><span style=\"font-size:11pt\"><span style=\"line-height:normal\"><span style=\"font-family:Calibri,sans-serif\"><a href=\"https:\/\/maringapost.com.br\/destaque\/2024\/11\/01\/reciclagem-de-plasticos-no-brasil-estudo-aponta-indice-de-243-para-as-embalagens-em-2023\/\" style=\"color:blue; text-decoration:underline\"><span style=\"font-size:14.0pt\">Reciclagem de pl&aacute;sticos no Brasil: estudo aponta &iacute;ndice de 24,3% para as embalagens em 2023<\/span><\/a><\/span><\/span><\/span><\/p>\r\n\r\n<p style=\"text-align:justify\"><span style=\"font-size:11pt\"><span style=\"line-height:normal\"><span style=\"font-family:Calibri,sans-serif\"><a href=\"https:\/\/www.innovationintextiles.com\/fibres-yarns-fabrics\/crisis-for-european-textile-recycling\/\" style=\"color:blue; text-decoration:underline\"><span style=\"font-size:14.0pt\">Crisis for European textile recycling<\/span><\/a><\/span><\/span><\/span><\/p>\r\n\r\n<p style=\"text-align:justify\"><span style=\"font-size:11pt\"><span style=\"line-height:normal\"><span style=\"font-family:Calibri,sans-serif\"><a href=\"https:\/\/plasticosemrevista.com.br\/recicladora-quimica-de-pet-pede-falencia\/\" style=\"color:blue; text-decoration:underline\"><span style=\"font-size:14.0pt\">Recicladora qu&iacute;mica de PET pede fal&ecirc;ncia<\/span><\/a><\/span><\/span><\/span><\/p>\r\n\r\n<p style=\"text-align:justify\"><span style=\"font-size:11pt\"><span style=\"line-height:normal\"><span style=\"font-family:Calibri,sans-serif\"><a href=\"https:\/\/plasticosemrevista.com.br\/ecomarketing-fake-de-supermercados-no-reino-unido\/\" style=\"color:blue; text-decoration:underline\"><span style=\"font-size:14.0pt\">Ecomarketing fake de supermercados no Reino Unido<\/span><\/a><\/span><\/span><\/span><\/p>\r\n\r\n<p style=\"text-align:justify\"><span style=\"font-size:28pt\"><span style=\"font-family:Cambria,serif\"><span style=\"letter-spacing:-0.5pt\"><b><span style=\"font-size:18.0pt\"><span style=\"font-family:&quot;Calibri&quot;,sans-serif\"><span style=\"font-variant:small-caps\">Inova&ccedil;&atilde;o<\/span><\/span><\/span><\/b><\/span><\/span><\/span><\/p>\r\n\r\n<p style=\"text-align:justify\"><span style=\"font-size:11pt\"><span style=\"line-height:normal\"><span style=\"font-family:Calibri,sans-serif\"><a href=\"https:\/\/www.inovacaotecnologica.com.br\/noticias\/noticia.php?artigo=tecido-isopor-frente-ventilador-gera-ate-230v&amp;id=020115241030&amp;ebol=sim\" style=\"color:blue; text-decoration:underline\"><span style=\"font-size:14.0pt\">Tecido de isopor na frente do ventilador gera at&eacute; 230V<\/span><\/a><\/span><\/span><\/span><\/p>\r\n\r\n<p style=\"text-align:justify\"><span style=\"font-size:11pt\"><span style=\"line-height:normal\"><span style=\"font-family:Calibri,sans-serif\"><a href=\"https:\/\/www.gov.br\/mcti\/pt-br\/acompanhe-o-mcti\/noticias\/2024\/10\/chamada-universal-2024-mcti-e-cnpq-vao-investir-r-450-milhoes-em-projetos-de-todas-as-areas-do-conhecimento\" style=\"color:blue; text-decoration:underline\"><span style=\"font-size:14.0pt\">Chamada Universal 2024: MCTI e CNPq v&atilde;o investir R$ 450 milh&otilde;es em projetos de todas as &aacute;reas do conhecimento<\/span><\/a><\/span><\/span><\/span><\/p>\r\n\r\n<p style=\"text-align:justify\"><span style=\"font-size:11pt\"><span style=\"line-height:normal\"><span style=\"font-family:Calibri,sans-serif\"><a href=\"https:\/\/www12.senado.leg.br\/radio\/1\/noticia\/2024\/11\/01\/comissao-discute-superacao-de-obstaculos-a-inovacao-no-pais\" style=\"color:blue; text-decoration:underline\"><span style=\"font-size:14.0pt\">Comiss&atilde;o discute supera&ccedil;&atilde;o de obst&aacute;culos &agrave; inova&ccedil;&atilde;o no pa&iacute;s<\/span><\/a><\/span><\/span><\/span><\/p>\r\n\r\n<p style=\"text-align:justify\"><span style=\"font-size:11pt\"><span style=\"line-height:normal\"><span style=\"font-family:Calibri,sans-serif\"><a href=\"https:\/\/agenciabrasil.ebc.com.br\/economia\/noticia\/2024-10\/ufrj-tera-centro-brasil-brics-de-inovacao-para-neoindustrializacao\" style=\"color:blue; text-decoration:underline\"><span style=\"font-size:14.0pt\">UFRJ ter&aacute; Centro Brasil-Brics de Inova&ccedil;&atilde;o para Neoindustrializa&ccedil;&atilde;o<\/span><\/a><\/span><\/span><\/span><\/p>\r\n\r\n<p style=\"text-align:justify\"><span style=\"font-size:11pt\"><span style=\"line-height:normal\"><span style=\"font-family:Calibri,sans-serif\"><a href=\"https:\/\/agencia.fapesp.br\/metodo-de-baixo-custo-remove-micro-e-nanoplasticos-da-agua\/53179\" style=\"color:blue; text-decoration:underline\"><span style=\"font-size:14.0pt\">M&eacute;todo de baixo custo remove micro e nanopl&aacute;sticos da &aacute;gua<\/span><\/a><\/span><\/span><\/span><\/p>\r\n\r\n<p style=\"text-align:justify\"><span style=\"font-size:28pt\"><span style=\"font-family:Cambria,serif\"><span style=\"letter-spacing:-0.5pt\"><b><span style=\"font-size:18.0pt\"><span style=\"font-family:&quot;Calibri&quot;,sans-serif\"><span style=\"font-variant:small-caps\">Com&eacute;rcio Exterior<\/span><\/span><\/span><\/b><\/span><\/span><\/span><\/p>\r\n\r\n<p style=\"text-align:justify\"><span style=\"font-size:11pt\"><span style=\"line-height:normal\"><span style=\"font-family:Calibri,sans-serif\"><a href=\"https:\/\/plasticosemrevista.com.br\/china-novo-pacote-economico-ainda-nao-muda-petroquimica-global\/\" style=\"color:blue; text-decoration:underline\"><span style=\"font-size:14.0pt\">China: novo pacote econ&ocirc;mico ainda n&atilde;o muda petroqu&iacute;mica global<\/span><\/a><\/span><\/span><\/span><\/p>\r\n\r\n<p style=\"text-align:justify\"><span style=\"font-size:11pt\"><span style=\"line-height:normal\"><span style=\"font-family:Calibri,sans-serif\"><a href=\"https:\/\/anba.com.br\/brasil-e-emirados-aproximam-setores-privados\/\" style=\"color:blue; text-decoration:underline\"><span style=\"font-size:14.0pt\">Brasil e Emirados aproximam setores privados<\/span><\/a><\/span><\/span><\/span><\/p>\r\n\r\n<p style=\"text-align:justify\"><span style=\"font-size:11pt\"><span style=\"line-height:normal\"><span style=\"font-family:Calibri,sans-serif\"><a href=\"https:\/\/anba.com.br\/comercio-global-domina-debates-no-b20\/\" style=\"color:blue; text-decoration:underline\"><span style=\"font-size:14.0pt\">Com&eacute;rcio global domina debates no B20<\/span><\/a><\/span><\/span><\/span><\/p>\r\n\r\n<p style=\"text-align:justify\"><span style=\"font-size:11pt\"><span style=\"line-height:normal\"><span style=\"font-family:Calibri,sans-serif\"><a href=\"https:\/\/anba.com.br\/b20-setor-privado-quer-acelerar-emissoes-zero\/\" style=\"color:blue; text-decoration:underline\"><span style=\"font-size:14.0pt\">B20: setor privado quer acelerar emiss&otilde;es zero<\/span><\/a><\/span><\/span><\/span><\/p>\r\n\r\n<p style=\"text-align:justify\"><span style=\"font-size:28pt\"><span style=\"font-family:Cambria,serif\"><span style=\"letter-spacing:-0.5pt\"><b><span style=\"font-size:18.0pt\"><span style=\"font-family:&quot;Calibri&quot;,sans-serif\"><span style=\"font-variant:small-caps\">Economia<\/span><\/span><\/span><\/b><\/span><\/span><\/span><\/p>\r\n\r\n<p style=\"text-align:justify\"><span style=\"font-size:11pt\"><span style=\"line-height:normal\"><span style=\"font-family:Calibri,sans-serif\"><a href=\"https:\/\/www.bcb.gov.br\/content\/focus\/focus\/R20241101.pdf\" style=\"color:blue; text-decoration:underline\"><span style=\"font-size:14.0pt\">Focus - Relat&oacute;rio de Mercado<\/span><\/a><\/span><\/span><\/span><\/p>\r\n\r\n<p style=\"text-align:justify\"><span style=\"font-size:11pt\"><span style=\"line-height:normal\"><span style=\"font-family:Calibri,sans-serif\"><a href=\"https:\/\/www.bcb.gov.br\/controleinflacao\/focusdistribuicoesfrequencia\" style=\"color:blue; text-decoration:underline\"><span style=\"font-size:14.0pt\">Focus &ndash; Distribui&ccedil;&otilde;es de Frequ&ecirc;ncia das Expectativas de Mercado para IPCA, Selic, PIB e C&acirc;mbio.<\/span><\/a><\/span><\/span><\/span><\/p>\r\n\r\n<p style=\"text-align:justify\"><span style=\"font-size:11pt\"><span style=\"line-height:normal\"><span style=\"font-family:Calibri,sans-serif\"><a href=\"https:\/\/ibre.fgv.br\/blog-da-conjuntura-economica\/artigos\/em-foco-171\" style=\"color:blue; text-decoration:underline\"><span style=\"font-size:14.0pt\">Emprego bate novo recorde<\/span><\/a><\/span><\/span><\/span><\/p>\r\n\r\n<p style=\"text-align:justify\"><span style=\"font-size:11pt\"><span style=\"line-height:normal\"><span style=\"font-family:Calibri,sans-serif\"><a href=\"https:\/\/portalibre.fgv.br\/system\/files\/divulgacao\/noticias\/mat-complementar\/2024-10\/Indicador_de_Incerteza_Brasil_FGV_press%20release_Out24.pdf\" style=\"color:blue; text-decoration:underline\"><span style=\"font-size:14.0pt\">Incerteza Econ&ocirc;mica recua e se mant&eacute;m em regi&atilde;o moderada<\/span><\/a><\/span><\/span><\/span><\/p>\r\n\r\n<p style=\"text-align:justify\"><span style=\"font-size:11pt\"><span style=\"line-height:normal\"><span style=\"font-family:Calibri,sans-serif\"><a href=\"https:\/\/portalibre.fgv.br\/system\/files\/divulgacao\/noticias\/mat-complementar\/2024-11\/Apresenta%C3%A7%C3%A3o%20-%20S%C3%ADntese%20das%20Sondagens%20-%20Outubro%202024.pdf\" style=\"color:blue; text-decoration:underline\"><span style=\"font-size:14.0pt\">S&iacute;ntese das Sondagens de outubro de 2024<\/span><\/a><\/span><\/span><\/span><\/p>\r\n\r\n<p><img src=\"https:\/\/www.abint.org.br\/assets\/img\/editor\/redes-sociais-abint-ctg-cth_20241105191214AANI6Xb8V8.jpg\" \/><\/p>\r\n","6":"<p><span style=\"font-size:14.0pt\"><span style=\"line-height:115%\"><span style=\"font-family:&quot;Calibri&quot;,sans-serif\">Esta &eacute; uma compila&ccedil;&atilde;o das not&iacute;cias mais relevantes para o setor, incluindo informa&ccedil;&otilde;es sobre acordos internacionais, economia brasileira, sustentabilidade e mat&eacute;rias primas, al&eacute;m de novidades do setor de N&atilde;otecidos e Tecidos T&eacute;cnicos.<\/span><\/span><\/span><\/p>\r\n\r\n<p><b><span style=\"font-size:18.0pt\"><span style=\"line-height:115%\"><span style=\"font-family:&quot;Calibri&quot;,sans-serif\"><span style=\"font-variant:small-caps\">O que vem por a&iacute;<\/span><\/span><\/span><\/span><\/b><\/p>\r\n\r\n<p><b><img src=\"https:\/\/www.abint.org.br\/assets\/img\/editor\/abint-logo-2020-g_20241022131612AeQSydsTiA.png\" style=\"width: 300px; height: 69px;\" \/><\/b><\/p>\r\n\r\n<p><img src=\"https:\/\/www.abint.org.br\/assets\/img\/editor\/post-quadrado-curso-naotecido_20241022131820YODT9DK5xW.jpg\" style=\"width: 500px; height: 500px;\" \/><\/p>\r\n\r\n<p style=\"text-align:justify\"><span style=\"font-size:11pt\"><span style=\"line-height:normal\"><span style=\"font-family:Calibri,sans-serif\"><a href=\"https:\/\/forms.office.com\/r\/5DrqtK5n3Y\" style=\"color:blue; text-decoration:underline\"><span style=\"font-size:14.0pt\">Informa&ccedil;&otilde;es e inscri&ccedil;&otilde;es<\/span><\/a><\/span><\/span><\/span><\/p>\r\n\r\n<p style=\"text-align:justify\"><span style=\"font-size:28pt\"><span style=\"font-family:Cambria,serif\"><span style=\"letter-spacing:-0.5pt\"><b><span style=\"font-size:18.0pt\"><span style=\"font-family:&quot;Calibri&quot;,sans-serif\"><span style=\"font-variant:small-caps\">Not&iacute;cias das Associadas<\/span><\/span><\/span><\/b><\/span><\/span><\/span><\/p>\r\n\r\n<p style=\"text-align:justify\"><span style=\"font-size:11pt\"><span style=\"line-height:normal\"><span style=\"font-family:Calibri,sans-serif\"><a href=\"https:\/\/t.rdsv2.net\/ls\/click?upn=u001.SJ-2BHbcLStyE5mTD5OK48sq2JxFfkhvQ6eAz6nLBcupU5fzt0RlwSKq01lqzl-2Fs2JwzTXmjrJfWieVzAjwGaZNGRPD4hA1idEed21lRyehoMrBVngvxEPVhS-2FP7LDRqyHE-2B7xbzS5JeM6A5WwQ2iWCaJC5OmXjT-2BJr6xuWNk5A3gdAV-2B-2BmaveWe02OTYAmW4Bp-2FVn0eer-2FEojhMUz3OZcME8IqKo5-2BvjmRy58h60JABZzKn2ehQRnTdX0FosRYE94Qv1Nif6VLmqrKrzEm0Mdj3-2Bi0nvj-2B-2Bu6ed0rUK7LBWmbq94SeqMUOuwA5w2ZubKsFChUjfMzLw7c6jk1HXMm52rWqGu6F5aFYmybp0WL5ac-3DO6io_T7N8BvZTOm04CQQMiyWztrpCjlUrRc4F7QzSgUIpTqB5Yk-2Bt7YhUyk7lZRXmbFFsi-2Foe1q0kuwsCjfsBOqL9ZeKwOqG7ApazixuGEP6Z5SJuFg5bm15p-2FcAKNI6-2BqjB-2BA5-2BHC0v06AMUKgLW40o-2B-2BmYQdpwYtQakzUYSdBhu5RK9P8m-2BSaiXn8-2Fe-2Bpwpi6sn6szTszEycziYJ70IcJT90z46337z9ixEAAV55EpBhBttNnk24xuRxJlqcS5CkiQKQJF6DgfPn3SUa1W1D3P8RfSG8b4VK5AoTG9KrqC-2BR3wyIS3x-2BB23csKpPXN9NmogBLVGs0-2B3OHXno30rnTLfuxtplCoa2JxwVqCUlyIWCPCx6b1vNcIovC7UXDNWhrISUNwEvvcCDaMZZCQXw6PeJ6O7oYxKGOvF06cxSepDgpd7DBd-2BsD1qrqR3jDKuVm9V7y-2BzCpmO1g8DXiQ0Tpvpu8l-2B4lv3w-2BbDMRX8n-2FZaFkCGyWLc8aU3Di3WqxUUUiCJU7Kuh1lH0kNSxD5Saxn15ZC8oE5k9OE0qg-2BW3uk35e-2BFnLhPJm5SbYqJYmEdbfzxICWkrFPYUiBIRTAT3LaqYz34Ki5XFDDGQzdURt7c4wwFlqGDfM-2Fvol1es6Oz9tdClfaqCdpTlQE1DW-2BCvrfAJ046zPOjYV6zsMDliDLbQ8NIDYulEHdryDMX61TsCxIBcKC1nKbCgsAq1KVbUFXKUhXcoKuEyxwQckeKxgekqDA-3D\" style=\"color:blue; text-decoration:underline\" title=\"ANDRITZ se destaca na ABTCP 2024 com inova\u00e7\u00f5es tecnol\u00f3gicas e estande interativo\"><span style=\"font-size:14.0pt\">ANDRITZ se destaca na ABTCP 2024 com inova&ccedil;&otilde;es tecnol&oacute;gicas e estande interativo<\/span><\/a><\/span><\/span><\/span><\/p>\r\n\r\n<p style=\"text-align:justify\"><span style=\"font-size:11pt\"><span style=\"line-height:normal\"><span style=\"font-family:Calibri,sans-serif\"><a href=\"https:\/\/www.technicaltextile.net\/news\/freudenberg-expands-operations-with-new-plant-in-morinda-india-298718.html\" style=\"color:blue; text-decoration:underline\"><span lang=\"EN-US\" style=\"font-size:14.0pt\">Freudenberg expands operations with new plant in Morinda, India<\/span><\/a><\/span><\/span><\/span><\/p>\r\n\r\n<p style=\"text-align:justify\"><span style=\"font-size:11pt\"><span style=\"line-height:normal\"><span style=\"font-family:Calibri,sans-serif\"><a href=\"https:\/\/www.technicaltextile.net\/news\/freudenberg-performance-materials-launches-new-website-for-filtura-298886.html\" style=\"color:blue; text-decoration:underline\"><span style=\"font-size:14.0pt\">Freudenberg Performance Materials lan&ccedil;a novo site para Filtura<\/span><\/a><\/span><\/span><\/span><\/p>\r\n\r\n<p style=\"text-align:justify\">&nbsp;<\/p>\r\n\r\n<p style=\"text-align:justify\"><span style=\"font-size:11pt\"><span style=\"line-height:normal\"><span style=\"font-family:Calibri,sans-serif\"><b><span style=\"font-size:18.0pt\"><span style=\"font-variant:small-caps\">Eventos<\/span><\/span><\/b><\/span><\/span><\/span><\/p>\r\n\r\n<p style=\"text-align:justify\">&nbsp;<\/p>\r\n\r\n<p style=\"text-align:justify\"><span style=\"font-size:11pt\"><span style=\"line-height:normal\"><span style=\"font-family:Calibri,sans-serif\"><a href=\"https:\/\/www.abrafiltros.org.br\/cursos\/\" style=\"color:blue; text-decoration:underline\"><b><span style=\"font-size:14.0pt\">Cursos Abrafiltros | Automatiza&ccedil;&atilde;o de Filtros de Manga<\/span><\/b><\/a><\/span><\/span><\/span><\/p>\r\n\r\n<p style=\"text-align:justify\"><span style=\"font-size:11pt\"><span style=\"line-height:normal\"><span style=\"font-family:Calibri,sans-serif\"><a href=\"https:\/\/abrava.com.br\/compromissos\/xxiii-encontro-nacional-de-empresas-projetistas-e-consultores-da-abrava-copy\/?utm_campaign=participe_do_xxiv_encontro_nacional_de_empresas_projetistas_e_consultores&amp;utm_medium=email&amp;utm_source=RD+Station\" style=\"color:blue; text-decoration:underline\"><b><span style=\"font-size:14.0pt\">ENPC 2024 &ndash; XXIV Encontro Nacional de Empresas Projetistas e Consultores da Abrava<\/span><\/b><\/a><span style=\"font-size:14.0pt\">, 05 e 06 de novembro, 08h30 &agrave;s 18h00, evento online<\/span><\/span><\/span><\/span><\/p>\r\n\r\n<p style=\"text-align:justify\"><span style=\"font-size:11pt\"><span style=\"line-height:normal\"><span style=\"font-family:Calibri,sans-serif\"><a href=\"https:\/\/docs.google.com\/forms\/d\/e\/1FAIpQLSdlLJEamcFOQLk7NGJ8dadSzdWJm76r1yGCMsC934sYZx3n_g\/viewform\" style=\"color:blue; text-decoration:underline\"><b><span style=\"font-size:14.0pt\">AESabesp | Regula&ccedil;&atilde;o ESG - Aplica&ccedil;&atilde;o e pr&aacute;tica no setor de saneamento<\/span><\/b><\/a><span style=\"font-size:14.0pt\">, 5 e 7 de novembro de 2024, 14h &agrave;s 17h, plataforma online<\/span><\/span><\/span><\/span><\/p>\r\n\r\n<p style=\"text-align:justify\"><span style=\"font-size:11pt\"><span style=\"line-height:normal\"><span style=\"font-family:Calibri,sans-serif\"><a href=\"https:\/\/wtin-summit.zoom.us\/webinar\/register\/8317274323268\/WN_dSUzxaVJS5uDqijTmxudMg#\/registration\" style=\"color:blue; text-decoration:underline\"><b><span lang=\"EN-US\" style=\"font-size:14.0pt\">Shaping the future of sustainable molded parts: Nonwoven Monomaterial Solutions<\/span><\/b><\/a><span lang=\"EN-US\" style=\"font-size:14.0pt\">, November 7, 2024, 10:00 am<\/span><\/span><\/span><\/span><\/p>\r\n\r\n<p style=\"text-align:justify\"><span style=\"font-size:11pt\"><span style=\"line-height:normal\"><span style=\"font-family:Calibri,sans-serif\"><a href=\"https:\/\/wtin-summit.zoom.us\/webinar\/register\/8317274323268\/WN_dSUzxaVJS5uDqijTmxudMg#\/registration\" style=\"color:blue; text-decoration:underline\"><b><span lang=\"EN-US\" style=\"font-size:14.0pt\">Webinar: Shaping the future of sustainable molded parts - Nonwoven monomaterial solutions<\/span><\/b><\/a><span lang=\"EN-US\" style=\"font-size:14.0pt\">, Thursday 7 November at 1pm UTC<\/span><\/span><\/span><\/span><\/p>\r\n\r\n<p style=\"text-align:justify\"><span style=\"font-size:11pt\"><span style=\"line-height:normal\"><span style=\"font-family:Calibri,sans-serif\"><a href=\"https:\/\/app.rdstation.email\/mail\/686bd16d-10e4-435d-a0e4-887c020a4e3d?utm_campaign=convite_workshop_inventarios_de_gee&amp;utm_medium=email&amp;utm_source=RD+Station\" style=\"color:blue; text-decoration:underline\"><b><span style=\"font-size:14.0pt\">Workshop Abit | Invent&aacute;rios de Gases de Efeito Estufa<\/span><\/b><\/a><span style=\"font-size:14.0pt\">, 13 de novembro de 2024, das 10h &agrave;s 12h, evento online<\/span><\/span><\/span><\/span><\/p>\r\n\r\n<p style=\"text-align:justify\"><span style=\"font-size:11pt\"><span style=\"line-height:normal\"><span style=\"font-family:Calibri,sans-serif\"><a href=\"https:\/\/forms.office.com\/Pages\/ResponsePage.aspx?id=Emp2JAADgUap3B8wJEenut9ISfmxrj5Ihl7EKg2iKPdUMzRLM1FLN09CSjQ0VUhPSDM1NkNDNFAxWS4u\" style=\"color:blue; text-decoration:underline\"><b><span style=\"font-size:14.0pt\">Think Plastic Brazil | Webinar: Explorando Oportunidades no Setor de Constru&ccedil;&atilde;o Civil nos Emirados &Aacute;rabes Unidos<\/span><\/b><\/a><span style=\"font-size:14.0pt\">, 13 de novembro de 2024, 09h &agrave;s 11<\/span><\/span><\/span><\/span><\/p>\r\n\r\n<p style=\"text-align:justify\"><span style=\"font-size:11pt\"><span style=\"line-height:normal\"><span style=\"font-family:Calibri,sans-serif\"><a href=\"https:\/\/portalibre.fgv.br\/eventos\/o-papel-dos-gastos-tributarios-na-politica-fiscal-desafios-e-oportunidades\" style=\"color:blue; text-decoration:underline\"><b><span style=\"font-size:14.0pt\">FGV IBRE | O Papel dos Gastos Tribut&aacute;rios na Pol&iacute;tica Fiscal<\/span><\/b><\/a><span style=\"font-size:14.0pt\">, 13 de novembro de 2024, 10h &agrave;s 12h, Funda&ccedil;&atilde;o Get&uacute;lio Vargas, 190, Praia de Botafogo, Sala 537 (5&ordm; andar)<\/span><\/span><\/span><\/span><\/p>\r\n\r\n<p style=\"text-align:justify\"><span style=\"font-size:11pt\"><span style=\"line-height:normal\"><span style=\"font-family:Calibri,sans-serif\"><a href=\"https:\/\/www.sympla.com.br\/evento\/metrolegal-2024-seminario-de-metrologia-legal\/2589740?referrer=www.google.com#event-location\" style=\"color:blue; text-decoration:underline\"><b><span style=\"font-size:14.0pt\">MetroLegal 2024 - Semin&aacute;rio de Metrologia Legal<\/span><\/b><\/a><span style=\"font-size:14.0pt\">, 26 e 27 de novembro de 2024, 08h30 &agrave;s 18h00, evento presencial em CREA-SP, Avenida Ang&eacute;lica, 2.364, audit&oacute;rio do Crea-SP, Consola&ccedil;&atilde;o, S&atilde;o Paulo, SP<\/span><\/span><\/span><\/span><\/p>\r\n\r\n<p style=\"text-align:justify\"><span style=\"font-size:11pt\"><span style=\"line-height:normal\"><span style=\"font-family:Calibri,sans-serif\"><a href=\"https:\/\/produtos.institutoabit.org.br\/prod\/f3322895-d99b-4ecb-a1e4-64156bfefdee?utm_campaign=convite_ws_etiquetagem_usa&amp;utm_medium=email&amp;utm_source=RD+Station\" style=\"color:blue; text-decoration:underline\"><b><span style=\"font-size:14.0pt\">Workshop Abit | Etiquetagem e Conformidade para produtos confeccionados: como se preparar para exportar para os Estados Unidos<\/span><\/b><\/a><span style=\"font-size:14.0pt\">, 27 de novembro de 2024, 09h &agrave;s 11h, evento h&iacute;brido<\/span><\/span><\/span><\/span><\/p>\r\n\r\n<p>&nbsp;<\/p>\r\n\r\n<p><img src=\"https:\/\/www.abint.org.br\/assets\/img\/editor\/abtt-academy-curso-controle-de-qualidade_20241105190730uxhHoeaTog.jpg\" style=\"width: 500px; height: 500px;\" \/><\/p>\r\n\r\n<p align=\"center\" style=\"text-align:center\"><span style=\"font-size:11pt\"><span style=\"line-height:normal\"><span style=\"font-family:Calibri,sans-serif\"><a href=\"https:\/\/docs.google.com\/forms\/d\/e\/1FAIpQLScTZYp3ad81O9jZ5AsmE9YJv-BWn5FHMpMFR-80p-445-0iUw\/viewform\" style=\"color:blue; text-decoration:underline\"><span style=\"font-size:14.0pt\">Informa&ccedil;&otilde;es e inscri&ccedil;&otilde;es<\/span><\/a><\/span><\/span><\/span><\/p>\r\n\r\n<p style=\"text-align:justify\">&nbsp;<\/p>\r\n\r\n<p style=\"text-align:justify\"><span style=\"font-size:11pt\"><span style=\"line-height:normal\"><span style=\"font-family:Calibri,sans-serif\"><a href=\"https:\/\/conteudo.fcem.com.br\/seja-expositor-febratextil-2025?utm_campaign=emkt_comercial_febratextil_comercial_041124&amp;utm_medium=email&amp;utm_source=RD+Station\" style=\"color:blue; text-decoration:underline\"><b><span style=\"font-size:14.0pt\">FebraT&ecirc;xtil 2025<\/span><\/b><\/a><span style=\"font-size:14.0pt\">, 18 a 20 de fevereiro de 2025, Expo Center Norte, S&atilde;o Paulo, SP<\/span><\/span><\/span><\/span><\/p>\r\n\r\n<p style=\"text-align:justify\"><span style=\"font-size:11pt\"><span style=\"line-height:normal\"><span style=\"font-family:Calibri,sans-serif\"><a href=\"https:\/\/www.fimec.com.br\/\" style=\"color:blue; text-decoration:underline\"><b><span style=\"font-size:14.0pt\">Fimec 2025<\/span><\/b><\/a><span style=\"font-size:14.0pt\">, 18 a 20 de mar&ccedil;o, Fenac, Novo Hamburgo, RS<\/span><\/span><\/span><\/span><\/p>\r\n\r\n<p style=\"text-align:justify\"><span style=\"font-size:11pt\"><span style=\"line-height:normal\"><span style=\"font-family:Calibri,sans-serif\"><a href=\"https:\/\/www.plasticobrasil.com.br\/pt\/home.html\" style=\"color:blue; text-decoration:underline\"><b><span style=\"font-size:14.0pt\">Feira Pl&aacute;stico Brasil<\/span><\/b><\/a><span style=\"font-size:14.0pt\">, de 24 a 28 de mar&ccedil;o de 2025, das 10h &agrave;s 19h, S&atilde;o Paulo Expo, Rodovia dos Imigrantes, km 1,5<\/span><\/span><\/span><\/span><\/p>\r\n\r\n<p style=\"text-align:justify\"><span style=\"font-size:11pt\"><span style=\"line-height:normal\"><span style=\"font-family:Calibri,sans-serif\"><a href=\"https:\/\/ideashow.org\/\" style=\"color:blue; text-decoration:underline\"><b><span lang=\"EN-US\" style=\"font-size:14.0pt\">IDEA25<\/span><\/b><\/a><span lang=\"EN-US\" style=\"font-size:14.0pt\">, April 29-May 1, 2025, Miami Beach Convention Center, Miami Beach, Florida<\/span><\/span><\/span><\/span><\/p>\r\n\r\n<p style=\"text-align:justify\"><span style=\"font-size:11pt\"><span style=\"line-height:normal\"><span style=\"font-family:Calibri,sans-serif\"><a href=\"https:\/\/www.conbrava.com.br\/\" style=\"color:blue; text-decoration:underline\"><b><span style=\"font-size:14.0pt\">CONBRAVA 2025<\/span><\/b><\/a><span style=\"font-size:14.0pt\">, 10 a 12 de setembro de 2025, S&atilde;o Paulo Expo, Rodovia dos Imigrantes, km 1,5<\/span><\/span><\/span><\/span><\/p>\r\n\r\n<p style=\"text-align:justify\"><span style=\"font-size:28pt\"><span style=\"font-family:Cambria,serif\"><span style=\"letter-spacing:-0.5pt\"><b><span style=\"font-size:18.0pt\"><span style=\"font-family:&quot;Calibri&quot;,sans-serif\"><span style=\"font-variant:small-caps\">Setor<\/span><\/span><\/span><\/b><\/span><\/span><\/span><\/p>\r\n\r\n<p style=\"text-align:justify\"><span style=\"font-size:11pt\"><span style=\"line-height:normal\"><span style=\"font-family:Calibri,sans-serif\"><a href=\"https:\/\/www.poder360.com.br\/poder-economia\/entidades-querem-derrubar-elevacao-da-aliquota-de-quimicos\/\" style=\"color:blue; text-decoration:underline\"><span style=\"font-size:14.0pt\">Entidades querem derrubar eleva&ccedil;&atilde;o da al&iacute;quota de qu&iacute;micos<\/span><\/a><\/span><\/span><\/span><\/p>\r\n\r\n<p style=\"text-align:justify\"><span style=\"font-size:11pt\"><span style=\"line-height:normal\"><span style=\"font-family:Calibri,sans-serif\"><a href=\"https:\/\/www.plastico.com.br\/restricoes-ao-pvc-o-que-se-pode-esperar-para-o-futuro\/\" style=\"color:blue; text-decoration:underline\"><span style=\"font-size:14.0pt\">Restri&ccedil;&otilde;es ao PVC: o que se pode esperar para o futuro<\/span><\/a><\/span><\/span><\/span><\/p>\r\n\r\n<p style=\"text-align:justify\"><span style=\"font-size:11pt\"><span style=\"line-height:normal\"><span style=\"font-family:Calibri,sans-serif\"><a href=\"https:\/\/noticias.portaldaindustria.com.br\/noticias\/politica-industrial\/politica-industrial-para-alavancar-os-setores-textil-e-de-confeccao\/\" style=\"color:blue; text-decoration:underline\"><span style=\"font-size:14.0pt\">Pol&iacute;tica industrial para alavancar os setores t&ecirc;xtil e de confec&ccedil;&atilde;o<\/span><\/a><\/span><\/span><\/span><\/p>\r\n\r\n<p style=\"text-align:justify\"><span style=\"font-size:11pt\"><span style=\"line-height:normal\"><span style=\"font-family:Calibri,sans-serif\"><a href=\"https:\/\/engeplus.com.br\/noticia\/especiais-engeplus\/209456\/setor-plastico-se-reinventa-para-contribuir-com-a-economia-sustentavel-e-preservar-empregos\" style=\"color:blue; text-decoration:underline\"><span style=\"font-size:14.0pt\">Setor pl&aacute;stico se reinventa para contribuir com a economia sustent&aacute;vel e preservar empregos<\/span><\/a><\/span><\/span><\/span><\/p>\r\n\r\n<p style=\"text-align:justify\"><span style=\"font-size:11pt\"><span style=\"line-height:normal\"><span style=\"font-family:Calibri,sans-serif\"><a href=\"https:\/\/santaportal.com.br\/baixada\/obras-em-encosta-do-morro-jose-menino-sao-finalizadas\" style=\"color:blue; text-decoration:underline\"><span style=\"font-size:14.0pt\">Geomanta: obras em encosta do Morro Jos&eacute; Menino s&atilde;o finalizadas<\/span><\/a><\/span><\/span><\/span><\/p>\r\n\r\n<p style=\"text-align:justify\"><span style=\"font-size:11pt\"><span style=\"line-height:normal\"><span style=\"font-family:Calibri,sans-serif\"><a href=\"https:\/\/t.rdsv2.net\/ls\/click?upn=u001.SJ-2BHbcLStyE5mTD5OK48sq2JxFfkhvQ6eAz6nLBcupXBdvk8VWV2GUpAWUTNfjA9N49TBHw7-2B-2BTw8QCY-2B3z50hABgIfqX8nyw1ahc2eDKpAHSoQv67JMJNmsm6oU1pmo1TE0MYWfqc61Q-2F9X-2Fzq939VOsEBJbmjTlmCewHxt-2FiN4BRMxJxicFJWZYhMVx4y9fcHMiHz7fg0ncI91EwRmjSRf4crGVW7S0z5H7MTH3jA4I8rHgZqUFoZJk2SFLr1zU-2FA0tU1-2B6aJa-2Bz7x2ZjLTw-3D-3DimH4_T7N8BvZTOm04CQQMiyWztrpCjlUrRc4F7QzSgUIpTqB5Yk-2Bt7YhUyk7lZRXmbFFsi-2Foe1q0kuwsCjfsBOqL9ZeKwOqG7ApazixuGEP6Z5SJuFg5bm15p-2FcAKNI6-2BqjB-2BR8H7zXH5msbvYeZHKjTLsJQa4tCr-2F7bdw1PGftbnczlw6qkofDJXIZ4xU7-2FM4R-2Bv-2FELWtFPnTerfR5qlXbeHoVf3JVI6yo-2B065HLxfLDs9JdQ87ra8peCbMYjACUxr3CU1NRzElozh8-2FwU5VYe8jHwCf7VZBtWBrRB5vgd2jG9wZluklhJKOi1-2FaVRX3hKVs317Fmipi4UIzWHxRNHHWt2yuAYX7kB6GuBOnhYGEknMNJmLbSYvKySU-2FRcF0dAG3EdRxhC7kKE-2FqDuNvy3qxuisKagUpzd6VGCVmWdQ9SQvK-2BlC-2BuGVVIbF708gWZoEqRsvibQehpj95p9LffvbsmQZxlbqmU62bohbWvirjIu5uM9LPuZTq9yAgyg-2FhsmHVn0TPxPoAX5X4Ravo45eGGIdYOvYwt8B6Kvk9Ye6aeMk9ab8LHkJwJwbpfumkVp0Dno9jaJnIGYDS5H7W0Hkwj1f-2BU-2FPF3VrwH6BDUB3IlCFRRICR2jOa71haksY5gxuD6WkuhF8-2BhgsqWfhwnkLcWWP5DkKpl99rMseL-2FOPwEE0pA4HA7Ld-2B47awdGX10kMe\" style=\"color:blue; text-decoration:underline\" title=\"CCM se consolida no mercado de fraldas geri\u00e1tricas\"><span style=\"font-size:14.0pt\">CCM se consolida no mercado de fraldas geri&aacute;tricas<\/span><\/a><\/span><\/span><\/span><\/p>\r\n\r\n<p style=\"text-align:justify\"><span style=\"font-size:11pt\"><span style=\"line-height:normal\"><span style=\"font-family:Calibri,sans-serif\"><a href=\"https:\/\/t.rdsv2.net\/ls\/click?upn=u001.SJ-2BHbcLStyE5mTD5OK48sq2JxFfkhvQ6eAz6nLBcupWyUH45bd6XaN-2BcKSYg9ATa7zgMvKa7-2F12mPoN-2B0maZgMUcTwmd2luUH1kCVcuQyVYKX9tHexkfxyJIdPLPMOs1Vfbid-2FaJ0xVXfYuGPqjSWXCGyhr8H8b-2FBlr16bzLho1pN9VQHm84uRLfNUH2HBuTEmMXUAW-2FcrcuXt0vfWJr3RryXsJ61hK0zZJUaQ4aRHUSOgul8r3Z45iY2hieAeq2FM08ABqUBfuGJbUVWW0DgA-3D-3DNTYS_T7N8BvZTOm04CQQMiyWztrpCjlUrRc4F7QzSgUIpTqB5Yk-2Bt7YhUyk7lZRXmbFFsi-2Foe1q0kuwsCjfsBOqL9ZeKwOqG7ApazixuGEP6Z5SJuFg5bm15p-2FcAKNI6-2BqjB-2BLVtWtCR0Pg1UgddYlyk-2FXTCZfB68HbCd358MDZH2Ui0bMdMqRK3PWprQZVlrFFLCOZhGsRTOC5fWKTiMsgTUNa-2Bucw9K67iU8zvDzsl-2BjReqfEdRGi4wiNFEO9sdfBux68jMJhcSBNYFcwsKg8YnPsGIkMXkUmhaHbedbgqyGKZ-2B1mxuuC1ry951-2FNh3-2FnYJez-2Frt-2BPLLK3oiflae620Mg1oO8JeB9LnaXXu-2Bm-2BBAn8vKyU6YEcxBTATlCetTN6J8lTJNFTwHsyBZJC-2B19-2F-2BQO3DOyBC3Zft80nCpsdczs6L4T5HjDauuel1e3tIyNVeqKJiLgS2ZVn3WKq-2Bpt3Ekylr453jIYpBSym3kBfmMWDhG8VqlGLc4M1uyblmGEJLDaHvkmJeMGy6cd-2BxdI2z05sqj-2FHsOvHMXb0xarr-2BE7FoKNtLzwRaRMj3fAjUQBbfAOMEZ0jm8S1KzHJjYZ7mWDmvYzW2np9Lv6w9hqlgwGV-2BX6G5Hn-2BuAvanz4oSojCQvARmwNhKubRA3LTXnRT1YA-3D-3D\" style=\"color:blue; text-decoration:underline\" target=\"_blank\" title=\"Essity refor\u00e7a sua produ\u00e7\u00e3o na Espanha com investimento de \u20ac 24 milh\u00f5es em Puigpelat\"><span style=\"font-size:14.0pt\">Essity refor&ccedil;a sua produ&ccedil;&atilde;o na Espanha com investimento de &euro; 24 milh&otilde;es em Puigpelat<\/span><\/a><\/span><\/span><\/span><\/p>\r\n\r\n<p style=\"text-align:justify\"><span style=\"font-size:28pt\"><span style=\"font-family:Cambria,serif\"><span style=\"letter-spacing:-0.5pt\"><b><span style=\"font-size:18.0pt\"><span style=\"font-family:&quot;Calibri&quot;,sans-serif\"><span style=\"font-variant:small-caps\">Ind&uacute;stria<\/span><\/span><\/span><\/b><\/span><\/span><\/span><\/p>\r\n\r\n<p style=\"text-align:justify\"><span style=\"font-size:11pt\"><span style=\"line-height:normal\"><span style=\"font-family:Calibri,sans-serif\"><a href=\"https:\/\/noticias.portaldaindustria.com.br\/noticias\/economia\/confianca-cai-em-18-setores-industriais-em-outubro-mostra-pesquisa-da-cni\/\" style=\"color:blue; text-decoration:underline\"><span style=\"font-size:14.0pt\">Confian&ccedil;a cai em 18 setores industriais em outubro, mostra pesquisa da CNI<\/span><\/a><\/span><\/span><\/span><\/p>\r\n\r\n<p style=\"text-align:justify\"><span style=\"font-size:11pt\"><span style=\"line-height:normal\"><span style=\"font-family:Calibri,sans-serif\"><a href=\"https:\/\/portalibre.fgv.br\/system\/files\/divulgacao\/noticias\/mat-complementar\/2024-11\/%C3%8Dndice%20de%20Confian%C3%A7a%20Empresarial%20FGV_press%20release_Out24.pdf\" style=\"color:blue; text-decoration:underline\"><span style=\"font-size:14.0pt\">Confian&ccedil;a Empresarial reverte queda do m&ecirc;s anterior<\/span><\/a><\/span><\/span><\/span><\/p>\r\n\r\n<p style=\"text-align:justify\"><span style=\"font-size:11pt\"><span style=\"line-height:normal\"><span style=\"font-family:Calibri,sans-serif\"><a href=\"https:\/\/agenciadenoticias.ibge.gov.br\/agencia-sala-de-imprensa\/2013-agencia-de-noticias\/releases\/41702-producao-industrial-avanca-1-1-em-setembro\" style=\"color:blue; text-decoration:underline\"><span style=\"font-size:14.0pt\">Produ&ccedil;&atilde;o industrial avan&ccedil;a 1,1% em setembro<\/span><\/a><\/span><\/span><\/span><\/p>\r\n\r\n<p style=\"text-align:justify\"><span style=\"font-size:11pt\"><span style=\"line-height:normal\"><span style=\"font-family:Calibri,sans-serif\"><a href=\"https:\/\/www.fiemg.com.br\/noticias\/feira-reune-inovacao-e-sustentabilidade-destacando-a-economia-circular-e-o-avanco-tecnologico-na-industria-do-plastico\/\" style=\"color:blue; text-decoration:underline\"><span style=\"font-size:14.0pt\">ExpoPl&aacute;stico 2024 consolida Minas Gerais como polo de inova&ccedil;&atilde;o sustent&aacute;vel na ind&uacute;stria do pl&aacute;stico<\/span><\/a><\/span><\/span><\/span><\/p>\r\n\r\n<p style=\"text-align:justify\"><span style=\"font-size:11pt\"><span style=\"line-height:normal\"><span style=\"font-family:Calibri,sans-serif\"><a href=\"https:\/\/apexbrasil.com.br\/br\/pt\/conteudo\/noticias\/BIF-2024-anuncios-de-investimentos-no-Brasil-durante-o-evento-somam-mais-de-54-bilhoes-de-reais.html#msdynttrid=wnpzL_JordN7uCkHhVAHOjgIL_oNlDRIIG2xStxYm60\" style=\"color:blue; text-decoration:underline\"><span style=\"font-size:14.0pt\">An&uacute;ncios de investimentos no Brasil somam mais de 54 bilh&otilde;es de reais<\/span><\/a><\/span><\/span><\/span><\/p>\r\n\r\n<p style=\"text-align:justify\"><span style=\"font-size:11pt\"><span style=\"line-height:normal\"><span style=\"font-family:Calibri,sans-serif\"><a href=\"https:\/\/www.gov.br\/mdic\/pt-br\/assuntos\/noticias\/2024\/outubro\/missao-3-tem-r-1-6-tri-para-cidades-sustentaveis-e-mobilidade-verde-entre-recursos-publicos-e-privados\" style=\"color:blue; text-decoration:underline\"><span style=\"font-size:14.0pt\">Miss&atilde;o 3 tem R$ 1,6 tri para cidades sustent&aacute;veis e mobilidade verde entre recursos p&uacute;blicos e privados<\/span><\/a><\/span><\/span><\/span><\/p>\r\n\r\n<p style=\"text-align:justify\"><span style=\"font-size:11pt\"><span style=\"line-height:normal\"><span style=\"font-family:Calibri,sans-serif\"><a href=\"https:\/\/www.youtube.com\/watch?v=SmLBummKH8M\" style=\"color:blue; text-decoration:underline\"><span style=\"font-size:14.0pt\">INMETRO Sem Filtro: reveja webinar pr&eacute;-evento Metrolegal 2024<\/span><\/a><\/span><\/span><\/span><\/p>\r\n\r\n<p style=\"text-align:justify\"><span style=\"font-size:28pt\"><span style=\"font-family:Cambria,serif\"><span style=\"letter-spacing:-0.5pt\"><b><span style=\"font-size:18.0pt\"><span style=\"font-family:&quot;Calibri&quot;,sans-serif\"><span style=\"font-variant:small-caps\">Sustentabilidade<\/span><\/span><\/span><\/b><\/span><\/span><\/span><\/p>\r\n\r\n<p style=\"text-align:justify\"><span style=\"font-size:11pt\"><span style=\"line-height:normal\"><span style=\"font-family:Calibri,sans-serif\"><a href=\"https:\/\/www.tempo.com\/noticias\/ciencia\/brasil-pode-liderar-a-producao-de-bioplasticos-sustentaveis-ate.html\" style=\"color:blue; text-decoration:underline\"><span style=\"font-size:14.0pt\">Brasil pode liderar a produ&ccedil;&atilde;o de biopl&aacute;sticos sustent&aacute;veis at&eacute; 2050<\/span><\/a><\/span><\/span><\/span><\/p>\r\n\r\n<p style=\"text-align:justify\"><span style=\"font-size:11pt\"><span style=\"line-height:normal\"><span style=\"font-family:Calibri,sans-serif\"><a href=\"https:\/\/maringapost.com.br\/destaque\/2024\/11\/01\/reciclagem-de-plasticos-no-brasil-estudo-aponta-indice-de-243-para-as-embalagens-em-2023\/\" style=\"color:blue; text-decoration:underline\"><span style=\"font-size:14.0pt\">Reciclagem de pl&aacute;sticos no Brasil: estudo aponta &iacute;ndice de 24,3% para as embalagens em 2023<\/span><\/a><\/span><\/span><\/span><\/p>\r\n\r\n<p style=\"text-align:justify\"><span style=\"font-size:11pt\"><span style=\"line-height:normal\"><span style=\"font-family:Calibri,sans-serif\"><a href=\"https:\/\/www.innovationintextiles.com\/fibres-yarns-fabrics\/crisis-for-european-textile-recycling\/\" style=\"color:blue; text-decoration:underline\"><span style=\"font-size:14.0pt\">Crisis for European textile recycling<\/span><\/a><\/span><\/span><\/span><\/p>\r\n\r\n<p style=\"text-align:justify\"><span style=\"font-size:11pt\"><span style=\"line-height:normal\"><span style=\"font-family:Calibri,sans-serif\"><a href=\"https:\/\/plasticosemrevista.com.br\/recicladora-quimica-de-pet-pede-falencia\/\" style=\"color:blue; text-decoration:underline\"><span style=\"font-size:14.0pt\">Recicladora qu&iacute;mica de PET pede fal&ecirc;ncia<\/span><\/a><\/span><\/span><\/span><\/p>\r\n\r\n<p style=\"text-align:justify\"><span style=\"font-size:11pt\"><span style=\"line-height:normal\"><span style=\"font-family:Calibri,sans-serif\"><a href=\"https:\/\/plasticosemrevista.com.br\/ecomarketing-fake-de-supermercados-no-reino-unido\/\" style=\"color:blue; text-decoration:underline\"><span style=\"font-size:14.0pt\">Ecomarketing fake de supermercados no Reino Unido<\/span><\/a><\/span><\/span><\/span><\/p>\r\n\r\n<p style=\"text-align:justify\"><span style=\"font-size:28pt\"><span style=\"font-family:Cambria,serif\"><span style=\"letter-spacing:-0.5pt\"><b><span style=\"font-size:18.0pt\"><span style=\"font-family:&quot;Calibri&quot;,sans-serif\"><span style=\"font-variant:small-caps\">Inova&ccedil;&atilde;o<\/span><\/span><\/span><\/b><\/span><\/span><\/span><\/p>\r\n\r\n<p style=\"text-align:justify\"><span style=\"font-size:11pt\"><span style=\"line-height:normal\"><span style=\"font-family:Calibri,sans-serif\"><a href=\"https:\/\/www.inovacaotecnologica.com.br\/noticias\/noticia.php?artigo=tecido-isopor-frente-ventilador-gera-ate-230v&amp;id=020115241030&amp;ebol=sim\" style=\"color:blue; text-decoration:underline\"><span style=\"font-size:14.0pt\">Tecido de isopor na frente do ventilador gera at&eacute; 230V<\/span><\/a><\/span><\/span><\/span><\/p>\r\n\r\n<p style=\"text-align:justify\"><span style=\"font-size:11pt\"><span style=\"line-height:normal\"><span style=\"font-family:Calibri,sans-serif\"><a href=\"https:\/\/www.gov.br\/mcti\/pt-br\/acompanhe-o-mcti\/noticias\/2024\/10\/chamada-universal-2024-mcti-e-cnpq-vao-investir-r-450-milhoes-em-projetos-de-todas-as-areas-do-conhecimento\" style=\"color:blue; text-decoration:underline\"><span style=\"font-size:14.0pt\">Chamada Universal 2024: MCTI e CNPq v&atilde;o investir R$ 450 milh&otilde;es em projetos de todas as &aacute;reas do conhecimento<\/span><\/a><\/span><\/span><\/span><\/p>\r\n\r\n<p style=\"text-align:justify\"><span style=\"font-size:11pt\"><span style=\"line-height:normal\"><span style=\"font-family:Calibri,sans-serif\"><a href=\"https:\/\/www12.senado.leg.br\/radio\/1\/noticia\/2024\/11\/01\/comissao-discute-superacao-de-obstaculos-a-inovacao-no-pais\" style=\"color:blue; text-decoration:underline\"><span style=\"font-size:14.0pt\">Comiss&atilde;o discute supera&ccedil;&atilde;o de obst&aacute;culos &agrave; inova&ccedil;&atilde;o no pa&iacute;s<\/span><\/a><\/span><\/span><\/span><\/p>\r\n\r\n<p style=\"text-align:justify\"><span style=\"font-size:11pt\"><span style=\"line-height:normal\"><span style=\"font-family:Calibri,sans-serif\"><a href=\"https:\/\/agenciabrasil.ebc.com.br\/economia\/noticia\/2024-10\/ufrj-tera-centro-brasil-brics-de-inovacao-para-neoindustrializacao\" style=\"color:blue; text-decoration:underline\"><span style=\"font-size:14.0pt\">UFRJ ter&aacute; Centro Brasil-Brics de Inova&ccedil;&atilde;o para Neoindustrializa&ccedil;&atilde;o<\/span><\/a><\/span><\/span><\/span><\/p>\r\n\r\n<p style=\"text-align:justify\"><span style=\"font-size:11pt\"><span style=\"line-height:normal\"><span style=\"font-family:Calibri,sans-serif\"><a href=\"https:\/\/agencia.fapesp.br\/metodo-de-baixo-custo-remove-micro-e-nanoplasticos-da-agua\/53179\" style=\"color:blue; text-decoration:underline\"><span style=\"font-size:14.0pt\">M&eacute;todo de baixo custo remove micro e nanopl&aacute;sticos da &aacute;gua<\/span><\/a><\/span><\/span><\/span><\/p>\r\n\r\n<p style=\"text-align:justify\"><span style=\"font-size:28pt\"><span style=\"font-family:Cambria,serif\"><span style=\"letter-spacing:-0.5pt\"><b><span style=\"font-size:18.0pt\"><span style=\"font-family:&quot;Calibri&quot;,sans-serif\"><span style=\"font-variant:small-caps\">Com&eacute;rcio Exterior<\/span><\/span><\/span><\/b><\/span><\/span><\/span><\/p>\r\n\r\n<p style=\"text-align:justify\"><span style=\"font-size:11pt\"><span style=\"line-height:normal\"><span style=\"font-family:Calibri,sans-serif\"><a href=\"https:\/\/plasticosemrevista.com.br\/china-novo-pacote-economico-ainda-nao-muda-petroquimica-global\/\" style=\"color:blue; text-decoration:underline\"><span style=\"font-size:14.0pt\">China: novo pacote econ&ocirc;mico ainda n&atilde;o muda petroqu&iacute;mica global<\/span><\/a><\/span><\/span><\/span><\/p>\r\n\r\n<p style=\"text-align:justify\"><span style=\"font-size:11pt\"><span style=\"line-height:normal\"><span style=\"font-family:Calibri,sans-serif\"><a href=\"https:\/\/anba.com.br\/brasil-e-emirados-aproximam-setores-privados\/\" style=\"color:blue; text-decoration:underline\"><span style=\"font-size:14.0pt\">Brasil e Emirados aproximam setores privados<\/span><\/a><\/span><\/span><\/span><\/p>\r\n\r\n<p style=\"text-align:justify\"><span style=\"font-size:11pt\"><span style=\"line-height:normal\"><span style=\"font-family:Calibri,sans-serif\"><a href=\"https:\/\/anba.com.br\/comercio-global-domina-debates-no-b20\/\" style=\"color:blue; text-decoration:underline\"><span style=\"font-size:14.0pt\">Com&eacute;rcio global domina debates no B20<\/span><\/a><\/span><\/span><\/span><\/p>\r\n\r\n<p style=\"text-align:justify\"><span style=\"font-size:11pt\"><span style=\"line-height:normal\"><span style=\"font-family:Calibri,sans-serif\"><a href=\"https:\/\/anba.com.br\/b20-setor-privado-quer-acelerar-emissoes-zero\/\" style=\"color:blue; text-decoration:underline\"><span style=\"font-size:14.0pt\">B20: setor privado quer acelerar emiss&otilde;es zero<\/span><\/a><\/span><\/span><\/span><\/p>\r\n\r\n<p style=\"text-align:justify\"><span style=\"font-size:28pt\"><span style=\"font-family:Cambria,serif\"><span style=\"letter-spacing:-0.5pt\"><b><span style=\"font-size:18.0pt\"><span style=\"font-family:&quot;Calibri&quot;,sans-serif\"><span style=\"font-variant:small-caps\">Economia<\/span><\/span><\/span><\/b><\/span><\/span><\/span><\/p>\r\n\r\n<p style=\"text-align:justify\"><span style=\"font-size:11pt\"><span style=\"line-height:normal\"><span style=\"font-family:Calibri,sans-serif\"><a href=\"https:\/\/www.bcb.gov.br\/content\/focus\/focus\/R20241101.pdf\" style=\"color:blue; text-decoration:underline\"><span style=\"font-size:14.0pt\">Focus - Relat&oacute;rio de Mercado<\/span><\/a><\/span><\/span><\/span><\/p>\r\n\r\n<p style=\"text-align:justify\"><span style=\"font-size:11pt\"><span style=\"line-height:normal\"><span style=\"font-family:Calibri,sans-serif\"><a href=\"https:\/\/www.bcb.gov.br\/controleinflacao\/focusdistribuicoesfrequencia\" style=\"color:blue; text-decoration:underline\"><span style=\"font-size:14.0pt\">Focus &ndash; Distribui&ccedil;&otilde;es de Frequ&ecirc;ncia das Expectativas de Mercado para IPCA, Selic, PIB e C&acirc;mbio.<\/span><\/a><\/span><\/span><\/span><\/p>\r\n\r\n<p style=\"text-align:justify\"><span style=\"font-size:11pt\"><span style=\"line-height:normal\"><span style=\"font-family:Calibri,sans-serif\"><a href=\"https:\/\/ibre.fgv.br\/blog-da-conjuntura-economica\/artigos\/em-foco-171\" style=\"color:blue; text-decoration:underline\"><span style=\"font-size:14.0pt\">Emprego bate novo recorde<\/span><\/a><\/span><\/span><\/span><\/p>\r\n\r\n<p style=\"text-align:justify\"><span style=\"font-size:11pt\"><span style=\"line-height:normal\"><span style=\"font-family:Calibri,sans-serif\"><a href=\"https:\/\/portalibre.fgv.br\/system\/files\/divulgacao\/noticias\/mat-complementar\/2024-10\/Indicador_de_Incerteza_Brasil_FGV_press%20release_Out24.pdf\" style=\"color:blue; text-decoration:underline\"><span style=\"font-size:14.0pt\">Incerteza Econ&ocirc;mica recua e se mant&eacute;m em regi&atilde;o moderada<\/span><\/a><\/span><\/span><\/span><\/p>\r\n\r\n<p style=\"text-align:justify\"><span style=\"font-size:11pt\"><span style=\"line-height:normal\"><span style=\"font-family:Calibri,sans-serif\"><a href=\"https:\/\/portalibre.fgv.br\/system\/files\/divulgacao\/noticias\/mat-complementar\/2024-11\/Apresenta%C3%A7%C3%A3o%20-%20S%C3%ADntese%20das%20Sondagens%20-%20Outubro%202024.pdf\" style=\"color:blue; text-decoration:underline\"><span style=\"font-size:14.0pt\">S&iacute;ntese das Sondagens de outubro de 2024<\/span><\/a><\/span><\/span><\/span><\/p>\r\n\r\n<p><img src=\"https:\/\/www.abint.org.br\/assets\/img\/editor\/redes-sociais-abint-ctg-cth_20241105191214AANI6Xb8V8.jpg\" \/><\/p>\r\n","texto_en":"","7":"","imagem":"COMP_capa-2024-site-boletim-abint-noticias-semanis_202411051913335PkBt1Utmd.jpg","8":"COMP_capa-2024-site-boletim-abint-noticias-semanis_202411051913335PkBt1Utmd.jpg","arquivo":"20241105-BOLETIM-ABINT-DE-NOTICIAS-SEMANAIS.PDF","9":"20241105-BOLETIM-ABINT-DE-NOTICIAS-SEMANAIS.PDF","titulo_arquivo":"20241105 Boletim ABINT de Not\u00edcias Semanais","10":"20241105 Boletim ABINT de Not\u00edcias Semanais","titulo_arquivo_en":"","11":"","created_at":"2024-11-05 19:13:45","12":"2024-11-05 19:13:45","updated_at":"2024-11-05 19:13:45","13":"2024-11-05 19:13:45"},{"id":143,"0":143,"ordem":80,"1":80,"data":"2024-10-29","2":"2024-10-29","slug":"boletim-abint-de-noticias-semanais-53","3":"boletim-abint-de-noticias-semanais-53","titulo":"Boletim ABINT de Not\u00edcias Semanais","4":"Boletim ABINT de Not\u00edcias Semanais","titulo_en":"","5":"","texto":"<p style=\"text-align:justify\"><span style=\"font-size:11pt\"><span style=\"line-height:normal\"><span style=\"font-family:Calibri,sans-serif\"><span style=\"font-size:14.0pt\">Esta &eacute; uma compila&ccedil;&atilde;o das not&iacute;cias mais relevantes para o setor, incluindo informa&ccedil;&otilde;es sobre acordos internacionais, economia brasileira, sustentabilidade e mat&eacute;rias primas, al&eacute;m de novidades do setor de N&atilde;otecidos e Tecidos T&eacute;cnicos.<\/span><\/span><\/span><\/span><\/p>\r\n\r\n<p style=\"text-align:justify\"><b><span style=\"font-size:18.0pt\"><span style=\"line-height:115%\"><span style=\"font-family:&quot;Calibri&quot;,sans-serif\"><span style=\"font-variant:small-caps\">O que vem por a&iacute;<\/span><\/span><\/span><\/span><\/b><\/p>\r\n\r\n<p style=\"text-align:justify\"><b><img src=\"https:\/\/www.abint.org.br\/assets\/img\/editor\/abint-logo-2020-g_20241022131612AeQSydsTiA.png\" style=\"width: 300px; height: 69px;\" \/><\/b><\/p>\r\n\r\n<p style=\"text-align:justify\"><span style=\"font-size:11pt\"><span style=\"line-height:normal\"><span style=\"font-family:Calibri,sans-serif\"><span style=\"font-size:14.0pt\">A <b>ABINT<\/b> &eacute; uma das <b>patrocinadoras<\/b> do<b> <\/b><\/span><a href=\"https:\/\/www.congressoabit.com.br\/\" style=\"color:blue; text-decoration:underline\"><b><span style=\"font-size:14.0pt\">Congresso Internacional Abit 2024<\/span><\/b><\/a><span style=\"font-size:14.0pt\">, que ocorrer&aacute; dias 30 e 31 de outubro, no SENAI Cimatec, Salvador, BA.<\/span><\/span><\/span><\/span><\/p>\r\n\r\n<p><img src=\"https:\/\/www.abint.org.br\/assets\/img\/editor\/congresso-internacional-abit-2024-com-logo_20241022131727KWs34SULte.jpg\" style=\"width: 500px; height: 500px;\" \/><\/p>\r\n\r\n<p>&nbsp;<\/p>\r\n\r\n<p><img src=\"https:\/\/www.abint.org.br\/assets\/img\/editor\/post-quadrado-curso-naotecido_20241022131820YODT9DK5xW.jpg\" style=\"width: 500px; height: 500px;\" \/><\/p>\r\n\r\n<p align=\"center\" style=\"text-align:center\"><span style=\"font-size:11pt\"><span style=\"line-height:normal\"><span style=\"font-family:Calibri,sans-serif\"><a href=\"https:\/\/forms.office.com\/r\/5DrqtK5n3Y\" style=\"color:blue; text-decoration:underline\"><span style=\"font-size:14.0pt\">Informa&ccedil;&otilde;es e inscri&ccedil;&otilde;es<\/span><\/a><\/span><\/span><\/span><\/p>\r\n\r\n<p style=\"text-align:justify\"><span style=\"font-size:28pt\"><span style=\"font-family:Cambria,serif\"><span style=\"letter-spacing:-0.5pt\"><b><span style=\"font-size:18.0pt\"><span style=\"font-family:&quot;Calibri&quot;,sans-serif\"><span style=\"font-variant:small-caps\">Not&iacute;cias das Associadas<\/span><\/span><\/span><\/b><\/span><\/span><\/span><\/p>\r\n\r\n<p style=\"text-align:justify\"><span style=\"font-size:11pt\"><span style=\"line-height:normal\"><span style=\"font-family:Calibri,sans-serif\"><span style=\"font-size:14.0pt\"><a href=\"https:\/\/megamoveleiros.com.br\/publicacoes\/livro-resgata-60-anos-de-historia-da-cipatex\" style=\"color:blue; text-decoration:underline\">Livro resgata 60 anos de hist&oacute;ria da Cipatex&reg;<\/a><\/span><\/span><\/span><\/span><\/p>\r\n\r\n<p style=\"text-align:justify\"><span style=\"font-size:11pt\"><span style=\"line-height:normal\"><span style=\"font-family:Calibri,sans-serif\"><a href=\"https:\/\/www.technicaltextile.net\/news\/finland-s-suominen-appoints-new-chief-people-communications-officer-298711.html\" style=\"color:blue; text-decoration:underline\"><span lang=\"EN-US\" style=\"font-size:14.0pt\">Finland&#39;s Suominen appoints new chief people &amp; communications officer<\/span><\/a><\/span><\/span><\/span><\/p>\r\n\r\n<p style=\"text-align:justify\">&nbsp;<\/p>\r\n\r\n<p style=\"text-align:justify\"><span style=\"font-size:11pt\"><span style=\"line-height:normal\"><span style=\"font-family:Calibri,sans-serif\"><b><span style=\"font-size:18.0pt\"><span style=\"font-variant:small-caps\">Eventos<\/span><\/span><\/b><\/span><\/span><\/span><\/p>\r\n\r\n<p style=\"text-align:justify\">&nbsp;<\/p>\r\n\r\n<p style=\"text-align:justify\"><span style=\"font-size:11pt\"><span style=\"line-height:normal\"><span style=\"font-family:Calibri,sans-serif\"><a href=\"https:\/\/www.abrafiltros.org.br\/cursos\/\" style=\"color:blue; text-decoration:underline\"><b><span style=\"font-size:14.0pt\">Cursos Abrafiltros | Automatiza&ccedil;&atilde;o de Filtros de Manga<\/span><\/b><\/a><\/span><\/span><\/span><\/p>\r\n\r\n<p style=\"text-align:justify\"><span style=\"font-size:11pt\"><span style=\"line-height:normal\"><span style=\"font-family:Calibri,sans-serif\"><a href=\"http:\/\/www.congressoabit.com.br\" style=\"color:blue; text-decoration:underline\"><b><span style=\"font-size:14.0pt\">Congresso Internacional Abit 2024<\/span><\/b><\/a><span style=\"font-size:14.0pt\">, 30 e 31 de outubro, Salvador, Bahia<\/span><\/span><\/span><\/span><\/p>\r\n\r\n<p style=\"text-align:justify\"><span style=\"font-size:11pt\"><span style=\"line-height:normal\"><span style=\"font-family:Calibri,sans-serif\"><a href=\"https:\/\/abrava.com.br\/compromissos\/xxiii-encontro-nacional-de-empresas-projetistas-e-consultores-da-abrava-copy\/?utm_campaign=participe_do_xxiv_encontro_nacional_de_empresas_projetistas_e_consultores&amp;utm_medium=email&amp;utm_source=RD+Station\" style=\"color:blue; text-decoration:underline\"><b><span style=\"font-size:14.0pt\">ENPC 2024 &ndash; XXIV Encontro Nacional de Empresas Projetistas e Consultores da Abrava<\/span><\/b><\/a><span style=\"font-size:14.0pt\">, 05 e 06 de novembro, 08h30 &agrave;s 18h00, evento online<\/span><\/span><\/span><\/span><\/p>\r\n\r\n<p style=\"text-align:justify\"><span style=\"font-size:11pt\"><span style=\"line-height:normal\"><span style=\"font-family:Calibri,sans-serif\"><a href=\"https:\/\/docs.google.com\/forms\/d\/e\/1FAIpQLSdlLJEamcFOQLk7NGJ8dadSzdWJm76r1yGCMsC934sYZx3n_g\/viewform\" style=\"color:blue; text-decoration:underline\"><b><span style=\"font-size:14.0pt\">AESabesp | Regula&ccedil;&atilde;o ESG - Aplica&ccedil;&atilde;o e pr&aacute;tica no setor de saneamento<\/span><\/b><\/a><span style=\"font-size:14.0pt\">, 5 e 7 de novembro de 2024, 14h &agrave;s 17h, plataforma online<\/span><\/span><\/span><\/span><\/p>\r\n\r\n<p style=\"text-align:justify\"><span style=\"font-size:11pt\"><span style=\"line-height:normal\"><span style=\"font-family:Calibri,sans-serif\"><a href=\"https:\/\/wtin-summit.zoom.us\/webinar\/register\/8317274323268\/WN_dSUzxaVJS5uDqijTmxudMg#\/registration\" style=\"color:blue; text-decoration:underline\"><b><span lang=\"EN-US\" style=\"font-size:14.0pt\">Shaping the future of sustainable molded parts: Nonwoven Monomaterial Solutions<\/span><\/b><\/a><span lang=\"EN-US\" style=\"font-size:14.0pt\">, November 7, 2024, 10:00 am<\/span><\/span><\/span><\/span><\/p>\r\n\r\n<p style=\"text-align:justify\"><span style=\"font-size:11pt\"><span style=\"line-height:normal\"><span style=\"font-family:Calibri,sans-serif\"><a href=\"https:\/\/wtin-summit.zoom.us\/webinar\/register\/8317274323268\/WN_dSUzxaVJS5uDqijTmxudMg#\/registration\" style=\"color:blue; text-decoration:underline\"><b><span lang=\"EN-US\" style=\"font-size:14.0pt\">Webinar: Shaping the future of sustainable molded parts - Nonwoven monomaterial solutions<\/span><\/b><\/a><span lang=\"EN-US\" style=\"font-size:14.0pt\">, Thursday 7 November at 1pm UTC<\/span><\/span><\/span><\/span><\/p>\r\n\r\n<p style=\"text-align:justify\"><span style=\"font-size:11pt\"><span style=\"line-height:normal\"><span style=\"font-family:Calibri,sans-serif\"><a href=\"https:\/\/app.rdstation.email\/mail\/686bd16d-10e4-435d-a0e4-887c020a4e3d?utm_campaign=convite_workshop_inventarios_de_gee&amp;utm_medium=email&amp;utm_source=RD+Station\" style=\"color:blue; text-decoration:underline\"><b><span style=\"font-size:14.0pt\">Workshop Abit | Invent&aacute;rios de Gases de Efeito Estufa<\/span><\/b><\/a><span style=\"font-size:14.0pt\">, 13 de novembro de 2024, das 10h &agrave;s 12h, evento online<\/span><\/span><\/span><\/span><\/p>\r\n\r\n<p style=\"text-align:justify\"><span style=\"font-size:11pt\"><span style=\"line-height:normal\"><span style=\"font-family:Calibri,sans-serif\"><a href=\"https:\/\/portalibre.fgv.br\/eventos\/o-papel-dos-gastos-tributarios-na-politica-fiscal-desafios-e-oportunidades\" style=\"color:blue; text-decoration:underline\"><b><span style=\"font-size:14.0pt\">FGV IBRE | O Papel dos Gastos Tribut&aacute;rios na Pol&iacute;tica Fiscal<\/span><\/b><\/a><span style=\"font-size:14.0pt\">, 13\/11, 10h &agrave;s 12h, Funda&ccedil;&atilde;o Getulio Vargas, 190, Praia de Botafogo, Sala 537 (5&ordm; andar)<\/span><\/span><\/span><\/span><\/p>\r\n\r\n<p style=\"text-align:justify\"><span style=\"font-size:11pt\"><span style=\"line-height:normal\"><span style=\"font-family:Calibri,sans-serif\"><a href=\"https:\/\/www.fimec.com.br\/\" style=\"color:blue; text-decoration:underline\"><b><span style=\"font-size:14.0pt\">Fimec 2025<\/span><\/b><\/a><span style=\"font-size:14.0pt\">, 18 a 20 de mar&ccedil;o, Fenac, Novo Hamburgo, RS<\/span><\/span><\/span><\/span><\/p>\r\n\r\n<p style=\"text-align:justify\"><span style=\"font-size:11pt\"><span style=\"line-height:normal\"><span style=\"font-family:Calibri,sans-serif\"><a href=\"https:\/\/www.plasticobrasil.com.br\/pt\/home.html\" style=\"color:blue; text-decoration:underline\"><b><span style=\"font-size:14.0pt\">Feira Pl&aacute;stico Brasil<\/span><\/b><\/a><span style=\"font-size:14.0pt\">, de 24 a 28 de mar&ccedil;o de 2025, das 10h &agrave;s 19h, S&atilde;o Paulo Expo, Rodovia dos Imigrantes, km 1,5<\/span><\/span><\/span><\/span><\/p>\r\n\r\n<p style=\"text-align:justify\"><span style=\"font-size:11pt\"><span style=\"line-height:normal\"><span style=\"font-family:Calibri,sans-serif\"><a href=\"https:\/\/ideashow.org\/\" style=\"color:blue; text-decoration:underline\"><b><span lang=\"EN-US\" style=\"font-size:14.0pt\">IDEA25<\/span><\/b><\/a><span lang=\"EN-US\" style=\"font-size:14.0pt\">, April 29-May 1, 2025, Miami Beach Convention Center, Miami Beach, Florida<\/span><\/span><\/span><\/span><\/p>\r\n\r\n<p style=\"text-align:justify\"><span style=\"font-size:11pt\"><span style=\"line-height:normal\"><span style=\"font-family:Calibri,sans-serif\"><a href=\"https:\/\/www.conbrava.com.br\/\" style=\"color:blue; text-decoration:underline\"><b><span style=\"font-size:14.0pt\">CONBRAVA 2025<\/span><\/b><\/a><span style=\"font-size:14.0pt\">, 10 a 12 de setembro de 2025, S&atilde;o Paulo Expo, Rodovia dos Imigrantes, km 1,5<\/span><\/span><\/span><\/span><\/p>\r\n\r\n<p style=\"text-align:justify\"><span style=\"font-size:28pt\"><span style=\"font-family:Cambria,serif\"><span style=\"letter-spacing:-0.5pt\"><b><span style=\"font-size:18.0pt\"><span style=\"font-family:&quot;Calibri&quot;,sans-serif\"><span style=\"font-variant:small-caps\">Setor<\/span><\/span><\/span><\/b><\/span><\/span><\/span><\/p>\r\n\r\n<p class=\"MsoTitle\" style=\"text-align:justify\"><span style=\"font-size:11pt\"><span style=\"line-height:normal\"><span style=\"font-family:Calibri,sans-serif\"><a href=\"https:\/\/www.poder360.com.br\/poder-economia\/entidades-querem-derrubar-elevacao-da-aliquota-de-quimicos\/\" style=\"color:blue; text-decoration:underline\"><span style=\"font-size:14.0pt\">Qu&iacute;micos: entidades querem derrubar eleva&ccedil;&atilde;o da al&iacute;quota<\/span><\/a><\/span><\/span><\/span><\/p>\r\n\r\n<p style=\"text-align:justify\"><span style=\"font-size:11pt\"><span style=\"line-height:normal\"><span style=\"font-family:Calibri,sans-serif\"><a href=\"https:\/\/www.innovationintextiles.com\/nonwovens-at-the-forefront-of-recycling\/\" style=\"color:blue; text-decoration:underline\"><span lang=\"EN-US\" style=\"font-size:14.0pt\">Nonwovens at the forefront of recycling<\/span><\/a><\/span><\/span><\/span><\/p>\r\n\r\n<p style=\"text-align:justify\"><span style=\"font-size:11pt\"><span style=\"line-height:normal\"><span style=\"font-family:Calibri,sans-serif\"><a href=\"https:\/\/www.plastico.com.br\/comercializacao-de-resinas-precos-baixos-acendem-alerta\/?utm_campaign=newsletter_plastico_outubro_2024&amp;utm_medium=email&amp;utm_source=RD+Station\" style=\"color:blue; text-decoration:underline\"><span style=\"font-size:14.0pt\">Comercializa&ccedil;&atilde;o de resinas: pre&ccedil;os baixos acendem alerta<\/span><\/a><\/span><\/span><\/span><\/p>\r\n\r\n<p style=\"text-align:justify\"><span style=\"font-size:11pt\"><span style=\"line-height:normal\"><span style=\"font-family:Calibri,sans-serif\"><a href=\"https:\/\/www.fieb.org.br\/noticias\/contagem-regressiva-para-9o-congresso-internacional-abit\/\" style=\"color:blue; text-decoration:underline\"><span style=\"font-size:14.0pt\">Contagem regressiva para o 9&ordm; Congresso Internacional da Abit<\/span><\/a><\/span><\/span><\/span><\/p>\r\n\r\n<p style=\"text-align:justify\"><span style=\"font-size:11pt\"><span style=\"line-height:normal\"><span style=\"font-family:Calibri,sans-serif\"><a href=\"https:\/\/plasticosemrevista.com.br\/crise-nos-cursos-de-tecnologia-do-plastico-nos-eua\/\" style=\"color:blue; text-decoration:underline\"><span style=\"font-size:14.0pt\">Crise nos cursos de tecnologia do pl&aacute;stico nos EUA - imagem negativa do material influi na queda das matr&iacute;culas<\/span><\/a><\/span><\/span><\/span><\/p>\r\n\r\n<p style=\"text-align:justify\"><span style=\"font-size:11pt\"><span style=\"line-height:normal\"><span style=\"font-family:Calibri,sans-serif\"><a href=\"https:\/\/hub.ind.br\/lancado-oficialmente-o-abnt-cb-051-comite-brasileiro-de-embalagem-acondicionamento-e-reciclagem-de-plasticos\/\" style=\"color:blue; text-decoration:underline\"><span style=\"font-size:14.0pt\">Lan&ccedil;ado oficialmente o ABNT\/CB-051 &ndash; Comit&ecirc; Brasileiro de Embalagem, Acondicionamento e Reciclagem de Pl&aacute;sticos<\/span><\/a><\/span><\/span><\/span><\/p>\r\n\r\n<p style=\"text-align:justify\"><span style=\"font-size:11pt\"><span style=\"line-height:normal\"><span style=\"font-family:Calibri,sans-serif\"><a href=\"https:\/\/www.revistaplasticosul.com.br\/materias-primas\/braskem-e-neste-anunciam-acordo-para-fornecimento-de-materias-primas-circulares-e-bio-circulares-para-producao-de-resinas-e-quimicos\/\" style=\"color:blue; text-decoration:underline\"><span style=\"font-size:14.0pt\">Braskem e Neste anunciam acordo para fornecimento de mat&eacute;rias-primas circulares e bio-circulares para produ&ccedil;&atilde;o de resinas e qu&iacute;micos<\/span><\/a><\/span><\/span><\/span><\/p>\r\n\r\n<p style=\"text-align:justify\"><span style=\"font-size:28pt\"><span style=\"font-family:Cambria,serif\"><span style=\"letter-spacing:-0.5pt\"><b><span style=\"font-size:18.0pt\"><span style=\"font-family:&quot;Calibri&quot;,sans-serif\"><span style=\"font-variant:small-caps\">Ind&uacute;stria<\/span><\/span><\/span><\/b><\/span><\/span><\/span><\/p>\r\n\r\n<p style=\"text-align:justify\"><span style=\"font-size:11pt\"><span style=\"line-height:normal\"><span style=\"font-family:Calibri,sans-serif\"><a href=\"https:\/\/plasticosemrevista.com.br\/brasil-avanco-morno-do-setor-transformador-em-2023\/\" style=\"color:blue; text-decoration:underline\"><span style=\"font-size:14.0pt\">Brasil: avan&ccedil;o morno do setor transformador em 2023<\/span><\/a><\/span><\/span><\/span><\/p>\r\n\r\n<p style=\"text-align:justify\"><span style=\"font-size:11pt\"><span style=\"line-height:normal\"><span style=\"font-family:Calibri,sans-serif\"><a href=\"https:\/\/noticias.portaldaindustria.com.br\/noticias\/economia\/carga-tributaria-foi-o-principal-problema-da-industria-da-construcao-no-3o-trimestre\/\" style=\"color:blue; text-decoration:underline\"><span style=\"font-size:14.0pt\">Carga tribut&aacute;ria foi o principal problema da ind&uacute;stria da constru&ccedil;&atilde;o no 3&ordm; trimestre<\/span><\/a><\/span><\/span><\/span><\/p>\r\n\r\n<p style=\"text-align:justify\"><span style=\"font-size:11pt\"><span style=\"line-height:normal\"><span style=\"font-family:Calibri,sans-serif\"><a href=\"https:\/\/diariodocomercio.com.br\/negocios\/escassez-engenheiros-coloca-crescimento-pais-cheque\/\" style=\"color:blue; text-decoration:underline\"><span style=\"font-size:14.0pt\">Escassez de engenheiros coloca crescimento do Pa&iacute;s em xeque<\/span><\/a><\/span><\/span><\/span><\/p>\r\n\r\n<p style=\"text-align:justify\"><span style=\"font-size:11pt\"><span style=\"line-height:normal\"><span style=\"font-family:Calibri,sans-serif\"><a href=\"https:\/\/eixos.com.br\/internacional\/china-caminha-para-pico-de-consumo-de-oleo-em-meio-a-adocao-massiva-de-carros-eletricos\/?utm_source=newsletters+eixos&amp;utm_campaign=cc12d1c309-EMAIL_CAMPAIGN_2024_10_27_01_46&amp;utm_medium=email&amp;utm_term=0_-cc12d1c309-%5BLIST_EMAIL_ID%5D\" style=\"color:blue; text-decoration:underline\"><span style=\"font-size:14.0pt\">China caminha para pico de consumo de &oacute;leo em meio a ado&ccedil;&atilde;o massiva de carros el&eacute;tricos<\/span><\/a><\/span><\/span><\/span><\/p>\r\n\r\n<p style=\"text-align:justify\"><span style=\"font-size:28pt\"><span style=\"font-family:Cambria,serif\"><span style=\"letter-spacing:-0.5pt\"><b><span style=\"font-size:18.0pt\"><span style=\"font-family:&quot;Calibri&quot;,sans-serif\"><span style=\"font-variant:small-caps\">Sustentabilidade<\/span><\/span><\/span><\/b><\/span><\/span><\/span><\/p>\r\n\r\n<p style=\"text-align:justify\"><span style=\"font-size:11pt\"><span style=\"line-height:normal\"><span style=\"font-family:Calibri,sans-serif\"><a href=\"https:\/\/www.plastico.com.br\/plastico-de-uso-unico-pais-ja-tem-214-leis-no-tema\/?utm_campaign=newsletter_plastico_outubro_2024&amp;utm_medium=email&amp;utm_source=RD+Station\" style=\"color:blue; text-decoration:underline\"><span style=\"font-size:14.0pt\">Pl&aacute;stico de uso &uacute;nico: pa&iacute;s j&aacute; tem 214 leis no tema<\/span><\/a><\/span><\/span><\/span><\/p>\r\n\r\n<p style=\"text-align:justify\"><span style=\"font-size:11pt\"><span style=\"line-height:normal\"><span style=\"font-family:Calibri,sans-serif\"><a href=\"https:\/\/www.plastico.com.br\/debates-para-banir-plasticos-de-uso-unico\/?utm_campaign=newsletter_plastico_outubro_2024&amp;utm_medium=email&amp;utm_source=RD+Station\" style=\"color:blue; text-decoration:underline\"><span style=\"font-size:14.0pt\">Debates para banir pl&aacute;sticos de uso &uacute;nico<\/span><\/a><\/span><\/span><\/span><\/p>\r\n\r\n<p style=\"text-align:justify\"><span style=\"font-size:11pt\"><span style=\"line-height:normal\"><span style=\"font-family:Calibri,sans-serif\"><a href=\"https:\/\/blogdoplastico.wordpress.com\/2024\/10\/22\/estudo-aponta-queda-no-indice-de-reciclagem-mecanica-em-2023\/\" style=\"color:blue; text-decoration:underline\"><span style=\"font-size:14.0pt\">Estudo aponta queda no &iacute;ndice de reciclagem mec&acirc;nica em 2023<\/span><\/a><\/span><\/span><\/span><\/p>\r\n\r\n<p style=\"text-align:justify\"><span style=\"font-size:11pt\"><span style=\"line-height:normal\"><span style=\"font-family:Calibri,sans-serif\"><a href=\"https:\/\/noticias.portaldaindustria.com.br\/noticias\/internacional\/b20-brasil-combate-as-mudancas-climaticas-abre-caminhos-para-o-crescimento-economico\/\" style=\"color:blue; text-decoration:underline\"><span style=\"font-size:14.0pt\">B20 Brasil: combate &agrave;s mudan&ccedil;as clim&aacute;ticas abre caminhos para o crescimento econ&ocirc;mico<\/span><\/a><\/span><\/span><\/span><\/p>\r\n\r\n<p style=\"text-align:justify\"><span style=\"font-size:11pt\"><span style=\"line-height:normal\"><span style=\"font-family:Calibri,sans-serif\"><a href=\"https:\/\/noticias.portaldaindustria.com.br\/noticias\/sustentabilidade\/cop16-cni-apresenta-recomendacoes-para-7-temas-prioritarios-a-biodiversidade\/\" style=\"color:blue; text-decoration:underline\"><span style=\"font-size:14.0pt\">COP16: CNI apresenta recomenda&ccedil;&otilde;es para 7 temas priorit&aacute;rios &agrave; biodiversidade<\/span><\/a><\/span><\/span><\/span><\/p>\r\n\r\n<p style=\"text-align:justify\"><span style=\"font-size:28pt\"><span style=\"font-family:Cambria,serif\"><span style=\"letter-spacing:-0.5pt\"><b><span style=\"font-size:18.0pt\"><span style=\"font-family:&quot;Calibri&quot;,sans-serif\"><span style=\"font-variant:small-caps\">Inova&ccedil;&atilde;o<\/span><\/span><\/span><\/b><\/span><\/span><\/span><\/p>\r\n\r\n<p style=\"text-align:justify\"><span style=\"font-size:11pt\"><span style=\"line-height:normal\"><span style=\"font-family:Calibri,sans-serif\"><a href=\"https:\/\/vozdocampo.pt\/2024\/10\/23\/inovacao-e-sustentabilidade-filmes-de-cobertura-biodegradaveis-no-solo\/\" style=\"color:blue; text-decoration:underline\"><span style=\"font-size:14.0pt\">Inova&ccedil;&atilde;o e sustentabilidade: Filmes de cobertura biodegrad&aacute;veis no solo<\/span><\/a><\/span><\/span><\/span><\/p>\r\n\r\n<p style=\"text-align:justify\"><span style=\"font-size:11pt\"><span style=\"line-height:normal\"><span style=\"font-family:Calibri,sans-serif\"><a href=\"https:\/\/www.gov.br\/inmetro\/pt-br\/centrais-de-conteudo\/noticias\/3a-reuniao-online-do-forum-grafeno-inmetro-debate-avancos-e-perspectivas-no-desenvolvimento-de-nanotecnologia\" style=\"color:blue; text-decoration:underline\"><span style=\"font-size:14.0pt\">3&ordf; reuni&atilde;o online do F&oacute;rum Grafeno Inmetro debate avan&ccedil;os e perspectivas no desenvolvimento de nanotecnologia<\/span><\/a><\/span><\/span><\/span><\/p>\r\n\r\n<p style=\"text-align:justify\"><span style=\"font-size:28pt\"><span style=\"font-family:Cambria,serif\"><span style=\"letter-spacing:-0.5pt\"><b><span style=\"font-size:18.0pt\"><span style=\"font-family:&quot;Calibri&quot;,sans-serif\"><span style=\"font-variant:small-caps\">Com&eacute;rcio Exterior<\/span><\/span><\/span><\/b><\/span><\/span><\/span><\/p>\r\n\r\n<p style=\"text-align:justify\"><span style=\"font-size:11pt\"><span style=\"line-height:normal\"><span style=\"font-family:Calibri,sans-serif\"><a href=\"https:\/\/agenciagov.ebc.com.br\/noticias\/202410\/brasil-e-reino-unido-fecham-parceria-para-credito-a-exportacao-1\" style=\"color:blue; text-decoration:underline\"><span style=\"font-size:14.0pt\">Brasil e Reino Unido fecham parceria para cr&eacute;dito &agrave; exporta&ccedil;&atilde;o<\/span><\/a><\/span><\/span><\/span><\/p>\r\n\r\n<p style=\"text-align:justify\"><span style=\"font-size:11pt\"><span style=\"line-height:normal\"><span style=\"font-family:Calibri,sans-serif\"><a href=\"https:\/\/phvox.com.br\/brasil-rejeita-maduro-nos-brics-e-aparece-veto-a-venezuela\/\" style=\"color:blue; text-decoration:underline\"><span style=\"font-size:14.0pt\">Brasil rejeita Maduro nos BRICS e veta a Venezuela<\/span><\/a><\/span><\/span><\/span><\/p>\r\n\r\n<p style=\"text-align:justify\"><span style=\"font-size:11pt\"><span style=\"line-height:normal\"><span style=\"font-family:Calibri,sans-serif\"><a href=\"https:\/\/www.gov.br\/mdic\/pt-br\/assuntos\/noticias\/2024\/outubro\/mdic-e-delegacao-dos-emirados-arabes-unidos-debatem-desenvolvimento-sustentavel-e-acordo-de-livre-comercio-com-o-mercosul\" style=\"color:blue; text-decoration:underline\"><span style=\"font-size:14.0pt\">MDIC e delega&ccedil;&atilde;o dos Emirados &Aacute;rabes Unidos debatem desenvolvimento sustent&aacute;vel e acordo de livre com&eacute;rcio com o Mercosul<\/span><\/a><\/span><\/span><\/span><\/p>\r\n\r\n<p style=\"text-align:justify\"><span style=\"font-size:11pt\"><span style=\"line-height:normal\"><span style=\"font-family:Calibri,sans-serif\"><a href=\"https:\/\/www.fibre2fashion.com\/news\/textile-news\/european-association-backs-safeguards-for-sustainable-textiles-in-eu-298714-newsdetails.htm\" style=\"color:blue; text-decoration:underline\"><span lang=\"EN-US\" style=\"font-size:14.0pt\">European Association backs safeguards for sustainable textiles in EU<\/span><\/a><\/span><\/span><\/span><\/p>\r\n\r\n<p style=\"text-align:justify\"><span style=\"font-size:28pt\"><span style=\"font-family:Cambria,serif\"><span style=\"letter-spacing:-0.5pt\"><b><span lang=\"EN-US\" style=\"font-size:18.0pt\"><span style=\"font-family:&quot;Calibri&quot;,sans-serif\"><span style=\"font-variant:small-caps\">Economia<\/span><\/span><\/span><\/b><\/span><\/span><\/span><\/p>\r\n\r\n<p style=\"text-align:justify\"><span style=\"font-size:11pt\"><span style=\"line-height:normal\"><span style=\"font-family:Calibri,sans-serif\"><a href=\"https:\/\/www.bcb.gov.br\/content\/focus\/focus\/R20241025.pdf\" style=\"color:blue; text-decoration:underline\"><span lang=\"EN-US\" style=\"font-size:14.0pt\">Focus - Relat&oacute;rio de Mercado<\/span><\/a><\/span><\/span><\/span><\/p>\r\n\r\n<p style=\"text-align:justify\"><span style=\"font-size:11pt\"><span style=\"line-height:normal\"><span style=\"font-family:Calibri,sans-serif\"><a href=\"https:\/\/responsiblestatecraft.org\/dedollarization-china-russia\/\" style=\"color:blue; text-decoration:underline\"><span lang=\"EN-US\" style=\"font-size:14.0pt\">BRICS and de-dollarization, how far can it go?<\/span><\/a><\/span><\/span><\/span><\/p>\r\n\r\n<p style=\"text-align:justify\"><span style=\"font-size:11pt\"><span style=\"line-height:normal\"><span style=\"font-family:Calibri,sans-serif\"><a href=\"https:\/\/www.fibre2fashion.com\/news\/textile-news\/imf-sees-world-growth-at-3-2-in-2024-2025-stable-yet-underwhelming-298732-newsdetails.htm\" style=\"color:blue; text-decoration:underline\"><span lang=\"EN-US\" style=\"font-size:14.0pt\">IMF sees world growth at 3.2% in 2024, 2025; stable yet underwhelming<\/span><\/a><\/span><\/span><\/span><\/p>\r\n\r\n<p style=\"text-align:justify\"><span style=\"font-size:11pt\"><span style=\"line-height:normal\"><span style=\"font-family:Calibri,sans-serif\"><a href=\"https:\/\/portalibre.fgv.br\/system\/files\/divulgacao\/noticias\/mat-complementar\/2024-10\/Sondagem%20da%20Construcao%20FGV_press%20release_Out24.pdf\" style=\"color:blue; text-decoration:underline\"><span style=\"font-size:14.0pt\">Confian&ccedil;a da Constru&ccedil;&atilde;o ficou est&aacute;vel em outubro<\/span><\/a><\/span><\/span><\/span><\/p>\r\n\r\n<p style=\"text-align:justify\"><span style=\"font-size:11pt\"><span style=\"line-height:normal\"><span style=\"font-family:Calibri,sans-serif\"><a href=\"https:\/\/www.cnnbrasil.com.br\/economia\/macroeconomia\/confianca-do-consumidor-cai-07-ponto-em-outubro-ante-setembro-mostra-fgv\/\" style=\"color:blue; text-decoration:underline\"><span style=\"font-size:14.0pt\">Confian&ccedil;a do Consumidor cai 0,7 ponto em outubro ante setembro, mostra FGV<\/span><\/a><\/span><\/span><\/span><\/p>\r\n\r\n<p style=\"text-align:justify\">&nbsp;<\/p>\r\n\r\n<p style=\"text-align:justify\"><img src=\"https:\/\/www.abint.org.br\/assets\/img\/editor\/redes-sociais-abint-ctg-cth_20241022132423RpEWjMbvvk.jpg\" \/><\/p>\r\n","6":"<p style=\"text-align:justify\"><span style=\"font-size:11pt\"><span style=\"line-height:normal\"><span style=\"font-family:Calibri,sans-serif\"><span style=\"font-size:14.0pt\">Esta &eacute; uma compila&ccedil;&atilde;o das not&iacute;cias mais relevantes para o setor, incluindo informa&ccedil;&otilde;es sobre acordos internacionais, economia brasileira, sustentabilidade e mat&eacute;rias primas, al&eacute;m de novidades do setor de N&atilde;otecidos e Tecidos T&eacute;cnicos.<\/span><\/span><\/span><\/span><\/p>\r\n\r\n<p style=\"text-align:justify\"><b><span style=\"font-size:18.0pt\"><span style=\"line-height:115%\"><span style=\"font-family:&quot;Calibri&quot;,sans-serif\"><span style=\"font-variant:small-caps\">O que vem por a&iacute;<\/span><\/span><\/span><\/span><\/b><\/p>\r\n\r\n<p style=\"text-align:justify\"><b><img src=\"https:\/\/www.abint.org.br\/assets\/img\/editor\/abint-logo-2020-g_20241022131612AeQSydsTiA.png\" style=\"width: 300px; height: 69px;\" \/><\/b><\/p>\r\n\r\n<p style=\"text-align:justify\"><span style=\"font-size:11pt\"><span style=\"line-height:normal\"><span style=\"font-family:Calibri,sans-serif\"><span style=\"font-size:14.0pt\">A <b>ABINT<\/b> &eacute; uma das <b>patrocinadoras<\/b> do<b> <\/b><\/span><a href=\"https:\/\/www.congressoabit.com.br\/\" style=\"color:blue; text-decoration:underline\"><b><span style=\"font-size:14.0pt\">Congresso Internacional Abit 2024<\/span><\/b><\/a><span style=\"font-size:14.0pt\">, que ocorrer&aacute; dias 30 e 31 de outubro, no SENAI Cimatec, Salvador, BA.<\/span><\/span><\/span><\/span><\/p>\r\n\r\n<p><img src=\"https:\/\/www.abint.org.br\/assets\/img\/editor\/congresso-internacional-abit-2024-com-logo_20241022131727KWs34SULte.jpg\" style=\"width: 500px; height: 500px;\" \/><\/p>\r\n\r\n<p>&nbsp;<\/p>\r\n\r\n<p><img src=\"https:\/\/www.abint.org.br\/assets\/img\/editor\/post-quadrado-curso-naotecido_20241022131820YODT9DK5xW.jpg\" style=\"width: 500px; height: 500px;\" \/><\/p>\r\n\r\n<p align=\"center\" style=\"text-align:center\"><span style=\"font-size:11pt\"><span style=\"line-height:normal\"><span style=\"font-family:Calibri,sans-serif\"><a href=\"https:\/\/forms.office.com\/r\/5DrqtK5n3Y\" style=\"color:blue; text-decoration:underline\"><span style=\"font-size:14.0pt\">Informa&ccedil;&otilde;es e inscri&ccedil;&otilde;es<\/span><\/a><\/span><\/span><\/span><\/p>\r\n\r\n<p style=\"text-align:justify\"><span style=\"font-size:28pt\"><span style=\"font-family:Cambria,serif\"><span style=\"letter-spacing:-0.5pt\"><b><span style=\"font-size:18.0pt\"><span style=\"font-family:&quot;Calibri&quot;,sans-serif\"><span style=\"font-variant:small-caps\">Not&iacute;cias das Associadas<\/span><\/span><\/span><\/b><\/span><\/span><\/span><\/p>\r\n\r\n<p style=\"text-align:justify\"><span style=\"font-size:11pt\"><span style=\"line-height:normal\"><span style=\"font-family:Calibri,sans-serif\"><span style=\"font-size:14.0pt\"><a href=\"https:\/\/megamoveleiros.com.br\/publicacoes\/livro-resgata-60-anos-de-historia-da-cipatex\" style=\"color:blue; text-decoration:underline\">Livro resgata 60 anos de hist&oacute;ria da Cipatex&reg;<\/a><\/span><\/span><\/span><\/span><\/p>\r\n\r\n<p style=\"text-align:justify\"><span style=\"font-size:11pt\"><span style=\"line-height:normal\"><span style=\"font-family:Calibri,sans-serif\"><a href=\"https:\/\/www.technicaltextile.net\/news\/finland-s-suominen-appoints-new-chief-people-communications-officer-298711.html\" style=\"color:blue; text-decoration:underline\"><span lang=\"EN-US\" style=\"font-size:14.0pt\">Finland&#39;s Suominen appoints new chief people &amp; communications officer<\/span><\/a><\/span><\/span><\/span><\/p>\r\n\r\n<p style=\"text-align:justify\">&nbsp;<\/p>\r\n\r\n<p style=\"text-align:justify\"><span style=\"font-size:11pt\"><span style=\"line-height:normal\"><span style=\"font-family:Calibri,sans-serif\"><b><span style=\"font-size:18.0pt\"><span style=\"font-variant:small-caps\">Eventos<\/span><\/span><\/b><\/span><\/span><\/span><\/p>\r\n\r\n<p style=\"text-align:justify\">&nbsp;<\/p>\r\n\r\n<p style=\"text-align:justify\"><span style=\"font-size:11pt\"><span style=\"line-height:normal\"><span style=\"font-family:Calibri,sans-serif\"><a href=\"https:\/\/www.abrafiltros.org.br\/cursos\/\" style=\"color:blue; text-decoration:underline\"><b><span style=\"font-size:14.0pt\">Cursos Abrafiltros | Automatiza&ccedil;&atilde;o de Filtros de Manga<\/span><\/b><\/a><\/span><\/span><\/span><\/p>\r\n\r\n<p style=\"text-align:justify\"><span style=\"font-size:11pt\"><span style=\"line-height:normal\"><span style=\"font-family:Calibri,sans-serif\"><a href=\"http:\/\/www.congressoabit.com.br\" style=\"color:blue; text-decoration:underline\"><b><span style=\"font-size:14.0pt\">Congresso Internacional Abit 2024<\/span><\/b><\/a><span style=\"font-size:14.0pt\">, 30 e 31 de outubro, Salvador, Bahia<\/span><\/span><\/span><\/span><\/p>\r\n\r\n<p style=\"text-align:justify\"><span style=\"font-size:11pt\"><span style=\"line-height:normal\"><span style=\"font-family:Calibri,sans-serif\"><a href=\"https:\/\/abrava.com.br\/compromissos\/xxiii-encontro-nacional-de-empresas-projetistas-e-consultores-da-abrava-copy\/?utm_campaign=participe_do_xxiv_encontro_nacional_de_empresas_projetistas_e_consultores&amp;utm_medium=email&amp;utm_source=RD+Station\" style=\"color:blue; text-decoration:underline\"><b><span style=\"font-size:14.0pt\">ENPC 2024 &ndash; XXIV Encontro Nacional de Empresas Projetistas e Consultores da Abrava<\/span><\/b><\/a><span style=\"font-size:14.0pt\">, 05 e 06 de novembro, 08h30 &agrave;s 18h00, evento online<\/span><\/span><\/span><\/span><\/p>\r\n\r\n<p style=\"text-align:justify\"><span style=\"font-size:11pt\"><span style=\"line-height:normal\"><span style=\"font-family:Calibri,sans-serif\"><a href=\"https:\/\/docs.google.com\/forms\/d\/e\/1FAIpQLSdlLJEamcFOQLk7NGJ8dadSzdWJm76r1yGCMsC934sYZx3n_g\/viewform\" style=\"color:blue; text-decoration:underline\"><b><span style=\"font-size:14.0pt\">AESabesp | Regula&ccedil;&atilde;o ESG - Aplica&ccedil;&atilde;o e pr&aacute;tica no setor de saneamento<\/span><\/b><\/a><span style=\"font-size:14.0pt\">, 5 e 7 de novembro de 2024, 14h &agrave;s 17h, plataforma online<\/span><\/span><\/span><\/span><\/p>\r\n\r\n<p style=\"text-align:justify\"><span style=\"font-size:11pt\"><span style=\"line-height:normal\"><span style=\"font-family:Calibri,sans-serif\"><a href=\"https:\/\/wtin-summit.zoom.us\/webinar\/register\/8317274323268\/WN_dSUzxaVJS5uDqijTmxudMg#\/registration\" style=\"color:blue; text-decoration:underline\"><b><span lang=\"EN-US\" style=\"font-size:14.0pt\">Shaping the future of sustainable molded parts: Nonwoven Monomaterial Solutions<\/span><\/b><\/a><span lang=\"EN-US\" style=\"font-size:14.0pt\">, November 7, 2024, 10:00 am<\/span><\/span><\/span><\/span><\/p>\r\n\r\n<p style=\"text-align:justify\"><span style=\"font-size:11pt\"><span style=\"line-height:normal\"><span style=\"font-family:Calibri,sans-serif\"><a href=\"https:\/\/wtin-summit.zoom.us\/webinar\/register\/8317274323268\/WN_dSUzxaVJS5uDqijTmxudMg#\/registration\" style=\"color:blue; text-decoration:underline\"><b><span lang=\"EN-US\" style=\"font-size:14.0pt\">Webinar: Shaping the future of sustainable molded parts - Nonwoven monomaterial solutions<\/span><\/b><\/a><span lang=\"EN-US\" style=\"font-size:14.0pt\">, Thursday 7 November at 1pm UTC<\/span><\/span><\/span><\/span><\/p>\r\n\r\n<p style=\"text-align:justify\"><span style=\"font-size:11pt\"><span style=\"line-height:normal\"><span style=\"font-family:Calibri,sans-serif\"><a href=\"https:\/\/app.rdstation.email\/mail\/686bd16d-10e4-435d-a0e4-887c020a4e3d?utm_campaign=convite_workshop_inventarios_de_gee&amp;utm_medium=email&amp;utm_source=RD+Station\" style=\"color:blue; text-decoration:underline\"><b><span style=\"font-size:14.0pt\">Workshop Abit | Invent&aacute;rios de Gases de Efeito Estufa<\/span><\/b><\/a><span style=\"font-size:14.0pt\">, 13 de novembro de 2024, das 10h &agrave;s 12h, evento online<\/span><\/span><\/span><\/span><\/p>\r\n\r\n<p style=\"text-align:justify\"><span style=\"font-size:11pt\"><span style=\"line-height:normal\"><span style=\"font-family:Calibri,sans-serif\"><a href=\"https:\/\/portalibre.fgv.br\/eventos\/o-papel-dos-gastos-tributarios-na-politica-fiscal-desafios-e-oportunidades\" style=\"color:blue; text-decoration:underline\"><b><span style=\"font-size:14.0pt\">FGV IBRE | O Papel dos Gastos Tribut&aacute;rios na Pol&iacute;tica Fiscal<\/span><\/b><\/a><span style=\"font-size:14.0pt\">, 13\/11, 10h &agrave;s 12h, Funda&ccedil;&atilde;o Getulio Vargas, 190, Praia de Botafogo, Sala 537 (5&ordm; andar)<\/span><\/span><\/span><\/span><\/p>\r\n\r\n<p style=\"text-align:justify\"><span style=\"font-size:11pt\"><span style=\"line-height:normal\"><span style=\"font-family:Calibri,sans-serif\"><a href=\"https:\/\/www.fimec.com.br\/\" style=\"color:blue; text-decoration:underline\"><b><span style=\"font-size:14.0pt\">Fimec 2025<\/span><\/b><\/a><span style=\"font-size:14.0pt\">, 18 a 20 de mar&ccedil;o, Fenac, Novo Hamburgo, RS<\/span><\/span><\/span><\/span><\/p>\r\n\r\n<p style=\"text-align:justify\"><span style=\"font-size:11pt\"><span style=\"line-height:normal\"><span style=\"font-family:Calibri,sans-serif\"><a href=\"https:\/\/www.plasticobrasil.com.br\/pt\/home.html\" style=\"color:blue; text-decoration:underline\"><b><span style=\"font-size:14.0pt\">Feira Pl&aacute;stico Brasil<\/span><\/b><\/a><span style=\"font-size:14.0pt\">, de 24 a 28 de mar&ccedil;o de 2025, das 10h &agrave;s 19h, S&atilde;o Paulo Expo, Rodovia dos Imigrantes, km 1,5<\/span><\/span><\/span><\/span><\/p>\r\n\r\n<p style=\"text-align:justify\"><span style=\"font-size:11pt\"><span style=\"line-height:normal\"><span style=\"font-family:Calibri,sans-serif\"><a href=\"https:\/\/ideashow.org\/\" style=\"color:blue; text-decoration:underline\"><b><span lang=\"EN-US\" style=\"font-size:14.0pt\">IDEA25<\/span><\/b><\/a><span lang=\"EN-US\" style=\"font-size:14.0pt\">, April 29-May 1, 2025, Miami Beach Convention Center, Miami Beach, Florida<\/span><\/span><\/span><\/span><\/p>\r\n\r\n<p style=\"text-align:justify\"><span style=\"font-size:11pt\"><span style=\"line-height:normal\"><span style=\"font-family:Calibri,sans-serif\"><a href=\"https:\/\/www.conbrava.com.br\/\" style=\"color:blue; text-decoration:underline\"><b><span style=\"font-size:14.0pt\">CONBRAVA 2025<\/span><\/b><\/a><span style=\"font-size:14.0pt\">, 10 a 12 de setembro de 2025, S&atilde;o Paulo Expo, Rodovia dos Imigrantes, km 1,5<\/span><\/span><\/span><\/span><\/p>\r\n\r\n<p style=\"text-align:justify\"><span style=\"font-size:28pt\"><span style=\"font-family:Cambria,serif\"><span style=\"letter-spacing:-0.5pt\"><b><span style=\"font-size:18.0pt\"><span style=\"font-family:&quot;Calibri&quot;,sans-serif\"><span style=\"font-variant:small-caps\">Setor<\/span><\/span><\/span><\/b><\/span><\/span><\/span><\/p>\r\n\r\n<p class=\"MsoTitle\" style=\"text-align:justify\"><span style=\"font-size:11pt\"><span style=\"line-height:normal\"><span style=\"font-family:Calibri,sans-serif\"><a href=\"https:\/\/www.poder360.com.br\/poder-economia\/entidades-querem-derrubar-elevacao-da-aliquota-de-quimicos\/\" style=\"color:blue; text-decoration:underline\"><span style=\"font-size:14.0pt\">Qu&iacute;micos: entidades querem derrubar eleva&ccedil;&atilde;o da al&iacute;quota<\/span><\/a><\/span><\/span><\/span><\/p>\r\n\r\n<p style=\"text-align:justify\"><span style=\"font-size:11pt\"><span style=\"line-height:normal\"><span style=\"font-family:Calibri,sans-serif\"><a href=\"https:\/\/www.innovationintextiles.com\/nonwovens-at-the-forefront-of-recycling\/\" style=\"color:blue; text-decoration:underline\"><span lang=\"EN-US\" style=\"font-size:14.0pt\">Nonwovens at the forefront of recycling<\/span><\/a><\/span><\/span><\/span><\/p>\r\n\r\n<p style=\"text-align:justify\"><span style=\"font-size:11pt\"><span style=\"line-height:normal\"><span style=\"font-family:Calibri,sans-serif\"><a href=\"https:\/\/www.plastico.com.br\/comercializacao-de-resinas-precos-baixos-acendem-alerta\/?utm_campaign=newsletter_plastico_outubro_2024&amp;utm_medium=email&amp;utm_source=RD+Station\" style=\"color:blue; text-decoration:underline\"><span style=\"font-size:14.0pt\">Comercializa&ccedil;&atilde;o de resinas: pre&ccedil;os baixos acendem alerta<\/span><\/a><\/span><\/span><\/span><\/p>\r\n\r\n<p style=\"text-align:justify\"><span style=\"font-size:11pt\"><span style=\"line-height:normal\"><span style=\"font-family:Calibri,sans-serif\"><a href=\"https:\/\/www.fieb.org.br\/noticias\/contagem-regressiva-para-9o-congresso-internacional-abit\/\" style=\"color:blue; text-decoration:underline\"><span style=\"font-size:14.0pt\">Contagem regressiva para o 9&ordm; Congresso Internacional da Abit<\/span><\/a><\/span><\/span><\/span><\/p>\r\n\r\n<p style=\"text-align:justify\"><span style=\"font-size:11pt\"><span style=\"line-height:normal\"><span style=\"font-family:Calibri,sans-serif\"><a href=\"https:\/\/plasticosemrevista.com.br\/crise-nos-cursos-de-tecnologia-do-plastico-nos-eua\/\" style=\"color:blue; text-decoration:underline\"><span style=\"font-size:14.0pt\">Crise nos cursos de tecnologia do pl&aacute;stico nos EUA - imagem negativa do material influi na queda das matr&iacute;culas<\/span><\/a><\/span><\/span><\/span><\/p>\r\n\r\n<p style=\"text-align:justify\"><span style=\"font-size:11pt\"><span style=\"line-height:normal\"><span style=\"font-family:Calibri,sans-serif\"><a href=\"https:\/\/hub.ind.br\/lancado-oficialmente-o-abnt-cb-051-comite-brasileiro-de-embalagem-acondicionamento-e-reciclagem-de-plasticos\/\" style=\"color:blue; text-decoration:underline\"><span style=\"font-size:14.0pt\">Lan&ccedil;ado oficialmente o ABNT\/CB-051 &ndash; Comit&ecirc; Brasileiro de Embalagem, Acondicionamento e Reciclagem de Pl&aacute;sticos<\/span><\/a><\/span><\/span><\/span><\/p>\r\n\r\n<p style=\"text-align:justify\"><span style=\"font-size:11pt\"><span style=\"line-height:normal\"><span style=\"font-family:Calibri,sans-serif\"><a href=\"https:\/\/www.revistaplasticosul.com.br\/materias-primas\/braskem-e-neste-anunciam-acordo-para-fornecimento-de-materias-primas-circulares-e-bio-circulares-para-producao-de-resinas-e-quimicos\/\" style=\"color:blue; text-decoration:underline\"><span style=\"font-size:14.0pt\">Braskem e Neste anunciam acordo para fornecimento de mat&eacute;rias-primas circulares e bio-circulares para produ&ccedil;&atilde;o de resinas e qu&iacute;micos<\/span><\/a><\/span><\/span><\/span><\/p>\r\n\r\n<p style=\"text-align:justify\"><span style=\"font-size:28pt\"><span style=\"font-family:Cambria,serif\"><span style=\"letter-spacing:-0.5pt\"><b><span style=\"font-size:18.0pt\"><span style=\"font-family:&quot;Calibri&quot;,sans-serif\"><span style=\"font-variant:small-caps\">Ind&uacute;stria<\/span><\/span><\/span><\/b><\/span><\/span><\/span><\/p>\r\n\r\n<p style=\"text-align:justify\"><span style=\"font-size:11pt\"><span style=\"line-height:normal\"><span style=\"font-family:Calibri,sans-serif\"><a href=\"https:\/\/plasticosemrevista.com.br\/brasil-avanco-morno-do-setor-transformador-em-2023\/\" style=\"color:blue; text-decoration:underline\"><span style=\"font-size:14.0pt\">Brasil: avan&ccedil;o morno do setor transformador em 2023<\/span><\/a><\/span><\/span><\/span><\/p>\r\n\r\n<p style=\"text-align:justify\"><span style=\"font-size:11pt\"><span style=\"line-height:normal\"><span style=\"font-family:Calibri,sans-serif\"><a href=\"https:\/\/noticias.portaldaindustria.com.br\/noticias\/economia\/carga-tributaria-foi-o-principal-problema-da-industria-da-construcao-no-3o-trimestre\/\" style=\"color:blue; text-decoration:underline\"><span style=\"font-size:14.0pt\">Carga tribut&aacute;ria foi o principal problema da ind&uacute;stria da constru&ccedil;&atilde;o no 3&ordm; trimestre<\/span><\/a><\/span><\/span><\/span><\/p>\r\n\r\n<p style=\"text-align:justify\"><span style=\"font-size:11pt\"><span style=\"line-height:normal\"><span style=\"font-family:Calibri,sans-serif\"><a href=\"https:\/\/diariodocomercio.com.br\/negocios\/escassez-engenheiros-coloca-crescimento-pais-cheque\/\" style=\"color:blue; text-decoration:underline\"><span style=\"font-size:14.0pt\">Escassez de engenheiros coloca crescimento do Pa&iacute;s em xeque<\/span><\/a><\/span><\/span><\/span><\/p>\r\n\r\n<p style=\"text-align:justify\"><span style=\"font-size:11pt\"><span style=\"line-height:normal\"><span style=\"font-family:Calibri,sans-serif\"><a href=\"https:\/\/eixos.com.br\/internacional\/china-caminha-para-pico-de-consumo-de-oleo-em-meio-a-adocao-massiva-de-carros-eletricos\/?utm_source=newsletters+eixos&amp;utm_campaign=cc12d1c309-EMAIL_CAMPAIGN_2024_10_27_01_46&amp;utm_medium=email&amp;utm_term=0_-cc12d1c309-%5BLIST_EMAIL_ID%5D\" style=\"color:blue; text-decoration:underline\"><span style=\"font-size:14.0pt\">China caminha para pico de consumo de &oacute;leo em meio a ado&ccedil;&atilde;o massiva de carros el&eacute;tricos<\/span><\/a><\/span><\/span><\/span><\/p>\r\n\r\n<p style=\"text-align:justify\"><span style=\"font-size:28pt\"><span style=\"font-family:Cambria,serif\"><span style=\"letter-spacing:-0.5pt\"><b><span style=\"font-size:18.0pt\"><span style=\"font-family:&quot;Calibri&quot;,sans-serif\"><span style=\"font-variant:small-caps\">Sustentabilidade<\/span><\/span><\/span><\/b><\/span><\/span><\/span><\/p>\r\n\r\n<p style=\"text-align:justify\"><span style=\"font-size:11pt\"><span style=\"line-height:normal\"><span style=\"font-family:Calibri,sans-serif\"><a href=\"https:\/\/www.plastico.com.br\/plastico-de-uso-unico-pais-ja-tem-214-leis-no-tema\/?utm_campaign=newsletter_plastico_outubro_2024&amp;utm_medium=email&amp;utm_source=RD+Station\" style=\"color:blue; text-decoration:underline\"><span style=\"font-size:14.0pt\">Pl&aacute;stico de uso &uacute;nico: pa&iacute;s j&aacute; tem 214 leis no tema<\/span><\/a><\/span><\/span><\/span><\/p>\r\n\r\n<p style=\"text-align:justify\"><span style=\"font-size:11pt\"><span style=\"line-height:normal\"><span style=\"font-family:Calibri,sans-serif\"><a href=\"https:\/\/www.plastico.com.br\/debates-para-banir-plasticos-de-uso-unico\/?utm_campaign=newsletter_plastico_outubro_2024&amp;utm_medium=email&amp;utm_source=RD+Station\" style=\"color:blue; text-decoration:underline\"><span style=\"font-size:14.0pt\">Debates para banir pl&aacute;sticos de uso &uacute;nico<\/span><\/a><\/span><\/span><\/span><\/p>\r\n\r\n<p style=\"text-align:justify\"><span style=\"font-size:11pt\"><span style=\"line-height:normal\"><span style=\"font-family:Calibri,sans-serif\"><a href=\"https:\/\/blogdoplastico.wordpress.com\/2024\/10\/22\/estudo-aponta-queda-no-indice-de-reciclagem-mecanica-em-2023\/\" style=\"color:blue; text-decoration:underline\"><span style=\"font-size:14.0pt\">Estudo aponta queda no &iacute;ndice de reciclagem mec&acirc;nica em 2023<\/span><\/a><\/span><\/span><\/span><\/p>\r\n\r\n<p style=\"text-align:justify\"><span style=\"font-size:11pt\"><span style=\"line-height:normal\"><span style=\"font-family:Calibri,sans-serif\"><a href=\"https:\/\/noticias.portaldaindustria.com.br\/noticias\/internacional\/b20-brasil-combate-as-mudancas-climaticas-abre-caminhos-para-o-crescimento-economico\/\" style=\"color:blue; text-decoration:underline\"><span style=\"font-size:14.0pt\">B20 Brasil: combate &agrave;s mudan&ccedil;as clim&aacute;ticas abre caminhos para o crescimento econ&ocirc;mico<\/span><\/a><\/span><\/span><\/span><\/p>\r\n\r\n<p style=\"text-align:justify\"><span style=\"font-size:11pt\"><span style=\"line-height:normal\"><span style=\"font-family:Calibri,sans-serif\"><a href=\"https:\/\/noticias.portaldaindustria.com.br\/noticias\/sustentabilidade\/cop16-cni-apresenta-recomendacoes-para-7-temas-prioritarios-a-biodiversidade\/\" style=\"color:blue; text-decoration:underline\"><span style=\"font-size:14.0pt\">COP16: CNI apresenta recomenda&ccedil;&otilde;es para 7 temas priorit&aacute;rios &agrave; biodiversidade<\/span><\/a><\/span><\/span><\/span><\/p>\r\n\r\n<p style=\"text-align:justify\"><span style=\"font-size:28pt\"><span style=\"font-family:Cambria,serif\"><span style=\"letter-spacing:-0.5pt\"><b><span style=\"font-size:18.0pt\"><span style=\"font-family:&quot;Calibri&quot;,sans-serif\"><span style=\"font-variant:small-caps\">Inova&ccedil;&atilde;o<\/span><\/span><\/span><\/b><\/span><\/span><\/span><\/p>\r\n\r\n<p style=\"text-align:justify\"><span style=\"font-size:11pt\"><span style=\"line-height:normal\"><span style=\"font-family:Calibri,sans-serif\"><a href=\"https:\/\/vozdocampo.pt\/2024\/10\/23\/inovacao-e-sustentabilidade-filmes-de-cobertura-biodegradaveis-no-solo\/\" style=\"color:blue; text-decoration:underline\"><span style=\"font-size:14.0pt\">Inova&ccedil;&atilde;o e sustentabilidade: Filmes de cobertura biodegrad&aacute;veis no solo<\/span><\/a><\/span><\/span><\/span><\/p>\r\n\r\n<p style=\"text-align:justify\"><span style=\"font-size:11pt\"><span style=\"line-height:normal\"><span style=\"font-family:Calibri,sans-serif\"><a href=\"https:\/\/www.gov.br\/inmetro\/pt-br\/centrais-de-conteudo\/noticias\/3a-reuniao-online-do-forum-grafeno-inmetro-debate-avancos-e-perspectivas-no-desenvolvimento-de-nanotecnologia\" style=\"color:blue; text-decoration:underline\"><span style=\"font-size:14.0pt\">3&ordf; reuni&atilde;o online do F&oacute;rum Grafeno Inmetro debate avan&ccedil;os e perspectivas no desenvolvimento de nanotecnologia<\/span><\/a><\/span><\/span><\/span><\/p>\r\n\r\n<p style=\"text-align:justify\"><span style=\"font-size:28pt\"><span style=\"font-family:Cambria,serif\"><span style=\"letter-spacing:-0.5pt\"><b><span style=\"font-size:18.0pt\"><span style=\"font-family:&quot;Calibri&quot;,sans-serif\"><span style=\"font-variant:small-caps\">Com&eacute;rcio Exterior<\/span><\/span><\/span><\/b><\/span><\/span><\/span><\/p>\r\n\r\n<p style=\"text-align:justify\"><span style=\"font-size:11pt\"><span style=\"line-height:normal\"><span style=\"font-family:Calibri,sans-serif\"><a href=\"https:\/\/agenciagov.ebc.com.br\/noticias\/202410\/brasil-e-reino-unido-fecham-parceria-para-credito-a-exportacao-1\" style=\"color:blue; text-decoration:underline\"><span style=\"font-size:14.0pt\">Brasil e Reino Unido fecham parceria para cr&eacute;dito &agrave; exporta&ccedil;&atilde;o<\/span><\/a><\/span><\/span><\/span><\/p>\r\n\r\n<p style=\"text-align:justify\"><span style=\"font-size:11pt\"><span style=\"line-height:normal\"><span style=\"font-family:Calibri,sans-serif\"><a href=\"https:\/\/phvox.com.br\/brasil-rejeita-maduro-nos-brics-e-aparece-veto-a-venezuela\/\" style=\"color:blue; text-decoration:underline\"><span style=\"font-size:14.0pt\">Brasil rejeita Maduro nos BRICS e veta a Venezuela<\/span><\/a><\/span><\/span><\/span><\/p>\r\n\r\n<p style=\"text-align:justify\"><span style=\"font-size:11pt\"><span style=\"line-height:normal\"><span style=\"font-family:Calibri,sans-serif\"><a href=\"https:\/\/www.gov.br\/mdic\/pt-br\/assuntos\/noticias\/2024\/outubro\/mdic-e-delegacao-dos-emirados-arabes-unidos-debatem-desenvolvimento-sustentavel-e-acordo-de-livre-comercio-com-o-mercosul\" style=\"color:blue; text-decoration:underline\"><span style=\"font-size:14.0pt\">MDIC e delega&ccedil;&atilde;o dos Emirados &Aacute;rabes Unidos debatem desenvolvimento sustent&aacute;vel e acordo de livre com&eacute;rcio com o Mercosul<\/span><\/a><\/span><\/span><\/span><\/p>\r\n\r\n<p style=\"text-align:justify\"><span style=\"font-size:11pt\"><span style=\"line-height:normal\"><span style=\"font-family:Calibri,sans-serif\"><a href=\"https:\/\/www.fibre2fashion.com\/news\/textile-news\/european-association-backs-safeguards-for-sustainable-textiles-in-eu-298714-newsdetails.htm\" style=\"color:blue; text-decoration:underline\"><span lang=\"EN-US\" style=\"font-size:14.0pt\">European Association backs safeguards for sustainable textiles in EU<\/span><\/a><\/span><\/span><\/span><\/p>\r\n\r\n<p style=\"text-align:justify\"><span style=\"font-size:28pt\"><span style=\"font-family:Cambria,serif\"><span style=\"letter-spacing:-0.5pt\"><b><span lang=\"EN-US\" style=\"font-size:18.0pt\"><span style=\"font-family:&quot;Calibri&quot;,sans-serif\"><span style=\"font-variant:small-caps\">Economia<\/span><\/span><\/span><\/b><\/span><\/span><\/span><\/p>\r\n\r\n<p style=\"text-align:justify\"><span style=\"font-size:11pt\"><span style=\"line-height:normal\"><span style=\"font-family:Calibri,sans-serif\"><a href=\"https:\/\/www.bcb.gov.br\/content\/focus\/focus\/R20241025.pdf\" style=\"color:blue; text-decoration:underline\"><span lang=\"EN-US\" style=\"font-size:14.0pt\">Focus - Relat&oacute;rio de Mercado<\/span><\/a><\/span><\/span><\/span><\/p>\r\n\r\n<p style=\"text-align:justify\"><span style=\"font-size:11pt\"><span style=\"line-height:normal\"><span style=\"font-family:Calibri,sans-serif\"><a href=\"https:\/\/responsiblestatecraft.org\/dedollarization-china-russia\/\" style=\"color:blue; text-decoration:underline\"><span lang=\"EN-US\" style=\"font-size:14.0pt\">BRICS and de-dollarization, how far can it go?<\/span><\/a><\/span><\/span><\/span><\/p>\r\n\r\n<p style=\"text-align:justify\"><span style=\"font-size:11pt\"><span style=\"line-height:normal\"><span style=\"font-family:Calibri,sans-serif\"><a href=\"https:\/\/www.fibre2fashion.com\/news\/textile-news\/imf-sees-world-growth-at-3-2-in-2024-2025-stable-yet-underwhelming-298732-newsdetails.htm\" style=\"color:blue; text-decoration:underline\"><span lang=\"EN-US\" style=\"font-size:14.0pt\">IMF sees world growth at 3.2% in 2024, 2025; stable yet underwhelming<\/span><\/a><\/span><\/span><\/span><\/p>\r\n\r\n<p style=\"text-align:justify\"><span style=\"font-size:11pt\"><span style=\"line-height:normal\"><span style=\"font-family:Calibri,sans-serif\"><a href=\"https:\/\/portalibre.fgv.br\/system\/files\/divulgacao\/noticias\/mat-complementar\/2024-10\/Sondagem%20da%20Construcao%20FGV_press%20release_Out24.pdf\" style=\"color:blue; text-decoration:underline\"><span style=\"font-size:14.0pt\">Confian&ccedil;a da Constru&ccedil;&atilde;o ficou est&aacute;vel em outubro<\/span><\/a><\/span><\/span><\/span><\/p>\r\n\r\n<p style=\"text-align:justify\"><span style=\"font-size:11pt\"><span style=\"line-height:normal\"><span style=\"font-family:Calibri,sans-serif\"><a href=\"https:\/\/www.cnnbrasil.com.br\/economia\/macroeconomia\/confianca-do-consumidor-cai-07-ponto-em-outubro-ante-setembro-mostra-fgv\/\" style=\"color:blue; text-decoration:underline\"><span style=\"font-size:14.0pt\">Confian&ccedil;a do Consumidor cai 0,7 ponto em outubro ante setembro, mostra FGV<\/span><\/a><\/span><\/span><\/span><\/p>\r\n\r\n<p style=\"text-align:justify\">&nbsp;<\/p>\r\n\r\n<p style=\"text-align:justify\"><img src=\"https:\/\/www.abint.org.br\/assets\/img\/editor\/redes-sociais-abint-ctg-cth_20241022132423RpEWjMbvvk.jpg\" \/><\/p>\r\n","texto_en":"","7":"","imagem":"COMP_capa-2024-site-boletim-abint-noticias-semanis_20241029150734ehqFChXLyq.jpg","8":"COMP_capa-2024-site-boletim-abint-noticias-semanis_20241029150734ehqFChXLyq.jpg","arquivo":"20241029-BOLETIM-ABINT-DE-NOTICIAS-SEMANAIS.PDF","9":"20241029-BOLETIM-ABINT-DE-NOTICIAS-SEMANAIS.PDF","titulo_arquivo":"20241029 Boletim ABINT de Not\u00edcias Semanais","10":"20241029 Boletim ABINT de Not\u00edcias Semanais","titulo_arquivo_en":"","11":"","created_at":"2024-10-29 15:07:46","12":"2024-10-29 15:07:46","updated_at":"2024-10-29 15:07:46","13":"2024-10-29 15:07:46"},{"id":142,"0":142,"ordem":81,"1":81,"data":"2024-10-22","2":"2024-10-22","slug":"boletim-abint-de-noticias-semanais-52","3":"boletim-abint-de-noticias-semanais-52","titulo":"Boletim ABINT de Not\u00edcias Semanais","4":"Boletim ABINT de Not\u00edcias Semanais","titulo_en":"","5":"","texto":"<p style=\"text-align:justify\"><span style=\"font-size:11pt\"><span style=\"line-height:normal\"><span style=\"font-family:Calibri,sans-serif\"><span style=\"font-size:14.0pt\">Esta &eacute; uma compila&ccedil;&atilde;o das not&iacute;cias mais relevantes para o setor, incluindo informa&ccedil;&otilde;es sobre acordos internacionais, economia brasileira, sustentabilidade e mat&eacute;rias primas, al&eacute;m de novidades do setor de N&atilde;otecidos e Tecidos T&eacute;cnicos.<\/span><\/span><\/span><\/span><\/p>\r\n\r\n<p style=\"text-align:justify\"><b><span style=\"font-size:18.0pt\"><span style=\"line-height:115%\"><span style=\"font-family:&quot;Calibri&quot;,sans-serif\"><span style=\"font-variant:small-caps\">O que vem por a&iacute;<\/span><\/span><\/span><\/span><\/b><\/p>\r\n\r\n<p style=\"text-align:justify\"><b><span style=\"font-size:18.0pt\"><span style=\"line-height:115%\"><span style=\"font-family:&quot;Calibri&quot;,sans-serif\"><span style=\"font-variant:small-caps\"><img src=\"https:\/\/www.abint.org.br\/assets\/img\/editor\/abint-logo-2020-g_20241022131612AeQSydsTiA.png\" style=\"width: 300px; height: 69px;\" \/><\/span><\/span><\/span><\/span><\/b><\/p>\r\n\r\n<p style=\"text-align:justify\"><span style=\"font-size:11pt\"><span style=\"line-height:normal\"><span style=\"font-family:Calibri,sans-serif\"><span style=\"font-size:14.0pt\">A <b>ABINT<\/b> &eacute; uma das <b>patrocinadoras<\/b> do<b> <\/b><\/span><a href=\"https:\/\/www.congressoabit.com.br\/\" style=\"color:blue; text-decoration:underline\"><b><span style=\"font-size:14.0pt\">Congresso Internacional Abit 2024<\/span><\/b><\/a><span style=\"font-size:14.0pt\">, que ocorrer&aacute; dias 30 e 31 de outubro, no SENAI Cimatec, Salvador, BA.<\/span><\/span><\/span><\/span><\/p>\r\n\r\n<p style=\"text-align:justify\"><span style=\"font-size:11pt\"><span style=\"line-height:normal\"><span style=\"font-family:Calibri,sans-serif\"><span style=\"font-size:14.0pt\"><img src=\"https:\/\/www.abint.org.br\/assets\/img\/editor\/congresso-internacional-abit-2024-com-logo_20241022131727KWs34SULte.jpg\" style=\"width: 500px; height: 500px;\" \/><\/span><\/span><\/span><\/span><\/p>\r\n\r\n<p style=\"text-align:justify\">&nbsp;<\/p>\r\n\r\n<p style=\"text-align:justify\"><span style=\"font-size:11pt\"><span style=\"line-height:normal\"><span style=\"font-family:Calibri,sans-serif\"><span style=\"font-size:14.0pt\"><img src=\"https:\/\/www.abint.org.br\/assets\/img\/editor\/post-quadrado-curso-naotecido_20241022131820YODT9DK5xW.jpg\" style=\"width: 500px; height: 500px;\" \/><\/span><\/span><\/span><\/span><\/p>\r\n\r\n<p style=\"text-align:justify\"><span style=\"font-size:11pt\"><span style=\"line-height:normal\"><span style=\"font-family:Calibri,sans-serif\"><a href=\"https:\/\/forms.office.com\/r\/5DrqtK5n3Y\" style=\"color:blue; text-decoration:underline\"><span style=\"font-size:14.0pt\">Informa&ccedil;&otilde;es e inscri&ccedil;&otilde;es<\/span><\/a><\/span><\/span><\/span><\/p>\r\n\r\n<p style=\"text-align:justify\">&nbsp;<\/p>\r\n\r\n<p style=\"text-align:justify\"><span style=\"font-size:11pt\"><span style=\"line-height:normal\"><span style=\"font-family:Calibri,sans-serif\"><span style=\"font-size:14.0pt\"><img src=\"https:\/\/www.abint.org.br\/assets\/img\/editor\/logo-ctg-abint-png_20241022131908GpaXx8SmVT.png\" style=\"width: 300px; height: 55px;\" \/><\/span><\/span><\/span><\/span><\/p>\r\n\r\n<p style=\"text-align:justify\"><span style=\"font-size:11pt\"><span style=\"line-height:normal\"><span style=\"font-family:Calibri,sans-serif\"><span style=\"font-size:14.0pt\">O <b>CTG ABINT apoia a Feira Nacional de Saneamento e Meio Ambiente &ndash; Fenasan e do 35&ordm; Encontro T&eacute;cnico AESabesp, que ocorrer&atilde;o de 22 a 24 de outubro de 2024<\/b>, no Pavilh&atilde;o Verde e Vermelho, no Expo Center Norte, em S&atilde;o Paulo. Trata-se do maior evento de saneamento da Am&eacute;rica Latin. A realiza&ccedil;&atilde;o &eacute; da AESabesp &ndash; Associa&ccedil;&atilde;o dos Engenheiros da Sabesp.<\/span><\/span><\/span><\/span><\/p>\r\n\r\n<p style=\"text-align:justify\"><span style=\"font-size:11pt\"><span style=\"line-height:normal\"><span style=\"font-family:Calibri,sans-serif\"><i><span style=\"font-size:14.0pt\">O tema central desta edi&ccedil;&atilde;o &eacute; &ldquo;Saneamento ambiental: condi&ccedil;&atilde;o fundamental para o enfrentamento das mudan&ccedil;as clim&aacute;ticas&rdquo;. Com um p&uacute;blico tradicionalmente de 22 mil visitantes e alinhada aos ODS &ndash; Objetivos de Desenvolvimento Sustent&aacute;vel estabelecidos pela ONU e aos conceitos de ESG, a edi&ccedil;&atilde;o 2024 continuar&aacute; ampliando o di&aacute;logo em torno das quest&otilde;es de saneamento ambiental, meio ambiente e sustentabilidade e promovendo o compartilhamento de conhecimento altamente qualificado.<\/span><\/i><\/span><\/span><\/span><\/p>\r\n\r\n<p style=\"text-align:justify\"><span style=\"font-size:11pt\"><span style=\"line-height:normal\"><span style=\"font-family:Calibri,sans-serif\"><a href=\"http:\/\/www.fenasan.com.br\" style=\"color:blue; text-decoration:underline\"><span style=\"font-size:14.0pt\">www.fenasan.com.br<\/span><\/a> <\/span><\/span><\/span><\/p>\r\n\r\n<p style=\"text-align:justify\"><span style=\"font-size:11pt\"><span style=\"line-height:normal\"><span style=\"font-family:Calibri,sans-serif\"><span style=\"font-size:14.0pt\"><img src=\"https:\/\/www.abint.org.br\/assets\/img\/editor\/fenasan-2024_20241022132040uEu077Ir54.jpg\" style=\"width: 500px; height: 733px;\" \/><\/span><\/span><\/span><\/span><\/p>\r\n\r\n<p style=\"text-align:justify\">&nbsp;<\/p>\r\n\r\n<p style=\"text-align:justify\">&nbsp;<\/p>\r\n\r\n<p style=\"text-align:justify\"><span style=\"font-size:11pt\"><span style=\"line-height:normal\"><span style=\"font-family:Calibri,sans-serif\"><span style=\"font-size:14.0pt\"><img src=\"https:\/\/www.abint.org.br\/assets\/img\/editor\/cth-logo-alta-jpg_20241022132122mp2lSTUyWe.jpg\" style=\"width: 300px; height: 68px;\" \/><\/span><\/span><\/span><\/span><\/p>\r\n\r\n<p style=\"text-align:justify\"><span style=\"font-size:11pt\"><span style=\"line-height:normal\"><span style=\"font-family:Calibri,sans-serif\"><b><span style=\"font-size:12.0pt\">O CTH ABINT &eacute; um dos patrocinadores da HospitalMed 2024.<\/span><\/b><\/span><\/span><\/span><\/p>\r\n\r\n<p style=\"text-align:justify\"><span style=\"font-size:11pt\"><span style=\"line-height:normal\"><span style=\"font-family:Calibri,sans-serif\"><span style=\"font-size:12.0pt\">&ldquo;<i>A melhor e Mais Completa Feira de Sa&uacute;de do Norte\/Nordeste<\/i>&rdquo;, &eacute; uma realiza&ccedil;&atilde;o da HospitalMed Feiras &amp; Eventos e da Insight Feiras de Neg&oacute;cios.<\/span><\/span><\/span><\/span><\/p>\r\n\r\n<p style=\"text-align:justify\"><span style=\"font-size:11pt\"><span style=\"line-height:normal\"><span style=\"font-family:Calibri,sans-serif\"><i><span style=\"font-size:12.0pt\">&ldquo;O <b>re&uacute;ne toda a cadeia produtiva do setor de sa&uacute;de das regi&otilde;es Norte\/Nordeste<\/b>. &Eacute; o grande encontro de fornecedores de Produtos, Equipamentos, Servi&ccedil;os, Tecnologia e Conte&uacute;do para Hospitais, Laborat&oacute;rios, Farm&aacute;cias, Cl&iacute;nicas, Consult&oacute;rios e Profissionais da Sa&uacute;de&rdquo;.<\/span><\/i><\/span><\/span><\/span><\/p>\r\n\r\n<p style=\"text-align:justify\"><span style=\"font-size:11pt\"><span style=\"line-height:normal\"><span style=\"font-family:Calibri,sans-serif\"><a href=\"http:\/\/www.hospitalmed.com.br\" style=\"color:blue; text-decoration:underline\"><span style=\"font-size:14.0pt\">www.hospitalmed.com.br<\/span><\/a><\/span><\/span><\/span><\/p>\r\n\r\n<p style=\"text-align:justify\"><img src=\"https:\/\/www.abint.org.br\/assets\/img\/editor\/hospitalmed-2024-feed-cth-abint_20241022132215KlkX8dJFcK.png\" style=\"width: 500px; height: 625px;\" \/><\/p>\r\n\r\n<p style=\"text-align:justify\">&nbsp;<\/p>\r\n\r\n<p class=\"MsoTitle\" style=\"text-align:justify\"><span style=\"font-size:28pt\"><span style=\"font-family:Cambria,serif\"><span style=\"letter-spacing:-0.5pt\"><b><span style=\"font-size:18.0pt\"><span style=\"font-family:&quot;Calibri&quot;,sans-serif\"><span style=\"font-variant:small-caps\">Not&iacute;cias das Associadas<\/span><\/span><\/span><\/b><\/span><\/span><\/span><\/p>\r\n\r\n<p style=\"text-align:justify\"><span style=\"font-size:11pt\"><span style=\"line-height:normal\"><span style=\"font-family:Calibri,sans-serif\"><a href=\"https:\/\/novojorbras.com.br\/noticia\/38484\/tecnologia-inovadora-na-mineracao-aumenta-produtividade-e-maximiza-resultados\" style=\"color:blue; text-decoration:underline\"><span style=\"font-size:14.0pt\">Tecnologia inovadora na minera&ccedil;&atilde;o aumenta produtividade e maximiza resultados<\/span><\/a><\/span><\/span><\/span><\/p>\r\n\r\n<p style=\"text-align:justify\">&nbsp;<\/p>\r\n\r\n<p style=\"text-align:justify\"><span style=\"font-size:11pt\"><span style=\"line-height:normal\"><span style=\"font-family:Calibri,sans-serif\"><b><span style=\"font-size:18.0pt\"><span style=\"font-variant:small-caps\">Eventos<\/span><\/span><\/b><\/span><\/span><\/span><\/p>\r\n\r\n<p style=\"text-align:justify\"><span style=\"font-size:11pt\"><span style=\"line-height:normal\"><span style=\"font-family:Calibri,sans-serif\"><a href=\"https:\/\/www.abrafiltros.org.br\/cursos\/\" style=\"color:blue; text-decoration:underline\"><b><span style=\"font-size:14.0pt\">Cursos Abrafiltros | Automatiza&ccedil;&atilde;o de Filtros de Manga<\/span><\/b><\/a><\/span><\/span><\/span><\/p>\r\n\r\n<p style=\"text-align:justify\"><span style=\"font-size:11pt\"><span style=\"line-height:normal\"><span style=\"font-family:Calibri,sans-serif\"><a href=\"http:\/\/www.fenasan.com.br\" style=\"color:blue; text-decoration:underline\"><b><span style=\"font-size:14.0pt\">Fenasan 2024 &ndash; Feira Nacional de Saneamento e Meio Ambiente<\/span><\/b><\/a><span style=\"font-size:14.0pt\">, 22 a 24 de outubro de 2024, Pavilh&otilde;es Verde e Vermelho, Expo Center Norte, S&atilde;o Paulo SP<\/span><\/span><\/span><\/span><\/p>\r\n\r\n<p style=\"text-align:justify\"><span style=\"font-size:11pt\"><span style=\"line-height:normal\"><span style=\"font-family:Calibri,sans-serif\"><a href=\"http:\/\/www.hospitalmed.com.br\" style=\"color:blue; text-decoration:underline\"><b><span style=\"font-size:14.0pt\">HospitalMed 2024<\/span><\/b><\/a><span style=\"font-size:14.0pt\">, 23 a 25 de outubro, das 14h &agrave;s 20h, no Pernambuco Centro de Conven&ccedil;&otilde;es<\/span><\/span><\/span><\/span><\/p>\r\n\r\n<p style=\"text-align:justify\"><span style=\"font-size:11pt\"><span style=\"line-height:normal\"><span style=\"font-family:Calibri,sans-serif\"><a href=\"https:\/\/www.abnteducacao.com.br\/Simbologia_de_cuidados_aplicada_a_Etiquetagem_de_Texteis_ABNT_NBR_NM_ISO_3758\" style=\"color:blue; text-decoration:underline\"><b><span style=\"font-size:14.0pt\">Simbologia de cuidados aplicada a Etiquetagem de T&ecirc;xteis<\/span><\/b><\/a><span style=\"font-size:14.0pt\">, 23 e 24 de outubro de 2024, 8h30 &agrave;s 17h30, evento online<\/span><\/span><\/span><\/span><\/p>\r\n\r\n<p style=\"text-align:justify\"><span style=\"font-size:11pt\"><span style=\"line-height:normal\"><span style=\"font-family:Calibri,sans-serif\"><a href=\"https:\/\/b20brazil.org\/#msdynttrid=6zt-Ug2nJO0FDfhoU9K0en-twuGAoU5aPF8EQm7neRo\" style=\"color:blue; text-decoration:underline\"><b><span lang=\"EN-US\" style=\"font-size:14.0pt\">B20 Summit Brasil 2024 - Inclusive Growth for a Sustainable Future<\/span><\/b><\/a><span lang=\"EN-US\" style=\"font-size:14.0pt\">, October 24th - 25th, 2024, Clube Atl&eacute;tico Monte L&iacute;bano, S&atilde;o Paulo, SP<\/span><\/span><\/span><\/span><\/p>\r\n\r\n<p style=\"text-align:justify\"><span style=\"font-size:11pt\"><span style=\"line-height:normal\"><span style=\"font-family:Calibri,sans-serif\"><a href=\"https:\/\/apexbrasil.com.br\/br\/pt\/conteudo\/noticias\/Direto-do-Mercado-edicao-Argentina-saiba-como-aproveitar-mais-de-duas-mil-oportunidades-de-exportacao-no-pais.html#msdynttrid=GGTF_hmicGwYPkXJQE9xY9ZAC4rlTWqITiE1wGQz-K8\" style=\"color:blue; text-decoration:underline\"><b><span style=\"font-size:14.0pt\">Direto do Mercado edi&ccedil;&atilde;o Argentina<\/span><\/b><\/a><span style=\"font-size:14.0pt\">, 29 de outubro de 2024, das 10h &agrave;s 12h, evento online<\/span><\/span><\/span><\/span><\/p>\r\n\r\n<p style=\"text-align:justify\"><span style=\"font-size:11pt\"><span style=\"line-height:normal\"><span style=\"font-family:Calibri,sans-serif\"><a href=\"http:\/\/www.congressoabit.com.br\" style=\"color:blue; text-decoration:underline\"><b><span style=\"font-size:14.0pt\">Congresso Internacional Abit 2024<\/span><\/b><\/a><span style=\"font-size:14.0pt\">, 30 e 31 de outubro, Salvador, Bahia<\/span><\/span><\/span><\/span><\/p>\r\n\r\n<p style=\"text-align:justify\"><span style=\"font-size:11pt\"><span style=\"line-height:normal\"><span style=\"font-family:Calibri,sans-serif\"><a href=\"https:\/\/abrava.com.br\/compromissos\/xxiii-encontro-nacional-de-empresas-projetistas-e-consultores-da-abrava-copy\/?utm_campaign=participe_do_xxiv_encontro_nacional_de_empresas_projetistas_e_consultores&amp;utm_medium=email&amp;utm_source=RD+Station\" style=\"color:blue; text-decoration:underline\"><b><span style=\"font-size:14.0pt\">ENPC 2024 &ndash; XXIV Encontro Nacional de Empresas Projetistas e Consultores da Abrava<\/span><\/b><\/a><span style=\"font-size:14.0pt\">, 05 e 06 de novembro, 08h30 &agrave;s 18h00, evento online<\/span><\/span><\/span><\/span><\/p>\r\n\r\n<p style=\"text-align:justify\"><span style=\"font-size:11pt\"><span style=\"line-height:normal\"><span style=\"font-family:Calibri,sans-serif\"><a href=\"https:\/\/wtin-summit.zoom.us\/webinar\/register\/8317274323268\/WN_dSUzxaVJS5uDqijTmxudMg#\/registration\" style=\"color:blue; text-decoration:underline\"><b><span lang=\"EN-US\" style=\"font-size:14.0pt\">Shaping the future of sustainable molded parts: Nonwoven Monomaterial Solutions<\/span><\/b><\/a><span lang=\"EN-US\" style=\"font-size:14.0pt\">, November 7, 2024, 10:00 am<\/span><\/span><\/span><\/span><\/p>\r\n\r\n<p style=\"text-align:justify\"><span style=\"font-size:11pt\"><span style=\"line-height:normal\"><span style=\"font-family:Calibri,sans-serif\"><a href=\"https:\/\/app.rdstation.email\/mail\/686bd16d-10e4-435d-a0e4-887c020a4e3d?utm_campaign=convite_workshop_inventarios_de_gee&amp;utm_medium=email&amp;utm_source=RD+Station\" style=\"color:blue; text-decoration:underline\"><b><span style=\"font-size:14.0pt\">Workshop Abit | Invent&aacute;rios de Gases de Efeito Estufa<\/span><\/b><\/a><span style=\"font-size:14.0pt\">, 13 de novembro de 2024, das 10h &agrave;s 12h, evento online<\/span><\/span><\/span><\/span><\/p>\r\n\r\n<p style=\"text-align:justify\"><span style=\"font-size:11pt\"><span style=\"line-height:normal\"><span style=\"font-family:Calibri,sans-serif\"><a href=\"https:\/\/www.fimec.com.br\/\" style=\"color:blue; text-decoration:underline\"><b><span style=\"font-size:14.0pt\">Fimec 2025<\/span><\/b><\/a><span style=\"font-size:14.0pt\">, 18 a 20 de mar&ccedil;o, Fenac, Novo Hamburgo, RS<\/span><\/span><\/span><\/span><\/p>\r\n\r\n<p style=\"text-align:justify\"><span style=\"font-size:11pt\"><span style=\"line-height:normal\"><span style=\"font-family:Calibri,sans-serif\"><a href=\"https:\/\/ideashow.org\/\" style=\"color:blue; text-decoration:underline\"><b><span lang=\"EN-US\" style=\"font-size:14.0pt\">IDEA25<\/span><\/b><\/a><span lang=\"EN-US\" style=\"font-size:14.0pt\">, April 29-May 1, 2025, Miami Beach Convention Center, Miami Beach, Florida<\/span><\/span><\/span><\/span><\/p>\r\n\r\n<p style=\"text-align:justify\"><span style=\"font-size:28pt\"><span style=\"font-family:Cambria,serif\"><span style=\"letter-spacing:-0.5pt\"><b><span lang=\"EN-US\" style=\"font-size:18.0pt\"><span style=\"font-family:&quot;Calibri&quot;,sans-serif\"><span style=\"font-variant:small-caps\">Setor<\/span><\/span><\/span><\/b><\/span><\/span><\/span><\/p>\r\n\r\n<p style=\"text-align:justify\"><span style=\"font-size:11pt\"><span style=\"line-height:normal\"><span style=\"font-family:Calibri,sans-serif\"><a href=\"https:\/\/www.nonwovens-industry.com\/contents\/view_features\/2024-10-03\/filtration-market-report-412908?utm_campaign=NON+Issue+Alert&amp;utm_medium=email&amp;_hsenc=p2ANqtz-8Tl-i4mxU2PuaRTqIh_MwdN40-CYbNUSfzifBtbISpfLpk8Ynzaj6fD8b3u7FiCyzOdF9wIhD6WWOUDIX223mle-Lq1g&amp;_hsmi=329672344&amp;utm_content=329672344&amp;utm_source=hs_email\" style=\"color:blue; text-decoration:underline\"><span lang=\"EN-US\" style=\"font-size:14.0pt\">Filtration Market Report<\/span><\/a><\/span><\/span><\/span><\/p>\r\n\r\n<p style=\"text-align:justify\"><span style=\"font-size:11pt\"><span style=\"line-height:normal\"><span style=\"font-family:Calibri,sans-serif\"><a href=\"https:\/\/www.nonwovens-industry.com\/contents\/view_features\/2024-10-03\/professional-wipes-makers-go-natural?utm_campaign=NON+Issue+Alert&amp;utm_medium=email&amp;_hsenc=p2ANqtz-9VFj9mRzlsVi2BAaZEPHhZRSd5LVdWREnOqkPDCRI_X15qGIsZ3EkeU8MgjNbHO_ceQkmbjyXi-fxz_oqum_no7NhGYg&amp;_hsmi=329672344&amp;utm_content=329672344&amp;utm_source=hs_email\" style=\"color:blue; text-decoration:underline\"><span lang=\"EN-US\" style=\"font-size:14.0pt\">Professional Wipes Makers Go Natural<\/span><\/a><\/span><\/span><\/span><\/p>\r\n\r\n<p style=\"text-align:justify\"><span style=\"font-size:11pt\"><span style=\"line-height:normal\"><span style=\"font-family:Calibri,sans-serif\"><a href=\"https:\/\/jornalamericanense.com.br\/cidades\/polo-textil-americana-cadeia\/\" style=\"color:blue; text-decoration:underline\"><span style=\"font-size:14.0pt\">Polo t&ecirc;xtil de Americana &eacute; reconhecido pelo governo como Cadeia Produtiva Consolidada<\/span><\/a><\/span><\/span><\/span><\/p>\r\n\r\n<p style=\"text-align:justify\"><span style=\"font-size:11pt\"><span style=\"line-height:115%\"><span style=\"font-family:Calibri,sans-serif\"><a href=\"https:\/\/indiantextilejournal.com\/textile-industry-to-reach-350-bn-by-2030-with-rs-900-bn-investment-government\/\" style=\"color:blue; text-decoration:underline\"><span lang=\"EN-US\" style=\"font-size:14.0pt\"><span style=\"line-height:115%\">&Iacute;ndia | Textile Industry to Reach $350 bn by 2030 with Rs 900 Bn Investment, Government<\/span><\/span><\/a><\/span><\/span><\/span><\/p>\r\n\r\n<p style=\"text-align:justify\"><span style=\"font-size:11pt\"><span style=\"line-height:normal\"><span style=\"font-family:Calibri,sans-serif\"><a href=\"https:\/\/www.nonwovens-industry.com\/contents\/view_online-exclusives\/2024-10-16\/mergers-and-acquisition-activity-in-nonwovens\/\" style=\"color:blue; text-decoration:underline\"><span lang=\"ES-AR\" style=\"font-size:14.0pt\">Mergers and Acquisition Activity in Nonwovens<\/span><\/a><\/span><\/span><\/span><\/p>\r\n\r\n<p style=\"text-align:justify\"><span style=\"font-size:11pt\"><span style=\"line-height:normal\"><span style=\"font-family:Calibri,sans-serif\"><a href=\"https:\/\/www.nonwovens-industry.com\/contents\/view_breaking-news\/2024-10-18\/pg-announces-fiscal-q1-results\/15303\" style=\"color:blue; text-decoration:underline\"><span lang=\"ES-AR\" style=\"font-size:14.0pt\">P&amp;G Announces Fiscal Q1 Results<\/span><\/a><\/span><\/span><\/span><\/p>\r\n\r\n<p style=\"text-align:justify\"><span style=\"font-size:28pt\"><span style=\"font-family:Cambria,serif\"><span style=\"letter-spacing:-0.5pt\"><b><span style=\"font-size:18.0pt\"><span style=\"font-family:&quot;Calibri&quot;,sans-serif\"><span style=\"font-variant:small-caps\">Ind&uacute;stria<\/span><\/span><\/span><\/b><\/span><\/span><\/span><\/p>\r\n\r\n<p style=\"text-align:justify\"><span style=\"font-size:11pt\"><span style=\"line-height:normal\"><span style=\"font-family:Calibri,sans-serif\"><a href=\"https:\/\/noticias.portaldaindustria.com.br\/artigos\/ricardo-alban\/brasil-nao-deve-ser-mercado-manso-para-industria-chinesa\/\" style=\"color:blue; text-decoration:underline\"><span style=\"font-size:14.0pt\">Brasil n&atilde;o deve ser mercado manso para ind&uacute;stria chinesa<\/span><\/a><\/span><\/span><\/span><\/p>\r\n\r\n<p style=\"text-align:justify\"><span style=\"font-size:11pt\"><span style=\"line-height:normal\"><span style=\"font-family:Calibri,sans-serif\"><a href=\"https:\/\/diariodonordeste.verdesmares.com.br\/opiniao\/colunistas\/egidio-serpa\/preocupacao-da-industria-e-falta-de-trabalhador-qualificado-1.3572219#amp_tf=De%20%251%24s&amp;aoh=17293852363413&amp;csi=0&amp;referrer=https%3A%2F%2Fwww.google.com&amp;ampshare=https%3A%2F%2Fdiariodonordeste.verdesmares.com.br%2Fopiniao%2Fcolunistas%2Fegidio-serpa%2Fpreocupacao-da-industria-e-falta-de-trabalhador-qualificado-1.3572219\" style=\"color:blue; text-decoration:underline\"><span style=\"font-size:14.0pt\">Preocupa&ccedil;&atilde;o da ind&uacute;stria &eacute; falta de trabalhador qualificado<\/span><\/a><\/span><\/span><\/span><\/p>\r\n\r\n<p style=\"text-align:justify\"><span style=\"font-size:11pt\"><span style=\"line-height:normal\"><span style=\"font-family:Calibri,sans-serif\"><a href=\"https:\/\/www.metropoles.com\/negocios\/industria\/cni-54-das-obras-publicas-do-sudeste-estao-paralisadas-diz-estudo\" style=\"color:blue; text-decoration:underline\"><span style=\"font-size:14.0pt\">CNI: 54% das obras p&uacute;blicas do Sudeste est&atilde;o paralisadas, diz estudo<\/span><\/a><\/span><\/span><\/span><\/p>\r\n\r\n<p style=\"text-align:justify\"><span style=\"font-size:11pt\"><span style=\"line-height:normal\"><span style=\"font-family:Calibri,sans-serif\"><a href=\"https:\/\/www.noticiasagricolas.com.br\/noticias\/politica-economia\/386983-produtividade-na-industria-permaneceu-estavel-no-segundo-trimestre-aponta-cni.html\" style=\"color:blue; text-decoration:underline\"><span style=\"font-size:14.0pt\">Produtividade na ind&uacute;stria permaneceu est&aacute;vel no segundo trimestre, aponta CNI<\/span><\/a><\/span><\/span><\/span><\/p>\r\n\r\n<p style=\"text-align:justify\"><span style=\"font-size:11pt\"><span style=\"line-height:normal\"><span style=\"font-family:Calibri,sans-serif\"><a href=\"https:\/\/www.infomoney.com.br\/economia\/sondagem-da-cni-mostra-moderacao-no-otimismo-industrial-em-setembro\/\" style=\"color:blue; text-decoration:underline\"><span style=\"font-size:14.0pt\">Sondagem da CNI mostra modera&ccedil;&atilde;o no otimismo industrial em setembro<\/span><\/a><\/span><\/span><\/span><\/p>\r\n\r\n<p style=\"text-align:justify\"><span style=\"font-size:11pt\"><span style=\"line-height:normal\"><span style=\"font-family:Calibri,sans-serif\"><a href=\"https:\/\/smetal.org.br\/imprensa\/terceiro-trimestre-fecha-com-maior-nivel-de-producao-de-carros-em-cinco-anos-segundo-anfavea\/\" style=\"color:blue; text-decoration:underline\"><span style=\"font-size:14.0pt\">Terceiro trimestre fecha com maior n&iacute;vel de produ&ccedil;&atilde;o de carros em cinco anos, segundo Anfavea<\/span><\/a><\/span><\/span><\/span><\/p>\r\n\r\n<p style=\"text-align:justify\"><span style=\"font-size:11pt\"><span style=\"line-height:normal\"><span style=\"font-family:Calibri,sans-serif\"><a href=\"https:\/\/www.gov.br\/transportes\/pt-br\/assuntos\/noticias\/2024\/10\/neste-ano-vamos-nos-aproximar-dos--17-bilhoes-em-investimentos-diretos-declara-renan-filho-durante-evento-inedito-do-dnit?utm_campaign=base_toda_newsletter_kartado_1710&amp;utm_medium=email&amp;utm_source=RD+Station\" style=\"color:blue; text-decoration:underline\"><span style=\"font-size:14.0pt\">&ldquo;Neste ano, vamos nos aproximar dos R$ 17 bilh&otilde;es em investimentos diretos&rdquo;, declara Renan Filho durante evento in&eacute;dito do DNIT<\/span><\/a><\/span><\/span><\/span><\/p>\r\n\r\n<p style=\"text-align:justify\"><span style=\"font-size:11pt\"><span style=\"line-height:normal\"><span style=\"font-family:Calibri,sans-serif\"><a href=\"https:\/\/blogdoibre.fgv.br\/posts\/produtividade-no-pos-pandemia\" style=\"color:blue; text-decoration:underline\"><span style=\"font-size:14.0pt\">Produtividade no p&oacute;s-pandemia<\/span><\/a><\/span><\/span><\/span><\/p>\r\n\r\n<p style=\"text-align:justify\"><span style=\"font-size:28pt\"><span style=\"font-family:Cambria,serif\"><span style=\"letter-spacing:-0.5pt\"><b><span lang=\"ES-AR\" style=\"font-size:18.0pt\"><span style=\"font-family:&quot;Calibri&quot;,sans-serif\"><span style=\"font-variant:small-caps\">Sustentabilidade<\/span><\/span><\/span><\/b><\/span><\/span><\/span><\/p>\r\n\r\n<p style=\"text-align:justify\"><span style=\"font-size:11pt\"><span style=\"line-height:normal\"><span style=\"font-family:Calibri,sans-serif\"><a href=\"https:\/\/agenciabrasil.ebc.com.br\/meio-ambiente\/noticia\/2024-10\/brasil-lanca-por-ano-13-milhao-de-toneladas-de-plastico-no-oceano\" style=\"color:blue; text-decoration:underline\"><span style=\"font-size:14.0pt\">Brasil lan&ccedil;a por ano 1,3 milh&atilde;o de toneladas de pl&aacute;stico no oceano<\/span><\/a><\/span><\/span><\/span><\/p>\r\n\r\n<p style=\"text-align:justify\"><span style=\"font-size:11pt\"><span style=\"line-height:normal\"><span style=\"font-family:Calibri,sans-serif\"><a href=\"https:\/\/www.anahp.com.br\/publicacoes\/esg-nos-hospitais-anahp-2024-o-impacto-das-emergencias-climaticas-na-saude\/?utm_campaign=emkt_-_lancamento_3_edicao_esg_nos_hospitais_anahp&amp;utm_medium=email&amp;utm_source=RD+Station\" style=\"color:blue; text-decoration:underline\"><span style=\"font-size:14.0pt\">ESG nos hospitais Anahp 2024: o impacto das emerg&ecirc;ncias clim&aacute;ticas na sa&uacute;de<\/span><\/a><\/span><\/span><\/span><\/p>\r\n\r\n<p style=\"text-align:justify\"><span style=\"font-size:11pt\"><span style=\"line-height:normal\"><span style=\"font-family:Calibri,sans-serif\"><a href=\"https:\/\/exame.com\/esg\/14-milhao-de-toneladas-de-plastico-foram-recicladas-em-2023-apesar-de-desafios-na-cadeia\/\" style=\"color:blue; text-decoration:underline\"><span style=\"font-size:14.0pt\">1,4 milh&atilde;o de toneladas de pl&aacute;stico foram encaminhadas para reciclagem em 2023, apesar de desafios<\/span><\/a><\/span><\/span><\/span><\/p>\r\n\r\n<p style=\"text-align:justify\"><span style=\"font-size:11pt\"><span style=\"line-height:normal\"><span style=\"font-family:Calibri,sans-serif\"><a href=\"https:\/\/noticias.portaldaindustria.com.br\/noticias\/sustentabilidade\/85-das-industrias-desenvolvem-praticas-de-economia-circular-mostra-pesquisa-da-cni\/\" style=\"color:blue; text-decoration:underline\"><span style=\"font-size:14.0pt\">85% das ind&uacute;strias desenvolvem pr&aacute;ticas de economia circular, mostra pesquisa da CNI<\/span><\/a><\/span><\/span><\/span><\/p>\r\n\r\n<p style=\"text-align:justify\"><span style=\"font-size:28pt\"><span style=\"font-family:Cambria,serif\"><span style=\"letter-spacing:-0.5pt\"><b><span lang=\"EN-US\" style=\"font-size:18.0pt\"><span style=\"font-family:&quot;Calibri&quot;,sans-serif\"><span style=\"font-variant:small-caps\">Inova&ccedil;&atilde;o<\/span><\/span><\/span><\/b><\/span><\/span><\/span><\/p>\r\n\r\n<p style=\"text-align:justify\"><span style=\"font-size:11pt\"><span style=\"line-height:normal\"><span style=\"font-family:Calibri,sans-serif\"><a href=\"https:\/\/www.innovationintextiles.com\/investing-in-innovation-for-a-better-tomorrow\/\" style=\"color:blue; text-decoration:underline\"><span lang=\"EN-US\" style=\"font-size:14.0pt\">Investing in innovation for a better tomorrow<\/span><\/a><\/span><\/span><\/span><\/p>\r\n\r\n<p style=\"text-align:justify\"><span style=\"font-size:11pt\"><span style=\"line-height:normal\"><span style=\"font-family:Calibri,sans-serif\"><a href=\"https:\/\/public-api.wordpress.com\/bar\/?stat=groovemails-events&amp;bin=wpcom_email_click&amp;redirect_to=https%3A%2F%2Fblogdoplastico.wordpress.com%2F2024%2F10%2F15%2Fbraskem-anuncia-colaboracao-com-university-of-british-columbia-para-o-desenvolvimento-de-tecnologia-para-produzir-metanol-a-partir-do-co2%2F&amp;sr=0&amp;signature=09a945b7f941f82a52c7e2fba13e64d3&amp;blog_id=9438832&amp;user=135099004&amp;_e=eyJlcnJvciI6bnVsbCwiYmxvZ19pZCI6OTQzODgzMiwiYmxvZ19sYW5nIjoicHQtQlIiLCJzaXRlX2lkX2xhYmVsIjoid3Bjb20iLCJoYXNfZmVhdHVyZWRfaW1hZ2UiOiIwIiwic3Vic2NyaWJlcl9pZCI6IjQ0NzAwMjQ1IiwiX3VpIjoxMzUwOTkwMDQsImxvY2FsZSI6InB0LWJyIiwiY3VycmVuY3kiOiJCUkwiLCJjb3VudHJ5X2NvZGVfc2lnbnVwIjoiQlIiLCJzaWdudXBfZmxvd19uYW1lIjoiZGVsdGEtc2l0ZSIsImVtYWlsX2RvbWFpbiI6ImFiaW50Lm9yZy5iciIsInBvc3RfaWQiOjE4NTk1LCJ1c2VyX2VtYWlsIjoiYWJpbnRAYWJpbnQub3JnLmJyIiwiZGF0ZV9zZW50IjoiMjAyNC0xMC0xNSIsImVtYWlsX2lkIjoiZDJlM2QxNWM2ZDQ5MDI0ZmY2ZWY2MDgxNzk0MDM1ZDciLCJlbWFpbF9uYW1lIjoibmV3LXBvc3QiLCJ0ZW1wbGF0ZSI6Im5ldy1wb3N0IiwibGlua19kZXNjIjoicG9zdC11cmwiLCJhbmNob3JfdGV4dCI6IkJyYXNrZW0gYW51bmNpYSBjb2xhYm9yYVx1MDBlN1x1MDBlM28gY29tIFVuaXZlcnNpdHkgb2YgQnJpdGlzaCBDb2x1bWJpYSBwYXJhIG8gZGVzZW52b2x2aW1lbnRvIGRlIHRlY25vbG9naWEgcGFyYSBwcm9kdXppciBtZXRhbm9sIGEgcGFydGlyIGRvXHUwMGEwQ08yIiwiX2RyIjpudWxsLCJfZGwiOiJcL3dwLWFkbWluXC9wb3N0LnBocCIsIl91dCI6IndwY29tOnVzZXJfaWQiLCJfdWwiOiJhYmludHR0IiwiX2VuIjoid3Bjb21fZW1haWxfY2xpY2siLCJfdHMiOjE3MjkwMDk5MTgzMzMsImJyb3dzZXJfdHlwZSI6InBocC1hZ2VudCIsIl9hdWEiOiJ3cGNvbS10cmFja3MtY2xpZW50LXYwLjMiLCJibG9nX3R6IjoiLTMiLCJ1c2VyX2xhbmciOiJwdC1iciJ9&amp;_z=z\" style=\"color:blue; text-decoration:underline\"><span style=\"font-size:14.0pt\">Braskem anuncia colabora&ccedil;&atilde;o com University of British Columbia para o desenvolvimento de tecnologia para produzir metanol a partir do&nbsp;CO2<\/span><\/a> <\/span><\/span><\/span><\/p>\r\n\r\n<p style=\"text-align:justify\"><span style=\"font-size:28pt\"><span style=\"font-family:Cambria,serif\"><span style=\"letter-spacing:-0.5pt\"><b><span style=\"font-size:18.0pt\"><span style=\"font-family:&quot;Calibri&quot;,sans-serif\"><span style=\"font-variant:small-caps\">Com&eacute;rcio Exterior<\/span><\/span><\/span><\/b><\/span><\/span><\/span><\/p>\r\n\r\n<p style=\"text-align:justify\"><span style=\"font-size:11pt\"><span style=\"line-height:normal\"><span style=\"font-family:Calibri,sans-serif\"><a href=\"https:\/\/veja.abril.com.br\/economia\/por-que-a-franca-se-opoe-ao-acordo-entre-mercosul-e-uniao-europeia\" style=\"color:blue; text-decoration:underline\"><span style=\"font-size:14.0pt\">Por que a Fran&ccedil;a se op&otilde;e ao acordo entre Mercosul e Uni&atilde;o Europeia<\/span><\/a><\/span><\/span><\/span><\/p>\r\n\r\n<p style=\"text-align:justify\"><span style=\"font-size:11pt\"><span style=\"line-height:normal\"><span style=\"font-family:Calibri,sans-serif\"><a href=\"https:\/\/www.fibre2fashion.com\/news\/textile-news\/global-goods-trade-projected-to-rise-2-7-in-2024-wto-298532-newsdetails.htm\" style=\"color:blue; text-decoration:underline\"><span lang=\"EN-US\" style=\"font-size:14.0pt\">Global goods trade projected to rise 2.7% in 2024: WTO<\/span><\/a><\/span><\/span><\/span><\/p>\r\n\r\n<p style=\"text-align:justify\"><span style=\"font-size:11pt\"><span style=\"line-height:normal\"><span style=\"font-family:Calibri,sans-serif\"><a href=\"https:\/\/www.fibre2fashion.com\/news\/textile-news\/substantial-conclusion-of-ver-3-0-china-asean-free-trade-area-declared-298540-newsdetails.htm\" style=\"color:blue; text-decoration:underline\"><span lang=\"EN-US\" style=\"font-size:14.0pt\">Substantial conclusion of Ver 3.0 China-ASEAN Free Trade Area declared<\/span><\/a><\/span><\/span><\/span><\/p>\r\n\r\n<p style=\"text-align:justify\"><span style=\"font-size:28pt\"><span style=\"font-family:Cambria,serif\"><span style=\"letter-spacing:-0.5pt\"><b><span style=\"font-size:18.0pt\"><span style=\"font-family:&quot;Calibri&quot;,sans-serif\"><span style=\"font-variant:small-caps\">Economia<\/span><\/span><\/span><\/b><\/span><\/span><\/span><\/p>\r\n\r\n<p style=\"text-align:justify\"><span style=\"font-size:11pt\"><span style=\"line-height:normal\"><span style=\"font-family:Calibri,sans-serif\"><a href=\"https:\/\/www.bcb.gov.br\/content\/focus\/focus\/R20241018.pdf\" style=\"color:blue; text-decoration:underline\"><span style=\"font-size:14.0pt\">Focus - Relat&oacute;rio de Mercado<\/span><\/a><\/span><\/span><\/span><\/p>\r\n\r\n<p style=\"text-align:justify\"><span style=\"font-size:11pt\"><span style=\"line-height:normal\"><span style=\"font-family:Calibri,sans-serif\"><a href=\"https:\/\/blogdoibre.fgv.br\/posts\/ajuste-necessario-e-urgente\" style=\"color:blue; text-decoration:underline\"><span style=\"font-size:14.0pt\">Ajuste necess&aacute;rio e urgente<\/span><\/a><\/span><\/span><\/span><\/p>\r\n\r\n<p style=\"text-align:justify\"><span style=\"font-size:11pt\"><span style=\"line-height:normal\"><span style=\"font-family:Calibri,sans-serif\"><a href=\"https:\/\/portalibre.fgv.br\/system\/files\/divulgacao\/noticias\/mat-complementar\/2024-10\/Monitor%20do%20PIB-FGV%20-%20Outubro%20de%202024%20-%20Ref.%20de%20agosto.pdf\" style=\"color:blue; text-decoration:underline\"><span style=\"font-size:14.0pt\">Monitor do PIB-FGV aponta retra&ccedil;&atilde;o de 0,2% na atividade econ&ocirc;mica em agosto em compara&ccedil;&atilde;o a julho<\/span><\/a><\/span><\/span><\/span><\/p>\r\n\r\n<p style=\"text-align:justify\"><span style=\"font-size:11.0pt\"><span style=\"line-height:115%\"><span style=\"font-family:&quot;Calibri&quot;,sans-serif\"><a href=\"https:\/\/www.fibre2fashion.com\/news\/textile-news\/chinese-policies-ease-growth-risks-2024-gdp-growth-may-be-4-8-fitch-298645-newsdetails.htm\" style=\"color:blue; text-decoration:underline\"><span lang=\"EN-US\" style=\"font-size:14.0pt\"><span style=\"line-height:115%\">Chinese policies ease growth risks, 2024 GDP growth may be 4.8%: Fitch<\/span><\/span><\/a><\/span><\/span><\/span><\/p>\r\n\r\n<p style=\"text-align:justify\">&nbsp;<\/p>\r\n\r\n<p style=\"text-align:justify\"><span style=\"font-size:11.0pt\"><span style=\"line-height:115%\"><span style=\"font-family:&quot;Calibri&quot;,sans-serif\"><span lang=\"EN-US\" style=\"font-size:14.0pt\"><span style=\"line-height:115%\"><img src=\"https:\/\/www.abint.org.br\/assets\/img\/editor\/redes-sociais-abint-ctg-cth_20241022132423RpEWjMbvvk.jpg\" \/><\/span><\/span><\/span><\/span><\/span><\/p>\r\n","6":"<p style=\"text-align:justify\"><span style=\"font-size:11pt\"><span style=\"line-height:normal\"><span style=\"font-family:Calibri,sans-serif\"><span style=\"font-size:14.0pt\">Esta &eacute; uma compila&ccedil;&atilde;o das not&iacute;cias mais relevantes para o setor, incluindo informa&ccedil;&otilde;es sobre acordos internacionais, economia brasileira, sustentabilidade e mat&eacute;rias primas, al&eacute;m de novidades do setor de N&atilde;otecidos e Tecidos T&eacute;cnicos.<\/span><\/span><\/span><\/span><\/p>\r\n\r\n<p style=\"text-align:justify\"><b><span style=\"font-size:18.0pt\"><span style=\"line-height:115%\"><span style=\"font-family:&quot;Calibri&quot;,sans-serif\"><span style=\"font-variant:small-caps\">O que vem por a&iacute;<\/span><\/span><\/span><\/span><\/b><\/p>\r\n\r\n<p style=\"text-align:justify\"><b><span style=\"font-size:18.0pt\"><span style=\"line-height:115%\"><span style=\"font-family:&quot;Calibri&quot;,sans-serif\"><span style=\"font-variant:small-caps\"><img src=\"https:\/\/www.abint.org.br\/assets\/img\/editor\/abint-logo-2020-g_20241022131612AeQSydsTiA.png\" style=\"width: 300px; height: 69px;\" \/><\/span><\/span><\/span><\/span><\/b><\/p>\r\n\r\n<p style=\"text-align:justify\"><span style=\"font-size:11pt\"><span style=\"line-height:normal\"><span style=\"font-family:Calibri,sans-serif\"><span style=\"font-size:14.0pt\">A <b>ABINT<\/b> &eacute; uma das <b>patrocinadoras<\/b> do<b> <\/b><\/span><a href=\"https:\/\/www.congressoabit.com.br\/\" style=\"color:blue; text-decoration:underline\"><b><span style=\"font-size:14.0pt\">Congresso Internacional Abit 2024<\/span><\/b><\/a><span style=\"font-size:14.0pt\">, que ocorrer&aacute; dias 30 e 31 de outubro, no SENAI Cimatec, Salvador, BA.<\/span><\/span><\/span><\/span><\/p>\r\n\r\n<p style=\"text-align:justify\"><span style=\"font-size:11pt\"><span style=\"line-height:normal\"><span style=\"font-family:Calibri,sans-serif\"><span style=\"font-size:14.0pt\"><img src=\"https:\/\/www.abint.org.br\/assets\/img\/editor\/congresso-internacional-abit-2024-com-logo_20241022131727KWs34SULte.jpg\" style=\"width: 500px; height: 500px;\" \/><\/span><\/span><\/span><\/span><\/p>\r\n\r\n<p style=\"text-align:justify\">&nbsp;<\/p>\r\n\r\n<p style=\"text-align:justify\"><span style=\"font-size:11pt\"><span style=\"line-height:normal\"><span style=\"font-family:Calibri,sans-serif\"><span style=\"font-size:14.0pt\"><img src=\"https:\/\/www.abint.org.br\/assets\/img\/editor\/post-quadrado-curso-naotecido_20241022131820YODT9DK5xW.jpg\" style=\"width: 500px; height: 500px;\" \/><\/span><\/span><\/span><\/span><\/p>\r\n\r\n<p style=\"text-align:justify\"><span style=\"font-size:11pt\"><span style=\"line-height:normal\"><span style=\"font-family:Calibri,sans-serif\"><a href=\"https:\/\/forms.office.com\/r\/5DrqtK5n3Y\" style=\"color:blue; text-decoration:underline\"><span style=\"font-size:14.0pt\">Informa&ccedil;&otilde;es e inscri&ccedil;&otilde;es<\/span><\/a><\/span><\/span><\/span><\/p>\r\n\r\n<p style=\"text-align:justify\">&nbsp;<\/p>\r\n\r\n<p style=\"text-align:justify\"><span style=\"font-size:11pt\"><span style=\"line-height:normal\"><span style=\"font-family:Calibri,sans-serif\"><span style=\"font-size:14.0pt\"><img src=\"https:\/\/www.abint.org.br\/assets\/img\/editor\/logo-ctg-abint-png_20241022131908GpaXx8SmVT.png\" style=\"width: 300px; height: 55px;\" \/><\/span><\/span><\/span><\/span><\/p>\r\n\r\n<p style=\"text-align:justify\"><span style=\"font-size:11pt\"><span style=\"line-height:normal\"><span style=\"font-family:Calibri,sans-serif\"><span style=\"font-size:14.0pt\">O <b>CTG ABINT apoia a Feira Nacional de Saneamento e Meio Ambiente &ndash; Fenasan e do 35&ordm; Encontro T&eacute;cnico AESabesp, que ocorrer&atilde;o de 22 a 24 de outubro de 2024<\/b>, no Pavilh&atilde;o Verde e Vermelho, no Expo Center Norte, em S&atilde;o Paulo. Trata-se do maior evento de saneamento da Am&eacute;rica Latin. A realiza&ccedil;&atilde;o &eacute; da AESabesp &ndash; Associa&ccedil;&atilde;o dos Engenheiros da Sabesp.<\/span><\/span><\/span><\/span><\/p>\r\n\r\n<p style=\"text-align:justify\"><span style=\"font-size:11pt\"><span style=\"line-height:normal\"><span style=\"font-family:Calibri,sans-serif\"><i><span style=\"font-size:14.0pt\">O tema central desta edi&ccedil;&atilde;o &eacute; &ldquo;Saneamento ambiental: condi&ccedil;&atilde;o fundamental para o enfrentamento das mudan&ccedil;as clim&aacute;ticas&rdquo;. Com um p&uacute;blico tradicionalmente de 22 mil visitantes e alinhada aos ODS &ndash; Objetivos de Desenvolvimento Sustent&aacute;vel estabelecidos pela ONU e aos conceitos de ESG, a edi&ccedil;&atilde;o 2024 continuar&aacute; ampliando o di&aacute;logo em torno das quest&otilde;es de saneamento ambiental, meio ambiente e sustentabilidade e promovendo o compartilhamento de conhecimento altamente qualificado.<\/span><\/i><\/span><\/span><\/span><\/p>\r\n\r\n<p style=\"text-align:justify\"><span style=\"font-size:11pt\"><span style=\"line-height:normal\"><span style=\"font-family:Calibri,sans-serif\"><a href=\"http:\/\/www.fenasan.com.br\" style=\"color:blue; text-decoration:underline\"><span style=\"font-size:14.0pt\">www.fenasan.com.br<\/span><\/a> <\/span><\/span><\/span><\/p>\r\n\r\n<p style=\"text-align:justify\"><span style=\"font-size:11pt\"><span style=\"line-height:normal\"><span style=\"font-family:Calibri,sans-serif\"><span style=\"font-size:14.0pt\"><img src=\"https:\/\/www.abint.org.br\/assets\/img\/editor\/fenasan-2024_20241022132040uEu077Ir54.jpg\" style=\"width: 500px; height: 733px;\" \/><\/span><\/span><\/span><\/span><\/p>\r\n\r\n<p style=\"text-align:justify\">&nbsp;<\/p>\r\n\r\n<p style=\"text-align:justify\">&nbsp;<\/p>\r\n\r\n<p style=\"text-align:justify\"><span style=\"font-size:11pt\"><span style=\"line-height:normal\"><span style=\"font-family:Calibri,sans-serif\"><span style=\"font-size:14.0pt\"><img src=\"https:\/\/www.abint.org.br\/assets\/img\/editor\/cth-logo-alta-jpg_20241022132122mp2lSTUyWe.jpg\" style=\"width: 300px; height: 68px;\" \/><\/span><\/span><\/span><\/span><\/p>\r\n\r\n<p style=\"text-align:justify\"><span style=\"font-size:11pt\"><span style=\"line-height:normal\"><span style=\"font-family:Calibri,sans-serif\"><b><span style=\"font-size:12.0pt\">O CTH ABINT &eacute; um dos patrocinadores da HospitalMed 2024.<\/span><\/b><\/span><\/span><\/span><\/p>\r\n\r\n<p style=\"text-align:justify\"><span style=\"font-size:11pt\"><span style=\"line-height:normal\"><span style=\"font-family:Calibri,sans-serif\"><span style=\"font-size:12.0pt\">&ldquo;<i>A melhor e Mais Completa Feira de Sa&uacute;de do Norte\/Nordeste<\/i>&rdquo;, &eacute; uma realiza&ccedil;&atilde;o da HospitalMed Feiras &amp; Eventos e da Insight Feiras de Neg&oacute;cios.<\/span><\/span><\/span><\/span><\/p>\r\n\r\n<p style=\"text-align:justify\"><span style=\"font-size:11pt\"><span style=\"line-height:normal\"><span style=\"font-family:Calibri,sans-serif\"><i><span style=\"font-size:12.0pt\">&ldquo;O <b>re&uacute;ne toda a cadeia produtiva do setor de sa&uacute;de das regi&otilde;es Norte\/Nordeste<\/b>. &Eacute; o grande encontro de fornecedores de Produtos, Equipamentos, Servi&ccedil;os, Tecnologia e Conte&uacute;do para Hospitais, Laborat&oacute;rios, Farm&aacute;cias, Cl&iacute;nicas, Consult&oacute;rios e Profissionais da Sa&uacute;de&rdquo;.<\/span><\/i><\/span><\/span><\/span><\/p>\r\n\r\n<p style=\"text-align:justify\"><span style=\"font-size:11pt\"><span style=\"line-height:normal\"><span style=\"font-family:Calibri,sans-serif\"><a href=\"http:\/\/www.hospitalmed.com.br\" style=\"color:blue; text-decoration:underline\"><span style=\"font-size:14.0pt\">www.hospitalmed.com.br<\/span><\/a><\/span><\/span><\/span><\/p>\r\n\r\n<p style=\"text-align:justify\"><img src=\"https:\/\/www.abint.org.br\/assets\/img\/editor\/hospitalmed-2024-feed-cth-abint_20241022132215KlkX8dJFcK.png\" style=\"width: 500px; height: 625px;\" \/><\/p>\r\n\r\n<p style=\"text-align:justify\">&nbsp;<\/p>\r\n\r\n<p class=\"MsoTitle\" style=\"text-align:justify\"><span style=\"font-size:28pt\"><span style=\"font-family:Cambria,serif\"><span style=\"letter-spacing:-0.5pt\"><b><span style=\"font-size:18.0pt\"><span style=\"font-family:&quot;Calibri&quot;,sans-serif\"><span style=\"font-variant:small-caps\">Not&iacute;cias das Associadas<\/span><\/span><\/span><\/b><\/span><\/span><\/span><\/p>\r\n\r\n<p style=\"text-align:justify\"><span style=\"font-size:11pt\"><span style=\"line-height:normal\"><span style=\"font-family:Calibri,sans-serif\"><a href=\"https:\/\/novojorbras.com.br\/noticia\/38484\/tecnologia-inovadora-na-mineracao-aumenta-produtividade-e-maximiza-resultados\" style=\"color:blue; text-decoration:underline\"><span style=\"font-size:14.0pt\">Tecnologia inovadora na minera&ccedil;&atilde;o aumenta produtividade e maximiza resultados<\/span><\/a><\/span><\/span><\/span><\/p>\r\n\r\n<p style=\"text-align:justify\">&nbsp;<\/p>\r\n\r\n<p style=\"text-align:justify\"><span style=\"font-size:11pt\"><span style=\"line-height:normal\"><span style=\"font-family:Calibri,sans-serif\"><b><span style=\"font-size:18.0pt\"><span style=\"font-variant:small-caps\">Eventos<\/span><\/span><\/b><\/span><\/span><\/span><\/p>\r\n\r\n<p style=\"text-align:justify\"><span style=\"font-size:11pt\"><span style=\"line-height:normal\"><span style=\"font-family:Calibri,sans-serif\"><a href=\"https:\/\/www.abrafiltros.org.br\/cursos\/\" style=\"color:blue; text-decoration:underline\"><b><span style=\"font-size:14.0pt\">Cursos Abrafiltros | Automatiza&ccedil;&atilde;o de Filtros de Manga<\/span><\/b><\/a><\/span><\/span><\/span><\/p>\r\n\r\n<p style=\"text-align:justify\"><span style=\"font-size:11pt\"><span style=\"line-height:normal\"><span style=\"font-family:Calibri,sans-serif\"><a href=\"http:\/\/www.fenasan.com.br\" style=\"color:blue; text-decoration:underline\"><b><span style=\"font-size:14.0pt\">Fenasan 2024 &ndash; Feira Nacional de Saneamento e Meio Ambiente<\/span><\/b><\/a><span style=\"font-size:14.0pt\">, 22 a 24 de outubro de 2024, Pavilh&otilde;es Verde e Vermelho, Expo Center Norte, S&atilde;o Paulo SP<\/span><\/span><\/span><\/span><\/p>\r\n\r\n<p style=\"text-align:justify\"><span style=\"font-size:11pt\"><span style=\"line-height:normal\"><span style=\"font-family:Calibri,sans-serif\"><a href=\"http:\/\/www.hospitalmed.com.br\" style=\"color:blue; text-decoration:underline\"><b><span style=\"font-size:14.0pt\">HospitalMed 2024<\/span><\/b><\/a><span style=\"font-size:14.0pt\">, 23 a 25 de outubro, das 14h &agrave;s 20h, no Pernambuco Centro de Conven&ccedil;&otilde;es<\/span><\/span><\/span><\/span><\/p>\r\n\r\n<p style=\"text-align:justify\"><span style=\"font-size:11pt\"><span style=\"line-height:normal\"><span style=\"font-family:Calibri,sans-serif\"><a href=\"https:\/\/www.abnteducacao.com.br\/Simbologia_de_cuidados_aplicada_a_Etiquetagem_de_Texteis_ABNT_NBR_NM_ISO_3758\" style=\"color:blue; text-decoration:underline\"><b><span style=\"font-size:14.0pt\">Simbologia de cuidados aplicada a Etiquetagem de T&ecirc;xteis<\/span><\/b><\/a><span style=\"font-size:14.0pt\">, 23 e 24 de outubro de 2024, 8h30 &agrave;s 17h30, evento online<\/span><\/span><\/span><\/span><\/p>\r\n\r\n<p style=\"text-align:justify\"><span style=\"font-size:11pt\"><span style=\"line-height:normal\"><span style=\"font-family:Calibri,sans-serif\"><a href=\"https:\/\/b20brazil.org\/#msdynttrid=6zt-Ug2nJO0FDfhoU9K0en-twuGAoU5aPF8EQm7neRo\" style=\"color:blue; text-decoration:underline\"><b><span lang=\"EN-US\" style=\"font-size:14.0pt\">B20 Summit Brasil 2024 - Inclusive Growth for a Sustainable Future<\/span><\/b><\/a><span lang=\"EN-US\" style=\"font-size:14.0pt\">, October 24th - 25th, 2024, Clube Atl&eacute;tico Monte L&iacute;bano, S&atilde;o Paulo, SP<\/span><\/span><\/span><\/span><\/p>\r\n\r\n<p style=\"text-align:justify\"><span style=\"font-size:11pt\"><span style=\"line-height:normal\"><span style=\"font-family:Calibri,sans-serif\"><a href=\"https:\/\/apexbrasil.com.br\/br\/pt\/conteudo\/noticias\/Direto-do-Mercado-edicao-Argentina-saiba-como-aproveitar-mais-de-duas-mil-oportunidades-de-exportacao-no-pais.html#msdynttrid=GGTF_hmicGwYPkXJQE9xY9ZAC4rlTWqITiE1wGQz-K8\" style=\"color:blue; text-decoration:underline\"><b><span style=\"font-size:14.0pt\">Direto do Mercado edi&ccedil;&atilde;o Argentina<\/span><\/b><\/a><span style=\"font-size:14.0pt\">, 29 de outubro de 2024, das 10h &agrave;s 12h, evento online<\/span><\/span><\/span><\/span><\/p>\r\n\r\n<p style=\"text-align:justify\"><span style=\"font-size:11pt\"><span style=\"line-height:normal\"><span style=\"font-family:Calibri,sans-serif\"><a href=\"http:\/\/www.congressoabit.com.br\" style=\"color:blue; text-decoration:underline\"><b><span style=\"font-size:14.0pt\">Congresso Internacional Abit 2024<\/span><\/b><\/a><span style=\"font-size:14.0pt\">, 30 e 31 de outubro, Salvador, Bahia<\/span><\/span><\/span><\/span><\/p>\r\n\r\n<p style=\"text-align:justify\"><span style=\"font-size:11pt\"><span style=\"line-height:normal\"><span style=\"font-family:Calibri,sans-serif\"><a href=\"https:\/\/abrava.com.br\/compromissos\/xxiii-encontro-nacional-de-empresas-projetistas-e-consultores-da-abrava-copy\/?utm_campaign=participe_do_xxiv_encontro_nacional_de_empresas_projetistas_e_consultores&amp;utm_medium=email&amp;utm_source=RD+Station\" style=\"color:blue; text-decoration:underline\"><b><span style=\"font-size:14.0pt\">ENPC 2024 &ndash; XXIV Encontro Nacional de Empresas Projetistas e Consultores da Abrava<\/span><\/b><\/a><span style=\"font-size:14.0pt\">, 05 e 06 de novembro, 08h30 &agrave;s 18h00, evento online<\/span><\/span><\/span><\/span><\/p>\r\n\r\n<p style=\"text-align:justify\"><span style=\"font-size:11pt\"><span style=\"line-height:normal\"><span style=\"font-family:Calibri,sans-serif\"><a href=\"https:\/\/wtin-summit.zoom.us\/webinar\/register\/8317274323268\/WN_dSUzxaVJS5uDqijTmxudMg#\/registration\" style=\"color:blue; text-decoration:underline\"><b><span lang=\"EN-US\" style=\"font-size:14.0pt\">Shaping the future of sustainable molded parts: Nonwoven Monomaterial Solutions<\/span><\/b><\/a><span lang=\"EN-US\" style=\"font-size:14.0pt\">, November 7, 2024, 10:00 am<\/span><\/span><\/span><\/span><\/p>\r\n\r\n<p style=\"text-align:justify\"><span style=\"font-size:11pt\"><span style=\"line-height:normal\"><span style=\"font-family:Calibri,sans-serif\"><a href=\"https:\/\/app.rdstation.email\/mail\/686bd16d-10e4-435d-a0e4-887c020a4e3d?utm_campaign=convite_workshop_inventarios_de_gee&amp;utm_medium=email&amp;utm_source=RD+Station\" style=\"color:blue; text-decoration:underline\"><b><span style=\"font-size:14.0pt\">Workshop Abit | Invent&aacute;rios de Gases de Efeito Estufa<\/span><\/b><\/a><span style=\"font-size:14.0pt\">, 13 de novembro de 2024, das 10h &agrave;s 12h, evento online<\/span><\/span><\/span><\/span><\/p>\r\n\r\n<p style=\"text-align:justify\"><span style=\"font-size:11pt\"><span style=\"line-height:normal\"><span style=\"font-family:Calibri,sans-serif\"><a href=\"https:\/\/www.fimec.com.br\/\" style=\"color:blue; text-decoration:underline\"><b><span style=\"font-size:14.0pt\">Fimec 2025<\/span><\/b><\/a><span style=\"font-size:14.0pt\">, 18 a 20 de mar&ccedil;o, Fenac, Novo Hamburgo, RS<\/span><\/span><\/span><\/span><\/p>\r\n\r\n<p style=\"text-align:justify\"><span style=\"font-size:11pt\"><span style=\"line-height:normal\"><span style=\"font-family:Calibri,sans-serif\"><a href=\"https:\/\/ideashow.org\/\" style=\"color:blue; text-decoration:underline\"><b><span lang=\"EN-US\" style=\"font-size:14.0pt\">IDEA25<\/span><\/b><\/a><span lang=\"EN-US\" style=\"font-size:14.0pt\">, April 29-May 1, 2025, Miami Beach Convention Center, Miami Beach, Florida<\/span><\/span><\/span><\/span><\/p>\r\n\r\n<p style=\"text-align:justify\"><span style=\"font-size:28pt\"><span style=\"font-family:Cambria,serif\"><span style=\"letter-spacing:-0.5pt\"><b><span lang=\"EN-US\" style=\"font-size:18.0pt\"><span style=\"font-family:&quot;Calibri&quot;,sans-serif\"><span style=\"font-variant:small-caps\">Setor<\/span><\/span><\/span><\/b><\/span><\/span><\/span><\/p>\r\n\r\n<p style=\"text-align:justify\"><span style=\"font-size:11pt\"><span style=\"line-height:normal\"><span style=\"font-family:Calibri,sans-serif\"><a href=\"https:\/\/www.nonwovens-industry.com\/contents\/view_features\/2024-10-03\/filtration-market-report-412908?utm_campaign=NON+Issue+Alert&amp;utm_medium=email&amp;_hsenc=p2ANqtz-8Tl-i4mxU2PuaRTqIh_MwdN40-CYbNUSfzifBtbISpfLpk8Ynzaj6fD8b3u7FiCyzOdF9wIhD6WWOUDIX223mle-Lq1g&amp;_hsmi=329672344&amp;utm_content=329672344&amp;utm_source=hs_email\" style=\"color:blue; text-decoration:underline\"><span lang=\"EN-US\" style=\"font-size:14.0pt\">Filtration Market Report<\/span><\/a><\/span><\/span><\/span><\/p>\r\n\r\n<p style=\"text-align:justify\"><span style=\"font-size:11pt\"><span style=\"line-height:normal\"><span style=\"font-family:Calibri,sans-serif\"><a href=\"https:\/\/www.nonwovens-industry.com\/contents\/view_features\/2024-10-03\/professional-wipes-makers-go-natural?utm_campaign=NON+Issue+Alert&amp;utm_medium=email&amp;_hsenc=p2ANqtz-9VFj9mRzlsVi2BAaZEPHhZRSd5LVdWREnOqkPDCRI_X15qGIsZ3EkeU8MgjNbHO_ceQkmbjyXi-fxz_oqum_no7NhGYg&amp;_hsmi=329672344&amp;utm_content=329672344&amp;utm_source=hs_email\" style=\"color:blue; text-decoration:underline\"><span lang=\"EN-US\" style=\"font-size:14.0pt\">Professional Wipes Makers Go Natural<\/span><\/a><\/span><\/span><\/span><\/p>\r\n\r\n<p style=\"text-align:justify\"><span style=\"font-size:11pt\"><span style=\"line-height:normal\"><span style=\"font-family:Calibri,sans-serif\"><a href=\"https:\/\/jornalamericanense.com.br\/cidades\/polo-textil-americana-cadeia\/\" style=\"color:blue; text-decoration:underline\"><span style=\"font-size:14.0pt\">Polo t&ecirc;xtil de Americana &eacute; reconhecido pelo governo como Cadeia Produtiva Consolidada<\/span><\/a><\/span><\/span><\/span><\/p>\r\n\r\n<p style=\"text-align:justify\"><span style=\"font-size:11pt\"><span style=\"line-height:115%\"><span style=\"font-family:Calibri,sans-serif\"><a href=\"https:\/\/indiantextilejournal.com\/textile-industry-to-reach-350-bn-by-2030-with-rs-900-bn-investment-government\/\" style=\"color:blue; text-decoration:underline\"><span lang=\"EN-US\" style=\"font-size:14.0pt\"><span style=\"line-height:115%\">&Iacute;ndia | Textile Industry to Reach $350 bn by 2030 with Rs 900 Bn Investment, Government<\/span><\/span><\/a><\/span><\/span><\/span><\/p>\r\n\r\n<p style=\"text-align:justify\"><span style=\"font-size:11pt\"><span style=\"line-height:normal\"><span style=\"font-family:Calibri,sans-serif\"><a href=\"https:\/\/www.nonwovens-industry.com\/contents\/view_online-exclusives\/2024-10-16\/mergers-and-acquisition-activity-in-nonwovens\/\" style=\"color:blue; text-decoration:underline\"><span lang=\"ES-AR\" style=\"font-size:14.0pt\">Mergers and Acquisition Activity in Nonwovens<\/span><\/a><\/span><\/span><\/span><\/p>\r\n\r\n<p style=\"text-align:justify\"><span style=\"font-size:11pt\"><span style=\"line-height:normal\"><span style=\"font-family:Calibri,sans-serif\"><a href=\"https:\/\/www.nonwovens-industry.com\/contents\/view_breaking-news\/2024-10-18\/pg-announces-fiscal-q1-results\/15303\" style=\"color:blue; text-decoration:underline\"><span lang=\"ES-AR\" style=\"font-size:14.0pt\">P&amp;G Announces Fiscal Q1 Results<\/span><\/a><\/span><\/span><\/span><\/p>\r\n\r\n<p style=\"text-align:justify\"><span style=\"font-size:28pt\"><span style=\"font-family:Cambria,serif\"><span style=\"letter-spacing:-0.5pt\"><b><span style=\"font-size:18.0pt\"><span style=\"font-family:&quot;Calibri&quot;,sans-serif\"><span style=\"font-variant:small-caps\">Ind&uacute;stria<\/span><\/span><\/span><\/b><\/span><\/span><\/span><\/p>\r\n\r\n<p style=\"text-align:justify\"><span style=\"font-size:11pt\"><span style=\"line-height:normal\"><span style=\"font-family:Calibri,sans-serif\"><a href=\"https:\/\/noticias.portaldaindustria.com.br\/artigos\/ricardo-alban\/brasil-nao-deve-ser-mercado-manso-para-industria-chinesa\/\" style=\"color:blue; text-decoration:underline\"><span style=\"font-size:14.0pt\">Brasil n&atilde;o deve ser mercado manso para ind&uacute;stria chinesa<\/span><\/a><\/span><\/span><\/span><\/p>\r\n\r\n<p style=\"text-align:justify\"><span style=\"font-size:11pt\"><span style=\"line-height:normal\"><span style=\"font-family:Calibri,sans-serif\"><a href=\"https:\/\/diariodonordeste.verdesmares.com.br\/opiniao\/colunistas\/egidio-serpa\/preocupacao-da-industria-e-falta-de-trabalhador-qualificado-1.3572219#amp_tf=De%20%251%24s&amp;aoh=17293852363413&amp;csi=0&amp;referrer=https%3A%2F%2Fwww.google.com&amp;ampshare=https%3A%2F%2Fdiariodonordeste.verdesmares.com.br%2Fopiniao%2Fcolunistas%2Fegidio-serpa%2Fpreocupacao-da-industria-e-falta-de-trabalhador-qualificado-1.3572219\" style=\"color:blue; text-decoration:underline\"><span style=\"font-size:14.0pt\">Preocupa&ccedil;&atilde;o da ind&uacute;stria &eacute; falta de trabalhador qualificado<\/span><\/a><\/span><\/span><\/span><\/p>\r\n\r\n<p style=\"text-align:justify\"><span style=\"font-size:11pt\"><span style=\"line-height:normal\"><span style=\"font-family:Calibri,sans-serif\"><a href=\"https:\/\/www.metropoles.com\/negocios\/industria\/cni-54-das-obras-publicas-do-sudeste-estao-paralisadas-diz-estudo\" style=\"color:blue; text-decoration:underline\"><span style=\"font-size:14.0pt\">CNI: 54% das obras p&uacute;blicas do Sudeste est&atilde;o paralisadas, diz estudo<\/span><\/a><\/span><\/span><\/span><\/p>\r\n\r\n<p style=\"text-align:justify\"><span style=\"font-size:11pt\"><span style=\"line-height:normal\"><span style=\"font-family:Calibri,sans-serif\"><a href=\"https:\/\/www.noticiasagricolas.com.br\/noticias\/politica-economia\/386983-produtividade-na-industria-permaneceu-estavel-no-segundo-trimestre-aponta-cni.html\" style=\"color:blue; text-decoration:underline\"><span style=\"font-size:14.0pt\">Produtividade na ind&uacute;stria permaneceu est&aacute;vel no segundo trimestre, aponta CNI<\/span><\/a><\/span><\/span><\/span><\/p>\r\n\r\n<p style=\"text-align:justify\"><span style=\"font-size:11pt\"><span style=\"line-height:normal\"><span style=\"font-family:Calibri,sans-serif\"><a href=\"https:\/\/www.infomoney.com.br\/economia\/sondagem-da-cni-mostra-moderacao-no-otimismo-industrial-em-setembro\/\" style=\"color:blue; text-decoration:underline\"><span style=\"font-size:14.0pt\">Sondagem da CNI mostra modera&ccedil;&atilde;o no otimismo industrial em setembro<\/span><\/a><\/span><\/span><\/span><\/p>\r\n\r\n<p style=\"text-align:justify\"><span style=\"font-size:11pt\"><span style=\"line-height:normal\"><span style=\"font-family:Calibri,sans-serif\"><a href=\"https:\/\/smetal.org.br\/imprensa\/terceiro-trimestre-fecha-com-maior-nivel-de-producao-de-carros-em-cinco-anos-segundo-anfavea\/\" style=\"color:blue; text-decoration:underline\"><span style=\"font-size:14.0pt\">Terceiro trimestre fecha com maior n&iacute;vel de produ&ccedil;&atilde;o de carros em cinco anos, segundo Anfavea<\/span><\/a><\/span><\/span><\/span><\/p>\r\n\r\n<p style=\"text-align:justify\"><span style=\"font-size:11pt\"><span style=\"line-height:normal\"><span style=\"font-family:Calibri,sans-serif\"><a href=\"https:\/\/www.gov.br\/transportes\/pt-br\/assuntos\/noticias\/2024\/10\/neste-ano-vamos-nos-aproximar-dos--17-bilhoes-em-investimentos-diretos-declara-renan-filho-durante-evento-inedito-do-dnit?utm_campaign=base_toda_newsletter_kartado_1710&amp;utm_medium=email&amp;utm_source=RD+Station\" style=\"color:blue; text-decoration:underline\"><span style=\"font-size:14.0pt\">&ldquo;Neste ano, vamos nos aproximar dos R$ 17 bilh&otilde;es em investimentos diretos&rdquo;, declara Renan Filho durante evento in&eacute;dito do DNIT<\/span><\/a><\/span><\/span><\/span><\/p>\r\n\r\n<p style=\"text-align:justify\"><span style=\"font-size:11pt\"><span style=\"line-height:normal\"><span style=\"font-family:Calibri,sans-serif\"><a href=\"https:\/\/blogdoibre.fgv.br\/posts\/produtividade-no-pos-pandemia\" style=\"color:blue; text-decoration:underline\"><span style=\"font-size:14.0pt\">Produtividade no p&oacute;s-pandemia<\/span><\/a><\/span><\/span><\/span><\/p>\r\n\r\n<p style=\"text-align:justify\"><span style=\"font-size:28pt\"><span style=\"font-family:Cambria,serif\"><span style=\"letter-spacing:-0.5pt\"><b><span lang=\"ES-AR\" style=\"font-size:18.0pt\"><span style=\"font-family:&quot;Calibri&quot;,sans-serif\"><span style=\"font-variant:small-caps\">Sustentabilidade<\/span><\/span><\/span><\/b><\/span><\/span><\/span><\/p>\r\n\r\n<p style=\"text-align:justify\"><span style=\"font-size:11pt\"><span style=\"line-height:normal\"><span style=\"font-family:Calibri,sans-serif\"><a href=\"https:\/\/agenciabrasil.ebc.com.br\/meio-ambiente\/noticia\/2024-10\/brasil-lanca-por-ano-13-milhao-de-toneladas-de-plastico-no-oceano\" style=\"color:blue; text-decoration:underline\"><span style=\"font-size:14.0pt\">Brasil lan&ccedil;a por ano 1,3 milh&atilde;o de toneladas de pl&aacute;stico no oceano<\/span><\/a><\/span><\/span><\/span><\/p>\r\n\r\n<p style=\"text-align:justify\"><span style=\"font-size:11pt\"><span style=\"line-height:normal\"><span style=\"font-family:Calibri,sans-serif\"><a href=\"https:\/\/www.anahp.com.br\/publicacoes\/esg-nos-hospitais-anahp-2024-o-impacto-das-emergencias-climaticas-na-saude\/?utm_campaign=emkt_-_lancamento_3_edicao_esg_nos_hospitais_anahp&amp;utm_medium=email&amp;utm_source=RD+Station\" style=\"color:blue; text-decoration:underline\"><span style=\"font-size:14.0pt\">ESG nos hospitais Anahp 2024: o impacto das emerg&ecirc;ncias clim&aacute;ticas na sa&uacute;de<\/span><\/a><\/span><\/span><\/span><\/p>\r\n\r\n<p style=\"text-align:justify\"><span style=\"font-size:11pt\"><span style=\"line-height:normal\"><span style=\"font-family:Calibri,sans-serif\"><a href=\"https:\/\/exame.com\/esg\/14-milhao-de-toneladas-de-plastico-foram-recicladas-em-2023-apesar-de-desafios-na-cadeia\/\" style=\"color:blue; text-decoration:underline\"><span style=\"font-size:14.0pt\">1,4 milh&atilde;o de toneladas de pl&aacute;stico foram encaminhadas para reciclagem em 2023, apesar de desafios<\/span><\/a><\/span><\/span><\/span><\/p>\r\n\r\n<p style=\"text-align:justify\"><span style=\"font-size:11pt\"><span style=\"line-height:normal\"><span style=\"font-family:Calibri,sans-serif\"><a href=\"https:\/\/noticias.portaldaindustria.com.br\/noticias\/sustentabilidade\/85-das-industrias-desenvolvem-praticas-de-economia-circular-mostra-pesquisa-da-cni\/\" style=\"color:blue; text-decoration:underline\"><span style=\"font-size:14.0pt\">85% das ind&uacute;strias desenvolvem pr&aacute;ticas de economia circular, mostra pesquisa da CNI<\/span><\/a><\/span><\/span><\/span><\/p>\r\n\r\n<p style=\"text-align:justify\"><span style=\"font-size:28pt\"><span style=\"font-family:Cambria,serif\"><span style=\"letter-spacing:-0.5pt\"><b><span lang=\"EN-US\" style=\"font-size:18.0pt\"><span style=\"font-family:&quot;Calibri&quot;,sans-serif\"><span style=\"font-variant:small-caps\">Inova&ccedil;&atilde;o<\/span><\/span><\/span><\/b><\/span><\/span><\/span><\/p>\r\n\r\n<p style=\"text-align:justify\"><span style=\"font-size:11pt\"><span style=\"line-height:normal\"><span style=\"font-family:Calibri,sans-serif\"><a href=\"https:\/\/www.innovationintextiles.com\/investing-in-innovation-for-a-better-tomorrow\/\" style=\"color:blue; text-decoration:underline\"><span lang=\"EN-US\" style=\"font-size:14.0pt\">Investing in innovation for a better tomorrow<\/span><\/a><\/span><\/span><\/span><\/p>\r\n\r\n<p style=\"text-align:justify\"><span style=\"font-size:11pt\"><span style=\"line-height:normal\"><span style=\"font-family:Calibri,sans-serif\"><a href=\"https:\/\/public-api.wordpress.com\/bar\/?stat=groovemails-events&amp;bin=wpcom_email_click&amp;redirect_to=https%3A%2F%2Fblogdoplastico.wordpress.com%2F2024%2F10%2F15%2Fbraskem-anuncia-colaboracao-com-university-of-british-columbia-para-o-desenvolvimento-de-tecnologia-para-produzir-metanol-a-partir-do-co2%2F&amp;sr=0&amp;signature=09a945b7f941f82a52c7e2fba13e64d3&amp;blog_id=9438832&amp;user=135099004&amp;_e=eyJlcnJvciI6bnVsbCwiYmxvZ19pZCI6OTQzODgzMiwiYmxvZ19sYW5nIjoicHQtQlIiLCJzaXRlX2lkX2xhYmVsIjoid3Bjb20iLCJoYXNfZmVhdHVyZWRfaW1hZ2UiOiIwIiwic3Vic2NyaWJlcl9pZCI6IjQ0NzAwMjQ1IiwiX3VpIjoxMzUwOTkwMDQsImxvY2FsZSI6InB0LWJyIiwiY3VycmVuY3kiOiJCUkwiLCJjb3VudHJ5X2NvZGVfc2lnbnVwIjoiQlIiLCJzaWdudXBfZmxvd19uYW1lIjoiZGVsdGEtc2l0ZSIsImVtYWlsX2RvbWFpbiI6ImFiaW50Lm9yZy5iciIsInBvc3RfaWQiOjE4NTk1LCJ1c2VyX2VtYWlsIjoiYWJpbnRAYWJpbnQub3JnLmJyIiwiZGF0ZV9zZW50IjoiMjAyNC0xMC0xNSIsImVtYWlsX2lkIjoiZDJlM2QxNWM2ZDQ5MDI0ZmY2ZWY2MDgxNzk0MDM1ZDciLCJlbWFpbF9uYW1lIjoibmV3LXBvc3QiLCJ0ZW1wbGF0ZSI6Im5ldy1wb3N0IiwibGlua19kZXNjIjoicG9zdC11cmwiLCJhbmNob3JfdGV4dCI6IkJyYXNrZW0gYW51bmNpYSBjb2xhYm9yYVx1MDBlN1x1MDBlM28gY29tIFVuaXZlcnNpdHkgb2YgQnJpdGlzaCBDb2x1bWJpYSBwYXJhIG8gZGVzZW52b2x2aW1lbnRvIGRlIHRlY25vbG9naWEgcGFyYSBwcm9kdXppciBtZXRhbm9sIGEgcGFydGlyIGRvXHUwMGEwQ08yIiwiX2RyIjpudWxsLCJfZGwiOiJcL3dwLWFkbWluXC9wb3N0LnBocCIsIl91dCI6IndwY29tOnVzZXJfaWQiLCJfdWwiOiJhYmludHR0IiwiX2VuIjoid3Bjb21fZW1haWxfY2xpY2siLCJfdHMiOjE3MjkwMDk5MTgzMzMsImJyb3dzZXJfdHlwZSI6InBocC1hZ2VudCIsIl9hdWEiOiJ3cGNvbS10cmFja3MtY2xpZW50LXYwLjMiLCJibG9nX3R6IjoiLTMiLCJ1c2VyX2xhbmciOiJwdC1iciJ9&amp;_z=z\" style=\"color:blue; text-decoration:underline\"><span style=\"font-size:14.0pt\">Braskem anuncia colabora&ccedil;&atilde;o com University of British Columbia para o desenvolvimento de tecnologia para produzir metanol a partir do&nbsp;CO2<\/span><\/a> <\/span><\/span><\/span><\/p>\r\n\r\n<p style=\"text-align:justify\"><span style=\"font-size:28pt\"><span style=\"font-family:Cambria,serif\"><span style=\"letter-spacing:-0.5pt\"><b><span style=\"font-size:18.0pt\"><span style=\"font-family:&quot;Calibri&quot;,sans-serif\"><span style=\"font-variant:small-caps\">Com&eacute;rcio Exterior<\/span><\/span><\/span><\/b><\/span><\/span><\/span><\/p>\r\n\r\n<p style=\"text-align:justify\"><span style=\"font-size:11pt\"><span style=\"line-height:normal\"><span style=\"font-family:Calibri,sans-serif\"><a href=\"https:\/\/veja.abril.com.br\/economia\/por-que-a-franca-se-opoe-ao-acordo-entre-mercosul-e-uniao-europeia\" style=\"color:blue; text-decoration:underline\"><span style=\"font-size:14.0pt\">Por que a Fran&ccedil;a se op&otilde;e ao acordo entre Mercosul e Uni&atilde;o Europeia<\/span><\/a><\/span><\/span><\/span><\/p>\r\n\r\n<p style=\"text-align:justify\"><span style=\"font-size:11pt\"><span style=\"line-height:normal\"><span style=\"font-family:Calibri,sans-serif\"><a href=\"https:\/\/www.fibre2fashion.com\/news\/textile-news\/global-goods-trade-projected-to-rise-2-7-in-2024-wto-298532-newsdetails.htm\" style=\"color:blue; text-decoration:underline\"><span lang=\"EN-US\" style=\"font-size:14.0pt\">Global goods trade projected to rise 2.7% in 2024: WTO<\/span><\/a><\/span><\/span><\/span><\/p>\r\n\r\n<p style=\"text-align:justify\"><span style=\"font-size:11pt\"><span style=\"line-height:normal\"><span style=\"font-family:Calibri,sans-serif\"><a href=\"https:\/\/www.fibre2fashion.com\/news\/textile-news\/substantial-conclusion-of-ver-3-0-china-asean-free-trade-area-declared-298540-newsdetails.htm\" style=\"color:blue; text-decoration:underline\"><span lang=\"EN-US\" style=\"font-size:14.0pt\">Substantial conclusion of Ver 3.0 China-ASEAN Free Trade Area declared<\/span><\/a><\/span><\/span><\/span><\/p>\r\n\r\n<p style=\"text-align:justify\"><span style=\"font-size:28pt\"><span style=\"font-family:Cambria,serif\"><span style=\"letter-spacing:-0.5pt\"><b><span style=\"font-size:18.0pt\"><span style=\"font-family:&quot;Calibri&quot;,sans-serif\"><span style=\"font-variant:small-caps\">Economia<\/span><\/span><\/span><\/b><\/span><\/span><\/span><\/p>\r\n\r\n<p style=\"text-align:justify\"><span style=\"font-size:11pt\"><span style=\"line-height:normal\"><span style=\"font-family:Calibri,sans-serif\"><a href=\"https:\/\/www.bcb.gov.br\/content\/focus\/focus\/R20241018.pdf\" style=\"color:blue; text-decoration:underline\"><span style=\"font-size:14.0pt\">Focus - Relat&oacute;rio de Mercado<\/span><\/a><\/span><\/span><\/span><\/p>\r\n\r\n<p style=\"text-align:justify\"><span style=\"font-size:11pt\"><span style=\"line-height:normal\"><span style=\"font-family:Calibri,sans-serif\"><a href=\"https:\/\/blogdoibre.fgv.br\/posts\/ajuste-necessario-e-urgente\" style=\"color:blue; text-decoration:underline\"><span style=\"font-size:14.0pt\">Ajuste necess&aacute;rio e urgente<\/span><\/a><\/span><\/span><\/span><\/p>\r\n\r\n<p style=\"text-align:justify\"><span style=\"font-size:11pt\"><span style=\"line-height:normal\"><span style=\"font-family:Calibri,sans-serif\"><a href=\"https:\/\/portalibre.fgv.br\/system\/files\/divulgacao\/noticias\/mat-complementar\/2024-10\/Monitor%20do%20PIB-FGV%20-%20Outubro%20de%202024%20-%20Ref.%20de%20agosto.pdf\" style=\"color:blue; text-decoration:underline\"><span style=\"font-size:14.0pt\">Monitor do PIB-FGV aponta retra&ccedil;&atilde;o de 0,2% na atividade econ&ocirc;mica em agosto em compara&ccedil;&atilde;o a julho<\/span><\/a><\/span><\/span><\/span><\/p>\r\n\r\n<p style=\"text-align:justify\"><span style=\"font-size:11.0pt\"><span style=\"line-height:115%\"><span style=\"font-family:&quot;Calibri&quot;,sans-serif\"><a href=\"https:\/\/www.fibre2fashion.com\/news\/textile-news\/chinese-policies-ease-growth-risks-2024-gdp-growth-may-be-4-8-fitch-298645-newsdetails.htm\" style=\"color:blue; text-decoration:underline\"><span lang=\"EN-US\" style=\"font-size:14.0pt\"><span style=\"line-height:115%\">Chinese policies ease growth risks, 2024 GDP growth may be 4.8%: Fitch<\/span><\/span><\/a><\/span><\/span><\/span><\/p>\r\n\r\n<p style=\"text-align:justify\">&nbsp;<\/p>\r\n\r\n<p style=\"text-align:justify\"><span style=\"font-size:11.0pt\"><span style=\"line-height:115%\"><span style=\"font-family:&quot;Calibri&quot;,sans-serif\"><span lang=\"EN-US\" style=\"font-size:14.0pt\"><span style=\"line-height:115%\"><img src=\"https:\/\/www.abint.org.br\/assets\/img\/editor\/redes-sociais-abint-ctg-cth_20241022132423RpEWjMbvvk.jpg\" \/><\/span><\/span><\/span><\/span><\/span><\/p>\r\n","texto_en":"","7":"","imagem":"COMP_capa-2024-site-boletim-abint-noticias-semanis_20241022132604UqlUghTrSp.jpg","8":"COMP_capa-2024-site-boletim-abint-noticias-semanis_20241022132604UqlUghTrSp.jpg","arquivo":"20241022-BOLETIM-ABINT-DE-NOTICIAS-SEMANAIS.PDF","9":"20241022-BOLETIM-ABINT-DE-NOTICIAS-SEMANAIS.PDF","titulo_arquivo":"20241022 Boletim ABINT de Not\u00edcias Semanais","10":"20241022 Boletim ABINT de Not\u00edcias Semanais","titulo_arquivo_en":"","11":"","created_at":"2024-10-22 13:26:13","12":"2024-10-22 13:26:13","updated_at":"2024-10-22 13:26:13","13":"2024-10-22 13:26:13"},{"id":141,"0":141,"ordem":82,"1":82,"data":"2024-10-15","2":"2024-10-15","slug":"boletim-abint-de-noticias-semanais-51","3":"boletim-abint-de-noticias-semanais-51","titulo":"Boletim ABINT de Not\u00edcias Semanais","4":"Boletim ABINT de Not\u00edcias Semanais","titulo_en":"","5":"","texto":"<p style=\"text-align:justify\"><span style=\"font-size:11pt\"><span style=\"line-height:normal\"><span style=\"font-family:Calibri,sans-serif\"><span style=\"font-size:14.0pt\">Esta &eacute; uma compila&ccedil;&atilde;o das not&iacute;cias mais relevantes para o setor, incluindo informa&ccedil;&otilde;es sobre acordos internacionais, economia brasileira, sustentabilidade e mat&eacute;rias primas, al&eacute;m de novidades do setor de N&atilde;otecidos e Tecidos T&eacute;cnicos.<\/span><\/span><\/span><\/span><\/p>\r\n\r\n<p class=\"MsoTitleCxSpFirst\" style=\"text-align:justify\"><b><span style=\"font-size:18.0pt\"><span style=\"line-height:115%\"><span style=\"font-family:&quot;Calibri&quot;,sans-serif\"><span style=\"font-variant:small-caps\">O que vem por a&iacute;<\/span><\/span><\/span><\/span><\/b><\/p>\r\n\r\n<p class=\"MsoTitleCxSpFirst\" style=\"text-align:justify\"><b><span style=\"font-size:18.0pt\"><span style=\"line-height:115%\"><span style=\"font-family:&quot;Calibri&quot;,sans-serif\"><span style=\"font-variant:small-caps\"><img src=\"https:\/\/www.abint.org.br\/assets\/img\/editor\/abint-logo-2020-g_202410221249206cLSHbHX8n.png\" style=\"width: 300px; height: 69px;\" \/><\/span><\/span><\/span><\/span><\/b><\/p>\r\n\r\n<p style=\"text-align:justify\"><span style=\"font-size:11pt\"><span style=\"line-height:normal\"><span style=\"font-family:Calibri,sans-serif\"><span style=\"font-size:14.0pt\">A <b>ABINT<\/b> &eacute; uma das <b>patrocinadoras<\/b> do<b> <\/b><\/span><a href=\"https:\/\/www.congressoabit.com.br\/\" style=\"color:blue; text-decoration:underline\"><b><span style=\"font-size:14.0pt\">Congresso Internacional Abit 2024<\/span><\/b><\/a><span style=\"font-size:14.0pt\">, que ocorrer&aacute; dias 30 e 31 de outubro, no SENAI Cimatec, Salvador, BA.<\/span><\/span><\/span><\/span><\/p>\r\n\r\n<p style=\"text-align:justify\"><span style=\"font-size:11pt\"><span style=\"line-height:normal\"><span style=\"font-family:Calibri,sans-serif\"><span style=\"font-size:14.0pt\"><img src=\"https:\/\/www.abint.org.br\/assets\/img\/editor\/congresso-internacional-abit-2024-com-logo_20241022125042Ad5Yf2AcGJ.jpg\" style=\"width: 500px; height: 500px;\" \/><\/span><\/span><\/span><\/span><\/p>\r\n\r\n<p style=\"text-align:justify\">&nbsp;<\/p>\r\n\r\n<p style=\"text-align:justify\"><span style=\"font-size:11pt\"><span style=\"line-height:normal\"><span style=\"font-family:Calibri,sans-serif\"><span style=\"font-size:14.0pt\"><img src=\"https:\/\/www.abint.org.br\/assets\/img\/editor\/logo-ctg-abint-png_20241022125127cqpO5mWzs1.png\" style=\"width: 300px; height: 55px;\" \/><\/span><\/span><\/span><\/span><\/p>\r\n\r\n<p style=\"text-align:justify\"><span style=\"font-size:11pt\"><span style=\"line-height:normal\"><span style=\"font-family:Calibri,sans-serif\"><span style=\"font-size:14.0pt\">O <b>CTG ABINT apoia a Feira Nacional de Saneamento e Meio Ambiente &ndash; Fenasan e do 35&ordm; Encontro T&eacute;cnico AESabesp, que ocorrer&atilde;o de 22 a 24 de outubro de 2024<\/b>, no Pavilh&atilde;o Verde e Vermelho, no Expo Center Norte, em S&atilde;o Paulo. Trata-se do maior evento de saneamento da Am&eacute;rica Latin. A realiza&ccedil;&atilde;o &eacute; da AESabesp &ndash; Associa&ccedil;&atilde;o dos Engenheiros da Sabesp.<\/span><\/span><\/span><\/span><\/p>\r\n\r\n<p style=\"text-align:justify\"><span style=\"font-size:11pt\"><span style=\"line-height:normal\"><span style=\"font-family:Calibri,sans-serif\"><i><span style=\"font-size:14.0pt\">O tema central desta edi&ccedil;&atilde;o &eacute; &ldquo;Saneamento ambiental: condi&ccedil;&atilde;o fundamental para o enfrentamento das mudan&ccedil;as clim&aacute;ticas&rdquo;. Com um p&uacute;blico tradicionalmente de 22 mil visitantes e alinhada aos ODS &ndash; Objetivos de Desenvolvimento Sustent&aacute;vel estabelecidos pela ONU e aos conceitos de ESG, a edi&ccedil;&atilde;o 2024 continuar&aacute; ampliando o di&aacute;logo em torno das quest&otilde;es de saneamento ambiental, meio ambiente e sustentabilidade e promovendo o compartilhamento de conhecimento altamente qualificado.<\/span><\/i><\/span><\/span><\/span><\/p>\r\n\r\n<p style=\"text-align:justify\"><span style=\"font-size:11pt\"><span style=\"line-height:normal\"><span style=\"font-family:Calibri,sans-serif\"><a href=\"http:\/\/www.fenasan.com.br\" style=\"color:blue; text-decoration:underline\"><span style=\"font-size:14.0pt\">www.fenasan.com.br<\/span><\/a> <\/span><\/span><\/span><\/p>\r\n\r\n<p style=\"text-align:justify\"><img src=\"https:\/\/www.abint.org.br\/assets\/img\/editor\/fenasan-2024_20241022125225yagGgvVCfy.jpg\" \/><\/p>\r\n\r\n<p style=\"text-align:justify\">&nbsp;<\/p>\r\n\r\n<p style=\"text-align:justify\">&nbsp;<\/p>\r\n\r\n<p style=\"text-align:justify\"><img src=\"https:\/\/www.abint.org.br\/assets\/img\/editor\/cth-logo-alta-jpg_20241022125318rQEnTLxzym.jpg\" style=\"width: 300px; height: 68px;\" \/><\/p>\r\n\r\n<p style=\"text-align:justify\">O&nbsp;<span style=\"font-size:11pt\"><span style=\"line-height:normal\"><span style=\"font-family:Calibri,sans-serif\"><b><span style=\"font-size:12.0pt\">CTH ABINT &eacute; um dos patrocinadores da HospitalMed 2024.<\/span><\/b><\/span><\/span><\/span><\/p>\r\n\r\n<p style=\"text-align:justify\"><span style=\"font-size:11pt\"><span style=\"line-height:normal\"><span style=\"font-family:Calibri,sans-serif\"><span style=\"font-size:12.0pt\">&ldquo;<i>A melhor e Mais Completa Feira de Sa&uacute;de do Norte\/Nordeste<\/i>&rdquo;, &eacute; uma realiza&ccedil;&atilde;o da HospitalMed Feiras &amp; Eventos e da Insight Feiras de Neg&oacute;cios.<\/span><\/span><\/span><\/span><\/p>\r\n\r\n<p style=\"text-align:justify\"><span style=\"font-size:11pt\"><span style=\"line-height:normal\"><span style=\"font-family:Calibri,sans-serif\"><i><span style=\"font-size:12.0pt\">&ldquo;O <b>re&uacute;ne toda a cadeia produtiva do setor de sa&uacute;de das regi&otilde;es Norte\/Nordeste<\/b>. &Eacute; o grande encontro de fornecedores de Produtos, Equipamentos, Servi&ccedil;os, Tecnologia e Conte&uacute;do para Hospitais, Laborat&oacute;rios, Farm&aacute;cias, Cl&iacute;nicas, Consult&oacute;rios e Profissionais da Sa&uacute;de&rdquo;.<\/span><\/i><\/span><\/span><\/span><\/p>\r\n\r\n<p style=\"text-align:justify\"><span style=\"font-size:11pt\"><span style=\"line-height:normal\"><span style=\"font-family:Calibri,sans-serif\"><a href=\"http:\/\/www.hospitalmed.com.br\" style=\"color:blue; text-decoration:underline\"><span style=\"font-size:14.0pt\">www.hospitalmed.com.br<\/span><\/a> <\/span><\/span><\/span><\/p>\r\n\r\n<p style=\"text-align:justify\"><span style=\"font-size:11pt\"><span style=\"line-height:normal\"><span style=\"font-family:Calibri,sans-serif\"><span style=\"font-size:14.0pt\"><img src=\"https:\/\/www.abint.org.br\/assets\/img\/editor\/hospitalmed-2024-feed-cth-abint_20241022125420VAUw7vJXME.png\" style=\"width: 500px; height: 625px;\" \/><\/span><\/span><\/span><\/span><\/p>\r\n\r\n<p style=\"text-align:justify\">&nbsp;<\/p>\r\n\r\n<p style=\"text-align:justify\"><span style=\"font-size:28pt\"><span style=\"font-family:Cambria,serif\"><span style=\"letter-spacing:-0.5pt\"><b><span style=\"font-size:18.0pt\"><span style=\"font-family:&quot;Calibri&quot;,sans-serif\"><span style=\"font-variant:small-caps\">Not&iacute;cias das Associadas<\/span><\/span><\/span><\/b><\/span><\/span><\/span><\/p>\r\n\r\n<p style=\"text-align:justify\"><span style=\"font-size:11pt\"><span style=\"line-height:normal\"><span style=\"font-family:Calibri,sans-serif\"><a href=\"https:\/\/gazetadepinheiros.com.br\/noticia\/10540\/eleicoes-abint-2024\" style=\"color:blue; text-decoration:underline\"><span style=\"font-size:14.0pt\">Elei&ccedil;&otilde;es ABINT 2024<\/span><\/a><\/span><\/span><\/span><\/p>\r\n\r\n<p style=\"text-align:justify\"><span style=\"font-size:11pt\"><span style=\"line-height:normal\"><span style=\"font-family:Calibri,sans-serif\"><a href=\"https:\/\/jc.ne10.uol.com.br\/colunas\/saude-e-bem-estar\/2024\/10\/09\/hospitalmed-2024-apresenta-vida-60-expo-o-maior-evento-de-longevidade-do-nordeste.html\" style=\"color:blue; text-decoration:underline\"><span style=\"font-size:14.0pt\">CTH ABINT: HospitalMed 2024 apresenta Vida 60+ Expo, o maior evento de longevidade do Nordeste<\/span><\/a><\/span><\/span><\/span><\/p>\r\n\r\n<p style=\"text-align:justify\"><span style=\"font-size:11pt\"><span style=\"line-height:normal\"><span style=\"font-family:Calibri,sans-serif\"><a href=\"https:\/\/www.techbriefs.com\/component\/content\/article\/51800-tech-focus-freudenberg-sealing-technologies-showcases-battery-life-cycle-solutions\" style=\"color:blue; text-decoration:underline\"><span lang=\"EN-US\" style=\"font-size:14.0pt\">Tech Focus: Freudenberg Sealing Technologies Showcases Battery Life Cycle Solutions<\/span><\/a><\/span><\/span><\/span><\/p>\r\n\r\n<p style=\"text-align:justify\">&nbsp;<\/p>\r\n\r\n<p style=\"text-align:justify\"><span style=\"font-size:11pt\"><span style=\"line-height:normal\"><span style=\"font-family:Calibri,sans-serif\"><b><span style=\"font-size:18.0pt\"><span style=\"font-variant:small-caps\">Eventos<\/span><\/span><\/b><\/span><\/span><\/span><\/p>\r\n\r\n<p style=\"text-align:justify\"><span style=\"font-size:11pt\"><span style=\"line-height:normal\"><span style=\"font-family:Calibri,sans-serif\"><a href=\"https:\/\/www.abrafiltros.org.br\/cursos\/\" style=\"color:blue; text-decoration:underline\"><b><span style=\"font-size:14.0pt\">Cursos Abrafiltros | Automatiza&ccedil;&atilde;o de Filtros de Manga<\/span><\/b><\/a><\/span><\/span><\/span><\/p>\r\n\r\n<p style=\"text-align:justify\"><span style=\"font-size:11pt\"><span style=\"line-height:normal\"><span style=\"font-family:Calibri,sans-serif\"><a href=\"https:\/\/www.sympla.com.br\/evento\/encontro-regional-almaco-em-salvador-ba\/2611464\" style=\"color:blue; text-decoration:underline\"><b><span style=\"font-size:14.0pt\">Encontro Regional ALMACO<\/span><\/b><\/a><span style=\"font-size:14.0pt\">, 16 de outubro de 2024, 13h00 &agrave;s 18h00, evento presencial, Fiesta Bahia Hotel, Salvador, BA<\/span><\/span><\/span><\/span><\/p>\r\n\r\n<p style=\"text-align:justify\"><span style=\"font-size:11pt\"><span style=\"line-height:normal\"><span style=\"font-family:Calibri,sans-serif\"><a href=\"http:\/\/www.fenasan.com.br\" style=\"color:blue; text-decoration:underline\"><b><span style=\"font-size:14.0pt\">Fenasan 2024 &ndash; Feira Nacional de Saneamento e Meio Ambiente<\/span><\/b><\/a><span style=\"font-size:14.0pt\">, 22 a 24 de outubro de 2024, Pavilh&otilde;es Verde e Vermelho, Expo Center Norte, S&atilde;o Paulo SP<\/span><\/span><\/span><\/span><\/p>\r\n\r\n<p style=\"text-align:justify\"><span style=\"font-size:11pt\"><span style=\"line-height:normal\"><span style=\"font-family:Calibri,sans-serif\"><a href=\"http:\/\/www.hospitalmed.com.br\" style=\"color:blue; text-decoration:underline\"><b><span style=\"font-size:14.0pt\">HospitalMed 2024<\/span><\/b><\/a><span style=\"font-size:14.0pt\">, 23 a 25 de outubro, das 14h &agrave;s 20h, no Pernambuco Centro de Conven&ccedil;&otilde;es<\/span><\/span><\/span><\/span><\/p>\r\n\r\n<p style=\"text-align:justify\"><span style=\"font-size:11pt\"><span style=\"line-height:normal\"><span style=\"font-family:Calibri,sans-serif\"><a href=\"https:\/\/www.abnteducacao.com.br\/Simbologia_de_cuidados_aplicada_a_Etiquetagem_de_Texteis_ABNT_NBR_NM_ISO_3758\" style=\"color:blue; text-decoration:underline\"><b><span style=\"font-size:14.0pt\">Simbologia de cuidados aplicada a Etiquetagem de T&ecirc;xteis<\/span><\/b><\/a><span style=\"font-size:14.0pt\">, 23 e 24 de outubro de 2024, 8h30 &agrave;s 17h30, evento online<\/span><\/span><\/span><\/span><\/p>\r\n\r\n<p style=\"text-align:justify\"><span style=\"font-size:11pt\"><span style=\"line-height:normal\"><span style=\"font-family:Calibri,sans-serif\"><a href=\"https:\/\/b20brazil.org\/#msdynttrid=6zt-Ug2nJO0FDfhoU9K0en-twuGAoU5aPF8EQm7neRo\" style=\"color:blue; text-decoration:underline\"><b><span lang=\"EN-US\" style=\"font-size:14.0pt\">B20 Summit Brasil 2024 - Inclusive Growth for a Sustainable Future<\/span><\/b><\/a><span lang=\"EN-US\" style=\"font-size:14.0pt\">, October 24th - 25th, 2024, Clube Atl&eacute;tico Monte L&iacute;bano, S&atilde;o Paulo, SP<\/span><\/span><\/span><\/span><\/p>\r\n\r\n<p style=\"text-align:justify\"><span style=\"font-size:11pt\"><span style=\"line-height:normal\"><span style=\"font-family:Calibri,sans-serif\"><a href=\"http:\/\/www.congressoabit.com.br\" style=\"color:blue; text-decoration:underline\"><b><span style=\"font-size:14.0pt\">Congresso Internacional Abit 2024<\/span><\/b><\/a><span style=\"font-size:14.0pt\">, 30 e 31 de outubro, Salvador, Bahia<\/span><\/span><\/span><\/span><\/p>\r\n\r\n<p style=\"text-align:justify\"><span style=\"font-size:11pt\"><span style=\"line-height:normal\"><span style=\"font-family:Calibri,sans-serif\"><a href=\"https:\/\/abrava.com.br\/compromissos\/xxiii-encontro-nacional-de-empresas-projetistas-e-consultores-da-abrava-copy\/?utm_campaign=participe_do_xxiv_encontro_nacional_de_empresas_projetistas_e_consultores&amp;utm_medium=email&amp;utm_source=RD+Station\" style=\"color:blue; text-decoration:underline\"><b><span style=\"font-size:14.0pt\">ENPC 2024 &ndash; XXIV Encontro Nacional de Empresas Projetistas e Consultores da Abrava<\/span><\/b><\/a><span style=\"font-size:14.0pt\">, 05 e 06 de novembro, 08h30 &agrave;s 18h00, evento online<\/span><\/span><\/span><\/span><\/p>\r\n\r\n<p style=\"text-align:justify\"><span style=\"font-size:11pt\"><span style=\"line-height:normal\"><span style=\"font-family:Calibri,sans-serif\"><a href=\"https:\/\/wtin-summit.zoom.us\/webinar\/register\/8317274323268\/WN_dSUzxaVJS5uDqijTmxudMg#\/registration\" style=\"color:blue; text-decoration:underline\"><b><span lang=\"EN-US\" style=\"font-size:14.0pt\">Shaping the future of sustainable molded parts: Nonwoven Monomaterial Solutions<\/span><\/b><\/a><span lang=\"EN-US\" style=\"font-size:14.0pt\">, November 7, 2024, 10:00 am<\/span><\/span><\/span><\/span><\/p>\r\n\r\n<p style=\"text-align:justify\"><span style=\"font-size:11pt\"><span style=\"line-height:normal\"><span style=\"font-family:Calibri,sans-serif\"><a href=\"https:\/\/www.fimec.com.br\/\" style=\"color:blue; text-decoration:underline\"><b><span style=\"font-size:14.0pt\">Fimec 2025<\/span><\/b><\/a><span style=\"font-size:14.0pt\">, 18 a 20 de mar&ccedil;o, Fenac, Novo Hamburgo, RS<\/span><\/span><\/span><\/span><\/p>\r\n\r\n<p style=\"text-align:justify\"><span style=\"font-size:11pt\"><span style=\"line-height:normal\"><span style=\"font-family:Calibri,sans-serif\"><a href=\"https:\/\/ideashow.org\/\" style=\"color:blue; text-decoration:underline\"><b><span lang=\"EN-US\" style=\"font-size:14.0pt\">IDEA25<\/span><\/b><\/a><span lang=\"EN-US\" style=\"font-size:14.0pt\">, April 29-May 1, 2025, Miami Beach Convention Center, Miami Beach, Florida<\/span><\/span><\/span><\/span><\/p>\r\n\r\n<p style=\"text-align:justify\"><span style=\"font-size:28pt\"><span style=\"font-family:Cambria,serif\"><span style=\"letter-spacing:-0.5pt\"><b><span style=\"font-size:18.0pt\"><span style=\"font-family:&quot;Calibri&quot;,sans-serif\"><span style=\"font-variant:small-caps\">Setor<\/span><\/span><\/span><\/b><\/span><\/span><\/span><\/p>\r\n\r\n<p style=\"text-align:justify\"><span style=\"font-size:11pt\"><span style=\"line-height:normal\"><span style=\"font-family:Calibri,sans-serif\"><a href=\"https:\/\/plasticosemrevista.com.br\/pp-autossuficiencia-da-china-colapsa-mercado-mundial\/\" style=\"color:blue; text-decoration:underline\"><span style=\"font-size:14.0pt\">PP: autossufici&ecirc;ncia da China colapsa mercado mundial<\/span><\/a><\/span><\/span><\/span><\/p>\r\n\r\n<p style=\"text-align:justify\"><span style=\"font-size:11pt\"><span style=\"line-height:normal\"><span style=\"font-family:Calibri,sans-serif\"><a href=\"https:\/\/www.terra.com.br\/mobilidade\/carros\/volks-vai-trocar-plastico-por-tecido-no-interior-dos-carros,3711ee5d791d9cc4318e9cdb6cd5e4b6sxuieull.html\" style=\"color:blue; text-decoration:underline\"><span style=\"font-size:14.0pt\">Volks vai trocar pl&aacute;stico por tecido no interior dos carros<\/span><\/a><\/span><\/span><\/span><\/p>\r\n\r\n<p style=\"text-align:justify\"><span style=\"font-size:11pt\"><span style=\"line-height:normal\"><span style=\"font-family:Calibri,sans-serif\"><a href=\"https:\/\/t.rdsv2.net\/ls\/click?upn=u001.SJ-2BHbcLStyE5mTD5OK48sq2JxFfkhvQ6eAz6nLBcupXJ2Oe-2F73j-2FqCFgol0mxzWVAsZ4i6e6Ygz4zcJsl6EbmS-2BoHUd6HWy5OAhIZdUaVW1zJAKC6HLQSYxPqMEho05jeo0W9sKxswpofCKroaPnxaqBuXh0EoTY0nKqmiiv47LsfHyZTxXvAhkthhYXB-2Fpr73zcbtZa-2BNHIyKKu7GlnQvTnohzg9PuS7DHDE53-2BF8bMoRhGTdcp-2BTkxv1jQoz6UcbUk1JBK6BPlawOZuJqCHIOBwZVe-2BnUMQ4Es-2BiS-2BbTo-3DbNqf_T7N8BvZTOm04CQQMiyWztrpCjlUrRc4F7QzSgUIpTqB5Yk-2Bt7YhUyk7lZRXmbFFsi-2Foe1q0kuwsCjfsBOqL9ZeKwOqG7ApazixuGEP6Z5SJuFg5bm15p-2FcAKNI6-2BqjB-2B6DMeti-2BSnG5UNUh8eqygDk74qoweqwvpzAQOp6ZyNlbAl3X3vxHhVjBybv8McG7U1kkDxyp0s9ilkKPpXOL1CMxFHs86j-2Ft-2FQr9jzk1QNV3uoGvgeXYNxdvEcdOay7j1b4UwJzhVC8iiSCZl8INRAXjq51mMv4vfCaJl3xuic93RvHXxyml2gxZYr3qy2qMFEA2R9FWxHJynrnle5v-2B2-2B3s-2BiYkWPdq1hakq-2F8WTcIbEtAMWjuk6hAiMrmX72D1vGm-2B-2B7VbCu0pJoDXA-2Bi33FA8yWaHefx9wNiHRVG3pgICYhZz9pO31UkcUjG6UbBCYUGjG1t7WLTUEY-2BuaVwoAj1YXZw4pItj8E8ShOIV98zWM4v9LF-2FGShSdPCucslzl-2FD1POxLVFMpKGw3LdF2EhIhMR8C8tiT9VIgC4e825roTzAPWcEvlvytbwGUQpe5Od6X1tE2PDXw1EcfBBShHXjUSb4jOMmia1M2MwVBSjIhGJBiwCFNup0L9PyvhEZ78esQyth86krXpL7L5F8boMGg-3D-3D\" style=\"color:blue; text-decoration:underline\" target=\"_blank\" title=\"China lan\u00e7a novo padr\u00e3o para papel higi\u00eanico \u00famido que impulsiona inova\u00e7\u00e3o e sustentabilidade\"><span style=\"font-size:14.0pt\">China lan&ccedil;a novo padr&atilde;o para papel higi&ecirc;nico &uacute;mido que impulsiona inova&ccedil;&atilde;o e sustentabilidade<\/span><\/a><\/span><\/span><\/span><\/p>\r\n\r\n<p style=\"text-align:justify\"><span style=\"font-size:11pt\"><span style=\"line-height:normal\"><span style=\"font-family:Calibri,sans-serif\"><a href=\"https:\/\/www.technicaltextile.net\/news\/india-sets-new-quality-standards-for-geotextiles-indutech-textiles-298406.html\" style=\"color:blue; text-decoration:underline\"><span lang=\"EN-US\" style=\"font-size:14.0pt\">India sets new quality standards for geotextiles, indutech textiles<\/span><\/a><\/span><\/span><\/span><\/p>\r\n\r\n<p style=\"text-align:justify\"><span style=\"font-size:28pt\"><span style=\"font-family:Cambria,serif\"><span style=\"letter-spacing:-0.5pt\"><b><span style=\"font-size:18.0pt\"><span style=\"font-family:&quot;Calibri&quot;,sans-serif\"><span style=\"font-variant:small-caps\">Ind&uacute;stria<\/span><\/span><\/span><\/b><\/span><\/span><\/span><\/p>\r\n\r\n<p style=\"text-align:justify\"><span style=\"font-size:11pt\"><span style=\"line-height:normal\"><span style=\"font-family:Calibri,sans-serif\"><a href=\"https:\/\/noticias.portaldaindustria.com.br\/noticias\/economia\/aumento-dos-juros-pode-ter-freado-confianca-dos-industriais-em-outubro\/\" style=\"color:blue; text-decoration:underline\"><span style=\"font-size:14.0pt\">Aumento dos juros pode ter freado confian&ccedil;a dos industriais em outubro<\/span><\/a><\/span><\/span><\/span><\/p>\r\n\r\n<p style=\"text-align:justify\"><span style=\"font-size:11pt\"><span style=\"line-height:normal\"><span style=\"font-family:Calibri,sans-serif\"><a href=\"https:\/\/olivre.com.br\/industria-do-plastico-gerou-mais-de-370-mil-empregos-no-pais\" style=\"color:blue; text-decoration:underline\"><span style=\"font-size:14.0pt\">Ind&uacute;stria do pl&aacute;stico gerou mais de 370 mil empregos no pa&iacute;s<\/span><\/a><\/span><\/span><\/span><\/p>\r\n\r\n<p style=\"text-align:justify\"><span style=\"font-size:11pt\"><span style=\"line-height:normal\"><span style=\"font-family:Calibri,sans-serif\"><a href=\"https:\/\/lorena.r7.com\/dino\/post\/Resultados-da-industria-da-limpeza-impulsionam-a-quimica\/300659\" style=\"color:blue; text-decoration:underline\"><span style=\"font-size:14.0pt\">Resultados da ind&uacute;stria da limpeza impulsionam a qu&iacute;mica<\/span><\/a><\/span><\/span><\/span><\/p>\r\n\r\n<p style=\"text-align:justify\"><span style=\"font-size:11pt\"><span style=\"line-height:normal\"><span style=\"font-family:Calibri,sans-serif\"><a href=\"https:\/\/plasticosemrevista.com.br\/maquinas-alemas-para-plastico-continuam-no-vermelho\/\" style=\"color:blue; text-decoration:underline\"><span style=\"font-size:14.0pt\">M&aacute;quinas alem&atilde;s para pl&aacute;stico continuam no vermelho<\/span><\/a><\/span><\/span><\/span><\/p>\r\n\r\n<p style=\"text-align:justify\"><span style=\"font-size:28pt\"><span style=\"font-family:Cambria,serif\"><span style=\"letter-spacing:-0.5pt\"><b><span lang=\"ES-AR\" style=\"font-size:18.0pt\"><span style=\"font-family:&quot;Calibri&quot;,sans-serif\"><span style=\"font-variant:small-caps\">Sustentabilidade<\/span><\/span><\/span><\/b><\/span><\/span><\/span><\/p>\r\n\r\n<p style=\"text-align:justify\"><span style=\"font-size:11pt\"><span style=\"line-height:normal\"><span style=\"font-family:Calibri,sans-serif\"><a href=\"https:\/\/www.gov.br\/saude\/pt-br\/assuntos\/noticias\/2024\/outubro\/ministerio-da-saude-promove-evento-para-discutir-o-acordo-global-de-plasticos\" style=\"color:blue; text-decoration:underline\"><span style=\"font-size:14.0pt\">Minist&eacute;rio da Sa&uacute;de promove evento para discutir o Acordo Global de Pl&aacute;sticos<\/span><\/a><\/span><\/span><\/span><\/p>\r\n\r\n<p style=\"text-align:justify\"><span style=\"font-size:11pt\"><span style=\"line-height:normal\"><span style=\"font-family:Calibri,sans-serif\"><a href=\"https:\/\/email2.nonwovens-industry.com\/e3t\/Ctc\/W2+113\/c-vk304\/VVYrly66FM8SW2Snb-35RSM-0W197v5Z5l_wmDN33Mk427mmzdW50l5tj6lZ3lbN1QnVHSbF5dPW94LRjj1LsK04W6w3fbs9gpts3W21P6hL4LW9qmVMDfBB6Qf_WyW1hL0LP2hdg0XW266zk17r25H1W8sKFjx1p40zlW7FqSMT2tCy27W2r9F3G2K5F_TV9B00D6PzBCTW4FtCKp4RtCPnW8-mRbg1FMKHMW43YCcT6V8b8nW7Pnctc996mNpW6X5pBF768Z25N7x-2ZL4SP-qW9bJt6952vl-fV9DHL41DmSn7W7n6x2j5RD-mJW1TtgC67GsBvJTJb2D6B1dQgW53rhbp7NnCJSW8NMqm73tbtyPW7ZWPTp2mCV71W3TxYPz83C25LW4c7pHz1mfzPWW9lrtgB3XTKWlW8TSfW01BJBMsW6rsm9f4S3B_xW2wLRFv23Zs2FM_y1cQLwpY_VMQFdP74-slTW3NS4FS8c__XQW3PVfhV4Xq9fkVZHHWb313GryW9fPWBX69fNl2W1CrV3r4ZhS70W3w35cS47_cVnW2rgmF73rpXcVW61PJ711d5smdW6DgwF25ZD8-QW61J__T14Q9jhW71n1bZ3j3MctW58z6rJ5rH8tKW3Zkx9C70DvB2N4kFV3LVXnpCW7PZzFq6Ff29Rf4HGRZ604\" style=\"color:blue; text-decoration:underline\" target=\"_blank\"><span lang=\"EN-US\" style=\"font-size:14.0pt\">EU Commission Proposes Delay in Deforestation Regulation <\/span><\/a><\/span><\/span><\/span><\/p>\r\n\r\n<p style=\"text-align:justify\"><span style=\"font-size:11pt\"><span style=\"line-height:normal\"><span style=\"font-family:Calibri,sans-serif\"><a href=\"https:\/\/agenciabrasil.ebc.com.br\/fr\/node\/1615040\" style=\"color:blue; text-decoration:underline\"><span style=\"font-size:14.0pt\">Estudo Trata brasil: Falta de saneamento afeta frequ&ecirc;ncia escolar de 6 milh&otilde;es de crian&ccedil;as<\/span><\/a><\/span><\/span><\/span><\/p>\r\n\r\n<p style=\"text-align:justify\"><span style=\"font-size:11pt\"><span style=\"line-height:normal\"><span style=\"font-family:Calibri,sans-serif\"><a href=\"https:\/\/plasticosemrevista.com.br\/a-cirklo-atingira-9-000-t-mes-de-capacidade-de-reciclagem-btb-em-2025-atesta-o-diretor-renan-henrique\/\" style=\"color:blue; text-decoration:underline\"><span style=\"font-size:14.0pt\">&ldquo;A Cirklo atingir&aacute; 9.000 t\/m&ecirc;s de capacidade de reciclagem BTB em 2025&rdquo; - Parceria de fintechs constitui a maior recicladora de PET grau aliment&iacute;cio do Brasil<\/span><\/a><\/span><\/span><\/span><\/p>\r\n\r\n<p style=\"text-align:justify\"><span style=\"font-size:28pt\"><span style=\"font-family:Cambria,serif\"><span style=\"letter-spacing:-0.5pt\"><b><span style=\"font-size:18.0pt\"><span style=\"font-family:&quot;Calibri&quot;,sans-serif\"><span style=\"font-variant:small-caps\">Inova&ccedil;&atilde;o<\/span><\/span><\/span><\/b><\/span><\/span><\/span><\/p>\r\n\r\n<p style=\"text-align:justify\"><span style=\"font-size:11pt\"><span style=\"line-height:normal\"><span style=\"font-family:Calibri,sans-serif\"><a href=\"https:\/\/www.tempo.com\/noticias\/ciencia\/o-uso-de-cinza-de-bagaco-de-cana-de-acucar-em-pavimentacao-uma-solucao-sustentavel.html\" style=\"color:blue; text-decoration:underline\"><span style=\"font-size:14.0pt\">O uso de cinza de baga&ccedil;o de cana-de-a&ccedil;&uacute;car em pavimenta&ccedil;&atilde;o: uma solu&ccedil;&atilde;o sustent&aacute;vel<\/span><\/a><\/span><\/span><\/span><\/p>\r\n\r\n<p style=\"text-align:justify\"><span style=\"font-size:11pt\"><span style=\"line-height:normal\"><span style=\"font-family:Calibri,sans-serif\"><a href=\"https:\/\/ndmais.com.br\/economia\/encontro-debate-futuro-do-setor-plastico-no-sul-de-sc\/\" style=\"color:blue; text-decoration:underline\"><span style=\"font-size:14.0pt\">Inova Sul: Encontro debate futuro do setor pl&aacute;stico no Sul de SC<\/span><\/a><\/span><\/span><\/span><\/p>\r\n\r\n<p style=\"text-align:justify\"><span style=\"font-size:11pt\"><span style=\"line-height:normal\"><span style=\"font-family:Calibri,sans-serif\"><a href=\"https:\/\/www.braskem.com.br\/detalhe-noticia\/braskem-lanca-polipropileno-bio-circular-nos-estados-unidos\" style=\"color:blue; text-decoration:underline\"><span style=\"font-size:14.0pt\">Braskem lan&ccedil;a polipropileno bio-circular nos Estados Unidos<\/span><\/a><\/span><\/span><\/span><\/p>\r\n\r\n<p style=\"text-align:justify\"><span style=\"font-size:28pt\"><span style=\"font-family:Cambria,serif\"><span style=\"letter-spacing:-0.5pt\"><b><span style=\"font-size:18.0pt\"><span style=\"font-family:&quot;Calibri&quot;,sans-serif\"><span style=\"font-variant:small-caps\">Com&eacute;rcio Exterior<\/span><\/span><\/span><\/b><\/span><\/span><\/span><\/p>\r\n\r\n<p style=\"text-align:justify\"><span style=\"font-size:11pt\"><span style=\"line-height:normal\"><span style=\"font-family:Calibri,sans-serif\"><a href=\"https:\/\/phvox.com.br\/mexico-toma-partido-em-meio-a-guerra-comercial-entre-china-e-eua\/\" style=\"color:blue; text-decoration:underline\"><span style=\"font-size:14.0pt\">M&eacute;xico toma partido em meio &agrave; guerra comercial entre China e EUA<\/span><\/a><\/span><\/span><\/span><\/p>\r\n\r\n<p style=\"text-align:justify\"><span style=\"font-size:11pt\"><span style=\"line-height:normal\"><span style=\"font-family:Calibri,sans-serif\"><a href=\"https:\/\/apexbrasil.com.br\/br\/pt\/conteudo\/noticias\/Modernizacao-dos-acordos-entre-Brasil-e-Mexico-busca-aumentar-comercio-bilateral.html#msdynttrid=5YYBxt1dPIs3h6wu1_-kUsFgKWKl3ZPxeVffl_1M7OI\" style=\"color:blue; text-decoration:underline\"><span style=\"font-size:14.0pt\">Moderniza&ccedil;&atilde;o dos acordos entre Brasil e M&eacute;xico busca aumentar com&eacute;rcio bilateral<\/span><\/a><\/span><\/span><\/span><\/p>\r\n\r\n<p style=\"text-align:justify\"><span style=\"font-size:11pt\"><span style=\"line-height:normal\"><span style=\"font-family:Calibri,sans-serif\"><a href=\"https:\/\/static.portaldaindustria.com.br\/media\/filer_public\/31\/8b\/318b6b60-79f2-413b-848c-9f20e130720b\/ex_ipc_24-037_autocertificacao.pdf\" style=\"color:blue; text-decoration:underline\"><span style=\"font-size:14.0pt\">Brasil implementar&aacute; a autocertifica&ccedil;&atilde;o de origem em mar&ccedil;o de 2025<\/span><\/a><\/span><\/span><\/span><\/p>\r\n\r\n<p style=\"text-align:justify\"><span style=\"font-size:11pt\"><span style=\"line-height:normal\"><span style=\"font-family:Calibri,sans-serif\"><a href=\"https:\/\/apexbrasil.com.br\/br\/pt\/conteudo\/noticias\/Vice-presidente-Geraldo-Alckmin-e-presidente-da-ApexBrasil-Jorge-Viana-anunciam-investimentos-de-mais-de-RS-18,3-milhoes-para-preparar-empresas-para-exportacao.html#msdynttrid=t87Y45VQPAcqUmRLN4kP5_RqcRfxQFj8xxjJx7qsMAo\" style=\"color:blue; text-decoration:underline\"><span style=\"font-size:14.0pt\">Vice-presidente, Geraldo Alckmin, e presidente da ApexBrasil, Jorge Viana, anunciam investimentos de mais de R$ 18,3 milh&otilde;es para preparar empresas para exporta&ccedil;&atilde;o<\/span><\/a><\/span><\/span><\/span><\/p>\r\n\r\n<p style=\"text-align:justify\"><span style=\"font-size:28pt\"><span style=\"font-family:Cambria,serif\"><span style=\"letter-spacing:-0.5pt\"><b><span style=\"font-size:18.0pt\"><span style=\"font-family:&quot;Calibri&quot;,sans-serif\"><span style=\"font-variant:small-caps\">Economia<\/span><\/span><\/span><\/b><\/span><\/span><\/span><\/p>\r\n\r\n<p style=\"text-align:justify\"><span style=\"font-size:11pt\"><span style=\"line-height:normal\"><span style=\"font-family:Calibri,sans-serif\"><a href=\"https:\/\/www.bcb.gov.br\/content\/focus\/focus\/R20241011.pdf\" style=\"color:blue; text-decoration:underline\"><span style=\"font-size:14.0pt\">Focus - Relat&oacute;rio de Mercado<\/span><\/a><\/span><\/span><\/span><\/p>\r\n\r\n<p style=\"text-align:justify\"><span style=\"font-size:11pt\"><span style=\"line-height:normal\"><span style=\"font-family:Calibri,sans-serif\"><a href=\"https:\/\/noticias.portaldaindustria.com.br\/noticias\/economia\/cni-aumenta-de-24-para-34-a-projecao-de-crescimento-do-pib-de-2024\/\" style=\"color:blue; text-decoration:underline\"><span style=\"font-size:14.0pt\">CNI aumenta de 2,4% para 3,4% a proje&ccedil;&atilde;o de crescimento do PIB de 2024<\/span><\/a><\/span><\/span><\/span><\/p>\r\n\r\n<p style=\"text-align:justify\"><span style=\"font-size:11pt\"><span style=\"line-height:normal\"><span style=\"font-family:Calibri,sans-serif\"><a href=\"https:\/\/portalibre.fgv.br\/system\/files\/divulgacao\/noticias\/mat-complementar\/2024-10\/Bar%C3%B4metros%20Globais%20KOF-FGV_Press%20release_10_2024.pdf\" style=\"color:blue; text-decoration:underline\"><span style=\"font-size:14.0pt\">Bar&ocirc;metros Globais sinalizam continuidade de crescimento moderado da economia mundial<\/span><\/a><\/span><\/span><\/span><\/p>\r\n\r\n<p style=\"text-align:justify\"><span style=\"font-size:11pt\"><span style=\"line-height:normal\"><span style=\"font-family:Calibri,sans-serif\"><a href=\"https:\/\/ibre.fgv.br\/blog-da-conjuntura-economica\/artigos\/barometros-globais-em-alta-em-meio-noticias-sobre-de-juros\" style=\"color:blue; text-decoration:underline\"><span style=\"font-size:14.0pt\">Bar&ocirc;metros Globais em alta, em meio a not&iacute;cias sobre de juros, est&iacute;mulos na China e conflito no Oriente M&eacute;dio<\/span><\/a><\/span><\/span><\/span><\/p>\r\n\r\n<p style=\"text-align:justify\"><span style=\"font-size:11.0pt\"><span style=\"line-height:115%\"><span style=\"font-family:&quot;Calibri&quot;,sans-serif\"><a href=\"https:\/\/www.fibre2fashion.com\/news\/textile-news\/china-to-expand-investment-to-boost-economic-growth-ndrc-298462-newsdetails.htm\" style=\"color:blue; text-decoration:underline\"><span lang=\"EN-US\" style=\"font-size:14.0pt\"><span style=\"line-height:115%\">China to expand investment to boost economic growth: NDRC<\/span><\/span><\/a><\/span><\/span><\/span><\/p>\r\n\r\n<p style=\"text-align:justify\">&nbsp;<\/p>\r\n\r\n<p style=\"text-align:justify\"><span style=\"font-size:11.0pt\"><span style=\"line-height:115%\"><span style=\"font-family:&quot;Calibri&quot;,sans-serif\"><span lang=\"EN-US\" style=\"font-size:14.0pt\"><span style=\"line-height:115%\"><img src=\"https:\/\/www.abint.org.br\/assets\/img\/editor\/redes-sociais-abint-ctg-cth_20241022125631aa5uBa9XRu.jpg\" \/><\/span><\/span><\/span><\/span><\/span><\/p>\r\n","6":"<p style=\"text-align:justify\"><span style=\"font-size:11pt\"><span style=\"line-height:normal\"><span style=\"font-family:Calibri,sans-serif\"><span style=\"font-size:14.0pt\">Esta &eacute; uma compila&ccedil;&atilde;o das not&iacute;cias mais relevantes para o setor, incluindo informa&ccedil;&otilde;es sobre acordos internacionais, economia brasileira, sustentabilidade e mat&eacute;rias primas, al&eacute;m de novidades do setor de N&atilde;otecidos e Tecidos T&eacute;cnicos.<\/span><\/span><\/span><\/span><\/p>\r\n\r\n<p class=\"MsoTitleCxSpFirst\" style=\"text-align:justify\"><b><span style=\"font-size:18.0pt\"><span style=\"line-height:115%\"><span style=\"font-family:&quot;Calibri&quot;,sans-serif\"><span style=\"font-variant:small-caps\">O que vem por a&iacute;<\/span><\/span><\/span><\/span><\/b><\/p>\r\n\r\n<p class=\"MsoTitleCxSpFirst\" style=\"text-align:justify\"><b><span style=\"font-size:18.0pt\"><span style=\"line-height:115%\"><span style=\"font-family:&quot;Calibri&quot;,sans-serif\"><span style=\"font-variant:small-caps\"><img src=\"https:\/\/www.abint.org.br\/assets\/img\/editor\/abint-logo-2020-g_202410221249206cLSHbHX8n.png\" style=\"width: 300px; height: 69px;\" \/><\/span><\/span><\/span><\/span><\/b><\/p>\r\n\r\n<p style=\"text-align:justify\"><span style=\"font-size:11pt\"><span style=\"line-height:normal\"><span style=\"font-family:Calibri,sans-serif\"><span style=\"font-size:14.0pt\">A <b>ABINT<\/b> &eacute; uma das <b>patrocinadoras<\/b> do<b> <\/b><\/span><a href=\"https:\/\/www.congressoabit.com.br\/\" style=\"color:blue; text-decoration:underline\"><b><span style=\"font-size:14.0pt\">Congresso Internacional Abit 2024<\/span><\/b><\/a><span style=\"font-size:14.0pt\">, que ocorrer&aacute; dias 30 e 31 de outubro, no SENAI Cimatec, Salvador, BA.<\/span><\/span><\/span><\/span><\/p>\r\n\r\n<p style=\"text-align:justify\"><span style=\"font-size:11pt\"><span style=\"line-height:normal\"><span style=\"font-family:Calibri,sans-serif\"><span style=\"font-size:14.0pt\"><img src=\"https:\/\/www.abint.org.br\/assets\/img\/editor\/congresso-internacional-abit-2024-com-logo_20241022125042Ad5Yf2AcGJ.jpg\" style=\"width: 500px; height: 500px;\" \/><\/span><\/span><\/span><\/span><\/p>\r\n\r\n<p style=\"text-align:justify\">&nbsp;<\/p>\r\n\r\n<p style=\"text-align:justify\"><span style=\"font-size:11pt\"><span style=\"line-height:normal\"><span style=\"font-family:Calibri,sans-serif\"><span style=\"font-size:14.0pt\"><img src=\"https:\/\/www.abint.org.br\/assets\/img\/editor\/logo-ctg-abint-png_20241022125127cqpO5mWzs1.png\" style=\"width: 300px; height: 55px;\" \/><\/span><\/span><\/span><\/span><\/p>\r\n\r\n<p style=\"text-align:justify\"><span style=\"font-size:11pt\"><span style=\"line-height:normal\"><span style=\"font-family:Calibri,sans-serif\"><span style=\"font-size:14.0pt\">O <b>CTG ABINT apoia a Feira Nacional de Saneamento e Meio Ambiente &ndash; Fenasan e do 35&ordm; Encontro T&eacute;cnico AESabesp, que ocorrer&atilde;o de 22 a 24 de outubro de 2024<\/b>, no Pavilh&atilde;o Verde e Vermelho, no Expo Center Norte, em S&atilde;o Paulo. Trata-se do maior evento de saneamento da Am&eacute;rica Latin. A realiza&ccedil;&atilde;o &eacute; da AESabesp &ndash; Associa&ccedil;&atilde;o dos Engenheiros da Sabesp.<\/span><\/span><\/span><\/span><\/p>\r\n\r\n<p style=\"text-align:justify\"><span style=\"font-size:11pt\"><span style=\"line-height:normal\"><span style=\"font-family:Calibri,sans-serif\"><i><span style=\"font-size:14.0pt\">O tema central desta edi&ccedil;&atilde;o &eacute; &ldquo;Saneamento ambiental: condi&ccedil;&atilde;o fundamental para o enfrentamento das mudan&ccedil;as clim&aacute;ticas&rdquo;. Com um p&uacute;blico tradicionalmente de 22 mil visitantes e alinhada aos ODS &ndash; Objetivos de Desenvolvimento Sustent&aacute;vel estabelecidos pela ONU e aos conceitos de ESG, a edi&ccedil;&atilde;o 2024 continuar&aacute; ampliando o di&aacute;logo em torno das quest&otilde;es de saneamento ambiental, meio ambiente e sustentabilidade e promovendo o compartilhamento de conhecimento altamente qualificado.<\/span><\/i><\/span><\/span><\/span><\/p>\r\n\r\n<p style=\"text-align:justify\"><span style=\"font-size:11pt\"><span style=\"line-height:normal\"><span style=\"font-family:Calibri,sans-serif\"><a href=\"http:\/\/www.fenasan.com.br\" style=\"color:blue; text-decoration:underline\"><span style=\"font-size:14.0pt\">www.fenasan.com.br<\/span><\/a> <\/span><\/span><\/span><\/p>\r\n\r\n<p style=\"text-align:justify\"><img src=\"https:\/\/www.abint.org.br\/assets\/img\/editor\/fenasan-2024_20241022125225yagGgvVCfy.jpg\" \/><\/p>\r\n\r\n<p style=\"text-align:justify\">&nbsp;<\/p>\r\n\r\n<p style=\"text-align:justify\">&nbsp;<\/p>\r\n\r\n<p style=\"text-align:justify\"><img src=\"https:\/\/www.abint.org.br\/assets\/img\/editor\/cth-logo-alta-jpg_20241022125318rQEnTLxzym.jpg\" style=\"width: 300px; height: 68px;\" \/><\/p>\r\n\r\n<p style=\"text-align:justify\">O&nbsp;<span style=\"font-size:11pt\"><span style=\"line-height:normal\"><span style=\"font-family:Calibri,sans-serif\"><b><span style=\"font-size:12.0pt\">CTH ABINT &eacute; um dos patrocinadores da HospitalMed 2024.<\/span><\/b><\/span><\/span><\/span><\/p>\r\n\r\n<p style=\"text-align:justify\"><span style=\"font-size:11pt\"><span style=\"line-height:normal\"><span style=\"font-family:Calibri,sans-serif\"><span style=\"font-size:12.0pt\">&ldquo;<i>A melhor e Mais Completa Feira de Sa&uacute;de do Norte\/Nordeste<\/i>&rdquo;, &eacute; uma realiza&ccedil;&atilde;o da HospitalMed Feiras &amp; Eventos e da Insight Feiras de Neg&oacute;cios.<\/span><\/span><\/span><\/span><\/p>\r\n\r\n<p style=\"text-align:justify\"><span style=\"font-size:11pt\"><span style=\"line-height:normal\"><span style=\"font-family:Calibri,sans-serif\"><i><span style=\"font-size:12.0pt\">&ldquo;O <b>re&uacute;ne toda a cadeia produtiva do setor de sa&uacute;de das regi&otilde;es Norte\/Nordeste<\/b>. &Eacute; o grande encontro de fornecedores de Produtos, Equipamentos, Servi&ccedil;os, Tecnologia e Conte&uacute;do para Hospitais, Laborat&oacute;rios, Farm&aacute;cias, Cl&iacute;nicas, Consult&oacute;rios e Profissionais da Sa&uacute;de&rdquo;.<\/span><\/i><\/span><\/span><\/span><\/p>\r\n\r\n<p style=\"text-align:justify\"><span style=\"font-size:11pt\"><span style=\"line-height:normal\"><span style=\"font-family:Calibri,sans-serif\"><a href=\"http:\/\/www.hospitalmed.com.br\" style=\"color:blue; text-decoration:underline\"><span style=\"font-size:14.0pt\">www.hospitalmed.com.br<\/span><\/a> <\/span><\/span><\/span><\/p>\r\n\r\n<p style=\"text-align:justify\"><span style=\"font-size:11pt\"><span style=\"line-height:normal\"><span style=\"font-family:Calibri,sans-serif\"><span style=\"font-size:14.0pt\"><img src=\"https:\/\/www.abint.org.br\/assets\/img\/editor\/hospitalmed-2024-feed-cth-abint_20241022125420VAUw7vJXME.png\" style=\"width: 500px; height: 625px;\" \/><\/span><\/span><\/span><\/span><\/p>\r\n\r\n<p style=\"text-align:justify\">&nbsp;<\/p>\r\n\r\n<p style=\"text-align:justify\"><span style=\"font-size:28pt\"><span style=\"font-family:Cambria,serif\"><span style=\"letter-spacing:-0.5pt\"><b><span style=\"font-size:18.0pt\"><span style=\"font-family:&quot;Calibri&quot;,sans-serif\"><span style=\"font-variant:small-caps\">Not&iacute;cias das Associadas<\/span><\/span><\/span><\/b><\/span><\/span><\/span><\/p>\r\n\r\n<p style=\"text-align:justify\"><span style=\"font-size:11pt\"><span style=\"line-height:normal\"><span style=\"font-family:Calibri,sans-serif\"><a href=\"https:\/\/gazetadepinheiros.com.br\/noticia\/10540\/eleicoes-abint-2024\" style=\"color:blue; text-decoration:underline\"><span style=\"font-size:14.0pt\">Elei&ccedil;&otilde;es ABINT 2024<\/span><\/a><\/span><\/span><\/span><\/p>\r\n\r\n<p style=\"text-align:justify\"><span style=\"font-size:11pt\"><span style=\"line-height:normal\"><span style=\"font-family:Calibri,sans-serif\"><a href=\"https:\/\/jc.ne10.uol.com.br\/colunas\/saude-e-bem-estar\/2024\/10\/09\/hospitalmed-2024-apresenta-vida-60-expo-o-maior-evento-de-longevidade-do-nordeste.html\" style=\"color:blue; text-decoration:underline\"><span style=\"font-size:14.0pt\">CTH ABINT: HospitalMed 2024 apresenta Vida 60+ Expo, o maior evento de longevidade do Nordeste<\/span><\/a><\/span><\/span><\/span><\/p>\r\n\r\n<p style=\"text-align:justify\"><span style=\"font-size:11pt\"><span style=\"line-height:normal\"><span style=\"font-family:Calibri,sans-serif\"><a href=\"https:\/\/www.techbriefs.com\/component\/content\/article\/51800-tech-focus-freudenberg-sealing-technologies-showcases-battery-life-cycle-solutions\" style=\"color:blue; text-decoration:underline\"><span lang=\"EN-US\" style=\"font-size:14.0pt\">Tech Focus: Freudenberg Sealing Technologies Showcases Battery Life Cycle Solutions<\/span><\/a><\/span><\/span><\/span><\/p>\r\n\r\n<p style=\"text-align:justify\">&nbsp;<\/p>\r\n\r\n<p style=\"text-align:justify\"><span style=\"font-size:11pt\"><span style=\"line-height:normal\"><span style=\"font-family:Calibri,sans-serif\"><b><span style=\"font-size:18.0pt\"><span style=\"font-variant:small-caps\">Eventos<\/span><\/span><\/b><\/span><\/span><\/span><\/p>\r\n\r\n<p style=\"text-align:justify\"><span style=\"font-size:11pt\"><span style=\"line-height:normal\"><span style=\"font-family:Calibri,sans-serif\"><a href=\"https:\/\/www.abrafiltros.org.br\/cursos\/\" style=\"color:blue; text-decoration:underline\"><b><span style=\"font-size:14.0pt\">Cursos Abrafiltros | Automatiza&ccedil;&atilde;o de Filtros de Manga<\/span><\/b><\/a><\/span><\/span><\/span><\/p>\r\n\r\n<p style=\"text-align:justify\"><span style=\"font-size:11pt\"><span style=\"line-height:normal\"><span style=\"font-family:Calibri,sans-serif\"><a href=\"https:\/\/www.sympla.com.br\/evento\/encontro-regional-almaco-em-salvador-ba\/2611464\" style=\"color:blue; text-decoration:underline\"><b><span style=\"font-size:14.0pt\">Encontro Regional ALMACO<\/span><\/b><\/a><span style=\"font-size:14.0pt\">, 16 de outubro de 2024, 13h00 &agrave;s 18h00, evento presencial, Fiesta Bahia Hotel, Salvador, BA<\/span><\/span><\/span><\/span><\/p>\r\n\r\n<p style=\"text-align:justify\"><span style=\"font-size:11pt\"><span style=\"line-height:normal\"><span style=\"font-family:Calibri,sans-serif\"><a href=\"http:\/\/www.fenasan.com.br\" style=\"color:blue; text-decoration:underline\"><b><span style=\"font-size:14.0pt\">Fenasan 2024 &ndash; Feira Nacional de Saneamento e Meio Ambiente<\/span><\/b><\/a><span style=\"font-size:14.0pt\">, 22 a 24 de outubro de 2024, Pavilh&otilde;es Verde e Vermelho, Expo Center Norte, S&atilde;o Paulo SP<\/span><\/span><\/span><\/span><\/p>\r\n\r\n<p style=\"text-align:justify\"><span style=\"font-size:11pt\"><span style=\"line-height:normal\"><span style=\"font-family:Calibri,sans-serif\"><a href=\"http:\/\/www.hospitalmed.com.br\" style=\"color:blue; text-decoration:underline\"><b><span style=\"font-size:14.0pt\">HospitalMed 2024<\/span><\/b><\/a><span style=\"font-size:14.0pt\">, 23 a 25 de outubro, das 14h &agrave;s 20h, no Pernambuco Centro de Conven&ccedil;&otilde;es<\/span><\/span><\/span><\/span><\/p>\r\n\r\n<p style=\"text-align:justify\"><span style=\"font-size:11pt\"><span style=\"line-height:normal\"><span style=\"font-family:Calibri,sans-serif\"><a href=\"https:\/\/www.abnteducacao.com.br\/Simbologia_de_cuidados_aplicada_a_Etiquetagem_de_Texteis_ABNT_NBR_NM_ISO_3758\" style=\"color:blue; text-decoration:underline\"><b><span style=\"font-size:14.0pt\">Simbologia de cuidados aplicada a Etiquetagem de T&ecirc;xteis<\/span><\/b><\/a><span style=\"font-size:14.0pt\">, 23 e 24 de outubro de 2024, 8h30 &agrave;s 17h30, evento online<\/span><\/span><\/span><\/span><\/p>\r\n\r\n<p style=\"text-align:justify\"><span style=\"font-size:11pt\"><span style=\"line-height:normal\"><span style=\"font-family:Calibri,sans-serif\"><a href=\"https:\/\/b20brazil.org\/#msdynttrid=6zt-Ug2nJO0FDfhoU9K0en-twuGAoU5aPF8EQm7neRo\" style=\"color:blue; text-decoration:underline\"><b><span lang=\"EN-US\" style=\"font-size:14.0pt\">B20 Summit Brasil 2024 - Inclusive Growth for a Sustainable Future<\/span><\/b><\/a><span lang=\"EN-US\" style=\"font-size:14.0pt\">, October 24th - 25th, 2024, Clube Atl&eacute;tico Monte L&iacute;bano, S&atilde;o Paulo, SP<\/span><\/span><\/span><\/span><\/p>\r\n\r\n<p style=\"text-align:justify\"><span style=\"font-size:11pt\"><span style=\"line-height:normal\"><span style=\"font-family:Calibri,sans-serif\"><a href=\"http:\/\/www.congressoabit.com.br\" style=\"color:blue; text-decoration:underline\"><b><span style=\"font-size:14.0pt\">Congresso Internacional Abit 2024<\/span><\/b><\/a><span style=\"font-size:14.0pt\">, 30 e 31 de outubro, Salvador, Bahia<\/span><\/span><\/span><\/span><\/p>\r\n\r\n<p style=\"text-align:justify\"><span style=\"font-size:11pt\"><span style=\"line-height:normal\"><span style=\"font-family:Calibri,sans-serif\"><a href=\"https:\/\/abrava.com.br\/compromissos\/xxiii-encontro-nacional-de-empresas-projetistas-e-consultores-da-abrava-copy\/?utm_campaign=participe_do_xxiv_encontro_nacional_de_empresas_projetistas_e_consultores&amp;utm_medium=email&amp;utm_source=RD+Station\" style=\"color:blue; text-decoration:underline\"><b><span style=\"font-size:14.0pt\">ENPC 2024 &ndash; XXIV Encontro Nacional de Empresas Projetistas e Consultores da Abrava<\/span><\/b><\/a><span style=\"font-size:14.0pt\">, 05 e 06 de novembro, 08h30 &agrave;s 18h00, evento online<\/span><\/span><\/span><\/span><\/p>\r\n\r\n<p style=\"text-align:justify\"><span style=\"font-size:11pt\"><span style=\"line-height:normal\"><span style=\"font-family:Calibri,sans-serif\"><a href=\"https:\/\/wtin-summit.zoom.us\/webinar\/register\/8317274323268\/WN_dSUzxaVJS5uDqijTmxudMg#\/registration\" style=\"color:blue; text-decoration:underline\"><b><span lang=\"EN-US\" style=\"font-size:14.0pt\">Shaping the future of sustainable molded parts: Nonwoven Monomaterial Solutions<\/span><\/b><\/a><span lang=\"EN-US\" style=\"font-size:14.0pt\">, November 7, 2024, 10:00 am<\/span><\/span><\/span><\/span><\/p>\r\n\r\n<p style=\"text-align:justify\"><span style=\"font-size:11pt\"><span style=\"line-height:normal\"><span style=\"font-family:Calibri,sans-serif\"><a href=\"https:\/\/www.fimec.com.br\/\" style=\"color:blue; text-decoration:underline\"><b><span style=\"font-size:14.0pt\">Fimec 2025<\/span><\/b><\/a><span style=\"font-size:14.0pt\">, 18 a 20 de mar&ccedil;o, Fenac, Novo Hamburgo, RS<\/span><\/span><\/span><\/span><\/p>\r\n\r\n<p style=\"text-align:justify\"><span style=\"font-size:11pt\"><span style=\"line-height:normal\"><span style=\"font-family:Calibri,sans-serif\"><a href=\"https:\/\/ideashow.org\/\" style=\"color:blue; text-decoration:underline\"><b><span lang=\"EN-US\" style=\"font-size:14.0pt\">IDEA25<\/span><\/b><\/a><span lang=\"EN-US\" style=\"font-size:14.0pt\">, April 29-May 1, 2025, Miami Beach Convention Center, Miami Beach, Florida<\/span><\/span><\/span><\/span><\/p>\r\n\r\n<p style=\"text-align:justify\"><span style=\"font-size:28pt\"><span style=\"font-family:Cambria,serif\"><span style=\"letter-spacing:-0.5pt\"><b><span style=\"font-size:18.0pt\"><span style=\"font-family:&quot;Calibri&quot;,sans-serif\"><span style=\"font-variant:small-caps\">Setor<\/span><\/span><\/span><\/b><\/span><\/span><\/span><\/p>\r\n\r\n<p style=\"text-align:justify\"><span style=\"font-size:11pt\"><span style=\"line-height:normal\"><span style=\"font-family:Calibri,sans-serif\"><a href=\"https:\/\/plasticosemrevista.com.br\/pp-autossuficiencia-da-china-colapsa-mercado-mundial\/\" style=\"color:blue; text-decoration:underline\"><span style=\"font-size:14.0pt\">PP: autossufici&ecirc;ncia da China colapsa mercado mundial<\/span><\/a><\/span><\/span><\/span><\/p>\r\n\r\n<p style=\"text-align:justify\"><span style=\"font-size:11pt\"><span style=\"line-height:normal\"><span style=\"font-family:Calibri,sans-serif\"><a href=\"https:\/\/www.terra.com.br\/mobilidade\/carros\/volks-vai-trocar-plastico-por-tecido-no-interior-dos-carros,3711ee5d791d9cc4318e9cdb6cd5e4b6sxuieull.html\" style=\"color:blue; text-decoration:underline\"><span style=\"font-size:14.0pt\">Volks vai trocar pl&aacute;stico por tecido no interior dos carros<\/span><\/a><\/span><\/span><\/span><\/p>\r\n\r\n<p style=\"text-align:justify\"><span style=\"font-size:11pt\"><span style=\"line-height:normal\"><span style=\"font-family:Calibri,sans-serif\"><a href=\"https:\/\/t.rdsv2.net\/ls\/click?upn=u001.SJ-2BHbcLStyE5mTD5OK48sq2JxFfkhvQ6eAz6nLBcupXJ2Oe-2F73j-2FqCFgol0mxzWVAsZ4i6e6Ygz4zcJsl6EbmS-2BoHUd6HWy5OAhIZdUaVW1zJAKC6HLQSYxPqMEho05jeo0W9sKxswpofCKroaPnxaqBuXh0EoTY0nKqmiiv47LsfHyZTxXvAhkthhYXB-2Fpr73zcbtZa-2BNHIyKKu7GlnQvTnohzg9PuS7DHDE53-2BF8bMoRhGTdcp-2BTkxv1jQoz6UcbUk1JBK6BPlawOZuJqCHIOBwZVe-2BnUMQ4Es-2BiS-2BbTo-3DbNqf_T7N8BvZTOm04CQQMiyWztrpCjlUrRc4F7QzSgUIpTqB5Yk-2Bt7YhUyk7lZRXmbFFsi-2Foe1q0kuwsCjfsBOqL9ZeKwOqG7ApazixuGEP6Z5SJuFg5bm15p-2FcAKNI6-2BqjB-2B6DMeti-2BSnG5UNUh8eqygDk74qoweqwvpzAQOp6ZyNlbAl3X3vxHhVjBybv8McG7U1kkDxyp0s9ilkKPpXOL1CMxFHs86j-2Ft-2FQr9jzk1QNV3uoGvgeXYNxdvEcdOay7j1b4UwJzhVC8iiSCZl8INRAXjq51mMv4vfCaJl3xuic93RvHXxyml2gxZYr3qy2qMFEA2R9FWxHJynrnle5v-2B2-2B3s-2BiYkWPdq1hakq-2F8WTcIbEtAMWjuk6hAiMrmX72D1vGm-2B-2B7VbCu0pJoDXA-2Bi33FA8yWaHefx9wNiHRVG3pgICYhZz9pO31UkcUjG6UbBCYUGjG1t7WLTUEY-2BuaVwoAj1YXZw4pItj8E8ShOIV98zWM4v9LF-2FGShSdPCucslzl-2FD1POxLVFMpKGw3LdF2EhIhMR8C8tiT9VIgC4e825roTzAPWcEvlvytbwGUQpe5Od6X1tE2PDXw1EcfBBShHXjUSb4jOMmia1M2MwVBSjIhGJBiwCFNup0L9PyvhEZ78esQyth86krXpL7L5F8boMGg-3D-3D\" style=\"color:blue; text-decoration:underline\" target=\"_blank\" title=\"China lan\u00e7a novo padr\u00e3o para papel higi\u00eanico \u00famido que impulsiona inova\u00e7\u00e3o e sustentabilidade\"><span style=\"font-size:14.0pt\">China lan&ccedil;a novo padr&atilde;o para papel higi&ecirc;nico &uacute;mido que impulsiona inova&ccedil;&atilde;o e sustentabilidade<\/span><\/a><\/span><\/span><\/span><\/p>\r\n\r\n<p style=\"text-align:justify\"><span style=\"font-size:11pt\"><span style=\"line-height:normal\"><span style=\"font-family:Calibri,sans-serif\"><a href=\"https:\/\/www.technicaltextile.net\/news\/india-sets-new-quality-standards-for-geotextiles-indutech-textiles-298406.html\" style=\"color:blue; text-decoration:underline\"><span lang=\"EN-US\" style=\"font-size:14.0pt\">India sets new quality standards for geotextiles, indutech textiles<\/span><\/a><\/span><\/span><\/span><\/p>\r\n\r\n<p style=\"text-align:justify\"><span style=\"font-size:28pt\"><span style=\"font-family:Cambria,serif\"><span style=\"letter-spacing:-0.5pt\"><b><span style=\"font-size:18.0pt\"><span style=\"font-family:&quot;Calibri&quot;,sans-serif\"><span style=\"font-variant:small-caps\">Ind&uacute;stria<\/span><\/span><\/span><\/b><\/span><\/span><\/span><\/p>\r\n\r\n<p style=\"text-align:justify\"><span style=\"font-size:11pt\"><span style=\"line-height:normal\"><span style=\"font-family:Calibri,sans-serif\"><a href=\"https:\/\/noticias.portaldaindustria.com.br\/noticias\/economia\/aumento-dos-juros-pode-ter-freado-confianca-dos-industriais-em-outubro\/\" style=\"color:blue; text-decoration:underline\"><span style=\"font-size:14.0pt\">Aumento dos juros pode ter freado confian&ccedil;a dos industriais em outubro<\/span><\/a><\/span><\/span><\/span><\/p>\r\n\r\n<p style=\"text-align:justify\"><span style=\"font-size:11pt\"><span style=\"line-height:normal\"><span style=\"font-family:Calibri,sans-serif\"><a href=\"https:\/\/olivre.com.br\/industria-do-plastico-gerou-mais-de-370-mil-empregos-no-pais\" style=\"color:blue; text-decoration:underline\"><span style=\"font-size:14.0pt\">Ind&uacute;stria do pl&aacute;stico gerou mais de 370 mil empregos no pa&iacute;s<\/span><\/a><\/span><\/span><\/span><\/p>\r\n\r\n<p style=\"text-align:justify\"><span style=\"font-size:11pt\"><span style=\"line-height:normal\"><span style=\"font-family:Calibri,sans-serif\"><a href=\"https:\/\/lorena.r7.com\/dino\/post\/Resultados-da-industria-da-limpeza-impulsionam-a-quimica\/300659\" style=\"color:blue; text-decoration:underline\"><span style=\"font-size:14.0pt\">Resultados da ind&uacute;stria da limpeza impulsionam a qu&iacute;mica<\/span><\/a><\/span><\/span><\/span><\/p>\r\n\r\n<p style=\"text-align:justify\"><span style=\"font-size:11pt\"><span style=\"line-height:normal\"><span style=\"font-family:Calibri,sans-serif\"><a href=\"https:\/\/plasticosemrevista.com.br\/maquinas-alemas-para-plastico-continuam-no-vermelho\/\" style=\"color:blue; text-decoration:underline\"><span style=\"font-size:14.0pt\">M&aacute;quinas alem&atilde;s para pl&aacute;stico continuam no vermelho<\/span><\/a><\/span><\/span><\/span><\/p>\r\n\r\n<p style=\"text-align:justify\"><span style=\"font-size:28pt\"><span style=\"font-family:Cambria,serif\"><span style=\"letter-spacing:-0.5pt\"><b><span lang=\"ES-AR\" style=\"font-size:18.0pt\"><span style=\"font-family:&quot;Calibri&quot;,sans-serif\"><span style=\"font-variant:small-caps\">Sustentabilidade<\/span><\/span><\/span><\/b><\/span><\/span><\/span><\/p>\r\n\r\n<p style=\"text-align:justify\"><span style=\"font-size:11pt\"><span style=\"line-height:normal\"><span style=\"font-family:Calibri,sans-serif\"><a href=\"https:\/\/www.gov.br\/saude\/pt-br\/assuntos\/noticias\/2024\/outubro\/ministerio-da-saude-promove-evento-para-discutir-o-acordo-global-de-plasticos\" style=\"color:blue; text-decoration:underline\"><span style=\"font-size:14.0pt\">Minist&eacute;rio da Sa&uacute;de promove evento para discutir o Acordo Global de Pl&aacute;sticos<\/span><\/a><\/span><\/span><\/span><\/p>\r\n\r\n<p style=\"text-align:justify\"><span style=\"font-size:11pt\"><span style=\"line-height:normal\"><span style=\"font-family:Calibri,sans-serif\"><a href=\"https:\/\/email2.nonwovens-industry.com\/e3t\/Ctc\/W2+113\/c-vk304\/VVYrly66FM8SW2Snb-35RSM-0W197v5Z5l_wmDN33Mk427mmzdW50l5tj6lZ3lbN1QnVHSbF5dPW94LRjj1LsK04W6w3fbs9gpts3W21P6hL4LW9qmVMDfBB6Qf_WyW1hL0LP2hdg0XW266zk17r25H1W8sKFjx1p40zlW7FqSMT2tCy27W2r9F3G2K5F_TV9B00D6PzBCTW4FtCKp4RtCPnW8-mRbg1FMKHMW43YCcT6V8b8nW7Pnctc996mNpW6X5pBF768Z25N7x-2ZL4SP-qW9bJt6952vl-fV9DHL41DmSn7W7n6x2j5RD-mJW1TtgC67GsBvJTJb2D6B1dQgW53rhbp7NnCJSW8NMqm73tbtyPW7ZWPTp2mCV71W3TxYPz83C25LW4c7pHz1mfzPWW9lrtgB3XTKWlW8TSfW01BJBMsW6rsm9f4S3B_xW2wLRFv23Zs2FM_y1cQLwpY_VMQFdP74-slTW3NS4FS8c__XQW3PVfhV4Xq9fkVZHHWb313GryW9fPWBX69fNl2W1CrV3r4ZhS70W3w35cS47_cVnW2rgmF73rpXcVW61PJ711d5smdW6DgwF25ZD8-QW61J__T14Q9jhW71n1bZ3j3MctW58z6rJ5rH8tKW3Zkx9C70DvB2N4kFV3LVXnpCW7PZzFq6Ff29Rf4HGRZ604\" style=\"color:blue; text-decoration:underline\" target=\"_blank\"><span lang=\"EN-US\" style=\"font-size:14.0pt\">EU Commission Proposes Delay in Deforestation Regulation <\/span><\/a><\/span><\/span><\/span><\/p>\r\n\r\n<p style=\"text-align:justify\"><span style=\"font-size:11pt\"><span style=\"line-height:normal\"><span style=\"font-family:Calibri,sans-serif\"><a href=\"https:\/\/agenciabrasil.ebc.com.br\/fr\/node\/1615040\" style=\"color:blue; text-decoration:underline\"><span style=\"font-size:14.0pt\">Estudo Trata brasil: Falta de saneamento afeta frequ&ecirc;ncia escolar de 6 milh&otilde;es de crian&ccedil;as<\/span><\/a><\/span><\/span><\/span><\/p>\r\n\r\n<p style=\"text-align:justify\"><span style=\"font-size:11pt\"><span style=\"line-height:normal\"><span style=\"font-family:Calibri,sans-serif\"><a href=\"https:\/\/plasticosemrevista.com.br\/a-cirklo-atingira-9-000-t-mes-de-capacidade-de-reciclagem-btb-em-2025-atesta-o-diretor-renan-henrique\/\" style=\"color:blue; text-decoration:underline\"><span style=\"font-size:14.0pt\">&ldquo;A Cirklo atingir&aacute; 9.000 t\/m&ecirc;s de capacidade de reciclagem BTB em 2025&rdquo; - Parceria de fintechs constitui a maior recicladora de PET grau aliment&iacute;cio do Brasil<\/span><\/a><\/span><\/span><\/span><\/p>\r\n\r\n<p style=\"text-align:justify\"><span style=\"font-size:28pt\"><span style=\"font-family:Cambria,serif\"><span style=\"letter-spacing:-0.5pt\"><b><span style=\"font-size:18.0pt\"><span style=\"font-family:&quot;Calibri&quot;,sans-serif\"><span style=\"font-variant:small-caps\">Inova&ccedil;&atilde;o<\/span><\/span><\/span><\/b><\/span><\/span><\/span><\/p>\r\n\r\n<p style=\"text-align:justify\"><span style=\"font-size:11pt\"><span style=\"line-height:normal\"><span style=\"font-family:Calibri,sans-serif\"><a href=\"https:\/\/www.tempo.com\/noticias\/ciencia\/o-uso-de-cinza-de-bagaco-de-cana-de-acucar-em-pavimentacao-uma-solucao-sustentavel.html\" style=\"color:blue; text-decoration:underline\"><span style=\"font-size:14.0pt\">O uso de cinza de baga&ccedil;o de cana-de-a&ccedil;&uacute;car em pavimenta&ccedil;&atilde;o: uma solu&ccedil;&atilde;o sustent&aacute;vel<\/span><\/a><\/span><\/span><\/span><\/p>\r\n\r\n<p style=\"text-align:justify\"><span style=\"font-size:11pt\"><span style=\"line-height:normal\"><span style=\"font-family:Calibri,sans-serif\"><a href=\"https:\/\/ndmais.com.br\/economia\/encontro-debate-futuro-do-setor-plastico-no-sul-de-sc\/\" style=\"color:blue; text-decoration:underline\"><span style=\"font-size:14.0pt\">Inova Sul: Encontro debate futuro do setor pl&aacute;stico no Sul de SC<\/span><\/a><\/span><\/span><\/span><\/p>\r\n\r\n<p style=\"text-align:justify\"><span style=\"font-size:11pt\"><span style=\"line-height:normal\"><span style=\"font-family:Calibri,sans-serif\"><a href=\"https:\/\/www.braskem.com.br\/detalhe-noticia\/braskem-lanca-polipropileno-bio-circular-nos-estados-unidos\" style=\"color:blue; text-decoration:underline\"><span style=\"font-size:14.0pt\">Braskem lan&ccedil;a polipropileno bio-circular nos Estados Unidos<\/span><\/a><\/span><\/span><\/span><\/p>\r\n\r\n<p style=\"text-align:justify\"><span style=\"font-size:28pt\"><span style=\"font-family:Cambria,serif\"><span style=\"letter-spacing:-0.5pt\"><b><span style=\"font-size:18.0pt\"><span style=\"font-family:&quot;Calibri&quot;,sans-serif\"><span style=\"font-variant:small-caps\">Com&eacute;rcio Exterior<\/span><\/span><\/span><\/b><\/span><\/span><\/span><\/p>\r\n\r\n<p style=\"text-align:justify\"><span style=\"font-size:11pt\"><span style=\"line-height:normal\"><span style=\"font-family:Calibri,sans-serif\"><a href=\"https:\/\/phvox.com.br\/mexico-toma-partido-em-meio-a-guerra-comercial-entre-china-e-eua\/\" style=\"color:blue; text-decoration:underline\"><span style=\"font-size:14.0pt\">M&eacute;xico toma partido em meio &agrave; guerra comercial entre China e EUA<\/span><\/a><\/span><\/span><\/span><\/p>\r\n\r\n<p style=\"text-align:justify\"><span style=\"font-size:11pt\"><span style=\"line-height:normal\"><span style=\"font-family:Calibri,sans-serif\"><a href=\"https:\/\/apexbrasil.com.br\/br\/pt\/conteudo\/noticias\/Modernizacao-dos-acordos-entre-Brasil-e-Mexico-busca-aumentar-comercio-bilateral.html#msdynttrid=5YYBxt1dPIs3h6wu1_-kUsFgKWKl3ZPxeVffl_1M7OI\" style=\"color:blue; text-decoration:underline\"><span style=\"font-size:14.0pt\">Moderniza&ccedil;&atilde;o dos acordos entre Brasil e M&eacute;xico busca aumentar com&eacute;rcio bilateral<\/span><\/a><\/span><\/span><\/span><\/p>\r\n\r\n<p style=\"text-align:justify\"><span style=\"font-size:11pt\"><span style=\"line-height:normal\"><span style=\"font-family:Calibri,sans-serif\"><a href=\"https:\/\/static.portaldaindustria.com.br\/media\/filer_public\/31\/8b\/318b6b60-79f2-413b-848c-9f20e130720b\/ex_ipc_24-037_autocertificacao.pdf\" style=\"color:blue; text-decoration:underline\"><span style=\"font-size:14.0pt\">Brasil implementar&aacute; a autocertifica&ccedil;&atilde;o de origem em mar&ccedil;o de 2025<\/span><\/a><\/span><\/span><\/span><\/p>\r\n\r\n<p style=\"text-align:justify\"><span style=\"font-size:11pt\"><span style=\"line-height:normal\"><span style=\"font-family:Calibri,sans-serif\"><a href=\"https:\/\/apexbrasil.com.br\/br\/pt\/conteudo\/noticias\/Vice-presidente-Geraldo-Alckmin-e-presidente-da-ApexBrasil-Jorge-Viana-anunciam-investimentos-de-mais-de-RS-18,3-milhoes-para-preparar-empresas-para-exportacao.html#msdynttrid=t87Y45VQPAcqUmRLN4kP5_RqcRfxQFj8xxjJx7qsMAo\" style=\"color:blue; text-decoration:underline\"><span style=\"font-size:14.0pt\">Vice-presidente, Geraldo Alckmin, e presidente da ApexBrasil, Jorge Viana, anunciam investimentos de mais de R$ 18,3 milh&otilde;es para preparar empresas para exporta&ccedil;&atilde;o<\/span><\/a><\/span><\/span><\/span><\/p>\r\n\r\n<p style=\"text-align:justify\"><span style=\"font-size:28pt\"><span style=\"font-family:Cambria,serif\"><span style=\"letter-spacing:-0.5pt\"><b><span style=\"font-size:18.0pt\"><span style=\"font-family:&quot;Calibri&quot;,sans-serif\"><span style=\"font-variant:small-caps\">Economia<\/span><\/span><\/span><\/b><\/span><\/span><\/span><\/p>\r\n\r\n<p style=\"text-align:justify\"><span style=\"font-size:11pt\"><span style=\"line-height:normal\"><span style=\"font-family:Calibri,sans-serif\"><a href=\"https:\/\/www.bcb.gov.br\/content\/focus\/focus\/R20241011.pdf\" style=\"color:blue; text-decoration:underline\"><span style=\"font-size:14.0pt\">Focus - Relat&oacute;rio de Mercado<\/span><\/a><\/span><\/span><\/span><\/p>\r\n\r\n<p style=\"text-align:justify\"><span style=\"font-size:11pt\"><span style=\"line-height:normal\"><span style=\"font-family:Calibri,sans-serif\"><a href=\"https:\/\/noticias.portaldaindustria.com.br\/noticias\/economia\/cni-aumenta-de-24-para-34-a-projecao-de-crescimento-do-pib-de-2024\/\" style=\"color:blue; text-decoration:underline\"><span style=\"font-size:14.0pt\">CNI aumenta de 2,4% para 3,4% a proje&ccedil;&atilde;o de crescimento do PIB de 2024<\/span><\/a><\/span><\/span><\/span><\/p>\r\n\r\n<p style=\"text-align:justify\"><span style=\"font-size:11pt\"><span style=\"line-height:normal\"><span style=\"font-family:Calibri,sans-serif\"><a href=\"https:\/\/portalibre.fgv.br\/system\/files\/divulgacao\/noticias\/mat-complementar\/2024-10\/Bar%C3%B4metros%20Globais%20KOF-FGV_Press%20release_10_2024.pdf\" style=\"color:blue; text-decoration:underline\"><span style=\"font-size:14.0pt\">Bar&ocirc;metros Globais sinalizam continuidade de crescimento moderado da economia mundial<\/span><\/a><\/span><\/span><\/span><\/p>\r\n\r\n<p style=\"text-align:justify\"><span style=\"font-size:11pt\"><span style=\"line-height:normal\"><span style=\"font-family:Calibri,sans-serif\"><a href=\"https:\/\/ibre.fgv.br\/blog-da-conjuntura-economica\/artigos\/barometros-globais-em-alta-em-meio-noticias-sobre-de-juros\" style=\"color:blue; text-decoration:underline\"><span style=\"font-size:14.0pt\">Bar&ocirc;metros Globais em alta, em meio a not&iacute;cias sobre de juros, est&iacute;mulos na China e conflito no Oriente M&eacute;dio<\/span><\/a><\/span><\/span><\/span><\/p>\r\n\r\n<p style=\"text-align:justify\"><span style=\"font-size:11.0pt\"><span style=\"line-height:115%\"><span style=\"font-family:&quot;Calibri&quot;,sans-serif\"><a href=\"https:\/\/www.fibre2fashion.com\/news\/textile-news\/china-to-expand-investment-to-boost-economic-growth-ndrc-298462-newsdetails.htm\" style=\"color:blue; text-decoration:underline\"><span lang=\"EN-US\" style=\"font-size:14.0pt\"><span style=\"line-height:115%\">China to expand investment to boost economic growth: NDRC<\/span><\/span><\/a><\/span><\/span><\/span><\/p>\r\n\r\n<p style=\"text-align:justify\">&nbsp;<\/p>\r\n\r\n<p style=\"text-align:justify\"><span style=\"font-size:11.0pt\"><span style=\"line-height:115%\"><span style=\"font-family:&quot;Calibri&quot;,sans-serif\"><span lang=\"EN-US\" style=\"font-size:14.0pt\"><span style=\"line-height:115%\"><img src=\"https:\/\/www.abint.org.br\/assets\/img\/editor\/redes-sociais-abint-ctg-cth_20241022125631aa5uBa9XRu.jpg\" \/><\/span><\/span><\/span><\/span><\/span><\/p>\r\n","texto_en":"","7":"","imagem":"COMP_capa-2024-site-boletim-abint-noticias-semanis_20241022125715eubKKk8auq.jpg","8":"COMP_capa-2024-site-boletim-abint-noticias-semanis_20241022125715eubKKk8auq.jpg","arquivo":"20241015-BOLETIM-ABINT-DE-NOTICIAS-SEMANAIS.PDF","9":"20241015-BOLETIM-ABINT-DE-NOTICIAS-SEMANAIS.PDF","titulo_arquivo":"20241015 Boletim ABINT de Not\u00edcias Semanais","10":"20241015 Boletim ABINT de Not\u00edcias Semanais","titulo_arquivo_en":"","11":"","created_at":"2024-10-22 12:57:26","12":"2024-10-22 12:57:26","updated_at":"2024-10-22 12:57:26","13":"2024-10-22 12:57:26"},{"id":140,"0":140,"ordem":83,"1":83,"data":"2024-10-08","2":"2024-10-08","slug":"boletim-abint-de-noticias-semanais-50","3":"boletim-abint-de-noticias-semanais-50","titulo":"Boletim ABINT de Not\u00edcias Semanais","4":"Boletim ABINT de Not\u00edcias Semanais","titulo_en":"","5":"","texto":"<p style=\"text-align:justify\"><span style=\"font-size:11pt\"><span style=\"line-height:normal\"><span style=\"font-family:Calibri,sans-serif\"><span style=\"font-size:14.0pt\">Esta &eacute; uma compila&ccedil;&atilde;o das not&iacute;cias mais relevantes para o setor, incluindo informa&ccedil;&otilde;es sobre acordos internacionais, economia brasileira, sustentabilidade e mat&eacute;rias primas, al&eacute;m de novidades do setor de N&atilde;otecidos e Tecidos T&eacute;cnicos.<\/span><\/span><\/span><\/span><\/p>\r\n\r\n<p class=\"MsoTitle\" style=\"text-align:justify\"><span style=\"font-size:18px\"><span style=\"box-sizing:border-box\"><span style=\"line-height:1.5\"><span style=\"color:#313f48\"><span style=\"font-family:&quot;Roboto Condensed&quot;, Helvetica, Arial, sans-serif\"><span style=\"font-style:normal\"><span style=\"font-variant-ligatures:normal\"><span style=\"font-weight:400\"><span style=\"white-space:normal\"><span style=\"background-color:#ffffff\"><span style=\"text-decoration-thickness:initial\"><span style=\"text-decoration-style:initial\"><span style=\"text-decoration-color:initial\"><span style=\"font-size:28pt\"><span style=\"box-sizing:border-box\"><span style=\"box-sizing:border-box\"><span style=\"font-family:Cambria, serif\"><span style=\"box-sizing:border-box\"><span style=\"letter-spacing:-0.5pt\"><b style=\"box-sizing:border-box; font-weight:bolder\"><span style=\"font-size:18pt\"><span style=\"box-sizing:border-box\"><span style=\"box-sizing:border-box\"><span style=\"font-family:Calibri, sans-serif\"><span style=\"box-sizing:border-box\"><span style=\"font-variant:small-caps\">O que vem por a&iacute;<\/span><\/span><\/span><\/span><\/span><\/span><\/b><\/span><\/span><\/span><\/span><\/span><\/span><\/span><\/span><\/span><\/span><\/span><\/span><\/span><\/span><\/span><\/span><\/span><\/span><\/span><\/p>\r\n\r\n<p class=\"MsoTitleCxSpFirst\" style=\"text-align:justify; margin-bottom:20px\"><span style=\"font-size:18px\"><span style=\"box-sizing:border-box\"><span style=\"line-height:1.5\"><span style=\"color:#313f48\"><span style=\"font-family:&quot;Roboto Condensed&quot;, Helvetica, Arial, sans-serif\"><span style=\"font-style:normal\"><span style=\"font-variant-ligatures:normal\"><span style=\"font-weight:400\"><span style=\"white-space:normal\"><span style=\"background-color:#ffffff\"><span style=\"text-decoration-thickness:initial\"><span style=\"text-decoration-style:initial\"><span style=\"text-decoration-color:initial\"><b style=\"box-sizing:border-box; font-weight:bolder\"><img src=\"https:\/\/www.abint.org.br\/assets\/img\/editor\/abint-logo-2020-g_20240904132243faaawqQf1G.png\" style=\"box-sizing:border-box; border-style:none; width:300px; height:69px\" \/><\/b><\/span><\/span><\/span><\/span><\/span><\/span><\/span><\/span><\/span><\/span><\/span><\/span><\/span><\/p>\r\n\r\n<p class=\"MsoTitle\" style=\"text-align:justify; margin-bottom:20px\"><span style=\"font-size:18px\"><span style=\"box-sizing:border-box\"><span style=\"line-height:1.5\"><span style=\"color:#313f48\"><span style=\"font-family:&quot;Roboto Condensed&quot;, Helvetica, Arial, sans-serif\"><span style=\"font-style:normal\"><span style=\"font-variant-ligatures:normal\"><span style=\"font-weight:400\"><span style=\"white-space:normal\"><span style=\"background-color:#ffffff\"><span style=\"text-decoration-thickness:initial\"><span style=\"text-decoration-style:initial\"><span style=\"text-decoration-color:initial\"><span style=\"font-size:18px\"><span style=\"box-sizing:border-box\"><span style=\"box-sizing:border-box\"><span style=\"box-sizing:border-box\"><span style=\"line-height:1.5\"><span style=\"box-sizing:border-box\"><span style=\"color:#313f48\"><span style=\"box-sizing:border-box\"><span style=\"font-family:&quot;Roboto Condensed&quot;, Helvetica, Arial, sans-serif\"><span style=\"box-sizing:border-box\"><span style=\"font-style:normal\"><span style=\"box-sizing:border-box\"><span style=\"font-variant-ligatures:normal\"><span style=\"box-sizing:border-box\"><span style=\"font-weight:400\"><span style=\"box-sizing:border-box\"><span style=\"white-space:normal\"><span style=\"box-sizing:border-box\"><span style=\"background-color:#ffffff\"><span style=\"box-sizing:border-box\"><span style=\"text-decoration-thickness:initial\"><span style=\"box-sizing:border-box\"><span style=\"text-decoration-style:initial\"><span style=\"box-sizing:border-box\"><span style=\"text-decoration-color:initial\"><span style=\"font-size:11pt\"><span style=\"box-sizing:border-box\"><span style=\"box-sizing:border-box\"><span style=\"box-sizing:border-box\"><span style=\"box-sizing:border-box\"><span style=\"line-height:normal\"><span style=\"box-sizing:border-box\"><span style=\"box-sizing:border-box\"><span style=\"font-family:Calibri, sans-serif\"><span style=\"font-size:14pt\"><span style=\"box-sizing:border-box\"><span style=\"box-sizing:border-box\">A&nbsp;<b style=\"box-sizing:border-box; font-weight:bolder\">ABINT<\/b>&nbsp;&eacute; uma das&nbsp;<b style=\"box-sizing:border-box; font-weight:bolder\">patrocinadoras<\/b>&nbsp;do<b style=\"box-sizing:border-box; font-weight:bolder\">&nbsp;<\/b><\/span><\/span><\/span><a href=\"https:\/\/www.congressoabit.com.br\/\" style=\"box-sizing:border-box; text-decoration:underline; color:blue; transition:color 0.3s\"><b style=\"box-sizing:border-box; font-weight:bolder\"><span style=\"font-size:14pt\"><span style=\"box-sizing:border-box\"><span style=\"box-sizing:border-box\">Congresso Internacional Abit 2024<\/span><\/span><\/span><\/b><\/a><span style=\"font-size:14pt\"><span style=\"box-sizing:border-box\"><span style=\"box-sizing:border-box\">, que ocorrer&aacute; dias 30 e 31 de outubro, no SENAI Cimatec, Salvador, BA.<\/span><\/span><\/span><\/span><\/span><\/span><\/span><\/span><\/span><\/span><\/span><\/span><\/span><\/span><\/span><\/span><\/span><\/span><\/span><\/span><\/span><\/span><\/span><\/span><\/span><\/span><\/span><\/span><\/span><\/span><\/span><\/span><\/span><\/span><\/span><\/span><\/span><\/span><\/span><\/span><\/span><\/span><\/span><\/span><\/span><\/span><\/span><\/span><\/span><\/span><\/p>\r\n\r\n<p class=\"MsoTitle\" style=\"text-align:justify; margin-bottom:20px\"><span style=\"font-size:18px\"><span style=\"box-sizing:border-box\"><span style=\"line-height:1.5\"><span style=\"color:#313f48\"><span style=\"font-family:&quot;Roboto Condensed&quot;, Helvetica, Arial, sans-serif\"><span style=\"font-style:normal\"><span style=\"font-variant-ligatures:normal\"><span style=\"font-weight:400\"><span style=\"white-space:normal\"><span style=\"background-color:#ffffff\"><span style=\"text-decoration-thickness:initial\"><span style=\"text-decoration-style:initial\"><span style=\"text-decoration-color:initial\"><span style=\"font-size:18px\"><span style=\"box-sizing:border-box\"><span style=\"box-sizing:border-box\"><span style=\"box-sizing:border-box\"><span style=\"line-height:1.5\"><span style=\"box-sizing:border-box\"><span style=\"color:#313f48\"><span style=\"box-sizing:border-box\"><span style=\"font-family:&quot;Roboto Condensed&quot;, Helvetica, Arial, sans-serif\"><span style=\"box-sizing:border-box\"><span style=\"font-style:normal\"><span style=\"box-sizing:border-box\"><span style=\"font-variant-ligatures:normal\"><span style=\"box-sizing:border-box\"><span style=\"font-weight:400\"><span style=\"box-sizing:border-box\"><span style=\"white-space:normal\"><span style=\"box-sizing:border-box\"><span style=\"background-color:#ffffff\"><span style=\"box-sizing:border-box\"><span style=\"text-decoration-thickness:initial\"><span style=\"box-sizing:border-box\"><span style=\"text-decoration-style:initial\"><span style=\"box-sizing:border-box\"><span style=\"text-decoration-color:initial\"><span style=\"font-size:28pt\"><span style=\"box-sizing:border-box\"><span style=\"box-sizing:border-box\"><span style=\"box-sizing:border-box\"><span style=\"box-sizing:border-box\"><span style=\"font-family:Cambria, serif\"><span style=\"box-sizing:border-box\"><span style=\"box-sizing:border-box\"><span style=\"letter-spacing:-0.5pt\"><b style=\"box-sizing:border-box; font-weight:bolder\"><span style=\"font-size:18pt\"><span style=\"box-sizing:border-box\"><span style=\"box-sizing:border-box\"><span style=\"box-sizing:border-box\"><span style=\"box-sizing:border-box\"><span style=\"font-family:Calibri, sans-serif\"><span style=\"box-sizing:border-box\"><span style=\"box-sizing:border-box\"><span style=\"font-variant:small-caps\"><img src=\"https:\/\/www.abint.org.br\/assets\/img\/editor\/congresso-internacional-abit-2024-com-logo_20240924181014oBMW90pU6e.jpg\" style=\"box-sizing:border-box; border-style:none; width:500px; height:500px\" \/><\/span><\/span><\/span><\/span><\/span><\/span><\/span><\/span><\/span><\/b><\/span><\/span><\/span><\/span><\/span><\/span><\/span><\/span><\/span><\/span><\/span><\/span><\/span><\/span><\/span><\/span><\/span><\/span><\/span><\/span><\/span><\/span><\/span><\/span><\/span><\/span><\/span><\/span><\/span><\/span><\/span><\/span><\/span><\/span><\/span><\/span><\/span><\/span><\/span><\/span><\/span><\/span><\/span><\/span><\/span><\/span><\/span><\/p>\r\n\r\n<p class=\"MsoTitle\" style=\"text-align:justify; margin-bottom:20px\">&nbsp;<\/p>\r\n\r\n<p class=\"MsoTitle\" style=\"text-align:justify; margin-bottom:20px\"><span style=\"font-size:18px\"><span style=\"box-sizing:border-box\"><span style=\"line-height:1.5\"><span style=\"color:#313f48\"><span style=\"font-family:&quot;Roboto Condensed&quot;, Helvetica, Arial, sans-serif\"><span style=\"font-style:normal\"><span style=\"font-variant-ligatures:normal\"><span style=\"font-weight:400\"><span style=\"white-space:normal\"><span style=\"background-color:#ffffff\"><span style=\"text-decoration-thickness:initial\"><span style=\"text-decoration-style:initial\"><span style=\"text-decoration-color:initial\"><img src=\"https:\/\/www.abint.org.br\/assets\/img\/editor\/logo-ctg-abint-jpg_20240904134317C3JFRe5hO8.jpg\" style=\"box-sizing:border-box; border-style:none; max-width:100%; width:300px; height:55px; object-fit:contain\" \/><\/span><\/span><\/span><\/span><\/span><\/span><\/span><\/span><\/span><\/span><\/span><\/span><\/span><\/p>\r\n\r\n<p style=\"text-align:start; margin-bottom:20px\"><span style=\"font-size:18px\"><span style=\"box-sizing:border-box\"><span style=\"line-height:1.5\"><span style=\"color:#313f48\"><span style=\"font-family:&quot;Roboto Condensed&quot;, Helvetica, Arial, sans-serif\"><span style=\"font-style:normal\"><span style=\"font-variant-ligatures:normal\"><span style=\"font-weight:400\"><span style=\"white-space:normal\"><span style=\"background-color:#ffffff\"><span style=\"text-decoration-thickness:initial\"><span style=\"text-decoration-style:initial\"><span style=\"text-decoration-color:initial\"><span style=\"font-size:18px\"><span style=\"box-sizing:border-box\"><span style=\"box-sizing:border-box\"><span style=\"box-sizing:border-box\"><span style=\"line-height:1.5\"><span style=\"box-sizing:border-box\"><span style=\"color:#313f48\"><span style=\"box-sizing:border-box\"><span style=\"font-family:&quot;Roboto Condensed&quot;, Helvetica, Arial, sans-serif\"><span style=\"box-sizing:border-box\"><span style=\"font-style:normal\"><span style=\"box-sizing:border-box\"><span style=\"font-variant-ligatures:normal\"><span style=\"box-sizing:border-box\"><span style=\"font-weight:400\"><span style=\"box-sizing:border-box\"><span style=\"white-space:normal\"><span style=\"box-sizing:border-box\"><span style=\"background-color:#ffffff\"><span style=\"box-sizing:border-box\"><span style=\"text-decoration-thickness:initial\"><span style=\"box-sizing:border-box\"><span style=\"text-decoration-style:initial\"><span style=\"box-sizing:border-box\"><span style=\"text-decoration-color:initial\"><img src=\"https:\/\/www.abint.org.br\/assets\/img\/editor\/fenasan-2024_20240904135314a8pkkJgG8Z.jpg\" style=\"box-sizing:border-box; border-style:none; max-width:100%; width:341px; height:500px; object-fit:contain\" \/><\/span><\/span><\/span><\/span><\/span><\/span><\/span><\/span><\/span><\/span><\/span><\/span><\/span><\/span><\/span><\/span><\/span><\/span><\/span><\/span><\/span><\/span><\/span><\/span><\/span><\/span><\/span><\/span><\/span><\/span><\/span><\/span><\/span><\/span><\/span><\/span><\/span><\/span><\/p>\r\n\r\n<p style=\"text-align:start; margin-bottom:20px\"><span style=\"font-size:18px\"><span style=\"box-sizing:border-box\"><span style=\"line-height:1.5\"><span style=\"color:#313f48\"><span style=\"font-family:&quot;Roboto Condensed&quot;, Helvetica, Arial, sans-serif\"><span style=\"font-style:normal\"><span style=\"font-variant-ligatures:normal\"><span style=\"font-weight:400\"><span style=\"white-space:normal\"><span style=\"background-color:#ffffff\"><span style=\"text-decoration-thickness:initial\"><span style=\"text-decoration-style:initial\"><span style=\"text-decoration-color:initial\">&nbsp;<\/span><\/span><\/span><\/span><\/span><\/span><\/span><\/span><\/span><\/span><\/span><\/span><\/span><\/p>\r\n\r\n<p style=\"text-align:start; margin-bottom:20px\"><span style=\"font-size:18px\"><span style=\"box-sizing:border-box\"><span style=\"line-height:1.5\"><span style=\"color:#313f48\"><span style=\"font-family:&quot;Roboto Condensed&quot;, Helvetica, Arial, sans-serif\"><span style=\"font-style:normal\"><span style=\"font-variant-ligatures:normal\"><span style=\"font-weight:400\"><span style=\"white-space:normal\"><span style=\"background-color:#ffffff\"><span style=\"text-decoration-thickness:initial\"><span style=\"text-decoration-style:initial\"><span style=\"text-decoration-color:initial\"><span style=\"font-size:18px\"><span style=\"box-sizing:border-box\"><span style=\"box-sizing:border-box\"><span style=\"box-sizing:border-box\"><span style=\"line-height:1.5\"><span style=\"box-sizing:border-box\"><span style=\"color:#313f48\"><span style=\"box-sizing:border-box\"><span style=\"font-family:&quot;Roboto Condensed&quot;, Helvetica, Arial, sans-serif\"><span style=\"box-sizing:border-box\"><span style=\"font-style:normal\"><span style=\"box-sizing:border-box\"><span style=\"font-variant-ligatures:normal\"><span style=\"box-sizing:border-box\"><span style=\"font-weight:400\"><span style=\"box-sizing:border-box\"><span style=\"white-space:normal\"><span style=\"box-sizing:border-box\"><span style=\"background-color:#ffffff\"><span style=\"box-sizing:border-box\"><span style=\"text-decoration-thickness:initial\"><span style=\"box-sizing:border-box\"><span style=\"text-decoration-style:initial\"><span style=\"box-sizing:border-box\"><span style=\"text-decoration-color:initial\">O&nbsp;<b style=\"box-sizing:border-box; font-weight:bolder\">CTG ABINT apoia a Feira Nacional de Saneamento e Meio Ambiente &ndash; Fenasan e do 35&ordm; Encontro T&eacute;cnico AESabesp, que ocorrer&atilde;o de 22 a 24 de outubro de 2024<\/b>, no Pavilh&atilde;o Verde e Vermelho, no Expo Center Norte, em S&atilde;o Paulo. Trata-se do maior evento de saneamento da Am&eacute;rica Latin. A realiza&ccedil;&atilde;o &eacute; da AESabesp &ndash; Associa&ccedil;&atilde;o dos Engenheiros da Sabesp.<\/span><\/span><\/span><\/span><\/span><\/span><\/span><\/span><\/span><\/span><\/span><\/span><\/span><\/span><\/span><\/span><\/span><\/span><\/span><\/span><\/span><\/span><\/span><\/span><\/span><\/span><\/span><\/span><\/span><\/span><\/span><\/span><\/span><\/span><\/span><\/span><\/span><\/span><\/p>\r\n\r\n<p style=\"text-align:start; margin-bottom:20px\"><span style=\"font-size:18px\"><span style=\"box-sizing:border-box\"><span style=\"line-height:1.5\"><span style=\"color:#313f48\"><span style=\"font-family:&quot;Roboto Condensed&quot;, Helvetica, Arial, sans-serif\"><span style=\"font-style:normal\"><span style=\"font-variant-ligatures:normal\"><span style=\"font-weight:400\"><span style=\"white-space:normal\"><span style=\"background-color:#ffffff\"><span style=\"text-decoration-thickness:initial\"><span style=\"text-decoration-style:initial\"><span style=\"text-decoration-color:initial\"><span style=\"font-size:18px\"><span style=\"box-sizing:border-box\"><span style=\"box-sizing:border-box\"><span style=\"box-sizing:border-box\"><span style=\"line-height:1.5\"><span style=\"box-sizing:border-box\"><span style=\"color:#313f48\"><span style=\"box-sizing:border-box\"><span style=\"font-family:&quot;Roboto Condensed&quot;, Helvetica, Arial, sans-serif\"><span style=\"box-sizing:border-box\"><span style=\"font-style:normal\"><span style=\"box-sizing:border-box\"><span style=\"font-variant-ligatures:normal\"><span style=\"box-sizing:border-box\"><span style=\"font-weight:400\"><span style=\"box-sizing:border-box\"><span style=\"white-space:normal\"><span style=\"box-sizing:border-box\"><span style=\"background-color:#ffffff\"><span style=\"box-sizing:border-box\"><span style=\"text-decoration-thickness:initial\"><span style=\"box-sizing:border-box\"><span style=\"text-decoration-style:initial\"><span style=\"box-sizing:border-box\"><span style=\"text-decoration-color:initial\"><i style=\"box-sizing:border-box\">O tema central desta edi&ccedil;&atilde;o &eacute; &ldquo;Saneamento ambiental: condi&ccedil;&atilde;o fundamental para o enfrentamento das mudan&ccedil;as clim&aacute;ticas&rdquo;. Com um p&uacute;blico tradicionalmente de 22 mil visitantes e alinhada aos ODS &ndash; Objetivos de Desenvolvimento Sustent&aacute;vel estabelecidos pela ONU e aos conceitos de ESG, a edi&ccedil;&atilde;o 2024 continuar&aacute; ampliando o di&aacute;logo em torno das quest&otilde;es de saneamento ambiental, meio ambiente e sustentabilidade e promovendo o compartilhamento de conhecimento altamente qualificado.<\/i><\/span><\/span><\/span><\/span><\/span><\/span><\/span><\/span><\/span><\/span><\/span><\/span><\/span><\/span><\/span><\/span><\/span><\/span><\/span><\/span><\/span><\/span><\/span><\/span><\/span><\/span><\/span><\/span><\/span><\/span><\/span><\/span><\/span><\/span><\/span><\/span><\/span><\/span><\/p>\r\n\r\n<p style=\"text-align:start; margin-bottom:20px\"><span style=\"font-size:18px\"><span style=\"box-sizing:border-box\"><span style=\"line-height:1.5\"><span style=\"color:#313f48\"><span style=\"font-family:&quot;Roboto Condensed&quot;, Helvetica, Arial, sans-serif\"><span style=\"font-style:normal\"><span style=\"font-variant-ligatures:normal\"><span style=\"font-weight:400\"><span style=\"white-space:normal\"><span style=\"background-color:#ffffff\"><span style=\"text-decoration-thickness:initial\"><span style=\"text-decoration-style:initial\"><span style=\"text-decoration-color:initial\"><span style=\"font-size:18px\"><span style=\"box-sizing:border-box\"><span style=\"box-sizing:border-box\"><span style=\"box-sizing:border-box\"><span style=\"line-height:1.5\"><span style=\"box-sizing:border-box\"><span style=\"color:#313f48\"><span style=\"box-sizing:border-box\"><span style=\"font-family:&quot;Roboto Condensed&quot;, Helvetica, Arial, sans-serif\"><span style=\"box-sizing:border-box\"><span style=\"font-style:normal\"><span style=\"box-sizing:border-box\"><span style=\"font-variant-ligatures:normal\"><span style=\"box-sizing:border-box\"><span style=\"font-weight:400\"><span style=\"box-sizing:border-box\"><span style=\"white-space:normal\"><span style=\"box-sizing:border-box\"><span style=\"background-color:#ffffff\"><span style=\"box-sizing:border-box\"><span style=\"text-decoration-thickness:initial\"><span style=\"box-sizing:border-box\"><span style=\"text-decoration-style:initial\"><span style=\"box-sizing:border-box\"><span style=\"text-decoration-color:initial\"><a href=\"http:\/\/www.fenasan.com.br\/\" style=\"box-sizing:border-box; text-decoration:none; color:#008fd5; transition:color 0.3s\">www.fenasan.com.br<\/a><\/span><\/span><\/span><\/span><\/span><\/span><\/span><\/span><\/span><\/span><\/span><\/span><\/span><\/span><\/span><\/span><\/span><\/span><\/span><\/span><\/span><\/span><\/span><\/span><\/span><\/span><\/span><\/span><\/span><\/span><\/span><\/span><\/span><\/span><\/span><\/span><\/span><\/span><\/p>\r\n\r\n<p style=\"text-align:start; margin-bottom:20px\"><span style=\"font-size:18px\"><span style=\"box-sizing:border-box\"><span style=\"line-height:1.5\"><span style=\"color:#313f48\"><span style=\"font-family:&quot;Roboto Condensed&quot;, Helvetica, Arial, sans-serif\"><span style=\"font-style:normal\"><span style=\"font-variant-ligatures:normal\"><span style=\"font-weight:400\"><span style=\"white-space:normal\"><span style=\"background-color:#ffffff\"><span style=\"text-decoration-thickness:initial\"><span style=\"text-decoration-style:initial\"><span style=\"text-decoration-color:initial\">&nbsp;<\/span><\/span><\/span><\/span><\/span><\/span><\/span><\/span><\/span><\/span><\/span><\/span><\/span><span style=\"font-size:18px\"><span style=\"box-sizing:border-box\"><span style=\"line-height:1.5\"><span style=\"color:#313f48\"><span style=\"font-family:&quot;Roboto Condensed&quot;, Helvetica, Arial, sans-serif\"><span style=\"font-style:normal\"><span style=\"font-variant-ligatures:normal\"><span style=\"font-weight:400\"><span style=\"white-space:normal\"><span style=\"background-color:#ffffff\"><span style=\"text-decoration-thickness:initial\"><span style=\"text-decoration-style:initial\"><span style=\"text-decoration-color:initial\"><span style=\"font-size:18px\"><span style=\"box-sizing:border-box\"><span style=\"box-sizing:border-box\"><span style=\"box-sizing:border-box\"><span style=\"line-height:1.5\"><span style=\"box-sizing:border-box\"><span style=\"color:#313f48\"><span style=\"box-sizing:border-box\"><span style=\"font-family:&quot;Roboto Condensed&quot;, Helvetica, Arial, sans-serif\"><span style=\"box-sizing:border-box\"><span style=\"font-style:normal\"><span style=\"box-sizing:border-box\"><span style=\"font-variant-ligatures:normal\"><span style=\"box-sizing:border-box\"><span style=\"font-weight:400\"><span style=\"box-sizing:border-box\"><span style=\"white-space:normal\"><span style=\"box-sizing:border-box\"><span style=\"background-color:#ffffff\"><span style=\"box-sizing:border-box\"><span style=\"text-decoration-thickness:initial\"><span style=\"box-sizing:border-box\"><span style=\"text-decoration-style:initial\"><span style=\"box-sizing:border-box\"><span style=\"text-decoration-color:initial\"><img src=\"https:\/\/www.abint.org.br\/assets\/img\/editor\/cth-logo-alta-jpg_20240904134558I6qw2pBRZt.jpg\" style=\"box-sizing:border-box; border-style:none; max-width:100%; width:300px; height:68px; object-fit:contain\" \/><\/span><\/span><\/span><\/span><\/span><\/span><\/span><\/span><\/span><\/span><\/span><\/span><\/span><\/span><\/span><\/span><\/span><\/span><\/span><\/span><\/span><\/span><\/span><\/span><\/span><\/span><\/span><\/span><\/span><\/span><\/span><\/span><\/span><\/span><\/span><\/span><\/span><\/span><\/p>\r\n\r\n<p style=\"text-align:start; margin-bottom:20px\"><span style=\"font-size:18px\"><span style=\"box-sizing:border-box\"><span style=\"line-height:1.5\"><span style=\"color:#313f48\"><span style=\"font-family:&quot;Roboto Condensed&quot;, Helvetica, Arial, sans-serif\"><span style=\"font-style:normal\"><span style=\"font-variant-ligatures:normal\"><span style=\"font-weight:400\"><span style=\"white-space:normal\"><span style=\"background-color:#ffffff\"><span style=\"text-decoration-thickness:initial\"><span style=\"text-decoration-style:initial\"><span style=\"text-decoration-color:initial\">&nbsp;<span style=\"font-size:18px\"><span style=\"box-sizing:border-box\"><span style=\"box-sizing:border-box\"><span style=\"box-sizing:border-box\"><span style=\"line-height:1.5\"><span style=\"box-sizing:border-box\"><span style=\"color:#313f48\"><span style=\"box-sizing:border-box\"><span style=\"font-family:&quot;Roboto Condensed&quot;, Helvetica, Arial, sans-serif\"><span style=\"box-sizing:border-box\"><span style=\"font-style:normal\"><span style=\"box-sizing:border-box\"><span style=\"font-variant-ligatures:normal\"><span style=\"box-sizing:border-box\"><span style=\"font-weight:400\"><span style=\"box-sizing:border-box\"><span style=\"white-space:normal\"><span style=\"box-sizing:border-box\"><span style=\"background-color:#ffffff\"><span style=\"box-sizing:border-box\"><span style=\"text-decoration-thickness:initial\"><span style=\"box-sizing:border-box\"><span style=\"text-decoration-style:initial\"><span style=\"box-sizing:border-box\"><span style=\"text-decoration-color:initial\"><img src=\"https:\/\/www.abint.org.br\/assets\/img\/editor\/hospitalmed-2024-story-cth-abint_20240904134515hOjyRRpXlX.png\" style=\"box-sizing:border-box; border-style:none; max-width:100%; width:281px; height:500px; object-fit:contain\" \/><\/span><\/span><\/span><\/span><\/span><\/span><\/span><\/span><\/span><\/span><\/span><\/span><\/span><\/span><\/span><\/span><\/span><\/span><\/span><\/span><\/span><\/span><\/span><\/span><\/span><\/span><\/span><\/span><\/span><\/span><\/span><\/span><\/span><\/span><\/span><\/span><\/span><\/span><\/p>\r\n\r\n<p style=\"text-align:start; margin-bottom:20px\"><span style=\"font-size:18px\"><span style=\"box-sizing:border-box\"><span style=\"line-height:1.5\"><span style=\"color:#313f48\"><span style=\"font-family:&quot;Roboto Condensed&quot;, Helvetica, Arial, sans-serif\"><span style=\"font-style:normal\"><span style=\"font-variant-ligatures:normal\"><span style=\"font-weight:400\"><span style=\"white-space:normal\"><span style=\"background-color:#ffffff\"><span style=\"text-decoration-thickness:initial\"><span style=\"text-decoration-style:initial\"><span style=\"text-decoration-color:initial\"><span style=\"font-size:18px\"><span style=\"box-sizing:border-box\"><span style=\"box-sizing:border-box\"><span style=\"box-sizing:border-box\"><span style=\"line-height:1.5\"><span style=\"box-sizing:border-box\"><span style=\"color:#313f48\"><span style=\"box-sizing:border-box\"><span style=\"font-family:&quot;Roboto Condensed&quot;, Helvetica, Arial, sans-serif\"><span style=\"box-sizing:border-box\"><span style=\"font-style:normal\"><span style=\"box-sizing:border-box\"><span style=\"font-variant-ligatures:normal\"><span style=\"box-sizing:border-box\"><span style=\"font-weight:400\"><span style=\"box-sizing:border-box\"><span style=\"white-space:normal\"><span style=\"box-sizing:border-box\"><span style=\"background-color:#ffffff\"><span style=\"box-sizing:border-box\"><span style=\"text-decoration-thickness:initial\"><span style=\"box-sizing:border-box\"><span style=\"text-decoration-style:initial\"><span style=\"box-sizing:border-box\"><span style=\"text-decoration-color:initial\"><b style=\"box-sizing:border-box; font-weight:bolder\">O CTH ABINT &eacute; um dos patrocinadores da HospitalMed 2024.<\/b><\/span><\/span><\/span><\/span><\/span><\/span><\/span><\/span><\/span><\/span><\/span><\/span><\/span><\/span><\/span><\/span><\/span><\/span><\/span><\/span><\/span><\/span><\/span><\/span><\/span><\/span><\/span><\/span><\/span><\/span><\/span><\/span><\/span><\/span><\/span><\/span><\/span><\/span><\/p>\r\n\r\n<p style=\"text-align:start; margin-bottom:20px\"><span style=\"font-size:18px\"><span style=\"box-sizing:border-box\"><span style=\"line-height:1.5\"><span style=\"color:#313f48\"><span style=\"font-family:&quot;Roboto Condensed&quot;, Helvetica, Arial, sans-serif\"><span style=\"font-style:normal\"><span style=\"font-variant-ligatures:normal\"><span style=\"font-weight:400\"><span style=\"white-space:normal\"><span style=\"background-color:#ffffff\"><span style=\"text-decoration-thickness:initial\"><span style=\"text-decoration-style:initial\"><span style=\"text-decoration-color:initial\"><span style=\"font-size:18px\"><span style=\"box-sizing:border-box\"><span style=\"box-sizing:border-box\"><span style=\"box-sizing:border-box\"><span style=\"line-height:1.5\"><span style=\"box-sizing:border-box\"><span style=\"color:#313f48\"><span style=\"box-sizing:border-box\"><span style=\"font-family:&quot;Roboto Condensed&quot;, Helvetica, Arial, sans-serif\"><span style=\"box-sizing:border-box\"><span style=\"font-style:normal\"><span style=\"box-sizing:border-box\"><span style=\"font-variant-ligatures:normal\"><span style=\"box-sizing:border-box\"><span style=\"font-weight:400\"><span style=\"box-sizing:border-box\"><span style=\"white-space:normal\"><span style=\"box-sizing:border-box\"><span style=\"background-color:#ffffff\"><span style=\"box-sizing:border-box\"><span style=\"text-decoration-thickness:initial\"><span style=\"box-sizing:border-box\"><span style=\"text-decoration-style:initial\"><span style=\"box-sizing:border-box\"><span style=\"text-decoration-color:initial\">&ldquo;<i style=\"box-sizing:border-box\">A melhor e Mais Completa Feira de Sa&uacute;de do Norte\/Nordeste<\/i>&rdquo;, &eacute; uma realiza&ccedil;&atilde;o da HospitalMed Feiras &amp; Eventos e da Insight Feiras de Neg&oacute;cios.<\/span><\/span><\/span><\/span><\/span><\/span><\/span><\/span><\/span><\/span><\/span><\/span><\/span><\/span><\/span><\/span><\/span><\/span><\/span><\/span><\/span><\/span><\/span><\/span><\/span><\/span><\/span><\/span><\/span><\/span><\/span><\/span><\/span><\/span><\/span><\/span><\/span><\/span><\/p>\r\n\r\n<p style=\"text-align:start; margin-bottom:20px\"><span style=\"font-size:18px\"><span style=\"box-sizing:border-box\"><span style=\"line-height:1.5\"><span style=\"color:#313f48\"><span style=\"font-family:&quot;Roboto Condensed&quot;, Helvetica, Arial, sans-serif\"><span style=\"font-style:normal\"><span style=\"font-variant-ligatures:normal\"><span style=\"font-weight:400\"><span style=\"white-space:normal\"><span style=\"background-color:#ffffff\"><span style=\"text-decoration-thickness:initial\"><span style=\"text-decoration-style:initial\"><span style=\"text-decoration-color:initial\"><span style=\"font-size:18px\"><span style=\"box-sizing:border-box\"><span style=\"box-sizing:border-box\"><span style=\"box-sizing:border-box\"><span style=\"line-height:1.5\"><span style=\"box-sizing:border-box\"><span style=\"color:#313f48\"><span style=\"box-sizing:border-box\"><span style=\"font-family:&quot;Roboto Condensed&quot;, Helvetica, Arial, sans-serif\"><span style=\"box-sizing:border-box\"><span style=\"font-style:normal\"><span style=\"box-sizing:border-box\"><span style=\"font-variant-ligatures:normal\"><span style=\"box-sizing:border-box\"><span style=\"font-weight:400\"><span style=\"box-sizing:border-box\"><span style=\"white-space:normal\"><span style=\"box-sizing:border-box\"><span style=\"background-color:#ffffff\"><span style=\"box-sizing:border-box\"><span style=\"text-decoration-thickness:initial\"><span style=\"box-sizing:border-box\"><span style=\"text-decoration-style:initial\"><span style=\"box-sizing:border-box\"><span style=\"text-decoration-color:initial\"><i style=\"box-sizing:border-box\">&ldquo;O&nbsp;<b style=\"box-sizing:border-box; font-weight:bolder\">re&uacute;ne toda a cadeia produtiva do setor de sa&uacute;de das regi&otilde;es Norte\/Nordeste<\/b>. &Eacute; o grande encontro de fornecedores de Produtos, Equipamentos, Servi&ccedil;os, Tecnologia e Conte&uacute;do para Hospitais, Laborat&oacute;rios, Farm&aacute;cias, Cl&iacute;nicas, Consult&oacute;rios e Profissionais da Sa&uacute;de&rdquo;.<\/i><\/span><\/span><\/span><\/span><\/span><\/span><\/span><\/span><\/span><\/span><\/span><\/span><\/span><\/span><\/span><\/span><\/span><\/span><\/span><\/span><\/span><\/span><\/span><\/span><\/span><\/span><\/span><\/span><\/span><\/span><\/span><\/span><\/span><\/span><\/span><\/span><\/span><\/span><\/p>\r\n\r\n<p style=\"text-align:start; margin-bottom:20px\"><span style=\"font-size:18px\"><span style=\"box-sizing:border-box\"><span style=\"line-height:1.5\"><span style=\"color:#313f48\"><span style=\"font-family:&quot;Roboto Condensed&quot;, Helvetica, Arial, sans-serif\"><span style=\"font-style:normal\"><span style=\"font-variant-ligatures:normal\"><span style=\"font-weight:400\"><span style=\"white-space:normal\"><span style=\"background-color:#ffffff\"><span style=\"text-decoration-thickness:initial\"><span style=\"text-decoration-style:initial\"><span style=\"text-decoration-color:initial\"><span style=\"font-size:18px\"><span style=\"box-sizing:border-box\"><span style=\"box-sizing:border-box\"><span style=\"box-sizing:border-box\"><span style=\"line-height:1.5\"><span style=\"box-sizing:border-box\"><span style=\"color:#313f48\"><span style=\"box-sizing:border-box\"><span style=\"font-family:&quot;Roboto Condensed&quot;, Helvetica, Arial, sans-serif\"><span style=\"box-sizing:border-box\"><span style=\"font-style:normal\"><span style=\"box-sizing:border-box\"><span style=\"font-variant-ligatures:normal\"><span style=\"box-sizing:border-box\"><span style=\"font-weight:400\"><span style=\"box-sizing:border-box\"><span style=\"white-space:normal\"><span style=\"box-sizing:border-box\"><span style=\"background-color:#ffffff\"><span style=\"box-sizing:border-box\"><span style=\"text-decoration-thickness:initial\"><span style=\"box-sizing:border-box\"><span style=\"text-decoration-style:initial\"><span style=\"box-sizing:border-box\"><span style=\"text-decoration-color:initial\"><a href=\"http:\/\/www.hospitalmed.com.br\/\" style=\"box-sizing:border-box; text-decoration:none; color:#008fd5; transition:color 0.3s\">www.hospitalmed.com.br<\/a><\/span><\/span><\/span><\/span><\/span><\/span><\/span><\/span><\/span><\/span><\/span><\/span><\/span><\/span><\/span><\/span><\/span><\/span><\/span><\/span><\/span><\/span><\/span><\/span><\/span><\/span><\/span><\/span><\/span><\/span><\/span><\/span><\/span><\/span><\/span><\/span><\/span><\/span><\/p>\r\n\r\n<p style=\"text-align:start; margin-bottom:20px\">&nbsp;<\/p>\r\n\r\n<p class=\"MsoTitle\" style=\"text-align:justify\"><span style=\"font-size:28pt\"><span style=\"font-family:Cambria,serif\"><span style=\"letter-spacing:-0.5pt\"><b><span style=\"font-size:18.0pt\"><span style=\"font-family:&quot;Calibri&quot;,sans-serif\"><span style=\"font-variant:small-caps\">Not&iacute;cias das Associadas<\/span><\/span><\/span><\/b><\/span><\/span><\/span><\/p>\r\n\r\n<p style=\"text-align:justify\"><span style=\"font-size:11pt\"><span style=\"line-height:normal\"><span style=\"font-family:Calibri,sans-serif\"><a href=\"https:\/\/www.abit.org.br\/noticias\/abint-tem-nova-diretoria\" style=\"color:blue; text-decoration:underline\"><span style=\"font-size:14.0pt\">ABINT tem nova Diretoria<\/span><\/a><\/span><\/span><\/span><\/p>\r\n\r\n<p style=\"text-align:justify\"><span style=\"font-size:11pt\"><span style=\"line-height:normal\"><span style=\"font-family:Calibri,sans-serif\"><a href=\"https:\/\/www.bnamericas.com\/pt\/analise\/andritz-hydro-preve-aumento-de-demanda-no-brasil\" style=\"color:blue; text-decoration:underline\"><span style=\"font-size:14.0pt\">Andritz Hydro prev&ecirc; aumento de demanda no Brasil<\/span><\/a><\/span><\/span><\/span><\/p>\r\n\r\n<p style=\"text-align:justify\"><span style=\"font-size:11pt\"><span style=\"line-height:normal\"><span style=\"font-family:Calibri,sans-serif\"><a href=\"https:\/\/r.mail.fibretofashion.com\/tr\/cl\/bHw99N-Ie4dEBvtmGJTAWVZ42y0AlGz2VqE7UyOETjsJWeuR2VDe9HVOVUf_mHO2HosfWDbyL4pc8_mT3SKEECyufU8fXIXcTQWd3a7dfwkgRlsKGqRLkn0Z3_xPUKxVsTqPTY1co3L9TK5QJylY8obtyeZrCT8EVCEAkzwYohhYbqvhKKqgltOtTJPyGg4YQlBiHJ16C4zL_EIhwFAlm95GcDXJH7TtitFOWr6nFdNPmGe1IHuvGbXZOyMN6GxfpLRrn4b8GTkPFUwG5D710gJdRKBVjauNIFfRYkIYSL4B7W2L1ZugYVk3zWvL1U3BBugM3ucJhGsE0x9e_MO2rfts7kOCe1Gt0VcrARBHpGXock2-uIAO0SbVQnTCAq6j-4OHcTlqJ2gH--bfvQ\" style=\"color:blue; text-decoration:underline\"><span lang=\"EN-US\" style=\"font-size:14.0pt\">Austria&rsquo;s Andritz, PulPac partner for sustainable packaging solutions<\/span><\/a><\/span><\/span><\/span><\/p>\r\n\r\n<p style=\"text-align:justify\"><span style=\"font-size:11pt\"><span style=\"line-height:normal\"><span style=\"font-family:Calibri,sans-serif\"><a href=\"https:\/\/tissueonline.com.br\/andritz-marca-presenca-no-56-congresso-e-exposicao-internacional-de-celulose-e-papel-da-abtcp\/?utm_campaign=newsletter_04102024_novo_modelo&amp;utm_medium=email&amp;utm_source=RD+Station\" style=\"color:blue; text-decoration:underline\"><span style=\"font-size:14.0pt\">ANDRITZ marca presen&ccedil;a no 56&deg; Congresso e Exposi&ccedil;&atilde;o Internacional de Celulose e Papel da ABTCP<\/span><\/a><\/span><\/span><\/span><\/p>\r\n\r\n<p style=\"text-align:justify\"><span style=\"font-size:11pt\"><span style=\"line-height:normal\"><span style=\"font-family:Calibri,sans-serif\"><a href=\"https:\/\/revistanews.com.br\/2024\/10\/03\/cipatex-amplia-linha-de-vestuario-com-o-lancamento-do-tech-suede\/\" style=\"color:blue; text-decoration:underline\"><span style=\"font-size:14.0pt\">Cipatex&reg; amplia linha de vestu&aacute;rio com o lan&ccedil;amento do Tech Suede<\/span><\/a><\/span><\/span><\/span><\/p>\r\n\r\n<p style=\"text-align:justify\"><span style=\"font-size:11pt\"><span style=\"line-height:normal\"><span style=\"font-family:Calibri,sans-serif\"><a href=\"https:\/\/r.mail.fibretofashion.com\/tr\/cl\/8vRM7xefqjRJgo6rv3B3vXAUg4ThscWQ0JeFwitPrBKLojG-HfuhIUQSGzJ2r9Mf-l10dZ-xSI6ldt7kJpvMVz_21kirs5QVtllGRlFYcCv_hFl5rOxKXr_qu-481gJZfU9tgd-WVmsDFU1Bpk86DeLbIxPfb-ia5I2Ek5E7c1DhTxIpJLd0sYS7-tWoe0KjicxMFV1kKjaiVc7TQSftCAmJJvc3SdHa_AO-xY8ryZRjfACLnTJs10XSHPMlqf4BHhzcnn4fwj7APEs4Al3lXAmjbIv8yHqDOZ7e716H7XTjrrZTP0W0PP1MYOch5ZyhVfaluta9_J7knTx769hlHVjyHPIrJHjQd13vUxIexyj3GBwMVDDjFwzGi1wwbbgo4tduzckN8YSotC0wrbOm\" style=\"color:blue; text-decoration:underline\"><span lang=\"EN-US\" style=\"font-size:14.0pt\">Freudenberg Performance Materials acquires major parts of Heytex Group<\/span><\/a><\/span><\/span><\/span><\/p>\r\n\r\n<p style=\"text-align:justify\">&nbsp;<\/p>\r\n\r\n<p style=\"text-align:justify\"><span style=\"font-size:11pt\"><span style=\"line-height:normal\"><span style=\"font-family:Calibri,sans-serif\"><b><span lang=\"EN-US\" style=\"font-size:18.0pt\"><span style=\"font-variant:small-caps\">Eventos<\/span><\/span><\/b><\/span><\/span><\/span><\/p>\r\n\r\n<p style=\"text-align:justify\">&nbsp;<\/p>\r\n\r\n<p style=\"text-align:justify\"><span style=\"font-size:11pt\"><span style=\"line-height:normal\"><span style=\"font-family:Calibri,sans-serif\"><a href=\"https:\/\/www.abrafiltros.org.br\/cursos\/\" style=\"color:blue; text-decoration:underline\"><b><span style=\"font-size:14.0pt\">Cursos Abrafiltros | Automatiza&ccedil;&atilde;o de Filtros de Manga<\/span><\/b><\/a><\/span><\/span><\/span><\/p>\r\n\r\n<p style=\"text-align:justify\"><span style=\"font-size:11pt\"><span style=\"line-height:normal\"><span style=\"font-family:Calibri,sans-serif\"><a href=\"https:\/\/www.even3.com.br\/xxxcntt\/\" style=\"color:blue; text-decoration:underline\"><b><span style=\"font-size:14.0pt\">30&ordm; Congresso Nacional de Tecnologia T&ecirc;xtil, Confec&ccedil;&atilde;o e Moda<\/span><\/b><\/a><span style=\"font-size:14.0pt\">, 08 a 11 de outubro de 2024, evento presencial, Apucarana\/ PR<\/span><\/span><\/span><\/span><\/p>\r\n\r\n<p style=\"text-align:justify\"><span style=\"font-size:11pt\"><span style=\"line-height:normal\"><span style=\"font-family:Calibri,sans-serif\"><a href=\"https:\/\/plasticosemrevista.com.br\/competitividade-2024-inscricao\/\" style=\"color:blue; text-decoration:underline\"><b><span style=\"font-size:14.0pt\">Pl&aacute;sticos em Revista | Semin&aacute;rio Competitividade<\/span><\/b><\/a><span style=\"font-size:14.0pt\">, 10 de outubro de 2024, Hotel Meli&aacute;, Av. Paulista, 2181<\/span><\/span><\/span><\/span><\/p>\r\n\r\n<p style=\"text-align:justify\"><span style=\"font-size:11pt\"><span style=\"line-height:normal\"><span style=\"font-family:Calibri,sans-serif\"><a href=\"https:\/\/www.sympla.com.br\/evento\/encontro-regional-almaco-em-salvador-ba\/2611464\" style=\"color:blue; text-decoration:underline\"><b><span style=\"font-size:14.0pt\">Encontro Regional ALMACO<\/span><\/b><\/a><span style=\"font-size:14.0pt\">, 16 de outubro de 2024, 13h00 &agrave;s 18h00, evento presencial, Fiesta Bahia Hotel, Salvador, BA<\/span><\/span><\/span><\/span><\/p>\r\n\r\n<p style=\"text-align:justify\"><span style=\"font-size:11pt\"><span style=\"line-height:normal\"><span style=\"font-family:Calibri,sans-serif\"><a href=\"http:\/\/www.fenasan.com.br\" style=\"color:blue; text-decoration:underline\"><b><span style=\"font-size:14.0pt\">Fenasan 2024 &ndash; Feira Nacional de Saneamento e Meio Ambiente<\/span><\/b><\/a><span style=\"font-size:14.0pt\">, 22 a 24 de outubro de 2024, Pavilh&otilde;es Verde e Vermelho, Expo Center Norte, S&atilde;o Paulo SP<\/span><\/span><\/span><\/span><\/p>\r\n\r\n<p style=\"text-align:justify\"><span style=\"font-size:11pt\"><span style=\"line-height:normal\"><span style=\"font-family:Calibri,sans-serif\"><a href=\"http:\/\/www.hospitalmed.com.br\" style=\"color:blue; text-decoration:underline\"><b><span style=\"font-size:14.0pt\">HospitalMed 2024<\/span><\/b><\/a><span style=\"font-size:14.0pt\">, 23 a 25 de outubro, das 14h &agrave;s 20h, no Pernambuco Centro de Conven&ccedil;&otilde;es<\/span><\/span><\/span><\/span><\/p>\r\n\r\n<p style=\"text-align:justify\"><span style=\"font-size:11pt\"><span style=\"line-height:normal\"><span style=\"font-family:Calibri,sans-serif\"><a href=\"https:\/\/www.abnteducacao.com.br\/Simbologia_de_cuidados_aplicada_a_Etiquetagem_de_Texteis_ABNT_NBR_NM_ISO_3758\" style=\"color:blue; text-decoration:underline\"><b><span style=\"font-size:14.0pt\">Simbologia de cuidados aplicada a Etiquetagem de T&ecirc;xteis<\/span><\/b><\/a><span style=\"font-size:14.0pt\">, 23 e 24 de outubro de 2024, 8h30 &agrave;s 17h30, evento online<\/span><\/span><\/span><\/span><\/p>\r\n\r\n<p style=\"text-align:justify\"><span style=\"font-size:11pt\"><span style=\"line-height:normal\"><span style=\"font-family:Calibri,sans-serif\"><a href=\"https:\/\/b20brazil.org\/#msdynttrid=6zt-Ug2nJO0FDfhoU9K0en-twuGAoU5aPF8EQm7neRo\" style=\"color:blue; text-decoration:underline\"><b><span lang=\"EN-US\" style=\"font-size:14.0pt\">B20 Summit Brasil 2024 - Inclusive Growth for a Sustainable Future<\/span><\/b><\/a><span lang=\"EN-US\" style=\"font-size:14.0pt\">, October 24th - 25th, 2024, Clube Atl&eacute;tico Monte L&iacute;bano, S&atilde;o Paulo, SP<\/span><\/span><\/span><\/span><\/p>\r\n\r\n<p style=\"text-align:justify\"><span style=\"font-size:11pt\"><span style=\"line-height:normal\"><span style=\"font-family:Calibri,sans-serif\"><a href=\"http:\/\/www.congressoabit.com.br\" style=\"color:blue; text-decoration:underline\"><b><span style=\"font-size:14.0pt\">Congresso Internacional Abit 2024<\/span><\/b><\/a><span style=\"font-size:14.0pt\">, 30 e 31 de outubro, Salvador, Bahia<\/span><\/span><\/span><\/span><\/p>\r\n\r\n<p style=\"text-align:justify\"><span style=\"font-size:11pt\"><span style=\"line-height:normal\"><span style=\"font-family:Calibri,sans-serif\"><a href=\"https:\/\/abrava.com.br\/compromissos\/xxiii-encontro-nacional-de-empresas-projetistas-e-consultores-da-abrava-copy\/?utm_campaign=participe_do_xxiv_encontro_nacional_de_empresas_projetistas_e_consultores&amp;utm_medium=email&amp;utm_source=RD+Station\" style=\"color:blue; text-decoration:underline\"><b><span style=\"font-size:14.0pt\">ENPC 2024 &ndash; XXIV Encontro Nacional de Empresas Projetistas e Consultores da Abrava<\/span><\/b><\/a><span style=\"font-size:14.0pt\">, 05 e 06 de novembro, 08h30 &agrave;s 18h00, evento online<\/span><\/span><\/span><\/span><\/p>\r\n\r\n<p style=\"text-align:justify\"><span style=\"font-size:11pt\"><span style=\"line-height:normal\"><span style=\"font-family:Calibri,sans-serif\"><a href=\"https:\/\/wtin-summit.zoom.us\/webinar\/register\/8317274323268\/WN_dSUzxaVJS5uDqijTmxudMg#\/registration\" style=\"color:blue; text-decoration:underline\"><b><span lang=\"EN-US\" style=\"font-size:14.0pt\">Shaping the future of sustainable molded parts: Nonwoven Monomaterial Solutions<\/span><\/b><\/a><span lang=\"EN-US\" style=\"font-size:14.0pt\">, November 7, 2024, 10:00 am<\/span><\/span><\/span><\/span><\/p>\r\n\r\n<p style=\"text-align:justify\"><span style=\"font-size:11pt\"><span style=\"line-height:normal\"><span style=\"font-family:Calibri,sans-serif\"><a href=\"https:\/\/www.fimec.com.br\/\" style=\"color:blue; text-decoration:underline\"><b><span style=\"font-size:14.0pt\">Fimec 2025<\/span><\/b><\/a><span style=\"font-size:14.0pt\">, 18 a 20 de mar&ccedil;o, Fenac, Novo Hamburgo, RS<\/span><\/span><\/span><\/span><\/p>\r\n\r\n<p style=\"text-align:justify\"><span style=\"font-size:28pt\"><span style=\"font-family:Cambria,serif\"><span style=\"letter-spacing:-0.5pt\"><b><span lang=\"EN-US\" style=\"font-size:18.0pt\"><span style=\"font-family:&quot;Calibri&quot;,sans-serif\"><span style=\"font-variant:small-caps\">Setor<\/span><\/span><\/span><\/b><\/span><\/span><\/span><\/p>\r\n\r\n<p style=\"text-align:justify\"><span style=\"font-size:11pt\"><span style=\"line-height:normal\"><span style=\"font-family:Calibri,sans-serif\"><a href=\"https:\/\/monitormercantil.com.br\/industria-do-plastico-faturou-r-123-bilhoes-em-2023\/\" style=\"color:blue; text-decoration:underline\"><span style=\"font-size:14.0pt\">Ind&uacute;stria do pl&aacute;stico faturou R$ 123 bilh&otilde;es em 2023<\/span><\/a><\/span><\/span><\/span><\/p>\r\n\r\n<p style=\"text-align:justify\"><span style=\"font-size:11pt\"><span style=\"line-height:normal\"><span style=\"font-family:Calibri,sans-serif\"><a href=\"https:\/\/www.innovationintextiles.com\/nonwovens\/record-attendance-at-outlook-2024\/\" style=\"color:blue; text-decoration:underline\"><span style=\"font-size:14.0pt\">Record attendance at Outlook 2024<\/span><\/a><\/span><\/span><\/span><\/p>\r\n\r\n<p style=\"text-align:justify\"><span style=\"font-size:11pt\"><span style=\"line-height:normal\"><span style=\"font-family:Calibri,sans-serif\"><a href=\"https:\/\/plasticosemrevista.com.br\/o-excedente-cada-vez-mais-inviavel-de-pe\/\" style=\"color:blue; text-decoration:underline\"><span style=\"font-size:14.0pt\">O excedente cada vez mais invi&aacute;vel de PE<\/span><\/a><\/span><\/span><\/span><\/p>\r\n\r\n<p style=\"text-align:justify\"><span style=\"font-size:11pt\"><span style=\"line-height:normal\"><span style=\"font-family:Calibri,sans-serif\"><a href=\"https:\/\/tissueonline.com.br\/ontex-anuncia-venda-de-operacao-brasileira-para-a-softys\/?utm_campaign=newsletter_04102024_novo_modelo&amp;utm_medium=email&amp;utm_source=RD+Station\" style=\"color:blue; text-decoration:underline\"><span style=\"font-size:14.0pt\">Ontex anuncia venda de opera&ccedil;&atilde;o brasileira para a Softys<\/span><\/a><\/span><\/span><\/span><\/p>\r\n\r\n<p style=\"text-align:justify\"><span style=\"font-size:11pt\"><span style=\"line-height:normal\"><span style=\"font-family:Calibri,sans-serif\"><a href=\"https:\/\/tecnologiademateriais.com.br\/portaltm\/feiplar-feipur-2024-recebe-17-890-visitantes-de-toda-a-america-latina\/\" style=\"color:blue; text-decoration:underline\"><span style=\"font-size:14.0pt\">FEIPLAR &amp; FEIPUR 2024 recebe 17.890 visitantes de toda a Am&eacute;rica Latina<\/span><\/a><\/span><\/span><\/span><\/p>\r\n\r\n<p style=\"text-align:justify\"><span style=\"font-size:28pt\"><span style=\"font-family:Cambria,serif\"><span style=\"letter-spacing:-0.5pt\"><b><span style=\"font-size:18.0pt\"><span style=\"font-family:&quot;Calibri&quot;,sans-serif\"><span style=\"font-variant:small-caps\">Ind&uacute;stria<\/span><\/span><\/span><\/b><\/span><\/span><\/span><\/p>\r\n\r\n<p style=\"text-align:justify\"><span style=\"font-size:11pt\"><span style=\"line-height:normal\"><span style=\"font-family:Calibri,sans-serif\"><a href=\"https:\/\/monitormercantil.com.br\/mp-cria-tributacao-minima-de-15-sobre-lucro-de-multinacionais\/\" style=\"color:blue; text-decoration:underline\"><span style=\"font-size:14.0pt\">MP cria tributa&ccedil;&atilde;o m&iacute;nima de 15% sobre lucro de multinacionais<\/span><\/a><\/span><\/span><\/span><\/p>\r\n\r\n<p style=\"text-align:justify\"><span style=\"font-size:11pt\"><span style=\"line-height:normal\"><span style=\"font-family:Calibri,sans-serif\"><a href=\"https:\/\/portalmaquinasagricolas.com.br\/abimaq-preve-cenario-estavel-ou-de-leve-crescimento-para-o-setor-de-maquinas-em-2025\/\" style=\"color:blue; text-decoration:underline\"><span style=\"font-size:14.0pt\">Abimaq prev&ecirc; cen&aacute;rio &ldquo;est&aacute;vel&rdquo; ou de &ldquo;leve crescimento&rdquo; para o setor em 2025<\/span><\/a><\/span><\/span><\/span><\/p>\r\n\r\n<p style=\"text-align:justify\"><span style=\"font-size:11pt\"><span style=\"line-height:normal\"><span style=\"font-family:Calibri,sans-serif\"><a href=\"https:\/\/agenciadenoticias.ibge.gov.br\/agencia-noticias\/2012-agencia-de-noticias\/noticias\/41464-producao-industrial-varia-0-1-apos-recuo-de-1-4-em-julho\" style=\"color:blue; text-decoration:underline\"><span style=\"font-size:14.0pt\">Produ&ccedil;&atilde;o industrial varia 0,1%, ap&oacute;s recuo de 1,4% em julho<\/span><\/a><\/span><\/span><\/span><\/p>\r\n\r\n<p style=\"text-align:justify\"><span style=\"font-size:11pt\"><span style=\"line-height:normal\"><span style=\"font-family:Calibri,sans-serif\"><a href=\"https:\/\/br.investing.com\/news\/economic-indicators\/expansao-da-industria-do-brasil-ganha-forca-em-setembro-com-melhora-da-demanda-mostra-pmi-1354733\" style=\"color:blue; text-decoration:underline\"><span style=\"font-size:14.0pt\">Expans&atilde;o da ind&uacute;stria do Brasil ganha for&ccedil;a em setembro com melhora da demanda, mostra PMI<\/span><\/a><\/span><\/span><\/span><\/p>\r\n\r\n<p style=\"text-align:justify\"><span style=\"font-size:11pt\"><span style=\"line-height:normal\"><span style=\"font-family:Calibri,sans-serif\"><a href=\"https:\/\/noticias.portaldaindustria.com.br\/noticias\/economia\/emprego-massa-salarial-e-rendimento-medio-dos-trabalhadores-da-industria-crescem-em-agosto\/\" style=\"color:blue; text-decoration:underline\"><span style=\"font-size:14.0pt\">Emprego, massa salarial e rendimento dos trabalhadores da ind&uacute;stria crescem em agosto<\/span><\/a><\/span><\/span><\/span><\/p>\r\n\r\n<p style=\"text-align:justify\"><span style=\"font-size:11pt\"><span style=\"line-height:normal\"><span style=\"font-family:Calibri,sans-serif\"><a href=\"http:\/\/www.revistaanamaco.com.br\/saldo-positivo-na-geracao-de-empregos1?utm_campaign=Revista+Anamaco+Online&amp;utm_content=Saldo+positivo+na+gera%C3%A7%C3%A3o+de+empregos+-+Revista+Anamaco&amp;utm_medium=email&amp;utm_source=dinamize&amp;utm_term=Revista+Anamaco+Online-NewsLetter%2373-2024\" style=\"color:blue; text-decoration:underline\"><span style=\"font-size:14.0pt\">Saldo positivo na gera&ccedil;&atilde;o de empregos<\/span><\/a><\/span><\/span><\/span><\/p>\r\n\r\n<p style=\"text-align:justify\"><span style=\"font-size:11pt\"><span style=\"line-height:normal\"><span style=\"font-family:Calibri,sans-serif\"><a href=\"http:\/\/www.revistaanamaco.com.br\/custos-maiores-na-construcao?utm_campaign=Revista+Anamaco+Online&amp;utm_content=Custos+maiores+na+constru%C3%A7%C3%A3o+-+Revista+Anamaco&amp;utm_medium=email&amp;utm_source=dinamize&amp;utm_term=Revista+Anamaco+Online-NewsLetter%2373-2024\" style=\"color:blue; text-decoration:underline\"><span style=\"font-size:14.0pt\">Custos maiores na constru&ccedil;&atilde;o<\/span><\/a><\/span><\/span><\/span><\/p>\r\n\r\n<p style=\"text-align:justify\"><span style=\"font-size:11pt\"><span style=\"line-height:normal\"><span style=\"font-family:Calibri,sans-serif\"><a href=\"https:\/\/eixos.com.br\/newsletters\/dialogos-da-transicao\/braco-empresarial-do-g20-pede-politicas-para-bioenergia-hidrogenio-e-nuclear\/?utm_source=newsletters+eixos&amp;utm_campaign=b15503c84b-EMAIL_CAMPAIGN_2024_10_01_12_44&amp;utm_medium=email&amp;utm_term=0_-b15503c84b-%5BLIST_EMAIL_ID%5D\" style=\"color:blue; text-decoration:underline\"><span style=\"font-size:14.0pt\">Bra&ccedil;o empresarial do G20 pede pol&iacute;ticas para bioenergia, hidrog&ecirc;nio e nuclear<\/span><\/a><\/span><\/span><\/span><\/p>\r\n\r\n<p style=\"text-align:justify\"><span style=\"font-size:28pt\"><span style=\"font-family:Cambria,serif\"><span style=\"letter-spacing:-0.5pt\"><b><span lang=\"ES-AR\" style=\"font-size:18.0pt\"><span style=\"font-family:&quot;Calibri&quot;,sans-serif\"><span style=\"font-variant:small-caps\">Sustentabilidade<\/span><\/span><\/span><\/b><\/span><\/span><\/span><\/p>\r\n\r\n<p style=\"text-align:justify\"><span style=\"font-size:11pt\"><span style=\"line-height:normal\"><span style=\"font-family:Calibri,sans-serif\"><a href=\"https:\/\/www12.senado.leg.br\/noticias\/materias\/2024\/10\/04\/proposta-torna-obrigatoria-fixacao-de-tampas-em-garrafas-pet\" style=\"color:blue; text-decoration:underline\"><span style=\"font-size:14.0pt\">Proposta torna obrigat&oacute;ria fixa&ccedil;&atilde;o de tampas em garrafas PET<\/span><\/a><\/span><\/span><\/span><\/p>\r\n\r\n<p style=\"text-align:justify\"><span style=\"font-size:11pt\"><span style=\"line-height:normal\"><span style=\"font-family:Calibri,sans-serif\"><a href=\"https:\/\/noticias.portaldaindustria.com.br\/noticias\/sustentabilidade\/88-dos-brasileiros-adotam-mais-de-5-praticas-sustentaveis-diz-pesquisa-da-cni\/\" style=\"color:blue; text-decoration:underline\"><span style=\"font-size:14.0pt\">88% dos brasileiros adotam mais de 5 pr&aacute;ticas sustent&aacute;veis, diz pesquisa da CNI<\/span><\/a><\/span><\/span><\/span><\/p>\r\n\r\n<p style=\"text-align:justify\"><span style=\"font-size:28pt\"><span style=\"font-family:Cambria,serif\"><span style=\"letter-spacing:-0.5pt\"><b><span style=\"font-size:18.0pt\"><span style=\"font-family:&quot;Calibri&quot;,sans-serif\"><span style=\"font-variant:small-caps\">Inova&ccedil;&atilde;o<\/span><\/span><\/span><\/b><\/span><\/span><\/span><\/p>\r\n\r\n<p style=\"text-align:justify\"><span style=\"font-size:11pt\"><span style=\"line-height:normal\"><span style=\"font-family:Calibri,sans-serif\"><a href=\"https:\/\/noticias.portaldaindustria.com.br\/noticias\/inovacao-e-tecnologia\/brasil-se-mantem-entre-as-50-economias-mais-inovadoras-do-mundo\/\" style=\"color:blue; text-decoration:underline\"><span style=\"font-size:14.0pt\">Brasil se mant&eacute;m entre as 50 economias mais inovadoras do mundo<\/span><\/a><\/span><\/span><\/span><\/p>\r\n\r\n<p style=\"text-align:justify\"><span style=\"font-size:11pt\"><span style=\"line-height:normal\"><span style=\"font-family:Calibri,sans-serif\"><a href=\"https:\/\/socientifica.com.br\/plastico-vaporizado-e-reduzido-em-gas-o-que-pode-tornar-a-reciclagem-mais-eficiente\/\" style=\"color:blue; text-decoration:underline\"><span style=\"font-size:14.0pt\">Pl&aacute;stico vaporizado &eacute; reduzido em g&aacute;s, o que pode tornar a reciclagem mais eficiente<\/span><\/a><\/span><\/span><\/span><\/p>\r\n\r\n<p style=\"text-align:justify\"><span style=\"font-size:11pt\"><span style=\"line-height:normal\"><span style=\"font-family:Calibri,sans-serif\"><a href=\"https:\/\/fastcompanybrasil.com\/impacto\/parece-marmore-de-verdade-mas-e-feito-de-sobras-de-material-plastico\/\" style=\"color:blue; text-decoration:underline\"><span style=\"font-size:14.0pt\">Parece m&aacute;rmore de verdade. Mas &eacute; feito de sobras de pl&aacute;stico<\/span><\/a><\/span><\/span><\/span><\/p>\r\n\r\n<p style=\"text-align:justify\"><span style=\"font-size:11pt\"><span style=\"line-height:normal\"><span style=\"font-family:Calibri,sans-serif\"><a href=\"https:\/\/www.inovacaotecnologica.com.br\/noticias\/noticia.php?artigo=roupa-nanotubos-boro-protege-astronautas-contra-radiacao-cosmica&amp;id=010130241001&amp;ebol=sim\" style=\"color:blue; text-decoration:underline\"><span style=\"font-size:14.0pt\">Roupa de nanotubos proteger&aacute; astronautas contra radia&ccedil;&atilde;o c&oacute;smica<\/span><\/a><\/span><\/span><\/span><\/p>\r\n\r\n<p style=\"text-align:justify\"><span style=\"font-size:28pt\"><span style=\"font-family:Cambria,serif\"><span style=\"letter-spacing:-0.5pt\"><b><span style=\"font-size:18.0pt\"><span style=\"font-family:&quot;Calibri&quot;,sans-serif\"><span style=\"font-variant:small-caps\">Com&eacute;rcio Exterior<\/span><\/span><\/span><\/b><\/span><\/span><\/span><\/p>\r\n\r\n<p style=\"text-align:justify\"><span style=\"font-size:11pt\"><span style=\"line-height:normal\"><span style=\"font-family:Calibri,sans-serif\"><a href=\"https:\/\/static.portaldaindustria.com.br\/media\/filer_public\/91\/09\/91095933-e6b9-4660-961b-bc50f3865dba\/ex_pc_24-034_memorando-de-entendimento.pdf\" style=\"color:blue; text-decoration:underline\"><span style=\"font-size:14.0pt\">Memorando de Entendimento Brasil-China sobre Coopera&ccedil;&atilde;o em Janelas &Uacute;nicas no Com&eacute;rcio Transfronteiri&ccedil;o<\/span><\/a><\/span><\/span><\/span><\/p>\r\n\r\n<p style=\"text-align:justify\"><span style=\"font-size:11pt\"><span style=\"line-height:normal\"><span style=\"font-family:Calibri,sans-serif\"><a href=\"https:\/\/agenciabrasil.ebc.com.br\/politica\/noticia\/2024-09\/lula-defende-revisao-e-novos-acordos-comerciais-com-o-mexico\" style=\"color:blue; text-decoration:underline\"><span style=\"font-size:14.0pt\">Lula defende revis&atilde;o e novos acordos comerciais com o M&eacute;xico<\/span><\/a><\/span><\/span><\/span><\/p>\r\n\r\n<p style=\"text-align:justify\"><span style=\"font-size:11pt\"><span style=\"line-height:normal\"><span style=\"font-family:Calibri,sans-serif\"><a href=\"https:\/\/www.gov.br\/mdic\/pt-br\/assuntos\/noticias\/2024\/outubro\/em-foro-empresarial-mdic-destaca-possibilidades-de-integracao-industrial-entre-brasil-e-mexico\" style=\"color:blue; text-decoration:underline\"><span style=\"font-size:14.0pt\">Em foro empresarial, MDIC destaca possibilidades de integra&ccedil;&atilde;o industrial entre Brasil e M&eacute;xico<\/span><\/a><\/span><\/span><\/span><\/p>\r\n\r\n<p style=\"text-align:justify\"><span style=\"font-size:11pt\"><span style=\"line-height:normal\"><span style=\"font-family:Calibri,sans-serif\"><a href=\"https:\/\/www.infomoney.com.br\/politica\/lula-acordo-comercial-entre-mercosul-e-ue-poderia-ser-estendido-para-america-latina\/\" style=\"color:blue; text-decoration:underline\"><span style=\"font-size:14.0pt\">Lula: acordo comercial entre Mercosul e UE poderia ser estendido para Am&eacute;rica Latina<\/span><\/a><\/span><\/span><\/span><\/p>\r\n\r\n<p style=\"text-align:justify\"><span style=\"font-size:11pt\"><span style=\"line-height:normal\"><span style=\"font-family:Calibri,sans-serif\"><a href=\"https:\/\/anba.com.br\/brasil-simplifica-importacao-e-economiza-r-40-bi\/\" style=\"color:blue; text-decoration:underline\"><span style=\"font-size:14.0pt\">Brasil simplifica importa&ccedil;&atilde;o e economiza R$ 40 bi<\/span><\/a><\/span><\/span><\/span><\/p>\r\n\r\n<p style=\"text-align:justify\"><span style=\"font-size:28pt\"><span style=\"font-family:Cambria,serif\"><span style=\"letter-spacing:-0.5pt\"><b><span style=\"font-size:18.0pt\"><span style=\"font-family:&quot;Calibri&quot;,sans-serif\"><span style=\"font-variant:small-caps\">Economia<\/span><\/span><\/span><\/b><\/span><\/span><\/span><\/p>\r\n\r\n<p style=\"text-align:justify\"><span style=\"font-size:11pt\"><span style=\"line-height:normal\"><span style=\"font-family:Calibri,sans-serif\"><a href=\"https:\/\/www.bcb.gov.br\/content\/focus\/focus\/R20241004.pdf\" style=\"color:blue; text-decoration:underline\"><span style=\"font-size:14.0pt\">Focus - Relat&oacute;rio de Mercado<\/span><\/a><\/span><\/span><\/span><\/p>\r\n\r\n<p style=\"text-align:justify\"><span style=\"font-size:11pt\"><span style=\"line-height:normal\"><span style=\"font-family:Calibri,sans-serif\"><a href=\"https:\/\/www.bcb.gov.br\/content\/controleinflacao\/focusdistribuicoesfrequencia\/P20241007-Focus-Distribuicoes-de-frequencia.pdf\" style=\"color:blue; text-decoration:underline\"><span style=\"font-size:14.0pt\">Focus - Distribui&ccedil;&otilde;es de Frequ&ecirc;ncia das Expectativas de Mercado para IPCA, Selic, PIB e C&acirc;mbio<\/span><\/a><\/span><\/span><\/span><\/p>\r\n\r\n<p style=\"text-align:justify\"><span style=\"font-size:11pt\"><span style=\"line-height:normal\"><span style=\"font-family:Calibri,sans-serif\"><a href=\"https:\/\/agenciabrasil.ebc.com.br\/radioagencia-nacional\/economia\/audio\/2024-09\/fgv-indice-de-incerteza-da-economia-fica-estavel-em-setembro\" style=\"color:blue; text-decoration:underline\"><span style=\"font-size:14.0pt\">FGV: &Iacute;ndice de Incerteza da Economia fica est&aacute;vel em setembro<\/span><\/a><\/span><\/span><\/span><\/p>\r\n\r\n<p style=\"text-align:justify\"><span style=\"font-size:11pt\"><span style=\"line-height:normal\"><span style=\"font-family:Calibri,sans-serif\"><a href=\"https:\/\/portalibre.fgv.br\/system\/files\/divulgacao\/noticias\/mat-complementar\/2024-10\/Apresenta%C3%A7%C3%A3o%20-%20S%C3%ADntese%20das%20Sondagens%20-%20Setembro%202024.pdf\" style=\"color:blue; text-decoration:underline\"><span style=\"font-size:14.0pt\">S&iacute;ntese das Sondagens de setembro de 2024<\/span><\/a><\/span><\/span><\/span><\/p>\r\n\r\n<p style=\"text-align:justify\"><span style=\"font-size:11pt\"><span style=\"line-height:normal\"><span style=\"font-family:Calibri,sans-serif\"><a href=\"https:\/\/portalibre.fgv.br\/system\/files\/divulgacao\/noticias\/mat-complementar\/2024-10\/Indicadores%20de%20Mercado%20de%20Trabalho%20FGV_press%20release_Set24.pdf\" style=\"color:blue; text-decoration:underline\"><span style=\"font-size:14.0pt\">Indicador Antecedente de Emprego caiu 1,4 ponto em setembro<\/span><\/a><\/span><\/span><\/span><\/p>\r\n\r\n<p style=\"text-align:justify\">&nbsp;<\/p>\r\n\r\n<p style=\"text-align:justify\"><img src=\"https:\/\/www.abint.org.br\/assets\/img\/editor\/redes-sociais-abint-ctg-cth_20240904135709sSIkVHItU6.jpg\" \/><\/p>\r\n","6":"<p style=\"text-align:justify\"><span style=\"font-size:11pt\"><span style=\"line-height:normal\"><span style=\"font-family:Calibri,sans-serif\"><span style=\"font-size:14.0pt\">Esta &eacute; uma compila&ccedil;&atilde;o das not&iacute;cias mais relevantes para o setor, incluindo informa&ccedil;&otilde;es sobre acordos internacionais, economia brasileira, sustentabilidade e mat&eacute;rias primas, al&eacute;m de novidades do setor de N&atilde;otecidos e Tecidos T&eacute;cnicos.<\/span><\/span><\/span><\/span><\/p>\r\n\r\n<p class=\"MsoTitle\" style=\"text-align:justify\"><span style=\"font-size:18px\"><span style=\"box-sizing:border-box\"><span style=\"line-height:1.5\"><span style=\"color:#313f48\"><span style=\"font-family:&quot;Roboto Condensed&quot;, Helvetica, Arial, sans-serif\"><span style=\"font-style:normal\"><span style=\"font-variant-ligatures:normal\"><span style=\"font-weight:400\"><span style=\"white-space:normal\"><span style=\"background-color:#ffffff\"><span style=\"text-decoration-thickness:initial\"><span style=\"text-decoration-style:initial\"><span style=\"text-decoration-color:initial\"><span style=\"font-size:28pt\"><span style=\"box-sizing:border-box\"><span style=\"box-sizing:border-box\"><span style=\"font-family:Cambria, serif\"><span style=\"box-sizing:border-box\"><span style=\"letter-spacing:-0.5pt\"><b style=\"box-sizing:border-box; font-weight:bolder\"><span style=\"font-size:18pt\"><span style=\"box-sizing:border-box\"><span style=\"box-sizing:border-box\"><span style=\"font-family:Calibri, sans-serif\"><span style=\"box-sizing:border-box\"><span style=\"font-variant:small-caps\">O que vem por a&iacute;<\/span><\/span><\/span><\/span><\/span><\/span><\/b><\/span><\/span><\/span><\/span><\/span><\/span><\/span><\/span><\/span><\/span><\/span><\/span><\/span><\/span><\/span><\/span><\/span><\/span><\/span><\/p>\r\n\r\n<p class=\"MsoTitleCxSpFirst\" style=\"text-align:justify; margin-bottom:20px\"><span style=\"font-size:18px\"><span style=\"box-sizing:border-box\"><span style=\"line-height:1.5\"><span style=\"color:#313f48\"><span style=\"font-family:&quot;Roboto Condensed&quot;, Helvetica, Arial, sans-serif\"><span style=\"font-style:normal\"><span style=\"font-variant-ligatures:normal\"><span style=\"font-weight:400\"><span style=\"white-space:normal\"><span style=\"background-color:#ffffff\"><span style=\"text-decoration-thickness:initial\"><span style=\"text-decoration-style:initial\"><span style=\"text-decoration-color:initial\"><b style=\"box-sizing:border-box; font-weight:bolder\"><img src=\"https:\/\/www.abint.org.br\/assets\/img\/editor\/abint-logo-2020-g_20240904132243faaawqQf1G.png\" style=\"box-sizing:border-box; border-style:none; width:300px; height:69px\" \/><\/b><\/span><\/span><\/span><\/span><\/span><\/span><\/span><\/span><\/span><\/span><\/span><\/span><\/span><\/p>\r\n\r\n<p class=\"MsoTitle\" style=\"text-align:justify; margin-bottom:20px\"><span style=\"font-size:18px\"><span style=\"box-sizing:border-box\"><span style=\"line-height:1.5\"><span style=\"color:#313f48\"><span style=\"font-family:&quot;Roboto Condensed&quot;, Helvetica, Arial, sans-serif\"><span style=\"font-style:normal\"><span style=\"font-variant-ligatures:normal\"><span style=\"font-weight:400\"><span style=\"white-space:normal\"><span style=\"background-color:#ffffff\"><span style=\"text-decoration-thickness:initial\"><span style=\"text-decoration-style:initial\"><span style=\"text-decoration-color:initial\"><span style=\"font-size:18px\"><span style=\"box-sizing:border-box\"><span style=\"box-sizing:border-box\"><span style=\"box-sizing:border-box\"><span style=\"line-height:1.5\"><span style=\"box-sizing:border-box\"><span style=\"color:#313f48\"><span style=\"box-sizing:border-box\"><span style=\"font-family:&quot;Roboto Condensed&quot;, Helvetica, Arial, sans-serif\"><span style=\"box-sizing:border-box\"><span style=\"font-style:normal\"><span style=\"box-sizing:border-box\"><span style=\"font-variant-ligatures:normal\"><span style=\"box-sizing:border-box\"><span style=\"font-weight:400\"><span style=\"box-sizing:border-box\"><span style=\"white-space:normal\"><span style=\"box-sizing:border-box\"><span style=\"background-color:#ffffff\"><span style=\"box-sizing:border-box\"><span style=\"text-decoration-thickness:initial\"><span style=\"box-sizing:border-box\"><span style=\"text-decoration-style:initial\"><span style=\"box-sizing:border-box\"><span style=\"text-decoration-color:initial\"><span style=\"font-size:11pt\"><span style=\"box-sizing:border-box\"><span style=\"box-sizing:border-box\"><span style=\"box-sizing:border-box\"><span style=\"box-sizing:border-box\"><span style=\"line-height:normal\"><span style=\"box-sizing:border-box\"><span style=\"box-sizing:border-box\"><span style=\"font-family:Calibri, sans-serif\"><span style=\"font-size:14pt\"><span style=\"box-sizing:border-box\"><span style=\"box-sizing:border-box\">A&nbsp;<b style=\"box-sizing:border-box; font-weight:bolder\">ABINT<\/b>&nbsp;&eacute; uma das&nbsp;<b style=\"box-sizing:border-box; font-weight:bolder\">patrocinadoras<\/b>&nbsp;do<b style=\"box-sizing:border-box; font-weight:bolder\">&nbsp;<\/b><\/span><\/span><\/span><a href=\"https:\/\/www.congressoabit.com.br\/\" style=\"box-sizing:border-box; text-decoration:underline; color:blue; transition:color 0.3s\"><b style=\"box-sizing:border-box; font-weight:bolder\"><span style=\"font-size:14pt\"><span style=\"box-sizing:border-box\"><span style=\"box-sizing:border-box\">Congresso Internacional Abit 2024<\/span><\/span><\/span><\/b><\/a><span style=\"font-size:14pt\"><span style=\"box-sizing:border-box\"><span style=\"box-sizing:border-box\">, que ocorrer&aacute; dias 30 e 31 de outubro, no SENAI Cimatec, Salvador, BA.<\/span><\/span><\/span><\/span><\/span><\/span><\/span><\/span><\/span><\/span><\/span><\/span><\/span><\/span><\/span><\/span><\/span><\/span><\/span><\/span><\/span><\/span><\/span><\/span><\/span><\/span><\/span><\/span><\/span><\/span><\/span><\/span><\/span><\/span><\/span><\/span><\/span><\/span><\/span><\/span><\/span><\/span><\/span><\/span><\/span><\/span><\/span><\/span><\/span><\/span><\/p>\r\n\r\n<p class=\"MsoTitle\" style=\"text-align:justify; margin-bottom:20px\"><span style=\"font-size:18px\"><span style=\"box-sizing:border-box\"><span style=\"line-height:1.5\"><span style=\"color:#313f48\"><span style=\"font-family:&quot;Roboto Condensed&quot;, Helvetica, Arial, sans-serif\"><span style=\"font-style:normal\"><span style=\"font-variant-ligatures:normal\"><span style=\"font-weight:400\"><span style=\"white-space:normal\"><span style=\"background-color:#ffffff\"><span style=\"text-decoration-thickness:initial\"><span style=\"text-decoration-style:initial\"><span style=\"text-decoration-color:initial\"><span style=\"font-size:18px\"><span style=\"box-sizing:border-box\"><span style=\"box-sizing:border-box\"><span style=\"box-sizing:border-box\"><span style=\"line-height:1.5\"><span style=\"box-sizing:border-box\"><span style=\"color:#313f48\"><span style=\"box-sizing:border-box\"><span style=\"font-family:&quot;Roboto Condensed&quot;, Helvetica, Arial, sans-serif\"><span style=\"box-sizing:border-box\"><span style=\"font-style:normal\"><span style=\"box-sizing:border-box\"><span style=\"font-variant-ligatures:normal\"><span style=\"box-sizing:border-box\"><span style=\"font-weight:400\"><span style=\"box-sizing:border-box\"><span style=\"white-space:normal\"><span style=\"box-sizing:border-box\"><span style=\"background-color:#ffffff\"><span style=\"box-sizing:border-box\"><span style=\"text-decoration-thickness:initial\"><span style=\"box-sizing:border-box\"><span style=\"text-decoration-style:initial\"><span style=\"box-sizing:border-box\"><span style=\"text-decoration-color:initial\"><span style=\"font-size:28pt\"><span style=\"box-sizing:border-box\"><span style=\"box-sizing:border-box\"><span style=\"box-sizing:border-box\"><span style=\"box-sizing:border-box\"><span style=\"font-family:Cambria, serif\"><span style=\"box-sizing:border-box\"><span style=\"box-sizing:border-box\"><span style=\"letter-spacing:-0.5pt\"><b style=\"box-sizing:border-box; font-weight:bolder\"><span style=\"font-size:18pt\"><span style=\"box-sizing:border-box\"><span style=\"box-sizing:border-box\"><span style=\"box-sizing:border-box\"><span style=\"box-sizing:border-box\"><span style=\"font-family:Calibri, sans-serif\"><span style=\"box-sizing:border-box\"><span style=\"box-sizing:border-box\"><span style=\"font-variant:small-caps\"><img src=\"https:\/\/www.abint.org.br\/assets\/img\/editor\/congresso-internacional-abit-2024-com-logo_20240924181014oBMW90pU6e.jpg\" style=\"box-sizing:border-box; border-style:none; width:500px; height:500px\" \/><\/span><\/span><\/span><\/span><\/span><\/span><\/span><\/span><\/span><\/b><\/span><\/span><\/span><\/span><\/span><\/span><\/span><\/span><\/span><\/span><\/span><\/span><\/span><\/span><\/span><\/span><\/span><\/span><\/span><\/span><\/span><\/span><\/span><\/span><\/span><\/span><\/span><\/span><\/span><\/span><\/span><\/span><\/span><\/span><\/span><\/span><\/span><\/span><\/span><\/span><\/span><\/span><\/span><\/span><\/span><\/span><\/span><\/p>\r\n\r\n<p class=\"MsoTitle\" style=\"text-align:justify; margin-bottom:20px\">&nbsp;<\/p>\r\n\r\n<p class=\"MsoTitle\" style=\"text-align:justify; margin-bottom:20px\"><span style=\"font-size:18px\"><span style=\"box-sizing:border-box\"><span style=\"line-height:1.5\"><span style=\"color:#313f48\"><span style=\"font-family:&quot;Roboto Condensed&quot;, Helvetica, Arial, sans-serif\"><span style=\"font-style:normal\"><span style=\"font-variant-ligatures:normal\"><span style=\"font-weight:400\"><span style=\"white-space:normal\"><span style=\"background-color:#ffffff\"><span style=\"text-decoration-thickness:initial\"><span style=\"text-decoration-style:initial\"><span style=\"text-decoration-color:initial\"><img src=\"https:\/\/www.abint.org.br\/assets\/img\/editor\/logo-ctg-abint-jpg_20240904134317C3JFRe5hO8.jpg\" style=\"box-sizing:border-box; border-style:none; max-width:100%; width:300px; height:55px; object-fit:contain\" \/><\/span><\/span><\/span><\/span><\/span><\/span><\/span><\/span><\/span><\/span><\/span><\/span><\/span><\/p>\r\n\r\n<p style=\"text-align:start; margin-bottom:20px\"><span style=\"font-size:18px\"><span style=\"box-sizing:border-box\"><span style=\"line-height:1.5\"><span style=\"color:#313f48\"><span style=\"font-family:&quot;Roboto Condensed&quot;, Helvetica, Arial, sans-serif\"><span style=\"font-style:normal\"><span style=\"font-variant-ligatures:normal\"><span style=\"font-weight:400\"><span style=\"white-space:normal\"><span style=\"background-color:#ffffff\"><span style=\"text-decoration-thickness:initial\"><span style=\"text-decoration-style:initial\"><span style=\"text-decoration-color:initial\"><span style=\"font-size:18px\"><span style=\"box-sizing:border-box\"><span style=\"box-sizing:border-box\"><span style=\"box-sizing:border-box\"><span style=\"line-height:1.5\"><span style=\"box-sizing:border-box\"><span style=\"color:#313f48\"><span style=\"box-sizing:border-box\"><span style=\"font-family:&quot;Roboto Condensed&quot;, Helvetica, Arial, sans-serif\"><span style=\"box-sizing:border-box\"><span style=\"font-style:normal\"><span style=\"box-sizing:border-box\"><span style=\"font-variant-ligatures:normal\"><span style=\"box-sizing:border-box\"><span style=\"font-weight:400\"><span style=\"box-sizing:border-box\"><span style=\"white-space:normal\"><span style=\"box-sizing:border-box\"><span style=\"background-color:#ffffff\"><span style=\"box-sizing:border-box\"><span style=\"text-decoration-thickness:initial\"><span style=\"box-sizing:border-box\"><span style=\"text-decoration-style:initial\"><span style=\"box-sizing:border-box\"><span style=\"text-decoration-color:initial\"><img src=\"https:\/\/www.abint.org.br\/assets\/img\/editor\/fenasan-2024_20240904135314a8pkkJgG8Z.jpg\" style=\"box-sizing:border-box; border-style:none; max-width:100%; width:341px; height:500px; object-fit:contain\" \/><\/span><\/span><\/span><\/span><\/span><\/span><\/span><\/span><\/span><\/span><\/span><\/span><\/span><\/span><\/span><\/span><\/span><\/span><\/span><\/span><\/span><\/span><\/span><\/span><\/span><\/span><\/span><\/span><\/span><\/span><\/span><\/span><\/span><\/span><\/span><\/span><\/span><\/span><\/p>\r\n\r\n<p style=\"text-align:start; margin-bottom:20px\"><span style=\"font-size:18px\"><span style=\"box-sizing:border-box\"><span style=\"line-height:1.5\"><span style=\"color:#313f48\"><span style=\"font-family:&quot;Roboto Condensed&quot;, Helvetica, Arial, sans-serif\"><span style=\"font-style:normal\"><span style=\"font-variant-ligatures:normal\"><span style=\"font-weight:400\"><span style=\"white-space:normal\"><span style=\"background-color:#ffffff\"><span style=\"text-decoration-thickness:initial\"><span style=\"text-decoration-style:initial\"><span style=\"text-decoration-color:initial\">&nbsp;<\/span><\/span><\/span><\/span><\/span><\/span><\/span><\/span><\/span><\/span><\/span><\/span><\/span><\/p>\r\n\r\n<p style=\"text-align:start; margin-bottom:20px\"><span style=\"font-size:18px\"><span style=\"box-sizing:border-box\"><span style=\"line-height:1.5\"><span style=\"color:#313f48\"><span style=\"font-family:&quot;Roboto Condensed&quot;, Helvetica, Arial, sans-serif\"><span style=\"font-style:normal\"><span style=\"font-variant-ligatures:normal\"><span style=\"font-weight:400\"><span style=\"white-space:normal\"><span style=\"background-color:#ffffff\"><span style=\"text-decoration-thickness:initial\"><span style=\"text-decoration-style:initial\"><span style=\"text-decoration-color:initial\"><span style=\"font-size:18px\"><span style=\"box-sizing:border-box\"><span style=\"box-sizing:border-box\"><span style=\"box-sizing:border-box\"><span style=\"line-height:1.5\"><span style=\"box-sizing:border-box\"><span style=\"color:#313f48\"><span style=\"box-sizing:border-box\"><span style=\"font-family:&quot;Roboto Condensed&quot;, Helvetica, Arial, sans-serif\"><span style=\"box-sizing:border-box\"><span style=\"font-style:normal\"><span style=\"box-sizing:border-box\"><span style=\"font-variant-ligatures:normal\"><span style=\"box-sizing:border-box\"><span style=\"font-weight:400\"><span style=\"box-sizing:border-box\"><span style=\"white-space:normal\"><span style=\"box-sizing:border-box\"><span style=\"background-color:#ffffff\"><span style=\"box-sizing:border-box\"><span style=\"text-decoration-thickness:initial\"><span style=\"box-sizing:border-box\"><span style=\"text-decoration-style:initial\"><span style=\"box-sizing:border-box\"><span style=\"text-decoration-color:initial\">O&nbsp;<b style=\"box-sizing:border-box; font-weight:bolder\">CTG ABINT apoia a Feira Nacional de Saneamento e Meio Ambiente &ndash; Fenasan e do 35&ordm; Encontro T&eacute;cnico AESabesp, que ocorrer&atilde;o de 22 a 24 de outubro de 2024<\/b>, no Pavilh&atilde;o Verde e Vermelho, no Expo Center Norte, em S&atilde;o Paulo. Trata-se do maior evento de saneamento da Am&eacute;rica Latin. A realiza&ccedil;&atilde;o &eacute; da AESabesp &ndash; Associa&ccedil;&atilde;o dos Engenheiros da Sabesp.<\/span><\/span><\/span><\/span><\/span><\/span><\/span><\/span><\/span><\/span><\/span><\/span><\/span><\/span><\/span><\/span><\/span><\/span><\/span><\/span><\/span><\/span><\/span><\/span><\/span><\/span><\/span><\/span><\/span><\/span><\/span><\/span><\/span><\/span><\/span><\/span><\/span><\/span><\/p>\r\n\r\n<p style=\"text-align:start; margin-bottom:20px\"><span style=\"font-size:18px\"><span style=\"box-sizing:border-box\"><span style=\"line-height:1.5\"><span style=\"color:#313f48\"><span style=\"font-family:&quot;Roboto Condensed&quot;, Helvetica, Arial, sans-serif\"><span style=\"font-style:normal\"><span style=\"font-variant-ligatures:normal\"><span style=\"font-weight:400\"><span style=\"white-space:normal\"><span style=\"background-color:#ffffff\"><span style=\"text-decoration-thickness:initial\"><span style=\"text-decoration-style:initial\"><span style=\"text-decoration-color:initial\"><span style=\"font-size:18px\"><span style=\"box-sizing:border-box\"><span style=\"box-sizing:border-box\"><span style=\"box-sizing:border-box\"><span style=\"line-height:1.5\"><span style=\"box-sizing:border-box\"><span style=\"color:#313f48\"><span style=\"box-sizing:border-box\"><span style=\"font-family:&quot;Roboto Condensed&quot;, Helvetica, Arial, sans-serif\"><span style=\"box-sizing:border-box\"><span style=\"font-style:normal\"><span style=\"box-sizing:border-box\"><span style=\"font-variant-ligatures:normal\"><span style=\"box-sizing:border-box\"><span style=\"font-weight:400\"><span style=\"box-sizing:border-box\"><span style=\"white-space:normal\"><span style=\"box-sizing:border-box\"><span style=\"background-color:#ffffff\"><span style=\"box-sizing:border-box\"><span style=\"text-decoration-thickness:initial\"><span style=\"box-sizing:border-box\"><span style=\"text-decoration-style:initial\"><span style=\"box-sizing:border-box\"><span style=\"text-decoration-color:initial\"><i style=\"box-sizing:border-box\">O tema central desta edi&ccedil;&atilde;o &eacute; &ldquo;Saneamento ambiental: condi&ccedil;&atilde;o fundamental para o enfrentamento das mudan&ccedil;as clim&aacute;ticas&rdquo;. Com um p&uacute;blico tradicionalmente de 22 mil visitantes e alinhada aos ODS &ndash; Objetivos de Desenvolvimento Sustent&aacute;vel estabelecidos pela ONU e aos conceitos de ESG, a edi&ccedil;&atilde;o 2024 continuar&aacute; ampliando o di&aacute;logo em torno das quest&otilde;es de saneamento ambiental, meio ambiente e sustentabilidade e promovendo o compartilhamento de conhecimento altamente qualificado.<\/i><\/span><\/span><\/span><\/span><\/span><\/span><\/span><\/span><\/span><\/span><\/span><\/span><\/span><\/span><\/span><\/span><\/span><\/span><\/span><\/span><\/span><\/span><\/span><\/span><\/span><\/span><\/span><\/span><\/span><\/span><\/span><\/span><\/span><\/span><\/span><\/span><\/span><\/span><\/p>\r\n\r\n<p style=\"text-align:start; margin-bottom:20px\"><span style=\"font-size:18px\"><span style=\"box-sizing:border-box\"><span style=\"line-height:1.5\"><span style=\"color:#313f48\"><span style=\"font-family:&quot;Roboto Condensed&quot;, Helvetica, Arial, sans-serif\"><span style=\"font-style:normal\"><span style=\"font-variant-ligatures:normal\"><span style=\"font-weight:400\"><span style=\"white-space:normal\"><span style=\"background-color:#ffffff\"><span style=\"text-decoration-thickness:initial\"><span style=\"text-decoration-style:initial\"><span style=\"text-decoration-color:initial\"><span style=\"font-size:18px\"><span style=\"box-sizing:border-box\"><span style=\"box-sizing:border-box\"><span style=\"box-sizing:border-box\"><span style=\"line-height:1.5\"><span style=\"box-sizing:border-box\"><span style=\"color:#313f48\"><span style=\"box-sizing:border-box\"><span style=\"font-family:&quot;Roboto Condensed&quot;, Helvetica, Arial, sans-serif\"><span style=\"box-sizing:border-box\"><span style=\"font-style:normal\"><span style=\"box-sizing:border-box\"><span style=\"font-variant-ligatures:normal\"><span style=\"box-sizing:border-box\"><span style=\"font-weight:400\"><span style=\"box-sizing:border-box\"><span style=\"white-space:normal\"><span style=\"box-sizing:border-box\"><span style=\"background-color:#ffffff\"><span style=\"box-sizing:border-box\"><span style=\"text-decoration-thickness:initial\"><span style=\"box-sizing:border-box\"><span style=\"text-decoration-style:initial\"><span style=\"box-sizing:border-box\"><span style=\"text-decoration-color:initial\"><a href=\"http:\/\/www.fenasan.com.br\/\" style=\"box-sizing:border-box; text-decoration:none; color:#008fd5; transition:color 0.3s\">www.fenasan.com.br<\/a><\/span><\/span><\/span><\/span><\/span><\/span><\/span><\/span><\/span><\/span><\/span><\/span><\/span><\/span><\/span><\/span><\/span><\/span><\/span><\/span><\/span><\/span><\/span><\/span><\/span><\/span><\/span><\/span><\/span><\/span><\/span><\/span><\/span><\/span><\/span><\/span><\/span><\/span><\/p>\r\n\r\n<p style=\"text-align:start; margin-bottom:20px\"><span style=\"font-size:18px\"><span style=\"box-sizing:border-box\"><span style=\"line-height:1.5\"><span style=\"color:#313f48\"><span style=\"font-family:&quot;Roboto Condensed&quot;, Helvetica, Arial, sans-serif\"><span style=\"font-style:normal\"><span style=\"font-variant-ligatures:normal\"><span style=\"font-weight:400\"><span style=\"white-space:normal\"><span style=\"background-color:#ffffff\"><span style=\"text-decoration-thickness:initial\"><span style=\"text-decoration-style:initial\"><span style=\"text-decoration-color:initial\">&nbsp;<\/span><\/span><\/span><\/span><\/span><\/span><\/span><\/span><\/span><\/span><\/span><\/span><\/span><span style=\"font-size:18px\"><span style=\"box-sizing:border-box\"><span style=\"line-height:1.5\"><span style=\"color:#313f48\"><span style=\"font-family:&quot;Roboto Condensed&quot;, Helvetica, Arial, sans-serif\"><span style=\"font-style:normal\"><span style=\"font-variant-ligatures:normal\"><span style=\"font-weight:400\"><span style=\"white-space:normal\"><span style=\"background-color:#ffffff\"><span style=\"text-decoration-thickness:initial\"><span style=\"text-decoration-style:initial\"><span style=\"text-decoration-color:initial\"><span style=\"font-size:18px\"><span style=\"box-sizing:border-box\"><span style=\"box-sizing:border-box\"><span style=\"box-sizing:border-box\"><span style=\"line-height:1.5\"><span style=\"box-sizing:border-box\"><span style=\"color:#313f48\"><span style=\"box-sizing:border-box\"><span style=\"font-family:&quot;Roboto Condensed&quot;, Helvetica, Arial, sans-serif\"><span style=\"box-sizing:border-box\"><span style=\"font-style:normal\"><span style=\"box-sizing:border-box\"><span style=\"font-variant-ligatures:normal\"><span style=\"box-sizing:border-box\"><span style=\"font-weight:400\"><span style=\"box-sizing:border-box\"><span style=\"white-space:normal\"><span style=\"box-sizing:border-box\"><span style=\"background-color:#ffffff\"><span style=\"box-sizing:border-box\"><span style=\"text-decoration-thickness:initial\"><span style=\"box-sizing:border-box\"><span style=\"text-decoration-style:initial\"><span style=\"box-sizing:border-box\"><span style=\"text-decoration-color:initial\"><img src=\"https:\/\/www.abint.org.br\/assets\/img\/editor\/cth-logo-alta-jpg_20240904134558I6qw2pBRZt.jpg\" style=\"box-sizing:border-box; border-style:none; max-width:100%; width:300px; height:68px; object-fit:contain\" \/><\/span><\/span><\/span><\/span><\/span><\/span><\/span><\/span><\/span><\/span><\/span><\/span><\/span><\/span><\/span><\/span><\/span><\/span><\/span><\/span><\/span><\/span><\/span><\/span><\/span><\/span><\/span><\/span><\/span><\/span><\/span><\/span><\/span><\/span><\/span><\/span><\/span><\/span><\/p>\r\n\r\n<p style=\"text-align:start; margin-bottom:20px\"><span style=\"font-size:18px\"><span style=\"box-sizing:border-box\"><span style=\"line-height:1.5\"><span style=\"color:#313f48\"><span style=\"font-family:&quot;Roboto Condensed&quot;, Helvetica, Arial, sans-serif\"><span style=\"font-style:normal\"><span style=\"font-variant-ligatures:normal\"><span style=\"font-weight:400\"><span style=\"white-space:normal\"><span style=\"background-color:#ffffff\"><span style=\"text-decoration-thickness:initial\"><span style=\"text-decoration-style:initial\"><span style=\"text-decoration-color:initial\">&nbsp;<span style=\"font-size:18px\"><span style=\"box-sizing:border-box\"><span style=\"box-sizing:border-box\"><span style=\"box-sizing:border-box\"><span style=\"line-height:1.5\"><span style=\"box-sizing:border-box\"><span style=\"color:#313f48\"><span style=\"box-sizing:border-box\"><span style=\"font-family:&quot;Roboto Condensed&quot;, Helvetica, Arial, sans-serif\"><span style=\"box-sizing:border-box\"><span style=\"font-style:normal\"><span style=\"box-sizing:border-box\"><span style=\"font-variant-ligatures:normal\"><span style=\"box-sizing:border-box\"><span style=\"font-weight:400\"><span style=\"box-sizing:border-box\"><span style=\"white-space:normal\"><span style=\"box-sizing:border-box\"><span style=\"background-color:#ffffff\"><span style=\"box-sizing:border-box\"><span style=\"text-decoration-thickness:initial\"><span style=\"box-sizing:border-box\"><span style=\"text-decoration-style:initial\"><span style=\"box-sizing:border-box\"><span style=\"text-decoration-color:initial\"><img src=\"https:\/\/www.abint.org.br\/assets\/img\/editor\/hospitalmed-2024-story-cth-abint_20240904134515hOjyRRpXlX.png\" style=\"box-sizing:border-box; border-style:none; max-width:100%; width:281px; height:500px; object-fit:contain\" \/><\/span><\/span><\/span><\/span><\/span><\/span><\/span><\/span><\/span><\/span><\/span><\/span><\/span><\/span><\/span><\/span><\/span><\/span><\/span><\/span><\/span><\/span><\/span><\/span><\/span><\/span><\/span><\/span><\/span><\/span><\/span><\/span><\/span><\/span><\/span><\/span><\/span><\/span><\/p>\r\n\r\n<p style=\"text-align:start; margin-bottom:20px\"><span style=\"font-size:18px\"><span style=\"box-sizing:border-box\"><span style=\"line-height:1.5\"><span style=\"color:#313f48\"><span style=\"font-family:&quot;Roboto Condensed&quot;, Helvetica, Arial, sans-serif\"><span style=\"font-style:normal\"><span style=\"font-variant-ligatures:normal\"><span style=\"font-weight:400\"><span style=\"white-space:normal\"><span style=\"background-color:#ffffff\"><span style=\"text-decoration-thickness:initial\"><span style=\"text-decoration-style:initial\"><span style=\"text-decoration-color:initial\"><span style=\"font-size:18px\"><span style=\"box-sizing:border-box\"><span style=\"box-sizing:border-box\"><span style=\"box-sizing:border-box\"><span style=\"line-height:1.5\"><span style=\"box-sizing:border-box\"><span style=\"color:#313f48\"><span style=\"box-sizing:border-box\"><span style=\"font-family:&quot;Roboto Condensed&quot;, Helvetica, Arial, sans-serif\"><span style=\"box-sizing:border-box\"><span style=\"font-style:normal\"><span style=\"box-sizing:border-box\"><span style=\"font-variant-ligatures:normal\"><span style=\"box-sizing:border-box\"><span style=\"font-weight:400\"><span style=\"box-sizing:border-box\"><span style=\"white-space:normal\"><span style=\"box-sizing:border-box\"><span style=\"background-color:#ffffff\"><span style=\"box-sizing:border-box\"><span style=\"text-decoration-thickness:initial\"><span style=\"box-sizing:border-box\"><span style=\"text-decoration-style:initial\"><span style=\"box-sizing:border-box\"><span style=\"text-decoration-color:initial\"><b style=\"box-sizing:border-box; font-weight:bolder\">O CTH ABINT &eacute; um dos patrocinadores da HospitalMed 2024.<\/b><\/span><\/span><\/span><\/span><\/span><\/span><\/span><\/span><\/span><\/span><\/span><\/span><\/span><\/span><\/span><\/span><\/span><\/span><\/span><\/span><\/span><\/span><\/span><\/span><\/span><\/span><\/span><\/span><\/span><\/span><\/span><\/span><\/span><\/span><\/span><\/span><\/span><\/span><\/p>\r\n\r\n<p style=\"text-align:start; margin-bottom:20px\"><span style=\"font-size:18px\"><span style=\"box-sizing:border-box\"><span style=\"line-height:1.5\"><span style=\"color:#313f48\"><span style=\"font-family:&quot;Roboto Condensed&quot;, Helvetica, Arial, sans-serif\"><span style=\"font-style:normal\"><span style=\"font-variant-ligatures:normal\"><span style=\"font-weight:400\"><span style=\"white-space:normal\"><span style=\"background-color:#ffffff\"><span style=\"text-decoration-thickness:initial\"><span style=\"text-decoration-style:initial\"><span style=\"text-decoration-color:initial\"><span style=\"font-size:18px\"><span style=\"box-sizing:border-box\"><span style=\"box-sizing:border-box\"><span style=\"box-sizing:border-box\"><span style=\"line-height:1.5\"><span style=\"box-sizing:border-box\"><span style=\"color:#313f48\"><span style=\"box-sizing:border-box\"><span style=\"font-family:&quot;Roboto Condensed&quot;, Helvetica, Arial, sans-serif\"><span style=\"box-sizing:border-box\"><span style=\"font-style:normal\"><span style=\"box-sizing:border-box\"><span style=\"font-variant-ligatures:normal\"><span style=\"box-sizing:border-box\"><span style=\"font-weight:400\"><span style=\"box-sizing:border-box\"><span style=\"white-space:normal\"><span style=\"box-sizing:border-box\"><span style=\"background-color:#ffffff\"><span style=\"box-sizing:border-box\"><span style=\"text-decoration-thickness:initial\"><span style=\"box-sizing:border-box\"><span style=\"text-decoration-style:initial\"><span style=\"box-sizing:border-box\"><span style=\"text-decoration-color:initial\">&ldquo;<i style=\"box-sizing:border-box\">A melhor e Mais Completa Feira de Sa&uacute;de do Norte\/Nordeste<\/i>&rdquo;, &eacute; uma realiza&ccedil;&atilde;o da HospitalMed Feiras &amp; Eventos e da Insight Feiras de Neg&oacute;cios.<\/span><\/span><\/span><\/span><\/span><\/span><\/span><\/span><\/span><\/span><\/span><\/span><\/span><\/span><\/span><\/span><\/span><\/span><\/span><\/span><\/span><\/span><\/span><\/span><\/span><\/span><\/span><\/span><\/span><\/span><\/span><\/span><\/span><\/span><\/span><\/span><\/span><\/span><\/p>\r\n\r\n<p style=\"text-align:start; margin-bottom:20px\"><span style=\"font-size:18px\"><span style=\"box-sizing:border-box\"><span style=\"line-height:1.5\"><span style=\"color:#313f48\"><span style=\"font-family:&quot;Roboto Condensed&quot;, Helvetica, Arial, sans-serif\"><span style=\"font-style:normal\"><span style=\"font-variant-ligatures:normal\"><span style=\"font-weight:400\"><span style=\"white-space:normal\"><span style=\"background-color:#ffffff\"><span style=\"text-decoration-thickness:initial\"><span style=\"text-decoration-style:initial\"><span style=\"text-decoration-color:initial\"><span style=\"font-size:18px\"><span style=\"box-sizing:border-box\"><span style=\"box-sizing:border-box\"><span style=\"box-sizing:border-box\"><span style=\"line-height:1.5\"><span style=\"box-sizing:border-box\"><span style=\"color:#313f48\"><span style=\"box-sizing:border-box\"><span style=\"font-family:&quot;Roboto Condensed&quot;, Helvetica, Arial, sans-serif\"><span style=\"box-sizing:border-box\"><span style=\"font-style:normal\"><span style=\"box-sizing:border-box\"><span style=\"font-variant-ligatures:normal\"><span style=\"box-sizing:border-box\"><span style=\"font-weight:400\"><span style=\"box-sizing:border-box\"><span style=\"white-space:normal\"><span style=\"box-sizing:border-box\"><span style=\"background-color:#ffffff\"><span style=\"box-sizing:border-box\"><span style=\"text-decoration-thickness:initial\"><span style=\"box-sizing:border-box\"><span style=\"text-decoration-style:initial\"><span style=\"box-sizing:border-box\"><span style=\"text-decoration-color:initial\"><i style=\"box-sizing:border-box\">&ldquo;O&nbsp;<b style=\"box-sizing:border-box; font-weight:bolder\">re&uacute;ne toda a cadeia produtiva do setor de sa&uacute;de das regi&otilde;es Norte\/Nordeste<\/b>. &Eacute; o grande encontro de fornecedores de Produtos, Equipamentos, Servi&ccedil;os, Tecnologia e Conte&uacute;do para Hospitais, Laborat&oacute;rios, Farm&aacute;cias, Cl&iacute;nicas, Consult&oacute;rios e Profissionais da Sa&uacute;de&rdquo;.<\/i><\/span><\/span><\/span><\/span><\/span><\/span><\/span><\/span><\/span><\/span><\/span><\/span><\/span><\/span><\/span><\/span><\/span><\/span><\/span><\/span><\/span><\/span><\/span><\/span><\/span><\/span><\/span><\/span><\/span><\/span><\/span><\/span><\/span><\/span><\/span><\/span><\/span><\/span><\/p>\r\n\r\n<p style=\"text-align:start; margin-bottom:20px\"><span style=\"font-size:18px\"><span style=\"box-sizing:border-box\"><span style=\"line-height:1.5\"><span style=\"color:#313f48\"><span style=\"font-family:&quot;Roboto Condensed&quot;, Helvetica, Arial, sans-serif\"><span style=\"font-style:normal\"><span style=\"font-variant-ligatures:normal\"><span style=\"font-weight:400\"><span style=\"white-space:normal\"><span style=\"background-color:#ffffff\"><span style=\"text-decoration-thickness:initial\"><span style=\"text-decoration-style:initial\"><span style=\"text-decoration-color:initial\"><span style=\"font-size:18px\"><span style=\"box-sizing:border-box\"><span style=\"box-sizing:border-box\"><span style=\"box-sizing:border-box\"><span style=\"line-height:1.5\"><span style=\"box-sizing:border-box\"><span style=\"color:#313f48\"><span style=\"box-sizing:border-box\"><span style=\"font-family:&quot;Roboto Condensed&quot;, Helvetica, Arial, sans-serif\"><span style=\"box-sizing:border-box\"><span style=\"font-style:normal\"><span style=\"box-sizing:border-box\"><span style=\"font-variant-ligatures:normal\"><span style=\"box-sizing:border-box\"><span style=\"font-weight:400\"><span style=\"box-sizing:border-box\"><span style=\"white-space:normal\"><span style=\"box-sizing:border-box\"><span style=\"background-color:#ffffff\"><span style=\"box-sizing:border-box\"><span style=\"text-decoration-thickness:initial\"><span style=\"box-sizing:border-box\"><span style=\"text-decoration-style:initial\"><span style=\"box-sizing:border-box\"><span style=\"text-decoration-color:initial\"><a href=\"http:\/\/www.hospitalmed.com.br\/\" style=\"box-sizing:border-box; text-decoration:none; color:#008fd5; transition:color 0.3s\">www.hospitalmed.com.br<\/a><\/span><\/span><\/span><\/span><\/span><\/span><\/span><\/span><\/span><\/span><\/span><\/span><\/span><\/span><\/span><\/span><\/span><\/span><\/span><\/span><\/span><\/span><\/span><\/span><\/span><\/span><\/span><\/span><\/span><\/span><\/span><\/span><\/span><\/span><\/span><\/span><\/span><\/span><\/p>\r\n\r\n<p style=\"text-align:start; margin-bottom:20px\">&nbsp;<\/p>\r\n\r\n<p class=\"MsoTitle\" style=\"text-align:justify\"><span style=\"font-size:28pt\"><span style=\"font-family:Cambria,serif\"><span style=\"letter-spacing:-0.5pt\"><b><span style=\"font-size:18.0pt\"><span style=\"font-family:&quot;Calibri&quot;,sans-serif\"><span style=\"font-variant:small-caps\">Not&iacute;cias das Associadas<\/span><\/span><\/span><\/b><\/span><\/span><\/span><\/p>\r\n\r\n<p style=\"text-align:justify\"><span style=\"font-size:11pt\"><span style=\"line-height:normal\"><span style=\"font-family:Calibri,sans-serif\"><a href=\"https:\/\/www.abit.org.br\/noticias\/abint-tem-nova-diretoria\" style=\"color:blue; text-decoration:underline\"><span style=\"font-size:14.0pt\">ABINT tem nova Diretoria<\/span><\/a><\/span><\/span><\/span><\/p>\r\n\r\n<p style=\"text-align:justify\"><span style=\"font-size:11pt\"><span style=\"line-height:normal\"><span style=\"font-family:Calibri,sans-serif\"><a href=\"https:\/\/www.bnamericas.com\/pt\/analise\/andritz-hydro-preve-aumento-de-demanda-no-brasil\" style=\"color:blue; text-decoration:underline\"><span style=\"font-size:14.0pt\">Andritz Hydro prev&ecirc; aumento de demanda no Brasil<\/span><\/a><\/span><\/span><\/span><\/p>\r\n\r\n<p style=\"text-align:justify\"><span style=\"font-size:11pt\"><span style=\"line-height:normal\"><span style=\"font-family:Calibri,sans-serif\"><a href=\"https:\/\/r.mail.fibretofashion.com\/tr\/cl\/bHw99N-Ie4dEBvtmGJTAWVZ42y0AlGz2VqE7UyOETjsJWeuR2VDe9HVOVUf_mHO2HosfWDbyL4pc8_mT3SKEECyufU8fXIXcTQWd3a7dfwkgRlsKGqRLkn0Z3_xPUKxVsTqPTY1co3L9TK5QJylY8obtyeZrCT8EVCEAkzwYohhYbqvhKKqgltOtTJPyGg4YQlBiHJ16C4zL_EIhwFAlm95GcDXJH7TtitFOWr6nFdNPmGe1IHuvGbXZOyMN6GxfpLRrn4b8GTkPFUwG5D710gJdRKBVjauNIFfRYkIYSL4B7W2L1ZugYVk3zWvL1U3BBugM3ucJhGsE0x9e_MO2rfts7kOCe1Gt0VcrARBHpGXock2-uIAO0SbVQnTCAq6j-4OHcTlqJ2gH--bfvQ\" style=\"color:blue; text-decoration:underline\"><span lang=\"EN-US\" style=\"font-size:14.0pt\">Austria&rsquo;s Andritz, PulPac partner for sustainable packaging solutions<\/span><\/a><\/span><\/span><\/span><\/p>\r\n\r\n<p style=\"text-align:justify\"><span style=\"font-size:11pt\"><span style=\"line-height:normal\"><span style=\"font-family:Calibri,sans-serif\"><a href=\"https:\/\/tissueonline.com.br\/andritz-marca-presenca-no-56-congresso-e-exposicao-internacional-de-celulose-e-papel-da-abtcp\/?utm_campaign=newsletter_04102024_novo_modelo&amp;utm_medium=email&amp;utm_source=RD+Station\" style=\"color:blue; text-decoration:underline\"><span style=\"font-size:14.0pt\">ANDRITZ marca presen&ccedil;a no 56&deg; Congresso e Exposi&ccedil;&atilde;o Internacional de Celulose e Papel da ABTCP<\/span><\/a><\/span><\/span><\/span><\/p>\r\n\r\n<p style=\"text-align:justify\"><span style=\"font-size:11pt\"><span style=\"line-height:normal\"><span style=\"font-family:Calibri,sans-serif\"><a href=\"https:\/\/revistanews.com.br\/2024\/10\/03\/cipatex-amplia-linha-de-vestuario-com-o-lancamento-do-tech-suede\/\" style=\"color:blue; text-decoration:underline\"><span style=\"font-size:14.0pt\">Cipatex&reg; amplia linha de vestu&aacute;rio com o lan&ccedil;amento do Tech Suede<\/span><\/a><\/span><\/span><\/span><\/p>\r\n\r\n<p style=\"text-align:justify\"><span style=\"font-size:11pt\"><span style=\"line-height:normal\"><span style=\"font-family:Calibri,sans-serif\"><a href=\"https:\/\/r.mail.fibretofashion.com\/tr\/cl\/8vRM7xefqjRJgo6rv3B3vXAUg4ThscWQ0JeFwitPrBKLojG-HfuhIUQSGzJ2r9Mf-l10dZ-xSI6ldt7kJpvMVz_21kirs5QVtllGRlFYcCv_hFl5rOxKXr_qu-481gJZfU9tgd-WVmsDFU1Bpk86DeLbIxPfb-ia5I2Ek5E7c1DhTxIpJLd0sYS7-tWoe0KjicxMFV1kKjaiVc7TQSftCAmJJvc3SdHa_AO-xY8ryZRjfACLnTJs10XSHPMlqf4BHhzcnn4fwj7APEs4Al3lXAmjbIv8yHqDOZ7e716H7XTjrrZTP0W0PP1MYOch5ZyhVfaluta9_J7knTx769hlHVjyHPIrJHjQd13vUxIexyj3GBwMVDDjFwzGi1wwbbgo4tduzckN8YSotC0wrbOm\" style=\"color:blue; text-decoration:underline\"><span lang=\"EN-US\" style=\"font-size:14.0pt\">Freudenberg Performance Materials acquires major parts of Heytex Group<\/span><\/a><\/span><\/span><\/span><\/p>\r\n\r\n<p style=\"text-align:justify\">&nbsp;<\/p>\r\n\r\n<p style=\"text-align:justify\"><span style=\"font-size:11pt\"><span style=\"line-height:normal\"><span style=\"font-family:Calibri,sans-serif\"><b><span lang=\"EN-US\" style=\"font-size:18.0pt\"><span style=\"font-variant:small-caps\">Eventos<\/span><\/span><\/b><\/span><\/span><\/span><\/p>\r\n\r\n<p style=\"text-align:justify\">&nbsp;<\/p>\r\n\r\n<p style=\"text-align:justify\"><span style=\"font-size:11pt\"><span style=\"line-height:normal\"><span style=\"font-family:Calibri,sans-serif\"><a href=\"https:\/\/www.abrafiltros.org.br\/cursos\/\" style=\"color:blue; text-decoration:underline\"><b><span style=\"font-size:14.0pt\">Cursos Abrafiltros | Automatiza&ccedil;&atilde;o de Filtros de Manga<\/span><\/b><\/a><\/span><\/span><\/span><\/p>\r\n\r\n<p style=\"text-align:justify\"><span style=\"font-size:11pt\"><span style=\"line-height:normal\"><span style=\"font-family:Calibri,sans-serif\"><a href=\"https:\/\/www.even3.com.br\/xxxcntt\/\" style=\"color:blue; text-decoration:underline\"><b><span style=\"font-size:14.0pt\">30&ordm; Congresso Nacional de Tecnologia T&ecirc;xtil, Confec&ccedil;&atilde;o e Moda<\/span><\/b><\/a><span style=\"font-size:14.0pt\">, 08 a 11 de outubro de 2024, evento presencial, Apucarana\/ PR<\/span><\/span><\/span><\/span><\/p>\r\n\r\n<p style=\"text-align:justify\"><span style=\"font-size:11pt\"><span style=\"line-height:normal\"><span style=\"font-family:Calibri,sans-serif\"><a href=\"https:\/\/plasticosemrevista.com.br\/competitividade-2024-inscricao\/\" style=\"color:blue; text-decoration:underline\"><b><span style=\"font-size:14.0pt\">Pl&aacute;sticos em Revista | Semin&aacute;rio Competitividade<\/span><\/b><\/a><span style=\"font-size:14.0pt\">, 10 de outubro de 2024, Hotel Meli&aacute;, Av. Paulista, 2181<\/span><\/span><\/span><\/span><\/p>\r\n\r\n<p style=\"text-align:justify\"><span style=\"font-size:11pt\"><span style=\"line-height:normal\"><span style=\"font-family:Calibri,sans-serif\"><a href=\"https:\/\/www.sympla.com.br\/evento\/encontro-regional-almaco-em-salvador-ba\/2611464\" style=\"color:blue; text-decoration:underline\"><b><span style=\"font-size:14.0pt\">Encontro Regional ALMACO<\/span><\/b><\/a><span style=\"font-size:14.0pt\">, 16 de outubro de 2024, 13h00 &agrave;s 18h00, evento presencial, Fiesta Bahia Hotel, Salvador, BA<\/span><\/span><\/span><\/span><\/p>\r\n\r\n<p style=\"text-align:justify\"><span style=\"font-size:11pt\"><span style=\"line-height:normal\"><span style=\"font-family:Calibri,sans-serif\"><a href=\"http:\/\/www.fenasan.com.br\" style=\"color:blue; text-decoration:underline\"><b><span style=\"font-size:14.0pt\">Fenasan 2024 &ndash; Feira Nacional de Saneamento e Meio Ambiente<\/span><\/b><\/a><span style=\"font-size:14.0pt\">, 22 a 24 de outubro de 2024, Pavilh&otilde;es Verde e Vermelho, Expo Center Norte, S&atilde;o Paulo SP<\/span><\/span><\/span><\/span><\/p>\r\n\r\n<p style=\"text-align:justify\"><span style=\"font-size:11pt\"><span style=\"line-height:normal\"><span style=\"font-family:Calibri,sans-serif\"><a href=\"http:\/\/www.hospitalmed.com.br\" style=\"color:blue; text-decoration:underline\"><b><span style=\"font-size:14.0pt\">HospitalMed 2024<\/span><\/b><\/a><span style=\"font-size:14.0pt\">, 23 a 25 de outubro, das 14h &agrave;s 20h, no Pernambuco Centro de Conven&ccedil;&otilde;es<\/span><\/span><\/span><\/span><\/p>\r\n\r\n<p style=\"text-align:justify\"><span style=\"font-size:11pt\"><span style=\"line-height:normal\"><span style=\"font-family:Calibri,sans-serif\"><a href=\"https:\/\/www.abnteducacao.com.br\/Simbologia_de_cuidados_aplicada_a_Etiquetagem_de_Texteis_ABNT_NBR_NM_ISO_3758\" style=\"color:blue; text-decoration:underline\"><b><span style=\"font-size:14.0pt\">Simbologia de cuidados aplicada a Etiquetagem de T&ecirc;xteis<\/span><\/b><\/a><span style=\"font-size:14.0pt\">, 23 e 24 de outubro de 2024, 8h30 &agrave;s 17h30, evento online<\/span><\/span><\/span><\/span><\/p>\r\n\r\n<p style=\"text-align:justify\"><span style=\"font-size:11pt\"><span style=\"line-height:normal\"><span style=\"font-family:Calibri,sans-serif\"><a href=\"https:\/\/b20brazil.org\/#msdynttrid=6zt-Ug2nJO0FDfhoU9K0en-twuGAoU5aPF8EQm7neRo\" style=\"color:blue; text-decoration:underline\"><b><span lang=\"EN-US\" style=\"font-size:14.0pt\">B20 Summit Brasil 2024 - Inclusive Growth for a Sustainable Future<\/span><\/b><\/a><span lang=\"EN-US\" style=\"font-size:14.0pt\">, October 24th - 25th, 2024, Clube Atl&eacute;tico Monte L&iacute;bano, S&atilde;o Paulo, SP<\/span><\/span><\/span><\/span><\/p>\r\n\r\n<p style=\"text-align:justify\"><span style=\"font-size:11pt\"><span style=\"line-height:normal\"><span style=\"font-family:Calibri,sans-serif\"><a href=\"http:\/\/www.congressoabit.com.br\" style=\"color:blue; text-decoration:underline\"><b><span style=\"font-size:14.0pt\">Congresso Internacional Abit 2024<\/span><\/b><\/a><span style=\"font-size:14.0pt\">, 30 e 31 de outubro, Salvador, Bahia<\/span><\/span><\/span><\/span><\/p>\r\n\r\n<p style=\"text-align:justify\"><span style=\"font-size:11pt\"><span style=\"line-height:normal\"><span style=\"font-family:Calibri,sans-serif\"><a href=\"https:\/\/abrava.com.br\/compromissos\/xxiii-encontro-nacional-de-empresas-projetistas-e-consultores-da-abrava-copy\/?utm_campaign=participe_do_xxiv_encontro_nacional_de_empresas_projetistas_e_consultores&amp;utm_medium=email&amp;utm_source=RD+Station\" style=\"color:blue; text-decoration:underline\"><b><span style=\"font-size:14.0pt\">ENPC 2024 &ndash; XXIV Encontro Nacional de Empresas Projetistas e Consultores da Abrava<\/span><\/b><\/a><span style=\"font-size:14.0pt\">, 05 e 06 de novembro, 08h30 &agrave;s 18h00, evento online<\/span><\/span><\/span><\/span><\/p>\r\n\r\n<p style=\"text-align:justify\"><span style=\"font-size:11pt\"><span style=\"line-height:normal\"><span style=\"font-family:Calibri,sans-serif\"><a href=\"https:\/\/wtin-summit.zoom.us\/webinar\/register\/8317274323268\/WN_dSUzxaVJS5uDqijTmxudMg#\/registration\" style=\"color:blue; text-decoration:underline\"><b><span lang=\"EN-US\" style=\"font-size:14.0pt\">Shaping the future of sustainable molded parts: Nonwoven Monomaterial Solutions<\/span><\/b><\/a><span lang=\"EN-US\" style=\"font-size:14.0pt\">, November 7, 2024, 10:00 am<\/span><\/span><\/span><\/span><\/p>\r\n\r\n<p style=\"text-align:justify\"><span style=\"font-size:11pt\"><span style=\"line-height:normal\"><span style=\"font-family:Calibri,sans-serif\"><a href=\"https:\/\/www.fimec.com.br\/\" style=\"color:blue; text-decoration:underline\"><b><span style=\"font-size:14.0pt\">Fimec 2025<\/span><\/b><\/a><span style=\"font-size:14.0pt\">, 18 a 20 de mar&ccedil;o, Fenac, Novo Hamburgo, RS<\/span><\/span><\/span><\/span><\/p>\r\n\r\n<p style=\"text-align:justify\"><span style=\"font-size:28pt\"><span style=\"font-family:Cambria,serif\"><span style=\"letter-spacing:-0.5pt\"><b><span lang=\"EN-US\" style=\"font-size:18.0pt\"><span style=\"font-family:&quot;Calibri&quot;,sans-serif\"><span style=\"font-variant:small-caps\">Setor<\/span><\/span><\/span><\/b><\/span><\/span><\/span><\/p>\r\n\r\n<p style=\"text-align:justify\"><span style=\"font-size:11pt\"><span style=\"line-height:normal\"><span style=\"font-family:Calibri,sans-serif\"><a href=\"https:\/\/monitormercantil.com.br\/industria-do-plastico-faturou-r-123-bilhoes-em-2023\/\" style=\"color:blue; text-decoration:underline\"><span style=\"font-size:14.0pt\">Ind&uacute;stria do pl&aacute;stico faturou R$ 123 bilh&otilde;es em 2023<\/span><\/a><\/span><\/span><\/span><\/p>\r\n\r\n<p style=\"text-align:justify\"><span style=\"font-size:11pt\"><span style=\"line-height:normal\"><span style=\"font-family:Calibri,sans-serif\"><a href=\"https:\/\/www.innovationintextiles.com\/nonwovens\/record-attendance-at-outlook-2024\/\" style=\"color:blue; text-decoration:underline\"><span style=\"font-size:14.0pt\">Record attendance at Outlook 2024<\/span><\/a><\/span><\/span><\/span><\/p>\r\n\r\n<p style=\"text-align:justify\"><span style=\"font-size:11pt\"><span style=\"line-height:normal\"><span style=\"font-family:Calibri,sans-serif\"><a href=\"https:\/\/plasticosemrevista.com.br\/o-excedente-cada-vez-mais-inviavel-de-pe\/\" style=\"color:blue; text-decoration:underline\"><span style=\"font-size:14.0pt\">O excedente cada vez mais invi&aacute;vel de PE<\/span><\/a><\/span><\/span><\/span><\/p>\r\n\r\n<p style=\"text-align:justify\"><span style=\"font-size:11pt\"><span style=\"line-height:normal\"><span style=\"font-family:Calibri,sans-serif\"><a href=\"https:\/\/tissueonline.com.br\/ontex-anuncia-venda-de-operacao-brasileira-para-a-softys\/?utm_campaign=newsletter_04102024_novo_modelo&amp;utm_medium=email&amp;utm_source=RD+Station\" style=\"color:blue; text-decoration:underline\"><span style=\"font-size:14.0pt\">Ontex anuncia venda de opera&ccedil;&atilde;o brasileira para a Softys<\/span><\/a><\/span><\/span><\/span><\/p>\r\n\r\n<p style=\"text-align:justify\"><span style=\"font-size:11pt\"><span style=\"line-height:normal\"><span style=\"font-family:Calibri,sans-serif\"><a href=\"https:\/\/tecnologiademateriais.com.br\/portaltm\/feiplar-feipur-2024-recebe-17-890-visitantes-de-toda-a-america-latina\/\" style=\"color:blue; text-decoration:underline\"><span style=\"font-size:14.0pt\">FEIPLAR &amp; FEIPUR 2024 recebe 17.890 visitantes de toda a Am&eacute;rica Latina<\/span><\/a><\/span><\/span><\/span><\/p>\r\n\r\n<p style=\"text-align:justify\"><span style=\"font-size:28pt\"><span style=\"font-family:Cambria,serif\"><span style=\"letter-spacing:-0.5pt\"><b><span style=\"font-size:18.0pt\"><span style=\"font-family:&quot;Calibri&quot;,sans-serif\"><span style=\"font-variant:small-caps\">Ind&uacute;stria<\/span><\/span><\/span><\/b><\/span><\/span><\/span><\/p>\r\n\r\n<p style=\"text-align:justify\"><span style=\"font-size:11pt\"><span style=\"line-height:normal\"><span style=\"font-family:Calibri,sans-serif\"><a href=\"https:\/\/monitormercantil.com.br\/mp-cria-tributacao-minima-de-15-sobre-lucro-de-multinacionais\/\" style=\"color:blue; text-decoration:underline\"><span style=\"font-size:14.0pt\">MP cria tributa&ccedil;&atilde;o m&iacute;nima de 15% sobre lucro de multinacionais<\/span><\/a><\/span><\/span><\/span><\/p>\r\n\r\n<p style=\"text-align:justify\"><span style=\"font-size:11pt\"><span style=\"line-height:normal\"><span style=\"font-family:Calibri,sans-serif\"><a href=\"https:\/\/portalmaquinasagricolas.com.br\/abimaq-preve-cenario-estavel-ou-de-leve-crescimento-para-o-setor-de-maquinas-em-2025\/\" style=\"color:blue; text-decoration:underline\"><span style=\"font-size:14.0pt\">Abimaq prev&ecirc; cen&aacute;rio &ldquo;est&aacute;vel&rdquo; ou de &ldquo;leve crescimento&rdquo; para o setor em 2025<\/span><\/a><\/span><\/span><\/span><\/p>\r\n\r\n<p style=\"text-align:justify\"><span style=\"font-size:11pt\"><span style=\"line-height:normal\"><span style=\"font-family:Calibri,sans-serif\"><a href=\"https:\/\/agenciadenoticias.ibge.gov.br\/agencia-noticias\/2012-agencia-de-noticias\/noticias\/41464-producao-industrial-varia-0-1-apos-recuo-de-1-4-em-julho\" style=\"color:blue; text-decoration:underline\"><span style=\"font-size:14.0pt\">Produ&ccedil;&atilde;o industrial varia 0,1%, ap&oacute;s recuo de 1,4% em julho<\/span><\/a><\/span><\/span><\/span><\/p>\r\n\r\n<p style=\"text-align:justify\"><span style=\"font-size:11pt\"><span style=\"line-height:normal\"><span style=\"font-family:Calibri,sans-serif\"><a href=\"https:\/\/br.investing.com\/news\/economic-indicators\/expansao-da-industria-do-brasil-ganha-forca-em-setembro-com-melhora-da-demanda-mostra-pmi-1354733\" style=\"color:blue; text-decoration:underline\"><span style=\"font-size:14.0pt\">Expans&atilde;o da ind&uacute;stria do Brasil ganha for&ccedil;a em setembro com melhora da demanda, mostra PMI<\/span><\/a><\/span><\/span><\/span><\/p>\r\n\r\n<p style=\"text-align:justify\"><span style=\"font-size:11pt\"><span style=\"line-height:normal\"><span style=\"font-family:Calibri,sans-serif\"><a href=\"https:\/\/noticias.portaldaindustria.com.br\/noticias\/economia\/emprego-massa-salarial-e-rendimento-medio-dos-trabalhadores-da-industria-crescem-em-agosto\/\" style=\"color:blue; text-decoration:underline\"><span style=\"font-size:14.0pt\">Emprego, massa salarial e rendimento dos trabalhadores da ind&uacute;stria crescem em agosto<\/span><\/a><\/span><\/span><\/span><\/p>\r\n\r\n<p style=\"text-align:justify\"><span style=\"font-size:11pt\"><span style=\"line-height:normal\"><span style=\"font-family:Calibri,sans-serif\"><a href=\"http:\/\/www.revistaanamaco.com.br\/saldo-positivo-na-geracao-de-empregos1?utm_campaign=Revista+Anamaco+Online&amp;utm_content=Saldo+positivo+na+gera%C3%A7%C3%A3o+de+empregos+-+Revista+Anamaco&amp;utm_medium=email&amp;utm_source=dinamize&amp;utm_term=Revista+Anamaco+Online-NewsLetter%2373-2024\" style=\"color:blue; text-decoration:underline\"><span style=\"font-size:14.0pt\">Saldo positivo na gera&ccedil;&atilde;o de empregos<\/span><\/a><\/span><\/span><\/span><\/p>\r\n\r\n<p style=\"text-align:justify\"><span style=\"font-size:11pt\"><span style=\"line-height:normal\"><span style=\"font-family:Calibri,sans-serif\"><a href=\"http:\/\/www.revistaanamaco.com.br\/custos-maiores-na-construcao?utm_campaign=Revista+Anamaco+Online&amp;utm_content=Custos+maiores+na+constru%C3%A7%C3%A3o+-+Revista+Anamaco&amp;utm_medium=email&amp;utm_source=dinamize&amp;utm_term=Revista+Anamaco+Online-NewsLetter%2373-2024\" style=\"color:blue; text-decoration:underline\"><span style=\"font-size:14.0pt\">Custos maiores na constru&ccedil;&atilde;o<\/span><\/a><\/span><\/span><\/span><\/p>\r\n\r\n<p style=\"text-align:justify\"><span style=\"font-size:11pt\"><span style=\"line-height:normal\"><span style=\"font-family:Calibri,sans-serif\"><a href=\"https:\/\/eixos.com.br\/newsletters\/dialogos-da-transicao\/braco-empresarial-do-g20-pede-politicas-para-bioenergia-hidrogenio-e-nuclear\/?utm_source=newsletters+eixos&amp;utm_campaign=b15503c84b-EMAIL_CAMPAIGN_2024_10_01_12_44&amp;utm_medium=email&amp;utm_term=0_-b15503c84b-%5BLIST_EMAIL_ID%5D\" style=\"color:blue; text-decoration:underline\"><span style=\"font-size:14.0pt\">Bra&ccedil;o empresarial do G20 pede pol&iacute;ticas para bioenergia, hidrog&ecirc;nio e nuclear<\/span><\/a><\/span><\/span><\/span><\/p>\r\n\r\n<p style=\"text-align:justify\"><span style=\"font-size:28pt\"><span style=\"font-family:Cambria,serif\"><span style=\"letter-spacing:-0.5pt\"><b><span lang=\"ES-AR\" style=\"font-size:18.0pt\"><span style=\"font-family:&quot;Calibri&quot;,sans-serif\"><span style=\"font-variant:small-caps\">Sustentabilidade<\/span><\/span><\/span><\/b><\/span><\/span><\/span><\/p>\r\n\r\n<p style=\"text-align:justify\"><span style=\"font-size:11pt\"><span style=\"line-height:normal\"><span style=\"font-family:Calibri,sans-serif\"><a href=\"https:\/\/www12.senado.leg.br\/noticias\/materias\/2024\/10\/04\/proposta-torna-obrigatoria-fixacao-de-tampas-em-garrafas-pet\" style=\"color:blue; text-decoration:underline\"><span style=\"font-size:14.0pt\">Proposta torna obrigat&oacute;ria fixa&ccedil;&atilde;o de tampas em garrafas PET<\/span><\/a><\/span><\/span><\/span><\/p>\r\n\r\n<p style=\"text-align:justify\"><span style=\"font-size:11pt\"><span style=\"line-height:normal\"><span style=\"font-family:Calibri,sans-serif\"><a href=\"https:\/\/noticias.portaldaindustria.com.br\/noticias\/sustentabilidade\/88-dos-brasileiros-adotam-mais-de-5-praticas-sustentaveis-diz-pesquisa-da-cni\/\" style=\"color:blue; text-decoration:underline\"><span style=\"font-size:14.0pt\">88% dos brasileiros adotam mais de 5 pr&aacute;ticas sustent&aacute;veis, diz pesquisa da CNI<\/span><\/a><\/span><\/span><\/span><\/p>\r\n\r\n<p style=\"text-align:justify\"><span style=\"font-size:28pt\"><span style=\"font-family:Cambria,serif\"><span style=\"letter-spacing:-0.5pt\"><b><span style=\"font-size:18.0pt\"><span style=\"font-family:&quot;Calibri&quot;,sans-serif\"><span style=\"font-variant:small-caps\">Inova&ccedil;&atilde;o<\/span><\/span><\/span><\/b><\/span><\/span><\/span><\/p>\r\n\r\n<p style=\"text-align:justify\"><span style=\"font-size:11pt\"><span style=\"line-height:normal\"><span style=\"font-family:Calibri,sans-serif\"><a href=\"https:\/\/noticias.portaldaindustria.com.br\/noticias\/inovacao-e-tecnologia\/brasil-se-mantem-entre-as-50-economias-mais-inovadoras-do-mundo\/\" style=\"color:blue; text-decoration:underline\"><span style=\"font-size:14.0pt\">Brasil se mant&eacute;m entre as 50 economias mais inovadoras do mundo<\/span><\/a><\/span><\/span><\/span><\/p>\r\n\r\n<p style=\"text-align:justify\"><span style=\"font-size:11pt\"><span style=\"line-height:normal\"><span style=\"font-family:Calibri,sans-serif\"><a href=\"https:\/\/socientifica.com.br\/plastico-vaporizado-e-reduzido-em-gas-o-que-pode-tornar-a-reciclagem-mais-eficiente\/\" style=\"color:blue; text-decoration:underline\"><span style=\"font-size:14.0pt\">Pl&aacute;stico vaporizado &eacute; reduzido em g&aacute;s, o que pode tornar a reciclagem mais eficiente<\/span><\/a><\/span><\/span><\/span><\/p>\r\n\r\n<p style=\"text-align:justify\"><span style=\"font-size:11pt\"><span style=\"line-height:normal\"><span style=\"font-family:Calibri,sans-serif\"><a href=\"https:\/\/fastcompanybrasil.com\/impacto\/parece-marmore-de-verdade-mas-e-feito-de-sobras-de-material-plastico\/\" style=\"color:blue; text-decoration:underline\"><span style=\"font-size:14.0pt\">Parece m&aacute;rmore de verdade. Mas &eacute; feito de sobras de pl&aacute;stico<\/span><\/a><\/span><\/span><\/span><\/p>\r\n\r\n<p style=\"text-align:justify\"><span style=\"font-size:11pt\"><span style=\"line-height:normal\"><span style=\"font-family:Calibri,sans-serif\"><a href=\"https:\/\/www.inovacaotecnologica.com.br\/noticias\/noticia.php?artigo=roupa-nanotubos-boro-protege-astronautas-contra-radiacao-cosmica&amp;id=010130241001&amp;ebol=sim\" style=\"color:blue; text-decoration:underline\"><span style=\"font-size:14.0pt\">Roupa de nanotubos proteger&aacute; astronautas contra radia&ccedil;&atilde;o c&oacute;smica<\/span><\/a><\/span><\/span><\/span><\/p>\r\n\r\n<p style=\"text-align:justify\"><span style=\"font-size:28pt\"><span style=\"font-family:Cambria,serif\"><span style=\"letter-spacing:-0.5pt\"><b><span style=\"font-size:18.0pt\"><span style=\"font-family:&quot;Calibri&quot;,sans-serif\"><span style=\"font-variant:small-caps\">Com&eacute;rcio Exterior<\/span><\/span><\/span><\/b><\/span><\/span><\/span><\/p>\r\n\r\n<p style=\"text-align:justify\"><span style=\"font-size:11pt\"><span style=\"line-height:normal\"><span style=\"font-family:Calibri,sans-serif\"><a href=\"https:\/\/static.portaldaindustria.com.br\/media\/filer_public\/91\/09\/91095933-e6b9-4660-961b-bc50f3865dba\/ex_pc_24-034_memorando-de-entendimento.pdf\" style=\"color:blue; text-decoration:underline\"><span style=\"font-size:14.0pt\">Memorando de Entendimento Brasil-China sobre Coopera&ccedil;&atilde;o em Janelas &Uacute;nicas no Com&eacute;rcio Transfronteiri&ccedil;o<\/span><\/a><\/span><\/span><\/span><\/p>\r\n\r\n<p style=\"text-align:justify\"><span style=\"font-size:11pt\"><span style=\"line-height:normal\"><span style=\"font-family:Calibri,sans-serif\"><a href=\"https:\/\/agenciabrasil.ebc.com.br\/politica\/noticia\/2024-09\/lula-defende-revisao-e-novos-acordos-comerciais-com-o-mexico\" style=\"color:blue; text-decoration:underline\"><span style=\"font-size:14.0pt\">Lula defende revis&atilde;o e novos acordos comerciais com o M&eacute;xico<\/span><\/a><\/span><\/span><\/span><\/p>\r\n\r\n<p style=\"text-align:justify\"><span style=\"font-size:11pt\"><span style=\"line-height:normal\"><span style=\"font-family:Calibri,sans-serif\"><a href=\"https:\/\/www.gov.br\/mdic\/pt-br\/assuntos\/noticias\/2024\/outubro\/em-foro-empresarial-mdic-destaca-possibilidades-de-integracao-industrial-entre-brasil-e-mexico\" style=\"color:blue; text-decoration:underline\"><span style=\"font-size:14.0pt\">Em foro empresarial, MDIC destaca possibilidades de integra&ccedil;&atilde;o industrial entre Brasil e M&eacute;xico<\/span><\/a><\/span><\/span><\/span><\/p>\r\n\r\n<p style=\"text-align:justify\"><span style=\"font-size:11pt\"><span style=\"line-height:normal\"><span style=\"font-family:Calibri,sans-serif\"><a href=\"https:\/\/www.infomoney.com.br\/politica\/lula-acordo-comercial-entre-mercosul-e-ue-poderia-ser-estendido-para-america-latina\/\" style=\"color:blue; text-decoration:underline\"><span style=\"font-size:14.0pt\">Lula: acordo comercial entre Mercosul e UE poderia ser estendido para Am&eacute;rica Latina<\/span><\/a><\/span><\/span><\/span><\/p>\r\n\r\n<p style=\"text-align:justify\"><span style=\"font-size:11pt\"><span style=\"line-height:normal\"><span style=\"font-family:Calibri,sans-serif\"><a href=\"https:\/\/anba.com.br\/brasil-simplifica-importacao-e-economiza-r-40-bi\/\" style=\"color:blue; text-decoration:underline\"><span style=\"font-size:14.0pt\">Brasil simplifica importa&ccedil;&atilde;o e economiza R$ 40 bi<\/span><\/a><\/span><\/span><\/span><\/p>\r\n\r\n<p style=\"text-align:justify\"><span style=\"font-size:28pt\"><span style=\"font-family:Cambria,serif\"><span style=\"letter-spacing:-0.5pt\"><b><span style=\"font-size:18.0pt\"><span style=\"font-family:&quot;Calibri&quot;,sans-serif\"><span style=\"font-variant:small-caps\">Economia<\/span><\/span><\/span><\/b><\/span><\/span><\/span><\/p>\r\n\r\n<p style=\"text-align:justify\"><span style=\"font-size:11pt\"><span style=\"line-height:normal\"><span style=\"font-family:Calibri,sans-serif\"><a href=\"https:\/\/www.bcb.gov.br\/content\/focus\/focus\/R20241004.pdf\" style=\"color:blue; text-decoration:underline\"><span style=\"font-size:14.0pt\">Focus - Relat&oacute;rio de Mercado<\/span><\/a><\/span><\/span><\/span><\/p>\r\n\r\n<p style=\"text-align:justify\"><span style=\"font-size:11pt\"><span style=\"line-height:normal\"><span style=\"font-family:Calibri,sans-serif\"><a href=\"https:\/\/www.bcb.gov.br\/content\/controleinflacao\/focusdistribuicoesfrequencia\/P20241007-Focus-Distribuicoes-de-frequencia.pdf\" style=\"color:blue; text-decoration:underline\"><span style=\"font-size:14.0pt\">Focus - Distribui&ccedil;&otilde;es de Frequ&ecirc;ncia das Expectativas de Mercado para IPCA, Selic, PIB e C&acirc;mbio<\/span><\/a><\/span><\/span><\/span><\/p>\r\n\r\n<p style=\"text-align:justify\"><span style=\"font-size:11pt\"><span style=\"line-height:normal\"><span style=\"font-family:Calibri,sans-serif\"><a href=\"https:\/\/agenciabrasil.ebc.com.br\/radioagencia-nacional\/economia\/audio\/2024-09\/fgv-indice-de-incerteza-da-economia-fica-estavel-em-setembro\" style=\"color:blue; text-decoration:underline\"><span style=\"font-size:14.0pt\">FGV: &Iacute;ndice de Incerteza da Economia fica est&aacute;vel em setembro<\/span><\/a><\/span><\/span><\/span><\/p>\r\n\r\n<p style=\"text-align:justify\"><span style=\"font-size:11pt\"><span style=\"line-height:normal\"><span style=\"font-family:Calibri,sans-serif\"><a href=\"https:\/\/portalibre.fgv.br\/system\/files\/divulgacao\/noticias\/mat-complementar\/2024-10\/Apresenta%C3%A7%C3%A3o%20-%20S%C3%ADntese%20das%20Sondagens%20-%20Setembro%202024.pdf\" style=\"color:blue; text-decoration:underline\"><span style=\"font-size:14.0pt\">S&iacute;ntese das Sondagens de setembro de 2024<\/span><\/a><\/span><\/span><\/span><\/p>\r\n\r\n<p style=\"text-align:justify\"><span style=\"font-size:11pt\"><span style=\"line-height:normal\"><span style=\"font-family:Calibri,sans-serif\"><a href=\"https:\/\/portalibre.fgv.br\/system\/files\/divulgacao\/noticias\/mat-complementar\/2024-10\/Indicadores%20de%20Mercado%20de%20Trabalho%20FGV_press%20release_Set24.pdf\" style=\"color:blue; text-decoration:underline\"><span style=\"font-size:14.0pt\">Indicador Antecedente de Emprego caiu 1,4 ponto em setembro<\/span><\/a><\/span><\/span><\/span><\/p>\r\n\r\n<p style=\"text-align:justify\">&nbsp;<\/p>\r\n\r\n<p style=\"text-align:justify\"><img src=\"https:\/\/www.abint.org.br\/assets\/img\/editor\/redes-sociais-abint-ctg-cth_20240904135709sSIkVHItU6.jpg\" \/><\/p>\r\n","texto_en":"","7":"","imagem":"COMP_capa-2024-site-boletim-abint-noticias-semanis_20241010124802qH1IYRArXc.jpg","8":"COMP_capa-2024-site-boletim-abint-noticias-semanis_20241010124802qH1IYRArXc.jpg","arquivo":"20241008-BOLETIM-ABINT-DE-NOTICIAS-SEMANAIS.PDF","9":"20241008-BOLETIM-ABINT-DE-NOTICIAS-SEMANAIS.PDF","titulo_arquivo":"20241008 Boletim ABINT de Not\u00edcias Semanais","10":"20241008 Boletim ABINT de Not\u00edcias Semanais","titulo_arquivo_en":"","11":"","created_at":"2024-10-10 12:48:19","12":"2024-10-10 12:48:19","updated_at":"2024-10-10 12:48:19","13":"2024-10-10 12:48:19"},{"id":139,"0":139,"ordem":84,"1":84,"data":"2024-10-01","2":"2024-10-01","slug":"boletim-abint-de-noticias-semanais-49","3":"boletim-abint-de-noticias-semanais-49","titulo":"Boletim ABINT de Not\u00edcias Semanais","4":"Boletim ABINT de Not\u00edcias Semanais","titulo_en":"","5":"","texto":"<p style=\"text-align:justify\"><span style=\"font-size:11pt\"><span style=\"line-height:normal\"><span style=\"font-family:Calibri,sans-serif\"><span style=\"font-size:14.0pt\">Esta &eacute; uma compila&ccedil;&atilde;o das not&iacute;cias mais relevantes para o setor, incluindo informa&ccedil;&otilde;es sobre acordos internacionais, economia brasileira, sustentabilidade e mat&eacute;rias primas, al&eacute;m de novidades do setor de N&atilde;otecidos e Tecidos T&eacute;cnicos.<\/span><\/span><\/span><\/span><\/p>\r\n\r\n<p class=\"MsoTitleCxSpFirst\" style=\"text-align:justify\"><span style=\"font-size:28pt\"><span style=\"font-family:Cambria,serif\"><span style=\"letter-spacing:-0.5pt\"><b><span style=\"font-size:18.0pt\"><span style=\"font-family:&quot;Calibri&quot;,sans-serif\"><span style=\"font-variant:small-caps\">A&ccedil;&otilde;es realizadas<\/span><\/span><\/span><\/b><\/span><\/span><\/span><\/p>\r\n\r\n<p class=\"MsoTitleCxSpFirst\" style=\"text-align:justify\"><b><img src=\"https:\/\/www.abint.org.br\/assets\/img\/editor\/abint-logo-2020-g_20240904132243faaawqQf1G.png\" style=\"width: 300px; height: 69px;\" \/><\/b><\/p>\r\n\r\n<p class=\"MsoTitle\" style=\"text-align:justify\">&nbsp;<\/p>\r\n\r\n<p style=\"text-align:justify\"><span style=\"font-size:11pt\"><span style=\"line-height:normal\"><span style=\"font-family:Calibri,sans-serif\"><a href=\"https:\/\/www.abint.org.br\/informacao\/imprensa\/eleicoes-abint-2024\" style=\"color:blue; text-decoration:underline\"><b><span style=\"font-size:18.0pt\">Elei&ccedil;&otilde;es ABINT 2024<\/span><\/b><\/a><\/span><\/span><\/span><\/p>\r\n\r\n<p style=\"text-align:justify\">&nbsp;<\/p>\r\n\r\n<p style=\"text-align:justify; margin-bottom:20px\">&nbsp;<\/p>\r\n\r\n<p style=\"text-align:justify; margin-bottom:20px\"><span style=\"font-size:18px\"><span style=\"box-sizing:border-box\"><span style=\"line-height:1.5\"><span style=\"color:#313f48\"><span style=\"font-family:&quot;Roboto Condensed&quot;, Helvetica, Arial, sans-serif\"><span style=\"font-style:normal\"><span style=\"font-variant-ligatures:normal\"><span style=\"font-weight:400\"><span style=\"white-space:normal\"><span style=\"background-color:#ffffff\"><span style=\"text-decoration-thickness:initial\"><span style=\"text-decoration-style:initial\"><span style=\"text-decoration-color:initial\"><span style=\"font-size:11pt\"><span style=\"box-sizing:border-box\"><span style=\"box-sizing:border-box\"><span style=\"line-height:normal\"><span style=\"box-sizing:border-box\"><span style=\"font-family:Calibri, sans-serif\"><span style=\"font-size:14pt\"><span style=\"box-sizing:border-box\">A&nbsp;<b style=\"box-sizing:border-box; font-weight:bolder\">ABINT<\/b>&nbsp;&eacute; uma das&nbsp;<b style=\"box-sizing:border-box; font-weight:bolder\">patrocinadoras<\/b>&nbsp;do<b style=\"box-sizing:border-box; font-weight:bolder\">&nbsp;<\/b><\/span><\/span><a href=\"https:\/\/www.congressoabit.com.br\/\" style=\"box-sizing:border-box; text-decoration:underline; color:blue; transition:color 0.3s\"><b style=\"box-sizing:border-box; font-weight:bolder\"><span style=\"font-size:14pt\"><span style=\"box-sizing:border-box\">Congresso Internacional Abit 2024<\/span><\/span><\/b><\/a><span style=\"font-size:14pt\"><span style=\"box-sizing:border-box\">, que ocorrer&aacute; dias 30 e 31 de outubro, no SENAI Cimatec, Salvador, BA.<\/span><\/span><\/span><\/span><\/span><\/span><\/span><\/span><\/span><\/span><\/span><\/span><\/span><\/span><\/span><\/span><\/span><\/span><\/span><\/span><\/span><\/p>\r\n\r\n<p class=\"MsoTitle\" style=\"text-align:justify; margin-bottom:20px\"><span style=\"font-size:18px\"><span style=\"box-sizing:border-box\"><span style=\"line-height:1.5\"><span style=\"color:#313f48\"><span style=\"font-family:&quot;Roboto Condensed&quot;, Helvetica, Arial, sans-serif\"><span style=\"font-style:normal\"><span style=\"font-variant-ligatures:normal\"><span style=\"font-weight:400\"><span style=\"white-space:normal\"><span style=\"background-color:#ffffff\"><span style=\"text-decoration-thickness:initial\"><span style=\"text-decoration-style:initial\"><span style=\"text-decoration-color:initial\"><span style=\"font-size:28pt\"><span style=\"box-sizing:border-box\"><span style=\"box-sizing:border-box\"><span style=\"font-family:Cambria, serif\"><span style=\"box-sizing:border-box\"><span style=\"letter-spacing:-0.5pt\"><b style=\"box-sizing:border-box; font-weight:bolder\"><span style=\"font-size:18pt\"><span style=\"box-sizing:border-box\"><span style=\"box-sizing:border-box\"><span style=\"font-family:Calibri, sans-serif\"><span style=\"box-sizing:border-box\"><span style=\"font-variant:small-caps\"><img src=\"https:\/\/www.abint.org.br\/assets\/img\/editor\/congresso-internacional-abit-2024-com-logo_20240924181014oBMW90pU6e.jpg\" style=\"box-sizing: border-box; border-style: none; width: 500px; height: 500px;\" \/><\/span><\/span><\/span><\/span><\/span><\/span><\/b><\/span><\/span><\/span><\/span><\/span><\/span><\/span><\/span><\/span><\/span><\/span><\/span><\/span><\/span><\/span><\/span><\/span><\/span><\/span><\/p>\r\n\r\n<p class=\"MsoTitle\" style=\"text-align:justify; margin-bottom:20px\"><span style=\"font-size:28pt\"><span style=\"font-family:Cambria,serif\"><span style=\"letter-spacing:-0.5pt\"><b><span style=\"font-size:18.0pt\"><span style=\"font-family:&quot;Calibri&quot;,sans-serif\"><span style=\"font-variant:small-caps\">O que vem por a&iacute;<\/span><\/span><\/span><\/b><\/span><\/span><\/span><\/p>\r\n\r\n<p class=\"MsoTitle\" style=\"text-align:justify; margin-bottom:20px\"><img src=\"https:\/\/www.abint.org.br\/assets\/img\/editor\/logo-ctg-abint-jpg_20240904134317C3JFRe5hO8.jpg\" style=\"width: 300px; height: 55px;\" \/><\/p>\r\n\r\n<p style=\"text-align:start; margin-bottom:20px\"><span style=\"font-size:18px\"><span style=\"box-sizing:border-box\"><span style=\"line-height:1.5\"><span style=\"color:#313f48\"><span style=\"font-family:&quot;Roboto Condensed&quot;, Helvetica, Arial, sans-serif\"><span style=\"font-style:normal\"><span style=\"font-variant-ligatures:normal\"><span style=\"font-weight:400\"><span style=\"white-space:normal\"><span style=\"background-color:#ffffff\"><span style=\"text-decoration-thickness:initial\"><span style=\"text-decoration-style:initial\"><span style=\"text-decoration-color:initial\"><img src=\"https:\/\/www.abint.org.br\/assets\/img\/editor\/fenasan-2024_20240904135314a8pkkJgG8Z.jpg\" style=\"box-sizing: border-box; border-style: none; max-width: 100%; width: 341px; height: 500px; object-fit: contain;\" \/><\/span><\/span><\/span><\/span><\/span><\/span><\/span><\/span><\/span><\/span><\/span><\/span><\/span><\/p>\r\n\r\n<p style=\"text-align:start; margin-bottom:20px\"><span style=\"font-size:18px\"><span style=\"box-sizing:border-box\"><span style=\"line-height:1.5\"><span style=\"color:#313f48\"><span style=\"font-family:&quot;Roboto Condensed&quot;, Helvetica, Arial, sans-serif\"><span style=\"font-style:normal\"><span style=\"font-variant-ligatures:normal\"><span style=\"font-weight:400\"><span style=\"white-space:normal\"><span style=\"background-color:#ffffff\"><span style=\"text-decoration-thickness:initial\"><span style=\"text-decoration-style:initial\"><span style=\"text-decoration-color:initial\">&nbsp;<\/span><\/span><\/span><\/span><\/span><\/span><\/span><\/span><\/span><\/span><\/span><\/span><\/span><\/p>\r\n\r\n<p style=\"text-align:start; margin-bottom:20px\"><span style=\"font-size:18px\"><span style=\"box-sizing:border-box\"><span style=\"line-height:1.5\"><span style=\"color:#313f48\"><span style=\"font-family:&quot;Roboto Condensed&quot;, Helvetica, Arial, sans-serif\"><span style=\"font-style:normal\"><span style=\"font-variant-ligatures:normal\"><span style=\"font-weight:400\"><span style=\"white-space:normal\"><span style=\"background-color:#ffffff\"><span style=\"text-decoration-thickness:initial\"><span style=\"text-decoration-style:initial\"><span style=\"text-decoration-color:initial\">O&nbsp;<b style=\"box-sizing:border-box; font-weight:bolder\">CTG ABINT apoia a Feira Nacional de Saneamento e Meio Ambiente &ndash; Fenasan e do 35&ordm; Encontro T&eacute;cnico AESabesp, que ocorrer&atilde;o de 22 a 24 de outubro de 2024<\/b>, no Pavilh&atilde;o Verde e Vermelho, no Expo Center Norte, em S&atilde;o Paulo. Trata-se do maior evento de saneamento da Am&eacute;rica Latin. A realiza&ccedil;&atilde;o &eacute; da AESabesp &ndash; Associa&ccedil;&atilde;o dos Engenheiros da Sabesp.<\/span><\/span><\/span><\/span><\/span><\/span><\/span><\/span><\/span><\/span><\/span><\/span><\/span><\/p>\r\n\r\n<p style=\"text-align:start; margin-bottom:20px\"><span style=\"font-size:18px\"><span style=\"box-sizing:border-box\"><span style=\"line-height:1.5\"><span style=\"color:#313f48\"><span style=\"font-family:&quot;Roboto Condensed&quot;, Helvetica, Arial, sans-serif\"><span style=\"font-style:normal\"><span style=\"font-variant-ligatures:normal\"><span style=\"font-weight:400\"><span style=\"white-space:normal\"><span style=\"background-color:#ffffff\"><span style=\"text-decoration-thickness:initial\"><span style=\"text-decoration-style:initial\"><span style=\"text-decoration-color:initial\"><i style=\"box-sizing:border-box\">O tema central desta edi&ccedil;&atilde;o &eacute; &ldquo;Saneamento ambiental: condi&ccedil;&atilde;o fundamental para o enfrentamento das mudan&ccedil;as clim&aacute;ticas&rdquo;. Com um p&uacute;blico tradicionalmente de 22 mil visitantes e alinhada aos ODS &ndash; Objetivos de Desenvolvimento Sustent&aacute;vel estabelecidos pela ONU e aos conceitos de ESG, a edi&ccedil;&atilde;o 2024 continuar&aacute; ampliando o di&aacute;logo em torno das quest&otilde;es de saneamento ambiental, meio ambiente e sustentabilidade e promovendo o compartilhamento de conhecimento altamente qualificado.<\/i><\/span><\/span><\/span><\/span><\/span><\/span><\/span><\/span><\/span><\/span><\/span><\/span><\/span><\/p>\r\n\r\n<p style=\"text-align:start; margin-bottom:20px\"><span style=\"font-size:18px\"><span style=\"box-sizing:border-box\"><span style=\"line-height:1.5\"><span style=\"color:#313f48\"><span style=\"font-family:&quot;Roboto Condensed&quot;, Helvetica, Arial, sans-serif\"><span style=\"font-style:normal\"><span style=\"font-variant-ligatures:normal\"><span style=\"font-weight:400\"><span style=\"white-space:normal\"><span style=\"background-color:#ffffff\"><span style=\"text-decoration-thickness:initial\"><span style=\"text-decoration-style:initial\"><span style=\"text-decoration-color:initial\"><a href=\"http:\/\/www.fenasan.com.br\/\" style=\"box-sizing:border-box; text-decoration:none; color:#008fd5; transition:color 0.3s\">www.fenasan.com.br<\/a><\/span><\/span><\/span><\/span><\/span><\/span><\/span><\/span><\/span><\/span><\/span><\/span><\/span><\/p>\r\n\r\n<p style=\"text-align:start; margin-bottom:20px\"><span style=\"font-size:18px\"><span style=\"box-sizing:border-box\"><span style=\"line-height:1.5\"><span style=\"color:#313f48\"><span style=\"font-family:&quot;Roboto Condensed&quot;, Helvetica, Arial, sans-serif\"><span style=\"font-style:normal\"><span style=\"font-variant-ligatures:normal\"><span style=\"font-weight:400\"><span style=\"white-space:normal\"><span style=\"background-color:#ffffff\"><span style=\"text-decoration-thickness:initial\"><span style=\"text-decoration-style:initial\"><span style=\"text-decoration-color:initial\">&nbsp;<\/span><\/span><\/span><\/span><\/span><\/span><\/span><\/span><\/span><\/span><\/span><\/span><\/span><\/p>\r\n\r\n<p style=\"text-align:start; margin-bottom:20px\"><span style=\"font-size:18px\"><span style=\"box-sizing:border-box\"><span style=\"line-height:1.5\"><span style=\"color:#313f48\"><span style=\"font-family:&quot;Roboto Condensed&quot;, Helvetica, Arial, sans-serif\"><span style=\"font-style:normal\"><span style=\"font-variant-ligatures:normal\"><span style=\"font-weight:400\"><span style=\"white-space:normal\"><span style=\"background-color:#ffffff\"><span style=\"text-decoration-thickness:initial\"><span style=\"text-decoration-style:initial\"><span style=\"text-decoration-color:initial\"><img src=\"https:\/\/www.abint.org.br\/assets\/img\/editor\/cth-logo-alta-jpg_20240904134558I6qw2pBRZt.jpg\" style=\"box-sizing:border-box; border-style:none; max-width:100%; width:300px; height:68px; object-fit:contain\" \/><\/span><\/span><\/span><\/span><\/span><\/span><\/span><\/span><\/span><\/span><\/span><\/span><\/span><\/p>\r\n\r\n<p style=\"text-align:start; margin-bottom:20px\"><span style=\"font-size:18px\"><span style=\"box-sizing:border-box\"><span style=\"line-height:1.5\"><span style=\"color:#313f48\"><span style=\"font-family:&quot;Roboto Condensed&quot;, Helvetica, Arial, sans-serif\"><span style=\"font-style:normal\"><span style=\"font-variant-ligatures:normal\"><span style=\"font-weight:400\"><span style=\"white-space:normal\"><span style=\"background-color:#ffffff\"><span style=\"text-decoration-thickness:initial\"><span style=\"text-decoration-style:initial\"><span style=\"text-decoration-color:initial\">&nbsp;<\/span><\/span><\/span><\/span><\/span><\/span><\/span><\/span><\/span><\/span><\/span><\/span><\/span><span style=\"font-size:18px\"><span style=\"box-sizing:border-box\"><span style=\"line-height:1.5\"><span style=\"color:#313f48\"><span style=\"font-family:&quot;Roboto Condensed&quot;, Helvetica, Arial, sans-serif\"><span style=\"font-style:normal\"><span style=\"font-variant-ligatures:normal\"><span style=\"font-weight:400\"><span style=\"white-space:normal\"><span style=\"background-color:#ffffff\"><span style=\"text-decoration-thickness:initial\"><span style=\"text-decoration-style:initial\"><span style=\"text-decoration-color:initial\"><img src=\"https:\/\/www.abint.org.br\/assets\/img\/editor\/hospitalmed-2024-story-cth-abint_20240904134515hOjyRRpXlX.png\" style=\"box-sizing: border-box; border-style: none; max-width: 100%; width: 281px; height: 500px; object-fit: contain;\" \/><\/span><\/span><\/span><\/span><\/span><\/span><\/span><\/span><\/span><\/span><\/span><\/span><\/span><\/p>\r\n\r\n<p style=\"text-align:start; margin-bottom:20px\"><span style=\"font-size:18px\"><span style=\"box-sizing:border-box\"><span style=\"line-height:1.5\"><span style=\"color:#313f48\"><span style=\"font-family:&quot;Roboto Condensed&quot;, Helvetica, Arial, sans-serif\"><span style=\"font-style:normal\"><span style=\"font-variant-ligatures:normal\"><span style=\"font-weight:400\"><span style=\"white-space:normal\"><span style=\"background-color:#ffffff\"><span style=\"text-decoration-thickness:initial\"><span style=\"text-decoration-style:initial\"><span style=\"text-decoration-color:initial\"><b style=\"box-sizing:border-box; font-weight:bolder\">O CTH ABINT &eacute; um dos patrocinadores da HospitalMed 2024.<\/b><\/span><\/span><\/span><\/span><\/span><\/span><\/span><\/span><\/span><\/span><\/span><\/span><\/span><\/p>\r\n\r\n<p style=\"text-align:start; margin-bottom:20px\"><span style=\"font-size:18px\"><span style=\"box-sizing:border-box\"><span style=\"line-height:1.5\"><span style=\"color:#313f48\"><span style=\"font-family:&quot;Roboto Condensed&quot;, Helvetica, Arial, sans-serif\"><span style=\"font-style:normal\"><span style=\"font-variant-ligatures:normal\"><span style=\"font-weight:400\"><span style=\"white-space:normal\"><span style=\"background-color:#ffffff\"><span style=\"text-decoration-thickness:initial\"><span style=\"text-decoration-style:initial\"><span style=\"text-decoration-color:initial\">&ldquo;<i style=\"box-sizing:border-box\">A melhor e Mais Completa Feira de Sa&uacute;de do Norte\/Nordeste<\/i>&rdquo;, &eacute; uma realiza&ccedil;&atilde;o da HospitalMed Feiras &amp; Eventos e da Insight Feiras de Neg&oacute;cios.<\/span><\/span><\/span><\/span><\/span><\/span><\/span><\/span><\/span><\/span><\/span><\/span><\/span><\/p>\r\n\r\n<p style=\"text-align:start; margin-bottom:20px\"><span style=\"font-size:18px\"><span style=\"box-sizing:border-box\"><span style=\"line-height:1.5\"><span style=\"color:#313f48\"><span style=\"font-family:&quot;Roboto Condensed&quot;, Helvetica, Arial, sans-serif\"><span style=\"font-style:normal\"><span style=\"font-variant-ligatures:normal\"><span style=\"font-weight:400\"><span style=\"white-space:normal\"><span style=\"background-color:#ffffff\"><span style=\"text-decoration-thickness:initial\"><span style=\"text-decoration-style:initial\"><span style=\"text-decoration-color:initial\"><i style=\"box-sizing:border-box\">&ldquo;O&nbsp;<b style=\"box-sizing:border-box; font-weight:bolder\">re&uacute;ne toda a cadeia produtiva do setor de sa&uacute;de das regi&otilde;es Norte\/Nordeste<\/b>. &Eacute; o grande encontro de fornecedores de Produtos, Equipamentos, Servi&ccedil;os, Tecnologia e Conte&uacute;do para Hospitais, Laborat&oacute;rios, Farm&aacute;cias, Cl&iacute;nicas, Consult&oacute;rios e Profissionais da Sa&uacute;de&rdquo;.<\/i><\/span><\/span><\/span><\/span><\/span><\/span><\/span><\/span><\/span><\/span><\/span><\/span><\/span><\/p>\r\n\r\n<p style=\"text-align:start; margin-bottom:20px\"><span style=\"font-size:18px\"><span style=\"box-sizing:border-box\"><span style=\"line-height:1.5\"><span style=\"color:#313f48\"><span style=\"font-family:&quot;Roboto Condensed&quot;, Helvetica, Arial, sans-serif\"><span style=\"font-style:normal\"><span style=\"font-variant-ligatures:normal\"><span style=\"font-weight:400\"><span style=\"white-space:normal\"><span style=\"background-color:#ffffff\"><span style=\"text-decoration-thickness:initial\"><span style=\"text-decoration-style:initial\"><span style=\"text-decoration-color:initial\"><a href=\"http:\/\/www.hospitalmed.com.br\/\" style=\"box-sizing:border-box; text-decoration:none; color:#008fd5; transition:color 0.3s\">www.hospitalmed.com.br<\/a><\/span><\/span><\/span><\/span><\/span><\/span><\/span><\/span><\/span><\/span><\/span><\/span><\/span><\/p>\r\n\r\n<p class=\"MsoTitle\" style=\"text-align:justify; margin-bottom:20px\"><span style=\"font-size:18px\"><span style=\"box-sizing:border-box\"><span style=\"line-height:1.5\"><span style=\"color:#313f48\"><span style=\"font-family:&quot;Roboto Condensed&quot;, Helvetica, Arial, sans-serif\"><span style=\"font-style:normal\"><span style=\"font-variant-ligatures:normal\"><span style=\"font-weight:400\"><span style=\"white-space:normal\"><span style=\"background-color:#ffffff\"><span style=\"text-decoration-thickness:initial\"><span style=\"text-decoration-style:initial\"><span style=\"text-decoration-color:initial\"><span style=\"font-size:28pt\"><span style=\"box-sizing:border-box\"><span style=\"box-sizing:border-box\"><span style=\"font-family:Cambria, serif\"><span style=\"box-sizing:border-box\"><span style=\"letter-spacing:-0.5pt\"><b style=\"box-sizing:border-box; font-weight:bolder\"><span style=\"font-size:18pt\"><span style=\"box-sizing:border-box\"><span style=\"box-sizing:border-box\"><span style=\"font-family:Calibri, sans-serif\"><span style=\"box-sizing:border-box\"><span style=\"font-variant:small-caps\">Not&iacute;cias das Associadas<\/span><\/span><\/span><\/span><\/span><\/span><\/b><\/span><\/span><\/span><\/span><\/span><\/span><\/span><\/span><\/span><\/span><\/span><\/span><\/span><\/span><\/span><\/span><\/span><\/span><\/span><\/p>\r\n\r\n<p class=\"MsoTitle\" style=\"text-align:justify; margin-bottom:20px\">&nbsp;<\/p>\r\n\r\n<p style=\"text-align:justify\"><span style=\"font-size:11pt\"><span style=\"line-height:normal\"><span style=\"font-family:Calibri,sans-serif\"><a href=\"https:\/\/tissueonline.com.br\/andritz-estabelecera-novo-centro-de-servicos-no-brasil\/?utm_campaign=newsletter_27092024_novo_modelo&amp;utm_medium=email&amp;utm_source=RD+Station\" style=\"color:blue; text-decoration:underline\"><span style=\"font-size:14.0pt\">ANDRITZ estabelecer&aacute; novo Centro de Servi&ccedil;os no Brasil<\/span><\/a><\/span><\/span><\/span><\/p>\r\n\r\n<p style=\"text-align:justify\"><span style=\"font-size:11pt\"><span style=\"line-height:normal\"><span style=\"font-family:Calibri,sans-serif\"><a href=\"https:\/\/www.technicaltextile.net\/news\/andritz-commissions-spunlace-line-in-quimicolor-colombia-298061.html\" style=\"color:blue; text-decoration:underline\"><span lang=\"EN-US\" style=\"font-size:14.0pt\">Andritz commissions spunlace line in Quimicolor, Colombia<\/span><\/a><\/span><\/span><\/span><\/p>\r\n\r\n<p style=\"text-align:justify\"><span style=\"font-size:11pt\"><span style=\"line-height:normal\"><span style=\"font-family:Calibri,sans-serif\"><a href=\"https:\/\/www.nonwovens-industry.com\/contents\/view_breaking-news\/2024-09-26\/andritz-to-offer-complete-dry-molded-fiber-lines\/15303\" style=\"color:blue; text-decoration:underline\"><span lang=\"EN-US\" style=\"font-size:14.0pt\">Andritz to Offer Complete Dry Molded Fiber Lines<\/span><\/a><\/span><\/span><\/span><\/p>\r\n\r\n<p style=\"text-align:justify\"><span style=\"font-size:11pt\"><span style=\"line-height:normal\"><span style=\"font-family:Calibri,sans-serif\"><a href=\"https:\/\/www.innovationintextiles.com\/technology-machinery-equipment\/added-recycling-capacity-for-sealy\/\" style=\"color:blue; text-decoration:underline\"><span lang=\"EN-US\" style=\"font-size:14.0pt\">Australian mattress maker partners with Andritz for second time.<\/span><\/a><\/span><\/span><\/span><\/p>\r\n\r\n<p style=\"text-align:justify\"><span style=\"font-size:11pt\"><span style=\"line-height:normal\"><span style=\"font-family:Calibri,sans-serif\"><a href=\"https:\/\/www.nonwovens-industry.com\/contents\/view_breaking-news\/2024-09-24\/freudenberg-expands-coated-textiles-business\/15303\" style=\"color:blue; text-decoration:underline\"><span lang=\"EN-US\" style=\"font-size:14.0pt\">Freudenberg Expands Coated Textiles Business<\/span><\/a><\/span><\/span><\/span><\/p>\r\n\r\n<p style=\"text-align:justify\">&nbsp;<\/p>\r\n\r\n<p style=\"text-align:justify\"><span style=\"font-size:11pt\"><span style=\"line-height:normal\"><span style=\"font-family:Calibri,sans-serif\"><b><span lang=\"EN-US\" style=\"font-size:18.0pt\"><span style=\"font-variant:small-caps\">Eventos<\/span><\/span><\/b><\/span><\/span><\/span><\/p>\r\n\r\n<p style=\"text-align:justify\">&nbsp;<\/p>\r\n\r\n<p style=\"text-align:justify\"><span style=\"font-size:11pt\"><span style=\"line-height:normal\"><span style=\"font-family:Calibri,sans-serif\"><a href=\"https:\/\/www.abrafiltros.org.br\/cursos\/\" style=\"color:blue; text-decoration:underline\"><b><span style=\"font-size:14.0pt\">Cursos Abrafiltros | Automatiza&ccedil;&atilde;o de Filtros de Manga<\/span><\/b><\/a><\/span><\/span><\/span><\/p>\r\n\r\n<p style=\"text-align:justify\"><span style=\"font-size:11pt\"><span style=\"line-height:normal\"><span style=\"font-family:Calibri,sans-serif\"><a href=\"https:\/\/send.neopixdmi.com\/index.php\/campaigns\/qs26211jqy645\/web-version\/mh045xn88n9c0\" style=\"color:blue; text-decoration:underline\"><b><span style=\"font-size:14.0pt\">O Mega Desafio Trazido Pela Nova Lei de Licita&ccedil;&otilde;es e Contratos - Lei 14133\/2021<\/span><\/b><\/a><span style=\"font-size:14.0pt\">, 03 de outubro, 14, 15 e 16 de outubro de 2024, 8h &agrave;s 18h (seg e ter) e 8h &agrave;s 13h (qua), Sede da AESabesp - S&atilde;o Paulo - SP<\/span><\/span><\/span><\/span><\/p>\r\n\r\n<p style=\"text-align:justify\"><span style=\"font-size:11pt\"><span style=\"line-height:normal\"><span style=\"font-family:Calibri,sans-serif\"><a href=\"https:\/\/apexbrasil.com.br\/br\/pt\/conteudo\/noticias\/webinar-gratuito---logistica-descomplicada-para-suas-exportacoes.html#msdynttrid=sqMNWzEHO9rJ2RSODwUMdFYI-wouzfx5-rXi3pv6NWU\" style=\"color:blue; text-decoration:underline\"><b><span style=\"font-size:14.0pt\">Apex Brasil | Webinar:\u202f&ldquo;Log&iacute;stica descomplicada para suas exporta&ccedil;&otilde;es<\/span><\/b><span style=\"font-size:14.0pt\">&rdquo;<\/span><\/a><span style=\"font-size:14.0pt\">, 03 de outubro de 2024, 10h00, evento online<\/span><\/span><\/span><\/span><\/p>\r\n\r\n<p style=\"text-align:justify\"><span style=\"font-size:11pt\"><span style=\"line-height:normal\"><span style=\"font-family:Calibri,sans-serif\"><a href=\"https:\/\/www.aatcc.org\/summit\/\" style=\"color:blue; text-decoration:underline\"><b><span lang=\"EN-US\" style=\"font-size:14.0pt\">AATCC&#39;s Textile Discovery Summit<\/span><\/b><\/a><span lang=\"EN-US\" style=\"font-size:14.0pt\">, October 6-8, 2024, The Westin Savannah Harbor 1 Resort Drive, Savannah, Ge&oacute;rgia, EUA<\/span><\/span><\/span><\/span><\/p>\r\n\r\n<p style=\"text-align:justify\"><span style=\"font-size:11pt\"><span style=\"line-height:normal\"><span style=\"font-family:Calibri,sans-serif\"><a href=\"https:\/\/www.even3.com.br\/xxxcntt\/\" style=\"color:blue; text-decoration:underline\"><b><span style=\"font-size:14.0pt\">30&ordm; Congresso Nacional de Tecnologia T&ecirc;xtil, Confec&ccedil;&atilde;o e Moda<\/span><\/b><\/a><span style=\"font-size:14.0pt\">, 08 a 11 de outubro de 2024, evento presencial, Apucarana\/ PR<\/span><\/span><\/span><\/span><\/p>\r\n\r\n<p style=\"text-align:justify\"><span style=\"font-size:11pt\"><span style=\"line-height:normal\"><span style=\"font-family:Calibri,sans-serif\"><a href=\"https:\/\/plasticosemrevista.com.br\/competitividade-2024-inscricao\/\" style=\"color:blue; text-decoration:underline\"><b><span style=\"font-size:14.0pt\">Pl&aacute;sticos em Revista | Semin&aacute;rio Competitividade<\/span><\/b><\/a><span style=\"font-size:14.0pt\">, 10 de outubro de 2024, Hotel Meli&aacute;, Av. Paulista, 2181<\/span><\/span><\/span><\/span><\/p>\r\n\r\n<p style=\"text-align:justify\"><span style=\"font-size:11pt\"><span style=\"line-height:normal\"><span style=\"font-family:Calibri,sans-serif\"><a href=\"https:\/\/www.sympla.com.br\/evento\/encontro-regional-almaco-em-salvador-ba\/2611464\" style=\"color:blue; text-decoration:underline\"><b><span style=\"font-size:14.0pt\">Encontro Regional ALMACO<\/span><\/b><\/a><span style=\"font-size:14.0pt\">, 16 de outubro de 2024, 13h00 &agrave;s 18h00, evento presencial, Fiesta Bahia Hotel, Salvador, BA<\/span><\/span><\/span><\/span><\/p>\r\n\r\n<p style=\"text-align:justify\"><span style=\"font-size:11pt\"><span style=\"line-height:normal\"><span style=\"font-family:Calibri,sans-serif\"><a href=\"http:\/\/www.fenasan.com.br\" style=\"color:blue; text-decoration:underline\"><b><span style=\"font-size:14.0pt\">Fenasan 2024 &ndash; Feira Nacional de Saneamento e Meio Ambiente<\/span><\/b><\/a><span style=\"font-size:14.0pt\">, 22 a 24 de outubro de 2024, Pavilh&otilde;es Verde e Vermelho, Expo Center Norte, S&atilde;o Paulo SP<\/span><\/span><\/span><\/span><\/p>\r\n\r\n<p style=\"text-align:justify\"><span style=\"font-size:11pt\"><span style=\"line-height:normal\"><span style=\"font-family:Calibri,sans-serif\"><a href=\"http:\/\/www.hospitalmed.com.br\" style=\"color:blue; text-decoration:underline\"><b><span style=\"font-size:14.0pt\">HospitalMed 2024<\/span><\/b><\/a><span style=\"font-size:14.0pt\">, 23 a 25 de outubro, das 14h &agrave;s 20h, no Pernambuco Centro de Conven&ccedil;&otilde;es<\/span><\/span><\/span><\/span><\/p>\r\n\r\n<p style=\"text-align:justify\"><span style=\"font-size:11pt\"><span style=\"line-height:normal\"><span style=\"font-family:Calibri,sans-serif\"><a href=\"https:\/\/www.abnteducacao.com.br\/Simbologia_de_cuidados_aplicada_a_Etiquetagem_de_Texteis_ABNT_NBR_NM_ISO_3758\" style=\"color:blue; text-decoration:underline\"><b><span style=\"font-size:14.0pt\">Simbologia de cuidados aplicada a Etiquetagem de T&ecirc;xteis<\/span><\/b><\/a><span style=\"font-size:14.0pt\">, 23 e 24 de outubro de 2024, 8h30 &agrave;s 17h30, evento online<\/span><\/span><\/span><\/span><\/p>\r\n\r\n<p style=\"text-align:justify\"><span style=\"font-size:11pt\"><span style=\"line-height:normal\"><span style=\"font-family:Calibri,sans-serif\"><a href=\"https:\/\/b20brazil.org\/#msdynttrid=6zt-Ug2nJO0FDfhoU9K0en-twuGAoU5aPF8EQm7neRo\" style=\"color:blue; text-decoration:underline\"><b><span lang=\"EN-US\" style=\"font-size:14.0pt\">B20 Summit Brasil 2024 - Inclusive Growth for a Sustainable Future<\/span><\/b><\/a><span lang=\"EN-US\" style=\"font-size:14.0pt\">, October 24th - 25th, 2024, Clube Atl&eacute;tico Monte L&iacute;bano, S&atilde;o Paulo, SP<\/span><\/span><\/span><\/span><\/p>\r\n\r\n<p style=\"text-align:justify\"><span style=\"font-size:11pt\"><span style=\"line-height:normal\"><span style=\"font-family:Calibri,sans-serif\"><a href=\"http:\/\/www.congressoabit.com.br\" style=\"color:blue; text-decoration:underline\"><b><span style=\"font-size:14.0pt\">Congresso Internacional Abit 2024<\/span><\/b><\/a><span style=\"font-size:14.0pt\">, 30 e 31 de outubro, Salvador, Bahia<\/span><\/span><\/span><\/span><\/p>\r\n\r\n<p style=\"text-align:justify\"><span style=\"font-size:11pt\"><span style=\"line-height:normal\"><span style=\"font-family:Calibri,sans-serif\"><a href=\"https:\/\/abrava.com.br\/compromissos\/xxiii-encontro-nacional-de-empresas-projetistas-e-consultores-da-abrava-copy\/?utm_campaign=participe_do_xxiv_encontro_nacional_de_empresas_projetistas_e_consultores&amp;utm_medium=email&amp;utm_source=RD+Station\" style=\"color:blue; text-decoration:underline\"><b><span style=\"font-size:14.0pt\">ENPC 2024 &ndash; XXIV Encontro Nacional de Empresas Projetistas e Consultores da Abrava<\/span><\/b><\/a><span style=\"font-size:14.0pt\">, 05 e 06 de novembro, 08h30 &agrave;s 18h00, evento online<\/span><\/span><\/span><\/span><\/p>\r\n\r\n<p style=\"text-align:justify\"><span style=\"font-size:11pt\"><span style=\"line-height:normal\"><span style=\"font-family:Calibri,sans-serif\"><a href=\"https:\/\/www.fimec.com.br\/\" style=\"color:blue; text-decoration:underline\"><b><span style=\"font-size:14.0pt\">Fimec 2025<\/span><\/b><\/a><span style=\"font-size:14.0pt\">, 18 a 20 de mar&ccedil;o, Fenac, Novo Hamburgo, RS<\/span><\/span><\/span><\/span><\/p>\r\n\r\n<p style=\"text-align:justify\"><span style=\"font-size:28pt\"><span style=\"font-family:Cambria,serif\"><span style=\"letter-spacing:-0.5pt\"><b><span lang=\"EN-US\" style=\"font-size:18.0pt\"><span style=\"font-family:&quot;Calibri&quot;,sans-serif\"><span style=\"font-variant:small-caps\">Setor<\/span><\/span><\/span><\/b><\/span><\/span><\/span><\/p>\r\n\r\n<p style=\"text-align:justify\"><span style=\"font-size:11pt\"><span style=\"line-height:normal\"><span style=\"font-family:Calibri,sans-serif\"><a href=\"https:\/\/email2.nonwovens-industry.com\/e3t\/Ctc\/W2+113\/c-vk304\/VVVKzF3VNLDYW7_k8pD83f0rVV3Z50p5lrwX2N6wcHps7mmzdW50l5tj6lZ3m6W6Tg6_520pm1yW508r-G3Xhpm5N1GKFYrXTVTWW998vw11D5ZXsW2Nb9yk1ZYtZqW1Pz6_Z4bP-XLV9ghwG1t_mn3W2GFfxd3fgdytN5j_r8hdpM_QW7w8_xc78bGx-W4B-zjf7T6RMbW63LK-r92k-zVW5fzglR8YrJP5W7mYXxJ3x1d6lW5hFp5b4CPH_yVlPdQx8WxmQgW3RHYF22vLKv3N2PGqBTz8zGqN8XkPXy1RS8ZN8BQwZd-7GdtN8n698kZMHMcW4Y6syx3Ql-KyW8My0gw70xBqCW7NmF6B1--FRCW6hVpj28JPvhxW9hmD-D2ZTZs6W2lNXss8hgFYNW5K2-3h2nJhKKW5yyX8J5Nh21_VQLN8Z391ZS9W8F-Z6q3XgQ6fW497gcy5cYpCHW1c_s9G2XkZV3W8Pc8Pl9hwFSPW2tfqV61y_KnSW8dm25h3mfH-FW2BNgY33GG15WW12TSxT2GDCk4W59Vx7Q4R9M54W5jZ5ZK2CwHY4W2V4JV474FV3sW5dMPlM6qZ6LQW4mqCd-6cp002W2gPS3w50wSBwW1jtzmk9lX8NqW6NBPy12SrVM3M8n3gZhVz4FN2bJLxdQ_DDwf7HsqFx04\" style=\"color:blue; text-decoration:underline\" target=\"_blank\"><span lang=\"EN-US\" style=\"font-size:14.0pt\">Major Trade Associations to Explore Strategic Alliance <\/span><\/a><\/span><\/span><\/span><\/p>\r\n\r\n<p style=\"text-align:justify\"><span style=\"font-size:11pt\"><span style=\"line-height:normal\"><span style=\"font-family:Calibri,sans-serif\"><a href=\"https:\/\/www.nonwovens-industry.com\/contents\/view_breaking-news\/2024-09-23\/study-assesses-effectiveness-of-hospital-wipes\/15303\" style=\"color:blue; text-decoration:underline\"><span lang=\"EN-US\" style=\"font-size:14.0pt\">Study Assesses Effectiveness of Hospital Wipes<\/span><\/a><\/span><\/span><\/span><\/p>\r\n\r\n<p style=\"text-align:justify\"><span style=\"font-size:11pt\"><span style=\"line-height:normal\"><span style=\"font-family:Calibri,sans-serif\"><a href=\"https:\/\/fcem.com.br\/noticias\/conforto-e-performance-moldam-o-mercado-de-calcados\/?utm_campaign=febratex_news_260924&amp;utm_medium=email&amp;utm_source=RD+Station\" style=\"color:blue; text-decoration:underline\"><span style=\"font-size:14.0pt\">Conforto e performance moldam o mercado de cal&ccedil;ados<\/span><\/a><\/span><\/span><\/span><\/p>\r\n\r\n<p style=\"text-align:justify\"><span style=\"font-size:11pt\"><span style=\"line-height:normal\"><span style=\"font-family:Calibri,sans-serif\"><a href=\"https:\/\/tissueonline.com.br\/veolia-entrega-instalacoes-de-tratamento-de-aguas-e-efluentes-industriais-para-a-nova-fabrica-da-suzano\/?utm_campaign=veolia_veolia_entrega_instalacoes_de_tratamento_de_aguas_e_efluentes_industriais_para_a_nova_fabrica_da_suzano&amp;utm_medium=email&amp;utm_source=RD+Station\" style=\"color:blue; text-decoration:underline\"><span style=\"font-size:14.0pt\">Veolia entrega instala&ccedil;&otilde;es de Tratamento de &Aacute;guas e Efluentes Industriais para a nova f&aacute;brica da Suzano<\/span><\/a><\/span><\/span><\/span><\/p>\r\n\r\n<p style=\"text-align:justify\"><span style=\"font-size:28pt\"><span style=\"font-family:Cambria,serif\"><span style=\"letter-spacing:-0.5pt\"><b><span style=\"font-size:18.0pt\"><span style=\"font-family:&quot;Calibri&quot;,sans-serif\"><span style=\"font-variant:small-caps\">Ind&uacute;stria<\/span><\/span><\/span><\/b><\/span><\/span><\/span><\/p>\r\n\r\n<p style=\"text-align:justify\"><span style=\"font-size:11pt\"><span style=\"line-height:normal\"><span style=\"font-family:Calibri,sans-serif\"><a href=\"https:\/\/diariodocomercio.com.br\/opiniao\/artigo\/politica-industrial-produtividade-desenvolvimento-juntos\/#gref\" style=\"color:blue; text-decoration:underline\"><span style=\"font-size:14.0pt\">Pol&iacute;tica industrial, produtividade e desenvolvimento devem caminhar juntos<\/span><\/a><\/span><\/span><\/span><\/p>\r\n\r\n<p style=\"text-align:justify\"><span style=\"font-size:11pt\"><span style=\"line-height:normal\"><span style=\"font-family:Calibri,sans-serif\"><a href=\"https:\/\/portalibre.fgv.br\/system\/files\/divulgacao\/noticias\/mat-complementar\/2024-09\/Sondagem%20da%20Industria%20FGV_press%20release_Set24.pdf\" style=\"color:blue; text-decoration:underline\"><span style=\"font-size:14.0pt\">Confian&ccedil;a da Ind&uacute;stria recua 1,2 ponto em setembro<\/span><\/a><\/span><\/span><\/span><\/p>\r\n\r\n<p style=\"text-align:justify\"><span style=\"font-size:11pt\"><span style=\"line-height:normal\"><span style=\"font-family:Calibri,sans-serif\"><a href=\"https:\/\/ibre.fgv.br\/blog-da-conjuntura-economica\/artigos\/produtividade-ja-baixa-perde-mais-folego\" style=\"color:blue; text-decoration:underline\"><span style=\"font-size:14.0pt\">Produtividade j&aacute; baixa, perde mais f&ocirc;lego<\/span><\/a><\/span><\/span><\/span><\/p>\r\n\r\n<p style=\"text-align:justify\"><span style=\"font-size:11pt\"><span style=\"line-height:normal\"><span style=\"font-family:Calibri,sans-serif\"><a href=\"https:\/\/exclusivo.com.br\/negocios\/saiba-quanto-cresceu-a-producao-de-calcados-ate-julho-de-2024\/\" style=\"color:blue; text-decoration:underline\"><span style=\"font-size:14.0pt\">Saiba quanto cresceu a produ&ccedil;&atilde;o de cal&ccedil;ados at&eacute; julho de 2024<\/span><\/a><\/span><\/span><\/span><\/p>\r\n\r\n<p style=\"text-align:justify\"><span style=\"font-size:11pt\"><span style=\"line-height:normal\"><span style=\"font-family:Calibri,sans-serif\"><a href=\"https:\/\/portalibre.fgv.br\/system\/files\/divulgacao\/noticias\/mat-complementar\/2024-09\/Sondagem%20da%20Construcao%20FGV_press%20release_Set24.pdf\" style=\"color:blue; text-decoration:underline\"><span style=\"font-size:14.0pt\">Confian&ccedil;a do Constru&ccedil;&atilde;o recua em setembro, ap&oacute;s quatro meses sem queda<\/span><\/a><\/span><\/span><\/span><\/p>\r\n\r\n<p style=\"text-align:justify\"><span style=\"font-size:28pt\"><span style=\"font-family:Cambria,serif\"><span style=\"letter-spacing:-0.5pt\"><b><span lang=\"EN-US\" style=\"font-size:18.0pt\"><span style=\"font-family:&quot;Calibri&quot;,sans-serif\"><span style=\"font-variant:small-caps\">Sustentabilidade<\/span><\/span><\/span><\/b><\/span><\/span><\/span><\/p>\r\n\r\n<p style=\"text-align:justify\"><span style=\"font-size:11pt\"><span style=\"line-height:normal\"><span style=\"font-family:Calibri,sans-serif\"><a href=\"https:\/\/indiantextilejournal.com\/recycling-and-upcycling-of-textile-waste-2\/\" style=\"color:blue; text-decoration:underline\"><span lang=\"EN-US\" style=\"font-size:14.0pt\">A Red Alert on Single-Use Sanitary Pads<\/span><\/a><\/span><\/span><\/span><\/p>\r\n\r\n<p style=\"text-align:justify\"><span style=\"font-size:11pt\"><span style=\"line-height:normal\"><span style=\"font-family:Calibri,sans-serif\"><a href=\"https:\/\/www.revistaplasticosul.com.br\/sem-categoria\/o-pais-que-tributa-reciclagem-importa-resina-virgem-e-enterra-materia-prima\/\" style=\"color:blue; text-decoration:underline\"><span style=\"font-size:14.0pt\">O pa&iacute;s que tributa reciclagem, importa resina virgem e enterra mat&eacute;ria-prima<\/span><\/a><\/span><\/span><\/span><\/p>\r\n\r\n<p style=\"text-align:justify\"><span style=\"font-size:11pt\"><span style=\"line-height:normal\"><span style=\"font-family:Calibri,sans-serif\"><a href=\"https:\/\/www.plastico.com.br\/pl-2524-tramita-em-brasilia\/\" style=\"color:blue; text-decoration:underline\"><span style=\"font-size:14.0pt\">PL 2524 tramita em Bras&iacute;lia<\/span><\/a><\/span><\/span><\/span><\/p>\r\n\r\n<p style=\"text-align:justify\"><span style=\"font-size:11pt\"><span style=\"line-height:normal\"><span style=\"font-family:Calibri,sans-serif\"><a href=\"https:\/\/fiesc.com.br\/pt-br\/imprensa\/sustentabilidade-e-reciclagem-sao-grandes-desafios-do-setor-textil-e-de-confeccoes\" style=\"color:blue; text-decoration:underline\"><span style=\"font-size:14.0pt\">Sustentabilidade e reciclagem s&atilde;o grandes desafios do setor t&ecirc;xtil e de confec&ccedil;&otilde;es<\/span><\/a><\/span><\/span><\/span><\/p>\r\n\r\n<p style=\"text-align:justify\"><span style=\"font-size:28pt\"><span style=\"font-family:Cambria,serif\"><span style=\"letter-spacing:-0.5pt\"><b><span style=\"font-size:18.0pt\"><span style=\"font-family:&quot;Calibri&quot;,sans-serif\"><span style=\"font-variant:small-caps\">Inova&ccedil;&atilde;o<\/span><\/span><\/span><\/b><\/span><\/span><\/span><\/p>\r\n\r\n<p style=\"text-align:justify\"><span style=\"font-size:11pt\"><span style=\"line-height:normal\"><span style=\"font-family:Calibri,sans-serif\"><a href=\"https:\/\/clickpetroleoegas.com.br\/revolucao-na-construcao-tijolos-de-plastico-reciclado-tem-conforto-termico-superior-sao-mais-faceis-de-colocar\/\" style=\"color:blue; text-decoration:underline\"><span style=\"font-size:14.0pt\">Revolu&ccedil;&atilde;o na constru&ccedil;&atilde;o: Tijolos de pl&aacute;stico reciclado t&ecirc;m conforto t&eacute;rmico superior, s&atilde;o mais f&aacute;ceis de colocar<\/span><\/a><\/span><\/span><\/span><\/p>\r\n\r\n<p style=\"text-align:justify\"><span style=\"font-size:11pt\"><span style=\"line-height:normal\"><span style=\"font-family:Calibri,sans-serif\"><a href=\"https:\/\/www.terra.com.br\/economia\/sustentabilidade-e-tao-essencial-como-inovacao-para-o-sucesso-do-negocio-diz-diretor-da-coca-cola,4303cd647b6c52cb15801004619348f47tthz4dh.html\" style=\"color:blue; text-decoration:underline\"><span style=\"font-size:14.0pt\">Sustentabilidade &eacute; t&atilde;o essencial como inova&ccedil;&atilde;o para o sucesso do neg&oacute;cio, diz diretor da Coca-Cola<\/span><\/a><\/span><\/span><\/span><\/p>\r\n\r\n<p style=\"text-align:justify\"><span style=\"font-size:28pt\"><span style=\"font-family:Cambria,serif\"><span style=\"letter-spacing:-0.5pt\"><b><span style=\"font-size:18.0pt\"><span style=\"font-family:&quot;Calibri&quot;,sans-serif\"><span style=\"font-variant:small-caps\">Com&eacute;rcio Exterior<\/span><\/span><\/span><\/b><\/span><\/span><\/span><\/p>\r\n\r\n<p style=\"text-align:justify\"><span style=\"font-size:11pt\"><span style=\"line-height:normal\"><span style=\"font-family:Calibri,sans-serif\"><a href=\"https:\/\/diariodonordeste.verdesmares.com.br\/opiniao\/colunistas\/ingrid-coelho\/exportacoes-de-calcados-do-ceara-ganham-espaco-na-servia-e-no-uruguai-veja-resultados-por-pais-1.3562197#amp_tf=De%20%251%24s&amp;aoh=17276585885796&amp;csi=0&amp;referrer=https%3A%2F%2Fwww.google.com&amp;ampshare=https%3A%2F%2Fdiariodonordeste.verdesmares.com.br%2Fopiniao%2Fcolunistas%2Fingrid-coelho%2Fexportacoes-de-calcados-do-ceara-ganham-espaco-na-servia-e-no-uruguai-veja-resultados-por-pais-1.3562197\" style=\"color:blue; text-decoration:underline\"><span style=\"font-size:14.0pt\">Exporta&ccedil;&otilde;es de cal&ccedil;ados do Cear&aacute; ganham espa&ccedil;o na S&eacute;rvia e no Uruguai; veja resultados por pa&iacute;s<\/span><\/a><\/span><\/span><\/span><\/p>\r\n\r\n<p style=\"text-align:justify\"><span style=\"font-size:11pt\"><span style=\"line-height:normal\"><span style=\"font-family:Calibri,sans-serif\"><a href=\"https:\/\/canalconsultapublica.com.br\/economia\/tarifas-de-importacao-aumentam-para-30-entenda-o-que-vai-acontecer\/\" style=\"color:blue; text-decoration:underline\"><span style=\"font-size:14.0pt\">Tarifas de importa&ccedil;&atilde;o aumentam para 30%; entenda o que vai acontecer<\/span><\/a><\/span><\/span><\/span><\/p>\r\n\r\n<p style=\"text-align:justify\"><span style=\"font-size:11pt\"><span style=\"line-height:normal\"><span style=\"font-family:Calibri,sans-serif\"><a href=\"https:\/\/www.cnnbrasil.com.br\/economia\/macroeconomia\/acordo-mercosul-china-seria-desastre-dizem-liderancas-industriais-brasileiras\/\" style=\"color:blue; text-decoration:underline\"><span style=\"font-size:14.0pt\">Acordo Mercosul-China seria desastre, dizem lideran&ccedil;as industriais brasileiras<\/span><\/a><\/span><\/span><\/span><\/p>\r\n\r\n<p style=\"text-align:justify\"><span style=\"font-size:11pt\"><span style=\"line-height:normal\"><span style=\"font-family:Calibri,sans-serif\"><a href=\"https:\/\/noticias.portaldaindustria.com.br\/noticias\/internacional\/industria-brasileira-acompanha-missao-presidencial-ao-mexico\/\" style=\"color:blue; text-decoration:underline\"><span style=\"font-size:14.0pt\">Ind&uacute;stria brasileira acompanha miss&atilde;o presidencial ao M&eacute;xico<\/span><\/a><\/span><\/span><\/span><\/p>\r\n\r\n<p style=\"text-align:justify\"><span style=\"font-size:11pt\"><span style=\"line-height:normal\"><span style=\"font-family:Calibri,sans-serif\"><a href=\"https:\/\/static.portaldaindustria.com.br\/media\/filer_public\/03\/d5\/03d5a6b6-6c85-404a-b0cf-1be5ef7b82ee\/apc_15_brasil_e_mexico.pdf\" style=\"color:blue; text-decoration:underline\"><span style=\"font-size:14.0pt\">CNI | Rela&ccedil;&otilde;es econ&ocirc;micas entre Brasil e M&eacute;xico: prioridades da ind&uacute;stria<\/span><\/a><\/span><\/span><\/span><\/p>\r\n\r\n<p style=\"text-align:justify\"><span style=\"font-size:11pt\"><span style=\"line-height:normal\"><span style=\"font-family:Calibri,sans-serif\"><a href=\"https:\/\/apexbrasil.com.br\/br\/pt\/conteudo\/noticias\/ApexBrasil-divulga-Perfil-de-Comercio-e-Investimentos-Mexico-em-semana-que-antecede-encontro-presidencial-entre-Lula-e-Lopez-Obrador.html#msdynttrid=HiIr_C9Pv8awWzWvmb_27JYWkFMXc3cZXcU1sXWstwQ\" style=\"color:blue; text-decoration:underline\"><span style=\"font-size:14.0pt\">Apex Brasil | Confira: Perfil de Com&eacute;rcio e Investimentos M&eacute;xico<\/span><\/a><\/span><\/span><\/span><\/p>\r\n\r\n<p style=\"text-align:justify\"><span style=\"font-size:11pt\"><span style=\"line-height:normal\"><span style=\"font-family:Calibri,sans-serif\"><a href=\"https:\/\/veja.abril.com.br\/economia\/balanca-comercial-do-pais-piora-mas-investimentos-estrangeiros-melhoram\" style=\"color:blue; text-decoration:underline\"><span style=\"font-size:14.0pt\">Balan&ccedil;a comercial do pa&iacute;s piora, mas investimentos estrangeiros melhoram<\/span><\/a><\/span><\/span><\/span><\/p>\r\n\r\n<p style=\"text-align:justify\"><span style=\"font-size:11pt\"><span style=\"line-height:normal\"><span style=\"font-family:Calibri,sans-serif\"><a href=\"https:\/\/static.portaldaindustria.com.br\/media\/filer_public\/87\/3e\/873e55bc-89a8-4f1d-80f6-cad123bad446\/ex_ipc_24-033_portariacoana_165-24_duimp.pdf\" style=\"color:blue; text-decoration:underline\"><span style=\"font-size:14.0pt\">RFB amplia exig&ecirc;ncia da Duimp no Portal &Uacute;nico para modernizar importa&ccedil;&otilde;es<\/span><\/a><\/span><\/span><\/span><\/p>\r\n\r\n<p style=\"text-align:justify\"><span style=\"font-size:28pt\"><span style=\"font-family:Cambria,serif\"><span style=\"letter-spacing:-0.5pt\"><b><span style=\"font-size:18.0pt\"><span style=\"font-family:&quot;Calibri&quot;,sans-serif\"><span style=\"font-variant:small-caps\">Economia<\/span><\/span><\/span><\/b><\/span><\/span><\/span><\/p>\r\n\r\n<p style=\"text-align:justify\"><span style=\"font-size:11pt\"><span style=\"line-height:normal\"><span style=\"font-family:Calibri,sans-serif\"><a href=\"https:\/\/www.bcb.gov.br\/content\/focus\/focus\/R20240927.pdf\" style=\"color:blue; text-decoration:underline\"><span style=\"font-size:14.0pt\">Focus - Relat&oacute;rio de Mercado<\/span><\/a><\/span><\/span><\/span><\/p>\r\n\r\n<p style=\"text-align:justify\"><span style=\"font-size:11pt\"><span style=\"line-height:normal\"><span style=\"font-family:Calibri,sans-serif\"><a href=\"https:\/\/ibre.fgv.br\/blog-da-conjuntura-economica\/artigos\/em-foco-166\" style=\"color:blue; text-decoration:underline\"><span style=\"font-size:14.0pt\">Proje&ccedil;&otilde;es de infla&ccedil;&atilde;o sobem e amea&ccedil;am meta<\/span><\/a><\/span><\/span><\/span><\/p>\r\n\r\n<p style=\"text-align:justify\"><span style=\"font-size:11pt\"><span style=\"line-height:normal\"><span style=\"font-family:Calibri,sans-serif\"><a href=\"https:\/\/portalibre.fgv.br\/system\/files\/divulgacao\/noticias\/mat-complementar\/2024-09\/Indicador_de_Incerteza_Brasil_FGV_press%20release_Set24.pdf\" style=\"color:blue; text-decoration:underline\"><span style=\"font-size:14.0pt\">Incerteza Econ&ocirc;mica estabiliza em regi&atilde;o moderada<\/span><\/a><\/span><\/span><\/span><\/p>\r\n\r\n<p style=\"text-align:justify\"><span style=\"font-size:11pt\"><span style=\"line-height:normal\"><span style=\"font-family:Calibri,sans-serif\"><a href=\"https:\/\/agenciadenoticias.ibge.gov.br\/agencia-noticias\/2012-agencia-de-noticias\/noticias\/41423-taxa-de-desocupacao-recua-para-6-6-e-populacao-ocupada-bate-novo-recorde\" style=\"color:blue; text-decoration:underline\"><span style=\"font-size:14.0pt\">Taxa de desocupa&ccedil;&atilde;o recua para 6,6% e popula&ccedil;&atilde;o ocupada bate novo recorde<\/span><\/a><\/span><\/span><\/span><\/p>\r\n\r\n<p style=\"text-align:justify\"><span style=\"font-size:11pt\"><span style=\"line-height:normal\"><span style=\"font-family:Calibri,sans-serif\"><a href=\"https:\/\/www.eiu.com\/n\/china-launches-financial-bazooka-to-lift-economy\/?utm_source=mkt-newsletter&amp;utm_medium=email&amp;utm_campaign=foce&amp;mkt_tok=NzUzLVJJUS00MzgAAAGV1APVTZBnHyixSTI1-qXTtysSr4pl0MFkFElqKmEg-5FC4bhvD2ZNNsWqblYKPL-AKnXbChxvY27dp6wQuCOdy1Lph9nM4qYBsgkb7Wcul0-WidA\" style=\"color:blue; text-decoration:underline\"><span lang=\"EN-US\" style=\"font-size:14.0pt\">China launches financial bazooka to lift economy<\/span><\/a><\/span><\/span><\/span><\/p>\r\n\r\n<p style=\"text-align:justify\"><img src=\"https:\/\/www.abint.org.br\/assets\/img\/editor\/redes-sociais-abint-ctg-cth_20240904135709sSIkVHItU6.jpg\" \/><\/p>\r\n\r\n<p class=\"MsoTitleCxSpLast\" style=\"text-align:justify\">&nbsp;<\/p>\r\n","6":"<p style=\"text-align:justify\"><span style=\"font-size:11pt\"><span style=\"line-height:normal\"><span style=\"font-family:Calibri,sans-serif\"><span style=\"font-size:14.0pt\">Esta &eacute; uma compila&ccedil;&atilde;o das not&iacute;cias mais relevantes para o setor, incluindo informa&ccedil;&otilde;es sobre acordos internacionais, economia brasileira, sustentabilidade e mat&eacute;rias primas, al&eacute;m de novidades do setor de N&atilde;otecidos e Tecidos T&eacute;cnicos.<\/span><\/span><\/span><\/span><\/p>\r\n\r\n<p class=\"MsoTitleCxSpFirst\" style=\"text-align:justify\"><span style=\"font-size:28pt\"><span style=\"font-family:Cambria,serif\"><span style=\"letter-spacing:-0.5pt\"><b><span style=\"font-size:18.0pt\"><span style=\"font-family:&quot;Calibri&quot;,sans-serif\"><span style=\"font-variant:small-caps\">A&ccedil;&otilde;es realizadas<\/span><\/span><\/span><\/b><\/span><\/span><\/span><\/p>\r\n\r\n<p class=\"MsoTitleCxSpFirst\" style=\"text-align:justify\"><b><img src=\"https:\/\/www.abint.org.br\/assets\/img\/editor\/abint-logo-2020-g_20240904132243faaawqQf1G.png\" style=\"width: 300px; height: 69px;\" \/><\/b><\/p>\r\n\r\n<p class=\"MsoTitle\" style=\"text-align:justify\">&nbsp;<\/p>\r\n\r\n<p style=\"text-align:justify\"><span style=\"font-size:11pt\"><span style=\"line-height:normal\"><span style=\"font-family:Calibri,sans-serif\"><a href=\"https:\/\/www.abint.org.br\/informacao\/imprensa\/eleicoes-abint-2024\" style=\"color:blue; text-decoration:underline\"><b><span style=\"font-size:18.0pt\">Elei&ccedil;&otilde;es ABINT 2024<\/span><\/b><\/a><\/span><\/span><\/span><\/p>\r\n\r\n<p style=\"text-align:justify\">&nbsp;<\/p>\r\n\r\n<p style=\"text-align:justify; margin-bottom:20px\">&nbsp;<\/p>\r\n\r\n<p style=\"text-align:justify; margin-bottom:20px\"><span style=\"font-size:18px\"><span style=\"box-sizing:border-box\"><span style=\"line-height:1.5\"><span style=\"color:#313f48\"><span style=\"font-family:&quot;Roboto Condensed&quot;, Helvetica, Arial, sans-serif\"><span style=\"font-style:normal\"><span style=\"font-variant-ligatures:normal\"><span style=\"font-weight:400\"><span style=\"white-space:normal\"><span style=\"background-color:#ffffff\"><span style=\"text-decoration-thickness:initial\"><span style=\"text-decoration-style:initial\"><span style=\"text-decoration-color:initial\"><span style=\"font-size:11pt\"><span style=\"box-sizing:border-box\"><span style=\"box-sizing:border-box\"><span style=\"line-height:normal\"><span style=\"box-sizing:border-box\"><span style=\"font-family:Calibri, sans-serif\"><span style=\"font-size:14pt\"><span style=\"box-sizing:border-box\">A&nbsp;<b style=\"box-sizing:border-box; font-weight:bolder\">ABINT<\/b>&nbsp;&eacute; uma das&nbsp;<b style=\"box-sizing:border-box; font-weight:bolder\">patrocinadoras<\/b>&nbsp;do<b style=\"box-sizing:border-box; font-weight:bolder\">&nbsp;<\/b><\/span><\/span><a href=\"https:\/\/www.congressoabit.com.br\/\" style=\"box-sizing:border-box; text-decoration:underline; color:blue; transition:color 0.3s\"><b style=\"box-sizing:border-box; font-weight:bolder\"><span style=\"font-size:14pt\"><span style=\"box-sizing:border-box\">Congresso Internacional Abit 2024<\/span><\/span><\/b><\/a><span style=\"font-size:14pt\"><span style=\"box-sizing:border-box\">, que ocorrer&aacute; dias 30 e 31 de outubro, no SENAI Cimatec, Salvador, BA.<\/span><\/span><\/span><\/span><\/span><\/span><\/span><\/span><\/span><\/span><\/span><\/span><\/span><\/span><\/span><\/span><\/span><\/span><\/span><\/span><\/span><\/p>\r\n\r\n<p class=\"MsoTitle\" style=\"text-align:justify; margin-bottom:20px\"><span style=\"font-size:18px\"><span style=\"box-sizing:border-box\"><span style=\"line-height:1.5\"><span style=\"color:#313f48\"><span style=\"font-family:&quot;Roboto Condensed&quot;, Helvetica, Arial, sans-serif\"><span style=\"font-style:normal\"><span style=\"font-variant-ligatures:normal\"><span style=\"font-weight:400\"><span style=\"white-space:normal\"><span style=\"background-color:#ffffff\"><span style=\"text-decoration-thickness:initial\"><span style=\"text-decoration-style:initial\"><span style=\"text-decoration-color:initial\"><span style=\"font-size:28pt\"><span style=\"box-sizing:border-box\"><span style=\"box-sizing:border-box\"><span style=\"font-family:Cambria, serif\"><span style=\"box-sizing:border-box\"><span style=\"letter-spacing:-0.5pt\"><b style=\"box-sizing:border-box; font-weight:bolder\"><span style=\"font-size:18pt\"><span style=\"box-sizing:border-box\"><span style=\"box-sizing:border-box\"><span style=\"font-family:Calibri, sans-serif\"><span style=\"box-sizing:border-box\"><span style=\"font-variant:small-caps\"><img src=\"https:\/\/www.abint.org.br\/assets\/img\/editor\/congresso-internacional-abit-2024-com-logo_20240924181014oBMW90pU6e.jpg\" style=\"box-sizing: border-box; border-style: none; width: 500px; height: 500px;\" \/><\/span><\/span><\/span><\/span><\/span><\/span><\/b><\/span><\/span><\/span><\/span><\/span><\/span><\/span><\/span><\/span><\/span><\/span><\/span><\/span><\/span><\/span><\/span><\/span><\/span><\/span><\/p>\r\n\r\n<p class=\"MsoTitle\" style=\"text-align:justify; margin-bottom:20px\"><span style=\"font-size:28pt\"><span style=\"font-family:Cambria,serif\"><span style=\"letter-spacing:-0.5pt\"><b><span style=\"font-size:18.0pt\"><span style=\"font-family:&quot;Calibri&quot;,sans-serif\"><span style=\"font-variant:small-caps\">O que vem por a&iacute;<\/span><\/span><\/span><\/b><\/span><\/span><\/span><\/p>\r\n\r\n<p class=\"MsoTitle\" style=\"text-align:justify; margin-bottom:20px\"><img src=\"https:\/\/www.abint.org.br\/assets\/img\/editor\/logo-ctg-abint-jpg_20240904134317C3JFRe5hO8.jpg\" style=\"width: 300px; height: 55px;\" \/><\/p>\r\n\r\n<p style=\"text-align:start; margin-bottom:20px\"><span style=\"font-size:18px\"><span style=\"box-sizing:border-box\"><span style=\"line-height:1.5\"><span style=\"color:#313f48\"><span style=\"font-family:&quot;Roboto Condensed&quot;, Helvetica, Arial, sans-serif\"><span style=\"font-style:normal\"><span style=\"font-variant-ligatures:normal\"><span style=\"font-weight:400\"><span style=\"white-space:normal\"><span style=\"background-color:#ffffff\"><span style=\"text-decoration-thickness:initial\"><span style=\"text-decoration-style:initial\"><span style=\"text-decoration-color:initial\"><img src=\"https:\/\/www.abint.org.br\/assets\/img\/editor\/fenasan-2024_20240904135314a8pkkJgG8Z.jpg\" style=\"box-sizing: border-box; border-style: none; max-width: 100%; width: 341px; height: 500px; object-fit: contain;\" \/><\/span><\/span><\/span><\/span><\/span><\/span><\/span><\/span><\/span><\/span><\/span><\/span><\/span><\/p>\r\n\r\n<p style=\"text-align:start; margin-bottom:20px\"><span style=\"font-size:18px\"><span style=\"box-sizing:border-box\"><span style=\"line-height:1.5\"><span style=\"color:#313f48\"><span style=\"font-family:&quot;Roboto Condensed&quot;, Helvetica, Arial, sans-serif\"><span style=\"font-style:normal\"><span style=\"font-variant-ligatures:normal\"><span style=\"font-weight:400\"><span style=\"white-space:normal\"><span style=\"background-color:#ffffff\"><span style=\"text-decoration-thickness:initial\"><span style=\"text-decoration-style:initial\"><span style=\"text-decoration-color:initial\">&nbsp;<\/span><\/span><\/span><\/span><\/span><\/span><\/span><\/span><\/span><\/span><\/span><\/span><\/span><\/p>\r\n\r\n<p style=\"text-align:start; margin-bottom:20px\"><span style=\"font-size:18px\"><span style=\"box-sizing:border-box\"><span style=\"line-height:1.5\"><span style=\"color:#313f48\"><span style=\"font-family:&quot;Roboto Condensed&quot;, Helvetica, Arial, sans-serif\"><span style=\"font-style:normal\"><span style=\"font-variant-ligatures:normal\"><span style=\"font-weight:400\"><span style=\"white-space:normal\"><span style=\"background-color:#ffffff\"><span style=\"text-decoration-thickness:initial\"><span style=\"text-decoration-style:initial\"><span style=\"text-decoration-color:initial\">O&nbsp;<b style=\"box-sizing:border-box; font-weight:bolder\">CTG ABINT apoia a Feira Nacional de Saneamento e Meio Ambiente &ndash; Fenasan e do 35&ordm; Encontro T&eacute;cnico AESabesp, que ocorrer&atilde;o de 22 a 24 de outubro de 2024<\/b>, no Pavilh&atilde;o Verde e Vermelho, no Expo Center Norte, em S&atilde;o Paulo. Trata-se do maior evento de saneamento da Am&eacute;rica Latin. A realiza&ccedil;&atilde;o &eacute; da AESabesp &ndash; Associa&ccedil;&atilde;o dos Engenheiros da Sabesp.<\/span><\/span><\/span><\/span><\/span><\/span><\/span><\/span><\/span><\/span><\/span><\/span><\/span><\/p>\r\n\r\n<p style=\"text-align:start; margin-bottom:20px\"><span style=\"font-size:18px\"><span style=\"box-sizing:border-box\"><span style=\"line-height:1.5\"><span style=\"color:#313f48\"><span style=\"font-family:&quot;Roboto Condensed&quot;, Helvetica, Arial, sans-serif\"><span style=\"font-style:normal\"><span style=\"font-variant-ligatures:normal\"><span style=\"font-weight:400\"><span style=\"white-space:normal\"><span style=\"background-color:#ffffff\"><span style=\"text-decoration-thickness:initial\"><span style=\"text-decoration-style:initial\"><span style=\"text-decoration-color:initial\"><i style=\"box-sizing:border-box\">O tema central desta edi&ccedil;&atilde;o &eacute; &ldquo;Saneamento ambiental: condi&ccedil;&atilde;o fundamental para o enfrentamento das mudan&ccedil;as clim&aacute;ticas&rdquo;. Com um p&uacute;blico tradicionalmente de 22 mil visitantes e alinhada aos ODS &ndash; Objetivos de Desenvolvimento Sustent&aacute;vel estabelecidos pela ONU e aos conceitos de ESG, a edi&ccedil;&atilde;o 2024 continuar&aacute; ampliando o di&aacute;logo em torno das quest&otilde;es de saneamento ambiental, meio ambiente e sustentabilidade e promovendo o compartilhamento de conhecimento altamente qualificado.<\/i><\/span><\/span><\/span><\/span><\/span><\/span><\/span><\/span><\/span><\/span><\/span><\/span><\/span><\/p>\r\n\r\n<p style=\"text-align:start; margin-bottom:20px\"><span style=\"font-size:18px\"><span style=\"box-sizing:border-box\"><span style=\"line-height:1.5\"><span style=\"color:#313f48\"><span style=\"font-family:&quot;Roboto Condensed&quot;, Helvetica, Arial, sans-serif\"><span style=\"font-style:normal\"><span style=\"font-variant-ligatures:normal\"><span style=\"font-weight:400\"><span style=\"white-space:normal\"><span style=\"background-color:#ffffff\"><span style=\"text-decoration-thickness:initial\"><span style=\"text-decoration-style:initial\"><span style=\"text-decoration-color:initial\"><a href=\"http:\/\/www.fenasan.com.br\/\" style=\"box-sizing:border-box; text-decoration:none; color:#008fd5; transition:color 0.3s\">www.fenasan.com.br<\/a><\/span><\/span><\/span><\/span><\/span><\/span><\/span><\/span><\/span><\/span><\/span><\/span><\/span><\/p>\r\n\r\n<p style=\"text-align:start; margin-bottom:20px\"><span style=\"font-size:18px\"><span style=\"box-sizing:border-box\"><span style=\"line-height:1.5\"><span style=\"color:#313f48\"><span style=\"font-family:&quot;Roboto Condensed&quot;, Helvetica, Arial, sans-serif\"><span style=\"font-style:normal\"><span style=\"font-variant-ligatures:normal\"><span style=\"font-weight:400\"><span style=\"white-space:normal\"><span style=\"background-color:#ffffff\"><span style=\"text-decoration-thickness:initial\"><span style=\"text-decoration-style:initial\"><span style=\"text-decoration-color:initial\">&nbsp;<\/span><\/span><\/span><\/span><\/span><\/span><\/span><\/span><\/span><\/span><\/span><\/span><\/span><\/p>\r\n\r\n<p style=\"text-align:start; margin-bottom:20px\"><span style=\"font-size:18px\"><span style=\"box-sizing:border-box\"><span style=\"line-height:1.5\"><span style=\"color:#313f48\"><span style=\"font-family:&quot;Roboto Condensed&quot;, Helvetica, Arial, sans-serif\"><span style=\"font-style:normal\"><span style=\"font-variant-ligatures:normal\"><span style=\"font-weight:400\"><span style=\"white-space:normal\"><span style=\"background-color:#ffffff\"><span style=\"text-decoration-thickness:initial\"><span style=\"text-decoration-style:initial\"><span style=\"text-decoration-color:initial\"><img src=\"https:\/\/www.abint.org.br\/assets\/img\/editor\/cth-logo-alta-jpg_20240904134558I6qw2pBRZt.jpg\" style=\"box-sizing:border-box; border-style:none; max-width:100%; width:300px; height:68px; object-fit:contain\" \/><\/span><\/span><\/span><\/span><\/span><\/span><\/span><\/span><\/span><\/span><\/span><\/span><\/span><\/p>\r\n\r\n<p style=\"text-align:start; margin-bottom:20px\"><span style=\"font-size:18px\"><span style=\"box-sizing:border-box\"><span style=\"line-height:1.5\"><span style=\"color:#313f48\"><span style=\"font-family:&quot;Roboto Condensed&quot;, Helvetica, Arial, sans-serif\"><span style=\"font-style:normal\"><span style=\"font-variant-ligatures:normal\"><span style=\"font-weight:400\"><span style=\"white-space:normal\"><span style=\"background-color:#ffffff\"><span style=\"text-decoration-thickness:initial\"><span style=\"text-decoration-style:initial\"><span style=\"text-decoration-color:initial\">&nbsp;<\/span><\/span><\/span><\/span><\/span><\/span><\/span><\/span><\/span><\/span><\/span><\/span><\/span><span style=\"font-size:18px\"><span style=\"box-sizing:border-box\"><span style=\"line-height:1.5\"><span style=\"color:#313f48\"><span style=\"font-family:&quot;Roboto Condensed&quot;, Helvetica, Arial, sans-serif\"><span style=\"font-style:normal\"><span style=\"font-variant-ligatures:normal\"><span style=\"font-weight:400\"><span style=\"white-space:normal\"><span style=\"background-color:#ffffff\"><span style=\"text-decoration-thickness:initial\"><span style=\"text-decoration-style:initial\"><span style=\"text-decoration-color:initial\"><img src=\"https:\/\/www.abint.org.br\/assets\/img\/editor\/hospitalmed-2024-story-cth-abint_20240904134515hOjyRRpXlX.png\" style=\"box-sizing: border-box; border-style: none; max-width: 100%; width: 281px; height: 500px; object-fit: contain;\" \/><\/span><\/span><\/span><\/span><\/span><\/span><\/span><\/span><\/span><\/span><\/span><\/span><\/span><\/p>\r\n\r\n<p style=\"text-align:start; margin-bottom:20px\"><span style=\"font-size:18px\"><span style=\"box-sizing:border-box\"><span style=\"line-height:1.5\"><span style=\"color:#313f48\"><span style=\"font-family:&quot;Roboto Condensed&quot;, Helvetica, Arial, sans-serif\"><span style=\"font-style:normal\"><span style=\"font-variant-ligatures:normal\"><span style=\"font-weight:400\"><span style=\"white-space:normal\"><span style=\"background-color:#ffffff\"><span style=\"text-decoration-thickness:initial\"><span style=\"text-decoration-style:initial\"><span style=\"text-decoration-color:initial\"><b style=\"box-sizing:border-box; font-weight:bolder\">O CTH ABINT &eacute; um dos patrocinadores da HospitalMed 2024.<\/b><\/span><\/span><\/span><\/span><\/span><\/span><\/span><\/span><\/span><\/span><\/span><\/span><\/span><\/p>\r\n\r\n<p style=\"text-align:start; margin-bottom:20px\"><span style=\"font-size:18px\"><span style=\"box-sizing:border-box\"><span style=\"line-height:1.5\"><span style=\"color:#313f48\"><span style=\"font-family:&quot;Roboto Condensed&quot;, Helvetica, Arial, sans-serif\"><span style=\"font-style:normal\"><span style=\"font-variant-ligatures:normal\"><span style=\"font-weight:400\"><span style=\"white-space:normal\"><span style=\"background-color:#ffffff\"><span style=\"text-decoration-thickness:initial\"><span style=\"text-decoration-style:initial\"><span style=\"text-decoration-color:initial\">&ldquo;<i style=\"box-sizing:border-box\">A melhor e Mais Completa Feira de Sa&uacute;de do Norte\/Nordeste<\/i>&rdquo;, &eacute; uma realiza&ccedil;&atilde;o da HospitalMed Feiras &amp; Eventos e da Insight Feiras de Neg&oacute;cios.<\/span><\/span><\/span><\/span><\/span><\/span><\/span><\/span><\/span><\/span><\/span><\/span><\/span><\/p>\r\n\r\n<p style=\"text-align:start; margin-bottom:20px\"><span style=\"font-size:18px\"><span style=\"box-sizing:border-box\"><span style=\"line-height:1.5\"><span style=\"color:#313f48\"><span style=\"font-family:&quot;Roboto Condensed&quot;, Helvetica, Arial, sans-serif\"><span style=\"font-style:normal\"><span style=\"font-variant-ligatures:normal\"><span style=\"font-weight:400\"><span style=\"white-space:normal\"><span style=\"background-color:#ffffff\"><span style=\"text-decoration-thickness:initial\"><span style=\"text-decoration-style:initial\"><span style=\"text-decoration-color:initial\"><i style=\"box-sizing:border-box\">&ldquo;O&nbsp;<b style=\"box-sizing:border-box; font-weight:bolder\">re&uacute;ne toda a cadeia produtiva do setor de sa&uacute;de das regi&otilde;es Norte\/Nordeste<\/b>. &Eacute; o grande encontro de fornecedores de Produtos, Equipamentos, Servi&ccedil;os, Tecnologia e Conte&uacute;do para Hospitais, Laborat&oacute;rios, Farm&aacute;cias, Cl&iacute;nicas, Consult&oacute;rios e Profissionais da Sa&uacute;de&rdquo;.<\/i><\/span><\/span><\/span><\/span><\/span><\/span><\/span><\/span><\/span><\/span><\/span><\/span><\/span><\/p>\r\n\r\n<p style=\"text-align:start; margin-bottom:20px\"><span style=\"font-size:18px\"><span style=\"box-sizing:border-box\"><span style=\"line-height:1.5\"><span style=\"color:#313f48\"><span style=\"font-family:&quot;Roboto Condensed&quot;, Helvetica, Arial, sans-serif\"><span style=\"font-style:normal\"><span style=\"font-variant-ligatures:normal\"><span style=\"font-weight:400\"><span style=\"white-space:normal\"><span style=\"background-color:#ffffff\"><span style=\"text-decoration-thickness:initial\"><span style=\"text-decoration-style:initial\"><span style=\"text-decoration-color:initial\"><a href=\"http:\/\/www.hospitalmed.com.br\/\" style=\"box-sizing:border-box; text-decoration:none; color:#008fd5; transition:color 0.3s\">www.hospitalmed.com.br<\/a><\/span><\/span><\/span><\/span><\/span><\/span><\/span><\/span><\/span><\/span><\/span><\/span><\/span><\/p>\r\n\r\n<p class=\"MsoTitle\" style=\"text-align:justify; margin-bottom:20px\"><span style=\"font-size:18px\"><span style=\"box-sizing:border-box\"><span style=\"line-height:1.5\"><span style=\"color:#313f48\"><span style=\"font-family:&quot;Roboto Condensed&quot;, Helvetica, Arial, sans-serif\"><span style=\"font-style:normal\"><span style=\"font-variant-ligatures:normal\"><span style=\"font-weight:400\"><span style=\"white-space:normal\"><span style=\"background-color:#ffffff\"><span style=\"text-decoration-thickness:initial\"><span style=\"text-decoration-style:initial\"><span style=\"text-decoration-color:initial\"><span style=\"font-size:28pt\"><span style=\"box-sizing:border-box\"><span style=\"box-sizing:border-box\"><span style=\"font-family:Cambria, serif\"><span style=\"box-sizing:border-box\"><span style=\"letter-spacing:-0.5pt\"><b style=\"box-sizing:border-box; font-weight:bolder\"><span style=\"font-size:18pt\"><span style=\"box-sizing:border-box\"><span style=\"box-sizing:border-box\"><span style=\"font-family:Calibri, sans-serif\"><span style=\"box-sizing:border-box\"><span style=\"font-variant:small-caps\">Not&iacute;cias das Associadas<\/span><\/span><\/span><\/span><\/span><\/span><\/b><\/span><\/span><\/span><\/span><\/span><\/span><\/span><\/span><\/span><\/span><\/span><\/span><\/span><\/span><\/span><\/span><\/span><\/span><\/span><\/p>\r\n\r\n<p class=\"MsoTitle\" style=\"text-align:justify; margin-bottom:20px\">&nbsp;<\/p>\r\n\r\n<p style=\"text-align:justify\"><span style=\"font-size:11pt\"><span style=\"line-height:normal\"><span style=\"font-family:Calibri,sans-serif\"><a href=\"https:\/\/tissueonline.com.br\/andritz-estabelecera-novo-centro-de-servicos-no-brasil\/?utm_campaign=newsletter_27092024_novo_modelo&amp;utm_medium=email&amp;utm_source=RD+Station\" style=\"color:blue; text-decoration:underline\"><span style=\"font-size:14.0pt\">ANDRITZ estabelecer&aacute; novo Centro de Servi&ccedil;os no Brasil<\/span><\/a><\/span><\/span><\/span><\/p>\r\n\r\n<p style=\"text-align:justify\"><span style=\"font-size:11pt\"><span style=\"line-height:normal\"><span style=\"font-family:Calibri,sans-serif\"><a href=\"https:\/\/www.technicaltextile.net\/news\/andritz-commissions-spunlace-line-in-quimicolor-colombia-298061.html\" style=\"color:blue; text-decoration:underline\"><span lang=\"EN-US\" style=\"font-size:14.0pt\">Andritz commissions spunlace line in Quimicolor, Colombia<\/span><\/a><\/span><\/span><\/span><\/p>\r\n\r\n<p style=\"text-align:justify\"><span style=\"font-size:11pt\"><span style=\"line-height:normal\"><span style=\"font-family:Calibri,sans-serif\"><a href=\"https:\/\/www.nonwovens-industry.com\/contents\/view_breaking-news\/2024-09-26\/andritz-to-offer-complete-dry-molded-fiber-lines\/15303\" style=\"color:blue; text-decoration:underline\"><span lang=\"EN-US\" style=\"font-size:14.0pt\">Andritz to Offer Complete Dry Molded Fiber Lines<\/span><\/a><\/span><\/span><\/span><\/p>\r\n\r\n<p style=\"text-align:justify\"><span style=\"font-size:11pt\"><span style=\"line-height:normal\"><span style=\"font-family:Calibri,sans-serif\"><a href=\"https:\/\/www.innovationintextiles.com\/technology-machinery-equipment\/added-recycling-capacity-for-sealy\/\" style=\"color:blue; text-decoration:underline\"><span lang=\"EN-US\" style=\"font-size:14.0pt\">Australian mattress maker partners with Andritz for second time.<\/span><\/a><\/span><\/span><\/span><\/p>\r\n\r\n<p style=\"text-align:justify\"><span style=\"font-size:11pt\"><span style=\"line-height:normal\"><span style=\"font-family:Calibri,sans-serif\"><a href=\"https:\/\/www.nonwovens-industry.com\/contents\/view_breaking-news\/2024-09-24\/freudenberg-expands-coated-textiles-business\/15303\" style=\"color:blue; text-decoration:underline\"><span lang=\"EN-US\" style=\"font-size:14.0pt\">Freudenberg Expands Coated Textiles Business<\/span><\/a><\/span><\/span><\/span><\/p>\r\n\r\n<p style=\"text-align:justify\">&nbsp;<\/p>\r\n\r\n<p style=\"text-align:justify\"><span style=\"font-size:11pt\"><span style=\"line-height:normal\"><span style=\"font-family:Calibri,sans-serif\"><b><span lang=\"EN-US\" style=\"font-size:18.0pt\"><span style=\"font-variant:small-caps\">Eventos<\/span><\/span><\/b><\/span><\/span><\/span><\/p>\r\n\r\n<p style=\"text-align:justify\">&nbsp;<\/p>\r\n\r\n<p style=\"text-align:justify\"><span style=\"font-size:11pt\"><span style=\"line-height:normal\"><span style=\"font-family:Calibri,sans-serif\"><a href=\"https:\/\/www.abrafiltros.org.br\/cursos\/\" style=\"color:blue; text-decoration:underline\"><b><span style=\"font-size:14.0pt\">Cursos Abrafiltros | Automatiza&ccedil;&atilde;o de Filtros de Manga<\/span><\/b><\/a><\/span><\/span><\/span><\/p>\r\n\r\n<p style=\"text-align:justify\"><span style=\"font-size:11pt\"><span style=\"line-height:normal\"><span style=\"font-family:Calibri,sans-serif\"><a href=\"https:\/\/send.neopixdmi.com\/index.php\/campaigns\/qs26211jqy645\/web-version\/mh045xn88n9c0\" style=\"color:blue; text-decoration:underline\"><b><span style=\"font-size:14.0pt\">O Mega Desafio Trazido Pela Nova Lei de Licita&ccedil;&otilde;es e Contratos - Lei 14133\/2021<\/span><\/b><\/a><span style=\"font-size:14.0pt\">, 03 de outubro, 14, 15 e 16 de outubro de 2024, 8h &agrave;s 18h (seg e ter) e 8h &agrave;s 13h (qua), Sede da AESabesp - S&atilde;o Paulo - SP<\/span><\/span><\/span><\/span><\/p>\r\n\r\n<p style=\"text-align:justify\"><span style=\"font-size:11pt\"><span style=\"line-height:normal\"><span style=\"font-family:Calibri,sans-serif\"><a href=\"https:\/\/apexbrasil.com.br\/br\/pt\/conteudo\/noticias\/webinar-gratuito---logistica-descomplicada-para-suas-exportacoes.html#msdynttrid=sqMNWzEHO9rJ2RSODwUMdFYI-wouzfx5-rXi3pv6NWU\" style=\"color:blue; text-decoration:underline\"><b><span style=\"font-size:14.0pt\">Apex Brasil | Webinar:\u202f&ldquo;Log&iacute;stica descomplicada para suas exporta&ccedil;&otilde;es<\/span><\/b><span style=\"font-size:14.0pt\">&rdquo;<\/span><\/a><span style=\"font-size:14.0pt\">, 03 de outubro de 2024, 10h00, evento online<\/span><\/span><\/span><\/span><\/p>\r\n\r\n<p style=\"text-align:justify\"><span style=\"font-size:11pt\"><span style=\"line-height:normal\"><span style=\"font-family:Calibri,sans-serif\"><a href=\"https:\/\/www.aatcc.org\/summit\/\" style=\"color:blue; text-decoration:underline\"><b><span lang=\"EN-US\" style=\"font-size:14.0pt\">AATCC&#39;s Textile Discovery Summit<\/span><\/b><\/a><span lang=\"EN-US\" style=\"font-size:14.0pt\">, October 6-8, 2024, The Westin Savannah Harbor 1 Resort Drive, Savannah, Ge&oacute;rgia, EUA<\/span><\/span><\/span><\/span><\/p>\r\n\r\n<p style=\"text-align:justify\"><span style=\"font-size:11pt\"><span style=\"line-height:normal\"><span style=\"font-family:Calibri,sans-serif\"><a href=\"https:\/\/www.even3.com.br\/xxxcntt\/\" style=\"color:blue; text-decoration:underline\"><b><span style=\"font-size:14.0pt\">30&ordm; Congresso Nacional de Tecnologia T&ecirc;xtil, Confec&ccedil;&atilde;o e Moda<\/span><\/b><\/a><span style=\"font-size:14.0pt\">, 08 a 11 de outubro de 2024, evento presencial, Apucarana\/ PR<\/span><\/span><\/span><\/span><\/p>\r\n\r\n<p style=\"text-align:justify\"><span style=\"font-size:11pt\"><span style=\"line-height:normal\"><span style=\"font-family:Calibri,sans-serif\"><a href=\"https:\/\/plasticosemrevista.com.br\/competitividade-2024-inscricao\/\" style=\"color:blue; text-decoration:underline\"><b><span style=\"font-size:14.0pt\">Pl&aacute;sticos em Revista | Semin&aacute;rio Competitividade<\/span><\/b><\/a><span style=\"font-size:14.0pt\">, 10 de outubro de 2024, Hotel Meli&aacute;, Av. Paulista, 2181<\/span><\/span><\/span><\/span><\/p>\r\n\r\n<p style=\"text-align:justify\"><span style=\"font-size:11pt\"><span style=\"line-height:normal\"><span style=\"font-family:Calibri,sans-serif\"><a href=\"https:\/\/www.sympla.com.br\/evento\/encontro-regional-almaco-em-salvador-ba\/2611464\" style=\"color:blue; text-decoration:underline\"><b><span style=\"font-size:14.0pt\">Encontro Regional ALMACO<\/span><\/b><\/a><span style=\"font-size:14.0pt\">, 16 de outubro de 2024, 13h00 &agrave;s 18h00, evento presencial, Fiesta Bahia Hotel, Salvador, BA<\/span><\/span><\/span><\/span><\/p>\r\n\r\n<p style=\"text-align:justify\"><span style=\"font-size:11pt\"><span style=\"line-height:normal\"><span style=\"font-family:Calibri,sans-serif\"><a href=\"http:\/\/www.fenasan.com.br\" style=\"color:blue; text-decoration:underline\"><b><span style=\"font-size:14.0pt\">Fenasan 2024 &ndash; Feira Nacional de Saneamento e Meio Ambiente<\/span><\/b><\/a><span style=\"font-size:14.0pt\">, 22 a 24 de outubro de 2024, Pavilh&otilde;es Verde e Vermelho, Expo Center Norte, S&atilde;o Paulo SP<\/span><\/span><\/span><\/span><\/p>\r\n\r\n<p style=\"text-align:justify\"><span style=\"font-size:11pt\"><span style=\"line-height:normal\"><span style=\"font-family:Calibri,sans-serif\"><a href=\"http:\/\/www.hospitalmed.com.br\" style=\"color:blue; text-decoration:underline\"><b><span style=\"font-size:14.0pt\">HospitalMed 2024<\/span><\/b><\/a><span style=\"font-size:14.0pt\">, 23 a 25 de outubro, das 14h &agrave;s 20h, no Pernambuco Centro de Conven&ccedil;&otilde;es<\/span><\/span><\/span><\/span><\/p>\r\n\r\n<p style=\"text-align:justify\"><span style=\"font-size:11pt\"><span style=\"line-height:normal\"><span style=\"font-family:Calibri,sans-serif\"><a href=\"https:\/\/www.abnteducacao.com.br\/Simbologia_de_cuidados_aplicada_a_Etiquetagem_de_Texteis_ABNT_NBR_NM_ISO_3758\" style=\"color:blue; text-decoration:underline\"><b><span style=\"font-size:14.0pt\">Simbologia de cuidados aplicada a Etiquetagem de T&ecirc;xteis<\/span><\/b><\/a><span style=\"font-size:14.0pt\">, 23 e 24 de outubro de 2024, 8h30 &agrave;s 17h30, evento online<\/span><\/span><\/span><\/span><\/p>\r\n\r\n<p style=\"text-align:justify\"><span style=\"font-size:11pt\"><span style=\"line-height:normal\"><span style=\"font-family:Calibri,sans-serif\"><a href=\"https:\/\/b20brazil.org\/#msdynttrid=6zt-Ug2nJO0FDfhoU9K0en-twuGAoU5aPF8EQm7neRo\" style=\"color:blue; text-decoration:underline\"><b><span lang=\"EN-US\" style=\"font-size:14.0pt\">B20 Summit Brasil 2024 - Inclusive Growth for a Sustainable Future<\/span><\/b><\/a><span lang=\"EN-US\" style=\"font-size:14.0pt\">, October 24th - 25th, 2024, Clube Atl&eacute;tico Monte L&iacute;bano, S&atilde;o Paulo, SP<\/span><\/span><\/span><\/span><\/p>\r\n\r\n<p style=\"text-align:justify\"><span style=\"font-size:11pt\"><span style=\"line-height:normal\"><span style=\"font-family:Calibri,sans-serif\"><a href=\"http:\/\/www.congressoabit.com.br\" style=\"color:blue; text-decoration:underline\"><b><span style=\"font-size:14.0pt\">Congresso Internacional Abit 2024<\/span><\/b><\/a><span style=\"font-size:14.0pt\">, 30 e 31 de outubro, Salvador, Bahia<\/span><\/span><\/span><\/span><\/p>\r\n\r\n<p style=\"text-align:justify\"><span style=\"font-size:11pt\"><span style=\"line-height:normal\"><span style=\"font-family:Calibri,sans-serif\"><a href=\"https:\/\/abrava.com.br\/compromissos\/xxiii-encontro-nacional-de-empresas-projetistas-e-consultores-da-abrava-copy\/?utm_campaign=participe_do_xxiv_encontro_nacional_de_empresas_projetistas_e_consultores&amp;utm_medium=email&amp;utm_source=RD+Station\" style=\"color:blue; text-decoration:underline\"><b><span style=\"font-size:14.0pt\">ENPC 2024 &ndash; XXIV Encontro Nacional de Empresas Projetistas e Consultores da Abrava<\/span><\/b><\/a><span style=\"font-size:14.0pt\">, 05 e 06 de novembro, 08h30 &agrave;s 18h00, evento online<\/span><\/span><\/span><\/span><\/p>\r\n\r\n<p style=\"text-align:justify\"><span style=\"font-size:11pt\"><span style=\"line-height:normal\"><span style=\"font-family:Calibri,sans-serif\"><a href=\"https:\/\/www.fimec.com.br\/\" style=\"color:blue; text-decoration:underline\"><b><span style=\"font-size:14.0pt\">Fimec 2025<\/span><\/b><\/a><span style=\"font-size:14.0pt\">, 18 a 20 de mar&ccedil;o, Fenac, Novo Hamburgo, RS<\/span><\/span><\/span><\/span><\/p>\r\n\r\n<p style=\"text-align:justify\"><span style=\"font-size:28pt\"><span style=\"font-family:Cambria,serif\"><span style=\"letter-spacing:-0.5pt\"><b><span lang=\"EN-US\" style=\"font-size:18.0pt\"><span style=\"font-family:&quot;Calibri&quot;,sans-serif\"><span style=\"font-variant:small-caps\">Setor<\/span><\/span><\/span><\/b><\/span><\/span><\/span><\/p>\r\n\r\n<p style=\"text-align:justify\"><span style=\"font-size:11pt\"><span style=\"line-height:normal\"><span style=\"font-family:Calibri,sans-serif\"><a href=\"https:\/\/email2.nonwovens-industry.com\/e3t\/Ctc\/W2+113\/c-vk304\/VVVKzF3VNLDYW7_k8pD83f0rVV3Z50p5lrwX2N6wcHps7mmzdW50l5tj6lZ3m6W6Tg6_520pm1yW508r-G3Xhpm5N1GKFYrXTVTWW998vw11D5ZXsW2Nb9yk1ZYtZqW1Pz6_Z4bP-XLV9ghwG1t_mn3W2GFfxd3fgdytN5j_r8hdpM_QW7w8_xc78bGx-W4B-zjf7T6RMbW63LK-r92k-zVW5fzglR8YrJP5W7mYXxJ3x1d6lW5hFp5b4CPH_yVlPdQx8WxmQgW3RHYF22vLKv3N2PGqBTz8zGqN8XkPXy1RS8ZN8BQwZd-7GdtN8n698kZMHMcW4Y6syx3Ql-KyW8My0gw70xBqCW7NmF6B1--FRCW6hVpj28JPvhxW9hmD-D2ZTZs6W2lNXss8hgFYNW5K2-3h2nJhKKW5yyX8J5Nh21_VQLN8Z391ZS9W8F-Z6q3XgQ6fW497gcy5cYpCHW1c_s9G2XkZV3W8Pc8Pl9hwFSPW2tfqV61y_KnSW8dm25h3mfH-FW2BNgY33GG15WW12TSxT2GDCk4W59Vx7Q4R9M54W5jZ5ZK2CwHY4W2V4JV474FV3sW5dMPlM6qZ6LQW4mqCd-6cp002W2gPS3w50wSBwW1jtzmk9lX8NqW6NBPy12SrVM3M8n3gZhVz4FN2bJLxdQ_DDwf7HsqFx04\" style=\"color:blue; text-decoration:underline\" target=\"_blank\"><span lang=\"EN-US\" style=\"font-size:14.0pt\">Major Trade Associations to Explore Strategic Alliance <\/span><\/a><\/span><\/span><\/span><\/p>\r\n\r\n<p style=\"text-align:justify\"><span style=\"font-size:11pt\"><span style=\"line-height:normal\"><span style=\"font-family:Calibri,sans-serif\"><a href=\"https:\/\/www.nonwovens-industry.com\/contents\/view_breaking-news\/2024-09-23\/study-assesses-effectiveness-of-hospital-wipes\/15303\" style=\"color:blue; text-decoration:underline\"><span lang=\"EN-US\" style=\"font-size:14.0pt\">Study Assesses Effectiveness of Hospital Wipes<\/span><\/a><\/span><\/span><\/span><\/p>\r\n\r\n<p style=\"text-align:justify\"><span style=\"font-size:11pt\"><span style=\"line-height:normal\"><span style=\"font-family:Calibri,sans-serif\"><a href=\"https:\/\/fcem.com.br\/noticias\/conforto-e-performance-moldam-o-mercado-de-calcados\/?utm_campaign=febratex_news_260924&amp;utm_medium=email&amp;utm_source=RD+Station\" style=\"color:blue; text-decoration:underline\"><span style=\"font-size:14.0pt\">Conforto e performance moldam o mercado de cal&ccedil;ados<\/span><\/a><\/span><\/span><\/span><\/p>\r\n\r\n<p style=\"text-align:justify\"><span style=\"font-size:11pt\"><span style=\"line-height:normal\"><span style=\"font-family:Calibri,sans-serif\"><a href=\"https:\/\/tissueonline.com.br\/veolia-entrega-instalacoes-de-tratamento-de-aguas-e-efluentes-industriais-para-a-nova-fabrica-da-suzano\/?utm_campaign=veolia_veolia_entrega_instalacoes_de_tratamento_de_aguas_e_efluentes_industriais_para_a_nova_fabrica_da_suzano&amp;utm_medium=email&amp;utm_source=RD+Station\" style=\"color:blue; text-decoration:underline\"><span style=\"font-size:14.0pt\">Veolia entrega instala&ccedil;&otilde;es de Tratamento de &Aacute;guas e Efluentes Industriais para a nova f&aacute;brica da Suzano<\/span><\/a><\/span><\/span><\/span><\/p>\r\n\r\n<p style=\"text-align:justify\"><span style=\"font-size:28pt\"><span style=\"font-family:Cambria,serif\"><span style=\"letter-spacing:-0.5pt\"><b><span style=\"font-size:18.0pt\"><span style=\"font-family:&quot;Calibri&quot;,sans-serif\"><span style=\"font-variant:small-caps\">Ind&uacute;stria<\/span><\/span><\/span><\/b><\/span><\/span><\/span><\/p>\r\n\r\n<p style=\"text-align:justify\"><span style=\"font-size:11pt\"><span style=\"line-height:normal\"><span style=\"font-family:Calibri,sans-serif\"><a href=\"https:\/\/diariodocomercio.com.br\/opiniao\/artigo\/politica-industrial-produtividade-desenvolvimento-juntos\/#gref\" style=\"color:blue; text-decoration:underline\"><span style=\"font-size:14.0pt\">Pol&iacute;tica industrial, produtividade e desenvolvimento devem caminhar juntos<\/span><\/a><\/span><\/span><\/span><\/p>\r\n\r\n<p style=\"text-align:justify\"><span style=\"font-size:11pt\"><span style=\"line-height:normal\"><span style=\"font-family:Calibri,sans-serif\"><a href=\"https:\/\/portalibre.fgv.br\/system\/files\/divulgacao\/noticias\/mat-complementar\/2024-09\/Sondagem%20da%20Industria%20FGV_press%20release_Set24.pdf\" style=\"color:blue; text-decoration:underline\"><span style=\"font-size:14.0pt\">Confian&ccedil;a da Ind&uacute;stria recua 1,2 ponto em setembro<\/span><\/a><\/span><\/span><\/span><\/p>\r\n\r\n<p style=\"text-align:justify\"><span style=\"font-size:11pt\"><span style=\"line-height:normal\"><span style=\"font-family:Calibri,sans-serif\"><a href=\"https:\/\/ibre.fgv.br\/blog-da-conjuntura-economica\/artigos\/produtividade-ja-baixa-perde-mais-folego\" style=\"color:blue; text-decoration:underline\"><span style=\"font-size:14.0pt\">Produtividade j&aacute; baixa, perde mais f&ocirc;lego<\/span><\/a><\/span><\/span><\/span><\/p>\r\n\r\n<p style=\"text-align:justify\"><span style=\"font-size:11pt\"><span style=\"line-height:normal\"><span style=\"font-family:Calibri,sans-serif\"><a href=\"https:\/\/exclusivo.com.br\/negocios\/saiba-quanto-cresceu-a-producao-de-calcados-ate-julho-de-2024\/\" style=\"color:blue; text-decoration:underline\"><span style=\"font-size:14.0pt\">Saiba quanto cresceu a produ&ccedil;&atilde;o de cal&ccedil;ados at&eacute; julho de 2024<\/span><\/a><\/span><\/span><\/span><\/p>\r\n\r\n<p style=\"text-align:justify\"><span style=\"font-size:11pt\"><span style=\"line-height:normal\"><span style=\"font-family:Calibri,sans-serif\"><a href=\"https:\/\/portalibre.fgv.br\/system\/files\/divulgacao\/noticias\/mat-complementar\/2024-09\/Sondagem%20da%20Construcao%20FGV_press%20release_Set24.pdf\" style=\"color:blue; text-decoration:underline\"><span style=\"font-size:14.0pt\">Confian&ccedil;a do Constru&ccedil;&atilde;o recua em setembro, ap&oacute;s quatro meses sem queda<\/span><\/a><\/span><\/span><\/span><\/p>\r\n\r\n<p style=\"text-align:justify\"><span style=\"font-size:28pt\"><span style=\"font-family:Cambria,serif\"><span style=\"letter-spacing:-0.5pt\"><b><span lang=\"EN-US\" style=\"font-size:18.0pt\"><span style=\"font-family:&quot;Calibri&quot;,sans-serif\"><span style=\"font-variant:small-caps\">Sustentabilidade<\/span><\/span><\/span><\/b><\/span><\/span><\/span><\/p>\r\n\r\n<p style=\"text-align:justify\"><span style=\"font-size:11pt\"><span style=\"line-height:normal\"><span style=\"font-family:Calibri,sans-serif\"><a href=\"https:\/\/indiantextilejournal.com\/recycling-and-upcycling-of-textile-waste-2\/\" style=\"color:blue; text-decoration:underline\"><span lang=\"EN-US\" style=\"font-size:14.0pt\">A Red Alert on Single-Use Sanitary Pads<\/span><\/a><\/span><\/span><\/span><\/p>\r\n\r\n<p style=\"text-align:justify\"><span style=\"font-size:11pt\"><span style=\"line-height:normal\"><span style=\"font-family:Calibri,sans-serif\"><a href=\"https:\/\/www.revistaplasticosul.com.br\/sem-categoria\/o-pais-que-tributa-reciclagem-importa-resina-virgem-e-enterra-materia-prima\/\" style=\"color:blue; text-decoration:underline\"><span style=\"font-size:14.0pt\">O pa&iacute;s que tributa reciclagem, importa resina virgem e enterra mat&eacute;ria-prima<\/span><\/a><\/span><\/span><\/span><\/p>\r\n\r\n<p style=\"text-align:justify\"><span style=\"font-size:11pt\"><span style=\"line-height:normal\"><span style=\"font-family:Calibri,sans-serif\"><a href=\"https:\/\/www.plastico.com.br\/pl-2524-tramita-em-brasilia\/\" style=\"color:blue; text-decoration:underline\"><span style=\"font-size:14.0pt\">PL 2524 tramita em Bras&iacute;lia<\/span><\/a><\/span><\/span><\/span><\/p>\r\n\r\n<p style=\"text-align:justify\"><span style=\"font-size:11pt\"><span style=\"line-height:normal\"><span style=\"font-family:Calibri,sans-serif\"><a href=\"https:\/\/fiesc.com.br\/pt-br\/imprensa\/sustentabilidade-e-reciclagem-sao-grandes-desafios-do-setor-textil-e-de-confeccoes\" style=\"color:blue; text-decoration:underline\"><span style=\"font-size:14.0pt\">Sustentabilidade e reciclagem s&atilde;o grandes desafios do setor t&ecirc;xtil e de confec&ccedil;&otilde;es<\/span><\/a><\/span><\/span><\/span><\/p>\r\n\r\n<p style=\"text-align:justify\"><span style=\"font-size:28pt\"><span style=\"font-family:Cambria,serif\"><span style=\"letter-spacing:-0.5pt\"><b><span style=\"font-size:18.0pt\"><span style=\"font-family:&quot;Calibri&quot;,sans-serif\"><span style=\"font-variant:small-caps\">Inova&ccedil;&atilde;o<\/span><\/span><\/span><\/b><\/span><\/span><\/span><\/p>\r\n\r\n<p style=\"text-align:justify\"><span style=\"font-size:11pt\"><span style=\"line-height:normal\"><span style=\"font-family:Calibri,sans-serif\"><a href=\"https:\/\/clickpetroleoegas.com.br\/revolucao-na-construcao-tijolos-de-plastico-reciclado-tem-conforto-termico-superior-sao-mais-faceis-de-colocar\/\" style=\"color:blue; text-decoration:underline\"><span style=\"font-size:14.0pt\">Revolu&ccedil;&atilde;o na constru&ccedil;&atilde;o: Tijolos de pl&aacute;stico reciclado t&ecirc;m conforto t&eacute;rmico superior, s&atilde;o mais f&aacute;ceis de colocar<\/span><\/a><\/span><\/span><\/span><\/p>\r\n\r\n<p style=\"text-align:justify\"><span style=\"font-size:11pt\"><span style=\"line-height:normal\"><span style=\"font-family:Calibri,sans-serif\"><a href=\"https:\/\/www.terra.com.br\/economia\/sustentabilidade-e-tao-essencial-como-inovacao-para-o-sucesso-do-negocio-diz-diretor-da-coca-cola,4303cd647b6c52cb15801004619348f47tthz4dh.html\" style=\"color:blue; text-decoration:underline\"><span style=\"font-size:14.0pt\">Sustentabilidade &eacute; t&atilde;o essencial como inova&ccedil;&atilde;o para o sucesso do neg&oacute;cio, diz diretor da Coca-Cola<\/span><\/a><\/span><\/span><\/span><\/p>\r\n\r\n<p style=\"text-align:justify\"><span style=\"font-size:28pt\"><span style=\"font-family:Cambria,serif\"><span style=\"letter-spacing:-0.5pt\"><b><span style=\"font-size:18.0pt\"><span style=\"font-family:&quot;Calibri&quot;,sans-serif\"><span style=\"font-variant:small-caps\">Com&eacute;rcio Exterior<\/span><\/span><\/span><\/b><\/span><\/span><\/span><\/p>\r\n\r\n<p style=\"text-align:justify\"><span style=\"font-size:11pt\"><span style=\"line-height:normal\"><span style=\"font-family:Calibri,sans-serif\"><a href=\"https:\/\/diariodonordeste.verdesmares.com.br\/opiniao\/colunistas\/ingrid-coelho\/exportacoes-de-calcados-do-ceara-ganham-espaco-na-servia-e-no-uruguai-veja-resultados-por-pais-1.3562197#amp_tf=De%20%251%24s&amp;aoh=17276585885796&amp;csi=0&amp;referrer=https%3A%2F%2Fwww.google.com&amp;ampshare=https%3A%2F%2Fdiariodonordeste.verdesmares.com.br%2Fopiniao%2Fcolunistas%2Fingrid-coelho%2Fexportacoes-de-calcados-do-ceara-ganham-espaco-na-servia-e-no-uruguai-veja-resultados-por-pais-1.3562197\" style=\"color:blue; text-decoration:underline\"><span style=\"font-size:14.0pt\">Exporta&ccedil;&otilde;es de cal&ccedil;ados do Cear&aacute; ganham espa&ccedil;o na S&eacute;rvia e no Uruguai; veja resultados por pa&iacute;s<\/span><\/a><\/span><\/span><\/span><\/p>\r\n\r\n<p style=\"text-align:justify\"><span style=\"font-size:11pt\"><span style=\"line-height:normal\"><span style=\"font-family:Calibri,sans-serif\"><a href=\"https:\/\/canalconsultapublica.com.br\/economia\/tarifas-de-importacao-aumentam-para-30-entenda-o-que-vai-acontecer\/\" style=\"color:blue; text-decoration:underline\"><span style=\"font-size:14.0pt\">Tarifas de importa&ccedil;&atilde;o aumentam para 30%; entenda o que vai acontecer<\/span><\/a><\/span><\/span><\/span><\/p>\r\n\r\n<p style=\"text-align:justify\"><span style=\"font-size:11pt\"><span style=\"line-height:normal\"><span style=\"font-family:Calibri,sans-serif\"><a href=\"https:\/\/www.cnnbrasil.com.br\/economia\/macroeconomia\/acordo-mercosul-china-seria-desastre-dizem-liderancas-industriais-brasileiras\/\" style=\"color:blue; text-decoration:underline\"><span style=\"font-size:14.0pt\">Acordo Mercosul-China seria desastre, dizem lideran&ccedil;as industriais brasileiras<\/span><\/a><\/span><\/span><\/span><\/p>\r\n\r\n<p style=\"text-align:justify\"><span style=\"font-size:11pt\"><span style=\"line-height:normal\"><span style=\"font-family:Calibri,sans-serif\"><a href=\"https:\/\/noticias.portaldaindustria.com.br\/noticias\/internacional\/industria-brasileira-acompanha-missao-presidencial-ao-mexico\/\" style=\"color:blue; text-decoration:underline\"><span style=\"font-size:14.0pt\">Ind&uacute;stria brasileira acompanha miss&atilde;o presidencial ao M&eacute;xico<\/span><\/a><\/span><\/span><\/span><\/p>\r\n\r\n<p style=\"text-align:justify\"><span style=\"font-size:11pt\"><span style=\"line-height:normal\"><span style=\"font-family:Calibri,sans-serif\"><a href=\"https:\/\/static.portaldaindustria.com.br\/media\/filer_public\/03\/d5\/03d5a6b6-6c85-404a-b0cf-1be5ef7b82ee\/apc_15_brasil_e_mexico.pdf\" style=\"color:blue; text-decoration:underline\"><span style=\"font-size:14.0pt\">CNI | Rela&ccedil;&otilde;es econ&ocirc;micas entre Brasil e M&eacute;xico: prioridades da ind&uacute;stria<\/span><\/a><\/span><\/span><\/span><\/p>\r\n\r\n<p style=\"text-align:justify\"><span style=\"font-size:11pt\"><span style=\"line-height:normal\"><span style=\"font-family:Calibri,sans-serif\"><a href=\"https:\/\/apexbrasil.com.br\/br\/pt\/conteudo\/noticias\/ApexBrasil-divulga-Perfil-de-Comercio-e-Investimentos-Mexico-em-semana-que-antecede-encontro-presidencial-entre-Lula-e-Lopez-Obrador.html#msdynttrid=HiIr_C9Pv8awWzWvmb_27JYWkFMXc3cZXcU1sXWstwQ\" style=\"color:blue; text-decoration:underline\"><span style=\"font-size:14.0pt\">Apex Brasil | Confira: Perfil de Com&eacute;rcio e Investimentos M&eacute;xico<\/span><\/a><\/span><\/span><\/span><\/p>\r\n\r\n<p style=\"text-align:justify\"><span style=\"font-size:11pt\"><span style=\"line-height:normal\"><span style=\"font-family:Calibri,sans-serif\"><a href=\"https:\/\/veja.abril.com.br\/economia\/balanca-comercial-do-pais-piora-mas-investimentos-estrangeiros-melhoram\" style=\"color:blue; text-decoration:underline\"><span style=\"font-size:14.0pt\">Balan&ccedil;a comercial do pa&iacute;s piora, mas investimentos estrangeiros melhoram<\/span><\/a><\/span><\/span><\/span><\/p>\r\n\r\n<p style=\"text-align:justify\"><span style=\"font-size:11pt\"><span style=\"line-height:normal\"><span style=\"font-family:Calibri,sans-serif\"><a href=\"https:\/\/static.portaldaindustria.com.br\/media\/filer_public\/87\/3e\/873e55bc-89a8-4f1d-80f6-cad123bad446\/ex_ipc_24-033_portariacoana_165-24_duimp.pdf\" style=\"color:blue; text-decoration:underline\"><span style=\"font-size:14.0pt\">RFB amplia exig&ecirc;ncia da Duimp no Portal &Uacute;nico para modernizar importa&ccedil;&otilde;es<\/span><\/a><\/span><\/span><\/span><\/p>\r\n\r\n<p style=\"text-align:justify\"><span style=\"font-size:28pt\"><span style=\"font-family:Cambria,serif\"><span style=\"letter-spacing:-0.5pt\"><b><span style=\"font-size:18.0pt\"><span style=\"font-family:&quot;Calibri&quot;,sans-serif\"><span style=\"font-variant:small-caps\">Economia<\/span><\/span><\/span><\/b><\/span><\/span><\/span><\/p>\r\n\r\n<p style=\"text-align:justify\"><span style=\"font-size:11pt\"><span style=\"line-height:normal\"><span style=\"font-family:Calibri,sans-serif\"><a href=\"https:\/\/www.bcb.gov.br\/content\/focus\/focus\/R20240927.pdf\" style=\"color:blue; text-decoration:underline\"><span style=\"font-size:14.0pt\">Focus - Relat&oacute;rio de Mercado<\/span><\/a><\/span><\/span><\/span><\/p>\r\n\r\n<p style=\"text-align:justify\"><span style=\"font-size:11pt\"><span style=\"line-height:normal\"><span style=\"font-family:Calibri,sans-serif\"><a href=\"https:\/\/ibre.fgv.br\/blog-da-conjuntura-economica\/artigos\/em-foco-166\" style=\"color:blue; text-decoration:underline\"><span style=\"font-size:14.0pt\">Proje&ccedil;&otilde;es de infla&ccedil;&atilde;o sobem e amea&ccedil;am meta<\/span><\/a><\/span><\/span><\/span><\/p>\r\n\r\n<p style=\"text-align:justify\"><span style=\"font-size:11pt\"><span style=\"line-height:normal\"><span style=\"font-family:Calibri,sans-serif\"><a href=\"https:\/\/portalibre.fgv.br\/system\/files\/divulgacao\/noticias\/mat-complementar\/2024-09\/Indicador_de_Incerteza_Brasil_FGV_press%20release_Set24.pdf\" style=\"color:blue; text-decoration:underline\"><span style=\"font-size:14.0pt\">Incerteza Econ&ocirc;mica estabiliza em regi&atilde;o moderada<\/span><\/a><\/span><\/span><\/span><\/p>\r\n\r\n<p style=\"text-align:justify\"><span style=\"font-size:11pt\"><span style=\"line-height:normal\"><span style=\"font-family:Calibri,sans-serif\"><a href=\"https:\/\/agenciadenoticias.ibge.gov.br\/agencia-noticias\/2012-agencia-de-noticias\/noticias\/41423-taxa-de-desocupacao-recua-para-6-6-e-populacao-ocupada-bate-novo-recorde\" style=\"color:blue; text-decoration:underline\"><span style=\"font-size:14.0pt\">Taxa de desocupa&ccedil;&atilde;o recua para 6,6% e popula&ccedil;&atilde;o ocupada bate novo recorde<\/span><\/a><\/span><\/span><\/span><\/p>\r\n\r\n<p style=\"text-align:justify\"><span style=\"font-size:11pt\"><span style=\"line-height:normal\"><span style=\"font-family:Calibri,sans-serif\"><a href=\"https:\/\/www.eiu.com\/n\/china-launches-financial-bazooka-to-lift-economy\/?utm_source=mkt-newsletter&amp;utm_medium=email&amp;utm_campaign=foce&amp;mkt_tok=NzUzLVJJUS00MzgAAAGV1APVTZBnHyixSTI1-qXTtysSr4pl0MFkFElqKmEg-5FC4bhvD2ZNNsWqblYKPL-AKnXbChxvY27dp6wQuCOdy1Lph9nM4qYBsgkb7Wcul0-WidA\" style=\"color:blue; text-decoration:underline\"><span lang=\"EN-US\" style=\"font-size:14.0pt\">China launches financial bazooka to lift economy<\/span><\/a><\/span><\/span><\/span><\/p>\r\n\r\n<p style=\"text-align:justify\"><img src=\"https:\/\/www.abint.org.br\/assets\/img\/editor\/redes-sociais-abint-ctg-cth_20240904135709sSIkVHItU6.jpg\" \/><\/p>\r\n\r\n<p class=\"MsoTitleCxSpLast\" style=\"text-align:justify\">&nbsp;<\/p>\r\n","texto_en":"","7":"","imagem":"COMP_capa-2024-site-boletim-abint-noticias-semanis_20241002141155u5nZXjBISK.jpg","8":"COMP_capa-2024-site-boletim-abint-noticias-semanis_20241002141155u5nZXjBISK.jpg","arquivo":"20241001-BOLETIM-ABINT-DE-NOTICIAS-SEMANAIS.PDF","9":"20241001-BOLETIM-ABINT-DE-NOTICIAS-SEMANAIS.PDF","titulo_arquivo":"20241001 Boletim ABINT de Not\u00edcias Semanais","10":"20241001 Boletim ABINT de Not\u00edcias Semanais","titulo_arquivo_en":"","11":"","created_at":"2024-10-02 14:12:05","12":"2024-10-02 14:12:05","updated_at":"2024-10-02 14:12:05","13":"2024-10-02 14:12:05"},{"id":138,"0":138,"ordem":85,"1":85,"data":"2024-09-30","2":"2024-09-30","slug":"eleicoes-abint-2024","3":"eleicoes-abint-2024","titulo":"Elei\u00e7\u00f5es ABINT 2024","4":"Elei\u00e7\u00f5es ABINT 2024","titulo_en":"","5":"","texto":"<p style=\"text-align:justify\"><span style=\"font-size:11pt\"><span style=\"background:white\"><span style=\"line-height:115%\"><span style=\"font-family:Calibri,sans-serif\"><span style=\"font-size:10.0pt\"><span style=\"line-height:115%\"><span style=\"font-family:&quot;Verdana&quot;,sans-serif\"><span style=\"color:black\">A Associa&ccedil;&atilde;o Brasileira das Ind&uacute;strias de N&atilde;otecidos e Tecidos T&eacute;cnicos (ABINT) anuncia que, a partir de <b>27 de setembro<\/b>, passa a valer a gest&atilde;o da nova diretoria para o bi&ecirc;nio 2024 - 2026. <\/span><\/span><\/span><\/span><\/span><\/span><\/span><\/span><\/p>\r\n\r\n<p style=\"text-align:justify\"><span style=\"font-size:11pt\"><span style=\"background:white\"><span style=\"line-height:115%\"><span style=\"font-family:Calibri,sans-serif\"><span style=\"font-size:10.0pt\"><span style=\"line-height:115%\"><span style=\"font-family:&quot;Verdana&quot;,sans-serif\"><span style=\"color:black\">Mateus Mesquita Inacio, executivo da Fitesa, se mant&eacute;m na presid&ecirc;ncia da entidade, assim como Fabr&iacute;cio Zambotto, executivo da Maccaferri, na vice-presid&ecirc;ncia. <\/span><\/span><\/span><\/span><\/span><\/span><\/span><\/span><\/p>\r\n\r\n<p style=\"text-align:justify\"><span style=\"font-size:11pt\"><span style=\"background:white\"><span style=\"line-height:115%\"><span style=\"font-family:Calibri,sans-serif\">&nbsp;<\/span><\/span><\/span><\/span><span style=\"font-size:11pt\"><span style=\"background:white\"><span style=\"line-height:115%\"><span style=\"font-family:Calibri,sans-serif\"><span style=\"font-size:10.0pt\"><span style=\"line-height:115%\"><span style=\"font-family:&quot;Verdana&quot;,sans-serif\"><span style=\"color:black\">Para Mateus Mesquita Inacio, &ldquo;&eacute; um grande prazer e ruma responsabilidade ainda maior renovar a posi&ccedil;&atilde;o na associa&ccedil;&atilde;o&rdquo;. O executivo complementa: &ldquo;temos atuado fortemente para manter o protagonismo da cadeia de valor dos N&atilde;otecidos e Tecidos T&eacute;cnicos, buscando apoiar o mercado nacional diante dos imensos desafios do ambiente de neg&oacute;cios, de forma global&rdquo;. <\/span><\/span><\/span><\/span><\/span><\/span><\/span><\/span><\/p>\r\n\r\n<p style=\"text-align:justify\"><span style=\"font-size:11pt\"><span style=\"background:white\"><span style=\"line-height:115%\"><span style=\"font-family:Calibri,sans-serif\"><span style=\"font-size:10.0pt\"><span style=\"line-height:115%\"><span style=\"font-family:&quot;Verdana&quot;,sans-serif\"><span style=\"color:black\">Fundada em 1991, a Associa&ccedil;&atilde;o Brasileira das Ind&uacute;strias de N&atilde;otecidos e Tecidos T&eacute;cnicos tem como objetivo representar, difundir e defender os interesses do setor. Para isso, promove e apoia o seu desenvolvimento e o crescimento do mercado de aplica&ccedil;&otilde;es desses produtos, que s&atilde;o fundamentais a diversos e importantes ramos de atividade da economia. <\/span><\/span><\/span><\/span><\/span><\/span><\/span><\/span><\/p>\r\n\r\n<p style=\"text-align:justify\"><span style=\"font-size:11pt\"><span style=\"background:white\"><span style=\"line-height:115%\"><span style=\"font-family:Calibri,sans-serif\"><span style=\"font-size:10.0pt\"><span style=\"line-height:115%\"><span style=\"font-family:&quot;Verdana&quot;,sans-serif\"><span style=\"color:black\">No &uacute;ltimo bi&ecirc;nio, saindo de uma situa&ccedil;&atilde;o de pandemia, a entidade n&atilde;o poupou esfor&ccedil;os no intuito de enaltecer as qualidades e a efici&ecirc;ncia de N&atilde;otecidos e Tecidos T&eacute;cnicos nas mais variadas aplica&ccedil;&otilde;es, assim como de buscar condi&ccedil;&otilde;es de competitividade para que essa cadeia de valor possa ser sustent&aacute;vel. &ldquo;Nesse pr&oacute;ximo mandato, estamos confiantes no potencial das nossas associadas e seguiremos vidando a contribui&ccedil;&atilde;o do setor para o desenvolvimento econ&ocirc;mico do pa&iacute;s atrav&eacute;s de suas opera&ccedil;&otilde;es, e atrav&eacute;s de seus produtos para a qualidade de vida da popula&ccedil;&atilde;o&rdquo;, completa Mateus Mesquita Inacio. <\/span><\/span><\/span><\/span><\/span><\/span><\/span><\/span><\/p>\r\n\r\n<p style=\"text-align:justify\">&nbsp;<\/p>\r\n\r\n<p><strong>DIRETORIA &amp; CONSELHO ABINT &ndash; BI&Ecirc;NIO 2024-2026<\/strong><\/p>\r\n\r\n<p><strong>Diretoria:<\/strong><\/p>\r\n\r\n<p>Presidente: Mateus Mesquita Inacio (Fitesa)<\/p>\r\n\r\n<p>Vice-Presidente: Fabr&iacute;cio Zambotto (Maccaferri)<\/p>\r\n\r\n<p>Diretora Financeira: N&iacute;vea Maria Furlan (Fibertex)<\/p>\r\n\r\n<p>Vice-Diretor Financeiro: Alexandre de Paulo Kiyota (Suominen)<\/p>\r\n\r\n<p>Diretor: Edson Paulo Basseto (Basseto Representa&ccedil;&otilde;es)<\/p>\r\n\r\n<p>Diretor : Maurizio Sampaio Angeletti (Texfyt)<\/p>\r\n\r\n<p>Diretor : Tiago Latorre Noronha (Scavone)<\/p>\r\n\r\n<p><strong>Conselho:<\/strong><\/p>\r\n\r\n<p>Danilo da Costa Paula (Freudenberg)<\/p>\r\n\r\n<p>F&aacute;bio Rossini (Indorama)<\/p>\r\n\r\n<p>Laerte Gui&atilde;o Maroni (Em&eacute;rito)<\/p>\r\n\r\n<p>Silvio Palma (Ober)<\/p>\r\n\r\n<p style=\"text-align:justify\">&nbsp;<\/p>\r\n\r\n<p style=\"margin-top:16px; margin-bottom:13px; text-align:justify\"><span style=\"font-size:12pt\"><span style=\"background:white\"><span style=\"line-height:115%\"><span style=\"font-family:&quot;Times New Roman&quot;,serif\"><em><span style=\"font-size:10.0pt\"><span style=\"line-height:115%\"><span style=\"font-family:&quot;Verdana&quot;,sans-serif\"><span style=\"color:#222222\"><span style=\"font-style:normal\">Para saber mais acesse:&nbsp;<\/span><\/span><\/span><\/span><\/span><\/em><span style=\"color:black\"><a href=\"http:\/\/www.abint.org.br\" style=\"color:blue; text-decoration:underline\"><span style=\"font-size:10.0pt\"><span style=\"line-height:115%\"><span style=\"font-family:&quot;Verdana&quot;,sans-serif\">www.abint.org.br<\/span><\/span><\/span><\/a><\/span><\/span><\/span><\/span><\/span><\/p>\r\n\r\n<p style=\"text-align:justify\"><span style=\"font-size:12pt\"><span style=\"background:white\"><span style=\"line-height:115%\"><span style=\"font-family:&quot;Times New Roman&quot;,serif\"><em><b><span style=\"font-size:8.0pt\"><span style=\"line-height:115%\"><span style=\"font-family:&quot;Verdana&quot;,sans-serif\"><span style=\"color:#002060\">Informa&ccedil;&otilde;es &agrave; Imprensa - Assessoria de Comunica&ccedil;&atilde;o ABINT<\/span><\/span><\/span><\/span><\/b><\/em><\/span><\/span><\/span><\/span><\/p>\r\n\r\n<p style=\"text-align:justify\"><span style=\"font-size:12pt\"><span style=\"background:white\"><span style=\"line-height:115%\"><span style=\"font-family:&quot;Times New Roman&quot;,serif\"><em><b><span style=\"font-size:8.0pt\"><span style=\"line-height:115%\"><span style=\"font-family:&quot;Verdana&quot;,sans-serif\"><span style=\"color:#002060\">Roberta Provatti <\/span><\/span><\/span><\/span><\/b><\/em><\/span><\/span><\/span><\/span><\/p>\r\n\r\n<p style=\"text-align:justify\"><span style=\"font-size:12pt\"><span style=\"background:white\"><span style=\"line-height:115%\"><span style=\"font-family:&quot;Times New Roman&quot;,serif\"><em><b><span style=\"font-size:8.0pt\"><span style=\"line-height:115%\"><span style=\"font-family:&quot;Verdana&quot;,sans-serif\"><span style=\"color:#002060\">(11) 99652-4661<\/span><\/span><\/span><\/span><\/b><\/em><\/span><\/span><\/span><\/span><\/p>\r\n\r\n<p style=\"text-align:justify\"><span style=\"font-size:12pt\"><span style=\"background:white\"><span style=\"line-height:115%\"><span style=\"font-family:&quot;Times New Roman&quot;,serif\"><span style=\"color:black\"><a href=\"mailto:provattijornalista@gmail.com\" style=\"color:blue; text-decoration:underline\"><b><span style=\"font-size:8.0pt\"><span style=\"line-height:115%\"><span style=\"font-family:&quot;Verdana&quot;,sans-serif\">provattijornalista@gmail.com<\/span><\/span><\/span><\/b><\/a><\/span><\/span><\/span><\/span><\/span><\/p>\r\n","6":"<p style=\"text-align:justify\"><span style=\"font-size:11pt\"><span style=\"background:white\"><span style=\"line-height:115%\"><span style=\"font-family:Calibri,sans-serif\"><span style=\"font-size:10.0pt\"><span style=\"line-height:115%\"><span style=\"font-family:&quot;Verdana&quot;,sans-serif\"><span style=\"color:black\">A Associa&ccedil;&atilde;o Brasileira das Ind&uacute;strias de N&atilde;otecidos e Tecidos T&eacute;cnicos (ABINT) anuncia que, a partir de <b>27 de setembro<\/b>, passa a valer a gest&atilde;o da nova diretoria para o bi&ecirc;nio 2024 - 2026. <\/span><\/span><\/span><\/span><\/span><\/span><\/span><\/span><\/p>\r\n\r\n<p style=\"text-align:justify\"><span style=\"font-size:11pt\"><span style=\"background:white\"><span style=\"line-height:115%\"><span style=\"font-family:Calibri,sans-serif\"><span style=\"font-size:10.0pt\"><span style=\"line-height:115%\"><span style=\"font-family:&quot;Verdana&quot;,sans-serif\"><span style=\"color:black\">Mateus Mesquita Inacio, executivo da Fitesa, se mant&eacute;m na presid&ecirc;ncia da entidade, assim como Fabr&iacute;cio Zambotto, executivo da Maccaferri, na vice-presid&ecirc;ncia. <\/span><\/span><\/span><\/span><\/span><\/span><\/span><\/span><\/p>\r\n\r\n<p style=\"text-align:justify\"><span style=\"font-size:11pt\"><span style=\"background:white\"><span style=\"line-height:115%\"><span style=\"font-family:Calibri,sans-serif\">&nbsp;<\/span><\/span><\/span><\/span><span style=\"font-size:11pt\"><span style=\"background:white\"><span style=\"line-height:115%\"><span style=\"font-family:Calibri,sans-serif\"><span style=\"font-size:10.0pt\"><span style=\"line-height:115%\"><span style=\"font-family:&quot;Verdana&quot;,sans-serif\"><span style=\"color:black\">Para Mateus Mesquita Inacio, &ldquo;&eacute; um grande prazer e ruma responsabilidade ainda maior renovar a posi&ccedil;&atilde;o na associa&ccedil;&atilde;o&rdquo;. O executivo complementa: &ldquo;temos atuado fortemente para manter o protagonismo da cadeia de valor dos N&atilde;otecidos e Tecidos T&eacute;cnicos, buscando apoiar o mercado nacional diante dos imensos desafios do ambiente de neg&oacute;cios, de forma global&rdquo;. <\/span><\/span><\/span><\/span><\/span><\/span><\/span><\/span><\/p>\r\n\r\n<p style=\"text-align:justify\"><span style=\"font-size:11pt\"><span style=\"background:white\"><span style=\"line-height:115%\"><span style=\"font-family:Calibri,sans-serif\"><span style=\"font-size:10.0pt\"><span style=\"line-height:115%\"><span style=\"font-family:&quot;Verdana&quot;,sans-serif\"><span style=\"color:black\">Fundada em 1991, a Associa&ccedil;&atilde;o Brasileira das Ind&uacute;strias de N&atilde;otecidos e Tecidos T&eacute;cnicos tem como objetivo representar, difundir e defender os interesses do setor. Para isso, promove e apoia o seu desenvolvimento e o crescimento do mercado de aplica&ccedil;&otilde;es desses produtos, que s&atilde;o fundamentais a diversos e importantes ramos de atividade da economia. <\/span><\/span><\/span><\/span><\/span><\/span><\/span><\/span><\/p>\r\n\r\n<p style=\"text-align:justify\"><span style=\"font-size:11pt\"><span style=\"background:white\"><span style=\"line-height:115%\"><span style=\"font-family:Calibri,sans-serif\"><span style=\"font-size:10.0pt\"><span style=\"line-height:115%\"><span style=\"font-family:&quot;Verdana&quot;,sans-serif\"><span style=\"color:black\">No &uacute;ltimo bi&ecirc;nio, saindo de uma situa&ccedil;&atilde;o de pandemia, a entidade n&atilde;o poupou esfor&ccedil;os no intuito de enaltecer as qualidades e a efici&ecirc;ncia de N&atilde;otecidos e Tecidos T&eacute;cnicos nas mais variadas aplica&ccedil;&otilde;es, assim como de buscar condi&ccedil;&otilde;es de competitividade para que essa cadeia de valor possa ser sustent&aacute;vel. &ldquo;Nesse pr&oacute;ximo mandato, estamos confiantes no potencial das nossas associadas e seguiremos vidando a contribui&ccedil;&atilde;o do setor para o desenvolvimento econ&ocirc;mico do pa&iacute;s atrav&eacute;s de suas opera&ccedil;&otilde;es, e atrav&eacute;s de seus produtos para a qualidade de vida da popula&ccedil;&atilde;o&rdquo;, completa Mateus Mesquita Inacio. <\/span><\/span><\/span><\/span><\/span><\/span><\/span><\/span><\/p>\r\n\r\n<p style=\"text-align:justify\">&nbsp;<\/p>\r\n\r\n<p><strong>DIRETORIA &amp; CONSELHO ABINT &ndash; BI&Ecirc;NIO 2024-2026<\/strong><\/p>\r\n\r\n<p><strong>Diretoria:<\/strong><\/p>\r\n\r\n<p>Presidente: Mateus Mesquita Inacio (Fitesa)<\/p>\r\n\r\n<p>Vice-Presidente: Fabr&iacute;cio Zambotto (Maccaferri)<\/p>\r\n\r\n<p>Diretora Financeira: N&iacute;vea Maria Furlan (Fibertex)<\/p>\r\n\r\n<p>Vice-Diretor Financeiro: Alexandre de Paulo Kiyota (Suominen)<\/p>\r\n\r\n<p>Diretor: Edson Paulo Basseto (Basseto Representa&ccedil;&otilde;es)<\/p>\r\n\r\n<p>Diretor : Maurizio Sampaio Angeletti (Texfyt)<\/p>\r\n\r\n<p>Diretor : Tiago Latorre Noronha (Scavone)<\/p>\r\n\r\n<p><strong>Conselho:<\/strong><\/p>\r\n\r\n<p>Danilo da Costa Paula (Freudenberg)<\/p>\r\n\r\n<p>F&aacute;bio Rossini (Indorama)<\/p>\r\n\r\n<p>Laerte Gui&atilde;o Maroni (Em&eacute;rito)<\/p>\r\n\r\n<p>Silvio Palma (Ober)<\/p>\r\n\r\n<p style=\"text-align:justify\">&nbsp;<\/p>\r\n\r\n<p style=\"margin-top:16px; margin-bottom:13px; text-align:justify\"><span style=\"font-size:12pt\"><span style=\"background:white\"><span style=\"line-height:115%\"><span style=\"font-family:&quot;Times New Roman&quot;,serif\"><em><span style=\"font-size:10.0pt\"><span style=\"line-height:115%\"><span style=\"font-family:&quot;Verdana&quot;,sans-serif\"><span style=\"color:#222222\"><span style=\"font-style:normal\">Para saber mais acesse:&nbsp;<\/span><\/span><\/span><\/span><\/span><\/em><span style=\"color:black\"><a href=\"http:\/\/www.abint.org.br\" style=\"color:blue; text-decoration:underline\"><span style=\"font-size:10.0pt\"><span style=\"line-height:115%\"><span style=\"font-family:&quot;Verdana&quot;,sans-serif\">www.abint.org.br<\/span><\/span><\/span><\/a><\/span><\/span><\/span><\/span><\/span><\/p>\r\n\r\n<p style=\"text-align:justify\"><span style=\"font-size:12pt\"><span style=\"background:white\"><span style=\"line-height:115%\"><span style=\"font-family:&quot;Times New Roman&quot;,serif\"><em><b><span style=\"font-size:8.0pt\"><span style=\"line-height:115%\"><span style=\"font-family:&quot;Verdana&quot;,sans-serif\"><span style=\"color:#002060\">Informa&ccedil;&otilde;es &agrave; Imprensa - Assessoria de Comunica&ccedil;&atilde;o ABINT<\/span><\/span><\/span><\/span><\/b><\/em><\/span><\/span><\/span><\/span><\/p>\r\n\r\n<p style=\"text-align:justify\"><span style=\"font-size:12pt\"><span style=\"background:white\"><span style=\"line-height:115%\"><span style=\"font-family:&quot;Times New Roman&quot;,serif\"><em><b><span style=\"font-size:8.0pt\"><span style=\"line-height:115%\"><span style=\"font-family:&quot;Verdana&quot;,sans-serif\"><span style=\"color:#002060\">Roberta Provatti <\/span><\/span><\/span><\/span><\/b><\/em><\/span><\/span><\/span><\/span><\/p>\r\n\r\n<p style=\"text-align:justify\"><span style=\"font-size:12pt\"><span style=\"background:white\"><span style=\"line-height:115%\"><span style=\"font-family:&quot;Times New Roman&quot;,serif\"><em><b><span style=\"font-size:8.0pt\"><span style=\"line-height:115%\"><span style=\"font-family:&quot;Verdana&quot;,sans-serif\"><span style=\"color:#002060\">(11) 99652-4661<\/span><\/span><\/span><\/span><\/b><\/em><\/span><\/span><\/span><\/span><\/p>\r\n\r\n<p style=\"text-align:justify\"><span style=\"font-size:12pt\"><span style=\"background:white\"><span style=\"line-height:115%\"><span style=\"font-family:&quot;Times New Roman&quot;,serif\"><span style=\"color:black\"><a href=\"mailto:provattijornalista@gmail.com\" style=\"color:blue; text-decoration:underline\"><b><span style=\"font-size:8.0pt\"><span style=\"line-height:115%\"><span style=\"font-family:&quot;Verdana&quot;,sans-serif\">provattijornalista@gmail.com<\/span><\/span><\/span><\/b><\/a><\/span><\/span><\/span><\/span><\/span><\/p>\r\n","texto_en":"","7":"","imagem":"COMP_capa-site-comunicacao_20240930181426c8KjdOylwq.jpg","8":"COMP_capa-site-comunicacao_20240930181426c8KjdOylwq.jpg","arquivo":"20240927-NOVA-DIRETORIA-ABINT-2024-2026.PDF","9":"20240927-NOVA-DIRETORIA-ABINT-2024-2026.PDF","titulo_arquivo":"Nova Diretoria ABINT 2024-2026","10":"Nova Diretoria ABINT 2024-2026","titulo_arquivo_en":"","11":"","created_at":"2024-09-30 18:14:36","12":"2024-09-30 18:14:36","updated_at":"2024-09-30 18:14:36","13":"2024-09-30 18:14:36"},{"id":137,"0":137,"ordem":86,"1":86,"data":"2024-09-24","2":"2024-09-24","slug":"boletim-abint-de-noticias-semanais-48","3":"boletim-abint-de-noticias-semanais-48","titulo":"Boletim ABINT de Not\u00edcias Semanais","4":"Boletim ABINT de Not\u00edcias Semanais","titulo_en":"","5":"","texto":"<p style=\"text-align:justify\"><span style=\"font-size:11pt\"><span style=\"line-height:normal\"><span style=\"font-family:Calibri,sans-serif\"><span style=\"font-size:14.0pt\">Esta &eacute; uma compila&ccedil;&atilde;o das not&iacute;cias mais relevantes para o setor, incluindo informa&ccedil;&otilde;es sobre acordos internacionais, economia brasileira, sustentabilidade e mat&eacute;rias primas, al&eacute;m de novidades do setor de N&atilde;otecidos e Tecidos T&eacute;cnicos.<\/span><\/span><\/span><\/span><\/p>\r\n\r\n<p class=\"MsoTitle\" style=\"text-align:justify\"><span style=\"font-size:28pt\"><span style=\"font-family:Cambria,serif\"><span style=\"letter-spacing:-0.5pt\"><b><span style=\"font-size:18.0pt\"><span style=\"font-family:&quot;Calibri&quot;,sans-serif\"><span style=\"font-variant:small-caps\">O que vem por a&iacute;<\/span><\/span><\/span><\/b><\/span><\/span><\/span><\/p>\r\n\r\n<p class=\"MsoTitle\" style=\"text-align:justify; margin-bottom:20px\"><span style=\"font-size:18px\"><span style=\"box-sizing:border-box\"><span style=\"line-height:1.5\"><span style=\"color:#313f48\"><span style=\"font-family:&quot;Roboto Condensed&quot;, Helvetica, Arial, sans-serif\"><span style=\"font-style:normal\"><span style=\"font-variant-ligatures:normal\"><span style=\"font-weight:400\"><span style=\"white-space:normal\"><span style=\"background-color:#ffffff\"><span style=\"text-decoration-thickness:initial\"><span style=\"text-decoration-style:initial\"><span style=\"text-decoration-color:initial\"><b style=\"box-sizing:border-box; font-weight:bolder\"><img src=\"https:\/\/www.abint.org.br\/assets\/img\/editor\/abint-logo-2020-g_20240904132243faaawqQf1G.png\" style=\"box-sizing:border-box; border-style:none; width:300px; height:69px\" \/><\/b><\/span><\/span><\/span><\/span><\/span><\/span><\/span><\/span><\/span><\/span><\/span><\/span><\/span><\/p>\r\n\r\n<p class=\"MsoTitle\" style=\"text-align:justify; margin-bottom:20px\"><span style=\"font-size:18px\"><span style=\"box-sizing:border-box\"><span style=\"line-height:1.5\"><span style=\"color:#313f48\"><span style=\"font-family:&quot;Roboto Condensed&quot;, Helvetica, Arial, sans-serif\"><span style=\"font-style:normal\"><span style=\"font-variant-ligatures:normal\"><span style=\"font-weight:400\"><span style=\"white-space:normal\"><span style=\"background-color:#ffffff\"><span style=\"text-decoration-thickness:initial\"><span style=\"text-decoration-style:initial\"><span style=\"text-decoration-color:initial\">&nbsp;<\/span><\/span><\/span><\/span><\/span><\/span><\/span><\/span><\/span><\/span><\/span><\/span><\/span><span style=\"font-size:18px\"><span style=\"box-sizing:border-box\"><span style=\"line-height:1.5\"><span style=\"color:#313f48\"><span style=\"font-family:&quot;Roboto Condensed&quot;, Helvetica, Arial, sans-serif\"><span style=\"font-style:normal\"><span style=\"font-variant-ligatures:normal\"><span style=\"font-weight:400\"><span style=\"white-space:normal\"><span style=\"background-color:#ffffff\"><span style=\"text-decoration-thickness:initial\"><span style=\"text-decoration-style:initial\"><span style=\"text-decoration-color:initial\"><span style=\"font-size:18px\"><span style=\"box-sizing:border-box\"><span style=\"box-sizing:border-box\"><span style=\"box-sizing:border-box\"><span style=\"line-height:1.5\"><span style=\"box-sizing:border-box\"><span style=\"color:#313f48\"><span style=\"box-sizing:border-box\"><span style=\"font-family:&quot;Roboto Condensed&quot;, Helvetica, Arial, sans-serif\"><span style=\"box-sizing:border-box\"><span style=\"font-style:normal\"><span style=\"box-sizing:border-box\"><span style=\"font-variant-ligatures:normal\"><span style=\"box-sizing:border-box\"><span style=\"font-weight:400\"><span style=\"box-sizing:border-box\"><span style=\"white-space:normal\"><span style=\"box-sizing:border-box\"><span style=\"background-color:#ffffff\"><span style=\"box-sizing:border-box\"><span style=\"text-decoration-thickness:initial\"><span style=\"box-sizing:border-box\"><span style=\"text-decoration-style:initial\"><span style=\"box-sizing:border-box\"><span style=\"text-decoration-color:initial\"><font face=\"Calibri, sans-serif\"><font style=\"box-sizing:border-box\"><font style=\"box-sizing:border-box\"><span style=\"font-size:24px\"><span style=\"box-sizing:border-box\"><span style=\"box-sizing:border-box\"><span style=\"box-sizing:border-box\"><span style=\"letter-spacing:-0.666667px\"><b style=\"box-sizing:border-box; font-weight:bolder\"><img src=\"https:\/\/www.abint.org.br\/assets\/img\/editor\/post-quadrado-curso-naotecido_20240910165107QevEOws8Be.jpg\" style=\"box-sizing:border-box; border-style:none; width:500px; height:500px\" \/><\/b><\/span><\/span><\/span><\/span><\/span><\/font><\/font><\/font><\/span><\/span><\/span><\/span><\/span><\/span><\/span><\/span><\/span><\/span><\/span><\/span><\/span><\/span><\/span><\/span><\/span><\/span><\/span><\/span><\/span><\/span><\/span><\/span><\/span><\/span><\/span><\/span><\/span><\/span><\/span><\/span><\/span><\/span><\/span><\/span><\/span><\/span><\/p>\r\n\r\n<p style=\"text-align:justify; margin-bottom:20px\"><span style=\"font-size:18px\"><span style=\"box-sizing:border-box\"><span style=\"line-height:1.5\"><span style=\"color:#313f48\"><span style=\"font-family:&quot;Roboto Condensed&quot;, Helvetica, Arial, sans-serif\"><span style=\"font-style:normal\"><span style=\"font-variant-ligatures:normal\"><span style=\"font-weight:400\"><span style=\"white-space:normal\"><span style=\"background-color:#ffffff\"><span style=\"text-decoration-thickness:initial\"><span style=\"text-decoration-style:initial\"><span style=\"text-decoration-color:initial\"><span style=\"font-size:18px\"><span style=\"box-sizing:border-box\"><span style=\"box-sizing:border-box\"><span style=\"box-sizing:border-box\"><span style=\"line-height:1.5\"><span style=\"box-sizing:border-box\"><span style=\"color:#313f48\"><span style=\"box-sizing:border-box\"><span style=\"font-family:&quot;Roboto Condensed&quot;, Helvetica, Arial, sans-serif\"><span style=\"box-sizing:border-box\"><span style=\"font-style:normal\"><span style=\"box-sizing:border-box\"><span style=\"font-variant-ligatures:normal\"><span style=\"box-sizing:border-box\"><span style=\"font-weight:400\"><span style=\"box-sizing:border-box\"><span style=\"white-space:normal\"><span style=\"box-sizing:border-box\"><span style=\"background-color:#ffffff\"><span style=\"box-sizing:border-box\"><span style=\"text-decoration-thickness:initial\"><span style=\"box-sizing:border-box\"><span style=\"text-decoration-style:initial\"><span style=\"box-sizing:border-box\"><span style=\"text-decoration-color:initial\"><span style=\"font-size:11pt\"><span style=\"box-sizing:border-box\"><span style=\"box-sizing:border-box\"><span style=\"box-sizing:border-box\"><span style=\"box-sizing:border-box\"><span style=\"line-height:normal\"><span style=\"box-sizing:border-box\"><span style=\"box-sizing:border-box\"><span style=\"font-family:Calibri, sans-serif\"><a href=\"https:\/\/forms.office.com\/r\/5DrqtK5n3Y\" style=\"box-sizing:border-box; text-decoration:underline; color:blue; transition:color 0.3s\"><span style=\"font-size:14pt\"><span style=\"box-sizing:border-box\"><span style=\"box-sizing:border-box\">INFORMA&Ccedil;&Otilde;ES E INSCRI&Ccedil;&Otilde;ES<\/span><\/span><\/span><\/a><\/span><\/span><\/span><\/span><\/span><\/span><\/span><\/span><\/span><\/span><\/span><\/span><\/span><\/span><\/span><\/span><\/span><\/span><\/span><\/span><\/span><\/span><\/span><\/span><\/span><\/span><\/span><\/span><\/span><\/span><\/span><\/span><\/span><\/span><\/span><\/span><\/span><\/span><\/span><\/span><\/span><\/span><\/span><\/span><\/span><\/span><\/span><\/p>\r\n\r\n<p style=\"text-align:justify\"><span style=\"font-size:11pt\"><span style=\"line-height:normal\"><span style=\"font-family:Calibri,sans-serif\"><span style=\"font-size:14.0pt\">A <b>ABINT<\/b> &eacute; uma das <b>patrocinadoras<\/b> do<b> <\/b><\/span><a href=\"https:\/\/www.congressoabit.com.br\/\" style=\"color:blue; text-decoration:underline\"><b><span style=\"font-size:14.0pt\">Congresso Internacional Abit 2024<\/span><\/b><\/a><span style=\"font-size:14.0pt\">, que ocorrer&aacute; dias 30 e 31 de outubro, no SENAI Cimatec, Salvador, BA.<\/span><\/span><\/span><\/span><\/p>\r\n\r\n<p class=\"MsoTitle\" style=\"text-align:justify\"><span style=\"font-size:28pt\"><span style=\"font-family:Cambria,serif\"><span style=\"letter-spacing:-0.5pt\"><b><span style=\"font-size:18.0pt\"><span style=\"font-family:&quot;Calibri&quot;,sans-serif\"><span style=\"font-variant:small-caps\"><img src=\"https:\/\/www.abint.org.br\/assets\/img\/editor\/congresso-internacional-abit-2024-com-logo_20240924181014oBMW90pU6e.jpg\" style=\"width: 500px; height: 500px;\" \/><\/span><\/span><\/span><\/b><\/span><\/span><\/span><\/p>\r\n\r\n<p class=\"MsoTitle\" style=\"text-align:justify\">&nbsp;<\/p>\r\n\r\n<p><img src=\"https:\/\/www.abint.org.br\/assets\/img\/editor\/logo-ctg-abint-jpg_20240904134317C3JFRe5hO8.jpg\" style=\"width: 300px; height: 55px;\" \/><\/p>\r\n\r\n<p>&nbsp;<\/p>\r\n\r\n<p>&nbsp;<img src=\"https:\/\/www.abint.org.br\/assets\/img\/editor\/cobramseg-2024_20240904135224Z2sV4nJRyT.jpg\" \/><\/p>\r\n\r\n<p><b>O CTG ABINT &eacute; um dos patrocinadores da 21&ordf; edi&ccedil;&atilde;o do Cobramseg &ndash; Congresso Brasileiro de Mec&acirc;nica dos Solos e Engenharia Geot&eacute;cnica.<\/b><\/p>\r\n\r\n<p>&ldquo;<i>Nos reunimos para celebrar a Mec&acirc;nica dos Solos e das Rochas, da GeoEngenharia! Academia, Ind&uacute;stria e &Oacute;rg&atilde;os Gestores unidos para expor seus avan&ccedil;os t&eacute;cnicos e cient&iacute;ficos. Um ambiente rico e diverso que nos permite debater solu&ccedil;&otilde;es e a&ccedil;&otilde;es de forma a fortalecer nossa comunidade geot&eacute;cnica, visando proporcionar um desenvolvimento mais sustent&aacute;vel e seguro para a nossa sociedade<\/i>.&rdquo; V&iacute;tor Pereira Faro, Presidente do COBRAMSEG 2024<\/p>\r\n\r\n<p><a href=\"http:\/\/www.cobramseg.com.br\/\">www.cobramseg.com.br<\/a><\/p>\r\n\r\n<p>&nbsp;<\/p>\r\n\r\n<p><img src=\"https:\/\/www.abint.org.br\/assets\/img\/editor\/fenasan-2024_20240904135314a8pkkJgG8Z.jpg\" style=\"width: 500px; height: 733px;\" \/><\/p>\r\n\r\n<p>&nbsp;<\/p>\r\n\r\n<p>O&nbsp;<b>CTG ABINT apoia a Feira Nacional de Saneamento e Meio Ambiente &ndash; Fenasan e do 35&ordm; Encontro T&eacute;cnico AESabesp, que ocorrer&atilde;o de 22 a 24 de outubro de 2024<\/b>, no Pavilh&atilde;o Verde e Vermelho, no Expo Center Norte, em S&atilde;o Paulo. Trata-se do maior evento de saneamento da Am&eacute;rica Latin. A realiza&ccedil;&atilde;o &eacute; da AESabesp &ndash; Associa&ccedil;&atilde;o dos Engenheiros da Sabesp.<\/p>\r\n\r\n<p><i>O tema central desta edi&ccedil;&atilde;o &eacute; &ldquo;Saneamento ambiental: condi&ccedil;&atilde;o fundamental para o enfrentamento das mudan&ccedil;as clim&aacute;ticas&rdquo;. Com um p&uacute;blico tradicionalmente de 22 mil visitantes e alinhada aos ODS &ndash; Objetivos de Desenvolvimento Sustent&aacute;vel estabelecidos pela ONU e aos conceitos de ESG, a edi&ccedil;&atilde;o 2024 continuar&aacute; ampliando o di&aacute;logo em torno das quest&otilde;es de saneamento ambiental, meio ambiente e sustentabilidade e promovendo o compartilhamento de conhecimento altamente qualificado.<\/i><\/p>\r\n\r\n<p><a href=\"http:\/\/www.fenasan.com.br\/\">www.fenasan.com.br<\/a><\/p>\r\n\r\n<p>&nbsp;<\/p>\r\n\r\n<p><img src=\"https:\/\/www.abint.org.br\/assets\/img\/editor\/cth-logo-alta-jpg_20240904134558I6qw2pBRZt.jpg\" style=\"width: 300px; height: 68px;\" \/><\/p>\r\n\r\n<p>&nbsp;<\/p>\r\n\r\n<p><img src=\"https:\/\/www.abint.org.br\/assets\/img\/editor\/hospitalmed-2024-story-cth-abint_20240904134515hOjyRRpXlX.png\" style=\"width: 500px; height: 889px;\" \/><\/p>\r\n\r\n<p><b>O CTH ABINT &eacute; um dos patrocinadores da HospitalMed 2024.<\/b><\/p>\r\n\r\n<p>&ldquo;<i>A melhor e Mais Completa Feira de Sa&uacute;de do Norte\/Nordeste<\/i>&rdquo;, &eacute; uma realiza&ccedil;&atilde;o da HospitalMed Feiras &amp; Eventos e da Insight Feiras de Neg&oacute;cios.<\/p>\r\n\r\n<p><i>&ldquo;O&nbsp;<b>re&uacute;ne toda a cadeia produtiva do setor de sa&uacute;de das regi&otilde;es Norte\/Nordeste<\/b>. &Eacute; o grande encontro de fornecedores de Produtos, Equipamentos, Servi&ccedil;os, Tecnologia e Conte&uacute;do para Hospitais, Laborat&oacute;rios, Farm&aacute;cias, Cl&iacute;nicas, Consult&oacute;rios e Profissionais da Sa&uacute;de&rdquo;.<\/i><\/p>\r\n\r\n<p><a href=\"http:\/\/www.hospitalmed.com.br\/\">www.hospitalmed.com.br<\/a><\/p>\r\n\r\n<p class=\"MsoTitle\" style=\"text-align:justify\"><span style=\"font-size:28pt\"><span style=\"font-family:Cambria,serif\"><span style=\"letter-spacing:-0.5pt\"><b><span style=\"font-size:18.0pt\"><span style=\"font-family:&quot;Calibri&quot;,sans-serif\"><span style=\"font-variant:small-caps\">Not&iacute;cias das Associadas<\/span><\/span><\/span><\/b><\/span><\/span><\/span><\/p>\r\n\r\n<p style=\"text-align:justify\"><span style=\"font-size:11pt\"><span style=\"line-height:normal\"><span style=\"font-family:Calibri,sans-serif\"><a href=\"https:\/\/www.abctecnologias.com.br\/lancamentos-e-novidades\/novos-padroes-da-astm-international-e-o-que-isso-significa-para-a-soldagem-de-geomembranas\/?utm_source=ABC+Tecnologias&amp;utm_campaign=3ba766cbb3-CAMPANHA_RSS_POSTS_SITE&amp;utm_medium=email&amp;utm_term=0_01821b5e7f-3ba766cbb3-468976694\" style=\"color:blue; text-decoration:underline\"><span style=\"font-size:14.0pt\">ABC Tecnologias | Novos Padr&otilde;es da ASTM International e o que isso significa para a soldagem de Geomembranas<\/span><\/a><\/span><\/span><\/span><\/p>\r\n\r\n<p style=\"text-align:justify\"><span style=\"font-size:11pt\"><span style=\"line-height:normal\"><span style=\"font-family:Calibri,sans-serif\"><span style=\"font-size:14.0pt\"><a href=\"https:\/\/clickpetroleoegas.com.br\/andritz-impulsiona-sua-atuacao-no-brasil-com-inauguracao-do-centro-de-servicos-para-celulose-e-papel-em-tres-lagoas\/\" style=\"color:blue; text-decoration:underline\">ANDRITZ Impulsiona sua Atua&ccedil;&atilde;o no Brasil com Inaugura&ccedil;&atilde;o do Centro de Servi&ccedil;os para Celulose e Papel em Tr&ecirc;s Lagoas<\/a><\/span><\/span><\/span><\/span><\/p>\r\n\r\n<p style=\"text-align:justify\"><span style=\"font-size:11pt\"><span style=\"line-height:normal\"><span style=\"font-family:Calibri,sans-serif\"><a href=\"https:\/\/portalwg.com.br\/novas-cores-de-revestimentos-atendem-projetos-que-valorizam-elementos-da-natureza\/\" style=\"color:blue; text-decoration:underline\"><span style=\"font-size:14.0pt\">Cipatex | Novas cores de revestimentos atendem projetos que valorizam elementos da natureza<\/span><\/a><\/span><\/span><\/span><\/p>\r\n\r\n<p style=\"text-align:justify\"><span style=\"font-size:11pt\"><span style=\"line-height:normal\"><span style=\"font-family:Calibri,sans-serif\"><a href=\"https:\/\/www.nonwovens-industry.com\/contents\/view_breaking-news\/2024-09-18\/wetlaid-safety-standard-implemented?utm_campaign=NON+eNewsletter&amp;utm_medium=email&amp;_hsenc=p2ANqtz-9lz18AWSWUgBT-v7fEZZcD6YP0uPMyqFSG309lhTFCAeJsJX93MdHrmZxCeQb13lljC0ETriZcMw9TBU6xZdbzWIBAJw&amp;_hsmi=325428951&amp;utm_content=325428951&amp;utm_source=hs_email\" style=\"color:blue; text-decoration:underline\"><span lang=\"EN-US\" style=\"font-size:14.0pt\">Tr&uuml;tzschler | Wetlaid Safety Standard Implemented<\/span><\/a><\/span><\/span><\/span><\/p>\r\n\r\n<p style=\"text-align:justify\">&nbsp;<\/p>\r\n\r\n<p style=\"text-align:justify\"><span style=\"font-size:11pt\"><span style=\"line-height:normal\"><span style=\"font-family:Calibri,sans-serif\"><b><span lang=\"EN-US\" style=\"font-size:18.0pt\"><span style=\"font-variant:small-caps\">Eventos<\/span><\/span><\/b><\/span><\/span><\/span><\/p>\r\n\r\n<p style=\"text-align:justify\">&nbsp;<\/p>\r\n\r\n<p style=\"text-align:justify\"><span style=\"font-size:11pt\"><span style=\"line-height:normal\"><span style=\"font-family:Calibri,sans-serif\"><a href=\"https:\/\/www.abrafiltros.org.br\/cursos\/\" style=\"color:blue; text-decoration:underline\"><b><span style=\"font-size:14.0pt\">Cursos Abrafiltros | Automatiza&ccedil;&atilde;o de Filtros de Manga<\/span><\/b><\/a><\/span><\/span><\/span><\/p>\r\n\r\n<p style=\"text-align:justify\"><span style=\"font-size:11pt\"><span style=\"line-height:normal\"><span style=\"font-family:Calibri,sans-serif\"><a href=\"https:\/\/abihpec.org.br\/mercado\/papo-de-mercado-abihpec\/\" style=\"color:blue; text-decoration:underline\"><b><span style=\"font-size:14.0pt\">Papo de Mercado ABIHPEC<\/span><\/b><\/a><span style=\"font-size:14.0pt\">, 30 de setembro de 2024, 10h00 &agrave;s 12h00<\/span><\/span><\/span><\/span><\/p>\r\n\r\n<p style=\"text-align:justify\"><span style=\"font-size:11pt\"><span style=\"line-height:normal\"><span style=\"font-family:Calibri,sans-serif\"><a href=\"https:\/\/www.aatcc.org\/summit\/\" style=\"color:blue; text-decoration:underline\"><b><span lang=\"EN-US\" style=\"font-size:14.0pt\">AATCC&#39;s Textile Discovery Summit<\/span><\/b><\/a><span lang=\"EN-US\" style=\"font-size:14.0pt\">, October 6-8, 2024, The Westin Savannah Harbor 1 Resort Drive, Savannah, Ge&oacute;rgia, EUA<\/span><\/span><\/span><\/span><\/p>\r\n\r\n<p style=\"text-align:justify\"><span style=\"font-size:11pt\"><span style=\"line-height:normal\"><span style=\"font-family:Calibri,sans-serif\"><a href=\"https:\/\/www.even3.com.br\/xxxcntt\/\" style=\"color:blue; text-decoration:underline\"><b><span style=\"font-size:14.0pt\">30&ordm; Congresso Nacional de Tecnologia T&ecirc;xtil, Confec&ccedil;&atilde;o e Moda<\/span><\/b><\/a><span style=\"font-size:14.0pt\">, 08 a 11 de outubro de 2024, evento presencial, Apucarana\/ PR<\/span><\/span><\/span><\/span><\/p>\r\n\r\n<p style=\"text-align:justify\"><span style=\"font-size:11pt\"><span style=\"line-height:normal\"><span style=\"font-family:Calibri,sans-serif\"><a href=\"https:\/\/plasticosemrevista.com.br\/competitividade-2024-inscricao\/\" style=\"color:blue; text-decoration:underline\"><b><span style=\"font-size:14.0pt\">Pl&aacute;sticos em Revista | Semin&aacute;rio Competitividade<\/span><\/b><\/a><span style=\"font-size:14.0pt\">, 10 de outubro de 2024, Hotel Meli&aacute;, Av. Paulista, 2181<\/span><\/span><\/span><\/span><\/p>\r\n\r\n<p style=\"text-align:justify\"><span style=\"font-size:11pt\"><span style=\"line-height:normal\"><span style=\"font-family:Calibri,sans-serif\"><a href=\"https:\/\/www.sympla.com.br\/evento\/encontro-regional-almaco-em-salvador-ba\/2611464\" style=\"color:blue; text-decoration:underline\"><b><span style=\"font-size:14.0pt\">Encontro Regional ALMACO<\/span><\/b><\/a><span style=\"font-size:14.0pt\">, 16 de outubro de 2024, 13h00 &agrave;s 18h00, evento presencial, Fiesta Bahia Hotel, Salvador, BA<\/span><\/span><\/span><\/span><\/p>\r\n\r\n<p style=\"text-align:justify\"><span style=\"font-size:11pt\"><span style=\"line-height:normal\"><span style=\"font-family:Calibri,sans-serif\"><a href=\"http:\/\/www.fenasan.com.br\" style=\"color:blue; text-decoration:underline\"><b><span style=\"font-size:14.0pt\">Fenasan 2024 &ndash; Feira Nacional de Saneamento e Meio Ambiente<\/span><\/b><\/a><span style=\"font-size:14.0pt\">, 22 a 24 de outubro de 2024, Pavilh&otilde;es Verde e Vermelho, Expo Center Norte, S&atilde;o Paulo SP<\/span><\/span><\/span><\/span><\/p>\r\n\r\n<p style=\"text-align:justify\"><span style=\"font-size:11pt\"><span style=\"line-height:normal\"><span style=\"font-family:Calibri,sans-serif\"><a href=\"http:\/\/www.hospitalmed.com.br\" style=\"color:blue; text-decoration:underline\"><b><span style=\"font-size:14.0pt\">HospitalMed 2024<\/span><\/b><\/a><span style=\"font-size:14.0pt\">, 23 a 25 de outubro, das 14h &agrave;s 20h, no Pernambuco Centro de Conven&ccedil;&otilde;es<\/span><\/span><\/span><\/span><\/p>\r\n\r\n<p style=\"text-align:justify\"><span style=\"font-size:11pt\"><span style=\"line-height:normal\"><span style=\"font-family:Calibri,sans-serif\"><a href=\"https:\/\/www.abnteducacao.com.br\/Simbologia_de_cuidados_aplicada_a_Etiquetagem_de_Texteis_ABNT_NBR_NM_ISO_3758\" style=\"color:blue; text-decoration:underline\"><b><span style=\"font-size:14.0pt\">Simbologia de cuidados aplicada a Etiquetagem de T&ecirc;xteis<\/span><\/b><\/a><span style=\"font-size:14.0pt\">, 23 e 24 de outubro de 2024, 8h30 &agrave;s 17h30, evento online<\/span><\/span><\/span><\/span><\/p>\r\n\r\n<p style=\"text-align:justify\"><span style=\"font-size:11pt\"><span style=\"line-height:normal\"><span style=\"font-family:Calibri,sans-serif\"><a href=\"https:\/\/b20brazil.org\/#msdynttrid=6zt-Ug2nJO0FDfhoU9K0en-twuGAoU5aPF8EQm7neRo\" style=\"color:blue; text-decoration:underline\"><b><span lang=\"EN-US\" style=\"font-size:14.0pt\">B20 Summit Brasil 2024 - Inclusive Growth for a Sustainable Future<\/span><\/b><\/a><span lang=\"EN-US\" style=\"font-size:14.0pt\">, October 24th - 25th, 2024, Clube Atl&eacute;tico Monte L&iacute;bano, S&atilde;o Paulo, SP<\/span><\/span><\/span><\/span><\/p>\r\n\r\n<p style=\"text-align:justify\"><span style=\"font-size:11pt\"><span style=\"line-height:normal\"><span style=\"font-family:Calibri,sans-serif\"><a href=\"http:\/\/www.congressoabit.com.br\" style=\"color:blue; text-decoration:underline\"><b><span style=\"font-size:14.0pt\">Congresso Internacional Abit 2024<\/span><\/b><\/a><span style=\"font-size:14.0pt\">, 30 e 31 de outubro, Salvador, Bahia<\/span><\/span><\/span><\/span><\/p>\r\n\r\n<p style=\"text-align:justify\"><span style=\"font-size:11pt\"><span style=\"line-height:normal\"><span style=\"font-family:Calibri,sans-serif\"><a href=\"https:\/\/www.fimec.com.br\/\" style=\"color:blue; text-decoration:underline\"><b><span style=\"font-size:14.0pt\">Fimec 2025<\/span><\/b><\/a><span style=\"font-size:14.0pt\">, 18 a 20 de mar&ccedil;o, Fenac, Novo Hamburgo, RS<\/span><\/span><\/span><\/span><\/p>\r\n\r\n<p style=\"text-align:justify\"><span style=\"font-size:28pt\"><span style=\"font-family:Cambria,serif\"><span style=\"letter-spacing:-0.5pt\"><b><span lang=\"EN-US\" style=\"font-size:18.0pt\"><span style=\"font-family:&quot;Calibri&quot;,sans-serif\"><span style=\"font-variant:small-caps\">Setor<\/span><\/span><\/span><\/b><\/span><\/span><\/span><\/p>\r\n\r\n<p style=\"text-align:justify\"><span style=\"font-size:11pt\"><span style=\"line-height:normal\"><span style=\"font-family:Calibri,sans-serif\"><a href=\"https:\/\/www.technofashionworld.com\/italian-textile-machinery-green-transition-challenges\/?utm_term=1201788+-+https%3A\/\/www.technofashionworld.com\/italian-textile-machinery-green-transition-challenges&amp;utm_campaign=Technofashion+World+-+Technofashion+World+-+Newsletter+September+2024&amp;utm_medium=email&amp;utm_source=MagNews&amp;utm_content=166777+-+82399+%282024-09-17%29\" style=\"color:blue; text-decoration:underline\"><span lang=\"EN-US\" style=\"font-size:14.0pt\">Italian Textile Machinery Industry prepares for Green Transition challenges<\/span><\/a><\/span><\/span><\/span><\/p>\r\n\r\n<p style=\"text-align:justify\"><span style=\"font-size:11pt\"><span style=\"line-height:normal\"><span style=\"font-family:Calibri,sans-serif\"><a href=\"https:\/\/mercadoeconsumo.com.br\/20\/09\/2024\/artigos\/nearshore-na-industria-textil-como-a-tendencia-esta-redefinindo-a-cadeia-de-producao\/?utm_campaign=news_geral_-_2009&amp;utm_medium=email&amp;utm_source=RD+Station\" style=\"color:blue; text-decoration:underline\"><span style=\"font-size:14.0pt\">Nearshore na ind&uacute;stria t&ecirc;xtil: como a tend&ecirc;ncia est&aacute; redefinindo a cadeia de produ&ccedil;&atilde;o<\/span><\/a><\/span><\/span><\/span><\/p>\r\n\r\n<p style=\"text-align:justify\"><span style=\"font-size:11pt\"><span style=\"line-height:normal\"><span style=\"font-family:Calibri,sans-serif\"><a href=\"https:\/\/plasticosemrevista.com.br\/cazaquistao-constroi-primeira-fabrica-de-pe\/\" style=\"color:blue; text-decoration:underline\"><span style=\"font-size:14.0pt\">Cazaquist&atilde;o constr&oacute;i primeira f&aacute;brica de PE<\/span><\/a><\/span><\/span><\/span><\/p>\r\n\r\n<p style=\"text-align:justify\"><span style=\"font-size:11pt\"><span style=\"line-height:normal\"><span style=\"font-family:Calibri,sans-serif\"><a href=\"https:\/\/www.anahp.com.br\/publicacoes\/balanco-observatorio-anahp-3a-edicao\/?utm_campaign=emkt_-_lancamento_3o_balanco_observatorio_anahp&amp;utm_medium=email&amp;utm_source=RD+Station\" style=\"color:blue; text-decoration:underline\"><span style=\"font-size:14.0pt\">Observat&oacute;rio Anahp | 3&ordf; edi&ccedil;&atilde;o<\/span><\/a><\/span><\/span><\/span><\/p>\r\n\r\n<p style=\"text-align:justify\"><span style=\"font-size:11pt\"><span style=\"line-height:normal\"><span style=\"font-family:Calibri,sans-serif\"><a href=\"https:\/\/www.anahp.com.br\/publicacoes\/e-book-seguranca-do-paciente\/?utm_campaign=emkt_-_ebook_jornada_agosto&amp;utm_medium=email&amp;utm_source=RD+Station\" style=\"color:blue; text-decoration:underline\"><span style=\"font-size:14.0pt\">E-book Seguran&ccedil;a do Paciente<\/span><\/a><\/span><\/span><\/span><\/p>\r\n\r\n<p style=\"text-align:justify\"><span style=\"font-size:28pt\"><span style=\"font-family:Cambria,serif\"><span style=\"letter-spacing:-0.5pt\"><b><span style=\"font-size:18.0pt\"><span style=\"font-family:&quot;Calibri&quot;,sans-serif\"><span style=\"font-variant:small-caps\">Ind&uacute;stria<\/span><\/span><\/span><\/b><\/span><\/span><\/span><\/p>\r\n\r\n<p style=\"text-align:justify\"><span style=\"font-size:11pt\"><span style=\"line-height:normal\"><span style=\"font-family:Calibri,sans-serif\"><a href=\"https:\/\/www.infomoney.com.br\/business\/industrias-quimica-e-de-pneus-comemoram-aumento-de-imposto-de-importacao\/\" style=\"color:blue; text-decoration:underline\"><span style=\"font-size:14.0pt\">Ind&uacute;strias qu&iacute;mica e de pneus comemoram aumento de imposto de importa&ccedil;&atilde;o<\/span><\/a><\/span><\/span><\/span><\/p>\r\n\r\n<p style=\"text-align:justify\"><span style=\"font-size:11pt\"><span style=\"line-height:normal\"><span style=\"font-family:Calibri,sans-serif\"><a href=\"https:\/\/plasticosemrevista.com.br\/setor-plastico-encurralado-na-uniao-europeia\/\" style=\"color:blue; text-decoration:underline\"><span style=\"font-size:14.0pt\">Setor pl&aacute;stico encurralado na Uni&atilde;o Europeia<\/span><\/a><\/span><\/span><\/span><\/p>\r\n\r\n<p style=\"text-align:justify\"><span style=\"font-size:11pt\"><span style=\"line-height:normal\"><span style=\"font-family:Calibri,sans-serif\"><a href=\"https:\/\/noticias.portaldaindustria.com.br\/noticias\/economia\/producao-e-numero-de-empregados-na-industria-sobem-em-agosto-aponta-cni\/\" style=\"color:blue; text-decoration:underline\"><span style=\"font-size:14.0pt\">Produ&ccedil;&atilde;o e n&uacute;mero de empregados na ind&uacute;stria sobem em agosto, aponta CNI<\/span><\/a><\/span><\/span><\/span><\/p>\r\n\r\n<p style=\"text-align:justify\"><span style=\"font-size:11pt\"><span style=\"line-height:normal\"><span style=\"font-family:Calibri,sans-serif\"><a href=\"https:\/\/noticias.portaldaindustria.com.br\/noticias\/economia\/confianca-da-industria-da-construcao-cresce-dois-pontos-em-setembro-aponta-cni\/\" style=\"color:blue; text-decoration:underline\"><span style=\"font-size:14.0pt\">Confian&ccedil;a da ind&uacute;stria da constru&ccedil;&atilde;o cresce dois pontos em setembro, aponta CNI<\/span><\/a><\/span><\/span><\/span><\/p>\r\n\r\n<p style=\"text-align:justify\"><span style=\"font-size:28pt\"><span style=\"font-family:Cambria,serif\"><span style=\"letter-spacing:-0.5pt\"><b><span style=\"font-size:18.0pt\"><span style=\"font-family:&quot;Calibri&quot;,sans-serif\"><span style=\"font-variant:small-caps\">Sustentabilidade<\/span><\/span><\/span><\/b><\/span><\/span><\/span><\/p>\r\n\r\n<p style=\"text-align:justify\"><span style=\"font-size:11pt\"><span style=\"line-height:normal\"><span style=\"font-family:Calibri,sans-serif\"><a href=\"https:\/\/asmetro.org.br\/portalsn\/2024\/09\/19\/selo-verde-brasil-comites-definem-cronograma-e-escolhem-tres-segmentos-industriais-para-implementacao-piloto-com-participacao-do-inmetro\/?utm_source=COMUNICA%C3%87%C3%83O&amp;utm_campaign=2b6084c8c9-EMAIL_CAMPAIGN_2020_10_09_04_42_COPY_01&amp;utm_medium=email&amp;utm_term=0_d3230ddfb7-2b6084c8c9-87351953\" style=\"color:blue; text-decoration:underline\"><span style=\"font-size:14.0pt\">Selo Verde Brasil: Comit&ecirc;s definem cronograma e escolhem tr&ecirc;s segmentos industriais para implementa&ccedil;&atilde;o piloto com participa&ccedil;&atilde;o do Inmetro<\/span><\/a><\/span><\/span><\/span><\/p>\r\n\r\n<p style=\"text-align:justify\"><span style=\"font-size:11pt\"><span style=\"line-height:normal\"><span style=\"font-family:Calibri,sans-serif\"><a href=\"https:\/\/noticias.r7.com\/espirito-santo\/folha-vitoria\/solar-coca-cola-supera-expectativas-na-coleta-de-pet-no-nordeste-18092024\/\" style=\"color:blue; text-decoration:underline\"><span style=\"font-size:14.0pt\">Solar Coca-Cola ultrapassa meta de coleta de PET no Nordeste<\/span><\/a><\/span><\/span><\/span><\/p>\r\n\r\n<p style=\"text-align:justify\"><span style=\"font-size:11pt\"><span style=\"line-height:normal\"><span style=\"font-family:Calibri,sans-serif\"><a href=\"https:\/\/www.google.com\/search?q=reciclagem&amp;sca_esv=445c9ec50e6b4223&amp;sca_upv=1&amp;biw=1517&amp;bih=712&amp;tbs=qdr%3Aw&amp;tbm=nws&amp;sxsrf=ADLYWIIPgP4PQbv8t7jMkhsaYu4zsLCr_g%3A1727095342576&amp;ei=LmLxZovXIojR1sQP5fWE-A0&amp;ved=0ahUKEwiLpozDi9mIAxWIqJUCHeU6Ad84FBDh1QMIDQ&amp;uact=5&amp;oq=reciclagem&amp;gs_lp=Egxnd3Mtd2l6LW5ld3MiCnJlY2ljbGFnZW0yCBAAGIAEGLEDMggQABiABBixAzIKEAAYgAQYQxiKBTIKEAAYgAQYQxiKBTIKEAAYgAQYQxiKBTIKEAAYgAQYQxiKBTIKEAAYgAQYQxiKBTIKEAAYgAQYQxiKBTIFEAAYgAQyBRAAGIAESMcLUABY7AhwAHgAkAEAmAGKAaABpAiqAQM1LjW4AQPIAQD4AQGYAgqgAugIwgILEAAYgAQYsQMYgwHCAg4QABiABBixAxiDARiKBcICDRAAGIAEGLEDGEMYigWYAwCSBwMxLjmgB6Y3&amp;sclient=gws-wiz-news\" style=\"color:blue; text-decoration:underline\"><span style=\"font-size:14.0pt\">eB Capital unifica plataforma de reciclagem de PET, cria a Cirklo e atrai Circulate Capital &agrave; tese<\/span><\/a><\/span><\/span><\/span><\/p>\r\n\r\n<p style=\"text-align:justify\"><span style=\"font-size:28pt\"><span style=\"font-family:Cambria,serif\"><span style=\"letter-spacing:-0.5pt\"><b><span style=\"font-size:18.0pt\"><span style=\"font-family:&quot;Calibri&quot;,sans-serif\"><span style=\"font-variant:small-caps\">Inova&ccedil;&atilde;o<\/span><\/span><\/span><\/b><\/span><\/span><\/span><\/p>\r\n\r\n<p style=\"text-align:justify\"><span style=\"font-size:11pt\"><span style=\"line-height:normal\"><span style=\"font-family:Calibri,sans-serif\"><a href=\"https:\/\/www.inovacaotecnologica.com.br\/noticias\/noticia.php?artigo=esta-tela-armazena-mostra-imagens-criptografadas-sem-eletronica&amp;id=010150240918&amp;ebol=sim\" style=\"color:blue; text-decoration:underline\"><span style=\"font-size:14.0pt\">Esta tela armazena e mostra imagens criptografadas sem eletr&ocirc;nica<\/span><\/a><\/span><\/span><\/span><\/p>\r\n\r\n<p style=\"text-align:justify\"><span style=\"font-size:11pt\"><span style=\"line-height:normal\"><span style=\"font-family:Calibri,sans-serif\"><a href=\"https:\/\/olhardigital.com.br\/2024\/09\/21\/pro\/plastico-do-futuro-como-aposta-da-lego-pode-mudar-celulares-e-notebooks\/\" style=\"color:blue; text-decoration:underline\"><span style=\"font-size:14.0pt\">Pl&aacute;stico do futuro: como aposta da Lego pode mudar celulares e notebooks<\/span><\/a><\/span><\/span><\/span><\/p>\r\n\r\n<p style=\"text-align:justify\"><span style=\"font-size:28pt\"><span style=\"font-family:Cambria,serif\"><span style=\"letter-spacing:-0.5pt\"><b><span style=\"font-size:18.0pt\"><span style=\"font-family:&quot;Calibri&quot;,sans-serif\"><span style=\"font-variant:small-caps\">Com&eacute;rcio Exterior<\/span><\/span><\/span><\/b><\/span><\/span><\/span><\/p>\r\n\r\n<p style=\"text-align:justify\"><span style=\"font-size:11pt\"><span style=\"line-height:normal\"><span style=\"font-family:Calibri,sans-serif\"><a href=\"https:\/\/www.cnnbrasil.com.br\/economia\/macroeconomia\/em-decisao-polemica-governo-eleva-tarifas-de-importacao-para-30-produtos-quimicos\/\" style=\"color:blue; text-decoration:underline\"><span style=\"font-size:14.0pt\">Em decis&atilde;o pol&ecirc;mica, governo eleva tarifas de importa&ccedil;&atilde;o para 30 produtos qu&iacute;micos<\/span><\/a><\/span><\/span><\/span><\/p>\r\n\r\n<p style=\"text-align:justify\"><span style=\"font-size:11pt\"><span style=\"line-height:normal\"><span style=\"font-family:Calibri,sans-serif\"><a href=\"https:\/\/www.gov.br\/mdic\/pt-br\/assuntos\/noticias\/2024\/setembro\/dialogo-comercial-brasil-eua-recolhe-sugestoes-do-setor-privado\" style=\"color:blue; text-decoration:underline\"><span style=\"font-size:14.0pt\">Di&aacute;logo Comercial Brasil-EUA recolhe sugest&otilde;es do setor privado<\/span><\/a><\/span><\/span><\/span><\/p>\r\n\r\n<p style=\"text-align:justify\"><span style=\"font-size:11pt\"><span style=\"line-height:normal\"><span style=\"font-family:Calibri,sans-serif\"><a href=\"https:\/\/noticias.portaldaindustria.com.br\/noticias\/internacional\/brasil-alemanha-acordo-para-evitar-dupla-tributacao-e-prioridade-brasileira-em-encontro-economico\/\" style=\"color:blue; text-decoration:underline\"><span style=\"font-size:14.0pt\">Brasil-Alemanha: acordo para evitar dupla tributa&ccedil;&atilde;o &eacute; prioridade brasileira em encontro econ&ocirc;mico<\/span><\/a><\/span><\/span><\/span><\/p>\r\n\r\n<p style=\"text-align:justify\"><span style=\"font-size:28pt\"><span style=\"font-family:Cambria,serif\"><span style=\"letter-spacing:-0.5pt\"><b><span style=\"font-size:18.0pt\"><span style=\"font-family:&quot;Calibri&quot;,sans-serif\"><span style=\"font-variant:small-caps\">Economia<\/span><\/span><\/span><\/b><\/span><\/span><\/span><\/p>\r\n\r\n<p style=\"text-align:justify\"><span style=\"font-size:11pt\"><span style=\"line-height:normal\"><span style=\"font-family:Calibri,sans-serif\"><a href=\"https:\/\/www.bcb.gov.br\/content\/focus\/focus\/R20240920.pdf\" style=\"color:blue; text-decoration:underline\"><span style=\"font-size:14.0pt\">Focus - Relat&oacute;rio de Mercado<\/span><\/a><\/span><\/span><\/span><\/p>\r\n\r\n<p style=\"text-align:justify\"><span style=\"font-size:11pt\"><span style=\"line-height:normal\"><span style=\"font-family:Calibri,sans-serif\"><a href=\"https:\/\/agenciabrasil.ebc.com.br\/economia\/noticia\/2024-09\/economia-recua-01-na-passagem-de-junho-para-julho-diz-fgv\" style=\"color:blue; text-decoration:underline\"><span style=\"font-size:14.0pt\">Economia recua 0,1% na passagem de junho para julho, diz a FGV<\/span><\/a><\/span><\/span><\/span><\/p>\r\n\r\n<p style=\"text-align:justify\"><span style=\"font-size:11pt\"><span style=\"line-height:normal\"><span style=\"font-family:Calibri,sans-serif\"><a href=\"https:\/\/www.eiu.com\/n\/fed-opts-for-hawkish-50-with-unemployment-set-to-rise\/?utm_source=mkt-newsletter&amp;utm_medium=email&amp;utm_campaign=foce&amp;utm_content=20-sep-2024&amp;mkt_tok=NzUzLVJJUS00MzgAAAGVsHM-GkM2JGycNZOfwZTvG5MQOHVK26PxzQv3UMi3ooBa4Gk8A_q8rZ3KdVaqy-KDIC-tKrqY5DZFrmec_Hpb7JfE2oDfrfFlwO7fqDfDNLZqj08\" style=\"color:blue; text-decoration:underline\"><span lang=\"EN-US\" style=\"font-size:14.0pt\">Fed opts for &ldquo;hawkish 50&rdquo;, with unemployment set to rise<\/span><\/a><\/span><\/span><\/span><\/p>\r\n\r\n<p style=\"text-align:justify\"><img src=\"https:\/\/www.abint.org.br\/assets\/img\/editor\/redes-sociais-abint-ctg-cth_20240904135709sSIkVHItU6.jpg\" \/><\/p>\r\n","6":"<p style=\"text-align:justify\"><span style=\"font-size:11pt\"><span style=\"line-height:normal\"><span style=\"font-family:Calibri,sans-serif\"><span style=\"font-size:14.0pt\">Esta &eacute; uma compila&ccedil;&atilde;o das not&iacute;cias mais relevantes para o setor, incluindo informa&ccedil;&otilde;es sobre acordos internacionais, economia brasileira, sustentabilidade e mat&eacute;rias primas, al&eacute;m de novidades do setor de N&atilde;otecidos e Tecidos T&eacute;cnicos.<\/span><\/span><\/span><\/span><\/p>\r\n\r\n<p class=\"MsoTitle\" style=\"text-align:justify\"><span style=\"font-size:28pt\"><span style=\"font-family:Cambria,serif\"><span style=\"letter-spacing:-0.5pt\"><b><span style=\"font-size:18.0pt\"><span style=\"font-family:&quot;Calibri&quot;,sans-serif\"><span style=\"font-variant:small-caps\">O que vem por a&iacute;<\/span><\/span><\/span><\/b><\/span><\/span><\/span><\/p>\r\n\r\n<p class=\"MsoTitle\" style=\"text-align:justify; margin-bottom:20px\"><span style=\"font-size:18px\"><span style=\"box-sizing:border-box\"><span style=\"line-height:1.5\"><span style=\"color:#313f48\"><span style=\"font-family:&quot;Roboto Condensed&quot;, Helvetica, Arial, sans-serif\"><span style=\"font-style:normal\"><span style=\"font-variant-ligatures:normal\"><span style=\"font-weight:400\"><span style=\"white-space:normal\"><span style=\"background-color:#ffffff\"><span style=\"text-decoration-thickness:initial\"><span style=\"text-decoration-style:initial\"><span style=\"text-decoration-color:initial\"><b style=\"box-sizing:border-box; font-weight:bolder\"><img src=\"https:\/\/www.abint.org.br\/assets\/img\/editor\/abint-logo-2020-g_20240904132243faaawqQf1G.png\" style=\"box-sizing:border-box; border-style:none; width:300px; height:69px\" \/><\/b><\/span><\/span><\/span><\/span><\/span><\/span><\/span><\/span><\/span><\/span><\/span><\/span><\/span><\/p>\r\n\r\n<p class=\"MsoTitle\" style=\"text-align:justify; margin-bottom:20px\"><span style=\"font-size:18px\"><span style=\"box-sizing:border-box\"><span style=\"line-height:1.5\"><span style=\"color:#313f48\"><span style=\"font-family:&quot;Roboto Condensed&quot;, Helvetica, Arial, sans-serif\"><span style=\"font-style:normal\"><span style=\"font-variant-ligatures:normal\"><span style=\"font-weight:400\"><span style=\"white-space:normal\"><span style=\"background-color:#ffffff\"><span style=\"text-decoration-thickness:initial\"><span style=\"text-decoration-style:initial\"><span style=\"text-decoration-color:initial\">&nbsp;<\/span><\/span><\/span><\/span><\/span><\/span><\/span><\/span><\/span><\/span><\/span><\/span><\/span><span style=\"font-size:18px\"><span style=\"box-sizing:border-box\"><span style=\"line-height:1.5\"><span style=\"color:#313f48\"><span style=\"font-family:&quot;Roboto Condensed&quot;, Helvetica, Arial, sans-serif\"><span style=\"font-style:normal\"><span style=\"font-variant-ligatures:normal\"><span style=\"font-weight:400\"><span style=\"white-space:normal\"><span style=\"background-color:#ffffff\"><span style=\"text-decoration-thickness:initial\"><span style=\"text-decoration-style:initial\"><span style=\"text-decoration-color:initial\"><span style=\"font-size:18px\"><span style=\"box-sizing:border-box\"><span style=\"box-sizing:border-box\"><span style=\"box-sizing:border-box\"><span style=\"line-height:1.5\"><span style=\"box-sizing:border-box\"><span style=\"color:#313f48\"><span style=\"box-sizing:border-box\"><span style=\"font-family:&quot;Roboto Condensed&quot;, Helvetica, Arial, sans-serif\"><span style=\"box-sizing:border-box\"><span style=\"font-style:normal\"><span style=\"box-sizing:border-box\"><span style=\"font-variant-ligatures:normal\"><span style=\"box-sizing:border-box\"><span style=\"font-weight:400\"><span style=\"box-sizing:border-box\"><span style=\"white-space:normal\"><span style=\"box-sizing:border-box\"><span style=\"background-color:#ffffff\"><span style=\"box-sizing:border-box\"><span style=\"text-decoration-thickness:initial\"><span style=\"box-sizing:border-box\"><span style=\"text-decoration-style:initial\"><span style=\"box-sizing:border-box\"><span style=\"text-decoration-color:initial\"><font face=\"Calibri, sans-serif\"><font style=\"box-sizing:border-box\"><font style=\"box-sizing:border-box\"><span style=\"font-size:24px\"><span style=\"box-sizing:border-box\"><span style=\"box-sizing:border-box\"><span style=\"box-sizing:border-box\"><span style=\"letter-spacing:-0.666667px\"><b style=\"box-sizing:border-box; font-weight:bolder\"><img src=\"https:\/\/www.abint.org.br\/assets\/img\/editor\/post-quadrado-curso-naotecido_20240910165107QevEOws8Be.jpg\" style=\"box-sizing:border-box; border-style:none; width:500px; height:500px\" \/><\/b><\/span><\/span><\/span><\/span><\/span><\/font><\/font><\/font><\/span><\/span><\/span><\/span><\/span><\/span><\/span><\/span><\/span><\/span><\/span><\/span><\/span><\/span><\/span><\/span><\/span><\/span><\/span><\/span><\/span><\/span><\/span><\/span><\/span><\/span><\/span><\/span><\/span><\/span><\/span><\/span><\/span><\/span><\/span><\/span><\/span><\/span><\/p>\r\n\r\n<p style=\"text-align:justify; margin-bottom:20px\"><span style=\"font-size:18px\"><span style=\"box-sizing:border-box\"><span style=\"line-height:1.5\"><span style=\"color:#313f48\"><span style=\"font-family:&quot;Roboto Condensed&quot;, Helvetica, Arial, sans-serif\"><span style=\"font-style:normal\"><span style=\"font-variant-ligatures:normal\"><span style=\"font-weight:400\"><span style=\"white-space:normal\"><span style=\"background-color:#ffffff\"><span style=\"text-decoration-thickness:initial\"><span style=\"text-decoration-style:initial\"><span style=\"text-decoration-color:initial\"><span style=\"font-size:18px\"><span style=\"box-sizing:border-box\"><span style=\"box-sizing:border-box\"><span style=\"box-sizing:border-box\"><span style=\"line-height:1.5\"><span style=\"box-sizing:border-box\"><span style=\"color:#313f48\"><span style=\"box-sizing:border-box\"><span style=\"font-family:&quot;Roboto Condensed&quot;, Helvetica, Arial, sans-serif\"><span style=\"box-sizing:border-box\"><span style=\"font-style:normal\"><span style=\"box-sizing:border-box\"><span style=\"font-variant-ligatures:normal\"><span style=\"box-sizing:border-box\"><span style=\"font-weight:400\"><span style=\"box-sizing:border-box\"><span style=\"white-space:normal\"><span style=\"box-sizing:border-box\"><span style=\"background-color:#ffffff\"><span style=\"box-sizing:border-box\"><span style=\"text-decoration-thickness:initial\"><span style=\"box-sizing:border-box\"><span style=\"text-decoration-style:initial\"><span style=\"box-sizing:border-box\"><span style=\"text-decoration-color:initial\"><span style=\"font-size:11pt\"><span style=\"box-sizing:border-box\"><span style=\"box-sizing:border-box\"><span style=\"box-sizing:border-box\"><span style=\"box-sizing:border-box\"><span style=\"line-height:normal\"><span style=\"box-sizing:border-box\"><span style=\"box-sizing:border-box\"><span style=\"font-family:Calibri, sans-serif\"><a href=\"https:\/\/forms.office.com\/r\/5DrqtK5n3Y\" style=\"box-sizing:border-box; text-decoration:underline; color:blue; transition:color 0.3s\"><span style=\"font-size:14pt\"><span style=\"box-sizing:border-box\"><span style=\"box-sizing:border-box\">INFORMA&Ccedil;&Otilde;ES E INSCRI&Ccedil;&Otilde;ES<\/span><\/span><\/span><\/a><\/span><\/span><\/span><\/span><\/span><\/span><\/span><\/span><\/span><\/span><\/span><\/span><\/span><\/span><\/span><\/span><\/span><\/span><\/span><\/span><\/span><\/span><\/span><\/span><\/span><\/span><\/span><\/span><\/span><\/span><\/span><\/span><\/span><\/span><\/span><\/span><\/span><\/span><\/span><\/span><\/span><\/span><\/span><\/span><\/span><\/span><\/span><\/p>\r\n\r\n<p style=\"text-align:justify\"><span style=\"font-size:11pt\"><span style=\"line-height:normal\"><span style=\"font-family:Calibri,sans-serif\"><span style=\"font-size:14.0pt\">A <b>ABINT<\/b> &eacute; uma das <b>patrocinadoras<\/b> do<b> <\/b><\/span><a href=\"https:\/\/www.congressoabit.com.br\/\" style=\"color:blue; text-decoration:underline\"><b><span style=\"font-size:14.0pt\">Congresso Internacional Abit 2024<\/span><\/b><\/a><span style=\"font-size:14.0pt\">, que ocorrer&aacute; dias 30 e 31 de outubro, no SENAI Cimatec, Salvador, BA.<\/span><\/span><\/span><\/span><\/p>\r\n\r\n<p class=\"MsoTitle\" style=\"text-align:justify\"><span style=\"font-size:28pt\"><span style=\"font-family:Cambria,serif\"><span style=\"letter-spacing:-0.5pt\"><b><span style=\"font-size:18.0pt\"><span style=\"font-family:&quot;Calibri&quot;,sans-serif\"><span style=\"font-variant:small-caps\"><img src=\"https:\/\/www.abint.org.br\/assets\/img\/editor\/congresso-internacional-abit-2024-com-logo_20240924181014oBMW90pU6e.jpg\" style=\"width: 500px; height: 500px;\" \/><\/span><\/span><\/span><\/b><\/span><\/span><\/span><\/p>\r\n\r\n<p class=\"MsoTitle\" style=\"text-align:justify\">&nbsp;<\/p>\r\n\r\n<p><img src=\"https:\/\/www.abint.org.br\/assets\/img\/editor\/logo-ctg-abint-jpg_20240904134317C3JFRe5hO8.jpg\" style=\"width: 300px; height: 55px;\" \/><\/p>\r\n\r\n<p>&nbsp;<\/p>\r\n\r\n<p>&nbsp;<img src=\"https:\/\/www.abint.org.br\/assets\/img\/editor\/cobramseg-2024_20240904135224Z2sV4nJRyT.jpg\" \/><\/p>\r\n\r\n<p><b>O CTG ABINT &eacute; um dos patrocinadores da 21&ordf; edi&ccedil;&atilde;o do Cobramseg &ndash; Congresso Brasileiro de Mec&acirc;nica dos Solos e Engenharia Geot&eacute;cnica.<\/b><\/p>\r\n\r\n<p>&ldquo;<i>Nos reunimos para celebrar a Mec&acirc;nica dos Solos e das Rochas, da GeoEngenharia! Academia, Ind&uacute;stria e &Oacute;rg&atilde;os Gestores unidos para expor seus avan&ccedil;os t&eacute;cnicos e cient&iacute;ficos. Um ambiente rico e diverso que nos permite debater solu&ccedil;&otilde;es e a&ccedil;&otilde;es de forma a fortalecer nossa comunidade geot&eacute;cnica, visando proporcionar um desenvolvimento mais sustent&aacute;vel e seguro para a nossa sociedade<\/i>.&rdquo; V&iacute;tor Pereira Faro, Presidente do COBRAMSEG 2024<\/p>\r\n\r\n<p><a href=\"http:\/\/www.cobramseg.com.br\/\">www.cobramseg.com.br<\/a><\/p>\r\n\r\n<p>&nbsp;<\/p>\r\n\r\n<p><img src=\"https:\/\/www.abint.org.br\/assets\/img\/editor\/fenasan-2024_20240904135314a8pkkJgG8Z.jpg\" style=\"width: 500px; height: 733px;\" \/><\/p>\r\n\r\n<p>&nbsp;<\/p>\r\n\r\n<p>O&nbsp;<b>CTG ABINT apoia a Feira Nacional de Saneamento e Meio Ambiente &ndash; Fenasan e do 35&ordm; Encontro T&eacute;cnico AESabesp, que ocorrer&atilde;o de 22 a 24 de outubro de 2024<\/b>, no Pavilh&atilde;o Verde e Vermelho, no Expo Center Norte, em S&atilde;o Paulo. Trata-se do maior evento de saneamento da Am&eacute;rica Latin. A realiza&ccedil;&atilde;o &eacute; da AESabesp &ndash; Associa&ccedil;&atilde;o dos Engenheiros da Sabesp.<\/p>\r\n\r\n<p><i>O tema central desta edi&ccedil;&atilde;o &eacute; &ldquo;Saneamento ambiental: condi&ccedil;&atilde;o fundamental para o enfrentamento das mudan&ccedil;as clim&aacute;ticas&rdquo;. Com um p&uacute;blico tradicionalmente de 22 mil visitantes e alinhada aos ODS &ndash; Objetivos de Desenvolvimento Sustent&aacute;vel estabelecidos pela ONU e aos conceitos de ESG, a edi&ccedil;&atilde;o 2024 continuar&aacute; ampliando o di&aacute;logo em torno das quest&otilde;es de saneamento ambiental, meio ambiente e sustentabilidade e promovendo o compartilhamento de conhecimento altamente qualificado.<\/i><\/p>\r\n\r\n<p><a href=\"http:\/\/www.fenasan.com.br\/\">www.fenasan.com.br<\/a><\/p>\r\n\r\n<p>&nbsp;<\/p>\r\n\r\n<p><img src=\"https:\/\/www.abint.org.br\/assets\/img\/editor\/cth-logo-alta-jpg_20240904134558I6qw2pBRZt.jpg\" style=\"width: 300px; height: 68px;\" \/><\/p>\r\n\r\n<p>&nbsp;<\/p>\r\n\r\n<p><img src=\"https:\/\/www.abint.org.br\/assets\/img\/editor\/hospitalmed-2024-story-cth-abint_20240904134515hOjyRRpXlX.png\" style=\"width: 500px; height: 889px;\" \/><\/p>\r\n\r\n<p><b>O CTH ABINT &eacute; um dos patrocinadores da HospitalMed 2024.<\/b><\/p>\r\n\r\n<p>&ldquo;<i>A melhor e Mais Completa Feira de Sa&uacute;de do Norte\/Nordeste<\/i>&rdquo;, &eacute; uma realiza&ccedil;&atilde;o da HospitalMed Feiras &amp; Eventos e da Insight Feiras de Neg&oacute;cios.<\/p>\r\n\r\n<p><i>&ldquo;O&nbsp;<b>re&uacute;ne toda a cadeia produtiva do setor de sa&uacute;de das regi&otilde;es Norte\/Nordeste<\/b>. &Eacute; o grande encontro de fornecedores de Produtos, Equipamentos, Servi&ccedil;os, Tecnologia e Conte&uacute;do para Hospitais, Laborat&oacute;rios, Farm&aacute;cias, Cl&iacute;nicas, Consult&oacute;rios e Profissionais da Sa&uacute;de&rdquo;.<\/i><\/p>\r\n\r\n<p><a href=\"http:\/\/www.hospitalmed.com.br\/\">www.hospitalmed.com.br<\/a><\/p>\r\n\r\n<p class=\"MsoTitle\" style=\"text-align:justify\"><span style=\"font-size:28pt\"><span style=\"font-family:Cambria,serif\"><span style=\"letter-spacing:-0.5pt\"><b><span style=\"font-size:18.0pt\"><span style=\"font-family:&quot;Calibri&quot;,sans-serif\"><span style=\"font-variant:small-caps\">Not&iacute;cias das Associadas<\/span><\/span><\/span><\/b><\/span><\/span><\/span><\/p>\r\n\r\n<p style=\"text-align:justify\"><span style=\"font-size:11pt\"><span style=\"line-height:normal\"><span style=\"font-family:Calibri,sans-serif\"><a href=\"https:\/\/www.abctecnologias.com.br\/lancamentos-e-novidades\/novos-padroes-da-astm-international-e-o-que-isso-significa-para-a-soldagem-de-geomembranas\/?utm_source=ABC+Tecnologias&amp;utm_campaign=3ba766cbb3-CAMPANHA_RSS_POSTS_SITE&amp;utm_medium=email&amp;utm_term=0_01821b5e7f-3ba766cbb3-468976694\" style=\"color:blue; text-decoration:underline\"><span style=\"font-size:14.0pt\">ABC Tecnologias | Novos Padr&otilde;es da ASTM International e o que isso significa para a soldagem de Geomembranas<\/span><\/a><\/span><\/span><\/span><\/p>\r\n\r\n<p style=\"text-align:justify\"><span style=\"font-size:11pt\"><span style=\"line-height:normal\"><span style=\"font-family:Calibri,sans-serif\"><span style=\"font-size:14.0pt\"><a href=\"https:\/\/clickpetroleoegas.com.br\/andritz-impulsiona-sua-atuacao-no-brasil-com-inauguracao-do-centro-de-servicos-para-celulose-e-papel-em-tres-lagoas\/\" style=\"color:blue; text-decoration:underline\">ANDRITZ Impulsiona sua Atua&ccedil;&atilde;o no Brasil com Inaugura&ccedil;&atilde;o do Centro de Servi&ccedil;os para Celulose e Papel em Tr&ecirc;s Lagoas<\/a><\/span><\/span><\/span><\/span><\/p>\r\n\r\n<p style=\"text-align:justify\"><span style=\"font-size:11pt\"><span style=\"line-height:normal\"><span style=\"font-family:Calibri,sans-serif\"><a href=\"https:\/\/portalwg.com.br\/novas-cores-de-revestimentos-atendem-projetos-que-valorizam-elementos-da-natureza\/\" style=\"color:blue; text-decoration:underline\"><span style=\"font-size:14.0pt\">Cipatex | Novas cores de revestimentos atendem projetos que valorizam elementos da natureza<\/span><\/a><\/span><\/span><\/span><\/p>\r\n\r\n<p style=\"text-align:justify\"><span style=\"font-size:11pt\"><span style=\"line-height:normal\"><span style=\"font-family:Calibri,sans-serif\"><a href=\"https:\/\/www.nonwovens-industry.com\/contents\/view_breaking-news\/2024-09-18\/wetlaid-safety-standard-implemented?utm_campaign=NON+eNewsletter&amp;utm_medium=email&amp;_hsenc=p2ANqtz-9lz18AWSWUgBT-v7fEZZcD6YP0uPMyqFSG309lhTFCAeJsJX93MdHrmZxCeQb13lljC0ETriZcMw9TBU6xZdbzWIBAJw&amp;_hsmi=325428951&amp;utm_content=325428951&amp;utm_source=hs_email\" style=\"color:blue; text-decoration:underline\"><span lang=\"EN-US\" style=\"font-size:14.0pt\">Tr&uuml;tzschler | Wetlaid Safety Standard Implemented<\/span><\/a><\/span><\/span><\/span><\/p>\r\n\r\n<p style=\"text-align:justify\">&nbsp;<\/p>\r\n\r\n<p style=\"text-align:justify\"><span style=\"font-size:11pt\"><span style=\"line-height:normal\"><span style=\"font-family:Calibri,sans-serif\"><b><span lang=\"EN-US\" style=\"font-size:18.0pt\"><span style=\"font-variant:small-caps\">Eventos<\/span><\/span><\/b><\/span><\/span><\/span><\/p>\r\n\r\n<p style=\"text-align:justify\">&nbsp;<\/p>\r\n\r\n<p style=\"text-align:justify\"><span style=\"font-size:11pt\"><span style=\"line-height:normal\"><span style=\"font-family:Calibri,sans-serif\"><a href=\"https:\/\/www.abrafiltros.org.br\/cursos\/\" style=\"color:blue; text-decoration:underline\"><b><span style=\"font-size:14.0pt\">Cursos Abrafiltros | Automatiza&ccedil;&atilde;o de Filtros de Manga<\/span><\/b><\/a><\/span><\/span><\/span><\/p>\r\n\r\n<p style=\"text-align:justify\"><span style=\"font-size:11pt\"><span style=\"line-height:normal\"><span style=\"font-family:Calibri,sans-serif\"><a href=\"https:\/\/abihpec.org.br\/mercado\/papo-de-mercado-abihpec\/\" style=\"color:blue; text-decoration:underline\"><b><span style=\"font-size:14.0pt\">Papo de Mercado ABIHPEC<\/span><\/b><\/a><span style=\"font-size:14.0pt\">, 30 de setembro de 2024, 10h00 &agrave;s 12h00<\/span><\/span><\/span><\/span><\/p>\r\n\r\n<p style=\"text-align:justify\"><span style=\"font-size:11pt\"><span style=\"line-height:normal\"><span style=\"font-family:Calibri,sans-serif\"><a href=\"https:\/\/www.aatcc.org\/summit\/\" style=\"color:blue; text-decoration:underline\"><b><span lang=\"EN-US\" style=\"font-size:14.0pt\">AATCC&#39;s Textile Discovery Summit<\/span><\/b><\/a><span lang=\"EN-US\" style=\"font-size:14.0pt\">, October 6-8, 2024, The Westin Savannah Harbor 1 Resort Drive, Savannah, Ge&oacute;rgia, EUA<\/span><\/span><\/span><\/span><\/p>\r\n\r\n<p style=\"text-align:justify\"><span style=\"font-size:11pt\"><span style=\"line-height:normal\"><span style=\"font-family:Calibri,sans-serif\"><a href=\"https:\/\/www.even3.com.br\/xxxcntt\/\" style=\"color:blue; text-decoration:underline\"><b><span style=\"font-size:14.0pt\">30&ordm; Congresso Nacional de Tecnologia T&ecirc;xtil, Confec&ccedil;&atilde;o e Moda<\/span><\/b><\/a><span style=\"font-size:14.0pt\">, 08 a 11 de outubro de 2024, evento presencial, Apucarana\/ PR<\/span><\/span><\/span><\/span><\/p>\r\n\r\n<p style=\"text-align:justify\"><span style=\"font-size:11pt\"><span style=\"line-height:normal\"><span style=\"font-family:Calibri,sans-serif\"><a href=\"https:\/\/plasticosemrevista.com.br\/competitividade-2024-inscricao\/\" style=\"color:blue; text-decoration:underline\"><b><span style=\"font-size:14.0pt\">Pl&aacute;sticos em Revista | Semin&aacute;rio Competitividade<\/span><\/b><\/a><span style=\"font-size:14.0pt\">, 10 de outubro de 2024, Hotel Meli&aacute;, Av. Paulista, 2181<\/span><\/span><\/span><\/span><\/p>\r\n\r\n<p style=\"text-align:justify\"><span style=\"font-size:11pt\"><span style=\"line-height:normal\"><span style=\"font-family:Calibri,sans-serif\"><a href=\"https:\/\/www.sympla.com.br\/evento\/encontro-regional-almaco-em-salvador-ba\/2611464\" style=\"color:blue; text-decoration:underline\"><b><span style=\"font-size:14.0pt\">Encontro Regional ALMACO<\/span><\/b><\/a><span style=\"font-size:14.0pt\">, 16 de outubro de 2024, 13h00 &agrave;s 18h00, evento presencial, Fiesta Bahia Hotel, Salvador, BA<\/span><\/span><\/span><\/span><\/p>\r\n\r\n<p style=\"text-align:justify\"><span style=\"font-size:11pt\"><span style=\"line-height:normal\"><span style=\"font-family:Calibri,sans-serif\"><a href=\"http:\/\/www.fenasan.com.br\" style=\"color:blue; text-decoration:underline\"><b><span style=\"font-size:14.0pt\">Fenasan 2024 &ndash; Feira Nacional de Saneamento e Meio Ambiente<\/span><\/b><\/a><span style=\"font-size:14.0pt\">, 22 a 24 de outubro de 2024, Pavilh&otilde;es Verde e Vermelho, Expo Center Norte, S&atilde;o Paulo SP<\/span><\/span><\/span><\/span><\/p>\r\n\r\n<p style=\"text-align:justify\"><span style=\"font-size:11pt\"><span style=\"line-height:normal\"><span style=\"font-family:Calibri,sans-serif\"><a href=\"http:\/\/www.hospitalmed.com.br\" style=\"color:blue; text-decoration:underline\"><b><span style=\"font-size:14.0pt\">HospitalMed 2024<\/span><\/b><\/a><span style=\"font-size:14.0pt\">, 23 a 25 de outubro, das 14h &agrave;s 20h, no Pernambuco Centro de Conven&ccedil;&otilde;es<\/span><\/span><\/span><\/span><\/p>\r\n\r\n<p style=\"text-align:justify\"><span style=\"font-size:11pt\"><span style=\"line-height:normal\"><span style=\"font-family:Calibri,sans-serif\"><a href=\"https:\/\/www.abnteducacao.com.br\/Simbologia_de_cuidados_aplicada_a_Etiquetagem_de_Texteis_ABNT_NBR_NM_ISO_3758\" style=\"color:blue; text-decoration:underline\"><b><span style=\"font-size:14.0pt\">Simbologia de cuidados aplicada a Etiquetagem de T&ecirc;xteis<\/span><\/b><\/a><span style=\"font-size:14.0pt\">, 23 e 24 de outubro de 2024, 8h30 &agrave;s 17h30, evento online<\/span><\/span><\/span><\/span><\/p>\r\n\r\n<p style=\"text-align:justify\"><span style=\"font-size:11pt\"><span style=\"line-height:normal\"><span style=\"font-family:Calibri,sans-serif\"><a href=\"https:\/\/b20brazil.org\/#msdynttrid=6zt-Ug2nJO0FDfhoU9K0en-twuGAoU5aPF8EQm7neRo\" style=\"color:blue; text-decoration:underline\"><b><span lang=\"EN-US\" style=\"font-size:14.0pt\">B20 Summit Brasil 2024 - Inclusive Growth for a Sustainable Future<\/span><\/b><\/a><span lang=\"EN-US\" style=\"font-size:14.0pt\">, October 24th - 25th, 2024, Clube Atl&eacute;tico Monte L&iacute;bano, S&atilde;o Paulo, SP<\/span><\/span><\/span><\/span><\/p>\r\n\r\n<p style=\"text-align:justify\"><span style=\"font-size:11pt\"><span style=\"line-height:normal\"><span style=\"font-family:Calibri,sans-serif\"><a href=\"http:\/\/www.congressoabit.com.br\" style=\"color:blue; text-decoration:underline\"><b><span style=\"font-size:14.0pt\">Congresso Internacional Abit 2024<\/span><\/b><\/a><span style=\"font-size:14.0pt\">, 30 e 31 de outubro, Salvador, Bahia<\/span><\/span><\/span><\/span><\/p>\r\n\r\n<p style=\"text-align:justify\"><span style=\"font-size:11pt\"><span style=\"line-height:normal\"><span style=\"font-family:Calibri,sans-serif\"><a href=\"https:\/\/www.fimec.com.br\/\" style=\"color:blue; text-decoration:underline\"><b><span style=\"font-size:14.0pt\">Fimec 2025<\/span><\/b><\/a><span style=\"font-size:14.0pt\">, 18 a 20 de mar&ccedil;o, Fenac, Novo Hamburgo, RS<\/span><\/span><\/span><\/span><\/p>\r\n\r\n<p style=\"text-align:justify\"><span style=\"font-size:28pt\"><span style=\"font-family:Cambria,serif\"><span style=\"letter-spacing:-0.5pt\"><b><span lang=\"EN-US\" style=\"font-size:18.0pt\"><span style=\"font-family:&quot;Calibri&quot;,sans-serif\"><span style=\"font-variant:small-caps\">Setor<\/span><\/span><\/span><\/b><\/span><\/span><\/span><\/p>\r\n\r\n<p style=\"text-align:justify\"><span style=\"font-size:11pt\"><span style=\"line-height:normal\"><span style=\"font-family:Calibri,sans-serif\"><a href=\"https:\/\/www.technofashionworld.com\/italian-textile-machinery-green-transition-challenges\/?utm_term=1201788+-+https%3A\/\/www.technofashionworld.com\/italian-textile-machinery-green-transition-challenges&amp;utm_campaign=Technofashion+World+-+Technofashion+World+-+Newsletter+September+2024&amp;utm_medium=email&amp;utm_source=MagNews&amp;utm_content=166777+-+82399+%282024-09-17%29\" style=\"color:blue; text-decoration:underline\"><span lang=\"EN-US\" style=\"font-size:14.0pt\">Italian Textile Machinery Industry prepares for Green Transition challenges<\/span><\/a><\/span><\/span><\/span><\/p>\r\n\r\n<p style=\"text-align:justify\"><span style=\"font-size:11pt\"><span style=\"line-height:normal\"><span style=\"font-family:Calibri,sans-serif\"><a href=\"https:\/\/mercadoeconsumo.com.br\/20\/09\/2024\/artigos\/nearshore-na-industria-textil-como-a-tendencia-esta-redefinindo-a-cadeia-de-producao\/?utm_campaign=news_geral_-_2009&amp;utm_medium=email&amp;utm_source=RD+Station\" style=\"color:blue; text-decoration:underline\"><span style=\"font-size:14.0pt\">Nearshore na ind&uacute;stria t&ecirc;xtil: como a tend&ecirc;ncia est&aacute; redefinindo a cadeia de produ&ccedil;&atilde;o<\/span><\/a><\/span><\/span><\/span><\/p>\r\n\r\n<p style=\"text-align:justify\"><span style=\"font-size:11pt\"><span style=\"line-height:normal\"><span style=\"font-family:Calibri,sans-serif\"><a href=\"https:\/\/plasticosemrevista.com.br\/cazaquistao-constroi-primeira-fabrica-de-pe\/\" style=\"color:blue; text-decoration:underline\"><span style=\"font-size:14.0pt\">Cazaquist&atilde;o constr&oacute;i primeira f&aacute;brica de PE<\/span><\/a><\/span><\/span><\/span><\/p>\r\n\r\n<p style=\"text-align:justify\"><span style=\"font-size:11pt\"><span style=\"line-height:normal\"><span style=\"font-family:Calibri,sans-serif\"><a href=\"https:\/\/www.anahp.com.br\/publicacoes\/balanco-observatorio-anahp-3a-edicao\/?utm_campaign=emkt_-_lancamento_3o_balanco_observatorio_anahp&amp;utm_medium=email&amp;utm_source=RD+Station\" style=\"color:blue; text-decoration:underline\"><span style=\"font-size:14.0pt\">Observat&oacute;rio Anahp | 3&ordf; edi&ccedil;&atilde;o<\/span><\/a><\/span><\/span><\/span><\/p>\r\n\r\n<p style=\"text-align:justify\"><span style=\"font-size:11pt\"><span style=\"line-height:normal\"><span style=\"font-family:Calibri,sans-serif\"><a href=\"https:\/\/www.anahp.com.br\/publicacoes\/e-book-seguranca-do-paciente\/?utm_campaign=emkt_-_ebook_jornada_agosto&amp;utm_medium=email&amp;utm_source=RD+Station\" style=\"color:blue; text-decoration:underline\"><span style=\"font-size:14.0pt\">E-book Seguran&ccedil;a do Paciente<\/span><\/a><\/span><\/span><\/span><\/p>\r\n\r\n<p style=\"text-align:justify\"><span style=\"font-size:28pt\"><span style=\"font-family:Cambria,serif\"><span style=\"letter-spacing:-0.5pt\"><b><span style=\"font-size:18.0pt\"><span style=\"font-family:&quot;Calibri&quot;,sans-serif\"><span style=\"font-variant:small-caps\">Ind&uacute;stria<\/span><\/span><\/span><\/b><\/span><\/span><\/span><\/p>\r\n\r\n<p style=\"text-align:justify\"><span style=\"font-size:11pt\"><span style=\"line-height:normal\"><span style=\"font-family:Calibri,sans-serif\"><a href=\"https:\/\/www.infomoney.com.br\/business\/industrias-quimica-e-de-pneus-comemoram-aumento-de-imposto-de-importacao\/\" style=\"color:blue; text-decoration:underline\"><span style=\"font-size:14.0pt\">Ind&uacute;strias qu&iacute;mica e de pneus comemoram aumento de imposto de importa&ccedil;&atilde;o<\/span><\/a><\/span><\/span><\/span><\/p>\r\n\r\n<p style=\"text-align:justify\"><span style=\"font-size:11pt\"><span style=\"line-height:normal\"><span style=\"font-family:Calibri,sans-serif\"><a href=\"https:\/\/plasticosemrevista.com.br\/setor-plastico-encurralado-na-uniao-europeia\/\" style=\"color:blue; text-decoration:underline\"><span style=\"font-size:14.0pt\">Setor pl&aacute;stico encurralado na Uni&atilde;o Europeia<\/span><\/a><\/span><\/span><\/span><\/p>\r\n\r\n<p style=\"text-align:justify\"><span style=\"font-size:11pt\"><span style=\"line-height:normal\"><span style=\"font-family:Calibri,sans-serif\"><a href=\"https:\/\/noticias.portaldaindustria.com.br\/noticias\/economia\/producao-e-numero-de-empregados-na-industria-sobem-em-agosto-aponta-cni\/\" style=\"color:blue; text-decoration:underline\"><span style=\"font-size:14.0pt\">Produ&ccedil;&atilde;o e n&uacute;mero de empregados na ind&uacute;stria sobem em agosto, aponta CNI<\/span><\/a><\/span><\/span><\/span><\/p>\r\n\r\n<p style=\"text-align:justify\"><span style=\"font-size:11pt\"><span style=\"line-height:normal\"><span style=\"font-family:Calibri,sans-serif\"><a href=\"https:\/\/noticias.portaldaindustria.com.br\/noticias\/economia\/confianca-da-industria-da-construcao-cresce-dois-pontos-em-setembro-aponta-cni\/\" style=\"color:blue; text-decoration:underline\"><span style=\"font-size:14.0pt\">Confian&ccedil;a da ind&uacute;stria da constru&ccedil;&atilde;o cresce dois pontos em setembro, aponta CNI<\/span><\/a><\/span><\/span><\/span><\/p>\r\n\r\n<p style=\"text-align:justify\"><span style=\"font-size:28pt\"><span style=\"font-family:Cambria,serif\"><span style=\"letter-spacing:-0.5pt\"><b><span style=\"font-size:18.0pt\"><span style=\"font-family:&quot;Calibri&quot;,sans-serif\"><span style=\"font-variant:small-caps\">Sustentabilidade<\/span><\/span><\/span><\/b><\/span><\/span><\/span><\/p>\r\n\r\n<p style=\"text-align:justify\"><span style=\"font-size:11pt\"><span style=\"line-height:normal\"><span style=\"font-family:Calibri,sans-serif\"><a href=\"https:\/\/asmetro.org.br\/portalsn\/2024\/09\/19\/selo-verde-brasil-comites-definem-cronograma-e-escolhem-tres-segmentos-industriais-para-implementacao-piloto-com-participacao-do-inmetro\/?utm_source=COMUNICA%C3%87%C3%83O&amp;utm_campaign=2b6084c8c9-EMAIL_CAMPAIGN_2020_10_09_04_42_COPY_01&amp;utm_medium=email&amp;utm_term=0_d3230ddfb7-2b6084c8c9-87351953\" style=\"color:blue; text-decoration:underline\"><span style=\"font-size:14.0pt\">Selo Verde Brasil: Comit&ecirc;s definem cronograma e escolhem tr&ecirc;s segmentos industriais para implementa&ccedil;&atilde;o piloto com participa&ccedil;&atilde;o do Inmetro<\/span><\/a><\/span><\/span><\/span><\/p>\r\n\r\n<p style=\"text-align:justify\"><span style=\"font-size:11pt\"><span style=\"line-height:normal\"><span style=\"font-family:Calibri,sans-serif\"><a href=\"https:\/\/noticias.r7.com\/espirito-santo\/folha-vitoria\/solar-coca-cola-supera-expectativas-na-coleta-de-pet-no-nordeste-18092024\/\" style=\"color:blue; text-decoration:underline\"><span style=\"font-size:14.0pt\">Solar Coca-Cola ultrapassa meta de coleta de PET no Nordeste<\/span><\/a><\/span><\/span><\/span><\/p>\r\n\r\n<p style=\"text-align:justify\"><span style=\"font-size:11pt\"><span style=\"line-height:normal\"><span style=\"font-family:Calibri,sans-serif\"><a href=\"https:\/\/www.google.com\/search?q=reciclagem&amp;sca_esv=445c9ec50e6b4223&amp;sca_upv=1&amp;biw=1517&amp;bih=712&amp;tbs=qdr%3Aw&amp;tbm=nws&amp;sxsrf=ADLYWIIPgP4PQbv8t7jMkhsaYu4zsLCr_g%3A1727095342576&amp;ei=LmLxZovXIojR1sQP5fWE-A0&amp;ved=0ahUKEwiLpozDi9mIAxWIqJUCHeU6Ad84FBDh1QMIDQ&amp;uact=5&amp;oq=reciclagem&amp;gs_lp=Egxnd3Mtd2l6LW5ld3MiCnJlY2ljbGFnZW0yCBAAGIAEGLEDMggQABiABBixAzIKEAAYgAQYQxiKBTIKEAAYgAQYQxiKBTIKEAAYgAQYQxiKBTIKEAAYgAQYQxiKBTIKEAAYgAQYQxiKBTIKEAAYgAQYQxiKBTIFEAAYgAQyBRAAGIAESMcLUABY7AhwAHgAkAEAmAGKAaABpAiqAQM1LjW4AQPIAQD4AQGYAgqgAugIwgILEAAYgAQYsQMYgwHCAg4QABiABBixAxiDARiKBcICDRAAGIAEGLEDGEMYigWYAwCSBwMxLjmgB6Y3&amp;sclient=gws-wiz-news\" style=\"color:blue; text-decoration:underline\"><span style=\"font-size:14.0pt\">eB Capital unifica plataforma de reciclagem de PET, cria a Cirklo e atrai Circulate Capital &agrave; tese<\/span><\/a><\/span><\/span><\/span><\/p>\r\n\r\n<p style=\"text-align:justify\"><span style=\"font-size:28pt\"><span style=\"font-family:Cambria,serif\"><span style=\"letter-spacing:-0.5pt\"><b><span style=\"font-size:18.0pt\"><span style=\"font-family:&quot;Calibri&quot;,sans-serif\"><span style=\"font-variant:small-caps\">Inova&ccedil;&atilde;o<\/span><\/span><\/span><\/b><\/span><\/span><\/span><\/p>\r\n\r\n<p style=\"text-align:justify\"><span style=\"font-size:11pt\"><span style=\"line-height:normal\"><span style=\"font-family:Calibri,sans-serif\"><a href=\"https:\/\/www.inovacaotecnologica.com.br\/noticias\/noticia.php?artigo=esta-tela-armazena-mostra-imagens-criptografadas-sem-eletronica&amp;id=010150240918&amp;ebol=sim\" style=\"color:blue; text-decoration:underline\"><span style=\"font-size:14.0pt\">Esta tela armazena e mostra imagens criptografadas sem eletr&ocirc;nica<\/span><\/a><\/span><\/span><\/span><\/p>\r\n\r\n<p style=\"text-align:justify\"><span style=\"font-size:11pt\"><span style=\"line-height:normal\"><span style=\"font-family:Calibri,sans-serif\"><a href=\"https:\/\/olhardigital.com.br\/2024\/09\/21\/pro\/plastico-do-futuro-como-aposta-da-lego-pode-mudar-celulares-e-notebooks\/\" style=\"color:blue; text-decoration:underline\"><span style=\"font-size:14.0pt\">Pl&aacute;stico do futuro: como aposta da Lego pode mudar celulares e notebooks<\/span><\/a><\/span><\/span><\/span><\/p>\r\n\r\n<p style=\"text-align:justify\"><span style=\"font-size:28pt\"><span style=\"font-family:Cambria,serif\"><span style=\"letter-spacing:-0.5pt\"><b><span style=\"font-size:18.0pt\"><span style=\"font-family:&quot;Calibri&quot;,sans-serif\"><span style=\"font-variant:small-caps\">Com&eacute;rcio Exterior<\/span><\/span><\/span><\/b><\/span><\/span><\/span><\/p>\r\n\r\n<p style=\"text-align:justify\"><span style=\"font-size:11pt\"><span style=\"line-height:normal\"><span style=\"font-family:Calibri,sans-serif\"><a href=\"https:\/\/www.cnnbrasil.com.br\/economia\/macroeconomia\/em-decisao-polemica-governo-eleva-tarifas-de-importacao-para-30-produtos-quimicos\/\" style=\"color:blue; text-decoration:underline\"><span style=\"font-size:14.0pt\">Em decis&atilde;o pol&ecirc;mica, governo eleva tarifas de importa&ccedil;&atilde;o para 30 produtos qu&iacute;micos<\/span><\/a><\/span><\/span><\/span><\/p>\r\n\r\n<p style=\"text-align:justify\"><span style=\"font-size:11pt\"><span style=\"line-height:normal\"><span style=\"font-family:Calibri,sans-serif\"><a href=\"https:\/\/www.gov.br\/mdic\/pt-br\/assuntos\/noticias\/2024\/setembro\/dialogo-comercial-brasil-eua-recolhe-sugestoes-do-setor-privado\" style=\"color:blue; text-decoration:underline\"><span style=\"font-size:14.0pt\">Di&aacute;logo Comercial Brasil-EUA recolhe sugest&otilde;es do setor privado<\/span><\/a><\/span><\/span><\/span><\/p>\r\n\r\n<p style=\"text-align:justify\"><span style=\"font-size:11pt\"><span style=\"line-height:normal\"><span style=\"font-family:Calibri,sans-serif\"><a href=\"https:\/\/noticias.portaldaindustria.com.br\/noticias\/internacional\/brasil-alemanha-acordo-para-evitar-dupla-tributacao-e-prioridade-brasileira-em-encontro-economico\/\" style=\"color:blue; text-decoration:underline\"><span style=\"font-size:14.0pt\">Brasil-Alemanha: acordo para evitar dupla tributa&ccedil;&atilde;o &eacute; prioridade brasileira em encontro econ&ocirc;mico<\/span><\/a><\/span><\/span><\/span><\/p>\r\n\r\n<p style=\"text-align:justify\"><span style=\"font-size:28pt\"><span style=\"font-family:Cambria,serif\"><span style=\"letter-spacing:-0.5pt\"><b><span style=\"font-size:18.0pt\"><span style=\"font-family:&quot;Calibri&quot;,sans-serif\"><span style=\"font-variant:small-caps\">Economia<\/span><\/span><\/span><\/b><\/span><\/span><\/span><\/p>\r\n\r\n<p style=\"text-align:justify\"><span style=\"font-size:11pt\"><span style=\"line-height:normal\"><span style=\"font-family:Calibri,sans-serif\"><a href=\"https:\/\/www.bcb.gov.br\/content\/focus\/focus\/R20240920.pdf\" style=\"color:blue; text-decoration:underline\"><span style=\"font-size:14.0pt\">Focus - Relat&oacute;rio de Mercado<\/span><\/a><\/span><\/span><\/span><\/p>\r\n\r\n<p style=\"text-align:justify\"><span style=\"font-size:11pt\"><span style=\"line-height:normal\"><span style=\"font-family:Calibri,sans-serif\"><a href=\"https:\/\/agenciabrasil.ebc.com.br\/economia\/noticia\/2024-09\/economia-recua-01-na-passagem-de-junho-para-julho-diz-fgv\" style=\"color:blue; text-decoration:underline\"><span style=\"font-size:14.0pt\">Economia recua 0,1% na passagem de junho para julho, diz a FGV<\/span><\/a><\/span><\/span><\/span><\/p>\r\n\r\n<p style=\"text-align:justify\"><span style=\"font-size:11pt\"><span style=\"line-height:normal\"><span style=\"font-family:Calibri,sans-serif\"><a href=\"https:\/\/www.eiu.com\/n\/fed-opts-for-hawkish-50-with-unemployment-set-to-rise\/?utm_source=mkt-newsletter&amp;utm_medium=email&amp;utm_campaign=foce&amp;utm_content=20-sep-2024&amp;mkt_tok=NzUzLVJJUS00MzgAAAGVsHM-GkM2JGycNZOfwZTvG5MQOHVK26PxzQv3UMi3ooBa4Gk8A_q8rZ3KdVaqy-KDIC-tKrqY5DZFrmec_Hpb7JfE2oDfrfFlwO7fqDfDNLZqj08\" style=\"color:blue; text-decoration:underline\"><span lang=\"EN-US\" style=\"font-size:14.0pt\">Fed opts for &ldquo;hawkish 50&rdquo;, with unemployment set to rise<\/span><\/a><\/span><\/span><\/span><\/p>\r\n\r\n<p style=\"text-align:justify\"><img src=\"https:\/\/www.abint.org.br\/assets\/img\/editor\/redes-sociais-abint-ctg-cth_20240904135709sSIkVHItU6.jpg\" \/><\/p>\r\n","texto_en":"","7":"","imagem":"COMP_capa-2024-site-boletim-abint-noticias-semanis_20240924181642v0zEYpwiRg.jpg","8":"COMP_capa-2024-site-boletim-abint-noticias-semanis_20240924181642v0zEYpwiRg.jpg","arquivo":"20240924-BOLETIM-ABINT-DE-NOTICIAS-SEMANAIS.PDF","9":"20240924-BOLETIM-ABINT-DE-NOTICIAS-SEMANAIS.PDF","titulo_arquivo":"20240924 Boletim ABINT de Not\u00edcias Semanais","10":"20240924 Boletim ABINT de Not\u00edcias Semanais","titulo_arquivo_en":"","11":"","created_at":"2024-09-24 18:16:52","12":"2024-09-24 18:16:52","updated_at":"2024-09-24 18:16:52","13":"2024-09-24 18:16:52"},{"id":136,"0":136,"ordem":87,"1":87,"data":"2024-09-17","2":"2024-09-17","slug":"boletim-abint-de-noticias-semanais-47","3":"boletim-abint-de-noticias-semanais-47","titulo":"Boletim ABINT de Not\u00edcias Semanais","4":"Boletim ABINT de Not\u00edcias Semanais","titulo_en":"","5":"","texto":"<p style=\"text-align:justify\"><span style=\"font-size:11pt\"><span style=\"line-height:normal\"><span style=\"font-family:Calibri,sans-serif\"><span style=\"font-size:14.0pt\">Esta &eacute; uma compila&ccedil;&atilde;o das not&iacute;cias mais relevantes para o setor, incluindo informa&ccedil;&otilde;es sobre acordos internacionais, economia brasileira, sustentabilidade e mat&eacute;rias primas, al&eacute;m de novidades do setor de N&atilde;otecidos e Tecidos T&eacute;cnicos.<\/span><\/span><\/span><\/span><\/p>\r\n\r\n<p class=\"MsoTitle\" style=\"text-align:justify\"><b><span style=\"font-size:18.0pt\"><span style=\"line-height:115%\"><span style=\"font-family:&quot;Calibri&quot;,sans-serif\"><span style=\"font-variant:small-caps\">O que vem por a&iacute;<\/span><\/span><\/span><\/span><\/b><\/p>\r\n\r\n<p class=\"MsoTitle\" style=\"text-align:justify\">&nbsp;<\/p>\r\n\r\n<p class=\"MsoTitle\" style=\"text-align:justify\"><b><img src=\"https:\/\/www.abint.org.br\/assets\/img\/editor\/abint-logo-2020-g_20240904132243faaawqQf1G.png\" style=\"width: 300px; height: 69px;\" \/><\/b><\/p>\r\n\r\n<p class=\"MsoTitle\" style=\"text-align:justify\">&nbsp;<\/p>\r\n\r\n<p style=\"text-align:justify; margin-bottom:20px\"><span style=\"font-size:18px\"><span style=\"box-sizing:border-box\"><span style=\"line-height:1.5\"><span style=\"color:#313f48\"><span style=\"font-family:&quot;Roboto Condensed&quot;, Helvetica, Arial, sans-serif\"><span style=\"font-style:normal\"><span style=\"font-variant-ligatures:normal\"><span style=\"font-weight:400\"><span style=\"white-space:normal\"><span style=\"background-color:#ffffff\"><span style=\"text-decoration-thickness:initial\"><span style=\"text-decoration-style:initial\"><span style=\"text-decoration-color:initial\"><font face=\"Calibri, sans-serif\"><font style=\"box-sizing:border-box\"><span style=\"font-size:24px\"><span style=\"box-sizing:border-box\"><span style=\"letter-spacing:-0.666667px\"><b style=\"box-sizing:border-box; font-weight:bolder\"><img src=\"https:\/\/www.abint.org.br\/assets\/img\/editor\/post-quadrado-curso-naotecido_20240910165107QevEOws8Be.jpg\" style=\"box-sizing:border-box; border-style:none; width:500px; height:500px\" \/><\/b><\/span><\/span><\/span><\/font><\/font><\/span><\/span><\/span><\/span><\/span><\/span><\/span><\/span><\/span><\/span><\/span><\/span><\/span><\/p>\r\n\r\n<p style=\"text-align:justify; margin-bottom:20px\"><span style=\"font-size:18px\"><span style=\"box-sizing:border-box\"><span style=\"line-height:1.5\"><span style=\"color:#313f48\"><span style=\"font-family:&quot;Roboto Condensed&quot;, Helvetica, Arial, sans-serif\"><span style=\"font-style:normal\"><span style=\"font-variant-ligatures:normal\"><span style=\"font-weight:400\"><span style=\"white-space:normal\"><span style=\"background-color:#ffffff\"><span style=\"text-decoration-thickness:initial\"><span style=\"text-decoration-style:initial\"><span style=\"text-decoration-color:initial\"><span style=\"font-size:11pt\"><span style=\"box-sizing:border-box\"><span style=\"box-sizing:border-box\"><span style=\"line-height:normal\"><span style=\"box-sizing:border-box\"><span style=\"font-family:Calibri, sans-serif\"><a href=\"https:\/\/forms.office.com\/r\/5DrqtK5n3Y\" style=\"box-sizing:border-box; text-decoration:underline; color:blue; transition:color 0.3s\"><span style=\"font-size:14pt\"><span style=\"box-sizing:border-box\">INFORMA&Ccedil;&Otilde;ES E INSCRI&Ccedil;&Otilde;ES<\/span><\/span><\/a><\/span><\/span><\/span><\/span><\/span><\/span><\/span><\/span><\/span><\/span><\/span><\/span><\/span><\/span><\/span><\/span><\/span><\/span><\/span><\/p>\r\n\r\n<p style=\"text-align:justify; margin-bottom:20px\"><span style=\"font-size:18px\"><span style=\"box-sizing:border-box\"><span style=\"line-height:1.5\"><span style=\"color:#313f48\"><span style=\"font-family:&quot;Roboto Condensed&quot;, Helvetica, Arial, sans-serif\"><span style=\"font-style:normal\"><span style=\"font-variant-ligatures:normal\"><span style=\"font-weight:400\"><span style=\"white-space:normal\"><span style=\"background-color:#ffffff\"><span style=\"text-decoration-thickness:initial\"><span style=\"text-decoration-style:initial\"><span style=\"text-decoration-color:initial\">&nbsp;<\/span><\/span><\/span><\/span><\/span><\/span><\/span><\/span><\/span><\/span><\/span><\/span><\/span><\/p>\r\n\r\n<p style=\"text-align:justify; margin-bottom:20px\"><span style=\"font-size:18px\"><span style=\"box-sizing:border-box\"><span style=\"line-height:1.5\"><span style=\"color:#313f48\"><span style=\"font-family:&quot;Roboto Condensed&quot;, Helvetica, Arial, sans-serif\"><span style=\"font-style:normal\"><span style=\"font-variant-ligatures:normal\"><span style=\"font-weight:400\"><span style=\"white-space:normal\"><span style=\"background-color:#ffffff\"><span style=\"text-decoration-thickness:initial\"><span style=\"text-decoration-style:initial\"><span style=\"text-decoration-color:initial\">A&nbsp;<b style=\"box-sizing:border-box; font-weight:bolder\">ABINT<\/b>&nbsp;&eacute; uma das&nbsp;<b style=\"box-sizing:border-box; font-weight:bolder\">patrocinadoras<\/b>&nbsp;do<b style=\"box-sizing:border-box; font-weight:bolder\">&nbsp;<a href=\"https:\/\/www.congressoabit.com.br\/\" style=\"box-sizing:border-box; text-decoration:none; color:inherit; transition:color 0.3s\">Congresso Internacional Abit 2024<\/a><\/b>, que ocorrer&aacute; dias 30 e 31 de outubro, no SENAI Cimatec, Salvador, BA.<\/span><\/span><\/span><\/span><\/span><\/span><\/span><\/span><\/span><\/span><\/span><\/span><\/span><\/p>\r\n\r\n<p style=\"text-align:start; margin-bottom:20px\"><span style=\"font-size:18px\"><span style=\"box-sizing:border-box\"><span style=\"line-height:1.5\"><span style=\"color:#313f48\"><span style=\"font-family:&quot;Roboto Condensed&quot;, Helvetica, Arial, sans-serif\"><span style=\"font-style:normal\"><span style=\"font-variant-ligatures:normal\"><span style=\"font-weight:400\"><span style=\"white-space:normal\"><span style=\"background-color:#ffffff\"><span style=\"text-decoration-thickness:initial\"><span style=\"text-decoration-style:initial\"><span style=\"text-decoration-color:initial\"><img src=\"https:\/\/www.abint.org.br\/assets\/img\/editor\/congresso-internacional-abit-2024_20240904134237MDZahAJwq8.jpg\" style=\"box-sizing:border-box; border-style:none; max-width:100%; width:auto; height:auto; object-fit:contain\" \/><\/span><\/span><\/span><\/span><\/span><\/span><\/span><\/span><\/span><\/span><\/span><\/span><\/span><\/p>\r\n\r\n<p style=\"text-align:start; margin-bottom:20px\"><span style=\"font-size:18px\"><span style=\"box-sizing:border-box\"><span style=\"line-height:1.5\"><span style=\"color:#313f48\"><span style=\"font-family:&quot;Roboto Condensed&quot;, Helvetica, Arial, sans-serif\"><span style=\"font-style:normal\"><span style=\"font-variant-ligatures:normal\"><span style=\"font-weight:400\"><span style=\"white-space:normal\"><span style=\"background-color:#ffffff\"><span style=\"text-decoration-thickness:initial\"><span style=\"text-decoration-style:initial\"><span style=\"text-decoration-color:initial\">&nbsp;<\/span><\/span><\/span><\/span><\/span><\/span><\/span><\/span><\/span><\/span><\/span><\/span><\/span><\/p>\r\n\r\n<p style=\"text-align:start; margin-bottom:20px\">&nbsp;<\/p>\r\n\r\n<p style=\"text-align:start; margin-bottom:20px\"><span style=\"font-size:18px\"><span style=\"box-sizing:border-box\"><span style=\"line-height:1.5\"><span style=\"color:#313f48\"><span style=\"font-family:&quot;Roboto Condensed&quot;, Helvetica, Arial, sans-serif\"><span style=\"font-style:normal\"><span style=\"font-variant-ligatures:normal\"><span style=\"font-weight:400\"><span style=\"white-space:normal\"><span style=\"background-color:#ffffff\"><span style=\"text-decoration-thickness:initial\"><span style=\"text-decoration-style:initial\"><span style=\"text-decoration-color:initial\"><img src=\"https:\/\/www.abint.org.br\/assets\/img\/editor\/logo-ctg-abint-jpg_20240904134317C3JFRe5hO8.jpg\" style=\"box-sizing:border-box; border-style:none; max-width:100%; width:300px; height:55px; object-fit:contain\" \/><\/span><\/span><\/span><\/span><\/span><\/span><\/span><\/span><\/span><\/span><\/span><\/span><\/span><\/p>\r\n\r\n<p style=\"text-align:start; margin-bottom:20px\"><span style=\"font-size:18px\"><span style=\"box-sizing:border-box\"><span style=\"line-height:1.5\"><span style=\"color:#313f48\"><span style=\"font-family:&quot;Roboto Condensed&quot;, Helvetica, Arial, sans-serif\"><span style=\"font-style:normal\"><span style=\"font-variant-ligatures:normal\"><span style=\"font-weight:400\"><span style=\"white-space:normal\"><span style=\"background-color:#ffffff\"><span style=\"text-decoration-thickness:initial\"><span style=\"text-decoration-style:initial\"><span style=\"text-decoration-color:initial\">&nbsp;<\/span><\/span><\/span><\/span><\/span><\/span><\/span><\/span><\/span><\/span><\/span><\/span><\/span><span style=\"font-size:18px\"><span style=\"box-sizing:border-box\"><span style=\"line-height:1.5\"><span style=\"color:#313f48\"><span style=\"font-family:&quot;Roboto Condensed&quot;, Helvetica, Arial, sans-serif\"><span style=\"font-style:normal\"><span style=\"font-variant-ligatures:normal\"><span style=\"font-weight:400\"><span style=\"white-space:normal\"><span style=\"background-color:#ffffff\"><span style=\"text-decoration-thickness:initial\"><span style=\"text-decoration-style:initial\"><span style=\"text-decoration-color:initial\"><img src=\"https:\/\/www.abint.org.br\/assets\/img\/editor\/cobramseg-2024_20240904135224Z2sV4nJRyT.jpg\" style=\"box-sizing:border-box; border-style:none; max-width:100%; width:auto; height:auto; object-fit:contain\" \/><\/span><\/span><\/span><\/span><\/span><\/span><\/span><\/span><\/span><\/span><\/span><\/span><\/span><\/p>\r\n\r\n<p style=\"text-align:start; margin-bottom:20px\"><span style=\"font-size:18px\"><span style=\"box-sizing:border-box\"><span style=\"line-height:1.5\"><span style=\"color:#313f48\"><span style=\"font-family:&quot;Roboto Condensed&quot;, Helvetica, Arial, sans-serif\"><span style=\"font-style:normal\"><span style=\"font-variant-ligatures:normal\"><span style=\"font-weight:400\"><span style=\"white-space:normal\"><span style=\"background-color:#ffffff\"><span style=\"text-decoration-thickness:initial\"><span style=\"text-decoration-style:initial\"><span style=\"text-decoration-color:initial\"><b style=\"box-sizing:border-box; font-weight:bolder\">O CTG ABINT &eacute; um dos patrocinadores da 21&ordf; edi&ccedil;&atilde;o do Cobramseg &ndash; Congresso Brasileiro de Mec&acirc;nica dos Solos e Engenharia Geot&eacute;cnica.<\/b><\/span><\/span><\/span><\/span><\/span><\/span><\/span><\/span><\/span><\/span><\/span><\/span><\/span><\/p>\r\n\r\n<p style=\"text-align:start; margin-bottom:20px\"><span style=\"font-size:18px\"><span style=\"box-sizing:border-box\"><span style=\"line-height:1.5\"><span style=\"color:#313f48\"><span style=\"font-family:&quot;Roboto Condensed&quot;, Helvetica, Arial, sans-serif\"><span style=\"font-style:normal\"><span style=\"font-variant-ligatures:normal\"><span style=\"font-weight:400\"><span style=\"white-space:normal\"><span style=\"background-color:#ffffff\"><span style=\"text-decoration-thickness:initial\"><span style=\"text-decoration-style:initial\"><span style=\"text-decoration-color:initial\">&ldquo;<i style=\"box-sizing:border-box\">Nos reunimos para celebrar a Mec&acirc;nica dos Solos e das Rochas, da GeoEngenharia! Academia, Ind&uacute;stria e &Oacute;rg&atilde;os Gestores unidos para expor seus avan&ccedil;os t&eacute;cnicos e cient&iacute;ficos. Um ambiente rico e diverso que nos permite debater solu&ccedil;&otilde;es e a&ccedil;&otilde;es de forma a fortalecer nossa comunidade geot&eacute;cnica, visando proporcionar um desenvolvimento mais sustent&aacute;vel e seguro para a nossa sociedade<\/i>.&rdquo; V&iacute;tor Pereira Faro, Presidente do COBRAMSEG 2024<\/span><\/span><\/span><\/span><\/span><\/span><\/span><\/span><\/span><\/span><\/span><\/span><\/span><\/p>\r\n\r\n<p style=\"text-align:start; margin-bottom:20px\"><span style=\"font-size:18px\"><span style=\"box-sizing:border-box\"><span style=\"line-height:1.5\"><span style=\"color:#313f48\"><span style=\"font-family:&quot;Roboto Condensed&quot;, Helvetica, Arial, sans-serif\"><span style=\"font-style:normal\"><span style=\"font-variant-ligatures:normal\"><span style=\"font-weight:400\"><span style=\"white-space:normal\"><span style=\"background-color:#ffffff\"><span style=\"text-decoration-thickness:initial\"><span style=\"text-decoration-style:initial\"><span style=\"text-decoration-color:initial\"><a href=\"http:\/\/www.cobramseg.com.br\/\" style=\"box-sizing:border-box; text-decoration:none; color:#008fd5; transition:color 0.3s\">www.cobramseg.com.br<\/a><\/span><\/span><\/span><\/span><\/span><\/span><\/span><\/span><\/span><\/span><\/span><\/span><\/span><\/p>\r\n\r\n<p style=\"text-align:start; margin-bottom:20px\"><span style=\"font-size:18px\"><span style=\"box-sizing:border-box\"><span style=\"line-height:1.5\"><span style=\"color:#313f48\"><span style=\"font-family:&quot;Roboto Condensed&quot;, Helvetica, Arial, sans-serif\"><span style=\"font-style:normal\"><span style=\"font-variant-ligatures:normal\"><span style=\"font-weight:400\"><span style=\"white-space:normal\"><span style=\"background-color:#ffffff\"><span style=\"text-decoration-thickness:initial\"><span style=\"text-decoration-style:initial\"><span style=\"text-decoration-color:initial\">&nbsp;<\/span><\/span><\/span><\/span><\/span><\/span><\/span><\/span><\/span><\/span><\/span><\/span><\/span><\/p>\r\n\r\n<p style=\"text-align:start; margin-bottom:20px\"><span style=\"font-size:18px\"><span style=\"box-sizing:border-box\"><span style=\"line-height:1.5\"><span style=\"color:#313f48\"><span style=\"font-family:&quot;Roboto Condensed&quot;, Helvetica, Arial, sans-serif\"><span style=\"font-style:normal\"><span style=\"font-variant-ligatures:normal\"><span style=\"font-weight:400\"><span style=\"white-space:normal\"><span style=\"background-color:#ffffff\"><span style=\"text-decoration-thickness:initial\"><span style=\"text-decoration-style:initial\"><span style=\"text-decoration-color:initial\"><img src=\"https:\/\/www.abint.org.br\/assets\/img\/editor\/fenasan-2024_20240904135314a8pkkJgG8Z.jpg\" style=\"box-sizing:border-box; border-style:none; max-width:100%; width:500px; height:733px; object-fit:contain\" \/><\/span><\/span><\/span><\/span><\/span><\/span><\/span><\/span><\/span><\/span><\/span><\/span><\/span><\/p>\r\n\r\n<p style=\"text-align:start; margin-bottom:20px\"><span style=\"font-size:18px\"><span style=\"box-sizing:border-box\"><span style=\"line-height:1.5\"><span style=\"color:#313f48\"><span style=\"font-family:&quot;Roboto Condensed&quot;, Helvetica, Arial, sans-serif\"><span style=\"font-style:normal\"><span style=\"font-variant-ligatures:normal\"><span style=\"font-weight:400\"><span style=\"white-space:normal\"><span style=\"background-color:#ffffff\"><span style=\"text-decoration-thickness:initial\"><span style=\"text-decoration-style:initial\"><span style=\"text-decoration-color:initial\">&nbsp;<\/span><\/span><\/span><\/span><\/span><\/span><\/span><\/span><\/span><\/span><\/span><\/span><\/span><\/p>\r\n\r\n<p style=\"text-align:start; margin-bottom:20px\"><span style=\"font-size:18px\"><span style=\"box-sizing:border-box\"><span style=\"line-height:1.5\"><span style=\"color:#313f48\"><span style=\"font-family:&quot;Roboto Condensed&quot;, Helvetica, Arial, sans-serif\"><span style=\"font-style:normal\"><span style=\"font-variant-ligatures:normal\"><span style=\"font-weight:400\"><span style=\"white-space:normal\"><span style=\"background-color:#ffffff\"><span style=\"text-decoration-thickness:initial\"><span style=\"text-decoration-style:initial\"><span style=\"text-decoration-color:initial\">O&nbsp;<b style=\"box-sizing:border-box; font-weight:bolder\">CTG ABINT apoia a Feira Nacional de Saneamento e Meio Ambiente &ndash; Fenasan e do 35&ordm; Encontro T&eacute;cnico AESabesp, que ocorrer&atilde;o de 22 a 24 de outubro de 2024<\/b>, no Pavilh&atilde;o Verde e Vermelho, no Expo Center Norte, em S&atilde;o Paulo. Trata-se do maior evento de saneamento da Am&eacute;rica Latin. A realiza&ccedil;&atilde;o &eacute; da AESabesp &ndash; Associa&ccedil;&atilde;o dos Engenheiros da Sabesp.<\/span><\/span><\/span><\/span><\/span><\/span><\/span><\/span><\/span><\/span><\/span><\/span><\/span><\/p>\r\n\r\n<p style=\"text-align:start; margin-bottom:20px\"><span style=\"font-size:18px\"><span style=\"box-sizing:border-box\"><span style=\"line-height:1.5\"><span style=\"color:#313f48\"><span style=\"font-family:&quot;Roboto Condensed&quot;, Helvetica, Arial, sans-serif\"><span style=\"font-style:normal\"><span style=\"font-variant-ligatures:normal\"><span style=\"font-weight:400\"><span style=\"white-space:normal\"><span style=\"background-color:#ffffff\"><span style=\"text-decoration-thickness:initial\"><span style=\"text-decoration-style:initial\"><span style=\"text-decoration-color:initial\"><i style=\"box-sizing:border-box\">O tema central desta edi&ccedil;&atilde;o &eacute; &ldquo;Saneamento ambiental: condi&ccedil;&atilde;o fundamental para o enfrentamento das mudan&ccedil;as clim&aacute;ticas&rdquo;. Com um p&uacute;blico tradicionalmente de 22 mil visitantes e alinhada aos ODS &ndash; Objetivos de Desenvolvimento Sustent&aacute;vel estabelecidos pela ONU e aos conceitos de ESG, a edi&ccedil;&atilde;o 2024 continuar&aacute; ampliando o di&aacute;logo em torno das quest&otilde;es de saneamento ambiental, meio ambiente e sustentabilidade e promovendo o compartilhamento de conhecimento altamente qualificado.<\/i><\/span><\/span><\/span><\/span><\/span><\/span><\/span><\/span><\/span><\/span><\/span><\/span><\/span><\/p>\r\n\r\n<p style=\"text-align:start; margin-bottom:20px\"><span style=\"font-size:18px\"><span style=\"box-sizing:border-box\"><span style=\"line-height:1.5\"><span style=\"color:#313f48\"><span style=\"font-family:&quot;Roboto Condensed&quot;, Helvetica, Arial, sans-serif\"><span style=\"font-style:normal\"><span style=\"font-variant-ligatures:normal\"><span style=\"font-weight:400\"><span style=\"white-space:normal\"><span style=\"background-color:#ffffff\"><span style=\"text-decoration-thickness:initial\"><span style=\"text-decoration-style:initial\"><span style=\"text-decoration-color:initial\"><a href=\"http:\/\/www.fenasan.com.br\/\" style=\"box-sizing:border-box; text-decoration:none; color:#008fd5; transition:color 0.3s\">www.fenasan.com.br<\/a><\/span><\/span><\/span><\/span><\/span><\/span><\/span><\/span><\/span><\/span><\/span><\/span><\/span><\/p>\r\n\r\n<p style=\"text-align:start; margin-bottom:20px\"><span style=\"font-size:18px\"><span style=\"box-sizing:border-box\"><span style=\"line-height:1.5\"><span style=\"color:#313f48\"><span style=\"font-family:&quot;Roboto Condensed&quot;, Helvetica, Arial, sans-serif\"><span style=\"font-style:normal\"><span style=\"font-variant-ligatures:normal\"><span style=\"font-weight:400\"><span style=\"white-space:normal\"><span style=\"background-color:#ffffff\"><span style=\"text-decoration-thickness:initial\"><span style=\"text-decoration-style:initial\"><span style=\"text-decoration-color:initial\">&nbsp;<\/span><\/span><\/span><\/span><\/span><\/span><\/span><\/span><\/span><\/span><\/span><\/span><\/span><\/p>\r\n\r\n<p style=\"text-align:start; margin-bottom:20px\"><span style=\"font-size:18px\"><span style=\"box-sizing:border-box\"><span style=\"line-height:1.5\"><span style=\"color:#313f48\"><span style=\"font-family:&quot;Roboto Condensed&quot;, Helvetica, Arial, sans-serif\"><span style=\"font-style:normal\"><span style=\"font-variant-ligatures:normal\"><span style=\"font-weight:400\"><span style=\"white-space:normal\"><span style=\"background-color:#ffffff\"><span style=\"text-decoration-thickness:initial\"><span style=\"text-decoration-style:initial\"><span style=\"text-decoration-color:initial\"><img src=\"https:\/\/www.abint.org.br\/assets\/img\/editor\/cth-logo-alta-jpg_20240904134558I6qw2pBRZt.jpg\" style=\"box-sizing:border-box; border-style:none; max-width:100%; width:300px; height:68px; object-fit:contain\" \/><\/span><\/span><\/span><\/span><\/span><\/span><\/span><\/span><\/span><\/span><\/span><\/span><\/span><\/p>\r\n\r\n<p style=\"text-align:start; margin-bottom:20px\"><span style=\"font-size:18px\"><span style=\"box-sizing:border-box\"><span style=\"line-height:1.5\"><span style=\"color:#313f48\"><span style=\"font-family:&quot;Roboto Condensed&quot;, Helvetica, Arial, sans-serif\"><span style=\"font-style:normal\"><span style=\"font-variant-ligatures:normal\"><span style=\"font-weight:400\"><span style=\"white-space:normal\"><span style=\"background-color:#ffffff\"><span style=\"text-decoration-thickness:initial\"><span style=\"text-decoration-style:initial\"><span style=\"text-decoration-color:initial\"><img src=\"https:\/\/www.abint.org.br\/assets\/img\/editor\/hospitalmed-2024-story-cth-abint_20240904134515hOjyRRpXlX.png\" style=\"box-sizing:border-box; border-style:none; max-width:100%; width:500px; height:889px; object-fit:contain\" \/><\/span><\/span><\/span><\/span><\/span><\/span><\/span><\/span><\/span><\/span><\/span><\/span><\/span><\/p>\r\n\r\n<p style=\"text-align:start; margin-bottom:20px\"><span style=\"font-size:18px\"><span style=\"box-sizing:border-box\"><span style=\"line-height:1.5\"><span style=\"color:#313f48\"><span style=\"font-family:&quot;Roboto Condensed&quot;, Helvetica, Arial, sans-serif\"><span style=\"font-style:normal\"><span style=\"font-variant-ligatures:normal\"><span style=\"font-weight:400\"><span style=\"white-space:normal\"><span style=\"background-color:#ffffff\"><span style=\"text-decoration-thickness:initial\"><span style=\"text-decoration-style:initial\"><span style=\"text-decoration-color:initial\"><b style=\"box-sizing:border-box; font-weight:bolder\">O CTH ABINT &eacute; um dos patrocinadores da HospitalMed 2024.<\/b><\/span><\/span><\/span><\/span><\/span><\/span><\/span><\/span><\/span><\/span><\/span><\/span><\/span><\/p>\r\n\r\n<p style=\"text-align:start; margin-bottom:20px\"><span style=\"font-size:18px\"><span style=\"box-sizing:border-box\"><span style=\"line-height:1.5\"><span style=\"color:#313f48\"><span style=\"font-family:&quot;Roboto Condensed&quot;, Helvetica, Arial, sans-serif\"><span style=\"font-style:normal\"><span style=\"font-variant-ligatures:normal\"><span style=\"font-weight:400\"><span style=\"white-space:normal\"><span style=\"background-color:#ffffff\"><span style=\"text-decoration-thickness:initial\"><span style=\"text-decoration-style:initial\"><span style=\"text-decoration-color:initial\">&ldquo;<i style=\"box-sizing:border-box\">A melhor e Mais Completa Feira de Sa&uacute;de do Norte\/Nordeste<\/i>&rdquo;, &eacute; uma realiza&ccedil;&atilde;o da HospitalMed Feiras &amp; Eventos e da Insight Feiras de Neg&oacute;cios.<\/span><\/span><\/span><\/span><\/span><\/span><\/span><\/span><\/span><\/span><\/span><\/span><\/span><\/p>\r\n\r\n<p style=\"text-align:start; margin-bottom:20px\"><span style=\"font-size:18px\"><span style=\"box-sizing:border-box\"><span style=\"line-height:1.5\"><span style=\"color:#313f48\"><span style=\"font-family:&quot;Roboto Condensed&quot;, Helvetica, Arial, sans-serif\"><span style=\"font-style:normal\"><span style=\"font-variant-ligatures:normal\"><span style=\"font-weight:400\"><span style=\"white-space:normal\"><span style=\"background-color:#ffffff\"><span style=\"text-decoration-thickness:initial\"><span style=\"text-decoration-style:initial\"><span style=\"text-decoration-color:initial\"><i style=\"box-sizing:border-box\">&ldquo;O&nbsp;<b style=\"box-sizing:border-box; font-weight:bolder\">re&uacute;ne toda a cadeia produtiva do setor de sa&uacute;de das regi&otilde;es Norte\/Nordeste<\/b>. &Eacute; o grande encontro de fornecedores de Produtos, Equipamentos, Servi&ccedil;os, Tecnologia e Conte&uacute;do para Hospitais, Laborat&oacute;rios, Farm&aacute;cias, Cl&iacute;nicas, Consult&oacute;rios e Profissionais da Sa&uacute;de&rdquo;.<\/i><\/span><\/span><\/span><\/span><\/span><\/span><\/span><\/span><\/span><\/span><\/span><\/span><\/span><\/p>\r\n\r\n<p style=\"text-align:start; margin-bottom:20px\"><span style=\"font-size:18px\"><span style=\"box-sizing:border-box\"><span style=\"line-height:1.5\"><span style=\"color:#313f48\"><span style=\"font-family:&quot;Roboto Condensed&quot;, Helvetica, Arial, sans-serif\"><span style=\"font-style:normal\"><span style=\"font-variant-ligatures:normal\"><span style=\"font-weight:400\"><span style=\"white-space:normal\"><span style=\"background-color:#ffffff\"><span style=\"text-decoration-thickness:initial\"><span style=\"text-decoration-style:initial\"><span style=\"text-decoration-color:initial\"><a href=\"http:\/\/www.hospitalmed.com.br\/\" style=\"box-sizing:border-box; text-decoration:none; color:#008fd5; transition:color 0.3s\">www.hospitalmed.com.br<\/a><\/span><\/span><\/span><\/span><\/span><\/span><\/span><\/span><\/span><\/span><\/span><\/span><\/span><\/p>\r\n\r\n<p class=\"MsoTitle\" style=\"text-align:justify\"><span style=\"font-size:28pt\"><span style=\"font-family:Cambria,serif\"><span style=\"letter-spacing:-0.5pt\"><b><span style=\"font-size:18.0pt\"><span style=\"font-family:&quot;Calibri&quot;,sans-serif\"><span style=\"font-variant:small-caps\">Not&iacute;cias das Associadas<\/span><\/span><\/span><\/b><\/span><\/span><\/span><\/p>\r\n\r\n<p style=\"text-align:justify\"><span style=\"font-size:11pt\"><span style=\"line-height:normal\"><span style=\"font-family:Calibri,sans-serif\"><a href=\"https:\/\/www.meiofiltrante.com.br\/Noticia\/127944\/naotecidos-na-filtracao-evolucao-e-desafios\" style=\"color:blue; text-decoration:underline\"><span style=\"font-size:14.0pt\">ABINT | N&atilde;otecidos na Filtra&ccedil;&atilde;o: evolu&ccedil;&atilde;o e desafios<\/span><\/a><\/span><\/span><\/span><\/p>\r\n\r\n<p style=\"text-align:justify\"><span style=\"font-size:11pt\"><span style=\"line-height:normal\"><span style=\"font-family:Calibri,sans-serif\"><a href=\"https:\/\/www.abctecnologias.com.br\/lancamentos-e-novidades\/abc-tecnologias-reforca-inovacao-e-qualidade-no-mercado-com-participacao-no-curso-de-instalacao-de-geomembranas\/?utm_source=ABC+Tecnologias&amp;utm_campaign=01f83fe06e-CAMPANHA_RSS_POSTS_SITE&amp;utm_medium=email&amp;utm_term=0_01821b5e7f-01f83fe06e-468976694\" style=\"color:blue; text-decoration:underline\"><span style=\"font-size:14.0pt\">ABC Tecnologias Refor&ccedil;a Inova&ccedil;&atilde;o e Qualidade no Mercado com Participa&ccedil;&atilde;o no Curso de Instala&ccedil;&atilde;o de Geomembranas<\/span><\/a><\/span><\/span><\/span><\/p>\r\n\r\n<p style=\"text-align:justify\"><span style=\"font-size:11pt\"><span style=\"line-height:normal\"><span style=\"font-family:Calibri,sans-serif\"><a href=\"https:\/\/tissueonline.com.br\/andritz-fornecera-o-yankee-eco-steam-system-para-a-essity-na-inglaterra\/\" style=\"color:blue; text-decoration:underline\"><span style=\"font-size:14.0pt\">ANDRITZ fornecer&aacute; o Yankee Eco Steam System para a Essity, na Inglaterra<\/span><\/a><\/span><\/span><\/span><\/p>\r\n\r\n<p style=\"text-align:justify\"><span style=\"font-size:11pt\"><span style=\"line-height:normal\"><span style=\"font-family:Calibri,sans-serif\"><a href=\"https:\/\/www.nonwovens-industry.com\/contents\/view_breaking-news\/2024-09-12\/freudenberg-apparel-launches-film-bonding-series\/15303\" style=\"color:blue; text-decoration:underline\"><span lang=\"ES-AR\" style=\"font-size:14.0pt\">Freudenberg Apparel Launches Film Bonding Series<\/span><\/a><\/span><\/span><\/span><\/p>\r\n\r\n<p style=\"text-align:justify\"><span style=\"font-size:11pt\"><span style=\"line-height:normal\"><span style=\"font-family:Calibri,sans-serif\"><a href=\"https:\/\/www.nonwovens-industry.com\/issues\/2024-09\/view_editorials\/green-wipes-everyone-agrees\/53086\" style=\"color:blue; text-decoration:underline\"><span style=\"font-size:14.0pt\">Green Wipes&mdash;Everyone Agrees<\/span><\/a><\/span><\/span><\/span><\/p>\r\n\r\n<p style=\"text-align:justify\">&nbsp;<\/p>\r\n\r\n<p style=\"text-align:justify\"><span style=\"font-size:11pt\"><span style=\"line-height:normal\"><span style=\"font-family:Calibri,sans-serif\"><b><span style=\"font-size:18.0pt\"><span style=\"font-variant:small-caps\">Eventos<\/span><\/span><\/b><\/span><\/span><\/span><\/p>\r\n\r\n<p style=\"text-align:justify\">&nbsp;<\/p>\r\n\r\n<p style=\"text-align:justify\"><span style=\"font-size:11pt\"><span style=\"line-height:normal\"><span style=\"font-family:Calibri,sans-serif\"><a href=\"https:\/\/www.abrafiltros.org.br\/cursos\/\" style=\"color:blue; text-decoration:underline\"><b><span style=\"font-size:14.0pt\">Cursos Abrafiltros | Automatiza&ccedil;&atilde;o de Filtros de Manga<\/span><\/b><\/a><\/span><\/span><\/span><\/p>\r\n\r\n<p style=\"text-align:justify\"><span style=\"font-size:11pt\"><span style=\"line-height:normal\"><span style=\"font-family:Calibri,sans-serif\"><a href=\"https:\/\/conteudo.abimaq.org.br\/congresso\" style=\"color:blue; text-decoration:underline\"><b><span style=\"font-size:14.0pt\">9&ordm; Congresso da ABIMAQ<\/span><\/b><\/a><span style=\"font-size:14.0pt\"> discute Pol&iacute;tica industrial, produtividade e desenvolvimento no setor de M&aacute;quinas e Equipamentos, 17 de setembro, das 08h00 &agrave;s 13h30, na sede da ABIMAQ, Av. Jabaquara, 2925 &ndash; S&atilde;o Paulo\/SP<\/span><\/span><\/span><\/span><\/p>\r\n\r\n<p style=\"text-align:justify\"><span style=\"font-size:11pt\"><span style=\"line-height:normal\"><span style=\"font-family:Calibri,sans-serif\"><a href=\"https:\/\/abihpec.org.br\/mercado\/papo-de-mercado-abihpec\/\" style=\"color:blue; text-decoration:underline\"><b><span style=\"font-size:14.0pt\">Papo de Mercado ABIHPEC<\/span><\/b><\/a><span class=\"MsoHyperlink\" style=\"color:blue\"><span style=\"text-decoration:underline\"><b><span style=\"font-size:14.0pt\">,<\/span><\/b><\/span><\/span><span style=\"font-size:14.0pt\"> 23e 30 de setembro de 2024, 10h00 &agrave;s 12h00<\/span><\/span><\/span><\/span><\/p>\r\n\r\n<p style=\"text-align:justify\"><span style=\"font-size:11pt\"><span style=\"line-height:normal\"><span style=\"font-family:Calibri,sans-serif\"><a href=\"https:\/\/www.aatcc.org\/summit\/\" style=\"color:blue; text-decoration:underline\"><b><span lang=\"EN-US\" style=\"font-size:14.0pt\">AATCC&#39;s Textile Discovery Summit<\/span><\/b><\/a><span lang=\"EN-US\" style=\"font-size:14.0pt\">, October 6-8, 2024, The Westin Savannah Harbor 1 Resort Drive, Savannah, Ge&oacute;rgia, EUA<\/span><\/span><\/span><\/span><\/p>\r\n\r\n<p style=\"text-align:justify\"><span style=\"font-size:11pt\"><span style=\"line-height:normal\"><span style=\"font-family:Calibri,sans-serif\"><a href=\"https:\/\/www.even3.com.br\/xxxcntt\/\" style=\"color:blue; text-decoration:underline\"><b><span style=\"font-size:14.0pt\">30&ordm; Congresso Nacional de Tecnologia T&ecirc;xtil, Confec&ccedil;&atilde;o e Moda<\/span><\/b><\/a><span style=\"font-size:14.0pt\">, 08 a 11 de outubro de 2024, evento presencial, Apucarana\/ PR<\/span><\/span><\/span><\/span><\/p>\r\n\r\n<p style=\"text-align:justify\"><span style=\"font-size:11pt\"><span style=\"line-height:normal\"><span style=\"font-family:Calibri,sans-serif\"><a href=\"https:\/\/plasticosemrevista.com.br\/competitividade-2024-inscricao\/\" style=\"color:blue; text-decoration:underline\"><b><span style=\"font-size:14.0pt\">Pl&aacute;sticos em Revista | Semin&aacute;rio Competitividade<\/span><\/b><\/a><span style=\"font-size:14.0pt\">, 10 de outubro de 2024, Hotel Meli&aacute;, Av. Paulista, 2181<\/span><\/span><\/span><\/span><\/p>\r\n\r\n<p style=\"text-align:justify\"><span style=\"font-size:11pt\"><span style=\"line-height:normal\"><span style=\"font-family:Calibri,sans-serif\"><a href=\"http:\/\/www.fenasan.com.br\" style=\"color:blue; text-decoration:underline\"><b><span style=\"font-size:14.0pt\">Fenasan 2024 &ndash; Feira Nacional de Saneamento e Meio Ambiente<\/span><\/b><\/a><span style=\"font-size:14.0pt\">, 22 a 24 de outubro de 2024, Pavilh&otilde;es Verde e Vermelho, Expo Center Norte, S&atilde;o Paulo SP<\/span><\/span><\/span><\/span><\/p>\r\n\r\n<p style=\"text-align:justify\"><span style=\"font-size:11pt\"><span style=\"line-height:normal\"><span style=\"font-family:Calibri,sans-serif\"><a href=\"http:\/\/www.hospitalmed.com.br\" style=\"color:blue; text-decoration:underline\"><b><span style=\"font-size:14.0pt\">HospitalMed 2024<\/span><\/b><\/a><span style=\"font-size:14.0pt\">, 23 a 25 de outubro, das 14h &agrave;s 20h, no Pernambuco Centro de Conven&ccedil;&otilde;es<\/span><\/span><\/span><\/span><\/p>\r\n\r\n<p style=\"text-align:justify\"><span style=\"font-size:11pt\"><span style=\"line-height:normal\"><span style=\"font-family:Calibri,sans-serif\"><a href=\"https:\/\/www.abnteducacao.com.br\/Simbologia_de_cuidados_aplicada_a_Etiquetagem_de_Texteis_ABNT_NBR_NM_ISO_3758\" style=\"color:blue; text-decoration:underline\"><b><span style=\"font-size:14.0pt\">Simbologia de cuidados aplicada a Etiquetagem de T&ecirc;xteis<\/span><\/b><\/a><span style=\"font-size:14.0pt\">, 23 e 24 de outubro de 2024, 8h30 &agrave;s 17h30, evento online<\/span><\/span><\/span><\/span><\/p>\r\n\r\n<p style=\"text-align:justify\"><span style=\"font-size:11pt\"><span style=\"line-height:normal\"><span style=\"font-family:Calibri,sans-serif\"><a href=\"https:\/\/b20brazil.org\/#msdynttrid=6zt-Ug2nJO0FDfhoU9K0en-twuGAoU5aPF8EQm7neRo\" style=\"color:blue; text-decoration:underline\"><b><span lang=\"EN-US\" style=\"font-size:14.0pt\">B20 Summit Brasil 2024 - Inclusive Growth for a Sustainable Future<\/span><\/b><\/a><span lang=\"EN-US\" style=\"font-size:14.0pt\">, October 24th - 25th, 2024, Clube Atl&eacute;tico Monte L&iacute;bano, S&atilde;o Paulo, SP<\/span><\/span><\/span><\/span><\/p>\r\n\r\n<p style=\"text-align:justify\"><span style=\"font-size:11pt\"><span style=\"line-height:normal\"><span style=\"font-family:Calibri,sans-serif\"><a href=\"http:\/\/www.congressoabit.com.br\" style=\"color:blue; text-decoration:underline\"><b><span style=\"font-size:14.0pt\">Congresso Internacional Abit 2024<\/span><\/b><\/a><span style=\"font-size:14.0pt\">, 30 e 31 de outubro, Salvador, Bahia<\/span><\/span><\/span><\/span><\/p>\r\n\r\n<p style=\"text-align:justify\"><span style=\"font-size:11pt\"><span style=\"line-height:normal\"><span style=\"font-family:Calibri,sans-serif\"><a href=\"https:\/\/www.fimec.com.br\/\" style=\"color:blue; text-decoration:underline\"><b><span style=\"font-size:14.0pt\">Fimec 2025<\/span><\/b><\/a><span style=\"font-size:14.0pt\">, 18 a 20 de mar&ccedil;o, Fenac, Novo Hamburgo, RS<\/span><\/span><\/span><\/span><\/p>\r\n\r\n<p style=\"text-align:justify\"><span style=\"font-size:28pt\"><span style=\"font-family:Cambria,serif\"><span style=\"letter-spacing:-0.5pt\"><b><span style=\"font-size:18.0pt\"><span style=\"font-family:&quot;Calibri&quot;,sans-serif\"><span style=\"font-variant:small-caps\">Setor<\/span><\/span><\/span><\/b><\/span><\/span><\/span><\/p>\r\n\r\n<p style=\"text-align:justify\"><span style=\"font-size:11pt\"><span style=\"line-height:normal\"><span style=\"font-family:Calibri,sans-serif\"><a href=\"https:\/\/tissueonline.com.br\/absorventes-femininos-entre-liberdade-conforto-e-sustentabilidade\/?utm_campaign=colunistas_absorventes_femininos_entre_liberdade_conforto_e_sustentabilidade&amp;utm_medium=email&amp;utm_source=RD+Station\" style=\"color:blue; text-decoration:underline\"><span style=\"font-size:14.0pt\">Absorventes femininos: entre liberdade, conforto e sustentabilidade<\/span><\/a><\/span><\/span><\/span><\/p>\r\n\r\n<p style=\"text-align:justify\"><span style=\"font-size:11pt\"><span style=\"line-height:normal\"><span style=\"font-family:Calibri,sans-serif\"><a href=\"https:\/\/www.nonwovens-industry.com\/contents\/view_breaking-news\/2024-09-11\/fda-to-conduct-tampon-study\/15303\" style=\"color:blue; text-decoration:underline\"><span style=\"font-size:14.0pt\">FDA to Conduct Tampon Study<\/span><\/a><\/span><\/span><\/span><\/p>\r\n\r\n<p style=\"text-align:justify\"><span style=\"font-size:11pt\"><span style=\"line-height:normal\"><span style=\"font-family:Calibri,sans-serif\"><a href=\"https:\/\/www.moveisdevalor.com.br\/portal\/colchoes-castor-torna-se-signataria-do-pacto-global-da-onu?source=news\" style=\"color:blue; text-decoration:underline\"><span style=\"font-size:14.0pt\">Colch&otilde;es Castor torna-se signat&aacute;ria do Pacto Global da ONU<\/span><\/a><\/span><\/span><\/span><\/p>\r\n\r\n<p style=\"text-align:justify\"><span style=\"font-size:11pt\"><span style=\"line-height:normal\"><span style=\"font-family:Calibri,sans-serif\"><a href=\"https:\/\/revistaoeste.com\/economia\/plano-de-investimentos-da-shein-prejudica-setor-textil-no-brasil\/\" style=\"color:blue; text-decoration:underline\"><span style=\"font-size:14.0pt\">Plano de investimentos da Shein prejudica setor t&ecirc;xtil no Brasil<\/span><\/a><\/span><\/span><\/span><\/p>\r\n\r\n<p style=\"text-align:justify\"><span style=\"font-size:11pt\"><span style=\"line-height:normal\"><span style=\"font-family:Calibri,sans-serif\"><a href=\"https:\/\/www.radiosantacruzfmg.com.br\/\" style=\"color:blue; text-decoration:underline\"><span style=\"font-size:14.0pt\">Falta de m&atilde;o de obra amea&ccedil;a a produ&ccedil;&atilde;o das ind&uacute;strias t&ecirc;xteis<\/span><\/a><\/span><\/span><\/span><\/p>\r\n\r\n<p style=\"text-align:justify\"><span style=\"font-size:11pt\"><span style=\"line-height:normal\"><span style=\"font-family:Calibri,sans-serif\"><a href=\"https:\/\/liberal.com.br\/cidades\/americana\/seminario-reune-122-empresas-texteis-no-auditorio-do-senai-americana-2251011\/\" style=\"color:blue; text-decoration:underline\"><span style=\"font-size:14.0pt\">Semin&aacute;rio re&uacute;ne 122 empresas t&ecirc;xteis no Senai Americana<\/span><\/a><\/span><\/span><\/span><\/p>\r\n\r\n<p style=\"text-align:justify\"><span style=\"font-size:11pt\"><span style=\"line-height:normal\"><span style=\"font-family:Calibri,sans-serif\"><a href=\"https:\/\/www.cnnbrasil.com.br\/economia\/macroeconomia\/braskem-inaugura-centro-de-pesquisa-de-r-110-mi-nos-eua-para-desenvolver-produtos-quimicos-verdes\/\" style=\"color:blue; text-decoration:underline\"><span style=\"font-size:14.0pt\">Braskem inaugura centro de pesquisa de R$ 110 mi nos EUA para desenvolver produtos qu&iacute;micos verdes<\/span><\/a><\/span><\/span><\/span><\/p>\r\n\r\n<p style=\"text-align:justify\"><span style=\"font-size:11pt\"><span style=\"line-height:normal\"><span style=\"font-family:Calibri,sans-serif\"><a href=\"https:\/\/plasticosemrevista.com.br\/reliance-expande-em-pvc-e-pet-na-india\/\" style=\"color:blue; text-decoration:underline\"><span style=\"font-size:14.0pt\">Reliance expande em PVC e PET na &Iacute;ndia<\/span><\/a><\/span><\/span><\/span><\/p>\r\n\r\n<p style=\"text-align:justify\"><span style=\"font-size:28pt\"><span style=\"font-family:Cambria,serif\"><span style=\"letter-spacing:-0.5pt\"><b><span style=\"font-size:18.0pt\"><span style=\"font-family:&quot;Calibri&quot;,sans-serif\"><span style=\"font-variant:small-caps\">Ind&uacute;stria<\/span><\/span><\/span><\/b><\/span><\/span><\/span><\/p>\r\n\r\n<p style=\"text-align:justify\"><span style=\"font-size:11pt\"><span style=\"line-height:normal\"><span style=\"font-family:Calibri,sans-serif\"><a href=\"https:\/\/blogdoibre.fgv.br\/posts\/produtividade-da-industria-de-transformacao-por-atividades-economicas\" style=\"color:blue; text-decoration:underline\"><span style=\"font-size:14.0pt\">A produtividade da ind&uacute;stria de transforma&ccedil;&atilde;o por atividades econ&ocirc;micas<\/span><\/a><\/span><\/span><\/span><\/p>\r\n\r\n<p style=\"text-align:justify\"><span style=\"font-size:11pt\"><span style=\"line-height:normal\"><span style=\"font-family:Calibri,sans-serif\"><a href=\"https:\/\/www.cnnbrasil.com.br\/economia\/macroeconomia\/brasil-tem-que-proteger-economia-agindo-em-fatores-especificos-diz-presidente-da-abimaq\/\" style=\"color:blue; text-decoration:underline\"><span style=\"font-size:14.0pt\">Brasil tem que proteger economia agindo em fatores espec&iacute;ficos, diz presidente da Abimaq<\/span><\/a><\/span><\/span><\/span><\/p>\r\n\r\n<p style=\"text-align:justify\"><span style=\"font-size:11pt\"><span style=\"line-height:normal\"><span style=\"font-family:Calibri,sans-serif\"><a href=\"https:\/\/noticias.portaldaindustria.com.br\/noticias\/economia\/confianca-do-empresario-industrial-sobe-pelo-2o-mes-consecutivo-aponta-cni\/\" style=\"color:blue; text-decoration:underline\"><span style=\"font-size:14.0pt\">Confian&ccedil;a do empres&aacute;rio industrial sobe pelo 2&ordm; m&ecirc;s consecutivo, aponta CNI<\/span><\/a><\/span><\/span><\/span><\/p>\r\n\r\n<p style=\"text-align:justify\"><span style=\"font-size:11pt\"><span style=\"line-height:normal\"><span style=\"font-family:Calibri,sans-serif\"><a href=\"https:\/\/agenciabrasil.ebc.com.br\/economia\/noticia\/2024-09\/industria-de-transformacao-continua-em-patamar-superior-ao-de-2023\" style=\"color:blue; text-decoration:underline\"><span style=\"font-size:14.0pt\">Ind&uacute;stria de transforma&ccedil;&atilde;o continua em patamar superior ao de 2023<\/span><\/a><\/span><\/span><\/span><\/p>\r\n\r\n<p style=\"text-align:justify\"><span style=\"font-size:11pt\"><span style=\"line-height:normal\"><span style=\"font-family:Calibri,sans-serif\"><a href=\"https:\/\/www.cnnbrasil.com.br\/economia\/macroeconomia\/industria-quimica-alega-concorrencia-desleal-de-importados-e-fecha-duas-fabricas\/\" style=\"color:blue; text-decoration:underline\"><span style=\"font-size:14.0pt\">Ind&uacute;stria qu&iacute;mica alega concorr&ecirc;ncia desleal de importados e interrompe produ&ccedil;&atilde;o de duas f&aacute;bricas<\/span><\/a><\/span><\/span><\/span><\/p>\r\n\r\n<p style=\"text-align:justify\"><span style=\"font-size:11pt\"><span style=\"line-height:normal\"><span style=\"font-family:Calibri,sans-serif\"><a href=\"https:\/\/comexdobrasil.com\/exportacoes-de-calcados-acumulam-forte-queda-no-ano-afetadas-pela-concorrencia-asiatica\/\" style=\"color:blue; text-decoration:underline\"><span style=\"font-size:14.0pt\">Exporta&ccedil;&otilde;es de cal&ccedil;ados acumulam forte queda no ano, afetadas pela concorr&ecirc;ncia asi&aacute;tica<\/span><\/a><\/span><\/span><\/span><\/p>\r\n\r\n<p style=\"text-align:justify\"><span style=\"font-size:11pt\"><span style=\"line-height:normal\"><span style=\"font-family:Calibri,sans-serif\"><a href=\"https:\/\/agenciadenoticias.ibge.gov.br\/agencia-noticias\/2012-agencia-de-noticias\/noticias\/41257-com-dois-dissidios-coletivos-e-alta-dos-materiais-precos-da-construcao-sobem-0-63-em-agosto\" style=\"color:blue; text-decoration:underline\"><span style=\"font-size:14.0pt\">Com dois diss&iacute;dios coletivos e alta dos materiais, pre&ccedil;os da constru&ccedil;&atilde;o sobem 0,63% em agosto<\/span><\/a><\/span><\/span><\/span><\/p>\r\n\r\n<p style=\"text-align:justify\"><span style=\"font-size:11pt\"><span style=\"line-height:normal\"><span style=\"font-family:Calibri,sans-serif\"><a href=\"https:\/\/www.fibre2fashion.com\/news\/textile-news\/industrial-production-declines-in-euro-area-eu-in-july-2024-298005-newsdetails.htm\" style=\"color:blue; text-decoration:underline\"><span lang=\"EN-US\" style=\"font-size:14.0pt\">Industrial production declines in euro area &amp; EU in July 2024<\/span><\/a><\/span><\/span><\/span><\/p>\r\n\r\n<p style=\"text-align:justify\"><span style=\"font-size:28pt\"><span style=\"font-family:Cambria,serif\"><span style=\"letter-spacing:-0.5pt\"><b><span style=\"font-size:18.0pt\"><span style=\"font-family:&quot;Calibri&quot;,sans-serif\"><span style=\"font-variant:small-caps\">Sustentabilidade<\/span><\/span><\/span><\/b><\/span><\/span><\/span><\/p>\r\n\r\n<p style=\"text-align:justify\"><span style=\"font-size:11pt\"><span style=\"line-height:normal\"><span style=\"font-family:Calibri,sans-serif\"><a href=\"https:\/\/www.gov.br\/mdic\/pt-br\/assuntos\/noticias\/2024\/setembro\/mdic-debate-nova-economia-do-plastico-no-forum-publico-da-omc\" style=\"color:blue; text-decoration:underline\"><span style=\"font-size:14.0pt\">MDIC debate nova economia do pl&aacute;stico no F&oacute;rum P&uacute;blico da OMC<\/span><\/a><\/span><\/span><\/span><\/p>\r\n\r\n<p style=\"text-align:justify\"><span style=\"font-size:11pt\"><span style=\"line-height:normal\"><span style=\"font-family:Calibri,sans-serif\"><a href=\"https:\/\/ajn1.com.br\/meio-ambiente\/em-torno-de-70-de-todo-o-residuo-plastico-no-mundo-e-produzido-por-apenas-20-paises-incluindo-o-brasil\/\" style=\"color:blue; text-decoration:underline\"><span style=\"font-size:14.0pt\">Em torno de 70% de todo o res&iacute;duo pl&aacute;stico no mundo &eacute; produzido por apenas 20 pa&iacute;ses, incluindo o Brasil<\/span><\/a><\/span><\/span><\/span><\/p>\r\n\r\n<p style=\"text-align:justify\"><span style=\"font-size:28pt\"><span style=\"font-family:Cambria,serif\"><span style=\"letter-spacing:-0.5pt\"><b><span style=\"font-size:18.0pt\"><span style=\"font-family:&quot;Calibri&quot;,sans-serif\"><span style=\"font-variant:small-caps\">Inova&ccedil;&atilde;o<\/span><\/span><\/span><\/b><\/span><\/span><\/span><\/p>\r\n\r\n<p style=\"text-align:justify\"><span style=\"font-size:11pt\"><span style=\"line-height:normal\"><span style=\"font-family:Calibri,sans-serif\"><a href=\"https:\/\/www.innovationintextiles.com\/fibres-yarns-fabrics\/circular-synthetic-leather-developed\/\" style=\"color:blue; text-decoration:underline\"><span style=\"font-size:14.0pt\">Circular synthetic leather developed<\/span><\/a><\/span><\/span><\/span><\/p>\r\n\r\n<p style=\"text-align:justify\"><span style=\"font-size:11pt\"><span style=\"line-height:normal\"><span style=\"font-family:Calibri,sans-serif\"><a href=\"https:\/\/clickpetroleoegas.com.br\/inovacao-na-construcao-civil-startup-transforma-lixo-plastico-nao-reciclavel-em-lajes-de-pavimentacao-e-mais-resistentes-que-o-cimento\/#google_vignette\" style=\"color:blue; text-decoration:underline\"><span style=\"font-size:14.0pt\">Inova&ccedil;&atilde;o na constru&ccedil;&atilde;o civil: startup transforma lixo pl&aacute;stico n&atilde;o recicl&aacute;vel em lajes de pavimenta&ccedil;&atilde;o e mais resistentes que o cimento!<\/span><\/a><\/span><\/span><\/span><\/p>\r\n\r\n<p style=\"text-align:justify\"><span style=\"font-size:11pt\"><span style=\"line-height:normal\"><span style=\"font-family:Calibri,sans-serif\"><a href=\"https:\/\/www.gov.br\/mdic\/pt-br\/assuntos\/noticias\/2024\/setembro\/programa-de-modernizacao-do-parque-fabril-alcanca-23-setores-na-primeira-etapa\" style=\"color:blue; text-decoration:underline\"><span style=\"font-size:14.0pt\">Programa de moderniza&ccedil;&atilde;o do parque fabril alcan&ccedil;a 23 setores na primeira etapa<\/span><\/a><\/span><\/span><\/span><\/p>\r\n\r\n<p style=\"text-align:justify\"><span style=\"font-size:28pt\"><span style=\"font-family:Cambria,serif\"><span style=\"letter-spacing:-0.5pt\"><b><span style=\"font-size:18.0pt\"><span style=\"font-family:&quot;Calibri&quot;,sans-serif\"><span style=\"font-variant:small-caps\">Com&eacute;rcio Exterior<\/span><\/span><\/span><\/b><\/span><\/span><\/span><\/p>\r\n\r\n<p style=\"text-align:justify\"><span style=\"font-size:11pt\"><span style=\"line-height:normal\"><span style=\"font-family:Calibri,sans-serif\"><a href=\"https:\/\/www.itatiaia.com.br\/politica\/2024\/09\/12\/uniao-europeia-nao-deve-assinar-acordo-com-mercosul-rachado-diz-macron-a-brasileiros\" style=\"color:blue; text-decoration:underline\"><span style=\"font-size:14.0pt\">Uni&atilde;o Europeia n&atilde;o deve assinar acordo com Mercosul rachado, diz Macron a brasileiros<\/span><\/a><\/span><\/span><\/span><\/p>\r\n\r\n<p style=\"text-align:justify\"><span style=\"font-size:11pt\"><span style=\"line-height:normal\"><span style=\"font-family:Calibri,sans-serif\"><a href=\"https:\/\/anba.com.br\/mauro-vieira-ve-nova-etapa-na-relacao-com-golfo\/\" style=\"color:blue; text-decoration:underline\"><span style=\"font-size:14.0pt\">Mauro Vieira v&ecirc; nova etapa na rela&ccedil;&atilde;o com Golfo<\/span><\/a><\/span><\/span><\/span><\/p>\r\n\r\n<p style=\"text-align:justify\"><span style=\"font-size:11pt\"><span style=\"line-height:normal\"><span style=\"font-family:Calibri,sans-serif\"><a href=\"https:\/\/neofeed.com.br\/economia\/no-mexico-tratado-de-livre-comercio-ameacado-e-us-35-bilhoes-congelados\/\" style=\"color:blue; text-decoration:underline\"><span style=\"font-size:14.0pt\">No M&eacute;xico, tratado de livre-com&eacute;rcio amea&ccedil;ado e US$ 35 bilh&otilde;es &quot;congelados&quot;<\/span><\/a><\/span><\/span><\/span><\/p>\r\n\r\n<p style=\"text-align:justify\"><span style=\"font-size:11pt\"><span style=\"line-height:normal\"><span style=\"font-family:Calibri,sans-serif\"><a href=\"https:\/\/comexdobrasil.com\/brasil-exporta-oportunidades-diz-aeb-ao-analisar-dados-da-balanca-comercial-de-agosto\/\" style=\"color:blue; text-decoration:underline\"><span style=\"font-size:14.0pt\">Brasil exporta oportunidades, diz AEB ao analisar dados da balan&ccedil;a comercial de agosto<\/span><\/a><\/span><\/span><\/span><\/p>\r\n\r\n<p style=\"text-align:justify\"><span style=\"font-size:28pt\"><span style=\"font-family:Cambria,serif\"><span style=\"letter-spacing:-0.5pt\"><b><span style=\"font-size:18.0pt\"><span style=\"font-family:&quot;Calibri&quot;,sans-serif\"><span style=\"font-variant:small-caps\">Economia<\/span><\/span><\/span><\/b><\/span><\/span><\/span><\/p>\r\n\r\n<p style=\"text-align:justify\"><span style=\"font-size:11pt\"><span style=\"line-height:normal\"><span style=\"font-family:Calibri,sans-serif\"><a href=\"https:\/\/www.bcb.gov.br\/content\/focus\/focus\/R20240913.pdf\" style=\"color:blue; text-decoration:underline\"><span style=\"font-size:14.0pt\">Focus - Relat&oacute;rio de Mercado<\/span><\/a><\/span><\/span><\/span><\/p>\r\n\r\n<p style=\"text-align:justify\"><span style=\"font-size:11pt\"><span style=\"line-height:normal\"><span style=\"font-family:Calibri,sans-serif\"><a href=\"https:\/\/portalibre.fgv.br\/system\/files\/divulgacao\/noticias\/mat-complementar\/2024-09\/Monitor%20do%20PIB-FGV%20-%20Setembro%20de%202024%20-%20Ref.%20de%20julho.pdf\" style=\"color:blue; text-decoration:underline\"><span style=\"font-size:14.0pt\">Monitor do PIB-FGV - Setembro de 2024<\/span><\/a><\/span><\/span><\/span><\/p>\r\n\r\n<p style=\"text-align:justify\"><span style=\"font-size:11pt\"><span style=\"line-height:normal\"><span style=\"font-family:Calibri,sans-serif\"><a href=\"https:\/\/blogdoibre.fgv.br\/posts\/identificando-os-principais-condicionantes-do-crescimento-de-cerca-de-3-aa-do-pib-brasileiro\" style=\"color:blue; text-decoration:underline\"><span style=\"font-size:14.0pt\">Identificando os principais condicionantes do crescimento de cerca de 3% a.a. do PIB brasileiro em 2022-24<\/span><\/a><\/span><\/span><\/span><\/p>\r\n\r\n<p style=\"text-align:justify\">&nbsp;<\/p>\r\n\r\n<p style=\"text-align:justify\"><img src=\"https:\/\/www.abint.org.br\/assets\/img\/editor\/redes-sociais-abint-ctg-cth_20240904135709sSIkVHItU6.jpg\" \/><\/p>\r\n","6":"<p style=\"text-align:justify\"><span style=\"font-size:11pt\"><span style=\"line-height:normal\"><span style=\"font-family:Calibri,sans-serif\"><span style=\"font-size:14.0pt\">Esta &eacute; uma compila&ccedil;&atilde;o das not&iacute;cias mais relevantes para o setor, incluindo informa&ccedil;&otilde;es sobre acordos internacionais, economia brasileira, sustentabilidade e mat&eacute;rias primas, al&eacute;m de novidades do setor de N&atilde;otecidos e Tecidos T&eacute;cnicos.<\/span><\/span><\/span><\/span><\/p>\r\n\r\n<p class=\"MsoTitle\" style=\"text-align:justify\"><b><span style=\"font-size:18.0pt\"><span style=\"line-height:115%\"><span style=\"font-family:&quot;Calibri&quot;,sans-serif\"><span style=\"font-variant:small-caps\">O que vem por a&iacute;<\/span><\/span><\/span><\/span><\/b><\/p>\r\n\r\n<p class=\"MsoTitle\" style=\"text-align:justify\">&nbsp;<\/p>\r\n\r\n<p class=\"MsoTitle\" style=\"text-align:justify\"><b><img src=\"https:\/\/www.abint.org.br\/assets\/img\/editor\/abint-logo-2020-g_20240904132243faaawqQf1G.png\" style=\"width: 300px; height: 69px;\" \/><\/b><\/p>\r\n\r\n<p class=\"MsoTitle\" style=\"text-align:justify\">&nbsp;<\/p>\r\n\r\n<p style=\"text-align:justify; margin-bottom:20px\"><span style=\"font-size:18px\"><span style=\"box-sizing:border-box\"><span style=\"line-height:1.5\"><span style=\"color:#313f48\"><span style=\"font-family:&quot;Roboto Condensed&quot;, Helvetica, Arial, sans-serif\"><span style=\"font-style:normal\"><span style=\"font-variant-ligatures:normal\"><span style=\"font-weight:400\"><span style=\"white-space:normal\"><span style=\"background-color:#ffffff\"><span style=\"text-decoration-thickness:initial\"><span style=\"text-decoration-style:initial\"><span style=\"text-decoration-color:initial\"><font face=\"Calibri, sans-serif\"><font style=\"box-sizing:border-box\"><span style=\"font-size:24px\"><span style=\"box-sizing:border-box\"><span style=\"letter-spacing:-0.666667px\"><b style=\"box-sizing:border-box; font-weight:bolder\"><img src=\"https:\/\/www.abint.org.br\/assets\/img\/editor\/post-quadrado-curso-naotecido_20240910165107QevEOws8Be.jpg\" style=\"box-sizing:border-box; border-style:none; width:500px; height:500px\" \/><\/b><\/span><\/span><\/span><\/font><\/font><\/span><\/span><\/span><\/span><\/span><\/span><\/span><\/span><\/span><\/span><\/span><\/span><\/span><\/p>\r\n\r\n<p style=\"text-align:justify; margin-bottom:20px\"><span style=\"font-size:18px\"><span style=\"box-sizing:border-box\"><span style=\"line-height:1.5\"><span style=\"color:#313f48\"><span style=\"font-family:&quot;Roboto Condensed&quot;, Helvetica, Arial, sans-serif\"><span style=\"font-style:normal\"><span style=\"font-variant-ligatures:normal\"><span style=\"font-weight:400\"><span style=\"white-space:normal\"><span style=\"background-color:#ffffff\"><span style=\"text-decoration-thickness:initial\"><span style=\"text-decoration-style:initial\"><span style=\"text-decoration-color:initial\"><span style=\"font-size:11pt\"><span style=\"box-sizing:border-box\"><span style=\"box-sizing:border-box\"><span style=\"line-height:normal\"><span style=\"box-sizing:border-box\"><span style=\"font-family:Calibri, sans-serif\"><a href=\"https:\/\/forms.office.com\/r\/5DrqtK5n3Y\" style=\"box-sizing:border-box; text-decoration:underline; color:blue; transition:color 0.3s\"><span style=\"font-size:14pt\"><span style=\"box-sizing:border-box\">INFORMA&Ccedil;&Otilde;ES E INSCRI&Ccedil;&Otilde;ES<\/span><\/span><\/a><\/span><\/span><\/span><\/span><\/span><\/span><\/span><\/span><\/span><\/span><\/span><\/span><\/span><\/span><\/span><\/span><\/span><\/span><\/span><\/p>\r\n\r\n<p style=\"text-align:justify; margin-bottom:20px\"><span style=\"font-size:18px\"><span style=\"box-sizing:border-box\"><span style=\"line-height:1.5\"><span style=\"color:#313f48\"><span style=\"font-family:&quot;Roboto Condensed&quot;, Helvetica, Arial, sans-serif\"><span style=\"font-style:normal\"><span style=\"font-variant-ligatures:normal\"><span style=\"font-weight:400\"><span style=\"white-space:normal\"><span style=\"background-color:#ffffff\"><span style=\"text-decoration-thickness:initial\"><span style=\"text-decoration-style:initial\"><span style=\"text-decoration-color:initial\">&nbsp;<\/span><\/span><\/span><\/span><\/span><\/span><\/span><\/span><\/span><\/span><\/span><\/span><\/span><\/p>\r\n\r\n<p style=\"text-align:justify; margin-bottom:20px\"><span style=\"font-size:18px\"><span style=\"box-sizing:border-box\"><span style=\"line-height:1.5\"><span style=\"color:#313f48\"><span style=\"font-family:&quot;Roboto Condensed&quot;, Helvetica, Arial, sans-serif\"><span style=\"font-style:normal\"><span style=\"font-variant-ligatures:normal\"><span style=\"font-weight:400\"><span style=\"white-space:normal\"><span style=\"background-color:#ffffff\"><span style=\"text-decoration-thickness:initial\"><span style=\"text-decoration-style:initial\"><span style=\"text-decoration-color:initial\">A&nbsp;<b style=\"box-sizing:border-box; font-weight:bolder\">ABINT<\/b>&nbsp;&eacute; uma das&nbsp;<b style=\"box-sizing:border-box; font-weight:bolder\">patrocinadoras<\/b>&nbsp;do<b style=\"box-sizing:border-box; font-weight:bolder\">&nbsp;<a href=\"https:\/\/www.congressoabit.com.br\/\" style=\"box-sizing:border-box; text-decoration:none; color:inherit; transition:color 0.3s\">Congresso Internacional Abit 2024<\/a><\/b>, que ocorrer&aacute; dias 30 e 31 de outubro, no SENAI Cimatec, Salvador, BA.<\/span><\/span><\/span><\/span><\/span><\/span><\/span><\/span><\/span><\/span><\/span><\/span><\/span><\/p>\r\n\r\n<p style=\"text-align:start; margin-bottom:20px\"><span style=\"font-size:18px\"><span style=\"box-sizing:border-box\"><span style=\"line-height:1.5\"><span style=\"color:#313f48\"><span style=\"font-family:&quot;Roboto Condensed&quot;, Helvetica, Arial, sans-serif\"><span style=\"font-style:normal\"><span style=\"font-variant-ligatures:normal\"><span style=\"font-weight:400\"><span style=\"white-space:normal\"><span style=\"background-color:#ffffff\"><span style=\"text-decoration-thickness:initial\"><span style=\"text-decoration-style:initial\"><span style=\"text-decoration-color:initial\"><img src=\"https:\/\/www.abint.org.br\/assets\/img\/editor\/congresso-internacional-abit-2024_20240904134237MDZahAJwq8.jpg\" style=\"box-sizing:border-box; border-style:none; max-width:100%; width:auto; height:auto; object-fit:contain\" \/><\/span><\/span><\/span><\/span><\/span><\/span><\/span><\/span><\/span><\/span><\/span><\/span><\/span><\/p>\r\n\r\n<p style=\"text-align:start; margin-bottom:20px\"><span style=\"font-size:18px\"><span style=\"box-sizing:border-box\"><span style=\"line-height:1.5\"><span style=\"color:#313f48\"><span style=\"font-family:&quot;Roboto Condensed&quot;, Helvetica, Arial, sans-serif\"><span style=\"font-style:normal\"><span style=\"font-variant-ligatures:normal\"><span style=\"font-weight:400\"><span style=\"white-space:normal\"><span style=\"background-color:#ffffff\"><span style=\"text-decoration-thickness:initial\"><span style=\"text-decoration-style:initial\"><span style=\"text-decoration-color:initial\">&nbsp;<\/span><\/span><\/span><\/span><\/span><\/span><\/span><\/span><\/span><\/span><\/span><\/span><\/span><\/p>\r\n\r\n<p style=\"text-align:start; margin-bottom:20px\">&nbsp;<\/p>\r\n\r\n<p style=\"text-align:start; margin-bottom:20px\"><span style=\"font-size:18px\"><span style=\"box-sizing:border-box\"><span style=\"line-height:1.5\"><span style=\"color:#313f48\"><span style=\"font-family:&quot;Roboto Condensed&quot;, Helvetica, Arial, sans-serif\"><span style=\"font-style:normal\"><span style=\"font-variant-ligatures:normal\"><span style=\"font-weight:400\"><span style=\"white-space:normal\"><span style=\"background-color:#ffffff\"><span style=\"text-decoration-thickness:initial\"><span style=\"text-decoration-style:initial\"><span style=\"text-decoration-color:initial\"><img src=\"https:\/\/www.abint.org.br\/assets\/img\/editor\/logo-ctg-abint-jpg_20240904134317C3JFRe5hO8.jpg\" style=\"box-sizing:border-box; border-style:none; max-width:100%; width:300px; height:55px; object-fit:contain\" \/><\/span><\/span><\/span><\/span><\/span><\/span><\/span><\/span><\/span><\/span><\/span><\/span><\/span><\/p>\r\n\r\n<p style=\"text-align:start; margin-bottom:20px\"><span style=\"font-size:18px\"><span style=\"box-sizing:border-box\"><span style=\"line-height:1.5\"><span style=\"color:#313f48\"><span style=\"font-family:&quot;Roboto Condensed&quot;, Helvetica, Arial, sans-serif\"><span style=\"font-style:normal\"><span style=\"font-variant-ligatures:normal\"><span style=\"font-weight:400\"><span style=\"white-space:normal\"><span style=\"background-color:#ffffff\"><span style=\"text-decoration-thickness:initial\"><span style=\"text-decoration-style:initial\"><span style=\"text-decoration-color:initial\">&nbsp;<\/span><\/span><\/span><\/span><\/span><\/span><\/span><\/span><\/span><\/span><\/span><\/span><\/span><span style=\"font-size:18px\"><span style=\"box-sizing:border-box\"><span style=\"line-height:1.5\"><span style=\"color:#313f48\"><span style=\"font-family:&quot;Roboto Condensed&quot;, Helvetica, Arial, sans-serif\"><span style=\"font-style:normal\"><span style=\"font-variant-ligatures:normal\"><span style=\"font-weight:400\"><span style=\"white-space:normal\"><span style=\"background-color:#ffffff\"><span style=\"text-decoration-thickness:initial\"><span style=\"text-decoration-style:initial\"><span style=\"text-decoration-color:initial\"><img src=\"https:\/\/www.abint.org.br\/assets\/img\/editor\/cobramseg-2024_20240904135224Z2sV4nJRyT.jpg\" style=\"box-sizing:border-box; border-style:none; max-width:100%; width:auto; height:auto; object-fit:contain\" \/><\/span><\/span><\/span><\/span><\/span><\/span><\/span><\/span><\/span><\/span><\/span><\/span><\/span><\/p>\r\n\r\n<p style=\"text-align:start; margin-bottom:20px\"><span style=\"font-size:18px\"><span style=\"box-sizing:border-box\"><span style=\"line-height:1.5\"><span style=\"color:#313f48\"><span style=\"font-family:&quot;Roboto Condensed&quot;, Helvetica, Arial, sans-serif\"><span style=\"font-style:normal\"><span style=\"font-variant-ligatures:normal\"><span style=\"font-weight:400\"><span style=\"white-space:normal\"><span style=\"background-color:#ffffff\"><span style=\"text-decoration-thickness:initial\"><span style=\"text-decoration-style:initial\"><span style=\"text-decoration-color:initial\"><b style=\"box-sizing:border-box; font-weight:bolder\">O CTG ABINT &eacute; um dos patrocinadores da 21&ordf; edi&ccedil;&atilde;o do Cobramseg &ndash; Congresso Brasileiro de Mec&acirc;nica dos Solos e Engenharia Geot&eacute;cnica.<\/b><\/span><\/span><\/span><\/span><\/span><\/span><\/span><\/span><\/span><\/span><\/span><\/span><\/span><\/p>\r\n\r\n<p style=\"text-align:start; margin-bottom:20px\"><span style=\"font-size:18px\"><span style=\"box-sizing:border-box\"><span style=\"line-height:1.5\"><span style=\"color:#313f48\"><span style=\"font-family:&quot;Roboto Condensed&quot;, Helvetica, Arial, sans-serif\"><span style=\"font-style:normal\"><span style=\"font-variant-ligatures:normal\"><span style=\"font-weight:400\"><span style=\"white-space:normal\"><span style=\"background-color:#ffffff\"><span style=\"text-decoration-thickness:initial\"><span style=\"text-decoration-style:initial\"><span style=\"text-decoration-color:initial\">&ldquo;<i style=\"box-sizing:border-box\">Nos reunimos para celebrar a Mec&acirc;nica dos Solos e das Rochas, da GeoEngenharia! Academia, Ind&uacute;stria e &Oacute;rg&atilde;os Gestores unidos para expor seus avan&ccedil;os t&eacute;cnicos e cient&iacute;ficos. Um ambiente rico e diverso que nos permite debater solu&ccedil;&otilde;es e a&ccedil;&otilde;es de forma a fortalecer nossa comunidade geot&eacute;cnica, visando proporcionar um desenvolvimento mais sustent&aacute;vel e seguro para a nossa sociedade<\/i>.&rdquo; V&iacute;tor Pereira Faro, Presidente do COBRAMSEG 2024<\/span><\/span><\/span><\/span><\/span><\/span><\/span><\/span><\/span><\/span><\/span><\/span><\/span><\/p>\r\n\r\n<p style=\"text-align:start; margin-bottom:20px\"><span style=\"font-size:18px\"><span style=\"box-sizing:border-box\"><span style=\"line-height:1.5\"><span style=\"color:#313f48\"><span style=\"font-family:&quot;Roboto Condensed&quot;, Helvetica, Arial, sans-serif\"><span style=\"font-style:normal\"><span style=\"font-variant-ligatures:normal\"><span style=\"font-weight:400\"><span style=\"white-space:normal\"><span style=\"background-color:#ffffff\"><span style=\"text-decoration-thickness:initial\"><span style=\"text-decoration-style:initial\"><span style=\"text-decoration-color:initial\"><a href=\"http:\/\/www.cobramseg.com.br\/\" style=\"box-sizing:border-box; text-decoration:none; color:#008fd5; transition:color 0.3s\">www.cobramseg.com.br<\/a><\/span><\/span><\/span><\/span><\/span><\/span><\/span><\/span><\/span><\/span><\/span><\/span><\/span><\/p>\r\n\r\n<p style=\"text-align:start; margin-bottom:20px\"><span style=\"font-size:18px\"><span style=\"box-sizing:border-box\"><span style=\"line-height:1.5\"><span style=\"color:#313f48\"><span style=\"font-family:&quot;Roboto Condensed&quot;, Helvetica, Arial, sans-serif\"><span style=\"font-style:normal\"><span style=\"font-variant-ligatures:normal\"><span style=\"font-weight:400\"><span style=\"white-space:normal\"><span style=\"background-color:#ffffff\"><span style=\"text-decoration-thickness:initial\"><span style=\"text-decoration-style:initial\"><span style=\"text-decoration-color:initial\">&nbsp;<\/span><\/span><\/span><\/span><\/span><\/span><\/span><\/span><\/span><\/span><\/span><\/span><\/span><\/p>\r\n\r\n<p style=\"text-align:start; margin-bottom:20px\"><span style=\"font-size:18px\"><span style=\"box-sizing:border-box\"><span style=\"line-height:1.5\"><span style=\"color:#313f48\"><span style=\"font-family:&quot;Roboto Condensed&quot;, Helvetica, Arial, sans-serif\"><span style=\"font-style:normal\"><span style=\"font-variant-ligatures:normal\"><span style=\"font-weight:400\"><span style=\"white-space:normal\"><span style=\"background-color:#ffffff\"><span style=\"text-decoration-thickness:initial\"><span style=\"text-decoration-style:initial\"><span style=\"text-decoration-color:initial\"><img src=\"https:\/\/www.abint.org.br\/assets\/img\/editor\/fenasan-2024_20240904135314a8pkkJgG8Z.jpg\" style=\"box-sizing:border-box; border-style:none; max-width:100%; width:500px; height:733px; object-fit:contain\" \/><\/span><\/span><\/span><\/span><\/span><\/span><\/span><\/span><\/span><\/span><\/span><\/span><\/span><\/p>\r\n\r\n<p style=\"text-align:start; margin-bottom:20px\"><span style=\"font-size:18px\"><span style=\"box-sizing:border-box\"><span style=\"line-height:1.5\"><span style=\"color:#313f48\"><span style=\"font-family:&quot;Roboto Condensed&quot;, Helvetica, Arial, sans-serif\"><span style=\"font-style:normal\"><span style=\"font-variant-ligatures:normal\"><span style=\"font-weight:400\"><span style=\"white-space:normal\"><span style=\"background-color:#ffffff\"><span style=\"text-decoration-thickness:initial\"><span style=\"text-decoration-style:initial\"><span style=\"text-decoration-color:initial\">&nbsp;<\/span><\/span><\/span><\/span><\/span><\/span><\/span><\/span><\/span><\/span><\/span><\/span><\/span><\/p>\r\n\r\n<p style=\"text-align:start; margin-bottom:20px\"><span style=\"font-size:18px\"><span style=\"box-sizing:border-box\"><span style=\"line-height:1.5\"><span style=\"color:#313f48\"><span style=\"font-family:&quot;Roboto Condensed&quot;, Helvetica, Arial, sans-serif\"><span style=\"font-style:normal\"><span style=\"font-variant-ligatures:normal\"><span style=\"font-weight:400\"><span style=\"white-space:normal\"><span style=\"background-color:#ffffff\"><span style=\"text-decoration-thickness:initial\"><span style=\"text-decoration-style:initial\"><span style=\"text-decoration-color:initial\">O&nbsp;<b style=\"box-sizing:border-box; font-weight:bolder\">CTG ABINT apoia a Feira Nacional de Saneamento e Meio Ambiente &ndash; Fenasan e do 35&ordm; Encontro T&eacute;cnico AESabesp, que ocorrer&atilde;o de 22 a 24 de outubro de 2024<\/b>, no Pavilh&atilde;o Verde e Vermelho, no Expo Center Norte, em S&atilde;o Paulo. Trata-se do maior evento de saneamento da Am&eacute;rica Latin. A realiza&ccedil;&atilde;o &eacute; da AESabesp &ndash; Associa&ccedil;&atilde;o dos Engenheiros da Sabesp.<\/span><\/span><\/span><\/span><\/span><\/span><\/span><\/span><\/span><\/span><\/span><\/span><\/span><\/p>\r\n\r\n<p style=\"text-align:start; margin-bottom:20px\"><span style=\"font-size:18px\"><span style=\"box-sizing:border-box\"><span style=\"line-height:1.5\"><span style=\"color:#313f48\"><span style=\"font-family:&quot;Roboto Condensed&quot;, Helvetica, Arial, sans-serif\"><span style=\"font-style:normal\"><span style=\"font-variant-ligatures:normal\"><span style=\"font-weight:400\"><span style=\"white-space:normal\"><span style=\"background-color:#ffffff\"><span style=\"text-decoration-thickness:initial\"><span style=\"text-decoration-style:initial\"><span style=\"text-decoration-color:initial\"><i style=\"box-sizing:border-box\">O tema central desta edi&ccedil;&atilde;o &eacute; &ldquo;Saneamento ambiental: condi&ccedil;&atilde;o fundamental para o enfrentamento das mudan&ccedil;as clim&aacute;ticas&rdquo;. Com um p&uacute;blico tradicionalmente de 22 mil visitantes e alinhada aos ODS &ndash; Objetivos de Desenvolvimento Sustent&aacute;vel estabelecidos pela ONU e aos conceitos de ESG, a edi&ccedil;&atilde;o 2024 continuar&aacute; ampliando o di&aacute;logo em torno das quest&otilde;es de saneamento ambiental, meio ambiente e sustentabilidade e promovendo o compartilhamento de conhecimento altamente qualificado.<\/i><\/span><\/span><\/span><\/span><\/span><\/span><\/span><\/span><\/span><\/span><\/span><\/span><\/span><\/p>\r\n\r\n<p style=\"text-align:start; margin-bottom:20px\"><span style=\"font-size:18px\"><span style=\"box-sizing:border-box\"><span style=\"line-height:1.5\"><span style=\"color:#313f48\"><span style=\"font-family:&quot;Roboto Condensed&quot;, Helvetica, Arial, sans-serif\"><span style=\"font-style:normal\"><span style=\"font-variant-ligatures:normal\"><span style=\"font-weight:400\"><span style=\"white-space:normal\"><span style=\"background-color:#ffffff\"><span style=\"text-decoration-thickness:initial\"><span style=\"text-decoration-style:initial\"><span style=\"text-decoration-color:initial\"><a href=\"http:\/\/www.fenasan.com.br\/\" style=\"box-sizing:border-box; text-decoration:none; color:#008fd5; transition:color 0.3s\">www.fenasan.com.br<\/a><\/span><\/span><\/span><\/span><\/span><\/span><\/span><\/span><\/span><\/span><\/span><\/span><\/span><\/p>\r\n\r\n<p style=\"text-align:start; margin-bottom:20px\"><span style=\"font-size:18px\"><span style=\"box-sizing:border-box\"><span style=\"line-height:1.5\"><span style=\"color:#313f48\"><span style=\"font-family:&quot;Roboto Condensed&quot;, Helvetica, Arial, sans-serif\"><span style=\"font-style:normal\"><span style=\"font-variant-ligatures:normal\"><span style=\"font-weight:400\"><span style=\"white-space:normal\"><span style=\"background-color:#ffffff\"><span style=\"text-decoration-thickness:initial\"><span style=\"text-decoration-style:initial\"><span style=\"text-decoration-color:initial\">&nbsp;<\/span><\/span><\/span><\/span><\/span><\/span><\/span><\/span><\/span><\/span><\/span><\/span><\/span><\/p>\r\n\r\n<p style=\"text-align:start; margin-bottom:20px\"><span style=\"font-size:18px\"><span style=\"box-sizing:border-box\"><span style=\"line-height:1.5\"><span style=\"color:#313f48\"><span style=\"font-family:&quot;Roboto Condensed&quot;, Helvetica, Arial, sans-serif\"><span style=\"font-style:normal\"><span style=\"font-variant-ligatures:normal\"><span style=\"font-weight:400\"><span style=\"white-space:normal\"><span style=\"background-color:#ffffff\"><span style=\"text-decoration-thickness:initial\"><span style=\"text-decoration-style:initial\"><span style=\"text-decoration-color:initial\"><img src=\"https:\/\/www.abint.org.br\/assets\/img\/editor\/cth-logo-alta-jpg_20240904134558I6qw2pBRZt.jpg\" style=\"box-sizing:border-box; border-style:none; max-width:100%; width:300px; height:68px; object-fit:contain\" \/><\/span><\/span><\/span><\/span><\/span><\/span><\/span><\/span><\/span><\/span><\/span><\/span><\/span><\/p>\r\n\r\n<p style=\"text-align:start; margin-bottom:20px\"><span style=\"font-size:18px\"><span style=\"box-sizing:border-box\"><span style=\"line-height:1.5\"><span style=\"color:#313f48\"><span style=\"font-family:&quot;Roboto Condensed&quot;, Helvetica, Arial, sans-serif\"><span style=\"font-style:normal\"><span style=\"font-variant-ligatures:normal\"><span style=\"font-weight:400\"><span style=\"white-space:normal\"><span style=\"background-color:#ffffff\"><span style=\"text-decoration-thickness:initial\"><span style=\"text-decoration-style:initial\"><span style=\"text-decoration-color:initial\"><img src=\"https:\/\/www.abint.org.br\/assets\/img\/editor\/hospitalmed-2024-story-cth-abint_20240904134515hOjyRRpXlX.png\" style=\"box-sizing:border-box; border-style:none; max-width:100%; width:500px; height:889px; object-fit:contain\" \/><\/span><\/span><\/span><\/span><\/span><\/span><\/span><\/span><\/span><\/span><\/span><\/span><\/span><\/p>\r\n\r\n<p style=\"text-align:start; margin-bottom:20px\"><span style=\"font-size:18px\"><span style=\"box-sizing:border-box\"><span style=\"line-height:1.5\"><span style=\"color:#313f48\"><span style=\"font-family:&quot;Roboto Condensed&quot;, Helvetica, Arial, sans-serif\"><span style=\"font-style:normal\"><span style=\"font-variant-ligatures:normal\"><span style=\"font-weight:400\"><span style=\"white-space:normal\"><span style=\"background-color:#ffffff\"><span style=\"text-decoration-thickness:initial\"><span style=\"text-decoration-style:initial\"><span style=\"text-decoration-color:initial\"><b style=\"box-sizing:border-box; font-weight:bolder\">O CTH ABINT &eacute; um dos patrocinadores da HospitalMed 2024.<\/b><\/span><\/span><\/span><\/span><\/span><\/span><\/span><\/span><\/span><\/span><\/span><\/span><\/span><\/p>\r\n\r\n<p style=\"text-align:start; margin-bottom:20px\"><span style=\"font-size:18px\"><span style=\"box-sizing:border-box\"><span style=\"line-height:1.5\"><span style=\"color:#313f48\"><span style=\"font-family:&quot;Roboto Condensed&quot;, Helvetica, Arial, sans-serif\"><span style=\"font-style:normal\"><span style=\"font-variant-ligatures:normal\"><span style=\"font-weight:400\"><span style=\"white-space:normal\"><span style=\"background-color:#ffffff\"><span style=\"text-decoration-thickness:initial\"><span style=\"text-decoration-style:initial\"><span style=\"text-decoration-color:initial\">&ldquo;<i style=\"box-sizing:border-box\">A melhor e Mais Completa Feira de Sa&uacute;de do Norte\/Nordeste<\/i>&rdquo;, &eacute; uma realiza&ccedil;&atilde;o da HospitalMed Feiras &amp; Eventos e da Insight Feiras de Neg&oacute;cios.<\/span><\/span><\/span><\/span><\/span><\/span><\/span><\/span><\/span><\/span><\/span><\/span><\/span><\/p>\r\n\r\n<p style=\"text-align:start; margin-bottom:20px\"><span style=\"font-size:18px\"><span style=\"box-sizing:border-box\"><span style=\"line-height:1.5\"><span style=\"color:#313f48\"><span style=\"font-family:&quot;Roboto Condensed&quot;, Helvetica, Arial, sans-serif\"><span style=\"font-style:normal\"><span style=\"font-variant-ligatures:normal\"><span style=\"font-weight:400\"><span style=\"white-space:normal\"><span style=\"background-color:#ffffff\"><span style=\"text-decoration-thickness:initial\"><span style=\"text-decoration-style:initial\"><span style=\"text-decoration-color:initial\"><i style=\"box-sizing:border-box\">&ldquo;O&nbsp;<b style=\"box-sizing:border-box; font-weight:bolder\">re&uacute;ne toda a cadeia produtiva do setor de sa&uacute;de das regi&otilde;es Norte\/Nordeste<\/b>. &Eacute; o grande encontro de fornecedores de Produtos, Equipamentos, Servi&ccedil;os, Tecnologia e Conte&uacute;do para Hospitais, Laborat&oacute;rios, Farm&aacute;cias, Cl&iacute;nicas, Consult&oacute;rios e Profissionais da Sa&uacute;de&rdquo;.<\/i><\/span><\/span><\/span><\/span><\/span><\/span><\/span><\/span><\/span><\/span><\/span><\/span><\/span><\/p>\r\n\r\n<p style=\"text-align:start; margin-bottom:20px\"><span style=\"font-size:18px\"><span style=\"box-sizing:border-box\"><span style=\"line-height:1.5\"><span style=\"color:#313f48\"><span style=\"font-family:&quot;Roboto Condensed&quot;, Helvetica, Arial, sans-serif\"><span style=\"font-style:normal\"><span style=\"font-variant-ligatures:normal\"><span style=\"font-weight:400\"><span style=\"white-space:normal\"><span style=\"background-color:#ffffff\"><span style=\"text-decoration-thickness:initial\"><span style=\"text-decoration-style:initial\"><span style=\"text-decoration-color:initial\"><a href=\"http:\/\/www.hospitalmed.com.br\/\" style=\"box-sizing:border-box; text-decoration:none; color:#008fd5; transition:color 0.3s\">www.hospitalmed.com.br<\/a><\/span><\/span><\/span><\/span><\/span><\/span><\/span><\/span><\/span><\/span><\/span><\/span><\/span><\/p>\r\n\r\n<p class=\"MsoTitle\" style=\"text-align:justify\"><span style=\"font-size:28pt\"><span style=\"font-family:Cambria,serif\"><span style=\"letter-spacing:-0.5pt\"><b><span style=\"font-size:18.0pt\"><span style=\"font-family:&quot;Calibri&quot;,sans-serif\"><span style=\"font-variant:small-caps\">Not&iacute;cias das Associadas<\/span><\/span><\/span><\/b><\/span><\/span><\/span><\/p>\r\n\r\n<p style=\"text-align:justify\"><span style=\"font-size:11pt\"><span style=\"line-height:normal\"><span style=\"font-family:Calibri,sans-serif\"><a href=\"https:\/\/www.meiofiltrante.com.br\/Noticia\/127944\/naotecidos-na-filtracao-evolucao-e-desafios\" style=\"color:blue; text-decoration:underline\"><span style=\"font-size:14.0pt\">ABINT | N&atilde;otecidos na Filtra&ccedil;&atilde;o: evolu&ccedil;&atilde;o e desafios<\/span><\/a><\/span><\/span><\/span><\/p>\r\n\r\n<p style=\"text-align:justify\"><span style=\"font-size:11pt\"><span style=\"line-height:normal\"><span style=\"font-family:Calibri,sans-serif\"><a href=\"https:\/\/www.abctecnologias.com.br\/lancamentos-e-novidades\/abc-tecnologias-reforca-inovacao-e-qualidade-no-mercado-com-participacao-no-curso-de-instalacao-de-geomembranas\/?utm_source=ABC+Tecnologias&amp;utm_campaign=01f83fe06e-CAMPANHA_RSS_POSTS_SITE&amp;utm_medium=email&amp;utm_term=0_01821b5e7f-01f83fe06e-468976694\" style=\"color:blue; text-decoration:underline\"><span style=\"font-size:14.0pt\">ABC Tecnologias Refor&ccedil;a Inova&ccedil;&atilde;o e Qualidade no Mercado com Participa&ccedil;&atilde;o no Curso de Instala&ccedil;&atilde;o de Geomembranas<\/span><\/a><\/span><\/span><\/span><\/p>\r\n\r\n<p style=\"text-align:justify\"><span style=\"font-size:11pt\"><span style=\"line-height:normal\"><span style=\"font-family:Calibri,sans-serif\"><a href=\"https:\/\/tissueonline.com.br\/andritz-fornecera-o-yankee-eco-steam-system-para-a-essity-na-inglaterra\/\" style=\"color:blue; text-decoration:underline\"><span style=\"font-size:14.0pt\">ANDRITZ fornecer&aacute; o Yankee Eco Steam System para a Essity, na Inglaterra<\/span><\/a><\/span><\/span><\/span><\/p>\r\n\r\n<p style=\"text-align:justify\"><span style=\"font-size:11pt\"><span style=\"line-height:normal\"><span style=\"font-family:Calibri,sans-serif\"><a href=\"https:\/\/www.nonwovens-industry.com\/contents\/view_breaking-news\/2024-09-12\/freudenberg-apparel-launches-film-bonding-series\/15303\" style=\"color:blue; text-decoration:underline\"><span lang=\"ES-AR\" style=\"font-size:14.0pt\">Freudenberg Apparel Launches Film Bonding Series<\/span><\/a><\/span><\/span><\/span><\/p>\r\n\r\n<p style=\"text-align:justify\"><span style=\"font-size:11pt\"><span style=\"line-height:normal\"><span style=\"font-family:Calibri,sans-serif\"><a href=\"https:\/\/www.nonwovens-industry.com\/issues\/2024-09\/view_editorials\/green-wipes-everyone-agrees\/53086\" style=\"color:blue; text-decoration:underline\"><span style=\"font-size:14.0pt\">Green Wipes&mdash;Everyone Agrees<\/span><\/a><\/span><\/span><\/span><\/p>\r\n\r\n<p style=\"text-align:justify\">&nbsp;<\/p>\r\n\r\n<p style=\"text-align:justify\"><span style=\"font-size:11pt\"><span style=\"line-height:normal\"><span style=\"font-family:Calibri,sans-serif\"><b><span style=\"font-size:18.0pt\"><span style=\"font-variant:small-caps\">Eventos<\/span><\/span><\/b><\/span><\/span><\/span><\/p>\r\n\r\n<p style=\"text-align:justify\">&nbsp;<\/p>\r\n\r\n<p style=\"text-align:justify\"><span style=\"font-size:11pt\"><span style=\"line-height:normal\"><span style=\"font-family:Calibri,sans-serif\"><a href=\"https:\/\/www.abrafiltros.org.br\/cursos\/\" style=\"color:blue; text-decoration:underline\"><b><span style=\"font-size:14.0pt\">Cursos Abrafiltros | Automatiza&ccedil;&atilde;o de Filtros de Manga<\/span><\/b><\/a><\/span><\/span><\/span><\/p>\r\n\r\n<p style=\"text-align:justify\"><span style=\"font-size:11pt\"><span style=\"line-height:normal\"><span style=\"font-family:Calibri,sans-serif\"><a href=\"https:\/\/conteudo.abimaq.org.br\/congresso\" style=\"color:blue; text-decoration:underline\"><b><span style=\"font-size:14.0pt\">9&ordm; Congresso da ABIMAQ<\/span><\/b><\/a><span style=\"font-size:14.0pt\"> discute Pol&iacute;tica industrial, produtividade e desenvolvimento no setor de M&aacute;quinas e Equipamentos, 17 de setembro, das 08h00 &agrave;s 13h30, na sede da ABIMAQ, Av. Jabaquara, 2925 &ndash; S&atilde;o Paulo\/SP<\/span><\/span><\/span><\/span><\/p>\r\n\r\n<p style=\"text-align:justify\"><span style=\"font-size:11pt\"><span style=\"line-height:normal\"><span style=\"font-family:Calibri,sans-serif\"><a href=\"https:\/\/abihpec.org.br\/mercado\/papo-de-mercado-abihpec\/\" style=\"color:blue; text-decoration:underline\"><b><span style=\"font-size:14.0pt\">Papo de Mercado ABIHPEC<\/span><\/b><\/a><span class=\"MsoHyperlink\" style=\"color:blue\"><span style=\"text-decoration:underline\"><b><span style=\"font-size:14.0pt\">,<\/span><\/b><\/span><\/span><span style=\"font-size:14.0pt\"> 23e 30 de setembro de 2024, 10h00 &agrave;s 12h00<\/span><\/span><\/span><\/span><\/p>\r\n\r\n<p style=\"text-align:justify\"><span style=\"font-size:11pt\"><span style=\"line-height:normal\"><span style=\"font-family:Calibri,sans-serif\"><a href=\"https:\/\/www.aatcc.org\/summit\/\" style=\"color:blue; text-decoration:underline\"><b><span lang=\"EN-US\" style=\"font-size:14.0pt\">AATCC&#39;s Textile Discovery Summit<\/span><\/b><\/a><span lang=\"EN-US\" style=\"font-size:14.0pt\">, October 6-8, 2024, The Westin Savannah Harbor 1 Resort Drive, Savannah, Ge&oacute;rgia, EUA<\/span><\/span><\/span><\/span><\/p>\r\n\r\n<p style=\"text-align:justify\"><span style=\"font-size:11pt\"><span style=\"line-height:normal\"><span style=\"font-family:Calibri,sans-serif\"><a href=\"https:\/\/www.even3.com.br\/xxxcntt\/\" style=\"color:blue; text-decoration:underline\"><b><span style=\"font-size:14.0pt\">30&ordm; Congresso Nacional de Tecnologia T&ecirc;xtil, Confec&ccedil;&atilde;o e Moda<\/span><\/b><\/a><span style=\"font-size:14.0pt\">, 08 a 11 de outubro de 2024, evento presencial, Apucarana\/ PR<\/span><\/span><\/span><\/span><\/p>\r\n\r\n<p style=\"text-align:justify\"><span style=\"font-size:11pt\"><span style=\"line-height:normal\"><span style=\"font-family:Calibri,sans-serif\"><a href=\"https:\/\/plasticosemrevista.com.br\/competitividade-2024-inscricao\/\" style=\"color:blue; text-decoration:underline\"><b><span style=\"font-size:14.0pt\">Pl&aacute;sticos em Revista | Semin&aacute;rio Competitividade<\/span><\/b><\/a><span style=\"font-size:14.0pt\">, 10 de outubro de 2024, Hotel Meli&aacute;, Av. Paulista, 2181<\/span><\/span><\/span><\/span><\/p>\r\n\r\n<p style=\"text-align:justify\"><span style=\"font-size:11pt\"><span style=\"line-height:normal\"><span style=\"font-family:Calibri,sans-serif\"><a href=\"http:\/\/www.fenasan.com.br\" style=\"color:blue; text-decoration:underline\"><b><span style=\"font-size:14.0pt\">Fenasan 2024 &ndash; Feira Nacional de Saneamento e Meio Ambiente<\/span><\/b><\/a><span style=\"font-size:14.0pt\">, 22 a 24 de outubro de 2024, Pavilh&otilde;es Verde e Vermelho, Expo Center Norte, S&atilde;o Paulo SP<\/span><\/span><\/span><\/span><\/p>\r\n\r\n<p style=\"text-align:justify\"><span style=\"font-size:11pt\"><span style=\"line-height:normal\"><span style=\"font-family:Calibri,sans-serif\"><a href=\"http:\/\/www.hospitalmed.com.br\" style=\"color:blue; text-decoration:underline\"><b><span style=\"font-size:14.0pt\">HospitalMed 2024<\/span><\/b><\/a><span style=\"font-size:14.0pt\">, 23 a 25 de outubro, das 14h &agrave;s 20h, no Pernambuco Centro de Conven&ccedil;&otilde;es<\/span><\/span><\/span><\/span><\/p>\r\n\r\n<p style=\"text-align:justify\"><span style=\"font-size:11pt\"><span style=\"line-height:normal\"><span style=\"font-family:Calibri,sans-serif\"><a href=\"https:\/\/www.abnteducacao.com.br\/Simbologia_de_cuidados_aplicada_a_Etiquetagem_de_Texteis_ABNT_NBR_NM_ISO_3758\" style=\"color:blue; text-decoration:underline\"><b><span style=\"font-size:14.0pt\">Simbologia de cuidados aplicada a Etiquetagem de T&ecirc;xteis<\/span><\/b><\/a><span style=\"font-size:14.0pt\">, 23 e 24 de outubro de 2024, 8h30 &agrave;s 17h30, evento online<\/span><\/span><\/span><\/span><\/p>\r\n\r\n<p style=\"text-align:justify\"><span style=\"font-size:11pt\"><span style=\"line-height:normal\"><span style=\"font-family:Calibri,sans-serif\"><a href=\"https:\/\/b20brazil.org\/#msdynttrid=6zt-Ug2nJO0FDfhoU9K0en-twuGAoU5aPF8EQm7neRo\" style=\"color:blue; text-decoration:underline\"><b><span lang=\"EN-US\" style=\"font-size:14.0pt\">B20 Summit Brasil 2024 - Inclusive Growth for a Sustainable Future<\/span><\/b><\/a><span lang=\"EN-US\" style=\"font-size:14.0pt\">, October 24th - 25th, 2024, Clube Atl&eacute;tico Monte L&iacute;bano, S&atilde;o Paulo, SP<\/span><\/span><\/span><\/span><\/p>\r\n\r\n<p style=\"text-align:justify\"><span style=\"font-size:11pt\"><span style=\"line-height:normal\"><span style=\"font-family:Calibri,sans-serif\"><a href=\"http:\/\/www.congressoabit.com.br\" style=\"color:blue; text-decoration:underline\"><b><span style=\"font-size:14.0pt\">Congresso Internacional Abit 2024<\/span><\/b><\/a><span style=\"font-size:14.0pt\">, 30 e 31 de outubro, Salvador, Bahia<\/span><\/span><\/span><\/span><\/p>\r\n\r\n<p style=\"text-align:justify\"><span style=\"font-size:11pt\"><span style=\"line-height:normal\"><span style=\"font-family:Calibri,sans-serif\"><a href=\"https:\/\/www.fimec.com.br\/\" style=\"color:blue; text-decoration:underline\"><b><span style=\"font-size:14.0pt\">Fimec 2025<\/span><\/b><\/a><span style=\"font-size:14.0pt\">, 18 a 20 de mar&ccedil;o, Fenac, Novo Hamburgo, RS<\/span><\/span><\/span><\/span><\/p>\r\n\r\n<p style=\"text-align:justify\"><span style=\"font-size:28pt\"><span style=\"font-family:Cambria,serif\"><span style=\"letter-spacing:-0.5pt\"><b><span style=\"font-size:18.0pt\"><span style=\"font-family:&quot;Calibri&quot;,sans-serif\"><span style=\"font-variant:small-caps\">Setor<\/span><\/span><\/span><\/b><\/span><\/span><\/span><\/p>\r\n\r\n<p style=\"text-align:justify\"><span style=\"font-size:11pt\"><span style=\"line-height:normal\"><span style=\"font-family:Calibri,sans-serif\"><a href=\"https:\/\/tissueonline.com.br\/absorventes-femininos-entre-liberdade-conforto-e-sustentabilidade\/?utm_campaign=colunistas_absorventes_femininos_entre_liberdade_conforto_e_sustentabilidade&amp;utm_medium=email&amp;utm_source=RD+Station\" style=\"color:blue; text-decoration:underline\"><span style=\"font-size:14.0pt\">Absorventes femininos: entre liberdade, conforto e sustentabilidade<\/span><\/a><\/span><\/span><\/span><\/p>\r\n\r\n<p style=\"text-align:justify\"><span style=\"font-size:11pt\"><span style=\"line-height:normal\"><span style=\"font-family:Calibri,sans-serif\"><a href=\"https:\/\/www.nonwovens-industry.com\/contents\/view_breaking-news\/2024-09-11\/fda-to-conduct-tampon-study\/15303\" style=\"color:blue; text-decoration:underline\"><span style=\"font-size:14.0pt\">FDA to Conduct Tampon Study<\/span><\/a><\/span><\/span><\/span><\/p>\r\n\r\n<p style=\"text-align:justify\"><span style=\"font-size:11pt\"><span style=\"line-height:normal\"><span style=\"font-family:Calibri,sans-serif\"><a href=\"https:\/\/www.moveisdevalor.com.br\/portal\/colchoes-castor-torna-se-signataria-do-pacto-global-da-onu?source=news\" style=\"color:blue; text-decoration:underline\"><span style=\"font-size:14.0pt\">Colch&otilde;es Castor torna-se signat&aacute;ria do Pacto Global da ONU<\/span><\/a><\/span><\/span><\/span><\/p>\r\n\r\n<p style=\"text-align:justify\"><span style=\"font-size:11pt\"><span style=\"line-height:normal\"><span style=\"font-family:Calibri,sans-serif\"><a href=\"https:\/\/revistaoeste.com\/economia\/plano-de-investimentos-da-shein-prejudica-setor-textil-no-brasil\/\" style=\"color:blue; text-decoration:underline\"><span style=\"font-size:14.0pt\">Plano de investimentos da Shein prejudica setor t&ecirc;xtil no Brasil<\/span><\/a><\/span><\/span><\/span><\/p>\r\n\r\n<p style=\"text-align:justify\"><span style=\"font-size:11pt\"><span style=\"line-height:normal\"><span style=\"font-family:Calibri,sans-serif\"><a href=\"https:\/\/www.radiosantacruzfmg.com.br\/\" style=\"color:blue; text-decoration:underline\"><span style=\"font-size:14.0pt\">Falta de m&atilde;o de obra amea&ccedil;a a produ&ccedil;&atilde;o das ind&uacute;strias t&ecirc;xteis<\/span><\/a><\/span><\/span><\/span><\/p>\r\n\r\n<p style=\"text-align:justify\"><span style=\"font-size:11pt\"><span style=\"line-height:normal\"><span style=\"font-family:Calibri,sans-serif\"><a href=\"https:\/\/liberal.com.br\/cidades\/americana\/seminario-reune-122-empresas-texteis-no-auditorio-do-senai-americana-2251011\/\" style=\"color:blue; text-decoration:underline\"><span style=\"font-size:14.0pt\">Semin&aacute;rio re&uacute;ne 122 empresas t&ecirc;xteis no Senai Americana<\/span><\/a><\/span><\/span><\/span><\/p>\r\n\r\n<p style=\"text-align:justify\"><span style=\"font-size:11pt\"><span style=\"line-height:normal\"><span style=\"font-family:Calibri,sans-serif\"><a href=\"https:\/\/www.cnnbrasil.com.br\/economia\/macroeconomia\/braskem-inaugura-centro-de-pesquisa-de-r-110-mi-nos-eua-para-desenvolver-produtos-quimicos-verdes\/\" style=\"color:blue; text-decoration:underline\"><span style=\"font-size:14.0pt\">Braskem inaugura centro de pesquisa de R$ 110 mi nos EUA para desenvolver produtos qu&iacute;micos verdes<\/span><\/a><\/span><\/span><\/span><\/p>\r\n\r\n<p style=\"text-align:justify\"><span style=\"font-size:11pt\"><span style=\"line-height:normal\"><span style=\"font-family:Calibri,sans-serif\"><a href=\"https:\/\/plasticosemrevista.com.br\/reliance-expande-em-pvc-e-pet-na-india\/\" style=\"color:blue; text-decoration:underline\"><span style=\"font-size:14.0pt\">Reliance expande em PVC e PET na &Iacute;ndia<\/span><\/a><\/span><\/span><\/span><\/p>\r\n\r\n<p style=\"text-align:justify\"><span style=\"font-size:28pt\"><span style=\"font-family:Cambria,serif\"><span style=\"letter-spacing:-0.5pt\"><b><span style=\"font-size:18.0pt\"><span style=\"font-family:&quot;Calibri&quot;,sans-serif\"><span style=\"font-variant:small-caps\">Ind&uacute;stria<\/span><\/span><\/span><\/b><\/span><\/span><\/span><\/p>\r\n\r\n<p style=\"text-align:justify\"><span style=\"font-size:11pt\"><span style=\"line-height:normal\"><span style=\"font-family:Calibri,sans-serif\"><a href=\"https:\/\/blogdoibre.fgv.br\/posts\/produtividade-da-industria-de-transformacao-por-atividades-economicas\" style=\"color:blue; text-decoration:underline\"><span style=\"font-size:14.0pt\">A produtividade da ind&uacute;stria de transforma&ccedil;&atilde;o por atividades econ&ocirc;micas<\/span><\/a><\/span><\/span><\/span><\/p>\r\n\r\n<p style=\"text-align:justify\"><span style=\"font-size:11pt\"><span style=\"line-height:normal\"><span style=\"font-family:Calibri,sans-serif\"><a href=\"https:\/\/www.cnnbrasil.com.br\/economia\/macroeconomia\/brasil-tem-que-proteger-economia-agindo-em-fatores-especificos-diz-presidente-da-abimaq\/\" style=\"color:blue; text-decoration:underline\"><span style=\"font-size:14.0pt\">Brasil tem que proteger economia agindo em fatores espec&iacute;ficos, diz presidente da Abimaq<\/span><\/a><\/span><\/span><\/span><\/p>\r\n\r\n<p style=\"text-align:justify\"><span style=\"font-size:11pt\"><span style=\"line-height:normal\"><span style=\"font-family:Calibri,sans-serif\"><a href=\"https:\/\/noticias.portaldaindustria.com.br\/noticias\/economia\/confianca-do-empresario-industrial-sobe-pelo-2o-mes-consecutivo-aponta-cni\/\" style=\"color:blue; text-decoration:underline\"><span style=\"font-size:14.0pt\">Confian&ccedil;a do empres&aacute;rio industrial sobe pelo 2&ordm; m&ecirc;s consecutivo, aponta CNI<\/span><\/a><\/span><\/span><\/span><\/p>\r\n\r\n<p style=\"text-align:justify\"><span style=\"font-size:11pt\"><span style=\"line-height:normal\"><span style=\"font-family:Calibri,sans-serif\"><a href=\"https:\/\/agenciabrasil.ebc.com.br\/economia\/noticia\/2024-09\/industria-de-transformacao-continua-em-patamar-superior-ao-de-2023\" style=\"color:blue; text-decoration:underline\"><span style=\"font-size:14.0pt\">Ind&uacute;stria de transforma&ccedil;&atilde;o continua em patamar superior ao de 2023<\/span><\/a><\/span><\/span><\/span><\/p>\r\n\r\n<p style=\"text-align:justify\"><span style=\"font-size:11pt\"><span style=\"line-height:normal\"><span style=\"font-family:Calibri,sans-serif\"><a href=\"https:\/\/www.cnnbrasil.com.br\/economia\/macroeconomia\/industria-quimica-alega-concorrencia-desleal-de-importados-e-fecha-duas-fabricas\/\" style=\"color:blue; text-decoration:underline\"><span style=\"font-size:14.0pt\">Ind&uacute;stria qu&iacute;mica alega concorr&ecirc;ncia desleal de importados e interrompe produ&ccedil;&atilde;o de duas f&aacute;bricas<\/span><\/a><\/span><\/span><\/span><\/p>\r\n\r\n<p style=\"text-align:justify\"><span style=\"font-size:11pt\"><span style=\"line-height:normal\"><span style=\"font-family:Calibri,sans-serif\"><a href=\"https:\/\/comexdobrasil.com\/exportacoes-de-calcados-acumulam-forte-queda-no-ano-afetadas-pela-concorrencia-asiatica\/\" style=\"color:blue; text-decoration:underline\"><span style=\"font-size:14.0pt\">Exporta&ccedil;&otilde;es de cal&ccedil;ados acumulam forte queda no ano, afetadas pela concorr&ecirc;ncia asi&aacute;tica<\/span><\/a><\/span><\/span><\/span><\/p>\r\n\r\n<p style=\"text-align:justify\"><span style=\"font-size:11pt\"><span style=\"line-height:normal\"><span style=\"font-family:Calibri,sans-serif\"><a href=\"https:\/\/agenciadenoticias.ibge.gov.br\/agencia-noticias\/2012-agencia-de-noticias\/noticias\/41257-com-dois-dissidios-coletivos-e-alta-dos-materiais-precos-da-construcao-sobem-0-63-em-agosto\" style=\"color:blue; text-decoration:underline\"><span style=\"font-size:14.0pt\">Com dois diss&iacute;dios coletivos e alta dos materiais, pre&ccedil;os da constru&ccedil;&atilde;o sobem 0,63% em agosto<\/span><\/a><\/span><\/span><\/span><\/p>\r\n\r\n<p style=\"text-align:justify\"><span style=\"font-size:11pt\"><span style=\"line-height:normal\"><span style=\"font-family:Calibri,sans-serif\"><a href=\"https:\/\/www.fibre2fashion.com\/news\/textile-news\/industrial-production-declines-in-euro-area-eu-in-july-2024-298005-newsdetails.htm\" style=\"color:blue; text-decoration:underline\"><span lang=\"EN-US\" style=\"font-size:14.0pt\">Industrial production declines in euro area &amp; EU in July 2024<\/span><\/a><\/span><\/span><\/span><\/p>\r\n\r\n<p style=\"text-align:justify\"><span style=\"font-size:28pt\"><span style=\"font-family:Cambria,serif\"><span style=\"letter-spacing:-0.5pt\"><b><span style=\"font-size:18.0pt\"><span style=\"font-family:&quot;Calibri&quot;,sans-serif\"><span style=\"font-variant:small-caps\">Sustentabilidade<\/span><\/span><\/span><\/b><\/span><\/span><\/span><\/p>\r\n\r\n<p style=\"text-align:justify\"><span style=\"font-size:11pt\"><span style=\"line-height:normal\"><span style=\"font-family:Calibri,sans-serif\"><a href=\"https:\/\/www.gov.br\/mdic\/pt-br\/assuntos\/noticias\/2024\/setembro\/mdic-debate-nova-economia-do-plastico-no-forum-publico-da-omc\" style=\"color:blue; text-decoration:underline\"><span style=\"font-size:14.0pt\">MDIC debate nova economia do pl&aacute;stico no F&oacute;rum P&uacute;blico da OMC<\/span><\/a><\/span><\/span><\/span><\/p>\r\n\r\n<p style=\"text-align:justify\"><span style=\"font-size:11pt\"><span style=\"line-height:normal\"><span style=\"font-family:Calibri,sans-serif\"><a href=\"https:\/\/ajn1.com.br\/meio-ambiente\/em-torno-de-70-de-todo-o-residuo-plastico-no-mundo-e-produzido-por-apenas-20-paises-incluindo-o-brasil\/\" style=\"color:blue; text-decoration:underline\"><span style=\"font-size:14.0pt\">Em torno de 70% de todo o res&iacute;duo pl&aacute;stico no mundo &eacute; produzido por apenas 20 pa&iacute;ses, incluindo o Brasil<\/span><\/a><\/span><\/span><\/span><\/p>\r\n\r\n<p style=\"text-align:justify\"><span style=\"font-size:28pt\"><span style=\"font-family:Cambria,serif\"><span style=\"letter-spacing:-0.5pt\"><b><span style=\"font-size:18.0pt\"><span style=\"font-family:&quot;Calibri&quot;,sans-serif\"><span style=\"font-variant:small-caps\">Inova&ccedil;&atilde;o<\/span><\/span><\/span><\/b><\/span><\/span><\/span><\/p>\r\n\r\n<p style=\"text-align:justify\"><span style=\"font-size:11pt\"><span style=\"line-height:normal\"><span style=\"font-family:Calibri,sans-serif\"><a href=\"https:\/\/www.innovationintextiles.com\/fibres-yarns-fabrics\/circular-synthetic-leather-developed\/\" style=\"color:blue; text-decoration:underline\"><span style=\"font-size:14.0pt\">Circular synthetic leather developed<\/span><\/a><\/span><\/span><\/span><\/p>\r\n\r\n<p style=\"text-align:justify\"><span style=\"font-size:11pt\"><span style=\"line-height:normal\"><span style=\"font-family:Calibri,sans-serif\"><a href=\"https:\/\/clickpetroleoegas.com.br\/inovacao-na-construcao-civil-startup-transforma-lixo-plastico-nao-reciclavel-em-lajes-de-pavimentacao-e-mais-resistentes-que-o-cimento\/#google_vignette\" style=\"color:blue; text-decoration:underline\"><span style=\"font-size:14.0pt\">Inova&ccedil;&atilde;o na constru&ccedil;&atilde;o civil: startup transforma lixo pl&aacute;stico n&atilde;o recicl&aacute;vel em lajes de pavimenta&ccedil;&atilde;o e mais resistentes que o cimento!<\/span><\/a><\/span><\/span><\/span><\/p>\r\n\r\n<p style=\"text-align:justify\"><span style=\"font-size:11pt\"><span style=\"line-height:normal\"><span style=\"font-family:Calibri,sans-serif\"><a href=\"https:\/\/www.gov.br\/mdic\/pt-br\/assuntos\/noticias\/2024\/setembro\/programa-de-modernizacao-do-parque-fabril-alcanca-23-setores-na-primeira-etapa\" style=\"color:blue; text-decoration:underline\"><span style=\"font-size:14.0pt\">Programa de moderniza&ccedil;&atilde;o do parque fabril alcan&ccedil;a 23 setores na primeira etapa<\/span><\/a><\/span><\/span><\/span><\/p>\r\n\r\n<p style=\"text-align:justify\"><span style=\"font-size:28pt\"><span style=\"font-family:Cambria,serif\"><span style=\"letter-spacing:-0.5pt\"><b><span style=\"font-size:18.0pt\"><span style=\"font-family:&quot;Calibri&quot;,sans-serif\"><span style=\"font-variant:small-caps\">Com&eacute;rcio Exterior<\/span><\/span><\/span><\/b><\/span><\/span><\/span><\/p>\r\n\r\n<p style=\"text-align:justify\"><span style=\"font-size:11pt\"><span style=\"line-height:normal\"><span style=\"font-family:Calibri,sans-serif\"><a href=\"https:\/\/www.itatiaia.com.br\/politica\/2024\/09\/12\/uniao-europeia-nao-deve-assinar-acordo-com-mercosul-rachado-diz-macron-a-brasileiros\" style=\"color:blue; text-decoration:underline\"><span style=\"font-size:14.0pt\">Uni&atilde;o Europeia n&atilde;o deve assinar acordo com Mercosul rachado, diz Macron a brasileiros<\/span><\/a><\/span><\/span><\/span><\/p>\r\n\r\n<p style=\"text-align:justify\"><span style=\"font-size:11pt\"><span style=\"line-height:normal\"><span style=\"font-family:Calibri,sans-serif\"><a href=\"https:\/\/anba.com.br\/mauro-vieira-ve-nova-etapa-na-relacao-com-golfo\/\" style=\"color:blue; text-decoration:underline\"><span style=\"font-size:14.0pt\">Mauro Vieira v&ecirc; nova etapa na rela&ccedil;&atilde;o com Golfo<\/span><\/a><\/span><\/span><\/span><\/p>\r\n\r\n<p style=\"text-align:justify\"><span style=\"font-size:11pt\"><span style=\"line-height:normal\"><span style=\"font-family:Calibri,sans-serif\"><a href=\"https:\/\/neofeed.com.br\/economia\/no-mexico-tratado-de-livre-comercio-ameacado-e-us-35-bilhoes-congelados\/\" style=\"color:blue; text-decoration:underline\"><span style=\"font-size:14.0pt\">No M&eacute;xico, tratado de livre-com&eacute;rcio amea&ccedil;ado e US$ 35 bilh&otilde;es &quot;congelados&quot;<\/span><\/a><\/span><\/span><\/span><\/p>\r\n\r\n<p style=\"text-align:justify\"><span style=\"font-size:11pt\"><span style=\"line-height:normal\"><span style=\"font-family:Calibri,sans-serif\"><a href=\"https:\/\/comexdobrasil.com\/brasil-exporta-oportunidades-diz-aeb-ao-analisar-dados-da-balanca-comercial-de-agosto\/\" style=\"color:blue; text-decoration:underline\"><span style=\"font-size:14.0pt\">Brasil exporta oportunidades, diz AEB ao analisar dados da balan&ccedil;a comercial de agosto<\/span><\/a><\/span><\/span><\/span><\/p>\r\n\r\n<p style=\"text-align:justify\"><span style=\"font-size:28pt\"><span style=\"font-family:Cambria,serif\"><span style=\"letter-spacing:-0.5pt\"><b><span style=\"font-size:18.0pt\"><span style=\"font-family:&quot;Calibri&quot;,sans-serif\"><span style=\"font-variant:small-caps\">Economia<\/span><\/span><\/span><\/b><\/span><\/span><\/span><\/p>\r\n\r\n<p style=\"text-align:justify\"><span style=\"font-size:11pt\"><span style=\"line-height:normal\"><span style=\"font-family:Calibri,sans-serif\"><a href=\"https:\/\/www.bcb.gov.br\/content\/focus\/focus\/R20240913.pdf\" style=\"color:blue; text-decoration:underline\"><span style=\"font-size:14.0pt\">Focus - Relat&oacute;rio de Mercado<\/span><\/a><\/span><\/span><\/span><\/p>\r\n\r\n<p style=\"text-align:justify\"><span style=\"font-size:11pt\"><span style=\"line-height:normal\"><span style=\"font-family:Calibri,sans-serif\"><a href=\"https:\/\/portalibre.fgv.br\/system\/files\/divulgacao\/noticias\/mat-complementar\/2024-09\/Monitor%20do%20PIB-FGV%20-%20Setembro%20de%202024%20-%20Ref.%20de%20julho.pdf\" style=\"color:blue; text-decoration:underline\"><span style=\"font-size:14.0pt\">Monitor do PIB-FGV - Setembro de 2024<\/span><\/a><\/span><\/span><\/span><\/p>\r\n\r\n<p style=\"text-align:justify\"><span style=\"font-size:11pt\"><span style=\"line-height:normal\"><span style=\"font-family:Calibri,sans-serif\"><a href=\"https:\/\/blogdoibre.fgv.br\/posts\/identificando-os-principais-condicionantes-do-crescimento-de-cerca-de-3-aa-do-pib-brasileiro\" style=\"color:blue; text-decoration:underline\"><span style=\"font-size:14.0pt\">Identificando os principais condicionantes do crescimento de cerca de 3% a.a. do PIB brasileiro em 2022-24<\/span><\/a><\/span><\/span><\/span><\/p>\r\n\r\n<p style=\"text-align:justify\">&nbsp;<\/p>\r\n\r\n<p style=\"text-align:justify\"><img src=\"https:\/\/www.abint.org.br\/assets\/img\/editor\/redes-sociais-abint-ctg-cth_20240904135709sSIkVHItU6.jpg\" \/><\/p>\r\n","texto_en":"","7":"","imagem":"COMP_capa-2024-site-boletim-abint-noticias-semanis_20240918114832SJODNAtE3V.jpg","8":"COMP_capa-2024-site-boletim-abint-noticias-semanis_20240918114832SJODNAtE3V.jpg","arquivo":"20240917-BOLETIM-ABINT-DE-NOTICIAS-SEMANAIS.PDF","9":"20240917-BOLETIM-ABINT-DE-NOTICIAS-SEMANAIS.PDF","titulo_arquivo":"20240917 Boletim ABINT de Not\u00edcias Semanais","10":"20240917 Boletim ABINT de Not\u00edcias Semanais","titulo_arquivo_en":"","11":"","created_at":"2024-09-18 11:48:42","12":"2024-09-18 11:48:42","updated_at":"2024-09-18 11:48:42","13":"2024-09-18 11:48:42"},{"id":135,"0":135,"ordem":88,"1":88,"data":"2024-09-10","2":"2024-09-10","slug":"boletim-abint-de-noticias-semanais-46","3":"boletim-abint-de-noticias-semanais-46","titulo":"Boletim ABINT de Not\u00edcias Semanais","4":"Boletim ABINT de Not\u00edcias Semanais","titulo_en":"","5":"","texto":"<p style=\"text-align:justify\"><span style=\"font-size:11pt\"><span style=\"line-height:normal\"><span style=\"font-family:Calibri,sans-serif\"><span style=\"font-size:14.0pt\">Esta &eacute; uma compila&ccedil;&atilde;o das not&iacute;cias mais relevantes para o setor, incluindo informa&ccedil;&otilde;es sobre acordos internacionais, economia brasileira, sustentabilidade e mat&eacute;rias primas, al&eacute;m de novidades do setor de N&atilde;otecidos e Tecidos T&eacute;cnicos.<\/span><\/span><\/span><\/span><\/p>\r\n\r\n<p style=\"text-align:justify\"><span style=\"font-size:28pt\"><span style=\"font-family:Cambria,serif\"><span style=\"letter-spacing:-0.5pt\"><b><span style=\"font-size:18.0pt\"><span calibri=\"\" style=\"font-family:\"><span style=\"font-variant:small-caps\">A&ccedil;&otilde;es realizadas<\/span><\/span><\/span><\/b><\/span><\/span><\/span><\/p>\r\n\r\n<p style=\"text-align:justify\">&nbsp;<\/p>\r\n\r\n<p><b><img src=\"https:\/\/www.abint.org.br\/assets\/img\/editor\/abint-logo-2020-g_20240904132243faaawqQf1G.png\" style=\"width: 300px; height: 69px;\" \/><\/b><\/p>\r\n\r\n<p>ABINT no Programa Abra Talks, epis&oacute;dio 15 da temporada 2024, dispon&iacute;vel na TV Filtros!<\/p>\r\n\r\n<p>O programa recebeu sr. Laerte Maroni, conselheiro da ABINT - Associa&ccedil;&atilde;o Brasileira das Ind&uacute;strias de N&atilde;otecidos e Tecidos T&eacute;cnicos e especialista com 38 anos de experi&ecirc;ncia no setor. Durante a conversa, Maroni esclareceu diversos aspectos e caracter&iacute;sticas dos n&atilde;otecidos, em especial da forte rela&ccedil;&atilde;o existente com o setor de filtra&ccedil;&atilde;o.<\/p>\r\n\r\n<p><a href=\"https:\/\/emailmarketing.locaweb.com.br\/accounts\/107605\/messages\/742\/clicks\/3926\/2455?envelope_id=836\">Assista o epis&oacute;dio completo!<\/a><\/p>\r\n\r\n<p><img src=\"https:\/\/www.abint.org.br\/assets\/img\/editor\/abint-no-abra-talks-2024-abrafiltros_20240904132851lUyhUemzVV.jpg\" \/><\/p>\r\n\r\n<p style=\"text-align:justify\"><font face=\"Calibri, sans-serif\"><span style=\"font-size: 24px; font-variant-caps: small-caps; letter-spacing: -0.666667px;\"><b>O que vem por a&iacute;<\/b><\/span><\/font><\/p>\r\n\r\n<p style=\"text-align:justify\"><font face=\"Calibri, sans-serif\"><span style=\"font-size: 24px; font-variant-caps: small-caps; letter-spacing: -0.666667px;\"><b><img src=\"https:\/\/www.abint.org.br\/assets\/img\/editor\/post-quadrado-curso-naotecido_20240910165107QevEOws8Be.jpg\" style=\"width: 500px; height: 500px;\" \/><\/b><\/span><\/font><\/p>\r\n\r\n<p style=\"text-align:justify\"><span style=\"font-size:11pt\"><span style=\"line-height:normal\"><span style=\"font-family:Calibri,sans-serif\"><a href=\"https:\/\/forms.office.com\/r\/5DrqtK5n3Y\" style=\"color:blue; text-decoration:underline\"><span style=\"font-size:14.0pt\">INFORMA&Ccedil;&Otilde;ES E INSCRI&Ccedil;&Otilde;ES<\/span><\/a><\/span><\/span><\/span><\/p>\r\n\r\n<p style=\"text-align:justify\">&nbsp;<\/p>\r\n\r\n<p style=\"text-align:justify\">A&nbsp;<b>ABINT<\/b>&nbsp;&eacute; uma das&nbsp;<b>patrocinadoras<\/b>&nbsp;do<b>&nbsp;<a href=\"https:\/\/www.congressoabit.com.br\/\">Congresso Internacional Abit 2024<\/a><\/b>, que ocorrer&aacute; dias 30 e 31 de outubro, no SENAI Cimatec, Salvador, BA.<\/p>\r\n\r\n<p><img src=\"https:\/\/www.abint.org.br\/assets\/img\/editor\/congresso-internacional-abit-2024_20240904134237MDZahAJwq8.jpg\" \/><\/p>\r\n\r\n<p>&nbsp;<\/p>\r\n\r\n<p><img src=\"https:\/\/www.abint.org.br\/assets\/img\/editor\/logo-ctg-abint-jpg_20240904134317C3JFRe5hO8.jpg\" style=\"width: 300px; height: 55px;\" \/><\/p>\r\n\r\n<p>&nbsp;<\/p>\r\n\r\n<p><img src=\"https:\/\/www.abint.org.br\/assets\/img\/editor\/cobramseg-2024_20240904135224Z2sV4nJRyT.jpg\" \/><\/p>\r\n\r\n<p><b>O CTG ABINT &eacute; um dos patrocinadores da 21&ordf; edi&ccedil;&atilde;o do Cobramseg &ndash; Congresso Brasileiro de Mec&acirc;nica dos Solos e Engenharia Geot&eacute;cnica.<\/b><\/p>\r\n\r\n<p>&ldquo;<i>Nos reunimos para celebrar a Mec&acirc;nica dos Solos e das Rochas, da GeoEngenharia! Academia, Ind&uacute;stria e &Oacute;rg&atilde;os Gestores unidos para expor seus avan&ccedil;os t&eacute;cnicos e cient&iacute;ficos. Um ambiente rico e diverso que nos permite debater solu&ccedil;&otilde;es e a&ccedil;&otilde;es de forma a fortalecer nossa comunidade geot&eacute;cnica, visando proporcionar um desenvolvimento mais sustent&aacute;vel e seguro para a nossa sociedade<\/i>.&rdquo; V&iacute;tor Pereira Faro, Presidente do COBRAMSEG 2024<\/p>\r\n\r\n<p><a href=\"http:\/\/www.cobramseg.com.br\/\">www.cobramseg.com.br<\/a><\/p>\r\n\r\n<p>&nbsp;<\/p>\r\n\r\n<p><img src=\"https:\/\/www.abint.org.br\/assets\/img\/editor\/fenasan-2024_20240904135314a8pkkJgG8Z.jpg\" style=\"width: 500px; height: 733px;\" \/><\/p>\r\n\r\n<p>&nbsp;<\/p>\r\n\r\n<p>O&nbsp;<b>CTG ABINT apoia a Feira Nacional de Saneamento e Meio Ambiente &ndash; Fenasan e do 35&ordm; Encontro T&eacute;cnico AESabesp, que ocorrer&atilde;o de 22 a 24 de outubro de 2024<\/b>, no Pavilh&atilde;o Verde e Vermelho, no Expo Center Norte, em S&atilde;o Paulo. Trata-se do maior evento de saneamento da Am&eacute;rica Latin. A realiza&ccedil;&atilde;o &eacute; da AESabesp &ndash; Associa&ccedil;&atilde;o dos Engenheiros da Sabesp.<\/p>\r\n\r\n<p><i>O tema central desta edi&ccedil;&atilde;o &eacute; &ldquo;Saneamento ambiental: condi&ccedil;&atilde;o fundamental para o enfrentamento das mudan&ccedil;as clim&aacute;ticas&rdquo;. Com um p&uacute;blico tradicionalmente de 22 mil visitantes e alinhada aos ODS &ndash; Objetivos de Desenvolvimento Sustent&aacute;vel estabelecidos pela ONU e aos conceitos de ESG, a edi&ccedil;&atilde;o 2024 continuar&aacute; ampliando o di&aacute;logo em torno das quest&otilde;es de saneamento ambiental, meio ambiente e sustentabilidade e promovendo o compartilhamento de conhecimento altamente qualificado.<\/i><\/p>\r\n\r\n<p><a href=\"http:\/\/www.fenasan.com.br\/\">www.fenasan.com.br<\/a><\/p>\r\n\r\n<p>&nbsp;<\/p>\r\n\r\n<p><img src=\"https:\/\/www.abint.org.br\/assets\/img\/editor\/cth-logo-alta-jpg_20240904134558I6qw2pBRZt.jpg\" style=\"width: 300px; height: 68px;\" \/><\/p>\r\n\r\n<p><img src=\"https:\/\/www.abint.org.br\/assets\/img\/editor\/hospitalmed-2024-story-cth-abint_20240904134515hOjyRRpXlX.png\" style=\"width: 500px; height: 889px;\" \/><\/p>\r\n\r\n<p><b>O CTH ABINT &eacute; um dos patrocinadores da HospitalMed 2024.<\/b><\/p>\r\n\r\n<p>&ldquo;<i>A melhor e Mais Completa Feira de Sa&uacute;de do Norte\/Nordeste<\/i>&rdquo;, &eacute; uma realiza&ccedil;&atilde;o da HospitalMed Feiras &amp; Eventos e da Insight Feiras de Neg&oacute;cios.<\/p>\r\n\r\n<p><i>&ldquo;O&nbsp;<b>re&uacute;ne toda a cadeia produtiva do setor de sa&uacute;de das regi&otilde;es Norte\/Nordeste<\/b>. &Eacute; o grande encontro de fornecedores de Produtos, Equipamentos, Servi&ccedil;os, Tecnologia e Conte&uacute;do para Hospitais, Laborat&oacute;rios, Farm&aacute;cias, Cl&iacute;nicas, Consult&oacute;rios e Profissionais da Sa&uacute;de&rdquo;.<\/i><\/p>\r\n\r\n<p><a href=\"http:\/\/www.hospitalmed.com.br\/\">www.hospitalmed.com.br<\/a><\/p>\r\n\r\n<p class=\"MsoTitle\" style=\"text-align:justify\"><span style=\"font-size:28pt\"><span style=\"font-family:Cambria,serif\"><span style=\"letter-spacing:-0.5pt\"><b><span style=\"font-size:18.0pt\"><span calibri=\"\" style=\"font-family:\"><span style=\"font-variant:small-caps\">Not&iacute;cias das Associadas<\/span><\/span><\/span><\/b><\/span><\/span><\/span><\/p>\r\n\r\n<p style=\"text-align:justify\"><span style=\"font-size:11pt\"><span style=\"line-height:normal\"><span style=\"font-family:Calibri,sans-serif\"><a href=\"https:\/\/tissueonline.com.br\/andritz-adquire-empresa-de-analise-e-medicao-pulpeye\/?utm_campaign=newsletter_06092024_novo_modelo&amp;utm_medium=email&amp;utm_source=RD+Station\" style=\"color:blue; text-decoration:underline\"><span style=\"font-size:14.0pt\">ANDRITZ adquire empresa de an&aacute;lise e medi&ccedil;&atilde;o PulpEye<\/span><\/a><\/span><\/span><\/span><\/p>\r\n\r\n<p style=\"text-align:justify\"><span style=\"font-size:11pt\"><span style=\"line-height:normal\"><span style=\"font-family:Calibri,sans-serif\"><a href=\"https:\/\/batteriesnews.com\/extending-battery-life-freudenberg-sealing-technologies-breakthrough-nonwoven-and-cell-cap-innovations\/\" style=\"color:blue; text-decoration:underline\"><span lang=\"EN-US\" style=\"font-size:14.0pt\">Extending Battery Life - Freudenberg Sealing Technologies Breakthrough Nonwoven and Cell Cap Innovations<\/span><\/a><\/span><\/span><\/span><\/p>\r\n\r\n<p style=\"text-align:justify\"><span style=\"font-size:11pt\"><span style=\"line-height:normal\"><span style=\"font-family:Calibri,sans-serif\"><a href=\"https:\/\/www.nonwovens-industry.com\/contents\/view_breaking-news\/2024-09-05\/suominen-achieves-gold-medal-from-ecovadis\/15303\" style=\"color:blue; text-decoration:underline\"><span lang=\"EN-US\" style=\"font-size:14.0pt\">Suominen Achieves Gold Medal from EcoVadis<\/span><\/a><\/span><\/span><\/span><\/p>\r\n\r\n<p style=\"text-align:justify\"><span style=\"font-size:11pt\"><span style=\"line-height:normal\"><span style=\"font-family:Calibri,sans-serif\"><a href=\"https:\/\/www.technicaltextile.net\/news\/finland-s-suominen-appoints-markku-koivisto-interim-evp-americas-297621.html\" style=\"color:blue; text-decoration:underline\"><span lang=\"EN-US\" style=\"font-size:14.0pt\">Finland&rsquo;s Suominen appoints Markku Koivisto interim EVP, Americas<\/span><\/a><\/span><\/span><\/span><\/p>\r\n\r\n<p style=\"text-align:justify\"><span style=\"font-size:11pt\"><span style=\"line-height:normal\"><span style=\"font-family:Calibri,sans-serif\"><a href=\"https:\/\/expansao.co\/20o-encontro-de-negocios-metalmecanico-acontece-nesta-quinta-em-sao-leopoldo\/\" style=\"color:blue; text-decoration:underline\"><span style=\"font-size:14.0pt\">20&ordm; Encontro de Neg&oacute;cios Metalmec&acirc;nico acontece nesta quinta em S&atilde;o Leopoldo<\/span><\/a><\/span><\/span><\/span><\/p>\r\n\r\n<p style=\"text-align:justify\"><span style=\"font-size:11pt\"><span style=\"line-height:normal\"><span style=\"font-family:Calibri,sans-serif\"><b><span style=\"font-size:18.0pt\"><span style=\"font-variant:small-caps\">Eventos<\/span><\/span><\/b><\/span><\/span><\/span><\/p>\r\n\r\n<p style=\"text-align:justify\"><span style=\"font-size:11pt\"><span style=\"line-height:normal\"><span style=\"font-family:Calibri,sans-serif\"><a href=\"https:\/\/www.recy-plastech.com\/\" style=\"color:blue; text-decoration:underline\"><b><span style=\"font-size:14.0pt\">Recy-Plastech 2024 &ndash; Semin&aacute;rio Internacional de Sustentabilidade e Reciclagem de Pl&aacute;sticos<\/span><\/b><\/a><span style=\"font-size:14.0pt\">, 11 e 12 de setembro de 2024, Milenium Centro de Conven&ccedil;&otilde;es, Rua Dr. Bacelar, 1.043, Vila Clementino, S&atilde;o Paulo, SP<\/span><\/span><\/span><\/span><\/p>\r\n\r\n<p style=\"text-align:justify\"><span style=\"font-size:11pt\"><span style=\"line-height:normal\"><span style=\"font-family:Calibri,sans-serif\"><a href=\"https:\/\/evento.fgv.br\/analiseconjuntural_1209\/\" style=\"color:blue; text-decoration:underline\"><b><span style=\"font-size:14.0pt\">III Semin&aacute;rio de An&aacute;lise Conjuntural<\/span><\/b><\/a><span style=\"font-size:14.0pt\">, 12 de setembro de 2024, &agrave;s 10h, transmiss&atilde;o via YouTube FGV<\/span><\/span><\/span><\/span><\/p>\r\n\r\n<p style=\"text-align:justify\"><span style=\"font-size:11pt\"><span style=\"line-height:normal\"><span style=\"font-family:Calibri,sans-serif\"><a href=\"https:\/\/cbplastico.com.br\/2024\/\" style=\"color:blue; text-decoration:underline\"><b><span style=\"font-size:14.0pt\">5&ordm; Congresso Brasileiro do Pl&aacute;stico<\/span><\/b><\/a><span style=\"font-size:14.0pt\">, 12 de setembro de 2024, evento h&iacute;brido, Casa Bisutti, Rua Casa do Ator, 577, Vila Ol&iacute;mpia, S&atilde;o Paulo, SP<\/span><\/span><\/span><\/span><\/p>\r\n\r\n<p style=\"text-align:justify\"><span style=\"font-size:11pt\"><span style=\"line-height:normal\"><span style=\"font-family:Calibri,sans-serif\"><a href=\"https:\/\/abihpec.org.br\/mercado\/papo-de-mercado-abihpec\/\" style=\"color:blue; text-decoration:underline\"><b><span style=\"font-size:14.0pt\">Papo de Mercado ABIHPEC<\/span><\/b><\/a><span style=\"font-size:14.0pt\">, 16, 23e 30 de setembro de 2024, 10h00 &agrave;s 12h00<\/span><\/span><\/span><\/span><\/p>\r\n\r\n<p style=\"text-align:justify\"><span style=\"font-size:11pt\"><span style=\"line-height:normal\"><span style=\"font-family:Calibri,sans-serif\"><a href=\"https:\/\/conteudo.abimaq.org.br\/congresso\" style=\"color:blue; text-decoration:underline\"><b><span style=\"font-size:14.0pt\">9&ordm; Congresso da ABIMAQ<\/span><\/b><\/a><span style=\"font-size:14.0pt\"> discute Pol&iacute;tica industrial, produtividade e desenvolvimento no setor de M&aacute;quinas e Equipamentos, 17 de setembro, das 08h00 &agrave;s 13h30, na sede da ABIMAQ, Av. Jabaquara, 2925 &ndash; S&atilde;o Paulo\/SP<\/span><\/span><\/span><\/span><\/p>\r\n\r\n<p style=\"text-align:justify\"><span style=\"font-size:11pt\"><span style=\"line-height:normal\"><span style=\"font-family:Calibri,sans-serif\"><a href=\"https:\/\/www.aatcc.org\/summit\/\" style=\"color:blue; text-decoration:underline\"><b><span lang=\"EN-US\" style=\"font-size:14.0pt\">AATCC&#39;s Textile Discovery Summit<\/span><\/b><\/a><span lang=\"EN-US\" style=\"font-size:14.0pt\">, October 6-8, 2024, The Westin Savannah Harbor 1 Resort Drive, Savannah, Ge&oacute;rgia, EUA<\/span><\/span><\/span><\/span><\/p>\r\n\r\n<p style=\"text-align:justify\"><span style=\"font-size:11pt\"><span style=\"line-height:normal\"><span style=\"font-family:Calibri,sans-serif\"><a href=\"https:\/\/www.even3.com.br\/xxxcntt\/\" style=\"color:blue; text-decoration:underline\"><b><span style=\"font-size:14.0pt\">30&ordm; Congresso Nacional de Tecnologia T&ecirc;xtil, Confec&ccedil;&atilde;o e Moda<\/span><\/b><\/a><span style=\"font-size:14.0pt\">, 08 a 11 de outubro de 2024, evento presencial, Apucarana\/ PR<\/span><\/span><\/span><\/span><\/p>\r\n\r\n<p style=\"text-align:justify\"><span style=\"font-size:11pt\"><span style=\"line-height:normal\"><span style=\"font-family:Calibri,sans-serif\"><a href=\"https:\/\/plasticosemrevista.com.br\/competitividade-2024-inscricao\/\" style=\"color:blue; text-decoration:underline\"><b><span style=\"font-size:14.0pt\">Pl&aacute;sticos em Revista | Semin&aacute;rio Competitividade<\/span><\/b><\/a><span style=\"font-size:14.0pt\">, 10 de outubro de 2024, Hotel Meli&aacute;, Av. Paulista, 2181<\/span><\/span><\/span><\/span><\/p>\r\n\r\n<p style=\"text-align:justify\"><span style=\"font-size:11pt\"><span style=\"line-height:normal\"><span style=\"font-family:Calibri,sans-serif\"><a href=\"http:\/\/www.fenasan.com.br\" style=\"color:blue; text-decoration:underline\"><b><span style=\"font-size:14.0pt\">Fenasan 2024 &ndash; Feira Nacional de Saneamento e Meio Ambiente<\/span><\/b><\/a><span style=\"font-size:14.0pt\">, 22 a 24 de outubro de 2024, Pavilh&otilde;es Verde e Vermelho, Expo Center Norte, S&atilde;o Paulo SP<\/span><\/span><\/span><\/span><\/p>\r\n\r\n<p style=\"text-align:justify\"><span style=\"font-size:11pt\"><span style=\"line-height:normal\"><span style=\"font-family:Calibri,sans-serif\"><a href=\"http:\/\/www.hospitalmed.com.br\" style=\"color:blue; text-decoration:underline\"><b><span style=\"font-size:14.0pt\">HospitalMed 2024<\/span><\/b><\/a><span style=\"font-size:14.0pt\">, 23 a 25 de outubro, das 14h &agrave;s 20h, no Pernambuco Centro de Conven&ccedil;&otilde;es<\/span><\/span><\/span><\/span><\/p>\r\n\r\n<p style=\"text-align:justify\"><span style=\"font-size:11pt\"><span style=\"line-height:normal\"><span style=\"font-family:Calibri,sans-serif\"><a href=\"https:\/\/www.abnteducacao.com.br\/Simbologia_de_cuidados_aplicada_a_Etiquetagem_de_Texteis_ABNT_NBR_NM_ISO_3758\" style=\"color:blue; text-decoration:underline\"><b><span style=\"font-size:14.0pt\">Simbologia de cuidados aplicada a Etiquetagem de T&ecirc;xteis<\/span><\/b><\/a><span style=\"font-size:14.0pt\">, 23 e 24 de outubro de 2024, 8h30 &agrave;s 17h30, evento online<\/span><\/span><\/span><\/span><\/p>\r\n\r\n<p style=\"text-align:justify\"><span style=\"font-size:11pt\"><span style=\"line-height:normal\"><span style=\"font-family:Calibri,sans-serif\"><a href=\"https:\/\/b20brazil.org\/#msdynttrid=6zt-Ug2nJO0FDfhoU9K0en-twuGAoU5aPF8EQm7neRo\" style=\"color:blue; text-decoration:underline\"><b><span lang=\"EN-US\" style=\"font-size:14.0pt\">B20 Summit Brasil 2024 - Inclusive Growth for a Sustainable Future<\/span><\/b><\/a><span lang=\"EN-US\" style=\"font-size:14.0pt\">, October 24th - 25th, 2024, Clube Atl&eacute;tico Monte L&iacute;bano, S&atilde;o Paulo, SP<\/span><\/span><\/span><\/span><\/p>\r\n\r\n<p style=\"text-align:justify\"><span style=\"font-size:11pt\"><span style=\"line-height:normal\"><span style=\"font-family:Calibri,sans-serif\"><a href=\"http:\/\/www.congressoabit.com.br\" style=\"color:blue; text-decoration:underline\"><b><span style=\"font-size:14.0pt\">Congresso Internacional Abit 2024<\/span><\/b><\/a><span style=\"font-size:14.0pt\">, 30 e 31 de outubro, Salvador, Bahia<\/span><\/span><\/span><\/span><\/p>\r\n\r\n<p style=\"text-align:justify\"><span style=\"font-size:11pt\"><span style=\"line-height:normal\"><span style=\"font-family:Calibri,sans-serif\"><a href=\"https:\/\/www.fimec.com.br\/\" style=\"color:blue; text-decoration:underline\"><b><span style=\"font-size:14.0pt\">Fimec 2025<\/span><\/b><\/a><span style=\"font-size:14.0pt\">, 18 a 20 de mar&ccedil;o, Fenac, Novo Hamburgo, RS<\/span><\/span><\/span><\/span><\/p>\r\n\r\n<p style=\"text-align:justify\"><span style=\"font-size:28pt\"><span style=\"font-family:Cambria,serif\"><span style=\"letter-spacing:-0.5pt\"><b><span style=\"font-size:18.0pt\"><span calibri=\"\" style=\"font-family:\"><span style=\"font-variant:small-caps\">Setor<\/span><\/span><\/span><\/b><\/span><\/span><\/span><\/p>\r\n\r\n<p style=\"text-align:justify\"><span style=\"font-size:11pt\"><span style=\"line-height:normal\"><span style=\"font-family:Calibri,sans-serif\"><a href=\"https:\/\/www.revistaplasticosul.com.br\/transformacao-aplicacoes\/estudo-inedito-mostra-desempenho-ambiental-superior-das-embalagens-pet-na-comparacao-com-outros-materiais\/\" style=\"color:blue; text-decoration:underline\"><span style=\"font-size:14.0pt\">Estudo in&eacute;dito mostra desempenho ambiental superior das embalagens PET, na compara&ccedil;&atilde;o com outros materiais<\/span><\/a><\/span><\/span><\/span><\/p>\r\n\r\n<p style=\"text-align:justify\"><span style=\"font-size:11pt\"><span style=\"line-height:normal\"><span style=\"font-family:Calibri,sans-serif\"><a href=\"https:\/\/www.innovationintextiles.com\/nonwovens\/navigating-the-nonwovens-landscape-at-outlook-24\/\" style=\"color:blue; text-decoration:underline\"><span lang=\"EN-US\" style=\"font-size:14.0pt\">Navigating the nonwovens landscape at Outlook 24<\/span><\/a><\/span><\/span><\/span><\/p>\r\n\r\n<p style=\"text-align:justify\"><span style=\"font-size:11pt\"><span style=\"line-height:normal\"><span style=\"font-family:Calibri,sans-serif\"><a href=\"https:\/\/www.nonwovens-industry.com\/issues\/2024-08-01\/view_features\/battery-separator-market-10181?utm_campaign=NON+eNewsletter&amp;utm_medium=email&amp;_hsenc=p2ANqtz--5qVVk4nohzsosw-UGdGc6-wJhEMGy3kqXOLzCiQNLAnYn8-4nSUlFuwF3NXw1En2iM79HZsIOJ4Z8MjejxFy4nVfNNQ&amp;_hsmi=323303781&amp;utm_content=323303781&amp;utm_source=hs_email\" style=\"color:blue; text-decoration:underline\"><span style=\"font-size:14.0pt\">Battery Separator Market<\/span><\/a><\/span><\/span><\/span><\/p>\r\n\r\n<p style=\"text-align:justify\"><span style=\"font-size:11pt\"><span style=\"line-height:normal\"><span style=\"font-family:Calibri,sans-serif\"><a href=\"https:\/\/www.machadonunes.com.br\/pt\/ministerio-da-saude-ms-publica-portaria-que-estabelece-diretrizes-para-apoiar-programas-instrumentos-e-acoes-de-qualificacao-no-ambiente-regulatorio-do-complexo-economico-industrial-da-saude-ceis\/\" style=\"color:blue; text-decoration:underline\"><span style=\"font-size:14.0pt\">Minist&eacute;rio da Sa&uacute;de (MS) publica portaria que estabelece diretrizes para apoiar programas, instrumentos e a&ccedil;&otilde;es de qualifica&ccedil;&atilde;o no ambiente regulat&oacute;rio do Complexo Econ&ocirc;mico-Industrial da Sa&uacute;de (CEIS)<\/span><\/a><\/span><\/span><\/span><\/p>\r\n\r\n<p style=\"text-align:justify\"><span style=\"font-size:28pt\"><span style=\"font-family:Cambria,serif\"><span style=\"letter-spacing:-0.5pt\"><b><span style=\"font-size:18.0pt\"><span calibri=\"\" style=\"font-family:\"><span style=\"font-variant:small-caps\">Ind&uacute;stria<\/span><\/span><\/span><\/b><\/span><\/span><\/span><\/p>\r\n\r\n<p style=\"text-align:justify\"><span style=\"font-size:11pt\"><span style=\"line-height:normal\"><span style=\"font-family:Calibri,sans-serif\"><a href=\"https:\/\/noticias.portaldaindustria.com.br\/noticias\/leis-e-normas\/seguranca-juridica-e-essencial-para-sermos-uma-potencia-diz-diretor-da-cni\/\" style=\"color:blue; text-decoration:underline\"><span style=\"font-size:14.0pt\">Seguran&ccedil;a jur&iacute;dica &eacute; essencial para sermos uma pot&ecirc;ncia, diz diretor da CNI<\/span><\/a><\/span><\/span><\/span><\/p>\r\n\r\n<p style=\"text-align:justify\"><span style=\"font-size:11pt\"><span style=\"line-height:normal\"><span style=\"font-family:Calibri,sans-serif\"><a href=\"https:\/\/www.cnnbrasil.com.br\/economia\/macroeconomia\/confianca-empresarial-alcanca-em-agosto-maior-nivel-em-2-anos-diz-fgv\/\" style=\"color:blue; text-decoration:underline\"><span style=\"font-size:14.0pt\">Confian&ccedil;a empresarial alcan&ccedil;a em agosto maior n&iacute;vel em 2 anos, diz FGV<\/span><\/a><\/span><\/span><\/span><\/p>\r\n\r\n<p style=\"text-align:justify\"><span style=\"font-size:11pt\"><span style=\"line-height:normal\"><span style=\"font-family:Calibri,sans-serif\"><a href=\"https:\/\/noticias.portaldaindustria.com.br\/noticias\/podcasts\/por-que-o-aumento-de-tributacao-proposto-pelo-governo-prejudica-a-competitividade-ep-133\/\" style=\"color:blue; text-decoration:underline\"><span style=\"font-size:14.0pt\">Por que o aumento de tributa&ccedil;&atilde;o proposto pelo governo prejudica a competitividade? (Ep. #133)<\/span><\/a><\/span><\/span><\/span><\/p>\r\n\r\n<p style=\"text-align:justify\"><span style=\"font-size:11pt\"><span style=\"line-height:normal\"><span style=\"font-family:Calibri,sans-serif\"><a href=\"https:\/\/www.cnnbrasil.com.br\/economia\/macroeconomia\/setor-automotivo-voltou-aos-niveis-pre-pandemia-diz-presidente-da-anfavea-a-cnn\/\" style=\"color:blue; text-decoration:underline\"><span style=\"font-size:14.0pt\">Setor automotivo voltou aos n&iacute;veis pr&eacute;-pandemia, diz presidente da Anfavea &agrave; CNN<\/span><\/a><\/span><\/span><\/span><\/p>\r\n\r\n<p style=\"text-align:justify\"><span style=\"font-size:11pt\"><span style=\"line-height:normal\"><span style=\"font-family:Calibri,sans-serif\"><a href=\"https:\/\/www.terra.com.br\/noticias\/estudo-aponta-dados-do-indice-nacional-da-construcao-civil,0e34f197c82e1056b0b0bfe3dc991f7794wjcz26.html\" style=\"color:blue; text-decoration:underline\"><span style=\"font-size:14.0pt\">Estudo aponta dados do &Iacute;ndice Nacional da Constru&ccedil;&atilde;o Civil<\/span><\/a><\/span><\/span><\/span><\/p>\r\n\r\n<p style=\"text-align:justify\"><span style=\"font-size:11pt\"><span style=\"line-height:normal\"><span style=\"font-family:Calibri,sans-serif\"><a href=\"https:\/\/grandesconstrucoes.com.br\/Noticias\/Exibir\/construcao-gera-mais-196-mil-empregos-em-julho?utm_source=akna&amp;utm_medium=email&amp;utm_campaign=Grandes-Construcoes-Informativo-928-05-09-2024&amp;utm_source=akna&amp;utm_medium=email&amp;utm_campaign=Grandes-Construcoes-Informativo-928-05-09-2024\" style=\"color:blue; text-decoration:underline\"><span style=\"font-size:14.0pt\">Constru&ccedil;&atilde;o gera mais 19,6 mil empregos em julho<\/span><\/a><\/span><\/span><\/span><\/p>\r\n\r\n<p style=\"text-align:justify\"><span style=\"font-size:11pt\"><span style=\"line-height:normal\"><span style=\"font-family:Calibri,sans-serif\"><a href=\"https:\/\/grandesconstrucoes.com.br\/Noticias\/Exibir\/setor-privado-deve-investir-r-105-bilhoes-em-saneamento?utm_source=akna&amp;utm_medium=email&amp;utm_campaign=Grandes-Construcoes-Informativo-928-05-09-2024&amp;utm_source=akna&amp;utm_medium=email&amp;utm_campaign=Grandes-Construcoes-Informativo-928-05-09-2024\" style=\"color:blue; text-decoration:underline\"><span style=\"font-size:14.0pt\">Setor privado deve investir R$ 105 bilh&otilde;es em saneamento<\/span><\/a><\/span><\/span><\/span><\/p>\r\n\r\n<p style=\"text-align:justify\"><span style=\"font-size:28pt\"><span style=\"font-family:Cambria,serif\"><span style=\"letter-spacing:-0.5pt\"><b><span style=\"font-size:18.0pt\"><span calibri=\"\" style=\"font-family:\"><span style=\"font-variant:small-caps\">Sustentabilidade<\/span><\/span><\/span><\/b><\/span><\/span><\/span><\/p>\r\n\r\n<p style=\"text-align:justify\"><span style=\"font-size:11pt\"><span style=\"line-height:normal\"><span style=\"font-family:Calibri,sans-serif\"><a href=\"https:\/\/canaltech.com.br\/meio-ambiente\/vaporizacao-do-plastico-torna-processo-de-reciclagem-quase-infinito\/\" style=\"color:blue; text-decoration:underline\"><span style=\"font-size:14.0pt\">Vaporiza&ccedil;&atilde;o do pl&aacute;stico torna processo de reciclagem quase infinito<\/span><\/a><\/span><\/span><\/span><\/p>\r\n\r\n<p style=\"text-align:justify\"><span style=\"font-size:11pt\"><span style=\"line-height:normal\"><span style=\"font-family:Calibri,sans-serif\"><a href=\"https:\/\/clickpetroleoegas.com.br\/revolucao-em-reciclagem-conheca-esta-inovadora-tecnologia-que-pode-salvar-200-milhoes-de-arvores-anualmente\/\" style=\"color:blue; text-decoration:underline\"><span style=\"font-size:14.0pt\">Revolu&ccedil;&atilde;o em reciclagem: conhe&ccedil;a esta inovadora tecnologia que pode salvar 200 milh&otilde;es de &aacute;rvores anualmente<\/span><\/a><\/span><\/span><\/span><\/p>\r\n\r\n<p style=\"text-align:justify\"><span style=\"font-size:11pt\"><span style=\"line-height:normal\"><span style=\"font-family:Calibri,sans-serif\"><a href=\"https:\/\/www.revistaplasticosul.com.br\/sustentabilidade\/plataforma-recircula-brasil-nasce-como-a-unica-em-rastreabilidade-do-plastico-no-mundo\/\" style=\"color:blue; text-decoration:underline\"><span style=\"font-size:14.0pt\">Plataforma Recircula Brasil nasce como a &uacute;nica em rastreabilidade do pl&aacute;stico no mundo<\/span><\/a><\/span><\/span><\/span><\/p>\r\n\r\n<p style=\"text-align:justify\"><span style=\"font-size:11pt\"><span style=\"line-height:normal\"><span style=\"font-family:Calibri,sans-serif\"><a href=\"http:\/\/www.revistaanamaco.com.br\/cni-e-fiesp--vao-selecionar-boas-praticas-da-industria-em-economia-circular?utm_campaign=Revista+Anamaco+Online&amp;utm_content=CNI+e+Fiesp%C2%A0+v%C3%A3o+selecionar+boas+pr%C3%A1ticas+da+ind%C3%BAstria+em+economia+circular+-+Revista+Anamaco&amp;utm_medium=email&amp;utm_source=dinamize&amp;utm_term=Revista+Anamaco+Online-NewsLetter%2366-2024\" style=\"color:blue; text-decoration:underline\"><span style=\"font-size:14.0pt\">CNI e Fiesp v&atilde;o selecionar boas pr&aacute;ticas da ind&uacute;stria em economia circular<\/span><\/a><\/span><\/span><\/span><\/p>\r\n\r\n<p style=\"text-align:justify\"><span style=\"font-size:11pt\"><span style=\"line-height:normal\"><span style=\"font-family:Calibri,sans-serif\"><a href=\"https:\/\/www.revistaplasticosul.com.br\/transformacao-aplicacoes\/analise-de-ciclo-de-vida-das-tampas-plasticas-do-tampinha-legal-sera-apresentado-no-5o-congresso-brasileiro-do-plastico\/\" style=\"color:blue; text-decoration:underline\"><span style=\"font-size:14.0pt\">An&aacute;lise de Ciclo de Vida das tampas pl&aacute;sticas do Tampinha Legal ser&aacute; apresentado no 5&ordm; Congresso Brasileiro do Pl&aacute;stico <\/span><\/a><\/span><\/span><span style=\"line-height:normal\"><span style=\"font-family:Calibri,sans-serif\"><a href=\"https:\/\/www.revistaplasticosul.com.br\/transformacao-aplicacoes\/analise-de-ciclo-de-vida-das-tampas-plasticas-do-tampinha-legal-sera-apresentado-no-5o-congresso-brasileiro-do-plastico\/\" style=\"color:blue; text-decoration:underline\"><span style=\"font-size:14.0pt\"> <\/span><\/a><\/span><\/span><\/span><\/p>\r\n\r\n<p style=\"text-align:justify\"><span style=\"font-size:28pt\"><span style=\"font-family:Cambria,serif\"><span style=\"letter-spacing:-0.5pt\"><b><span style=\"font-size:18.0pt\"><span calibri=\"\" style=\"font-family:\"><span style=\"font-variant:small-caps\">Inova&ccedil;&atilde;o<\/span><\/span><\/span><\/b><\/span><\/span><\/span><\/p>\r\n\r\n<p style=\"text-align:justify\"><span style=\"font-size:11pt\"><span style=\"line-height:normal\"><span style=\"font-family:Calibri,sans-serif\"><a href=\"https:\/\/clickpetroleoegas.com.br\/novo-material-de-filtragem-inspirado-na-natureza-desenvolvido-pelo-mit-promete-eliminar-produtos-quimicos-persistentes-da-agua\/\" style=\"color:blue; text-decoration:underline\"><span style=\"font-size:14.0pt\">Novo material de filtragem inspirado na natureza desenvolvido pelo MIT promete eliminar produtos qu&iacute;micos persistentes da &aacute;gua<\/span><\/a><\/span><\/span><\/span><\/p>\r\n\r\n<p style=\"text-align:justify\"><span style=\"font-size:11pt\"><span style=\"line-height:normal\"><span style=\"font-family:Calibri,sans-serif\"><a href=\"https:\/\/br.ign.com\/ciencia\/129184\/news\/fim-do-plastico-como-o-conhecemos-pode-estar-proximo-cientistas-chineses-desenvolvem-plastico-vivo-d\" style=\"color:blue; text-decoration:underline\"><span style=\"font-size:14.0pt\">Fim do pl&aacute;stico como o conhecemos pode estar pr&oacute;ximo: cientistas chineses desenvolvem &quot;pl&aacute;stico vivo&quot; de r&aacute;pida decomposi&ccedil;&atilde;o<\/span><\/a><\/span><\/span><\/span><\/p>\r\n\r\n<p style=\"text-align:justify\"><span style=\"font-size:28pt\"><span style=\"font-family:Cambria,serif\"><span style=\"letter-spacing:-0.5pt\"><b><span style=\"font-size:18.0pt\"><span calibri=\"\" style=\"font-family:\"><span style=\"font-variant:small-caps\">Com&eacute;rcio Exterior<\/span><\/span><\/span><\/b><\/span><\/span><\/span><\/p>\r\n\r\n<p style=\"text-align:justify\"><span style=\"font-size:11pt\"><span style=\"line-height:normal\"><span style=\"font-family:Calibri,sans-serif\"><a href=\"https:\/\/www.terra.com.br\/noticias\/mundo\/mercosul-e-ue-retomam-conversas-sobre-acordo-comercial,e943e7dc2970bbf9641dfefa4a0e55162w96nn2z.html\" style=\"color:blue; text-decoration:underline\"><span style=\"font-size:14.0pt\">Mercosul e UE retomam conversas sobre acordo comercial<\/span><\/a><\/span><\/span><\/span><\/p>\r\n\r\n<p style=\"text-align:justify\"><span style=\"font-size:11pt\"><span style=\"line-height:normal\"><span style=\"font-family:Calibri,sans-serif\"><a href=\"https:\/\/anba.com.br\/seguem-negociacoes-entre-emirados-e-mercosul\/\" style=\"color:blue; text-decoration:underline\"><span style=\"font-size:14.0pt\">Seguem negocia&ccedil;&otilde;es entre Emirados e Mercosul<\/span><\/a><\/span><\/span><\/span><\/p>\r\n\r\n<p style=\"text-align:justify\"><span style=\"font-size:11pt\"><span style=\"line-height:normal\"><span style=\"font-family:Calibri,sans-serif\"><a href=\"https:\/\/blogdoibre.fgv.br\/posts\/corrente-de-comercio-brasileira-nao-caiu-em-2023-e-esta-subindo-em-2024\" style=\"color:blue; text-decoration:underline\"><span style=\"font-size:14.0pt\">Corrente de com&eacute;rcio brasileira n&atilde;o caiu em 2023 e est&aacute; subindo em 2024<\/span><\/a><\/span><\/span><\/span><\/p>\r\n\r\n<p style=\"text-align:justify\"><span style=\"font-size:11pt\"><span style=\"line-height:normal\"><span style=\"font-family:Calibri,sans-serif\"><a href=\"https:\/\/www.fibre2fashion.com\/news\/apparel-news\/navigating-eu-s-textile-import-regulations-trends-risks-compliance-297747-newsdetails.htm\" style=\"color:blue; text-decoration:underline\"><span lang=\"EN-US\" style=\"font-size:14.0pt\">Navigating EU&#39;s textile import regulations: Trends, risks &amp; compliance<\/span><\/a><\/span><\/span><\/span><\/p>\r\n\r\n<p style=\"text-align:justify\"><span style=\"font-size:11pt\"><span style=\"line-height:normal\"><span style=\"font-family:Calibri,sans-serif\"><a href=\"https:\/\/br.investing.com\/news\/world-news\/india-e-emirados-arabes-unidos-discutirao-acordo-comercial-em-meio-a-preocupacoes-93CH-1334825\" style=\"color:blue; text-decoration:underline\"><span style=\"font-size:14.0pt\">&Iacute;ndia e Emirados &Aacute;rabes Unidos discutir&atilde;o acordo comercial em meio a preocupa&ccedil;&otilde;es<\/span><\/a><\/span><\/span><\/span><\/p>\r\n\r\n<p style=\"text-align:justify\"><span style=\"font-size:11pt\"><span style=\"line-height:normal\"><span style=\"font-family:Calibri,sans-serif\"><a href=\"https:\/\/www.linkedin.com\/pulse\/battle-giants-economist-intelligence-eiu-3j7de\/\" style=\"color:blue; text-decoration:underline\"><span style=\"font-size:14.0pt\">Battle of the giants<\/span><\/a><\/span><\/span><\/span><\/p>\r\n\r\n<p style=\"text-align:justify\"><span style=\"font-size:11pt\"><span style=\"line-height:normal\"><span style=\"font-family:Calibri,sans-serif\"><a href=\"https:\/\/agenciabrasil.ebc.com.br\/economia\/noticia\/2024-09\/desvalorizacao-de-commodities-faz-superavit-comercial-recuar-em-agosto\" style=\"color:blue; text-decoration:underline\"><span style=\"font-size:14.0pt\">Desvaloriza&ccedil;&atilde;o de commodities faz super&aacute;vit comercial recuar em agosto<\/span><\/a><\/span><\/span><\/span><\/p>\r\n\r\n<p style=\"text-align:justify\"><span style=\"font-size:28pt\"><span style=\"font-family:Cambria,serif\"><span style=\"letter-spacing:-0.5pt\"><b><span style=\"font-size:18.0pt\"><span calibri=\"\" style=\"font-family:\"><span style=\"font-variant:small-caps\">Economia<\/span><\/span><\/span><\/b><\/span><\/span><\/span><\/p>\r\n\r\n<p style=\"text-align:justify\"><span style=\"font-size:11pt\"><span style=\"line-height:normal\"><span style=\"font-family:Calibri,sans-serif\"><a href=\"https:\/\/www.bcb.gov.br\/content\/focus\/focus\/R20240906.pdf\" style=\"color:blue; text-decoration:underline\"><span style=\"font-size:14.0pt\">Focus - Relat&oacute;rio de Mercado<\/span><\/a><\/span><\/span><\/span><\/p>\r\n\r\n<p style=\"text-align:justify\"><span style=\"font-size:11pt\"><span style=\"line-height:normal\"><span style=\"font-family:Calibri,sans-serif\"><a href=\"https:\/\/portalibre.fgv.br\/noticias\/barometros-globais-recuam-no-mes\" style=\"color:blue; text-decoration:underline\"><span style=\"font-size:14.0pt\">Bar&ocirc;metros Globais recuam no m&ecirc;s<\/span><\/a><\/span><\/span><\/span><\/p>\r\n\r\n<p style=\"text-align:justify\"><span style=\"font-size:11pt\"><span style=\"line-height:normal\"><span style=\"font-family:Calibri,sans-serif\"><a href=\"https:\/\/noticias.portaldaindustria.com.br\/posicionamentos\/pib-do-2o-trimestre-veio-acima-das-expectativas-com-desempenho-positivo-da-industria-avalia-cni\/\" style=\"color:blue; text-decoration:underline\"><span style=\"font-size:14.0pt\">PIB do 2&ordm; trimestre veio acima das expectativas, com desempenho positivo da ind&uacute;stria, avalia CNI<\/span><\/a><\/span><\/span><\/span><\/p>\r\n\r\n<p style=\"text-align:justify\"><span style=\"font-size:11pt\"><span style=\"line-height:normal\"><span style=\"font-family:Calibri,sans-serif\"><a href=\"https:\/\/portalibre.fgv.br\/noticias\/o-que-ocorre-com-o-pib\" style=\"color:blue; text-decoration:underline\"><span style=\"font-size:14.0pt\">O que ocorre com o PIB?<\/span><\/a><\/span><\/span><\/span><\/p>\r\n\r\n<p style=\"text-align:justify\"><img src=\"https:\/\/www.abint.org.br\/assets\/img\/editor\/redes-sociais-abint-ctg-cth_20240904135709sSIkVHItU6.jpg\" \/><\/p>\r\n","6":"<p style=\"text-align:justify\"><span style=\"font-size:11pt\"><span style=\"line-height:normal\"><span style=\"font-family:Calibri,sans-serif\"><span style=\"font-size:14.0pt\">Esta &eacute; uma compila&ccedil;&atilde;o das not&iacute;cias mais relevantes para o setor, incluindo informa&ccedil;&otilde;es sobre acordos internacionais, economia brasileira, sustentabilidade e mat&eacute;rias primas, al&eacute;m de novidades do setor de N&atilde;otecidos e Tecidos T&eacute;cnicos.<\/span><\/span><\/span><\/span><\/p>\r\n\r\n<p style=\"text-align:justify\"><span style=\"font-size:28pt\"><span style=\"font-family:Cambria,serif\"><span style=\"letter-spacing:-0.5pt\"><b><span style=\"font-size:18.0pt\"><span calibri=\"\" style=\"font-family:\"><span style=\"font-variant:small-caps\">A&ccedil;&otilde;es realizadas<\/span><\/span><\/span><\/b><\/span><\/span><\/span><\/p>\r\n\r\n<p style=\"text-align:justify\">&nbsp;<\/p>\r\n\r\n<p><b><img src=\"https:\/\/www.abint.org.br\/assets\/img\/editor\/abint-logo-2020-g_20240904132243faaawqQf1G.png\" style=\"width: 300px; height: 69px;\" \/><\/b><\/p>\r\n\r\n<p>ABINT no Programa Abra Talks, epis&oacute;dio 15 da temporada 2024, dispon&iacute;vel na TV Filtros!<\/p>\r\n\r\n<p>O programa recebeu sr. Laerte Maroni, conselheiro da ABINT - Associa&ccedil;&atilde;o Brasileira das Ind&uacute;strias de N&atilde;otecidos e Tecidos T&eacute;cnicos e especialista com 38 anos de experi&ecirc;ncia no setor. Durante a conversa, Maroni esclareceu diversos aspectos e caracter&iacute;sticas dos n&atilde;otecidos, em especial da forte rela&ccedil;&atilde;o existente com o setor de filtra&ccedil;&atilde;o.<\/p>\r\n\r\n<p><a href=\"https:\/\/emailmarketing.locaweb.com.br\/accounts\/107605\/messages\/742\/clicks\/3926\/2455?envelope_id=836\">Assista o epis&oacute;dio completo!<\/a><\/p>\r\n\r\n<p><img src=\"https:\/\/www.abint.org.br\/assets\/img\/editor\/abint-no-abra-talks-2024-abrafiltros_20240904132851lUyhUemzVV.jpg\" \/><\/p>\r\n\r\n<p style=\"text-align:justify\"><font face=\"Calibri, sans-serif\"><span style=\"font-size: 24px; font-variant-caps: small-caps; letter-spacing: -0.666667px;\"><b>O que vem por a&iacute;<\/b><\/span><\/font><\/p>\r\n\r\n<p style=\"text-align:justify\"><font face=\"Calibri, sans-serif\"><span style=\"font-size: 24px; font-variant-caps: small-caps; letter-spacing: -0.666667px;\"><b><img src=\"https:\/\/www.abint.org.br\/assets\/img\/editor\/post-quadrado-curso-naotecido_20240910165107QevEOws8Be.jpg\" style=\"width: 500px; height: 500px;\" \/><\/b><\/span><\/font><\/p>\r\n\r\n<p style=\"text-align:justify\"><span style=\"font-size:11pt\"><span style=\"line-height:normal\"><span style=\"font-family:Calibri,sans-serif\"><a href=\"https:\/\/forms.office.com\/r\/5DrqtK5n3Y\" style=\"color:blue; text-decoration:underline\"><span style=\"font-size:14.0pt\">INFORMA&Ccedil;&Otilde;ES E INSCRI&Ccedil;&Otilde;ES<\/span><\/a><\/span><\/span><\/span><\/p>\r\n\r\n<p style=\"text-align:justify\">&nbsp;<\/p>\r\n\r\n<p style=\"text-align:justify\">A&nbsp;<b>ABINT<\/b>&nbsp;&eacute; uma das&nbsp;<b>patrocinadoras<\/b>&nbsp;do<b>&nbsp;<a href=\"https:\/\/www.congressoabit.com.br\/\">Congresso Internacional Abit 2024<\/a><\/b>, que ocorrer&aacute; dias 30 e 31 de outubro, no SENAI Cimatec, Salvador, BA.<\/p>\r\n\r\n<p><img src=\"https:\/\/www.abint.org.br\/assets\/img\/editor\/congresso-internacional-abit-2024_20240904134237MDZahAJwq8.jpg\" \/><\/p>\r\n\r\n<p>&nbsp;<\/p>\r\n\r\n<p><img src=\"https:\/\/www.abint.org.br\/assets\/img\/editor\/logo-ctg-abint-jpg_20240904134317C3JFRe5hO8.jpg\" style=\"width: 300px; height: 55px;\" \/><\/p>\r\n\r\n<p>&nbsp;<\/p>\r\n\r\n<p><img src=\"https:\/\/www.abint.org.br\/assets\/img\/editor\/cobramseg-2024_20240904135224Z2sV4nJRyT.jpg\" \/><\/p>\r\n\r\n<p><b>O CTG ABINT &eacute; um dos patrocinadores da 21&ordf; edi&ccedil;&atilde;o do Cobramseg &ndash; Congresso Brasileiro de Mec&acirc;nica dos Solos e Engenharia Geot&eacute;cnica.<\/b><\/p>\r\n\r\n<p>&ldquo;<i>Nos reunimos para celebrar a Mec&acirc;nica dos Solos e das Rochas, da GeoEngenharia! Academia, Ind&uacute;stria e &Oacute;rg&atilde;os Gestores unidos para expor seus avan&ccedil;os t&eacute;cnicos e cient&iacute;ficos. Um ambiente rico e diverso que nos permite debater solu&ccedil;&otilde;es e a&ccedil;&otilde;es de forma a fortalecer nossa comunidade geot&eacute;cnica, visando proporcionar um desenvolvimento mais sustent&aacute;vel e seguro para a nossa sociedade<\/i>.&rdquo; V&iacute;tor Pereira Faro, Presidente do COBRAMSEG 2024<\/p>\r\n\r\n<p><a href=\"http:\/\/www.cobramseg.com.br\/\">www.cobramseg.com.br<\/a><\/p>\r\n\r\n<p>&nbsp;<\/p>\r\n\r\n<p><img src=\"https:\/\/www.abint.org.br\/assets\/img\/editor\/fenasan-2024_20240904135314a8pkkJgG8Z.jpg\" style=\"width: 500px; height: 733px;\" \/><\/p>\r\n\r\n<p>&nbsp;<\/p>\r\n\r\n<p>O&nbsp;<b>CTG ABINT apoia a Feira Nacional de Saneamento e Meio Ambiente &ndash; Fenasan e do 35&ordm; Encontro T&eacute;cnico AESabesp, que ocorrer&atilde;o de 22 a 24 de outubro de 2024<\/b>, no Pavilh&atilde;o Verde e Vermelho, no Expo Center Norte, em S&atilde;o Paulo. Trata-se do maior evento de saneamento da Am&eacute;rica Latin. A realiza&ccedil;&atilde;o &eacute; da AESabesp &ndash; Associa&ccedil;&atilde;o dos Engenheiros da Sabesp.<\/p>\r\n\r\n<p><i>O tema central desta edi&ccedil;&atilde;o &eacute; &ldquo;Saneamento ambiental: condi&ccedil;&atilde;o fundamental para o enfrentamento das mudan&ccedil;as clim&aacute;ticas&rdquo;. Com um p&uacute;blico tradicionalmente de 22 mil visitantes e alinhada aos ODS &ndash; Objetivos de Desenvolvimento Sustent&aacute;vel estabelecidos pela ONU e aos conceitos de ESG, a edi&ccedil;&atilde;o 2024 continuar&aacute; ampliando o di&aacute;logo em torno das quest&otilde;es de saneamento ambiental, meio ambiente e sustentabilidade e promovendo o compartilhamento de conhecimento altamente qualificado.<\/i><\/p>\r\n\r\n<p><a href=\"http:\/\/www.fenasan.com.br\/\">www.fenasan.com.br<\/a><\/p>\r\n\r\n<p>&nbsp;<\/p>\r\n\r\n<p><img src=\"https:\/\/www.abint.org.br\/assets\/img\/editor\/cth-logo-alta-jpg_20240904134558I6qw2pBRZt.jpg\" style=\"width: 300px; height: 68px;\" \/><\/p>\r\n\r\n<p><img src=\"https:\/\/www.abint.org.br\/assets\/img\/editor\/hospitalmed-2024-story-cth-abint_20240904134515hOjyRRpXlX.png\" style=\"width: 500px; height: 889px;\" \/><\/p>\r\n\r\n<p><b>O CTH ABINT &eacute; um dos patrocinadores da HospitalMed 2024.<\/b><\/p>\r\n\r\n<p>&ldquo;<i>A melhor e Mais Completa Feira de Sa&uacute;de do Norte\/Nordeste<\/i>&rdquo;, &eacute; uma realiza&ccedil;&atilde;o da HospitalMed Feiras &amp; Eventos e da Insight Feiras de Neg&oacute;cios.<\/p>\r\n\r\n<p><i>&ldquo;O&nbsp;<b>re&uacute;ne toda a cadeia produtiva do setor de sa&uacute;de das regi&otilde;es Norte\/Nordeste<\/b>. &Eacute; o grande encontro de fornecedores de Produtos, Equipamentos, Servi&ccedil;os, Tecnologia e Conte&uacute;do para Hospitais, Laborat&oacute;rios, Farm&aacute;cias, Cl&iacute;nicas, Consult&oacute;rios e Profissionais da Sa&uacute;de&rdquo;.<\/i><\/p>\r\n\r\n<p><a href=\"http:\/\/www.hospitalmed.com.br\/\">www.hospitalmed.com.br<\/a><\/p>\r\n\r\n<p class=\"MsoTitle\" style=\"text-align:justify\"><span style=\"font-size:28pt\"><span style=\"font-family:Cambria,serif\"><span style=\"letter-spacing:-0.5pt\"><b><span style=\"font-size:18.0pt\"><span calibri=\"\" style=\"font-family:\"><span style=\"font-variant:small-caps\">Not&iacute;cias das Associadas<\/span><\/span><\/span><\/b><\/span><\/span><\/span><\/p>\r\n\r\n<p style=\"text-align:justify\"><span style=\"font-size:11pt\"><span style=\"line-height:normal\"><span style=\"font-family:Calibri,sans-serif\"><a href=\"https:\/\/tissueonline.com.br\/andritz-adquire-empresa-de-analise-e-medicao-pulpeye\/?utm_campaign=newsletter_06092024_novo_modelo&amp;utm_medium=email&amp;utm_source=RD+Station\" style=\"color:blue; text-decoration:underline\"><span style=\"font-size:14.0pt\">ANDRITZ adquire empresa de an&aacute;lise e medi&ccedil;&atilde;o PulpEye<\/span><\/a><\/span><\/span><\/span><\/p>\r\n\r\n<p style=\"text-align:justify\"><span style=\"font-size:11pt\"><span style=\"line-height:normal\"><span style=\"font-family:Calibri,sans-serif\"><a href=\"https:\/\/batteriesnews.com\/extending-battery-life-freudenberg-sealing-technologies-breakthrough-nonwoven-and-cell-cap-innovations\/\" style=\"color:blue; text-decoration:underline\"><span lang=\"EN-US\" style=\"font-size:14.0pt\">Extending Battery Life - Freudenberg Sealing Technologies Breakthrough Nonwoven and Cell Cap Innovations<\/span><\/a><\/span><\/span><\/span><\/p>\r\n\r\n<p style=\"text-align:justify\"><span style=\"font-size:11pt\"><span style=\"line-height:normal\"><span style=\"font-family:Calibri,sans-serif\"><a href=\"https:\/\/www.nonwovens-industry.com\/contents\/view_breaking-news\/2024-09-05\/suominen-achieves-gold-medal-from-ecovadis\/15303\" style=\"color:blue; text-decoration:underline\"><span lang=\"EN-US\" style=\"font-size:14.0pt\">Suominen Achieves Gold Medal from EcoVadis<\/span><\/a><\/span><\/span><\/span><\/p>\r\n\r\n<p style=\"text-align:justify\"><span style=\"font-size:11pt\"><span style=\"line-height:normal\"><span style=\"font-family:Calibri,sans-serif\"><a href=\"https:\/\/www.technicaltextile.net\/news\/finland-s-suominen-appoints-markku-koivisto-interim-evp-americas-297621.html\" style=\"color:blue; text-decoration:underline\"><span lang=\"EN-US\" style=\"font-size:14.0pt\">Finland&rsquo;s Suominen appoints Markku Koivisto interim EVP, Americas<\/span><\/a><\/span><\/span><\/span><\/p>\r\n\r\n<p style=\"text-align:justify\"><span style=\"font-size:11pt\"><span style=\"line-height:normal\"><span style=\"font-family:Calibri,sans-serif\"><a href=\"https:\/\/expansao.co\/20o-encontro-de-negocios-metalmecanico-acontece-nesta-quinta-em-sao-leopoldo\/\" style=\"color:blue; text-decoration:underline\"><span style=\"font-size:14.0pt\">20&ordm; Encontro de Neg&oacute;cios Metalmec&acirc;nico acontece nesta quinta em S&atilde;o Leopoldo<\/span><\/a><\/span><\/span><\/span><\/p>\r\n\r\n<p style=\"text-align:justify\"><span style=\"font-size:11pt\"><span style=\"line-height:normal\"><span style=\"font-family:Calibri,sans-serif\"><b><span style=\"font-size:18.0pt\"><span style=\"font-variant:small-caps\">Eventos<\/span><\/span><\/b><\/span><\/span><\/span><\/p>\r\n\r\n<p style=\"text-align:justify\"><span style=\"font-size:11pt\"><span style=\"line-height:normal\"><span style=\"font-family:Calibri,sans-serif\"><a href=\"https:\/\/www.recy-plastech.com\/\" style=\"color:blue; text-decoration:underline\"><b><span style=\"font-size:14.0pt\">Recy-Plastech 2024 &ndash; Semin&aacute;rio Internacional de Sustentabilidade e Reciclagem de Pl&aacute;sticos<\/span><\/b><\/a><span style=\"font-size:14.0pt\">, 11 e 12 de setembro de 2024, Milenium Centro de Conven&ccedil;&otilde;es, Rua Dr. Bacelar, 1.043, Vila Clementino, S&atilde;o Paulo, SP<\/span><\/span><\/span><\/span><\/p>\r\n\r\n<p style=\"text-align:justify\"><span style=\"font-size:11pt\"><span style=\"line-height:normal\"><span style=\"font-family:Calibri,sans-serif\"><a href=\"https:\/\/evento.fgv.br\/analiseconjuntural_1209\/\" style=\"color:blue; text-decoration:underline\"><b><span style=\"font-size:14.0pt\">III Semin&aacute;rio de An&aacute;lise Conjuntural<\/span><\/b><\/a><span style=\"font-size:14.0pt\">, 12 de setembro de 2024, &agrave;s 10h, transmiss&atilde;o via YouTube FGV<\/span><\/span><\/span><\/span><\/p>\r\n\r\n<p style=\"text-align:justify\"><span style=\"font-size:11pt\"><span style=\"line-height:normal\"><span style=\"font-family:Calibri,sans-serif\"><a href=\"https:\/\/cbplastico.com.br\/2024\/\" style=\"color:blue; text-decoration:underline\"><b><span style=\"font-size:14.0pt\">5&ordm; Congresso Brasileiro do Pl&aacute;stico<\/span><\/b><\/a><span style=\"font-size:14.0pt\">, 12 de setembro de 2024, evento h&iacute;brido, Casa Bisutti, Rua Casa do Ator, 577, Vila Ol&iacute;mpia, S&atilde;o Paulo, SP<\/span><\/span><\/span><\/span><\/p>\r\n\r\n<p style=\"text-align:justify\"><span style=\"font-size:11pt\"><span style=\"line-height:normal\"><span style=\"font-family:Calibri,sans-serif\"><a href=\"https:\/\/abihpec.org.br\/mercado\/papo-de-mercado-abihpec\/\" style=\"color:blue; text-decoration:underline\"><b><span style=\"font-size:14.0pt\">Papo de Mercado ABIHPEC<\/span><\/b><\/a><span style=\"font-size:14.0pt\">, 16, 23e 30 de setembro de 2024, 10h00 &agrave;s 12h00<\/span><\/span><\/span><\/span><\/p>\r\n\r\n<p style=\"text-align:justify\"><span style=\"font-size:11pt\"><span style=\"line-height:normal\"><span style=\"font-family:Calibri,sans-serif\"><a href=\"https:\/\/conteudo.abimaq.org.br\/congresso\" style=\"color:blue; text-decoration:underline\"><b><span style=\"font-size:14.0pt\">9&ordm; Congresso da ABIMAQ<\/span><\/b><\/a><span style=\"font-size:14.0pt\"> discute Pol&iacute;tica industrial, produtividade e desenvolvimento no setor de M&aacute;quinas e Equipamentos, 17 de setembro, das 08h00 &agrave;s 13h30, na sede da ABIMAQ, Av. Jabaquara, 2925 &ndash; S&atilde;o Paulo\/SP<\/span><\/span><\/span><\/span><\/p>\r\n\r\n<p style=\"text-align:justify\"><span style=\"font-size:11pt\"><span style=\"line-height:normal\"><span style=\"font-family:Calibri,sans-serif\"><a href=\"https:\/\/www.aatcc.org\/summit\/\" style=\"color:blue; text-decoration:underline\"><b><span lang=\"EN-US\" style=\"font-size:14.0pt\">AATCC&#39;s Textile Discovery Summit<\/span><\/b><\/a><span lang=\"EN-US\" style=\"font-size:14.0pt\">, October 6-8, 2024, The Westin Savannah Harbor 1 Resort Drive, Savannah, Ge&oacute;rgia, EUA<\/span><\/span><\/span><\/span><\/p>\r\n\r\n<p style=\"text-align:justify\"><span style=\"font-size:11pt\"><span style=\"line-height:normal\"><span style=\"font-family:Calibri,sans-serif\"><a href=\"https:\/\/www.even3.com.br\/xxxcntt\/\" style=\"color:blue; text-decoration:underline\"><b><span style=\"font-size:14.0pt\">30&ordm; Congresso Nacional de Tecnologia T&ecirc;xtil, Confec&ccedil;&atilde;o e Moda<\/span><\/b><\/a><span style=\"font-size:14.0pt\">, 08 a 11 de outubro de 2024, evento presencial, Apucarana\/ PR<\/span><\/span><\/span><\/span><\/p>\r\n\r\n<p style=\"text-align:justify\"><span style=\"font-size:11pt\"><span style=\"line-height:normal\"><span style=\"font-family:Calibri,sans-serif\"><a href=\"https:\/\/plasticosemrevista.com.br\/competitividade-2024-inscricao\/\" style=\"color:blue; text-decoration:underline\"><b><span style=\"font-size:14.0pt\">Pl&aacute;sticos em Revista | Semin&aacute;rio Competitividade<\/span><\/b><\/a><span style=\"font-size:14.0pt\">, 10 de outubro de 2024, Hotel Meli&aacute;, Av. Paulista, 2181<\/span><\/span><\/span><\/span><\/p>\r\n\r\n<p style=\"text-align:justify\"><span style=\"font-size:11pt\"><span style=\"line-height:normal\"><span style=\"font-family:Calibri,sans-serif\"><a href=\"http:\/\/www.fenasan.com.br\" style=\"color:blue; text-decoration:underline\"><b><span style=\"font-size:14.0pt\">Fenasan 2024 &ndash; Feira Nacional de Saneamento e Meio Ambiente<\/span><\/b><\/a><span style=\"font-size:14.0pt\">, 22 a 24 de outubro de 2024, Pavilh&otilde;es Verde e Vermelho, Expo Center Norte, S&atilde;o Paulo SP<\/span><\/span><\/span><\/span><\/p>\r\n\r\n<p style=\"text-align:justify\"><span style=\"font-size:11pt\"><span style=\"line-height:normal\"><span style=\"font-family:Calibri,sans-serif\"><a href=\"http:\/\/www.hospitalmed.com.br\" style=\"color:blue; text-decoration:underline\"><b><span style=\"font-size:14.0pt\">HospitalMed 2024<\/span><\/b><\/a><span style=\"font-size:14.0pt\">, 23 a 25 de outubro, das 14h &agrave;s 20h, no Pernambuco Centro de Conven&ccedil;&otilde;es<\/span><\/span><\/span><\/span><\/p>\r\n\r\n<p style=\"text-align:justify\"><span style=\"font-size:11pt\"><span style=\"line-height:normal\"><span style=\"font-family:Calibri,sans-serif\"><a href=\"https:\/\/www.abnteducacao.com.br\/Simbologia_de_cuidados_aplicada_a_Etiquetagem_de_Texteis_ABNT_NBR_NM_ISO_3758\" style=\"color:blue; text-decoration:underline\"><b><span style=\"font-size:14.0pt\">Simbologia de cuidados aplicada a Etiquetagem de T&ecirc;xteis<\/span><\/b><\/a><span style=\"font-size:14.0pt\">, 23 e 24 de outubro de 2024, 8h30 &agrave;s 17h30, evento online<\/span><\/span><\/span><\/span><\/p>\r\n\r\n<p style=\"text-align:justify\"><span style=\"font-size:11pt\"><span style=\"line-height:normal\"><span style=\"font-family:Calibri,sans-serif\"><a href=\"https:\/\/b20brazil.org\/#msdynttrid=6zt-Ug2nJO0FDfhoU9K0en-twuGAoU5aPF8EQm7neRo\" style=\"color:blue; text-decoration:underline\"><b><span lang=\"EN-US\" style=\"font-size:14.0pt\">B20 Summit Brasil 2024 - Inclusive Growth for a Sustainable Future<\/span><\/b><\/a><span lang=\"EN-US\" style=\"font-size:14.0pt\">, October 24th - 25th, 2024, Clube Atl&eacute;tico Monte L&iacute;bano, S&atilde;o Paulo, SP<\/span><\/span><\/span><\/span><\/p>\r\n\r\n<p style=\"text-align:justify\"><span style=\"font-size:11pt\"><span style=\"line-height:normal\"><span style=\"font-family:Calibri,sans-serif\"><a href=\"http:\/\/www.congressoabit.com.br\" style=\"color:blue; text-decoration:underline\"><b><span style=\"font-size:14.0pt\">Congresso Internacional Abit 2024<\/span><\/b><\/a><span style=\"font-size:14.0pt\">, 30 e 31 de outubro, Salvador, Bahia<\/span><\/span><\/span><\/span><\/p>\r\n\r\n<p style=\"text-align:justify\"><span style=\"font-size:11pt\"><span style=\"line-height:normal\"><span style=\"font-family:Calibri,sans-serif\"><a href=\"https:\/\/www.fimec.com.br\/\" style=\"color:blue; text-decoration:underline\"><b><span style=\"font-size:14.0pt\">Fimec 2025<\/span><\/b><\/a><span style=\"font-size:14.0pt\">, 18 a 20 de mar&ccedil;o, Fenac, Novo Hamburgo, RS<\/span><\/span><\/span><\/span><\/p>\r\n\r\n<p style=\"text-align:justify\"><span style=\"font-size:28pt\"><span style=\"font-family:Cambria,serif\"><span style=\"letter-spacing:-0.5pt\"><b><span style=\"font-size:18.0pt\"><span calibri=\"\" style=\"font-family:\"><span style=\"font-variant:small-caps\">Setor<\/span><\/span><\/span><\/b><\/span><\/span><\/span><\/p>\r\n\r\n<p style=\"text-align:justify\"><span style=\"font-size:11pt\"><span style=\"line-height:normal\"><span style=\"font-family:Calibri,sans-serif\"><a href=\"https:\/\/www.revistaplasticosul.com.br\/transformacao-aplicacoes\/estudo-inedito-mostra-desempenho-ambiental-superior-das-embalagens-pet-na-comparacao-com-outros-materiais\/\" style=\"color:blue; text-decoration:underline\"><span style=\"font-size:14.0pt\">Estudo in&eacute;dito mostra desempenho ambiental superior das embalagens PET, na compara&ccedil;&atilde;o com outros materiais<\/span><\/a><\/span><\/span><\/span><\/p>\r\n\r\n<p style=\"text-align:justify\"><span style=\"font-size:11pt\"><span style=\"line-height:normal\"><span style=\"font-family:Calibri,sans-serif\"><a href=\"https:\/\/www.innovationintextiles.com\/nonwovens\/navigating-the-nonwovens-landscape-at-outlook-24\/\" style=\"color:blue; text-decoration:underline\"><span lang=\"EN-US\" style=\"font-size:14.0pt\">Navigating the nonwovens landscape at Outlook 24<\/span><\/a><\/span><\/span><\/span><\/p>\r\n\r\n<p style=\"text-align:justify\"><span style=\"font-size:11pt\"><span style=\"line-height:normal\"><span style=\"font-family:Calibri,sans-serif\"><a href=\"https:\/\/www.nonwovens-industry.com\/issues\/2024-08-01\/view_features\/battery-separator-market-10181?utm_campaign=NON+eNewsletter&amp;utm_medium=email&amp;_hsenc=p2ANqtz--5qVVk4nohzsosw-UGdGc6-wJhEMGy3kqXOLzCiQNLAnYn8-4nSUlFuwF3NXw1En2iM79HZsIOJ4Z8MjejxFy4nVfNNQ&amp;_hsmi=323303781&amp;utm_content=323303781&amp;utm_source=hs_email\" style=\"color:blue; text-decoration:underline\"><span style=\"font-size:14.0pt\">Battery Separator Market<\/span><\/a><\/span><\/span><\/span><\/p>\r\n\r\n<p style=\"text-align:justify\"><span style=\"font-size:11pt\"><span style=\"line-height:normal\"><span style=\"font-family:Calibri,sans-serif\"><a href=\"https:\/\/www.machadonunes.com.br\/pt\/ministerio-da-saude-ms-publica-portaria-que-estabelece-diretrizes-para-apoiar-programas-instrumentos-e-acoes-de-qualificacao-no-ambiente-regulatorio-do-complexo-economico-industrial-da-saude-ceis\/\" style=\"color:blue; text-decoration:underline\"><span style=\"font-size:14.0pt\">Minist&eacute;rio da Sa&uacute;de (MS) publica portaria que estabelece diretrizes para apoiar programas, instrumentos e a&ccedil;&otilde;es de qualifica&ccedil;&atilde;o no ambiente regulat&oacute;rio do Complexo Econ&ocirc;mico-Industrial da Sa&uacute;de (CEIS)<\/span><\/a><\/span><\/span><\/span><\/p>\r\n\r\n<p style=\"text-align:justify\"><span style=\"font-size:28pt\"><span style=\"font-family:Cambria,serif\"><span style=\"letter-spacing:-0.5pt\"><b><span style=\"font-size:18.0pt\"><span calibri=\"\" style=\"font-family:\"><span style=\"font-variant:small-caps\">Ind&uacute;stria<\/span><\/span><\/span><\/b><\/span><\/span><\/span><\/p>\r\n\r\n<p style=\"text-align:justify\"><span style=\"font-size:11pt\"><span style=\"line-height:normal\"><span style=\"font-family:Calibri,sans-serif\"><a href=\"https:\/\/noticias.portaldaindustria.com.br\/noticias\/leis-e-normas\/seguranca-juridica-e-essencial-para-sermos-uma-potencia-diz-diretor-da-cni\/\" style=\"color:blue; text-decoration:underline\"><span style=\"font-size:14.0pt\">Seguran&ccedil;a jur&iacute;dica &eacute; essencial para sermos uma pot&ecirc;ncia, diz diretor da CNI<\/span><\/a><\/span><\/span><\/span><\/p>\r\n\r\n<p style=\"text-align:justify\"><span style=\"font-size:11pt\"><span style=\"line-height:normal\"><span style=\"font-family:Calibri,sans-serif\"><a href=\"https:\/\/www.cnnbrasil.com.br\/economia\/macroeconomia\/confianca-empresarial-alcanca-em-agosto-maior-nivel-em-2-anos-diz-fgv\/\" style=\"color:blue; text-decoration:underline\"><span style=\"font-size:14.0pt\">Confian&ccedil;a empresarial alcan&ccedil;a em agosto maior n&iacute;vel em 2 anos, diz FGV<\/span><\/a><\/span><\/span><\/span><\/p>\r\n\r\n<p style=\"text-align:justify\"><span style=\"font-size:11pt\"><span style=\"line-height:normal\"><span style=\"font-family:Calibri,sans-serif\"><a href=\"https:\/\/noticias.portaldaindustria.com.br\/noticias\/podcasts\/por-que-o-aumento-de-tributacao-proposto-pelo-governo-prejudica-a-competitividade-ep-133\/\" style=\"color:blue; text-decoration:underline\"><span style=\"font-size:14.0pt\">Por que o aumento de tributa&ccedil;&atilde;o proposto pelo governo prejudica a competitividade? (Ep. #133)<\/span><\/a><\/span><\/span><\/span><\/p>\r\n\r\n<p style=\"text-align:justify\"><span style=\"font-size:11pt\"><span style=\"line-height:normal\"><span style=\"font-family:Calibri,sans-serif\"><a href=\"https:\/\/www.cnnbrasil.com.br\/economia\/macroeconomia\/setor-automotivo-voltou-aos-niveis-pre-pandemia-diz-presidente-da-anfavea-a-cnn\/\" style=\"color:blue; text-decoration:underline\"><span style=\"font-size:14.0pt\">Setor automotivo voltou aos n&iacute;veis pr&eacute;-pandemia, diz presidente da Anfavea &agrave; CNN<\/span><\/a><\/span><\/span><\/span><\/p>\r\n\r\n<p style=\"text-align:justify\"><span style=\"font-size:11pt\"><span style=\"line-height:normal\"><span style=\"font-family:Calibri,sans-serif\"><a href=\"https:\/\/www.terra.com.br\/noticias\/estudo-aponta-dados-do-indice-nacional-da-construcao-civil,0e34f197c82e1056b0b0bfe3dc991f7794wjcz26.html\" style=\"color:blue; text-decoration:underline\"><span style=\"font-size:14.0pt\">Estudo aponta dados do &Iacute;ndice Nacional da Constru&ccedil;&atilde;o Civil<\/span><\/a><\/span><\/span><\/span><\/p>\r\n\r\n<p style=\"text-align:justify\"><span style=\"font-size:11pt\"><span style=\"line-height:normal\"><span style=\"font-family:Calibri,sans-serif\"><a href=\"https:\/\/grandesconstrucoes.com.br\/Noticias\/Exibir\/construcao-gera-mais-196-mil-empregos-em-julho?utm_source=akna&amp;utm_medium=email&amp;utm_campaign=Grandes-Construcoes-Informativo-928-05-09-2024&amp;utm_source=akna&amp;utm_medium=email&amp;utm_campaign=Grandes-Construcoes-Informativo-928-05-09-2024\" style=\"color:blue; text-decoration:underline\"><span style=\"font-size:14.0pt\">Constru&ccedil;&atilde;o gera mais 19,6 mil empregos em julho<\/span><\/a><\/span><\/span><\/span><\/p>\r\n\r\n<p style=\"text-align:justify\"><span style=\"font-size:11pt\"><span style=\"line-height:normal\"><span style=\"font-family:Calibri,sans-serif\"><a href=\"https:\/\/grandesconstrucoes.com.br\/Noticias\/Exibir\/setor-privado-deve-investir-r-105-bilhoes-em-saneamento?utm_source=akna&amp;utm_medium=email&amp;utm_campaign=Grandes-Construcoes-Informativo-928-05-09-2024&amp;utm_source=akna&amp;utm_medium=email&amp;utm_campaign=Grandes-Construcoes-Informativo-928-05-09-2024\" style=\"color:blue; text-decoration:underline\"><span style=\"font-size:14.0pt\">Setor privado deve investir R$ 105 bilh&otilde;es em saneamento<\/span><\/a><\/span><\/span><\/span><\/p>\r\n\r\n<p style=\"text-align:justify\"><span style=\"font-size:28pt\"><span style=\"font-family:Cambria,serif\"><span style=\"letter-spacing:-0.5pt\"><b><span style=\"font-size:18.0pt\"><span calibri=\"\" style=\"font-family:\"><span style=\"font-variant:small-caps\">Sustentabilidade<\/span><\/span><\/span><\/b><\/span><\/span><\/span><\/p>\r\n\r\n<p style=\"text-align:justify\"><span style=\"font-size:11pt\"><span style=\"line-height:normal\"><span style=\"font-family:Calibri,sans-serif\"><a href=\"https:\/\/canaltech.com.br\/meio-ambiente\/vaporizacao-do-plastico-torna-processo-de-reciclagem-quase-infinito\/\" style=\"color:blue; text-decoration:underline\"><span style=\"font-size:14.0pt\">Vaporiza&ccedil;&atilde;o do pl&aacute;stico torna processo de reciclagem quase infinito<\/span><\/a><\/span><\/span><\/span><\/p>\r\n\r\n<p style=\"text-align:justify\"><span style=\"font-size:11pt\"><span style=\"line-height:normal\"><span style=\"font-family:Calibri,sans-serif\"><a href=\"https:\/\/clickpetroleoegas.com.br\/revolucao-em-reciclagem-conheca-esta-inovadora-tecnologia-que-pode-salvar-200-milhoes-de-arvores-anualmente\/\" style=\"color:blue; text-decoration:underline\"><span style=\"font-size:14.0pt\">Revolu&ccedil;&atilde;o em reciclagem: conhe&ccedil;a esta inovadora tecnologia que pode salvar 200 milh&otilde;es de &aacute;rvores anualmente<\/span><\/a><\/span><\/span><\/span><\/p>\r\n\r\n<p style=\"text-align:justify\"><span style=\"font-size:11pt\"><span style=\"line-height:normal\"><span style=\"font-family:Calibri,sans-serif\"><a href=\"https:\/\/www.revistaplasticosul.com.br\/sustentabilidade\/plataforma-recircula-brasil-nasce-como-a-unica-em-rastreabilidade-do-plastico-no-mundo\/\" style=\"color:blue; text-decoration:underline\"><span style=\"font-size:14.0pt\">Plataforma Recircula Brasil nasce como a &uacute;nica em rastreabilidade do pl&aacute;stico no mundo<\/span><\/a><\/span><\/span><\/span><\/p>\r\n\r\n<p style=\"text-align:justify\"><span style=\"font-size:11pt\"><span style=\"line-height:normal\"><span style=\"font-family:Calibri,sans-serif\"><a href=\"http:\/\/www.revistaanamaco.com.br\/cni-e-fiesp--vao-selecionar-boas-praticas-da-industria-em-economia-circular?utm_campaign=Revista+Anamaco+Online&amp;utm_content=CNI+e+Fiesp%C2%A0+v%C3%A3o+selecionar+boas+pr%C3%A1ticas+da+ind%C3%BAstria+em+economia+circular+-+Revista+Anamaco&amp;utm_medium=email&amp;utm_source=dinamize&amp;utm_term=Revista+Anamaco+Online-NewsLetter%2366-2024\" style=\"color:blue; text-decoration:underline\"><span style=\"font-size:14.0pt\">CNI e Fiesp v&atilde;o selecionar boas pr&aacute;ticas da ind&uacute;stria em economia circular<\/span><\/a><\/span><\/span><\/span><\/p>\r\n\r\n<p style=\"text-align:justify\"><span style=\"font-size:11pt\"><span style=\"line-height:normal\"><span style=\"font-family:Calibri,sans-serif\"><a href=\"https:\/\/www.revistaplasticosul.com.br\/transformacao-aplicacoes\/analise-de-ciclo-de-vida-das-tampas-plasticas-do-tampinha-legal-sera-apresentado-no-5o-congresso-brasileiro-do-plastico\/\" style=\"color:blue; text-decoration:underline\"><span style=\"font-size:14.0pt\">An&aacute;lise de Ciclo de Vida das tampas pl&aacute;sticas do Tampinha Legal ser&aacute; apresentado no 5&ordm; Congresso Brasileiro do Pl&aacute;stico <\/span><\/a><\/span><\/span><span style=\"line-height:normal\"><span style=\"font-family:Calibri,sans-serif\"><a href=\"https:\/\/www.revistaplasticosul.com.br\/transformacao-aplicacoes\/analise-de-ciclo-de-vida-das-tampas-plasticas-do-tampinha-legal-sera-apresentado-no-5o-congresso-brasileiro-do-plastico\/\" style=\"color:blue; text-decoration:underline\"><span style=\"font-size:14.0pt\"> <\/span><\/a><\/span><\/span><\/span><\/p>\r\n\r\n<p style=\"text-align:justify\"><span style=\"font-size:28pt\"><span style=\"font-family:Cambria,serif\"><span style=\"letter-spacing:-0.5pt\"><b><span style=\"font-size:18.0pt\"><span calibri=\"\" style=\"font-family:\"><span style=\"font-variant:small-caps\">Inova&ccedil;&atilde;o<\/span><\/span><\/span><\/b><\/span><\/span><\/span><\/p>\r\n\r\n<p style=\"text-align:justify\"><span style=\"font-size:11pt\"><span style=\"line-height:normal\"><span style=\"font-family:Calibri,sans-serif\"><a href=\"https:\/\/clickpetroleoegas.com.br\/novo-material-de-filtragem-inspirado-na-natureza-desenvolvido-pelo-mit-promete-eliminar-produtos-quimicos-persistentes-da-agua\/\" style=\"color:blue; text-decoration:underline\"><span style=\"font-size:14.0pt\">Novo material de filtragem inspirado na natureza desenvolvido pelo MIT promete eliminar produtos qu&iacute;micos persistentes da &aacute;gua<\/span><\/a><\/span><\/span><\/span><\/p>\r\n\r\n<p style=\"text-align:justify\"><span style=\"font-size:11pt\"><span style=\"line-height:normal\"><span style=\"font-family:Calibri,sans-serif\"><a href=\"https:\/\/br.ign.com\/ciencia\/129184\/news\/fim-do-plastico-como-o-conhecemos-pode-estar-proximo-cientistas-chineses-desenvolvem-plastico-vivo-d\" style=\"color:blue; text-decoration:underline\"><span style=\"font-size:14.0pt\">Fim do pl&aacute;stico como o conhecemos pode estar pr&oacute;ximo: cientistas chineses desenvolvem &quot;pl&aacute;stico vivo&quot; de r&aacute;pida decomposi&ccedil;&atilde;o<\/span><\/a><\/span><\/span><\/span><\/p>\r\n\r\n<p style=\"text-align:justify\"><span style=\"font-size:28pt\"><span style=\"font-family:Cambria,serif\"><span style=\"letter-spacing:-0.5pt\"><b><span style=\"font-size:18.0pt\"><span calibri=\"\" style=\"font-family:\"><span style=\"font-variant:small-caps\">Com&eacute;rcio Exterior<\/span><\/span><\/span><\/b><\/span><\/span><\/span><\/p>\r\n\r\n<p style=\"text-align:justify\"><span style=\"font-size:11pt\"><span style=\"line-height:normal\"><span style=\"font-family:Calibri,sans-serif\"><a href=\"https:\/\/www.terra.com.br\/noticias\/mundo\/mercosul-e-ue-retomam-conversas-sobre-acordo-comercial,e943e7dc2970bbf9641dfefa4a0e55162w96nn2z.html\" style=\"color:blue; text-decoration:underline\"><span style=\"font-size:14.0pt\">Mercosul e UE retomam conversas sobre acordo comercial<\/span><\/a><\/span><\/span><\/span><\/p>\r\n\r\n<p style=\"text-align:justify\"><span style=\"font-size:11pt\"><span style=\"line-height:normal\"><span style=\"font-family:Calibri,sans-serif\"><a href=\"https:\/\/anba.com.br\/seguem-negociacoes-entre-emirados-e-mercosul\/\" style=\"color:blue; text-decoration:underline\"><span style=\"font-size:14.0pt\">Seguem negocia&ccedil;&otilde;es entre Emirados e Mercosul<\/span><\/a><\/span><\/span><\/span><\/p>\r\n\r\n<p style=\"text-align:justify\"><span style=\"font-size:11pt\"><span style=\"line-height:normal\"><span style=\"font-family:Calibri,sans-serif\"><a href=\"https:\/\/blogdoibre.fgv.br\/posts\/corrente-de-comercio-brasileira-nao-caiu-em-2023-e-esta-subindo-em-2024\" style=\"color:blue; text-decoration:underline\"><span style=\"font-size:14.0pt\">Corrente de com&eacute;rcio brasileira n&atilde;o caiu em 2023 e est&aacute; subindo em 2024<\/span><\/a><\/span><\/span><\/span><\/p>\r\n\r\n<p style=\"text-align:justify\"><span style=\"font-size:11pt\"><span style=\"line-height:normal\"><span style=\"font-family:Calibri,sans-serif\"><a href=\"https:\/\/www.fibre2fashion.com\/news\/apparel-news\/navigating-eu-s-textile-import-regulations-trends-risks-compliance-297747-newsdetails.htm\" style=\"color:blue; text-decoration:underline\"><span lang=\"EN-US\" style=\"font-size:14.0pt\">Navigating EU&#39;s textile import regulations: Trends, risks &amp; compliance<\/span><\/a><\/span><\/span><\/span><\/p>\r\n\r\n<p style=\"text-align:justify\"><span style=\"font-size:11pt\"><span style=\"line-height:normal\"><span style=\"font-family:Calibri,sans-serif\"><a href=\"https:\/\/br.investing.com\/news\/world-news\/india-e-emirados-arabes-unidos-discutirao-acordo-comercial-em-meio-a-preocupacoes-93CH-1334825\" style=\"color:blue; text-decoration:underline\"><span style=\"font-size:14.0pt\">&Iacute;ndia e Emirados &Aacute;rabes Unidos discutir&atilde;o acordo comercial em meio a preocupa&ccedil;&otilde;es<\/span><\/a><\/span><\/span><\/span><\/p>\r\n\r\n<p style=\"text-align:justify\"><span style=\"font-size:11pt\"><span style=\"line-height:normal\"><span style=\"font-family:Calibri,sans-serif\"><a href=\"https:\/\/www.linkedin.com\/pulse\/battle-giants-economist-intelligence-eiu-3j7de\/\" style=\"color:blue; text-decoration:underline\"><span style=\"font-size:14.0pt\">Battle of the giants<\/span><\/a><\/span><\/span><\/span><\/p>\r\n\r\n<p style=\"text-align:justify\"><span style=\"font-size:11pt\"><span style=\"line-height:normal\"><span style=\"font-family:Calibri,sans-serif\"><a href=\"https:\/\/agenciabrasil.ebc.com.br\/economia\/noticia\/2024-09\/desvalorizacao-de-commodities-faz-superavit-comercial-recuar-em-agosto\" style=\"color:blue; text-decoration:underline\"><span style=\"font-size:14.0pt\">Desvaloriza&ccedil;&atilde;o de commodities faz super&aacute;vit comercial recuar em agosto<\/span><\/a><\/span><\/span><\/span><\/p>\r\n\r\n<p style=\"text-align:justify\"><span style=\"font-size:28pt\"><span style=\"font-family:Cambria,serif\"><span style=\"letter-spacing:-0.5pt\"><b><span style=\"font-size:18.0pt\"><span calibri=\"\" style=\"font-family:\"><span style=\"font-variant:small-caps\">Economia<\/span><\/span><\/span><\/b><\/span><\/span><\/span><\/p>\r\n\r\n<p style=\"text-align:justify\"><span style=\"font-size:11pt\"><span style=\"line-height:normal\"><span style=\"font-family:Calibri,sans-serif\"><a href=\"https:\/\/www.bcb.gov.br\/content\/focus\/focus\/R20240906.pdf\" style=\"color:blue; text-decoration:underline\"><span style=\"font-size:14.0pt\">Focus - Relat&oacute;rio de Mercado<\/span><\/a><\/span><\/span><\/span><\/p>\r\n\r\n<p style=\"text-align:justify\"><span style=\"font-size:11pt\"><span style=\"line-height:normal\"><span style=\"font-family:Calibri,sans-serif\"><a href=\"https:\/\/portalibre.fgv.br\/noticias\/barometros-globais-recuam-no-mes\" style=\"color:blue; text-decoration:underline\"><span style=\"font-size:14.0pt\">Bar&ocirc;metros Globais recuam no m&ecirc;s<\/span><\/a><\/span><\/span><\/span><\/p>\r\n\r\n<p style=\"text-align:justify\"><span style=\"font-size:11pt\"><span style=\"line-height:normal\"><span style=\"font-family:Calibri,sans-serif\"><a href=\"https:\/\/noticias.portaldaindustria.com.br\/posicionamentos\/pib-do-2o-trimestre-veio-acima-das-expectativas-com-desempenho-positivo-da-industria-avalia-cni\/\" style=\"color:blue; text-decoration:underline\"><span style=\"font-size:14.0pt\">PIB do 2&ordm; trimestre veio acima das expectativas, com desempenho positivo da ind&uacute;stria, avalia CNI<\/span><\/a><\/span><\/span><\/span><\/p>\r\n\r\n<p style=\"text-align:justify\"><span style=\"font-size:11pt\"><span style=\"line-height:normal\"><span style=\"font-family:Calibri,sans-serif\"><a href=\"https:\/\/portalibre.fgv.br\/noticias\/o-que-ocorre-com-o-pib\" style=\"color:blue; text-decoration:underline\"><span style=\"font-size:14.0pt\">O que ocorre com o PIB?<\/span><\/a><\/span><\/span><\/span><\/p>\r\n\r\n<p style=\"text-align:justify\"><img src=\"https:\/\/www.abint.org.br\/assets\/img\/editor\/redes-sociais-abint-ctg-cth_20240904135709sSIkVHItU6.jpg\" \/><\/p>\r\n","texto_en":"","7":"","imagem":"COMP_capa-2024-site-boletim-abint-noticias-semanis_20240910165759WGjsn1qHdA.jpg","8":"COMP_capa-2024-site-boletim-abint-noticias-semanis_20240910165759WGjsn1qHdA.jpg","arquivo":"20240910-BOLETIM-ABINT-DE-NOTICIAS-SEMANAIS.PDF","9":"20240910-BOLETIM-ABINT-DE-NOTICIAS-SEMANAIS.PDF","titulo_arquivo":"20240910 Boletim ABINT de Not\u00edcias Semanais","10":"20240910 Boletim ABINT de Not\u00edcias Semanais","titulo_arquivo_en":"","11":"","created_at":"2024-09-10 16:58:09","12":"2024-09-10 16:58:09","updated_at":"2024-09-10 17:00:16","13":"2024-09-10 17:00:16"},{"id":134,"0":134,"ordem":89,"1":89,"data":"2024-09-04","2":"2024-09-04","slug":"boletim-abint-de-noticias-semanais-45","3":"boletim-abint-de-noticias-semanais-45","titulo":"Boletim ABINT de Not\u00edcias Semanais","4":"Boletim ABINT de Not\u00edcias Semanais","titulo_en":"","5":"","texto":"<p style=\"text-align:justify\"><span style=\"font-size:11pt\"><span style=\"line-height:normal\"><span style=\"font-family:Calibri,sans-serif\"><span style=\"font-size:14.0pt\">Esta &eacute; uma compila&ccedil;&atilde;o das not&iacute;cias mais relevantes para o setor, incluindo informa&ccedil;&otilde;es sobre acordos internacionais, economia brasileira, sustentabilidade e mat&eacute;rias primas, al&eacute;m de novidades do setor de N&atilde;otecidos e Tecidos T&eacute;cnicos.<\/span><\/span><\/span><\/span><\/p>\r\n\r\n<p style=\"text-align:justify\"><span style=\"font-size:28pt\"><span style=\"font-family:Cambria,serif\"><span style=\"letter-spacing:-0.5pt\"><b><span style=\"font-size:18.0pt\"><span calibri=\"\" style=\"font-family:\"><span style=\"font-variant:small-caps\">A&ccedil;&otilde;es realizadas<\/span><\/span><\/span><\/b><\/span><\/span><\/span><\/p>\r\n\r\n<p style=\"text-align:justify\"><span style=\"font-size:28pt\"><span style=\"font-family:Cambria,serif\"><span style=\"letter-spacing:-0.5pt\"><b><span style=\"font-size:18.0pt\"><span calibri=\"\" style=\"font-family:\"><span style=\"font-variant:small-caps\"><img src=\"https:\/\/www.abint.org.br\/assets\/img\/editor\/abint-logo-2020-g_20240904132243faaawqQf1G.png\" style=\"width: 300px; height: 69px;\" \/><\/span><\/span><\/span><\/b><\/span><\/span><\/span><\/p>\r\n\r\n<p style=\"text-align:justify\"><span style=\"font-size:11pt\"><span style=\"line-height:normal\"><span style=\"font-family:Calibri,sans-serif\"><span style=\"font-size:14.0pt\">ABINT no Programa Abra Talks, epis&oacute;dio 15 da temporada 2024, dispon&iacute;vel na TV Filtros!<\/span><\/span><\/span><\/span><\/p>\r\n\r\n<p style=\"text-align:justify\"><span style=\"font-size:11pt\"><span style=\"line-height:normal\"><span style=\"font-family:Calibri,sans-serif\"><span style=\"font-size:14.0pt\">O programa recebeu sr. Laerte Maroni, conselheiro da ABINT - Associa&ccedil;&atilde;o Brasileira das Ind&uacute;strias de N&atilde;otecidos e Tecidos T&eacute;cnicos e especialista com 38 anos de experi&ecirc;ncia no setor. Durante a conversa, Maroni esclareceu diversos aspectos e caracter&iacute;sticas dos n&atilde;otecidos, em especial da forte rela&ccedil;&atilde;o existente com o setor de filtra&ccedil;&atilde;o.<\/span><\/span><\/span><\/span><\/p>\r\n\r\n<p style=\"text-align:justify\"><span style=\"font-size:11.0pt\"><span style=\"line-height:115%\"><span calibri=\"\" style=\"font-family:\"><a href=\"https:\/\/emailmarketing.locaweb.com.br\/accounts\/107605\/messages\/742\/clicks\/3926\/2455?envelope_id=836\" style=\"color:blue; text-decoration:underline\"><span style=\"font-size:14.0pt\"><span style=\"line-height:115%\">Assista o epis&oacute;dio completo!<\/span><\/span><\/a><\/span><\/span><\/span><\/p>\r\n\r\n<p style=\"text-align:justify\"><span style=\"font-size:11.0pt\"><span style=\"line-height:115%\"><span calibri=\"\" style=\"font-family:\"><span style=\"font-size:14.0pt\"><span style=\"line-height:115%\"><img src=\"https:\/\/www.abint.org.br\/assets\/img\/editor\/abint-no-abra-talks-2024-abrafiltros_20240904132851lUyhUemzVV.jpg\" \/><\/span><\/span><\/span><\/span><\/span><\/p>\r\n\r\n<p style=\"text-align:justify\">&nbsp;<\/p>\r\n\r\n<p style=\"text-align:justify\"><span style=\"font-size:11pt\"><span style=\"line-height:normal\"><span style=\"font-family:Calibri,sans-serif\"><span style=\"font-size:14.0pt\">A <b>ABINT<\/b> &eacute; uma das <b>patrocinadoras<\/b> do<b> <a href=\"https:\/\/www.congressoabit.com.br\/\" style=\"color:blue; text-decoration:underline\">Congresso Internacional Abit 2024<\/a><\/b>, que ocorrer&aacute; dias 30 e 31 de outubro, no SENAI Cimatec, Salvador, BA.<\/span><\/span><\/span><\/span><\/p>\r\n\r\n<p style=\"text-align:justify\"><span style=\"font-size:11pt\"><span style=\"line-height:normal\"><span style=\"font-family:Calibri,sans-serif\"><span style=\"font-size:14.0pt\"><img src=\"https:\/\/www.abint.org.br\/assets\/img\/editor\/congresso-internacional-abit-2024_20240904134237MDZahAJwq8.jpg\" \/><\/span><\/span><\/span><\/span><\/p>\r\n\r\n<p style=\"text-align:justify\">&nbsp;<\/p>\r\n\r\n<p style=\"text-align:justify\"><span style=\"font-size:11pt\"><span style=\"line-height:normal\"><span style=\"font-family:Calibri,sans-serif\"><span style=\"font-size:14.0pt\"><img src=\"https:\/\/www.abint.org.br\/assets\/img\/editor\/logo-ctg-abint-jpg_20240904134317C3JFRe5hO8.jpg\" style=\"width: 300px; height: 55px;\" \/><\/span><\/span><\/span><\/span><\/p>\r\n\r\n<p style=\"text-align:justify\">&nbsp;<\/p>\r\n\r\n<p style=\"text-align:justify\"><img src=\"https:\/\/www.abint.org.br\/assets\/img\/editor\/cobramseg-2024_20240904135224Z2sV4nJRyT.jpg\" \/><\/p>\r\n\r\n<p style=\"text-align:justify\"><span style=\"font-size:11pt\"><span style=\"line-height:normal\"><span style=\"font-family:Calibri,sans-serif\"><b><span style=\"font-size:14.0pt\">O CTG ABINT &eacute; um dos patrocinadores da 21&ordf; edi&ccedil;&atilde;o do Cobramseg &ndash; Congresso Brasileiro de Mec&acirc;nica dos Solos e Engenharia Geot&eacute;cnica.<\/span><\/b><\/span><\/span><\/span><\/p>\r\n\r\n<p style=\"text-align:justify\"><span style=\"font-size:11pt\"><span style=\"line-height:normal\"><span style=\"font-family:Calibri,sans-serif\"><span style=\"font-size:14.0pt\">&ldquo;<i>Nos reunimos para celebrar a Mec&acirc;nica dos Solos e das Rochas, da GeoEngenharia! Academia, Ind&uacute;stria e &Oacute;rg&atilde;os Gestores unidos para expor seus avan&ccedil;os t&eacute;cnicos e cient&iacute;ficos. Um ambiente rico e diverso que nos permite debater solu&ccedil;&otilde;es e a&ccedil;&otilde;es de forma a fortalecer nossa comunidade geot&eacute;cnica, visando proporcionar um desenvolvimento mais sustent&aacute;vel e seguro para a nossa sociedade<\/i>.&rdquo; V&iacute;tor Pereira Faro, Presidente do COBRAMSEG 2024<\/span><\/span><\/span><\/span><\/p>\r\n\r\n<p style=\"text-align:justify\"><span style=\"font-size:11pt\"><span style=\"line-height:normal\"><span style=\"font-family:Calibri,sans-serif\"><a href=\"http:\/\/www.cobramseg.com.br\" style=\"color:blue; text-decoration:underline\"><span style=\"font-size:14.0pt\">www.cobramseg.com.br<\/span><\/a> <\/span><\/span><\/span><\/p>\r\n\r\n<p style=\"text-align:justify\">&nbsp;<\/p>\r\n\r\n<p style=\"text-align:justify\"><span style=\"font-size:11pt\"><span style=\"line-height:normal\"><span style=\"font-family:Calibri,sans-serif\"><span style=\"font-size:14.0pt\"><img src=\"https:\/\/www.abint.org.br\/assets\/img\/editor\/fenasan-2024_20240904135314a8pkkJgG8Z.jpg\" style=\"width: 300px; height: 440px;\" \/><\/span><\/span><\/span><\/span><\/p>\r\n\r\n<p style=\"text-align:justify\">&nbsp;<\/p>\r\n\r\n<p style=\"text-align:justify\"><span style=\"font-size:11pt\"><span style=\"line-height:normal\"><span style=\"font-family:Calibri,sans-serif\"><span style=\"font-size:14.0pt\">O <b>CTG ABINT apoia a Feira Nacional de Saneamento e Meio Ambiente &ndash; Fenasan e do 35&ordm; Encontro T&eacute;cnico AESabesp, que ocorrer&atilde;o de 22 a 24 de outubro de 2024<\/b>, no Pavilh&atilde;o Verde e Vermelho, no Expo Center Norte, em S&atilde;o Paulo. Trata-se do maior evento de saneamento da Am&eacute;rica Latin. A realiza&ccedil;&atilde;o &eacute; da AESabesp &ndash; Associa&ccedil;&atilde;o dos Engenheiros da Sabesp.<\/span><\/span><\/span><\/span><\/p>\r\n\r\n<p style=\"text-align:justify\"><span style=\"font-size:11pt\"><span style=\"line-height:normal\"><span style=\"font-family:Calibri,sans-serif\"><i><span style=\"font-size:14.0pt\">O tema central desta edi&ccedil;&atilde;o &eacute; &ldquo;Saneamento ambiental: condi&ccedil;&atilde;o fundamental para o enfrentamento das mudan&ccedil;as clim&aacute;ticas&rdquo;. Com um p&uacute;blico tradicionalmente de 22 mil visitantes e alinhada aos ODS &ndash; Objetivos de Desenvolvimento Sustent&aacute;vel estabelecidos pela ONU e aos conceitos de ESG, a edi&ccedil;&atilde;o 2024 continuar&aacute; ampliando o di&aacute;logo em torno das quest&otilde;es de saneamento ambiental, meio ambiente e sustentabilidade e promovendo o compartilhamento de conhecimento altamente qualificado.<\/span><\/i><\/span><\/span><\/span><\/p>\r\n\r\n<p style=\"text-align:justify\"><span style=\"font-size:11pt\"><span style=\"line-height:normal\"><span style=\"font-family:Calibri,sans-serif\"><a href=\"http:\/\/www.fenasan.com.br\" style=\"color:blue; text-decoration:underline\"><span style=\"font-size:14.0pt\">www.fenasan.com.br<\/span><\/a> <\/span><\/span><\/span><\/p>\r\n\r\n<p style=\"text-align:justify\">&nbsp;<\/p>\r\n\r\n<p style=\"text-align:justify\"><span style=\"font-size:11pt\"><span style=\"line-height:normal\"><span style=\"font-family:Calibri,sans-serif\"><span style=\"font-size:14.0pt\"><img src=\"https:\/\/www.abint.org.br\/assets\/img\/editor\/cth-logo-alta-jpg_20240904134558I6qw2pBRZt.jpg\" style=\"width: 300px; height: 68px;\" \/><\/span><\/span><\/span><\/span><\/p>\r\n\r\n<p style=\"text-align:justify\"><img src=\"https:\/\/www.abint.org.br\/assets\/img\/editor\/hospitalmed-2024-story-cth-abint_20240904134515hOjyRRpXlX.png\" style=\"width: 300px; height: 533px;\" \/><\/p>\r\n\r\n<p style=\"text-align:justify\"><span style=\"font-size:11pt\"><span style=\"line-height:normal\"><span style=\"font-family:Calibri,sans-serif\"><b><span style=\"font-size:12.0pt\">O CTH ABINT &eacute; um dos patrocinadores da HospitalMed 2024.<\/span><\/b><\/span><\/span><\/span><\/p>\r\n\r\n<p style=\"text-align:justify\"><span style=\"font-size:11pt\"><span style=\"line-height:normal\"><span style=\"font-family:Calibri,sans-serif\"><span style=\"font-size:12.0pt\">&ldquo;<i>A melhor e Mais Completa Feira de Sa&uacute;de do Norte\/Nordeste<\/i>&rdquo;, &eacute; uma realiza&ccedil;&atilde;o da HospitalMed Feiras &amp; Eventos e da Insight Feiras de Neg&oacute;cios.<\/span><\/span><\/span><\/span><\/p>\r\n\r\n<p style=\"text-align:justify\"><span style=\"font-size:11pt\"><span style=\"line-height:normal\"><span style=\"font-family:Calibri,sans-serif\"><i><span style=\"font-size:12.0pt\">&ldquo;O <b>re&uacute;ne toda a cadeia produtiva do setor de sa&uacute;de das regi&otilde;es Norte\/Nordeste<\/b>. &Eacute; o grande encontro de fornecedores de Produtos, Equipamentos, Servi&ccedil;os, Tecnologia e Conte&uacute;do para Hospitais, Laborat&oacute;rios, Farm&aacute;cias, Cl&iacute;nicas, Consult&oacute;rios e Profissionais da Sa&uacute;de&rdquo;.<\/span><\/i><\/span><\/span><\/span><\/p>\r\n\r\n<p style=\"text-align:justify\"><span style=\"font-size:11.0pt\"><span style=\"line-height:115%\"><span calibri=\"\" style=\"font-family:\"><a href=\"http:\/\/www.hospitalmed.com.br\" style=\"color:blue; text-decoration:underline\"><span style=\"font-size:14.0pt\"><span style=\"line-height:115%\">www.hospitalmed.com.br<\/span><\/span><\/a><\/span><\/span><\/span><\/p>\r\n\r\n<p style=\"text-align:justify\"><span style=\"font-size:28pt\"><span style=\"font-family:Cambria,serif\"><span style=\"letter-spacing:-0.5pt\"><b><span style=\"font-size:18.0pt\"><span calibri=\"\" style=\"font-family:\"><span style=\"font-variant:small-caps\">Not&iacute;cias das Associadas<\/span><\/span><\/span><\/b><\/span><\/span><\/span><\/p>\r\n\r\n<p style=\"text-align:justify\"><span style=\"font-size:11pt\"><span style=\"line-height:normal\"><span style=\"font-family:Calibri,sans-serif\"><a href=\"https:\/\/paranashop.com.br\/2024\/08\/andritz-estara-presente-no-tissue-summit-latinoamerica-no-panama\" style=\"color:blue; text-decoration:underline\"><span style=\"font-size:14.0pt\">ANDRITZ estar&aacute; presente no Tissue Summit Latinoam&eacute;rica, no Panam&aacute;<\/span><\/a><\/span><\/span><\/span><\/p>\r\n\r\n<p style=\"text-align:justify\"><span style=\"font-size:11pt\"><span style=\"line-height:normal\"><span style=\"font-family:Calibri,sans-serif\"><a href=\"https:\/\/apparelresources.com\/events-news\/andritz-demonstrate-innovative-nonwoven-technologies-cinte-2024\/\" style=\"color:blue; text-decoration:underline\"><span lang=\"EN-US\" style=\"font-size:14.0pt\">ANDRITZ to demonstrate innovative nonwoven technologies at CINTE 2024<\/span><\/a><\/span><\/span><\/span><\/p>\r\n\r\n<p style=\"text-align:justify\">&nbsp;<\/p>\r\n\r\n<p style=\"text-align:justify\"><span style=\"font-size:11pt\"><span style=\"line-height:normal\"><span style=\"font-family:Calibri,sans-serif\"><b><span style=\"font-size:18.0pt\"><span style=\"font-variant:small-caps\">Eventos<\/span><\/span><\/b><\/span><\/span><\/span><\/p>\r\n\r\n<p style=\"text-align:justify\"><span style=\"font-size:11pt\"><span style=\"line-height:normal\"><span style=\"font-family:Calibri,sans-serif\"><a href=\"https:\/\/abihpec.org.br\/mercado\/papo-de-mercado-abihpec\/\" style=\"color:blue; text-decoration:underline\"><b><span style=\"font-size:14.0pt\">Papo de Mercado ABIHPEC<\/span><\/b><\/a><span style=\"font-size:14.0pt\">, 02, 09, 16, 23e 30 de setembro de 2024, 10h00 &agrave;s 12h00<\/span><\/span><\/span><\/span><\/p>\r\n\r\n<p style=\"text-align:justify\"><span style=\"font-size:11pt\"><span style=\"line-height:normal\"><span style=\"font-family:Calibri,sans-serif\"><a href=\"https:\/\/forms.office.com\/pages\/responsepage.aspx?id=ZjE1m1sz9EGFRtoQKEEeDjGnaHPnDZ5AlM2BzPmV-z9UOVZGOU5PWUdFVFJZUklKSU4zT1paTEMwMi4u&amp;utm_campaign=emkt_liga_de_descarbonizacao&amp;utm_medium=email&amp;utm_source=RD+Station&amp;route=shorturl\" style=\"color:blue; text-decoration:underline\"><b><span style=\"font-size:14.0pt\">Evento de lan&ccedil;amento: Liga de Descarboniza&ccedil;&atilde;o da Abit<\/span><\/b><\/a><span style=\"font-size:14.0pt\">, 05 de setembro de 2024, 10h30 e 11h30<\/span><\/span><\/span><\/span><\/p>\r\n\r\n<p style=\"text-align:justify\"><span style=\"font-size:11pt\"><span style=\"line-height:normal\"><span style=\"font-family:Calibri,sans-serif\"><a href=\"https:\/\/forms.office.com\/pages\/responsepage.aspx?id=3qZIQdENBE2kxXjjdOT21uUjVaRTFXRIg1ryR0EvOOVURTk2Mk9IRFJMQ0o0TUNRWUFFUVQyQk5XMC4u&amp;utm_campaign=reenvio_encontro_de_desenvolvimento_industrial_no_setor_textil&amp;utm_medium=email&amp;utm_source=RD+Station\" style=\"color:blue; text-decoration:underline\"><b><span style=\"font-size:14.0pt\">SENAI Americana | Encontro de Desenvolvimento Industrial no Setor T&ecirc;xtil<\/span><\/b><\/a><span style=\"font-size:14.0pt\">, 10 de setembro de 2024, 08h00 &agrave;s <\/span><\/span><\/span><\/span><\/p>\r\n\r\n<p style=\"text-align:justify\"><span style=\"font-size:11pt\"><span style=\"line-height:normal\"><span style=\"font-family:Calibri,sans-serif\"><a href=\"https:\/\/www.recy-plastech.com\/\" style=\"color:blue; text-decoration:underline\"><b><span style=\"font-size:14.0pt\">Recy-Plastech 2024 &ndash; Semin&aacute;rio Internacional de Sustentabilidade e Reciclagem de Pl&aacute;sticos<\/span><\/b><\/a><span style=\"font-size:14.0pt\">, 11 e 12 de setembro de 2024, Milenium Centro de Conven&ccedil;&otilde;es, Rua Dr. Bacelar, 1.043, Vila Clementino, S&atilde;o Paulo, SP<\/span><\/span><\/span><\/span><\/p>\r\n\r\n<p style=\"text-align:justify\"><span style=\"font-size:11pt\"><span style=\"line-height:normal\"><span style=\"font-family:Calibri,sans-serif\"><a href=\"https:\/\/cbplastico.com.br\/2024\/\" style=\"color:blue; text-decoration:underline\"><b><span style=\"font-size:14.0pt\">5&ordm; Congresso Brasileiro do Pl&aacute;stico<\/span><\/b><\/a><span style=\"font-size:14.0pt\">, 12 de setembro de 2024, evento h&iacute;brido, Casa Bisutti, Rua Casa do Ator, 577, Vila Ol&iacute;mpia, S&atilde;o Paulo, SP<\/span><\/span><\/span><\/span><\/p>\r\n\r\n<p style=\"text-align:justify\"><span style=\"font-size:11pt\"><span style=\"line-height:normal\"><span style=\"font-family:Calibri,sans-serif\"><a href=\"https:\/\/www.aatcc.org\/summit\/\" style=\"color:blue; text-decoration:underline\"><b><span lang=\"EN-US\" style=\"font-size:14.0pt\">AATCC&#39;s Textile Discovery Summit<\/span><\/b><\/a><span lang=\"EN-US\" style=\"font-size:14.0pt\">, 6 a 8 de outubro de 2024, The Westin Savannah Harbor&nbsp;<\/span><\/span><\/span><\/span><span style=\"font-size:11pt\"><span style=\"line-height:normal\"><span style=\"font-family:Calibri,sans-serif\"><span style=\"font-size:14.0pt\">1 Resort Drive, Savannah, Ge&oacute;rgia, EUA<\/span><\/span><\/span><\/span><\/p>\r\n\r\n<p style=\"text-align:justify\"><span style=\"font-size:11pt\"><span style=\"line-height:normal\"><span style=\"font-family:Calibri,sans-serif\"><a href=\"https:\/\/plasticosemrevista.com.br\/competitividade-2024-inscricao\/\" style=\"color:blue; text-decoration:underline\"><b><span style=\"font-size:14.0pt\">Pl&aacute;sticos em Revista | Semin&aacute;rio Competitividade<\/span><\/b><\/a><span style=\"font-size:14.0pt\">, 10 de outubro de 2024, Hotel Meli&aacute;, Av. Paulista, 2181<\/span><\/span><\/span><\/span><\/p>\r\n\r\n<p style=\"text-align:justify\"><span style=\"font-size:11pt\"><span style=\"line-height:normal\"><span style=\"font-family:Calibri,sans-serif\"><a href=\"http:\/\/www.fenasan.com.br\" style=\"color:blue; text-decoration:underline\"><b><span style=\"font-size:14.0pt\">Fenasan 2024 &ndash; Feira Nacional de Saneamento e Meio Ambiente<\/span><\/b><\/a><span style=\"font-size:14.0pt\">, 22 a 24 de outubro de 2024, Pavilh&otilde;es Verde e Vermelho, Expo Center Norte, S&atilde;o Paulo SP<\/span><\/span><\/span><\/span><\/p>\r\n\r\n<p style=\"text-align:justify\"><span style=\"font-size:11pt\"><span style=\"line-height:normal\"><span style=\"font-family:Calibri,sans-serif\"><a href=\"http:\/\/www.hospitalmed.com.br\" style=\"color:blue; text-decoration:underline\"><b><span style=\"font-size:14.0pt\">HospitalMed 2024<\/span><\/b><\/a><span style=\"font-size:14.0pt\">, 23 a 25 de outubro, das 14h &agrave;s 20h, no Pernambuco Centro de Conven&ccedil;&otilde;es<\/span><\/span><\/span><\/span><\/p>\r\n\r\n<p style=\"text-align:justify\"><span style=\"font-size:11pt\"><span style=\"line-height:normal\"><span style=\"font-family:Calibri,sans-serif\"><a href=\"https:\/\/www.abnteducacao.com.br\/Simbologia_de_cuidados_aplicada_a_Etiquetagem_de_Texteis_ABNT_NBR_NM_ISO_3758\" style=\"color:blue; text-decoration:underline\"><b><span style=\"font-size:14.0pt\">Simbologia de cuidados aplicada a Etiquetagem de T&ecirc;xteis<\/span><\/b><\/a><span style=\"font-size:14.0pt\">, 23 e 24 de outubro de 2024, 8h30 &agrave;s 17h30, evento online<\/span><\/span><\/span><\/span><\/p>\r\n\r\n<p style=\"text-align:justify\"><span style=\"font-size:11pt\"><span style=\"line-height:normal\"><span style=\"font-family:Calibri,sans-serif\"><a href=\"https:\/\/b20brazil.org\/#msdynttrid=6zt-Ug2nJO0FDfhoU9K0en-twuGAoU5aPF8EQm7neRo\" style=\"color:blue; text-decoration:underline\"><b><span lang=\"EN-US\" style=\"font-size:14.0pt\">B20 Summit Brasil 2024 - Inclusive Growth for a Sustainable Future<\/span><\/b><\/a><span lang=\"EN-US\" style=\"font-size:14.0pt\">, October 24th - 25th, 2024, Clube Atl&eacute;tico Monte L&iacute;bano, S&atilde;o Paulo, SP<\/span><\/span><\/span><\/span><\/p>\r\n\r\n<p style=\"text-align:justify\"><span style=\"font-size:11pt\"><span style=\"line-height:normal\"><span style=\"font-family:Calibri,sans-serif\"><a href=\"http:\/\/www.congressoabit.com.br\" style=\"color:blue; text-decoration:underline\"><b><span style=\"font-size:14.0pt\">Congresso Internacional Abit 2024<\/span><\/b><\/a><span style=\"font-size:14.0pt\">, 30 e 31 de outubro, Salvador, Bahia<\/span><\/span><\/span><\/span><\/p>\r\n\r\n<p style=\"text-align:justify\"><span style=\"font-size:11pt\"><span style=\"line-height:normal\"><span style=\"font-family:Calibri,sans-serif\"><a href=\"https:\/\/www.fimec.com.br\/\" style=\"color:blue; text-decoration:underline\"><b><span style=\"font-size:14.0pt\">Fimec 2025<\/span><\/b><\/a><span style=\"font-size:14.0pt\">, 18 a 20 de mar&ccedil;o, Fenac, Novo Hamburgo, RS<\/span><\/span><\/span><\/span><\/p>\r\n\r\n<p style=\"text-align:justify\"><span style=\"font-size:28pt\"><span style=\"font-family:Cambria,serif\"><span style=\"letter-spacing:-0.5pt\"><b><span style=\"font-size:18.0pt\"><span calibri=\"\" style=\"font-family:\"><span style=\"font-variant:small-caps\">Setor<\/span><\/span><\/span><\/b><\/span><\/span><\/span><\/p>\r\n\r\n<p style=\"text-align:justify\"><span style=\"font-size:11pt\"><span style=\"line-height:normal\"><span style=\"font-family:Calibri,sans-serif\"><a href=\"https:\/\/plasticosemrevista.com.br\/petroquimica-mudam-os-pesos-na-balanca-do-planejamento\/\" style=\"color:blue; text-decoration:underline\"><span style=\"font-size:14.0pt\">Petroqu&iacute;mica: mudam os pesos na balan&ccedil;a do planejamento<\/span><\/a><\/span><\/span><\/span><\/p>\r\n\r\n<p style=\"text-align:justify\"><span style=\"font-size:11pt\"><span style=\"line-height:normal\"><span style=\"font-family:Calibri,sans-serif\"><a href=\"https:\/\/www.technicaltextile.net\/news\/indian-minister-of-textiles-advocates-for-nonwoven-innovations-297556.html\" style=\"color:blue; text-decoration:underline\"><span lang=\"EN-US\" style=\"font-size:14.0pt\">Indian minister of textiles advocates for nonwoven innovations<\/span><\/a><\/span><\/span><\/span><\/p>\r\n\r\n<p style=\"text-align:justify\"><span style=\"font-size:11pt\"><span style=\"line-height:normal\"><span style=\"font-family:Calibri,sans-serif\"><a href=\"https:\/\/indiantextilejournal.com\/increasing-indias-competitiveness-in-the-global-textile-industry\/\" style=\"color:blue; text-decoration:underline\"><span lang=\"EN-US\" style=\"font-size:14.0pt\">Increasing India&rsquo;s Competitiveness in the Global Textile Industry<\/span><\/a><\/span><\/span><\/span><\/p>\r\n\r\n<p style=\"text-align:justify\"><span style=\"font-size:11pt\"><span style=\"line-height:normal\"><span style=\"font-family:Calibri,sans-serif\"><a href=\"https:\/\/specialtyfabricsreview.com\/2024\/09\/01\/nonwoven-wipes-manufacturers-focus-on-sustainability\/\" style=\"color:blue; text-decoration:underline\"><span lang=\"EN-US\" style=\"font-size:14.0pt\">Nonwoven wipes manufacturers focus on sustainability<\/span><\/a><\/span><\/span><\/span><\/p>\r\n\r\n<p style=\"text-align:justify\"><span style=\"font-size:11pt\"><span style=\"line-height:normal\"><span style=\"font-family:Calibri,sans-serif\"><a href=\"https:\/\/globalthings.net\/2024\/06\/tecnovigilancia-importancia-tecnologia-monitoramento-alertas-anvisa\/?utm_campaign=2024-08-29_-_newsletter_globalthings&amp;utm_medium=email&amp;utm_source=RD+Station\" style=\"color:blue; text-decoration:underline\"><span style=\"font-size:14.0pt\">Tecnovigil&acirc;ncia: a import&acirc;ncia da tecnologia&nbsp; no monitoramento dos alertas da ANVISA<\/span><\/a><\/span><\/span><\/span><\/p>\r\n\r\n<p style=\"text-align:justify\"><span style=\"font-size:11pt\"><span style=\"line-height:normal\"><span style=\"font-family:Calibri,sans-serif\"><a href=\"https:\/\/plasticosemrevista.com.br\/indonesia-enterra-plano-de-taxar-plastico\/\" style=\"color:blue; text-decoration:underline\"><span style=\"font-size:14.0pt\">Indon&eacute;sia enterra plano de taxar pl&aacute;stico<\/span><\/a><\/span><\/span><\/span><\/p>\r\n\r\n<p style=\"text-align:justify\"><span style=\"font-size:11pt\"><span style=\"line-height:normal\"><span style=\"font-family:Calibri,sans-serif\"><a href=\"https:\/\/plasticosemrevista.com.br\/california-a-poluente-proibicao-de-sacolas-de-uso-unico\/\" style=\"color:blue; text-decoration:underline\"><span style=\"font-size:14.0pt\">Calif&oacute;rnia: a poluente proibi&ccedil;&atilde;o de sacolas de uso &uacute;nico<\/span><\/a><\/span><\/span><\/span><\/p>\r\n\r\n<p style=\"text-align:justify\"><span style=\"font-size:11pt\"><span style=\"line-height:normal\"><span style=\"font-family:Calibri,sans-serif\"><a href=\"https:\/\/blogdoplastico.wordpress.com\/2024\/08\/28\/investimentos-no-complexo-acrilico-da-basf-em-camacari-ba-aumentam-a-producao-de-polimero-superabsorventes\/\" style=\"color:blue; text-decoration:underline\"><span style=\"font-size:14.0pt\">Investimentos no Complexo Acr&iacute;lico da BASF em Cama&ccedil;ari (BA) aumentam a produ&ccedil;&atilde;o de pol&iacute;mero superabsorventes<\/span><\/a><\/span><\/span><\/span><\/p>\r\n\r\n<p style=\"text-align:justify\"><span style=\"font-size:11pt\"><span style=\"line-height:normal\"><span style=\"font-family:Calibri,sans-serif\"><a href=\"https:\/\/plasticosemrevista.com.br\/cadmio-e-chumbo-barrados-de-estabilizantes-de-pvc\/\" style=\"color:blue; text-decoration:underline\"><span style=\"font-size:14.0pt\">C&aacute;dmio e chumbo barrados de estabilizantes de PVC<\/span><\/a><\/span><\/span><\/span><\/p>\r\n\r\n<p style=\"text-align:justify\"><span style=\"font-size:11pt\"><span style=\"line-height:normal\"><span style=\"font-family:Calibri,sans-serif\"><a href=\"https:\/\/tissueonline.com.br\/ccm-relanca-linha-de-fraldas-com-foco-em-melhorias-e-sustentabilidade\/?utm_campaign=ccm_ccm_relanca_linha_de_fraldas_com_foco_em_melhorias_e_sustentabilidade&amp;utm_medium=email&amp;utm_source=RD+Station\" style=\"color:blue; text-decoration:underline\"><span style=\"font-size:14.0pt\">CCM relan&ccedil;a linha de fraldas com foco em melhorias e sustentabilidade<\/span><\/a><\/span><\/span><\/span><\/p>\r\n\r\n<p style=\"text-align:justify\"><span style=\"font-size:11pt\"><span style=\"line-height:normal\"><span style=\"font-family:Calibri,sans-serif\"><a href=\"https:\/\/tissueonline.com.br\/veolia-e-as-tecnologias-por-tras-do-tratamento-sustentavel-de-efluentes\/?utm_campaign=veolia_veolia_e_as_tecnologias_por_tras_do_tratamento_sustentavel_de_efluentes&amp;utm_medium=email&amp;utm_source=RD+Station\" style=\"color:blue; text-decoration:underline\"><span style=\"font-size:14.0pt\">Veolia e as tecnologias por tr&aacute;s do tratamento sustent&aacute;vel de efluentes<\/span><\/a><\/span><\/span><\/span><\/p>\r\n\r\n<p style=\"text-align:justify\"><span style=\"font-size:28pt\"><span style=\"font-family:Cambria,serif\"><span style=\"letter-spacing:-0.5pt\"><b><span style=\"font-size:18.0pt\"><span calibri=\"\" style=\"font-family:\"><span style=\"font-variant:small-caps\">Ind&uacute;stria<\/span><\/span><\/span><\/b><\/span><\/span><\/span><\/p>\r\n\r\n<p style=\"text-align:justify\"><span style=\"font-size:11pt\"><span style=\"line-height:normal\"><span style=\"font-family:Calibri,sans-serif\"><a href=\"https:\/\/noticias.portaldaindustria.com.br\/noticias\/internacional\/b20-brasil-entrega-ao-presidente-lula-propostas-para-influenciar-o-g20\/\" style=\"color:blue; text-decoration:underline\"><span style=\"font-size:14.0pt\">B20 Brasil entrega ao presidente Lula propostas para influenciar o G20<\/span><\/a><\/span><\/span><\/span><\/p>\r\n\r\n<p style=\"text-align:justify\"><span style=\"font-size:11pt\"><span style=\"line-height:normal\"><span style=\"font-family:Calibri,sans-serif\"><a href=\"https:\/\/noticias.portaldaindustria.com.br\/noticias\/podcasts\/o-que-o-setor-privado-espera-do-g20-ep-132\/\" style=\"color:blue; text-decoration:underline\"><span style=\"font-size:14.0pt\">O que o setor privado espera do G20? (Ep. #132)<\/span><\/a><\/span><\/span><\/span><\/p>\r\n\r\n<p style=\"text-align:justify\"><span style=\"font-size:11pt\"><span style=\"line-height:normal\"><span style=\"font-family:Calibri,sans-serif\"><a href=\"https:\/\/www.revistaplasticosul.com.br\/maquinas-e-equipamentos\/automacao-industrial-maior-eficiencia-produtiva-e-mais-competitividade-no-mercado-global\/\" style=\"color:blue; text-decoration:underline\"><span style=\"font-size:14.0pt\">Automa&ccedil;&atilde;o Industrial: maior efici&ecirc;ncia produtiva e mais competitividade no mercado global<\/span><\/a><\/span><\/span><\/span><\/p>\r\n\r\n<p style=\"text-align:justify\"><span style=\"font-size:11pt\"><span style=\"line-height:normal\"><span style=\"font-family:Calibri,sans-serif\"><a href=\"https:\/\/noticias.portaldaindustria.com.br\/posicionamentos\/setor-industrial-e-contra-o-novo-aumento-de-tributacao-proposto-pelo-pl-33942024\/\" style=\"color:blue; text-decoration:underline\"><span style=\"font-size:14.0pt\">Setor industrial &eacute; contra o novo aumento de tributa&ccedil;&atilde;o proposto pelo PL 3.394\/2024<\/span><\/a><\/span><\/span><\/span><\/p>\r\n\r\n<p style=\"text-align:justify\"><span style=\"font-size:11pt\"><span style=\"line-height:normal\"><span style=\"font-family:Calibri,sans-serif\"><a href=\"https:\/\/diariodocomercio.com.br\/economia\/residuos-solidos-minas-tem-338-areas-de-destinacao-incorretas\/\" style=\"color:blue; text-decoration:underline\"><span style=\"font-size:14.0pt\">Lix&otilde;es: Minas Gerais ainda possui 338 &aacute;reas de destina&ccedil;&atilde;o incorreta de res&iacute;duos s&oacute;lidos<\/span><\/a><\/span><\/span><\/span><\/p>\r\n\r\n<p style=\"text-align:justify\"><span style=\"font-size:11pt\"><span style=\"line-height:normal\"><span style=\"font-family:Calibri,sans-serif\"><a href=\"https:\/\/almaco.org.br\/2024\/08\/29\/novas-concessoes-em-12-estados-terao-investimentos-de-r-111-bilhoes\/\" style=\"color:blue; text-decoration:underline\"><span style=\"font-size:14.0pt\">Novas concess&otilde;es em 12 estados ter&atilde;o Investimentos de R$ 111 bilh&otilde;es<\/span><\/a><\/span><\/span><\/span><\/p>\r\n\r\n<p style=\"text-align:justify\"><span style=\"font-size:11pt\"><span style=\"line-height:normal\"><span style=\"font-family:Calibri,sans-serif\"><a href=\"https:\/\/agenciainfra.com\/blog\/ferrovias-autorizadas-comecam-a-chegar-aos-3-anos-sem-licenciamento-e-projetos-podem-ser-extintos\/\" style=\"color:blue; text-decoration:underline\"><span style=\"font-size:14.0pt\">Ferrovias autorizadas come&ccedil;am a chegar aos 3 anos sem licenciamento e projetos podem ser extintos<\/span><\/a><\/span><\/span><\/span><\/p>\r\n\r\n<p style=\"text-align:justify\"><span style=\"font-size:28pt\"><span style=\"font-family:Cambria,serif\"><span style=\"letter-spacing:-0.5pt\"><b><span style=\"font-size:18.0pt\"><span calibri=\"\" style=\"font-family:\"><span style=\"font-variant:small-caps\">Sustentabilidade<\/span><\/span><\/span><\/b><\/span><\/span><\/span><\/p>\r\n\r\n<p style=\"text-align:justify\"><span style=\"font-size:11pt\"><span style=\"line-height:normal\"><span style=\"font-family:Calibri,sans-serif\"><a href=\"https:\/\/www.plastico.com.br\/tratado-para-combater-a-poluicao-plastica\/?utm_campaign=newsletter_plastico_agosto_2024&amp;utm_medium=email&amp;utm_source=RD+Station\" style=\"color:blue; text-decoration:underline\"><span style=\"font-size:14.0pt\">Tratado para combater a polui&ccedil;&atilde;o pl&aacute;stica<\/span><\/a><\/span><\/span><\/span><\/p>\r\n\r\n<p style=\"text-align:justify\"><span style=\"font-size:11pt\"><span style=\"line-height:normal\"><span style=\"font-family:Calibri,sans-serif\"><a href=\"https:\/\/omunicipio.com.br\/audio-falta-de-incentivo-e-tecnologia-empresas-texteis-de-brusque-e-regiao-enfrentam-desafios-na-reutilizacao-de-sobras\/\" style=\"color:blue; text-decoration:underline\"><span style=\"font-size:14.0pt\">Falta de incentivo e tecnologia: empresas t&ecirc;xteis de Brusque e regi&atilde;o enfrentam desafios na reutiliza&ccedil;&atilde;o de sobras<\/span><\/a><\/span><\/span><\/span><\/p>\r\n\r\n<p style=\"text-align:justify\"><span style=\"font-size:11pt\"><span style=\"line-height:normal\"><span style=\"font-family:Calibri,sans-serif\"><a href=\"https:\/\/sinditextilsp.org.br\/home\/2024\/08\/jornada-de-descarbonizacao-e-lancada-para-a-industria-paulista\/?utm_campaign=boletim-verde-004-2024&amp;utm_medium=email&amp;utm_source=RD+Station\" style=\"color:blue; text-decoration:underline\"><span style=\"font-size:14.0pt\">Jornada de descarboniza&ccedil;&atilde;o &eacute; lan&ccedil;ada para a ind&uacute;stria paulista<\/span><\/a><\/span><\/span><\/span><\/p>\r\n\r\n<p style=\"text-align:justify\"><span style=\"font-size:11pt\"><span style=\"line-height:normal\"><span style=\"font-family:Calibri,sans-serif\"><a href=\"https:\/\/www.revistaplasticosul.com.br\/transformacao-aplicacoes\/materiais-escolares-elaborados-a-partir-de-copos-coletados-na-sao-silvestre-sao-doados-para-escolas-do-rio-grande-do-sul\/\" style=\"color:blue; text-decoration:underline\"><span style=\"font-size:14.0pt\">Materiais escolares elaborados a partir de copos coletados na S&atilde;o Silvestre s&atilde;o doados para escolas do Rio Grande do Sul<\/span><\/a><\/span><\/span><\/span><\/p>\r\n\r\n<p style=\"text-align:justify\"><span style=\"font-size:11pt\"><span style=\"line-height:normal\"><span style=\"font-family:Calibri,sans-serif\"><a href=\"https:\/\/www.fibre2fashion.com\/news\/textile-news\/china-unveils-guidelines-to-accelerate-efforts-in-green-transformation-297420-newsdetails.htm\" style=\"color:blue; text-decoration:underline\"><span lang=\"EN-US\" style=\"font-size:14.0pt\">China unveils guidelines to accelerate efforts in green transformation<\/span><\/a><\/span><\/span><\/span><\/p>\r\n\r\n<p style=\"text-align:justify\"><span style=\"font-size:28pt\"><span style=\"font-family:Cambria,serif\"><span style=\"letter-spacing:-0.5pt\"><b><span style=\"font-size:18.0pt\"><span calibri=\"\" style=\"font-family:\"><span style=\"font-variant:small-caps\">Inova&ccedil;&atilde;o<\/span><\/span><\/span><\/b><\/span><\/span><\/span><\/p>\r\n\r\n<p style=\"text-align:justify\"><span style=\"font-size:11pt\"><span style=\"line-height:normal\"><span style=\"font-family:Calibri,sans-serif\"><a href=\"https:\/\/www.sonoticiaboa.com.br\/2024\/08\/31\/cientistas-transformam-residuos-de-banana-em-tecidos-energia-limpa-e-biofertilizante\" style=\"color:blue; text-decoration:underline\"><span style=\"font-size:14.0pt\">Cientistas transformam res&iacute;duos de banana em tecidos, energia limpa e biofertilizante<\/span><\/a><\/span><\/span><\/span><\/p>\r\n\r\n<p style=\"text-align:justify\"><span style=\"font-size:11pt\"><span style=\"line-height:normal\"><span style=\"font-family:Calibri,sans-serif\"><a href=\"https:\/\/www.inovacaotecnologica.com.br\/noticias\/noticia.php?artigo=revestimento-calcario-faz-tecidos-resfriarem-sob-sol&amp;id=010160240830&amp;ebol=sim\" style=\"color:blue; text-decoration:underline\"><span style=\"font-size:14.0pt\">Revestimento mediterr&acirc;neo faz tecidos resfriarem sob o Sol<\/span><\/a><\/span><\/span><\/span><\/p>\r\n\r\n<p style=\"text-align:justify\"><span style=\"font-size:11pt\"><span style=\"line-height:normal\"><span style=\"font-family:Calibri,sans-serif\"><a href=\"https:\/\/plasticosemrevista.com.br\/aditivos-da-nanox-aprovados-para-contato-com-alimentos-nos-eua\/\" style=\"color:blue; text-decoration:underline\"><span style=\"font-size:14.0pt\">Nanotecnologia: Aditivos da Nanox aprovados para contato com alimentos nos EUA<\/span><\/a><\/span><\/span><\/span><\/p>\r\n\r\n<p style=\"text-align:justify\"><span style=\"font-size:11pt\"><span style=\"line-height:normal\"><span style=\"font-family:Calibri,sans-serif\"><a href=\"https:\/\/www.revistaplasticosul.com.br\/transformacao-aplicacoes\/impressao-de-casas-em-3d-uma-solucao-para-a-crise-habitacional-de-barcelona\/\" style=\"color:blue; text-decoration:underline\"><span style=\"font-size:14.0pt\">Impress&atilde;o de casas em 3D: uma solu&ccedil;&atilde;o para a crise habitacional de Barcelona?<\/span><\/a><\/span><\/span><\/span><\/p>\r\n\r\n<p style=\"text-align:justify\"><span style=\"font-size:28pt\"><span style=\"font-family:Cambria,serif\"><span style=\"letter-spacing:-0.5pt\"><b><span style=\"font-size:18.0pt\"><span calibri=\"\" style=\"font-family:\"><span style=\"font-variant:small-caps\">Com&eacute;rcio Exterior<\/span><\/span><\/span><\/b><\/span><\/span><\/span><\/p>\r\n\r\n<p style=\"text-align:justify\"><span style=\"font-size:11pt\"><span style=\"line-height:normal\"><span style=\"font-family:Calibri,sans-serif\"><a href=\"https:\/\/static.portaldaindustria.com.br\/media\/filer_public\/21\/10\/2110af17-1dd2-4987-a0cf-05947af8cba5\/ex_ipc_24-028_comite-tecnico-ex-tarifarios.pdf\" style=\"color:blue; text-decoration:underline\"><span style=\"font-size:14.0pt\">Institu&iacute;do Comit&ecirc; T&eacute;cnico de An&aacute;lise de Ex-Tarif&aacute;rio<\/span><\/a><\/span><\/span><\/span><\/p>\r\n\r\n<p style=\"text-align:justify\"><span style=\"font-size:11pt\"><span style=\"line-height:normal\"><span style=\"font-family:Calibri,sans-serif\"><a href=\"https:\/\/www.cofen.gov.br\/enfermagem-do-brasil-argentina-paraguai-e-uruguai-costura-acordos-e-solucoes-para-a-profissao-no-plano-internacional\/\" style=\"color:blue; text-decoration:underline\"><span style=\"font-size:14.0pt\">Enfermagem do Brasil, Argentina, Paraguai e Uruguai costura acordos e solu&ccedil;&otilde;es para a profiss&atilde;o no plano internacional<\/span><\/a><\/span><\/span><\/span><\/p>\r\n\r\n<p style=\"text-align:justify\"><span style=\"font-size:11pt\"><span style=\"line-height:normal\"><span style=\"font-family:Calibri,sans-serif\"><a href=\"https:\/\/www.infomoney.com.br\/economia\/governo-da-argentina-anuncia-reducao-da-tarifa-de-importacao-de-mercadorias\/\" style=\"color:blue; text-decoration:underline\"><span style=\"font-size:14.0pt\">Governo da Argentina anuncia redu&ccedil;&atilde;o da tarifa de importa&ccedil;&atilde;o de mercadorias<\/span><\/a><\/span><\/span><\/span><\/p>\r\n\r\n<p style=\"text-align:justify\"><span style=\"font-size:28pt\"><span style=\"font-family:Cambria,serif\"><span style=\"letter-spacing:-0.5pt\"><b><span style=\"font-size:18.0pt\"><span calibri=\"\" style=\"font-family:\"><span style=\"font-variant:small-caps\">Economia<\/span><\/span><\/span><\/b><\/span><\/span><\/span><\/p>\r\n\r\n<p style=\"text-align:justify\"><span style=\"font-size:11pt\"><span style=\"line-height:normal\"><span style=\"font-family:Calibri,sans-serif\"><a href=\"https:\/\/www.bcb.gov.br\/content\/focus\/focus\/R20240830.pdf\" style=\"color:blue; text-decoration:underline\"><span style=\"font-size:14.0pt\">Focus - Relat&oacute;rio de Mercado<\/span><\/a><\/span><\/span><\/span><\/p>\r\n\r\n<p style=\"text-align:justify\"><span style=\"font-size:11pt\"><span style=\"line-height:normal\"><span style=\"font-family:Calibri,sans-serif\"><a href=\"https:\/\/www.bcb.gov.br\/content\/controleinflacao\/focusdistribuicoesfrequencia\/P20240902-Focus-Distribuicoes-de-frequencia.pdf\" style=\"color:blue; text-decoration:underline\"><span style=\"font-size:14.0pt\">Focus - Distribui&ccedil;&otilde;es de Frequ&ecirc;ncia das Expectativas de Mercado para IPCA, Selic, PIB e C&acirc;mbio<\/span><\/a><\/span><\/span><\/span><\/p>\r\n\r\n<p style=\"text-align:justify\"><span style=\"font-size:11pt\"><span style=\"line-height:normal\"><span style=\"font-family:Calibri,sans-serif\"><a href=\"https:\/\/www.infomoney.com.br\/economia\/fgv-confianca-empresarial-sobe-03-ponto-em-agosto-ante-julho-para-979-pontos\/\" style=\"color:blue; text-decoration:underline\"><span style=\"font-size:14.0pt\">FGV: Confian&ccedil;a empresarial sobe 0,3 ponto em agosto ante julho, para 97,9 pontos<\/span><\/a><\/span><\/span><\/span><\/p>\r\n\r\n<p style=\"text-align:justify\"><span style=\"font-size:11pt\"><span style=\"line-height:normal\"><span style=\"font-family:Calibri,sans-serif\"><a href=\"https:\/\/agenciabrasil.ebc.com.br\/economia\/noticia\/2024-08\/orcamento-de-2025-preve-crescimento-de-264-para-economia\" style=\"color:blue; text-decoration:underline\"><span style=\"font-size:14.0pt\">Or&ccedil;amento de 2025 prev&ecirc; crescimento de 2,64% para economia<\/span><\/a><\/span><\/span><\/span><\/p>\r\n\r\n<p style=\"text-align:justify\"><span style=\"font-size:11pt\"><span style=\"line-height:normal\"><span style=\"font-family:Calibri,sans-serif\"><a href=\"https:\/\/ibre.fgv.br\/blog-da-conjuntura-economica\/artigos\/orcamento-2025-seria-bom-avancar-um-pouco-mais-no-controle-dos\" style=\"color:blue; text-decoration:underline\"><span style=\"font-size:14.0pt\">Or&ccedil;amento 2025: &ldquo;seria bom avan&ccedil;ar um pouco mais no controle dos gastos&rdquo;, avalia Manoel Pires, do CPFO<\/span><\/a><\/span><\/span><\/span><\/p>\r\n\r\n<p style=\"text-align:justify\">&nbsp;<\/p>\r\n\r\n<p style=\"text-align:justify\"><span style=\"font-size:11pt\"><span style=\"line-height:normal\"><span style=\"font-family:Calibri,sans-serif\"><span style=\"font-size:14.0pt\"><img src=\"https:\/\/www.abint.org.br\/assets\/img\/editor\/redes-sociais-abint-ctg-cth_20240904135709sSIkVHItU6.jpg\" \/><\/span><\/span><\/span><\/span><\/p>\r\n","6":"<p style=\"text-align:justify\"><span style=\"font-size:11pt\"><span style=\"line-height:normal\"><span style=\"font-family:Calibri,sans-serif\"><span style=\"font-size:14.0pt\">Esta &eacute; uma compila&ccedil;&atilde;o das not&iacute;cias mais relevantes para o setor, incluindo informa&ccedil;&otilde;es sobre acordos internacionais, economia brasileira, sustentabilidade e mat&eacute;rias primas, al&eacute;m de novidades do setor de N&atilde;otecidos e Tecidos T&eacute;cnicos.<\/span><\/span><\/span><\/span><\/p>\r\n\r\n<p style=\"text-align:justify\"><span style=\"font-size:28pt\"><span style=\"font-family:Cambria,serif\"><span style=\"letter-spacing:-0.5pt\"><b><span style=\"font-size:18.0pt\"><span calibri=\"\" style=\"font-family:\"><span style=\"font-variant:small-caps\">A&ccedil;&otilde;es realizadas<\/span><\/span><\/span><\/b><\/span><\/span><\/span><\/p>\r\n\r\n<p style=\"text-align:justify\"><span style=\"font-size:28pt\"><span style=\"font-family:Cambria,serif\"><span style=\"letter-spacing:-0.5pt\"><b><span style=\"font-size:18.0pt\"><span calibri=\"\" style=\"font-family:\"><span style=\"font-variant:small-caps\"><img src=\"https:\/\/www.abint.org.br\/assets\/img\/editor\/abint-logo-2020-g_20240904132243faaawqQf1G.png\" style=\"width: 300px; height: 69px;\" \/><\/span><\/span><\/span><\/b><\/span><\/span><\/span><\/p>\r\n\r\n<p style=\"text-align:justify\"><span style=\"font-size:11pt\"><span style=\"line-height:normal\"><span style=\"font-family:Calibri,sans-serif\"><span style=\"font-size:14.0pt\">ABINT no Programa Abra Talks, epis&oacute;dio 15 da temporada 2024, dispon&iacute;vel na TV Filtros!<\/span><\/span><\/span><\/span><\/p>\r\n\r\n<p style=\"text-align:justify\"><span style=\"font-size:11pt\"><span style=\"line-height:normal\"><span style=\"font-family:Calibri,sans-serif\"><span style=\"font-size:14.0pt\">O programa recebeu sr. Laerte Maroni, conselheiro da ABINT - Associa&ccedil;&atilde;o Brasileira das Ind&uacute;strias de N&atilde;otecidos e Tecidos T&eacute;cnicos e especialista com 38 anos de experi&ecirc;ncia no setor. Durante a conversa, Maroni esclareceu diversos aspectos e caracter&iacute;sticas dos n&atilde;otecidos, em especial da forte rela&ccedil;&atilde;o existente com o setor de filtra&ccedil;&atilde;o.<\/span><\/span><\/span><\/span><\/p>\r\n\r\n<p style=\"text-align:justify\"><span style=\"font-size:11.0pt\"><span style=\"line-height:115%\"><span calibri=\"\" style=\"font-family:\"><a href=\"https:\/\/emailmarketing.locaweb.com.br\/accounts\/107605\/messages\/742\/clicks\/3926\/2455?envelope_id=836\" style=\"color:blue; text-decoration:underline\"><span style=\"font-size:14.0pt\"><span style=\"line-height:115%\">Assista o epis&oacute;dio completo!<\/span><\/span><\/a><\/span><\/span><\/span><\/p>\r\n\r\n<p style=\"text-align:justify\"><span style=\"font-size:11.0pt\"><span style=\"line-height:115%\"><span calibri=\"\" style=\"font-family:\"><span style=\"font-size:14.0pt\"><span style=\"line-height:115%\"><img src=\"https:\/\/www.abint.org.br\/assets\/img\/editor\/abint-no-abra-talks-2024-abrafiltros_20240904132851lUyhUemzVV.jpg\" \/><\/span><\/span><\/span><\/span><\/span><\/p>\r\n\r\n<p style=\"text-align:justify\">&nbsp;<\/p>\r\n\r\n<p style=\"text-align:justify\"><span style=\"font-size:11pt\"><span style=\"line-height:normal\"><span style=\"font-family:Calibri,sans-serif\"><span style=\"font-size:14.0pt\">A <b>ABINT<\/b> &eacute; uma das <b>patrocinadoras<\/b> do<b> <a href=\"https:\/\/www.congressoabit.com.br\/\" style=\"color:blue; text-decoration:underline\">Congresso Internacional Abit 2024<\/a><\/b>, que ocorrer&aacute; dias 30 e 31 de outubro, no SENAI Cimatec, Salvador, BA.<\/span><\/span><\/span><\/span><\/p>\r\n\r\n<p style=\"text-align:justify\"><span style=\"font-size:11pt\"><span style=\"line-height:normal\"><span style=\"font-family:Calibri,sans-serif\"><span style=\"font-size:14.0pt\"><img src=\"https:\/\/www.abint.org.br\/assets\/img\/editor\/congresso-internacional-abit-2024_20240904134237MDZahAJwq8.jpg\" \/><\/span><\/span><\/span><\/span><\/p>\r\n\r\n<p style=\"text-align:justify\">&nbsp;<\/p>\r\n\r\n<p style=\"text-align:justify\"><span style=\"font-size:11pt\"><span style=\"line-height:normal\"><span style=\"font-family:Calibri,sans-serif\"><span style=\"font-size:14.0pt\"><img src=\"https:\/\/www.abint.org.br\/assets\/img\/editor\/logo-ctg-abint-jpg_20240904134317C3JFRe5hO8.jpg\" style=\"width: 300px; height: 55px;\" \/><\/span><\/span><\/span><\/span><\/p>\r\n\r\n<p style=\"text-align:justify\">&nbsp;<\/p>\r\n\r\n<p style=\"text-align:justify\"><img src=\"https:\/\/www.abint.org.br\/assets\/img\/editor\/cobramseg-2024_20240904135224Z2sV4nJRyT.jpg\" \/><\/p>\r\n\r\n<p style=\"text-align:justify\"><span style=\"font-size:11pt\"><span style=\"line-height:normal\"><span style=\"font-family:Calibri,sans-serif\"><b><span style=\"font-size:14.0pt\">O CTG ABINT &eacute; um dos patrocinadores da 21&ordf; edi&ccedil;&atilde;o do Cobramseg &ndash; Congresso Brasileiro de Mec&acirc;nica dos Solos e Engenharia Geot&eacute;cnica.<\/span><\/b><\/span><\/span><\/span><\/p>\r\n\r\n<p style=\"text-align:justify\"><span style=\"font-size:11pt\"><span style=\"line-height:normal\"><span style=\"font-family:Calibri,sans-serif\"><span style=\"font-size:14.0pt\">&ldquo;<i>Nos reunimos para celebrar a Mec&acirc;nica dos Solos e das Rochas, da GeoEngenharia! Academia, Ind&uacute;stria e &Oacute;rg&atilde;os Gestores unidos para expor seus avan&ccedil;os t&eacute;cnicos e cient&iacute;ficos. Um ambiente rico e diverso que nos permite debater solu&ccedil;&otilde;es e a&ccedil;&otilde;es de forma a fortalecer nossa comunidade geot&eacute;cnica, visando proporcionar um desenvolvimento mais sustent&aacute;vel e seguro para a nossa sociedade<\/i>.&rdquo; V&iacute;tor Pereira Faro, Presidente do COBRAMSEG 2024<\/span><\/span><\/span><\/span><\/p>\r\n\r\n<p style=\"text-align:justify\"><span style=\"font-size:11pt\"><span style=\"line-height:normal\"><span style=\"font-family:Calibri,sans-serif\"><a href=\"http:\/\/www.cobramseg.com.br\" style=\"color:blue; text-decoration:underline\"><span style=\"font-size:14.0pt\">www.cobramseg.com.br<\/span><\/a> <\/span><\/span><\/span><\/p>\r\n\r\n<p style=\"text-align:justify\">&nbsp;<\/p>\r\n\r\n<p style=\"text-align:justify\"><span style=\"font-size:11pt\"><span style=\"line-height:normal\"><span style=\"font-family:Calibri,sans-serif\"><span style=\"font-size:14.0pt\"><img src=\"https:\/\/www.abint.org.br\/assets\/img\/editor\/fenasan-2024_20240904135314a8pkkJgG8Z.jpg\" style=\"width: 300px; height: 440px;\" \/><\/span><\/span><\/span><\/span><\/p>\r\n\r\n<p style=\"text-align:justify\">&nbsp;<\/p>\r\n\r\n<p style=\"text-align:justify\"><span style=\"font-size:11pt\"><span style=\"line-height:normal\"><span style=\"font-family:Calibri,sans-serif\"><span style=\"font-size:14.0pt\">O <b>CTG ABINT apoia a Feira Nacional de Saneamento e Meio Ambiente &ndash; Fenasan e do 35&ordm; Encontro T&eacute;cnico AESabesp, que ocorrer&atilde;o de 22 a 24 de outubro de 2024<\/b>, no Pavilh&atilde;o Verde e Vermelho, no Expo Center Norte, em S&atilde;o Paulo. Trata-se do maior evento de saneamento da Am&eacute;rica Latin. A realiza&ccedil;&atilde;o &eacute; da AESabesp &ndash; Associa&ccedil;&atilde;o dos Engenheiros da Sabesp.<\/span><\/span><\/span><\/span><\/p>\r\n\r\n<p style=\"text-align:justify\"><span style=\"font-size:11pt\"><span style=\"line-height:normal\"><span style=\"font-family:Calibri,sans-serif\"><i><span style=\"font-size:14.0pt\">O tema central desta edi&ccedil;&atilde;o &eacute; &ldquo;Saneamento ambiental: condi&ccedil;&atilde;o fundamental para o enfrentamento das mudan&ccedil;as clim&aacute;ticas&rdquo;. Com um p&uacute;blico tradicionalmente de 22 mil visitantes e alinhada aos ODS &ndash; Objetivos de Desenvolvimento Sustent&aacute;vel estabelecidos pela ONU e aos conceitos de ESG, a edi&ccedil;&atilde;o 2024 continuar&aacute; ampliando o di&aacute;logo em torno das quest&otilde;es de saneamento ambiental, meio ambiente e sustentabilidade e promovendo o compartilhamento de conhecimento altamente qualificado.<\/span><\/i><\/span><\/span><\/span><\/p>\r\n\r\n<p style=\"text-align:justify\"><span style=\"font-size:11pt\"><span style=\"line-height:normal\"><span style=\"font-family:Calibri,sans-serif\"><a href=\"http:\/\/www.fenasan.com.br\" style=\"color:blue; text-decoration:underline\"><span style=\"font-size:14.0pt\">www.fenasan.com.br<\/span><\/a> <\/span><\/span><\/span><\/p>\r\n\r\n<p style=\"text-align:justify\">&nbsp;<\/p>\r\n\r\n<p style=\"text-align:justify\"><span style=\"font-size:11pt\"><span style=\"line-height:normal\"><span style=\"font-family:Calibri,sans-serif\"><span style=\"font-size:14.0pt\"><img src=\"https:\/\/www.abint.org.br\/assets\/img\/editor\/cth-logo-alta-jpg_20240904134558I6qw2pBRZt.jpg\" style=\"width: 300px; height: 68px;\" \/><\/span><\/span><\/span><\/span><\/p>\r\n\r\n<p style=\"text-align:justify\"><img src=\"https:\/\/www.abint.org.br\/assets\/img\/editor\/hospitalmed-2024-story-cth-abint_20240904134515hOjyRRpXlX.png\" style=\"width: 300px; height: 533px;\" \/><\/p>\r\n\r\n<p style=\"text-align:justify\"><span style=\"font-size:11pt\"><span style=\"line-height:normal\"><span style=\"font-family:Calibri,sans-serif\"><b><span style=\"font-size:12.0pt\">O CTH ABINT &eacute; um dos patrocinadores da HospitalMed 2024.<\/span><\/b><\/span><\/span><\/span><\/p>\r\n\r\n<p style=\"text-align:justify\"><span style=\"font-size:11pt\"><span style=\"line-height:normal\"><span style=\"font-family:Calibri,sans-serif\"><span style=\"font-size:12.0pt\">&ldquo;<i>A melhor e Mais Completa Feira de Sa&uacute;de do Norte\/Nordeste<\/i>&rdquo;, &eacute; uma realiza&ccedil;&atilde;o da HospitalMed Feiras &amp; Eventos e da Insight Feiras de Neg&oacute;cios.<\/span><\/span><\/span><\/span><\/p>\r\n\r\n<p style=\"text-align:justify\"><span style=\"font-size:11pt\"><span style=\"line-height:normal\"><span style=\"font-family:Calibri,sans-serif\"><i><span style=\"font-size:12.0pt\">&ldquo;O <b>re&uacute;ne toda a cadeia produtiva do setor de sa&uacute;de das regi&otilde;es Norte\/Nordeste<\/b>. &Eacute; o grande encontro de fornecedores de Produtos, Equipamentos, Servi&ccedil;os, Tecnologia e Conte&uacute;do para Hospitais, Laborat&oacute;rios, Farm&aacute;cias, Cl&iacute;nicas, Consult&oacute;rios e Profissionais da Sa&uacute;de&rdquo;.<\/span><\/i><\/span><\/span><\/span><\/p>\r\n\r\n<p style=\"text-align:justify\"><span style=\"font-size:11.0pt\"><span style=\"line-height:115%\"><span calibri=\"\" style=\"font-family:\"><a href=\"http:\/\/www.hospitalmed.com.br\" style=\"color:blue; text-decoration:underline\"><span style=\"font-size:14.0pt\"><span style=\"line-height:115%\">www.hospitalmed.com.br<\/span><\/span><\/a><\/span><\/span><\/span><\/p>\r\n\r\n<p style=\"text-align:justify\"><span style=\"font-size:28pt\"><span style=\"font-family:Cambria,serif\"><span style=\"letter-spacing:-0.5pt\"><b><span style=\"font-size:18.0pt\"><span calibri=\"\" style=\"font-family:\"><span style=\"font-variant:small-caps\">Not&iacute;cias das Associadas<\/span><\/span><\/span><\/b><\/span><\/span><\/span><\/p>\r\n\r\n<p style=\"text-align:justify\"><span style=\"font-size:11pt\"><span style=\"line-height:normal\"><span style=\"font-family:Calibri,sans-serif\"><a href=\"https:\/\/paranashop.com.br\/2024\/08\/andritz-estara-presente-no-tissue-summit-latinoamerica-no-panama\" style=\"color:blue; text-decoration:underline\"><span style=\"font-size:14.0pt\">ANDRITZ estar&aacute; presente no Tissue Summit Latinoam&eacute;rica, no Panam&aacute;<\/span><\/a><\/span><\/span><\/span><\/p>\r\n\r\n<p style=\"text-align:justify\"><span style=\"font-size:11pt\"><span style=\"line-height:normal\"><span style=\"font-family:Calibri,sans-serif\"><a href=\"https:\/\/apparelresources.com\/events-news\/andritz-demonstrate-innovative-nonwoven-technologies-cinte-2024\/\" style=\"color:blue; text-decoration:underline\"><span lang=\"EN-US\" style=\"font-size:14.0pt\">ANDRITZ to demonstrate innovative nonwoven technologies at CINTE 2024<\/span><\/a><\/span><\/span><\/span><\/p>\r\n\r\n<p style=\"text-align:justify\">&nbsp;<\/p>\r\n\r\n<p style=\"text-align:justify\"><span style=\"font-size:11pt\"><span style=\"line-height:normal\"><span style=\"font-family:Calibri,sans-serif\"><b><span style=\"font-size:18.0pt\"><span style=\"font-variant:small-caps\">Eventos<\/span><\/span><\/b><\/span><\/span><\/span><\/p>\r\n\r\n<p style=\"text-align:justify\"><span style=\"font-size:11pt\"><span style=\"line-height:normal\"><span style=\"font-family:Calibri,sans-serif\"><a href=\"https:\/\/abihpec.org.br\/mercado\/papo-de-mercado-abihpec\/\" style=\"color:blue; text-decoration:underline\"><b><span style=\"font-size:14.0pt\">Papo de Mercado ABIHPEC<\/span><\/b><\/a><span style=\"font-size:14.0pt\">, 02, 09, 16, 23e 30 de setembro de 2024, 10h00 &agrave;s 12h00<\/span><\/span><\/span><\/span><\/p>\r\n\r\n<p style=\"text-align:justify\"><span style=\"font-size:11pt\"><span style=\"line-height:normal\"><span style=\"font-family:Calibri,sans-serif\"><a href=\"https:\/\/forms.office.com\/pages\/responsepage.aspx?id=ZjE1m1sz9EGFRtoQKEEeDjGnaHPnDZ5AlM2BzPmV-z9UOVZGOU5PWUdFVFJZUklKSU4zT1paTEMwMi4u&amp;utm_campaign=emkt_liga_de_descarbonizacao&amp;utm_medium=email&amp;utm_source=RD+Station&amp;route=shorturl\" style=\"color:blue; text-decoration:underline\"><b><span style=\"font-size:14.0pt\">Evento de lan&ccedil;amento: Liga de Descarboniza&ccedil;&atilde;o da Abit<\/span><\/b><\/a><span style=\"font-size:14.0pt\">, 05 de setembro de 2024, 10h30 e 11h30<\/span><\/span><\/span><\/span><\/p>\r\n\r\n<p style=\"text-align:justify\"><span style=\"font-size:11pt\"><span style=\"line-height:normal\"><span style=\"font-family:Calibri,sans-serif\"><a href=\"https:\/\/forms.office.com\/pages\/responsepage.aspx?id=3qZIQdENBE2kxXjjdOT21uUjVaRTFXRIg1ryR0EvOOVURTk2Mk9IRFJMQ0o0TUNRWUFFUVQyQk5XMC4u&amp;utm_campaign=reenvio_encontro_de_desenvolvimento_industrial_no_setor_textil&amp;utm_medium=email&amp;utm_source=RD+Station\" style=\"color:blue; text-decoration:underline\"><b><span style=\"font-size:14.0pt\">SENAI Americana | Encontro de Desenvolvimento Industrial no Setor T&ecirc;xtil<\/span><\/b><\/a><span style=\"font-size:14.0pt\">, 10 de setembro de 2024, 08h00 &agrave;s <\/span><\/span><\/span><\/span><\/p>\r\n\r\n<p style=\"text-align:justify\"><span style=\"font-size:11pt\"><span style=\"line-height:normal\"><span style=\"font-family:Calibri,sans-serif\"><a href=\"https:\/\/www.recy-plastech.com\/\" style=\"color:blue; text-decoration:underline\"><b><span style=\"font-size:14.0pt\">Recy-Plastech 2024 &ndash; Semin&aacute;rio Internacional de Sustentabilidade e Reciclagem de Pl&aacute;sticos<\/span><\/b><\/a><span style=\"font-size:14.0pt\">, 11 e 12 de setembro de 2024, Milenium Centro de Conven&ccedil;&otilde;es, Rua Dr. Bacelar, 1.043, Vila Clementino, S&atilde;o Paulo, SP<\/span><\/span><\/span><\/span><\/p>\r\n\r\n<p style=\"text-align:justify\"><span style=\"font-size:11pt\"><span style=\"line-height:normal\"><span style=\"font-family:Calibri,sans-serif\"><a href=\"https:\/\/cbplastico.com.br\/2024\/\" style=\"color:blue; text-decoration:underline\"><b><span style=\"font-size:14.0pt\">5&ordm; Congresso Brasileiro do Pl&aacute;stico<\/span><\/b><\/a><span style=\"font-size:14.0pt\">, 12 de setembro de 2024, evento h&iacute;brido, Casa Bisutti, Rua Casa do Ator, 577, Vila Ol&iacute;mpia, S&atilde;o Paulo, SP<\/span><\/span><\/span><\/span><\/p>\r\n\r\n<p style=\"text-align:justify\"><span style=\"font-size:11pt\"><span style=\"line-height:normal\"><span style=\"font-family:Calibri,sans-serif\"><a href=\"https:\/\/www.aatcc.org\/summit\/\" style=\"color:blue; text-decoration:underline\"><b><span lang=\"EN-US\" style=\"font-size:14.0pt\">AATCC&#39;s Textile Discovery Summit<\/span><\/b><\/a><span lang=\"EN-US\" style=\"font-size:14.0pt\">, 6 a 8 de outubro de 2024, The Westin Savannah Harbor&nbsp;<\/span><\/span><\/span><\/span><span style=\"font-size:11pt\"><span style=\"line-height:normal\"><span style=\"font-family:Calibri,sans-serif\"><span style=\"font-size:14.0pt\">1 Resort Drive, Savannah, Ge&oacute;rgia, EUA<\/span><\/span><\/span><\/span><\/p>\r\n\r\n<p style=\"text-align:justify\"><span style=\"font-size:11pt\"><span style=\"line-height:normal\"><span style=\"font-family:Calibri,sans-serif\"><a href=\"https:\/\/plasticosemrevista.com.br\/competitividade-2024-inscricao\/\" style=\"color:blue; text-decoration:underline\"><b><span style=\"font-size:14.0pt\">Pl&aacute;sticos em Revista | Semin&aacute;rio Competitividade<\/span><\/b><\/a><span style=\"font-size:14.0pt\">, 10 de outubro de 2024, Hotel Meli&aacute;, Av. Paulista, 2181<\/span><\/span><\/span><\/span><\/p>\r\n\r\n<p style=\"text-align:justify\"><span style=\"font-size:11pt\"><span style=\"line-height:normal\"><span style=\"font-family:Calibri,sans-serif\"><a href=\"http:\/\/www.fenasan.com.br\" style=\"color:blue; text-decoration:underline\"><b><span style=\"font-size:14.0pt\">Fenasan 2024 &ndash; Feira Nacional de Saneamento e Meio Ambiente<\/span><\/b><\/a><span style=\"font-size:14.0pt\">, 22 a 24 de outubro de 2024, Pavilh&otilde;es Verde e Vermelho, Expo Center Norte, S&atilde;o Paulo SP<\/span><\/span><\/span><\/span><\/p>\r\n\r\n<p style=\"text-align:justify\"><span style=\"font-size:11pt\"><span style=\"line-height:normal\"><span style=\"font-family:Calibri,sans-serif\"><a href=\"http:\/\/www.hospitalmed.com.br\" style=\"color:blue; text-decoration:underline\"><b><span style=\"font-size:14.0pt\">HospitalMed 2024<\/span><\/b><\/a><span style=\"font-size:14.0pt\">, 23 a 25 de outubro, das 14h &agrave;s 20h, no Pernambuco Centro de Conven&ccedil;&otilde;es<\/span><\/span><\/span><\/span><\/p>\r\n\r\n<p style=\"text-align:justify\"><span style=\"font-size:11pt\"><span style=\"line-height:normal\"><span style=\"font-family:Calibri,sans-serif\"><a href=\"https:\/\/www.abnteducacao.com.br\/Simbologia_de_cuidados_aplicada_a_Etiquetagem_de_Texteis_ABNT_NBR_NM_ISO_3758\" style=\"color:blue; text-decoration:underline\"><b><span style=\"font-size:14.0pt\">Simbologia de cuidados aplicada a Etiquetagem de T&ecirc;xteis<\/span><\/b><\/a><span style=\"font-size:14.0pt\">, 23 e 24 de outubro de 2024, 8h30 &agrave;s 17h30, evento online<\/span><\/span><\/span><\/span><\/p>\r\n\r\n<p style=\"text-align:justify\"><span style=\"font-size:11pt\"><span style=\"line-height:normal\"><span style=\"font-family:Calibri,sans-serif\"><a href=\"https:\/\/b20brazil.org\/#msdynttrid=6zt-Ug2nJO0FDfhoU9K0en-twuGAoU5aPF8EQm7neRo\" style=\"color:blue; text-decoration:underline\"><b><span lang=\"EN-US\" style=\"font-size:14.0pt\">B20 Summit Brasil 2024 - Inclusive Growth for a Sustainable Future<\/span><\/b><\/a><span lang=\"EN-US\" style=\"font-size:14.0pt\">, October 24th - 25th, 2024, Clube Atl&eacute;tico Monte L&iacute;bano, S&atilde;o Paulo, SP<\/span><\/span><\/span><\/span><\/p>\r\n\r\n<p style=\"text-align:justify\"><span style=\"font-size:11pt\"><span style=\"line-height:normal\"><span style=\"font-family:Calibri,sans-serif\"><a href=\"http:\/\/www.congressoabit.com.br\" style=\"color:blue; text-decoration:underline\"><b><span style=\"font-size:14.0pt\">Congresso Internacional Abit 2024<\/span><\/b><\/a><span style=\"font-size:14.0pt\">, 30 e 31 de outubro, Salvador, Bahia<\/span><\/span><\/span><\/span><\/p>\r\n\r\n<p style=\"text-align:justify\"><span style=\"font-size:11pt\"><span style=\"line-height:normal\"><span style=\"font-family:Calibri,sans-serif\"><a href=\"https:\/\/www.fimec.com.br\/\" style=\"color:blue; text-decoration:underline\"><b><span style=\"font-size:14.0pt\">Fimec 2025<\/span><\/b><\/a><span style=\"font-size:14.0pt\">, 18 a 20 de mar&ccedil;o, Fenac, Novo Hamburgo, RS<\/span><\/span><\/span><\/span><\/p>\r\n\r\n<p style=\"text-align:justify\"><span style=\"font-size:28pt\"><span style=\"font-family:Cambria,serif\"><span style=\"letter-spacing:-0.5pt\"><b><span style=\"font-size:18.0pt\"><span calibri=\"\" style=\"font-family:\"><span style=\"font-variant:small-caps\">Setor<\/span><\/span><\/span><\/b><\/span><\/span><\/span><\/p>\r\n\r\n<p style=\"text-align:justify\"><span style=\"font-size:11pt\"><span style=\"line-height:normal\"><span style=\"font-family:Calibri,sans-serif\"><a href=\"https:\/\/plasticosemrevista.com.br\/petroquimica-mudam-os-pesos-na-balanca-do-planejamento\/\" style=\"color:blue; text-decoration:underline\"><span style=\"font-size:14.0pt\">Petroqu&iacute;mica: mudam os pesos na balan&ccedil;a do planejamento<\/span><\/a><\/span><\/span><\/span><\/p>\r\n\r\n<p style=\"text-align:justify\"><span style=\"font-size:11pt\"><span style=\"line-height:normal\"><span style=\"font-family:Calibri,sans-serif\"><a href=\"https:\/\/www.technicaltextile.net\/news\/indian-minister-of-textiles-advocates-for-nonwoven-innovations-297556.html\" style=\"color:blue; text-decoration:underline\"><span lang=\"EN-US\" style=\"font-size:14.0pt\">Indian minister of textiles advocates for nonwoven innovations<\/span><\/a><\/span><\/span><\/span><\/p>\r\n\r\n<p style=\"text-align:justify\"><span style=\"font-size:11pt\"><span style=\"line-height:normal\"><span style=\"font-family:Calibri,sans-serif\"><a href=\"https:\/\/indiantextilejournal.com\/increasing-indias-competitiveness-in-the-global-textile-industry\/\" style=\"color:blue; text-decoration:underline\"><span lang=\"EN-US\" style=\"font-size:14.0pt\">Increasing India&rsquo;s Competitiveness in the Global Textile Industry<\/span><\/a><\/span><\/span><\/span><\/p>\r\n\r\n<p style=\"text-align:justify\"><span style=\"font-size:11pt\"><span style=\"line-height:normal\"><span style=\"font-family:Calibri,sans-serif\"><a href=\"https:\/\/specialtyfabricsreview.com\/2024\/09\/01\/nonwoven-wipes-manufacturers-focus-on-sustainability\/\" style=\"color:blue; text-decoration:underline\"><span lang=\"EN-US\" style=\"font-size:14.0pt\">Nonwoven wipes manufacturers focus on sustainability<\/span><\/a><\/span><\/span><\/span><\/p>\r\n\r\n<p style=\"text-align:justify\"><span style=\"font-size:11pt\"><span style=\"line-height:normal\"><span style=\"font-family:Calibri,sans-serif\"><a href=\"https:\/\/globalthings.net\/2024\/06\/tecnovigilancia-importancia-tecnologia-monitoramento-alertas-anvisa\/?utm_campaign=2024-08-29_-_newsletter_globalthings&amp;utm_medium=email&amp;utm_source=RD+Station\" style=\"color:blue; text-decoration:underline\"><span style=\"font-size:14.0pt\">Tecnovigil&acirc;ncia: a import&acirc;ncia da tecnologia&nbsp; no monitoramento dos alertas da ANVISA<\/span><\/a><\/span><\/span><\/span><\/p>\r\n\r\n<p style=\"text-align:justify\"><span style=\"font-size:11pt\"><span style=\"line-height:normal\"><span style=\"font-family:Calibri,sans-serif\"><a href=\"https:\/\/plasticosemrevista.com.br\/indonesia-enterra-plano-de-taxar-plastico\/\" style=\"color:blue; text-decoration:underline\"><span style=\"font-size:14.0pt\">Indon&eacute;sia enterra plano de taxar pl&aacute;stico<\/span><\/a><\/span><\/span><\/span><\/p>\r\n\r\n<p style=\"text-align:justify\"><span style=\"font-size:11pt\"><span style=\"line-height:normal\"><span style=\"font-family:Calibri,sans-serif\"><a href=\"https:\/\/plasticosemrevista.com.br\/california-a-poluente-proibicao-de-sacolas-de-uso-unico\/\" style=\"color:blue; text-decoration:underline\"><span style=\"font-size:14.0pt\">Calif&oacute;rnia: a poluente proibi&ccedil;&atilde;o de sacolas de uso &uacute;nico<\/span><\/a><\/span><\/span><\/span><\/p>\r\n\r\n<p style=\"text-align:justify\"><span style=\"font-size:11pt\"><span style=\"line-height:normal\"><span style=\"font-family:Calibri,sans-serif\"><a href=\"https:\/\/blogdoplastico.wordpress.com\/2024\/08\/28\/investimentos-no-complexo-acrilico-da-basf-em-camacari-ba-aumentam-a-producao-de-polimero-superabsorventes\/\" style=\"color:blue; text-decoration:underline\"><span style=\"font-size:14.0pt\">Investimentos no Complexo Acr&iacute;lico da BASF em Cama&ccedil;ari (BA) aumentam a produ&ccedil;&atilde;o de pol&iacute;mero superabsorventes<\/span><\/a><\/span><\/span><\/span><\/p>\r\n\r\n<p style=\"text-align:justify\"><span style=\"font-size:11pt\"><span style=\"line-height:normal\"><span style=\"font-family:Calibri,sans-serif\"><a href=\"https:\/\/plasticosemrevista.com.br\/cadmio-e-chumbo-barrados-de-estabilizantes-de-pvc\/\" style=\"color:blue; text-decoration:underline\"><span style=\"font-size:14.0pt\">C&aacute;dmio e chumbo barrados de estabilizantes de PVC<\/span><\/a><\/span><\/span><\/span><\/p>\r\n\r\n<p style=\"text-align:justify\"><span style=\"font-size:11pt\"><span style=\"line-height:normal\"><span style=\"font-family:Calibri,sans-serif\"><a href=\"https:\/\/tissueonline.com.br\/ccm-relanca-linha-de-fraldas-com-foco-em-melhorias-e-sustentabilidade\/?utm_campaign=ccm_ccm_relanca_linha_de_fraldas_com_foco_em_melhorias_e_sustentabilidade&amp;utm_medium=email&amp;utm_source=RD+Station\" style=\"color:blue; text-decoration:underline\"><span style=\"font-size:14.0pt\">CCM relan&ccedil;a linha de fraldas com foco em melhorias e sustentabilidade<\/span><\/a><\/span><\/span><\/span><\/p>\r\n\r\n<p style=\"text-align:justify\"><span style=\"font-size:11pt\"><span style=\"line-height:normal\"><span style=\"font-family:Calibri,sans-serif\"><a href=\"https:\/\/tissueonline.com.br\/veolia-e-as-tecnologias-por-tras-do-tratamento-sustentavel-de-efluentes\/?utm_campaign=veolia_veolia_e_as_tecnologias_por_tras_do_tratamento_sustentavel_de_efluentes&amp;utm_medium=email&amp;utm_source=RD+Station\" style=\"color:blue; text-decoration:underline\"><span style=\"font-size:14.0pt\">Veolia e as tecnologias por tr&aacute;s do tratamento sustent&aacute;vel de efluentes<\/span><\/a><\/span><\/span><\/span><\/p>\r\n\r\n<p style=\"text-align:justify\"><span style=\"font-size:28pt\"><span style=\"font-family:Cambria,serif\"><span style=\"letter-spacing:-0.5pt\"><b><span style=\"font-size:18.0pt\"><span calibri=\"\" style=\"font-family:\"><span style=\"font-variant:small-caps\">Ind&uacute;stria<\/span><\/span><\/span><\/b><\/span><\/span><\/span><\/p>\r\n\r\n<p style=\"text-align:justify\"><span style=\"font-size:11pt\"><span style=\"line-height:normal\"><span style=\"font-family:Calibri,sans-serif\"><a href=\"https:\/\/noticias.portaldaindustria.com.br\/noticias\/internacional\/b20-brasil-entrega-ao-presidente-lula-propostas-para-influenciar-o-g20\/\" style=\"color:blue; text-decoration:underline\"><span style=\"font-size:14.0pt\">B20 Brasil entrega ao presidente Lula propostas para influenciar o G20<\/span><\/a><\/span><\/span><\/span><\/p>\r\n\r\n<p style=\"text-align:justify\"><span style=\"font-size:11pt\"><span style=\"line-height:normal\"><span style=\"font-family:Calibri,sans-serif\"><a href=\"https:\/\/noticias.portaldaindustria.com.br\/noticias\/podcasts\/o-que-o-setor-privado-espera-do-g20-ep-132\/\" style=\"color:blue; text-decoration:underline\"><span style=\"font-size:14.0pt\">O que o setor privado espera do G20? (Ep. #132)<\/span><\/a><\/span><\/span><\/span><\/p>\r\n\r\n<p style=\"text-align:justify\"><span style=\"font-size:11pt\"><span style=\"line-height:normal\"><span style=\"font-family:Calibri,sans-serif\"><a href=\"https:\/\/www.revistaplasticosul.com.br\/maquinas-e-equipamentos\/automacao-industrial-maior-eficiencia-produtiva-e-mais-competitividade-no-mercado-global\/\" style=\"color:blue; text-decoration:underline\"><span style=\"font-size:14.0pt\">Automa&ccedil;&atilde;o Industrial: maior efici&ecirc;ncia produtiva e mais competitividade no mercado global<\/span><\/a><\/span><\/span><\/span><\/p>\r\n\r\n<p style=\"text-align:justify\"><span style=\"font-size:11pt\"><span style=\"line-height:normal\"><span style=\"font-family:Calibri,sans-serif\"><a href=\"https:\/\/noticias.portaldaindustria.com.br\/posicionamentos\/setor-industrial-e-contra-o-novo-aumento-de-tributacao-proposto-pelo-pl-33942024\/\" style=\"color:blue; text-decoration:underline\"><span style=\"font-size:14.0pt\">Setor industrial &eacute; contra o novo aumento de tributa&ccedil;&atilde;o proposto pelo PL 3.394\/2024<\/span><\/a><\/span><\/span><\/span><\/p>\r\n\r\n<p style=\"text-align:justify\"><span style=\"font-size:11pt\"><span style=\"line-height:normal\"><span style=\"font-family:Calibri,sans-serif\"><a href=\"https:\/\/diariodocomercio.com.br\/economia\/residuos-solidos-minas-tem-338-areas-de-destinacao-incorretas\/\" style=\"color:blue; text-decoration:underline\"><span style=\"font-size:14.0pt\">Lix&otilde;es: Minas Gerais ainda possui 338 &aacute;reas de destina&ccedil;&atilde;o incorreta de res&iacute;duos s&oacute;lidos<\/span><\/a><\/span><\/span><\/span><\/p>\r\n\r\n<p style=\"text-align:justify\"><span style=\"font-size:11pt\"><span style=\"line-height:normal\"><span style=\"font-family:Calibri,sans-serif\"><a href=\"https:\/\/almaco.org.br\/2024\/08\/29\/novas-concessoes-em-12-estados-terao-investimentos-de-r-111-bilhoes\/\" style=\"color:blue; text-decoration:underline\"><span style=\"font-size:14.0pt\">Novas concess&otilde;es em 12 estados ter&atilde;o Investimentos de R$ 111 bilh&otilde;es<\/span><\/a><\/span><\/span><\/span><\/p>\r\n\r\n<p style=\"text-align:justify\"><span style=\"font-size:11pt\"><span style=\"line-height:normal\"><span style=\"font-family:Calibri,sans-serif\"><a href=\"https:\/\/agenciainfra.com\/blog\/ferrovias-autorizadas-comecam-a-chegar-aos-3-anos-sem-licenciamento-e-projetos-podem-ser-extintos\/\" style=\"color:blue; text-decoration:underline\"><span style=\"font-size:14.0pt\">Ferrovias autorizadas come&ccedil;am a chegar aos 3 anos sem licenciamento e projetos podem ser extintos<\/span><\/a><\/span><\/span><\/span><\/p>\r\n\r\n<p style=\"text-align:justify\"><span style=\"font-size:28pt\"><span style=\"font-family:Cambria,serif\"><span style=\"letter-spacing:-0.5pt\"><b><span style=\"font-size:18.0pt\"><span calibri=\"\" style=\"font-family:\"><span style=\"font-variant:small-caps\">Sustentabilidade<\/span><\/span><\/span><\/b><\/span><\/span><\/span><\/p>\r\n\r\n<p style=\"text-align:justify\"><span style=\"font-size:11pt\"><span style=\"line-height:normal\"><span style=\"font-family:Calibri,sans-serif\"><a href=\"https:\/\/www.plastico.com.br\/tratado-para-combater-a-poluicao-plastica\/?utm_campaign=newsletter_plastico_agosto_2024&amp;utm_medium=email&amp;utm_source=RD+Station\" style=\"color:blue; text-decoration:underline\"><span style=\"font-size:14.0pt\">Tratado para combater a polui&ccedil;&atilde;o pl&aacute;stica<\/span><\/a><\/span><\/span><\/span><\/p>\r\n\r\n<p style=\"text-align:justify\"><span style=\"font-size:11pt\"><span style=\"line-height:normal\"><span style=\"font-family:Calibri,sans-serif\"><a href=\"https:\/\/omunicipio.com.br\/audio-falta-de-incentivo-e-tecnologia-empresas-texteis-de-brusque-e-regiao-enfrentam-desafios-na-reutilizacao-de-sobras\/\" style=\"color:blue; text-decoration:underline\"><span style=\"font-size:14.0pt\">Falta de incentivo e tecnologia: empresas t&ecirc;xteis de Brusque e regi&atilde;o enfrentam desafios na reutiliza&ccedil;&atilde;o de sobras<\/span><\/a><\/span><\/span><\/span><\/p>\r\n\r\n<p style=\"text-align:justify\"><span style=\"font-size:11pt\"><span style=\"line-height:normal\"><span style=\"font-family:Calibri,sans-serif\"><a href=\"https:\/\/sinditextilsp.org.br\/home\/2024\/08\/jornada-de-descarbonizacao-e-lancada-para-a-industria-paulista\/?utm_campaign=boletim-verde-004-2024&amp;utm_medium=email&amp;utm_source=RD+Station\" style=\"color:blue; text-decoration:underline\"><span style=\"font-size:14.0pt\">Jornada de descarboniza&ccedil;&atilde;o &eacute; lan&ccedil;ada para a ind&uacute;stria paulista<\/span><\/a><\/span><\/span><\/span><\/p>\r\n\r\n<p style=\"text-align:justify\"><span style=\"font-size:11pt\"><span style=\"line-height:normal\"><span style=\"font-family:Calibri,sans-serif\"><a href=\"https:\/\/www.revistaplasticosul.com.br\/transformacao-aplicacoes\/materiais-escolares-elaborados-a-partir-de-copos-coletados-na-sao-silvestre-sao-doados-para-escolas-do-rio-grande-do-sul\/\" style=\"color:blue; text-decoration:underline\"><span style=\"font-size:14.0pt\">Materiais escolares elaborados a partir de copos coletados na S&atilde;o Silvestre s&atilde;o doados para escolas do Rio Grande do Sul<\/span><\/a><\/span><\/span><\/span><\/p>\r\n\r\n<p style=\"text-align:justify\"><span style=\"font-size:11pt\"><span style=\"line-height:normal\"><span style=\"font-family:Calibri,sans-serif\"><a href=\"https:\/\/www.fibre2fashion.com\/news\/textile-news\/china-unveils-guidelines-to-accelerate-efforts-in-green-transformation-297420-newsdetails.htm\" style=\"color:blue; text-decoration:underline\"><span lang=\"EN-US\" style=\"font-size:14.0pt\">China unveils guidelines to accelerate efforts in green transformation<\/span><\/a><\/span><\/span><\/span><\/p>\r\n\r\n<p style=\"text-align:justify\"><span style=\"font-size:28pt\"><span style=\"font-family:Cambria,serif\"><span style=\"letter-spacing:-0.5pt\"><b><span style=\"font-size:18.0pt\"><span calibri=\"\" style=\"font-family:\"><span style=\"font-variant:small-caps\">Inova&ccedil;&atilde;o<\/span><\/span><\/span><\/b><\/span><\/span><\/span><\/p>\r\n\r\n<p style=\"text-align:justify\"><span style=\"font-size:11pt\"><span style=\"line-height:normal\"><span style=\"font-family:Calibri,sans-serif\"><a href=\"https:\/\/www.sonoticiaboa.com.br\/2024\/08\/31\/cientistas-transformam-residuos-de-banana-em-tecidos-energia-limpa-e-biofertilizante\" style=\"color:blue; text-decoration:underline\"><span style=\"font-size:14.0pt\">Cientistas transformam res&iacute;duos de banana em tecidos, energia limpa e biofertilizante<\/span><\/a><\/span><\/span><\/span><\/p>\r\n\r\n<p style=\"text-align:justify\"><span style=\"font-size:11pt\"><span style=\"line-height:normal\"><span style=\"font-family:Calibri,sans-serif\"><a href=\"https:\/\/www.inovacaotecnologica.com.br\/noticias\/noticia.php?artigo=revestimento-calcario-faz-tecidos-resfriarem-sob-sol&amp;id=010160240830&amp;ebol=sim\" style=\"color:blue; text-decoration:underline\"><span style=\"font-size:14.0pt\">Revestimento mediterr&acirc;neo faz tecidos resfriarem sob o Sol<\/span><\/a><\/span><\/span><\/span><\/p>\r\n\r\n<p style=\"text-align:justify\"><span style=\"font-size:11pt\"><span style=\"line-height:normal\"><span style=\"font-family:Calibri,sans-serif\"><a href=\"https:\/\/plasticosemrevista.com.br\/aditivos-da-nanox-aprovados-para-contato-com-alimentos-nos-eua\/\" style=\"color:blue; text-decoration:underline\"><span style=\"font-size:14.0pt\">Nanotecnologia: Aditivos da Nanox aprovados para contato com alimentos nos EUA<\/span><\/a><\/span><\/span><\/span><\/p>\r\n\r\n<p style=\"text-align:justify\"><span style=\"font-size:11pt\"><span style=\"line-height:normal\"><span style=\"font-family:Calibri,sans-serif\"><a href=\"https:\/\/www.revistaplasticosul.com.br\/transformacao-aplicacoes\/impressao-de-casas-em-3d-uma-solucao-para-a-crise-habitacional-de-barcelona\/\" style=\"color:blue; text-decoration:underline\"><span style=\"font-size:14.0pt\">Impress&atilde;o de casas em 3D: uma solu&ccedil;&atilde;o para a crise habitacional de Barcelona?<\/span><\/a><\/span><\/span><\/span><\/p>\r\n\r\n<p style=\"text-align:justify\"><span style=\"font-size:28pt\"><span style=\"font-family:Cambria,serif\"><span style=\"letter-spacing:-0.5pt\"><b><span style=\"font-size:18.0pt\"><span calibri=\"\" style=\"font-family:\"><span style=\"font-variant:small-caps\">Com&eacute;rcio Exterior<\/span><\/span><\/span><\/b><\/span><\/span><\/span><\/p>\r\n\r\n<p style=\"text-align:justify\"><span style=\"font-size:11pt\"><span style=\"line-height:normal\"><span style=\"font-family:Calibri,sans-serif\"><a href=\"https:\/\/static.portaldaindustria.com.br\/media\/filer_public\/21\/10\/2110af17-1dd2-4987-a0cf-05947af8cba5\/ex_ipc_24-028_comite-tecnico-ex-tarifarios.pdf\" style=\"color:blue; text-decoration:underline\"><span style=\"font-size:14.0pt\">Institu&iacute;do Comit&ecirc; T&eacute;cnico de An&aacute;lise de Ex-Tarif&aacute;rio<\/span><\/a><\/span><\/span><\/span><\/p>\r\n\r\n<p style=\"text-align:justify\"><span style=\"font-size:11pt\"><span style=\"line-height:normal\"><span style=\"font-family:Calibri,sans-serif\"><a href=\"https:\/\/www.cofen.gov.br\/enfermagem-do-brasil-argentina-paraguai-e-uruguai-costura-acordos-e-solucoes-para-a-profissao-no-plano-internacional\/\" style=\"color:blue; text-decoration:underline\"><span style=\"font-size:14.0pt\">Enfermagem do Brasil, Argentina, Paraguai e Uruguai costura acordos e solu&ccedil;&otilde;es para a profiss&atilde;o no plano internacional<\/span><\/a><\/span><\/span><\/span><\/p>\r\n\r\n<p style=\"text-align:justify\"><span style=\"font-size:11pt\"><span style=\"line-height:normal\"><span style=\"font-family:Calibri,sans-serif\"><a href=\"https:\/\/www.infomoney.com.br\/economia\/governo-da-argentina-anuncia-reducao-da-tarifa-de-importacao-de-mercadorias\/\" style=\"color:blue; text-decoration:underline\"><span style=\"font-size:14.0pt\">Governo da Argentina anuncia redu&ccedil;&atilde;o da tarifa de importa&ccedil;&atilde;o de mercadorias<\/span><\/a><\/span><\/span><\/span><\/p>\r\n\r\n<p style=\"text-align:justify\"><span style=\"font-size:28pt\"><span style=\"font-family:Cambria,serif\"><span style=\"letter-spacing:-0.5pt\"><b><span style=\"font-size:18.0pt\"><span calibri=\"\" style=\"font-family:\"><span style=\"font-variant:small-caps\">Economia<\/span><\/span><\/span><\/b><\/span><\/span><\/span><\/p>\r\n\r\n<p style=\"text-align:justify\"><span style=\"font-size:11pt\"><span style=\"line-height:normal\"><span style=\"font-family:Calibri,sans-serif\"><a href=\"https:\/\/www.bcb.gov.br\/content\/focus\/focus\/R20240830.pdf\" style=\"color:blue; text-decoration:underline\"><span style=\"font-size:14.0pt\">Focus - Relat&oacute;rio de Mercado<\/span><\/a><\/span><\/span><\/span><\/p>\r\n\r\n<p style=\"text-align:justify\"><span style=\"font-size:11pt\"><span style=\"line-height:normal\"><span style=\"font-family:Calibri,sans-serif\"><a href=\"https:\/\/www.bcb.gov.br\/content\/controleinflacao\/focusdistribuicoesfrequencia\/P20240902-Focus-Distribuicoes-de-frequencia.pdf\" style=\"color:blue; text-decoration:underline\"><span style=\"font-size:14.0pt\">Focus - Distribui&ccedil;&otilde;es de Frequ&ecirc;ncia das Expectativas de Mercado para IPCA, Selic, PIB e C&acirc;mbio<\/span><\/a><\/span><\/span><\/span><\/p>\r\n\r\n<p style=\"text-align:justify\"><span style=\"font-size:11pt\"><span style=\"line-height:normal\"><span style=\"font-family:Calibri,sans-serif\"><a href=\"https:\/\/www.infomoney.com.br\/economia\/fgv-confianca-empresarial-sobe-03-ponto-em-agosto-ante-julho-para-979-pontos\/\" style=\"color:blue; text-decoration:underline\"><span style=\"font-size:14.0pt\">FGV: Confian&ccedil;a empresarial sobe 0,3 ponto em agosto ante julho, para 97,9 pontos<\/span><\/a><\/span><\/span><\/span><\/p>\r\n\r\n<p style=\"text-align:justify\"><span style=\"font-size:11pt\"><span style=\"line-height:normal\"><span style=\"font-family:Calibri,sans-serif\"><a href=\"https:\/\/agenciabrasil.ebc.com.br\/economia\/noticia\/2024-08\/orcamento-de-2025-preve-crescimento-de-264-para-economia\" style=\"color:blue; text-decoration:underline\"><span style=\"font-size:14.0pt\">Or&ccedil;amento de 2025 prev&ecirc; crescimento de 2,64% para economia<\/span><\/a><\/span><\/span><\/span><\/p>\r\n\r\n<p style=\"text-align:justify\"><span style=\"font-size:11pt\"><span style=\"line-height:normal\"><span style=\"font-family:Calibri,sans-serif\"><a href=\"https:\/\/ibre.fgv.br\/blog-da-conjuntura-economica\/artigos\/orcamento-2025-seria-bom-avancar-um-pouco-mais-no-controle-dos\" style=\"color:blue; text-decoration:underline\"><span style=\"font-size:14.0pt\">Or&ccedil;amento 2025: &ldquo;seria bom avan&ccedil;ar um pouco mais no controle dos gastos&rdquo;, avalia Manoel Pires, do CPFO<\/span><\/a><\/span><\/span><\/span><\/p>\r\n\r\n<p style=\"text-align:justify\">&nbsp;<\/p>\r\n\r\n<p style=\"text-align:justify\"><span style=\"font-size:11pt\"><span style=\"line-height:normal\"><span style=\"font-family:Calibri,sans-serif\"><span style=\"font-size:14.0pt\"><img src=\"https:\/\/www.abint.org.br\/assets\/img\/editor\/redes-sociais-abint-ctg-cth_20240904135709sSIkVHItU6.jpg\" \/><\/span><\/span><\/span><\/span><\/p>\r\n","texto_en":"","7":"","imagem":"COMP_capa-2024-site-boletim-abint-noticias-semanis_202409041400551XlrfMNFac.jpg","8":"COMP_capa-2024-site-boletim-abint-noticias-semanis_202409041400551XlrfMNFac.jpg","arquivo":"20240903-BOLETIM-ABINT-DE-NOTICIAS-SEMANAIS.PDF","9":"20240903-BOLETIM-ABINT-DE-NOTICIAS-SEMANAIS.PDF","titulo_arquivo":"20240903 Boletim ABINT de Not\u00edcias Semanais","10":"20240903 Boletim ABINT de Not\u00edcias Semanais","titulo_arquivo_en":"","11":"","created_at":"2024-09-04 14:01:09","12":"2024-09-04 14:01:09","updated_at":"2024-09-04 14:03:04","13":"2024-09-04 14:03:04"},{"id":133,"0":133,"ordem":90,"1":90,"data":"2024-08-27","2":"2024-08-27","slug":"boletim-abint-de-noticias-semanais-44","3":"boletim-abint-de-noticias-semanais-44","titulo":"Boletim ABINT de Not\u00edcias Semanais","4":"Boletim ABINT de Not\u00edcias Semanais","titulo_en":"","5":"","texto":"<p style=\"text-align:justify\"><span style=\"font-size:11pt\"><span style=\"line-height:normal\"><span style=\"font-family:Calibri,sans-serif\"><span style=\"font-size:14.0pt\">Esta &eacute; uma compila&ccedil;&atilde;o das not&iacute;cias mais relevantes para o setor, incluindo informa&ccedil;&otilde;es sobre acordos internacionais, economia brasileira, sustentabilidade e mat&eacute;rias primas, al&eacute;m de novidades do setor de N&atilde;otecidos e Tecidos T&eacute;cnicos.<\/span><\/span><\/span><\/span><\/p>\r\n\r\n<p style=\"text-align:justify\"><span style=\"font-size:28pt\"><span style=\"font-family:Cambria,serif\"><span style=\"letter-spacing:-0.5pt\"><b><span style=\"font-size:18.0pt\"><span style=\"font-family:&quot;Calibri&quot;,sans-serif\"><span style=\"font-variant:small-caps\">O que vem por a&iacute;<\/span><\/span><\/span><\/b><\/span><\/span><\/span><\/p>\r\n\r\n<p><b><img src=\"https:\/\/www.abint.org.br\/assets\/img\/editor\/logo-ctg-abint-png_20240718120356AYjq6yKWjI.png\" style=\"width: 300px; height: 55px;\" \/><\/b><\/p>\r\n\r\n<p>&nbsp;<\/p>\r\n\r\n<p><b><img src=\"https:\/\/www.abint.org.br\/assets\/img\/editor\/20240924-cobramseg-2024_20240718120541ztVNeqlLuA.png\" \/><\/b><\/p>\r\n\r\n<p><b>O CTG ABINT &eacute; um dos patrocinadores da 21&ordf; edi&ccedil;&atilde;o do Cobramseg &ndash; Congresso Brasileiro de Mec&acirc;nica dos Solos e Engenharia Geot&eacute;cnica.<\/b><\/p>\r\n\r\n<p>&ldquo;<i>Nos reunimos para celebrar a Mec&acirc;nica dos Solos e das Rochas, da GeoEngenharia! Academia, Ind&uacute;stria e &Oacute;rg&atilde;os Gestores unidos para expor seus avan&ccedil;os t&eacute;cnicos e cient&iacute;ficos. Um ambiente rico e diverso que nos permite debater solu&ccedil;&otilde;es e a&ccedil;&otilde;es de forma a fortalecer nossa comunidade geot&eacute;cnica, visando proporcionar um desenvolvimento mais sustent&aacute;vel e seguro para a nossa sociedade<\/i>.&rdquo; V&iacute;tor Pereira Faro, Presidente do COBRAMSEG 2024<\/p>\r\n\r\n<p><a href=\"http:\/\/www.cobramseg.com.br\/\">www.cobramseg.com.br<\/a><\/p>\r\n\r\n<p>&nbsp;<\/p>\r\n\r\n<p><b><img src=\"https:\/\/www.abint.org.br\/assets\/img\/editor\/fenasan-2024_202407181205570iB7KW1OZ4.jpg\" \/><\/b><\/p>\r\n\r\n<p>O&nbsp;<b>CTG ABINT apoia a Feira Nacional de Saneamento e Meio Ambiente &ndash; Fenasan e do 35&ordm; Encontro T&eacute;cnico AESabesp, que ocorrer&atilde;o de 22 a 24 de outubro de 2024<\/b>, no Pavilh&atilde;o Verde e Vermelho, no Expo Center Norte, em S&atilde;o Paulo. Trata-se do maior evento de saneamento da Am&eacute;rica Latin. A realiza&ccedil;&atilde;o &eacute; da AESabesp &ndash; Associa&ccedil;&atilde;o dos Engenheiros da Sabesp.<\/p>\r\n\r\n<p><i>O tema central desta edi&ccedil;&atilde;o &eacute; &ldquo;Saneamento ambiental: condi&ccedil;&atilde;o fundamental para o enfrentamento das mudan&ccedil;as clim&aacute;ticas&rdquo;. Com um p&uacute;blico tradicionalmente de 22 mil visitantes e alinhada aos ODS &ndash; Objetivos de Desenvolvimento Sustent&aacute;vel estabelecidos pela ONU e aos conceitos de ESG, a edi&ccedil;&atilde;o 2024 continuar&aacute; ampliando o di&aacute;logo em torno das quest&otilde;es de saneamento ambiental, meio ambiente e sustentabilidade e promovendo o compartilhamento de conhecimento altamente qualificado.<\/i><\/p>\r\n\r\n<p><a href=\"http:\/\/www.fenasan.com.br\/\">www.fenasan.com.br<\/a><\/p>\r\n\r\n<p>&nbsp;<\/p>\r\n\r\n<p><b><img src=\"https:\/\/www.abint.org.br\/assets\/img\/editor\/cth-logo-alta-jpg_2024071812065399MMBUXZze.jpg\" style=\"width: 300px; height: 68px;\" \/><\/b><\/p>\r\n\r\n<p><b><img src=\"https:\/\/www.abint.org.br\/assets\/img\/editor\/hospitalmed-2024-logo_20240718120628FoV3In8yB5.png\" style=\"width: 500px; height: 448px;\" \/><\/b><\/p>\r\n\r\n<p>&nbsp;<\/p>\r\n\r\n<p><b>O CTH ABINT &eacute; um dos patrocinadores da HospitalMed 2024.<\/b><\/p>\r\n\r\n<p>&ldquo;<i>A melhor e Mais Completa Feira de Sa&uacute;de do Norte\/Nordeste<\/i>&rdquo;, &eacute; uma realiza&ccedil;&atilde;o da HospitalMed Feiras &amp; Eventos e da Insight Feiras de Neg&oacute;cios.<\/p>\r\n\r\n<p><i>&ldquo;O&nbsp;<b>re&uacute;ne toda a cadeia produtiva do setor de sa&uacute;de das regi&otilde;es Norte\/Nordeste<\/b>. &Eacute; o grande encontro de fornecedores de Produtos, Equipamentos, Servi&ccedil;os, Tecnologia e Conte&uacute;do para Hospitais, Laborat&oacute;rios, Farm&aacute;cias, Cl&iacute;nicas, Consult&oacute;rios e Profissionais da Sa&uacute;de&rdquo;.<\/i><\/p>\r\n\r\n<p><a href=\"http:\/\/www.hospitalmed.com.br\/\">www.hospitalmed.com.br<\/a><\/p>\r\n\r\n<p class=\"MsoTitle\" style=\"text-align:justify\"><span style=\"font-size:28pt\"><span style=\"font-family:Cambria,serif\"><span style=\"letter-spacing:-0.5pt\"><b><span style=\"font-size:18.0pt\"><span style=\"font-family:&quot;Calibri&quot;,sans-serif\"><span style=\"font-variant:small-caps\">Not&iacute;cias das Associadas<\/span><\/span><\/span><\/b><\/span><\/span><\/span><\/p>\r\n\r\n<p style=\"text-align:justify\"><span style=\"font-size:11pt\"><span style=\"line-height:normal\"><span style=\"font-family:Calibri,sans-serif\"><a href=\"https:\/\/www.nonwovens-industry.com\/contents\/view_breaking-news\/2024-08-21\/andritz-to-exhibit-nonwoven-technologies-at-cinte-2024\/15303\" style=\"color:blue; text-decoration:underline\"><span lang=\"ES-AR\" style=\"font-size:14.0pt\">Andritz to Exhibit Nonwoven Technologies at CINTE 2024<\/span><\/a><\/span><\/span><\/span><\/p>\r\n\r\n<p style=\"text-align:justify\"><span style=\"font-size:11pt\"><span style=\"line-height:normal\"><span style=\"font-family:Calibri,sans-serif\"><a href=\"https:\/\/www.nonwovens-industry.com\/contents\/view_breaking-news\/2024-08-20\/freudenberg-to-showcase-sustainable-innovations-at-fachpack-2024\/15303\" style=\"color:blue; text-decoration:underline\"><span lang=\"ES-AR\" style=\"font-size:14.0pt\">Freudenberg to Showcase Sustainable Innovations at Fachpack 2024<\/span><\/a><\/span><\/span><\/span><\/p>\r\n\r\n<p style=\"text-align:justify\">&nbsp;<\/p>\r\n\r\n<p style=\"text-align:justify\"><span style=\"font-size:11pt\"><span style=\"line-height:normal\"><span style=\"font-family:Calibri,sans-serif\"><b><span style=\"font-size:18.0pt\"><span style=\"font-variant:small-caps\">Eventos<\/span><\/span><\/b><\/span><\/span><\/span><\/p>\r\n\r\n<p style=\"text-align:justify\"><span style=\"font-size:11pt\"><span style=\"line-height:normal\"><span style=\"font-family:Calibri,sans-serif\"><a href=\"https:\/\/www.conceitoseminarios.com.br\/seminario\/6-forum-novo-marco-do-saneamento\/\" style=\"color:blue; text-decoration:underline\"><b><span style=\"font-size:14.0pt\">6&ordm; F&oacute;rum Novo Marco do Saneamento<\/span><\/b><\/a><span style=\"font-size:14.0pt\">, 29 de agosto de 2024, 08h30 &agrave;s 18h00, Hotel Meli&aacute; Jardim Europa, Rua Jo&atilde;o Cachoeira, 107, Itaim Bibi, S&atilde;o Paulo<\/span><\/span><\/span><\/span><\/p>\r\n\r\n<p style=\"text-align:justify\"><span style=\"font-size:11pt\"><span style=\"line-height:normal\"><span style=\"font-family:Calibri,sans-serif\"><a href=\"https:\/\/abihpec.org.br\/mercado\/papo-de-mercado-abihpec\/\" style=\"color:blue; text-decoration:underline\"><b><span style=\"font-size:14.0pt\">Papo de Mercado ABIHPEC<\/span><\/b><\/a><span style=\"font-size:14.0pt\">, 02, 09, 16, 23e 30 de setembro de 2024, 10h00 &agrave;s 12h00<\/span><\/span><\/span><\/span><\/p>\r\n\r\n<p style=\"text-align:justify\"><span style=\"font-size:11pt\"><span style=\"line-height:normal\"><span style=\"font-family:Calibri,sans-serif\"><a href=\"https:\/\/forms.office.com\/pages\/responsepage.aspx?id=ZjE1m1sz9EGFRtoQKEEeDjGnaHPnDZ5AlM2BzPmV-z9UOVZGOU5PWUdFVFJZUklKSU4zT1paTEMwMi4u&amp;utm_campaign=emkt_liga_de_descarbonizacao&amp;utm_medium=email&amp;utm_source=RD+Station&amp;route=shorturl\" style=\"color:blue; text-decoration:underline\"><b><span style=\"font-size:14.0pt\">Evento de lan&ccedil;amento: Liga de Descarboniza&ccedil;&atilde;o da Abit<\/span><\/b><\/a><span style=\"font-size:14.0pt\">, 05 de setembro de 2024, 10h30 e 11h30<\/span><\/span><\/span><\/span><\/p>\r\n\r\n<p style=\"text-align:justify\"><span style=\"font-size:11pt\"><span style=\"line-height:normal\"><span style=\"font-family:Calibri,sans-serif\"><a href=\"https:\/\/forms.office.com\/pages\/responsepage.aspx?id=3qZIQdENBE2kxXjjdOT21uUjVaRTFXRIg1ryR0EvOOVURTk2Mk9IRFJMQ0o0TUNRWUFFUVQyQk5XMC4u&amp;utm_campaign=reenvio_encontro_de_desenvolvimento_industrial_no_setor_textil&amp;utm_medium=email&amp;utm_source=RD+Station\" style=\"color:blue; text-decoration:underline\"><b><span style=\"font-size:14.0pt\">SENAI Americana | Encontro de Desenvolvimento Industrial no Setor T&ecirc;xtil<\/span><\/b><\/a><span style=\"font-size:14.0pt\">, 10 de setembro de 2024, 08h00 &agrave;s <\/span><\/span><\/span><\/span><\/p>\r\n\r\n<p style=\"text-align:justify\"><span style=\"font-size:11pt\"><span style=\"line-height:normal\"><span style=\"font-family:Calibri,sans-serif\"><a href=\"https:\/\/www.recy-plastech.com\/\" style=\"color:blue; text-decoration:underline\"><b><span style=\"font-size:14.0pt\">Recy-Plastech 2024 &ndash; Semin&aacute;rio Internacional de Sustentabilidade e Reciclagem de Pl&aacute;sticos<\/span><\/b><\/a><span style=\"font-size:14.0pt\">, 11 e 12 de setembro de 2024, Milenium Centro de Conven&ccedil;&otilde;es, Rua Dr. Bacelar, 1.043, Vila Clementino, S&atilde;o Paulo, SP<\/span><\/span><\/span><\/span><\/p>\r\n\r\n<p style=\"text-align:justify\"><span style=\"font-size:11pt\"><span style=\"line-height:normal\"><span style=\"font-family:Calibri,sans-serif\"><a href=\"https:\/\/cbplastico.com.br\/2024\/\" style=\"color:blue; text-decoration:underline\"><b><span style=\"font-size:14.0pt\">5&ordm; Congresso Brasileiro do Pl&aacute;stico<\/span><\/b><\/a><span style=\"font-size:14.0pt\">, 12 de setembro de 2024, evento h&iacute;brido, Casa Bisutti, Rua Casa do Ator, 577, Vila Ol&iacute;mpia, S&atilde;o Paulo, SP<\/span><\/span><\/span><\/span><\/p>\r\n\r\n<p style=\"text-align:justify\"><span style=\"font-size:11pt\"><span style=\"line-height:normal\"><span style=\"font-family:Calibri,sans-serif\"><a href=\"https:\/\/www.aatcc.org\/summit\/\" style=\"color:blue; text-decoration:underline\"><b><span lang=\"EN-US\" style=\"font-size:14.0pt\">AATCC&#39;s Textile Discovery Summit<\/span><\/b><\/a><span lang=\"EN-US\" style=\"font-size:14.0pt\">, 6 a 8 de outubro de 2024, The Westin Savannah Harbor&nbsp;<\/span><\/span><\/span><\/span><span style=\"font-size:11pt\"><span style=\"line-height:normal\"><span style=\"font-family:Calibri,sans-serif\"><span style=\"font-size:14.0pt\">1 Resort Drive, Savannah, Ge&oacute;rgia, EUA<\/span><\/span><\/span><\/span><\/p>\r\n\r\n<p style=\"text-align:justify\"><span style=\"font-size:11pt\"><span style=\"line-height:normal\"><span style=\"font-family:Calibri,sans-serif\"><a href=\"http:\/\/www.fenasan.com.br\" style=\"color:blue; text-decoration:underline\"><b><span style=\"font-size:14.0pt\">Fenasan 2024 &ndash; Feira Nacional de Saneamento e Meio Ambiente<\/span><\/b><\/a><span style=\"font-size:14.0pt\">, 22 a 24 de outubro de 2024, Pavilh&otilde;es Verde e Vermelho, Expo Center Norte, S&atilde;o Paulo SP<\/span><\/span><\/span><\/span><\/p>\r\n\r\n<p style=\"text-align:justify\"><span style=\"font-size:11pt\"><span style=\"line-height:normal\"><span style=\"font-family:Calibri,sans-serif\"><a href=\"http:\/\/www.hospitalmed.com.br\" style=\"color:blue; text-decoration:underline\"><b><span style=\"font-size:14.0pt\">HospitalMed 2024<\/span><\/b><\/a><span style=\"font-size:14.0pt\">, 23 a 25 de outubro, das 14h &agrave;s 20h, no Pernambuco Centro de Conven&ccedil;&otilde;es<\/span><\/span><\/span><\/span><\/p>\r\n\r\n<p style=\"text-align:justify\"><span style=\"font-size:11pt\"><span style=\"line-height:normal\"><span style=\"font-family:Calibri,sans-serif\"><a href=\"https:\/\/www.abnteducacao.com.br\/Simbologia_de_cuidados_aplicada_a_Etiquetagem_de_Texteis_ABNT_NBR_NM_ISO_3758\" style=\"color:blue; text-decoration:underline\"><b><span style=\"font-size:14.0pt\">Simbologia de cuidados aplicada a Etiquetagem de T&ecirc;xteis<\/span><\/b><\/a><span style=\"font-size:14.0pt\">, 23 e 24 de outubro de 2024, 8h30 &agrave;s 17h30, evento online<\/span><\/span><\/span><\/span><\/p>\r\n\r\n<p style=\"text-align:justify\"><span style=\"font-size:11pt\"><span style=\"line-height:normal\"><span style=\"font-family:Calibri,sans-serif\"><a href=\"https:\/\/b20brazil.org\/#msdynttrid=6zt-Ug2nJO0FDfhoU9K0en-twuGAoU5aPF8EQm7neRo\" style=\"color:blue; text-decoration:underline\"><b><span lang=\"EN-US\" style=\"font-size:14.0pt\">B20 Summit Brasil 2024 - Inclusive Growth for a Sustainable Future<\/span><\/b><\/a><span lang=\"EN-US\" style=\"font-size:14.0pt\">, October 24th - 25th, 2024, Clube Atl&eacute;tico Monte L&iacute;bano, S&atilde;o Paulo, SP<\/span><\/span><\/span><\/span><\/p>\r\n\r\n<p style=\"text-align:justify\"><span style=\"font-size:11pt\"><span style=\"line-height:normal\"><span style=\"font-family:Calibri,sans-serif\"><a href=\"http:\/\/www.congressoabit.com.br\" style=\"color:blue; text-decoration:underline\"><b><span style=\"font-size:14.0pt\">Congresso Internacional Abit 2024<\/span><\/b><\/a><span style=\"font-size:14.0pt\">, 30 e 31 de outubro, Salvador, Bahia<\/span><\/span><\/span><\/span><\/p>\r\n\r\n<p style=\"text-align:justify\"><span style=\"font-size:11pt\"><span style=\"line-height:normal\"><span style=\"font-family:Calibri,sans-serif\"><a href=\"https:\/\/www.fimec.com.br\/\" style=\"color:blue; text-decoration:underline\"><b><span style=\"font-size:14.0pt\">Fimec 2025<\/span><\/b><\/a><span style=\"font-size:14.0pt\">, 18 a 20 de mar&ccedil;o, Fenac, Novo Hamburgo, RS<\/span><\/span><\/span><\/span><\/p>\r\n\r\n<p style=\"text-align:justify\"><span style=\"font-size:28pt\"><span style=\"font-family:Cambria,serif\"><span style=\"letter-spacing:-0.5pt\"><b><span lang=\"EN-US\" style=\"font-size:18.0pt\"><span style=\"font-family:&quot;Calibri&quot;,sans-serif\"><span style=\"font-variant:small-caps\">Setor<\/span><\/span><\/span><\/b><\/span><\/span><\/span><\/p>\r\n\r\n<p style=\"text-align:justify\"><span style=\"font-size:11pt\"><span style=\"line-height:normal\"><span style=\"font-family:Calibri,sans-serif\"><a href=\"https:\/\/phys.org\/news\/2024-08-silica-nonwoven-fabric-scaffold-cell.html?utm_source=nwletter&amp;utm_medium=email&amp;utm_campaign=daily-nwletter\" style=\"color:blue; text-decoration:underline\"><span lang=\"EN-US\" style=\"font-size:14.0pt\">Novel silica nonwoven fabric scaffold enhances understanding of cell-to-cell interactions<\/span><\/a><\/span><\/span><\/span><\/p>\r\n\r\n<p style=\"text-align:justify\"><span style=\"font-size:11pt\"><span style=\"line-height:normal\"><span style=\"font-family:Calibri,sans-serif\"><a href=\"https:\/\/plasticosemrevista.com.br\/pp-e-pe-guinada-demografica-alonga-excedente-mundial\/\" style=\"color:blue; text-decoration:underline\"><span style=\"font-size:14.0pt\">PP e PE: guinada demogr&aacute;fica alonga excedente mundial<\/span><\/a><\/span><\/span><\/span><\/p>\r\n\r\n<p style=\"text-align:justify\"><span style=\"font-size:11pt\"><span style=\"line-height:normal\"><span style=\"font-family:Calibri,sans-serif\"><a href=\"https:\/\/t.rdsv2.net\/ls\/click?upn=u001.SJ-2BHbcLStyE5mTD5OK48sq2JxFfkhvQ6eAz6nLBcupUOwY5dJH32nVrcrxbhAu-2BURafqMD05MIjZoQc7jvsgeV4BAOh0vT1A48lILSll4wN6-2F02VnRjWhPYk0sRjI8hUae8WNZf2yvYATsg3OMyBp4OEnagJ6nUL3Xsi9xmxqYNcJWb6IzwBaMVw8sGgDoQRa4SsKp4TwYb9NTkVp4p0lcOL2aZt-2FIBvNdf1eJrLObIm-2FdnWxAQ-2BTVDJ6OlTik0h1IGz-2FOqmrJXXK4N5YMYCww-3D-3Donq1_T7N8BvZTOm04CQQMiyWztrpCjlUrRc4F7QzSgUIpTqB5Yk-2Bt7YhUyk7lZRXmbFFsi-2Foe1q0kuwsCjfsBOqL9ZeKwOqG7ApazixuGEP6Z5SJuFg5bm15p-2FcAKNI6-2BqjB-2BOSvU0gRt1fPukzyKo0teO6D9c1F-2B5iP-2FhBQA5rn5B04etv518sxCHH8a-2FlHnehdb61M83R3ZR23ZaeBRgDemsRcSX7goRCrdldPrSbhVn0rXjNXyuzPL0i3MQdLKAChbXE-2FQ5WpHWTMXnVXRVmi0OSzo4N-2Bgue63nd6xZiKG5-2Fr-2Bmsik0rP68PcGUlIj5R8nb14ZO7C4HHo5w6s9Kcs-2BN2qvCkK9UqgW97bdWsPSgvxPTp8JFfe-2B-2BCr7AJL5aNXDYw-2BqHz1uCaCDnU2Cc-2B94BvG5WTYlfnPM8HHIyOVjmEjSbNNsVQmGapJyn5VQn3HBy0HlBLIP9PyP3lDysH2113KR5VcnFZK-2BouR-2FW2X3Z184vsa-2Byy9ULKOG305UYpGdn9W-2FwQSPi7nTLvcCm1To6oe5z5RLfdw8oEbC58XSD1y5oS49Da7bLGMzfCt0AiKrkNDe1WYVMBXpQnrzIyHsNW7Nh-2BREwwBPbO57msVLXxjpBSixf1SPQWOAJWoU3CCSzR-2BARYuQ0vqGTgTIxqIQng-3D-3D\" style=\"color:blue; text-decoration:underline\"><span style=\"font-size:14.0pt\">Governo do Acre distribui absorventes menstruais em escolas de Rio Branco<\/span><\/a><\/span><\/span><\/span><\/p>\r\n\r\n<p style=\"text-align:justify\"><span style=\"font-size:11pt\"><span style=\"line-height:normal\"><span style=\"font-family:Calibri,sans-serif\"><a href=\"https:\/\/www.mobiauto.com.br\/revista\/como-o-carro-importado-prejudica-a-economia-do-brasil\/6423#amp_tf=De%20%251%24s&amp;aoh=17243787663754&amp;csi=1&amp;referrer=https%3A%2F%2Fwww.google.com&amp;ampshare=https%3A%2F%2Fwww.mobiauto.com.br%2Frevista%2Fcomo-o-carro-importado-prejudica-a-economia-do-brasil%2F6423\" style=\"color:blue; text-decoration:underline\"><span style=\"font-size:14.0pt\">Como o carro importado prejudica a economia do Brasil<\/span><\/a><\/span><\/span><\/span><\/p>\r\n\r\n<p style=\"text-align:justify\"><span style=\"font-size:11pt\"><span style=\"line-height:normal\"><span style=\"font-family:Calibri,sans-serif\"><a href=\"https:\/\/grandesconstrucoes.com.br\/Noticias\/Exibir\/mantas-de-pvc-trazem-beneficios-na-construcao-civil?utm_source=akna&amp;utm_medium=email&amp;utm_campaign=Grandes-Construcoes-Informativo-926-22-08-2024&amp;utm_source=akna&amp;utm_medium=email&amp;utm_campaign=Grandes-Construcoes-Informativo-926-22-08-2024\" style=\"color:blue; text-decoration:underline\"><span style=\"font-size:14.0pt\">Mantas de PVC trazem benef&iacute;cios na constru&ccedil;&atilde;o civil<\/span><\/a><\/span><\/span><\/span><\/p>\r\n\r\n<p style=\"text-align:justify\"><span style=\"font-size:11pt\"><span style=\"line-height:normal\"><span style=\"font-family:Calibri,sans-serif\"><a href=\"https:\/\/itaqueraemnoticias.com.br\/noticia\/101238\/cadeia-produtiva-do-pvc-assina-termo-de-compromisso-para-substituicao-e-banimento-dos-estabilizantes-de-chumbo-pb-e-cadmio-cd\" style=\"color:blue; text-decoration:underline\"><span style=\"font-size:14.0pt\">Cadeia produtiva do PVC assina Termo de Compromisso para substitui&ccedil;&atilde;o e banimento dos estabilizantes de chumbo (Pb) e c&aacute;dmio (Cd)<\/span><\/a><\/span><\/span><\/span><\/p>\r\n\r\n<p style=\"text-align:justify\"><span style=\"font-size:28pt\"><span style=\"font-family:Cambria,serif\"><span style=\"letter-spacing:-0.5pt\"><b><span style=\"font-size:18.0pt\"><span style=\"font-family:&quot;Calibri&quot;,sans-serif\"><span style=\"font-variant:small-caps\">Ind&uacute;stria<\/span><\/span><\/span><\/b><\/span><\/span><\/span><\/p>\r\n\r\n<p style=\"text-align:justify\"><span style=\"font-size:11pt\"><span style=\"line-height:normal\"><span style=\"font-family:Calibri,sans-serif\"><a href=\"https:\/\/noticias.portaldaindustria.com.br\/noticias\/competitividade\/produtividade-na-industria-cai-em-2024-e-interrompe-ciclo-de-alta-aponta-cni\/\" style=\"color:blue; text-decoration:underline\"><span style=\"font-size:14.0pt\">Produtividade na ind&uacute;stria cai em 2024 e interrompe ciclo de alta, aponta CNI<\/span><\/a><\/span><\/span><\/span><\/p>\r\n\r\n<p style=\"text-align:justify\"><span style=\"font-size:11pt\"><span style=\"line-height:normal\"><span style=\"font-family:Calibri,sans-serif\"><a href=\"https:\/\/noticias.portaldaindustria.com.br\/noticias\/economia\/depois-de-quatro-meses-pequena-industria-volta-a-demonstrar-confianca-aponta-cni\/\" style=\"color:blue; text-decoration:underline\"><span style=\"font-size:14.0pt\">Depois de quatro meses, pequena ind&uacute;stria volta a demonstrar confian&ccedil;a, aponta CNI<\/span><\/a><\/span><\/span><\/span><\/p>\r\n\r\n<p style=\"text-align:justify\"><span style=\"font-size:11pt\"><span style=\"line-height:normal\"><span style=\"font-family:Calibri,sans-serif\"><a href=\"https:\/\/grandesconstrucoes.com.br\/Noticias\/Exibir\/apos-20-meses-atividade-da-industria-da-construcao-avanca?utm_source=akna&amp;utm_medium=email&amp;utm_campaign=Grandes-Construcoes-Informativo-926-22-08-2024&amp;utm_source=akna&amp;utm_medium=email&amp;utm_campaign=Grandes-Construcoes-Informativo-926-22-08-2024\" style=\"color:blue; text-decoration:underline\"><span style=\"font-size:14.0pt\">Ap&oacute;s 20 meses, atividade da ind&uacute;stria da constru&ccedil;&atilde;o avan&ccedil;a<\/span><\/a><\/span><\/span><\/span><\/p>\r\n\r\n<p style=\"text-align:justify\"><span style=\"font-size:11pt\"><span style=\"line-height:normal\"><span style=\"font-family:Calibri,sans-serif\"><a href=\"https:\/\/grandesconstrucoes.com.br\/Noticias\/Exibir\/setor-de-saneamento-acelera-em-alcancar-meta-do-marco-legal?utm_source=akna&amp;utm_medium=email&amp;utm_campaign=Grandes-Construcoes-Informativo-926-22-08-2024&amp;utm_source=akna&amp;utm_medium=email&amp;utm_campaign=Grandes-Construcoes-Informativo-926-22-08-2024\" style=\"color:blue; text-decoration:underline\"><span style=\"font-size:14.0pt\">Setor de saneamento acelera em alcan&ccedil;ar meta do marco legal<\/span><\/a><\/span><\/span><\/span><\/p>\r\n\r\n<p style=\"text-align:justify\"><span style=\"font-size:11pt\"><span style=\"line-height:normal\"><span style=\"font-family:Calibri,sans-serif\"><a href=\"https:\/\/noticias.portaldaindustria.com.br\/noticias\/politica-industrial\/nova-industria-brasil-ganha-reforco-financeiro-de-r-427-bilhoes\/\" style=\"color:blue; text-decoration:underline\"><span style=\"font-size:14.0pt\">Nova Ind&uacute;stria Brasil ganha refor&ccedil;o financeiro de R$ 42,7 bilh&otilde;es<\/span><\/a><\/span><\/span><\/span><\/p>\r\n\r\n<p style=\"text-align:justify\"><span style=\"font-size:11pt\"><span style=\"line-height:normal\"><span style=\"font-family:Calibri,sans-serif\"><a href=\"https:\/\/www.bol.uol.com.br\/noticias\/2024\/08\/21\/utilizacao-de-capacidade-instalada-da-industria-quimica-atinge-63-no-1-semestre-diz-abiquim.htm\" style=\"color:blue; text-decoration:underline\"><span style=\"font-size:14.0pt\">Utiliza&ccedil;&atilde;o de capacidade instalada da ind&uacute;stria qu&iacute;mica atinge 63% no 1&ordm; semestre, diz Abiquim<\/span><\/a><\/span><\/span><\/span><\/p>\r\n\r\n<p style=\"text-align:justify\"><span style=\"font-size:11pt\"><span style=\"line-height:normal\"><span style=\"font-family:Calibri,sans-serif\"><a href=\"https:\/\/mkto-ab220141.com\/NzUzLVJJUS00MzgAAAGVK5VCmM3YnxnrOJoZA7cSHM6G61_T0nPBDKHi22b9Kh6PAy5BajZo1jD4Ej4r7hNwoLxX49I=\" style=\"color:blue; text-decoration:underline\"><span lang=\"EN-US\" style=\"font-size:14.0pt\">Ready for the next pandemic?<\/span><\/a><\/span><\/span><\/span><\/p>\r\n\r\n<p style=\"text-align:justify\"><span style=\"font-size:28pt\"><span style=\"font-family:Cambria,serif\"><span style=\"letter-spacing:-0.5pt\"><b><span lang=\"EN-US\" style=\"font-size:18.0pt\"><span style=\"font-family:&quot;Calibri&quot;,sans-serif\"><span style=\"font-variant:small-caps\">Sustentabilidade<\/span><\/span><\/span><\/b><\/span><\/span><\/span><\/p>\r\n\r\n<p style=\"text-align:justify\"><span style=\"font-size:11pt\"><span style=\"line-height:normal\"><span style=\"font-family:Calibri,sans-serif\"><a href=\"https:\/\/phys.org\/news\/2024-08-experts-global-plastic-treaty.html?utm_source=nwletter&amp;utm_medium=email&amp;utm_campaign=daily-nwletter\" style=\"color:blue; text-decoration:underline\"><span lang=\"EN-US\" style=\"font-size:14.0pt\">Experts meet as final global plastic treaty talks near<\/span><\/a><\/span><\/span><\/span><\/p>\r\n\r\n<p style=\"text-align:justify\"><span style=\"font-size:11pt\"><span style=\"line-height:normal\"><span style=\"font-family:Calibri,sans-serif\"><a href=\"https:\/\/epbr.com.br\/lula-barroso-pacheco-e-lira-assinam-pacto-para-avancar-com-mercado-de-carbono-e-biocombustiveis\/?utm_source=newsletters+epbr&amp;utm_campaign=c321e2a431-epbr-comece-seu-dia_20230724_COPY_01&amp;utm_medium=email&amp;utm_term=0_5931171aac-c321e2a431-466362780\" style=\"color:blue; text-decoration:underline\"><span style=\"font-size:14.0pt\">Lula, Barroso, Pacheco e Lira assinam pacto para avan&ccedil;ar com mercado de carbono e biocombust&iacute;veis<\/span><\/a><\/span><\/span><\/span><\/p>\r\n\r\n<p style=\"text-align:justify\"><span style=\"font-size:11pt\"><span style=\"line-height:normal\"><span style=\"font-family:Calibri,sans-serif\"><a href=\"https:\/\/noticias.portaldaindustria.com.br\/noticias\/sustentabilidade\/atencao-industria-inscreva-sua-acao-de-economia-circular-em-chamada-da-cni-e-da-fiesp\/\" style=\"color:blue; text-decoration:underline\"><span style=\"font-size:14.0pt\">Aten&ccedil;&atilde;o, ind&uacute;stria: inscreva sua a&ccedil;&atilde;o de economia circular em chamada da CNI e da FIESP<\/span><\/a><\/span><\/span><\/span><\/p>\r\n\r\n<p style=\"text-align:justify\"><span style=\"font-size:28pt\"><span style=\"font-family:Cambria,serif\"><span style=\"letter-spacing:-0.5pt\"><b><span style=\"font-size:18.0pt\"><span style=\"font-family:&quot;Calibri&quot;,sans-serif\"><span style=\"font-variant:small-caps\">Inova&ccedil;&atilde;o<\/span><\/span><\/span><\/b><\/span><\/span><\/span><\/p>\r\n\r\n<p style=\"text-align:justify\"><span style=\"font-size:11pt\"><span style=\"line-height:normal\"><span style=\"font-family:Calibri,sans-serif\"><a href=\"https:\/\/agenciasebrae.com.br\/economia-e-politica\/nova-politica-industrial-preve-investimentos-na-ciencia-em-prol-da-inovacao\/\" style=\"color:blue; text-decoration:underline\"><span style=\"font-size:14.0pt\">Nova pol&iacute;tica industrial prev&ecirc; investimentos na ci&ecirc;ncia em prol da inova&ccedil;&atilde;o<\/span><\/a><\/span><\/span><\/span><\/p>\r\n\r\n<p style=\"text-align:justify\"><span style=\"font-size:11pt\"><span style=\"line-height:normal\"><span style=\"font-family:Calibri,sans-serif\"><a href=\"https:\/\/www.gov.br\/mcti\/pt-br\/acompanhe-o-mcti\/noticias\/2024\/08\/vinculada-do-mcti-impulsionou-2-7-mil-projetos-de-pesquisa-e-inovacao-na-industria\" style=\"color:blue; text-decoration:underline\"><span style=\"font-size:14.0pt\">Vinculada do MCTI impulsionou 2,7 mil projetos de pesquisa e inova&ccedil;&atilde;o na ind&uacute;stria<\/span><\/a><\/span><\/span><\/span><\/p>\r\n\r\n<p style=\"text-align:justify\"><span style=\"font-size:11pt\"><span style=\"line-height:normal\"><span style=\"font-family:Calibri,sans-serif\"><a href=\"https:\/\/olhardigital.com.br\/2024\/08\/26\/ciencia-e-espaco\/plastico-vivo-100-biodegradavel-e-feito-de-bacterias\/\" style=\"color:blue; text-decoration:underline\"><span style=\"font-size:14.0pt\">&lsquo;Pl&aacute;stico vivo&rsquo; 100% biodegrad&aacute;vel &eacute; feito de bact&eacute;rias<\/span><\/a><\/span><\/span><\/span><\/p>\r\n\r\n<p style=\"text-align:justify\"><span style=\"font-size:11pt\"><span style=\"line-height:normal\"><span style=\"font-family:Calibri,sans-serif\"><a href=\"https:\/\/www.inovacaotecnologica.com.br\/noticias\/noticia.php?artigo=tecido-robotico-macio-oferece-protecao-conforto-temperaturas-extremas&amp;id=010180240826&amp;ebol=sim\" style=\"color:blue; text-decoration:underline\"><span style=\"font-size:14.0pt\">Tecido rob&oacute;tico macio oferece prote&ccedil;&atilde;o e conforto em temperaturas extremas<\/span><\/a><\/span><\/span><\/span><\/p>\r\n\r\n<p style=\"text-align:justify\"><span style=\"font-size:11pt\"><span style=\"line-height:normal\"><span style=\"font-family:Calibri,sans-serif\"><a href=\"https:\/\/phys.org\/news\/2024-08-bacteria-thermally-stable-plastics-similar.html?utm_source=nwletter&amp;utm_medium=email&amp;utm_campaign=daily-nwletter\" style=\"color:blue; text-decoration:underline\"><span lang=\"EN-US\" style=\"font-size:14.0pt\">Bacteria make thermally stable plastics similar to polystyrene and PET for the first time<\/span><\/a><\/span><\/span><\/span><\/p>\r\n\r\n<p style=\"text-align:justify\"><span style=\"font-size:28pt\"><span style=\"font-family:Cambria,serif\"><span style=\"letter-spacing:-0.5pt\"><b><span style=\"font-size:18.0pt\"><span style=\"font-family:&quot;Calibri&quot;,sans-serif\"><span style=\"font-variant:small-caps\">Com&eacute;rcio Exterior<\/span><\/span><\/span><\/b><\/span><\/span><\/span><\/p>\r\n\r\n<p style=\"text-align:justify\"><span style=\"font-size:11pt\"><span style=\"line-height:normal\"><span style=\"font-family:Calibri,sans-serif\"><a href=\"https:\/\/static.portaldaindustria.com.br\/media\/filer_public\/3c\/45\/3c457bc8-361e-4145-a24c-640256a7239b\/ex_ipc_24-027_mercosul_reuniao_grelex.pdf\" style=\"color:blue; text-decoration:underline\"><span style=\"font-size:14.0pt\">XXIV Reuni&atilde;o do Grupo de Relacionamento Externo do MERCOSUL<\/span><\/a><\/span><\/span><\/span><\/p>\r\n\r\n<p style=\"text-align:justify\"><span style=\"font-size:11pt\"><span style=\"line-height:normal\"><span style=\"font-family:Calibri,sans-serif\"><a href=\"https:\/\/anba.com.br\/brasil-faz-mudancas-no-processo-de-importacao\/\" style=\"color:blue; text-decoration:underline\"><span style=\"font-size:14.0pt\">Brasil faz mudan&ccedil;as no processo de importa&ccedil;&atilde;o<\/span><\/a><\/span><\/span><\/span><\/p>\r\n\r\n<p style=\"text-align:justify\"><span style=\"font-size:11pt\"><span style=\"line-height:normal\"><span style=\"font-family:Calibri,sans-serif\"><a href=\"https:\/\/comexdobrasil.com\/balanca-comercial-tem-superavit-de-us-137-bilhao-na-terceira-semana-de-agosto\/\" style=\"color:blue; text-decoration:underline\"><span style=\"font-size:14.0pt\">Balan&ccedil;a comercial tem super&aacute;vit de US$ 1,37 bilh&atilde;o na terceira semana de agosto<\/span><\/a><\/span><\/span><\/span><\/p>\r\n\r\n<p style=\"text-align:justify\"><span style=\"font-size:28pt\"><span style=\"font-family:Cambria,serif\"><span style=\"letter-spacing:-0.5pt\"><b><span style=\"font-size:18.0pt\"><span style=\"font-family:&quot;Calibri&quot;,sans-serif\"><span style=\"font-variant:small-caps\">Economia<\/span><\/span><\/span><\/b><\/span><\/span><\/span><\/p>\r\n\r\n<p style=\"text-align:justify\"><span style=\"font-size:11pt\"><span style=\"line-height:normal\"><span style=\"font-family:Calibri,sans-serif\"><a href=\"https:\/\/www.bcb.gov.br\/content\/focus\/focus\/R20240823.pdf\" style=\"color:blue; text-decoration:underline\"><span style=\"font-size:14.0pt\">Focus - Relat&oacute;rio de Mercado<\/span><\/a><\/span><\/span><\/span><\/p>\r\n\r\n<p style=\"text-align:justify\"><span style=\"font-size:11pt\"><span style=\"line-height:normal\"><span style=\"font-family:Calibri,sans-serif\"><a href=\"https:\/\/portal.fgv.br\/artigos\/reforma-tributaria-brasil-afinal-imposto-e-roubo\" style=\"color:blue; text-decoration:underline\"><span style=\"font-size:14.0pt\">Reforma tribut&aacute;ria no Brasil: afinal, imposto &eacute; roubo?<\/span><\/a><\/span><\/span><\/span><\/p>\r\n\r\n<p style=\"text-align:justify\"><span style=\"font-size:11pt\"><span style=\"line-height:normal\"><span style=\"font-family:Calibri,sans-serif\"><a href=\"https:\/\/www.fibre2fashion.com\/news\/textile-news\/us-faces-economic-slowdown-lagging-impact-of-high-interest-rates-297307-newsdetails.htm\" style=\"color:blue; text-decoration:underline\"><span lang=\"EN-US\" style=\"font-size:14.0pt\">US faces economic slowdown: Lagging impact of high interest rates<\/span><\/a><\/span><\/span><\/span><\/p>\r\n\r\n<p style=\"text-align:justify\"><img src=\"https:\/\/www.abint.org.br\/assets\/img\/editor\/redes-sociais-abint-ctg-cth_202406041400398QFSSawN2a.jpg\" \/><span style=\"font-size:11pt\"><span style=\"line-height:normal\"><span style=\"font-family:Calibri,sans-serif\"> <\/span><\/span><\/span><\/p>\r\n","6":"<p style=\"text-align:justify\"><span style=\"font-size:11pt\"><span style=\"line-height:normal\"><span style=\"font-family:Calibri,sans-serif\"><span style=\"font-size:14.0pt\">Esta &eacute; uma compila&ccedil;&atilde;o das not&iacute;cias mais relevantes para o setor, incluindo informa&ccedil;&otilde;es sobre acordos internacionais, economia brasileira, sustentabilidade e mat&eacute;rias primas, al&eacute;m de novidades do setor de N&atilde;otecidos e Tecidos T&eacute;cnicos.<\/span><\/span><\/span><\/span><\/p>\r\n\r\n<p style=\"text-align:justify\"><span style=\"font-size:28pt\"><span style=\"font-family:Cambria,serif\"><span style=\"letter-spacing:-0.5pt\"><b><span style=\"font-size:18.0pt\"><span style=\"font-family:&quot;Calibri&quot;,sans-serif\"><span style=\"font-variant:small-caps\">O que vem por a&iacute;<\/span><\/span><\/span><\/b><\/span><\/span><\/span><\/p>\r\n\r\n<p><b><img src=\"https:\/\/www.abint.org.br\/assets\/img\/editor\/logo-ctg-abint-png_20240718120356AYjq6yKWjI.png\" style=\"width: 300px; height: 55px;\" \/><\/b><\/p>\r\n\r\n<p>&nbsp;<\/p>\r\n\r\n<p><b><img src=\"https:\/\/www.abint.org.br\/assets\/img\/editor\/20240924-cobramseg-2024_20240718120541ztVNeqlLuA.png\" \/><\/b><\/p>\r\n\r\n<p><b>O CTG ABINT &eacute; um dos patrocinadores da 21&ordf; edi&ccedil;&atilde;o do Cobramseg &ndash; Congresso Brasileiro de Mec&acirc;nica dos Solos e Engenharia Geot&eacute;cnica.<\/b><\/p>\r\n\r\n<p>&ldquo;<i>Nos reunimos para celebrar a Mec&acirc;nica dos Solos e das Rochas, da GeoEngenharia! Academia, Ind&uacute;stria e &Oacute;rg&atilde;os Gestores unidos para expor seus avan&ccedil;os t&eacute;cnicos e cient&iacute;ficos. Um ambiente rico e diverso que nos permite debater solu&ccedil;&otilde;es e a&ccedil;&otilde;es de forma a fortalecer nossa comunidade geot&eacute;cnica, visando proporcionar um desenvolvimento mais sustent&aacute;vel e seguro para a nossa sociedade<\/i>.&rdquo; V&iacute;tor Pereira Faro, Presidente do COBRAMSEG 2024<\/p>\r\n\r\n<p><a href=\"http:\/\/www.cobramseg.com.br\/\">www.cobramseg.com.br<\/a><\/p>\r\n\r\n<p>&nbsp;<\/p>\r\n\r\n<p><b><img src=\"https:\/\/www.abint.org.br\/assets\/img\/editor\/fenasan-2024_202407181205570iB7KW1OZ4.jpg\" \/><\/b><\/p>\r\n\r\n<p>O&nbsp;<b>CTG ABINT apoia a Feira Nacional de Saneamento e Meio Ambiente &ndash; Fenasan e do 35&ordm; Encontro T&eacute;cnico AESabesp, que ocorrer&atilde;o de 22 a 24 de outubro de 2024<\/b>, no Pavilh&atilde;o Verde e Vermelho, no Expo Center Norte, em S&atilde;o Paulo. Trata-se do maior evento de saneamento da Am&eacute;rica Latin. A realiza&ccedil;&atilde;o &eacute; da AESabesp &ndash; Associa&ccedil;&atilde;o dos Engenheiros da Sabesp.<\/p>\r\n\r\n<p><i>O tema central desta edi&ccedil;&atilde;o &eacute; &ldquo;Saneamento ambiental: condi&ccedil;&atilde;o fundamental para o enfrentamento das mudan&ccedil;as clim&aacute;ticas&rdquo;. Com um p&uacute;blico tradicionalmente de 22 mil visitantes e alinhada aos ODS &ndash; Objetivos de Desenvolvimento Sustent&aacute;vel estabelecidos pela ONU e aos conceitos de ESG, a edi&ccedil;&atilde;o 2024 continuar&aacute; ampliando o di&aacute;logo em torno das quest&otilde;es de saneamento ambiental, meio ambiente e sustentabilidade e promovendo o compartilhamento de conhecimento altamente qualificado.<\/i><\/p>\r\n\r\n<p><a href=\"http:\/\/www.fenasan.com.br\/\">www.fenasan.com.br<\/a><\/p>\r\n\r\n<p>&nbsp;<\/p>\r\n\r\n<p><b><img src=\"https:\/\/www.abint.org.br\/assets\/img\/editor\/cth-logo-alta-jpg_2024071812065399MMBUXZze.jpg\" style=\"width: 300px; height: 68px;\" \/><\/b><\/p>\r\n\r\n<p><b><img src=\"https:\/\/www.abint.org.br\/assets\/img\/editor\/hospitalmed-2024-logo_20240718120628FoV3In8yB5.png\" style=\"width: 500px; height: 448px;\" \/><\/b><\/p>\r\n\r\n<p>&nbsp;<\/p>\r\n\r\n<p><b>O CTH ABINT &eacute; um dos patrocinadores da HospitalMed 2024.<\/b><\/p>\r\n\r\n<p>&ldquo;<i>A melhor e Mais Completa Feira de Sa&uacute;de do Norte\/Nordeste<\/i>&rdquo;, &eacute; uma realiza&ccedil;&atilde;o da HospitalMed Feiras &amp; Eventos e da Insight Feiras de Neg&oacute;cios.<\/p>\r\n\r\n<p><i>&ldquo;O&nbsp;<b>re&uacute;ne toda a cadeia produtiva do setor de sa&uacute;de das regi&otilde;es Norte\/Nordeste<\/b>. &Eacute; o grande encontro de fornecedores de Produtos, Equipamentos, Servi&ccedil;os, Tecnologia e Conte&uacute;do para Hospitais, Laborat&oacute;rios, Farm&aacute;cias, Cl&iacute;nicas, Consult&oacute;rios e Profissionais da Sa&uacute;de&rdquo;.<\/i><\/p>\r\n\r\n<p><a href=\"http:\/\/www.hospitalmed.com.br\/\">www.hospitalmed.com.br<\/a><\/p>\r\n\r\n<p class=\"MsoTitle\" style=\"text-align:justify\"><span style=\"font-size:28pt\"><span style=\"font-family:Cambria,serif\"><span style=\"letter-spacing:-0.5pt\"><b><span style=\"font-size:18.0pt\"><span style=\"font-family:&quot;Calibri&quot;,sans-serif\"><span style=\"font-variant:small-caps\">Not&iacute;cias das Associadas<\/span><\/span><\/span><\/b><\/span><\/span><\/span><\/p>\r\n\r\n<p style=\"text-align:justify\"><span style=\"font-size:11pt\"><span style=\"line-height:normal\"><span style=\"font-family:Calibri,sans-serif\"><a href=\"https:\/\/www.nonwovens-industry.com\/contents\/view_breaking-news\/2024-08-21\/andritz-to-exhibit-nonwoven-technologies-at-cinte-2024\/15303\" style=\"color:blue; text-decoration:underline\"><span lang=\"ES-AR\" style=\"font-size:14.0pt\">Andritz to Exhibit Nonwoven Technologies at CINTE 2024<\/span><\/a><\/span><\/span><\/span><\/p>\r\n\r\n<p style=\"text-align:justify\"><span style=\"font-size:11pt\"><span style=\"line-height:normal\"><span style=\"font-family:Calibri,sans-serif\"><a href=\"https:\/\/www.nonwovens-industry.com\/contents\/view_breaking-news\/2024-08-20\/freudenberg-to-showcase-sustainable-innovations-at-fachpack-2024\/15303\" style=\"color:blue; text-decoration:underline\"><span lang=\"ES-AR\" style=\"font-size:14.0pt\">Freudenberg to Showcase Sustainable Innovations at Fachpack 2024<\/span><\/a><\/span><\/span><\/span><\/p>\r\n\r\n<p style=\"text-align:justify\">&nbsp;<\/p>\r\n\r\n<p style=\"text-align:justify\"><span style=\"font-size:11pt\"><span style=\"line-height:normal\"><span style=\"font-family:Calibri,sans-serif\"><b><span style=\"font-size:18.0pt\"><span style=\"font-variant:small-caps\">Eventos<\/span><\/span><\/b><\/span><\/span><\/span><\/p>\r\n\r\n<p style=\"text-align:justify\"><span style=\"font-size:11pt\"><span style=\"line-height:normal\"><span style=\"font-family:Calibri,sans-serif\"><a href=\"https:\/\/www.conceitoseminarios.com.br\/seminario\/6-forum-novo-marco-do-saneamento\/\" style=\"color:blue; text-decoration:underline\"><b><span style=\"font-size:14.0pt\">6&ordm; F&oacute;rum Novo Marco do Saneamento<\/span><\/b><\/a><span style=\"font-size:14.0pt\">, 29 de agosto de 2024, 08h30 &agrave;s 18h00, Hotel Meli&aacute; Jardim Europa, Rua Jo&atilde;o Cachoeira, 107, Itaim Bibi, S&atilde;o Paulo<\/span><\/span><\/span><\/span><\/p>\r\n\r\n<p style=\"text-align:justify\"><span style=\"font-size:11pt\"><span style=\"line-height:normal\"><span style=\"font-family:Calibri,sans-serif\"><a href=\"https:\/\/abihpec.org.br\/mercado\/papo-de-mercado-abihpec\/\" style=\"color:blue; text-decoration:underline\"><b><span style=\"font-size:14.0pt\">Papo de Mercado ABIHPEC<\/span><\/b><\/a><span style=\"font-size:14.0pt\">, 02, 09, 16, 23e 30 de setembro de 2024, 10h00 &agrave;s 12h00<\/span><\/span><\/span><\/span><\/p>\r\n\r\n<p style=\"text-align:justify\"><span style=\"font-size:11pt\"><span style=\"line-height:normal\"><span style=\"font-family:Calibri,sans-serif\"><a href=\"https:\/\/forms.office.com\/pages\/responsepage.aspx?id=ZjE1m1sz9EGFRtoQKEEeDjGnaHPnDZ5AlM2BzPmV-z9UOVZGOU5PWUdFVFJZUklKSU4zT1paTEMwMi4u&amp;utm_campaign=emkt_liga_de_descarbonizacao&amp;utm_medium=email&amp;utm_source=RD+Station&amp;route=shorturl\" style=\"color:blue; text-decoration:underline\"><b><span style=\"font-size:14.0pt\">Evento de lan&ccedil;amento: Liga de Descarboniza&ccedil;&atilde;o da Abit<\/span><\/b><\/a><span style=\"font-size:14.0pt\">, 05 de setembro de 2024, 10h30 e 11h30<\/span><\/span><\/span><\/span><\/p>\r\n\r\n<p style=\"text-align:justify\"><span style=\"font-size:11pt\"><span style=\"line-height:normal\"><span style=\"font-family:Calibri,sans-serif\"><a href=\"https:\/\/forms.office.com\/pages\/responsepage.aspx?id=3qZIQdENBE2kxXjjdOT21uUjVaRTFXRIg1ryR0EvOOVURTk2Mk9IRFJMQ0o0TUNRWUFFUVQyQk5XMC4u&amp;utm_campaign=reenvio_encontro_de_desenvolvimento_industrial_no_setor_textil&amp;utm_medium=email&amp;utm_source=RD+Station\" style=\"color:blue; text-decoration:underline\"><b><span style=\"font-size:14.0pt\">SENAI Americana | Encontro de Desenvolvimento Industrial no Setor T&ecirc;xtil<\/span><\/b><\/a><span style=\"font-size:14.0pt\">, 10 de setembro de 2024, 08h00 &agrave;s <\/span><\/span><\/span><\/span><\/p>\r\n\r\n<p style=\"text-align:justify\"><span style=\"font-size:11pt\"><span style=\"line-height:normal\"><span style=\"font-family:Calibri,sans-serif\"><a href=\"https:\/\/www.recy-plastech.com\/\" style=\"color:blue; text-decoration:underline\"><b><span style=\"font-size:14.0pt\">Recy-Plastech 2024 &ndash; Semin&aacute;rio Internacional de Sustentabilidade e Reciclagem de Pl&aacute;sticos<\/span><\/b><\/a><span style=\"font-size:14.0pt\">, 11 e 12 de setembro de 2024, Milenium Centro de Conven&ccedil;&otilde;es, Rua Dr. Bacelar, 1.043, Vila Clementino, S&atilde;o Paulo, SP<\/span><\/span><\/span><\/span><\/p>\r\n\r\n<p style=\"text-align:justify\"><span style=\"font-size:11pt\"><span style=\"line-height:normal\"><span style=\"font-family:Calibri,sans-serif\"><a href=\"https:\/\/cbplastico.com.br\/2024\/\" style=\"color:blue; text-decoration:underline\"><b><span style=\"font-size:14.0pt\">5&ordm; Congresso Brasileiro do Pl&aacute;stico<\/span><\/b><\/a><span style=\"font-size:14.0pt\">, 12 de setembro de 2024, evento h&iacute;brido, Casa Bisutti, Rua Casa do Ator, 577, Vila Ol&iacute;mpia, S&atilde;o Paulo, SP<\/span><\/span><\/span><\/span><\/p>\r\n\r\n<p style=\"text-align:justify\"><span style=\"font-size:11pt\"><span style=\"line-height:normal\"><span style=\"font-family:Calibri,sans-serif\"><a href=\"https:\/\/www.aatcc.org\/summit\/\" style=\"color:blue; text-decoration:underline\"><b><span lang=\"EN-US\" style=\"font-size:14.0pt\">AATCC&#39;s Textile Discovery Summit<\/span><\/b><\/a><span lang=\"EN-US\" style=\"font-size:14.0pt\">, 6 a 8 de outubro de 2024, The Westin Savannah Harbor&nbsp;<\/span><\/span><\/span><\/span><span style=\"font-size:11pt\"><span style=\"line-height:normal\"><span style=\"font-family:Calibri,sans-serif\"><span style=\"font-size:14.0pt\">1 Resort Drive, Savannah, Ge&oacute;rgia, EUA<\/span><\/span><\/span><\/span><\/p>\r\n\r\n<p style=\"text-align:justify\"><span style=\"font-size:11pt\"><span style=\"line-height:normal\"><span style=\"font-family:Calibri,sans-serif\"><a href=\"http:\/\/www.fenasan.com.br\" style=\"color:blue; text-decoration:underline\"><b><span style=\"font-size:14.0pt\">Fenasan 2024 &ndash; Feira Nacional de Saneamento e Meio Ambiente<\/span><\/b><\/a><span style=\"font-size:14.0pt\">, 22 a 24 de outubro de 2024, Pavilh&otilde;es Verde e Vermelho, Expo Center Norte, S&atilde;o Paulo SP<\/span><\/span><\/span><\/span><\/p>\r\n\r\n<p style=\"text-align:justify\"><span style=\"font-size:11pt\"><span style=\"line-height:normal\"><span style=\"font-family:Calibri,sans-serif\"><a href=\"http:\/\/www.hospitalmed.com.br\" style=\"color:blue; text-decoration:underline\"><b><span style=\"font-size:14.0pt\">HospitalMed 2024<\/span><\/b><\/a><span style=\"font-size:14.0pt\">, 23 a 25 de outubro, das 14h &agrave;s 20h, no Pernambuco Centro de Conven&ccedil;&otilde;es<\/span><\/span><\/span><\/span><\/p>\r\n\r\n<p style=\"text-align:justify\"><span style=\"font-size:11pt\"><span style=\"line-height:normal\"><span style=\"font-family:Calibri,sans-serif\"><a href=\"https:\/\/www.abnteducacao.com.br\/Simbologia_de_cuidados_aplicada_a_Etiquetagem_de_Texteis_ABNT_NBR_NM_ISO_3758\" style=\"color:blue; text-decoration:underline\"><b><span style=\"font-size:14.0pt\">Simbologia de cuidados aplicada a Etiquetagem de T&ecirc;xteis<\/span><\/b><\/a><span style=\"font-size:14.0pt\">, 23 e 24 de outubro de 2024, 8h30 &agrave;s 17h30, evento online<\/span><\/span><\/span><\/span><\/p>\r\n\r\n<p style=\"text-align:justify\"><span style=\"font-size:11pt\"><span style=\"line-height:normal\"><span style=\"font-family:Calibri,sans-serif\"><a href=\"https:\/\/b20brazil.org\/#msdynttrid=6zt-Ug2nJO0FDfhoU9K0en-twuGAoU5aPF8EQm7neRo\" style=\"color:blue; text-decoration:underline\"><b><span lang=\"EN-US\" style=\"font-size:14.0pt\">B20 Summit Brasil 2024 - Inclusive Growth for a Sustainable Future<\/span><\/b><\/a><span lang=\"EN-US\" style=\"font-size:14.0pt\">, October 24th - 25th, 2024, Clube Atl&eacute;tico Monte L&iacute;bano, S&atilde;o Paulo, SP<\/span><\/span><\/span><\/span><\/p>\r\n\r\n<p style=\"text-align:justify\"><span style=\"font-size:11pt\"><span style=\"line-height:normal\"><span style=\"font-family:Calibri,sans-serif\"><a href=\"http:\/\/www.congressoabit.com.br\" style=\"color:blue; text-decoration:underline\"><b><span style=\"font-size:14.0pt\">Congresso Internacional Abit 2024<\/span><\/b><\/a><span style=\"font-size:14.0pt\">, 30 e 31 de outubro, Salvador, Bahia<\/span><\/span><\/span><\/span><\/p>\r\n\r\n<p style=\"text-align:justify\"><span style=\"font-size:11pt\"><span style=\"line-height:normal\"><span style=\"font-family:Calibri,sans-serif\"><a href=\"https:\/\/www.fimec.com.br\/\" style=\"color:blue; text-decoration:underline\"><b><span style=\"font-size:14.0pt\">Fimec 2025<\/span><\/b><\/a><span style=\"font-size:14.0pt\">, 18 a 20 de mar&ccedil;o, Fenac, Novo Hamburgo, RS<\/span><\/span><\/span><\/span><\/p>\r\n\r\n<p style=\"text-align:justify\"><span style=\"font-size:28pt\"><span style=\"font-family:Cambria,serif\"><span style=\"letter-spacing:-0.5pt\"><b><span lang=\"EN-US\" style=\"font-size:18.0pt\"><span style=\"font-family:&quot;Calibri&quot;,sans-serif\"><span style=\"font-variant:small-caps\">Setor<\/span><\/span><\/span><\/b><\/span><\/span><\/span><\/p>\r\n\r\n<p style=\"text-align:justify\"><span style=\"font-size:11pt\"><span style=\"line-height:normal\"><span style=\"font-family:Calibri,sans-serif\"><a href=\"https:\/\/phys.org\/news\/2024-08-silica-nonwoven-fabric-scaffold-cell.html?utm_source=nwletter&amp;utm_medium=email&amp;utm_campaign=daily-nwletter\" style=\"color:blue; text-decoration:underline\"><span lang=\"EN-US\" style=\"font-size:14.0pt\">Novel silica nonwoven fabric scaffold enhances understanding of cell-to-cell interactions<\/span><\/a><\/span><\/span><\/span><\/p>\r\n\r\n<p style=\"text-align:justify\"><span style=\"font-size:11pt\"><span style=\"line-height:normal\"><span style=\"font-family:Calibri,sans-serif\"><a href=\"https:\/\/plasticosemrevista.com.br\/pp-e-pe-guinada-demografica-alonga-excedente-mundial\/\" style=\"color:blue; text-decoration:underline\"><span style=\"font-size:14.0pt\">PP e PE: guinada demogr&aacute;fica alonga excedente mundial<\/span><\/a><\/span><\/span><\/span><\/p>\r\n\r\n<p style=\"text-align:justify\"><span style=\"font-size:11pt\"><span style=\"line-height:normal\"><span style=\"font-family:Calibri,sans-serif\"><a href=\"https:\/\/t.rdsv2.net\/ls\/click?upn=u001.SJ-2BHbcLStyE5mTD5OK48sq2JxFfkhvQ6eAz6nLBcupUOwY5dJH32nVrcrxbhAu-2BURafqMD05MIjZoQc7jvsgeV4BAOh0vT1A48lILSll4wN6-2F02VnRjWhPYk0sRjI8hUae8WNZf2yvYATsg3OMyBp4OEnagJ6nUL3Xsi9xmxqYNcJWb6IzwBaMVw8sGgDoQRa4SsKp4TwYb9NTkVp4p0lcOL2aZt-2FIBvNdf1eJrLObIm-2FdnWxAQ-2BTVDJ6OlTik0h1IGz-2FOqmrJXXK4N5YMYCww-3D-3Donq1_T7N8BvZTOm04CQQMiyWztrpCjlUrRc4F7QzSgUIpTqB5Yk-2Bt7YhUyk7lZRXmbFFsi-2Foe1q0kuwsCjfsBOqL9ZeKwOqG7ApazixuGEP6Z5SJuFg5bm15p-2FcAKNI6-2BqjB-2BOSvU0gRt1fPukzyKo0teO6D9c1F-2B5iP-2FhBQA5rn5B04etv518sxCHH8a-2FlHnehdb61M83R3ZR23ZaeBRgDemsRcSX7goRCrdldPrSbhVn0rXjNXyuzPL0i3MQdLKAChbXE-2FQ5WpHWTMXnVXRVmi0OSzo4N-2Bgue63nd6xZiKG5-2Fr-2Bmsik0rP68PcGUlIj5R8nb14ZO7C4HHo5w6s9Kcs-2BN2qvCkK9UqgW97bdWsPSgvxPTp8JFfe-2B-2BCr7AJL5aNXDYw-2BqHz1uCaCDnU2Cc-2B94BvG5WTYlfnPM8HHIyOVjmEjSbNNsVQmGapJyn5VQn3HBy0HlBLIP9PyP3lDysH2113KR5VcnFZK-2BouR-2FW2X3Z184vsa-2Byy9ULKOG305UYpGdn9W-2FwQSPi7nTLvcCm1To6oe5z5RLfdw8oEbC58XSD1y5oS49Da7bLGMzfCt0AiKrkNDe1WYVMBXpQnrzIyHsNW7Nh-2BREwwBPbO57msVLXxjpBSixf1SPQWOAJWoU3CCSzR-2BARYuQ0vqGTgTIxqIQng-3D-3D\" style=\"color:blue; text-decoration:underline\"><span style=\"font-size:14.0pt\">Governo do Acre distribui absorventes menstruais em escolas de Rio Branco<\/span><\/a><\/span><\/span><\/span><\/p>\r\n\r\n<p style=\"text-align:justify\"><span style=\"font-size:11pt\"><span style=\"line-height:normal\"><span style=\"font-family:Calibri,sans-serif\"><a href=\"https:\/\/www.mobiauto.com.br\/revista\/como-o-carro-importado-prejudica-a-economia-do-brasil\/6423#amp_tf=De%20%251%24s&amp;aoh=17243787663754&amp;csi=1&amp;referrer=https%3A%2F%2Fwww.google.com&amp;ampshare=https%3A%2F%2Fwww.mobiauto.com.br%2Frevista%2Fcomo-o-carro-importado-prejudica-a-economia-do-brasil%2F6423\" style=\"color:blue; text-decoration:underline\"><span style=\"font-size:14.0pt\">Como o carro importado prejudica a economia do Brasil<\/span><\/a><\/span><\/span><\/span><\/p>\r\n\r\n<p style=\"text-align:justify\"><span style=\"font-size:11pt\"><span style=\"line-height:normal\"><span style=\"font-family:Calibri,sans-serif\"><a href=\"https:\/\/grandesconstrucoes.com.br\/Noticias\/Exibir\/mantas-de-pvc-trazem-beneficios-na-construcao-civil?utm_source=akna&amp;utm_medium=email&amp;utm_campaign=Grandes-Construcoes-Informativo-926-22-08-2024&amp;utm_source=akna&amp;utm_medium=email&amp;utm_campaign=Grandes-Construcoes-Informativo-926-22-08-2024\" style=\"color:blue; text-decoration:underline\"><span style=\"font-size:14.0pt\">Mantas de PVC trazem benef&iacute;cios na constru&ccedil;&atilde;o civil<\/span><\/a><\/span><\/span><\/span><\/p>\r\n\r\n<p style=\"text-align:justify\"><span style=\"font-size:11pt\"><span style=\"line-height:normal\"><span style=\"font-family:Calibri,sans-serif\"><a href=\"https:\/\/itaqueraemnoticias.com.br\/noticia\/101238\/cadeia-produtiva-do-pvc-assina-termo-de-compromisso-para-substituicao-e-banimento-dos-estabilizantes-de-chumbo-pb-e-cadmio-cd\" style=\"color:blue; text-decoration:underline\"><span style=\"font-size:14.0pt\">Cadeia produtiva do PVC assina Termo de Compromisso para substitui&ccedil;&atilde;o e banimento dos estabilizantes de chumbo (Pb) e c&aacute;dmio (Cd)<\/span><\/a><\/span><\/span><\/span><\/p>\r\n\r\n<p style=\"text-align:justify\"><span style=\"font-size:28pt\"><span style=\"font-family:Cambria,serif\"><span style=\"letter-spacing:-0.5pt\"><b><span style=\"font-size:18.0pt\"><span style=\"font-family:&quot;Calibri&quot;,sans-serif\"><span style=\"font-variant:small-caps\">Ind&uacute;stria<\/span><\/span><\/span><\/b><\/span><\/span><\/span><\/p>\r\n\r\n<p style=\"text-align:justify\"><span style=\"font-size:11pt\"><span style=\"line-height:normal\"><span style=\"font-family:Calibri,sans-serif\"><a href=\"https:\/\/noticias.portaldaindustria.com.br\/noticias\/competitividade\/produtividade-na-industria-cai-em-2024-e-interrompe-ciclo-de-alta-aponta-cni\/\" style=\"color:blue; text-decoration:underline\"><span style=\"font-size:14.0pt\">Produtividade na ind&uacute;stria cai em 2024 e interrompe ciclo de alta, aponta CNI<\/span><\/a><\/span><\/span><\/span><\/p>\r\n\r\n<p style=\"text-align:justify\"><span style=\"font-size:11pt\"><span style=\"line-height:normal\"><span style=\"font-family:Calibri,sans-serif\"><a href=\"https:\/\/noticias.portaldaindustria.com.br\/noticias\/economia\/depois-de-quatro-meses-pequena-industria-volta-a-demonstrar-confianca-aponta-cni\/\" style=\"color:blue; text-decoration:underline\"><span style=\"font-size:14.0pt\">Depois de quatro meses, pequena ind&uacute;stria volta a demonstrar confian&ccedil;a, aponta CNI<\/span><\/a><\/span><\/span><\/span><\/p>\r\n\r\n<p style=\"text-align:justify\"><span style=\"font-size:11pt\"><span style=\"line-height:normal\"><span style=\"font-family:Calibri,sans-serif\"><a href=\"https:\/\/grandesconstrucoes.com.br\/Noticias\/Exibir\/apos-20-meses-atividade-da-industria-da-construcao-avanca?utm_source=akna&amp;utm_medium=email&amp;utm_campaign=Grandes-Construcoes-Informativo-926-22-08-2024&amp;utm_source=akna&amp;utm_medium=email&amp;utm_campaign=Grandes-Construcoes-Informativo-926-22-08-2024\" style=\"color:blue; text-decoration:underline\"><span style=\"font-size:14.0pt\">Ap&oacute;s 20 meses, atividade da ind&uacute;stria da constru&ccedil;&atilde;o avan&ccedil;a<\/span><\/a><\/span><\/span><\/span><\/p>\r\n\r\n<p style=\"text-align:justify\"><span style=\"font-size:11pt\"><span style=\"line-height:normal\"><span style=\"font-family:Calibri,sans-serif\"><a href=\"https:\/\/grandesconstrucoes.com.br\/Noticias\/Exibir\/setor-de-saneamento-acelera-em-alcancar-meta-do-marco-legal?utm_source=akna&amp;utm_medium=email&amp;utm_campaign=Grandes-Construcoes-Informativo-926-22-08-2024&amp;utm_source=akna&amp;utm_medium=email&amp;utm_campaign=Grandes-Construcoes-Informativo-926-22-08-2024\" style=\"color:blue; text-decoration:underline\"><span style=\"font-size:14.0pt\">Setor de saneamento acelera em alcan&ccedil;ar meta do marco legal<\/span><\/a><\/span><\/span><\/span><\/p>\r\n\r\n<p style=\"text-align:justify\"><span style=\"font-size:11pt\"><span style=\"line-height:normal\"><span style=\"font-family:Calibri,sans-serif\"><a href=\"https:\/\/noticias.portaldaindustria.com.br\/noticias\/politica-industrial\/nova-industria-brasil-ganha-reforco-financeiro-de-r-427-bilhoes\/\" style=\"color:blue; text-decoration:underline\"><span style=\"font-size:14.0pt\">Nova Ind&uacute;stria Brasil ganha refor&ccedil;o financeiro de R$ 42,7 bilh&otilde;es<\/span><\/a><\/span><\/span><\/span><\/p>\r\n\r\n<p style=\"text-align:justify\"><span style=\"font-size:11pt\"><span style=\"line-height:normal\"><span style=\"font-family:Calibri,sans-serif\"><a href=\"https:\/\/www.bol.uol.com.br\/noticias\/2024\/08\/21\/utilizacao-de-capacidade-instalada-da-industria-quimica-atinge-63-no-1-semestre-diz-abiquim.htm\" style=\"color:blue; text-decoration:underline\"><span style=\"font-size:14.0pt\">Utiliza&ccedil;&atilde;o de capacidade instalada da ind&uacute;stria qu&iacute;mica atinge 63% no 1&ordm; semestre, diz Abiquim<\/span><\/a><\/span><\/span><\/span><\/p>\r\n\r\n<p style=\"text-align:justify\"><span style=\"font-size:11pt\"><span style=\"line-height:normal\"><span style=\"font-family:Calibri,sans-serif\"><a href=\"https:\/\/mkto-ab220141.com\/NzUzLVJJUS00MzgAAAGVK5VCmM3YnxnrOJoZA7cSHM6G61_T0nPBDKHi22b9Kh6PAy5BajZo1jD4Ej4r7hNwoLxX49I=\" style=\"color:blue; text-decoration:underline\"><span lang=\"EN-US\" style=\"font-size:14.0pt\">Ready for the next pandemic?<\/span><\/a><\/span><\/span><\/span><\/p>\r\n\r\n<p style=\"text-align:justify\"><span style=\"font-size:28pt\"><span style=\"font-family:Cambria,serif\"><span style=\"letter-spacing:-0.5pt\"><b><span lang=\"EN-US\" style=\"font-size:18.0pt\"><span style=\"font-family:&quot;Calibri&quot;,sans-serif\"><span style=\"font-variant:small-caps\">Sustentabilidade<\/span><\/span><\/span><\/b><\/span><\/span><\/span><\/p>\r\n\r\n<p style=\"text-align:justify\"><span style=\"font-size:11pt\"><span style=\"line-height:normal\"><span style=\"font-family:Calibri,sans-serif\"><a href=\"https:\/\/phys.org\/news\/2024-08-experts-global-plastic-treaty.html?utm_source=nwletter&amp;utm_medium=email&amp;utm_campaign=daily-nwletter\" style=\"color:blue; text-decoration:underline\"><span lang=\"EN-US\" style=\"font-size:14.0pt\">Experts meet as final global plastic treaty talks near<\/span><\/a><\/span><\/span><\/span><\/p>\r\n\r\n<p style=\"text-align:justify\"><span style=\"font-size:11pt\"><span style=\"line-height:normal\"><span style=\"font-family:Calibri,sans-serif\"><a href=\"https:\/\/epbr.com.br\/lula-barroso-pacheco-e-lira-assinam-pacto-para-avancar-com-mercado-de-carbono-e-biocombustiveis\/?utm_source=newsletters+epbr&amp;utm_campaign=c321e2a431-epbr-comece-seu-dia_20230724_COPY_01&amp;utm_medium=email&amp;utm_term=0_5931171aac-c321e2a431-466362780\" style=\"color:blue; text-decoration:underline\"><span style=\"font-size:14.0pt\">Lula, Barroso, Pacheco e Lira assinam pacto para avan&ccedil;ar com mercado de carbono e biocombust&iacute;veis<\/span><\/a><\/span><\/span><\/span><\/p>\r\n\r\n<p style=\"text-align:justify\"><span style=\"font-size:11pt\"><span style=\"line-height:normal\"><span style=\"font-family:Calibri,sans-serif\"><a href=\"https:\/\/noticias.portaldaindustria.com.br\/noticias\/sustentabilidade\/atencao-industria-inscreva-sua-acao-de-economia-circular-em-chamada-da-cni-e-da-fiesp\/\" style=\"color:blue; text-decoration:underline\"><span style=\"font-size:14.0pt\">Aten&ccedil;&atilde;o, ind&uacute;stria: inscreva sua a&ccedil;&atilde;o de economia circular em chamada da CNI e da FIESP<\/span><\/a><\/span><\/span><\/span><\/p>\r\n\r\n<p style=\"text-align:justify\"><span style=\"font-size:28pt\"><span style=\"font-family:Cambria,serif\"><span style=\"letter-spacing:-0.5pt\"><b><span style=\"font-size:18.0pt\"><span style=\"font-family:&quot;Calibri&quot;,sans-serif\"><span style=\"font-variant:small-caps\">Inova&ccedil;&atilde;o<\/span><\/span><\/span><\/b><\/span><\/span><\/span><\/p>\r\n\r\n<p style=\"text-align:justify\"><span style=\"font-size:11pt\"><span style=\"line-height:normal\"><span style=\"font-family:Calibri,sans-serif\"><a href=\"https:\/\/agenciasebrae.com.br\/economia-e-politica\/nova-politica-industrial-preve-investimentos-na-ciencia-em-prol-da-inovacao\/\" style=\"color:blue; text-decoration:underline\"><span style=\"font-size:14.0pt\">Nova pol&iacute;tica industrial prev&ecirc; investimentos na ci&ecirc;ncia em prol da inova&ccedil;&atilde;o<\/span><\/a><\/span><\/span><\/span><\/p>\r\n\r\n<p style=\"text-align:justify\"><span style=\"font-size:11pt\"><span style=\"line-height:normal\"><span style=\"font-family:Calibri,sans-serif\"><a href=\"https:\/\/www.gov.br\/mcti\/pt-br\/acompanhe-o-mcti\/noticias\/2024\/08\/vinculada-do-mcti-impulsionou-2-7-mil-projetos-de-pesquisa-e-inovacao-na-industria\" style=\"color:blue; text-decoration:underline\"><span style=\"font-size:14.0pt\">Vinculada do MCTI impulsionou 2,7 mil projetos de pesquisa e inova&ccedil;&atilde;o na ind&uacute;stria<\/span><\/a><\/span><\/span><\/span><\/p>\r\n\r\n<p style=\"text-align:justify\"><span style=\"font-size:11pt\"><span style=\"line-height:normal\"><span style=\"font-family:Calibri,sans-serif\"><a href=\"https:\/\/olhardigital.com.br\/2024\/08\/26\/ciencia-e-espaco\/plastico-vivo-100-biodegradavel-e-feito-de-bacterias\/\" style=\"color:blue; text-decoration:underline\"><span style=\"font-size:14.0pt\">&lsquo;Pl&aacute;stico vivo&rsquo; 100% biodegrad&aacute;vel &eacute; feito de bact&eacute;rias<\/span><\/a><\/span><\/span><\/span><\/p>\r\n\r\n<p style=\"text-align:justify\"><span style=\"font-size:11pt\"><span style=\"line-height:normal\"><span style=\"font-family:Calibri,sans-serif\"><a href=\"https:\/\/www.inovacaotecnologica.com.br\/noticias\/noticia.php?artigo=tecido-robotico-macio-oferece-protecao-conforto-temperaturas-extremas&amp;id=010180240826&amp;ebol=sim\" style=\"color:blue; text-decoration:underline\"><span style=\"font-size:14.0pt\">Tecido rob&oacute;tico macio oferece prote&ccedil;&atilde;o e conforto em temperaturas extremas<\/span><\/a><\/span><\/span><\/span><\/p>\r\n\r\n<p style=\"text-align:justify\"><span style=\"font-size:11pt\"><span style=\"line-height:normal\"><span style=\"font-family:Calibri,sans-serif\"><a href=\"https:\/\/phys.org\/news\/2024-08-bacteria-thermally-stable-plastics-similar.html?utm_source=nwletter&amp;utm_medium=email&amp;utm_campaign=daily-nwletter\" style=\"color:blue; text-decoration:underline\"><span lang=\"EN-US\" style=\"font-size:14.0pt\">Bacteria make thermally stable plastics similar to polystyrene and PET for the first time<\/span><\/a><\/span><\/span><\/span><\/p>\r\n\r\n<p style=\"text-align:justify\"><span style=\"font-size:28pt\"><span style=\"font-family:Cambria,serif\"><span style=\"letter-spacing:-0.5pt\"><b><span style=\"font-size:18.0pt\"><span style=\"font-family:&quot;Calibri&quot;,sans-serif\"><span style=\"font-variant:small-caps\">Com&eacute;rcio Exterior<\/span><\/span><\/span><\/b><\/span><\/span><\/span><\/p>\r\n\r\n<p style=\"text-align:justify\"><span style=\"font-size:11pt\"><span style=\"line-height:normal\"><span style=\"font-family:Calibri,sans-serif\"><a href=\"https:\/\/static.portaldaindustria.com.br\/media\/filer_public\/3c\/45\/3c457bc8-361e-4145-a24c-640256a7239b\/ex_ipc_24-027_mercosul_reuniao_grelex.pdf\" style=\"color:blue; text-decoration:underline\"><span style=\"font-size:14.0pt\">XXIV Reuni&atilde;o do Grupo de Relacionamento Externo do MERCOSUL<\/span><\/a><\/span><\/span><\/span><\/p>\r\n\r\n<p style=\"text-align:justify\"><span style=\"font-size:11pt\"><span style=\"line-height:normal\"><span style=\"font-family:Calibri,sans-serif\"><a href=\"https:\/\/anba.com.br\/brasil-faz-mudancas-no-processo-de-importacao\/\" style=\"color:blue; text-decoration:underline\"><span style=\"font-size:14.0pt\">Brasil faz mudan&ccedil;as no processo de importa&ccedil;&atilde;o<\/span><\/a><\/span><\/span><\/span><\/p>\r\n\r\n<p style=\"text-align:justify\"><span style=\"font-size:11pt\"><span style=\"line-height:normal\"><span style=\"font-family:Calibri,sans-serif\"><a href=\"https:\/\/comexdobrasil.com\/balanca-comercial-tem-superavit-de-us-137-bilhao-na-terceira-semana-de-agosto\/\" style=\"color:blue; text-decoration:underline\"><span style=\"font-size:14.0pt\">Balan&ccedil;a comercial tem super&aacute;vit de US$ 1,37 bilh&atilde;o na terceira semana de agosto<\/span><\/a><\/span><\/span><\/span><\/p>\r\n\r\n<p style=\"text-align:justify\"><span style=\"font-size:28pt\"><span style=\"font-family:Cambria,serif\"><span style=\"letter-spacing:-0.5pt\"><b><span style=\"font-size:18.0pt\"><span style=\"font-family:&quot;Calibri&quot;,sans-serif\"><span style=\"font-variant:small-caps\">Economia<\/span><\/span><\/span><\/b><\/span><\/span><\/span><\/p>\r\n\r\n<p style=\"text-align:justify\"><span style=\"font-size:11pt\"><span style=\"line-height:normal\"><span style=\"font-family:Calibri,sans-serif\"><a href=\"https:\/\/www.bcb.gov.br\/content\/focus\/focus\/R20240823.pdf\" style=\"color:blue; text-decoration:underline\"><span style=\"font-size:14.0pt\">Focus - Relat&oacute;rio de Mercado<\/span><\/a><\/span><\/span><\/span><\/p>\r\n\r\n<p style=\"text-align:justify\"><span style=\"font-size:11pt\"><span style=\"line-height:normal\"><span style=\"font-family:Calibri,sans-serif\"><a href=\"https:\/\/portal.fgv.br\/artigos\/reforma-tributaria-brasil-afinal-imposto-e-roubo\" style=\"color:blue; text-decoration:underline\"><span style=\"font-size:14.0pt\">Reforma tribut&aacute;ria no Brasil: afinal, imposto &eacute; roubo?<\/span><\/a><\/span><\/span><\/span><\/p>\r\n\r\n<p style=\"text-align:justify\"><span style=\"font-size:11pt\"><span style=\"line-height:normal\"><span style=\"font-family:Calibri,sans-serif\"><a href=\"https:\/\/www.fibre2fashion.com\/news\/textile-news\/us-faces-economic-slowdown-lagging-impact-of-high-interest-rates-297307-newsdetails.htm\" style=\"color:blue; text-decoration:underline\"><span lang=\"EN-US\" style=\"font-size:14.0pt\">US faces economic slowdown: Lagging impact of high interest rates<\/span><\/a><\/span><\/span><\/span><\/p>\r\n\r\n<p style=\"text-align:justify\"><img src=\"https:\/\/www.abint.org.br\/assets\/img\/editor\/redes-sociais-abint-ctg-cth_202406041400398QFSSawN2a.jpg\" \/><span style=\"font-size:11pt\"><span style=\"line-height:normal\"><span style=\"font-family:Calibri,sans-serif\"> <\/span><\/span><\/span><\/p>\r\n","texto_en":"","7":"","imagem":"COMP_capa-2024-site-boletim-abint-noticias-semanis_20240827200753BWp4jljnqx.jpg","8":"COMP_capa-2024-site-boletim-abint-noticias-semanis_20240827200753BWp4jljnqx.jpg","arquivo":"20240827-BOLETIM-ABINT-DE-NOTICIAS-SEMANAIS.PDF","9":"20240827-BOLETIM-ABINT-DE-NOTICIAS-SEMANAIS.PDF","titulo_arquivo":"20240827 Boletim ABINT de Not\u00edcias Semanais","10":"20240827 Boletim ABINT de Not\u00edcias Semanais","titulo_arquivo_en":"","11":"","created_at":"2024-08-27 20:08:06","12":"2024-08-27 20:08:06","updated_at":"2024-08-27 20:08:06","13":"2024-08-27 20:08:06"},{"id":132,"0":132,"ordem":91,"1":91,"data":"2024-08-20","2":"2024-08-20","slug":"boletim-abint-de-noticias-semanais-43","3":"boletim-abint-de-noticias-semanais-43","titulo":"Boletim ABINT de Not\u00edcias Semanais","4":"Boletim ABINT de Not\u00edcias Semanais","titulo_en":"","5":"","texto":"<p style=\"text-align:justify\"><span style=\"font-size:11pt\"><span style=\"line-height:normal\"><span style=\"font-family:Calibri,sans-serif\"><span style=\"font-size:14.0pt\">Esta &eacute; uma compila&ccedil;&atilde;o das not&iacute;cias mais relevantes para o setor, incluindo informa&ccedil;&otilde;es sobre acordos internacionais, economia brasileira, sustentabilidade e mat&eacute;rias primas, al&eacute;m de novidades do setor de N&atilde;otecidos e Tecidos T&eacute;cnicos.<\/span><\/span><\/span><\/span><\/p>\r\n\r\n<p style=\"text-align:justify\"><span style=\"font-size:28pt\"><span style=\"font-family:Cambria,serif\"><span style=\"letter-spacing:-0.5pt\"><b><span style=\"font-size:18.0pt\"><span calibri=\"\" style=\"font-family:\"><span style=\"font-variant:small-caps\">A&ccedil;&otilde;es realizadas<\/span><\/span><\/span><\/b><\/span><\/span><\/span><\/p>\r\n\r\n<p style=\"text-align:justify\"><b><img src=\"https:\/\/www.abint.org.br\/assets\/img\/editor\/logo-ctg-abint-png_20240718120356AYjq6yKWjI.png\" style=\"width: 300px; height: 55px;\" \/><\/b><\/p>\r\n\r\n<p style=\"text-align:justify\"><span style=\"font-size:11pt\"><span style=\"line-height:normal\"><span style=\"font-family:Calibri,sans-serif\"><span style=\"font-size:14.0pt\">Nos dias 13 a 15 de agosto o CTG ABINT realizou o Curso Brasileiro de Instala&ccedil;&atilde;o de Geomembranas &ldquo;PAULO KENJI A&Ccedil;AKURA&rdquo; 2024, no Instituto Mau&aacute; de Tecnologia. Em sua 2&ordf; edi&ccedil;&atilde;o, o Curso contou novamente com aulas te&oacute;ricas e pr&aacute;ticas, com a participa&ccedil;&atilde;o de mais de 50 inscritos, entre soldadores, empresas dos segmentos de aterro sanit&aacute;rio e minera&ccedil;&atilde;o, acad&ecirc;micos e integrantes do Comit&ecirc;.<\/span><\/span><\/span><\/span><\/p>\r\n\r\n<p style=\"text-align:justify\"><span style=\"font-size:11pt\"><span style=\"line-height:normal\"><span style=\"font-family:Calibri,sans-serif\"><span style=\"font-size:14.0pt\"><img src=\"https:\/\/www.abint.org.br\/assets\/img\/editor\/20240815-110730_20240821125637MbSoOlm3AL.jpg\" style=\"width: 500px; height: 500px;\" \/><\/span><\/span><\/span><\/span><\/p>\r\n\r\n<p style=\"text-align:justify\"><span style=\"font-size:11pt\"><span style=\"line-height:normal\"><span style=\"font-family:Calibri,sans-serif\"><span style=\"font-size:14.0pt\"><img src=\"https:\/\/www.abint.org.br\/assets\/img\/editor\/20240815-123208_202408211255573POHsdVrXz.jpg\" style=\"width: 500px; height: 500px;\" \/><\/span><\/span><\/span><\/span><\/p>\r\n\r\n<p style=\"text-align:justify\"><span style=\"font-size:11pt\"><span style=\"line-height:normal\"><span style=\"font-family:Calibri,sans-serif\"><span style=\"font-size:14.0pt\">O CTG ABINT prestou uma homenagem ao Eng. Paulo Kenji A&ccedil;akura, falecido esse ano, e que agora empresta seu nome ao Curso. O Eng. Waldemar A&ccedil;kura recebeu a homenagem, representando seu irm&atilde;o.<\/span><\/span><\/span><\/span><\/p>\r\n\r\n<p style=\"text-align:justify\"><br \/>\r\n<img src=\"https:\/\/www.abint.org.br\/assets\/img\/editor\/20240815-150521_20240821125744QGnhozTolg.jpg\" style=\"width: 500px; height: 500px;\" \/><\/p>\r\n\r\n<p style=\"text-align:justify\"><span style=\"font-size:11pt\"><span style=\"line-height:normal\"><span style=\"font-family:Calibri,sans-serif\"><span style=\"font-size:14.0pt\">A Curso contou com sorteio de exemplares do livro MBG &ndash; Manual Brasileiro de Geossint&eacute;ticos, para os participantes que marcam o CTG ABINT em suas postagens no Instagram. E como na edi&ccedil;&atilde;o anterior, houve o quizz com perguntas t&eacute;cnicas e pr&ecirc;mios especiais para os primeiros colocados.<\/span><\/span><\/span><\/span><\/p>\r\n\r\n<p style=\"text-align:justify\"><span style=\"font-size:11pt\"><span style=\"line-height:normal\"><span style=\"font-family:Calibri,sans-serif\"><span style=\"font-size:14.0pt\"><img src=\"https:\/\/www.abint.org.br\/assets\/img\/editor\/20240815-161910_202408211259155MiKlYLIJ5.jpg\" style=\"width: 500px; height: 375px;\" \/><\/span><\/span><\/span><\/span><\/p>\r\n\r\n<p style=\"text-align:justify\"><span style=\"font-size:11pt\"><span style=\"line-height:normal\"><span style=\"font-family:Calibri,sans-serif\"><span style=\"font-size:14.0pt\"><img src=\"https:\/\/www.abint.org.br\/assets\/img\/editor\/20240815-162058_20240821125953UOgi4qZ1Wv.jpg\" style=\"width: 500px; height: 375px;\" \/><\/span><\/span><\/span><\/span><\/p>\r\n\r\n<p style=\"text-align:justify\"><span style=\"font-size:28pt\"><span style=\"font-family:Cambria,serif\"><span style=\"letter-spacing:-0.5pt\"><b><span style=\"font-size:18.0pt\"><span calibri=\"\" style=\"font-family:\"><span style=\"font-variant:small-caps\">O que vem por a&iacute;<\/span><\/span><\/span><\/b><\/span><\/span><\/span><\/p>\r\n\r\n<p style=\"text-align:justify\"><b><img src=\"https:\/\/www.abint.org.br\/assets\/img\/editor\/logo-ctg-abint-png_20240718120356AYjq6yKWjI.png\" style=\"width: 300px; height: 55px;\" \/><\/b><\/p>\r\n\r\n<p><b><img src=\"https:\/\/www.abint.org.br\/assets\/img\/editor\/20240924-cobramseg-2024_20240718120541ztVNeqlLuA.png\" \/><\/b><\/p>\r\n\r\n<p><b>O CTG ABINT &eacute; um dos patrocinadores da 21&ordf; edi&ccedil;&atilde;o do Cobramseg &ndash; Congresso Brasileiro de Mec&acirc;nica dos Solos e Engenharia Geot&eacute;cnica.<\/b><\/p>\r\n\r\n<p>&ldquo;<i>Nos reunimos para celebrar a Mec&acirc;nica dos Solos e das Rochas, da GeoEngenharia! Academia, Ind&uacute;stria e &Oacute;rg&atilde;os Gestores unidos para expor seus avan&ccedil;os t&eacute;cnicos e cient&iacute;ficos. Um ambiente rico e diverso que nos permite debater solu&ccedil;&otilde;es e a&ccedil;&otilde;es de forma a fortalecer nossa comunidade geot&eacute;cnica, visando proporcionar um desenvolvimento mais sustent&aacute;vel e seguro para a nossa sociedade<\/i>.&rdquo; V&iacute;tor Pereira Faro, Presidente do COBRAMSEG 2024<\/p>\r\n\r\n<p><a href=\"http:\/\/www.cobramseg.com.br\/\">www.cobramseg.com.br<\/a><\/p>\r\n\r\n<p>&nbsp;<\/p>\r\n\r\n<p><b><img src=\"https:\/\/www.abint.org.br\/assets\/img\/editor\/fenasan-2024_202407181205570iB7KW1OZ4.jpg\" \/><\/b><\/p>\r\n\r\n<p>O&nbsp;<b>CTG ABINT apoia a Feira Nacional de Saneamento e Meio Ambiente &ndash; Fenasan e do 35&ordm; Encontro T&eacute;cnico AESabesp, que ocorrer&atilde;o de 22 a 24 de outubro de 2024<\/b>, no Pavilh&atilde;o Verde e Vermelho, no Expo Center Norte, em S&atilde;o Paulo. Trata-se do maior evento de saneamento da Am&eacute;rica Latin. A realiza&ccedil;&atilde;o &eacute; da AESabesp &ndash; Associa&ccedil;&atilde;o dos Engenheiros da Sabesp.<\/p>\r\n\r\n<p><i>O tema central desta edi&ccedil;&atilde;o &eacute; &ldquo;Saneamento ambiental: condi&ccedil;&atilde;o fundamental para o enfrentamento das mudan&ccedil;as clim&aacute;ticas&rdquo;. Com um p&uacute;blico tradicionalmente de 22 mil visitantes e alinhada aos ODS &ndash; Objetivos de Desenvolvimento Sustent&aacute;vel estabelecidos pela ONU e aos conceitos de ESG, a edi&ccedil;&atilde;o 2024 continuar&aacute; ampliando o di&aacute;logo em torno das quest&otilde;es de saneamento ambiental, meio ambiente e sustentabilidade e promovendo o compartilhamento de conhecimento altamente qualificado.<\/i><\/p>\r\n\r\n<p><a href=\"http:\/\/www.fenasan.com.br\/\">www.fenasan.com.br<\/a><\/p>\r\n\r\n<p>&nbsp;<\/p>\r\n\r\n<p><b><img src=\"https:\/\/www.abint.org.br\/assets\/img\/editor\/cth-logo-alta-jpg_2024071812065399MMBUXZze.jpg\" style=\"width: 300px; height: 68px;\" \/><\/b><\/p>\r\n\r\n<p><b><img src=\"https:\/\/www.abint.org.br\/assets\/img\/editor\/hospitalmed-2024-logo_20240718120628FoV3In8yB5.png\" style=\"width: 500px; height: 448px;\" \/><\/b><\/p>\r\n\r\n<p><b>O CTH ABINT &eacute; um dos patrocinadores da HospitalMed 2024.<\/b><\/p>\r\n\r\n<p>&ldquo;<i>A melhor e Mais Completa Feira de Sa&uacute;de do Norte\/Nordeste<\/i>&rdquo;, &eacute; uma realiza&ccedil;&atilde;o da HospitalMed Feiras &amp; Eventos e da Insight Feiras de Neg&oacute;cios.<\/p>\r\n\r\n<p><i>&ldquo;O&nbsp;<b>re&uacute;ne toda a cadeia produtiva do setor de sa&uacute;de das regi&otilde;es Norte\/Nordeste<\/b>. &Eacute; o grande encontro de fornecedores de Produtos, Equipamentos, Servi&ccedil;os, Tecnologia e Conte&uacute;do para Hospitais, Laborat&oacute;rios, Farm&aacute;cias, Cl&iacute;nicas, Consult&oacute;rios e Profissionais da Sa&uacute;de&rdquo;.<\/i><\/p>\r\n\r\n<p><a href=\"http:\/\/www.hospitalmed.com.br\/\">www.hospitalmed.com.br<\/a><\/p>\r\n\r\n<p><span style=\"font-size:28pt\"><span style=\"font-family:Cambria,serif\"><span style=\"letter-spacing:-0.5pt\"><b><span style=\"font-size:18.0pt\"><span calibri=\"\" style=\"font-family:\"><span style=\"font-variant:small-caps\">Not&iacute;cias das Associadas<\/span><\/span><\/span><\/b><\/span><\/span><\/span><\/p>\r\n\r\n<p style=\"text-align:justify\"><span style=\"font-size:11pt\"><span style=\"line-height:normal\"><span style=\"font-family:Calibri,sans-serif\"><a href=\"https:\/\/plasticosemrevista.com.br\/packing-group-deslancha-em-gofrados-e-stretch-com-compra-da-soft-film\/\" style=\"color:blue; text-decoration:underline\"><span lang=\"ES-AR\" style=\"font-size:14.0pt\">ABINT | N&atilde;otecidos: mercado de descart&aacute;veis higi&ecirc;nicos avan&ccedil;a aos poucos<\/span><\/a><\/span><\/span><\/span><\/p>\r\n\r\n<p style=\"text-align:justify\"><span style=\"font-size:11pt\"><span style=\"line-height:normal\"><span style=\"font-family:Calibri,sans-serif\"><a href=\"https:\/\/www.technicaltextile.net\/news\/finnish-firm-suominen-posts-net-sales-of-253-6-mn-in-h1-fy24-297300.html\" style=\"color:blue; text-decoration:underline\"><span lang=\"ES-AR\" style=\"font-size:14.0pt\">Finnish firm Suominen posts net sales of $253.6 mn in H1 FY24<\/span><\/a><\/span><\/span><\/span><\/p>\r\n\r\n<p style=\"text-align:justify\">&nbsp;<\/p>\r\n\r\n<p style=\"text-align:justify\"><span style=\"font-size:11pt\"><span style=\"line-height:normal\"><span style=\"font-family:Calibri,sans-serif\"><b><span style=\"font-size:18.0pt\"><span style=\"font-variant:small-caps\">Eventos<\/span><\/span><\/b><\/span><\/span><\/span><\/p>\r\n\r\n<p style=\"text-align:justify\"><span style=\"font-size:11pt\"><span style=\"line-height:normal\"><span style=\"font-family:Calibri,sans-serif\"><a href=\"http:\/\/www.feiplar.com\" style=\"color:blue; text-decoration:underline\"><b><span style=\"font-size:14.0pt\">FEIPLAR COMPOSITES &amp; FEIPUR &ndash; Feira e Congresso Internacionais de Composites, Poliuretano, Pl&aacute;sticos de Engenharia e Compostos Termopl&aacute;sticos<\/span><\/b><\/a><span style=\"font-size:14.0pt\">, 20 a 22 de agosto de 2024, S&atilde;o Paulo Expo (Pavilh&atilde;o 5), palestras: das 8h30 &agrave;s 18h, feira: das 13h &agrave;s 20h<\/span><\/span><\/span><\/span><\/p>\r\n\r\n<p style=\"text-align:justify\"><span style=\"font-size:11pt\"><span style=\"line-height:normal\"><span style=\"font-family:Calibri,sans-serif\"><a href=\"http:\/\/www.techtextil-north-america.us.messefrankfurt.com\" style=\"color:blue; text-decoration:underline\"><b><span lang=\"EN-US\" style=\"font-size:14.0pt\">Techtextil North America 2024<\/span><\/b><\/a><span lang=\"EN-US\" style=\"font-size:14.0pt\">, August 20 &ndash; 24, Raleigh, North Carolina<\/span><\/span><\/span><\/span><\/p>\r\n\r\n<p style=\"text-align:justify\"><span style=\"font-size:11pt\"><span style=\"line-height:normal\"><span style=\"font-family:Calibri,sans-serif\"><b><span style=\"font-size:14.0pt\">Anaph | 3&ordf; F&oacute;rum Anahp de Lideran&ccedil;as da Enfermagem<\/span><\/b><span style=\"font-size:14.0pt\">, 21 de agosto de 2024, &agrave;s 8h30, evento presencial<\/span><\/span><\/span><\/span><\/p>\r\n\r\n<p style=\"text-align:justify\"><span style=\"font-size:11pt\"><span style=\"line-height:normal\"><span style=\"font-family:Calibri,sans-serif\"><a href=\"https:\/\/crm-apps.apexbrasil.com.br\/orgbdeab873\/inscricao-eventos\/evento\/oficina-de-competitividade-como-apresentar-seus-produtos-e-servicos-para-parceiros-e-clientes-int\/50447565-710d-44f6-b8df-a96714022cf7?utm_source=EMarketing&amp;msdynttrid=YOeJe3mRHjc3LojyMvxNFt9WIMCARWnEV6uWPrwSD3E\" style=\"color:blue; text-decoration:underline\"><b><span style=\"font-size:14.0pt\">Apex Brasil | Como apresentar produtos e servi&ccedil;os para parceiros e clientes Internacionais<\/span><\/b><\/a><span style=\"font-size:14.0pt\">, 22 e 27 de agosto de 2024, Evento Online<\/span><\/span><\/span><\/span><\/p>\r\n\r\n<p style=\"text-align:justify\"><span style=\"font-size:11pt\"><span style=\"line-height:normal\"><span style=\"font-family:Calibri,sans-serif\"><a href=\"https:\/\/www.conceitoseminarios.com.br\/seminario\/6-forum-novo-marco-do-saneamento\/\" style=\"color:blue; text-decoration:underline\"><b><span style=\"font-size:14.0pt\">6&ordm; F&oacute;rum Novo Marco do Saneamento<\/span><\/b><\/a><span style=\"font-size:14.0pt\">, 29 de agosto de 2024, 08h30 &agrave;s 18h00, Hotel Meli&aacute; Jardim Europa, Rua Jo&atilde;o Cachoeira, 107, Itaim Bibi, S&atilde;o Paulo<\/span><\/span><\/span><\/span><\/p>\r\n\r\n<p style=\"text-align:justify\"><span style=\"font-size:11pt\"><span style=\"line-height:normal\"><span style=\"font-family:Calibri,sans-serif\"><a href=\"https:\/\/www.recy-plastech.com\/\" style=\"color:blue; text-decoration:underline\"><b><span style=\"font-size:14.0pt\">Recy-Plastech 2024 &ndash; Semin&aacute;rio Internacional de Sustentabilidade e Reciclagem de Pl&aacute;sticos<\/span><\/b><\/a><span style=\"font-size:14.0pt\">, 11 e 12 de setembro de 2024, Milenium Centro de Conven&ccedil;&otilde;es, Rua Dr. Bacelar, 1.043, Vila Clementino, S&atilde;o Paulo, SP<\/span><\/span><\/span><\/span><\/p>\r\n\r\n<p style=\"text-align:justify\"><span style=\"font-size:11pt\"><span style=\"line-height:normal\"><span style=\"font-family:Calibri,sans-serif\"><a href=\"https:\/\/cbplastico.com.br\/2024\/\" style=\"color:blue; text-decoration:underline\"><b><span style=\"font-size:14.0pt\">5&ordm; Congresso Brasileiro do Pl&aacute;stico<\/span><\/b><\/a><span style=\"font-size:14.0pt\">, 12 de setembro de 2024, evento h&iacute;brido, Casa Bisutti, Rua Casa do Ator, 577, Vila Ol&iacute;mpia, S&atilde;o Paulo, SP<\/span><\/span><\/span><\/span><\/p>\r\n\r\n<p style=\"text-align:justify\"><span style=\"font-size:11pt\"><span style=\"line-height:normal\"><span style=\"font-family:Calibri,sans-serif\"><a href=\"https:\/\/www.aatcc.org\/summit\/\" style=\"color:blue; text-decoration:underline\"><b><span lang=\"EN-US\" style=\"font-size:14.0pt\">AATCC&#39;s Textile Discovery Summit<\/span><\/b><\/a><span lang=\"EN-US\" style=\"font-size:14.0pt\">, 6 a 8 de outubro de 2024, The Westin Savannah Harbor&nbsp;<\/span><\/span><\/span><\/span><span style=\"font-size:11pt\"><span style=\"line-height:normal\"><span style=\"font-family:Calibri,sans-serif\"><span style=\"font-size:14.0pt\">1 Resort Drive, Savannah, Ge&oacute;rgia, EUA<\/span><\/span><\/span><\/span><\/p>\r\n\r\n<p style=\"text-align:justify\"><span style=\"font-size:11pt\"><span style=\"line-height:normal\"><span style=\"font-family:Calibri,sans-serif\"><a href=\"http:\/\/www.fenasan.com.br\" style=\"color:blue; text-decoration:underline\"><b><span style=\"font-size:14.0pt\">Fenasan 2024 &ndash; Feira Nacional de Saneamento e Meio Ambiente<\/span><\/b><\/a><span style=\"font-size:14.0pt\">, 22 a 24 de outubro de 2024, Pavilh&otilde;es Verde e Vermelho, Expo Center Norte, S&atilde;o Paulo SP<\/span><\/span><\/span><\/span><\/p>\r\n\r\n<p style=\"text-align:justify\"><span style=\"font-size:11pt\"><span style=\"line-height:normal\"><span style=\"font-family:Calibri,sans-serif\"><a href=\"http:\/\/www.hospitalmed.com.br\" style=\"color:blue; text-decoration:underline\"><b><span style=\"font-size:14.0pt\">HospitalMed 2024<\/span><\/b><\/a><span style=\"font-size:14.0pt\">, 23 a 25 de outubro, das 14h &agrave;s 20h, no Pernambuco Centro de Conven&ccedil;&otilde;es<\/span><\/span><\/span><\/span><\/p>\r\n\r\n<p style=\"text-align:justify\"><span style=\"font-size:11pt\"><span style=\"line-height:normal\"><span style=\"font-family:Calibri,sans-serif\"><a href=\"https:\/\/www.abnteducacao.com.br\/Simbologia_de_cuidados_aplicada_a_Etiquetagem_de_Texteis_ABNT_NBR_NM_ISO_3758\" style=\"color:blue; text-decoration:underline\"><b><span style=\"font-size:14.0pt\">Simbologia de cuidados aplicada a Etiquetagem de T&ecirc;xteis<\/span><\/b><\/a><span style=\"font-size:14.0pt\">, 23 e 24 de outubro de 2024, 8h30 &agrave;s 17h30, evento online<\/span><\/span><\/span><\/span><\/p>\r\n\r\n<p style=\"text-align:justify\"><span style=\"font-size:11pt\"><span style=\"line-height:normal\"><span style=\"font-family:Calibri,sans-serif\"><a href=\"https:\/\/b20brazil.org\/#msdynttrid=6zt-Ug2nJO0FDfhoU9K0en-twuGAoU5aPF8EQm7neRo\" style=\"color:blue; text-decoration:underline\"><b><span lang=\"EN-US\" style=\"font-size:14.0pt\">B20 Summit Brasil 2024 - Inclusive Growth for a Sustainable Future<\/span><\/b><\/a><span lang=\"EN-US\" style=\"font-size:14.0pt\">, October 24th - 25th, 2024, Clube Atl&eacute;tico Monte L&iacute;bano, S&atilde;o Paulo, SP<\/span><\/span><\/span><\/span><\/p>\r\n\r\n<p style=\"text-align:justify\"><span style=\"font-size:11pt\"><span style=\"line-height:normal\"><span style=\"font-family:Calibri,sans-serif\"><a href=\"http:\/\/www.congressoabit.com.br\" style=\"color:blue; text-decoration:underline\"><b><span style=\"font-size:14.0pt\">Congresso Internacional Abit 2024<\/span><\/b><\/a><span style=\"font-size:14.0pt\">, 30 e 31 de outubro, Salvador, Bahia<\/span><\/span><\/span><\/span><\/p>\r\n\r\n<p style=\"text-align:justify\"><span style=\"font-size:11pt\"><span style=\"line-height:normal\"><span style=\"font-family:Calibri,sans-serif\"><a href=\"https:\/\/www.fimec.com.br\/\" style=\"color:blue; text-decoration:underline\"><b><span style=\"font-size:14.0pt\">Fimec 2025<\/span><\/b><\/a><span style=\"font-size:14.0pt\">, 18 a 20 de mar&ccedil;o, Fenac, Novo Hamburgo, RS<\/span><\/span><\/span><\/span><\/p>\r\n\r\n<p style=\"text-align:justify\"><span style=\"font-size:28pt\"><span style=\"font-family:Cambria,serif\"><span style=\"letter-spacing:-0.5pt\"><b><span style=\"font-size:18.0pt\"><span calibri=\"\" style=\"font-family:\"><span style=\"font-variant:small-caps\">Setor<\/span><\/span><\/span><\/b><\/span><\/span><\/span><\/p>\r\n\r\n<p style=\"text-align:justify\"><span style=\"font-size:11pt\"><span style=\"line-height:normal\"><span style=\"font-family:Calibri,sans-serif\"><a href=\"https:\/\/public-api.wordpress.com\/bar\/?stat=groovemails-events&amp;bin=wpcom_email_click&amp;redirect_to=https%3A%2F%2Fblogdoplastico.wordpress.com%2F2024%2F08%2F14%2Fsinplast-rs-lanca-no-brasil-edicao-impressa-e-traduzida-do-livro-o-paradoxo-dos-plasticos%2F&amp;sr=0&amp;signature=0676cde0219fb3fbbad0c481a6fd9afc&amp;blog_id=9438832&amp;user=135099004&amp;_e=eyJlcnJvciI6bnVsbCwiYmxvZ19pZCI6OTQzODgzMiwiYmxvZ19sYW5nIjoicHQtQlIiLCJzaXRlX2lkX2xhYmVsIjoid3Bjb20iLCJoYXNfZmVhdHVyZWRfaW1hZ2UiOiIwIiwic3Vic2NyaWJlcl9pZCI6IjQ0NzAwMjQ1IiwiX3VpIjoxMzUwOTkwMDQsImxvY2FsZSI6InB0LWJyIiwiY3VycmVuY3kiOiJCUkwiLCJjb3VudHJ5X2NvZGVfc2lnbnVwIjoiQlIiLCJzaWdudXBfZmxvd19uYW1lIjoiZGVsdGEtc2l0ZSIsImVtYWlsX2RvbWFpbiI6ImFiaW50Lm9yZy5iciIsInBvc3RfaWQiOjE4NDQzLCJ1c2VyX2VtYWlsIjoiYWJpbnRAYWJpbnQub3JnLmJyIiwiZGF0ZV9zZW50IjoiMjAyNC0wOC0xNCIsImVtYWlsX2lkIjoiMzM0MTlkMWE0ZWU0ZTMwZTFkZWVjNmNhZTRhODU5OTAiLCJlbWFpbF9uYW1lIjoibmV3LXBvc3QiLCJ0ZW1wbGF0ZSI6Im5ldy1wb3N0IiwibGlua19kZXNjIjoicG9zdC11cmwiLCJhbmNob3JfdGV4dCI6IlNpbnBsYXN0XHUyMDExUlMgbGFuXHUwMGU3YSBubyBCcmFzaWwgZWRpXHUwMGU3XHUwMGUzbyBpbXByZXNzYSBlIHRyYWR1emlkYSBkbyBsaXZybyBcdTIwMWNPIFBhcmFkb3hvIGRvc1x1MDBhMFBsXHUwMGUxc3RpY29zXHUyMDFkIiwiX2RyIjpudWxsLCJfZGwiOiJcL3dwLWFkbWluXC9wb3N0LnBocCIsIl91dCI6IndwY29tOnVzZXJfaWQiLCJfdWwiOiJhYmludHR0IiwiX2VuIjoid3Bjb21fZW1haWxfY2xpY2siLCJfdHMiOjE3MjM2NDM2OTQ2NTAsImJyb3dzZXJfdHlwZSI6InBocC1hZ2VudCIsIl9hdWEiOiJ3cGNvbS10cmFja3MtY2xpZW50LXYwLjMiLCJibG9nX3R6IjoiLTMiLCJ1c2VyX2xhbmciOiJwdC1iciJ9&amp;_z=z\" style=\"color:blue; text-decoration:underline\"><span style=\"font-size:14.0pt\">Sinplast\u2011RS lan&ccedil;a no Brasil edi&ccedil;&atilde;o impressa e traduzida do livro &ldquo;O Paradoxo dos&nbsp;Pl&aacute;sticos&rdquo;<\/span><\/a><\/span><\/span><\/span><\/p>\r\n\r\n<p style=\"text-align:justify\"><span style=\"font-size:11pt\"><span style=\"line-height:normal\"><span style=\"font-family:Calibri,sans-serif\"><a href=\"https:\/\/public-api.wordpress.com\/bar\/?stat=groovemails-events&amp;bin=wpcom_email_click&amp;redirect_to=https%3A%2F%2Fblogdoplastico.wordpress.com%2F2024%2F08%2F19%2Fcongresso-brasileiro-do-plastico-anuncia-quinta-edicao-com-a-presenca-de-chris-dearmitt-autor-do-livro-o-paradoxo-dos-plasticos%2F&amp;sr=0&amp;signature=4f261bd47cf9a744b4aa40b8d3693f93&amp;blog_id=9438832&amp;user=135099004&amp;_e=eyJlcnJvciI6bnVsbCwiYmxvZ19pZCI6OTQzODgzMiwiYmxvZ19sYW5nIjoicHQtQlIiLCJzaXRlX2lkX2xhYmVsIjoid3Bjb20iLCJoYXNfZmVhdHVyZWRfaW1hZ2UiOiIwIiwic3Vic2NyaWJlcl9pZCI6IjQ0NzAwMjQ1IiwiX3VpIjoxMzUwOTkwMDQsImxvY2FsZSI6InB0LWJyIiwiY3VycmVuY3kiOiJCUkwiLCJjb3VudHJ5X2NvZGVfc2lnbnVwIjoiQlIiLCJzaWdudXBfZmxvd19uYW1lIjoiZGVsdGEtc2l0ZSIsImVtYWlsX2RvbWFpbiI6ImFiaW50Lm9yZy5iciIsInBvc3RfaWQiOjE4NTA3LCJ1c2VyX2VtYWlsIjoiYWJpbnRAYWJpbnQub3JnLmJyIiwiZGF0ZV9zZW50IjoiMjAyNC0wOC0xOSIsImVtYWlsX2lkIjoiZDFmYjdiN2RlMWExOTY0YTBhMDE5YzM3MzJmYmY1NTMiLCJlbWFpbF9uYW1lIjoibmV3LXBvc3QiLCJ0ZW1wbGF0ZSI6Im5ldy1wb3N0IiwibGlua19kZXNjIjoicG9zdC11cmwiLCJhbmNob3JfdGV4dCI6IkNvbmdyZXNzbyBCcmFzaWxlaXJvIGRvIFBsXHUwMGUxc3RpY28gYW51bmNpYSBxdWludGEgZWRpXHUwMGU3XHUwMGUzbyBjb20gYSBwcmVzZW5cdTAwZTdhIGRlIENocmlzIERlQXJtaXR0LCBhdXRvciBkbyBsaXZybyBcdTIwMWNPIFBhcmFkb3hvIGRvc1x1MDBhMFBsXHUwMGUxc3RpY29zXHUyMDFkIiwiX2RyIjpudWxsLCJfZGwiOiJcL3dwLWFkbWluXC9wb3N0LnBocCIsIl91dCI6IndwY29tOnVzZXJfaWQiLCJfdWwiOiJhYmludHR0IiwiX2VuIjoid3Bjb21fZW1haWxfY2xpY2siLCJfdHMiOjE3MjQxMDE3MTY0MjIsImJyb3dzZXJfdHlwZSI6InBocC1hZ2VudCIsIl9hdWEiOiJ3cGNvbS10cmFja3MtY2xpZW50LXYwLjMiLCJibG9nX3R6IjoiLTMiLCJ1c2VyX2xhbmciOiJwdC1iciJ9&amp;_z=z\" style=\"color:blue; text-decoration:underline\"><span style=\"font-size:14.0pt\">Congresso Brasileiro do Pl&aacute;stico anuncia quinta edi&ccedil;&atilde;o com a presen&ccedil;a de Chris DeArmitt, autor do livro &ldquo;O Paradoxo dos Pl&aacute;sticos&rdquo;<\/span><\/a><\/span><\/span><\/span><\/p>\r\n\r\n<p style=\"text-align:justify\"><span style=\"font-size:11pt\"><span style=\"line-height:normal\"><span style=\"font-family:Calibri,sans-serif\"><a href=\"https:\/\/public-api.wordpress.com\/bar\/?stat=groovemails-events&amp;bin=wpcom_email_click&amp;redirect_to=https%3A%2F%2Fblogdoplastico.wordpress.com%2F2024%2F08%2F16%2Finterplast-celebra-mercado-aquecido-e-fomenta-sustentabilidade-na-industria-plastica%2F&amp;sr=0&amp;signature=56a142221d94f238ed714b1c1d444b9e&amp;blog_id=9438832&amp;user=135099004&amp;_e=eyJlcnJvciI6bnVsbCwiYmxvZ19pZCI6OTQzODgzMiwiYmxvZ19sYW5nIjoicHQtQlIiLCJzaXRlX2lkX2xhYmVsIjoid3Bjb20iLCJoYXNfZmVhdHVyZWRfaW1hZ2UiOiIwIiwic3Vic2NyaWJlcl9pZCI6IjQ0NzAwMjQ1IiwiX3VpIjoxMzUwOTkwMDQsImxvY2FsZSI6InB0LWJyIiwiY3VycmVuY3kiOiJCUkwiLCJjb3VudHJ5X2NvZGVfc2lnbnVwIjoiQlIiLCJzaWdudXBfZmxvd19uYW1lIjoiZGVsdGEtc2l0ZSIsImVtYWlsX2RvbWFpbiI6ImFiaW50Lm9yZy5iciIsInBvc3RfaWQiOjE4NDYyLCJ1c2VyX2VtYWlsIjoiYWJpbnRAYWJpbnQub3JnLmJyIiwiZGF0ZV9zZW50IjoiMjAyNC0wOC0xNiIsImVtYWlsX2lkIjoiZjNhZjhmNjY0ZmEwMDJjY2Q4NzI2YTNmZDQxN2ViOTkiLCJlbWFpbF9uYW1lIjoibmV3LXBvc3QiLCJ0ZW1wbGF0ZSI6Im5ldy1wb3N0IiwibGlua19kZXNjIjoicG9zdC11cmwiLCJhbmNob3JfdGV4dCI6IkludGVycGxhc3QgY2VsZWJyYSBtZXJjYWRvIGFxdWVjaWRvIGUgZm9tZW50YSBzdXN0ZW50YWJpbGlkYWRlIG5hIGluZFx1MDBmYXN0cmlhXHUwMGEwcGxcdTAwZTFzdGljYSIsIl9kciI6bnVsbCwiX2RsIjoiXC93cC1hZG1pblwvcG9zdC5waHAiLCJfdXQiOiJ3cGNvbTp1c2VyX2lkIiwiX3VsIjoiYWJpbnR0dCIsIl9lbiI6IndwY29tX2VtYWlsX2NsaWNrIiwiX3RzIjoxNzIzODE2MjUxMjc5LCJicm93c2VyX3R5cGUiOiJwaHAtYWdlbnQiLCJfYXVhIjoid3Bjb20tdHJhY2tzLWNsaWVudC12MC4zIiwiYmxvZ190eiI6Ii0zIiwidXNlcl9sYW5nIjoicHQtYnIifQ=&amp;_z=z\" style=\"color:blue; text-decoration:underline\"><span style=\"font-size:14.0pt\">Interplast celebra mercado aquecido e fomenta sustentabilidade na ind&uacute;stria&nbsp;pl&aacute;stica<\/span><\/a> <\/span><\/span><\/span><\/p>\r\n\r\n<p style=\"text-align:justify\"><span style=\"font-size:11pt\"><span style=\"line-height:normal\"><span style=\"font-family:Calibri,sans-serif\"><a href=\"https:\/\/plasticosemrevista.com.br\/braskem-fecha-1o-semestre-com-insatisfatoria-ocupacao-da-capacidade-no-brasil\/\" style=\"color:blue; text-decoration:underline\"><span style=\"font-size:14.0pt\">Braskem fecha 1&ordm; semestre com insatisfat&oacute;ria ocupa&ccedil;&atilde;o da capacidade no Brasil<\/span><\/a><\/span><\/span><\/span><\/p>\r\n\r\n<p style=\"text-align:justify\"><span style=\"font-size:11pt\"><span style=\"line-height:normal\"><span style=\"font-family:Calibri,sans-serif\"><a href=\"https:\/\/plasticosemrevista.com.br\/casa-branca-veta-compra-de-plasticos-de-uso-unico\/\" style=\"color:blue; text-decoration:underline\"><span style=\"font-size:14.0pt\">Casa Branca veta compra de pl&aacute;sticos de uso &uacute;nico<\/span><\/a><\/span><\/span><\/span><\/p>\r\n\r\n<p style=\"text-align:justify\"><span style=\"font-size:11pt\"><span style=\"line-height:normal\"><span style=\"font-family:Calibri,sans-serif\"><a href=\"https:\/\/www.openpr.com\/news\/3619827\/geotextile-industry-to-witness-massive-growth-2024-2031\" style=\"color:blue; text-decoration:underline\"><span lang=\"EN-US\" style=\"font-size:14.0pt\">Geotextile Industry to Witness Massive Growth (2024-2031)<\/span><\/a><\/span><\/span><\/span><\/p>\r\n\r\n<p style=\"text-align:justify\"><span style=\"font-size:11pt\"><span style=\"line-height:normal\"><span style=\"font-family:Calibri,sans-serif\"><a href=\"https:\/\/tissueonline.com.br\/kimberly-clark-fecha-sua-fabrica-no-chile\/\" style=\"color:blue; text-decoration:underline\"><span style=\"font-size:14.0pt\">Kimberly-Clark fecha sua f&aacute;brica no Chile<\/span><\/a><\/span><\/span><\/span><\/p>\r\n\r\n<p style=\"text-align:justify\"><span style=\"font-size:11pt\"><span style=\"line-height:normal\"><span style=\"font-family:Calibri,sans-serif\"><a href=\"https:\/\/tissueonline.com.br\/em-meio-a-consolidacao-de-gigantes-desafios-de-custos-e-oportunidades-no-consumo-movimentam-mercado-de-papel-tissue\/\" style=\"color:blue; text-decoration:underline\"><span style=\"font-size:14.0pt\">Em meio a consolida&ccedil;&atilde;o de gigantes, desafios de custos e oportunidades no consumo movimentam mercado de papel tissue<\/span><\/a><\/span><\/span><\/span><\/p>\r\n\r\n<p style=\"text-align:justify\"><span style=\"font-size:28pt\"><span style=\"font-family:Cambria,serif\"><span style=\"letter-spacing:-0.5pt\"><b><span style=\"font-size:18.0pt\"><span calibri=\"\" style=\"font-family:\"><span style=\"font-variant:small-caps\">Ind&uacute;stria<\/span><\/span><\/span><\/b><\/span><\/span><\/span><\/p>\r\n\r\n<p style=\"text-align:justify\"><span style=\"font-size:11pt\"><span style=\"line-height:normal\"><span style=\"font-family:Calibri,sans-serif\"><a href=\"https:\/\/macroattachment.cloud.itau.com.br\/attachments\/11eb2367-fb46-466d-b7f5-5a7a389a562b\/15082024_MACRO_VISAO_Importacoes_China.pdf\" style=\"color:blue; text-decoration:underline\"><span style=\"font-size:14.0pt\">Macro Vis&atilde;o Ita&uacute;| Importa&ccedil;&otilde;es de origem chinesa em alta: aspectos relevantes para a economia brasileira<\/span><\/a><\/span><\/span><\/span><\/p>\r\n\r\n<p style=\"text-align:justify\"><span style=\"font-size:11pt\"><span style=\"line-height:normal\"><span style=\"font-family:Calibri,sans-serif\"><a href=\"https:\/\/www.cnnbrasil.com.br\/economia\/pandemia-expos-relevancia-da-industria-nacional-de-saude-diz-ex-secretario-a-cnn\/\" style=\"color:blue; text-decoration:underline\"><span style=\"font-size:14.0pt\">Pandemia exp&ocirc;s relev&acirc;ncia da ind&uacute;stria nacional de sa&uacute;de, diz ex-secret&aacute;rio &agrave; CNN<\/span><\/a><\/span><\/span><\/span><\/p>\r\n\r\n<p style=\"text-align:justify\"><span style=\"font-size:11pt\"><span style=\"line-height:normal\"><span style=\"font-family:Calibri,sans-serif\"><a href=\"https:\/\/plasticosemrevista.com.br\/a-producao-da-industria-transformadora-deve-crescer-15-este-ano-preve-jose-ricardo-roriz-coelho-da-abiplast\/\" style=\"color:blue; text-decoration:underline\"><span style=\"font-size:14.0pt\">&ldquo;A produ&ccedil;&atilde;o da ind&uacute;stria transformadora deve crescer 1,5% este ano&rdquo;, prev&ecirc; Jos&eacute; Ricardo Roriz Coelho, da Abiplast<\/span><\/a><\/span><\/span><\/span><\/p>\r\n\r\n<p style=\"text-align:justify\"><span style=\"font-size:11pt\"><span style=\"line-height:normal\"><span style=\"font-family:Calibri,sans-serif\"><a href=\"https:\/\/noticias.portaldaindustria.com.br\/noticias\/economia\/atividade-industrial-apresenta-avanco-em-julho-aponta-cni\/\" style=\"color:blue; text-decoration:underline\"><span style=\"font-size:14.0pt\">Atividade industrial apresenta avan&ccedil;o em julho, aponta CNI<\/span><\/a><\/span><\/span><\/span><\/p>\r\n\r\n<p style=\"text-align:justify\"><span style=\"font-size:11pt\"><span style=\"line-height:normal\"><span style=\"font-family:Calibri,sans-serif\"><a href=\"https:\/\/portalibre.fgv.br\/system\/files\/divulgacao\/noticias\/mat-complementar\/2024-08\/Monitor%20do%20PIB-FGV%20-%20Agosto%20de%202024%20-%20Ref.%20de%20junho.pdf\" style=\"color:blue; text-decoration:underline\"><span style=\"font-size:14.0pt\">Monitor do PIB aponta bom resultado do investimento no segundo trimestre do ano<\/span><\/a><\/span><\/span><\/span><\/p>\r\n\r\n<p style=\"text-align:justify\"><span style=\"font-size:11pt\"><span style=\"line-height:normal\"><span style=\"font-family:Calibri,sans-serif\"><a href=\"https:\/\/engenhariacompartilhada.com.br\/noticia\/exibir\/8302813_brasil-precisa-ampliar-investimentos-em-ferrovias-hidrovias-e-armazenagem\" style=\"color:blue; text-decoration:underline\"><span style=\"font-size:14.0pt\">Brasil precisa ampliar investimentos em ferrovias, hidrovias e armazenagem<\/span><\/a><\/span><\/span><\/span><\/p>\r\n\r\n<p style=\"text-align:justify\"><span style=\"font-size:11pt\"><span style=\"line-height:normal\"><span style=\"font-family:Calibri,sans-serif\"><a href=\"https:\/\/www.cnnbrasil.com.br\/economia\/macroeconomia\/alta-em-precos-de-materiais-acelera-inflacao-da-construcao-no-igp-10-diz-fgv\/\" style=\"color:blue; text-decoration:underline\"><span style=\"font-size:14.0pt\">Alta em pre&ccedil;os de materiais acelera infla&ccedil;&atilde;o da constru&ccedil;&atilde;o no IGP-10, diz FGV<\/span><\/a><\/span><\/span><\/span><\/p>\r\n\r\n<p style=\"text-align:justify\"><span style=\"font-size:28pt\"><span style=\"font-family:Cambria,serif\"><span style=\"letter-spacing:-0.5pt\"><b><span style=\"font-size:18.0pt\"><span calibri=\"\" style=\"font-family:\"><span style=\"font-variant:small-caps\">Sustentabilidade<\/span><\/span><\/span><\/b><\/span><\/span><\/span><\/p>\r\n\r\n<p style=\"text-align:justify\"><span style=\"font-size:11pt\"><span style=\"line-height:normal\"><span style=\"font-family:Calibri,sans-serif\"><a href=\"https:\/\/portugaltextil.com\/onu-pede-mais-acao-para-os-residuos-texteis\/?utm_campaign=Portugal+Textil&amp;utm_medium=email&amp;utm_source=RD+Station&amp;utm_term=Portugal+Textil+-+2024-07-18%3ADATEFORMAT%3Ad.m.Y\" style=\"color:blue; text-decoration:underline\"><span style=\"font-size:14.0pt\">ONU pede mais a&ccedil;&atilde;o para os res&iacute;duos t&ecirc;xteis<\/span><\/a><\/span><\/span><\/span><\/p>\r\n\r\n<p style=\"text-align:justify\"><span style=\"font-size:11pt\"><span style=\"line-height:normal\"><span style=\"font-family:Calibri,sans-serif\"><a href=\"https:\/\/www12.senado.leg.br\/noticias\/materias\/2024\/08\/13\/criacao-da-politica-nacional-de-economia-circular-e-aprovada-na-cae\" style=\"color:blue; text-decoration:underline\"><span style=\"font-size:14.0pt\">Cria&ccedil;&atilde;o da Pol&iacute;tica Nacional de Economia Circular &eacute; aprovada na CAE<\/span><\/a><\/span><\/span><\/span><\/p>\r\n\r\n<p style=\"text-align:justify\"><span style=\"font-size:11pt\"><span style=\"line-height:normal\"><span style=\"font-family:Calibri,sans-serif\"><a href=\"https:\/\/blogdoamarildo.com.br\/invencao-gaucha-para-reciclar-restos-de-tecido-vence-premio-patente-do-ano-da-abpi\/\" style=\"color:blue; text-decoration:underline\"><span style=\"font-size:14.0pt\">Inven&ccedil;&atilde;o ga&uacute;cha para reciclar restos de tecido e tecido sint&eacute;tico vence Pr&ecirc;mio Patente do Ano da ABPI<\/span><\/a><\/span><\/span><\/span><\/p>\r\n\r\n<p style=\"text-align:justify\"><span style=\"font-size:28pt\"><span style=\"font-family:Cambria,serif\"><span style=\"letter-spacing:-0.5pt\"><b><span style=\"font-size:18.0pt\"><span calibri=\"\" style=\"font-family:\"><span style=\"font-variant:small-caps\">Inova&ccedil;&atilde;o<\/span><\/span><\/span><\/b><\/span><\/span><\/span><\/p>\r\n\r\n<p style=\"text-align:justify\"><span style=\"font-size:11pt\"><span style=\"line-height:normal\"><span style=\"font-family:Calibri,sans-serif\"><a href=\"https:\/\/www.inovacaotecnologica.com.br\/noticias\/noticia.php?artigo=tecido-inteligente-surpreende-capacidades-multifuncionais&amp;id=010160240815\" style=\"color:blue; text-decoration:underline\"><span style=\"font-size:14.0pt\">Tecido inteligente surpreende com capacidades multifuncionais<\/span><\/a><\/span><\/span><\/span><\/p>\r\n\r\n<p style=\"text-align:justify\"><span style=\"font-size:11pt\"><span style=\"line-height:normal\"><span style=\"font-family:Calibri,sans-serif\"><a href=\"https:\/\/www.inovacaotecnologica.com.br\/noticias\/noticia.php?artigo=nanoplasticos-removidos-agua-mais-98-eficiencia&amp;id=010125240816\" style=\"color:blue; text-decoration:underline\"><span style=\"font-size:14.0pt\">Inova&ccedil;&atilde;o: Nanopl&aacute;sticos s&atilde;o removidos da &aacute;gua com mais de 98% de efici&ecirc;ncia<\/span><\/a><\/span><\/span><\/span><\/p>\r\n\r\n<p style=\"text-align:justify\"><span style=\"font-size:11pt\"><span style=\"line-height:normal\"><span style=\"font-family:Calibri,sans-serif\"><a href=\"https:\/\/phys.org\/news\/2024-08-gold-oyster-shells-repurposed-magic.html?utm_source=nwletter&amp;utm_medium=email&amp;utm_campaign=daily-nwletter\" style=\"color:blue; text-decoration:underline\"><span lang=\"EN-US\" style=\"font-size:14.0pt\">Waste into gold: Oyster shells repurposed as magic &#39;Seawool&#39;<\/span><\/a><\/span><\/span><\/span><\/p>\r\n\r\n<p style=\"text-align:justify\"><span style=\"font-size:28pt\"><span style=\"font-family:Cambria,serif\"><span style=\"letter-spacing:-0.5pt\"><b><span style=\"font-size:18.0pt\"><span calibri=\"\" style=\"font-family:\"><span style=\"font-variant:small-caps\">Com&eacute;rcio Exterior<\/span><\/span><\/span><\/b><\/span><\/span><\/span><\/p>\r\n\r\n<p style=\"text-align:justify\"><span style=\"font-size:11pt\"><span style=\"line-height:normal\"><span style=\"font-family:Calibri,sans-serif\"><a href=\"https:\/\/www.portalin.com.br\/negocios\/apexbrasil-apresenta-as-novidades-do-proex-e-seguro-de-credito-a-exportacao\/\" style=\"color:blue; text-decoration:underline\"><span style=\"font-size:14.0pt\">AUMENTAR A COMPETITIVIDADE: ApexBrasil apresenta as novidades do PROEX e Seguro de Cr&eacute;dito &agrave; Exporta&ccedil;&atilde;o<\/span><\/a><\/span><\/span><\/span><\/p>\r\n\r\n<p style=\"text-align:justify\"><span style=\"font-size:11pt\"><span style=\"line-height:normal\"><span style=\"font-family:Calibri,sans-serif\"><a href=\"https:\/\/portalibre.fgv.br\/system\/files\/2024-08\/icomex_fgv_press-release_agosto2024.pdf\" style=\"color:blue; text-decoration:underline\"><span style=\"font-size:14.0pt\">O volume exportado cresceu em julho em todos os setores de atividade<\/span><\/a><\/span><\/span><\/span><\/p>\r\n\r\n<p style=\"text-align:justify\"><span style=\"font-size:11pt\"><span style=\"line-height:normal\"><span style=\"font-family:Calibri,sans-serif\"><a href=\"https:\/\/apexbrasil.com.br\/br\/pt\/conteudo\/noticias\/think-plastic-brazil-leva-16-empresas-para-a-expo-ferretera--no-.html\" style=\"color:blue; text-decoration:underline\"><span style=\"font-size:14.0pt\">Think Plastic Brazil leva 16 empresas para a Expo Ferretera, no M&eacute;xico<\/span><\/a><\/span><\/span><\/span><\/p>\r\n\r\n<p style=\"text-align:justify\"><span style=\"font-size:11pt\"><span style=\"line-height:normal\"><span style=\"font-family:Calibri,sans-serif\"><a href=\"https:\/\/apexbrasil.com.br\/br\/pt\/conteudo\/noticias\/iv-world-plastic-connection-summit--maior-evento-internacional-d.html\" style=\"color:blue; text-decoration:underline\"><span style=\"font-size:14.0pt\">Em 2025: IV World Plastic Connection Summit, maior evento internacional do setor de pl&aacute;sticos transformados brasileiros, est&aacute; com inscri&ccedil;&otilde;es abertas e gratuitas<\/span><\/a><\/span><\/span><\/span><\/p>\r\n\r\n<p style=\"text-align:justify\"><span style=\"font-size:11pt\"><span style=\"line-height:normal\"><span style=\"font-family:Calibri,sans-serif\"><a href=\"http:\/\/comunidadtextil.com\/wpnews\/2024\/07\/grave-argentina-elimino-el-control-aduanero-al-ingreso-de-articulos-textiles-y-calzado\/?utm_source=email_marketing&amp;utm_admin=28519&amp;utm_medium=email&amp;utm_campaign=NOTICIAS_de_la_Industria_Textil_Confecciones_y_Moda\" style=\"color:blue; text-decoration:underline\"><span style=\"font-size:14.0pt\">Grave: Argentina elimin&oacute; el control aduanero al ingreso de art&iacute;culos textiles y calzado<\/span><\/a><\/span><\/span><\/span><\/p>\r\n\r\n<p style=\"text-align:justify\"><span style=\"font-size:11pt\"><span style=\"line-height:normal\"><span style=\"font-family:Calibri,sans-serif\"><a href=\"http:\/\/comunidadtextil.com\/wpnews\/2024\/07\/europa-busca-eliminar-las-ventajas-aduaneras-que-tienen-las-plataformas-chinas\/?utm_source=email_marketing&amp;utm_admin=28519&amp;utm_medium=email&amp;utm_campaign=NOTICIAS_de_la_Industria_Textil_Confecciones_y_Moda\" style=\"color:blue; text-decoration:underline\"><span style=\"font-size:14.0pt\">Europa busca eliminar las ventajas aduaneras que les concedieron a las plataformas<\/span><\/a><\/span><\/span><\/span><\/p>\r\n\r\n<p style=\"text-align:justify\"><span style=\"font-size:11pt\"><span style=\"line-height:normal\"><span style=\"font-family:Calibri,sans-serif\"><a href=\"http:\/\/comunidadtextil.com\/wpnews\/2024\/07\/la-union-europea-impondra-aranceles-a-las-compras-hechas-en-plataformas-chinas\/?utm_source=email_marketing&amp;utm_admin=28519&amp;utm_medium=email&amp;utm_campaign=NOTICIAS_de_la_Industria_Textil_Confecciones_y_Moda\" style=\"color:blue; text-decoration:underline\"><span style=\"font-size:14.0pt\">La Uni&oacute;n Europea impondr&aacute; aranceles a las compras hechas en plataformas chinas<\/span><\/a><\/span><\/span><\/span><\/p>\r\n\r\n<p style=\"text-align:justify\"><span style=\"font-size:28pt\"><span style=\"font-family:Cambria,serif\"><span style=\"letter-spacing:-0.5pt\"><b><span style=\"font-size:18.0pt\"><span calibri=\"\" style=\"font-family:\"><span style=\"font-variant:small-caps\">Economia<\/span><\/span><\/span><\/b><\/span><\/span><\/span><\/p>\r\n\r\n<p style=\"text-align:justify\"><span style=\"font-size:11pt\"><span style=\"line-height:normal\"><span style=\"font-family:Calibri,sans-serif\"><a href=\"https:\/\/www.bcb.gov.br\/content\/focus\/focus\/R20240816.pdf\" style=\"color:blue; text-decoration:underline\"><span style=\"font-size:14.0pt\">Focus - Relat&oacute;rio de Mercado<\/span><\/a><\/span><\/span><\/span><\/p>\r\n\r\n<p style=\"text-align:justify\"><span style=\"font-size:11pt\"><span style=\"line-height:normal\"><span style=\"font-family:Calibri,sans-serif\"><a href=\"https:\/\/ibre.fgv.br\/sites\/ibre.fgv.br\/files\/arquivos\/u65\/08ce2024_entrevista_roberto_castello_branco.pdf\" style=\"color:blue; text-decoration:underline\"><span style=\"font-size:14.0pt\">&ldquo;Infelizmente, no Brasil as reformas s&atilde;o dilu&iacute;das pelo populismo&rdquo;<\/span><\/a><\/span><\/span><\/span><\/p>\r\n\r\n<p style=\"text-align:justify\"><span style=\"font-size:11pt\"><span style=\"line-height:normal\"><span style=\"font-family:Calibri,sans-serif\"><a href=\"https:\/\/www.fibre2fashion.com\/news\/retail-industry\/us-inflation-expectations-dip-sharply-at-medium-term-horizon-survey-297368-newsdetails.htm\" style=\"color:blue; text-decoration:underline\"><span lang=\"EN-US\" style=\"font-size:14.0pt\">US inflation expectations dip sharply at medium-term horizon: Survey<\/span><\/a><\/span><\/span><\/span><\/p>\r\n\r\n<p style=\"text-align:justify\"><img src=\"https:\/\/www.abint.org.br\/assets\/img\/editor\/redes-sociais-abint-ctg-cth_202406041400398QFSSawN2a.jpg\" \/><\/p>\r\n","6":"<p style=\"text-align:justify\"><span style=\"font-size:11pt\"><span style=\"line-height:normal\"><span style=\"font-family:Calibri,sans-serif\"><span style=\"font-size:14.0pt\">Esta &eacute; uma compila&ccedil;&atilde;o das not&iacute;cias mais relevantes para o setor, incluindo informa&ccedil;&otilde;es sobre acordos internacionais, economia brasileira, sustentabilidade e mat&eacute;rias primas, al&eacute;m de novidades do setor de N&atilde;otecidos e Tecidos T&eacute;cnicos.<\/span><\/span><\/span><\/span><\/p>\r\n\r\n<p style=\"text-align:justify\"><span style=\"font-size:28pt\"><span style=\"font-family:Cambria,serif\"><span style=\"letter-spacing:-0.5pt\"><b><span style=\"font-size:18.0pt\"><span calibri=\"\" style=\"font-family:\"><span style=\"font-variant:small-caps\">A&ccedil;&otilde;es realizadas<\/span><\/span><\/span><\/b><\/span><\/span><\/span><\/p>\r\n\r\n<p style=\"text-align:justify\"><b><img src=\"https:\/\/www.abint.org.br\/assets\/img\/editor\/logo-ctg-abint-png_20240718120356AYjq6yKWjI.png\" style=\"width: 300px; height: 55px;\" \/><\/b><\/p>\r\n\r\n<p style=\"text-align:justify\"><span style=\"font-size:11pt\"><span style=\"line-height:normal\"><span style=\"font-family:Calibri,sans-serif\"><span style=\"font-size:14.0pt\">Nos dias 13 a 15 de agosto o CTG ABINT realizou o Curso Brasileiro de Instala&ccedil;&atilde;o de Geomembranas &ldquo;PAULO KENJI A&Ccedil;AKURA&rdquo; 2024, no Instituto Mau&aacute; de Tecnologia. Em sua 2&ordf; edi&ccedil;&atilde;o, o Curso contou novamente com aulas te&oacute;ricas e pr&aacute;ticas, com a participa&ccedil;&atilde;o de mais de 50 inscritos, entre soldadores, empresas dos segmentos de aterro sanit&aacute;rio e minera&ccedil;&atilde;o, acad&ecirc;micos e integrantes do Comit&ecirc;.<\/span><\/span><\/span><\/span><\/p>\r\n\r\n<p style=\"text-align:justify\"><span style=\"font-size:11pt\"><span style=\"line-height:normal\"><span style=\"font-family:Calibri,sans-serif\"><span style=\"font-size:14.0pt\"><img src=\"https:\/\/www.abint.org.br\/assets\/img\/editor\/20240815-110730_20240821125637MbSoOlm3AL.jpg\" style=\"width: 500px; height: 500px;\" \/><\/span><\/span><\/span><\/span><\/p>\r\n\r\n<p style=\"text-align:justify\"><span style=\"font-size:11pt\"><span style=\"line-height:normal\"><span style=\"font-family:Calibri,sans-serif\"><span style=\"font-size:14.0pt\"><img src=\"https:\/\/www.abint.org.br\/assets\/img\/editor\/20240815-123208_202408211255573POHsdVrXz.jpg\" style=\"width: 500px; height: 500px;\" \/><\/span><\/span><\/span><\/span><\/p>\r\n\r\n<p style=\"text-align:justify\"><span style=\"font-size:11pt\"><span style=\"line-height:normal\"><span style=\"font-family:Calibri,sans-serif\"><span style=\"font-size:14.0pt\">O CTG ABINT prestou uma homenagem ao Eng. Paulo Kenji A&ccedil;akura, falecido esse ano, e que agora empresta seu nome ao Curso. O Eng. Waldemar A&ccedil;kura recebeu a homenagem, representando seu irm&atilde;o.<\/span><\/span><\/span><\/span><\/p>\r\n\r\n<p style=\"text-align:justify\"><br \/>\r\n<img src=\"https:\/\/www.abint.org.br\/assets\/img\/editor\/20240815-150521_20240821125744QGnhozTolg.jpg\" style=\"width: 500px; height: 500px;\" \/><\/p>\r\n\r\n<p style=\"text-align:justify\"><span style=\"font-size:11pt\"><span style=\"line-height:normal\"><span style=\"font-family:Calibri,sans-serif\"><span style=\"font-size:14.0pt\">A Curso contou com sorteio de exemplares do livro MBG &ndash; Manual Brasileiro de Geossint&eacute;ticos, para os participantes que marcam o CTG ABINT em suas postagens no Instagram. E como na edi&ccedil;&atilde;o anterior, houve o quizz com perguntas t&eacute;cnicas e pr&ecirc;mios especiais para os primeiros colocados.<\/span><\/span><\/span><\/span><\/p>\r\n\r\n<p style=\"text-align:justify\"><span style=\"font-size:11pt\"><span style=\"line-height:normal\"><span style=\"font-family:Calibri,sans-serif\"><span style=\"font-size:14.0pt\"><img src=\"https:\/\/www.abint.org.br\/assets\/img\/editor\/20240815-161910_202408211259155MiKlYLIJ5.jpg\" style=\"width: 500px; height: 375px;\" \/><\/span><\/span><\/span><\/span><\/p>\r\n\r\n<p style=\"text-align:justify\"><span style=\"font-size:11pt\"><span style=\"line-height:normal\"><span style=\"font-family:Calibri,sans-serif\"><span style=\"font-size:14.0pt\"><img src=\"https:\/\/www.abint.org.br\/assets\/img\/editor\/20240815-162058_20240821125953UOgi4qZ1Wv.jpg\" style=\"width: 500px; height: 375px;\" \/><\/span><\/span><\/span><\/span><\/p>\r\n\r\n<p style=\"text-align:justify\"><span style=\"font-size:28pt\"><span style=\"font-family:Cambria,serif\"><span style=\"letter-spacing:-0.5pt\"><b><span style=\"font-size:18.0pt\"><span calibri=\"\" style=\"font-family:\"><span style=\"font-variant:small-caps\">O que vem por a&iacute;<\/span><\/span><\/span><\/b><\/span><\/span><\/span><\/p>\r\n\r\n<p style=\"text-align:justify\"><b><img src=\"https:\/\/www.abint.org.br\/assets\/img\/editor\/logo-ctg-abint-png_20240718120356AYjq6yKWjI.png\" style=\"width: 300px; height: 55px;\" \/><\/b><\/p>\r\n\r\n<p><b><img src=\"https:\/\/www.abint.org.br\/assets\/img\/editor\/20240924-cobramseg-2024_20240718120541ztVNeqlLuA.png\" \/><\/b><\/p>\r\n\r\n<p><b>O CTG ABINT &eacute; um dos patrocinadores da 21&ordf; edi&ccedil;&atilde;o do Cobramseg &ndash; Congresso Brasileiro de Mec&acirc;nica dos Solos e Engenharia Geot&eacute;cnica.<\/b><\/p>\r\n\r\n<p>&ldquo;<i>Nos reunimos para celebrar a Mec&acirc;nica dos Solos e das Rochas, da GeoEngenharia! Academia, Ind&uacute;stria e &Oacute;rg&atilde;os Gestores unidos para expor seus avan&ccedil;os t&eacute;cnicos e cient&iacute;ficos. Um ambiente rico e diverso que nos permite debater solu&ccedil;&otilde;es e a&ccedil;&otilde;es de forma a fortalecer nossa comunidade geot&eacute;cnica, visando proporcionar um desenvolvimento mais sustent&aacute;vel e seguro para a nossa sociedade<\/i>.&rdquo; V&iacute;tor Pereira Faro, Presidente do COBRAMSEG 2024<\/p>\r\n\r\n<p><a href=\"http:\/\/www.cobramseg.com.br\/\">www.cobramseg.com.br<\/a><\/p>\r\n\r\n<p>&nbsp;<\/p>\r\n\r\n<p><b><img src=\"https:\/\/www.abint.org.br\/assets\/img\/editor\/fenasan-2024_202407181205570iB7KW1OZ4.jpg\" \/><\/b><\/p>\r\n\r\n<p>O&nbsp;<b>CTG ABINT apoia a Feira Nacional de Saneamento e Meio Ambiente &ndash; Fenasan e do 35&ordm; Encontro T&eacute;cnico AESabesp, que ocorrer&atilde;o de 22 a 24 de outubro de 2024<\/b>, no Pavilh&atilde;o Verde e Vermelho, no Expo Center Norte, em S&atilde;o Paulo. Trata-se do maior evento de saneamento da Am&eacute;rica Latin. A realiza&ccedil;&atilde;o &eacute; da AESabesp &ndash; Associa&ccedil;&atilde;o dos Engenheiros da Sabesp.<\/p>\r\n\r\n<p><i>O tema central desta edi&ccedil;&atilde;o &eacute; &ldquo;Saneamento ambiental: condi&ccedil;&atilde;o fundamental para o enfrentamento das mudan&ccedil;as clim&aacute;ticas&rdquo;. Com um p&uacute;blico tradicionalmente de 22 mil visitantes e alinhada aos ODS &ndash; Objetivos de Desenvolvimento Sustent&aacute;vel estabelecidos pela ONU e aos conceitos de ESG, a edi&ccedil;&atilde;o 2024 continuar&aacute; ampliando o di&aacute;logo em torno das quest&otilde;es de saneamento ambiental, meio ambiente e sustentabilidade e promovendo o compartilhamento de conhecimento altamente qualificado.<\/i><\/p>\r\n\r\n<p><a href=\"http:\/\/www.fenasan.com.br\/\">www.fenasan.com.br<\/a><\/p>\r\n\r\n<p>&nbsp;<\/p>\r\n\r\n<p><b><img src=\"https:\/\/www.abint.org.br\/assets\/img\/editor\/cth-logo-alta-jpg_2024071812065399MMBUXZze.jpg\" style=\"width: 300px; height: 68px;\" \/><\/b><\/p>\r\n\r\n<p><b><img src=\"https:\/\/www.abint.org.br\/assets\/img\/editor\/hospitalmed-2024-logo_20240718120628FoV3In8yB5.png\" style=\"width: 500px; height: 448px;\" \/><\/b><\/p>\r\n\r\n<p><b>O CTH ABINT &eacute; um dos patrocinadores da HospitalMed 2024.<\/b><\/p>\r\n\r\n<p>&ldquo;<i>A melhor e Mais Completa Feira de Sa&uacute;de do Norte\/Nordeste<\/i>&rdquo;, &eacute; uma realiza&ccedil;&atilde;o da HospitalMed Feiras &amp; Eventos e da Insight Feiras de Neg&oacute;cios.<\/p>\r\n\r\n<p><i>&ldquo;O&nbsp;<b>re&uacute;ne toda a cadeia produtiva do setor de sa&uacute;de das regi&otilde;es Norte\/Nordeste<\/b>. &Eacute; o grande encontro de fornecedores de Produtos, Equipamentos, Servi&ccedil;os, Tecnologia e Conte&uacute;do para Hospitais, Laborat&oacute;rios, Farm&aacute;cias, Cl&iacute;nicas, Consult&oacute;rios e Profissionais da Sa&uacute;de&rdquo;.<\/i><\/p>\r\n\r\n<p><a href=\"http:\/\/www.hospitalmed.com.br\/\">www.hospitalmed.com.br<\/a><\/p>\r\n\r\n<p><span style=\"font-size:28pt\"><span style=\"font-family:Cambria,serif\"><span style=\"letter-spacing:-0.5pt\"><b><span style=\"font-size:18.0pt\"><span calibri=\"\" style=\"font-family:\"><span style=\"font-variant:small-caps\">Not&iacute;cias das Associadas<\/span><\/span><\/span><\/b><\/span><\/span><\/span><\/p>\r\n\r\n<p style=\"text-align:justify\"><span style=\"font-size:11pt\"><span style=\"line-height:normal\"><span style=\"font-family:Calibri,sans-serif\"><a href=\"https:\/\/plasticosemrevista.com.br\/packing-group-deslancha-em-gofrados-e-stretch-com-compra-da-soft-film\/\" style=\"color:blue; text-decoration:underline\"><span lang=\"ES-AR\" style=\"font-size:14.0pt\">ABINT | N&atilde;otecidos: mercado de descart&aacute;veis higi&ecirc;nicos avan&ccedil;a aos poucos<\/span><\/a><\/span><\/span><\/span><\/p>\r\n\r\n<p style=\"text-align:justify\"><span style=\"font-size:11pt\"><span style=\"line-height:normal\"><span style=\"font-family:Calibri,sans-serif\"><a href=\"https:\/\/www.technicaltextile.net\/news\/finnish-firm-suominen-posts-net-sales-of-253-6-mn-in-h1-fy24-297300.html\" style=\"color:blue; text-decoration:underline\"><span lang=\"ES-AR\" style=\"font-size:14.0pt\">Finnish firm Suominen posts net sales of $253.6 mn in H1 FY24<\/span><\/a><\/span><\/span><\/span><\/p>\r\n\r\n<p style=\"text-align:justify\">&nbsp;<\/p>\r\n\r\n<p style=\"text-align:justify\"><span style=\"font-size:11pt\"><span style=\"line-height:normal\"><span style=\"font-family:Calibri,sans-serif\"><b><span style=\"font-size:18.0pt\"><span style=\"font-variant:small-caps\">Eventos<\/span><\/span><\/b><\/span><\/span><\/span><\/p>\r\n\r\n<p style=\"text-align:justify\"><span style=\"font-size:11pt\"><span style=\"line-height:normal\"><span style=\"font-family:Calibri,sans-serif\"><a href=\"http:\/\/www.feiplar.com\" style=\"color:blue; text-decoration:underline\"><b><span style=\"font-size:14.0pt\">FEIPLAR COMPOSITES &amp; FEIPUR &ndash; Feira e Congresso Internacionais de Composites, Poliuretano, Pl&aacute;sticos de Engenharia e Compostos Termopl&aacute;sticos<\/span><\/b><\/a><span style=\"font-size:14.0pt\">, 20 a 22 de agosto de 2024, S&atilde;o Paulo Expo (Pavilh&atilde;o 5), palestras: das 8h30 &agrave;s 18h, feira: das 13h &agrave;s 20h<\/span><\/span><\/span><\/span><\/p>\r\n\r\n<p style=\"text-align:justify\"><span style=\"font-size:11pt\"><span style=\"line-height:normal\"><span style=\"font-family:Calibri,sans-serif\"><a href=\"http:\/\/www.techtextil-north-america.us.messefrankfurt.com\" style=\"color:blue; text-decoration:underline\"><b><span lang=\"EN-US\" style=\"font-size:14.0pt\">Techtextil North America 2024<\/span><\/b><\/a><span lang=\"EN-US\" style=\"font-size:14.0pt\">, August 20 &ndash; 24, Raleigh, North Carolina<\/span><\/span><\/span><\/span><\/p>\r\n\r\n<p style=\"text-align:justify\"><span style=\"font-size:11pt\"><span style=\"line-height:normal\"><span style=\"font-family:Calibri,sans-serif\"><b><span style=\"font-size:14.0pt\">Anaph | 3&ordf; F&oacute;rum Anahp de Lideran&ccedil;as da Enfermagem<\/span><\/b><span style=\"font-size:14.0pt\">, 21 de agosto de 2024, &agrave;s 8h30, evento presencial<\/span><\/span><\/span><\/span><\/p>\r\n\r\n<p style=\"text-align:justify\"><span style=\"font-size:11pt\"><span style=\"line-height:normal\"><span style=\"font-family:Calibri,sans-serif\"><a href=\"https:\/\/crm-apps.apexbrasil.com.br\/orgbdeab873\/inscricao-eventos\/evento\/oficina-de-competitividade-como-apresentar-seus-produtos-e-servicos-para-parceiros-e-clientes-int\/50447565-710d-44f6-b8df-a96714022cf7?utm_source=EMarketing&amp;msdynttrid=YOeJe3mRHjc3LojyMvxNFt9WIMCARWnEV6uWPrwSD3E\" style=\"color:blue; text-decoration:underline\"><b><span style=\"font-size:14.0pt\">Apex Brasil | Como apresentar produtos e servi&ccedil;os para parceiros e clientes Internacionais<\/span><\/b><\/a><span style=\"font-size:14.0pt\">, 22 e 27 de agosto de 2024, Evento Online<\/span><\/span><\/span><\/span><\/p>\r\n\r\n<p style=\"text-align:justify\"><span style=\"font-size:11pt\"><span style=\"line-height:normal\"><span style=\"font-family:Calibri,sans-serif\"><a href=\"https:\/\/www.conceitoseminarios.com.br\/seminario\/6-forum-novo-marco-do-saneamento\/\" style=\"color:blue; text-decoration:underline\"><b><span style=\"font-size:14.0pt\">6&ordm; F&oacute;rum Novo Marco do Saneamento<\/span><\/b><\/a><span style=\"font-size:14.0pt\">, 29 de agosto de 2024, 08h30 &agrave;s 18h00, Hotel Meli&aacute; Jardim Europa, Rua Jo&atilde;o Cachoeira, 107, Itaim Bibi, S&atilde;o Paulo<\/span><\/span><\/span><\/span><\/p>\r\n\r\n<p style=\"text-align:justify\"><span style=\"font-size:11pt\"><span style=\"line-height:normal\"><span style=\"font-family:Calibri,sans-serif\"><a href=\"https:\/\/www.recy-plastech.com\/\" style=\"color:blue; text-decoration:underline\"><b><span style=\"font-size:14.0pt\">Recy-Plastech 2024 &ndash; Semin&aacute;rio Internacional de Sustentabilidade e Reciclagem de Pl&aacute;sticos<\/span><\/b><\/a><span style=\"font-size:14.0pt\">, 11 e 12 de setembro de 2024, Milenium Centro de Conven&ccedil;&otilde;es, Rua Dr. Bacelar, 1.043, Vila Clementino, S&atilde;o Paulo, SP<\/span><\/span><\/span><\/span><\/p>\r\n\r\n<p style=\"text-align:justify\"><span style=\"font-size:11pt\"><span style=\"line-height:normal\"><span style=\"font-family:Calibri,sans-serif\"><a href=\"https:\/\/cbplastico.com.br\/2024\/\" style=\"color:blue; text-decoration:underline\"><b><span style=\"font-size:14.0pt\">5&ordm; Congresso Brasileiro do Pl&aacute;stico<\/span><\/b><\/a><span style=\"font-size:14.0pt\">, 12 de setembro de 2024, evento h&iacute;brido, Casa Bisutti, Rua Casa do Ator, 577, Vila Ol&iacute;mpia, S&atilde;o Paulo, SP<\/span><\/span><\/span><\/span><\/p>\r\n\r\n<p style=\"text-align:justify\"><span style=\"font-size:11pt\"><span style=\"line-height:normal\"><span style=\"font-family:Calibri,sans-serif\"><a href=\"https:\/\/www.aatcc.org\/summit\/\" style=\"color:blue; text-decoration:underline\"><b><span lang=\"EN-US\" style=\"font-size:14.0pt\">AATCC&#39;s Textile Discovery Summit<\/span><\/b><\/a><span lang=\"EN-US\" style=\"font-size:14.0pt\">, 6 a 8 de outubro de 2024, The Westin Savannah Harbor&nbsp;<\/span><\/span><\/span><\/span><span style=\"font-size:11pt\"><span style=\"line-height:normal\"><span style=\"font-family:Calibri,sans-serif\"><span style=\"font-size:14.0pt\">1 Resort Drive, Savannah, Ge&oacute;rgia, EUA<\/span><\/span><\/span><\/span><\/p>\r\n\r\n<p style=\"text-align:justify\"><span style=\"font-size:11pt\"><span style=\"line-height:normal\"><span style=\"font-family:Calibri,sans-serif\"><a href=\"http:\/\/www.fenasan.com.br\" style=\"color:blue; text-decoration:underline\"><b><span style=\"font-size:14.0pt\">Fenasan 2024 &ndash; Feira Nacional de Saneamento e Meio Ambiente<\/span><\/b><\/a><span style=\"font-size:14.0pt\">, 22 a 24 de outubro de 2024, Pavilh&otilde;es Verde e Vermelho, Expo Center Norte, S&atilde;o Paulo SP<\/span><\/span><\/span><\/span><\/p>\r\n\r\n<p style=\"text-align:justify\"><span style=\"font-size:11pt\"><span style=\"line-height:normal\"><span style=\"font-family:Calibri,sans-serif\"><a href=\"http:\/\/www.hospitalmed.com.br\" style=\"color:blue; text-decoration:underline\"><b><span style=\"font-size:14.0pt\">HospitalMed 2024<\/span><\/b><\/a><span style=\"font-size:14.0pt\">, 23 a 25 de outubro, das 14h &agrave;s 20h, no Pernambuco Centro de Conven&ccedil;&otilde;es<\/span><\/span><\/span><\/span><\/p>\r\n\r\n<p style=\"text-align:justify\"><span style=\"font-size:11pt\"><span style=\"line-height:normal\"><span style=\"font-family:Calibri,sans-serif\"><a href=\"https:\/\/www.abnteducacao.com.br\/Simbologia_de_cuidados_aplicada_a_Etiquetagem_de_Texteis_ABNT_NBR_NM_ISO_3758\" style=\"color:blue; text-decoration:underline\"><b><span style=\"font-size:14.0pt\">Simbologia de cuidados aplicada a Etiquetagem de T&ecirc;xteis<\/span><\/b><\/a><span style=\"font-size:14.0pt\">, 23 e 24 de outubro de 2024, 8h30 &agrave;s 17h30, evento online<\/span><\/span><\/span><\/span><\/p>\r\n\r\n<p style=\"text-align:justify\"><span style=\"font-size:11pt\"><span style=\"line-height:normal\"><span style=\"font-family:Calibri,sans-serif\"><a href=\"https:\/\/b20brazil.org\/#msdynttrid=6zt-Ug2nJO0FDfhoU9K0en-twuGAoU5aPF8EQm7neRo\" style=\"color:blue; text-decoration:underline\"><b><span lang=\"EN-US\" style=\"font-size:14.0pt\">B20 Summit Brasil 2024 - Inclusive Growth for a Sustainable Future<\/span><\/b><\/a><span lang=\"EN-US\" style=\"font-size:14.0pt\">, October 24th - 25th, 2024, Clube Atl&eacute;tico Monte L&iacute;bano, S&atilde;o Paulo, SP<\/span><\/span><\/span><\/span><\/p>\r\n\r\n<p style=\"text-align:justify\"><span style=\"font-size:11pt\"><span style=\"line-height:normal\"><span style=\"font-family:Calibri,sans-serif\"><a href=\"http:\/\/www.congressoabit.com.br\" style=\"color:blue; text-decoration:underline\"><b><span style=\"font-size:14.0pt\">Congresso Internacional Abit 2024<\/span><\/b><\/a><span style=\"font-size:14.0pt\">, 30 e 31 de outubro, Salvador, Bahia<\/span><\/span><\/span><\/span><\/p>\r\n\r\n<p style=\"text-align:justify\"><span style=\"font-size:11pt\"><span style=\"line-height:normal\"><span style=\"font-family:Calibri,sans-serif\"><a href=\"https:\/\/www.fimec.com.br\/\" style=\"color:blue; text-decoration:underline\"><b><span style=\"font-size:14.0pt\">Fimec 2025<\/span><\/b><\/a><span style=\"font-size:14.0pt\">, 18 a 20 de mar&ccedil;o, Fenac, Novo Hamburgo, RS<\/span><\/span><\/span><\/span><\/p>\r\n\r\n<p style=\"text-align:justify\"><span style=\"font-size:28pt\"><span style=\"font-family:Cambria,serif\"><span style=\"letter-spacing:-0.5pt\"><b><span style=\"font-size:18.0pt\"><span calibri=\"\" style=\"font-family:\"><span style=\"font-variant:small-caps\">Setor<\/span><\/span><\/span><\/b><\/span><\/span><\/span><\/p>\r\n\r\n<p style=\"text-align:justify\"><span style=\"font-size:11pt\"><span style=\"line-height:normal\"><span style=\"font-family:Calibri,sans-serif\"><a href=\"https:\/\/public-api.wordpress.com\/bar\/?stat=groovemails-events&amp;bin=wpcom_email_click&amp;redirect_to=https%3A%2F%2Fblogdoplastico.wordpress.com%2F2024%2F08%2F14%2Fsinplast-rs-lanca-no-brasil-edicao-impressa-e-traduzida-do-livro-o-paradoxo-dos-plasticos%2F&amp;sr=0&amp;signature=0676cde0219fb3fbbad0c481a6fd9afc&amp;blog_id=9438832&amp;user=135099004&amp;_e=eyJlcnJvciI6bnVsbCwiYmxvZ19pZCI6OTQzODgzMiwiYmxvZ19sYW5nIjoicHQtQlIiLCJzaXRlX2lkX2xhYmVsIjoid3Bjb20iLCJoYXNfZmVhdHVyZWRfaW1hZ2UiOiIwIiwic3Vic2NyaWJlcl9pZCI6IjQ0NzAwMjQ1IiwiX3VpIjoxMzUwOTkwMDQsImxvY2FsZSI6InB0LWJyIiwiY3VycmVuY3kiOiJCUkwiLCJjb3VudHJ5X2NvZGVfc2lnbnVwIjoiQlIiLCJzaWdudXBfZmxvd19uYW1lIjoiZGVsdGEtc2l0ZSIsImVtYWlsX2RvbWFpbiI6ImFiaW50Lm9yZy5iciIsInBvc3RfaWQiOjE4NDQzLCJ1c2VyX2VtYWlsIjoiYWJpbnRAYWJpbnQub3JnLmJyIiwiZGF0ZV9zZW50IjoiMjAyNC0wOC0xNCIsImVtYWlsX2lkIjoiMzM0MTlkMWE0ZWU0ZTMwZTFkZWVjNmNhZTRhODU5OTAiLCJlbWFpbF9uYW1lIjoibmV3LXBvc3QiLCJ0ZW1wbGF0ZSI6Im5ldy1wb3N0IiwibGlua19kZXNjIjoicG9zdC11cmwiLCJhbmNob3JfdGV4dCI6IlNpbnBsYXN0XHUyMDExUlMgbGFuXHUwMGU3YSBubyBCcmFzaWwgZWRpXHUwMGU3XHUwMGUzbyBpbXByZXNzYSBlIHRyYWR1emlkYSBkbyBsaXZybyBcdTIwMWNPIFBhcmFkb3hvIGRvc1x1MDBhMFBsXHUwMGUxc3RpY29zXHUyMDFkIiwiX2RyIjpudWxsLCJfZGwiOiJcL3dwLWFkbWluXC9wb3N0LnBocCIsIl91dCI6IndwY29tOnVzZXJfaWQiLCJfdWwiOiJhYmludHR0IiwiX2VuIjoid3Bjb21fZW1haWxfY2xpY2siLCJfdHMiOjE3MjM2NDM2OTQ2NTAsImJyb3dzZXJfdHlwZSI6InBocC1hZ2VudCIsIl9hdWEiOiJ3cGNvbS10cmFja3MtY2xpZW50LXYwLjMiLCJibG9nX3R6IjoiLTMiLCJ1c2VyX2xhbmciOiJwdC1iciJ9&amp;_z=z\" style=\"color:blue; text-decoration:underline\"><span style=\"font-size:14.0pt\">Sinplast\u2011RS lan&ccedil;a no Brasil edi&ccedil;&atilde;o impressa e traduzida do livro &ldquo;O Paradoxo dos&nbsp;Pl&aacute;sticos&rdquo;<\/span><\/a><\/span><\/span><\/span><\/p>\r\n\r\n<p style=\"text-align:justify\"><span style=\"font-size:11pt\"><span style=\"line-height:normal\"><span style=\"font-family:Calibri,sans-serif\"><a href=\"https:\/\/public-api.wordpress.com\/bar\/?stat=groovemails-events&amp;bin=wpcom_email_click&amp;redirect_to=https%3A%2F%2Fblogdoplastico.wordpress.com%2F2024%2F08%2F19%2Fcongresso-brasileiro-do-plastico-anuncia-quinta-edicao-com-a-presenca-de-chris-dearmitt-autor-do-livro-o-paradoxo-dos-plasticos%2F&amp;sr=0&amp;signature=4f261bd47cf9a744b4aa40b8d3693f93&amp;blog_id=9438832&amp;user=135099004&amp;_e=eyJlcnJvciI6bnVsbCwiYmxvZ19pZCI6OTQzODgzMiwiYmxvZ19sYW5nIjoicHQtQlIiLCJzaXRlX2lkX2xhYmVsIjoid3Bjb20iLCJoYXNfZmVhdHVyZWRfaW1hZ2UiOiIwIiwic3Vic2NyaWJlcl9pZCI6IjQ0NzAwMjQ1IiwiX3VpIjoxMzUwOTkwMDQsImxvY2FsZSI6InB0LWJyIiwiY3VycmVuY3kiOiJCUkwiLCJjb3VudHJ5X2NvZGVfc2lnbnVwIjoiQlIiLCJzaWdudXBfZmxvd19uYW1lIjoiZGVsdGEtc2l0ZSIsImVtYWlsX2RvbWFpbiI6ImFiaW50Lm9yZy5iciIsInBvc3RfaWQiOjE4NTA3LCJ1c2VyX2VtYWlsIjoiYWJpbnRAYWJpbnQub3JnLmJyIiwiZGF0ZV9zZW50IjoiMjAyNC0wOC0xOSIsImVtYWlsX2lkIjoiZDFmYjdiN2RlMWExOTY0YTBhMDE5YzM3MzJmYmY1NTMiLCJlbWFpbF9uYW1lIjoibmV3LXBvc3QiLCJ0ZW1wbGF0ZSI6Im5ldy1wb3N0IiwibGlua19kZXNjIjoicG9zdC11cmwiLCJhbmNob3JfdGV4dCI6IkNvbmdyZXNzbyBCcmFzaWxlaXJvIGRvIFBsXHUwMGUxc3RpY28gYW51bmNpYSBxdWludGEgZWRpXHUwMGU3XHUwMGUzbyBjb20gYSBwcmVzZW5cdTAwZTdhIGRlIENocmlzIERlQXJtaXR0LCBhdXRvciBkbyBsaXZybyBcdTIwMWNPIFBhcmFkb3hvIGRvc1x1MDBhMFBsXHUwMGUxc3RpY29zXHUyMDFkIiwiX2RyIjpudWxsLCJfZGwiOiJcL3dwLWFkbWluXC9wb3N0LnBocCIsIl91dCI6IndwY29tOnVzZXJfaWQiLCJfdWwiOiJhYmludHR0IiwiX2VuIjoid3Bjb21fZW1haWxfY2xpY2siLCJfdHMiOjE3MjQxMDE3MTY0MjIsImJyb3dzZXJfdHlwZSI6InBocC1hZ2VudCIsIl9hdWEiOiJ3cGNvbS10cmFja3MtY2xpZW50LXYwLjMiLCJibG9nX3R6IjoiLTMiLCJ1c2VyX2xhbmciOiJwdC1iciJ9&amp;_z=z\" style=\"color:blue; text-decoration:underline\"><span style=\"font-size:14.0pt\">Congresso Brasileiro do Pl&aacute;stico anuncia quinta edi&ccedil;&atilde;o com a presen&ccedil;a de Chris DeArmitt, autor do livro &ldquo;O Paradoxo dos Pl&aacute;sticos&rdquo;<\/span><\/a><\/span><\/span><\/span><\/p>\r\n\r\n<p style=\"text-align:justify\"><span style=\"font-size:11pt\"><span style=\"line-height:normal\"><span style=\"font-family:Calibri,sans-serif\"><a href=\"https:\/\/public-api.wordpress.com\/bar\/?stat=groovemails-events&amp;bin=wpcom_email_click&amp;redirect_to=https%3A%2F%2Fblogdoplastico.wordpress.com%2F2024%2F08%2F16%2Finterplast-celebra-mercado-aquecido-e-fomenta-sustentabilidade-na-industria-plastica%2F&amp;sr=0&amp;signature=56a142221d94f238ed714b1c1d444b9e&amp;blog_id=9438832&amp;user=135099004&amp;_e=eyJlcnJvciI6bnVsbCwiYmxvZ19pZCI6OTQzODgzMiwiYmxvZ19sYW5nIjoicHQtQlIiLCJzaXRlX2lkX2xhYmVsIjoid3Bjb20iLCJoYXNfZmVhdHVyZWRfaW1hZ2UiOiIwIiwic3Vic2NyaWJlcl9pZCI6IjQ0NzAwMjQ1IiwiX3VpIjoxMzUwOTkwMDQsImxvY2FsZSI6InB0LWJyIiwiY3VycmVuY3kiOiJCUkwiLCJjb3VudHJ5X2NvZGVfc2lnbnVwIjoiQlIiLCJzaWdudXBfZmxvd19uYW1lIjoiZGVsdGEtc2l0ZSIsImVtYWlsX2RvbWFpbiI6ImFiaW50Lm9yZy5iciIsInBvc3RfaWQiOjE4NDYyLCJ1c2VyX2VtYWlsIjoiYWJpbnRAYWJpbnQub3JnLmJyIiwiZGF0ZV9zZW50IjoiMjAyNC0wOC0xNiIsImVtYWlsX2lkIjoiZjNhZjhmNjY0ZmEwMDJjY2Q4NzI2YTNmZDQxN2ViOTkiLCJlbWFpbF9uYW1lIjoibmV3LXBvc3QiLCJ0ZW1wbGF0ZSI6Im5ldy1wb3N0IiwibGlua19kZXNjIjoicG9zdC11cmwiLCJhbmNob3JfdGV4dCI6IkludGVycGxhc3QgY2VsZWJyYSBtZXJjYWRvIGFxdWVjaWRvIGUgZm9tZW50YSBzdXN0ZW50YWJpbGlkYWRlIG5hIGluZFx1MDBmYXN0cmlhXHUwMGEwcGxcdTAwZTFzdGljYSIsIl9kciI6bnVsbCwiX2RsIjoiXC93cC1hZG1pblwvcG9zdC5waHAiLCJfdXQiOiJ3cGNvbTp1c2VyX2lkIiwiX3VsIjoiYWJpbnR0dCIsIl9lbiI6IndwY29tX2VtYWlsX2NsaWNrIiwiX3RzIjoxNzIzODE2MjUxMjc5LCJicm93c2VyX3R5cGUiOiJwaHAtYWdlbnQiLCJfYXVhIjoid3Bjb20tdHJhY2tzLWNsaWVudC12MC4zIiwiYmxvZ190eiI6Ii0zIiwidXNlcl9sYW5nIjoicHQtYnIifQ=&amp;_z=z\" style=\"color:blue; text-decoration:underline\"><span style=\"font-size:14.0pt\">Interplast celebra mercado aquecido e fomenta sustentabilidade na ind&uacute;stria&nbsp;pl&aacute;stica<\/span><\/a> <\/span><\/span><\/span><\/p>\r\n\r\n<p style=\"text-align:justify\"><span style=\"font-size:11pt\"><span style=\"line-height:normal\"><span style=\"font-family:Calibri,sans-serif\"><a href=\"https:\/\/plasticosemrevista.com.br\/braskem-fecha-1o-semestre-com-insatisfatoria-ocupacao-da-capacidade-no-brasil\/\" style=\"color:blue; text-decoration:underline\"><span style=\"font-size:14.0pt\">Braskem fecha 1&ordm; semestre com insatisfat&oacute;ria ocupa&ccedil;&atilde;o da capacidade no Brasil<\/span><\/a><\/span><\/span><\/span><\/p>\r\n\r\n<p style=\"text-align:justify\"><span style=\"font-size:11pt\"><span style=\"line-height:normal\"><span style=\"font-family:Calibri,sans-serif\"><a href=\"https:\/\/plasticosemrevista.com.br\/casa-branca-veta-compra-de-plasticos-de-uso-unico\/\" style=\"color:blue; text-decoration:underline\"><span style=\"font-size:14.0pt\">Casa Branca veta compra de pl&aacute;sticos de uso &uacute;nico<\/span><\/a><\/span><\/span><\/span><\/p>\r\n\r\n<p style=\"text-align:justify\"><span style=\"font-size:11pt\"><span style=\"line-height:normal\"><span style=\"font-family:Calibri,sans-serif\"><a href=\"https:\/\/www.openpr.com\/news\/3619827\/geotextile-industry-to-witness-massive-growth-2024-2031\" style=\"color:blue; text-decoration:underline\"><span lang=\"EN-US\" style=\"font-size:14.0pt\">Geotextile Industry to Witness Massive Growth (2024-2031)<\/span><\/a><\/span><\/span><\/span><\/p>\r\n\r\n<p style=\"text-align:justify\"><span style=\"font-size:11pt\"><span style=\"line-height:normal\"><span style=\"font-family:Calibri,sans-serif\"><a href=\"https:\/\/tissueonline.com.br\/kimberly-clark-fecha-sua-fabrica-no-chile\/\" style=\"color:blue; text-decoration:underline\"><span style=\"font-size:14.0pt\">Kimberly-Clark fecha sua f&aacute;brica no Chile<\/span><\/a><\/span><\/span><\/span><\/p>\r\n\r\n<p style=\"text-align:justify\"><span style=\"font-size:11pt\"><span style=\"line-height:normal\"><span style=\"font-family:Calibri,sans-serif\"><a href=\"https:\/\/tissueonline.com.br\/em-meio-a-consolidacao-de-gigantes-desafios-de-custos-e-oportunidades-no-consumo-movimentam-mercado-de-papel-tissue\/\" style=\"color:blue; text-decoration:underline\"><span style=\"font-size:14.0pt\">Em meio a consolida&ccedil;&atilde;o de gigantes, desafios de custos e oportunidades no consumo movimentam mercado de papel tissue<\/span><\/a><\/span><\/span><\/span><\/p>\r\n\r\n<p style=\"text-align:justify\"><span style=\"font-size:28pt\"><span style=\"font-family:Cambria,serif\"><span style=\"letter-spacing:-0.5pt\"><b><span style=\"font-size:18.0pt\"><span calibri=\"\" style=\"font-family:\"><span style=\"font-variant:small-caps\">Ind&uacute;stria<\/span><\/span><\/span><\/b><\/span><\/span><\/span><\/p>\r\n\r\n<p style=\"text-align:justify\"><span style=\"font-size:11pt\"><span style=\"line-height:normal\"><span style=\"font-family:Calibri,sans-serif\"><a href=\"https:\/\/macroattachment.cloud.itau.com.br\/attachments\/11eb2367-fb46-466d-b7f5-5a7a389a562b\/15082024_MACRO_VISAO_Importacoes_China.pdf\" style=\"color:blue; text-decoration:underline\"><span style=\"font-size:14.0pt\">Macro Vis&atilde;o Ita&uacute;| Importa&ccedil;&otilde;es de origem chinesa em alta: aspectos relevantes para a economia brasileira<\/span><\/a><\/span><\/span><\/span><\/p>\r\n\r\n<p style=\"text-align:justify\"><span style=\"font-size:11pt\"><span style=\"line-height:normal\"><span style=\"font-family:Calibri,sans-serif\"><a href=\"https:\/\/www.cnnbrasil.com.br\/economia\/pandemia-expos-relevancia-da-industria-nacional-de-saude-diz-ex-secretario-a-cnn\/\" style=\"color:blue; text-decoration:underline\"><span style=\"font-size:14.0pt\">Pandemia exp&ocirc;s relev&acirc;ncia da ind&uacute;stria nacional de sa&uacute;de, diz ex-secret&aacute;rio &agrave; CNN<\/span><\/a><\/span><\/span><\/span><\/p>\r\n\r\n<p style=\"text-align:justify\"><span style=\"font-size:11pt\"><span style=\"line-height:normal\"><span style=\"font-family:Calibri,sans-serif\"><a href=\"https:\/\/plasticosemrevista.com.br\/a-producao-da-industria-transformadora-deve-crescer-15-este-ano-preve-jose-ricardo-roriz-coelho-da-abiplast\/\" style=\"color:blue; text-decoration:underline\"><span style=\"font-size:14.0pt\">&ldquo;A produ&ccedil;&atilde;o da ind&uacute;stria transformadora deve crescer 1,5% este ano&rdquo;, prev&ecirc; Jos&eacute; Ricardo Roriz Coelho, da Abiplast<\/span><\/a><\/span><\/span><\/span><\/p>\r\n\r\n<p style=\"text-align:justify\"><span style=\"font-size:11pt\"><span style=\"line-height:normal\"><span style=\"font-family:Calibri,sans-serif\"><a href=\"https:\/\/noticias.portaldaindustria.com.br\/noticias\/economia\/atividade-industrial-apresenta-avanco-em-julho-aponta-cni\/\" style=\"color:blue; text-decoration:underline\"><span style=\"font-size:14.0pt\">Atividade industrial apresenta avan&ccedil;o em julho, aponta CNI<\/span><\/a><\/span><\/span><\/span><\/p>\r\n\r\n<p style=\"text-align:justify\"><span style=\"font-size:11pt\"><span style=\"line-height:normal\"><span style=\"font-family:Calibri,sans-serif\"><a href=\"https:\/\/portalibre.fgv.br\/system\/files\/divulgacao\/noticias\/mat-complementar\/2024-08\/Monitor%20do%20PIB-FGV%20-%20Agosto%20de%202024%20-%20Ref.%20de%20junho.pdf\" style=\"color:blue; text-decoration:underline\"><span style=\"font-size:14.0pt\">Monitor do PIB aponta bom resultado do investimento no segundo trimestre do ano<\/span><\/a><\/span><\/span><\/span><\/p>\r\n\r\n<p style=\"text-align:justify\"><span style=\"font-size:11pt\"><span style=\"line-height:normal\"><span style=\"font-family:Calibri,sans-serif\"><a href=\"https:\/\/engenhariacompartilhada.com.br\/noticia\/exibir\/8302813_brasil-precisa-ampliar-investimentos-em-ferrovias-hidrovias-e-armazenagem\" style=\"color:blue; text-decoration:underline\"><span style=\"font-size:14.0pt\">Brasil precisa ampliar investimentos em ferrovias, hidrovias e armazenagem<\/span><\/a><\/span><\/span><\/span><\/p>\r\n\r\n<p style=\"text-align:justify\"><span style=\"font-size:11pt\"><span style=\"line-height:normal\"><span style=\"font-family:Calibri,sans-serif\"><a href=\"https:\/\/www.cnnbrasil.com.br\/economia\/macroeconomia\/alta-em-precos-de-materiais-acelera-inflacao-da-construcao-no-igp-10-diz-fgv\/\" style=\"color:blue; text-decoration:underline\"><span style=\"font-size:14.0pt\">Alta em pre&ccedil;os de materiais acelera infla&ccedil;&atilde;o da constru&ccedil;&atilde;o no IGP-10, diz FGV<\/span><\/a><\/span><\/span><\/span><\/p>\r\n\r\n<p style=\"text-align:justify\"><span style=\"font-size:28pt\"><span style=\"font-family:Cambria,serif\"><span style=\"letter-spacing:-0.5pt\"><b><span style=\"font-size:18.0pt\"><span calibri=\"\" style=\"font-family:\"><span style=\"font-variant:small-caps\">Sustentabilidade<\/span><\/span><\/span><\/b><\/span><\/span><\/span><\/p>\r\n\r\n<p style=\"text-align:justify\"><span style=\"font-size:11pt\"><span style=\"line-height:normal\"><span style=\"font-family:Calibri,sans-serif\"><a href=\"https:\/\/portugaltextil.com\/onu-pede-mais-acao-para-os-residuos-texteis\/?utm_campaign=Portugal+Textil&amp;utm_medium=email&amp;utm_source=RD+Station&amp;utm_term=Portugal+Textil+-+2024-07-18%3ADATEFORMAT%3Ad.m.Y\" style=\"color:blue; text-decoration:underline\"><span style=\"font-size:14.0pt\">ONU pede mais a&ccedil;&atilde;o para os res&iacute;duos t&ecirc;xteis<\/span><\/a><\/span><\/span><\/span><\/p>\r\n\r\n<p style=\"text-align:justify\"><span style=\"font-size:11pt\"><span style=\"line-height:normal\"><span style=\"font-family:Calibri,sans-serif\"><a href=\"https:\/\/www12.senado.leg.br\/noticias\/materias\/2024\/08\/13\/criacao-da-politica-nacional-de-economia-circular-e-aprovada-na-cae\" style=\"color:blue; text-decoration:underline\"><span style=\"font-size:14.0pt\">Cria&ccedil;&atilde;o da Pol&iacute;tica Nacional de Economia Circular &eacute; aprovada na CAE<\/span><\/a><\/span><\/span><\/span><\/p>\r\n\r\n<p style=\"text-align:justify\"><span style=\"font-size:11pt\"><span style=\"line-height:normal\"><span style=\"font-family:Calibri,sans-serif\"><a href=\"https:\/\/blogdoamarildo.com.br\/invencao-gaucha-para-reciclar-restos-de-tecido-vence-premio-patente-do-ano-da-abpi\/\" style=\"color:blue; text-decoration:underline\"><span style=\"font-size:14.0pt\">Inven&ccedil;&atilde;o ga&uacute;cha para reciclar restos de tecido e tecido sint&eacute;tico vence Pr&ecirc;mio Patente do Ano da ABPI<\/span><\/a><\/span><\/span><\/span><\/p>\r\n\r\n<p style=\"text-align:justify\"><span style=\"font-size:28pt\"><span style=\"font-family:Cambria,serif\"><span style=\"letter-spacing:-0.5pt\"><b><span style=\"font-size:18.0pt\"><span calibri=\"\" style=\"font-family:\"><span style=\"font-variant:small-caps\">Inova&ccedil;&atilde;o<\/span><\/span><\/span><\/b><\/span><\/span><\/span><\/p>\r\n\r\n<p style=\"text-align:justify\"><span style=\"font-size:11pt\"><span style=\"line-height:normal\"><span style=\"font-family:Calibri,sans-serif\"><a href=\"https:\/\/www.inovacaotecnologica.com.br\/noticias\/noticia.php?artigo=tecido-inteligente-surpreende-capacidades-multifuncionais&amp;id=010160240815\" style=\"color:blue; text-decoration:underline\"><span style=\"font-size:14.0pt\">Tecido inteligente surpreende com capacidades multifuncionais<\/span><\/a><\/span><\/span><\/span><\/p>\r\n\r\n<p style=\"text-align:justify\"><span style=\"font-size:11pt\"><span style=\"line-height:normal\"><span style=\"font-family:Calibri,sans-serif\"><a href=\"https:\/\/www.inovacaotecnologica.com.br\/noticias\/noticia.php?artigo=nanoplasticos-removidos-agua-mais-98-eficiencia&amp;id=010125240816\" style=\"color:blue; text-decoration:underline\"><span style=\"font-size:14.0pt\">Inova&ccedil;&atilde;o: Nanopl&aacute;sticos s&atilde;o removidos da &aacute;gua com mais de 98% de efici&ecirc;ncia<\/span><\/a><\/span><\/span><\/span><\/p>\r\n\r\n<p style=\"text-align:justify\"><span style=\"font-size:11pt\"><span style=\"line-height:normal\"><span style=\"font-family:Calibri,sans-serif\"><a href=\"https:\/\/phys.org\/news\/2024-08-gold-oyster-shells-repurposed-magic.html?utm_source=nwletter&amp;utm_medium=email&amp;utm_campaign=daily-nwletter\" style=\"color:blue; text-decoration:underline\"><span lang=\"EN-US\" style=\"font-size:14.0pt\">Waste into gold: Oyster shells repurposed as magic &#39;Seawool&#39;<\/span><\/a><\/span><\/span><\/span><\/p>\r\n\r\n<p style=\"text-align:justify\"><span style=\"font-size:28pt\"><span style=\"font-family:Cambria,serif\"><span style=\"letter-spacing:-0.5pt\"><b><span style=\"font-size:18.0pt\"><span calibri=\"\" style=\"font-family:\"><span style=\"font-variant:small-caps\">Com&eacute;rcio Exterior<\/span><\/span><\/span><\/b><\/span><\/span><\/span><\/p>\r\n\r\n<p style=\"text-align:justify\"><span style=\"font-size:11pt\"><span style=\"line-height:normal\"><span style=\"font-family:Calibri,sans-serif\"><a href=\"https:\/\/www.portalin.com.br\/negocios\/apexbrasil-apresenta-as-novidades-do-proex-e-seguro-de-credito-a-exportacao\/\" style=\"color:blue; text-decoration:underline\"><span style=\"font-size:14.0pt\">AUMENTAR A COMPETITIVIDADE: ApexBrasil apresenta as novidades do PROEX e Seguro de Cr&eacute;dito &agrave; Exporta&ccedil;&atilde;o<\/span><\/a><\/span><\/span><\/span><\/p>\r\n\r\n<p style=\"text-align:justify\"><span style=\"font-size:11pt\"><span style=\"line-height:normal\"><span style=\"font-family:Calibri,sans-serif\"><a href=\"https:\/\/portalibre.fgv.br\/system\/files\/2024-08\/icomex_fgv_press-release_agosto2024.pdf\" style=\"color:blue; text-decoration:underline\"><span style=\"font-size:14.0pt\">O volume exportado cresceu em julho em todos os setores de atividade<\/span><\/a><\/span><\/span><\/span><\/p>\r\n\r\n<p style=\"text-align:justify\"><span style=\"font-size:11pt\"><span style=\"line-height:normal\"><span style=\"font-family:Calibri,sans-serif\"><a href=\"https:\/\/apexbrasil.com.br\/br\/pt\/conteudo\/noticias\/think-plastic-brazil-leva-16-empresas-para-a-expo-ferretera--no-.html\" style=\"color:blue; text-decoration:underline\"><span style=\"font-size:14.0pt\">Think Plastic Brazil leva 16 empresas para a Expo Ferretera, no M&eacute;xico<\/span><\/a><\/span><\/span><\/span><\/p>\r\n\r\n<p style=\"text-align:justify\"><span style=\"font-size:11pt\"><span style=\"line-height:normal\"><span style=\"font-family:Calibri,sans-serif\"><a href=\"https:\/\/apexbrasil.com.br\/br\/pt\/conteudo\/noticias\/iv-world-plastic-connection-summit--maior-evento-internacional-d.html\" style=\"color:blue; text-decoration:underline\"><span style=\"font-size:14.0pt\">Em 2025: IV World Plastic Connection Summit, maior evento internacional do setor de pl&aacute;sticos transformados brasileiros, est&aacute; com inscri&ccedil;&otilde;es abertas e gratuitas<\/span><\/a><\/span><\/span><\/span><\/p>\r\n\r\n<p style=\"text-align:justify\"><span style=\"font-size:11pt\"><span style=\"line-height:normal\"><span style=\"font-family:Calibri,sans-serif\"><a href=\"http:\/\/comunidadtextil.com\/wpnews\/2024\/07\/grave-argentina-elimino-el-control-aduanero-al-ingreso-de-articulos-textiles-y-calzado\/?utm_source=email_marketing&amp;utm_admin=28519&amp;utm_medium=email&amp;utm_campaign=NOTICIAS_de_la_Industria_Textil_Confecciones_y_Moda\" style=\"color:blue; text-decoration:underline\"><span style=\"font-size:14.0pt\">Grave: Argentina elimin&oacute; el control aduanero al ingreso de art&iacute;culos textiles y calzado<\/span><\/a><\/span><\/span><\/span><\/p>\r\n\r\n<p style=\"text-align:justify\"><span style=\"font-size:11pt\"><span style=\"line-height:normal\"><span style=\"font-family:Calibri,sans-serif\"><a href=\"http:\/\/comunidadtextil.com\/wpnews\/2024\/07\/europa-busca-eliminar-las-ventajas-aduaneras-que-tienen-las-plataformas-chinas\/?utm_source=email_marketing&amp;utm_admin=28519&amp;utm_medium=email&amp;utm_campaign=NOTICIAS_de_la_Industria_Textil_Confecciones_y_Moda\" style=\"color:blue; text-decoration:underline\"><span style=\"font-size:14.0pt\">Europa busca eliminar las ventajas aduaneras que les concedieron a las plataformas<\/span><\/a><\/span><\/span><\/span><\/p>\r\n\r\n<p style=\"text-align:justify\"><span style=\"font-size:11pt\"><span style=\"line-height:normal\"><span style=\"font-family:Calibri,sans-serif\"><a href=\"http:\/\/comunidadtextil.com\/wpnews\/2024\/07\/la-union-europea-impondra-aranceles-a-las-compras-hechas-en-plataformas-chinas\/?utm_source=email_marketing&amp;utm_admin=28519&amp;utm_medium=email&amp;utm_campaign=NOTICIAS_de_la_Industria_Textil_Confecciones_y_Moda\" style=\"color:blue; text-decoration:underline\"><span style=\"font-size:14.0pt\">La Uni&oacute;n Europea impondr&aacute; aranceles a las compras hechas en plataformas chinas<\/span><\/a><\/span><\/span><\/span><\/p>\r\n\r\n<p style=\"text-align:justify\"><span style=\"font-size:28pt\"><span style=\"font-family:Cambria,serif\"><span style=\"letter-spacing:-0.5pt\"><b><span style=\"font-size:18.0pt\"><span calibri=\"\" style=\"font-family:\"><span style=\"font-variant:small-caps\">Economia<\/span><\/span><\/span><\/b><\/span><\/span><\/span><\/p>\r\n\r\n<p style=\"text-align:justify\"><span style=\"font-size:11pt\"><span style=\"line-height:normal\"><span style=\"font-family:Calibri,sans-serif\"><a href=\"https:\/\/www.bcb.gov.br\/content\/focus\/focus\/R20240816.pdf\" style=\"color:blue; text-decoration:underline\"><span style=\"font-size:14.0pt\">Focus - Relat&oacute;rio de Mercado<\/span><\/a><\/span><\/span><\/span><\/p>\r\n\r\n<p style=\"text-align:justify\"><span style=\"font-size:11pt\"><span style=\"line-height:normal\"><span style=\"font-family:Calibri,sans-serif\"><a href=\"https:\/\/ibre.fgv.br\/sites\/ibre.fgv.br\/files\/arquivos\/u65\/08ce2024_entrevista_roberto_castello_branco.pdf\" style=\"color:blue; text-decoration:underline\"><span style=\"font-size:14.0pt\">&ldquo;Infelizmente, no Brasil as reformas s&atilde;o dilu&iacute;das pelo populismo&rdquo;<\/span><\/a><\/span><\/span><\/span><\/p>\r\n\r\n<p style=\"text-align:justify\"><span style=\"font-size:11pt\"><span style=\"line-height:normal\"><span style=\"font-family:Calibri,sans-serif\"><a href=\"https:\/\/www.fibre2fashion.com\/news\/retail-industry\/us-inflation-expectations-dip-sharply-at-medium-term-horizon-survey-297368-newsdetails.htm\" style=\"color:blue; text-decoration:underline\"><span lang=\"EN-US\" style=\"font-size:14.0pt\">US inflation expectations dip sharply at medium-term horizon: Survey<\/span><\/a><\/span><\/span><\/span><\/p>\r\n\r\n<p style=\"text-align:justify\"><img src=\"https:\/\/www.abint.org.br\/assets\/img\/editor\/redes-sociais-abint-ctg-cth_202406041400398QFSSawN2a.jpg\" \/><\/p>\r\n","texto_en":"","7":"","imagem":"COMP_capa-2024-site-boletim-abint-noticias-semanis_20240821141056G0vqzEP22c.jpg","8":"COMP_capa-2024-site-boletim-abint-noticias-semanis_20240821141056G0vqzEP22c.jpg","arquivo":"20240820-BOLETIM-ABINT-DE-NOTICIAS-SEMANAIS.PDF","9":"20240820-BOLETIM-ABINT-DE-NOTICIAS-SEMANAIS.PDF","titulo_arquivo":"20240820 Boletim ABINT de Not\u00edcias Semanais","10":"20240820 Boletim ABINT de Not\u00edcias Semanais","titulo_arquivo_en":"","11":"","created_at":"2024-08-21 13:05:44","12":"2024-08-21 13:05:44","updated_at":"2024-08-21 14:11:09","13":"2024-08-21 14:11:09"},{"id":131,"0":131,"ordem":92,"1":92,"data":"2024-08-13","2":"2024-08-13","slug":"boletim-abint-de-noticias-semanais-42","3":"boletim-abint-de-noticias-semanais-42","titulo":"Boletim ABINT de Not\u00edcias Semanais","4":"Boletim ABINT de Not\u00edcias Semanais","titulo_en":"","5":"","texto":"<p style=\"text-align:justify\"><span style=\"font-size:11pt\"><span style=\"line-height:normal\"><span style=\"font-family:Calibri,sans-serif\"><span style=\"font-size:14.0pt\">Esta &eacute; uma compila&ccedil;&atilde;o das not&iacute;cias mais relevantes para o setor, incluindo informa&ccedil;&otilde;es sobre acordos internacionais, economia brasileira, sustentabilidade e mat&eacute;rias primas, al&eacute;m de novidades do setor de N&atilde;otecidos e Tecidos T&eacute;cnicos.<\/span><\/span><\/span><\/span><\/p>\r\n\r\n<p style=\"text-align:justify\"><span style=\"font-size:28pt\"><span style=\"font-family:Cambria,serif\"><span style=\"letter-spacing:-0.5pt\"><b><span style=\"font-size:18.0pt\"><span style=\"font-family:&quot;Calibri&quot;,sans-serif\"><span style=\"font-variant:small-caps\">O que vem por a&iacute;<\/span><\/span><\/span><\/b><\/span><\/span><\/span><\/p>\r\n\r\n<p style=\"text-align:justify\"><b><img src=\"https:\/\/www.abint.org.br\/assets\/img\/editor\/logo-ctg-abint-png_20240718120356AYjq6yKWjI.png\" style=\"width: 300px; height: 55px;\" \/><\/b><\/p>\r\n\r\n<p>Nos dias 13 a 15 de agosto o CTG ABINT realizar&aacute; o Curso de Instala&ccedil;&atilde;o de Geomembranas.&nbsp;<a href=\"https:\/\/abrir.link\/qpYXB\">Acesse aqui para mais informa&ccedil;&otilde;es e inscri&ccedil;&otilde;es<\/a>.<\/p>\r\n\r\n<p><b><img src=\"https:\/\/www.abint.org.br\/assets\/img\/editor\/e-mail-mkt-curso-instal-gm-2024_20240718120456aWI5eANQaU.jpeg\" style=\"width: 700px; height: 350px;\" \/><\/b><\/p>\r\n\r\n<p>&nbsp;<\/p>\r\n\r\n<p><b><img src=\"https:\/\/www.abint.org.br\/assets\/img\/editor\/20240924-cobramseg-2024_20240718120541ztVNeqlLuA.png\" \/><\/b><\/p>\r\n\r\n<p><b>O CTG ABINT &eacute; um dos patrocinadores da 21&ordf; edi&ccedil;&atilde;o do Cobramseg &ndash; Congresso Brasileiro de Mec&acirc;nica dos Solos e Engenharia Geot&eacute;cnica.<\/b><\/p>\r\n\r\n<p>&ldquo;<i>Nos reunimos para celebrar a Mec&acirc;nica dos Solos e das Rochas, da GeoEngenharia! Academia, Ind&uacute;stria e &Oacute;rg&atilde;os Gestores unidos para expor seus avan&ccedil;os t&eacute;cnicos e cient&iacute;ficos. Um ambiente rico e diverso que nos permite debater solu&ccedil;&otilde;es e a&ccedil;&otilde;es de forma a fortalecer nossa comunidade geot&eacute;cnica, visando proporcionar um desenvolvimento mais sustent&aacute;vel e seguro para a nossa sociedade<\/i>.&rdquo; V&iacute;tor Pereira Faro, Presidente do COBRAMSEG 2024<\/p>\r\n\r\n<p><a href=\"http:\/\/www.cobramseg.com.br\/\">www.cobramseg.com.br<\/a><\/p>\r\n\r\n<p>&nbsp;<\/p>\r\n\r\n<p><b><img src=\"https:\/\/www.abint.org.br\/assets\/img\/editor\/fenasan-2024_202407181205570iB7KW1OZ4.jpg\" \/><\/b><\/p>\r\n\r\n<p>O&nbsp;<b>CTG ABINT apoia a Feira Nacional de Saneamento e Meio Ambiente &ndash; Fenasan e do 35&ordm; Encontro T&eacute;cnico AESabesp, que ocorrer&atilde;o de 22 a 24 de outubro de 2024<\/b>, no Pavilh&atilde;o Verde e Vermelho, no Expo Center Norte, em S&atilde;o Paulo. Trata-se do maior evento de saneamento da Am&eacute;rica Latin. A realiza&ccedil;&atilde;o &eacute; da AESabesp &ndash; Associa&ccedil;&atilde;o dos Engenheiros da Sabesp.<\/p>\r\n\r\n<p><i>O tema central desta edi&ccedil;&atilde;o &eacute; &ldquo;Saneamento ambiental: condi&ccedil;&atilde;o fundamental para o enfrentamento das mudan&ccedil;as clim&aacute;ticas&rdquo;. Com um p&uacute;blico tradicionalmente de 22 mil visitantes e alinhada aos ODS &ndash; Objetivos de Desenvolvimento Sustent&aacute;vel estabelecidos pela ONU e aos conceitos de ESG, a edi&ccedil;&atilde;o 2024 continuar&aacute; ampliando o di&aacute;logo em torno das quest&otilde;es de saneamento ambiental, meio ambiente e sustentabilidade e promovendo o compartilhamento de conhecimento altamente qualificado.<\/i><\/p>\r\n\r\n<p><a href=\"http:\/\/www.fenasan.com.br\/\">www.fenasan.com.br<\/a><\/p>\r\n\r\n<p>&nbsp;<\/p>\r\n\r\n<p><b><img src=\"https:\/\/www.abint.org.br\/assets\/img\/editor\/cth-logo-alta-jpg_2024071812065399MMBUXZze.jpg\" style=\"width: 300px; height: 68px;\" \/><\/b><\/p>\r\n\r\n<p><b><img src=\"https:\/\/www.abint.org.br\/assets\/img\/editor\/hospitalmed-2024-logo_20240718120628FoV3In8yB5.png\" style=\"width: 500px; height: 448px;\" \/><\/b><\/p>\r\n\r\n<p><b>O CTH ABINT &eacute; um dos patrocinadores da HospitalMed 2024.<\/b><\/p>\r\n\r\n<p>&ldquo;<i>A melhor e Mais Completa Feira de Sa&uacute;de do Norte\/Nordeste<\/i>&rdquo;, &eacute; uma realiza&ccedil;&atilde;o da HospitalMed Feiras &amp; Eventos e da Insight Feiras de Neg&oacute;cios.<\/p>\r\n\r\n<p><i>&ldquo;O&nbsp;<b>re&uacute;ne toda a cadeia produtiva do setor de sa&uacute;de das regi&otilde;es Norte\/Nordeste<\/b>. &Eacute; o grande encontro de fornecedores de Produtos, Equipamentos, Servi&ccedil;os, Tecnologia e Conte&uacute;do para Hospitais, Laborat&oacute;rios, Farm&aacute;cias, Cl&iacute;nicas, Consult&oacute;rios e Profissionais da Sa&uacute;de&rdquo;.<\/i><\/p>\r\n\r\n<p><a href=\"http:\/\/www.hospitalmed.com.br\/\">www.hospitalmed.com.br<\/a><\/p>\r\n\r\n<p class=\"MsoTitle\" style=\"text-align:justify\"><span style=\"font-size:28pt\"><span style=\"font-family:Cambria,serif\"><span style=\"letter-spacing:-0.5pt\"><b><span style=\"font-size:18.0pt\"><span style=\"font-family:&quot;Calibri&quot;,sans-serif\"><span style=\"font-variant:small-caps\">Not&iacute;cias das Associadas<\/span><\/span><\/span><\/b><\/span><\/span><\/span><\/p>\r\n\r\n<p style=\"text-align:justify\"><span style=\"font-size:11pt\"><span style=\"line-height:normal\"><span style=\"font-family:Calibri,sans-serif\"><a href=\"https:\/\/clickpetroleoegas.com.br\/domine-a-instalacao-de-geomembranas-capacitacao-avancada-no-instituto-maua-de-tecnologia\/\" style=\"color:blue; text-decoration:underline\"><span style=\"font-size:14.0pt\">Domine a Instala&ccedil;&atilde;o de Geomembranas: Capacita&ccedil;&atilde;o Avan&ccedil;ada no Instituto Mau&aacute; de Tecnologia<\/span><\/a><\/span><\/span><\/span><\/p>\r\n\r\n<p style=\"text-align:justify\"><span style=\"font-size:11pt\"><span style=\"line-height:normal\"><span style=\"font-family:Calibri,sans-serif\"><a href=\"https:\/\/www.technicaltextile.net\/news\/austrian-company-andritz-s-revenue-drops-2-2-in-q2fy24-297085.html#google_vignette\" style=\"color:blue; text-decoration:underline\"><span lang=\"EN-US\" style=\"font-size:14.0pt\">Austrian company Andritz&#39;s revenue drops 2.2% in Q2FY24<\/span><\/a><\/span><\/span><\/span><\/p>\r\n\r\n<p style=\"text-align:justify\"><span style=\"font-size:11pt\"><span style=\"line-height:normal\"><span style=\"font-family:Calibri,sans-serif\"><a href=\"https:\/\/t.rdsv2.net\/ls\/click?upn=u001.SJ-2BHbcLStyE5mTD5OK48sq2JxFfkhvQ6eAz6nLBcupUn3yZyHpKyt6N9F5ufG-2Fn5ondusB9Ls8LfSs0JuOS-2Fcy9fRJwAuLs8vBA-2F-2Frh2CoYi4eviXQ62DrDrbj7zmNbG5kjbz28EJm8iqHsYKayHavZoPNOqkmuXejBv8dVC5tf1cXtzeh0BuU050zl4Y6-2FDG-2FujoaARa5LtsmsxQEPkopAsDm7uLXhcptCM9DCKSKf9Q6XzzCc2Whj1jKoCjG2haeyAQjDhoOWxQqKZD8fv-2B-2BfgcZJBBzFzrz38-2FF35B-2BUuRHJmwA9-2BnTheYKQrDC1qNcrP_T7N8BvZTOm04CQQMiyWztrpCjlUrRc4F7QzSgUIpTqB5Yk-2Bt7YhUyk7lZRXmbFFsi-2Foe1q0kuwsCjfsBOqL9ZeKwOqG7ApazixuGEP6Z5SJuFg5bm15p-2FcAKNI6-2BqjB-2Bla0BxWV3Ygh-2FnRYY4k-2BcFORjcgA3pu6Fta9T86VUW9xqcqII6F3oTxag9fk-2BrFwOkuS0v18XCnjpVGKbJxg1v-2BEczTxqjkunpoarp9zM0EsWjGG1Bw7FMyAROSSOyw-2FdDwBscelo-2FhhtX1jHCN5rL44rmFvg6XICpaoZ-2F-2Fh4VGXJD5OMlF8Q9aTI8xSMw9sIMitsvKplJxcuzHdCVAgmG6UxJdeRpMlAZqH7GKgCZf-2BwUd5j9zQqSvLAwd4oM2deg5WDs-2FiyUo41ZC-2Fp7FZMzrc5porxiJW5aFUNVN73zfYFwBQ7xMKX7hRDMO-2Bwwmo8-2Bzh6ACKvlwiJMGLRzR5OOqGIcSCr6tfNbENA-2B1hmxY7LxfEszEutsBaxhZto7TLZ83yZktHNIINhhwHg4j0j-2BNVzETrGWb2bVUiRYA-2FRj5TEKdffSavjsaiT679bJjzQpsL7ySYm3gjHSNKAWijSCN2Q-2FRGdXH4rbXnymJJi-2F7rshjBVJvfAPFjR5skO72p9p9bBRZPpYx8tEeltezBIZWVyXowbbyciuvUgs3U27hvQSJF-2BUTezi0N6pLTDcQMNl-2F3QQjaKoXPu4Ow3uBdlzA-3D-3D\" style=\"color:blue; text-decoration:underline\" title=\"ANDRITZ inicia maior f\u00e1brica de eucalipto para Suzano, no Brasil\"><span style=\"font-size:14.0pt\">ANDRITZ inicia maior f&aacute;brica de eucalipto para Suzano, no Brasil<\/span><\/a><\/span><\/span><\/span><\/p>\r\n\r\n<p style=\"text-align:justify\"><span style=\"font-size:11pt\"><span style=\"line-height:normal\"><span style=\"font-family:Calibri,sans-serif\"><a href=\"https:\/\/www.nonwovens-industry.com\/contents\/view_breaking-news\/2024-08-09\/suominen-reports-gains\/15303\" style=\"color:blue; text-decoration:underline\"><span lang=\"ES-AR\" style=\"font-size:14.0pt\">Suominen Reports Gains<\/span><\/a><\/span><\/span><\/span><\/p>\r\n\r\n<p style=\"text-align:justify\"><span style=\"font-size:11pt\"><span style=\"line-height:normal\"><span style=\"font-family:Calibri,sans-serif\"><a href=\"https:\/\/www.nonwovens-industry.com\/contents\/view_breaking-news\/2024-08-09\/suominen-is-adding-new-line-in-spain\/15303\" style=\"color:blue; text-decoration:underline\"><span lang=\"ES-AR\" style=\"font-size:14.0pt\">Suominen Is Adding New Line in Spain<\/span><\/a><\/span><\/span><\/span><\/p>\r\n\r\n<p><b>Eventos<\/b><\/p>\r\n\r\n<p><a href=\"https:\/\/www.portaldaindustria.com.br\/cni\/eventos\/seminario-politicas-industriais-brasil-mundo\/?utm_source=comext&amp;utm_medium=email&amp;utm_campaign=eventos&amp;utm_content=id00177#msdynttrid=aKWX9w7bDAcQJjsEPwRcTH7ZjlOLgcrnvIVCamEU3W8\"><b>CNI\/ MDIC\/ BNDES | Semin&aacute;rio sobre Pol&iacute;ticas Industriais no Brasil e no Mundo<\/b><\/a>, 06 de agosto de 2024, 09h00, na sede da CNI, em Bras&iacute;lia<\/p>\r\n\r\n<p><a href=\"https:\/\/anahp.zoom.us\/webinar\/register\/WN_X4JGg2WxTneG3zaWAFEEoA?utm_campaign=anahp_ao_vivo_-_reforma_tributaria_o_que_muda_para_saude_0608&amp;utm_medium=email&amp;utm_source=RD+Station#\/registration\"><b>Anahp ao Vivo | Reforma Tribut&aacute;ria: O que ainda pode mudar para o Setor de Sa&uacute;de<\/b><\/a>, 06 de agosto de 2024, 10h00, evento online<\/p>\r\n\r\n<p><b><a href=\"https:\/\/www.anahp.com.br\/evento\/jornada-digital-pilares-da-qualidade-e-seguranca-na-atencao-centrada-no-paciente\/?utm_campaign=emkt_-__jornada_digital_-_0808&amp;utm_medium=email&amp;utm_source=RD+Station\">Jornada Digital Anahp | Pilares da qualidade e seguran&ccedil;a na aten&ccedil;&atilde;o centrada no paciente<\/a><\/b>, 08 de agosto de 2024, 10h, evento online<\/p>\r\n\r\n<p><a href=\"https:\/\/abrava.tcsdigital.com.br\/DIGITAL\/inscricoes\/evento3.aspx?evento=001&amp;idativa=1\"><b>Panorama Setorial ABRAVA MG &ndash; Vis&atilde;o Econ&ocirc;mica e de Futuro para o Setor AVACR<\/b><\/a>, 13 de agosto de 2024, 08h00 &agrave;s 17h00, evento gratuito e presencial, CREA-MG, Av. &Aacute;lvares Cabral, 1600, Santo Agostinho, 30170-917, Belo Horizonte, MG<\/p>\r\n\r\n<p><a href=\"https:\/\/www.interplast.com.br\/\"><b>Interplast - Feira do Pl&aacute;stico<\/b><\/a>, do Pol&iacute;mero ao Produto, 13 a 16 de agosto de 2024, 13hs &agrave;s 20hs, Expoville, Joinville, SC<\/p>\r\n\r\n<p><b><a href=\"https:\/\/docs.google.com\/forms\/d\/e\/1FAIpQLSdlLJEamcFOQLk7NGJ8dadSzdWJm76r1yGCMsC934sYZx3n_g\/viewform\">AESabesp | Regula&ccedil;&atilde;o ESG - Aplica&ccedil;&atilde;o e pr&aacute;tica no setor de saneamento &ndash; Avan&ccedil;ado<\/a><\/b>, 13, 15, 20 e 22 de agosto de 2024, 14h &agrave;s 17h, plataforma online<\/p>\r\n\r\n<p><img src=\"https:\/\/www.abint.org.br\/assets\/img\/editor\/abtt-academy-curso-compras-texteis-hospitalares_20240604135954xriEyS8abD.jpg\" style=\"width: 500px; height: 500px;\" \/><\/p>\r\n\r\n<p><a href=\"https:\/\/docs.google.com\/forms\/d\/e\/1FAIpQLSeG7zdl8xZpguBFbIdqyMS61mxfjvFjKOQ3EUqnWgC1RUcAug\/viewform\">Informa&ccedil;&otilde;es e inscri&ccedil;&otilde;es<\/a><\/p>\r\n\r\n<p><a href=\"https:\/\/emailmarketing.locaweb.com.br\/accounts\/116830\/messages\/524?email=abint@abint.org.br&amp;c=1719495723&amp;contact_id=110&amp;envelope_id=403\"><b>JEC Composites Talks Brasil<\/b><\/a>, 19 de agosto de 2024, S&atilde;o Paulo, SP<\/p>\r\n\r\n<p><a href=\"https:\/\/app.rdstation.email\/mail\/d1246106-5887-4ae3-b115-63593ba00040?utm_campaign=emkt_workshop_-_gestao_de_produtos_quimicos&amp;utm_medium=email&amp;utm_source=RD+Station\"><b>Workshop | Gest&atilde;o de Produtos Qu&iacute;micos<\/b><\/a>, 20 de agosto de 2024, das 10h &agrave;s 12h, evento online<\/p>\r\n\r\n<p><a href=\"http:\/\/www.feiplar.com\/\"><b>FEIPLAR COMPOSITES &amp; FEIPUR &ndash; Feira e Congresso Internacionais de Composites, Poliuretano, Pl&aacute;sticos de Engenharia e Compostos Termopl&aacute;sticos<\/b><\/a>, 20 a 22 de agosto de 2024, S&atilde;o Paulo Expo (Pavilh&atilde;o 5), palestras: das 8h30 &agrave;s 18h, feira: das 13h &agrave;s 20h<\/p>\r\n\r\n<p><a href=\"http:\/\/www.techtextil-north-america.us.messefrankfurt.com\/\"><b>Techtextil North America 2024<\/b><\/a>, August 20 &ndash; 24, Raleigh, North Carolina<\/p>\r\n\r\n<p><b>Anaph | 3&ordf; F&oacute;rum Anahp de Lideran&ccedil;as da Enfermagem<\/b>, 21 de agosto de 2024, &agrave;s 8h30, evento presencial<\/p>\r\n\r\n<p><a href=\"https:\/\/www.conceitoseminarios.com.br\/seminario\/6-forum-novo-marco-do-saneamento\/\"><b>6&ordm; F&oacute;rum Novo Marco do Saneamento<\/b><\/a>, 29 de agosto de 2024, 08h30 &agrave;s 18h00, Hotel Meli&aacute; Jardim Europa, Rua Jo&atilde;o Cachoeira, 107, Itaim Bibi, S&atilde;o Paulo<\/p>\r\n\r\n<p><a href=\"https:\/\/www.recy-plastech.com\/\"><b>Recy-Plastech 2024 &ndash; Semin&aacute;rio Internacional de Sustentabilidade e Reciclagem de Pl&aacute;sticos<\/b><\/a>, 11 e 12 de setembro de 2024, Milenium Centro de Conven&ccedil;&otilde;es, Rua Dr. Bacelar, 1.043, Vila Clementino, S&atilde;o Paulo, SP<\/p>\r\n\r\n<p><a href=\"https:\/\/cbplastico.com.br\/2024\/\"><b>5&ordm; Congresso Brasileiro do Pl&aacute;stico<\/b><\/a>, 12 de setembro de 2024, evento h&iacute;brido, Casa Bisutti, Rua Casa do Ator, 577, Vila Ol&iacute;mpia, S&atilde;o Paulo, SP<\/p>\r\n\r\n<p><a href=\"http:\/\/www.fenasan.com.br\/\"><b>Fenasan 2024 &ndash; Feira Nacional de Saneamento e Meio Ambiente<\/b><\/a>, 22 a 24 de outubro de 2024, Pavilh&otilde;es Verde e Vermelho, Expo Center Norte, S&atilde;o Paulo SP<\/p>\r\n\r\n<p><a href=\"http:\/\/www.hospitalmed.com.br\/\"><b>HospitalMed 2024<\/b><\/a>, 23 a 25 de outubro, das 14h &agrave;s 20h, no Pernambuco Centro de Conven&ccedil;&otilde;es<\/p>\r\n\r\n<p><a href=\"https:\/\/www.abnteducacao.com.br\/Simbologia_de_cuidados_aplicada_a_Etiquetagem_de_Texteis_ABNT_NBR_NM_ISO_3758\"><b>Simbologia de cuidados aplicada a Etiquetagem de T&ecirc;xteis<\/b><\/a>, 23 e 24 de outubro de 2024, 8h30 &agrave;s 17h30, evento online<\/p>\r\n\r\n<p><a href=\"https:\/\/b20brazil.org\/#msdynttrid=6zt-Ug2nJO0FDfhoU9K0en-twuGAoU5aPF8EQm7neRo\"><b>B20 Summit Brasil 2024 - Inclusive Growth for a Sustainable Future<\/b><\/a>, October 24th - 25th, 2024, Clube Atl&eacute;tico Monte L&iacute;bano, S&atilde;o Paulo, SP<\/p>\r\n\r\n<p><a href=\"http:\/\/www.congressoabit.com.br\/\"><b>Congresso Internacional Abit 2024<\/b><\/a>, 30 e 31 de outubro, Salvador, Bahia<\/p>\r\n\r\n<p><a href=\"https:\/\/www.fimec.com.br\/\"><b>Fimec 2025<\/b><\/a>, 18 a 20 de mar&ccedil;o, Fenac, Novo Hamburgo, RS<\/p>\r\n\r\n<p class=\"MsoTitle\" style=\"text-align:justify\"><span style=\"font-size:28pt\"><span style=\"font-family:Cambria,serif\"><span style=\"letter-spacing:-0.5pt\"><b><span style=\"font-size:18.0pt\"><span style=\"font-family:&quot;Calibri&quot;,sans-serif\"><span style=\"font-variant:small-caps\">Setor<\/span><\/span><\/span><\/b><\/span><\/span><\/span><\/p>\r\n\r\n<p style=\"text-align:justify\"><span style=\"font-size:11pt\"><span style=\"line-height:normal\"><span style=\"font-family:Calibri,sans-serif\"><a href=\"https:\/\/plasticosemrevista.com.br\/coreia-do-sul-determina-antidumping-para-pet-da-china\/\" style=\"color:blue; text-decoration:underline\"><span style=\"font-size:14.0pt\">Coreia do Sul determina antidumping para PET da China<\/span><\/a><\/span><\/span><\/span><\/p>\r\n\r\n<p style=\"text-align:justify\"><span style=\"font-size:11pt\"><span style=\"line-height:normal\"><span style=\"font-family:Calibri,sans-serif\"><a href=\"https:\/\/plasticosemrevista.com.br\/pp-brasil-e-o-3o-importador-da-china-no-1o-semestre\/\" style=\"color:blue; text-decoration:underline\"><span style=\"font-size:14.0pt\">PP: Brasil &eacute; o 3&ordm; importador da China no 1&ordm; semestre<\/span><\/a><\/span><\/span><\/span><\/p>\r\n\r\n<p style=\"text-align:justify\"><span style=\"font-size:11pt\"><span style=\"line-height:normal\"><span style=\"font-family:Calibri,sans-serif\"><a href=\"https:\/\/abcdoabc.com.br\/ebitda-recorrente-da-braskem-registra-alta-de-46-no-segundo-trimestre-de-2024\/\" style=\"color:blue; text-decoration:underline\"><span style=\"font-size:14.0pt\">Ebitda recorrente da Braskem registra alta de 46% no segundo trimestre de 2024<\/span><\/a><\/span><\/span><\/span><\/p>\r\n\r\n<p style=\"text-align:justify\"><span style=\"font-size:11pt\"><span style=\"line-height:normal\"><span style=\"font-family:Calibri,sans-serif\"><a href=\"https:\/\/www.msn.com\/en-us\/health\/other\/berry-to-spin-off-most-of-health-hygiene-and-specialties-business\/ar-BB1hV10N?ocid=BingNewsVerp\" style=\"color:blue; text-decoration:underline\"><span lang=\"EN-US\" style=\"font-size:14.0pt\">Berry to spin off most of health, hygiene and specialties business<\/span><\/a><\/span><\/span><\/span><\/p>\r\n\r\n<p style=\"text-align:justify\"><span style=\"font-size:28pt\"><span style=\"font-family:Cambria,serif\"><span style=\"letter-spacing:-0.5pt\"><b><span style=\"font-size:18.0pt\"><span style=\"font-family:&quot;Calibri&quot;,sans-serif\"><span style=\"font-variant:small-caps\">Ind&uacute;stria<\/span><\/span><\/span><\/b><\/span><\/span><\/span><\/p>\r\n\r\n<p style=\"text-align:justify\"><span style=\"font-size:11pt\"><span style=\"line-height:normal\"><span style=\"font-family:Calibri,sans-serif\"><a href=\"https:\/\/economiasp.com\/2024\/08\/09\/sp-ganha-maior-feira-das-americas-para-unir-industria-textil-e-de-confeccao\/\" style=\"color:blue; text-decoration:underline\"><span style=\"font-size:14.0pt\"><span style=\"color:blue\">SP ganha maior feira das Am&eacute;ricas para unir ind&uacute;stria t&ecirc;xtil e de confec&ccedil;&atilde;o<\/span><\/span><\/a><\/span><\/span><\/span><\/p>\r\n\r\n<p style=\"text-align:justify\"><span style=\"font-size:11pt\"><span style=\"line-height:normal\"><span style=\"font-family:Calibri,sans-serif\"><a href=\"http:\/\/ClickC.e2b.moveisdevalor.com.br\/Redir?1dc2f4046c80f030a6032353032813f5&amp;59c4be1a0b992dd149e233c94f87349b\" style=\"color:blue; text-decoration:underline\"><span style=\"font-size:14.0pt\"><span style=\"color:blue\">Ind&uacute;stria ga&uacute;cha tem forte recupera&ccedil;&atilde;o em junho, diz IBGE<\/span><\/span><\/a><\/span><\/span><\/span><\/p>\r\n\r\n<p style=\"text-align:justify\"><span style=\"font-size:11pt\"><span style=\"line-height:normal\"><span style=\"font-family:Calibri,sans-serif\"><a href=\"http:\/\/emkt.grandesconstrucoes.com.br\/emkt\/tracer\/?2,8633883,260ba16a,6da1,11\" style=\"color:blue; text-decoration:underline\" title=\"Governo congela R$ 1,68 bilh\u00e3o do or\u00e7amento para o transporte\"><span style=\"font-size:14.0pt\">Governo congela R$ 1,68 bilh&atilde;o do or&ccedil;amento para o transporte<\/span><\/a><\/span><\/span><\/span><\/p>\r\n\r\n<p style=\"text-align:justify\"><span style=\"font-size:11pt\"><span style=\"line-height:normal\"><span style=\"font-family:Calibri,sans-serif\"><span class=\"MsoHyperlink\" style=\"color:blue\"><span style=\"text-decoration:underline\"><span style=\"font-size:14.0pt\"><span style=\"color:blue\"><span style=\"text-decoration:none\"><span style=\"text-underline:none\"><a href=\"https:\/\/guaiba.com.br\/2024\/08\/06\/industria-calcadista-encerra-semestre-criando-765-mil-postos-de-trabalho\/\" style=\"color:blue; text-decoration:underline\"><span style=\"color:blue\">Ind&uacute;stria cal&ccedil;adista encerra semestre criando 7,65 mil postos de trabalho<\/span><\/a><\/span><\/span><\/span><\/span><\/span><\/span><\/span><\/span><\/span><\/p>\r\n\r\n<p style=\"text-align:justify\"><span style=\"font-size:11pt\"><span style=\"line-height:normal\"><span style=\"font-family:Calibri,sans-serif\"><a href=\"https:\/\/grandesconstrucoes.com.br\/Noticias\/Exibir\/cadeia-produtiva-eleva-projecoes-para-o-setor-da-construcao-no-ano?utm_source=akna&amp;utm_medium=email&amp;utm_campaign=Revista-GC-Informativo-924-08-08-2024&amp;utm_source=akna&amp;utm_medium=email&amp;utm_campaign=Revista-GC-Informativo-924-08-08-2024\" style=\"color:blue; text-decoration:underline\"><span style=\"font-size:14.0pt\">Cadeia produtiva eleva proje&ccedil;&otilde;es para o setor da constru&ccedil;&atilde;o no ano<\/span><\/a><\/span><\/span><\/span><\/p>\r\n\r\n<p style=\"text-align:justify\"><span style=\"font-size:11pt\"><span style=\"line-height:normal\"><span style=\"font-family:Calibri,sans-serif\"><a href=\"https:\/\/www.infomoney.com.br\/negocios\/producao-e-vendas-de-veiculos-crescem-forte-em-julho-ante-2023-diz-anfavea\/\" style=\"color:blue; text-decoration:underline\"><span style=\"font-size:14.0pt\"><span style=\"color:blue\">Produ&ccedil;&atilde;o e vendas de ve&iacute;culos crescem forte em julho ante 2023, diz Anfavea<\/span><\/span><\/a><\/span><\/span><\/span><\/p>\r\n\r\n<p style=\"text-align:justify\"><span style=\"font-size:28pt\"><span style=\"font-family:Cambria,serif\"><span style=\"letter-spacing:-0.5pt\"><b><span style=\"font-size:18.0pt\"><span style=\"font-family:&quot;Calibri&quot;,sans-serif\"><span style=\"font-variant:small-caps\">Sustentabilidade<\/span><\/span><\/span><\/b><\/span><\/span><\/span><\/p>\r\n\r\n<p style=\"text-align:justify\"><span style=\"font-size:11pt\"><span style=\"line-height:normal\"><span style=\"font-family:Calibri,sans-serif\"><a href=\"https:\/\/epocanegocios.globo.com\/colunas\/proposito-nos-negocios\/coluna\/2024\/08\/o-fim-da-festa-esg.ghtml\" style=\"color:blue; text-decoration:underline\"><span style=\"font-size:14.0pt\">O fim da festa ESG<\/span><\/a><\/span><\/span><\/span><\/p>\r\n\r\n<p style=\"text-align:justify\"><span style=\"font-size:11pt\"><span style=\"line-height:normal\"><span style=\"font-family:Calibri,sans-serif\"><a href=\"https:\/\/www.osul.com.br\/brasil-avanca-na-sustentabilidade-com-novas-regras-para-os-plasticos\/\" style=\"color:blue; text-decoration:underline\"><span style=\"font-size:14.0pt\">Brasil avan&ccedil;a na sustentabilidade, com novas regras para os pl&aacute;sticos<\/span><\/a><\/span><\/span><\/span><\/p>\r\n\r\n<p style=\"text-align:justify\"><span style=\"font-size:11pt\"><span style=\"line-height:normal\"><span style=\"font-family:Calibri,sans-serif\"><a href=\"https:\/\/www.tempo.com\/noticias\/ciencia\/engenheiros-quimicos-descobrem-como-reciclar-roupas-feitas-com-mistura-de-fibras-nunca-deixaremos-de-comprar.html\" style=\"color:blue; text-decoration:underline\"><span style=\"font-size:14.0pt\">Engenheiros qu&iacute;micos descobrem como reciclar roupas feitas com mistura de fibras: &ldquo;nunca deixaremos de comprar&rdquo;<\/span><\/a><\/span><\/span><\/span><\/p>\r\n\r\n<p style=\"text-align:justify\"><span style=\"font-size:11pt\"><span style=\"line-height:normal\"><span style=\"font-family:Calibri,sans-serif\"><a href=\"https:\/\/public-api.wordpress.com\/bar\/?stat=groovemails-events&amp;bin=wpcom_email_click&amp;redirect_to=https%3A%2F%2Fblogdoplastico.wordpress.com%2F2024%2F08%2F07%2F3o-forum-de-economia-circular-acontece-em-agosto-durante-a-interplast-em-joinville-sc%2F&amp;sr=0&amp;signature=94c29ba8c1fe4ade5eb28cb3ea96d388&amp;blog_id=9438832&amp;user=135099004&amp;_e=eyJlcnJvciI6bnVsbCwiYmxvZ19pZCI6OTQzODgzMiwiYmxvZ19sYW5nIjoicHQtQlIiLCJzaXRlX2lkX2xhYmVsIjoid3Bjb20iLCJoYXNfZmVhdHVyZWRfaW1hZ2UiOiIwIiwic3Vic2NyaWJlcl9pZCI6IjQ0NzAwMjQ1IiwiX3VpIjoxMzUwOTkwMDQsImxvY2FsZSI6InB0LWJyIiwiY3VycmVuY3kiOiJCUkwiLCJjb3VudHJ5X2NvZGVfc2lnbnVwIjoiQlIiLCJzaWdudXBfZmxvd19uYW1lIjoiZGVsdGEtc2l0ZSIsImVtYWlsX2RvbWFpbiI6ImFiaW50Lm9yZy5iciIsInBvc3RfaWQiOjE4MzgyLCJ1c2VyX2VtYWlsIjoiYWJpbnRAYWJpbnQub3JnLmJyIiwiZGF0ZV9zZW50IjoiMjAyNC0wOC0wOCIsImVtYWlsX2lkIjoiMjJhNjY5OTZjZWVjZjA3OTEyMDI4Y2YwYjI4YzI1ZDEiLCJlbWFpbF9uYW1lIjoibmV3LXBvc3QiLCJ0ZW1wbGF0ZSI6Im5ldy1wb3N0IiwibGlua19kZXNjIjoicG9zdC11cmwiLCJhbmNob3JfdGV4dCI6IjNcdTAwYmEgRlx1MDBmM3J1bSBkZSBFY29ub21pYSBDaXJjdWxhciBhY29udGVjZSBlbSBBZ29zdG8sIGR1cmFudGUgYSBJbnRlcnBsYXN0LCBlbSBKb2ludmlsbGVcdTAwYTAoU0MpIiwiX2RyIjpudWxsLCJfZGwiOiJcL3dwLWFkbWluXC9wb3N0LnBocCIsIl91dCI6IndwY29tOnVzZXJfaWQiLCJfdWwiOiJhYmludHR0IiwiX2VuIjoid3Bjb21fZW1haWxfY2xpY2siLCJfdHMiOjE3MjMwODA5MjU5ODUsImJyb3dzZXJfdHlwZSI6InBocC1hZ2VudCIsIl9hdWEiOiJ3cGNvbS10cmFja3MtY2xpZW50LXYwLjMiLCJibG9nX3R6IjoiLTMiLCJ1c2VyX2xhbmciOiJwdC1iciJ9&amp;_z=z\" style=\"color:blue; text-decoration:underline\"><span style=\"font-size:14.0pt\">3&ordm; F&oacute;rum de Economia Circular acontece em Agosto, durante a Interplast, em Joinville&nbsp;(SC)<\/span><\/a> <\/span><\/span><\/span><\/p>\r\n\r\n<p style=\"text-align:justify\"><span style=\"font-size:28pt\"><span style=\"font-family:Cambria,serif\"><span style=\"letter-spacing:-0.5pt\"><b><span style=\"font-size:18.0pt\"><span style=\"font-family:&quot;Calibri&quot;,sans-serif\"><span style=\"font-variant:small-caps\">Inova&ccedil;&atilde;o<\/span><\/span><\/span><\/b><\/span><\/span><\/span><\/p>\r\n\r\n<p style=\"text-align:justify\"><span style=\"font-size:11pt\"><span style=\"line-height:normal\"><span style=\"font-family:Calibri,sans-serif\"><a href=\"https:\/\/www.innovationintextiles.com\/industry-talk\/design-award-for-circular-bmw-seat\/\" style=\"color:blue; text-decoration:underline\"><span style=\"font-size:14.0pt\">Design award for circular BMW seat<\/span><\/a><\/span><\/span><\/span><\/p>\r\n\r\n<p style=\"text-align:justify\"><span style=\"font-size:11pt\"><span style=\"line-height:normal\"><span style=\"font-family:Calibri,sans-serif\"><a href=\"https:\/\/www.gov.br\/inmetro\/pt-br\/centrais-de-conteudo\/noticias\/inmetro-realiza-seminario-sobre-metodologias-alternativas-e-inovacao-na-industria\" style=\"color:blue; text-decoration:underline\"><span style=\"font-size:14.0pt\">Inmetro realiza semin&aacute;rio sobre metodologias alternativas e inova&ccedil;&atilde;o na ind&uacute;stria<\/span><\/a><\/span><\/span><\/span><\/p>\r\n\r\n<p style=\"text-align:justify\"><span style=\"font-size:11pt\"><span style=\"line-height:normal\"><span style=\"font-family:Calibri,sans-serif\"><a href=\"https:\/\/olhardigital.com.br\/2024\/08\/05\/ciencia-e-espaco\/saliva-de-larvas-pode-ajudar-a-reciclar-plastico\/\" style=\"color:blue; text-decoration:underline\"><span style=\"font-size:14.0pt\">Saliva de larvas pode ajudar a reciclar pl&aacute;stico<\/span><\/a><\/span><\/span><\/span><\/p>\r\n\r\n<p style=\"text-align:justify\"><span style=\"font-size:28pt\"><span style=\"font-family:Cambria,serif\"><span style=\"letter-spacing:-0.5pt\"><b><span style=\"font-size:18.0pt\"><span style=\"font-family:&quot;Calibri&quot;,sans-serif\"><span style=\"font-variant:small-caps\">Com&eacute;rcio Exterior<\/span><\/span><\/span><\/b><\/span><\/span><\/span><\/p>\r\n\r\n<p style=\"text-align:justify\"><span style=\"font-size:11pt\"><span style=\"line-height:normal\"><span style=\"font-family:Calibri,sans-serif\"><a href=\"https:\/\/ibre.fgv.br\/blog-da-conjuntura-economica\/artigos\/nosso-foco-e-fazer-com-agendas-ambiental-e-comercial-se-apoiem\" style=\"color:blue; text-decoration:underline\"><span style=\"font-size:14.0pt\">&ldquo;Nosso foco &eacute; fazer com as agendas ambiental e comercial se apoiem mutuamente&rdquo;, afirma Tatiana Prazeres<\/span><\/a><\/span><\/span><\/span><\/p>\r\n\r\n<p style=\"text-align:justify\"><span style=\"font-size:11pt\"><span style=\"line-height:normal\"><span style=\"font-family:Calibri,sans-serif\"><a href=\"https:\/\/agenciabrasil.ebc.com.br\/economia\/noticia\/2024-08\/balanca-comercial-brasileira-tem-superavit-de-us-76-bilhoes-em-julho\" style=\"color:blue; text-decoration:underline\"><span style=\"font-size:14.0pt\">Balan&ccedil;a comercial brasileira tem super&aacute;vit de US$ 7,6 bilh&otilde;es em julho<\/span><\/a><\/span><\/span><\/span><\/p>\r\n\r\n<p style=\"text-align:justify\"><span style=\"font-size:11pt\"><span style=\"line-height:normal\"><span style=\"font-family:Calibri,sans-serif\"><a href=\"https:\/\/www.infomoney.com.br\/economia\/negociadores-de-mercosul-e-ue-retomam-conversas-sobre-acordo-em-setembro\/\" style=\"color:blue; text-decoration:underline\"><span style=\"font-size:14.0pt\">Negociadores de Mercosul e UE retomam conversas sobre acordo em setembro<\/span><\/a><\/span><\/span><\/span><\/p>\r\n\r\n<p style=\"text-align:justify\"><span style=\"font-size:11pt\"><span style=\"line-height:normal\"><span style=\"font-family:Calibri,sans-serif\"><a href=\"https:\/\/apexbrasil.com.br\/br\/pt\/conteudo\/noticias\/bfootwear-nos-eua.html\" style=\"color:blue; text-decoration:underline\"><span style=\"font-size:14.0pt\">De olho no mercado norte-americano, Abical&ccedil;ados prepara participa&ccedil;&atilde;o em feiras nos Estados Unidos<\/span><\/a><\/span><\/span><\/span><\/p>\r\n\r\n<p style=\"text-align:justify\"><span style=\"font-size:28pt\"><span style=\"font-family:Cambria,serif\"><span style=\"letter-spacing:-0.5pt\"><b><span style=\"font-size:18.0pt\"><span style=\"font-family:&quot;Calibri&quot;,sans-serif\"><span style=\"font-variant:small-caps\">Economia<\/span><\/span><\/span><\/b><\/span><\/span><\/span><\/p>\r\n\r\n<p style=\"text-align:justify\"><span style=\"font-size:11pt\"><span style=\"line-height:normal\"><span style=\"font-family:Calibri,sans-serif\"><a href=\"https:\/\/www.bcb.gov.br\/content\/focus\/focus\/R20240809.pdf\" style=\"color:blue; text-decoration:underline\"><span style=\"font-size:14.0pt\">Focus - Relat&oacute;rio de Mercado<\/span><\/a><\/span><\/span><\/span><\/p>\r\n\r\n<p style=\"text-align:justify\"><span style=\"font-size:11pt\"><span style=\"line-height:normal\"><span style=\"font-family:Calibri,sans-serif\"><a href=\"https:\/\/portalibre.fgv.br\/system\/files\/divulgacao\/noticias\/mat-complementar\/2024-08\/Bar%C3%B4metros%20Globais%20KOF-FGV_Press%20release_08_2024.pdf\" style=\"color:blue; text-decoration:underline\"><span style=\"font-size:14.0pt\">Bar&ocirc;metros Globais revertem queda do m&ecirc;s anterior<\/span><\/a><\/span><\/span><\/span><\/p>\r\n\r\n<p style=\"text-align:justify\"><img src=\"https:\/\/www.abint.org.br\/assets\/img\/editor\/redes-sociais-abint-ctg-cth_202406041400398QFSSawN2a.jpg\" \/><span style=\"font-size:11pt\"><span style=\"line-height:normal\"><span style=\"font-family:Calibri,sans-serif\"> <\/span><\/span><\/span><\/p>\r\n","6":"<p style=\"text-align:justify\"><span style=\"font-size:11pt\"><span style=\"line-height:normal\"><span style=\"font-family:Calibri,sans-serif\"><span style=\"font-size:14.0pt\">Esta &eacute; uma compila&ccedil;&atilde;o das not&iacute;cias mais relevantes para o setor, incluindo informa&ccedil;&otilde;es sobre acordos internacionais, economia brasileira, sustentabilidade e mat&eacute;rias primas, al&eacute;m de novidades do setor de N&atilde;otecidos e Tecidos T&eacute;cnicos.<\/span><\/span><\/span><\/span><\/p>\r\n\r\n<p style=\"text-align:justify\"><span style=\"font-size:28pt\"><span style=\"font-family:Cambria,serif\"><span style=\"letter-spacing:-0.5pt\"><b><span style=\"font-size:18.0pt\"><span style=\"font-family:&quot;Calibri&quot;,sans-serif\"><span style=\"font-variant:small-caps\">O que vem por a&iacute;<\/span><\/span><\/span><\/b><\/span><\/span><\/span><\/p>\r\n\r\n<p style=\"text-align:justify\"><b><img src=\"https:\/\/www.abint.org.br\/assets\/img\/editor\/logo-ctg-abint-png_20240718120356AYjq6yKWjI.png\" style=\"width: 300px; height: 55px;\" \/><\/b><\/p>\r\n\r\n<p>Nos dias 13 a 15 de agosto o CTG ABINT realizar&aacute; o Curso de Instala&ccedil;&atilde;o de Geomembranas.&nbsp;<a href=\"https:\/\/abrir.link\/qpYXB\">Acesse aqui para mais informa&ccedil;&otilde;es e inscri&ccedil;&otilde;es<\/a>.<\/p>\r\n\r\n<p><b><img src=\"https:\/\/www.abint.org.br\/assets\/img\/editor\/e-mail-mkt-curso-instal-gm-2024_20240718120456aWI5eANQaU.jpeg\" style=\"width: 700px; height: 350px;\" \/><\/b><\/p>\r\n\r\n<p>&nbsp;<\/p>\r\n\r\n<p><b><img src=\"https:\/\/www.abint.org.br\/assets\/img\/editor\/20240924-cobramseg-2024_20240718120541ztVNeqlLuA.png\" \/><\/b><\/p>\r\n\r\n<p><b>O CTG ABINT &eacute; um dos patrocinadores da 21&ordf; edi&ccedil;&atilde;o do Cobramseg &ndash; Congresso Brasileiro de Mec&acirc;nica dos Solos e Engenharia Geot&eacute;cnica.<\/b><\/p>\r\n\r\n<p>&ldquo;<i>Nos reunimos para celebrar a Mec&acirc;nica dos Solos e das Rochas, da GeoEngenharia! Academia, Ind&uacute;stria e &Oacute;rg&atilde;os Gestores unidos para expor seus avan&ccedil;os t&eacute;cnicos e cient&iacute;ficos. Um ambiente rico e diverso que nos permite debater solu&ccedil;&otilde;es e a&ccedil;&otilde;es de forma a fortalecer nossa comunidade geot&eacute;cnica, visando proporcionar um desenvolvimento mais sustent&aacute;vel e seguro para a nossa sociedade<\/i>.&rdquo; V&iacute;tor Pereira Faro, Presidente do COBRAMSEG 2024<\/p>\r\n\r\n<p><a href=\"http:\/\/www.cobramseg.com.br\/\">www.cobramseg.com.br<\/a><\/p>\r\n\r\n<p>&nbsp;<\/p>\r\n\r\n<p><b><img src=\"https:\/\/www.abint.org.br\/assets\/img\/editor\/fenasan-2024_202407181205570iB7KW1OZ4.jpg\" \/><\/b><\/p>\r\n\r\n<p>O&nbsp;<b>CTG ABINT apoia a Feira Nacional de Saneamento e Meio Ambiente &ndash; Fenasan e do 35&ordm; Encontro T&eacute;cnico AESabesp, que ocorrer&atilde;o de 22 a 24 de outubro de 2024<\/b>, no Pavilh&atilde;o Verde e Vermelho, no Expo Center Norte, em S&atilde;o Paulo. Trata-se do maior evento de saneamento da Am&eacute;rica Latin. A realiza&ccedil;&atilde;o &eacute; da AESabesp &ndash; Associa&ccedil;&atilde;o dos Engenheiros da Sabesp.<\/p>\r\n\r\n<p><i>O tema central desta edi&ccedil;&atilde;o &eacute; &ldquo;Saneamento ambiental: condi&ccedil;&atilde;o fundamental para o enfrentamento das mudan&ccedil;as clim&aacute;ticas&rdquo;. Com um p&uacute;blico tradicionalmente de 22 mil visitantes e alinhada aos ODS &ndash; Objetivos de Desenvolvimento Sustent&aacute;vel estabelecidos pela ONU e aos conceitos de ESG, a edi&ccedil;&atilde;o 2024 continuar&aacute; ampliando o di&aacute;logo em torno das quest&otilde;es de saneamento ambiental, meio ambiente e sustentabilidade e promovendo o compartilhamento de conhecimento altamente qualificado.<\/i><\/p>\r\n\r\n<p><a href=\"http:\/\/www.fenasan.com.br\/\">www.fenasan.com.br<\/a><\/p>\r\n\r\n<p>&nbsp;<\/p>\r\n\r\n<p><b><img src=\"https:\/\/www.abint.org.br\/assets\/img\/editor\/cth-logo-alta-jpg_2024071812065399MMBUXZze.jpg\" style=\"width: 300px; height: 68px;\" \/><\/b><\/p>\r\n\r\n<p><b><img src=\"https:\/\/www.abint.org.br\/assets\/img\/editor\/hospitalmed-2024-logo_20240718120628FoV3In8yB5.png\" style=\"width: 500px; height: 448px;\" \/><\/b><\/p>\r\n\r\n<p><b>O CTH ABINT &eacute; um dos patrocinadores da HospitalMed 2024.<\/b><\/p>\r\n\r\n<p>&ldquo;<i>A melhor e Mais Completa Feira de Sa&uacute;de do Norte\/Nordeste<\/i>&rdquo;, &eacute; uma realiza&ccedil;&atilde;o da HospitalMed Feiras &amp; Eventos e da Insight Feiras de Neg&oacute;cios.<\/p>\r\n\r\n<p><i>&ldquo;O&nbsp;<b>re&uacute;ne toda a cadeia produtiva do setor de sa&uacute;de das regi&otilde;es Norte\/Nordeste<\/b>. &Eacute; o grande encontro de fornecedores de Produtos, Equipamentos, Servi&ccedil;os, Tecnologia e Conte&uacute;do para Hospitais, Laborat&oacute;rios, Farm&aacute;cias, Cl&iacute;nicas, Consult&oacute;rios e Profissionais da Sa&uacute;de&rdquo;.<\/i><\/p>\r\n\r\n<p><a href=\"http:\/\/www.hospitalmed.com.br\/\">www.hospitalmed.com.br<\/a><\/p>\r\n\r\n<p class=\"MsoTitle\" style=\"text-align:justify\"><span style=\"font-size:28pt\"><span style=\"font-family:Cambria,serif\"><span style=\"letter-spacing:-0.5pt\"><b><span style=\"font-size:18.0pt\"><span style=\"font-family:&quot;Calibri&quot;,sans-serif\"><span style=\"font-variant:small-caps\">Not&iacute;cias das Associadas<\/span><\/span><\/span><\/b><\/span><\/span><\/span><\/p>\r\n\r\n<p style=\"text-align:justify\"><span style=\"font-size:11pt\"><span style=\"line-height:normal\"><span style=\"font-family:Calibri,sans-serif\"><a href=\"https:\/\/clickpetroleoegas.com.br\/domine-a-instalacao-de-geomembranas-capacitacao-avancada-no-instituto-maua-de-tecnologia\/\" style=\"color:blue; text-decoration:underline\"><span style=\"font-size:14.0pt\">Domine a Instala&ccedil;&atilde;o de Geomembranas: Capacita&ccedil;&atilde;o Avan&ccedil;ada no Instituto Mau&aacute; de Tecnologia<\/span><\/a><\/span><\/span><\/span><\/p>\r\n\r\n<p style=\"text-align:justify\"><span style=\"font-size:11pt\"><span style=\"line-height:normal\"><span style=\"font-family:Calibri,sans-serif\"><a href=\"https:\/\/www.technicaltextile.net\/news\/austrian-company-andritz-s-revenue-drops-2-2-in-q2fy24-297085.html#google_vignette\" style=\"color:blue; text-decoration:underline\"><span lang=\"EN-US\" style=\"font-size:14.0pt\">Austrian company Andritz&#39;s revenue drops 2.2% in Q2FY24<\/span><\/a><\/span><\/span><\/span><\/p>\r\n\r\n<p style=\"text-align:justify\"><span style=\"font-size:11pt\"><span style=\"line-height:normal\"><span style=\"font-family:Calibri,sans-serif\"><a href=\"https:\/\/t.rdsv2.net\/ls\/click?upn=u001.SJ-2BHbcLStyE5mTD5OK48sq2JxFfkhvQ6eAz6nLBcupUn3yZyHpKyt6N9F5ufG-2Fn5ondusB9Ls8LfSs0JuOS-2Fcy9fRJwAuLs8vBA-2F-2Frh2CoYi4eviXQ62DrDrbj7zmNbG5kjbz28EJm8iqHsYKayHavZoPNOqkmuXejBv8dVC5tf1cXtzeh0BuU050zl4Y6-2FDG-2FujoaARa5LtsmsxQEPkopAsDm7uLXhcptCM9DCKSKf9Q6XzzCc2Whj1jKoCjG2haeyAQjDhoOWxQqKZD8fv-2B-2BfgcZJBBzFzrz38-2FF35B-2BUuRHJmwA9-2BnTheYKQrDC1qNcrP_T7N8BvZTOm04CQQMiyWztrpCjlUrRc4F7QzSgUIpTqB5Yk-2Bt7YhUyk7lZRXmbFFsi-2Foe1q0kuwsCjfsBOqL9ZeKwOqG7ApazixuGEP6Z5SJuFg5bm15p-2FcAKNI6-2BqjB-2Bla0BxWV3Ygh-2FnRYY4k-2BcFORjcgA3pu6Fta9T86VUW9xqcqII6F3oTxag9fk-2BrFwOkuS0v18XCnjpVGKbJxg1v-2BEczTxqjkunpoarp9zM0EsWjGG1Bw7FMyAROSSOyw-2FdDwBscelo-2FhhtX1jHCN5rL44rmFvg6XICpaoZ-2F-2Fh4VGXJD5OMlF8Q9aTI8xSMw9sIMitsvKplJxcuzHdCVAgmG6UxJdeRpMlAZqH7GKgCZf-2BwUd5j9zQqSvLAwd4oM2deg5WDs-2FiyUo41ZC-2Fp7FZMzrc5porxiJW5aFUNVN73zfYFwBQ7xMKX7hRDMO-2Bwwmo8-2Bzh6ACKvlwiJMGLRzR5OOqGIcSCr6tfNbENA-2B1hmxY7LxfEszEutsBaxhZto7TLZ83yZktHNIINhhwHg4j0j-2BNVzETrGWb2bVUiRYA-2FRj5TEKdffSavjsaiT679bJjzQpsL7ySYm3gjHSNKAWijSCN2Q-2FRGdXH4rbXnymJJi-2F7rshjBVJvfAPFjR5skO72p9p9bBRZPpYx8tEeltezBIZWVyXowbbyciuvUgs3U27hvQSJF-2BUTezi0N6pLTDcQMNl-2F3QQjaKoXPu4Ow3uBdlzA-3D-3D\" style=\"color:blue; text-decoration:underline\" title=\"ANDRITZ inicia maior f\u00e1brica de eucalipto para Suzano, no Brasil\"><span style=\"font-size:14.0pt\">ANDRITZ inicia maior f&aacute;brica de eucalipto para Suzano, no Brasil<\/span><\/a><\/span><\/span><\/span><\/p>\r\n\r\n<p style=\"text-align:justify\"><span style=\"font-size:11pt\"><span style=\"line-height:normal\"><span style=\"font-family:Calibri,sans-serif\"><a href=\"https:\/\/www.nonwovens-industry.com\/contents\/view_breaking-news\/2024-08-09\/suominen-reports-gains\/15303\" style=\"color:blue; text-decoration:underline\"><span lang=\"ES-AR\" style=\"font-size:14.0pt\">Suominen Reports Gains<\/span><\/a><\/span><\/span><\/span><\/p>\r\n\r\n<p style=\"text-align:justify\"><span style=\"font-size:11pt\"><span style=\"line-height:normal\"><span style=\"font-family:Calibri,sans-serif\"><a href=\"https:\/\/www.nonwovens-industry.com\/contents\/view_breaking-news\/2024-08-09\/suominen-is-adding-new-line-in-spain\/15303\" style=\"color:blue; text-decoration:underline\"><span lang=\"ES-AR\" style=\"font-size:14.0pt\">Suominen Is Adding New Line in Spain<\/span><\/a><\/span><\/span><\/span><\/p>\r\n\r\n<p><b>Eventos<\/b><\/p>\r\n\r\n<p><a href=\"https:\/\/www.portaldaindustria.com.br\/cni\/eventos\/seminario-politicas-industriais-brasil-mundo\/?utm_source=comext&amp;utm_medium=email&amp;utm_campaign=eventos&amp;utm_content=id00177#msdynttrid=aKWX9w7bDAcQJjsEPwRcTH7ZjlOLgcrnvIVCamEU3W8\"><b>CNI\/ MDIC\/ BNDES | Semin&aacute;rio sobre Pol&iacute;ticas Industriais no Brasil e no Mundo<\/b><\/a>, 06 de agosto de 2024, 09h00, na sede da CNI, em Bras&iacute;lia<\/p>\r\n\r\n<p><a href=\"https:\/\/anahp.zoom.us\/webinar\/register\/WN_X4JGg2WxTneG3zaWAFEEoA?utm_campaign=anahp_ao_vivo_-_reforma_tributaria_o_que_muda_para_saude_0608&amp;utm_medium=email&amp;utm_source=RD+Station#\/registration\"><b>Anahp ao Vivo | Reforma Tribut&aacute;ria: O que ainda pode mudar para o Setor de Sa&uacute;de<\/b><\/a>, 06 de agosto de 2024, 10h00, evento online<\/p>\r\n\r\n<p><b><a href=\"https:\/\/www.anahp.com.br\/evento\/jornada-digital-pilares-da-qualidade-e-seguranca-na-atencao-centrada-no-paciente\/?utm_campaign=emkt_-__jornada_digital_-_0808&amp;utm_medium=email&amp;utm_source=RD+Station\">Jornada Digital Anahp | Pilares da qualidade e seguran&ccedil;a na aten&ccedil;&atilde;o centrada no paciente<\/a><\/b>, 08 de agosto de 2024, 10h, evento online<\/p>\r\n\r\n<p><a href=\"https:\/\/abrava.tcsdigital.com.br\/DIGITAL\/inscricoes\/evento3.aspx?evento=001&amp;idativa=1\"><b>Panorama Setorial ABRAVA MG &ndash; Vis&atilde;o Econ&ocirc;mica e de Futuro para o Setor AVACR<\/b><\/a>, 13 de agosto de 2024, 08h00 &agrave;s 17h00, evento gratuito e presencial, CREA-MG, Av. &Aacute;lvares Cabral, 1600, Santo Agostinho, 30170-917, Belo Horizonte, MG<\/p>\r\n\r\n<p><a href=\"https:\/\/www.interplast.com.br\/\"><b>Interplast - Feira do Pl&aacute;stico<\/b><\/a>, do Pol&iacute;mero ao Produto, 13 a 16 de agosto de 2024, 13hs &agrave;s 20hs, Expoville, Joinville, SC<\/p>\r\n\r\n<p><b><a href=\"https:\/\/docs.google.com\/forms\/d\/e\/1FAIpQLSdlLJEamcFOQLk7NGJ8dadSzdWJm76r1yGCMsC934sYZx3n_g\/viewform\">AESabesp | Regula&ccedil;&atilde;o ESG - Aplica&ccedil;&atilde;o e pr&aacute;tica no setor de saneamento &ndash; Avan&ccedil;ado<\/a><\/b>, 13, 15, 20 e 22 de agosto de 2024, 14h &agrave;s 17h, plataforma online<\/p>\r\n\r\n<p><img src=\"https:\/\/www.abint.org.br\/assets\/img\/editor\/abtt-academy-curso-compras-texteis-hospitalares_20240604135954xriEyS8abD.jpg\" style=\"width: 500px; height: 500px;\" \/><\/p>\r\n\r\n<p><a href=\"https:\/\/docs.google.com\/forms\/d\/e\/1FAIpQLSeG7zdl8xZpguBFbIdqyMS61mxfjvFjKOQ3EUqnWgC1RUcAug\/viewform\">Informa&ccedil;&otilde;es e inscri&ccedil;&otilde;es<\/a><\/p>\r\n\r\n<p><a href=\"https:\/\/emailmarketing.locaweb.com.br\/accounts\/116830\/messages\/524?email=abint@abint.org.br&amp;c=1719495723&amp;contact_id=110&amp;envelope_id=403\"><b>JEC Composites Talks Brasil<\/b><\/a>, 19 de agosto de 2024, S&atilde;o Paulo, SP<\/p>\r\n\r\n<p><a href=\"https:\/\/app.rdstation.email\/mail\/d1246106-5887-4ae3-b115-63593ba00040?utm_campaign=emkt_workshop_-_gestao_de_produtos_quimicos&amp;utm_medium=email&amp;utm_source=RD+Station\"><b>Workshop | Gest&atilde;o de Produtos Qu&iacute;micos<\/b><\/a>, 20 de agosto de 2024, das 10h &agrave;s 12h, evento online<\/p>\r\n\r\n<p><a href=\"http:\/\/www.feiplar.com\/\"><b>FEIPLAR COMPOSITES &amp; FEIPUR &ndash; Feira e Congresso Internacionais de Composites, Poliuretano, Pl&aacute;sticos de Engenharia e Compostos Termopl&aacute;sticos<\/b><\/a>, 20 a 22 de agosto de 2024, S&atilde;o Paulo Expo (Pavilh&atilde;o 5), palestras: das 8h30 &agrave;s 18h, feira: das 13h &agrave;s 20h<\/p>\r\n\r\n<p><a href=\"http:\/\/www.techtextil-north-america.us.messefrankfurt.com\/\"><b>Techtextil North America 2024<\/b><\/a>, August 20 &ndash; 24, Raleigh, North Carolina<\/p>\r\n\r\n<p><b>Anaph | 3&ordf; F&oacute;rum Anahp de Lideran&ccedil;as da Enfermagem<\/b>, 21 de agosto de 2024, &agrave;s 8h30, evento presencial<\/p>\r\n\r\n<p><a href=\"https:\/\/www.conceitoseminarios.com.br\/seminario\/6-forum-novo-marco-do-saneamento\/\"><b>6&ordm; F&oacute;rum Novo Marco do Saneamento<\/b><\/a>, 29 de agosto de 2024, 08h30 &agrave;s 18h00, Hotel Meli&aacute; Jardim Europa, Rua Jo&atilde;o Cachoeira, 107, Itaim Bibi, S&atilde;o Paulo<\/p>\r\n\r\n<p><a href=\"https:\/\/www.recy-plastech.com\/\"><b>Recy-Plastech 2024 &ndash; Semin&aacute;rio Internacional de Sustentabilidade e Reciclagem de Pl&aacute;sticos<\/b><\/a>, 11 e 12 de setembro de 2024, Milenium Centro de Conven&ccedil;&otilde;es, Rua Dr. Bacelar, 1.043, Vila Clementino, S&atilde;o Paulo, SP<\/p>\r\n\r\n<p><a href=\"https:\/\/cbplastico.com.br\/2024\/\"><b>5&ordm; Congresso Brasileiro do Pl&aacute;stico<\/b><\/a>, 12 de setembro de 2024, evento h&iacute;brido, Casa Bisutti, Rua Casa do Ator, 577, Vila Ol&iacute;mpia, S&atilde;o Paulo, SP<\/p>\r\n\r\n<p><a href=\"http:\/\/www.fenasan.com.br\/\"><b>Fenasan 2024 &ndash; Feira Nacional de Saneamento e Meio Ambiente<\/b><\/a>, 22 a 24 de outubro de 2024, Pavilh&otilde;es Verde e Vermelho, Expo Center Norte, S&atilde;o Paulo SP<\/p>\r\n\r\n<p><a href=\"http:\/\/www.hospitalmed.com.br\/\"><b>HospitalMed 2024<\/b><\/a>, 23 a 25 de outubro, das 14h &agrave;s 20h, no Pernambuco Centro de Conven&ccedil;&otilde;es<\/p>\r\n\r\n<p><a href=\"https:\/\/www.abnteducacao.com.br\/Simbologia_de_cuidados_aplicada_a_Etiquetagem_de_Texteis_ABNT_NBR_NM_ISO_3758\"><b>Simbologia de cuidados aplicada a Etiquetagem de T&ecirc;xteis<\/b><\/a>, 23 e 24 de outubro de 2024, 8h30 &agrave;s 17h30, evento online<\/p>\r\n\r\n<p><a href=\"https:\/\/b20brazil.org\/#msdynttrid=6zt-Ug2nJO0FDfhoU9K0en-twuGAoU5aPF8EQm7neRo\"><b>B20 Summit Brasil 2024 - Inclusive Growth for a Sustainable Future<\/b><\/a>, October 24th - 25th, 2024, Clube Atl&eacute;tico Monte L&iacute;bano, S&atilde;o Paulo, SP<\/p>\r\n\r\n<p><a href=\"http:\/\/www.congressoabit.com.br\/\"><b>Congresso Internacional Abit 2024<\/b><\/a>, 30 e 31 de outubro, Salvador, Bahia<\/p>\r\n\r\n<p><a href=\"https:\/\/www.fimec.com.br\/\"><b>Fimec 2025<\/b><\/a>, 18 a 20 de mar&ccedil;o, Fenac, Novo Hamburgo, RS<\/p>\r\n\r\n<p class=\"MsoTitle\" style=\"text-align:justify\"><span style=\"font-size:28pt\"><span style=\"font-family:Cambria,serif\"><span style=\"letter-spacing:-0.5pt\"><b><span style=\"font-size:18.0pt\"><span style=\"font-family:&quot;Calibri&quot;,sans-serif\"><span style=\"font-variant:small-caps\">Setor<\/span><\/span><\/span><\/b><\/span><\/span><\/span><\/p>\r\n\r\n<p style=\"text-align:justify\"><span style=\"font-size:11pt\"><span style=\"line-height:normal\"><span style=\"font-family:Calibri,sans-serif\"><a href=\"https:\/\/plasticosemrevista.com.br\/coreia-do-sul-determina-antidumping-para-pet-da-china\/\" style=\"color:blue; text-decoration:underline\"><span style=\"font-size:14.0pt\">Coreia do Sul determina antidumping para PET da China<\/span><\/a><\/span><\/span><\/span><\/p>\r\n\r\n<p style=\"text-align:justify\"><span style=\"font-size:11pt\"><span style=\"line-height:normal\"><span style=\"font-family:Calibri,sans-serif\"><a href=\"https:\/\/plasticosemrevista.com.br\/pp-brasil-e-o-3o-importador-da-china-no-1o-semestre\/\" style=\"color:blue; text-decoration:underline\"><span style=\"font-size:14.0pt\">PP: Brasil &eacute; o 3&ordm; importador da China no 1&ordm; semestre<\/span><\/a><\/span><\/span><\/span><\/p>\r\n\r\n<p style=\"text-align:justify\"><span style=\"font-size:11pt\"><span style=\"line-height:normal\"><span style=\"font-family:Calibri,sans-serif\"><a href=\"https:\/\/abcdoabc.com.br\/ebitda-recorrente-da-braskem-registra-alta-de-46-no-segundo-trimestre-de-2024\/\" style=\"color:blue; text-decoration:underline\"><span style=\"font-size:14.0pt\">Ebitda recorrente da Braskem registra alta de 46% no segundo trimestre de 2024<\/span><\/a><\/span><\/span><\/span><\/p>\r\n\r\n<p style=\"text-align:justify\"><span style=\"font-size:11pt\"><span style=\"line-height:normal\"><span style=\"font-family:Calibri,sans-serif\"><a href=\"https:\/\/www.msn.com\/en-us\/health\/other\/berry-to-spin-off-most-of-health-hygiene-and-specialties-business\/ar-BB1hV10N?ocid=BingNewsVerp\" style=\"color:blue; text-decoration:underline\"><span lang=\"EN-US\" style=\"font-size:14.0pt\">Berry to spin off most of health, hygiene and specialties business<\/span><\/a><\/span><\/span><\/span><\/p>\r\n\r\n<p style=\"text-align:justify\"><span style=\"font-size:28pt\"><span style=\"font-family:Cambria,serif\"><span style=\"letter-spacing:-0.5pt\"><b><span style=\"font-size:18.0pt\"><span style=\"font-family:&quot;Calibri&quot;,sans-serif\"><span style=\"font-variant:small-caps\">Ind&uacute;stria<\/span><\/span><\/span><\/b><\/span><\/span><\/span><\/p>\r\n\r\n<p style=\"text-align:justify\"><span style=\"font-size:11pt\"><span style=\"line-height:normal\"><span style=\"font-family:Calibri,sans-serif\"><a href=\"https:\/\/economiasp.com\/2024\/08\/09\/sp-ganha-maior-feira-das-americas-para-unir-industria-textil-e-de-confeccao\/\" style=\"color:blue; text-decoration:underline\"><span style=\"font-size:14.0pt\"><span style=\"color:blue\">SP ganha maior feira das Am&eacute;ricas para unir ind&uacute;stria t&ecirc;xtil e de confec&ccedil;&atilde;o<\/span><\/span><\/a><\/span><\/span><\/span><\/p>\r\n\r\n<p style=\"text-align:justify\"><span style=\"font-size:11pt\"><span style=\"line-height:normal\"><span style=\"font-family:Calibri,sans-serif\"><a href=\"http:\/\/ClickC.e2b.moveisdevalor.com.br\/Redir?1dc2f4046c80f030a6032353032813f5&amp;59c4be1a0b992dd149e233c94f87349b\" style=\"color:blue; text-decoration:underline\"><span style=\"font-size:14.0pt\"><span style=\"color:blue\">Ind&uacute;stria ga&uacute;cha tem forte recupera&ccedil;&atilde;o em junho, diz IBGE<\/span><\/span><\/a><\/span><\/span><\/span><\/p>\r\n\r\n<p style=\"text-align:justify\"><span style=\"font-size:11pt\"><span style=\"line-height:normal\"><span style=\"font-family:Calibri,sans-serif\"><a href=\"http:\/\/emkt.grandesconstrucoes.com.br\/emkt\/tracer\/?2,8633883,260ba16a,6da1,11\" style=\"color:blue; text-decoration:underline\" title=\"Governo congela R$ 1,68 bilh\u00e3o do or\u00e7amento para o transporte\"><span style=\"font-size:14.0pt\">Governo congela R$ 1,68 bilh&atilde;o do or&ccedil;amento para o transporte<\/span><\/a><\/span><\/span><\/span><\/p>\r\n\r\n<p style=\"text-align:justify\"><span style=\"font-size:11pt\"><span style=\"line-height:normal\"><span style=\"font-family:Calibri,sans-serif\"><span class=\"MsoHyperlink\" style=\"color:blue\"><span style=\"text-decoration:underline\"><span style=\"font-size:14.0pt\"><span style=\"color:blue\"><span style=\"text-decoration:none\"><span style=\"text-underline:none\"><a href=\"https:\/\/guaiba.com.br\/2024\/08\/06\/industria-calcadista-encerra-semestre-criando-765-mil-postos-de-trabalho\/\" style=\"color:blue; text-decoration:underline\"><span style=\"color:blue\">Ind&uacute;stria cal&ccedil;adista encerra semestre criando 7,65 mil postos de trabalho<\/span><\/a><\/span><\/span><\/span><\/span><\/span><\/span><\/span><\/span><\/span><\/p>\r\n\r\n<p style=\"text-align:justify\"><span style=\"font-size:11pt\"><span style=\"line-height:normal\"><span style=\"font-family:Calibri,sans-serif\"><a href=\"https:\/\/grandesconstrucoes.com.br\/Noticias\/Exibir\/cadeia-produtiva-eleva-projecoes-para-o-setor-da-construcao-no-ano?utm_source=akna&amp;utm_medium=email&amp;utm_campaign=Revista-GC-Informativo-924-08-08-2024&amp;utm_source=akna&amp;utm_medium=email&amp;utm_campaign=Revista-GC-Informativo-924-08-08-2024\" style=\"color:blue; text-decoration:underline\"><span style=\"font-size:14.0pt\">Cadeia produtiva eleva proje&ccedil;&otilde;es para o setor da constru&ccedil;&atilde;o no ano<\/span><\/a><\/span><\/span><\/span><\/p>\r\n\r\n<p style=\"text-align:justify\"><span style=\"font-size:11pt\"><span style=\"line-height:normal\"><span style=\"font-family:Calibri,sans-serif\"><a href=\"https:\/\/www.infomoney.com.br\/negocios\/producao-e-vendas-de-veiculos-crescem-forte-em-julho-ante-2023-diz-anfavea\/\" style=\"color:blue; text-decoration:underline\"><span style=\"font-size:14.0pt\"><span style=\"color:blue\">Produ&ccedil;&atilde;o e vendas de ve&iacute;culos crescem forte em julho ante 2023, diz Anfavea<\/span><\/span><\/a><\/span><\/span><\/span><\/p>\r\n\r\n<p style=\"text-align:justify\"><span style=\"font-size:28pt\"><span style=\"font-family:Cambria,serif\"><span style=\"letter-spacing:-0.5pt\"><b><span style=\"font-size:18.0pt\"><span style=\"font-family:&quot;Calibri&quot;,sans-serif\"><span style=\"font-variant:small-caps\">Sustentabilidade<\/span><\/span><\/span><\/b><\/span><\/span><\/span><\/p>\r\n\r\n<p style=\"text-align:justify\"><span style=\"font-size:11pt\"><span style=\"line-height:normal\"><span style=\"font-family:Calibri,sans-serif\"><a href=\"https:\/\/epocanegocios.globo.com\/colunas\/proposito-nos-negocios\/coluna\/2024\/08\/o-fim-da-festa-esg.ghtml\" style=\"color:blue; text-decoration:underline\"><span style=\"font-size:14.0pt\">O fim da festa ESG<\/span><\/a><\/span><\/span><\/span><\/p>\r\n\r\n<p style=\"text-align:justify\"><span style=\"font-size:11pt\"><span style=\"line-height:normal\"><span style=\"font-family:Calibri,sans-serif\"><a href=\"https:\/\/www.osul.com.br\/brasil-avanca-na-sustentabilidade-com-novas-regras-para-os-plasticos\/\" style=\"color:blue; text-decoration:underline\"><span style=\"font-size:14.0pt\">Brasil avan&ccedil;a na sustentabilidade, com novas regras para os pl&aacute;sticos<\/span><\/a><\/span><\/span><\/span><\/p>\r\n\r\n<p style=\"text-align:justify\"><span style=\"font-size:11pt\"><span style=\"line-height:normal\"><span style=\"font-family:Calibri,sans-serif\"><a href=\"https:\/\/www.tempo.com\/noticias\/ciencia\/engenheiros-quimicos-descobrem-como-reciclar-roupas-feitas-com-mistura-de-fibras-nunca-deixaremos-de-comprar.html\" style=\"color:blue; text-decoration:underline\"><span style=\"font-size:14.0pt\">Engenheiros qu&iacute;micos descobrem como reciclar roupas feitas com mistura de fibras: &ldquo;nunca deixaremos de comprar&rdquo;<\/span><\/a><\/span><\/span><\/span><\/p>\r\n\r\n<p style=\"text-align:justify\"><span style=\"font-size:11pt\"><span style=\"line-height:normal\"><span style=\"font-family:Calibri,sans-serif\"><a href=\"https:\/\/public-api.wordpress.com\/bar\/?stat=groovemails-events&amp;bin=wpcom_email_click&amp;redirect_to=https%3A%2F%2Fblogdoplastico.wordpress.com%2F2024%2F08%2F07%2F3o-forum-de-economia-circular-acontece-em-agosto-durante-a-interplast-em-joinville-sc%2F&amp;sr=0&amp;signature=94c29ba8c1fe4ade5eb28cb3ea96d388&amp;blog_id=9438832&amp;user=135099004&amp;_e=eyJlcnJvciI6bnVsbCwiYmxvZ19pZCI6OTQzODgzMiwiYmxvZ19sYW5nIjoicHQtQlIiLCJzaXRlX2lkX2xhYmVsIjoid3Bjb20iLCJoYXNfZmVhdHVyZWRfaW1hZ2UiOiIwIiwic3Vic2NyaWJlcl9pZCI6IjQ0NzAwMjQ1IiwiX3VpIjoxMzUwOTkwMDQsImxvY2FsZSI6InB0LWJyIiwiY3VycmVuY3kiOiJCUkwiLCJjb3VudHJ5X2NvZGVfc2lnbnVwIjoiQlIiLCJzaWdudXBfZmxvd19uYW1lIjoiZGVsdGEtc2l0ZSIsImVtYWlsX2RvbWFpbiI6ImFiaW50Lm9yZy5iciIsInBvc3RfaWQiOjE4MzgyLCJ1c2VyX2VtYWlsIjoiYWJpbnRAYWJpbnQub3JnLmJyIiwiZGF0ZV9zZW50IjoiMjAyNC0wOC0wOCIsImVtYWlsX2lkIjoiMjJhNjY5OTZjZWVjZjA3OTEyMDI4Y2YwYjI4YzI1ZDEiLCJlbWFpbF9uYW1lIjoibmV3LXBvc3QiLCJ0ZW1wbGF0ZSI6Im5ldy1wb3N0IiwibGlua19kZXNjIjoicG9zdC11cmwiLCJhbmNob3JfdGV4dCI6IjNcdTAwYmEgRlx1MDBmM3J1bSBkZSBFY29ub21pYSBDaXJjdWxhciBhY29udGVjZSBlbSBBZ29zdG8sIGR1cmFudGUgYSBJbnRlcnBsYXN0LCBlbSBKb2ludmlsbGVcdTAwYTAoU0MpIiwiX2RyIjpudWxsLCJfZGwiOiJcL3dwLWFkbWluXC9wb3N0LnBocCIsIl91dCI6IndwY29tOnVzZXJfaWQiLCJfdWwiOiJhYmludHR0IiwiX2VuIjoid3Bjb21fZW1haWxfY2xpY2siLCJfdHMiOjE3MjMwODA5MjU5ODUsImJyb3dzZXJfdHlwZSI6InBocC1hZ2VudCIsIl9hdWEiOiJ3cGNvbS10cmFja3MtY2xpZW50LXYwLjMiLCJibG9nX3R6IjoiLTMiLCJ1c2VyX2xhbmciOiJwdC1iciJ9&amp;_z=z\" style=\"color:blue; text-decoration:underline\"><span style=\"font-size:14.0pt\">3&ordm; F&oacute;rum de Economia Circular acontece em Agosto, durante a Interplast, em Joinville&nbsp;(SC)<\/span><\/a> <\/span><\/span><\/span><\/p>\r\n\r\n<p style=\"text-align:justify\"><span style=\"font-size:28pt\"><span style=\"font-family:Cambria,serif\"><span style=\"letter-spacing:-0.5pt\"><b><span style=\"font-size:18.0pt\"><span style=\"font-family:&quot;Calibri&quot;,sans-serif\"><span style=\"font-variant:small-caps\">Inova&ccedil;&atilde;o<\/span><\/span><\/span><\/b><\/span><\/span><\/span><\/p>\r\n\r\n<p style=\"text-align:justify\"><span style=\"font-size:11pt\"><span style=\"line-height:normal\"><span style=\"font-family:Calibri,sans-serif\"><a href=\"https:\/\/www.innovationintextiles.com\/industry-talk\/design-award-for-circular-bmw-seat\/\" style=\"color:blue; text-decoration:underline\"><span style=\"font-size:14.0pt\">Design award for circular BMW seat<\/span><\/a><\/span><\/span><\/span><\/p>\r\n\r\n<p style=\"text-align:justify\"><span style=\"font-size:11pt\"><span style=\"line-height:normal\"><span style=\"font-family:Calibri,sans-serif\"><a href=\"https:\/\/www.gov.br\/inmetro\/pt-br\/centrais-de-conteudo\/noticias\/inmetro-realiza-seminario-sobre-metodologias-alternativas-e-inovacao-na-industria\" style=\"color:blue; text-decoration:underline\"><span style=\"font-size:14.0pt\">Inmetro realiza semin&aacute;rio sobre metodologias alternativas e inova&ccedil;&atilde;o na ind&uacute;stria<\/span><\/a><\/span><\/span><\/span><\/p>\r\n\r\n<p style=\"text-align:justify\"><span style=\"font-size:11pt\"><span style=\"line-height:normal\"><span style=\"font-family:Calibri,sans-serif\"><a href=\"https:\/\/olhardigital.com.br\/2024\/08\/05\/ciencia-e-espaco\/saliva-de-larvas-pode-ajudar-a-reciclar-plastico\/\" style=\"color:blue; text-decoration:underline\"><span style=\"font-size:14.0pt\">Saliva de larvas pode ajudar a reciclar pl&aacute;stico<\/span><\/a><\/span><\/span><\/span><\/p>\r\n\r\n<p style=\"text-align:justify\"><span style=\"font-size:28pt\"><span style=\"font-family:Cambria,serif\"><span style=\"letter-spacing:-0.5pt\"><b><span style=\"font-size:18.0pt\"><span style=\"font-family:&quot;Calibri&quot;,sans-serif\"><span style=\"font-variant:small-caps\">Com&eacute;rcio Exterior<\/span><\/span><\/span><\/b><\/span><\/span><\/span><\/p>\r\n\r\n<p style=\"text-align:justify\"><span style=\"font-size:11pt\"><span style=\"line-height:normal\"><span style=\"font-family:Calibri,sans-serif\"><a href=\"https:\/\/ibre.fgv.br\/blog-da-conjuntura-economica\/artigos\/nosso-foco-e-fazer-com-agendas-ambiental-e-comercial-se-apoiem\" style=\"color:blue; text-decoration:underline\"><span style=\"font-size:14.0pt\">&ldquo;Nosso foco &eacute; fazer com as agendas ambiental e comercial se apoiem mutuamente&rdquo;, afirma Tatiana Prazeres<\/span><\/a><\/span><\/span><\/span><\/p>\r\n\r\n<p style=\"text-align:justify\"><span style=\"font-size:11pt\"><span style=\"line-height:normal\"><span style=\"font-family:Calibri,sans-serif\"><a href=\"https:\/\/agenciabrasil.ebc.com.br\/economia\/noticia\/2024-08\/balanca-comercial-brasileira-tem-superavit-de-us-76-bilhoes-em-julho\" style=\"color:blue; text-decoration:underline\"><span style=\"font-size:14.0pt\">Balan&ccedil;a comercial brasileira tem super&aacute;vit de US$ 7,6 bilh&otilde;es em julho<\/span><\/a><\/span><\/span><\/span><\/p>\r\n\r\n<p style=\"text-align:justify\"><span style=\"font-size:11pt\"><span style=\"line-height:normal\"><span style=\"font-family:Calibri,sans-serif\"><a href=\"https:\/\/www.infomoney.com.br\/economia\/negociadores-de-mercosul-e-ue-retomam-conversas-sobre-acordo-em-setembro\/\" style=\"color:blue; text-decoration:underline\"><span style=\"font-size:14.0pt\">Negociadores de Mercosul e UE retomam conversas sobre acordo em setembro<\/span><\/a><\/span><\/span><\/span><\/p>\r\n\r\n<p style=\"text-align:justify\"><span style=\"font-size:11pt\"><span style=\"line-height:normal\"><span style=\"font-family:Calibri,sans-serif\"><a href=\"https:\/\/apexbrasil.com.br\/br\/pt\/conteudo\/noticias\/bfootwear-nos-eua.html\" style=\"color:blue; text-decoration:underline\"><span style=\"font-size:14.0pt\">De olho no mercado norte-americano, Abical&ccedil;ados prepara participa&ccedil;&atilde;o em feiras nos Estados Unidos<\/span><\/a><\/span><\/span><\/span><\/p>\r\n\r\n<p style=\"text-align:justify\"><span style=\"font-size:28pt\"><span style=\"font-family:Cambria,serif\"><span style=\"letter-spacing:-0.5pt\"><b><span style=\"font-size:18.0pt\"><span style=\"font-family:&quot;Calibri&quot;,sans-serif\"><span style=\"font-variant:small-caps\">Economia<\/span><\/span><\/span><\/b><\/span><\/span><\/span><\/p>\r\n\r\n<p style=\"text-align:justify\"><span style=\"font-size:11pt\"><span style=\"line-height:normal\"><span style=\"font-family:Calibri,sans-serif\"><a href=\"https:\/\/www.bcb.gov.br\/content\/focus\/focus\/R20240809.pdf\" style=\"color:blue; text-decoration:underline\"><span style=\"font-size:14.0pt\">Focus - Relat&oacute;rio de Mercado<\/span><\/a><\/span><\/span><\/span><\/p>\r\n\r\n<p style=\"text-align:justify\"><span style=\"font-size:11pt\"><span style=\"line-height:normal\"><span style=\"font-family:Calibri,sans-serif\"><a href=\"https:\/\/portalibre.fgv.br\/system\/files\/divulgacao\/noticias\/mat-complementar\/2024-08\/Bar%C3%B4metros%20Globais%20KOF-FGV_Press%20release_08_2024.pdf\" style=\"color:blue; text-decoration:underline\"><span style=\"font-size:14.0pt\">Bar&ocirc;metros Globais revertem queda do m&ecirc;s anterior<\/span><\/a><\/span><\/span><\/span><\/p>\r\n\r\n<p style=\"text-align:justify\"><img src=\"https:\/\/www.abint.org.br\/assets\/img\/editor\/redes-sociais-abint-ctg-cth_202406041400398QFSSawN2a.jpg\" \/><span style=\"font-size:11pt\"><span style=\"line-height:normal\"><span style=\"font-family:Calibri,sans-serif\"> <\/span><\/span><\/span><\/p>\r\n","texto_en":"","7":"","imagem":"COMP_capa-2024-site-boletim-abint-noticias-semanis_20240820174152iRQtG45uXG.jpg","8":"COMP_capa-2024-site-boletim-abint-noticias-semanis_20240820174152iRQtG45uXG.jpg","arquivo":"20240813-BOLETIM-ABINT-DE-NOTICIAS-SEMANAIS.PDF","9":"20240813-BOLETIM-ABINT-DE-NOTICIAS-SEMANAIS.PDF","titulo_arquivo":"20240813 Boletim ABINT de Not\u00edcias Semanais","10":"20240813 Boletim ABINT de Not\u00edcias Semanais","titulo_arquivo_en":"","11":"","created_at":"2024-08-20 17:42:05","12":"2024-08-20 17:42:05","updated_at":"2024-08-20 17:42:05","13":"2024-08-20 17:42:05"},{"id":130,"0":130,"ordem":93,"1":93,"data":"2024-08-06","2":"2024-08-06","slug":"boletim-abint-de-noticias-semanais-41","3":"boletim-abint-de-noticias-semanais-41","titulo":"Boletim ABINT de Not\u00edcias Semanais","4":"Boletim ABINT de Not\u00edcias Semanais","titulo_en":"","5":"","texto":"<p style=\"text-align:justify\"><span style=\"font-size:11pt\"><span style=\"line-height:normal\"><span style=\"font-family:Calibri,sans-serif\"><span style=\"font-size:14.0pt\">Esta &eacute; uma compila&ccedil;&atilde;o das not&iacute;cias mais relevantes para o setor, incluindo informa&ccedil;&otilde;es sobre acordos internacionais, economia brasileira, sustentabilidade e mat&eacute;rias primas, al&eacute;m de novidades do setor de N&atilde;otecidos e Tecidos T&eacute;cnicos.<\/span><\/span><\/span><\/span><\/p>\r\n\r\n<p style=\"text-align:justify\"><span style=\"font-size:28pt\"><span style=\"font-family:Cambria,serif\"><span style=\"letter-spacing:-0.5pt\"><b><span style=\"font-size:18.0pt\"><span style=\"font-family:&quot;Calibri&quot;,sans-serif\"><span style=\"font-variant:small-caps\">O que vem por a&iacute;<\/span><\/span><\/span><\/b><\/span><\/span><\/span><\/p>\r\n\r\n<p style=\"text-align:justify\">&nbsp;<\/p>\r\n\r\n<p><b><img src=\"https:\/\/www.abint.org.br\/assets\/img\/editor\/logo-ctg-abint-png_20240718120356AYjq6yKWjI.png\" style=\"width: 300px; height: 55px;\" \/><\/b><\/p>\r\n\r\n<p>No dia 06 de agosto, O CTG ABINT realizar&aacute; um webinar sobre os problemas originados pela baixa qualidade nos processos de instala&ccedil;&atilde;o de geomembranas. O webinar contar&aacute; com a presen&ccedil;a dos instrutores do pr&oacute;ximo Curso Brasileiro de Instala&ccedil;&atilde;o de Geomembranas &ldquo;Paulo Kenji A&ccedil;akura&rdquo; 2024, que ser&aacute; realizado de 13 a 16 de agosto. Para acompanhar o Webinar,&nbsp;<a href=\"https:\/\/www.youtube.com\/watch?v=KpIU_D9OWco\">acesse aqui<\/a><\/p>\r\n\r\n<p>&nbsp;<\/p>\r\n\r\n<p><b><img src=\"https:\/\/www.abint.org.br\/assets\/img\/editor\/capa-live-curso-instal-gm-2024-06082024_20240718120436gZ9wUtoB6Y.jpeg\" \/><\/b><\/p>\r\n\r\n<p>&nbsp;<\/p>\r\n\r\n<p>E nos dias 13 a 15 de agosto o CTG ABINT realizar&aacute; o Curso de Instala&ccedil;&atilde;o de Geomembranas.&nbsp;<a href=\"https:\/\/abrir.link\/qpYXB\">Acesse aqui para mais informa&ccedil;&otilde;es e inscri&ccedil;&otilde;es<\/a>.<\/p>\r\n\r\n<p>&nbsp;<\/p>\r\n\r\n<p><b><img src=\"https:\/\/www.abint.org.br\/assets\/img\/editor\/e-mail-mkt-curso-instal-gm-2024_20240718120456aWI5eANQaU.jpeg\" \/><\/b><\/p>\r\n\r\n<p>&nbsp;<\/p>\r\n\r\n<p><b><img src=\"https:\/\/www.abint.org.br\/assets\/img\/editor\/20240924-cobramseg-2024_20240718120541ztVNeqlLuA.png\" \/><\/b><\/p>\r\n\r\n<p><b>O CTG ABINT &eacute; um dos patrocinadores da 21&ordf; edi&ccedil;&atilde;o do Cobramseg &ndash; Congresso Brasileiro de Mec&acirc;nica dos Solos e Engenharia Geot&eacute;cnica.<\/b><\/p>\r\n\r\n<p>&ldquo;<i>Nos reunimos para celebrar a Mec&acirc;nica dos Solos e das Rochas, da GeoEngenharia! Academia, Ind&uacute;stria e &Oacute;rg&atilde;os Gestores unidos para expor seus avan&ccedil;os t&eacute;cnicos e cient&iacute;ficos. Um ambiente rico e diverso que nos permite debater solu&ccedil;&otilde;es e a&ccedil;&otilde;es de forma a fortalecer nossa comunidade geot&eacute;cnica, visando proporcionar um desenvolvimento mais sustent&aacute;vel e seguro para a nossa sociedade<\/i>.&rdquo; V&iacute;tor Pereira Faro, Presidente do COBRAMSEG 2024<\/p>\r\n\r\n<p><a href=\"http:\/\/www.cobramseg.com.br\/\">www.cobramseg.com.br<\/a><\/p>\r\n\r\n<p>&nbsp;<\/p>\r\n\r\n<p><b><img src=\"https:\/\/www.abint.org.br\/assets\/img\/editor\/fenasan-2024_202407181205570iB7KW1OZ4.jpg\" \/><\/b><\/p>\r\n\r\n<p>O&nbsp;<b>CTG ABINT apoia a Feira Nacional de Saneamento e Meio Ambiente &ndash; Fenasan e do 35&ordm; Encontro T&eacute;cnico AESabesp, que ocorrer&atilde;o de 22 a 24 de outubro de 2024<\/b>, no Pavilh&atilde;o Verde e Vermelho, no Expo Center Norte, em S&atilde;o Paulo. Trata-se do maior evento de saneamento da Am&eacute;rica Latin. A realiza&ccedil;&atilde;o &eacute; da AESabesp &ndash; Associa&ccedil;&atilde;o dos Engenheiros da Sabesp.<\/p>\r\n\r\n<p><i>O tema central desta edi&ccedil;&atilde;o &eacute; &ldquo;Saneamento ambiental: condi&ccedil;&atilde;o fundamental para o enfrentamento das mudan&ccedil;as clim&aacute;ticas&rdquo;. Com um p&uacute;blico tradicionalmente de 22 mil visitantes e alinhada aos ODS &ndash; Objetivos de Desenvolvimento Sustent&aacute;vel estabelecidos pela ONU e aos conceitos de ESG, a edi&ccedil;&atilde;o 2024 continuar&aacute; ampliando o di&aacute;logo em torno das quest&otilde;es de saneamento ambiental, meio ambiente e sustentabilidade e promovendo o compartilhamento de conhecimento altamente qualificado.<\/i><\/p>\r\n\r\n<p><a href=\"http:\/\/www.fenasan.com.br\/\">www.fenasan.com.br<\/a><\/p>\r\n\r\n<p>&nbsp;<\/p>\r\n\r\n<p><b><img src=\"https:\/\/www.abint.org.br\/assets\/img\/editor\/cth-logo-alta-jpg_2024071812065399MMBUXZze.jpg\" style=\"width: 300px; height: 68px;\" \/><\/b><\/p>\r\n\r\n<p>&nbsp;<\/p>\r\n\r\n<p><b><img src=\"https:\/\/www.abint.org.br\/assets\/img\/editor\/hospitalmed-2024-logo_20240718120628FoV3In8yB5.png\" style=\"width: 500px; height: 448px;\" \/><\/b><\/p>\r\n\r\n<p><b>O CTH ABINT &eacute; um dos patrocinadores da HospitalMed 2024.<\/b><\/p>\r\n\r\n<p>&ldquo;<i>A melhor e Mais Completa Feira de Sa&uacute;de do Norte\/Nordeste<\/i>&rdquo;, &eacute; uma realiza&ccedil;&atilde;o da HospitalMed Feiras &amp; Eventos e da Insight Feiras de Neg&oacute;cios.<\/p>\r\n\r\n<p><i>&ldquo;O&nbsp;<b>re&uacute;ne toda a cadeia produtiva do setor de sa&uacute;de das regi&otilde;es Norte\/Nordeste<\/b>. &Eacute; o grande encontro de fornecedores de Produtos, Equipamentos, Servi&ccedil;os, Tecnologia e Conte&uacute;do para Hospitais, Laborat&oacute;rios, Farm&aacute;cias, Cl&iacute;nicas, Consult&oacute;rios e Profissionais da Sa&uacute;de&rdquo;.<\/i><\/p>\r\n\r\n<p><a href=\"http:\/\/www.hospitalmed.com.br\/\">www.hospitalmed.com.br<\/a><\/p>\r\n\r\n<p class=\"MsoTitle\" style=\"text-align:justify\"><span style=\"font-size:28pt\"><span style=\"font-family:Cambria,serif\"><span style=\"letter-spacing:-0.5pt\"><b><span style=\"font-size:18.0pt\"><span style=\"font-family:&quot;Calibri&quot;,sans-serif\"><span style=\"font-variant:small-caps\">Not&iacute;cias das Associadas<\/span><\/span><\/span><\/b><\/span><\/span><\/span><\/p>\r\n\r\n<p style=\"text-align:justify\"><span style=\"font-size:11pt\"><span style=\"line-height:normal\"><span style=\"font-family:Calibri,sans-serif\"><span class=\"MsoHyperlink\" style=\"color:blue\"><span style=\"text-decoration:underline\"><span style=\"font-size:14.0pt\"><a href=\"https:\/\/tissueonline.com.br\/andritz-concorre-em-seis-categorias-no-premio-abtcp\/\" style=\"color:blue; text-decoration:underline\">ANDRITZ concorre em seis categorias no Pr&ecirc;mio ABTCP<\/a><\/span><\/span><\/span><\/span><\/span><\/span><\/p>\r\n\r\n<p style=\"text-align:justify\"><span style=\"font-size:11pt\"><span style=\"line-height:normal\"><span style=\"font-family:Calibri,sans-serif\"><span class=\"MsoHyperlink\" style=\"color:blue\"><span style=\"text-decoration:underline\"><span style=\"font-size:14.0pt\"><a href=\"https:\/\/r.mail.fibretofashion.com\/tr\/cl\/7V8dp87_L28ScSqXm9DPxhLuJEnx1mnvLIpPnqJsnlx5NOGrKBS3_8A0Kt8E940S2MgQx28IIwwAGjWcrr4VEzyRIWl_BN-5-QeMPMdpiSwitYPbwEbwnNqlSUBNw6zOt6ZOXHuuWnbqBfnAcBlyGIYmhTTXce2nX0Tf0y6kxcInfkPy1PTF9rySv8kfbpq6WbrGxDFDvtuG8ShdEjEPbl2ThLbCqpLb8UqU69J9LpfOZw4CXj-MDRglrTPwnBHqkiBy4i3u0GfSBZhYsCRxCAS6HDbZZnhKtAFgtA2mdcs5_2KW-dsjvhVH207eW54dN2VWlJfNywFWHtCeyCoKMJGXY2L97e0bqC-iu69EqTYNMn4_h1954amyLbFRxbMYo8E-VC_e\" style=\"color:blue; text-decoration:underline\" target=\"_blank\">Freudenberg inaugurates thermal insulation factory in Vietnam<\/a><\/span><\/span><\/span><\/span><\/span><\/span><\/p>\r\n\r\n<p style=\"text-align:justify\"><span style=\"font-size:11pt\"><span style=\"line-height:normal\"><span style=\"font-family:Calibri,sans-serif\"><span class=\"MsoHyperlink\" style=\"color:blue\"><span style=\"text-decoration:underline\"><span style=\"font-size:14.0pt\"><a href=\"https:\/\/textilevaluechain.in\/news-insights\/trutzschler-agansa-in-indonesia-collaborating-for-superior\" style=\"color:blue; text-decoration:underline\">Tr&uuml;tzschler &amp; Agansa na Indon&eacute;sia colaborando para resultados superiores<\/a><\/span><\/span><\/span><\/span><\/span><\/span><\/p>\r\n\r\n<p style=\"text-align:justify\">&nbsp;<\/p>\r\n\r\n<p style=\"text-align:justify\"><span style=\"font-size:11pt\"><span style=\"line-height:normal\"><span style=\"font-family:Calibri,sans-serif\"><b><span style=\"font-size:18.0pt\"><span style=\"font-variant:small-caps\">Eventos<\/span><\/span><\/b><\/span><\/span><\/span><\/p>\r\n\r\n<p style=\"text-align:justify\"><span style=\"font-size:11pt\"><span style=\"line-height:normal\"><span style=\"font-family:Calibri,sans-serif\"><a href=\"https:\/\/www.portaldaindustria.com.br\/cni\/eventos\/seminario-politicas-industriais-brasil-mundo\/?utm_source=comext&amp;utm_medium=email&amp;utm_campaign=eventos&amp;utm_content=id00177#msdynttrid=aKWX9w7bDAcQJjsEPwRcTH7ZjlOLgcrnvIVCamEU3W8\" style=\"color:blue; text-decoration:underline\"><b><span style=\"font-size:14.0pt\">CNI\/ MDIC\/ BNDES | Semin&aacute;rio sobre Pol&iacute;ticas Industriais no Brasil e no Mundo<\/span><\/b><\/a><span style=\"font-size:14.0pt\">, 06 de agosto de 2024, 09h00, na sede da CNI, em Bras&iacute;lia<\/span><\/span><\/span><\/span><\/p>\r\n\r\n<p style=\"text-align:justify\"><span style=\"font-size:11pt\"><span style=\"line-height:normal\"><span style=\"font-family:Calibri,sans-serif\"><a href=\"https:\/\/anahp.zoom.us\/webinar\/register\/WN_X4JGg2WxTneG3zaWAFEEoA?utm_campaign=anahp_ao_vivo_-_reforma_tributaria_o_que_muda_para_saude_0608&amp;utm_medium=email&amp;utm_source=RD+Station#\/registration\" style=\"color:blue; text-decoration:underline\"><b><span style=\"font-size:14.0pt\">Anahp ao Vivo | Reforma Tribut&aacute;ria: O que ainda pode mudar para o Setor de Sa&uacute;de<\/span><\/b><\/a><span style=\"font-size:14.0pt\">, 06 de agosto de 2024, 10h00, evento online<\/span><\/span><\/span><\/span><\/p>\r\n\r\n<p style=\"text-align:justify\"><span style=\"font-size:11pt\"><span style=\"line-height:normal\"><span style=\"font-family:Calibri,sans-serif\"><b><span style=\"font-size:14.0pt\"><a href=\"https:\/\/www.anahp.com.br\/evento\/jornada-digital-pilares-da-qualidade-e-seguranca-na-atencao-centrada-no-paciente\/?utm_campaign=emkt_-__jornada_digital_-_0808&amp;utm_medium=email&amp;utm_source=RD+Station\" style=\"color:blue; text-decoration:underline\">Jornada Digital Anahp | Pilares da qualidade e seguran&ccedil;a na aten&ccedil;&atilde;o centrada no paciente<\/a><\/span><\/b><span style=\"font-size:14.0pt\">, 08 de agosto de 2024, 10h, evento online<\/span><\/span><\/span><\/span><\/p>\r\n\r\n<p style=\"text-align:justify\"><span style=\"font-size:11pt\"><span style=\"line-height:normal\"><span style=\"font-family:Calibri,sans-serif\"><a href=\"https:\/\/abrava.tcsdigital.com.br\/DIGITAL\/inscricoes\/evento3.aspx?evento=001&amp;idativa=1\" style=\"color:blue; text-decoration:underline\"><b><span style=\"font-size:14.0pt\">Panorama Setorial ABRAVA MG &ndash; Vis&atilde;o Econ&ocirc;mica e de Futuro para o Setor AVACR<\/span><\/b><\/a><span style=\"font-size:14.0pt\">, 13 de agosto de 2024, 08h00 &agrave;s 17h00, evento gratuito e presencial, CREA-MG, Av. &Aacute;lvares Cabral, 1600, Santo Agostinho, 30170-917, Belo Horizonte, MG<\/span><\/span><\/span><\/span><\/p>\r\n\r\n<p style=\"text-align:justify\"><span style=\"font-size:11pt\"><span style=\"line-height:normal\"><span style=\"font-family:Calibri,sans-serif\"><a href=\"https:\/\/www.interplast.com.br\/\" style=\"color:blue; text-decoration:underline\"><b><span style=\"font-size:14.0pt\">Interplast - Feira do Pl&aacute;stico<\/span><\/b><\/a><span style=\"font-size:14.0pt\">, do Pol&iacute;mero ao Produto, 13 a 16 de agosto de 2024, 13hs &agrave;s 20hs, Expoville, Joinville, SC<\/span><\/span><\/span><\/span><\/p>\r\n\r\n<p style=\"text-align:justify\"><span style=\"font-size:11pt\"><span style=\"line-height:normal\"><span style=\"font-family:Calibri,sans-serif\"><b><span style=\"font-size:14.0pt\"><a href=\"https:\/\/docs.google.com\/forms\/d\/e\/1FAIpQLSdlLJEamcFOQLk7NGJ8dadSzdWJm76r1yGCMsC934sYZx3n_g\/viewform\" style=\"color:blue; text-decoration:underline\">AESabesp | Regula&ccedil;&atilde;o ESG - Aplica&ccedil;&atilde;o e pr&aacute;tica no setor de saneamento &ndash; Avan&ccedil;ado<\/a><\/span><\/b><span style=\"font-size:14.0pt\">, 13, 15, 20 e 22 de agosto de 2024, 14h &agrave;s 17h, plataforma online<\/span><\/span><\/span><\/span><\/p>\r\n\r\n<p style=\"text-align:justify\">&nbsp;<\/p>\r\n\r\n<p style=\"text-align:justify\"><img src=\"https:\/\/www.abint.org.br\/assets\/img\/editor\/abtt-academy-curso-compras-texteis-hospitalares_20240604135954xriEyS8abD.jpg\" style=\"width: 500px; height: 500px;\" \/><\/p>\r\n\r\n<p style=\"text-align:justify\"><span style=\"font-size:11pt\"><span style=\"line-height:normal\"><span style=\"font-family:Calibri,sans-serif\"><a href=\"https:\/\/docs.google.com\/forms\/d\/e\/1FAIpQLSeG7zdl8xZpguBFbIdqyMS61mxfjvFjKOQ3EUqnWgC1RUcAug\/viewform\" style=\"color:blue; text-decoration:underline\"><span style=\"font-size:14.0pt\">Informa&ccedil;&otilde;es e inscri&ccedil;&otilde;es<\/span><\/a><\/span><\/span><\/span><\/p>\r\n\r\n<p style=\"text-align:justify\">&nbsp;<\/p>\r\n\r\n<p style=\"text-align:justify\"><span style=\"font-size:11pt\"><span style=\"line-height:normal\"><span style=\"font-family:Calibri,sans-serif\"><a href=\"https:\/\/emailmarketing.locaweb.com.br\/accounts\/116830\/messages\/524?email=abint@abint.org.br&amp;c=1719495723&amp;contact_id=110&amp;envelope_id=403\" style=\"color:blue; text-decoration:underline\"><b><span style=\"font-size:14.0pt\">JEC Composites Talks Brasil<\/span><\/b><\/a><span style=\"font-size:14.0pt\">, 19 de agosto de 2024, S&atilde;o Paulo, SP<\/span><\/span><\/span><\/span><\/p>\r\n\r\n<p style=\"text-align:justify\"><span style=\"font-size:11pt\"><span style=\"line-height:normal\"><span style=\"font-family:Calibri,sans-serif\"><a href=\"https:\/\/app.rdstation.email\/mail\/d1246106-5887-4ae3-b115-63593ba00040?utm_campaign=emkt_workshop_-_gestao_de_produtos_quimicos&amp;utm_medium=email&amp;utm_source=RD+Station\" style=\"color:blue; text-decoration:underline\"><b><span style=\"font-size:14.0pt\">Workshop | Gest&atilde;o de Produtos Qu&iacute;micos<\/span><\/b><\/a><span style=\"font-size:14.0pt\">, 20 de agosto de 2024, das 10h &agrave;s 12h, evento online<\/span><\/span><\/span><\/span><\/p>\r\n\r\n<p style=\"text-align:justify\"><span style=\"font-size:11pt\"><span style=\"line-height:normal\"><span style=\"font-family:Calibri,sans-serif\"><a href=\"http:\/\/www.feiplar.com\" style=\"color:blue; text-decoration:underline\"><b><span style=\"font-size:14.0pt\">FEIPLAR COMPOSITES &amp; FEIPUR &ndash; Feira e Congresso Internacionais de Composites, Poliuretano, Pl&aacute;sticos de Engenharia e Compostos Termopl&aacute;sticos<\/span><\/b><\/a><span style=\"font-size:14.0pt\">, 20 a 22 de agosto de 2024, S&atilde;o Paulo Expo (Pavilh&atilde;o 5), palestras: das 8h30 &agrave;s 18h, feira: das 13h &agrave;s 20h<\/span><\/span><\/span><\/span><\/p>\r\n\r\n<p style=\"text-align:justify\"><span style=\"font-size:11pt\"><span style=\"line-height:normal\"><span style=\"font-family:Calibri,sans-serif\"><a href=\"http:\/\/www.techtextil-north-america.us.messefrankfurt.com\" style=\"color:blue; text-decoration:underline\"><b><span lang=\"EN-US\" style=\"font-size:14.0pt\">Techtextil North America 2024<\/span><\/b><\/a><span lang=\"EN-US\" style=\"font-size:14.0pt\">, August 20 &ndash; 24, Raleigh, North Carolina<\/span><\/span><\/span><\/span><\/p>\r\n\r\n<p style=\"text-align:justify\"><span style=\"font-size:11pt\"><span style=\"line-height:normal\"><span style=\"font-family:Calibri,sans-serif\"><b><span style=\"font-size:14.0pt\">Anaph | 3&ordf; F&oacute;rum Anahp de Lideran&ccedil;as da Enfermagem<\/span><\/b><span style=\"font-size:14.0pt\">, 21 de agosto de 2024, &agrave;s 8h30, evento presencial<\/span><\/span><\/span><\/span><\/p>\r\n\r\n<p style=\"text-align:justify\"><span style=\"font-size:11pt\"><span style=\"line-height:normal\"><span style=\"font-family:Calibri,sans-serif\"><a href=\"https:\/\/www.conceitoseminarios.com.br\/seminario\/6-forum-novo-marco-do-saneamento\/\" style=\"color:blue; text-decoration:underline\"><b><span style=\"font-size:14.0pt\">6&ordm; F&oacute;rum Novo Marco do Saneamento<\/span><\/b><\/a><span style=\"font-size:14.0pt\">, 29 de agosto de 2024, 08h30 &agrave;s 18h00, Hotel Meli&aacute; Jardim Europa, Rua Jo&atilde;o Cachoeira, 107, Itaim Bibi, S&atilde;o Paulo<\/span><\/span><\/span><\/span><\/p>\r\n\r\n<p style=\"text-align:justify\"><span style=\"font-size:11pt\"><span style=\"line-height:normal\"><span style=\"font-family:Calibri,sans-serif\"><a href=\"https:\/\/www.recy-plastech.com\/\" style=\"color:blue; text-decoration:underline\"><b><span style=\"font-size:14.0pt\">Recy-Plastech 2024 &ndash; Semin&aacute;rio Internacional de Sustentabilidade e Reciclagem de Pl&aacute;sticos<\/span><\/b><\/a><span style=\"font-size:14.0pt\">, 11 e 12 de setembro de 2024, Milenium Centro de Conven&ccedil;&otilde;es, Rua Dr. Bacelar, 1.043, Vila Clementino, S&atilde;o Paulo, SP<\/span><\/span><\/span><\/span><\/p>\r\n\r\n<p style=\"text-align:justify\"><span style=\"font-size:11pt\"><span style=\"line-height:normal\"><span style=\"font-family:Calibri,sans-serif\"><a href=\"https:\/\/cbplastico.com.br\/2024\/\" style=\"color:blue; text-decoration:underline\"><b><span style=\"font-size:14.0pt\">5&ordm; Congresso Brasileiro do Pl&aacute;stico<\/span><\/b><\/a><span style=\"font-size:14.0pt\">, 12 de setembro de 2024, evento h&iacute;brido, Casa Bisutti, Rua Casa do Ator, 577, Vila Ol&iacute;mpia, S&atilde;o Paulo, SP<\/span><\/span><\/span><\/span><\/p>\r\n\r\n<p style=\"text-align:justify\"><span style=\"font-size:11pt\"><span style=\"line-height:normal\"><span style=\"font-family:Calibri,sans-serif\"><a href=\"http:\/\/www.fenasan.com.br\" style=\"color:blue; text-decoration:underline\"><b><span style=\"font-size:14.0pt\">Fenasan 2024 &ndash; Feira Nacional de Saneamento e Meio Ambiente<\/span><\/b><\/a><span style=\"font-size:14.0pt\">, 22 a 24 de outubro de 2024, Pavilh&otilde;es Verde e Vermelho, Expo Center Norte, S&atilde;o Paulo SP<\/span><\/span><\/span><\/span><\/p>\r\n\r\n<p style=\"text-align:justify\"><span style=\"font-size:11pt\"><span style=\"line-height:normal\"><span style=\"font-family:Calibri,sans-serif\"><a href=\"http:\/\/www.hospitalmed.com.br\" style=\"color:blue; text-decoration:underline\"><b><span style=\"font-size:14.0pt\">HospitalMed 2024<\/span><\/b><\/a><span style=\"font-size:14.0pt\">, 23 a 25 de outubro, das 14h &agrave;s 20h, no Pernambuco Centro de Conven&ccedil;&otilde;es<\/span><\/span><\/span><\/span><\/p>\r\n\r\n<p style=\"text-align:justify\"><span style=\"font-size:11pt\"><span style=\"line-height:normal\"><span style=\"font-family:Calibri,sans-serif\"><a href=\"https:\/\/www.abnteducacao.com.br\/Simbologia_de_cuidados_aplicada_a_Etiquetagem_de_Texteis_ABNT_NBR_NM_ISO_3758\" style=\"color:blue; text-decoration:underline\"><b><span style=\"font-size:14.0pt\">Simbologia de cuidados aplicada a Etiquetagem de T&ecirc;xteis<\/span><\/b><\/a><span style=\"font-size:14.0pt\">, 23 e 24 de outubro de 2024, 8h30 &agrave;s 17h30, evento online<\/span><\/span><\/span><\/span><\/p>\r\n\r\n<p style=\"text-align:justify\"><span style=\"font-size:11pt\"><span style=\"line-height:normal\"><span style=\"font-family:Calibri,sans-serif\"><a href=\"https:\/\/b20brazil.org\/#msdynttrid=6zt-Ug2nJO0FDfhoU9K0en-twuGAoU5aPF8EQm7neRo\" style=\"color:blue; text-decoration:underline\"><b><span lang=\"EN-US\" style=\"font-size:14.0pt\">B20 Summit Brasil 2024 - Inclusive Growth for a Sustainable Future<\/span><\/b><\/a><span lang=\"EN-US\" style=\"font-size:14.0pt\">, October 24th - 25th, 2024, Clube Atl&eacute;tico Monte L&iacute;bano, S&atilde;o Paulo, SP<\/span><\/span><\/span><\/span><\/p>\r\n\r\n<p style=\"text-align:justify\"><span style=\"font-size:11pt\"><span style=\"line-height:normal\"><span style=\"font-family:Calibri,sans-serif\"><a href=\"http:\/\/www.congressoabit.com.br\" style=\"color:blue; text-decoration:underline\"><b><span style=\"font-size:14.0pt\">Congresso Internacional Abit 2024<\/span><\/b><\/a><span style=\"font-size:14.0pt\">, 30 e 31 de outubro, Salvador, Bahia<\/span><\/span><\/span><\/span><\/p>\r\n\r\n<p style=\"text-align:justify\"><span style=\"font-size:11pt\"><span style=\"line-height:normal\"><span style=\"font-family:Calibri,sans-serif\"><a href=\"https:\/\/www.fimec.com.br\/\" style=\"color:blue; text-decoration:underline\"><b><span style=\"font-size:14.0pt\">Fimec 2025<\/span><\/b><\/a><span style=\"font-size:14.0pt\">, 18 a 20 de mar&ccedil;o, Fenac, Novo Hamburgo, RS<\/span><\/span><\/span><\/span><\/p>\r\n\r\n<p style=\"text-align:justify\"><span style=\"font-size:28pt\"><span style=\"font-family:Cambria,serif\"><span style=\"letter-spacing:-0.5pt\"><b><span style=\"font-size:18.0pt\"><span style=\"font-family:&quot;Calibri&quot;,sans-serif\"><span style=\"font-variant:small-caps\">Setor<\/span><\/span><\/span><\/b><\/span><\/span><\/span><\/p>\r\n\r\n<p style=\"text-align:justify\"><span style=\"font-size:11pt\"><span style=\"line-height:normal\"><span style=\"font-family:Calibri,sans-serif\"><span class=\"MsoHyperlink\" style=\"color:blue\"><span style=\"text-decoration:underline\"><b><span style=\"font-size:14.0pt\"><a href=\"https:\/\/t.rdsv2.net\/ls\/click?upn=u001.SJ-2BHbcLStyE5mTD5OK48sq2JxFfkhvQ6eAz6nLBcupXZp5EWcVp4jfpSE9LktR3ybrZgX-2Bd9kL4B4a-2BiiIx-2B9aewvbcAJGxBv-2BtwcKVrPA8dJw-2F9tVS0JZpTCVFIllzITKiaFMjzArwiY5M6c0fWRoZZm7N2V-2Bqu-2BfpVd3ZxBcfBwRtnCVfrSJ5E40YQIBL43ZqLoiCytUjxNbeO3K7u9oPnlA-2FwlU27LEjPfuplui3ttiQzJ6S6M1wb94FeP0gtiJ5B_T7N8BvZTOm04CQQMiyWztrpCjlUrRc4F7QzSgUIpTqB5Yk-2Bt7YhUyk7lZRXmbFFsi-2Foe1q0kuwsCjfsBOqL9ZeKwOqG7ApazixuGEP6Z5SJuFg5bm15p-2FcAKNI6-2BqjB-2BMvAVGWCKU4mKxnhMD2LY6S0U1bawFmu8lNPMGhEljK3PnvXG6GD7SHW-2B0U6piFZDlmI-2BzU9Ebcl152rj7jAtKh81pHDSmK1H3PUy7eZBW6kQ3VwREMAThGzePwD-2FCj-2FsW0us4E9GIpLClF2y9s2oLDX061BMQgsNL4VEQv54XaDXqf-2FYSW9tyls8lxEQpSjEjMTGM0hXPnCGJ680bwc2vcJZya4MG6Qf8Rbz9XC9zkoojg17wa-2FxL3sOiNHigSDRz9mD1gq5FpmtYUrvIjZimWaMlM71R6Lv1wo5oHUj562On-2BzDLRyxbd1YuylcBgTVPiqFt5k4E9Fp3h6tTwCzNcSzgq1sypBgg1riCBqHeH4vY5hSXvDbXygVERBO6N6QMXSrSsRfPXms5XkU-2BF2oXlRnT9p3JDczrMV0x8s3FeJYUMTzZyMffpakWisSSOk0DHHn436JSl4n9Mox0seqtZeeWNm-2FgJ0AOgDOoZThI2ND0VFPNzMncprXo4FmWC-2FeIs7wrZCkvX062UYHfr4xDQ-3D-3D\" style=\"color:blue; text-decoration:underline\" target=\"_blank\" title=\"Alta nos pre\u00e7os dos absorventes internos impacta mercado nos EUA\"><span style=\"font-weight:normal\">Alta nos pre&ccedil;os dos absorventes internos impacta mercado nos EUA<\/span><\/a><\/span><\/b><\/span><\/span><\/span><\/span><\/span><\/p>\r\n\r\n<p style=\"text-align:justify\"><span style=\"font-size:11pt\"><span style=\"line-height:normal\"><span style=\"font-family:Calibri,sans-serif\"><a href=\"https:\/\/www12.senado.leg.br\/radio\/1\/noticia\/2024\/07\/31\/projeto-pretende-acabar-com-plasticos-descartaveis-ate-2029\" style=\"color:blue; text-decoration:underline\"><span style=\"font-size:14.0pt\">Projeto pretende acabar com pl&aacute;sticos descart&aacute;veis at&eacute; 2029<\/span><\/a><\/span><\/span><\/span><\/p>\r\n\r\n<p style=\"text-align:justify\"><span style=\"font-size:11pt\"><span style=\"line-height:normal\"><span style=\"font-family:Calibri,sans-serif\"><a href=\"https:\/\/tissueonline.com.br\/procter-gamble-mantem-estabilidade-na-receita-trimestral-apesar-de-desafios-globais\/\" style=\"color:blue; text-decoration:underline\"><span style=\"font-size:14.0pt\">Procter &amp; Gamble mant&eacute;m estabilidade na receita trimestral apesar de desafios globais<\/span><\/a><\/span><\/span><\/span><\/p>\r\n\r\n<p style=\"text-align:justify\"><span style=\"font-size:11pt\"><span style=\"line-height:normal\"><span style=\"font-family:Calibri,sans-serif\"><a href=\"https:\/\/www.diariodepernambuco.com.br\/noticia\/vidaurbana\/2024\/07\/maior-geomanta-do-brasil-ganha-arte-urbana-do-recife.html\" style=\"color:blue; text-decoration:underline\"><span style=\"font-size:14.0pt\">Maior geomanta do Brasil ganha arte urbana do Recife no programa Mais Vida<\/span><\/a><\/span><\/span><\/span><\/p>\r\n\r\n<p style=\"text-align:justify\"><span style=\"font-size:11pt\"><span style=\"line-height:normal\"><span style=\"font-family:Calibri,sans-serif\"><span style=\"font-size:14.0pt\"><a href=\"http:\/\/comunidadtextil.com\/wpnews\/2024\/07\/grave-argentina-elimino-el-control-aduanero-al-ingreso-de-articulos-textiles-y-calzado\/?utm_source=email_marketing&amp;utm_admin=28519&amp;utm_medium=email&amp;utm_campaign=NOTICIAS_de_la_Industria_Textil_Confecciones_y_Moda\" style=\"color:blue; text-decoration:underline\">Grave: Argentina elimin&oacute; el control aduanero al ingreso de art&iacute;culos textiles y calzado<\/a><\/span><\/span><\/span><\/span><\/p>\r\n\r\n<p style=\"text-align:justify\"><span style=\"font-size:28pt\"><span style=\"font-family:Cambria,serif\"><span style=\"letter-spacing:-0.5pt\"><b><span style=\"font-size:18.0pt\"><span style=\"font-family:&quot;Calibri&quot;,sans-serif\"><span style=\"font-variant:small-caps\">Ind&uacute;stria<\/span><\/span><\/span><\/b><\/span><\/span><\/span><\/p>\r\n\r\n<p style=\"text-align:justify\"><span style=\"font-size:11pt\"><span style=\"line-height:normal\"><span style=\"font-family:Calibri,sans-serif\"><a href=\"https:\/\/noticias.portaldaindustria.com.br\/noticias\/politica-industrial\/71-das-politicas-industriais-do-mundo-estao-nas-economias-desenvolvidas-alerta-cni\/\" style=\"color:blue; text-decoration:underline\"><span style=\"font-size:14.0pt\">71% das pol&iacute;ticas industriais do mundo est&atilde;o nas economias desenvolvidas, alerta CNI<\/span><\/a><\/span><\/span><\/span><\/p>\r\n\r\n<p style=\"text-align:justify\"><span style=\"font-size:11pt\"><span style=\"line-height:normal\"><span style=\"font-family:Calibri,sans-serif\"><span style=\"font-size:14.0pt\"><a href=\"https:\/\/noticias.portaldaindustria.com.br\/noticias\/politica-industrial\/nova-politica-industrial-vai-promover-crescimento-economico-e-bem-estar-diz-vice-presidente-da-cni\/\" style=\"color:blue; text-decoration:underline\">Nova pol&iacute;tica industrial promover&aacute; crescimento econ&ocirc;mico e bem-estar, diz vice-presidente da CNI<\/a><\/span><\/span><\/span><\/span><\/p>\r\n\r\n<p style=\"text-align:justify\"><span style=\"font-size:11pt\"><span style=\"line-height:normal\"><span style=\"font-family:Calibri,sans-serif\"><span style=\"font-size:14.0pt\"><a href=\"https:\/\/www.saudebusiness.com\/legislacao-e-regulamentacao\/abimed-alerta-para-impactos-negativos-da-reforma-tributaria-na-industria?utm_campaign=BRZ24HPR-AK-ALL%20Newsletter%20Julho&amp;utm_emailname=BRZ24HPR-AK-ALL%20Newsletter%20Julho%20%28resend%29&amp;utm_medium=email&amp;utm_source=eloqua&amp;utm_MDMContactID=2bb3d23c-a32f-4218-88d5-29f7fb45caee&amp;utm_campaigntype=Newsletter&amp;eM=50c7dfe42c38ea8f10539f0a167fc763253059e495554a32db7a57f8f237ec4c&amp;eventSeriesCode=ES_HOSPITALAR&amp;eventEditionCode=BRZ23HPR&amp;sessionCode=S_HSPTLRNWSLTR&amp;sp_eh=50c7dfe42c38ea8f10539f0a167fc763253059e495554a32db7a57f8f237ec4c\" style=\"color:blue; text-decoration:underline\">ABIMED alerta para impactos negativos da reforma tribut&aacute;ria na ind&uacute;stria de sa&uacute;de<\/a><\/span><\/span><\/span><\/span><\/p>\r\n\r\n<p style=\"text-align:justify\"><span style=\"font-size:11pt\"><span style=\"line-height:normal\"><span style=\"font-family:Calibri,sans-serif\"><span class=\"MsoHyperlink\" style=\"color:blue\"><span style=\"text-decoration:underline\"><a href=\"http:\/\/emkt.grandesconstrucoes.com.br\/emkt\/tracer\/?2,8631747,260ba16a,08c5,2\" style=\"color:blue; text-decoration:underline\" title=\"Constru\u00e7\u00e3o cria mais 21,4 mil empregos em junho\"><span style=\"font-size:14.0pt\">Constru&ccedil;&atilde;o cria mais 21,4 mil empregos em junho<\/span><\/a><\/span><\/span><\/span><\/span><\/span><\/p>\r\n\r\n<p style=\"text-align:justify\"><span style=\"font-size:11pt\"><span style=\"line-height:normal\"><span style=\"font-family:Calibri,sans-serif\"><span style=\"font-size:14.0pt\"><a href=\"https:\/\/www.sp.senai.br\/conteudo\/20487\/transformacao-digital-na-construcao-civil\" style=\"color:blue; text-decoration:underline\">SENAI-SP | E-book: Transforma&ccedil;&atilde;o Digital na Constru&ccedil;&atilde;o Civil<\/a><\/span><\/span><\/span><\/span><\/p>\r\n\r\n<p style=\"text-align:justify\"><span style=\"font-size:11pt\"><span style=\"line-height:normal\"><span style=\"font-family:Calibri,sans-serif\"><a href=\"https:\/\/www.terra.com.br\/amp\/noticias\/brasil-tem-a-6-maior-industria-quimica-do-mundo-diz-estudo,caefb49466ffc3988c36eb8a4c6032adno60am3v.html\" style=\"color:blue; text-decoration:underline\"><span style=\"font-size:14.0pt\">Brasil tem a 6&ordf; maior ind&uacute;stria qu&iacute;mica do mundo, diz estudo<\/span><\/a><\/span><\/span><\/span><\/p>\r\n\r\n<p style=\"text-align:justify\"><span style=\"font-size:11pt\"><span style=\"line-height:normal\"><span style=\"font-family:Calibri,sans-serif\"><a href=\"https:\/\/www.terra.com.br\/economia\/setor-de-maquinas-e-equipamentos-deve-manter-tendencia-de-recuperacao-no-3-tri-diz-abimaq,78a876d2bb153ab0bace327487ec65d6nxpm0983.html\" style=\"color:blue; text-decoration:underline\"><span style=\"font-size:14.0pt\">Setor de m&aacute;quinas e equipamentos deve manter tend&ecirc;ncia de recupera&ccedil;&atilde;o no 3&ordm; tri, diz Abimaq<\/span><\/a><\/span><\/span><\/span><\/p>\r\n\r\n<p style=\"text-align:justify\"><span style=\"font-size:28pt\"><span style=\"font-family:Cambria,serif\"><span style=\"letter-spacing:-0.5pt\"><b><span style=\"font-size:18.0pt\"><span style=\"font-family:&quot;Calibri&quot;,sans-serif\"><span style=\"font-variant:small-caps\">Sustentabilidade<\/span><\/span><\/span><\/b><\/span><\/span><\/span><\/p>\r\n\r\n<p style=\"text-align:justify\"><span style=\"font-size:11pt\"><span style=\"line-height:normal\"><span style=\"font-family:Calibri,sans-serif\"><a href=\"https:\/\/www.autodata.com.br\/noticias\/2024\/07\/31\/programa-descarte-consciente-da-abrafiltros-ja-reciclou-mais-de-15-milhoes-de-toneladas-de-filtros-de-oleo\/75621\/\" style=\"color:blue; text-decoration:underline\"><span style=\"font-size:14.0pt\">Programa Descarte Consciente da Abrafiltros j&aacute; reciclou mais de 15 milh&otilde;es de toneladas de filtros de &oacute;leo<\/span><\/a><\/span><\/span><\/span><\/p>\r\n\r\n<p style=\"text-align:justify\"><span style=\"font-size:11pt\"><span style=\"line-height:normal\"><span style=\"font-family:Calibri,sans-serif\"><span style=\"font-size:14.0pt\"><span style=\"color:blue\"><a href=\"https:\/\/r.mail.fibretofashion.com\/tr\/cl\/tvLjtpogn-0O833vS60or2RyXMvk1r_ZTyeuoMVKI_MflX6rPf710NPYeAEuX0UMtJ-1TzwNKGygvUOyam4Ef5Eli0zVImMWDYFOZ4QrmyNmqKFLIwrD8cy9AYvei99RYH6CutSSpfmsIwV2nCff2p1VUrW51ZCJTrfANzlYtVP2kyd4NYqSvgOjJnFlm--THrKirvkkjvE2_e9QPP2__w2GaoqD28NeI22UbQWzHSZUSpUYrwTa2evP4QdVJOusrXTO3sDHPGNWRhQf1ddGXJcaU7jne4GaegCk37mkjljWcyy5AUm7rYlKq36lkyRXB-C94Hmh4Hxo7862Lyypsiy62K_lPe6Yer_tlAEdFdLwM2lvXHW2cUlflDgkE7ytQ3SkBVcEvmBQpfcIbi6He9ynmxNE7NXq9TBTPFcm\" style=\"color:blue; text-decoration:underline\" target=\"_blank\" title=\"American professors develop system to recycle PET from textiles\"><span lang=\"EN-US\" style=\"color:blue\">American professors develop system to recycle PET from textiles<\/span><\/a><\/span><\/span><\/span><\/span><\/span><\/p>\r\n\r\n<p style=\"text-align:justify\"><span style=\"font-size:11pt\"><span style=\"line-height:normal\"><span style=\"font-family:Calibri,sans-serif\"><a href=\"https:\/\/www.innovationintextiles.com\/enzymatic-recycling-added-to-sasas-ambitious-plans\/\" style=\"color:blue; text-decoration:underline\"><span lang=\"EN-US\" style=\"font-size:14.0pt\">Fibers: Enzymatic recycling added to SASA&rsquo;s ambitious plans<\/span><\/a><\/span><\/span><\/span><\/p>\r\n\r\n<p style=\"text-align:justify\"><span style=\"font-size:11pt\"><span style=\"line-height:normal\"><span style=\"font-family:Calibri,sans-serif\"><a href=\"https:\/\/www.innovationintextiles.com\/establishing-a-carbon-capture-pet-supply-chain\/\" style=\"color:blue; text-decoration:underline\"><span lang=\"EN-US\" style=\"font-size:14.0pt\">Establishing a carbon capture PET supply chain<\/span><\/a><\/span><\/span><\/span><\/p>\r\n\r\n<p style=\"text-align:justify\"><span style=\"font-size:11pt\"><span style=\"line-height:normal\"><span style=\"font-family:Calibri,sans-serif\"><a href=\"https:\/\/www.terra.com.br\/noticias\/brasil-avanca-na-sustentabilidade-com-novas-regras-para-os-plasticos,b45b9ac7db341286377aa4043cf3cf350ozs78tl.html\" style=\"color:blue; text-decoration:underline\"><span style=\"font-size:14.0pt\">Brasil avan&ccedil;a na sustentabilidade com novas regras para os pl&aacute;sticos<\/span><\/a><\/span><\/span><\/span><\/p>\r\n\r\n<p style=\"text-align:justify\"><span style=\"font-size:28pt\"><span style=\"font-family:Cambria,serif\"><span style=\"letter-spacing:-0.5pt\"><b><span style=\"font-size:18.0pt\"><span style=\"font-family:&quot;Calibri&quot;,sans-serif\"><span style=\"font-variant:small-caps\">Inova&ccedil;&atilde;o<\/span><\/span><\/span><\/b><\/span><\/span><\/span><\/p>\r\n\r\n<p style=\"text-align:justify\"><span style=\"font-size:11pt\"><span style=\"line-height:normal\"><span style=\"font-family:Calibri,sans-serif\"><a href=\"https:\/\/noticias.portaldaindustria.com.br\/noticias\/inovacao-e-tecnologia\/o-primeiro-mapa-da-inovacao-brasileira-conheca-o-atlas-da-inovacao\/\" style=\"color:blue; text-decoration:underline\"><span style=\"font-size:14.0pt\">O primeiro mapa da inova&ccedil;&atilde;o brasileira! Conhe&ccedil;a o Atlas da Inova&ccedil;&atilde;o<\/span><\/a><\/span><\/span><\/span><\/p>\r\n\r\n<p style=\"text-align:justify\"><span style=\"font-size:28pt\"><span style=\"font-family:Cambria,serif\"><span style=\"letter-spacing:-0.5pt\"><b><span style=\"font-size:18.0pt\"><span style=\"font-family:&quot;Calibri&quot;,sans-serif\"><span style=\"font-variant:small-caps\">Com&eacute;rcio Exterior<\/span><\/span><\/span><\/b><\/span><\/span><\/span><\/p>\r\n\r\n<p style=\"text-align:justify\"><span style=\"font-size:11pt\"><span style=\"line-height:normal\"><span style=\"font-family:Calibri,sans-serif\"><span class=\"MsoHyperlink\" style=\"color:blue\"><span style=\"text-decoration:underline\"><span style=\"font-size:14.0pt\"><span style=\"text-decoration:none\"><span style=\"text-underline:none\"><a href=\"https:\/\/www.moveisdevalor.com.br\/portal\/governo-vai-sobretaxar-importacao-de-materia-prima-para-colchao?source=news\" style=\"color:blue; text-decoration:underline\">Governo vai sobretaxar importa&ccedil;&atilde;o de mat&eacute;ria-prima para colch&atilde;o<\/a><\/span><\/span><\/span><\/span><\/span><\/span><\/span><\/span><\/p>\r\n\r\n<p style=\"text-align:justify\"><span style=\"font-size:11pt\"><span style=\"line-height:normal\"><span style=\"font-family:Calibri,sans-serif\"><span style=\"font-size:14.0pt\"><a href=\"https:\/\/www.moveisdevalor.com.br\/portal\/moveis-made-in-china-tomam-conta-no-pais?source=news\" style=\"color:blue; text-decoration:underline\">M&oacute;veis made in China tomam conta no Pa&iacute;s<\/a><\/span><\/span><\/span><\/span><\/p>\r\n\r\n<p style=\"text-align:justify\"><span style=\"font-size:11pt\"><span style=\"line-height:normal\"><span style=\"font-family:Calibri,sans-serif\"><a href=\"https:\/\/www.gov.br\/mdic\/pt-br\/assuntos\/noticias\/2024\/agosto\/mdic-integra-missao-presidencial-ao-chile-para-impulsionar-integracao-economica-e-cooperacao-regional\" style=\"color:blue; text-decoration:underline\"><span style=\"font-size:14.0pt\">MDIC integra miss&atilde;o presidencial ao Chile para impulsionar integra&ccedil;&atilde;o econ&ocirc;mica e coopera&ccedil;&atilde;o regional<\/span><\/a><\/span><\/span><\/span><\/p>\r\n\r\n<p style=\"text-align:justify\"><span style=\"font-size:11pt\"><span style=\"line-height:normal\"><span style=\"font-family:Calibri,sans-serif\"><span style=\"font-size:14.0pt\"><a href=\"https:\/\/www.iadb.org\/pt-br\/noticias\/comercio-entre-coreia-do-sul-e-america-latina-e-caribe-registra-niveis-recordes?utm_source=Email&amp;utm_medium=Newsletter&amp;utm_campaign=Com%C3%A9rcio%20entre%20Coreia%20do%20Sul%20e%20Am%C3%A9rica%20Latina%20e%20Caribe%20registra%20n%C3%ADveis%20recordes&amp;utm_term=VPS\/DCC\" style=\"color:blue; text-decoration:underline\">Com&eacute;rcio entre Coreia do Sul e Am&eacute;rica Latina e Caribe registra n&iacute;veis recordes<\/a><\/span><\/span><\/span><\/span><\/p>\r\n\r\n<p style=\"text-align:justify\"><span style=\"font-size:28pt\"><span style=\"font-family:Cambria,serif\"><span style=\"letter-spacing:-0.5pt\"><b><span style=\"font-size:18.0pt\"><span style=\"font-family:&quot;Calibri&quot;,sans-serif\"><span style=\"font-variant:small-caps\">Economia<\/span><\/span><\/span><\/b><\/span><\/span><\/span><\/p>\r\n\r\n<p style=\"text-align:justify\"><span style=\"font-size:11pt\"><span style=\"line-height:normal\"><span style=\"font-family:Calibri,sans-serif\"><span style=\"font-size:14.0pt\"><a href=\"https:\/\/www.bcb.gov.br\/content\/focus\/focus\/R20240802.pdf\" style=\"color:blue; text-decoration:underline\">Focus - Relat&oacute;rio de Mercado<\/a><\/span><\/span><\/span><\/span><\/p>\r\n\r\n<p style=\"text-align:justify\"><span style=\"font-size:11pt\"><span style=\"line-height:normal\"><span style=\"font-family:Calibri,sans-serif\"><span style=\"font-size:14.0pt\"><a href=\"https:\/\/www.bcb.gov.br\/content\/controleinflacao\/focusdistribuicoesfrequencia\/P20240805-Focus-Distribuicoes-de-frequencia.pdf\" style=\"color:blue; text-decoration:underline\">Focus &ndash; Distribui&ccedil;&otilde;es de Frequ&ecirc;ncia das Expectativas de Mercado para IPCA, Selic, PIB e C&acirc;mbio<\/a><\/span><\/span><\/span><\/span><\/p>\r\n\r\n<p style=\"text-align:justify\"><span style=\"font-size:11pt\"><span style=\"line-height:normal\"><span style=\"font-family:Calibri,sans-serif\"><span style=\"font-size:14.0pt\"><a href=\"https:\/\/br.investing.com\/news\/stock-market-news\/cni-ve-com-preocupacao-decisao-do-copom-de-manter-taxa-selic-em-1050-ao-ano-1299782\" style=\"color:blue; text-decoration:underline\">CNI v&ecirc; com preocupa&ccedil;&atilde;o decis&atilde;o do Copom de manter taxa Selic em 10,50% ao ano<\/a><\/span><\/span><\/span><\/span><\/p>\r\n\r\n<p style=\"text-align:justify\"><span style=\"font-size:11pt\"><span style=\"line-height:normal\"><span style=\"font-family:Calibri,sans-serif\"><span style=\"font-size:14.0pt\"><a href=\"https:\/\/portalibre.fgv.br\/system\/files\/2024-08\/apresentacao-sintese-das-sondagens-julho-2024_0.pdf\" style=\"color:blue; text-decoration:underline\">Indicadores de Confian&ccedil;a e Incerteza do FGV IBRE<\/a><\/span><\/span><\/span><\/span><\/p>\r\n\r\n<p style=\"text-align:justify\"><img src=\"https:\/\/www.abint.org.br\/assets\/img\/editor\/redes-sociais-abint-ctg-cth_202406041400398QFSSawN2a.jpg\" \/><\/p>\r\n","6":"<p style=\"text-align:justify\"><span style=\"font-size:11pt\"><span style=\"line-height:normal\"><span style=\"font-family:Calibri,sans-serif\"><span style=\"font-size:14.0pt\">Esta &eacute; uma compila&ccedil;&atilde;o das not&iacute;cias mais relevantes para o setor, incluindo informa&ccedil;&otilde;es sobre acordos internacionais, economia brasileira, sustentabilidade e mat&eacute;rias primas, al&eacute;m de novidades do setor de N&atilde;otecidos e Tecidos T&eacute;cnicos.<\/span><\/span><\/span><\/span><\/p>\r\n\r\n<p style=\"text-align:justify\"><span style=\"font-size:28pt\"><span style=\"font-family:Cambria,serif\"><span style=\"letter-spacing:-0.5pt\"><b><span style=\"font-size:18.0pt\"><span style=\"font-family:&quot;Calibri&quot;,sans-serif\"><span style=\"font-variant:small-caps\">O que vem por a&iacute;<\/span><\/span><\/span><\/b><\/span><\/span><\/span><\/p>\r\n\r\n<p style=\"text-align:justify\">&nbsp;<\/p>\r\n\r\n<p><b><img src=\"https:\/\/www.abint.org.br\/assets\/img\/editor\/logo-ctg-abint-png_20240718120356AYjq6yKWjI.png\" style=\"width: 300px; height: 55px;\" \/><\/b><\/p>\r\n\r\n<p>No dia 06 de agosto, O CTG ABINT realizar&aacute; um webinar sobre os problemas originados pela baixa qualidade nos processos de instala&ccedil;&atilde;o de geomembranas. O webinar contar&aacute; com a presen&ccedil;a dos instrutores do pr&oacute;ximo Curso Brasileiro de Instala&ccedil;&atilde;o de Geomembranas &ldquo;Paulo Kenji A&ccedil;akura&rdquo; 2024, que ser&aacute; realizado de 13 a 16 de agosto. Para acompanhar o Webinar,&nbsp;<a href=\"https:\/\/www.youtube.com\/watch?v=KpIU_D9OWco\">acesse aqui<\/a><\/p>\r\n\r\n<p>&nbsp;<\/p>\r\n\r\n<p><b><img src=\"https:\/\/www.abint.org.br\/assets\/img\/editor\/capa-live-curso-instal-gm-2024-06082024_20240718120436gZ9wUtoB6Y.jpeg\" \/><\/b><\/p>\r\n\r\n<p>&nbsp;<\/p>\r\n\r\n<p>E nos dias 13 a 15 de agosto o CTG ABINT realizar&aacute; o Curso de Instala&ccedil;&atilde;o de Geomembranas.&nbsp;<a href=\"https:\/\/abrir.link\/qpYXB\">Acesse aqui para mais informa&ccedil;&otilde;es e inscri&ccedil;&otilde;es<\/a>.<\/p>\r\n\r\n<p>&nbsp;<\/p>\r\n\r\n<p><b><img src=\"https:\/\/www.abint.org.br\/assets\/img\/editor\/e-mail-mkt-curso-instal-gm-2024_20240718120456aWI5eANQaU.jpeg\" \/><\/b><\/p>\r\n\r\n<p>&nbsp;<\/p>\r\n\r\n<p><b><img src=\"https:\/\/www.abint.org.br\/assets\/img\/editor\/20240924-cobramseg-2024_20240718120541ztVNeqlLuA.png\" \/><\/b><\/p>\r\n\r\n<p><b>O CTG ABINT &eacute; um dos patrocinadores da 21&ordf; edi&ccedil;&atilde;o do Cobramseg &ndash; Congresso Brasileiro de Mec&acirc;nica dos Solos e Engenharia Geot&eacute;cnica.<\/b><\/p>\r\n\r\n<p>&ldquo;<i>Nos reunimos para celebrar a Mec&acirc;nica dos Solos e das Rochas, da GeoEngenharia! Academia, Ind&uacute;stria e &Oacute;rg&atilde;os Gestores unidos para expor seus avan&ccedil;os t&eacute;cnicos e cient&iacute;ficos. Um ambiente rico e diverso que nos permite debater solu&ccedil;&otilde;es e a&ccedil;&otilde;es de forma a fortalecer nossa comunidade geot&eacute;cnica, visando proporcionar um desenvolvimento mais sustent&aacute;vel e seguro para a nossa sociedade<\/i>.&rdquo; V&iacute;tor Pereira Faro, Presidente do COBRAMSEG 2024<\/p>\r\n\r\n<p><a href=\"http:\/\/www.cobramseg.com.br\/\">www.cobramseg.com.br<\/a><\/p>\r\n\r\n<p>&nbsp;<\/p>\r\n\r\n<p><b><img src=\"https:\/\/www.abint.org.br\/assets\/img\/editor\/fenasan-2024_202407181205570iB7KW1OZ4.jpg\" \/><\/b><\/p>\r\n\r\n<p>O&nbsp;<b>CTG ABINT apoia a Feira Nacional de Saneamento e Meio Ambiente &ndash; Fenasan e do 35&ordm; Encontro T&eacute;cnico AESabesp, que ocorrer&atilde;o de 22 a 24 de outubro de 2024<\/b>, no Pavilh&atilde;o Verde e Vermelho, no Expo Center Norte, em S&atilde;o Paulo. Trata-se do maior evento de saneamento da Am&eacute;rica Latin. A realiza&ccedil;&atilde;o &eacute; da AESabesp &ndash; Associa&ccedil;&atilde;o dos Engenheiros da Sabesp.<\/p>\r\n\r\n<p><i>O tema central desta edi&ccedil;&atilde;o &eacute; &ldquo;Saneamento ambiental: condi&ccedil;&atilde;o fundamental para o enfrentamento das mudan&ccedil;as clim&aacute;ticas&rdquo;. Com um p&uacute;blico tradicionalmente de 22 mil visitantes e alinhada aos ODS &ndash; Objetivos de Desenvolvimento Sustent&aacute;vel estabelecidos pela ONU e aos conceitos de ESG, a edi&ccedil;&atilde;o 2024 continuar&aacute; ampliando o di&aacute;logo em torno das quest&otilde;es de saneamento ambiental, meio ambiente e sustentabilidade e promovendo o compartilhamento de conhecimento altamente qualificado.<\/i><\/p>\r\n\r\n<p><a href=\"http:\/\/www.fenasan.com.br\/\">www.fenasan.com.br<\/a><\/p>\r\n\r\n<p>&nbsp;<\/p>\r\n\r\n<p><b><img src=\"https:\/\/www.abint.org.br\/assets\/img\/editor\/cth-logo-alta-jpg_2024071812065399MMBUXZze.jpg\" style=\"width: 300px; height: 68px;\" \/><\/b><\/p>\r\n\r\n<p>&nbsp;<\/p>\r\n\r\n<p><b><img src=\"https:\/\/www.abint.org.br\/assets\/img\/editor\/hospitalmed-2024-logo_20240718120628FoV3In8yB5.png\" style=\"width: 500px; height: 448px;\" \/><\/b><\/p>\r\n\r\n<p><b>O CTH ABINT &eacute; um dos patrocinadores da HospitalMed 2024.<\/b><\/p>\r\n\r\n<p>&ldquo;<i>A melhor e Mais Completa Feira de Sa&uacute;de do Norte\/Nordeste<\/i>&rdquo;, &eacute; uma realiza&ccedil;&atilde;o da HospitalMed Feiras &amp; Eventos e da Insight Feiras de Neg&oacute;cios.<\/p>\r\n\r\n<p><i>&ldquo;O&nbsp;<b>re&uacute;ne toda a cadeia produtiva do setor de sa&uacute;de das regi&otilde;es Norte\/Nordeste<\/b>. &Eacute; o grande encontro de fornecedores de Produtos, Equipamentos, Servi&ccedil;os, Tecnologia e Conte&uacute;do para Hospitais, Laborat&oacute;rios, Farm&aacute;cias, Cl&iacute;nicas, Consult&oacute;rios e Profissionais da Sa&uacute;de&rdquo;.<\/i><\/p>\r\n\r\n<p><a href=\"http:\/\/www.hospitalmed.com.br\/\">www.hospitalmed.com.br<\/a><\/p>\r\n\r\n<p class=\"MsoTitle\" style=\"text-align:justify\"><span style=\"font-size:28pt\"><span style=\"font-family:Cambria,serif\"><span style=\"letter-spacing:-0.5pt\"><b><span style=\"font-size:18.0pt\"><span style=\"font-family:&quot;Calibri&quot;,sans-serif\"><span style=\"font-variant:small-caps\">Not&iacute;cias das Associadas<\/span><\/span><\/span><\/b><\/span><\/span><\/span><\/p>\r\n\r\n<p style=\"text-align:justify\"><span style=\"font-size:11pt\"><span style=\"line-height:normal\"><span style=\"font-family:Calibri,sans-serif\"><span class=\"MsoHyperlink\" style=\"color:blue\"><span style=\"text-decoration:underline\"><span style=\"font-size:14.0pt\"><a href=\"https:\/\/tissueonline.com.br\/andritz-concorre-em-seis-categorias-no-premio-abtcp\/\" style=\"color:blue; text-decoration:underline\">ANDRITZ concorre em seis categorias no Pr&ecirc;mio ABTCP<\/a><\/span><\/span><\/span><\/span><\/span><\/span><\/p>\r\n\r\n<p style=\"text-align:justify\"><span style=\"font-size:11pt\"><span style=\"line-height:normal\"><span style=\"font-family:Calibri,sans-serif\"><span class=\"MsoHyperlink\" style=\"color:blue\"><span style=\"text-decoration:underline\"><span style=\"font-size:14.0pt\"><a href=\"https:\/\/r.mail.fibretofashion.com\/tr\/cl\/7V8dp87_L28ScSqXm9DPxhLuJEnx1mnvLIpPnqJsnlx5NOGrKBS3_8A0Kt8E940S2MgQx28IIwwAGjWcrr4VEzyRIWl_BN-5-QeMPMdpiSwitYPbwEbwnNqlSUBNw6zOt6ZOXHuuWnbqBfnAcBlyGIYmhTTXce2nX0Tf0y6kxcInfkPy1PTF9rySv8kfbpq6WbrGxDFDvtuG8ShdEjEPbl2ThLbCqpLb8UqU69J9LpfOZw4CXj-MDRglrTPwnBHqkiBy4i3u0GfSBZhYsCRxCAS6HDbZZnhKtAFgtA2mdcs5_2KW-dsjvhVH207eW54dN2VWlJfNywFWHtCeyCoKMJGXY2L97e0bqC-iu69EqTYNMn4_h1954amyLbFRxbMYo8E-VC_e\" style=\"color:blue; text-decoration:underline\" target=\"_blank\">Freudenberg inaugurates thermal insulation factory in Vietnam<\/a><\/span><\/span><\/span><\/span><\/span><\/span><\/p>\r\n\r\n<p style=\"text-align:justify\"><span style=\"font-size:11pt\"><span style=\"line-height:normal\"><span style=\"font-family:Calibri,sans-serif\"><span class=\"MsoHyperlink\" style=\"color:blue\"><span style=\"text-decoration:underline\"><span style=\"font-size:14.0pt\"><a href=\"https:\/\/textilevaluechain.in\/news-insights\/trutzschler-agansa-in-indonesia-collaborating-for-superior\" style=\"color:blue; text-decoration:underline\">Tr&uuml;tzschler &amp; Agansa na Indon&eacute;sia colaborando para resultados superiores<\/a><\/span><\/span><\/span><\/span><\/span><\/span><\/p>\r\n\r\n<p style=\"text-align:justify\">&nbsp;<\/p>\r\n\r\n<p style=\"text-align:justify\"><span style=\"font-size:11pt\"><span style=\"line-height:normal\"><span style=\"font-family:Calibri,sans-serif\"><b><span style=\"font-size:18.0pt\"><span style=\"font-variant:small-caps\">Eventos<\/span><\/span><\/b><\/span><\/span><\/span><\/p>\r\n\r\n<p style=\"text-align:justify\"><span style=\"font-size:11pt\"><span style=\"line-height:normal\"><span style=\"font-family:Calibri,sans-serif\"><a href=\"https:\/\/www.portaldaindustria.com.br\/cni\/eventos\/seminario-politicas-industriais-brasil-mundo\/?utm_source=comext&amp;utm_medium=email&amp;utm_campaign=eventos&amp;utm_content=id00177#msdynttrid=aKWX9w7bDAcQJjsEPwRcTH7ZjlOLgcrnvIVCamEU3W8\" style=\"color:blue; text-decoration:underline\"><b><span style=\"font-size:14.0pt\">CNI\/ MDIC\/ BNDES | Semin&aacute;rio sobre Pol&iacute;ticas Industriais no Brasil e no Mundo<\/span><\/b><\/a><span style=\"font-size:14.0pt\">, 06 de agosto de 2024, 09h00, na sede da CNI, em Bras&iacute;lia<\/span><\/span><\/span><\/span><\/p>\r\n\r\n<p style=\"text-align:justify\"><span style=\"font-size:11pt\"><span style=\"line-height:normal\"><span style=\"font-family:Calibri,sans-serif\"><a href=\"https:\/\/anahp.zoom.us\/webinar\/register\/WN_X4JGg2WxTneG3zaWAFEEoA?utm_campaign=anahp_ao_vivo_-_reforma_tributaria_o_que_muda_para_saude_0608&amp;utm_medium=email&amp;utm_source=RD+Station#\/registration\" style=\"color:blue; text-decoration:underline\"><b><span style=\"font-size:14.0pt\">Anahp ao Vivo | Reforma Tribut&aacute;ria: O que ainda pode mudar para o Setor de Sa&uacute;de<\/span><\/b><\/a><span style=\"font-size:14.0pt\">, 06 de agosto de 2024, 10h00, evento online<\/span><\/span><\/span><\/span><\/p>\r\n\r\n<p style=\"text-align:justify\"><span style=\"font-size:11pt\"><span style=\"line-height:normal\"><span style=\"font-family:Calibri,sans-serif\"><b><span style=\"font-size:14.0pt\"><a href=\"https:\/\/www.anahp.com.br\/evento\/jornada-digital-pilares-da-qualidade-e-seguranca-na-atencao-centrada-no-paciente\/?utm_campaign=emkt_-__jornada_digital_-_0808&amp;utm_medium=email&amp;utm_source=RD+Station\" style=\"color:blue; text-decoration:underline\">Jornada Digital Anahp | Pilares da qualidade e seguran&ccedil;a na aten&ccedil;&atilde;o centrada no paciente<\/a><\/span><\/b><span style=\"font-size:14.0pt\">, 08 de agosto de 2024, 10h, evento online<\/span><\/span><\/span><\/span><\/p>\r\n\r\n<p style=\"text-align:justify\"><span style=\"font-size:11pt\"><span style=\"line-height:normal\"><span style=\"font-family:Calibri,sans-serif\"><a href=\"https:\/\/abrava.tcsdigital.com.br\/DIGITAL\/inscricoes\/evento3.aspx?evento=001&amp;idativa=1\" style=\"color:blue; text-decoration:underline\"><b><span style=\"font-size:14.0pt\">Panorama Setorial ABRAVA MG &ndash; Vis&atilde;o Econ&ocirc;mica e de Futuro para o Setor AVACR<\/span><\/b><\/a><span style=\"font-size:14.0pt\">, 13 de agosto de 2024, 08h00 &agrave;s 17h00, evento gratuito e presencial, CREA-MG, Av. &Aacute;lvares Cabral, 1600, Santo Agostinho, 30170-917, Belo Horizonte, MG<\/span><\/span><\/span><\/span><\/p>\r\n\r\n<p style=\"text-align:justify\"><span style=\"font-size:11pt\"><span style=\"line-height:normal\"><span style=\"font-family:Calibri,sans-serif\"><a href=\"https:\/\/www.interplast.com.br\/\" style=\"color:blue; text-decoration:underline\"><b><span style=\"font-size:14.0pt\">Interplast - Feira do Pl&aacute;stico<\/span><\/b><\/a><span style=\"font-size:14.0pt\">, do Pol&iacute;mero ao Produto, 13 a 16 de agosto de 2024, 13hs &agrave;s 20hs, Expoville, Joinville, SC<\/span><\/span><\/span><\/span><\/p>\r\n\r\n<p style=\"text-align:justify\"><span style=\"font-size:11pt\"><span style=\"line-height:normal\"><span style=\"font-family:Calibri,sans-serif\"><b><span style=\"font-size:14.0pt\"><a href=\"https:\/\/docs.google.com\/forms\/d\/e\/1FAIpQLSdlLJEamcFOQLk7NGJ8dadSzdWJm76r1yGCMsC934sYZx3n_g\/viewform\" style=\"color:blue; text-decoration:underline\">AESabesp | Regula&ccedil;&atilde;o ESG - Aplica&ccedil;&atilde;o e pr&aacute;tica no setor de saneamento &ndash; Avan&ccedil;ado<\/a><\/span><\/b><span style=\"font-size:14.0pt\">, 13, 15, 20 e 22 de agosto de 2024, 14h &agrave;s 17h, plataforma online<\/span><\/span><\/span><\/span><\/p>\r\n\r\n<p style=\"text-align:justify\">&nbsp;<\/p>\r\n\r\n<p style=\"text-align:justify\"><img src=\"https:\/\/www.abint.org.br\/assets\/img\/editor\/abtt-academy-curso-compras-texteis-hospitalares_20240604135954xriEyS8abD.jpg\" style=\"width: 500px; height: 500px;\" \/><\/p>\r\n\r\n<p style=\"text-align:justify\"><span style=\"font-size:11pt\"><span style=\"line-height:normal\"><span style=\"font-family:Calibri,sans-serif\"><a href=\"https:\/\/docs.google.com\/forms\/d\/e\/1FAIpQLSeG7zdl8xZpguBFbIdqyMS61mxfjvFjKOQ3EUqnWgC1RUcAug\/viewform\" style=\"color:blue; text-decoration:underline\"><span style=\"font-size:14.0pt\">Informa&ccedil;&otilde;es e inscri&ccedil;&otilde;es<\/span><\/a><\/span><\/span><\/span><\/p>\r\n\r\n<p style=\"text-align:justify\">&nbsp;<\/p>\r\n\r\n<p style=\"text-align:justify\"><span style=\"font-size:11pt\"><span style=\"line-height:normal\"><span style=\"font-family:Calibri,sans-serif\"><a href=\"https:\/\/emailmarketing.locaweb.com.br\/accounts\/116830\/messages\/524?email=abint@abint.org.br&amp;c=1719495723&amp;contact_id=110&amp;envelope_id=403\" style=\"color:blue; text-decoration:underline\"><b><span style=\"font-size:14.0pt\">JEC Composites Talks Brasil<\/span><\/b><\/a><span style=\"font-size:14.0pt\">, 19 de agosto de 2024, S&atilde;o Paulo, SP<\/span><\/span><\/span><\/span><\/p>\r\n\r\n<p style=\"text-align:justify\"><span style=\"font-size:11pt\"><span style=\"line-height:normal\"><span style=\"font-family:Calibri,sans-serif\"><a href=\"https:\/\/app.rdstation.email\/mail\/d1246106-5887-4ae3-b115-63593ba00040?utm_campaign=emkt_workshop_-_gestao_de_produtos_quimicos&amp;utm_medium=email&amp;utm_source=RD+Station\" style=\"color:blue; text-decoration:underline\"><b><span style=\"font-size:14.0pt\">Workshop | Gest&atilde;o de Produtos Qu&iacute;micos<\/span><\/b><\/a><span style=\"font-size:14.0pt\">, 20 de agosto de 2024, das 10h &agrave;s 12h, evento online<\/span><\/span><\/span><\/span><\/p>\r\n\r\n<p style=\"text-align:justify\"><span style=\"font-size:11pt\"><span style=\"line-height:normal\"><span style=\"font-family:Calibri,sans-serif\"><a href=\"http:\/\/www.feiplar.com\" style=\"color:blue; text-decoration:underline\"><b><span style=\"font-size:14.0pt\">FEIPLAR COMPOSITES &amp; FEIPUR &ndash; Feira e Congresso Internacionais de Composites, Poliuretano, Pl&aacute;sticos de Engenharia e Compostos Termopl&aacute;sticos<\/span><\/b><\/a><span style=\"font-size:14.0pt\">, 20 a 22 de agosto de 2024, S&atilde;o Paulo Expo (Pavilh&atilde;o 5), palestras: das 8h30 &agrave;s 18h, feira: das 13h &agrave;s 20h<\/span><\/span><\/span><\/span><\/p>\r\n\r\n<p style=\"text-align:justify\"><span style=\"font-size:11pt\"><span style=\"line-height:normal\"><span style=\"font-family:Calibri,sans-serif\"><a href=\"http:\/\/www.techtextil-north-america.us.messefrankfurt.com\" style=\"color:blue; text-decoration:underline\"><b><span lang=\"EN-US\" style=\"font-size:14.0pt\">Techtextil North America 2024<\/span><\/b><\/a><span lang=\"EN-US\" style=\"font-size:14.0pt\">, August 20 &ndash; 24, Raleigh, North Carolina<\/span><\/span><\/span><\/span><\/p>\r\n\r\n<p style=\"text-align:justify\"><span style=\"font-size:11pt\"><span style=\"line-height:normal\"><span style=\"font-family:Calibri,sans-serif\"><b><span style=\"font-size:14.0pt\">Anaph | 3&ordf; F&oacute;rum Anahp de Lideran&ccedil;as da Enfermagem<\/span><\/b><span style=\"font-size:14.0pt\">, 21 de agosto de 2024, &agrave;s 8h30, evento presencial<\/span><\/span><\/span><\/span><\/p>\r\n\r\n<p style=\"text-align:justify\"><span style=\"font-size:11pt\"><span style=\"line-height:normal\"><span style=\"font-family:Calibri,sans-serif\"><a href=\"https:\/\/www.conceitoseminarios.com.br\/seminario\/6-forum-novo-marco-do-saneamento\/\" style=\"color:blue; text-decoration:underline\"><b><span style=\"font-size:14.0pt\">6&ordm; F&oacute;rum Novo Marco do Saneamento<\/span><\/b><\/a><span style=\"font-size:14.0pt\">, 29 de agosto de 2024, 08h30 &agrave;s 18h00, Hotel Meli&aacute; Jardim Europa, Rua Jo&atilde;o Cachoeira, 107, Itaim Bibi, S&atilde;o Paulo<\/span><\/span><\/span><\/span><\/p>\r\n\r\n<p style=\"text-align:justify\"><span style=\"font-size:11pt\"><span style=\"line-height:normal\"><span style=\"font-family:Calibri,sans-serif\"><a href=\"https:\/\/www.recy-plastech.com\/\" style=\"color:blue; text-decoration:underline\"><b><span style=\"font-size:14.0pt\">Recy-Plastech 2024 &ndash; Semin&aacute;rio Internacional de Sustentabilidade e Reciclagem de Pl&aacute;sticos<\/span><\/b><\/a><span style=\"font-size:14.0pt\">, 11 e 12 de setembro de 2024, Milenium Centro de Conven&ccedil;&otilde;es, Rua Dr. Bacelar, 1.043, Vila Clementino, S&atilde;o Paulo, SP<\/span><\/span><\/span><\/span><\/p>\r\n\r\n<p style=\"text-align:justify\"><span style=\"font-size:11pt\"><span style=\"line-height:normal\"><span style=\"font-family:Calibri,sans-serif\"><a href=\"https:\/\/cbplastico.com.br\/2024\/\" style=\"color:blue; text-decoration:underline\"><b><span style=\"font-size:14.0pt\">5&ordm; Congresso Brasileiro do Pl&aacute;stico<\/span><\/b><\/a><span style=\"font-size:14.0pt\">, 12 de setembro de 2024, evento h&iacute;brido, Casa Bisutti, Rua Casa do Ator, 577, Vila Ol&iacute;mpia, S&atilde;o Paulo, SP<\/span><\/span><\/span><\/span><\/p>\r\n\r\n<p style=\"text-align:justify\"><span style=\"font-size:11pt\"><span style=\"line-height:normal\"><span style=\"font-family:Calibri,sans-serif\"><a href=\"http:\/\/www.fenasan.com.br\" style=\"color:blue; text-decoration:underline\"><b><span style=\"font-size:14.0pt\">Fenasan 2024 &ndash; Feira Nacional de Saneamento e Meio Ambiente<\/span><\/b><\/a><span style=\"font-size:14.0pt\">, 22 a 24 de outubro de 2024, Pavilh&otilde;es Verde e Vermelho, Expo Center Norte, S&atilde;o Paulo SP<\/span><\/span><\/span><\/span><\/p>\r\n\r\n<p style=\"text-align:justify\"><span style=\"font-size:11pt\"><span style=\"line-height:normal\"><span style=\"font-family:Calibri,sans-serif\"><a href=\"http:\/\/www.hospitalmed.com.br\" style=\"color:blue; text-decoration:underline\"><b><span style=\"font-size:14.0pt\">HospitalMed 2024<\/span><\/b><\/a><span style=\"font-size:14.0pt\">, 23 a 25 de outubro, das 14h &agrave;s 20h, no Pernambuco Centro de Conven&ccedil;&otilde;es<\/span><\/span><\/span><\/span><\/p>\r\n\r\n<p style=\"text-align:justify\"><span style=\"font-size:11pt\"><span style=\"line-height:normal\"><span style=\"font-family:Calibri,sans-serif\"><a href=\"https:\/\/www.abnteducacao.com.br\/Simbologia_de_cuidados_aplicada_a_Etiquetagem_de_Texteis_ABNT_NBR_NM_ISO_3758\" style=\"color:blue; text-decoration:underline\"><b><span style=\"font-size:14.0pt\">Simbologia de cuidados aplicada a Etiquetagem de T&ecirc;xteis<\/span><\/b><\/a><span style=\"font-size:14.0pt\">, 23 e 24 de outubro de 2024, 8h30 &agrave;s 17h30, evento online<\/span><\/span><\/span><\/span><\/p>\r\n\r\n<p style=\"text-align:justify\"><span style=\"font-size:11pt\"><span style=\"line-height:normal\"><span style=\"font-family:Calibri,sans-serif\"><a href=\"https:\/\/b20brazil.org\/#msdynttrid=6zt-Ug2nJO0FDfhoU9K0en-twuGAoU5aPF8EQm7neRo\" style=\"color:blue; text-decoration:underline\"><b><span lang=\"EN-US\" style=\"font-size:14.0pt\">B20 Summit Brasil 2024 - Inclusive Growth for a Sustainable Future<\/span><\/b><\/a><span lang=\"EN-US\" style=\"font-size:14.0pt\">, October 24th - 25th, 2024, Clube Atl&eacute;tico Monte L&iacute;bano, S&atilde;o Paulo, SP<\/span><\/span><\/span><\/span><\/p>\r\n\r\n<p style=\"text-align:justify\"><span style=\"font-size:11pt\"><span style=\"line-height:normal\"><span style=\"font-family:Calibri,sans-serif\"><a href=\"http:\/\/www.congressoabit.com.br\" style=\"color:blue; text-decoration:underline\"><b><span style=\"font-size:14.0pt\">Congresso Internacional Abit 2024<\/span><\/b><\/a><span style=\"font-size:14.0pt\">, 30 e 31 de outubro, Salvador, Bahia<\/span><\/span><\/span><\/span><\/p>\r\n\r\n<p style=\"text-align:justify\"><span style=\"font-size:11pt\"><span style=\"line-height:normal\"><span style=\"font-family:Calibri,sans-serif\"><a href=\"https:\/\/www.fimec.com.br\/\" style=\"color:blue; text-decoration:underline\"><b><span style=\"font-size:14.0pt\">Fimec 2025<\/span><\/b><\/a><span style=\"font-size:14.0pt\">, 18 a 20 de mar&ccedil;o, Fenac, Novo Hamburgo, RS<\/span><\/span><\/span><\/span><\/p>\r\n\r\n<p style=\"text-align:justify\"><span style=\"font-size:28pt\"><span style=\"font-family:Cambria,serif\"><span style=\"letter-spacing:-0.5pt\"><b><span style=\"font-size:18.0pt\"><span style=\"font-family:&quot;Calibri&quot;,sans-serif\"><span style=\"font-variant:small-caps\">Setor<\/span><\/span><\/span><\/b><\/span><\/span><\/span><\/p>\r\n\r\n<p style=\"text-align:justify\"><span style=\"font-size:11pt\"><span style=\"line-height:normal\"><span style=\"font-family:Calibri,sans-serif\"><span class=\"MsoHyperlink\" style=\"color:blue\"><span style=\"text-decoration:underline\"><b><span style=\"font-size:14.0pt\"><a href=\"https:\/\/t.rdsv2.net\/ls\/click?upn=u001.SJ-2BHbcLStyE5mTD5OK48sq2JxFfkhvQ6eAz6nLBcupXZp5EWcVp4jfpSE9LktR3ybrZgX-2Bd9kL4B4a-2BiiIx-2B9aewvbcAJGxBv-2BtwcKVrPA8dJw-2F9tVS0JZpTCVFIllzITKiaFMjzArwiY5M6c0fWRoZZm7N2V-2Bqu-2BfpVd3ZxBcfBwRtnCVfrSJ5E40YQIBL43ZqLoiCytUjxNbeO3K7u9oPnlA-2FwlU27LEjPfuplui3ttiQzJ6S6M1wb94FeP0gtiJ5B_T7N8BvZTOm04CQQMiyWztrpCjlUrRc4F7QzSgUIpTqB5Yk-2Bt7YhUyk7lZRXmbFFsi-2Foe1q0kuwsCjfsBOqL9ZeKwOqG7ApazixuGEP6Z5SJuFg5bm15p-2FcAKNI6-2BqjB-2BMvAVGWCKU4mKxnhMD2LY6S0U1bawFmu8lNPMGhEljK3PnvXG6GD7SHW-2B0U6piFZDlmI-2BzU9Ebcl152rj7jAtKh81pHDSmK1H3PUy7eZBW6kQ3VwREMAThGzePwD-2FCj-2FsW0us4E9GIpLClF2y9s2oLDX061BMQgsNL4VEQv54XaDXqf-2FYSW9tyls8lxEQpSjEjMTGM0hXPnCGJ680bwc2vcJZya4MG6Qf8Rbz9XC9zkoojg17wa-2FxL3sOiNHigSDRz9mD1gq5FpmtYUrvIjZimWaMlM71R6Lv1wo5oHUj562On-2BzDLRyxbd1YuylcBgTVPiqFt5k4E9Fp3h6tTwCzNcSzgq1sypBgg1riCBqHeH4vY5hSXvDbXygVERBO6N6QMXSrSsRfPXms5XkU-2BF2oXlRnT9p3JDczrMV0x8s3FeJYUMTzZyMffpakWisSSOk0DHHn436JSl4n9Mox0seqtZeeWNm-2FgJ0AOgDOoZThI2ND0VFPNzMncprXo4FmWC-2FeIs7wrZCkvX062UYHfr4xDQ-3D-3D\" style=\"color:blue; text-decoration:underline\" target=\"_blank\" title=\"Alta nos pre\u00e7os dos absorventes internos impacta mercado nos EUA\"><span style=\"font-weight:normal\">Alta nos pre&ccedil;os dos absorventes internos impacta mercado nos EUA<\/span><\/a><\/span><\/b><\/span><\/span><\/span><\/span><\/span><\/p>\r\n\r\n<p style=\"text-align:justify\"><span style=\"font-size:11pt\"><span style=\"line-height:normal\"><span style=\"font-family:Calibri,sans-serif\"><a href=\"https:\/\/www12.senado.leg.br\/radio\/1\/noticia\/2024\/07\/31\/projeto-pretende-acabar-com-plasticos-descartaveis-ate-2029\" style=\"color:blue; text-decoration:underline\"><span style=\"font-size:14.0pt\">Projeto pretende acabar com pl&aacute;sticos descart&aacute;veis at&eacute; 2029<\/span><\/a><\/span><\/span><\/span><\/p>\r\n\r\n<p style=\"text-align:justify\"><span style=\"font-size:11pt\"><span style=\"line-height:normal\"><span style=\"font-family:Calibri,sans-serif\"><a href=\"https:\/\/tissueonline.com.br\/procter-gamble-mantem-estabilidade-na-receita-trimestral-apesar-de-desafios-globais\/\" style=\"color:blue; text-decoration:underline\"><span style=\"font-size:14.0pt\">Procter &amp; Gamble mant&eacute;m estabilidade na receita trimestral apesar de desafios globais<\/span><\/a><\/span><\/span><\/span><\/p>\r\n\r\n<p style=\"text-align:justify\"><span style=\"font-size:11pt\"><span style=\"line-height:normal\"><span style=\"font-family:Calibri,sans-serif\"><a href=\"https:\/\/www.diariodepernambuco.com.br\/noticia\/vidaurbana\/2024\/07\/maior-geomanta-do-brasil-ganha-arte-urbana-do-recife.html\" style=\"color:blue; text-decoration:underline\"><span style=\"font-size:14.0pt\">Maior geomanta do Brasil ganha arte urbana do Recife no programa Mais Vida<\/span><\/a><\/span><\/span><\/span><\/p>\r\n\r\n<p style=\"text-align:justify\"><span style=\"font-size:11pt\"><span style=\"line-height:normal\"><span style=\"font-family:Calibri,sans-serif\"><span style=\"font-size:14.0pt\"><a href=\"http:\/\/comunidadtextil.com\/wpnews\/2024\/07\/grave-argentina-elimino-el-control-aduanero-al-ingreso-de-articulos-textiles-y-calzado\/?utm_source=email_marketing&amp;utm_admin=28519&amp;utm_medium=email&amp;utm_campaign=NOTICIAS_de_la_Industria_Textil_Confecciones_y_Moda\" style=\"color:blue; text-decoration:underline\">Grave: Argentina elimin&oacute; el control aduanero al ingreso de art&iacute;culos textiles y calzado<\/a><\/span><\/span><\/span><\/span><\/p>\r\n\r\n<p style=\"text-align:justify\"><span style=\"font-size:28pt\"><span style=\"font-family:Cambria,serif\"><span style=\"letter-spacing:-0.5pt\"><b><span style=\"font-size:18.0pt\"><span style=\"font-family:&quot;Calibri&quot;,sans-serif\"><span style=\"font-variant:small-caps\">Ind&uacute;stria<\/span><\/span><\/span><\/b><\/span><\/span><\/span><\/p>\r\n\r\n<p style=\"text-align:justify\"><span style=\"font-size:11pt\"><span style=\"line-height:normal\"><span style=\"font-family:Calibri,sans-serif\"><a href=\"https:\/\/noticias.portaldaindustria.com.br\/noticias\/politica-industrial\/71-das-politicas-industriais-do-mundo-estao-nas-economias-desenvolvidas-alerta-cni\/\" style=\"color:blue; text-decoration:underline\"><span style=\"font-size:14.0pt\">71% das pol&iacute;ticas industriais do mundo est&atilde;o nas economias desenvolvidas, alerta CNI<\/span><\/a><\/span><\/span><\/span><\/p>\r\n\r\n<p style=\"text-align:justify\"><span style=\"font-size:11pt\"><span style=\"line-height:normal\"><span style=\"font-family:Calibri,sans-serif\"><span style=\"font-size:14.0pt\"><a href=\"https:\/\/noticias.portaldaindustria.com.br\/noticias\/politica-industrial\/nova-politica-industrial-vai-promover-crescimento-economico-e-bem-estar-diz-vice-presidente-da-cni\/\" style=\"color:blue; text-decoration:underline\">Nova pol&iacute;tica industrial promover&aacute; crescimento econ&ocirc;mico e bem-estar, diz vice-presidente da CNI<\/a><\/span><\/span><\/span><\/span><\/p>\r\n\r\n<p style=\"text-align:justify\"><span style=\"font-size:11pt\"><span style=\"line-height:normal\"><span style=\"font-family:Calibri,sans-serif\"><span style=\"font-size:14.0pt\"><a href=\"https:\/\/www.saudebusiness.com\/legislacao-e-regulamentacao\/abimed-alerta-para-impactos-negativos-da-reforma-tributaria-na-industria?utm_campaign=BRZ24HPR-AK-ALL%20Newsletter%20Julho&amp;utm_emailname=BRZ24HPR-AK-ALL%20Newsletter%20Julho%20%28resend%29&amp;utm_medium=email&amp;utm_source=eloqua&amp;utm_MDMContactID=2bb3d23c-a32f-4218-88d5-29f7fb45caee&amp;utm_campaigntype=Newsletter&amp;eM=50c7dfe42c38ea8f10539f0a167fc763253059e495554a32db7a57f8f237ec4c&amp;eventSeriesCode=ES_HOSPITALAR&amp;eventEditionCode=BRZ23HPR&amp;sessionCode=S_HSPTLRNWSLTR&amp;sp_eh=50c7dfe42c38ea8f10539f0a167fc763253059e495554a32db7a57f8f237ec4c\" style=\"color:blue; text-decoration:underline\">ABIMED alerta para impactos negativos da reforma tribut&aacute;ria na ind&uacute;stria de sa&uacute;de<\/a><\/span><\/span><\/span><\/span><\/p>\r\n\r\n<p style=\"text-align:justify\"><span style=\"font-size:11pt\"><span style=\"line-height:normal\"><span style=\"font-family:Calibri,sans-serif\"><span class=\"MsoHyperlink\" style=\"color:blue\"><span style=\"text-decoration:underline\"><a href=\"http:\/\/emkt.grandesconstrucoes.com.br\/emkt\/tracer\/?2,8631747,260ba16a,08c5,2\" style=\"color:blue; text-decoration:underline\" title=\"Constru\u00e7\u00e3o cria mais 21,4 mil empregos em junho\"><span style=\"font-size:14.0pt\">Constru&ccedil;&atilde;o cria mais 21,4 mil empregos em junho<\/span><\/a><\/span><\/span><\/span><\/span><\/span><\/p>\r\n\r\n<p style=\"text-align:justify\"><span style=\"font-size:11pt\"><span style=\"line-height:normal\"><span style=\"font-family:Calibri,sans-serif\"><span style=\"font-size:14.0pt\"><a href=\"https:\/\/www.sp.senai.br\/conteudo\/20487\/transformacao-digital-na-construcao-civil\" style=\"color:blue; text-decoration:underline\">SENAI-SP | E-book: Transforma&ccedil;&atilde;o Digital na Constru&ccedil;&atilde;o Civil<\/a><\/span><\/span><\/span><\/span><\/p>\r\n\r\n<p style=\"text-align:justify\"><span style=\"font-size:11pt\"><span style=\"line-height:normal\"><span style=\"font-family:Calibri,sans-serif\"><a href=\"https:\/\/www.terra.com.br\/amp\/noticias\/brasil-tem-a-6-maior-industria-quimica-do-mundo-diz-estudo,caefb49466ffc3988c36eb8a4c6032adno60am3v.html\" style=\"color:blue; text-decoration:underline\"><span style=\"font-size:14.0pt\">Brasil tem a 6&ordf; maior ind&uacute;stria qu&iacute;mica do mundo, diz estudo<\/span><\/a><\/span><\/span><\/span><\/p>\r\n\r\n<p style=\"text-align:justify\"><span style=\"font-size:11pt\"><span style=\"line-height:normal\"><span style=\"font-family:Calibri,sans-serif\"><a href=\"https:\/\/www.terra.com.br\/economia\/setor-de-maquinas-e-equipamentos-deve-manter-tendencia-de-recuperacao-no-3-tri-diz-abimaq,78a876d2bb153ab0bace327487ec65d6nxpm0983.html\" style=\"color:blue; text-decoration:underline\"><span style=\"font-size:14.0pt\">Setor de m&aacute;quinas e equipamentos deve manter tend&ecirc;ncia de recupera&ccedil;&atilde;o no 3&ordm; tri, diz Abimaq<\/span><\/a><\/span><\/span><\/span><\/p>\r\n\r\n<p style=\"text-align:justify\"><span style=\"font-size:28pt\"><span style=\"font-family:Cambria,serif\"><span style=\"letter-spacing:-0.5pt\"><b><span style=\"font-size:18.0pt\"><span style=\"font-family:&quot;Calibri&quot;,sans-serif\"><span style=\"font-variant:small-caps\">Sustentabilidade<\/span><\/span><\/span><\/b><\/span><\/span><\/span><\/p>\r\n\r\n<p style=\"text-align:justify\"><span style=\"font-size:11pt\"><span style=\"line-height:normal\"><span style=\"font-family:Calibri,sans-serif\"><a href=\"https:\/\/www.autodata.com.br\/noticias\/2024\/07\/31\/programa-descarte-consciente-da-abrafiltros-ja-reciclou-mais-de-15-milhoes-de-toneladas-de-filtros-de-oleo\/75621\/\" style=\"color:blue; text-decoration:underline\"><span style=\"font-size:14.0pt\">Programa Descarte Consciente da Abrafiltros j&aacute; reciclou mais de 15 milh&otilde;es de toneladas de filtros de &oacute;leo<\/span><\/a><\/span><\/span><\/span><\/p>\r\n\r\n<p style=\"text-align:justify\"><span style=\"font-size:11pt\"><span style=\"line-height:normal\"><span style=\"font-family:Calibri,sans-serif\"><span style=\"font-size:14.0pt\"><span style=\"color:blue\"><a href=\"https:\/\/r.mail.fibretofashion.com\/tr\/cl\/tvLjtpogn-0O833vS60or2RyXMvk1r_ZTyeuoMVKI_MflX6rPf710NPYeAEuX0UMtJ-1TzwNKGygvUOyam4Ef5Eli0zVImMWDYFOZ4QrmyNmqKFLIwrD8cy9AYvei99RYH6CutSSpfmsIwV2nCff2p1VUrW51ZCJTrfANzlYtVP2kyd4NYqSvgOjJnFlm--THrKirvkkjvE2_e9QPP2__w2GaoqD28NeI22UbQWzHSZUSpUYrwTa2evP4QdVJOusrXTO3sDHPGNWRhQf1ddGXJcaU7jne4GaegCk37mkjljWcyy5AUm7rYlKq36lkyRXB-C94Hmh4Hxo7862Lyypsiy62K_lPe6Yer_tlAEdFdLwM2lvXHW2cUlflDgkE7ytQ3SkBVcEvmBQpfcIbi6He9ynmxNE7NXq9TBTPFcm\" style=\"color:blue; text-decoration:underline\" target=\"_blank\" title=\"American professors develop system to recycle PET from textiles\"><span lang=\"EN-US\" style=\"color:blue\">American professors develop system to recycle PET from textiles<\/span><\/a><\/span><\/span><\/span><\/span><\/span><\/p>\r\n\r\n<p style=\"text-align:justify\"><span style=\"font-size:11pt\"><span style=\"line-height:normal\"><span style=\"font-family:Calibri,sans-serif\"><a href=\"https:\/\/www.innovationintextiles.com\/enzymatic-recycling-added-to-sasas-ambitious-plans\/\" style=\"color:blue; text-decoration:underline\"><span lang=\"EN-US\" style=\"font-size:14.0pt\">Fibers: Enzymatic recycling added to SASA&rsquo;s ambitious plans<\/span><\/a><\/span><\/span><\/span><\/p>\r\n\r\n<p style=\"text-align:justify\"><span style=\"font-size:11pt\"><span style=\"line-height:normal\"><span style=\"font-family:Calibri,sans-serif\"><a href=\"https:\/\/www.innovationintextiles.com\/establishing-a-carbon-capture-pet-supply-chain\/\" style=\"color:blue; text-decoration:underline\"><span lang=\"EN-US\" style=\"font-size:14.0pt\">Establishing a carbon capture PET supply chain<\/span><\/a><\/span><\/span><\/span><\/p>\r\n\r\n<p style=\"text-align:justify\"><span style=\"font-size:11pt\"><span style=\"line-height:normal\"><span style=\"font-family:Calibri,sans-serif\"><a href=\"https:\/\/www.terra.com.br\/noticias\/brasil-avanca-na-sustentabilidade-com-novas-regras-para-os-plasticos,b45b9ac7db341286377aa4043cf3cf350ozs78tl.html\" style=\"color:blue; text-decoration:underline\"><span style=\"font-size:14.0pt\">Brasil avan&ccedil;a na sustentabilidade com novas regras para os pl&aacute;sticos<\/span><\/a><\/span><\/span><\/span><\/p>\r\n\r\n<p style=\"text-align:justify\"><span style=\"font-size:28pt\"><span style=\"font-family:Cambria,serif\"><span style=\"letter-spacing:-0.5pt\"><b><span style=\"font-size:18.0pt\"><span style=\"font-family:&quot;Calibri&quot;,sans-serif\"><span style=\"font-variant:small-caps\">Inova&ccedil;&atilde;o<\/span><\/span><\/span><\/b><\/span><\/span><\/span><\/p>\r\n\r\n<p style=\"text-align:justify\"><span style=\"font-size:11pt\"><span style=\"line-height:normal\"><span style=\"font-family:Calibri,sans-serif\"><a href=\"https:\/\/noticias.portaldaindustria.com.br\/noticias\/inovacao-e-tecnologia\/o-primeiro-mapa-da-inovacao-brasileira-conheca-o-atlas-da-inovacao\/\" style=\"color:blue; text-decoration:underline\"><span style=\"font-size:14.0pt\">O primeiro mapa da inova&ccedil;&atilde;o brasileira! Conhe&ccedil;a o Atlas da Inova&ccedil;&atilde;o<\/span><\/a><\/span><\/span><\/span><\/p>\r\n\r\n<p style=\"text-align:justify\"><span style=\"font-size:28pt\"><span style=\"font-family:Cambria,serif\"><span style=\"letter-spacing:-0.5pt\"><b><span style=\"font-size:18.0pt\"><span style=\"font-family:&quot;Calibri&quot;,sans-serif\"><span style=\"font-variant:small-caps\">Com&eacute;rcio Exterior<\/span><\/span><\/span><\/b><\/span><\/span><\/span><\/p>\r\n\r\n<p style=\"text-align:justify\"><span style=\"font-size:11pt\"><span style=\"line-height:normal\"><span style=\"font-family:Calibri,sans-serif\"><span class=\"MsoHyperlink\" style=\"color:blue\"><span style=\"text-decoration:underline\"><span style=\"font-size:14.0pt\"><span style=\"text-decoration:none\"><span style=\"text-underline:none\"><a href=\"https:\/\/www.moveisdevalor.com.br\/portal\/governo-vai-sobretaxar-importacao-de-materia-prima-para-colchao?source=news\" style=\"color:blue; text-decoration:underline\">Governo vai sobretaxar importa&ccedil;&atilde;o de mat&eacute;ria-prima para colch&atilde;o<\/a><\/span><\/span><\/span><\/span><\/span><\/span><\/span><\/span><\/p>\r\n\r\n<p style=\"text-align:justify\"><span style=\"font-size:11pt\"><span style=\"line-height:normal\"><span style=\"font-family:Calibri,sans-serif\"><span style=\"font-size:14.0pt\"><a href=\"https:\/\/www.moveisdevalor.com.br\/portal\/moveis-made-in-china-tomam-conta-no-pais?source=news\" style=\"color:blue; text-decoration:underline\">M&oacute;veis made in China tomam conta no Pa&iacute;s<\/a><\/span><\/span><\/span><\/span><\/p>\r\n\r\n<p style=\"text-align:justify\"><span style=\"font-size:11pt\"><span style=\"line-height:normal\"><span style=\"font-family:Calibri,sans-serif\"><a href=\"https:\/\/www.gov.br\/mdic\/pt-br\/assuntos\/noticias\/2024\/agosto\/mdic-integra-missao-presidencial-ao-chile-para-impulsionar-integracao-economica-e-cooperacao-regional\" style=\"color:blue; text-decoration:underline\"><span style=\"font-size:14.0pt\">MDIC integra miss&atilde;o presidencial ao Chile para impulsionar integra&ccedil;&atilde;o econ&ocirc;mica e coopera&ccedil;&atilde;o regional<\/span><\/a><\/span><\/span><\/span><\/p>\r\n\r\n<p style=\"text-align:justify\"><span style=\"font-size:11pt\"><span style=\"line-height:normal\"><span style=\"font-family:Calibri,sans-serif\"><span style=\"font-size:14.0pt\"><a href=\"https:\/\/www.iadb.org\/pt-br\/noticias\/comercio-entre-coreia-do-sul-e-america-latina-e-caribe-registra-niveis-recordes?utm_source=Email&amp;utm_medium=Newsletter&amp;utm_campaign=Com%C3%A9rcio%20entre%20Coreia%20do%20Sul%20e%20Am%C3%A9rica%20Latina%20e%20Caribe%20registra%20n%C3%ADveis%20recordes&amp;utm_term=VPS\/DCC\" style=\"color:blue; text-decoration:underline\">Com&eacute;rcio entre Coreia do Sul e Am&eacute;rica Latina e Caribe registra n&iacute;veis recordes<\/a><\/span><\/span><\/span><\/span><\/p>\r\n\r\n<p style=\"text-align:justify\"><span style=\"font-size:28pt\"><span style=\"font-family:Cambria,serif\"><span style=\"letter-spacing:-0.5pt\"><b><span style=\"font-size:18.0pt\"><span style=\"font-family:&quot;Calibri&quot;,sans-serif\"><span style=\"font-variant:small-caps\">Economia<\/span><\/span><\/span><\/b><\/span><\/span><\/span><\/p>\r\n\r\n<p style=\"text-align:justify\"><span style=\"font-size:11pt\"><span style=\"line-height:normal\"><span style=\"font-family:Calibri,sans-serif\"><span style=\"font-size:14.0pt\"><a href=\"https:\/\/www.bcb.gov.br\/content\/focus\/focus\/R20240802.pdf\" style=\"color:blue; text-decoration:underline\">Focus - Relat&oacute;rio de Mercado<\/a><\/span><\/span><\/span><\/span><\/p>\r\n\r\n<p style=\"text-align:justify\"><span style=\"font-size:11pt\"><span style=\"line-height:normal\"><span style=\"font-family:Calibri,sans-serif\"><span style=\"font-size:14.0pt\"><a href=\"https:\/\/www.bcb.gov.br\/content\/controleinflacao\/focusdistribuicoesfrequencia\/P20240805-Focus-Distribuicoes-de-frequencia.pdf\" style=\"color:blue; text-decoration:underline\">Focus &ndash; Distribui&ccedil;&otilde;es de Frequ&ecirc;ncia das Expectativas de Mercado para IPCA, Selic, PIB e C&acirc;mbio<\/a><\/span><\/span><\/span><\/span><\/p>\r\n\r\n<p style=\"text-align:justify\"><span style=\"font-size:11pt\"><span style=\"line-height:normal\"><span style=\"font-family:Calibri,sans-serif\"><span style=\"font-size:14.0pt\"><a href=\"https:\/\/br.investing.com\/news\/stock-market-news\/cni-ve-com-preocupacao-decisao-do-copom-de-manter-taxa-selic-em-1050-ao-ano-1299782\" style=\"color:blue; text-decoration:underline\">CNI v&ecirc; com preocupa&ccedil;&atilde;o decis&atilde;o do Copom de manter taxa Selic em 10,50% ao ano<\/a><\/span><\/span><\/span><\/span><\/p>\r\n\r\n<p style=\"text-align:justify\"><span style=\"font-size:11pt\"><span style=\"line-height:normal\"><span style=\"font-family:Calibri,sans-serif\"><span style=\"font-size:14.0pt\"><a href=\"https:\/\/portalibre.fgv.br\/system\/files\/2024-08\/apresentacao-sintese-das-sondagens-julho-2024_0.pdf\" style=\"color:blue; text-decoration:underline\">Indicadores de Confian&ccedil;a e Incerteza do FGV IBRE<\/a><\/span><\/span><\/span><\/span><\/p>\r\n\r\n<p style=\"text-align:justify\"><img src=\"https:\/\/www.abint.org.br\/assets\/img\/editor\/redes-sociais-abint-ctg-cth_202406041400398QFSSawN2a.jpg\" \/><\/p>\r\n","texto_en":"","7":"","imagem":"COMP_capa-2024-site-boletim-abint-noticias-semanis_20240806164004msOjt7LDIJ.jpg","8":"COMP_capa-2024-site-boletim-abint-noticias-semanis_20240806164004msOjt7LDIJ.jpg","arquivo":"20240806-BOLETIM-ABINT-DE-NOTICIAS-SEMANAIS.PDF","9":"20240806-BOLETIM-ABINT-DE-NOTICIAS-SEMANAIS.PDF","titulo_arquivo":"20240806 Boletim ABINT de Not\u00edcias Semanais","10":"20240806 Boletim ABINT de Not\u00edcias Semanais","titulo_arquivo_en":"","11":"","created_at":"2024-08-06 16:40:14","12":"2024-08-06 16:40:14","updated_at":"2024-08-06 16:40:14","13":"2024-08-06 16:40:14"},{"id":129,"0":129,"ordem":94,"1":94,"data":"2024-07-30","2":"2024-07-30","slug":"boletim-abint-de-noticias-semanais-40","3":"boletim-abint-de-noticias-semanais-40","titulo":"Boletim ABINT de Not\u00edcias Semanais","4":"Boletim ABINT de Not\u00edcias Semanais","titulo_en":"","5":"","texto":"<p style=\"text-align:justify\"><span style=\"font-size:11pt\"><span style=\"line-height:normal\"><span style=\"font-family:Calibri,sans-serif\"><span style=\"font-size:14.0pt\">Esta &eacute; uma compila&ccedil;&atilde;o das not&iacute;cias mais relevantes para o setor, incluindo informa&ccedil;&otilde;es sobre acordos internacionais, economia brasileira, sustentabilidade e mat&eacute;rias primas, al&eacute;m de novidades do setor de N&atilde;otecidos e Tecidos T&eacute;cnicos.<\/span><\/span><\/span><\/span><\/p>\r\n\r\n<p style=\"text-align:justify\"><span style=\"font-size:28pt\"><span style=\"font-family:Cambria,serif\"><span style=\"letter-spacing:-0.5pt\"><b><span style=\"font-size:18.0pt\"><span calibri=\"\" style=\"font-family:\"><span style=\"font-variant:small-caps\">O que vem por a&iacute;<\/span><\/span><\/span><\/b><\/span><\/span><\/span><\/p>\r\n\r\n<p style=\"text-align:justify\">&nbsp;<\/p>\r\n\r\n<p><b><img src=\"https:\/\/www.abint.org.br\/assets\/img\/editor\/logo-ctg-abint-png_20240718120356AYjq6yKWjI.png\" style=\"width: 300px; height: 55px;\" \/><\/b><\/p>\r\n\r\n<p>No dia 06 de agosto, O CTG ABINT realizar&aacute; um webinar sobre os problemas originados pela baixa qualidade nos processos de instala&ccedil;&atilde;o de geomembranas. O webinar contar&aacute; com a presen&ccedil;a dos instrutores do pr&oacute;ximo Curso Brasileiro de Instala&ccedil;&atilde;o de Geomembranas &ldquo;Paulo Kenji A&ccedil;akura&rdquo; 2024, que ser&aacute; realizado de 13 a 16 de agosto. Para acompanhar o Webinar,&nbsp;<a href=\"https:\/\/www.youtube.com\/watch?v=KpIU_D9OWco\">acesse aqui<\/a><\/p>\r\n\r\n<p>&nbsp;<\/p>\r\n\r\n<p><b><img src=\"https:\/\/www.abint.org.br\/assets\/img\/editor\/capa-live-curso-instal-gm-2024-06082024_20240718120436gZ9wUtoB6Y.jpeg\" \/><\/b><\/p>\r\n\r\n<p>&nbsp;<\/p>\r\n\r\n<p>&nbsp;<\/p>\r\n\r\n<p>&nbsp;<\/p>\r\n\r\n<p>E nos dias 13 a 15 de agosto o CTG ABINT realizar&aacute; o Curso de Instala&ccedil;&atilde;o de Geomembranas.&nbsp;<a href=\"https:\/\/abrir.link\/qpYXB\">Acesse aqui para mais informa&ccedil;&otilde;es e inscri&ccedil;&otilde;es<\/a>.<\/p>\r\n\r\n<p>&nbsp;<\/p>\r\n\r\n<p><b><img src=\"https:\/\/www.abint.org.br\/assets\/img\/editor\/e-mail-mkt-curso-instal-gm-2024_20240718120456aWI5eANQaU.jpeg\" \/><\/b><\/p>\r\n\r\n<p>&nbsp;<\/p>\r\n\r\n<p><b><img src=\"https:\/\/www.abint.org.br\/assets\/img\/editor\/20240924-cobramseg-2024_20240718120541ztVNeqlLuA.png\" \/><\/b><\/p>\r\n\r\n<p><b>O CTG ABINT &eacute; um dos patrocinadores da 21&ordf; edi&ccedil;&atilde;o do Cobramseg &ndash; Congresso Brasileiro de Mec&acirc;nica dos Solos e Engenharia Geot&eacute;cnica.<\/b><\/p>\r\n\r\n<p>&ldquo;<i>Nos reunimos para celebrar a Mec&acirc;nica dos Solos e das Rochas, da GeoEngenharia! Academia, Ind&uacute;stria e &Oacute;rg&atilde;os Gestores unidos para expor seus avan&ccedil;os t&eacute;cnicos e cient&iacute;ficos. Um ambiente rico e diverso que nos permite debater solu&ccedil;&otilde;es e a&ccedil;&otilde;es de forma a fortalecer nossa comunidade geot&eacute;cnica, visando proporcionar um desenvolvimento mais sustent&aacute;vel e seguro para a nossa sociedade<\/i>.&rdquo; V&iacute;tor Pereira Faro, Presidente do COBRAMSEG 2024<\/p>\r\n\r\n<p><a href=\"http:\/\/www.cobramseg.com.br\/\">www.cobramseg.com.br<\/a><\/p>\r\n\r\n<p>&nbsp;<\/p>\r\n\r\n<p><b><img src=\"https:\/\/www.abint.org.br\/assets\/img\/editor\/fenasan-2024_202407181205570iB7KW1OZ4.jpg\" \/><\/b><\/p>\r\n\r\n<p>O&nbsp;<b>CTG ABINT apoia a Feira Nacional de Saneamento e Meio Ambiente &ndash; Fenasan e do 35&ordm; Encontro T&eacute;cnico AESabesp, que ocorrer&atilde;o de 22 a 24 de outubro de 2024<\/b>, no Pavilh&atilde;o Verde e Vermelho, no Expo Center Norte, em S&atilde;o Paulo. Trata-se do maior evento de saneamento da Am&eacute;rica Latin. A realiza&ccedil;&atilde;o &eacute; da AESabesp &ndash; Associa&ccedil;&atilde;o dos Engenheiros da Sabesp.<\/p>\r\n\r\n<p><i>O tema central desta edi&ccedil;&atilde;o &eacute; &ldquo;Saneamento ambiental: condi&ccedil;&atilde;o fundamental para o enfrentamento das mudan&ccedil;as clim&aacute;ticas&rdquo;. Com um p&uacute;blico tradicionalmente de 22 mil visitantes e alinhada aos ODS &ndash; Objetivos de Desenvolvimento Sustent&aacute;vel estabelecidos pela ONU e aos conceitos de ESG, a edi&ccedil;&atilde;o 2024 continuar&aacute; ampliando o di&aacute;logo em torno das quest&otilde;es de saneamento ambiental, meio ambiente e sustentabilidade e promovendo o compartilhamento de conhecimento altamente qualificado.<\/i><\/p>\r\n\r\n<p><a href=\"http:\/\/www.fenasan.com.br\/\">www.fenasan.com.br<\/a><\/p>\r\n\r\n<p>&nbsp;<\/p>\r\n\r\n<p><b><img src=\"https:\/\/www.abint.org.br\/assets\/img\/editor\/cth-logo-alta-jpg_2024071812065399MMBUXZze.jpg\" style=\"width: 300px; height: 68px;\" \/><\/b><\/p>\r\n\r\n<p><b><img src=\"https:\/\/www.abint.org.br\/assets\/img\/editor\/hospitalmed-2024-logo_20240718120628FoV3In8yB5.png\" style=\"width: 500px; height: 448px;\" \/><\/b><\/p>\r\n\r\n<p><b>O CTH ABINT &eacute; um dos patrocinadores da HospitalMed 2024.<\/b><\/p>\r\n\r\n<p>&ldquo;<i>A melhor e Mais Completa Feira de Sa&uacute;de do Norte\/Nordeste<\/i>&rdquo;, &eacute; uma realiza&ccedil;&atilde;o da HospitalMed Feiras &amp; Eventos e da Insight Feiras de Neg&oacute;cios.<\/p>\r\n\r\n<p><i>&ldquo;O&nbsp;<b>re&uacute;ne toda a cadeia produtiva do setor de sa&uacute;de das regi&otilde;es Norte\/Nordeste<\/b>. &Eacute; o grande encontro de fornecedores de Produtos, Equipamentos, Servi&ccedil;os, Tecnologia e Conte&uacute;do para Hospitais, Laborat&oacute;rios, Farm&aacute;cias, Cl&iacute;nicas, Consult&oacute;rios e Profissionais da Sa&uacute;de&rdquo;.<\/i><\/p>\r\n\r\n<p><a href=\"http:\/\/www.hospitalmed.com.br\/\">www.hospitalmed.com.br<\/a><\/p>\r\n\r\n<p style=\"text-align:justify\"><span style=\"font-size:28pt\"><span style=\"font-family:Cambria,serif\"><span style=\"letter-spacing:-0.5pt\"><b><span style=\"font-size:18.0pt\"><span calibri=\"\" style=\"font-family:\"><span style=\"font-variant:small-caps\">Not&iacute;cias das Associadas<\/span><\/span><\/span><\/b><\/span><\/span><\/span><\/p>\r\n\r\n<p style=\"text-align:justify\"><span style=\"font-size:11pt\"><span style=\"line-height:normal\"><span style=\"font-family:Calibri,sans-serif\"><a href=\"https:\/\/www.nonwovens-industry.com\/contents\/view_breaking-news\/2024-07-23\/freudenberg-opens-comfortemp-plant-in-vietnam\/15303\" style=\"color:blue; text-decoration:underline\"><span lang=\"EN-US\" style=\"font-size:14.0pt\">Freudenberg Opens comfortemp Plant in Vietnam<\/span><\/a><\/span><\/span><\/span><\/p>\r\n\r\n<p style=\"text-align:justify\">&nbsp;<\/p>\r\n\r\n<p style=\"text-align:justify\"><span style=\"font-size:11pt\"><span style=\"line-height:normal\"><span style=\"font-family:Calibri,sans-serif\"><b><span style=\"font-size:18.0pt\"><span style=\"font-variant:small-caps\">Eventos<\/span><\/span><\/b><\/span><\/span><\/span><\/p>\r\n\r\n<p style=\"text-align:justify\"><span style=\"font-size:11pt\"><span style=\"line-height:normal\"><span style=\"font-family:Calibri,sans-serif\"><a href=\"http:\/\/www.construnordeste.com.br\" style=\"color:blue; text-decoration:underline\"><b><span style=\"font-size:14.0pt\">Constru Nordeste<\/span><\/b><\/a><span style=\"font-size:14.0pt\">, 31 de julho a 02 de agosto de 2024, Centro de Conven&ccedil;&otilde;es Salvador, Bahia<\/span><\/span><\/span><\/span><\/p>\r\n\r\n<p style=\"text-align:justify\"><span style=\"font-size:11pt\"><span style=\"line-height:normal\"><span style=\"font-family:Calibri,sans-serif\"><a href=\"https:\/\/www.portaldaindustria.com.br\/cni\/eventos\/seminario-politicas-industriais-brasil-mundo\/?utm_source=comext&amp;utm_medium=email&amp;utm_campaign=eventos&amp;utm_content=id00177#msdynttrid=aKWX9w7bDAcQJjsEPwRcTH7ZjlOLgcrnvIVCamEU3W8\" style=\"color:blue; text-decoration:underline\"><b><span style=\"font-size:14.0pt\">CNI\/ MDIC\/ BNDES | Semin&aacute;rio sobre Pol&iacute;ticas Industriais no Brasil e no Mundo<\/span><\/b><\/a><span style=\"font-size:14.0pt\">, 06 de agosto de 2024, 09h00, na sede da CNI, em Bras&iacute;lia<\/span><\/span><\/span><\/span><\/p>\r\n\r\n<p style=\"text-align:justify\"><span style=\"font-size:11pt\"><span style=\"line-height:normal\"><span style=\"font-family:Calibri,sans-serif\"><a href=\"https:\/\/anahp.zoom.us\/webinar\/register\/WN_X4JGg2WxTneG3zaWAFEEoA?utm_campaign=anahp_ao_vivo_-_reforma_tributaria_o_que_muda_para_saude_0608&amp;utm_medium=email&amp;utm_source=RD+Station#\/registration\" style=\"color:blue; text-decoration:underline\"><b><span style=\"font-size:14.0pt\">Anahp ao Vivo | Reforma Tribut&aacute;ria: O que ainda pode mudar para o Setor de Sa&uacute;de<\/span><\/b><\/a><span style=\"font-size:14.0pt\">, 06 de agosto de 2024, 10h00, evento online<\/span><\/span><\/span><\/span><\/p>\r\n\r\n<p style=\"text-align:justify\"><span style=\"font-size:11pt\"><span style=\"line-height:normal\"><span style=\"font-family:Calibri,sans-serif\"><a href=\"https:\/\/abrava.tcsdigital.com.br\/DIGITAL\/inscricoes\/evento3.aspx?evento=001&amp;idativa=1\" style=\"color:blue; text-decoration:underline\"><b><span style=\"font-size:14.0pt\">Panorama Setorial ABRAVA MG &ndash; Vis&atilde;o Econ&ocirc;mica e de Futuro para o Setor AVACR<\/span><\/b><\/a><span style=\"font-size:14.0pt\">, 13 de agosto de 2024, 08h00 &agrave;s 17h00, evento gratuito e presencial, CREA-MG, Av. &Aacute;lvares Cabral, 1600, Santo Agostinho, 30170-917, Belo Horizonte, MG<\/span><\/span><\/span><\/span><\/p>\r\n\r\n<p style=\"text-align:justify\">&nbsp;<\/p>\r\n\r\n<p style=\"text-align:justify\"><img src=\"https:\/\/www.abint.org.br\/assets\/img\/editor\/abtt-academy-curso-compras-texteis-hospitalares_20240604135954xriEyS8abD.jpg\" style=\"width: 500px; height: 500px;\" \/><\/p>\r\n\r\n<p align=\"center\" style=\"text-align:center\"><span style=\"font-size:11pt\"><span style=\"line-height:normal\"><span style=\"font-family:Calibri,sans-serif\"><a href=\"https:\/\/docs.google.com\/forms\/d\/e\/1FAIpQLSeG7zdl8xZpguBFbIdqyMS61mxfjvFjKOQ3EUqnWgC1RUcAug\/viewform\" style=\"color:blue; text-decoration:underline\"><span style=\"font-size:14.0pt\">Informa&ccedil;&otilde;es e inscri&ccedil;&otilde;es<\/span><\/a><\/span><\/span><\/span><\/p>\r\n\r\n<p style=\"text-align:justify\">&nbsp;<\/p>\r\n\r\n<p style=\"text-align:justify\"><span style=\"font-size:11pt\"><span style=\"line-height:normal\"><span style=\"font-family:Calibri,sans-serif\"><a href=\"https:\/\/www.interplast.com.br\/\" style=\"color:blue; text-decoration:underline\"><b><span style=\"font-size:14.0pt\">Interplast - Feira do Pl&aacute;stico<\/span><\/b><\/a><span style=\"font-size:14.0pt\">, do Pol&iacute;mero ao Produto, 13 a 16 de agosto de 2024, 13hs &agrave;s 20hs, Expoville, Joinville, SC<\/span><\/span><\/span><\/span><\/p>\r\n\r\n<p style=\"text-align:justify\"><span style=\"font-size:11pt\"><span style=\"line-height:normal\"><span style=\"font-family:Calibri,sans-serif\"><a href=\"https:\/\/emailmarketing.locaweb.com.br\/accounts\/116830\/messages\/524?email=abint@abint.org.br&amp;c=1719495723&amp;contact_id=110&amp;envelope_id=403\" style=\"color:blue; text-decoration:underline\"><b><span style=\"font-size:14.0pt\">JEC Composites Talks Brasil<\/span><\/b><\/a><span style=\"font-size:14.0pt\">, 19 de agosto de 2024, S&atilde;o Paulo, SP<\/span><\/span><\/span><\/span><\/p>\r\n\r\n<p style=\"text-align:justify\"><span style=\"font-size:11pt\"><span style=\"line-height:normal\"><span style=\"font-family:Calibri,sans-serif\"><a href=\"https:\/\/app.rdstation.email\/mail\/d1246106-5887-4ae3-b115-63593ba00040?utm_campaign=emkt_workshop_-_gestao_de_produtos_quimicos&amp;utm_medium=email&amp;utm_source=RD+Station\" style=\"color:blue; text-decoration:underline\"><b><span style=\"font-size:14.0pt\">Workshop | Gest&atilde;o de Produtos Qu&iacute;micos<\/span><\/b><\/a><span style=\"font-size:14.0pt\">, 20 de agosto de 2024, das 10h &agrave;s 12h, evento online<\/span><\/span><\/span><\/span><\/p>\r\n\r\n<p style=\"text-align:justify\"><span style=\"font-size:11pt\"><span style=\"line-height:normal\"><span style=\"font-family:Calibri,sans-serif\"><a href=\"http:\/\/www.feiplar.com\" style=\"color:blue; text-decoration:underline\"><b><span style=\"font-size:14.0pt\">FEIPLAR COMPOSITES &amp; FEIPUR &ndash; Feira e Congresso Internacionais de Composites, Poliuretano, Pl&aacute;sticos de Engenharia e Compostos Termopl&aacute;sticos<\/span><\/b><\/a><span style=\"font-size:14.0pt\">, 20 a 22 de agosto de 2024, S&atilde;o Paulo Expo (Pavilh&atilde;o 5), palestras: das 8h30 &agrave;s 18h, feira: das 13h &agrave;s 20h<\/span><\/span><\/span><\/span><\/p>\r\n\r\n<p style=\"text-align:justify\"><span style=\"font-size:11pt\"><span style=\"line-height:normal\"><span style=\"font-family:Calibri,sans-serif\"><a href=\"http:\/\/www.techtextil-north-america.us.messefrankfurt.com\" style=\"color:blue; text-decoration:underline\"><b><span lang=\"EN-US\" style=\"font-size:14.0pt\">Techtextil North America 2024<\/span><\/b><\/a><span lang=\"EN-US\" style=\"font-size:14.0pt\">, August 20 &ndash; 24, Raleigh, North Carolina<\/span><\/span><\/span><\/span><\/p>\r\n\r\n<p style=\"text-align:justify\"><span style=\"font-size:11pt\"><span style=\"line-height:normal\"><span style=\"font-family:Calibri,sans-serif\"><a href=\"https:\/\/www.conceitoseminarios.com.br\/seminario\/6-forum-novo-marco-do-saneamento\/\" style=\"color:blue; text-decoration:underline\"><b><span style=\"font-size:14.0pt\">6&ordm; F&oacute;rum Novo Marco do Saneamento<\/span><\/b><\/a><span style=\"font-size:14.0pt\">, 29 de agosto de 2024, 08h30 &agrave;s 18h00, Hotel Meli&aacute; Jardim Europa, Rua Jo&atilde;o Cachoeira, 107, Itaim Bibi, S&atilde;o Paulo<\/span><\/span><\/span><\/span><\/p>\r\n\r\n<p style=\"text-align:justify\"><span style=\"font-size:11pt\"><span style=\"line-height:normal\"><span style=\"font-family:Calibri,sans-serif\"><a href=\"https:\/\/www.recy-plastech.com\/\" style=\"color:blue; text-decoration:underline\"><b><span style=\"font-size:14.0pt\">Recy-Plastech 2024 &ndash; Semin&aacute;rio Internacional de Sustentabilidade e Reciclagem de Pl&aacute;sticos<\/span><\/b><\/a><span style=\"font-size:14.0pt\">, 11 e 12 de setembro de 2024, Milenium Centro de Conven&ccedil;&otilde;es, Rua Dr. Bacelar, 1.043, Vila Clementino, S&atilde;o Paulo, SP<\/span><\/span><\/span><\/span><\/p>\r\n\r\n<p style=\"text-align:justify\"><span style=\"font-size:11pt\"><span style=\"line-height:normal\"><span style=\"font-family:Calibri,sans-serif\"><a href=\"https:\/\/cbplastico.com.br\/2024\/\" style=\"color:blue; text-decoration:underline\"><b><span style=\"font-size:14.0pt\">5&ordm; Congresso Brasileiro do Pl&aacute;stico<\/span><\/b><\/a><span style=\"font-size:14.0pt\">, 12 de setembro de 2024, evento h&iacute;brido, Casa Bisutti, Rua Casa do Ator, 577, Vila Ol&iacute;mpia, S&atilde;o Paulo, SP<\/span><\/span><\/span><\/span><\/p>\r\n\r\n<p style=\"text-align:justify\"><span style=\"font-size:11pt\"><span style=\"line-height:normal\"><span style=\"font-family:Calibri,sans-serif\"><a href=\"http:\/\/www.fenasan.com.br\" style=\"color:blue; text-decoration:underline\"><b><span style=\"font-size:14.0pt\">Fenasan 2024 &ndash; Feira Nacional de Saneamento e Meio Ambiente<\/span><\/b><\/a><span style=\"font-size:14.0pt\">, 22 a 24 de outubro de 2024, Pavilh&otilde;es Verde e Vermelho, Expo Center Norte, S&atilde;o Paulo SP<\/span><\/span><\/span><\/span><\/p>\r\n\r\n<p style=\"text-align:justify\"><span style=\"font-size:11pt\"><span style=\"line-height:normal\"><span style=\"font-family:Calibri,sans-serif\"><a href=\"http:\/\/www.hospitalmed.com.br\" style=\"color:blue; text-decoration:underline\"><b><span style=\"font-size:14.0pt\">HospitalMed 2024<\/span><\/b><\/a><span style=\"font-size:14.0pt\">, 23 a 25 de outubro, das 14h &agrave;s 20h, no Pernambuco Centro de Conven&ccedil;&otilde;es<\/span><\/span><\/span><\/span><\/p>\r\n\r\n<p style=\"text-align:justify\"><span style=\"font-size:11pt\"><span style=\"line-height:normal\"><span style=\"font-family:Calibri,sans-serif\"><a href=\"https:\/\/www.abnteducacao.com.br\/Simbologia_de_cuidados_aplicada_a_Etiquetagem_de_Texteis_ABNT_NBR_NM_ISO_3758\" style=\"color:blue; text-decoration:underline\"><b><span style=\"font-size:14.0pt\">Simbologia de cuidados aplicada a Etiquetagem de T&ecirc;xteis<\/span><\/b><\/a><span style=\"font-size:14.0pt\">, 23 e 24 de outubro de 2024, 8h30 &agrave;s 17h30, evento online<\/span><\/span><\/span><\/span><\/p>\r\n\r\n<p style=\"text-align:justify\"><span style=\"font-size:11pt\"><span style=\"line-height:normal\"><span style=\"font-family:Calibri,sans-serif\"><a href=\"https:\/\/b20brazil.org\/#msdynttrid=6zt-Ug2nJO0FDfhoU9K0en-twuGAoU5aPF8EQm7neRo\" style=\"color:blue; text-decoration:underline\"><b><span lang=\"EN-US\" style=\"font-size:14.0pt\">B20 Summit Brasil 2024 - Inclusive Growth for a Sustainable Future<\/span><\/b><\/a><span lang=\"EN-US\" style=\"font-size:14.0pt\">, October 24th - 25th, 2024, Clube Atl&eacute;tico Monte L&iacute;bano, S&atilde;o Paulo, SP<\/span><\/span><\/span><\/span><\/p>\r\n\r\n<p style=\"text-align:justify\"><span style=\"font-size:11pt\"><span style=\"line-height:normal\"><span style=\"font-family:Calibri,sans-serif\"><a href=\"http:\/\/www.congressoabit.com.br\" style=\"color:blue; text-decoration:underline\"><b><span style=\"font-size:14.0pt\">Congresso Internacional Abit 2024<\/span><\/b><\/a><span style=\"font-size:14.0pt\">, 30 e 31 de outubro, Salvador, Bahia<\/span><\/span><\/span><\/span><\/p>\r\n\r\n<p style=\"text-align:justify\"><span style=\"font-size:11pt\"><span style=\"line-height:normal\"><span style=\"font-family:Calibri,sans-serif\"><a href=\"https:\/\/www.fimec.com.br\/\" style=\"color:blue; text-decoration:underline\"><b><span style=\"font-size:14.0pt\">Fimec 2025<\/span><\/b><\/a><span style=\"font-size:14.0pt\">, 18 a 20 de mar&ccedil;o, Fenac, Novo Hamburgo, RS<\/span><\/span><\/span><\/span><\/p>\r\n\r\n<p style=\"text-align:justify\">&nbsp;<\/p>\r\n\r\n<p class=\"MsoTitle\" style=\"text-align:justify\"><span style=\"font-size:28pt\"><span style=\"font-family:Cambria,serif\"><span style=\"letter-spacing:-0.5pt\"><b><span style=\"font-size:18.0pt\"><span calibri=\"\" style=\"font-family:\"><span style=\"font-variant:small-caps\">Setor<\/span><\/span><\/span><\/b><\/span><\/span><\/span><\/p>\r\n\r\n<p style=\"text-align:justify\"><span style=\"font-size:11pt\"><span style=\"line-height:normal\"><span style=\"font-family:Calibri,sans-serif\"><a href=\"https:\/\/plasticosemrevista.com.br\/cresce-dependencia-brasileira-de-pvc-importado\/\" style=\"color:blue; text-decoration:underline\"><span style=\"font-size:14.0pt\">Cresce depend&ecirc;ncia brasileira de PVC importado<\/span><\/a><\/span><\/span><\/span><\/p>\r\n\r\n<p style=\"text-align:justify\"><span style=\"font-size:11pt\"><span style=\"line-height:normal\"><span style=\"font-family:Calibri,sans-serif\"><a href=\"https:\/\/plasticosemrevista.com.br\/resinas-commodities-brasil-importou-2-milhoes-de-toneladas-no-1-semestre\/c\" style=\"color:blue; text-decoration:underline\"><span style=\"font-size:14.0pt\">Resinas commodities: Brasil importou 2 milh&otilde;es de toneladas no 1&ordm; semestre<\/span><\/a><\/span><\/span><\/span><\/p>\r\n\r\n<p style=\"text-align:justify\"><span style=\"font-size:11pt\"><span style=\"line-height:normal\"><span style=\"font-family:Calibri,sans-serif\"><a href=\"https:\/\/phys.org\/news\/2024-07-faster-energy-efficient-industrially-important.html?utm_source=nwletter&amp;utm_medium=email&amp;utm_campaign=daily-nwletter\" style=\"color:blue; text-decoration:underline\"><span lang=\"EN-US\" style=\"font-size:14.0pt\">Researchers discover faster, more energy-efficient way to manufacture industrially important propylene<\/span><\/a><\/span><\/span><\/span><\/p>\r\n\r\n<p style=\"text-align:justify\"><span style=\"font-size:11pt\"><span style=\"line-height:normal\"><span style=\"font-family:Calibri,sans-serif\"><a href=\"https:\/\/www.textileworld.com\/textile-world\/2024\/07\/vdma-textile-machinery-association-members-position-statement-textile-machinery-for-a-sustainable-textile-industry\/\" style=\"color:blue; text-decoration:underline\"><span lang=\"EN-US\" style=\"font-size:14.0pt\">VDMA Textile Machinery Association Members Position Statement: Textile Machinery For A Sustainable Textile Industry<\/span><\/a><\/span><\/span><\/span><\/p>\r\n\r\n<p style=\"text-align:justify\"><span style=\"font-size:11pt\"><span style=\"line-height:normal\"><span style=\"font-family:Calibri,sans-serif\"><a href=\"https:\/\/www.nonwovens-industry.com\/contents\/view_breaking-news\/2024-07-24\/berry-and-glatfelter-unveil-brand-name-amid-proposed-merger\/15303\" style=\"color:blue; text-decoration:underline\"><span lang=\"EN-US\" style=\"font-size:14.0pt\">Berry and Glatfelter Unveil Brand Name Amid Proposed Merger<\/span><\/a><\/span><\/span><\/span><\/p>\r\n\r\n<p style=\"text-align:justify\"><span style=\"font-size:11pt\"><span style=\"line-height:normal\"><span style=\"font-family:Calibri,sans-serif\"><a href=\"https:\/\/www.thebusinessdesk.com\/south-west\/news\/15148-leading-industry-light-joins-fabric-tech-firm\" style=\"color:blue; text-decoration:underline\"><span lang=\"EN-US\" style=\"font-size:14.0pt\">Leading industry light joins fabric-tech firm<\/span><\/a><\/span><\/span><\/span><\/p>\r\n\r\n<p style=\"text-align:justify\"><span style=\"font-size:11pt\"><span style=\"line-height:normal\"><span style=\"font-family:Calibri,sans-serif\"><a href=\"https:\/\/www.nonwovens-industry.com\/contents\/view_breaking-news\/2024-07-23\/kimberly-clark-announces-q2-results-155629\/15303\" style=\"color:blue; text-decoration:underline\"><span style=\"font-size:14.0pt\">Kimberly-Clark Announces Q2 Results<\/span><\/a><\/span><\/span><\/span><\/p>\r\n\r\n<p style=\"text-align:justify\"><span style=\"font-size:11pt\"><span style=\"line-height:normal\"><span style=\"font-family:Calibri,sans-serif\"><a href=\"https:\/\/www.trbn.com.br\/materia\/I111123\/braskem-fecha-parceria-com-empresa-suica-para-a-venda-de-polipropileno-circular\" style=\"color:blue; text-decoration:underline\"><span style=\"font-size:14.0pt\">Braskem fecha parceria com empresa su&iacute;&ccedil;a para a venda de polipropileno circular<\/span><\/a><\/span><\/span><\/span><\/p>\r\n\r\n<p style=\"text-align:justify\"><span style=\"font-size:28pt\"><span style=\"font-family:Cambria,serif\"><span style=\"letter-spacing:-0.5pt\"><b><span style=\"font-size:18.0pt\"><span calibri=\"\" style=\"font-family:\"><span style=\"font-variant:small-caps\">Ind&uacute;stria<\/span><\/span><\/span><\/b><\/span><\/span><\/span><\/p>\r\n\r\n<p style=\"text-align:justify\"><span style=\"font-size:11pt\"><span style=\"line-height:normal\"><span style=\"font-family:Calibri,sans-serif\"><a href=\"https:\/\/noticias.portaldaindustria.com.br\/noticias\/economia\/custo-regulatorio-consome-r-2437-bilhoes-da-industria-por-ano-calcula-cni\/\" style=\"color:blue; text-decoration:underline\"><span style=\"font-size:14.0pt\">Custo regulat&oacute;rio consome R$ 243,7 bilh&otilde;es da ind&uacute;stria por ano, calcula CNI<\/span><\/a><\/span><\/span><\/span><\/p>\r\n\r\n<p style=\"text-align:justify\"><span style=\"font-size:11pt\"><span style=\"line-height:normal\"><span style=\"font-family:Calibri,sans-serif\"><a href=\"https:\/\/portalibre.fgv.br\/system\/files\/divulgacao\/noticias\/mat-complementar\/2024-07\/Sondagem%20da%20Industria%20FGV_press%20release_Jul24.pdf\" style=\"color:blue; text-decoration:underline\"><span style=\"font-size:14.0pt\">Confian&ccedil;a da Ind&uacute;stria sobe 3,3 pontos em julho<\/span><\/a><\/span><\/span><\/span><\/p>\r\n\r\n<p style=\"text-align:justify\"><span style=\"font-size:11pt\"><span style=\"line-height:normal\"><span style=\"font-family:Calibri,sans-serif\"><a href=\"https:\/\/ibre.fgv.br\/blog-da-conjuntura-economica\/artigos\/sondagem-da-construcao-de-julho-reforca-preocupacao-dos\" style=\"color:blue; text-decoration:underline\"><span style=\"font-size:14.0pt\">Sondagem da Constru&ccedil;&atilde;o de julho refor&ccedil;a preocupa&ccedil;&atilde;o dos empres&aacute;rios com custos de m&atilde;o de obra<\/span><\/a><\/span><\/span><\/span><\/p>\r\n\r\n<p style=\"text-align:justify\"><span style=\"font-size:11pt\"><span style=\"line-height:normal\"><span style=\"font-family:Calibri,sans-serif\"><a href=\"https:\/\/novovarejoautomotivo.com.br\/visita-monitorada-da-abrafiltros-apresenta-processos-para-reciclagem-de-filtros-automotivos\/\" style=\"color:blue; text-decoration:underline\"><span style=\"font-size:14.0pt\">Visita Monitorada da Abrafiltros apresenta processos para reciclagem de filtros automotivos<\/span><\/a><\/span><\/span><\/span><\/p>\r\n\r\n<p style=\"text-align:justify\"><span style=\"font-size:11pt\"><span style=\"line-height:normal\"><span style=\"font-family:Calibri,sans-serif\"><a href=\"https:\/\/emobile.com.br\/site\/industria\/exportacoes-de-moveis-e-colchoes-crescem-151-em-maio\/\" style=\"color:blue; text-decoration:underline\"><span style=\"font-size:14.0pt\">Exporta&ccedil;&otilde;es de m&oacute;veis e colch&otilde;es crescem 15,1% em maio<\/span><\/a><\/span><\/span><\/span><\/p>\r\n\r\n<p style=\"text-align:justify\"><span style=\"font-size:28pt\"><span style=\"font-family:Cambria,serif\"><span style=\"letter-spacing:-0.5pt\"><b><span style=\"font-size:18.0pt\"><span calibri=\"\" style=\"font-family:\"><span style=\"font-variant:small-caps\">Sustentabilidade<\/span><\/span><\/span><\/b><\/span><\/span><\/span><\/p>\r\n\r\n<p style=\"text-align:justify\"><span style=\"font-size:11pt\"><span style=\"line-height:normal\"><span style=\"font-family:Calibri,sans-serif\"><a href=\"https:\/\/agenciabrasil.ebc.com.br\/geral\/noticia\/2024-07\/nova-plataforma-brasileira-permite-rastrear-reutilizacao-de-plastico\" style=\"color:blue; text-decoration:underline\"><span style=\"font-size:14.0pt\">Recircula Brasil - nova plataforma brasileira permite rastrear a reutiliza&ccedil;&atilde;o de pl&aacute;stico<\/span><\/a><\/span><\/span><\/span><\/p>\r\n\r\n<p style=\"text-align:justify\"><span style=\"font-size:11pt\"><span style=\"line-height:normal\"><span style=\"font-family:Calibri,sans-serif\"><a href=\"https:\/\/esbrasil.com.br\/1-milhao-de-garrafas-pet-retiradas-por-mes-do-meio-ambiente\/\" style=\"color:blue; text-decoration:underline\"><span style=\"font-size:14.0pt\">1 milh&atilde;o de garrafas PET retiradas por m&ecirc;s do meio ambiente<\/span><\/a><\/span><\/span><\/span><\/p>\r\n\r\n<p style=\"text-align:justify\"><span style=\"font-size:11pt\"><span style=\"line-height:normal\"><span style=\"font-family:Calibri,sans-serif\"><a href=\"https:\/\/plasticosemrevista.com.br\/shell-admite-frustracao-com-reciclagem-quimica\/\" style=\"color:blue; text-decoration:underline\"><span style=\"font-size:14.0pt\">Shell admite frustra&ccedil;&atilde;o com reciclagem qu&iacute;mica<\/span><\/a><\/span><\/span><\/span><\/p>\r\n\r\n<p style=\"text-align:justify\"><span style=\"font-size:11pt\"><span style=\"line-height:normal\"><span style=\"font-family:Calibri,sans-serif\"><a href=\"https:\/\/apexbrasil.com.br\/br\/pt\/conteudo\/noticias\/conheca-o-relatorio-esg-2023-da-apexbrasil-.html#msdynttrid=U51PNbbmqF_zC2UkiCGrmhe7xU320_SGxFOxHJgHsxg\" style=\"color:blue; text-decoration:underline\"><span style=\"font-size:14.0pt\">Conhe&ccedil;a o Relat&oacute;rio ESG 2023 da ApexBrasil<\/span><\/a><\/span><\/span><\/span><\/p>\r\n\r\n<p style=\"text-align:justify\"><span style=\"font-size:11pt\"><span style=\"line-height:normal\"><span style=\"font-family:Calibri,sans-serif\"><a href=\"https:\/\/www.febratexsummit.com.br\/sustentabilidade-na-industria-textil-como-o-senai-atua\/?utm_campaign=febratex_news_300724&amp;utm_medium=email&amp;utm_source=RD+Station\" style=\"color:blue; text-decoration:underline\"><span style=\"font-size:14.0pt\">Sustentabilidade na ind&uacute;stria t&ecirc;xtil: como o SENAI atua?<\/span><\/a><\/span><\/span><\/span><\/p>\r\n\r\n<p style=\"text-align:justify\"><span style=\"font-size:28pt\"><span style=\"font-family:Cambria,serif\"><span style=\"letter-spacing:-0.5pt\"><b><span style=\"font-size:18.0pt\"><span calibri=\"\" style=\"font-family:\"><span style=\"font-variant:small-caps\">Inova&ccedil;&atilde;o<\/span><\/span><\/span><\/b><\/span><\/span><\/span><\/p>\r\n\r\n<p style=\"text-align:justify\"><span style=\"font-size:11pt\"><span style=\"line-height:normal\"><span style=\"font-family:Calibri,sans-serif\"><a href=\"https:\/\/www.inovacaotecnologica.com.br\/noticias\/noticia.php?artigo=tecidos-inteligentes-basta-costura-seja-esperta&amp;id=010110240722\" style=\"color:blue; text-decoration:underline\"><span style=\"font-size:14.0pt\">Tecidos inteligentes? Basta que a costura seja esperta<\/span><\/a><\/span><\/span><\/span><\/p>\r\n\r\n<p style=\"text-align:justify\"><span style=\"font-size:11pt\"><span style=\"line-height:normal\"><span style=\"font-family:Calibri,sans-serif\"><a href=\"https:\/\/www.inovacaotecnologica.com.br\/noticias\/noticia.php?artigo=tecido-ativo-inspirado-tatus-macio-ou-virar-escudo&amp;id=010180240725&amp;ebol=sim\" style=\"color:blue; text-decoration:underline\"><span style=\"font-size:14.0pt\">Tecido ativo inspirado nos tatus pode ser macio ou virar um escudo<\/span><\/a><\/span><\/span><\/span><\/p>\r\n\r\n<p style=\"text-align:justify\"><span style=\"font-size:11pt\"><span style=\"line-height:normal\"><span style=\"font-family:Calibri,sans-serif\"><a href=\"https:\/\/techxplore.com\/news\/2024-07-lightweight-neural-network-enables-realistic.html?utm_source=nwletter&amp;utm_medium=email&amp;utm_campaign=daily-nwletter\" style=\"color:blue; text-decoration:underline\"><span lang=\"EN-US\" style=\"font-size:14.0pt\">Lightweight neural network enables realistic rendering of woven fabrics in real-time<\/span><\/a><\/span><\/span><\/span><\/p>\r\n\r\n<p style=\"text-align:justify\"><span style=\"font-size:28pt\"><span style=\"font-family:Cambria,serif\"><span style=\"letter-spacing:-0.5pt\"><b><span style=\"font-size:18.0pt\"><span calibri=\"\" style=\"font-family:\"><span style=\"font-variant:small-caps\">Com&eacute;rcio Exterior<\/span><\/span><\/span><\/b><\/span><\/span><\/span><\/p>\r\n\r\n<p style=\"text-align:justify\"><span style=\"font-size:11pt\"><span style=\"line-height:normal\"><span style=\"font-family:Calibri,sans-serif\"><a href=\"https:\/\/comexdobrasil.com\/emirados-arabes-unidos-defendem-conclusao-do-acordo-comercial-com-o-mercosul\/\" style=\"color:blue; text-decoration:underline\"><span style=\"font-size:14.0pt\">Emirados &Aacute;rabes Unidos defendem conclus&atilde;o do acordo comercial com o Mercosul<\/span><\/a><\/span><\/span><\/span><\/p>\r\n\r\n<p style=\"text-align:justify\"><span style=\"font-size:11pt\"><span style=\"line-height:normal\"><span style=\"font-family:Calibri,sans-serif\"><a href=\"https:\/\/s7831774.sendpul.se\/sl\/MTk0MTM3MzE=\/e37473d9225b83546bfbdfdf2c8a48a4adb03s6\" style=\"color:blue; text-decoration:underline\"><span style=\"font-size:14.0pt\">Progresso e perspectiva favor&aacute;vel nas negocia&ccedil;&otilde;es entre o MERCOSUL e os Emirados &Aacute;rabes Unidos<\/span><\/a><\/span><\/span><\/span><\/p>\r\n\r\n<p style=\"text-align:justify\"><span style=\"font-size:11pt\"><span style=\"line-height:normal\"><span style=\"font-family:Calibri,sans-serif\"><a href=\"https:\/\/www.eiu.com\/n\/argentinas-new-investment-promotion-regime-key-points\/?utm_source=mkt-newsletter&amp;utm_medium=email&amp;utm_campaign=foce&amp;utm_content=26-jul-2024&amp;utm_term=read-more&amp;mkt_tok=NzUzLVJJUS00MzgAAAGUjoe9Dqka0xBGK7w5SCgBgrAkRQ5HxikwmL27rUm13-nTnASJGiW4ngkRYNEpxd5M172hekWrv-RMGimFbdDLxuYIviLDUxkbwORMYVOVFXa7LI0\" style=\"color:blue; text-decoration:underline\"><span lang=\"EN-US\" style=\"font-size:14.0pt\">Argentina&rsquo;s new investment promotion regime: key points<\/span><\/a><\/span><\/span><\/span><\/p>\r\n\r\n<p style=\"text-align:justify\"><span style=\"font-size:11pt\"><span style=\"line-height:normal\"><span style=\"font-family:Calibri,sans-serif\"><a href=\"https:\/\/www.mercosur.int\/pt-br\/xii-forum-empresarial-mercosul-destaca-a-importancia-da-integracao-produtiva-da-regiao\/\" style=\"color:blue; text-decoration:underline\"><span style=\"font-size:14.0pt\">XII F&oacute;rum Empresarial do MERCOSUL destaca a import&acirc;ncia da integra&ccedil;&atilde;o produtiva da regi&atilde;o<\/span><\/a><\/span><\/span><\/span><\/p>\r\n\r\n<p style=\"text-align:justify\"><span style=\"font-size:11pt\"><span style=\"line-height:normal\"><span style=\"font-family:Calibri,sans-serif\"><a href=\"https:\/\/www.iadb.org\/pt-br\/noticias\/comercio-entre-coreia-do-sul-e-america-latina-e-caribe-registra-niveis-recordes?utm_source=Email&amp;utm_medium=News&amp;utm_campaign=Com%C3%A9rcio%20entre%20Coreia%20do%20Sul%20e%20Am%C3%A9rica%20Latina%20e%20Caribe%20registra%20n%C3%ADveis%20recordes&amp;utm_term=News\" style=\"color:blue; text-decoration:underline\"><span style=\"font-size:14.0pt\">Com&eacute;rcio entre Coreia do Sul e Am&eacute;rica Latina e Caribe registra n&iacute;veis recordes<\/span><\/a><\/span><\/span><\/span><\/p>\r\n\r\n<p style=\"text-align:justify\"><span style=\"font-size:11pt\"><span style=\"line-height:normal\"><span style=\"font-family:Calibri,sans-serif\"><a href=\"https:\/\/indiantextilejournal.com\/imports-of-fabrics-from-countries-like-china-is-expected-to-rise-further\/\" style=\"color:blue; text-decoration:underline\"><span lang=\"EN-US\" style=\"font-size:14.0pt\">Imports of fabrics from countries like China is expected to rise further<\/span><\/a><\/span><\/span><\/span><\/p>\r\n\r\n<p style=\"text-align:justify\"><span style=\"font-size:11pt\"><span style=\"line-height:normal\"><span style=\"font-family:Calibri,sans-serif\"><a href=\"https:\/\/www.jornaldocomercio.com\/economia\/2024\/07\/1163904-balanca-comercial-registra-superavit-de-uss-1554-bilhao-na-3-semana-de-julho.html\" style=\"color:blue; text-decoration:underline\"><span style=\"font-size:14.0pt\">Balan&ccedil;a comercial registra super&aacute;vit de US$ 1,554 bilh&atilde;o na 3&ordf; semana de julho<\/span><\/a><\/span><\/span><\/span><\/p>\r\n\r\n<p style=\"text-align:justify\"><span style=\"font-size:28pt\"><span style=\"font-family:Cambria,serif\"><span style=\"letter-spacing:-0.5pt\"><b><span style=\"font-size:18.0pt\"><span calibri=\"\" style=\"font-family:\"><span style=\"font-variant:small-caps\">Economia<\/span><\/span><\/span><\/b><\/span><\/span><\/span><\/p>\r\n\r\n<p style=\"text-align:justify\"><span style=\"font-size:11pt\"><span style=\"line-height:normal\"><span style=\"font-family:Calibri,sans-serif\"><a href=\"https:\/\/www.bcb.gov.br\/content\/focus\/focus\/R20240726.pdf\" style=\"color:blue; text-decoration:underline\"><span style=\"font-size:14.0pt\">Focus - Relat&oacute;rio de Mercado<\/span><\/a><\/span><\/span><\/span><\/p>\r\n\r\n<p style=\"text-align:justify\"><span style=\"font-size:11pt\"><span style=\"line-height:normal\"><span style=\"font-family:Calibri,sans-serif\"><a href=\"https:\/\/ibre.fgv.br\/blog-da-conjuntura-economica\/artigos\/em-foco-157\" style=\"color:blue; text-decoration:underline\"><span style=\"font-size:14.0pt\">Os juros podem voltar a subir?<\/span><\/a><\/span><\/span><\/span><\/p>\r\n\r\n<p style=\"text-align:justify\">&nbsp;<\/p>\r\n\r\n<p style=\"text-align:justify\"><img src=\"https:\/\/www.abint.org.br\/assets\/img\/editor\/redes-sociais-abint-ctg-cth_202406041400398QFSSawN2a.jpg\" \/><\/p>\r\n","6":"<p style=\"text-align:justify\"><span style=\"font-size:11pt\"><span style=\"line-height:normal\"><span style=\"font-family:Calibri,sans-serif\"><span style=\"font-size:14.0pt\">Esta &eacute; uma compila&ccedil;&atilde;o das not&iacute;cias mais relevantes para o setor, incluindo informa&ccedil;&otilde;es sobre acordos internacionais, economia brasileira, sustentabilidade e mat&eacute;rias primas, al&eacute;m de novidades do setor de N&atilde;otecidos e Tecidos T&eacute;cnicos.<\/span><\/span><\/span><\/span><\/p>\r\n\r\n<p style=\"text-align:justify\"><span style=\"font-size:28pt\"><span style=\"font-family:Cambria,serif\"><span style=\"letter-spacing:-0.5pt\"><b><span style=\"font-size:18.0pt\"><span calibri=\"\" style=\"font-family:\"><span style=\"font-variant:small-caps\">O que vem por a&iacute;<\/span><\/span><\/span><\/b><\/span><\/span><\/span><\/p>\r\n\r\n<p style=\"text-align:justify\">&nbsp;<\/p>\r\n\r\n<p><b><img src=\"https:\/\/www.abint.org.br\/assets\/img\/editor\/logo-ctg-abint-png_20240718120356AYjq6yKWjI.png\" style=\"width: 300px; height: 55px;\" \/><\/b><\/p>\r\n\r\n<p>No dia 06 de agosto, O CTG ABINT realizar&aacute; um webinar sobre os problemas originados pela baixa qualidade nos processos de instala&ccedil;&atilde;o de geomembranas. O webinar contar&aacute; com a presen&ccedil;a dos instrutores do pr&oacute;ximo Curso Brasileiro de Instala&ccedil;&atilde;o de Geomembranas &ldquo;Paulo Kenji A&ccedil;akura&rdquo; 2024, que ser&aacute; realizado de 13 a 16 de agosto. Para acompanhar o Webinar,&nbsp;<a href=\"https:\/\/www.youtube.com\/watch?v=KpIU_D9OWco\">acesse aqui<\/a><\/p>\r\n\r\n<p>&nbsp;<\/p>\r\n\r\n<p><b><img src=\"https:\/\/www.abint.org.br\/assets\/img\/editor\/capa-live-curso-instal-gm-2024-06082024_20240718120436gZ9wUtoB6Y.jpeg\" \/><\/b><\/p>\r\n\r\n<p>&nbsp;<\/p>\r\n\r\n<p>&nbsp;<\/p>\r\n\r\n<p>&nbsp;<\/p>\r\n\r\n<p>E nos dias 13 a 15 de agosto o CTG ABINT realizar&aacute; o Curso de Instala&ccedil;&atilde;o de Geomembranas.&nbsp;<a href=\"https:\/\/abrir.link\/qpYXB\">Acesse aqui para mais informa&ccedil;&otilde;es e inscri&ccedil;&otilde;es<\/a>.<\/p>\r\n\r\n<p>&nbsp;<\/p>\r\n\r\n<p><b><img src=\"https:\/\/www.abint.org.br\/assets\/img\/editor\/e-mail-mkt-curso-instal-gm-2024_20240718120456aWI5eANQaU.jpeg\" \/><\/b><\/p>\r\n\r\n<p>&nbsp;<\/p>\r\n\r\n<p><b><img src=\"https:\/\/www.abint.org.br\/assets\/img\/editor\/20240924-cobramseg-2024_20240718120541ztVNeqlLuA.png\" \/><\/b><\/p>\r\n\r\n<p><b>O CTG ABINT &eacute; um dos patrocinadores da 21&ordf; edi&ccedil;&atilde;o do Cobramseg &ndash; Congresso Brasileiro de Mec&acirc;nica dos Solos e Engenharia Geot&eacute;cnica.<\/b><\/p>\r\n\r\n<p>&ldquo;<i>Nos reunimos para celebrar a Mec&acirc;nica dos Solos e das Rochas, da GeoEngenharia! Academia, Ind&uacute;stria e &Oacute;rg&atilde;os Gestores unidos para expor seus avan&ccedil;os t&eacute;cnicos e cient&iacute;ficos. Um ambiente rico e diverso que nos permite debater solu&ccedil;&otilde;es e a&ccedil;&otilde;es de forma a fortalecer nossa comunidade geot&eacute;cnica, visando proporcionar um desenvolvimento mais sustent&aacute;vel e seguro para a nossa sociedade<\/i>.&rdquo; V&iacute;tor Pereira Faro, Presidente do COBRAMSEG 2024<\/p>\r\n\r\n<p><a href=\"http:\/\/www.cobramseg.com.br\/\">www.cobramseg.com.br<\/a><\/p>\r\n\r\n<p>&nbsp;<\/p>\r\n\r\n<p><b><img src=\"https:\/\/www.abint.org.br\/assets\/img\/editor\/fenasan-2024_202407181205570iB7KW1OZ4.jpg\" \/><\/b><\/p>\r\n\r\n<p>O&nbsp;<b>CTG ABINT apoia a Feira Nacional de Saneamento e Meio Ambiente &ndash; Fenasan e do 35&ordm; Encontro T&eacute;cnico AESabesp, que ocorrer&atilde;o de 22 a 24 de outubro de 2024<\/b>, no Pavilh&atilde;o Verde e Vermelho, no Expo Center Norte, em S&atilde;o Paulo. Trata-se do maior evento de saneamento da Am&eacute;rica Latin. A realiza&ccedil;&atilde;o &eacute; da AESabesp &ndash; Associa&ccedil;&atilde;o dos Engenheiros da Sabesp.<\/p>\r\n\r\n<p><i>O tema central desta edi&ccedil;&atilde;o &eacute; &ldquo;Saneamento ambiental: condi&ccedil;&atilde;o fundamental para o enfrentamento das mudan&ccedil;as clim&aacute;ticas&rdquo;. Com um p&uacute;blico tradicionalmente de 22 mil visitantes e alinhada aos ODS &ndash; Objetivos de Desenvolvimento Sustent&aacute;vel estabelecidos pela ONU e aos conceitos de ESG, a edi&ccedil;&atilde;o 2024 continuar&aacute; ampliando o di&aacute;logo em torno das quest&otilde;es de saneamento ambiental, meio ambiente e sustentabilidade e promovendo o compartilhamento de conhecimento altamente qualificado.<\/i><\/p>\r\n\r\n<p><a href=\"http:\/\/www.fenasan.com.br\/\">www.fenasan.com.br<\/a><\/p>\r\n\r\n<p>&nbsp;<\/p>\r\n\r\n<p><b><img src=\"https:\/\/www.abint.org.br\/assets\/img\/editor\/cth-logo-alta-jpg_2024071812065399MMBUXZze.jpg\" style=\"width: 300px; height: 68px;\" \/><\/b><\/p>\r\n\r\n<p><b><img src=\"https:\/\/www.abint.org.br\/assets\/img\/editor\/hospitalmed-2024-logo_20240718120628FoV3In8yB5.png\" style=\"width: 500px; height: 448px;\" \/><\/b><\/p>\r\n\r\n<p><b>O CTH ABINT &eacute; um dos patrocinadores da HospitalMed 2024.<\/b><\/p>\r\n\r\n<p>&ldquo;<i>A melhor e Mais Completa Feira de Sa&uacute;de do Norte\/Nordeste<\/i>&rdquo;, &eacute; uma realiza&ccedil;&atilde;o da HospitalMed Feiras &amp; Eventos e da Insight Feiras de Neg&oacute;cios.<\/p>\r\n\r\n<p><i>&ldquo;O&nbsp;<b>re&uacute;ne toda a cadeia produtiva do setor de sa&uacute;de das regi&otilde;es Norte\/Nordeste<\/b>. &Eacute; o grande encontro de fornecedores de Produtos, Equipamentos, Servi&ccedil;os, Tecnologia e Conte&uacute;do para Hospitais, Laborat&oacute;rios, Farm&aacute;cias, Cl&iacute;nicas, Consult&oacute;rios e Profissionais da Sa&uacute;de&rdquo;.<\/i><\/p>\r\n\r\n<p><a href=\"http:\/\/www.hospitalmed.com.br\/\">www.hospitalmed.com.br<\/a><\/p>\r\n\r\n<p style=\"text-align:justify\"><span style=\"font-size:28pt\"><span style=\"font-family:Cambria,serif\"><span style=\"letter-spacing:-0.5pt\"><b><span style=\"font-size:18.0pt\"><span calibri=\"\" style=\"font-family:\"><span style=\"font-variant:small-caps\">Not&iacute;cias das Associadas<\/span><\/span><\/span><\/b><\/span><\/span><\/span><\/p>\r\n\r\n<p style=\"text-align:justify\"><span style=\"font-size:11pt\"><span style=\"line-height:normal\"><span style=\"font-family:Calibri,sans-serif\"><a href=\"https:\/\/www.nonwovens-industry.com\/contents\/view_breaking-news\/2024-07-23\/freudenberg-opens-comfortemp-plant-in-vietnam\/15303\" style=\"color:blue; text-decoration:underline\"><span lang=\"EN-US\" style=\"font-size:14.0pt\">Freudenberg Opens comfortemp Plant in Vietnam<\/span><\/a><\/span><\/span><\/span><\/p>\r\n\r\n<p style=\"text-align:justify\">&nbsp;<\/p>\r\n\r\n<p style=\"text-align:justify\"><span style=\"font-size:11pt\"><span style=\"line-height:normal\"><span style=\"font-family:Calibri,sans-serif\"><b><span style=\"font-size:18.0pt\"><span style=\"font-variant:small-caps\">Eventos<\/span><\/span><\/b><\/span><\/span><\/span><\/p>\r\n\r\n<p style=\"text-align:justify\"><span style=\"font-size:11pt\"><span style=\"line-height:normal\"><span style=\"font-family:Calibri,sans-serif\"><a href=\"http:\/\/www.construnordeste.com.br\" style=\"color:blue; text-decoration:underline\"><b><span style=\"font-size:14.0pt\">Constru Nordeste<\/span><\/b><\/a><span style=\"font-size:14.0pt\">, 31 de julho a 02 de agosto de 2024, Centro de Conven&ccedil;&otilde;es Salvador, Bahia<\/span><\/span><\/span><\/span><\/p>\r\n\r\n<p style=\"text-align:justify\"><span style=\"font-size:11pt\"><span style=\"line-height:normal\"><span style=\"font-family:Calibri,sans-serif\"><a href=\"https:\/\/www.portaldaindustria.com.br\/cni\/eventos\/seminario-politicas-industriais-brasil-mundo\/?utm_source=comext&amp;utm_medium=email&amp;utm_campaign=eventos&amp;utm_content=id00177#msdynttrid=aKWX9w7bDAcQJjsEPwRcTH7ZjlOLgcrnvIVCamEU3W8\" style=\"color:blue; text-decoration:underline\"><b><span style=\"font-size:14.0pt\">CNI\/ MDIC\/ BNDES | Semin&aacute;rio sobre Pol&iacute;ticas Industriais no Brasil e no Mundo<\/span><\/b><\/a><span style=\"font-size:14.0pt\">, 06 de agosto de 2024, 09h00, na sede da CNI, em Bras&iacute;lia<\/span><\/span><\/span><\/span><\/p>\r\n\r\n<p style=\"text-align:justify\"><span style=\"font-size:11pt\"><span style=\"line-height:normal\"><span style=\"font-family:Calibri,sans-serif\"><a href=\"https:\/\/anahp.zoom.us\/webinar\/register\/WN_X4JGg2WxTneG3zaWAFEEoA?utm_campaign=anahp_ao_vivo_-_reforma_tributaria_o_que_muda_para_saude_0608&amp;utm_medium=email&amp;utm_source=RD+Station#\/registration\" style=\"color:blue; text-decoration:underline\"><b><span style=\"font-size:14.0pt\">Anahp ao Vivo | Reforma Tribut&aacute;ria: O que ainda pode mudar para o Setor de Sa&uacute;de<\/span><\/b><\/a><span style=\"font-size:14.0pt\">, 06 de agosto de 2024, 10h00, evento online<\/span><\/span><\/span><\/span><\/p>\r\n\r\n<p style=\"text-align:justify\"><span style=\"font-size:11pt\"><span style=\"line-height:normal\"><span style=\"font-family:Calibri,sans-serif\"><a href=\"https:\/\/abrava.tcsdigital.com.br\/DIGITAL\/inscricoes\/evento3.aspx?evento=001&amp;idativa=1\" style=\"color:blue; text-decoration:underline\"><b><span style=\"font-size:14.0pt\">Panorama Setorial ABRAVA MG &ndash; Vis&atilde;o Econ&ocirc;mica e de Futuro para o Setor AVACR<\/span><\/b><\/a><span style=\"font-size:14.0pt\">, 13 de agosto de 2024, 08h00 &agrave;s 17h00, evento gratuito e presencial, CREA-MG, Av. &Aacute;lvares Cabral, 1600, Santo Agostinho, 30170-917, Belo Horizonte, MG<\/span><\/span><\/span><\/span><\/p>\r\n\r\n<p style=\"text-align:justify\">&nbsp;<\/p>\r\n\r\n<p style=\"text-align:justify\"><img src=\"https:\/\/www.abint.org.br\/assets\/img\/editor\/abtt-academy-curso-compras-texteis-hospitalares_20240604135954xriEyS8abD.jpg\" style=\"width: 500px; height: 500px;\" \/><\/p>\r\n\r\n<p align=\"center\" style=\"text-align:center\"><span style=\"font-size:11pt\"><span style=\"line-height:normal\"><span style=\"font-family:Calibri,sans-serif\"><a href=\"https:\/\/docs.google.com\/forms\/d\/e\/1FAIpQLSeG7zdl8xZpguBFbIdqyMS61mxfjvFjKOQ3EUqnWgC1RUcAug\/viewform\" style=\"color:blue; text-decoration:underline\"><span style=\"font-size:14.0pt\">Informa&ccedil;&otilde;es e inscri&ccedil;&otilde;es<\/span><\/a><\/span><\/span><\/span><\/p>\r\n\r\n<p style=\"text-align:justify\">&nbsp;<\/p>\r\n\r\n<p style=\"text-align:justify\"><span style=\"font-size:11pt\"><span style=\"line-height:normal\"><span style=\"font-family:Calibri,sans-serif\"><a href=\"https:\/\/www.interplast.com.br\/\" style=\"color:blue; text-decoration:underline\"><b><span style=\"font-size:14.0pt\">Interplast - Feira do Pl&aacute;stico<\/span><\/b><\/a><span style=\"font-size:14.0pt\">, do Pol&iacute;mero ao Produto, 13 a 16 de agosto de 2024, 13hs &agrave;s 20hs, Expoville, Joinville, SC<\/span><\/span><\/span><\/span><\/p>\r\n\r\n<p style=\"text-align:justify\"><span style=\"font-size:11pt\"><span style=\"line-height:normal\"><span style=\"font-family:Calibri,sans-serif\"><a href=\"https:\/\/emailmarketing.locaweb.com.br\/accounts\/116830\/messages\/524?email=abint@abint.org.br&amp;c=1719495723&amp;contact_id=110&amp;envelope_id=403\" style=\"color:blue; text-decoration:underline\"><b><span style=\"font-size:14.0pt\">JEC Composites Talks Brasil<\/span><\/b><\/a><span style=\"font-size:14.0pt\">, 19 de agosto de 2024, S&atilde;o Paulo, SP<\/span><\/span><\/span><\/span><\/p>\r\n\r\n<p style=\"text-align:justify\"><span style=\"font-size:11pt\"><span style=\"line-height:normal\"><span style=\"font-family:Calibri,sans-serif\"><a href=\"https:\/\/app.rdstation.email\/mail\/d1246106-5887-4ae3-b115-63593ba00040?utm_campaign=emkt_workshop_-_gestao_de_produtos_quimicos&amp;utm_medium=email&amp;utm_source=RD+Station\" style=\"color:blue; text-decoration:underline\"><b><span style=\"font-size:14.0pt\">Workshop | Gest&atilde;o de Produtos Qu&iacute;micos<\/span><\/b><\/a><span style=\"font-size:14.0pt\">, 20 de agosto de 2024, das 10h &agrave;s 12h, evento online<\/span><\/span><\/span><\/span><\/p>\r\n\r\n<p style=\"text-align:justify\"><span style=\"font-size:11pt\"><span style=\"line-height:normal\"><span style=\"font-family:Calibri,sans-serif\"><a href=\"http:\/\/www.feiplar.com\" style=\"color:blue; text-decoration:underline\"><b><span style=\"font-size:14.0pt\">FEIPLAR COMPOSITES &amp; FEIPUR &ndash; Feira e Congresso Internacionais de Composites, Poliuretano, Pl&aacute;sticos de Engenharia e Compostos Termopl&aacute;sticos<\/span><\/b><\/a><span style=\"font-size:14.0pt\">, 20 a 22 de agosto de 2024, S&atilde;o Paulo Expo (Pavilh&atilde;o 5), palestras: das 8h30 &agrave;s 18h, feira: das 13h &agrave;s 20h<\/span><\/span><\/span><\/span><\/p>\r\n\r\n<p style=\"text-align:justify\"><span style=\"font-size:11pt\"><span style=\"line-height:normal\"><span style=\"font-family:Calibri,sans-serif\"><a href=\"http:\/\/www.techtextil-north-america.us.messefrankfurt.com\" style=\"color:blue; text-decoration:underline\"><b><span lang=\"EN-US\" style=\"font-size:14.0pt\">Techtextil North America 2024<\/span><\/b><\/a><span lang=\"EN-US\" style=\"font-size:14.0pt\">, August 20 &ndash; 24, Raleigh, North Carolina<\/span><\/span><\/span><\/span><\/p>\r\n\r\n<p style=\"text-align:justify\"><span style=\"font-size:11pt\"><span style=\"line-height:normal\"><span style=\"font-family:Calibri,sans-serif\"><a href=\"https:\/\/www.conceitoseminarios.com.br\/seminario\/6-forum-novo-marco-do-saneamento\/\" style=\"color:blue; text-decoration:underline\"><b><span style=\"font-size:14.0pt\">6&ordm; F&oacute;rum Novo Marco do Saneamento<\/span><\/b><\/a><span style=\"font-size:14.0pt\">, 29 de agosto de 2024, 08h30 &agrave;s 18h00, Hotel Meli&aacute; Jardim Europa, Rua Jo&atilde;o Cachoeira, 107, Itaim Bibi, S&atilde;o Paulo<\/span><\/span><\/span><\/span><\/p>\r\n\r\n<p style=\"text-align:justify\"><span style=\"font-size:11pt\"><span style=\"line-height:normal\"><span style=\"font-family:Calibri,sans-serif\"><a href=\"https:\/\/www.recy-plastech.com\/\" style=\"color:blue; text-decoration:underline\"><b><span style=\"font-size:14.0pt\">Recy-Plastech 2024 &ndash; Semin&aacute;rio Internacional de Sustentabilidade e Reciclagem de Pl&aacute;sticos<\/span><\/b><\/a><span style=\"font-size:14.0pt\">, 11 e 12 de setembro de 2024, Milenium Centro de Conven&ccedil;&otilde;es, Rua Dr. Bacelar, 1.043, Vila Clementino, S&atilde;o Paulo, SP<\/span><\/span><\/span><\/span><\/p>\r\n\r\n<p style=\"text-align:justify\"><span style=\"font-size:11pt\"><span style=\"line-height:normal\"><span style=\"font-family:Calibri,sans-serif\"><a href=\"https:\/\/cbplastico.com.br\/2024\/\" style=\"color:blue; text-decoration:underline\"><b><span style=\"font-size:14.0pt\">5&ordm; Congresso Brasileiro do Pl&aacute;stico<\/span><\/b><\/a><span style=\"font-size:14.0pt\">, 12 de setembro de 2024, evento h&iacute;brido, Casa Bisutti, Rua Casa do Ator, 577, Vila Ol&iacute;mpia, S&atilde;o Paulo, SP<\/span><\/span><\/span><\/span><\/p>\r\n\r\n<p style=\"text-align:justify\"><span style=\"font-size:11pt\"><span style=\"line-height:normal\"><span style=\"font-family:Calibri,sans-serif\"><a href=\"http:\/\/www.fenasan.com.br\" style=\"color:blue; text-decoration:underline\"><b><span style=\"font-size:14.0pt\">Fenasan 2024 &ndash; Feira Nacional de Saneamento e Meio Ambiente<\/span><\/b><\/a><span style=\"font-size:14.0pt\">, 22 a 24 de outubro de 2024, Pavilh&otilde;es Verde e Vermelho, Expo Center Norte, S&atilde;o Paulo SP<\/span><\/span><\/span><\/span><\/p>\r\n\r\n<p style=\"text-align:justify\"><span style=\"font-size:11pt\"><span style=\"line-height:normal\"><span style=\"font-family:Calibri,sans-serif\"><a href=\"http:\/\/www.hospitalmed.com.br\" style=\"color:blue; text-decoration:underline\"><b><span style=\"font-size:14.0pt\">HospitalMed 2024<\/span><\/b><\/a><span style=\"font-size:14.0pt\">, 23 a 25 de outubro, das 14h &agrave;s 20h, no Pernambuco Centro de Conven&ccedil;&otilde;es<\/span><\/span><\/span><\/span><\/p>\r\n\r\n<p style=\"text-align:justify\"><span style=\"font-size:11pt\"><span style=\"line-height:normal\"><span style=\"font-family:Calibri,sans-serif\"><a href=\"https:\/\/www.abnteducacao.com.br\/Simbologia_de_cuidados_aplicada_a_Etiquetagem_de_Texteis_ABNT_NBR_NM_ISO_3758\" style=\"color:blue; text-decoration:underline\"><b><span style=\"font-size:14.0pt\">Simbologia de cuidados aplicada a Etiquetagem de T&ecirc;xteis<\/span><\/b><\/a><span style=\"font-size:14.0pt\">, 23 e 24 de outubro de 2024, 8h30 &agrave;s 17h30, evento online<\/span><\/span><\/span><\/span><\/p>\r\n\r\n<p style=\"text-align:justify\"><span style=\"font-size:11pt\"><span style=\"line-height:normal\"><span style=\"font-family:Calibri,sans-serif\"><a href=\"https:\/\/b20brazil.org\/#msdynttrid=6zt-Ug2nJO0FDfhoU9K0en-twuGAoU5aPF8EQm7neRo\" style=\"color:blue; text-decoration:underline\"><b><span lang=\"EN-US\" style=\"font-size:14.0pt\">B20 Summit Brasil 2024 - Inclusive Growth for a Sustainable Future<\/span><\/b><\/a><span lang=\"EN-US\" style=\"font-size:14.0pt\">, October 24th - 25th, 2024, Clube Atl&eacute;tico Monte L&iacute;bano, S&atilde;o Paulo, SP<\/span><\/span><\/span><\/span><\/p>\r\n\r\n<p style=\"text-align:justify\"><span style=\"font-size:11pt\"><span style=\"line-height:normal\"><span style=\"font-family:Calibri,sans-serif\"><a href=\"http:\/\/www.congressoabit.com.br\" style=\"color:blue; text-decoration:underline\"><b><span style=\"font-size:14.0pt\">Congresso Internacional Abit 2024<\/span><\/b><\/a><span style=\"font-size:14.0pt\">, 30 e 31 de outubro, Salvador, Bahia<\/span><\/span><\/span><\/span><\/p>\r\n\r\n<p style=\"text-align:justify\"><span style=\"font-size:11pt\"><span style=\"line-height:normal\"><span style=\"font-family:Calibri,sans-serif\"><a href=\"https:\/\/www.fimec.com.br\/\" style=\"color:blue; text-decoration:underline\"><b><span style=\"font-size:14.0pt\">Fimec 2025<\/span><\/b><\/a><span style=\"font-size:14.0pt\">, 18 a 20 de mar&ccedil;o, Fenac, Novo Hamburgo, RS<\/span><\/span><\/span><\/span><\/p>\r\n\r\n<p style=\"text-align:justify\">&nbsp;<\/p>\r\n\r\n<p class=\"MsoTitle\" style=\"text-align:justify\"><span style=\"font-size:28pt\"><span style=\"font-family:Cambria,serif\"><span style=\"letter-spacing:-0.5pt\"><b><span style=\"font-size:18.0pt\"><span calibri=\"\" style=\"font-family:\"><span style=\"font-variant:small-caps\">Setor<\/span><\/span><\/span><\/b><\/span><\/span><\/span><\/p>\r\n\r\n<p style=\"text-align:justify\"><span style=\"font-size:11pt\"><span style=\"line-height:normal\"><span style=\"font-family:Calibri,sans-serif\"><a href=\"https:\/\/plasticosemrevista.com.br\/cresce-dependencia-brasileira-de-pvc-importado\/\" style=\"color:blue; text-decoration:underline\"><span style=\"font-size:14.0pt\">Cresce depend&ecirc;ncia brasileira de PVC importado<\/span><\/a><\/span><\/span><\/span><\/p>\r\n\r\n<p style=\"text-align:justify\"><span style=\"font-size:11pt\"><span style=\"line-height:normal\"><span style=\"font-family:Calibri,sans-serif\"><a href=\"https:\/\/plasticosemrevista.com.br\/resinas-commodities-brasil-importou-2-milhoes-de-toneladas-no-1-semestre\/c\" style=\"color:blue; text-decoration:underline\"><span style=\"font-size:14.0pt\">Resinas commodities: Brasil importou 2 milh&otilde;es de toneladas no 1&ordm; semestre<\/span><\/a><\/span><\/span><\/span><\/p>\r\n\r\n<p style=\"text-align:justify\"><span style=\"font-size:11pt\"><span style=\"line-height:normal\"><span style=\"font-family:Calibri,sans-serif\"><a href=\"https:\/\/phys.org\/news\/2024-07-faster-energy-efficient-industrially-important.html?utm_source=nwletter&amp;utm_medium=email&amp;utm_campaign=daily-nwletter\" style=\"color:blue; text-decoration:underline\"><span lang=\"EN-US\" style=\"font-size:14.0pt\">Researchers discover faster, more energy-efficient way to manufacture industrially important propylene<\/span><\/a><\/span><\/span><\/span><\/p>\r\n\r\n<p style=\"text-align:justify\"><span style=\"font-size:11pt\"><span style=\"line-height:normal\"><span style=\"font-family:Calibri,sans-serif\"><a href=\"https:\/\/www.textileworld.com\/textile-world\/2024\/07\/vdma-textile-machinery-association-members-position-statement-textile-machinery-for-a-sustainable-textile-industry\/\" style=\"color:blue; text-decoration:underline\"><span lang=\"EN-US\" style=\"font-size:14.0pt\">VDMA Textile Machinery Association Members Position Statement: Textile Machinery For A Sustainable Textile Industry<\/span><\/a><\/span><\/span><\/span><\/p>\r\n\r\n<p style=\"text-align:justify\"><span style=\"font-size:11pt\"><span style=\"line-height:normal\"><span style=\"font-family:Calibri,sans-serif\"><a href=\"https:\/\/www.nonwovens-industry.com\/contents\/view_breaking-news\/2024-07-24\/berry-and-glatfelter-unveil-brand-name-amid-proposed-merger\/15303\" style=\"color:blue; text-decoration:underline\"><span lang=\"EN-US\" style=\"font-size:14.0pt\">Berry and Glatfelter Unveil Brand Name Amid Proposed Merger<\/span><\/a><\/span><\/span><\/span><\/p>\r\n\r\n<p style=\"text-align:justify\"><span style=\"font-size:11pt\"><span style=\"line-height:normal\"><span style=\"font-family:Calibri,sans-serif\"><a href=\"https:\/\/www.thebusinessdesk.com\/south-west\/news\/15148-leading-industry-light-joins-fabric-tech-firm\" style=\"color:blue; text-decoration:underline\"><span lang=\"EN-US\" style=\"font-size:14.0pt\">Leading industry light joins fabric-tech firm<\/span><\/a><\/span><\/span><\/span><\/p>\r\n\r\n<p style=\"text-align:justify\"><span style=\"font-size:11pt\"><span style=\"line-height:normal\"><span style=\"font-family:Calibri,sans-serif\"><a href=\"https:\/\/www.nonwovens-industry.com\/contents\/view_breaking-news\/2024-07-23\/kimberly-clark-announces-q2-results-155629\/15303\" style=\"color:blue; text-decoration:underline\"><span style=\"font-size:14.0pt\">Kimberly-Clark Announces Q2 Results<\/span><\/a><\/span><\/span><\/span><\/p>\r\n\r\n<p style=\"text-align:justify\"><span style=\"font-size:11pt\"><span style=\"line-height:normal\"><span style=\"font-family:Calibri,sans-serif\"><a href=\"https:\/\/www.trbn.com.br\/materia\/I111123\/braskem-fecha-parceria-com-empresa-suica-para-a-venda-de-polipropileno-circular\" style=\"color:blue; text-decoration:underline\"><span style=\"font-size:14.0pt\">Braskem fecha parceria com empresa su&iacute;&ccedil;a para a venda de polipropileno circular<\/span><\/a><\/span><\/span><\/span><\/p>\r\n\r\n<p style=\"text-align:justify\"><span style=\"font-size:28pt\"><span style=\"font-family:Cambria,serif\"><span style=\"letter-spacing:-0.5pt\"><b><span style=\"font-size:18.0pt\"><span calibri=\"\" style=\"font-family:\"><span style=\"font-variant:small-caps\">Ind&uacute;stria<\/span><\/span><\/span><\/b><\/span><\/span><\/span><\/p>\r\n\r\n<p style=\"text-align:justify\"><span style=\"font-size:11pt\"><span style=\"line-height:normal\"><span style=\"font-family:Calibri,sans-serif\"><a href=\"https:\/\/noticias.portaldaindustria.com.br\/noticias\/economia\/custo-regulatorio-consome-r-2437-bilhoes-da-industria-por-ano-calcula-cni\/\" style=\"color:blue; text-decoration:underline\"><span style=\"font-size:14.0pt\">Custo regulat&oacute;rio consome R$ 243,7 bilh&otilde;es da ind&uacute;stria por ano, calcula CNI<\/span><\/a><\/span><\/span><\/span><\/p>\r\n\r\n<p style=\"text-align:justify\"><span style=\"font-size:11pt\"><span style=\"line-height:normal\"><span style=\"font-family:Calibri,sans-serif\"><a href=\"https:\/\/portalibre.fgv.br\/system\/files\/divulgacao\/noticias\/mat-complementar\/2024-07\/Sondagem%20da%20Industria%20FGV_press%20release_Jul24.pdf\" style=\"color:blue; text-decoration:underline\"><span style=\"font-size:14.0pt\">Confian&ccedil;a da Ind&uacute;stria sobe 3,3 pontos em julho<\/span><\/a><\/span><\/span><\/span><\/p>\r\n\r\n<p style=\"text-align:justify\"><span style=\"font-size:11pt\"><span style=\"line-height:normal\"><span style=\"font-family:Calibri,sans-serif\"><a href=\"https:\/\/ibre.fgv.br\/blog-da-conjuntura-economica\/artigos\/sondagem-da-construcao-de-julho-reforca-preocupacao-dos\" style=\"color:blue; text-decoration:underline\"><span style=\"font-size:14.0pt\">Sondagem da Constru&ccedil;&atilde;o de julho refor&ccedil;a preocupa&ccedil;&atilde;o dos empres&aacute;rios com custos de m&atilde;o de obra<\/span><\/a><\/span><\/span><\/span><\/p>\r\n\r\n<p style=\"text-align:justify\"><span style=\"font-size:11pt\"><span style=\"line-height:normal\"><span style=\"font-family:Calibri,sans-serif\"><a href=\"https:\/\/novovarejoautomotivo.com.br\/visita-monitorada-da-abrafiltros-apresenta-processos-para-reciclagem-de-filtros-automotivos\/\" style=\"color:blue; text-decoration:underline\"><span style=\"font-size:14.0pt\">Visita Monitorada da Abrafiltros apresenta processos para reciclagem de filtros automotivos<\/span><\/a><\/span><\/span><\/span><\/p>\r\n\r\n<p style=\"text-align:justify\"><span style=\"font-size:11pt\"><span style=\"line-height:normal\"><span style=\"font-family:Calibri,sans-serif\"><a href=\"https:\/\/emobile.com.br\/site\/industria\/exportacoes-de-moveis-e-colchoes-crescem-151-em-maio\/\" style=\"color:blue; text-decoration:underline\"><span style=\"font-size:14.0pt\">Exporta&ccedil;&otilde;es de m&oacute;veis e colch&otilde;es crescem 15,1% em maio<\/span><\/a><\/span><\/span><\/span><\/p>\r\n\r\n<p style=\"text-align:justify\"><span style=\"font-size:28pt\"><span style=\"font-family:Cambria,serif\"><span style=\"letter-spacing:-0.5pt\"><b><span style=\"font-size:18.0pt\"><span calibri=\"\" style=\"font-family:\"><span style=\"font-variant:small-caps\">Sustentabilidade<\/span><\/span><\/span><\/b><\/span><\/span><\/span><\/p>\r\n\r\n<p style=\"text-align:justify\"><span style=\"font-size:11pt\"><span style=\"line-height:normal\"><span style=\"font-family:Calibri,sans-serif\"><a href=\"https:\/\/agenciabrasil.ebc.com.br\/geral\/noticia\/2024-07\/nova-plataforma-brasileira-permite-rastrear-reutilizacao-de-plastico\" style=\"color:blue; text-decoration:underline\"><span style=\"font-size:14.0pt\">Recircula Brasil - nova plataforma brasileira permite rastrear a reutiliza&ccedil;&atilde;o de pl&aacute;stico<\/span><\/a><\/span><\/span><\/span><\/p>\r\n\r\n<p style=\"text-align:justify\"><span style=\"font-size:11pt\"><span style=\"line-height:normal\"><span style=\"font-family:Calibri,sans-serif\"><a href=\"https:\/\/esbrasil.com.br\/1-milhao-de-garrafas-pet-retiradas-por-mes-do-meio-ambiente\/\" style=\"color:blue; text-decoration:underline\"><span style=\"font-size:14.0pt\">1 milh&atilde;o de garrafas PET retiradas por m&ecirc;s do meio ambiente<\/span><\/a><\/span><\/span><\/span><\/p>\r\n\r\n<p style=\"text-align:justify\"><span style=\"font-size:11pt\"><span style=\"line-height:normal\"><span style=\"font-family:Calibri,sans-serif\"><a href=\"https:\/\/plasticosemrevista.com.br\/shell-admite-frustracao-com-reciclagem-quimica\/\" style=\"color:blue; text-decoration:underline\"><span style=\"font-size:14.0pt\">Shell admite frustra&ccedil;&atilde;o com reciclagem qu&iacute;mica<\/span><\/a><\/span><\/span><\/span><\/p>\r\n\r\n<p style=\"text-align:justify\"><span style=\"font-size:11pt\"><span style=\"line-height:normal\"><span style=\"font-family:Calibri,sans-serif\"><a href=\"https:\/\/apexbrasil.com.br\/br\/pt\/conteudo\/noticias\/conheca-o-relatorio-esg-2023-da-apexbrasil-.html#msdynttrid=U51PNbbmqF_zC2UkiCGrmhe7xU320_SGxFOxHJgHsxg\" style=\"color:blue; text-decoration:underline\"><span style=\"font-size:14.0pt\">Conhe&ccedil;a o Relat&oacute;rio ESG 2023 da ApexBrasil<\/span><\/a><\/span><\/span><\/span><\/p>\r\n\r\n<p style=\"text-align:justify\"><span style=\"font-size:11pt\"><span style=\"line-height:normal\"><span style=\"font-family:Calibri,sans-serif\"><a href=\"https:\/\/www.febratexsummit.com.br\/sustentabilidade-na-industria-textil-como-o-senai-atua\/?utm_campaign=febratex_news_300724&amp;utm_medium=email&amp;utm_source=RD+Station\" style=\"color:blue; text-decoration:underline\"><span style=\"font-size:14.0pt\">Sustentabilidade na ind&uacute;stria t&ecirc;xtil: como o SENAI atua?<\/span><\/a><\/span><\/span><\/span><\/p>\r\n\r\n<p style=\"text-align:justify\"><span style=\"font-size:28pt\"><span style=\"font-family:Cambria,serif\"><span style=\"letter-spacing:-0.5pt\"><b><span style=\"font-size:18.0pt\"><span calibri=\"\" style=\"font-family:\"><span style=\"font-variant:small-caps\">Inova&ccedil;&atilde;o<\/span><\/span><\/span><\/b><\/span><\/span><\/span><\/p>\r\n\r\n<p style=\"text-align:justify\"><span style=\"font-size:11pt\"><span style=\"line-height:normal\"><span style=\"font-family:Calibri,sans-serif\"><a href=\"https:\/\/www.inovacaotecnologica.com.br\/noticias\/noticia.php?artigo=tecidos-inteligentes-basta-costura-seja-esperta&amp;id=010110240722\" style=\"color:blue; text-decoration:underline\"><span style=\"font-size:14.0pt\">Tecidos inteligentes? Basta que a costura seja esperta<\/span><\/a><\/span><\/span><\/span><\/p>\r\n\r\n<p style=\"text-align:justify\"><span style=\"font-size:11pt\"><span style=\"line-height:normal\"><span style=\"font-family:Calibri,sans-serif\"><a href=\"https:\/\/www.inovacaotecnologica.com.br\/noticias\/noticia.php?artigo=tecido-ativo-inspirado-tatus-macio-ou-virar-escudo&amp;id=010180240725&amp;ebol=sim\" style=\"color:blue; text-decoration:underline\"><span style=\"font-size:14.0pt\">Tecido ativo inspirado nos tatus pode ser macio ou virar um escudo<\/span><\/a><\/span><\/span><\/span><\/p>\r\n\r\n<p style=\"text-align:justify\"><span style=\"font-size:11pt\"><span style=\"line-height:normal\"><span style=\"font-family:Calibri,sans-serif\"><a href=\"https:\/\/techxplore.com\/news\/2024-07-lightweight-neural-network-enables-realistic.html?utm_source=nwletter&amp;utm_medium=email&amp;utm_campaign=daily-nwletter\" style=\"color:blue; text-decoration:underline\"><span lang=\"EN-US\" style=\"font-size:14.0pt\">Lightweight neural network enables realistic rendering of woven fabrics in real-time<\/span><\/a><\/span><\/span><\/span><\/p>\r\n\r\n<p style=\"text-align:justify\"><span style=\"font-size:28pt\"><span style=\"font-family:Cambria,serif\"><span style=\"letter-spacing:-0.5pt\"><b><span style=\"font-size:18.0pt\"><span calibri=\"\" style=\"font-family:\"><span style=\"font-variant:small-caps\">Com&eacute;rcio Exterior<\/span><\/span><\/span><\/b><\/span><\/span><\/span><\/p>\r\n\r\n<p style=\"text-align:justify\"><span style=\"font-size:11pt\"><span style=\"line-height:normal\"><span style=\"font-family:Calibri,sans-serif\"><a href=\"https:\/\/comexdobrasil.com\/emirados-arabes-unidos-defendem-conclusao-do-acordo-comercial-com-o-mercosul\/\" style=\"color:blue; text-decoration:underline\"><span style=\"font-size:14.0pt\">Emirados &Aacute;rabes Unidos defendem conclus&atilde;o do acordo comercial com o Mercosul<\/span><\/a><\/span><\/span><\/span><\/p>\r\n\r\n<p style=\"text-align:justify\"><span style=\"font-size:11pt\"><span style=\"line-height:normal\"><span style=\"font-family:Calibri,sans-serif\"><a href=\"https:\/\/s7831774.sendpul.se\/sl\/MTk0MTM3MzE=\/e37473d9225b83546bfbdfdf2c8a48a4adb03s6\" style=\"color:blue; text-decoration:underline\"><span style=\"font-size:14.0pt\">Progresso e perspectiva favor&aacute;vel nas negocia&ccedil;&otilde;es entre o MERCOSUL e os Emirados &Aacute;rabes Unidos<\/span><\/a><\/span><\/span><\/span><\/p>\r\n\r\n<p style=\"text-align:justify\"><span style=\"font-size:11pt\"><span style=\"line-height:normal\"><span style=\"font-family:Calibri,sans-serif\"><a href=\"https:\/\/www.eiu.com\/n\/argentinas-new-investment-promotion-regime-key-points\/?utm_source=mkt-newsletter&amp;utm_medium=email&amp;utm_campaign=foce&amp;utm_content=26-jul-2024&amp;utm_term=read-more&amp;mkt_tok=NzUzLVJJUS00MzgAAAGUjoe9Dqka0xBGK7w5SCgBgrAkRQ5HxikwmL27rUm13-nTnASJGiW4ngkRYNEpxd5M172hekWrv-RMGimFbdDLxuYIviLDUxkbwORMYVOVFXa7LI0\" style=\"color:blue; text-decoration:underline\"><span lang=\"EN-US\" style=\"font-size:14.0pt\">Argentina&rsquo;s new investment promotion regime: key points<\/span><\/a><\/span><\/span><\/span><\/p>\r\n\r\n<p style=\"text-align:justify\"><span style=\"font-size:11pt\"><span style=\"line-height:normal\"><span style=\"font-family:Calibri,sans-serif\"><a href=\"https:\/\/www.mercosur.int\/pt-br\/xii-forum-empresarial-mercosul-destaca-a-importancia-da-integracao-produtiva-da-regiao\/\" style=\"color:blue; text-decoration:underline\"><span style=\"font-size:14.0pt\">XII F&oacute;rum Empresarial do MERCOSUL destaca a import&acirc;ncia da integra&ccedil;&atilde;o produtiva da regi&atilde;o<\/span><\/a><\/span><\/span><\/span><\/p>\r\n\r\n<p style=\"text-align:justify\"><span style=\"font-size:11pt\"><span style=\"line-height:normal\"><span style=\"font-family:Calibri,sans-serif\"><a href=\"https:\/\/www.iadb.org\/pt-br\/noticias\/comercio-entre-coreia-do-sul-e-america-latina-e-caribe-registra-niveis-recordes?utm_source=Email&amp;utm_medium=News&amp;utm_campaign=Com%C3%A9rcio%20entre%20Coreia%20do%20Sul%20e%20Am%C3%A9rica%20Latina%20e%20Caribe%20registra%20n%C3%ADveis%20recordes&amp;utm_term=News\" style=\"color:blue; text-decoration:underline\"><span style=\"font-size:14.0pt\">Com&eacute;rcio entre Coreia do Sul e Am&eacute;rica Latina e Caribe registra n&iacute;veis recordes<\/span><\/a><\/span><\/span><\/span><\/p>\r\n\r\n<p style=\"text-align:justify\"><span style=\"font-size:11pt\"><span style=\"line-height:normal\"><span style=\"font-family:Calibri,sans-serif\"><a href=\"https:\/\/indiantextilejournal.com\/imports-of-fabrics-from-countries-like-china-is-expected-to-rise-further\/\" style=\"color:blue; text-decoration:underline\"><span lang=\"EN-US\" style=\"font-size:14.0pt\">Imports of fabrics from countries like China is expected to rise further<\/span><\/a><\/span><\/span><\/span><\/p>\r\n\r\n<p style=\"text-align:justify\"><span style=\"font-size:11pt\"><span style=\"line-height:normal\"><span style=\"font-family:Calibri,sans-serif\"><a href=\"https:\/\/www.jornaldocomercio.com\/economia\/2024\/07\/1163904-balanca-comercial-registra-superavit-de-uss-1554-bilhao-na-3-semana-de-julho.html\" style=\"color:blue; text-decoration:underline\"><span style=\"font-size:14.0pt\">Balan&ccedil;a comercial registra super&aacute;vit de US$ 1,554 bilh&atilde;o na 3&ordf; semana de julho<\/span><\/a><\/span><\/span><\/span><\/p>\r\n\r\n<p style=\"text-align:justify\"><span style=\"font-size:28pt\"><span style=\"font-family:Cambria,serif\"><span style=\"letter-spacing:-0.5pt\"><b><span style=\"font-size:18.0pt\"><span calibri=\"\" style=\"font-family:\"><span style=\"font-variant:small-caps\">Economia<\/span><\/span><\/span><\/b><\/span><\/span><\/span><\/p>\r\n\r\n<p style=\"text-align:justify\"><span style=\"font-size:11pt\"><span style=\"line-height:normal\"><span style=\"font-family:Calibri,sans-serif\"><a href=\"https:\/\/www.bcb.gov.br\/content\/focus\/focus\/R20240726.pdf\" style=\"color:blue; text-decoration:underline\"><span style=\"font-size:14.0pt\">Focus - Relat&oacute;rio de Mercado<\/span><\/a><\/span><\/span><\/span><\/p>\r\n\r\n<p style=\"text-align:justify\"><span style=\"font-size:11pt\"><span style=\"line-height:normal\"><span style=\"font-family:Calibri,sans-serif\"><a href=\"https:\/\/ibre.fgv.br\/blog-da-conjuntura-economica\/artigos\/em-foco-157\" style=\"color:blue; text-decoration:underline\"><span style=\"font-size:14.0pt\">Os juros podem voltar a subir?<\/span><\/a><\/span><\/span><\/span><\/p>\r\n\r\n<p style=\"text-align:justify\">&nbsp;<\/p>\r\n\r\n<p style=\"text-align:justify\"><img src=\"https:\/\/www.abint.org.br\/assets\/img\/editor\/redes-sociais-abint-ctg-cth_202406041400398QFSSawN2a.jpg\" \/><\/p>\r\n","texto_en":"","7":"","imagem":"COMP_capa-2024-site-boletim-abint-noticias-semanis_20240730175945Gp7kFKKhlu.jpg","8":"COMP_capa-2024-site-boletim-abint-noticias-semanis_20240730175945Gp7kFKKhlu.jpg","arquivo":"20240730-BOLETIM-ABINT-DE-NOTICIAS-SEMANAIS.PDF","9":"20240730-BOLETIM-ABINT-DE-NOTICIAS-SEMANAIS.PDF","titulo_arquivo":"20240730 Boletim ABINT de Not\u00edcias Semanais","10":"20240730 Boletim ABINT de Not\u00edcias Semanais","titulo_arquivo_en":"","11":"","created_at":"2024-07-30 17:59:55","12":"2024-07-30 17:59:55","updated_at":"2024-07-30 18:00:35","13":"2024-07-30 18:00:35"},{"id":128,"0":128,"ordem":95,"1":95,"data":"2024-07-23","2":"2024-07-23","slug":"boletim-abint-de-noticias-semanais-39","3":"boletim-abint-de-noticias-semanais-39","titulo":"Boletim ABINT de Not\u00edcias Semanais","4":"Boletim ABINT de Not\u00edcias Semanais","titulo_en":"","5":"","texto":"<p>Esta &eacute; uma compila&ccedil;&atilde;o das not&iacute;cias mais relevantes para o setor, incluindo informa&ccedil;&otilde;es sobre acordos internacionais, economia brasileira, sustentabilidade e mat&eacute;rias primas, al&eacute;m de novidades do setor de N&atilde;otecidos e Tecidos T&eacute;cnicos.<\/p>\r\n\r\n<h3><span style=\"font-size:28pt\"><span style=\"font-family:Cambria,serif\"><span style=\"letter-spacing:-0.5pt\"><b><span style=\"font-size:18.0pt\"><span calibri=\"\" style=\"font-family:\"><span style=\"font-variant:small-caps\">O que vem por a&iacute;<\/span><\/span><\/span><\/b><\/span><\/span><\/span><\/h3>\r\n\r\n<p><b><img src=\"https:\/\/www.abint.org.br\/assets\/img\/editor\/abint-logo-2020-g_20240718120253AiMVeeaPvS.png\" style=\"width: 300px; height: 69px;\" \/><\/b><\/p>\r\n\r\n<p><b><img src=\"https:\/\/www.abint.org.br\/assets\/img\/editor\/post-quadrado-curso-naotecido_202407181203165i33j4kBqd.jpg\" style=\"width: 500px; height: 500px;\" \/><\/b><\/p>\r\n\r\n<h3><a href=\"https:\/\/forms.office.com\/r\/5DrqtK5n3Y\">Informa&ccedil;&otilde;es e inscri&ccedil;&otilde;es<\/a><\/h3>\r\n\r\n<p align=\"center\">&nbsp;<\/p>\r\n\r\n<p align=\"center\">&nbsp;<\/p>\r\n\r\n<p><b><img src=\"https:\/\/www.abint.org.br\/assets\/img\/editor\/logo-ctg-abint-png_20240718120356AYjq6yKWjI.png\" style=\"width: 300px; height: 55px;\" \/><\/b><\/p>\r\n\r\n<h3>&nbsp;<\/h3>\r\n\r\n<p>No dia 06 de agosto, O CTG ABINT realizar&aacute; um webinar sobre os problemas originados pela baixa qualidade nos processos de instala&ccedil;&atilde;o de geomembranas. O webinar contar&aacute; com a presen&ccedil;a dos instrutores do pr&oacute;ximo Curso Brasileiro de Instala&ccedil;&atilde;o de Geomembranas &ldquo;Paulo Kenji A&ccedil;akura&rdquo; 2024, que ser&aacute; realizado de 13 a 16 de agosto. Para acompanhar o Webinar,&nbsp;<a href=\"https:\/\/www.youtube.com\/watch?v=KpIU_D9OWco\">acesse aqui<\/a><\/p>\r\n\r\n<p>&nbsp;<\/p>\r\n\r\n<p><b><img src=\"https:\/\/www.abint.org.br\/assets\/img\/editor\/capa-live-curso-instal-gm-2024-06082024_20240718120436gZ9wUtoB6Y.jpeg\" \/><\/b><\/p>\r\n\r\n<p>&nbsp;<\/p>\r\n\r\n<p>&nbsp;<\/p>\r\n\r\n<p>E nos dias 13 a 15 de agosto o CTG ABINT realizar&aacute; o Curso de Instala&ccedil;&atilde;o de Geomembranas.&nbsp;<a href=\"https:\/\/abrir.link\/qpYXB\">Acesse aqui para mais informa&ccedil;&otilde;es e inscri&ccedil;&otilde;es<\/a>.<\/p>\r\n\r\n<p>&nbsp;<\/p>\r\n\r\n<p><b><img src=\"https:\/\/www.abint.org.br\/assets\/img\/editor\/e-mail-mkt-curso-instal-gm-2024_20240718120456aWI5eANQaU.jpeg\" \/><\/b><\/p>\r\n\r\n<p>&nbsp;<\/p>\r\n\r\n<p><b><img src=\"https:\/\/www.abint.org.br\/assets\/img\/editor\/20240924-cobramseg-2024_20240718120541ztVNeqlLuA.png\" \/><\/b><\/p>\r\n\r\n<p><b>O CTG ABINT &eacute; um dos patrocinadores da 21&ordf; edi&ccedil;&atilde;o do Cobramseg &ndash; Congresso Brasileiro de Mec&acirc;nica dos Solos e Engenharia Geot&eacute;cnica.<\/b><\/p>\r\n\r\n<p>&ldquo;<i>Nos reunimos para celebrar a Mec&acirc;nica dos Solos e das Rochas, da GeoEngenharia! Academia, Ind&uacute;stria e &Oacute;rg&atilde;os Gestores unidos para expor seus avan&ccedil;os t&eacute;cnicos e cient&iacute;ficos. Um ambiente rico e diverso que nos permite debater solu&ccedil;&otilde;es e a&ccedil;&otilde;es de forma a fortalecer nossa comunidade geot&eacute;cnica, visando proporcionar um desenvolvimento mais sustent&aacute;vel e seguro para a nossa sociedade<\/i>.&rdquo; V&iacute;tor Pereira Faro, Presidente do COBRAMSEG 2024<\/p>\r\n\r\n<p><a href=\"http:\/\/www.cobramseg.com.br\/\">www.cobramseg.com.br<\/a><\/p>\r\n\r\n<p>&nbsp;<\/p>\r\n\r\n<p><b><img src=\"https:\/\/www.abint.org.br\/assets\/img\/editor\/fenasan-2024_202407181205570iB7KW1OZ4.jpg\" style=\"width: 500px; height: 178px;\" \/><\/b><\/p>\r\n\r\n<p>O&nbsp;<b>CTG ABINT apoia a Feira Nacional de Saneamento e Meio Ambiente &ndash; Fenasan e do 35&ordm; Encontro T&eacute;cnico AESabesp, que ocorrer&atilde;o de 22 a 24 de outubro de 2024<\/b>, no Pavilh&atilde;o Verde e Vermelho, no Expo Center Norte, em S&atilde;o Paulo. Trata-se do maior evento de saneamento da Am&eacute;rica Latin. A realiza&ccedil;&atilde;o &eacute; da AESabesp &ndash; Associa&ccedil;&atilde;o dos Engenheiros da Sabesp.<\/p>\r\n\r\n<p><i>O tema central desta edi&ccedil;&atilde;o &eacute; &ldquo;Saneamento ambiental: condi&ccedil;&atilde;o fundamental para o enfrentamento das mudan&ccedil;as clim&aacute;ticas&rdquo;. Com um p&uacute;blico tradicionalmente de 22 mil visitantes e alinhada aos ODS &ndash; Objetivos de Desenvolvimento Sustent&aacute;vel estabelecidos pela ONU e aos conceitos de ESG, a edi&ccedil;&atilde;o 2024 continuar&aacute; ampliando o di&aacute;logo em torno das quest&otilde;es de saneamento ambiental, meio ambiente e sustentabilidade e promovendo o compartilhamento de conhecimento altamente qualificado.<\/i><\/p>\r\n\r\n<p><a href=\"http:\/\/www.fenasan.com.br\/\">www.fenasan.com.br<\/a><\/p>\r\n\r\n<p>&nbsp;<\/p>\r\n\r\n<p><b><img src=\"https:\/\/www.abint.org.br\/assets\/img\/editor\/cth-logo-alta-jpg_2024071812065399MMBUXZze.jpg\" style=\"width: 300px; height: 68px;\" \/><\/b><\/p>\r\n\r\n<p><b><img src=\"https:\/\/www.abint.org.br\/assets\/img\/editor\/hospitalmed-2024-logo_20240718120628FoV3In8yB5.png\" style=\"width: 500px; height: 448px;\" \/><\/b><\/p>\r\n\r\n<p><b>O CTH ABINT &eacute; um dos patrocinadores da HospitalMed 2024.<\/b><\/p>\r\n\r\n<p>&ldquo;<i>A melhor e Mais Completa Feira de Sa&uacute;de do Norte\/Nordeste<\/i>&rdquo;, &eacute; uma realiza&ccedil;&atilde;o da HospitalMed Feiras &amp; Eventos e da Insight Feiras de Neg&oacute;cios.<\/p>\r\n\r\n<p><i>&ldquo;O&nbsp;<b>re&uacute;ne toda a cadeia produtiva do setor de sa&uacute;de das regi&otilde;es Norte\/Nordeste<\/b>. &Eacute; o grande encontro de fornecedores de Produtos, Equipamentos, Servi&ccedil;os, Tecnologia e Conte&uacute;do para Hospitais, Laborat&oacute;rios, Farm&aacute;cias, Cl&iacute;nicas, Consult&oacute;rios e Profissionais da Sa&uacute;de&rdquo;.<\/i><\/p>\r\n\r\n<p><a href=\"http:\/\/www.hospitalmed.com.br\/\">www.hospitalmed.com.br<\/a><\/p>\r\n\r\n<p class=\"MsoTitle\" style=\"text-align:justify\"><span style=\"font-size:28pt\"><span style=\"font-family:Cambria,serif\"><span style=\"letter-spacing:-0.5pt\"><b><span style=\"font-size:18.0pt\"><span calibri=\"\" style=\"font-family:\"><span style=\"font-variant:small-caps\">Not&iacute;cias das Associadas<\/span><\/span><\/span><\/b><\/span><\/span><\/span><\/p>\r\n\r\n<p style=\"text-align:justify\"><span style=\"font-size:11pt\"><span style=\"line-height:normal\"><span style=\"font-family:Calibri,sans-serif\"><a href=\"https:\/\/www.tecnicouro.com.br\/post\/ci%C3%AAncia-dos-materiais-impulsiona-a-evolu%C3%A7%C3%A3o-em-tecidos-e-n%C3%A3o-tecidos\" style=\"color:blue; text-decoration:underline\"><span style=\"font-size:14.0pt\">Ci&ecirc;ncia dos materiais impulsiona a evolu&ccedil;&atilde;o em tecidos e n&atilde;o tecidos<\/span><\/a><\/span><\/span><\/span><\/p>\r\n\r\n<p style=\"text-align:justify\"><span style=\"font-size:11pt\"><span style=\"line-height:normal\"><span style=\"font-family:Calibri,sans-serif\"><a href=\"https:\/\/www.reporterdiario.com.br\/noticia\/3469949\/abc-sera-palco-para-curso-brasileiro-de-instalacao-de-geomembranas\/\" style=\"color:blue; text-decoration:underline\"><span style=\"font-size:14.0pt\">ABC ser&aacute; palco para Curso Brasileiro de Instala&ccedil;&atilde;o de Geomembranas<\/span><\/a><\/span><\/span><\/span><\/p>\r\n\r\n<p style=\"text-align:justify\"><span style=\"font-size:11pt\"><span style=\"line-height:normal\"><span style=\"font-family:Calibri,sans-serif\"><a href=\"https:\/\/tissueonline.com.br\/andritz-fornecera-duas-maquinas-de-papel-tissue-para-a-cs-paper-china\/?utm_campaign=newsletter_19072024_novo_modelo&amp;utm_medium=email&amp;utm_source=RD+Station\" style=\"color:blue; text-decoration:underline\"><span style=\"font-size:14.0pt\">ANDRITZ fornecer&aacute; duas m&aacute;quinas de papel tissue para a C&amp;S Paper, China<\/span><\/a><\/span><\/span><\/span><\/p>\r\n\r\n<p style=\"text-align:justify\">&nbsp;<\/p>\r\n\r\n<p style=\"text-align:justify\"><span style=\"font-size:11pt\"><span style=\"line-height:normal\"><span style=\"font-family:Calibri,sans-serif\"><b><span style=\"font-size:18.0pt\"><span style=\"font-variant:small-caps\">Eventos<\/span><\/span><\/b><\/span><\/span><\/span><\/p>\r\n\r\n<p style=\"text-align:justify\"><span style=\"font-size:11pt\"><span style=\"line-height:normal\"><span style=\"font-family:Calibri,sans-serif\"><a href=\"http:\/\/www.construnordeste.com.br\" style=\"color:blue; text-decoration:underline\"><b><span style=\"font-size:14.0pt\">Constru Nordeste<\/span><\/b><\/a><span style=\"font-size:14.0pt\">, 31 de julho a 02 de agosto de 2024, Centro de Conven&ccedil;&otilde;es Salvador, Bahia<\/span><\/span><\/span><\/span><\/p>\r\n\r\n<p style=\"text-align:justify\"><span style=\"font-size:11pt\"><span style=\"line-height:normal\"><span style=\"font-family:Calibri,sans-serif\"><a href=\"https:\/\/www.portaldaindustria.com.br\/cni\/eventos\/seminario-politicas-industriais-brasil-mundo\/?utm_source=comext&amp;utm_medium=email&amp;utm_campaign=eventos&amp;utm_content=id00177#msdynttrid=aKWX9w7bDAcQJjsEPwRcTH7ZjlOLgcrnvIVCamEU3W8\" style=\"color:blue; text-decoration:underline\"><b><span style=\"font-size:14.0pt\">CNI\/ MDIC\/ BNDES | Semin&aacute;rio sobre Pol&iacute;ticas Industriais no Brasil e no Mundo<\/span><\/b><\/a><span style=\"font-size:14.0pt\">, 06 de agosto de 2024, 09h00, na sede da CNI, em Bras&iacute;lia<\/span><\/span><\/span><\/span><\/p>\r\n\r\n<p style=\"text-align:justify\">&nbsp;<\/p>\r\n\r\n<p><img src=\"https:\/\/www.abint.org.br\/assets\/img\/editor\/abtt-academy-curso-compras-texteis-hospitalares_20240604135954xriEyS8abD.jpg\" style=\"width: 500px; height: 500px;\" \/><\/p>\r\n\r\n<h3><a href=\"https:\/\/docs.google.com\/forms\/d\/e\/1FAIpQLSeG7zdl8xZpguBFbIdqyMS61mxfjvFjKOQ3EUqnWgC1RUcAug\/viewform\">Informa&ccedil;&otilde;es e inscri&ccedil;&otilde;es<\/a><\/h3>\r\n\r\n<p style=\"text-align:justify\"><span style=\"font-size:11pt\"><span style=\"line-height:normal\"><span style=\"font-family:Calibri,sans-serif\"><a href=\"https:\/\/emailmarketing.locaweb.com.br\/accounts\/116830\/messages\/524?email=abint@abint.org.br&amp;c=1719495723&amp;contact_id=110&amp;envelope_id=403\" style=\"color:blue; text-decoration:underline\"><b><span style=\"font-size:14.0pt\">JEC Composites Talks Brasil<\/span><\/b><\/a><span style=\"font-size:14.0pt\">, 19 de agosto de 2024, S&atilde;o Paulo, SP.<\/span><\/span><\/span><\/span><\/p>\r\n\r\n<p style=\"text-align:justify\"><span style=\"font-size:11pt\"><span style=\"line-height:normal\"><span style=\"font-family:Calibri,sans-serif\"><a href=\"https:\/\/app.rdstation.email\/mail\/d1246106-5887-4ae3-b115-63593ba00040?utm_campaign=emkt_workshop_-_gestao_de_produtos_quimicos&amp;utm_medium=email&amp;utm_source=RD+Station\" style=\"color:blue; text-decoration:underline\"><b><span style=\"font-size:14.0pt\">Workshop | Gest&atilde;o de Produtos Qu&iacute;micos<\/span><\/b><\/a><span style=\"font-size:14.0pt\">, 20 de agosto de 2024, das 10h &agrave;s 12h, evento online.<\/span><\/span><\/span><\/span><\/p>\r\n\r\n<p style=\"text-align:justify\"><span style=\"font-size:11pt\"><span style=\"line-height:normal\"><span style=\"font-family:Calibri,sans-serif\"><a href=\"http:\/\/www.feiplar.com\" style=\"color:blue; text-decoration:underline\"><b><span style=\"font-size:14.0pt\">FEIPLAR COMPOSITES &amp; FEIPUR &ndash; Feira e Congresso Internacionais de Composites, Poliuretano, Pl&aacute;sticos de Engenharia e Compostos Termopl&aacute;sticos<\/span><\/b><\/a><span style=\"font-size:14.0pt\">, 20 a 22 de agosto de 2024, S&atilde;o Paulo Expo (Pavilh&atilde;o 5), palestras: das 8h30 &agrave;s 18h, feira: das 13h &agrave;s 20h.<b> <\/b><\/span><\/span><\/span><\/span><\/p>\r\n\r\n<p style=\"text-align:justify\"><span style=\"font-size:11pt\"><span style=\"line-height:normal\"><span style=\"font-family:Calibri,sans-serif\"><a href=\"http:\/\/www.techtextil-north-america.us.messefrankfurt.com\" style=\"color:blue; text-decoration:underline\"><b><span lang=\"EN-US\" style=\"font-size:14.0pt\">Techtextil North America 2024<\/span><\/b><\/a><span lang=\"EN-US\" style=\"font-size:14.0pt\">, August 20 &ndash; 24, Raleigh, North Carolina.<\/span><\/span><\/span><\/span><\/p>\r\n\r\n<p style=\"text-align:justify\"><span style=\"font-size:11pt\"><span style=\"line-height:normal\"><span style=\"font-family:Calibri,sans-serif\"><a href=\"https:\/\/www.conceitoseminarios.com.br\/seminario\/6-forum-novo-marco-do-saneamento\/\" style=\"color:blue; text-decoration:underline\"><b><span style=\"font-size:14.0pt\">6&ordm; F&oacute;rum Novo Marco do Saneamento<\/span><\/b><\/a><span style=\"font-size:14.0pt\">, 29 de agosto de 2024, 08h30 &agrave;s 18h00, Hotel Meli&aacute; Jardim Europa, Rua Jo&atilde;o Cachoeira, 107, Itaim Bibi, S&atilde;o Paulo.<\/span><\/span><\/span><\/span><\/p>\r\n\r\n<p style=\"text-align:justify\"><span style=\"font-size:11pt\"><span style=\"line-height:normal\"><span style=\"font-family:Calibri,sans-serif\"><a href=\"http:\/\/www.fenasan.com.br\" style=\"color:blue; text-decoration:underline\"><b><span style=\"font-size:14.0pt\">Fenasan 2024 &ndash; Feira Nacional de Saneamento e Meio Ambiente<\/span><\/b><\/a><span style=\"font-size:14.0pt\">, 22 a 24 de outubro de 2024, Pavilh&otilde;es Verde e Vermelho, Expo Center Norte, S&atilde;o Paulo SP<\/span><\/span><\/span><\/span><\/p>\r\n\r\n<p style=\"text-align:justify\"><span style=\"font-size:11pt\"><span style=\"line-height:normal\"><span style=\"font-family:Calibri,sans-serif\"><a href=\"http:\/\/www.hospitalmed.com.br\" style=\"color:blue; text-decoration:underline\"><b><span style=\"font-size:14.0pt\">HospitalMed 2024<\/span><\/b><\/a><span style=\"font-size:14.0pt\">, 23 a 25 de outubro, das 14h &agrave;s 20h, no Pernambuco Centro de Conven&ccedil;&otilde;es<\/span><\/span><\/span><\/span><\/p>\r\n\r\n<p style=\"text-align:justify\"><span style=\"font-size:11pt\"><span style=\"line-height:normal\"><span style=\"font-family:Calibri,sans-serif\"><a href=\"http:\/\/www.congressoabit.com.br\" style=\"color:blue; text-decoration:underline\"><b><span style=\"font-size:14.0pt\">Congresso Internacional Abit 2024<\/span><\/b><\/a><span style=\"font-size:14.0pt\">, 30 e 31 de outubro, Salvador, Bahia<\/span><\/span><\/span><\/span><\/p>\r\n\r\n<p style=\"text-align:justify\"><span style=\"font-size:11pt\"><span style=\"line-height:normal\"><span style=\"font-family:Calibri,sans-serif\"><a href=\"https:\/\/www.fimec.com.br\/\" style=\"color:blue; text-decoration:underline\"><b><span style=\"font-size:14.0pt\">Fimec 2025<\/span><\/b><\/a><span style=\"font-size:14.0pt\">, 18 a 20 de mar&ccedil;o, Fenac, Novo Hamburgo, RS<\/span><\/span><\/span><\/span><\/p>\r\n\r\n<p style=\"text-align:justify\"><span style=\"font-size:28pt\"><span style=\"font-family:Cambria,serif\"><span style=\"letter-spacing:-0.5pt\"><b><span style=\"font-size:18.0pt\"><span calibri=\"\" style=\"font-family:\"><span style=\"font-variant:small-caps\">Setor<\/span><\/span><\/span><\/b><\/span><\/span><\/span><\/p>\r\n\r\n<p style=\"text-align:justify\"><span style=\"font-size:11pt\"><span style=\"line-height:normal\"><span style=\"font-family:Calibri,sans-serif\"><a href=\"https:\/\/plasticosemrevista.com.br\/pp-excedente-mundial-na-veia-e-sem-tregua\/\" style=\"color:blue; text-decoration:underline\"><span style=\"font-size:14.0pt\">PP: excedente mundial na veia e sem tr&eacute;gua<\/span><\/a><\/span><\/span><\/span><\/p>\r\n\r\n<p style=\"text-align:justify\"><span style=\"font-size:11pt\"><span style=\"line-height:normal\"><span style=\"font-family:Calibri,sans-serif\"><a href=\"https:\/\/tissueonline.com.br\/tendencia-de-desfralde-gentil-impulsiona-mercado-de-fraldas-em-meio-a-queda-de-natalidade\/?utm_campaign=newsletter_19072024_novo_modelo&amp;utm_medium=email&amp;utm_source=RD+Station\" style=\"color:blue; text-decoration:underline\"><span style=\"font-size:14.0pt\">Tend&ecirc;ncia de desfralde gentil impulsiona mercado de fraldas em meio &agrave; queda de natalidade<\/span><\/a><\/span><\/span><\/span><\/p>\r\n\r\n<p style=\"text-align:justify\"><span style=\"font-size:11pt\"><span style=\"line-height:normal\"><span style=\"font-family:Calibri,sans-serif\"><a href=\"https:\/\/tissueonline.com.br\/kimberly-clark-brasil-se-prepara-para-dobrar-de-tamanho-ate-2028\/\" style=\"color:blue; text-decoration:underline\"><span style=\"font-size:14.0pt\">Kimberly-Clark Brasil se prepara para dobrar de tamanho at&eacute; 2028<\/span><\/a><\/span><\/span><\/span><\/p>\r\n\r\n<p style=\"text-align:justify\"><span style=\"font-size:11pt\"><span style=\"line-height:normal\"><span style=\"font-family:Calibri,sans-serif\"><a href=\"https:\/\/www.wilx.com\/2024\/07\/16\/michigan-bans-flushable-wipes-labeling\/\" style=\"color:blue; text-decoration:underline\"><span lang=\"EN-US\" style=\"font-size:14.0pt\">Michigan bans &lsquo;flushable&rsquo; wipes labeling<\/span><\/a><\/span><\/span><\/span><\/p>\r\n\r\n<p style=\"text-align:justify\"><span style=\"font-size:28pt\"><span style=\"font-family:Cambria,serif\"><span style=\"letter-spacing:-0.5pt\"><b><span lang=\"EN-US\" style=\"font-size:18.0pt\"><span calibri=\"\" style=\"font-family:\"><span style=\"font-variant:small-caps\">Ind&uacute;stria<\/span><\/span><\/span><\/b><\/span><\/span><\/span><\/p>\r\n\r\n<p style=\"text-align:justify\"><span style=\"font-size:11pt\"><span style=\"line-height:normal\"><span style=\"font-family:Calibri,sans-serif\"><a href=\"http:\/\/www.revistaplasticosul.com.br\/industria-4-0\/indice-gs1-aponta-queda-na-intencao-da-industria-em-lancar-produtos\/\" style=\"color:blue; text-decoration:underline\"><span style=\"font-size:14.0pt\">&Iacute;ndice GS1 Brasil de Atividade Industrial aponta queda na inten&ccedil;&atilde;o da ind&uacute;stria em lan&ccedil;ar produtos de junho a maio<\/span><\/a><\/span><\/span><\/span><\/p>\r\n\r\n<p style=\"text-align:justify\"><span style=\"font-size:11pt\"><span style=\"line-height:normal\"><span style=\"font-family:Calibri,sans-serif\"><a href=\"https:\/\/www.moveisdevalor.com.br\/portal\/abicol-pressiona-governo-para-evitar-impacto-em-materias-primas?source=news\" style=\"color:blue; text-decoration:underline\"><span style=\"font-size:14.0pt\">Abicol pressiona governo para evitar impacto em mat&eacute;rias-primas<\/span><\/a><\/span><\/span><\/span><\/p>\r\n\r\n<p style=\"text-align:justify\"><span style=\"font-size:11pt\"><span style=\"line-height:normal\"><span style=\"font-family:Calibri,sans-serif\"><a href=\"https:\/\/www.balcaoautomotivo.com\/2024\/07\/15\/mesmo-com-vendas-em-alta-anfavea-reve-para-baixo-projecao-de-producao\/\" style=\"color:blue; text-decoration:underline\"><span style=\"font-size:14.0pt\">Mesmo com vendas em alta, Anfavea rev&ecirc; para baixo proje&ccedil;&atilde;o de produ&ccedil;&atilde;o<\/span><\/a><\/span><\/span><\/span><\/p>\r\n\r\n<p style=\"text-align:justify\"><span style=\"font-size:11pt\"><span style=\"line-height:normal\"><span style=\"font-family:Calibri,sans-serif\"><a href=\"https:\/\/aepet.org.br\/noticia\/abiquim-alerta-preco-do-gas-e-baixa-taxa-de-importacao-estao-destruindo-as-industrias-quimicas-brasileiras\/\" style=\"color:blue; text-decoration:underline\"><span style=\"font-size:14.0pt\">Abiquim alerta: pre&ccedil;o do g&aacute;s e baixa taxa de importa&ccedil;&atilde;o est&atilde;o destruindo as ind&uacute;strias qu&iacute;micas brasileiras<\/span><\/a><\/span><\/span><\/span><\/p>\r\n\r\n<p style=\"text-align:justify\"><span style=\"font-size:28pt\"><span style=\"font-family:Cambria,serif\"><span style=\"letter-spacing:-0.5pt\"><b><span style=\"font-size:18.0pt\"><span calibri=\"\" style=\"font-family:\"><span style=\"font-variant:small-caps\">Sustentabilidade<\/span><\/span><\/span><\/b><\/span><\/span><\/span><\/p>\r\n\r\n<p style=\"text-align:justify\"><span style=\"font-size:11pt\"><span style=\"line-height:normal\"><span style=\"font-family:Calibri,sans-serif\"><a href=\"https:\/\/midiamax.uol.com.br\/publieditorial\/2024\/producao-de-plasticos-reciclados-cresce-no-brasil\/\" style=\"color:blue; text-decoration:underline\"><span style=\"font-size:14.0pt\">Produ&ccedil;&atilde;o de Pl&aacute;sticos Reciclados Cresce no Brasil<\/span><\/a><\/span><\/span><\/span><\/p>\r\n\r\n<p style=\"text-align:justify\"><span style=\"font-size:11pt\"><span style=\"line-height:normal\"><span style=\"font-family:Calibri,sans-serif\"><a href=\"https:\/\/ibre.fgv.br\/blog-da-conjuntura-economica\/artigos\/saneamento-e-mudancas-climaticas-duas-agendas-urgentes\" style=\"color:blue; text-decoration:underline\"><span style=\"font-size:14.0pt\">Saneamento e mudan&ccedil;as clim&aacute;ticas: duas agendas urgentes<\/span><\/a><\/span><\/span><\/span><\/p>\r\n\r\n<p style=\"text-align:justify\"><span style=\"font-size:11pt\"><span style=\"line-height:normal\"><span style=\"font-family:Calibri,sans-serif\"><a href=\"https:\/\/www.youtube.com\/watch?v=fvxaYwP3P3w\" style=\"color:blue; text-decoration:underline\"><span style=\"font-size:14.0pt\">Fio de Prosa #7 - Da produ&ccedil;&atilde;o mais limpa &agrave; descarboniza&ccedil;&atilde;o<\/span><\/a><\/span><\/span><\/span><\/p>\r\n\r\n<p style=\"text-align:justify\"><span style=\"font-size:11pt\"><span style=\"line-height:normal\"><span style=\"font-family:Calibri,sans-serif\"><a href=\"https:\/\/www.technicaltextile.net\/news\/us-purecycle-completes-successful-trial-with-pcr-resin-296689.html\" style=\"color:blue; text-decoration:underline\"><span lang=\"EN-US\" style=\"font-size:14.0pt\">US&#39; PureCycle completes successful trial with PCR resin<\/span><\/a><\/span><\/span><\/span><\/p>\r\n\r\n<p style=\"text-align:justify\"><span style=\"font-size:28pt\"><span style=\"font-family:Cambria,serif\"><span style=\"letter-spacing:-0.5pt\"><b><span style=\"font-size:18.0pt\"><span calibri=\"\" style=\"font-family:\"><span style=\"font-variant:small-caps\">Inova&ccedil;&atilde;o<\/span><\/span><\/span><\/b><\/span><\/span><\/span><\/p>\r\n\r\n<p style=\"text-align:justify\"><span style=\"font-size:11pt\"><span style=\"line-height:normal\"><span style=\"font-family:Calibri,sans-serif\"><a href=\"https:\/\/gizmodo.uol.com.br\/tecnologia-nanofibras-de-celulose-reforcam-mascaras-cirurgicas\/\" style=\"color:blue; text-decoration:underline\"><span style=\"font-size:14.0pt\">Tecnologia: nanofibras de celulose refor&ccedil;am m&aacute;scaras cir&uacute;rgicas<\/span><\/a><\/span><\/span><\/span><\/p>\r\n\r\n<p style=\"text-align:justify\"><span style=\"font-size:11pt\"><span style=\"line-height:normal\"><span style=\"font-family:Calibri,sans-serif\"><a href=\"https:\/\/www.inovacaotecnologica.com.br\/noticias\/noticia.php?artigo=mascara-invisivel-mata-virus-bloqueia-99-8-aerossois&amp;id=010180240717&amp;ebol=sim\" style=\"color:blue; text-decoration:underline\"><span style=\"font-size:14.0pt\">M&aacute;scara invis&iacute;vel mata v&iacute;rus e bloqueia 99,8% dos aeross&oacute;is<\/span><\/a><\/span><\/span><\/span><\/p>\r\n\r\n<p style=\"text-align:justify\"><span style=\"font-size:11pt\"><span style=\"line-height:normal\"><span style=\"font-family:Calibri,sans-serif\"><a href=\"https:\/\/www.inovacaotecnologica.com.br\/noticias\/noticia.php?artigo=tecidos-inteligentes-basta-costura-seja-esperta&amp;id=010110240722&amp;ebol=sim\" style=\"color:blue; text-decoration:underline\"><span style=\"font-size:14.0pt\">Tecidos inteligentes? Basta que a costura seja esperta<\/span><\/a><\/span><\/span><\/span><\/p>\r\n\r\n<p style=\"text-align:justify\"><span style=\"font-size:11pt\"><span style=\"line-height:normal\"><span style=\"font-family:Calibri,sans-serif\"><a href=\"https:\/\/engenharia360.com\/como-sao-fabricadas-as-esponjas\/\" style=\"color:blue; text-decoration:underline\"><span style=\"font-size:14.0pt\">7 Solu&ccedil;&otilde;es inovadoras de Engenharia para os Jogos Ol&iacute;mpicos de Paris 2024<\/span><\/a><\/span><\/span><\/span><\/p>\r\n\r\n<p style=\"text-align:justify\"><span style=\"font-size:11pt\"><span style=\"line-height:normal\"><span style=\"font-family:Calibri,sans-serif\"><a href=\"https:\/\/techxplore.com\/news\/2024-07-scientists-3d-fabric-medical-devices.html?utm_source=nwletter&amp;utm_medium=email&amp;utm_campaign=daily-nwletter\" style=\"color:blue; text-decoration:underline\"><span lang=\"EN-US\" style=\"font-size:14.0pt\">Scientists develop 3D-printed active fabric for medical devices and soft robotics<\/span><\/a><\/span><\/span><\/span><\/p>\r\n\r\n<p style=\"text-align:justify\"><span style=\"font-size:28pt\"><span style=\"font-family:Cambria,serif\"><span style=\"letter-spacing:-0.5pt\"><b><span style=\"font-size:18.0pt\"><span calibri=\"\" style=\"font-family:\"><span style=\"font-variant:small-caps\">Com&eacute;rcio Exterior<\/span><\/span><\/span><\/b><\/span><\/span><\/span><\/p>\r\n\r\n<p style=\"text-align:justify\"><span style=\"font-size:11pt\"><span style=\"line-height:normal\"><span style=\"font-family:Calibri,sans-serif\"><a href=\"https:\/\/operamundi.uol.com.br\/politica-e-economia\/cupula-do-mercosul-tem-ausencia-de-milei-bolivia-como-membro-pleno-e-acordo-com-china\/\" style=\"color:blue; text-decoration:underline\"><span style=\"font-size:14.0pt\">C&uacute;pula do Mercosul tem aus&ecirc;ncia de Milei, Bol&iacute;via como membro pleno e acordo com China<\/span><\/a><\/span><\/span><\/span><\/p>\r\n\r\n<p style=\"text-align:justify\"><span style=\"font-size:11pt\"><span style=\"line-height:normal\"><span style=\"font-family:Calibri,sans-serif\"><a href=\"https:\/\/www.correiobraziliense.com.br\/politica\/2024\/07\/6899140-lula-recebe-presidente-da-italia-e-fala-em-pressa-para-acordo-mercosul-ue.html\" style=\"color:blue; text-decoration:underline\"><span style=\"font-size:14.0pt\">Lula recebe presidente da It&aacute;lia e fala em pressa para acordo Mercosul\/UE<\/span><\/a><\/span><\/span><\/span><\/p>\r\n\r\n<p style=\"text-align:justify\"><span style=\"font-size:11pt\"><span style=\"line-height:normal\"><span style=\"font-family:Calibri,sans-serif\"><a href=\"https:\/\/comexdobrasil.com\/acordo-de-livre-comercio-mercosul-emirados-arabes-deve-ser-concluido-em-novembro-diz-inmetro\/\" style=\"color:blue; text-decoration:underline\"><span style=\"font-size:14.0pt\">Acordo comercial Mercosul-Emirados deve ser conclu&iacute;do em novembro, diz Inmetro<\/span><\/a><\/span><\/span><\/span><\/p>\r\n\r\n<p style=\"text-align:justify\"><span style=\"font-size:11pt\"><span style=\"line-height:normal\"><span style=\"font-family:Calibri,sans-serif\"><a href=\"https:\/\/anba.com.br\/palestina-mercosul-aguardadas-mais-ratificacoes\/\" style=\"color:blue; text-decoration:underline\"><span style=\"font-size:14.0pt\">Palestina-Mercosul: aguardadas mais ratifica&ccedil;&otilde;es<\/span><\/a><\/span><\/span><\/span><\/p>\r\n\r\n<p style=\"text-align:justify\"><span style=\"font-size:11pt\"><span style=\"line-height:normal\"><span style=\"font-family:Calibri,sans-serif\"><a href=\"https:\/\/apexbrasil.com.br\/br\/pt\/conteudo\/noticias\/negocios-firmados-entre-empresarios-bolivianos-e-brasileiros-confirmam-o-sucesso-do-forum-empresarial-bolivia-brasil-afirma-jorge-viana.html#msdynttrid=ZtbrE_IeOtnRAwtMwQHwLCVeEmMsttEJkktNPAYVKN8\" style=\"color:blue; text-decoration:underline\"><span style=\"font-size:14.0pt\">Neg&oacute;cios firmados entre empres&aacute;rios bolivianos e brasileiros confirmam o sucesso do F&oacute;rum Empresarial Bol&iacute;via-Brasil, afirma Jorge Viana<\/span><\/a><\/span><\/span><\/span><\/p>\r\n\r\n<p style=\"text-align:justify\"><span style=\"font-size:11pt\"><span style=\"line-height:normal\"><span style=\"font-family:Calibri,sans-serif\"><a href=\"https:\/\/apexbrasil.com.br\/br\/pt\/conteudo\/noticias\/Direto-do-Mercado-edicao-Chile-conheca-oportunidades-e-saiba-como-acessar-o-mercado-chileno.html#msdynttrid=g-XcIcIxa4UUuZ6Gkb6vnqr6Enbo0iEH5HJt53GVxD8\" style=\"color:blue; text-decoration:underline\"><span style=\"font-size:14.0pt\">Direto do Mercado edi&ccedil;&atilde;o Chile: conhe&ccedil;a oportunidades e saiba como acessar o mercado chileno<\/span><\/a><\/span><\/span><\/span><\/p>\r\n\r\n<p style=\"text-align:justify\"><span style=\"font-size:11pt\"><span style=\"line-height:normal\"><span style=\"font-family:Calibri,sans-serif\"><a href=\"https:\/\/apexbrasil.com.br\/br\/pt\/conteudo\/noticias\/Segunda-maior-economia-africana-apresenta-mais-de-180-oportunidades-para-exportacoes-brasileiras.html#msdynttrid=ACsnyIumC7vDQ_-0c4mRP-RrftqS5bPHBilBT5Uef38\" style=\"color:blue; text-decoration:underline\"><span style=\"font-size:14.0pt\">Segunda maior economia africana apresenta mais de 180 oportunidades para exporta&ccedil;&otilde;es brasileiras<\/span><\/a><\/span><\/span><\/span><\/p>\r\n\r\n<p style=\"text-align:justify\"><span style=\"font-size:28pt\"><span style=\"font-family:Cambria,serif\"><span style=\"letter-spacing:-0.5pt\"><b><span style=\"font-size:18.0pt\"><span calibri=\"\" style=\"font-family:\"><span style=\"font-variant:small-caps\">Economia<\/span><\/span><\/span><\/b><\/span><\/span><\/span><\/p>\r\n\r\n<p style=\"text-align:justify\"><span style=\"font-size:11pt\"><span style=\"line-height:normal\"><span style=\"font-family:Calibri,sans-serif\"><a href=\"https:\/\/www.bcb.gov.br\/content\/focus\/focus\/R20240719.pdf\" style=\"color:blue; text-decoration:underline\"><span style=\"font-size:14.0pt\">Focus - Relat&oacute;rio de Mercado<\/span><\/a><\/span><\/span><\/span><\/p>\r\n\r\n<p style=\"text-align:justify\"><span style=\"font-size:11pt\"><span style=\"line-height:normal\"><span style=\"font-family:Calibri,sans-serif\"><a href=\"https:\/\/www.infomoney.com.br\/economia\/monitor-do-pib-da-fgv-tem-alta-de-03-em-maio-ante-abril-puxado-por-consumo\/\" style=\"color:blue; text-decoration:underline\"><span style=\"font-size:14.0pt\">Monitor do PIB da FGV tem alta de 0,3% em maio ante abril, puxado por consumo<\/span><\/a><\/span><\/span><\/span><\/p>\r\n\r\n<p style=\"text-align:justify\"><span style=\"font-size:11pt\"><span style=\"line-height:normal\"><span style=\"font-family:Calibri,sans-serif\"><a href=\"https:\/\/ibre.fgv.br\/blog-da-conjuntura-economica\/artigos\/com-impacto-menor-das-enchentes-no-sul-boletim-macro-fgv-ibre\" style=\"color:blue; text-decoration:underline\"><span style=\"font-size:14.0pt\">Com impacto menor das enchentes no Sul, Boletim Macro FGV IBRE revisa proje&ccedil;&atilde;o do PIB de 2024, para 2,2%<\/span><\/a><\/span><\/span><\/span><\/p>\r\n\r\n<p style=\"text-align:justify\"><span style=\"font-size:11pt\"><span style=\"line-height:normal\"><span style=\"font-family:Calibri,sans-serif\"><a href=\"https:\/\/www.jota.info\/tributos\/fazenda-estuda-novas-medidas-compensatorias-para-a-desoneracao-da-folha-05072024\" style=\"color:blue; text-decoration:underline\"><span style=\"font-size:14.0pt\">Fazenda estuda novas medidas compensat&oacute;rias para a desonera&ccedil;&atilde;o da folha<\/span><\/a><\/span><\/span><\/span><\/p>\r\n\r\n<p style=\"text-align:justify\"><span style=\"font-size:11pt\"><span style=\"line-height:normal\"><span style=\"font-family:Calibri,sans-serif\"><a href=\"https:\/\/www.jota.info\/tributos\/reforma-tributaria-aprovada-na-camara-deve-passar-por-alteracoes-no-senado-16072024#:~:text=Reforma%20tribut%C3%A1ria%20aprovada%20na%20C%C3%A2mara%20deve%20passar%20por%20altera%C3%A7%C3%B5es%20no%20Senado,-Com%20a%20inclus%C3%A3o&amp;text=A%20aprova%C3%A7%C3%A3o%20pela%20C%C3%A2mara%20dos,de%20impostos%20sobre%20consumo%20amea%C3%A7ada.\" style=\"color:blue; text-decoration:underline\"><span style=\"font-size:14.0pt\">Reforma tribut&aacute;ria aprovada na C&acirc;mara deve passar por altera&ccedil;&otilde;es no Senado<\/span><\/a><\/span><\/span><\/span><\/p>\r\n\r\n<p style=\"text-align:justify\"><span style=\"font-size:11pt\"><span style=\"line-height:normal\"><span style=\"font-family:Calibri,sans-serif\"><a href=\"https:\/\/www.fibre2fashion.com\/news\/textile-news\/imf-projects-global-growth-to-hit-3-2-in-2024-3-3-in-2025-296757-newsdetails.htm\" style=\"color:blue; text-decoration:underline\"><span lang=\"EN-US\" style=\"font-size:14.0pt\">IMF projects global growth to hit 3.2% in 2024, 3.3% in 2025<\/span><\/a><\/span><\/span><\/span><\/p>\r\n\r\n<p style=\"text-align:justify\"><span style=\"font-size:11pt\"><span style=\"line-height:normal\"><span style=\"font-family:Calibri,sans-serif\"><a href=\"https:\/\/www.fibre2fashion.com\/news\/textile-news\/economy-grows-at-slight-to-modest-pace-in-most-districts-us-fed-296773-newsdetails.htm\" style=\"color:blue; text-decoration:underline\"><span lang=\"EN-US\" style=\"font-size:14.0pt\">Economy grows at slight to modest pace in most districts: US Fed<\/span><\/a><\/span><\/span><\/span><\/p>\r\n\r\n<p><img src=\"https:\/\/www.abint.org.br\/assets\/img\/editor\/redes-sociais-abint-ctg-cth_202406041400398QFSSawN2a.jpg\" \/><\/p>\r\n","6":"<p>Esta &eacute; uma compila&ccedil;&atilde;o das not&iacute;cias mais relevantes para o setor, incluindo informa&ccedil;&otilde;es sobre acordos internacionais, economia brasileira, sustentabilidade e mat&eacute;rias primas, al&eacute;m de novidades do setor de N&atilde;otecidos e Tecidos T&eacute;cnicos.<\/p>\r\n\r\n<h3><span style=\"font-size:28pt\"><span style=\"font-family:Cambria,serif\"><span style=\"letter-spacing:-0.5pt\"><b><span style=\"font-size:18.0pt\"><span calibri=\"\" style=\"font-family:\"><span style=\"font-variant:small-caps\">O que vem por a&iacute;<\/span><\/span><\/span><\/b><\/span><\/span><\/span><\/h3>\r\n\r\n<p><b><img src=\"https:\/\/www.abint.org.br\/assets\/img\/editor\/abint-logo-2020-g_20240718120253AiMVeeaPvS.png\" style=\"width: 300px; height: 69px;\" \/><\/b><\/p>\r\n\r\n<p><b><img src=\"https:\/\/www.abint.org.br\/assets\/img\/editor\/post-quadrado-curso-naotecido_202407181203165i33j4kBqd.jpg\" style=\"width: 500px; height: 500px;\" \/><\/b><\/p>\r\n\r\n<h3><a href=\"https:\/\/forms.office.com\/r\/5DrqtK5n3Y\">Informa&ccedil;&otilde;es e inscri&ccedil;&otilde;es<\/a><\/h3>\r\n\r\n<p align=\"center\">&nbsp;<\/p>\r\n\r\n<p align=\"center\">&nbsp;<\/p>\r\n\r\n<p><b><img src=\"https:\/\/www.abint.org.br\/assets\/img\/editor\/logo-ctg-abint-png_20240718120356AYjq6yKWjI.png\" style=\"width: 300px; height: 55px;\" \/><\/b><\/p>\r\n\r\n<h3>&nbsp;<\/h3>\r\n\r\n<p>No dia 06 de agosto, O CTG ABINT realizar&aacute; um webinar sobre os problemas originados pela baixa qualidade nos processos de instala&ccedil;&atilde;o de geomembranas. O webinar contar&aacute; com a presen&ccedil;a dos instrutores do pr&oacute;ximo Curso Brasileiro de Instala&ccedil;&atilde;o de Geomembranas &ldquo;Paulo Kenji A&ccedil;akura&rdquo; 2024, que ser&aacute; realizado de 13 a 16 de agosto. Para acompanhar o Webinar,&nbsp;<a href=\"https:\/\/www.youtube.com\/watch?v=KpIU_D9OWco\">acesse aqui<\/a><\/p>\r\n\r\n<p>&nbsp;<\/p>\r\n\r\n<p><b><img src=\"https:\/\/www.abint.org.br\/assets\/img\/editor\/capa-live-curso-instal-gm-2024-06082024_20240718120436gZ9wUtoB6Y.jpeg\" \/><\/b><\/p>\r\n\r\n<p>&nbsp;<\/p>\r\n\r\n<p>&nbsp;<\/p>\r\n\r\n<p>E nos dias 13 a 15 de agosto o CTG ABINT realizar&aacute; o Curso de Instala&ccedil;&atilde;o de Geomembranas.&nbsp;<a href=\"https:\/\/abrir.link\/qpYXB\">Acesse aqui para mais informa&ccedil;&otilde;es e inscri&ccedil;&otilde;es<\/a>.<\/p>\r\n\r\n<p>&nbsp;<\/p>\r\n\r\n<p><b><img src=\"https:\/\/www.abint.org.br\/assets\/img\/editor\/e-mail-mkt-curso-instal-gm-2024_20240718120456aWI5eANQaU.jpeg\" \/><\/b><\/p>\r\n\r\n<p>&nbsp;<\/p>\r\n\r\n<p><b><img src=\"https:\/\/www.abint.org.br\/assets\/img\/editor\/20240924-cobramseg-2024_20240718120541ztVNeqlLuA.png\" \/><\/b><\/p>\r\n\r\n<p><b>O CTG ABINT &eacute; um dos patrocinadores da 21&ordf; edi&ccedil;&atilde;o do Cobramseg &ndash; Congresso Brasileiro de Mec&acirc;nica dos Solos e Engenharia Geot&eacute;cnica.<\/b><\/p>\r\n\r\n<p>&ldquo;<i>Nos reunimos para celebrar a Mec&acirc;nica dos Solos e das Rochas, da GeoEngenharia! Academia, Ind&uacute;stria e &Oacute;rg&atilde;os Gestores unidos para expor seus avan&ccedil;os t&eacute;cnicos e cient&iacute;ficos. Um ambiente rico e diverso que nos permite debater solu&ccedil;&otilde;es e a&ccedil;&otilde;es de forma a fortalecer nossa comunidade geot&eacute;cnica, visando proporcionar um desenvolvimento mais sustent&aacute;vel e seguro para a nossa sociedade<\/i>.&rdquo; V&iacute;tor Pereira Faro, Presidente do COBRAMSEG 2024<\/p>\r\n\r\n<p><a href=\"http:\/\/www.cobramseg.com.br\/\">www.cobramseg.com.br<\/a><\/p>\r\n\r\n<p>&nbsp;<\/p>\r\n\r\n<p><b><img src=\"https:\/\/www.abint.org.br\/assets\/img\/editor\/fenasan-2024_202407181205570iB7KW1OZ4.jpg\" style=\"width: 500px; height: 178px;\" \/><\/b><\/p>\r\n\r\n<p>O&nbsp;<b>CTG ABINT apoia a Feira Nacional de Saneamento e Meio Ambiente &ndash; Fenasan e do 35&ordm; Encontro T&eacute;cnico AESabesp, que ocorrer&atilde;o de 22 a 24 de outubro de 2024<\/b>, no Pavilh&atilde;o Verde e Vermelho, no Expo Center Norte, em S&atilde;o Paulo. Trata-se do maior evento de saneamento da Am&eacute;rica Latin. A realiza&ccedil;&atilde;o &eacute; da AESabesp &ndash; Associa&ccedil;&atilde;o dos Engenheiros da Sabesp.<\/p>\r\n\r\n<p><i>O tema central desta edi&ccedil;&atilde;o &eacute; &ldquo;Saneamento ambiental: condi&ccedil;&atilde;o fundamental para o enfrentamento das mudan&ccedil;as clim&aacute;ticas&rdquo;. Com um p&uacute;blico tradicionalmente de 22 mil visitantes e alinhada aos ODS &ndash; Objetivos de Desenvolvimento Sustent&aacute;vel estabelecidos pela ONU e aos conceitos de ESG, a edi&ccedil;&atilde;o 2024 continuar&aacute; ampliando o di&aacute;logo em torno das quest&otilde;es de saneamento ambiental, meio ambiente e sustentabilidade e promovendo o compartilhamento de conhecimento altamente qualificado.<\/i><\/p>\r\n\r\n<p><a href=\"http:\/\/www.fenasan.com.br\/\">www.fenasan.com.br<\/a><\/p>\r\n\r\n<p>&nbsp;<\/p>\r\n\r\n<p><b><img src=\"https:\/\/www.abint.org.br\/assets\/img\/editor\/cth-logo-alta-jpg_2024071812065399MMBUXZze.jpg\" style=\"width: 300px; height: 68px;\" \/><\/b><\/p>\r\n\r\n<p><b><img src=\"https:\/\/www.abint.org.br\/assets\/img\/editor\/hospitalmed-2024-logo_20240718120628FoV3In8yB5.png\" style=\"width: 500px; height: 448px;\" \/><\/b><\/p>\r\n\r\n<p><b>O CTH ABINT &eacute; um dos patrocinadores da HospitalMed 2024.<\/b><\/p>\r\n\r\n<p>&ldquo;<i>A melhor e Mais Completa Feira de Sa&uacute;de do Norte\/Nordeste<\/i>&rdquo;, &eacute; uma realiza&ccedil;&atilde;o da HospitalMed Feiras &amp; Eventos e da Insight Feiras de Neg&oacute;cios.<\/p>\r\n\r\n<p><i>&ldquo;O&nbsp;<b>re&uacute;ne toda a cadeia produtiva do setor de sa&uacute;de das regi&otilde;es Norte\/Nordeste<\/b>. &Eacute; o grande encontro de fornecedores de Produtos, Equipamentos, Servi&ccedil;os, Tecnologia e Conte&uacute;do para Hospitais, Laborat&oacute;rios, Farm&aacute;cias, Cl&iacute;nicas, Consult&oacute;rios e Profissionais da Sa&uacute;de&rdquo;.<\/i><\/p>\r\n\r\n<p><a href=\"http:\/\/www.hospitalmed.com.br\/\">www.hospitalmed.com.br<\/a><\/p>\r\n\r\n<p class=\"MsoTitle\" style=\"text-align:justify\"><span style=\"font-size:28pt\"><span style=\"font-family:Cambria,serif\"><span style=\"letter-spacing:-0.5pt\"><b><span style=\"font-size:18.0pt\"><span calibri=\"\" style=\"font-family:\"><span style=\"font-variant:small-caps\">Not&iacute;cias das Associadas<\/span><\/span><\/span><\/b><\/span><\/span><\/span><\/p>\r\n\r\n<p style=\"text-align:justify\"><span style=\"font-size:11pt\"><span style=\"line-height:normal\"><span style=\"font-family:Calibri,sans-serif\"><a href=\"https:\/\/www.tecnicouro.com.br\/post\/ci%C3%AAncia-dos-materiais-impulsiona-a-evolu%C3%A7%C3%A3o-em-tecidos-e-n%C3%A3o-tecidos\" style=\"color:blue; text-decoration:underline\"><span style=\"font-size:14.0pt\">Ci&ecirc;ncia dos materiais impulsiona a evolu&ccedil;&atilde;o em tecidos e n&atilde;o tecidos<\/span><\/a><\/span><\/span><\/span><\/p>\r\n\r\n<p style=\"text-align:justify\"><span style=\"font-size:11pt\"><span style=\"line-height:normal\"><span style=\"font-family:Calibri,sans-serif\"><a href=\"https:\/\/www.reporterdiario.com.br\/noticia\/3469949\/abc-sera-palco-para-curso-brasileiro-de-instalacao-de-geomembranas\/\" style=\"color:blue; text-decoration:underline\"><span style=\"font-size:14.0pt\">ABC ser&aacute; palco para Curso Brasileiro de Instala&ccedil;&atilde;o de Geomembranas<\/span><\/a><\/span><\/span><\/span><\/p>\r\n\r\n<p style=\"text-align:justify\"><span style=\"font-size:11pt\"><span style=\"line-height:normal\"><span style=\"font-family:Calibri,sans-serif\"><a href=\"https:\/\/tissueonline.com.br\/andritz-fornecera-duas-maquinas-de-papel-tissue-para-a-cs-paper-china\/?utm_campaign=newsletter_19072024_novo_modelo&amp;utm_medium=email&amp;utm_source=RD+Station\" style=\"color:blue; text-decoration:underline\"><span style=\"font-size:14.0pt\">ANDRITZ fornecer&aacute; duas m&aacute;quinas de papel tissue para a C&amp;S Paper, China<\/span><\/a><\/span><\/span><\/span><\/p>\r\n\r\n<p style=\"text-align:justify\">&nbsp;<\/p>\r\n\r\n<p style=\"text-align:justify\"><span style=\"font-size:11pt\"><span style=\"line-height:normal\"><span style=\"font-family:Calibri,sans-serif\"><b><span style=\"font-size:18.0pt\"><span style=\"font-variant:small-caps\">Eventos<\/span><\/span><\/b><\/span><\/span><\/span><\/p>\r\n\r\n<p style=\"text-align:justify\"><span style=\"font-size:11pt\"><span style=\"line-height:normal\"><span style=\"font-family:Calibri,sans-serif\"><a href=\"http:\/\/www.construnordeste.com.br\" style=\"color:blue; text-decoration:underline\"><b><span style=\"font-size:14.0pt\">Constru Nordeste<\/span><\/b><\/a><span style=\"font-size:14.0pt\">, 31 de julho a 02 de agosto de 2024, Centro de Conven&ccedil;&otilde;es Salvador, Bahia<\/span><\/span><\/span><\/span><\/p>\r\n\r\n<p style=\"text-align:justify\"><span style=\"font-size:11pt\"><span style=\"line-height:normal\"><span style=\"font-family:Calibri,sans-serif\"><a href=\"https:\/\/www.portaldaindustria.com.br\/cni\/eventos\/seminario-politicas-industriais-brasil-mundo\/?utm_source=comext&amp;utm_medium=email&amp;utm_campaign=eventos&amp;utm_content=id00177#msdynttrid=aKWX9w7bDAcQJjsEPwRcTH7ZjlOLgcrnvIVCamEU3W8\" style=\"color:blue; text-decoration:underline\"><b><span style=\"font-size:14.0pt\">CNI\/ MDIC\/ BNDES | Semin&aacute;rio sobre Pol&iacute;ticas Industriais no Brasil e no Mundo<\/span><\/b><\/a><span style=\"font-size:14.0pt\">, 06 de agosto de 2024, 09h00, na sede da CNI, em Bras&iacute;lia<\/span><\/span><\/span><\/span><\/p>\r\n\r\n<p style=\"text-align:justify\">&nbsp;<\/p>\r\n\r\n<p><img src=\"https:\/\/www.abint.org.br\/assets\/img\/editor\/abtt-academy-curso-compras-texteis-hospitalares_20240604135954xriEyS8abD.jpg\" style=\"width: 500px; height: 500px;\" \/><\/p>\r\n\r\n<h3><a href=\"https:\/\/docs.google.com\/forms\/d\/e\/1FAIpQLSeG7zdl8xZpguBFbIdqyMS61mxfjvFjKOQ3EUqnWgC1RUcAug\/viewform\">Informa&ccedil;&otilde;es e inscri&ccedil;&otilde;es<\/a><\/h3>\r\n\r\n<p style=\"text-align:justify\"><span style=\"font-size:11pt\"><span style=\"line-height:normal\"><span style=\"font-family:Calibri,sans-serif\"><a href=\"https:\/\/emailmarketing.locaweb.com.br\/accounts\/116830\/messages\/524?email=abint@abint.org.br&amp;c=1719495723&amp;contact_id=110&amp;envelope_id=403\" style=\"color:blue; text-decoration:underline\"><b><span style=\"font-size:14.0pt\">JEC Composites Talks Brasil<\/span><\/b><\/a><span style=\"font-size:14.0pt\">, 19 de agosto de 2024, S&atilde;o Paulo, SP.<\/span><\/span><\/span><\/span><\/p>\r\n\r\n<p style=\"text-align:justify\"><span style=\"font-size:11pt\"><span style=\"line-height:normal\"><span style=\"font-family:Calibri,sans-serif\"><a href=\"https:\/\/app.rdstation.email\/mail\/d1246106-5887-4ae3-b115-63593ba00040?utm_campaign=emkt_workshop_-_gestao_de_produtos_quimicos&amp;utm_medium=email&amp;utm_source=RD+Station\" style=\"color:blue; text-decoration:underline\"><b><span style=\"font-size:14.0pt\">Workshop | Gest&atilde;o de Produtos Qu&iacute;micos<\/span><\/b><\/a><span style=\"font-size:14.0pt\">, 20 de agosto de 2024, das 10h &agrave;s 12h, evento online.<\/span><\/span><\/span><\/span><\/p>\r\n\r\n<p style=\"text-align:justify\"><span style=\"font-size:11pt\"><span style=\"line-height:normal\"><span style=\"font-family:Calibri,sans-serif\"><a href=\"http:\/\/www.feiplar.com\" style=\"color:blue; text-decoration:underline\"><b><span style=\"font-size:14.0pt\">FEIPLAR COMPOSITES &amp; FEIPUR &ndash; Feira e Congresso Internacionais de Composites, Poliuretano, Pl&aacute;sticos de Engenharia e Compostos Termopl&aacute;sticos<\/span><\/b><\/a><span style=\"font-size:14.0pt\">, 20 a 22 de agosto de 2024, S&atilde;o Paulo Expo (Pavilh&atilde;o 5), palestras: das 8h30 &agrave;s 18h, feira: das 13h &agrave;s 20h.<b> <\/b><\/span><\/span><\/span><\/span><\/p>\r\n\r\n<p style=\"text-align:justify\"><span style=\"font-size:11pt\"><span style=\"line-height:normal\"><span style=\"font-family:Calibri,sans-serif\"><a href=\"http:\/\/www.techtextil-north-america.us.messefrankfurt.com\" style=\"color:blue; text-decoration:underline\"><b><span lang=\"EN-US\" style=\"font-size:14.0pt\">Techtextil North America 2024<\/span><\/b><\/a><span lang=\"EN-US\" style=\"font-size:14.0pt\">, August 20 &ndash; 24, Raleigh, North Carolina.<\/span><\/span><\/span><\/span><\/p>\r\n\r\n<p style=\"text-align:justify\"><span style=\"font-size:11pt\"><span style=\"line-height:normal\"><span style=\"font-family:Calibri,sans-serif\"><a href=\"https:\/\/www.conceitoseminarios.com.br\/seminario\/6-forum-novo-marco-do-saneamento\/\" style=\"color:blue; text-decoration:underline\"><b><span style=\"font-size:14.0pt\">6&ordm; F&oacute;rum Novo Marco do Saneamento<\/span><\/b><\/a><span style=\"font-size:14.0pt\">, 29 de agosto de 2024, 08h30 &agrave;s 18h00, Hotel Meli&aacute; Jardim Europa, Rua Jo&atilde;o Cachoeira, 107, Itaim Bibi, S&atilde;o Paulo.<\/span><\/span><\/span><\/span><\/p>\r\n\r\n<p style=\"text-align:justify\"><span style=\"font-size:11pt\"><span style=\"line-height:normal\"><span style=\"font-family:Calibri,sans-serif\"><a href=\"http:\/\/www.fenasan.com.br\" style=\"color:blue; text-decoration:underline\"><b><span style=\"font-size:14.0pt\">Fenasan 2024 &ndash; Feira Nacional de Saneamento e Meio Ambiente<\/span><\/b><\/a><span style=\"font-size:14.0pt\">, 22 a 24 de outubro de 2024, Pavilh&otilde;es Verde e Vermelho, Expo Center Norte, S&atilde;o Paulo SP<\/span><\/span><\/span><\/span><\/p>\r\n\r\n<p style=\"text-align:justify\"><span style=\"font-size:11pt\"><span style=\"line-height:normal\"><span style=\"font-family:Calibri,sans-serif\"><a href=\"http:\/\/www.hospitalmed.com.br\" style=\"color:blue; text-decoration:underline\"><b><span style=\"font-size:14.0pt\">HospitalMed 2024<\/span><\/b><\/a><span style=\"font-size:14.0pt\">, 23 a 25 de outubro, das 14h &agrave;s 20h, no Pernambuco Centro de Conven&ccedil;&otilde;es<\/span><\/span><\/span><\/span><\/p>\r\n\r\n<p style=\"text-align:justify\"><span style=\"font-size:11pt\"><span style=\"line-height:normal\"><span style=\"font-family:Calibri,sans-serif\"><a href=\"http:\/\/www.congressoabit.com.br\" style=\"color:blue; text-decoration:underline\"><b><span style=\"font-size:14.0pt\">Congresso Internacional Abit 2024<\/span><\/b><\/a><span style=\"font-size:14.0pt\">, 30 e 31 de outubro, Salvador, Bahia<\/span><\/span><\/span><\/span><\/p>\r\n\r\n<p style=\"text-align:justify\"><span style=\"font-size:11pt\"><span style=\"line-height:normal\"><span style=\"font-family:Calibri,sans-serif\"><a href=\"https:\/\/www.fimec.com.br\/\" style=\"color:blue; text-decoration:underline\"><b><span style=\"font-size:14.0pt\">Fimec 2025<\/span><\/b><\/a><span style=\"font-size:14.0pt\">, 18 a 20 de mar&ccedil;o, Fenac, Novo Hamburgo, RS<\/span><\/span><\/span><\/span><\/p>\r\n\r\n<p style=\"text-align:justify\"><span style=\"font-size:28pt\"><span style=\"font-family:Cambria,serif\"><span style=\"letter-spacing:-0.5pt\"><b><span style=\"font-size:18.0pt\"><span calibri=\"\" style=\"font-family:\"><span style=\"font-variant:small-caps\">Setor<\/span><\/span><\/span><\/b><\/span><\/span><\/span><\/p>\r\n\r\n<p style=\"text-align:justify\"><span style=\"font-size:11pt\"><span style=\"line-height:normal\"><span style=\"font-family:Calibri,sans-serif\"><a href=\"https:\/\/plasticosemrevista.com.br\/pp-excedente-mundial-na-veia-e-sem-tregua\/\" style=\"color:blue; text-decoration:underline\"><span style=\"font-size:14.0pt\">PP: excedente mundial na veia e sem tr&eacute;gua<\/span><\/a><\/span><\/span><\/span><\/p>\r\n\r\n<p style=\"text-align:justify\"><span style=\"font-size:11pt\"><span style=\"line-height:normal\"><span style=\"font-family:Calibri,sans-serif\"><a href=\"https:\/\/tissueonline.com.br\/tendencia-de-desfralde-gentil-impulsiona-mercado-de-fraldas-em-meio-a-queda-de-natalidade\/?utm_campaign=newsletter_19072024_novo_modelo&amp;utm_medium=email&amp;utm_source=RD+Station\" style=\"color:blue; text-decoration:underline\"><span style=\"font-size:14.0pt\">Tend&ecirc;ncia de desfralde gentil impulsiona mercado de fraldas em meio &agrave; queda de natalidade<\/span><\/a><\/span><\/span><\/span><\/p>\r\n\r\n<p style=\"text-align:justify\"><span style=\"font-size:11pt\"><span style=\"line-height:normal\"><span style=\"font-family:Calibri,sans-serif\"><a href=\"https:\/\/tissueonline.com.br\/kimberly-clark-brasil-se-prepara-para-dobrar-de-tamanho-ate-2028\/\" style=\"color:blue; text-decoration:underline\"><span style=\"font-size:14.0pt\">Kimberly-Clark Brasil se prepara para dobrar de tamanho at&eacute; 2028<\/span><\/a><\/span><\/span><\/span><\/p>\r\n\r\n<p style=\"text-align:justify\"><span style=\"font-size:11pt\"><span style=\"line-height:normal\"><span style=\"font-family:Calibri,sans-serif\"><a href=\"https:\/\/www.wilx.com\/2024\/07\/16\/michigan-bans-flushable-wipes-labeling\/\" style=\"color:blue; text-decoration:underline\"><span lang=\"EN-US\" style=\"font-size:14.0pt\">Michigan bans &lsquo;flushable&rsquo; wipes labeling<\/span><\/a><\/span><\/span><\/span><\/p>\r\n\r\n<p style=\"text-align:justify\"><span style=\"font-size:28pt\"><span style=\"font-family:Cambria,serif\"><span style=\"letter-spacing:-0.5pt\"><b><span lang=\"EN-US\" style=\"font-size:18.0pt\"><span calibri=\"\" style=\"font-family:\"><span style=\"font-variant:small-caps\">Ind&uacute;stria<\/span><\/span><\/span><\/b><\/span><\/span><\/span><\/p>\r\n\r\n<p style=\"text-align:justify\"><span style=\"font-size:11pt\"><span style=\"line-height:normal\"><span style=\"font-family:Calibri,sans-serif\"><a href=\"http:\/\/www.revistaplasticosul.com.br\/industria-4-0\/indice-gs1-aponta-queda-na-intencao-da-industria-em-lancar-produtos\/\" style=\"color:blue; text-decoration:underline\"><span style=\"font-size:14.0pt\">&Iacute;ndice GS1 Brasil de Atividade Industrial aponta queda na inten&ccedil;&atilde;o da ind&uacute;stria em lan&ccedil;ar produtos de junho a maio<\/span><\/a><\/span><\/span><\/span><\/p>\r\n\r\n<p style=\"text-align:justify\"><span style=\"font-size:11pt\"><span style=\"line-height:normal\"><span style=\"font-family:Calibri,sans-serif\"><a href=\"https:\/\/www.moveisdevalor.com.br\/portal\/abicol-pressiona-governo-para-evitar-impacto-em-materias-primas?source=news\" style=\"color:blue; text-decoration:underline\"><span style=\"font-size:14.0pt\">Abicol pressiona governo para evitar impacto em mat&eacute;rias-primas<\/span><\/a><\/span><\/span><\/span><\/p>\r\n\r\n<p style=\"text-align:justify\"><span style=\"font-size:11pt\"><span style=\"line-height:normal\"><span style=\"font-family:Calibri,sans-serif\"><a href=\"https:\/\/www.balcaoautomotivo.com\/2024\/07\/15\/mesmo-com-vendas-em-alta-anfavea-reve-para-baixo-projecao-de-producao\/\" style=\"color:blue; text-decoration:underline\"><span style=\"font-size:14.0pt\">Mesmo com vendas em alta, Anfavea rev&ecirc; para baixo proje&ccedil;&atilde;o de produ&ccedil;&atilde;o<\/span><\/a><\/span><\/span><\/span><\/p>\r\n\r\n<p style=\"text-align:justify\"><span style=\"font-size:11pt\"><span style=\"line-height:normal\"><span style=\"font-family:Calibri,sans-serif\"><a href=\"https:\/\/aepet.org.br\/noticia\/abiquim-alerta-preco-do-gas-e-baixa-taxa-de-importacao-estao-destruindo-as-industrias-quimicas-brasileiras\/\" style=\"color:blue; text-decoration:underline\"><span style=\"font-size:14.0pt\">Abiquim alerta: pre&ccedil;o do g&aacute;s e baixa taxa de importa&ccedil;&atilde;o est&atilde;o destruindo as ind&uacute;strias qu&iacute;micas brasileiras<\/span><\/a><\/span><\/span><\/span><\/p>\r\n\r\n<p style=\"text-align:justify\"><span style=\"font-size:28pt\"><span style=\"font-family:Cambria,serif\"><span style=\"letter-spacing:-0.5pt\"><b><span style=\"font-size:18.0pt\"><span calibri=\"\" style=\"font-family:\"><span style=\"font-variant:small-caps\">Sustentabilidade<\/span><\/span><\/span><\/b><\/span><\/span><\/span><\/p>\r\n\r\n<p style=\"text-align:justify\"><span style=\"font-size:11pt\"><span style=\"line-height:normal\"><span style=\"font-family:Calibri,sans-serif\"><a href=\"https:\/\/midiamax.uol.com.br\/publieditorial\/2024\/producao-de-plasticos-reciclados-cresce-no-brasil\/\" style=\"color:blue; text-decoration:underline\"><span style=\"font-size:14.0pt\">Produ&ccedil;&atilde;o de Pl&aacute;sticos Reciclados Cresce no Brasil<\/span><\/a><\/span><\/span><\/span><\/p>\r\n\r\n<p style=\"text-align:justify\"><span style=\"font-size:11pt\"><span style=\"line-height:normal\"><span style=\"font-family:Calibri,sans-serif\"><a href=\"https:\/\/ibre.fgv.br\/blog-da-conjuntura-economica\/artigos\/saneamento-e-mudancas-climaticas-duas-agendas-urgentes\" style=\"color:blue; text-decoration:underline\"><span style=\"font-size:14.0pt\">Saneamento e mudan&ccedil;as clim&aacute;ticas: duas agendas urgentes<\/span><\/a><\/span><\/span><\/span><\/p>\r\n\r\n<p style=\"text-align:justify\"><span style=\"font-size:11pt\"><span style=\"line-height:normal\"><span style=\"font-family:Calibri,sans-serif\"><a href=\"https:\/\/www.youtube.com\/watch?v=fvxaYwP3P3w\" style=\"color:blue; text-decoration:underline\"><span style=\"font-size:14.0pt\">Fio de Prosa #7 - Da produ&ccedil;&atilde;o mais limpa &agrave; descarboniza&ccedil;&atilde;o<\/span><\/a><\/span><\/span><\/span><\/p>\r\n\r\n<p style=\"text-align:justify\"><span style=\"font-size:11pt\"><span style=\"line-height:normal\"><span style=\"font-family:Calibri,sans-serif\"><a href=\"https:\/\/www.technicaltextile.net\/news\/us-purecycle-completes-successful-trial-with-pcr-resin-296689.html\" style=\"color:blue; text-decoration:underline\"><span lang=\"EN-US\" style=\"font-size:14.0pt\">US&#39; PureCycle completes successful trial with PCR resin<\/span><\/a><\/span><\/span><\/span><\/p>\r\n\r\n<p style=\"text-align:justify\"><span style=\"font-size:28pt\"><span style=\"font-family:Cambria,serif\"><span style=\"letter-spacing:-0.5pt\"><b><span style=\"font-size:18.0pt\"><span calibri=\"\" style=\"font-family:\"><span style=\"font-variant:small-caps\">Inova&ccedil;&atilde;o<\/span><\/span><\/span><\/b><\/span><\/span><\/span><\/p>\r\n\r\n<p style=\"text-align:justify\"><span style=\"font-size:11pt\"><span style=\"line-height:normal\"><span style=\"font-family:Calibri,sans-serif\"><a href=\"https:\/\/gizmodo.uol.com.br\/tecnologia-nanofibras-de-celulose-reforcam-mascaras-cirurgicas\/\" style=\"color:blue; text-decoration:underline\"><span style=\"font-size:14.0pt\">Tecnologia: nanofibras de celulose refor&ccedil;am m&aacute;scaras cir&uacute;rgicas<\/span><\/a><\/span><\/span><\/span><\/p>\r\n\r\n<p style=\"text-align:justify\"><span style=\"font-size:11pt\"><span style=\"line-height:normal\"><span style=\"font-family:Calibri,sans-serif\"><a href=\"https:\/\/www.inovacaotecnologica.com.br\/noticias\/noticia.php?artigo=mascara-invisivel-mata-virus-bloqueia-99-8-aerossois&amp;id=010180240717&amp;ebol=sim\" style=\"color:blue; text-decoration:underline\"><span style=\"font-size:14.0pt\">M&aacute;scara invis&iacute;vel mata v&iacute;rus e bloqueia 99,8% dos aeross&oacute;is<\/span><\/a><\/span><\/span><\/span><\/p>\r\n\r\n<p style=\"text-align:justify\"><span style=\"font-size:11pt\"><span style=\"line-height:normal\"><span style=\"font-family:Calibri,sans-serif\"><a href=\"https:\/\/www.inovacaotecnologica.com.br\/noticias\/noticia.php?artigo=tecidos-inteligentes-basta-costura-seja-esperta&amp;id=010110240722&amp;ebol=sim\" style=\"color:blue; text-decoration:underline\"><span style=\"font-size:14.0pt\">Tecidos inteligentes? Basta que a costura seja esperta<\/span><\/a><\/span><\/span><\/span><\/p>\r\n\r\n<p style=\"text-align:justify\"><span style=\"font-size:11pt\"><span style=\"line-height:normal\"><span style=\"font-family:Calibri,sans-serif\"><a href=\"https:\/\/engenharia360.com\/como-sao-fabricadas-as-esponjas\/\" style=\"color:blue; text-decoration:underline\"><span style=\"font-size:14.0pt\">7 Solu&ccedil;&otilde;es inovadoras de Engenharia para os Jogos Ol&iacute;mpicos de Paris 2024<\/span><\/a><\/span><\/span><\/span><\/p>\r\n\r\n<p style=\"text-align:justify\"><span style=\"font-size:11pt\"><span style=\"line-height:normal\"><span style=\"font-family:Calibri,sans-serif\"><a href=\"https:\/\/techxplore.com\/news\/2024-07-scientists-3d-fabric-medical-devices.html?utm_source=nwletter&amp;utm_medium=email&amp;utm_campaign=daily-nwletter\" style=\"color:blue; text-decoration:underline\"><span lang=\"EN-US\" style=\"font-size:14.0pt\">Scientists develop 3D-printed active fabric for medical devices and soft robotics<\/span><\/a><\/span><\/span><\/span><\/p>\r\n\r\n<p style=\"text-align:justify\"><span style=\"font-size:28pt\"><span style=\"font-family:Cambria,serif\"><span style=\"letter-spacing:-0.5pt\"><b><span style=\"font-size:18.0pt\"><span calibri=\"\" style=\"font-family:\"><span style=\"font-variant:small-caps\">Com&eacute;rcio Exterior<\/span><\/span><\/span><\/b><\/span><\/span><\/span><\/p>\r\n\r\n<p style=\"text-align:justify\"><span style=\"font-size:11pt\"><span style=\"line-height:normal\"><span style=\"font-family:Calibri,sans-serif\"><a href=\"https:\/\/operamundi.uol.com.br\/politica-e-economia\/cupula-do-mercosul-tem-ausencia-de-milei-bolivia-como-membro-pleno-e-acordo-com-china\/\" style=\"color:blue; text-decoration:underline\"><span style=\"font-size:14.0pt\">C&uacute;pula do Mercosul tem aus&ecirc;ncia de Milei, Bol&iacute;via como membro pleno e acordo com China<\/span><\/a><\/span><\/span><\/span><\/p>\r\n\r\n<p style=\"text-align:justify\"><span style=\"font-size:11pt\"><span style=\"line-height:normal\"><span style=\"font-family:Calibri,sans-serif\"><a href=\"https:\/\/www.correiobraziliense.com.br\/politica\/2024\/07\/6899140-lula-recebe-presidente-da-italia-e-fala-em-pressa-para-acordo-mercosul-ue.html\" style=\"color:blue; text-decoration:underline\"><span style=\"font-size:14.0pt\">Lula recebe presidente da It&aacute;lia e fala em pressa para acordo Mercosul\/UE<\/span><\/a><\/span><\/span><\/span><\/p>\r\n\r\n<p style=\"text-align:justify\"><span style=\"font-size:11pt\"><span style=\"line-height:normal\"><span style=\"font-family:Calibri,sans-serif\"><a href=\"https:\/\/comexdobrasil.com\/acordo-de-livre-comercio-mercosul-emirados-arabes-deve-ser-concluido-em-novembro-diz-inmetro\/\" style=\"color:blue; text-decoration:underline\"><span style=\"font-size:14.0pt\">Acordo comercial Mercosul-Emirados deve ser conclu&iacute;do em novembro, diz Inmetro<\/span><\/a><\/span><\/span><\/span><\/p>\r\n\r\n<p style=\"text-align:justify\"><span style=\"font-size:11pt\"><span style=\"line-height:normal\"><span style=\"font-family:Calibri,sans-serif\"><a href=\"https:\/\/anba.com.br\/palestina-mercosul-aguardadas-mais-ratificacoes\/\" style=\"color:blue; text-decoration:underline\"><span style=\"font-size:14.0pt\">Palestina-Mercosul: aguardadas mais ratifica&ccedil;&otilde;es<\/span><\/a><\/span><\/span><\/span><\/p>\r\n\r\n<p style=\"text-align:justify\"><span style=\"font-size:11pt\"><span style=\"line-height:normal\"><span style=\"font-family:Calibri,sans-serif\"><a href=\"https:\/\/apexbrasil.com.br\/br\/pt\/conteudo\/noticias\/negocios-firmados-entre-empresarios-bolivianos-e-brasileiros-confirmam-o-sucesso-do-forum-empresarial-bolivia-brasil-afirma-jorge-viana.html#msdynttrid=ZtbrE_IeOtnRAwtMwQHwLCVeEmMsttEJkktNPAYVKN8\" style=\"color:blue; text-decoration:underline\"><span style=\"font-size:14.0pt\">Neg&oacute;cios firmados entre empres&aacute;rios bolivianos e brasileiros confirmam o sucesso do F&oacute;rum Empresarial Bol&iacute;via-Brasil, afirma Jorge Viana<\/span><\/a><\/span><\/span><\/span><\/p>\r\n\r\n<p style=\"text-align:justify\"><span style=\"font-size:11pt\"><span style=\"line-height:normal\"><span style=\"font-family:Calibri,sans-serif\"><a href=\"https:\/\/apexbrasil.com.br\/br\/pt\/conteudo\/noticias\/Direto-do-Mercado-edicao-Chile-conheca-oportunidades-e-saiba-como-acessar-o-mercado-chileno.html#msdynttrid=g-XcIcIxa4UUuZ6Gkb6vnqr6Enbo0iEH5HJt53GVxD8\" style=\"color:blue; text-decoration:underline\"><span style=\"font-size:14.0pt\">Direto do Mercado edi&ccedil;&atilde;o Chile: conhe&ccedil;a oportunidades e saiba como acessar o mercado chileno<\/span><\/a><\/span><\/span><\/span><\/p>\r\n\r\n<p style=\"text-align:justify\"><span style=\"font-size:11pt\"><span style=\"line-height:normal\"><span style=\"font-family:Calibri,sans-serif\"><a href=\"https:\/\/apexbrasil.com.br\/br\/pt\/conteudo\/noticias\/Segunda-maior-economia-africana-apresenta-mais-de-180-oportunidades-para-exportacoes-brasileiras.html#msdynttrid=ACsnyIumC7vDQ_-0c4mRP-RrftqS5bPHBilBT5Uef38\" style=\"color:blue; text-decoration:underline\"><span style=\"font-size:14.0pt\">Segunda maior economia africana apresenta mais de 180 oportunidades para exporta&ccedil;&otilde;es brasileiras<\/span><\/a><\/span><\/span><\/span><\/p>\r\n\r\n<p style=\"text-align:justify\"><span style=\"font-size:28pt\"><span style=\"font-family:Cambria,serif\"><span style=\"letter-spacing:-0.5pt\"><b><span style=\"font-size:18.0pt\"><span calibri=\"\" style=\"font-family:\"><span style=\"font-variant:small-caps\">Economia<\/span><\/span><\/span><\/b><\/span><\/span><\/span><\/p>\r\n\r\n<p style=\"text-align:justify\"><span style=\"font-size:11pt\"><span style=\"line-height:normal\"><span style=\"font-family:Calibri,sans-serif\"><a href=\"https:\/\/www.bcb.gov.br\/content\/focus\/focus\/R20240719.pdf\" style=\"color:blue; text-decoration:underline\"><span style=\"font-size:14.0pt\">Focus - Relat&oacute;rio de Mercado<\/span><\/a><\/span><\/span><\/span><\/p>\r\n\r\n<p style=\"text-align:justify\"><span style=\"font-size:11pt\"><span style=\"line-height:normal\"><span style=\"font-family:Calibri,sans-serif\"><a href=\"https:\/\/www.infomoney.com.br\/economia\/monitor-do-pib-da-fgv-tem-alta-de-03-em-maio-ante-abril-puxado-por-consumo\/\" style=\"color:blue; text-decoration:underline\"><span style=\"font-size:14.0pt\">Monitor do PIB da FGV tem alta de 0,3% em maio ante abril, puxado por consumo<\/span><\/a><\/span><\/span><\/span><\/p>\r\n\r\n<p style=\"text-align:justify\"><span style=\"font-size:11pt\"><span style=\"line-height:normal\"><span style=\"font-family:Calibri,sans-serif\"><a href=\"https:\/\/ibre.fgv.br\/blog-da-conjuntura-economica\/artigos\/com-impacto-menor-das-enchentes-no-sul-boletim-macro-fgv-ibre\" style=\"color:blue; text-decoration:underline\"><span style=\"font-size:14.0pt\">Com impacto menor das enchentes no Sul, Boletim Macro FGV IBRE revisa proje&ccedil;&atilde;o do PIB de 2024, para 2,2%<\/span><\/a><\/span><\/span><\/span><\/p>\r\n\r\n<p style=\"text-align:justify\"><span style=\"font-size:11pt\"><span style=\"line-height:normal\"><span style=\"font-family:Calibri,sans-serif\"><a href=\"https:\/\/www.jota.info\/tributos\/fazenda-estuda-novas-medidas-compensatorias-para-a-desoneracao-da-folha-05072024\" style=\"color:blue; text-decoration:underline\"><span style=\"font-size:14.0pt\">Fazenda estuda novas medidas compensat&oacute;rias para a desonera&ccedil;&atilde;o da folha<\/span><\/a><\/span><\/span><\/span><\/p>\r\n\r\n<p style=\"text-align:justify\"><span style=\"font-size:11pt\"><span style=\"line-height:normal\"><span style=\"font-family:Calibri,sans-serif\"><a href=\"https:\/\/www.jota.info\/tributos\/reforma-tributaria-aprovada-na-camara-deve-passar-por-alteracoes-no-senado-16072024#:~:text=Reforma%20tribut%C3%A1ria%20aprovada%20na%20C%C3%A2mara%20deve%20passar%20por%20altera%C3%A7%C3%B5es%20no%20Senado,-Com%20a%20inclus%C3%A3o&amp;text=A%20aprova%C3%A7%C3%A3o%20pela%20C%C3%A2mara%20dos,de%20impostos%20sobre%20consumo%20amea%C3%A7ada.\" style=\"color:blue; text-decoration:underline\"><span style=\"font-size:14.0pt\">Reforma tribut&aacute;ria aprovada na C&acirc;mara deve passar por altera&ccedil;&otilde;es no Senado<\/span><\/a><\/span><\/span><\/span><\/p>\r\n\r\n<p style=\"text-align:justify\"><span style=\"font-size:11pt\"><span style=\"line-height:normal\"><span style=\"font-family:Calibri,sans-serif\"><a href=\"https:\/\/www.fibre2fashion.com\/news\/textile-news\/imf-projects-global-growth-to-hit-3-2-in-2024-3-3-in-2025-296757-newsdetails.htm\" style=\"color:blue; text-decoration:underline\"><span lang=\"EN-US\" style=\"font-size:14.0pt\">IMF projects global growth to hit 3.2% in 2024, 3.3% in 2025<\/span><\/a><\/span><\/span><\/span><\/p>\r\n\r\n<p style=\"text-align:justify\"><span style=\"font-size:11pt\"><span style=\"line-height:normal\"><span style=\"font-family:Calibri,sans-serif\"><a href=\"https:\/\/www.fibre2fashion.com\/news\/textile-news\/economy-grows-at-slight-to-modest-pace-in-most-districts-us-fed-296773-newsdetails.htm\" style=\"color:blue; text-decoration:underline\"><span lang=\"EN-US\" style=\"font-size:14.0pt\">Economy grows at slight to modest pace in most districts: US Fed<\/span><\/a><\/span><\/span><\/span><\/p>\r\n\r\n<p><img src=\"https:\/\/www.abint.org.br\/assets\/img\/editor\/redes-sociais-abint-ctg-cth_202406041400398QFSSawN2a.jpg\" \/><\/p>\r\n","texto_en":"","7":"","imagem":"COMP_capa-2024-site-boletim-abint-noticias-semanis_202407231749326JzRvEXBk3.jpg","8":"COMP_capa-2024-site-boletim-abint-noticias-semanis_202407231749326JzRvEXBk3.jpg","arquivo":"20240723-BOLETIM-ABINT-DE-NOTICIAS-SEMANAIS.PDF","9":"20240723-BOLETIM-ABINT-DE-NOTICIAS-SEMANAIS.PDF","titulo_arquivo":"20240723 Boletim ABINT de Not\u00edcias Semanais","10":"20240723 Boletim ABINT de Not\u00edcias Semanais","titulo_arquivo_en":"","11":"","created_at":"2024-07-23 17:49:42","12":"2024-07-23 17:49:42","updated_at":"2024-07-23 17:51:36","13":"2024-07-23 17:51:36"},{"id":127,"0":127,"ordem":96,"1":96,"data":"2024-07-16","2":"2024-07-16","slug":"boletim-abint-de-noticias-semanais-38","3":"boletim-abint-de-noticias-semanais-38","titulo":"Boletim ABINT de Not\u00edcias Semanais","4":"Boletim ABINT de Not\u00edcias Semanais","titulo_en":"","5":"","texto":"<p style=\"text-align:justify\"><span style=\"font-size:11pt\"><span style=\"line-height:normal\"><span style=\"font-family:Calibri,sans-serif\"><span style=\"font-size:14.0pt\">Esta &eacute; uma compila&ccedil;&atilde;o das not&iacute;cias mais relevantes para o setor, incluindo informa&ccedil;&otilde;es sobre acordos internacionais, economia brasileira, sustentabilidade e mat&eacute;rias primas, al&eacute;m de novidades do setor de N&atilde;otecidos e Tecidos T&eacute;cnicos.<\/span><\/span><\/span><\/span><\/p>\r\n\r\n<p style=\"text-align:justify\"><span style=\"font-size:28pt\"><span style=\"font-family:Cambria,serif\"><span style=\"letter-spacing:-0.5pt\"><b><span style=\"font-size:18.0pt\"><span calibri=\"\" style=\"font-family:\"><span style=\"font-variant:small-caps\">O que vem por a&iacute;<\/span><\/span><\/span><\/b><\/span><\/span><\/span><\/p>\r\n\r\n<p style=\"text-align:justify\"><span style=\"font-size:28pt\"><span style=\"font-family:Cambria,serif\"><span style=\"letter-spacing:-0.5pt\"><b><span style=\"font-size:18.0pt\"><span calibri=\"\" style=\"font-family:\"><span style=\"font-variant:small-caps\"><img src=\"https:\/\/www.abint.org.br\/assets\/img\/editor\/abint-logo-2020-g_20240718120253AiMVeeaPvS.png\" style=\"width: 300px; height: 69px;\" \/><\/span><\/span><\/span><\/b><\/span><\/span><\/span><\/p>\r\n\r\n<p style=\"text-align:justify\"><span style=\"font-size:28pt\"><span style=\"font-family:Cambria,serif\"><span style=\"letter-spacing:-0.5pt\"><b><span style=\"font-size:18.0pt\"><span calibri=\"\" style=\"font-family:\"><span style=\"font-variant:small-caps\"><img src=\"https:\/\/www.abint.org.br\/assets\/img\/editor\/post-quadrado-curso-naotecido_202407181203165i33j4kBqd.jpg\" style=\"width: 500px; height: 500px;\" \/><\/span><\/span><\/span><\/b><\/span><\/span><\/span><\/p>\r\n\r\n<p style=\"text-align:justify\"><span style=\"font-size:11pt\"><span style=\"line-height:normal\"><span style=\"font-family:Calibri,sans-serif\"><a href=\"https:\/\/forms.office.com\/r\/5DrqtK5n3Y\" style=\"color:blue; text-decoration:underline\"><span style=\"font-size:14.0pt\">Informa&ccedil;&otilde;es e inscri&ccedil;&otilde;es<\/span><\/a><\/span><\/span><\/span><\/p>\r\n\r\n<p align=\"center\" style=\"text-align:center\">&nbsp;<\/p>\r\n\r\n<p style=\"text-align:justify\"><span style=\"font-size:28pt\"><span style=\"font-family:Cambria,serif\"><span style=\"letter-spacing:-0.5pt\"><b><span style=\"font-size:18.0pt\"><span calibri=\"\" style=\"font-family:\"><span style=\"font-variant:small-caps\"><img src=\"https:\/\/www.abint.org.br\/assets\/img\/editor\/logo-ctg-abint-png_20240718120356AYjq6yKWjI.png\" style=\"width: 300px; height: 55px;\" \/><\/span><\/span><\/span><\/b><\/span><\/span><\/span><\/p>\r\n\r\n<p style=\"text-align:justify\"><span style=\"font-size:11pt\"><span style=\"line-height:normal\"><span style=\"font-family:Calibri,sans-serif\"><span style=\"font-size:14.0pt\">No dia 06 de agosto, O CTG ABINT realizar&aacute; um webinar sobre os problemas originados pela baixa qualidade nos processos de instala&ccedil;&atilde;o de geomembranas. O webinar contar&aacute; com a presen&ccedil;a dos instrutores do pr&oacute;ximo Curso Brasileiro de Instala&ccedil;&atilde;o de Geomembranas &ldquo;Paulo Kenji A&ccedil;akura&rdquo; 2024, que ser&aacute; realizado de 13 a 16 de agosto. Para acompanhar o Webinar, <\/span><a href=\"https:\/\/www.youtube.com\/watch?v=KpIU_D9OWco\" style=\"color:blue; text-decoration:underline\"><span style=\"font-size:14.0pt\">acesse aqui<\/span><\/a><\/span><\/span><\/span><\/p>\r\n\r\n<p style=\"text-align:justify\">&nbsp;<\/p>\r\n\r\n<p style=\"text-align:justify\"><span style=\"font-size:28pt\"><span style=\"font-family:Cambria,serif\"><span style=\"letter-spacing:-0.5pt\"><b><span style=\"font-size:18.0pt\"><span calibri=\"\" style=\"font-family:\"><span style=\"font-variant:small-caps\"><img src=\"https:\/\/www.abint.org.br\/assets\/img\/editor\/capa-live-curso-instal-gm-2024-06082024_20240718120436gZ9wUtoB6Y.jpeg\" style=\"width: 700px; height: 394px;\" \/><\/span><\/span><\/span><\/b><\/span><\/span><\/span><\/p>\r\n\r\n<p style=\"text-align:justify\">&nbsp;<\/p>\r\n\r\n<p style=\"text-align:justify\"><span style=\"font-size:11pt\"><span style=\"line-height:normal\"><span style=\"font-family:Calibri,sans-serif\"><span style=\"font-size:14.0pt\">E nos dias 13 a 15 de agosto o CTG ABINT realizar&aacute; o Curso de Instala&ccedil;&atilde;o de Geomembranas. <\/span><a href=\"https:\/\/abrir.link\/qpYXB\" style=\"color:blue; text-decoration:underline\"><span style=\"font-size:14.0pt\">Acesse aqui para mais informa&ccedil;&otilde;es e inscri&ccedil;&otilde;es<\/span><\/a><span style=\"font-size:14.0pt\">.<\/span><\/span><\/span><\/span><\/p>\r\n\r\n<p style=\"text-align:justify\">&nbsp;<\/p>\r\n\r\n<p style=\"text-align:justify\"><span style=\"font-size:28pt\"><span style=\"font-family:Cambria,serif\"><span style=\"letter-spacing:-0.5pt\"><b><span style=\"font-size:18.0pt\"><span calibri=\"\" style=\"font-family:\"><span style=\"font-variant:small-caps\"><img src=\"https:\/\/www.abint.org.br\/assets\/img\/editor\/e-mail-mkt-curso-instal-gm-2024_20240718120456aWI5eANQaU.jpeg\" style=\"width: 700px; height: 350px;\" \/><\/span><\/span><\/span><\/b><\/span><\/span><\/span><\/p>\r\n\r\n<p style=\"text-align:justify\">&nbsp;<\/p>\r\n\r\n<p style=\"text-align:justify\"><span style=\"font-size:28pt\"><span style=\"font-family:Cambria,serif\"><span style=\"letter-spacing:-0.5pt\"><b><span style=\"font-size:18.0pt\"><span calibri=\"\" style=\"font-family:\"><span style=\"font-variant:small-caps\"><img src=\"https:\/\/www.abint.org.br\/assets\/img\/editor\/20240924-cobramseg-2024_20240718120541ztVNeqlLuA.png\" \/><\/span><\/span><\/span><\/b><\/span><\/span><\/span><\/p>\r\n\r\n<p style=\"text-align:justify\"><span style=\"font-size:11pt\"><span style=\"line-height:normal\"><span style=\"font-family:Calibri,sans-serif\"><b><span style=\"font-size:14.0pt\">O CTG ABINT &eacute; um dos patrocinadores da 21&ordf; edi&ccedil;&atilde;o do Cobramseg &ndash; Congresso Brasileiro de Mec&acirc;nica dos Solos e Engenharia Geot&eacute;cnica.<\/span><\/b><\/span><\/span><\/span><\/p>\r\n\r\n<p style=\"text-align:justify\"><span style=\"font-size:11pt\"><span style=\"line-height:normal\"><span style=\"font-family:Calibri,sans-serif\"><span style=\"font-size:14.0pt\">&ldquo;<i>Nos reunimos para celebrar a Mec&acirc;nica dos Solos e das Rochas, da GeoEngenharia! Academia, Ind&uacute;stria e &Oacute;rg&atilde;os Gestores unidos para expor seus avan&ccedil;os t&eacute;cnicos e cient&iacute;ficos. Um ambiente rico e diverso que nos permite debater solu&ccedil;&otilde;es e a&ccedil;&otilde;es de forma a fortalecer nossa comunidade geot&eacute;cnica, visando proporcionar um desenvolvimento mais sustent&aacute;vel e seguro para a nossa sociedade<\/i>.&rdquo; V&iacute;tor Pereira Faro, Presidente do COBRAMSEG 2024<\/span><\/span><\/span><\/span><\/p>\r\n\r\n<p style=\"text-align:justify\"><span style=\"font-size:11pt\"><span style=\"line-height:normal\"><span style=\"font-family:Calibri,sans-serif\"><a href=\"http:\/\/www.cobramseg.com.br\" style=\"color:blue; text-decoration:underline\"><span style=\"font-size:14.0pt\">www.cobramseg.com.br<\/span><\/a> <\/span><\/span><\/span><\/p>\r\n\r\n<p style=\"text-align:justify\">&nbsp;<\/p>\r\n\r\n<p style=\"text-align:justify\"><span style=\"font-size:28pt\"><span style=\"font-family:Cambria,serif\"><span style=\"letter-spacing:-0.5pt\"><b><span style=\"font-size:18.0pt\"><span calibri=\"\" style=\"font-family:\"><span style=\"font-variant:small-caps\"><img src=\"https:\/\/www.abint.org.br\/assets\/img\/editor\/fenasan-2024_202407181205570iB7KW1OZ4.jpg\" \/><\/span><\/span><\/span><\/b><\/span><\/span><\/span><\/p>\r\n\r\n<p style=\"text-align:justify\"><span style=\"font-size:11pt\"><span style=\"line-height:normal\"><span style=\"font-family:Calibri,sans-serif\"><span style=\"font-size:14.0pt\">O <b>CTG ABINT apoia a Feira Nacional de Saneamento e Meio Ambiente &ndash; Fenasan e do 35&ordm; Encontro T&eacute;cnico AESabesp, que ocorrer&atilde;o de 22 a 24 de outubro de 2024<\/b>, no Pavilh&atilde;o Verde e Vermelho, no Expo Center Norte, em S&atilde;o Paulo. Trata-se do maior evento de saneamento da Am&eacute;rica Latin. A realiza&ccedil;&atilde;o &eacute; da AESabesp &ndash; Associa&ccedil;&atilde;o dos Engenheiros da Sabesp.<\/span><\/span><\/span><\/span><\/p>\r\n\r\n<p style=\"text-align:justify\"><span style=\"font-size:11pt\"><span style=\"line-height:normal\"><span style=\"font-family:Calibri,sans-serif\"><i><span style=\"font-size:14.0pt\">O tema central desta edi&ccedil;&atilde;o &eacute; &ldquo;Saneamento ambiental: condi&ccedil;&atilde;o fundamental para o enfrentamento das mudan&ccedil;as clim&aacute;ticas&rdquo;. Com um p&uacute;blico tradicionalmente de 22 mil visitantes e alinhada aos ODS &ndash; Objetivos de Desenvolvimento Sustent&aacute;vel estabelecidos pela ONU e aos conceitos de ESG, a edi&ccedil;&atilde;o 2024 continuar&aacute; ampliando o di&aacute;logo em torno das quest&otilde;es de saneamento ambiental, meio ambiente e sustentabilidade e promovendo o compartilhamento de conhecimento altamente qualificado.<\/span><\/i><\/span><\/span><\/span><\/p>\r\n\r\n<p style=\"text-align:justify\"><span style=\"font-size:11pt\"><span style=\"line-height:normal\"><span style=\"font-family:Calibri,sans-serif\"><a href=\"http:\/\/www.fenasan.com.br\" style=\"color:blue; text-decoration:underline\"><span style=\"font-size:14.0pt\">www.fenasan.com.br<\/span><\/a> <\/span><\/span><\/span><\/p>\r\n\r\n<p style=\"text-align:justify\">&nbsp;<\/p>\r\n\r\n<p style=\"text-align:justify\"><span style=\"font-size:28pt\"><span style=\"font-family:Cambria,serif\"><span style=\"letter-spacing:-0.5pt\"><b><span style=\"font-size:18.0pt\"><span calibri=\"\" style=\"font-family:\"><span style=\"font-variant:small-caps\"><img src=\"https:\/\/www.abint.org.br\/assets\/img\/editor\/cth-logo-alta-jpg_2024071812065399MMBUXZze.jpg\" style=\"width: 300px; height: 68px;\" \/><\/span><\/span><\/span><\/b><\/span><\/span><\/span><\/p>\r\n\r\n<p style=\"text-align:justify\"><span style=\"font-size:28pt\"><span style=\"font-family:Cambria,serif\"><span style=\"letter-spacing:-0.5pt\"><b><span style=\"font-size:18.0pt\"><span calibri=\"\" style=\"font-family:\"><span style=\"font-variant:small-caps\"><img src=\"https:\/\/www.abint.org.br\/assets\/img\/editor\/hospitalmed-2024-logo_20240718120628FoV3In8yB5.png\" style=\"width: 500px; height: 448px;\" \/><\/span><\/span><\/span><\/b><\/span><\/span><\/span><\/p>\r\n\r\n<p style=\"text-align:justify\"><span style=\"font-size:11pt\"><span style=\"line-height:normal\"><span style=\"font-family:Calibri,sans-serif\"><b><span style=\"font-size:12.0pt\">O CTH ABINT &eacute; um dos patrocinadores da HospitalMed 2024.<\/span><\/b><\/span><\/span><\/span><\/p>\r\n\r\n<p style=\"text-align:justify\"><span style=\"font-size:11pt\"><span style=\"line-height:normal\"><span style=\"font-family:Calibri,sans-serif\"><span style=\"font-size:12.0pt\">&ldquo;<i>A melhor e Mais Completa Feira de Sa&uacute;de do Norte\/Nordeste<\/i>&rdquo;, &eacute; uma realiza&ccedil;&atilde;o da HospitalMed Feiras &amp; Eventos e da Insight Feiras de Neg&oacute;cios.<\/span><\/span><\/span><\/span><\/p>\r\n\r\n<p style=\"text-align:justify\"><span style=\"font-size:11pt\"><span style=\"line-height:normal\"><span style=\"font-family:Calibri,sans-serif\"><i><span style=\"font-size:12.0pt\">&ldquo;O <b>re&uacute;ne toda a cadeia produtiva do setor de sa&uacute;de das regi&otilde;es Norte\/Nordeste<\/b>. &Eacute; o grande encontro de fornecedores de Produtos, Equipamentos, Servi&ccedil;os, Tecnologia e Conte&uacute;do para Hospitais, Laborat&oacute;rios, Farm&aacute;cias, Cl&iacute;nicas, Consult&oacute;rios e Profissionais da Sa&uacute;de&rdquo;.<\/span><\/i><\/span><\/span><\/span><\/p>\r\n\r\n<p style=\"text-align:justify\"><span style=\"font-size:11.0pt\"><span style=\"line-height:115%\"><span calibri=\"\" style=\"font-family:\"><a href=\"http:\/\/www.hospitalmed.com.br\" style=\"color:blue; text-decoration:underline\"><span style=\"font-size:14.0pt\"><span style=\"line-height:115%\">www.hospitalmed.com.br<\/span><\/span><\/a><\/span><\/span><\/span><\/p>\r\n\r\n<p style=\"text-align:justify\">&nbsp;<\/p>\r\n\r\n<p style=\"text-align:justify\"><span style=\"font-size:28pt\"><span style=\"font-family:Cambria,serif\"><span style=\"letter-spacing:-0.5pt\"><b><span style=\"font-size:18.0pt\"><span calibri=\"\" style=\"font-family:\"><span style=\"font-variant:small-caps\"><img src=\"https:\/\/www.abint.org.br\/assets\/img\/editor\/logo-ctg-abint-png_20240718120729Ed0fuHOjtc.png\" style=\"width: 300px; height: 55px;\" \/><\/span><\/span><\/span><\/b><\/span><\/span><\/span><\/p>\r\n\r\n<p style=\"text-align:justify\"><span style=\"font-size:11pt\"><span style=\"line-height:normal\"><span style=\"font-family:Calibri,sans-serif\"><span style=\"font-size:14.0pt\">No dia 10 de julho, o CTG ABINT realizou a live &ldquo;Garantia de qualidade dos Geossint&eacute;ticos: procedimentos de instala&ccedil;&atilde;o e responsabilidade ambiental, com a presen&ccedil;a da Eng. &Eacute;rica Marques da Silva Santos, p&oacute;s-graduada em geotecnia e em seguran&ccedil;a de barragens e pilhas. Para assistir, <\/span><a href=\"https:\/\/www.instagram.com\/p\/C9QhOn0xJK-\/\" style=\"color:blue; text-decoration:underline\"><span style=\"font-size:14.0pt\">acesse aqui<\/span><\/a><\/span><\/span><\/span><\/p>\r\n\r\n<p style=\"text-align:justify\"><span style=\"font-size:28pt\"><span style=\"font-family:Cambria,serif\"><span style=\"letter-spacing:-0.5pt\"><b><span style=\"font-size:18.0pt\"><span calibri=\"\" style=\"font-family:\"><span style=\"font-variant:small-caps\">Not&iacute;cias das Associadas<\/span><\/span><\/span><\/b><\/span><\/span><\/span><\/p>\r\n\r\n<p style=\"text-align:justify\"><span style=\"font-size:11pt\"><span style=\"line-height:normal\"><span style=\"font-family:Calibri,sans-serif\"><a href=\"https:\/\/www.meiofiltrante.com.br\/Artigo\/6130\/naotecidos-e-sua-versatilidade-de-aplicacoes\" style=\"color:blue; text-decoration:underline\"><span style=\"font-size:14.0pt\">N&atilde;otecidos e sua versatilidade de aplica&ccedil;&otilde;es<\/span><\/a><\/span><\/span><\/span><\/p>\r\n\r\n<p style=\"text-align:justify\"><span style=\"font-size:11pt\"><span style=\"line-height:normal\"><span style=\"font-family:Calibri,sans-serif\"><a href=\"https:\/\/www.meiofiltrante.com.br\/Noticia\/124564\/ctg-abint-realizara-o-curso-brasileiro-de-instalacao-de-geomembranas-paulo-kenji-acakura-\" style=\"color:blue; text-decoration:underline\"><span style=\"font-size:14.0pt\">CTG ABINT realizar&aacute; o Curso Brasileiro de Instala&ccedil;&atilde;o de Geomembranas Paulo Kenji A&ccedil;akura<\/span><\/a><\/span><\/span><\/span><\/p>\r\n\r\n<p style=\"text-align:justify\">&nbsp;<\/p>\r\n\r\n<p style=\"text-align:justify\"><span style=\"font-size:11pt\"><span style=\"line-height:normal\"><span style=\"font-family:Calibri,sans-serif\"><b><span style=\"font-size:18.0pt\"><span style=\"font-variant:small-caps\">Eventos<\/span><\/span><\/b><\/span><\/span><\/span><\/p>\r\n\r\n<p style=\"text-align:justify\"><span style=\"font-size:11pt\"><span style=\"line-height:normal\"><span style=\"font-family:Calibri,sans-serif\"><a href=\"https:\/\/us06web.zoom.us\/webinar\/register\/WN_o1VzihS-QhmADw3cDiahbA?utm_medium=email&amp;_hsenc=p2ANqtz-8L4QdNe2UJS3AzOrdWD20CPGy_srh2sRA-0Rf8ZS1Z96d5dfPQIlIcHHrbIyXdi2zFLNeY9yTjBnvUxF631-ir0ULOIQ&amp;_hsmi=313968741&amp;utm_content=313950619&amp;utm_source=hs_email#\/registration\" style=\"color:blue; text-decoration:underline\"><b><span style=\"font-size:14.0pt\">Masterclass BIM e Saneamento 4.0: Desafios e Aplica&ccedil;&otilde;es Pr&aacute;ticas<\/span><\/b><\/a><span style=\"font-size:14.0pt\">, 17 de julho de 2024, 13h (GMT-3), evento online.<\/span><\/span><\/span><\/span><\/p>\r\n\r\n<p style=\"text-align:justify\"><span style=\"font-size:11pt\"><span style=\"line-height:normal\"><span style=\"font-family:Calibri,sans-serif\"><a href=\"https:\/\/7bd46367464f42938043bc2d987cb33f.marketingusercontent.com\/m\/view\/MvuTfPwwegHxBJB3TIgNXC23hcVFAcqyRnUI4miDxlMx#msdynttrid=AiWgy1xm8YD5_7Y-Ni3uobrRPPAeItldXYL5lE0V0sw\" style=\"color:blue; text-decoration:underline\"><b><span style=\"font-size:14.0pt\">Apex | Webs&eacute;rie Direto do Mercado - Edi&ccedil;&atilde;o Chile<\/span><\/b><\/a><span style=\"font-size:14.0pt\">, 23 de julho de 2024, evento online<\/span><\/span><\/span><\/span><\/p>\r\n\r\n<p style=\"text-align:justify\"><span style=\"font-size:11pt\"><span style=\"line-height:normal\"><span style=\"font-family:Calibri,sans-serif\"><a href=\"http:\/\/www.construnordeste.com.br\" style=\"color:blue; text-decoration:underline\"><b><span style=\"font-size:14.0pt\">Constru Nordeste<\/span><\/b><\/a><span style=\"font-size:14.0pt\">, 31 de julho a 02 de agosto de 2024, Centro de Conven&ccedil;&otilde;es Salvador, Bahia<\/span><\/span><\/span><\/span><\/p>\r\n\r\n<p style=\"text-align:justify\"><span style=\"font-size:11pt\"><span style=\"line-height:normal\"><span style=\"font-family:Calibri,sans-serif\"><b><span style=\"font-size:14.0pt\">CNI\/ MDIC\/ BNDES | Semin&aacute;rio sobre Pol&iacute;ticas Industriais no Brasil e no Mundo<\/span><\/b><span style=\"font-size:14.0pt\">, 06 de agosto de 2024, 09h00, na sede da CNI, em Bras&iacute;lia.<\/span><\/span><\/span><\/span><\/p>\r\n\r\n<p style=\"text-align:justify\">&nbsp;<\/p>\r\n\r\n<p style=\"text-align:justify\"><img src=\"https:\/\/www.abint.org.br\/assets\/img\/editor\/abtt-academy-curso-compras-texteis-hospitalares_20240604135954xriEyS8abD.jpg\" style=\"width: 500px; height: 500px;\" \/><\/p>\r\n\r\n<p style=\"text-align:justify\"><span style=\"font-size:11pt\"><span style=\"line-height:normal\"><span style=\"font-family:Calibri,sans-serif\"><a href=\"https:\/\/docs.google.com\/forms\/d\/e\/1FAIpQLSeG7zdl8xZpguBFbIdqyMS61mxfjvFjKOQ3EUqnWgC1RUcAug\/viewform\" style=\"color:blue; text-decoration:underline\"><span style=\"font-size:14.0pt\">Informa&ccedil;&otilde;es e inscri&ccedil;&otilde;es<\/span><\/a><\/span><\/span><\/span><\/p>\r\n\r\n<p style=\"text-align:justify\">&nbsp;<\/p>\r\n\r\n<p style=\"text-align:justify\"><span style=\"font-size:11pt\"><span style=\"line-height:normal\"><span style=\"font-family:Calibri,sans-serif\"><a href=\"https:\/\/emailmarketing.locaweb.com.br\/accounts\/116830\/messages\/524?email=abint@abint.org.br&amp;c=1719495723&amp;contact_id=110&amp;envelope_id=403\" style=\"color:blue; text-decoration:underline\"><b><span style=\"font-size:14.0pt\">JEC Composites Talks Brasil<\/span><\/b><\/a><span style=\"font-size:14.0pt\">, 19 de agosto de 2024, S&atilde;o Paulo, SP.<\/span><\/span><\/span><\/span><\/p>\r\n\r\n<p style=\"text-align:justify\"><span style=\"font-size:11pt\"><span style=\"line-height:normal\"><span style=\"font-family:Calibri,sans-serif\"><a href=\"https:\/\/app.rdstation.email\/mail\/d1246106-5887-4ae3-b115-63593ba00040?utm_campaign=emkt_workshop_-_gestao_de_produtos_quimicos&amp;utm_medium=email&amp;utm_source=RD+Station\" style=\"color:blue; text-decoration:underline\"><b><span style=\"font-size:14.0pt\">Workshop | Gest&atilde;o de Produtos Qu&iacute;micos<\/span><\/b><\/a><span style=\"font-size:14.0pt\">, 20 de agosto de 2024, das 10h &agrave;s 12h, evento online.<\/span><\/span><\/span><\/span><\/p>\r\n\r\n<p style=\"text-align:justify\"><span style=\"font-size:11pt\"><span style=\"line-height:normal\"><span style=\"font-family:Calibri,sans-serif\"><a href=\"http:\/\/www.feiplar.com\" style=\"color:blue; text-decoration:underline\"><b><span style=\"font-size:14.0pt\">FEIPLAR COMPOSITES &amp; FEIPUR &ndash; Feira e Congresso Internacionais de Composites, Poliuretano, Pl&aacute;sticos de Engenharia e Compostos Termopl&aacute;sticos<\/span><\/b><\/a><span style=\"font-size:14.0pt\">, 20 a 22 de agosto de 2024, S&atilde;o Paulo Expo (Pavilh&atilde;o 5), palestras: das 8h30 &agrave;s 18h, feira: das 13h &agrave;s 20h.<b> <\/b><\/span><\/span><\/span><\/span><\/p>\r\n\r\n<p style=\"text-align:justify\"><span style=\"font-size:11pt\"><span style=\"line-height:normal\"><span style=\"font-family:Calibri,sans-serif\"><a href=\"http:\/\/www.techtextil-north-america.us.messefrankfurt.com\" style=\"color:blue; text-decoration:underline\"><b><span lang=\"EN-US\" style=\"font-size:14.0pt\">Techtextil North America 2024<\/span><\/b><\/a><span lang=\"EN-US\" style=\"font-size:14.0pt\">, August 20 &ndash; 24, Raleigh, North Carolina.<\/span><\/span><\/span><\/span><\/p>\r\n\r\n<p style=\"text-align:justify\"><span style=\"font-size:11pt\"><span style=\"line-height:normal\"><span style=\"font-family:Calibri,sans-serif\"><a href=\"http:\/\/www.fenasan.com.br\" style=\"color:blue; text-decoration:underline\"><b><span style=\"font-size:14.0pt\">Fenasan 2024 &ndash; Feira Nacional de Saneamento e Meio Ambiente<\/span><\/b><\/a><span style=\"font-size:14.0pt\">, 22 a 24 de outubro de 2024, Pavilh&otilde;es Verde e Vermelho, Expo Center Norte, S&atilde;o Paulo SP<\/span><\/span><\/span><\/span><\/p>\r\n\r\n<p style=\"text-align:justify\"><span style=\"font-size:11pt\"><span style=\"line-height:normal\"><span style=\"font-family:Calibri,sans-serif\"><a href=\"http:\/\/www.hospitalmed.com.br\" style=\"color:blue; text-decoration:underline\"><b><span style=\"font-size:14.0pt\">HospitalMed 2024<\/span><\/b><\/a><span style=\"font-size:14.0pt\">, 23 a 25 de outubro, das 14h &agrave;s 20h, no Pernambuco Centro de Conven&ccedil;&otilde;es<\/span><\/span><\/span><\/span><\/p>\r\n\r\n<p style=\"text-align:justify\"><span style=\"font-size:11pt\"><span style=\"line-height:normal\"><span style=\"font-family:Calibri,sans-serif\"><a href=\"http:\/\/www.congressoabit.com.br\" style=\"color:blue; text-decoration:underline\"><b><span style=\"font-size:14.0pt\">Congresso Internacional Abit 2024<\/span><\/b><\/a><span style=\"font-size:14.0pt\">, 30 e 31 de outubro, Salvador, Bahia<\/span><\/span><\/span><\/span><\/p>\r\n\r\n<p style=\"text-align:justify\"><span style=\"font-size:11pt\"><span style=\"line-height:normal\"><span style=\"font-family:Calibri,sans-serif\"><a href=\"https:\/\/www.fimec.com.br\/\" style=\"color:blue; text-decoration:underline\"><b><span style=\"font-size:14.0pt\">Fimec 2025<\/span><\/b><\/a><span style=\"font-size:14.0pt\">, 18 a 20 de mar&ccedil;o, Fenac, Novo Hamburgo, RS<\/span><\/span><\/span><\/span><\/p>\r\n\r\n<p style=\"text-align:justify\"><span style=\"font-size:28pt\"><span style=\"font-family:Cambria,serif\"><span style=\"letter-spacing:-0.5pt\"><b><span style=\"font-size:18.0pt\"><span calibri=\"\" style=\"font-family:\"><span style=\"font-variant:small-caps\">Setor<\/span><\/span><\/span><\/b><\/span><\/span><\/span><\/p>\r\n\r\n<p style=\"text-align:justify\"><span style=\"font-size:11pt\"><span style=\"line-height:normal\"><span style=\"font-family:Calibri,sans-serif\"><a href=\"https:\/\/tissueonline.com.br\/tendencia-de-desfralde-gentil-impulsiona-mercado-de-fraldas-em-meio-a-queda-de-natalidade\/?utm_campaign=newsletter_12072024_novo_modelo&amp;utm_medium=email&amp;utm_source=RD+Station\" style=\"color:blue; text-decoration:underline\"><span style=\"font-size:14.0pt\">Tend&ecirc;ncia de desfralde gentil impulsiona mercado de fraldas em meio &agrave; queda de natalidade<\/span><\/a><\/span><\/span><\/span><\/p>\r\n\r\n<p style=\"text-align:justify\"><span style=\"font-size:11pt\"><span style=\"line-height:normal\"><span style=\"font-family:Calibri,sans-serif\"><a href=\"https:\/\/tecnologiademateriais.com.br\/portaltm\/inovacoes-tecnologicas-dos-materiais-compositos-cenario-e-tendencias\/\" style=\"color:blue; text-decoration:underline\"><span style=\"font-size:14.0pt\">Inova&ccedil;&otilde;es Tecnol&oacute;gicas dos Materiais Comp&oacute;sitos: cen&aacute;rio e tend&ecirc;ncias<\/span><\/a><\/span><\/span><\/span><\/p>\r\n\r\n<p style=\"text-align:justify\"><span style=\"font-size:11pt\"><span style=\"line-height:normal\"><span style=\"font-family:Calibri,sans-serif\"><a href=\"https:\/\/www.moveisdevalor.com.br\/portal\/fornecedores-alinhados-com-novas-exigencias-do-mercado-de-colchoes?source=news\" style=\"color:blue; text-decoration:underline\"><span style=\"font-size:14.0pt\">Fornecedores alinhados com novas exig&ecirc;ncias em colch&otilde;es<\/span><\/a><\/span><\/span><\/span><\/p>\r\n\r\n<p style=\"text-align:justify\"><span style=\"font-size:11pt\"><span style=\"line-height:normal\"><span style=\"font-family:Calibri,sans-serif\"><a href=\"https:\/\/sinditextilsp.org.br\/home\/2024\/06\/coalizao-empresarial-do-polo-textil-entrega-documento-ao-governador\/?utm_campaign=sindinews-12072024&amp;utm_medium=email&amp;utm_source=RD+Station\" style=\"color:blue; text-decoration:underline\"><span style=\"font-size:14.0pt\">Coaliz&atilde;o Empresarial do Polo T&ecirc;xtil entrega documento ao Governador<\/span><\/a><\/span><\/span><\/span><\/p>\r\n\r\n<p style=\"text-align:justify\"><span style=\"font-size:11pt\"><span style=\"line-height:normal\"><span style=\"font-family:Calibri,sans-serif\"><a href=\"https:\/\/sinditextilsp.org.br\/home\/2024\/07\/setor-textil-paulista-gera-emprego-mas-a-confeccao-segue-demitindo\/?utm_campaign=sindinews-12072024&amp;utm_medium=email&amp;utm_source=RD+Station\" style=\"color:blue; text-decoration:underline\"><span style=\"font-size:14.0pt\">Setor t&ecirc;xtil paulista gera emprego, mas a confec&ccedil;&atilde;o segue demitindo<\/span><\/a><\/span><\/span><\/span><\/p>\r\n\r\n<p style=\"text-align:justify\"><span style=\"font-size:28pt\"><span style=\"font-family:Cambria,serif\"><span style=\"letter-spacing:-0.5pt\"><b><span style=\"font-size:18.0pt\"><span calibri=\"\" style=\"font-family:\"><span style=\"font-variant:small-caps\">Ind&uacute;stria<\/span><\/span><\/span><\/b><\/span><\/span><\/span><\/p>\r\n\r\n<p style=\"text-align:justify\"><span style=\"font-size:11pt\"><span style=\"line-height:normal\"><span style=\"font-family:Calibri,sans-serif\"><a href=\"https:\/\/comexdobrasil.com\/e-impossivel-competir-com-calcados-que-chegam-ao-brasil-a-us-2-o-par-diz-abicalcados\/\" style=\"color:blue; text-decoration:underline\"><span style=\"font-size:14.0pt\">&ldquo;&Eacute; imposs&iacute;vel competir com cal&ccedil;ados que chegam ao Brasil a US$ 2 o par&rdquo;, diz Abical&ccedil;ados<\/span><\/a><\/span><\/span><\/span><\/p>\r\n\r\n<p style=\"text-align:justify\"><span style=\"font-size:11pt\"><span style=\"line-height:normal\"><span style=\"font-family:Calibri,sans-serif\"><a href=\"https:\/\/revistaoeste.com\/economia\/producao-industrial-de-maio-cai-em-9-de-15-estados-diz-ibge\/\" style=\"color:blue; text-decoration:underline\"><span style=\"font-size:14.0pt\">Produ&ccedil;&atilde;o industrial de maio cai em 9 de 15 Estados, diz IBGE<\/span><\/a><\/span><\/span><\/span><\/p>\r\n\r\n<p style=\"text-align:justify\"><span style=\"font-size:11pt\"><span style=\"line-height:normal\"><span style=\"font-family:Calibri,sans-serif\"><a href=\"https:\/\/grandesconstrucoes.com.br\/Noticias\/Exibir\/marco-legal-do-saneamento-basico-cria-oportunidades-de-investimento-em-todo-o-pais?utm_source=akna&amp;utm_medium=email&amp;utm_campaign=Grandes-Construcoes-Informativo-920-11-07-2024&amp;utm_source=akna&amp;utm_medium=email&amp;utm_campaign=Grandes-Construcoes-Informativo-920-11-07-2024\" style=\"color:blue; text-decoration:underline\"><span style=\"font-size:14.0pt\">Marco Legal do Saneamento B&aacute;sico cria oportunidades de investimento em todo o pa&iacute;s<\/span><\/a><\/span><\/span><\/span><\/p>\r\n\r\n<p style=\"text-align:justify\"><span style=\"font-size:11pt\"><span style=\"line-height:normal\"><span style=\"font-family:Calibri,sans-serif\"><a href=\"https:\/\/portalibre.fgv.br\/noticias\/os-calcanhares-de-aquiles-do-saneamento\" style=\"color:blue; text-decoration:underline\"><span style=\"font-size:14.0pt\">Os calcanhares de Aquiles do saneamento<\/span><\/a><\/span><\/span><\/span><\/p>\r\n\r\n<p style=\"text-align:justify\"><span style=\"font-size:11pt\"><span style=\"line-height:normal\"><span style=\"font-family:Calibri,sans-serif\"><a href=\"https:\/\/www.balcaoautomotivo.com\/2024\/07\/10\/abrafiltros-celebra-os-seus-18-anos-de-atividades-no-setor-de-filtracao\/\" style=\"color:blue; text-decoration:underline\"><span style=\"font-size:14.0pt\">Abrafiltros celebra os seus 18 anos de atividades no setor de filtra&ccedil;&atilde;o<\/span><\/a><\/span><\/span><\/span><\/p>\r\n\r\n<p style=\"text-align:justify\"><span style=\"font-size:28pt\"><span style=\"font-family:Cambria,serif\"><span style=\"letter-spacing:-0.5pt\"><b><span style=\"font-size:18.0pt\"><span calibri=\"\" style=\"font-family:\"><span style=\"font-variant:small-caps\">Sustentabilidade<\/span><\/span><\/span><\/b><\/span><\/span><\/span><\/p>\r\n\r\n<p style=\"text-align:justify\"><span style=\"font-size:11pt\"><span style=\"line-height:normal\"><span style=\"font-family:Calibri,sans-serif\"><a href=\"https:\/\/plasticosemrevista.com.br\/reciclagem-quimica-posta-em-duvida-nos-eua\/\" style=\"color:blue; text-decoration:underline\"><span style=\"font-size:14.0pt\">Reciclagem qu&iacute;mica posta em d&uacute;vida nos EUA<\/span><\/a><\/span><\/span><\/span><\/p>\r\n\r\n<p style=\"text-align:justify\"><span style=\"font-size:11pt\"><span style=\"line-height:normal\"><span style=\"font-family:Calibri,sans-serif\"><a href=\"https:\/\/plasticosemrevista.com.br\/amazon-vai-extinguir-uso-de-plasticos-de-uso-unico\/\" style=\"color:blue; text-decoration:underline\"><span style=\"font-size:14.0pt\">Amazon vai extinguir uso de pl&aacute;sticos de uso &uacute;nico<\/span><\/a><\/span><\/span><\/span><\/p>\r\n\r\n<p style=\"text-align:justify\"><span style=\"font-size:11pt\"><span style=\"line-height:normal\"><span style=\"font-family:Calibri,sans-serif\"><a href=\"https:\/\/static.portaldaindustria.com.br\/media\/filer_public\/0d\/47\/0d472d9c-f62c-4067-8a71-52bdffe0b1a1\/apc_14_comercio_e_sustentabilidade_csddd_vf.pdf\" style=\"color:blue; text-decoration:underline\"><span style=\"font-size:14.0pt\">Diretiva da Uni&atilde;o Europeia cria regras sobre sustentabilidade corporativa<\/span><\/a><\/span><\/span><\/span><\/p>\r\n\r\n<p style=\"text-align:justify\"><span style=\"font-size:11pt\"><span style=\"line-height:normal\"><span style=\"font-family:Calibri,sans-serif\"><a href=\"https:\/\/www.fibre2fashion.com\/news\/textile-news\/eu-nations-2023-environmental-protection-investment-73-bn-eurostat-295895-newsdetails.htm\" style=\"color:blue; text-decoration:underline\"><span lang=\"EN-US\" style=\"font-size:14.0pt\">EU nations&#39; 2023 environmental protection investment $73 bn: Eurostat<\/span><\/a><\/span><\/span><\/span><\/p>\r\n\r\n<p style=\"text-align:justify\"><span style=\"font-size:28pt\"><span style=\"font-family:Cambria,serif\"><span style=\"letter-spacing:-0.5pt\"><b><span style=\"font-size:18.0pt\"><span calibri=\"\" style=\"font-family:\"><span style=\"font-variant:small-caps\">Inova&ccedil;&atilde;o<\/span><\/span><\/span><\/b><\/span><\/span><\/span><\/p>\r\n\r\n<p style=\"text-align:justify\"><span style=\"font-size:11pt\"><span style=\"line-height:normal\"><span style=\"font-family:Calibri,sans-serif\"><a href=\"https:\/\/www.inovacaotecnologica.com.br\/noticias\/noticia.php?artigo=areas-grama-artificial-ficar-25-c-mais-frias-usando-agua-chuva&amp;id=010125240712&amp;ebol=sim\" style=\"color:blue; text-decoration:underline\"><span style=\"font-size:14.0pt\">&Aacute;reas de grama artificial podem ficar 25 &ordm;C mais frias usando &aacute;gua da chuva<\/span><\/a><\/span><\/span><\/span><\/p>\r\n\r\n<p style=\"text-align:justify\"><span style=\"font-size:11pt\"><span style=\"line-height:normal\"><span style=\"font-family:Calibri,sans-serif\"><a href=\"https:\/\/www.moveisdevalor.com.br\/portal\/entidades-apostam-na-inovacao-para-o-setor-moveleiro?source=news\" style=\"color:blue; text-decoration:underline\"><span style=\"font-size:14.0pt\">Entidades apostam na inova&ccedil;&atilde;o para o setor moveleiro<\/span><\/a><\/span><\/span><\/span><\/p>\r\n\r\n<p style=\"text-align:justify\"><span style=\"font-size:11pt\"><span style=\"line-height:normal\"><span style=\"font-family:Calibri,sans-serif\"><a href=\"https:\/\/super.abril.com.br\/ciencia\/em-15-minutos-reacao-quimica-decompoe-roupas-velhas-para-reciclagem\/\" style=\"color:blue; text-decoration:underline\"><span style=\"font-size:14.0pt\">Em 15 minutos, rea&ccedil;&atilde;o qu&iacute;mica decomp&otilde;e roupas velhas para reciclagem<\/span><\/a> <\/span><\/span><\/span><\/p>\r\n\r\n<p style=\"text-align:justify\"><span style=\"font-size:11pt\"><span style=\"line-height:normal\"><span style=\"font-family:Calibri,sans-serif\"><a href=\"https:\/\/phys.org\/news\/2024-07-textile-scientists-fresh-insights-smellier.html?utm_source=nwletter&amp;utm_medium=email&amp;utm_campaign=daily-nwletter\" style=\"color:blue; text-decoration:underline\"><span lang=\"EN-US\" style=\"font-size:14.0pt\">Textile scientists offer fresh insights on why some clothes get smellier<\/span><\/a><\/span><\/span><\/span><\/p>\r\n\r\n<p style=\"text-align:justify\"><span style=\"font-size:28pt\"><span style=\"font-family:Cambria,serif\"><span style=\"letter-spacing:-0.5pt\"><b><span style=\"font-size:18.0pt\"><span calibri=\"\" style=\"font-family:\"><span style=\"font-variant:small-caps\">Com&eacute;rcio Exterior<\/span><\/span><\/span><\/b><\/span><\/span><\/span><\/p>\r\n\r\n<p style=\"text-align:justify\"><span style=\"font-size:11pt\"><span style=\"line-height:normal\"><span style=\"font-family:Calibri,sans-serif\"><a href=\"https:\/\/agenciabrasil.ebc.com.br\/internacional\/noticia\/2024-07\/cupula-do-mercosul-em-assuncao-sela-entrada-da-bolivia\" style=\"color:blue; text-decoration:underline\"><span style=\"font-size:14.0pt\">C&uacute;pula do Mercosul em Assun&ccedil;&atilde;o sela entrada da Bol&iacute;via<\/span><\/a><\/span><\/span><\/span><\/p>\r\n\r\n<p style=\"text-align:justify\"><span style=\"font-size:11pt\"><span style=\"line-height:normal\"><span style=\"font-family:Calibri,sans-serif\"><a href=\"https:\/\/www.gov.br\/mdic\/pt-br\/assuntos\/noticias\/2024\/julho\/mercosul-e-emirados-arabes-unidos-iniciam-negociacoes-de-um-acordo-de-livre-comercio\" style=\"color:blue; text-decoration:underline\"><span style=\"font-size:14.0pt\">Mercosul e Emirados &Aacute;rabes Unidos iniciam negocia&ccedil;&otilde;es de um acordo de livre com&eacute;rcio<\/span><\/a><\/span><\/span><\/span><\/p>\r\n\r\n<p style=\"text-align:justify\"><span style=\"font-size:11pt\"><span style=\"line-height:normal\"><span style=\"font-family:Calibri,sans-serif\"><a href=\"https:\/\/anba.com.br\/brasil-palestina-acordo-entrara-em-vigor\/\" style=\"color:blue; text-decoration:underline\"><span style=\"font-size:14.0pt\">Brasil-Palestina: acordo entrar&aacute; em vigor<\/span><\/a><\/span><\/span><\/span><\/p>\r\n\r\n<p style=\"text-align:justify\"><span style=\"font-size:11pt\"><span style=\"line-height:normal\"><span style=\"font-family:Calibri,sans-serif\"><a href=\"https:\/\/anba.com.br\/acordo-de-livre-comercio-mercosul-palestina\/\" style=\"color:blue; text-decoration:underline\"><span style=\"font-size:14.0pt\">Acordo de Livre Com&eacute;rcio Mercosul-Palestina<\/span><\/a><\/span><\/span><\/span><\/p>\r\n\r\n<p style=\"text-align:justify\"><span style=\"font-size:11pt\"><span style=\"line-height:normal\"><span style=\"font-family:Calibri,sans-serif\"><a href=\"https:\/\/insideevs.uol.com.br\/news\/714216\/china-subsidios-carros-eletricos-omc\/\" style=\"color:blue; text-decoration:underline\"><span style=\"font-size:14.0pt\">China recorre &agrave; OMC contra subs&iacute;dios americanos para el&eacute;tricos<\/span><\/a><\/span><\/span><\/span><\/p>\r\n\r\n<p style=\"text-align:justify\"><span style=\"font-size:11pt\"><span style=\"line-height:normal\"><span style=\"font-family:Calibri,sans-serif\"><a href=\"https:\/\/www.gov.br\/mdic\/pt-br\/assuntos\/noticias\/2024\/julho\/governo-mantem-aumento-de-imposto-de-importacao-para-restos-de-papel-plastico-e-vidro\" style=\"color:blue; text-decoration:underline\"><span style=\"font-size:14.0pt\">Governo mant&eacute;m aumento de Imposto de Importa&ccedil;&atilde;o para restos de papel, pl&aacute;stico e vidro<\/span><\/a><\/span><\/span><\/span><\/p>\r\n\r\n<p style=\"text-align:justify\"><span style=\"font-size:11pt\"><span style=\"line-height:normal\"><span style=\"font-family:Calibri,sans-serif\"><a href=\"https:\/\/www.gov.br\/mdic\/pt-br\/assuntos\/noticias\/2024\/julho\/exportadores-agora-podem-obter-recursos-do-proex-antes-de-embarcar-a-mercadoria\" style=\"color:blue; text-decoration:underline\"><span style=\"font-size:14.0pt\">Exportadores agora podem obter recursos do Proex antes de embarcar a mercadoria<\/span><\/a><\/span><\/span><\/span><\/p>\r\n\r\n<p style=\"text-align:justify\"><span style=\"font-size:28pt\"><span style=\"font-family:Cambria,serif\"><span style=\"letter-spacing:-0.5pt\"><b><span style=\"font-size:18.0pt\"><span calibri=\"\" style=\"font-family:\"><span style=\"font-variant:small-caps\">Economia<\/span><\/span><\/span><\/b><\/span><\/span><\/span><\/p>\r\n\r\n<p style=\"text-align:justify\"><span style=\"font-size:11pt\"><span style=\"line-height:normal\"><span style=\"font-family:Calibri,sans-serif\"><a href=\"https:\/\/www.bcb.gov.br\/content\/focus\/focus\/R20240712.pdf\" style=\"color:blue; text-decoration:underline\"><span style=\"font-size:14.0pt\">Focus - Relat&oacute;rio de Mercado<\/span><\/a><\/span><\/span><\/span><\/p>\r\n\r\n<p style=\"text-align:justify\"><span style=\"font-size:11pt\"><span style=\"line-height:normal\"><span style=\"font-family:Calibri,sans-serif\"><a href=\"https:\/\/portalibre.fgv.br\/system\/files\/divulgacao\/noticias\/mat-complementar\/2024-07\/Bar%C3%B4metros%20Globais%20KOF-FGV_Press%20release_07_2024.pdf\" style=\"color:blue; text-decoration:underline\"><span style=\"font-size:14.0pt\">Bar&ocirc;metros Globais recuam levemente em julho<\/span><\/a><\/span><\/span><\/span><\/p>\r\n\r\n<p style=\"text-align:justify\"><span style=\"font-size:11pt\"><span style=\"line-height:normal\"><span style=\"font-family:Calibri,sans-serif\"><a href=\"https:\/\/portalibre.fgv.br\/noticias\/monitor-do-pib-aponta-crescimento-de-03-da-atividade-economica-em-maio\" style=\"color:blue; text-decoration:underline\"><span style=\"font-size:14.0pt\">Monitor do PIB aponta crescimento de 0,3% da atividade econ&ocirc;mica em maio<\/span><\/a><\/span><\/span><\/span><\/p>\r\n\r\n<p style=\"text-align:justify\"><span style=\"font-size:11pt\"><span style=\"line-height:normal\"><span style=\"font-family:Calibri,sans-serif\"><a href=\"https:\/\/portalibre.fgv.br\/noticias\/barometros-globais-recuo-do-indicador-reflete-perda-de-folego-da-economia-chinesa\" style=\"color:blue; text-decoration:underline\"><span style=\"font-size:14.0pt\">Bar&ocirc;metros Globais: recuo do indicador reflete perda de f&ocirc;lego da economia chinesa<\/span><\/a><\/span><\/span><\/span><\/p>\r\n\r\n<p style=\"text-align:justify\"><span style=\"font-size:11pt\"><span style=\"line-height:normal\"><span style=\"font-family:Calibri,sans-serif\"><a href=\"https:\/\/www.camara.leg.br\/noticias\/1082375-camara-aprova-isencao-para-carnes-e-conclui-votacao-de-projeto-que-regulamenta-a-reforma-tributaria\/\" style=\"color:blue; text-decoration:underline\"><span style=\"font-size:14.0pt\">C&acirc;mara aprova isen&ccedil;&atilde;o para carnes e conclui vota&ccedil;&atilde;o de projeto que regulamenta a reforma tribut&aacute;ria<\/span><\/a><\/span><\/span><\/span><\/p>\r\n\r\n<p style=\"text-align:justify\"><img src=\"https:\/\/www.abint.org.br\/assets\/img\/editor\/redes-sociais-abint-ctg-cth_202406041400398QFSSawN2a.jpg\" \/><span style=\"font-size:11pt\"><span style=\"line-height:normal\"><span style=\"font-family:Calibri,sans-serif\"> <\/span><\/span><\/span><\/p>\r\n","6":"<p style=\"text-align:justify\"><span style=\"font-size:11pt\"><span style=\"line-height:normal\"><span style=\"font-family:Calibri,sans-serif\"><span style=\"font-size:14.0pt\">Esta &eacute; uma compila&ccedil;&atilde;o das not&iacute;cias mais relevantes para o setor, incluindo informa&ccedil;&otilde;es sobre acordos internacionais, economia brasileira, sustentabilidade e mat&eacute;rias primas, al&eacute;m de novidades do setor de N&atilde;otecidos e Tecidos T&eacute;cnicos.<\/span><\/span><\/span><\/span><\/p>\r\n\r\n<p style=\"text-align:justify\"><span style=\"font-size:28pt\"><span style=\"font-family:Cambria,serif\"><span style=\"letter-spacing:-0.5pt\"><b><span style=\"font-size:18.0pt\"><span calibri=\"\" style=\"font-family:\"><span style=\"font-variant:small-caps\">O que vem por a&iacute;<\/span><\/span><\/span><\/b><\/span><\/span><\/span><\/p>\r\n\r\n<p style=\"text-align:justify\"><span style=\"font-size:28pt\"><span style=\"font-family:Cambria,serif\"><span style=\"letter-spacing:-0.5pt\"><b><span style=\"font-size:18.0pt\"><span calibri=\"\" style=\"font-family:\"><span style=\"font-variant:small-caps\"><img src=\"https:\/\/www.abint.org.br\/assets\/img\/editor\/abint-logo-2020-g_20240718120253AiMVeeaPvS.png\" style=\"width: 300px; height: 69px;\" \/><\/span><\/span><\/span><\/b><\/span><\/span><\/span><\/p>\r\n\r\n<p style=\"text-align:justify\"><span style=\"font-size:28pt\"><span style=\"font-family:Cambria,serif\"><span style=\"letter-spacing:-0.5pt\"><b><span style=\"font-size:18.0pt\"><span calibri=\"\" style=\"font-family:\"><span style=\"font-variant:small-caps\"><img src=\"https:\/\/www.abint.org.br\/assets\/img\/editor\/post-quadrado-curso-naotecido_202407181203165i33j4kBqd.jpg\" style=\"width: 500px; height: 500px;\" \/><\/span><\/span><\/span><\/b><\/span><\/span><\/span><\/p>\r\n\r\n<p style=\"text-align:justify\"><span style=\"font-size:11pt\"><span style=\"line-height:normal\"><span style=\"font-family:Calibri,sans-serif\"><a href=\"https:\/\/forms.office.com\/r\/5DrqtK5n3Y\" style=\"color:blue; text-decoration:underline\"><span style=\"font-size:14.0pt\">Informa&ccedil;&otilde;es e inscri&ccedil;&otilde;es<\/span><\/a><\/span><\/span><\/span><\/p>\r\n\r\n<p align=\"center\" style=\"text-align:center\">&nbsp;<\/p>\r\n\r\n<p style=\"text-align:justify\"><span style=\"font-size:28pt\"><span style=\"font-family:Cambria,serif\"><span style=\"letter-spacing:-0.5pt\"><b><span style=\"font-size:18.0pt\"><span calibri=\"\" style=\"font-family:\"><span style=\"font-variant:small-caps\"><img src=\"https:\/\/www.abint.org.br\/assets\/img\/editor\/logo-ctg-abint-png_20240718120356AYjq6yKWjI.png\" style=\"width: 300px; height: 55px;\" \/><\/span><\/span><\/span><\/b><\/span><\/span><\/span><\/p>\r\n\r\n<p style=\"text-align:justify\"><span style=\"font-size:11pt\"><span style=\"line-height:normal\"><span style=\"font-family:Calibri,sans-serif\"><span style=\"font-size:14.0pt\">No dia 06 de agosto, O CTG ABINT realizar&aacute; um webinar sobre os problemas originados pela baixa qualidade nos processos de instala&ccedil;&atilde;o de geomembranas. O webinar contar&aacute; com a presen&ccedil;a dos instrutores do pr&oacute;ximo Curso Brasileiro de Instala&ccedil;&atilde;o de Geomembranas &ldquo;Paulo Kenji A&ccedil;akura&rdquo; 2024, que ser&aacute; realizado de 13 a 16 de agosto. Para acompanhar o Webinar, <\/span><a href=\"https:\/\/www.youtube.com\/watch?v=KpIU_D9OWco\" style=\"color:blue; text-decoration:underline\"><span style=\"font-size:14.0pt\">acesse aqui<\/span><\/a><\/span><\/span><\/span><\/p>\r\n\r\n<p style=\"text-align:justify\">&nbsp;<\/p>\r\n\r\n<p style=\"text-align:justify\"><span style=\"font-size:28pt\"><span style=\"font-family:Cambria,serif\"><span style=\"letter-spacing:-0.5pt\"><b><span style=\"font-size:18.0pt\"><span calibri=\"\" style=\"font-family:\"><span style=\"font-variant:small-caps\"><img src=\"https:\/\/www.abint.org.br\/assets\/img\/editor\/capa-live-curso-instal-gm-2024-06082024_20240718120436gZ9wUtoB6Y.jpeg\" style=\"width: 700px; height: 394px;\" \/><\/span><\/span><\/span><\/b><\/span><\/span><\/span><\/p>\r\n\r\n<p style=\"text-align:justify\">&nbsp;<\/p>\r\n\r\n<p style=\"text-align:justify\"><span style=\"font-size:11pt\"><span style=\"line-height:normal\"><span style=\"font-family:Calibri,sans-serif\"><span style=\"font-size:14.0pt\">E nos dias 13 a 15 de agosto o CTG ABINT realizar&aacute; o Curso de Instala&ccedil;&atilde;o de Geomembranas. <\/span><a href=\"https:\/\/abrir.link\/qpYXB\" style=\"color:blue; text-decoration:underline\"><span style=\"font-size:14.0pt\">Acesse aqui para mais informa&ccedil;&otilde;es e inscri&ccedil;&otilde;es<\/span><\/a><span style=\"font-size:14.0pt\">.<\/span><\/span><\/span><\/span><\/p>\r\n\r\n<p style=\"text-align:justify\">&nbsp;<\/p>\r\n\r\n<p style=\"text-align:justify\"><span style=\"font-size:28pt\"><span style=\"font-family:Cambria,serif\"><span style=\"letter-spacing:-0.5pt\"><b><span style=\"font-size:18.0pt\"><span calibri=\"\" style=\"font-family:\"><span style=\"font-variant:small-caps\"><img src=\"https:\/\/www.abint.org.br\/assets\/img\/editor\/e-mail-mkt-curso-instal-gm-2024_20240718120456aWI5eANQaU.jpeg\" style=\"width: 700px; height: 350px;\" \/><\/span><\/span><\/span><\/b><\/span><\/span><\/span><\/p>\r\n\r\n<p style=\"text-align:justify\">&nbsp;<\/p>\r\n\r\n<p style=\"text-align:justify\"><span style=\"font-size:28pt\"><span style=\"font-family:Cambria,serif\"><span style=\"letter-spacing:-0.5pt\"><b><span style=\"font-size:18.0pt\"><span calibri=\"\" style=\"font-family:\"><span style=\"font-variant:small-caps\"><img src=\"https:\/\/www.abint.org.br\/assets\/img\/editor\/20240924-cobramseg-2024_20240718120541ztVNeqlLuA.png\" \/><\/span><\/span><\/span><\/b><\/span><\/span><\/span><\/p>\r\n\r\n<p style=\"text-align:justify\"><span style=\"font-size:11pt\"><span style=\"line-height:normal\"><span style=\"font-family:Calibri,sans-serif\"><b><span style=\"font-size:14.0pt\">O CTG ABINT &eacute; um dos patrocinadores da 21&ordf; edi&ccedil;&atilde;o do Cobramseg &ndash; Congresso Brasileiro de Mec&acirc;nica dos Solos e Engenharia Geot&eacute;cnica.<\/span><\/b><\/span><\/span><\/span><\/p>\r\n\r\n<p style=\"text-align:justify\"><span style=\"font-size:11pt\"><span style=\"line-height:normal\"><span style=\"font-family:Calibri,sans-serif\"><span style=\"font-size:14.0pt\">&ldquo;<i>Nos reunimos para celebrar a Mec&acirc;nica dos Solos e das Rochas, da GeoEngenharia! Academia, Ind&uacute;stria e &Oacute;rg&atilde;os Gestores unidos para expor seus avan&ccedil;os t&eacute;cnicos e cient&iacute;ficos. Um ambiente rico e diverso que nos permite debater solu&ccedil;&otilde;es e a&ccedil;&otilde;es de forma a fortalecer nossa comunidade geot&eacute;cnica, visando proporcionar um desenvolvimento mais sustent&aacute;vel e seguro para a nossa sociedade<\/i>.&rdquo; V&iacute;tor Pereira Faro, Presidente do COBRAMSEG 2024<\/span><\/span><\/span><\/span><\/p>\r\n\r\n<p style=\"text-align:justify\"><span style=\"font-size:11pt\"><span style=\"line-height:normal\"><span style=\"font-family:Calibri,sans-serif\"><a href=\"http:\/\/www.cobramseg.com.br\" style=\"color:blue; text-decoration:underline\"><span style=\"font-size:14.0pt\">www.cobramseg.com.br<\/span><\/a> <\/span><\/span><\/span><\/p>\r\n\r\n<p style=\"text-align:justify\">&nbsp;<\/p>\r\n\r\n<p style=\"text-align:justify\"><span style=\"font-size:28pt\"><span style=\"font-family:Cambria,serif\"><span style=\"letter-spacing:-0.5pt\"><b><span style=\"font-size:18.0pt\"><span calibri=\"\" style=\"font-family:\"><span style=\"font-variant:small-caps\"><img src=\"https:\/\/www.abint.org.br\/assets\/img\/editor\/fenasan-2024_202407181205570iB7KW1OZ4.jpg\" \/><\/span><\/span><\/span><\/b><\/span><\/span><\/span><\/p>\r\n\r\n<p style=\"text-align:justify\"><span style=\"font-size:11pt\"><span style=\"line-height:normal\"><span style=\"font-family:Calibri,sans-serif\"><span style=\"font-size:14.0pt\">O <b>CTG ABINT apoia a Feira Nacional de Saneamento e Meio Ambiente &ndash; Fenasan e do 35&ordm; Encontro T&eacute;cnico AESabesp, que ocorrer&atilde;o de 22 a 24 de outubro de 2024<\/b>, no Pavilh&atilde;o Verde e Vermelho, no Expo Center Norte, em S&atilde;o Paulo. Trata-se do maior evento de saneamento da Am&eacute;rica Latin. A realiza&ccedil;&atilde;o &eacute; da AESabesp &ndash; Associa&ccedil;&atilde;o dos Engenheiros da Sabesp.<\/span><\/span><\/span><\/span><\/p>\r\n\r\n<p style=\"text-align:justify\"><span style=\"font-size:11pt\"><span style=\"line-height:normal\"><span style=\"font-family:Calibri,sans-serif\"><i><span style=\"font-size:14.0pt\">O tema central desta edi&ccedil;&atilde;o &eacute; &ldquo;Saneamento ambiental: condi&ccedil;&atilde;o fundamental para o enfrentamento das mudan&ccedil;as clim&aacute;ticas&rdquo;. Com um p&uacute;blico tradicionalmente de 22 mil visitantes e alinhada aos ODS &ndash; Objetivos de Desenvolvimento Sustent&aacute;vel estabelecidos pela ONU e aos conceitos de ESG, a edi&ccedil;&atilde;o 2024 continuar&aacute; ampliando o di&aacute;logo em torno das quest&otilde;es de saneamento ambiental, meio ambiente e sustentabilidade e promovendo o compartilhamento de conhecimento altamente qualificado.<\/span><\/i><\/span><\/span><\/span><\/p>\r\n\r\n<p style=\"text-align:justify\"><span style=\"font-size:11pt\"><span style=\"line-height:normal\"><span style=\"font-family:Calibri,sans-serif\"><a href=\"http:\/\/www.fenasan.com.br\" style=\"color:blue; text-decoration:underline\"><span style=\"font-size:14.0pt\">www.fenasan.com.br<\/span><\/a> <\/span><\/span><\/span><\/p>\r\n\r\n<p style=\"text-align:justify\">&nbsp;<\/p>\r\n\r\n<p style=\"text-align:justify\"><span style=\"font-size:28pt\"><span style=\"font-family:Cambria,serif\"><span style=\"letter-spacing:-0.5pt\"><b><span style=\"font-size:18.0pt\"><span calibri=\"\" style=\"font-family:\"><span style=\"font-variant:small-caps\"><img src=\"https:\/\/www.abint.org.br\/assets\/img\/editor\/cth-logo-alta-jpg_2024071812065399MMBUXZze.jpg\" style=\"width: 300px; height: 68px;\" \/><\/span><\/span><\/span><\/b><\/span><\/span><\/span><\/p>\r\n\r\n<p style=\"text-align:justify\"><span style=\"font-size:28pt\"><span style=\"font-family:Cambria,serif\"><span style=\"letter-spacing:-0.5pt\"><b><span style=\"font-size:18.0pt\"><span calibri=\"\" style=\"font-family:\"><span style=\"font-variant:small-caps\"><img src=\"https:\/\/www.abint.org.br\/assets\/img\/editor\/hospitalmed-2024-logo_20240718120628FoV3In8yB5.png\" style=\"width: 500px; height: 448px;\" \/><\/span><\/span><\/span><\/b><\/span><\/span><\/span><\/p>\r\n\r\n<p style=\"text-align:justify\"><span style=\"font-size:11pt\"><span style=\"line-height:normal\"><span style=\"font-family:Calibri,sans-serif\"><b><span style=\"font-size:12.0pt\">O CTH ABINT &eacute; um dos patrocinadores da HospitalMed 2024.<\/span><\/b><\/span><\/span><\/span><\/p>\r\n\r\n<p style=\"text-align:justify\"><span style=\"font-size:11pt\"><span style=\"line-height:normal\"><span style=\"font-family:Calibri,sans-serif\"><span style=\"font-size:12.0pt\">&ldquo;<i>A melhor e Mais Completa Feira de Sa&uacute;de do Norte\/Nordeste<\/i>&rdquo;, &eacute; uma realiza&ccedil;&atilde;o da HospitalMed Feiras &amp; Eventos e da Insight Feiras de Neg&oacute;cios.<\/span><\/span><\/span><\/span><\/p>\r\n\r\n<p style=\"text-align:justify\"><span style=\"font-size:11pt\"><span style=\"line-height:normal\"><span style=\"font-family:Calibri,sans-serif\"><i><span style=\"font-size:12.0pt\">&ldquo;O <b>re&uacute;ne toda a cadeia produtiva do setor de sa&uacute;de das regi&otilde;es Norte\/Nordeste<\/b>. &Eacute; o grande encontro de fornecedores de Produtos, Equipamentos, Servi&ccedil;os, Tecnologia e Conte&uacute;do para Hospitais, Laborat&oacute;rios, Farm&aacute;cias, Cl&iacute;nicas, Consult&oacute;rios e Profissionais da Sa&uacute;de&rdquo;.<\/span><\/i><\/span><\/span><\/span><\/p>\r\n\r\n<p style=\"text-align:justify\"><span style=\"font-size:11.0pt\"><span style=\"line-height:115%\"><span calibri=\"\" style=\"font-family:\"><a href=\"http:\/\/www.hospitalmed.com.br\" style=\"color:blue; text-decoration:underline\"><span style=\"font-size:14.0pt\"><span style=\"line-height:115%\">www.hospitalmed.com.br<\/span><\/span><\/a><\/span><\/span><\/span><\/p>\r\n\r\n<p style=\"text-align:justify\">&nbsp;<\/p>\r\n\r\n<p style=\"text-align:justify\"><span style=\"font-size:28pt\"><span style=\"font-family:Cambria,serif\"><span style=\"letter-spacing:-0.5pt\"><b><span style=\"font-size:18.0pt\"><span calibri=\"\" style=\"font-family:\"><span style=\"font-variant:small-caps\"><img src=\"https:\/\/www.abint.org.br\/assets\/img\/editor\/logo-ctg-abint-png_20240718120729Ed0fuHOjtc.png\" style=\"width: 300px; height: 55px;\" \/><\/span><\/span><\/span><\/b><\/span><\/span><\/span><\/p>\r\n\r\n<p style=\"text-align:justify\"><span style=\"font-size:11pt\"><span style=\"line-height:normal\"><span style=\"font-family:Calibri,sans-serif\"><span style=\"font-size:14.0pt\">No dia 10 de julho, o CTG ABINT realizou a live &ldquo;Garantia de qualidade dos Geossint&eacute;ticos: procedimentos de instala&ccedil;&atilde;o e responsabilidade ambiental, com a presen&ccedil;a da Eng. &Eacute;rica Marques da Silva Santos, p&oacute;s-graduada em geotecnia e em seguran&ccedil;a de barragens e pilhas. Para assistir, <\/span><a href=\"https:\/\/www.instagram.com\/p\/C9QhOn0xJK-\/\" style=\"color:blue; text-decoration:underline\"><span style=\"font-size:14.0pt\">acesse aqui<\/span><\/a><\/span><\/span><\/span><\/p>\r\n\r\n<p style=\"text-align:justify\"><span style=\"font-size:28pt\"><span style=\"font-family:Cambria,serif\"><span style=\"letter-spacing:-0.5pt\"><b><span style=\"font-size:18.0pt\"><span calibri=\"\" style=\"font-family:\"><span style=\"font-variant:small-caps\">Not&iacute;cias das Associadas<\/span><\/span><\/span><\/b><\/span><\/span><\/span><\/p>\r\n\r\n<p style=\"text-align:justify\"><span style=\"font-size:11pt\"><span style=\"line-height:normal\"><span style=\"font-family:Calibri,sans-serif\"><a href=\"https:\/\/www.meiofiltrante.com.br\/Artigo\/6130\/naotecidos-e-sua-versatilidade-de-aplicacoes\" style=\"color:blue; text-decoration:underline\"><span style=\"font-size:14.0pt\">N&atilde;otecidos e sua versatilidade de aplica&ccedil;&otilde;es<\/span><\/a><\/span><\/span><\/span><\/p>\r\n\r\n<p style=\"text-align:justify\"><span style=\"font-size:11pt\"><span style=\"line-height:normal\"><span style=\"font-family:Calibri,sans-serif\"><a href=\"https:\/\/www.meiofiltrante.com.br\/Noticia\/124564\/ctg-abint-realizara-o-curso-brasileiro-de-instalacao-de-geomembranas-paulo-kenji-acakura-\" style=\"color:blue; text-decoration:underline\"><span style=\"font-size:14.0pt\">CTG ABINT realizar&aacute; o Curso Brasileiro de Instala&ccedil;&atilde;o de Geomembranas Paulo Kenji A&ccedil;akura<\/span><\/a><\/span><\/span><\/span><\/p>\r\n\r\n<p style=\"text-align:justify\">&nbsp;<\/p>\r\n\r\n<p style=\"text-align:justify\"><span style=\"font-size:11pt\"><span style=\"line-height:normal\"><span style=\"font-family:Calibri,sans-serif\"><b><span style=\"font-size:18.0pt\"><span style=\"font-variant:small-caps\">Eventos<\/span><\/span><\/b><\/span><\/span><\/span><\/p>\r\n\r\n<p style=\"text-align:justify\"><span style=\"font-size:11pt\"><span style=\"line-height:normal\"><span style=\"font-family:Calibri,sans-serif\"><a href=\"https:\/\/us06web.zoom.us\/webinar\/register\/WN_o1VzihS-QhmADw3cDiahbA?utm_medium=email&amp;_hsenc=p2ANqtz-8L4QdNe2UJS3AzOrdWD20CPGy_srh2sRA-0Rf8ZS1Z96d5dfPQIlIcHHrbIyXdi2zFLNeY9yTjBnvUxF631-ir0ULOIQ&amp;_hsmi=313968741&amp;utm_content=313950619&amp;utm_source=hs_email#\/registration\" style=\"color:blue; text-decoration:underline\"><b><span style=\"font-size:14.0pt\">Masterclass BIM e Saneamento 4.0: Desafios e Aplica&ccedil;&otilde;es Pr&aacute;ticas<\/span><\/b><\/a><span style=\"font-size:14.0pt\">, 17 de julho de 2024, 13h (GMT-3), evento online.<\/span><\/span><\/span><\/span><\/p>\r\n\r\n<p style=\"text-align:justify\"><span style=\"font-size:11pt\"><span style=\"line-height:normal\"><span style=\"font-family:Calibri,sans-serif\"><a href=\"https:\/\/7bd46367464f42938043bc2d987cb33f.marketingusercontent.com\/m\/view\/MvuTfPwwegHxBJB3TIgNXC23hcVFAcqyRnUI4miDxlMx#msdynttrid=AiWgy1xm8YD5_7Y-Ni3uobrRPPAeItldXYL5lE0V0sw\" style=\"color:blue; text-decoration:underline\"><b><span style=\"font-size:14.0pt\">Apex | Webs&eacute;rie Direto do Mercado - Edi&ccedil;&atilde;o Chile<\/span><\/b><\/a><span style=\"font-size:14.0pt\">, 23 de julho de 2024, evento online<\/span><\/span><\/span><\/span><\/p>\r\n\r\n<p style=\"text-align:justify\"><span style=\"font-size:11pt\"><span style=\"line-height:normal\"><span style=\"font-family:Calibri,sans-serif\"><a href=\"http:\/\/www.construnordeste.com.br\" style=\"color:blue; text-decoration:underline\"><b><span style=\"font-size:14.0pt\">Constru Nordeste<\/span><\/b><\/a><span style=\"font-size:14.0pt\">, 31 de julho a 02 de agosto de 2024, Centro de Conven&ccedil;&otilde;es Salvador, Bahia<\/span><\/span><\/span><\/span><\/p>\r\n\r\n<p style=\"text-align:justify\"><span style=\"font-size:11pt\"><span style=\"line-height:normal\"><span style=\"font-family:Calibri,sans-serif\"><b><span style=\"font-size:14.0pt\">CNI\/ MDIC\/ BNDES | Semin&aacute;rio sobre Pol&iacute;ticas Industriais no Brasil e no Mundo<\/span><\/b><span style=\"font-size:14.0pt\">, 06 de agosto de 2024, 09h00, na sede da CNI, em Bras&iacute;lia.<\/span><\/span><\/span><\/span><\/p>\r\n\r\n<p style=\"text-align:justify\">&nbsp;<\/p>\r\n\r\n<p style=\"text-align:justify\"><img src=\"https:\/\/www.abint.org.br\/assets\/img\/editor\/abtt-academy-curso-compras-texteis-hospitalares_20240604135954xriEyS8abD.jpg\" style=\"width: 500px; height: 500px;\" \/><\/p>\r\n\r\n<p style=\"text-align:justify\"><span style=\"font-size:11pt\"><span style=\"line-height:normal\"><span style=\"font-family:Calibri,sans-serif\"><a href=\"https:\/\/docs.google.com\/forms\/d\/e\/1FAIpQLSeG7zdl8xZpguBFbIdqyMS61mxfjvFjKOQ3EUqnWgC1RUcAug\/viewform\" style=\"color:blue; text-decoration:underline\"><span style=\"font-size:14.0pt\">Informa&ccedil;&otilde;es e inscri&ccedil;&otilde;es<\/span><\/a><\/span><\/span><\/span><\/p>\r\n\r\n<p style=\"text-align:justify\">&nbsp;<\/p>\r\n\r\n<p style=\"text-align:justify\"><span style=\"font-size:11pt\"><span style=\"line-height:normal\"><span style=\"font-family:Calibri,sans-serif\"><a href=\"https:\/\/emailmarketing.locaweb.com.br\/accounts\/116830\/messages\/524?email=abint@abint.org.br&amp;c=1719495723&amp;contact_id=110&amp;envelope_id=403\" style=\"color:blue; text-decoration:underline\"><b><span style=\"font-size:14.0pt\">JEC Composites Talks Brasil<\/span><\/b><\/a><span style=\"font-size:14.0pt\">, 19 de agosto de 2024, S&atilde;o Paulo, SP.<\/span><\/span><\/span><\/span><\/p>\r\n\r\n<p style=\"text-align:justify\"><span style=\"font-size:11pt\"><span style=\"line-height:normal\"><span style=\"font-family:Calibri,sans-serif\"><a href=\"https:\/\/app.rdstation.email\/mail\/d1246106-5887-4ae3-b115-63593ba00040?utm_campaign=emkt_workshop_-_gestao_de_produtos_quimicos&amp;utm_medium=email&amp;utm_source=RD+Station\" style=\"color:blue; text-decoration:underline\"><b><span style=\"font-size:14.0pt\">Workshop | Gest&atilde;o de Produtos Qu&iacute;micos<\/span><\/b><\/a><span style=\"font-size:14.0pt\">, 20 de agosto de 2024, das 10h &agrave;s 12h, evento online.<\/span><\/span><\/span><\/span><\/p>\r\n\r\n<p style=\"text-align:justify\"><span style=\"font-size:11pt\"><span style=\"line-height:normal\"><span style=\"font-family:Calibri,sans-serif\"><a href=\"http:\/\/www.feiplar.com\" style=\"color:blue; text-decoration:underline\"><b><span style=\"font-size:14.0pt\">FEIPLAR COMPOSITES &amp; FEIPUR &ndash; Feira e Congresso Internacionais de Composites, Poliuretano, Pl&aacute;sticos de Engenharia e Compostos Termopl&aacute;sticos<\/span><\/b><\/a><span style=\"font-size:14.0pt\">, 20 a 22 de agosto de 2024, S&atilde;o Paulo Expo (Pavilh&atilde;o 5), palestras: das 8h30 &agrave;s 18h, feira: das 13h &agrave;s 20h.<b> <\/b><\/span><\/span><\/span><\/span><\/p>\r\n\r\n<p style=\"text-align:justify\"><span style=\"font-size:11pt\"><span style=\"line-height:normal\"><span style=\"font-family:Calibri,sans-serif\"><a href=\"http:\/\/www.techtextil-north-america.us.messefrankfurt.com\" style=\"color:blue; text-decoration:underline\"><b><span lang=\"EN-US\" style=\"font-size:14.0pt\">Techtextil North America 2024<\/span><\/b><\/a><span lang=\"EN-US\" style=\"font-size:14.0pt\">, August 20 &ndash; 24, Raleigh, North Carolina.<\/span><\/span><\/span><\/span><\/p>\r\n\r\n<p style=\"text-align:justify\"><span style=\"font-size:11pt\"><span style=\"line-height:normal\"><span style=\"font-family:Calibri,sans-serif\"><a href=\"http:\/\/www.fenasan.com.br\" style=\"color:blue; text-decoration:underline\"><b><span style=\"font-size:14.0pt\">Fenasan 2024 &ndash; Feira Nacional de Saneamento e Meio Ambiente<\/span><\/b><\/a><span style=\"font-size:14.0pt\">, 22 a 24 de outubro de 2024, Pavilh&otilde;es Verde e Vermelho, Expo Center Norte, S&atilde;o Paulo SP<\/span><\/span><\/span><\/span><\/p>\r\n\r\n<p style=\"text-align:justify\"><span style=\"font-size:11pt\"><span style=\"line-height:normal\"><span style=\"font-family:Calibri,sans-serif\"><a href=\"http:\/\/www.hospitalmed.com.br\" style=\"color:blue; text-decoration:underline\"><b><span style=\"font-size:14.0pt\">HospitalMed 2024<\/span><\/b><\/a><span style=\"font-size:14.0pt\">, 23 a 25 de outubro, das 14h &agrave;s 20h, no Pernambuco Centro de Conven&ccedil;&otilde;es<\/span><\/span><\/span><\/span><\/p>\r\n\r\n<p style=\"text-align:justify\"><span style=\"font-size:11pt\"><span style=\"line-height:normal\"><span style=\"font-family:Calibri,sans-serif\"><a href=\"http:\/\/www.congressoabit.com.br\" style=\"color:blue; text-decoration:underline\"><b><span style=\"font-size:14.0pt\">Congresso Internacional Abit 2024<\/span><\/b><\/a><span style=\"font-size:14.0pt\">, 30 e 31 de outubro, Salvador, Bahia<\/span><\/span><\/span><\/span><\/p>\r\n\r\n<p style=\"text-align:justify\"><span style=\"font-size:11pt\"><span style=\"line-height:normal\"><span style=\"font-family:Calibri,sans-serif\"><a href=\"https:\/\/www.fimec.com.br\/\" style=\"color:blue; text-decoration:underline\"><b><span style=\"font-size:14.0pt\">Fimec 2025<\/span><\/b><\/a><span style=\"font-size:14.0pt\">, 18 a 20 de mar&ccedil;o, Fenac, Novo Hamburgo, RS<\/span><\/span><\/span><\/span><\/p>\r\n\r\n<p style=\"text-align:justify\"><span style=\"font-size:28pt\"><span style=\"font-family:Cambria,serif\"><span style=\"letter-spacing:-0.5pt\"><b><span style=\"font-size:18.0pt\"><span calibri=\"\" style=\"font-family:\"><span style=\"font-variant:small-caps\">Setor<\/span><\/span><\/span><\/b><\/span><\/span><\/span><\/p>\r\n\r\n<p style=\"text-align:justify\"><span style=\"font-size:11pt\"><span style=\"line-height:normal\"><span style=\"font-family:Calibri,sans-serif\"><a href=\"https:\/\/tissueonline.com.br\/tendencia-de-desfralde-gentil-impulsiona-mercado-de-fraldas-em-meio-a-queda-de-natalidade\/?utm_campaign=newsletter_12072024_novo_modelo&amp;utm_medium=email&amp;utm_source=RD+Station\" style=\"color:blue; text-decoration:underline\"><span style=\"font-size:14.0pt\">Tend&ecirc;ncia de desfralde gentil impulsiona mercado de fraldas em meio &agrave; queda de natalidade<\/span><\/a><\/span><\/span><\/span><\/p>\r\n\r\n<p style=\"text-align:justify\"><span style=\"font-size:11pt\"><span style=\"line-height:normal\"><span style=\"font-family:Calibri,sans-serif\"><a href=\"https:\/\/tecnologiademateriais.com.br\/portaltm\/inovacoes-tecnologicas-dos-materiais-compositos-cenario-e-tendencias\/\" style=\"color:blue; text-decoration:underline\"><span style=\"font-size:14.0pt\">Inova&ccedil;&otilde;es Tecnol&oacute;gicas dos Materiais Comp&oacute;sitos: cen&aacute;rio e tend&ecirc;ncias<\/span><\/a><\/span><\/span><\/span><\/p>\r\n\r\n<p style=\"text-align:justify\"><span style=\"font-size:11pt\"><span style=\"line-height:normal\"><span style=\"font-family:Calibri,sans-serif\"><a href=\"https:\/\/www.moveisdevalor.com.br\/portal\/fornecedores-alinhados-com-novas-exigencias-do-mercado-de-colchoes?source=news\" style=\"color:blue; text-decoration:underline\"><span style=\"font-size:14.0pt\">Fornecedores alinhados com novas exig&ecirc;ncias em colch&otilde;es<\/span><\/a><\/span><\/span><\/span><\/p>\r\n\r\n<p style=\"text-align:justify\"><span style=\"font-size:11pt\"><span style=\"line-height:normal\"><span style=\"font-family:Calibri,sans-serif\"><a href=\"https:\/\/sinditextilsp.org.br\/home\/2024\/06\/coalizao-empresarial-do-polo-textil-entrega-documento-ao-governador\/?utm_campaign=sindinews-12072024&amp;utm_medium=email&amp;utm_source=RD+Station\" style=\"color:blue; text-decoration:underline\"><span style=\"font-size:14.0pt\">Coaliz&atilde;o Empresarial do Polo T&ecirc;xtil entrega documento ao Governador<\/span><\/a><\/span><\/span><\/span><\/p>\r\n\r\n<p style=\"text-align:justify\"><span style=\"font-size:11pt\"><span style=\"line-height:normal\"><span style=\"font-family:Calibri,sans-serif\"><a href=\"https:\/\/sinditextilsp.org.br\/home\/2024\/07\/setor-textil-paulista-gera-emprego-mas-a-confeccao-segue-demitindo\/?utm_campaign=sindinews-12072024&amp;utm_medium=email&amp;utm_source=RD+Station\" style=\"color:blue; text-decoration:underline\"><span style=\"font-size:14.0pt\">Setor t&ecirc;xtil paulista gera emprego, mas a confec&ccedil;&atilde;o segue demitindo<\/span><\/a><\/span><\/span><\/span><\/p>\r\n\r\n<p style=\"text-align:justify\"><span style=\"font-size:28pt\"><span style=\"font-family:Cambria,serif\"><span style=\"letter-spacing:-0.5pt\"><b><span style=\"font-size:18.0pt\"><span calibri=\"\" style=\"font-family:\"><span style=\"font-variant:small-caps\">Ind&uacute;stria<\/span><\/span><\/span><\/b><\/span><\/span><\/span><\/p>\r\n\r\n<p style=\"text-align:justify\"><span style=\"font-size:11pt\"><span style=\"line-height:normal\"><span style=\"font-family:Calibri,sans-serif\"><a href=\"https:\/\/comexdobrasil.com\/e-impossivel-competir-com-calcados-que-chegam-ao-brasil-a-us-2-o-par-diz-abicalcados\/\" style=\"color:blue; text-decoration:underline\"><span style=\"font-size:14.0pt\">&ldquo;&Eacute; imposs&iacute;vel competir com cal&ccedil;ados que chegam ao Brasil a US$ 2 o par&rdquo;, diz Abical&ccedil;ados<\/span><\/a><\/span><\/span><\/span><\/p>\r\n\r\n<p style=\"text-align:justify\"><span style=\"font-size:11pt\"><span style=\"line-height:normal\"><span style=\"font-family:Calibri,sans-serif\"><a href=\"https:\/\/revistaoeste.com\/economia\/producao-industrial-de-maio-cai-em-9-de-15-estados-diz-ibge\/\" style=\"color:blue; text-decoration:underline\"><span style=\"font-size:14.0pt\">Produ&ccedil;&atilde;o industrial de maio cai em 9 de 15 Estados, diz IBGE<\/span><\/a><\/span><\/span><\/span><\/p>\r\n\r\n<p style=\"text-align:justify\"><span style=\"font-size:11pt\"><span style=\"line-height:normal\"><span style=\"font-family:Calibri,sans-serif\"><a href=\"https:\/\/grandesconstrucoes.com.br\/Noticias\/Exibir\/marco-legal-do-saneamento-basico-cria-oportunidades-de-investimento-em-todo-o-pais?utm_source=akna&amp;utm_medium=email&amp;utm_campaign=Grandes-Construcoes-Informativo-920-11-07-2024&amp;utm_source=akna&amp;utm_medium=email&amp;utm_campaign=Grandes-Construcoes-Informativo-920-11-07-2024\" style=\"color:blue; text-decoration:underline\"><span style=\"font-size:14.0pt\">Marco Legal do Saneamento B&aacute;sico cria oportunidades de investimento em todo o pa&iacute;s<\/span><\/a><\/span><\/span><\/span><\/p>\r\n\r\n<p style=\"text-align:justify\"><span style=\"font-size:11pt\"><span style=\"line-height:normal\"><span style=\"font-family:Calibri,sans-serif\"><a href=\"https:\/\/portalibre.fgv.br\/noticias\/os-calcanhares-de-aquiles-do-saneamento\" style=\"color:blue; text-decoration:underline\"><span style=\"font-size:14.0pt\">Os calcanhares de Aquiles do saneamento<\/span><\/a><\/span><\/span><\/span><\/p>\r\n\r\n<p style=\"text-align:justify\"><span style=\"font-size:11pt\"><span style=\"line-height:normal\"><span style=\"font-family:Calibri,sans-serif\"><a href=\"https:\/\/www.balcaoautomotivo.com\/2024\/07\/10\/abrafiltros-celebra-os-seus-18-anos-de-atividades-no-setor-de-filtracao\/\" style=\"color:blue; text-decoration:underline\"><span style=\"font-size:14.0pt\">Abrafiltros celebra os seus 18 anos de atividades no setor de filtra&ccedil;&atilde;o<\/span><\/a><\/span><\/span><\/span><\/p>\r\n\r\n<p style=\"text-align:justify\"><span style=\"font-size:28pt\"><span style=\"font-family:Cambria,serif\"><span style=\"letter-spacing:-0.5pt\"><b><span style=\"font-size:18.0pt\"><span calibri=\"\" style=\"font-family:\"><span style=\"font-variant:small-caps\">Sustentabilidade<\/span><\/span><\/span><\/b><\/span><\/span><\/span><\/p>\r\n\r\n<p style=\"text-align:justify\"><span style=\"font-size:11pt\"><span style=\"line-height:normal\"><span style=\"font-family:Calibri,sans-serif\"><a href=\"https:\/\/plasticosemrevista.com.br\/reciclagem-quimica-posta-em-duvida-nos-eua\/\" style=\"color:blue; text-decoration:underline\"><span style=\"font-size:14.0pt\">Reciclagem qu&iacute;mica posta em d&uacute;vida nos EUA<\/span><\/a><\/span><\/span><\/span><\/p>\r\n\r\n<p style=\"text-align:justify\"><span style=\"font-size:11pt\"><span style=\"line-height:normal\"><span style=\"font-family:Calibri,sans-serif\"><a href=\"https:\/\/plasticosemrevista.com.br\/amazon-vai-extinguir-uso-de-plasticos-de-uso-unico\/\" style=\"color:blue; text-decoration:underline\"><span style=\"font-size:14.0pt\">Amazon vai extinguir uso de pl&aacute;sticos de uso &uacute;nico<\/span><\/a><\/span><\/span><\/span><\/p>\r\n\r\n<p style=\"text-align:justify\"><span style=\"font-size:11pt\"><span style=\"line-height:normal\"><span style=\"font-family:Calibri,sans-serif\"><a href=\"https:\/\/static.portaldaindustria.com.br\/media\/filer_public\/0d\/47\/0d472d9c-f62c-4067-8a71-52bdffe0b1a1\/apc_14_comercio_e_sustentabilidade_csddd_vf.pdf\" style=\"color:blue; text-decoration:underline\"><span style=\"font-size:14.0pt\">Diretiva da Uni&atilde;o Europeia cria regras sobre sustentabilidade corporativa<\/span><\/a><\/span><\/span><\/span><\/p>\r\n\r\n<p style=\"text-align:justify\"><span style=\"font-size:11pt\"><span style=\"line-height:normal\"><span style=\"font-family:Calibri,sans-serif\"><a href=\"https:\/\/www.fibre2fashion.com\/news\/textile-news\/eu-nations-2023-environmental-protection-investment-73-bn-eurostat-295895-newsdetails.htm\" style=\"color:blue; text-decoration:underline\"><span lang=\"EN-US\" style=\"font-size:14.0pt\">EU nations&#39; 2023 environmental protection investment $73 bn: Eurostat<\/span><\/a><\/span><\/span><\/span><\/p>\r\n\r\n<p style=\"text-align:justify\"><span style=\"font-size:28pt\"><span style=\"font-family:Cambria,serif\"><span style=\"letter-spacing:-0.5pt\"><b><span style=\"font-size:18.0pt\"><span calibri=\"\" style=\"font-family:\"><span style=\"font-variant:small-caps\">Inova&ccedil;&atilde;o<\/span><\/span><\/span><\/b><\/span><\/span><\/span><\/p>\r\n\r\n<p style=\"text-align:justify\"><span style=\"font-size:11pt\"><span style=\"line-height:normal\"><span style=\"font-family:Calibri,sans-serif\"><a href=\"https:\/\/www.inovacaotecnologica.com.br\/noticias\/noticia.php?artigo=areas-grama-artificial-ficar-25-c-mais-frias-usando-agua-chuva&amp;id=010125240712&amp;ebol=sim\" style=\"color:blue; text-decoration:underline\"><span style=\"font-size:14.0pt\">&Aacute;reas de grama artificial podem ficar 25 &ordm;C mais frias usando &aacute;gua da chuva<\/span><\/a><\/span><\/span><\/span><\/p>\r\n\r\n<p style=\"text-align:justify\"><span style=\"font-size:11pt\"><span style=\"line-height:normal\"><span style=\"font-family:Calibri,sans-serif\"><a href=\"https:\/\/www.moveisdevalor.com.br\/portal\/entidades-apostam-na-inovacao-para-o-setor-moveleiro?source=news\" style=\"color:blue; text-decoration:underline\"><span style=\"font-size:14.0pt\">Entidades apostam na inova&ccedil;&atilde;o para o setor moveleiro<\/span><\/a><\/span><\/span><\/span><\/p>\r\n\r\n<p style=\"text-align:justify\"><span style=\"font-size:11pt\"><span style=\"line-height:normal\"><span style=\"font-family:Calibri,sans-serif\"><a href=\"https:\/\/super.abril.com.br\/ciencia\/em-15-minutos-reacao-quimica-decompoe-roupas-velhas-para-reciclagem\/\" style=\"color:blue; text-decoration:underline\"><span style=\"font-size:14.0pt\">Em 15 minutos, rea&ccedil;&atilde;o qu&iacute;mica decomp&otilde;e roupas velhas para reciclagem<\/span><\/a> <\/span><\/span><\/span><\/p>\r\n\r\n<p style=\"text-align:justify\"><span style=\"font-size:11pt\"><span style=\"line-height:normal\"><span style=\"font-family:Calibri,sans-serif\"><a href=\"https:\/\/phys.org\/news\/2024-07-textile-scientists-fresh-insights-smellier.html?utm_source=nwletter&amp;utm_medium=email&amp;utm_campaign=daily-nwletter\" style=\"color:blue; text-decoration:underline\"><span lang=\"EN-US\" style=\"font-size:14.0pt\">Textile scientists offer fresh insights on why some clothes get smellier<\/span><\/a><\/span><\/span><\/span><\/p>\r\n\r\n<p style=\"text-align:justify\"><span style=\"font-size:28pt\"><span style=\"font-family:Cambria,serif\"><span style=\"letter-spacing:-0.5pt\"><b><span style=\"font-size:18.0pt\"><span calibri=\"\" style=\"font-family:\"><span style=\"font-variant:small-caps\">Com&eacute;rcio Exterior<\/span><\/span><\/span><\/b><\/span><\/span><\/span><\/p>\r\n\r\n<p style=\"text-align:justify\"><span style=\"font-size:11pt\"><span style=\"line-height:normal\"><span style=\"font-family:Calibri,sans-serif\"><a href=\"https:\/\/agenciabrasil.ebc.com.br\/internacional\/noticia\/2024-07\/cupula-do-mercosul-em-assuncao-sela-entrada-da-bolivia\" style=\"color:blue; text-decoration:underline\"><span style=\"font-size:14.0pt\">C&uacute;pula do Mercosul em Assun&ccedil;&atilde;o sela entrada da Bol&iacute;via<\/span><\/a><\/span><\/span><\/span><\/p>\r\n\r\n<p style=\"text-align:justify\"><span style=\"font-size:11pt\"><span style=\"line-height:normal\"><span style=\"font-family:Calibri,sans-serif\"><a href=\"https:\/\/www.gov.br\/mdic\/pt-br\/assuntos\/noticias\/2024\/julho\/mercosul-e-emirados-arabes-unidos-iniciam-negociacoes-de-um-acordo-de-livre-comercio\" style=\"color:blue; text-decoration:underline\"><span style=\"font-size:14.0pt\">Mercosul e Emirados &Aacute;rabes Unidos iniciam negocia&ccedil;&otilde;es de um acordo de livre com&eacute;rcio<\/span><\/a><\/span><\/span><\/span><\/p>\r\n\r\n<p style=\"text-align:justify\"><span style=\"font-size:11pt\"><span style=\"line-height:normal\"><span style=\"font-family:Calibri,sans-serif\"><a href=\"https:\/\/anba.com.br\/brasil-palestina-acordo-entrara-em-vigor\/\" style=\"color:blue; text-decoration:underline\"><span style=\"font-size:14.0pt\">Brasil-Palestina: acordo entrar&aacute; em vigor<\/span><\/a><\/span><\/span><\/span><\/p>\r\n\r\n<p style=\"text-align:justify\"><span style=\"font-size:11pt\"><span style=\"line-height:normal\"><span style=\"font-family:Calibri,sans-serif\"><a href=\"https:\/\/anba.com.br\/acordo-de-livre-comercio-mercosul-palestina\/\" style=\"color:blue; text-decoration:underline\"><span style=\"font-size:14.0pt\">Acordo de Livre Com&eacute;rcio Mercosul-Palestina<\/span><\/a><\/span><\/span><\/span><\/p>\r\n\r\n<p style=\"text-align:justify\"><span style=\"font-size:11pt\"><span style=\"line-height:normal\"><span style=\"font-family:Calibri,sans-serif\"><a href=\"https:\/\/insideevs.uol.com.br\/news\/714216\/china-subsidios-carros-eletricos-omc\/\" style=\"color:blue; text-decoration:underline\"><span style=\"font-size:14.0pt\">China recorre &agrave; OMC contra subs&iacute;dios americanos para el&eacute;tricos<\/span><\/a><\/span><\/span><\/span><\/p>\r\n\r\n<p style=\"text-align:justify\"><span style=\"font-size:11pt\"><span style=\"line-height:normal\"><span style=\"font-family:Calibri,sans-serif\"><a href=\"https:\/\/www.gov.br\/mdic\/pt-br\/assuntos\/noticias\/2024\/julho\/governo-mantem-aumento-de-imposto-de-importacao-para-restos-de-papel-plastico-e-vidro\" style=\"color:blue; text-decoration:underline\"><span style=\"font-size:14.0pt\">Governo mant&eacute;m aumento de Imposto de Importa&ccedil;&atilde;o para restos de papel, pl&aacute;stico e vidro<\/span><\/a><\/span><\/span><\/span><\/p>\r\n\r\n<p style=\"text-align:justify\"><span style=\"font-size:11pt\"><span style=\"line-height:normal\"><span style=\"font-family:Calibri,sans-serif\"><a href=\"https:\/\/www.gov.br\/mdic\/pt-br\/assuntos\/noticias\/2024\/julho\/exportadores-agora-podem-obter-recursos-do-proex-antes-de-embarcar-a-mercadoria\" style=\"color:blue; text-decoration:underline\"><span style=\"font-size:14.0pt\">Exportadores agora podem obter recursos do Proex antes de embarcar a mercadoria<\/span><\/a><\/span><\/span><\/span><\/p>\r\n\r\n<p style=\"text-align:justify\"><span style=\"font-size:28pt\"><span style=\"font-family:Cambria,serif\"><span style=\"letter-spacing:-0.5pt\"><b><span style=\"font-size:18.0pt\"><span calibri=\"\" style=\"font-family:\"><span style=\"font-variant:small-caps\">Economia<\/span><\/span><\/span><\/b><\/span><\/span><\/span><\/p>\r\n\r\n<p style=\"text-align:justify\"><span style=\"font-size:11pt\"><span style=\"line-height:normal\"><span style=\"font-family:Calibri,sans-serif\"><a href=\"https:\/\/www.bcb.gov.br\/content\/focus\/focus\/R20240712.pdf\" style=\"color:blue; text-decoration:underline\"><span style=\"font-size:14.0pt\">Focus - Relat&oacute;rio de Mercado<\/span><\/a><\/span><\/span><\/span><\/p>\r\n\r\n<p style=\"text-align:justify\"><span style=\"font-size:11pt\"><span style=\"line-height:normal\"><span style=\"font-family:Calibri,sans-serif\"><a href=\"https:\/\/portalibre.fgv.br\/system\/files\/divulgacao\/noticias\/mat-complementar\/2024-07\/Bar%C3%B4metros%20Globais%20KOF-FGV_Press%20release_07_2024.pdf\" style=\"color:blue; text-decoration:underline\"><span style=\"font-size:14.0pt\">Bar&ocirc;metros Globais recuam levemente em julho<\/span><\/a><\/span><\/span><\/span><\/p>\r\n\r\n<p style=\"text-align:justify\"><span style=\"font-size:11pt\"><span style=\"line-height:normal\"><span style=\"font-family:Calibri,sans-serif\"><a href=\"https:\/\/portalibre.fgv.br\/noticias\/monitor-do-pib-aponta-crescimento-de-03-da-atividade-economica-em-maio\" style=\"color:blue; text-decoration:underline\"><span style=\"font-size:14.0pt\">Monitor do PIB aponta crescimento de 0,3% da atividade econ&ocirc;mica em maio<\/span><\/a><\/span><\/span><\/span><\/p>\r\n\r\n<p style=\"text-align:justify\"><span style=\"font-size:11pt\"><span style=\"line-height:normal\"><span style=\"font-family:Calibri,sans-serif\"><a href=\"https:\/\/portalibre.fgv.br\/noticias\/barometros-globais-recuo-do-indicador-reflete-perda-de-folego-da-economia-chinesa\" style=\"color:blue; text-decoration:underline\"><span style=\"font-size:14.0pt\">Bar&ocirc;metros Globais: recuo do indicador reflete perda de f&ocirc;lego da economia chinesa<\/span><\/a><\/span><\/span><\/span><\/p>\r\n\r\n<p style=\"text-align:justify\"><span style=\"font-size:11pt\"><span style=\"line-height:normal\"><span style=\"font-family:Calibri,sans-serif\"><a href=\"https:\/\/www.camara.leg.br\/noticias\/1082375-camara-aprova-isencao-para-carnes-e-conclui-votacao-de-projeto-que-regulamenta-a-reforma-tributaria\/\" style=\"color:blue; text-decoration:underline\"><span style=\"font-size:14.0pt\">C&acirc;mara aprova isen&ccedil;&atilde;o para carnes e conclui vota&ccedil;&atilde;o de projeto que regulamenta a reforma tribut&aacute;ria<\/span><\/a><\/span><\/span><\/span><\/p>\r\n\r\n<p style=\"text-align:justify\"><img src=\"https:\/\/www.abint.org.br\/assets\/img\/editor\/redes-sociais-abint-ctg-cth_202406041400398QFSSawN2a.jpg\" \/><span style=\"font-size:11pt\"><span style=\"line-height:normal\"><span style=\"font-family:Calibri,sans-serif\"> <\/span><\/span><\/span><\/p>\r\n","texto_en":"","7":"","imagem":"COMP_capa-2024-site-boletim-abint-noticias-semanis_20240718121617OLMMXxtaTe.jpg","8":"COMP_capa-2024-site-boletim-abint-noticias-semanis_20240718121617OLMMXxtaTe.jpg","arquivo":"20240716-BOLETIM-ABINT-DE-NOTICIAS-SEMANAIS.PDF","9":"20240716-BOLETIM-ABINT-DE-NOTICIAS-SEMANAIS.PDF","titulo_arquivo":"20240717 Boletim ABINT de Not\u00edcias Semanais","10":"20240717 Boletim ABINT de Not\u00edcias Semanais","titulo_arquivo_en":"","11":"","created_at":"2024-07-18 12:16:28","12":"2024-07-18 12:16:28","updated_at":"2024-07-18 12:17:30","13":"2024-07-18 12:17:30"},{"id":125,"0":125,"ordem":97,"1":97,"data":"2024-07-10","2":"2024-07-10","slug":"boletim-abint-de-noticias-semanais-37","3":"boletim-abint-de-noticias-semanais-37","titulo":"Boletim ABINT de Not\u00edcias Semanais","4":"Boletim ABINT de Not\u00edcias Semanais","titulo_en":"","5":"","texto":"<p style=\"text-align:justify\"><span style=\"font-size:11pt\"><span style=\"line-height:normal\"><span style=\"font-family:Calibri,sans-serif\"><span style=\"font-size:14.0pt\">Esta &eacute; uma compila&ccedil;&atilde;o das not&iacute;cias mais relevantes para o setor, incluindo informa&ccedil;&otilde;es sobre acordos internacionais, economia brasileira, sustentabilidade e mat&eacute;rias primas, al&eacute;m de novidades do setor de N&atilde;otecidos e Tecidos T&eacute;cnicos.<\/span><\/span><\/span><\/span><\/p>\r\n\r\n<p style=\"text-align:justify\"><span style=\"font-size:28pt\"><span style=\"font-family:Cambria,serif\"><span style=\"letter-spacing:-0.5pt\"><b><span style=\"font-size:18.0pt\"><span style=\"font-family:&quot;Calibri&quot;,sans-serif\"><span style=\"font-variant:small-caps\">O que vem por a&iacute;<\/span><\/span><\/span><\/b><\/span><\/span><\/span><\/p>\r\n\r\n<p style=\"text-align:justify\"><span style=\"font-size:28pt\"><span style=\"font-family:Cambria,serif\"><span style=\"letter-spacing:-0.5pt\"><b><span style=\"font-size:18.0pt\"><span style=\"font-family:&quot;Calibri&quot;,sans-serif\"><span style=\"font-variant:small-caps\"><img src=\"https:\/\/www.abint.org.br\/assets\/img\/editor\/abint-logo-2020-g_202407111319209UyEp91f0Z.png\" style=\"width: 300px; height: 69px;\" \/><\/span><\/span><\/span><\/b><\/span><\/span><\/span><\/p>\r\n\r\n<p style=\"text-align:justify\"><img src=\"https:\/\/www.abint.org.br\/assets\/img\/editor\/post-quadrado-curso-naotecido_20240711131854i0Qr6PhAtF.jpg\" style=\"width: 500px; height: 500px;\" \/><\/p>\r\n\r\n<p style=\"text-align:justify\"><span style=\"font-size:11pt\"><span style=\"line-height:normal\"><span style=\"font-family:Calibri,sans-serif\"><a href=\"https:\/\/forms.office.com\/r\/5DrqtK5n3Y\" style=\"color:blue; text-decoration:underline\"><span style=\"font-size:14.0pt\">Informa&ccedil;&otilde;es e inscri&ccedil;&otilde;es<\/span><\/a><\/span><\/span><\/span><\/p>\r\n\r\n<p style=\"text-align:justify\">&nbsp;<\/p>\r\n\r\n<p style=\"text-align:justify\"><span style=\"font-size:11pt\"><span style=\"line-height:normal\"><span style=\"font-family:Calibri,sans-serif\"><span style=\"font-size:14.0pt\"><img src=\"https:\/\/www.abint.org.br\/assets\/img\/editor\/logo-ctg-abint-png_20240711132017ya3xJW49qU.png\" style=\"width: 300px; height: 55px;\" \/><\/span><\/span><\/span><\/span><\/p>\r\n\r\n<p style=\"text-align:justify\"><span style=\"font-size:14.0pt\"><span style=\"line-height:115%\"><span style=\"font-family:&quot;Calibri&quot;,sans-serif\">No dia 10 de julho, o CTG ABINT realizar&aacute; a live &ldquo;Garantia de qualidade dos Geossint&eacute;ticos: procedimentos de instala&ccedil;&atilde;o e responsabilidade ambiental. Para assistir, <\/span><\/span><\/span><span style=\"font-size:11.0pt\"><span style=\"line-height:115%\"><span style=\"font-family:&quot;Calibri&quot;,sans-serif\"><a href=\"https:\/\/www.instagram.com\/ctg_abint\/\" style=\"color:blue; text-decoration:underline\"><span style=\"font-size:14.0pt\"><span style=\"line-height:115%\">acesse aqui<\/span><\/span><\/a><\/span><\/span><\/span><\/p>\r\n\r\n<p style=\"text-align:justify\"><span style=\"font-size:11.0pt\"><span style=\"line-height:115%\"><span style=\"font-family:&quot;Calibri&quot;,sans-serif\"><span style=\"font-size:14.0pt\"><span style=\"line-height:115%\"><img src=\"https:\/\/www.abint.org.br\/assets\/img\/editor\/20240710-live-ctg-instagram-erica-santos_20240711132109V5CIekw5xb.jpeg\" style=\"width: 500px; height: 500px;\" \/><\/span><\/span><\/span><\/span><\/span><\/p>\r\n\r\n<p style=\"text-align:justify\">&nbsp;<\/p>\r\n\r\n<p style=\"text-align:justify\"><span style=\"font-size:11.0pt\"><span style=\"line-height:115%\"><span style=\"font-family:&quot;Calibri&quot;,sans-serif\"><span style=\"font-size:14.0pt\"><span style=\"line-height:115%\"><img src=\"https:\/\/www.abint.org.br\/assets\/img\/editor\/post-curso-br-instal-gm-2024_20240711132129URMDj11rw3.jpeg\" style=\"width: 500px; height: 500px;\" \/><\/span><\/span><\/span><\/span><\/span><\/p>\r\n\r\n<p style=\"text-align:justify\"><a href=\"https:\/\/abrir.link\/qpYXB\">Informa&ccedil;&otilde;es e inscri&ccedil;&otilde;es<\/a><\/p>\r\n\r\n<p style=\"text-align:justify\">&nbsp;<\/p>\r\n\r\n<p style=\"text-align:justify\"><span style=\"font-size:11.0pt\"><span style=\"line-height:115%\"><span style=\"font-family:&quot;Calibri&quot;,sans-serif\"><span style=\"font-size:14.0pt\"><span style=\"line-height:115%\"><img src=\"https:\/\/www.abint.org.br\/assets\/img\/editor\/20240924-cobramseg-2024_202407111323242mEDnMmMnT.png\" \/><\/span><\/span><\/span><\/span><\/span><\/p>\r\n\r\n<p style=\"text-align:justify\"><span style=\"font-size:11pt\"><span style=\"line-height:normal\"><span style=\"font-family:Calibri,sans-serif\"><b><span style=\"font-size:14.0pt\">O CTG ABINT &eacute; um dos patrocinadores da 21&ordf; edi&ccedil;&atilde;o do Cobramseg &ndash; Congresso Brasileiro de Mec&acirc;nica dos Solos e Engenharia Geot&eacute;cnica.<\/span><\/b><\/span><\/span><\/span><\/p>\r\n\r\n<p style=\"text-align:justify\"><span style=\"font-size:11pt\"><span style=\"line-height:normal\"><span style=\"font-family:Calibri,sans-serif\"><span style=\"font-size:14.0pt\">&ldquo;<i>Nos reunimos para celebrar a Mec&acirc;nica dos Solos e das Rochas, da GeoEngenharia! Academia, Ind&uacute;stria e &Oacute;rg&atilde;os Gestores unidos para expor seus avan&ccedil;os t&eacute;cnicos e cient&iacute;ficos. Um ambiente rico e diverso que nos permite debater solu&ccedil;&otilde;es e a&ccedil;&otilde;es de forma a fortalecer nossa comunidade geot&eacute;cnica, visando proporcionar um desenvolvimento mais sustent&aacute;vel e seguro para a nossa sociedade<\/i>.&rdquo; V&iacute;tor Pereira Faro, Presidente do COBRAMSEG 2024<\/span><\/span><\/span><\/span><\/p>\r\n\r\n<p style=\"text-align:justify\"><span style=\"font-size:11.0pt\"><span style=\"line-height:115%\"><span style=\"font-family:&quot;Calibri&quot;,sans-serif\"><a href=\"http:\/\/www.cobramseg.com.br\" style=\"color:blue; text-decoration:underline\"><span style=\"font-size:14.0pt\"><span style=\"line-height:115%\">www.cobramseg.com.br<\/span><\/span><\/a><\/span><\/span><\/span><\/p>\r\n\r\n<p style=\"text-align:justify\">&nbsp;<\/p>\r\n\r\n<p style=\"text-align:justify\"><span style=\"font-size:11.0pt\"><span style=\"line-height:115%\"><span style=\"font-family:&quot;Calibri&quot;,sans-serif\"><span style=\"font-size:14.0pt\"><span style=\"line-height:115%\"><img src=\"https:\/\/www.abint.org.br\/assets\/img\/editor\/fenasan-2024_20240711132205M0vHMSi8Zy.jpg\" style=\"width: 700px; height: 249px;\" \/><\/span><\/span><\/span><\/span><\/span><\/p>\r\n\r\n<p style=\"text-align:justify\"><span style=\"font-size:11pt\"><span style=\"line-height:normal\"><span style=\"font-family:Calibri,sans-serif\"><span style=\"font-size:14.0pt\">O <b>CTG ABINT apoia a Feira Nacional de Saneamento e Meio Ambiente &ndash; Fenasan e do 35&ordm; Encontro T&eacute;cnico AESabesp, que ocorrer&atilde;o de 22 a 24 de outubro de 2024<\/b>, no Pavilh&atilde;o Verde e Vermelho, no Expo Center Norte, em S&atilde;o Paulo. Trata-se do maior evento de saneamento da Am&eacute;rica Latin. A realiza&ccedil;&atilde;o &eacute; da AESabesp &ndash; Associa&ccedil;&atilde;o dos Engenheiros da Sabesp.<\/span><\/span><\/span><\/span><\/p>\r\n\r\n<p style=\"text-align:justify\"><span style=\"font-size:11pt\"><span style=\"line-height:normal\"><span style=\"font-family:Calibri,sans-serif\"><i><span style=\"font-size:14.0pt\">O tema central desta edi&ccedil;&atilde;o &eacute; &ldquo;Saneamento ambiental: condi&ccedil;&atilde;o fundamental para o enfrentamento das mudan&ccedil;as clim&aacute;ticas&rdquo;. Com um p&uacute;blico tradicionalmente de 22 mil visitantes e alinhada aos ODS &ndash; Objetivos de Desenvolvimento Sustent&aacute;vel estabelecidos pela ONU e aos conceitos de ESG, a edi&ccedil;&atilde;o 2024 continuar&aacute; ampliando o di&aacute;logo em torno das quest&otilde;es de saneamento ambiental, meio ambiente e sustentabilidade e promovendo o compartilhamento de conhecimento altamente qualificado.<\/span><\/i><\/span><\/span><\/span><\/p>\r\n\r\n<p style=\"text-align:justify\"><span style=\"font-size:11.0pt\"><span style=\"line-height:115%\"><span style=\"font-family:&quot;Calibri&quot;,sans-serif\"><a href=\"http:\/\/www.fenasan.com.br\" style=\"color:blue; text-decoration:underline\"><span style=\"font-size:14.0pt\"><span style=\"line-height:115%\">www.fenasan.com.br<\/span><\/span><\/a><\/span><\/span><\/span><\/p>\r\n\r\n<p style=\"text-align:justify\">&nbsp;<\/p>\r\n\r\n<p style=\"text-align:justify\"><span style=\"font-size:11.0pt\"><span style=\"line-height:115%\"><span style=\"font-family:&quot;Calibri&quot;,sans-serif\"><span style=\"font-size:14.0pt\"><span style=\"line-height:115%\"><img src=\"https:\/\/www.abint.org.br\/assets\/img\/editor\/cth-logo-alta-jpg_20240711132614G4vUgE1JxI.jpg\" style=\"width: 300px; height: 68px;\" \/><\/span><\/span><\/span><\/span><\/span><\/p>\r\n\r\n<p style=\"text-align:justify\"><span style=\"font-size:11.0pt\"><span style=\"line-height:115%\"><span style=\"font-family:&quot;Calibri&quot;,sans-serif\"><span style=\"font-size:14.0pt\"><span style=\"line-height:115%\"><img src=\"https:\/\/www.abint.org.br\/assets\/img\/editor\/hospitalmed-2024-logo_20240711132640YQJRGsNjpk.png\" style=\"width: 500px; height: 448px;\" \/><\/span><\/span><\/span><\/span><\/span><\/p>\r\n\r\n<p style=\"text-align:justify\"><span style=\"font-size:11pt\"><span style=\"line-height:normal\"><span style=\"font-family:Calibri,sans-serif\"><b><span style=\"font-size:12.0pt\">O CTH ABINT &eacute; um dos patrocinadores da HospitalMed 2024.<\/span><\/b><\/span><\/span><\/span><\/p>\r\n\r\n<p style=\"text-align:justify\"><span style=\"font-size:11pt\"><span style=\"line-height:normal\"><span style=\"font-family:Calibri,sans-serif\"><span style=\"font-size:12.0pt\">&ldquo;<i>A melhor e Mais Completa Feira de Sa&uacute;de do Norte\/Nordeste<\/i>&rdquo;, &eacute; uma realiza&ccedil;&atilde;o da HospitalMed Feiras &amp; Eventos e da Insight Feiras de Neg&oacute;cios.<\/span><\/span><\/span><\/span><\/p>\r\n\r\n<p style=\"text-align:justify\"><span style=\"font-size:11pt\"><span style=\"line-height:normal\"><span style=\"font-family:Calibri,sans-serif\"><i><span style=\"font-size:12.0pt\">&ldquo;O <b>re&uacute;ne toda a cadeia produtiva do setor de sa&uacute;de das regi&otilde;es Norte\/Nordeste<\/b>. &Eacute; o grande encontro de fornecedores de Produtos, Equipamentos, Servi&ccedil;os, Tecnologia e Conte&uacute;do para Hospitais, Laborat&oacute;rios, Farm&aacute;cias, Cl&iacute;nicas, Consult&oacute;rios e Profissionais da Sa&uacute;de&rdquo;.<\/span><\/i><\/span><\/span><\/span><\/p>\r\n\r\n<p style=\"text-align:justify\"><span style=\"font-size:11.0pt\"><span style=\"line-height:115%\"><span style=\"font-family:&quot;Calibri&quot;,sans-serif\"><a href=\"http:\/\/www.hospitalmed.com.br\" style=\"color:blue; text-decoration:underline\"><span style=\"font-size:14.0pt\"><span style=\"line-height:115%\">www.hospitalmed.com.br<\/span><\/span><\/a><\/span><\/span><\/span><\/p>\r\n\r\n<p style=\"text-align:justify\">&nbsp;<\/p>\r\n\r\n<p style=\"text-align:justify\"><span style=\"font-size:28pt\"><span style=\"font-family:Cambria,serif\"><span style=\"letter-spacing:-0.5pt\"><b><span style=\"font-size:18.0pt\"><span style=\"font-family:&quot;Calibri&quot;,sans-serif\"><span style=\"font-variant:small-caps\">Not&iacute;cias das Associadas<\/span><\/span><\/span><\/b><\/span><\/span><\/span><\/p>\r\n\r\n<p style=\"text-align:justify\"><span style=\"font-size:11pt\"><span style=\"line-height:normal\"><span style=\"font-family:Calibri,sans-serif\"><a href=\"https:\/\/tissueonline.com.br\/andritz-fornecera-o-maior-sistema-de-producao-de-lignina-do-mundo-para-a-sodra-na-suecia\/\" style=\"color:blue; text-decoration:underline\"><span style=\"font-size:14.0pt\">ANDRITZ fornecer&aacute; o maior sistema de produ&ccedil;&atilde;o de lignina do mundo para a S&ouml;dra na Su&eacute;cia<\/span><\/a><\/span><\/span><\/span><\/p>\r\n\r\n<p style=\"text-align:justify\"><span style=\"font-size:11pt\"><span style=\"line-height:normal\"><span style=\"font-family:Calibri,sans-serif\"><a href=\"https:\/\/www.technicaltextile.net\/news\/andritz-to-supply-needlepunch-line-to-siteks-turkiye-296142.html\" style=\"color:blue; text-decoration:underline\"><span lang=\"EN-US\" style=\"font-size:14.0pt\">Andritz to supply needlepunch line to Siteks, Turkiye<\/span><\/a><\/span><\/span><\/span><\/p>\r\n\r\n<p style=\"text-align:justify\"><span style=\"font-size:11pt\"><span style=\"line-height:normal\"><span style=\"font-family:Calibri,sans-serif\"><a href=\"https:\/\/www.nonwovens-industry.com\/contents\/view_breaking-news\/2024-07-02\/freudenberg-launches-shirt-interlinings-made-of-recycled-pet\/\" style=\"color:blue; text-decoration:underline\"><span lang=\"EN-US\" style=\"font-size:14.0pt\">Freudenberg Launches Shirt Interlinings Made of Recycled PET<\/span><\/a><\/span><\/span><\/span><\/p>\r\n\r\n<p style=\"text-align:justify\">&nbsp;<\/p>\r\n\r\n<p style=\"text-align:justify\"><span style=\"font-size:11pt\"><span style=\"line-height:normal\"><span style=\"font-family:Calibri,sans-serif\"><b><span style=\"font-size:18.0pt\"><span style=\"font-variant:small-caps\">Eventos<\/span><\/span><\/b><\/span><\/span><\/span><\/p>\r\n\r\n<p style=\"text-align:justify\"><span style=\"font-size:11pt\"><span style=\"line-height:normal\"><span style=\"font-family:Calibri,sans-serif\"><a href=\"https:\/\/t.rdsv2.net\/ls\/click?upn=u001.M2wMezKrlmWFLef6-2B5HEVAN9lL4nOsFVqJ-2B1FI9l52WhnrXOINfM6SsPNFiGClBpAtVk7HaYGswoSq3pMNGRwN0V-2BQ0fl2ZDcXG0s6TF1m-2Fca7rnLX34W-2BYQnghCfpK-2FLiR-2FnV5TAxWRstjx-2By-2FOtDf-2FOhgrusrxlQxtfj3YT1OWJIfwarhsnvkXQ-2Bqt7M2B9-2BIDfBYqI7yUB5M4vvGp2FS6k0X2IT5Xq5mnExtADUL5uSLL0R6DIDdt2I0OK9TP01ZST-2Bty7wNyo-2Bxk8GIT2hEQwqN60LdPgHmlUPDExlN-2FHBZpndrXIJN3ASlYKaE1sxuMUSIxzG5kK5zwyNnEBw-3D-3Db0KJ_T7N8BvZTOm04CQQMiyWztrpCjlUrRc4F7QzSgUIpTqCRUF9Ey6cJDv3WqcdSlXxjIF85GxjJcbyrsyHUi-2BMutU7zZFM9GnMsFZLn8JHplrW0nwodzDACRhLfhgNCF6eIwvuXvLED1zn-2Busx8-2FxPRh-2BXP8XI3ShGt8tLzQjDv9D3LD3XEzFkGmdb4MO5cuMc7YFMfM7-2BtnL37OlQMI5CyvnzEnAQwWVYmkNHD2gr6By9mH4LVJkhoCc9k4Lq7eWTdU-2FHAZpDAT-2BhxiTUgQ2UslMdAnR1HgcCyDat-2BdHxKwksMtWnxfdT7o8wnccVoHgB7RN3WGgqtU1FQF4XO77yFvUYKcDsXKesW9t6IikL6ei0XUUKXqD5l4BvYPg0nZDzZM39prLmbsH1kLGh34lrsqImsQV5GUKpuYqvxMY2RVT2u2-2FaLV6oQFlLhRCMsIPTga6y7D2FsfEwJ9VIaA8MSMuINs1JPdOOZ7x4lKJP0sk3KU99-2FPlH7JHfBmXQ2W68k8qOUDAxIwigyoj25FlLN4NytaU9G0QaoeZbm3sbLLP1RQnj52qJJNOXXb-2F3wC-2FxUStfEcVK72meBmHbT39IcO880FM7JTRKeeAsPBXQohWl6D0snUUivJszGbKA4R9e85U6MTCPq8QuxQjczKvVWGw-3D-3D\" style=\"color:blue; text-decoration:underline\"><b><span style=\"font-size:14.0pt\">C&acirc;mera de Com&eacute;rcio Brasil-Canad&aacute; | As Pr&aacute;ticas de ESG e o Impacto Financeiro nas Empresas<\/span><\/b><\/a><span style=\"font-size:14.0pt\">, 16 de julho de 2024, 15h &agrave;s 17h, evento online e gratuito.<\/span><\/span><\/span><\/span><\/p>\r\n\r\n<p style=\"text-align:justify\"><span style=\"font-size:11pt\"><span style=\"line-height:normal\"><span style=\"font-family:Calibri,sans-serif\"><a href=\"https:\/\/us06web.zoom.us\/webinar\/register\/WN_o1VzihS-QhmADw3cDiahbA?utm_medium=email&amp;_hsenc=p2ANqtz-8L4QdNe2UJS3AzOrdWD20CPGy_srh2sRA-0Rf8ZS1Z96d5dfPQIlIcHHrbIyXdi2zFLNeY9yTjBnvUxF631-ir0ULOIQ&amp;_hsmi=313968741&amp;utm_content=313950619&amp;utm_source=hs_email#\/registration\" style=\"color:blue; text-decoration:underline\"><b><span style=\"font-size:14.0pt\">Masterclass BIM e Saneamento 4.0: Desafios e Aplica&ccedil;&otilde;es Pr&aacute;ticas<\/span><\/b><\/a><span style=\"font-size:14.0pt\">, 17 de julho de 2024, 13h (GMT-3), evento online.<\/span><\/span><\/span><\/span><\/p>\r\n\r\n<p style=\"text-align:justify\"><span style=\"font-size:11pt\"><span style=\"line-height:normal\"><span style=\"font-family:Calibri,sans-serif\"><a href=\"http:\/\/www.construnordeste.com.br\" style=\"color:blue; text-decoration:underline\"><b><span style=\"font-size:14.0pt\">Constru Nordeste<\/span><\/b><\/a><span style=\"font-size:14.0pt\">, 31 de julho a 02 de agosto de 2024, Centro de Conven&ccedil;&otilde;es Salvador, Bahia<\/span><\/span><\/span><\/span><\/p>\r\n\r\n<p style=\"text-align:justify\"><img src=\"https:\/\/www.abint.org.br\/assets\/img\/editor\/abtt-academy-curso-compras-texteis-hospitalares_20240604135954xriEyS8abD.jpg\" style=\"width: 500px; height: 500px;\" \/><\/p>\r\n\r\n<p style=\"text-align:justify\"><span style=\"font-size:11pt\"><span style=\"line-height:normal\"><span style=\"font-family:Calibri,sans-serif\"><a href=\"https:\/\/docs.google.com\/forms\/d\/e\/1FAIpQLSeG7zdl8xZpguBFbIdqyMS61mxfjvFjKOQ3EUqnWgC1RUcAug\/viewform\" style=\"color:blue; text-decoration:underline\"><span style=\"font-size:14.0pt\">Informa&ccedil;&otilde;es e inscri&ccedil;&otilde;es<\/span><\/a><\/span><\/span><\/span><\/p>\r\n\r\n<p style=\"text-align:justify\">&nbsp;<\/p>\r\n\r\n<p style=\"text-align:justify\"><span style=\"font-size:11pt\"><span style=\"line-height:normal\"><span style=\"font-family:Calibri,sans-serif\"><a href=\"https:\/\/emailmarketing.locaweb.com.br\/accounts\/116830\/messages\/524?email=abint@abint.org.br&amp;c=1719495723&amp;contact_id=110&amp;envelope_id=403\" style=\"color:blue; text-decoration:underline\"><b><span style=\"font-size:14.0pt\">JEC Composites Talks Brasil<\/span><\/b><\/a><span style=\"font-size:14.0pt\">, 19 de agosto de 2024, S&atilde;o Paulo, SP.<\/span><\/span><\/span><\/span><\/p>\r\n\r\n<p style=\"text-align:justify\"><span style=\"font-size:11pt\"><span style=\"line-height:normal\"><span style=\"font-family:Calibri,sans-serif\"><a href=\"http:\/\/www.feiplar.com\" style=\"color:blue; text-decoration:underline\"><b><span style=\"font-size:14.0pt\">FEIPLAR COMPOSITES &amp; FEIPUR &ndash; Feira e Congresso Internacionais de Composites, Poliuretano, Pl&aacute;sticos de Engenharia e Compostos Termopl&aacute;sticos<\/span><\/b><\/a><span style=\"font-size:14.0pt\">, 20 a 22 de agosto de 2024, S&atilde;o Paulo Expo (Pavilh&atilde;o 5), palestras: das 8h30 &agrave;s 18h, feira: das 13h &agrave;s 20h.<b> <\/b><\/span><\/span><\/span><\/span><\/p>\r\n\r\n<p style=\"text-align:justify\"><span style=\"font-size:11pt\"><span style=\"line-height:normal\"><span style=\"font-family:Calibri,sans-serif\"><a href=\"http:\/\/www.techtextil-north-america.us.messefrankfurt.com\" style=\"color:blue; text-decoration:underline\"><b><span lang=\"EN-US\" style=\"font-size:14.0pt\">Techtextil North America 2024<\/span><\/b><\/a><span lang=\"EN-US\" style=\"font-size:14.0pt\">, August 20 &ndash; 24, Raleigh, North Carolina.<\/span><\/span><\/span><\/span><\/p>\r\n\r\n<p style=\"text-align:justify\"><span style=\"font-size:11pt\"><span style=\"line-height:normal\"><span style=\"font-family:Calibri,sans-serif\"><a href=\"http:\/\/www.fenasan.com.br\" style=\"color:blue; text-decoration:underline\"><b><span style=\"font-size:14.0pt\">Fenasan 2024 &ndash; Feira Nacional de Saneamento e Meio Ambiente<\/span><\/b><\/a><span style=\"font-size:14.0pt\">, 22 a 24 de outubro de 2024, Pavilh&otilde;es Verde e Vermelho, Expo Center Norte, S&atilde;o Paulo SP<\/span><\/span><\/span><\/span><\/p>\r\n\r\n<p style=\"text-align:justify\"><span style=\"font-size:11pt\"><span style=\"line-height:normal\"><span style=\"font-family:Calibri,sans-serif\"><a href=\"http:\/\/www.hospitalmed.com.br\" style=\"color:blue; text-decoration:underline\"><b><span style=\"font-size:14.0pt\">HospitalMed 2024<\/span><\/b><\/a><span style=\"font-size:14.0pt\">, 23 a 25 de outubro, das 14h &agrave;s 20h, no Pernambuco Centro de Conven&ccedil;&otilde;es<\/span><\/span><\/span><\/span><\/p>\r\n\r\n<p style=\"text-align:justify\"><span style=\"font-size:11pt\"><span style=\"line-height:normal\"><span style=\"font-family:Calibri,sans-serif\"><a href=\"http:\/\/www.congressoabit.com.br\" style=\"color:blue; text-decoration:underline\"><b><span style=\"font-size:14.0pt\">Congresso Internacional Abit 2024<\/span><\/b><\/a><span style=\"font-size:14.0pt\">, 30 e 31 de outubro, Salvador, Bahia<\/span><\/span><\/span><\/span><\/p>\r\n\r\n<p style=\"text-align:justify\"><span style=\"font-size:28pt\"><span style=\"font-family:Cambria,serif\"><span style=\"letter-spacing:-0.5pt\"><b><span style=\"font-size:18.0pt\"><span style=\"font-family:&quot;Calibri&quot;,sans-serif\"><span style=\"font-variant:small-caps\">Setor<\/span><\/span><\/span><\/b><\/span><\/span><\/span><\/p>\r\n\r\n<p style=\"text-align:justify\"><span style=\"font-size:11pt\"><span style=\"line-height:normal\"><span style=\"font-family:Calibri,sans-serif\"><a href=\"https:\/\/www.terra.com.br\/economia\/reforma-tributaria-relatorio-retira-viagra-e-inclui-absorvente-na-lista-de-produtos-sem-imposto,dec5e556ed06702d7a1389ec14112d751v20atv3.html\" style=\"color:blue; text-decoration:underline\"><span style=\"font-size:14.0pt\">Reforma tribut&aacute;ria: relat&oacute;rio inclui absorvente na lista de produtos sem imposto<\/span><\/a><\/span><\/span><\/span><\/p>\r\n\r\n<p style=\"text-align:justify\"><span style=\"font-size:11pt\"><span style=\"line-height:normal\"><span style=\"font-family:Calibri,sans-serif\"><a href=\"https:\/\/plasticosemrevista.com.br\/impasse-geopolitico-na-petroquimica-mundial\/\" style=\"color:blue; text-decoration:underline\"><span style=\"font-size:14.0pt\">Impasse geopol&iacute;tico na petroqu&iacute;mica mundial<\/span><\/a><\/span><\/span><\/span><\/p>\r\n\r\n<p style=\"text-align:justify\"><span style=\"font-size:11pt\"><span style=\"line-height:normal\"><span style=\"font-family:Calibri,sans-serif\"><a href=\"https:\/\/plasticosemrevista.com.br\/china-spreads-de-pp-e-pe-frustrantes-no-1o-semestre\/\" style=\"color:blue; text-decoration:underline\"><span style=\"font-size:14.0pt\">China: spreads de PP e PE frustrantes no 1&ordm; semestre<\/span><\/a><\/span><\/span><\/span><\/p>\r\n\r\n<p style=\"text-align:justify\"><span style=\"font-size:11pt\"><span style=\"line-height:normal\"><span style=\"font-family:Calibri,sans-serif\"><a href=\"https:\/\/ibsp.net.br\/com-protocolo-de-descolonizacao-estudo-melhora-indicadores-importantes-relacionados-com-infeccoes\/\" style=\"color:blue; text-decoration:underline\"><span style=\"font-size:14.0pt\">Com protocolo de descoloniza&ccedil;&atilde;o, estudo melhora indicadores importantes relacionados com infec&ccedil;&otilde;es<\/span><\/a><\/span><\/span><\/span><\/p>\r\n\r\n<p style=\"text-align:justify\"><span style=\"font-size:11pt\"><span style=\"line-height:normal\"><span style=\"font-family:Calibri,sans-serif\"><a href=\"https:\/\/www.msn.com\/pt-br\/noticias\/brasil\/tributa%C3%A7%C3%A3o-favorece-mat%C3%A9rias-primas-virgens-em-vez-de-recicladas-dizem-especialistas\/ar-BB1puaXs?ocid=finance-verthp-feeds\" style=\"color:blue; text-decoration:underline\"><span style=\"font-size:14.0pt\">Abiplast: Tributa&ccedil;&atilde;o favorece mat&eacute;rias-primas virgens em vez de recicladas, dizem especialistas<\/span><\/a><\/span><\/span><\/span><\/p>\r\n\r\n<p style=\"text-align:justify\"><span style=\"font-size:11pt\"><span style=\"line-height:normal\"><span style=\"font-family:Calibri,sans-serif\"><a href=\"https:\/\/tissueonline.com.br\/envelhecimento-populacional-e-a-expansao-do-mercado-de-produtos-geriatricos-no-brasil\/?utm_campaign=colunistas_envelhecimento_populacional_e_a_expansao_do_mercado_de_produtos_geriatricos_no_brasil&amp;utm_medium=email&amp;utm_source=RD+Station\" style=\"color:blue; text-decoration:underline\"><span style=\"font-size:14.0pt\">Envelhecimento populacional e a expans&atilde;o do mercado de produtos geri&aacute;tricos no Brasil<\/span><\/a><\/span><\/span><\/span><\/p>\r\n\r\n<p style=\"text-align:justify\"><span style=\"font-size:11pt\"><span style=\"line-height:normal\"><span style=\"font-family:Calibri,sans-serif\"><a href=\"https:\/\/tissueonline.com.br\/ccm-industria-e-comercio-comeca-embarque-de-maquina-japonesa-que-produz-fraldas-pants-para-adultos\/\" style=\"color:blue; text-decoration:underline\"><span style=\"font-size:14.0pt\">CCM Ind&uacute;stria e Com&eacute;rcio come&ccedil;a embarque de m&aacute;quina japonesa que produz fraldas pants para adultos<\/span><\/a><\/span><\/span><\/span><\/p>\r\n\r\n<p style=\"text-align:justify\"><span style=\"font-size:11pt\"><span style=\"line-height:normal\"><span style=\"font-family:Calibri,sans-serif\"><a href=\"https:\/\/t.rdsv2.net\/ls\/click?upn=u001.SJ-2BHbcLStyE5mTD5OK48sq2JxFfkhvQ6eAz6nLBcupU4XWI5IGBuQGpv-2BGa08FP611QQwBgi4CBUVpJbpDiENeFNzL9AqZzfJk2UJ-2FlWk4DAG6JI0kYx5LVPQeO98IWKd0xxmkbAJ1hvUZsoyM2CNGnox5WHmtpeYNdRj36IuzLmWluGyDvDG3VgnKkAcJCX0fwRCetRoTtG-2B7WDtanG1NwI-2BwgNv9ZNZU5cdJMs7ju3rVKdYwJ2IRdR5wdPbrtGBwvW_T7N8BvZTOm04CQQMiyWztrpCjlUrRc4F7QzSgUIpTqB5Yk-2Bt7YhUyk7lZRXmbFFsi-2Foe1q0kuwsCjfsBOqL9ZeKwOqG7ApazixuGEP6Z5SJuFg5bm15p-2FcAKNI6-2BqjB-2BuDKv9g-2BTN-2FX2vRUN-2B9VXHWUQN3XY9Cp5QV1FNhD2RwJy6gnSQTYAh5JPsN7qwZdhGI9k1GGP-2BM0f4CUoBZHgtxi0r61skZlnZzZnGjVFkD9y1vcLk1tmlDZxERxJ2iKtJNXrMXVojwsIvh-2Fr8Y-2BswdX6UmcgowQGn0PiQ1X3CWyFKKgNv1zsKcrvQTxupGmxgI3MM4W4rr8VjX5dVbnCwvOQJIA5PQ0X2EsCPY3aacwvexdbi3DWmxFKBlLPU55mKF8af-2BmRJkCzJ7bOhLTjhQnr91Hsejn6JDbW7Y-2Fuw0UgZrk3lz4HMUPSMKM8dE80SHeQabyWsjzP7mpiGFG1l7CUZ0RJwKr3uc3-2B-2BO1g3ZIBl-2FgyfvgS22pyBkLHHupB6I2TEld05O-2FQNmNoUdJBbyohBtjvJlR80y5nu5NRg1th7YcOGOYhNyDAyIeOJAn4WjsMl-2BUPFX-2FGENRg4tZ9qwPJITHWfvs-2BKREbK6cpadobAEyCYbzxcXaGEF7T9YpHFUP8muWHZQFMcjmD8QUfew-3D-3D\" style=\"color:blue; text-decoration:underline\" target=\"_blank\" title=\"Eurofral investe R$ 25 milh\u00f5es em novas linhas de produ\u00e7\u00e3o de fraldas\"><span style=\"font-size:14.0pt\">Eurofral investe R$ 25 milh&otilde;es em novas linhas de produ&ccedil;&atilde;o de fraldas<\/span><\/a><\/span><\/span><\/span><\/p>\r\n\r\n<p style=\"text-align:justify\"><span style=\"font-size:11pt\"><span style=\"line-height:normal\"><span style=\"font-family:Calibri,sans-serif\"><a href=\"https:\/\/www.nonwovens-industry.com\/contents\/view_breaking-news\/2024-07-01\/kimberly-clark-sells-bolivian-operations\/\" style=\"color:blue; text-decoration:underline\"><span lang=\"ES-AR\" style=\"font-size:14.0pt\">Kimberly-Clark Sells Bolivian Operations<\/span><\/a><\/span><\/span><\/span><\/p>\r\n\r\n<p style=\"text-align:justify\"><span style=\"font-size:11pt\"><span style=\"line-height:normal\"><span style=\"font-family:Calibri,sans-serif\"><a href=\"https:\/\/www.nonwovens-industry.com\/contents\/view_breaking-news\/2024-07-03\/procter-gamble-exits-argentina\/\" style=\"color:blue; text-decoration:underline\"><span lang=\"ES-AR\" style=\"font-size:14.0pt\">Procter &amp; Gamble Exits Argentina<\/span><\/a><\/span><\/span><\/span><\/p>\r\n\r\n<p style=\"text-align:justify\"><span style=\"font-size:11pt\"><span style=\"line-height:normal\"><span style=\"font-family:Calibri,sans-serif\"><a href=\"https:\/\/www.moveisdevalor.com.br\/portal\/fornecedores-alinhados-com-novas-exigencias-do-mercado-de-colchoes?source=news\" style=\"color:blue; text-decoration:underline\"><span lang=\"ES-AR\" style=\"font-size:14.0pt\">Fornecedores alinhados com novas exig&ecirc;ncias em colch&otilde;es<\/span><\/a><\/span><\/span><\/span><\/p>\r\n\r\n<p style=\"text-align:justify\"><span style=\"font-size:28pt\"><span style=\"font-family:Cambria,serif\"><span style=\"letter-spacing:-0.5pt\"><b><span style=\"font-size:18.0pt\"><span style=\"font-family:&quot;Calibri&quot;,sans-serif\"><span style=\"font-variant:small-caps\">Ind&uacute;stria<\/span><\/span><\/span><\/b><\/span><\/span><\/span><\/p>\r\n\r\n<p style=\"text-align:justify\"><span style=\"font-size:11pt\"><span style=\"line-height:normal\"><span style=\"font-family:Calibri,sans-serif\"><a href=\"https:\/\/noticias.portaldaindustria.com.br\/noticias\/economia\/industria-de-transformacao-aponta-queda-em-cinco-de-seis-indicadores-em-maio\/\" style=\"color:blue; text-decoration:underline\"><span style=\"font-size:14.0pt\">Ind&uacute;stria de transforma&ccedil;&atilde;o aponta queda em cinco de seis indicadores em maio<\/span><\/a><\/span><\/span><\/span><\/p>\r\n\r\n<p style=\"text-align:justify\"><span style=\"font-size:11pt\"><span style=\"line-height:normal\"><span style=\"font-family:Calibri,sans-serif\"><a href=\"https:\/\/www.folhape.com.br\/economia\/com-cambio-no-nivel-atual-queda-de-exportacao-se-reduz-de-39-a\/346188\/\" style=\"color:blue; text-decoration:underline\"><span style=\"font-size:14.0pt\">Com c&acirc;mbio no n&iacute;vel atual, queda de exporta&ccedil;&atilde;o se reduz de 3,9% a 2,6%, diz Zanella, da Abimaq<\/span><\/a><\/span><\/span><\/span><\/p>\r\n\r\n<p style=\"text-align:justify\"><span style=\"font-size:11pt\"><span style=\"line-height:normal\"><span style=\"font-family:Calibri,sans-serif\"><a href=\"https:\/\/www.autodata.com.br\/noticias\/2024\/07\/04\/anfavea-diz-sim-ao-imposto-de-importacao-e-nao-ao-imposto-seletivo\/74676\/\" style=\"color:blue; text-decoration:underline\"><span style=\"font-size:14.0pt\">Anfavea diz sim ao imposto de importa&ccedil;&atilde;o e n&atilde;o ao imposto seletivo<\/span><\/a><\/span><\/span><\/span><\/p>\r\n\r\n<p style=\"text-align:justify\"><span style=\"font-size:11pt\"><span style=\"line-height:normal\"><span style=\"font-family:Calibri,sans-serif\"><a href=\"https:\/\/www.terra.com.br\/mobilidade\/carros\/anfavea-producao-vai-crescer-menos-por-culpa-dos-importados,78767afc9bc4d1206031d96ba2796047hgvr8uxv.html\" style=\"color:blue; text-decoration:underline\"><span style=\"font-size:14.0pt\">Anfavea: produ&ccedil;&atilde;o vai crescer menos por culpa dos importados<\/span><\/a><\/span><\/span><\/span><\/p>\r\n\r\n<p style=\"text-align:justify\"><span style=\"font-size:11pt\"><span style=\"line-height:normal\"><span style=\"font-family:Calibri,sans-serif\"><a href=\"https:\/\/expansao.co\/industria-calcadista-perde-11-mil-postos-de-trabalho-em-maio\/\" style=\"color:blue; text-decoration:underline\"><span style=\"font-size:14.0pt\">Ind&uacute;stria cal&ccedil;adista brasileira perde 1,1 mil postos de trabalho em maio<\/span><\/a><\/span><\/span><\/span><\/p>\r\n\r\n<p style=\"text-align:justify\"><span style=\"font-size:11pt\"><span style=\"line-height:normal\"><span style=\"font-family:Calibri,sans-serif\"><a href=\"https:\/\/www.infomoney.com.br\/politica\/deputados-reduzem-imposto-para-construcao-civil-e-setor-imobiliario\/\" style=\"color:blue; text-decoration:underline\"><span style=\"font-size:14.0pt\">Deputados reduzem imposto para constru&ccedil;&atilde;o civil e setor imobili&aacute;rio<\/span><\/a><\/span><\/span><\/span><\/p>\r\n\r\n<p style=\"text-align:justify\"><span style=\"font-size:28pt\"><span style=\"font-family:Cambria,serif\"><span style=\"letter-spacing:-0.5pt\"><b><span style=\"font-size:18.0pt\"><span style=\"font-family:&quot;Calibri&quot;,sans-serif\"><span style=\"font-variant:small-caps\">Sustentabilidade<\/span><\/span><\/span><\/b><\/span><\/span><\/span><\/p>\r\n\r\n<p style=\"text-align:justify\"><span style=\"font-size:11pt\"><span style=\"line-height:normal\"><span style=\"font-family:Calibri,sans-serif\"><a href=\"https:\/\/umsoplaneta.globo.com\/sociedade\/consumo-consciente\/noticia\/2024\/07\/03\/produzir-tecido-com-polpa-de-madeira-nao-e-sinonimo-de-sustentabilidade.ghtml\" style=\"color:blue; text-decoration:underline\"><span style=\"font-size:14.0pt\">Viscose: Produzir tecido com polpa de madeira n&atilde;o &eacute; sin&ocirc;nimo de sustentabilidade<\/span><\/a><\/span><\/span><\/span><\/p>\r\n\r\n<p style=\"text-align:justify\"><span style=\"font-size:11pt\"><span style=\"line-height:normal\"><span style=\"font-family:Calibri,sans-serif\"><a href=\"https:\/\/mercadoeconsumo.com.br\/03\/07\/2024\/sustentabilidade\/fedex-produz-cobertores-para-doacao-a-partir-da-reciclagem-de-tecidos\/?utm_campaign=news_-_0307_geral&amp;utm_medium=email&amp;utm_source=RD+Station\" style=\"color:blue; text-decoration:underline\"><span style=\"font-size:14.0pt\">FedEx produz cobertores para doa&ccedil;&atilde;o a partir da reciclagem de tecidos<\/span><\/a><\/span><\/span><\/span><\/p>\r\n\r\n<p style=\"text-align:justify\"><span style=\"font-size:11pt\"><span style=\"line-height:normal\"><span style=\"font-family:Calibri,sans-serif\"><a href=\"https:\/\/plasticosemrevista.com.br\/energia-fossil-alta-do-consumo-desacredita-alertas-ambientalistas\/\" style=\"color:blue; text-decoration:underline\"><span style=\"font-size:14.0pt\">Energia f&oacute;ssil: alta do consumo desacredita alertas ambientalistas<\/span><\/a><\/span><\/span><\/span><\/p>\r\n\r\n<p style=\"text-align:justify\"><span style=\"font-size:11pt\"><span style=\"line-height:normal\"><span style=\"font-family:Calibri,sans-serif\"><a href=\"https:\/\/www.mayerbrown.com\/pt\/insights\/publications\/2024\/07\/brazil-publishes-federal-decree-establishing-the-national-strategy-on-circular-economy\" style=\"color:blue; text-decoration:underline\"><span style=\"font-size:14.0pt\">Publicado decreto federal que institui a estrat&eacute;gia nacional de economia circular<\/span><\/a><\/span><\/span><\/span><\/p>\r\n\r\n<p style=\"text-align:justify\"><span style=\"font-size:28pt\"><span style=\"font-family:Cambria,serif\"><span style=\"letter-spacing:-0.5pt\"><b><span style=\"font-size:18.0pt\"><span style=\"font-family:&quot;Calibri&quot;,sans-serif\"><span style=\"font-variant:small-caps\">Inova&ccedil;&atilde;o<\/span><\/span><\/span><\/b><\/span><\/span><\/span><\/p>\r\n\r\n<p style=\"text-align:justify\"><span style=\"font-size:11pt\"><span style=\"line-height:normal\"><span style=\"font-family:Calibri,sans-serif\"><a href=\"https:\/\/www.publico.pt\/2024\/07\/03\/azul\/noticia\/cientistas-criam-metodo-quimico-separar-fibras-residuos-texteis-2096117\" style=\"color:blue; text-decoration:underline\"><span style=\"font-size:14.0pt\">Cientistas criam m&eacute;todo qu&iacute;mico para separar fibras de res&iacute;duos t&ecirc;xteis<\/span><\/a><\/span><\/span><\/span><\/p>\r\n\r\n<p style=\"text-align:justify\"><span style=\"font-size:11pt\"><span style=\"line-height:normal\"><span style=\"font-family:Calibri,sans-serif\"><a href=\"https:\/\/www.nonwovens-industry.com\/contents\/view_breaking-news\/2024-07-08\/mannhummel-launches-nanofiber-based-cabin-air-filter\/\" style=\"color:blue; text-decoration:underline\"><span lang=\"ES-AR\" style=\"font-size:14.0pt\">Mann+Hummel Launches Nanofiber-based Cabin Air Filter<\/span><\/a><\/span><\/span><\/span><\/p>\r\n\r\n<p style=\"text-align:justify\"><span style=\"font-size:11pt\"><span style=\"line-height:normal\"><span style=\"font-family:Calibri,sans-serif\"><a href=\"https:\/\/www.technicaltextile.net\/news\/us-researchers-develop-ultrathin-silk-membranes-for-ooc-models-296415.html\" style=\"color:blue; text-decoration:underline\"><span lang=\"EN-US\" style=\"font-size:14.0pt\">US researchers develop ultrathin silk membranes for OOC models<\/span><\/a><\/span><\/span><\/span><\/p>\r\n\r\n<p style=\"text-align:justify\"><span style=\"font-size:28pt\"><span style=\"font-family:Cambria,serif\"><span style=\"letter-spacing:-0.5pt\"><b><span style=\"font-size:18.0pt\"><span style=\"font-family:&quot;Calibri&quot;,sans-serif\"><span style=\"font-variant:small-caps\">Com&eacute;rcio Exterior<\/span><\/span><\/span><\/b><\/span><\/span><\/span><\/p>\r\n\r\n<p style=\"text-align:justify\"><span style=\"font-size:11pt\"><span style=\"line-height:normal\"><span style=\"font-family:Calibri,sans-serif\"><a href=\"https:\/\/www.gov.br\/mre\/pt-br\/canais_atendimento\/imprensa\/notas-a-imprensa\/comunicado-conjunto-dos-presidentes-dos-estados-partes-do-mercosul-e-da-bolivia?utm_source=newsletters+epbr&amp;utm_campaign=85ad525369-epbr-comece-seu-dia_20240708_COPY_01&amp;utm_medium=email&amp;utm_term=0_5931171aac-85ad525369-466362780\" style=\"color:blue; text-decoration:underline\"><span style=\"font-size:14.0pt\">Comunicado Conjunto dos Presidentes dos Estados Partes do Mercosul e da Bol&iacute;via<\/span><\/a><\/span><\/span><\/span><\/p>\r\n\r\n<p style=\"text-align:justify\"><span style=\"font-size:11pt\"><span style=\"line-height:normal\"><span style=\"font-family:Calibri,sans-serif\"><a href=\"https:\/\/static.portaldaindustria.com.br\/media\/filer_public\/09\/e1\/09e1aeb0-32e4-470f-8fb3-ba9a64af8192\/ex_ipc_24-024_cupula-mercosul-08072024.pdf\" style=\"color:blue; text-decoration:underline\"><span style=\"font-size:14.0pt\">C&uacute;pula do MERCOSUL e reuni&atilde;o do CMC<\/span><\/a><\/span><\/span><\/span><\/p>\r\n\r\n<p style=\"text-align:justify\"><span style=\"font-size:11pt\"><span style=\"line-height:normal\"><span style=\"font-family:Calibri,sans-serif\"><a href=\"https:\/\/apexbrasil.com.br\/br\/pt\/conteudo\/noticias\/Missao-Colombia-deve-gerar-mais-de-RS-35-milhoes-para-calcadistas.html#msdynttrid=b79BJfm3cN5T1AiOufNLM-rMDX2hEd-RgST0d6am5Og\" style=\"color:blue; text-decoration:underline\"><span style=\"font-size:14.0pt\">Miss&atilde;o Col&ocirc;mbia deve gerar mais de R$ 35 milh&otilde;es para cal&ccedil;adistas<\/span><\/a><\/span><\/span><\/span><\/p>\r\n\r\n<p style=\"text-align:justify\"><span style=\"font-size:11pt\"><span style=\"line-height:normal\"><span style=\"font-family:Calibri,sans-serif\"><a href=\"https:\/\/www.tudocelular.com\/mercado\/noticias\/n223217\/aliexpress-shein-europa-importacoes-mercado-rumor.html\" style=\"color:blue; text-decoration:underline\"><span style=\"font-size:14.0pt\">AliExpress, Shein e mais: Uni&atilde;o Europeia quer fim de isen&ccedil;&atilde;o para importa&ccedil;&otilde;es de at&eacute; 150 euros<\/span><\/a><\/span><\/span><\/span><\/p>\r\n\r\n<p style=\"text-align:justify\"><span style=\"font-size:11pt\"><span style=\"line-height:normal\"><span style=\"font-family:Calibri,sans-serif\"><a href=\"https:\/\/www.cnnbrasil.com.br\/economia\/macroeconomia\/balanca-comercial-brasileira-tem-superavit-de-us-67-bilhoes-em-junho-segundo\/\" style=\"color:blue; text-decoration:underline\"><span style=\"font-size:14.0pt\">Balan&ccedil;a comercial brasileira tem super&aacute;vit de US$ 6,7 bilh&otilde;es em junho, segundo MDIC<\/span><\/a><\/span><\/span><\/span><\/p>\r\n\r\n<p style=\"text-align:justify\"><span style=\"font-size:28pt\"><span style=\"font-family:Cambria,serif\"><span style=\"letter-spacing:-0.5pt\"><b><span style=\"font-size:18.0pt\"><span style=\"font-family:&quot;Calibri&quot;,sans-serif\"><span style=\"font-variant:small-caps\">Economia<\/span><\/span><\/span><\/b><\/span><\/span><\/span><\/p>\r\n\r\n<p style=\"text-align:justify\"><span style=\"font-size:11pt\"><span style=\"line-height:normal\"><span style=\"font-family:Calibri,sans-serif\"><a href=\"https:\/\/www.bcb.gov.br\/content\/focus\/focus\/R20240705.pdf\" style=\"color:blue; text-decoration:underline\"><span style=\"font-size:14.0pt\">Focus - Relat&oacute;rio de Mercado<\/span><\/a><\/span><\/span><\/span><\/p>\r\n\r\n<p style=\"text-align:justify\"><span style=\"font-size:11pt\"><span style=\"line-height:normal\"><span style=\"font-family:Calibri,sans-serif\"><a href=\"https:\/\/portalibre.fgv.br\/system\/files\/divulgacao\/noticias\/mat-complementar\/2024-07\/Bar%C3%B4metros%20Globais%20KOF-FGV_Press%20release_07_2024.pdf\" style=\"color:blue; text-decoration:underline\"><span style=\"font-size:14.0pt\">Bar&ocirc;metros Globais recuam levemente em julho<\/span><\/a><\/span><\/span><\/span><\/p>\r\n\r\n<p style=\"text-align:justify\"><span style=\"font-size:11pt\"><span style=\"line-height:normal\"><span style=\"font-family:Calibri,sans-serif\"><a href=\"https:\/\/ibre.fgv.br\/blog-da-conjuntura-economica\/artigos\/quanto-mais-tempo-o-dolar-se-mantiver-no-atual-patamar-maior-o\" style=\"color:blue; text-decoration:underline\"><span style=\"font-size:14.0pt\">&ldquo;Quanto mais tempo o d&oacute;lar se mantiver no atual patamar, maior o risco de espalhamento da infla&ccedil;&atilde;o&rdquo;, afirma Andr&eacute; Braz<\/span><\/a><\/span><\/span><\/span><\/p>\r\n\r\n<p style=\"text-align:justify\"><span style=\"font-size:11pt\"><span style=\"line-height:normal\"><span style=\"font-family:Calibri,sans-serif\"><a href=\"https:\/\/ibre.fgv.br\/blog-da-conjuntura-economica\/artigos\/aumento-da-confianca-e-da-preocupacao-com-escassez-de-mao-de\" style=\"color:blue; text-decoration:underline\"><span style=\"font-size:14.0pt\">Aumento da confian&ccedil;a e da preocupa&ccedil;&atilde;o com escassez de m&atilde;o de obra evoluem com o ciclo da constru&ccedil;&atilde;o<\/span><\/a><\/span><\/span><\/span><\/p>\r\n\r\n<p style=\"text-align:justify\"><span style=\"font-size:11pt\"><span style=\"line-height:normal\"><span style=\"font-family:Calibri,sans-serif\"><a href=\"https:\/\/www.fibre2fashion.com\/news\/textile-news\/us-economic-growth-slows-consumer-spending-stays-strong-in-q1-nrf-295180-newsdetails.htm\" style=\"color:blue; text-decoration:underline\"><span lang=\"EN-US\" style=\"font-size:14.0pt\">US economic growth slows, consumer spending stays strong in Q1: NRF<\/span><\/a><\/span><\/span><\/span><\/p>\r\n\r\n<p style=\"text-align:justify\"><img src=\"https:\/\/www.abint.org.br\/assets\/img\/editor\/redes-sociais-abint-ctg-cth_202406041400398QFSSawN2a.jpg\" \/><span style=\"font-size:11pt\"><span style=\"line-height:normal\"><span style=\"font-family:Calibri,sans-serif\"> <\/span><\/span><\/span><\/p>\r\n","6":"<p style=\"text-align:justify\"><span style=\"font-size:11pt\"><span style=\"line-height:normal\"><span style=\"font-family:Calibri,sans-serif\"><span style=\"font-size:14.0pt\">Esta &eacute; uma compila&ccedil;&atilde;o das not&iacute;cias mais relevantes para o setor, incluindo informa&ccedil;&otilde;es sobre acordos internacionais, economia brasileira, sustentabilidade e mat&eacute;rias primas, al&eacute;m de novidades do setor de N&atilde;otecidos e Tecidos T&eacute;cnicos.<\/span><\/span><\/span><\/span><\/p>\r\n\r\n<p style=\"text-align:justify\"><span style=\"font-size:28pt\"><span style=\"font-family:Cambria,serif\"><span style=\"letter-spacing:-0.5pt\"><b><span style=\"font-size:18.0pt\"><span style=\"font-family:&quot;Calibri&quot;,sans-serif\"><span style=\"font-variant:small-caps\">O que vem por a&iacute;<\/span><\/span><\/span><\/b><\/span><\/span><\/span><\/p>\r\n\r\n<p style=\"text-align:justify\"><span style=\"font-size:28pt\"><span style=\"font-family:Cambria,serif\"><span style=\"letter-spacing:-0.5pt\"><b><span style=\"font-size:18.0pt\"><span style=\"font-family:&quot;Calibri&quot;,sans-serif\"><span style=\"font-variant:small-caps\"><img src=\"https:\/\/www.abint.org.br\/assets\/img\/editor\/abint-logo-2020-g_202407111319209UyEp91f0Z.png\" style=\"width: 300px; height: 69px;\" \/><\/span><\/span><\/span><\/b><\/span><\/span><\/span><\/p>\r\n\r\n<p style=\"text-align:justify\"><img src=\"https:\/\/www.abint.org.br\/assets\/img\/editor\/post-quadrado-curso-naotecido_20240711131854i0Qr6PhAtF.jpg\" style=\"width: 500px; height: 500px;\" \/><\/p>\r\n\r\n<p style=\"text-align:justify\"><span style=\"font-size:11pt\"><span style=\"line-height:normal\"><span style=\"font-family:Calibri,sans-serif\"><a href=\"https:\/\/forms.office.com\/r\/5DrqtK5n3Y\" style=\"color:blue; text-decoration:underline\"><span style=\"font-size:14.0pt\">Informa&ccedil;&otilde;es e inscri&ccedil;&otilde;es<\/span><\/a><\/span><\/span><\/span><\/p>\r\n\r\n<p style=\"text-align:justify\">&nbsp;<\/p>\r\n\r\n<p style=\"text-align:justify\"><span style=\"font-size:11pt\"><span style=\"line-height:normal\"><span style=\"font-family:Calibri,sans-serif\"><span style=\"font-size:14.0pt\"><img src=\"https:\/\/www.abint.org.br\/assets\/img\/editor\/logo-ctg-abint-png_20240711132017ya3xJW49qU.png\" style=\"width: 300px; height: 55px;\" \/><\/span><\/span><\/span><\/span><\/p>\r\n\r\n<p style=\"text-align:justify\"><span style=\"font-size:14.0pt\"><span style=\"line-height:115%\"><span style=\"font-family:&quot;Calibri&quot;,sans-serif\">No dia 10 de julho, o CTG ABINT realizar&aacute; a live &ldquo;Garantia de qualidade dos Geossint&eacute;ticos: procedimentos de instala&ccedil;&atilde;o e responsabilidade ambiental. Para assistir, <\/span><\/span><\/span><span style=\"font-size:11.0pt\"><span style=\"line-height:115%\"><span style=\"font-family:&quot;Calibri&quot;,sans-serif\"><a href=\"https:\/\/www.instagram.com\/ctg_abint\/\" style=\"color:blue; text-decoration:underline\"><span style=\"font-size:14.0pt\"><span style=\"line-height:115%\">acesse aqui<\/span><\/span><\/a><\/span><\/span><\/span><\/p>\r\n\r\n<p style=\"text-align:justify\"><span style=\"font-size:11.0pt\"><span style=\"line-height:115%\"><span style=\"font-family:&quot;Calibri&quot;,sans-serif\"><span style=\"font-size:14.0pt\"><span style=\"line-height:115%\"><img src=\"https:\/\/www.abint.org.br\/assets\/img\/editor\/20240710-live-ctg-instagram-erica-santos_20240711132109V5CIekw5xb.jpeg\" style=\"width: 500px; height: 500px;\" \/><\/span><\/span><\/span><\/span><\/span><\/p>\r\n\r\n<p style=\"text-align:justify\">&nbsp;<\/p>\r\n\r\n<p style=\"text-align:justify\"><span style=\"font-size:11.0pt\"><span style=\"line-height:115%\"><span style=\"font-family:&quot;Calibri&quot;,sans-serif\"><span style=\"font-size:14.0pt\"><span style=\"line-height:115%\"><img src=\"https:\/\/www.abint.org.br\/assets\/img\/editor\/post-curso-br-instal-gm-2024_20240711132129URMDj11rw3.jpeg\" style=\"width: 500px; height: 500px;\" \/><\/span><\/span><\/span><\/span><\/span><\/p>\r\n\r\n<p style=\"text-align:justify\"><a href=\"https:\/\/abrir.link\/qpYXB\">Informa&ccedil;&otilde;es e inscri&ccedil;&otilde;es<\/a><\/p>\r\n\r\n<p style=\"text-align:justify\">&nbsp;<\/p>\r\n\r\n<p style=\"text-align:justify\"><span style=\"font-size:11.0pt\"><span style=\"line-height:115%\"><span style=\"font-family:&quot;Calibri&quot;,sans-serif\"><span style=\"font-size:14.0pt\"><span style=\"line-height:115%\"><img src=\"https:\/\/www.abint.org.br\/assets\/img\/editor\/20240924-cobramseg-2024_202407111323242mEDnMmMnT.png\" \/><\/span><\/span><\/span><\/span><\/span><\/p>\r\n\r\n<p style=\"text-align:justify\"><span style=\"font-size:11pt\"><span style=\"line-height:normal\"><span style=\"font-family:Calibri,sans-serif\"><b><span style=\"font-size:14.0pt\">O CTG ABINT &eacute; um dos patrocinadores da 21&ordf; edi&ccedil;&atilde;o do Cobramseg &ndash; Congresso Brasileiro de Mec&acirc;nica dos Solos e Engenharia Geot&eacute;cnica.<\/span><\/b><\/span><\/span><\/span><\/p>\r\n\r\n<p style=\"text-align:justify\"><span style=\"font-size:11pt\"><span style=\"line-height:normal\"><span style=\"font-family:Calibri,sans-serif\"><span style=\"font-size:14.0pt\">&ldquo;<i>Nos reunimos para celebrar a Mec&acirc;nica dos Solos e das Rochas, da GeoEngenharia! Academia, Ind&uacute;stria e &Oacute;rg&atilde;os Gestores unidos para expor seus avan&ccedil;os t&eacute;cnicos e cient&iacute;ficos. Um ambiente rico e diverso que nos permite debater solu&ccedil;&otilde;es e a&ccedil;&otilde;es de forma a fortalecer nossa comunidade geot&eacute;cnica, visando proporcionar um desenvolvimento mais sustent&aacute;vel e seguro para a nossa sociedade<\/i>.&rdquo; V&iacute;tor Pereira Faro, Presidente do COBRAMSEG 2024<\/span><\/span><\/span><\/span><\/p>\r\n\r\n<p style=\"text-align:justify\"><span style=\"font-size:11.0pt\"><span style=\"line-height:115%\"><span style=\"font-family:&quot;Calibri&quot;,sans-serif\"><a href=\"http:\/\/www.cobramseg.com.br\" style=\"color:blue; text-decoration:underline\"><span style=\"font-size:14.0pt\"><span style=\"line-height:115%\">www.cobramseg.com.br<\/span><\/span><\/a><\/span><\/span><\/span><\/p>\r\n\r\n<p style=\"text-align:justify\">&nbsp;<\/p>\r\n\r\n<p style=\"text-align:justify\"><span style=\"font-size:11.0pt\"><span style=\"line-height:115%\"><span style=\"font-family:&quot;Calibri&quot;,sans-serif\"><span style=\"font-size:14.0pt\"><span style=\"line-height:115%\"><img src=\"https:\/\/www.abint.org.br\/assets\/img\/editor\/fenasan-2024_20240711132205M0vHMSi8Zy.jpg\" style=\"width: 700px; height: 249px;\" \/><\/span><\/span><\/span><\/span><\/span><\/p>\r\n\r\n<p style=\"text-align:justify\"><span style=\"font-size:11pt\"><span style=\"line-height:normal\"><span style=\"font-family:Calibri,sans-serif\"><span style=\"font-size:14.0pt\">O <b>CTG ABINT apoia a Feira Nacional de Saneamento e Meio Ambiente &ndash; Fenasan e do 35&ordm; Encontro T&eacute;cnico AESabesp, que ocorrer&atilde;o de 22 a 24 de outubro de 2024<\/b>, no Pavilh&atilde;o Verde e Vermelho, no Expo Center Norte, em S&atilde;o Paulo. Trata-se do maior evento de saneamento da Am&eacute;rica Latin. A realiza&ccedil;&atilde;o &eacute; da AESabesp &ndash; Associa&ccedil;&atilde;o dos Engenheiros da Sabesp.<\/span><\/span><\/span><\/span><\/p>\r\n\r\n<p style=\"text-align:justify\"><span style=\"font-size:11pt\"><span style=\"line-height:normal\"><span style=\"font-family:Calibri,sans-serif\"><i><span style=\"font-size:14.0pt\">O tema central desta edi&ccedil;&atilde;o &eacute; &ldquo;Saneamento ambiental: condi&ccedil;&atilde;o fundamental para o enfrentamento das mudan&ccedil;as clim&aacute;ticas&rdquo;. Com um p&uacute;blico tradicionalmente de 22 mil visitantes e alinhada aos ODS &ndash; Objetivos de Desenvolvimento Sustent&aacute;vel estabelecidos pela ONU e aos conceitos de ESG, a edi&ccedil;&atilde;o 2024 continuar&aacute; ampliando o di&aacute;logo em torno das quest&otilde;es de saneamento ambiental, meio ambiente e sustentabilidade e promovendo o compartilhamento de conhecimento altamente qualificado.<\/span><\/i><\/span><\/span><\/span><\/p>\r\n\r\n<p style=\"text-align:justify\"><span style=\"font-size:11.0pt\"><span style=\"line-height:115%\"><span style=\"font-family:&quot;Calibri&quot;,sans-serif\"><a href=\"http:\/\/www.fenasan.com.br\" style=\"color:blue; text-decoration:underline\"><span style=\"font-size:14.0pt\"><span style=\"line-height:115%\">www.fenasan.com.br<\/span><\/span><\/a><\/span><\/span><\/span><\/p>\r\n\r\n<p style=\"text-align:justify\">&nbsp;<\/p>\r\n\r\n<p style=\"text-align:justify\"><span style=\"font-size:11.0pt\"><span style=\"line-height:115%\"><span style=\"font-family:&quot;Calibri&quot;,sans-serif\"><span style=\"font-size:14.0pt\"><span style=\"line-height:115%\"><img src=\"https:\/\/www.abint.org.br\/assets\/img\/editor\/cth-logo-alta-jpg_20240711132614G4vUgE1JxI.jpg\" style=\"width: 300px; height: 68px;\" \/><\/span><\/span><\/span><\/span><\/span><\/p>\r\n\r\n<p style=\"text-align:justify\"><span style=\"font-size:11.0pt\"><span style=\"line-height:115%\"><span style=\"font-family:&quot;Calibri&quot;,sans-serif\"><span style=\"font-size:14.0pt\"><span style=\"line-height:115%\"><img src=\"https:\/\/www.abint.org.br\/assets\/img\/editor\/hospitalmed-2024-logo_20240711132640YQJRGsNjpk.png\" style=\"width: 500px; height: 448px;\" \/><\/span><\/span><\/span><\/span><\/span><\/p>\r\n\r\n<p style=\"text-align:justify\"><span style=\"font-size:11pt\"><span style=\"line-height:normal\"><span style=\"font-family:Calibri,sans-serif\"><b><span style=\"font-size:12.0pt\">O CTH ABINT &eacute; um dos patrocinadores da HospitalMed 2024.<\/span><\/b><\/span><\/span><\/span><\/p>\r\n\r\n<p style=\"text-align:justify\"><span style=\"font-size:11pt\"><span style=\"line-height:normal\"><span style=\"font-family:Calibri,sans-serif\"><span style=\"font-size:12.0pt\">&ldquo;<i>A melhor e Mais Completa Feira de Sa&uacute;de do Norte\/Nordeste<\/i>&rdquo;, &eacute; uma realiza&ccedil;&atilde;o da HospitalMed Feiras &amp; Eventos e da Insight Feiras de Neg&oacute;cios.<\/span><\/span><\/span><\/span><\/p>\r\n\r\n<p style=\"text-align:justify\"><span style=\"font-size:11pt\"><span style=\"line-height:normal\"><span style=\"font-family:Calibri,sans-serif\"><i><span style=\"font-size:12.0pt\">&ldquo;O <b>re&uacute;ne toda a cadeia produtiva do setor de sa&uacute;de das regi&otilde;es Norte\/Nordeste<\/b>. &Eacute; o grande encontro de fornecedores de Produtos, Equipamentos, Servi&ccedil;os, Tecnologia e Conte&uacute;do para Hospitais, Laborat&oacute;rios, Farm&aacute;cias, Cl&iacute;nicas, Consult&oacute;rios e Profissionais da Sa&uacute;de&rdquo;.<\/span><\/i><\/span><\/span><\/span><\/p>\r\n\r\n<p style=\"text-align:justify\"><span style=\"font-size:11.0pt\"><span style=\"line-height:115%\"><span style=\"font-family:&quot;Calibri&quot;,sans-serif\"><a href=\"http:\/\/www.hospitalmed.com.br\" style=\"color:blue; text-decoration:underline\"><span style=\"font-size:14.0pt\"><span style=\"line-height:115%\">www.hospitalmed.com.br<\/span><\/span><\/a><\/span><\/span><\/span><\/p>\r\n\r\n<p style=\"text-align:justify\">&nbsp;<\/p>\r\n\r\n<p style=\"text-align:justify\"><span style=\"font-size:28pt\"><span style=\"font-family:Cambria,serif\"><span style=\"letter-spacing:-0.5pt\"><b><span style=\"font-size:18.0pt\"><span style=\"font-family:&quot;Calibri&quot;,sans-serif\"><span style=\"font-variant:small-caps\">Not&iacute;cias das Associadas<\/span><\/span><\/span><\/b><\/span><\/span><\/span><\/p>\r\n\r\n<p style=\"text-align:justify\"><span style=\"font-size:11pt\"><span style=\"line-height:normal\"><span style=\"font-family:Calibri,sans-serif\"><a href=\"https:\/\/tissueonline.com.br\/andritz-fornecera-o-maior-sistema-de-producao-de-lignina-do-mundo-para-a-sodra-na-suecia\/\" style=\"color:blue; text-decoration:underline\"><span style=\"font-size:14.0pt\">ANDRITZ fornecer&aacute; o maior sistema de produ&ccedil;&atilde;o de lignina do mundo para a S&ouml;dra na Su&eacute;cia<\/span><\/a><\/span><\/span><\/span><\/p>\r\n\r\n<p style=\"text-align:justify\"><span style=\"font-size:11pt\"><span style=\"line-height:normal\"><span style=\"font-family:Calibri,sans-serif\"><a href=\"https:\/\/www.technicaltextile.net\/news\/andritz-to-supply-needlepunch-line-to-siteks-turkiye-296142.html\" style=\"color:blue; text-decoration:underline\"><span lang=\"EN-US\" style=\"font-size:14.0pt\">Andritz to supply needlepunch line to Siteks, Turkiye<\/span><\/a><\/span><\/span><\/span><\/p>\r\n\r\n<p style=\"text-align:justify\"><span style=\"font-size:11pt\"><span style=\"line-height:normal\"><span style=\"font-family:Calibri,sans-serif\"><a href=\"https:\/\/www.nonwovens-industry.com\/contents\/view_breaking-news\/2024-07-02\/freudenberg-launches-shirt-interlinings-made-of-recycled-pet\/\" style=\"color:blue; text-decoration:underline\"><span lang=\"EN-US\" style=\"font-size:14.0pt\">Freudenberg Launches Shirt Interlinings Made of Recycled PET<\/span><\/a><\/span><\/span><\/span><\/p>\r\n\r\n<p style=\"text-align:justify\">&nbsp;<\/p>\r\n\r\n<p style=\"text-align:justify\"><span style=\"font-size:11pt\"><span style=\"line-height:normal\"><span style=\"font-family:Calibri,sans-serif\"><b><span style=\"font-size:18.0pt\"><span style=\"font-variant:small-caps\">Eventos<\/span><\/span><\/b><\/span><\/span><\/span><\/p>\r\n\r\n<p style=\"text-align:justify\"><span style=\"font-size:11pt\"><span style=\"line-height:normal\"><span style=\"font-family:Calibri,sans-serif\"><a href=\"https:\/\/t.rdsv2.net\/ls\/click?upn=u001.M2wMezKrlmWFLef6-2B5HEVAN9lL4nOsFVqJ-2B1FI9l52WhnrXOINfM6SsPNFiGClBpAtVk7HaYGswoSq3pMNGRwN0V-2BQ0fl2ZDcXG0s6TF1m-2Fca7rnLX34W-2BYQnghCfpK-2FLiR-2FnV5TAxWRstjx-2By-2FOtDf-2FOhgrusrxlQxtfj3YT1OWJIfwarhsnvkXQ-2Bqt7M2B9-2BIDfBYqI7yUB5M4vvGp2FS6k0X2IT5Xq5mnExtADUL5uSLL0R6DIDdt2I0OK9TP01ZST-2Bty7wNyo-2Bxk8GIT2hEQwqN60LdPgHmlUPDExlN-2FHBZpndrXIJN3ASlYKaE1sxuMUSIxzG5kK5zwyNnEBw-3D-3Db0KJ_T7N8BvZTOm04CQQMiyWztrpCjlUrRc4F7QzSgUIpTqCRUF9Ey6cJDv3WqcdSlXxjIF85GxjJcbyrsyHUi-2BMutU7zZFM9GnMsFZLn8JHplrW0nwodzDACRhLfhgNCF6eIwvuXvLED1zn-2Busx8-2FxPRh-2BXP8XI3ShGt8tLzQjDv9D3LD3XEzFkGmdb4MO5cuMc7YFMfM7-2BtnL37OlQMI5CyvnzEnAQwWVYmkNHD2gr6By9mH4LVJkhoCc9k4Lq7eWTdU-2FHAZpDAT-2BhxiTUgQ2UslMdAnR1HgcCyDat-2BdHxKwksMtWnxfdT7o8wnccVoHgB7RN3WGgqtU1FQF4XO77yFvUYKcDsXKesW9t6IikL6ei0XUUKXqD5l4BvYPg0nZDzZM39prLmbsH1kLGh34lrsqImsQV5GUKpuYqvxMY2RVT2u2-2FaLV6oQFlLhRCMsIPTga6y7D2FsfEwJ9VIaA8MSMuINs1JPdOOZ7x4lKJP0sk3KU99-2FPlH7JHfBmXQ2W68k8qOUDAxIwigyoj25FlLN4NytaU9G0QaoeZbm3sbLLP1RQnj52qJJNOXXb-2F3wC-2FxUStfEcVK72meBmHbT39IcO880FM7JTRKeeAsPBXQohWl6D0snUUivJszGbKA4R9e85U6MTCPq8QuxQjczKvVWGw-3D-3D\" style=\"color:blue; text-decoration:underline\"><b><span style=\"font-size:14.0pt\">C&acirc;mera de Com&eacute;rcio Brasil-Canad&aacute; | As Pr&aacute;ticas de ESG e o Impacto Financeiro nas Empresas<\/span><\/b><\/a><span style=\"font-size:14.0pt\">, 16 de julho de 2024, 15h &agrave;s 17h, evento online e gratuito.<\/span><\/span><\/span><\/span><\/p>\r\n\r\n<p style=\"text-align:justify\"><span style=\"font-size:11pt\"><span style=\"line-height:normal\"><span style=\"font-family:Calibri,sans-serif\"><a href=\"https:\/\/us06web.zoom.us\/webinar\/register\/WN_o1VzihS-QhmADw3cDiahbA?utm_medium=email&amp;_hsenc=p2ANqtz-8L4QdNe2UJS3AzOrdWD20CPGy_srh2sRA-0Rf8ZS1Z96d5dfPQIlIcHHrbIyXdi2zFLNeY9yTjBnvUxF631-ir0ULOIQ&amp;_hsmi=313968741&amp;utm_content=313950619&amp;utm_source=hs_email#\/registration\" style=\"color:blue; text-decoration:underline\"><b><span style=\"font-size:14.0pt\">Masterclass BIM e Saneamento 4.0: Desafios e Aplica&ccedil;&otilde;es Pr&aacute;ticas<\/span><\/b><\/a><span style=\"font-size:14.0pt\">, 17 de julho de 2024, 13h (GMT-3), evento online.<\/span><\/span><\/span><\/span><\/p>\r\n\r\n<p style=\"text-align:justify\"><span style=\"font-size:11pt\"><span style=\"line-height:normal\"><span style=\"font-family:Calibri,sans-serif\"><a href=\"http:\/\/www.construnordeste.com.br\" style=\"color:blue; text-decoration:underline\"><b><span style=\"font-size:14.0pt\">Constru Nordeste<\/span><\/b><\/a><span style=\"font-size:14.0pt\">, 31 de julho a 02 de agosto de 2024, Centro de Conven&ccedil;&otilde;es Salvador, Bahia<\/span><\/span><\/span><\/span><\/p>\r\n\r\n<p style=\"text-align:justify\"><img src=\"https:\/\/www.abint.org.br\/assets\/img\/editor\/abtt-academy-curso-compras-texteis-hospitalares_20240604135954xriEyS8abD.jpg\" style=\"width: 500px; height: 500px;\" \/><\/p>\r\n\r\n<p style=\"text-align:justify\"><span style=\"font-size:11pt\"><span style=\"line-height:normal\"><span style=\"font-family:Calibri,sans-serif\"><a href=\"https:\/\/docs.google.com\/forms\/d\/e\/1FAIpQLSeG7zdl8xZpguBFbIdqyMS61mxfjvFjKOQ3EUqnWgC1RUcAug\/viewform\" style=\"color:blue; text-decoration:underline\"><span style=\"font-size:14.0pt\">Informa&ccedil;&otilde;es e inscri&ccedil;&otilde;es<\/span><\/a><\/span><\/span><\/span><\/p>\r\n\r\n<p style=\"text-align:justify\">&nbsp;<\/p>\r\n\r\n<p style=\"text-align:justify\"><span style=\"font-size:11pt\"><span style=\"line-height:normal\"><span style=\"font-family:Calibri,sans-serif\"><a href=\"https:\/\/emailmarketing.locaweb.com.br\/accounts\/116830\/messages\/524?email=abint@abint.org.br&amp;c=1719495723&amp;contact_id=110&amp;envelope_id=403\" style=\"color:blue; text-decoration:underline\"><b><span style=\"font-size:14.0pt\">JEC Composites Talks Brasil<\/span><\/b><\/a><span style=\"font-size:14.0pt\">, 19 de agosto de 2024, S&atilde;o Paulo, SP.<\/span><\/span><\/span><\/span><\/p>\r\n\r\n<p style=\"text-align:justify\"><span style=\"font-size:11pt\"><span style=\"line-height:normal\"><span style=\"font-family:Calibri,sans-serif\"><a href=\"http:\/\/www.feiplar.com\" style=\"color:blue; text-decoration:underline\"><b><span style=\"font-size:14.0pt\">FEIPLAR COMPOSITES &amp; FEIPUR &ndash; Feira e Congresso Internacionais de Composites, Poliuretano, Pl&aacute;sticos de Engenharia e Compostos Termopl&aacute;sticos<\/span><\/b><\/a><span style=\"font-size:14.0pt\">, 20 a 22 de agosto de 2024, S&atilde;o Paulo Expo (Pavilh&atilde;o 5), palestras: das 8h30 &agrave;s 18h, feira: das 13h &agrave;s 20h.<b> <\/b><\/span><\/span><\/span><\/span><\/p>\r\n\r\n<p style=\"text-align:justify\"><span style=\"font-size:11pt\"><span style=\"line-height:normal\"><span style=\"font-family:Calibri,sans-serif\"><a href=\"http:\/\/www.techtextil-north-america.us.messefrankfurt.com\" style=\"color:blue; text-decoration:underline\"><b><span lang=\"EN-US\" style=\"font-size:14.0pt\">Techtextil North America 2024<\/span><\/b><\/a><span lang=\"EN-US\" style=\"font-size:14.0pt\">, August 20 &ndash; 24, Raleigh, North Carolina.<\/span><\/span><\/span><\/span><\/p>\r\n\r\n<p style=\"text-align:justify\"><span style=\"font-size:11pt\"><span style=\"line-height:normal\"><span style=\"font-family:Calibri,sans-serif\"><a href=\"http:\/\/www.fenasan.com.br\" style=\"color:blue; text-decoration:underline\"><b><span style=\"font-size:14.0pt\">Fenasan 2024 &ndash; Feira Nacional de Saneamento e Meio Ambiente<\/span><\/b><\/a><span style=\"font-size:14.0pt\">, 22 a 24 de outubro de 2024, Pavilh&otilde;es Verde e Vermelho, Expo Center Norte, S&atilde;o Paulo SP<\/span><\/span><\/span><\/span><\/p>\r\n\r\n<p style=\"text-align:justify\"><span style=\"font-size:11pt\"><span style=\"line-height:normal\"><span style=\"font-family:Calibri,sans-serif\"><a href=\"http:\/\/www.hospitalmed.com.br\" style=\"color:blue; text-decoration:underline\"><b><span style=\"font-size:14.0pt\">HospitalMed 2024<\/span><\/b><\/a><span style=\"font-size:14.0pt\">, 23 a 25 de outubro, das 14h &agrave;s 20h, no Pernambuco Centro de Conven&ccedil;&otilde;es<\/span><\/span><\/span><\/span><\/p>\r\n\r\n<p style=\"text-align:justify\"><span style=\"font-size:11pt\"><span style=\"line-height:normal\"><span style=\"font-family:Calibri,sans-serif\"><a href=\"http:\/\/www.congressoabit.com.br\" style=\"color:blue; text-decoration:underline\"><b><span style=\"font-size:14.0pt\">Congresso Internacional Abit 2024<\/span><\/b><\/a><span style=\"font-size:14.0pt\">, 30 e 31 de outubro, Salvador, Bahia<\/span><\/span><\/span><\/span><\/p>\r\n\r\n<p style=\"text-align:justify\"><span style=\"font-size:28pt\"><span style=\"font-family:Cambria,serif\"><span style=\"letter-spacing:-0.5pt\"><b><span style=\"font-size:18.0pt\"><span style=\"font-family:&quot;Calibri&quot;,sans-serif\"><span style=\"font-variant:small-caps\">Setor<\/span><\/span><\/span><\/b><\/span><\/span><\/span><\/p>\r\n\r\n<p style=\"text-align:justify\"><span style=\"font-size:11pt\"><span style=\"line-height:normal\"><span style=\"font-family:Calibri,sans-serif\"><a href=\"https:\/\/www.terra.com.br\/economia\/reforma-tributaria-relatorio-retira-viagra-e-inclui-absorvente-na-lista-de-produtos-sem-imposto,dec5e556ed06702d7a1389ec14112d751v20atv3.html\" style=\"color:blue; text-decoration:underline\"><span style=\"font-size:14.0pt\">Reforma tribut&aacute;ria: relat&oacute;rio inclui absorvente na lista de produtos sem imposto<\/span><\/a><\/span><\/span><\/span><\/p>\r\n\r\n<p style=\"text-align:justify\"><span style=\"font-size:11pt\"><span style=\"line-height:normal\"><span style=\"font-family:Calibri,sans-serif\"><a href=\"https:\/\/plasticosemrevista.com.br\/impasse-geopolitico-na-petroquimica-mundial\/\" style=\"color:blue; text-decoration:underline\"><span style=\"font-size:14.0pt\">Impasse geopol&iacute;tico na petroqu&iacute;mica mundial<\/span><\/a><\/span><\/span><\/span><\/p>\r\n\r\n<p style=\"text-align:justify\"><span style=\"font-size:11pt\"><span style=\"line-height:normal\"><span style=\"font-family:Calibri,sans-serif\"><a href=\"https:\/\/plasticosemrevista.com.br\/china-spreads-de-pp-e-pe-frustrantes-no-1o-semestre\/\" style=\"color:blue; text-decoration:underline\"><span style=\"font-size:14.0pt\">China: spreads de PP e PE frustrantes no 1&ordm; semestre<\/span><\/a><\/span><\/span><\/span><\/p>\r\n\r\n<p style=\"text-align:justify\"><span style=\"font-size:11pt\"><span style=\"line-height:normal\"><span style=\"font-family:Calibri,sans-serif\"><a href=\"https:\/\/ibsp.net.br\/com-protocolo-de-descolonizacao-estudo-melhora-indicadores-importantes-relacionados-com-infeccoes\/\" style=\"color:blue; text-decoration:underline\"><span style=\"font-size:14.0pt\">Com protocolo de descoloniza&ccedil;&atilde;o, estudo melhora indicadores importantes relacionados com infec&ccedil;&otilde;es<\/span><\/a><\/span><\/span><\/span><\/p>\r\n\r\n<p style=\"text-align:justify\"><span style=\"font-size:11pt\"><span style=\"line-height:normal\"><span style=\"font-family:Calibri,sans-serif\"><a href=\"https:\/\/www.msn.com\/pt-br\/noticias\/brasil\/tributa%C3%A7%C3%A3o-favorece-mat%C3%A9rias-primas-virgens-em-vez-de-recicladas-dizem-especialistas\/ar-BB1puaXs?ocid=finance-verthp-feeds\" style=\"color:blue; text-decoration:underline\"><span style=\"font-size:14.0pt\">Abiplast: Tributa&ccedil;&atilde;o favorece mat&eacute;rias-primas virgens em vez de recicladas, dizem especialistas<\/span><\/a><\/span><\/span><\/span><\/p>\r\n\r\n<p style=\"text-align:justify\"><span style=\"font-size:11pt\"><span style=\"line-height:normal\"><span style=\"font-family:Calibri,sans-serif\"><a href=\"https:\/\/tissueonline.com.br\/envelhecimento-populacional-e-a-expansao-do-mercado-de-produtos-geriatricos-no-brasil\/?utm_campaign=colunistas_envelhecimento_populacional_e_a_expansao_do_mercado_de_produtos_geriatricos_no_brasil&amp;utm_medium=email&amp;utm_source=RD+Station\" style=\"color:blue; text-decoration:underline\"><span style=\"font-size:14.0pt\">Envelhecimento populacional e a expans&atilde;o do mercado de produtos geri&aacute;tricos no Brasil<\/span><\/a><\/span><\/span><\/span><\/p>\r\n\r\n<p style=\"text-align:justify\"><span style=\"font-size:11pt\"><span style=\"line-height:normal\"><span style=\"font-family:Calibri,sans-serif\"><a href=\"https:\/\/tissueonline.com.br\/ccm-industria-e-comercio-comeca-embarque-de-maquina-japonesa-que-produz-fraldas-pants-para-adultos\/\" style=\"color:blue; text-decoration:underline\"><span style=\"font-size:14.0pt\">CCM Ind&uacute;stria e Com&eacute;rcio come&ccedil;a embarque de m&aacute;quina japonesa que produz fraldas pants para adultos<\/span><\/a><\/span><\/span><\/span><\/p>\r\n\r\n<p style=\"text-align:justify\"><span style=\"font-size:11pt\"><span style=\"line-height:normal\"><span style=\"font-family:Calibri,sans-serif\"><a href=\"https:\/\/t.rdsv2.net\/ls\/click?upn=u001.SJ-2BHbcLStyE5mTD5OK48sq2JxFfkhvQ6eAz6nLBcupU4XWI5IGBuQGpv-2BGa08FP611QQwBgi4CBUVpJbpDiENeFNzL9AqZzfJk2UJ-2FlWk4DAG6JI0kYx5LVPQeO98IWKd0xxmkbAJ1hvUZsoyM2CNGnox5WHmtpeYNdRj36IuzLmWluGyDvDG3VgnKkAcJCX0fwRCetRoTtG-2B7WDtanG1NwI-2BwgNv9ZNZU5cdJMs7ju3rVKdYwJ2IRdR5wdPbrtGBwvW_T7N8BvZTOm04CQQMiyWztrpCjlUrRc4F7QzSgUIpTqB5Yk-2Bt7YhUyk7lZRXmbFFsi-2Foe1q0kuwsCjfsBOqL9ZeKwOqG7ApazixuGEP6Z5SJuFg5bm15p-2FcAKNI6-2BqjB-2BuDKv9g-2BTN-2FX2vRUN-2B9VXHWUQN3XY9Cp5QV1FNhD2RwJy6gnSQTYAh5JPsN7qwZdhGI9k1GGP-2BM0f4CUoBZHgtxi0r61skZlnZzZnGjVFkD9y1vcLk1tmlDZxERxJ2iKtJNXrMXVojwsIvh-2Fr8Y-2BswdX6UmcgowQGn0PiQ1X3CWyFKKgNv1zsKcrvQTxupGmxgI3MM4W4rr8VjX5dVbnCwvOQJIA5PQ0X2EsCPY3aacwvexdbi3DWmxFKBlLPU55mKF8af-2BmRJkCzJ7bOhLTjhQnr91Hsejn6JDbW7Y-2Fuw0UgZrk3lz4HMUPSMKM8dE80SHeQabyWsjzP7mpiGFG1l7CUZ0RJwKr3uc3-2B-2BO1g3ZIBl-2FgyfvgS22pyBkLHHupB6I2TEld05O-2FQNmNoUdJBbyohBtjvJlR80y5nu5NRg1th7YcOGOYhNyDAyIeOJAn4WjsMl-2BUPFX-2FGENRg4tZ9qwPJITHWfvs-2BKREbK6cpadobAEyCYbzxcXaGEF7T9YpHFUP8muWHZQFMcjmD8QUfew-3D-3D\" style=\"color:blue; text-decoration:underline\" target=\"_blank\" title=\"Eurofral investe R$ 25 milh\u00f5es em novas linhas de produ\u00e7\u00e3o de fraldas\"><span style=\"font-size:14.0pt\">Eurofral investe R$ 25 milh&otilde;es em novas linhas de produ&ccedil;&atilde;o de fraldas<\/span><\/a><\/span><\/span><\/span><\/p>\r\n\r\n<p style=\"text-align:justify\"><span style=\"font-size:11pt\"><span style=\"line-height:normal\"><span style=\"font-family:Calibri,sans-serif\"><a href=\"https:\/\/www.nonwovens-industry.com\/contents\/view_breaking-news\/2024-07-01\/kimberly-clark-sells-bolivian-operations\/\" style=\"color:blue; text-decoration:underline\"><span lang=\"ES-AR\" style=\"font-size:14.0pt\">Kimberly-Clark Sells Bolivian Operations<\/span><\/a><\/span><\/span><\/span><\/p>\r\n\r\n<p style=\"text-align:justify\"><span style=\"font-size:11pt\"><span style=\"line-height:normal\"><span style=\"font-family:Calibri,sans-serif\"><a href=\"https:\/\/www.nonwovens-industry.com\/contents\/view_breaking-news\/2024-07-03\/procter-gamble-exits-argentina\/\" style=\"color:blue; text-decoration:underline\"><span lang=\"ES-AR\" style=\"font-size:14.0pt\">Procter &amp; Gamble Exits Argentina<\/span><\/a><\/span><\/span><\/span><\/p>\r\n\r\n<p style=\"text-align:justify\"><span style=\"font-size:11pt\"><span style=\"line-height:normal\"><span style=\"font-family:Calibri,sans-serif\"><a href=\"https:\/\/www.moveisdevalor.com.br\/portal\/fornecedores-alinhados-com-novas-exigencias-do-mercado-de-colchoes?source=news\" style=\"color:blue; text-decoration:underline\"><span lang=\"ES-AR\" style=\"font-size:14.0pt\">Fornecedores alinhados com novas exig&ecirc;ncias em colch&otilde;es<\/span><\/a><\/span><\/span><\/span><\/p>\r\n\r\n<p style=\"text-align:justify\"><span style=\"font-size:28pt\"><span style=\"font-family:Cambria,serif\"><span style=\"letter-spacing:-0.5pt\"><b><span style=\"font-size:18.0pt\"><span style=\"font-family:&quot;Calibri&quot;,sans-serif\"><span style=\"font-variant:small-caps\">Ind&uacute;stria<\/span><\/span><\/span><\/b><\/span><\/span><\/span><\/p>\r\n\r\n<p style=\"text-align:justify\"><span style=\"font-size:11pt\"><span style=\"line-height:normal\"><span style=\"font-family:Calibri,sans-serif\"><a href=\"https:\/\/noticias.portaldaindustria.com.br\/noticias\/economia\/industria-de-transformacao-aponta-queda-em-cinco-de-seis-indicadores-em-maio\/\" style=\"color:blue; text-decoration:underline\"><span style=\"font-size:14.0pt\">Ind&uacute;stria de transforma&ccedil;&atilde;o aponta queda em cinco de seis indicadores em maio<\/span><\/a><\/span><\/span><\/span><\/p>\r\n\r\n<p style=\"text-align:justify\"><span style=\"font-size:11pt\"><span style=\"line-height:normal\"><span style=\"font-family:Calibri,sans-serif\"><a href=\"https:\/\/www.folhape.com.br\/economia\/com-cambio-no-nivel-atual-queda-de-exportacao-se-reduz-de-39-a\/346188\/\" style=\"color:blue; text-decoration:underline\"><span style=\"font-size:14.0pt\">Com c&acirc;mbio no n&iacute;vel atual, queda de exporta&ccedil;&atilde;o se reduz de 3,9% a 2,6%, diz Zanella, da Abimaq<\/span><\/a><\/span><\/span><\/span><\/p>\r\n\r\n<p style=\"text-align:justify\"><span style=\"font-size:11pt\"><span style=\"line-height:normal\"><span style=\"font-family:Calibri,sans-serif\"><a href=\"https:\/\/www.autodata.com.br\/noticias\/2024\/07\/04\/anfavea-diz-sim-ao-imposto-de-importacao-e-nao-ao-imposto-seletivo\/74676\/\" style=\"color:blue; text-decoration:underline\"><span style=\"font-size:14.0pt\">Anfavea diz sim ao imposto de importa&ccedil;&atilde;o e n&atilde;o ao imposto seletivo<\/span><\/a><\/span><\/span><\/span><\/p>\r\n\r\n<p style=\"text-align:justify\"><span style=\"font-size:11pt\"><span style=\"line-height:normal\"><span style=\"font-family:Calibri,sans-serif\"><a href=\"https:\/\/www.terra.com.br\/mobilidade\/carros\/anfavea-producao-vai-crescer-menos-por-culpa-dos-importados,78767afc9bc4d1206031d96ba2796047hgvr8uxv.html\" style=\"color:blue; text-decoration:underline\"><span style=\"font-size:14.0pt\">Anfavea: produ&ccedil;&atilde;o vai crescer menos por culpa dos importados<\/span><\/a><\/span><\/span><\/span><\/p>\r\n\r\n<p style=\"text-align:justify\"><span style=\"font-size:11pt\"><span style=\"line-height:normal\"><span style=\"font-family:Calibri,sans-serif\"><a href=\"https:\/\/expansao.co\/industria-calcadista-perde-11-mil-postos-de-trabalho-em-maio\/\" style=\"color:blue; text-decoration:underline\"><span style=\"font-size:14.0pt\">Ind&uacute;stria cal&ccedil;adista brasileira perde 1,1 mil postos de trabalho em maio<\/span><\/a><\/span><\/span><\/span><\/p>\r\n\r\n<p style=\"text-align:justify\"><span style=\"font-size:11pt\"><span style=\"line-height:normal\"><span style=\"font-family:Calibri,sans-serif\"><a href=\"https:\/\/www.infomoney.com.br\/politica\/deputados-reduzem-imposto-para-construcao-civil-e-setor-imobiliario\/\" style=\"color:blue; text-decoration:underline\"><span style=\"font-size:14.0pt\">Deputados reduzem imposto para constru&ccedil;&atilde;o civil e setor imobili&aacute;rio<\/span><\/a><\/span><\/span><\/span><\/p>\r\n\r\n<p style=\"text-align:justify\"><span style=\"font-size:28pt\"><span style=\"font-family:Cambria,serif\"><span style=\"letter-spacing:-0.5pt\"><b><span style=\"font-size:18.0pt\"><span style=\"font-family:&quot;Calibri&quot;,sans-serif\"><span style=\"font-variant:small-caps\">Sustentabilidade<\/span><\/span><\/span><\/b><\/span><\/span><\/span><\/p>\r\n\r\n<p style=\"text-align:justify\"><span style=\"font-size:11pt\"><span style=\"line-height:normal\"><span style=\"font-family:Calibri,sans-serif\"><a href=\"https:\/\/umsoplaneta.globo.com\/sociedade\/consumo-consciente\/noticia\/2024\/07\/03\/produzir-tecido-com-polpa-de-madeira-nao-e-sinonimo-de-sustentabilidade.ghtml\" style=\"color:blue; text-decoration:underline\"><span style=\"font-size:14.0pt\">Viscose: Produzir tecido com polpa de madeira n&atilde;o &eacute; sin&ocirc;nimo de sustentabilidade<\/span><\/a><\/span><\/span><\/span><\/p>\r\n\r\n<p style=\"text-align:justify\"><span style=\"font-size:11pt\"><span style=\"line-height:normal\"><span style=\"font-family:Calibri,sans-serif\"><a href=\"https:\/\/mercadoeconsumo.com.br\/03\/07\/2024\/sustentabilidade\/fedex-produz-cobertores-para-doacao-a-partir-da-reciclagem-de-tecidos\/?utm_campaign=news_-_0307_geral&amp;utm_medium=email&amp;utm_source=RD+Station\" style=\"color:blue; text-decoration:underline\"><span style=\"font-size:14.0pt\">FedEx produz cobertores para doa&ccedil;&atilde;o a partir da reciclagem de tecidos<\/span><\/a><\/span><\/span><\/span><\/p>\r\n\r\n<p style=\"text-align:justify\"><span style=\"font-size:11pt\"><span style=\"line-height:normal\"><span style=\"font-family:Calibri,sans-serif\"><a href=\"https:\/\/plasticosemrevista.com.br\/energia-fossil-alta-do-consumo-desacredita-alertas-ambientalistas\/\" style=\"color:blue; text-decoration:underline\"><span style=\"font-size:14.0pt\">Energia f&oacute;ssil: alta do consumo desacredita alertas ambientalistas<\/span><\/a><\/span><\/span><\/span><\/p>\r\n\r\n<p style=\"text-align:justify\"><span style=\"font-size:11pt\"><span style=\"line-height:normal\"><span style=\"font-family:Calibri,sans-serif\"><a href=\"https:\/\/www.mayerbrown.com\/pt\/insights\/publications\/2024\/07\/brazil-publishes-federal-decree-establishing-the-national-strategy-on-circular-economy\" style=\"color:blue; text-decoration:underline\"><span style=\"font-size:14.0pt\">Publicado decreto federal que institui a estrat&eacute;gia nacional de economia circular<\/span><\/a><\/span><\/span><\/span><\/p>\r\n\r\n<p style=\"text-align:justify\"><span style=\"font-size:28pt\"><span style=\"font-family:Cambria,serif\"><span style=\"letter-spacing:-0.5pt\"><b><span style=\"font-size:18.0pt\"><span style=\"font-family:&quot;Calibri&quot;,sans-serif\"><span style=\"font-variant:small-caps\">Inova&ccedil;&atilde;o<\/span><\/span><\/span><\/b><\/span><\/span><\/span><\/p>\r\n\r\n<p style=\"text-align:justify\"><span style=\"font-size:11pt\"><span style=\"line-height:normal\"><span style=\"font-family:Calibri,sans-serif\"><a href=\"https:\/\/www.publico.pt\/2024\/07\/03\/azul\/noticia\/cientistas-criam-metodo-quimico-separar-fibras-residuos-texteis-2096117\" style=\"color:blue; text-decoration:underline\"><span style=\"font-size:14.0pt\">Cientistas criam m&eacute;todo qu&iacute;mico para separar fibras de res&iacute;duos t&ecirc;xteis<\/span><\/a><\/span><\/span><\/span><\/p>\r\n\r\n<p style=\"text-align:justify\"><span style=\"font-size:11pt\"><span style=\"line-height:normal\"><span style=\"font-family:Calibri,sans-serif\"><a href=\"https:\/\/www.nonwovens-industry.com\/contents\/view_breaking-news\/2024-07-08\/mannhummel-launches-nanofiber-based-cabin-air-filter\/\" style=\"color:blue; text-decoration:underline\"><span lang=\"ES-AR\" style=\"font-size:14.0pt\">Mann+Hummel Launches Nanofiber-based Cabin Air Filter<\/span><\/a><\/span><\/span><\/span><\/p>\r\n\r\n<p style=\"text-align:justify\"><span style=\"font-size:11pt\"><span style=\"line-height:normal\"><span style=\"font-family:Calibri,sans-serif\"><a href=\"https:\/\/www.technicaltextile.net\/news\/us-researchers-develop-ultrathin-silk-membranes-for-ooc-models-296415.html\" style=\"color:blue; text-decoration:underline\"><span lang=\"EN-US\" style=\"font-size:14.0pt\">US researchers develop ultrathin silk membranes for OOC models<\/span><\/a><\/span><\/span><\/span><\/p>\r\n\r\n<p style=\"text-align:justify\"><span style=\"font-size:28pt\"><span style=\"font-family:Cambria,serif\"><span style=\"letter-spacing:-0.5pt\"><b><span style=\"font-size:18.0pt\"><span style=\"font-family:&quot;Calibri&quot;,sans-serif\"><span style=\"font-variant:small-caps\">Com&eacute;rcio Exterior<\/span><\/span><\/span><\/b><\/span><\/span><\/span><\/p>\r\n\r\n<p style=\"text-align:justify\"><span style=\"font-size:11pt\"><span style=\"line-height:normal\"><span style=\"font-family:Calibri,sans-serif\"><a href=\"https:\/\/www.gov.br\/mre\/pt-br\/canais_atendimento\/imprensa\/notas-a-imprensa\/comunicado-conjunto-dos-presidentes-dos-estados-partes-do-mercosul-e-da-bolivia?utm_source=newsletters+epbr&amp;utm_campaign=85ad525369-epbr-comece-seu-dia_20240708_COPY_01&amp;utm_medium=email&amp;utm_term=0_5931171aac-85ad525369-466362780\" style=\"color:blue; text-decoration:underline\"><span style=\"font-size:14.0pt\">Comunicado Conjunto dos Presidentes dos Estados Partes do Mercosul e da Bol&iacute;via<\/span><\/a><\/span><\/span><\/span><\/p>\r\n\r\n<p style=\"text-align:justify\"><span style=\"font-size:11pt\"><span style=\"line-height:normal\"><span style=\"font-family:Calibri,sans-serif\"><a href=\"https:\/\/static.portaldaindustria.com.br\/media\/filer_public\/09\/e1\/09e1aeb0-32e4-470f-8fb3-ba9a64af8192\/ex_ipc_24-024_cupula-mercosul-08072024.pdf\" style=\"color:blue; text-decoration:underline\"><span style=\"font-size:14.0pt\">C&uacute;pula do MERCOSUL e reuni&atilde;o do CMC<\/span><\/a><\/span><\/span><\/span><\/p>\r\n\r\n<p style=\"text-align:justify\"><span style=\"font-size:11pt\"><span style=\"line-height:normal\"><span style=\"font-family:Calibri,sans-serif\"><a href=\"https:\/\/apexbrasil.com.br\/br\/pt\/conteudo\/noticias\/Missao-Colombia-deve-gerar-mais-de-RS-35-milhoes-para-calcadistas.html#msdynttrid=b79BJfm3cN5T1AiOufNLM-rMDX2hEd-RgST0d6am5Og\" style=\"color:blue; text-decoration:underline\"><span style=\"font-size:14.0pt\">Miss&atilde;o Col&ocirc;mbia deve gerar mais de R$ 35 milh&otilde;es para cal&ccedil;adistas<\/span><\/a><\/span><\/span><\/span><\/p>\r\n\r\n<p style=\"text-align:justify\"><span style=\"font-size:11pt\"><span style=\"line-height:normal\"><span style=\"font-family:Calibri,sans-serif\"><a href=\"https:\/\/www.tudocelular.com\/mercado\/noticias\/n223217\/aliexpress-shein-europa-importacoes-mercado-rumor.html\" style=\"color:blue; text-decoration:underline\"><span style=\"font-size:14.0pt\">AliExpress, Shein e mais: Uni&atilde;o Europeia quer fim de isen&ccedil;&atilde;o para importa&ccedil;&otilde;es de at&eacute; 150 euros<\/span><\/a><\/span><\/span><\/span><\/p>\r\n\r\n<p style=\"text-align:justify\"><span style=\"font-size:11pt\"><span style=\"line-height:normal\"><span style=\"font-family:Calibri,sans-serif\"><a href=\"https:\/\/www.cnnbrasil.com.br\/economia\/macroeconomia\/balanca-comercial-brasileira-tem-superavit-de-us-67-bilhoes-em-junho-segundo\/\" style=\"color:blue; text-decoration:underline\"><span style=\"font-size:14.0pt\">Balan&ccedil;a comercial brasileira tem super&aacute;vit de US$ 6,7 bilh&otilde;es em junho, segundo MDIC<\/span><\/a><\/span><\/span><\/span><\/p>\r\n\r\n<p style=\"text-align:justify\"><span style=\"font-size:28pt\"><span style=\"font-family:Cambria,serif\"><span style=\"letter-spacing:-0.5pt\"><b><span style=\"font-size:18.0pt\"><span style=\"font-family:&quot;Calibri&quot;,sans-serif\"><span style=\"font-variant:small-caps\">Economia<\/span><\/span><\/span><\/b><\/span><\/span><\/span><\/p>\r\n\r\n<p style=\"text-align:justify\"><span style=\"font-size:11pt\"><span style=\"line-height:normal\"><span style=\"font-family:Calibri,sans-serif\"><a href=\"https:\/\/www.bcb.gov.br\/content\/focus\/focus\/R20240705.pdf\" style=\"color:blue; text-decoration:underline\"><span style=\"font-size:14.0pt\">Focus - Relat&oacute;rio de Mercado<\/span><\/a><\/span><\/span><\/span><\/p>\r\n\r\n<p style=\"text-align:justify\"><span style=\"font-size:11pt\"><span style=\"line-height:normal\"><span style=\"font-family:Calibri,sans-serif\"><a href=\"https:\/\/portalibre.fgv.br\/system\/files\/divulgacao\/noticias\/mat-complementar\/2024-07\/Bar%C3%B4metros%20Globais%20KOF-FGV_Press%20release_07_2024.pdf\" style=\"color:blue; text-decoration:underline\"><span style=\"font-size:14.0pt\">Bar&ocirc;metros Globais recuam levemente em julho<\/span><\/a><\/span><\/span><\/span><\/p>\r\n\r\n<p style=\"text-align:justify\"><span style=\"font-size:11pt\"><span style=\"line-height:normal\"><span style=\"font-family:Calibri,sans-serif\"><a href=\"https:\/\/ibre.fgv.br\/blog-da-conjuntura-economica\/artigos\/quanto-mais-tempo-o-dolar-se-mantiver-no-atual-patamar-maior-o\" style=\"color:blue; text-decoration:underline\"><span style=\"font-size:14.0pt\">&ldquo;Quanto mais tempo o d&oacute;lar se mantiver no atual patamar, maior o risco de espalhamento da infla&ccedil;&atilde;o&rdquo;, afirma Andr&eacute; Braz<\/span><\/a><\/span><\/span><\/span><\/p>\r\n\r\n<p style=\"text-align:justify\"><span style=\"font-size:11pt\"><span style=\"line-height:normal\"><span style=\"font-family:Calibri,sans-serif\"><a href=\"https:\/\/ibre.fgv.br\/blog-da-conjuntura-economica\/artigos\/aumento-da-confianca-e-da-preocupacao-com-escassez-de-mao-de\" style=\"color:blue; text-decoration:underline\"><span style=\"font-size:14.0pt\">Aumento da confian&ccedil;a e da preocupa&ccedil;&atilde;o com escassez de m&atilde;o de obra evoluem com o ciclo da constru&ccedil;&atilde;o<\/span><\/a><\/span><\/span><\/span><\/p>\r\n\r\n<p style=\"text-align:justify\"><span style=\"font-size:11pt\"><span style=\"line-height:normal\"><span style=\"font-family:Calibri,sans-serif\"><a href=\"https:\/\/www.fibre2fashion.com\/news\/textile-news\/us-economic-growth-slows-consumer-spending-stays-strong-in-q1-nrf-295180-newsdetails.htm\" style=\"color:blue; text-decoration:underline\"><span lang=\"EN-US\" style=\"font-size:14.0pt\">US economic growth slows, consumer spending stays strong in Q1: NRF<\/span><\/a><\/span><\/span><\/span><\/p>\r\n\r\n<p style=\"text-align:justify\"><img src=\"https:\/\/www.abint.org.br\/assets\/img\/editor\/redes-sociais-abint-ctg-cth_202406041400398QFSSawN2a.jpg\" \/><span style=\"font-size:11pt\"><span style=\"line-height:normal\"><span style=\"font-family:Calibri,sans-serif\"> <\/span><\/span><\/span><\/p>\r\n","texto_en":"","7":"","imagem":"COMP_capa-2024-site-boletim-abint-noticias-semanis_202407111331403kt8S3s5mj.jpg","8":"COMP_capa-2024-site-boletim-abint-noticias-semanis_202407111331403kt8S3s5mj.jpg","arquivo":"20240710-BOLETIM-ABINT-DE-NOTICIAS-SEMANAIS.PDF","9":"20240710-BOLETIM-ABINT-DE-NOTICIAS-SEMANAIS.PDF","titulo_arquivo":"20240710 Boletim ABINT de Not\u00edcias Semanais","10":"20240710 Boletim ABINT de Not\u00edcias Semanais","titulo_arquivo_en":"","11":"","created_at":"2024-07-11 13:31:50","12":"2024-07-11 13:31:50","updated_at":"2024-07-11 13:31:50","13":"2024-07-11 13:31:50"},{"id":124,"0":124,"ordem":98,"1":98,"data":"2024-07-02","2":"2024-07-02","slug":"boletim-abint-de-noticias-semanais-36","3":"boletim-abint-de-noticias-semanais-36","titulo":"Boletim ABINT de Not\u00edcias Semanais","4":"Boletim ABINT de Not\u00edcias Semanais","titulo_en":"","5":"","texto":"<p style=\"text-align:justify\"><span style=\"font-size:11pt\"><span style=\"line-height:normal\"><span style=\"font-family:Calibri,sans-serif\"><span style=\"font-size:14.0pt\">Esta &eacute; uma compila&ccedil;&atilde;o das not&iacute;cias mais relevantes para o setor, incluindo informa&ccedil;&otilde;es sobre acordos internacionais, economia brasileira, sustentabilidade e mat&eacute;rias primas, al&eacute;m de novidades do setor de N&atilde;otecidos e Tecidos T&eacute;cnicos.<\/span><\/span><\/span><\/span><\/p>\r\n\r\n<p style=\"text-align:justify\"><span style=\"font-size:28pt\"><span style=\"font-family:Cambria,serif\"><span style=\"letter-spacing:-0.5pt\"><b><span style=\"font-size:18.0pt\"><span calibri=\"\" style=\"font-family:\"><span style=\"font-variant:small-caps\">O que vem por a&iacute;<\/span><\/span><\/span><\/b><\/span><\/span><\/span><\/p>\r\n\r\n<p><b><img src=\"https:\/\/www.abint.org.br\/assets\/img\/editor\/abint-logo-2020-g_20240705114928gROPSoOxS7.png\" style=\"width: 300px; height: 69px;\" \/><\/b><\/p>\r\n\r\n<p><b><img src=\"https:\/\/www.abint.org.br\/assets\/img\/editor\/post-quadrado-curso-naotecido_20240705115006cgML2ntk5Z.jpg\" style=\"width: 500px; height: 500px;\" \/><\/b><\/p>\r\n\r\n<p><a href=\"https:\/\/forms.office.com\/r\/5DrqtK5n3Y\">Informa&ccedil;&otilde;es e inscri&ccedil;&otilde;es<\/a><\/p>\r\n\r\n<p>&nbsp;<\/p>\r\n\r\n<p><img src=\"https:\/\/www.abint.org.br\/assets\/img\/editor\/logo-ctg-abint-png_20240705115053Hsgqk9Nr1V.png\" style=\"width: 300px; height: 55px;\" \/><\/p>\r\n\r\n<p>&nbsp;<\/p>\r\n\r\n<p><img src=\"https:\/\/www.abint.org.br\/assets\/img\/editor\/e-mail-mkt-curso-instal-gm-2024_20240705115143EY6nG3FVy7.jpeg\" \/><\/p>\r\n\r\n<p><a href=\"https:\/\/abrir.link\/qpYXB\">Informa&ccedil;&otilde;es e inscri&ccedil;&otilde;es<\/a><\/p>\r\n\r\n<p>&nbsp;<\/p>\r\n\r\n<p><img src=\"https:\/\/www.abint.org.br\/assets\/img\/editor\/20240924-cobramseg-2024_20240705115349kAuwPxusrL.png\" style=\"width: 900px; height: 197px;\" \/><\/p>\r\n\r\n<p><b>O CTG ABINT &eacute; um dos patrocinadores da 21&ordf; edi&ccedil;&atilde;o do Cobramseg &ndash; Congresso Brasileiro de Mec&acirc;nica dos Solos e Engenharia Geot&eacute;cnica.<\/b><\/p>\r\n\r\n<p>&ldquo;<i>Nos reunimos para celebrar a Mec&acirc;nica dos Solos e das Rochas, da GeoEngenharia! Academia, Ind&uacute;stria e &Oacute;rg&atilde;os Gestores unidos para expor seus avan&ccedil;os t&eacute;cnicos e cient&iacute;ficos. Um ambiente rico e diverso que nos permite debater solu&ccedil;&otilde;es e a&ccedil;&otilde;es de forma a fortalecer nossa comunidade geot&eacute;cnica, visando proporcionar um desenvolvimento mais sustent&aacute;vel e seguro para a nossa sociedade<\/i>.&rdquo; V&iacute;tor Pereira Faro, Presidente do COBRAMSEG 2024<\/p>\r\n\r\n<p><a href=\"http:\/\/www.cobramseg.com.br\/\">www.cobramseg.com.br<\/a><\/p>\r\n\r\n<p>&nbsp;<\/p>\r\n\r\n<p><img src=\"https:\/\/www.abint.org.br\/assets\/img\/editor\/fenasan-2024_20240705115455QKUffU5MpN.jpg\" style=\"width: 900px; height: 320px;\" \/><\/p>\r\n\r\n<p>O&nbsp;<b>CTG ABINT apoia a Feira Nacional de Saneamento e Meio Ambiente &ndash; Fenasan e do 35&ordm; Encontro T&eacute;cnico AESabesp, que ocorrer&atilde;o de 22 a 24 de outubro de 2024<\/b>, no Pavilh&atilde;o Verde e Vermelho, no Expo Center Norte, em S&atilde;o Paulo. Trata-se do maior evento de saneamento da Am&eacute;rica Latin. A realiza&ccedil;&atilde;o &eacute; da AESabesp &ndash; Associa&ccedil;&atilde;o dos Engenheiros da Sabesp.<\/p>\r\n\r\n<p><i>O tema central desta edi&ccedil;&atilde;o &eacute; &ldquo;Saneamento ambiental: condi&ccedil;&atilde;o fundamental para o enfrentamento das mudan&ccedil;as clim&aacute;ticas&rdquo;. Com um p&uacute;blico tradicionalmente de 22 mil visitantes e alinhada aos ODS &ndash; Objetivos de Desenvolvimento Sustent&aacute;vel estabelecidos pela ONU e aos conceitos de ESG, a edi&ccedil;&atilde;o 2024 continuar&aacute; ampliando o di&aacute;logo em torno das quest&otilde;es de saneamento ambiental, meio ambiente e sustentabilidade e promovendo o compartilhamento de conhecimento altamente qualificado.<\/i><\/p>\r\n\r\n<p><a href=\"http:\/\/www.fenasan.com.br\/\">www.fenasan.com.br<\/a><\/p>\r\n\r\n<p>&nbsp;<\/p>\r\n\r\n<p><img src=\"https:\/\/www.abint.org.br\/assets\/img\/editor\/cth-logo-alta-jpg_20240705115727V8RKLjodM5.jpg\" style=\"width: 300px; height: 68px;\" \/><\/p>\r\n\r\n<p><img src=\"https:\/\/www.abint.org.br\/assets\/img\/editor\/hospitalmed-2024-logo_20240705115809NrbMDDw4HB.png\" style=\"width: 500px; height: 448px;\" \/><\/p>\r\n\r\n<p><b>O CTH ABINT &eacute; um dos patrocinadores da HospitalMed 2024.<\/b><\/p>\r\n\r\n<p>&ldquo;<i>A melhor e Mais Completa Feira de Sa&uacute;de do Norte\/Nordeste<\/i>&rdquo;, &eacute; uma realiza&ccedil;&atilde;o da HospitalMed Feiras &amp; Eventos e da Insight Feiras de Neg&oacute;cios.<\/p>\r\n\r\n<p><i>&ldquo;O&nbsp;<b>re&uacute;ne toda a cadeia produtiva do setor de sa&uacute;de das regi&otilde;es Norte\/Nordeste<\/b>. &Eacute; o grande encontro de fornecedores de Produtos, Equipamentos, Servi&ccedil;os, Tecnologia e Conte&uacute;do para Hospitais, Laborat&oacute;rios, Farm&aacute;cias, Cl&iacute;nicas, Consult&oacute;rios e Profissionais da Sa&uacute;de&rdquo;.<\/i><\/p>\r\n\r\n<p><a href=\"http:\/\/www.hospitalmed.com.br\/\">www.hospitalmed.com.br<\/a><\/p>\r\n\r\n<p><span style=\"font-size:28pt\"><span style=\"font-family:Cambria,serif\"><span style=\"letter-spacing:-0.5pt\"><b><span style=\"font-size:18.0pt\"><span calibri=\"\" style=\"font-family:\"><span style=\"font-variant:small-caps\">Not&iacute;cias das Associadas<\/span><\/span><\/span><\/b><\/span><\/span><\/span><\/p>\r\n\r\n<p style=\"text-align:justify\"><span style=\"font-size:11pt\"><span style=\"line-height:normal\"><span style=\"font-family:Calibri,sans-serif\"><a href=\"https:\/\/www.nonwovens-industry.com\/contents\/view_breaking-news\/2024-06-25\/andritz-holds-customer-day-for-absorbent-hygiene-products?utm_campaign=NON+eNewsletter&amp;utm_medium=email&amp;_hsenc=p2ANqtz-8MxNrYZD6ByTxH67O_7pekrdRe03cHsvBuS_5p7TOuOH975mBJAnQq4U-Up5oBOltgW1mz5h5OCGvKOIJ4D2r-_6NhmQ&amp;_hsmi=313504450&amp;utm_content=313504450&amp;utm_source=hs_email\" style=\"color:blue; text-decoration:underline\"><span lang=\"EN-US\" style=\"font-size:14.0pt\">Andritz Holds Customer Day for Absorbent Hygiene Products<\/span><\/a><\/span><\/span><\/span><\/p>\r\n\r\n<p style=\"text-align:justify\"><span style=\"font-size:11pt\"><span style=\"line-height:normal\"><span style=\"font-family:Calibri,sans-serif\"><a href=\"https:\/\/transmail.ftrans01.com\/ZLFABRI?id=29813=JR4CVQVdAAgCGApWWwRZBVpXAwIFVF8LVwRTWlRWBwtTBFRcBlZaCFMAB1EMAFdVDlRNVwQPV0chAARRChIZVhQFHAdFGAkOAF0AAwlQVlQPVAUDV1IJTwkVEkgXXBgWEhBTC0QJWVBdSlVDSgAPFwhUH1UJCxZpLScnejYvCFACHkRW&amp;fl=DhZGFQ1LF05GEx1DXQIJClEGUFoSA0FHCA0DFgoDQxYIB0UWGAVWXUMNR00VFQ5JSxBBRgofFF0EBAJUARZCVwUKHwleCl0UVwtBGlAEABJBSFdXBBRQUBJMEldJFV5WAwwfB1IIX1BECR4FAVdTVg9LWUILCg==\" style=\"color:blue; text-decoration:underline\" target=\"_blank\"><span lang=\"EN-US\" style=\"font-size:14.0pt\">Andritz to supply needlepunch line for heavy fabrics to Sioen, Belgium<\/span><\/a><\/span><\/span><\/span><\/p>\r\n\r\n<p style=\"text-align:justify\"><span style=\"font-size:11pt\"><span style=\"line-height:normal\"><span style=\"font-family:Calibri,sans-serif\"><a href=\"https:\/\/t.rdsv2.net\/ls\/click?upn=u001.SJ-2BHbcLStyE5mTD5OK48sq2JxFfkhvQ6eAz6nLBcupUFdAAfh8OO9l17p-2B0P6oVT3IpV-2FrItO8aItOW7L35At4lRsaPqSYAJ8UsjTDozM5myJ-2BwbZmXozOlewRq-2BsEZ-2BLCotYl-2Boq4nPyc1BeWGC9iCxG7TM7lsYxJPZmY9sUNsIWPIXkCm2tvXkmgJSS-2BJ9Vs9HJTXEo94Fvc24-2FmkUYZ33zbuhdMPgfnaZ-2Fy3BPBG0CjL9nF8oLIic0IUkP6DYIQR5-2FZdmjtU-2BjIOf1E7EVSSQiPXTBcpLpTXISD2DrQ3GCAfR8Q6iSjCBI3mYfwY7pFaVWc0Iq99HpTyrENOXccG2cPRFbE7Xm4RB3PEDgWw-3DRruQ_T7N8BvZTOm04CQQMiyWztrpCjlUrRc4F7QzSgUIpTqB5Yk-2Bt7YhUyk7lZRXmbFFsi-2Foe1q0kuwsCjfsBOqL9ZeKwOqG7ApazixuGEP6Z5SJuFg5bm15p-2FcAKNI6-2BqjB-2BXewctzwodmBa1BgleaXqjrP-2B6P4gXFzYGhrvrN8SVkijQnU3aJyMOqSkyDvHBodt8mQF9qJ8-2FG4gbd3Gaj0KYdDAorLCDsVPPwms-2BwvI7vwCdZ6abB0SAe8ZJfE0De0HrFpwV99-2Fbpv4AQNCF4F-2B-2FROJ8lh6-2FMqalJwMWBDAi2w7kpClehGJn5SG8ELXfxyLAUaNarOLHMFy0ZXW9Ehd72D4WdiuU3FD2gLV1CmeMcG1aTYjX-2F6l9Y9su2M6Kh0EXzu-2Fi3eejd3i4T844A1rdyYIILmOjko309RACsDVCTyzzoFyVs7cfxWfU1wjAO2TnGqEF3CKrZemKjZ-2BYEmaNwjawpXuYknq-2BfuP-2B-2BydzdYzacmYZFN2nbYcCmAcQ9G5aWWQBZmg2ESTGSBV2LmStAPJpthFpHzHd7f3OxVDVcqDYT70hw3-2FubaDTrdjMt0ievqPPpmn3DXZuLDev58KyMtzuz7HlUJqTehspAZpD4QgmJtFqlGw5sGPhxn8brzruHzjxMb2yfCDSioYX5Uhhg6NBiUtlerYisu6xJyRCcgEdkJQDn0ZNmVqIMOWhSYa1mR-2Fakqjlwqkn268HxL7w4-2BRDYPCZvaC3cUfr-2FXtXT0-3D\" style=\"color:blue; text-decoration:underline\" title=\"ANDRITZ adquire a Procemex, especialista em an\u00e1lise de imagens para papel e celulose\"><span style=\"font-size:14.0pt\">ANDRITZ adquire a Procemex, especialista em an&aacute;lise de imagens para papel e celulose<\/span><\/a><\/span><\/span><\/span><\/p>\r\n\r\n<p style=\"text-align:justify\"><span style=\"font-size:11pt\"><span style=\"line-height:normal\"><span style=\"font-family:Calibri,sans-serif\"><a href=\"https:\/\/portalribeira.com.br\/noticia\/34192\/instituto-maua-de-tecnologia-firma-parceria-com-a-universide-centralesupelec\" style=\"color:blue; text-decoration:underline\"><span style=\"font-size:14.0pt\">Instituto Mau&aacute; de Tecnologia firma parceria com a Universide CentraleSup&eacute;lec<\/span><\/a><\/span><\/span><\/span><\/p>\r\n\r\n<p style=\"text-align:justify\">&nbsp;<\/p>\r\n\r\n<p style=\"text-align:justify\"><span style=\"font-size:11pt\"><span style=\"line-height:normal\"><span style=\"font-family:Calibri,sans-serif\"><b><span style=\"font-size:18.0pt\"><span style=\"font-variant:small-caps\">Eventos<\/span><\/span><\/b><\/span><\/span><\/span><\/p>\r\n\r\n<p style=\"text-align:justify\"><span style=\"font-size:11pt\"><span style=\"line-height:normal\"><span style=\"font-family:Calibri,sans-serif\"><a href=\"http:\/\/www.ihi.ensinoeinstein.com\" style=\"color:blue; text-decoration:underline\"><b><span style=\"font-size:14.0pt\">IHI 2024 - 9&ordm; F&oacute;rum Latino-Americano de Qualidade e Seguran&ccedil;a na Sa&uacute;de<\/span><\/b><\/a><span style=\"font-size:14.0pt\">, 09 a 11 de julho de 2024, evento h&iacute;brido, Centro de Ensino e Pesquisa Albert Einstein, Campus Cec&iacute;lia e Abram Szajman, Rua Comendador Elias Jafet, 755, Morumbi, S&atilde;o Paulo\/SP<\/span><\/span><\/span><\/span><\/p>\r\n\r\n<p style=\"text-align:justify\"><span style=\"font-size:11pt\"><span style=\"line-height:normal\"><span style=\"font-family:Calibri,sans-serif\"><a href=\"https:\/\/t.rdsv2.net\/ls\/click?upn=u001.M2wMezKrlmWFLef6-2B5HEVAN9lL4nOsFVqJ-2B1FI9l52WhnrXOINfM6SsPNFiGClBpAtVk7HaYGswoSq3pMNGRwN0V-2BQ0fl2ZDcXG0s6TF1m-2Fca7rnLX34W-2BYQnghCfpK-2FLiR-2FnV5TAxWRstjx-2By-2FOtDf-2FOhgrusrxlQxtfj3YT1OWJIfwarhsnvkXQ-2Bqt7M2B9-2BIDfBYqI7yUB5M4vvGp2FS6k0X2IT5Xq5mnExtADUL5uSLL0R6DIDdt2I0OK9TP01ZST-2Bty7wNyo-2Bxk8GIT2hEQwqN60LdPgHmlUPDExlN-2FHBZpndrXIJN3ASlYKaE1sxuMUSIxzG5kK5zwyNnEBw-3D-3Db0KJ_T7N8BvZTOm04CQQMiyWztrpCjlUrRc4F7QzSgUIpTqCRUF9Ey6cJDv3WqcdSlXxjIF85GxjJcbyrsyHUi-2BMutU7zZFM9GnMsFZLn8JHplrW0nwodzDACRhLfhgNCF6eIwvuXvLED1zn-2Busx8-2FxPRh-2BXP8XI3ShGt8tLzQjDv9D3LD3XEzFkGmdb4MO5cuMc7YFMfM7-2BtnL37OlQMI5CyvnzEnAQwWVYmkNHD2gr6By9mH4LVJkhoCc9k4Lq7eWTdU-2FHAZpDAT-2BhxiTUgQ2UslMdAnR1HgcCyDat-2BdHxKwksMtWnxfdT7o8wnccVoHgB7RN3WGgqtU1FQF4XO77yFvUYKcDsXKesW9t6IikL6ei0XUUKXqD5l4BvYPg0nZDzZM39prLmbsH1kLGh34lrsqImsQV5GUKpuYqvxMY2RVT2u2-2FaLV6oQFlLhRCMsIPTga6y7D2FsfEwJ9VIaA8MSMuINs1JPdOOZ7x4lKJP0sk3KU99-2FPlH7JHfBmXQ2W68k8qOUDAxIwigyoj25FlLN4NytaU9G0QaoeZbm3sbLLP1RQnj52qJJNOXXb-2F3wC-2FxUStfEcVK72meBmHbT39IcO880FM7JTRKeeAsPBXQohWl6D0snUUivJszGbKA4R9e85U6MTCPq8QuxQjczKvVWGw-3D-3D\" style=\"color:blue; text-decoration:underline\"><b><span style=\"font-size:14.0pt\">C&acirc;mera de Com&eacute;rcio Brasil-Canad&aacute; | As Pr&aacute;ticas de ESG e o Impacto Financeiro nas Empresas<\/span><\/b><\/a><span style=\"font-size:14.0pt\">, 16 de julho de 2024, 15h &agrave;s 17h, evento online e gratuito.<\/span><\/span><\/span><\/span><\/p>\r\n\r\n<p style=\"text-align:justify\"><span style=\"font-size:11pt\"><span style=\"line-height:normal\"><span style=\"font-family:Calibri,sans-serif\"><a href=\"https:\/\/us06web.zoom.us\/webinar\/register\/WN_o1VzihS-QhmADw3cDiahbA?utm_medium=email&amp;_hsenc=p2ANqtz-8L4QdNe2UJS3AzOrdWD20CPGy_srh2sRA-0Rf8ZS1Z96d5dfPQIlIcHHrbIyXdi2zFLNeY9yTjBnvUxF631-ir0ULOIQ&amp;_hsmi=313968741&amp;utm_content=313950619&amp;utm_source=hs_email#\/registration\" style=\"color:blue; text-decoration:underline\"><b><span style=\"font-size:14.0pt\">Masterclass BIM e Saneamento 4.0: Desafios e Aplica&ccedil;&otilde;es Pr&aacute;ticas<\/span><\/b><\/a><span style=\"font-size:14.0pt\">, 17 de julho de 2024, 13h (GMT-3), evento online.<\/span><\/span><\/span><\/span><\/p>\r\n\r\n<p style=\"text-align:justify\"><span style=\"font-size:11pt\"><span style=\"line-height:normal\"><span style=\"font-family:Calibri,sans-serif\"><a href=\"http:\/\/www.construnordeste.com.br\" style=\"color:blue; text-decoration:underline\"><b><span style=\"font-size:14.0pt\">Constru Nordeste<\/span><\/b><\/a><span style=\"font-size:14.0pt\">, 31 de julho a 02 de agosto de 2024, Centro de Conven&ccedil;&otilde;es Salvador, Bahia<\/span><\/span><\/span><\/span><\/p>\r\n\r\n<p><img src=\"https:\/\/www.abint.org.br\/assets\/img\/editor\/abtt-academy-curso-compras-texteis-hospitalares_20240604135954xriEyS8abD.jpg\" style=\"width: 500px; height: 500px;\" \/><\/p>\r\n\r\n<p><a href=\"https:\/\/docs.google.com\/forms\/d\/e\/1FAIpQLSeG7zdl8xZpguBFbIdqyMS61mxfjvFjKOQ3EUqnWgC1RUcAug\/viewform\">Informa&ccedil;&otilde;es e inscri&ccedil;&otilde;es<\/a><\/p>\r\n\r\n<p style=\"text-align:justify\">&nbsp;<\/p>\r\n\r\n<p style=\"text-align:justify\"><span style=\"font-size:11pt\"><span style=\"line-height:normal\"><span style=\"font-family:Calibri,sans-serif\"><a href=\"https:\/\/emailmarketing.locaweb.com.br\/accounts\/116830\/messages\/524?email=abint@abint.org.br&amp;c=1719495723&amp;contact_id=110&amp;envelope_id=403\" style=\"color:blue; text-decoration:underline\"><b><span style=\"font-size:14.0pt\">JEC Composites Talks Brasil<\/span><\/b><\/a><span style=\"font-size:14.0pt\">, 19 de agosto de 2024, S&atilde;o Paulo, SP.<\/span><\/span><\/span><\/span><\/p>\r\n\r\n<p style=\"text-align:justify\"><span style=\"font-size:11pt\"><span style=\"line-height:normal\"><span style=\"font-family:Calibri,sans-serif\"><a href=\"http:\/\/www.feiplar.com\" style=\"color:blue; text-decoration:underline\"><b><span style=\"font-size:14.0pt\">FEIPLAR COMPOSITES &amp; FEIPUR &ndash; Feira e Congresso Internacionais de Composites, Poliuretano, Pl&aacute;sticos de Engenharia e Compostos Termopl&aacute;sticos<\/span><\/b><\/a><span style=\"font-size:14.0pt\">, 20 a 22 de agosto de 2024, S&atilde;o Paulo Expo (Pavilh&atilde;o 5), palestras: das 8h30 &agrave;s 18h, feira: das 13h &agrave;s 20h.<b> <\/b><\/span><\/span><\/span><\/span><\/p>\r\n\r\n<p style=\"text-align:justify\"><span style=\"font-size:11pt\"><span style=\"line-height:normal\"><span style=\"font-family:Calibri,sans-serif\"><a href=\"http:\/\/www.techtextil-north-america.us.messefrankfurt.com\" style=\"color:blue; text-decoration:underline\"><b><span lang=\"EN-US\" style=\"font-size:14.0pt\">Techtextil North America 2024<\/span><\/b><\/a><span lang=\"EN-US\" style=\"font-size:14.0pt\">, August 20 &ndash; 24, Raleigh, North Carolina.<\/span><\/span><\/span><\/span><\/p>\r\n\r\n<p style=\"text-align:justify\"><span style=\"font-size:11pt\"><span style=\"line-height:normal\"><span style=\"font-family:Calibri,sans-serif\"><a href=\"http:\/\/www.fenasan.com.br\" style=\"color:blue; text-decoration:underline\"><b><span style=\"font-size:14.0pt\">Fenasan 2024 &ndash; Feira Nacional de Saneamento e Meio Ambiente<\/span><\/b><\/a><span style=\"font-size:14.0pt\">, 22 a 24 de outubro de 2024, Pavilh&otilde;es Verde e Vermelho, Expo Center Norte, S&atilde;o Paulo SP<\/span><\/span><\/span><\/span><\/p>\r\n\r\n<p style=\"text-align:justify\"><span style=\"font-size:11pt\"><span style=\"line-height:normal\"><span style=\"font-family:Calibri,sans-serif\"><a href=\"http:\/\/www.hospitalmed.com.br\" style=\"color:blue; text-decoration:underline\"><b><span style=\"font-size:14.0pt\">HospitalMed 2024<\/span><\/b><\/a><span style=\"font-size:14.0pt\">, 23 a 25 de outubro, das 14h &agrave;s 20h, no Pernambuco Centro de Conven&ccedil;&otilde;es<\/span><\/span><\/span><\/span><\/p>\r\n\r\n<p style=\"text-align:justify\"><span style=\"font-size:11pt\"><span style=\"line-height:normal\"><span style=\"font-family:Calibri,sans-serif\"><a href=\"http:\/\/www.congressoabit.com.br\" style=\"color:blue; text-decoration:underline\"><b><span style=\"font-size:14.0pt\">Congresso Internacional Abit 2024<\/span><\/b><\/a><span style=\"font-size:14.0pt\">, 30 e 31 de outubro, Salvador, Bahia<\/span><\/span><\/span><\/span><\/p>\r\n\r\n<p style=\"text-align:justify\"><span style=\"font-size:28pt\"><span style=\"font-family:Cambria,serif\"><span style=\"letter-spacing:-0.5pt\"><b><span style=\"font-size:18.0pt\"><span calibri=\"\" style=\"font-family:\"><span style=\"font-variant:small-caps\">Setor<\/span><\/span><\/span><\/b><\/span><\/span><\/span><\/p>\r\n\r\n<p style=\"text-align:justify\"><span style=\"font-size:11pt\"><span style=\"line-height:normal\"><span style=\"font-family:Calibri,sans-serif\"><a href=\"https:\/\/www.revistaplasticosul.com.br\/industria-4-0\/inundacoes-e-a-recuperacao-economica-do-setor-petroquimico\/\" style=\"color:blue; text-decoration:underline\"><span style=\"font-size:14.0pt\">Reflex&otilde;es sobre as inunda&ccedil;&otilde;es e a recupera&ccedil;&atilde;o econ&ocirc;mica do setor petroqu&iacute;mico<\/span><\/a><\/span><\/span><\/span><\/p>\r\n\r\n<p style=\"text-align:justify\"><span style=\"font-size:11pt\"><span style=\"line-height:normal\"><span style=\"font-family:Calibri,sans-serif\"><a href=\"https:\/\/www.agrolink.com.br\/noticias\/frente-fria-pode-impactar-a-producao-horticola_492563.html\" style=\"color:blue; text-decoration:underline\"><span style=\"font-size:14.0pt\">Mulching: Frente fria pode impactar a produ&ccedil;&atilde;o hort&iacute;cola<\/span><\/a><\/span><\/span><\/span><\/p>\r\n\r\n<p style=\"text-align:justify\"><span style=\"font-size:11pt\"><span style=\"line-height:normal\"><span style=\"font-family:Calibri,sans-serif\"><a href=\"https:\/\/www.saudebusiness.com\/legislacao-e-regulamentacao\/ministerio-da-saude-cria-programa-que-estimula-industria-de-dispositivos?utm_campaign=BRZ24HPR-AK-ALL%20Newsletter%20Junho&amp;utm_emailname=BRZ24HPR-AK-ALL%20Newsletter%20Junho&amp;utm_medium=email&amp;utm_source=eloqua&amp;utm_MDMContactID=2bb3d23c-a32f-4218-88d5-29f7fb45caee&amp;utm_campaigntype=Newsletter&amp;eM=50c7dfe42c38ea8f10539f0a167fc763253059e495554a32db7a57f8f237ec4c&amp;eventSeriesCode=ES_HOSPITALAR&amp;eventEditionCode=BRZ23HPR&amp;sessionCode=S_HSPTLRNWSLTR&amp;sp_eh=50c7dfe42c38ea8f10539f0a167fc763253059e495554a32db7a57f8f237ec4c&amp;elqTrackId=C96DA69E64E1FED8C52C2C5AD5B09709&amp;elq=880febd513c143a9ac45842583756bce&amp;elqaid=20740&amp;elqat=1&amp;elqCampaignId=14009\" style=\"color:blue; text-decoration:underline\"><span style=\"font-size:14.0pt\">Minist&eacute;rio da Sa&uacute;de cria programa que estimula ind&uacute;stria de dispositivos m&eacute;dicos<\/span><\/a><\/span><\/span><\/span><\/p>\r\n\r\n<p style=\"text-align:justify\"><span style=\"font-size:11pt\"><span style=\"line-height:normal\"><span style=\"font-family:Calibri,sans-serif\"><a href=\"https:\/\/www.nonwovens-industry.com\/contents\/view_breaking-news\/2024-06-28\/wow-conference-attracts-industry-leaders-to-minneapolis\/72643\" style=\"color:blue; text-decoration:underline\"><span lang=\"EN-US\" style=\"font-size:14.0pt\">WOW Conference Attracts Industry Leaders to Minneapolis<\/span><\/a><\/span><\/span><\/span><\/p>\r\n\r\n<p style=\"text-align:justify\"><span style=\"font-size:11pt\"><span style=\"line-height:normal\"><span style=\"font-family:Calibri,sans-serif\"><a href=\"https:\/\/tissueonline.com.br\/essity-acelera-expansao-no-peru-com-novos-produtos-e-forte-desempenho\/?utm_campaign=newsletter_28062024_novo_modelo&amp;utm_medium=email&amp;utm_source=RD+Station\" style=\"color:blue; text-decoration:underline\"><span style=\"font-size:14.0pt\">Essity acelera expans&atilde;o no Peru com novos produtos e forte desempenho<\/span><\/a><\/span><\/span><\/span><\/p>\r\n\r\n<p style=\"text-align:justify\"><span style=\"font-size:11pt\"><span style=\"line-height:normal\"><span style=\"font-family:Calibri,sans-serif\"><a href=\"https:\/\/tissueonline.com.br\/kimberly-clark-vende-ativos-para-a-empacar-na-bolivia\/?utm_campaign=newsletter_28062024_novo_modelo&amp;utm_medium=email&amp;utm_source=RD+Station\" style=\"color:blue; text-decoration:underline\"><span style=\"font-size:14.0pt\">Kimberly-Clark vende ativos para a Empacar na Bol&iacute;via<\/span><\/a><\/span><\/span><\/span><\/p>\r\n\r\n<p style=\"text-align:justify\"><span style=\"font-size:11pt\"><span style=\"line-height:normal\"><span style=\"font-family:Calibri,sans-serif\"><a href=\"https:\/\/www.nonwovens-industry.com\/contents\/view_breaking-news\/2024-06-27\/kimberly-clark-could-close-uk-plant\/72643\" style=\"color:blue; text-decoration:underline\"><span lang=\"ES-AR\" style=\"font-size:14.0pt\">Kimberly-Clark Could Close U.K. Plant - U.K. plastic wipes ban has challenged producer<\/span><\/a><\/span><\/span><\/span><\/p>\r\n\r\n<p style=\"text-align:justify\"><span style=\"font-size:11pt\"><span style=\"line-height:normal\"><span style=\"font-family:Calibri,sans-serif\"><a href=\"https:\/\/www.moveisdevalor.com.br\/portal\/saiba-tudo-sobre-o-mundo-dos-colchoes-aqui\" style=\"color:blue; text-decoration:underline\"><span style=\"font-size:14.0pt\">Saiba tudo sobre o mundo dos colch&otilde;es aqui<\/span><\/a><\/span><\/span><\/span><\/p>\r\n\r\n<p style=\"text-align:justify\"><span style=\"font-size:11pt\"><span style=\"line-height:normal\"><span style=\"font-family:Calibri,sans-serif\"><a href=\"https:\/\/medicalxpress.com\/news\/2024-06-sheets-doona.html?utm_source=nwletter&amp;utm_medium=email&amp;utm_campaign=daily-nwletter\" style=\"color:blue; text-decoration:underline\"><span lang=\"EN-US\" style=\"font-size:14.0pt\">Why can&#39;t I sleep? It could be your sheets or doona<\/span><\/a><\/span><\/span><\/span><\/p>\r\n\r\n<p style=\"text-align:justify\"><span style=\"font-size:11pt\"><span style=\"line-height:normal\"><span style=\"font-family:Calibri,sans-serif\"><a href=\"https:\/\/blogdoplastico.wordpress.com\/2024\/07\/02\/braskem-e-holandesa-tno-firmam-parceria-para-reciclagem-de-plasticos\/\" style=\"color:blue; text-decoration:underline\"><span style=\"font-size:14.0pt\">Braskem e holandesa TNO firmam parceria para reciclagem de pl&aacute;sticos<\/span><\/a><\/span><\/span><\/span><\/p>\r\n\r\n<p style=\"text-align:justify\"><span style=\"font-size:28pt\"><span style=\"font-family:Cambria,serif\"><span style=\"letter-spacing:-0.5pt\"><b><span style=\"font-size:18.0pt\"><span calibri=\"\" style=\"font-family:\"><span style=\"font-variant:small-caps\">Ind&uacute;stria<\/span><\/span><\/span><\/b><\/span><\/span><\/span><\/p>\r\n\r\n<p style=\"text-align:justify\"><span style=\"font-size:11pt\"><span style=\"line-height:normal\"><span style=\"font-family:Calibri,sans-serif\"><a href=\"https:\/\/www.msn.com\/pt-br\/dinheiro\/economia-e-negocios\/abimaq-china-responde-por-28-9-das-importa%C3%A7%C3%B5es-de-m%C3%A1quinas-no-brasil\/ar-BB1nhggt?ocid=weather-verthp-feeds\" style=\"color:blue; text-decoration:underline\"><span style=\"font-size:14.0pt\">Abimaq: China responde por 28,9% das importa&ccedil;&otilde;es de m&aacute;quinas no Brasil<\/span><\/a><\/span><\/span><\/span><\/p>\r\n\r\n<p style=\"text-align:justify\"><span style=\"font-size:11pt\"><span style=\"line-height:normal\"><span style=\"font-family:Calibri,sans-serif\"><a href=\"https:\/\/portalibre.fgv.br\/system\/files\/divulgacao\/noticias\/mat-complementar\/2024-07\/%C3%8Dndice%20de%20Confian%C3%A7a%20Empresarial%20FGV_press%20release_Jun24.pdf\" style=\"color:blue; text-decoration:underline\"><span style=\"font-size:14.0pt\">Confian&ccedil;a Empresarial encerra segundo trimestre em estabilidade<\/span><\/a><\/span><\/span><\/span><\/p>\r\n\r\n<p style=\"text-align:justify\"><span style=\"font-size:11pt\"><span style=\"line-height:normal\"><span style=\"font-family:Calibri,sans-serif\"><a href=\"https:\/\/noticias.portaldaindustria.com.br\/noticias\/economia\/indicador-de-custos-industriais-volta-a-cair-no-primeiro-trimestre-de-2024\/\" style=\"color:blue; text-decoration:underline\"><span style=\"font-size:14.0pt\">Indicador de Custos Industriais volta a cair no primeiro trimestre de 2024<\/span><\/a><\/span><\/span><\/span><\/p>\r\n\r\n<p style=\"text-align:justify\"><span style=\"font-size:11pt\"><span style=\"line-height:normal\"><span style=\"font-family:Calibri,sans-serif\"><a href=\"https:\/\/portalibre.fgv.br\/system\/files\/2024-07\/apresentacao-sintese-das-sondagens-junho-2024.pdf\" style=\"color:blue; text-decoration:underline\"><span style=\"font-size:14.0pt\">Indicadores de Confian&ccedil;a e Incerteza do FGV IBRE<\/span><\/a><\/span><\/span><\/span><\/p>\r\n\r\n<p style=\"text-align:justify\"><span style=\"font-size:11pt\"><span style=\"line-height:normal\"><span style=\"font-family:Calibri,sans-serif\"><a href=\"https:\/\/storage.epbr.com.br\/2024\/07\/Pesquisa-CNI-Energia-IPRI.pdf?utm_source=newsletters+epbr&amp;utm_campaign=2952a020c6-epbr-comece-seu-dia_20230724_COPY_01&amp;utm_medium=email&amp;utm_term=0_5931171aac-2952a020c6-466362780\" style=\"color:blue; text-decoration:underline\"><span style=\"font-size:14.0pt\">Ind&uacute;stria e Matriz Energ&eacute;tica<\/span><\/a><\/span><\/span><\/span><\/p>\r\n\r\n<p style=\"text-align:justify\"><span style=\"font-size:11pt\"><span style=\"line-height:normal\"><span style=\"font-family:Calibri,sans-serif\"><a href=\"https:\/\/noticias.portaldaindustria.com.br\/noticias\/economia\/60-das-industrias-apontam-carga-tributaria-como-fator-de-maior-impacto-na-conta-de-luz-diz-cni\/\" style=\"color:blue; text-decoration:underline\"><span style=\"font-size:14.0pt\">60% das ind&uacute;strias apontam carga tribut&aacute;ria como fator de maior impacto na conta de luz, diz CNI<\/span><\/a><\/span><\/span><\/span><\/p>\r\n\r\n<p style=\"text-align:justify\"><span style=\"font-size:11pt\"><span style=\"line-height:normal\"><span style=\"font-family:Calibri,sans-serif\"><a href=\"https:\/\/noticias.portaldaindustria.com.br\/noticias\/politica-industrial\/lcd-vai-reduzir-o-custo-do-credito-para-investimentos-produtivos-avalia-cni\/\" style=\"color:blue; text-decoration:underline\"><span style=\"font-size:14.0pt\">LCD vai reduzir o custo do cr&eacute;dito para investimentos produtivos, avalia CNI<\/span><\/a><\/span><\/span><\/span><\/p>\r\n\r\n<p style=\"text-align:justify\"><span style=\"font-size:11pt\"><span style=\"line-height:normal\"><span style=\"font-family:Calibri,sans-serif\"><a href=\"https:\/\/www.revistaplasticosul.com.br\/materias-primas\/instituto-brasileiro-do-pvc-divulga-analise-de-desempenho-do-mercado\/\" style=\"color:blue; text-decoration:underline\"><span style=\"font-size:14.0pt\">Instituto Brasileiro do PVC divulga an&aacute;lise de desempenho do mercado e acompanhamento de indicadores da cadeia produtiva<\/span><\/a><\/span><\/span><\/span><\/p>\r\n\r\n<p style=\"text-align:justify\"><span style=\"font-size:11pt\"><span style=\"line-height:normal\"><span style=\"font-family:Calibri,sans-serif\"><a href=\"https:\/\/certi.org.br\/blog\/como-obter-uma-reducao-de-estoque-utilizando-data-analytics\/?utm_campaign=certi%20news%20junho%202024&amp;utm_medium=email&amp;utm_source=newsletter\" style=\"color:blue; text-decoration:underline\"><span style=\"font-size:14.0pt\">Como obter uma redu&ccedil;&atilde;o de estoque utilizando data analytics<\/span><\/a><\/span><\/span><\/span><\/p>\r\n\r\n<p style=\"text-align:justify\"><span style=\"font-size:11pt\"><span style=\"line-height:normal\"><span style=\"font-family:Calibri,sans-serif\"><a href=\"https:\/\/certi.org.br\/blog\/o-que-e-bim-conceito-aplicacoes-e-desafios\/?utm_campaign=certi%20news%20junho%202024&amp;utm_medium=email&amp;utm_source=newsletter\" style=\"color:blue; text-decoration:underline\"><span style=\"font-size:14.0pt\">O que &eacute; BIM? Conceito, aplica&ccedil;&otilde;es e desafios da Modelagem da Informa&ccedil;&atilde;o da Constru&ccedil;&atilde;o<\/span><\/a><\/span><\/span><\/span><\/p>\r\n\r\n<p style=\"text-align:justify\"><span style=\"font-size:11pt\"><span style=\"line-height:normal\"><span style=\"font-family:Calibri,sans-serif\"><a href=\"https:\/\/www.youtube.com\/watch?v=mPKzQos381k&amp;list=PLPCidcPH0a7VdwtIy_fduiX3YBwSPRWZY&amp;index=3\" style=\"color:blue; text-decoration:underline\"><span style=\"font-size:14.0pt\">BIM para infraestrutura de transportes rodovi&aacute;rios<\/span><\/a><\/span><\/span><\/span><\/p>\r\n\r\n<p style=\"text-align:justify\"><span style=\"font-size:28pt\"><span style=\"font-family:Cambria,serif\"><span style=\"letter-spacing:-0.5pt\"><b><span style=\"font-size:18.0pt\"><span calibri=\"\" style=\"font-family:\"><span style=\"font-variant:small-caps\">Sustentabilidade<\/span><\/span><\/span><\/b><\/span><\/span><\/span><\/p>\r\n\r\n<p style=\"text-align:justify\"><span style=\"font-size:11pt\"><span style=\"line-height:normal\"><span style=\"font-family:Calibri,sans-serif\"><a href=\"https:\/\/portugaltextil.com\/california-quer-legislar-residuos-texteis\/\" style=\"color:blue; text-decoration:underline\"><span style=\"font-size:14.0pt\">Calif&oacute;rnia quer legislar res&iacute;duos t&ecirc;xteis<\/span><\/a><\/span><\/span><\/span><\/p>\r\n\r\n<p style=\"text-align:justify\"><span style=\"font-size:11pt\"><span style=\"line-height:normal\"><span style=\"font-family:Calibri,sans-serif\"><a href=\"https:\/\/noticias.portaldaindustria.com.br\/noticias\/sustentabilidade\/cni-e-governo-promovem-programa-de-eficiencia-energetica\/\" style=\"color:blue; text-decoration:underline\"><span style=\"font-size:14.0pt\">CNI e governo promovem programa de efici&ecirc;ncia energ&eacute;tica<\/span><\/a><\/span><\/span><\/span><\/p>\r\n\r\n<p style=\"text-align:justify\"><span style=\"font-size:11pt\"><span style=\"line-height:normal\"><span style=\"font-family:Calibri,sans-serif\"><a href=\"https:\/\/tissueonline.com.br\/soft-n-dry-lanca-nova-linha-de-fraldas-sustentaveis-em-mais-um-pais-da-america-latina\/?utm_campaign=newsletter_28062024_novo_modelo&amp;utm_medium=email&amp;utm_source=RD+Station\" style=\"color:blue; text-decoration:underline\"><span style=\"font-size:14.0pt\">Soft N Dry lan&ccedil;a nova linha de fraldas sustent&aacute;veis em mais um pa&iacute;s da Am&eacute;rica Latina<\/span><\/a><\/span><\/span><\/span><\/p>\r\n\r\n<p style=\"text-align:justify\"><span style=\"font-size:28pt\"><span style=\"font-family:Cambria,serif\"><span style=\"letter-spacing:-0.5pt\"><b><span lang=\"EN-US\" style=\"font-size:18.0pt\"><span calibri=\"\" style=\"font-family:\"><span style=\"font-variant:small-caps\">Inova&ccedil;&atilde;o<\/span><\/span><\/span><\/b><\/span><\/span><\/span><\/p>\r\n\r\n<p style=\"text-align:justify\"><span style=\"font-size:11pt\"><span style=\"line-height:normal\"><span style=\"font-family:Calibri,sans-serif\"><a href=\"https:\/\/www.indexnonwovens.com\/en\/news\/bio-based-superabsorbent-polymers-a-sustainable-solution-for-hygiene-products-1547?utm_campaign=INDEX%20Newsletter%20June%202024&amp;utm_medium=email&amp;utm_source=Mailjet\" style=\"color:blue; text-decoration:underline\"><span lang=\"EN-US\" style=\"font-size:14.0pt\">Bio-Based Superabsorbent Polymers: A Sustainable Solution for Hygiene Products<\/span><\/a><\/span><\/span><\/span><\/p>\r\n\r\n<p style=\"text-align:justify\"><span style=\"font-size:11pt\"><span style=\"line-height:normal\"><span style=\"font-family:Calibri,sans-serif\"><a href=\"https:\/\/portugaltextil.com\/fibe-produz-fio-com-residuos-de-batata\/\" style=\"color:blue; text-decoration:underline\"><span style=\"font-size:14.0pt\">Fibe produz fio com res&iacute;duos de batata<\/span><\/a><\/span><\/span><\/span><\/p>\r\n\r\n<p style=\"text-align:justify\"><span style=\"font-size:11pt\"><span style=\"line-height:normal\"><span style=\"font-family:Calibri,sans-serif\"><a href=\"https:\/\/phys.org\/news\/2024-06-polymer-fibers-local-drug-delivery.html?utm_source=nwletter&amp;utm_medium=email&amp;utm_campaign=daily-nwletter\" style=\"color:blue; text-decoration:underline\"><span lang=\"EN-US\" style=\"font-size:14.0pt\">Researchers develop polymer fibers that can facilitate controlled, local drug delivery<\/span><\/a><\/span><\/span><\/span><\/p>\r\n\r\n<p style=\"text-align:justify\"><span style=\"font-size:11pt\"><span style=\"line-height:normal\"><span style=\"font-family:Calibri,sans-serif\"><a href=\"https:\/\/agenciabrasilia.df.gov.br\/2024\/06\/24\/congresso-internacional-discute-inovacoes-na-gestao-de-residuos-solidos\/\" style=\"color:blue; text-decoration:underline\"><span style=\"font-size:14.0pt\">Congresso internacional discute inova&ccedil;&otilde;es na gest&atilde;o de res&iacute;duos s&oacute;lidos<\/span><\/a><\/span><\/span><\/span><\/p>\r\n\r\n<p style=\"text-align:justify\"><span style=\"font-size:11pt\"><span style=\"line-height:normal\"><span style=\"font-family:Calibri,sans-serif\"><a href=\"https:\/\/www.gov.br\/mcti\/pt-br\/acompanhe-o-mcti\/noticias\/2024\/06\/mcti-planeja-parceria-com-governo-portugues-em-nanotecnologia\" style=\"color:blue; text-decoration:underline\"><span style=\"font-size:14.0pt\">MCTI planeja parceria com governo portugu&ecirc;s em nanotecnologia<\/span><\/a><\/span><\/span><\/span><\/p>\r\n\r\n<p style=\"text-align:justify\"><span style=\"font-size:28pt\"><span style=\"font-family:Cambria,serif\"><span style=\"letter-spacing:-0.5pt\"><b><span style=\"font-size:18.0pt\"><span calibri=\"\" style=\"font-family:\"><span style=\"font-variant:small-caps\">Com&eacute;rcio Exterior<\/span><\/span><\/span><\/b><\/span><\/span><\/span><\/p>\r\n\r\n<p style=\"text-align:justify\"><span style=\"font-size:11pt\"><span style=\"line-height:normal\"><span style=\"font-family:Calibri,sans-serif\"><a href=\"https:\/\/www.bloomberglinea.com.br\/internacional\/milei-e-scholz-pedem-conclusao-de-acordo-comercial-entre-uniao-europeia-e-mercosul\/\" style=\"color:blue; text-decoration:underline\"><span style=\"font-size:14.0pt\">Milei e Scholz pedem conclus&atilde;o de acordo comercial entre Uni&atilde;o Europeia e Mercosul<\/span><\/a><\/span><\/span><\/span><\/p>\r\n\r\n<p style=\"text-align:justify\"><span style=\"font-size:11pt\"><span style=\"line-height:normal\"><span style=\"font-family:Calibri,sans-serif\"><a href=\"https:\/\/ccbc.org.br\/publicacoes\/news-ccbc\/empresarios-acreditam-em-assinatura-do-acordo-mercosul-canada\/?utm_campaign=ccbc_news_-_429_jun24&amp;utm_medium=email&amp;utm_source=RD+Station\" style=\"color:blue; text-decoration:underline\"><span style=\"font-size:14.0pt\">Empres&aacute;rios acreditam em assinatura do acordo Mercosul-Canad&aacute;<\/span><\/a><\/span><\/span><\/span><\/p>\r\n\r\n<p style=\"text-align:justify\"><span style=\"font-size:11pt\"><span style=\"line-height:normal\"><span style=\"font-family:Calibri,sans-serif\"><a href=\"https:\/\/www.infomoney.com.br\/business\/anfavea-pede-ao-governo-para-elevar-de-imediato-a-35-taxa-de-importacao-de-veiculos\/\" style=\"color:blue; text-decoration:underline\"><span style=\"font-size:14.0pt\">Anfavea pede ao governo para elevar de imediato a 35% taxa de importa&ccedil;&atilde;o de ve&iacute;culos<\/span><\/a><\/span><\/span><\/span><\/p>\r\n\r\n<p style=\"text-align:justify\"><span style=\"font-size:11pt\"><span style=\"line-height:normal\"><span style=\"font-family:Calibri,sans-serif\"><a href=\"https:\/\/plasticosemrevista.com.br\/pvc-pleitos-de-antidumping-na-uniao-europeia\/\" style=\"color:blue; text-decoration:underline\"><span style=\"font-size:14.0pt\">PVC: pleitos de antidumping na Uni&atilde;o Europeia<\/span><\/a><\/span><\/span><\/span><\/p>\r\n\r\n<p style=\"text-align:justify\"><span style=\"font-size:28pt\"><span style=\"font-family:Cambria,serif\"><span style=\"letter-spacing:-0.5pt\"><b><span style=\"font-size:18.0pt\"><span calibri=\"\" style=\"font-family:\"><span style=\"font-variant:small-caps\">Economia<\/span><\/span><\/span><\/b><\/span><\/span><\/span><\/p>\r\n\r\n<p style=\"text-align:justify\"><span style=\"font-size:11pt\"><span style=\"line-height:normal\"><span style=\"font-family:Calibri,sans-serif\"><a href=\"https:\/\/www.bcb.gov.br\/content\/focus\/focus\/R20240628.pdf\" style=\"color:blue; text-decoration:underline\"><span style=\"font-size:14.0pt\">Focus - Relat&oacute;rio de Mercado<\/span><\/a><\/span><\/span><\/span><\/p>\r\n\r\n<p style=\"text-align:justify\"><span style=\"font-size:11pt\"><span style=\"line-height:normal\"><span style=\"font-family:Calibri,sans-serif\"><a href=\"https:\/\/www.bcb.gov.br\/content\/controleinflacao\/focusdistribuicoesfrequencia\/P20240701-Focus-Distribuicoes-de-frequencia.pdf\" style=\"color:blue; text-decoration:underline\"><span style=\"font-size:14.0pt\">Focus - Distribui&ccedil;&otilde;es de Frequ&ecirc;ncia das Expectativas de Mercado para IPCA, Selic, PIB e C&acirc;mbio<\/span><\/a><\/span><\/span><\/span><\/p>\r\n\r\n<p style=\"text-align:justify\"><span style=\"font-size:11pt\"><span style=\"line-height:normal\"><span style=\"font-family:Calibri,sans-serif\"><a href=\"https:\/\/br.investing.com\/news\/economic-indicators\/nao-faca-isso-brasil-alerta-economista-sobre-banco-central-e-gasto-publico-1272583\" style=\"color:blue; text-decoration:underline\"><span style=\"font-size:14.0pt\">&ldquo;N&atilde;o fa&ccedil;a isso, Brasil!&rdquo;, alerta economista sobre Banco Central e gasto p&uacute;blico<\/span><\/a><\/span><\/span><\/span><\/p>\r\n\r\n<p style=\"text-align:justify\"><span style=\"font-size:11pt\"><span style=\"line-height:normal\"><span style=\"font-family:Calibri,sans-serif\"><a href=\"https:\/\/br.investing.com\/news\/economic-indicators\/divida-bruta-do-governo-geral-sobe-a-768-do-pib-em-maio-aponta-bc-1271297\" style=\"color:blue; text-decoration:underline\"><span style=\"font-size:14.0pt\">D&iacute;vida Bruta do Governo Geral sobe a 76,8% do PIB em maio, aponta BC<\/span><\/a><\/span><\/span><\/span><\/p>\r\n\r\n<p style=\"text-align:justify\"><span style=\"font-size:11pt\"><span style=\"line-height:normal\"><span style=\"font-family:Calibri,sans-serif\"><a href=\"https:\/\/agenciabrasil.ebc.com.br\/economia\/noticia\/2024-06\/banco-central-eleva-estimativa-de-pib-para-23-este-ano\" style=\"color:blue; text-decoration:underline\"><span style=\"font-size:14.0pt\">Banco Central eleva estimativa do PIB para 2,3% neste ano<\/span><\/a><\/span><\/span><\/span><\/p>\r\n\r\n<p style=\"text-align:justify\"><span style=\"font-size:11pt\"><span style=\"line-height:normal\"><span style=\"font-family:Calibri,sans-serif\"><a href=\"https:\/\/agenciabrasil.ebc.com.br\/economia\/noticia\/2024-06\/desemprego-recua-para-71-o-menor-do-trimestre-desde-2014\" style=\"color:blue; text-decoration:underline\"><span style=\"font-size:14.0pt\">Desemprego recua para 7,1%, o menor do trimestre desde 2014<\/span><\/a><\/span><\/span><\/span><\/p>\r\n\r\n<p style=\"text-align:justify\">&nbsp;<\/p>\r\n\r\n<p style=\"text-align:justify\"><img src=\"https:\/\/www.abint.org.br\/assets\/img\/editor\/redes-sociais-abint-ctg-cth_202406041400398QFSSawN2a.jpg\" \/><\/p>\r\n","6":"<p style=\"text-align:justify\"><span style=\"font-size:11pt\"><span style=\"line-height:normal\"><span style=\"font-family:Calibri,sans-serif\"><span style=\"font-size:14.0pt\">Esta &eacute; uma compila&ccedil;&atilde;o das not&iacute;cias mais relevantes para o setor, incluindo informa&ccedil;&otilde;es sobre acordos internacionais, economia brasileira, sustentabilidade e mat&eacute;rias primas, al&eacute;m de novidades do setor de N&atilde;otecidos e Tecidos T&eacute;cnicos.<\/span><\/span><\/span><\/span><\/p>\r\n\r\n<p style=\"text-align:justify\"><span style=\"font-size:28pt\"><span style=\"font-family:Cambria,serif\"><span style=\"letter-spacing:-0.5pt\"><b><span style=\"font-size:18.0pt\"><span calibri=\"\" style=\"font-family:\"><span style=\"font-variant:small-caps\">O que vem por a&iacute;<\/span><\/span><\/span><\/b><\/span><\/span><\/span><\/p>\r\n\r\n<p><b><img src=\"https:\/\/www.abint.org.br\/assets\/img\/editor\/abint-logo-2020-g_20240705114928gROPSoOxS7.png\" style=\"width: 300px; height: 69px;\" \/><\/b><\/p>\r\n\r\n<p><b><img src=\"https:\/\/www.abint.org.br\/assets\/img\/editor\/post-quadrado-curso-naotecido_20240705115006cgML2ntk5Z.jpg\" style=\"width: 500px; height: 500px;\" \/><\/b><\/p>\r\n\r\n<p><a href=\"https:\/\/forms.office.com\/r\/5DrqtK5n3Y\">Informa&ccedil;&otilde;es e inscri&ccedil;&otilde;es<\/a><\/p>\r\n\r\n<p>&nbsp;<\/p>\r\n\r\n<p><img src=\"https:\/\/www.abint.org.br\/assets\/img\/editor\/logo-ctg-abint-png_20240705115053Hsgqk9Nr1V.png\" style=\"width: 300px; height: 55px;\" \/><\/p>\r\n\r\n<p>&nbsp;<\/p>\r\n\r\n<p><img src=\"https:\/\/www.abint.org.br\/assets\/img\/editor\/e-mail-mkt-curso-instal-gm-2024_20240705115143EY6nG3FVy7.jpeg\" \/><\/p>\r\n\r\n<p><a href=\"https:\/\/abrir.link\/qpYXB\">Informa&ccedil;&otilde;es e inscri&ccedil;&otilde;es<\/a><\/p>\r\n\r\n<p>&nbsp;<\/p>\r\n\r\n<p><img src=\"https:\/\/www.abint.org.br\/assets\/img\/editor\/20240924-cobramseg-2024_20240705115349kAuwPxusrL.png\" style=\"width: 900px; height: 197px;\" \/><\/p>\r\n\r\n<p><b>O CTG ABINT &eacute; um dos patrocinadores da 21&ordf; edi&ccedil;&atilde;o do Cobramseg &ndash; Congresso Brasileiro de Mec&acirc;nica dos Solos e Engenharia Geot&eacute;cnica.<\/b><\/p>\r\n\r\n<p>&ldquo;<i>Nos reunimos para celebrar a Mec&acirc;nica dos Solos e das Rochas, da GeoEngenharia! Academia, Ind&uacute;stria e &Oacute;rg&atilde;os Gestores unidos para expor seus avan&ccedil;os t&eacute;cnicos e cient&iacute;ficos. Um ambiente rico e diverso que nos permite debater solu&ccedil;&otilde;es e a&ccedil;&otilde;es de forma a fortalecer nossa comunidade geot&eacute;cnica, visando proporcionar um desenvolvimento mais sustent&aacute;vel e seguro para a nossa sociedade<\/i>.&rdquo; V&iacute;tor Pereira Faro, Presidente do COBRAMSEG 2024<\/p>\r\n\r\n<p><a href=\"http:\/\/www.cobramseg.com.br\/\">www.cobramseg.com.br<\/a><\/p>\r\n\r\n<p>&nbsp;<\/p>\r\n\r\n<p><img src=\"https:\/\/www.abint.org.br\/assets\/img\/editor\/fenasan-2024_20240705115455QKUffU5MpN.jpg\" style=\"width: 900px; height: 320px;\" \/><\/p>\r\n\r\n<p>O&nbsp;<b>CTG ABINT apoia a Feira Nacional de Saneamento e Meio Ambiente &ndash; Fenasan e do 35&ordm; Encontro T&eacute;cnico AESabesp, que ocorrer&atilde;o de 22 a 24 de outubro de 2024<\/b>, no Pavilh&atilde;o Verde e Vermelho, no Expo Center Norte, em S&atilde;o Paulo. Trata-se do maior evento de saneamento da Am&eacute;rica Latin. A realiza&ccedil;&atilde;o &eacute; da AESabesp &ndash; Associa&ccedil;&atilde;o dos Engenheiros da Sabesp.<\/p>\r\n\r\n<p><i>O tema central desta edi&ccedil;&atilde;o &eacute; &ldquo;Saneamento ambiental: condi&ccedil;&atilde;o fundamental para o enfrentamento das mudan&ccedil;as clim&aacute;ticas&rdquo;. Com um p&uacute;blico tradicionalmente de 22 mil visitantes e alinhada aos ODS &ndash; Objetivos de Desenvolvimento Sustent&aacute;vel estabelecidos pela ONU e aos conceitos de ESG, a edi&ccedil;&atilde;o 2024 continuar&aacute; ampliando o di&aacute;logo em torno das quest&otilde;es de saneamento ambiental, meio ambiente e sustentabilidade e promovendo o compartilhamento de conhecimento altamente qualificado.<\/i><\/p>\r\n\r\n<p><a href=\"http:\/\/www.fenasan.com.br\/\">www.fenasan.com.br<\/a><\/p>\r\n\r\n<p>&nbsp;<\/p>\r\n\r\n<p><img src=\"https:\/\/www.abint.org.br\/assets\/img\/editor\/cth-logo-alta-jpg_20240705115727V8RKLjodM5.jpg\" style=\"width: 300px; height: 68px;\" \/><\/p>\r\n\r\n<p><img src=\"https:\/\/www.abint.org.br\/assets\/img\/editor\/hospitalmed-2024-logo_20240705115809NrbMDDw4HB.png\" style=\"width: 500px; height: 448px;\" \/><\/p>\r\n\r\n<p><b>O CTH ABINT &eacute; um dos patrocinadores da HospitalMed 2024.<\/b><\/p>\r\n\r\n<p>&ldquo;<i>A melhor e Mais Completa Feira de Sa&uacute;de do Norte\/Nordeste<\/i>&rdquo;, &eacute; uma realiza&ccedil;&atilde;o da HospitalMed Feiras &amp; Eventos e da Insight Feiras de Neg&oacute;cios.<\/p>\r\n\r\n<p><i>&ldquo;O&nbsp;<b>re&uacute;ne toda a cadeia produtiva do setor de sa&uacute;de das regi&otilde;es Norte\/Nordeste<\/b>. &Eacute; o grande encontro de fornecedores de Produtos, Equipamentos, Servi&ccedil;os, Tecnologia e Conte&uacute;do para Hospitais, Laborat&oacute;rios, Farm&aacute;cias, Cl&iacute;nicas, Consult&oacute;rios e Profissionais da Sa&uacute;de&rdquo;.<\/i><\/p>\r\n\r\n<p><a href=\"http:\/\/www.hospitalmed.com.br\/\">www.hospitalmed.com.br<\/a><\/p>\r\n\r\n<p><span style=\"font-size:28pt\"><span style=\"font-family:Cambria,serif\"><span style=\"letter-spacing:-0.5pt\"><b><span style=\"font-size:18.0pt\"><span calibri=\"\" style=\"font-family:\"><span style=\"font-variant:small-caps\">Not&iacute;cias das Associadas<\/span><\/span><\/span><\/b><\/span><\/span><\/span><\/p>\r\n\r\n<p style=\"text-align:justify\"><span style=\"font-size:11pt\"><span style=\"line-height:normal\"><span style=\"font-family:Calibri,sans-serif\"><a href=\"https:\/\/www.nonwovens-industry.com\/contents\/view_breaking-news\/2024-06-25\/andritz-holds-customer-day-for-absorbent-hygiene-products?utm_campaign=NON+eNewsletter&amp;utm_medium=email&amp;_hsenc=p2ANqtz-8MxNrYZD6ByTxH67O_7pekrdRe03cHsvBuS_5p7TOuOH975mBJAnQq4U-Up5oBOltgW1mz5h5OCGvKOIJ4D2r-_6NhmQ&amp;_hsmi=313504450&amp;utm_content=313504450&amp;utm_source=hs_email\" style=\"color:blue; text-decoration:underline\"><span lang=\"EN-US\" style=\"font-size:14.0pt\">Andritz Holds Customer Day for Absorbent Hygiene Products<\/span><\/a><\/span><\/span><\/span><\/p>\r\n\r\n<p style=\"text-align:justify\"><span style=\"font-size:11pt\"><span style=\"line-height:normal\"><span style=\"font-family:Calibri,sans-serif\"><a href=\"https:\/\/transmail.ftrans01.com\/ZLFABRI?id=29813=JR4CVQVdAAgCGApWWwRZBVpXAwIFVF8LVwRTWlRWBwtTBFRcBlZaCFMAB1EMAFdVDlRNVwQPV0chAARRChIZVhQFHAdFGAkOAF0AAwlQVlQPVAUDV1IJTwkVEkgXXBgWEhBTC0QJWVBdSlVDSgAPFwhUH1UJCxZpLScnejYvCFACHkRW&amp;fl=DhZGFQ1LF05GEx1DXQIJClEGUFoSA0FHCA0DFgoDQxYIB0UWGAVWXUMNR00VFQ5JSxBBRgofFF0EBAJUARZCVwUKHwleCl0UVwtBGlAEABJBSFdXBBRQUBJMEldJFV5WAwwfB1IIX1BECR4FAVdTVg9LWUILCg==\" style=\"color:blue; text-decoration:underline\" target=\"_blank\"><span lang=\"EN-US\" style=\"font-size:14.0pt\">Andritz to supply needlepunch line for heavy fabrics to Sioen, Belgium<\/span><\/a><\/span><\/span><\/span><\/p>\r\n\r\n<p style=\"text-align:justify\"><span style=\"font-size:11pt\"><span style=\"line-height:normal\"><span style=\"font-family:Calibri,sans-serif\"><a href=\"https:\/\/t.rdsv2.net\/ls\/click?upn=u001.SJ-2BHbcLStyE5mTD5OK48sq2JxFfkhvQ6eAz6nLBcupUFdAAfh8OO9l17p-2B0P6oVT3IpV-2FrItO8aItOW7L35At4lRsaPqSYAJ8UsjTDozM5myJ-2BwbZmXozOlewRq-2BsEZ-2BLCotYl-2Boq4nPyc1BeWGC9iCxG7TM7lsYxJPZmY9sUNsIWPIXkCm2tvXkmgJSS-2BJ9Vs9HJTXEo94Fvc24-2FmkUYZ33zbuhdMPgfnaZ-2Fy3BPBG0CjL9nF8oLIic0IUkP6DYIQR5-2FZdmjtU-2BjIOf1E7EVSSQiPXTBcpLpTXISD2DrQ3GCAfR8Q6iSjCBI3mYfwY7pFaVWc0Iq99HpTyrENOXccG2cPRFbE7Xm4RB3PEDgWw-3DRruQ_T7N8BvZTOm04CQQMiyWztrpCjlUrRc4F7QzSgUIpTqB5Yk-2Bt7YhUyk7lZRXmbFFsi-2Foe1q0kuwsCjfsBOqL9ZeKwOqG7ApazixuGEP6Z5SJuFg5bm15p-2FcAKNI6-2BqjB-2BXewctzwodmBa1BgleaXqjrP-2B6P4gXFzYGhrvrN8SVkijQnU3aJyMOqSkyDvHBodt8mQF9qJ8-2FG4gbd3Gaj0KYdDAorLCDsVPPwms-2BwvI7vwCdZ6abB0SAe8ZJfE0De0HrFpwV99-2Fbpv4AQNCF4F-2B-2FROJ8lh6-2FMqalJwMWBDAi2w7kpClehGJn5SG8ELXfxyLAUaNarOLHMFy0ZXW9Ehd72D4WdiuU3FD2gLV1CmeMcG1aTYjX-2F6l9Y9su2M6Kh0EXzu-2Fi3eejd3i4T844A1rdyYIILmOjko309RACsDVCTyzzoFyVs7cfxWfU1wjAO2TnGqEF3CKrZemKjZ-2BYEmaNwjawpXuYknq-2BfuP-2B-2BydzdYzacmYZFN2nbYcCmAcQ9G5aWWQBZmg2ESTGSBV2LmStAPJpthFpHzHd7f3OxVDVcqDYT70hw3-2FubaDTrdjMt0ievqPPpmn3DXZuLDev58KyMtzuz7HlUJqTehspAZpD4QgmJtFqlGw5sGPhxn8brzruHzjxMb2yfCDSioYX5Uhhg6NBiUtlerYisu6xJyRCcgEdkJQDn0ZNmVqIMOWhSYa1mR-2Fakqjlwqkn268HxL7w4-2BRDYPCZvaC3cUfr-2FXtXT0-3D\" style=\"color:blue; text-decoration:underline\" title=\"ANDRITZ adquire a Procemex, especialista em an\u00e1lise de imagens para papel e celulose\"><span style=\"font-size:14.0pt\">ANDRITZ adquire a Procemex, especialista em an&aacute;lise de imagens para papel e celulose<\/span><\/a><\/span><\/span><\/span><\/p>\r\n\r\n<p style=\"text-align:justify\"><span style=\"font-size:11pt\"><span style=\"line-height:normal\"><span style=\"font-family:Calibri,sans-serif\"><a href=\"https:\/\/portalribeira.com.br\/noticia\/34192\/instituto-maua-de-tecnologia-firma-parceria-com-a-universide-centralesupelec\" style=\"color:blue; text-decoration:underline\"><span style=\"font-size:14.0pt\">Instituto Mau&aacute; de Tecnologia firma parceria com a Universide CentraleSup&eacute;lec<\/span><\/a><\/span><\/span><\/span><\/p>\r\n\r\n<p style=\"text-align:justify\">&nbsp;<\/p>\r\n\r\n<p style=\"text-align:justify\"><span style=\"font-size:11pt\"><span style=\"line-height:normal\"><span style=\"font-family:Calibri,sans-serif\"><b><span style=\"font-size:18.0pt\"><span style=\"font-variant:small-caps\">Eventos<\/span><\/span><\/b><\/span><\/span><\/span><\/p>\r\n\r\n<p style=\"text-align:justify\"><span style=\"font-size:11pt\"><span style=\"line-height:normal\"><span style=\"font-family:Calibri,sans-serif\"><a href=\"http:\/\/www.ihi.ensinoeinstein.com\" style=\"color:blue; text-decoration:underline\"><b><span style=\"font-size:14.0pt\">IHI 2024 - 9&ordm; F&oacute;rum Latino-Americano de Qualidade e Seguran&ccedil;a na Sa&uacute;de<\/span><\/b><\/a><span style=\"font-size:14.0pt\">, 09 a 11 de julho de 2024, evento h&iacute;brido, Centro de Ensino e Pesquisa Albert Einstein, Campus Cec&iacute;lia e Abram Szajman, Rua Comendador Elias Jafet, 755, Morumbi, S&atilde;o Paulo\/SP<\/span><\/span><\/span><\/span><\/p>\r\n\r\n<p style=\"text-align:justify\"><span style=\"font-size:11pt\"><span style=\"line-height:normal\"><span style=\"font-family:Calibri,sans-serif\"><a href=\"https:\/\/t.rdsv2.net\/ls\/click?upn=u001.M2wMezKrlmWFLef6-2B5HEVAN9lL4nOsFVqJ-2B1FI9l52WhnrXOINfM6SsPNFiGClBpAtVk7HaYGswoSq3pMNGRwN0V-2BQ0fl2ZDcXG0s6TF1m-2Fca7rnLX34W-2BYQnghCfpK-2FLiR-2FnV5TAxWRstjx-2By-2FOtDf-2FOhgrusrxlQxtfj3YT1OWJIfwarhsnvkXQ-2Bqt7M2B9-2BIDfBYqI7yUB5M4vvGp2FS6k0X2IT5Xq5mnExtADUL5uSLL0R6DIDdt2I0OK9TP01ZST-2Bty7wNyo-2Bxk8GIT2hEQwqN60LdPgHmlUPDExlN-2FHBZpndrXIJN3ASlYKaE1sxuMUSIxzG5kK5zwyNnEBw-3D-3Db0KJ_T7N8BvZTOm04CQQMiyWztrpCjlUrRc4F7QzSgUIpTqCRUF9Ey6cJDv3WqcdSlXxjIF85GxjJcbyrsyHUi-2BMutU7zZFM9GnMsFZLn8JHplrW0nwodzDACRhLfhgNCF6eIwvuXvLED1zn-2Busx8-2FxPRh-2BXP8XI3ShGt8tLzQjDv9D3LD3XEzFkGmdb4MO5cuMc7YFMfM7-2BtnL37OlQMI5CyvnzEnAQwWVYmkNHD2gr6By9mH4LVJkhoCc9k4Lq7eWTdU-2FHAZpDAT-2BhxiTUgQ2UslMdAnR1HgcCyDat-2BdHxKwksMtWnxfdT7o8wnccVoHgB7RN3WGgqtU1FQF4XO77yFvUYKcDsXKesW9t6IikL6ei0XUUKXqD5l4BvYPg0nZDzZM39prLmbsH1kLGh34lrsqImsQV5GUKpuYqvxMY2RVT2u2-2FaLV6oQFlLhRCMsIPTga6y7D2FsfEwJ9VIaA8MSMuINs1JPdOOZ7x4lKJP0sk3KU99-2FPlH7JHfBmXQ2W68k8qOUDAxIwigyoj25FlLN4NytaU9G0QaoeZbm3sbLLP1RQnj52qJJNOXXb-2F3wC-2FxUStfEcVK72meBmHbT39IcO880FM7JTRKeeAsPBXQohWl6D0snUUivJszGbKA4R9e85U6MTCPq8QuxQjczKvVWGw-3D-3D\" style=\"color:blue; text-decoration:underline\"><b><span style=\"font-size:14.0pt\">C&acirc;mera de Com&eacute;rcio Brasil-Canad&aacute; | As Pr&aacute;ticas de ESG e o Impacto Financeiro nas Empresas<\/span><\/b><\/a><span style=\"font-size:14.0pt\">, 16 de julho de 2024, 15h &agrave;s 17h, evento online e gratuito.<\/span><\/span><\/span><\/span><\/p>\r\n\r\n<p style=\"text-align:justify\"><span style=\"font-size:11pt\"><span style=\"line-height:normal\"><span style=\"font-family:Calibri,sans-serif\"><a href=\"https:\/\/us06web.zoom.us\/webinar\/register\/WN_o1VzihS-QhmADw3cDiahbA?utm_medium=email&amp;_hsenc=p2ANqtz-8L4QdNe2UJS3AzOrdWD20CPGy_srh2sRA-0Rf8ZS1Z96d5dfPQIlIcHHrbIyXdi2zFLNeY9yTjBnvUxF631-ir0ULOIQ&amp;_hsmi=313968741&amp;utm_content=313950619&amp;utm_source=hs_email#\/registration\" style=\"color:blue; text-decoration:underline\"><b><span style=\"font-size:14.0pt\">Masterclass BIM e Saneamento 4.0: Desafios e Aplica&ccedil;&otilde;es Pr&aacute;ticas<\/span><\/b><\/a><span style=\"font-size:14.0pt\">, 17 de julho de 2024, 13h (GMT-3), evento online.<\/span><\/span><\/span><\/span><\/p>\r\n\r\n<p style=\"text-align:justify\"><span style=\"font-size:11pt\"><span style=\"line-height:normal\"><span style=\"font-family:Calibri,sans-serif\"><a href=\"http:\/\/www.construnordeste.com.br\" style=\"color:blue; text-decoration:underline\"><b><span style=\"font-size:14.0pt\">Constru Nordeste<\/span><\/b><\/a><span style=\"font-size:14.0pt\">, 31 de julho a 02 de agosto de 2024, Centro de Conven&ccedil;&otilde;es Salvador, Bahia<\/span><\/span><\/span><\/span><\/p>\r\n\r\n<p><img src=\"https:\/\/www.abint.org.br\/assets\/img\/editor\/abtt-academy-curso-compras-texteis-hospitalares_20240604135954xriEyS8abD.jpg\" style=\"width: 500px; height: 500px;\" \/><\/p>\r\n\r\n<p><a href=\"https:\/\/docs.google.com\/forms\/d\/e\/1FAIpQLSeG7zdl8xZpguBFbIdqyMS61mxfjvFjKOQ3EUqnWgC1RUcAug\/viewform\">Informa&ccedil;&otilde;es e inscri&ccedil;&otilde;es<\/a><\/p>\r\n\r\n<p style=\"text-align:justify\">&nbsp;<\/p>\r\n\r\n<p style=\"text-align:justify\"><span style=\"font-size:11pt\"><span style=\"line-height:normal\"><span style=\"font-family:Calibri,sans-serif\"><a href=\"https:\/\/emailmarketing.locaweb.com.br\/accounts\/116830\/messages\/524?email=abint@abint.org.br&amp;c=1719495723&amp;contact_id=110&amp;envelope_id=403\" style=\"color:blue; text-decoration:underline\"><b><span style=\"font-size:14.0pt\">JEC Composites Talks Brasil<\/span><\/b><\/a><span style=\"font-size:14.0pt\">, 19 de agosto de 2024, S&atilde;o Paulo, SP.<\/span><\/span><\/span><\/span><\/p>\r\n\r\n<p style=\"text-align:justify\"><span style=\"font-size:11pt\"><span style=\"line-height:normal\"><span style=\"font-family:Calibri,sans-serif\"><a href=\"http:\/\/www.feiplar.com\" style=\"color:blue; text-decoration:underline\"><b><span style=\"font-size:14.0pt\">FEIPLAR COMPOSITES &amp; FEIPUR &ndash; Feira e Congresso Internacionais de Composites, Poliuretano, Pl&aacute;sticos de Engenharia e Compostos Termopl&aacute;sticos<\/span><\/b><\/a><span style=\"font-size:14.0pt\">, 20 a 22 de agosto de 2024, S&atilde;o Paulo Expo (Pavilh&atilde;o 5), palestras: das 8h30 &agrave;s 18h, feira: das 13h &agrave;s 20h.<b> <\/b><\/span><\/span><\/span><\/span><\/p>\r\n\r\n<p style=\"text-align:justify\"><span style=\"font-size:11pt\"><span style=\"line-height:normal\"><span style=\"font-family:Calibri,sans-serif\"><a href=\"http:\/\/www.techtextil-north-america.us.messefrankfurt.com\" style=\"color:blue; text-decoration:underline\"><b><span lang=\"EN-US\" style=\"font-size:14.0pt\">Techtextil North America 2024<\/span><\/b><\/a><span lang=\"EN-US\" style=\"font-size:14.0pt\">, August 20 &ndash; 24, Raleigh, North Carolina.<\/span><\/span><\/span><\/span><\/p>\r\n\r\n<p style=\"text-align:justify\"><span style=\"font-size:11pt\"><span style=\"line-height:normal\"><span style=\"font-family:Calibri,sans-serif\"><a href=\"http:\/\/www.fenasan.com.br\" style=\"color:blue; text-decoration:underline\"><b><span style=\"font-size:14.0pt\">Fenasan 2024 &ndash; Feira Nacional de Saneamento e Meio Ambiente<\/span><\/b><\/a><span style=\"font-size:14.0pt\">, 22 a 24 de outubro de 2024, Pavilh&otilde;es Verde e Vermelho, Expo Center Norte, S&atilde;o Paulo SP<\/span><\/span><\/span><\/span><\/p>\r\n\r\n<p style=\"text-align:justify\"><span style=\"font-size:11pt\"><span style=\"line-height:normal\"><span style=\"font-family:Calibri,sans-serif\"><a href=\"http:\/\/www.hospitalmed.com.br\" style=\"color:blue; text-decoration:underline\"><b><span style=\"font-size:14.0pt\">HospitalMed 2024<\/span><\/b><\/a><span style=\"font-size:14.0pt\">, 23 a 25 de outubro, das 14h &agrave;s 20h, no Pernambuco Centro de Conven&ccedil;&otilde;es<\/span><\/span><\/span><\/span><\/p>\r\n\r\n<p style=\"text-align:justify\"><span style=\"font-size:11pt\"><span style=\"line-height:normal\"><span style=\"font-family:Calibri,sans-serif\"><a href=\"http:\/\/www.congressoabit.com.br\" style=\"color:blue; text-decoration:underline\"><b><span style=\"font-size:14.0pt\">Congresso Internacional Abit 2024<\/span><\/b><\/a><span style=\"font-size:14.0pt\">, 30 e 31 de outubro, Salvador, Bahia<\/span><\/span><\/span><\/span><\/p>\r\n\r\n<p style=\"text-align:justify\"><span style=\"font-size:28pt\"><span style=\"font-family:Cambria,serif\"><span style=\"letter-spacing:-0.5pt\"><b><span style=\"font-size:18.0pt\"><span calibri=\"\" style=\"font-family:\"><span style=\"font-variant:small-caps\">Setor<\/span><\/span><\/span><\/b><\/span><\/span><\/span><\/p>\r\n\r\n<p style=\"text-align:justify\"><span style=\"font-size:11pt\"><span style=\"line-height:normal\"><span style=\"font-family:Calibri,sans-serif\"><a href=\"https:\/\/www.revistaplasticosul.com.br\/industria-4-0\/inundacoes-e-a-recuperacao-economica-do-setor-petroquimico\/\" style=\"color:blue; text-decoration:underline\"><span style=\"font-size:14.0pt\">Reflex&otilde;es sobre as inunda&ccedil;&otilde;es e a recupera&ccedil;&atilde;o econ&ocirc;mica do setor petroqu&iacute;mico<\/span><\/a><\/span><\/span><\/span><\/p>\r\n\r\n<p style=\"text-align:justify\"><span style=\"font-size:11pt\"><span style=\"line-height:normal\"><span style=\"font-family:Calibri,sans-serif\"><a href=\"https:\/\/www.agrolink.com.br\/noticias\/frente-fria-pode-impactar-a-producao-horticola_492563.html\" style=\"color:blue; text-decoration:underline\"><span style=\"font-size:14.0pt\">Mulching: Frente fria pode impactar a produ&ccedil;&atilde;o hort&iacute;cola<\/span><\/a><\/span><\/span><\/span><\/p>\r\n\r\n<p style=\"text-align:justify\"><span style=\"font-size:11pt\"><span style=\"line-height:normal\"><span style=\"font-family:Calibri,sans-serif\"><a href=\"https:\/\/www.saudebusiness.com\/legislacao-e-regulamentacao\/ministerio-da-saude-cria-programa-que-estimula-industria-de-dispositivos?utm_campaign=BRZ24HPR-AK-ALL%20Newsletter%20Junho&amp;utm_emailname=BRZ24HPR-AK-ALL%20Newsletter%20Junho&amp;utm_medium=email&amp;utm_source=eloqua&amp;utm_MDMContactID=2bb3d23c-a32f-4218-88d5-29f7fb45caee&amp;utm_campaigntype=Newsletter&amp;eM=50c7dfe42c38ea8f10539f0a167fc763253059e495554a32db7a57f8f237ec4c&amp;eventSeriesCode=ES_HOSPITALAR&amp;eventEditionCode=BRZ23HPR&amp;sessionCode=S_HSPTLRNWSLTR&amp;sp_eh=50c7dfe42c38ea8f10539f0a167fc763253059e495554a32db7a57f8f237ec4c&amp;elqTrackId=C96DA69E64E1FED8C52C2C5AD5B09709&amp;elq=880febd513c143a9ac45842583756bce&amp;elqaid=20740&amp;elqat=1&amp;elqCampaignId=14009\" style=\"color:blue; text-decoration:underline\"><span style=\"font-size:14.0pt\">Minist&eacute;rio da Sa&uacute;de cria programa que estimula ind&uacute;stria de dispositivos m&eacute;dicos<\/span><\/a><\/span><\/span><\/span><\/p>\r\n\r\n<p style=\"text-align:justify\"><span style=\"font-size:11pt\"><span style=\"line-height:normal\"><span style=\"font-family:Calibri,sans-serif\"><a href=\"https:\/\/www.nonwovens-industry.com\/contents\/view_breaking-news\/2024-06-28\/wow-conference-attracts-industry-leaders-to-minneapolis\/72643\" style=\"color:blue; text-decoration:underline\"><span lang=\"EN-US\" style=\"font-size:14.0pt\">WOW Conference Attracts Industry Leaders to Minneapolis<\/span><\/a><\/span><\/span><\/span><\/p>\r\n\r\n<p style=\"text-align:justify\"><span style=\"font-size:11pt\"><span style=\"line-height:normal\"><span style=\"font-family:Calibri,sans-serif\"><a href=\"https:\/\/tissueonline.com.br\/essity-acelera-expansao-no-peru-com-novos-produtos-e-forte-desempenho\/?utm_campaign=newsletter_28062024_novo_modelo&amp;utm_medium=email&amp;utm_source=RD+Station\" style=\"color:blue; text-decoration:underline\"><span style=\"font-size:14.0pt\">Essity acelera expans&atilde;o no Peru com novos produtos e forte desempenho<\/span><\/a><\/span><\/span><\/span><\/p>\r\n\r\n<p style=\"text-align:justify\"><span style=\"font-size:11pt\"><span style=\"line-height:normal\"><span style=\"font-family:Calibri,sans-serif\"><a href=\"https:\/\/tissueonline.com.br\/kimberly-clark-vende-ativos-para-a-empacar-na-bolivia\/?utm_campaign=newsletter_28062024_novo_modelo&amp;utm_medium=email&amp;utm_source=RD+Station\" style=\"color:blue; text-decoration:underline\"><span style=\"font-size:14.0pt\">Kimberly-Clark vende ativos para a Empacar na Bol&iacute;via<\/span><\/a><\/span><\/span><\/span><\/p>\r\n\r\n<p style=\"text-align:justify\"><span style=\"font-size:11pt\"><span style=\"line-height:normal\"><span style=\"font-family:Calibri,sans-serif\"><a href=\"https:\/\/www.nonwovens-industry.com\/contents\/view_breaking-news\/2024-06-27\/kimberly-clark-could-close-uk-plant\/72643\" style=\"color:blue; text-decoration:underline\"><span lang=\"ES-AR\" style=\"font-size:14.0pt\">Kimberly-Clark Could Close U.K. Plant - U.K. plastic wipes ban has challenged producer<\/span><\/a><\/span><\/span><\/span><\/p>\r\n\r\n<p style=\"text-align:justify\"><span style=\"font-size:11pt\"><span style=\"line-height:normal\"><span style=\"font-family:Calibri,sans-serif\"><a href=\"https:\/\/www.moveisdevalor.com.br\/portal\/saiba-tudo-sobre-o-mundo-dos-colchoes-aqui\" style=\"color:blue; text-decoration:underline\"><span style=\"font-size:14.0pt\">Saiba tudo sobre o mundo dos colch&otilde;es aqui<\/span><\/a><\/span><\/span><\/span><\/p>\r\n\r\n<p style=\"text-align:justify\"><span style=\"font-size:11pt\"><span style=\"line-height:normal\"><span style=\"font-family:Calibri,sans-serif\"><a href=\"https:\/\/medicalxpress.com\/news\/2024-06-sheets-doona.html?utm_source=nwletter&amp;utm_medium=email&amp;utm_campaign=daily-nwletter\" style=\"color:blue; text-decoration:underline\"><span lang=\"EN-US\" style=\"font-size:14.0pt\">Why can&#39;t I sleep? It could be your sheets or doona<\/span><\/a><\/span><\/span><\/span><\/p>\r\n\r\n<p style=\"text-align:justify\"><span style=\"font-size:11pt\"><span style=\"line-height:normal\"><span style=\"font-family:Calibri,sans-serif\"><a href=\"https:\/\/blogdoplastico.wordpress.com\/2024\/07\/02\/braskem-e-holandesa-tno-firmam-parceria-para-reciclagem-de-plasticos\/\" style=\"color:blue; text-decoration:underline\"><span style=\"font-size:14.0pt\">Braskem e holandesa TNO firmam parceria para reciclagem de pl&aacute;sticos<\/span><\/a><\/span><\/span><\/span><\/p>\r\n\r\n<p style=\"text-align:justify\"><span style=\"font-size:28pt\"><span style=\"font-family:Cambria,serif\"><span style=\"letter-spacing:-0.5pt\"><b><span style=\"font-size:18.0pt\"><span calibri=\"\" style=\"font-family:\"><span style=\"font-variant:small-caps\">Ind&uacute;stria<\/span><\/span><\/span><\/b><\/span><\/span><\/span><\/p>\r\n\r\n<p style=\"text-align:justify\"><span style=\"font-size:11pt\"><span style=\"line-height:normal\"><span style=\"font-family:Calibri,sans-serif\"><a href=\"https:\/\/www.msn.com\/pt-br\/dinheiro\/economia-e-negocios\/abimaq-china-responde-por-28-9-das-importa%C3%A7%C3%B5es-de-m%C3%A1quinas-no-brasil\/ar-BB1nhggt?ocid=weather-verthp-feeds\" style=\"color:blue; text-decoration:underline\"><span style=\"font-size:14.0pt\">Abimaq: China responde por 28,9% das importa&ccedil;&otilde;es de m&aacute;quinas no Brasil<\/span><\/a><\/span><\/span><\/span><\/p>\r\n\r\n<p style=\"text-align:justify\"><span style=\"font-size:11pt\"><span style=\"line-height:normal\"><span style=\"font-family:Calibri,sans-serif\"><a href=\"https:\/\/portalibre.fgv.br\/system\/files\/divulgacao\/noticias\/mat-complementar\/2024-07\/%C3%8Dndice%20de%20Confian%C3%A7a%20Empresarial%20FGV_press%20release_Jun24.pdf\" style=\"color:blue; text-decoration:underline\"><span style=\"font-size:14.0pt\">Confian&ccedil;a Empresarial encerra segundo trimestre em estabilidade<\/span><\/a><\/span><\/span><\/span><\/p>\r\n\r\n<p style=\"text-align:justify\"><span style=\"font-size:11pt\"><span style=\"line-height:normal\"><span style=\"font-family:Calibri,sans-serif\"><a href=\"https:\/\/noticias.portaldaindustria.com.br\/noticias\/economia\/indicador-de-custos-industriais-volta-a-cair-no-primeiro-trimestre-de-2024\/\" style=\"color:blue; text-decoration:underline\"><span style=\"font-size:14.0pt\">Indicador de Custos Industriais volta a cair no primeiro trimestre de 2024<\/span><\/a><\/span><\/span><\/span><\/p>\r\n\r\n<p style=\"text-align:justify\"><span style=\"font-size:11pt\"><span style=\"line-height:normal\"><span style=\"font-family:Calibri,sans-serif\"><a href=\"https:\/\/portalibre.fgv.br\/system\/files\/2024-07\/apresentacao-sintese-das-sondagens-junho-2024.pdf\" style=\"color:blue; text-decoration:underline\"><span style=\"font-size:14.0pt\">Indicadores de Confian&ccedil;a e Incerteza do FGV IBRE<\/span><\/a><\/span><\/span><\/span><\/p>\r\n\r\n<p style=\"text-align:justify\"><span style=\"font-size:11pt\"><span style=\"line-height:normal\"><span style=\"font-family:Calibri,sans-serif\"><a href=\"https:\/\/storage.epbr.com.br\/2024\/07\/Pesquisa-CNI-Energia-IPRI.pdf?utm_source=newsletters+epbr&amp;utm_campaign=2952a020c6-epbr-comece-seu-dia_20230724_COPY_01&amp;utm_medium=email&amp;utm_term=0_5931171aac-2952a020c6-466362780\" style=\"color:blue; text-decoration:underline\"><span style=\"font-size:14.0pt\">Ind&uacute;stria e Matriz Energ&eacute;tica<\/span><\/a><\/span><\/span><\/span><\/p>\r\n\r\n<p style=\"text-align:justify\"><span style=\"font-size:11pt\"><span style=\"line-height:normal\"><span style=\"font-family:Calibri,sans-serif\"><a href=\"https:\/\/noticias.portaldaindustria.com.br\/noticias\/economia\/60-das-industrias-apontam-carga-tributaria-como-fator-de-maior-impacto-na-conta-de-luz-diz-cni\/\" style=\"color:blue; text-decoration:underline\"><span style=\"font-size:14.0pt\">60% das ind&uacute;strias apontam carga tribut&aacute;ria como fator de maior impacto na conta de luz, diz CNI<\/span><\/a><\/span><\/span><\/span><\/p>\r\n\r\n<p style=\"text-align:justify\"><span style=\"font-size:11pt\"><span style=\"line-height:normal\"><span style=\"font-family:Calibri,sans-serif\"><a href=\"https:\/\/noticias.portaldaindustria.com.br\/noticias\/politica-industrial\/lcd-vai-reduzir-o-custo-do-credito-para-investimentos-produtivos-avalia-cni\/\" style=\"color:blue; text-decoration:underline\"><span style=\"font-size:14.0pt\">LCD vai reduzir o custo do cr&eacute;dito para investimentos produtivos, avalia CNI<\/span><\/a><\/span><\/span><\/span><\/p>\r\n\r\n<p style=\"text-align:justify\"><span style=\"font-size:11pt\"><span style=\"line-height:normal\"><span style=\"font-family:Calibri,sans-serif\"><a href=\"https:\/\/www.revistaplasticosul.com.br\/materias-primas\/instituto-brasileiro-do-pvc-divulga-analise-de-desempenho-do-mercado\/\" style=\"color:blue; text-decoration:underline\"><span style=\"font-size:14.0pt\">Instituto Brasileiro do PVC divulga an&aacute;lise de desempenho do mercado e acompanhamento de indicadores da cadeia produtiva<\/span><\/a><\/span><\/span><\/span><\/p>\r\n\r\n<p style=\"text-align:justify\"><span style=\"font-size:11pt\"><span style=\"line-height:normal\"><span style=\"font-family:Calibri,sans-serif\"><a href=\"https:\/\/certi.org.br\/blog\/como-obter-uma-reducao-de-estoque-utilizando-data-analytics\/?utm_campaign=certi%20news%20junho%202024&amp;utm_medium=email&amp;utm_source=newsletter\" style=\"color:blue; text-decoration:underline\"><span style=\"font-size:14.0pt\">Como obter uma redu&ccedil;&atilde;o de estoque utilizando data analytics<\/span><\/a><\/span><\/span><\/span><\/p>\r\n\r\n<p style=\"text-align:justify\"><span style=\"font-size:11pt\"><span style=\"line-height:normal\"><span style=\"font-family:Calibri,sans-serif\"><a href=\"https:\/\/certi.org.br\/blog\/o-que-e-bim-conceito-aplicacoes-e-desafios\/?utm_campaign=certi%20news%20junho%202024&amp;utm_medium=email&amp;utm_source=newsletter\" style=\"color:blue; text-decoration:underline\"><span style=\"font-size:14.0pt\">O que &eacute; BIM? Conceito, aplica&ccedil;&otilde;es e desafios da Modelagem da Informa&ccedil;&atilde;o da Constru&ccedil;&atilde;o<\/span><\/a><\/span><\/span><\/span><\/p>\r\n\r\n<p style=\"text-align:justify\"><span style=\"font-size:11pt\"><span style=\"line-height:normal\"><span style=\"font-family:Calibri,sans-serif\"><a href=\"https:\/\/www.youtube.com\/watch?v=mPKzQos381k&amp;list=PLPCidcPH0a7VdwtIy_fduiX3YBwSPRWZY&amp;index=3\" style=\"color:blue; text-decoration:underline\"><span style=\"font-size:14.0pt\">BIM para infraestrutura de transportes rodovi&aacute;rios<\/span><\/a><\/span><\/span><\/span><\/p>\r\n\r\n<p style=\"text-align:justify\"><span style=\"font-size:28pt\"><span style=\"font-family:Cambria,serif\"><span style=\"letter-spacing:-0.5pt\"><b><span style=\"font-size:18.0pt\"><span calibri=\"\" style=\"font-family:\"><span style=\"font-variant:small-caps\">Sustentabilidade<\/span><\/span><\/span><\/b><\/span><\/span><\/span><\/p>\r\n\r\n<p style=\"text-align:justify\"><span style=\"font-size:11pt\"><span style=\"line-height:normal\"><span style=\"font-family:Calibri,sans-serif\"><a href=\"https:\/\/portugaltextil.com\/california-quer-legislar-residuos-texteis\/\" style=\"color:blue; text-decoration:underline\"><span style=\"font-size:14.0pt\">Calif&oacute;rnia quer legislar res&iacute;duos t&ecirc;xteis<\/span><\/a><\/span><\/span><\/span><\/p>\r\n\r\n<p style=\"text-align:justify\"><span style=\"font-size:11pt\"><span style=\"line-height:normal\"><span style=\"font-family:Calibri,sans-serif\"><a href=\"https:\/\/noticias.portaldaindustria.com.br\/noticias\/sustentabilidade\/cni-e-governo-promovem-programa-de-eficiencia-energetica\/\" style=\"color:blue; text-decoration:underline\"><span style=\"font-size:14.0pt\">CNI e governo promovem programa de efici&ecirc;ncia energ&eacute;tica<\/span><\/a><\/span><\/span><\/span><\/p>\r\n\r\n<p style=\"text-align:justify\"><span style=\"font-size:11pt\"><span style=\"line-height:normal\"><span style=\"font-family:Calibri,sans-serif\"><a href=\"https:\/\/tissueonline.com.br\/soft-n-dry-lanca-nova-linha-de-fraldas-sustentaveis-em-mais-um-pais-da-america-latina\/?utm_campaign=newsletter_28062024_novo_modelo&amp;utm_medium=email&amp;utm_source=RD+Station\" style=\"color:blue; text-decoration:underline\"><span style=\"font-size:14.0pt\">Soft N Dry lan&ccedil;a nova linha de fraldas sustent&aacute;veis em mais um pa&iacute;s da Am&eacute;rica Latina<\/span><\/a><\/span><\/span><\/span><\/p>\r\n\r\n<p style=\"text-align:justify\"><span style=\"font-size:28pt\"><span style=\"font-family:Cambria,serif\"><span style=\"letter-spacing:-0.5pt\"><b><span lang=\"EN-US\" style=\"font-size:18.0pt\"><span calibri=\"\" style=\"font-family:\"><span style=\"font-variant:small-caps\">Inova&ccedil;&atilde;o<\/span><\/span><\/span><\/b><\/span><\/span><\/span><\/p>\r\n\r\n<p style=\"text-align:justify\"><span style=\"font-size:11pt\"><span style=\"line-height:normal\"><span style=\"font-family:Calibri,sans-serif\"><a href=\"https:\/\/www.indexnonwovens.com\/en\/news\/bio-based-superabsorbent-polymers-a-sustainable-solution-for-hygiene-products-1547?utm_campaign=INDEX%20Newsletter%20June%202024&amp;utm_medium=email&amp;utm_source=Mailjet\" style=\"color:blue; text-decoration:underline\"><span lang=\"EN-US\" style=\"font-size:14.0pt\">Bio-Based Superabsorbent Polymers: A Sustainable Solution for Hygiene Products<\/span><\/a><\/span><\/span><\/span><\/p>\r\n\r\n<p style=\"text-align:justify\"><span style=\"font-size:11pt\"><span style=\"line-height:normal\"><span style=\"font-family:Calibri,sans-serif\"><a href=\"https:\/\/portugaltextil.com\/fibe-produz-fio-com-residuos-de-batata\/\" style=\"color:blue; text-decoration:underline\"><span style=\"font-size:14.0pt\">Fibe produz fio com res&iacute;duos de batata<\/span><\/a><\/span><\/span><\/span><\/p>\r\n\r\n<p style=\"text-align:justify\"><span style=\"font-size:11pt\"><span style=\"line-height:normal\"><span style=\"font-family:Calibri,sans-serif\"><a href=\"https:\/\/phys.org\/news\/2024-06-polymer-fibers-local-drug-delivery.html?utm_source=nwletter&amp;utm_medium=email&amp;utm_campaign=daily-nwletter\" style=\"color:blue; text-decoration:underline\"><span lang=\"EN-US\" style=\"font-size:14.0pt\">Researchers develop polymer fibers that can facilitate controlled, local drug delivery<\/span><\/a><\/span><\/span><\/span><\/p>\r\n\r\n<p style=\"text-align:justify\"><span style=\"font-size:11pt\"><span style=\"line-height:normal\"><span style=\"font-family:Calibri,sans-serif\"><a href=\"https:\/\/agenciabrasilia.df.gov.br\/2024\/06\/24\/congresso-internacional-discute-inovacoes-na-gestao-de-residuos-solidos\/\" style=\"color:blue; text-decoration:underline\"><span style=\"font-size:14.0pt\">Congresso internacional discute inova&ccedil;&otilde;es na gest&atilde;o de res&iacute;duos s&oacute;lidos<\/span><\/a><\/span><\/span><\/span><\/p>\r\n\r\n<p style=\"text-align:justify\"><span style=\"font-size:11pt\"><span style=\"line-height:normal\"><span style=\"font-family:Calibri,sans-serif\"><a href=\"https:\/\/www.gov.br\/mcti\/pt-br\/acompanhe-o-mcti\/noticias\/2024\/06\/mcti-planeja-parceria-com-governo-portugues-em-nanotecnologia\" style=\"color:blue; text-decoration:underline\"><span style=\"font-size:14.0pt\">MCTI planeja parceria com governo portugu&ecirc;s em nanotecnologia<\/span><\/a><\/span><\/span><\/span><\/p>\r\n\r\n<p style=\"text-align:justify\"><span style=\"font-size:28pt\"><span style=\"font-family:Cambria,serif\"><span style=\"letter-spacing:-0.5pt\"><b><span style=\"font-size:18.0pt\"><span calibri=\"\" style=\"font-family:\"><span style=\"font-variant:small-caps\">Com&eacute;rcio Exterior<\/span><\/span><\/span><\/b><\/span><\/span><\/span><\/p>\r\n\r\n<p style=\"text-align:justify\"><span style=\"font-size:11pt\"><span style=\"line-height:normal\"><span style=\"font-family:Calibri,sans-serif\"><a href=\"https:\/\/www.bloomberglinea.com.br\/internacional\/milei-e-scholz-pedem-conclusao-de-acordo-comercial-entre-uniao-europeia-e-mercosul\/\" style=\"color:blue; text-decoration:underline\"><span style=\"font-size:14.0pt\">Milei e Scholz pedem conclus&atilde;o de acordo comercial entre Uni&atilde;o Europeia e Mercosul<\/span><\/a><\/span><\/span><\/span><\/p>\r\n\r\n<p style=\"text-align:justify\"><span style=\"font-size:11pt\"><span style=\"line-height:normal\"><span style=\"font-family:Calibri,sans-serif\"><a href=\"https:\/\/ccbc.org.br\/publicacoes\/news-ccbc\/empresarios-acreditam-em-assinatura-do-acordo-mercosul-canada\/?utm_campaign=ccbc_news_-_429_jun24&amp;utm_medium=email&amp;utm_source=RD+Station\" style=\"color:blue; text-decoration:underline\"><span style=\"font-size:14.0pt\">Empres&aacute;rios acreditam em assinatura do acordo Mercosul-Canad&aacute;<\/span><\/a><\/span><\/span><\/span><\/p>\r\n\r\n<p style=\"text-align:justify\"><span style=\"font-size:11pt\"><span style=\"line-height:normal\"><span style=\"font-family:Calibri,sans-serif\"><a href=\"https:\/\/www.infomoney.com.br\/business\/anfavea-pede-ao-governo-para-elevar-de-imediato-a-35-taxa-de-importacao-de-veiculos\/\" style=\"color:blue; text-decoration:underline\"><span style=\"font-size:14.0pt\">Anfavea pede ao governo para elevar de imediato a 35% taxa de importa&ccedil;&atilde;o de ve&iacute;culos<\/span><\/a><\/span><\/span><\/span><\/p>\r\n\r\n<p style=\"text-align:justify\"><span style=\"font-size:11pt\"><span style=\"line-height:normal\"><span style=\"font-family:Calibri,sans-serif\"><a href=\"https:\/\/plasticosemrevista.com.br\/pvc-pleitos-de-antidumping-na-uniao-europeia\/\" style=\"color:blue; text-decoration:underline\"><span style=\"font-size:14.0pt\">PVC: pleitos de antidumping na Uni&atilde;o Europeia<\/span><\/a><\/span><\/span><\/span><\/p>\r\n\r\n<p style=\"text-align:justify\"><span style=\"font-size:28pt\"><span style=\"font-family:Cambria,serif\"><span style=\"letter-spacing:-0.5pt\"><b><span style=\"font-size:18.0pt\"><span calibri=\"\" style=\"font-family:\"><span style=\"font-variant:small-caps\">Economia<\/span><\/span><\/span><\/b><\/span><\/span><\/span><\/p>\r\n\r\n<p style=\"text-align:justify\"><span style=\"font-size:11pt\"><span style=\"line-height:normal\"><span style=\"font-family:Calibri,sans-serif\"><a href=\"https:\/\/www.bcb.gov.br\/content\/focus\/focus\/R20240628.pdf\" style=\"color:blue; text-decoration:underline\"><span style=\"font-size:14.0pt\">Focus - Relat&oacute;rio de Mercado<\/span><\/a><\/span><\/span><\/span><\/p>\r\n\r\n<p style=\"text-align:justify\"><span style=\"font-size:11pt\"><span style=\"line-height:normal\"><span style=\"font-family:Calibri,sans-serif\"><a href=\"https:\/\/www.bcb.gov.br\/content\/controleinflacao\/focusdistribuicoesfrequencia\/P20240701-Focus-Distribuicoes-de-frequencia.pdf\" style=\"color:blue; text-decoration:underline\"><span style=\"font-size:14.0pt\">Focus - Distribui&ccedil;&otilde;es de Frequ&ecirc;ncia das Expectativas de Mercado para IPCA, Selic, PIB e C&acirc;mbio<\/span><\/a><\/span><\/span><\/span><\/p>\r\n\r\n<p style=\"text-align:justify\"><span style=\"font-size:11pt\"><span style=\"line-height:normal\"><span style=\"font-family:Calibri,sans-serif\"><a href=\"https:\/\/br.investing.com\/news\/economic-indicators\/nao-faca-isso-brasil-alerta-economista-sobre-banco-central-e-gasto-publico-1272583\" style=\"color:blue; text-decoration:underline\"><span style=\"font-size:14.0pt\">&ldquo;N&atilde;o fa&ccedil;a isso, Brasil!&rdquo;, alerta economista sobre Banco Central e gasto p&uacute;blico<\/span><\/a><\/span><\/span><\/span><\/p>\r\n\r\n<p style=\"text-align:justify\"><span style=\"font-size:11pt\"><span style=\"line-height:normal\"><span style=\"font-family:Calibri,sans-serif\"><a href=\"https:\/\/br.investing.com\/news\/economic-indicators\/divida-bruta-do-governo-geral-sobe-a-768-do-pib-em-maio-aponta-bc-1271297\" style=\"color:blue; text-decoration:underline\"><span style=\"font-size:14.0pt\">D&iacute;vida Bruta do Governo Geral sobe a 76,8% do PIB em maio, aponta BC<\/span><\/a><\/span><\/span><\/span><\/p>\r\n\r\n<p style=\"text-align:justify\"><span style=\"font-size:11pt\"><span style=\"line-height:normal\"><span style=\"font-family:Calibri,sans-serif\"><a href=\"https:\/\/agenciabrasil.ebc.com.br\/economia\/noticia\/2024-06\/banco-central-eleva-estimativa-de-pib-para-23-este-ano\" style=\"color:blue; text-decoration:underline\"><span style=\"font-size:14.0pt\">Banco Central eleva estimativa do PIB para 2,3% neste ano<\/span><\/a><\/span><\/span><\/span><\/p>\r\n\r\n<p style=\"text-align:justify\"><span style=\"font-size:11pt\"><span style=\"line-height:normal\"><span style=\"font-family:Calibri,sans-serif\"><a href=\"https:\/\/agenciabrasil.ebc.com.br\/economia\/noticia\/2024-06\/desemprego-recua-para-71-o-menor-do-trimestre-desde-2014\" style=\"color:blue; text-decoration:underline\"><span style=\"font-size:14.0pt\">Desemprego recua para 7,1%, o menor do trimestre desde 2014<\/span><\/a><\/span><\/span><\/span><\/p>\r\n\r\n<p style=\"text-align:justify\">&nbsp;<\/p>\r\n\r\n<p style=\"text-align:justify\"><img src=\"https:\/\/www.abint.org.br\/assets\/img\/editor\/redes-sociais-abint-ctg-cth_202406041400398QFSSawN2a.jpg\" \/><\/p>\r\n","texto_en":"","7":"","imagem":"COMP_capa-2024-site-boletim-abint-noticias-semanis_20240705121642lXGXr5orek.jpg","8":"COMP_capa-2024-site-boletim-abint-noticias-semanis_20240705121642lXGXr5orek.jpg","arquivo":"20240702-BOLETIM-ABINT-DE-NOTICIAS-SEMANAIS.PDF","9":"20240702-BOLETIM-ABINT-DE-NOTICIAS-SEMANAIS.PDF","titulo_arquivo":"20240702 Boletim ABINT de Not\u00edcias Semanais","10":"20240702 Boletim ABINT de Not\u00edcias Semanais","titulo_arquivo_en":"","11":"","created_at":"2024-07-05 12:16:52","12":"2024-07-05 12:16:52","updated_at":"2024-07-05 12:19:12","13":"2024-07-05 12:19:12"},{"id":123,"0":123,"ordem":99,"1":99,"data":"2024-06-25","2":"2024-06-25","slug":"boletim-abint-de-noticias-semanais-35","3":"boletim-abint-de-noticias-semanais-35","titulo":"Boletim ABINT de Not\u00edcias Semanais","4":"Boletim ABINT de Not\u00edcias Semanais","titulo_en":"","5":"","texto":"<p style=\"text-align:justify\"><span style=\"font-size:11pt\"><span style=\"line-height:normal\"><span style=\"font-family:Calibri,sans-serif\"><span style=\"font-size:14.0pt\">Esta &eacute; uma compila&ccedil;&atilde;o das not&iacute;cias mais relevantes para o setor, incluindo informa&ccedil;&otilde;es sobre acordos internacionais, economia brasileira, sustentabilidade e mat&eacute;rias primas, al&eacute;m de novidades do setor de N&atilde;otecidos e Tecidos T&eacute;cnicos.<\/span><\/span><\/span><\/span><\/p>\r\n\r\n<p style=\"text-align:justify\"><span style=\"font-size:28pt\"><span style=\"font-family:Cambria,serif\"><span style=\"letter-spacing:-0.5pt\"><b><span style=\"font-size:18.0pt\"><span style=\"font-family:&quot;Calibri&quot;,sans-serif\"><span style=\"font-variant:small-caps\">O que vem por a&iacute;<\/span><\/span><\/span><\/b><\/span><\/span><\/span><\/p>\r\n\r\n<p style=\"text-align:justify\"><span style=\"font-size:28pt\"><span style=\"font-family:Cambria,serif\"><span style=\"letter-spacing:-0.5pt\"><b><span style=\"font-size:18.0pt\"><span style=\"font-family:&quot;Calibri&quot;,sans-serif\"><span style=\"font-variant:small-caps\"><img src=\"https:\/\/www.abint.org.br\/assets\/img\/editor\/abint-logo-2020-g_20240705114928gROPSoOxS7.png\" style=\"width: 300px; height: 69px;\" \/><\/span><\/span><\/span><\/b><\/span><\/span><\/span><\/p>\r\n\r\n<p style=\"text-align:justify\"><span style=\"font-size:28pt\"><span style=\"font-family:Cambria,serif\"><span style=\"letter-spacing:-0.5pt\"><b><span style=\"font-size:18.0pt\"><span style=\"font-family:&quot;Calibri&quot;,sans-serif\"><span style=\"font-variant:small-caps\"><img src=\"https:\/\/www.abint.org.br\/assets\/img\/editor\/post-quadrado-curso-naotecido_20240705115006cgML2ntk5Z.jpg\" style=\"width: 500px; height: 500px;\" \/><\/span><\/span><\/span><\/b><\/span><\/span><\/span><\/p>\r\n\r\n<p style=\"text-align:justify\"><span style=\"font-size:11pt\"><span style=\"line-height:normal\"><span style=\"font-family:Calibri,sans-serif\"><a href=\"https:\/\/forms.office.com\/r\/5DrqtK5n3Y\" style=\"color:blue; text-decoration:underline\"><span style=\"font-size:14.0pt\">Informa&ccedil;&otilde;es e inscri&ccedil;&otilde;es<\/span><\/a><\/span><\/span><\/span><\/p>\r\n\r\n<p style=\"text-align:justify\">&nbsp;<\/p>\r\n\r\n<p style=\"text-align:justify\"><span style=\"font-size:11pt\"><span style=\"line-height:normal\"><span style=\"font-family:Calibri,sans-serif\"><span style=\"font-size:14.0pt\"><img src=\"https:\/\/www.abint.org.br\/assets\/img\/editor\/logo-ctg-abint-png_20240705115053Hsgqk9Nr1V.png\" style=\"width: 300px; height: 55px;\" \/><\/span><\/span><\/span><\/span><\/p>\r\n\r\n<p style=\"text-align:justify\">&nbsp;<\/p>\r\n\r\n<p style=\"text-align:justify\"><span style=\"font-size:11pt\"><span style=\"line-height:normal\"><span style=\"font-family:Calibri,sans-serif\"><span style=\"font-size:14.0pt\"><img src=\"https:\/\/www.abint.org.br\/assets\/img\/editor\/e-mail-mkt-curso-instal-gm-2024_20240705115143EY6nG3FVy7.jpeg\" style=\"width: 700px; height: 350px;\" \/><\/span><\/span><\/span><\/span><\/p>\r\n\r\n<p style=\"text-align:justify\"><a href=\"https:\/\/abrir.link\/qpYXB\"><span style=\"font-size:11pt\"><span style=\"line-height:normal\"><span style=\"font-family:Calibri,sans-serif\"><span style=\"font-size:14.0pt\">Informa&ccedil;&otilde;es e inscri&ccedil;&otilde;es<\/span><\/span><\/span><\/span><\/a><\/p>\r\n\r\n<p style=\"text-align:justify\"><img src=\"https:\/\/www.abint.org.br\/assets\/img\/editor\/20240924-cobramseg-2024_20240705115349kAuwPxusrL.png\" \/><\/p>\r\n\r\n<p style=\"text-align:justify\"><span style=\"font-size:11pt\"><span style=\"line-height:normal\"><span style=\"font-family:Calibri,sans-serif\"><b><span style=\"font-size:14.0pt\">O CTG ABINT &eacute; um dos patrocinadores da 21&ordf; edi&ccedil;&atilde;o do Cobramseg &ndash; Congresso Brasileiro de Mec&acirc;nica dos Solos e Engenharia Geot&eacute;cnica.<\/span><\/b><\/span><\/span><\/span><\/p>\r\n\r\n<p style=\"text-align:justify\"><span style=\"font-size:11pt\"><span style=\"line-height:normal\"><span style=\"font-family:Calibri,sans-serif\"><span style=\"font-size:14.0pt\">&ldquo;<i>Nos reunimos para celebrar a Mec&acirc;nica dos Solos e das Rochas, da GeoEngenharia! Academia, Ind&uacute;stria e &Oacute;rg&atilde;os Gestores unidos para expor seus avan&ccedil;os t&eacute;cnicos e cient&iacute;ficos. Um ambiente rico e diverso que nos permite debater solu&ccedil;&otilde;es e a&ccedil;&otilde;es de forma a fortalecer nossa comunidade geot&eacute;cnica, visando proporcionar um desenvolvimento mais sustent&aacute;vel e seguro para a nossa sociedade<\/i>.&rdquo; V&iacute;tor Pereira Faro, Presidente do COBRAMSEG 2024<\/span><\/span><\/span><\/span><\/p>\r\n\r\n<p style=\"text-align:justify\"><span style=\"font-size:11pt\"><span style=\"line-height:normal\"><span style=\"font-family:Calibri,sans-serif\"><a href=\"http:\/\/www.cobramseg.com.br\" style=\"color:blue; text-decoration:underline\"><span style=\"font-size:14.0pt\">www.cobramseg.com.br<\/span><\/a> <\/span><\/span><\/span><\/p>\r\n\r\n<p style=\"text-align:justify\">&nbsp;<\/p>\r\n\r\n<p style=\"text-align:justify\"><span style=\"font-size:11pt\"><span style=\"line-height:normal\"><span style=\"font-family:Calibri,sans-serif\"><span style=\"font-size:14.0pt\"><img src=\"https:\/\/www.abint.org.br\/assets\/img\/editor\/fenasan-2024_20240705115455QKUffU5MpN.jpg\" style=\"width: 700px; height: 249px;\" \/><\/span><\/span><\/span><\/span><\/p>\r\n\r\n<p style=\"text-align:justify\">&nbsp;<\/p>\r\n\r\n<p style=\"text-align:justify\"><span style=\"font-size:11pt\"><span style=\"line-height:normal\"><span style=\"font-family:Calibri,sans-serif\"><span style=\"font-size:14.0pt\">O <b>CTG ABINT apoia a Feira Nacional de Saneamento e Meio Ambiente &ndash; Fenasan e do 35&ordm; Encontro T&eacute;cnico AESabesp, que ocorrer&atilde;o de 22 a 24 de outubro de 2024<\/b>, no Pavilh&atilde;o Verde e Vermelho, no Expo Center Norte, em S&atilde;o Paulo. Trata-se do maior evento de saneamento da Am&eacute;rica Latin. A realiza&ccedil;&atilde;o &eacute; da AESabesp &ndash; Associa&ccedil;&atilde;o dos Engenheiros da Sabesp.<\/span><\/span><\/span><\/span><\/p>\r\n\r\n<p style=\"text-align:justify\"><span style=\"font-size:11pt\"><span style=\"line-height:normal\"><span style=\"font-family:Calibri,sans-serif\"><i><span style=\"font-size:14.0pt\">O tema central desta edi&ccedil;&atilde;o &eacute; &ldquo;Saneamento ambiental: condi&ccedil;&atilde;o fundamental para o enfrentamento das mudan&ccedil;as clim&aacute;ticas&rdquo;. Com um p&uacute;blico tradicionalmente de 22 mil visitantes e alinhada aos ODS &ndash; Objetivos de Desenvolvimento Sustent&aacute;vel estabelecidos pela ONU e aos conceitos de ESG, a edi&ccedil;&atilde;o 2024 continuar&aacute; ampliando o di&aacute;logo em torno das quest&otilde;es de saneamento ambiental, meio ambiente e sustentabilidade e promovendo o compartilhamento de conhecimento altamente qualificado.<\/span><\/i><\/span><\/span><\/span><\/p>\r\n\r\n<p style=\"text-align:justify\"><span style=\"font-size:11pt\"><span style=\"line-height:normal\"><span style=\"font-family:Calibri,sans-serif\"><a href=\"http:\/\/www.fenasan.com.br\" style=\"color:blue; text-decoration:underline\"><span style=\"font-size:14.0pt\">www.fenasan.com.br<\/span><\/a> <\/span><\/span><\/span><\/p>\r\n\r\n<p style=\"text-align:justify\">&nbsp;<\/p>\r\n\r\n<p style=\"text-align:justify\"><img src=\"https:\/\/www.abint.org.br\/assets\/img\/editor\/cth-logo-alta-jpg_20240705115727V8RKLjodM5.jpg\" style=\"width: 300px; height: 68px;\" \/><\/p>\r\n\r\n<p style=\"text-align:justify\"><img src=\"https:\/\/www.abint.org.br\/assets\/img\/editor\/hospitalmed-2024-logo_20240705115809NrbMDDw4HB.png\" style=\"width: 500px; height: 448px;\" \/><\/p>\r\n\r\n<p style=\"text-align:justify\"><span style=\"font-size:11pt\"><span style=\"line-height:normal\"><span style=\"font-family:Calibri,sans-serif\"><b><span style=\"font-size:12.0pt\">O CTH ABINT &eacute; um dos patrocinadores da HospitalMed 2024.<\/span><\/b><\/span><\/span><\/span><\/p>\r\n\r\n<p style=\"text-align:justify\"><span style=\"font-size:11pt\"><span style=\"line-height:normal\"><span style=\"font-family:Calibri,sans-serif\"><span style=\"font-size:12.0pt\">&ldquo;<i>A melhor e Mais Completa Feira de Sa&uacute;de do Norte\/Nordeste<\/i>&rdquo;, &eacute; uma realiza&ccedil;&atilde;o da HospitalMed Feiras &amp; Eventos e da Insight Feiras de Neg&oacute;cios.<\/span><\/span><\/span><\/span><\/p>\r\n\r\n<p style=\"text-align:justify\"><span style=\"font-size:11pt\"><span style=\"line-height:normal\"><span style=\"font-family:Calibri,sans-serif\"><i><span style=\"font-size:12.0pt\">&ldquo;O <b>re&uacute;ne toda a cadeia produtiva do setor de sa&uacute;de das regi&otilde;es Norte\/Nordeste<\/b>. &Eacute; o grande encontro de fornecedores de Produtos, Equipamentos, Servi&ccedil;os, Tecnologia e Conte&uacute;do para Hospitais, Laborat&oacute;rios, Farm&aacute;cias, Cl&iacute;nicas, Consult&oacute;rios e Profissionais da Sa&uacute;de&rdquo;.<\/span><\/i><\/span><\/span><\/span><\/p>\r\n\r\n<p style=\"text-align:justify\"><span style=\"font-size:11.0pt\"><span style=\"line-height:115%\"><span style=\"font-family:&quot;Calibri&quot;,sans-serif\"><a href=\"http:\/\/www.hospitalmed.com.br\" style=\"color:blue; text-decoration:underline\"><span style=\"font-size:14.0pt\"><span style=\"line-height:115%\">www.hospitalmed.com.br<\/span><\/span><\/a><\/span><\/span><\/span><\/p>\r\n\r\n<p style=\"text-align:justify\"><span style=\"font-size:28pt\"><span style=\"font-family:Cambria,serif\"><span style=\"letter-spacing:-0.5pt\"><b><span style=\"font-size:18.0pt\"><span style=\"font-family:&quot;Calibri&quot;,sans-serif\"><span style=\"font-variant:small-caps\">Not&iacute;cias das Associadas<\/span><\/span><\/span><\/b><\/span><\/span><\/span><\/p>\r\n\r\n<p style=\"text-align:justify\"><span style=\"font-size:11pt\"><span style=\"line-height:normal\"><span style=\"font-family:Calibri,sans-serif\"><a href=\"https:\/\/www.linkedin.com\/feed\/update\/urn:li:activity:7206717912953286656\/\" style=\"color:blue; text-decoration:underline\"><span style=\"font-size:14.0pt\">ABINT, com outras 15 entidades, assina Manifesto contr&aacute;rio &agrave;s eleva&ccedil;&otilde;es tarif&aacute;rias de insumos qu&iacute;micos<\/span><\/a><\/span><\/span><\/span><\/p>\r\n\r\n<p style=\"text-align:justify\"><span style=\"font-size:11pt\"><span style=\"line-height:normal\"><span style=\"font-family:Calibri,sans-serif\"><span style=\"font-size:14.0pt\"><img src=\"https:\/\/www.abint.org.br\/assets\/img\/editor\/20240612-manifesto-contra-tarifaco-de-insumos-quimicos_20240705120259uC4xBRS4Du.jpg\" style=\"width: 700px; height: 1265px;\" \/><\/span><\/span><\/span><\/span><\/p>\r\n\r\n<p><span style=\"font-size:11pt\"><span style=\"line-height:normal\"><span style=\"font-family:Calibri,sans-serif\"><a href=\"https:\/\/www.revistatae.com.br\/Noticia\/85387\/geomembranas-sao-utilizadas-para-impermeabilizacao-de-lagoas-e-nas-areas-de-disposicao-de-rejeitos\" style=\"color:blue; text-decoration:underline\"><span style=\"font-size:14.0pt\">Geomembranas s&atilde;o utilizadas para impermeabiliza&ccedil;&atilde;o de lagoas e nas &aacute;reas de disposi&ccedil;&atilde;o de rejeitos<\/span><\/a><\/span><\/span><\/span><\/p>\r\n\r\n<p><span style=\"font-size:11pt\"><span style=\"line-height:normal\"><span style=\"font-family:Calibri,sans-serif\"><a href=\"https:\/\/www.innovationintextiles.com\/fibres-yarns-fabrics\/andritz-exploring-options-for-finnish-wood-with-mets-group\/\" style=\"color:blue; text-decoration:underline\"><span lang=\"EN-US\" style=\"font-size:14.0pt\">Andritz exploring options for Finnish wood with Mets&auml; Group<\/span><\/a><\/span><\/span><\/span><\/p>\r\n\r\n<p><span style=\"font-size:11pt\"><span style=\"line-height:normal\"><span style=\"font-family:Calibri,sans-serif\"><a href=\"https:\/\/www.nonwovens-industry.com\/live-from-shows\/world-of-wipes\/2024-06-18\/fibertex-nonwovens-presents-multilayer-technologies\" style=\"color:blue; text-decoration:underline\"><span style=\"font-size:14.0pt\">Fibertex Nonwovens Presents Multilayer Technologies<\/span><\/a><\/span><\/span><\/span><\/p>\r\n\r\n<p><span style=\"font-size:11pt\"><span style=\"line-height:normal\"><span style=\"font-family:Calibri,sans-serif\"><a href=\"https:\/\/plasticosemrevista.com.br\/indorama-fecha-complexo-quimico-na-australia\/\" style=\"color:blue; text-decoration:underline\"><span style=\"font-size:14.0pt\">Indorama fecha complexo qu&iacute;mico na Austr&aacute;lia<\/span><\/a><\/span><\/span><\/span><\/p>\r\n\r\n<p style=\"text-align:justify\">&nbsp;<\/p>\r\n\r\n<p style=\"text-align:justify\"><span style=\"font-size:11pt\"><span style=\"line-height:normal\"><span style=\"font-family:Calibri,sans-serif\"><b><span style=\"font-size:18.0pt\"><span style=\"font-variant:small-caps\">Eventos<\/span><\/span><\/b><\/span><\/span><\/span><\/p>\r\n\r\n<p style=\"text-align:justify\"><span style=\"font-size:11pt\"><span style=\"line-height:normal\"><span style=\"font-family:Calibri,sans-serif\"><a href=\"https:\/\/produtos.institutoabit.org.br\/prod\/ef63818b-301b-4aca-8c95-0e3ad4bc1abf?utm_campaign=convite_workshop_regra_de_origem_-_07062024&amp;utm_medium=email&amp;utm_source=RD+Station\" style=\"color:blue; text-decoration:underline\"><b><span style=\"font-size:14.0pt\">Workshop | Regra de Origem - elemento estrat&eacute;gico para acessar mercados externos<\/span><\/b><\/a><span style=\"font-size:14.0pt\">, 26 de junho de 2024, 10h &agrave;s 12h, evento online.<\/span><\/span><\/span><\/span><\/p>\r\n\r\n<p style=\"text-align:justify\"><span style=\"font-size:11pt\"><span style=\"line-height:normal\"><span style=\"font-family:Calibri,sans-serif\"><a href=\"https:\/\/info.vdibrasil.com\/save-the-date-siep-2024?utm_campaign=6558_emkt_campanhasiep_vdi&amp;utm_medium=email&amp;utm_source=RD+Station\" style=\"color:blue; text-decoration:underline\"><b><span style=\"font-size:14.0pt\">XIII Simp&oacute;sio Internacional de Excel&ecirc;ncia em Produ&ccedil;&atilde;o: &ldquo;Energias Renov&aacute;veis&rdquo;<\/span><\/b><\/a><span style=\"font-size:14.0pt\">, 28 de junho de 2024, Universidade Mackenzie, S&atilde;o Paulo<\/span><\/span><\/span><\/span><\/p>\r\n\r\n<p style=\"text-align:justify\"><span style=\"font-size:11pt\"><span style=\"line-height:normal\"><span style=\"font-family:Calibri,sans-serif\"><a href=\"http:\/\/www.ihi.ensinoeinstein.com\" style=\"color:blue; text-decoration:underline\"><b><span style=\"font-size:14.0pt\">IHI 2024 - 9&ordm; F&oacute;rum Latino-Americano de Qualidade e Seguran&ccedil;a na Sa&uacute;de<\/span><\/b><\/a><span style=\"font-size:14.0pt\">, 09 a 11 de julho de 2024, evento h&iacute;brido, Centro de Ensino e Pesquisa Albert Einstein, Campus Cec&iacute;lia e Abram Szajman, Rua Comendador Elias Jafet, 755, Morumbi, S&atilde;o Paulo\/SP<\/span><\/span><\/span><\/span><\/p>\r\n\r\n<p style=\"text-align:justify\"><span style=\"font-size:11pt\"><span style=\"line-height:normal\"><span style=\"font-family:Calibri,sans-serif\"><a href=\"http:\/\/www.construnordeste.com.br\" style=\"color:blue; text-decoration:underline\"><b><span style=\"font-size:14.0pt\">Constru Nordeste<\/span><\/b><\/a><span style=\"font-size:14.0pt\">, 31 de julho a 02 de agosto de 2024, Centro de Conven&ccedil;&otilde;es Salvador, Bahia<\/span><\/span><\/span><\/span><\/p>\r\n\r\n<p><img src=\"https:\/\/www.abint.org.br\/assets\/img\/editor\/abtt-academy-curso-compras-texteis-hospitalares_20240604135954xriEyS8abD.jpg\" style=\"width: 500px; height: 500px;\" \/><\/p>\r\n\r\n<p><a href=\"https:\/\/docs.google.com\/forms\/d\/e\/1FAIpQLSeG7zdl8xZpguBFbIdqyMS61mxfjvFjKOQ3EUqnWgC1RUcAug\/viewform\">Informa&ccedil;&otilde;es e inscri&ccedil;&otilde;es<\/a><\/p>\r\n\r\n<p>&nbsp;<\/p>\r\n\r\n<p style=\"text-align:justify\"><span style=\"font-size:11pt\"><span style=\"line-height:normal\"><span style=\"font-family:Calibri,sans-serif\"><a href=\"http:\/\/www.feiplar.com\" style=\"color:blue; text-decoration:underline\"><b><span style=\"font-size:14.0pt\">FEIPLAR COMPOSITES &amp; FEIPUR &ndash; Feira e Congresso Internacionais de Composites, Poliuretano, Pl&aacute;sticos de Engenharia e Compostos Termopl&aacute;sticos<\/span><\/b><\/a><span style=\"font-size:14.0pt\">, 20 a 22 de agosto de 2024, S&atilde;o Paulo Expo (Pavilh&atilde;o 5), palestras: das 8h30 &agrave;s 18h, feira: das 13h &agrave;s 20h.<b> <\/b><\/span><\/span><\/span><\/span><\/p>\r\n\r\n<p style=\"text-align:justify\"><span style=\"font-size:11pt\"><span style=\"line-height:normal\"><span style=\"font-family:Calibri,sans-serif\"><a href=\"http:\/\/www.techtextil-north-america.us.messefrankfurt.com\" style=\"color:blue; text-decoration:underline\"><b><span lang=\"EN-US\" style=\"font-size:14.0pt\">Techtextil North America 2024<\/span><\/b><\/a><span lang=\"EN-US\" style=\"font-size:14.0pt\">, August 20 &ndash; 24, Raleigh, North Carolina.<\/span><\/span><\/span><\/span><\/p>\r\n\r\n<p style=\"text-align:justify\"><span style=\"font-size:11pt\"><span style=\"line-height:normal\"><span style=\"font-family:Calibri,sans-serif\"><a href=\"http:\/\/www.fenasan.com.br\" style=\"color:blue; text-decoration:underline\"><b><span style=\"font-size:14.0pt\">Fenasan 2024 &ndash; Feira Nacional de Saneamento e Meio Ambiente<\/span><\/b><\/a><span style=\"font-size:14.0pt\">, 22 a 24 de outubro de 2024, Pavilh&otilde;es Verde e Vermelho, Expo Center Norte, S&atilde;o Paulo SP<\/span><\/span><\/span><\/span><\/p>\r\n\r\n<p style=\"text-align:justify\"><span style=\"font-size:11pt\"><span style=\"line-height:normal\"><span style=\"font-family:Calibri,sans-serif\"><a href=\"http:\/\/www.hospitalmed.com.br\" style=\"color:blue; text-decoration:underline\"><b><span style=\"font-size:14.0pt\">HospitalMed 2024<\/span><\/b><\/a><span style=\"font-size:14.0pt\">, 23 a 25 de outubro, das 14h &agrave;s 20h, no Pernambuco Centro de Conven&ccedil;&otilde;es<\/span><\/span><\/span><\/span><\/p>\r\n\r\n<p style=\"text-align:justify\"><span style=\"font-size:11pt\"><span style=\"line-height:normal\"><span style=\"font-family:Calibri,sans-serif\"><a href=\"http:\/\/www.congressoabit.com.br\" style=\"color:blue; text-decoration:underline\"><b><span style=\"font-size:14.0pt\">Congresso Internacional Abit 2024<\/span><\/b><\/a><span style=\"font-size:14.0pt\">, 30 e 31 de outubro, Salvador, Bahia<\/span><\/span><\/span><\/span><\/p>\r\n\r\n<p style=\"text-align:justify\"><span style=\"font-size:28pt\"><span style=\"font-family:Cambria,serif\"><span style=\"letter-spacing:-0.5pt\"><b><span lang=\"EN-US\" style=\"font-size:18.0pt\"><span style=\"font-family:&quot;Calibri&quot;,sans-serif\"><span style=\"font-variant:small-caps\">Setor<\/span><\/span><\/span><\/b><\/span><\/span><\/span><\/p>\r\n\r\n<p style=\"text-align:justify\"><span style=\"font-size:11pt\"><span style=\"line-height:normal\"><span style=\"font-family:Calibri,sans-serif\"><a href=\"https:\/\/www.nonwovens-industry.com\/issues\/2024-06-01\/view_features\/nonwovens-production-and-demand-gradually-recovers-in-china?utm_campaign=NON+Issue+Alert&amp;utm_medium=email&amp;_hsenc=p2ANqtz-8zM8HJK5tG0bYuzLpeYDLNffB-tfFRZQ1vpITfF_Mo-Ig8EEZVpgv6965ZnBWN9R2Q9td_wrs9KT6LrCA-1I76g4ABqQ&amp;_hsmi=311329226&amp;utm_content=311329226&amp;utm_source=hs_email\" style=\"color:blue; text-decoration:underline\"><span lang=\"EN-US\" style=\"font-size:14.0pt\">Nonwovens Production and Demand Gradually Recovers in China<\/span><\/a><\/span><\/span><\/span><\/p>\r\n\r\n<p style=\"text-align:justify\"><span style=\"font-size:11pt\"><span style=\"line-height:normal\"><span style=\"font-family:Calibri,sans-serif\"><a href=\"https:\/\/plasticosemrevista.com.br\/pp-china-dobra-exportacao-entre-janeiro-e-abril\/\" style=\"color:blue; text-decoration:underline\"><span style=\"font-size:14.0pt\">PP: China dobra exporta&ccedil;&atilde;o entre janeiro e abril<\/span><\/a><\/span><\/span><\/span><\/p>\r\n\r\n<p style=\"text-align:justify\"><span style=\"font-size:11pt\"><span style=\"line-height:normal\"><span style=\"font-family:Calibri,sans-serif\"><a href=\"https:\/\/mundodoplastico.plasticobrasil.com.br\/oportunidades\/serie-plastificando-combate-desinformacao-sobre-o-plastico-com-conteudo-de-qualidade\" style=\"color:blue; text-decoration:underline\"><span style=\"font-size:14.0pt\">S&eacute;rie &ldquo;Plastificando&rdquo; combate desinforma&ccedil;&atilde;o sobre o pl&aacute;stico com conte&uacute;do de qualidade<\/span><\/a><\/span><\/span><\/span><\/p>\r\n\r\n<p style=\"text-align:justify\"><span style=\"font-size:11pt\"><span style=\"line-height:normal\"><span style=\"font-family:Calibri,sans-serif\"><a href=\"https:\/\/www.nonwovens-industry.com\/contents\/view_features\/2024-06-06\/household-wipes-report-658286?utm_campaign=NON+Issue+Alert&amp;utm_medium=email&amp;_hsenc=p2ANqtz-9i6CRZfzdtMQOrPu1Ze6b_gwaOrQ-V5njD68HfLNg3Mq15wl6JqaQ_J2z2NijBRJGMZiNRh5VZyhisgOEfoc9WthH8Ag&amp;_hsmi=311329226&amp;utm_content=311329226&amp;utm_source=hs_email\" style=\"color:blue; text-decoration:underline\"><span lang=\"EN-US\" style=\"font-size:14.0pt\">Household Wipes Report<\/span><\/a><\/span><\/span><\/span><\/p>\r\n\r\n<p style=\"text-align:justify\"><span style=\"font-size:11pt\"><span style=\"line-height:normal\"><span style=\"font-family:Calibri,sans-serif\"><a href=\"https:\/\/cloud.itmf.org\/s\/MEkoHlagllVOvUj\" style=\"color:blue; text-decoration:underline\"><span lang=\"EN-US\" style=\"font-size:14.0pt\">26th ITMF Global Textile Industry Survey<\/span><\/a><\/span><\/span><\/span><\/p>\r\n\r\n<p style=\"text-align:justify\"><span style=\"font-size:11pt\"><span style=\"line-height:normal\"><span style=\"font-family:Calibri,sans-serif\"><a href=\"https:\/\/jornaldiadia.com.br\/movimento-plastico-transforma-lanca-webserie-com-historias-inspiradoras-de-pessoas-que-tiveram-suas-vidas-transformadas-pelo-plastico\/\" style=\"color:blue; text-decoration:underline\"><span style=\"font-size:14.0pt\">Movimento Pl&aacute;stico Transforma lan&ccedil;a webs&eacute;rie com hist&oacute;rias inspiradoras de pessoas que tiveram suas vidas transformadas pelo pl&aacute;stico<\/span><\/a><\/span><\/span><\/span><\/p>\r\n\r\n<p style=\"text-align:justify\"><span style=\"font-size:11pt\"><span style=\"line-height:normal\"><span style=\"font-family:Calibri,sans-serif\"><a href=\"https:\/\/sinditextilsp.org.br\/home\/2024\/06\/coalizao-empresarial-do-polo-textil-entrega-documento-ao-governador\/\" style=\"color:blue; text-decoration:underline\"><span style=\"font-size:14.0pt\">Coaliz&atilde;o Empresarial do Polo T&ecirc;xtil entrega documento ao Governador<\/span><\/a><\/span><\/span><\/span><\/p>\r\n\r\n<p style=\"text-align:justify\"><span style=\"font-size:11pt\"><span style=\"line-height:normal\"><span style=\"font-family:Calibri,sans-serif\"><a href=\"https:\/\/mundodoplastico.plasticobrasil.com.br\/oportunidades\/fabricacao-do-pvc-no-brasil-completa-70-anos\" style=\"color:blue; text-decoration:underline\"><span style=\"font-size:14.0pt\">Fabrica&ccedil;&atilde;o do PVC no Brasil completa 70 anos<\/span><\/a><\/span><\/span><\/span><\/p>\r\n\r\n<p style=\"text-align:justify\"><b style=\"letter-spacing: -0.5pt; font-family: Cambria, serif; font-size: 28pt;\"><span style=\"font-size:18.0pt\"><span style=\"font-family:&quot;Calibri&quot;,sans-serif\"><span style=\"font-variant-numeric: normal; font-variant-east-asian: normal; font-variant-caps: small-caps; font-variant-alternates: normal; font-variant-position: normal;\">Ind&uacute;stria<\/span><\/span><\/span><\/b><\/p>\r\n\r\n<p style=\"text-align:justify\"><span style=\"font-size:11pt\"><span style=\"line-height:normal\"><span style=\"font-family:Calibri,sans-serif\"><a href=\"https:\/\/petronoticias.com.br\/associacoes-setoriais-contestam-o-aumento-de-30-nas-tarifas-de-transporte-da-nts\/\" style=\"color:blue; text-decoration:underline\"><span style=\"font-size:14.0pt\">Associa&ccedil;&otilde;es setoriais contestam o aumento de 30% nas tarifas de transporte da NTS<\/span><\/a><\/span><\/span><\/span><\/p>\r\n\r\n<p style=\"text-align:justify\"><span style=\"font-size:11pt\"><span style=\"line-height:normal\"><span style=\"font-family:Calibri,sans-serif\"><a href=\"https:\/\/noticias.portaldaindustria.com.br\/noticias\/economia\/industria-da-construcao-tem-intencao-de-investir-em-obras-de-infraestrutura-diz-cni\/\" style=\"color:blue; text-decoration:underline\"><span style=\"font-size:14.0pt\">Ind&uacute;stria da constru&ccedil;&atilde;o tem inten&ccedil;&atilde;o de investir em obras de infraestrutura, diz CNI<\/span><\/a><\/span><\/span><\/span><\/p>\r\n\r\n<p style=\"text-align:justify\"><span style=\"font-size:11pt\"><span style=\"line-height:normal\"><span style=\"font-family:Calibri,sans-serif\"><a href=\"https:\/\/noticias.portaldaindustria.com.br\/noticias\/economia\/indice-que-mede-confianca-na-industria-cai-em-19-de-29-setores-aponta-cni\/\" style=\"color:blue; text-decoration:underline\"><span style=\"font-size:14.0pt\">&Iacute;ndice que mede confian&ccedil;a na ind&uacute;stria cai em 19 de 29 setores, aponta CNI<\/span><\/a><\/span><\/span><\/span><\/p>\r\n\r\n<p style=\"text-align:justify\"><span style=\"font-size:11pt\"><span style=\"line-height:normal\"><span style=\"font-family:Calibri,sans-serif\"><a href=\"https:\/\/portalibre.fgv.br\/system\/files\/divulgacao\/noticias\/mat-complementar\/2024-06\/Sondagem%20da%20Construcao%20FGV_press%20release_Jun24.pdf\" style=\"color:blue; text-decoration:underline\"><span style=\"font-size:14.0pt\">&Iacute;ndice Confian&ccedil;a do Constru&ccedil;&atilde;o ficou est&aacute;vel em junho<\/span><\/a><\/span><\/span><\/span><\/p>\r\n\r\n<p style=\"text-align:justify\"><span style=\"font-size:28pt\"><span style=\"font-family:Cambria,serif\"><span style=\"letter-spacing:-0.5pt\"><b><span lang=\"EN-US\" style=\"font-size:18.0pt\"><span style=\"font-family:&quot;Calibri&quot;,sans-serif\"><span style=\"font-variant:small-caps\">Sustentabilidade<\/span><\/span><\/span><\/b><\/span><\/span><\/span><\/p>\r\n\r\n<p style=\"text-align:justify\"><span style=\"font-size:11pt\"><span style=\"line-height:normal\"><span style=\"font-family:Calibri,sans-serif\"><a href=\"https:\/\/www.nonwovens-industry.com\/contents\/view_features\/2024-06-06\/going-green-natural-absorbent-hygiene-products-continue-to-evolve?utm_campaign=NON+Issue+Alert&amp;utm_medium=email&amp;_hsenc=p2ANqtz-_UdmanR527f4hKGlHhFnKQqU_KxsXmEuixH1zYtJyRyrNt7_go1SvDWYUMThwJ3KEOUJ7Y1YC-WfYAGMSgUJuIpXFF1g&amp;_hsmi=311329226&amp;utm_content=311329226&amp;utm_source=hs_email\" style=\"color:blue; text-decoration:underline\"><span lang=\"EN-US\" style=\"font-size:14.0pt\">Going Green: Natural Absorbent Hygiene Products Continue to Evolve<\/span><\/a><\/span><\/span><\/span><\/p>\r\n\r\n<p style=\"text-align:justify\"><span style=\"font-size:11pt\"><span style=\"line-height:normal\"><span style=\"font-family:Calibri,sans-serif\"><a href=\"https:\/\/www.meiofiltrante.com.br\/Noticia\/124415\/programa-descarte-consciente-abrafiltros-ja-reciclou-4155058-filtros-usados-do-oleo-lubrificante-automotivo\" style=\"color:blue; text-decoration:underline\"><span style=\"font-size:14.0pt\">Programa Descarte Consciente Abrafiltros j&aacute; reciclou 4.155.058 filtros usados do &oacute;leo lubrificante automotivo<\/span><\/a><\/span><\/span><\/span><\/p>\r\n\r\n<p style=\"text-align:justify\"><span style=\"font-size:11pt\"><span style=\"line-height:normal\"><span style=\"font-family:Calibri,sans-serif\"><a href=\"https:\/\/www.conjur.com.br\/2024-jun-21\/stf-vai-reiniciar-analise-sobre-credito-de-pis-e-cofins-na-compra-de-reciclaveis\/\" style=\"color:blue; text-decoration:underline\"><span style=\"font-size:14.0pt\">STF vai reiniciar an&aacute;lise sobre cr&eacute;dito de PIS e Cofins na compra de recicl&aacute;veis<\/span><\/a><\/span><\/span><\/span><\/p>\r\n\r\n<p style=\"text-align:justify\"><span style=\"font-size:11pt\"><span style=\"line-height:normal\"><span style=\"font-family:Calibri,sans-serif\"><a href=\"https:\/\/correiodoscampos.com.br\/ponta-grossa\/2024\/06\/21\/ponta-grossa-tera-a-maior-fabrica-de-reciclagem-de-resina-pet-do-sul-do-brasil\" style=\"color:blue; text-decoration:underline\"><span style=\"font-size:14.0pt\">Ponta Grossa ter&aacute; a maior f&aacute;brica de reciclagem de resina PET do sul do Brasil<\/span><\/a><\/span><\/span><\/span><\/p>\r\n\r\n<p style=\"text-align:justify\"><span style=\"font-size:28pt\"><span style=\"font-family:Cambria,serif\"><span style=\"letter-spacing:-0.5pt\"><b><span style=\"font-size:18.0pt\"><span style=\"font-family:&quot;Calibri&quot;,sans-serif\"><span style=\"font-variant:small-caps\">Inova&ccedil;&atilde;o<\/span><\/span><\/span><\/b><\/span><\/span><\/span><\/p>\r\n\r\n<p style=\"text-align:justify\"><span style=\"font-size:11pt\"><span style=\"line-height:normal\"><span style=\"font-family:Calibri,sans-serif\"><a href=\"https:\/\/www.inovacaotecnologica.com.br\/noticias\/noticia.php?artigo=tecidos-gelatina-faca-voce-mesmo&amp;id=010160240619&amp;ebol=sim\" style=\"color:blue; text-decoration:underline\"><span style=\"font-size:14.0pt\">Vista e depois recicle: Tecidos de gelatina no estilo Fa&ccedil;a Voc&ecirc; Mesmo<\/span><\/a><\/span><\/span><\/span><\/p>\r\n\r\n<p style=\"text-align:justify\"><span style=\"font-size:11pt\"><span style=\"line-height:normal\"><span style=\"font-family:Calibri,sans-serif\"><a href=\"https:\/\/vale.com\/w\/fabrica-que-produz-controle-ambiental-a-base-de-plastico-pet-comeca-a-funcionar-no-es-1\" style=\"color:blue; text-decoration:underline\"><span style=\"font-size:14.0pt\">F&aacute;brica que produz controle ambiental &agrave; base de pl&aacute;stico PET come&ccedil;a a funcionar no Esp&iacute;rito Santo<\/span><\/a><\/span><\/span><\/span><\/p>\r\n\r\n<p style=\"text-align:justify\"><span style=\"font-size:11pt\"><span style=\"line-height:normal\"><span style=\"font-family:Calibri,sans-serif\"><a href=\"https:\/\/avozdaindustria.com.br\/gestao\/principais-avancos-na-industria-brasileira-com-industria-40?utm_campaign=BRZ24AVD-LB-Newsletter%20%2386&amp;utm_emailname=BRZ24AVD-LB-Newsletter%20%2386&amp;utm_medium=email&amp;utm_source=eloqua&amp;utm_MDMContactID=2bb3d23c-a32f-4218-88d5-29f7fb45caee&amp;utm_campaigntype=Newsletter&amp;eM=50c7dfe42c38ea8f10539f0a167fc763253059e495554a32db7a57f8f237ec4c&amp;eventSeriesCode=ES_FEIMEC&amp;eventEditionCode=BRZ24FEI&amp;sessionCode=S_AVDINDNWSLTR&amp;sp_eh=50c7dfe42c38ea8f10539f0a167fc763253059e495554a32db7a57f8f237ec4c\" style=\"color:blue; text-decoration:underline\"><span style=\"font-size:14.0pt\">Principais avan&ccedil;os na ind&uacute;stria brasileira com a Ind&uacute;stria 4.0<\/span><\/a><\/span><\/span><\/span><\/p>\r\n\r\n<p style=\"text-align:justify\"><span style=\"font-size:28pt\"><span style=\"font-family:Cambria,serif\"><span style=\"letter-spacing:-0.5pt\"><b><span style=\"font-size:18.0pt\"><span style=\"font-family:&quot;Calibri&quot;,sans-serif\"><span style=\"font-variant:small-caps\">Com&eacute;rcio Exterior<\/span><\/span><\/span><\/b><\/span><\/span><\/span><\/p>\r\n\r\n<p style=\"text-align:justify\"><span style=\"font-size:11pt\"><span style=\"line-height:normal\"><span style=\"font-family:Calibri,sans-serif\"><a href=\"https:\/\/plasticosemrevista.com.br\/alta-proposta-de-impostos-para-importar-quimicos-e-plasticos-vai-repercutir-na-inflacao-alerta-paulo-engler-da-abipla\/\" style=\"color:blue; text-decoration:underline\"><span style=\"font-size:14.0pt\">&ldquo;Alta proposta de impostos para importar qu&iacute;micos e pl&aacute;sticos vai repercutir na infla&ccedil;&atilde;o&rdquo;, alerta Paulo Engler, da Abipla<\/span><\/a><\/span><\/span><\/span><\/p>\r\n\r\n<p style=\"text-align:justify\"><span style=\"font-size:11pt\"><span style=\"line-height:normal\"><span style=\"font-family:Calibri,sans-serif\"><a href=\"https:\/\/www.gov.br\/mdic\/pt-br\/assuntos\/noticias\/2024\/junho\/novas-regras-para-o-regime-de-origem-do-mercosul-facilitam-o-comercio-intrabloco-a-partir-de-18-de-julho\" style=\"color:blue; text-decoration:underline\"><span style=\"font-size:14.0pt\">Novas regras para o Regime de Origem do Mercosul facilitam o com&eacute;rcio intrabloco a partir de 18 de julho<\/span><\/a><\/span><\/span><\/span><\/p>\r\n\r\n<p style=\"text-align:justify\"><span style=\"font-size:11pt\"><span style=\"line-height:normal\"><span style=\"font-family:Calibri,sans-serif\"><a href=\"https:\/\/apexbrasil.com.br\/br\/pt\/conteudo\/noticias\/Confira-os-servicos-do-setor-logistico-portuario-na-plataforma-Brasil-Exportacao.html#msdynttrid=bK2dQxspQTb8fe0ehj2AiY1qk9tHRc5czK_ZW_MhGIo\" style=\"color:blue; text-decoration:underline\"><span style=\"font-size:14.0pt\">Confira os servi&ccedil;os do setor log&iacute;stico-portu&aacute;rio na plataforma Brasil Exporta&ccedil;&atilde;o<\/span><\/a><\/span><\/span><\/span><\/p>\r\n\r\n<p style=\"text-align:justify\">&nbsp;<\/p>\r\n\r\n<p style=\"text-align:justify\"><span style=\"font-size:11pt\"><span style=\"line-height:normal\"><span style=\"font-family:Calibri,sans-serif\"><span class=\"MsoHyperlink\" style=\"color:blue\"><span style=\"text-decoration:underline\"><span style=\"font-size:14.0pt\"><a href=\"https:\/\/parauapebas.pa.gov.br\/destaque\/prosap-investe-em-protecao-de-solo-no-aterro-de-residuos-de-obras\/\" style=\"color:blue; text-decoration:underline\">Par&aacute;: Prosap investe em prote&ccedil;&atilde;o de solo no Aterro de Res&iacute;duos de obras<\/a><\/span><\/span><\/span><\/span><\/span><\/span><\/p>\r\n\r\n<p style=\"text-align:justify\"><span style=\"font-size:11pt\"><span style=\"line-height:normal\"><span style=\"font-family:Calibri,sans-serif\"><span class=\"MsoHyperlink\" style=\"color:blue\"><span style=\"text-decoration:underline\"><span style=\"font-size:14.0pt\"><a href=\"https:\/\/niteroi.rj.gov.br\/2024\/06\/18\/prefeitura-de-niteroi-conclui-obras-de-contencao-no-caranguejo\/\" style=\"color:blue; text-decoration:underline\">Prefeitura de Niter&oacute;i (RJ) conclui obras de conten&ccedil;&atilde;o no Caranguejo<\/a><\/span><\/span><\/span><\/span><\/span><\/span><\/p>\r\n\r\n<p style=\"text-align:justify\"><span style=\"font-size:28pt\"><span style=\"font-family:Cambria,serif\"><span style=\"letter-spacing:-0.5pt\"><b><span style=\"font-size:18.0pt\"><span style=\"font-family:&quot;Calibri&quot;,sans-serif\"><span style=\"font-variant:small-caps\">Economia<\/span><\/span><\/span><\/b><\/span><\/span><\/span><\/p>\r\n\r\n<p style=\"text-align:justify\"><span style=\"font-size:11pt\"><span style=\"line-height:normal\"><span style=\"font-family:Calibri,sans-serif\"><a href=\"https:\/\/www.bcb.gov.br\/content\/focus\/focus\/R20240621.pdf\" style=\"color:blue; text-decoration:underline\"><span style=\"font-size:14.0pt\">Focus - Relat&oacute;rio de Mercado<\/span><\/a><\/span><\/span><\/span><\/p>\r\n\r\n<p style=\"text-align:justify\"><img src=\"https:\/\/www.abint.org.br\/assets\/img\/editor\/redes-sociais-abint-ctg-cth_202406041400398QFSSawN2a.jpg\" \/><\/p>\r\n","6":"<p style=\"text-align:justify\"><span style=\"font-size:11pt\"><span style=\"line-height:normal\"><span style=\"font-family:Calibri,sans-serif\"><span style=\"font-size:14.0pt\">Esta &eacute; uma compila&ccedil;&atilde;o das not&iacute;cias mais relevantes para o setor, incluindo informa&ccedil;&otilde;es sobre acordos internacionais, economia brasileira, sustentabilidade e mat&eacute;rias primas, al&eacute;m de novidades do setor de N&atilde;otecidos e Tecidos T&eacute;cnicos.<\/span><\/span><\/span><\/span><\/p>\r\n\r\n<p style=\"text-align:justify\"><span style=\"font-size:28pt\"><span style=\"font-family:Cambria,serif\"><span style=\"letter-spacing:-0.5pt\"><b><span style=\"font-size:18.0pt\"><span style=\"font-family:&quot;Calibri&quot;,sans-serif\"><span style=\"font-variant:small-caps\">O que vem por a&iacute;<\/span><\/span><\/span><\/b><\/span><\/span><\/span><\/p>\r\n\r\n<p style=\"text-align:justify\"><span style=\"font-size:28pt\"><span style=\"font-family:Cambria,serif\"><span style=\"letter-spacing:-0.5pt\"><b><span style=\"font-size:18.0pt\"><span style=\"font-family:&quot;Calibri&quot;,sans-serif\"><span style=\"font-variant:small-caps\"><img src=\"https:\/\/www.abint.org.br\/assets\/img\/editor\/abint-logo-2020-g_20240705114928gROPSoOxS7.png\" style=\"width: 300px; height: 69px;\" \/><\/span><\/span><\/span><\/b><\/span><\/span><\/span><\/p>\r\n\r\n<p style=\"text-align:justify\"><span style=\"font-size:28pt\"><span style=\"font-family:Cambria,serif\"><span style=\"letter-spacing:-0.5pt\"><b><span style=\"font-size:18.0pt\"><span style=\"font-family:&quot;Calibri&quot;,sans-serif\"><span style=\"font-variant:small-caps\"><img src=\"https:\/\/www.abint.org.br\/assets\/img\/editor\/post-quadrado-curso-naotecido_20240705115006cgML2ntk5Z.jpg\" style=\"width: 500px; height: 500px;\" \/><\/span><\/span><\/span><\/b><\/span><\/span><\/span><\/p>\r\n\r\n<p style=\"text-align:justify\"><span style=\"font-size:11pt\"><span style=\"line-height:normal\"><span style=\"font-family:Calibri,sans-serif\"><a href=\"https:\/\/forms.office.com\/r\/5DrqtK5n3Y\" style=\"color:blue; text-decoration:underline\"><span style=\"font-size:14.0pt\">Informa&ccedil;&otilde;es e inscri&ccedil;&otilde;es<\/span><\/a><\/span><\/span><\/span><\/p>\r\n\r\n<p style=\"text-align:justify\">&nbsp;<\/p>\r\n\r\n<p style=\"text-align:justify\"><span style=\"font-size:11pt\"><span style=\"line-height:normal\"><span style=\"font-family:Calibri,sans-serif\"><span style=\"font-size:14.0pt\"><img src=\"https:\/\/www.abint.org.br\/assets\/img\/editor\/logo-ctg-abint-png_20240705115053Hsgqk9Nr1V.png\" style=\"width: 300px; height: 55px;\" \/><\/span><\/span><\/span><\/span><\/p>\r\n\r\n<p style=\"text-align:justify\">&nbsp;<\/p>\r\n\r\n<p style=\"text-align:justify\"><span style=\"font-size:11pt\"><span style=\"line-height:normal\"><span style=\"font-family:Calibri,sans-serif\"><span style=\"font-size:14.0pt\"><img src=\"https:\/\/www.abint.org.br\/assets\/img\/editor\/e-mail-mkt-curso-instal-gm-2024_20240705115143EY6nG3FVy7.jpeg\" style=\"width: 700px; height: 350px;\" \/><\/span><\/span><\/span><\/span><\/p>\r\n\r\n<p style=\"text-align:justify\"><a href=\"https:\/\/abrir.link\/qpYXB\"><span style=\"font-size:11pt\"><span style=\"line-height:normal\"><span style=\"font-family:Calibri,sans-serif\"><span style=\"font-size:14.0pt\">Informa&ccedil;&otilde;es e inscri&ccedil;&otilde;es<\/span><\/span><\/span><\/span><\/a><\/p>\r\n\r\n<p style=\"text-align:justify\"><img src=\"https:\/\/www.abint.org.br\/assets\/img\/editor\/20240924-cobramseg-2024_20240705115349kAuwPxusrL.png\" \/><\/p>\r\n\r\n<p style=\"text-align:justify\"><span style=\"font-size:11pt\"><span style=\"line-height:normal\"><span style=\"font-family:Calibri,sans-serif\"><b><span style=\"font-size:14.0pt\">O CTG ABINT &eacute; um dos patrocinadores da 21&ordf; edi&ccedil;&atilde;o do Cobramseg &ndash; Congresso Brasileiro de Mec&acirc;nica dos Solos e Engenharia Geot&eacute;cnica.<\/span><\/b><\/span><\/span><\/span><\/p>\r\n\r\n<p style=\"text-align:justify\"><span style=\"font-size:11pt\"><span style=\"line-height:normal\"><span style=\"font-family:Calibri,sans-serif\"><span style=\"font-size:14.0pt\">&ldquo;<i>Nos reunimos para celebrar a Mec&acirc;nica dos Solos e das Rochas, da GeoEngenharia! Academia, Ind&uacute;stria e &Oacute;rg&atilde;os Gestores unidos para expor seus avan&ccedil;os t&eacute;cnicos e cient&iacute;ficos. Um ambiente rico e diverso que nos permite debater solu&ccedil;&otilde;es e a&ccedil;&otilde;es de forma a fortalecer nossa comunidade geot&eacute;cnica, visando proporcionar um desenvolvimento mais sustent&aacute;vel e seguro para a nossa sociedade<\/i>.&rdquo; V&iacute;tor Pereira Faro, Presidente do COBRAMSEG 2024<\/span><\/span><\/span><\/span><\/p>\r\n\r\n<p style=\"text-align:justify\"><span style=\"font-size:11pt\"><span style=\"line-height:normal\"><span style=\"font-family:Calibri,sans-serif\"><a href=\"http:\/\/www.cobramseg.com.br\" style=\"color:blue; text-decoration:underline\"><span style=\"font-size:14.0pt\">www.cobramseg.com.br<\/span><\/a> <\/span><\/span><\/span><\/p>\r\n\r\n<p style=\"text-align:justify\">&nbsp;<\/p>\r\n\r\n<p style=\"text-align:justify\"><span style=\"font-size:11pt\"><span style=\"line-height:normal\"><span style=\"font-family:Calibri,sans-serif\"><span style=\"font-size:14.0pt\"><img src=\"https:\/\/www.abint.org.br\/assets\/img\/editor\/fenasan-2024_20240705115455QKUffU5MpN.jpg\" style=\"width: 700px; height: 249px;\" \/><\/span><\/span><\/span><\/span><\/p>\r\n\r\n<p style=\"text-align:justify\">&nbsp;<\/p>\r\n\r\n<p style=\"text-align:justify\"><span style=\"font-size:11pt\"><span style=\"line-height:normal\"><span style=\"font-family:Calibri,sans-serif\"><span style=\"font-size:14.0pt\">O <b>CTG ABINT apoia a Feira Nacional de Saneamento e Meio Ambiente &ndash; Fenasan e do 35&ordm; Encontro T&eacute;cnico AESabesp, que ocorrer&atilde;o de 22 a 24 de outubro de 2024<\/b>, no Pavilh&atilde;o Verde e Vermelho, no Expo Center Norte, em S&atilde;o Paulo. Trata-se do maior evento de saneamento da Am&eacute;rica Latin. A realiza&ccedil;&atilde;o &eacute; da AESabesp &ndash; Associa&ccedil;&atilde;o dos Engenheiros da Sabesp.<\/span><\/span><\/span><\/span><\/p>\r\n\r\n<p style=\"text-align:justify\"><span style=\"font-size:11pt\"><span style=\"line-height:normal\"><span style=\"font-family:Calibri,sans-serif\"><i><span style=\"font-size:14.0pt\">O tema central desta edi&ccedil;&atilde;o &eacute; &ldquo;Saneamento ambiental: condi&ccedil;&atilde;o fundamental para o enfrentamento das mudan&ccedil;as clim&aacute;ticas&rdquo;. Com um p&uacute;blico tradicionalmente de 22 mil visitantes e alinhada aos ODS &ndash; Objetivos de Desenvolvimento Sustent&aacute;vel estabelecidos pela ONU e aos conceitos de ESG, a edi&ccedil;&atilde;o 2024 continuar&aacute; ampliando o di&aacute;logo em torno das quest&otilde;es de saneamento ambiental, meio ambiente e sustentabilidade e promovendo o compartilhamento de conhecimento altamente qualificado.<\/span><\/i><\/span><\/span><\/span><\/p>\r\n\r\n<p style=\"text-align:justify\"><span style=\"font-size:11pt\"><span style=\"line-height:normal\"><span style=\"font-family:Calibri,sans-serif\"><a href=\"http:\/\/www.fenasan.com.br\" style=\"color:blue; text-decoration:underline\"><span style=\"font-size:14.0pt\">www.fenasan.com.br<\/span><\/a> <\/span><\/span><\/span><\/p>\r\n\r\n<p style=\"text-align:justify\">&nbsp;<\/p>\r\n\r\n<p style=\"text-align:justify\"><img src=\"https:\/\/www.abint.org.br\/assets\/img\/editor\/cth-logo-alta-jpg_20240705115727V8RKLjodM5.jpg\" style=\"width: 300px; height: 68px;\" \/><\/p>\r\n\r\n<p style=\"text-align:justify\"><img src=\"https:\/\/www.abint.org.br\/assets\/img\/editor\/hospitalmed-2024-logo_20240705115809NrbMDDw4HB.png\" style=\"width: 500px; height: 448px;\" \/><\/p>\r\n\r\n<p style=\"text-align:justify\"><span style=\"font-size:11pt\"><span style=\"line-height:normal\"><span style=\"font-family:Calibri,sans-serif\"><b><span style=\"font-size:12.0pt\">O CTH ABINT &eacute; um dos patrocinadores da HospitalMed 2024.<\/span><\/b><\/span><\/span><\/span><\/p>\r\n\r\n<p style=\"text-align:justify\"><span style=\"font-size:11pt\"><span style=\"line-height:normal\"><span style=\"font-family:Calibri,sans-serif\"><span style=\"font-size:12.0pt\">&ldquo;<i>A melhor e Mais Completa Feira de Sa&uacute;de do Norte\/Nordeste<\/i>&rdquo;, &eacute; uma realiza&ccedil;&atilde;o da HospitalMed Feiras &amp; Eventos e da Insight Feiras de Neg&oacute;cios.<\/span><\/span><\/span><\/span><\/p>\r\n\r\n<p style=\"text-align:justify\"><span style=\"font-size:11pt\"><span style=\"line-height:normal\"><span style=\"font-family:Calibri,sans-serif\"><i><span style=\"font-size:12.0pt\">&ldquo;O <b>re&uacute;ne toda a cadeia produtiva do setor de sa&uacute;de das regi&otilde;es Norte\/Nordeste<\/b>. &Eacute; o grande encontro de fornecedores de Produtos, Equipamentos, Servi&ccedil;os, Tecnologia e Conte&uacute;do para Hospitais, Laborat&oacute;rios, Farm&aacute;cias, Cl&iacute;nicas, Consult&oacute;rios e Profissionais da Sa&uacute;de&rdquo;.<\/span><\/i><\/span><\/span><\/span><\/p>\r\n\r\n<p style=\"text-align:justify\"><span style=\"font-size:11.0pt\"><span style=\"line-height:115%\"><span style=\"font-family:&quot;Calibri&quot;,sans-serif\"><a href=\"http:\/\/www.hospitalmed.com.br\" style=\"color:blue; text-decoration:underline\"><span style=\"font-size:14.0pt\"><span style=\"line-height:115%\">www.hospitalmed.com.br<\/span><\/span><\/a><\/span><\/span><\/span><\/p>\r\n\r\n<p style=\"text-align:justify\"><span style=\"font-size:28pt\"><span style=\"font-family:Cambria,serif\"><span style=\"letter-spacing:-0.5pt\"><b><span style=\"font-size:18.0pt\"><span style=\"font-family:&quot;Calibri&quot;,sans-serif\"><span style=\"font-variant:small-caps\">Not&iacute;cias das Associadas<\/span><\/span><\/span><\/b><\/span><\/span><\/span><\/p>\r\n\r\n<p style=\"text-align:justify\"><span style=\"font-size:11pt\"><span style=\"line-height:normal\"><span style=\"font-family:Calibri,sans-serif\"><a href=\"https:\/\/www.linkedin.com\/feed\/update\/urn:li:activity:7206717912953286656\/\" style=\"color:blue; text-decoration:underline\"><span style=\"font-size:14.0pt\">ABINT, com outras 15 entidades, assina Manifesto contr&aacute;rio &agrave;s eleva&ccedil;&otilde;es tarif&aacute;rias de insumos qu&iacute;micos<\/span><\/a><\/span><\/span><\/span><\/p>\r\n\r\n<p style=\"text-align:justify\"><span style=\"font-size:11pt\"><span style=\"line-height:normal\"><span style=\"font-family:Calibri,sans-serif\"><span style=\"font-size:14.0pt\"><img src=\"https:\/\/www.abint.org.br\/assets\/img\/editor\/20240612-manifesto-contra-tarifaco-de-insumos-quimicos_20240705120259uC4xBRS4Du.jpg\" style=\"width: 700px; height: 1265px;\" \/><\/span><\/span><\/span><\/span><\/p>\r\n\r\n<p><span style=\"font-size:11pt\"><span style=\"line-height:normal\"><span style=\"font-family:Calibri,sans-serif\"><a href=\"https:\/\/www.revistatae.com.br\/Noticia\/85387\/geomembranas-sao-utilizadas-para-impermeabilizacao-de-lagoas-e-nas-areas-de-disposicao-de-rejeitos\" style=\"color:blue; text-decoration:underline\"><span style=\"font-size:14.0pt\">Geomembranas s&atilde;o utilizadas para impermeabiliza&ccedil;&atilde;o de lagoas e nas &aacute;reas de disposi&ccedil;&atilde;o de rejeitos<\/span><\/a><\/span><\/span><\/span><\/p>\r\n\r\n<p><span style=\"font-size:11pt\"><span style=\"line-height:normal\"><span style=\"font-family:Calibri,sans-serif\"><a href=\"https:\/\/www.innovationintextiles.com\/fibres-yarns-fabrics\/andritz-exploring-options-for-finnish-wood-with-mets-group\/\" style=\"color:blue; text-decoration:underline\"><span lang=\"EN-US\" style=\"font-size:14.0pt\">Andritz exploring options for Finnish wood with Mets&auml; Group<\/span><\/a><\/span><\/span><\/span><\/p>\r\n\r\n<p><span style=\"font-size:11pt\"><span style=\"line-height:normal\"><span style=\"font-family:Calibri,sans-serif\"><a href=\"https:\/\/www.nonwovens-industry.com\/live-from-shows\/world-of-wipes\/2024-06-18\/fibertex-nonwovens-presents-multilayer-technologies\" style=\"color:blue; text-decoration:underline\"><span style=\"font-size:14.0pt\">Fibertex Nonwovens Presents Multilayer Technologies<\/span><\/a><\/span><\/span><\/span><\/p>\r\n\r\n<p><span style=\"font-size:11pt\"><span style=\"line-height:normal\"><span style=\"font-family:Calibri,sans-serif\"><a href=\"https:\/\/plasticosemrevista.com.br\/indorama-fecha-complexo-quimico-na-australia\/\" style=\"color:blue; text-decoration:underline\"><span style=\"font-size:14.0pt\">Indorama fecha complexo qu&iacute;mico na Austr&aacute;lia<\/span><\/a><\/span><\/span><\/span><\/p>\r\n\r\n<p style=\"text-align:justify\">&nbsp;<\/p>\r\n\r\n<p style=\"text-align:justify\"><span style=\"font-size:11pt\"><span style=\"line-height:normal\"><span style=\"font-family:Calibri,sans-serif\"><b><span style=\"font-size:18.0pt\"><span style=\"font-variant:small-caps\">Eventos<\/span><\/span><\/b><\/span><\/span><\/span><\/p>\r\n\r\n<p style=\"text-align:justify\"><span style=\"font-size:11pt\"><span style=\"line-height:normal\"><span style=\"font-family:Calibri,sans-serif\"><a href=\"https:\/\/produtos.institutoabit.org.br\/prod\/ef63818b-301b-4aca-8c95-0e3ad4bc1abf?utm_campaign=convite_workshop_regra_de_origem_-_07062024&amp;utm_medium=email&amp;utm_source=RD+Station\" style=\"color:blue; text-decoration:underline\"><b><span style=\"font-size:14.0pt\">Workshop | Regra de Origem - elemento estrat&eacute;gico para acessar mercados externos<\/span><\/b><\/a><span style=\"font-size:14.0pt\">, 26 de junho de 2024, 10h &agrave;s 12h, evento online.<\/span><\/span><\/span><\/span><\/p>\r\n\r\n<p style=\"text-align:justify\"><span style=\"font-size:11pt\"><span style=\"line-height:normal\"><span style=\"font-family:Calibri,sans-serif\"><a href=\"https:\/\/info.vdibrasil.com\/save-the-date-siep-2024?utm_campaign=6558_emkt_campanhasiep_vdi&amp;utm_medium=email&amp;utm_source=RD+Station\" style=\"color:blue; text-decoration:underline\"><b><span style=\"font-size:14.0pt\">XIII Simp&oacute;sio Internacional de Excel&ecirc;ncia em Produ&ccedil;&atilde;o: &ldquo;Energias Renov&aacute;veis&rdquo;<\/span><\/b><\/a><span style=\"font-size:14.0pt\">, 28 de junho de 2024, Universidade Mackenzie, S&atilde;o Paulo<\/span><\/span><\/span><\/span><\/p>\r\n\r\n<p style=\"text-align:justify\"><span style=\"font-size:11pt\"><span style=\"line-height:normal\"><span style=\"font-family:Calibri,sans-serif\"><a href=\"http:\/\/www.ihi.ensinoeinstein.com\" style=\"color:blue; text-decoration:underline\"><b><span style=\"font-size:14.0pt\">IHI 2024 - 9&ordm; F&oacute;rum Latino-Americano de Qualidade e Seguran&ccedil;a na Sa&uacute;de<\/span><\/b><\/a><span style=\"font-size:14.0pt\">, 09 a 11 de julho de 2024, evento h&iacute;brido, Centro de Ensino e Pesquisa Albert Einstein, Campus Cec&iacute;lia e Abram Szajman, Rua Comendador Elias Jafet, 755, Morumbi, S&atilde;o Paulo\/SP<\/span><\/span><\/span><\/span><\/p>\r\n\r\n<p style=\"text-align:justify\"><span style=\"font-size:11pt\"><span style=\"line-height:normal\"><span style=\"font-family:Calibri,sans-serif\"><a href=\"http:\/\/www.construnordeste.com.br\" style=\"color:blue; text-decoration:underline\"><b><span style=\"font-size:14.0pt\">Constru Nordeste<\/span><\/b><\/a><span style=\"font-size:14.0pt\">, 31 de julho a 02 de agosto de 2024, Centro de Conven&ccedil;&otilde;es Salvador, Bahia<\/span><\/span><\/span><\/span><\/p>\r\n\r\n<p><img src=\"https:\/\/www.abint.org.br\/assets\/img\/editor\/abtt-academy-curso-compras-texteis-hospitalares_20240604135954xriEyS8abD.jpg\" style=\"width: 500px; height: 500px;\" \/><\/p>\r\n\r\n<p><a href=\"https:\/\/docs.google.com\/forms\/d\/e\/1FAIpQLSeG7zdl8xZpguBFbIdqyMS61mxfjvFjKOQ3EUqnWgC1RUcAug\/viewform\">Informa&ccedil;&otilde;es e inscri&ccedil;&otilde;es<\/a><\/p>\r\n\r\n<p>&nbsp;<\/p>\r\n\r\n<p style=\"text-align:justify\"><span style=\"font-size:11pt\"><span style=\"line-height:normal\"><span style=\"font-family:Calibri,sans-serif\"><a href=\"http:\/\/www.feiplar.com\" style=\"color:blue; text-decoration:underline\"><b><span style=\"font-size:14.0pt\">FEIPLAR COMPOSITES &amp; FEIPUR &ndash; Feira e Congresso Internacionais de Composites, Poliuretano, Pl&aacute;sticos de Engenharia e Compostos Termopl&aacute;sticos<\/span><\/b><\/a><span style=\"font-size:14.0pt\">, 20 a 22 de agosto de 2024, S&atilde;o Paulo Expo (Pavilh&atilde;o 5), palestras: das 8h30 &agrave;s 18h, feira: das 13h &agrave;s 20h.<b> <\/b><\/span><\/span><\/span><\/span><\/p>\r\n\r\n<p style=\"text-align:justify\"><span style=\"font-size:11pt\"><span style=\"line-height:normal\"><span style=\"font-family:Calibri,sans-serif\"><a href=\"http:\/\/www.techtextil-north-america.us.messefrankfurt.com\" style=\"color:blue; text-decoration:underline\"><b><span lang=\"EN-US\" style=\"font-size:14.0pt\">Techtextil North America 2024<\/span><\/b><\/a><span lang=\"EN-US\" style=\"font-size:14.0pt\">, August 20 &ndash; 24, Raleigh, North Carolina.<\/span><\/span><\/span><\/span><\/p>\r\n\r\n<p style=\"text-align:justify\"><span style=\"font-size:11pt\"><span style=\"line-height:normal\"><span style=\"font-family:Calibri,sans-serif\"><a href=\"http:\/\/www.fenasan.com.br\" style=\"color:blue; text-decoration:underline\"><b><span style=\"font-size:14.0pt\">Fenasan 2024 &ndash; Feira Nacional de Saneamento e Meio Ambiente<\/span><\/b><\/a><span style=\"font-size:14.0pt\">, 22 a 24 de outubro de 2024, Pavilh&otilde;es Verde e Vermelho, Expo Center Norte, S&atilde;o Paulo SP<\/span><\/span><\/span><\/span><\/p>\r\n\r\n<p style=\"text-align:justify\"><span style=\"font-size:11pt\"><span style=\"line-height:normal\"><span style=\"font-family:Calibri,sans-serif\"><a href=\"http:\/\/www.hospitalmed.com.br\" style=\"color:blue; text-decoration:underline\"><b><span style=\"font-size:14.0pt\">HospitalMed 2024<\/span><\/b><\/a><span style=\"font-size:14.0pt\">, 23 a 25 de outubro, das 14h &agrave;s 20h, no Pernambuco Centro de Conven&ccedil;&otilde;es<\/span><\/span><\/span><\/span><\/p>\r\n\r\n<p style=\"text-align:justify\"><span style=\"font-size:11pt\"><span style=\"line-height:normal\"><span style=\"font-family:Calibri,sans-serif\"><a href=\"http:\/\/www.congressoabit.com.br\" style=\"color:blue; text-decoration:underline\"><b><span style=\"font-size:14.0pt\">Congresso Internacional Abit 2024<\/span><\/b><\/a><span style=\"font-size:14.0pt\">, 30 e 31 de outubro, Salvador, Bahia<\/span><\/span><\/span><\/span><\/p>\r\n\r\n<p style=\"text-align:justify\"><span style=\"font-size:28pt\"><span style=\"font-family:Cambria,serif\"><span style=\"letter-spacing:-0.5pt\"><b><span lang=\"EN-US\" style=\"font-size:18.0pt\"><span style=\"font-family:&quot;Calibri&quot;,sans-serif\"><span style=\"font-variant:small-caps\">Setor<\/span><\/span><\/span><\/b><\/span><\/span><\/span><\/p>\r\n\r\n<p style=\"text-align:justify\"><span style=\"font-size:11pt\"><span style=\"line-height:normal\"><span style=\"font-family:Calibri,sans-serif\"><a href=\"https:\/\/www.nonwovens-industry.com\/issues\/2024-06-01\/view_features\/nonwovens-production-and-demand-gradually-recovers-in-china?utm_campaign=NON+Issue+Alert&amp;utm_medium=email&amp;_hsenc=p2ANqtz-8zM8HJK5tG0bYuzLpeYDLNffB-tfFRZQ1vpITfF_Mo-Ig8EEZVpgv6965ZnBWN9R2Q9td_wrs9KT6LrCA-1I76g4ABqQ&amp;_hsmi=311329226&amp;utm_content=311329226&amp;utm_source=hs_email\" style=\"color:blue; text-decoration:underline\"><span lang=\"EN-US\" style=\"font-size:14.0pt\">Nonwovens Production and Demand Gradually Recovers in China<\/span><\/a><\/span><\/span><\/span><\/p>\r\n\r\n<p style=\"text-align:justify\"><span style=\"font-size:11pt\"><span style=\"line-height:normal\"><span style=\"font-family:Calibri,sans-serif\"><a href=\"https:\/\/plasticosemrevista.com.br\/pp-china-dobra-exportacao-entre-janeiro-e-abril\/\" style=\"color:blue; text-decoration:underline\"><span style=\"font-size:14.0pt\">PP: China dobra exporta&ccedil;&atilde;o entre janeiro e abril<\/span><\/a><\/span><\/span><\/span><\/p>\r\n\r\n<p style=\"text-align:justify\"><span style=\"font-size:11pt\"><span style=\"line-height:normal\"><span style=\"font-family:Calibri,sans-serif\"><a href=\"https:\/\/mundodoplastico.plasticobrasil.com.br\/oportunidades\/serie-plastificando-combate-desinformacao-sobre-o-plastico-com-conteudo-de-qualidade\" style=\"color:blue; text-decoration:underline\"><span style=\"font-size:14.0pt\">S&eacute;rie &ldquo;Plastificando&rdquo; combate desinforma&ccedil;&atilde;o sobre o pl&aacute;stico com conte&uacute;do de qualidade<\/span><\/a><\/span><\/span><\/span><\/p>\r\n\r\n<p style=\"text-align:justify\"><span style=\"font-size:11pt\"><span style=\"line-height:normal\"><span style=\"font-family:Calibri,sans-serif\"><a href=\"https:\/\/www.nonwovens-industry.com\/contents\/view_features\/2024-06-06\/household-wipes-report-658286?utm_campaign=NON+Issue+Alert&amp;utm_medium=email&amp;_hsenc=p2ANqtz-9i6CRZfzdtMQOrPu1Ze6b_gwaOrQ-V5njD68HfLNg3Mq15wl6JqaQ_J2z2NijBRJGMZiNRh5VZyhisgOEfoc9WthH8Ag&amp;_hsmi=311329226&amp;utm_content=311329226&amp;utm_source=hs_email\" style=\"color:blue; text-decoration:underline\"><span lang=\"EN-US\" style=\"font-size:14.0pt\">Household Wipes Report<\/span><\/a><\/span><\/span><\/span><\/p>\r\n\r\n<p style=\"text-align:justify\"><span style=\"font-size:11pt\"><span style=\"line-height:normal\"><span style=\"font-family:Calibri,sans-serif\"><a href=\"https:\/\/cloud.itmf.org\/s\/MEkoHlagllVOvUj\" style=\"color:blue; text-decoration:underline\"><span lang=\"EN-US\" style=\"font-size:14.0pt\">26th ITMF Global Textile Industry Survey<\/span><\/a><\/span><\/span><\/span><\/p>\r\n\r\n<p style=\"text-align:justify\"><span style=\"font-size:11pt\"><span style=\"line-height:normal\"><span style=\"font-family:Calibri,sans-serif\"><a href=\"https:\/\/jornaldiadia.com.br\/movimento-plastico-transforma-lanca-webserie-com-historias-inspiradoras-de-pessoas-que-tiveram-suas-vidas-transformadas-pelo-plastico\/\" style=\"color:blue; text-decoration:underline\"><span style=\"font-size:14.0pt\">Movimento Pl&aacute;stico Transforma lan&ccedil;a webs&eacute;rie com hist&oacute;rias inspiradoras de pessoas que tiveram suas vidas transformadas pelo pl&aacute;stico<\/span><\/a><\/span><\/span><\/span><\/p>\r\n\r\n<p style=\"text-align:justify\"><span style=\"font-size:11pt\"><span style=\"line-height:normal\"><span style=\"font-family:Calibri,sans-serif\"><a href=\"https:\/\/sinditextilsp.org.br\/home\/2024\/06\/coalizao-empresarial-do-polo-textil-entrega-documento-ao-governador\/\" style=\"color:blue; text-decoration:underline\"><span style=\"font-size:14.0pt\">Coaliz&atilde;o Empresarial do Polo T&ecirc;xtil entrega documento ao Governador<\/span><\/a><\/span><\/span><\/span><\/p>\r\n\r\n<p style=\"text-align:justify\"><span style=\"font-size:11pt\"><span style=\"line-height:normal\"><span style=\"font-family:Calibri,sans-serif\"><a href=\"https:\/\/mundodoplastico.plasticobrasil.com.br\/oportunidades\/fabricacao-do-pvc-no-brasil-completa-70-anos\" style=\"color:blue; text-decoration:underline\"><span style=\"font-size:14.0pt\">Fabrica&ccedil;&atilde;o do PVC no Brasil completa 70 anos<\/span><\/a><\/span><\/span><\/span><\/p>\r\n\r\n<p style=\"text-align:justify\"><b style=\"letter-spacing: -0.5pt; font-family: Cambria, serif; font-size: 28pt;\"><span style=\"font-size:18.0pt\"><span style=\"font-family:&quot;Calibri&quot;,sans-serif\"><span style=\"font-variant-numeric: normal; font-variant-east-asian: normal; font-variant-caps: small-caps; font-variant-alternates: normal; font-variant-position: normal;\">Ind&uacute;stria<\/span><\/span><\/span><\/b><\/p>\r\n\r\n<p style=\"text-align:justify\"><span style=\"font-size:11pt\"><span style=\"line-height:normal\"><span style=\"font-family:Calibri,sans-serif\"><a href=\"https:\/\/petronoticias.com.br\/associacoes-setoriais-contestam-o-aumento-de-30-nas-tarifas-de-transporte-da-nts\/\" style=\"color:blue; text-decoration:underline\"><span style=\"font-size:14.0pt\">Associa&ccedil;&otilde;es setoriais contestam o aumento de 30% nas tarifas de transporte da NTS<\/span><\/a><\/span><\/span><\/span><\/p>\r\n\r\n<p style=\"text-align:justify\"><span style=\"font-size:11pt\"><span style=\"line-height:normal\"><span style=\"font-family:Calibri,sans-serif\"><a href=\"https:\/\/noticias.portaldaindustria.com.br\/noticias\/economia\/industria-da-construcao-tem-intencao-de-investir-em-obras-de-infraestrutura-diz-cni\/\" style=\"color:blue; text-decoration:underline\"><span style=\"font-size:14.0pt\">Ind&uacute;stria da constru&ccedil;&atilde;o tem inten&ccedil;&atilde;o de investir em obras de infraestrutura, diz CNI<\/span><\/a><\/span><\/span><\/span><\/p>\r\n\r\n<p style=\"text-align:justify\"><span style=\"font-size:11pt\"><span style=\"line-height:normal\"><span style=\"font-family:Calibri,sans-serif\"><a href=\"https:\/\/noticias.portaldaindustria.com.br\/noticias\/economia\/indice-que-mede-confianca-na-industria-cai-em-19-de-29-setores-aponta-cni\/\" style=\"color:blue; text-decoration:underline\"><span style=\"font-size:14.0pt\">&Iacute;ndice que mede confian&ccedil;a na ind&uacute;stria cai em 19 de 29 setores, aponta CNI<\/span><\/a><\/span><\/span><\/span><\/p>\r\n\r\n<p style=\"text-align:justify\"><span style=\"font-size:11pt\"><span style=\"line-height:normal\"><span style=\"font-family:Calibri,sans-serif\"><a href=\"https:\/\/portalibre.fgv.br\/system\/files\/divulgacao\/noticias\/mat-complementar\/2024-06\/Sondagem%20da%20Construcao%20FGV_press%20release_Jun24.pdf\" style=\"color:blue; text-decoration:underline\"><span style=\"font-size:14.0pt\">&Iacute;ndice Confian&ccedil;a do Constru&ccedil;&atilde;o ficou est&aacute;vel em junho<\/span><\/a><\/span><\/span><\/span><\/p>\r\n\r\n<p style=\"text-align:justify\"><span style=\"font-size:28pt\"><span style=\"font-family:Cambria,serif\"><span style=\"letter-spacing:-0.5pt\"><b><span lang=\"EN-US\" style=\"font-size:18.0pt\"><span style=\"font-family:&quot;Calibri&quot;,sans-serif\"><span style=\"font-variant:small-caps\">Sustentabilidade<\/span><\/span><\/span><\/b><\/span><\/span><\/span><\/p>\r\n\r\n<p style=\"text-align:justify\"><span style=\"font-size:11pt\"><span style=\"line-height:normal\"><span style=\"font-family:Calibri,sans-serif\"><a href=\"https:\/\/www.nonwovens-industry.com\/contents\/view_features\/2024-06-06\/going-green-natural-absorbent-hygiene-products-continue-to-evolve?utm_campaign=NON+Issue+Alert&amp;utm_medium=email&amp;_hsenc=p2ANqtz-_UdmanR527f4hKGlHhFnKQqU_KxsXmEuixH1zYtJyRyrNt7_go1SvDWYUMThwJ3KEOUJ7Y1YC-WfYAGMSgUJuIpXFF1g&amp;_hsmi=311329226&amp;utm_content=311329226&amp;utm_source=hs_email\" style=\"color:blue; text-decoration:underline\"><span lang=\"EN-US\" style=\"font-size:14.0pt\">Going Green: Natural Absorbent Hygiene Products Continue to Evolve<\/span><\/a><\/span><\/span><\/span><\/p>\r\n\r\n<p style=\"text-align:justify\"><span style=\"font-size:11pt\"><span style=\"line-height:normal\"><span style=\"font-family:Calibri,sans-serif\"><a href=\"https:\/\/www.meiofiltrante.com.br\/Noticia\/124415\/programa-descarte-consciente-abrafiltros-ja-reciclou-4155058-filtros-usados-do-oleo-lubrificante-automotivo\" style=\"color:blue; text-decoration:underline\"><span style=\"font-size:14.0pt\">Programa Descarte Consciente Abrafiltros j&aacute; reciclou 4.155.058 filtros usados do &oacute;leo lubrificante automotivo<\/span><\/a><\/span><\/span><\/span><\/p>\r\n\r\n<p style=\"text-align:justify\"><span style=\"font-size:11pt\"><span style=\"line-height:normal\"><span style=\"font-family:Calibri,sans-serif\"><a href=\"https:\/\/www.conjur.com.br\/2024-jun-21\/stf-vai-reiniciar-analise-sobre-credito-de-pis-e-cofins-na-compra-de-reciclaveis\/\" style=\"color:blue; text-decoration:underline\"><span style=\"font-size:14.0pt\">STF vai reiniciar an&aacute;lise sobre cr&eacute;dito de PIS e Cofins na compra de recicl&aacute;veis<\/span><\/a><\/span><\/span><\/span><\/p>\r\n\r\n<p style=\"text-align:justify\"><span style=\"font-size:11pt\"><span style=\"line-height:normal\"><span style=\"font-family:Calibri,sans-serif\"><a href=\"https:\/\/correiodoscampos.com.br\/ponta-grossa\/2024\/06\/21\/ponta-grossa-tera-a-maior-fabrica-de-reciclagem-de-resina-pet-do-sul-do-brasil\" style=\"color:blue; text-decoration:underline\"><span style=\"font-size:14.0pt\">Ponta Grossa ter&aacute; a maior f&aacute;brica de reciclagem de resina PET do sul do Brasil<\/span><\/a><\/span><\/span><\/span><\/p>\r\n\r\n<p style=\"text-align:justify\"><span style=\"font-size:28pt\"><span style=\"font-family:Cambria,serif\"><span style=\"letter-spacing:-0.5pt\"><b><span style=\"font-size:18.0pt\"><span style=\"font-family:&quot;Calibri&quot;,sans-serif\"><span style=\"font-variant:small-caps\">Inova&ccedil;&atilde;o<\/span><\/span><\/span><\/b><\/span><\/span><\/span><\/p>\r\n\r\n<p style=\"text-align:justify\"><span style=\"font-size:11pt\"><span style=\"line-height:normal\"><span style=\"font-family:Calibri,sans-serif\"><a href=\"https:\/\/www.inovacaotecnologica.com.br\/noticias\/noticia.php?artigo=tecidos-gelatina-faca-voce-mesmo&amp;id=010160240619&amp;ebol=sim\" style=\"color:blue; text-decoration:underline\"><span style=\"font-size:14.0pt\">Vista e depois recicle: Tecidos de gelatina no estilo Fa&ccedil;a Voc&ecirc; Mesmo<\/span><\/a><\/span><\/span><\/span><\/p>\r\n\r\n<p style=\"text-align:justify\"><span style=\"font-size:11pt\"><span style=\"line-height:normal\"><span style=\"font-family:Calibri,sans-serif\"><a href=\"https:\/\/vale.com\/w\/fabrica-que-produz-controle-ambiental-a-base-de-plastico-pet-comeca-a-funcionar-no-es-1\" style=\"color:blue; text-decoration:underline\"><span style=\"font-size:14.0pt\">F&aacute;brica que produz controle ambiental &agrave; base de pl&aacute;stico PET come&ccedil;a a funcionar no Esp&iacute;rito Santo<\/span><\/a><\/span><\/span><\/span><\/p>\r\n\r\n<p style=\"text-align:justify\"><span style=\"font-size:11pt\"><span style=\"line-height:normal\"><span style=\"font-family:Calibri,sans-serif\"><a href=\"https:\/\/avozdaindustria.com.br\/gestao\/principais-avancos-na-industria-brasileira-com-industria-40?utm_campaign=BRZ24AVD-LB-Newsletter%20%2386&amp;utm_emailname=BRZ24AVD-LB-Newsletter%20%2386&amp;utm_medium=email&amp;utm_source=eloqua&amp;utm_MDMContactID=2bb3d23c-a32f-4218-88d5-29f7fb45caee&amp;utm_campaigntype=Newsletter&amp;eM=50c7dfe42c38ea8f10539f0a167fc763253059e495554a32db7a57f8f237ec4c&amp;eventSeriesCode=ES_FEIMEC&amp;eventEditionCode=BRZ24FEI&amp;sessionCode=S_AVDINDNWSLTR&amp;sp_eh=50c7dfe42c38ea8f10539f0a167fc763253059e495554a32db7a57f8f237ec4c\" style=\"color:blue; text-decoration:underline\"><span style=\"font-size:14.0pt\">Principais avan&ccedil;os na ind&uacute;stria brasileira com a Ind&uacute;stria 4.0<\/span><\/a><\/span><\/span><\/span><\/p>\r\n\r\n<p style=\"text-align:justify\"><span style=\"font-size:28pt\"><span style=\"font-family:Cambria,serif\"><span style=\"letter-spacing:-0.5pt\"><b><span style=\"font-size:18.0pt\"><span style=\"font-family:&quot;Calibri&quot;,sans-serif\"><span style=\"font-variant:small-caps\">Com&eacute;rcio Exterior<\/span><\/span><\/span><\/b><\/span><\/span><\/span><\/p>\r\n\r\n<p style=\"text-align:justify\"><span style=\"font-size:11pt\"><span style=\"line-height:normal\"><span style=\"font-family:Calibri,sans-serif\"><a href=\"https:\/\/plasticosemrevista.com.br\/alta-proposta-de-impostos-para-importar-quimicos-e-plasticos-vai-repercutir-na-inflacao-alerta-paulo-engler-da-abipla\/\" style=\"color:blue; text-decoration:underline\"><span style=\"font-size:14.0pt\">&ldquo;Alta proposta de impostos para importar qu&iacute;micos e pl&aacute;sticos vai repercutir na infla&ccedil;&atilde;o&rdquo;, alerta Paulo Engler, da Abipla<\/span><\/a><\/span><\/span><\/span><\/p>\r\n\r\n<p style=\"text-align:justify\"><span style=\"font-size:11pt\"><span style=\"line-height:normal\"><span style=\"font-family:Calibri,sans-serif\"><a href=\"https:\/\/www.gov.br\/mdic\/pt-br\/assuntos\/noticias\/2024\/junho\/novas-regras-para-o-regime-de-origem-do-mercosul-facilitam-o-comercio-intrabloco-a-partir-de-18-de-julho\" style=\"color:blue; text-decoration:underline\"><span style=\"font-size:14.0pt\">Novas regras para o Regime de Origem do Mercosul facilitam o com&eacute;rcio intrabloco a partir de 18 de julho<\/span><\/a><\/span><\/span><\/span><\/p>\r\n\r\n<p style=\"text-align:justify\"><span style=\"font-size:11pt\"><span style=\"line-height:normal\"><span style=\"font-family:Calibri,sans-serif\"><a href=\"https:\/\/apexbrasil.com.br\/br\/pt\/conteudo\/noticias\/Confira-os-servicos-do-setor-logistico-portuario-na-plataforma-Brasil-Exportacao.html#msdynttrid=bK2dQxspQTb8fe0ehj2AiY1qk9tHRc5czK_ZW_MhGIo\" style=\"color:blue; text-decoration:underline\"><span style=\"font-size:14.0pt\">Confira os servi&ccedil;os do setor log&iacute;stico-portu&aacute;rio na plataforma Brasil Exporta&ccedil;&atilde;o<\/span><\/a><\/span><\/span><\/span><\/p>\r\n\r\n<p style=\"text-align:justify\">&nbsp;<\/p>\r\n\r\n<p style=\"text-align:justify\"><span style=\"font-size:11pt\"><span style=\"line-height:normal\"><span style=\"font-family:Calibri,sans-serif\"><span class=\"MsoHyperlink\" style=\"color:blue\"><span style=\"text-decoration:underline\"><span style=\"font-size:14.0pt\"><a href=\"https:\/\/parauapebas.pa.gov.br\/destaque\/prosap-investe-em-protecao-de-solo-no-aterro-de-residuos-de-obras\/\" style=\"color:blue; text-decoration:underline\">Par&aacute;: Prosap investe em prote&ccedil;&atilde;o de solo no Aterro de Res&iacute;duos de obras<\/a><\/span><\/span><\/span><\/span><\/span><\/span><\/p>\r\n\r\n<p style=\"text-align:justify\"><span style=\"font-size:11pt\"><span style=\"line-height:normal\"><span style=\"font-family:Calibri,sans-serif\"><span class=\"MsoHyperlink\" style=\"color:blue\"><span style=\"text-decoration:underline\"><span style=\"font-size:14.0pt\"><a href=\"https:\/\/niteroi.rj.gov.br\/2024\/06\/18\/prefeitura-de-niteroi-conclui-obras-de-contencao-no-caranguejo\/\" style=\"color:blue; text-decoration:underline\">Prefeitura de Niter&oacute;i (RJ) conclui obras de conten&ccedil;&atilde;o no Caranguejo<\/a><\/span><\/span><\/span><\/span><\/span><\/span><\/p>\r\n\r\n<p style=\"text-align:justify\"><span style=\"font-size:28pt\"><span style=\"font-family:Cambria,serif\"><span style=\"letter-spacing:-0.5pt\"><b><span style=\"font-size:18.0pt\"><span style=\"font-family:&quot;Calibri&quot;,sans-serif\"><span style=\"font-variant:small-caps\">Economia<\/span><\/span><\/span><\/b><\/span><\/span><\/span><\/p>\r\n\r\n<p style=\"text-align:justify\"><span style=\"font-size:11pt\"><span style=\"line-height:normal\"><span style=\"font-family:Calibri,sans-serif\"><a href=\"https:\/\/www.bcb.gov.br\/content\/focus\/focus\/R20240621.pdf\" style=\"color:blue; text-decoration:underline\"><span style=\"font-size:14.0pt\">Focus - Relat&oacute;rio de Mercado<\/span><\/a><\/span><\/span><\/span><\/p>\r\n\r\n<p style=\"text-align:justify\"><img src=\"https:\/\/www.abint.org.br\/assets\/img\/editor\/redes-sociais-abint-ctg-cth_202406041400398QFSSawN2a.jpg\" \/><\/p>\r\n","texto_en":"","7":"","imagem":"COMP_capa-2024-site-boletim-abint-noticias-semanis_20240705120830ZGIadKGJtP.jpg","8":"COMP_capa-2024-site-boletim-abint-noticias-semanis_20240705120830ZGIadKGJtP.jpg","arquivo":"20240625-BOLETIM-ABINT-DE-NOTICIAS-SEMANAIS.PDF","9":"20240625-BOLETIM-ABINT-DE-NOTICIAS-SEMANAIS.PDF","titulo_arquivo":"20240625 Boletim ABINT de Not\u00edcias Semanais","10":"20240625 Boletim ABINT de Not\u00edcias Semanais","titulo_arquivo_en":"","11":"","created_at":"2024-07-05 12:08:42","12":"2024-07-05 12:08:42","updated_at":"2024-07-05 12:08:42","13":"2024-07-05 12:08:42"},{"id":122,"0":122,"ordem":100,"1":100,"data":"2024-06-11","2":"2024-06-11","slug":"boletim-abint-de-noticias-semanais-34","3":"boletim-abint-de-noticias-semanais-34","titulo":"Boletim ABINT de Not\u00edcias Semanais","4":"Boletim ABINT de Not\u00edcias Semanais","titulo_en":"","5":"","texto":"<p style=\"text-align:justify\"><span style=\"font-size:11pt\"><span style=\"line-height:normal\"><span style=\"font-family:Calibri,sans-serif\"><span style=\"font-size:14.0pt\">Esta &eacute; uma compila&ccedil;&atilde;o das not&iacute;cias mais relevantes para o setor, incluindo informa&ccedil;&otilde;es sobre acordos internacionais, economia brasileira, sustentabilidade e mat&eacute;rias primas, al&eacute;m de novidades do setor de N&atilde;otecidos e Tecidos T&eacute;cnicos.<\/span><\/span><\/span><\/span><\/p>\r\n\r\n<p style=\"text-align:justify\"><span style=\"font-size:28pt\"><span style=\"font-family:Cambria,serif\"><span style=\"letter-spacing:-0.5pt\"><b><span style=\"font-size:18.0pt\"><span calibri=\"\" style=\"font-family:\"><span style=\"font-variant:small-caps\">O que vem por a&iacute;<\/span><\/span><\/span><\/b><\/span><\/span><\/span><\/p>\r\n\r\n<p style=\"text-align:justify\"><img src=\"https:\/\/www.abint.org.br\/assets\/img\/editor\/abint-logo-2020-g_20240604140402EuFojOVRC3.png\" style=\"width: 300px; height: 69px;\" \/><\/p>\r\n\r\n<p><img src=\"https:\/\/www.abint.org.br\/assets\/img\/editor\/post-quadrado-curso-naotecido_20240604140439bTXb5X0ijo.jpg\" style=\"width: 500px; height: 500px;\" \/><\/p>\r\n\r\n<p><a href=\"https:\/\/forms.office.com\/r\/5DrqtK5n3Y\">Informa&ccedil;&otilde;es e inscri&ccedil;&otilde;es<\/a><\/p>\r\n\r\n<p>&nbsp;<\/p>\r\n\r\n<p><img src=\"https:\/\/www.abint.org.br\/assets\/img\/editor\/logo-ctg-abint-png_2024060413534052r0NrfZqt.png\" style=\"width: 300px; height: 55px;\" \/><\/p>\r\n\r\n<p><img src=\"https:\/\/www.abint.org.br\/assets\/img\/editor\/20240611-live-ctg-instagram-ana-luiza_20240611180535AT31tvooTD.jpeg\" style=\"width: 500px; height: 500px;\" \/><\/p>\r\n\r\n<p>&nbsp;<\/p>\r\n\r\n<p>&nbsp;<img src=\"https:\/\/www.abint.org.br\/assets\/img\/editor\/20240924-cobramseg-2024_20240604135452RvR0cfbBDA.png\" \/><\/p>\r\n\r\n<p>&nbsp;<b>O CTG ABINT &eacute; um dos patrocinadores da 21&ordf; edi&ccedil;&atilde;o do Cobramseg &ndash; Congresso Brasileiro de Mec&acirc;nica dos Solos e Engenharia Geot&eacute;cnica.<\/b><\/p>\r\n\r\n<p>&ldquo;<i>Nos reunimos para celebrar a Mec&acirc;nica dos Solos e das Rochas, da GeoEngenharia! Academia, Ind&uacute;stria e &Oacute;rg&atilde;os Gestores unidos para expor seus avan&ccedil;os t&eacute;cnicos e cient&iacute;ficos. Um ambiente rico e diverso que nos permite debater solu&ccedil;&otilde;es e a&ccedil;&otilde;es de forma a fortalecer nossa comunidade geot&eacute;cnica, visando proporcionar um desenvolvimento mais sustent&aacute;vel e seguro para a nossa sociedade<\/i>.&rdquo; V&iacute;tor Pereira Faro, Presidente do COBRAMSEG 2024<\/p>\r\n\r\n<p><a href=\"http:\/\/www.cobramseg.com.br\/\">www.cobramseg.com.br<\/a><\/p>\r\n\r\n<p>&nbsp;<\/p>\r\n\r\n<p>&nbsp;<img src=\"https:\/\/www.abint.org.br\/assets\/img\/editor\/fenasan-2024_202406041355382s1EzlqmSB.jpg\" \/><\/p>\r\n\r\n<p>O&nbsp;<b>CTG ABINT apoia a Feira Nacional de Saneamento e Meio Ambiente &ndash; Fenasan e do 35&ordm; Encontro T&eacute;cnico AESabesp, que ocorrer&atilde;o de 22 a 24 de outubro de 2024<\/b>, no Pavilh&atilde;o Verde e Vermelho, no Expo Center Norte, em S&atilde;o Paulo. Trata-se do maior evento de saneamento da Am&eacute;rica Latin. A realiza&ccedil;&atilde;o &eacute; da AESabesp &ndash; Associa&ccedil;&atilde;o dos Engenheiros da Sabesp.<\/p>\r\n\r\n<p><i>O tema central desta edi&ccedil;&atilde;o &eacute; &ldquo;Saneamento ambiental: condi&ccedil;&atilde;o fundamental para o enfrentamento das mudan&ccedil;as clim&aacute;ticas&rdquo;. Com um p&uacute;blico tradicionalmente de 22 mil visitantes e alinhada aos ODS &ndash; Objetivos de Desenvolvimento Sustent&aacute;vel estabelecidos pela ONU e aos conceitos de ESG, a edi&ccedil;&atilde;o 2024 continuar&aacute; ampliando o di&aacute;logo em torno das quest&otilde;es de saneamento ambiental, meio ambiente e sustentabilidade e promovendo o compartilhamento de conhecimento altamente qualificado.<\/i><\/p>\r\n\r\n<p><a href=\"http:\/\/www.fenasan.com.br\/\">www.fenasan.com.br<\/a><\/p>\r\n\r\n<p>&nbsp;<\/p>\r\n\r\n<p>&nbsp;<img src=\"https:\/\/www.abint.org.br\/assets\/img\/editor\/cth-logo-alta-png-2_20240604135615UBDpZbhU7w.png\" style=\"width: 300px; height: 68px;\" \/><\/p>\r\n\r\n<p><img src=\"https:\/\/www.abint.org.br\/assets\/img\/editor\/hospitalmed-2024-logo_202406041356372pzOiotRes.png\" style=\"width: 500px; height: 448px;\" \/><\/p>\r\n\r\n<p><b>O CTH ABINT &eacute; um dos patrocinadores da HospitalMed 2024.<\/b><\/p>\r\n\r\n<p>&ldquo;<i>A melhor e Mais Completa Feira de Sa&uacute;de do Norte\/Nordeste<\/i>&rdquo;, &eacute; uma realiza&ccedil;&atilde;o da HospitalMed Feiras &amp; Eventos e da Insight Feiras de Neg&oacute;cios.<\/p>\r\n\r\n<p><i>&ldquo;O&nbsp;<b>re&uacute;ne toda a cadeia produtiva do setor de sa&uacute;de das regi&otilde;es Norte\/Nordeste<\/b>. &Eacute; o grande encontro de fornecedores de Produtos, Equipamentos, Servi&ccedil;os, Tecnologia e Conte&uacute;do para Hospitais, Laborat&oacute;rios, Farm&aacute;cias, Cl&iacute;nicas, Consult&oacute;rios e Profissionais da Sa&uacute;de&rdquo;.<\/i><\/p>\r\n\r\n<p><a href=\"http:\/\/www.hospitalmed.com.br\/\">www.hospitalmed.com.br<\/a><\/p>\r\n\r\n<p class=\"MsoTitle\" style=\"text-align:justify\"><span style=\"font-size:28pt\"><span style=\"font-family:Cambria,serif\"><span style=\"letter-spacing:-0.5pt\"><b><span style=\"font-size:18.0pt\"><span calibri=\"\" style=\"font-family:\"><span style=\"font-variant:small-caps\">Not&iacute;cias das Associadas<\/span><\/span><\/span><\/b><\/span><\/span><\/span><\/p>\r\n\r\n<p style=\"text-align:justify\"><span style=\"font-size:11pt\"><span style=\"line-height:normal\"><span style=\"font-family:Calibri,sans-serif\"><a href=\"https:\/\/email2.nonwovens-industry.com\/e3t\/Ctc\/W2+113\/c-vk304\/VVWF5Y6VtVtBW7rCt0R7wKMWgW31NlPp5f_qLcN1c6srH5nR32W95jVnq6lZ3mpW1gjL1G2Kzkz5W7BkHnk8r4PR0W84B8w33hy56nW3b2Qpb5ckKPhW2LMGp879W73pW2Y2NL51P2gXzW1xzD1M7b_rc4VFH5R12_79FGW6VfBjL1F-56QW2K4lyx15FVXNW8Mwd-T1cHgq_W1ZF6VM46fRdkN76qgrnVWzdNV7vLwQ76c3XCV9T-ld3Zs9h9W4KCDHw31Rrf-W6GM9K45HyZ-RW3QHF3x7fClsgW3GwJlB43nPyJW3LrFnQ73n9CJW85tN2P53ftVqW8kLXWZ2tx-bMW20cPgv28p4G-V3Nj0S2c_bVzW6-C2D96tZQ0RW71GrCS9jc8fHW76ZfbF7y6qlJW8VYJ1k7j5zTDW530h8M6DC-6jW6FR9Hg65GtWjVj5WP09h77fgW2cbr4R6QN5NlW5q6cMW7PmZ-zW5x30X-2-jvBYW8B8tBZ3wNSWrW8jwwf96r6yxJW1KTyWl2HYH-3W5Hm_GN2x2JbFW1lYs6K20sN2HW8052sl2ScJsTN1vlxRTqDHX3W6H05T25Lt_LXW1nb-Dp8xFFG2W46LchG58Sp7PW9kXvW380VNznW2B6Jgb6ktVP7f9kgRVK04\" style=\"color:blue; text-decoration:underline\"><span style=\"font-size:14.0pt\">Suominen Initiates Restructuring Program<\/span><\/a><\/span><\/span><\/span><\/p>\r\n\r\n<p style=\"text-align:justify\"><span style=\"font-size:11pt\"><span style=\"line-height:normal\"><span style=\"font-family:Calibri,sans-serif\"><b><span style=\"font-size:18.0pt\"><span style=\"font-variant:small-caps\">Eventos<\/span><\/span><\/b><\/span><\/span><\/span><\/p>\r\n\r\n<p style=\"text-align:justify\"><span style=\"font-size:11pt\"><span style=\"line-height:normal\"><span style=\"font-family:Calibri,sans-serif\"><a href=\"https:\/\/evento.fgv.br\/reforma-previdencia_1206\/\" style=\"color:blue; text-decoration:underline\"><b><span style=\"font-size:14.0pt\">FGV IBRE | Webinar: Uma Nova Reforma da Previd&ecirc;ncia<\/span><\/b><\/a><span style=\"font-size:14.0pt\">, 12 de junho de 2024, das 10h00 &agrave;s 11h30, transmiss&atilde;o via YouTube FGV<\/span><\/span><\/span><\/span><\/p>\r\n\r\n<p style=\"text-align:justify\"><span style=\"font-size:11pt\"><span style=\"line-height:normal\"><span style=\"font-family:Calibri,sans-serif\"><span style=\"font-size:14.0pt\">&ldquo;<\/span><a href=\"https:\/\/www.meiofiltrante.com.br\/Noticia\/124390\/o-consumo-mundial-de-energia-aumentara-em-35-o-que-acarretara-um-incremento-de-85-no-consumo-de-agua-\" style=\"color:blue; text-decoration:underline\"><b><span style=\"font-size:14.0pt\">70 anos de PVC no Brasil<\/span><\/b><\/a><span style=\"font-size:14.0pt\">&rdquo; &eacute; o tema do workshop presencial que ser&aacute; realizado pela Pl&aacute;sticos em Revista no dia 12 de junho, em S&atilde;o Paulo. Vagas limitadas<\/span><\/span><\/span><\/span><\/p>\r\n\r\n<p style=\"text-align:justify\"><span style=\"font-size:11pt\"><span style=\"line-height:normal\"><span style=\"font-family:Calibri,sans-serif\"><a href=\"https:\/\/eventosabicol.org\/encontromundial\" style=\"color:blue; text-decoration:underline\"><b><span style=\"font-size:14.0pt\">ABICOL | I Encontro Internacional da Ind&uacute;stria de Colch&otilde;es<\/span><\/b><\/a><span style=\"font-size:14.0pt\">, 13 e 14 de junho de 2024, Rio Othon Palace, Rio de Janeiro<\/span><\/span><\/span><\/span><\/p>\r\n\r\n<p style=\"text-align:justify\"><span style=\"font-size:11pt\"><span style=\"line-height:normal\"><span style=\"font-family:Calibri,sans-serif\"><a href=\"https:\/\/send.neopixdmi.com\/index.php\/campaigns\/bt5255bhowca7\/web-version\/mh045xn88n9c0\" style=\"color:blue; text-decoration:underline\"><b><span style=\"font-size:14.0pt\">AESabesp | O Mega Desafio Trazido Pela Nova Lei de Licita&ccedil;&otilde;es e Contratos - Lei 14133\/2021<\/span><\/b><\/a><b><span style=\"font-size:14.0pt\">, <\/span><\/b><span style=\"font-size:14.0pt\">17 a 19 de junho de 2024, das 08h &agrave;s 17h, na sede da AESabesp, em S&atilde;o Paulo<\/span><\/span><\/span><\/span><\/p>\r\n\r\n<p style=\"text-align:justify\"><span style=\"font-size:11pt\"><span style=\"line-height:normal\"><span style=\"font-family:Calibri,sans-serif\"><a href=\"https:\/\/click.apexbrasil.com.br\/mkt\/OficinadeCompetitividade\/Oficina%20de%20Competitividade_Junho2024.pdf#msdynttrid=1xfj1i2yMHdfLXSFyjk3vyzK0-Plq3qQOa-suS7A9-I\" style=\"color:blue; text-decoration:underline\"><b><span style=\"font-size:14.0pt\">Apex Brasil | Como formar pre&ccedil;os competitivos para o mercado internacional<\/span><\/b><\/a><span style=\"font-size:14.0pt\">, 20 de junho de 2024, 8h30 &agrave;s 12h30, <\/span><a href=\"https:\/\/crm-apps.apexbrasil.com.br\/orgbdeab873\/inscricao-eventos\/evento\/oficina-de-competitividade-on-line-como-formar-precos-competitivos-para-o-mercado-internacional\/03452a6c-e0b7-433c-8588-b79e03e9479a?msdynttrid=OReYDgxAotYslDTx5ZWROFTbKg0J63QAt9lx_UovR9g\" style=\"color:blue; text-decoration:underline\"><span style=\"font-size:14.0pt\">evento online<\/span><\/a><\/span><\/span><\/span><\/p>\r\n\r\n<p style=\"text-align:justify\"><span style=\"font-size:11pt\"><span style=\"line-height:normal\"><span style=\"font-family:Calibri,sans-serif\"><a href=\"https:\/\/produtos.institutoabit.org.br\/prod\/ef63818b-301b-4aca-8c95-0e3ad4bc1abf?utm_campaign=convite_workshop_regra_de_origem_-_07062024&amp;utm_medium=email&amp;utm_source=RD+Station\" style=\"color:blue; text-decoration:underline\"><b><span style=\"font-size:14.0pt\">Workshop | Regra de Origem - elemento estrat&eacute;gico para acessar mercados externos<\/span><\/b><\/a><span style=\"font-size:14.0pt\">, 26 de junho de 2024, 10h &agrave;s 12h, evento online.<\/span><\/span><\/span><\/span><\/p>\r\n\r\n<p style=\"text-align:justify\"><span style=\"font-size:11pt\"><span style=\"line-height:normal\"><span style=\"font-family:Calibri,sans-serif\"><a href=\"https:\/\/info.vdibrasil.com\/save-the-date-siep-2024?utm_campaign=6558_emkt_campanhasiep_vdi&amp;utm_medium=email&amp;utm_source=RD+Station\" style=\"color:blue; text-decoration:underline\"><b><span style=\"font-size:14.0pt\">XIII Simp&oacute;sio Internacional de Excel&ecirc;ncia em Produ&ccedil;&atilde;o: &ldquo;Energias Renov&aacute;veis&rdquo;<\/span><\/b><\/a><span style=\"font-size:14.0pt\">, 28 de junho de 2024, Universidade Mackenzie, S&atilde;o Paulo<\/span><\/span><\/span><\/span><\/p>\r\n\r\n<p style=\"text-align:justify\"><span style=\"font-size:11pt\"><span style=\"line-height:normal\"><span style=\"font-family:Calibri,sans-serif\"><a href=\"http:\/\/www.ihi.ensinoeinstein.com\" style=\"color:blue; text-decoration:underline\"><b><span style=\"font-size:14.0pt\">IHI 2024 - 9&ordm; F&oacute;rum Latino-Americano de Qualidade e Seguran&ccedil;a na Sa&uacute;de<\/span><\/b><\/a><span style=\"font-size:14.0pt\">, 09 a 11 de julho de 2024, evento h&iacute;brido, Centro de Ensino e Pesquisa Albert Einstein, Campus Cec&iacute;lia e Abram Szajman, Rua Comendador Elias Jafet, 755, Morumbi, S&atilde;o Paulo\/SP<\/span><\/span><\/span><\/span><\/p>\r\n\r\n<p style=\"text-align:justify\"><span style=\"font-size:11pt\"><span style=\"line-height:normal\"><span style=\"font-family:Calibri,sans-serif\"><a href=\"http:\/\/www.construnordeste.com.br\" style=\"color:blue; text-decoration:underline\"><b><span style=\"font-size:14.0pt\">Constru Nordeste<\/span><\/b><\/a><span style=\"font-size:14.0pt\">, 31 de julho a 02 de agosto de 2024, Centro de Conven&ccedil;&otilde;es Salvador, Bahia<\/span><\/span><\/span><\/span><\/p>\r\n\r\n<p style=\"text-align:justify\">&nbsp;<\/p>\r\n\r\n<p><img src=\"https:\/\/www.abint.org.br\/assets\/img\/editor\/abtt-academy-curso-compras-texteis-hospitalares_20240604135954xriEyS8abD.jpg\" style=\"width: 500px; height: 500px;\" \/><\/p>\r\n\r\n<p><a href=\"https:\/\/docs.google.com\/forms\/d\/e\/1FAIpQLSeG7zdl8xZpguBFbIdqyMS61mxfjvFjKOQ3EUqnWgC1RUcAug\/viewform\">Informa&ccedil;&otilde;es e inscri&ccedil;&otilde;es<\/a><\/p>\r\n\r\n<p style=\"text-align:justify\">&nbsp;<\/p>\r\n\r\n<p style=\"text-align:justify\"><span style=\"font-size:11pt\"><span style=\"line-height:normal\"><span style=\"font-family:Calibri,sans-serif\"><a href=\"http:\/\/www.feiplar.com\" style=\"color:blue; text-decoration:underline\"><b><span style=\"font-size:14.0pt\">FEIPLAR COMPOSITES &amp; FEIPUR &ndash; Feira e Congresso Internacionais de Composites, Poliuretano, Pl&aacute;sticos de Engenharia e Compostos Termopl&aacute;sticos<\/span><\/b><\/a><span style=\"font-size:14.0pt\">, 20 a 22 de agosto de 2024, S&atilde;o Paulo Expo (Pavilh&atilde;o 5), palestras: das 8h30 &agrave;s 18h, feira: das 13h &agrave;s 20h.<b> <\/b><\/span><\/span><\/span><\/span><\/p>\r\n\r\n<p style=\"text-align:justify\"><span style=\"font-size:11pt\"><span style=\"line-height:normal\"><span style=\"font-family:Calibri,sans-serif\"><a href=\"http:\/\/www.techtextil-north-america.us.messefrankfurt.com\" style=\"color:blue; text-decoration:underline\"><b><span lang=\"EN-US\" style=\"font-size:14.0pt\">Techtextil North America 2024<\/span><\/b><\/a><span lang=\"EN-US\" style=\"font-size:14.0pt\">, August 20 &ndash; 24, Raleigh, North Carolina.<\/span><\/span><\/span><\/span><\/p>\r\n\r\n<p style=\"text-align:justify\"><span style=\"font-size:11pt\"><span style=\"line-height:normal\"><span style=\"font-family:Calibri,sans-serif\"><a href=\"http:\/\/www.fenasan.com.br\" style=\"color:blue; text-decoration:underline\"><b><span style=\"font-size:14.0pt\">Fenasan 2024 &ndash; Feira Nacional de Saneamento e Meio Ambiente<\/span><\/b><\/a><span style=\"font-size:14.0pt\">, 22 a 24 de outubro de 2024, Pavilh&otilde;es Verde e Vermelho, Expo Center Norte, S&atilde;o Paulo SP<\/span><\/span><\/span><\/span><\/p>\r\n\r\n<p style=\"text-align:justify\"><span style=\"font-size:11pt\"><span style=\"line-height:normal\"><span style=\"font-family:Calibri,sans-serif\"><a href=\"http:\/\/www.hospitalmed.com.br\" style=\"color:blue; text-decoration:underline\"><b><span style=\"font-size:14.0pt\">HospitalMed 2024<\/span><\/b><\/a><span style=\"font-size:14.0pt\">, 23 a 25 de outubro, das 14h &agrave;s 20h, no Pernambuco Centro de Conven&ccedil;&otilde;es<\/span><\/span><\/span><\/span><\/p>\r\n\r\n<p style=\"text-align:justify\"><span style=\"font-size:11pt\"><span style=\"line-height:normal\"><span style=\"font-family:Calibri,sans-serif\"><a href=\"http:\/\/www.congressoabit.com.br\" style=\"color:blue; text-decoration:underline\"><b><span style=\"font-size:14.0pt\">Congresso Internacional Abit 2024<\/span><\/b><\/a><span style=\"font-size:14.0pt\">, 30 e 31 de outubro, Salvador, Bahia<\/span><\/span><\/span><\/span><\/p>\r\n\r\n<p class=\"MsoTitle\" style=\"text-align:justify\"><span style=\"font-size:28pt\"><span style=\"font-family:Cambria,serif\"><span style=\"letter-spacing:-0.5pt\"><b><span style=\"font-size:18.0pt\"><span calibri=\"\" style=\"font-family:\"><span style=\"font-variant:small-caps\">Setor<\/span><\/span><\/span><\/b><\/span><\/span><\/span><\/p>\r\n\r\n<p style=\"text-align:justify\"><span style=\"font-size:11pt\"><span style=\"line-height:normal\"><span style=\"font-family:Calibri,sans-serif\"><a href=\"https:\/\/medicinasa.com.br\/beneficios-naotecidos\/\" style=\"color:blue; text-decoration:underline\"><span style=\"font-size:14.0pt\">ABINT: Benef&iacute;cios do uso de N&atilde;otecidos no segmento m&eacute;dico-hospitalar<\/span><\/a><\/span><\/span><\/span><\/p>\r\n\r\n<p style=\"text-align:justify\"><span style=\"font-size:11pt\"><span style=\"line-height:normal\"><span style=\"font-family:Calibri,sans-serif\"><a href=\"http:\/\/transmail.ftrans01.com\/ZLFABRI?id=29813=JR4CVQVdAAgCGAAPAVAHUFwBBVVWAgsCBVNfDgJeUQhTA1QABFwOXAgBBw5aB1BXXgZNVwQPV0chAARRChIZVhQFHAdFGAkOAFMGBQ5WV1wIVAYEUVYATwkVEkheSRhNFANcFloFUVUfAkdFWQ8SVAlLUlkLSWN\/JyAkai1ZXl0aFAE=&amp;fl=DhZGFQ1LF05GEx1DXQIJClEGUFoSA0FHCA0DFgoDQxYIB0UWGA5ZSVAKHkQVGxQNUwocRUsWWEEVDwNKFw5eSUsWXUhTAU5cXQtDGlwIABRdFxxEAwVAUA0ICF9JElJaDgxdCVgDQRQDXQYAClFPDEwIXQ==\" style=\"color:blue; text-decoration:underline\" target=\"_blank\"><span style=\"font-size:14.0pt\"><img id=\"Imagem_x0020_2\" src=\"file:\/\/\/C:\/Users\/CRISTI~1\/AppData\/Local\/Temp\/msohtmlclip1\/01\/clip_image001.gif\" style=\"width:.75pt; height:.75pt\" \/> <\/span><span lang=\"EN-US\" style=\"font-size:14.0pt\">Japan&#39;s Zuiko&#39;s partnership to develop diaper recycling technology<\/span><\/a> <\/span><\/span><\/span><\/p>\r\n\r\n<p style=\"text-align:justify\"><span style=\"font-size:11pt\"><span style=\"line-height:normal\"><span style=\"font-family:Calibri,sans-serif\"><a href=\"https:\/\/www.santos.sp.gov.br\/?q=noticia\/termina-a-reconstrucao-de-encosta-em-area-de-morro-de-santos\" style=\"color:blue; text-decoration:underline\"><span style=\"font-size:14.0pt\">Geomanta: Termina a reconstru&ccedil;&atilde;o de encosta em &aacute;rea de morro de Santos (SP)<\/span><\/a><\/span><\/span><\/span><\/p>\r\n\r\n<p style=\"text-align:justify\"><span style=\"font-size:11pt\"><span style=\"line-height:normal\"><span style=\"font-family:Calibri,sans-serif\"><a href=\"https:\/\/ibsp.net.br\/terapias-infusionais-seguranca-do-paciente-e-controle-de-infeccoes\/\" style=\"color:blue; text-decoration:underline\"><span style=\"font-size:14.0pt\">Terapias infusionais: seguran&ccedil;a do paciente e controle de infec&ccedil;&otilde;es<\/span><\/a><\/span><\/span><\/span><\/p>\r\n\r\n<p style=\"text-align:justify\"><span style=\"font-size:11pt\"><span style=\"line-height:normal\"><span style=\"font-family:Calibri,sans-serif\"><a href=\"https:\/\/ibsp.net.br\/guia-seguranca-do-paciente\/\" style=\"color:blue; text-decoration:underline\"><span style=\"font-size:14.0pt\">Guia Completo sobre Seguran&ccedil;a do Paciente: Pr&aacute;ticas, Normas e Estrat&eacute;gias para Profissionais da Sa&uacute;de<\/span><\/a><\/span><\/span><\/span><\/p>\r\n\r\n<p style=\"text-align:justify\"><span style=\"font-size:11pt\"><span style=\"line-height:normal\"><span style=\"font-family:Calibri,sans-serif\"><a href=\"https:\/\/www.moveisdevalor.com.br\/portal\/o-programa-questiona-para-onde-caminha-o-setor-colchoeiro?source=news\" style=\"color:blue; text-decoration:underline\"><span style=\"font-size:14.0pt\">Uma boa pergunta: para onde caminha o setor colchoeiro?<\/span><\/a><\/span><\/span><\/span><\/p>\r\n\r\n<p style=\"text-align:justify\"><span style=\"font-size:11pt\"><span style=\"line-height:normal\"><span style=\"font-family:Calibri,sans-serif\"><a href=\"https:\/\/www.indiantextilemagazine.in\/itm-2024-opened-its-doors-with-record-visitors-from-74-countries\/\" style=\"color:blue; text-decoration:underline\"><span lang=\"EN-US\" style=\"font-size:14.0pt\">T&ecirc;xteis t&eacute;cnicos | ITM 2024 Opened Its Doors with Record Visitors from 74 Countries<\/span><\/a><\/span><\/span><\/span><\/p>\r\n\r\n<p style=\"text-align:justify\"><span style=\"font-size:11pt\"><span style=\"line-height:normal\"><span style=\"font-family:Calibri,sans-serif\"><a href=\"https:\/\/indiantextilejournal.com\/itm-2024-features-groundbreaking-textile-technology-innovations\/\" style=\"color:blue; text-decoration:underline\"><span lang=\"EN-US\" style=\"font-size:14.0pt\">T&ecirc;xteis T&eacute;cnicos | ITM 2024 features groundbreaking textile technology innovations<\/span><\/a><\/span><\/span><\/span><\/p>\r\n\r\n<p class=\"MsoTitle\" style=\"text-align:justify\"><span style=\"font-size:28pt\"><span style=\"font-family:Cambria,serif\"><span style=\"letter-spacing:-0.5pt\"><b><span style=\"font-size:18.0pt\"><span calibri=\"\" style=\"font-family:\"><span style=\"font-variant:small-caps\">Ind&uacute;stria<\/span><\/span><\/span><\/b><\/span><\/span><\/span><\/p>\r\n\r\n<p style=\"text-align:justify\"><span style=\"font-size:11pt\"><span style=\"line-height:normal\"><span style=\"font-family:Calibri,sans-serif\"><a href=\"https:\/\/noticias.portaldaindustria.com.br\/posicionamentos\/cni-se-opoe-a-mp-1227-e-interrompe-participacao-em-comitiva-oficial-a-china\/\" style=\"color:blue; text-decoration:underline\"><span style=\"font-size:14.0pt\">CNI se op&otilde;e &agrave; MP 1.227 e interrompe participa&ccedil;&atilde;o em comitiva oficial &agrave; China<\/span><\/a> <\/span><\/span><\/span><\/p>\r\n\r\n<p style=\"text-align:justify\"><span style=\"font-size:11pt\"><span style=\"line-height:normal\"><span style=\"font-family:Calibri,sans-serif\"><a href=\"https:\/\/www.metropoles.com\/negocios\/industria\/abimaq-guerra-derrubar-mp\" style=\"color:blue; text-decoration:underline\"><span style=\"font-size:14.0pt\">Ind&uacute;strias travam guerra com o governo contra a &ldquo;MP do Fim do Mundo&rdquo;<\/span><\/a><\/span><\/span><\/span><\/p>\r\n\r\n<p style=\"text-align:justify\"><span style=\"font-size:11pt\"><span style=\"line-height:normal\"><span style=\"font-family:Calibri,sans-serif\"><a href=\"https:\/\/noticias.portaldaindustria.com.br\/posicionamentos\/revisao-da-isencao-de-compras-ate-us-50-pelo-senado-da-folego-a-produtos-fabricados-no-brasil\/\" style=\"color:blue; text-decoration:underline\"><span style=\"font-size:14.0pt\">Revis&atilde;o da isen&ccedil;&atilde;o de compras at&eacute; US$ 50 pelo Senado d&aacute; f&ocirc;lego a produtos fabricados no Brasil<\/span><\/a><\/span><\/span><\/span><\/p>\r\n\r\n<p style=\"text-align:justify\"><span style=\"font-size:11pt\"><span style=\"line-height:normal\"><span style=\"font-family:Calibri,sans-serif\"><a href=\"http:\/\/emkt.grandesconstrucoes.com.br\/emkt\/tracer\/?2,8610501,260ba16a,e88d,5\" style=\"color:blue; text-decoration:underline\" title=\"Constru\u00e7\u00e3o abre mais 31,8 mil novos empregos em abril\"><span style=\"font-size:14.0pt\">Constru&ccedil;&atilde;o abre mais 31,8 mil novos empregos em abril<\/span><\/a><\/span><\/span><\/span><\/p>\r\n\r\n<p style=\"text-align:justify\"><span style=\"font-size:11pt\"><span style=\"line-height:normal\"><span style=\"font-family:Calibri,sans-serif\"><a href=\"http:\/\/emkt.grandesconstrucoes.com.br\/emkt\/tracer\/?2,8610501,260ba16a,e88d,2\" style=\"color:blue; text-decoration:underline\" title=\"Ind\u00fastria de Materiais de Constru\u00e7\u00e3o apresenta otimismo moderado\"><span style=\"font-size:14.0pt\">Ind&uacute;stria de Materiais de Constru&ccedil;&atilde;o apresenta otimismo moderado<\/span><\/a><\/span><\/span><\/span><\/p>\r\n\r\n<p style=\"text-align:justify\"><span style=\"font-size:11pt\"><span style=\"line-height:normal\"><span style=\"font-family:Calibri,sans-serif\"><a href=\"https:\/\/revlink.revistaanamaco.com.br\/cl\/PR8Eo\/CxP\/2852\/LCFJkUKAOaB\/BM-9\/F78vPHHl6Ns\/2\/\" style=\"color:blue; text-decoration:underline\" target=\"_blank\"><span style=\"font-size:14.0pt\">PIB da Constru&ccedil;&atilde;o tem ligeira queda de 0,5% no primeiro trimestre, apura IBGE<\/span><\/a><\/span><\/span><\/span><\/p>\r\n\r\n<p style=\"text-align:justify\"><span style=\"font-size:11pt\"><span style=\"line-height:normal\"><span style=\"font-family:Calibri,sans-serif\"><a href=\"https:\/\/grandesconstrucoes.com.br\/Noticias\/Exibir\/plano-nacional-de-ferrovias-deve-somar-r-200-bi-em-investimentos?utm_source=akna&amp;utm_medium=email&amp;utm_campaign=Grandes-Construcoes-Informativo-915-06-06-2024&amp;utm_source=akna&amp;utm_medium=email&amp;utm_campaign=Grandes-Construcoes-Informativo-915-06-06-2024\" style=\"color:blue; text-decoration:underline\"><span style=\"font-size:14.0pt\">Plano Nacional de Ferrovias deve somar R$ 200 bi em investimentos<\/span><\/a><\/span><\/span><\/span><\/p>\r\n\r\n<p style=\"text-align:justify\"><span style=\"font-size:11pt\"><span style=\"line-height:normal\"><span style=\"font-family:Calibri,sans-serif\"><a href=\"https:\/\/www.machadonunes.com.br\/pt\/mp-do-equilibrio-fiscal-limitacao-da-compensacao-de-creditos-de-pis-cofins-e-outros-impactos\/\" style=\"color:blue; text-decoration:underline\"><span style=\"font-size:14.0pt\">MP do Equil&iacute;brio Fiscal: limita&ccedil;&atilde;o da compensa&ccedil;&atilde;o de cr&eacute;ditos de PIS\/COFINS e outros impactos<\/span><\/a><\/span><\/span><\/span><\/p>\r\n\r\n<p style=\"text-align:justify\"><span style=\"font-size:11pt\"><span style=\"line-height:normal\"><span style=\"font-family:Calibri,sans-serif\"><a href=\"https:\/\/br.investing.com\/news\/economy\/abiquim-mp-que-limita-creditos-de-piscofins-onera-ainda-mais-a-industria-nacional-1254708\" style=\"color:blue; text-decoration:underline\"><span style=\"font-size:14.0pt\">Abiquim: MP que limita cr&eacute;ditos de PIS\/Cofins onera ainda mais a ind&uacute;stria nacional<\/span><\/a><\/span><\/span><\/span><\/p>\r\n\r\n<p class=\"MsoTitle\" style=\"text-align:justify\"><span style=\"font-size:28pt\"><span style=\"font-family:Cambria,serif\"><span style=\"letter-spacing:-0.5pt\"><b><span style=\"font-size:18.0pt\"><span calibri=\"\" style=\"font-family:\"><span style=\"font-variant:small-caps\">Sustentabilidade<\/span><\/span><\/span><\/b><\/span><\/span><\/span><\/p>\r\n\r\n<p style=\"text-align:justify\"><span style=\"font-size:11pt\"><span style=\"line-height:normal\"><span style=\"font-family:Calibri,sans-serif\"><a href=\"https:\/\/portaldaautopeca.com.br\/noticias\/local\/descarte-consciente-recicla-mais-de-40-milhoes-de-filtros-automotivos\/\" style=\"color:blue; text-decoration:underline\"><span style=\"font-size:14.0pt\">Descarte Consciente recicla mais de 40 milh&otilde;es de filtros automotivos<\/span><\/a><\/span><\/span><\/span><\/p>\r\n\r\n<p style=\"text-align:justify\"><span style=\"font-size:11pt\"><span style=\"line-height:normal\"><span style=\"font-family:Calibri,sans-serif\"><a href=\"https:\/\/www.indiantextilemagazine.in\/mas-holdings-and-ambercycle-partner-on-circular-polyester-offtake-agreement\/\" style=\"color:blue; text-decoration:underline\"><span lang=\"EN-US\" style=\"font-size:14.0pt\">Circularidade do poli&eacute;ster: MAS Holdings and Ambercycle Partner on Circular Polyester Offtake Agreement<\/span><\/a><\/span><\/span><\/span><\/p>\r\n\r\n<p style=\"text-align:justify\"><span style=\"font-size:11pt\"><span style=\"line-height:normal\"><span style=\"font-family:Calibri,sans-serif\"><a href=\"https:\/\/www.gov.br\/mdic\/pt-br\/assuntos\/noticias\/2024\/junho\/bndes-e-bancos-asiaticos-assinam-acordos-de-mais-r-9-1-bi-para-investimentos-sustentaveis\" style=\"color:blue; text-decoration:underline\"><span style=\"font-size:14.0pt\">BNDES e bancos asi&aacute;ticos assinam acordos de mais R$ 9,1 bi para investimentos sustent&aacute;veis<\/span><\/a><\/span><\/span><\/span><\/p>\r\n\r\n<p class=\"MsoTitle\" style=\"text-align:justify\"><span style=\"font-size:28pt\"><span style=\"font-family:Cambria,serif\"><span style=\"letter-spacing:-0.5pt\"><b><span style=\"font-size:18.0pt\"><span calibri=\"\" style=\"font-family:\"><span style=\"font-variant:small-caps\">Inova&ccedil;&atilde;o<\/span><\/span><\/span><\/b><\/span><\/span><\/span><\/p>\r\n\r\n<p style=\"text-align:justify\"><span style=\"font-size:11pt\"><span style=\"line-height:normal\"><span style=\"font-family:Calibri,sans-serif\"><a href=\"https:\/\/www.gov.br\/inpi\/pt-br\/central-de-conteudo\/noticias\/inpi-assina-acordo-com-fiesp-e-senai-sp-para-promover-uso-da-pi\" style=\"color:blue; text-decoration:underline\"><span style=\"font-size:14.0pt\">INPI assina acordo com Fiesp e Senai-SP para promover uso da PI<\/span><\/a><\/span><\/span><\/span><\/p>\r\n\r\n<p style=\"text-align:justify\"><span style=\"font-size:11pt\"><span style=\"line-height:normal\"><span style=\"font-family:Calibri,sans-serif\"><a href=\"https:\/\/noticias.portaldaindustria.com.br\/noticias\/inovacao-e-tecnologia\/20-anos-da-plataforma-de-inovacao-r-11-bilhao-mobilizados-para-a-industria\/\" style=\"color:blue; text-decoration:underline\"><span style=\"font-size:14.0pt\">20 anos da Plataforma de Inova&ccedil;&atilde;o: R$ 1,1 bilh&atilde;o mobilizados para a ind&uacute;stria<\/span><\/a><\/span><\/span><\/span><\/p>\r\n\r\n<p style=\"text-align:justify\"><span style=\"font-size:11pt\"><span style=\"line-height:normal\"><span style=\"font-family:Calibri,sans-serif\"><a href=\"https:\/\/phys.org\/news\/2024-06-cool-sustainable-recycled-plastics.html?utm_source=nwletter&amp;utm_medium=email&amp;utm_campaign=daily-nwletter\" style=\"color:blue; text-decoration:underline\"><span lang=\"EN-US\" style=\"font-size:14.0pt\">Cool paint made sustainable using recycled plastics<\/span><\/a><\/span><\/span><\/span><\/p>\r\n\r\n<p class=\"MsoTitle\" style=\"text-align:justify\"><span style=\"font-size:28pt\"><span style=\"font-family:Cambria,serif\"><span style=\"letter-spacing:-0.5pt\"><b><span style=\"font-size:18.0pt\"><span calibri=\"\" style=\"font-family:\"><span style=\"font-variant:small-caps\">Com&eacute;rcio Exterior<\/span><\/span><\/span><\/b><\/span><\/span><\/span><\/p>\r\n\r\n<p style=\"text-align:justify\"><span style=\"font-size:11pt\"><span style=\"line-height:normal\"><span style=\"font-family:Calibri,sans-serif\"><a href=\"https:\/\/plasticosemrevista.com.br\/explodem-precos-do-frete-maritimo-na-asia\/\" style=\"color:blue; text-decoration:underline\"><span style=\"font-size:14.0pt\">Explodem pre&ccedil;os do frete mar&iacute;timo na &Aacute;sia<\/span><\/a><\/span><\/span><\/span><\/p>\r\n\r\n<p style=\"text-align:justify\"><span style=\"font-size:11pt\"><span style=\"line-height:normal\"><span style=\"font-family:Calibri,sans-serif\"><a href=\"https:\/\/www.moveisdevalor.com.br\/portal\/desvio-do-mar-vermelho-se-torna-risco-alto-ao-comercio-global?source=news\" style=\"color:blue; text-decoration:underline\"><span style=\"font-size:14.0pt\">Desvio do Mar Vermelho se torna risco alto ao com&eacute;rcio global<\/span><\/a><\/span><\/span><\/span><\/p>\r\n\r\n<p style=\"text-align:justify\"><span style=\"font-size:11pt\"><span style=\"line-height:normal\"><span style=\"font-family:Calibri,sans-serif\"><a href=\"https:\/\/agenciabrasil.ebc.com.br\/economia\/noticia\/2024-06\/balanca-comercial-tem-superavit-de-us-8534-bi-em-maio\" style=\"color:blue; text-decoration:underline\"><span style=\"font-size:14.0pt\">Balan&ccedil;a comercial tem super&aacute;vit de US$ 8,5 bilh&otilde;es em maio<\/span><\/a><\/span><\/span><\/span><\/p>\r\n\r\n<p style=\"text-align:justify\"><span style=\"font-size:11pt\"><span style=\"line-height:normal\"><span style=\"font-family:Calibri,sans-serif\"><a href=\"https:\/\/www.metropoles.com\/brasil\/haddad-defende-empurrar-para-assinar-acordo-mercosul-uniao-europeia\" style=\"color:blue; text-decoration:underline\"><span style=\"font-size:14.0pt\">Haddad defende &ldquo;empurrar&rdquo; para assinar acordo Mercosul-Uni&atilde;o Europeia<\/span><\/a><\/span><\/span><\/span><\/p>\r\n\r\n<p class=\"MsoTitle\" style=\"text-align:justify\"><span style=\"font-size:28pt\"><span style=\"font-family:Cambria,serif\"><span style=\"letter-spacing:-0.5pt\"><b><span style=\"font-size:18.0pt\"><span calibri=\"\" style=\"font-family:\"><span style=\"font-variant:small-caps\">Economia<\/span><\/span><\/span><\/b><\/span><\/span><\/span><\/p>\r\n\r\n<p style=\"text-align:justify\"><span style=\"font-size:11pt\"><span style=\"line-height:normal\"><span style=\"font-family:Calibri,sans-serif\"><a href=\"https:\/\/www.bcb.gov.br\/content\/focus\/focus\/R20240607.pdf\" style=\"color:blue; text-decoration:underline\"><span style=\"font-size:14.0pt\">Focus - Relat&oacute;rio de Mercado<\/span><\/a><\/span><\/span><\/span><\/p>\r\n\r\n<p style=\"text-align:justify\"><span style=\"font-size:11pt\"><span style=\"line-height:normal\"><span style=\"font-family:Calibri,sans-serif\"><a href=\"https:\/\/www.infomoney.com.br\/economia\/pib-do-brasil-cresce-08-no-1o-trimestre-de-2023-dentro-do-previsto\/\" style=\"color:blue; text-decoration:underline\"><span style=\"font-size:14.0pt\">PIB do Brasil cresce 0,8% no 1&ordm; trimestre de 2024, dentro do previsto<\/span><\/a><\/span><\/span><\/span><\/p>\r\n\r\n<p style=\"text-align:justify\"><span style=\"font-size:11pt\"><span style=\"line-height:normal\"><span style=\"font-family:Calibri,sans-serif\"><a href=\"https:\/\/ibre.fgv.br\/blog-da-conjuntura-economica\/artigos\/em-seminario-pesquisadores-do-fgv-ibre-destacam-piora-da\" style=\"color:blue; text-decoration:underline\"><span style=\"font-size:14.0pt\">Em semin&aacute;rio, pesquisadores do FGV IBRE destacam piora da conjuntura econ&ocirc;mica, apesar de bom PIB no primeiro trimestre<\/span><\/a><\/span><\/span><\/span><\/p>\r\n\r\n<p style=\"text-align:justify\"><span style=\"font-size:11pt\"><span style=\"line-height:normal\"><span style=\"font-family:Calibri,sans-serif\"><a href=\"https:\/\/portalibre.fgv.br\/system\/files\/divulgacao\/noticias\/mat-complementar\/2024-06\/Bar%C3%B4metros%20Globais%20KOF-FGV_Press%20release_06_2024.pdf\" style=\"color:blue; text-decoration:underline\"><span style=\"font-size:14.0pt\">Bar&ocirc;metro Global Antecedente segue se recuperando<\/span><\/a><\/span><\/span><\/span><\/p>\r\n\r\n<p style=\"text-align:justify\"><span style=\"font-size:11pt\"><span style=\"line-height:normal\"><span style=\"font-family:Calibri,sans-serif\"><a href=\"https:\/\/www.infomoney.com.br\/economia\/confianca-empresarial-em-maio-sobe-apenas-02-ponto-diz-fgv\/\" style=\"color:blue; text-decoration:underline\"><span style=\"font-size:14.0pt\">Confian&ccedil;a empresarial em maio sobe apenas 0,2%, DIZ fgv<\/span><\/a><\/span><\/span><\/span><\/p>\r\n\r\n<p style=\"text-align:justify\"><span style=\"font-size:11pt\"><span style=\"line-height:normal\"><span style=\"font-family:Calibri,sans-serif\"><a href=\"https:\/\/ibre.fgv.br\/blog-da-conjuntura-economica\/artigos\/sondagens-de-maio-o-impacto-das-enchentes-no-rio-grande-do-sul\" style=\"color:blue; text-decoration:underline\"><span style=\"font-size:14.0pt\">Sondagens de maio: o impacto das enchentes no Rio Grande do Sul<\/span><\/a><\/span><\/span><\/span><\/p>\r\n\r\n<p style=\"text-align:justify\"><img src=\"https:\/\/www.abint.org.br\/assets\/img\/editor\/redes-sociais-abint-ctg-cth_202406041400398QFSSawN2a.jpg\" \/><\/p>\r\n","6":"<p style=\"text-align:justify\"><span style=\"font-size:11pt\"><span style=\"line-height:normal\"><span style=\"font-family:Calibri,sans-serif\"><span style=\"font-size:14.0pt\">Esta &eacute; uma compila&ccedil;&atilde;o das not&iacute;cias mais relevantes para o setor, incluindo informa&ccedil;&otilde;es sobre acordos internacionais, economia brasileira, sustentabilidade e mat&eacute;rias primas, al&eacute;m de novidades do setor de N&atilde;otecidos e Tecidos T&eacute;cnicos.<\/span><\/span><\/span><\/span><\/p>\r\n\r\n<p style=\"text-align:justify\"><span style=\"font-size:28pt\"><span style=\"font-family:Cambria,serif\"><span style=\"letter-spacing:-0.5pt\"><b><span style=\"font-size:18.0pt\"><span calibri=\"\" style=\"font-family:\"><span style=\"font-variant:small-caps\">O que vem por a&iacute;<\/span><\/span><\/span><\/b><\/span><\/span><\/span><\/p>\r\n\r\n<p style=\"text-align:justify\"><img src=\"https:\/\/www.abint.org.br\/assets\/img\/editor\/abint-logo-2020-g_20240604140402EuFojOVRC3.png\" style=\"width: 300px; height: 69px;\" \/><\/p>\r\n\r\n<p><img src=\"https:\/\/www.abint.org.br\/assets\/img\/editor\/post-quadrado-curso-naotecido_20240604140439bTXb5X0ijo.jpg\" style=\"width: 500px; height: 500px;\" \/><\/p>\r\n\r\n<p><a href=\"https:\/\/forms.office.com\/r\/5DrqtK5n3Y\">Informa&ccedil;&otilde;es e inscri&ccedil;&otilde;es<\/a><\/p>\r\n\r\n<p>&nbsp;<\/p>\r\n\r\n<p><img src=\"https:\/\/www.abint.org.br\/assets\/img\/editor\/logo-ctg-abint-png_2024060413534052r0NrfZqt.png\" style=\"width: 300px; height: 55px;\" \/><\/p>\r\n\r\n<p><img src=\"https:\/\/www.abint.org.br\/assets\/img\/editor\/20240611-live-ctg-instagram-ana-luiza_20240611180535AT31tvooTD.jpeg\" style=\"width: 500px; height: 500px;\" \/><\/p>\r\n\r\n<p>&nbsp;<\/p>\r\n\r\n<p>&nbsp;<img src=\"https:\/\/www.abint.org.br\/assets\/img\/editor\/20240924-cobramseg-2024_20240604135452RvR0cfbBDA.png\" \/><\/p>\r\n\r\n<p>&nbsp;<b>O CTG ABINT &eacute; um dos patrocinadores da 21&ordf; edi&ccedil;&atilde;o do Cobramseg &ndash; Congresso Brasileiro de Mec&acirc;nica dos Solos e Engenharia Geot&eacute;cnica.<\/b><\/p>\r\n\r\n<p>&ldquo;<i>Nos reunimos para celebrar a Mec&acirc;nica dos Solos e das Rochas, da GeoEngenharia! Academia, Ind&uacute;stria e &Oacute;rg&atilde;os Gestores unidos para expor seus avan&ccedil;os t&eacute;cnicos e cient&iacute;ficos. Um ambiente rico e diverso que nos permite debater solu&ccedil;&otilde;es e a&ccedil;&otilde;es de forma a fortalecer nossa comunidade geot&eacute;cnica, visando proporcionar um desenvolvimento mais sustent&aacute;vel e seguro para a nossa sociedade<\/i>.&rdquo; V&iacute;tor Pereira Faro, Presidente do COBRAMSEG 2024<\/p>\r\n\r\n<p><a href=\"http:\/\/www.cobramseg.com.br\/\">www.cobramseg.com.br<\/a><\/p>\r\n\r\n<p>&nbsp;<\/p>\r\n\r\n<p>&nbsp;<img src=\"https:\/\/www.abint.org.br\/assets\/img\/editor\/fenasan-2024_202406041355382s1EzlqmSB.jpg\" \/><\/p>\r\n\r\n<p>O&nbsp;<b>CTG ABINT apoia a Feira Nacional de Saneamento e Meio Ambiente &ndash; Fenasan e do 35&ordm; Encontro T&eacute;cnico AESabesp, que ocorrer&atilde;o de 22 a 24 de outubro de 2024<\/b>, no Pavilh&atilde;o Verde e Vermelho, no Expo Center Norte, em S&atilde;o Paulo. Trata-se do maior evento de saneamento da Am&eacute;rica Latin. A realiza&ccedil;&atilde;o &eacute; da AESabesp &ndash; Associa&ccedil;&atilde;o dos Engenheiros da Sabesp.<\/p>\r\n\r\n<p><i>O tema central desta edi&ccedil;&atilde;o &eacute; &ldquo;Saneamento ambiental: condi&ccedil;&atilde;o fundamental para o enfrentamento das mudan&ccedil;as clim&aacute;ticas&rdquo;. Com um p&uacute;blico tradicionalmente de 22 mil visitantes e alinhada aos ODS &ndash; Objetivos de Desenvolvimento Sustent&aacute;vel estabelecidos pela ONU e aos conceitos de ESG, a edi&ccedil;&atilde;o 2024 continuar&aacute; ampliando o di&aacute;logo em torno das quest&otilde;es de saneamento ambiental, meio ambiente e sustentabilidade e promovendo o compartilhamento de conhecimento altamente qualificado.<\/i><\/p>\r\n\r\n<p><a href=\"http:\/\/www.fenasan.com.br\/\">www.fenasan.com.br<\/a><\/p>\r\n\r\n<p>&nbsp;<\/p>\r\n\r\n<p>&nbsp;<img src=\"https:\/\/www.abint.org.br\/assets\/img\/editor\/cth-logo-alta-png-2_20240604135615UBDpZbhU7w.png\" style=\"width: 300px; height: 68px;\" \/><\/p>\r\n\r\n<p><img src=\"https:\/\/www.abint.org.br\/assets\/img\/editor\/hospitalmed-2024-logo_202406041356372pzOiotRes.png\" style=\"width: 500px; height: 448px;\" \/><\/p>\r\n\r\n<p><b>O CTH ABINT &eacute; um dos patrocinadores da HospitalMed 2024.<\/b><\/p>\r\n\r\n<p>&ldquo;<i>A melhor e Mais Completa Feira de Sa&uacute;de do Norte\/Nordeste<\/i>&rdquo;, &eacute; uma realiza&ccedil;&atilde;o da HospitalMed Feiras &amp; Eventos e da Insight Feiras de Neg&oacute;cios.<\/p>\r\n\r\n<p><i>&ldquo;O&nbsp;<b>re&uacute;ne toda a cadeia produtiva do setor de sa&uacute;de das regi&otilde;es Norte\/Nordeste<\/b>. &Eacute; o grande encontro de fornecedores de Produtos, Equipamentos, Servi&ccedil;os, Tecnologia e Conte&uacute;do para Hospitais, Laborat&oacute;rios, Farm&aacute;cias, Cl&iacute;nicas, Consult&oacute;rios e Profissionais da Sa&uacute;de&rdquo;.<\/i><\/p>\r\n\r\n<p><a href=\"http:\/\/www.hospitalmed.com.br\/\">www.hospitalmed.com.br<\/a><\/p>\r\n\r\n<p class=\"MsoTitle\" style=\"text-align:justify\"><span style=\"font-size:28pt\"><span style=\"font-family:Cambria,serif\"><span style=\"letter-spacing:-0.5pt\"><b><span style=\"font-size:18.0pt\"><span calibri=\"\" style=\"font-family:\"><span style=\"font-variant:small-caps\">Not&iacute;cias das Associadas<\/span><\/span><\/span><\/b><\/span><\/span><\/span><\/p>\r\n\r\n<p style=\"text-align:justify\"><span style=\"font-size:11pt\"><span style=\"line-height:normal\"><span style=\"font-family:Calibri,sans-serif\"><a href=\"https:\/\/email2.nonwovens-industry.com\/e3t\/Ctc\/W2+113\/c-vk304\/VVWF5Y6VtVtBW7rCt0R7wKMWgW31NlPp5f_qLcN1c6srH5nR32W95jVnq6lZ3mpW1gjL1G2Kzkz5W7BkHnk8r4PR0W84B8w33hy56nW3b2Qpb5ckKPhW2LMGp879W73pW2Y2NL51P2gXzW1xzD1M7b_rc4VFH5R12_79FGW6VfBjL1F-56QW2K4lyx15FVXNW8Mwd-T1cHgq_W1ZF6VM46fRdkN76qgrnVWzdNV7vLwQ76c3XCV9T-ld3Zs9h9W4KCDHw31Rrf-W6GM9K45HyZ-RW3QHF3x7fClsgW3GwJlB43nPyJW3LrFnQ73n9CJW85tN2P53ftVqW8kLXWZ2tx-bMW20cPgv28p4G-V3Nj0S2c_bVzW6-C2D96tZQ0RW71GrCS9jc8fHW76ZfbF7y6qlJW8VYJ1k7j5zTDW530h8M6DC-6jW6FR9Hg65GtWjVj5WP09h77fgW2cbr4R6QN5NlW5q6cMW7PmZ-zW5x30X-2-jvBYW8B8tBZ3wNSWrW8jwwf96r6yxJW1KTyWl2HYH-3W5Hm_GN2x2JbFW1lYs6K20sN2HW8052sl2ScJsTN1vlxRTqDHX3W6H05T25Lt_LXW1nb-Dp8xFFG2W46LchG58Sp7PW9kXvW380VNznW2B6Jgb6ktVP7f9kgRVK04\" style=\"color:blue; text-decoration:underline\"><span style=\"font-size:14.0pt\">Suominen Initiates Restructuring Program<\/span><\/a><\/span><\/span><\/span><\/p>\r\n\r\n<p style=\"text-align:justify\"><span style=\"font-size:11pt\"><span style=\"line-height:normal\"><span style=\"font-family:Calibri,sans-serif\"><b><span style=\"font-size:18.0pt\"><span style=\"font-variant:small-caps\">Eventos<\/span><\/span><\/b><\/span><\/span><\/span><\/p>\r\n\r\n<p style=\"text-align:justify\"><span style=\"font-size:11pt\"><span style=\"line-height:normal\"><span style=\"font-family:Calibri,sans-serif\"><a href=\"https:\/\/evento.fgv.br\/reforma-previdencia_1206\/\" style=\"color:blue; text-decoration:underline\"><b><span style=\"font-size:14.0pt\">FGV IBRE | Webinar: Uma Nova Reforma da Previd&ecirc;ncia<\/span><\/b><\/a><span style=\"font-size:14.0pt\">, 12 de junho de 2024, das 10h00 &agrave;s 11h30, transmiss&atilde;o via YouTube FGV<\/span><\/span><\/span><\/span><\/p>\r\n\r\n<p style=\"text-align:justify\"><span style=\"font-size:11pt\"><span style=\"line-height:normal\"><span style=\"font-family:Calibri,sans-serif\"><span style=\"font-size:14.0pt\">&ldquo;<\/span><a href=\"https:\/\/www.meiofiltrante.com.br\/Noticia\/124390\/o-consumo-mundial-de-energia-aumentara-em-35-o-que-acarretara-um-incremento-de-85-no-consumo-de-agua-\" style=\"color:blue; text-decoration:underline\"><b><span style=\"font-size:14.0pt\">70 anos de PVC no Brasil<\/span><\/b><\/a><span style=\"font-size:14.0pt\">&rdquo; &eacute; o tema do workshop presencial que ser&aacute; realizado pela Pl&aacute;sticos em Revista no dia 12 de junho, em S&atilde;o Paulo. Vagas limitadas<\/span><\/span><\/span><\/span><\/p>\r\n\r\n<p style=\"text-align:justify\"><span style=\"font-size:11pt\"><span style=\"line-height:normal\"><span style=\"font-family:Calibri,sans-serif\"><a href=\"https:\/\/eventosabicol.org\/encontromundial\" style=\"color:blue; text-decoration:underline\"><b><span style=\"font-size:14.0pt\">ABICOL | I Encontro Internacional da Ind&uacute;stria de Colch&otilde;es<\/span><\/b><\/a><span style=\"font-size:14.0pt\">, 13 e 14 de junho de 2024, Rio Othon Palace, Rio de Janeiro<\/span><\/span><\/span><\/span><\/p>\r\n\r\n<p style=\"text-align:justify\"><span style=\"font-size:11pt\"><span style=\"line-height:normal\"><span style=\"font-family:Calibri,sans-serif\"><a href=\"https:\/\/send.neopixdmi.com\/index.php\/campaigns\/bt5255bhowca7\/web-version\/mh045xn88n9c0\" style=\"color:blue; text-decoration:underline\"><b><span style=\"font-size:14.0pt\">AESabesp | O Mega Desafio Trazido Pela Nova Lei de Licita&ccedil;&otilde;es e Contratos - Lei 14133\/2021<\/span><\/b><\/a><b><span style=\"font-size:14.0pt\">, <\/span><\/b><span style=\"font-size:14.0pt\">17 a 19 de junho de 2024, das 08h &agrave;s 17h, na sede da AESabesp, em S&atilde;o Paulo<\/span><\/span><\/span><\/span><\/p>\r\n\r\n<p style=\"text-align:justify\"><span style=\"font-size:11pt\"><span style=\"line-height:normal\"><span style=\"font-family:Calibri,sans-serif\"><a href=\"https:\/\/click.apexbrasil.com.br\/mkt\/OficinadeCompetitividade\/Oficina%20de%20Competitividade_Junho2024.pdf#msdynttrid=1xfj1i2yMHdfLXSFyjk3vyzK0-Plq3qQOa-suS7A9-I\" style=\"color:blue; text-decoration:underline\"><b><span style=\"font-size:14.0pt\">Apex Brasil | Como formar pre&ccedil;os competitivos para o mercado internacional<\/span><\/b><\/a><span style=\"font-size:14.0pt\">, 20 de junho de 2024, 8h30 &agrave;s 12h30, <\/span><a href=\"https:\/\/crm-apps.apexbrasil.com.br\/orgbdeab873\/inscricao-eventos\/evento\/oficina-de-competitividade-on-line-como-formar-precos-competitivos-para-o-mercado-internacional\/03452a6c-e0b7-433c-8588-b79e03e9479a?msdynttrid=OReYDgxAotYslDTx5ZWROFTbKg0J63QAt9lx_UovR9g\" style=\"color:blue; text-decoration:underline\"><span style=\"font-size:14.0pt\">evento online<\/span><\/a><\/span><\/span><\/span><\/p>\r\n\r\n<p style=\"text-align:justify\"><span style=\"font-size:11pt\"><span style=\"line-height:normal\"><span style=\"font-family:Calibri,sans-serif\"><a href=\"https:\/\/produtos.institutoabit.org.br\/prod\/ef63818b-301b-4aca-8c95-0e3ad4bc1abf?utm_campaign=convite_workshop_regra_de_origem_-_07062024&amp;utm_medium=email&amp;utm_source=RD+Station\" style=\"color:blue; text-decoration:underline\"><b><span style=\"font-size:14.0pt\">Workshop | Regra de Origem - elemento estrat&eacute;gico para acessar mercados externos<\/span><\/b><\/a><span style=\"font-size:14.0pt\">, 26 de junho de 2024, 10h &agrave;s 12h, evento online.<\/span><\/span><\/span><\/span><\/p>\r\n\r\n<p style=\"text-align:justify\"><span style=\"font-size:11pt\"><span style=\"line-height:normal\"><span style=\"font-family:Calibri,sans-serif\"><a href=\"https:\/\/info.vdibrasil.com\/save-the-date-siep-2024?utm_campaign=6558_emkt_campanhasiep_vdi&amp;utm_medium=email&amp;utm_source=RD+Station\" style=\"color:blue; text-decoration:underline\"><b><span style=\"font-size:14.0pt\">XIII Simp&oacute;sio Internacional de Excel&ecirc;ncia em Produ&ccedil;&atilde;o: &ldquo;Energias Renov&aacute;veis&rdquo;<\/span><\/b><\/a><span style=\"font-size:14.0pt\">, 28 de junho de 2024, Universidade Mackenzie, S&atilde;o Paulo<\/span><\/span><\/span><\/span><\/p>\r\n\r\n<p style=\"text-align:justify\"><span style=\"font-size:11pt\"><span style=\"line-height:normal\"><span style=\"font-family:Calibri,sans-serif\"><a href=\"http:\/\/www.ihi.ensinoeinstein.com\" style=\"color:blue; text-decoration:underline\"><b><span style=\"font-size:14.0pt\">IHI 2024 - 9&ordm; F&oacute;rum Latino-Americano de Qualidade e Seguran&ccedil;a na Sa&uacute;de<\/span><\/b><\/a><span style=\"font-size:14.0pt\">, 09 a 11 de julho de 2024, evento h&iacute;brido, Centro de Ensino e Pesquisa Albert Einstein, Campus Cec&iacute;lia e Abram Szajman, Rua Comendador Elias Jafet, 755, Morumbi, S&atilde;o Paulo\/SP<\/span><\/span><\/span><\/span><\/p>\r\n\r\n<p style=\"text-align:justify\"><span style=\"font-size:11pt\"><span style=\"line-height:normal\"><span style=\"font-family:Calibri,sans-serif\"><a href=\"http:\/\/www.construnordeste.com.br\" style=\"color:blue; text-decoration:underline\"><b><span style=\"font-size:14.0pt\">Constru Nordeste<\/span><\/b><\/a><span style=\"font-size:14.0pt\">, 31 de julho a 02 de agosto de 2024, Centro de Conven&ccedil;&otilde;es Salvador, Bahia<\/span><\/span><\/span><\/span><\/p>\r\n\r\n<p style=\"text-align:justify\">&nbsp;<\/p>\r\n\r\n<p><img src=\"https:\/\/www.abint.org.br\/assets\/img\/editor\/abtt-academy-curso-compras-texteis-hospitalares_20240604135954xriEyS8abD.jpg\" style=\"width: 500px; height: 500px;\" \/><\/p>\r\n\r\n<p><a href=\"https:\/\/docs.google.com\/forms\/d\/e\/1FAIpQLSeG7zdl8xZpguBFbIdqyMS61mxfjvFjKOQ3EUqnWgC1RUcAug\/viewform\">Informa&ccedil;&otilde;es e inscri&ccedil;&otilde;es<\/a><\/p>\r\n\r\n<p style=\"text-align:justify\">&nbsp;<\/p>\r\n\r\n<p style=\"text-align:justify\"><span style=\"font-size:11pt\"><span style=\"line-height:normal\"><span style=\"font-family:Calibri,sans-serif\"><a href=\"http:\/\/www.feiplar.com\" style=\"color:blue; text-decoration:underline\"><b><span style=\"font-size:14.0pt\">FEIPLAR COMPOSITES &amp; FEIPUR &ndash; Feira e Congresso Internacionais de Composites, Poliuretano, Pl&aacute;sticos de Engenharia e Compostos Termopl&aacute;sticos<\/span><\/b><\/a><span style=\"font-size:14.0pt\">, 20 a 22 de agosto de 2024, S&atilde;o Paulo Expo (Pavilh&atilde;o 5), palestras: das 8h30 &agrave;s 18h, feira: das 13h &agrave;s 20h.<b> <\/b><\/span><\/span><\/span><\/span><\/p>\r\n\r\n<p style=\"text-align:justify\"><span style=\"font-size:11pt\"><span style=\"line-height:normal\"><span style=\"font-family:Calibri,sans-serif\"><a href=\"http:\/\/www.techtextil-north-america.us.messefrankfurt.com\" style=\"color:blue; text-decoration:underline\"><b><span lang=\"EN-US\" style=\"font-size:14.0pt\">Techtextil North America 2024<\/span><\/b><\/a><span lang=\"EN-US\" style=\"font-size:14.0pt\">, August 20 &ndash; 24, Raleigh, North Carolina.<\/span><\/span><\/span><\/span><\/p>\r\n\r\n<p style=\"text-align:justify\"><span style=\"font-size:11pt\"><span style=\"line-height:normal\"><span style=\"font-family:Calibri,sans-serif\"><a href=\"http:\/\/www.fenasan.com.br\" style=\"color:blue; text-decoration:underline\"><b><span style=\"font-size:14.0pt\">Fenasan 2024 &ndash; Feira Nacional de Saneamento e Meio Ambiente<\/span><\/b><\/a><span style=\"font-size:14.0pt\">, 22 a 24 de outubro de 2024, Pavilh&otilde;es Verde e Vermelho, Expo Center Norte, S&atilde;o Paulo SP<\/span><\/span><\/span><\/span><\/p>\r\n\r\n<p style=\"text-align:justify\"><span style=\"font-size:11pt\"><span style=\"line-height:normal\"><span style=\"font-family:Calibri,sans-serif\"><a href=\"http:\/\/www.hospitalmed.com.br\" style=\"color:blue; text-decoration:underline\"><b><span style=\"font-size:14.0pt\">HospitalMed 2024<\/span><\/b><\/a><span style=\"font-size:14.0pt\">, 23 a 25 de outubro, das 14h &agrave;s 20h, no Pernambuco Centro de Conven&ccedil;&otilde;es<\/span><\/span><\/span><\/span><\/p>\r\n\r\n<p style=\"text-align:justify\"><span style=\"font-size:11pt\"><span style=\"line-height:normal\"><span style=\"font-family:Calibri,sans-serif\"><a href=\"http:\/\/www.congressoabit.com.br\" style=\"color:blue; text-decoration:underline\"><b><span style=\"font-size:14.0pt\">Congresso Internacional Abit 2024<\/span><\/b><\/a><span style=\"font-size:14.0pt\">, 30 e 31 de outubro, Salvador, Bahia<\/span><\/span><\/span><\/span><\/p>\r\n\r\n<p class=\"MsoTitle\" style=\"text-align:justify\"><span style=\"font-size:28pt\"><span style=\"font-family:Cambria,serif\"><span style=\"letter-spacing:-0.5pt\"><b><span style=\"font-size:18.0pt\"><span calibri=\"\" style=\"font-family:\"><span style=\"font-variant:small-caps\">Setor<\/span><\/span><\/span><\/b><\/span><\/span><\/span><\/p>\r\n\r\n<p style=\"text-align:justify\"><span style=\"font-size:11pt\"><span style=\"line-height:normal\"><span style=\"font-family:Calibri,sans-serif\"><a href=\"https:\/\/medicinasa.com.br\/beneficios-naotecidos\/\" style=\"color:blue; text-decoration:underline\"><span style=\"font-size:14.0pt\">ABINT: Benef&iacute;cios do uso de N&atilde;otecidos no segmento m&eacute;dico-hospitalar<\/span><\/a><\/span><\/span><\/span><\/p>\r\n\r\n<p style=\"text-align:justify\"><span style=\"font-size:11pt\"><span style=\"line-height:normal\"><span style=\"font-family:Calibri,sans-serif\"><a href=\"http:\/\/transmail.ftrans01.com\/ZLFABRI?id=29813=JR4CVQVdAAgCGAAPAVAHUFwBBVVWAgsCBVNfDgJeUQhTA1QABFwOXAgBBw5aB1BXXgZNVwQPV0chAARRChIZVhQFHAdFGAkOAFMGBQ5WV1wIVAYEUVYATwkVEkheSRhNFANcFloFUVUfAkdFWQ8SVAlLUlkLSWN\/JyAkai1ZXl0aFAE=&amp;fl=DhZGFQ1LF05GEx1DXQIJClEGUFoSA0FHCA0DFgoDQxYIB0UWGA5ZSVAKHkQVGxQNUwocRUsWWEEVDwNKFw5eSUsWXUhTAU5cXQtDGlwIABRdFxxEAwVAUA0ICF9JElJaDgxdCVgDQRQDXQYAClFPDEwIXQ==\" style=\"color:blue; text-decoration:underline\" target=\"_blank\"><span style=\"font-size:14.0pt\"><img id=\"Imagem_x0020_2\" src=\"file:\/\/\/C:\/Users\/CRISTI~1\/AppData\/Local\/Temp\/msohtmlclip1\/01\/clip_image001.gif\" style=\"width:.75pt; height:.75pt\" \/> <\/span><span lang=\"EN-US\" style=\"font-size:14.0pt\">Japan&#39;s Zuiko&#39;s partnership to develop diaper recycling technology<\/span><\/a> <\/span><\/span><\/span><\/p>\r\n\r\n<p style=\"text-align:justify\"><span style=\"font-size:11pt\"><span style=\"line-height:normal\"><span style=\"font-family:Calibri,sans-serif\"><a href=\"https:\/\/www.santos.sp.gov.br\/?q=noticia\/termina-a-reconstrucao-de-encosta-em-area-de-morro-de-santos\" style=\"color:blue; text-decoration:underline\"><span style=\"font-size:14.0pt\">Geomanta: Termina a reconstru&ccedil;&atilde;o de encosta em &aacute;rea de morro de Santos (SP)<\/span><\/a><\/span><\/span><\/span><\/p>\r\n\r\n<p style=\"text-align:justify\"><span style=\"font-size:11pt\"><span style=\"line-height:normal\"><span style=\"font-family:Calibri,sans-serif\"><a href=\"https:\/\/ibsp.net.br\/terapias-infusionais-seguranca-do-paciente-e-controle-de-infeccoes\/\" style=\"color:blue; text-decoration:underline\"><span style=\"font-size:14.0pt\">Terapias infusionais: seguran&ccedil;a do paciente e controle de infec&ccedil;&otilde;es<\/span><\/a><\/span><\/span><\/span><\/p>\r\n\r\n<p style=\"text-align:justify\"><span style=\"font-size:11pt\"><span style=\"line-height:normal\"><span style=\"font-family:Calibri,sans-serif\"><a href=\"https:\/\/ibsp.net.br\/guia-seguranca-do-paciente\/\" style=\"color:blue; text-decoration:underline\"><span style=\"font-size:14.0pt\">Guia Completo sobre Seguran&ccedil;a do Paciente: Pr&aacute;ticas, Normas e Estrat&eacute;gias para Profissionais da Sa&uacute;de<\/span><\/a><\/span><\/span><\/span><\/p>\r\n\r\n<p style=\"text-align:justify\"><span style=\"font-size:11pt\"><span style=\"line-height:normal\"><span style=\"font-family:Calibri,sans-serif\"><a href=\"https:\/\/www.moveisdevalor.com.br\/portal\/o-programa-questiona-para-onde-caminha-o-setor-colchoeiro?source=news\" style=\"color:blue; text-decoration:underline\"><span style=\"font-size:14.0pt\">Uma boa pergunta: para onde caminha o setor colchoeiro?<\/span><\/a><\/span><\/span><\/span><\/p>\r\n\r\n<p style=\"text-align:justify\"><span style=\"font-size:11pt\"><span style=\"line-height:normal\"><span style=\"font-family:Calibri,sans-serif\"><a href=\"https:\/\/www.indiantextilemagazine.in\/itm-2024-opened-its-doors-with-record-visitors-from-74-countries\/\" style=\"color:blue; text-decoration:underline\"><span lang=\"EN-US\" style=\"font-size:14.0pt\">T&ecirc;xteis t&eacute;cnicos | ITM 2024 Opened Its Doors with Record Visitors from 74 Countries<\/span><\/a><\/span><\/span><\/span><\/p>\r\n\r\n<p style=\"text-align:justify\"><span style=\"font-size:11pt\"><span style=\"line-height:normal\"><span style=\"font-family:Calibri,sans-serif\"><a href=\"https:\/\/indiantextilejournal.com\/itm-2024-features-groundbreaking-textile-technology-innovations\/\" style=\"color:blue; text-decoration:underline\"><span lang=\"EN-US\" style=\"font-size:14.0pt\">T&ecirc;xteis T&eacute;cnicos | ITM 2024 features groundbreaking textile technology innovations<\/span><\/a><\/span><\/span><\/span><\/p>\r\n\r\n<p class=\"MsoTitle\" style=\"text-align:justify\"><span style=\"font-size:28pt\"><span style=\"font-family:Cambria,serif\"><span style=\"letter-spacing:-0.5pt\"><b><span style=\"font-size:18.0pt\"><span calibri=\"\" style=\"font-family:\"><span style=\"font-variant:small-caps\">Ind&uacute;stria<\/span><\/span><\/span><\/b><\/span><\/span><\/span><\/p>\r\n\r\n<p style=\"text-align:justify\"><span style=\"font-size:11pt\"><span style=\"line-height:normal\"><span style=\"font-family:Calibri,sans-serif\"><a href=\"https:\/\/noticias.portaldaindustria.com.br\/posicionamentos\/cni-se-opoe-a-mp-1227-e-interrompe-participacao-em-comitiva-oficial-a-china\/\" style=\"color:blue; text-decoration:underline\"><span style=\"font-size:14.0pt\">CNI se op&otilde;e &agrave; MP 1.227 e interrompe participa&ccedil;&atilde;o em comitiva oficial &agrave; China<\/span><\/a> <\/span><\/span><\/span><\/p>\r\n\r\n<p style=\"text-align:justify\"><span style=\"font-size:11pt\"><span style=\"line-height:normal\"><span style=\"font-family:Calibri,sans-serif\"><a href=\"https:\/\/www.metropoles.com\/negocios\/industria\/abimaq-guerra-derrubar-mp\" style=\"color:blue; text-decoration:underline\"><span style=\"font-size:14.0pt\">Ind&uacute;strias travam guerra com o governo contra a &ldquo;MP do Fim do Mundo&rdquo;<\/span><\/a><\/span><\/span><\/span><\/p>\r\n\r\n<p style=\"text-align:justify\"><span style=\"font-size:11pt\"><span style=\"line-height:normal\"><span style=\"font-family:Calibri,sans-serif\"><a href=\"https:\/\/noticias.portaldaindustria.com.br\/posicionamentos\/revisao-da-isencao-de-compras-ate-us-50-pelo-senado-da-folego-a-produtos-fabricados-no-brasil\/\" style=\"color:blue; text-decoration:underline\"><span style=\"font-size:14.0pt\">Revis&atilde;o da isen&ccedil;&atilde;o de compras at&eacute; US$ 50 pelo Senado d&aacute; f&ocirc;lego a produtos fabricados no Brasil<\/span><\/a><\/span><\/span><\/span><\/p>\r\n\r\n<p style=\"text-align:justify\"><span style=\"font-size:11pt\"><span style=\"line-height:normal\"><span style=\"font-family:Calibri,sans-serif\"><a href=\"http:\/\/emkt.grandesconstrucoes.com.br\/emkt\/tracer\/?2,8610501,260ba16a,e88d,5\" style=\"color:blue; text-decoration:underline\" title=\"Constru\u00e7\u00e3o abre mais 31,8 mil novos empregos em abril\"><span style=\"font-size:14.0pt\">Constru&ccedil;&atilde;o abre mais 31,8 mil novos empregos em abril<\/span><\/a><\/span><\/span><\/span><\/p>\r\n\r\n<p style=\"text-align:justify\"><span style=\"font-size:11pt\"><span style=\"line-height:normal\"><span style=\"font-family:Calibri,sans-serif\"><a href=\"http:\/\/emkt.grandesconstrucoes.com.br\/emkt\/tracer\/?2,8610501,260ba16a,e88d,2\" style=\"color:blue; text-decoration:underline\" title=\"Ind\u00fastria de Materiais de Constru\u00e7\u00e3o apresenta otimismo moderado\"><span style=\"font-size:14.0pt\">Ind&uacute;stria de Materiais de Constru&ccedil;&atilde;o apresenta otimismo moderado<\/span><\/a><\/span><\/span><\/span><\/p>\r\n\r\n<p style=\"text-align:justify\"><span style=\"font-size:11pt\"><span style=\"line-height:normal\"><span style=\"font-family:Calibri,sans-serif\"><a href=\"https:\/\/revlink.revistaanamaco.com.br\/cl\/PR8Eo\/CxP\/2852\/LCFJkUKAOaB\/BM-9\/F78vPHHl6Ns\/2\/\" style=\"color:blue; text-decoration:underline\" target=\"_blank\"><span style=\"font-size:14.0pt\">PIB da Constru&ccedil;&atilde;o tem ligeira queda de 0,5% no primeiro trimestre, apura IBGE<\/span><\/a><\/span><\/span><\/span><\/p>\r\n\r\n<p style=\"text-align:justify\"><span style=\"font-size:11pt\"><span style=\"line-height:normal\"><span style=\"font-family:Calibri,sans-serif\"><a href=\"https:\/\/grandesconstrucoes.com.br\/Noticias\/Exibir\/plano-nacional-de-ferrovias-deve-somar-r-200-bi-em-investimentos?utm_source=akna&amp;utm_medium=email&amp;utm_campaign=Grandes-Construcoes-Informativo-915-06-06-2024&amp;utm_source=akna&amp;utm_medium=email&amp;utm_campaign=Grandes-Construcoes-Informativo-915-06-06-2024\" style=\"color:blue; text-decoration:underline\"><span style=\"font-size:14.0pt\">Plano Nacional de Ferrovias deve somar R$ 200 bi em investimentos<\/span><\/a><\/span><\/span><\/span><\/p>\r\n\r\n<p style=\"text-align:justify\"><span style=\"font-size:11pt\"><span style=\"line-height:normal\"><span style=\"font-family:Calibri,sans-serif\"><a href=\"https:\/\/www.machadonunes.com.br\/pt\/mp-do-equilibrio-fiscal-limitacao-da-compensacao-de-creditos-de-pis-cofins-e-outros-impactos\/\" style=\"color:blue; text-decoration:underline\"><span style=\"font-size:14.0pt\">MP do Equil&iacute;brio Fiscal: limita&ccedil;&atilde;o da compensa&ccedil;&atilde;o de cr&eacute;ditos de PIS\/COFINS e outros impactos<\/span><\/a><\/span><\/span><\/span><\/p>\r\n\r\n<p style=\"text-align:justify\"><span style=\"font-size:11pt\"><span style=\"line-height:normal\"><span style=\"font-family:Calibri,sans-serif\"><a href=\"https:\/\/br.investing.com\/news\/economy\/abiquim-mp-que-limita-creditos-de-piscofins-onera-ainda-mais-a-industria-nacional-1254708\" style=\"color:blue; text-decoration:underline\"><span style=\"font-size:14.0pt\">Abiquim: MP que limita cr&eacute;ditos de PIS\/Cofins onera ainda mais a ind&uacute;stria nacional<\/span><\/a><\/span><\/span><\/span><\/p>\r\n\r\n<p class=\"MsoTitle\" style=\"text-align:justify\"><span style=\"font-size:28pt\"><span style=\"font-family:Cambria,serif\"><span style=\"letter-spacing:-0.5pt\"><b><span style=\"font-size:18.0pt\"><span calibri=\"\" style=\"font-family:\"><span style=\"font-variant:small-caps\">Sustentabilidade<\/span><\/span><\/span><\/b><\/span><\/span><\/span><\/p>\r\n\r\n<p style=\"text-align:justify\"><span style=\"font-size:11pt\"><span style=\"line-height:normal\"><span style=\"font-family:Calibri,sans-serif\"><a href=\"https:\/\/portaldaautopeca.com.br\/noticias\/local\/descarte-consciente-recicla-mais-de-40-milhoes-de-filtros-automotivos\/\" style=\"color:blue; text-decoration:underline\"><span style=\"font-size:14.0pt\">Descarte Consciente recicla mais de 40 milh&otilde;es de filtros automotivos<\/span><\/a><\/span><\/span><\/span><\/p>\r\n\r\n<p style=\"text-align:justify\"><span style=\"font-size:11pt\"><span style=\"line-height:normal\"><span style=\"font-family:Calibri,sans-serif\"><a href=\"https:\/\/www.indiantextilemagazine.in\/mas-holdings-and-ambercycle-partner-on-circular-polyester-offtake-agreement\/\" style=\"color:blue; text-decoration:underline\"><span lang=\"EN-US\" style=\"font-size:14.0pt\">Circularidade do poli&eacute;ster: MAS Holdings and Ambercycle Partner on Circular Polyester Offtake Agreement<\/span><\/a><\/span><\/span><\/span><\/p>\r\n\r\n<p style=\"text-align:justify\"><span style=\"font-size:11pt\"><span style=\"line-height:normal\"><span style=\"font-family:Calibri,sans-serif\"><a href=\"https:\/\/www.gov.br\/mdic\/pt-br\/assuntos\/noticias\/2024\/junho\/bndes-e-bancos-asiaticos-assinam-acordos-de-mais-r-9-1-bi-para-investimentos-sustentaveis\" style=\"color:blue; text-decoration:underline\"><span style=\"font-size:14.0pt\">BNDES e bancos asi&aacute;ticos assinam acordos de mais R$ 9,1 bi para investimentos sustent&aacute;veis<\/span><\/a><\/span><\/span><\/span><\/p>\r\n\r\n<p class=\"MsoTitle\" style=\"text-align:justify\"><span style=\"font-size:28pt\"><span style=\"font-family:Cambria,serif\"><span style=\"letter-spacing:-0.5pt\"><b><span style=\"font-size:18.0pt\"><span calibri=\"\" style=\"font-family:\"><span style=\"font-variant:small-caps\">Inova&ccedil;&atilde;o<\/span><\/span><\/span><\/b><\/span><\/span><\/span><\/p>\r\n\r\n<p style=\"text-align:justify\"><span style=\"font-size:11pt\"><span style=\"line-height:normal\"><span style=\"font-family:Calibri,sans-serif\"><a href=\"https:\/\/www.gov.br\/inpi\/pt-br\/central-de-conteudo\/noticias\/inpi-assina-acordo-com-fiesp-e-senai-sp-para-promover-uso-da-pi\" style=\"color:blue; text-decoration:underline\"><span style=\"font-size:14.0pt\">INPI assina acordo com Fiesp e Senai-SP para promover uso da PI<\/span><\/a><\/span><\/span><\/span><\/p>\r\n\r\n<p style=\"text-align:justify\"><span style=\"font-size:11pt\"><span style=\"line-height:normal\"><span style=\"font-family:Calibri,sans-serif\"><a href=\"https:\/\/noticias.portaldaindustria.com.br\/noticias\/inovacao-e-tecnologia\/20-anos-da-plataforma-de-inovacao-r-11-bilhao-mobilizados-para-a-industria\/\" style=\"color:blue; text-decoration:underline\"><span style=\"font-size:14.0pt\">20 anos da Plataforma de Inova&ccedil;&atilde;o: R$ 1,1 bilh&atilde;o mobilizados para a ind&uacute;stria<\/span><\/a><\/span><\/span><\/span><\/p>\r\n\r\n<p style=\"text-align:justify\"><span style=\"font-size:11pt\"><span style=\"line-height:normal\"><span style=\"font-family:Calibri,sans-serif\"><a href=\"https:\/\/phys.org\/news\/2024-06-cool-sustainable-recycled-plastics.html?utm_source=nwletter&amp;utm_medium=email&amp;utm_campaign=daily-nwletter\" style=\"color:blue; text-decoration:underline\"><span lang=\"EN-US\" style=\"font-size:14.0pt\">Cool paint made sustainable using recycled plastics<\/span><\/a><\/span><\/span><\/span><\/p>\r\n\r\n<p class=\"MsoTitle\" style=\"text-align:justify\"><span style=\"font-size:28pt\"><span style=\"font-family:Cambria,serif\"><span style=\"letter-spacing:-0.5pt\"><b><span style=\"font-size:18.0pt\"><span calibri=\"\" style=\"font-family:\"><span style=\"font-variant:small-caps\">Com&eacute;rcio Exterior<\/span><\/span><\/span><\/b><\/span><\/span><\/span><\/p>\r\n\r\n<p style=\"text-align:justify\"><span style=\"font-size:11pt\"><span style=\"line-height:normal\"><span style=\"font-family:Calibri,sans-serif\"><a href=\"https:\/\/plasticosemrevista.com.br\/explodem-precos-do-frete-maritimo-na-asia\/\" style=\"color:blue; text-decoration:underline\"><span style=\"font-size:14.0pt\">Explodem pre&ccedil;os do frete mar&iacute;timo na &Aacute;sia<\/span><\/a><\/span><\/span><\/span><\/p>\r\n\r\n<p style=\"text-align:justify\"><span style=\"font-size:11pt\"><span style=\"line-height:normal\"><span style=\"font-family:Calibri,sans-serif\"><a href=\"https:\/\/www.moveisdevalor.com.br\/portal\/desvio-do-mar-vermelho-se-torna-risco-alto-ao-comercio-global?source=news\" style=\"color:blue; text-decoration:underline\"><span style=\"font-size:14.0pt\">Desvio do Mar Vermelho se torna risco alto ao com&eacute;rcio global<\/span><\/a><\/span><\/span><\/span><\/p>\r\n\r\n<p style=\"text-align:justify\"><span style=\"font-size:11pt\"><span style=\"line-height:normal\"><span style=\"font-family:Calibri,sans-serif\"><a href=\"https:\/\/agenciabrasil.ebc.com.br\/economia\/noticia\/2024-06\/balanca-comercial-tem-superavit-de-us-8534-bi-em-maio\" style=\"color:blue; text-decoration:underline\"><span style=\"font-size:14.0pt\">Balan&ccedil;a comercial tem super&aacute;vit de US$ 8,5 bilh&otilde;es em maio<\/span><\/a><\/span><\/span><\/span><\/p>\r\n\r\n<p style=\"text-align:justify\"><span style=\"font-size:11pt\"><span style=\"line-height:normal\"><span style=\"font-family:Calibri,sans-serif\"><a href=\"https:\/\/www.metropoles.com\/brasil\/haddad-defende-empurrar-para-assinar-acordo-mercosul-uniao-europeia\" style=\"color:blue; text-decoration:underline\"><span style=\"font-size:14.0pt\">Haddad defende &ldquo;empurrar&rdquo; para assinar acordo Mercosul-Uni&atilde;o Europeia<\/span><\/a><\/span><\/span><\/span><\/p>\r\n\r\n<p class=\"MsoTitle\" style=\"text-align:justify\"><span style=\"font-size:28pt\"><span style=\"font-family:Cambria,serif\"><span style=\"letter-spacing:-0.5pt\"><b><span style=\"font-size:18.0pt\"><span calibri=\"\" style=\"font-family:\"><span style=\"font-variant:small-caps\">Economia<\/span><\/span><\/span><\/b><\/span><\/span><\/span><\/p>\r\n\r\n<p style=\"text-align:justify\"><span style=\"font-size:11pt\"><span style=\"line-height:normal\"><span style=\"font-family:Calibri,sans-serif\"><a href=\"https:\/\/www.bcb.gov.br\/content\/focus\/focus\/R20240607.pdf\" style=\"color:blue; text-decoration:underline\"><span style=\"font-size:14.0pt\">Focus - Relat&oacute;rio de Mercado<\/span><\/a><\/span><\/span><\/span><\/p>\r\n\r\n<p style=\"text-align:justify\"><span style=\"font-size:11pt\"><span style=\"line-height:normal\"><span style=\"font-family:Calibri,sans-serif\"><a href=\"https:\/\/www.infomoney.com.br\/economia\/pib-do-brasil-cresce-08-no-1o-trimestre-de-2023-dentro-do-previsto\/\" style=\"color:blue; text-decoration:underline\"><span style=\"font-size:14.0pt\">PIB do Brasil cresce 0,8% no 1&ordm; trimestre de 2024, dentro do previsto<\/span><\/a><\/span><\/span><\/span><\/p>\r\n\r\n<p style=\"text-align:justify\"><span style=\"font-size:11pt\"><span style=\"line-height:normal\"><span style=\"font-family:Calibri,sans-serif\"><a href=\"https:\/\/ibre.fgv.br\/blog-da-conjuntura-economica\/artigos\/em-seminario-pesquisadores-do-fgv-ibre-destacam-piora-da\" style=\"color:blue; text-decoration:underline\"><span style=\"font-size:14.0pt\">Em semin&aacute;rio, pesquisadores do FGV IBRE destacam piora da conjuntura econ&ocirc;mica, apesar de bom PIB no primeiro trimestre<\/span><\/a><\/span><\/span><\/span><\/p>\r\n\r\n<p style=\"text-align:justify\"><span style=\"font-size:11pt\"><span style=\"line-height:normal\"><span style=\"font-family:Calibri,sans-serif\"><a href=\"https:\/\/portalibre.fgv.br\/system\/files\/divulgacao\/noticias\/mat-complementar\/2024-06\/Bar%C3%B4metros%20Globais%20KOF-FGV_Press%20release_06_2024.pdf\" style=\"color:blue; text-decoration:underline\"><span style=\"font-size:14.0pt\">Bar&ocirc;metro Global Antecedente segue se recuperando<\/span><\/a><\/span><\/span><\/span><\/p>\r\n\r\n<p style=\"text-align:justify\"><span style=\"font-size:11pt\"><span style=\"line-height:normal\"><span style=\"font-family:Calibri,sans-serif\"><a href=\"https:\/\/www.infomoney.com.br\/economia\/confianca-empresarial-em-maio-sobe-apenas-02-ponto-diz-fgv\/\" style=\"color:blue; text-decoration:underline\"><span style=\"font-size:14.0pt\">Confian&ccedil;a empresarial em maio sobe apenas 0,2%, DIZ fgv<\/span><\/a><\/span><\/span><\/span><\/p>\r\n\r\n<p style=\"text-align:justify\"><span style=\"font-size:11pt\"><span style=\"line-height:normal\"><span style=\"font-family:Calibri,sans-serif\"><a href=\"https:\/\/ibre.fgv.br\/blog-da-conjuntura-economica\/artigos\/sondagens-de-maio-o-impacto-das-enchentes-no-rio-grande-do-sul\" style=\"color:blue; text-decoration:underline\"><span style=\"font-size:14.0pt\">Sondagens de maio: o impacto das enchentes no Rio Grande do Sul<\/span><\/a><\/span><\/span><\/span><\/p>\r\n\r\n<p style=\"text-align:justify\"><img src=\"https:\/\/www.abint.org.br\/assets\/img\/editor\/redes-sociais-abint-ctg-cth_202406041400398QFSSawN2a.jpg\" \/><\/p>\r\n","texto_en":"","7":"","imagem":"COMP_capa-2024-site-boletim-abint-noticias-semanis_20240611181036kvrgGNExX5.jpg","8":"COMP_capa-2024-site-boletim-abint-noticias-semanis_20240611181036kvrgGNExX5.jpg","arquivo":"20240611-BOLETIM-ABINT-DE-NOTICIAS-SEMANAIS.PDF","9":"20240611-BOLETIM-ABINT-DE-NOTICIAS-SEMANAIS.PDF","titulo_arquivo":"20240611 Boletim ABINT de Not\u00edcias Semanais","10":"20240611 Boletim ABINT de Not\u00edcias Semanais","titulo_arquivo_en":"","11":"","created_at":"2024-06-11 18:10:49","12":"2024-06-11 18:10:49","updated_at":"2024-06-11 18:13:27","13":"2024-06-11 18:13:27"},{"id":121,"0":121,"ordem":101,"1":101,"data":"2024-06-04","2":"2024-06-04","slug":"boletim-abint-de-noticias-semanais-33","3":"boletim-abint-de-noticias-semanais-33","titulo":"Boletim ABINT de Not\u00edcias Semanais","4":"Boletim ABINT de Not\u00edcias Semanais","titulo_en":"","5":"","texto":"<p style=\"text-align:justify\"><span style=\"font-size:11pt\"><span style=\"line-height:normal\"><span style=\"font-family:Calibri,sans-serif\"><span style=\"font-size:14.0pt\">Esta &eacute; uma compila&ccedil;&atilde;o das not&iacute;cias mais relevantes para o setor, incluindo informa&ccedil;&otilde;es sobre acordos internacionais, economia brasileira, sustentabilidade e mat&eacute;rias primas, al&eacute;m de novidades do setor de N&atilde;otecidos e Tecidos T&eacute;cnicos.<\/span><\/span><\/span><\/span><\/p>\r\n\r\n<p style=\"text-align:justify\"><span style=\"font-size:28pt\"><span style=\"font-family:Cambria,serif\"><span style=\"letter-spacing:-0.5pt\"><b><span style=\"font-size:18.0pt\"><span calibri=\"\" style=\"font-family:\"><span style=\"font-variant:small-caps\">O que vem por a&iacute;<\/span><\/span><\/span><\/b><\/span><\/span><\/span><\/p>\r\n\r\n<p><img src=\"https:\/\/www.abint.org.br\/assets\/img\/editor\/abint-logo-2020-g_20240604140402EuFojOVRC3.png\" style=\"width: 300px; height: 69px;\" \/><\/p>\r\n\r\n<p><img src=\"https:\/\/www.abint.org.br\/assets\/img\/editor\/post-quadrado-curso-naotecido_20240604140439bTXb5X0ijo.jpg\" style=\"width: 500px; height: 500px;\" \/><\/p>\r\n\r\n<p><a href=\"https:\/\/forms.office.com\/r\/5DrqtK5n3Y\">Informa&ccedil;&otilde;es e inscri&ccedil;&otilde;es<\/a><\/p>\r\n\r\n<p>&nbsp;<\/p>\r\n\r\n<p><img src=\"https:\/\/www.abint.org.br\/assets\/img\/editor\/logo-ctg-abint-png_2024060413534052r0NrfZqt.png\" style=\"width: 300px; height: 55px;\" \/><\/p>\r\n\r\n<p>&nbsp;<img src=\"https:\/\/www.abint.org.br\/assets\/img\/editor\/20240924-cobramseg-2024_20240604135452RvR0cfbBDA.png\" \/><\/p>\r\n\r\n<p>&nbsp;<b>O CTG ABINT &eacute; um dos patrocinadores da 21&ordf; edi&ccedil;&atilde;o do Cobramseg &ndash; Congresso Brasileiro de Mec&acirc;nica dos Solos e Engenharia Geot&eacute;cnica.<\/b><\/p>\r\n\r\n<p>&ldquo;<i>Nos reunimos para celebrar a Mec&acirc;nica dos Solos e das Rochas, da GeoEngenharia! Academia, Ind&uacute;stria e &Oacute;rg&atilde;os Gestores unidos para expor seus avan&ccedil;os t&eacute;cnicos e cient&iacute;ficos. Um ambiente rico e diverso que nos permite debater solu&ccedil;&otilde;es e a&ccedil;&otilde;es de forma a fortalecer nossa comunidade geot&eacute;cnica, visando proporcionar um desenvolvimento mais sustent&aacute;vel e seguro para a nossa sociedade<\/i>.&rdquo; V&iacute;tor Pereira Faro, Presidente do COBRAMSEG 2024<\/p>\r\n\r\n<p><a href=\"http:\/\/www.cobramseg.com.br\/\">www.cobramseg.com.br<\/a><\/p>\r\n\r\n<p>&nbsp;<\/p>\r\n\r\n<p>&nbsp;<img src=\"https:\/\/www.abint.org.br\/assets\/img\/editor\/fenasan-2024_202406041355382s1EzlqmSB.jpg\" \/><\/p>\r\n\r\n<p>O&nbsp;<b>CTG ABINT apoia a Feira Nacional de Saneamento e Meio Ambiente &ndash; Fenasan e do 35&ordm; Encontro T&eacute;cnico AESabesp, que ocorrer&atilde;o de 22 a 24 de outubro de 2024<\/b>, no Pavilh&atilde;o Verde e Vermelho, no Expo Center Norte, em S&atilde;o Paulo. Trata-se do maior evento de saneamento da Am&eacute;rica Latin. A realiza&ccedil;&atilde;o &eacute; da AESabesp &ndash; Associa&ccedil;&atilde;o dos Engenheiros da Sabesp.<\/p>\r\n\r\n<p><i>O tema central desta edi&ccedil;&atilde;o &eacute; &ldquo;Saneamento ambiental: condi&ccedil;&atilde;o fundamental para o enfrentamento das mudan&ccedil;as clim&aacute;ticas&rdquo;. Com um p&uacute;blico tradicionalmente de 22 mil visitantes e alinhada aos ODS &ndash; Objetivos de Desenvolvimento Sustent&aacute;vel estabelecidos pela ONU e aos conceitos de ESG, a edi&ccedil;&atilde;o 2024 continuar&aacute; ampliando o di&aacute;logo em torno das quest&otilde;es de saneamento ambiental, meio ambiente e sustentabilidade e promovendo o compartilhamento de conhecimento altamente qualificado.<\/i><\/p>\r\n\r\n<p><a href=\"http:\/\/www.fenasan.com.br\/\">www.fenasan.com.br<\/a><\/p>\r\n\r\n<p>&nbsp;<\/p>\r\n\r\n<p>&nbsp;<img src=\"https:\/\/www.abint.org.br\/assets\/img\/editor\/cth-logo-alta-png-2_20240604135615UBDpZbhU7w.png\" style=\"width: 300px; height: 68px;\" \/><\/p>\r\n\r\n<p><img src=\"https:\/\/www.abint.org.br\/assets\/img\/editor\/hospitalmed-2024-logo_202406041356372pzOiotRes.png\" style=\"width: 500px; height: 448px;\" \/><\/p>\r\n\r\n<p><b>O CTH ABINT &eacute; um dos patrocinadores da HospitalMed 2024.<\/b><\/p>\r\n\r\n<p>&ldquo;<i>A melhor e Mais Completa Feira de Sa&uacute;de do Norte\/Nordeste<\/i>&rdquo;, &eacute; uma realiza&ccedil;&atilde;o da HospitalMed Feiras &amp; Eventos e da Insight Feiras de Neg&oacute;cios.<\/p>\r\n\r\n<p><i>&ldquo;O&nbsp;<b>re&uacute;ne toda a cadeia produtiva do setor de sa&uacute;de das regi&otilde;es Norte\/Nordeste<\/b>. &Eacute; o grande encontro de fornecedores de Produtos, Equipamentos, Servi&ccedil;os, Tecnologia e Conte&uacute;do para Hospitais, Laborat&oacute;rios, Farm&aacute;cias, Cl&iacute;nicas, Consult&oacute;rios e Profissionais da Sa&uacute;de&rdquo;.<\/i><\/p>\r\n\r\n<p><a href=\"http:\/\/www.hospitalmed.com.br\/\">www.hospitalmed.com.br<\/a><\/p>\r\n\r\n<p class=\"MsoTitle\" style=\"text-align:justify\"><span style=\"font-size:28pt\"><span style=\"font-family:Cambria,serif\"><span style=\"letter-spacing:-0.5pt\"><b><span style=\"font-size:18.0pt\"><span calibri=\"\" style=\"font-family:\"><span style=\"font-variant:small-caps\">A&ccedil;&otilde;es realizadas<\/span><\/span><\/span><\/b><\/span><\/span><\/span><\/p>\r\n\r\n<p style=\"text-align:justify\"><img src=\"https:\/\/www.abint.org.br\/assets\/img\/editor\/logo-ctg-abint-png_2024060413534052r0NrfZqt.png\" style=\"width: 300px; height: 55px;\" \/><\/p>\r\n\r\n<p style=\"text-align:justify\"><span style=\"font-size:11pt\"><span style=\"line-height:normal\"><span style=\"font-family:Calibri,sans-serif\"><span style=\"font-size:14.0pt\">No &uacute;ltimo dia 28, o CTG ABINT Entrevista recebeu o Eng. Gabriel Gustavo Pinto, para falar sobre &ldquo;o papel do engenheiro na equipe t&eacute;cnica da ind&uacute;stria de Geossint&eacute;ticos&rdquo;. <\/span><a href=\"https:\/\/www.instagram.com\/p\/C7hy4jWp0Te\/?hl=en\" style=\"color:blue; text-decoration:underline\"><span style=\"font-size:14.0pt\">Confira aqui e deixe seu coment&aacute;rio<\/span><\/a><span style=\"font-size:14.0pt\">.<\/span><\/span><\/span><\/span><\/p>\r\n\r\n<p style=\"text-align:justify\"><span style=\"font-size:28pt\"><span style=\"font-family:Cambria,serif\"><span style=\"letter-spacing:-0.5pt\"><b><span style=\"font-size:18.0pt\"><span calibri=\"\" style=\"font-family:\"><span style=\"font-variant:small-caps\">Not&iacute;cias das Associadas<\/span><\/span><\/span><\/b><\/span><\/span><\/span><\/p>\r\n\r\n<p style=\"text-align:justify\"><span style=\"font-size:11pt\"><span style=\"line-height:normal\"><span style=\"font-family:Calibri,sans-serif\"><a href=\"https:\/\/emobile.com.br\/site\/industria\/cipatex-completa-60-anos-com-foco-em-inovacao-e-esg\/\" style=\"color:blue; text-decoration:underline\"><span style=\"font-size:14.0pt\">Cipatex completa 60 anos com foco em inova&ccedil;&atilde;o e ESG<\/span><\/a><\/span><\/span><\/span><\/p>\r\n\r\n<p style=\"text-align:justify\"><span style=\"font-size:11pt\"><span style=\"line-height:normal\"><span style=\"font-family:Calibri,sans-serif\"><a href=\"https:\/\/www.nonwovens-industry.com\/contents\/view_breaking-news\/2024-05-31\/suominen-initiates-restructuring-program\/\" style=\"color:blue; text-decoration:underline\"><span style=\"font-size:14.0pt\">Suominen Initiates Restructuring Program<\/span><\/a><\/span><\/span><\/span><\/p>\r\n\r\n<p style=\"text-align:justify\">&nbsp;<\/p>\r\n\r\n<p style=\"text-align:justify\"><span style=\"font-size:11pt\"><span style=\"line-height:normal\"><span style=\"font-family:Calibri,sans-serif\"><b><span style=\"font-size:18.0pt\"><span style=\"font-variant:small-caps\">Eventos<\/span><\/span><\/b><\/span><\/span><\/span><\/p>\r\n\r\n<p style=\"text-align:justify\"><span style=\"font-size:11pt\"><span style=\"line-height:normal\"><span style=\"font-family:Calibri,sans-serif\"><a href=\"https:\/\/www.argenplas.com.ar\/home\" style=\"color:blue; text-decoration:underline\"><b><span style=\"font-size:14.0pt\">Argenpl&aacute;s &ndash; XIX Exposi&ccedil;&atilde;o Internacional do Pl&aacute;stico<\/span><\/b><\/a><span class=\"MsoHyperlink\" style=\"color:blue\"><span style=\"text-decoration:underline\"><span style=\"font-size:14.0pt\"><span style=\"text-decoration:none\"><span style=\"text-underline:none\">, 04 a 07 de junho de 2024, Buenos Aires, Argentina<\/span><\/span><\/span><\/span><\/span><\/span><\/span><\/span><\/p>\r\n\r\n<p style=\"text-align:justify\"><span style=\"font-size:11pt\"><span style=\"line-height:normal\"><span style=\"font-family:Calibri,sans-serif\"><a href=\"https:\/\/www.edana.org\/events\/edana-innovation-forum-?ct=t(MENA_2018_call_for_papers6_28_2017_COPY_01)&amp;mc_cid=27efeab42f&amp;mc_eid=08e0eae351\" style=\"color:blue; text-decoration:underline\"><b><span lang=\"EN-US\" style=\"font-size:14.0pt\">The EDANA Innovation Forum<\/span><\/b><\/a><span class=\"MsoHyperlink\" style=\"color:blue\"><span style=\"text-decoration:underline\"><span lang=\"EN-US\" style=\"font-size:14.0pt\"><span style=\"text-decoration:none\"><span style=\"text-underline:none\">, <\/span><\/span><\/span><\/span><\/span><span lang=\"EN-US\" style=\"font-size:14.0pt\">04 - 06 June 2024, Munich<\/span><\/span><\/span><\/span><\/p>\r\n\r\n<p style=\"text-align:justify\"><span style=\"font-size:11pt\"><span style=\"line-height:normal\"><span style=\"font-family:Calibri,sans-serif\"><a href=\"https:\/\/www.hightex.com.tr\/\" style=\"color:blue; text-decoration:underline\"><b><span lang=\"EN-US\" style=\"font-size:14.0pt\">HIGITEX 2024 | International Technical Textiles &amp; Nonwoven Exhibition<\/span><\/b><\/a><span lang=\"EN-US\" style=\"font-size:14.0pt\">, 4-8 June 2024, T&uuml;yap Fair Convention and Congress Center, T&uuml;rkiye<\/span><\/span><\/span><\/span><\/p>\r\n\r\n<p style=\"text-align:justify\"><span style=\"font-size:11pt\"><span style=\"line-height:normal\"><span style=\"font-family:Calibri,sans-serif\"><a href=\"https:\/\/www.sympla.com.br\/evento\/evento-em-comemoracao-ao-meio-ambiente-presencial-e-online\/2465555?utm_campaign=economia_circular_-_abrava&amp;utm_medium=email&amp;utm_source=RD+Station\" style=\"color:blue; text-decoration:underline\"><b><span style=\"font-size:14.0pt\">Abrava | Economia Circular em AVACR: Oportunidade e Ganhos!<\/span><\/b><\/a><span style=\"font-size:14.0pt\">, 06 de junho, das 18h00 &agrave;s 20h45, evento h&iacute;brido<\/span><\/span><\/span><\/span><\/p>\r\n\r\n<p style=\"text-align:justify\"><span style=\"font-size:11pt\"><span style=\"line-height:normal\"><span style=\"font-family:Calibri,sans-serif\"><a href=\"https:\/\/app.rdstation.email\/mail\/5893d5d3-c08f-4bed-9b26-b4e2f8e26d87?utm_campaign=workshop_residuos_solidos&amp;utm_medium=email&amp;utm_source=RD+Station\" style=\"color:blue; text-decoration:underline\"><b><span style=\"font-size:14.0pt\">Workshop | Plano de gerenciamento de res&iacute;duos s&oacute;lidos<\/span><\/b><\/a><span style=\"font-size:14.0pt\">, 06 de junho de 2024, evento online<\/span><\/span><\/span><\/span><\/p>\r\n\r\n<p style=\"text-align:justify\"><span style=\"font-size:11pt\"><span style=\"line-height:normal\"><span style=\"font-family:Calibri,sans-serif\"><a href=\"https:\/\/www.portaldaindustria.com.br\/eventos\/pt\/edicoes\/webinario-cni-migracao-siscomex-portal-unico-de-co#msdynttrid=7P914w6hRJBYl4whKc-deHw60XYEVuZb7RrDg_DHml4\" style=\"color:blue; text-decoration:underline\"><b><span style=\"font-size:14.0pt\">Webin&aacute;rio CNI | Migra&ccedil;&atilde;o Siscomex-Portal &Uacute;nico de Com&eacute;rcio Exterior<\/span><\/b><\/a><span style=\"font-size:14.0pt\">, 07 de junho de 2024, 14h00-16h30, transmiss&atilde;o pelo canal do YouTube da CNI<\/span><\/span><\/span><\/span><\/p>\r\n\r\n<p style=\"text-align:justify\"><span style=\"font-size:11pt\"><span style=\"line-height:normal\"><span style=\"font-family:Calibri,sans-serif\"><a href=\"https:\/\/evento.fgv.br\/reforma-previdencia_1206\/\" style=\"color:blue; text-decoration:underline\"><b><span style=\"font-size:14.0pt\">FGV IBRE | Webinar: Uma Nova Reforma da Previd&ecirc;ncia<\/span><\/b><\/a><span style=\"font-size:14.0pt\">, 12 de junho de 2024, das 10h00 &agrave;s 11h30, transmiss&atilde;o via YouTube FGV<\/span><\/span><\/span><\/span><\/p>\r\n\r\n<p style=\"text-align:justify\"><span style=\"font-size:11pt\"><span style=\"line-height:normal\"><span style=\"font-family:Calibri,sans-serif\"><span style=\"font-size:14.0pt\">&ldquo;<\/span><a href=\"https:\/\/www.meiofiltrante.com.br\/Noticia\/124390\/o-consumo-mundial-de-energia-aumentara-em-35-o-que-acarretara-um-incremento-de-85-no-consumo-de-agua-\" style=\"color:blue; text-decoration:underline\"><b><span style=\"font-size:14.0pt\">70 anos de PVC no Brasil<\/span><\/b><\/a><span style=\"font-size:14.0pt\">&rdquo; &eacute; o tema do workshop presencial que ser&aacute; realizado pela Pl&aacute;sticos em Revista no dia 12 de junho, em S&atilde;o Paulo. Vagas limitadas<\/span><\/span><\/span><\/span><\/p>\r\n\r\n<p style=\"text-align:justify\"><span style=\"font-size:11pt\"><span style=\"line-height:normal\"><span style=\"font-family:Calibri,sans-serif\"><a href=\"https:\/\/eventosabicol.org\/encontromundial\" style=\"color:blue; text-decoration:underline\"><b><span style=\"font-size:14.0pt\">ABICOL | I Encontro Internacional da Ind&uacute;stria de Colch&otilde;es<\/span><\/b><\/a><span style=\"font-size:14.0pt\">, 13 e 14 de junho de 2024, Rio Othon Palace, Rio de Janeiro<\/span><\/span><\/span><\/span><\/p>\r\n\r\n<p style=\"text-align:justify\"><span style=\"font-size:11pt\"><span style=\"line-height:normal\"><span style=\"font-family:Calibri,sans-serif\"><a href=\"https:\/\/send.neopixdmi.com\/index.php\/campaigns\/bt5255bhowca7\/web-version\/mh045xn88n9c0\" style=\"color:blue; text-decoration:underline\"><b><span style=\"font-size:14.0pt\">AESabesp | O Mega Desafio Trazido Pela Nova Lei de Licita&ccedil;&otilde;es e Contratos - Lei 14133\/2021<\/span><\/b><\/a><b><span style=\"font-size:14.0pt\">, <\/span><\/b><span style=\"font-size:14.0pt\">17 a 19 de junho de 2024, das 08h &agrave;s 17h, na sede da AESabesp, em S&atilde;o Paulo<\/span><\/span><\/span><\/span><\/p>\r\n\r\n<p style=\"text-align:justify\"><span style=\"font-size:11pt\"><span style=\"line-height:normal\"><span style=\"font-family:Calibri,sans-serif\"><a href=\"https:\/\/click.apexbrasil.com.br\/mkt\/OficinadeCompetitividade\/Oficina%20de%20Competitividade_Junho2024.pdf#msdynttrid=1xfj1i2yMHdfLXSFyjk3vyzK0-Plq3qQOa-suS7A9-I\" style=\"color:blue; text-decoration:underline\"><b><span style=\"font-size:14.0pt\">Apex Brasil | Como formar pre&ccedil;os competitivos para o mercado internacional<\/span><\/b><\/a><span style=\"font-size:14.0pt\">, 20 de junho de 2024, 8:30 &agrave;s 12:30, <\/span><a href=\"https:\/\/crm-apps.apexbrasil.com.br\/orgbdeab873\/inscricao-eventos\/evento\/oficina-de-competitividade-on-line-como-formar-precos-competitivos-para-o-mercado-internacional\/03452a6c-e0b7-433c-8588-b79e03e9479a?msdynttrid=OReYDgxAotYslDTx5ZWROFTbKg0J63QAt9lx_UovR9g\" style=\"color:blue; text-decoration:underline\"><span style=\"font-size:14.0pt\">evento online<\/span><\/a><\/span><\/span><\/span><\/p>\r\n\r\n<p style=\"text-align:justify\"><span style=\"font-size:11pt\"><span style=\"line-height:normal\"><span style=\"font-family:Calibri,sans-serif\"><a href=\"https:\/\/info.vdibrasil.com\/save-the-date-siep-2024?utm_campaign=6558_emkt_campanhasiep_vdi&amp;utm_medium=email&amp;utm_source=RD+Station\" style=\"color:blue; text-decoration:underline\"><b><span style=\"font-size:14.0pt\">XIII Simp&oacute;sio Internacional de Excel&ecirc;ncia em Produ&ccedil;&atilde;o: &ldquo;Energias Renov&aacute;veis&rdquo;<\/span><\/b><\/a><span style=\"font-size:14.0pt\">, 28 de junho de 2024, Universidade Mackenzie, S&atilde;o Paulo<\/span><\/span><\/span><\/span><\/p>\r\n\r\n<p style=\"text-align:justify\"><span style=\"font-size:11pt\"><span style=\"line-height:normal\"><span style=\"font-family:Calibri,sans-serif\"><a href=\"http:\/\/www.ihi.ensinoeinstein.com\" style=\"color:blue; text-decoration:underline\"><b><span style=\"font-size:14.0pt\">IHI 2024 - 9&ordm; F&oacute;rum Latino-Americano de Qualidade e Seguran&ccedil;a na Sa&uacute;de<\/span><\/b><\/a><span style=\"font-size:14.0pt\">, 09 a 11 de julho de 2024, evento h&iacute;brido, Centro de Ensino e Pesquisa Albert Einstein, Campus Cec&iacute;lia e Abram Szajman, Rua Comendador Elias Jafet, 755, Morumbi, S&atilde;o Paulo\/SP<\/span><\/span><\/span><\/span><\/p>\r\n\r\n<p style=\"text-align:justify\"><span style=\"font-size:11pt\"><span style=\"line-height:normal\"><span style=\"font-family:Calibri,sans-serif\"><a href=\"http:\/\/www.construnordeste.com.br\" style=\"color:blue; text-decoration:underline\"><b><span style=\"font-size:14.0pt\">Constru Nordeste<\/span><\/b><\/a><span style=\"font-size:14.0pt\">, 31 de julho a 02 de agosto de 2024, Centro de Conven&ccedil;&otilde;es Salvador, Bahia<\/span><\/span><\/span><\/span><\/p>\r\n\r\n<p><img src=\"https:\/\/www.abint.org.br\/assets\/img\/editor\/abtt-academy-curso-compras-texteis-hospitalares_20240604135954xriEyS8abD.jpg\" style=\"width: 500px; height: 500px;\" \/><\/p>\r\n\r\n<p><a href=\"https:\/\/docs.google.com\/forms\/d\/e\/1FAIpQLSeG7zdl8xZpguBFbIdqyMS61mxfjvFjKOQ3EUqnWgC1RUcAug\/viewform\">Informa&ccedil;&otilde;es e inscri&ccedil;&otilde;es<\/a><\/p>\r\n\r\n<p>&nbsp;<\/p>\r\n\r\n<p style=\"text-align:justify\"><span style=\"font-size:11pt\"><span style=\"line-height:normal\"><span style=\"font-family:Calibri,sans-serif\"><a href=\"http:\/\/www.feiplar.com\" style=\"color:blue; text-decoration:underline\"><b><span style=\"font-size:14.0pt\">FEIPLAR COMPOSITES &amp; FEIPUR &ndash; Feira e Congresso Internacionais de Composites, Poliuretano, Pl&aacute;sticos de Engenharia e Compostos Termopl&aacute;sticos<\/span><\/b><\/a><span style=\"font-size:14.0pt\">, 20 a 22 de agosto de 2024, S&atilde;o Paulo Expo (Pavilh&atilde;o 5), palestras: das 8h30 &agrave;s 18h, feira: das 13h &agrave;s 20h.<b> <\/b><\/span><\/span><\/span><\/span><\/p>\r\n\r\n<p style=\"text-align:justify\"><span style=\"font-size:11pt\"><span style=\"line-height:normal\"><span style=\"font-family:Calibri,sans-serif\"><a href=\"http:\/\/www.techtextil-north-america.us.messefrankfurt.com\" style=\"color:blue; text-decoration:underline\"><b><span lang=\"EN-US\" style=\"font-size:14.0pt\">Techtextil North America 2024<\/span><\/b><\/a><span lang=\"EN-US\" style=\"font-size:14.0pt\">, August 20 &ndash; 24, Raleigh, North Carolina.<\/span><\/span><\/span><\/span><\/p>\r\n\r\n<p style=\"text-align:justify\"><span style=\"font-size:11pt\"><span style=\"line-height:normal\"><span style=\"font-family:Calibri,sans-serif\"><a href=\"http:\/\/www.fenasan.com.br\" style=\"color:blue; text-decoration:underline\"><b><span style=\"font-size:14.0pt\">Fenasan 2024 &ndash; Feira Nacional de Saneamento e Meio Ambiente<\/span><\/b><\/a><span style=\"font-size:14.0pt\">, 22 a 24 de outubro de 2024, Pavilh&otilde;es Verde e Vermelho, Expo Center Norte, S&atilde;o Paulo SP<\/span><\/span><\/span><\/span><\/p>\r\n\r\n<p style=\"text-align:justify\"><span style=\"font-size:11pt\"><span style=\"line-height:normal\"><span style=\"font-family:Calibri,sans-serif\"><a href=\"http:\/\/www.hospitalmed.com.br\" style=\"color:blue; text-decoration:underline\"><b><span style=\"font-size:14.0pt\">HospitalMed 2024<\/span><\/b><\/a><span style=\"font-size:14.0pt\">, 23 a 25 de outubro, das 14h &agrave;s 20h, no Pernambuco Centro de Conven&ccedil;&otilde;es<\/span><\/span><\/span><\/span><\/p>\r\n\r\n<p style=\"text-align:justify\"><span style=\"font-size:11pt\"><span style=\"line-height:normal\"><span style=\"font-family:Calibri,sans-serif\"><a href=\"http:\/\/www.congressoabit.com.br\" style=\"color:blue; text-decoration:underline\"><b><span style=\"font-size:14.0pt\">Congresso Internacional Abit 2024<\/span><\/b><\/a><span style=\"font-size:14.0pt\">, 30 e 31 de outubro, Salvador, Bahia<\/span><\/span><\/span><\/span><\/p>\r\n\r\n<p style=\"text-align:justify\"><span style=\"font-size:28pt\"><span style=\"font-family:Cambria,serif\"><span style=\"letter-spacing:-0.5pt\"><b><span style=\"font-size:18.0pt\"><span calibri=\"\" style=\"font-family:\"><span style=\"font-variant:small-caps\">Setor<\/span><\/span><\/span><\/b><\/span><\/span><\/span><\/p>\r\n\r\n<p style=\"text-align:justify\"><span style=\"font-size:11pt\"><span style=\"line-height:normal\"><span style=\"font-family:Calibri,sans-serif\"><a href=\"https:\/\/nerdiano.com.br\/especiais\/mercado-de-descartaveis-de-nao-tecidos-de-polipropileno-por-analise-de-fontes-participacao-tendencias-tamanho-previsao-de-2024-2034-3\/282671\/\" style=\"color:blue; text-decoration:underline\"><span style=\"font-size:14.0pt\">Pesquisa; Mercado de descart&aacute;veis de n&atilde;o tecidos de polipropileno por an&aacute;lise de fontes, participa&ccedil;&atilde;o, tend&ecirc;ncias, tamanho, previs&atilde;o de (2024-2034)<\/span><\/a><\/span><\/span><\/span><\/p>\r\n\r\n<p style=\"text-align:justify\"><span style=\"font-size:11pt\"><span style=\"line-height:normal\"><span style=\"font-family:Calibri,sans-serif\"><a href=\"https:\/\/www.edmarlyra.com\/prefeito-mano-medeiros-contabiliza-r-4493-milhoes-em-projetos-e-acoes-voltados-para-prevencao-e-resposta-a-desastres-naturais\/\" style=\"color:blue; text-decoration:underline\"><span style=\"font-size:14.0pt\">Geomanta: prefeitura de Jaboat&atilde;o dos Guararapes (PE) contabiliza R$ 449,3 milh&otilde;es em projetos e a&ccedil;&otilde;es voltados para preven&ccedil;&atilde;o e resposta a desastres naturais<\/span><\/a><\/span><\/span><\/span><\/p>\r\n\r\n<p style=\"text-align:justify\"><span style=\"font-size:11pt\"><span style=\"line-height:normal\"><span style=\"font-family:Calibri,sans-serif\"><a href=\"https:\/\/globalthings.net\/2022\/02\/registro-anvisa\/?utm_campaign=Newsletter-2024-05&amp;utm_content=blog&amp;utm_medium=rd-station&amp;utm_source=newsletter&amp;utm_term=registro-anvisa\" style=\"color:blue; text-decoration:underline\"><span style=\"font-size:14.0pt\">Registro Anvisa: atualiza&ccedil;&atilde;o e monitoramento<\/span><\/a><\/span><\/span><\/span><\/p>\r\n\r\n<p style=\"text-align:justify\"><span style=\"font-size:11pt\"><span style=\"line-height:normal\"><span style=\"font-family:Calibri,sans-serif\"><a href=\"https:\/\/globalthings.net\/2022\/03\/tecnovigilancia\/?utm_campaign=Newsletter-2024-05&amp;utm_content=blog&amp;utm_medium=rd-station&amp;utm_source=newsletter&amp;utm_term=conceitos-tecnovigilancia\" style=\"color:blue; text-decoration:underline\"><span style=\"font-size:14.0pt\">Tecnovigil&acirc;ncia e seus conceitos<\/span><\/a><\/span><\/span><\/span><\/p>\r\n\r\n<p style=\"text-align:justify\"><span style=\"font-size:28pt\"><span style=\"font-family:Cambria,serif\"><span style=\"letter-spacing:-0.5pt\"><b><span style=\"font-size:18.0pt\"><span calibri=\"\" style=\"font-family:\"><span style=\"font-variant:small-caps\">Ind&uacute;stria<\/span><\/span><\/span><\/b><\/span><\/span><\/span><\/p>\r\n\r\n<p style=\"text-align:justify\"><span style=\"font-size:11pt\"><span style=\"line-height:normal\"><span style=\"font-family:Calibri,sans-serif\"><a href=\"https:\/\/noticias.portaldaindustria.com.br\/noticias\/institucional\/cni-federacoes-e-74-associacoes-industriais-assinam-declaracao-pela-reindustrializacao\/\" style=\"color:blue; text-decoration:underline\"><span style=\"font-size:14.0pt\">CNI, federa&ccedil;&otilde;es e 74 associa&ccedil;&otilde;es industriais assinam declara&ccedil;&atilde;o pela reindustrializa&ccedil;&atilde;o<\/span><\/a><\/span><\/span><\/span><\/p>\r\n\r\n<p style=\"text-align:justify\"><span style=\"font-size:11pt\"><span style=\"line-height:normal\"><span style=\"font-family:Calibri,sans-serif\"><a href=\"https:\/\/agenciabrasil.ebc.com.br\/economia\/noticia\/2024-05\/abimaq-nova-lei-para-industria-deve-gerar-r-20-bi-em-investimentos\" style=\"color:blue; text-decoration:underline\"><span style=\"font-size:14.0pt\">Abimaq: nova lei para ind&uacute;stria deve gerar R$ 20 bi em investimentos<\/span><\/a><\/span><\/span><\/span><\/p>\r\n\r\n<p style=\"text-align:justify\"><span style=\"font-size:11pt\"><span style=\"line-height:normal\"><span style=\"font-family:Calibri,sans-serif\"><a href=\"https:\/\/noticias.portaldaindustria.com.br\/noticias\/economia\/confianca-da-regiao-sul-caiu-significativamente-em-maio-mostra-pesquisa-da-cni\/\" style=\"color:blue; text-decoration:underline\"><span style=\"font-size:14.0pt\">Confian&ccedil;a da regi&atilde;o Sul caiu significativamente em maio, mostra pesquisa da CNI<\/span><\/a><\/span><\/span><\/span><\/p>\r\n\r\n<p style=\"text-align:justify\"><span style=\"font-size:11pt\"><span style=\"line-height:normal\"><span style=\"font-family:Calibri,sans-serif\"><a href=\"https:\/\/noticias.portaldaindustria.com.br\/noticias\/economia\/industria-da-construcao-mantem-expectativas-positivas-diz-cni\/\" style=\"color:blue; text-decoration:underline\"><span style=\"font-size:14.0pt\">Ind&uacute;stria da constru&ccedil;&atilde;o mant&eacute;m expectativas positivas, diz CNI<\/span><\/a><\/span><\/span><\/span><\/p>\r\n\r\n<p style=\"text-align:justify\"><span style=\"font-size:11pt\"><span style=\"line-height:normal\"><span style=\"font-family:Calibri,sans-serif\"><a href=\"https:\/\/novomomento.com.br\/asfalto-novo-ou-remendo\/\" style=\"color:blue; text-decoration:underline\"><span style=\"font-size:14.0pt\">Asfalto novo ou remendo?<\/span><\/a><\/span><\/span><\/span><\/p>\r\n\r\n<p style=\"text-align:justify\"><span style=\"font-size:11pt\"><span style=\"line-height:normal\"><span style=\"font-family:Calibri,sans-serif\"><a href=\"https:\/\/tissueonline.com.br\/bigfral-expande-linha-de-cuidados-noturnos-para-incontinencia-urinaria\/?utm_campaign=newsletter_31052024_novo_modelo&amp;utm_medium=email&amp;utm_source=RD+Station\" style=\"color:blue; text-decoration:underline\"><span style=\"font-size:14.0pt\">Bigfral expande linha de cuidados noturnos para incontin&ecirc;ncia urin&aacute;ria<\/span><\/a><\/span><\/span><\/span><\/p>\r\n\r\n<p style=\"text-align:justify\"><span style=\"font-size:11pt\"><span style=\"line-height:normal\"><span style=\"font-family:Calibri,sans-serif\"><a href=\"https:\/\/www.moveisdevalor.com.br\/portal\/brasil-reune-lideres-mundiais-para-debater-futuro-dos-colchoes?source=news\" style=\"color:blue; text-decoration:underline\"><span style=\"font-size:14.0pt\">Brasil re&uacute;ne l&iacute;deres mundiais para debater futuro dos colch&otilde;es<\/span><\/a><\/span><\/span><\/span><\/p>\r\n\r\n<p style=\"text-align:justify\"><span style=\"font-size:28pt\"><span style=\"font-family:Cambria,serif\"><span style=\"letter-spacing:-0.5pt\"><b><span lang=\"EN-US\" style=\"font-size:18.0pt\"><span calibri=\"\" style=\"font-family:\"><span style=\"font-variant:small-caps\">Sustentabilidade<\/span><\/span><\/span><\/b><\/span><\/span><\/span><\/p>\r\n\r\n<p style=\"text-align:justify\"><span style=\"font-size:11pt\"><span style=\"line-height:normal\"><span style=\"font-family:Calibri,sans-serif\"><a href=\"https:\/\/www.fibre2fashion.com\/news\/textile-news\/eu-council-approves-corporate-sustainability-due-diligence-directive-295653-newsdetails.htm\" style=\"color:blue; text-decoration:underline\"><span lang=\"EN-US\" style=\"font-size:14.0pt\">EU Council approves corporate sustainability due diligence directive<\/span><\/a><\/span><\/span><\/span><\/p>\r\n\r\n<p style=\"text-align:justify\"><span style=\"font-size:11pt\"><span style=\"line-height:normal\"><span style=\"font-family:Calibri,sans-serif\"><a href=\"https:\/\/www.fibre2fashion.com\/news\/textile-news\/eu-council-adopts-ecodesign-bans-destruction-of-unsold-textile-295630-newsdetails.htm\" style=\"color:blue; text-decoration:underline\"><span lang=\"EN-US\" style=\"font-size:14.0pt\">EU Council adopts ecodesign; bans destruction of unsold textile<\/span><\/a><\/span><\/span><\/span><\/p>\r\n\r\n<p style=\"text-align:justify\"><span style=\"font-size:11pt\"><span style=\"line-height:normal\"><span style=\"font-family:Calibri,sans-serif\"><a href=\"https:\/\/mercadoeconsumo.com.br\/28\/05\/2024\/sustentabilidade\/consumidores-deixam-de-comprar-em-marcas-que-desrespeitaram-o-meio-ambiente\/?utm_campaign=mais_lidas_01_06__vaivem&amp;utm_medium=email&amp;utm_source=RD+Station\" style=\"color:blue; text-decoration:underline\"><span style=\"font-size:14.0pt\">Consumidores deixam de comprar em marcas que desrespeitaram o meio ambiente<\/span><\/a><\/span><\/span><\/span><\/p>\r\n\r\n<p style=\"text-align:justify\"><span style=\"font-size:11pt\"><span style=\"line-height:normal\"><span style=\"font-family:Calibri,sans-serif\"><a href=\"https:\/\/www.saneasonline.com.br\/colunas\/meio-ambiente\/o-acordo-de-paris-e-a-troika-climatica-inovacao-em-tempos-de-adversidade\/\" style=\"color:blue; text-decoration:underline\"><span style=\"font-size:14.0pt\">O Acordo de Paris e a Troika clim&aacute;tica: inova&ccedil;&atilde;o em tempos de adversidade<\/span><\/a><\/span><\/span><\/span><\/p>\r\n\r\n<p style=\"text-align:justify\"><span style=\"font-size:11pt\"><span style=\"line-height:normal\"><span style=\"font-family:Calibri,sans-serif\"><a href=\"https:\/\/grandesconstrucoes.com.br\/Noticias\/Exibir\/industria-de-materiais-de-construcao-avanca-em--medidas-para-reduzir-pegada-ambiental?utm_source=akna&amp;utm_medium=email&amp;utm_campaign=Grandes-Construcoes-Informativo-914-30-05-2024&amp;utm_source=akna&amp;utm_medium=email&amp;utm_campaign=Grandes-Construcoes-Informativo-914-30-05-2024\" style=\"color:blue; text-decoration:underline\"><span style=\"font-size:14.0pt\">Ind&uacute;stria de materiais de constru&ccedil;&atilde;o avan&ccedil;a em medidas para reduzir pegada ambiental<\/span><\/a><\/span><\/span><\/span><\/p>\r\n\r\n<p style=\"text-align:justify\"><span style=\"font-size:11pt\"><span style=\"line-height:normal\"><span style=\"font-family:Calibri,sans-serif\"><a href=\"https:\/\/www.meiofiltrante.com.br\/Noticia\/124390\/o-consumo-mundial-de-energia-aumentara-em-35-o-que-acarretara-um-incremento-de-85-no-consumo-de-agua-\" style=\"color:blue; text-decoration:underline\"><span style=\"font-size:14.0pt\">O consumo mundial de energia aumentar&aacute; em 35% o que acarretar&aacute; um incremento de 85% no consumo de &aacute;gua<\/span><\/a><\/span><\/span><\/span><\/p>\r\n\r\n<p style=\"text-align:justify\"><span style=\"font-size:28pt\"><span style=\"font-family:Cambria,serif\"><span style=\"letter-spacing:-0.5pt\"><b><span style=\"font-size:18.0pt\"><span calibri=\"\" style=\"font-family:\"><span style=\"font-variant:small-caps\">Inova&ccedil;&atilde;o<\/span><\/span><\/span><\/b><\/span><\/span><\/span><\/p>\r\n\r\n<p style=\"text-align:justify\"><span style=\"font-size:11pt\"><span style=\"line-height:normal\"><span style=\"font-family:Calibri,sans-serif\"><a href=\"https:\/\/www.e-zigurat.com\/pt-br\/blog\/cidades-esponja-solucoes-inovadoras-para-combater-enchentes-urbanas\/?utm_campaign=CASAPTArticulosBlog&amp;utm_medium=Newsletter&amp;_hsenc=p2ANqtz--5hIeSsLN7uExFInQ_GqzMFSI6LCA_cJJ2zJOHPx_bqRRJ4PHqTpSYwWHdvFPm-tp6YdJuXnhF8H0DO8dKJIx5h3XU5g&amp;_hsmi=309922523&amp;utm_content=CidadesEsponjaNLJune24PT&amp;utm_source=CRMDB\" style=\"color:blue; text-decoration:underline\"><span style=\"font-size:14.0pt\">Cidades-Esponja: Solu&ccedil;&otilde;es Inovadoras para Combater Enchentes Urbanas<\/span><\/a><\/span><\/span><\/span><\/p>\r\n\r\n<p style=\"text-align:justify\"><span style=\"font-size:11pt\"><span style=\"line-height:normal\"><span style=\"font-family:Calibri,sans-serif\"><a href=\"https:\/\/plasticosemrevista.com.br\/trocando-em-miudos-npe-mostrou-a-grandeza-dos-nanomateriais\/\" style=\"color:blue; text-decoration:underline\"><span style=\"font-size:14.0pt\">Trocando em mi&uacute;dos: NPE mostrou a grandeza dos nanomateriais<\/span><\/a><\/span><\/span><\/span><\/p>\r\n\r\n<p style=\"text-align:justify\"><span style=\"font-size:11pt\"><span style=\"line-height:normal\"><span style=\"font-family:Calibri,sans-serif\"><a href=\"https:\/\/www.fibre2fashion.com\/industry-article\/10032\/transforming-chicken-feathers-into-sustainable-textile-solutions\" style=\"color:blue; text-decoration:underline\"><span lang=\"EN-US\" style=\"font-size:14.0pt\">Transforming Chicken Feathers into Sustainable Textile Solutions<\/span><\/a><\/span><\/span><\/span><\/p>\r\n\r\n<p style=\"text-align:justify\"><span style=\"font-size:11pt\"><span style=\"line-height:normal\"><span style=\"font-family:Calibri,sans-serif\"><a href=\"https:\/\/phys.org\/news\/2024-06-genius-scale-material-earth.html?utm_source=nwletter&amp;utm_medium=email&amp;utm_campaign=daily-nwletter\" style=\"color:blue; text-decoration:underline\"><span lang=\"EN-US\" style=\"font-size:14.0pt\">Shear genius: Researchers find way to scale up wonder material, which could do wonders for the Earth<\/span><\/a><\/span><\/span><\/span><\/p>\r\n\r\n<p style=\"text-align:justify\"><span style=\"font-size:28pt\"><span style=\"font-family:Cambria,serif\"><span style=\"letter-spacing:-0.5pt\"><b><span style=\"font-size:18.0pt\"><span calibri=\"\" style=\"font-family:\"><span style=\"font-variant:small-caps\">Com&eacute;rcio Exterior<\/span><\/span><\/span><\/b><\/span><\/span><\/span><\/p>\r\n\r\n<p style=\"text-align:justify\"><span style=\"font-size:11pt\"><span style=\"line-height:normal\"><span style=\"font-family:Calibri,sans-serif\"><a href=\"https:\/\/veja.abril.com.br\/coluna\/radar\/acordo-de-livre-comercio-entre-mercosul-e-bloco-de-paises-europeus-avanca\" style=\"color:blue; text-decoration:underline\"><span style=\"font-size:14.0pt\">Acordo de livre-com&eacute;rcio entre Mercosul e bloco de pa&iacute;ses europeus avan&ccedil;a<\/span><\/a> <\/span><\/span><\/span><\/p>\r\n\r\n<p style=\"text-align:justify\"><span style=\"font-size:11pt\"><span style=\"line-height:normal\"><span style=\"font-family:Calibri,sans-serif\"><a href=\"https:\/\/comexdobrasil.com\/superavit-da-balanca-comercial-se-aproxima-de-us-35-bilhoes-ate-a-4a-semana-de-maio\/\" style=\"color:blue; text-decoration:underline\"><span style=\"font-size:14.0pt\">Balan&ccedil;a comercial registra super&aacute;vit de US$ 34,6 bilh&otilde;es at&eacute; 4a. semana de maio<\/span><\/a><\/span><\/span><\/span><\/p>\r\n\r\n<p style=\"text-align:justify\"><span style=\"font-size:11pt\"><span style=\"line-height:normal\"><span style=\"font-family:Calibri,sans-serif\"><a href=\"https:\/\/comexdobrasil.com\/plataforma-brasil-exportacao-6-meses-de-apoio-ao-comercio-exterior-brasileiro\/\" style=\"color:blue; text-decoration:underline\"><span style=\"font-size:14.0pt\">Plataforma Brasil Exporta&ccedil;&atilde;o: 6 meses de apoio ao com&eacute;rcio exterior brasileiro<\/span><\/a><\/span><\/span><\/span><\/p>\r\n\r\n<p style=\"text-align:justify\"><span style=\"font-size:11pt\"><span style=\"line-height:normal\"><span style=\"font-family:Calibri,sans-serif\"><a href=\"https:\/\/www.bndes.gov.br\/wps\/portal\/site\/home\/financiamento\/solucao\/solucao-exportacao-pre-embarque\/#!\/\" style=\"color:blue; text-decoration:underline\"><span style=\"font-size:14.0pt\">BNDES reduz de forma permanente taxas da linha de exporta&ccedil;&atilde;o - Exim Pr&eacute;-embarque<\/span><\/a><\/span><\/span><\/span><\/p>\r\n\r\n<p style=\"text-align:justify\"><span style=\"font-size:11pt\"><span style=\"line-height:normal\"><span style=\"font-family:Calibri,sans-serif\"><a href=\"https:\/\/www.gov.br\/mdic\/pt-br\/assuntos\/noticias\/2024\/maio\/novo-comex-stat-ficara-mais-rapido-e-funcional\" style=\"color:blue; text-decoration:underline\"><span style=\"font-size:14.0pt\">Novo Comex Stat ficar&aacute; mais r&aacute;pido e funcional<\/span><\/a><\/span><\/span><\/span><\/p>\r\n\r\n<p style=\"text-align:justify\"><span style=\"font-size:28pt\"><span style=\"font-family:Cambria,serif\"><span style=\"letter-spacing:-0.5pt\"><b><span style=\"font-size:18.0pt\"><span calibri=\"\" style=\"font-family:\"><span style=\"font-variant:small-caps\">Economia<\/span><\/span><\/span><\/b><\/span><\/span><\/span><\/p>\r\n\r\n<p style=\"text-align:justify\"><span style=\"font-size:11pt\"><span style=\"line-height:normal\"><span style=\"font-family:Calibri,sans-serif\"><a href=\"https:\/\/www.bcb.gov.br\/content\/focus\/focus\/R20240531.pdf\" style=\"color:blue; text-decoration:underline\"><span style=\"font-size:14.0pt\">Focus - Relat&oacute;rio de Mercado<\/span><\/a><\/span><\/span><\/span><\/p>\r\n\r\n<p style=\"text-align:justify\"><span style=\"font-size:11pt\"><span style=\"line-height:normal\"><span style=\"font-family:Calibri,sans-serif\"><a href=\"https:\/\/www.bcb.gov.br\/content\/controleinflacao\/focusdistribuicoesfrequencia\/P20240603-Focus-Distribuicoes-de-frequencia.pdf\" style=\"color:blue; text-decoration:underline\"><span style=\"font-size:14.0pt\">Focus &ndash; Distribui&ccedil;&otilde;es de Frequ&ecirc;ncia das Expectativas de Mercado para IPCA, Selic, PIB e C&acirc;mbio<\/span><\/a><\/span><\/span><\/span><\/p>\r\n\r\n<p style=\"text-align:justify\"><span style=\"font-size:11pt\"><span style=\"line-height:normal\"><span style=\"font-family:Calibri,sans-serif\"><a href=\"https:\/\/anba.com.br\/fmi-preve-maior-crescimento-do-brasil\/\" style=\"color:blue; text-decoration:underline\"><span style=\"font-size:14.0pt\">FMI prev&ecirc; maior crescimento do Brasil<\/span><\/a><\/span><\/span><\/span><\/p>\r\n\r\n<p style=\"text-align:justify\"><span style=\"font-size:11pt\"><span style=\"line-height:normal\"><span style=\"font-family:Calibri,sans-serif\"><a href=\"https:\/\/portalibre.fgv.br\/system\/files\/2024-06\/apresentacao-sintese-das-sondagens-maio-2024.pdf\" style=\"color:blue; text-decoration:underline\"><span style=\"font-size:14.0pt\">Indicadores de Confian&ccedil;a e Incerteza do FGV IBRE<\/span><\/a><\/span><\/span><\/span><\/p>\r\n\r\n<p style=\"text-align:justify\"><span style=\"font-size:11pt\"><span style=\"line-height:normal\"><span style=\"font-family:Calibri,sans-serif\"><a href=\"https:\/\/www.fibre2fashion.com\/news\/textile-news\/china-s-economy-projected-to-grow-by-5-in-2024-4-5-in-2025-imf-295678-newsdetails.htm\" style=\"color:blue; text-decoration:underline\"><span lang=\"EN-US\" style=\"font-size:14.0pt\">China&#39;s economy projected to grow by 5% in 2024, 4.5% in 2025: IMF<\/span><\/a><\/span><\/span><\/span><\/p>\r\n\r\n<p style=\"text-align:justify\">&nbsp;<\/p>\r\n\r\n<p style=\"text-align:justify\"><img src=\"https:\/\/www.abint.org.br\/assets\/img\/editor\/redes-sociais-abint-ctg-cth_202406041400398QFSSawN2a.jpg\" \/><\/p>\r\n","6":"<p style=\"text-align:justify\"><span style=\"font-size:11pt\"><span style=\"line-height:normal\"><span style=\"font-family:Calibri,sans-serif\"><span style=\"font-size:14.0pt\">Esta &eacute; uma compila&ccedil;&atilde;o das not&iacute;cias mais relevantes para o setor, incluindo informa&ccedil;&otilde;es sobre acordos internacionais, economia brasileira, sustentabilidade e mat&eacute;rias primas, al&eacute;m de novidades do setor de N&atilde;otecidos e Tecidos T&eacute;cnicos.<\/span><\/span><\/span><\/span><\/p>\r\n\r\n<p style=\"text-align:justify\"><span style=\"font-size:28pt\"><span style=\"font-family:Cambria,serif\"><span style=\"letter-spacing:-0.5pt\"><b><span style=\"font-size:18.0pt\"><span calibri=\"\" style=\"font-family:\"><span style=\"font-variant:small-caps\">O que vem por a&iacute;<\/span><\/span><\/span><\/b><\/span><\/span><\/span><\/p>\r\n\r\n<p><img src=\"https:\/\/www.abint.org.br\/assets\/img\/editor\/abint-logo-2020-g_20240604140402EuFojOVRC3.png\" style=\"width: 300px; height: 69px;\" \/><\/p>\r\n\r\n<p><img src=\"https:\/\/www.abint.org.br\/assets\/img\/editor\/post-quadrado-curso-naotecido_20240604140439bTXb5X0ijo.jpg\" style=\"width: 500px; height: 500px;\" \/><\/p>\r\n\r\n<p><a href=\"https:\/\/forms.office.com\/r\/5DrqtK5n3Y\">Informa&ccedil;&otilde;es e inscri&ccedil;&otilde;es<\/a><\/p>\r\n\r\n<p>&nbsp;<\/p>\r\n\r\n<p><img src=\"https:\/\/www.abint.org.br\/assets\/img\/editor\/logo-ctg-abint-png_2024060413534052r0NrfZqt.png\" style=\"width: 300px; height: 55px;\" \/><\/p>\r\n\r\n<p>&nbsp;<img src=\"https:\/\/www.abint.org.br\/assets\/img\/editor\/20240924-cobramseg-2024_20240604135452RvR0cfbBDA.png\" \/><\/p>\r\n\r\n<p>&nbsp;<b>O CTG ABINT &eacute; um dos patrocinadores da 21&ordf; edi&ccedil;&atilde;o do Cobramseg &ndash; Congresso Brasileiro de Mec&acirc;nica dos Solos e Engenharia Geot&eacute;cnica.<\/b><\/p>\r\n\r\n<p>&ldquo;<i>Nos reunimos para celebrar a Mec&acirc;nica dos Solos e das Rochas, da GeoEngenharia! Academia, Ind&uacute;stria e &Oacute;rg&atilde;os Gestores unidos para expor seus avan&ccedil;os t&eacute;cnicos e cient&iacute;ficos. Um ambiente rico e diverso que nos permite debater solu&ccedil;&otilde;es e a&ccedil;&otilde;es de forma a fortalecer nossa comunidade geot&eacute;cnica, visando proporcionar um desenvolvimento mais sustent&aacute;vel e seguro para a nossa sociedade<\/i>.&rdquo; V&iacute;tor Pereira Faro, Presidente do COBRAMSEG 2024<\/p>\r\n\r\n<p><a href=\"http:\/\/www.cobramseg.com.br\/\">www.cobramseg.com.br<\/a><\/p>\r\n\r\n<p>&nbsp;<\/p>\r\n\r\n<p>&nbsp;<img src=\"https:\/\/www.abint.org.br\/assets\/img\/editor\/fenasan-2024_202406041355382s1EzlqmSB.jpg\" \/><\/p>\r\n\r\n<p>O&nbsp;<b>CTG ABINT apoia a Feira Nacional de Saneamento e Meio Ambiente &ndash; Fenasan e do 35&ordm; Encontro T&eacute;cnico AESabesp, que ocorrer&atilde;o de 22 a 24 de outubro de 2024<\/b>, no Pavilh&atilde;o Verde e Vermelho, no Expo Center Norte, em S&atilde;o Paulo. Trata-se do maior evento de saneamento da Am&eacute;rica Latin. A realiza&ccedil;&atilde;o &eacute; da AESabesp &ndash; Associa&ccedil;&atilde;o dos Engenheiros da Sabesp.<\/p>\r\n\r\n<p><i>O tema central desta edi&ccedil;&atilde;o &eacute; &ldquo;Saneamento ambiental: condi&ccedil;&atilde;o fundamental para o enfrentamento das mudan&ccedil;as clim&aacute;ticas&rdquo;. Com um p&uacute;blico tradicionalmente de 22 mil visitantes e alinhada aos ODS &ndash; Objetivos de Desenvolvimento Sustent&aacute;vel estabelecidos pela ONU e aos conceitos de ESG, a edi&ccedil;&atilde;o 2024 continuar&aacute; ampliando o di&aacute;logo em torno das quest&otilde;es de saneamento ambiental, meio ambiente e sustentabilidade e promovendo o compartilhamento de conhecimento altamente qualificado.<\/i><\/p>\r\n\r\n<p><a href=\"http:\/\/www.fenasan.com.br\/\">www.fenasan.com.br<\/a><\/p>\r\n\r\n<p>&nbsp;<\/p>\r\n\r\n<p>&nbsp;<img src=\"https:\/\/www.abint.org.br\/assets\/img\/editor\/cth-logo-alta-png-2_20240604135615UBDpZbhU7w.png\" style=\"width: 300px; height: 68px;\" \/><\/p>\r\n\r\n<p><img src=\"https:\/\/www.abint.org.br\/assets\/img\/editor\/hospitalmed-2024-logo_202406041356372pzOiotRes.png\" style=\"width: 500px; height: 448px;\" \/><\/p>\r\n\r\n<p><b>O CTH ABINT &eacute; um dos patrocinadores da HospitalMed 2024.<\/b><\/p>\r\n\r\n<p>&ldquo;<i>A melhor e Mais Completa Feira de Sa&uacute;de do Norte\/Nordeste<\/i>&rdquo;, &eacute; uma realiza&ccedil;&atilde;o da HospitalMed Feiras &amp; Eventos e da Insight Feiras de Neg&oacute;cios.<\/p>\r\n\r\n<p><i>&ldquo;O&nbsp;<b>re&uacute;ne toda a cadeia produtiva do setor de sa&uacute;de das regi&otilde;es Norte\/Nordeste<\/b>. &Eacute; o grande encontro de fornecedores de Produtos, Equipamentos, Servi&ccedil;os, Tecnologia e Conte&uacute;do para Hospitais, Laborat&oacute;rios, Farm&aacute;cias, Cl&iacute;nicas, Consult&oacute;rios e Profissionais da Sa&uacute;de&rdquo;.<\/i><\/p>\r\n\r\n<p><a href=\"http:\/\/www.hospitalmed.com.br\/\">www.hospitalmed.com.br<\/a><\/p>\r\n\r\n<p class=\"MsoTitle\" style=\"text-align:justify\"><span style=\"font-size:28pt\"><span style=\"font-family:Cambria,serif\"><span style=\"letter-spacing:-0.5pt\"><b><span style=\"font-size:18.0pt\"><span calibri=\"\" style=\"font-family:\"><span style=\"font-variant:small-caps\">A&ccedil;&otilde;es realizadas<\/span><\/span><\/span><\/b><\/span><\/span><\/span><\/p>\r\n\r\n<p style=\"text-align:justify\"><img src=\"https:\/\/www.abint.org.br\/assets\/img\/editor\/logo-ctg-abint-png_2024060413534052r0NrfZqt.png\" style=\"width: 300px; height: 55px;\" \/><\/p>\r\n\r\n<p style=\"text-align:justify\"><span style=\"font-size:11pt\"><span style=\"line-height:normal\"><span style=\"font-family:Calibri,sans-serif\"><span style=\"font-size:14.0pt\">No &uacute;ltimo dia 28, o CTG ABINT Entrevista recebeu o Eng. Gabriel Gustavo Pinto, para falar sobre &ldquo;o papel do engenheiro na equipe t&eacute;cnica da ind&uacute;stria de Geossint&eacute;ticos&rdquo;. <\/span><a href=\"https:\/\/www.instagram.com\/p\/C7hy4jWp0Te\/?hl=en\" style=\"color:blue; text-decoration:underline\"><span style=\"font-size:14.0pt\">Confira aqui e deixe seu coment&aacute;rio<\/span><\/a><span style=\"font-size:14.0pt\">.<\/span><\/span><\/span><\/span><\/p>\r\n\r\n<p style=\"text-align:justify\"><span style=\"font-size:28pt\"><span style=\"font-family:Cambria,serif\"><span style=\"letter-spacing:-0.5pt\"><b><span style=\"font-size:18.0pt\"><span calibri=\"\" style=\"font-family:\"><span style=\"font-variant:small-caps\">Not&iacute;cias das Associadas<\/span><\/span><\/span><\/b><\/span><\/span><\/span><\/p>\r\n\r\n<p style=\"text-align:justify\"><span style=\"font-size:11pt\"><span style=\"line-height:normal\"><span style=\"font-family:Calibri,sans-serif\"><a href=\"https:\/\/emobile.com.br\/site\/industria\/cipatex-completa-60-anos-com-foco-em-inovacao-e-esg\/\" style=\"color:blue; text-decoration:underline\"><span style=\"font-size:14.0pt\">Cipatex completa 60 anos com foco em inova&ccedil;&atilde;o e ESG<\/span><\/a><\/span><\/span><\/span><\/p>\r\n\r\n<p style=\"text-align:justify\"><span style=\"font-size:11pt\"><span style=\"line-height:normal\"><span style=\"font-family:Calibri,sans-serif\"><a href=\"https:\/\/www.nonwovens-industry.com\/contents\/view_breaking-news\/2024-05-31\/suominen-initiates-restructuring-program\/\" style=\"color:blue; text-decoration:underline\"><span style=\"font-size:14.0pt\">Suominen Initiates Restructuring Program<\/span><\/a><\/span><\/span><\/span><\/p>\r\n\r\n<p style=\"text-align:justify\">&nbsp;<\/p>\r\n\r\n<p style=\"text-align:justify\"><span style=\"font-size:11pt\"><span style=\"line-height:normal\"><span style=\"font-family:Calibri,sans-serif\"><b><span style=\"font-size:18.0pt\"><span style=\"font-variant:small-caps\">Eventos<\/span><\/span><\/b><\/span><\/span><\/span><\/p>\r\n\r\n<p style=\"text-align:justify\"><span style=\"font-size:11pt\"><span style=\"line-height:normal\"><span style=\"font-family:Calibri,sans-serif\"><a href=\"https:\/\/www.argenplas.com.ar\/home\" style=\"color:blue; text-decoration:underline\"><b><span style=\"font-size:14.0pt\">Argenpl&aacute;s &ndash; XIX Exposi&ccedil;&atilde;o Internacional do Pl&aacute;stico<\/span><\/b><\/a><span class=\"MsoHyperlink\" style=\"color:blue\"><span style=\"text-decoration:underline\"><span style=\"font-size:14.0pt\"><span style=\"text-decoration:none\"><span style=\"text-underline:none\">, 04 a 07 de junho de 2024, Buenos Aires, Argentina<\/span><\/span><\/span><\/span><\/span><\/span><\/span><\/span><\/p>\r\n\r\n<p style=\"text-align:justify\"><span style=\"font-size:11pt\"><span style=\"line-height:normal\"><span style=\"font-family:Calibri,sans-serif\"><a href=\"https:\/\/www.edana.org\/events\/edana-innovation-forum-?ct=t(MENA_2018_call_for_papers6_28_2017_COPY_01)&amp;mc_cid=27efeab42f&amp;mc_eid=08e0eae351\" style=\"color:blue; text-decoration:underline\"><b><span lang=\"EN-US\" style=\"font-size:14.0pt\">The EDANA Innovation Forum<\/span><\/b><\/a><span class=\"MsoHyperlink\" style=\"color:blue\"><span style=\"text-decoration:underline\"><span lang=\"EN-US\" style=\"font-size:14.0pt\"><span style=\"text-decoration:none\"><span style=\"text-underline:none\">, <\/span><\/span><\/span><\/span><\/span><span lang=\"EN-US\" style=\"font-size:14.0pt\">04 - 06 June 2024, Munich<\/span><\/span><\/span><\/span><\/p>\r\n\r\n<p style=\"text-align:justify\"><span style=\"font-size:11pt\"><span style=\"line-height:normal\"><span style=\"font-family:Calibri,sans-serif\"><a href=\"https:\/\/www.hightex.com.tr\/\" style=\"color:blue; text-decoration:underline\"><b><span lang=\"EN-US\" style=\"font-size:14.0pt\">HIGITEX 2024 | International Technical Textiles &amp; Nonwoven Exhibition<\/span><\/b><\/a><span lang=\"EN-US\" style=\"font-size:14.0pt\">, 4-8 June 2024, T&uuml;yap Fair Convention and Congress Center, T&uuml;rkiye<\/span><\/span><\/span><\/span><\/p>\r\n\r\n<p style=\"text-align:justify\"><span style=\"font-size:11pt\"><span style=\"line-height:normal\"><span style=\"font-family:Calibri,sans-serif\"><a href=\"https:\/\/www.sympla.com.br\/evento\/evento-em-comemoracao-ao-meio-ambiente-presencial-e-online\/2465555?utm_campaign=economia_circular_-_abrava&amp;utm_medium=email&amp;utm_source=RD+Station\" style=\"color:blue; text-decoration:underline\"><b><span style=\"font-size:14.0pt\">Abrava | Economia Circular em AVACR: Oportunidade e Ganhos!<\/span><\/b><\/a><span style=\"font-size:14.0pt\">, 06 de junho, das 18h00 &agrave;s 20h45, evento h&iacute;brido<\/span><\/span><\/span><\/span><\/p>\r\n\r\n<p style=\"text-align:justify\"><span style=\"font-size:11pt\"><span style=\"line-height:normal\"><span style=\"font-family:Calibri,sans-serif\"><a href=\"https:\/\/app.rdstation.email\/mail\/5893d5d3-c08f-4bed-9b26-b4e2f8e26d87?utm_campaign=workshop_residuos_solidos&amp;utm_medium=email&amp;utm_source=RD+Station\" style=\"color:blue; text-decoration:underline\"><b><span style=\"font-size:14.0pt\">Workshop | Plano de gerenciamento de res&iacute;duos s&oacute;lidos<\/span><\/b><\/a><span style=\"font-size:14.0pt\">, 06 de junho de 2024, evento online<\/span><\/span><\/span><\/span><\/p>\r\n\r\n<p style=\"text-align:justify\"><span style=\"font-size:11pt\"><span style=\"line-height:normal\"><span style=\"font-family:Calibri,sans-serif\"><a href=\"https:\/\/www.portaldaindustria.com.br\/eventos\/pt\/edicoes\/webinario-cni-migracao-siscomex-portal-unico-de-co#msdynttrid=7P914w6hRJBYl4whKc-deHw60XYEVuZb7RrDg_DHml4\" style=\"color:blue; text-decoration:underline\"><b><span style=\"font-size:14.0pt\">Webin&aacute;rio CNI | Migra&ccedil;&atilde;o Siscomex-Portal &Uacute;nico de Com&eacute;rcio Exterior<\/span><\/b><\/a><span style=\"font-size:14.0pt\">, 07 de junho de 2024, 14h00-16h30, transmiss&atilde;o pelo canal do YouTube da CNI<\/span><\/span><\/span><\/span><\/p>\r\n\r\n<p style=\"text-align:justify\"><span style=\"font-size:11pt\"><span style=\"line-height:normal\"><span style=\"font-family:Calibri,sans-serif\"><a href=\"https:\/\/evento.fgv.br\/reforma-previdencia_1206\/\" style=\"color:blue; text-decoration:underline\"><b><span style=\"font-size:14.0pt\">FGV IBRE | Webinar: Uma Nova Reforma da Previd&ecirc;ncia<\/span><\/b><\/a><span style=\"font-size:14.0pt\">, 12 de junho de 2024, das 10h00 &agrave;s 11h30, transmiss&atilde;o via YouTube FGV<\/span><\/span><\/span><\/span><\/p>\r\n\r\n<p style=\"text-align:justify\"><span style=\"font-size:11pt\"><span style=\"line-height:normal\"><span style=\"font-family:Calibri,sans-serif\"><span style=\"font-size:14.0pt\">&ldquo;<\/span><a href=\"https:\/\/www.meiofiltrante.com.br\/Noticia\/124390\/o-consumo-mundial-de-energia-aumentara-em-35-o-que-acarretara-um-incremento-de-85-no-consumo-de-agua-\" style=\"color:blue; text-decoration:underline\"><b><span style=\"font-size:14.0pt\">70 anos de PVC no Brasil<\/span><\/b><\/a><span style=\"font-size:14.0pt\">&rdquo; &eacute; o tema do workshop presencial que ser&aacute; realizado pela Pl&aacute;sticos em Revista no dia 12 de junho, em S&atilde;o Paulo. Vagas limitadas<\/span><\/span><\/span><\/span><\/p>\r\n\r\n<p style=\"text-align:justify\"><span style=\"font-size:11pt\"><span style=\"line-height:normal\"><span style=\"font-family:Calibri,sans-serif\"><a href=\"https:\/\/eventosabicol.org\/encontromundial\" style=\"color:blue; text-decoration:underline\"><b><span style=\"font-size:14.0pt\">ABICOL | I Encontro Internacional da Ind&uacute;stria de Colch&otilde;es<\/span><\/b><\/a><span style=\"font-size:14.0pt\">, 13 e 14 de junho de 2024, Rio Othon Palace, Rio de Janeiro<\/span><\/span><\/span><\/span><\/p>\r\n\r\n<p style=\"text-align:justify\"><span style=\"font-size:11pt\"><span style=\"line-height:normal\"><span style=\"font-family:Calibri,sans-serif\"><a href=\"https:\/\/send.neopixdmi.com\/index.php\/campaigns\/bt5255bhowca7\/web-version\/mh045xn88n9c0\" style=\"color:blue; text-decoration:underline\"><b><span style=\"font-size:14.0pt\">AESabesp | O Mega Desafio Trazido Pela Nova Lei de Licita&ccedil;&otilde;es e Contratos - Lei 14133\/2021<\/span><\/b><\/a><b><span style=\"font-size:14.0pt\">, <\/span><\/b><span style=\"font-size:14.0pt\">17 a 19 de junho de 2024, das 08h &agrave;s 17h, na sede da AESabesp, em S&atilde;o Paulo<\/span><\/span><\/span><\/span><\/p>\r\n\r\n<p style=\"text-align:justify\"><span style=\"font-size:11pt\"><span style=\"line-height:normal\"><span style=\"font-family:Calibri,sans-serif\"><a href=\"https:\/\/click.apexbrasil.com.br\/mkt\/OficinadeCompetitividade\/Oficina%20de%20Competitividade_Junho2024.pdf#msdynttrid=1xfj1i2yMHdfLXSFyjk3vyzK0-Plq3qQOa-suS7A9-I\" style=\"color:blue; text-decoration:underline\"><b><span style=\"font-size:14.0pt\">Apex Brasil | Como formar pre&ccedil;os competitivos para o mercado internacional<\/span><\/b><\/a><span style=\"font-size:14.0pt\">, 20 de junho de 2024, 8:30 &agrave;s 12:30, <\/span><a href=\"https:\/\/crm-apps.apexbrasil.com.br\/orgbdeab873\/inscricao-eventos\/evento\/oficina-de-competitividade-on-line-como-formar-precos-competitivos-para-o-mercado-internacional\/03452a6c-e0b7-433c-8588-b79e03e9479a?msdynttrid=OReYDgxAotYslDTx5ZWROFTbKg0J63QAt9lx_UovR9g\" style=\"color:blue; text-decoration:underline\"><span style=\"font-size:14.0pt\">evento online<\/span><\/a><\/span><\/span><\/span><\/p>\r\n\r\n<p style=\"text-align:justify\"><span style=\"font-size:11pt\"><span style=\"line-height:normal\"><span style=\"font-family:Calibri,sans-serif\"><a href=\"https:\/\/info.vdibrasil.com\/save-the-date-siep-2024?utm_campaign=6558_emkt_campanhasiep_vdi&amp;utm_medium=email&amp;utm_source=RD+Station\" style=\"color:blue; text-decoration:underline\"><b><span style=\"font-size:14.0pt\">XIII Simp&oacute;sio Internacional de Excel&ecirc;ncia em Produ&ccedil;&atilde;o: &ldquo;Energias Renov&aacute;veis&rdquo;<\/span><\/b><\/a><span style=\"font-size:14.0pt\">, 28 de junho de 2024, Universidade Mackenzie, S&atilde;o Paulo<\/span><\/span><\/span><\/span><\/p>\r\n\r\n<p style=\"text-align:justify\"><span style=\"font-size:11pt\"><span style=\"line-height:normal\"><span style=\"font-family:Calibri,sans-serif\"><a href=\"http:\/\/www.ihi.ensinoeinstein.com\" style=\"color:blue; text-decoration:underline\"><b><span style=\"font-size:14.0pt\">IHI 2024 - 9&ordm; F&oacute;rum Latino-Americano de Qualidade e Seguran&ccedil;a na Sa&uacute;de<\/span><\/b><\/a><span style=\"font-size:14.0pt\">, 09 a 11 de julho de 2024, evento h&iacute;brido, Centro de Ensino e Pesquisa Albert Einstein, Campus Cec&iacute;lia e Abram Szajman, Rua Comendador Elias Jafet, 755, Morumbi, S&atilde;o Paulo\/SP<\/span><\/span><\/span><\/span><\/p>\r\n\r\n<p style=\"text-align:justify\"><span style=\"font-size:11pt\"><span style=\"line-height:normal\"><span style=\"font-family:Calibri,sans-serif\"><a href=\"http:\/\/www.construnordeste.com.br\" style=\"color:blue; text-decoration:underline\"><b><span style=\"font-size:14.0pt\">Constru Nordeste<\/span><\/b><\/a><span style=\"font-size:14.0pt\">, 31 de julho a 02 de agosto de 2024, Centro de Conven&ccedil;&otilde;es Salvador, Bahia<\/span><\/span><\/span><\/span><\/p>\r\n\r\n<p><img src=\"https:\/\/www.abint.org.br\/assets\/img\/editor\/abtt-academy-curso-compras-texteis-hospitalares_20240604135954xriEyS8abD.jpg\" style=\"width: 500px; height: 500px;\" \/><\/p>\r\n\r\n<p><a href=\"https:\/\/docs.google.com\/forms\/d\/e\/1FAIpQLSeG7zdl8xZpguBFbIdqyMS61mxfjvFjKOQ3EUqnWgC1RUcAug\/viewform\">Informa&ccedil;&otilde;es e inscri&ccedil;&otilde;es<\/a><\/p>\r\n\r\n<p>&nbsp;<\/p>\r\n\r\n<p style=\"text-align:justify\"><span style=\"font-size:11pt\"><span style=\"line-height:normal\"><span style=\"font-family:Calibri,sans-serif\"><a href=\"http:\/\/www.feiplar.com\" style=\"color:blue; text-decoration:underline\"><b><span style=\"font-size:14.0pt\">FEIPLAR COMPOSITES &amp; FEIPUR &ndash; Feira e Congresso Internacionais de Composites, Poliuretano, Pl&aacute;sticos de Engenharia e Compostos Termopl&aacute;sticos<\/span><\/b><\/a><span style=\"font-size:14.0pt\">, 20 a 22 de agosto de 2024, S&atilde;o Paulo Expo (Pavilh&atilde;o 5), palestras: das 8h30 &agrave;s 18h, feira: das 13h &agrave;s 20h.<b> <\/b><\/span><\/span><\/span><\/span><\/p>\r\n\r\n<p style=\"text-align:justify\"><span style=\"font-size:11pt\"><span style=\"line-height:normal\"><span style=\"font-family:Calibri,sans-serif\"><a href=\"http:\/\/www.techtextil-north-america.us.messefrankfurt.com\" style=\"color:blue; text-decoration:underline\"><b><span lang=\"EN-US\" style=\"font-size:14.0pt\">Techtextil North America 2024<\/span><\/b><\/a><span lang=\"EN-US\" style=\"font-size:14.0pt\">, August 20 &ndash; 24, Raleigh, North Carolina.<\/span><\/span><\/span><\/span><\/p>\r\n\r\n<p style=\"text-align:justify\"><span style=\"font-size:11pt\"><span style=\"line-height:normal\"><span style=\"font-family:Calibri,sans-serif\"><a href=\"http:\/\/www.fenasan.com.br\" style=\"color:blue; text-decoration:underline\"><b><span style=\"font-size:14.0pt\">Fenasan 2024 &ndash; Feira Nacional de Saneamento e Meio Ambiente<\/span><\/b><\/a><span style=\"font-size:14.0pt\">, 22 a 24 de outubro de 2024, Pavilh&otilde;es Verde e Vermelho, Expo Center Norte, S&atilde;o Paulo SP<\/span><\/span><\/span><\/span><\/p>\r\n\r\n<p style=\"text-align:justify\"><span style=\"font-size:11pt\"><span style=\"line-height:normal\"><span style=\"font-family:Calibri,sans-serif\"><a href=\"http:\/\/www.hospitalmed.com.br\" style=\"color:blue; text-decoration:underline\"><b><span style=\"font-size:14.0pt\">HospitalMed 2024<\/span><\/b><\/a><span style=\"font-size:14.0pt\">, 23 a 25 de outubro, das 14h &agrave;s 20h, no Pernambuco Centro de Conven&ccedil;&otilde;es<\/span><\/span><\/span><\/span><\/p>\r\n\r\n<p style=\"text-align:justify\"><span style=\"font-size:11pt\"><span style=\"line-height:normal\"><span style=\"font-family:Calibri,sans-serif\"><a href=\"http:\/\/www.congressoabit.com.br\" style=\"color:blue; text-decoration:underline\"><b><span style=\"font-size:14.0pt\">Congresso Internacional Abit 2024<\/span><\/b><\/a><span style=\"font-size:14.0pt\">, 30 e 31 de outubro, Salvador, Bahia<\/span><\/span><\/span><\/span><\/p>\r\n\r\n<p style=\"text-align:justify\"><span style=\"font-size:28pt\"><span style=\"font-family:Cambria,serif\"><span style=\"letter-spacing:-0.5pt\"><b><span style=\"font-size:18.0pt\"><span calibri=\"\" style=\"font-family:\"><span style=\"font-variant:small-caps\">Setor<\/span><\/span><\/span><\/b><\/span><\/span><\/span><\/p>\r\n\r\n<p style=\"text-align:justify\"><span style=\"font-size:11pt\"><span style=\"line-height:normal\"><span style=\"font-family:Calibri,sans-serif\"><a href=\"https:\/\/nerdiano.com.br\/especiais\/mercado-de-descartaveis-de-nao-tecidos-de-polipropileno-por-analise-de-fontes-participacao-tendencias-tamanho-previsao-de-2024-2034-3\/282671\/\" style=\"color:blue; text-decoration:underline\"><span style=\"font-size:14.0pt\">Pesquisa; Mercado de descart&aacute;veis de n&atilde;o tecidos de polipropileno por an&aacute;lise de fontes, participa&ccedil;&atilde;o, tend&ecirc;ncias, tamanho, previs&atilde;o de (2024-2034)<\/span><\/a><\/span><\/span><\/span><\/p>\r\n\r\n<p style=\"text-align:justify\"><span style=\"font-size:11pt\"><span style=\"line-height:normal\"><span style=\"font-family:Calibri,sans-serif\"><a href=\"https:\/\/www.edmarlyra.com\/prefeito-mano-medeiros-contabiliza-r-4493-milhoes-em-projetos-e-acoes-voltados-para-prevencao-e-resposta-a-desastres-naturais\/\" style=\"color:blue; text-decoration:underline\"><span style=\"font-size:14.0pt\">Geomanta: prefeitura de Jaboat&atilde;o dos Guararapes (PE) contabiliza R$ 449,3 milh&otilde;es em projetos e a&ccedil;&otilde;es voltados para preven&ccedil;&atilde;o e resposta a desastres naturais<\/span><\/a><\/span><\/span><\/span><\/p>\r\n\r\n<p style=\"text-align:justify\"><span style=\"font-size:11pt\"><span style=\"line-height:normal\"><span style=\"font-family:Calibri,sans-serif\"><a href=\"https:\/\/globalthings.net\/2022\/02\/registro-anvisa\/?utm_campaign=Newsletter-2024-05&amp;utm_content=blog&amp;utm_medium=rd-station&amp;utm_source=newsletter&amp;utm_term=registro-anvisa\" style=\"color:blue; text-decoration:underline\"><span style=\"font-size:14.0pt\">Registro Anvisa: atualiza&ccedil;&atilde;o e monitoramento<\/span><\/a><\/span><\/span><\/span><\/p>\r\n\r\n<p style=\"text-align:justify\"><span style=\"font-size:11pt\"><span style=\"line-height:normal\"><span style=\"font-family:Calibri,sans-serif\"><a href=\"https:\/\/globalthings.net\/2022\/03\/tecnovigilancia\/?utm_campaign=Newsletter-2024-05&amp;utm_content=blog&amp;utm_medium=rd-station&amp;utm_source=newsletter&amp;utm_term=conceitos-tecnovigilancia\" style=\"color:blue; text-decoration:underline\"><span style=\"font-size:14.0pt\">Tecnovigil&acirc;ncia e seus conceitos<\/span><\/a><\/span><\/span><\/span><\/p>\r\n\r\n<p style=\"text-align:justify\"><span style=\"font-size:28pt\"><span style=\"font-family:Cambria,serif\"><span style=\"letter-spacing:-0.5pt\"><b><span style=\"font-size:18.0pt\"><span calibri=\"\" style=\"font-family:\"><span style=\"font-variant:small-caps\">Ind&uacute;stria<\/span><\/span><\/span><\/b><\/span><\/span><\/span><\/p>\r\n\r\n<p style=\"text-align:justify\"><span style=\"font-size:11pt\"><span style=\"line-height:normal\"><span style=\"font-family:Calibri,sans-serif\"><a href=\"https:\/\/noticias.portaldaindustria.com.br\/noticias\/institucional\/cni-federacoes-e-74-associacoes-industriais-assinam-declaracao-pela-reindustrializacao\/\" style=\"color:blue; text-decoration:underline\"><span style=\"font-size:14.0pt\">CNI, federa&ccedil;&otilde;es e 74 associa&ccedil;&otilde;es industriais assinam declara&ccedil;&atilde;o pela reindustrializa&ccedil;&atilde;o<\/span><\/a><\/span><\/span><\/span><\/p>\r\n\r\n<p style=\"text-align:justify\"><span style=\"font-size:11pt\"><span style=\"line-height:normal\"><span style=\"font-family:Calibri,sans-serif\"><a href=\"https:\/\/agenciabrasil.ebc.com.br\/economia\/noticia\/2024-05\/abimaq-nova-lei-para-industria-deve-gerar-r-20-bi-em-investimentos\" style=\"color:blue; text-decoration:underline\"><span style=\"font-size:14.0pt\">Abimaq: nova lei para ind&uacute;stria deve gerar R$ 20 bi em investimentos<\/span><\/a><\/span><\/span><\/span><\/p>\r\n\r\n<p style=\"text-align:justify\"><span style=\"font-size:11pt\"><span style=\"line-height:normal\"><span style=\"font-family:Calibri,sans-serif\"><a href=\"https:\/\/noticias.portaldaindustria.com.br\/noticias\/economia\/confianca-da-regiao-sul-caiu-significativamente-em-maio-mostra-pesquisa-da-cni\/\" style=\"color:blue; text-decoration:underline\"><span style=\"font-size:14.0pt\">Confian&ccedil;a da regi&atilde;o Sul caiu significativamente em maio, mostra pesquisa da CNI<\/span><\/a><\/span><\/span><\/span><\/p>\r\n\r\n<p style=\"text-align:justify\"><span style=\"font-size:11pt\"><span style=\"line-height:normal\"><span style=\"font-family:Calibri,sans-serif\"><a href=\"https:\/\/noticias.portaldaindustria.com.br\/noticias\/economia\/industria-da-construcao-mantem-expectativas-positivas-diz-cni\/\" style=\"color:blue; text-decoration:underline\"><span style=\"font-size:14.0pt\">Ind&uacute;stria da constru&ccedil;&atilde;o mant&eacute;m expectativas positivas, diz CNI<\/span><\/a><\/span><\/span><\/span><\/p>\r\n\r\n<p style=\"text-align:justify\"><span style=\"font-size:11pt\"><span style=\"line-height:normal\"><span style=\"font-family:Calibri,sans-serif\"><a href=\"https:\/\/novomomento.com.br\/asfalto-novo-ou-remendo\/\" style=\"color:blue; text-decoration:underline\"><span style=\"font-size:14.0pt\">Asfalto novo ou remendo?<\/span><\/a><\/span><\/span><\/span><\/p>\r\n\r\n<p style=\"text-align:justify\"><span style=\"font-size:11pt\"><span style=\"line-height:normal\"><span style=\"font-family:Calibri,sans-serif\"><a href=\"https:\/\/tissueonline.com.br\/bigfral-expande-linha-de-cuidados-noturnos-para-incontinencia-urinaria\/?utm_campaign=newsletter_31052024_novo_modelo&amp;utm_medium=email&amp;utm_source=RD+Station\" style=\"color:blue; text-decoration:underline\"><span style=\"font-size:14.0pt\">Bigfral expande linha de cuidados noturnos para incontin&ecirc;ncia urin&aacute;ria<\/span><\/a><\/span><\/span><\/span><\/p>\r\n\r\n<p style=\"text-align:justify\"><span style=\"font-size:11pt\"><span style=\"line-height:normal\"><span style=\"font-family:Calibri,sans-serif\"><a href=\"https:\/\/www.moveisdevalor.com.br\/portal\/brasil-reune-lideres-mundiais-para-debater-futuro-dos-colchoes?source=news\" style=\"color:blue; text-decoration:underline\"><span style=\"font-size:14.0pt\">Brasil re&uacute;ne l&iacute;deres mundiais para debater futuro dos colch&otilde;es<\/span><\/a><\/span><\/span><\/span><\/p>\r\n\r\n<p style=\"text-align:justify\"><span style=\"font-size:28pt\"><span style=\"font-family:Cambria,serif\"><span style=\"letter-spacing:-0.5pt\"><b><span lang=\"EN-US\" style=\"font-size:18.0pt\"><span calibri=\"\" style=\"font-family:\"><span style=\"font-variant:small-caps\">Sustentabilidade<\/span><\/span><\/span><\/b><\/span><\/span><\/span><\/p>\r\n\r\n<p style=\"text-align:justify\"><span style=\"font-size:11pt\"><span style=\"line-height:normal\"><span style=\"font-family:Calibri,sans-serif\"><a href=\"https:\/\/www.fibre2fashion.com\/news\/textile-news\/eu-council-approves-corporate-sustainability-due-diligence-directive-295653-newsdetails.htm\" style=\"color:blue; text-decoration:underline\"><span lang=\"EN-US\" style=\"font-size:14.0pt\">EU Council approves corporate sustainability due diligence directive<\/span><\/a><\/span><\/span><\/span><\/p>\r\n\r\n<p style=\"text-align:justify\"><span style=\"font-size:11pt\"><span style=\"line-height:normal\"><span style=\"font-family:Calibri,sans-serif\"><a href=\"https:\/\/www.fibre2fashion.com\/news\/textile-news\/eu-council-adopts-ecodesign-bans-destruction-of-unsold-textile-295630-newsdetails.htm\" style=\"color:blue; text-decoration:underline\"><span lang=\"EN-US\" style=\"font-size:14.0pt\">EU Council adopts ecodesign; bans destruction of unsold textile<\/span><\/a><\/span><\/span><\/span><\/p>\r\n\r\n<p style=\"text-align:justify\"><span style=\"font-size:11pt\"><span style=\"line-height:normal\"><span style=\"font-family:Calibri,sans-serif\"><a href=\"https:\/\/mercadoeconsumo.com.br\/28\/05\/2024\/sustentabilidade\/consumidores-deixam-de-comprar-em-marcas-que-desrespeitaram-o-meio-ambiente\/?utm_campaign=mais_lidas_01_06__vaivem&amp;utm_medium=email&amp;utm_source=RD+Station\" style=\"color:blue; text-decoration:underline\"><span style=\"font-size:14.0pt\">Consumidores deixam de comprar em marcas que desrespeitaram o meio ambiente<\/span><\/a><\/span><\/span><\/span><\/p>\r\n\r\n<p style=\"text-align:justify\"><span style=\"font-size:11pt\"><span style=\"line-height:normal\"><span style=\"font-family:Calibri,sans-serif\"><a href=\"https:\/\/www.saneasonline.com.br\/colunas\/meio-ambiente\/o-acordo-de-paris-e-a-troika-climatica-inovacao-em-tempos-de-adversidade\/\" style=\"color:blue; text-decoration:underline\"><span style=\"font-size:14.0pt\">O Acordo de Paris e a Troika clim&aacute;tica: inova&ccedil;&atilde;o em tempos de adversidade<\/span><\/a><\/span><\/span><\/span><\/p>\r\n\r\n<p style=\"text-align:justify\"><span style=\"font-size:11pt\"><span style=\"line-height:normal\"><span style=\"font-family:Calibri,sans-serif\"><a href=\"https:\/\/grandesconstrucoes.com.br\/Noticias\/Exibir\/industria-de-materiais-de-construcao-avanca-em--medidas-para-reduzir-pegada-ambiental?utm_source=akna&amp;utm_medium=email&amp;utm_campaign=Grandes-Construcoes-Informativo-914-30-05-2024&amp;utm_source=akna&amp;utm_medium=email&amp;utm_campaign=Grandes-Construcoes-Informativo-914-30-05-2024\" style=\"color:blue; text-decoration:underline\"><span style=\"font-size:14.0pt\">Ind&uacute;stria de materiais de constru&ccedil;&atilde;o avan&ccedil;a em medidas para reduzir pegada ambiental<\/span><\/a><\/span><\/span><\/span><\/p>\r\n\r\n<p style=\"text-align:justify\"><span style=\"font-size:11pt\"><span style=\"line-height:normal\"><span style=\"font-family:Calibri,sans-serif\"><a href=\"https:\/\/www.meiofiltrante.com.br\/Noticia\/124390\/o-consumo-mundial-de-energia-aumentara-em-35-o-que-acarretara-um-incremento-de-85-no-consumo-de-agua-\" style=\"color:blue; text-decoration:underline\"><span style=\"font-size:14.0pt\">O consumo mundial de energia aumentar&aacute; em 35% o que acarretar&aacute; um incremento de 85% no consumo de &aacute;gua<\/span><\/a><\/span><\/span><\/span><\/p>\r\n\r\n<p style=\"text-align:justify\"><span style=\"font-size:28pt\"><span style=\"font-family:Cambria,serif\"><span style=\"letter-spacing:-0.5pt\"><b><span style=\"font-size:18.0pt\"><span calibri=\"\" style=\"font-family:\"><span style=\"font-variant:small-caps\">Inova&ccedil;&atilde;o<\/span><\/span><\/span><\/b><\/span><\/span><\/span><\/p>\r\n\r\n<p style=\"text-align:justify\"><span style=\"font-size:11pt\"><span style=\"line-height:normal\"><span style=\"font-family:Calibri,sans-serif\"><a href=\"https:\/\/www.e-zigurat.com\/pt-br\/blog\/cidades-esponja-solucoes-inovadoras-para-combater-enchentes-urbanas\/?utm_campaign=CASAPTArticulosBlog&amp;utm_medium=Newsletter&amp;_hsenc=p2ANqtz--5hIeSsLN7uExFInQ_GqzMFSI6LCA_cJJ2zJOHPx_bqRRJ4PHqTpSYwWHdvFPm-tp6YdJuXnhF8H0DO8dKJIx5h3XU5g&amp;_hsmi=309922523&amp;utm_content=CidadesEsponjaNLJune24PT&amp;utm_source=CRMDB\" style=\"color:blue; text-decoration:underline\"><span style=\"font-size:14.0pt\">Cidades-Esponja: Solu&ccedil;&otilde;es Inovadoras para Combater Enchentes Urbanas<\/span><\/a><\/span><\/span><\/span><\/p>\r\n\r\n<p style=\"text-align:justify\"><span style=\"font-size:11pt\"><span style=\"line-height:normal\"><span style=\"font-family:Calibri,sans-serif\"><a href=\"https:\/\/plasticosemrevista.com.br\/trocando-em-miudos-npe-mostrou-a-grandeza-dos-nanomateriais\/\" style=\"color:blue; text-decoration:underline\"><span style=\"font-size:14.0pt\">Trocando em mi&uacute;dos: NPE mostrou a grandeza dos nanomateriais<\/span><\/a><\/span><\/span><\/span><\/p>\r\n\r\n<p style=\"text-align:justify\"><span style=\"font-size:11pt\"><span style=\"line-height:normal\"><span style=\"font-family:Calibri,sans-serif\"><a href=\"https:\/\/www.fibre2fashion.com\/industry-article\/10032\/transforming-chicken-feathers-into-sustainable-textile-solutions\" style=\"color:blue; text-decoration:underline\"><span lang=\"EN-US\" style=\"font-size:14.0pt\">Transforming Chicken Feathers into Sustainable Textile Solutions<\/span><\/a><\/span><\/span><\/span><\/p>\r\n\r\n<p style=\"text-align:justify\"><span style=\"font-size:11pt\"><span style=\"line-height:normal\"><span style=\"font-family:Calibri,sans-serif\"><a href=\"https:\/\/phys.org\/news\/2024-06-genius-scale-material-earth.html?utm_source=nwletter&amp;utm_medium=email&amp;utm_campaign=daily-nwletter\" style=\"color:blue; text-decoration:underline\"><span lang=\"EN-US\" style=\"font-size:14.0pt\">Shear genius: Researchers find way to scale up wonder material, which could do wonders for the Earth<\/span><\/a><\/span><\/span><\/span><\/p>\r\n\r\n<p style=\"text-align:justify\"><span style=\"font-size:28pt\"><span style=\"font-family:Cambria,serif\"><span style=\"letter-spacing:-0.5pt\"><b><span style=\"font-size:18.0pt\"><span calibri=\"\" style=\"font-family:\"><span style=\"font-variant:small-caps\">Com&eacute;rcio Exterior<\/span><\/span><\/span><\/b><\/span><\/span><\/span><\/p>\r\n\r\n<p style=\"text-align:justify\"><span style=\"font-size:11pt\"><span style=\"line-height:normal\"><span style=\"font-family:Calibri,sans-serif\"><a href=\"https:\/\/veja.abril.com.br\/coluna\/radar\/acordo-de-livre-comercio-entre-mercosul-e-bloco-de-paises-europeus-avanca\" style=\"color:blue; text-decoration:underline\"><span style=\"font-size:14.0pt\">Acordo de livre-com&eacute;rcio entre Mercosul e bloco de pa&iacute;ses europeus avan&ccedil;a<\/span><\/a> <\/span><\/span><\/span><\/p>\r\n\r\n<p style=\"text-align:justify\"><span style=\"font-size:11pt\"><span style=\"line-height:normal\"><span style=\"font-family:Calibri,sans-serif\"><a href=\"https:\/\/comexdobrasil.com\/superavit-da-balanca-comercial-se-aproxima-de-us-35-bilhoes-ate-a-4a-semana-de-maio\/\" style=\"color:blue; text-decoration:underline\"><span style=\"font-size:14.0pt\">Balan&ccedil;a comercial registra super&aacute;vit de US$ 34,6 bilh&otilde;es at&eacute; 4a. semana de maio<\/span><\/a><\/span><\/span><\/span><\/p>\r\n\r\n<p style=\"text-align:justify\"><span style=\"font-size:11pt\"><span style=\"line-height:normal\"><span style=\"font-family:Calibri,sans-serif\"><a href=\"https:\/\/comexdobrasil.com\/plataforma-brasil-exportacao-6-meses-de-apoio-ao-comercio-exterior-brasileiro\/\" style=\"color:blue; text-decoration:underline\"><span style=\"font-size:14.0pt\">Plataforma Brasil Exporta&ccedil;&atilde;o: 6 meses de apoio ao com&eacute;rcio exterior brasileiro<\/span><\/a><\/span><\/span><\/span><\/p>\r\n\r\n<p style=\"text-align:justify\"><span style=\"font-size:11pt\"><span style=\"line-height:normal\"><span style=\"font-family:Calibri,sans-serif\"><a href=\"https:\/\/www.bndes.gov.br\/wps\/portal\/site\/home\/financiamento\/solucao\/solucao-exportacao-pre-embarque\/#!\/\" style=\"color:blue; text-decoration:underline\"><span style=\"font-size:14.0pt\">BNDES reduz de forma permanente taxas da linha de exporta&ccedil;&atilde;o - Exim Pr&eacute;-embarque<\/span><\/a><\/span><\/span><\/span><\/p>\r\n\r\n<p style=\"text-align:justify\"><span style=\"font-size:11pt\"><span style=\"line-height:normal\"><span style=\"font-family:Calibri,sans-serif\"><a href=\"https:\/\/www.gov.br\/mdic\/pt-br\/assuntos\/noticias\/2024\/maio\/novo-comex-stat-ficara-mais-rapido-e-funcional\" style=\"color:blue; text-decoration:underline\"><span style=\"font-size:14.0pt\">Novo Comex Stat ficar&aacute; mais r&aacute;pido e funcional<\/span><\/a><\/span><\/span><\/span><\/p>\r\n\r\n<p style=\"text-align:justify\"><span style=\"font-size:28pt\"><span style=\"font-family:Cambria,serif\"><span style=\"letter-spacing:-0.5pt\"><b><span style=\"font-size:18.0pt\"><span calibri=\"\" style=\"font-family:\"><span style=\"font-variant:small-caps\">Economia<\/span><\/span><\/span><\/b><\/span><\/span><\/span><\/p>\r\n\r\n<p style=\"text-align:justify\"><span style=\"font-size:11pt\"><span style=\"line-height:normal\"><span style=\"font-family:Calibri,sans-serif\"><a href=\"https:\/\/www.bcb.gov.br\/content\/focus\/focus\/R20240531.pdf\" style=\"color:blue; text-decoration:underline\"><span style=\"font-size:14.0pt\">Focus - Relat&oacute;rio de Mercado<\/span><\/a><\/span><\/span><\/span><\/p>\r\n\r\n<p style=\"text-align:justify\"><span style=\"font-size:11pt\"><span style=\"line-height:normal\"><span style=\"font-family:Calibri,sans-serif\"><a href=\"https:\/\/www.bcb.gov.br\/content\/controleinflacao\/focusdistribuicoesfrequencia\/P20240603-Focus-Distribuicoes-de-frequencia.pdf\" style=\"color:blue; text-decoration:underline\"><span style=\"font-size:14.0pt\">Focus &ndash; Distribui&ccedil;&otilde;es de Frequ&ecirc;ncia das Expectativas de Mercado para IPCA, Selic, PIB e C&acirc;mbio<\/span><\/a><\/span><\/span><\/span><\/p>\r\n\r\n<p style=\"text-align:justify\"><span style=\"font-size:11pt\"><span style=\"line-height:normal\"><span style=\"font-family:Calibri,sans-serif\"><a href=\"https:\/\/anba.com.br\/fmi-preve-maior-crescimento-do-brasil\/\" style=\"color:blue; text-decoration:underline\"><span style=\"font-size:14.0pt\">FMI prev&ecirc; maior crescimento do Brasil<\/span><\/a><\/span><\/span><\/span><\/p>\r\n\r\n<p style=\"text-align:justify\"><span style=\"font-size:11pt\"><span style=\"line-height:normal\"><span style=\"font-family:Calibri,sans-serif\"><a href=\"https:\/\/portalibre.fgv.br\/system\/files\/2024-06\/apresentacao-sintese-das-sondagens-maio-2024.pdf\" style=\"color:blue; text-decoration:underline\"><span style=\"font-size:14.0pt\">Indicadores de Confian&ccedil;a e Incerteza do FGV IBRE<\/span><\/a><\/span><\/span><\/span><\/p>\r\n\r\n<p style=\"text-align:justify\"><span style=\"font-size:11pt\"><span style=\"line-height:normal\"><span style=\"font-family:Calibri,sans-serif\"><a href=\"https:\/\/www.fibre2fashion.com\/news\/textile-news\/china-s-economy-projected-to-grow-by-5-in-2024-4-5-in-2025-imf-295678-newsdetails.htm\" style=\"color:blue; text-decoration:underline\"><span lang=\"EN-US\" style=\"font-size:14.0pt\">China&#39;s economy projected to grow by 5% in 2024, 4.5% in 2025: IMF<\/span><\/a><\/span><\/span><\/span><\/p>\r\n\r\n<p style=\"text-align:justify\">&nbsp;<\/p>\r\n\r\n<p style=\"text-align:justify\"><img src=\"https:\/\/www.abint.org.br\/assets\/img\/editor\/redes-sociais-abint-ctg-cth_202406041400398QFSSawN2a.jpg\" \/><\/p>\r\n","texto_en":"","7":"","imagem":"COMP_capa-2024-site-boletim-abint-noticias-semanis_20240604141759ARwL9y48Bl.jpg","8":"COMP_capa-2024-site-boletim-abint-noticias-semanis_20240604141759ARwL9y48Bl.jpg","arquivo":"20240604-BOLETIM-ABINT-DE-NOTICIAS-SEMANAIS.PDF","9":"20240604-BOLETIM-ABINT-DE-NOTICIAS-SEMANAIS.PDF","titulo_arquivo":"20240604 Boletim ABINT de Not\u00edcias Semanais","10":"20240604 Boletim ABINT de Not\u00edcias Semanais","titulo_arquivo_en":"","11":"","created_at":"2024-06-04 14:18:07","12":"2024-06-04 14:18:07","updated_at":"2024-06-05 13:15:26","13":"2024-06-05 13:15:26"},{"id":120,"0":120,"ordem":102,"1":102,"data":"2024-05-28","2":"2024-05-28","slug":"boletim-abint-de-noticias-semanais-32","3":"boletim-abint-de-noticias-semanais-32","titulo":"Boletim ABINT de Not\u00edcias Semanais","4":"Boletim ABINT de Not\u00edcias Semanais","titulo_en":"","5":"","texto":"<p style=\"text-align:justify\"><span style=\"font-size:11pt\"><span style=\"line-height:normal\"><span style=\"font-family:Calibri,sans-serif\"><span style=\"font-size:14.0pt\">Esta &eacute; uma compila&ccedil;&atilde;o das not&iacute;cias mais relevantes para o setor, incluindo informa&ccedil;&otilde;es sobre acordos internacionais, economia brasileira, sustentabilidade e mat&eacute;rias primas, al&eacute;m de novidades do setor de N&atilde;otecidos e Tecidos T&eacute;cnicos.<\/span><\/span><\/span><\/span><\/p>\r\n\r\n<p style=\"text-align:justify\"><span style=\"font-size:28pt\"><span style=\"font-family:Cambria,serif\"><span style=\"letter-spacing:-0.5pt\"><b><span style=\"font-size:18.0pt\"><span style=\"font-family:&quot;Calibri&quot;,sans-serif\"><span style=\"font-variant:small-caps\">O que vem por a&iacute;<\/span><\/span><\/span><\/b><\/span><\/span><\/span><\/p>\r\n\r\n<p style=\"text-align:justify\"><img src=\"https:\/\/www.abint.org.br\/assets\/img\/editor\/abint-logo-2020-g_20240604140402EuFojOVRC3.png\" style=\"width: 300px; height: 69px;\" \/><\/p>\r\n\r\n<p style=\"text-align:justify\"><img src=\"https:\/\/www.abint.org.br\/assets\/img\/editor\/post-quadrado-curso-naotecido_20240604140439bTXb5X0ijo.jpg\" style=\"width: 500px; height: 500px;\" \/><\/p>\r\n\r\n<p style=\"text-align:justify\"><span style=\"font-size:11pt\"><span style=\"line-height:normal\"><span style=\"font-family:Calibri,sans-serif\"><a href=\"https:\/\/forms.office.com\/r\/5DrqtK5n3Y\" style=\"color:blue; text-decoration:underline\"><span style=\"font-size:14.0pt\">Informa&ccedil;&otilde;es e inscri&ccedil;&otilde;es<\/span><\/a><\/span><\/span><\/span><\/p>\r\n\r\n<p style=\"text-align:justify; margin-bottom:20px\"><span style=\"font-size:18px\"><span style=\"box-sizing:border-box\"><span style=\"line-height:1.5\"><span style=\"color:#313f48\"><span style=\"font-family:&quot;Roboto Condensed&quot;, Helvetica, Arial, sans-serif\"><span style=\"font-style:normal\"><span style=\"font-variant-ligatures:normal\"><span style=\"font-weight:400\"><span style=\"white-space:normal\"><span style=\"background-color:#ffffff\"><span style=\"text-decoration-thickness:initial\"><span style=\"text-decoration-style:initial\"><span style=\"text-decoration-color:initial\"><span style=\"font-size:11pt\"><span style=\"box-sizing:border-box\"><span style=\"box-sizing:border-box\"><span style=\"line-height:normal\"><span style=\"box-sizing:border-box\"><span style=\"font-family:Calibri, sans-serif\"><span style=\"font-size:14pt\"><span style=\"box-sizing:border-box\"><img src=\"https:\/\/www.abint.org.br\/assets\/img\/editor\/logo-ctg-abint-png_2024060413534052r0NrfZqt.png\" style=\"box-sizing:border-box; border-style:none; width:300px; height:55px\" \/><\/span><\/span><\/span><\/span><\/span><\/span><\/span><\/span><\/span><\/span><\/span><\/span><\/span><\/span><\/span><\/span><\/span><\/span><\/span><\/span><\/span><\/p>\r\n\r\n<p style=\"text-align:justify; margin-bottom:20px\"><span style=\"font-size:18px\"><span style=\"box-sizing:border-box\"><span style=\"line-height:1.5\"><span style=\"color:#313f48\"><span style=\"font-family:&quot;Roboto Condensed&quot;, Helvetica, Arial, sans-serif\"><span style=\"font-style:normal\"><span style=\"font-variant-ligatures:normal\"><span style=\"font-weight:400\"><span style=\"white-space:normal\"><span style=\"background-color:#ffffff\"><span style=\"text-decoration-thickness:initial\"><span style=\"text-decoration-style:initial\"><span style=\"text-decoration-color:initial\"><span style=\"font-size:11pt\"><span style=\"box-sizing:border-box\"><span style=\"box-sizing:border-box\"><span style=\"line-height:normal\"><span style=\"box-sizing:border-box\"><span style=\"font-family:Calibri, sans-serif\"><span style=\"font-size:14pt\"><span style=\"box-sizing:border-box\"><img src=\"https:\/\/www.abint.org.br\/assets\/img\/editor\/20240528-live-ctg-instagram-gabriel_20240604135407vaelarnoFc.jpeg\" style=\"box-sizing:border-box; border-style:none; width:500px; height:500px\" \/><\/span><\/span><\/span><\/span><\/span><\/span><\/span><\/span><\/span><\/span><\/span><\/span><\/span><\/span><\/span><\/span><\/span><\/span><\/span><\/span><\/span><\/p>\r\n\r\n<p style=\"text-align:justify; margin-bottom:20px\">&nbsp;<\/p>\r\n\r\n<p style=\"text-align:justify; margin-bottom:20px\"><span style=\"font-size:18px\"><span style=\"box-sizing:border-box\"><span style=\"line-height:1.5\"><span style=\"color:#313f48\"><span style=\"font-family:&quot;Roboto Condensed&quot;, Helvetica, Arial, sans-serif\"><span style=\"font-style:normal\"><span style=\"font-variant-ligatures:normal\"><span style=\"font-weight:400\"><span style=\"white-space:normal\"><span style=\"background-color:#ffffff\"><span style=\"text-decoration-thickness:initial\"><span style=\"text-decoration-style:initial\"><span style=\"text-decoration-color:initial\">&nbsp;<\/span><\/span><\/span><\/span><\/span><\/span><\/span><\/span><\/span><\/span><\/span><\/span><\/span><span style=\"font-size:18px\"><span style=\"box-sizing:border-box\"><span style=\"line-height:1.5\"><span style=\"color:#313f48\"><span style=\"font-family:&quot;Roboto Condensed&quot;, Helvetica, Arial, sans-serif\"><span style=\"font-style:normal\"><span style=\"font-variant-ligatures:normal\"><span style=\"font-weight:400\"><span style=\"white-space:normal\"><span style=\"background-color:#ffffff\"><span style=\"text-decoration-thickness:initial\"><span style=\"text-decoration-style:initial\"><span style=\"text-decoration-color:initial\"><span style=\"font-size:11pt\"><span style=\"box-sizing:border-box\"><span style=\"box-sizing:border-box\"><span style=\"line-height:normal\"><span style=\"box-sizing:border-box\"><span style=\"font-family:Calibri, sans-serif\"><span style=\"font-size:14pt\"><span style=\"box-sizing:border-box\"><img src=\"https:\/\/www.abint.org.br\/assets\/img\/editor\/20240924-cobramseg-2024_20240604135452RvR0cfbBDA.png\" style=\"box-sizing:border-box; border-style:none\" \/><\/span><\/span><\/span><\/span><\/span><\/span><\/span><\/span><\/span><\/span><\/span><\/span><\/span><\/span><\/span><\/span><\/span><\/span><\/span><\/span><\/span><\/p>\r\n\r\n<p style=\"text-align:justify; margin-bottom:20px\"><span style=\"font-size:18px\"><span style=\"box-sizing:border-box\"><span style=\"line-height:1.5\"><span style=\"color:#313f48\"><span style=\"font-family:&quot;Roboto Condensed&quot;, Helvetica, Arial, sans-serif\"><span style=\"font-style:normal\"><span style=\"font-variant-ligatures:normal\"><span style=\"font-weight:400\"><span style=\"white-space:normal\"><span style=\"background-color:#ffffff\"><span style=\"text-decoration-thickness:initial\"><span style=\"text-decoration-style:initial\"><span style=\"text-decoration-color:initial\">&nbsp;<\/span><\/span><\/span><\/span><\/span><\/span><\/span><\/span><\/span><\/span><\/span><\/span><\/span><span style=\"font-size:18px\"><span style=\"box-sizing:border-box\"><span style=\"line-height:1.5\"><span style=\"color:#313f48\"><span style=\"font-family:&quot;Roboto Condensed&quot;, Helvetica, Arial, sans-serif\"><span style=\"font-style:normal\"><span style=\"font-variant-ligatures:normal\"><span style=\"font-weight:400\"><span style=\"white-space:normal\"><span style=\"background-color:#ffffff\"><span style=\"text-decoration-thickness:initial\"><span style=\"text-decoration-style:initial\"><span style=\"text-decoration-color:initial\"><span style=\"font-size:11pt\"><span style=\"box-sizing:border-box\"><span style=\"box-sizing:border-box\"><span style=\"line-height:normal\"><span style=\"box-sizing:border-box\"><span style=\"font-family:Calibri, sans-serif\"><b style=\"box-sizing:border-box; font-weight:bolder\"><span style=\"font-size:14pt\"><span style=\"box-sizing:border-box\">O CTG ABINT &eacute; um dos patrocinadores da 21&ordf; edi&ccedil;&atilde;o do Cobramseg &ndash; Congresso Brasileiro de Mec&acirc;nica dos Solos e Engenharia Geot&eacute;cnica.<\/span><\/span><\/b><\/span><\/span><\/span><\/span><\/span><\/span><\/span><\/span><\/span><\/span><\/span><\/span><\/span><\/span><\/span><\/span><\/span><\/span><\/span><\/p>\r\n\r\n<p style=\"text-align:justify; margin-bottom:20px\"><span style=\"font-size:18px\"><span style=\"box-sizing:border-box\"><span style=\"line-height:1.5\"><span style=\"color:#313f48\"><span style=\"font-family:&quot;Roboto Condensed&quot;, Helvetica, Arial, sans-serif\"><span style=\"font-style:normal\"><span style=\"font-variant-ligatures:normal\"><span style=\"font-weight:400\"><span style=\"white-space:normal\"><span style=\"background-color:#ffffff\"><span style=\"text-decoration-thickness:initial\"><span style=\"text-decoration-style:initial\"><span style=\"text-decoration-color:initial\"><span style=\"font-size:11pt\"><span style=\"box-sizing:border-box\"><span style=\"box-sizing:border-box\"><span style=\"line-height:normal\"><span style=\"box-sizing:border-box\"><span style=\"font-family:Calibri, sans-serif\"><span style=\"font-size:14pt\"><span style=\"box-sizing:border-box\">&ldquo;<i style=\"box-sizing:border-box\">Nos reunimos para celebrar a Mec&acirc;nica dos Solos e das Rochas, da GeoEngenharia! Academia, Ind&uacute;stria e &Oacute;rg&atilde;os Gestores unidos para expor seus avan&ccedil;os t&eacute;cnicos e cient&iacute;ficos. Um ambiente rico e diverso que nos permite debater solu&ccedil;&otilde;es e a&ccedil;&otilde;es de forma a fortalecer nossa comunidade geot&eacute;cnica, visando proporcionar um desenvolvimento mais sustent&aacute;vel e seguro para a nossa sociedade<\/i>.&rdquo; V&iacute;tor Pereira Faro, Presidente do COBRAMSEG 2024<\/span><\/span><\/span><\/span><\/span><\/span><\/span><\/span><\/span><\/span><\/span><\/span><\/span><\/span><\/span><\/span><\/span><\/span><\/span><\/span><\/span><\/p>\r\n\r\n<p style=\"text-align:justify; margin-bottom:20px\"><span style=\"font-size:18px\"><span style=\"box-sizing:border-box\"><span style=\"line-height:1.5\"><span style=\"color:#313f48\"><span style=\"font-family:&quot;Roboto Condensed&quot;, Helvetica, Arial, sans-serif\"><span style=\"font-style:normal\"><span style=\"font-variant-ligatures:normal\"><span style=\"font-weight:400\"><span style=\"white-space:normal\"><span style=\"background-color:#ffffff\"><span style=\"text-decoration-thickness:initial\"><span style=\"text-decoration-style:initial\"><span style=\"text-decoration-color:initial\"><span style=\"font-size:11pt\"><span style=\"box-sizing:border-box\"><span style=\"box-sizing:border-box\"><span style=\"line-height:normal\"><span style=\"box-sizing:border-box\"><span style=\"font-family:Calibri, sans-serif\"><a href=\"http:\/\/www.cobramseg.com.br\/\" style=\"box-sizing:border-box; text-decoration:underline; color:blue; transition:color 0.3s ease 0s\"><span style=\"font-size:14pt\"><span style=\"box-sizing:border-box\">www.cobramseg.com.br<\/span><\/span><\/a><\/span><\/span><\/span><\/span><\/span><\/span><\/span><\/span><\/span><\/span><\/span><\/span><\/span><\/span><\/span><\/span><\/span><\/span><\/span><\/p>\r\n\r\n<p style=\"text-align:justify; margin-bottom:20px\"><span style=\"font-size:18px\"><span style=\"box-sizing:border-box\"><span style=\"line-height:1.5\"><span style=\"color:#313f48\"><span style=\"font-family:&quot;Roboto Condensed&quot;, Helvetica, Arial, sans-serif\"><span style=\"font-style:normal\"><span style=\"font-variant-ligatures:normal\"><span style=\"font-weight:400\"><span style=\"white-space:normal\"><span style=\"background-color:#ffffff\"><span style=\"text-decoration-thickness:initial\"><span style=\"text-decoration-style:initial\"><span style=\"text-decoration-color:initial\">&nbsp;<\/span><\/span><\/span><\/span><\/span><\/span><\/span><\/span><\/span><\/span><\/span><\/span><\/span><span style=\"font-size:18px\"><span style=\"box-sizing:border-box\"><span style=\"line-height:1.5\"><span style=\"color:#313f48\"><span style=\"font-family:&quot;Roboto Condensed&quot;, Helvetica, Arial, sans-serif\"><span style=\"font-style:normal\"><span style=\"font-variant-ligatures:normal\"><span style=\"font-weight:400\"><span style=\"white-space:normal\"><span style=\"background-color:#ffffff\"><span style=\"text-decoration-thickness:initial\"><span style=\"text-decoration-style:initial\"><span style=\"text-decoration-color:initial\"><img src=\"https:\/\/www.abint.org.br\/assets\/img\/editor\/fenasan-2024_202406041355382s1EzlqmSB.jpg\" style=\"box-sizing:border-box; border-style:none; max-width:100%; width:auto; height:auto; object-fit:contain\" \/><\/span><\/span><\/span><\/span><\/span><\/span><\/span><\/span><\/span><\/span><\/span><\/span><\/span><\/p>\r\n\r\n<p style=\"text-align:justify; margin-bottom:20px\"><span style=\"font-size:18px\"><span style=\"box-sizing:border-box\"><span style=\"line-height:1.5\"><span style=\"color:#313f48\"><span style=\"font-family:&quot;Roboto Condensed&quot;, Helvetica, Arial, sans-serif\"><span style=\"font-style:normal\"><span style=\"font-variant-ligatures:normal\"><span style=\"font-weight:400\"><span style=\"white-space:normal\"><span style=\"background-color:#ffffff\"><span style=\"text-decoration-thickness:initial\"><span style=\"text-decoration-style:initial\"><span style=\"text-decoration-color:initial\"><span style=\"font-size:11pt\"><span style=\"box-sizing:border-box\"><span style=\"box-sizing:border-box\"><span style=\"line-height:normal\"><span style=\"box-sizing:border-box\"><span style=\"font-family:Calibri, sans-serif\"><span style=\"font-size:14pt\"><span style=\"box-sizing:border-box\">O&nbsp;<b style=\"box-sizing:border-box; font-weight:bolder\">CTG ABINT apoia a Feira Nacional de Saneamento e Meio Ambiente &ndash; Fenasan e do 35&ordm; Encontro T&eacute;cnico AESabesp, que ocorrer&atilde;o de 22 a 24 de outubro de 2024<\/b>, no Pavilh&atilde;o Verde e Vermelho, no Expo Center Norte, em S&atilde;o Paulo. Trata-se do maior evento de saneamento da Am&eacute;rica Latin. A realiza&ccedil;&atilde;o &eacute; da AESabesp &ndash; Associa&ccedil;&atilde;o dos Engenheiros da Sabesp.<\/span><\/span><\/span><\/span><\/span><\/span><\/span><\/span><\/span><\/span><\/span><\/span><\/span><\/span><\/span><\/span><\/span><\/span><\/span><\/span><\/span><\/p>\r\n\r\n<p style=\"text-align:justify; margin-bottom:20px\"><span style=\"font-size:18px\"><span style=\"box-sizing:border-box\"><span style=\"line-height:1.5\"><span style=\"color:#313f48\"><span style=\"font-family:&quot;Roboto Condensed&quot;, Helvetica, Arial, sans-serif\"><span style=\"font-style:normal\"><span style=\"font-variant-ligatures:normal\"><span style=\"font-weight:400\"><span style=\"white-space:normal\"><span style=\"background-color:#ffffff\"><span style=\"text-decoration-thickness:initial\"><span style=\"text-decoration-style:initial\"><span style=\"text-decoration-color:initial\"><span style=\"font-size:11pt\"><span style=\"box-sizing:border-box\"><span style=\"box-sizing:border-box\"><span style=\"line-height:normal\"><span style=\"box-sizing:border-box\"><span style=\"font-family:Calibri, sans-serif\"><i style=\"box-sizing:border-box\"><span style=\"font-size:14pt\"><span style=\"box-sizing:border-box\">O tema central desta edi&ccedil;&atilde;o &eacute; &ldquo;Saneamento ambiental: condi&ccedil;&atilde;o fundamental para o enfrentamento das mudan&ccedil;as clim&aacute;ticas&rdquo;. Com um p&uacute;blico tradicionalmente de 22 mil visitantes e alinhada aos ODS &ndash; Objetivos de Desenvolvimento Sustent&aacute;vel estabelecidos pela ONU e aos conceitos de ESG, a edi&ccedil;&atilde;o 2024 continuar&aacute; ampliando o di&aacute;logo em torno das quest&otilde;es de saneamento ambiental, meio ambiente e sustentabilidade e promovendo o compartilhamento de conhecimento altamente qualificado.<\/span><\/span><\/i><\/span><\/span><\/span><\/span><\/span><\/span><\/span><\/span><\/span><\/span><\/span><\/span><\/span><\/span><\/span><\/span><\/span><\/span><\/span><\/p>\r\n\r\n<p style=\"text-align:justify; margin-bottom:20px\"><span style=\"font-size:18px\"><span style=\"box-sizing:border-box\"><span style=\"line-height:1.5\"><span style=\"color:#313f48\"><span style=\"font-family:&quot;Roboto Condensed&quot;, Helvetica, Arial, sans-serif\"><span style=\"font-style:normal\"><span style=\"font-variant-ligatures:normal\"><span style=\"font-weight:400\"><span style=\"white-space:normal\"><span style=\"background-color:#ffffff\"><span style=\"text-decoration-thickness:initial\"><span style=\"text-decoration-style:initial\"><span style=\"text-decoration-color:initial\"><span style=\"font-size:11pt\"><span style=\"box-sizing:border-box\"><span style=\"box-sizing:border-box\"><span style=\"line-height:normal\"><span style=\"box-sizing:border-box\"><span style=\"font-family:Calibri, sans-serif\"><a href=\"http:\/\/www.fenasan.com.br\/\" style=\"box-sizing:border-box; text-decoration:underline; color:blue; transition:color 0.3s ease 0s\"><span style=\"font-size:14pt\"><span style=\"box-sizing:border-box\">www.fenasan.com.br<\/span><\/span><\/a><\/span><\/span><\/span><\/span><\/span><\/span><\/span><\/span><\/span><\/span><\/span><\/span><\/span><\/span><\/span><\/span><\/span><\/span><\/span><\/p>\r\n\r\n<p style=\"text-align:justify; margin-bottom:20px\">&nbsp;<\/p>\r\n\r\n<p style=\"text-align:justify; margin-bottom:20px\"><span style=\"font-size:18px\"><span style=\"box-sizing:border-box\"><span style=\"line-height:1.5\"><span style=\"color:#313f48\"><span style=\"font-family:&quot;Roboto Condensed&quot;, Helvetica, Arial, sans-serif\"><span style=\"font-style:normal\"><span style=\"font-variant-ligatures:normal\"><span style=\"font-weight:400\"><span style=\"white-space:normal\"><span style=\"background-color:#ffffff\"><span style=\"text-decoration-thickness:initial\"><span style=\"text-decoration-style:initial\"><span style=\"text-decoration-color:initial\">&nbsp;<\/span><\/span><\/span><\/span><\/span><\/span><\/span><\/span><\/span><\/span><\/span><\/span><\/span><span style=\"font-size:18px\"><span style=\"box-sizing:border-box\"><span style=\"line-height:1.5\"><span style=\"color:#313f48\"><span style=\"font-family:&quot;Roboto Condensed&quot;, Helvetica, Arial, sans-serif\"><span style=\"font-style:normal\"><span style=\"font-variant-ligatures:normal\"><span style=\"font-weight:400\"><span style=\"white-space:normal\"><span style=\"background-color:#ffffff\"><span style=\"text-decoration-thickness:initial\"><span style=\"text-decoration-style:initial\"><span style=\"text-decoration-color:initial\"><span style=\"font-size:11pt\"><span style=\"box-sizing:border-box\"><span style=\"box-sizing:border-box\"><span style=\"line-height:normal\"><span style=\"box-sizing:border-box\"><span style=\"font-family:Calibri, sans-serif\"><span style=\"font-size:14pt\"><span style=\"box-sizing:border-box\"><img src=\"https:\/\/www.abint.org.br\/assets\/img\/editor\/cth-logo-alta-png-2_20240604135615UBDpZbhU7w.png\" style=\"box-sizing:border-box; border-style:none; width:300px; height:68px\" \/><\/span><\/span><\/span><\/span><\/span><\/span><\/span><\/span><\/span><\/span><\/span><\/span><\/span><\/span><\/span><\/span><\/span><\/span><\/span><\/span><\/span><\/p>\r\n\r\n<p style=\"text-align:justify; margin-bottom:20px\"><span style=\"font-size:18px\"><span style=\"box-sizing:border-box\"><span style=\"line-height:1.5\"><span style=\"color:#313f48\"><span style=\"font-family:&quot;Roboto Condensed&quot;, Helvetica, Arial, sans-serif\"><span style=\"font-style:normal\"><span style=\"font-variant-ligatures:normal\"><span style=\"font-weight:400\"><span style=\"white-space:normal\"><span style=\"background-color:#ffffff\"><span style=\"text-decoration-thickness:initial\"><span style=\"text-decoration-style:initial\"><span style=\"text-decoration-color:initial\"><img src=\"https:\/\/www.abint.org.br\/assets\/img\/editor\/hospitalmed-2024-logo_202406041356372pzOiotRes.png\" style=\"box-sizing:border-box; border-style:none; max-width:100%; width:500px; height:448px; object-fit:contain\" \/><\/span><\/span><\/span><\/span><\/span><\/span><\/span><\/span><\/span><\/span><\/span><\/span><\/span><\/p>\r\n\r\n<p style=\"text-align:justify; margin-bottom:20px\"><span style=\"font-size:18px\"><span style=\"box-sizing:border-box\"><span style=\"line-height:1.5\"><span style=\"color:#313f48\"><span style=\"font-family:&quot;Roboto Condensed&quot;, Helvetica, Arial, sans-serif\"><span style=\"font-style:normal\"><span style=\"font-variant-ligatures:normal\"><span style=\"font-weight:400\"><span style=\"white-space:normal\"><span style=\"background-color:#ffffff\"><span style=\"text-decoration-thickness:initial\"><span style=\"text-decoration-style:initial\"><span style=\"text-decoration-color:initial\"><span style=\"font-size:11pt\"><span style=\"box-sizing:border-box\"><span style=\"box-sizing:border-box\"><span style=\"line-height:normal\"><span style=\"box-sizing:border-box\"><span style=\"font-family:Calibri, sans-serif\"><b style=\"box-sizing:border-box; font-weight:bolder\"><span style=\"font-size:12pt\"><span style=\"box-sizing:border-box\">O CTH ABINT &eacute; um dos patrocinadores da HospitalMed 2024.<\/span><\/span><\/b><\/span><\/span><\/span><\/span><\/span><\/span><\/span><\/span><\/span><\/span><\/span><\/span><\/span><\/span><\/span><\/span><\/span><\/span><\/span><\/p>\r\n\r\n<p style=\"text-align:justify; margin-bottom:20px\"><span style=\"font-size:18px\"><span style=\"box-sizing:border-box\"><span style=\"line-height:1.5\"><span style=\"color:#313f48\"><span style=\"font-family:&quot;Roboto Condensed&quot;, Helvetica, Arial, sans-serif\"><span style=\"font-style:normal\"><span style=\"font-variant-ligatures:normal\"><span style=\"font-weight:400\"><span style=\"white-space:normal\"><span style=\"background-color:#ffffff\"><span style=\"text-decoration-thickness:initial\"><span style=\"text-decoration-style:initial\"><span style=\"text-decoration-color:initial\"><span style=\"font-size:11pt\"><span style=\"box-sizing:border-box\"><span style=\"box-sizing:border-box\"><span style=\"line-height:normal\"><span style=\"box-sizing:border-box\"><span style=\"font-family:Calibri, sans-serif\"><span style=\"font-size:12pt\"><span style=\"box-sizing:border-box\">&ldquo;<i style=\"box-sizing:border-box\">A melhor e Mais Completa Feira de Sa&uacute;de do Norte\/Nordeste<\/i>&rdquo;, &eacute; uma realiza&ccedil;&atilde;o da HospitalMed Feiras &amp; Eventos e da Insight Feiras de Neg&oacute;cios.<\/span><\/span><\/span><\/span><\/span><\/span><\/span><\/span><\/span><\/span><\/span><\/span><\/span><\/span><\/span><\/span><\/span><\/span><\/span><\/span><\/span><\/p>\r\n\r\n<p style=\"text-align:justify; margin-bottom:20px\"><span style=\"font-size:18px\"><span style=\"box-sizing:border-box\"><span style=\"line-height:1.5\"><span style=\"color:#313f48\"><span style=\"font-family:&quot;Roboto Condensed&quot;, Helvetica, Arial, sans-serif\"><span style=\"font-style:normal\"><span style=\"font-variant-ligatures:normal\"><span style=\"font-weight:400\"><span style=\"white-space:normal\"><span style=\"background-color:#ffffff\"><span style=\"text-decoration-thickness:initial\"><span style=\"text-decoration-style:initial\"><span style=\"text-decoration-color:initial\"><span style=\"font-size:11pt\"><span style=\"box-sizing:border-box\"><span style=\"box-sizing:border-box\"><span style=\"line-height:normal\"><span style=\"box-sizing:border-box\"><span style=\"font-family:Calibri, sans-serif\"><i style=\"box-sizing:border-box\"><span style=\"font-size:12pt\"><span style=\"box-sizing:border-box\">&ldquo;O&nbsp;<b style=\"box-sizing:border-box; font-weight:bolder\">re&uacute;ne toda a cadeia produtiva do setor de sa&uacute;de das regi&otilde;es Norte\/Nordeste<\/b>. &Eacute; o grande encontro de fornecedores de Produtos, Equipamentos, Servi&ccedil;os, Tecnologia e Conte&uacute;do para Hospitais, Laborat&oacute;rios, Farm&aacute;cias, Cl&iacute;nicas, Consult&oacute;rios e Profissionais da Sa&uacute;de&rdquo;.<\/span><\/span><\/i><\/span><\/span><\/span><\/span><\/span><\/span><\/span><\/span><\/span><\/span><\/span><\/span><\/span><\/span><\/span><\/span><\/span><\/span><\/span><\/p>\r\n\r\n<p style=\"text-align:justify; margin-bottom:20px\"><span style=\"font-size:18px\"><span style=\"box-sizing:border-box\"><span style=\"line-height:1.5\"><span style=\"color:#313f48\"><span style=\"font-family:&quot;Roboto Condensed&quot;, Helvetica, Arial, sans-serif\"><span style=\"font-style:normal\"><span style=\"font-variant-ligatures:normal\"><span style=\"font-weight:400\"><span style=\"white-space:normal\"><span style=\"background-color:#ffffff\"><span style=\"text-decoration-thickness:initial\"><span style=\"text-decoration-style:initial\"><span style=\"text-decoration-color:initial\"><span style=\"font-size:11pt\"><span style=\"box-sizing:border-box\"><span style=\"box-sizing:border-box\"><span style=\"line-height:normal\"><span style=\"box-sizing:border-box\"><span style=\"font-family:Calibri, sans-serif\"><a href=\"http:\/\/www.hospitalmed.com.br\/\" style=\"box-sizing:border-box; text-decoration:underline; color:blue; transition:color 0.3s ease 0s\"><span style=\"font-size:14pt\"><span style=\"box-sizing:border-box\">www.hospitalmed.com.br<\/span><\/span><\/a><\/span><\/span><\/span><\/span><\/span><\/span><\/span><\/span><\/span><\/span><\/span><\/span><\/span><\/span><\/span><\/span><\/span><\/span><\/span><\/p>\r\n\r\n<p class=\"MsoTitle\" style=\"text-align:justify\"><span style=\"font-size:28pt\"><span style=\"font-family:Cambria,serif\"><span style=\"letter-spacing:-0.5pt\"><b><span style=\"font-size:18.0pt\"><span style=\"font-family:&quot;Calibri&quot;,sans-serif\"><span style=\"font-variant:small-caps\">Not&iacute;cias das Associadas<\/span><\/span><\/span><\/b><\/span><\/span><\/span><\/p>\r\n\r\n<p style=\"text-align:justify\"><span style=\"font-size:11pt\"><span style=\"line-height:normal\"><span style=\"font-family:Calibri,sans-serif\"><span style=\"font-size:14.0pt\"><a href=\"https:\/\/www.terra.com.br\/noticias\/prefeitura-de-gravatai-recebe-mais-de-12-mil-fraldas-infantis-e-geriatricas,9e894f8f3a1fe09153a1d150ae3a92feegwthigs.html\" style=\"color:blue; text-decoration:underline\">Fitesa: Prefeitura de Gravata&iacute; recebe mais de 12 mil fraldas infantis e geri&aacute;tricas<\/a><\/span><\/span><\/span><\/span><\/p>\r\n\r\n<p style=\"text-align:justify\">&nbsp;<\/p>\r\n\r\n<p style=\"text-align:justify\"><span style=\"font-size:11pt\"><span style=\"line-height:normal\"><span style=\"font-family:Calibri,sans-serif\"><b><span lang=\"EN-US\" style=\"font-size:18.0pt\"><span style=\"font-variant:small-caps\">Eventos<\/span><\/span><\/b><\/span><\/span><\/span><\/p>\r\n\r\n<p style=\"text-align:justify\"><span style=\"font-size:11pt\"><span style=\"line-height:normal\"><span style=\"font-family:Calibri,sans-serif\"><a href=\"https:\/\/www.edana.org\/events\/edana-innovation-forum-?ct=t(MENA_2018_call_for_papers6_28_2017_COPY_01)&amp;mc_cid=27efeab42f&amp;mc_eid=08e0eae351\" style=\"color:blue; text-decoration:underline\"><b><span lang=\"EN-US\" style=\"font-size:14.0pt\">The EDANA Innovation Forum<\/span><\/b><\/a><span class=\"MsoHyperlink\" style=\"color:blue\"><span style=\"text-decoration:underline\"><span lang=\"EN-US\" style=\"font-size:14.0pt\"><span style=\"text-decoration:none\"><span style=\"text-underline:none\">, <\/span><\/span><\/span><\/span><\/span><span lang=\"EN-US\" style=\"font-size:14.0pt\">04 - 06 June 2024, Munich<\/span><\/span><\/span><\/span><\/p>\r\n\r\n<p style=\"text-align:justify\"><span style=\"font-size:11pt\"><span style=\"line-height:normal\"><span style=\"font-family:Calibri,sans-serif\"><a href=\"https:\/\/www.hightex.com.tr\/\" style=\"color:blue; text-decoration:underline\"><b><span lang=\"EN-US\" style=\"font-size:14.0pt\">HIGITEX 2024 | International Technical Textiles &amp; Nonwoven Exhibition<\/span><\/b><\/a><span lang=\"EN-US\" style=\"font-size:14.0pt\">, 4-8 June 2024, T&uuml;yap Fair Convention and Congress Center, T&uuml;rkiye<\/span><\/span><\/span><\/span><\/p>\r\n\r\n<p style=\"text-align:justify\"><span style=\"font-size:11pt\"><span style=\"line-height:normal\"><span style=\"font-family:Calibri,sans-serif\"><a href=\"https:\/\/www.sympla.com.br\/evento\/evento-em-comemoracao-ao-meio-ambiente-presencial-e-online\/2465555?utm_campaign=economia_circular_-_abrava&amp;utm_medium=email&amp;utm_source=RD+Station\" style=\"color:blue; text-decoration:underline\"><b><span style=\"font-size:14.0pt\">Abrava | Economia Circular em AVACR: Oportunidade e Ganhos!<\/span><\/b><\/a><span style=\"font-size:14.0pt\">, 06 de junho, das 18h00 &agrave;s 20h45, evento h&iacute;brido<\/span><\/span><\/span><\/span><\/p>\r\n\r\n<p style=\"text-align:justify\"><span style=\"font-size:11pt\"><span style=\"line-height:normal\"><span style=\"font-family:Calibri,sans-serif\"><a href=\"https:\/\/app.rdstation.email\/mail\/5893d5d3-c08f-4bed-9b26-b4e2f8e26d87?utm_campaign=workshop_residuos_solidos&amp;utm_medium=email&amp;utm_source=RD+Station\" style=\"color:blue; text-decoration:underline\"><b><span style=\"font-size:14.0pt\">Workshop | Plano de gerenciamento de res&iacute;duos s&oacute;lidos<\/span><\/b><\/a><span style=\"font-size:14.0pt\">, 06 de junho de 2024, evento online<\/span><\/span><\/span><\/span><\/p>\r\n\r\n<p style=\"text-align:justify\"><span style=\"font-size:11pt\"><span style=\"line-height:normal\"><span style=\"font-family:Calibri,sans-serif\"><a href=\"https:\/\/evento.fgv.br\/reforma-previdencia_1206\/\" style=\"color:blue; text-decoration:underline\"><b><span style=\"font-size:14.0pt\">FGV IBRE | Webinar: Uma Nova Reforma da Previd&ecirc;ncia<\/span><\/b><\/a><span style=\"font-size:14.0pt\">, 12 de junho de 2024, das 10h00 &agrave;s 11h30, transmiss&atilde;o via YouTube FGV<\/span><\/span><\/span><\/span><\/p>\r\n\r\n<p style=\"text-align:justify\"><span style=\"font-size:11pt\"><span style=\"line-height:normal\"><span style=\"font-family:Calibri,sans-serif\"><a href=\"https:\/\/send.neopixdmi.com\/index.php\/campaigns\/bt5255bhowca7\/web-version\/mh045xn88n9c0\" style=\"color:blue; text-decoration:underline\"><b><span style=\"font-size:14.0pt\">AESabesp | O Mega Desafio Trazido Pela Nova Lei de Licita&ccedil;&otilde;es e Contratos - Lei 14133\/2021<\/span><\/b><\/a><b><span style=\"font-size:14.0pt\">, <\/span><\/b><span style=\"font-size:14.0pt\">17 a 19 de junho de 2024, das 08h &agrave;s 17h, na sede da AESabesp, em S&atilde;o Paulo<\/span><\/span><\/span><\/span><\/p>\r\n\r\n<p style=\"text-align:justify\"><span style=\"font-size:11pt\"><span style=\"line-height:normal\"><span style=\"font-family:Calibri,sans-serif\"><a href=\"http:\/\/www.ihi.ensinoeinstein.com\" style=\"color:blue; text-decoration:underline\"><b><span style=\"font-size:14.0pt\">IHI 2024 - 9&ordm; F&oacute;rum Latino-Americano de Qualidade e Seguran&ccedil;a na Sa&uacute;de<\/span><\/b><\/a><span style=\"font-size:14.0pt\">, 09 a 11 de julho de 2024, evento h&iacute;brido, Centro de Ensino e Pesquisa Albert Einstein, Campus Cec&iacute;lia e Abram Szajman, Rua Comendador Elias Jafet, 755, Morumbi, S&atilde;o Paulo\/SP<\/span><\/span><\/span><\/span><\/p>\r\n\r\n<p style=\"text-align:justify\"><span style=\"font-size:11pt\"><span style=\"line-height:normal\"><span style=\"font-family:Calibri,sans-serif\"><a href=\"http:\/\/www.construnordeste.com.br\" style=\"color:blue; text-decoration:underline\"><b><span style=\"font-size:14.0pt\">Constru Nordeste<\/span><\/b><\/a><span style=\"font-size:14.0pt\">, 31 de julho a 02 de agosto de 2024, Centro de Conven&ccedil;&otilde;es Salvador, Bahia<\/span><\/span><\/span><\/span><\/p>\r\n\r\n<p><img src=\"https:\/\/www.abint.org.br\/assets\/img\/editor\/abtt-academy-curso-compras-texteis-hospitalares_20240604135954xriEyS8abD.jpg\" style=\"width: 500px; height: 500px;\" \/><\/p>\r\n\r\n<p><a href=\"https:\/\/docs.google.com\/forms\/d\/e\/1FAIpQLSeG7zdl8xZpguBFbIdqyMS61mxfjvFjKOQ3EUqnWgC1RUcAug\/viewform\">Informa&ccedil;&otilde;es e inscri&ccedil;&otilde;es<\/a><\/p>\r\n\r\n<p style=\"text-align:justify\"><span style=\"font-size:11pt\"><span style=\"line-height:normal\"><span style=\"font-family:Calibri,sans-serif\"><a href=\"http:\/\/www.feiplar.com\" style=\"color:blue; text-decoration:underline\"><b><span style=\"font-size:14.0pt\">FEIPLAR COMPOSITES &amp; FEIPUR &ndash; Feira e Congresso Internacionais de Composites, Poliuretano, Pl&aacute;sticos de Engenharia e Compostos Termopl&aacute;sticos<\/span><\/b><\/a><span style=\"font-size:14.0pt\">, 20 a 22 de agosto de 2024, S&atilde;o Paulo Expo (Pavilh&atilde;o 5), palestras: das 8h30 &agrave;s 18h, feira: das 13h &agrave;s 20h.<b> <\/b><\/span><\/span><\/span><\/span><\/p>\r\n\r\n<p style=\"text-align:justify\"><span style=\"font-size:11pt\"><span style=\"line-height:normal\"><span style=\"font-family:Calibri,sans-serif\"><a href=\"http:\/\/www.techtextil-north-america.us.messefrankfurt.com\" style=\"color:blue; text-decoration:underline\"><b><span lang=\"EN-US\" style=\"font-size:14.0pt\">Techtextil North America 2024<\/span><\/b><\/a><span lang=\"EN-US\" style=\"font-size:14.0pt\">, August 20 &ndash; 24, Raleigh, North Carolina.<\/span><\/span><\/span><\/span><\/p>\r\n\r\n<p style=\"text-align:justify\"><span style=\"font-size:11pt\"><span style=\"line-height:normal\"><span style=\"font-family:Calibri,sans-serif\"><a href=\"http:\/\/www.fenasan.com.br\" style=\"color:blue; text-decoration:underline\"><b><span style=\"font-size:14.0pt\">Fenasan 2024 &ndash; Feira Nacional de Saneamento e Meio Ambiente<\/span><\/b><\/a><span style=\"font-size:14.0pt\">, 22 a 24 de outubro de 2024, Pavilh&otilde;es Verde e Vermelho, Expo Center Norte, S&atilde;o Paulo SP<\/span><\/span><\/span><\/span><\/p>\r\n\r\n<p style=\"text-align:justify\"><span style=\"font-size:11pt\"><span style=\"line-height:normal\"><span style=\"font-family:Calibri,sans-serif\"><a href=\"http:\/\/www.hospitalmed.com.br\" style=\"color:blue; text-decoration:underline\"><b><span style=\"font-size:14.0pt\">HospitalMed 2024<\/span><\/b><\/a><span style=\"font-size:14.0pt\">, 23 a 25 de outubro, das 14h &agrave;s 20h, no Pernambuco Centro de Conven&ccedil;&otilde;es<\/span><\/span><\/span><\/span><\/p>\r\n\r\n<p style=\"text-align:justify\"><span style=\"font-size:11pt\"><span style=\"line-height:normal\"><span style=\"font-family:Calibri,sans-serif\"><a href=\"http:\/\/www.congressoabit.com.br\" style=\"color:blue; text-decoration:underline\"><b><span style=\"font-size:14.0pt\">Congresso Internacional Abit 2024<\/span><\/b><\/a><span style=\"font-size:14.0pt\">, 30 e 31 de outubro, Salvador, Bahia<\/span><\/span><\/span><\/span><\/p>\r\n\r\n<p style=\"text-align:justify\"><span style=\"font-size:28pt\"><span style=\"font-family:Cambria,serif\"><span style=\"letter-spacing:-0.5pt\"><b><span lang=\"EN-US\" style=\"font-size:18.0pt\"><span style=\"font-family:&quot;Calibri&quot;,sans-serif\"><span style=\"font-variant:small-caps\">Setor<\/span><\/span><\/span><\/b><\/span><\/span><\/span><\/p>\r\n\r\n<p style=\"text-align:justify\"><span style=\"font-size:11pt\"><span style=\"line-height:normal\"><span style=\"font-family:Calibri,sans-serif\"><a href=\"https:\/\/www.nonwovens-industry.com\/contents\/view_features\/2024-05-09\/the-future-of-industrial-nonwovens-to-2029?utm_campaign=NON+Issue+Alert&amp;utm_medium=email&amp;_hsenc=p2ANqtz-9-SwCkIsCoc4ZGlHmnMacj6Yc0m40c5FDVFM72Mo3iejakroOhcotvyES6sohK4F2mOz4qg0zJ_gpdmvHkOJa0iOliiA&amp;_hsmi=308596059&amp;utm_content=308596059&amp;utm_source=hs_email\" style=\"color:blue; text-decoration:underline\"><span lang=\"EN-US\" style=\"font-size:14.0pt\">The Future of Industrial Nonwovens to 2029<\/span><\/a><\/span><\/span><\/span><\/p>\r\n\r\n<p style=\"text-align:justify\"><span style=\"font-size:11pt\"><span style=\"line-height:normal\"><span style=\"font-family:Calibri,sans-serif\"><a href=\"https:\/\/www.technicaltextile.net\/news\/nonwovens-capacity-in-north-america-reaches-5-713-mn-tonnes-in-2023-295406.html\" style=\"color:blue; text-decoration:underline\"><span lang=\"EN-US\" style=\"font-size:14.0pt\">Nonwovens&#39; capacity in North America reaches 5.713 mn tonnes in 2023<\/span><\/a><\/span><\/span><\/span><\/p>\r\n\r\n<p style=\"text-align:justify\"><span style=\"font-size:11pt\"><span style=\"line-height:normal\"><span style=\"font-family:Calibri,sans-serif\"><a href=\"https:\/\/www.nonwovens-industry.com\/contents\/view_breaking-news\/2024-05-23\/finalists-announced-for-2024-world-of-wipes-innovation-award\/15303\" style=\"color:blue; text-decoration:underline\"><span lang=\"EN-US\" style=\"font-size:14.0pt\">Finalists Announced for 2024 World of Wipes Innovation Award<\/span><\/a><\/span><\/span><\/span><\/p>\r\n\r\n<p style=\"text-align:justify\"><span style=\"font-size:11pt\"><span style=\"line-height:normal\"><span style=\"font-family:Calibri,sans-serif\"><a href=\"https:\/\/tribunahoje.com\/noticias\/cidades\/2024\/05\/23\/138744-maceio-possui-570-areas-de-risco\" style=\"color:blue; text-decoration:underline\"><span style=\"font-size:14.0pt\">Prote&ccedil;&atilde;o de encosta com geomanta: Macei&oacute; possui 570 &aacute;reas de risco<\/span><\/a><\/span><\/span><\/span><\/p>\r\n\r\n<p style=\"text-align:justify\"><span style=\"font-size:11pt\"><span style=\"line-height:normal\"><span style=\"font-family:Calibri,sans-serif\"><a href=\"https:\/\/www.cariacica.es.gov.br\/noticias\/73768\/cariacica-investe-mais-de-r-61-milhoes-em-obras-de-contencao-e-prevencao-contra-desastres-naturais\" style=\"color:blue; text-decoration:underline\"><span style=\"font-size:14.0pt\">Geomanta: Cariacica investe mais de R$ 61 milh&otilde;es em obras de conten&ccedil;&atilde;o e preven&ccedil;&atilde;o contra desastres naturais<\/span><\/a><\/span><\/span><\/span><\/p>\r\n\r\n<p style=\"text-align:justify\"><span style=\"font-size:11pt\"><span style=\"line-height:normal\"><span style=\"font-family:Calibri,sans-serif\"><a href=\"https:\/\/grandesconstrucoes.com.br\/Noticias\/Exibir\/obras-em-drenagem-passam-despercebidas-mas-sao-essenciais-para-prevencao-de-enchentes?utm_source=akna&amp;utm_medium=email&amp;utm_campaign=Grandes-Construcoes-Informativo-913-23-05-2024&amp;utm_source=akna&amp;utm_medium=email&amp;utm_campaign=Grandes-Construcoes-Informativo-913-23-05-2024\" style=\"color:blue; text-decoration:underline\"><span style=\"font-size:14.0pt\">Obras em drenagem passam despercebidas, mas s&atilde;o essenciais para preven&ccedil;&atilde;o de enchentes<\/span><\/a><\/span><\/span><\/span><\/p>\r\n\r\n<p style=\"text-align:justify\"><span style=\"font-size:11pt\"><span style=\"line-height:normal\"><span style=\"font-family:Calibri,sans-serif\"><a href=\"https:\/\/www.saudebusiness.com\/eventos\/anvisa-discute-acoes-para-otimizar-o-processo-de-regulamentacao-de-dispositivos-medicos?utm_campaign=BRZ24HPR-AK-V26%20TERCEIRO%20DIA&amp;utm_emailname=BRZ24HPR-AK-V26%20COBERTURA%20DIA%203&amp;utm_medium=email&amp;utm_source=eloqua&amp;utm_MDMContactID=2bb3d23c-a32f-4218-88d5-29f7fb45caee&amp;utm_campaigntype=Newsletter&amp;eM=50c7dfe42c38ea8f10539f0a167fc763253059e495554a32db7a57f8f237ec4c&amp;eventSeriesCode=ES_HOSPITALAR&amp;eventEditionCode=BRZ23HPR&amp;sessionCode=S_HSPTLRNWSLTR&amp;sp_eh=50c7dfe42c38ea8f10539f0a167fc763253059e495554a32db7a57f8f237ec4c\" style=\"color:blue; text-decoration:underline\"><span style=\"font-size:14.0pt\">Anvisa discute a&ccedil;&otilde;es para otimizar o processo de regulamenta&ccedil;&atilde;o de dispositivos m&eacute;dicos<\/span><\/a><\/span><\/span><\/span><\/p>\r\n\r\n<p style=\"text-align:justify\"><span style=\"font-size:11pt\"><span style=\"line-height:normal\"><span style=\"font-family:Calibri,sans-serif\"><a href=\"https:\/\/www.gov.br\/ans\/pt-br\/assuntos\/noticias\/sobre-ans\/ans-lanca-manual-sobre-metodologia-do-monitoramento-do-programa-de-qualidade-hospitalar\" style=\"color:blue; text-decoration:underline\"><span style=\"font-size:14.0pt\">ANS lan&ccedil;a manual sobre metodologia do monitoramento do Programa de Qualidade Hospitalar<\/span><\/a><\/span><\/span><\/span><\/p>\r\n\r\n<p style=\"text-align:justify\"><span style=\"font-size:11pt\"><span style=\"line-height:normal\"><span style=\"font-family:Calibri,sans-serif\"><a href=\"https:\/\/www.anahp.com.br\/publicacoes\/observatorio-anahp-2024\/?utm_campaign=lancamento_observatorio_2024_-_download&amp;utm_medium=email&amp;utm_source=RD+Station\" style=\"color:blue; text-decoration:underline\"><span style=\"font-size:14.0pt\">Observat&oacute;rio Anahp 2024<\/span><\/a><\/span><\/span><\/span><\/p>\r\n\r\n<p style=\"text-align:justify\"><span style=\"font-size:28pt\"><span style=\"font-family:Cambria,serif\"><span style=\"letter-spacing:-0.5pt\"><b><span style=\"font-size:18.0pt\"><span style=\"font-family:&quot;Calibri&quot;,sans-serif\"><span style=\"font-variant:small-caps\">Ind&uacute;stria<\/span><\/span><\/span><\/b><\/span><\/span><\/span><\/p>\r\n\r\n<p style=\"text-align:justify\"><span style=\"font-size:11pt\"><span style=\"line-height:normal\"><span style=\"font-family:Calibri,sans-serif\"><a href=\"https:\/\/www.revistaplasticosul.com.br\/industria-4-0\/dia-da-industria-e-celebracao-do-plastico-em-diversos-setores\/\" style=\"color:blue; text-decoration:underline\"><span style=\"font-size:14.0pt\">Dia da Ind&uacute;stria: Celebrando a import&acirc;ncia do pl&aacute;stico na inova&ccedil;&atilde;o em diversos setores<\/span><\/a><\/span><\/span><\/span><\/p>\r\n\r\n<p style=\"text-align:justify\"><span style=\"font-size:11pt\"><span style=\"line-height:normal\"><span style=\"font-family:Calibri,sans-serif\"><a href=\"https:\/\/apexbrasil.com.br\/br\/pt\/conteudo\/noticias\/participacao-inedita-na-npe-amplia-negocios-e-fortalece-imagem-d.html\" style=\"color:blue; text-decoration:underline\"><span style=\"font-size:14.0pt\">Participa&ccedil;&atilde;o in&eacute;dita na NPE amplia neg&oacute;cios e fortalece imagem da ind&uacute;stria brasileira na maior feira do setor pl&aacute;stico dos EUA<\/span><\/a><\/span><\/span><\/span><\/p>\r\n\r\n<p style=\"text-align:justify\"><span style=\"font-size:11pt\"><span style=\"line-height:normal\"><span style=\"font-family:Calibri,sans-serif\"><a href=\"https:\/\/portalibre.fgv.br\/noticias\/confianca-da-industria-sobe-12-ponto-em-maio\" style=\"color:blue; text-decoration:underline\"><span style=\"font-size:14.0pt\">Confian&ccedil;a da Ind&uacute;stria sobe 1,2 ponto em maio<\/span><\/a><\/span><\/span><\/span><\/p>\r\n\r\n<p style=\"text-align:justify\"><span style=\"font-size:11pt\"><span style=\"line-height:normal\"><span style=\"font-family:Calibri,sans-serif\"><a href=\"https:\/\/portalibre.fgv.br\/noticias\/confianca-do-construcao-volta-subir-apos-dois-meses-seguidos-de-queda\" style=\"color:blue; text-decoration:underline\"><span style=\"font-size:14.0pt\">Confian&ccedil;a do Constru&ccedil;&atilde;o volta a subir ap&oacute;s dois meses seguidos de queda<\/span><\/a><\/span><\/span><\/span><\/p>\r\n\r\n<p style=\"text-align:justify\"><span style=\"font-size:11pt\"><span style=\"line-height:normal\"><span style=\"font-family:Calibri,sans-serif\"><a href=\"https:\/\/www.agrolink.com.br\/noticias\/lula-se-reune-com-representantes-da-industria-quimica_491504.html\" style=\"color:blue; text-decoration:underline\"><span style=\"font-size:14.0pt\">Lula se re&uacute;ne com representantes da ind&uacute;stria qu&iacute;mica<\/span><\/a><\/span><\/span><\/span><\/p>\r\n\r\n<p style=\"text-align:justify\"><span style=\"font-size:11pt\"><span style=\"line-height:normal\"><span style=\"font-family:Calibri,sans-serif\"><a href=\"https:\/\/www.nonwovens-industry.com\/contents\/view_breaking-news\/2024-05-23\/dupont-to-split-into-three-companies\/15303\" style=\"color:blue; text-decoration:underline\"><span lang=\"EN-US\" style=\"font-size:14.0pt\">DuPont to Split into Three Companies<\/span><\/a><\/span><\/span><\/span><\/p>\r\n\r\n<p style=\"text-align:justify\"><span style=\"font-size:28pt\"><span style=\"font-family:Cambria,serif\"><span style=\"letter-spacing:-0.5pt\"><b><span style=\"font-size:18.0pt\"><span style=\"font-family:&quot;Calibri&quot;,sans-serif\"><span style=\"font-variant:small-caps\">Sustentabilidade<\/span><\/span><\/span><\/b><\/span><\/span><\/span><\/p>\r\n\r\n<p style=\"text-align:justify\"><span style=\"font-size:11pt\"><span style=\"line-height:normal\"><span style=\"font-family:Calibri,sans-serif\"><a href=\"https:\/\/www.saudebusiness.com\/eventos\/sustentabilidade-na-saude-e-destaque-na-hospitalar-2024?utm_campaign=BRZ24HPR-AK-V26%20SEGUNDO%20DIA&amp;utm_emailname=BRZ24HPR-AK-V26%20COBERTURA%20DIA%202&amp;utm_medium=email&amp;utm_source=eloqua&amp;utm_MDMContactID=2bb3d23c-a32f-4218-88d5-29f7fb45caee&amp;utm_campaigntype=Newsletter&amp;eM=50c7dfe42c38ea8f10539f0a167fc763253059e495554a32db7a57f8f237ec4c&amp;eventSeriesCode=ES_HOSPITALAR&amp;eventEditionCode=BRZ23HPR&amp;sessionCode=S_HSPTLRNWSLTR&amp;sp_eh=50c7dfe42c38ea8f10539f0a167fc763253059e495554a32db7a57f8f237ec4c\" style=\"color:blue; text-decoration:underline\"><span style=\"font-size:14.0pt\">Sustentabilidade na sa&uacute;de &eacute; destaque na Hospitalar 2024<\/span><\/a><\/span><\/span><\/span><\/p>\r\n\r\n<p style=\"text-align:justify\"><span style=\"font-size:11pt\"><span style=\"line-height:normal\"><span style=\"font-family:Calibri,sans-serif\"><a href=\"https:\/\/sot.inf.br\/noticia\/38707\/mais-de-84-milhoes-de-filtros-usados-do-oleo-lubrificante-automotivo-sao-reciclados-no-parana\" style=\"color:blue; text-decoration:underline\"><span style=\"font-size:14.0pt\">Mais de 8,4 milh&otilde;es de filtros usados do &oacute;leo lubrificante automotivo s&atilde;o reciclados no Paran&aacute;<\/span><\/a><\/span><\/span><\/span><\/p>\r\n\r\n<p style=\"text-align:justify\"><span style=\"font-size:11pt\"><span style=\"line-height:normal\"><span style=\"font-family:Calibri,sans-serif\"><a href=\"https:\/\/www.meiofiltrante.com.br\/Noticia\/124379\/tres-formas-de-reduzir-a-pegada-de-carbono-do-mercado-de-plastico\" style=\"color:blue; text-decoration:underline\"><span style=\"font-size:14.0pt\">Tr&ecirc;s formas de reduzir a pegada de carbono do mercado de pl&aacute;stico<\/span><\/a><\/span><\/span><\/span><\/p>\r\n\r\n<p style=\"text-align:justify\"><span style=\"font-size:28pt\"><span style=\"font-family:Cambria,serif\"><span style=\"letter-spacing:-0.5pt\"><b><span style=\"font-size:18.0pt\"><span style=\"font-family:&quot;Calibri&quot;,sans-serif\"><span style=\"font-variant:small-caps\">Inova&ccedil;&atilde;o<\/span><\/span><\/span><\/b><\/span><\/span><\/span><\/p>\r\n\r\n<p style=\"text-align:justify\"><span style=\"font-size:11pt\"><span style=\"line-height:normal\"><span style=\"font-family:Calibri,sans-serif\"><a href=\"https:\/\/tribunadonorte.com\/noticias\/cidades\/utfpr-de-apucarana-vai-instalar-1-centro-de-inovacao-textil-do-parana-868218\" style=\"color:blue; text-decoration:underline\"><span style=\"font-size:14.0pt\">UTFPR de Apucarana vai instalar 1&ordm; centro de inova&ccedil;&atilde;o t&ecirc;xtil do Paran&aacute;<\/span><\/a><\/span><\/span><\/span><\/p>\r\n\r\n<p style=\"text-align:justify\"><span style=\"font-size:11pt\"><span style=\"line-height:normal\"><span style=\"font-family:Calibri,sans-serif\"><a href=\"https:\/\/www.revistaplasticosul.com.br\/materias-primas\/plastiweber-lanca-resina-produzida-com-residuos-plasticos\/\" style=\"color:blue; text-decoration:underline\"><span style=\"font-size:14.0pt\">Plastiweber lan&ccedil;a resina produzida com res&iacute;duos pl&aacute;sticos oriundos de regi&otilde;es costeiras<\/span><\/a><\/span><\/span><\/span><\/p>\r\n\r\n<p style=\"text-align:justify\"><span style=\"font-size:28pt\"><span style=\"font-family:Cambria,serif\"><span style=\"letter-spacing:-0.5pt\"><b><span style=\"font-size:18.0pt\"><span style=\"font-family:&quot;Calibri&quot;,sans-serif\"><span style=\"font-variant:small-caps\">Com&eacute;rcio Exterior<\/span><\/span><\/span><\/b><\/span><\/span><\/span><\/p>\r\n\r\n<p style=\"text-align:justify\"><span style=\"font-size:11pt\"><span style=\"line-height:normal\"><span style=\"font-family:Calibri,sans-serif\"><a href=\"https:\/\/anba.com.br\/exportacoes-de-calcados-aos-arabes-tem-recuo\/\" style=\"color:blue; text-decoration:underline\"><span style=\"font-size:14.0pt\">Exporta&ccedil;&otilde;es de cal&ccedil;ados aos &aacute;rabes t&ecirc;m recuo<\/span><\/a><\/span><\/span><\/span><\/p>\r\n\r\n<p style=\"text-align:justify\"><span style=\"font-size:11pt\"><span style=\"line-height:normal\"><span style=\"font-family:Calibri,sans-serif\"><a href=\"https:\/\/ibre.fgv.br\/blog-da-conjuntura-economica\/artigos\/queda-da-participacao-argentina-nas-exportacoes-brasileiras\" style=\"color:blue; text-decoration:underline\"><span style=\"font-size:14.0pt\">A queda da participa&ccedil;&atilde;o argentina nas exporta&ccedil;&otilde;es brasileiras<\/span><\/a><\/span><\/span><\/span><\/p>\r\n\r\n<p style=\"text-align:justify\"><span style=\"font-size:11pt\"><span style=\"line-height:normal\"><span style=\"font-family:Calibri,sans-serif\"><a href=\"https:\/\/static.portaldaindustria.com.br\/media\/filer_public\/eb\/19\/eb195980-9717-4100-b645-27a5a733c4a5\/relatorio_barreiras_comerciais_2024.pdf\" style=\"color:blue; text-decoration:underline\"><span style=\"font-size:14.0pt\">Relat&oacute;rio de Barreiras Comerciais Identificadas pelo Setor Privado Brasileiro &ndash; 2024<\/span><\/a><\/span><\/span><\/span><\/p>\r\n\r\n<p style=\"text-align:justify\"><span style=\"font-size:11pt\"><span style=\"line-height:normal\"><span style=\"font-family:Calibri,sans-serif\"><a href=\"https:\/\/apexbrasil.com.br\/content\/apexbrasil\/br\/pt\/conteudo\/noticias\/Seis-passos-para-exportar-com-sucesso-MEGATRILHA-DIGITAL-DA-EXPORTACAO.html#msdynttrid=z_LMQMn9VL1N169iyF9TtxlV63SXqrC9jDc4BJPoH2Y\" style=\"color:blue; text-decoration:underline\"><span style=\"font-size:14.0pt\">Seis passos para exportar com sucesso: MEGATRILHA DIGITAL DA EXPORTA&Ccedil;&Atilde;O<\/span><\/a><\/span><\/span><\/span><\/p>\r\n\r\n<p style=\"text-align:justify\"><span style=\"font-size:11pt\"><span style=\"line-height:normal\"><span style=\"font-family:Calibri,sans-serif\"><a href=\"https:\/\/apexbrasil.com.br\/content\/apexbrasil\/br\/pt\/conteudo\/noticias\/ApexBrasil-investe-no-design-das-empresas-brasileiras-para-facilitar-exportacao.html\" style=\"color:blue; text-decoration:underline\"><span style=\"font-size:14.0pt\">ApexBrasil investe no design das empresas brasileiras para facilitar exporta&ccedil;&atilde;o<\/span><\/a><\/span><\/span><\/span><\/p>\r\n\r\n<p style=\"text-align:justify\"><span style=\"font-size:28pt\"><span style=\"font-family:Cambria,serif\"><span style=\"letter-spacing:-0.5pt\"><b><span style=\"font-size:18.0pt\"><span style=\"font-family:&quot;Calibri&quot;,sans-serif\"><span style=\"font-variant:small-caps\">Economia<\/span><\/span><\/span><\/b><\/span><\/span><\/span><\/p>\r\n\r\n<p style=\"text-align:justify\"><span style=\"font-size:11pt\"><span style=\"line-height:normal\"><span style=\"font-family:Calibri,sans-serif\"><a href=\"https:\/\/www.bcb.gov.br\/content\/focus\/focus\/R20240524.pdf\" style=\"color:blue; text-decoration:underline\"><span style=\"font-size:14.0pt\">Focus - Relat&oacute;rio de Mercado<\/span><\/a><\/span><\/span><\/span><\/p>\r\n\r\n<p style=\"text-align:justify\"><span style=\"font-size:11pt\"><span style=\"line-height:normal\"><span style=\"font-family:Calibri,sans-serif\"><a href=\"https:\/\/www.moneytimes.com.br\/recado-de-campos-neto-se-o-fiscal-nao-ajudar-a-tarefa-de-controlar-a-inflacao-fica-dificil\/#amp_tf=De%20%251%24s&amp;aoh=17166867874035&amp;csi=0&amp;referrer=https%3A%2F%2Fwww.google.com&amp;ampshare=https%3A%2F%2Fwww.moneytimes.com.br%2Frecado-de-campos-neto-se-o-fiscal-nao-ajudar-a-tarefa-de-controlar-a-inflacao-fica-dificil%2F\" style=\"color:blue; text-decoration:underline\"><span style=\"font-size:14.0pt\">Recado de Campos Neto: Se o fiscal n&atilde;o ajudar, a tarefa de controlar a infla&ccedil;&atilde;o fica dif&iacute;cil<\/span><\/a><\/span><\/span><\/span><\/p>\r\n\r\n<p style=\"text-align:justify\"><span style=\"font-size:11pt\"><span style=\"line-height:normal\"><span style=\"font-family:Calibri,sans-serif\"><a href=\"https:\/\/ibre.fgv.br\/blog-da-conjuntura-economica\/artigos\/boas-e-mas-noticias-sobre-o-mercado-de-trabalho-brasileiro\" style=\"color:blue; text-decoration:underline\"><span style=\"font-size:14.0pt\">Boas e m&aacute;s not&iacute;cias sobre o mercado de trabalho brasileiro<\/span><\/a><\/span><\/span><\/span><\/p>\r\n\r\n<p style=\"text-align:justify\">&nbsp;<\/p>\r\n\r\n<p style=\"text-align:justify\"><a href=\"https:\/\/portalibre.fgv.br\/system\/files\/2024-05\/monitor-do-pib-fgv-maio-de-2024-ref.-de-marco.pdf\"><img src=\"https:\/\/www.abint.org.br\/assets\/img\/editor\/redes-sociais-abint-ctg-cth_202406041400398QFSSawN2a.jpg\" \/><\/a><\/p>\r\n","6":"<p style=\"text-align:justify\"><span style=\"font-size:11pt\"><span style=\"line-height:normal\"><span style=\"font-family:Calibri,sans-serif\"><span style=\"font-size:14.0pt\">Esta &eacute; uma compila&ccedil;&atilde;o das not&iacute;cias mais relevantes para o setor, incluindo informa&ccedil;&otilde;es sobre acordos internacionais, economia brasileira, sustentabilidade e mat&eacute;rias primas, al&eacute;m de novidades do setor de N&atilde;otecidos e Tecidos T&eacute;cnicos.<\/span><\/span><\/span><\/span><\/p>\r\n\r\n<p style=\"text-align:justify\"><span style=\"font-size:28pt\"><span style=\"font-family:Cambria,serif\"><span style=\"letter-spacing:-0.5pt\"><b><span style=\"font-size:18.0pt\"><span style=\"font-family:&quot;Calibri&quot;,sans-serif\"><span style=\"font-variant:small-caps\">O que vem por a&iacute;<\/span><\/span><\/span><\/b><\/span><\/span><\/span><\/p>\r\n\r\n<p style=\"text-align:justify\"><img src=\"https:\/\/www.abint.org.br\/assets\/img\/editor\/abint-logo-2020-g_20240604140402EuFojOVRC3.png\" style=\"width: 300px; height: 69px;\" \/><\/p>\r\n\r\n<p style=\"text-align:justify\"><img src=\"https:\/\/www.abint.org.br\/assets\/img\/editor\/post-quadrado-curso-naotecido_20240604140439bTXb5X0ijo.jpg\" style=\"width: 500px; height: 500px;\" \/><\/p>\r\n\r\n<p style=\"text-align:justify\"><span style=\"font-size:11pt\"><span style=\"line-height:normal\"><span style=\"font-family:Calibri,sans-serif\"><a href=\"https:\/\/forms.office.com\/r\/5DrqtK5n3Y\" style=\"color:blue; text-decoration:underline\"><span style=\"font-size:14.0pt\">Informa&ccedil;&otilde;es e inscri&ccedil;&otilde;es<\/span><\/a><\/span><\/span><\/span><\/p>\r\n\r\n<p style=\"text-align:justify; margin-bottom:20px\"><span style=\"font-size:18px\"><span style=\"box-sizing:border-box\"><span style=\"line-height:1.5\"><span style=\"color:#313f48\"><span style=\"font-family:&quot;Roboto Condensed&quot;, Helvetica, Arial, sans-serif\"><span style=\"font-style:normal\"><span style=\"font-variant-ligatures:normal\"><span style=\"font-weight:400\"><span style=\"white-space:normal\"><span style=\"background-color:#ffffff\"><span style=\"text-decoration-thickness:initial\"><span style=\"text-decoration-style:initial\"><span style=\"text-decoration-color:initial\"><span style=\"font-size:11pt\"><span style=\"box-sizing:border-box\"><span style=\"box-sizing:border-box\"><span style=\"line-height:normal\"><span style=\"box-sizing:border-box\"><span style=\"font-family:Calibri, sans-serif\"><span style=\"font-size:14pt\"><span style=\"box-sizing:border-box\"><img src=\"https:\/\/www.abint.org.br\/assets\/img\/editor\/logo-ctg-abint-png_2024060413534052r0NrfZqt.png\" style=\"box-sizing:border-box; border-style:none; width:300px; height:55px\" \/><\/span><\/span><\/span><\/span><\/span><\/span><\/span><\/span><\/span><\/span><\/span><\/span><\/span><\/span><\/span><\/span><\/span><\/span><\/span><\/span><\/span><\/p>\r\n\r\n<p style=\"text-align:justify; margin-bottom:20px\"><span style=\"font-size:18px\"><span style=\"box-sizing:border-box\"><span style=\"line-height:1.5\"><span style=\"color:#313f48\"><span style=\"font-family:&quot;Roboto Condensed&quot;, Helvetica, Arial, sans-serif\"><span style=\"font-style:normal\"><span style=\"font-variant-ligatures:normal\"><span style=\"font-weight:400\"><span style=\"white-space:normal\"><span style=\"background-color:#ffffff\"><span style=\"text-decoration-thickness:initial\"><span style=\"text-decoration-style:initial\"><span style=\"text-decoration-color:initial\"><span style=\"font-size:11pt\"><span style=\"box-sizing:border-box\"><span style=\"box-sizing:border-box\"><span style=\"line-height:normal\"><span style=\"box-sizing:border-box\"><span style=\"font-family:Calibri, sans-serif\"><span style=\"font-size:14pt\"><span style=\"box-sizing:border-box\"><img src=\"https:\/\/www.abint.org.br\/assets\/img\/editor\/20240528-live-ctg-instagram-gabriel_20240604135407vaelarnoFc.jpeg\" style=\"box-sizing:border-box; border-style:none; width:500px; height:500px\" \/><\/span><\/span><\/span><\/span><\/span><\/span><\/span><\/span><\/span><\/span><\/span><\/span><\/span><\/span><\/span><\/span><\/span><\/span><\/span><\/span><\/span><\/p>\r\n\r\n<p style=\"text-align:justify; margin-bottom:20px\">&nbsp;<\/p>\r\n\r\n<p style=\"text-align:justify; margin-bottom:20px\"><span style=\"font-size:18px\"><span style=\"box-sizing:border-box\"><span style=\"line-height:1.5\"><span style=\"color:#313f48\"><span style=\"font-family:&quot;Roboto Condensed&quot;, Helvetica, Arial, sans-serif\"><span style=\"font-style:normal\"><span style=\"font-variant-ligatures:normal\"><span style=\"font-weight:400\"><span style=\"white-space:normal\"><span style=\"background-color:#ffffff\"><span style=\"text-decoration-thickness:initial\"><span style=\"text-decoration-style:initial\"><span style=\"text-decoration-color:initial\">&nbsp;<\/span><\/span><\/span><\/span><\/span><\/span><\/span><\/span><\/span><\/span><\/span><\/span><\/span><span style=\"font-size:18px\"><span style=\"box-sizing:border-box\"><span style=\"line-height:1.5\"><span style=\"color:#313f48\"><span style=\"font-family:&quot;Roboto Condensed&quot;, Helvetica, Arial, sans-serif\"><span style=\"font-style:normal\"><span style=\"font-variant-ligatures:normal\"><span style=\"font-weight:400\"><span style=\"white-space:normal\"><span style=\"background-color:#ffffff\"><span style=\"text-decoration-thickness:initial\"><span style=\"text-decoration-style:initial\"><span style=\"text-decoration-color:initial\"><span style=\"font-size:11pt\"><span style=\"box-sizing:border-box\"><span style=\"box-sizing:border-box\"><span style=\"line-height:normal\"><span style=\"box-sizing:border-box\"><span style=\"font-family:Calibri, sans-serif\"><span style=\"font-size:14pt\"><span style=\"box-sizing:border-box\"><img src=\"https:\/\/www.abint.org.br\/assets\/img\/editor\/20240924-cobramseg-2024_20240604135452RvR0cfbBDA.png\" style=\"box-sizing:border-box; border-style:none\" \/><\/span><\/span><\/span><\/span><\/span><\/span><\/span><\/span><\/span><\/span><\/span><\/span><\/span><\/span><\/span><\/span><\/span><\/span><\/span><\/span><\/span><\/p>\r\n\r\n<p style=\"text-align:justify; margin-bottom:20px\"><span style=\"font-size:18px\"><span style=\"box-sizing:border-box\"><span style=\"line-height:1.5\"><span style=\"color:#313f48\"><span style=\"font-family:&quot;Roboto Condensed&quot;, Helvetica, Arial, sans-serif\"><span style=\"font-style:normal\"><span style=\"font-variant-ligatures:normal\"><span style=\"font-weight:400\"><span style=\"white-space:normal\"><span style=\"background-color:#ffffff\"><span style=\"text-decoration-thickness:initial\"><span style=\"text-decoration-style:initial\"><span style=\"text-decoration-color:initial\">&nbsp;<\/span><\/span><\/span><\/span><\/span><\/span><\/span><\/span><\/span><\/span><\/span><\/span><\/span><span style=\"font-size:18px\"><span style=\"box-sizing:border-box\"><span style=\"line-height:1.5\"><span style=\"color:#313f48\"><span style=\"font-family:&quot;Roboto Condensed&quot;, Helvetica, Arial, sans-serif\"><span style=\"font-style:normal\"><span style=\"font-variant-ligatures:normal\"><span style=\"font-weight:400\"><span style=\"white-space:normal\"><span style=\"background-color:#ffffff\"><span style=\"text-decoration-thickness:initial\"><span style=\"text-decoration-style:initial\"><span style=\"text-decoration-color:initial\"><span style=\"font-size:11pt\"><span style=\"box-sizing:border-box\"><span style=\"box-sizing:border-box\"><span style=\"line-height:normal\"><span style=\"box-sizing:border-box\"><span style=\"font-family:Calibri, sans-serif\"><b style=\"box-sizing:border-box; font-weight:bolder\"><span style=\"font-size:14pt\"><span style=\"box-sizing:border-box\">O CTG ABINT &eacute; um dos patrocinadores da 21&ordf; edi&ccedil;&atilde;o do Cobramseg &ndash; Congresso Brasileiro de Mec&acirc;nica dos Solos e Engenharia Geot&eacute;cnica.<\/span><\/span><\/b><\/span><\/span><\/span><\/span><\/span><\/span><\/span><\/span><\/span><\/span><\/span><\/span><\/span><\/span><\/span><\/span><\/span><\/span><\/span><\/p>\r\n\r\n<p style=\"text-align:justify; margin-bottom:20px\"><span style=\"font-size:18px\"><span style=\"box-sizing:border-box\"><span style=\"line-height:1.5\"><span style=\"color:#313f48\"><span style=\"font-family:&quot;Roboto Condensed&quot;, Helvetica, Arial, sans-serif\"><span style=\"font-style:normal\"><span style=\"font-variant-ligatures:normal\"><span style=\"font-weight:400\"><span style=\"white-space:normal\"><span style=\"background-color:#ffffff\"><span style=\"text-decoration-thickness:initial\"><span style=\"text-decoration-style:initial\"><span style=\"text-decoration-color:initial\"><span style=\"font-size:11pt\"><span style=\"box-sizing:border-box\"><span style=\"box-sizing:border-box\"><span style=\"line-height:normal\"><span style=\"box-sizing:border-box\"><span style=\"font-family:Calibri, sans-serif\"><span style=\"font-size:14pt\"><span style=\"box-sizing:border-box\">&ldquo;<i style=\"box-sizing:border-box\">Nos reunimos para celebrar a Mec&acirc;nica dos Solos e das Rochas, da GeoEngenharia! Academia, Ind&uacute;stria e &Oacute;rg&atilde;os Gestores unidos para expor seus avan&ccedil;os t&eacute;cnicos e cient&iacute;ficos. Um ambiente rico e diverso que nos permite debater solu&ccedil;&otilde;es e a&ccedil;&otilde;es de forma a fortalecer nossa comunidade geot&eacute;cnica, visando proporcionar um desenvolvimento mais sustent&aacute;vel e seguro para a nossa sociedade<\/i>.&rdquo; V&iacute;tor Pereira Faro, Presidente do COBRAMSEG 2024<\/span><\/span><\/span><\/span><\/span><\/span><\/span><\/span><\/span><\/span><\/span><\/span><\/span><\/span><\/span><\/span><\/span><\/span><\/span><\/span><\/span><\/p>\r\n\r\n<p style=\"text-align:justify; margin-bottom:20px\"><span style=\"font-size:18px\"><span style=\"box-sizing:border-box\"><span style=\"line-height:1.5\"><span style=\"color:#313f48\"><span style=\"font-family:&quot;Roboto Condensed&quot;, Helvetica, Arial, sans-serif\"><span style=\"font-style:normal\"><span style=\"font-variant-ligatures:normal\"><span style=\"font-weight:400\"><span style=\"white-space:normal\"><span style=\"background-color:#ffffff\"><span style=\"text-decoration-thickness:initial\"><span style=\"text-decoration-style:initial\"><span style=\"text-decoration-color:initial\"><span style=\"font-size:11pt\"><span style=\"box-sizing:border-box\"><span style=\"box-sizing:border-box\"><span style=\"line-height:normal\"><span style=\"box-sizing:border-box\"><span style=\"font-family:Calibri, sans-serif\"><a href=\"http:\/\/www.cobramseg.com.br\/\" style=\"box-sizing:border-box; text-decoration:underline; color:blue; transition:color 0.3s ease 0s\"><span style=\"font-size:14pt\"><span style=\"box-sizing:border-box\">www.cobramseg.com.br<\/span><\/span><\/a><\/span><\/span><\/span><\/span><\/span><\/span><\/span><\/span><\/span><\/span><\/span><\/span><\/span><\/span><\/span><\/span><\/span><\/span><\/span><\/p>\r\n\r\n<p style=\"text-align:justify; margin-bottom:20px\"><span style=\"font-size:18px\"><span style=\"box-sizing:border-box\"><span style=\"line-height:1.5\"><span style=\"color:#313f48\"><span style=\"font-family:&quot;Roboto Condensed&quot;, Helvetica, Arial, sans-serif\"><span style=\"font-style:normal\"><span style=\"font-variant-ligatures:normal\"><span style=\"font-weight:400\"><span style=\"white-space:normal\"><span style=\"background-color:#ffffff\"><span style=\"text-decoration-thickness:initial\"><span style=\"text-decoration-style:initial\"><span style=\"text-decoration-color:initial\">&nbsp;<\/span><\/span><\/span><\/span><\/span><\/span><\/span><\/span><\/span><\/span><\/span><\/span><\/span><span style=\"font-size:18px\"><span style=\"box-sizing:border-box\"><span style=\"line-height:1.5\"><span style=\"color:#313f48\"><span style=\"font-family:&quot;Roboto Condensed&quot;, Helvetica, Arial, sans-serif\"><span style=\"font-style:normal\"><span style=\"font-variant-ligatures:normal\"><span style=\"font-weight:400\"><span style=\"white-space:normal\"><span style=\"background-color:#ffffff\"><span style=\"text-decoration-thickness:initial\"><span style=\"text-decoration-style:initial\"><span style=\"text-decoration-color:initial\"><img src=\"https:\/\/www.abint.org.br\/assets\/img\/editor\/fenasan-2024_202406041355382s1EzlqmSB.jpg\" style=\"box-sizing:border-box; border-style:none; max-width:100%; width:auto; height:auto; object-fit:contain\" \/><\/span><\/span><\/span><\/span><\/span><\/span><\/span><\/span><\/span><\/span><\/span><\/span><\/span><\/p>\r\n\r\n<p style=\"text-align:justify; margin-bottom:20px\"><span style=\"font-size:18px\"><span style=\"box-sizing:border-box\"><span style=\"line-height:1.5\"><span style=\"color:#313f48\"><span style=\"font-family:&quot;Roboto Condensed&quot;, Helvetica, Arial, sans-serif\"><span style=\"font-style:normal\"><span style=\"font-variant-ligatures:normal\"><span style=\"font-weight:400\"><span style=\"white-space:normal\"><span style=\"background-color:#ffffff\"><span style=\"text-decoration-thickness:initial\"><span style=\"text-decoration-style:initial\"><span style=\"text-decoration-color:initial\"><span style=\"font-size:11pt\"><span style=\"box-sizing:border-box\"><span style=\"box-sizing:border-box\"><span style=\"line-height:normal\"><span style=\"box-sizing:border-box\"><span style=\"font-family:Calibri, sans-serif\"><span style=\"font-size:14pt\"><span style=\"box-sizing:border-box\">O&nbsp;<b style=\"box-sizing:border-box; font-weight:bolder\">CTG ABINT apoia a Feira Nacional de Saneamento e Meio Ambiente &ndash; Fenasan e do 35&ordm; Encontro T&eacute;cnico AESabesp, que ocorrer&atilde;o de 22 a 24 de outubro de 2024<\/b>, no Pavilh&atilde;o Verde e Vermelho, no Expo Center Norte, em S&atilde;o Paulo. Trata-se do maior evento de saneamento da Am&eacute;rica Latin. A realiza&ccedil;&atilde;o &eacute; da AESabesp &ndash; Associa&ccedil;&atilde;o dos Engenheiros da Sabesp.<\/span><\/span><\/span><\/span><\/span><\/span><\/span><\/span><\/span><\/span><\/span><\/span><\/span><\/span><\/span><\/span><\/span><\/span><\/span><\/span><\/span><\/p>\r\n\r\n<p style=\"text-align:justify; margin-bottom:20px\"><span style=\"font-size:18px\"><span style=\"box-sizing:border-box\"><span style=\"line-height:1.5\"><span style=\"color:#313f48\"><span style=\"font-family:&quot;Roboto Condensed&quot;, Helvetica, Arial, sans-serif\"><span style=\"font-style:normal\"><span style=\"font-variant-ligatures:normal\"><span style=\"font-weight:400\"><span style=\"white-space:normal\"><span style=\"background-color:#ffffff\"><span style=\"text-decoration-thickness:initial\"><span style=\"text-decoration-style:initial\"><span style=\"text-decoration-color:initial\"><span style=\"font-size:11pt\"><span style=\"box-sizing:border-box\"><span style=\"box-sizing:border-box\"><span style=\"line-height:normal\"><span style=\"box-sizing:border-box\"><span style=\"font-family:Calibri, sans-serif\"><i style=\"box-sizing:border-box\"><span style=\"font-size:14pt\"><span style=\"box-sizing:border-box\">O tema central desta edi&ccedil;&atilde;o &eacute; &ldquo;Saneamento ambiental: condi&ccedil;&atilde;o fundamental para o enfrentamento das mudan&ccedil;as clim&aacute;ticas&rdquo;. Com um p&uacute;blico tradicionalmente de 22 mil visitantes e alinhada aos ODS &ndash; Objetivos de Desenvolvimento Sustent&aacute;vel estabelecidos pela ONU e aos conceitos de ESG, a edi&ccedil;&atilde;o 2024 continuar&aacute; ampliando o di&aacute;logo em torno das quest&otilde;es de saneamento ambiental, meio ambiente e sustentabilidade e promovendo o compartilhamento de conhecimento altamente qualificado.<\/span><\/span><\/i><\/span><\/span><\/span><\/span><\/span><\/span><\/span><\/span><\/span><\/span><\/span><\/span><\/span><\/span><\/span><\/span><\/span><\/span><\/span><\/p>\r\n\r\n<p style=\"text-align:justify; margin-bottom:20px\"><span style=\"font-size:18px\"><span style=\"box-sizing:border-box\"><span style=\"line-height:1.5\"><span style=\"color:#313f48\"><span style=\"font-family:&quot;Roboto Condensed&quot;, Helvetica, Arial, sans-serif\"><span style=\"font-style:normal\"><span style=\"font-variant-ligatures:normal\"><span style=\"font-weight:400\"><span style=\"white-space:normal\"><span style=\"background-color:#ffffff\"><span style=\"text-decoration-thickness:initial\"><span style=\"text-decoration-style:initial\"><span style=\"text-decoration-color:initial\"><span style=\"font-size:11pt\"><span style=\"box-sizing:border-box\"><span style=\"box-sizing:border-box\"><span style=\"line-height:normal\"><span style=\"box-sizing:border-box\"><span style=\"font-family:Calibri, sans-serif\"><a href=\"http:\/\/www.fenasan.com.br\/\" style=\"box-sizing:border-box; text-decoration:underline; color:blue; transition:color 0.3s ease 0s\"><span style=\"font-size:14pt\"><span style=\"box-sizing:border-box\">www.fenasan.com.br<\/span><\/span><\/a><\/span><\/span><\/span><\/span><\/span><\/span><\/span><\/span><\/span><\/span><\/span><\/span><\/span><\/span><\/span><\/span><\/span><\/span><\/span><\/p>\r\n\r\n<p style=\"text-align:justify; margin-bottom:20px\">&nbsp;<\/p>\r\n\r\n<p style=\"text-align:justify; margin-bottom:20px\"><span style=\"font-size:18px\"><span style=\"box-sizing:border-box\"><span style=\"line-height:1.5\"><span style=\"color:#313f48\"><span style=\"font-family:&quot;Roboto Condensed&quot;, Helvetica, Arial, sans-serif\"><span style=\"font-style:normal\"><span style=\"font-variant-ligatures:normal\"><span style=\"font-weight:400\"><span style=\"white-space:normal\"><span style=\"background-color:#ffffff\"><span style=\"text-decoration-thickness:initial\"><span style=\"text-decoration-style:initial\"><span style=\"text-decoration-color:initial\">&nbsp;<\/span><\/span><\/span><\/span><\/span><\/span><\/span><\/span><\/span><\/span><\/span><\/span><\/span><span style=\"font-size:18px\"><span style=\"box-sizing:border-box\"><span style=\"line-height:1.5\"><span style=\"color:#313f48\"><span style=\"font-family:&quot;Roboto Condensed&quot;, Helvetica, Arial, sans-serif\"><span style=\"font-style:normal\"><span style=\"font-variant-ligatures:normal\"><span style=\"font-weight:400\"><span style=\"white-space:normal\"><span style=\"background-color:#ffffff\"><span style=\"text-decoration-thickness:initial\"><span style=\"text-decoration-style:initial\"><span style=\"text-decoration-color:initial\"><span style=\"font-size:11pt\"><span style=\"box-sizing:border-box\"><span style=\"box-sizing:border-box\"><span style=\"line-height:normal\"><span style=\"box-sizing:border-box\"><span style=\"font-family:Calibri, sans-serif\"><span style=\"font-size:14pt\"><span style=\"box-sizing:border-box\"><img src=\"https:\/\/www.abint.org.br\/assets\/img\/editor\/cth-logo-alta-png-2_20240604135615UBDpZbhU7w.png\" style=\"box-sizing:border-box; border-style:none; width:300px; height:68px\" \/><\/span><\/span><\/span><\/span><\/span><\/span><\/span><\/span><\/span><\/span><\/span><\/span><\/span><\/span><\/span><\/span><\/span><\/span><\/span><\/span><\/span><\/p>\r\n\r\n<p style=\"text-align:justify; margin-bottom:20px\"><span style=\"font-size:18px\"><span style=\"box-sizing:border-box\"><span style=\"line-height:1.5\"><span style=\"color:#313f48\"><span style=\"font-family:&quot;Roboto Condensed&quot;, Helvetica, Arial, sans-serif\"><span style=\"font-style:normal\"><span style=\"font-variant-ligatures:normal\"><span style=\"font-weight:400\"><span style=\"white-space:normal\"><span style=\"background-color:#ffffff\"><span style=\"text-decoration-thickness:initial\"><span style=\"text-decoration-style:initial\"><span style=\"text-decoration-color:initial\"><img src=\"https:\/\/www.abint.org.br\/assets\/img\/editor\/hospitalmed-2024-logo_202406041356372pzOiotRes.png\" style=\"box-sizing:border-box; border-style:none; max-width:100%; width:500px; height:448px; object-fit:contain\" \/><\/span><\/span><\/span><\/span><\/span><\/span><\/span><\/span><\/span><\/span><\/span><\/span><\/span><\/p>\r\n\r\n<p style=\"text-align:justify; margin-bottom:20px\"><span style=\"font-size:18px\"><span style=\"box-sizing:border-box\"><span style=\"line-height:1.5\"><span style=\"color:#313f48\"><span style=\"font-family:&quot;Roboto Condensed&quot;, Helvetica, Arial, sans-serif\"><span style=\"font-style:normal\"><span style=\"font-variant-ligatures:normal\"><span style=\"font-weight:400\"><span style=\"white-space:normal\"><span style=\"background-color:#ffffff\"><span style=\"text-decoration-thickness:initial\"><span style=\"text-decoration-style:initial\"><span style=\"text-decoration-color:initial\"><span style=\"font-size:11pt\"><span style=\"box-sizing:border-box\"><span style=\"box-sizing:border-box\"><span style=\"line-height:normal\"><span style=\"box-sizing:border-box\"><span style=\"font-family:Calibri, sans-serif\"><b style=\"box-sizing:border-box; font-weight:bolder\"><span style=\"font-size:12pt\"><span style=\"box-sizing:border-box\">O CTH ABINT &eacute; um dos patrocinadores da HospitalMed 2024.<\/span><\/span><\/b><\/span><\/span><\/span><\/span><\/span><\/span><\/span><\/span><\/span><\/span><\/span><\/span><\/span><\/span><\/span><\/span><\/span><\/span><\/span><\/p>\r\n\r\n<p style=\"text-align:justify; margin-bottom:20px\"><span style=\"font-size:18px\"><span style=\"box-sizing:border-box\"><span style=\"line-height:1.5\"><span style=\"color:#313f48\"><span style=\"font-family:&quot;Roboto Condensed&quot;, Helvetica, Arial, sans-serif\"><span style=\"font-style:normal\"><span style=\"font-variant-ligatures:normal\"><span style=\"font-weight:400\"><span style=\"white-space:normal\"><span style=\"background-color:#ffffff\"><span style=\"text-decoration-thickness:initial\"><span style=\"text-decoration-style:initial\"><span style=\"text-decoration-color:initial\"><span style=\"font-size:11pt\"><span style=\"box-sizing:border-box\"><span style=\"box-sizing:border-box\"><span style=\"line-height:normal\"><span style=\"box-sizing:border-box\"><span style=\"font-family:Calibri, sans-serif\"><span style=\"font-size:12pt\"><span style=\"box-sizing:border-box\">&ldquo;<i style=\"box-sizing:border-box\">A melhor e Mais Completa Feira de Sa&uacute;de do Norte\/Nordeste<\/i>&rdquo;, &eacute; uma realiza&ccedil;&atilde;o da HospitalMed Feiras &amp; Eventos e da Insight Feiras de Neg&oacute;cios.<\/span><\/span><\/span><\/span><\/span><\/span><\/span><\/span><\/span><\/span><\/span><\/span><\/span><\/span><\/span><\/span><\/span><\/span><\/span><\/span><\/span><\/p>\r\n\r\n<p style=\"text-align:justify; margin-bottom:20px\"><span style=\"font-size:18px\"><span style=\"box-sizing:border-box\"><span style=\"line-height:1.5\"><span style=\"color:#313f48\"><span style=\"font-family:&quot;Roboto Condensed&quot;, Helvetica, Arial, sans-serif\"><span style=\"font-style:normal\"><span style=\"font-variant-ligatures:normal\"><span style=\"font-weight:400\"><span style=\"white-space:normal\"><span style=\"background-color:#ffffff\"><span style=\"text-decoration-thickness:initial\"><span style=\"text-decoration-style:initial\"><span style=\"text-decoration-color:initial\"><span style=\"font-size:11pt\"><span style=\"box-sizing:border-box\"><span style=\"box-sizing:border-box\"><span style=\"line-height:normal\"><span style=\"box-sizing:border-box\"><span style=\"font-family:Calibri, sans-serif\"><i style=\"box-sizing:border-box\"><span style=\"font-size:12pt\"><span style=\"box-sizing:border-box\">&ldquo;O&nbsp;<b style=\"box-sizing:border-box; font-weight:bolder\">re&uacute;ne toda a cadeia produtiva do setor de sa&uacute;de das regi&otilde;es Norte\/Nordeste<\/b>. &Eacute; o grande encontro de fornecedores de Produtos, Equipamentos, Servi&ccedil;os, Tecnologia e Conte&uacute;do para Hospitais, Laborat&oacute;rios, Farm&aacute;cias, Cl&iacute;nicas, Consult&oacute;rios e Profissionais da Sa&uacute;de&rdquo;.<\/span><\/span><\/i><\/span><\/span><\/span><\/span><\/span><\/span><\/span><\/span><\/span><\/span><\/span><\/span><\/span><\/span><\/span><\/span><\/span><\/span><\/span><\/p>\r\n\r\n<p style=\"text-align:justify; margin-bottom:20px\"><span style=\"font-size:18px\"><span style=\"box-sizing:border-box\"><span style=\"line-height:1.5\"><span style=\"color:#313f48\"><span style=\"font-family:&quot;Roboto Condensed&quot;, Helvetica, Arial, sans-serif\"><span style=\"font-style:normal\"><span style=\"font-variant-ligatures:normal\"><span style=\"font-weight:400\"><span style=\"white-space:normal\"><span style=\"background-color:#ffffff\"><span style=\"text-decoration-thickness:initial\"><span style=\"text-decoration-style:initial\"><span style=\"text-decoration-color:initial\"><span style=\"font-size:11pt\"><span style=\"box-sizing:border-box\"><span style=\"box-sizing:border-box\"><span style=\"line-height:normal\"><span style=\"box-sizing:border-box\"><span style=\"font-family:Calibri, sans-serif\"><a href=\"http:\/\/www.hospitalmed.com.br\/\" style=\"box-sizing:border-box; text-decoration:underline; color:blue; transition:color 0.3s ease 0s\"><span style=\"font-size:14pt\"><span style=\"box-sizing:border-box\">www.hospitalmed.com.br<\/span><\/span><\/a><\/span><\/span><\/span><\/span><\/span><\/span><\/span><\/span><\/span><\/span><\/span><\/span><\/span><\/span><\/span><\/span><\/span><\/span><\/span><\/p>\r\n\r\n<p class=\"MsoTitle\" style=\"text-align:justify\"><span style=\"font-size:28pt\"><span style=\"font-family:Cambria,serif\"><span style=\"letter-spacing:-0.5pt\"><b><span style=\"font-size:18.0pt\"><span style=\"font-family:&quot;Calibri&quot;,sans-serif\"><span style=\"font-variant:small-caps\">Not&iacute;cias das Associadas<\/span><\/span><\/span><\/b><\/span><\/span><\/span><\/p>\r\n\r\n<p style=\"text-align:justify\"><span style=\"font-size:11pt\"><span style=\"line-height:normal\"><span style=\"font-family:Calibri,sans-serif\"><span style=\"font-size:14.0pt\"><a href=\"https:\/\/www.terra.com.br\/noticias\/prefeitura-de-gravatai-recebe-mais-de-12-mil-fraldas-infantis-e-geriatricas,9e894f8f3a1fe09153a1d150ae3a92feegwthigs.html\" style=\"color:blue; text-decoration:underline\">Fitesa: Prefeitura de Gravata&iacute; recebe mais de 12 mil fraldas infantis e geri&aacute;tricas<\/a><\/span><\/span><\/span><\/span><\/p>\r\n\r\n<p style=\"text-align:justify\">&nbsp;<\/p>\r\n\r\n<p style=\"text-align:justify\"><span style=\"font-size:11pt\"><span style=\"line-height:normal\"><span style=\"font-family:Calibri,sans-serif\"><b><span lang=\"EN-US\" style=\"font-size:18.0pt\"><span style=\"font-variant:small-caps\">Eventos<\/span><\/span><\/b><\/span><\/span><\/span><\/p>\r\n\r\n<p style=\"text-align:justify\"><span style=\"font-size:11pt\"><span style=\"line-height:normal\"><span style=\"font-family:Calibri,sans-serif\"><a href=\"https:\/\/www.edana.org\/events\/edana-innovation-forum-?ct=t(MENA_2018_call_for_papers6_28_2017_COPY_01)&amp;mc_cid=27efeab42f&amp;mc_eid=08e0eae351\" style=\"color:blue; text-decoration:underline\"><b><span lang=\"EN-US\" style=\"font-size:14.0pt\">The EDANA Innovation Forum<\/span><\/b><\/a><span class=\"MsoHyperlink\" style=\"color:blue\"><span style=\"text-decoration:underline\"><span lang=\"EN-US\" style=\"font-size:14.0pt\"><span style=\"text-decoration:none\"><span style=\"text-underline:none\">, <\/span><\/span><\/span><\/span><\/span><span lang=\"EN-US\" style=\"font-size:14.0pt\">04 - 06 June 2024, Munich<\/span><\/span><\/span><\/span><\/p>\r\n\r\n<p style=\"text-align:justify\"><span style=\"font-size:11pt\"><span style=\"line-height:normal\"><span style=\"font-family:Calibri,sans-serif\"><a href=\"https:\/\/www.hightex.com.tr\/\" style=\"color:blue; text-decoration:underline\"><b><span lang=\"EN-US\" style=\"font-size:14.0pt\">HIGITEX 2024 | International Technical Textiles &amp; Nonwoven Exhibition<\/span><\/b><\/a><span lang=\"EN-US\" style=\"font-size:14.0pt\">, 4-8 June 2024, T&uuml;yap Fair Convention and Congress Center, T&uuml;rkiye<\/span><\/span><\/span><\/span><\/p>\r\n\r\n<p style=\"text-align:justify\"><span style=\"font-size:11pt\"><span style=\"line-height:normal\"><span style=\"font-family:Calibri,sans-serif\"><a href=\"https:\/\/www.sympla.com.br\/evento\/evento-em-comemoracao-ao-meio-ambiente-presencial-e-online\/2465555?utm_campaign=economia_circular_-_abrava&amp;utm_medium=email&amp;utm_source=RD+Station\" style=\"color:blue; text-decoration:underline\"><b><span style=\"font-size:14.0pt\">Abrava | Economia Circular em AVACR: Oportunidade e Ganhos!<\/span><\/b><\/a><span style=\"font-size:14.0pt\">, 06 de junho, das 18h00 &agrave;s 20h45, evento h&iacute;brido<\/span><\/span><\/span><\/span><\/p>\r\n\r\n<p style=\"text-align:justify\"><span style=\"font-size:11pt\"><span style=\"line-height:normal\"><span style=\"font-family:Calibri,sans-serif\"><a href=\"https:\/\/app.rdstation.email\/mail\/5893d5d3-c08f-4bed-9b26-b4e2f8e26d87?utm_campaign=workshop_residuos_solidos&amp;utm_medium=email&amp;utm_source=RD+Station\" style=\"color:blue; text-decoration:underline\"><b><span style=\"font-size:14.0pt\">Workshop | Plano de gerenciamento de res&iacute;duos s&oacute;lidos<\/span><\/b><\/a><span style=\"font-size:14.0pt\">, 06 de junho de 2024, evento online<\/span><\/span><\/span><\/span><\/p>\r\n\r\n<p style=\"text-align:justify\"><span style=\"font-size:11pt\"><span style=\"line-height:normal\"><span style=\"font-family:Calibri,sans-serif\"><a href=\"https:\/\/evento.fgv.br\/reforma-previdencia_1206\/\" style=\"color:blue; text-decoration:underline\"><b><span style=\"font-size:14.0pt\">FGV IBRE | Webinar: Uma Nova Reforma da Previd&ecirc;ncia<\/span><\/b><\/a><span style=\"font-size:14.0pt\">, 12 de junho de 2024, das 10h00 &agrave;s 11h30, transmiss&atilde;o via YouTube FGV<\/span><\/span><\/span><\/span><\/p>\r\n\r\n<p style=\"text-align:justify\"><span style=\"font-size:11pt\"><span style=\"line-height:normal\"><span style=\"font-family:Calibri,sans-serif\"><a href=\"https:\/\/send.neopixdmi.com\/index.php\/campaigns\/bt5255bhowca7\/web-version\/mh045xn88n9c0\" style=\"color:blue; text-decoration:underline\"><b><span style=\"font-size:14.0pt\">AESabesp | O Mega Desafio Trazido Pela Nova Lei de Licita&ccedil;&otilde;es e Contratos - Lei 14133\/2021<\/span><\/b><\/a><b><span style=\"font-size:14.0pt\">, <\/span><\/b><span style=\"font-size:14.0pt\">17 a 19 de junho de 2024, das 08h &agrave;s 17h, na sede da AESabesp, em S&atilde;o Paulo<\/span><\/span><\/span><\/span><\/p>\r\n\r\n<p style=\"text-align:justify\"><span style=\"font-size:11pt\"><span style=\"line-height:normal\"><span style=\"font-family:Calibri,sans-serif\"><a href=\"http:\/\/www.ihi.ensinoeinstein.com\" style=\"color:blue; text-decoration:underline\"><b><span style=\"font-size:14.0pt\">IHI 2024 - 9&ordm; F&oacute;rum Latino-Americano de Qualidade e Seguran&ccedil;a na Sa&uacute;de<\/span><\/b><\/a><span style=\"font-size:14.0pt\">, 09 a 11 de julho de 2024, evento h&iacute;brido, Centro de Ensino e Pesquisa Albert Einstein, Campus Cec&iacute;lia e Abram Szajman, Rua Comendador Elias Jafet, 755, Morumbi, S&atilde;o Paulo\/SP<\/span><\/span><\/span><\/span><\/p>\r\n\r\n<p style=\"text-align:justify\"><span style=\"font-size:11pt\"><span style=\"line-height:normal\"><span style=\"font-family:Calibri,sans-serif\"><a href=\"http:\/\/www.construnordeste.com.br\" style=\"color:blue; text-decoration:underline\"><b><span style=\"font-size:14.0pt\">Constru Nordeste<\/span><\/b><\/a><span style=\"font-size:14.0pt\">, 31 de julho a 02 de agosto de 2024, Centro de Conven&ccedil;&otilde;es Salvador, Bahia<\/span><\/span><\/span><\/span><\/p>\r\n\r\n<p><img src=\"https:\/\/www.abint.org.br\/assets\/img\/editor\/abtt-academy-curso-compras-texteis-hospitalares_20240604135954xriEyS8abD.jpg\" style=\"width: 500px; height: 500px;\" \/><\/p>\r\n\r\n<p><a href=\"https:\/\/docs.google.com\/forms\/d\/e\/1FAIpQLSeG7zdl8xZpguBFbIdqyMS61mxfjvFjKOQ3EUqnWgC1RUcAug\/viewform\">Informa&ccedil;&otilde;es e inscri&ccedil;&otilde;es<\/a><\/p>\r\n\r\n<p style=\"text-align:justify\"><span style=\"font-size:11pt\"><span style=\"line-height:normal\"><span style=\"font-family:Calibri,sans-serif\"><a href=\"http:\/\/www.feiplar.com\" style=\"color:blue; text-decoration:underline\"><b><span style=\"font-size:14.0pt\">FEIPLAR COMPOSITES &amp; FEIPUR &ndash; Feira e Congresso Internacionais de Composites, Poliuretano, Pl&aacute;sticos de Engenharia e Compostos Termopl&aacute;sticos<\/span><\/b><\/a><span style=\"font-size:14.0pt\">, 20 a 22 de agosto de 2024, S&atilde;o Paulo Expo (Pavilh&atilde;o 5), palestras: das 8h30 &agrave;s 18h, feira: das 13h &agrave;s 20h.<b> <\/b><\/span><\/span><\/span><\/span><\/p>\r\n\r\n<p style=\"text-align:justify\"><span style=\"font-size:11pt\"><span style=\"line-height:normal\"><span style=\"font-family:Calibri,sans-serif\"><a href=\"http:\/\/www.techtextil-north-america.us.messefrankfurt.com\" style=\"color:blue; text-decoration:underline\"><b><span lang=\"EN-US\" style=\"font-size:14.0pt\">Techtextil North America 2024<\/span><\/b><\/a><span lang=\"EN-US\" style=\"font-size:14.0pt\">, August 20 &ndash; 24, Raleigh, North Carolina.<\/span><\/span><\/span><\/span><\/p>\r\n\r\n<p style=\"text-align:justify\"><span style=\"font-size:11pt\"><span style=\"line-height:normal\"><span style=\"font-family:Calibri,sans-serif\"><a href=\"http:\/\/www.fenasan.com.br\" style=\"color:blue; text-decoration:underline\"><b><span style=\"font-size:14.0pt\">Fenasan 2024 &ndash; Feira Nacional de Saneamento e Meio Ambiente<\/span><\/b><\/a><span style=\"font-size:14.0pt\">, 22 a 24 de outubro de 2024, Pavilh&otilde;es Verde e Vermelho, Expo Center Norte, S&atilde;o Paulo SP<\/span><\/span><\/span><\/span><\/p>\r\n\r\n<p style=\"text-align:justify\"><span style=\"font-size:11pt\"><span style=\"line-height:normal\"><span style=\"font-family:Calibri,sans-serif\"><a href=\"http:\/\/www.hospitalmed.com.br\" style=\"color:blue; text-decoration:underline\"><b><span style=\"font-size:14.0pt\">HospitalMed 2024<\/span><\/b><\/a><span style=\"font-size:14.0pt\">, 23 a 25 de outubro, das 14h &agrave;s 20h, no Pernambuco Centro de Conven&ccedil;&otilde;es<\/span><\/span><\/span><\/span><\/p>\r\n\r\n<p style=\"text-align:justify\"><span style=\"font-size:11pt\"><span style=\"line-height:normal\"><span style=\"font-family:Calibri,sans-serif\"><a href=\"http:\/\/www.congressoabit.com.br\" style=\"color:blue; text-decoration:underline\"><b><span style=\"font-size:14.0pt\">Congresso Internacional Abit 2024<\/span><\/b><\/a><span style=\"font-size:14.0pt\">, 30 e 31 de outubro, Salvador, Bahia<\/span><\/span><\/span><\/span><\/p>\r\n\r\n<p style=\"text-align:justify\"><span style=\"font-size:28pt\"><span style=\"font-family:Cambria,serif\"><span style=\"letter-spacing:-0.5pt\"><b><span lang=\"EN-US\" style=\"font-size:18.0pt\"><span style=\"font-family:&quot;Calibri&quot;,sans-serif\"><span style=\"font-variant:small-caps\">Setor<\/span><\/span><\/span><\/b><\/span><\/span><\/span><\/p>\r\n\r\n<p style=\"text-align:justify\"><span style=\"font-size:11pt\"><span style=\"line-height:normal\"><span style=\"font-family:Calibri,sans-serif\"><a href=\"https:\/\/www.nonwovens-industry.com\/contents\/view_features\/2024-05-09\/the-future-of-industrial-nonwovens-to-2029?utm_campaign=NON+Issue+Alert&amp;utm_medium=email&amp;_hsenc=p2ANqtz-9-SwCkIsCoc4ZGlHmnMacj6Yc0m40c5FDVFM72Mo3iejakroOhcotvyES6sohK4F2mOz4qg0zJ_gpdmvHkOJa0iOliiA&amp;_hsmi=308596059&amp;utm_content=308596059&amp;utm_source=hs_email\" style=\"color:blue; text-decoration:underline\"><span lang=\"EN-US\" style=\"font-size:14.0pt\">The Future of Industrial Nonwovens to 2029<\/span><\/a><\/span><\/span><\/span><\/p>\r\n\r\n<p style=\"text-align:justify\"><span style=\"font-size:11pt\"><span style=\"line-height:normal\"><span style=\"font-family:Calibri,sans-serif\"><a href=\"https:\/\/www.technicaltextile.net\/news\/nonwovens-capacity-in-north-america-reaches-5-713-mn-tonnes-in-2023-295406.html\" style=\"color:blue; text-decoration:underline\"><span lang=\"EN-US\" style=\"font-size:14.0pt\">Nonwovens&#39; capacity in North America reaches 5.713 mn tonnes in 2023<\/span><\/a><\/span><\/span><\/span><\/p>\r\n\r\n<p style=\"text-align:justify\"><span style=\"font-size:11pt\"><span style=\"line-height:normal\"><span style=\"font-family:Calibri,sans-serif\"><a href=\"https:\/\/www.nonwovens-industry.com\/contents\/view_breaking-news\/2024-05-23\/finalists-announced-for-2024-world-of-wipes-innovation-award\/15303\" style=\"color:blue; text-decoration:underline\"><span lang=\"EN-US\" style=\"font-size:14.0pt\">Finalists Announced for 2024 World of Wipes Innovation Award<\/span><\/a><\/span><\/span><\/span><\/p>\r\n\r\n<p style=\"text-align:justify\"><span style=\"font-size:11pt\"><span style=\"line-height:normal\"><span style=\"font-family:Calibri,sans-serif\"><a href=\"https:\/\/tribunahoje.com\/noticias\/cidades\/2024\/05\/23\/138744-maceio-possui-570-areas-de-risco\" style=\"color:blue; text-decoration:underline\"><span style=\"font-size:14.0pt\">Prote&ccedil;&atilde;o de encosta com geomanta: Macei&oacute; possui 570 &aacute;reas de risco<\/span><\/a><\/span><\/span><\/span><\/p>\r\n\r\n<p style=\"text-align:justify\"><span style=\"font-size:11pt\"><span style=\"line-height:normal\"><span style=\"font-family:Calibri,sans-serif\"><a href=\"https:\/\/www.cariacica.es.gov.br\/noticias\/73768\/cariacica-investe-mais-de-r-61-milhoes-em-obras-de-contencao-e-prevencao-contra-desastres-naturais\" style=\"color:blue; text-decoration:underline\"><span style=\"font-size:14.0pt\">Geomanta: Cariacica investe mais de R$ 61 milh&otilde;es em obras de conten&ccedil;&atilde;o e preven&ccedil;&atilde;o contra desastres naturais<\/span><\/a><\/span><\/span><\/span><\/p>\r\n\r\n<p style=\"text-align:justify\"><span style=\"font-size:11pt\"><span style=\"line-height:normal\"><span style=\"font-family:Calibri,sans-serif\"><a href=\"https:\/\/grandesconstrucoes.com.br\/Noticias\/Exibir\/obras-em-drenagem-passam-despercebidas-mas-sao-essenciais-para-prevencao-de-enchentes?utm_source=akna&amp;utm_medium=email&amp;utm_campaign=Grandes-Construcoes-Informativo-913-23-05-2024&amp;utm_source=akna&amp;utm_medium=email&amp;utm_campaign=Grandes-Construcoes-Informativo-913-23-05-2024\" style=\"color:blue; text-decoration:underline\"><span style=\"font-size:14.0pt\">Obras em drenagem passam despercebidas, mas s&atilde;o essenciais para preven&ccedil;&atilde;o de enchentes<\/span><\/a><\/span><\/span><\/span><\/p>\r\n\r\n<p style=\"text-align:justify\"><span style=\"font-size:11pt\"><span style=\"line-height:normal\"><span style=\"font-family:Calibri,sans-serif\"><a href=\"https:\/\/www.saudebusiness.com\/eventos\/anvisa-discute-acoes-para-otimizar-o-processo-de-regulamentacao-de-dispositivos-medicos?utm_campaign=BRZ24HPR-AK-V26%20TERCEIRO%20DIA&amp;utm_emailname=BRZ24HPR-AK-V26%20COBERTURA%20DIA%203&amp;utm_medium=email&amp;utm_source=eloqua&amp;utm_MDMContactID=2bb3d23c-a32f-4218-88d5-29f7fb45caee&amp;utm_campaigntype=Newsletter&amp;eM=50c7dfe42c38ea8f10539f0a167fc763253059e495554a32db7a57f8f237ec4c&amp;eventSeriesCode=ES_HOSPITALAR&amp;eventEditionCode=BRZ23HPR&amp;sessionCode=S_HSPTLRNWSLTR&amp;sp_eh=50c7dfe42c38ea8f10539f0a167fc763253059e495554a32db7a57f8f237ec4c\" style=\"color:blue; text-decoration:underline\"><span style=\"font-size:14.0pt\">Anvisa discute a&ccedil;&otilde;es para otimizar o processo de regulamenta&ccedil;&atilde;o de dispositivos m&eacute;dicos<\/span><\/a><\/span><\/span><\/span><\/p>\r\n\r\n<p style=\"text-align:justify\"><span style=\"font-size:11pt\"><span style=\"line-height:normal\"><span style=\"font-family:Calibri,sans-serif\"><a href=\"https:\/\/www.gov.br\/ans\/pt-br\/assuntos\/noticias\/sobre-ans\/ans-lanca-manual-sobre-metodologia-do-monitoramento-do-programa-de-qualidade-hospitalar\" style=\"color:blue; text-decoration:underline\"><span style=\"font-size:14.0pt\">ANS lan&ccedil;a manual sobre metodologia do monitoramento do Programa de Qualidade Hospitalar<\/span><\/a><\/span><\/span><\/span><\/p>\r\n\r\n<p style=\"text-align:justify\"><span style=\"font-size:11pt\"><span style=\"line-height:normal\"><span style=\"font-family:Calibri,sans-serif\"><a href=\"https:\/\/www.anahp.com.br\/publicacoes\/observatorio-anahp-2024\/?utm_campaign=lancamento_observatorio_2024_-_download&amp;utm_medium=email&amp;utm_source=RD+Station\" style=\"color:blue; text-decoration:underline\"><span style=\"font-size:14.0pt\">Observat&oacute;rio Anahp 2024<\/span><\/a><\/span><\/span><\/span><\/p>\r\n\r\n<p style=\"text-align:justify\"><span style=\"font-size:28pt\"><span style=\"font-family:Cambria,serif\"><span style=\"letter-spacing:-0.5pt\"><b><span style=\"font-size:18.0pt\"><span style=\"font-family:&quot;Calibri&quot;,sans-serif\"><span style=\"font-variant:small-caps\">Ind&uacute;stria<\/span><\/span><\/span><\/b><\/span><\/span><\/span><\/p>\r\n\r\n<p style=\"text-align:justify\"><span style=\"font-size:11pt\"><span style=\"line-height:normal\"><span style=\"font-family:Calibri,sans-serif\"><a href=\"https:\/\/www.revistaplasticosul.com.br\/industria-4-0\/dia-da-industria-e-celebracao-do-plastico-em-diversos-setores\/\" style=\"color:blue; text-decoration:underline\"><span style=\"font-size:14.0pt\">Dia da Ind&uacute;stria: Celebrando a import&acirc;ncia do pl&aacute;stico na inova&ccedil;&atilde;o em diversos setores<\/span><\/a><\/span><\/span><\/span><\/p>\r\n\r\n<p style=\"text-align:justify\"><span style=\"font-size:11pt\"><span style=\"line-height:normal\"><span style=\"font-family:Calibri,sans-serif\"><a href=\"https:\/\/apexbrasil.com.br\/br\/pt\/conteudo\/noticias\/participacao-inedita-na-npe-amplia-negocios-e-fortalece-imagem-d.html\" style=\"color:blue; text-decoration:underline\"><span style=\"font-size:14.0pt\">Participa&ccedil;&atilde;o in&eacute;dita na NPE amplia neg&oacute;cios e fortalece imagem da ind&uacute;stria brasileira na maior feira do setor pl&aacute;stico dos EUA<\/span><\/a><\/span><\/span><\/span><\/p>\r\n\r\n<p style=\"text-align:justify\"><span style=\"font-size:11pt\"><span style=\"line-height:normal\"><span style=\"font-family:Calibri,sans-serif\"><a href=\"https:\/\/portalibre.fgv.br\/noticias\/confianca-da-industria-sobe-12-ponto-em-maio\" style=\"color:blue; text-decoration:underline\"><span style=\"font-size:14.0pt\">Confian&ccedil;a da Ind&uacute;stria sobe 1,2 ponto em maio<\/span><\/a><\/span><\/span><\/span><\/p>\r\n\r\n<p style=\"text-align:justify\"><span style=\"font-size:11pt\"><span style=\"line-height:normal\"><span style=\"font-family:Calibri,sans-serif\"><a href=\"https:\/\/portalibre.fgv.br\/noticias\/confianca-do-construcao-volta-subir-apos-dois-meses-seguidos-de-queda\" style=\"color:blue; text-decoration:underline\"><span style=\"font-size:14.0pt\">Confian&ccedil;a do Constru&ccedil;&atilde;o volta a subir ap&oacute;s dois meses seguidos de queda<\/span><\/a><\/span><\/span><\/span><\/p>\r\n\r\n<p style=\"text-align:justify\"><span style=\"font-size:11pt\"><span style=\"line-height:normal\"><span style=\"font-family:Calibri,sans-serif\"><a href=\"https:\/\/www.agrolink.com.br\/noticias\/lula-se-reune-com-representantes-da-industria-quimica_491504.html\" style=\"color:blue; text-decoration:underline\"><span style=\"font-size:14.0pt\">Lula se re&uacute;ne com representantes da ind&uacute;stria qu&iacute;mica<\/span><\/a><\/span><\/span><\/span><\/p>\r\n\r\n<p style=\"text-align:justify\"><span style=\"font-size:11pt\"><span style=\"line-height:normal\"><span style=\"font-family:Calibri,sans-serif\"><a href=\"https:\/\/www.nonwovens-industry.com\/contents\/view_breaking-news\/2024-05-23\/dupont-to-split-into-three-companies\/15303\" style=\"color:blue; text-decoration:underline\"><span lang=\"EN-US\" style=\"font-size:14.0pt\">DuPont to Split into Three Companies<\/span><\/a><\/span><\/span><\/span><\/p>\r\n\r\n<p style=\"text-align:justify\"><span style=\"font-size:28pt\"><span style=\"font-family:Cambria,serif\"><span style=\"letter-spacing:-0.5pt\"><b><span style=\"font-size:18.0pt\"><span style=\"font-family:&quot;Calibri&quot;,sans-serif\"><span style=\"font-variant:small-caps\">Sustentabilidade<\/span><\/span><\/span><\/b><\/span><\/span><\/span><\/p>\r\n\r\n<p style=\"text-align:justify\"><span style=\"font-size:11pt\"><span style=\"line-height:normal\"><span style=\"font-family:Calibri,sans-serif\"><a href=\"https:\/\/www.saudebusiness.com\/eventos\/sustentabilidade-na-saude-e-destaque-na-hospitalar-2024?utm_campaign=BRZ24HPR-AK-V26%20SEGUNDO%20DIA&amp;utm_emailname=BRZ24HPR-AK-V26%20COBERTURA%20DIA%202&amp;utm_medium=email&amp;utm_source=eloqua&amp;utm_MDMContactID=2bb3d23c-a32f-4218-88d5-29f7fb45caee&amp;utm_campaigntype=Newsletter&amp;eM=50c7dfe42c38ea8f10539f0a167fc763253059e495554a32db7a57f8f237ec4c&amp;eventSeriesCode=ES_HOSPITALAR&amp;eventEditionCode=BRZ23HPR&amp;sessionCode=S_HSPTLRNWSLTR&amp;sp_eh=50c7dfe42c38ea8f10539f0a167fc763253059e495554a32db7a57f8f237ec4c\" style=\"color:blue; text-decoration:underline\"><span style=\"font-size:14.0pt\">Sustentabilidade na sa&uacute;de &eacute; destaque na Hospitalar 2024<\/span><\/a><\/span><\/span><\/span><\/p>\r\n\r\n<p style=\"text-align:justify\"><span style=\"font-size:11pt\"><span style=\"line-height:normal\"><span style=\"font-family:Calibri,sans-serif\"><a href=\"https:\/\/sot.inf.br\/noticia\/38707\/mais-de-84-milhoes-de-filtros-usados-do-oleo-lubrificante-automotivo-sao-reciclados-no-parana\" style=\"color:blue; text-decoration:underline\"><span style=\"font-size:14.0pt\">Mais de 8,4 milh&otilde;es de filtros usados do &oacute;leo lubrificante automotivo s&atilde;o reciclados no Paran&aacute;<\/span><\/a><\/span><\/span><\/span><\/p>\r\n\r\n<p style=\"text-align:justify\"><span style=\"font-size:11pt\"><span style=\"line-height:normal\"><span style=\"font-family:Calibri,sans-serif\"><a href=\"https:\/\/www.meiofiltrante.com.br\/Noticia\/124379\/tres-formas-de-reduzir-a-pegada-de-carbono-do-mercado-de-plastico\" style=\"color:blue; text-decoration:underline\"><span style=\"font-size:14.0pt\">Tr&ecirc;s formas de reduzir a pegada de carbono do mercado de pl&aacute;stico<\/span><\/a><\/span><\/span><\/span><\/p>\r\n\r\n<p style=\"text-align:justify\"><span style=\"font-size:28pt\"><span style=\"font-family:Cambria,serif\"><span style=\"letter-spacing:-0.5pt\"><b><span style=\"font-size:18.0pt\"><span style=\"font-family:&quot;Calibri&quot;,sans-serif\"><span style=\"font-variant:small-caps\">Inova&ccedil;&atilde;o<\/span><\/span><\/span><\/b><\/span><\/span><\/span><\/p>\r\n\r\n<p style=\"text-align:justify\"><span style=\"font-size:11pt\"><span style=\"line-height:normal\"><span style=\"font-family:Calibri,sans-serif\"><a href=\"https:\/\/tribunadonorte.com\/noticias\/cidades\/utfpr-de-apucarana-vai-instalar-1-centro-de-inovacao-textil-do-parana-868218\" style=\"color:blue; text-decoration:underline\"><span style=\"font-size:14.0pt\">UTFPR de Apucarana vai instalar 1&ordm; centro de inova&ccedil;&atilde;o t&ecirc;xtil do Paran&aacute;<\/span><\/a><\/span><\/span><\/span><\/p>\r\n\r\n<p style=\"text-align:justify\"><span style=\"font-size:11pt\"><span style=\"line-height:normal\"><span style=\"font-family:Calibri,sans-serif\"><a href=\"https:\/\/www.revistaplasticosul.com.br\/materias-primas\/plastiweber-lanca-resina-produzida-com-residuos-plasticos\/\" style=\"color:blue; text-decoration:underline\"><span style=\"font-size:14.0pt\">Plastiweber lan&ccedil;a resina produzida com res&iacute;duos pl&aacute;sticos oriundos de regi&otilde;es costeiras<\/span><\/a><\/span><\/span><\/span><\/p>\r\n\r\n<p style=\"text-align:justify\"><span style=\"font-size:28pt\"><span style=\"font-family:Cambria,serif\"><span style=\"letter-spacing:-0.5pt\"><b><span style=\"font-size:18.0pt\"><span style=\"font-family:&quot;Calibri&quot;,sans-serif\"><span style=\"font-variant:small-caps\">Com&eacute;rcio Exterior<\/span><\/span><\/span><\/b><\/span><\/span><\/span><\/p>\r\n\r\n<p style=\"text-align:justify\"><span style=\"font-size:11pt\"><span style=\"line-height:normal\"><span style=\"font-family:Calibri,sans-serif\"><a href=\"https:\/\/anba.com.br\/exportacoes-de-calcados-aos-arabes-tem-recuo\/\" style=\"color:blue; text-decoration:underline\"><span style=\"font-size:14.0pt\">Exporta&ccedil;&otilde;es de cal&ccedil;ados aos &aacute;rabes t&ecirc;m recuo<\/span><\/a><\/span><\/span><\/span><\/p>\r\n\r\n<p style=\"text-align:justify\"><span style=\"font-size:11pt\"><span style=\"line-height:normal\"><span style=\"font-family:Calibri,sans-serif\"><a href=\"https:\/\/ibre.fgv.br\/blog-da-conjuntura-economica\/artigos\/queda-da-participacao-argentina-nas-exportacoes-brasileiras\" style=\"color:blue; text-decoration:underline\"><span style=\"font-size:14.0pt\">A queda da participa&ccedil;&atilde;o argentina nas exporta&ccedil;&otilde;es brasileiras<\/span><\/a><\/span><\/span><\/span><\/p>\r\n\r\n<p style=\"text-align:justify\"><span style=\"font-size:11pt\"><span style=\"line-height:normal\"><span style=\"font-family:Calibri,sans-serif\"><a href=\"https:\/\/static.portaldaindustria.com.br\/media\/filer_public\/eb\/19\/eb195980-9717-4100-b645-27a5a733c4a5\/relatorio_barreiras_comerciais_2024.pdf\" style=\"color:blue; text-decoration:underline\"><span style=\"font-size:14.0pt\">Relat&oacute;rio de Barreiras Comerciais Identificadas pelo Setor Privado Brasileiro &ndash; 2024<\/span><\/a><\/span><\/span><\/span><\/p>\r\n\r\n<p style=\"text-align:justify\"><span style=\"font-size:11pt\"><span style=\"line-height:normal\"><span style=\"font-family:Calibri,sans-serif\"><a href=\"https:\/\/apexbrasil.com.br\/content\/apexbrasil\/br\/pt\/conteudo\/noticias\/Seis-passos-para-exportar-com-sucesso-MEGATRILHA-DIGITAL-DA-EXPORTACAO.html#msdynttrid=z_LMQMn9VL1N169iyF9TtxlV63SXqrC9jDc4BJPoH2Y\" style=\"color:blue; text-decoration:underline\"><span style=\"font-size:14.0pt\">Seis passos para exportar com sucesso: MEGATRILHA DIGITAL DA EXPORTA&Ccedil;&Atilde;O<\/span><\/a><\/span><\/span><\/span><\/p>\r\n\r\n<p style=\"text-align:justify\"><span style=\"font-size:11pt\"><span style=\"line-height:normal\"><span style=\"font-family:Calibri,sans-serif\"><a href=\"https:\/\/apexbrasil.com.br\/content\/apexbrasil\/br\/pt\/conteudo\/noticias\/ApexBrasil-investe-no-design-das-empresas-brasileiras-para-facilitar-exportacao.html\" style=\"color:blue; text-decoration:underline\"><span style=\"font-size:14.0pt\">ApexBrasil investe no design das empresas brasileiras para facilitar exporta&ccedil;&atilde;o<\/span><\/a><\/span><\/span><\/span><\/p>\r\n\r\n<p style=\"text-align:justify\"><span style=\"font-size:28pt\"><span style=\"font-family:Cambria,serif\"><span style=\"letter-spacing:-0.5pt\"><b><span style=\"font-size:18.0pt\"><span style=\"font-family:&quot;Calibri&quot;,sans-serif\"><span style=\"font-variant:small-caps\">Economia<\/span><\/span><\/span><\/b><\/span><\/span><\/span><\/p>\r\n\r\n<p style=\"text-align:justify\"><span style=\"font-size:11pt\"><span style=\"line-height:normal\"><span style=\"font-family:Calibri,sans-serif\"><a href=\"https:\/\/www.bcb.gov.br\/content\/focus\/focus\/R20240524.pdf\" style=\"color:blue; text-decoration:underline\"><span style=\"font-size:14.0pt\">Focus - Relat&oacute;rio de Mercado<\/span><\/a><\/span><\/span><\/span><\/p>\r\n\r\n<p style=\"text-align:justify\"><span style=\"font-size:11pt\"><span style=\"line-height:normal\"><span style=\"font-family:Calibri,sans-serif\"><a href=\"https:\/\/www.moneytimes.com.br\/recado-de-campos-neto-se-o-fiscal-nao-ajudar-a-tarefa-de-controlar-a-inflacao-fica-dificil\/#amp_tf=De%20%251%24s&amp;aoh=17166867874035&amp;csi=0&amp;referrer=https%3A%2F%2Fwww.google.com&amp;ampshare=https%3A%2F%2Fwww.moneytimes.com.br%2Frecado-de-campos-neto-se-o-fiscal-nao-ajudar-a-tarefa-de-controlar-a-inflacao-fica-dificil%2F\" style=\"color:blue; text-decoration:underline\"><span style=\"font-size:14.0pt\">Recado de Campos Neto: Se o fiscal n&atilde;o ajudar, a tarefa de controlar a infla&ccedil;&atilde;o fica dif&iacute;cil<\/span><\/a><\/span><\/span><\/span><\/p>\r\n\r\n<p style=\"text-align:justify\"><span style=\"font-size:11pt\"><span style=\"line-height:normal\"><span style=\"font-family:Calibri,sans-serif\"><a href=\"https:\/\/ibre.fgv.br\/blog-da-conjuntura-economica\/artigos\/boas-e-mas-noticias-sobre-o-mercado-de-trabalho-brasileiro\" style=\"color:blue; text-decoration:underline\"><span style=\"font-size:14.0pt\">Boas e m&aacute;s not&iacute;cias sobre o mercado de trabalho brasileiro<\/span><\/a><\/span><\/span><\/span><\/p>\r\n\r\n<p style=\"text-align:justify\">&nbsp;<\/p>\r\n\r\n<p style=\"text-align:justify\"><a href=\"https:\/\/portalibre.fgv.br\/system\/files\/2024-05\/monitor-do-pib-fgv-maio-de-2024-ref.-de-marco.pdf\"><img src=\"https:\/\/www.abint.org.br\/assets\/img\/editor\/redes-sociais-abint-ctg-cth_202406041400398QFSSawN2a.jpg\" \/><\/a><\/p>\r\n","texto_en":"","7":"","imagem":"COMP_capa-2024-site-boletim-abint-noticias-semanis_20240604141012gswJWP60gn.jpg","8":"COMP_capa-2024-site-boletim-abint-noticias-semanis_20240604141012gswJWP60gn.jpg","arquivo":"20240528-BOLETIM-ABINT-DE-NOTICIAS-SEMANAIS.PDF","9":"20240528-BOLETIM-ABINT-DE-NOTICIAS-SEMANAIS.PDF","titulo_arquivo":"20240528 Boletim ABINT de Not\u00edcias Semanais","10":"20240528 Boletim ABINT de Not\u00edcias Semanais","titulo_arquivo_en":"","11":"","created_at":"2024-06-04 14:10:19","12":"2024-06-04 14:10:19","updated_at":"2024-06-04 14:10:19","13":"2024-06-04 14:10:19"},{"id":119,"0":119,"ordem":103,"1":103,"data":"2024-05-21","2":"2024-05-21","slug":"boletim-abint-de-noticias-semanais-31","3":"boletim-abint-de-noticias-semanais-31","titulo":"Boletim ABINT de Not\u00edcias Semanais","4":"Boletim ABINT de Not\u00edcias Semanais","titulo_en":"","5":"","texto":"<p style=\"text-align:justify\"><span style=\"font-size:11pt\"><span style=\"line-height:normal\"><span style=\"font-family:Calibri,sans-serif\"><span style=\"font-size:14.0pt\">Esta &eacute; uma compila&ccedil;&atilde;o das not&iacute;cias mais relevantes para o setor, incluindo informa&ccedil;&otilde;es sobre acordos internacionais, economia brasileira, sustentabilidade e mat&eacute;rias primas, al&eacute;m de novidades do setor de N&atilde;otecidos e Tecidos T&eacute;cnicos.<\/span><\/span><\/span><\/span><\/p>\r\n\r\n<p style=\"text-align:justify\"><span style=\"font-size:28pt\"><span style=\"font-family:Cambria,serif\"><span style=\"letter-spacing:-0.5pt\"><b><span style=\"font-size:18.0pt\"><span style=\"font-family:&quot;Calibri&quot;,sans-serif\"><span style=\"font-variant:small-caps\">O que vem por a&iacute;<\/span><\/span><\/span><\/b><\/span><\/span><\/span><\/p>\r\n\r\n<p style=\"text-align:justify\"><span style=\"font-size:28pt\"><span style=\"font-family:Cambria,serif\"><span style=\"letter-spacing:-0.5pt\"><b><span style=\"font-size:18.0pt\"><span style=\"font-family:&quot;Calibri&quot;,sans-serif\"><span style=\"font-variant:small-caps\"><img src=\"https:\/\/www.abint.org.br\/assets\/img\/editor\/abint-logo-2020-g_20240604135223lEm0hBsUr4.png\" style=\"width: 300px; height: 69px;\" \/><\/span><\/span><\/span><\/b><\/span><\/span><\/span><\/p>\r\n\r\n<p style=\"text-align:justify\"><span style=\"font-size:28pt\"><span style=\"font-family:Cambria,serif\"><span style=\"letter-spacing:-0.5pt\"><b><span style=\"font-size:18.0pt\"><span style=\"font-family:&quot;Calibri&quot;,sans-serif\"><span style=\"font-variant:small-caps\"><img src=\"https:\/\/www.abint.org.br\/assets\/img\/editor\/post-quadrado-curso-naotecido_20240604135259xvL9JcaIOi.jpg\" style=\"width: 500px; height: 500px;\" \/><\/span><\/span><\/span><\/b><\/span><\/span><\/span><\/p>\r\n\r\n<p style=\"text-align:justify\">&nbsp;<\/p>\r\n\r\n<p style=\"text-align:justify\"><span style=\"font-size:11pt\"><span style=\"line-height:normal\"><span style=\"font-family:Calibri,sans-serif\"><a href=\"https:\/\/forms.office.com\/r\/5DrqtK5n3Y\" style=\"color:blue; text-decoration:underline\"><span style=\"font-size:14.0pt\">Informa&ccedil;&otilde;es e inscri&ccedil;&otilde;es<\/span><\/a><\/span><\/span><\/span><\/p>\r\n\r\n<p style=\"text-align:justify\">&nbsp;<\/p>\r\n\r\n<p style=\"text-align:justify\"><span style=\"font-size:11pt\"><span style=\"line-height:normal\"><span style=\"font-family:Calibri,sans-serif\"><span style=\"font-size:14.0pt\"><img src=\"https:\/\/www.abint.org.br\/assets\/img\/editor\/logo-ctg-abint-png_2024060413534052r0NrfZqt.png\" style=\"width: 300px; height: 55px;\" \/><\/span><\/span><\/span><\/span><\/p>\r\n\r\n<p style=\"text-align:justify\"><span style=\"font-size:11pt\"><span style=\"line-height:normal\"><span style=\"font-family:Calibri,sans-serif\"><span style=\"font-size:14.0pt\"><img src=\"https:\/\/www.abint.org.br\/assets\/img\/editor\/20240528-live-ctg-instagram-gabriel_20240604135407vaelarnoFc.jpeg\" style=\"width: 500px; height: 500px;\" \/><\/span><\/span><\/span><\/span><\/p>\r\n\r\n<p style=\"text-align:justify\">&nbsp;<\/p>\r\n\r\n<p style=\"text-align:justify\"><span style=\"font-size:11pt\"><span style=\"line-height:normal\"><span style=\"font-family:Calibri,sans-serif\"><span style=\"font-size:14.0pt\"><img src=\"https:\/\/www.abint.org.br\/assets\/img\/editor\/20240924-cobramseg-2024_20240604135452RvR0cfbBDA.png\" \/><\/span><\/span><\/span><\/span><\/p>\r\n\r\n<p style=\"text-align:justify\">&nbsp;<\/p>\r\n\r\n<p style=\"text-align:justify\"><span style=\"font-size:11pt\"><span style=\"line-height:normal\"><span style=\"font-family:Calibri,sans-serif\"><b><span style=\"font-size:14.0pt\">O CTG ABINT &eacute; um dos patrocinadores da 21&ordf; edi&ccedil;&atilde;o do Cobramseg &ndash; Congresso Brasileiro de Mec&acirc;nica dos Solos e Engenharia Geot&eacute;cnica.<\/span><\/b><\/span><\/span><\/span><\/p>\r\n\r\n<p style=\"text-align:justify\"><span style=\"font-size:11pt\"><span style=\"line-height:normal\"><span style=\"font-family:Calibri,sans-serif\"><span style=\"font-size:14.0pt\">&ldquo;<i>Nos reunimos para celebrar a Mec&acirc;nica dos Solos e das Rochas, da GeoEngenharia! Academia, Ind&uacute;stria e &Oacute;rg&atilde;os Gestores unidos para expor seus avan&ccedil;os t&eacute;cnicos e cient&iacute;ficos. Um ambiente rico e diverso que nos permite debater solu&ccedil;&otilde;es e a&ccedil;&otilde;es de forma a fortalecer nossa comunidade geot&eacute;cnica, visando proporcionar um desenvolvimento mais sustent&aacute;vel e seguro para a nossa sociedade<\/i>.&rdquo; V&iacute;tor Pereira Faro, Presidente do COBRAMSEG 2024<\/span><\/span><\/span><\/span><\/p>\r\n\r\n<p style=\"text-align:justify\"><span style=\"font-size:11pt\"><span style=\"line-height:normal\"><span style=\"font-family:Calibri,sans-serif\"><a href=\"http:\/\/www.cobramseg.com.br\" style=\"color:blue; text-decoration:underline\"><span style=\"font-size:14.0pt\">www.cobramseg.com.br<\/span><\/a> <\/span><\/span><\/span><\/p>\r\n\r\n<p style=\"text-align:justify\">&nbsp;<\/p>\r\n\r\n<p style=\"text-align:justify\"><img src=\"https:\/\/www.abint.org.br\/assets\/img\/editor\/fenasan-2024_202406041355382s1EzlqmSB.jpg\" \/><\/p>\r\n\r\n<p style=\"text-align:justify\"><span style=\"font-size:11pt\"><span style=\"line-height:normal\"><span style=\"font-family:Calibri,sans-serif\"><span style=\"font-size:14.0pt\">O <b>CTG ABINT apoia a Feira Nacional de Saneamento e Meio Ambiente &ndash; Fenasan e do 35&ordm; Encontro T&eacute;cnico AESabesp, que ocorrer&atilde;o de 22 a 24 de outubro de 2024<\/b>, no Pavilh&atilde;o Verde e Vermelho, no Expo Center Norte, em S&atilde;o Paulo. Trata-se do maior evento de saneamento da Am&eacute;rica Latin. A realiza&ccedil;&atilde;o &eacute; da AESabesp &ndash; Associa&ccedil;&atilde;o dos Engenheiros da Sabesp.<\/span><\/span><\/span><\/span><\/p>\r\n\r\n<p style=\"text-align:justify\"><span style=\"font-size:11pt\"><span style=\"line-height:normal\"><span style=\"font-family:Calibri,sans-serif\"><i><span style=\"font-size:14.0pt\">O tema central desta edi&ccedil;&atilde;o &eacute; &ldquo;Saneamento ambiental: condi&ccedil;&atilde;o fundamental para o enfrentamento das mudan&ccedil;as clim&aacute;ticas&rdquo;. Com um p&uacute;blico tradicionalmente de 22 mil visitantes e alinhada aos ODS &ndash; Objetivos de Desenvolvimento Sustent&aacute;vel estabelecidos pela ONU e aos conceitos de ESG, a edi&ccedil;&atilde;o 2024 continuar&aacute; ampliando o di&aacute;logo em torno das quest&otilde;es de saneamento ambiental, meio ambiente e sustentabilidade e promovendo o compartilhamento de conhecimento altamente qualificado.<\/span><\/i><\/span><\/span><\/span><\/p>\r\n\r\n<p style=\"text-align:justify\"><span style=\"font-size:11pt\"><span style=\"line-height:normal\"><span style=\"font-family:Calibri,sans-serif\"><a href=\"http:\/\/www.fenasan.com.br\" style=\"color:blue; text-decoration:underline\"><span style=\"font-size:14.0pt\">www.fenasan.com.br<\/span><\/a> <\/span><\/span><\/span><\/p>\r\n\r\n<p style=\"text-align:justify\">&nbsp;<\/p>\r\n\r\n<p style=\"text-align:justify\"><span style=\"font-size:11pt\"><span style=\"line-height:normal\"><span style=\"font-family:Calibri,sans-serif\"><span style=\"font-size:14.0pt\"><img src=\"https:\/\/www.abint.org.br\/assets\/img\/editor\/cth-logo-alta-png-2_20240604135615UBDpZbhU7w.png\" style=\"width: 300px; height: 68px;\" \/><\/span><\/span><\/span><\/span><\/p>\r\n\r\n<p style=\"text-align:justify\"><img src=\"https:\/\/www.abint.org.br\/assets\/img\/editor\/hospitalmed-2024-logo_202406041356372pzOiotRes.png\" style=\"width: 500px; height: 448px;\" \/><\/p>\r\n\r\n<p style=\"text-align:justify\"><span style=\"font-size:11pt\"><span style=\"line-height:normal\"><span style=\"font-family:Calibri,sans-serif\"><b><span style=\"font-size:12.0pt\">O CTH ABINT &eacute; um dos patrocinadores da HospitalMed 2024.<\/span><\/b><\/span><\/span><\/span><\/p>\r\n\r\n<p style=\"text-align:justify\"><span style=\"font-size:11pt\"><span style=\"line-height:normal\"><span style=\"font-family:Calibri,sans-serif\"><span style=\"font-size:12.0pt\">&ldquo;<i>A melhor e Mais Completa Feira de Sa&uacute;de do Norte\/Nordeste<\/i>&rdquo;, &eacute; uma realiza&ccedil;&atilde;o da HospitalMed Feiras &amp; Eventos e da Insight Feiras de Neg&oacute;cios.<\/span><\/span><\/span><\/span><\/p>\r\n\r\n<p style=\"text-align:justify\"><span style=\"font-size:11pt\"><span style=\"line-height:normal\"><span style=\"font-family:Calibri,sans-serif\"><i><span style=\"font-size:12.0pt\">&ldquo;O <b>re&uacute;ne toda a cadeia produtiva do setor de sa&uacute;de das regi&otilde;es Norte\/Nordeste<\/b>. &Eacute; o grande encontro de fornecedores de Produtos, Equipamentos, Servi&ccedil;os, Tecnologia e Conte&uacute;do para Hospitais, Laborat&oacute;rios, Farm&aacute;cias, Cl&iacute;nicas, Consult&oacute;rios e Profissionais da Sa&uacute;de&rdquo;.<\/span><\/i><\/span><\/span><\/span><\/p>\r\n\r\n<p style=\"text-align:justify\"><span style=\"font-size:11pt\"><span style=\"line-height:normal\"><span style=\"font-family:Calibri,sans-serif\"><a href=\"http:\/\/www.hospitalmed.com.br\" style=\"color:blue; text-decoration:underline\"><span style=\"font-size:14.0pt\">www.hospitalmed.com.br<\/span><\/a> <\/span><\/span><\/span><\/p>\r\n\r\n<p class=\"MsoTitle\" style=\"text-align:justify\"><span style=\"font-size:28pt\"><span style=\"font-family:Cambria,serif\"><span style=\"letter-spacing:-0.5pt\"><b><span style=\"font-size:18.0pt\"><span style=\"font-family:&quot;Calibri&quot;,sans-serif\"><span style=\"font-variant:small-caps\">Not&iacute;cias das Associadas<\/span><\/span><\/span><\/b><\/span><\/span><\/span><\/p>\r\n\r\n<p style=\"text-align:justify\"><span style=\"font-size:11pt\"><span style=\"line-height:normal\"><span style=\"font-family:Calibri,sans-serif\"><a href=\"https:\/\/www.innovationintextiles.com\/nonwovens\/taiwan-showcase-of-new-nonwoven-technologies\/\" style=\"color:blue; text-decoration:underline\"><span lang=\"EN-US\" style=\"font-size:14.0pt\">Andritz | Taiwan showcase of new nonwoven technologies<\/span><\/a><\/span><\/span><\/span><\/p>\r\n\r\n<p style=\"text-align:justify\">&nbsp;<\/p>\r\n\r\n<p style=\"text-align:justify\"><span style=\"font-size:11pt\"><span style=\"line-height:normal\"><span style=\"font-family:Calibri,sans-serif\"><b><span lang=\"EN-US\" style=\"font-size:18.0pt\"><span style=\"font-variant:small-caps\">Eventos<\/span><\/span><\/b><\/span><\/span><\/span><\/p>\r\n\r\n<p style=\"text-align:justify\"><span style=\"font-size:11pt\"><span style=\"line-height:normal\"><span style=\"font-family:Calibri,sans-serif\"><b><span style=\"font-size:14.0pt\">3&ordm; F&oacute;rum de Economia Circular<\/span><\/b><span style=\"font-size:14.0pt\">, 22 e 23 de maio de 2024, evento h&iacute;brido, Tri Hotel, Gramado\/ Canela, RS. <\/span><a href=\"https:\/\/www.sympla.com.br\/evento\/3-forum-de-economia-circular\/2376041\" style=\"color:blue; text-decoration:underline\"><span style=\"font-size:14.0pt\">Informa&ccedil;&otilde;es e inscri&ccedil;&otilde;es aqui<\/span><\/a> <\/span><\/span><\/span><\/p>\r\n\r\n<p style=\"text-align:justify\"><span style=\"font-size:11pt\"><span style=\"line-height:normal\"><span style=\"font-family:Calibri,sans-serif\"><b><span lang=\"EN-US\" style=\"font-size:14.0pt\">ANEX 2024 | Asia Nonwoven Exhibition and Conference<\/span><\/b><span lang=\"EN-US\" style=\"font-size:14.0pt\">, 22-24 May 2024, Taipei Nangang Exhibition Center, Hall 1. <\/span><a href=\"https:\/\/www.anex2024.com\/\" style=\"color:blue; text-decoration:underline\"><span lang=\"EN-US\" style=\"font-size:14.0pt\">Information here<\/span><\/a> <\/span><\/span><\/span><\/p>\r\n\r\n<p style=\"text-align:justify\"><img src=\"https:\/\/www.abint.org.br\/assets\/img\/editor\/abtt-academy-curso-compras-texteis-hospitalares_20240604135954xriEyS8abD.jpg\" style=\"width: 500px; height: 500px;\" \/><\/p>\r\n\r\n<p style=\"text-align:justify\"><span style=\"font-size:11pt\"><span style=\"line-height:normal\"><span style=\"font-family:Calibri,sans-serif\"><a href=\"https:\/\/docs.google.com\/forms\/d\/e\/1FAIpQLSeG7zdl8xZpguBFbIdqyMS61mxfjvFjKOQ3EUqnWgC1RUcAug\/viewform\" style=\"color:blue; text-decoration:underline\"><span style=\"font-size:14.0pt\">Informa&ccedil;&otilde;es e inscri&ccedil;&otilde;es<\/span><\/a><\/span><\/span><\/span><\/p>\r\n\r\n<p style=\"text-align:justify\"><span style=\"font-size:11pt\"><span style=\"line-height:normal\"><span style=\"font-family:Calibri,sans-serif\"><b><span style=\"font-size:14.0pt\">FGV IBRE | X Semin&aacute;rio Anual de Pol&iacute;tica Monet&aacute;ria<\/span><\/b><span style=\"font-size:14.0pt\">, 24 de maio de 2024, presencial, Centro Cultural FGV, 190 - Praia de Botafogo. <\/span><a href=\"https:\/\/evento.fgv.br\/xseminarioanual_ibre2405\/\" style=\"color:blue; text-decoration:underline\"><span lang=\"EN-US\" style=\"font-size:14.0pt\">Informa&ccedil;&otilde;es aqui<\/span><\/a><\/span><\/span><\/span><\/p>\r\n\r\n<p style=\"text-align:justify\"><span style=\"font-size:11pt\"><span style=\"line-height:normal\"><span style=\"font-family:Calibri,sans-serif\"><b><span style=\"font-size:14.0pt\">FGV IISR | Webinar: Desdobramentos da Reforma Tribut&aacute;ria no Setor de Seguros e Resseguros<\/span><\/b><span style=\"font-size:14.0pt\">, 28 de maio de 2024, 10h00, transmiss&atilde;o via Zoom. <\/span><a href=\"https:\/\/evento.fgv.br\/desdobramentos\/\" style=\"color:blue; text-decoration:underline\"><span style=\"font-size:14.0pt\">Inscri&ccedil;&otilde;es e informa&ccedil;&otilde;es aqui<\/span><\/a><\/span><\/span><\/span><\/p>\r\n\r\n<p style=\"text-align:justify\"><span style=\"font-size:11pt\"><span style=\"line-height:normal\"><span style=\"font-family:Calibri,sans-serif\"><b><span lang=\"EN-US\" style=\"font-size:14.0pt\">The EDANA Innovation Forum<\/span><\/b><span class=\"MsoHyperlink\" style=\"color:blue\"><span style=\"text-decoration:underline\"><span lang=\"EN-US\" style=\"font-size:14.0pt\"><span style=\"text-decoration:none\"><span style=\"text-underline:none\">, <\/span><\/span><\/span><\/span><\/span><span lang=\"EN-US\" style=\"font-size:14.0pt\">04 - 06 June 2024, Munich<\/span><span class=\"MsoHyperlink\" style=\"color:blue\"><span style=\"text-decoration:underline\"><span lang=\"EN-US\" style=\"font-size:14.0pt\"><span style=\"text-decoration:none\"><span style=\"text-underline:none\">. <\/span><\/span><\/span><\/span><\/span><a href=\"https:\/\/www.edana.org\/events\/edana-innovation-forum-?ct=t(MENA_2018_call_for_papers6_28_2017_COPY_01)&amp;mc_cid=27efeab42f&amp;mc_eid=08e0eae351\" style=\"color:blue; text-decoration:underline\"><span lang=\"EN-US\" style=\"font-size:14.0pt\">Information here<\/span><\/a><\/span><\/span><\/span><\/p>\r\n\r\n<p style=\"text-align:justify\"><span style=\"font-size:11pt\"><span style=\"line-height:normal\"><span style=\"font-family:Calibri,sans-serif\"><b><span lang=\"EN-US\" style=\"font-size:14.0pt\">HIGITEX 2024 | International Technical Textiles &amp; Nonwoven Exhibition<\/span><\/b><span lang=\"EN-US\" style=\"font-size:14.0pt\">, 4-8 June 2024, T&uuml;yap Fair Convention and Congress Center, T&uuml;rkiye. <\/span><a href=\"https:\/\/www.hightex.com.tr\/\" style=\"color:blue; text-decoration:underline\"><span style=\"font-size:14.0pt\">Information here<\/span><\/a> <\/span><\/span><\/span><\/p>\r\n\r\n<p style=\"text-align:justify\"><span style=\"font-size:11pt\"><span style=\"line-height:normal\"><span style=\"font-family:Calibri,sans-serif\"><b><span style=\"font-size:14.0pt\">Workshop | Plano de gerenciamento de res&iacute;duos s&oacute;lidos<\/span><\/b><span style=\"font-size:14.0pt\">, 06 de junho de 2024, evento online. <\/span><a href=\"https:\/\/app.rdstation.email\/mail\/5893d5d3-c08f-4bed-9b26-b4e2f8e26d87?utm_campaign=workshop_residuos_solidos&amp;utm_medium=email&amp;utm_source=RD+Station\" style=\"color:blue; text-decoration:underline\"><span style=\"font-size:14.0pt\">Inscri&ccedil;&otilde;es e informa&ccedil;&otilde;es aqui<\/span><\/a><\/span><\/span><\/span><\/p>\r\n\r\n<p style=\"text-align:justify\"><span style=\"font-size:11pt\"><span style=\"line-height:normal\"><span style=\"font-family:Calibri,sans-serif\"><b><span style=\"font-size:14.0pt\">Abrava | Economia Circular em AVACR: Oportunidade e Ganhos!<\/span><\/b><span style=\"font-size:14.0pt\">, 06 de junho, das 18h00 &agrave;s 20h45, evento h&iacute;brido. <\/span><a href=\"https:\/\/www.sympla.com.br\/evento\/evento-em-comemoracao-ao-meio-ambiente-presencial-e-online\/2465555?utm_campaign=economia_circular_-_abrava&amp;utm_medium=email&amp;utm_source=RD+Station\" style=\"color:blue; text-decoration:underline\"><span style=\"font-size:14.0pt\">Informa&ccedil;&otilde;es e inscri&ccedil;&otilde;es<\/span><\/a><\/span><\/span><\/span><\/p>\r\n\r\n<p style=\"text-align:justify\"><span style=\"font-size:11pt\"><span style=\"line-height:normal\"><span style=\"font-family:Calibri,sans-serif\"><b><span style=\"font-size:14.0pt\">AESabesp | O Mega Desafio Trazido Pela Nova Lei de Licita&ccedil;&otilde;es e Contratos - Lei 14133\/2021, <\/span><\/b><span style=\"font-size:14.0pt\">17 a 19 de junho de 2024, das 08h &agrave;s 17h, na sede da AESabesp, em S&atilde;o Paulo. <\/span><a href=\"https:\/\/send.neopixdmi.com\/index.php\/campaigns\/bt5255bhowca7\/web-version\/mh045xn88n9c0\" style=\"color:blue; text-decoration:underline\"><span style=\"font-size:14.0pt\">Informa&ccedil;&otilde;es e inscri&ccedil;&otilde;es aqui<\/span><\/a><\/span><\/span><\/span><\/p>\r\n\r\n<p style=\"text-align:justify\"><span style=\"font-size:11pt\"><span style=\"line-height:normal\"><span style=\"font-family:Calibri,sans-serif\"><b><span style=\"font-size:14.0pt\">IHI 2024 - 9&ordm; F&oacute;rum Latino-Americano de Qualidade e Seguran&ccedil;a na Sa&uacute;de<\/span><\/b><span style=\"font-size:14.0pt\">, 09 a 11 de julho de 2024, evento h&iacute;brido, Centro de Ensino e Pesquisa Albert Einstein, Campus Cec&iacute;lia e Abram Szajman, Rua Comendador Elias Jafet, 755, Morumbi, S&atilde;o Paulo\/SP. <\/span><a href=\"http:\/\/www.ihi.ensinoeinstein.com\/\" style=\"color:blue; text-decoration:underline\"><span style=\"font-size:14.0pt\">www.ihi.ensinoeinstein.com<\/span><\/a><span style=\"font-size:14.0pt\"> <\/span><\/span><\/span><\/span><\/p>\r\n\r\n<p style=\"text-align:justify\"><span style=\"font-size:11pt\"><span style=\"line-height:normal\"><span style=\"font-family:Calibri,sans-serif\"><b><span style=\"font-size:14.0pt\">Constru Nordeste<\/span><\/b><span style=\"font-size:14.0pt\">, 31 de julho a 02 de agosto de 2024, Centro de Conven&ccedil;&otilde;es Salvador, Bahia. <\/span><a href=\"http:\/\/www.construnordeste.com.br\" style=\"color:blue; text-decoration:underline\"><span style=\"font-size:14.0pt\">www.construnordeste.com.br<\/span><\/a> <\/span><\/span><\/span><\/p>\r\n\r\n<p style=\"text-align:justify\"><span style=\"font-size:11pt\"><span style=\"line-height:normal\"><span style=\"font-family:Calibri,sans-serif\"><b><span style=\"font-size:14.0pt\">FEIPLAR COMPOSITES &amp; FEIPUR &ndash; Feira e Congresso Internacionais de Composites, Poliuretano, Pl&aacute;sticos de Engenharia e Compostos Termopl&aacute;sticos<\/span><\/b><span style=\"font-size:14.0pt\">, 20 a 22 de agosto de 2024, S&atilde;o Paulo Expo (Pavilh&atilde;o 5), palestras: das 8h30 &agrave;s 18h, feira: das 13h &agrave;s 20h.<b> <\/b><\/span><a href=\"http:\/\/www.feiplar.com\" style=\"color:blue; text-decoration:underline\"><span style=\"font-size:14.0pt\">www.feiplar.com<\/span><\/a> <\/span><\/span><\/span><\/p>\r\n\r\n<p style=\"text-align:justify\"><span style=\"font-size:11pt\"><span style=\"line-height:normal\"><span style=\"font-family:Calibri,sans-serif\"><b><span lang=\"EN-US\" style=\"font-size:14.0pt\">Techtextil North America 2024<\/span><\/b><span lang=\"EN-US\" style=\"font-size:14.0pt\">, August 20 &ndash; 24, Raleigh, North Carolina.<\/span><\/span><\/span><\/span><\/p>\r\n\r\n<p style=\"text-align:justify\"><span style=\"font-size:11pt\"><span style=\"line-height:normal\"><span style=\"font-family:Calibri,sans-serif\"><a href=\"http:\/\/www.techtextil-north-america.us.messefrankfurt.com\" style=\"color:blue; text-decoration:underline\"><span lang=\"EN-US\" style=\"font-size:14.0pt\">www.techtextil-north-america.us.messefrankfurt.com<\/span><\/a> <\/span><\/span><\/span><\/p>\r\n\r\n<p style=\"text-align:justify\"><span style=\"font-size:11pt\"><span style=\"line-height:normal\"><span style=\"font-family:Calibri,sans-serif\"><b><span style=\"font-size:14.0pt\">Fenasan 2024 &ndash; Feira Nacional de Saneamento e Meio Ambiente<\/span><\/b><span style=\"font-size:14.0pt\">, 22 a 24 de outubro de 2024, Pavilh&otilde;es Verde e Vermelho, Expo Center Norte, S&atilde;o Paulo SP. <\/span><a href=\"http:\/\/www.fenasan.com.br\" style=\"color:blue; text-decoration:underline\"><span style=\"font-size:14.0pt\">www.fenasan.com.br<\/span><\/a> <\/span><\/span><\/span><\/p>\r\n\r\n<p style=\"text-align:justify\"><span style=\"font-size:11pt\"><span style=\"line-height:normal\"><span style=\"font-family:Calibri,sans-serif\"><b><span style=\"font-size:14.0pt\">HospitalMed 2024<\/span><\/b><span style=\"font-size:14.0pt\">, 23 a 25 de outubro, das 14h &agrave;s 20h, no Pernambuco Centro de Conven&ccedil;&otilde;es. <\/span><a href=\"http:\/\/www.hospitalmed.com.br\" style=\"color:blue; text-decoration:underline\"><span style=\"font-size:14.0pt\">www.hospitalmed.com.br<\/span><\/a> <\/span><\/span><\/span><\/p>\r\n\r\n<p style=\"text-align:justify\"><span style=\"font-size:11pt\"><span style=\"line-height:normal\"><span style=\"font-family:Calibri,sans-serif\"><b><span style=\"font-size:14.0pt\">Congresso Internacional Abit 2024<\/span><\/b><span style=\"font-size:14.0pt\">, 30 e 31 de outubro, Salvador, Bahia. <\/span><a href=\"http:\/\/www.congressoabit.com.br\" style=\"color:blue; text-decoration:underline\"><span style=\"font-size:14.0pt\">www.congressoabit.com.br<\/span><\/a> <\/span><\/span><\/span><\/p>\r\n\r\n<p style=\"text-align:justify\"><span style=\"font-size:28pt\"><span style=\"font-family:Cambria,serif\"><span style=\"letter-spacing:-0.5pt\"><b><span style=\"font-size:18.0pt\"><span style=\"font-family:&quot;Calibri&quot;,sans-serif\"><span style=\"font-variant:small-caps\">Setor<\/span><\/span><\/span><\/b><\/span><\/span><\/span><\/p>\r\n\r\n<p style=\"text-align:justify\"><span style=\"font-size:11pt\"><span style=\"line-height:normal\"><span style=\"font-family:Calibri,sans-serif\"><a href=\"https:\/\/plasticosemrevista.com.br\/precisamos-de-regras-claras-para-enfrentar-essas-calamidades\/\" style=\"color:blue; text-decoration:underline\"><span style=\"font-size:14.0pt\">&ldquo;Precisamos de regras claras para enfrentar essas calamidades&rdquo;, Edilson Luiz Deitos, vice-presidente do Sinplast<\/span><\/a><\/span><\/span><\/span><\/p>\r\n\r\n<p style=\"text-align:justify\"><span style=\"font-size:11pt\"><span style=\"line-height:normal\"><span style=\"font-family:Calibri,sans-serif\"><a href=\"https:\/\/www.asbeiras.pt\/opiniao-inovacao-e-sustentabilidade-o-desafio-das-fraldas\/\" style=\"color:blue; text-decoration:underline\"><span style=\"font-size:14.0pt\">Opini&atilde;o: Inova&ccedil;&atilde;o e sustentabilidade: o desafio das fraldas<\/span><\/a><\/span><\/span><\/span><\/p>\r\n\r\n<p style=\"text-align:justify\"><span style=\"font-size:11pt\"><span style=\"line-height:normal\"><span style=\"font-family:Calibri,sans-serif\"><a href=\"https:\/\/www.bahianoticias.com.br\/noticia\/292297-prefeitura-entrega-contencao-de-encosta-e-quadra-requalificada-em-sao-marcos\" style=\"color:blue; text-decoration:underline\"><span style=\"font-size:14.0pt\">Geomantas: Prefeitura entrega conten&ccedil;&atilde;o de encosta e quadra requalificada no bairro de&nbsp; S&atilde;o Marcos, em Salvador (BA)<\/span><\/a><\/span><\/span><\/span><\/p>\r\n\r\n<p style=\"text-align:justify\"><span style=\"font-size:11pt\"><span style=\"line-height:normal\"><span style=\"font-family:Calibri,sans-serif\"><a href=\"https:\/\/plasticosemrevista.com.br\/eua-industria-plastica-cresce-embora-pouco\/\" style=\"color:blue; text-decoration:underline\"><span style=\"font-size:14.0pt\">EUA: ind&uacute;stria pl&aacute;stica cresce, embora pouco<\/span><\/a><\/span><\/span><\/span><\/p>\r\n\r\n<p style=\"text-align:justify\"><span style=\"font-size:11pt\"><span style=\"line-height:normal\"><span style=\"font-family:Calibri,sans-serif\"><a href=\"https:\/\/indiantextilejournal.com\/indias-technical-textiles-market-shows-10-growth\/\" style=\"color:blue; text-decoration:underline\"><span lang=\"EN-US\" style=\"font-size:14.0pt\">India&rsquo;s technical textiles market shows 10% growth<\/span><\/a><\/span><\/span><\/span><\/p>\r\n\r\n<p style=\"text-align:justify\"><span style=\"font-size:11pt\"><span style=\"line-height:normal\"><span style=\"font-family:Calibri,sans-serif\"><a href=\"https:\/\/braziljournal.com\/justica-condena-novonor-a-indenizar-braskem-em-mais-de-r-8-bi\/?utm_source=newsletters+epbr&amp;utm_campaign=178834a06a-epbr-comece-seu-dia_20230724_COPY_01&amp;utm_medium=email&amp;utm_term=0_5931171aac-178834a06a-466362780\" style=\"color:blue; text-decoration:underline\"><span style=\"font-size:14.0pt\">Justi&ccedil;a condena Novonor a indenizar Braskem em R$ 8 bilh&otilde;es<\/span><\/a><\/span><\/span><\/span><\/p>\r\n\r\n<p style=\"text-align:justify\"><span style=\"font-size:28pt\"><span style=\"font-family:Cambria,serif\"><span style=\"letter-spacing:-0.5pt\"><b><span style=\"font-size:18.0pt\"><span style=\"font-family:&quot;Calibri&quot;,sans-serif\"><span style=\"font-variant:small-caps\">Ind&uacute;stria<\/span><\/span><\/span><\/b><\/span><\/span><\/span><\/p>\r\n\r\n<p style=\"text-align:justify\"><span style=\"font-size:11pt\"><span style=\"line-height:normal\"><span style=\"font-family:Calibri,sans-serif\"><a href=\"https:\/\/www.balcaoautomotivo.com\/2024\/05\/16\/anfavea-tem-numeros-positivos-de-vendas-e-producao-veicular-no-acumulado-do-ano\/\" style=\"color:blue; text-decoration:underline\"><span style=\"font-size:14.0pt\">Anfavea tem n&uacute;meros positivos de vendas e produ&ccedil;&atilde;o veicular no acumulado do ano<\/span><\/a><\/span><\/span><\/span><\/p>\r\n\r\n<p style=\"text-align:justify\"><span style=\"font-size:11pt\"><span style=\"line-height:normal\"><span style=\"font-family:Calibri,sans-serif\"><a href=\"https:\/\/grandesconstrucoes.com.br\/Noticias\/Exibir\/especialista-aborda-sobre-os-desafios-do-marco-do-saneamento?utm_source=akna&amp;utm_medium=email&amp;utm_campaign=Grandes-Construcoes-Informativo-912-16-05-2024&amp;utm_source=akna&amp;utm_medium=email&amp;utm_campaign=Grandes-Construcoes-Informativo-912-16-05-2024\" style=\"color:blue; text-decoration:underline\"><span style=\"font-size:14.0pt\">Especialista aborda sobre os desafios do Marco do Saneamento<\/span><\/a><\/span><\/span><\/span><\/p>\r\n\r\n<p style=\"text-align:justify\"><span style=\"font-size:11pt\"><span style=\"line-height:normal\"><span style=\"font-family:Calibri,sans-serif\"><a href=\"https:\/\/noticias.portaldaindustria.com.br\/posicionamentos\/cni-apoia-aprovacao-do-projeto-que-cria-a-letra-de-credito-de-desenvolvimento\/\" style=\"color:blue; text-decoration:underline\"><span style=\"font-size:14.0pt\">CNI apoia aprova&ccedil;&atilde;o do projeto que cria a Letra de Cr&eacute;dito de Desenvolvimento<\/span><\/a><\/span><\/span><\/span><\/p>\r\n\r\n<p style=\"text-align:justify\"><span style=\"font-size:11pt\"><span style=\"line-height:normal\"><span style=\"font-family:Calibri,sans-serif\"><a href=\"https:\/\/agenciabrasil.ebc.com.br\/economia\/noticia\/2024-05\/folha-de-pagamento-de-17-setores-sera-reonerada-partir-de-2025\" style=\"color:blue; text-decoration:underline\"><span style=\"font-size:14.0pt\">Folha de pagamento de 17 setores ser&aacute; reonerada a partir de 2025<\/span><\/a><\/span><\/span><\/span><\/p>\r\n\r\n<p style=\"text-align:justify\"><span style=\"font-size:28pt\"><span style=\"font-family:Cambria,serif\"><span style=\"letter-spacing:-0.5pt\"><b><span style=\"font-size:18.0pt\"><span style=\"font-family:&quot;Calibri&quot;,sans-serif\"><span style=\"font-variant:small-caps\">Sustentabilidade<\/span><\/span><\/span><\/b><\/span><\/span><\/span><\/p>\r\n\r\n<p style=\"text-align:justify\"><span style=\"font-size:11pt\"><span style=\"line-height:normal\"><span style=\"font-family:Calibri,sans-serif\"><a href=\"https:\/\/www.tempo.com\/noticias\/ciencia\/24-da-poluicao-plastica-rastreavel-provem-de-5-grandes-empresas-ambiente.html\" style=\"color:blue; text-decoration:underline\"><span style=\"font-size:14.0pt\">24% da polui&ccedil;&atilde;o pl&aacute;stica rastre&aacute;vel prov&eacute;m de 5 grandes empresas<\/span><\/a><\/span><\/span><\/span><\/p>\r\n\r\n<p style=\"text-align:justify\"><span style=\"font-size:11pt\"><span style=\"line-height:normal\"><span style=\"font-family:Calibri,sans-serif\"><a href=\"https:\/\/mundodoplastico.plasticobrasil.com.br\/sustentabilidade\/conheca-novas-aplicacoes-para-o-plastico-reciclado-pos-consumo?utm_campaign=BRZ23MDP-BP-Newsletter55&amp;utm_emailname=BRZ23MDP-BP-Newsletter55&amp;utm_medium=email&amp;utm_source=eloqua&amp;utm_MDMContactID=2bb3d23c-a32f-4218-88d5-29f7fb45caee&amp;utm_campaigntype=Newsletter&amp;eM=50c7dfe42c38ea8f10539f0a167fc763253059e495554a32db7a57f8f237ec4c&amp;eventSeriesCode=ES_MDDPLSDGTL&amp;eventEditionCode=BRA25IPR&amp;sessionCode=S_EXHB&amp;sp_eh=50c7dfe42c38ea8f10539f0a167fc763253059e495554a32db7a57f8f237ec4c\" style=\"color:blue; text-decoration:underline\"><span style=\"font-size:14.0pt\">Conhe&ccedil;a novas aplica&ccedil;&otilde;es para o pl&aacute;stico reciclado p&oacute;s-consumo<\/span><\/a><\/span><\/span><\/span><\/p>\r\n\r\n<p style=\"text-align:justify\"><span style=\"font-size:11pt\"><span style=\"line-height:normal\"><span style=\"font-family:Calibri,sans-serif\"><a href=\"https:\/\/tissueonline.com.br\/essity-brasil-reduz-20-do-material-plastico-usado-em-seus-produtos\/?utm_campaign=newsletter_17052024_novo_modelo&amp;utm_medium=email&amp;utm_source=RD+Station\" style=\"color:blue; text-decoration:underline\"><span style=\"font-size:14.0pt\">Essity Brasil reduz 20% do material pl&aacute;stico usado em seus produtos<\/span><\/a><\/span><\/span><\/span><\/p>\r\n\r\n<p style=\"text-align:justify\"><span style=\"font-size:28pt\"><span style=\"font-family:Cambria,serif\"><span style=\"letter-spacing:-0.5pt\"><b><span style=\"font-size:18.0pt\"><span style=\"font-family:&quot;Calibri&quot;,sans-serif\"><span style=\"font-variant:small-caps\">Inova&ccedil;&atilde;o<\/span><\/span><\/span><\/b><\/span><\/span><\/span><\/p>\r\n\r\n<p style=\"text-align:justify\"><span style=\"font-size:11pt\"><span style=\"line-height:normal\"><span style=\"font-family:Calibri,sans-serif\"><a href=\"https:\/\/umsoplaneta.globo.com\/energia\/noticia\/2024\/05\/18\/pesquisadores-criam-plastico-que-desaparece-apos-perder-utilidade.ghtml\" style=\"color:blue; text-decoration:underline\"><span style=\"font-size:14.0pt\">Pesquisadores criam pl&aacute;stico que &#39;desaparece&#39; ap&oacute;s perder utilidade<\/span><\/a><\/span><\/span><\/span><\/p>\r\n\r\n<p style=\"text-align:justify\"><span style=\"font-size:11pt\"><span style=\"line-height:normal\"><span style=\"font-family:Calibri,sans-serif\"><a href=\"https:\/\/www.linkedin.com\/feed\/update\/urn:li:activity:7187119617847287808\/?utm_campaign=senai_cetiqt__newsletter_isi_-_abril_2024&amp;utm_medium=email&amp;utm_source=RD+Station\" style=\"color:blue; text-decoration:underline\"><span style=\"font-size:14.0pt\">SENAI CETIQT cria ferramenta potencial para o desenvolvimento de projetos de pesquisa e inova&ccedil;&atilde;o<\/span><\/a><\/span><\/span><\/span><\/p>\r\n\r\n<p style=\"text-align:justify\"><span style=\"font-size:11pt\"><span style=\"line-height:normal\"><span style=\"font-family:Calibri,sans-serif\"><a href=\"https:\/\/www.imeche.org\/news\/news-article\/could-mit-s-sound-suppressing-silk-fight-noise-pollution-and-foil-eavesdroppers#:~:text=The%20fabric%2C%20which%20contains%20a,works%20in%20two%20different%20ways.\" style=\"color:blue; text-decoration:underline\"><span lang=\"EN-US\" style=\"font-size:14.0pt\">Could MIT&rsquo;s sound-suppressing silk fight noise pollution &ndash; and foil eavesdroppers?<\/span><\/a><\/span><\/span><\/span><\/p>\r\n\r\n<p style=\"text-align:justify\"><span style=\"font-size:11pt\"><span style=\"line-height:normal\"><span style=\"font-family:Calibri,sans-serif\"><a href=\"https:\/\/www.textiletechnology.net\/technical-textiles\/news\/ncsu-textile-touch-sensor-developed-through-machine-learning-35782#:~:text=Researchers%20at%20the%20NC%20State,the%20realm%20of%20wearable%20electronics.\" style=\"color:blue; text-decoration:underline\"><span lang=\"EN-US\" style=\"font-size:14.0pt\">Textile touch sensor developed by machine learning<\/span><\/a><\/span><\/span><\/span><\/p>\r\n\r\n<p style=\"text-align:justify\"><span style=\"font-size:11pt\"><span style=\"line-height:normal\"><span style=\"font-family:Calibri,sans-serif\"><a href=\"https:\/\/asmetro.org.br\/portalsn\/2024\/03\/02\/inmetro-aplica-linguagem-simples-em-edital-para-atrair-empresas-de-base-tecnologica-a-se-instalar-em-seu-campus-de-laboratorios\/\" style=\"color:blue; text-decoration:underline\"><span style=\"font-size:14.0pt\">Inmetro aplica linguagem simples em edital para atrair empresas de base tecnol&oacute;gica a se instalar em seu campus de laborat&oacute;rios<\/span><\/a><\/span><\/span><\/span><\/p>\r\n\r\n<p style=\"text-align:justify\"><span style=\"font-size:28pt\"><span style=\"font-family:Cambria,serif\"><span style=\"letter-spacing:-0.5pt\"><b><span style=\"font-size:18.0pt\"><span style=\"font-family:&quot;Calibri&quot;,sans-serif\"><span style=\"font-variant:small-caps\">Com&eacute;rcio Exterior<\/span><\/span><\/span><\/b><\/span><\/span><\/span><\/p>\r\n\r\n<p style=\"text-align:justify\"><span style=\"font-size:11pt\"><span style=\"line-height:normal\"><span style=\"font-family:Calibri,sans-serif\"><a href=\"https:\/\/static.portaldaindustria.com.br\/media\/filer_public\/05\/72\/057264df-4e58-42c5-9739-f50f67091ec2\/ex_ipc_24-015_eua_tarifa_china.pdf\" style=\"color:blue; text-decoration:underline\"><span style=\"font-size:14.0pt\">Estados Unidos planejam aumento de tarifas sobre a China<\/span><\/a><\/span><\/span><\/span><\/p>\r\n\r\n<p style=\"text-align:justify\"><span style=\"font-size:11pt\"><span style=\"line-height:normal\"><span style=\"font-family:Calibri,sans-serif\"><a href=\"https:\/\/www.gov.br\/receitafederal\/pt-br\/assuntos\/noticias\/2024\/maio\/operacoes-de-importacao-serao-migradas-para-a-declaracao-unica-de-importacao-duimp-no-portal-unico-de-comercio-exterior\" style=\"color:blue; text-decoration:underline\"><span style=\"font-size:14.0pt\">Opera&ccedil;&otilde;es de importa&ccedil;&atilde;o ser&atilde;o migradas para a Declara&ccedil;&atilde;o &Uacute;nica de Importa&ccedil;&atilde;o (Duimp) no Portal &Uacute;nico de Com&eacute;rcio Exterior<\/span><\/a><\/span><\/span><\/span><\/p>\r\n\r\n<p style=\"text-align:justify\"><span style=\"font-size:11pt\"><span style=\"line-height:normal\"><span style=\"font-family:Calibri,sans-serif\"><a href=\"https:\/\/noticias.portaldaindustria.com.br\/noticias\/internacional\/brasil-exportacao-plataforma-ja-teve-45-mil-acessos-em-seis-meses\/\" style=\"color:blue; text-decoration:underline\"><span style=\"font-size:14.0pt\">Brasil Exporta&ccedil;&atilde;o: plataforma j&aacute; teve 45 mil acessos em seis meses<\/span><\/a><\/span><\/span><\/span><\/p>\r\n\r\n<p style=\"text-align:justify\"><span style=\"font-size:28pt\"><span style=\"font-family:Cambria,serif\"><span style=\"letter-spacing:-0.5pt\"><b><span style=\"font-size:18.0pt\"><span style=\"font-family:&quot;Calibri&quot;,sans-serif\"><span style=\"font-variant:small-caps\">Economia<\/span><\/span><\/span><\/b><\/span><\/span><\/span><\/p>\r\n\r\n<p style=\"text-align:justify\"><span style=\"font-size:11pt\"><span style=\"line-height:normal\"><span style=\"font-family:Calibri,sans-serif\"><a href=\"https:\/\/www.bcb.gov.br\/content\/focus\/focus\/R20240517.pdf\" style=\"color:blue; text-decoration:underline\"><span style=\"font-size:14.0pt\">Focus - Relat&oacute;rio de Mercado<\/span><\/a><\/span><\/span><\/span><\/p>\r\n\r\n<p style=\"text-align:justify\"><span style=\"font-size:11pt\"><span style=\"line-height:normal\"><span style=\"font-family:Calibri,sans-serif\"><a href=\"https:\/\/istoedinheiro.com.br\/ibc-br-economia-cai-em-marco-mas-cresce-108-no-1o-trimestre-aponta-previa-do-pib-do-bc\/\" style=\"color:blue; text-decoration:underline\"><span style=\"font-size:14.0pt\">IBC-Br: Economia cai em mar&ccedil;o, mas cresce 1,08% no 1&ordm; trimestre, aponta &lsquo;pr&eacute;via do PIB&rsquo; do BC<\/span><\/a><\/span><\/span><\/span><\/p>\r\n\r\n<p style=\"text-align:justify\"><span style=\"font-size:11pt\"><span style=\"line-height:normal\"><span style=\"font-family:Calibri,sans-serif\"><a href=\"https:\/\/noticias.portaldaindustria.com.br\/noticias\/economia\/confianca-dos-industriais-avancou-pouco-em-maio-mostra-cni\/\" style=\"color:blue; text-decoration:underline\"><span style=\"font-size:14.0pt\">Confian&ccedil;a dos industriais avan&ccedil;ou pouco em maio, mostra CNI<\/span><\/a><\/span><\/span><\/span><\/p>\r\n\r\n<p style=\"text-align:justify\"><span style=\"font-size:11pt\"><span style=\"line-height:normal\"><span style=\"font-family:Calibri,sans-serif\"><a href=\"https:\/\/portalibre.fgv.br\/system\/files\/2024-05\/monitor-do-pib-fgv-maio-de-2024-ref.-de-marco.pdf\" style=\"color:blue; text-decoration:underline\"><span style=\"font-size:14.0pt\">Monitor do PIB-FGV aponta alta de 0,7% no primeiro trimestre<\/span><\/a><\/span><\/span><\/span><\/p>\r\n\r\n<p style=\"text-align:justify\"><span style=\"font-size:11pt\"><span style=\"line-height:normal\"><span style=\"font-family:Calibri,sans-serif\"><a href=\"https:\/\/portalibre.fgv.br\/system\/files\/2024-05\/monitor-do-pib-fgv-maio-de-2024-ref.-de-marco.pdf\" style=\"color:blue; text-decoration:underline\"><span style=\"font-size:14.0pt\"><img src=\"https:\/\/www.abint.org.br\/assets\/img\/editor\/redes-sociais-abint-ctg-cth_202406041400398QFSSawN2a.jpg\" \/><\/span><\/a><\/span><\/span><\/span><\/p>\r\n","6":"<p style=\"text-align:justify\"><span style=\"font-size:11pt\"><span style=\"line-height:normal\"><span style=\"font-family:Calibri,sans-serif\"><span style=\"font-size:14.0pt\">Esta &eacute; uma compila&ccedil;&atilde;o das not&iacute;cias mais relevantes para o setor, incluindo informa&ccedil;&otilde;es sobre acordos internacionais, economia brasileira, sustentabilidade e mat&eacute;rias primas, al&eacute;m de novidades do setor de N&atilde;otecidos e Tecidos T&eacute;cnicos.<\/span><\/span><\/span><\/span><\/p>\r\n\r\n<p style=\"text-align:justify\"><span style=\"font-size:28pt\"><span style=\"font-family:Cambria,serif\"><span style=\"letter-spacing:-0.5pt\"><b><span style=\"font-size:18.0pt\"><span style=\"font-family:&quot;Calibri&quot;,sans-serif\"><span style=\"font-variant:small-caps\">O que vem por a&iacute;<\/span><\/span><\/span><\/b><\/span><\/span><\/span><\/p>\r\n\r\n<p style=\"text-align:justify\"><span style=\"font-size:28pt\"><span style=\"font-family:Cambria,serif\"><span style=\"letter-spacing:-0.5pt\"><b><span style=\"font-size:18.0pt\"><span style=\"font-family:&quot;Calibri&quot;,sans-serif\"><span style=\"font-variant:small-caps\"><img src=\"https:\/\/www.abint.org.br\/assets\/img\/editor\/abint-logo-2020-g_20240604135223lEm0hBsUr4.png\" style=\"width: 300px; height: 69px;\" \/><\/span><\/span><\/span><\/b><\/span><\/span><\/span><\/p>\r\n\r\n<p style=\"text-align:justify\"><span style=\"font-size:28pt\"><span style=\"font-family:Cambria,serif\"><span style=\"letter-spacing:-0.5pt\"><b><span style=\"font-size:18.0pt\"><span style=\"font-family:&quot;Calibri&quot;,sans-serif\"><span style=\"font-variant:small-caps\"><img src=\"https:\/\/www.abint.org.br\/assets\/img\/editor\/post-quadrado-curso-naotecido_20240604135259xvL9JcaIOi.jpg\" style=\"width: 500px; height: 500px;\" \/><\/span><\/span><\/span><\/b><\/span><\/span><\/span><\/p>\r\n\r\n<p style=\"text-align:justify\">&nbsp;<\/p>\r\n\r\n<p style=\"text-align:justify\"><span style=\"font-size:11pt\"><span style=\"line-height:normal\"><span style=\"font-family:Calibri,sans-serif\"><a href=\"https:\/\/forms.office.com\/r\/5DrqtK5n3Y\" style=\"color:blue; text-decoration:underline\"><span style=\"font-size:14.0pt\">Informa&ccedil;&otilde;es e inscri&ccedil;&otilde;es<\/span><\/a><\/span><\/span><\/span><\/p>\r\n\r\n<p style=\"text-align:justify\">&nbsp;<\/p>\r\n\r\n<p style=\"text-align:justify\"><span style=\"font-size:11pt\"><span style=\"line-height:normal\"><span style=\"font-family:Calibri,sans-serif\"><span style=\"font-size:14.0pt\"><img src=\"https:\/\/www.abint.org.br\/assets\/img\/editor\/logo-ctg-abint-png_2024060413534052r0NrfZqt.png\" style=\"width: 300px; height: 55px;\" \/><\/span><\/span><\/span><\/span><\/p>\r\n\r\n<p style=\"text-align:justify\"><span style=\"font-size:11pt\"><span style=\"line-height:normal\"><span style=\"font-family:Calibri,sans-serif\"><span style=\"font-size:14.0pt\"><img src=\"https:\/\/www.abint.org.br\/assets\/img\/editor\/20240528-live-ctg-instagram-gabriel_20240604135407vaelarnoFc.jpeg\" style=\"width: 500px; height: 500px;\" \/><\/span><\/span><\/span><\/span><\/p>\r\n\r\n<p style=\"text-align:justify\">&nbsp;<\/p>\r\n\r\n<p style=\"text-align:justify\"><span style=\"font-size:11pt\"><span style=\"line-height:normal\"><span style=\"font-family:Calibri,sans-serif\"><span style=\"font-size:14.0pt\"><img src=\"https:\/\/www.abint.org.br\/assets\/img\/editor\/20240924-cobramseg-2024_20240604135452RvR0cfbBDA.png\" \/><\/span><\/span><\/span><\/span><\/p>\r\n\r\n<p style=\"text-align:justify\">&nbsp;<\/p>\r\n\r\n<p style=\"text-align:justify\"><span style=\"font-size:11pt\"><span style=\"line-height:normal\"><span style=\"font-family:Calibri,sans-serif\"><b><span style=\"font-size:14.0pt\">O CTG ABINT &eacute; um dos patrocinadores da 21&ordf; edi&ccedil;&atilde;o do Cobramseg &ndash; Congresso Brasileiro de Mec&acirc;nica dos Solos e Engenharia Geot&eacute;cnica.<\/span><\/b><\/span><\/span><\/span><\/p>\r\n\r\n<p style=\"text-align:justify\"><span style=\"font-size:11pt\"><span style=\"line-height:normal\"><span style=\"font-family:Calibri,sans-serif\"><span style=\"font-size:14.0pt\">&ldquo;<i>Nos reunimos para celebrar a Mec&acirc;nica dos Solos e das Rochas, da GeoEngenharia! Academia, Ind&uacute;stria e &Oacute;rg&atilde;os Gestores unidos para expor seus avan&ccedil;os t&eacute;cnicos e cient&iacute;ficos. Um ambiente rico e diverso que nos permite debater solu&ccedil;&otilde;es e a&ccedil;&otilde;es de forma a fortalecer nossa comunidade geot&eacute;cnica, visando proporcionar um desenvolvimento mais sustent&aacute;vel e seguro para a nossa sociedade<\/i>.&rdquo; V&iacute;tor Pereira Faro, Presidente do COBRAMSEG 2024<\/span><\/span><\/span><\/span><\/p>\r\n\r\n<p style=\"text-align:justify\"><span style=\"font-size:11pt\"><span style=\"line-height:normal\"><span style=\"font-family:Calibri,sans-serif\"><a href=\"http:\/\/www.cobramseg.com.br\" style=\"color:blue; text-decoration:underline\"><span style=\"font-size:14.0pt\">www.cobramseg.com.br<\/span><\/a> <\/span><\/span><\/span><\/p>\r\n\r\n<p style=\"text-align:justify\">&nbsp;<\/p>\r\n\r\n<p style=\"text-align:justify\"><img src=\"https:\/\/www.abint.org.br\/assets\/img\/editor\/fenasan-2024_202406041355382s1EzlqmSB.jpg\" \/><\/p>\r\n\r\n<p style=\"text-align:justify\"><span style=\"font-size:11pt\"><span style=\"line-height:normal\"><span style=\"font-family:Calibri,sans-serif\"><span style=\"font-size:14.0pt\">O <b>CTG ABINT apoia a Feira Nacional de Saneamento e Meio Ambiente &ndash; Fenasan e do 35&ordm; Encontro T&eacute;cnico AESabesp, que ocorrer&atilde;o de 22 a 24 de outubro de 2024<\/b>, no Pavilh&atilde;o Verde e Vermelho, no Expo Center Norte, em S&atilde;o Paulo. Trata-se do maior evento de saneamento da Am&eacute;rica Latin. A realiza&ccedil;&atilde;o &eacute; da AESabesp &ndash; Associa&ccedil;&atilde;o dos Engenheiros da Sabesp.<\/span><\/span><\/span><\/span><\/p>\r\n\r\n<p style=\"text-align:justify\"><span style=\"font-size:11pt\"><span style=\"line-height:normal\"><span style=\"font-family:Calibri,sans-serif\"><i><span style=\"font-size:14.0pt\">O tema central desta edi&ccedil;&atilde;o &eacute; &ldquo;Saneamento ambiental: condi&ccedil;&atilde;o fundamental para o enfrentamento das mudan&ccedil;as clim&aacute;ticas&rdquo;. Com um p&uacute;blico tradicionalmente de 22 mil visitantes e alinhada aos ODS &ndash; Objetivos de Desenvolvimento Sustent&aacute;vel estabelecidos pela ONU e aos conceitos de ESG, a edi&ccedil;&atilde;o 2024 continuar&aacute; ampliando o di&aacute;logo em torno das quest&otilde;es de saneamento ambiental, meio ambiente e sustentabilidade e promovendo o compartilhamento de conhecimento altamente qualificado.<\/span><\/i><\/span><\/span><\/span><\/p>\r\n\r\n<p style=\"text-align:justify\"><span style=\"font-size:11pt\"><span style=\"line-height:normal\"><span style=\"font-family:Calibri,sans-serif\"><a href=\"http:\/\/www.fenasan.com.br\" style=\"color:blue; text-decoration:underline\"><span style=\"font-size:14.0pt\">www.fenasan.com.br<\/span><\/a> <\/span><\/span><\/span><\/p>\r\n\r\n<p style=\"text-align:justify\">&nbsp;<\/p>\r\n\r\n<p style=\"text-align:justify\"><span style=\"font-size:11pt\"><span style=\"line-height:normal\"><span style=\"font-family:Calibri,sans-serif\"><span style=\"font-size:14.0pt\"><img src=\"https:\/\/www.abint.org.br\/assets\/img\/editor\/cth-logo-alta-png-2_20240604135615UBDpZbhU7w.png\" style=\"width: 300px; height: 68px;\" \/><\/span><\/span><\/span><\/span><\/p>\r\n\r\n<p style=\"text-align:justify\"><img src=\"https:\/\/www.abint.org.br\/assets\/img\/editor\/hospitalmed-2024-logo_202406041356372pzOiotRes.png\" style=\"width: 500px; height: 448px;\" \/><\/p>\r\n\r\n<p style=\"text-align:justify\"><span style=\"font-size:11pt\"><span style=\"line-height:normal\"><span style=\"font-family:Calibri,sans-serif\"><b><span style=\"font-size:12.0pt\">O CTH ABINT &eacute; um dos patrocinadores da HospitalMed 2024.<\/span><\/b><\/span><\/span><\/span><\/p>\r\n\r\n<p style=\"text-align:justify\"><span style=\"font-size:11pt\"><span style=\"line-height:normal\"><span style=\"font-family:Calibri,sans-serif\"><span style=\"font-size:12.0pt\">&ldquo;<i>A melhor e Mais Completa Feira de Sa&uacute;de do Norte\/Nordeste<\/i>&rdquo;, &eacute; uma realiza&ccedil;&atilde;o da HospitalMed Feiras &amp; Eventos e da Insight Feiras de Neg&oacute;cios.<\/span><\/span><\/span><\/span><\/p>\r\n\r\n<p style=\"text-align:justify\"><span style=\"font-size:11pt\"><span style=\"line-height:normal\"><span style=\"font-family:Calibri,sans-serif\"><i><span style=\"font-size:12.0pt\">&ldquo;O <b>re&uacute;ne toda a cadeia produtiva do setor de sa&uacute;de das regi&otilde;es Norte\/Nordeste<\/b>. &Eacute; o grande encontro de fornecedores de Produtos, Equipamentos, Servi&ccedil;os, Tecnologia e Conte&uacute;do para Hospitais, Laborat&oacute;rios, Farm&aacute;cias, Cl&iacute;nicas, Consult&oacute;rios e Profissionais da Sa&uacute;de&rdquo;.<\/span><\/i><\/span><\/span><\/span><\/p>\r\n\r\n<p style=\"text-align:justify\"><span style=\"font-size:11pt\"><span style=\"line-height:normal\"><span style=\"font-family:Calibri,sans-serif\"><a href=\"http:\/\/www.hospitalmed.com.br\" style=\"color:blue; text-decoration:underline\"><span style=\"font-size:14.0pt\">www.hospitalmed.com.br<\/span><\/a> <\/span><\/span><\/span><\/p>\r\n\r\n<p class=\"MsoTitle\" style=\"text-align:justify\"><span style=\"font-size:28pt\"><span style=\"font-family:Cambria,serif\"><span style=\"letter-spacing:-0.5pt\"><b><span style=\"font-size:18.0pt\"><span style=\"font-family:&quot;Calibri&quot;,sans-serif\"><span style=\"font-variant:small-caps\">Not&iacute;cias das Associadas<\/span><\/span><\/span><\/b><\/span><\/span><\/span><\/p>\r\n\r\n<p style=\"text-align:justify\"><span style=\"font-size:11pt\"><span style=\"line-height:normal\"><span style=\"font-family:Calibri,sans-serif\"><a href=\"https:\/\/www.innovationintextiles.com\/nonwovens\/taiwan-showcase-of-new-nonwoven-technologies\/\" style=\"color:blue; text-decoration:underline\"><span lang=\"EN-US\" style=\"font-size:14.0pt\">Andritz | Taiwan showcase of new nonwoven technologies<\/span><\/a><\/span><\/span><\/span><\/p>\r\n\r\n<p style=\"text-align:justify\">&nbsp;<\/p>\r\n\r\n<p style=\"text-align:justify\"><span style=\"font-size:11pt\"><span style=\"line-height:normal\"><span style=\"font-family:Calibri,sans-serif\"><b><span lang=\"EN-US\" style=\"font-size:18.0pt\"><span style=\"font-variant:small-caps\">Eventos<\/span><\/span><\/b><\/span><\/span><\/span><\/p>\r\n\r\n<p style=\"text-align:justify\"><span style=\"font-size:11pt\"><span style=\"line-height:normal\"><span style=\"font-family:Calibri,sans-serif\"><b><span style=\"font-size:14.0pt\">3&ordm; F&oacute;rum de Economia Circular<\/span><\/b><span style=\"font-size:14.0pt\">, 22 e 23 de maio de 2024, evento h&iacute;brido, Tri Hotel, Gramado\/ Canela, RS. <\/span><a href=\"https:\/\/www.sympla.com.br\/evento\/3-forum-de-economia-circular\/2376041\" style=\"color:blue; text-decoration:underline\"><span style=\"font-size:14.0pt\">Informa&ccedil;&otilde;es e inscri&ccedil;&otilde;es aqui<\/span><\/a> <\/span><\/span><\/span><\/p>\r\n\r\n<p style=\"text-align:justify\"><span style=\"font-size:11pt\"><span style=\"line-height:normal\"><span style=\"font-family:Calibri,sans-serif\"><b><span lang=\"EN-US\" style=\"font-size:14.0pt\">ANEX 2024 | Asia Nonwoven Exhibition and Conference<\/span><\/b><span lang=\"EN-US\" style=\"font-size:14.0pt\">, 22-24 May 2024, Taipei Nangang Exhibition Center, Hall 1. <\/span><a href=\"https:\/\/www.anex2024.com\/\" style=\"color:blue; text-decoration:underline\"><span lang=\"EN-US\" style=\"font-size:14.0pt\">Information here<\/span><\/a> <\/span><\/span><\/span><\/p>\r\n\r\n<p style=\"text-align:justify\"><img src=\"https:\/\/www.abint.org.br\/assets\/img\/editor\/abtt-academy-curso-compras-texteis-hospitalares_20240604135954xriEyS8abD.jpg\" style=\"width: 500px; height: 500px;\" \/><\/p>\r\n\r\n<p style=\"text-align:justify\"><span style=\"font-size:11pt\"><span style=\"line-height:normal\"><span style=\"font-family:Calibri,sans-serif\"><a href=\"https:\/\/docs.google.com\/forms\/d\/e\/1FAIpQLSeG7zdl8xZpguBFbIdqyMS61mxfjvFjKOQ3EUqnWgC1RUcAug\/viewform\" style=\"color:blue; text-decoration:underline\"><span style=\"font-size:14.0pt\">Informa&ccedil;&otilde;es e inscri&ccedil;&otilde;es<\/span><\/a><\/span><\/span><\/span><\/p>\r\n\r\n<p style=\"text-align:justify\"><span style=\"font-size:11pt\"><span style=\"line-height:normal\"><span style=\"font-family:Calibri,sans-serif\"><b><span style=\"font-size:14.0pt\">FGV IBRE | X Semin&aacute;rio Anual de Pol&iacute;tica Monet&aacute;ria<\/span><\/b><span style=\"font-size:14.0pt\">, 24 de maio de 2024, presencial, Centro Cultural FGV, 190 - Praia de Botafogo. <\/span><a href=\"https:\/\/evento.fgv.br\/xseminarioanual_ibre2405\/\" style=\"color:blue; text-decoration:underline\"><span lang=\"EN-US\" style=\"font-size:14.0pt\">Informa&ccedil;&otilde;es aqui<\/span><\/a><\/span><\/span><\/span><\/p>\r\n\r\n<p style=\"text-align:justify\"><span style=\"font-size:11pt\"><span style=\"line-height:normal\"><span style=\"font-family:Calibri,sans-serif\"><b><span style=\"font-size:14.0pt\">FGV IISR | Webinar: Desdobramentos da Reforma Tribut&aacute;ria no Setor de Seguros e Resseguros<\/span><\/b><span style=\"font-size:14.0pt\">, 28 de maio de 2024, 10h00, transmiss&atilde;o via Zoom. <\/span><a href=\"https:\/\/evento.fgv.br\/desdobramentos\/\" style=\"color:blue; text-decoration:underline\"><span style=\"font-size:14.0pt\">Inscri&ccedil;&otilde;es e informa&ccedil;&otilde;es aqui<\/span><\/a><\/span><\/span><\/span><\/p>\r\n\r\n<p style=\"text-align:justify\"><span style=\"font-size:11pt\"><span style=\"line-height:normal\"><span style=\"font-family:Calibri,sans-serif\"><b><span lang=\"EN-US\" style=\"font-size:14.0pt\">The EDANA Innovation Forum<\/span><\/b><span class=\"MsoHyperlink\" style=\"color:blue\"><span style=\"text-decoration:underline\"><span lang=\"EN-US\" style=\"font-size:14.0pt\"><span style=\"text-decoration:none\"><span style=\"text-underline:none\">, <\/span><\/span><\/span><\/span><\/span><span lang=\"EN-US\" style=\"font-size:14.0pt\">04 - 06 June 2024, Munich<\/span><span class=\"MsoHyperlink\" style=\"color:blue\"><span style=\"text-decoration:underline\"><span lang=\"EN-US\" style=\"font-size:14.0pt\"><span style=\"text-decoration:none\"><span style=\"text-underline:none\">. <\/span><\/span><\/span><\/span><\/span><a href=\"https:\/\/www.edana.org\/events\/edana-innovation-forum-?ct=t(MENA_2018_call_for_papers6_28_2017_COPY_01)&amp;mc_cid=27efeab42f&amp;mc_eid=08e0eae351\" style=\"color:blue; text-decoration:underline\"><span lang=\"EN-US\" style=\"font-size:14.0pt\">Information here<\/span><\/a><\/span><\/span><\/span><\/p>\r\n\r\n<p style=\"text-align:justify\"><span style=\"font-size:11pt\"><span style=\"line-height:normal\"><span style=\"font-family:Calibri,sans-serif\"><b><span lang=\"EN-US\" style=\"font-size:14.0pt\">HIGITEX 2024 | International Technical Textiles &amp; Nonwoven Exhibition<\/span><\/b><span lang=\"EN-US\" style=\"font-size:14.0pt\">, 4-8 June 2024, T&uuml;yap Fair Convention and Congress Center, T&uuml;rkiye. <\/span><a href=\"https:\/\/www.hightex.com.tr\/\" style=\"color:blue; text-decoration:underline\"><span style=\"font-size:14.0pt\">Information here<\/span><\/a> <\/span><\/span><\/span><\/p>\r\n\r\n<p style=\"text-align:justify\"><span style=\"font-size:11pt\"><span style=\"line-height:normal\"><span style=\"font-family:Calibri,sans-serif\"><b><span style=\"font-size:14.0pt\">Workshop | Plano de gerenciamento de res&iacute;duos s&oacute;lidos<\/span><\/b><span style=\"font-size:14.0pt\">, 06 de junho de 2024, evento online. <\/span><a href=\"https:\/\/app.rdstation.email\/mail\/5893d5d3-c08f-4bed-9b26-b4e2f8e26d87?utm_campaign=workshop_residuos_solidos&amp;utm_medium=email&amp;utm_source=RD+Station\" style=\"color:blue; text-decoration:underline\"><span style=\"font-size:14.0pt\">Inscri&ccedil;&otilde;es e informa&ccedil;&otilde;es aqui<\/span><\/a><\/span><\/span><\/span><\/p>\r\n\r\n<p style=\"text-align:justify\"><span style=\"font-size:11pt\"><span style=\"line-height:normal\"><span style=\"font-family:Calibri,sans-serif\"><b><span style=\"font-size:14.0pt\">Abrava | Economia Circular em AVACR: Oportunidade e Ganhos!<\/span><\/b><span style=\"font-size:14.0pt\">, 06 de junho, das 18h00 &agrave;s 20h45, evento h&iacute;brido. <\/span><a href=\"https:\/\/www.sympla.com.br\/evento\/evento-em-comemoracao-ao-meio-ambiente-presencial-e-online\/2465555?utm_campaign=economia_circular_-_abrava&amp;utm_medium=email&amp;utm_source=RD+Station\" style=\"color:blue; text-decoration:underline\"><span style=\"font-size:14.0pt\">Informa&ccedil;&otilde;es e inscri&ccedil;&otilde;es<\/span><\/a><\/span><\/span><\/span><\/p>\r\n\r\n<p style=\"text-align:justify\"><span style=\"font-size:11pt\"><span style=\"line-height:normal\"><span style=\"font-family:Calibri,sans-serif\"><b><span style=\"font-size:14.0pt\">AESabesp | O Mega Desafio Trazido Pela Nova Lei de Licita&ccedil;&otilde;es e Contratos - Lei 14133\/2021, <\/span><\/b><span style=\"font-size:14.0pt\">17 a 19 de junho de 2024, das 08h &agrave;s 17h, na sede da AESabesp, em S&atilde;o Paulo. <\/span><a href=\"https:\/\/send.neopixdmi.com\/index.php\/campaigns\/bt5255bhowca7\/web-version\/mh045xn88n9c0\" style=\"color:blue; text-decoration:underline\"><span style=\"font-size:14.0pt\">Informa&ccedil;&otilde;es e inscri&ccedil;&otilde;es aqui<\/span><\/a><\/span><\/span><\/span><\/p>\r\n\r\n<p style=\"text-align:justify\"><span style=\"font-size:11pt\"><span style=\"line-height:normal\"><span style=\"font-family:Calibri,sans-serif\"><b><span style=\"font-size:14.0pt\">IHI 2024 - 9&ordm; F&oacute;rum Latino-Americano de Qualidade e Seguran&ccedil;a na Sa&uacute;de<\/span><\/b><span style=\"font-size:14.0pt\">, 09 a 11 de julho de 2024, evento h&iacute;brido, Centro de Ensino e Pesquisa Albert Einstein, Campus Cec&iacute;lia e Abram Szajman, Rua Comendador Elias Jafet, 755, Morumbi, S&atilde;o Paulo\/SP. <\/span><a href=\"http:\/\/www.ihi.ensinoeinstein.com\/\" style=\"color:blue; text-decoration:underline\"><span style=\"font-size:14.0pt\">www.ihi.ensinoeinstein.com<\/span><\/a><span style=\"font-size:14.0pt\"> <\/span><\/span><\/span><\/span><\/p>\r\n\r\n<p style=\"text-align:justify\"><span style=\"font-size:11pt\"><span style=\"line-height:normal\"><span style=\"font-family:Calibri,sans-serif\"><b><span style=\"font-size:14.0pt\">Constru Nordeste<\/span><\/b><span style=\"font-size:14.0pt\">, 31 de julho a 02 de agosto de 2024, Centro de Conven&ccedil;&otilde;es Salvador, Bahia. <\/span><a href=\"http:\/\/www.construnordeste.com.br\" style=\"color:blue; text-decoration:underline\"><span style=\"font-size:14.0pt\">www.construnordeste.com.br<\/span><\/a> <\/span><\/span><\/span><\/p>\r\n\r\n<p style=\"text-align:justify\"><span style=\"font-size:11pt\"><span style=\"line-height:normal\"><span style=\"font-family:Calibri,sans-serif\"><b><span style=\"font-size:14.0pt\">FEIPLAR COMPOSITES &amp; FEIPUR &ndash; Feira e Congresso Internacionais de Composites, Poliuretano, Pl&aacute;sticos de Engenharia e Compostos Termopl&aacute;sticos<\/span><\/b><span style=\"font-size:14.0pt\">, 20 a 22 de agosto de 2024, S&atilde;o Paulo Expo (Pavilh&atilde;o 5), palestras: das 8h30 &agrave;s 18h, feira: das 13h &agrave;s 20h.<b> <\/b><\/span><a href=\"http:\/\/www.feiplar.com\" style=\"color:blue; text-decoration:underline\"><span style=\"font-size:14.0pt\">www.feiplar.com<\/span><\/a> <\/span><\/span><\/span><\/p>\r\n\r\n<p style=\"text-align:justify\"><span style=\"font-size:11pt\"><span style=\"line-height:normal\"><span style=\"font-family:Calibri,sans-serif\"><b><span lang=\"EN-US\" style=\"font-size:14.0pt\">Techtextil North America 2024<\/span><\/b><span lang=\"EN-US\" style=\"font-size:14.0pt\">, August 20 &ndash; 24, Raleigh, North Carolina.<\/span><\/span><\/span><\/span><\/p>\r\n\r\n<p style=\"text-align:justify\"><span style=\"font-size:11pt\"><span style=\"line-height:normal\"><span style=\"font-family:Calibri,sans-serif\"><a href=\"http:\/\/www.techtextil-north-america.us.messefrankfurt.com\" style=\"color:blue; text-decoration:underline\"><span lang=\"EN-US\" style=\"font-size:14.0pt\">www.techtextil-north-america.us.messefrankfurt.com<\/span><\/a> <\/span><\/span><\/span><\/p>\r\n\r\n<p style=\"text-align:justify\"><span style=\"font-size:11pt\"><span style=\"line-height:normal\"><span style=\"font-family:Calibri,sans-serif\"><b><span style=\"font-size:14.0pt\">Fenasan 2024 &ndash; Feira Nacional de Saneamento e Meio Ambiente<\/span><\/b><span style=\"font-size:14.0pt\">, 22 a 24 de outubro de 2024, Pavilh&otilde;es Verde e Vermelho, Expo Center Norte, S&atilde;o Paulo SP. <\/span><a href=\"http:\/\/www.fenasan.com.br\" style=\"color:blue; text-decoration:underline\"><span style=\"font-size:14.0pt\">www.fenasan.com.br<\/span><\/a> <\/span><\/span><\/span><\/p>\r\n\r\n<p style=\"text-align:justify\"><span style=\"font-size:11pt\"><span style=\"line-height:normal\"><span style=\"font-family:Calibri,sans-serif\"><b><span style=\"font-size:14.0pt\">HospitalMed 2024<\/span><\/b><span style=\"font-size:14.0pt\">, 23 a 25 de outubro, das 14h &agrave;s 20h, no Pernambuco Centro de Conven&ccedil;&otilde;es. <\/span><a href=\"http:\/\/www.hospitalmed.com.br\" style=\"color:blue; text-decoration:underline\"><span style=\"font-size:14.0pt\">www.hospitalmed.com.br<\/span><\/a> <\/span><\/span><\/span><\/p>\r\n\r\n<p style=\"text-align:justify\"><span style=\"font-size:11pt\"><span style=\"line-height:normal\"><span style=\"font-family:Calibri,sans-serif\"><b><span style=\"font-size:14.0pt\">Congresso Internacional Abit 2024<\/span><\/b><span style=\"font-size:14.0pt\">, 30 e 31 de outubro, Salvador, Bahia. <\/span><a href=\"http:\/\/www.congressoabit.com.br\" style=\"color:blue; text-decoration:underline\"><span style=\"font-size:14.0pt\">www.congressoabit.com.br<\/span><\/a> <\/span><\/span><\/span><\/p>\r\n\r\n<p style=\"text-align:justify\"><span style=\"font-size:28pt\"><span style=\"font-family:Cambria,serif\"><span style=\"letter-spacing:-0.5pt\"><b><span style=\"font-size:18.0pt\"><span style=\"font-family:&quot;Calibri&quot;,sans-serif\"><span style=\"font-variant:small-caps\">Setor<\/span><\/span><\/span><\/b><\/span><\/span><\/span><\/p>\r\n\r\n<p style=\"text-align:justify\"><span style=\"font-size:11pt\"><span style=\"line-height:normal\"><span style=\"font-family:Calibri,sans-serif\"><a href=\"https:\/\/plasticosemrevista.com.br\/precisamos-de-regras-claras-para-enfrentar-essas-calamidades\/\" style=\"color:blue; text-decoration:underline\"><span style=\"font-size:14.0pt\">&ldquo;Precisamos de regras claras para enfrentar essas calamidades&rdquo;, Edilson Luiz Deitos, vice-presidente do Sinplast<\/span><\/a><\/span><\/span><\/span><\/p>\r\n\r\n<p style=\"text-align:justify\"><span style=\"font-size:11pt\"><span style=\"line-height:normal\"><span style=\"font-family:Calibri,sans-serif\"><a href=\"https:\/\/www.asbeiras.pt\/opiniao-inovacao-e-sustentabilidade-o-desafio-das-fraldas\/\" style=\"color:blue; text-decoration:underline\"><span style=\"font-size:14.0pt\">Opini&atilde;o: Inova&ccedil;&atilde;o e sustentabilidade: o desafio das fraldas<\/span><\/a><\/span><\/span><\/span><\/p>\r\n\r\n<p style=\"text-align:justify\"><span style=\"font-size:11pt\"><span style=\"line-height:normal\"><span style=\"font-family:Calibri,sans-serif\"><a href=\"https:\/\/www.bahianoticias.com.br\/noticia\/292297-prefeitura-entrega-contencao-de-encosta-e-quadra-requalificada-em-sao-marcos\" style=\"color:blue; text-decoration:underline\"><span style=\"font-size:14.0pt\">Geomantas: Prefeitura entrega conten&ccedil;&atilde;o de encosta e quadra requalificada no bairro de&nbsp; S&atilde;o Marcos, em Salvador (BA)<\/span><\/a><\/span><\/span><\/span><\/p>\r\n\r\n<p style=\"text-align:justify\"><span style=\"font-size:11pt\"><span style=\"line-height:normal\"><span style=\"font-family:Calibri,sans-serif\"><a href=\"https:\/\/plasticosemrevista.com.br\/eua-industria-plastica-cresce-embora-pouco\/\" style=\"color:blue; text-decoration:underline\"><span style=\"font-size:14.0pt\">EUA: ind&uacute;stria pl&aacute;stica cresce, embora pouco<\/span><\/a><\/span><\/span><\/span><\/p>\r\n\r\n<p style=\"text-align:justify\"><span style=\"font-size:11pt\"><span style=\"line-height:normal\"><span style=\"font-family:Calibri,sans-serif\"><a href=\"https:\/\/indiantextilejournal.com\/indias-technical-textiles-market-shows-10-growth\/\" style=\"color:blue; text-decoration:underline\"><span lang=\"EN-US\" style=\"font-size:14.0pt\">India&rsquo;s technical textiles market shows 10% growth<\/span><\/a><\/span><\/span><\/span><\/p>\r\n\r\n<p style=\"text-align:justify\"><span style=\"font-size:11pt\"><span style=\"line-height:normal\"><span style=\"font-family:Calibri,sans-serif\"><a href=\"https:\/\/braziljournal.com\/justica-condena-novonor-a-indenizar-braskem-em-mais-de-r-8-bi\/?utm_source=newsletters+epbr&amp;utm_campaign=178834a06a-epbr-comece-seu-dia_20230724_COPY_01&amp;utm_medium=email&amp;utm_term=0_5931171aac-178834a06a-466362780\" style=\"color:blue; text-decoration:underline\"><span style=\"font-size:14.0pt\">Justi&ccedil;a condena Novonor a indenizar Braskem em R$ 8 bilh&otilde;es<\/span><\/a><\/span><\/span><\/span><\/p>\r\n\r\n<p style=\"text-align:justify\"><span style=\"font-size:28pt\"><span style=\"font-family:Cambria,serif\"><span style=\"letter-spacing:-0.5pt\"><b><span style=\"font-size:18.0pt\"><span style=\"font-family:&quot;Calibri&quot;,sans-serif\"><span style=\"font-variant:small-caps\">Ind&uacute;stria<\/span><\/span><\/span><\/b><\/span><\/span><\/span><\/p>\r\n\r\n<p style=\"text-align:justify\"><span style=\"font-size:11pt\"><span style=\"line-height:normal\"><span style=\"font-family:Calibri,sans-serif\"><a href=\"https:\/\/www.balcaoautomotivo.com\/2024\/05\/16\/anfavea-tem-numeros-positivos-de-vendas-e-producao-veicular-no-acumulado-do-ano\/\" style=\"color:blue; text-decoration:underline\"><span style=\"font-size:14.0pt\">Anfavea tem n&uacute;meros positivos de vendas e produ&ccedil;&atilde;o veicular no acumulado do ano<\/span><\/a><\/span><\/span><\/span><\/p>\r\n\r\n<p style=\"text-align:justify\"><span style=\"font-size:11pt\"><span style=\"line-height:normal\"><span style=\"font-family:Calibri,sans-serif\"><a href=\"https:\/\/grandesconstrucoes.com.br\/Noticias\/Exibir\/especialista-aborda-sobre-os-desafios-do-marco-do-saneamento?utm_source=akna&amp;utm_medium=email&amp;utm_campaign=Grandes-Construcoes-Informativo-912-16-05-2024&amp;utm_source=akna&amp;utm_medium=email&amp;utm_campaign=Grandes-Construcoes-Informativo-912-16-05-2024\" style=\"color:blue; text-decoration:underline\"><span style=\"font-size:14.0pt\">Especialista aborda sobre os desafios do Marco do Saneamento<\/span><\/a><\/span><\/span><\/span><\/p>\r\n\r\n<p style=\"text-align:justify\"><span style=\"font-size:11pt\"><span style=\"line-height:normal\"><span style=\"font-family:Calibri,sans-serif\"><a href=\"https:\/\/noticias.portaldaindustria.com.br\/posicionamentos\/cni-apoia-aprovacao-do-projeto-que-cria-a-letra-de-credito-de-desenvolvimento\/\" style=\"color:blue; text-decoration:underline\"><span style=\"font-size:14.0pt\">CNI apoia aprova&ccedil;&atilde;o do projeto que cria a Letra de Cr&eacute;dito de Desenvolvimento<\/span><\/a><\/span><\/span><\/span><\/p>\r\n\r\n<p style=\"text-align:justify\"><span style=\"font-size:11pt\"><span style=\"line-height:normal\"><span style=\"font-family:Calibri,sans-serif\"><a href=\"https:\/\/agenciabrasil.ebc.com.br\/economia\/noticia\/2024-05\/folha-de-pagamento-de-17-setores-sera-reonerada-partir-de-2025\" style=\"color:blue; text-decoration:underline\"><span style=\"font-size:14.0pt\">Folha de pagamento de 17 setores ser&aacute; reonerada a partir de 2025<\/span><\/a><\/span><\/span><\/span><\/p>\r\n\r\n<p style=\"text-align:justify\"><span style=\"font-size:28pt\"><span style=\"font-family:Cambria,serif\"><span style=\"letter-spacing:-0.5pt\"><b><span style=\"font-size:18.0pt\"><span style=\"font-family:&quot;Calibri&quot;,sans-serif\"><span style=\"font-variant:small-caps\">Sustentabilidade<\/span><\/span><\/span><\/b><\/span><\/span><\/span><\/p>\r\n\r\n<p style=\"text-align:justify\"><span style=\"font-size:11pt\"><span style=\"line-height:normal\"><span style=\"font-family:Calibri,sans-serif\"><a href=\"https:\/\/www.tempo.com\/noticias\/ciencia\/24-da-poluicao-plastica-rastreavel-provem-de-5-grandes-empresas-ambiente.html\" style=\"color:blue; text-decoration:underline\"><span style=\"font-size:14.0pt\">24% da polui&ccedil;&atilde;o pl&aacute;stica rastre&aacute;vel prov&eacute;m de 5 grandes empresas<\/span><\/a><\/span><\/span><\/span><\/p>\r\n\r\n<p style=\"text-align:justify\"><span style=\"font-size:11pt\"><span style=\"line-height:normal\"><span style=\"font-family:Calibri,sans-serif\"><a href=\"https:\/\/mundodoplastico.plasticobrasil.com.br\/sustentabilidade\/conheca-novas-aplicacoes-para-o-plastico-reciclado-pos-consumo?utm_campaign=BRZ23MDP-BP-Newsletter55&amp;utm_emailname=BRZ23MDP-BP-Newsletter55&amp;utm_medium=email&amp;utm_source=eloqua&amp;utm_MDMContactID=2bb3d23c-a32f-4218-88d5-29f7fb45caee&amp;utm_campaigntype=Newsletter&amp;eM=50c7dfe42c38ea8f10539f0a167fc763253059e495554a32db7a57f8f237ec4c&amp;eventSeriesCode=ES_MDDPLSDGTL&amp;eventEditionCode=BRA25IPR&amp;sessionCode=S_EXHB&amp;sp_eh=50c7dfe42c38ea8f10539f0a167fc763253059e495554a32db7a57f8f237ec4c\" style=\"color:blue; text-decoration:underline\"><span style=\"font-size:14.0pt\">Conhe&ccedil;a novas aplica&ccedil;&otilde;es para o pl&aacute;stico reciclado p&oacute;s-consumo<\/span><\/a><\/span><\/span><\/span><\/p>\r\n\r\n<p style=\"text-align:justify\"><span style=\"font-size:11pt\"><span style=\"line-height:normal\"><span style=\"font-family:Calibri,sans-serif\"><a href=\"https:\/\/tissueonline.com.br\/essity-brasil-reduz-20-do-material-plastico-usado-em-seus-produtos\/?utm_campaign=newsletter_17052024_novo_modelo&amp;utm_medium=email&amp;utm_source=RD+Station\" style=\"color:blue; text-decoration:underline\"><span style=\"font-size:14.0pt\">Essity Brasil reduz 20% do material pl&aacute;stico usado em seus produtos<\/span><\/a><\/span><\/span><\/span><\/p>\r\n\r\n<p style=\"text-align:justify\"><span style=\"font-size:28pt\"><span style=\"font-family:Cambria,serif\"><span style=\"letter-spacing:-0.5pt\"><b><span style=\"font-size:18.0pt\"><span style=\"font-family:&quot;Calibri&quot;,sans-serif\"><span style=\"font-variant:small-caps\">Inova&ccedil;&atilde;o<\/span><\/span><\/span><\/b><\/span><\/span><\/span><\/p>\r\n\r\n<p style=\"text-align:justify\"><span style=\"font-size:11pt\"><span style=\"line-height:normal\"><span style=\"font-family:Calibri,sans-serif\"><a href=\"https:\/\/umsoplaneta.globo.com\/energia\/noticia\/2024\/05\/18\/pesquisadores-criam-plastico-que-desaparece-apos-perder-utilidade.ghtml\" style=\"color:blue; text-decoration:underline\"><span style=\"font-size:14.0pt\">Pesquisadores criam pl&aacute;stico que &#39;desaparece&#39; ap&oacute;s perder utilidade<\/span><\/a><\/span><\/span><\/span><\/p>\r\n\r\n<p style=\"text-align:justify\"><span style=\"font-size:11pt\"><span style=\"line-height:normal\"><span style=\"font-family:Calibri,sans-serif\"><a href=\"https:\/\/www.linkedin.com\/feed\/update\/urn:li:activity:7187119617847287808\/?utm_campaign=senai_cetiqt__newsletter_isi_-_abril_2024&amp;utm_medium=email&amp;utm_source=RD+Station\" style=\"color:blue; text-decoration:underline\"><span style=\"font-size:14.0pt\">SENAI CETIQT cria ferramenta potencial para o desenvolvimento de projetos de pesquisa e inova&ccedil;&atilde;o<\/span><\/a><\/span><\/span><\/span><\/p>\r\n\r\n<p style=\"text-align:justify\"><span style=\"font-size:11pt\"><span style=\"line-height:normal\"><span style=\"font-family:Calibri,sans-serif\"><a href=\"https:\/\/www.imeche.org\/news\/news-article\/could-mit-s-sound-suppressing-silk-fight-noise-pollution-and-foil-eavesdroppers#:~:text=The%20fabric%2C%20which%20contains%20a,works%20in%20two%20different%20ways.\" style=\"color:blue; text-decoration:underline\"><span lang=\"EN-US\" style=\"font-size:14.0pt\">Could MIT&rsquo;s sound-suppressing silk fight noise pollution &ndash; and foil eavesdroppers?<\/span><\/a><\/span><\/span><\/span><\/p>\r\n\r\n<p style=\"text-align:justify\"><span style=\"font-size:11pt\"><span style=\"line-height:normal\"><span style=\"font-family:Calibri,sans-serif\"><a href=\"https:\/\/www.textiletechnology.net\/technical-textiles\/news\/ncsu-textile-touch-sensor-developed-through-machine-learning-35782#:~:text=Researchers%20at%20the%20NC%20State,the%20realm%20of%20wearable%20electronics.\" style=\"color:blue; text-decoration:underline\"><span lang=\"EN-US\" style=\"font-size:14.0pt\">Textile touch sensor developed by machine learning<\/span><\/a><\/span><\/span><\/span><\/p>\r\n\r\n<p style=\"text-align:justify\"><span style=\"font-size:11pt\"><span style=\"line-height:normal\"><span style=\"font-family:Calibri,sans-serif\"><a href=\"https:\/\/asmetro.org.br\/portalsn\/2024\/03\/02\/inmetro-aplica-linguagem-simples-em-edital-para-atrair-empresas-de-base-tecnologica-a-se-instalar-em-seu-campus-de-laboratorios\/\" style=\"color:blue; text-decoration:underline\"><span style=\"font-size:14.0pt\">Inmetro aplica linguagem simples em edital para atrair empresas de base tecnol&oacute;gica a se instalar em seu campus de laborat&oacute;rios<\/span><\/a><\/span><\/span><\/span><\/p>\r\n\r\n<p style=\"text-align:justify\"><span style=\"font-size:28pt\"><span style=\"font-family:Cambria,serif\"><span style=\"letter-spacing:-0.5pt\"><b><span style=\"font-size:18.0pt\"><span style=\"font-family:&quot;Calibri&quot;,sans-serif\"><span style=\"font-variant:small-caps\">Com&eacute;rcio Exterior<\/span><\/span><\/span><\/b><\/span><\/span><\/span><\/p>\r\n\r\n<p style=\"text-align:justify\"><span style=\"font-size:11pt\"><span style=\"line-height:normal\"><span style=\"font-family:Calibri,sans-serif\"><a href=\"https:\/\/static.portaldaindustria.com.br\/media\/filer_public\/05\/72\/057264df-4e58-42c5-9739-f50f67091ec2\/ex_ipc_24-015_eua_tarifa_china.pdf\" style=\"color:blue; text-decoration:underline\"><span style=\"font-size:14.0pt\">Estados Unidos planejam aumento de tarifas sobre a China<\/span><\/a><\/span><\/span><\/span><\/p>\r\n\r\n<p style=\"text-align:justify\"><span style=\"font-size:11pt\"><span style=\"line-height:normal\"><span style=\"font-family:Calibri,sans-serif\"><a href=\"https:\/\/www.gov.br\/receitafederal\/pt-br\/assuntos\/noticias\/2024\/maio\/operacoes-de-importacao-serao-migradas-para-a-declaracao-unica-de-importacao-duimp-no-portal-unico-de-comercio-exterior\" style=\"color:blue; text-decoration:underline\"><span style=\"font-size:14.0pt\">Opera&ccedil;&otilde;es de importa&ccedil;&atilde;o ser&atilde;o migradas para a Declara&ccedil;&atilde;o &Uacute;nica de Importa&ccedil;&atilde;o (Duimp) no Portal &Uacute;nico de Com&eacute;rcio Exterior<\/span><\/a><\/span><\/span><\/span><\/p>\r\n\r\n<p style=\"text-align:justify\"><span style=\"font-size:11pt\"><span style=\"line-height:normal\"><span style=\"font-family:Calibri,sans-serif\"><a href=\"https:\/\/noticias.portaldaindustria.com.br\/noticias\/internacional\/brasil-exportacao-plataforma-ja-teve-45-mil-acessos-em-seis-meses\/\" style=\"color:blue; text-decoration:underline\"><span style=\"font-size:14.0pt\">Brasil Exporta&ccedil;&atilde;o: plataforma j&aacute; teve 45 mil acessos em seis meses<\/span><\/a><\/span><\/span><\/span><\/p>\r\n\r\n<p style=\"text-align:justify\"><span style=\"font-size:28pt\"><span style=\"font-family:Cambria,serif\"><span style=\"letter-spacing:-0.5pt\"><b><span style=\"font-size:18.0pt\"><span style=\"font-family:&quot;Calibri&quot;,sans-serif\"><span style=\"font-variant:small-caps\">Economia<\/span><\/span><\/span><\/b><\/span><\/span><\/span><\/p>\r\n\r\n<p style=\"text-align:justify\"><span style=\"font-size:11pt\"><span style=\"line-height:normal\"><span style=\"font-family:Calibri,sans-serif\"><a href=\"https:\/\/www.bcb.gov.br\/content\/focus\/focus\/R20240517.pdf\" style=\"color:blue; text-decoration:underline\"><span style=\"font-size:14.0pt\">Focus - Relat&oacute;rio de Mercado<\/span><\/a><\/span><\/span><\/span><\/p>\r\n\r\n<p style=\"text-align:justify\"><span style=\"font-size:11pt\"><span style=\"line-height:normal\"><span style=\"font-family:Calibri,sans-serif\"><a href=\"https:\/\/istoedinheiro.com.br\/ibc-br-economia-cai-em-marco-mas-cresce-108-no-1o-trimestre-aponta-previa-do-pib-do-bc\/\" style=\"color:blue; text-decoration:underline\"><span style=\"font-size:14.0pt\">IBC-Br: Economia cai em mar&ccedil;o, mas cresce 1,08% no 1&ordm; trimestre, aponta &lsquo;pr&eacute;via do PIB&rsquo; do BC<\/span><\/a><\/span><\/span><\/span><\/p>\r\n\r\n<p style=\"text-align:justify\"><span style=\"font-size:11pt\"><span style=\"line-height:normal\"><span style=\"font-family:Calibri,sans-serif\"><a href=\"https:\/\/noticias.portaldaindustria.com.br\/noticias\/economia\/confianca-dos-industriais-avancou-pouco-em-maio-mostra-cni\/\" style=\"color:blue; text-decoration:underline\"><span style=\"font-size:14.0pt\">Confian&ccedil;a dos industriais avan&ccedil;ou pouco em maio, mostra CNI<\/span><\/a><\/span><\/span><\/span><\/p>\r\n\r\n<p style=\"text-align:justify\"><span style=\"font-size:11pt\"><span style=\"line-height:normal\"><span style=\"font-family:Calibri,sans-serif\"><a href=\"https:\/\/portalibre.fgv.br\/system\/files\/2024-05\/monitor-do-pib-fgv-maio-de-2024-ref.-de-marco.pdf\" style=\"color:blue; text-decoration:underline\"><span style=\"font-size:14.0pt\">Monitor do PIB-FGV aponta alta de 0,7% no primeiro trimestre<\/span><\/a><\/span><\/span><\/span><\/p>\r\n\r\n<p style=\"text-align:justify\"><span style=\"font-size:11pt\"><span style=\"line-height:normal\"><span style=\"font-family:Calibri,sans-serif\"><a href=\"https:\/\/portalibre.fgv.br\/system\/files\/2024-05\/monitor-do-pib-fgv-maio-de-2024-ref.-de-marco.pdf\" style=\"color:blue; text-decoration:underline\"><span style=\"font-size:14.0pt\"><img src=\"https:\/\/www.abint.org.br\/assets\/img\/editor\/redes-sociais-abint-ctg-cth_202406041400398QFSSawN2a.jpg\" \/><\/span><\/a><\/span><\/span><\/span><\/p>\r\n","texto_en":"","7":"","imagem":"COMP_capa-2024-site-boletim-abint-noticias-semanis_20240604140150lPBtGDbzq7.jpg","8":"COMP_capa-2024-site-boletim-abint-noticias-semanis_20240604140150lPBtGDbzq7.jpg","arquivo":"20240521-BOLETIM-ABINT-DE-NOTICIAS-SEMANAIS.PDF","9":"20240521-BOLETIM-ABINT-DE-NOTICIAS-SEMANAIS.PDF","titulo_arquivo":"20240521 Boletim ABINT de Not\u00edcias Semanais","10":"20240521 Boletim ABINT de Not\u00edcias Semanais","titulo_arquivo_en":"","11":"","created_at":"2024-06-04 14:02:02","12":"2024-06-04 14:02:02","updated_at":"2024-06-04 14:02:02","13":"2024-06-04 14:02:02"},{"id":118,"0":118,"ordem":104,"1":104,"data":"2024-05-14","2":"2024-05-14","slug":"boletim-abint-de-noticias-semanais-30","3":"boletim-abint-de-noticias-semanais-30","titulo":"Boletim ABINT de Not\u00edcias Semanais","4":"Boletim ABINT de Not\u00edcias Semanais","titulo_en":"","5":"","texto":"<p style=\"text-align:justify\"><span style=\"font-size:11pt\"><span style=\"line-height:normal\"><span style=\"font-family:Calibri,sans-serif\"><span style=\"font-size:14.0pt\">Esta &eacute; uma compila&ccedil;&atilde;o das not&iacute;cias mais relevantes para o setor, incluindo informa&ccedil;&otilde;es sobre acordos internacionais, economia brasileira, sustentabilidade e mat&eacute;rias primas, al&eacute;m de novidades do setor de N&atilde;otecidos e Tecidos T&eacute;cnicos.<\/span><\/span><\/span><\/span><\/p>\r\n\r\n<p style=\"text-align:justify\"><span style=\"font-size:28pt\"><span style=\"font-family:Cambria,serif\"><span style=\"letter-spacing:-0.5pt\"><b><span style=\"font-size:18.0pt\"><span style=\"font-family:&quot;Calibri&quot;,sans-serif\"><span style=\"font-variant:small-caps\">O que vem por a&iacute;<\/span><\/span><\/span><\/b><\/span><\/span><\/span><\/p>\r\n\r\n<p style=\"text-align:justify\"><span style=\"font-size:28pt\"><span style=\"font-family:Cambria,serif\"><span style=\"letter-spacing:-0.5pt\"><b><span style=\"font-size:18.0pt\"><span style=\"font-family:&quot;Calibri&quot;,sans-serif\"><span style=\"font-variant:small-caps\"><img src=\"https:\/\/www.abint.org.br\/assets\/img\/editor\/abint-logo-2020-g_20240516132516EsWwBD8JET.png\" style=\"width: 300px; height: 69px;\" \/><\/span><\/span><\/span><\/b><\/span><\/span><\/span><\/p>\r\n\r\n<p style=\"text-align:justify\"><span style=\"font-size:28pt\"><span style=\"font-family:Cambria,serif\"><span style=\"letter-spacing:-0.5pt\"><b><span style=\"font-size:18.0pt\"><span style=\"font-family:&quot;Calibri&quot;,sans-serif\"><span style=\"font-variant:small-caps\"><img src=\"https:\/\/www.abint.org.br\/assets\/img\/editor\/post-quadrado-curso-naotecido_2024051613255414zFwrcRTF.jpg\" style=\"width: 500px; height: 500px;\" \/><\/span><\/span><\/span><\/b><\/span><\/span><\/span><\/p>\r\n\r\n<p style=\"text-align:justify\">&nbsp;<\/p>\r\n\r\n<p style=\"text-align:justify\"><span style=\"font-size:11pt\"><span style=\"line-height:normal\"><span style=\"font-family:Calibri,sans-serif\"><a href=\"https:\/\/forms.office.com\/r\/5DrqtK5n3Y\" style=\"color:blue; text-decoration:underline\"><span style=\"font-size:14.0pt\">Informa&ccedil;&otilde;es e inscri&ccedil;&otilde;es<\/span><\/a><\/span><\/span><\/span><\/p>\r\n\r\n<p style=\"text-align:justify\">&nbsp;<\/p>\r\n\r\n<p style=\"text-align:justify\"><span style=\"font-size:11pt\"><span style=\"line-height:normal\"><span style=\"font-family:Calibri,sans-serif\"><span style=\"font-size:14.0pt\"><img src=\"https:\/\/www.abint.org.br\/assets\/img\/editor\/logo-ctg-abint-png_20240516132651iPYxoVtihD.png\" style=\"width: 300px; height: 55px;\" \/><\/span><\/span><\/span><\/span><\/p>\r\n\r\n<p style=\"text-align:justify\"><span style=\"font-size:11pt\"><span style=\"line-height:normal\"><span style=\"font-family:Calibri,sans-serif\"><span style=\"font-size:14.0pt\"><img src=\"https:\/\/www.abint.org.br\/assets\/img\/editor\/20240924-cobramseg-2024_20240516132736vvXgAss5c0.png\" \/><\/span><\/span><\/span><\/span><\/p>\r\n\r\n<p style=\"text-align:justify\"><span style=\"font-size:11pt\"><span style=\"line-height:normal\"><span style=\"font-family:Calibri,sans-serif\"><b><span style=\"font-size:14.0pt\">O CTG ABINT &eacute; um dos patrocinadores da 21&ordf; edi&ccedil;&atilde;o do Cobramseg &ndash; Congresso Brasileiro de Mec&acirc;nica dos Solos e Engenharia Geot&eacute;cnica.<\/span><\/b><\/span><\/span><\/span><\/p>\r\n\r\n<p style=\"text-align:justify\"><span style=\"font-size:11pt\"><span style=\"line-height:normal\"><span style=\"font-family:Calibri,sans-serif\"><span style=\"font-size:14.0pt\">&ldquo;<i>Nos reunimos para celebrar a Mec&acirc;nica dos Solos e das Rochas, da GeoEngenharia! Academia, Ind&uacute;stria e &Oacute;rg&atilde;os Gestores unidos para expor seus avan&ccedil;os t&eacute;cnicos e cient&iacute;ficos. Um ambiente rico e diverso que nos permite debater solu&ccedil;&otilde;es e a&ccedil;&otilde;es de forma a fortalecer nossa comunidade geot&eacute;cnica, visando proporcionar um desenvolvimento mais sustent&aacute;vel e seguro para a nossa sociedade<\/i>.&rdquo; V&iacute;tor Pereira Faro, Presidente do COBRAMSEG 2024<\/span><\/span><\/span><\/span><\/p>\r\n\r\n<p style=\"text-align:justify\"><span style=\"font-size:11pt\"><span style=\"line-height:normal\"><span style=\"font-family:Calibri,sans-serif\"><a href=\"http:\/\/www.cobramseg.com.br\" style=\"color:blue; text-decoration:underline\"><span style=\"font-size:14.0pt\">www.cobramseg.com.br<\/span><\/a> <\/span><\/span><\/span><\/p>\r\n\r\n<p style=\"text-align:justify\"><span style=\"font-size:11pt\"><span style=\"line-height:normal\"><span style=\"font-family:Calibri,sans-serif\"><span style=\"font-size:14.0pt\"><img src=\"https:\/\/www.abint.org.br\/assets\/img\/editor\/fenasan-2024_20240516132808Wa1mW4p53q.jpg\" \/><\/span><\/span><\/span><\/span><\/p>\r\n\r\n<p>O&nbsp;<b>CTG ABINT apoia a Feira Nacional de Saneamento e Meio Ambiente &ndash; Fenasan e do 35&ordm; Encontro T&eacute;cnico AESabesp, que ocorrer&atilde;o de 22 a 24 de outubro de 2024<\/b>, no Pavilh&atilde;o Verde e Vermelho, no Expo Center Norte, em S&atilde;o Paulo. Trata-se do maior evento de saneamento da Am&eacute;rica Latin. A realiza&ccedil;&atilde;o &eacute; da AESabesp &ndash; Associa&ccedil;&atilde;o dos Engenheiros da Sabesp.<\/p>\r\n\r\n<p><i>O tema central desta edi&ccedil;&atilde;o &eacute; &ldquo;Saneamento ambiental: condi&ccedil;&atilde;o fundamental para o enfrentamento das mudan&ccedil;as clim&aacute;ticas&rdquo;. Com um p&uacute;blico tradicionalmente de 22 mil visitantes e alinhada aos ODS &ndash; Objetivos de Desenvolvimento Sustent&aacute;vel estabelecidos pela ONU e aos conceitos de ESG, a edi&ccedil;&atilde;o 2024 continuar&aacute; ampliando o di&aacute;logo em torno das quest&otilde;es de saneamento ambiental, meio ambiente e sustentabilidade e promovendo o compartilhamento de conhecimento altamente qualificado.<\/i><\/p>\r\n\r\n<p><a href=\"http:\/\/www.fenasan.com.br\/\">www.fenasan.com.br<\/a><\/p>\r\n\r\n<p><img src=\"https:\/\/www.abint.org.br\/assets\/img\/editor\/cth-logo-alta-png-2_202405161328499sHoIzJp57.png\" style=\"width: 300px; height: 68px;\" \/><\/p>\r\n\r\n<p><img src=\"https:\/\/www.abint.org.br\/assets\/img\/editor\/hospitalmed-2024-logo_20240516132914OpJjlpFU4N.png\" style=\"width: 500px; height: 448px;\" \/><\/p>\r\n\r\n<p style=\"text-align:justify\"><span style=\"font-size:11pt\"><span style=\"line-height:normal\"><span style=\"font-family:Calibri,sans-serif\"><b><span style=\"font-size:12.0pt\">O CTH ABINT &eacute; um dos patrocinadores da HospitalMed 2024.<\/span><\/b><\/span><\/span><\/span><\/p>\r\n\r\n<p style=\"text-align:justify\"><span style=\"font-size:11pt\"><span style=\"line-height:normal\"><span style=\"font-family:Calibri,sans-serif\"><span style=\"font-size:12.0pt\">&ldquo;<i>A melhor e Mais Completa Feira de Sa&uacute;de do Norte\/Nordeste<\/i>&rdquo;, &eacute; uma realiza&ccedil;&atilde;o da HospitalMed Feiras &amp; Eventos e da Insight Feiras de Neg&oacute;cios.<\/span><\/span><\/span><\/span><\/p>\r\n\r\n<p style=\"text-align:justify\"><span style=\"font-size:11pt\"><span style=\"line-height:normal\"><span style=\"font-family:Calibri,sans-serif\"><i><span style=\"font-size:12.0pt\">&ldquo;O <b>re&uacute;ne toda a cadeia produtiva do setor de sa&uacute;de das regi&otilde;es Norte\/Nordeste<\/b>. &Eacute; o grande encontro de fornecedores de Produtos, Equipamentos, Servi&ccedil;os, Tecnologia e Conte&uacute;do para Hospitais, Laborat&oacute;rios, Farm&aacute;cias, Cl&iacute;nicas, Consult&oacute;rios e Profissionais da Sa&uacute;de&rdquo;.<\/span><\/i><\/span><\/span><\/span><\/p>\r\n\r\n<p style=\"text-align:justify\"><span style=\"font-size:11pt\"><span style=\"line-height:normal\"><span style=\"font-family:Calibri,sans-serif\"><a href=\"http:\/\/www.hospitalmed.com.br\" style=\"color:blue; text-decoration:underline\"><span style=\"font-size:14.0pt\">www.hospitalmed.com.br<\/span><\/a> <\/span><\/span><\/span><\/p>\r\n\r\n<p style=\"text-align:justify\"><span style=\"font-size:28pt\"><span style=\"font-family:Cambria,serif\"><span style=\"letter-spacing:-0.5pt\"><b><span style=\"font-size:18.0pt\"><span style=\"font-family:&quot;Calibri&quot;,sans-serif\"><span style=\"font-variant:small-caps\">Not&iacute;cias das Associadas<\/span><\/span><\/span><\/b><\/span><\/span><\/span><\/p>\r\n\r\n<p style=\"text-align:justify\"><span style=\"font-size:11pt\"><span style=\"line-height:normal\"><span style=\"font-family:Calibri,sans-serif\"><a href=\"https:\/\/www.technicaltextile.net\/news\/suominen-upgrades-production-lines-in-bethune-us-295025.html\" style=\"color:blue; text-decoration:underline\"><span lang=\"EN-US\" style=\"font-size:14.0pt\">Suominen upgrades production lines in Bethune, US<\/span><\/a><\/span><\/span><\/span><\/p>\r\n\r\n<p style=\"text-align:justify\">&nbsp;<\/p>\r\n\r\n<p style=\"text-align:justify\"><span style=\"font-size:11pt\"><span style=\"line-height:normal\"><span style=\"font-family:Calibri,sans-serif\"><b><span style=\"font-size:18.0pt\"><span style=\"font-variant:small-caps\">Eventos<\/span><\/span><\/b><\/span><\/span><\/span><\/p>\r\n\r\n<p style=\"text-align:justify\"><span style=\"font-size:11pt\"><span style=\"line-height:normal\"><span style=\"font-family:Calibri,sans-serif\"><b><span style=\"font-size:14.0pt\">II Congresso Ibero-Americano de Esteriliza&ccedil;&atilde;o e II Congresso Nacional de Reprocessamento de Dispositivos M&eacute;dicos<\/span><\/b><span style=\"font-size:14.0pt\">, 16 a 18 de maio de 2024, Cartagena, Colombia<b>. <\/b><\/span><a href=\"http:\/\/nascecme.com.br\/ii-congresso-ibero-americano-de-esterilizacao-e-ii-congresso-nacional-de-reprocessamento-de-dispositivos-medicos\/\" style=\"color:blue; text-decoration:underline\"><span style=\"font-size:14.0pt\">Informa&ccedil;&otilde;es<\/span><\/a><span style=\"font-size:14.0pt\"> <\/span><\/span><\/span><\/span><\/p>\r\n\r\n<p style=\"text-align:justify\"><span style=\"font-size:11pt\"><span style=\"line-height:normal\"><span style=\"font-family:Calibri,sans-serif\"><b><span style=\"font-size:14.0pt\">3&ordm; F&oacute;rum de Economia Circular<\/span><\/b><span style=\"font-size:14.0pt\">, 22 e 23 de maio de 2024, evento h&iacute;brido, Tri Hotel, Gramado\/ Canela, RS. <\/span><a href=\"https:\/\/www.sympla.com.br\/evento\/3-forum-de-economia-circular\/2376041\" style=\"color:blue; text-decoration:underline\"><span lang=\"EN-US\" style=\"font-size:14.0pt\">Informa&ccedil;&otilde;es e inscri&ccedil;&otilde;es aqui<\/span><\/a> <\/span><\/span><\/span><\/p>\r\n\r\n<p style=\"text-align:justify\"><span style=\"font-size:11pt\"><span style=\"line-height:normal\"><span style=\"font-family:Calibri,sans-serif\"><b><span lang=\"EN-US\" style=\"font-size:14.0pt\">ANEX 2024 | Asia Nonwoven Exhibition and Conference<\/span><\/b><span lang=\"EN-US\" style=\"font-size:14.0pt\">, 22-24 May 2024, Taipei Nangang Exhibition Center, Hall 1. <\/span><a href=\"https:\/\/www.anex2024.com\/\" style=\"color:blue; text-decoration:underline\"><span lang=\"EN-US\" style=\"font-size:14.0pt\">Information here<\/span><\/a> <\/span><\/span><\/span><\/p>\r\n\r\n<p style=\"text-align:justify\"><span style=\"font-size:11pt\"><span style=\"line-height:normal\"><span style=\"font-family:Calibri,sans-serif\"><span lang=\"EN-US\" style=\"font-size:14.0pt\"><img src=\"https:\/\/www.abint.org.br\/assets\/img\/editor\/abtt-academy-curso-compras-texteis-hospitalares_20240516133220JODtiqdJii.jpg\" \/><\/span><\/span><\/span><\/span><\/p>\r\n\r\n<p style=\"text-align:justify\">&nbsp;<\/p>\r\n\r\n<p><span style=\"font-size:11pt\"><span style=\"line-height:normal\"><span style=\"font-family:Calibri,sans-serif\"><a href=\"https:\/\/docs.google.com\/forms\/d\/e\/1FAIpQLSeG7zdl8xZpguBFbIdqyMS61mxfjvFjKOQ3EUqnWgC1RUcAug\/viewform\" style=\"color:blue; text-decoration:underline\"><span style=\"font-size:14.0pt\">Informa&ccedil;&otilde;es e inscri&ccedil;&otilde;es<\/span><\/a><\/span><\/span><\/span><\/p>\r\n\r\n<p style=\"text-align:justify\">&nbsp;<\/p>\r\n\r\n<p style=\"text-align:justify\"><span style=\"font-size:11pt\"><span style=\"line-height:normal\"><span style=\"font-family:Calibri,sans-serif\"><b><span style=\"font-size:14.0pt\">FGV IBRE | X Semin&aacute;rio Anual de Pol&iacute;tica Monet&aacute;ria<\/span><\/b><span style=\"font-size:14.0pt\">, 24 de maio de 2024, presencial, Centro Cultural FGV, 190 - Praia de Botafogo. <\/span><a href=\"https:\/\/evento.fgv.br\/xseminarioanual_ibre2405\/\" style=\"color:blue; text-decoration:underline\"><span lang=\"EN-US\" style=\"font-size:14.0pt\">Informa&ccedil;&otilde;es aqui<\/span><\/a><\/span><\/span><\/span><\/p>\r\n\r\n<p style=\"text-align:justify\"><span style=\"font-size:11pt\"><span style=\"line-height:normal\"><span style=\"font-family:Calibri,sans-serif\"><b><span lang=\"EN-US\" style=\"font-size:14.0pt\">The EDANA Innovation Forum<\/span><\/b><span class=\"MsoHyperlink\" style=\"color:blue\"><span style=\"text-decoration:underline\"><span lang=\"EN-US\" style=\"font-size:14.0pt\"><span style=\"text-decoration:none\"><span style=\"text-underline:none\">, <\/span><\/span><\/span><\/span><\/span><span lang=\"EN-US\" style=\"font-size:14.0pt\">04 - 06 June 2024, Munich<\/span><span class=\"MsoHyperlink\" style=\"color:blue\"><span style=\"text-decoration:underline\"><span lang=\"EN-US\" style=\"font-size:14.0pt\"><span style=\"text-decoration:none\"><span style=\"text-underline:none\">. <\/span><\/span><\/span><\/span><\/span><a href=\"https:\/\/www.edana.org\/events\/edana-innovation-forum-?ct=t(MENA_2018_call_for_papers6_28_2017_COPY_01)&amp;mc_cid=27efeab42f&amp;mc_eid=08e0eae351\" style=\"color:blue; text-decoration:underline\"><span lang=\"EN-US\" style=\"font-size:14.0pt\">Information here<\/span><\/a><\/span><\/span><\/span><\/p>\r\n\r\n<p style=\"text-align:justify\"><span style=\"font-size:11pt\"><span style=\"line-height:normal\"><span style=\"font-family:Calibri,sans-serif\"><b><span lang=\"EN-US\" style=\"font-size:14.0pt\">HIGITEX 2024 | International Technical Textiles &amp; Nonwoven Exhibition<\/span><\/b><span lang=\"EN-US\" style=\"font-size:14.0pt\">, 4-8 June 2024, T&uuml;yap Fair Convention and Congress Center, T&uuml;rkiye. <\/span><a href=\"https:\/\/www.hightex.com.tr\/\" style=\"color:blue; text-decoration:underline\"><span style=\"font-size:14.0pt\">Information here<\/span><\/a> <\/span><\/span><\/span><\/p>\r\n\r\n<p style=\"text-align:justify\"><span style=\"font-size:11pt\"><span style=\"line-height:normal\"><span style=\"font-family:Calibri,sans-serif\"><b><span style=\"font-size:14.0pt\">Workshop | Plano de gerenciamento de res&iacute;duos s&oacute;lidos<\/span><\/b><span style=\"font-size:14.0pt\">, 06 de junho de 2024, evento online. <\/span><a href=\"https:\/\/app.rdstation.email\/mail\/5893d5d3-c08f-4bed-9b26-b4e2f8e26d87?utm_campaign=workshop_residuos_solidos&amp;utm_medium=email&amp;utm_source=RD+Station\" style=\"color:blue; text-decoration:underline\"><span style=\"font-size:14.0pt\">Inscri&ccedil;&otilde;es e informa&ccedil;&otilde;es aqui<\/span><\/a><\/span><\/span><\/span><\/p>\r\n\r\n<p style=\"text-align:justify\"><span style=\"font-size:11pt\"><span style=\"line-height:normal\"><span style=\"font-family:Calibri,sans-serif\"><b><span style=\"font-size:14.0pt\">AESabesp | O Mega Desafio Trazido Pela Nova Lei de Licita&ccedil;&otilde;es e Contratos - Lei 14133\/2021, <\/span><\/b><span style=\"font-size:14.0pt\">17 a 19 de junho de 2024, das 08h &agrave;s 17h, na sede da AESabesp, em S&atilde;o Paulo. <\/span><a href=\"https:\/\/send.neopixdmi.com\/index.php\/campaigns\/bt5255bhowca7\/web-version\/mh045xn88n9c0\" style=\"color:blue; text-decoration:underline\"><span style=\"font-size:14.0pt\">Informa&ccedil;&otilde;es e inscri&ccedil;&otilde;es aqui<\/span><\/a><\/span><\/span><\/span><\/p>\r\n\r\n<p style=\"text-align:justify\"><span style=\"font-size:11pt\"><span style=\"line-height:normal\"><span style=\"font-family:Calibri,sans-serif\"><b><span style=\"font-size:14.0pt\">IHI 2024 - 9&ordm; F&oacute;rum Latino-Americano de Qualidade e Seguran&ccedil;a na Sa&uacute;de<\/span><\/b><span style=\"font-size:14.0pt\">, 09 a 11 de julho de 2024, evento h&iacute;brido, Centro de Ensino e Pesquisa Albert Einstein, Campus Cec&iacute;lia e Abram Szajman, Rua Comendador Elias Jafet, 755, Morumbi, S&atilde;o Paulo\/SP. <\/span><a href=\"http:\/\/www.ihi.ensinoeinstein.com\/\" style=\"color:blue; text-decoration:underline\"><span style=\"font-size:14.0pt\">www.ihi.ensinoeinstein.com<\/span><\/a><span style=\"font-size:14.0pt\"> <\/span><\/span><\/span><\/span><\/p>\r\n\r\n<p style=\"text-align:justify\"><span style=\"font-size:11pt\"><span style=\"line-height:normal\"><span style=\"font-family:Calibri,sans-serif\"><b><span style=\"font-size:14.0pt\">Constru Nordeste<\/span><\/b><span style=\"font-size:14.0pt\">, 31 de julho a 02 de agosto de 2024, Centro de Conven&ccedil;&otilde;es Salvador, Bahia. <\/span><a href=\"http:\/\/www.construnordeste.com.br\" style=\"color:blue; text-decoration:underline\"><span style=\"font-size:14.0pt\">www.construnordeste.com.br<\/span><\/a> <\/span><\/span><\/span><\/p>\r\n\r\n<p style=\"text-align:justify\"><span style=\"font-size:11pt\"><span style=\"line-height:normal\"><span style=\"font-family:Calibri,sans-serif\"><b><span style=\"font-size:14.0pt\">FEIPLAR COMPOSITES &amp; FEIPUR &ndash; Feira e Congresso Internacionais de Composites, Poliuretano, Pl&aacute;sticos de Engenharia e Compostos Termopl&aacute;sticos<\/span><\/b><span style=\"font-size:14.0pt\">, 20 a 22 de agosto de 2024, S&atilde;o Paulo Expo (Pavilh&atilde;o 5), palestras: das 8h30 &agrave;s 18h, feira: das 13h &agrave;s 20h.<b> <\/b><\/span><a href=\"http:\/\/www.feiplar.com\" style=\"color:blue; text-decoration:underline\"><span style=\"font-size:14.0pt\">www.feiplar.com<\/span><\/a> <\/span><\/span><\/span><\/p>\r\n\r\n<p style=\"text-align:justify\"><span style=\"font-size:11pt\"><span style=\"line-height:normal\"><span style=\"font-family:Calibri,sans-serif\"><b><span style=\"font-size:14.0pt\">Fenasan 2024 &ndash; Feira Nacional de Saneamento e Meio Ambiente<\/span><\/b><span style=\"font-size:14.0pt\">, 22 a 24 de outubro de 2024, Pavilh&otilde;es Verde e Vermelho, Expo Center Norte, S&atilde;o Paulo SP. <\/span><a href=\"http:\/\/www.fenasan.com.br\" style=\"color:blue; text-decoration:underline\"><span style=\"font-size:14.0pt\">www.fenasan.com.br<\/span><\/a> <\/span><\/span><\/span><\/p>\r\n\r\n<p style=\"text-align:justify\"><span style=\"font-size:11pt\"><span style=\"line-height:normal\"><span style=\"font-family:Calibri,sans-serif\"><b><span style=\"font-size:14.0pt\">HospitalMed 2024<\/span><\/b><span style=\"font-size:14.0pt\">, 23 a 25 de outubro, das 14h &agrave;s 20h, no Pernambuco Centro de Conven&ccedil;&otilde;es. <\/span><a href=\"http:\/\/www.hospitalmed.com.br\" style=\"color:blue; text-decoration:underline\"><span style=\"font-size:14.0pt\">www.hospitalmed.com.br<\/span><\/a> <\/span><\/span><\/span><\/p>\r\n\r\n<p style=\"text-align:justify\"><span style=\"font-size:11pt\"><span style=\"line-height:normal\"><span style=\"font-family:Calibri,sans-serif\"><b><span style=\"font-size:14.0pt\">Congresso Internacional Abit 2024<\/span><\/b><span style=\"font-size:14.0pt\">, 30 e 31 de outubro, Salvador, Bahia. <\/span><a href=\"http:\/\/www.congressoabit.com.br\" style=\"color:blue; text-decoration:underline\"><span style=\"font-size:14.0pt\">www.congressoabit.com.br<\/span><\/a> <\/span><\/span><\/span><\/p>\r\n\r\n<p style=\"text-align:justify\"><span style=\"font-size:28pt\"><span style=\"font-family:Cambria,serif\"><span style=\"letter-spacing:-0.5pt\"><b><span style=\"font-size:18.0pt\"><span style=\"font-family:&quot;Calibri&quot;,sans-serif\"><span style=\"font-variant:small-caps\">Setor<\/span><\/span><\/span><\/b><\/span><\/span><\/span><\/p>\r\n\r\n<p style=\"text-align:justify\"><span style=\"font-size:11pt\"><span style=\"line-height:normal\"><span style=\"font-family:Calibri,sans-serif\"><a href=\"https:\/\/www.rostos.pt\/inicio2.asp?cronica=9011820&amp;mostra=2&amp;seccao=moldura&amp;titulo=BARREIRO-Unidade-Local-de-Saude-do-Arc\" style=\"color:blue; text-decoration:underline\"><span style=\"font-size:14.0pt\">Reaproveitamento de n&atilde;otecido deu origem a 2953 novos artigos<\/span><\/a><\/span><\/span><\/span><\/p>\r\n\r\n<p style=\"text-align:justify\"><span style=\"font-size:11pt\"><span style=\"line-height:normal\"><span style=\"font-family:Calibri,sans-serif\"><a href=\"https:\/\/www.meiofiltrante.com.br\/Noticia\/124275\/vantagens-dos-filtros-em-salas-limpas\" style=\"color:blue; text-decoration:underline\"><span style=\"font-size:14.0pt\">Vantagens dos filtros em salas limpas<\/span><\/a><\/span><\/span><\/span><\/p>\r\n\r\n<p style=\"text-align:justify\"><span style=\"font-size:11pt\"><span style=\"line-height:normal\"><span style=\"font-family:Calibri,sans-serif\"><a href=\"https:\/\/agorape.blog.br\/2024\/05\/09\/olinda-investe-mais-r-52-milhoes-em-obras-de-protecao-nos-morros-da-cidade\/\" style=\"color:blue; text-decoration:underline\"><span style=\"font-size:14.0pt\">Geomantas: Olinda investe mais R$ 5,2 milh&otilde;es em obras de prote&ccedil;&atilde;o nos morros da cidade<\/span><\/a><\/span><\/span><\/span><\/p>\r\n\r\n<p style=\"text-align:justify\"><span style=\"font-size:11pt\"><span style=\"line-height:normal\"><span style=\"font-family:Calibri,sans-serif\"><a href=\"https:\/\/plasticosemrevista.com.br\/pvc-previsao-de-piora-no-excedente-mundial\/\" style=\"color:blue; text-decoration:underline\"><span style=\"font-size:14.0pt\">PVC: previs&atilde;o de piora no excedente mundial<\/span><\/a><\/span><\/span><\/span><\/p>\r\n\r\n<p style=\"text-align:justify\"><span style=\"font-size:28pt\"><span style=\"font-family:Cambria,serif\"><span style=\"letter-spacing:-0.5pt\"><b><span style=\"font-size:18.0pt\"><span style=\"font-family:&quot;Calibri&quot;,sans-serif\"><span style=\"font-variant:small-caps\">Ind&uacute;stria<\/span><\/span><\/span><\/b><\/span><\/span><\/span><\/p>\r\n\r\n<p style=\"text-align:justify\"><span style=\"font-size:11pt\"><span style=\"line-height:normal\"><span style=\"font-family:Calibri,sans-serif\"><a href=\"https:\/\/agenciadenoticias.ibge.gov.br\/agencia-noticias\/2012-agencia-de-noticias\/noticias\/40019-producao-industrial-avanca-em-cinco-dos-15-locais-pesquisados-em-marco\" style=\"color:blue; text-decoration:underline\"><span style=\"font-size:14.0pt\">Produ&ccedil;&atilde;o industrial avan&ccedil;a em cinco dos 15 locais pesquisados em mar&ccedil;o<\/span><\/a><\/span><\/span><\/span><\/p>\r\n\r\n<p style=\"text-align:justify\"><span style=\"font-size:11pt\"><span style=\"line-height:normal\"><span style=\"font-family:Calibri,sans-serif\"><a href=\"https:\/\/noticias.portaldaindustria.com.br\/noticias\/economia\/horas-trabalhadas-da-industria-de-transformacao-recuaram-em-marco-diz-cni\/\" style=\"color:blue; text-decoration:underline\"><span style=\"font-size:14.0pt\">Horas trabalhadas da ind&uacute;stria de transforma&ccedil;&atilde;o recuaram em mar&ccedil;o, diz CNI<\/span><\/a><\/span><\/span><\/span><\/p>\r\n\r\n<p style=\"text-align:justify\"><span style=\"font-size:11pt\"><span style=\"line-height:normal\"><span style=\"font-family:Calibri,sans-serif\"><a href=\"https:\/\/jornalpp.com.br\/noticias\/economia\/reindustrializacao-e-fundamental-para-o-brasil-diz-luiz-marinho\/\" style=\"color:blue; text-decoration:underline\"><span style=\"font-size:14.0pt\">&ldquo;Reindustrializa&ccedil;&atilde;o &eacute; fundamental para o Brasil&rdquo;, diz Luiz Marinho<\/span><\/a><\/span><\/span><\/span><\/p>\r\n\r\n<p style=\"text-align:justify\"><span style=\"font-size:28pt\"><span style=\"font-family:Cambria,serif\"><span style=\"letter-spacing:-0.5pt\"><b><span lang=\"EN-US\" style=\"font-size:18.0pt\"><span style=\"font-family:&quot;Calibri&quot;,sans-serif\"><span style=\"font-variant:small-caps\">Sustentabilidade<\/span><\/span><\/span><\/b><\/span><\/span><\/span><\/p>\r\n\r\n<p style=\"text-align:justify\"><span style=\"font-size:11pt\"><span style=\"line-height:normal\"><span style=\"font-family:Calibri,sans-serif\"><a href=\"https:\/\/www.nonwovens-industry.com\/contents\/view_breaking-news\/2024-05-08\/mitsui-chemicals-asahi-life-materials-develops-compostable-plastic\/15303\" style=\"color:blue; text-decoration:underline\"><span lang=\"EN-US\" style=\"font-size:14.0pt\">Mitsui Chemicals Asahi Life Materials Develops Compostable Plastic<\/span><\/a><\/span><\/span><\/span><\/p>\r\n\r\n<p style=\"text-align:justify\"><span style=\"font-size:11pt\"><span style=\"line-height:normal\"><span style=\"font-family:Calibri,sans-serif\"><a href=\"https:\/\/phys.org\/news\/2024-05-trash-treasure-exploring-biotic-abiotic.html?utm_source=nwletter&amp;utm_medium=email&amp;utm_campaign=daily-nwletter\" style=\"color:blue; text-decoration:underline\"><span lang=\"EN-US\" style=\"font-size:14.0pt\">Turning trash into treasure: Exploring biotic and abiotic methods for PET plastic upcycling<\/span><\/a><\/span><\/span><\/span><\/p>\r\n\r\n<p style=\"text-align:justify\"><span style=\"font-size:11pt\"><span style=\"line-height:normal\"><span style=\"font-family:Calibri,sans-serif\"><a href=\"https:\/\/www.gov.br\/mdic\/pt-br\/assuntos\/noticias\/2024\/maio\/adaptacao-da-industria-gt-se-reune-para-construir-plano-de-adaptacao-as-mudancas-climaticas\" style=\"color:blue; text-decoration:underline\"><span style=\"font-size:14.0pt\">Adapta&ccedil;&atilde;o da ind&uacute;stria: GT se re&uacute;ne para construir plano de adapta&ccedil;&atilde;o &agrave;s mudan&ccedil;as clim&aacute;ticas<\/span><\/a><\/span><\/span><\/span><\/p>\r\n\r\n<p style=\"text-align:justify\"><span style=\"font-size:11pt\"><span style=\"line-height:normal\"><span style=\"font-family:Calibri,sans-serif\"><a href=\"https:\/\/www.machadomeyer.com.br\/pt\/inteligencia-juridica\/publicacoes-ij\/ambiental\/minas-gerais-define-diretrizes-para-logistica-reversa\" style=\"color:blue; text-decoration:underline\"><span style=\"font-size:14.0pt\">Minas Gerais define diretrizes para log&iacute;stica reversa<\/span><\/a><\/span><\/span><\/span><\/p>\r\n\r\n<p style=\"text-align:justify\"><span style=\"font-size:11pt\"><span style=\"line-height:normal\"><span style=\"font-family:Calibri,sans-serif\"><a href=\"https:\/\/www12.senado.leg.br\/noticias\/materias\/2024\/05\/07\/debatedores-defendem-reciclagem-e-aproveitamento-energetico-de-residuos\" style=\"color:blue; text-decoration:underline\"><span style=\"font-size:14.0pt\">Debatedores defendem reciclagem e aproveitamento energ&eacute;tico de res&iacute;duos<\/span><\/a><\/span><\/span><\/span><\/p>\r\n\r\n<p style=\"text-align:justify\"><span style=\"font-size:11pt\"><span style=\"line-height:normal\"><span style=\"font-family:Calibri,sans-serif\"><a href=\"https:\/\/portugaltextil.com\/loop-faz-parceria-para-reciclar-na-india\/\" style=\"color:blue; text-decoration:underline\"><span style=\"font-size:14.0pt\">Loop faz parceria para reciclar na &Iacute;ndia<\/span><\/a><\/span><\/span><\/span><\/p>\r\n\r\n<p style=\"text-align:justify\"><span style=\"font-size:11pt\"><span style=\"line-height:normal\"><span style=\"font-family:Calibri,sans-serif\"><a href=\"https:\/\/mercadoeconsumo.com.br\/08\/05\/2024\/sustentabilidade\/braskem-vai-investir-ate-r-50-mil-em-projetos-que-promovam-sustentabilidade-e-inclusao\/?utm_campaign=news_-_0805_geral&amp;utm_medium=email&amp;utm_source=RD+Station\" style=\"color:blue; text-decoration:underline\"><span style=\"font-size:14.0pt\">Braskem vai investir at&eacute; R$ 50 mil em projetos que promovam sustentabilidade e inclus&atilde;o<\/span><\/a><\/span><\/span><\/span><\/p>\r\n\r\n<p style=\"text-align:justify\"><span style=\"font-size:28pt\"><span style=\"font-family:Cambria,serif\"><span style=\"letter-spacing:-0.5pt\"><b><span style=\"font-size:18.0pt\"><span style=\"font-family:&quot;Calibri&quot;,sans-serif\"><span style=\"font-variant:small-caps\">Inova&ccedil;&atilde;o<\/span><\/span><\/span><\/b><\/span><\/span><\/span><\/p>\r\n\r\n<p style=\"text-align:justify\"><span style=\"font-size:11pt\"><span style=\"line-height:normal\"><span style=\"font-family:Calibri,sans-serif\"><a href=\"https:\/\/iemi.com.br\/consumo-de-calcados-esportivos-recebe-o-impulso-das-inovacoes\/\" style=\"color:blue; text-decoration:underline\"><span style=\"font-size:14.0pt\">Consumo de cal&ccedil;ados esportivos recebe o impulso das inova&ccedil;&otilde;es<\/span><\/a><\/span><\/span><\/span><\/p>\r\n\r\n<p style=\"text-align:justify\"><span style=\"font-size:11pt\"><span style=\"line-height:normal\"><span style=\"font-family:Calibri,sans-serif\"><a href=\"https:\/\/www.uol.com.br\/tilt\/noticias\/redacao\/2024\/05\/10\/brasil-do-futuro-novo-projeto-do-uol-vai-retratar-inovacoes-brasileiras.htm\" style=\"color:blue; text-decoration:underline\"><span style=\"font-size:14.0pt\">Brasil do Futuro, novo projeto do UOL, trar&aacute; inova&ccedil;&otilde;es que mudar&atilde;o o mundo<\/span><\/a><\/span><\/span><\/span><\/p>\r\n\r\n<p style=\"text-align:justify\"><span style=\"font-size:28pt\"><span style=\"font-family:Cambria,serif\"><span style=\"letter-spacing:-0.5pt\"><b><span style=\"font-size:18.0pt\"><span style=\"font-family:&quot;Calibri&quot;,sans-serif\"><span style=\"font-variant:small-caps\">Com&eacute;rcio Exterior<\/span><\/span><\/span><\/b><\/span><\/span><\/span><\/p>\r\n\r\n<p style=\"text-align:justify\"><span style=\"font-size:11pt\"><span style=\"line-height:normal\"><span style=\"font-family:Calibri,sans-serif\"><a href=\"https:\/\/noticias.portaldaindustria.com.br\/noticias\/internacional\/cni-e-fiergs-propoem-medidas-para-facilitar-o-comercio-exterior-e-acelerar-ajuda-a-populacao-do-rs\/\" style=\"color:blue; text-decoration:underline\"><span style=\"font-size:14.0pt\">CNI e FIERGS prop&otilde;em medidas para facilitar o com&eacute;rcio exterior e acelerar ajuda &agrave; popula&ccedil;&atilde;o do RS<\/span><\/a><\/span><\/span><\/span><\/p>\r\n\r\n<p style=\"text-align:justify\"><span style=\"font-size:11pt\"><span style=\"line-height:normal\"><span style=\"font-family:Calibri,sans-serif\"><a href=\"https:\/\/apexbrasil.com.br\/content\/apexbrasil\/br\/pt\/conteudo\/noticias\/estudo-da-apexbrasil-identifica-mais-de-1-700-oportunidades-come.html#msdynttrid=3U2pIY9tWXLybBixUOl4UVR_k5RR0sjB8Je7DhahHIg\" style=\"color:blue; text-decoration:underline\"><span style=\"font-size:14.0pt\">Estudo da ApexBrasil identifica mais de 1.700 oportunidades comerciais para empresas brasileiras no Chile<\/span><\/a><\/span><\/span><\/span><\/p>\r\n\r\n<p style=\"text-align:justify\"><span style=\"font-size:11pt\"><span style=\"line-height:normal\"><span style=\"font-family:Calibri,sans-serif\"><a href=\"https:\/\/apexbrasil.com.br\/content\/apexbrasil\/br\/pt\/conteudo\/noticias\/apexbrasil-e-jetro--empresa-de-fomento-ao-comercio-no-japao--fir.html#msdynttrid=ldEEmTLOGkJ8eKqYDcMcfzXErmQvm3vi8LvFfVkZXrQ\" style=\"color:blue; text-decoration:underline\"><span style=\"font-size:14.0pt\">ApexBrasil e JETRO, ag&ecirc;ncia de promo&ccedil;&atilde;o ao com&eacute;rcio exterior do Jap&atilde;o, firmam Memorando de Entendimento para ampliar com&eacute;rcio e troca de investimentos<\/span><\/a><\/span><\/span><\/span><\/p>\r\n\r\n<p style=\"text-align:justify\"><span style=\"font-size:11pt\"><span style=\"line-height:normal\"><span style=\"font-family:Calibri,sans-serif\"><a href=\"https:\/\/apexbrasil.com.br\/content\/apexbrasil\/br\/pt\/conteudo\/noticias\/perfil-pais-eau-arabia-saudita.html#msdynttrid=JenKNhIklvWpfm37824VWUx6pdXcU_4VQwUwA3lVrbA\" style=\"color:blue; text-decoration:underline\"><span style=\"font-size:14.0pt\">Estudos da ApexBrasil revelam potencial de com&eacute;rcio e investimento com Emirados &Aacute;rabes Unidos e Ar&aacute;bia Saudita<\/span><\/a><\/span><\/span><\/span><\/p>\r\n\r\n<p style=\"text-align:justify\"><span style=\"font-size:11pt\"><span style=\"line-height:normal\"><span style=\"font-family:Calibri,sans-serif\"><a href=\"https:\/\/agenciabrasil.ebc.com.br\/economia\/noticia\/2024-05\/balanca-comercial-tem-superavit-de-us-9041-bilhoes-em-abril\" style=\"color:blue; text-decoration:underline\"><span style=\"font-size:14.0pt\">Balan&ccedil;a comercial tem super&aacute;vit de US$ 9,041 bilh&otilde;es em abril<\/span><\/a><\/span><\/span><\/span><\/p>\r\n\r\n<p style=\"text-align:justify\"><span style=\"font-size:28pt\"><span style=\"font-family:Cambria,serif\"><span style=\"letter-spacing:-0.5pt\"><b><span style=\"font-size:18.0pt\"><span style=\"font-family:&quot;Calibri&quot;,sans-serif\"><span style=\"font-variant:small-caps\">Economia<\/span><\/span><\/span><\/b><\/span><\/span><\/span><\/p>\r\n\r\n<p style=\"text-align:justify\"><span style=\"font-size:11pt\"><span style=\"line-height:normal\"><span style=\"font-family:Calibri,sans-serif\"><a href=\"https:\/\/www.bcb.gov.br\/content\/focus\/focus\/R20240510.pdf\" style=\"color:blue; text-decoration:underline\"><span style=\"font-size:14.0pt\">Focus - Relat&oacute;rio de Mercado<\/span><\/a><\/span><\/span><\/span><\/p>\r\n\r\n<p style=\"text-align:justify\"><span style=\"font-size:11pt\"><span style=\"line-height:normal\"><span style=\"font-family:Calibri,sans-serif\"><a href=\"https:\/\/portalibre.fgv.br\/system\/files\/2024-05\/barometros-globais-kof-fgv_press-release_05_2024.pdf\" style=\"color:blue; text-decoration:underline\"><span style=\"font-size:14.0pt\">Bar&ocirc;metros Globais avan&ccedil;am novamente em maio<\/span><\/a><\/span><\/span><\/span><\/p>\r\n\r\n<p style=\"text-align:justify\"><span style=\"font-size:11pt\"><span style=\"line-height:normal\"><span style=\"font-family:Calibri,sans-serif\"><a href=\"https:\/\/www12.senado.leg.br\/noticias\/materias\/2024\/05\/09\/haddad-apresenta-a-pacheco-acordo-sobre-desoneracao-da-folha-de-pagamento\" style=\"color:blue; text-decoration:underline\"><span style=\"font-size:14.0pt\">Haddad apresenta a Pacheco acordo sobre desonera&ccedil;&atilde;o da folha de pagamento<\/span><\/a><\/span><\/span><\/span><\/p>\r\n\r\n<p style=\"text-align:justify\"><span style=\"font-size:11pt\"><span style=\"line-height:normal\"><span style=\"font-family:Calibri,sans-serif\"><a href=\"https:\/\/www12.senado.leg.br\/noticias\/materias\/2024\/05\/09\/haddad-apresenta-a-pacheco-acordo-sobre-desoneracao-da-folha-de-pagamento\" style=\"color:blue; text-decoration:underline\"><span style=\"font-size:14.0pt\"><img src=\"https:\/\/www.abint.org.br\/assets\/img\/editor\/redes-sociais-abint-ctg-cth_20240516133541nKXt0Nf1F8.jpg\" \/><\/span><\/a><\/span><\/span><\/span><\/p>\r\n","6":"<p style=\"text-align:justify\"><span style=\"font-size:11pt\"><span style=\"line-height:normal\"><span style=\"font-family:Calibri,sans-serif\"><span style=\"font-size:14.0pt\">Esta &eacute; uma compila&ccedil;&atilde;o das not&iacute;cias mais relevantes para o setor, incluindo informa&ccedil;&otilde;es sobre acordos internacionais, economia brasileira, sustentabilidade e mat&eacute;rias primas, al&eacute;m de novidades do setor de N&atilde;otecidos e Tecidos T&eacute;cnicos.<\/span><\/span><\/span><\/span><\/p>\r\n\r\n<p style=\"text-align:justify\"><span style=\"font-size:28pt\"><span style=\"font-family:Cambria,serif\"><span style=\"letter-spacing:-0.5pt\"><b><span style=\"font-size:18.0pt\"><span style=\"font-family:&quot;Calibri&quot;,sans-serif\"><span style=\"font-variant:small-caps\">O que vem por a&iacute;<\/span><\/span><\/span><\/b><\/span><\/span><\/span><\/p>\r\n\r\n<p style=\"text-align:justify\"><span style=\"font-size:28pt\"><span style=\"font-family:Cambria,serif\"><span style=\"letter-spacing:-0.5pt\"><b><span style=\"font-size:18.0pt\"><span style=\"font-family:&quot;Calibri&quot;,sans-serif\"><span style=\"font-variant:small-caps\"><img src=\"https:\/\/www.abint.org.br\/assets\/img\/editor\/abint-logo-2020-g_20240516132516EsWwBD8JET.png\" style=\"width: 300px; height: 69px;\" \/><\/span><\/span><\/span><\/b><\/span><\/span><\/span><\/p>\r\n\r\n<p style=\"text-align:justify\"><span style=\"font-size:28pt\"><span style=\"font-family:Cambria,serif\"><span style=\"letter-spacing:-0.5pt\"><b><span style=\"font-size:18.0pt\"><span style=\"font-family:&quot;Calibri&quot;,sans-serif\"><span style=\"font-variant:small-caps\"><img src=\"https:\/\/www.abint.org.br\/assets\/img\/editor\/post-quadrado-curso-naotecido_2024051613255414zFwrcRTF.jpg\" style=\"width: 500px; height: 500px;\" \/><\/span><\/span><\/span><\/b><\/span><\/span><\/span><\/p>\r\n\r\n<p style=\"text-align:justify\">&nbsp;<\/p>\r\n\r\n<p style=\"text-align:justify\"><span style=\"font-size:11pt\"><span style=\"line-height:normal\"><span style=\"font-family:Calibri,sans-serif\"><a href=\"https:\/\/forms.office.com\/r\/5DrqtK5n3Y\" style=\"color:blue; text-decoration:underline\"><span style=\"font-size:14.0pt\">Informa&ccedil;&otilde;es e inscri&ccedil;&otilde;es<\/span><\/a><\/span><\/span><\/span><\/p>\r\n\r\n<p style=\"text-align:justify\">&nbsp;<\/p>\r\n\r\n<p style=\"text-align:justify\"><span style=\"font-size:11pt\"><span style=\"line-height:normal\"><span style=\"font-family:Calibri,sans-serif\"><span style=\"font-size:14.0pt\"><img src=\"https:\/\/www.abint.org.br\/assets\/img\/editor\/logo-ctg-abint-png_20240516132651iPYxoVtihD.png\" style=\"width: 300px; height: 55px;\" \/><\/span><\/span><\/span><\/span><\/p>\r\n\r\n<p style=\"text-align:justify\"><span style=\"font-size:11pt\"><span style=\"line-height:normal\"><span style=\"font-family:Calibri,sans-serif\"><span style=\"font-size:14.0pt\"><img src=\"https:\/\/www.abint.org.br\/assets\/img\/editor\/20240924-cobramseg-2024_20240516132736vvXgAss5c0.png\" \/><\/span><\/span><\/span><\/span><\/p>\r\n\r\n<p style=\"text-align:justify\"><span style=\"font-size:11pt\"><span style=\"line-height:normal\"><span style=\"font-family:Calibri,sans-serif\"><b><span style=\"font-size:14.0pt\">O CTG ABINT &eacute; um dos patrocinadores da 21&ordf; edi&ccedil;&atilde;o do Cobramseg &ndash; Congresso Brasileiro de Mec&acirc;nica dos Solos e Engenharia Geot&eacute;cnica.<\/span><\/b><\/span><\/span><\/span><\/p>\r\n\r\n<p style=\"text-align:justify\"><span style=\"font-size:11pt\"><span style=\"line-height:normal\"><span style=\"font-family:Calibri,sans-serif\"><span style=\"font-size:14.0pt\">&ldquo;<i>Nos reunimos para celebrar a Mec&acirc;nica dos Solos e das Rochas, da GeoEngenharia! Academia, Ind&uacute;stria e &Oacute;rg&atilde;os Gestores unidos para expor seus avan&ccedil;os t&eacute;cnicos e cient&iacute;ficos. Um ambiente rico e diverso que nos permite debater solu&ccedil;&otilde;es e a&ccedil;&otilde;es de forma a fortalecer nossa comunidade geot&eacute;cnica, visando proporcionar um desenvolvimento mais sustent&aacute;vel e seguro para a nossa sociedade<\/i>.&rdquo; V&iacute;tor Pereira Faro, Presidente do COBRAMSEG 2024<\/span><\/span><\/span><\/span><\/p>\r\n\r\n<p style=\"text-align:justify\"><span style=\"font-size:11pt\"><span style=\"line-height:normal\"><span style=\"font-family:Calibri,sans-serif\"><a href=\"http:\/\/www.cobramseg.com.br\" style=\"color:blue; text-decoration:underline\"><span style=\"font-size:14.0pt\">www.cobramseg.com.br<\/span><\/a> <\/span><\/span><\/span><\/p>\r\n\r\n<p style=\"text-align:justify\"><span style=\"font-size:11pt\"><span style=\"line-height:normal\"><span style=\"font-family:Calibri,sans-serif\"><span style=\"font-size:14.0pt\"><img src=\"https:\/\/www.abint.org.br\/assets\/img\/editor\/fenasan-2024_20240516132808Wa1mW4p53q.jpg\" \/><\/span><\/span><\/span><\/span><\/p>\r\n\r\n<p>O&nbsp;<b>CTG ABINT apoia a Feira Nacional de Saneamento e Meio Ambiente &ndash; Fenasan e do 35&ordm; Encontro T&eacute;cnico AESabesp, que ocorrer&atilde;o de 22 a 24 de outubro de 2024<\/b>, no Pavilh&atilde;o Verde e Vermelho, no Expo Center Norte, em S&atilde;o Paulo. Trata-se do maior evento de saneamento da Am&eacute;rica Latin. A realiza&ccedil;&atilde;o &eacute; da AESabesp &ndash; Associa&ccedil;&atilde;o dos Engenheiros da Sabesp.<\/p>\r\n\r\n<p><i>O tema central desta edi&ccedil;&atilde;o &eacute; &ldquo;Saneamento ambiental: condi&ccedil;&atilde;o fundamental para o enfrentamento das mudan&ccedil;as clim&aacute;ticas&rdquo;. Com um p&uacute;blico tradicionalmente de 22 mil visitantes e alinhada aos ODS &ndash; Objetivos de Desenvolvimento Sustent&aacute;vel estabelecidos pela ONU e aos conceitos de ESG, a edi&ccedil;&atilde;o 2024 continuar&aacute; ampliando o di&aacute;logo em torno das quest&otilde;es de saneamento ambiental, meio ambiente e sustentabilidade e promovendo o compartilhamento de conhecimento altamente qualificado.<\/i><\/p>\r\n\r\n<p><a href=\"http:\/\/www.fenasan.com.br\/\">www.fenasan.com.br<\/a><\/p>\r\n\r\n<p><img src=\"https:\/\/www.abint.org.br\/assets\/img\/editor\/cth-logo-alta-png-2_202405161328499sHoIzJp57.png\" style=\"width: 300px; height: 68px;\" \/><\/p>\r\n\r\n<p><img src=\"https:\/\/www.abint.org.br\/assets\/img\/editor\/hospitalmed-2024-logo_20240516132914OpJjlpFU4N.png\" style=\"width: 500px; height: 448px;\" \/><\/p>\r\n\r\n<p style=\"text-align:justify\"><span style=\"font-size:11pt\"><span style=\"line-height:normal\"><span style=\"font-family:Calibri,sans-serif\"><b><span style=\"font-size:12.0pt\">O CTH ABINT &eacute; um dos patrocinadores da HospitalMed 2024.<\/span><\/b><\/span><\/span><\/span><\/p>\r\n\r\n<p style=\"text-align:justify\"><span style=\"font-size:11pt\"><span style=\"line-height:normal\"><span style=\"font-family:Calibri,sans-serif\"><span style=\"font-size:12.0pt\">&ldquo;<i>A melhor e Mais Completa Feira de Sa&uacute;de do Norte\/Nordeste<\/i>&rdquo;, &eacute; uma realiza&ccedil;&atilde;o da HospitalMed Feiras &amp; Eventos e da Insight Feiras de Neg&oacute;cios.<\/span><\/span><\/span><\/span><\/p>\r\n\r\n<p style=\"text-align:justify\"><span style=\"font-size:11pt\"><span style=\"line-height:normal\"><span style=\"font-family:Calibri,sans-serif\"><i><span style=\"font-size:12.0pt\">&ldquo;O <b>re&uacute;ne toda a cadeia produtiva do setor de sa&uacute;de das regi&otilde;es Norte\/Nordeste<\/b>. &Eacute; o grande encontro de fornecedores de Produtos, Equipamentos, Servi&ccedil;os, Tecnologia e Conte&uacute;do para Hospitais, Laborat&oacute;rios, Farm&aacute;cias, Cl&iacute;nicas, Consult&oacute;rios e Profissionais da Sa&uacute;de&rdquo;.<\/span><\/i><\/span><\/span><\/span><\/p>\r\n\r\n<p style=\"text-align:justify\"><span style=\"font-size:11pt\"><span style=\"line-height:normal\"><span style=\"font-family:Calibri,sans-serif\"><a href=\"http:\/\/www.hospitalmed.com.br\" style=\"color:blue; text-decoration:underline\"><span style=\"font-size:14.0pt\">www.hospitalmed.com.br<\/span><\/a> <\/span><\/span><\/span><\/p>\r\n\r\n<p style=\"text-align:justify\"><span style=\"font-size:28pt\"><span style=\"font-family:Cambria,serif\"><span style=\"letter-spacing:-0.5pt\"><b><span style=\"font-size:18.0pt\"><span style=\"font-family:&quot;Calibri&quot;,sans-serif\"><span style=\"font-variant:small-caps\">Not&iacute;cias das Associadas<\/span><\/span><\/span><\/b><\/span><\/span><\/span><\/p>\r\n\r\n<p style=\"text-align:justify\"><span style=\"font-size:11pt\"><span style=\"line-height:normal\"><span style=\"font-family:Calibri,sans-serif\"><a href=\"https:\/\/www.technicaltextile.net\/news\/suominen-upgrades-production-lines-in-bethune-us-295025.html\" style=\"color:blue; text-decoration:underline\"><span lang=\"EN-US\" style=\"font-size:14.0pt\">Suominen upgrades production lines in Bethune, US<\/span><\/a><\/span><\/span><\/span><\/p>\r\n\r\n<p style=\"text-align:justify\">&nbsp;<\/p>\r\n\r\n<p style=\"text-align:justify\"><span style=\"font-size:11pt\"><span style=\"line-height:normal\"><span style=\"font-family:Calibri,sans-serif\"><b><span style=\"font-size:18.0pt\"><span style=\"font-variant:small-caps\">Eventos<\/span><\/span><\/b><\/span><\/span><\/span><\/p>\r\n\r\n<p style=\"text-align:justify\"><span style=\"font-size:11pt\"><span style=\"line-height:normal\"><span style=\"font-family:Calibri,sans-serif\"><b><span style=\"font-size:14.0pt\">II Congresso Ibero-Americano de Esteriliza&ccedil;&atilde;o e II Congresso Nacional de Reprocessamento de Dispositivos M&eacute;dicos<\/span><\/b><span style=\"font-size:14.0pt\">, 16 a 18 de maio de 2024, Cartagena, Colombia<b>. <\/b><\/span><a href=\"http:\/\/nascecme.com.br\/ii-congresso-ibero-americano-de-esterilizacao-e-ii-congresso-nacional-de-reprocessamento-de-dispositivos-medicos\/\" style=\"color:blue; text-decoration:underline\"><span style=\"font-size:14.0pt\">Informa&ccedil;&otilde;es<\/span><\/a><span style=\"font-size:14.0pt\"> <\/span><\/span><\/span><\/span><\/p>\r\n\r\n<p style=\"text-align:justify\"><span style=\"font-size:11pt\"><span style=\"line-height:normal\"><span style=\"font-family:Calibri,sans-serif\"><b><span style=\"font-size:14.0pt\">3&ordm; F&oacute;rum de Economia Circular<\/span><\/b><span style=\"font-size:14.0pt\">, 22 e 23 de maio de 2024, evento h&iacute;brido, Tri Hotel, Gramado\/ Canela, RS. <\/span><a href=\"https:\/\/www.sympla.com.br\/evento\/3-forum-de-economia-circular\/2376041\" style=\"color:blue; text-decoration:underline\"><span lang=\"EN-US\" style=\"font-size:14.0pt\">Informa&ccedil;&otilde;es e inscri&ccedil;&otilde;es aqui<\/span><\/a> <\/span><\/span><\/span><\/p>\r\n\r\n<p style=\"text-align:justify\"><span style=\"font-size:11pt\"><span style=\"line-height:normal\"><span style=\"font-family:Calibri,sans-serif\"><b><span lang=\"EN-US\" style=\"font-size:14.0pt\">ANEX 2024 | Asia Nonwoven Exhibition and Conference<\/span><\/b><span lang=\"EN-US\" style=\"font-size:14.0pt\">, 22-24 May 2024, Taipei Nangang Exhibition Center, Hall 1. <\/span><a href=\"https:\/\/www.anex2024.com\/\" style=\"color:blue; text-decoration:underline\"><span lang=\"EN-US\" style=\"font-size:14.0pt\">Information here<\/span><\/a> <\/span><\/span><\/span><\/p>\r\n\r\n<p style=\"text-align:justify\"><span style=\"font-size:11pt\"><span style=\"line-height:normal\"><span style=\"font-family:Calibri,sans-serif\"><span lang=\"EN-US\" style=\"font-size:14.0pt\"><img src=\"https:\/\/www.abint.org.br\/assets\/img\/editor\/abtt-academy-curso-compras-texteis-hospitalares_20240516133220JODtiqdJii.jpg\" \/><\/span><\/span><\/span><\/span><\/p>\r\n\r\n<p style=\"text-align:justify\">&nbsp;<\/p>\r\n\r\n<p><span style=\"font-size:11pt\"><span style=\"line-height:normal\"><span style=\"font-family:Calibri,sans-serif\"><a href=\"https:\/\/docs.google.com\/forms\/d\/e\/1FAIpQLSeG7zdl8xZpguBFbIdqyMS61mxfjvFjKOQ3EUqnWgC1RUcAug\/viewform\" style=\"color:blue; text-decoration:underline\"><span style=\"font-size:14.0pt\">Informa&ccedil;&otilde;es e inscri&ccedil;&otilde;es<\/span><\/a><\/span><\/span><\/span><\/p>\r\n\r\n<p style=\"text-align:justify\">&nbsp;<\/p>\r\n\r\n<p style=\"text-align:justify\"><span style=\"font-size:11pt\"><span style=\"line-height:normal\"><span style=\"font-family:Calibri,sans-serif\"><b><span style=\"font-size:14.0pt\">FGV IBRE | X Semin&aacute;rio Anual de Pol&iacute;tica Monet&aacute;ria<\/span><\/b><span style=\"font-size:14.0pt\">, 24 de maio de 2024, presencial, Centro Cultural FGV, 190 - Praia de Botafogo. <\/span><a href=\"https:\/\/evento.fgv.br\/xseminarioanual_ibre2405\/\" style=\"color:blue; text-decoration:underline\"><span lang=\"EN-US\" style=\"font-size:14.0pt\">Informa&ccedil;&otilde;es aqui<\/span><\/a><\/span><\/span><\/span><\/p>\r\n\r\n<p style=\"text-align:justify\"><span style=\"font-size:11pt\"><span style=\"line-height:normal\"><span style=\"font-family:Calibri,sans-serif\"><b><span lang=\"EN-US\" style=\"font-size:14.0pt\">The EDANA Innovation Forum<\/span><\/b><span class=\"MsoHyperlink\" style=\"color:blue\"><span style=\"text-decoration:underline\"><span lang=\"EN-US\" style=\"font-size:14.0pt\"><span style=\"text-decoration:none\"><span style=\"text-underline:none\">, <\/span><\/span><\/span><\/span><\/span><span lang=\"EN-US\" style=\"font-size:14.0pt\">04 - 06 June 2024, Munich<\/span><span class=\"MsoHyperlink\" style=\"color:blue\"><span style=\"text-decoration:underline\"><span lang=\"EN-US\" style=\"font-size:14.0pt\"><span style=\"text-decoration:none\"><span style=\"text-underline:none\">. <\/span><\/span><\/span><\/span><\/span><a href=\"https:\/\/www.edana.org\/events\/edana-innovation-forum-?ct=t(MENA_2018_call_for_papers6_28_2017_COPY_01)&amp;mc_cid=27efeab42f&amp;mc_eid=08e0eae351\" style=\"color:blue; text-decoration:underline\"><span lang=\"EN-US\" style=\"font-size:14.0pt\">Information here<\/span><\/a><\/span><\/span><\/span><\/p>\r\n\r\n<p style=\"text-align:justify\"><span style=\"font-size:11pt\"><span style=\"line-height:normal\"><span style=\"font-family:Calibri,sans-serif\"><b><span lang=\"EN-US\" style=\"font-size:14.0pt\">HIGITEX 2024 | International Technical Textiles &amp; Nonwoven Exhibition<\/span><\/b><span lang=\"EN-US\" style=\"font-size:14.0pt\">, 4-8 June 2024, T&uuml;yap Fair Convention and Congress Center, T&uuml;rkiye. <\/span><a href=\"https:\/\/www.hightex.com.tr\/\" style=\"color:blue; text-decoration:underline\"><span style=\"font-size:14.0pt\">Information here<\/span><\/a> <\/span><\/span><\/span><\/p>\r\n\r\n<p style=\"text-align:justify\"><span style=\"font-size:11pt\"><span style=\"line-height:normal\"><span style=\"font-family:Calibri,sans-serif\"><b><span style=\"font-size:14.0pt\">Workshop | Plano de gerenciamento de res&iacute;duos s&oacute;lidos<\/span><\/b><span style=\"font-size:14.0pt\">, 06 de junho de 2024, evento online. <\/span><a href=\"https:\/\/app.rdstation.email\/mail\/5893d5d3-c08f-4bed-9b26-b4e2f8e26d87?utm_campaign=workshop_residuos_solidos&amp;utm_medium=email&amp;utm_source=RD+Station\" style=\"color:blue; text-decoration:underline\"><span style=\"font-size:14.0pt\">Inscri&ccedil;&otilde;es e informa&ccedil;&otilde;es aqui<\/span><\/a><\/span><\/span><\/span><\/p>\r\n\r\n<p style=\"text-align:justify\"><span style=\"font-size:11pt\"><span style=\"line-height:normal\"><span style=\"font-family:Calibri,sans-serif\"><b><span style=\"font-size:14.0pt\">AESabesp | O Mega Desafio Trazido Pela Nova Lei de Licita&ccedil;&otilde;es e Contratos - Lei 14133\/2021, <\/span><\/b><span style=\"font-size:14.0pt\">17 a 19 de junho de 2024, das 08h &agrave;s 17h, na sede da AESabesp, em S&atilde;o Paulo. <\/span><a href=\"https:\/\/send.neopixdmi.com\/index.php\/campaigns\/bt5255bhowca7\/web-version\/mh045xn88n9c0\" style=\"color:blue; text-decoration:underline\"><span style=\"font-size:14.0pt\">Informa&ccedil;&otilde;es e inscri&ccedil;&otilde;es aqui<\/span><\/a><\/span><\/span><\/span><\/p>\r\n\r\n<p style=\"text-align:justify\"><span style=\"font-size:11pt\"><span style=\"line-height:normal\"><span style=\"font-family:Calibri,sans-serif\"><b><span style=\"font-size:14.0pt\">IHI 2024 - 9&ordm; F&oacute;rum Latino-Americano de Qualidade e Seguran&ccedil;a na Sa&uacute;de<\/span><\/b><span style=\"font-size:14.0pt\">, 09 a 11 de julho de 2024, evento h&iacute;brido, Centro de Ensino e Pesquisa Albert Einstein, Campus Cec&iacute;lia e Abram Szajman, Rua Comendador Elias Jafet, 755, Morumbi, S&atilde;o Paulo\/SP. <\/span><a href=\"http:\/\/www.ihi.ensinoeinstein.com\/\" style=\"color:blue; text-decoration:underline\"><span style=\"font-size:14.0pt\">www.ihi.ensinoeinstein.com<\/span><\/a><span style=\"font-size:14.0pt\"> <\/span><\/span><\/span><\/span><\/p>\r\n\r\n<p style=\"text-align:justify\"><span style=\"font-size:11pt\"><span style=\"line-height:normal\"><span style=\"font-family:Calibri,sans-serif\"><b><span style=\"font-size:14.0pt\">Constru Nordeste<\/span><\/b><span style=\"font-size:14.0pt\">, 31 de julho a 02 de agosto de 2024, Centro de Conven&ccedil;&otilde;es Salvador, Bahia. <\/span><a href=\"http:\/\/www.construnordeste.com.br\" style=\"color:blue; text-decoration:underline\"><span style=\"font-size:14.0pt\">www.construnordeste.com.br<\/span><\/a> <\/span><\/span><\/span><\/p>\r\n\r\n<p style=\"text-align:justify\"><span style=\"font-size:11pt\"><span style=\"line-height:normal\"><span style=\"font-family:Calibri,sans-serif\"><b><span style=\"font-size:14.0pt\">FEIPLAR COMPOSITES &amp; FEIPUR &ndash; Feira e Congresso Internacionais de Composites, Poliuretano, Pl&aacute;sticos de Engenharia e Compostos Termopl&aacute;sticos<\/span><\/b><span style=\"font-size:14.0pt\">, 20 a 22 de agosto de 2024, S&atilde;o Paulo Expo (Pavilh&atilde;o 5), palestras: das 8h30 &agrave;s 18h, feira: das 13h &agrave;s 20h.<b> <\/b><\/span><a href=\"http:\/\/www.feiplar.com\" style=\"color:blue; text-decoration:underline\"><span style=\"font-size:14.0pt\">www.feiplar.com<\/span><\/a> <\/span><\/span><\/span><\/p>\r\n\r\n<p style=\"text-align:justify\"><span style=\"font-size:11pt\"><span style=\"line-height:normal\"><span style=\"font-family:Calibri,sans-serif\"><b><span style=\"font-size:14.0pt\">Fenasan 2024 &ndash; Feira Nacional de Saneamento e Meio Ambiente<\/span><\/b><span style=\"font-size:14.0pt\">, 22 a 24 de outubro de 2024, Pavilh&otilde;es Verde e Vermelho, Expo Center Norte, S&atilde;o Paulo SP. <\/span><a href=\"http:\/\/www.fenasan.com.br\" style=\"color:blue; text-decoration:underline\"><span style=\"font-size:14.0pt\">www.fenasan.com.br<\/span><\/a> <\/span><\/span><\/span><\/p>\r\n\r\n<p style=\"text-align:justify\"><span style=\"font-size:11pt\"><span style=\"line-height:normal\"><span style=\"font-family:Calibri,sans-serif\"><b><span style=\"font-size:14.0pt\">HospitalMed 2024<\/span><\/b><span style=\"font-size:14.0pt\">, 23 a 25 de outubro, das 14h &agrave;s 20h, no Pernambuco Centro de Conven&ccedil;&otilde;es. <\/span><a href=\"http:\/\/www.hospitalmed.com.br\" style=\"color:blue; text-decoration:underline\"><span style=\"font-size:14.0pt\">www.hospitalmed.com.br<\/span><\/a> <\/span><\/span><\/span><\/p>\r\n\r\n<p style=\"text-align:justify\"><span style=\"font-size:11pt\"><span style=\"line-height:normal\"><span style=\"font-family:Calibri,sans-serif\"><b><span style=\"font-size:14.0pt\">Congresso Internacional Abit 2024<\/span><\/b><span style=\"font-size:14.0pt\">, 30 e 31 de outubro, Salvador, Bahia. <\/span><a href=\"http:\/\/www.congressoabit.com.br\" style=\"color:blue; text-decoration:underline\"><span style=\"font-size:14.0pt\">www.congressoabit.com.br<\/span><\/a> <\/span><\/span><\/span><\/p>\r\n\r\n<p style=\"text-align:justify\"><span style=\"font-size:28pt\"><span style=\"font-family:Cambria,serif\"><span style=\"letter-spacing:-0.5pt\"><b><span style=\"font-size:18.0pt\"><span style=\"font-family:&quot;Calibri&quot;,sans-serif\"><span style=\"font-variant:small-caps\">Setor<\/span><\/span><\/span><\/b><\/span><\/span><\/span><\/p>\r\n\r\n<p style=\"text-align:justify\"><span style=\"font-size:11pt\"><span style=\"line-height:normal\"><span style=\"font-family:Calibri,sans-serif\"><a href=\"https:\/\/www.rostos.pt\/inicio2.asp?cronica=9011820&amp;mostra=2&amp;seccao=moldura&amp;titulo=BARREIRO-Unidade-Local-de-Saude-do-Arc\" style=\"color:blue; text-decoration:underline\"><span style=\"font-size:14.0pt\">Reaproveitamento de n&atilde;otecido deu origem a 2953 novos artigos<\/span><\/a><\/span><\/span><\/span><\/p>\r\n\r\n<p style=\"text-align:justify\"><span style=\"font-size:11pt\"><span style=\"line-height:normal\"><span style=\"font-family:Calibri,sans-serif\"><a href=\"https:\/\/www.meiofiltrante.com.br\/Noticia\/124275\/vantagens-dos-filtros-em-salas-limpas\" style=\"color:blue; text-decoration:underline\"><span style=\"font-size:14.0pt\">Vantagens dos filtros em salas limpas<\/span><\/a><\/span><\/span><\/span><\/p>\r\n\r\n<p style=\"text-align:justify\"><span style=\"font-size:11pt\"><span style=\"line-height:normal\"><span style=\"font-family:Calibri,sans-serif\"><a href=\"https:\/\/agorape.blog.br\/2024\/05\/09\/olinda-investe-mais-r-52-milhoes-em-obras-de-protecao-nos-morros-da-cidade\/\" style=\"color:blue; text-decoration:underline\"><span style=\"font-size:14.0pt\">Geomantas: Olinda investe mais R$ 5,2 milh&otilde;es em obras de prote&ccedil;&atilde;o nos morros da cidade<\/span><\/a><\/span><\/span><\/span><\/p>\r\n\r\n<p style=\"text-align:justify\"><span style=\"font-size:11pt\"><span style=\"line-height:normal\"><span style=\"font-family:Calibri,sans-serif\"><a href=\"https:\/\/plasticosemrevista.com.br\/pvc-previsao-de-piora-no-excedente-mundial\/\" style=\"color:blue; text-decoration:underline\"><span style=\"font-size:14.0pt\">PVC: previs&atilde;o de piora no excedente mundial<\/span><\/a><\/span><\/span><\/span><\/p>\r\n\r\n<p style=\"text-align:justify\"><span style=\"font-size:28pt\"><span style=\"font-family:Cambria,serif\"><span style=\"letter-spacing:-0.5pt\"><b><span style=\"font-size:18.0pt\"><span style=\"font-family:&quot;Calibri&quot;,sans-serif\"><span style=\"font-variant:small-caps\">Ind&uacute;stria<\/span><\/span><\/span><\/b><\/span><\/span><\/span><\/p>\r\n\r\n<p style=\"text-align:justify\"><span style=\"font-size:11pt\"><span style=\"line-height:normal\"><span style=\"font-family:Calibri,sans-serif\"><a href=\"https:\/\/agenciadenoticias.ibge.gov.br\/agencia-noticias\/2012-agencia-de-noticias\/noticias\/40019-producao-industrial-avanca-em-cinco-dos-15-locais-pesquisados-em-marco\" style=\"color:blue; text-decoration:underline\"><span style=\"font-size:14.0pt\">Produ&ccedil;&atilde;o industrial avan&ccedil;a em cinco dos 15 locais pesquisados em mar&ccedil;o<\/span><\/a><\/span><\/span><\/span><\/p>\r\n\r\n<p style=\"text-align:justify\"><span style=\"font-size:11pt\"><span style=\"line-height:normal\"><span style=\"font-family:Calibri,sans-serif\"><a href=\"https:\/\/noticias.portaldaindustria.com.br\/noticias\/economia\/horas-trabalhadas-da-industria-de-transformacao-recuaram-em-marco-diz-cni\/\" style=\"color:blue; text-decoration:underline\"><span style=\"font-size:14.0pt\">Horas trabalhadas da ind&uacute;stria de transforma&ccedil;&atilde;o recuaram em mar&ccedil;o, diz CNI<\/span><\/a><\/span><\/span><\/span><\/p>\r\n\r\n<p style=\"text-align:justify\"><span style=\"font-size:11pt\"><span style=\"line-height:normal\"><span style=\"font-family:Calibri,sans-serif\"><a href=\"https:\/\/jornalpp.com.br\/noticias\/economia\/reindustrializacao-e-fundamental-para-o-brasil-diz-luiz-marinho\/\" style=\"color:blue; text-decoration:underline\"><span style=\"font-size:14.0pt\">&ldquo;Reindustrializa&ccedil;&atilde;o &eacute; fundamental para o Brasil&rdquo;, diz Luiz Marinho<\/span><\/a><\/span><\/span><\/span><\/p>\r\n\r\n<p style=\"text-align:justify\"><span style=\"font-size:28pt\"><span style=\"font-family:Cambria,serif\"><span style=\"letter-spacing:-0.5pt\"><b><span lang=\"EN-US\" style=\"font-size:18.0pt\"><span style=\"font-family:&quot;Calibri&quot;,sans-serif\"><span style=\"font-variant:small-caps\">Sustentabilidade<\/span><\/span><\/span><\/b><\/span><\/span><\/span><\/p>\r\n\r\n<p style=\"text-align:justify\"><span style=\"font-size:11pt\"><span style=\"line-height:normal\"><span style=\"font-family:Calibri,sans-serif\"><a href=\"https:\/\/www.nonwovens-industry.com\/contents\/view_breaking-news\/2024-05-08\/mitsui-chemicals-asahi-life-materials-develops-compostable-plastic\/15303\" style=\"color:blue; text-decoration:underline\"><span lang=\"EN-US\" style=\"font-size:14.0pt\">Mitsui Chemicals Asahi Life Materials Develops Compostable Plastic<\/span><\/a><\/span><\/span><\/span><\/p>\r\n\r\n<p style=\"text-align:justify\"><span style=\"font-size:11pt\"><span style=\"line-height:normal\"><span style=\"font-family:Calibri,sans-serif\"><a href=\"https:\/\/phys.org\/news\/2024-05-trash-treasure-exploring-biotic-abiotic.html?utm_source=nwletter&amp;utm_medium=email&amp;utm_campaign=daily-nwletter\" style=\"color:blue; text-decoration:underline\"><span lang=\"EN-US\" style=\"font-size:14.0pt\">Turning trash into treasure: Exploring biotic and abiotic methods for PET plastic upcycling<\/span><\/a><\/span><\/span><\/span><\/p>\r\n\r\n<p style=\"text-align:justify\"><span style=\"font-size:11pt\"><span style=\"line-height:normal\"><span style=\"font-family:Calibri,sans-serif\"><a href=\"https:\/\/www.gov.br\/mdic\/pt-br\/assuntos\/noticias\/2024\/maio\/adaptacao-da-industria-gt-se-reune-para-construir-plano-de-adaptacao-as-mudancas-climaticas\" style=\"color:blue; text-decoration:underline\"><span style=\"font-size:14.0pt\">Adapta&ccedil;&atilde;o da ind&uacute;stria: GT se re&uacute;ne para construir plano de adapta&ccedil;&atilde;o &agrave;s mudan&ccedil;as clim&aacute;ticas<\/span><\/a><\/span><\/span><\/span><\/p>\r\n\r\n<p style=\"text-align:justify\"><span style=\"font-size:11pt\"><span style=\"line-height:normal\"><span style=\"font-family:Calibri,sans-serif\"><a href=\"https:\/\/www.machadomeyer.com.br\/pt\/inteligencia-juridica\/publicacoes-ij\/ambiental\/minas-gerais-define-diretrizes-para-logistica-reversa\" style=\"color:blue; text-decoration:underline\"><span style=\"font-size:14.0pt\">Minas Gerais define diretrizes para log&iacute;stica reversa<\/span><\/a><\/span><\/span><\/span><\/p>\r\n\r\n<p style=\"text-align:justify\"><span style=\"font-size:11pt\"><span style=\"line-height:normal\"><span style=\"font-family:Calibri,sans-serif\"><a href=\"https:\/\/www12.senado.leg.br\/noticias\/materias\/2024\/05\/07\/debatedores-defendem-reciclagem-e-aproveitamento-energetico-de-residuos\" style=\"color:blue; text-decoration:underline\"><span style=\"font-size:14.0pt\">Debatedores defendem reciclagem e aproveitamento energ&eacute;tico de res&iacute;duos<\/span><\/a><\/span><\/span><\/span><\/p>\r\n\r\n<p style=\"text-align:justify\"><span style=\"font-size:11pt\"><span style=\"line-height:normal\"><span style=\"font-family:Calibri,sans-serif\"><a href=\"https:\/\/portugaltextil.com\/loop-faz-parceria-para-reciclar-na-india\/\" style=\"color:blue; text-decoration:underline\"><span style=\"font-size:14.0pt\">Loop faz parceria para reciclar na &Iacute;ndia<\/span><\/a><\/span><\/span><\/span><\/p>\r\n\r\n<p style=\"text-align:justify\"><span style=\"font-size:11pt\"><span style=\"line-height:normal\"><span style=\"font-family:Calibri,sans-serif\"><a href=\"https:\/\/mercadoeconsumo.com.br\/08\/05\/2024\/sustentabilidade\/braskem-vai-investir-ate-r-50-mil-em-projetos-que-promovam-sustentabilidade-e-inclusao\/?utm_campaign=news_-_0805_geral&amp;utm_medium=email&amp;utm_source=RD+Station\" style=\"color:blue; text-decoration:underline\"><span style=\"font-size:14.0pt\">Braskem vai investir at&eacute; R$ 50 mil em projetos que promovam sustentabilidade e inclus&atilde;o<\/span><\/a><\/span><\/span><\/span><\/p>\r\n\r\n<p style=\"text-align:justify\"><span style=\"font-size:28pt\"><span style=\"font-family:Cambria,serif\"><span style=\"letter-spacing:-0.5pt\"><b><span style=\"font-size:18.0pt\"><span style=\"font-family:&quot;Calibri&quot;,sans-serif\"><span style=\"font-variant:small-caps\">Inova&ccedil;&atilde;o<\/span><\/span><\/span><\/b><\/span><\/span><\/span><\/p>\r\n\r\n<p style=\"text-align:justify\"><span style=\"font-size:11pt\"><span style=\"line-height:normal\"><span style=\"font-family:Calibri,sans-serif\"><a href=\"https:\/\/iemi.com.br\/consumo-de-calcados-esportivos-recebe-o-impulso-das-inovacoes\/\" style=\"color:blue; text-decoration:underline\"><span style=\"font-size:14.0pt\">Consumo de cal&ccedil;ados esportivos recebe o impulso das inova&ccedil;&otilde;es<\/span><\/a><\/span><\/span><\/span><\/p>\r\n\r\n<p style=\"text-align:justify\"><span style=\"font-size:11pt\"><span style=\"line-height:normal\"><span style=\"font-family:Calibri,sans-serif\"><a href=\"https:\/\/www.uol.com.br\/tilt\/noticias\/redacao\/2024\/05\/10\/brasil-do-futuro-novo-projeto-do-uol-vai-retratar-inovacoes-brasileiras.htm\" style=\"color:blue; text-decoration:underline\"><span style=\"font-size:14.0pt\">Brasil do Futuro, novo projeto do UOL, trar&aacute; inova&ccedil;&otilde;es que mudar&atilde;o o mundo<\/span><\/a><\/span><\/span><\/span><\/p>\r\n\r\n<p style=\"text-align:justify\"><span style=\"font-size:28pt\"><span style=\"font-family:Cambria,serif\"><span style=\"letter-spacing:-0.5pt\"><b><span style=\"font-size:18.0pt\"><span style=\"font-family:&quot;Calibri&quot;,sans-serif\"><span style=\"font-variant:small-caps\">Com&eacute;rcio Exterior<\/span><\/span><\/span><\/b><\/span><\/span><\/span><\/p>\r\n\r\n<p style=\"text-align:justify\"><span style=\"font-size:11pt\"><span style=\"line-height:normal\"><span style=\"font-family:Calibri,sans-serif\"><a href=\"https:\/\/noticias.portaldaindustria.com.br\/noticias\/internacional\/cni-e-fiergs-propoem-medidas-para-facilitar-o-comercio-exterior-e-acelerar-ajuda-a-populacao-do-rs\/\" style=\"color:blue; text-decoration:underline\"><span style=\"font-size:14.0pt\">CNI e FIERGS prop&otilde;em medidas para facilitar o com&eacute;rcio exterior e acelerar ajuda &agrave; popula&ccedil;&atilde;o do RS<\/span><\/a><\/span><\/span><\/span><\/p>\r\n\r\n<p style=\"text-align:justify\"><span style=\"font-size:11pt\"><span style=\"line-height:normal\"><span style=\"font-family:Calibri,sans-serif\"><a href=\"https:\/\/apexbrasil.com.br\/content\/apexbrasil\/br\/pt\/conteudo\/noticias\/estudo-da-apexbrasil-identifica-mais-de-1-700-oportunidades-come.html#msdynttrid=3U2pIY9tWXLybBixUOl4UVR_k5RR0sjB8Je7DhahHIg\" style=\"color:blue; text-decoration:underline\"><span style=\"font-size:14.0pt\">Estudo da ApexBrasil identifica mais de 1.700 oportunidades comerciais para empresas brasileiras no Chile<\/span><\/a><\/span><\/span><\/span><\/p>\r\n\r\n<p style=\"text-align:justify\"><span style=\"font-size:11pt\"><span style=\"line-height:normal\"><span style=\"font-family:Calibri,sans-serif\"><a href=\"https:\/\/apexbrasil.com.br\/content\/apexbrasil\/br\/pt\/conteudo\/noticias\/apexbrasil-e-jetro--empresa-de-fomento-ao-comercio-no-japao--fir.html#msdynttrid=ldEEmTLOGkJ8eKqYDcMcfzXErmQvm3vi8LvFfVkZXrQ\" style=\"color:blue; text-decoration:underline\"><span style=\"font-size:14.0pt\">ApexBrasil e JETRO, ag&ecirc;ncia de promo&ccedil;&atilde;o ao com&eacute;rcio exterior do Jap&atilde;o, firmam Memorando de Entendimento para ampliar com&eacute;rcio e troca de investimentos<\/span><\/a><\/span><\/span><\/span><\/p>\r\n\r\n<p style=\"text-align:justify\"><span style=\"font-size:11pt\"><span style=\"line-height:normal\"><span style=\"font-family:Calibri,sans-serif\"><a href=\"https:\/\/apexbrasil.com.br\/content\/apexbrasil\/br\/pt\/conteudo\/noticias\/perfil-pais-eau-arabia-saudita.html#msdynttrid=JenKNhIklvWpfm37824VWUx6pdXcU_4VQwUwA3lVrbA\" style=\"color:blue; text-decoration:underline\"><span style=\"font-size:14.0pt\">Estudos da ApexBrasil revelam potencial de com&eacute;rcio e investimento com Emirados &Aacute;rabes Unidos e Ar&aacute;bia Saudita<\/span><\/a><\/span><\/span><\/span><\/p>\r\n\r\n<p style=\"text-align:justify\"><span style=\"font-size:11pt\"><span style=\"line-height:normal\"><span style=\"font-family:Calibri,sans-serif\"><a href=\"https:\/\/agenciabrasil.ebc.com.br\/economia\/noticia\/2024-05\/balanca-comercial-tem-superavit-de-us-9041-bilhoes-em-abril\" style=\"color:blue; text-decoration:underline\"><span style=\"font-size:14.0pt\">Balan&ccedil;a comercial tem super&aacute;vit de US$ 9,041 bilh&otilde;es em abril<\/span><\/a><\/span><\/span><\/span><\/p>\r\n\r\n<p style=\"text-align:justify\"><span style=\"font-size:28pt\"><span style=\"font-family:Cambria,serif\"><span style=\"letter-spacing:-0.5pt\"><b><span style=\"font-size:18.0pt\"><span style=\"font-family:&quot;Calibri&quot;,sans-serif\"><span style=\"font-variant:small-caps\">Economia<\/span><\/span><\/span><\/b><\/span><\/span><\/span><\/p>\r\n\r\n<p style=\"text-align:justify\"><span style=\"font-size:11pt\"><span style=\"line-height:normal\"><span style=\"font-family:Calibri,sans-serif\"><a href=\"https:\/\/www.bcb.gov.br\/content\/focus\/focus\/R20240510.pdf\" style=\"color:blue; text-decoration:underline\"><span style=\"font-size:14.0pt\">Focus - Relat&oacute;rio de Mercado<\/span><\/a><\/span><\/span><\/span><\/p>\r\n\r\n<p style=\"text-align:justify\"><span style=\"font-size:11pt\"><span style=\"line-height:normal\"><span style=\"font-family:Calibri,sans-serif\"><a href=\"https:\/\/portalibre.fgv.br\/system\/files\/2024-05\/barometros-globais-kof-fgv_press-release_05_2024.pdf\" style=\"color:blue; text-decoration:underline\"><span style=\"font-size:14.0pt\">Bar&ocirc;metros Globais avan&ccedil;am novamente em maio<\/span><\/a><\/span><\/span><\/span><\/p>\r\n\r\n<p style=\"text-align:justify\"><span style=\"font-size:11pt\"><span style=\"line-height:normal\"><span style=\"font-family:Calibri,sans-serif\"><a href=\"https:\/\/www12.senado.leg.br\/noticias\/materias\/2024\/05\/09\/haddad-apresenta-a-pacheco-acordo-sobre-desoneracao-da-folha-de-pagamento\" style=\"color:blue; text-decoration:underline\"><span style=\"font-size:14.0pt\">Haddad apresenta a Pacheco acordo sobre desonera&ccedil;&atilde;o da folha de pagamento<\/span><\/a><\/span><\/span><\/span><\/p>\r\n\r\n<p style=\"text-align:justify\"><span style=\"font-size:11pt\"><span style=\"line-height:normal\"><span style=\"font-family:Calibri,sans-serif\"><a href=\"https:\/\/www12.senado.leg.br\/noticias\/materias\/2024\/05\/09\/haddad-apresenta-a-pacheco-acordo-sobre-desoneracao-da-folha-de-pagamento\" style=\"color:blue; text-decoration:underline\"><span style=\"font-size:14.0pt\"><img src=\"https:\/\/www.abint.org.br\/assets\/img\/editor\/redes-sociais-abint-ctg-cth_20240516133541nKXt0Nf1F8.jpg\" \/><\/span><\/a><\/span><\/span><\/span><\/p>\r\n","texto_en":"","7":"","imagem":"COMP_capa-2024-site-boletim-abint-noticias-semanis_20240516133624pjlgpMkxOj.jpg","8":"COMP_capa-2024-site-boletim-abint-noticias-semanis_20240516133624pjlgpMkxOj.jpg","arquivo":"20240514-BOLETIM-ABINT-DE-NOTICIAS-SEMANAIS.PDF","9":"20240514-BOLETIM-ABINT-DE-NOTICIAS-SEMANAIS.PDF","titulo_arquivo":"20240514 Boletim ABINT de Not\u00edcias Semanais","10":"20240514 Boletim ABINT de Not\u00edcias Semanais","titulo_arquivo_en":"","11":"","created_at":"2024-05-16 13:36:34","12":"2024-05-16 13:36:34","updated_at":"2024-05-16 13:36:34","13":"2024-05-16 13:36:34"},{"id":117,"0":117,"ordem":105,"1":105,"data":"2024-05-07","2":"2024-05-07","slug":"boletim-abint-de-noticias-semanais-29","3":"boletim-abint-de-noticias-semanais-29","titulo":"Boletim ABINT de Not\u00edcias Semanais","4":"Boletim ABINT de Not\u00edcias Semanais","titulo_en":"","5":"","texto":"<p style=\"text-align:justify\"><span style=\"font-size:11pt\"><span style=\"line-height:normal\"><span style=\"font-family:Calibri,sans-serif\"><span style=\"font-size:14.0pt\">Esta &eacute; uma compila&ccedil;&atilde;o das not&iacute;cias mais relevantes para o setor, incluindo informa&ccedil;&otilde;es sobre acordos internacionais, economia brasileira, sustentabilidade e mat&eacute;rias primas, al&eacute;m de novidades do setor de N&atilde;otecidos e Tecidos T&eacute;cnicos.<\/span><\/span><\/span><\/span><\/p>\r\n\r\n<p style=\"text-align:justify\"><span style=\"font-size:28pt\"><span style=\"font-family:Cambria,serif\"><span style=\"letter-spacing:-0.5pt\"><b><span style=\"font-size:18.0pt\"><span style=\"font-family:&quot;Calibri&quot;,sans-serif\"><span style=\"font-variant:small-caps\">O que vem por a&iacute;<\/span><\/span><\/span><\/b><\/span><\/span><\/span><\/p>\r\n\r\n<p style=\"text-align:justify\"><span style=\"font-size:28pt\"><span style=\"font-family:Cambria,serif\"><span style=\"letter-spacing:-0.5pt\"><b><span style=\"font-size:18.0pt\"><span style=\"font-family:&quot;Calibri&quot;,sans-serif\"><span style=\"font-variant:small-caps\"><img src=\"https:\/\/www.abint.org.br\/assets\/img\/editor\/logo-ctg-abint-png_20240508150154oCcwnsudlH.png\" style=\"width: 300px; height: 55px;\" \/><\/span><\/span><\/span><\/b><\/span><\/span><\/span><\/p>\r\n\r\n<p style=\"text-align:justify\"><span style=\"font-size:28pt\"><span style=\"font-family:Cambria,serif\"><span style=\"letter-spacing:-0.5pt\"><b><span style=\"font-size:18.0pt\"><span style=\"font-family:&quot;Calibri&quot;,sans-serif\"><span style=\"font-variant:small-caps\"><img src=\"https:\/\/www.abint.org.br\/assets\/img\/editor\/20240924-cobramseg-2024_20240508150236cdgmm51Bzz.png\" \/><\/span><\/span><\/span><\/b><\/span><\/span><\/span><\/p>\r\n\r\n<p style=\"text-align:justify\"><span style=\"font-size:11pt\"><span style=\"line-height:normal\"><span style=\"font-family:Calibri,sans-serif\"><b><span style=\"font-size:14.0pt\">O CTG ABINT &eacute; um dos patrocinadores da 21&ordf; edi&ccedil;&atilde;o do Cobramseg &ndash; Congresso Brasileiro de Mec&acirc;nica dos Solos e Engenharia Geot&eacute;cnica.<\/span><\/b><\/span><\/span><\/span><\/p>\r\n\r\n<p style=\"text-align:justify\"><span style=\"font-size:11pt\"><span style=\"line-height:normal\"><span style=\"font-family:Calibri,sans-serif\"><span style=\"font-size:14.0pt\">&ldquo;<i>Nos reunimos para celebrar a Mec&acirc;nica dos Solos e das Rochas, da GeoEngenharia! Academia, Ind&uacute;stria e &Oacute;rg&atilde;os Gestores unidos para expor seus avan&ccedil;os t&eacute;cnicos e cient&iacute;ficos. Um ambiente rico e diverso que nos permite debater solu&ccedil;&otilde;es e a&ccedil;&otilde;es de forma a fortalecer nossa comunidade geot&eacute;cnica, visando proporcionar um desenvolvimento mais sustent&aacute;vel e seguro para a nossa sociedade<\/i>.&rdquo; V&iacute;tor Pereira Faro, Presidente do COBRAMSEG 2024<\/span><\/span><\/span><\/span><\/p>\r\n\r\n<p style=\"text-align:justify\"><span style=\"font-size:11pt\"><span style=\"line-height:normal\"><span style=\"font-family:Calibri,sans-serif\"><a href=\"http:\/\/www.cobramseg.com.br\" style=\"color:blue; text-decoration:underline\"><span style=\"font-size:14.0pt\">www.cobramseg.com.br<\/span><\/a> <\/span><\/span><\/span><\/p>\r\n\r\n<p style=\"text-align:justify\">&nbsp;<\/p>\r\n\r\n<p style=\"text-align:justify\"><span style=\"font-size:11pt\"><span style=\"line-height:normal\"><span style=\"font-family:Calibri,sans-serif\"><span style=\"font-size:14.0pt\"><img src=\"https:\/\/www.abint.org.br\/assets\/img\/editor\/fenasan-2024_20240508150312Idr1UaHEQv.jpg\" \/><\/span><\/span><\/span><\/span><\/p>\r\n\r\n<p style=\"text-align:justify\"><span style=\"font-size:11pt\"><span style=\"line-height:normal\"><span style=\"font-family:Calibri,sans-serif\"><span style=\"font-size:14.0pt\">O <b>CTG ABINT apoia a Feira Nacional de Saneamento e Meio Ambiente &ndash; Fenasan e do 35&ordm; Encontro T&eacute;cnico AESabesp, que ocorrer&atilde;o de 22 a 24 de outubro de 2024<\/b>, no Pavilh&atilde;o Verde e Vermelho, no Expo Center Norte, em S&atilde;o Paulo. Trata-se do maior evento de saneamento da Am&eacute;rica Latin. A realiza&ccedil;&atilde;o &eacute; da AESabesp &ndash; Associa&ccedil;&atilde;o dos Engenheiros da Sabesp.<\/span><\/span><\/span><\/span><\/p>\r\n\r\n<p style=\"text-align:justify\"><span style=\"font-size:11pt\"><span style=\"line-height:normal\"><span style=\"font-family:Calibri,sans-serif\"><i><span style=\"font-size:14.0pt\">O tema central desta edi&ccedil;&atilde;o &eacute; &ldquo;Saneamento ambiental: condi&ccedil;&atilde;o fundamental para o enfrentamento das mudan&ccedil;as clim&aacute;ticas&rdquo;. Com um p&uacute;blico tradicionalmente de 22 mil visitantes e alinhada aos ODS &ndash; Objetivos de Desenvolvimento Sustent&aacute;vel estabelecidos pela ONU e aos conceitos de ESG, a edi&ccedil;&atilde;o 2024 continuar&aacute; ampliando o di&aacute;logo em torno das quest&otilde;es de saneamento ambiental, meio ambiente e sustentabilidade e promovendo o compartilhamento de conhecimento altamente qualificado.<\/span><\/i><\/span><\/span><\/span><\/p>\r\n\r\n<p style=\"text-align:justify\"><span style=\"font-size:11.0pt\"><span style=\"line-height:115%\"><span style=\"font-family:&quot;Calibri&quot;,sans-serif\"><a href=\"http:\/\/www.fenasan.com.br\" style=\"color:blue; text-decoration:underline\"><span style=\"font-size:14.0pt\"><span style=\"line-height:115%\">www.fenasan.com.br<\/span><\/span><\/a><\/span><\/span><\/span><\/p>\r\n\r\n<p style=\"text-align:justify\">&nbsp;<\/p>\r\n\r\n<p style=\"text-align:justify\"><span style=\"font-size:11.0pt\"><span style=\"line-height:115%\"><span style=\"font-family:&quot;Calibri&quot;,sans-serif\"><span style=\"font-size:14.0pt\"><span style=\"line-height:115%\"><img src=\"https:\/\/www.abint.org.br\/assets\/img\/editor\/cth-logo-alta-png-2_20240508150422IL6RpXsoiq.png\" style=\"width: 300px; height: 68px;\" \/><\/span><\/span><\/span><\/span><\/span><\/p>\r\n\r\n<p style=\"text-align:justify\"><span style=\"font-size:11.0pt\"><span style=\"line-height:115%\"><span style=\"font-family:&quot;Calibri&quot;,sans-serif\"><span style=\"font-size:14.0pt\"><span style=\"line-height:115%\"><img src=\"https:\/\/www.abint.org.br\/assets\/img\/editor\/hospitalmed-2024-logo_20240508150446pOkt5qw44B.png\" style=\"width: 500px; height: 448px;\" \/><\/span><\/span><\/span><\/span><\/span><\/p>\r\n\r\n<p style=\"text-align:justify\"><span style=\"font-size:11pt\"><span style=\"line-height:normal\"><span style=\"font-family:Calibri,sans-serif\"><b><span style=\"font-size:12.0pt\">O CTH ABINT &eacute; um dos patrocinadores da HospitalMed 2024.<\/span><\/b><\/span><\/span><\/span><\/p>\r\n\r\n<p style=\"text-align:justify\"><span style=\"font-size:11pt\"><span style=\"line-height:normal\"><span style=\"font-family:Calibri,sans-serif\"><span style=\"font-size:12.0pt\">&ldquo;<i>A melhor e Mais Completa Feira de Sa&uacute;de do Norte\/Nordeste<\/i>&rdquo;, &eacute; uma realiza&ccedil;&atilde;o da HospitalMed Feiras &amp; Eventos e da Insight Feiras de Neg&oacute;cios.<\/span><\/span><\/span><\/span><\/p>\r\n\r\n<p style=\"text-align:justify\"><span style=\"font-size:11pt\"><span style=\"line-height:normal\"><span style=\"font-family:Calibri,sans-serif\"><i><span style=\"font-size:12.0pt\">&ldquo;O <b>re&uacute;ne toda a cadeia produtiva do setor de sa&uacute;de das regi&otilde;es Norte\/Nordeste<\/b>. &Eacute; o grande encontro de fornecedores de Produtos, Equipamentos, Servi&ccedil;os, Tecnologia e Conte&uacute;do para Hospitais, Laborat&oacute;rios, Farm&aacute;cias, Cl&iacute;nicas, Consult&oacute;rios e Profissionais da Sa&uacute;de&rdquo;.<\/span><\/i><\/span><\/span><\/span><\/p>\r\n\r\n<p style=\"text-align:justify\"><span style=\"font-size:11.0pt\"><span style=\"line-height:115%\"><span style=\"font-family:&quot;Calibri&quot;,sans-serif\"><a href=\"http:\/\/www.hospitalmed.com.br\" style=\"color:blue; text-decoration:underline\"><span style=\"font-size:14.0pt\"><span style=\"line-height:115%\">www.hospitalmed.com.br<\/span><\/span><\/a><\/span><\/span><\/span><\/p>\r\n\r\n<p class=\"MsoTitle\" style=\"text-align:justify\"><span style=\"font-size:28pt\"><span style=\"font-family:Cambria,serif\"><span style=\"letter-spacing:-0.5pt\"><b><span style=\"font-size:18.0pt\"><span style=\"font-family:&quot;Calibri&quot;,sans-serif\"><span style=\"font-variant:small-caps\">Not&iacute;cias das Associadas<\/span><\/span><\/span><\/b><\/span><\/span><\/span><\/p>\r\n\r\n<p style=\"text-align:justify\"><span style=\"font-size:11pt\"><span style=\"line-height:normal\"><span style=\"font-family:Calibri,sans-serif\"><a href=\"https:\/\/www.technicaltextile.net\/news\/andritz-starts-new-nonwovens-production-line-in-turkiye-294824.html\" style=\"color:blue; text-decoration:underline\"><span lang=\"EN-US\" style=\"font-size:14.0pt\">Andritz starts new nonwovens production line in Turkiye<\/span><\/a><\/span><\/span><\/span><\/p>\r\n\r\n<p style=\"text-align:justify\"><span style=\"font-size:11pt\"><span style=\"line-height:normal\"><span style=\"font-family:Calibri,sans-serif\"><a href=\"https:\/\/www.nonwovens-industry.com\/contents\/view_breaking-news\/2024-05-02\/suominen-to-upgrade-line-in-bethune?utm_campaign=NON+eNewsletter&amp;utm_medium=email&amp;_hsenc=p2ANqtz-9BawP0jalU7j1cmtPiDQ8aFhDLXZs-e_fQYahh6IBrS1cfPbVjcwqnfizMsSYlR-ybLt1GbhqqqvP9CwoArUlgSCzH2g&amp;_hsmi=305386244&amp;utm_content=305386244&amp;utm_source=hs_email\" style=\"color:blue; text-decoration:underline\"><span lang=\"EN-US\" style=\"font-size:14.0pt\">Suominen to Upgrade Line in Bethune<\/span><\/a><\/span><\/span><\/span><\/p>\r\n\r\n<p style=\"text-align:justify\"><span style=\"font-size:11pt\"><span style=\"line-height:normal\"><span style=\"font-family:Calibri,sans-serif\"><a href=\"https:\/\/blog.truetzschler.com\/2024\/03\/28\/truecycled-a-holistic-approach-to-textile-recycling-success\/\" style=\"color:blue; text-decoration:underline\"><span lang=\"EN-US\" style=\"font-size:14.0pt\">Tr&uuml;tzschler | Truecycled: A holistic approach to textile recycling success<\/span><\/a><\/span><\/span><\/span><\/p>\r\n\r\n<p style=\"text-align:justify\">&nbsp;<\/p>\r\n\r\n<p style=\"text-align:justify\"><span style=\"font-size:11pt\"><span style=\"line-height:normal\"><span style=\"font-family:Calibri,sans-serif\"><b><span style=\"font-size:18.0pt\"><span style=\"font-variant:small-caps\">Eventos<\/span><\/span><\/b><\/span><\/span><\/span><\/p>\r\n\r\n<p style=\"text-align:justify\"><span style=\"font-size:11pt\"><span style=\"line-height:normal\"><span style=\"font-family:Calibri,sans-serif\"><b><span style=\"font-size:14.0pt\">FEIMEC &ndash; Feira Internacional de M&aacute;quinas e Equipamentos<\/span><\/b><span style=\"font-size:14.0pt\">, de 07 a 11 de maio, em S&atilde;o Paulo, SP. <\/span><a href=\"https:\/\/www.feimec.com.br\/pt\/credenciamento.html?utm_source=google&amp;utm_medium=cpc&amp;utm_campaign=adsplay_credenciamento-nacional&amp;utm_content=search&amp;gad_source=1&amp;gclid=CjwKCAjwoPOwBhAeEiwAJuXRh7unoGd-fW2cbQEN167PXF_UYWUlcdMLJ49wARV3pl1rJuXKhNSXyBoCWiUQAvD_BwE\" style=\"color:blue; text-decoration:underline\"><span style=\"font-size:14.0pt\">Informa&ccedil;&otilde;es<\/span><\/a><\/span><\/span><\/span><\/p>\r\n\r\n<p style=\"text-align:justify\"><span style=\"font-size:11pt\"><span style=\"line-height:normal\"><span style=\"font-family:Calibri,sans-serif\"><b><span style=\"font-size:14.0pt\">Etiquetagem de T&ecirc;xteis com &ecirc;nfase na norma da ABNT NBR ISO 3758:2013<\/span><\/b><span style=\"font-size:14.0pt\">, 13 e 14 de maio de 2024, online. <\/span><a href=\"https:\/\/mailchi.mp\/148ecb21a034\/curso-etiquetagem-de-txteis?e=c07d99bfad\" style=\"color:blue; text-decoration:underline\"><span style=\"font-size:14.0pt\">Informa&ccedil;&otilde;es e inscri&ccedil;&otilde;es aqui<\/span><\/a><\/span><\/span><\/span><\/p>\r\n\r\n<p style=\"text-align:justify\"><span style=\"font-size:11pt\"><span style=\"line-height:normal\"><span style=\"font-family:Calibri,sans-serif\"><b><span style=\"font-size:14.0pt\">II Congresso Ibero-Americano de Esteriliza&ccedil;&atilde;o e II Congresso Nacional de Reprocessamento de Dispositivos M&eacute;dicos<\/span><\/b><span style=\"font-size:14.0pt\">, 16 a 18 de maio de 2024, Cartagena, Colombia<b>. <\/b><\/span><a href=\"http:\/\/nascecme.com.br\/ii-congresso-ibero-americano-de-esterilizacao-e-ii-congresso-nacional-de-reprocessamento-de-dispositivos-medicos\/\" style=\"color:blue; text-decoration:underline\"><span style=\"font-size:14.0pt\">Informa&ccedil;&otilde;es<\/span><\/a> <\/span><\/span><\/span><\/p>\r\n\r\n<p style=\"text-align:justify\"><span style=\"font-size:11pt\"><span style=\"line-height:normal\"><span style=\"font-family:Calibri,sans-serif\"><b><span style=\"font-size:14.0pt\">3&ordm; F&oacute;rum de Economia Circular<\/span><\/b><span style=\"font-size:14.0pt\">, 22 e 23 de maio de 2024, evento h&iacute;brido, Tri Hotel, Gramado\/ Canela, RS. <\/span><a href=\"https:\/\/www.sympla.com.br\/evento\/3-forum-de-economia-circular\/2376041\" style=\"color:blue; text-decoration:underline\"><span style=\"font-size:14.0pt\">Informa&ccedil;&otilde;es e inscri&ccedil;&otilde;es aqui<\/span><\/a> <\/span><\/span><\/span><\/p>\r\n\r\n<p style=\"text-align:justify\"><span style=\"font-size:11pt\"><span style=\"line-height:normal\"><span style=\"font-family:Calibri,sans-serif\"><b><span lang=\"EN-US\" style=\"font-size:14.0pt\">ANEX 2024 | Asia Nonwoven Exhibition and Conference<\/span><\/b><span lang=\"EN-US\" style=\"font-size:14.0pt\">, 22-24 May 2024, Taipei Nangang Exhibition Center, Hall 1. <\/span><a href=\"https:\/\/www.anex2024.com\/\" style=\"color:blue; text-decoration:underline\"><span lang=\"EN-US\" style=\"font-size:14.0pt\">Information here<\/span><\/a> <\/span><\/span><\/span><\/p>\r\n\r\n<p style=\"text-align:justify\"><img src=\"https:\/\/www.abint.org.br\/assets\/img\/editor\/abtt-academy-curso-compras-texteis-hospitalares_20240508150923BljBwu60yh.jpg\" \/><\/p>\r\n\r\n<p style=\"text-align:justify\"><span style=\"font-size:11pt\"><span style=\"line-height:normal\"><span style=\"font-family:Calibri,sans-serif\"><a href=\"https:\/\/docs.google.com\/forms\/d\/e\/1FAIpQLSeG7zdl8xZpguBFbIdqyMS61mxfjvFjKOQ3EUqnWgC1RUcAug\/viewform\" style=\"color:blue; text-decoration:underline\"><span style=\"font-size:14.0pt\">INFORMA&Ccedil;&Otilde;ES E INSCRI&Ccedil;&Otilde;ES<\/span><\/a><\/span><\/span><\/span><\/p>\r\n\r\n<p style=\"text-align:justify\"><span style=\"font-size:11pt\"><span style=\"line-height:normal\"><span style=\"font-family:Calibri,sans-serif\"><b><span style=\"font-size:14.0pt\">FGV IBRE | X Semin&aacute;rio Anual de Pol&iacute;tica Monet&aacute;ria<\/span><\/b><span style=\"font-size:14.0pt\">, 24 de maio de 2024, presencial, Centro Cultural FGV, 190 - Praia de Botafogo. <\/span><a href=\"https:\/\/evento.fgv.br\/xseminarioanual_ibre2405\/\" style=\"color:blue; text-decoration:underline\"><span lang=\"EN-US\" style=\"font-size:14.0pt\">Informa&ccedil;&otilde;es aqui<\/span><\/a><\/span><\/span><\/span><\/p>\r\n\r\n<p style=\"text-align:justify\"><span style=\"font-size:11pt\"><span style=\"line-height:normal\"><span style=\"font-family:Calibri,sans-serif\"><b><span lang=\"EN-US\" style=\"font-size:14.0pt\">The EDANA Innovation Forum<\/span><\/b><span class=\"MsoHyperlink\" style=\"color:blue\"><span style=\"text-decoration:underline\"><span lang=\"EN-US\" style=\"font-size:14.0pt\"><span style=\"text-decoration:none\"><span style=\"text-underline:none\">, <\/span><\/span><\/span><\/span><\/span><span lang=\"EN-US\" style=\"font-size:14.0pt\">04 - 06 June 2024, Munich<\/span><span class=\"MsoHyperlink\" style=\"color:blue\"><span style=\"text-decoration:underline\"><span lang=\"EN-US\" style=\"font-size:14.0pt\"><span style=\"text-decoration:none\"><span style=\"text-underline:none\">. <\/span><\/span><\/span><\/span><\/span><a href=\"https:\/\/www.edana.org\/events\/edana-innovation-forum-?ct=t(MENA_2018_call_for_papers6_28_2017_COPY_01)&amp;mc_cid=27efeab42f&amp;mc_eid=08e0eae351\" style=\"color:blue; text-decoration:underline\"><span lang=\"EN-US\" style=\"font-size:14.0pt\">Information here<\/span><\/a><\/span><\/span><\/span><\/p>\r\n\r\n<p style=\"text-align:justify\"><span style=\"font-size:11pt\"><span style=\"line-height:normal\"><span style=\"font-family:Calibri,sans-serif\"><b><span lang=\"EN-US\" style=\"font-size:14.0pt\">HIGITEX 2024 | International Technical Textiles &amp; Nonwoven Exhibition<\/span><\/b><span lang=\"EN-US\" style=\"font-size:14.0pt\">, 4-8 June 2024, T&uuml;yap Fair Convention and Congress Center, T&uuml;rkiye. <\/span><a href=\"https:\/\/www.hightex.com.tr\/\" style=\"color:blue; text-decoration:underline\"><span style=\"font-size:14.0pt\">Information here<\/span><\/a> <\/span><\/span><\/span><\/p>\r\n\r\n<p style=\"text-align:justify\"><span style=\"font-size:11pt\"><span style=\"line-height:normal\"><span style=\"font-family:Calibri,sans-serif\"><b><span style=\"font-size:14.0pt\">Workshop | Plano de gerenciamento de res&iacute;duos s&oacute;lidos<\/span><\/b><span style=\"font-size:14.0pt\">, 06 de junho de 2024, evento online. <\/span><a href=\"https:\/\/app.rdstation.email\/mail\/5893d5d3-c08f-4bed-9b26-b4e2f8e26d87?utm_campaign=workshop_residuos_solidos&amp;utm_medium=email&amp;utm_source=RD+Station\" style=\"color:blue; text-decoration:underline\"><span style=\"font-size:14.0pt\">Inscri&ccedil;&otilde;es e informa&ccedil;&otilde;es aqui<\/span><\/a><\/span><\/span><\/span><\/p>\r\n\r\n<p style=\"text-align:justify\"><span style=\"font-size:11pt\"><span style=\"line-height:normal\"><span style=\"font-family:Calibri,sans-serif\"><b><span style=\"font-size:14.0pt\">AESabesp | O Mega Desafio Trazido Pela Nova Lei de Licita&ccedil;&otilde;es e Contratos - Lei 14133\/2021, <\/span><\/b><span style=\"font-size:14.0pt\">17 a 19 de junho de 2024, das 08h &agrave;s 17h, na sede da AESabesp, em S&atilde;o Paulo. <\/span><a href=\"https:\/\/send.neopixdmi.com\/index.php\/campaigns\/bt5255bhowca7\/web-version\/mh045xn88n9c0\" style=\"color:blue; text-decoration:underline\"><span style=\"font-size:14.0pt\">Informa&ccedil;&otilde;es e inscri&ccedil;&otilde;es aqui<\/span><\/a><\/span><\/span><\/span><\/p>\r\n\r\n<p style=\"text-align:justify\"><span style=\"font-size:11pt\"><span style=\"line-height:normal\"><span style=\"font-family:Calibri,sans-serif\"><b><span style=\"font-size:14.0pt\">IHI 2024 - 9&ordm; F&oacute;rum Latino-Americano de Qualidade e Seguran&ccedil;a na Sa&uacute;de<\/span><\/b><span style=\"font-size:14.0pt\">, 09 a 11 de julho de 2024, evento h&iacute;brido, Centro de Ensino e Pesquisa Albert Einstein, Campus Cec&iacute;lia e Abram Szajman, Rua Comendador Elias Jafet, 755, Morumbi, S&atilde;o Paulo\/SP. <\/span><a href=\"http:\/\/www.ihi.ensinoeinstein.com\/\" style=\"color:blue; text-decoration:underline\"><span style=\"font-size:14.0pt\">www.ihi.ensinoeinstein.com<\/span><\/a><span style=\"font-size:14.0pt\"> <\/span><\/span><\/span><\/span><\/p>\r\n\r\n<p style=\"text-align:justify\"><span style=\"font-size:11pt\"><span style=\"line-height:normal\"><span style=\"font-family:Calibri,sans-serif\"><b><span style=\"font-size:14.0pt\">Constru Nordeste<\/span><\/b><span style=\"font-size:14.0pt\">, 31 de julho a 02 de agosto de 2024, Centro de Conven&ccedil;&otilde;es Salvador, Bahia. <\/span><a href=\"http:\/\/www.construnordeste.com.br\" style=\"color:blue; text-decoration:underline\"><span style=\"font-size:14.0pt\">www.construnordeste.com.br<\/span><\/a> <\/span><\/span><\/span><\/p>\r\n\r\n<p style=\"text-align:justify\"><span style=\"font-size:11pt\"><span style=\"line-height:normal\"><span style=\"font-family:Calibri,sans-serif\"><b><span style=\"font-size:14.0pt\">FEIPLAR COMPOSITES &amp; FEIPUR &ndash; Feira e Congresso Internacionais de Composites, Poliuretano, Pl&aacute;sticos de Engenharia e Compostos Termopl&aacute;sticos<\/span><\/b><span style=\"font-size:14.0pt\">, 20 a 22 de agosto de 2024, S&atilde;o Paulo Expo (Pavilh&atilde;o 5), palestras: das 8h30 &agrave;s 18h, feira: das 13h &agrave;s 20h.<b> <\/b><\/span><a href=\"http:\/\/www.feiplar.com\" style=\"color:blue; text-decoration:underline\"><span style=\"font-size:14.0pt\">www.feiplar.com<\/span><\/a> <\/span><\/span><\/span><\/p>\r\n\r\n<p style=\"text-align:justify\"><span style=\"font-size:11pt\"><span style=\"line-height:normal\"><span style=\"font-family:Calibri,sans-serif\"><b><span style=\"font-size:14.0pt\">Fenasan 2024 &ndash; Feira Nacional de Saneamento e Meio Ambiente<\/span><\/b><span style=\"font-size:14.0pt\">, 22 a 24 de outubro de 2024, Pavilh&otilde;es Verde e Vermelho, Expo Center Norte, S&atilde;o Paulo SP. <\/span><a href=\"http:\/\/www.fenasan.com.br\" style=\"color:blue; text-decoration:underline\"><span style=\"font-size:14.0pt\">www.fenasan.com.br<\/span><\/a> <\/span><\/span><\/span><\/p>\r\n\r\n<p style=\"text-align:justify\"><span style=\"font-size:11pt\"><span style=\"line-height:normal\"><span style=\"font-family:Calibri,sans-serif\"><b><span style=\"font-size:14.0pt\">HospitalMed 2024<\/span><\/b><span style=\"font-size:14.0pt\">, 23 a 25 de outubro, das 14h &agrave;s 20h, no Pernambuco Centro de Conven&ccedil;&otilde;es. <\/span><a href=\"http:\/\/www.hospitalmed.com.br\" style=\"color:blue; text-decoration:underline\"><span style=\"font-size:14.0pt\">www.hospitalmed.com.br<\/span><\/a> <\/span><\/span><\/span><\/p>\r\n\r\n<p style=\"text-align:justify\"><span style=\"font-size:11pt\"><span style=\"line-height:normal\"><span style=\"font-family:Calibri,sans-serif\"><b><span style=\"font-size:14.0pt\">Congresso Internacional Abit 2024<\/span><\/b><span style=\"font-size:14.0pt\">, 30 e 31 de outubro, Salvador, Bahia. <\/span><a href=\"http:\/\/www.congressoabit.com.br\" style=\"color:blue; text-decoration:underline\"><span style=\"font-size:14.0pt\">www.congressoabit.com.br<\/span><\/a> <\/span><\/span><\/span><\/p>\r\n\r\n<p style=\"text-align:justify\"><span style=\"font-size:28pt\"><span style=\"font-family:Cambria,serif\"><span style=\"letter-spacing:-0.5pt\"><b><span style=\"font-size:18.0pt\"><span style=\"font-family:&quot;Calibri&quot;,sans-serif\"><span style=\"font-variant:small-caps\">Setor<\/span><\/span><\/span><\/b><\/span><\/span><\/span><\/p>\r\n\r\n<p style=\"text-align:justify\"><span style=\"font-size:11pt\"><span style=\"line-height:normal\"><span style=\"font-family:Calibri,sans-serif\"><a href=\"https:\/\/plasticosemrevista.com.br\/o-gatilho-da-discordia\/\" style=\"color:blue; text-decoration:underline\"><span style=\"font-size:14.0pt\">O gatilho da disc&oacute;rdia<\/span><\/a><\/span><\/span><\/span><\/p>\r\n\r\n<p style=\"text-align:justify\"><span style=\"font-size:11pt\"><span style=\"line-height:normal\"><span style=\"font-family:Calibri,sans-serif\"><a href=\"https:\/\/tissueonline.com.br\/fabricante-japones-lanca-fraldas-recicladas-para-bebes\/?utm_campaign=newsletter_03052024_novo_modelo&amp;utm_medium=email&amp;utm_source=RD+Station\" style=\"color:blue; text-decoration:underline\"><span style=\"font-size:14.0pt\">Fabricante japon&ecirc;s lan&ccedil;a fraldas recicladas para beb&ecirc;s<\/span><\/a><\/span><\/span><\/span><\/p>\r\n\r\n<p style=\"text-align:justify\"><span style=\"font-size:11pt\"><span style=\"line-height:normal\"><span style=\"font-family:Calibri,sans-serif\"><a href=\"https:\/\/ibsp.net.br\/seguranca-do-paciente\/materiais-cientificos\/relatorio-de-seguranca-hospitais-investem-na-prevencao-e-controle-de-iras-mas-falham-na-implementacao-de-outros-importantes-protocolos\/\" style=\"color:blue; text-decoration:underline\"><span style=\"font-size:14.0pt\">Relat&oacute;rio de Seguran&ccedil;a: hospitais investem na preven&ccedil;&atilde;o e controle de IRAS, mas falham na implementa&ccedil;&atilde;o de outros importantes protocolos<\/span><\/a><\/span><\/span><\/span><\/p>\r\n\r\n<p style=\"text-align:justify\"><span style=\"font-size:11pt\"><span style=\"line-height:normal\"><span style=\"font-family:Calibri,sans-serif\"><a href=\"https:\/\/www.anahp.com.br\/publicacoes\/balanco-observatorio-anahp-1a-edicao-marco-2024\/?utm_campaign=emkt-__disparo_1_-_leads_desengajados&amp;utm_medium=email&amp;utm_source=RD+Station\" style=\"color:blue; text-decoration:underline\"><span style=\"font-size:14.0pt\">Observat&oacute;rio Anahp | 1&ordf; edi&ccedil;&atilde;o (mar&ccedil;o 2024)<\/span><\/a><\/span><\/span><\/span><\/p>\r\n\r\n<p style=\"text-align:justify\"><span style=\"font-size:11pt\"><span style=\"line-height:normal\"><span style=\"font-family:Calibri,sans-serif\"><a href=\"https:\/\/epbr.com.br\/adnoc-abandona-disputa-pela-braskem\/?utm_source=newsletters+epbr&amp;utm_campaign=6ee3049dae-epbr-comece-seu-dia_20230724_COPY_01&amp;utm_medium=email&amp;utm_term=0_5931171aac-6ee3049dae-466362780\" style=\"color:blue; text-decoration:underline\"><span style=\"font-size:14.0pt\">Adnoc abandona disputa pela Braskem<\/span><\/a><\/span><\/span><\/span><\/p>\r\n\r\n<p style=\"text-align:justify\"><span style=\"font-size:28pt\"><span style=\"font-family:Cambria,serif\"><span style=\"letter-spacing:-0.5pt\"><b><span style=\"font-size:18.0pt\"><span style=\"font-family:&quot;Calibri&quot;,sans-serif\"><span style=\"font-variant:small-caps\">Ind&uacute;stria<\/span><\/span><\/span><\/b><\/span><\/span><\/span><\/p>\r\n\r\n<p style=\"text-align:justify\"><span style=\"font-size:11pt\"><span style=\"line-height:normal\"><span style=\"font-family:Calibri,sans-serif\"><a href=\"https:\/\/www12.senado.leg.br\/noticias\/materias\/2024\/05\/06\/reducao-de-tributos-para-plasticos-biodegradaveis-deve-ser-votada-na-cma\" style=\"color:blue; text-decoration:underline\"><span style=\"font-size:14.0pt\">Redu&ccedil;&atilde;o de tributos para pl&aacute;sticos biodegrad&aacute;veis deve ser votada na CMA<\/span><\/a><\/span><\/span><\/span><\/p>\r\n\r\n<p style=\"text-align:justify\"><span style=\"font-size:11pt\"><span style=\"line-height:normal\"><span style=\"font-family:Calibri,sans-serif\"><a href=\"https:\/\/www.bol.uol.com.br\/noticias\/2024\/04\/30\/receita-liquida-do-setor-de-maquinas-e-equipamentos-sobe-62-em-marco-diz-abimaq.htm?cmpid=copiaecola\" style=\"color:blue; text-decoration:underline\"><span style=\"font-size:14.0pt\">Receita l&iacute;quida do setor de m&aacute;quinas e equipamentos sobe 6,2% em mar&ccedil;o, diz Abimaq<\/span><\/a><\/span><\/span><\/span><\/p>\r\n\r\n<p style=\"text-align:justify\"><span style=\"font-size:11pt\"><span style=\"line-height:normal\"><span style=\"font-family:Calibri,sans-serif\"><a href=\"https:\/\/exame.com\/economia\/confianca-empresarial-sobe-06-ponto-em-abril-ante-marco-para-958-pontos-revela-fgv\/\" style=\"color:blue; text-decoration:underline\"><span style=\"font-size:14.0pt\">Confian&ccedil;a empresarial sobe 0,6 ponto em abril ante mar&ccedil;o, para 95,8 pontos, revela FGV<\/span><\/a><\/span><\/span><\/span><\/p>\r\n\r\n<p style=\"text-align:justify\"><span style=\"font-size:11pt\"><span style=\"line-height:normal\"><span style=\"font-family:Calibri,sans-serif\"><a href=\"http:\/\/www.revistaanamaco.com.br\/construcao-abre-286-mil-novos-empregos-em-marco-aponta-caged?utm_campaign=Revista+Anamaco+Online&amp;utm_content=Constru%C3%A7%C3%A3o+abre+28%2C6+mil+novos+empregos+em+mar%C3%A7o%2C+aponta+Caged+-+Revista+Anamaco&amp;utm_medium=email&amp;utm_source=dinamize&amp;utm_term=Revista+Anamaco+Online-Newsletter%2331-2024\" style=\"color:blue; text-decoration:underline\"><span style=\"font-size:14.0pt\">Constru&ccedil;&atilde;o abre 28,6 mil novos empregos em mar&ccedil;o, aponta Caged<\/span><\/a><\/span><\/span><\/span><\/p>\r\n\r\n<p style=\"text-align:justify\"><span style=\"font-size:11pt\"><span style=\"line-height:normal\"><span style=\"font-family:Calibri,sans-serif\"><a href=\"https:\/\/apexbrasil.com.br\/content\/apexbrasil\/br\/pt\/conteudo\/noticias\/O-pais-tem-seu-melhor-resultado-em-7-anos-em-ranking-desenvolvido-pela-consultoria-kearney.html#msdynttrid=wUF5OS7L6VPkHpI1tPLAL5vz8H_2Hxoi7EMpOsfpcXo\" style=\"color:blue; text-decoration:underline\"><span style=\"font-size:14.0pt\">Brasil melhora sua posi&ccedil;&atilde;o como um dos destinos mais atrativos para o Investimento Estrangeiro Direto<\/span><\/a><\/span><\/span><\/span><\/p>\r\n\r\n<p style=\"text-align:justify\"><span style=\"font-size:28pt\"><span style=\"font-family:Cambria,serif\"><span style=\"letter-spacing:-0.5pt\"><b><span style=\"font-size:18.0pt\"><span style=\"font-family:&quot;Calibri&quot;,sans-serif\"><span style=\"font-variant:small-caps\">Sustentabilidade<\/span><\/span><\/span><\/b><\/span><\/span><\/span><\/p>\r\n\r\n<p style=\"text-align:justify\"><span style=\"font-size:11pt\"><span style=\"line-height:normal\"><span style=\"font-family:Calibri,sans-serif\"><a href=\"https:\/\/plasticosemrevista.com.br\/reciclagem-quimica-ativistas-derrubam-projeto-nos-eua\/\" style=\"color:blue; text-decoration:underline\"><span style=\"font-size:14.0pt\">Reciclagem qu&iacute;mica: ativistas derrubam projeto nos EUA<\/span><\/a><\/span><\/span><\/span><\/p>\r\n\r\n<p style=\"text-align:justify\"><span style=\"font-size:11pt\"><span style=\"line-height:normal\"><span style=\"font-family:Calibri,sans-serif\"><a href=\"https:\/\/www.technicaltextile.net\/news\/eu-parliament-approves-packaging-legislation-to-promote-sustainability-294820.html\" style=\"color:blue; text-decoration:underline\"><span lang=\"EN-US\" style=\"font-size:14.0pt\">EU Parliament approves packaging legislation to promote sustainability<\/span><\/a><\/span><\/span><\/span><\/p>\r\n\r\n<p style=\"text-align:justify\"><span style=\"font-size:11pt\"><span style=\"line-height:normal\"><span style=\"font-family:Calibri,sans-serif\"><a href=\"https:\/\/www.jota.info\/opiniao-e-analise\/artigos\/circularidade-na-industria-uma-nova-era-de-sustentabilidade-e-inovacao-02052024\" style=\"color:blue; text-decoration:underline\"><span style=\"font-size:14.0pt\">Circularidade na ind&uacute;stria: uma nova era de sustentabilidade e inova&ccedil;&atilde;o<\/span><\/a><\/span><\/span><\/span><\/p>\r\n\r\n<p style=\"text-align:justify\"><span style=\"font-size:28pt\"><span style=\"font-family:Cambria,serif\"><span style=\"letter-spacing:-0.5pt\"><b><span style=\"font-size:18.0pt\"><span style=\"font-family:&quot;Calibri&quot;,sans-serif\"><span style=\"font-variant:small-caps\">Inova&ccedil;&atilde;o<\/span><\/span><\/span><\/b><\/span><\/span><\/span><\/p>\r\n\r\n<p style=\"text-align:justify\"><span style=\"font-size:11pt\"><span style=\"line-height:normal\"><span style=\"font-family:Calibri,sans-serif\"><a href=\"https:\/\/noticias.portaldaindustria.com.br\/noticias\/sustentabilidade\/e-couro-de-vagem-vem-do-angico-a-aposta-para-um-novo-tipo-de-biocouro-made-in-brasil\/\" style=\"color:blue; text-decoration:underline\"><span style=\"font-size:14.0pt\">&Eacute; de vagem! Vem do angico a aposta para tecido semelhante ao couro made in Brasil<\/span><\/a><\/span><\/span><\/span><\/p>\r\n\r\n<p style=\"text-align:justify\"><span style=\"font-size:11pt\"><span style=\"line-height:normal\"><span style=\"font-family:Calibri,sans-serif\"><a href=\"https:\/\/noticias.portaldaindustria.com.br\/noticias\/brasil-industria\/industria-faz-parcerias-pelo-pais-e-avanca-em-ciencia-tecnologia-e-inovacao\/\" style=\"color:blue; text-decoration:underline\"><span style=\"font-size:14.0pt\">Ind&uacute;stria faz parcerias pelo pa&iacute;s e avan&ccedil;a em ci&ecirc;ncia, tecnologia e inova&ccedil;&atilde;o<\/span><\/a><\/span><\/span><\/span><\/p>\r\n\r\n<p style=\"text-align:justify\"><span style=\"font-size:28pt\"><span style=\"font-family:Cambria,serif\"><span style=\"letter-spacing:-0.5pt\"><b><span style=\"font-size:18.0pt\"><span style=\"font-family:&quot;Calibri&quot;,sans-serif\"><span style=\"font-variant:small-caps\">Com&eacute;rcio Exterior<\/span><\/span><\/span><\/b><\/span><\/span><\/span><\/p>\r\n\r\n<p style=\"text-align:justify\"><span style=\"font-size:11pt\"><span style=\"line-height:normal\"><span style=\"font-family:Calibri,sans-serif\"><a href=\"https:\/\/anba.com.br\/china-amplia-fornecimento-de-calcados-a-arabes\/\" style=\"color:blue; text-decoration:underline\"><span style=\"font-size:14.0pt\">China amplia fornecimento de cal&ccedil;ados a &aacute;rabes<\/span><\/a><\/span><\/span><\/span><\/p>\r\n\r\n<p style=\"text-align:justify\"><span style=\"font-size:11pt\"><span style=\"line-height:normal\"><span style=\"font-family:Calibri,sans-serif\"><a href=\"https:\/\/apexbrasil.com.br\/content\/apexbrasil\/br\/pt\/conteudo\/noticias\/argentina-permanece-como-destino-estrategico-para-exportacoes-brasileiras-apesar-de-oscilacoes-conjunturais.html#msdynttrid=25g5FqHwUqySggAcNALuaCGR7EQxIjj9q-BBoIMKkW8\" style=\"color:blue; text-decoration:underline\"><span style=\"font-size:14.0pt\">Argentina permanece como destino estrat&eacute;gico para exporta&ccedil;&otilde;es brasileiras apesar de oscila&ccedil;&otilde;es conjunturais<\/span><\/a><\/span><\/span><\/span><\/p>\r\n\r\n<p style=\"text-align:justify\"><span style=\"font-size:11pt\"><span style=\"line-height:normal\"><span style=\"font-family:Calibri,sans-serif\"><a href=\"https:\/\/noticias.portaldaindustria.com.br\/noticias\/internacional\/brasil-e-japao-encontro-empresarial-busca-fortalecer-trocas-e-construir-acordo\/\" style=\"color:blue; text-decoration:underline\"><span style=\"font-size:14.0pt\">Brasil e Jap&atilde;o: encontro empresarial busca fortalecer trocas e construir acordo<\/span><\/a><\/span><\/span><\/span><\/p>\r\n\r\n<p style=\"text-align:justify\"><span style=\"font-size:11pt\"><span style=\"line-height:normal\"><span style=\"font-family:Calibri,sans-serif\"><a href=\"https:\/\/www.correiobraziliense.com.br\/economia\/2024\/05\/6849569-negociacoes-mercosul-japao-ainda-estao-incipientes-diz-embaixador.html\" style=\"color:blue; text-decoration:underline\"><span style=\"font-size:14.0pt\">Negocia&ccedil;&otilde;es Mercosul-Jap&atilde;o ainda est&atilde;o &#39;incipientes&#39;, diz embaixador<\/span><\/a><\/span><\/span><\/span><\/p>\r\n\r\n<p style=\"text-align:justify\"><span style=\"font-size:28pt\"><span style=\"font-family:Cambria,serif\"><span style=\"letter-spacing:-0.5pt\"><b><span style=\"font-size:18.0pt\"><span style=\"font-family:&quot;Calibri&quot;,sans-serif\"><span style=\"font-variant:small-caps\">Economia<\/span><\/span><\/span><\/b><\/span><\/span><\/span><\/p>\r\n\r\n<p style=\"text-align:justify\"><span style=\"font-size:11pt\"><span style=\"line-height:normal\"><span style=\"font-family:Calibri,sans-serif\"><a href=\"https:\/\/www.bcb.gov.br\/content\/focus\/focus\/R20240503.pdf\" style=\"color:blue; text-decoration:underline\"><span style=\"font-size:14.0pt\">Focus - Relat&oacute;rio de Mercado<\/span><\/a><\/span><\/span><\/span><\/p>\r\n\r\n<p style=\"text-align:justify\"><span style=\"font-size:11pt\"><span style=\"line-height:normal\"><span style=\"font-family:Calibri,sans-serif\"><a href=\"https:\/\/www.bcb.gov.br\/controleinflacao\/focusdistribuicoesfrequencia\" style=\"color:blue; text-decoration:underline\"><span style=\"font-size:14.0pt\">Focus &ndash; Distribui&ccedil;&otilde;es de Frequ&ecirc;ncia das Expectativas de Mercado para IPCA, Selic, PIB e C&acirc;mbio.<\/span><\/a><\/span><\/span><\/span><\/p>\r\n\r\n<p style=\"text-align:justify\"><span style=\"font-size:11pt\"><span style=\"line-height:normal\"><span style=\"font-family:Calibri,sans-serif\"><a href=\"https:\/\/web.bndes.gov.br\/bib\/jspui\/bitstream\/1408\/24685\/1\/PRFol_216149_Atividade%20econ%C3%B4mica%20no%20in%C3%ADcio%20de%202024.pdf\" style=\"color:blue; text-decoration:underline\"><span style=\"font-size:14.0pt\">BNDES | A atividade econ&ocirc;mica no in&iacute;cio de 2024<\/span><\/a><\/span><\/span><\/span><\/p>\r\n\r\n<p style=\"text-align:justify\"><span style=\"font-size:11pt\"><span style=\"line-height:normal\"><span style=\"font-family:Calibri,sans-serif\"><a href=\"https:\/\/www.bcb.gov.br\/content\/publicacoes\/ref\/202404\/RELESTAB202404-refPub.pdf\" style=\"color:blue; text-decoration:underline\"><span style=\"font-size:14.0pt\">BACEN | Relat&oacute;rio de Estabilidade Financeira<\/span><\/a><\/span><\/span><\/span><\/p>\r\n\r\n<p style=\"text-align:justify\"><span style=\"font-size:11pt\"><span style=\"line-height:normal\"><span style=\"font-family:Calibri,sans-serif\"><a href=\"https:\/\/www.bcb.gov.br\/conteudo\/home-ptbr\/TextosApresentacoes\/Apresenta%C3%A7%C3%A3o%20REF%2030.4.2024.pdf\" style=\"color:blue; text-decoration:underline\"><span style=\"font-size:14.0pt\">Apresenta&ccedil;&atilde;o do Diretor de Fiscaliza&ccedil;&atilde;o do Banco Central, Ailton Aquino<\/span><\/a><\/span><\/span><\/span><\/p>\r\n\r\n<p style=\"text-align:justify\"><span style=\"font-size:11pt\"><span style=\"line-height:normal\"><span style=\"font-family:Calibri,sans-serif\"><img src=\"https:\/\/www.abint.org.br\/assets\/img\/editor\/redes-sociais-abint-ctg-cth_20240508151230RQer43aW7q.jpg\" \/><\/span><\/span><\/span><\/p>\r\n","6":"<p style=\"text-align:justify\"><span style=\"font-size:11pt\"><span style=\"line-height:normal\"><span style=\"font-family:Calibri,sans-serif\"><span style=\"font-size:14.0pt\">Esta &eacute; uma compila&ccedil;&atilde;o das not&iacute;cias mais relevantes para o setor, incluindo informa&ccedil;&otilde;es sobre acordos internacionais, economia brasileira, sustentabilidade e mat&eacute;rias primas, al&eacute;m de novidades do setor de N&atilde;otecidos e Tecidos T&eacute;cnicos.<\/span><\/span><\/span><\/span><\/p>\r\n\r\n<p style=\"text-align:justify\"><span style=\"font-size:28pt\"><span style=\"font-family:Cambria,serif\"><span style=\"letter-spacing:-0.5pt\"><b><span style=\"font-size:18.0pt\"><span style=\"font-family:&quot;Calibri&quot;,sans-serif\"><span style=\"font-variant:small-caps\">O que vem por a&iacute;<\/span><\/span><\/span><\/b><\/span><\/span><\/span><\/p>\r\n\r\n<p style=\"text-align:justify\"><span style=\"font-size:28pt\"><span style=\"font-family:Cambria,serif\"><span style=\"letter-spacing:-0.5pt\"><b><span style=\"font-size:18.0pt\"><span style=\"font-family:&quot;Calibri&quot;,sans-serif\"><span style=\"font-variant:small-caps\"><img src=\"https:\/\/www.abint.org.br\/assets\/img\/editor\/logo-ctg-abint-png_20240508150154oCcwnsudlH.png\" style=\"width: 300px; height: 55px;\" \/><\/span><\/span><\/span><\/b><\/span><\/span><\/span><\/p>\r\n\r\n<p style=\"text-align:justify\"><span style=\"font-size:28pt\"><span style=\"font-family:Cambria,serif\"><span style=\"letter-spacing:-0.5pt\"><b><span style=\"font-size:18.0pt\"><span style=\"font-family:&quot;Calibri&quot;,sans-serif\"><span style=\"font-variant:small-caps\"><img src=\"https:\/\/www.abint.org.br\/assets\/img\/editor\/20240924-cobramseg-2024_20240508150236cdgmm51Bzz.png\" \/><\/span><\/span><\/span><\/b><\/span><\/span><\/span><\/p>\r\n\r\n<p style=\"text-align:justify\"><span style=\"font-size:11pt\"><span style=\"line-height:normal\"><span style=\"font-family:Calibri,sans-serif\"><b><span style=\"font-size:14.0pt\">O CTG ABINT &eacute; um dos patrocinadores da 21&ordf; edi&ccedil;&atilde;o do Cobramseg &ndash; Congresso Brasileiro de Mec&acirc;nica dos Solos e Engenharia Geot&eacute;cnica.<\/span><\/b><\/span><\/span><\/span><\/p>\r\n\r\n<p style=\"text-align:justify\"><span style=\"font-size:11pt\"><span style=\"line-height:normal\"><span style=\"font-family:Calibri,sans-serif\"><span style=\"font-size:14.0pt\">&ldquo;<i>Nos reunimos para celebrar a Mec&acirc;nica dos Solos e das Rochas, da GeoEngenharia! Academia, Ind&uacute;stria e &Oacute;rg&atilde;os Gestores unidos para expor seus avan&ccedil;os t&eacute;cnicos e cient&iacute;ficos. Um ambiente rico e diverso que nos permite debater solu&ccedil;&otilde;es e a&ccedil;&otilde;es de forma a fortalecer nossa comunidade geot&eacute;cnica, visando proporcionar um desenvolvimento mais sustent&aacute;vel e seguro para a nossa sociedade<\/i>.&rdquo; V&iacute;tor Pereira Faro, Presidente do COBRAMSEG 2024<\/span><\/span><\/span><\/span><\/p>\r\n\r\n<p style=\"text-align:justify\"><span style=\"font-size:11pt\"><span style=\"line-height:normal\"><span style=\"font-family:Calibri,sans-serif\"><a href=\"http:\/\/www.cobramseg.com.br\" style=\"color:blue; text-decoration:underline\"><span style=\"font-size:14.0pt\">www.cobramseg.com.br<\/span><\/a> <\/span><\/span><\/span><\/p>\r\n\r\n<p style=\"text-align:justify\">&nbsp;<\/p>\r\n\r\n<p style=\"text-align:justify\"><span style=\"font-size:11pt\"><span style=\"line-height:normal\"><span style=\"font-family:Calibri,sans-serif\"><span style=\"font-size:14.0pt\"><img src=\"https:\/\/www.abint.org.br\/assets\/img\/editor\/fenasan-2024_20240508150312Idr1UaHEQv.jpg\" \/><\/span><\/span><\/span><\/span><\/p>\r\n\r\n<p style=\"text-align:justify\"><span style=\"font-size:11pt\"><span style=\"line-height:normal\"><span style=\"font-family:Calibri,sans-serif\"><span style=\"font-size:14.0pt\">O <b>CTG ABINT apoia a Feira Nacional de Saneamento e Meio Ambiente &ndash; Fenasan e do 35&ordm; Encontro T&eacute;cnico AESabesp, que ocorrer&atilde;o de 22 a 24 de outubro de 2024<\/b>, no Pavilh&atilde;o Verde e Vermelho, no Expo Center Norte, em S&atilde;o Paulo. Trata-se do maior evento de saneamento da Am&eacute;rica Latin. A realiza&ccedil;&atilde;o &eacute; da AESabesp &ndash; Associa&ccedil;&atilde;o dos Engenheiros da Sabesp.<\/span><\/span><\/span><\/span><\/p>\r\n\r\n<p style=\"text-align:justify\"><span style=\"font-size:11pt\"><span style=\"line-height:normal\"><span style=\"font-family:Calibri,sans-serif\"><i><span style=\"font-size:14.0pt\">O tema central desta edi&ccedil;&atilde;o &eacute; &ldquo;Saneamento ambiental: condi&ccedil;&atilde;o fundamental para o enfrentamento das mudan&ccedil;as clim&aacute;ticas&rdquo;. Com um p&uacute;blico tradicionalmente de 22 mil visitantes e alinhada aos ODS &ndash; Objetivos de Desenvolvimento Sustent&aacute;vel estabelecidos pela ONU e aos conceitos de ESG, a edi&ccedil;&atilde;o 2024 continuar&aacute; ampliando o di&aacute;logo em torno das quest&otilde;es de saneamento ambiental, meio ambiente e sustentabilidade e promovendo o compartilhamento de conhecimento altamente qualificado.<\/span><\/i><\/span><\/span><\/span><\/p>\r\n\r\n<p style=\"text-align:justify\"><span style=\"font-size:11.0pt\"><span style=\"line-height:115%\"><span style=\"font-family:&quot;Calibri&quot;,sans-serif\"><a href=\"http:\/\/www.fenasan.com.br\" style=\"color:blue; text-decoration:underline\"><span style=\"font-size:14.0pt\"><span style=\"line-height:115%\">www.fenasan.com.br<\/span><\/span><\/a><\/span><\/span><\/span><\/p>\r\n\r\n<p style=\"text-align:justify\">&nbsp;<\/p>\r\n\r\n<p style=\"text-align:justify\"><span style=\"font-size:11.0pt\"><span style=\"line-height:115%\"><span style=\"font-family:&quot;Calibri&quot;,sans-serif\"><span style=\"font-size:14.0pt\"><span style=\"line-height:115%\"><img src=\"https:\/\/www.abint.org.br\/assets\/img\/editor\/cth-logo-alta-png-2_20240508150422IL6RpXsoiq.png\" style=\"width: 300px; height: 68px;\" \/><\/span><\/span><\/span><\/span><\/span><\/p>\r\n\r\n<p style=\"text-align:justify\"><span style=\"font-size:11.0pt\"><span style=\"line-height:115%\"><span style=\"font-family:&quot;Calibri&quot;,sans-serif\"><span style=\"font-size:14.0pt\"><span style=\"line-height:115%\"><img src=\"https:\/\/www.abint.org.br\/assets\/img\/editor\/hospitalmed-2024-logo_20240508150446pOkt5qw44B.png\" style=\"width: 500px; height: 448px;\" \/><\/span><\/span><\/span><\/span><\/span><\/p>\r\n\r\n<p style=\"text-align:justify\"><span style=\"font-size:11pt\"><span style=\"line-height:normal\"><span style=\"font-family:Calibri,sans-serif\"><b><span style=\"font-size:12.0pt\">O CTH ABINT &eacute; um dos patrocinadores da HospitalMed 2024.<\/span><\/b><\/span><\/span><\/span><\/p>\r\n\r\n<p style=\"text-align:justify\"><span style=\"font-size:11pt\"><span style=\"line-height:normal\"><span style=\"font-family:Calibri,sans-serif\"><span style=\"font-size:12.0pt\">&ldquo;<i>A melhor e Mais Completa Feira de Sa&uacute;de do Norte\/Nordeste<\/i>&rdquo;, &eacute; uma realiza&ccedil;&atilde;o da HospitalMed Feiras &amp; Eventos e da Insight Feiras de Neg&oacute;cios.<\/span><\/span><\/span><\/span><\/p>\r\n\r\n<p style=\"text-align:justify\"><span style=\"font-size:11pt\"><span style=\"line-height:normal\"><span style=\"font-family:Calibri,sans-serif\"><i><span style=\"font-size:12.0pt\">&ldquo;O <b>re&uacute;ne toda a cadeia produtiva do setor de sa&uacute;de das regi&otilde;es Norte\/Nordeste<\/b>. &Eacute; o grande encontro de fornecedores de Produtos, Equipamentos, Servi&ccedil;os, Tecnologia e Conte&uacute;do para Hospitais, Laborat&oacute;rios, Farm&aacute;cias, Cl&iacute;nicas, Consult&oacute;rios e Profissionais da Sa&uacute;de&rdquo;.<\/span><\/i><\/span><\/span><\/span><\/p>\r\n\r\n<p style=\"text-align:justify\"><span style=\"font-size:11.0pt\"><span style=\"line-height:115%\"><span style=\"font-family:&quot;Calibri&quot;,sans-serif\"><a href=\"http:\/\/www.hospitalmed.com.br\" style=\"color:blue; text-decoration:underline\"><span style=\"font-size:14.0pt\"><span style=\"line-height:115%\">www.hospitalmed.com.br<\/span><\/span><\/a><\/span><\/span><\/span><\/p>\r\n\r\n<p class=\"MsoTitle\" style=\"text-align:justify\"><span style=\"font-size:28pt\"><span style=\"font-family:Cambria,serif\"><span style=\"letter-spacing:-0.5pt\"><b><span style=\"font-size:18.0pt\"><span style=\"font-family:&quot;Calibri&quot;,sans-serif\"><span style=\"font-variant:small-caps\">Not&iacute;cias das Associadas<\/span><\/span><\/span><\/b><\/span><\/span><\/span><\/p>\r\n\r\n<p style=\"text-align:justify\"><span style=\"font-size:11pt\"><span style=\"line-height:normal\"><span style=\"font-family:Calibri,sans-serif\"><a href=\"https:\/\/www.technicaltextile.net\/news\/andritz-starts-new-nonwovens-production-line-in-turkiye-294824.html\" style=\"color:blue; text-decoration:underline\"><span lang=\"EN-US\" style=\"font-size:14.0pt\">Andritz starts new nonwovens production line in Turkiye<\/span><\/a><\/span><\/span><\/span><\/p>\r\n\r\n<p style=\"text-align:justify\"><span style=\"font-size:11pt\"><span style=\"line-height:normal\"><span style=\"font-family:Calibri,sans-serif\"><a href=\"https:\/\/www.nonwovens-industry.com\/contents\/view_breaking-news\/2024-05-02\/suominen-to-upgrade-line-in-bethune?utm_campaign=NON+eNewsletter&amp;utm_medium=email&amp;_hsenc=p2ANqtz-9BawP0jalU7j1cmtPiDQ8aFhDLXZs-e_fQYahh6IBrS1cfPbVjcwqnfizMsSYlR-ybLt1GbhqqqvP9CwoArUlgSCzH2g&amp;_hsmi=305386244&amp;utm_content=305386244&amp;utm_source=hs_email\" style=\"color:blue; text-decoration:underline\"><span lang=\"EN-US\" style=\"font-size:14.0pt\">Suominen to Upgrade Line in Bethune<\/span><\/a><\/span><\/span><\/span><\/p>\r\n\r\n<p style=\"text-align:justify\"><span style=\"font-size:11pt\"><span style=\"line-height:normal\"><span style=\"font-family:Calibri,sans-serif\"><a href=\"https:\/\/blog.truetzschler.com\/2024\/03\/28\/truecycled-a-holistic-approach-to-textile-recycling-success\/\" style=\"color:blue; text-decoration:underline\"><span lang=\"EN-US\" style=\"font-size:14.0pt\">Tr&uuml;tzschler | Truecycled: A holistic approach to textile recycling success<\/span><\/a><\/span><\/span><\/span><\/p>\r\n\r\n<p style=\"text-align:justify\">&nbsp;<\/p>\r\n\r\n<p style=\"text-align:justify\"><span style=\"font-size:11pt\"><span style=\"line-height:normal\"><span style=\"font-family:Calibri,sans-serif\"><b><span style=\"font-size:18.0pt\"><span style=\"font-variant:small-caps\">Eventos<\/span><\/span><\/b><\/span><\/span><\/span><\/p>\r\n\r\n<p style=\"text-align:justify\"><span style=\"font-size:11pt\"><span style=\"line-height:normal\"><span style=\"font-family:Calibri,sans-serif\"><b><span style=\"font-size:14.0pt\">FEIMEC &ndash; Feira Internacional de M&aacute;quinas e Equipamentos<\/span><\/b><span style=\"font-size:14.0pt\">, de 07 a 11 de maio, em S&atilde;o Paulo, SP. <\/span><a href=\"https:\/\/www.feimec.com.br\/pt\/credenciamento.html?utm_source=google&amp;utm_medium=cpc&amp;utm_campaign=adsplay_credenciamento-nacional&amp;utm_content=search&amp;gad_source=1&amp;gclid=CjwKCAjwoPOwBhAeEiwAJuXRh7unoGd-fW2cbQEN167PXF_UYWUlcdMLJ49wARV3pl1rJuXKhNSXyBoCWiUQAvD_BwE\" style=\"color:blue; text-decoration:underline\"><span style=\"font-size:14.0pt\">Informa&ccedil;&otilde;es<\/span><\/a><\/span><\/span><\/span><\/p>\r\n\r\n<p style=\"text-align:justify\"><span style=\"font-size:11pt\"><span style=\"line-height:normal\"><span style=\"font-family:Calibri,sans-serif\"><b><span style=\"font-size:14.0pt\">Etiquetagem de T&ecirc;xteis com &ecirc;nfase na norma da ABNT NBR ISO 3758:2013<\/span><\/b><span style=\"font-size:14.0pt\">, 13 e 14 de maio de 2024, online. <\/span><a href=\"https:\/\/mailchi.mp\/148ecb21a034\/curso-etiquetagem-de-txteis?e=c07d99bfad\" style=\"color:blue; text-decoration:underline\"><span style=\"font-size:14.0pt\">Informa&ccedil;&otilde;es e inscri&ccedil;&otilde;es aqui<\/span><\/a><\/span><\/span><\/span><\/p>\r\n\r\n<p style=\"text-align:justify\"><span style=\"font-size:11pt\"><span style=\"line-height:normal\"><span style=\"font-family:Calibri,sans-serif\"><b><span style=\"font-size:14.0pt\">II Congresso Ibero-Americano de Esteriliza&ccedil;&atilde;o e II Congresso Nacional de Reprocessamento de Dispositivos M&eacute;dicos<\/span><\/b><span style=\"font-size:14.0pt\">, 16 a 18 de maio de 2024, Cartagena, Colombia<b>. <\/b><\/span><a href=\"http:\/\/nascecme.com.br\/ii-congresso-ibero-americano-de-esterilizacao-e-ii-congresso-nacional-de-reprocessamento-de-dispositivos-medicos\/\" style=\"color:blue; text-decoration:underline\"><span style=\"font-size:14.0pt\">Informa&ccedil;&otilde;es<\/span><\/a> <\/span><\/span><\/span><\/p>\r\n\r\n<p style=\"text-align:justify\"><span style=\"font-size:11pt\"><span style=\"line-height:normal\"><span style=\"font-family:Calibri,sans-serif\"><b><span style=\"font-size:14.0pt\">3&ordm; F&oacute;rum de Economia Circular<\/span><\/b><span style=\"font-size:14.0pt\">, 22 e 23 de maio de 2024, evento h&iacute;brido, Tri Hotel, Gramado\/ Canela, RS. <\/span><a href=\"https:\/\/www.sympla.com.br\/evento\/3-forum-de-economia-circular\/2376041\" style=\"color:blue; text-decoration:underline\"><span style=\"font-size:14.0pt\">Informa&ccedil;&otilde;es e inscri&ccedil;&otilde;es aqui<\/span><\/a> <\/span><\/span><\/span><\/p>\r\n\r\n<p style=\"text-align:justify\"><span style=\"font-size:11pt\"><span style=\"line-height:normal\"><span style=\"font-family:Calibri,sans-serif\"><b><span lang=\"EN-US\" style=\"font-size:14.0pt\">ANEX 2024 | Asia Nonwoven Exhibition and Conference<\/span><\/b><span lang=\"EN-US\" style=\"font-size:14.0pt\">, 22-24 May 2024, Taipei Nangang Exhibition Center, Hall 1. <\/span><a href=\"https:\/\/www.anex2024.com\/\" style=\"color:blue; text-decoration:underline\"><span lang=\"EN-US\" style=\"font-size:14.0pt\">Information here<\/span><\/a> <\/span><\/span><\/span><\/p>\r\n\r\n<p style=\"text-align:justify\"><img src=\"https:\/\/www.abint.org.br\/assets\/img\/editor\/abtt-academy-curso-compras-texteis-hospitalares_20240508150923BljBwu60yh.jpg\" \/><\/p>\r\n\r\n<p style=\"text-align:justify\"><span style=\"font-size:11pt\"><span style=\"line-height:normal\"><span style=\"font-family:Calibri,sans-serif\"><a href=\"https:\/\/docs.google.com\/forms\/d\/e\/1FAIpQLSeG7zdl8xZpguBFbIdqyMS61mxfjvFjKOQ3EUqnWgC1RUcAug\/viewform\" style=\"color:blue; text-decoration:underline\"><span style=\"font-size:14.0pt\">INFORMA&Ccedil;&Otilde;ES E INSCRI&Ccedil;&Otilde;ES<\/span><\/a><\/span><\/span><\/span><\/p>\r\n\r\n<p style=\"text-align:justify\"><span style=\"font-size:11pt\"><span style=\"line-height:normal\"><span style=\"font-family:Calibri,sans-serif\"><b><span style=\"font-size:14.0pt\">FGV IBRE | X Semin&aacute;rio Anual de Pol&iacute;tica Monet&aacute;ria<\/span><\/b><span style=\"font-size:14.0pt\">, 24 de maio de 2024, presencial, Centro Cultural FGV, 190 - Praia de Botafogo. <\/span><a href=\"https:\/\/evento.fgv.br\/xseminarioanual_ibre2405\/\" style=\"color:blue; text-decoration:underline\"><span lang=\"EN-US\" style=\"font-size:14.0pt\">Informa&ccedil;&otilde;es aqui<\/span><\/a><\/span><\/span><\/span><\/p>\r\n\r\n<p style=\"text-align:justify\"><span style=\"font-size:11pt\"><span style=\"line-height:normal\"><span style=\"font-family:Calibri,sans-serif\"><b><span lang=\"EN-US\" style=\"font-size:14.0pt\">The EDANA Innovation Forum<\/span><\/b><span class=\"MsoHyperlink\" style=\"color:blue\"><span style=\"text-decoration:underline\"><span lang=\"EN-US\" style=\"font-size:14.0pt\"><span style=\"text-decoration:none\"><span style=\"text-underline:none\">, <\/span><\/span><\/span><\/span><\/span><span lang=\"EN-US\" style=\"font-size:14.0pt\">04 - 06 June 2024, Munich<\/span><span class=\"MsoHyperlink\" style=\"color:blue\"><span style=\"text-decoration:underline\"><span lang=\"EN-US\" style=\"font-size:14.0pt\"><span style=\"text-decoration:none\"><span style=\"text-underline:none\">. <\/span><\/span><\/span><\/span><\/span><a href=\"https:\/\/www.edana.org\/events\/edana-innovation-forum-?ct=t(MENA_2018_call_for_papers6_28_2017_COPY_01)&amp;mc_cid=27efeab42f&amp;mc_eid=08e0eae351\" style=\"color:blue; text-decoration:underline\"><span lang=\"EN-US\" style=\"font-size:14.0pt\">Information here<\/span><\/a><\/span><\/span><\/span><\/p>\r\n\r\n<p style=\"text-align:justify\"><span style=\"font-size:11pt\"><span style=\"line-height:normal\"><span style=\"font-family:Calibri,sans-serif\"><b><span lang=\"EN-US\" style=\"font-size:14.0pt\">HIGITEX 2024 | International Technical Textiles &amp; Nonwoven Exhibition<\/span><\/b><span lang=\"EN-US\" style=\"font-size:14.0pt\">, 4-8 June 2024, T&uuml;yap Fair Convention and Congress Center, T&uuml;rkiye. <\/span><a href=\"https:\/\/www.hightex.com.tr\/\" style=\"color:blue; text-decoration:underline\"><span style=\"font-size:14.0pt\">Information here<\/span><\/a> <\/span><\/span><\/span><\/p>\r\n\r\n<p style=\"text-align:justify\"><span style=\"font-size:11pt\"><span style=\"line-height:normal\"><span style=\"font-family:Calibri,sans-serif\"><b><span style=\"font-size:14.0pt\">Workshop | Plano de gerenciamento de res&iacute;duos s&oacute;lidos<\/span><\/b><span style=\"font-size:14.0pt\">, 06 de junho de 2024, evento online. <\/span><a href=\"https:\/\/app.rdstation.email\/mail\/5893d5d3-c08f-4bed-9b26-b4e2f8e26d87?utm_campaign=workshop_residuos_solidos&amp;utm_medium=email&amp;utm_source=RD+Station\" style=\"color:blue; text-decoration:underline\"><span style=\"font-size:14.0pt\">Inscri&ccedil;&otilde;es e informa&ccedil;&otilde;es aqui<\/span><\/a><\/span><\/span><\/span><\/p>\r\n\r\n<p style=\"text-align:justify\"><span style=\"font-size:11pt\"><span style=\"line-height:normal\"><span style=\"font-family:Calibri,sans-serif\"><b><span style=\"font-size:14.0pt\">AESabesp | O Mega Desafio Trazido Pela Nova Lei de Licita&ccedil;&otilde;es e Contratos - Lei 14133\/2021, <\/span><\/b><span style=\"font-size:14.0pt\">17 a 19 de junho de 2024, das 08h &agrave;s 17h, na sede da AESabesp, em S&atilde;o Paulo. <\/span><a href=\"https:\/\/send.neopixdmi.com\/index.php\/campaigns\/bt5255bhowca7\/web-version\/mh045xn88n9c0\" style=\"color:blue; text-decoration:underline\"><span style=\"font-size:14.0pt\">Informa&ccedil;&otilde;es e inscri&ccedil;&otilde;es aqui<\/span><\/a><\/span><\/span><\/span><\/p>\r\n\r\n<p style=\"text-align:justify\"><span style=\"font-size:11pt\"><span style=\"line-height:normal\"><span style=\"font-family:Calibri,sans-serif\"><b><span style=\"font-size:14.0pt\">IHI 2024 - 9&ordm; F&oacute;rum Latino-Americano de Qualidade e Seguran&ccedil;a na Sa&uacute;de<\/span><\/b><span style=\"font-size:14.0pt\">, 09 a 11 de julho de 2024, evento h&iacute;brido, Centro de Ensino e Pesquisa Albert Einstein, Campus Cec&iacute;lia e Abram Szajman, Rua Comendador Elias Jafet, 755, Morumbi, S&atilde;o Paulo\/SP. <\/span><a href=\"http:\/\/www.ihi.ensinoeinstein.com\/\" style=\"color:blue; text-decoration:underline\"><span style=\"font-size:14.0pt\">www.ihi.ensinoeinstein.com<\/span><\/a><span style=\"font-size:14.0pt\"> <\/span><\/span><\/span><\/span><\/p>\r\n\r\n<p style=\"text-align:justify\"><span style=\"font-size:11pt\"><span style=\"line-height:normal\"><span style=\"font-family:Calibri,sans-serif\"><b><span style=\"font-size:14.0pt\">Constru Nordeste<\/span><\/b><span style=\"font-size:14.0pt\">, 31 de julho a 02 de agosto de 2024, Centro de Conven&ccedil;&otilde;es Salvador, Bahia. <\/span><a href=\"http:\/\/www.construnordeste.com.br\" style=\"color:blue; text-decoration:underline\"><span style=\"font-size:14.0pt\">www.construnordeste.com.br<\/span><\/a> <\/span><\/span><\/span><\/p>\r\n\r\n<p style=\"text-align:justify\"><span style=\"font-size:11pt\"><span style=\"line-height:normal\"><span style=\"font-family:Calibri,sans-serif\"><b><span style=\"font-size:14.0pt\">FEIPLAR COMPOSITES &amp; FEIPUR &ndash; Feira e Congresso Internacionais de Composites, Poliuretano, Pl&aacute;sticos de Engenharia e Compostos Termopl&aacute;sticos<\/span><\/b><span style=\"font-size:14.0pt\">, 20 a 22 de agosto de 2024, S&atilde;o Paulo Expo (Pavilh&atilde;o 5), palestras: das 8h30 &agrave;s 18h, feira: das 13h &agrave;s 20h.<b> <\/b><\/span><a href=\"http:\/\/www.feiplar.com\" style=\"color:blue; text-decoration:underline\"><span style=\"font-size:14.0pt\">www.feiplar.com<\/span><\/a> <\/span><\/span><\/span><\/p>\r\n\r\n<p style=\"text-align:justify\"><span style=\"font-size:11pt\"><span style=\"line-height:normal\"><span style=\"font-family:Calibri,sans-serif\"><b><span style=\"font-size:14.0pt\">Fenasan 2024 &ndash; Feira Nacional de Saneamento e Meio Ambiente<\/span><\/b><span style=\"font-size:14.0pt\">, 22 a 24 de outubro de 2024, Pavilh&otilde;es Verde e Vermelho, Expo Center Norte, S&atilde;o Paulo SP. <\/span><a href=\"http:\/\/www.fenasan.com.br\" style=\"color:blue; text-decoration:underline\"><span style=\"font-size:14.0pt\">www.fenasan.com.br<\/span><\/a> <\/span><\/span><\/span><\/p>\r\n\r\n<p style=\"text-align:justify\"><span style=\"font-size:11pt\"><span style=\"line-height:normal\"><span style=\"font-family:Calibri,sans-serif\"><b><span style=\"font-size:14.0pt\">HospitalMed 2024<\/span><\/b><span style=\"font-size:14.0pt\">, 23 a 25 de outubro, das 14h &agrave;s 20h, no Pernambuco Centro de Conven&ccedil;&otilde;es. <\/span><a href=\"http:\/\/www.hospitalmed.com.br\" style=\"color:blue; text-decoration:underline\"><span style=\"font-size:14.0pt\">www.hospitalmed.com.br<\/span><\/a> <\/span><\/span><\/span><\/p>\r\n\r\n<p style=\"text-align:justify\"><span style=\"font-size:11pt\"><span style=\"line-height:normal\"><span style=\"font-family:Calibri,sans-serif\"><b><span style=\"font-size:14.0pt\">Congresso Internacional Abit 2024<\/span><\/b><span style=\"font-size:14.0pt\">, 30 e 31 de outubro, Salvador, Bahia. <\/span><a href=\"http:\/\/www.congressoabit.com.br\" style=\"color:blue; text-decoration:underline\"><span style=\"font-size:14.0pt\">www.congressoabit.com.br<\/span><\/a> <\/span><\/span><\/span><\/p>\r\n\r\n<p style=\"text-align:justify\"><span style=\"font-size:28pt\"><span style=\"font-family:Cambria,serif\"><span style=\"letter-spacing:-0.5pt\"><b><span style=\"font-size:18.0pt\"><span style=\"font-family:&quot;Calibri&quot;,sans-serif\"><span style=\"font-variant:small-caps\">Setor<\/span><\/span><\/span><\/b><\/span><\/span><\/span><\/p>\r\n\r\n<p style=\"text-align:justify\"><span style=\"font-size:11pt\"><span style=\"line-height:normal\"><span style=\"font-family:Calibri,sans-serif\"><a href=\"https:\/\/plasticosemrevista.com.br\/o-gatilho-da-discordia\/\" style=\"color:blue; text-decoration:underline\"><span style=\"font-size:14.0pt\">O gatilho da disc&oacute;rdia<\/span><\/a><\/span><\/span><\/span><\/p>\r\n\r\n<p style=\"text-align:justify\"><span style=\"font-size:11pt\"><span style=\"line-height:normal\"><span style=\"font-family:Calibri,sans-serif\"><a href=\"https:\/\/tissueonline.com.br\/fabricante-japones-lanca-fraldas-recicladas-para-bebes\/?utm_campaign=newsletter_03052024_novo_modelo&amp;utm_medium=email&amp;utm_source=RD+Station\" style=\"color:blue; text-decoration:underline\"><span style=\"font-size:14.0pt\">Fabricante japon&ecirc;s lan&ccedil;a fraldas recicladas para beb&ecirc;s<\/span><\/a><\/span><\/span><\/span><\/p>\r\n\r\n<p style=\"text-align:justify\"><span style=\"font-size:11pt\"><span style=\"line-height:normal\"><span style=\"font-family:Calibri,sans-serif\"><a href=\"https:\/\/ibsp.net.br\/seguranca-do-paciente\/materiais-cientificos\/relatorio-de-seguranca-hospitais-investem-na-prevencao-e-controle-de-iras-mas-falham-na-implementacao-de-outros-importantes-protocolos\/\" style=\"color:blue; text-decoration:underline\"><span style=\"font-size:14.0pt\">Relat&oacute;rio de Seguran&ccedil;a: hospitais investem na preven&ccedil;&atilde;o e controle de IRAS, mas falham na implementa&ccedil;&atilde;o de outros importantes protocolos<\/span><\/a><\/span><\/span><\/span><\/p>\r\n\r\n<p style=\"text-align:justify\"><span style=\"font-size:11pt\"><span style=\"line-height:normal\"><span style=\"font-family:Calibri,sans-serif\"><a href=\"https:\/\/www.anahp.com.br\/publicacoes\/balanco-observatorio-anahp-1a-edicao-marco-2024\/?utm_campaign=emkt-__disparo_1_-_leads_desengajados&amp;utm_medium=email&amp;utm_source=RD+Station\" style=\"color:blue; text-decoration:underline\"><span style=\"font-size:14.0pt\">Observat&oacute;rio Anahp | 1&ordf; edi&ccedil;&atilde;o (mar&ccedil;o 2024)<\/span><\/a><\/span><\/span><\/span><\/p>\r\n\r\n<p style=\"text-align:justify\"><span style=\"font-size:11pt\"><span style=\"line-height:normal\"><span style=\"font-family:Calibri,sans-serif\"><a href=\"https:\/\/epbr.com.br\/adnoc-abandona-disputa-pela-braskem\/?utm_source=newsletters+epbr&amp;utm_campaign=6ee3049dae-epbr-comece-seu-dia_20230724_COPY_01&amp;utm_medium=email&amp;utm_term=0_5931171aac-6ee3049dae-466362780\" style=\"color:blue; text-decoration:underline\"><span style=\"font-size:14.0pt\">Adnoc abandona disputa pela Braskem<\/span><\/a><\/span><\/span><\/span><\/p>\r\n\r\n<p style=\"text-align:justify\"><span style=\"font-size:28pt\"><span style=\"font-family:Cambria,serif\"><span style=\"letter-spacing:-0.5pt\"><b><span style=\"font-size:18.0pt\"><span style=\"font-family:&quot;Calibri&quot;,sans-serif\"><span style=\"font-variant:small-caps\">Ind&uacute;stria<\/span><\/span><\/span><\/b><\/span><\/span><\/span><\/p>\r\n\r\n<p style=\"text-align:justify\"><span style=\"font-size:11pt\"><span style=\"line-height:normal\"><span style=\"font-family:Calibri,sans-serif\"><a href=\"https:\/\/www12.senado.leg.br\/noticias\/materias\/2024\/05\/06\/reducao-de-tributos-para-plasticos-biodegradaveis-deve-ser-votada-na-cma\" style=\"color:blue; text-decoration:underline\"><span style=\"font-size:14.0pt\">Redu&ccedil;&atilde;o de tributos para pl&aacute;sticos biodegrad&aacute;veis deve ser votada na CMA<\/span><\/a><\/span><\/span><\/span><\/p>\r\n\r\n<p style=\"text-align:justify\"><span style=\"font-size:11pt\"><span style=\"line-height:normal\"><span style=\"font-family:Calibri,sans-serif\"><a href=\"https:\/\/www.bol.uol.com.br\/noticias\/2024\/04\/30\/receita-liquida-do-setor-de-maquinas-e-equipamentos-sobe-62-em-marco-diz-abimaq.htm?cmpid=copiaecola\" style=\"color:blue; text-decoration:underline\"><span style=\"font-size:14.0pt\">Receita l&iacute;quida do setor de m&aacute;quinas e equipamentos sobe 6,2% em mar&ccedil;o, diz Abimaq<\/span><\/a><\/span><\/span><\/span><\/p>\r\n\r\n<p style=\"text-align:justify\"><span style=\"font-size:11pt\"><span style=\"line-height:normal\"><span style=\"font-family:Calibri,sans-serif\"><a href=\"https:\/\/exame.com\/economia\/confianca-empresarial-sobe-06-ponto-em-abril-ante-marco-para-958-pontos-revela-fgv\/\" style=\"color:blue; text-decoration:underline\"><span style=\"font-size:14.0pt\">Confian&ccedil;a empresarial sobe 0,6 ponto em abril ante mar&ccedil;o, para 95,8 pontos, revela FGV<\/span><\/a><\/span><\/span><\/span><\/p>\r\n\r\n<p style=\"text-align:justify\"><span style=\"font-size:11pt\"><span style=\"line-height:normal\"><span style=\"font-family:Calibri,sans-serif\"><a href=\"http:\/\/www.revistaanamaco.com.br\/construcao-abre-286-mil-novos-empregos-em-marco-aponta-caged?utm_campaign=Revista+Anamaco+Online&amp;utm_content=Constru%C3%A7%C3%A3o+abre+28%2C6+mil+novos+empregos+em+mar%C3%A7o%2C+aponta+Caged+-+Revista+Anamaco&amp;utm_medium=email&amp;utm_source=dinamize&amp;utm_term=Revista+Anamaco+Online-Newsletter%2331-2024\" style=\"color:blue; text-decoration:underline\"><span style=\"font-size:14.0pt\">Constru&ccedil;&atilde;o abre 28,6 mil novos empregos em mar&ccedil;o, aponta Caged<\/span><\/a><\/span><\/span><\/span><\/p>\r\n\r\n<p style=\"text-align:justify\"><span style=\"font-size:11pt\"><span style=\"line-height:normal\"><span style=\"font-family:Calibri,sans-serif\"><a href=\"https:\/\/apexbrasil.com.br\/content\/apexbrasil\/br\/pt\/conteudo\/noticias\/O-pais-tem-seu-melhor-resultado-em-7-anos-em-ranking-desenvolvido-pela-consultoria-kearney.html#msdynttrid=wUF5OS7L6VPkHpI1tPLAL5vz8H_2Hxoi7EMpOsfpcXo\" style=\"color:blue; text-decoration:underline\"><span style=\"font-size:14.0pt\">Brasil melhora sua posi&ccedil;&atilde;o como um dos destinos mais atrativos para o Investimento Estrangeiro Direto<\/span><\/a><\/span><\/span><\/span><\/p>\r\n\r\n<p style=\"text-align:justify\"><span style=\"font-size:28pt\"><span style=\"font-family:Cambria,serif\"><span style=\"letter-spacing:-0.5pt\"><b><span style=\"font-size:18.0pt\"><span style=\"font-family:&quot;Calibri&quot;,sans-serif\"><span style=\"font-variant:small-caps\">Sustentabilidade<\/span><\/span><\/span><\/b><\/span><\/span><\/span><\/p>\r\n\r\n<p style=\"text-align:justify\"><span style=\"font-size:11pt\"><span style=\"line-height:normal\"><span style=\"font-family:Calibri,sans-serif\"><a href=\"https:\/\/plasticosemrevista.com.br\/reciclagem-quimica-ativistas-derrubam-projeto-nos-eua\/\" style=\"color:blue; text-decoration:underline\"><span style=\"font-size:14.0pt\">Reciclagem qu&iacute;mica: ativistas derrubam projeto nos EUA<\/span><\/a><\/span><\/span><\/span><\/p>\r\n\r\n<p style=\"text-align:justify\"><span style=\"font-size:11pt\"><span style=\"line-height:normal\"><span style=\"font-family:Calibri,sans-serif\"><a href=\"https:\/\/www.technicaltextile.net\/news\/eu-parliament-approves-packaging-legislation-to-promote-sustainability-294820.html\" style=\"color:blue; text-decoration:underline\"><span lang=\"EN-US\" style=\"font-size:14.0pt\">EU Parliament approves packaging legislation to promote sustainability<\/span><\/a><\/span><\/span><\/span><\/p>\r\n\r\n<p style=\"text-align:justify\"><span style=\"font-size:11pt\"><span style=\"line-height:normal\"><span style=\"font-family:Calibri,sans-serif\"><a href=\"https:\/\/www.jota.info\/opiniao-e-analise\/artigos\/circularidade-na-industria-uma-nova-era-de-sustentabilidade-e-inovacao-02052024\" style=\"color:blue; text-decoration:underline\"><span style=\"font-size:14.0pt\">Circularidade na ind&uacute;stria: uma nova era de sustentabilidade e inova&ccedil;&atilde;o<\/span><\/a><\/span><\/span><\/span><\/p>\r\n\r\n<p style=\"text-align:justify\"><span style=\"font-size:28pt\"><span style=\"font-family:Cambria,serif\"><span style=\"letter-spacing:-0.5pt\"><b><span style=\"font-size:18.0pt\"><span style=\"font-family:&quot;Calibri&quot;,sans-serif\"><span style=\"font-variant:small-caps\">Inova&ccedil;&atilde;o<\/span><\/span><\/span><\/b><\/span><\/span><\/span><\/p>\r\n\r\n<p style=\"text-align:justify\"><span style=\"font-size:11pt\"><span style=\"line-height:normal\"><span style=\"font-family:Calibri,sans-serif\"><a href=\"https:\/\/noticias.portaldaindustria.com.br\/noticias\/sustentabilidade\/e-couro-de-vagem-vem-do-angico-a-aposta-para-um-novo-tipo-de-biocouro-made-in-brasil\/\" style=\"color:blue; text-decoration:underline\"><span style=\"font-size:14.0pt\">&Eacute; de vagem! Vem do angico a aposta para tecido semelhante ao couro made in Brasil<\/span><\/a><\/span><\/span><\/span><\/p>\r\n\r\n<p style=\"text-align:justify\"><span style=\"font-size:11pt\"><span style=\"line-height:normal\"><span style=\"font-family:Calibri,sans-serif\"><a href=\"https:\/\/noticias.portaldaindustria.com.br\/noticias\/brasil-industria\/industria-faz-parcerias-pelo-pais-e-avanca-em-ciencia-tecnologia-e-inovacao\/\" style=\"color:blue; text-decoration:underline\"><span style=\"font-size:14.0pt\">Ind&uacute;stria faz parcerias pelo pa&iacute;s e avan&ccedil;a em ci&ecirc;ncia, tecnologia e inova&ccedil;&atilde;o<\/span><\/a><\/span><\/span><\/span><\/p>\r\n\r\n<p style=\"text-align:justify\"><span style=\"font-size:28pt\"><span style=\"font-family:Cambria,serif\"><span style=\"letter-spacing:-0.5pt\"><b><span style=\"font-size:18.0pt\"><span style=\"font-family:&quot;Calibri&quot;,sans-serif\"><span style=\"font-variant:small-caps\">Com&eacute;rcio Exterior<\/span><\/span><\/span><\/b><\/span><\/span><\/span><\/p>\r\n\r\n<p style=\"text-align:justify\"><span style=\"font-size:11pt\"><span style=\"line-height:normal\"><span style=\"font-family:Calibri,sans-serif\"><a href=\"https:\/\/anba.com.br\/china-amplia-fornecimento-de-calcados-a-arabes\/\" style=\"color:blue; text-decoration:underline\"><span style=\"font-size:14.0pt\">China amplia fornecimento de cal&ccedil;ados a &aacute;rabes<\/span><\/a><\/span><\/span><\/span><\/p>\r\n\r\n<p style=\"text-align:justify\"><span style=\"font-size:11pt\"><span style=\"line-height:normal\"><span style=\"font-family:Calibri,sans-serif\"><a href=\"https:\/\/apexbrasil.com.br\/content\/apexbrasil\/br\/pt\/conteudo\/noticias\/argentina-permanece-como-destino-estrategico-para-exportacoes-brasileiras-apesar-de-oscilacoes-conjunturais.html#msdynttrid=25g5FqHwUqySggAcNALuaCGR7EQxIjj9q-BBoIMKkW8\" style=\"color:blue; text-decoration:underline\"><span style=\"font-size:14.0pt\">Argentina permanece como destino estrat&eacute;gico para exporta&ccedil;&otilde;es brasileiras apesar de oscila&ccedil;&otilde;es conjunturais<\/span><\/a><\/span><\/span><\/span><\/p>\r\n\r\n<p style=\"text-align:justify\"><span style=\"font-size:11pt\"><span style=\"line-height:normal\"><span style=\"font-family:Calibri,sans-serif\"><a href=\"https:\/\/noticias.portaldaindustria.com.br\/noticias\/internacional\/brasil-e-japao-encontro-empresarial-busca-fortalecer-trocas-e-construir-acordo\/\" style=\"color:blue; text-decoration:underline\"><span style=\"font-size:14.0pt\">Brasil e Jap&atilde;o: encontro empresarial busca fortalecer trocas e construir acordo<\/span><\/a><\/span><\/span><\/span><\/p>\r\n\r\n<p style=\"text-align:justify\"><span style=\"font-size:11pt\"><span style=\"line-height:normal\"><span style=\"font-family:Calibri,sans-serif\"><a href=\"https:\/\/www.correiobraziliense.com.br\/economia\/2024\/05\/6849569-negociacoes-mercosul-japao-ainda-estao-incipientes-diz-embaixador.html\" style=\"color:blue; text-decoration:underline\"><span style=\"font-size:14.0pt\">Negocia&ccedil;&otilde;es Mercosul-Jap&atilde;o ainda est&atilde;o &#39;incipientes&#39;, diz embaixador<\/span><\/a><\/span><\/span><\/span><\/p>\r\n\r\n<p style=\"text-align:justify\"><span style=\"font-size:28pt\"><span style=\"font-family:Cambria,serif\"><span style=\"letter-spacing:-0.5pt\"><b><span style=\"font-size:18.0pt\"><span style=\"font-family:&quot;Calibri&quot;,sans-serif\"><span style=\"font-variant:small-caps\">Economia<\/span><\/span><\/span><\/b><\/span><\/span><\/span><\/p>\r\n\r\n<p style=\"text-align:justify\"><span style=\"font-size:11pt\"><span style=\"line-height:normal\"><span style=\"font-family:Calibri,sans-serif\"><a href=\"https:\/\/www.bcb.gov.br\/content\/focus\/focus\/R20240503.pdf\" style=\"color:blue; text-decoration:underline\"><span style=\"font-size:14.0pt\">Focus - Relat&oacute;rio de Mercado<\/span><\/a><\/span><\/span><\/span><\/p>\r\n\r\n<p style=\"text-align:justify\"><span style=\"font-size:11pt\"><span style=\"line-height:normal\"><span style=\"font-family:Calibri,sans-serif\"><a href=\"https:\/\/www.bcb.gov.br\/controleinflacao\/focusdistribuicoesfrequencia\" style=\"color:blue; text-decoration:underline\"><span style=\"font-size:14.0pt\">Focus &ndash; Distribui&ccedil;&otilde;es de Frequ&ecirc;ncia das Expectativas de Mercado para IPCA, Selic, PIB e C&acirc;mbio.<\/span><\/a><\/span><\/span><\/span><\/p>\r\n\r\n<p style=\"text-align:justify\"><span style=\"font-size:11pt\"><span style=\"line-height:normal\"><span style=\"font-family:Calibri,sans-serif\"><a href=\"https:\/\/web.bndes.gov.br\/bib\/jspui\/bitstream\/1408\/24685\/1\/PRFol_216149_Atividade%20econ%C3%B4mica%20no%20in%C3%ADcio%20de%202024.pdf\" style=\"color:blue; text-decoration:underline\"><span style=\"font-size:14.0pt\">BNDES | A atividade econ&ocirc;mica no in&iacute;cio de 2024<\/span><\/a><\/span><\/span><\/span><\/p>\r\n\r\n<p style=\"text-align:justify\"><span style=\"font-size:11pt\"><span style=\"line-height:normal\"><span style=\"font-family:Calibri,sans-serif\"><a href=\"https:\/\/www.bcb.gov.br\/content\/publicacoes\/ref\/202404\/RELESTAB202404-refPub.pdf\" style=\"color:blue; text-decoration:underline\"><span style=\"font-size:14.0pt\">BACEN | Relat&oacute;rio de Estabilidade Financeira<\/span><\/a><\/span><\/span><\/span><\/p>\r\n\r\n<p style=\"text-align:justify\"><span style=\"font-size:11pt\"><span style=\"line-height:normal\"><span style=\"font-family:Calibri,sans-serif\"><a href=\"https:\/\/www.bcb.gov.br\/conteudo\/home-ptbr\/TextosApresentacoes\/Apresenta%C3%A7%C3%A3o%20REF%2030.4.2024.pdf\" style=\"color:blue; text-decoration:underline\"><span style=\"font-size:14.0pt\">Apresenta&ccedil;&atilde;o do Diretor de Fiscaliza&ccedil;&atilde;o do Banco Central, Ailton Aquino<\/span><\/a><\/span><\/span><\/span><\/p>\r\n\r\n<p style=\"text-align:justify\"><span style=\"font-size:11pt\"><span style=\"line-height:normal\"><span style=\"font-family:Calibri,sans-serif\"><img src=\"https:\/\/www.abint.org.br\/assets\/img\/editor\/redes-sociais-abint-ctg-cth_20240508151230RQer43aW7q.jpg\" \/><\/span><\/span><\/span><\/p>\r\n","texto_en":"","7":"","imagem":"COMP_capa-2024-site-boletim-abint-noticias-semanis_20240508151513RS9qaV0WtE.jpg","8":"COMP_capa-2024-site-boletim-abint-noticias-semanis_20240508151513RS9qaV0WtE.jpg","arquivo":"20240507-BOLETIM-ABINT-DE-NOTICIAS-SEMANAIS.PDF","9":"20240507-BOLETIM-ABINT-DE-NOTICIAS-SEMANAIS.PDF","titulo_arquivo":"20240507 Boletim ABINT de Not\u00edcias Semanais","10":"20240507 Boletim ABINT de Not\u00edcias Semanais","titulo_arquivo_en":"","11":"","created_at":"2024-05-08 15:15:24","12":"2024-05-08 15:15:24","updated_at":"2024-05-08 15:15:24","13":"2024-05-08 15:15:24"},{"id":126,"0":126,"ordem":106,"1":106,"data":"2024-05-03","2":"2024-05-03","slug":"conheca-os-beneficios-do-uso-de-naotecidos-no-segmento-medico-hospitalar","3":"conheca-os-beneficios-do-uso-de-naotecidos-no-segmento-medico-hospitalar","titulo":"Conhe\u00e7a os benef\u00edcios do uso de N\u00e3otecidos no segmento m\u00e9dico hospitalar","4":"Conhe\u00e7a os benef\u00edcios do uso de N\u00e3otecidos no segmento m\u00e9dico hospitalar","titulo_en":"","5":"","texto":"<p align=\"center\" style=\"text-align:center\"><span style=\"font-size:11pt\"><span style=\"background:white\"><span style=\"line-height:115%\"><span style=\"font-family:Calibri,sans-serif\"><i><span style=\"font-size:12.0pt\"><span style=\"line-height:115%\"><span arial=\"\" style=\"font-family:\"><span style=\"color:black\">Entre as vantagens desses materiais, usados em <\/span><\/span><\/span><\/span><\/i><i><span style=\"font-size:12.0pt\"><span style=\"line-height:115%\"><span arial=\"\" style=\"font-family:\"><span style=\"color:black\">aventais cir&uacute;rgicos, campos cir&uacute;rgicos, m&aacute;scaras, compressas, wipes, pads, curativos, protetor oft&aacute;lmico, base de eletrodos, sistemas de embalagem est&eacute;reis e outros, est&atilde;o a qualidade e a seguran&ccedil;a de profissionais e pacientes<\/span><\/span><\/span><\/span><\/i><\/span><\/span><\/span><\/span><\/p>\r\n\r\n<p style=\"text-align:justify\"><span style=\"font-size:11pt\"><span style=\"background:white\"><span style=\"line-height:115%\"><span style=\"font-family:Calibri,sans-serif\"><span arial=\"\" style=\"font-family:\"><span style=\"color:black\">N&atilde;otecidos (conhecidos popularmente como TNT) s&atilde;o materiais t&ecirc;xteis fabricados com filamentos de polipropileno, unidos por meio de processos mec&acirc;nicos, e\/ou qu&iacute;micos e\/ou t&eacute;rmicos, e n&atilde;o de tecelagem. S&atilde;o materiais usados em aplica&ccedil;&otilde;es diversas como filtra&ccedil;&atilde;o, agroneg&oacute;cio, automotivo, entre outros, mas, especificamente no setor m&eacute;dico hospitalar apresentam uma s&eacute;rie de vantagens frente a suced&acirc;neos. <\/span><\/span><\/span><\/span><\/span><\/span><\/p>\r\n\r\n<p style=\"margin-top:16px; text-align:justify; margin-bottom:13px\"><span style=\"font-size:11pt\"><span style=\"background:white\"><span style=\"line-height:115%\"><span style=\"font-family:Calibri,sans-serif\"><span arial=\"\" style=\"font-family:\"><span style=\"color:black\">S&atilde;o usados em aventais de procedimentos n&atilde;o cir&uacute;rgico, aventais cir&uacute;rgicos, campos cir&uacute;rgicos, m&aacute;scaras de uso odonto\/medico\/hospitalar, toucas, compressas, campos cir&uacute;rgicos, wipes, pads, curativos, protetor oft&aacute;lmico, base de eletrodos, sistemas de embalagem est&eacute;reis. compressas, entre outros produtos. <\/span><\/span><\/span><\/span><\/span><\/span><\/p>\r\n\r\n<p style=\"margin-top:16px; text-align:justify; margin-bottom:13px\"><span style=\"font-size:11pt\"><span style=\"background:white\"><span style=\"line-height:115%\"><span style=\"font-family:Calibri,sans-serif\"><span arial=\"\" style=\"font-family:\"><span style=\"color:black\">Um dos pontos fortes dos N&atilde;otecidos &eacute; a sua capacidade de minimizar contamina&ccedil;&otilde;es e casos de infec&ccedil;&atilde;o hospitalar. Al&eacute;m disso, testes apontam que eles apresentam melhor desempenho em fun&ccedil;&otilde;es como barreira f&iacute;sica a fluidos. Segundo avalia&ccedil;&atilde;o do Comit&ecirc; T&eacute;cnico M&eacute;dico Hospitalar (CTH) da ABINT (Associa&ccedil;&atilde;o Brasileira das Ind&uacute;strias de N&atilde;otecidos e Tecidos T&eacute;cnicos), os kits cir&uacute;rgicos comuns perdem a barreira ap&oacute;s serem usados 6 vezes.<\/span><\/span><\/span><\/span><\/span><\/span><\/p>\r\n\r\n<p style=\"margin-top:16px; text-align:justify; margin-bottom:13px\"><span style=\"font-size:11pt\"><span style=\"background:white\"><span style=\"line-height:115%\"><span style=\"font-family:Calibri,sans-serif\"><span arial=\"\" style=\"font-family:\"><span style=\"color:black\">Esses fatores aumentam a efic&aacute;cia dos tratamentos m&eacute;dicos e reduzem custos. Dados da Organiza&ccedil;&atilde;o Mundial de Sa&uacute;de (OMS) mostram que dos mais de 234 milh&otilde;es de pacientes operados por ano no mundo, 1 milh&atilde;o deles morrem em decorr&ecirc;ncia de infec&ccedil;&otilde;es hospitalares e 7 milh&otilde;es apresentam complica&ccedil;&otilde;es no p&oacute;s-operat&oacute;rio, o que demonstra o impacto positivo do uso de N&atilde;otecidos nessas aplica&ccedil;&otilde;es. <\/span><\/span><\/span><\/span><\/span><\/span><\/p>\r\n\r\n<p style=\"margin-top:16px; text-align:justify; margin-bottom:13px\">&nbsp;<\/p>\r\n\r\n<p style=\"margin-top:16px; text-align:justify; margin-bottom:13px\"><span style=\"font-size:11pt\"><span style=\"background:white\"><span style=\"line-height:115%\"><span style=\"font-family:Calibri,sans-serif\"><b><span arial=\"\" style=\"font-family:\"><span style=\"color:black\">Avalia&ccedil;&atilde;o de Ciclo de Vida <\/span><\/span><\/b><\/span><\/span><\/span><\/span><\/p>\r\n\r\n<p style=\"margin-top:16px; text-align:justify; margin-bottom:13px\"><span style=\"font-size:11pt\"><span style=\"background:white\"><span style=\"line-height:115%\"><span style=\"font-family:Calibri,sans-serif\"><span arial=\"\" style=\"font-family:\"><span style=\"color:black\">Para agregar valor aos N&atilde;otecidos destinados ao mercado m&eacute;dico hospitalar, os produtos foram submetidos &agrave; Avalia&ccedil;&atilde;o de Ciclo de Vida (ACV). Trata-se de uma an&aacute;lise dos impactos ambientais potenciais ao longo da vida de um produto ou servi&ccedil;o, desde a extra&ccedil;&atilde;o da mat&eacute;ria-prima at&eacute; a destina&ccedil;&atilde;o final.<\/span><\/span><\/span><\/span><\/span><\/span><\/p>\r\n\r\n<p style=\"margin-top:16px; text-align:justify; margin-bottom:13px\"><span style=\"font-size:11pt\"><span style=\"background:white\"><span style=\"line-height:115%\"><span style=\"font-family:Calibri,sans-serif\"><span arial=\"\" style=\"font-family:\"><span style=\"color:black\">A ACV, uma iniciativa do CTH ABINT, comparou os produtos de N&atilde;otecidos com similares de algod&atilde;o e o resultado apontou que os N&atilde;otecidos se mostram a op&ccedil;&atilde;o mais ecoeficiente para as aplica&ccedil;&otilde;es nesse segmento de mercado. Ao comparar kits cir&uacute;rgicos de tecidos de algod&atilde;o (reutiliz&aacute;veis) e de N&atilde;otecido de polipropileno (de uso &uacute;nico), a segunda alternativa apresentou melhor desempenho ambiental, reduzindo, por exemplo, o consumo de &aacute;gua em, ao menos, 80%.<\/span><\/span><\/span><\/span><\/span><\/span><\/p>\r\n\r\n<p style=\"margin-top:16px; text-align:justify; margin-bottom:13px\"><span style=\"font-size:11pt\"><span style=\"background:white\"><span style=\"line-height:115%\"><span style=\"font-family:Calibri,sans-serif\"><span arial=\"\" style=\"font-family:\"><span style=\"color:black\">Apresentou tamb&eacute;m melhor desempenho em fun&ccedil;&otilde;es como barreira f&iacute;sica a fluidos. Conforme falado anteriormente, a avalia&ccedil;&atilde;o mostrou que os kits cir&uacute;rgicos de algod&atilde;o perdem a barreira ap&oacute;s serem usados 6 vezes. E ainda, os kits de algod&atilde;o demandam produtos qu&iacute;micos para sua desinfec&ccedil;&atilde;o, os quais s&atilde;o descartados no meio ambiente ap&oacute;s seu uso.<\/span><\/span><\/span><\/span><\/span><\/span><\/p>\r\n\r\n<p style=\"margin-top:16px; text-align:justify; margin-bottom:13px\">&nbsp;<\/p>\r\n\r\n<p style=\"margin-top:16px; text-align:justify; margin-bottom:13px\"><span style=\"font-size:11pt\"><span style=\"line-height:115%\"><span style=\"font-family:Calibri,sans-serif\"><b><span arial=\"\" style=\"font-family:\">A evolu&ccedil;&atilde;o dos N&atilde;otecidos no setor M&eacute;dico Hospitalar<\/span><\/b><\/span><\/span><\/span><\/p>\r\n\r\n<p style=\"margin-top:16px; text-align:justify; margin-bottom:13px\"><span style=\"font-size:11pt\"><span style=\"line-height:115%\"><span style=\"font-family:Calibri,sans-serif\"><span arial=\"\" style=\"font-family:\">A cadeia brasileira de valor dos N&atilde;otecidos tem evolu&iacute;do de forma cont&iacute;nua para oferecer solu&ccedil;&otilde;es eficientes e sustent&aacute;veis ao segmento m&eacute;dico hospitalar. O primeiro material a apresentar textura parecida com a dos atuais assemelhava-se ao papel e surgiu no Egito, em 2400 A\/C. Em 1860, nos Estados Unidos, produziu-se a primeira roupa de papel e, em 1930, no mesmo pa&iacute;s, ocorreu a primeira experi&ecirc;ncia para fabrica&ccedil;&atilde;o do N&atilde;otecido de celulose consolidado com l&aacute;tex. <\/span><\/span><\/span><\/span><\/p>\r\n\r\n<p style=\"margin-top:16px; text-align:justify; margin-bottom:13px\"><span style=\"font-size:11pt\"><span style=\"background:white\"><span style=\"line-height:115%\"><span style=\"font-family:Calibri,sans-serif\"><span arial=\"\" style=\"font-family:\"><span style=\"color:black\">Desta data em diante, o setor s&oacute; fez inovar e hoje o mercado conta com diferentes tipos de produtos, que oferecem resultados superiores aos suced&acirc;neos no que tange &agrave; seguran&ccedil;a, custo-benef&iacute;cio e sustentabilidade. Entre as vantagens est&atilde;o <\/span><\/span><span arial=\"\" style=\"font-family:\"><span style=\"color:black\">resist&ecirc;ncia, durabilidade, absor&ccedil;&atilde;o e repel&ecirc;ncia a diversas subst&acirc;ncias, maleabilidade, propriedades hipoalerg&ecirc;nicas, barreira bacteriana, trama respir&aacute;vel e alta qualidade.<\/span><\/span><\/span><\/span><\/span><\/span><\/p>\r\n\r\n<p style=\"margin-top:16px; text-align:justify; margin-bottom:13px\"><span style=\"font-size:11pt\"><span style=\"background:white\"><span style=\"line-height:115%\"><span style=\"font-family:Calibri,sans-serif\"><span arial=\"\" style=\"font-family:\"><span style=\"color:black\">Dados avaliados pelo CTH ABIMNT apontam que hoje, no Brasil, cerca de 20% do mercado m&eacute;dico hospitalar tem adotado kits de produtos cir&uacute;rgicos de N&atilde;otecidos em substitui&ccedil;&atilde;o aos reutiliz&aacute;veis. Por sua facilidade operacional, j&aacute; que n&atilde;o precisam passar por processos de lavagem e desinfec&ccedil;&atilde;o, e maior efici&ecirc;ncia, como barreira para micro-organismos, s&atilde;o algumas das raz&otilde;es para a ado&ccedil;&atilde;o do material. Ainda assim, segundo o CTH ABINT, h&aacute; espa&ccedil;o par acrescer &agrave; medida em que d&uacute;vidas a respeito desses produtos sejam sanadas. <\/span><\/span><\/span><\/span><\/span><\/span><\/p>\r\n\r\n<p style=\"margin-top:16px; text-align:justify; margin-bottom:13px\"><span style=\"font-size:11pt\"><span style=\"line-height:115%\"><span style=\"font-family:Calibri,sans-serif\"><span arial=\"\" style=\"font-family:\">Uma das d&uacute;vidas frequentes &eacute; em rela&ccedil;&atilde;o ao custo. Os N&atilde;otecidos apresentam o melhor custo-benef&iacute;cio se contar suas vantagens t&eacute;cnicas. Isso sem falar que o uso de N&atilde;otecidos elimina processos de lavagem o que por si s&oacute; gera economia de &aacute;gua e de produtos de limpeza, promovendo ganhos ambientais. Enquanto sab&atilde;o, desinfetantes e detergentes usados na lavagem s&atilde;o despejados no esgoto e chegam a rios e oceanos, o descarte de produtos de N&atilde;otecidos &eacute; feito de forma respons&aacute;vel, assim como deve ocorrer com todo lixo hospitalar para evitar contamina&ccedil;&otilde;es externas. Em resumo: custo e impacto ambiental s&atilde;o menores.<\/span><\/span><\/span><\/span><\/p>\r\n\r\n<p style=\"margin-top:16px; text-align:justify; margin-bottom:13px\">&nbsp;<\/p>\r\n\r\n<p style=\"margin-top:16px; text-align:justify; margin-bottom:13px\"><span style=\"font-size:11pt\"><span style=\"line-height:115%\"><span style=\"font-family:Calibri,sans-serif\"><b><span arial=\"\" style=\"font-family:\">Normas t&eacute;cnicas<\/span><\/b><\/span><\/span><\/span><\/p>\r\n\r\n<p style=\"margin-top:16px; text-align:justify; margin-bottom:13px\"><span style=\"font-size:11pt\"><span style=\"line-height:115%\"><span style=\"font-family:Calibri,sans-serif\"><span arial=\"\" style=\"font-family:\">H&aacute; que se ressaltar que os N&atilde;otecidos tamb&eacute;m atendem &agrave; rigidez das Normas T&eacute;cnicas Brasileiras (NBRs), estabelecidas pela Associa&ccedil;&atilde;o Brasileira de Normas T&eacute;cnicas (ABNT) e que visam proteger adequadamente pacientes e profissionais da sa&uacute;de do risco de contrair infec&ccedil;&atilde;o hospitalar. <\/span><span arial=\"\" style=\"font-family:\">A Normaliza&ccedil;&atilde;o para este segmento &eacute; aplicada em aventais e campos cir&uacute;rgicos (NBR 16064), embalagens para esteriliza&ccedil;&atilde;o (NBR 14990-6), m&aacute;scaras cir&uacute;rgicas (NBR 15052) e aventais de procedimentos n&atilde;o cir&uacute;rgicos (NBR 16693).<\/span><\/span><\/span><\/span><\/p>\r\n\r\n<p style=\"margin-top:16px; text-align:justify; margin-bottom:13px\"><span style=\"font-size:11pt\"><span style=\"background:white\"><span style=\"line-height:115%\"><span style=\"font-family:Calibri,sans-serif\"><span arial=\"\" style=\"font-family:\"><span style=\"color:black\">S&atilde;o normas que estabelecem requisitos de performance para par&acirc;metros microbiol&oacute;gicos e f&iacute;sicos. Os par&acirc;metros microbiol&oacute;gicos s&atilde;o determina&ccedil;&atilde;o de barreira microbiana, limpeza microbiana, limpeza de material particulado, desprendimento de part&iacute;culas, resist&ecirc;ncia &agrave; penetra&ccedil;&atilde;o de l&iacute;quidos, e os par&acirc;metros f&iacute;sicos s&atilde;o resist&ecirc;ncia ao estouro e resist&ecirc;ncia &agrave; tra&ccedil;&atilde;o. <\/span><\/span><\/span><\/span><\/span><\/span><\/p>\r\n\r\n<p style=\"margin-top:16px; text-align:justify; margin-bottom:13px\"><span style=\"font-size:11pt\"><span style=\"background:white\"><span style=\"line-height:115%\"><span style=\"font-family:Calibri,sans-serif\"><span arial=\"\" style=\"font-family:\"><span style=\"color:black\">A barreira microbiana determina a capacidade que o produto tem de reter micro-organismos. A limpeza microbiana mede o quanto o produto est&aacute; livre de micro-organismos. A limpeza de material particulado verifica se o produto est&aacute; livre contamina&ccedil;&atilde;o por part&iacute;culas, que contaminam um material e podem ser liberadas, mas n&atilde;o s&atilde;o geradas pelo atrito. O desprendimento de part&iacute;culas mensura a libera&ccedil;&atilde;o de fragmentos de fibras e outras part&iacute;culas durante o manuseio ou uso do produto. Estes fragmentos e part&iacute;culas s&atilde;o origin&aacute;rios do pr&oacute;prio artigo t&ecirc;xtil.<\/span><\/span><\/span><\/span><\/span><\/span><\/p>\r\n\r\n<p style=\"margin-top:16px; text-align:justify; margin-bottom:13px\"><span style=\"font-size:11pt\"><span style=\"background:white\"><span style=\"line-height:115%\"><span style=\"font-family:Calibri,sans-serif\"><span arial=\"\" style=\"font-family:\"><span style=\"color:black\">Com as normas, a cadeia de valor dos N&atilde;otecidos garante a prote&ccedil;&atilde;o e seguran&ccedil;a do usu&aacute;rio final, estabelecendo qualidade no mercado de paramenta&ccedil;&atilde;o, tanto para produtos nacionais, como importados. Produtos fora de norma aumentam os n&iacute;veis de risco de infec&ccedil;&atilde;o hospitalar e contamina&ccedil;&otilde;es, comprometendo a sa&uacute;de do paciente e do profissional de sa&uacute;de, acarretando tamb&eacute;m aumento de custos na interna&ccedil;&atilde;o hospitalar.<\/span><\/span><\/span><\/span><\/span><\/span><\/p>\r\n\r\n<p style=\"text-align:justify\">&nbsp;<\/p>\r\n\r\n<p style=\"text-align:justify; margin-bottom:13px\"><span style=\"font-size:11pt\"><span style=\"line-height:115%\"><span style=\"font-family:Calibri,sans-serif\"><b><i><span style=\"font-size:10.0pt\"><span style=\"line-height:115%\"><span arial=\"\" style=\"font-family:\">Sobre o CTH ABINT: <\/span><\/span><\/span><\/i><\/b><i><span style=\"font-size:10.0pt\"><span style=\"line-height:115%\"><span arial=\"\" style=\"font-family:\">O Comit&ecirc; T&eacute;cnico M&eacute;dico Hospitalar (CTH ABINT) tem por objetivo divulgar, promover e fomentar, com qualidade e t&eacute;cnica, o conhecimento e o crescimento das aplica&ccedil;&otilde;es dos produtos para sa&uacute;de de uso &uacute;nico no mercado brasileiro.<\/span><\/span><\/span><\/i><\/span><\/span><\/span><\/p>\r\n\r\n<p style=\"text-align:justify; margin-bottom:13px\"><span style=\"font-size:11pt\"><span style=\"line-height:115%\"><span style=\"font-family:Calibri,sans-serif\"><em><b><span style=\"font-size:10.0pt\"><span style=\"line-height:115%\"><span arial=\"\" style=\"font-family:\"><span style=\"color:#222222\">Sobre a ABINT:<\/span><\/span><\/span><\/span><\/b><\/em><em><span style=\"font-size:10.0pt\"><span style=\"line-height:115%\"><span arial=\"\" style=\"font-family:\"><span style=\"color:#222222\">&nbsp;Fundada em 1991, a Associa&ccedil;&atilde;o Brasileira das Ind&uacute;strias de N&atilde;otecidos e Tecidos T&eacute;cnicos tem como objetivo representar, difundir e defender os interesses da ind&uacute;stria brasileira de N&atilde;otecidos e Tecidos T&eacute;cnicos, promovendo e apoiando o seu desenvolvimento e o crescimento do mercado de aplica&ccedil;&otilde;es desses produtos, que s&atilde;o fundamentais a diversos e importantes setores da economia do pa&iacute;s. Para saber mais acesse&nbsp;<\/span><\/span><\/span><\/span><\/em><a href=\"http:\/\/www.abint.org.br\/\" style=\"color:blue; text-decoration:underline\"><em><span style=\"font-size:10.0pt\"><span style=\"line-height:115%\"><span arial=\"\" style=\"font-family:\"><span style=\"color:#0a4300\"><span style=\"text-decoration:none\"><span style=\"text-underline:none\">www.abint.org.br<\/span><\/span><\/span><\/span><\/span><\/span><\/em><\/a><\/span><\/span><\/span><\/p>\r\n\r\n<p style=\"text-align:justify\">Informa&ccedil;&otilde;es &agrave; Imprensa<br \/>\r\nAssessoria de Comunica&ccedil;&atilde;o ABINT<br \/>\r\nRoberta Provatti<br \/>\r\n(11) 99652-4661<br \/>\r\nprovattijornalista@gmail.com&nbsp;<\/p>\r\n","6":"<p align=\"center\" style=\"text-align:center\"><span style=\"font-size:11pt\"><span style=\"background:white\"><span style=\"line-height:115%\"><span style=\"font-family:Calibri,sans-serif\"><i><span style=\"font-size:12.0pt\"><span style=\"line-height:115%\"><span arial=\"\" style=\"font-family:\"><span style=\"color:black\">Entre as vantagens desses materiais, usados em <\/span><\/span><\/span><\/span><\/i><i><span style=\"font-size:12.0pt\"><span style=\"line-height:115%\"><span arial=\"\" style=\"font-family:\"><span style=\"color:black\">aventais cir&uacute;rgicos, campos cir&uacute;rgicos, m&aacute;scaras, compressas, wipes, pads, curativos, protetor oft&aacute;lmico, base de eletrodos, sistemas de embalagem est&eacute;reis e outros, est&atilde;o a qualidade e a seguran&ccedil;a de profissionais e pacientes<\/span><\/span><\/span><\/span><\/i><\/span><\/span><\/span><\/span><\/p>\r\n\r\n<p style=\"text-align:justify\"><span style=\"font-size:11pt\"><span style=\"background:white\"><span style=\"line-height:115%\"><span style=\"font-family:Calibri,sans-serif\"><span arial=\"\" style=\"font-family:\"><span style=\"color:black\">N&atilde;otecidos (conhecidos popularmente como TNT) s&atilde;o materiais t&ecirc;xteis fabricados com filamentos de polipropileno, unidos por meio de processos mec&acirc;nicos, e\/ou qu&iacute;micos e\/ou t&eacute;rmicos, e n&atilde;o de tecelagem. S&atilde;o materiais usados em aplica&ccedil;&otilde;es diversas como filtra&ccedil;&atilde;o, agroneg&oacute;cio, automotivo, entre outros, mas, especificamente no setor m&eacute;dico hospitalar apresentam uma s&eacute;rie de vantagens frente a suced&acirc;neos. <\/span><\/span><\/span><\/span><\/span><\/span><\/p>\r\n\r\n<p style=\"margin-top:16px; text-align:justify; margin-bottom:13px\"><span style=\"font-size:11pt\"><span style=\"background:white\"><span style=\"line-height:115%\"><span style=\"font-family:Calibri,sans-serif\"><span arial=\"\" style=\"font-family:\"><span style=\"color:black\">S&atilde;o usados em aventais de procedimentos n&atilde;o cir&uacute;rgico, aventais cir&uacute;rgicos, campos cir&uacute;rgicos, m&aacute;scaras de uso odonto\/medico\/hospitalar, toucas, compressas, campos cir&uacute;rgicos, wipes, pads, curativos, protetor oft&aacute;lmico, base de eletrodos, sistemas de embalagem est&eacute;reis. compressas, entre outros produtos. <\/span><\/span><\/span><\/span><\/span><\/span><\/p>\r\n\r\n<p style=\"margin-top:16px; text-align:justify; margin-bottom:13px\"><span style=\"font-size:11pt\"><span style=\"background:white\"><span style=\"line-height:115%\"><span style=\"font-family:Calibri,sans-serif\"><span arial=\"\" style=\"font-family:\"><span style=\"color:black\">Um dos pontos fortes dos N&atilde;otecidos &eacute; a sua capacidade de minimizar contamina&ccedil;&otilde;es e casos de infec&ccedil;&atilde;o hospitalar. Al&eacute;m disso, testes apontam que eles apresentam melhor desempenho em fun&ccedil;&otilde;es como barreira f&iacute;sica a fluidos. Segundo avalia&ccedil;&atilde;o do Comit&ecirc; T&eacute;cnico M&eacute;dico Hospitalar (CTH) da ABINT (Associa&ccedil;&atilde;o Brasileira das Ind&uacute;strias de N&atilde;otecidos e Tecidos T&eacute;cnicos), os kits cir&uacute;rgicos comuns perdem a barreira ap&oacute;s serem usados 6 vezes.<\/span><\/span><\/span><\/span><\/span><\/span><\/p>\r\n\r\n<p style=\"margin-top:16px; text-align:justify; margin-bottom:13px\"><span style=\"font-size:11pt\"><span style=\"background:white\"><span style=\"line-height:115%\"><span style=\"font-family:Calibri,sans-serif\"><span arial=\"\" style=\"font-family:\"><span style=\"color:black\">Esses fatores aumentam a efic&aacute;cia dos tratamentos m&eacute;dicos e reduzem custos. Dados da Organiza&ccedil;&atilde;o Mundial de Sa&uacute;de (OMS) mostram que dos mais de 234 milh&otilde;es de pacientes operados por ano no mundo, 1 milh&atilde;o deles morrem em decorr&ecirc;ncia de infec&ccedil;&otilde;es hospitalares e 7 milh&otilde;es apresentam complica&ccedil;&otilde;es no p&oacute;s-operat&oacute;rio, o que demonstra o impacto positivo do uso de N&atilde;otecidos nessas aplica&ccedil;&otilde;es. <\/span><\/span><\/span><\/span><\/span><\/span><\/p>\r\n\r\n<p style=\"margin-top:16px; text-align:justify; margin-bottom:13px\">&nbsp;<\/p>\r\n\r\n<p style=\"margin-top:16px; text-align:justify; margin-bottom:13px\"><span style=\"font-size:11pt\"><span style=\"background:white\"><span style=\"line-height:115%\"><span style=\"font-family:Calibri,sans-serif\"><b><span arial=\"\" style=\"font-family:\"><span style=\"color:black\">Avalia&ccedil;&atilde;o de Ciclo de Vida <\/span><\/span><\/b><\/span><\/span><\/span><\/span><\/p>\r\n\r\n<p style=\"margin-top:16px; text-align:justify; margin-bottom:13px\"><span style=\"font-size:11pt\"><span style=\"background:white\"><span style=\"line-height:115%\"><span style=\"font-family:Calibri,sans-serif\"><span arial=\"\" style=\"font-family:\"><span style=\"color:black\">Para agregar valor aos N&atilde;otecidos destinados ao mercado m&eacute;dico hospitalar, os produtos foram submetidos &agrave; Avalia&ccedil;&atilde;o de Ciclo de Vida (ACV). Trata-se de uma an&aacute;lise dos impactos ambientais potenciais ao longo da vida de um produto ou servi&ccedil;o, desde a extra&ccedil;&atilde;o da mat&eacute;ria-prima at&eacute; a destina&ccedil;&atilde;o final.<\/span><\/span><\/span><\/span><\/span><\/span><\/p>\r\n\r\n<p style=\"margin-top:16px; text-align:justify; margin-bottom:13px\"><span style=\"font-size:11pt\"><span style=\"background:white\"><span style=\"line-height:115%\"><span style=\"font-family:Calibri,sans-serif\"><span arial=\"\" style=\"font-family:\"><span style=\"color:black\">A ACV, uma iniciativa do CTH ABINT, comparou os produtos de N&atilde;otecidos com similares de algod&atilde;o e o resultado apontou que os N&atilde;otecidos se mostram a op&ccedil;&atilde;o mais ecoeficiente para as aplica&ccedil;&otilde;es nesse segmento de mercado. Ao comparar kits cir&uacute;rgicos de tecidos de algod&atilde;o (reutiliz&aacute;veis) e de N&atilde;otecido de polipropileno (de uso &uacute;nico), a segunda alternativa apresentou melhor desempenho ambiental, reduzindo, por exemplo, o consumo de &aacute;gua em, ao menos, 80%.<\/span><\/span><\/span><\/span><\/span><\/span><\/p>\r\n\r\n<p style=\"margin-top:16px; text-align:justify; margin-bottom:13px\"><span style=\"font-size:11pt\"><span style=\"background:white\"><span style=\"line-height:115%\"><span style=\"font-family:Calibri,sans-serif\"><span arial=\"\" style=\"font-family:\"><span style=\"color:black\">Apresentou tamb&eacute;m melhor desempenho em fun&ccedil;&otilde;es como barreira f&iacute;sica a fluidos. Conforme falado anteriormente, a avalia&ccedil;&atilde;o mostrou que os kits cir&uacute;rgicos de algod&atilde;o perdem a barreira ap&oacute;s serem usados 6 vezes. E ainda, os kits de algod&atilde;o demandam produtos qu&iacute;micos para sua desinfec&ccedil;&atilde;o, os quais s&atilde;o descartados no meio ambiente ap&oacute;s seu uso.<\/span><\/span><\/span><\/span><\/span><\/span><\/p>\r\n\r\n<p style=\"margin-top:16px; text-align:justify; margin-bottom:13px\">&nbsp;<\/p>\r\n\r\n<p style=\"margin-top:16px; text-align:justify; margin-bottom:13px\"><span style=\"font-size:11pt\"><span style=\"line-height:115%\"><span style=\"font-family:Calibri,sans-serif\"><b><span arial=\"\" style=\"font-family:\">A evolu&ccedil;&atilde;o dos N&atilde;otecidos no setor M&eacute;dico Hospitalar<\/span><\/b><\/span><\/span><\/span><\/p>\r\n\r\n<p style=\"margin-top:16px; text-align:justify; margin-bottom:13px\"><span style=\"font-size:11pt\"><span style=\"line-height:115%\"><span style=\"font-family:Calibri,sans-serif\"><span arial=\"\" style=\"font-family:\">A cadeia brasileira de valor dos N&atilde;otecidos tem evolu&iacute;do de forma cont&iacute;nua para oferecer solu&ccedil;&otilde;es eficientes e sustent&aacute;veis ao segmento m&eacute;dico hospitalar. O primeiro material a apresentar textura parecida com a dos atuais assemelhava-se ao papel e surgiu no Egito, em 2400 A\/C. Em 1860, nos Estados Unidos, produziu-se a primeira roupa de papel e, em 1930, no mesmo pa&iacute;s, ocorreu a primeira experi&ecirc;ncia para fabrica&ccedil;&atilde;o do N&atilde;otecido de celulose consolidado com l&aacute;tex. <\/span><\/span><\/span><\/span><\/p>\r\n\r\n<p style=\"margin-top:16px; text-align:justify; margin-bottom:13px\"><span style=\"font-size:11pt\"><span style=\"background:white\"><span style=\"line-height:115%\"><span style=\"font-family:Calibri,sans-serif\"><span arial=\"\" style=\"font-family:\"><span style=\"color:black\">Desta data em diante, o setor s&oacute; fez inovar e hoje o mercado conta com diferentes tipos de produtos, que oferecem resultados superiores aos suced&acirc;neos no que tange &agrave; seguran&ccedil;a, custo-benef&iacute;cio e sustentabilidade. Entre as vantagens est&atilde;o <\/span><\/span><span arial=\"\" style=\"font-family:\"><span style=\"color:black\">resist&ecirc;ncia, durabilidade, absor&ccedil;&atilde;o e repel&ecirc;ncia a diversas subst&acirc;ncias, maleabilidade, propriedades hipoalerg&ecirc;nicas, barreira bacteriana, trama respir&aacute;vel e alta qualidade.<\/span><\/span><\/span><\/span><\/span><\/span><\/p>\r\n\r\n<p style=\"margin-top:16px; text-align:justify; margin-bottom:13px\"><span style=\"font-size:11pt\"><span style=\"background:white\"><span style=\"line-height:115%\"><span style=\"font-family:Calibri,sans-serif\"><span arial=\"\" style=\"font-family:\"><span style=\"color:black\">Dados avaliados pelo CTH ABIMNT apontam que hoje, no Brasil, cerca de 20% do mercado m&eacute;dico hospitalar tem adotado kits de produtos cir&uacute;rgicos de N&atilde;otecidos em substitui&ccedil;&atilde;o aos reutiliz&aacute;veis. Por sua facilidade operacional, j&aacute; que n&atilde;o precisam passar por processos de lavagem e desinfec&ccedil;&atilde;o, e maior efici&ecirc;ncia, como barreira para micro-organismos, s&atilde;o algumas das raz&otilde;es para a ado&ccedil;&atilde;o do material. Ainda assim, segundo o CTH ABINT, h&aacute; espa&ccedil;o par acrescer &agrave; medida em que d&uacute;vidas a respeito desses produtos sejam sanadas. <\/span><\/span><\/span><\/span><\/span><\/span><\/p>\r\n\r\n<p style=\"margin-top:16px; text-align:justify; margin-bottom:13px\"><span style=\"font-size:11pt\"><span style=\"line-height:115%\"><span style=\"font-family:Calibri,sans-serif\"><span arial=\"\" style=\"font-family:\">Uma das d&uacute;vidas frequentes &eacute; em rela&ccedil;&atilde;o ao custo. Os N&atilde;otecidos apresentam o melhor custo-benef&iacute;cio se contar suas vantagens t&eacute;cnicas. Isso sem falar que o uso de N&atilde;otecidos elimina processos de lavagem o que por si s&oacute; gera economia de &aacute;gua e de produtos de limpeza, promovendo ganhos ambientais. Enquanto sab&atilde;o, desinfetantes e detergentes usados na lavagem s&atilde;o despejados no esgoto e chegam a rios e oceanos, o descarte de produtos de N&atilde;otecidos &eacute; feito de forma respons&aacute;vel, assim como deve ocorrer com todo lixo hospitalar para evitar contamina&ccedil;&otilde;es externas. Em resumo: custo e impacto ambiental s&atilde;o menores.<\/span><\/span><\/span><\/span><\/p>\r\n\r\n<p style=\"margin-top:16px; text-align:justify; margin-bottom:13px\">&nbsp;<\/p>\r\n\r\n<p style=\"margin-top:16px; text-align:justify; margin-bottom:13px\"><span style=\"font-size:11pt\"><span style=\"line-height:115%\"><span style=\"font-family:Calibri,sans-serif\"><b><span arial=\"\" style=\"font-family:\">Normas t&eacute;cnicas<\/span><\/b><\/span><\/span><\/span><\/p>\r\n\r\n<p style=\"margin-top:16px; text-align:justify; margin-bottom:13px\"><span style=\"font-size:11pt\"><span style=\"line-height:115%\"><span style=\"font-family:Calibri,sans-serif\"><span arial=\"\" style=\"font-family:\">H&aacute; que se ressaltar que os N&atilde;otecidos tamb&eacute;m atendem &agrave; rigidez das Normas T&eacute;cnicas Brasileiras (NBRs), estabelecidas pela Associa&ccedil;&atilde;o Brasileira de Normas T&eacute;cnicas (ABNT) e que visam proteger adequadamente pacientes e profissionais da sa&uacute;de do risco de contrair infec&ccedil;&atilde;o hospitalar. <\/span><span arial=\"\" style=\"font-family:\">A Normaliza&ccedil;&atilde;o para este segmento &eacute; aplicada em aventais e campos cir&uacute;rgicos (NBR 16064), embalagens para esteriliza&ccedil;&atilde;o (NBR 14990-6), m&aacute;scaras cir&uacute;rgicas (NBR 15052) e aventais de procedimentos n&atilde;o cir&uacute;rgicos (NBR 16693).<\/span><\/span><\/span><\/span><\/p>\r\n\r\n<p style=\"margin-top:16px; text-align:justify; margin-bottom:13px\"><span style=\"font-size:11pt\"><span style=\"background:white\"><span style=\"line-height:115%\"><span style=\"font-family:Calibri,sans-serif\"><span arial=\"\" style=\"font-family:\"><span style=\"color:black\">S&atilde;o normas que estabelecem requisitos de performance para par&acirc;metros microbiol&oacute;gicos e f&iacute;sicos. Os par&acirc;metros microbiol&oacute;gicos s&atilde;o determina&ccedil;&atilde;o de barreira microbiana, limpeza microbiana, limpeza de material particulado, desprendimento de part&iacute;culas, resist&ecirc;ncia &agrave; penetra&ccedil;&atilde;o de l&iacute;quidos, e os par&acirc;metros f&iacute;sicos s&atilde;o resist&ecirc;ncia ao estouro e resist&ecirc;ncia &agrave; tra&ccedil;&atilde;o. <\/span><\/span><\/span><\/span><\/span><\/span><\/p>\r\n\r\n<p style=\"margin-top:16px; text-align:justify; margin-bottom:13px\"><span style=\"font-size:11pt\"><span style=\"background:white\"><span style=\"line-height:115%\"><span style=\"font-family:Calibri,sans-serif\"><span arial=\"\" style=\"font-family:\"><span style=\"color:black\">A barreira microbiana determina a capacidade que o produto tem de reter micro-organismos. A limpeza microbiana mede o quanto o produto est&aacute; livre de micro-organismos. A limpeza de material particulado verifica se o produto est&aacute; livre contamina&ccedil;&atilde;o por part&iacute;culas, que contaminam um material e podem ser liberadas, mas n&atilde;o s&atilde;o geradas pelo atrito. O desprendimento de part&iacute;culas mensura a libera&ccedil;&atilde;o de fragmentos de fibras e outras part&iacute;culas durante o manuseio ou uso do produto. Estes fragmentos e part&iacute;culas s&atilde;o origin&aacute;rios do pr&oacute;prio artigo t&ecirc;xtil.<\/span><\/span><\/span><\/span><\/span><\/span><\/p>\r\n\r\n<p style=\"margin-top:16px; text-align:justify; margin-bottom:13px\"><span style=\"font-size:11pt\"><span style=\"background:white\"><span style=\"line-height:115%\"><span style=\"font-family:Calibri,sans-serif\"><span arial=\"\" style=\"font-family:\"><span style=\"color:black\">Com as normas, a cadeia de valor dos N&atilde;otecidos garante a prote&ccedil;&atilde;o e seguran&ccedil;a do usu&aacute;rio final, estabelecendo qualidade no mercado de paramenta&ccedil;&atilde;o, tanto para produtos nacionais, como importados. Produtos fora de norma aumentam os n&iacute;veis de risco de infec&ccedil;&atilde;o hospitalar e contamina&ccedil;&otilde;es, comprometendo a sa&uacute;de do paciente e do profissional de sa&uacute;de, acarretando tamb&eacute;m aumento de custos na interna&ccedil;&atilde;o hospitalar.<\/span><\/span><\/span><\/span><\/span><\/span><\/p>\r\n\r\n<p style=\"text-align:justify\">&nbsp;<\/p>\r\n\r\n<p style=\"text-align:justify; margin-bottom:13px\"><span style=\"font-size:11pt\"><span style=\"line-height:115%\"><span style=\"font-family:Calibri,sans-serif\"><b><i><span style=\"font-size:10.0pt\"><span style=\"line-height:115%\"><span arial=\"\" style=\"font-family:\">Sobre o CTH ABINT: <\/span><\/span><\/span><\/i><\/b><i><span style=\"font-size:10.0pt\"><span style=\"line-height:115%\"><span arial=\"\" style=\"font-family:\">O Comit&ecirc; T&eacute;cnico M&eacute;dico Hospitalar (CTH ABINT) tem por objetivo divulgar, promover e fomentar, com qualidade e t&eacute;cnica, o conhecimento e o crescimento das aplica&ccedil;&otilde;es dos produtos para sa&uacute;de de uso &uacute;nico no mercado brasileiro.<\/span><\/span><\/span><\/i><\/span><\/span><\/span><\/p>\r\n\r\n<p style=\"text-align:justify; margin-bottom:13px\"><span style=\"font-size:11pt\"><span style=\"line-height:115%\"><span style=\"font-family:Calibri,sans-serif\"><em><b><span style=\"font-size:10.0pt\"><span style=\"line-height:115%\"><span arial=\"\" style=\"font-family:\"><span style=\"color:#222222\">Sobre a ABINT:<\/span><\/span><\/span><\/span><\/b><\/em><em><span style=\"font-size:10.0pt\"><span style=\"line-height:115%\"><span arial=\"\" style=\"font-family:\"><span style=\"color:#222222\">&nbsp;Fundada em 1991, a Associa&ccedil;&atilde;o Brasileira das Ind&uacute;strias de N&atilde;otecidos e Tecidos T&eacute;cnicos tem como objetivo representar, difundir e defender os interesses da ind&uacute;stria brasileira de N&atilde;otecidos e Tecidos T&eacute;cnicos, promovendo e apoiando o seu desenvolvimento e o crescimento do mercado de aplica&ccedil;&otilde;es desses produtos, que s&atilde;o fundamentais a diversos e importantes setores da economia do pa&iacute;s. Para saber mais acesse&nbsp;<\/span><\/span><\/span><\/span><\/em><a href=\"http:\/\/www.abint.org.br\/\" style=\"color:blue; text-decoration:underline\"><em><span style=\"font-size:10.0pt\"><span style=\"line-height:115%\"><span arial=\"\" style=\"font-family:\"><span style=\"color:#0a4300\"><span style=\"text-decoration:none\"><span style=\"text-underline:none\">www.abint.org.br<\/span><\/span><\/span><\/span><\/span><\/span><\/em><\/a><\/span><\/span><\/span><\/p>\r\n\r\n<p style=\"text-align:justify\">Informa&ccedil;&otilde;es &agrave; Imprensa<br \/>\r\nAssessoria de Comunica&ccedil;&atilde;o ABINT<br \/>\r\nRoberta Provatti<br \/>\r\n(11) 99652-4661<br \/>\r\nprovattijornalista@gmail.com&nbsp;<\/p>\r\n","texto_en":"","7":"","imagem":"COMP_capa-site-comunicacao_20240712131428NMQvBxANQD.jpg","8":"COMP_capa-site-comunicacao_20240712131428NMQvBxANQD.jpg","arquivo":"20240503-ABRIL_-CTH-RELEASE-AREA-MEDICA-FINAL.PDF","9":"20240503-ABRIL_-CTH-RELEASE-AREA-MEDICA-FINAL.PDF","titulo_arquivo":"Conhe\u00e7a os benef\u00edcios do uso de N\u00e3otecidos no segmento m\u00e9dico hospitalar","10":"Conhe\u00e7a os benef\u00edcios do uso de N\u00e3otecidos no segmento m\u00e9dico hospitalar","titulo_arquivo_en":"","11":"","created_at":"2024-07-12 13:14:40","12":"2024-07-12 13:14:40","updated_at":"2024-07-12 13:15:11","13":"2024-07-12 13:15:11"},{"id":116,"0":116,"ordem":107,"1":107,"data":"2024-04-30","2":"2024-04-30","slug":"boletim-abint-de-noticias-semanais-28","3":"boletim-abint-de-noticias-semanais-28","titulo":"Boletim ABINT de Not\u00edcias Semanais","4":"Boletim ABINT de Not\u00edcias Semanais","titulo_en":"","5":"","texto":"<p>Esta &eacute; uma compila&ccedil;&atilde;o das not&iacute;cias mais relevantes para o setor, incluindo informa&ccedil;&otilde;es sobre acordos internacionais, economia brasileira, sustentabilidade e mat&eacute;rias primas, al&eacute;m de novidades do setor de N&atilde;otecidos e Tecidos T&eacute;cnicos.<\/p>\r\n\r\n<p class=\"titulo-novidade\" style=\"text-align:start; margin-bottom:50px\"><span style=\"font-size:18px\"><span style=\"box-sizing:border-box\"><span condensed=\"\" roboto=\"\" style=\"font-family:\"><span style=\"font-weight:400\"><span style=\"color:#313f48\"><span style=\"font-style:normal\"><span style=\"font-variant-ligatures:normal\"><span style=\"white-space:normal\"><span style=\"background-color:#ffffff\"><span style=\"text-decoration-thickness:initial\"><span style=\"text-decoration-style:initial\"><span style=\"text-decoration-color:initial\"><span style=\"box-sizing:border-box\"><span style=\"line-height:1.5\"><span style=\"font-size:28pt\"><span style=\"box-sizing:border-box\"><span style=\"box-sizing:border-box\"><span style=\"font-family:Cambria, serif\"><span style=\"box-sizing:border-box\"><span style=\"letter-spacing:-0.5pt\"><b style=\"box-sizing:border-box; font-weight:bolder\"><span style=\"font-size:18pt\"><span style=\"box-sizing:border-box\"><span style=\"box-sizing:border-box\"><span style=\"font-family:Calibri, sans-serif\"><span style=\"box-sizing:border-box\"><span style=\"font-variant:small-caps\">O que vem por a&iacute;<\/span><\/span><\/span><\/span><\/span><\/span><\/b><\/span><\/span><\/span><\/span><\/span><\/span><\/span><\/span><\/span><\/span><\/span><\/span><\/span><\/span><\/span><\/span><\/span><\/span><\/span><\/span><\/p>\r\n\r\n<div class=\"texto-novidade\" style=\"width:800px; padding:0px; text-align:start\">\r\n<p style=\"text-align:justify; margin-bottom:20px\"><span style=\"font-size:18px\"><span style=\"box-sizing:border-box\"><span condensed=\"\" roboto=\"\" style=\"font-family:\"><span style=\"font-weight:400\"><span style=\"color:#313f48\"><span style=\"font-style:normal\"><span style=\"font-variant-ligatures:normal\"><span style=\"white-space:normal\"><span style=\"background-color:#ffffff\"><span style=\"text-decoration-thickness:initial\"><span style=\"text-decoration-style:initial\"><span style=\"text-decoration-color:initial\"><span style=\"box-sizing:border-box\"><span style=\"line-height:1.5\"><span style=\"font-size:28pt\"><span style=\"box-sizing:border-box\"><span style=\"box-sizing:border-box\"><span style=\"font-family:Cambria, serif\"><span style=\"box-sizing:border-box\"><span style=\"letter-spacing:-0.5pt\"><b style=\"box-sizing:border-box; font-weight:bolder\"><span style=\"font-size:18pt\"><span style=\"box-sizing:border-box\"><span style=\"box-sizing:border-box\"><span style=\"font-family:Calibri, sans-serif\"><span style=\"box-sizing:border-box\"><span style=\"font-variant:small-caps\"><img src=\"https:\/\/www.abint.org.br\/assets\/img\/editor\/logo-ctg-abint-png_20240425174239hw1Wgzu7yn.png\" style=\"box-sizing:border-box; border-style:none; width:300px; height:55px\" \/><\/span><\/span><\/span><\/span><\/span><\/span><\/b><\/span><\/span><\/span><\/span><\/span><\/span><\/span><\/span><\/span><\/span><\/span><\/span><\/span><\/span><\/span><\/span><\/span><\/span><\/span><\/span><\/p>\r\n\r\n<p style=\"text-align:justify; margin-bottom:20px\"><span style=\"font-size:18px\"><span style=\"box-sizing:border-box\"><span condensed=\"\" roboto=\"\" style=\"font-family:\"><span style=\"font-weight:400\"><span style=\"color:#313f48\"><span style=\"font-style:normal\"><span style=\"font-variant-ligatures:normal\"><span style=\"white-space:normal\"><span style=\"background-color:#ffffff\"><span style=\"text-decoration-thickness:initial\"><span style=\"text-decoration-style:initial\"><span style=\"text-decoration-color:initial\"><span style=\"box-sizing:border-box\"><span style=\"line-height:1.5\"><span style=\"font-size:28pt\"><span style=\"box-sizing:border-box\"><span style=\"box-sizing:border-box\"><span style=\"font-family:Cambria, serif\"><span style=\"box-sizing:border-box\"><span style=\"letter-spacing:-0.5pt\"><b style=\"box-sizing:border-box; font-weight:bolder\"><span style=\"font-size:18pt\"><span style=\"box-sizing:border-box\"><span style=\"box-sizing:border-box\"><span style=\"font-family:Calibri, sans-serif\"><span style=\"box-sizing:border-box\"><span style=\"font-variant:small-caps\"><img src=\"https:\/\/www.abint.org.br\/assets\/img\/editor\/20240924-cobramseg-2024_20240425174307bACkUm1BvK.png\" style=\"box-sizing:border-box; border-style:none\" \/><\/span><\/span><\/span><\/span><\/span><\/span><\/b><\/span><\/span><\/span><\/span><\/span><\/span><\/span><\/span><\/span><\/span><\/span><\/span><\/span><\/span><\/span><\/span><\/span><\/span><\/span><\/span><\/p>\r\n\r\n<p style=\"text-align:justify; margin-bottom:20px\"><span style=\"font-size:18px\"><span style=\"box-sizing:border-box\"><span condensed=\"\" roboto=\"\" style=\"font-family:\"><span style=\"font-weight:400\"><span style=\"color:#313f48\"><span style=\"font-style:normal\"><span style=\"font-variant-ligatures:normal\"><span style=\"white-space:normal\"><span style=\"background-color:#ffffff\"><span style=\"text-decoration-thickness:initial\"><span style=\"text-decoration-style:initial\"><span style=\"text-decoration-color:initial\"><span style=\"box-sizing:border-box\"><span style=\"line-height:1.5\"><span style=\"font-size:11pt\"><span style=\"box-sizing:border-box\"><span style=\"box-sizing:border-box\"><span style=\"line-height:normal\"><span style=\"box-sizing:border-box\"><span style=\"font-family:Calibri, sans-serif\"><b style=\"box-sizing:border-box; font-weight:bolder\"><span style=\"font-size:14pt\"><span style=\"box-sizing:border-box\">O CTG ABINT &eacute; um dos patrocinadores da 21&ordf; edi&ccedil;&atilde;o do Cobramseg &ndash; Congresso Brasileiro de Mec&acirc;nica dos Solos e Engenharia Geot&eacute;cnica.<\/span><\/span><\/b><\/span><\/span><\/span><\/span><\/span><\/span><\/span><\/span><\/span><\/span><\/span><\/span><\/span><\/span><\/span><\/span><\/span><\/span><\/span><\/span><\/p>\r\n\r\n<p style=\"text-align:justify; margin-bottom:20px\"><span style=\"font-size:18px\"><span style=\"box-sizing:border-box\"><span condensed=\"\" roboto=\"\" style=\"font-family:\"><span style=\"font-weight:400\"><span style=\"color:#313f48\"><span style=\"font-style:normal\"><span style=\"font-variant-ligatures:normal\"><span style=\"white-space:normal\"><span style=\"background-color:#ffffff\"><span style=\"text-decoration-thickness:initial\"><span style=\"text-decoration-style:initial\"><span style=\"text-decoration-color:initial\"><span style=\"box-sizing:border-box\"><span style=\"line-height:1.5\"><span style=\"font-size:11pt\"><span style=\"box-sizing:border-box\"><span style=\"box-sizing:border-box\"><span style=\"line-height:normal\"><span style=\"box-sizing:border-box\"><span style=\"font-family:Calibri, sans-serif\"><span style=\"font-size:14pt\"><span style=\"box-sizing:border-box\">&ldquo;<i style=\"box-sizing:border-box\">Nos reunimos para celebrar a Mec&acirc;nica dos Solos e das Rochas, da GeoEngenharia! Academia, Ind&uacute;stria e &Oacute;rg&atilde;os Gestores unidos para expor seus avan&ccedil;os t&eacute;cnicos e cient&iacute;ficos. Um ambiente rico e diverso que nos permite debater solu&ccedil;&otilde;es e a&ccedil;&otilde;es de forma a fortalecer nossa comunidade geot&eacute;cnica, visando proporcionar um desenvolvimento mais sustent&aacute;vel e seguro para a nossa sociedade<\/i>.&rdquo; V&iacute;tor Pereira Faro, Presidente do COBRAMSEG 2024<\/span><\/span><\/span><\/span><\/span><\/span><\/span><\/span><\/span><\/span><\/span><\/span><\/span><\/span><\/span><\/span><\/span><\/span><\/span><\/span><\/span><\/span><\/p>\r\n\r\n<p style=\"text-align:justify; margin-bottom:20px\"><span style=\"font-size:18px\"><span style=\"box-sizing:border-box\"><span condensed=\"\" roboto=\"\" style=\"font-family:\"><span style=\"font-weight:400\"><span style=\"color:#313f48\"><span style=\"font-style:normal\"><span style=\"font-variant-ligatures:normal\"><span style=\"white-space:normal\"><span style=\"background-color:#ffffff\"><span style=\"text-decoration-thickness:initial\"><span style=\"text-decoration-style:initial\"><span style=\"text-decoration-color:initial\"><span style=\"box-sizing:border-box\"><span style=\"line-height:1.5\"><span style=\"font-size:11pt\"><span style=\"box-sizing:border-box\"><span style=\"box-sizing:border-box\"><span style=\"line-height:normal\"><span style=\"box-sizing:border-box\"><span style=\"font-family:Calibri, sans-serif\"><a href=\"http:\/\/www.cobramseg.com.br\/\" style=\"box-sizing:border-box; text-decoration:underline; color:blue; transition:color 0.3s ease 0s\"><span style=\"font-size:14pt\"><span style=\"box-sizing:border-box\">www.cobramseg.com.br<\/span><\/span><\/a><\/span><\/span><\/span><\/span><\/span><\/span><\/span><\/span><\/span><\/span><\/span><\/span><\/span><\/span><\/span><\/span><\/span><\/span><\/span><\/span><\/p>\r\n\r\n<p style=\"text-align:justify; margin-bottom:20px\"><span style=\"font-size:18px\"><span style=\"box-sizing:border-box\"><span condensed=\"\" roboto=\"\" style=\"font-family:\"><span style=\"font-weight:400\"><span style=\"color:#313f48\"><span style=\"font-style:normal\"><span style=\"font-variant-ligatures:normal\"><span style=\"white-space:normal\"><span style=\"background-color:#ffffff\"><span style=\"text-decoration-thickness:initial\"><span style=\"text-decoration-style:initial\"><span style=\"text-decoration-color:initial\"><span style=\"box-sizing:border-box\"><span style=\"line-height:1.5\">&nbsp;<\/span><\/span><\/span><\/span><\/span><\/span><\/span><\/span><\/span><\/span><\/span><\/span><\/span><\/span><\/p>\r\n\r\n<p style=\"text-align:justify; margin-bottom:20px\"><span style=\"font-size:18px\"><span style=\"box-sizing:border-box\"><span condensed=\"\" roboto=\"\" style=\"font-family:\"><span style=\"font-weight:400\"><span style=\"color:#313f48\"><span style=\"font-style:normal\"><span style=\"font-variant-ligatures:normal\"><span style=\"white-space:normal\"><span style=\"background-color:#ffffff\"><span style=\"text-decoration-thickness:initial\"><span style=\"text-decoration-style:initial\"><span style=\"text-decoration-color:initial\"><span style=\"box-sizing:border-box\"><span style=\"line-height:1.5\"><img src=\"https:\/\/www.abint.org.br\/assets\/img\/editor\/cth-logo-alta-png-2_202404251744227FHfqc9gX9.png\" style=\"box-sizing:border-box; border-style:none; max-width:100%; width:300px; height:68px; object-fit:contain\" \/><\/span><\/span><\/span><\/span><\/span><\/span><\/span><\/span><\/span><\/span><\/span><\/span><\/span><\/span><\/p>\r\n\r\n<p style=\"text-align:justify; margin-bottom:20px\"><span style=\"font-size:18px\"><span style=\"box-sizing:border-box\"><span condensed=\"\" roboto=\"\" style=\"font-family:\"><span style=\"font-weight:400\"><span style=\"color:#313f48\"><span style=\"font-style:normal\"><span style=\"font-variant-ligatures:normal\"><span style=\"white-space:normal\"><span style=\"background-color:#ffffff\"><span style=\"text-decoration-thickness:initial\"><span style=\"text-decoration-style:initial\"><span style=\"text-decoration-color:initial\"><span style=\"box-sizing:border-box\"><span style=\"line-height:1.5\"><img src=\"https:\/\/www.abint.org.br\/assets\/img\/editor\/hospitalmed-2024-logo_20240425174510L7JTUaSde5.png\" style=\"box-sizing:border-box; border-style:none; max-width:100%; width:500px; height:448px; object-fit:contain\" \/><\/span><\/span><\/span><\/span><\/span><\/span><\/span><\/span><\/span><\/span><\/span><\/span><\/span><\/span><\/p>\r\n\r\n<p style=\"text-align:justify; margin-bottom:20px\"><span style=\"font-size:18px\"><span style=\"box-sizing:border-box\"><span condensed=\"\" roboto=\"\" style=\"font-family:\"><span style=\"font-weight:400\"><span style=\"color:#313f48\"><span style=\"font-style:normal\"><span style=\"font-variant-ligatures:normal\"><span style=\"white-space:normal\"><span style=\"background-color:#ffffff\"><span style=\"text-decoration-thickness:initial\"><span style=\"text-decoration-style:initial\"><span style=\"text-decoration-color:initial\"><span style=\"box-sizing:border-box\"><span style=\"line-height:1.5\"><span style=\"font-size:11pt\"><span style=\"box-sizing:border-box\"><span style=\"box-sizing:border-box\"><span style=\"line-height:normal\"><span style=\"box-sizing:border-box\"><span style=\"font-family:Calibri, sans-serif\"><b style=\"box-sizing:border-box; font-weight:bolder\"><span style=\"font-size:12pt\"><span style=\"box-sizing:border-box\">O CTH ABINT &eacute; um dos patrocinadores da HospitalMed 2024.<\/span><\/span><\/b><\/span><\/span><\/span><\/span><\/span><\/span><\/span><\/span><\/span><\/span><\/span><\/span><\/span><\/span><\/span><\/span><\/span><\/span><\/span><\/span><\/p>\r\n\r\n<p style=\"text-align:justify; margin-bottom:20px\"><span style=\"font-size:18px\"><span style=\"box-sizing:border-box\"><span condensed=\"\" roboto=\"\" style=\"font-family:\"><span style=\"font-weight:400\"><span style=\"color:#313f48\"><span style=\"font-style:normal\"><span style=\"font-variant-ligatures:normal\"><span style=\"white-space:normal\"><span style=\"background-color:#ffffff\"><span style=\"text-decoration-thickness:initial\"><span style=\"text-decoration-style:initial\"><span style=\"text-decoration-color:initial\"><span style=\"box-sizing:border-box\"><span style=\"line-height:1.5\"><span style=\"font-size:11pt\"><span style=\"box-sizing:border-box\"><span style=\"box-sizing:border-box\"><span style=\"line-height:normal\"><span style=\"box-sizing:border-box\"><span style=\"font-family:Calibri, sans-serif\"><span style=\"font-size:12pt\"><span style=\"box-sizing:border-box\">&ldquo;<i style=\"box-sizing:border-box\">A melhor e Mais Completa Feira de Sa&uacute;de do Norte\/Nordeste<\/i>&rdquo;, &eacute; uma realiza&ccedil;&atilde;o da HospitalMed Feiras &amp; Eventos e da Insight Feiras de Neg&oacute;cios.<\/span><\/span><\/span><\/span><\/span><\/span><\/span><\/span><\/span><\/span><\/span><\/span><\/span><\/span><\/span><\/span><\/span><\/span><\/span><\/span><\/span><\/span><\/p>\r\n\r\n<p style=\"text-align:justify; margin-bottom:20px\"><span style=\"font-size:18px\"><span style=\"box-sizing:border-box\"><span condensed=\"\" roboto=\"\" style=\"font-family:\"><span style=\"font-weight:400\"><span style=\"color:#313f48\"><span style=\"font-style:normal\"><span style=\"font-variant-ligatures:normal\"><span style=\"white-space:normal\"><span style=\"background-color:#ffffff\"><span style=\"text-decoration-thickness:initial\"><span style=\"text-decoration-style:initial\"><span style=\"text-decoration-color:initial\"><span style=\"box-sizing:border-box\"><span style=\"line-height:1.5\"><span style=\"font-size:11pt\"><span style=\"box-sizing:border-box\"><span style=\"box-sizing:border-box\"><span style=\"line-height:normal\"><span style=\"box-sizing:border-box\"><span style=\"font-family:Calibri, sans-serif\"><i style=\"box-sizing:border-box\"><span style=\"font-size:12pt\"><span style=\"box-sizing:border-box\">&ldquo;O&nbsp;<b style=\"box-sizing:border-box; font-weight:bolder\">re&uacute;ne toda a cadeia produtiva do setor de sa&uacute;de das regi&otilde;es Norte\/Nordeste<\/b>. &Eacute; o grande encontro de fornecedores de Produtos, Equipamentos, Servi&ccedil;os, Tecnologia e Conte&uacute;do para Hospitais, Laborat&oacute;rios, Farm&aacute;cias, Cl&iacute;nicas, Consult&oacute;rios e Profissionais da Sa&uacute;de&rdquo;.<\/span><\/span><\/i><\/span><\/span><\/span><\/span><\/span><\/span><\/span><\/span><\/span><\/span><\/span><\/span><\/span><\/span><\/span><\/span><\/span><\/span><\/span><\/span><\/p>\r\n\r\n<p style=\"text-align:justify; margin-bottom:20px\"><span style=\"font-size:18px\"><span style=\"box-sizing:border-box\"><span condensed=\"\" roboto=\"\" style=\"font-family:\"><span style=\"font-weight:400\"><span style=\"color:#313f48\"><span style=\"font-style:normal\"><span style=\"font-variant-ligatures:normal\"><span style=\"white-space:normal\"><span style=\"background-color:#ffffff\"><span style=\"text-decoration-thickness:initial\"><span style=\"text-decoration-style:initial\"><span style=\"text-decoration-color:initial\"><span style=\"box-sizing:border-box\"><span style=\"line-height:1.5\"><span style=\"font-size:11pt\"><span style=\"box-sizing:border-box\"><span style=\"box-sizing:border-box\"><span style=\"line-height:16.8667px\"><span style=\"box-sizing:border-box\"><span style=\"font-family:Calibri, sans-serif\"><a href=\"http:\/\/www.hospitalmed.com.br\/\" style=\"box-sizing:border-box; text-decoration:underline; color:blue; transition:color 0.3s ease 0s\"><span style=\"font-size:14pt\"><span style=\"box-sizing:border-box\"><span style=\"box-sizing:border-box\"><span style=\"line-height:21.4667px\">www.hospitalmed.com.br<\/span><\/span><\/span><\/span><\/a><\/span><\/span><\/span><\/span><\/span><\/span><\/span><\/span><\/span><\/span><\/span><\/span><\/span><\/span><\/span><\/span><\/span><\/span><\/span><\/span><\/p>\r\n\r\n<p class=\"MsoTitle\" style=\"text-align:justify; margin-bottom:20px\"><span style=\"font-size:18px\"><span style=\"box-sizing:border-box\"><span condensed=\"\" roboto=\"\" style=\"font-family:\"><span style=\"font-weight:400\"><span style=\"color:#313f48\"><span style=\"font-style:normal\"><span style=\"font-variant-ligatures:normal\"><span style=\"white-space:normal\"><span style=\"background-color:#ffffff\"><span style=\"text-decoration-thickness:initial\"><span style=\"text-decoration-style:initial\"><span style=\"text-decoration-color:initial\"><span style=\"box-sizing:border-box\"><span style=\"line-height:1.5\"><span style=\"font-size:28pt\"><span style=\"box-sizing:border-box\"><span style=\"box-sizing:border-box\"><span style=\"font-family:Cambria, serif\"><span style=\"box-sizing:border-box\"><span style=\"letter-spacing:-0.5pt\"><b style=\"box-sizing:border-box; font-weight:bolder\"><span style=\"font-size:18pt\"><span style=\"box-sizing:border-box\"><span style=\"box-sizing:border-box\"><span style=\"font-family:Calibri, sans-serif\"><span style=\"box-sizing:border-box\"><span style=\"font-variant:small-caps\">Not&iacute;cias das Associadas<\/span><\/span><\/span><\/span><\/span><\/span><\/b><\/span><\/span><\/span><\/span><\/span><\/span><\/span><\/span><\/span><\/span><\/span><\/span><\/span><\/span><\/span><\/span><\/span><\/span><\/span><\/span><\/p>\r\n\r\n<p style=\"text-align:justify\"><span style=\"font-size:11pt\"><span style=\"line-height:normal\"><span style=\"font-family:Calibri,sans-serif\"><a href=\"https:\/\/revistanews.com.br\/2024\/04\/24\/cipatex-anuncia-nova-linha-facto-premium-para-moveis-e-decoracao\/\" style=\"color:blue; text-decoration:underline\"><span style=\"font-size:14.0pt\">Cipatex&reg; lan&ccedil;a nova linha Facto Premium para m&oacute;veis e decora&ccedil;&atilde;o<\/span><\/a><\/span><\/span><\/span><\/p>\r\n\r\n<p style=\"text-align:justify\"><span style=\"font-size:11pt\"><span style=\"line-height:normal\"><span style=\"font-family:Calibri,sans-serif\"><a href=\"https:\/\/www.textileworld.com\/textile-world\/nonwovens-technical-textiles\/2024\/04\/andritz-production-line-for-biodegradable-wipes-starts-up-at-teknomelt-turkiye\/\" style=\"color:blue; text-decoration:underline\"><span lang=\"EN-US\" style=\"font-size:14.0pt\">ANDRITZ Production Line For Biodegradable Wipes Starts Up At Teknomelt, T&uuml;rkiye<\/span><\/a><\/span><\/span><\/span><\/p>\r\n\r\n<p style=\"text-align:justify\">&nbsp;<\/p>\r\n\r\n<p style=\"text-align:justify\"><span style=\"font-size:18px\"><span style=\"box-sizing:border-box\"><span condensed=\"\" roboto=\"\" style=\"font-family:\"><span style=\"font-weight:400\"><span style=\"color:#313f48\"><span style=\"font-style:normal\"><span style=\"font-variant-ligatures:normal\"><span style=\"white-space:normal\"><span style=\"background-color:#ffffff\"><span style=\"text-decoration-thickness:initial\"><span style=\"text-decoration-style:initial\"><span style=\"text-decoration-color:initial\"><span style=\"box-sizing:border-box\"><span style=\"line-height:1.5\"><span style=\"font-size:11pt\"><span style=\"box-sizing:border-box\"><span style=\"box-sizing:border-box\"><span style=\"line-height:normal\"><span style=\"box-sizing:border-box\"><span style=\"font-family:Calibri, sans-serif\"><b style=\"box-sizing:border-box; font-weight:bolder\"><span style=\"font-size:18pt\"><span style=\"box-sizing:border-box\"><span style=\"box-sizing:border-box\"><span style=\"font-variant:small-caps\">Eventos<\/span><\/span><\/span><\/span><\/b><\/span><\/span><\/span><\/span><\/span><\/span><\/span><\/span><\/span><\/span><\/span><\/span><\/span><\/span><\/span><\/span><\/span><\/span><\/span><\/span><\/p>\r\n\r\n<p style=\"text-align:justify; margin-bottom:20px\"><span style=\"font-size:18px\"><span style=\"box-sizing:border-box\"><span condensed=\"\" roboto=\"\" style=\"font-family:\"><span style=\"font-weight:400\"><span style=\"color:#313f48\"><span style=\"font-style:normal\"><span style=\"font-variant-ligatures:normal\"><span style=\"white-space:normal\"><span style=\"background-color:#ffffff\"><span style=\"text-decoration-thickness:initial\"><span style=\"text-decoration-style:initial\"><span style=\"text-decoration-color:initial\"><span style=\"box-sizing:border-box\"><span style=\"line-height:1.5\"><span style=\"font-size:11pt\"><span style=\"box-sizing:border-box\"><span style=\"box-sizing:border-box\"><span style=\"line-height:normal\"><span style=\"box-sizing:border-box\"><span style=\"font-family:Calibri, sans-serif\"><b style=\"box-sizing:border-box; font-weight:bolder\"><span style=\"font-size:14pt\"><span style=\"box-sizing:border-box\">GEOAMERICAS 2024,&nbsp;<\/span><\/span><\/b><span style=\"font-size:14pt\"><span style=\"box-sizing:border-box\">de 28 de abril a 01 de maio de 2024, em Toronto (Canad&aacute;).&nbsp;<\/span><\/span><a href=\"https:\/\/www.geoamericas2024.org\/\" style=\"box-sizing:border-box; text-decoration:underline; color:blue; transition:color 0.3s ease 0s\"><span style=\"font-size:14pt\"><span style=\"box-sizing:border-box\">Informa&ccedil;&otilde;es aqui.<\/span><\/span><\/a><\/span><\/span><\/span><\/span><\/span><\/span><\/span><\/span><\/span><\/span><\/span><\/span><\/span><\/span><\/span><\/span><\/span><\/span><\/span><\/span><\/p>\r\n\r\n<p style=\"text-align:justify; margin-bottom:20px\"><span style=\"font-size:18px\"><span style=\"box-sizing:border-box\"><span condensed=\"\" roboto=\"\" style=\"font-family:\"><span style=\"font-weight:400\"><span style=\"color:#313f48\"><span style=\"font-style:normal\"><span style=\"font-variant-ligatures:normal\"><span style=\"white-space:normal\"><span style=\"background-color:#ffffff\"><span style=\"text-decoration-thickness:initial\"><span style=\"text-decoration-style:initial\"><span style=\"text-decoration-color:initial\"><span style=\"box-sizing:border-box\"><span style=\"line-height:1.5\"><span style=\"font-size:11pt\"><span style=\"box-sizing:border-box\"><span style=\"box-sizing:border-box\"><span style=\"line-height:normal\"><span style=\"box-sizing:border-box\"><span style=\"font-family:Calibri, sans-serif\"><b style=\"box-sizing:border-box; font-weight:bolder\"><span style=\"font-size:14pt\"><span style=\"box-sizing:border-box\">FEIMEC &ndash; Feira Internacional de M&aacute;quinas e Equipamentos<\/span><\/span><\/b><span class=\"MsoHyperlink\" style=\"box-sizing:border-box\"><span style=\"color:blue\"><span style=\"box-sizing:border-box\"><span style=\"text-decoration:underline\"><span style=\"font-size:14pt\"><span style=\"box-sizing:border-box\"><span style=\"box-sizing:border-box\"><span style=\"text-decoration:none\"><span style=\"box-sizing:border-box\">,&nbsp;<\/span><\/span><\/span><\/span><\/span><\/span><\/span><\/span><\/span><span style=\"font-size:14pt\"><span style=\"box-sizing:border-box\">de 07 a 11 de maio, em S&atilde;o Paulo, SP<\/span><\/span>.&nbsp;<a href=\"https:\/\/www.feimec.com.br\/pt\/credenciamento.html?utm_source=google&amp;utm_medium=cpc&amp;utm_campaign=adsplay_credenciamento-nacional&amp;utm_content=search&amp;gad_source=1&amp;gclid=CjwKCAjwoPOwBhAeEiwAJuXRh7unoGd-fW2cbQEN167PXF_UYWUlcdMLJ49wARV3pl1rJuXKhNSXyBoCWiUQAvD_BwE\" style=\"box-sizing:border-box; text-decoration:underline; color:blue; transition:color 0.3s ease 0s\"><span style=\"font-size:14pt\"><span style=\"box-sizing:border-box\">Informa&ccedil;&otilde;es<\/span><\/span><\/a><\/span><\/span><\/span><\/span><\/span><\/span><\/span><\/span><\/span><\/span><\/span><\/span><\/span><\/span><\/span><\/span><\/span><\/span><\/span><\/span><\/p>\r\n\r\n<p style=\"text-align:justify; margin-bottom:20px\"><span style=\"font-size:18px\"><span style=\"box-sizing:border-box\"><span condensed=\"\" roboto=\"\" style=\"font-family:\"><span style=\"font-weight:400\"><span style=\"color:#313f48\"><span style=\"font-style:normal\"><span style=\"font-variant-ligatures:normal\"><span style=\"white-space:normal\"><span style=\"background-color:#ffffff\"><span style=\"text-decoration-thickness:initial\"><span style=\"text-decoration-style:initial\"><span style=\"text-decoration-color:initial\"><span style=\"box-sizing:border-box\"><span style=\"line-height:1.5\"><span style=\"font-size:11pt\"><span style=\"box-sizing:border-box\"><span style=\"box-sizing:border-box\"><span style=\"line-height:normal\"><span style=\"box-sizing:border-box\"><span style=\"font-family:Calibri, sans-serif\"><b style=\"box-sizing:border-box; font-weight:bolder\"><span style=\"font-size:14pt\"><span style=\"box-sizing:border-box\">II Congresso Ibero-Americano de Esteriliza&ccedil;&atilde;o e II Congresso Nacional de Reprocessamento de Dispositivos M&eacute;dicos<\/span><\/span><\/b><span style=\"font-size:14pt\"><span style=\"box-sizing:border-box\">, 16 a 18 de maio de 2024, Cartagena, Colombia<b style=\"box-sizing:border-box; font-weight:bolder\">.&nbsp;<\/b><\/span><\/span><a href=\"http:\/\/nascecme.com.br\/ii-congresso-ibero-americano-de-esterilizacao-e-ii-congresso-nacional-de-reprocessamento-de-dispositivos-medicos\/\" style=\"box-sizing:border-box; text-decoration:underline; color:blue; transition:color 0.3s ease 0s\"><span lang=\"EN-US\" style=\"font-size:14pt\"><span style=\"box-sizing:border-box\">Informa&ccedil;&otilde;es<\/span><\/span><\/a><\/span><\/span><\/span><\/span><\/span><\/span><\/span><\/span><\/span><\/span><\/span><\/span><\/span><\/span><\/span><\/span><\/span><\/span><\/span><\/span><\/p>\r\n\r\n<p style=\"text-align:justify; margin-bottom:20px\"><span style=\"font-size:18px\"><span style=\"box-sizing:border-box\"><span condensed=\"\" roboto=\"\" style=\"font-family:\"><span style=\"font-weight:400\"><span style=\"color:#313f48\"><span style=\"font-style:normal\"><span style=\"font-variant-ligatures:normal\"><span style=\"white-space:normal\"><span style=\"background-color:#ffffff\"><span style=\"text-decoration-thickness:initial\"><span style=\"text-decoration-style:initial\"><span style=\"text-decoration-color:initial\"><span style=\"box-sizing:border-box\"><span style=\"line-height:1.5\"><span style=\"font-size:11pt\"><span style=\"box-sizing:border-box\"><span style=\"box-sizing:border-box\"><span style=\"line-height:normal\"><span style=\"box-sizing:border-box\"><span style=\"font-family:Calibri, sans-serif\"><b style=\"box-sizing:border-box; font-weight:bolder\"><span lang=\"EN-US\" style=\"font-size:14pt\"><span style=\"box-sizing:border-box\">ANEX 2024 | Asia Nonwoven Exhibition and Conference<\/span><\/span><\/b><span lang=\"EN-US\" style=\"font-size:14pt\"><span style=\"box-sizing:border-box\">, 22-24 May 2024, Taipei Nangang Exhibition Center, Hall 1.&nbsp;<\/span><\/span><a href=\"https:\/\/www.anex2024.com\/\" style=\"box-sizing:border-box; text-decoration:underline; color:blue; transition:color 0.3s ease 0s\"><span lang=\"EN-US\" style=\"font-size:14pt\"><span style=\"box-sizing:border-box\">Information here<\/span><\/span><\/a><\/span><\/span><\/span><\/span><\/span><\/span><\/span><\/span><\/span><\/span><\/span><\/span><\/span><\/span><\/span><\/span><\/span><\/span><\/span><\/span><\/p>\r\n\r\n<p style=\"text-align:justify; margin-bottom:20px\"><span style=\"font-size:18px\"><span style=\"box-sizing:border-box\"><span condensed=\"\" roboto=\"\" style=\"font-family:\"><span style=\"font-weight:400\"><span style=\"color:#313f48\"><span style=\"font-style:normal\"><span style=\"font-variant-ligatures:normal\"><span style=\"white-space:normal\"><span style=\"background-color:#ffffff\"><span style=\"text-decoration-thickness:initial\"><span style=\"text-decoration-style:initial\"><span style=\"text-decoration-color:initial\"><span style=\"box-sizing:border-box\"><span style=\"line-height:1.5\">&nbsp;<\/span><\/span><\/span><\/span><\/span><\/span><\/span><\/span><\/span><\/span><\/span><\/span><\/span><\/span><span style=\"font-size:18px\"><span style=\"box-sizing:border-box\"><span condensed=\"\" roboto=\"\" style=\"font-family:\"><span style=\"font-weight:400\"><span style=\"color:#313f48\"><span style=\"font-style:normal\"><span style=\"font-variant-ligatures:normal\"><span style=\"white-space:normal\"><span style=\"background-color:#ffffff\"><span style=\"text-decoration-thickness:initial\"><span style=\"text-decoration-style:initial\"><span style=\"text-decoration-color:initial\"><span style=\"box-sizing:border-box\"><span style=\"line-height:1.5\"><span style=\"font-size:11pt\"><span style=\"box-sizing:border-box\"><span style=\"box-sizing:border-box\"><span style=\"line-height:normal\"><span style=\"box-sizing:border-box\"><span style=\"font-family:Calibri, sans-serif\"><span lang=\"EN-US\" style=\"font-size:14pt\"><span style=\"box-sizing:border-box\"><img src=\"https:\/\/www.abint.org.br\/assets\/img\/editor\/img-20240417-wa0014_20240425174656hVnQO5NpVL.jpg\" style=\"box-sizing:border-box; border-style:none; width:500px; height:500px\" \/><\/span><\/span><\/span><\/span><\/span><\/span><\/span><\/span><\/span><\/span><\/span><\/span><\/span><\/span><\/span><\/span><\/span><\/span><\/span><\/span><\/span><\/span><\/p>\r\n\r\n<p style=\"text-align:justify; margin-bottom:20px\"><span style=\"font-size:18px\"><span style=\"box-sizing:border-box\"><span condensed=\"\" roboto=\"\" style=\"font-family:\"><span style=\"font-weight:400\"><span style=\"color:#313f48\"><span style=\"font-style:normal\"><span style=\"font-variant-ligatures:normal\"><span style=\"white-space:normal\"><span style=\"background-color:#ffffff\"><span style=\"text-decoration-thickness:initial\"><span style=\"text-decoration-style:initial\"><span style=\"text-decoration-color:initial\"><span style=\"box-sizing:border-box\"><span style=\"line-height:1.5\"><span style=\"font-size:11pt\"><span style=\"box-sizing:border-box\"><span style=\"box-sizing:border-box\"><span style=\"line-height:normal\"><span style=\"box-sizing:border-box\"><span style=\"font-family:Calibri, sans-serif\"><a href=\"https:\/\/docs.google.com\/forms\/d\/e\/1FAIpQLSeG7zdl8xZpguBFbIdqyMS61mxfjvFjKOQ3EUqnWgC1RUcAug\/viewform\" style=\"box-sizing:border-box; text-decoration:underline; color:blue; transition:color 0.3s ease 0s\"><span style=\"font-size:14pt\"><span style=\"box-sizing:border-box\">INFORMA&Ccedil;&Otilde;ES E INSCRI&Ccedil;&Otilde;ES<\/span><\/span><\/a><\/span><\/span><\/span><\/span><\/span><\/span><\/span><\/span><\/span><\/span><\/span><\/span><\/span><\/span><\/span><\/span><\/span><\/span><\/span><\/span><\/p>\r\n\r\n<p style=\"text-align:justify; margin-bottom:20px\">&nbsp;<\/p>\r\n\r\n<p style=\"text-align:justify\"><span style=\"font-size:11pt\"><span style=\"line-height:normal\"><span style=\"font-family:Calibri,sans-serif\"><b><span style=\"font-size:14.0pt\">The EDANA Innovation Forum<\/span><\/b><span class=\"MsoHyperlink\" style=\"color:blue\"><span style=\"text-decoration:underline\"><span style=\"font-size:14.0pt\"><span style=\"text-decoration:none\"><span style=\"text-underline:none\">, <\/span><\/span><\/span><\/span><\/span><span style=\"font-size:14.0pt\">04 - 06 June 2024, Munich<\/span><span class=\"MsoHyperlink\" style=\"color:blue\"><span style=\"text-decoration:underline\"><span style=\"font-size:14.0pt\"><span style=\"text-decoration:none\"><span style=\"text-underline:none\">. <\/span><\/span><\/span><\/span><\/span><a href=\"https:\/\/www.edana.org\/events\/edana-innovation-forum-?ct=t(MENA_2018_call_for_papers6_28_2017_COPY_01)&amp;mc_cid=27efeab42f&amp;mc_eid=08e0eae351\" style=\"color:blue; text-decoration:underline\"><span lang=\"EN-US\" style=\"font-size:14.0pt\">Information here<\/span><\/a><\/span><\/span><\/span><\/p>\r\n\r\n<p style=\"text-align:justify\"><span style=\"font-size:11pt\"><span style=\"line-height:normal\"><span style=\"font-family:Calibri,sans-serif\"><b><span lang=\"EN-US\" style=\"font-size:14.0pt\">HIGITEX 2024 | International Technical Textiles &amp; Nonwoven Exhibition<\/span><\/b><span lang=\"EN-US\" style=\"font-size:14.0pt\">, 4-8 June 2024, T&uuml;yap Fair Convention and Congress Center, T&uuml;rkiye. <\/span><a href=\"https:\/\/www.hightex.com.tr\/\" style=\"color:blue; text-decoration:underline\"><span style=\"font-size:14.0pt\">Information here<\/span><\/a> <\/span><\/span><\/span><\/p>\r\n\r\n<p style=\"text-align:justify\"><span style=\"font-size:11pt\"><span style=\"line-height:normal\"><span style=\"font-family:Calibri,sans-serif\"><b><span style=\"font-size:14.0pt\">Workshop | Plano de gerenciamento de res&iacute;duos s&oacute;lidos<\/span><\/b><span style=\"font-size:14.0pt\">, 06 de junho de 2024, evento online. <\/span><a href=\"https:\/\/app.rdstation.email\/mail\/5893d5d3-c08f-4bed-9b26-b4e2f8e26d87?utm_campaign=workshop_residuos_solidos&amp;utm_medium=email&amp;utm_source=RD+Station\" style=\"color:blue; text-decoration:underline\"><span style=\"font-size:14.0pt\">Inscri&ccedil;&otilde;es e informa&ccedil;&otilde;es aqui<\/span><\/a><\/span><\/span><\/span><\/p>\r\n\r\n<p style=\"text-align:justify\"><span style=\"font-size:11pt\"><span style=\"line-height:normal\"><span style=\"font-family:Calibri,sans-serif\"><b><span style=\"font-size:14.0pt\">AESabesp | O Mega Desafio Trazido Pela Nova Lei de Licita&ccedil;&otilde;es e Contratos - Lei 14133\/2021, <\/span><\/b><span style=\"font-size:14.0pt\">17 a 19 de junho de 2024, das 08h &agrave;s 17h, na sede da AESabesp, em S&atilde;o Paulo. <\/span><a href=\"https:\/\/send.neopixdmi.com\/index.php\/campaigns\/bt5255bhowca7\/web-version\/mh045xn88n9c0\" style=\"color:blue; text-decoration:underline\"><span style=\"font-size:14.0pt\">Informa&ccedil;&otilde;es e inscri&ccedil;&otilde;es aqui<\/span><\/a><\/span><\/span><\/span><\/p>\r\n\r\n<p style=\"text-align:justify\"><span style=\"font-size:11pt\"><span style=\"line-height:normal\"><span style=\"font-family:Calibri,sans-serif\"><b><span style=\"font-size:14.0pt\">IHI 2024 - 9&ordm; F&oacute;rum Latino-Americano de Qualidade e Seguran&ccedil;a na Sa&uacute;de<\/span><\/b><span style=\"font-size:14.0pt\">, 09 a 11 de julho de 2024, evento h&iacute;brido, Centro de Ensino e Pesquisa Albert Einstein, Campus Cec&iacute;lia e Abram Szajman, Rua Comendador Elias Jafet, 755, Morumbi, S&atilde;o Paulo\/SP. <\/span><a href=\"http:\/\/www.ihi.ensinoeinstein.com\/\" style=\"color:blue; text-decoration:underline\"><span style=\"font-size:14.0pt\">www.ihi.ensinoeinstein.com<\/span><\/a><span style=\"font-size:14.0pt\"> <\/span><\/span><\/span><\/span><\/p>\r\n\r\n<p style=\"text-align:justify\"><span style=\"font-size:11pt\"><span style=\"line-height:normal\"><span style=\"font-family:Calibri,sans-serif\"><b><span style=\"font-size:14.0pt\">Constru Nordeste<\/span><\/b><span style=\"font-size:14.0pt\">, 31 de julho a 02 de agosto de 2024, Centro de Conven&ccedil;&otilde;es Salvador, Bahia. <\/span><a href=\"http:\/\/www.construnordeste.com.br\" style=\"color:blue; text-decoration:underline\"><span style=\"font-size:14.0pt\">www.construnordeste.com.br<\/span><\/a> <\/span><\/span><\/span><\/p>\r\n\r\n<p style=\"text-align:justify\"><span style=\"font-size:11pt\"><span style=\"line-height:normal\"><span style=\"font-family:Calibri,sans-serif\"><b><span style=\"font-size:14.0pt\">FEIPLAR COMPOSITES &amp; FEIPUR &ndash; Feira e Congresso Internacionais de Composites, Poliuretano, Pl&aacute;sticos de Engenharia e Compostos Termopl&aacute;sticos<\/span><\/b><span style=\"font-size:14.0pt\">, 20 a 22 de agosto de 2024, S&atilde;o Paulo Expo (Pavilh&atilde;o 5), palestras: das 8h30 &agrave;s 18h, feira: das 13h &agrave;s 20h.<b> <\/b><\/span><a href=\"http:\/\/www.feiplar.com\" style=\"color:blue; text-decoration:underline\"><span style=\"font-size:14.0pt\">www.feiplar.com<\/span><\/a> <\/span><\/span><\/span><\/p>\r\n\r\n<p style=\"text-align:justify\"><span style=\"font-size:11pt\"><span style=\"line-height:normal\"><span style=\"font-family:Calibri,sans-serif\"><b><span style=\"font-size:14.0pt\">Fenasan 2024 &ndash; Feira Nacional de Saneamento e Meio Ambiente<\/span><\/b><span style=\"font-size:14.0pt\">, 22 a 24 de outubro de 2024, Pavilh&otilde;es Verde e Vermelho, Expo Center Norte, S&atilde;o Paulo SP. <\/span><a href=\"http:\/\/www.fenasan.com.br\" style=\"color:blue; text-decoration:underline\"><span style=\"font-size:14.0pt\">www.fenasan.com.br<\/span><\/a> <\/span><\/span><\/span><\/p>\r\n\r\n<p style=\"text-align:justify\"><span style=\"font-size:11pt\"><span style=\"line-height:normal\"><span style=\"font-family:Calibri,sans-serif\"><b><span style=\"font-size:14.0pt\">HospitalMed 2024<\/span><\/b><span style=\"font-size:14.0pt\">, 23 a 25 de outubro, das 14h &agrave;s 20h, no Pernambuco Centro de Conven&ccedil;&otilde;es. <\/span><a href=\"http:\/\/www.hospitalmed.com.br\" style=\"color:blue; text-decoration:underline\"><span style=\"font-size:14.0pt\">www.hospitalmed.com.br<\/span><\/a> <\/span><\/span><\/span><\/p>\r\n\r\n<p style=\"text-align:justify\"><span style=\"font-size:11pt\"><span style=\"line-height:normal\"><span style=\"font-family:Calibri,sans-serif\"><b><span style=\"font-size:14.0pt\">Congresso Internacional Abit 2024<\/span><\/b><span style=\"font-size:14.0pt\">, 30 e 31 de outubro, Salvador, Bahia. <\/span><a href=\"http:\/\/www.congressoabit.com.br\" style=\"color:blue; text-decoration:underline\"><span lang=\"EN-US\" style=\"font-size:14.0pt\">www.congressoabit.com.br<\/span><\/a> <\/span><\/span><\/span><\/p>\r\n\r\n<p style=\"text-align:justify\"><span style=\"font-size:28pt\"><span style=\"font-family:Cambria,serif\"><span style=\"letter-spacing:-0.5pt\"><b><span lang=\"EN-US\" style=\"font-size:18.0pt\"><span calibri=\"\" style=\"font-family:\"><span style=\"font-variant:small-caps\">Setor<\/span><\/span><\/span><\/b><\/span><\/span><\/span><\/p>\r\n\r\n<p style=\"text-align:justify\"><span style=\"font-size:11pt\"><span style=\"line-height:normal\"><span style=\"font-family:Calibri,sans-serif\"><a href=\"https:\/\/www.technicaltextile.net\/news\/inda-s-advocacy-summit-promotes-wippes-act-tariff-relief-294653.html\" style=\"color:blue; text-decoration:underline\"><span lang=\"EN-US\" style=\"font-size:14.0pt\">INDA&#39;s Advocacy Summit promotes WIPPES Act, tariff relief<\/span><\/a><\/span><\/span><\/span><\/p>\r\n\r\n<p style=\"text-align:justify\"><span style=\"font-size:11pt\"><span style=\"line-height:normal\"><span style=\"font-family:Calibri,sans-serif\"><a href=\"http:\/\/transmail.ftrans01.com\/ZLFABRI?id=29813=JR4CVQVdAAgCGFcHDQQCVwgEA1dXBQ1RUFYHWVxXVVhRVwMAA1UKDAVXAlUPAgdVD1RNVwQPV0chAARRChIZVhQFHAdFGAkOAFcLDg9YV1wMVAMCU14OTwkVEkheSRhNFANcFloFUVUfAkdFWQ8SVAlLUlkLSWN\/JyAkai1ZXl0aFAE=&amp;fl=DhZGFQ1LF05GEx1DXQIJClEGUFoSA0FHCA0DFgoDQxYIB0UWGBFLFEMBQFJZEwIMXRdCGwUUXFIVBEteBQRFUAVPRgpCB1AUQgFdRFcTTBNREVkbCwdaWwgPAxUIA1ZLCAtcAhpWAQ0GVgsZUBUMCA==\" style=\"color:blue; text-decoration:underline\"><span lang=\"EN-US\" style=\"font-size:14.0pt\">UK government to ban plastic-containing wet wipes by summer<\/span><\/a><\/span><\/span><\/span><\/p>\r\n\r\n<p style=\"text-align:justify\"><span style=\"font-size:11pt\"><span style=\"line-height:normal\"><span style=\"font-family:Calibri,sans-serif\"><a href=\"http:\/\/transmail.ftrans01.com\/ZLFABRI?id=29813=JR4CVQVdAAgCGAMBAVFTBw8AUlJVAgsAV1IDXgdUDw9fUAtcBwEAWwVcClRdV1NcDgZNVwQPV0chAARRChIZVhQFHAdFGAkOAFcLDg9YV1wMVAMCU14OTwkVEkheSRhNFANcFloFUVUfAkdFWQ8SVAlLUlkLSWN\/JyAkai1ZXl0aFAE=&amp;fl=DhZGFQ1LF05GEx1DXQIJClEGUFoSA0FHCA0DFgoDQxYIB0UWGAFcWF8FHlZIEQ0FTQFCGxMNFFQOFwNKCgtSVxJPQUhaC05cHBBcQFkTBRcVFV1XFRJQUEwHFF0BS0BQFgdBSAVdDA4AVx1fTAwN\" style=\"color:blue; text-decoration:underline\"><span lang=\"EN-US\" style=\"font-size:14.0pt\">EDANA applauds UK Government&#39;s move towards plastic-free wipes<\/span><\/a><\/span><\/span><\/span><\/p>\r\n\r\n<p style=\"text-align:justify\"><span style=\"font-size:11pt\"><span style=\"line-height:normal\"><span style=\"font-family:Calibri,sans-serif\"><a href=\"https:\/\/plasticosemrevista.com.br\/a-redoma-das-hortalicas\/\" style=\"color:blue; text-decoration:underline\"><span lang=\"EN-US\" style=\"font-size:14.0pt\">Mulching: A redoma das hortali&ccedil;as<\/span><\/a><\/span><\/span><\/span><\/p>\r\n\r\n<p style=\"text-align:justify\"><span style=\"font-size:11pt\"><span style=\"line-height:normal\"><span style=\"font-family:Calibri,sans-serif\"><a href=\"https:\/\/www.nonwovens-industry.com\/contents\/view_breaking-news\/2024-04-22\/unicharm-starts-selling-recycled-diaper\/15303\" style=\"color:blue; text-decoration:underline\"><span lang=\"EN-US\" style=\"font-size:14.0pt\">Unicharm Starts Selling Recycled Diaper<\/span><\/a><\/span><\/span><\/span><\/p>\r\n\r\n<p style=\"text-align:justify\"><span style=\"font-size:11pt\"><span style=\"line-height:normal\"><span style=\"font-family:Calibri,sans-serif\"><a href=\"https:\/\/plasticosemrevista.com.br\/pet-coca-cola-se-supera-em-garrafas-peso-pluma\/\" style=\"color:blue; text-decoration:underline\"><span style=\"font-size:14.0pt\">PET: Coca-Cola se supera em garrafas peso pluma<\/span><\/a><\/span><\/span><\/span><\/p>\r\n\r\n<p style=\"text-align:justify\"><span style=\"font-size:11pt\"><span style=\"line-height:normal\"><span style=\"font-family:Calibri,sans-serif\"><a href=\"https:\/\/plasticosemrevista.com.br\/quando-o-plastico-desabrocha\/\" style=\"color:blue; text-decoration:underline\"><span style=\"font-size:14.0pt\">Flex&iacute;veis no campo: Quando o pl&aacute;stico desabrocha<\/span><\/a><\/span><\/span><\/span><\/p>\r\n\r\n<p style=\"text-align:justify\"><span style=\"font-size:28pt\"><span style=\"font-family:Cambria,serif\"><span style=\"letter-spacing:-0.5pt\"><b><span style=\"font-size:18.0pt\"><span calibri=\"\" style=\"font-family:\"><span style=\"font-variant:small-caps\">Ind&uacute;stria<\/span><\/span><\/span><\/b><\/span><\/span><\/span><\/p>\r\n\r\n<p style=\"text-align:justify\"><span style=\"font-size:11pt\"><span style=\"line-height:normal\"><span style=\"font-family:Calibri,sans-serif\"><a href=\"https:\/\/noticias.portaldaindustria.com.br\/noticias\/economia\/substituicao-de-produtos-brasileiros-por-importados-prejudica-industria-nacional\/\" style=\"color:blue; text-decoration:underline\"><span style=\"font-size:14.0pt\">Substitui&ccedil;&atilde;o de produtos brasileiros por importados prejudica ind&uacute;stria nacional<\/span><\/a><\/span><\/span><\/span><\/p>\r\n\r\n<p style=\"text-align:justify\"><span style=\"font-size:11pt\"><span style=\"line-height:normal\"><span style=\"font-family:Calibri,sans-serif\"><a href=\"https:\/\/noticias.portaldaindustria.com.br\/noticias\/economia\/pequenas-industrias-estao-com-perspectivas-favoraveis-mostra-pesquisa-da-cni\/\" style=\"color:blue; text-decoration:underline\"><span style=\"font-size:14.0pt\">Pequenas ind&uacute;strias est&atilde;o com perspectivas favor&aacute;veis, mostra pesquisa da CNI<\/span><\/a><\/span><\/span><\/span><\/p>\r\n\r\n<p style=\"text-align:justify\"><span style=\"font-size:11pt\"><span style=\"line-height:normal\"><span style=\"font-family:Calibri,sans-serif\"><a href=\"https:\/\/www.infomoney.com.br\/economia\/confianca-da-construcao-cai-14-ponto-em-abril-para-952-pontos-aponta-fgv\/\" style=\"color:blue; text-decoration:underline\"><span style=\"font-size:14.0pt\">Confian&ccedil;a da constru&ccedil;&atilde;o cai&nbsp;1,4 ponto em abril, para 95,2 pontos, aponta FGV<\/span><\/a><\/span><\/span><\/span><\/p>\r\n\r\n<p style=\"text-align:justify\"><span style=\"font-size:11pt\"><span style=\"line-height:normal\"><span style=\"font-family:Calibri,sans-serif\"><a href=\"https:\/\/www.meiofiltrante.com.br\/Noticia\/123193\/abrafiltros--oferece-apoio-institucional-a-terceira-edicao-do-foragua\" style=\"color:blue; text-decoration:underline\"><span style=\"font-size:14.0pt\">ABRAFILTROS oferece apoio institucional &agrave; terceira edi&ccedil;&atilde;o do FOR&Aacute;GUA<\/span><\/a><\/span><\/span><\/span><\/p>\r\n\r\n<p class=\"MsoTitle\" style=\"text-align:justify\"><span style=\"font-size:28pt\"><span style=\"font-family:Cambria,serif\"><span style=\"letter-spacing:-0.5pt\"><b><span style=\"font-size:18.0pt\"><span calibri=\"\" style=\"font-family:\"><span style=\"font-variant:small-caps\">Sustentabilidade<\/span><\/span><\/span><\/b><\/span><\/span><\/span><\/p>\r\n\r\n<p style=\"text-align:justify\"><span style=\"font-size:11pt\"><span style=\"line-height:normal\"><span style=\"font-family:Calibri,sans-serif\"><a href=\"https:\/\/www.plastico.com.br\/produtos-de-consumo-adotam-pcr\/\" style=\"color:blue; text-decoration:underline\"><span style=\"font-size:14.0pt\">PCR &eacute; adotado em produtos de consumo<\/span><\/a><\/span><\/span><\/span><\/p>\r\n\r\n<p style=\"text-align:justify\"><span style=\"font-size:11pt\"><span style=\"line-height:normal\"><span style=\"font-family:Calibri,sans-serif\"><a href=\"https:\/\/www.revistaplasticosul.com.br\/industria-4-0\/novos-estudos-de-fornos-de-craqueamento-como-combate-as-alteracoes-climaticas\/\" style=\"color:blue; text-decoration:underline\"><span style=\"font-size:14.0pt\">Pol&iacute;meros: Novos estudos de fornos de craqueamento como iniciativa para o combate &agrave;s altera&ccedil;&otilde;es clim&aacute;ticas<\/span><\/a><\/span><\/span><\/span><\/p>\r\n\r\n<p style=\"text-align:justify\"><span style=\"font-size:11pt\"><span style=\"line-height:normal\"><span style=\"font-family:Calibri,sans-serif\"><a href=\"https:\/\/www.dw.com\/pt-br\/estudo-cinco-multinacionais-produzem-12-do-lixo-pl%C3%A1stico\/a-68934201\" style=\"color:blue; text-decoration:underline\"><span style=\"font-size:14.0pt\">Estudo: cinco multinacionais produzem 12% do lixo pl&aacute;stico<\/span><\/a><\/span><\/span><\/span><\/p>\r\n\r\n<p style=\"text-align:justify\"><span style=\"font-size:11pt\"><span style=\"line-height:normal\"><span style=\"font-family:Calibri,sans-serif\"><a href=\"https:\/\/grandesconstrucoes.com.br\/Noticias\/Exibir\/a-sustentabilidade-contribui-para-o-crescimento-da-construcao-civil?utm_source=akna&amp;utm_medium=email&amp;utm_campaign=Grandes-Construcoes-Informativo-909-25-04-2024&amp;utm_source=akna&amp;utm_medium=email&amp;utm_campaign=Grandes-Construcoes-Informativo-909-25-04-2024\" style=\"color:blue; text-decoration:underline\"><span style=\"font-size:14.0pt\">A sustentabilidade contribui para o crescimento da constru&ccedil;&atilde;o civil<\/span><\/a><\/span><\/span><\/span><\/p>\r\n\r\n<p style=\"text-align:justify\"><span style=\"font-size:11pt\"><span style=\"line-height:normal\"><span style=\"font-family:Calibri,sans-serif\"><a href=\"https:\/\/www.revistaplasticosul.com.br\/sustentabilidade\/tratado-de-plasticos-abiplast-participa-de-sessao-do-inc-4\/\" style=\"color:blue; text-decoration:underline\"><span style=\"font-size:14.0pt\">Polui&ccedil;&atilde;o pl&aacute;stica: ABIPLAST participa de Sess&atilde;o do Comit&ecirc; Intergovernamental de Negocia&ccedil;&atilde;o (INC-4) sobre o Tratado de Pl&aacute;sticos<\/span><\/a><\/span><\/span><\/span><\/p>\r\n\r\n<p style=\"text-align:justify\"><span style=\"font-size:11pt\"><span style=\"line-height:normal\"><span style=\"font-family:Calibri,sans-serif\"><a href=\"https:\/\/phys.org\/news\/2024-04-g7-commit-plastic-production-french.html?utm_source=nwletter&amp;utm_medium=email&amp;utm_campaign=daily-nwletter\" style=\"color:blue; text-decoration:underline\"><span lang=\"EN-US\" style=\"font-size:14.0pt\">G7 to commit to reducing plastic production: French ministry<\/span><\/a><\/span><\/span><\/span><\/p>\r\n\r\n<p style=\"text-align:justify\"><span style=\"font-size:11pt\"><span style=\"line-height:normal\"><span style=\"font-family:Calibri,sans-serif\"><a href=\"https:\/\/phys.org\/news\/2024-04-eggshell-bioplastic-pellet-sustainable-alternative.html?utm_source=nwletter&amp;utm_medium=email&amp;utm_campaign=daily-nwletter\" style=\"color:blue; text-decoration:underline\"><span lang=\"EN-US\" style=\"font-size:14.0pt\">Researchers develop eggshell &#39;bioplastic&#39; pellet as sustainable alternative to plastic<\/span><\/a><\/span><\/span><\/span><\/p>\r\n\r\n<p style=\"text-align:justify\"><span style=\"font-size:11pt\"><span style=\"line-height:normal\"><span style=\"font-family:Calibri,sans-serif\"><a href=\"https:\/\/mercadoeconsumo.com.br\/29\/04\/2024\/noticias-varejo\/riachuelo-lanca-colecao-circular-feita-a-partir-de-residuos-texteis\/?utm_campaign=news_-_2904_geral&amp;utm_medium=email&amp;utm_source=RD+Station\" style=\"color:blue; text-decoration:underline\"><span style=\"font-size:14.0pt\">Riachuelo lan&ccedil;a cole&ccedil;&atilde;o circular feita a partir de res&iacute;duos t&ecirc;xteis<\/span><\/a><\/span><\/span><\/span><\/p>\r\n\r\n<p class=\"MsoTitle\" style=\"text-align:justify\"><span style=\"font-size:28pt\"><span style=\"font-family:Cambria,serif\"><span style=\"letter-spacing:-0.5pt\"><b><span lang=\"EN-US\" style=\"font-size:18.0pt\"><span calibri=\"\" style=\"font-family:\"><span style=\"font-variant:small-caps\">Inova&ccedil;&atilde;o<\/span><\/span><\/span><\/b><\/span><\/span><\/span><\/p>\r\n\r\n<p style=\"text-align:justify\"><span style=\"font-size:11pt\"><span style=\"line-height:normal\"><span style=\"font-family:Calibri,sans-serif\"><a href=\"https:\/\/medicalxpress.com\/news\/2024-04-microplastic-free-transparent-mask.html\" style=\"color:blue; text-decoration:underline\"><span lang=\"EN-US\" style=\"font-size:14.0pt\">Researchers develop microplastic-free transparent mask<\/span><\/a><\/span><\/span><\/span><\/p>\r\n\r\n<p style=\"text-align:justify\"><span style=\"font-size:11pt\"><span style=\"line-height:normal\"><span style=\"font-family:Calibri,sans-serif\"><a href=\"https:\/\/economiasc.com\/2024\/04\/26\/sustentabilidade-e-inovacao-impulsionam-a-industria-textil\/\" style=\"color:blue; text-decoration:underline\"><span style=\"font-size:14.0pt\">Sustentabilidade e inova&ccedil;&atilde;o impulsionam a ind&uacute;stria t&ecirc;xtil<\/span><\/a><\/span><\/span><\/span><\/p>\r\n\r\n<p style=\"text-align:justify\"><span style=\"font-size:11pt\"><span style=\"line-height:normal\"><span style=\"font-family:Calibri,sans-serif\"><a href=\"https:\/\/noticias.portaldaindustria.com.br\/noticias\/inovacao-e-tecnologia\/brasil-mais-produtivo-tera-giro-pelo-brasil-a-partir-de-maio-para-engajar-empresas\/\" style=\"color:blue; text-decoration:underline\"><span style=\"font-size:14.0pt\">Inova&ccedil;&atilde;o e competitividade: Brasil Mais Produtivo ter&aacute; giro pelo Brasil a partir de maio para engajar empresas<\/span><\/a><\/span><\/span><\/span><\/p>\r\n\r\n<p style=\"text-align:justify\"><span style=\"font-size:11pt\"><span style=\"line-height:normal\"><span style=\"font-family:Calibri,sans-serif\"><a href=\"https:\/\/www.technicaltextile.net\/news\/uk-researchers-develop-nanogenerators-for-smart-clothing-294686.html\" style=\"color:blue; text-decoration:underline\"><span lang=\"EN-US\" style=\"font-size:14.0pt\">UK researchers develop nanogenerators for smart clothing<\/span><\/a><\/span><\/span><\/span><\/p>\r\n\r\n<p class=\"MsoTitle\" style=\"text-align:justify\"><span style=\"font-size:28pt\"><span style=\"font-family:Cambria,serif\"><span style=\"letter-spacing:-0.5pt\"><b><span style=\"font-size:18.0pt\"><span calibri=\"\" style=\"font-family:\"><span style=\"font-variant:small-caps\">Com&eacute;rcio Exterior<\/span><\/span><\/span><\/b><\/span><\/span><\/span><\/p>\r\n\r\n<p style=\"text-align:justify\"><span style=\"font-size:11pt\"><span style=\"line-height:normal\"><span style=\"font-family:Calibri,sans-serif\"><a href=\"https:\/\/www.gov.br\/mdic\/pt-br\/assuntos\/noticias\/2024\/abril\/g20-e-b20-brasil-ampliam-debate-sobre-participacao-de-mulheres-no-comercio-exterior\" style=\"color:blue; text-decoration:underline\"><span style=\"font-size:14.0pt\">G20 e B20 Brasil ampliam debate sobre participa&ccedil;&atilde;o de mulheres no com&eacute;rcio exterior<\/span><\/a><\/span><\/span><\/span><\/p>\r\n\r\n<p style=\"text-align:justify\"><span style=\"font-size:11pt\"><span style=\"line-height:normal\"><span style=\"font-family:Calibri,sans-serif\"><a href=\"https:\/\/www.gov.br\/mdr\/pt-br\/noticias\/midr-participa-no-parana-de-encontro-com-paises-do-mercosul\" style=\"color:blue; text-decoration:underline\"><span style=\"font-size:14.0pt\">MIDR participa no Paran&aacute; de encontro com pa&iacute;ses do Mercosul<\/span><\/a><\/span><\/span><\/span><\/p>\r\n\r\n<p style=\"text-align:justify\"><span style=\"font-size:11pt\"><span style=\"line-height:normal\"><span style=\"font-family:Calibri,sans-serif\"><a href=\"https:\/\/www.bbc.com\/portuguese\/articles\/c72pdx8yrrpo\" style=\"color:blue; text-decoration:underline\"><span style=\"font-size:14.0pt\">Como Brasil foi chave para Am&eacute;rica Latina bater recorde de exporta&ccedil;&atilde;o para China em 2023<\/span><\/a><\/span><\/span><\/span><\/p>\r\n\r\n<p class=\"MsoTitle\" style=\"text-align:justify\"><span style=\"font-size:28pt\"><span style=\"font-family:Cambria,serif\"><span style=\"letter-spacing:-0.5pt\"><b><span style=\"font-size:18.0pt\"><span calibri=\"\" style=\"font-family:\"><span style=\"font-variant:small-caps\">Economia<\/span><\/span><\/span><\/b><\/span><\/span><\/span><\/p>\r\n\r\n<p style=\"text-align:justify\"><span style=\"font-size:11pt\"><span style=\"line-height:normal\"><span style=\"font-family:Calibri,sans-serif\"><a href=\"https:\/\/www.bcb.gov.br\/content\/focus\/focus\/R20240426.pdf\" style=\"color:blue; text-decoration:underline\"><span style=\"font-size:14.0pt\">Focus - Relat&oacute;rio de Mercado<\/span><\/a><\/span><\/span><\/span><\/p>\r\n\r\n<p style=\"text-align:justify\"><span style=\"font-size:11pt\"><span style=\"line-height:normal\"><span style=\"font-family:Calibri,sans-serif\"><a href=\"https:\/\/www.gazetadopovo.com.br\/economia\/governo-quer-cobrar-imposto-do-pecado-sobre-carro-refrigerante-petroleo-e-minerio\/\" style=\"color:blue; text-decoration:underline\"><span style=\"font-size:14.0pt\">Governo quer cobrar &ldquo;imposto do pecado&rdquo; sobre carro, refrigerante, petr&oacute;leo e min&eacute;rio<\/span><\/a><\/span><\/span><\/span><\/p>\r\n\r\n<p style=\"text-align:justify\"><span style=\"font-size:11pt\"><span style=\"line-height:normal\"><span style=\"font-family:Calibri,sans-serif\"><a href=\"https:\/\/portalibre.fgv.br\/system\/files\/2024-04\/indicador_de_incerteza_brasil_fgv_press-release_abr24.pdf\" style=\"color:blue; text-decoration:underline\"><span style=\"font-size:14.0pt\">N&iacute;vel de Incerteza no Brasil sobe, mas se mant&eacute;m em patamar favor&aacute;vel<\/span><\/a><\/span><\/span><\/span><\/p>\r\n\r\n<p style=\"text-align:justify\"><span style=\"font-size:11pt\"><span style=\"line-height:normal\"><span style=\"font-family:Calibri,sans-serif\"><a href=\"https:\/\/blogdoibre.fgv.br\/posts\/perspectivas-negativas-do-crescimento-global\" style=\"color:blue; text-decoration:underline\"><span style=\"font-size:14.0pt\">Perspectivas negativas do crescimento global<\/span><\/a><\/span><\/span><\/span><\/p>\r\n\r\n<p style=\"text-align:justify\"><span style=\"font-size:11pt\"><span style=\"line-height:normal\"><span style=\"font-family:Calibri,sans-serif\"><a href=\"https:\/\/blogdoibre.fgv.br\/posts\/datacao-dos-ciclos-economicos-brasileiros-de-1970-2023\" style=\"color:blue; text-decoration:underline\"><span style=\"font-size:14.0pt\">A data&ccedil;&atilde;o dos ciclos econ&ocirc;micos brasileiros de 1970 a 2023<\/span><\/a><\/span><\/span><\/span><\/p>\r\n\r\n<p style=\"text-align:justify\"><img src=\"https:\/\/www.abint.org.br\/assets\/img\/editor\/redes-sociais-abint-ctg-cth_20240425174955eB77wPFtTO.jpg\" \/><span style=\"font-size:11pt\"><span style=\"line-height:normal\"><span style=\"font-family:Calibri,sans-serif\"> <\/span><\/span><\/span><\/p>\r\n<\/div>\r\n","6":"<p>Esta &eacute; uma compila&ccedil;&atilde;o das not&iacute;cias mais relevantes para o setor, incluindo informa&ccedil;&otilde;es sobre acordos internacionais, economia brasileira, sustentabilidade e mat&eacute;rias primas, al&eacute;m de novidades do setor de N&atilde;otecidos e Tecidos T&eacute;cnicos.<\/p>\r\n\r\n<p class=\"titulo-novidade\" style=\"text-align:start; margin-bottom:50px\"><span style=\"font-size:18px\"><span style=\"box-sizing:border-box\"><span condensed=\"\" roboto=\"\" style=\"font-family:\"><span style=\"font-weight:400\"><span style=\"color:#313f48\"><span style=\"font-style:normal\"><span style=\"font-variant-ligatures:normal\"><span style=\"white-space:normal\"><span style=\"background-color:#ffffff\"><span style=\"text-decoration-thickness:initial\"><span style=\"text-decoration-style:initial\"><span style=\"text-decoration-color:initial\"><span style=\"box-sizing:border-box\"><span style=\"line-height:1.5\"><span style=\"font-size:28pt\"><span style=\"box-sizing:border-box\"><span style=\"box-sizing:border-box\"><span style=\"font-family:Cambria, serif\"><span style=\"box-sizing:border-box\"><span style=\"letter-spacing:-0.5pt\"><b style=\"box-sizing:border-box; font-weight:bolder\"><span style=\"font-size:18pt\"><span style=\"box-sizing:border-box\"><span style=\"box-sizing:border-box\"><span style=\"font-family:Calibri, sans-serif\"><span style=\"box-sizing:border-box\"><span style=\"font-variant:small-caps\">O que vem por a&iacute;<\/span><\/span><\/span><\/span><\/span><\/span><\/b><\/span><\/span><\/span><\/span><\/span><\/span><\/span><\/span><\/span><\/span><\/span><\/span><\/span><\/span><\/span><\/span><\/span><\/span><\/span><\/span><\/p>\r\n\r\n<div class=\"texto-novidade\" style=\"width:800px; padding:0px; text-align:start\">\r\n<p style=\"text-align:justify; margin-bottom:20px\"><span style=\"font-size:18px\"><span style=\"box-sizing:border-box\"><span condensed=\"\" roboto=\"\" style=\"font-family:\"><span style=\"font-weight:400\"><span style=\"color:#313f48\"><span style=\"font-style:normal\"><span style=\"font-variant-ligatures:normal\"><span style=\"white-space:normal\"><span style=\"background-color:#ffffff\"><span style=\"text-decoration-thickness:initial\"><span style=\"text-decoration-style:initial\"><span style=\"text-decoration-color:initial\"><span style=\"box-sizing:border-box\"><span style=\"line-height:1.5\"><span style=\"font-size:28pt\"><span style=\"box-sizing:border-box\"><span style=\"box-sizing:border-box\"><span style=\"font-family:Cambria, serif\"><span style=\"box-sizing:border-box\"><span style=\"letter-spacing:-0.5pt\"><b style=\"box-sizing:border-box; font-weight:bolder\"><span style=\"font-size:18pt\"><span style=\"box-sizing:border-box\"><span style=\"box-sizing:border-box\"><span style=\"font-family:Calibri, sans-serif\"><span style=\"box-sizing:border-box\"><span style=\"font-variant:small-caps\"><img src=\"https:\/\/www.abint.org.br\/assets\/img\/editor\/logo-ctg-abint-png_20240425174239hw1Wgzu7yn.png\" style=\"box-sizing:border-box; border-style:none; width:300px; height:55px\" \/><\/span><\/span><\/span><\/span><\/span><\/span><\/b><\/span><\/span><\/span><\/span><\/span><\/span><\/span><\/span><\/span><\/span><\/span><\/span><\/span><\/span><\/span><\/span><\/span><\/span><\/span><\/span><\/p>\r\n\r\n<p style=\"text-align:justify; margin-bottom:20px\"><span style=\"font-size:18px\"><span style=\"box-sizing:border-box\"><span condensed=\"\" roboto=\"\" style=\"font-family:\"><span style=\"font-weight:400\"><span style=\"color:#313f48\"><span style=\"font-style:normal\"><span style=\"font-variant-ligatures:normal\"><span style=\"white-space:normal\"><span style=\"background-color:#ffffff\"><span style=\"text-decoration-thickness:initial\"><span style=\"text-decoration-style:initial\"><span style=\"text-decoration-color:initial\"><span style=\"box-sizing:border-box\"><span style=\"line-height:1.5\"><span style=\"font-size:28pt\"><span style=\"box-sizing:border-box\"><span style=\"box-sizing:border-box\"><span style=\"font-family:Cambria, serif\"><span style=\"box-sizing:border-box\"><span style=\"letter-spacing:-0.5pt\"><b style=\"box-sizing:border-box; font-weight:bolder\"><span style=\"font-size:18pt\"><span style=\"box-sizing:border-box\"><span style=\"box-sizing:border-box\"><span style=\"font-family:Calibri, sans-serif\"><span style=\"box-sizing:border-box\"><span style=\"font-variant:small-caps\"><img src=\"https:\/\/www.abint.org.br\/assets\/img\/editor\/20240924-cobramseg-2024_20240425174307bACkUm1BvK.png\" style=\"box-sizing:border-box; border-style:none\" \/><\/span><\/span><\/span><\/span><\/span><\/span><\/b><\/span><\/span><\/span><\/span><\/span><\/span><\/span><\/span><\/span><\/span><\/span><\/span><\/span><\/span><\/span><\/span><\/span><\/span><\/span><\/span><\/p>\r\n\r\n<p style=\"text-align:justify; margin-bottom:20px\"><span style=\"font-size:18px\"><span style=\"box-sizing:border-box\"><span condensed=\"\" roboto=\"\" style=\"font-family:\"><span style=\"font-weight:400\"><span style=\"color:#313f48\"><span style=\"font-style:normal\"><span style=\"font-variant-ligatures:normal\"><span style=\"white-space:normal\"><span style=\"background-color:#ffffff\"><span style=\"text-decoration-thickness:initial\"><span style=\"text-decoration-style:initial\"><span style=\"text-decoration-color:initial\"><span style=\"box-sizing:border-box\"><span style=\"line-height:1.5\"><span style=\"font-size:11pt\"><span style=\"box-sizing:border-box\"><span style=\"box-sizing:border-box\"><span style=\"line-height:normal\"><span style=\"box-sizing:border-box\"><span style=\"font-family:Calibri, sans-serif\"><b style=\"box-sizing:border-box; font-weight:bolder\"><span style=\"font-size:14pt\"><span style=\"box-sizing:border-box\">O CTG ABINT &eacute; um dos patrocinadores da 21&ordf; edi&ccedil;&atilde;o do Cobramseg &ndash; Congresso Brasileiro de Mec&acirc;nica dos Solos e Engenharia Geot&eacute;cnica.<\/span><\/span><\/b><\/span><\/span><\/span><\/span><\/span><\/span><\/span><\/span><\/span><\/span><\/span><\/span><\/span><\/span><\/span><\/span><\/span><\/span><\/span><\/span><\/p>\r\n\r\n<p style=\"text-align:justify; margin-bottom:20px\"><span style=\"font-size:18px\"><span style=\"box-sizing:border-box\"><span condensed=\"\" roboto=\"\" style=\"font-family:\"><span style=\"font-weight:400\"><span style=\"color:#313f48\"><span style=\"font-style:normal\"><span style=\"font-variant-ligatures:normal\"><span style=\"white-space:normal\"><span style=\"background-color:#ffffff\"><span style=\"text-decoration-thickness:initial\"><span style=\"text-decoration-style:initial\"><span style=\"text-decoration-color:initial\"><span style=\"box-sizing:border-box\"><span style=\"line-height:1.5\"><span style=\"font-size:11pt\"><span style=\"box-sizing:border-box\"><span style=\"box-sizing:border-box\"><span style=\"line-height:normal\"><span style=\"box-sizing:border-box\"><span style=\"font-family:Calibri, sans-serif\"><span style=\"font-size:14pt\"><span style=\"box-sizing:border-box\">&ldquo;<i style=\"box-sizing:border-box\">Nos reunimos para celebrar a Mec&acirc;nica dos Solos e das Rochas, da GeoEngenharia! Academia, Ind&uacute;stria e &Oacute;rg&atilde;os Gestores unidos para expor seus avan&ccedil;os t&eacute;cnicos e cient&iacute;ficos. Um ambiente rico e diverso que nos permite debater solu&ccedil;&otilde;es e a&ccedil;&otilde;es de forma a fortalecer nossa comunidade geot&eacute;cnica, visando proporcionar um desenvolvimento mais sustent&aacute;vel e seguro para a nossa sociedade<\/i>.&rdquo; V&iacute;tor Pereira Faro, Presidente do COBRAMSEG 2024<\/span><\/span><\/span><\/span><\/span><\/span><\/span><\/span><\/span><\/span><\/span><\/span><\/span><\/span><\/span><\/span><\/span><\/span><\/span><\/span><\/span><\/span><\/p>\r\n\r\n<p style=\"text-align:justify; margin-bottom:20px\"><span style=\"font-size:18px\"><span style=\"box-sizing:border-box\"><span condensed=\"\" roboto=\"\" style=\"font-family:\"><span style=\"font-weight:400\"><span style=\"color:#313f48\"><span style=\"font-style:normal\"><span style=\"font-variant-ligatures:normal\"><span style=\"white-space:normal\"><span style=\"background-color:#ffffff\"><span style=\"text-decoration-thickness:initial\"><span style=\"text-decoration-style:initial\"><span style=\"text-decoration-color:initial\"><span style=\"box-sizing:border-box\"><span style=\"line-height:1.5\"><span style=\"font-size:11pt\"><span style=\"box-sizing:border-box\"><span style=\"box-sizing:border-box\"><span style=\"line-height:normal\"><span style=\"box-sizing:border-box\"><span style=\"font-family:Calibri, sans-serif\"><a href=\"http:\/\/www.cobramseg.com.br\/\" style=\"box-sizing:border-box; text-decoration:underline; color:blue; transition:color 0.3s ease 0s\"><span style=\"font-size:14pt\"><span style=\"box-sizing:border-box\">www.cobramseg.com.br<\/span><\/span><\/a><\/span><\/span><\/span><\/span><\/span><\/span><\/span><\/span><\/span><\/span><\/span><\/span><\/span><\/span><\/span><\/span><\/span><\/span><\/span><\/span><\/p>\r\n\r\n<p style=\"text-align:justify; margin-bottom:20px\"><span style=\"font-size:18px\"><span style=\"box-sizing:border-box\"><span condensed=\"\" roboto=\"\" style=\"font-family:\"><span style=\"font-weight:400\"><span style=\"color:#313f48\"><span style=\"font-style:normal\"><span style=\"font-variant-ligatures:normal\"><span style=\"white-space:normal\"><span style=\"background-color:#ffffff\"><span style=\"text-decoration-thickness:initial\"><span style=\"text-decoration-style:initial\"><span style=\"text-decoration-color:initial\"><span style=\"box-sizing:border-box\"><span style=\"line-height:1.5\">&nbsp;<\/span><\/span><\/span><\/span><\/span><\/span><\/span><\/span><\/span><\/span><\/span><\/span><\/span><\/span><\/p>\r\n\r\n<p style=\"text-align:justify; margin-bottom:20px\"><span style=\"font-size:18px\"><span style=\"box-sizing:border-box\"><span condensed=\"\" roboto=\"\" style=\"font-family:\"><span style=\"font-weight:400\"><span style=\"color:#313f48\"><span style=\"font-style:normal\"><span style=\"font-variant-ligatures:normal\"><span style=\"white-space:normal\"><span style=\"background-color:#ffffff\"><span style=\"text-decoration-thickness:initial\"><span style=\"text-decoration-style:initial\"><span style=\"text-decoration-color:initial\"><span style=\"box-sizing:border-box\"><span style=\"line-height:1.5\"><img src=\"https:\/\/www.abint.org.br\/assets\/img\/editor\/cth-logo-alta-png-2_202404251744227FHfqc9gX9.png\" style=\"box-sizing:border-box; border-style:none; max-width:100%; width:300px; height:68px; object-fit:contain\" \/><\/span><\/span><\/span><\/span><\/span><\/span><\/span><\/span><\/span><\/span><\/span><\/span><\/span><\/span><\/p>\r\n\r\n<p style=\"text-align:justify; margin-bottom:20px\"><span style=\"font-size:18px\"><span style=\"box-sizing:border-box\"><span condensed=\"\" roboto=\"\" style=\"font-family:\"><span style=\"font-weight:400\"><span style=\"color:#313f48\"><span style=\"font-style:normal\"><span style=\"font-variant-ligatures:normal\"><span style=\"white-space:normal\"><span style=\"background-color:#ffffff\"><span style=\"text-decoration-thickness:initial\"><span style=\"text-decoration-style:initial\"><span style=\"text-decoration-color:initial\"><span style=\"box-sizing:border-box\"><span style=\"line-height:1.5\"><img src=\"https:\/\/www.abint.org.br\/assets\/img\/editor\/hospitalmed-2024-logo_20240425174510L7JTUaSde5.png\" style=\"box-sizing:border-box; border-style:none; max-width:100%; width:500px; height:448px; object-fit:contain\" \/><\/span><\/span><\/span><\/span><\/span><\/span><\/span><\/span><\/span><\/span><\/span><\/span><\/span><\/span><\/p>\r\n\r\n<p style=\"text-align:justify; margin-bottom:20px\"><span style=\"font-size:18px\"><span style=\"box-sizing:border-box\"><span condensed=\"\" roboto=\"\" style=\"font-family:\"><span style=\"font-weight:400\"><span style=\"color:#313f48\"><span style=\"font-style:normal\"><span style=\"font-variant-ligatures:normal\"><span style=\"white-space:normal\"><span style=\"background-color:#ffffff\"><span style=\"text-decoration-thickness:initial\"><span style=\"text-decoration-style:initial\"><span style=\"text-decoration-color:initial\"><span style=\"box-sizing:border-box\"><span style=\"line-height:1.5\"><span style=\"font-size:11pt\"><span style=\"box-sizing:border-box\"><span style=\"box-sizing:border-box\"><span style=\"line-height:normal\"><span style=\"box-sizing:border-box\"><span style=\"font-family:Calibri, sans-serif\"><b style=\"box-sizing:border-box; font-weight:bolder\"><span style=\"font-size:12pt\"><span style=\"box-sizing:border-box\">O CTH ABINT &eacute; um dos patrocinadores da HospitalMed 2024.<\/span><\/span><\/b><\/span><\/span><\/span><\/span><\/span><\/span><\/span><\/span><\/span><\/span><\/span><\/span><\/span><\/span><\/span><\/span><\/span><\/span><\/span><\/span><\/p>\r\n\r\n<p style=\"text-align:justify; margin-bottom:20px\"><span style=\"font-size:18px\"><span style=\"box-sizing:border-box\"><span condensed=\"\" roboto=\"\" style=\"font-family:\"><span style=\"font-weight:400\"><span style=\"color:#313f48\"><span style=\"font-style:normal\"><span style=\"font-variant-ligatures:normal\"><span style=\"white-space:normal\"><span style=\"background-color:#ffffff\"><span style=\"text-decoration-thickness:initial\"><span style=\"text-decoration-style:initial\"><span style=\"text-decoration-color:initial\"><span style=\"box-sizing:border-box\"><span style=\"line-height:1.5\"><span style=\"font-size:11pt\"><span style=\"box-sizing:border-box\"><span style=\"box-sizing:border-box\"><span style=\"line-height:normal\"><span style=\"box-sizing:border-box\"><span style=\"font-family:Calibri, sans-serif\"><span style=\"font-size:12pt\"><span style=\"box-sizing:border-box\">&ldquo;<i style=\"box-sizing:border-box\">A melhor e Mais Completa Feira de Sa&uacute;de do Norte\/Nordeste<\/i>&rdquo;, &eacute; uma realiza&ccedil;&atilde;o da HospitalMed Feiras &amp; Eventos e da Insight Feiras de Neg&oacute;cios.<\/span><\/span><\/span><\/span><\/span><\/span><\/span><\/span><\/span><\/span><\/span><\/span><\/span><\/span><\/span><\/span><\/span><\/span><\/span><\/span><\/span><\/span><\/p>\r\n\r\n<p style=\"text-align:justify; margin-bottom:20px\"><span style=\"font-size:18px\"><span style=\"box-sizing:border-box\"><span condensed=\"\" roboto=\"\" style=\"font-family:\"><span style=\"font-weight:400\"><span style=\"color:#313f48\"><span style=\"font-style:normal\"><span style=\"font-variant-ligatures:normal\"><span style=\"white-space:normal\"><span style=\"background-color:#ffffff\"><span style=\"text-decoration-thickness:initial\"><span style=\"text-decoration-style:initial\"><span style=\"text-decoration-color:initial\"><span style=\"box-sizing:border-box\"><span style=\"line-height:1.5\"><span style=\"font-size:11pt\"><span style=\"box-sizing:border-box\"><span style=\"box-sizing:border-box\"><span style=\"line-height:normal\"><span style=\"box-sizing:border-box\"><span style=\"font-family:Calibri, sans-serif\"><i style=\"box-sizing:border-box\"><span style=\"font-size:12pt\"><span style=\"box-sizing:border-box\">&ldquo;O&nbsp;<b style=\"box-sizing:border-box; font-weight:bolder\">re&uacute;ne toda a cadeia produtiva do setor de sa&uacute;de das regi&otilde;es Norte\/Nordeste<\/b>. &Eacute; o grande encontro de fornecedores de Produtos, Equipamentos, Servi&ccedil;os, Tecnologia e Conte&uacute;do para Hospitais, Laborat&oacute;rios, Farm&aacute;cias, Cl&iacute;nicas, Consult&oacute;rios e Profissionais da Sa&uacute;de&rdquo;.<\/span><\/span><\/i><\/span><\/span><\/span><\/span><\/span><\/span><\/span><\/span><\/span><\/span><\/span><\/span><\/span><\/span><\/span><\/span><\/span><\/span><\/span><\/span><\/p>\r\n\r\n<p style=\"text-align:justify; margin-bottom:20px\"><span style=\"font-size:18px\"><span style=\"box-sizing:border-box\"><span condensed=\"\" roboto=\"\" style=\"font-family:\"><span style=\"font-weight:400\"><span style=\"color:#313f48\"><span style=\"font-style:normal\"><span style=\"font-variant-ligatures:normal\"><span style=\"white-space:normal\"><span style=\"background-color:#ffffff\"><span style=\"text-decoration-thickness:initial\"><span style=\"text-decoration-style:initial\"><span style=\"text-decoration-color:initial\"><span style=\"box-sizing:border-box\"><span style=\"line-height:1.5\"><span style=\"font-size:11pt\"><span style=\"box-sizing:border-box\"><span style=\"box-sizing:border-box\"><span style=\"line-height:16.8667px\"><span style=\"box-sizing:border-box\"><span style=\"font-family:Calibri, sans-serif\"><a href=\"http:\/\/www.hospitalmed.com.br\/\" style=\"box-sizing:border-box; text-decoration:underline; color:blue; transition:color 0.3s ease 0s\"><span style=\"font-size:14pt\"><span style=\"box-sizing:border-box\"><span style=\"box-sizing:border-box\"><span style=\"line-height:21.4667px\">www.hospitalmed.com.br<\/span><\/span><\/span><\/span><\/a><\/span><\/span><\/span><\/span><\/span><\/span><\/span><\/span><\/span><\/span><\/span><\/span><\/span><\/span><\/span><\/span><\/span><\/span><\/span><\/span><\/p>\r\n\r\n<p class=\"MsoTitle\" style=\"text-align:justify; margin-bottom:20px\"><span style=\"font-size:18px\"><span style=\"box-sizing:border-box\"><span condensed=\"\" roboto=\"\" style=\"font-family:\"><span style=\"font-weight:400\"><span style=\"color:#313f48\"><span style=\"font-style:normal\"><span style=\"font-variant-ligatures:normal\"><span style=\"white-space:normal\"><span style=\"background-color:#ffffff\"><span style=\"text-decoration-thickness:initial\"><span style=\"text-decoration-style:initial\"><span style=\"text-decoration-color:initial\"><span style=\"box-sizing:border-box\"><span style=\"line-height:1.5\"><span style=\"font-size:28pt\"><span style=\"box-sizing:border-box\"><span style=\"box-sizing:border-box\"><span style=\"font-family:Cambria, serif\"><span style=\"box-sizing:border-box\"><span style=\"letter-spacing:-0.5pt\"><b style=\"box-sizing:border-box; font-weight:bolder\"><span style=\"font-size:18pt\"><span style=\"box-sizing:border-box\"><span style=\"box-sizing:border-box\"><span style=\"font-family:Calibri, sans-serif\"><span style=\"box-sizing:border-box\"><span style=\"font-variant:small-caps\">Not&iacute;cias das Associadas<\/span><\/span><\/span><\/span><\/span><\/span><\/b><\/span><\/span><\/span><\/span><\/span><\/span><\/span><\/span><\/span><\/span><\/span><\/span><\/span><\/span><\/span><\/span><\/span><\/span><\/span><\/span><\/p>\r\n\r\n<p style=\"text-align:justify\"><span style=\"font-size:11pt\"><span style=\"line-height:normal\"><span style=\"font-family:Calibri,sans-serif\"><a href=\"https:\/\/revistanews.com.br\/2024\/04\/24\/cipatex-anuncia-nova-linha-facto-premium-para-moveis-e-decoracao\/\" style=\"color:blue; text-decoration:underline\"><span style=\"font-size:14.0pt\">Cipatex&reg; lan&ccedil;a nova linha Facto Premium para m&oacute;veis e decora&ccedil;&atilde;o<\/span><\/a><\/span><\/span><\/span><\/p>\r\n\r\n<p style=\"text-align:justify\"><span style=\"font-size:11pt\"><span style=\"line-height:normal\"><span style=\"font-family:Calibri,sans-serif\"><a href=\"https:\/\/www.textileworld.com\/textile-world\/nonwovens-technical-textiles\/2024\/04\/andritz-production-line-for-biodegradable-wipes-starts-up-at-teknomelt-turkiye\/\" style=\"color:blue; text-decoration:underline\"><span lang=\"EN-US\" style=\"font-size:14.0pt\">ANDRITZ Production Line For Biodegradable Wipes Starts Up At Teknomelt, T&uuml;rkiye<\/span><\/a><\/span><\/span><\/span><\/p>\r\n\r\n<p style=\"text-align:justify\">&nbsp;<\/p>\r\n\r\n<p style=\"text-align:justify\"><span style=\"font-size:18px\"><span style=\"box-sizing:border-box\"><span condensed=\"\" roboto=\"\" style=\"font-family:\"><span style=\"font-weight:400\"><span style=\"color:#313f48\"><span style=\"font-style:normal\"><span style=\"font-variant-ligatures:normal\"><span style=\"white-space:normal\"><span style=\"background-color:#ffffff\"><span style=\"text-decoration-thickness:initial\"><span style=\"text-decoration-style:initial\"><span style=\"text-decoration-color:initial\"><span style=\"box-sizing:border-box\"><span style=\"line-height:1.5\"><span style=\"font-size:11pt\"><span style=\"box-sizing:border-box\"><span style=\"box-sizing:border-box\"><span style=\"line-height:normal\"><span style=\"box-sizing:border-box\"><span style=\"font-family:Calibri, sans-serif\"><b style=\"box-sizing:border-box; font-weight:bolder\"><span style=\"font-size:18pt\"><span style=\"box-sizing:border-box\"><span style=\"box-sizing:border-box\"><span style=\"font-variant:small-caps\">Eventos<\/span><\/span><\/span><\/span><\/b><\/span><\/span><\/span><\/span><\/span><\/span><\/span><\/span><\/span><\/span><\/span><\/span><\/span><\/span><\/span><\/span><\/span><\/span><\/span><\/span><\/p>\r\n\r\n<p style=\"text-align:justify; margin-bottom:20px\"><span style=\"font-size:18px\"><span style=\"box-sizing:border-box\"><span condensed=\"\" roboto=\"\" style=\"font-family:\"><span style=\"font-weight:400\"><span style=\"color:#313f48\"><span style=\"font-style:normal\"><span style=\"font-variant-ligatures:normal\"><span style=\"white-space:normal\"><span style=\"background-color:#ffffff\"><span style=\"text-decoration-thickness:initial\"><span style=\"text-decoration-style:initial\"><span style=\"text-decoration-color:initial\"><span style=\"box-sizing:border-box\"><span style=\"line-height:1.5\"><span style=\"font-size:11pt\"><span style=\"box-sizing:border-box\"><span style=\"box-sizing:border-box\"><span style=\"line-height:normal\"><span style=\"box-sizing:border-box\"><span style=\"font-family:Calibri, sans-serif\"><b style=\"box-sizing:border-box; font-weight:bolder\"><span style=\"font-size:14pt\"><span style=\"box-sizing:border-box\">GEOAMERICAS 2024,&nbsp;<\/span><\/span><\/b><span style=\"font-size:14pt\"><span style=\"box-sizing:border-box\">de 28 de abril a 01 de maio de 2024, em Toronto (Canad&aacute;).&nbsp;<\/span><\/span><a href=\"https:\/\/www.geoamericas2024.org\/\" style=\"box-sizing:border-box; text-decoration:underline; color:blue; transition:color 0.3s ease 0s\"><span style=\"font-size:14pt\"><span style=\"box-sizing:border-box\">Informa&ccedil;&otilde;es aqui.<\/span><\/span><\/a><\/span><\/span><\/span><\/span><\/span><\/span><\/span><\/span><\/span><\/span><\/span><\/span><\/span><\/span><\/span><\/span><\/span><\/span><\/span><\/span><\/p>\r\n\r\n<p style=\"text-align:justify; margin-bottom:20px\"><span style=\"font-size:18px\"><span style=\"box-sizing:border-box\"><span condensed=\"\" roboto=\"\" style=\"font-family:\"><span style=\"font-weight:400\"><span style=\"color:#313f48\"><span style=\"font-style:normal\"><span style=\"font-variant-ligatures:normal\"><span style=\"white-space:normal\"><span style=\"background-color:#ffffff\"><span style=\"text-decoration-thickness:initial\"><span style=\"text-decoration-style:initial\"><span style=\"text-decoration-color:initial\"><span style=\"box-sizing:border-box\"><span style=\"line-height:1.5\"><span style=\"font-size:11pt\"><span style=\"box-sizing:border-box\"><span style=\"box-sizing:border-box\"><span style=\"line-height:normal\"><span style=\"box-sizing:border-box\"><span style=\"font-family:Calibri, sans-serif\"><b style=\"box-sizing:border-box; font-weight:bolder\"><span style=\"font-size:14pt\"><span style=\"box-sizing:border-box\">FEIMEC &ndash; Feira Internacional de M&aacute;quinas e Equipamentos<\/span><\/span><\/b><span class=\"MsoHyperlink\" style=\"box-sizing:border-box\"><span style=\"color:blue\"><span style=\"box-sizing:border-box\"><span style=\"text-decoration:underline\"><span style=\"font-size:14pt\"><span style=\"box-sizing:border-box\"><span style=\"box-sizing:border-box\"><span style=\"text-decoration:none\"><span style=\"box-sizing:border-box\">,&nbsp;<\/span><\/span><\/span><\/span><\/span><\/span><\/span><\/span><\/span><span style=\"font-size:14pt\"><span style=\"box-sizing:border-box\">de 07 a 11 de maio, em S&atilde;o Paulo, SP<\/span><\/span>.&nbsp;<a href=\"https:\/\/www.feimec.com.br\/pt\/credenciamento.html?utm_source=google&amp;utm_medium=cpc&amp;utm_campaign=adsplay_credenciamento-nacional&amp;utm_content=search&amp;gad_source=1&amp;gclid=CjwKCAjwoPOwBhAeEiwAJuXRh7unoGd-fW2cbQEN167PXF_UYWUlcdMLJ49wARV3pl1rJuXKhNSXyBoCWiUQAvD_BwE\" style=\"box-sizing:border-box; text-decoration:underline; color:blue; transition:color 0.3s ease 0s\"><span style=\"font-size:14pt\"><span style=\"box-sizing:border-box\">Informa&ccedil;&otilde;es<\/span><\/span><\/a><\/span><\/span><\/span><\/span><\/span><\/span><\/span><\/span><\/span><\/span><\/span><\/span><\/span><\/span><\/span><\/span><\/span><\/span><\/span><\/span><\/p>\r\n\r\n<p style=\"text-align:justify; margin-bottom:20px\"><span style=\"font-size:18px\"><span style=\"box-sizing:border-box\"><span condensed=\"\" roboto=\"\" style=\"font-family:\"><span style=\"font-weight:400\"><span style=\"color:#313f48\"><span style=\"font-style:normal\"><span style=\"font-variant-ligatures:normal\"><span style=\"white-space:normal\"><span style=\"background-color:#ffffff\"><span style=\"text-decoration-thickness:initial\"><span style=\"text-decoration-style:initial\"><span style=\"text-decoration-color:initial\"><span style=\"box-sizing:border-box\"><span style=\"line-height:1.5\"><span style=\"font-size:11pt\"><span style=\"box-sizing:border-box\"><span style=\"box-sizing:border-box\"><span style=\"line-height:normal\"><span style=\"box-sizing:border-box\"><span style=\"font-family:Calibri, sans-serif\"><b style=\"box-sizing:border-box; font-weight:bolder\"><span style=\"font-size:14pt\"><span style=\"box-sizing:border-box\">II Congresso Ibero-Americano de Esteriliza&ccedil;&atilde;o e II Congresso Nacional de Reprocessamento de Dispositivos M&eacute;dicos<\/span><\/span><\/b><span style=\"font-size:14pt\"><span style=\"box-sizing:border-box\">, 16 a 18 de maio de 2024, Cartagena, Colombia<b style=\"box-sizing:border-box; font-weight:bolder\">.&nbsp;<\/b><\/span><\/span><a href=\"http:\/\/nascecme.com.br\/ii-congresso-ibero-americano-de-esterilizacao-e-ii-congresso-nacional-de-reprocessamento-de-dispositivos-medicos\/\" style=\"box-sizing:border-box; text-decoration:underline; color:blue; transition:color 0.3s ease 0s\"><span lang=\"EN-US\" style=\"font-size:14pt\"><span style=\"box-sizing:border-box\">Informa&ccedil;&otilde;es<\/span><\/span><\/a><\/span><\/span><\/span><\/span><\/span><\/span><\/span><\/span><\/span><\/span><\/span><\/span><\/span><\/span><\/span><\/span><\/span><\/span><\/span><\/span><\/p>\r\n\r\n<p style=\"text-align:justify; margin-bottom:20px\"><span style=\"font-size:18px\"><span style=\"box-sizing:border-box\"><span condensed=\"\" roboto=\"\" style=\"font-family:\"><span style=\"font-weight:400\"><span style=\"color:#313f48\"><span style=\"font-style:normal\"><span style=\"font-variant-ligatures:normal\"><span style=\"white-space:normal\"><span style=\"background-color:#ffffff\"><span style=\"text-decoration-thickness:initial\"><span style=\"text-decoration-style:initial\"><span style=\"text-decoration-color:initial\"><span style=\"box-sizing:border-box\"><span style=\"line-height:1.5\"><span style=\"font-size:11pt\"><span style=\"box-sizing:border-box\"><span style=\"box-sizing:border-box\"><span style=\"line-height:normal\"><span style=\"box-sizing:border-box\"><span style=\"font-family:Calibri, sans-serif\"><b style=\"box-sizing:border-box; font-weight:bolder\"><span lang=\"EN-US\" style=\"font-size:14pt\"><span style=\"box-sizing:border-box\">ANEX 2024 | Asia Nonwoven Exhibition and Conference<\/span><\/span><\/b><span lang=\"EN-US\" style=\"font-size:14pt\"><span style=\"box-sizing:border-box\">, 22-24 May 2024, Taipei Nangang Exhibition Center, Hall 1.&nbsp;<\/span><\/span><a href=\"https:\/\/www.anex2024.com\/\" style=\"box-sizing:border-box; text-decoration:underline; color:blue; transition:color 0.3s ease 0s\"><span lang=\"EN-US\" style=\"font-size:14pt\"><span style=\"box-sizing:border-box\">Information here<\/span><\/span><\/a><\/span><\/span><\/span><\/span><\/span><\/span><\/span><\/span><\/span><\/span><\/span><\/span><\/span><\/span><\/span><\/span><\/span><\/span><\/span><\/span><\/p>\r\n\r\n<p style=\"text-align:justify; margin-bottom:20px\"><span style=\"font-size:18px\"><span style=\"box-sizing:border-box\"><span condensed=\"\" roboto=\"\" style=\"font-family:\"><span style=\"font-weight:400\"><span style=\"color:#313f48\"><span style=\"font-style:normal\"><span style=\"font-variant-ligatures:normal\"><span style=\"white-space:normal\"><span style=\"background-color:#ffffff\"><span style=\"text-decoration-thickness:initial\"><span style=\"text-decoration-style:initial\"><span style=\"text-decoration-color:initial\"><span style=\"box-sizing:border-box\"><span style=\"line-height:1.5\">&nbsp;<\/span><\/span><\/span><\/span><\/span><\/span><\/span><\/span><\/span><\/span><\/span><\/span><\/span><\/span><span style=\"font-size:18px\"><span style=\"box-sizing:border-box\"><span condensed=\"\" roboto=\"\" style=\"font-family:\"><span style=\"font-weight:400\"><span style=\"color:#313f48\"><span style=\"font-style:normal\"><span style=\"font-variant-ligatures:normal\"><span style=\"white-space:normal\"><span style=\"background-color:#ffffff\"><span style=\"text-decoration-thickness:initial\"><span style=\"text-decoration-style:initial\"><span style=\"text-decoration-color:initial\"><span style=\"box-sizing:border-box\"><span style=\"line-height:1.5\"><span style=\"font-size:11pt\"><span style=\"box-sizing:border-box\"><span style=\"box-sizing:border-box\"><span style=\"line-height:normal\"><span style=\"box-sizing:border-box\"><span style=\"font-family:Calibri, sans-serif\"><span lang=\"EN-US\" style=\"font-size:14pt\"><span style=\"box-sizing:border-box\"><img src=\"https:\/\/www.abint.org.br\/assets\/img\/editor\/img-20240417-wa0014_20240425174656hVnQO5NpVL.jpg\" style=\"box-sizing:border-box; border-style:none; width:500px; height:500px\" \/><\/span><\/span><\/span><\/span><\/span><\/span><\/span><\/span><\/span><\/span><\/span><\/span><\/span><\/span><\/span><\/span><\/span><\/span><\/span><\/span><\/span><\/span><\/p>\r\n\r\n<p style=\"text-align:justify; margin-bottom:20px\"><span style=\"font-size:18px\"><span style=\"box-sizing:border-box\"><span condensed=\"\" roboto=\"\" style=\"font-family:\"><span style=\"font-weight:400\"><span style=\"color:#313f48\"><span style=\"font-style:normal\"><span style=\"font-variant-ligatures:normal\"><span style=\"white-space:normal\"><span style=\"background-color:#ffffff\"><span style=\"text-decoration-thickness:initial\"><span style=\"text-decoration-style:initial\"><span style=\"text-decoration-color:initial\"><span style=\"box-sizing:border-box\"><span style=\"line-height:1.5\"><span style=\"font-size:11pt\"><span style=\"box-sizing:border-box\"><span style=\"box-sizing:border-box\"><span style=\"line-height:normal\"><span style=\"box-sizing:border-box\"><span style=\"font-family:Calibri, sans-serif\"><a href=\"https:\/\/docs.google.com\/forms\/d\/e\/1FAIpQLSeG7zdl8xZpguBFbIdqyMS61mxfjvFjKOQ3EUqnWgC1RUcAug\/viewform\" style=\"box-sizing:border-box; text-decoration:underline; color:blue; transition:color 0.3s ease 0s\"><span style=\"font-size:14pt\"><span style=\"box-sizing:border-box\">INFORMA&Ccedil;&Otilde;ES E INSCRI&Ccedil;&Otilde;ES<\/span><\/span><\/a><\/span><\/span><\/span><\/span><\/span><\/span><\/span><\/span><\/span><\/span><\/span><\/span><\/span><\/span><\/span><\/span><\/span><\/span><\/span><\/span><\/p>\r\n\r\n<p style=\"text-align:justify; margin-bottom:20px\">&nbsp;<\/p>\r\n\r\n<p style=\"text-align:justify\"><span style=\"font-size:11pt\"><span style=\"line-height:normal\"><span style=\"font-family:Calibri,sans-serif\"><b><span style=\"font-size:14.0pt\">The EDANA Innovation Forum<\/span><\/b><span class=\"MsoHyperlink\" style=\"color:blue\"><span style=\"text-decoration:underline\"><span style=\"font-size:14.0pt\"><span style=\"text-decoration:none\"><span style=\"text-underline:none\">, <\/span><\/span><\/span><\/span><\/span><span style=\"font-size:14.0pt\">04 - 06 June 2024, Munich<\/span><span class=\"MsoHyperlink\" style=\"color:blue\"><span style=\"text-decoration:underline\"><span style=\"font-size:14.0pt\"><span style=\"text-decoration:none\"><span style=\"text-underline:none\">. <\/span><\/span><\/span><\/span><\/span><a href=\"https:\/\/www.edana.org\/events\/edana-innovation-forum-?ct=t(MENA_2018_call_for_papers6_28_2017_COPY_01)&amp;mc_cid=27efeab42f&amp;mc_eid=08e0eae351\" style=\"color:blue; text-decoration:underline\"><span lang=\"EN-US\" style=\"font-size:14.0pt\">Information here<\/span><\/a><\/span><\/span><\/span><\/p>\r\n\r\n<p style=\"text-align:justify\"><span style=\"font-size:11pt\"><span style=\"line-height:normal\"><span style=\"font-family:Calibri,sans-serif\"><b><span lang=\"EN-US\" style=\"font-size:14.0pt\">HIGITEX 2024 | International Technical Textiles &amp; Nonwoven Exhibition<\/span><\/b><span lang=\"EN-US\" style=\"font-size:14.0pt\">, 4-8 June 2024, T&uuml;yap Fair Convention and Congress Center, T&uuml;rkiye. <\/span><a href=\"https:\/\/www.hightex.com.tr\/\" style=\"color:blue; text-decoration:underline\"><span style=\"font-size:14.0pt\">Information here<\/span><\/a> <\/span><\/span><\/span><\/p>\r\n\r\n<p style=\"text-align:justify\"><span style=\"font-size:11pt\"><span style=\"line-height:normal\"><span style=\"font-family:Calibri,sans-serif\"><b><span style=\"font-size:14.0pt\">Workshop | Plano de gerenciamento de res&iacute;duos s&oacute;lidos<\/span><\/b><span style=\"font-size:14.0pt\">, 06 de junho de 2024, evento online. <\/span><a href=\"https:\/\/app.rdstation.email\/mail\/5893d5d3-c08f-4bed-9b26-b4e2f8e26d87?utm_campaign=workshop_residuos_solidos&amp;utm_medium=email&amp;utm_source=RD+Station\" style=\"color:blue; text-decoration:underline\"><span style=\"font-size:14.0pt\">Inscri&ccedil;&otilde;es e informa&ccedil;&otilde;es aqui<\/span><\/a><\/span><\/span><\/span><\/p>\r\n\r\n<p style=\"text-align:justify\"><span style=\"font-size:11pt\"><span style=\"line-height:normal\"><span style=\"font-family:Calibri,sans-serif\"><b><span style=\"font-size:14.0pt\">AESabesp | O Mega Desafio Trazido Pela Nova Lei de Licita&ccedil;&otilde;es e Contratos - Lei 14133\/2021, <\/span><\/b><span style=\"font-size:14.0pt\">17 a 19 de junho de 2024, das 08h &agrave;s 17h, na sede da AESabesp, em S&atilde;o Paulo. <\/span><a href=\"https:\/\/send.neopixdmi.com\/index.php\/campaigns\/bt5255bhowca7\/web-version\/mh045xn88n9c0\" style=\"color:blue; text-decoration:underline\"><span style=\"font-size:14.0pt\">Informa&ccedil;&otilde;es e inscri&ccedil;&otilde;es aqui<\/span><\/a><\/span><\/span><\/span><\/p>\r\n\r\n<p style=\"text-align:justify\"><span style=\"font-size:11pt\"><span style=\"line-height:normal\"><span style=\"font-family:Calibri,sans-serif\"><b><span style=\"font-size:14.0pt\">IHI 2024 - 9&ordm; F&oacute;rum Latino-Americano de Qualidade e Seguran&ccedil;a na Sa&uacute;de<\/span><\/b><span style=\"font-size:14.0pt\">, 09 a 11 de julho de 2024, evento h&iacute;brido, Centro de Ensino e Pesquisa Albert Einstein, Campus Cec&iacute;lia e Abram Szajman, Rua Comendador Elias Jafet, 755, Morumbi, S&atilde;o Paulo\/SP. <\/span><a href=\"http:\/\/www.ihi.ensinoeinstein.com\/\" style=\"color:blue; text-decoration:underline\"><span style=\"font-size:14.0pt\">www.ihi.ensinoeinstein.com<\/span><\/a><span style=\"font-size:14.0pt\"> <\/span><\/span><\/span><\/span><\/p>\r\n\r\n<p style=\"text-align:justify\"><span style=\"font-size:11pt\"><span style=\"line-height:normal\"><span style=\"font-family:Calibri,sans-serif\"><b><span style=\"font-size:14.0pt\">Constru Nordeste<\/span><\/b><span style=\"font-size:14.0pt\">, 31 de julho a 02 de agosto de 2024, Centro de Conven&ccedil;&otilde;es Salvador, Bahia. <\/span><a href=\"http:\/\/www.construnordeste.com.br\" style=\"color:blue; text-decoration:underline\"><span style=\"font-size:14.0pt\">www.construnordeste.com.br<\/span><\/a> <\/span><\/span><\/span><\/p>\r\n\r\n<p style=\"text-align:justify\"><span style=\"font-size:11pt\"><span style=\"line-height:normal\"><span style=\"font-family:Calibri,sans-serif\"><b><span style=\"font-size:14.0pt\">FEIPLAR COMPOSITES &amp; FEIPUR &ndash; Feira e Congresso Internacionais de Composites, Poliuretano, Pl&aacute;sticos de Engenharia e Compostos Termopl&aacute;sticos<\/span><\/b><span style=\"font-size:14.0pt\">, 20 a 22 de agosto de 2024, S&atilde;o Paulo Expo (Pavilh&atilde;o 5), palestras: das 8h30 &agrave;s 18h, feira: das 13h &agrave;s 20h.<b> <\/b><\/span><a href=\"http:\/\/www.feiplar.com\" style=\"color:blue; text-decoration:underline\"><span style=\"font-size:14.0pt\">www.feiplar.com<\/span><\/a> <\/span><\/span><\/span><\/p>\r\n\r\n<p style=\"text-align:justify\"><span style=\"font-size:11pt\"><span style=\"line-height:normal\"><span style=\"font-family:Calibri,sans-serif\"><b><span style=\"font-size:14.0pt\">Fenasan 2024 &ndash; Feira Nacional de Saneamento e Meio Ambiente<\/span><\/b><span style=\"font-size:14.0pt\">, 22 a 24 de outubro de 2024, Pavilh&otilde;es Verde e Vermelho, Expo Center Norte, S&atilde;o Paulo SP. <\/span><a href=\"http:\/\/www.fenasan.com.br\" style=\"color:blue; text-decoration:underline\"><span style=\"font-size:14.0pt\">www.fenasan.com.br<\/span><\/a> <\/span><\/span><\/span><\/p>\r\n\r\n<p style=\"text-align:justify\"><span style=\"font-size:11pt\"><span style=\"line-height:normal\"><span style=\"font-family:Calibri,sans-serif\"><b><span style=\"font-size:14.0pt\">HospitalMed 2024<\/span><\/b><span style=\"font-size:14.0pt\">, 23 a 25 de outubro, das 14h &agrave;s 20h, no Pernambuco Centro de Conven&ccedil;&otilde;es. <\/span><a href=\"http:\/\/www.hospitalmed.com.br\" style=\"color:blue; text-decoration:underline\"><span style=\"font-size:14.0pt\">www.hospitalmed.com.br<\/span><\/a> <\/span><\/span><\/span><\/p>\r\n\r\n<p style=\"text-align:justify\"><span style=\"font-size:11pt\"><span style=\"line-height:normal\"><span style=\"font-family:Calibri,sans-serif\"><b><span style=\"font-size:14.0pt\">Congresso Internacional Abit 2024<\/span><\/b><span style=\"font-size:14.0pt\">, 30 e 31 de outubro, Salvador, Bahia. <\/span><a href=\"http:\/\/www.congressoabit.com.br\" style=\"color:blue; text-decoration:underline\"><span lang=\"EN-US\" style=\"font-size:14.0pt\">www.congressoabit.com.br<\/span><\/a> <\/span><\/span><\/span><\/p>\r\n\r\n<p style=\"text-align:justify\"><span style=\"font-size:28pt\"><span style=\"font-family:Cambria,serif\"><span style=\"letter-spacing:-0.5pt\"><b><span lang=\"EN-US\" style=\"font-size:18.0pt\"><span calibri=\"\" style=\"font-family:\"><span style=\"font-variant:small-caps\">Setor<\/span><\/span><\/span><\/b><\/span><\/span><\/span><\/p>\r\n\r\n<p style=\"text-align:justify\"><span style=\"font-size:11pt\"><span style=\"line-height:normal\"><span style=\"font-family:Calibri,sans-serif\"><a href=\"https:\/\/www.technicaltextile.net\/news\/inda-s-advocacy-summit-promotes-wippes-act-tariff-relief-294653.html\" style=\"color:blue; text-decoration:underline\"><span lang=\"EN-US\" style=\"font-size:14.0pt\">INDA&#39;s Advocacy Summit promotes WIPPES Act, tariff relief<\/span><\/a><\/span><\/span><\/span><\/p>\r\n\r\n<p style=\"text-align:justify\"><span style=\"font-size:11pt\"><span style=\"line-height:normal\"><span style=\"font-family:Calibri,sans-serif\"><a href=\"http:\/\/transmail.ftrans01.com\/ZLFABRI?id=29813=JR4CVQVdAAgCGFcHDQQCVwgEA1dXBQ1RUFYHWVxXVVhRVwMAA1UKDAVXAlUPAgdVD1RNVwQPV0chAARRChIZVhQFHAdFGAkOAFcLDg9YV1wMVAMCU14OTwkVEkheSRhNFANcFloFUVUfAkdFWQ8SVAlLUlkLSWN\/JyAkai1ZXl0aFAE=&amp;fl=DhZGFQ1LF05GEx1DXQIJClEGUFoSA0FHCA0DFgoDQxYIB0UWGBFLFEMBQFJZEwIMXRdCGwUUXFIVBEteBQRFUAVPRgpCB1AUQgFdRFcTTBNREVkbCwdaWwgPAxUIA1ZLCAtcAhpWAQ0GVgsZUBUMCA==\" style=\"color:blue; text-decoration:underline\"><span lang=\"EN-US\" style=\"font-size:14.0pt\">UK government to ban plastic-containing wet wipes by summer<\/span><\/a><\/span><\/span><\/span><\/p>\r\n\r\n<p style=\"text-align:justify\"><span style=\"font-size:11pt\"><span style=\"line-height:normal\"><span style=\"font-family:Calibri,sans-serif\"><a href=\"http:\/\/transmail.ftrans01.com\/ZLFABRI?id=29813=JR4CVQVdAAgCGAMBAVFTBw8AUlJVAgsAV1IDXgdUDw9fUAtcBwEAWwVcClRdV1NcDgZNVwQPV0chAARRChIZVhQFHAdFGAkOAFcLDg9YV1wMVAMCU14OTwkVEkheSRhNFANcFloFUVUfAkdFWQ8SVAlLUlkLSWN\/JyAkai1ZXl0aFAE=&amp;fl=DhZGFQ1LF05GEx1DXQIJClEGUFoSA0FHCA0DFgoDQxYIB0UWGAFcWF8FHlZIEQ0FTQFCGxMNFFQOFwNKCgtSVxJPQUhaC05cHBBcQFkTBRcVFV1XFRJQUEwHFF0BS0BQFgdBSAVdDA4AVx1fTAwN\" style=\"color:blue; text-decoration:underline\"><span lang=\"EN-US\" style=\"font-size:14.0pt\">EDANA applauds UK Government&#39;s move towards plastic-free wipes<\/span><\/a><\/span><\/span><\/span><\/p>\r\n\r\n<p style=\"text-align:justify\"><span style=\"font-size:11pt\"><span style=\"line-height:normal\"><span style=\"font-family:Calibri,sans-serif\"><a href=\"https:\/\/plasticosemrevista.com.br\/a-redoma-das-hortalicas\/\" style=\"color:blue; text-decoration:underline\"><span lang=\"EN-US\" style=\"font-size:14.0pt\">Mulching: A redoma das hortali&ccedil;as<\/span><\/a><\/span><\/span><\/span><\/p>\r\n\r\n<p style=\"text-align:justify\"><span style=\"font-size:11pt\"><span style=\"line-height:normal\"><span style=\"font-family:Calibri,sans-serif\"><a href=\"https:\/\/www.nonwovens-industry.com\/contents\/view_breaking-news\/2024-04-22\/unicharm-starts-selling-recycled-diaper\/15303\" style=\"color:blue; text-decoration:underline\"><span lang=\"EN-US\" style=\"font-size:14.0pt\">Unicharm Starts Selling Recycled Diaper<\/span><\/a><\/span><\/span><\/span><\/p>\r\n\r\n<p style=\"text-align:justify\"><span style=\"font-size:11pt\"><span style=\"line-height:normal\"><span style=\"font-family:Calibri,sans-serif\"><a href=\"https:\/\/plasticosemrevista.com.br\/pet-coca-cola-se-supera-em-garrafas-peso-pluma\/\" style=\"color:blue; text-decoration:underline\"><span style=\"font-size:14.0pt\">PET: Coca-Cola se supera em garrafas peso pluma<\/span><\/a><\/span><\/span><\/span><\/p>\r\n\r\n<p style=\"text-align:justify\"><span style=\"font-size:11pt\"><span style=\"line-height:normal\"><span style=\"font-family:Calibri,sans-serif\"><a href=\"https:\/\/plasticosemrevista.com.br\/quando-o-plastico-desabrocha\/\" style=\"color:blue; text-decoration:underline\"><span style=\"font-size:14.0pt\">Flex&iacute;veis no campo: Quando o pl&aacute;stico desabrocha<\/span><\/a><\/span><\/span><\/span><\/p>\r\n\r\n<p style=\"text-align:justify\"><span style=\"font-size:28pt\"><span style=\"font-family:Cambria,serif\"><span style=\"letter-spacing:-0.5pt\"><b><span style=\"font-size:18.0pt\"><span calibri=\"\" style=\"font-family:\"><span style=\"font-variant:small-caps\">Ind&uacute;stria<\/span><\/span><\/span><\/b><\/span><\/span><\/span><\/p>\r\n\r\n<p style=\"text-align:justify\"><span style=\"font-size:11pt\"><span style=\"line-height:normal\"><span style=\"font-family:Calibri,sans-serif\"><a href=\"https:\/\/noticias.portaldaindustria.com.br\/noticias\/economia\/substituicao-de-produtos-brasileiros-por-importados-prejudica-industria-nacional\/\" style=\"color:blue; text-decoration:underline\"><span style=\"font-size:14.0pt\">Substitui&ccedil;&atilde;o de produtos brasileiros por importados prejudica ind&uacute;stria nacional<\/span><\/a><\/span><\/span><\/span><\/p>\r\n\r\n<p style=\"text-align:justify\"><span style=\"font-size:11pt\"><span style=\"line-height:normal\"><span style=\"font-family:Calibri,sans-serif\"><a href=\"https:\/\/noticias.portaldaindustria.com.br\/noticias\/economia\/pequenas-industrias-estao-com-perspectivas-favoraveis-mostra-pesquisa-da-cni\/\" style=\"color:blue; text-decoration:underline\"><span style=\"font-size:14.0pt\">Pequenas ind&uacute;strias est&atilde;o com perspectivas favor&aacute;veis, mostra pesquisa da CNI<\/span><\/a><\/span><\/span><\/span><\/p>\r\n\r\n<p style=\"text-align:justify\"><span style=\"font-size:11pt\"><span style=\"line-height:normal\"><span style=\"font-family:Calibri,sans-serif\"><a href=\"https:\/\/www.infomoney.com.br\/economia\/confianca-da-construcao-cai-14-ponto-em-abril-para-952-pontos-aponta-fgv\/\" style=\"color:blue; text-decoration:underline\"><span style=\"font-size:14.0pt\">Confian&ccedil;a da constru&ccedil;&atilde;o cai&nbsp;1,4 ponto em abril, para 95,2 pontos, aponta FGV<\/span><\/a><\/span><\/span><\/span><\/p>\r\n\r\n<p style=\"text-align:justify\"><span style=\"font-size:11pt\"><span style=\"line-height:normal\"><span style=\"font-family:Calibri,sans-serif\"><a href=\"https:\/\/www.meiofiltrante.com.br\/Noticia\/123193\/abrafiltros--oferece-apoio-institucional-a-terceira-edicao-do-foragua\" style=\"color:blue; text-decoration:underline\"><span style=\"font-size:14.0pt\">ABRAFILTROS oferece apoio institucional &agrave; terceira edi&ccedil;&atilde;o do FOR&Aacute;GUA<\/span><\/a><\/span><\/span><\/span><\/p>\r\n\r\n<p class=\"MsoTitle\" style=\"text-align:justify\"><span style=\"font-size:28pt\"><span style=\"font-family:Cambria,serif\"><span style=\"letter-spacing:-0.5pt\"><b><span style=\"font-size:18.0pt\"><span calibri=\"\" style=\"font-family:\"><span style=\"font-variant:small-caps\">Sustentabilidade<\/span><\/span><\/span><\/b><\/span><\/span><\/span><\/p>\r\n\r\n<p style=\"text-align:justify\"><span style=\"font-size:11pt\"><span style=\"line-height:normal\"><span style=\"font-family:Calibri,sans-serif\"><a href=\"https:\/\/www.plastico.com.br\/produtos-de-consumo-adotam-pcr\/\" style=\"color:blue; text-decoration:underline\"><span style=\"font-size:14.0pt\">PCR &eacute; adotado em produtos de consumo<\/span><\/a><\/span><\/span><\/span><\/p>\r\n\r\n<p style=\"text-align:justify\"><span style=\"font-size:11pt\"><span style=\"line-height:normal\"><span style=\"font-family:Calibri,sans-serif\"><a href=\"https:\/\/www.revistaplasticosul.com.br\/industria-4-0\/novos-estudos-de-fornos-de-craqueamento-como-combate-as-alteracoes-climaticas\/\" style=\"color:blue; text-decoration:underline\"><span style=\"font-size:14.0pt\">Pol&iacute;meros: Novos estudos de fornos de craqueamento como iniciativa para o combate &agrave;s altera&ccedil;&otilde;es clim&aacute;ticas<\/span><\/a><\/span><\/span><\/span><\/p>\r\n\r\n<p style=\"text-align:justify\"><span style=\"font-size:11pt\"><span style=\"line-height:normal\"><span style=\"font-family:Calibri,sans-serif\"><a href=\"https:\/\/www.dw.com\/pt-br\/estudo-cinco-multinacionais-produzem-12-do-lixo-pl%C3%A1stico\/a-68934201\" style=\"color:blue; text-decoration:underline\"><span style=\"font-size:14.0pt\">Estudo: cinco multinacionais produzem 12% do lixo pl&aacute;stico<\/span><\/a><\/span><\/span><\/span><\/p>\r\n\r\n<p style=\"text-align:justify\"><span style=\"font-size:11pt\"><span style=\"line-height:normal\"><span style=\"font-family:Calibri,sans-serif\"><a href=\"https:\/\/grandesconstrucoes.com.br\/Noticias\/Exibir\/a-sustentabilidade-contribui-para-o-crescimento-da-construcao-civil?utm_source=akna&amp;utm_medium=email&amp;utm_campaign=Grandes-Construcoes-Informativo-909-25-04-2024&amp;utm_source=akna&amp;utm_medium=email&amp;utm_campaign=Grandes-Construcoes-Informativo-909-25-04-2024\" style=\"color:blue; text-decoration:underline\"><span style=\"font-size:14.0pt\">A sustentabilidade contribui para o crescimento da constru&ccedil;&atilde;o civil<\/span><\/a><\/span><\/span><\/span><\/p>\r\n\r\n<p style=\"text-align:justify\"><span style=\"font-size:11pt\"><span style=\"line-height:normal\"><span style=\"font-family:Calibri,sans-serif\"><a href=\"https:\/\/www.revistaplasticosul.com.br\/sustentabilidade\/tratado-de-plasticos-abiplast-participa-de-sessao-do-inc-4\/\" style=\"color:blue; text-decoration:underline\"><span style=\"font-size:14.0pt\">Polui&ccedil;&atilde;o pl&aacute;stica: ABIPLAST participa de Sess&atilde;o do Comit&ecirc; Intergovernamental de Negocia&ccedil;&atilde;o (INC-4) sobre o Tratado de Pl&aacute;sticos<\/span><\/a><\/span><\/span><\/span><\/p>\r\n\r\n<p style=\"text-align:justify\"><span style=\"font-size:11pt\"><span style=\"line-height:normal\"><span style=\"font-family:Calibri,sans-serif\"><a href=\"https:\/\/phys.org\/news\/2024-04-g7-commit-plastic-production-french.html?utm_source=nwletter&amp;utm_medium=email&amp;utm_campaign=daily-nwletter\" style=\"color:blue; text-decoration:underline\"><span lang=\"EN-US\" style=\"font-size:14.0pt\">G7 to commit to reducing plastic production: French ministry<\/span><\/a><\/span><\/span><\/span><\/p>\r\n\r\n<p style=\"text-align:justify\"><span style=\"font-size:11pt\"><span style=\"line-height:normal\"><span style=\"font-family:Calibri,sans-serif\"><a href=\"https:\/\/phys.org\/news\/2024-04-eggshell-bioplastic-pellet-sustainable-alternative.html?utm_source=nwletter&amp;utm_medium=email&amp;utm_campaign=daily-nwletter\" style=\"color:blue; text-decoration:underline\"><span lang=\"EN-US\" style=\"font-size:14.0pt\">Researchers develop eggshell &#39;bioplastic&#39; pellet as sustainable alternative to plastic<\/span><\/a><\/span><\/span><\/span><\/p>\r\n\r\n<p style=\"text-align:justify\"><span style=\"font-size:11pt\"><span style=\"line-height:normal\"><span style=\"font-family:Calibri,sans-serif\"><a href=\"https:\/\/mercadoeconsumo.com.br\/29\/04\/2024\/noticias-varejo\/riachuelo-lanca-colecao-circular-feita-a-partir-de-residuos-texteis\/?utm_campaign=news_-_2904_geral&amp;utm_medium=email&amp;utm_source=RD+Station\" style=\"color:blue; text-decoration:underline\"><span style=\"font-size:14.0pt\">Riachuelo lan&ccedil;a cole&ccedil;&atilde;o circular feita a partir de res&iacute;duos t&ecirc;xteis<\/span><\/a><\/span><\/span><\/span><\/p>\r\n\r\n<p class=\"MsoTitle\" style=\"text-align:justify\"><span style=\"font-size:28pt\"><span style=\"font-family:Cambria,serif\"><span style=\"letter-spacing:-0.5pt\"><b><span lang=\"EN-US\" style=\"font-size:18.0pt\"><span calibri=\"\" style=\"font-family:\"><span style=\"font-variant:small-caps\">Inova&ccedil;&atilde;o<\/span><\/span><\/span><\/b><\/span><\/span><\/span><\/p>\r\n\r\n<p style=\"text-align:justify\"><span style=\"font-size:11pt\"><span style=\"line-height:normal\"><span style=\"font-family:Calibri,sans-serif\"><a href=\"https:\/\/medicalxpress.com\/news\/2024-04-microplastic-free-transparent-mask.html\" style=\"color:blue; text-decoration:underline\"><span lang=\"EN-US\" style=\"font-size:14.0pt\">Researchers develop microplastic-free transparent mask<\/span><\/a><\/span><\/span><\/span><\/p>\r\n\r\n<p style=\"text-align:justify\"><span style=\"font-size:11pt\"><span style=\"line-height:normal\"><span style=\"font-family:Calibri,sans-serif\"><a href=\"https:\/\/economiasc.com\/2024\/04\/26\/sustentabilidade-e-inovacao-impulsionam-a-industria-textil\/\" style=\"color:blue; text-decoration:underline\"><span style=\"font-size:14.0pt\">Sustentabilidade e inova&ccedil;&atilde;o impulsionam a ind&uacute;stria t&ecirc;xtil<\/span><\/a><\/span><\/span><\/span><\/p>\r\n\r\n<p style=\"text-align:justify\"><span style=\"font-size:11pt\"><span style=\"line-height:normal\"><span style=\"font-family:Calibri,sans-serif\"><a href=\"https:\/\/noticias.portaldaindustria.com.br\/noticias\/inovacao-e-tecnologia\/brasil-mais-produtivo-tera-giro-pelo-brasil-a-partir-de-maio-para-engajar-empresas\/\" style=\"color:blue; text-decoration:underline\"><span style=\"font-size:14.0pt\">Inova&ccedil;&atilde;o e competitividade: Brasil Mais Produtivo ter&aacute; giro pelo Brasil a partir de maio para engajar empresas<\/span><\/a><\/span><\/span><\/span><\/p>\r\n\r\n<p style=\"text-align:justify\"><span style=\"font-size:11pt\"><span style=\"line-height:normal\"><span style=\"font-family:Calibri,sans-serif\"><a href=\"https:\/\/www.technicaltextile.net\/news\/uk-researchers-develop-nanogenerators-for-smart-clothing-294686.html\" style=\"color:blue; text-decoration:underline\"><span lang=\"EN-US\" style=\"font-size:14.0pt\">UK researchers develop nanogenerators for smart clothing<\/span><\/a><\/span><\/span><\/span><\/p>\r\n\r\n<p class=\"MsoTitle\" style=\"text-align:justify\"><span style=\"font-size:28pt\"><span style=\"font-family:Cambria,serif\"><span style=\"letter-spacing:-0.5pt\"><b><span style=\"font-size:18.0pt\"><span calibri=\"\" style=\"font-family:\"><span style=\"font-variant:small-caps\">Com&eacute;rcio Exterior<\/span><\/span><\/span><\/b><\/span><\/span><\/span><\/p>\r\n\r\n<p style=\"text-align:justify\"><span style=\"font-size:11pt\"><span style=\"line-height:normal\"><span style=\"font-family:Calibri,sans-serif\"><a href=\"https:\/\/www.gov.br\/mdic\/pt-br\/assuntos\/noticias\/2024\/abril\/g20-e-b20-brasil-ampliam-debate-sobre-participacao-de-mulheres-no-comercio-exterior\" style=\"color:blue; text-decoration:underline\"><span style=\"font-size:14.0pt\">G20 e B20 Brasil ampliam debate sobre participa&ccedil;&atilde;o de mulheres no com&eacute;rcio exterior<\/span><\/a><\/span><\/span><\/span><\/p>\r\n\r\n<p style=\"text-align:justify\"><span style=\"font-size:11pt\"><span style=\"line-height:normal\"><span style=\"font-family:Calibri,sans-serif\"><a href=\"https:\/\/www.gov.br\/mdr\/pt-br\/noticias\/midr-participa-no-parana-de-encontro-com-paises-do-mercosul\" style=\"color:blue; text-decoration:underline\"><span style=\"font-size:14.0pt\">MIDR participa no Paran&aacute; de encontro com pa&iacute;ses do Mercosul<\/span><\/a><\/span><\/span><\/span><\/p>\r\n\r\n<p style=\"text-align:justify\"><span style=\"font-size:11pt\"><span style=\"line-height:normal\"><span style=\"font-family:Calibri,sans-serif\"><a href=\"https:\/\/www.bbc.com\/portuguese\/articles\/c72pdx8yrrpo\" style=\"color:blue; text-decoration:underline\"><span style=\"font-size:14.0pt\">Como Brasil foi chave para Am&eacute;rica Latina bater recorde de exporta&ccedil;&atilde;o para China em 2023<\/span><\/a><\/span><\/span><\/span><\/p>\r\n\r\n<p class=\"MsoTitle\" style=\"text-align:justify\"><span style=\"font-size:28pt\"><span style=\"font-family:Cambria,serif\"><span style=\"letter-spacing:-0.5pt\"><b><span style=\"font-size:18.0pt\"><span calibri=\"\" style=\"font-family:\"><span style=\"font-variant:small-caps\">Economia<\/span><\/span><\/span><\/b><\/span><\/span><\/span><\/p>\r\n\r\n<p style=\"text-align:justify\"><span style=\"font-size:11pt\"><span style=\"line-height:normal\"><span style=\"font-family:Calibri,sans-serif\"><a href=\"https:\/\/www.bcb.gov.br\/content\/focus\/focus\/R20240426.pdf\" style=\"color:blue; text-decoration:underline\"><span style=\"font-size:14.0pt\">Focus - Relat&oacute;rio de Mercado<\/span><\/a><\/span><\/span><\/span><\/p>\r\n\r\n<p style=\"text-align:justify\"><span style=\"font-size:11pt\"><span style=\"line-height:normal\"><span style=\"font-family:Calibri,sans-serif\"><a href=\"https:\/\/www.gazetadopovo.com.br\/economia\/governo-quer-cobrar-imposto-do-pecado-sobre-carro-refrigerante-petroleo-e-minerio\/\" style=\"color:blue; text-decoration:underline\"><span style=\"font-size:14.0pt\">Governo quer cobrar &ldquo;imposto do pecado&rdquo; sobre carro, refrigerante, petr&oacute;leo e min&eacute;rio<\/span><\/a><\/span><\/span><\/span><\/p>\r\n\r\n<p style=\"text-align:justify\"><span style=\"font-size:11pt\"><span style=\"line-height:normal\"><span style=\"font-family:Calibri,sans-serif\"><a href=\"https:\/\/portalibre.fgv.br\/system\/files\/2024-04\/indicador_de_incerteza_brasil_fgv_press-release_abr24.pdf\" style=\"color:blue; text-decoration:underline\"><span style=\"font-size:14.0pt\">N&iacute;vel de Incerteza no Brasil sobe, mas se mant&eacute;m em patamar favor&aacute;vel<\/span><\/a><\/span><\/span><\/span><\/p>\r\n\r\n<p style=\"text-align:justify\"><span style=\"font-size:11pt\"><span style=\"line-height:normal\"><span style=\"font-family:Calibri,sans-serif\"><a href=\"https:\/\/blogdoibre.fgv.br\/posts\/perspectivas-negativas-do-crescimento-global\" style=\"color:blue; text-decoration:underline\"><span style=\"font-size:14.0pt\">Perspectivas negativas do crescimento global<\/span><\/a><\/span><\/span><\/span><\/p>\r\n\r\n<p style=\"text-align:justify\"><span style=\"font-size:11pt\"><span style=\"line-height:normal\"><span style=\"font-family:Calibri,sans-serif\"><a href=\"https:\/\/blogdoibre.fgv.br\/posts\/datacao-dos-ciclos-economicos-brasileiros-de-1970-2023\" style=\"color:blue; text-decoration:underline\"><span style=\"font-size:14.0pt\">A data&ccedil;&atilde;o dos ciclos econ&ocirc;micos brasileiros de 1970 a 2023<\/span><\/a><\/span><\/span><\/span><\/p>\r\n\r\n<p style=\"text-align:justify\"><img src=\"https:\/\/www.abint.org.br\/assets\/img\/editor\/redes-sociais-abint-ctg-cth_20240425174955eB77wPFtTO.jpg\" \/><span style=\"font-size:11pt\"><span style=\"line-height:normal\"><span style=\"font-family:Calibri,sans-serif\"> <\/span><\/span><\/span><\/p>\r\n<\/div>\r\n","texto_en":"","7":"","imagem":"COMP_capa-2024-site-boletim-abint-noticias-semanis_20240430184349kCImEb7hSM.jpg","8":"COMP_capa-2024-site-boletim-abint-noticias-semanis_20240430184349kCImEb7hSM.jpg","arquivo":"20240430-BOLETIM-ABINT-DE-NOTICIAS-SEMANAIS.PDF","9":"20240430-BOLETIM-ABINT-DE-NOTICIAS-SEMANAIS.PDF","titulo_arquivo":"20240430 Boletim ABINT de Not\u00edcias Semanais","10":"20240430 Boletim ABINT de Not\u00edcias Semanais","titulo_arquivo_en":"","11":"","created_at":"2024-04-30 18:43:58","12":"2024-04-30 18:43:58","updated_at":"2024-04-30 18:44:40","13":"2024-04-30 18:44:40"},{"id":115,"0":115,"ordem":108,"1":108,"data":"2024-04-25","2":"2024-04-25","slug":"boletim-abint-de-noticias-semanais-27","3":"boletim-abint-de-noticias-semanais-27","titulo":"Boletim ABINT de Not\u00edcias Semanais","4":"Boletim ABINT de Not\u00edcias Semanais","titulo_en":"","5":"","texto":"<p style=\"text-align:justify\"><span style=\"font-size:11pt\"><span style=\"line-height:normal\"><span style=\"font-family:Calibri,sans-serif\"><span style=\"font-size:14.0pt\">Esta &eacute; uma compila&ccedil;&atilde;o das not&iacute;cias mais relevantes para o setor, incluindo informa&ccedil;&otilde;es sobre acordos internacionais, economia brasileira, sustentabilidade e mat&eacute;rias primas, al&eacute;m de novidades do setor de N&atilde;otecidos e Tecidos T&eacute;cnicos.<\/span><\/span><\/span><\/span><\/p>\r\n\r\n<p style=\"text-align:justify\"><span style=\"font-size:28pt\"><span style=\"font-family:Cambria,serif\"><span style=\"letter-spacing:-0.5pt\"><b><span style=\"font-size:18.0pt\"><span style=\"font-family:&quot;Calibri&quot;,sans-serif\"><span style=\"font-variant:small-caps\">O que vem por a&iacute;<\/span><\/span><\/span><\/b><\/span><\/span><\/span><\/p>\r\n\r\n<p style=\"text-align:justify\"><span style=\"font-size:28pt\"><span style=\"font-family:Cambria,serif\"><span style=\"letter-spacing:-0.5pt\"><b><span style=\"font-size:18.0pt\"><span style=\"font-family:&quot;Calibri&quot;,sans-serif\"><span style=\"font-variant:small-caps\"><img src=\"https:\/\/www.abint.org.br\/assets\/img\/editor\/logo-ctg-abint-png_20240425174239hw1Wgzu7yn.png\" style=\"width: 300px; height: 55px;\" \/><\/span><\/span><\/span><\/b><\/span><\/span><\/span><\/p>\r\n\r\n<p style=\"text-align:justify\"><span style=\"font-size:28pt\"><span style=\"font-family:Cambria,serif\"><span style=\"letter-spacing:-0.5pt\"><b><span style=\"font-size:18.0pt\"><span style=\"font-family:&quot;Calibri&quot;,sans-serif\"><span style=\"font-variant:small-caps\"><img src=\"https:\/\/www.abint.org.br\/assets\/img\/editor\/20240924-cobramseg-2024_20240425174307bACkUm1BvK.png\" \/><\/span><\/span><\/span><\/b><\/span><\/span><\/span><\/p>\r\n\r\n<p style=\"text-align:justify\"><span style=\"font-size:11pt\"><span style=\"line-height:normal\"><span style=\"font-family:Calibri,sans-serif\"><b><span style=\"font-size:14.0pt\">O CTG ABINT &eacute; um dos patrocinadores da 21&ordf; edi&ccedil;&atilde;o do Cobramseg &ndash; Congresso Brasileiro de Mec&acirc;nica dos Solos e Engenharia Geot&eacute;cnica.<\/span><\/b><\/span><\/span><\/span><\/p>\r\n\r\n<p style=\"text-align:justify\"><span style=\"font-size:11pt\"><span style=\"line-height:normal\"><span style=\"font-family:Calibri,sans-serif\"><span style=\"font-size:14.0pt\">&ldquo;<i>Nos reunimos para celebrar a Mec&acirc;nica dos Solos e das Rochas, da GeoEngenharia! Academia, Ind&uacute;stria e &Oacute;rg&atilde;os Gestores unidos para expor seus avan&ccedil;os t&eacute;cnicos e cient&iacute;ficos. Um ambiente rico e diverso que nos permite debater solu&ccedil;&otilde;es e a&ccedil;&otilde;es de forma a fortalecer nossa comunidade geot&eacute;cnica, visando proporcionar um desenvolvimento mais sustent&aacute;vel e seguro para a nossa sociedade<\/i>.&rdquo; V&iacute;tor Pereira Faro, Presidente do COBRAMSEG 2024<\/span><\/span><\/span><\/span><\/p>\r\n\r\n<p style=\"text-align:justify\"><span style=\"font-size:11pt\"><span style=\"line-height:normal\"><span style=\"font-family:Calibri,sans-serif\"><a href=\"http:\/\/www.cobramseg.com.br\" style=\"color:blue; text-decoration:underline\"><span style=\"font-size:14.0pt\">www.cobramseg.com.br<\/span><\/a> <\/span><\/span><\/span><\/p>\r\n\r\n<p style=\"text-align:justify\">&nbsp;<\/p>\r\n\r\n<p style=\"text-align:justify\"><img src=\"https:\/\/www.abint.org.br\/assets\/img\/editor\/cth-logo-alta-png-2_202404251744227FHfqc9gX9.png\" style=\"width: 300px; height: 68px;\" \/><\/p>\r\n\r\n<p style=\"text-align:justify\"><img src=\"https:\/\/www.abint.org.br\/assets\/img\/editor\/hospitalmed-2024-logo_20240425174510L7JTUaSde5.png\" style=\"width: 500px; height: 448px;\" \/><\/p>\r\n\r\n<p style=\"text-align:justify\"><span style=\"font-size:11pt\"><span style=\"line-height:normal\"><span style=\"font-family:Calibri,sans-serif\"><b><span style=\"font-size:12.0pt\">O CTH ABINT &eacute; um dos patrocinadores da HospitalMed 2024.<\/span><\/b><\/span><\/span><\/span><\/p>\r\n\r\n<p style=\"text-align:justify\"><span style=\"font-size:11pt\"><span style=\"line-height:normal\"><span style=\"font-family:Calibri,sans-serif\"><span style=\"font-size:12.0pt\">&ldquo;<i>A melhor e Mais Completa Feira de Sa&uacute;de do Norte\/Nordeste<\/i>&rdquo;, &eacute; uma realiza&ccedil;&atilde;o da HospitalMed Feiras &amp; Eventos e da Insight Feiras de Neg&oacute;cios.<\/span><\/span><\/span><\/span><\/p>\r\n\r\n<p style=\"text-align:justify\"><span style=\"font-size:11pt\"><span style=\"line-height:normal\"><span style=\"font-family:Calibri,sans-serif\"><i><span style=\"font-size:12.0pt\">&ldquo;O <b>re&uacute;ne toda a cadeia produtiva do setor de sa&uacute;de das regi&otilde;es Norte\/Nordeste<\/b>. &Eacute; o grande encontro de fornecedores de Produtos, Equipamentos, Servi&ccedil;os, Tecnologia e Conte&uacute;do para Hospitais, Laborat&oacute;rios, Farm&aacute;cias, Cl&iacute;nicas, Consult&oacute;rios e Profissionais da Sa&uacute;de&rdquo;.<\/span><\/i><\/span><\/span><\/span><\/p>\r\n\r\n<p style=\"text-align:justify\"><span style=\"font-size:11.0pt\"><span style=\"line-height:115%\"><span style=\"font-family:&quot;Calibri&quot;,sans-serif\"><a href=\"http:\/\/www.hospitalmed.com.br\" style=\"color:blue; text-decoration:underline\"><span style=\"font-size:14.0pt\"><span style=\"line-height:115%\">www.hospitalmed.com.br<\/span><\/span><\/a><\/span><\/span><\/span><\/p>\r\n\r\n<p class=\"MsoTitle\" style=\"text-align:justify\"><span style=\"font-size:28pt\"><span style=\"font-family:Cambria,serif\"><span style=\"letter-spacing:-0.5pt\"><b><span style=\"font-size:18.0pt\"><span style=\"font-family:&quot;Calibri&quot;,sans-serif\"><span style=\"font-variant:small-caps\">Not&iacute;cias das Associadas<\/span><\/span><\/span><\/b><\/span><\/span><\/span><\/p>\r\n\r\n<p style=\"text-align:justify\"><span style=\"font-size:11pt\"><span style=\"line-height:normal\"><span style=\"font-family:Calibri,sans-serif\"><a href=\"https:\/\/paranashop.com.br\/2024\/04\/metsa-group-colabora-com-a-andritz-em-estudo-preliminar-de-fabrica-de-fibras-texteis\" style=\"color:blue; text-decoration:underline\"><span style=\"font-size:14.0pt\">Mets&auml; Group colabora com a ANDRITZ em estudo preliminar de f&aacute;brica de fibras t&ecirc;xteis<\/span><\/a><\/span><\/span><\/span><\/p>\r\n\r\n<p style=\"text-align:justify\"><span style=\"font-size:11pt\"><span style=\"line-height:normal\"><span style=\"font-family:Calibri,sans-serif\"><a href=\"http:\/\/transmail.ftrans01.com\/ZLFABRI?id=29813=JR4CVQVdAAgCGAEBXFdZUQsGUAMDBQEHB1hRDgYEA1wCWgMBBQYPD1ddVgEMBAdcDlRNVwQPV0chAARRChIZVhQFHAdFGAkOAFcBDgtQV1ILXAMGUV8OTwkVEkheSRhNFANcFloFUVUfAkdFWQ8SVAlLUlkLSWN\/JyAkai1ZXl0aFAE=&amp;fl=DhZGFQ1LF05GEx1DXQIJClEGUFoSA0FHCA0DFgoDQxYIB0UWGAVWXUMNR00VFQ5JSBdURQMITR4IDwhXEgdDUBAHHwtYCk9WRwFdRBUSDghNEVhZCBUUUhVMB1YBHhpQCE9GBF4TWVccVgoDDVZVSlARXFo=\" style=\"color:blue; text-decoration:underline\" target=\"_blank\"><span lang=\"EN-US\" style=\"font-size:14.0pt\">Andritz to present innovative nonwovens solutions at ANEX in Taiwan <\/span><\/a><\/span><\/span><\/span><\/p>\r\n\r\n<p style=\"text-align:justify\"><span style=\"font-size:11pt\"><span style=\"line-height:normal\"><span style=\"font-family:Calibri,sans-serif\"><a href=\"https:\/\/www.technicaltextile.net\/news\/german-firm-freudenberg-s-sales-at-12-76-bn-in-fy23-294435.html\" style=\"color:blue; text-decoration:underline\"><span lang=\"EN-US\" style=\"font-size:14.0pt\">German firm Freudenberg&#39;s sales at $12.76 bn in FY23<\/span><\/a><\/span><\/span><\/span><\/p>\r\n\r\n<p style=\"text-align:justify\"><span style=\"font-size:11pt\"><span style=\"line-height:normal\"><span style=\"font-family:Calibri,sans-serif\"><a href=\"https:\/\/www.nonwovens-industry.com\/contents\/view_videos\/2024-04-19\/executive-talks-freudenberg-performance-materials-john-mcnabb?utm_campaign=NON+Live+From+Show&amp;utm_medium=email&amp;_hsenc=p2ANqtz-_QnbSex0g3OGxpVHEqUNMYN6xufY0BzvUGcmoWkqjXHLWAQ_meJ6orqNgrmq060WR_EAWltytTIuIZIhWFJbGk94P2gg&amp;_hsmi=303328838&amp;utm_content=303328838&amp;utm_source=hs_email\" style=\"color:blue; text-decoration:underline\"><span lang=\"EN-US\" style=\"font-size:14.0pt\">Executive Talks: Freudenberg Performance Materials&#39; John McNabb<\/span><\/a> <\/span><\/span><\/span><\/p>\r\n\r\n<p style=\"text-align:justify\"><span style=\"font-size:11pt\"><span style=\"line-height:normal\"><span style=\"font-family:Calibri,sans-serif\"><a href=\"https:\/\/www.sustainableplastics.com\/news\/indorama-ventures-evaluating-production-rotterdam-site\" style=\"color:blue; text-decoration:underline\"><span lang=\"EN-US\" style=\"font-size:14.0pt\">Indorama Ventures evaluating production at Rotterdam site<\/span><\/a><\/span><\/span><\/span><\/p>\r\n\r\n<p style=\"text-align:justify\"><span style=\"font-size:11pt\"><span style=\"line-height:normal\"><span style=\"font-family:Calibri,sans-serif\"><a href=\"https:\/\/www.nonwovens-industry.com\/live-from-shows\/techtextil\/2024-04-24\/trutzschler-exhibiting-at-techtextil?utm_campaign=NON+Live+From+Show&amp;utm_medium=email&amp;_hsenc=p2ANqtz--asg4ASsu96GVVlNO8MfezXGHmvaUtwgOqcUXpvAfV8yQH4nwKpRm3b7gK3pHtxu_DqdJg--4f8Uy8ktYV3e9H_GDdNA&amp;_hsmi=303996342&amp;utm_content=303996342&amp;utm_source=hs_email\" style=\"color:blue; text-decoration:underline\"><span style=\"font-size:14.0pt\">Tr&uuml;tzschler Exhibiting at Techtextil<\/span><\/a><\/span><\/span><\/span><\/p>\r\n\r\n<p style=\"text-align:justify\">&nbsp;<\/p>\r\n\r\n<p style=\"text-align:justify\"><span style=\"font-size:11pt\"><span style=\"line-height:normal\"><span style=\"font-family:Calibri,sans-serif\"><b><span style=\"font-size:18.0pt\"><span style=\"font-variant:small-caps\">Eventos<\/span><\/span><\/b><\/span><\/span><\/span><\/p>\r\n\r\n<p style=\"text-align:justify\"><span style=\"font-size:11pt\"><span style=\"line-height:normal\"><span style=\"font-family:Calibri,sans-serif\"><b><span style=\"font-size:14.0pt\">GEOAMERICAS 2024, <\/span><\/b><span style=\"font-size:14.0pt\">de 28 de abril a 01 de maio de 2024, em Toronto (Canad&aacute;). <\/span><a href=\"https:\/\/www.geoamericas2024.org\/\" style=\"color:blue; text-decoration:underline\"><span style=\"font-size:14.0pt\">Informa&ccedil;&otilde;es aqui.<\/span><\/a><\/span><\/span><\/span><\/p>\r\n\r\n<p style=\"text-align:justify\"><span style=\"font-size:11pt\"><span style=\"line-height:normal\"><span style=\"font-family:Calibri,sans-serif\"><b><span style=\"font-size:14.0pt\">FEIMEC &ndash; Feira Internacional de M&aacute;quinas e Equipamentos<\/span><\/b><span class=\"MsoHyperlink\" style=\"color:blue\"><span style=\"text-decoration:underline\"><span style=\"font-size:14.0pt\"><span style=\"text-decoration:none\"><span style=\"text-underline:none\">, <\/span><\/span><\/span><\/span><\/span><span style=\"font-size:14.0pt\">de 07 a 11 de maio, em S&atilde;o Paulo, SP<\/span>. <a href=\"https:\/\/www.feimec.com.br\/pt\/credenciamento.html?utm_source=google&amp;utm_medium=cpc&amp;utm_campaign=adsplay_credenciamento-nacional&amp;utm_content=search&amp;gad_source=1&amp;gclid=CjwKCAjwoPOwBhAeEiwAJuXRh7unoGd-fW2cbQEN167PXF_UYWUlcdMLJ49wARV3pl1rJuXKhNSXyBoCWiUQAvD_BwE\" style=\"color:blue; text-decoration:underline\"><span style=\"font-size:14.0pt\">Informa&ccedil;&otilde;es<\/span><\/a><\/span><\/span><\/span><\/p>\r\n\r\n<p style=\"text-align:justify\"><span style=\"font-size:11pt\"><span style=\"line-height:normal\"><span style=\"font-family:Calibri,sans-serif\"><b><span style=\"font-size:14.0pt\">II Congresso Ibero-Americano de Esteriliza&ccedil;&atilde;o e II Congresso Nacional de Reprocessamento de Dispositivos M&eacute;dicos<\/span><\/b><span style=\"font-size:14.0pt\">, 16 a 18 de maio de 2024, Cartagena, Colombia<b>. <\/b><\/span><a href=\"http:\/\/nascecme.com.br\/ii-congresso-ibero-americano-de-esterilizacao-e-ii-congresso-nacional-de-reprocessamento-de-dispositivos-medicos\/\" style=\"color:blue; text-decoration:underline\"><span lang=\"EN-US\" style=\"font-size:14.0pt\">Informa&ccedil;&otilde;es<\/span><\/a><span lang=\"EN-US\" style=\"font-size:14.0pt\"> <\/span><\/span><\/span><\/span><\/p>\r\n\r\n<p style=\"text-align:justify\"><span style=\"font-size:11pt\"><span style=\"line-height:normal\"><span style=\"font-family:Calibri,sans-serif\"><b><span lang=\"EN-US\" style=\"font-size:14.0pt\">ANEX 2024 | Asia Nonwoven Exhibition and Conference<\/span><\/b><span lang=\"EN-US\" style=\"font-size:14.0pt\">, 22-24 May 2024, Taipei Nangang Exhibition Center, Hall 1. <\/span><a href=\"https:\/\/www.anex2024.com\/\" style=\"color:blue; text-decoration:underline\"><span lang=\"EN-US\" style=\"font-size:14.0pt\">Information here<\/span><\/a> <\/span><\/span><\/span><\/p>\r\n\r\n<p style=\"text-align:justify\">&nbsp;<\/p>\r\n\r\n<p style=\"text-align:justify\"><span style=\"font-size:11pt\"><span style=\"line-height:normal\"><span style=\"font-family:Calibri,sans-serif\"><span lang=\"EN-US\" style=\"font-size:14.0pt\"><img src=\"https:\/\/www.abint.org.br\/assets\/img\/editor\/img-20240417-wa0014_20240425174656hVnQO5NpVL.jpg\" style=\"width: 500px; height: 500px;\" \/><\/span><\/span><\/span><\/span><\/p>\r\n\r\n<p style=\"text-align:justify\"><span style=\"font-size:11pt\"><span style=\"line-height:normal\"><span style=\"font-family:Calibri,sans-serif\"><a href=\"https:\/\/docs.google.com\/forms\/d\/e\/1FAIpQLSeG7zdl8xZpguBFbIdqyMS61mxfjvFjKOQ3EUqnWgC1RUcAug\/viewform\" style=\"color:blue; text-decoration:underline\"><span style=\"font-size:14.0pt\">INFORMA&Ccedil;&Otilde;ES E INSCRI&Ccedil;&Otilde;ES<\/span><\/a><\/span><\/span><\/span><\/p>\r\n\r\n<p style=\"text-align:justify\">&nbsp;<\/p>\r\n\r\n<p style=\"text-align:justify\"><span style=\"font-size:11pt\"><span style=\"line-height:normal\"><span style=\"font-family:Calibri,sans-serif\"><b><span style=\"font-size:14.0pt\">The EDANA Innovation Forum<\/span><\/b><span class=\"MsoHyperlink\" style=\"color:blue\"><span style=\"text-decoration:underline\"><span style=\"font-size:14.0pt\"><span style=\"text-decoration:none\"><span style=\"text-underline:none\">, <\/span><\/span><\/span><\/span><\/span><span style=\"font-size:14.0pt\">04 - 06 June 2024, Munich<\/span><span class=\"MsoHyperlink\" style=\"color:blue\"><span style=\"text-decoration:underline\"><span style=\"font-size:14.0pt\"><span style=\"text-decoration:none\"><span style=\"text-underline:none\">. <\/span><\/span><\/span><\/span><\/span><a href=\"https:\/\/www.edana.org\/events\/edana-innovation-forum-?ct=t(MENA_2018_call_for_papers6_28_2017_COPY_01)&amp;mc_cid=27efeab42f&amp;mc_eid=08e0eae351\" style=\"color:blue; text-decoration:underline\"><span lang=\"EN-US\" style=\"font-size:14.0pt\">Information here<\/span><\/a><\/span><\/span><\/span><\/p>\r\n\r\n<p style=\"text-align:justify\"><span style=\"font-size:11pt\"><span style=\"line-height:normal\"><span style=\"font-family:Calibri,sans-serif\"><b><span lang=\"EN-US\" style=\"font-size:14.0pt\">HIGITEX 2024 | International Technical Textiles &amp; Nonwoven Exhibition<\/span><\/b><span lang=\"EN-US\" style=\"font-size:14.0pt\">, 4-8 June 2024, T&uuml;yap Fair Convention and Congress Center, T&uuml;rkiye. <\/span><a href=\"https:\/\/www.hightex.com.tr\/\" style=\"color:blue; text-decoration:underline\"><span style=\"font-size:14.0pt\">Information here<\/span><\/a> <\/span><\/span><\/span><\/p>\r\n\r\n<p style=\"text-align:justify\"><span style=\"font-size:11pt\"><span style=\"line-height:normal\"><span style=\"font-family:Calibri,sans-serif\"><b><span style=\"font-size:14.0pt\">AESabesp | O Mega Desafio Trazido Pela Nova Lei de Licita&ccedil;&otilde;es e Contratos - Lei 14133\/2021, <\/span><\/b><span style=\"font-size:14.0pt\">17 a 19 de junho de 2024, das 08h &agrave;s 17h, na sede da AESabesp, em S&atilde;o Paulo. <\/span><a href=\"https:\/\/send.neopixdmi.com\/index.php\/campaigns\/bt5255bhowca7\/web-version\/mh045xn88n9c0\" style=\"color:blue; text-decoration:underline\"><span style=\"font-size:14.0pt\">Informa&ccedil;&otilde;es e inscri&ccedil;&otilde;es aqui<\/span><\/a><\/span><\/span><\/span><\/p>\r\n\r\n<p style=\"text-align:justify\"><span style=\"font-size:11pt\"><span style=\"line-height:normal\"><span style=\"font-family:Calibri,sans-serif\"><b><span style=\"font-size:14.0pt\">Constru Nordeste<\/span><\/b><span style=\"font-size:14.0pt\">, 31 de julho a 02 de agosto de 2024, Centro de Conven&ccedil;&otilde;es Salvador, Bahia. <\/span><a href=\"http:\/\/www.construnordeste.com.br\" style=\"color:blue; text-decoration:underline\"><span style=\"font-size:14.0pt\">www.construnordeste.com.br<\/span><\/a> <\/span><\/span><\/span><\/p>\r\n\r\n<p style=\"text-align:justify\"><span style=\"font-size:11pt\"><span style=\"line-height:normal\"><span style=\"font-family:Calibri,sans-serif\"><b><span style=\"font-size:14.0pt\">FEIPLAR COMPOSITES &amp; FEIPUR &ndash; Feira e Congresso Internacionais de Composites, Poliuretano, Pl&aacute;sticos de Engenharia e Compostos Termopl&aacute;sticos<\/span><\/b><span style=\"font-size:14.0pt\">, 20 a 22 de agosto de 2024, S&atilde;o Paulo Expo (Pavilh&atilde;o 5), palestras: das 8h30 &agrave;s 18h, feira: das 13h &agrave;s 20h.<b> <\/b><\/span><a href=\"http:\/\/www.feiplar.com\" style=\"color:blue; text-decoration:underline\"><span style=\"font-size:14.0pt\">www.feiplar.com<\/span><\/a> <\/span><\/span><\/span><\/p>\r\n\r\n<p style=\"text-align:justify\"><span style=\"font-size:11pt\"><span style=\"line-height:normal\"><span style=\"font-family:Calibri,sans-serif\"><b><span style=\"font-size:14.0pt\">Fenasan 2024 &ndash; Feira Nacional de Saneamento e Meio Ambiente<\/span><\/b><span style=\"font-size:14.0pt\">, 22 a 24 de outubro de 2024, Pavilh&otilde;es Verde e Vermelho, Expo Center Norte, S&atilde;o Paulo SP. <\/span><a href=\"http:\/\/www.fenasan.com.br\" style=\"color:blue; text-decoration:underline\"><span style=\"font-size:14.0pt\">www.fenasan.com.br<\/span><\/a> <\/span><\/span><\/span><\/p>\r\n\r\n<p style=\"text-align:justify\"><span style=\"font-size:11pt\"><span style=\"line-height:normal\"><span style=\"font-family:Calibri,sans-serif\"><b><span style=\"font-size:14.0pt\">HospitalMed 2024<\/span><\/b><span style=\"font-size:14.0pt\">, 23 a 25 de outubro, das 14h &agrave;s 20h, no Pernambuco Centro de Conven&ccedil;&otilde;es. <\/span><a href=\"http:\/\/www.hospitalmed.com.br\" style=\"color:blue; text-decoration:underline\"><span style=\"font-size:14.0pt\">www.hospitalmed.com.br<\/span><\/a> <\/span><\/span><\/span><\/p>\r\n\r\n<p style=\"text-align:justify\"><span style=\"font-size:11pt\"><span style=\"line-height:normal\"><span style=\"font-family:Calibri,sans-serif\"><b><span style=\"font-size:14.0pt\">Congresso Internacional Abit 2024<\/span><\/b><span style=\"font-size:14.0pt\">, 30 e 31 de outubro, Salvador, Bahia. <\/span><a href=\"http:\/\/www.congressoabit.com.br\" style=\"color:blue; text-decoration:underline\"><span style=\"font-size:14.0pt\">www.congressoabit.com.br<\/span><\/a> <\/span><\/span><\/span><\/p>\r\n\r\n<p style=\"text-align:justify\"><span style=\"font-size:28pt\"><span style=\"font-family:Cambria,serif\"><span style=\"letter-spacing:-0.5pt\"><b><span style=\"font-size:18.0pt\"><span style=\"font-family:&quot;Calibri&quot;,sans-serif\"><span style=\"font-variant:small-caps\">Setor<\/span><\/span><\/span><\/b><\/span><\/span><\/span><\/p>\r\n\r\n<p style=\"text-align:justify\"><span style=\"font-size:11pt\"><span style=\"line-height:normal\"><span style=\"font-family:Calibri,sans-serif\"><a href=\"https:\/\/www.nonwovens-industry.com\/contents\/view_breaking-news\/2024-04-15\/price-hanna-publishes-spunbond-report?utm_campaign=NON+eNewsletter&amp;utm_medium=email&amp;_hsenc=p2ANqtz--pfFy30QJeZR5K79D3ad2iCeRqtXLZM7drwxqr8ANeft9J5x4UzAapvCYF4AJ2-xotQPTtiCcXG5zosQJS6pgRrOGbDA&amp;_hsmi=303293613&amp;utm_content=303293613&amp;utm_source=hs_email\" style=\"color:blue; text-decoration:underline\"><span style=\"font-size:14.0pt\">Price Hanna Publishes Spunbond Report<\/span><\/a><\/span><\/span><\/span><\/p>\r\n\r\n<p style=\"text-align:justify\"><span style=\"font-size:11pt\"><span style=\"line-height:normal\"><span style=\"font-family:Calibri,sans-serif\"><a href=\"https:\/\/plasticosemrevista.com.br\/eua-temporada-de-furacoes-pinta-aterrorizante\/\" style=\"color:blue; text-decoration:underline\"><span style=\"font-size:14.0pt\">EUA: temporada de furac&otilde;es pinta aterrorizante<\/span><\/a><\/span><\/span><\/span><\/p>\r\n\r\n<p style=\"text-align:justify\"><span style=\"font-size:11pt\"><span style=\"line-height:normal\"><span style=\"font-family:Calibri,sans-serif\"><a href=\"https:\/\/www.nonwovens-industry.com\/contents\/view_breaking-news\/2024-04-17\/berry-and-glatfelter-announce-key-milestone-in-proposed-merger\/15303\" style=\"color:blue; text-decoration:underline\"><span lang=\"EN-US\" style=\"font-size:14.0pt\">Berry and Glatfelter Announce Key Milestone in Proposed Merger<\/span><\/a><\/span><\/span><\/span><\/p>\r\n\r\n<p style=\"text-align:justify\"><span style=\"font-size:11pt\"><span style=\"line-height:normal\"><span style=\"font-family:Calibri,sans-serif\"><a href=\"https:\/\/tissueonline.com.br\/kimberly-clark-vende-seu-negocio-de-epp-para-a-ansell-por-640-milhoes\/?utm_campaign=newsletter_19042024_novo_modelo&amp;utm_medium=email&amp;utm_source=RD+Station\" style=\"color:blue; text-decoration:underline\"><span style=\"font-size:14.0pt\">Kimberly-Clark vende seu neg&oacute;cio de EPP para a Ansell por $640 milh&otilde;es<\/span><\/a><\/span><\/span><\/span><\/p>\r\n\r\n<p style=\"text-align:justify\"><span style=\"font-size:11pt\"><span style=\"line-height:normal\"><span style=\"font-family:Calibri,sans-serif\"><a href=\"https:\/\/tissueonline.com.br\/executivos-da-ccm-visitam-instalacao-da-zuiko-no-japao\/?utm_campaign=ccm_executivos_da_ccm_visitam_instalacao_da_zuiko_no_japao&amp;utm_medium=email&amp;utm_source=RD+Station\" style=\"color:blue; text-decoration:underline\"><span style=\"font-size:14.0pt\">Executivos da CCM visitam instala&ccedil;&atilde;o da Zuiko no Jap&atilde;o<\/span><\/a><\/span><\/span><\/span><\/p>\r\n\r\n<p style=\"text-align:justify\"><span style=\"font-size:28pt\"><span style=\"font-family:Cambria,serif\"><span style=\"letter-spacing:-0.5pt\"><b><span style=\"font-size:18.0pt\"><span style=\"font-family:&quot;Calibri&quot;,sans-serif\"><span style=\"font-variant:small-caps\">Ind&uacute;stria<\/span><\/span><\/span><\/b><\/span><\/span><\/span><\/p>\r\n\r\n<p style=\"text-align:justify\"><span style=\"font-size:11pt\"><span style=\"line-height:normal\"><span style=\"font-family:Calibri,sans-serif\"><a href=\"https:\/\/noticias.portaldaindustria.com.br\/noticias\/economia\/confianca-caiu-em-21-de-29-setores-industriais-aponta-cni\/\" style=\"color:blue; text-decoration:underline\"><span style=\"font-size:14.0pt\">Confian&ccedil;a caiu em 21 de 29 setores industriais, aponta CNI<\/span><\/a><\/span><\/span><\/span><\/p>\r\n\r\n<p style=\"text-align:justify\"><span style=\"font-size:11pt\"><span style=\"line-height:normal\"><span style=\"font-family:Calibri,sans-serif\"><a href=\"https:\/\/www.infomoney.com.br\/politica\/neoindustrializacao-medidas-do-governo-podem-tirar-industria-brasileira-do-atoleiro\/\" style=\"color:blue; text-decoration:underline\"><span style=\"font-size:14.0pt\">Neoindustrializa&ccedil;&atilde;o: medidas do governo podem tirar ind&uacute;stria brasileira do atoleiro?<\/span><\/a><\/span><\/span><\/span><\/p>\r\n\r\n<p style=\"text-align:justify\"><span style=\"font-size:11pt\"><span style=\"line-height:normal\"><span style=\"font-family:Calibri,sans-serif\"><a href=\"https:\/\/noticias.portaldaindustria.com.br\/noticias\/economia\/producao-industrial-retoma-o-crescimento-e-emprego-segue-em-alta-aponta-cni\/\" style=\"color:blue; text-decoration:underline\"><span style=\"font-size:14.0pt\">Produ&ccedil;&atilde;o industrial retoma o crescimento e emprego segue em alta, aponta CNI<\/span><\/a><\/span><\/span><\/span><\/p>\r\n\r\n<p style=\"text-align:justify\"><span style=\"font-size:11pt\"><span style=\"line-height:normal\"><span style=\"font-family:Calibri,sans-serif\"><a href=\"https:\/\/noticias.portaldaindustria.com.br\/noticias\/competitividade\/prejuizos-do-brasil-ilegal-somaram-em-todo-o-pais-r-4535-bilhoes-em-2022\/\" style=\"color:blue; text-decoration:underline\"><span style=\"font-size:14.0pt\">Preju&iacute;zos do &lsquo;Brasil Ilegal&rsquo; somaram em todo o pa&iacute;s R$ 453,5 bilh&otilde;es em 2022<\/span><\/a><\/span><\/span><\/span><\/p>\r\n\r\n<p style=\"text-align:justify\"><span style=\"font-size:11pt\"><span style=\"line-height:normal\"><span style=\"font-family:Calibri,sans-serif\"><a href=\"https:\/\/revistamt.com.br\/Noticias\/Exibir\/producao-de-caminhoes-cresce-quase-20-no-1-trimestre?utm_source=akna&amp;utm_medium=email&amp;utm_campaign=Revista-M-T-Informativo-673-16-04-2024&amp;utm_source=akna&amp;utm_medium=email&amp;utm_campaign=Revista-M-T-Informativo-673-16-04-2024\" style=\"color:blue; text-decoration:underline\"><span style=\"font-size:14.0pt\">Produ&ccedil;&atilde;o de caminh&otilde;es cresce quase 20% no 1&ordm; trimestre<\/span><\/a><\/span><\/span><\/span><\/p>\r\n\r\n<p style=\"text-align:justify\"><span style=\"font-size:11pt\"><span style=\"line-height:normal\"><span style=\"font-family:Calibri,sans-serif\"><a href=\"https:\/\/noticias.portaldaindustria.com.br\/noticias\/economia\/condicoes-financeiras-da-industria-da-construcao-pioraram-segundo-cni\/\" style=\"color:blue; text-decoration:underline\"><span style=\"font-size:14.0pt\">Condi&ccedil;&otilde;es financeiras da ind&uacute;stria da constru&ccedil;&atilde;o pioraram, segundo CNI<\/span><\/a><\/span><\/span><\/span><\/p>\r\n\r\n<p style=\"text-align:justify\"><span style=\"font-size:11pt\"><span style=\"line-height:normal\"><span style=\"font-family:Calibri,sans-serif\"><a href=\"https:\/\/portalibre.fgv.br\/system\/files\/divulgacao\/noticias\/mat-complementar\/2024-04\/Sondagem%20da%20Construcao%20FGV_press%20release_Abr24.pdf\" style=\"color:blue; text-decoration:underline\"><span style=\"font-size:14.0pt\">&Iacute;ndice de Confian&ccedil;a da Constru&ccedil;&atilde;o (ICST) cai 1,4 ponto em abril<\/span><\/a><\/span><\/span><\/span><\/p>\r\n\r\n<p style=\"text-align:justify\"><span style=\"font-size:11pt\"><span style=\"line-height:normal\"><span style=\"font-family:Calibri,sans-serif\"><a href=\"https:\/\/liberal.com.br\/cidades\/as-novas-geracoes-do-setor-textil-na-regiao-2158328\/\" style=\"color:blue; text-decoration:underline\"><span style=\"font-size:14.0pt\">Americana: As novas gera&ccedil;&otilde;es do setor t&ecirc;xtil na regi&atilde;o<\/span><\/a><\/span><\/span><\/span><\/p>\r\n\r\n<p style=\"text-align:justify\"><span style=\"font-size:28pt\"><span style=\"font-family:Cambria,serif\"><span style=\"letter-spacing:-0.5pt\"><b><span style=\"font-size:18.0pt\"><span style=\"font-family:&quot;Calibri&quot;,sans-serif\"><span style=\"font-variant:small-caps\">Sustentabilidade<\/span><\/span><\/span><\/b><\/span><\/span><\/span><\/p>\r\n\r\n<p style=\"text-align:justify\"><span style=\"font-size:11pt\"><span style=\"line-height:normal\"><span style=\"font-family:Calibri,sans-serif\"><a href=\"https:\/\/apexbrasil.com.br\/content\/apexbrasil\/br\/pt\/conteudo\/noticias\/apex-brasil-china-conferencia.html#msdynttrid=4_qxR90pBmhZQcDlsrWe0_6e4Qh5sNXzVQ7-9xi4IvA\" style=\"color:blue; text-decoration:underline\"><span style=\"font-size:14.0pt\">ApexBrasil participa de confer&ecirc;ncia que refor&ccedil;a a coopera&ccedil;&atilde;o entre Brasil e China por um mundo sustent&aacute;vel<\/span><\/a><\/span><\/span><\/span><\/p>\r\n\r\n<p style=\"text-align:justify\"><span style=\"font-size:11pt\"><span style=\"line-height:normal\"><span style=\"font-family:Calibri,sans-serif\"><a href=\"https:\/\/www.revistaplasticosul.com.br\/sustentabilidade\/rede-pela-circularidade-do-plastico-comemora-seu-sexto-aniversario-para-economia-circular\/\" style=\"color:blue; text-decoration:underline\"><span style=\"font-size:14.0pt\">Criada em 2018, Rede pela Circularidade do Pl&aacute;stico comemora seu sexto anivers&aacute;rio de a&ccedil;&otilde;es para economia circular<\/span><\/a><\/span><\/span><\/span><\/p>\r\n\r\n<p style=\"text-align:justify\"><span style=\"font-size:11pt\"><span style=\"line-height:normal\"><span style=\"font-family:Calibri,sans-serif\"><a href=\"https:\/\/diariodocomercio.com.br\/legislacao\/minas-imposto-setor-reciclagem\/\" style=\"color:blue; text-decoration:underline\"><span style=\"font-size:14.0pt\">Minas retira imposto e impulsiona setor da reciclagem<\/span><\/a><\/span><\/span><\/span><\/p>\r\n\r\n<p style=\"text-align:justify\"><span style=\"font-size:11pt\"><span style=\"line-height:normal\"><span style=\"font-family:Calibri,sans-serif\"><a href=\"https:\/\/phys.org\/news\/2024-04-international-experts-issue-renewed-global.html?utm_source=nwletter&amp;utm_medium=email&amp;utm_campaign=daily-nwletter#google_vignette\" style=\"color:blue; text-decoration:underline\"><span lang=\"EN-US\" style=\"font-size:14.0pt\">International experts issue renewed call for Global Plastics Treaty to be grounded in robust science<\/span><\/a><\/span><\/span><\/span><\/p>\r\n\r\n<p style=\"text-align:justify\"><span style=\"font-size:11pt\"><span style=\"line-height:normal\"><span style=\"font-family:Calibri,sans-serif\"><a href=\"https:\/\/mercadoeconsumo.com.br\/17\/04\/2024\/sustentabilidade\/lideres-concordam-que-a-sustentabilidade-e-central-para-estrategias-de-negocios\/?utm_campaign=news_geral_nova_-_1704&amp;utm_medium=email&amp;utm_source=RD+Station&amp;cn-reloaded=1\" style=\"color:blue; text-decoration:underline\"><span style=\"font-size:14.0pt\">L&iacute;deres concordam que a sustentabilidade &eacute; central para estrat&eacute;gias de neg&oacute;cios<\/span><\/a><\/span><\/span><\/span><\/p>\r\n\r\n<p style=\"text-align:justify\"><span style=\"font-size:28pt\"><span style=\"font-family:Cambria,serif\"><span style=\"letter-spacing:-0.5pt\"><b><span lang=\"EN-US\" style=\"font-size:18.0pt\"><span style=\"font-family:&quot;Calibri&quot;,sans-serif\"><span style=\"font-variant:small-caps\">Inova&ccedil;&atilde;o<\/span><\/span><\/span><\/b><\/span><\/span><\/span><\/p>\r\n\r\n<p style=\"text-align:justify\"><span style=\"font-size:11pt\"><span style=\"line-height:normal\"><span style=\"font-family:Calibri,sans-serif\"><a href=\"https:\/\/techxplore.com\/news\/2024-04-recycling-carbon-fiber-plastics.html?utm_source=nwletter&amp;utm_medium=email&amp;utm_campaign=daily-nwletter\" style=\"color:blue; text-decoration:underline\"><span lang=\"EN-US\" style=\"font-size:14.0pt\">Recycling carbon fiber reinforced plastics waste is a challenge, but researchers find a way to make it work<\/span><\/a><\/span><\/span><\/span><\/p>\r\n\r\n<p style=\"text-align:justify\"><span style=\"font-size:11pt\"><span style=\"line-height:normal\"><span style=\"font-family:Calibri,sans-serif\"><a href=\"https:\/\/techxplore.com\/news\/2024-04-houses-south-america.html?utm_source=nwletter&amp;utm_medium=email&amp;utm_campaign=daily-nwletter\" style=\"color:blue; text-decoration:underline\"><span lang=\"EN-US\" style=\"font-size:14.0pt\">Houses made of waste changing lives in South America<\/span><\/a><\/span><\/span><\/span><\/p>\r\n\r\n<p style=\"text-align:justify\"><span style=\"font-size:28pt\"><span style=\"font-family:Cambria,serif\"><span style=\"letter-spacing:-0.5pt\"><b><span style=\"font-size:18.0pt\"><span style=\"font-family:&quot;Calibri&quot;,sans-serif\"><span style=\"font-variant:small-caps\">Com&eacute;rcio Exterior<\/span><\/span><\/span><\/b><\/span><\/span><\/span><\/p>\r\n\r\n<p style=\"text-align:justify\"><span style=\"font-size:11pt\"><span style=\"line-height:normal\"><span style=\"font-family:Calibri,sans-serif\"><a href=\"https:\/\/braziljournal.com\/on-business\/b20-no-brasil-e-o-mar-de-oportunidades-para-o-pais-crescer-na-economia-global\/?utm_source=Brazil+Journal&amp;utm_campaign=f54ec3bb8c-onbusiness24042024-1-_COPY_01&amp;utm_medium=email&amp;utm_term=0_850f0f7afd-f54ec3bb8c-427623009\" style=\"color:blue; text-decoration:underline\"><span style=\"font-size:14.0pt\">B20 no Brasil e o mar de oportunidades para o Pa&iacute;s crescer na economia global<\/span><\/a><\/span><\/span><\/span><\/p>\r\n\r\n<p style=\"text-align:justify\"><span style=\"font-size:11pt\"><span style=\"line-height:normal\"><span style=\"font-family:Calibri,sans-serif\"><a href=\"https:\/\/apexbrasil.com.br\/content\/apexbrasil\/br\/pt\/conteudo\/noticias\/lula-afirma-possivel-triplicar.html#msdynttrid=ZiLdLavO8RAuzSt4rm-9QyAj0iZTMCqZyDK3nIFOTGo\" style=\"color:blue; text-decoration:underline\"><span style=\"font-size:14.0pt\">&Eacute; poss&iacute;vel triplicar o com&eacute;rcio entre Brasil e Col&ocirc;mbia, afirma presidente Lula<\/span><\/a><\/span><\/span><\/span><\/p>\r\n\r\n<p style=\"text-align:justify\"><span style=\"font-size:11pt\"><span style=\"line-height:normal\"><span style=\"font-family:Calibri,sans-serif\"><a href=\"https:\/\/www.saopaulo.sp.gov.br\/spnoticias\/ultimas-noticias\/governador-e-ministra-argentina-discutem-projetos-e-reforco-de-comercio-bilateral\/\" style=\"color:blue; text-decoration:underline\"><span style=\"font-size:14.0pt\">Governador e ministra argentina discutem projetos e refor&ccedil;o de com&eacute;rcio bilateral<\/span><\/a><\/span><\/span><\/span><\/p>\r\n\r\n<p style=\"text-align:justify\"><span style=\"font-size:11pt\"><span style=\"line-height:normal\"><span style=\"font-family:Calibri,sans-serif\"><a href=\"https:\/\/www.gov.br\/mdic\/pt-br\/assuntos\/noticias\/2024\/abril\/brasil-e-austria-fecham-acordo-de-cooperacao-nos-setores-da-industria-tecnologia-sustentavel-e-inovacao\" style=\"color:blue; text-decoration:underline\"><span style=\"font-size:14.0pt\">Brasil e &Aacute;ustria fecham acordo de coopera&ccedil;&atilde;o nos setores da ind&uacute;stria, tecnologia sustent&aacute;vel e inova&ccedil;&atilde;o<\/span><\/a><\/span><\/span><\/span><\/p>\r\n\r\n<p style=\"text-align:justify\"><span style=\"font-size:11pt\"><span style=\"line-height:normal\"><span style=\"font-family:Calibri,sans-serif\"><a href=\"https:\/\/www.youtube.com\/watch?v=xRJklAKFlMs\" style=\"color:blue; text-decoration:underline\"><span style=\"font-size:14.0pt\">Abra Talks 2024 - 11&ordm; Epis&oacute;dio:&nbsp; &quot;Perspectivas do Com&eacute;rcio Exterior Brasileiro&quot;<\/span><\/a><\/span><\/span><\/span><\/p>\r\n\r\n<p style=\"text-align:justify\"><span style=\"font-size:11pt\"><span style=\"line-height:normal\"><span style=\"font-family:Calibri,sans-serif\"><a href=\"https:\/\/ibre.fgv.br\/blog-da-conjuntura-economica\/artigos\/brasil-china-os-desafios-para-uma-relacao-ganha-ganha\" style=\"color:blue; text-decoration:underline\"><span style=\"font-size:14.0pt\">Brasil-China: os desafios para uma rela&ccedil;&atilde;o ganha-ganha<\/span><\/a><\/span><\/span><\/span><\/p>\r\n\r\n<p style=\"text-align:justify\"><span style=\"font-size:28pt\"><span style=\"font-family:Cambria,serif\"><span style=\"letter-spacing:-0.5pt\"><b><span style=\"font-size:18.0pt\"><span style=\"font-family:&quot;Calibri&quot;,sans-serif\"><span style=\"font-variant:small-caps\">Economia<\/span><\/span><\/span><\/b><\/span><\/span><\/span><\/p>\r\n\r\n<p style=\"text-align:justify\"><span style=\"font-size:11pt\"><span style=\"line-height:normal\"><span style=\"font-family:Calibri,sans-serif\"><a href=\"https:\/\/www.bcb.gov.br\/content\/focus\/focus\/R20240419.pdf\" style=\"color:blue; text-decoration:underline\"><span style=\"font-size:14.0pt\">Focus - Relat&oacute;rio de Mercado<\/span><\/a><\/span><\/span><\/span><\/p>\r\n\r\n<p style=\"text-align:justify\"><span style=\"font-size:11pt\"><span style=\"line-height:normal\"><span style=\"font-family:Calibri,sans-serif\"><a href=\"https:\/\/anba.com.br\/fmi-economia-global-vai-crescer-32\/\" style=\"color:blue; text-decoration:underline\"><span style=\"font-size:14.0pt\">FMI: economia global vai crescer 3,2%<\/span><\/a><\/span><\/span><\/span><\/p>\r\n\r\n<p style=\"text-align:justify\"><span style=\"font-size:11pt\"><span style=\"line-height:normal\"><span style=\"font-family:Calibri,sans-serif\"><a href=\"https:\/\/ibre.fgv.br\/blog-da-conjuntura-economica\/artigos\/monitor-do-pib-atividade-cresce-08-em-fevereiro-ajudada-pelo\" style=\"color:blue; text-decoration:underline\"><span style=\"font-size:14.0pt\">Monitor do PIB: atividade cresce 0,8% em fevereiro, ajudada pelo consumo das fam&iacute;lias e investimento<\/span><\/a><\/span><\/span><\/span><\/p>\r\n\r\n<p style=\"text-align:justify\"><span style=\"font-size:11pt\"><span style=\"line-height:normal\"><span style=\"font-family:Calibri,sans-serif\"><a href=\"https:\/\/ibre.fgv.br\/blog-da-conjuntura-economica\/artigos\/em-foco-146\" style=\"color:blue; text-decoration:underline\"><span style=\"font-size:14.0pt\">Cr&ocirc;nica de uma morte anunciada<\/span><\/a><\/span><\/span><\/span><\/p>\r\n\r\n<p style=\"text-align:justify\"><span style=\"font-size:11pt\"><span style=\"line-height:normal\"><span style=\"font-family:Calibri,sans-serif\"><a href=\"https:\/\/portalibre.fgv.br\/noticias\/mudanca-das-metas-e-o-desafio-da-sustentabilidade-fiscal-brasileira\" style=\"color:blue; text-decoration:underline\"><span style=\"font-size:14.0pt\">A mudan&ccedil;a das metas e o desafio da sustentabilidade fiscal brasileira<\/span><\/a><\/span><\/span><\/span><\/p>\r\n\r\n<p style=\"text-align:justify\">&nbsp;<\/p>\r\n\r\n<p style=\"text-align:justify\"><span style=\"font-size:11pt\"><span style=\"line-height:normal\"><span style=\"font-family:Calibri,sans-serif\"><span style=\"font-size:14.0pt\"><img src=\"https:\/\/www.abint.org.br\/assets\/img\/editor\/redes-sociais-abint-ctg-cth_20240425174955eB77wPFtTO.jpg\" \/><\/span><\/span><\/span><\/span><\/p>\r\n","6":"<p style=\"text-align:justify\"><span style=\"font-size:11pt\"><span style=\"line-height:normal\"><span style=\"font-family:Calibri,sans-serif\"><span style=\"font-size:14.0pt\">Esta &eacute; uma compila&ccedil;&atilde;o das not&iacute;cias mais relevantes para o setor, incluindo informa&ccedil;&otilde;es sobre acordos internacionais, economia brasileira, sustentabilidade e mat&eacute;rias primas, al&eacute;m de novidades do setor de N&atilde;otecidos e Tecidos T&eacute;cnicos.<\/span><\/span><\/span><\/span><\/p>\r\n\r\n<p style=\"text-align:justify\"><span style=\"font-size:28pt\"><span style=\"font-family:Cambria,serif\"><span style=\"letter-spacing:-0.5pt\"><b><span style=\"font-size:18.0pt\"><span style=\"font-family:&quot;Calibri&quot;,sans-serif\"><span style=\"font-variant:small-caps\">O que vem por a&iacute;<\/span><\/span><\/span><\/b><\/span><\/span><\/span><\/p>\r\n\r\n<p style=\"text-align:justify\"><span style=\"font-size:28pt\"><span style=\"font-family:Cambria,serif\"><span style=\"letter-spacing:-0.5pt\"><b><span style=\"font-size:18.0pt\"><span style=\"font-family:&quot;Calibri&quot;,sans-serif\"><span style=\"font-variant:small-caps\"><img src=\"https:\/\/www.abint.org.br\/assets\/img\/editor\/logo-ctg-abint-png_20240425174239hw1Wgzu7yn.png\" style=\"width: 300px; height: 55px;\" \/><\/span><\/span><\/span><\/b><\/span><\/span><\/span><\/p>\r\n\r\n<p style=\"text-align:justify\"><span style=\"font-size:28pt\"><span style=\"font-family:Cambria,serif\"><span style=\"letter-spacing:-0.5pt\"><b><span style=\"font-size:18.0pt\"><span style=\"font-family:&quot;Calibri&quot;,sans-serif\"><span style=\"font-variant:small-caps\"><img src=\"https:\/\/www.abint.org.br\/assets\/img\/editor\/20240924-cobramseg-2024_20240425174307bACkUm1BvK.png\" \/><\/span><\/span><\/span><\/b><\/span><\/span><\/span><\/p>\r\n\r\n<p style=\"text-align:justify\"><span style=\"font-size:11pt\"><span style=\"line-height:normal\"><span style=\"font-family:Calibri,sans-serif\"><b><span style=\"font-size:14.0pt\">O CTG ABINT &eacute; um dos patrocinadores da 21&ordf; edi&ccedil;&atilde;o do Cobramseg &ndash; Congresso Brasileiro de Mec&acirc;nica dos Solos e Engenharia Geot&eacute;cnica.<\/span><\/b><\/span><\/span><\/span><\/p>\r\n\r\n<p style=\"text-align:justify\"><span style=\"font-size:11pt\"><span style=\"line-height:normal\"><span style=\"font-family:Calibri,sans-serif\"><span style=\"font-size:14.0pt\">&ldquo;<i>Nos reunimos para celebrar a Mec&acirc;nica dos Solos e das Rochas, da GeoEngenharia! Academia, Ind&uacute;stria e &Oacute;rg&atilde;os Gestores unidos para expor seus avan&ccedil;os t&eacute;cnicos e cient&iacute;ficos. Um ambiente rico e diverso que nos permite debater solu&ccedil;&otilde;es e a&ccedil;&otilde;es de forma a fortalecer nossa comunidade geot&eacute;cnica, visando proporcionar um desenvolvimento mais sustent&aacute;vel e seguro para a nossa sociedade<\/i>.&rdquo; V&iacute;tor Pereira Faro, Presidente do COBRAMSEG 2024<\/span><\/span><\/span><\/span><\/p>\r\n\r\n<p style=\"text-align:justify\"><span style=\"font-size:11pt\"><span style=\"line-height:normal\"><span style=\"font-family:Calibri,sans-serif\"><a href=\"http:\/\/www.cobramseg.com.br\" style=\"color:blue; text-decoration:underline\"><span style=\"font-size:14.0pt\">www.cobramseg.com.br<\/span><\/a> <\/span><\/span><\/span><\/p>\r\n\r\n<p style=\"text-align:justify\">&nbsp;<\/p>\r\n\r\n<p style=\"text-align:justify\"><img src=\"https:\/\/www.abint.org.br\/assets\/img\/editor\/cth-logo-alta-png-2_202404251744227FHfqc9gX9.png\" style=\"width: 300px; height: 68px;\" \/><\/p>\r\n\r\n<p style=\"text-align:justify\"><img src=\"https:\/\/www.abint.org.br\/assets\/img\/editor\/hospitalmed-2024-logo_20240425174510L7JTUaSde5.png\" style=\"width: 500px; height: 448px;\" \/><\/p>\r\n\r\n<p style=\"text-align:justify\"><span style=\"font-size:11pt\"><span style=\"line-height:normal\"><span style=\"font-family:Calibri,sans-serif\"><b><span style=\"font-size:12.0pt\">O CTH ABINT &eacute; um dos patrocinadores da HospitalMed 2024.<\/span><\/b><\/span><\/span><\/span><\/p>\r\n\r\n<p style=\"text-align:justify\"><span style=\"font-size:11pt\"><span style=\"line-height:normal\"><span style=\"font-family:Calibri,sans-serif\"><span style=\"font-size:12.0pt\">&ldquo;<i>A melhor e Mais Completa Feira de Sa&uacute;de do Norte\/Nordeste<\/i>&rdquo;, &eacute; uma realiza&ccedil;&atilde;o da HospitalMed Feiras &amp; Eventos e da Insight Feiras de Neg&oacute;cios.<\/span><\/span><\/span><\/span><\/p>\r\n\r\n<p style=\"text-align:justify\"><span style=\"font-size:11pt\"><span style=\"line-height:normal\"><span style=\"font-family:Calibri,sans-serif\"><i><span style=\"font-size:12.0pt\">&ldquo;O <b>re&uacute;ne toda a cadeia produtiva do setor de sa&uacute;de das regi&otilde;es Norte\/Nordeste<\/b>. &Eacute; o grande encontro de fornecedores de Produtos, Equipamentos, Servi&ccedil;os, Tecnologia e Conte&uacute;do para Hospitais, Laborat&oacute;rios, Farm&aacute;cias, Cl&iacute;nicas, Consult&oacute;rios e Profissionais da Sa&uacute;de&rdquo;.<\/span><\/i><\/span><\/span><\/span><\/p>\r\n\r\n<p style=\"text-align:justify\"><span style=\"font-size:11.0pt\"><span style=\"line-height:115%\"><span style=\"font-family:&quot;Calibri&quot;,sans-serif\"><a href=\"http:\/\/www.hospitalmed.com.br\" style=\"color:blue; text-decoration:underline\"><span style=\"font-size:14.0pt\"><span style=\"line-height:115%\">www.hospitalmed.com.br<\/span><\/span><\/a><\/span><\/span><\/span><\/p>\r\n\r\n<p class=\"MsoTitle\" style=\"text-align:justify\"><span style=\"font-size:28pt\"><span style=\"font-family:Cambria,serif\"><span style=\"letter-spacing:-0.5pt\"><b><span style=\"font-size:18.0pt\"><span style=\"font-family:&quot;Calibri&quot;,sans-serif\"><span style=\"font-variant:small-caps\">Not&iacute;cias das Associadas<\/span><\/span><\/span><\/b><\/span><\/span><\/span><\/p>\r\n\r\n<p style=\"text-align:justify\"><span style=\"font-size:11pt\"><span style=\"line-height:normal\"><span style=\"font-family:Calibri,sans-serif\"><a href=\"https:\/\/paranashop.com.br\/2024\/04\/metsa-group-colabora-com-a-andritz-em-estudo-preliminar-de-fabrica-de-fibras-texteis\" style=\"color:blue; text-decoration:underline\"><span style=\"font-size:14.0pt\">Mets&auml; Group colabora com a ANDRITZ em estudo preliminar de f&aacute;brica de fibras t&ecirc;xteis<\/span><\/a><\/span><\/span><\/span><\/p>\r\n\r\n<p style=\"text-align:justify\"><span style=\"font-size:11pt\"><span style=\"line-height:normal\"><span style=\"font-family:Calibri,sans-serif\"><a href=\"http:\/\/transmail.ftrans01.com\/ZLFABRI?id=29813=JR4CVQVdAAgCGAEBXFdZUQsGUAMDBQEHB1hRDgYEA1wCWgMBBQYPD1ddVgEMBAdcDlRNVwQPV0chAARRChIZVhQFHAdFGAkOAFcBDgtQV1ILXAMGUV8OTwkVEkheSRhNFANcFloFUVUfAkdFWQ8SVAlLUlkLSWN\/JyAkai1ZXl0aFAE=&amp;fl=DhZGFQ1LF05GEx1DXQIJClEGUFoSA0FHCA0DFgoDQxYIB0UWGAVWXUMNR00VFQ5JSBdURQMITR4IDwhXEgdDUBAHHwtYCk9WRwFdRBUSDghNEVhZCBUUUhVMB1YBHhpQCE9GBF4TWVccVgoDDVZVSlARXFo=\" style=\"color:blue; text-decoration:underline\" target=\"_blank\"><span lang=\"EN-US\" style=\"font-size:14.0pt\">Andritz to present innovative nonwovens solutions at ANEX in Taiwan <\/span><\/a><\/span><\/span><\/span><\/p>\r\n\r\n<p style=\"text-align:justify\"><span style=\"font-size:11pt\"><span style=\"line-height:normal\"><span style=\"font-family:Calibri,sans-serif\"><a href=\"https:\/\/www.technicaltextile.net\/news\/german-firm-freudenberg-s-sales-at-12-76-bn-in-fy23-294435.html\" style=\"color:blue; text-decoration:underline\"><span lang=\"EN-US\" style=\"font-size:14.0pt\">German firm Freudenberg&#39;s sales at $12.76 bn in FY23<\/span><\/a><\/span><\/span><\/span><\/p>\r\n\r\n<p style=\"text-align:justify\"><span style=\"font-size:11pt\"><span style=\"line-height:normal\"><span style=\"font-family:Calibri,sans-serif\"><a href=\"https:\/\/www.nonwovens-industry.com\/contents\/view_videos\/2024-04-19\/executive-talks-freudenberg-performance-materials-john-mcnabb?utm_campaign=NON+Live+From+Show&amp;utm_medium=email&amp;_hsenc=p2ANqtz-_QnbSex0g3OGxpVHEqUNMYN6xufY0BzvUGcmoWkqjXHLWAQ_meJ6orqNgrmq060WR_EAWltytTIuIZIhWFJbGk94P2gg&amp;_hsmi=303328838&amp;utm_content=303328838&amp;utm_source=hs_email\" style=\"color:blue; text-decoration:underline\"><span lang=\"EN-US\" style=\"font-size:14.0pt\">Executive Talks: Freudenberg Performance Materials&#39; John McNabb<\/span><\/a> <\/span><\/span><\/span><\/p>\r\n\r\n<p style=\"text-align:justify\"><span style=\"font-size:11pt\"><span style=\"line-height:normal\"><span style=\"font-family:Calibri,sans-serif\"><a href=\"https:\/\/www.sustainableplastics.com\/news\/indorama-ventures-evaluating-production-rotterdam-site\" style=\"color:blue; text-decoration:underline\"><span lang=\"EN-US\" style=\"font-size:14.0pt\">Indorama Ventures evaluating production at Rotterdam site<\/span><\/a><\/span><\/span><\/span><\/p>\r\n\r\n<p style=\"text-align:justify\"><span style=\"font-size:11pt\"><span style=\"line-height:normal\"><span style=\"font-family:Calibri,sans-serif\"><a href=\"https:\/\/www.nonwovens-industry.com\/live-from-shows\/techtextil\/2024-04-24\/trutzschler-exhibiting-at-techtextil?utm_campaign=NON+Live+From+Show&amp;utm_medium=email&amp;_hsenc=p2ANqtz--asg4ASsu96GVVlNO8MfezXGHmvaUtwgOqcUXpvAfV8yQH4nwKpRm3b7gK3pHtxu_DqdJg--4f8Uy8ktYV3e9H_GDdNA&amp;_hsmi=303996342&amp;utm_content=303996342&amp;utm_source=hs_email\" style=\"color:blue; text-decoration:underline\"><span style=\"font-size:14.0pt\">Tr&uuml;tzschler Exhibiting at Techtextil<\/span><\/a><\/span><\/span><\/span><\/p>\r\n\r\n<p style=\"text-align:justify\">&nbsp;<\/p>\r\n\r\n<p style=\"text-align:justify\"><span style=\"font-size:11pt\"><span style=\"line-height:normal\"><span style=\"font-family:Calibri,sans-serif\"><b><span style=\"font-size:18.0pt\"><span style=\"font-variant:small-caps\">Eventos<\/span><\/span><\/b><\/span><\/span><\/span><\/p>\r\n\r\n<p style=\"text-align:justify\"><span style=\"font-size:11pt\"><span style=\"line-height:normal\"><span style=\"font-family:Calibri,sans-serif\"><b><span style=\"font-size:14.0pt\">GEOAMERICAS 2024, <\/span><\/b><span style=\"font-size:14.0pt\">de 28 de abril a 01 de maio de 2024, em Toronto (Canad&aacute;). <\/span><a href=\"https:\/\/www.geoamericas2024.org\/\" style=\"color:blue; text-decoration:underline\"><span style=\"font-size:14.0pt\">Informa&ccedil;&otilde;es aqui.<\/span><\/a><\/span><\/span><\/span><\/p>\r\n\r\n<p style=\"text-align:justify\"><span style=\"font-size:11pt\"><span style=\"line-height:normal\"><span style=\"font-family:Calibri,sans-serif\"><b><span style=\"font-size:14.0pt\">FEIMEC &ndash; Feira Internacional de M&aacute;quinas e Equipamentos<\/span><\/b><span class=\"MsoHyperlink\" style=\"color:blue\"><span style=\"text-decoration:underline\"><span style=\"font-size:14.0pt\"><span style=\"text-decoration:none\"><span style=\"text-underline:none\">, <\/span><\/span><\/span><\/span><\/span><span style=\"font-size:14.0pt\">de 07 a 11 de maio, em S&atilde;o Paulo, SP<\/span>. <a href=\"https:\/\/www.feimec.com.br\/pt\/credenciamento.html?utm_source=google&amp;utm_medium=cpc&amp;utm_campaign=adsplay_credenciamento-nacional&amp;utm_content=search&amp;gad_source=1&amp;gclid=CjwKCAjwoPOwBhAeEiwAJuXRh7unoGd-fW2cbQEN167PXF_UYWUlcdMLJ49wARV3pl1rJuXKhNSXyBoCWiUQAvD_BwE\" style=\"color:blue; text-decoration:underline\"><span style=\"font-size:14.0pt\">Informa&ccedil;&otilde;es<\/span><\/a><\/span><\/span><\/span><\/p>\r\n\r\n<p style=\"text-align:justify\"><span style=\"font-size:11pt\"><span style=\"line-height:normal\"><span style=\"font-family:Calibri,sans-serif\"><b><span style=\"font-size:14.0pt\">II Congresso Ibero-Americano de Esteriliza&ccedil;&atilde;o e II Congresso Nacional de Reprocessamento de Dispositivos M&eacute;dicos<\/span><\/b><span style=\"font-size:14.0pt\">, 16 a 18 de maio de 2024, Cartagena, Colombia<b>. <\/b><\/span><a href=\"http:\/\/nascecme.com.br\/ii-congresso-ibero-americano-de-esterilizacao-e-ii-congresso-nacional-de-reprocessamento-de-dispositivos-medicos\/\" style=\"color:blue; text-decoration:underline\"><span lang=\"EN-US\" style=\"font-size:14.0pt\">Informa&ccedil;&otilde;es<\/span><\/a><span lang=\"EN-US\" style=\"font-size:14.0pt\"> <\/span><\/span><\/span><\/span><\/p>\r\n\r\n<p style=\"text-align:justify\"><span style=\"font-size:11pt\"><span style=\"line-height:normal\"><span style=\"font-family:Calibri,sans-serif\"><b><span lang=\"EN-US\" style=\"font-size:14.0pt\">ANEX 2024 | Asia Nonwoven Exhibition and Conference<\/span><\/b><span lang=\"EN-US\" style=\"font-size:14.0pt\">, 22-24 May 2024, Taipei Nangang Exhibition Center, Hall 1. <\/span><a href=\"https:\/\/www.anex2024.com\/\" style=\"color:blue; text-decoration:underline\"><span lang=\"EN-US\" style=\"font-size:14.0pt\">Information here<\/span><\/a> <\/span><\/span><\/span><\/p>\r\n\r\n<p style=\"text-align:justify\">&nbsp;<\/p>\r\n\r\n<p style=\"text-align:justify\"><span style=\"font-size:11pt\"><span style=\"line-height:normal\"><span style=\"font-family:Calibri,sans-serif\"><span lang=\"EN-US\" style=\"font-size:14.0pt\"><img src=\"https:\/\/www.abint.org.br\/assets\/img\/editor\/img-20240417-wa0014_20240425174656hVnQO5NpVL.jpg\" style=\"width: 500px; height: 500px;\" \/><\/span><\/span><\/span><\/span><\/p>\r\n\r\n<p style=\"text-align:justify\"><span style=\"font-size:11pt\"><span style=\"line-height:normal\"><span style=\"font-family:Calibri,sans-serif\"><a href=\"https:\/\/docs.google.com\/forms\/d\/e\/1FAIpQLSeG7zdl8xZpguBFbIdqyMS61mxfjvFjKOQ3EUqnWgC1RUcAug\/viewform\" style=\"color:blue; text-decoration:underline\"><span style=\"font-size:14.0pt\">INFORMA&Ccedil;&Otilde;ES E INSCRI&Ccedil;&Otilde;ES<\/span><\/a><\/span><\/span><\/span><\/p>\r\n\r\n<p style=\"text-align:justify\">&nbsp;<\/p>\r\n\r\n<p style=\"text-align:justify\"><span style=\"font-size:11pt\"><span style=\"line-height:normal\"><span style=\"font-family:Calibri,sans-serif\"><b><span style=\"font-size:14.0pt\">The EDANA Innovation Forum<\/span><\/b><span class=\"MsoHyperlink\" style=\"color:blue\"><span style=\"text-decoration:underline\"><span style=\"font-size:14.0pt\"><span style=\"text-decoration:none\"><span style=\"text-underline:none\">, <\/span><\/span><\/span><\/span><\/span><span style=\"font-size:14.0pt\">04 - 06 June 2024, Munich<\/span><span class=\"MsoHyperlink\" style=\"color:blue\"><span style=\"text-decoration:underline\"><span style=\"font-size:14.0pt\"><span style=\"text-decoration:none\"><span style=\"text-underline:none\">. <\/span><\/span><\/span><\/span><\/span><a href=\"https:\/\/www.edana.org\/events\/edana-innovation-forum-?ct=t(MENA_2018_call_for_papers6_28_2017_COPY_01)&amp;mc_cid=27efeab42f&amp;mc_eid=08e0eae351\" style=\"color:blue; text-decoration:underline\"><span lang=\"EN-US\" style=\"font-size:14.0pt\">Information here<\/span><\/a><\/span><\/span><\/span><\/p>\r\n\r\n<p style=\"text-align:justify\"><span style=\"font-size:11pt\"><span style=\"line-height:normal\"><span style=\"font-family:Calibri,sans-serif\"><b><span lang=\"EN-US\" style=\"font-size:14.0pt\">HIGITEX 2024 | International Technical Textiles &amp; Nonwoven Exhibition<\/span><\/b><span lang=\"EN-US\" style=\"font-size:14.0pt\">, 4-8 June 2024, T&uuml;yap Fair Convention and Congress Center, T&uuml;rkiye. <\/span><a href=\"https:\/\/www.hightex.com.tr\/\" style=\"color:blue; text-decoration:underline\"><span style=\"font-size:14.0pt\">Information here<\/span><\/a> <\/span><\/span><\/span><\/p>\r\n\r\n<p style=\"text-align:justify\"><span style=\"font-size:11pt\"><span style=\"line-height:normal\"><span style=\"font-family:Calibri,sans-serif\"><b><span style=\"font-size:14.0pt\">AESabesp | O Mega Desafio Trazido Pela Nova Lei de Licita&ccedil;&otilde;es e Contratos - Lei 14133\/2021, <\/span><\/b><span style=\"font-size:14.0pt\">17 a 19 de junho de 2024, das 08h &agrave;s 17h, na sede da AESabesp, em S&atilde;o Paulo. <\/span><a href=\"https:\/\/send.neopixdmi.com\/index.php\/campaigns\/bt5255bhowca7\/web-version\/mh045xn88n9c0\" style=\"color:blue; text-decoration:underline\"><span style=\"font-size:14.0pt\">Informa&ccedil;&otilde;es e inscri&ccedil;&otilde;es aqui<\/span><\/a><\/span><\/span><\/span><\/p>\r\n\r\n<p style=\"text-align:justify\"><span style=\"font-size:11pt\"><span style=\"line-height:normal\"><span style=\"font-family:Calibri,sans-serif\"><b><span style=\"font-size:14.0pt\">Constru Nordeste<\/span><\/b><span style=\"font-size:14.0pt\">, 31 de julho a 02 de agosto de 2024, Centro de Conven&ccedil;&otilde;es Salvador, Bahia. <\/span><a href=\"http:\/\/www.construnordeste.com.br\" style=\"color:blue; text-decoration:underline\"><span style=\"font-size:14.0pt\">www.construnordeste.com.br<\/span><\/a> <\/span><\/span><\/span><\/p>\r\n\r\n<p style=\"text-align:justify\"><span style=\"font-size:11pt\"><span style=\"line-height:normal\"><span style=\"font-family:Calibri,sans-serif\"><b><span style=\"font-size:14.0pt\">FEIPLAR COMPOSITES &amp; FEIPUR &ndash; Feira e Congresso Internacionais de Composites, Poliuretano, Pl&aacute;sticos de Engenharia e Compostos Termopl&aacute;sticos<\/span><\/b><span style=\"font-size:14.0pt\">, 20 a 22 de agosto de 2024, S&atilde;o Paulo Expo (Pavilh&atilde;o 5), palestras: das 8h30 &agrave;s 18h, feira: das 13h &agrave;s 20h.<b> <\/b><\/span><a href=\"http:\/\/www.feiplar.com\" style=\"color:blue; text-decoration:underline\"><span style=\"font-size:14.0pt\">www.feiplar.com<\/span><\/a> <\/span><\/span><\/span><\/p>\r\n\r\n<p style=\"text-align:justify\"><span style=\"font-size:11pt\"><span style=\"line-height:normal\"><span style=\"font-family:Calibri,sans-serif\"><b><span style=\"font-size:14.0pt\">Fenasan 2024 &ndash; Feira Nacional de Saneamento e Meio Ambiente<\/span><\/b><span style=\"font-size:14.0pt\">, 22 a 24 de outubro de 2024, Pavilh&otilde;es Verde e Vermelho, Expo Center Norte, S&atilde;o Paulo SP. <\/span><a href=\"http:\/\/www.fenasan.com.br\" style=\"color:blue; text-decoration:underline\"><span style=\"font-size:14.0pt\">www.fenasan.com.br<\/span><\/a> <\/span><\/span><\/span><\/p>\r\n\r\n<p style=\"text-align:justify\"><span style=\"font-size:11pt\"><span style=\"line-height:normal\"><span style=\"font-family:Calibri,sans-serif\"><b><span style=\"font-size:14.0pt\">HospitalMed 2024<\/span><\/b><span style=\"font-size:14.0pt\">, 23 a 25 de outubro, das 14h &agrave;s 20h, no Pernambuco Centro de Conven&ccedil;&otilde;es. <\/span><a href=\"http:\/\/www.hospitalmed.com.br\" style=\"color:blue; text-decoration:underline\"><span style=\"font-size:14.0pt\">www.hospitalmed.com.br<\/span><\/a> <\/span><\/span><\/span><\/p>\r\n\r\n<p style=\"text-align:justify\"><span style=\"font-size:11pt\"><span style=\"line-height:normal\"><span style=\"font-family:Calibri,sans-serif\"><b><span style=\"font-size:14.0pt\">Congresso Internacional Abit 2024<\/span><\/b><span style=\"font-size:14.0pt\">, 30 e 31 de outubro, Salvador, Bahia. <\/span><a href=\"http:\/\/www.congressoabit.com.br\" style=\"color:blue; text-decoration:underline\"><span style=\"font-size:14.0pt\">www.congressoabit.com.br<\/span><\/a> <\/span><\/span><\/span><\/p>\r\n\r\n<p style=\"text-align:justify\"><span style=\"font-size:28pt\"><span style=\"font-family:Cambria,serif\"><span style=\"letter-spacing:-0.5pt\"><b><span style=\"font-size:18.0pt\"><span style=\"font-family:&quot;Calibri&quot;,sans-serif\"><span style=\"font-variant:small-caps\">Setor<\/span><\/span><\/span><\/b><\/span><\/span><\/span><\/p>\r\n\r\n<p style=\"text-align:justify\"><span style=\"font-size:11pt\"><span style=\"line-height:normal\"><span style=\"font-family:Calibri,sans-serif\"><a href=\"https:\/\/www.nonwovens-industry.com\/contents\/view_breaking-news\/2024-04-15\/price-hanna-publishes-spunbond-report?utm_campaign=NON+eNewsletter&amp;utm_medium=email&amp;_hsenc=p2ANqtz--pfFy30QJeZR5K79D3ad2iCeRqtXLZM7drwxqr8ANeft9J5x4UzAapvCYF4AJ2-xotQPTtiCcXG5zosQJS6pgRrOGbDA&amp;_hsmi=303293613&amp;utm_content=303293613&amp;utm_source=hs_email\" style=\"color:blue; text-decoration:underline\"><span style=\"font-size:14.0pt\">Price Hanna Publishes Spunbond Report<\/span><\/a><\/span><\/span><\/span><\/p>\r\n\r\n<p style=\"text-align:justify\"><span style=\"font-size:11pt\"><span style=\"line-height:normal\"><span style=\"font-family:Calibri,sans-serif\"><a href=\"https:\/\/plasticosemrevista.com.br\/eua-temporada-de-furacoes-pinta-aterrorizante\/\" style=\"color:blue; text-decoration:underline\"><span style=\"font-size:14.0pt\">EUA: temporada de furac&otilde;es pinta aterrorizante<\/span><\/a><\/span><\/span><\/span><\/p>\r\n\r\n<p style=\"text-align:justify\"><span style=\"font-size:11pt\"><span style=\"line-height:normal\"><span style=\"font-family:Calibri,sans-serif\"><a href=\"https:\/\/www.nonwovens-industry.com\/contents\/view_breaking-news\/2024-04-17\/berry-and-glatfelter-announce-key-milestone-in-proposed-merger\/15303\" style=\"color:blue; text-decoration:underline\"><span lang=\"EN-US\" style=\"font-size:14.0pt\">Berry and Glatfelter Announce Key Milestone in Proposed Merger<\/span><\/a><\/span><\/span><\/span><\/p>\r\n\r\n<p style=\"text-align:justify\"><span style=\"font-size:11pt\"><span style=\"line-height:normal\"><span style=\"font-family:Calibri,sans-serif\"><a href=\"https:\/\/tissueonline.com.br\/kimberly-clark-vende-seu-negocio-de-epp-para-a-ansell-por-640-milhoes\/?utm_campaign=newsletter_19042024_novo_modelo&amp;utm_medium=email&amp;utm_source=RD+Station\" style=\"color:blue; text-decoration:underline\"><span style=\"font-size:14.0pt\">Kimberly-Clark vende seu neg&oacute;cio de EPP para a Ansell por $640 milh&otilde;es<\/span><\/a><\/span><\/span><\/span><\/p>\r\n\r\n<p style=\"text-align:justify\"><span style=\"font-size:11pt\"><span style=\"line-height:normal\"><span style=\"font-family:Calibri,sans-serif\"><a href=\"https:\/\/tissueonline.com.br\/executivos-da-ccm-visitam-instalacao-da-zuiko-no-japao\/?utm_campaign=ccm_executivos_da_ccm_visitam_instalacao_da_zuiko_no_japao&amp;utm_medium=email&amp;utm_source=RD+Station\" style=\"color:blue; text-decoration:underline\"><span style=\"font-size:14.0pt\">Executivos da CCM visitam instala&ccedil;&atilde;o da Zuiko no Jap&atilde;o<\/span><\/a><\/span><\/span><\/span><\/p>\r\n\r\n<p style=\"text-align:justify\"><span style=\"font-size:28pt\"><span style=\"font-family:Cambria,serif\"><span style=\"letter-spacing:-0.5pt\"><b><span style=\"font-size:18.0pt\"><span style=\"font-family:&quot;Calibri&quot;,sans-serif\"><span style=\"font-variant:small-caps\">Ind&uacute;stria<\/span><\/span><\/span><\/b><\/span><\/span><\/span><\/p>\r\n\r\n<p style=\"text-align:justify\"><span style=\"font-size:11pt\"><span style=\"line-height:normal\"><span style=\"font-family:Calibri,sans-serif\"><a href=\"https:\/\/noticias.portaldaindustria.com.br\/noticias\/economia\/confianca-caiu-em-21-de-29-setores-industriais-aponta-cni\/\" style=\"color:blue; text-decoration:underline\"><span style=\"font-size:14.0pt\">Confian&ccedil;a caiu em 21 de 29 setores industriais, aponta CNI<\/span><\/a><\/span><\/span><\/span><\/p>\r\n\r\n<p style=\"text-align:justify\"><span style=\"font-size:11pt\"><span style=\"line-height:normal\"><span style=\"font-family:Calibri,sans-serif\"><a href=\"https:\/\/www.infomoney.com.br\/politica\/neoindustrializacao-medidas-do-governo-podem-tirar-industria-brasileira-do-atoleiro\/\" style=\"color:blue; text-decoration:underline\"><span style=\"font-size:14.0pt\">Neoindustrializa&ccedil;&atilde;o: medidas do governo podem tirar ind&uacute;stria brasileira do atoleiro?<\/span><\/a><\/span><\/span><\/span><\/p>\r\n\r\n<p style=\"text-align:justify\"><span style=\"font-size:11pt\"><span style=\"line-height:normal\"><span style=\"font-family:Calibri,sans-serif\"><a href=\"https:\/\/noticias.portaldaindustria.com.br\/noticias\/economia\/producao-industrial-retoma-o-crescimento-e-emprego-segue-em-alta-aponta-cni\/\" style=\"color:blue; text-decoration:underline\"><span style=\"font-size:14.0pt\">Produ&ccedil;&atilde;o industrial retoma o crescimento e emprego segue em alta, aponta CNI<\/span><\/a><\/span><\/span><\/span><\/p>\r\n\r\n<p style=\"text-align:justify\"><span style=\"font-size:11pt\"><span style=\"line-height:normal\"><span style=\"font-family:Calibri,sans-serif\"><a href=\"https:\/\/noticias.portaldaindustria.com.br\/noticias\/competitividade\/prejuizos-do-brasil-ilegal-somaram-em-todo-o-pais-r-4535-bilhoes-em-2022\/\" style=\"color:blue; text-decoration:underline\"><span style=\"font-size:14.0pt\">Preju&iacute;zos do &lsquo;Brasil Ilegal&rsquo; somaram em todo o pa&iacute;s R$ 453,5 bilh&otilde;es em 2022<\/span><\/a><\/span><\/span><\/span><\/p>\r\n\r\n<p style=\"text-align:justify\"><span style=\"font-size:11pt\"><span style=\"line-height:normal\"><span style=\"font-family:Calibri,sans-serif\"><a href=\"https:\/\/revistamt.com.br\/Noticias\/Exibir\/producao-de-caminhoes-cresce-quase-20-no-1-trimestre?utm_source=akna&amp;utm_medium=email&amp;utm_campaign=Revista-M-T-Informativo-673-16-04-2024&amp;utm_source=akna&amp;utm_medium=email&amp;utm_campaign=Revista-M-T-Informativo-673-16-04-2024\" style=\"color:blue; text-decoration:underline\"><span style=\"font-size:14.0pt\">Produ&ccedil;&atilde;o de caminh&otilde;es cresce quase 20% no 1&ordm; trimestre<\/span><\/a><\/span><\/span><\/span><\/p>\r\n\r\n<p style=\"text-align:justify\"><span style=\"font-size:11pt\"><span style=\"line-height:normal\"><span style=\"font-family:Calibri,sans-serif\"><a href=\"https:\/\/noticias.portaldaindustria.com.br\/noticias\/economia\/condicoes-financeiras-da-industria-da-construcao-pioraram-segundo-cni\/\" style=\"color:blue; text-decoration:underline\"><span style=\"font-size:14.0pt\">Condi&ccedil;&otilde;es financeiras da ind&uacute;stria da constru&ccedil;&atilde;o pioraram, segundo CNI<\/span><\/a><\/span><\/span><\/span><\/p>\r\n\r\n<p style=\"text-align:justify\"><span style=\"font-size:11pt\"><span style=\"line-height:normal\"><span style=\"font-family:Calibri,sans-serif\"><a href=\"https:\/\/portalibre.fgv.br\/system\/files\/divulgacao\/noticias\/mat-complementar\/2024-04\/Sondagem%20da%20Construcao%20FGV_press%20release_Abr24.pdf\" style=\"color:blue; text-decoration:underline\"><span style=\"font-size:14.0pt\">&Iacute;ndice de Confian&ccedil;a da Constru&ccedil;&atilde;o (ICST) cai 1,4 ponto em abril<\/span><\/a><\/span><\/span><\/span><\/p>\r\n\r\n<p style=\"text-align:justify\"><span style=\"font-size:11pt\"><span style=\"line-height:normal\"><span style=\"font-family:Calibri,sans-serif\"><a href=\"https:\/\/liberal.com.br\/cidades\/as-novas-geracoes-do-setor-textil-na-regiao-2158328\/\" style=\"color:blue; text-decoration:underline\"><span style=\"font-size:14.0pt\">Americana: As novas gera&ccedil;&otilde;es do setor t&ecirc;xtil na regi&atilde;o<\/span><\/a><\/span><\/span><\/span><\/p>\r\n\r\n<p style=\"text-align:justify\"><span style=\"font-size:28pt\"><span style=\"font-family:Cambria,serif\"><span style=\"letter-spacing:-0.5pt\"><b><span style=\"font-size:18.0pt\"><span style=\"font-family:&quot;Calibri&quot;,sans-serif\"><span style=\"font-variant:small-caps\">Sustentabilidade<\/span><\/span><\/span><\/b><\/span><\/span><\/span><\/p>\r\n\r\n<p style=\"text-align:justify\"><span style=\"font-size:11pt\"><span style=\"line-height:normal\"><span style=\"font-family:Calibri,sans-serif\"><a href=\"https:\/\/apexbrasil.com.br\/content\/apexbrasil\/br\/pt\/conteudo\/noticias\/apex-brasil-china-conferencia.html#msdynttrid=4_qxR90pBmhZQcDlsrWe0_6e4Qh5sNXzVQ7-9xi4IvA\" style=\"color:blue; text-decoration:underline\"><span style=\"font-size:14.0pt\">ApexBrasil participa de confer&ecirc;ncia que refor&ccedil;a a coopera&ccedil;&atilde;o entre Brasil e China por um mundo sustent&aacute;vel<\/span><\/a><\/span><\/span><\/span><\/p>\r\n\r\n<p style=\"text-align:justify\"><span style=\"font-size:11pt\"><span style=\"line-height:normal\"><span style=\"font-family:Calibri,sans-serif\"><a href=\"https:\/\/www.revistaplasticosul.com.br\/sustentabilidade\/rede-pela-circularidade-do-plastico-comemora-seu-sexto-aniversario-para-economia-circular\/\" style=\"color:blue; text-decoration:underline\"><span style=\"font-size:14.0pt\">Criada em 2018, Rede pela Circularidade do Pl&aacute;stico comemora seu sexto anivers&aacute;rio de a&ccedil;&otilde;es para economia circular<\/span><\/a><\/span><\/span><\/span><\/p>\r\n\r\n<p style=\"text-align:justify\"><span style=\"font-size:11pt\"><span style=\"line-height:normal\"><span style=\"font-family:Calibri,sans-serif\"><a href=\"https:\/\/diariodocomercio.com.br\/legislacao\/minas-imposto-setor-reciclagem\/\" style=\"color:blue; text-decoration:underline\"><span style=\"font-size:14.0pt\">Minas retira imposto e impulsiona setor da reciclagem<\/span><\/a><\/span><\/span><\/span><\/p>\r\n\r\n<p style=\"text-align:justify\"><span style=\"font-size:11pt\"><span style=\"line-height:normal\"><span style=\"font-family:Calibri,sans-serif\"><a href=\"https:\/\/phys.org\/news\/2024-04-international-experts-issue-renewed-global.html?utm_source=nwletter&amp;utm_medium=email&amp;utm_campaign=daily-nwletter#google_vignette\" style=\"color:blue; text-decoration:underline\"><span lang=\"EN-US\" style=\"font-size:14.0pt\">International experts issue renewed call for Global Plastics Treaty to be grounded in robust science<\/span><\/a><\/span><\/span><\/span><\/p>\r\n\r\n<p style=\"text-align:justify\"><span style=\"font-size:11pt\"><span style=\"line-height:normal\"><span style=\"font-family:Calibri,sans-serif\"><a href=\"https:\/\/mercadoeconsumo.com.br\/17\/04\/2024\/sustentabilidade\/lideres-concordam-que-a-sustentabilidade-e-central-para-estrategias-de-negocios\/?utm_campaign=news_geral_nova_-_1704&amp;utm_medium=email&amp;utm_source=RD+Station&amp;cn-reloaded=1\" style=\"color:blue; text-decoration:underline\"><span style=\"font-size:14.0pt\">L&iacute;deres concordam que a sustentabilidade &eacute; central para estrat&eacute;gias de neg&oacute;cios<\/span><\/a><\/span><\/span><\/span><\/p>\r\n\r\n<p style=\"text-align:justify\"><span style=\"font-size:28pt\"><span style=\"font-family:Cambria,serif\"><span style=\"letter-spacing:-0.5pt\"><b><span lang=\"EN-US\" style=\"font-size:18.0pt\"><span style=\"font-family:&quot;Calibri&quot;,sans-serif\"><span style=\"font-variant:small-caps\">Inova&ccedil;&atilde;o<\/span><\/span><\/span><\/b><\/span><\/span><\/span><\/p>\r\n\r\n<p style=\"text-align:justify\"><span style=\"font-size:11pt\"><span style=\"line-height:normal\"><span style=\"font-family:Calibri,sans-serif\"><a href=\"https:\/\/techxplore.com\/news\/2024-04-recycling-carbon-fiber-plastics.html?utm_source=nwletter&amp;utm_medium=email&amp;utm_campaign=daily-nwletter\" style=\"color:blue; text-decoration:underline\"><span lang=\"EN-US\" style=\"font-size:14.0pt\">Recycling carbon fiber reinforced plastics waste is a challenge, but researchers find a way to make it work<\/span><\/a><\/span><\/span><\/span><\/p>\r\n\r\n<p style=\"text-align:justify\"><span style=\"font-size:11pt\"><span style=\"line-height:normal\"><span style=\"font-family:Calibri,sans-serif\"><a href=\"https:\/\/techxplore.com\/news\/2024-04-houses-south-america.html?utm_source=nwletter&amp;utm_medium=email&amp;utm_campaign=daily-nwletter\" style=\"color:blue; text-decoration:underline\"><span lang=\"EN-US\" style=\"font-size:14.0pt\">Houses made of waste changing lives in South America<\/span><\/a><\/span><\/span><\/span><\/p>\r\n\r\n<p style=\"text-align:justify\"><span style=\"font-size:28pt\"><span style=\"font-family:Cambria,serif\"><span style=\"letter-spacing:-0.5pt\"><b><span style=\"font-size:18.0pt\"><span style=\"font-family:&quot;Calibri&quot;,sans-serif\"><span style=\"font-variant:small-caps\">Com&eacute;rcio Exterior<\/span><\/span><\/span><\/b><\/span><\/span><\/span><\/p>\r\n\r\n<p style=\"text-align:justify\"><span style=\"font-size:11pt\"><span style=\"line-height:normal\"><span style=\"font-family:Calibri,sans-serif\"><a href=\"https:\/\/braziljournal.com\/on-business\/b20-no-brasil-e-o-mar-de-oportunidades-para-o-pais-crescer-na-economia-global\/?utm_source=Brazil+Journal&amp;utm_campaign=f54ec3bb8c-onbusiness24042024-1-_COPY_01&amp;utm_medium=email&amp;utm_term=0_850f0f7afd-f54ec3bb8c-427623009\" style=\"color:blue; text-decoration:underline\"><span style=\"font-size:14.0pt\">B20 no Brasil e o mar de oportunidades para o Pa&iacute;s crescer na economia global<\/span><\/a><\/span><\/span><\/span><\/p>\r\n\r\n<p style=\"text-align:justify\"><span style=\"font-size:11pt\"><span style=\"line-height:normal\"><span style=\"font-family:Calibri,sans-serif\"><a href=\"https:\/\/apexbrasil.com.br\/content\/apexbrasil\/br\/pt\/conteudo\/noticias\/lula-afirma-possivel-triplicar.html#msdynttrid=ZiLdLavO8RAuzSt4rm-9QyAj0iZTMCqZyDK3nIFOTGo\" style=\"color:blue; text-decoration:underline\"><span style=\"font-size:14.0pt\">&Eacute; poss&iacute;vel triplicar o com&eacute;rcio entre Brasil e Col&ocirc;mbia, afirma presidente Lula<\/span><\/a><\/span><\/span><\/span><\/p>\r\n\r\n<p style=\"text-align:justify\"><span style=\"font-size:11pt\"><span style=\"line-height:normal\"><span style=\"font-family:Calibri,sans-serif\"><a href=\"https:\/\/www.saopaulo.sp.gov.br\/spnoticias\/ultimas-noticias\/governador-e-ministra-argentina-discutem-projetos-e-reforco-de-comercio-bilateral\/\" style=\"color:blue; text-decoration:underline\"><span style=\"font-size:14.0pt\">Governador e ministra argentina discutem projetos e refor&ccedil;o de com&eacute;rcio bilateral<\/span><\/a><\/span><\/span><\/span><\/p>\r\n\r\n<p style=\"text-align:justify\"><span style=\"font-size:11pt\"><span style=\"line-height:normal\"><span style=\"font-family:Calibri,sans-serif\"><a href=\"https:\/\/www.gov.br\/mdic\/pt-br\/assuntos\/noticias\/2024\/abril\/brasil-e-austria-fecham-acordo-de-cooperacao-nos-setores-da-industria-tecnologia-sustentavel-e-inovacao\" style=\"color:blue; text-decoration:underline\"><span style=\"font-size:14.0pt\">Brasil e &Aacute;ustria fecham acordo de coopera&ccedil;&atilde;o nos setores da ind&uacute;stria, tecnologia sustent&aacute;vel e inova&ccedil;&atilde;o<\/span><\/a><\/span><\/span><\/span><\/p>\r\n\r\n<p style=\"text-align:justify\"><span style=\"font-size:11pt\"><span style=\"line-height:normal\"><span style=\"font-family:Calibri,sans-serif\"><a href=\"https:\/\/www.youtube.com\/watch?v=xRJklAKFlMs\" style=\"color:blue; text-decoration:underline\"><span style=\"font-size:14.0pt\">Abra Talks 2024 - 11&ordm; Epis&oacute;dio:&nbsp; &quot;Perspectivas do Com&eacute;rcio Exterior Brasileiro&quot;<\/span><\/a><\/span><\/span><\/span><\/p>\r\n\r\n<p style=\"text-align:justify\"><span style=\"font-size:11pt\"><span style=\"line-height:normal\"><span style=\"font-family:Calibri,sans-serif\"><a href=\"https:\/\/ibre.fgv.br\/blog-da-conjuntura-economica\/artigos\/brasil-china-os-desafios-para-uma-relacao-ganha-ganha\" style=\"color:blue; text-decoration:underline\"><span style=\"font-size:14.0pt\">Brasil-China: os desafios para uma rela&ccedil;&atilde;o ganha-ganha<\/span><\/a><\/span><\/span><\/span><\/p>\r\n\r\n<p style=\"text-align:justify\"><span style=\"font-size:28pt\"><span style=\"font-family:Cambria,serif\"><span style=\"letter-spacing:-0.5pt\"><b><span style=\"font-size:18.0pt\"><span style=\"font-family:&quot;Calibri&quot;,sans-serif\"><span style=\"font-variant:small-caps\">Economia<\/span><\/span><\/span><\/b><\/span><\/span><\/span><\/p>\r\n\r\n<p style=\"text-align:justify\"><span style=\"font-size:11pt\"><span style=\"line-height:normal\"><span style=\"font-family:Calibri,sans-serif\"><a href=\"https:\/\/www.bcb.gov.br\/content\/focus\/focus\/R20240419.pdf\" style=\"color:blue; text-decoration:underline\"><span style=\"font-size:14.0pt\">Focus - Relat&oacute;rio de Mercado<\/span><\/a><\/span><\/span><\/span><\/p>\r\n\r\n<p style=\"text-align:justify\"><span style=\"font-size:11pt\"><span style=\"line-height:normal\"><span style=\"font-family:Calibri,sans-serif\"><a href=\"https:\/\/anba.com.br\/fmi-economia-global-vai-crescer-32\/\" style=\"color:blue; text-decoration:underline\"><span style=\"font-size:14.0pt\">FMI: economia global vai crescer 3,2%<\/span><\/a><\/span><\/span><\/span><\/p>\r\n\r\n<p style=\"text-align:justify\"><span style=\"font-size:11pt\"><span style=\"line-height:normal\"><span style=\"font-family:Calibri,sans-serif\"><a href=\"https:\/\/ibre.fgv.br\/blog-da-conjuntura-economica\/artigos\/monitor-do-pib-atividade-cresce-08-em-fevereiro-ajudada-pelo\" style=\"color:blue; text-decoration:underline\"><span style=\"font-size:14.0pt\">Monitor do PIB: atividade cresce 0,8% em fevereiro, ajudada pelo consumo das fam&iacute;lias e investimento<\/span><\/a><\/span><\/span><\/span><\/p>\r\n\r\n<p style=\"text-align:justify\"><span style=\"font-size:11pt\"><span style=\"line-height:normal\"><span style=\"font-family:Calibri,sans-serif\"><a href=\"https:\/\/ibre.fgv.br\/blog-da-conjuntura-economica\/artigos\/em-foco-146\" style=\"color:blue; text-decoration:underline\"><span style=\"font-size:14.0pt\">Cr&ocirc;nica de uma morte anunciada<\/span><\/a><\/span><\/span><\/span><\/p>\r\n\r\n<p style=\"text-align:justify\"><span style=\"font-size:11pt\"><span style=\"line-height:normal\"><span style=\"font-family:Calibri,sans-serif\"><a href=\"https:\/\/portalibre.fgv.br\/noticias\/mudanca-das-metas-e-o-desafio-da-sustentabilidade-fiscal-brasileira\" style=\"color:blue; text-decoration:underline\"><span style=\"font-size:14.0pt\">A mudan&ccedil;a das metas e o desafio da sustentabilidade fiscal brasileira<\/span><\/a><\/span><\/span><\/span><\/p>\r\n\r\n<p style=\"text-align:justify\">&nbsp;<\/p>\r\n\r\n<p style=\"text-align:justify\"><span style=\"font-size:11pt\"><span style=\"line-height:normal\"><span style=\"font-family:Calibri,sans-serif\"><span style=\"font-size:14.0pt\"><img src=\"https:\/\/www.abint.org.br\/assets\/img\/editor\/redes-sociais-abint-ctg-cth_20240425174955eB77wPFtTO.jpg\" \/><\/span><\/span><\/span><\/span><\/p>\r\n","texto_en":"","7":"","imagem":"COMP_capa-2024-site-boletim-abint-noticias-semanis_20240425175059fN9FVLICwp.jpg","8":"COMP_capa-2024-site-boletim-abint-noticias-semanis_20240425175059fN9FVLICwp.jpg","arquivo":"20240425-BOLETIM-ABINT-DE-NOTICIAS-SEMANAIS.PDF","9":"20240425-BOLETIM-ABINT-DE-NOTICIAS-SEMANAIS.PDF","titulo_arquivo":"20240425 Boletim ABINT de Not\u00edcias Semanais","10":"20240425 Boletim ABINT de Not\u00edcias Semanais","titulo_arquivo_en":"","11":"","created_at":"2024-04-25 17:51:08","12":"2024-04-25 17:51:08","updated_at":"2024-04-25 17:51:08","13":"2024-04-25 17:51:08"},{"id":114,"0":114,"ordem":109,"1":109,"data":"2024-04-16","2":"2024-04-16","slug":"boletim-abint-de-noticias-semanais-26","3":"boletim-abint-de-noticias-semanais-26","titulo":"Boletim ABINT de Not\u00edcias Semanais","4":"Boletim ABINT de Not\u00edcias Semanais","titulo_en":"","5":"","texto":"<p style=\"text-align:justify\"><span style=\"font-size:11pt\"><span style=\"line-height:normal\"><span style=\"font-family:Calibri,sans-serif\"><span style=\"font-size:14.0pt\">Esta &eacute; uma compila&ccedil;&atilde;o das not&iacute;cias mais relevantes para o setor, incluindo informa&ccedil;&otilde;es sobre acordos internacionais, economia brasileira, sustentabilidade e mat&eacute;rias primas, al&eacute;m de novidades do setor de N&atilde;otecidos e Tecidos T&eacute;cnicos.<\/span><\/span><\/span><\/span><\/p>\r\n\r\n<p style=\"text-align:justify\"><span style=\"font-size:28pt\"><span style=\"font-family:Cambria,serif\"><span style=\"letter-spacing:-0.5pt\"><b><span style=\"font-size:18.0pt\"><span style=\"font-family:&quot;Calibri&quot;,sans-serif\"><span style=\"font-variant:small-caps\">O que vem por a&iacute;<\/span><\/span><\/span><\/b><\/span><\/span><\/span><\/p>\r\n\r\n<p style=\"text-align:justify\"><span style=\"font-size:28pt\"><span style=\"font-family:Cambria,serif\"><span style=\"letter-spacing:-0.5pt\"><b><span style=\"font-size:18.0pt\"><span style=\"font-family:&quot;Calibri&quot;,sans-serif\"><span style=\"font-variant:small-caps\"><img src=\"https:\/\/www.abint.org.br\/assets\/img\/editor\/abint-logo-2020-g_20240416182519xH8Y6LE7Oe.png\" style=\"width: 300px; height: 69px;\" \/><\/span><\/span><\/span><\/b><\/span><\/span><\/span><\/p>\r\n\r\n<p style=\"text-align:justify\"><span style=\"font-size:28pt\"><span style=\"font-family:Cambria,serif\"><span style=\"letter-spacing:-0.5pt\"><b><span style=\"font-size:18.0pt\"><span style=\"font-family:&quot;Calibri&quot;,sans-serif\"><span style=\"font-variant:small-caps\"><img src=\"https:\/\/www.abint.org.br\/assets\/img\/editor\/post-quadrado-curso-naotecido_20240416182559ANezyA0rDh.jpg\" style=\"width: 500px; height: 500px;\" \/><\/span><\/span><\/span><\/b><\/span><\/span><\/span><\/p>\r\n\r\n<p style=\"text-align:justify\"><span style=\"font-size:11.0pt\"><span style=\"line-height:115%\"><span style=\"font-family:&quot;Calibri&quot;,sans-serif\"><a href=\"https:\/\/forms.office.com\/r\/5DrqtK5n3Y\" style=\"color:blue; text-decoration:underline\"><span style=\"font-size:14.0pt\"><span style=\"line-height:115%\">INFORMA&Ccedil;&Otilde;ES E INSCRI&Ccedil;&Otilde;ES<\/span><\/span><\/a><\/span><\/span><\/span><\/p>\r\n\r\n<p style=\"text-align:justify\">&nbsp;<\/p>\r\n\r\n<p style=\"text-align:justify\"><span style=\"font-size:11.0pt\"><span style=\"line-height:115%\"><span style=\"font-family:&quot;Calibri&quot;,sans-serif\"><span style=\"font-size:14.0pt\"><span style=\"line-height:115%\"><img src=\"https:\/\/www.abint.org.br\/assets\/img\/editor\/logo-ctg-abint-png_20240416182638Ayk8O90IfK.png\" style=\"width: 300px; height: 55px;\" \/><\/span><\/span><\/span><\/span><\/span><\/p>\r\n\r\n<p style=\"text-align:justify\"><span style=\"font-size:11.0pt\"><span style=\"line-height:115%\"><span style=\"font-family:&quot;Calibri&quot;,sans-serif\"><span style=\"font-size:14.0pt\"><span style=\"line-height:115%\"><img src=\"https:\/\/www.abint.org.br\/assets\/img\/editor\/20240924-cobramseg-2024_20240416182824vlNDeFi9zQ.png\" \/><\/span><\/span><\/span><\/span><\/span><\/p>\r\n\r\n<p style=\"text-align:justify\">&nbsp;<\/p>\r\n\r\n<p style=\"text-align:justify\"><span style=\"font-size:11pt\"><span style=\"line-height:normal\"><span style=\"font-family:Calibri,sans-serif\"><b><span style=\"font-size:14.0pt\">O CTG ABINT &eacute; um dos patrocinadores da 21&ordf; edi&ccedil;&atilde;o do Cobramseg &ndash; Congresso Brasileiro de Mec&acirc;nica dos Solos e Engenharia Geot&eacute;cnica.<\/span><\/b><\/span><\/span><\/span><\/p>\r\n\r\n<p style=\"text-align:justify\"><span style=\"font-size:11pt\"><span style=\"line-height:normal\"><span style=\"font-family:Calibri,sans-serif\"><span style=\"font-size:14.0pt\">&ldquo;<i>Nos reunimos para celebrar a Mec&acirc;nica dos Solos e das Rochas, da GeoEngenharia! Academia, Ind&uacute;stria e &Oacute;rg&atilde;os Gestores unidos para expor seus avan&ccedil;os t&eacute;cnicos e cient&iacute;ficos. Um ambiente rico e diverso que nos permite debater solu&ccedil;&otilde;es e a&ccedil;&otilde;es de forma a fortalecer nossa comunidade geot&eacute;cnica, visando proporcionar um desenvolvimento mais sustent&aacute;vel e seguro para a nossa sociedade<\/i>.&rdquo; V&iacute;tor Pereira Faro, Presidente do COBRAMSEG 2024<\/span><\/span><\/span><\/span><\/p>\r\n\r\n<p style=\"text-align:justify\"><span style=\"font-size:11pt\"><span style=\"line-height:normal\"><span style=\"font-family:Calibri,sans-serif\"><a href=\"http:\/\/www.cobramseg.com.br\" style=\"color:blue; text-decoration:underline\"><span style=\"font-size:14.0pt\">www.cobramseg.com.br<\/span><\/a> <\/span><\/span><\/span><\/p>\r\n\r\n<p style=\"text-align:justify\">&nbsp;<\/p>\r\n\r\n<p><img src=\"https:\/\/www.abint.org.br\/assets\/img\/editor\/cth-logo-alta-png-2_20240312184602pDv7cUouKB.png\" style=\"width: 300px; height: 68px;\" \/><\/p>\r\n\r\n<p><img src=\"https:\/\/www.abint.org.br\/assets\/img\/editor\/hospitalmed-2024-logo_20240312184512NbskBsafP5.png\" style=\"width: 500px; height: 448px;\" \/><\/p>\r\n\r\n<p><b>O CTH ABINT &eacute; um dos patrocinadores da HospitalMed 2024.<\/b><\/p>\r\n\r\n<p>&ldquo;<i>A melhor e Mais Completa Feira de Sa&uacute;de do Norte\/Nordeste<\/i>&rdquo;, &eacute; uma realiza&ccedil;&atilde;o da HospitalMed Feiras &amp; Eventos e da Insight Feiras de Neg&oacute;cios.<\/p>\r\n\r\n<p><i>&ldquo;O&nbsp;<b>re&uacute;ne toda a cadeia produtiva do setor de sa&uacute;de das regi&otilde;es Norte\/Nordeste<\/b>. &Eacute; o grande encontro de fornecedores de Produtos, Equipamentos, Servi&ccedil;os, Tecnologia e Conte&uacute;do para Hospitais, Laborat&oacute;rios, Farm&aacute;cias, Cl&iacute;nicas, Consult&oacute;rios e Profissionais da Sa&uacute;de&rdquo;.<\/i><\/p>\r\n\r\n<p><a href=\"http:\/\/www.hospitalmed.com.br\/\">www.hospitalmed.com.br<\/a><\/p>\r\n\r\n<p style=\"text-align:justify\"><span style=\"font-size:28pt\"><span style=\"font-family:Cambria,serif\"><span style=\"letter-spacing:-0.5pt\"><b><span style=\"font-size:18.0pt\"><span style=\"font-family:&quot;Calibri&quot;,sans-serif\"><span style=\"font-variant:small-caps\">Not&iacute;cias das Associadas<\/span><\/span><\/span><\/b><\/span><\/span><\/span><\/p>\r\n\r\n<p style=\"text-align:justify\"><span style=\"font-size:11pt\"><span style=\"line-height:normal\"><span style=\"font-family:Calibri,sans-serif\"><a href=\"https:\/\/revistaconstrua.com.br\/noticias\/variedades\/uso-das-geocelulas-traz-beneficios-para-obras-de-infraestrutura\/\" style=\"color:blue; text-decoration:underline\"><span style=\"font-size:14.0pt\">Uso das geoc&eacute;lulas traz benef&iacute;cios para obras de infraestrutura<\/span><\/a><\/span><\/span><\/span><\/p>\r\n\r\n<p style=\"text-align:justify\"><span style=\"font-size:11pt\"><span style=\"line-height:normal\"><span style=\"font-family:Calibri,sans-serif\"><a href=\"https:\/\/www.innovationintextiles.com\/technology-machinery-equipment\/andritz-teams-up-with-microsoft\/\" style=\"color:blue; text-decoration:underline\"><span lang=\"EN-US\" style=\"font-size:14.0pt\">Andritz teams up with Microsoft<\/span><\/a><\/span><\/span><\/span><\/p>\r\n\r\n<p style=\"text-align:justify\"><span style=\"font-size:11pt\"><span style=\"line-height:normal\"><span style=\"font-family:Calibri,sans-serif\"><a href=\"https:\/\/www.indiantextilemagazine.in\/trutzschler-nonwovens-modern-nctc-a-hub-of-innovation\/\" style=\"color:blue; text-decoration:underline\"><span lang=\"EN-US\" style=\"font-size:14.0pt\">Tr&uuml;tzschler Nonwovens&rsquo; modern NCTC &ndash; a hub of innovation<\/span><\/a><\/span><\/span><\/span><\/p>\r\n\r\n<p style=\"text-align:justify\">&nbsp;<\/p>\r\n\r\n<p style=\"text-align:justify\"><span style=\"font-size:11pt\"><span style=\"line-height:normal\"><span style=\"font-family:Calibri,sans-serif\"><b><span style=\"font-size:18.0pt\"><span style=\"font-variant:small-caps\">Eventos<\/span><\/span><\/b><\/span><\/span><\/span><\/p>\r\n\r\n<p style=\"text-align:justify\"><span style=\"font-size:11pt\"><span style=\"line-height:normal\"><span style=\"font-family:Calibri,sans-serif\"><b><span style=\"font-size:14.0pt\">Workshop Etiquetagem de produtos t&ecirc;xteis e confeccionados<\/span><\/b><span class=\"MsoHyperlink\" style=\"color:blue\"><span style=\"text-decoration:underline\"><span style=\"font-size:14.0pt\"><span style=\"text-decoration:none\"><span style=\"text-underline:none\">, <\/span><\/span><\/span><\/span><\/span><span style=\"font-size:14.0pt\">17 de abril de 2024, 09h00 &agrave;s 12h00<\/span><span class=\"MsoHyperlink\" style=\"color:blue\"><span style=\"text-decoration:underline\"><span style=\"font-size:14.0pt\"><span style=\"text-decoration:none\"><span style=\"text-underline:none\">. <\/span><\/span><\/span><\/span><\/span><a href=\"https:\/\/app.rdstation.email\/mail\/9c266d63-52fa-42b3-bb06-f003dcb8dae6?utm_campaign=workshop_etiquetagem_-_abr24&amp;utm_medium=email&amp;utm_source=RD+Station\" style=\"color:blue; text-decoration:underline\"><span style=\"font-size:14.0pt\">Inscri&ccedil;&otilde;es e informa&ccedil;&otilde;es aqui<\/span><\/a> <\/span><\/span><\/span><\/p>\r\n\r\n<p style=\"text-align:justify\"><span style=\"font-size:11pt\"><span style=\"line-height:normal\"><span style=\"font-family:Calibri,sans-serif\"><b><span style=\"font-size:14.0pt\">ABTT Academy | Curso de Alfandegu&ecirc;s: Aprenda os Segredos do Com&eacute;rcio T&ecirc;xtil<\/span><\/b><span class=\"MsoHyperlink\" style=\"color:blue\"><span style=\"text-decoration:underline\"><span style=\"font-size:14.0pt\"><span style=\"text-decoration:none\"><span style=\"text-underline:none\">, <\/span><\/span><\/span><\/span><\/span><span style=\"font-size:14.0pt\">20 de abril de 2024, 08h00 &agrave;s 12h00<\/span><span class=\"MsoHyperlink\" style=\"color:blue\"><span style=\"text-decoration:underline\"><span style=\"font-size:14.0pt\"><span style=\"text-decoration:none\"><span style=\"text-underline:none\">. <\/span><\/span><\/span><\/span><\/span><a href=\"https:\/\/docs.google.com\/forms\/d\/e\/1FAIpQLSeI0D2T9RWo5ep94MerHacZNLtiABGYYveyerr8HFTB0fadqw\/viewform\" style=\"color:blue; text-decoration:underline\"><span style=\"font-size:14.0pt\">Informa&ccedil;&otilde;es e inscri&ccedil;&otilde;es aqui<\/span><\/a> <\/span><\/span><\/span><\/p>\r\n\r\n<p style=\"text-align:justify\"><span style=\"font-size:11pt\"><span style=\"line-height:normal\"><span style=\"font-family:Calibri,sans-serif\"><b><span style=\"font-size:14.0pt\">FGV IBRE | Webinar: Caminhos Para Uma Transi&ccedil;&atilde;o Energ&eacute;tica Segura<\/span><\/b><span style=\"font-size:14.0pt\">, 24 de abril de 2024, das 10h00 &agrave;s 11h30, transmiss&atilde;o YouTube FGV.<\/span> <a href=\"http:\/\/clickb.e2b.fgv.br\/Redir?14600e5f991bf7fe5765dc2d2690e19e&amp;6bc62bec97ba17f22e06669319ebe7fd\" style=\"color:blue; text-decoration:underline\"><span style=\"font-size:14.0pt\">Informa&ccedil;&otilde;es e inscri&ccedil;&otilde;es aqui<\/span><\/a><\/span><\/span><\/span><\/p>\r\n\r\n<p style=\"text-align:justify\"><span style=\"font-size:11pt\"><span style=\"line-height:normal\"><span style=\"font-family:Calibri,sans-serif\"><b><span style=\"font-size:14.0pt\">APEX | Marketing e vendas internacionais<\/span><\/b><span style=\"font-size:14.0pt\">, 25 de abril de 2024, 08h30 &agrave;s 12h30, evento online<\/span><span class=\"MsoHyperlink\" style=\"color:blue\"><span style=\"text-decoration:underline\"><span style=\"font-size:14.0pt\"><span style=\"text-decoration:none\"><span style=\"text-underline:none\">. <\/span><\/span><\/span><\/span><\/span><a href=\"https:\/\/7bd46367464f42938043bc2d987cb33f.marketingusercontent.com\/m\/view\/5YEs5l5Qtzhwarwih2gqxR2rwUW7kZ3P9XoXKGhegpkx#msdynttrid=zt5dI2xehlzZxOG4n1tDLWSG8HOEywNvhzhDI8zFdjs\" style=\"color:blue; text-decoration:underline\"><span style=\"font-size:14.0pt\">Informa&ccedil;&otilde;es e inscri&ccedil;&otilde;es aqui<\/span><\/a><\/span><\/span><\/span><\/p>\r\n\r\n<p style=\"text-align:justify\"><span style=\"font-size:11pt\"><span style=\"line-height:normal\"><span style=\"font-family:Calibri,sans-serif\"><b><span style=\"font-size:14.0pt\">VDI-Brasil | Industry4Her convida: Tend&ecirc;ncias para o mercado de Constru&ccedil;&atilde;o e Minera&ccedil;&atilde;o, <\/span><\/b><span style=\"font-size:14.0pt\">25 de abril de 2024, 09h &agrave;s 12h, Audit&oacute;rio M&amp;T Expo, S&atilde;o Paulo, SP. <\/span><a href=\"https:\/\/www.mtexpo.com.br\/industry4her-convida-tendencias-para-o-mercado-de-construcao-e-mineracao\/?utm_campaign=mt_expo_-_industry4her_-_27324&amp;utm_medium=email&amp;utm_source=RD+Station\" style=\"color:blue; text-decoration:underline\"><span style=\"font-size:14.0pt\">Informa&ccedil;&otilde;es e inscri&ccedil;&otilde;es aqui<\/span><\/a><\/span><\/span><\/span><\/p>\r\n\r\n<p style=\"text-align:justify\"><span style=\"font-size:11pt\"><span style=\"line-height:normal\"><span style=\"font-family:Calibri,sans-serif\"><b><span style=\"font-size:14.0pt\">GEOAMERICAS 2024, <\/span><\/b><span style=\"font-size:14.0pt\">de 28 de abril a 01 de maio de 2024, em Toronto (Canad&aacute;). <\/span><a href=\"https:\/\/www.geoamericas2024.org\/\" style=\"color:blue; text-decoration:underline\"><span style=\"font-size:14.0pt\">Informa&ccedil;&otilde;es aqui.<\/span><\/a><\/span><\/span><\/span><\/p>\r\n\r\n<p style=\"text-align:justify\"><span style=\"font-size:11pt\"><span style=\"line-height:normal\"><span style=\"font-family:Calibri,sans-serif\"><b><span style=\"font-size:14.0pt\">II Congresso Ibero-Americano de Esteriliza&ccedil;&atilde;o e II Congresso Nacional de Reprocessamento de Dispositivos M&eacute;dicos<\/span><\/b><span style=\"font-size:14.0pt\">, 16 a 18 de maio de 2024, Cartagena, Colombia<b>. <\/b><\/span><a href=\"http:\/\/nascecme.com.br\/ii-congresso-ibero-americano-de-esterilizacao-e-ii-congresso-nacional-de-reprocessamento-de-dispositivos-medicos\/\" style=\"color:blue; text-decoration:underline\"><span lang=\"EN-US\" style=\"font-size:14.0pt\">Informa&ccedil;&otilde;es<\/span><\/a><span lang=\"EN-US\" style=\"font-size:14.0pt\"> <\/span><\/span><\/span><\/span><\/p>\r\n\r\n<p style=\"text-align:justify\"><span style=\"font-size:11pt\"><span style=\"line-height:normal\"><span style=\"font-family:Calibri,sans-serif\"><b><span lang=\"EN-US\" style=\"font-size:14.0pt\">ANEX 2024 | Asia Nonwoven Exhibition and Conference<\/span><\/b><span lang=\"EN-US\" style=\"font-size:14.0pt\">, 22-24 May 2024, Taipei Nangang Exhibition Center, Hall 1. <\/span><a href=\"https:\/\/www.anex2024.com\/\" style=\"color:blue; text-decoration:underline\"><span lang=\"EN-US\" style=\"font-size:14.0pt\">Information here<\/span><\/a> <\/span><\/span><\/span><\/p>\r\n\r\n<p style=\"text-align:justify\"><span style=\"font-size:11pt\"><span style=\"line-height:normal\"><span style=\"font-family:Calibri,sans-serif\"><b><span lang=\"EN-US\" style=\"font-size:14.0pt\">The EDANA Innovation Forum<\/span><\/b><span class=\"MsoHyperlink\" style=\"color:blue\"><span style=\"text-decoration:underline\"><span lang=\"EN-US\" style=\"font-size:14.0pt\"><span style=\"text-decoration:none\"><span style=\"text-underline:none\">, <\/span><\/span><\/span><\/span><\/span><span lang=\"EN-US\" style=\"font-size:14.0pt\">04 - 06 June 2024, Munich<\/span><span class=\"MsoHyperlink\" style=\"color:blue\"><span style=\"text-decoration:underline\"><span lang=\"EN-US\" style=\"font-size:14.0pt\"><span style=\"text-decoration:none\"><span style=\"text-underline:none\">. <\/span><\/span><\/span><\/span><\/span><a href=\"https:\/\/www.edana.org\/events\/edana-innovation-forum-?ct=t(MENA_2018_call_for_papers6_28_2017_COPY_01)&amp;mc_cid=27efeab42f&amp;mc_eid=08e0eae351\" style=\"color:blue; text-decoration:underline\"><span lang=\"EN-US\" style=\"font-size:14.0pt\">Information here<\/span><\/a><\/span><\/span><\/span><\/p>\r\n\r\n<p style=\"text-align:justify\"><span style=\"font-size:11pt\"><span style=\"line-height:normal\"><span style=\"font-family:Calibri,sans-serif\"><b><span lang=\"EN-US\" style=\"font-size:14.0pt\">HIGITEX 2024 | International Technical Textiles &amp; Nonwoven Exhibition<\/span><\/b><span lang=\"EN-US\" style=\"font-size:14.0pt\">, 4-8 June 2024, T&uuml;yap Fair Convention and Congress Center, T&uuml;rkiye. <\/span><a href=\"https:\/\/www.hightex.com.tr\/\" style=\"color:blue; text-decoration:underline\"><span style=\"font-size:14.0pt\">Information here<\/span><\/a> <\/span><\/span><\/span><\/p>\r\n\r\n<p style=\"text-align:justify\"><span style=\"font-size:11pt\"><span style=\"line-height:normal\"><span style=\"font-family:Calibri,sans-serif\"><b><span style=\"font-size:14.0pt\">AESabesp | O Mega Desafio Trazido Pela Nova Lei de Licita&ccedil;&otilde;es e Contratos - Lei 14133\/2021, <\/span><\/b><span style=\"font-size:14.0pt\">17 a 19 de junho de 2024, das 08h &agrave;s 17h, na sede da AESabesp, em S&atilde;o Paulo. <\/span><a href=\"https:\/\/send.neopixdmi.com\/index.php\/campaigns\/bt5255bhowca7\/web-version\/mh045xn88n9c0\" style=\"color:blue; text-decoration:underline\"><span style=\"font-size:14.0pt\">Informa&ccedil;&otilde;es e inscri&ccedil;&otilde;es aqui<\/span><\/a><\/span><\/span><\/span><\/p>\r\n\r\n<p style=\"text-align:justify\"><span style=\"font-size:11pt\"><span style=\"line-height:normal\"><span style=\"font-family:Calibri,sans-serif\"><b><span style=\"font-size:14.0pt\">FEIPLAR COMPOSITES &amp; FEIPUR &ndash; Feira e Congresso Internacionais de Composites, Poliuretano, Pl&aacute;sticos de Engenharia e Compostos Termopl&aacute;sticos<\/span><\/b><span style=\"font-size:14.0pt\">, 20 a 22 de agosto de 2024, S&atilde;o Paulo Expo (Pavilh&atilde;o 5), palestras: das 8h30 &agrave;s 18h, feira: das 13h &agrave;s 20h.<b> <\/b><\/span><a href=\"http:\/\/www.feiplar.com\" style=\"color:blue; text-decoration:underline\"><span style=\"font-size:14.0pt\">www.feiplar.com<\/span><\/a> <\/span><\/span><\/span><\/p>\r\n\r\n<p style=\"text-align:justify\"><span style=\"font-size:11pt\"><span style=\"line-height:normal\"><span style=\"font-family:Calibri,sans-serif\"><b><span style=\"font-size:14.0pt\">Fenasan 2024 &ndash; Feira Nacional de Saneamento e Meio Ambiente<\/span><\/b><span style=\"font-size:14.0pt\">, 22 a 24 de outubro de 2024, Pavilh&otilde;es Verde e Vermelho, Expo Center Norte, S&atilde;o Paulo SP. <\/span><a href=\"http:\/\/www.fenasan.com.br\" style=\"color:blue; text-decoration:underline\"><span style=\"font-size:14.0pt\">www.fenasan.com.br<\/span><\/a> <\/span><\/span><\/span><\/p>\r\n\r\n<p style=\"text-align:justify\"><span style=\"font-size:11pt\"><span style=\"line-height:normal\"><span style=\"font-family:Calibri,sans-serif\"><b><span style=\"font-size:14.0pt\">HospitalMed 2024<\/span><\/b><span style=\"font-size:14.0pt\">, 23 a 25 de outubro, das 14h &agrave;s 20h, no Pernambuco Centro de Conven&ccedil;&otilde;es. <\/span><a href=\"http:\/\/www.hospitalmed.com.br\" style=\"color:blue; text-decoration:underline\"><span lang=\"EN-US\" style=\"font-size:14.0pt\">www.hospitalmed.com.br<\/span><\/a> <\/span><\/span><\/span><\/p>\r\n\r\n<p style=\"text-align:justify\"><span style=\"font-size:28pt\"><span style=\"font-family:Cambria,serif\"><span style=\"letter-spacing:-0.5pt\"><b><span lang=\"EN-US\" style=\"font-size:18.0pt\"><span style=\"font-family:&quot;Calibri&quot;,sans-serif\"><span style=\"font-variant:small-caps\">Setor<\/span><\/span><\/span><\/b><\/span><\/span><\/span><\/p>\r\n\r\n<p style=\"text-align:justify\"><span style=\"font-size:11pt\"><span style=\"line-height:normal\"><span style=\"font-family:Calibri,sans-serif\"><a href=\"https:\/\/www.nonwovens-industry.com\/contents\/view_breaking-news\/2024-04-11\/edana-reports-57-reduction-in-nonwovens-production?utm_campaign=NON+eNewsletter&amp;utm_medium=email&amp;_hsenc=p2ANqtz-8ynY4xEshBnVxO3wwlIkVc5ITjk03Uqyc-vuRsjgAJNpkDTKLnBZiz9SzrfEiQK4UfCULJanI9G_I7yU5mh57NjMeDaw&amp;_hsmi=302266705&amp;utm_content=302266705&amp;utm_source=hs_email\" style=\"color:blue; text-decoration:underline\"><span lang=\"EN-US\" style=\"font-size:14.0pt\">EDANA Reports 5.7% Reduction in Nonwovens Production<\/span><\/a><\/span><\/span><\/span><\/p>\r\n\r\n<p style=\"text-align:justify\"><span style=\"font-size:11pt\"><span style=\"line-height:normal\"><span style=\"font-family:Calibri,sans-serif\"><a href=\"https:\/\/tissueonline.com.br\/kimberly-clark-expande-producao-de-fraldas-no-peru\/?utm_campaign=newsletter_12042024_novo_modelo&amp;utm_medium=email&amp;utm_source=RD+Station\" style=\"color:blue; text-decoration:underline\"><span style=\"font-size:14.0pt\">Kimberly-Clark expande produ&ccedil;&atilde;o de fraldas no Peru<\/span><\/a><\/span><\/span><\/span><\/p>\r\n\r\n<p style=\"text-align:justify\"><span style=\"font-size:11pt\"><span style=\"line-height:normal\"><span style=\"font-family:Calibri,sans-serif\"><a href=\"https:\/\/www.nonwovens-industry.com\/contents\/view_features\/2024-04-04\/geotextiles-agrotextiles-report?utm_campaign=NON+Issue+Alert&amp;utm_medium=email&amp;_hsenc=p2ANqtz--e0NdbIUI2AL6XGSWYeDPQw7WY9hXFL8SGTl4iWZSqml6IYma33TE8wH3AHGQqq2iXijjySqmF6kpEx30EVIYcVrc1xQ&amp;_hsmi=302266573&amp;utm_content=302266573&amp;utm_source=hs_email\" style=\"color:blue; text-decoration:underline\"><span lang=\"EN-US\" style=\"font-size:14.0pt\">Geotextiles &amp; Agrotextiles Report<\/span><\/a><\/span><\/span><\/span><\/p>\r\n\r\n<p style=\"text-align:justify\"><span style=\"font-size:11pt\"><span style=\"line-height:normal\"><span style=\"font-family:Calibri,sans-serif\"><a href=\"https:\/\/www.technicaltextile.net\/news\/australia-s-ansell-to-acquire-kimberly-clark-s-ppe-biz-for-640-mn-294388.html\" style=\"color:blue; text-decoration:underline\"><span lang=\"EN-US\" style=\"font-size:14.0pt\">Australia&#39;s Ansell to acquire Kimberly-Clark&#39;s PPE biz for $640 mn<\/span><\/a><\/span><\/span><\/span><\/p>\r\n\r\n<p style=\"text-align:justify\"><span style=\"font-size:11pt\"><span style=\"line-height:normal\"><span style=\"font-family:Calibri,sans-serif\"><a href=\"https:\/\/www.gov.br\/mdic\/pt-br\/assuntos\/noticias\/2024\/abril\/plataforma-contribuira-para-qualificar-investimentos-em-p-d-para-a-saude\" style=\"color:blue; text-decoration:underline\"><span style=\"font-size:14.0pt\">Plataforma contribuir&aacute; para qualificar investimentos em P&amp;D para a sa&uacute;de<\/span><\/a><\/span><\/span><\/span><\/p>\r\n\r\n<p style=\"text-align:justify\"><span style=\"font-size:11pt\"><span style=\"line-height:normal\"><span style=\"font-family:Calibri,sans-serif\"><a href=\"https:\/\/blogdoplastico.wordpress.com\/2024\/04\/12\/messe-dusseldorf-divulga-slogan-e-topicos-principais-da-k-2025-o-poder-do-plastico-verde-inteligente-responsavel\/\" style=\"color:blue; text-decoration:underline\"><span style=\"font-size:14.0pt\">Messe D&uuml;sseldorf divulga slogan e t&oacute;picos principais da K 2025: O poder do pl&aacute;stico! Verde &ndash; Inteligente &ndash; Respons&aacute;vel<\/span><\/a><\/span><\/span><\/span><\/p>\r\n\r\n<p style=\"text-align:justify\"><span style=\"font-size:28pt\"><span style=\"font-family:Cambria,serif\"><span style=\"letter-spacing:-0.5pt\"><b><span style=\"font-size:18.0pt\"><span style=\"font-family:&quot;Calibri&quot;,sans-serif\"><span style=\"font-variant:small-caps\">Ind&uacute;stria<\/span><\/span><\/span><\/b><\/span><\/span><\/span><\/p>\r\n\r\n<p style=\"text-align:justify\"><span style=\"font-size:11pt\"><span style=\"line-height:normal\"><span style=\"font-family:Calibri,sans-serif\"><a href=\"https:\/\/epbr.com.br\/pop-mesmo-e-a-industria\/\" style=\"color:blue; text-decoration:underline\"><span style=\"font-size:14.0pt\">Pop mesmo &eacute; a ind&uacute;stria...<\/span><\/a><\/span><\/span><\/span><\/p>\r\n\r\n<p style=\"text-align:justify\"><span style=\"font-size:11pt\"><span style=\"line-height:normal\"><span style=\"font-family:Calibri,sans-serif\"><a href=\"https:\/\/noticias.portaldaindustria.com.br\/noticias\/economia\/industria-de-transformacao-mantem-ritmo-aquecido-aponta-pesquisa-da-cni\/\" style=\"color:blue; text-decoration:underline\"><span style=\"font-size:14.0pt\">Ind&uacute;stria de transforma&ccedil;&atilde;o mant&eacute;m ritmo aquecido, aponta pesquisa da CNI<\/span><\/a><\/span><\/span><\/span><\/p>\r\n\r\n<p style=\"text-align:justify\"><span style=\"font-size:11pt\"><span style=\"line-height:normal\"><span style=\"font-family:Calibri,sans-serif\"><a href=\"https:\/\/www.fibre2fashion.com\/news\/textile-news\/wto-projects-global-trade-rebound-in-2024-2025-downside-risks-exist-294456-newsdetails.htm\" style=\"color:blue; text-decoration:underline\"><span lang=\"EN-US\" style=\"font-size:14.0pt\">WTO projects global trade rebound in 2024, 2025; downside risks exist<\/span><\/a><\/span><\/span><\/span><\/p>\r\n\r\n<p style=\"text-align:justify\"><span style=\"font-size:11pt\"><span style=\"line-height:normal\"><span style=\"font-family:Calibri,sans-serif\"><a href=\"https:\/\/www.infomoney.com.br\/consumo\/producao-e-venda-de-veiculos-crescem-em-marco-no-pais-aponta-anfavea\/\" style=\"color:blue; text-decoration:underline\"><span style=\"font-size:14.0pt\">Produ&ccedil;&atilde;o e venda de ve&iacute;culos crescem em mar&ccedil;o no pa&iacute;s, aponta Anfavea<\/span><\/a><\/span><\/span><\/span><\/p>\r\n\r\n<p style=\"text-align:justify\"><span style=\"font-size:11pt\"><span style=\"line-height:normal\"><span style=\"font-family:Calibri,sans-serif\"><a href=\"https:\/\/oantagonista.com.br\/brasil\/investimento-recorde-revoluciona-industria-automobilistica-brasileira\/\" style=\"color:blue; text-decoration:underline\"><span style=\"font-size:14.0pt\">Investimento recorde revoluciona ind&uacute;stria automobil&iacute;stica brasileira<\/span><\/a><\/span><\/span><\/span><\/p>\r\n\r\n<p style=\"text-align:justify\"><span style=\"font-size:11pt\"><span style=\"line-height:normal\"><span style=\"font-family:Calibri,sans-serif\"><a href=\"https:\/\/grandesconstrucoes.com.br\/Noticias\/Exibir\/setor-de-construcao-defende-investimento-massivo-para-sanar-atrasos-em-infraestrutura?utm_source=akna&amp;utm_medium=email&amp;utm_campaign=Grandes-Construcoes-Informativo-907-11-04-2024&amp;utm_source=akna&amp;utm_medium=email&amp;utm_campaign=Grandes-Construcoes-Informativo-907-11-04-2024\" style=\"color:blue; text-decoration:underline\"><span style=\"font-size:14.0pt\">Setor de constru&ccedil;&atilde;o defende investimento massivo para sanar atrasos em infraestrutura<\/span><\/a><\/span><\/span><\/span><\/p>\r\n\r\n<p style=\"text-align:justify\"><span style=\"font-size:11pt\"><span style=\"line-height:normal\"><span style=\"font-family:Calibri,sans-serif\"><a href=\"https:\/\/petronoticias.com.br\/ibpvc-vai-representar-as-empresas-brasileiras-na-escocia-no-maior-evento-internacional-sobre-a-industria-de-pvc-no-mundo\/\" style=\"color:blue; text-decoration:underline\"><span style=\"font-size:14.0pt\">Empresas brasileiras est&atilde;o representadas no maior evento internacional sobre a ind&uacute;stria do PVC no mundo<\/span><\/a><\/span><\/span><\/span><\/p>\r\n\r\n<p style=\"text-align:justify\"><span style=\"font-size:11pt\"><span style=\"line-height:normal\"><span style=\"font-family:Calibri,sans-serif\"><a href=\"https:\/\/plasticosemrevista.com.br\/rafia-mercado-retomou-normalidade-em-2023\/\" style=\"color:blue; text-decoration:underline\"><span style=\"font-size:14.0pt\">R&aacute;fia: mercado retomou normalidade em 2023<\/span><\/a><\/span><\/span><\/span><\/p>\r\n\r\n<p style=\"text-align:justify\"><span style=\"font-size:28pt\"><span style=\"font-family:Cambria,serif\"><span style=\"letter-spacing:-0.5pt\"><b><span style=\"font-size:18.0pt\"><span style=\"font-family:&quot;Calibri&quot;,sans-serif\"><span style=\"font-variant:small-caps\">Sustentabilidade<\/span><\/span><\/span><\/b><\/span><\/span><\/span><\/p>\r\n\r\n<p style=\"text-align:justify\"><span style=\"font-size:11pt\"><span style=\"line-height:normal\"><span style=\"font-family:Calibri,sans-serif\"><a href=\"https:\/\/revistaoe.com.br\/uso-pioneiro-de-plastico-reciclavel-na-restauracao-de-rodovias\/\" style=\"color:blue; text-decoration:underline\"><span style=\"font-size:14.0pt\">Uso pioneiro de pl&aacute;stico recicl&aacute;vel na restaura&ccedil;&atilde;o de rodovias<\/span><\/a><\/span><\/span><\/span><\/p>\r\n\r\n<p style=\"text-align:justify\"><span style=\"font-size:11pt\"><span style=\"line-height:normal\"><span style=\"font-family:Calibri,sans-serif\"><a href=\"https:\/\/www.nonwovens-industry.com\/contents\/view_features\/2024-04-04\/indas-long-life-durables-and-sustainability-focus?utm_campaign=NON+Issue+Alert&amp;utm_medium=email&amp;_hsenc=p2ANqtz-8gSJigDRatn2Pqm2GMdcQ-0xixZk0TcmpNDv1PFTfPLRd-1r3hbUzJuoW-yLdNvoZB9MTGzweepRBFc8a_GWztrcCq_g&amp;_hsmi=302266573&amp;utm_content=302266573&amp;utm_source=hs_email\" style=\"color:blue; text-decoration:underline\"><span lang=\"EN-US\" style=\"font-size:14.0pt\">INDA&rsquo;s Long-Life Durables and Sustainability Focus<\/span><\/a><\/span><\/span><\/span><\/p>\r\n\r\n<p style=\"text-align:justify\"><span style=\"font-size:11pt\"><span style=\"line-height:normal\"><span style=\"font-family:Calibri,sans-serif\"><a href=\"https:\/\/cfq.org.br\/noticia\/21759-2\/\" style=\"color:blue; text-decoration:underline\"><span style=\"font-size:14.0pt\">FPQu&iacute;mica debate sustentabilidade e desenvolvimento da ind&uacute;stria qu&iacute;mica brasileira<\/span><\/a><\/span><\/span><\/span><\/p>\r\n\r\n<p style=\"text-align:justify\"><span style=\"font-size:28pt\"><span style=\"font-family:Cambria,serif\"><span style=\"letter-spacing:-0.5pt\"><b><span style=\"font-size:18.0pt\"><span style=\"font-family:&quot;Calibri&quot;,sans-serif\"><span style=\"font-variant:small-caps\">Inova&ccedil;&atilde;o<\/span><\/span><\/span><\/b><\/span><\/span><\/span><\/p>\r\n\r\n<p style=\"text-align:justify\"><span style=\"font-size:11pt\"><span style=\"line-height:normal\"><span style=\"font-family:Calibri,sans-serif\"><a href=\"https:\/\/senaicetiqt.com\/solucao-inovadora-para-economizar-agua-na-industria-textil-conheca-a-tecnologia-de-plasma-atmosferico\/\" style=\"color:blue; text-decoration:underline\"><span style=\"font-size:14.0pt\">Solu&ccedil;&atilde;o inovadora para economizar &aacute;gua na ind&uacute;stria t&ecirc;xtil: conhe&ccedil;a a tecnologia do plasma atmosf&eacute;rico<\/span><\/a><\/span><\/span><\/span><\/p>\r\n\r\n<p style=\"text-align:justify\"><span style=\"font-size:11pt\"><span style=\"line-height:normal\"><span style=\"font-family:Calibri,sans-serif\"><a href=\"https:\/\/noticias.portaldaindustria.com.br\/noticias\/inovacao-e-tecnologia\/industria-academia-e-governo-discutem-como-as-missoes-podem-orientar-a-tecnologia-e-a-inovacao\/\" style=\"color:blue; text-decoration:underline\"><span style=\"font-size:14.0pt\">Ind&uacute;stria, academia e governo discutem abordagem de inova&ccedil;&atilde;o orientada por miss&otilde;es<\/span><\/a><\/span><\/span><\/span><\/p>\r\n\r\n<p style=\"text-align:justify\"><span style=\"font-size:11pt\"><span style=\"line-height:normal\"><span style=\"font-family:Calibri,sans-serif\"><a href=\"https:\/\/phys.org\/news\/2024-04-co8322-biomass-path-environmentally-friendly.html?utm_source=nwletter&amp;utm_medium=email&amp;utm_campaign=daily-nwletter#google_vignette\" style=\"color:blue; text-decoration:underline\"><span lang=\"EN-US\" style=\"font-size:14.0pt\">Using CO\u2082 and biomass, researchers find path to more environmentally friendly recyclable plastics<\/span><\/a><\/span><\/span><\/span><\/p>\r\n\r\n<p style=\"text-align:justify\"><span style=\"font-size:11pt\"><span style=\"line-height:normal\"><span style=\"font-family:Calibri,sans-serif\"><a href=\"https:\/\/techxplore.com\/news\/2024-04-unique-solution-smart-textile-production.html?utm_source=nwletter&amp;utm_medium=email&amp;utm_campaign=daily-nwletter#google_vignette\" style=\"color:blue; text-decoration:underline\"><span lang=\"EN-US\" style=\"font-size:14.0pt\">Researcher proposes unique solution for smart textile production<\/span><\/a><\/span><\/span><\/span><\/p>\r\n\r\n<p style=\"text-align:justify\"><span style=\"font-size:28pt\"><span style=\"font-family:Cambria,serif\"><span style=\"letter-spacing:-0.5pt\"><b><span style=\"font-size:18.0pt\"><span style=\"font-family:&quot;Calibri&quot;,sans-serif\"><span style=\"font-variant:small-caps\">Com&eacute;rcio Exterior<\/span><\/span><\/span><\/b><\/span><\/span><\/span><\/p>\r\n\r\n<p style=\"text-align:justify\"><span style=\"font-size:11pt\"><span style=\"line-height:normal\"><span style=\"font-family:Calibri,sans-serif\"><a href=\"https:\/\/www.fibre2fashion.com\/news\/textile-news\/eu-imposes-anti-dumping-duties-on-chinese-pet-imports-294325-newsdetails.htm\" style=\"color:blue; text-decoration:underline\"><span lang=\"EN-US\" style=\"font-size:14.0pt\">EU imposes anti-dumping duties on Chinese PET imports<\/span><\/a><\/span><\/span><\/span><\/p>\r\n\r\n<p style=\"text-align:justify\"><span style=\"font-size:11pt\"><span style=\"line-height:normal\"><span style=\"font-family:Calibri,sans-serif\"><a href=\"https:\/\/textileindustry.ning.com\/forum\/topics\/com-rcio-mundial-de-t-xteis-e-vestu-rio-em-queda\" style=\"color:blue; text-decoration:underline\"><span style=\"font-size:14.0pt\">Com&eacute;rcio mundial de t&ecirc;xteis e vestu&aacute;rio em queda<\/span><\/a><\/span><\/span><\/span><\/p>\r\n\r\n<p style=\"text-align:justify\"><span style=\"font-size:11pt\"><span style=\"line-height:normal\"><span style=\"font-family:Calibri,sans-serif\"><a href=\"https:\/\/www.gov.br\/mdic\/pt-br\/assuntos\/noticias\/2024\/abril\/mdic-debate-com-setor-produtivo-adequacao-a-imposto-sobre-carbono-da-ue-e-reino-unido\" style=\"color:blue; text-decoration:underline\"><span style=\"font-size:14.0pt\">Exporta&ccedil;&otilde;es e competitividade: MDIC debate com setor produtivo adequa&ccedil;&atilde;o a imposto sobre carbono da UE e Reino Unido<\/span><\/a><\/span><\/span><\/span><\/p>\r\n\r\n<p style=\"text-align:justify\"><span style=\"font-size:11pt\"><span style=\"line-height:normal\"><span style=\"font-family:Calibri,sans-serif\"><a href=\"https:\/\/www.gov.br\/receitafederal\/pt-br\/assuntos\/noticias\/2024\/abril\/publicado-o-3o-relatorio-de-atividades-do-grupo-de-inteligencia-de-comercio-exterior-gi-cex\" style=\"color:blue; text-decoration:underline\"><span style=\"font-size:14.0pt\">Publicado o 3&ordm; Relat&oacute;rio de Atividades do Grupo de Intelig&ecirc;ncia de Com&eacute;rcio Exterior (GI-CEX)<\/span><\/a><\/span><\/span><\/span><\/p>\r\n\r\n<p style=\"text-align:justify\"><span style=\"font-size:28pt\"><span style=\"font-family:Cambria,serif\"><span style=\"letter-spacing:-0.5pt\"><b><span style=\"font-size:18.0pt\"><span style=\"font-family:&quot;Calibri&quot;,sans-serif\"><span style=\"font-variant:small-caps\">Economia<\/span><\/span><\/span><\/b><\/span><\/span><\/span><\/p>\r\n\r\n<p style=\"text-align:justify\"><span style=\"font-size:11pt\"><span style=\"line-height:normal\"><span style=\"font-family:Calibri,sans-serif\"><a href=\"https:\/\/www.bcb.gov.br\/content\/focus\/focus\/R20240412.pdf\" style=\"color:blue; text-decoration:underline\"><span style=\"font-size:14.0pt\">Focus - Relat&oacute;rio de Mercado<\/span><\/a><\/span><\/span><\/span><\/p>\r\n\r\n<p style=\"text-align:justify\"><span style=\"font-size:11pt\"><span style=\"line-height:normal\"><span style=\"font-family:Calibri,sans-serif\"><a href=\"https:\/\/noticias.portaldaindustria.com.br\/noticias\/economia\/confianca-da-industria-na-economia-diminui-em-abril-segundo-cni\/\" style=\"color:blue; text-decoration:underline\"><span style=\"font-size:14.0pt\">Confian&ccedil;a da ind&uacute;stria na economia diminui em abril, segundo CNI<\/span><\/a><\/span><\/span><\/span><\/p>\r\n\r\n<p style=\"text-align:justify\"><span style=\"font-size:11pt\"><span style=\"line-height:normal\"><span style=\"font-family:Calibri,sans-serif\"><a href=\"https:\/\/br.investing.com\/news\/economic-indicators\/banco-mundial-eleva-projecao-de-crescimento-do-pib-brasileiro-em-2024-1231010\" style=\"color:blue; text-decoration:underline\"><span style=\"font-size:14.0pt\">Banco Mundial eleva proje&ccedil;&atilde;o de crescimento do PIB brasileiro em 2024<\/span><\/a><\/span><\/span><\/span><\/p>\r\n\r\n<p style=\"text-align:justify\"><span style=\"font-size:11pt\"><span style=\"line-height:normal\"><span style=\"font-family:Calibri,sans-serif\"><a href=\"https:\/\/portalibre.fgv.br\/system\/files\/2024-04\/barometros-globais-kof-fgv_press-release_04_2024_0.pdf\" style=\"color:blue; text-decoration:underline\"><span style=\"font-size:14.0pt\">Bar&ocirc;metros Globais acomodam em patamar moderado<\/span><\/a><\/span><\/span><\/span><\/p>\r\n\r\n<p style=\"text-align:justify\"><span style=\"font-size:11pt\"><span style=\"line-height:normal\"><span style=\"font-family:Calibri,sans-serif\"><a href=\"https:\/\/www.gov.br\/mdic\/pt-br\/assuntos\/noticias\/2024\/abril\/comite-propoe-acordo-de-cooperacao-com-estados-para-replicar-economia-de-impacto-em-todo-o-pais\" style=\"color:blue; text-decoration:underline\"><span style=\"font-size:14.0pt\">Comit&ecirc; prop&otilde;e acordo de coopera&ccedil;&atilde;o com estados para replicar economia de impacto em todo o pa&iacute;s<\/span><\/a><\/span><\/span><\/span><\/p>\r\n\r\n<p style=\"text-align:justify\"><span style=\"font-size:11pt\"><span style=\"line-height:normal\"><span style=\"font-family:Calibri,sans-serif\"><a href=\"https:\/\/economia.uol.com.br\/noticias\/estadao-conteudo\/2024\/04\/13\/ataque-do-ira-deve-elevar-petroleo-e-dolar-e-gerar-menor-espaco-a-corte-de-juro-diz-economista.htm\" style=\"color:blue; text-decoration:underline\"><span style=\"font-size:14.0pt\">Ataque do Ir&atilde; deve fazer d&oacute;lar subir e reduzir espa&ccedil;o para corte de juros<\/span><\/a><\/span><\/span><\/span><\/p>\r\n\r\n<p style=\"text-align:justify\"><img src=\"https:\/\/www.abint.org.br\/assets\/img\/editor\/redes-sociais-abint-ctg-cth_20240409162423JDpTllKh9C.jpg\" \/><\/p>\r\n","6":"<p style=\"text-align:justify\"><span style=\"font-size:11pt\"><span style=\"line-height:normal\"><span style=\"font-family:Calibri,sans-serif\"><span style=\"font-size:14.0pt\">Esta &eacute; uma compila&ccedil;&atilde;o das not&iacute;cias mais relevantes para o setor, incluindo informa&ccedil;&otilde;es sobre acordos internacionais, economia brasileira, sustentabilidade e mat&eacute;rias primas, al&eacute;m de novidades do setor de N&atilde;otecidos e Tecidos T&eacute;cnicos.<\/span><\/span><\/span><\/span><\/p>\r\n\r\n<p style=\"text-align:justify\"><span style=\"font-size:28pt\"><span style=\"font-family:Cambria,serif\"><span style=\"letter-spacing:-0.5pt\"><b><span style=\"font-size:18.0pt\"><span style=\"font-family:&quot;Calibri&quot;,sans-serif\"><span style=\"font-variant:small-caps\">O que vem por a&iacute;<\/span><\/span><\/span><\/b><\/span><\/span><\/span><\/p>\r\n\r\n<p style=\"text-align:justify\"><span style=\"font-size:28pt\"><span style=\"font-family:Cambria,serif\"><span style=\"letter-spacing:-0.5pt\"><b><span style=\"font-size:18.0pt\"><span style=\"font-family:&quot;Calibri&quot;,sans-serif\"><span style=\"font-variant:small-caps\"><img src=\"https:\/\/www.abint.org.br\/assets\/img\/editor\/abint-logo-2020-g_20240416182519xH8Y6LE7Oe.png\" style=\"width: 300px; height: 69px;\" \/><\/span><\/span><\/span><\/b><\/span><\/span><\/span><\/p>\r\n\r\n<p style=\"text-align:justify\"><span style=\"font-size:28pt\"><span style=\"font-family:Cambria,serif\"><span style=\"letter-spacing:-0.5pt\"><b><span style=\"font-size:18.0pt\"><span style=\"font-family:&quot;Calibri&quot;,sans-serif\"><span style=\"font-variant:small-caps\"><img src=\"https:\/\/www.abint.org.br\/assets\/img\/editor\/post-quadrado-curso-naotecido_20240416182559ANezyA0rDh.jpg\" style=\"width: 500px; height: 500px;\" \/><\/span><\/span><\/span><\/b><\/span><\/span><\/span><\/p>\r\n\r\n<p style=\"text-align:justify\"><span style=\"font-size:11.0pt\"><span style=\"line-height:115%\"><span style=\"font-family:&quot;Calibri&quot;,sans-serif\"><a href=\"https:\/\/forms.office.com\/r\/5DrqtK5n3Y\" style=\"color:blue; text-decoration:underline\"><span style=\"font-size:14.0pt\"><span style=\"line-height:115%\">INFORMA&Ccedil;&Otilde;ES E INSCRI&Ccedil;&Otilde;ES<\/span><\/span><\/a><\/span><\/span><\/span><\/p>\r\n\r\n<p style=\"text-align:justify\">&nbsp;<\/p>\r\n\r\n<p style=\"text-align:justify\"><span style=\"font-size:11.0pt\"><span style=\"line-height:115%\"><span style=\"font-family:&quot;Calibri&quot;,sans-serif\"><span style=\"font-size:14.0pt\"><span style=\"line-height:115%\"><img src=\"https:\/\/www.abint.org.br\/assets\/img\/editor\/logo-ctg-abint-png_20240416182638Ayk8O90IfK.png\" style=\"width: 300px; height: 55px;\" \/><\/span><\/span><\/span><\/span><\/span><\/p>\r\n\r\n<p style=\"text-align:justify\"><span style=\"font-size:11.0pt\"><span style=\"line-height:115%\"><span style=\"font-family:&quot;Calibri&quot;,sans-serif\"><span style=\"font-size:14.0pt\"><span style=\"line-height:115%\"><img src=\"https:\/\/www.abint.org.br\/assets\/img\/editor\/20240924-cobramseg-2024_20240416182824vlNDeFi9zQ.png\" \/><\/span><\/span><\/span><\/span><\/span><\/p>\r\n\r\n<p style=\"text-align:justify\">&nbsp;<\/p>\r\n\r\n<p style=\"text-align:justify\"><span style=\"font-size:11pt\"><span style=\"line-height:normal\"><span style=\"font-family:Calibri,sans-serif\"><b><span style=\"font-size:14.0pt\">O CTG ABINT &eacute; um dos patrocinadores da 21&ordf; edi&ccedil;&atilde;o do Cobramseg &ndash; Congresso Brasileiro de Mec&acirc;nica dos Solos e Engenharia Geot&eacute;cnica.<\/span><\/b><\/span><\/span><\/span><\/p>\r\n\r\n<p style=\"text-align:justify\"><span style=\"font-size:11pt\"><span style=\"line-height:normal\"><span style=\"font-family:Calibri,sans-serif\"><span style=\"font-size:14.0pt\">&ldquo;<i>Nos reunimos para celebrar a Mec&acirc;nica dos Solos e das Rochas, da GeoEngenharia! Academia, Ind&uacute;stria e &Oacute;rg&atilde;os Gestores unidos para expor seus avan&ccedil;os t&eacute;cnicos e cient&iacute;ficos. Um ambiente rico e diverso que nos permite debater solu&ccedil;&otilde;es e a&ccedil;&otilde;es de forma a fortalecer nossa comunidade geot&eacute;cnica, visando proporcionar um desenvolvimento mais sustent&aacute;vel e seguro para a nossa sociedade<\/i>.&rdquo; V&iacute;tor Pereira Faro, Presidente do COBRAMSEG 2024<\/span><\/span><\/span><\/span><\/p>\r\n\r\n<p style=\"text-align:justify\"><span style=\"font-size:11pt\"><span style=\"line-height:normal\"><span style=\"font-family:Calibri,sans-serif\"><a href=\"http:\/\/www.cobramseg.com.br\" style=\"color:blue; text-decoration:underline\"><span style=\"font-size:14.0pt\">www.cobramseg.com.br<\/span><\/a> <\/span><\/span><\/span><\/p>\r\n\r\n<p style=\"text-align:justify\">&nbsp;<\/p>\r\n\r\n<p><img src=\"https:\/\/www.abint.org.br\/assets\/img\/editor\/cth-logo-alta-png-2_20240312184602pDv7cUouKB.png\" style=\"width: 300px; height: 68px;\" \/><\/p>\r\n\r\n<p><img src=\"https:\/\/www.abint.org.br\/assets\/img\/editor\/hospitalmed-2024-logo_20240312184512NbskBsafP5.png\" style=\"width: 500px; height: 448px;\" \/><\/p>\r\n\r\n<p><b>O CTH ABINT &eacute; um dos patrocinadores da HospitalMed 2024.<\/b><\/p>\r\n\r\n<p>&ldquo;<i>A melhor e Mais Completa Feira de Sa&uacute;de do Norte\/Nordeste<\/i>&rdquo;, &eacute; uma realiza&ccedil;&atilde;o da HospitalMed Feiras &amp; Eventos e da Insight Feiras de Neg&oacute;cios.<\/p>\r\n\r\n<p><i>&ldquo;O&nbsp;<b>re&uacute;ne toda a cadeia produtiva do setor de sa&uacute;de das regi&otilde;es Norte\/Nordeste<\/b>. &Eacute; o grande encontro de fornecedores de Produtos, Equipamentos, Servi&ccedil;os, Tecnologia e Conte&uacute;do para Hospitais, Laborat&oacute;rios, Farm&aacute;cias, Cl&iacute;nicas, Consult&oacute;rios e Profissionais da Sa&uacute;de&rdquo;.<\/i><\/p>\r\n\r\n<p><a href=\"http:\/\/www.hospitalmed.com.br\/\">www.hospitalmed.com.br<\/a><\/p>\r\n\r\n<p style=\"text-align:justify\"><span style=\"font-size:28pt\"><span style=\"font-family:Cambria,serif\"><span style=\"letter-spacing:-0.5pt\"><b><span style=\"font-size:18.0pt\"><span style=\"font-family:&quot;Calibri&quot;,sans-serif\"><span style=\"font-variant:small-caps\">Not&iacute;cias das Associadas<\/span><\/span><\/span><\/b><\/span><\/span><\/span><\/p>\r\n\r\n<p style=\"text-align:justify\"><span style=\"font-size:11pt\"><span style=\"line-height:normal\"><span style=\"font-family:Calibri,sans-serif\"><a href=\"https:\/\/revistaconstrua.com.br\/noticias\/variedades\/uso-das-geocelulas-traz-beneficios-para-obras-de-infraestrutura\/\" style=\"color:blue; text-decoration:underline\"><span style=\"font-size:14.0pt\">Uso das geoc&eacute;lulas traz benef&iacute;cios para obras de infraestrutura<\/span><\/a><\/span><\/span><\/span><\/p>\r\n\r\n<p style=\"text-align:justify\"><span style=\"font-size:11pt\"><span style=\"line-height:normal\"><span style=\"font-family:Calibri,sans-serif\"><a href=\"https:\/\/www.innovationintextiles.com\/technology-machinery-equipment\/andritz-teams-up-with-microsoft\/\" style=\"color:blue; text-decoration:underline\"><span lang=\"EN-US\" style=\"font-size:14.0pt\">Andritz teams up with Microsoft<\/span><\/a><\/span><\/span><\/span><\/p>\r\n\r\n<p style=\"text-align:justify\"><span style=\"font-size:11pt\"><span style=\"line-height:normal\"><span style=\"font-family:Calibri,sans-serif\"><a href=\"https:\/\/www.indiantextilemagazine.in\/trutzschler-nonwovens-modern-nctc-a-hub-of-innovation\/\" style=\"color:blue; text-decoration:underline\"><span lang=\"EN-US\" style=\"font-size:14.0pt\">Tr&uuml;tzschler Nonwovens&rsquo; modern NCTC &ndash; a hub of innovation<\/span><\/a><\/span><\/span><\/span><\/p>\r\n\r\n<p style=\"text-align:justify\">&nbsp;<\/p>\r\n\r\n<p style=\"text-align:justify\"><span style=\"font-size:11pt\"><span style=\"line-height:normal\"><span style=\"font-family:Calibri,sans-serif\"><b><span style=\"font-size:18.0pt\"><span style=\"font-variant:small-caps\">Eventos<\/span><\/span><\/b><\/span><\/span><\/span><\/p>\r\n\r\n<p style=\"text-align:justify\"><span style=\"font-size:11pt\"><span style=\"line-height:normal\"><span style=\"font-family:Calibri,sans-serif\"><b><span style=\"font-size:14.0pt\">Workshop Etiquetagem de produtos t&ecirc;xteis e confeccionados<\/span><\/b><span class=\"MsoHyperlink\" style=\"color:blue\"><span style=\"text-decoration:underline\"><span style=\"font-size:14.0pt\"><span style=\"text-decoration:none\"><span style=\"text-underline:none\">, <\/span><\/span><\/span><\/span><\/span><span style=\"font-size:14.0pt\">17 de abril de 2024, 09h00 &agrave;s 12h00<\/span><span class=\"MsoHyperlink\" style=\"color:blue\"><span style=\"text-decoration:underline\"><span style=\"font-size:14.0pt\"><span style=\"text-decoration:none\"><span style=\"text-underline:none\">. <\/span><\/span><\/span><\/span><\/span><a href=\"https:\/\/app.rdstation.email\/mail\/9c266d63-52fa-42b3-bb06-f003dcb8dae6?utm_campaign=workshop_etiquetagem_-_abr24&amp;utm_medium=email&amp;utm_source=RD+Station\" style=\"color:blue; text-decoration:underline\"><span style=\"font-size:14.0pt\">Inscri&ccedil;&otilde;es e informa&ccedil;&otilde;es aqui<\/span><\/a> <\/span><\/span><\/span><\/p>\r\n\r\n<p style=\"text-align:justify\"><span style=\"font-size:11pt\"><span style=\"line-height:normal\"><span style=\"font-family:Calibri,sans-serif\"><b><span style=\"font-size:14.0pt\">ABTT Academy | Curso de Alfandegu&ecirc;s: Aprenda os Segredos do Com&eacute;rcio T&ecirc;xtil<\/span><\/b><span class=\"MsoHyperlink\" style=\"color:blue\"><span style=\"text-decoration:underline\"><span style=\"font-size:14.0pt\"><span style=\"text-decoration:none\"><span style=\"text-underline:none\">, <\/span><\/span><\/span><\/span><\/span><span style=\"font-size:14.0pt\">20 de abril de 2024, 08h00 &agrave;s 12h00<\/span><span class=\"MsoHyperlink\" style=\"color:blue\"><span style=\"text-decoration:underline\"><span style=\"font-size:14.0pt\"><span style=\"text-decoration:none\"><span style=\"text-underline:none\">. <\/span><\/span><\/span><\/span><\/span><a href=\"https:\/\/docs.google.com\/forms\/d\/e\/1FAIpQLSeI0D2T9RWo5ep94MerHacZNLtiABGYYveyerr8HFTB0fadqw\/viewform\" style=\"color:blue; text-decoration:underline\"><span style=\"font-size:14.0pt\">Informa&ccedil;&otilde;es e inscri&ccedil;&otilde;es aqui<\/span><\/a> <\/span><\/span><\/span><\/p>\r\n\r\n<p style=\"text-align:justify\"><span style=\"font-size:11pt\"><span style=\"line-height:normal\"><span style=\"font-family:Calibri,sans-serif\"><b><span style=\"font-size:14.0pt\">FGV IBRE | Webinar: Caminhos Para Uma Transi&ccedil;&atilde;o Energ&eacute;tica Segura<\/span><\/b><span style=\"font-size:14.0pt\">, 24 de abril de 2024, das 10h00 &agrave;s 11h30, transmiss&atilde;o YouTube FGV.<\/span> <a href=\"http:\/\/clickb.e2b.fgv.br\/Redir?14600e5f991bf7fe5765dc2d2690e19e&amp;6bc62bec97ba17f22e06669319ebe7fd\" style=\"color:blue; text-decoration:underline\"><span style=\"font-size:14.0pt\">Informa&ccedil;&otilde;es e inscri&ccedil;&otilde;es aqui<\/span><\/a><\/span><\/span><\/span><\/p>\r\n\r\n<p style=\"text-align:justify\"><span style=\"font-size:11pt\"><span style=\"line-height:normal\"><span style=\"font-family:Calibri,sans-serif\"><b><span style=\"font-size:14.0pt\">APEX | Marketing e vendas internacionais<\/span><\/b><span style=\"font-size:14.0pt\">, 25 de abril de 2024, 08h30 &agrave;s 12h30, evento online<\/span><span class=\"MsoHyperlink\" style=\"color:blue\"><span style=\"text-decoration:underline\"><span style=\"font-size:14.0pt\"><span style=\"text-decoration:none\"><span style=\"text-underline:none\">. <\/span><\/span><\/span><\/span><\/span><a href=\"https:\/\/7bd46367464f42938043bc2d987cb33f.marketingusercontent.com\/m\/view\/5YEs5l5Qtzhwarwih2gqxR2rwUW7kZ3P9XoXKGhegpkx#msdynttrid=zt5dI2xehlzZxOG4n1tDLWSG8HOEywNvhzhDI8zFdjs\" style=\"color:blue; text-decoration:underline\"><span style=\"font-size:14.0pt\">Informa&ccedil;&otilde;es e inscri&ccedil;&otilde;es aqui<\/span><\/a><\/span><\/span><\/span><\/p>\r\n\r\n<p style=\"text-align:justify\"><span style=\"font-size:11pt\"><span style=\"line-height:normal\"><span style=\"font-family:Calibri,sans-serif\"><b><span style=\"font-size:14.0pt\">VDI-Brasil | Industry4Her convida: Tend&ecirc;ncias para o mercado de Constru&ccedil;&atilde;o e Minera&ccedil;&atilde;o, <\/span><\/b><span style=\"font-size:14.0pt\">25 de abril de 2024, 09h &agrave;s 12h, Audit&oacute;rio M&amp;T Expo, S&atilde;o Paulo, SP. <\/span><a href=\"https:\/\/www.mtexpo.com.br\/industry4her-convida-tendencias-para-o-mercado-de-construcao-e-mineracao\/?utm_campaign=mt_expo_-_industry4her_-_27324&amp;utm_medium=email&amp;utm_source=RD+Station\" style=\"color:blue; text-decoration:underline\"><span style=\"font-size:14.0pt\">Informa&ccedil;&otilde;es e inscri&ccedil;&otilde;es aqui<\/span><\/a><\/span><\/span><\/span><\/p>\r\n\r\n<p style=\"text-align:justify\"><span style=\"font-size:11pt\"><span style=\"line-height:normal\"><span style=\"font-family:Calibri,sans-serif\"><b><span style=\"font-size:14.0pt\">GEOAMERICAS 2024, <\/span><\/b><span style=\"font-size:14.0pt\">de 28 de abril a 01 de maio de 2024, em Toronto (Canad&aacute;). <\/span><a href=\"https:\/\/www.geoamericas2024.org\/\" style=\"color:blue; text-decoration:underline\"><span style=\"font-size:14.0pt\">Informa&ccedil;&otilde;es aqui.<\/span><\/a><\/span><\/span><\/span><\/p>\r\n\r\n<p style=\"text-align:justify\"><span style=\"font-size:11pt\"><span style=\"line-height:normal\"><span style=\"font-family:Calibri,sans-serif\"><b><span style=\"font-size:14.0pt\">II Congresso Ibero-Americano de Esteriliza&ccedil;&atilde;o e II Congresso Nacional de Reprocessamento de Dispositivos M&eacute;dicos<\/span><\/b><span style=\"font-size:14.0pt\">, 16 a 18 de maio de 2024, Cartagena, Colombia<b>. <\/b><\/span><a href=\"http:\/\/nascecme.com.br\/ii-congresso-ibero-americano-de-esterilizacao-e-ii-congresso-nacional-de-reprocessamento-de-dispositivos-medicos\/\" style=\"color:blue; text-decoration:underline\"><span lang=\"EN-US\" style=\"font-size:14.0pt\">Informa&ccedil;&otilde;es<\/span><\/a><span lang=\"EN-US\" style=\"font-size:14.0pt\"> <\/span><\/span><\/span><\/span><\/p>\r\n\r\n<p style=\"text-align:justify\"><span style=\"font-size:11pt\"><span style=\"line-height:normal\"><span style=\"font-family:Calibri,sans-serif\"><b><span lang=\"EN-US\" style=\"font-size:14.0pt\">ANEX 2024 | Asia Nonwoven Exhibition and Conference<\/span><\/b><span lang=\"EN-US\" style=\"font-size:14.0pt\">, 22-24 May 2024, Taipei Nangang Exhibition Center, Hall 1. <\/span><a href=\"https:\/\/www.anex2024.com\/\" style=\"color:blue; text-decoration:underline\"><span lang=\"EN-US\" style=\"font-size:14.0pt\">Information here<\/span><\/a> <\/span><\/span><\/span><\/p>\r\n\r\n<p style=\"text-align:justify\"><span style=\"font-size:11pt\"><span style=\"line-height:normal\"><span style=\"font-family:Calibri,sans-serif\"><b><span lang=\"EN-US\" style=\"font-size:14.0pt\">The EDANA Innovation Forum<\/span><\/b><span class=\"MsoHyperlink\" style=\"color:blue\"><span style=\"text-decoration:underline\"><span lang=\"EN-US\" style=\"font-size:14.0pt\"><span style=\"text-decoration:none\"><span style=\"text-underline:none\">, <\/span><\/span><\/span><\/span><\/span><span lang=\"EN-US\" style=\"font-size:14.0pt\">04 - 06 June 2024, Munich<\/span><span class=\"MsoHyperlink\" style=\"color:blue\"><span style=\"text-decoration:underline\"><span lang=\"EN-US\" style=\"font-size:14.0pt\"><span style=\"text-decoration:none\"><span style=\"text-underline:none\">. <\/span><\/span><\/span><\/span><\/span><a href=\"https:\/\/www.edana.org\/events\/edana-innovation-forum-?ct=t(MENA_2018_call_for_papers6_28_2017_COPY_01)&amp;mc_cid=27efeab42f&amp;mc_eid=08e0eae351\" style=\"color:blue; text-decoration:underline\"><span lang=\"EN-US\" style=\"font-size:14.0pt\">Information here<\/span><\/a><\/span><\/span><\/span><\/p>\r\n\r\n<p style=\"text-align:justify\"><span style=\"font-size:11pt\"><span style=\"line-height:normal\"><span style=\"font-family:Calibri,sans-serif\"><b><span lang=\"EN-US\" style=\"font-size:14.0pt\">HIGITEX 2024 | International Technical Textiles &amp; Nonwoven Exhibition<\/span><\/b><span lang=\"EN-US\" style=\"font-size:14.0pt\">, 4-8 June 2024, T&uuml;yap Fair Convention and Congress Center, T&uuml;rkiye. <\/span><a href=\"https:\/\/www.hightex.com.tr\/\" style=\"color:blue; text-decoration:underline\"><span style=\"font-size:14.0pt\">Information here<\/span><\/a> <\/span><\/span><\/span><\/p>\r\n\r\n<p style=\"text-align:justify\"><span style=\"font-size:11pt\"><span style=\"line-height:normal\"><span style=\"font-family:Calibri,sans-serif\"><b><span style=\"font-size:14.0pt\">AESabesp | O Mega Desafio Trazido Pela Nova Lei de Licita&ccedil;&otilde;es e Contratos - Lei 14133\/2021, <\/span><\/b><span style=\"font-size:14.0pt\">17 a 19 de junho de 2024, das 08h &agrave;s 17h, na sede da AESabesp, em S&atilde;o Paulo. <\/span><a href=\"https:\/\/send.neopixdmi.com\/index.php\/campaigns\/bt5255bhowca7\/web-version\/mh045xn88n9c0\" style=\"color:blue; text-decoration:underline\"><span style=\"font-size:14.0pt\">Informa&ccedil;&otilde;es e inscri&ccedil;&otilde;es aqui<\/span><\/a><\/span><\/span><\/span><\/p>\r\n\r\n<p style=\"text-align:justify\"><span style=\"font-size:11pt\"><span style=\"line-height:normal\"><span style=\"font-family:Calibri,sans-serif\"><b><span style=\"font-size:14.0pt\">FEIPLAR COMPOSITES &amp; FEIPUR &ndash; Feira e Congresso Internacionais de Composites, Poliuretano, Pl&aacute;sticos de Engenharia e Compostos Termopl&aacute;sticos<\/span><\/b><span style=\"font-size:14.0pt\">, 20 a 22 de agosto de 2024, S&atilde;o Paulo Expo (Pavilh&atilde;o 5), palestras: das 8h30 &agrave;s 18h, feira: das 13h &agrave;s 20h.<b> <\/b><\/span><a href=\"http:\/\/www.feiplar.com\" style=\"color:blue; text-decoration:underline\"><span style=\"font-size:14.0pt\">www.feiplar.com<\/span><\/a> <\/span><\/span><\/span><\/p>\r\n\r\n<p style=\"text-align:justify\"><span style=\"font-size:11pt\"><span style=\"line-height:normal\"><span style=\"font-family:Calibri,sans-serif\"><b><span style=\"font-size:14.0pt\">Fenasan 2024 &ndash; Feira Nacional de Saneamento e Meio Ambiente<\/span><\/b><span style=\"font-size:14.0pt\">, 22 a 24 de outubro de 2024, Pavilh&otilde;es Verde e Vermelho, Expo Center Norte, S&atilde;o Paulo SP. <\/span><a href=\"http:\/\/www.fenasan.com.br\" style=\"color:blue; text-decoration:underline\"><span style=\"font-size:14.0pt\">www.fenasan.com.br<\/span><\/a> <\/span><\/span><\/span><\/p>\r\n\r\n<p style=\"text-align:justify\"><span style=\"font-size:11pt\"><span style=\"line-height:normal\"><span style=\"font-family:Calibri,sans-serif\"><b><span style=\"font-size:14.0pt\">HospitalMed 2024<\/span><\/b><span style=\"font-size:14.0pt\">, 23 a 25 de outubro, das 14h &agrave;s 20h, no Pernambuco Centro de Conven&ccedil;&otilde;es. <\/span><a href=\"http:\/\/www.hospitalmed.com.br\" style=\"color:blue; text-decoration:underline\"><span lang=\"EN-US\" style=\"font-size:14.0pt\">www.hospitalmed.com.br<\/span><\/a> <\/span><\/span><\/span><\/p>\r\n\r\n<p style=\"text-align:justify\"><span style=\"font-size:28pt\"><span style=\"font-family:Cambria,serif\"><span style=\"letter-spacing:-0.5pt\"><b><span lang=\"EN-US\" style=\"font-size:18.0pt\"><span style=\"font-family:&quot;Calibri&quot;,sans-serif\"><span style=\"font-variant:small-caps\">Setor<\/span><\/span><\/span><\/b><\/span><\/span><\/span><\/p>\r\n\r\n<p style=\"text-align:justify\"><span style=\"font-size:11pt\"><span style=\"line-height:normal\"><span style=\"font-family:Calibri,sans-serif\"><a href=\"https:\/\/www.nonwovens-industry.com\/contents\/view_breaking-news\/2024-04-11\/edana-reports-57-reduction-in-nonwovens-production?utm_campaign=NON+eNewsletter&amp;utm_medium=email&amp;_hsenc=p2ANqtz-8ynY4xEshBnVxO3wwlIkVc5ITjk03Uqyc-vuRsjgAJNpkDTKLnBZiz9SzrfEiQK4UfCULJanI9G_I7yU5mh57NjMeDaw&amp;_hsmi=302266705&amp;utm_content=302266705&amp;utm_source=hs_email\" style=\"color:blue; text-decoration:underline\"><span lang=\"EN-US\" style=\"font-size:14.0pt\">EDANA Reports 5.7% Reduction in Nonwovens Production<\/span><\/a><\/span><\/span><\/span><\/p>\r\n\r\n<p style=\"text-align:justify\"><span style=\"font-size:11pt\"><span style=\"line-height:normal\"><span style=\"font-family:Calibri,sans-serif\"><a href=\"https:\/\/tissueonline.com.br\/kimberly-clark-expande-producao-de-fraldas-no-peru\/?utm_campaign=newsletter_12042024_novo_modelo&amp;utm_medium=email&amp;utm_source=RD+Station\" style=\"color:blue; text-decoration:underline\"><span style=\"font-size:14.0pt\">Kimberly-Clark expande produ&ccedil;&atilde;o de fraldas no Peru<\/span><\/a><\/span><\/span><\/span><\/p>\r\n\r\n<p style=\"text-align:justify\"><span style=\"font-size:11pt\"><span style=\"line-height:normal\"><span style=\"font-family:Calibri,sans-serif\"><a href=\"https:\/\/www.nonwovens-industry.com\/contents\/view_features\/2024-04-04\/geotextiles-agrotextiles-report?utm_campaign=NON+Issue+Alert&amp;utm_medium=email&amp;_hsenc=p2ANqtz--e0NdbIUI2AL6XGSWYeDPQw7WY9hXFL8SGTl4iWZSqml6IYma33TE8wH3AHGQqq2iXijjySqmF6kpEx30EVIYcVrc1xQ&amp;_hsmi=302266573&amp;utm_content=302266573&amp;utm_source=hs_email\" style=\"color:blue; text-decoration:underline\"><span lang=\"EN-US\" style=\"font-size:14.0pt\">Geotextiles &amp; Agrotextiles Report<\/span><\/a><\/span><\/span><\/span><\/p>\r\n\r\n<p style=\"text-align:justify\"><span style=\"font-size:11pt\"><span style=\"line-height:normal\"><span style=\"font-family:Calibri,sans-serif\"><a href=\"https:\/\/www.technicaltextile.net\/news\/australia-s-ansell-to-acquire-kimberly-clark-s-ppe-biz-for-640-mn-294388.html\" style=\"color:blue; text-decoration:underline\"><span lang=\"EN-US\" style=\"font-size:14.0pt\">Australia&#39;s Ansell to acquire Kimberly-Clark&#39;s PPE biz for $640 mn<\/span><\/a><\/span><\/span><\/span><\/p>\r\n\r\n<p style=\"text-align:justify\"><span style=\"font-size:11pt\"><span style=\"line-height:normal\"><span style=\"font-family:Calibri,sans-serif\"><a href=\"https:\/\/www.gov.br\/mdic\/pt-br\/assuntos\/noticias\/2024\/abril\/plataforma-contribuira-para-qualificar-investimentos-em-p-d-para-a-saude\" style=\"color:blue; text-decoration:underline\"><span style=\"font-size:14.0pt\">Plataforma contribuir&aacute; para qualificar investimentos em P&amp;D para a sa&uacute;de<\/span><\/a><\/span><\/span><\/span><\/p>\r\n\r\n<p style=\"text-align:justify\"><span style=\"font-size:11pt\"><span style=\"line-height:normal\"><span style=\"font-family:Calibri,sans-serif\"><a href=\"https:\/\/blogdoplastico.wordpress.com\/2024\/04\/12\/messe-dusseldorf-divulga-slogan-e-topicos-principais-da-k-2025-o-poder-do-plastico-verde-inteligente-responsavel\/\" style=\"color:blue; text-decoration:underline\"><span style=\"font-size:14.0pt\">Messe D&uuml;sseldorf divulga slogan e t&oacute;picos principais da K 2025: O poder do pl&aacute;stico! Verde &ndash; Inteligente &ndash; Respons&aacute;vel<\/span><\/a><\/span><\/span><\/span><\/p>\r\n\r\n<p style=\"text-align:justify\"><span style=\"font-size:28pt\"><span style=\"font-family:Cambria,serif\"><span style=\"letter-spacing:-0.5pt\"><b><span style=\"font-size:18.0pt\"><span style=\"font-family:&quot;Calibri&quot;,sans-serif\"><span style=\"font-variant:small-caps\">Ind&uacute;stria<\/span><\/span><\/span><\/b><\/span><\/span><\/span><\/p>\r\n\r\n<p style=\"text-align:justify\"><span style=\"font-size:11pt\"><span style=\"line-height:normal\"><span style=\"font-family:Calibri,sans-serif\"><a href=\"https:\/\/epbr.com.br\/pop-mesmo-e-a-industria\/\" style=\"color:blue; text-decoration:underline\"><span style=\"font-size:14.0pt\">Pop mesmo &eacute; a ind&uacute;stria...<\/span><\/a><\/span><\/span><\/span><\/p>\r\n\r\n<p style=\"text-align:justify\"><span style=\"font-size:11pt\"><span style=\"line-height:normal\"><span style=\"font-family:Calibri,sans-serif\"><a href=\"https:\/\/noticias.portaldaindustria.com.br\/noticias\/economia\/industria-de-transformacao-mantem-ritmo-aquecido-aponta-pesquisa-da-cni\/\" style=\"color:blue; text-decoration:underline\"><span style=\"font-size:14.0pt\">Ind&uacute;stria de transforma&ccedil;&atilde;o mant&eacute;m ritmo aquecido, aponta pesquisa da CNI<\/span><\/a><\/span><\/span><\/span><\/p>\r\n\r\n<p style=\"text-align:justify\"><span style=\"font-size:11pt\"><span style=\"line-height:normal\"><span style=\"font-family:Calibri,sans-serif\"><a href=\"https:\/\/www.fibre2fashion.com\/news\/textile-news\/wto-projects-global-trade-rebound-in-2024-2025-downside-risks-exist-294456-newsdetails.htm\" style=\"color:blue; text-decoration:underline\"><span lang=\"EN-US\" style=\"font-size:14.0pt\">WTO projects global trade rebound in 2024, 2025; downside risks exist<\/span><\/a><\/span><\/span><\/span><\/p>\r\n\r\n<p style=\"text-align:justify\"><span style=\"font-size:11pt\"><span style=\"line-height:normal\"><span style=\"font-family:Calibri,sans-serif\"><a href=\"https:\/\/www.infomoney.com.br\/consumo\/producao-e-venda-de-veiculos-crescem-em-marco-no-pais-aponta-anfavea\/\" style=\"color:blue; text-decoration:underline\"><span style=\"font-size:14.0pt\">Produ&ccedil;&atilde;o e venda de ve&iacute;culos crescem em mar&ccedil;o no pa&iacute;s, aponta Anfavea<\/span><\/a><\/span><\/span><\/span><\/p>\r\n\r\n<p style=\"text-align:justify\"><span style=\"font-size:11pt\"><span style=\"line-height:normal\"><span style=\"font-family:Calibri,sans-serif\"><a href=\"https:\/\/oantagonista.com.br\/brasil\/investimento-recorde-revoluciona-industria-automobilistica-brasileira\/\" style=\"color:blue; text-decoration:underline\"><span style=\"font-size:14.0pt\">Investimento recorde revoluciona ind&uacute;stria automobil&iacute;stica brasileira<\/span><\/a><\/span><\/span><\/span><\/p>\r\n\r\n<p style=\"text-align:justify\"><span style=\"font-size:11pt\"><span style=\"line-height:normal\"><span style=\"font-family:Calibri,sans-serif\"><a href=\"https:\/\/grandesconstrucoes.com.br\/Noticias\/Exibir\/setor-de-construcao-defende-investimento-massivo-para-sanar-atrasos-em-infraestrutura?utm_source=akna&amp;utm_medium=email&amp;utm_campaign=Grandes-Construcoes-Informativo-907-11-04-2024&amp;utm_source=akna&amp;utm_medium=email&amp;utm_campaign=Grandes-Construcoes-Informativo-907-11-04-2024\" style=\"color:blue; text-decoration:underline\"><span style=\"font-size:14.0pt\">Setor de constru&ccedil;&atilde;o defende investimento massivo para sanar atrasos em infraestrutura<\/span><\/a><\/span><\/span><\/span><\/p>\r\n\r\n<p style=\"text-align:justify\"><span style=\"font-size:11pt\"><span style=\"line-height:normal\"><span style=\"font-family:Calibri,sans-serif\"><a href=\"https:\/\/petronoticias.com.br\/ibpvc-vai-representar-as-empresas-brasileiras-na-escocia-no-maior-evento-internacional-sobre-a-industria-de-pvc-no-mundo\/\" style=\"color:blue; text-decoration:underline\"><span style=\"font-size:14.0pt\">Empresas brasileiras est&atilde;o representadas no maior evento internacional sobre a ind&uacute;stria do PVC no mundo<\/span><\/a><\/span><\/span><\/span><\/p>\r\n\r\n<p style=\"text-align:justify\"><span style=\"font-size:11pt\"><span style=\"line-height:normal\"><span style=\"font-family:Calibri,sans-serif\"><a href=\"https:\/\/plasticosemrevista.com.br\/rafia-mercado-retomou-normalidade-em-2023\/\" style=\"color:blue; text-decoration:underline\"><span style=\"font-size:14.0pt\">R&aacute;fia: mercado retomou normalidade em 2023<\/span><\/a><\/span><\/span><\/span><\/p>\r\n\r\n<p style=\"text-align:justify\"><span style=\"font-size:28pt\"><span style=\"font-family:Cambria,serif\"><span style=\"letter-spacing:-0.5pt\"><b><span style=\"font-size:18.0pt\"><span style=\"font-family:&quot;Calibri&quot;,sans-serif\"><span style=\"font-variant:small-caps\">Sustentabilidade<\/span><\/span><\/span><\/b><\/span><\/span><\/span><\/p>\r\n\r\n<p style=\"text-align:justify\"><span style=\"font-size:11pt\"><span style=\"line-height:normal\"><span style=\"font-family:Calibri,sans-serif\"><a href=\"https:\/\/revistaoe.com.br\/uso-pioneiro-de-plastico-reciclavel-na-restauracao-de-rodovias\/\" style=\"color:blue; text-decoration:underline\"><span style=\"font-size:14.0pt\">Uso pioneiro de pl&aacute;stico recicl&aacute;vel na restaura&ccedil;&atilde;o de rodovias<\/span><\/a><\/span><\/span><\/span><\/p>\r\n\r\n<p style=\"text-align:justify\"><span style=\"font-size:11pt\"><span style=\"line-height:normal\"><span style=\"font-family:Calibri,sans-serif\"><a href=\"https:\/\/www.nonwovens-industry.com\/contents\/view_features\/2024-04-04\/indas-long-life-durables-and-sustainability-focus?utm_campaign=NON+Issue+Alert&amp;utm_medium=email&amp;_hsenc=p2ANqtz-8gSJigDRatn2Pqm2GMdcQ-0xixZk0TcmpNDv1PFTfPLRd-1r3hbUzJuoW-yLdNvoZB9MTGzweepRBFc8a_GWztrcCq_g&amp;_hsmi=302266573&amp;utm_content=302266573&amp;utm_source=hs_email\" style=\"color:blue; text-decoration:underline\"><span lang=\"EN-US\" style=\"font-size:14.0pt\">INDA&rsquo;s Long-Life Durables and Sustainability Focus<\/span><\/a><\/span><\/span><\/span><\/p>\r\n\r\n<p style=\"text-align:justify\"><span style=\"font-size:11pt\"><span style=\"line-height:normal\"><span style=\"font-family:Calibri,sans-serif\"><a href=\"https:\/\/cfq.org.br\/noticia\/21759-2\/\" style=\"color:blue; text-decoration:underline\"><span style=\"font-size:14.0pt\">FPQu&iacute;mica debate sustentabilidade e desenvolvimento da ind&uacute;stria qu&iacute;mica brasileira<\/span><\/a><\/span><\/span><\/span><\/p>\r\n\r\n<p style=\"text-align:justify\"><span style=\"font-size:28pt\"><span style=\"font-family:Cambria,serif\"><span style=\"letter-spacing:-0.5pt\"><b><span style=\"font-size:18.0pt\"><span style=\"font-family:&quot;Calibri&quot;,sans-serif\"><span style=\"font-variant:small-caps\">Inova&ccedil;&atilde;o<\/span><\/span><\/span><\/b><\/span><\/span><\/span><\/p>\r\n\r\n<p style=\"text-align:justify\"><span style=\"font-size:11pt\"><span style=\"line-height:normal\"><span style=\"font-family:Calibri,sans-serif\"><a href=\"https:\/\/senaicetiqt.com\/solucao-inovadora-para-economizar-agua-na-industria-textil-conheca-a-tecnologia-de-plasma-atmosferico\/\" style=\"color:blue; text-decoration:underline\"><span style=\"font-size:14.0pt\">Solu&ccedil;&atilde;o inovadora para economizar &aacute;gua na ind&uacute;stria t&ecirc;xtil: conhe&ccedil;a a tecnologia do plasma atmosf&eacute;rico<\/span><\/a><\/span><\/span><\/span><\/p>\r\n\r\n<p style=\"text-align:justify\"><span style=\"font-size:11pt\"><span style=\"line-height:normal\"><span style=\"font-family:Calibri,sans-serif\"><a href=\"https:\/\/noticias.portaldaindustria.com.br\/noticias\/inovacao-e-tecnologia\/industria-academia-e-governo-discutem-como-as-missoes-podem-orientar-a-tecnologia-e-a-inovacao\/\" style=\"color:blue; text-decoration:underline\"><span style=\"font-size:14.0pt\">Ind&uacute;stria, academia e governo discutem abordagem de inova&ccedil;&atilde;o orientada por miss&otilde;es<\/span><\/a><\/span><\/span><\/span><\/p>\r\n\r\n<p style=\"text-align:justify\"><span style=\"font-size:11pt\"><span style=\"line-height:normal\"><span style=\"font-family:Calibri,sans-serif\"><a href=\"https:\/\/phys.org\/news\/2024-04-co8322-biomass-path-environmentally-friendly.html?utm_source=nwletter&amp;utm_medium=email&amp;utm_campaign=daily-nwletter#google_vignette\" style=\"color:blue; text-decoration:underline\"><span lang=\"EN-US\" style=\"font-size:14.0pt\">Using CO\u2082 and biomass, researchers find path to more environmentally friendly recyclable plastics<\/span><\/a><\/span><\/span><\/span><\/p>\r\n\r\n<p style=\"text-align:justify\"><span style=\"font-size:11pt\"><span style=\"line-height:normal\"><span style=\"font-family:Calibri,sans-serif\"><a href=\"https:\/\/techxplore.com\/news\/2024-04-unique-solution-smart-textile-production.html?utm_source=nwletter&amp;utm_medium=email&amp;utm_campaign=daily-nwletter#google_vignette\" style=\"color:blue; text-decoration:underline\"><span lang=\"EN-US\" style=\"font-size:14.0pt\">Researcher proposes unique solution for smart textile production<\/span><\/a><\/span><\/span><\/span><\/p>\r\n\r\n<p style=\"text-align:justify\"><span style=\"font-size:28pt\"><span style=\"font-family:Cambria,serif\"><span style=\"letter-spacing:-0.5pt\"><b><span style=\"font-size:18.0pt\"><span style=\"font-family:&quot;Calibri&quot;,sans-serif\"><span style=\"font-variant:small-caps\">Com&eacute;rcio Exterior<\/span><\/span><\/span><\/b><\/span><\/span><\/span><\/p>\r\n\r\n<p style=\"text-align:justify\"><span style=\"font-size:11pt\"><span style=\"line-height:normal\"><span style=\"font-family:Calibri,sans-serif\"><a href=\"https:\/\/www.fibre2fashion.com\/news\/textile-news\/eu-imposes-anti-dumping-duties-on-chinese-pet-imports-294325-newsdetails.htm\" style=\"color:blue; text-decoration:underline\"><span lang=\"EN-US\" style=\"font-size:14.0pt\">EU imposes anti-dumping duties on Chinese PET imports<\/span><\/a><\/span><\/span><\/span><\/p>\r\n\r\n<p style=\"text-align:justify\"><span style=\"font-size:11pt\"><span style=\"line-height:normal\"><span style=\"font-family:Calibri,sans-serif\"><a href=\"https:\/\/textileindustry.ning.com\/forum\/topics\/com-rcio-mundial-de-t-xteis-e-vestu-rio-em-queda\" style=\"color:blue; text-decoration:underline\"><span style=\"font-size:14.0pt\">Com&eacute;rcio mundial de t&ecirc;xteis e vestu&aacute;rio em queda<\/span><\/a><\/span><\/span><\/span><\/p>\r\n\r\n<p style=\"text-align:justify\"><span style=\"font-size:11pt\"><span style=\"line-height:normal\"><span style=\"font-family:Calibri,sans-serif\"><a href=\"https:\/\/www.gov.br\/mdic\/pt-br\/assuntos\/noticias\/2024\/abril\/mdic-debate-com-setor-produtivo-adequacao-a-imposto-sobre-carbono-da-ue-e-reino-unido\" style=\"color:blue; text-decoration:underline\"><span style=\"font-size:14.0pt\">Exporta&ccedil;&otilde;es e competitividade: MDIC debate com setor produtivo adequa&ccedil;&atilde;o a imposto sobre carbono da UE e Reino Unido<\/span><\/a><\/span><\/span><\/span><\/p>\r\n\r\n<p style=\"text-align:justify\"><span style=\"font-size:11pt\"><span style=\"line-height:normal\"><span style=\"font-family:Calibri,sans-serif\"><a href=\"https:\/\/www.gov.br\/receitafederal\/pt-br\/assuntos\/noticias\/2024\/abril\/publicado-o-3o-relatorio-de-atividades-do-grupo-de-inteligencia-de-comercio-exterior-gi-cex\" style=\"color:blue; text-decoration:underline\"><span style=\"font-size:14.0pt\">Publicado o 3&ordm; Relat&oacute;rio de Atividades do Grupo de Intelig&ecirc;ncia de Com&eacute;rcio Exterior (GI-CEX)<\/span><\/a><\/span><\/span><\/span><\/p>\r\n\r\n<p style=\"text-align:justify\"><span style=\"font-size:28pt\"><span style=\"font-family:Cambria,serif\"><span style=\"letter-spacing:-0.5pt\"><b><span style=\"font-size:18.0pt\"><span style=\"font-family:&quot;Calibri&quot;,sans-serif\"><span style=\"font-variant:small-caps\">Economia<\/span><\/span><\/span><\/b><\/span><\/span><\/span><\/p>\r\n\r\n<p style=\"text-align:justify\"><span style=\"font-size:11pt\"><span style=\"line-height:normal\"><span style=\"font-family:Calibri,sans-serif\"><a href=\"https:\/\/www.bcb.gov.br\/content\/focus\/focus\/R20240412.pdf\" style=\"color:blue; text-decoration:underline\"><span style=\"font-size:14.0pt\">Focus - Relat&oacute;rio de Mercado<\/span><\/a><\/span><\/span><\/span><\/p>\r\n\r\n<p style=\"text-align:justify\"><span style=\"font-size:11pt\"><span style=\"line-height:normal\"><span style=\"font-family:Calibri,sans-serif\"><a href=\"https:\/\/noticias.portaldaindustria.com.br\/noticias\/economia\/confianca-da-industria-na-economia-diminui-em-abril-segundo-cni\/\" style=\"color:blue; text-decoration:underline\"><span style=\"font-size:14.0pt\">Confian&ccedil;a da ind&uacute;stria na economia diminui em abril, segundo CNI<\/span><\/a><\/span><\/span><\/span><\/p>\r\n\r\n<p style=\"text-align:justify\"><span style=\"font-size:11pt\"><span style=\"line-height:normal\"><span style=\"font-family:Calibri,sans-serif\"><a href=\"https:\/\/br.investing.com\/news\/economic-indicators\/banco-mundial-eleva-projecao-de-crescimento-do-pib-brasileiro-em-2024-1231010\" style=\"color:blue; text-decoration:underline\"><span style=\"font-size:14.0pt\">Banco Mundial eleva proje&ccedil;&atilde;o de crescimento do PIB brasileiro em 2024<\/span><\/a><\/span><\/span><\/span><\/p>\r\n\r\n<p style=\"text-align:justify\"><span style=\"font-size:11pt\"><span style=\"line-height:normal\"><span style=\"font-family:Calibri,sans-serif\"><a href=\"https:\/\/portalibre.fgv.br\/system\/files\/2024-04\/barometros-globais-kof-fgv_press-release_04_2024_0.pdf\" style=\"color:blue; text-decoration:underline\"><span style=\"font-size:14.0pt\">Bar&ocirc;metros Globais acomodam em patamar moderado<\/span><\/a><\/span><\/span><\/span><\/p>\r\n\r\n<p style=\"text-align:justify\"><span style=\"font-size:11pt\"><span style=\"line-height:normal\"><span style=\"font-family:Calibri,sans-serif\"><a href=\"https:\/\/www.gov.br\/mdic\/pt-br\/assuntos\/noticias\/2024\/abril\/comite-propoe-acordo-de-cooperacao-com-estados-para-replicar-economia-de-impacto-em-todo-o-pais\" style=\"color:blue; text-decoration:underline\"><span style=\"font-size:14.0pt\">Comit&ecirc; prop&otilde;e acordo de coopera&ccedil;&atilde;o com estados para replicar economia de impacto em todo o pa&iacute;s<\/span><\/a><\/span><\/span><\/span><\/p>\r\n\r\n<p style=\"text-align:justify\"><span style=\"font-size:11pt\"><span style=\"line-height:normal\"><span style=\"font-family:Calibri,sans-serif\"><a href=\"https:\/\/economia.uol.com.br\/noticias\/estadao-conteudo\/2024\/04\/13\/ataque-do-ira-deve-elevar-petroleo-e-dolar-e-gerar-menor-espaco-a-corte-de-juro-diz-economista.htm\" style=\"color:blue; text-decoration:underline\"><span style=\"font-size:14.0pt\">Ataque do Ir&atilde; deve fazer d&oacute;lar subir e reduzir espa&ccedil;o para corte de juros<\/span><\/a><\/span><\/span><\/span><\/p>\r\n\r\n<p style=\"text-align:justify\"><img src=\"https:\/\/www.abint.org.br\/assets\/img\/editor\/redes-sociais-abint-ctg-cth_20240409162423JDpTllKh9C.jpg\" \/><\/p>\r\n","texto_en":"","7":"","imagem":"COMP_capa-2024-site-boletim-abint-noticias-semanis_20240416183331p273lr2WFa.jpg","8":"COMP_capa-2024-site-boletim-abint-noticias-semanis_20240416183331p273lr2WFa.jpg","arquivo":"20240416-BOLETIM-ABINT-DE-NOTICIAS-SEMANAIS.PDF","9":"20240416-BOLETIM-ABINT-DE-NOTICIAS-SEMANAIS.PDF","titulo_arquivo":"20240416 Boletim ABINT de Not\u00edcias Semanais","10":"20240416 Boletim ABINT de Not\u00edcias Semanais","titulo_arquivo_en":"","11":"","created_at":"2024-04-16 18:33:41","12":"2024-04-16 18:33:41","updated_at":"2024-04-16 18:33:41","13":"2024-04-16 18:33:41"},{"id":113,"0":113,"ordem":110,"1":110,"data":"2024-04-09","2":"2024-04-09","slug":"boletim-abint-de-noticias-semanais-25","3":"boletim-abint-de-noticias-semanais-25","titulo":"Boletim ABINT de Not\u00edcias Semanais","4":"Boletim ABINT de Not\u00edcias Semanais","titulo_en":"","5":"","texto":"<p style=\"text-align:justify\"><span style=\"font-size:11pt\"><span style=\"line-height:normal\"><span style=\"font-family:Calibri,sans-serif\"><span style=\"font-size:14.0pt\">Esta &eacute; uma compila&ccedil;&atilde;o das not&iacute;cias mais relevantes para o setor, incluindo informa&ccedil;&otilde;es sobre acordos internacionais, economia brasileira, sustentabilidade e mat&eacute;rias primas, al&eacute;m de novidades do setor de N&atilde;otecidos e Tecidos T&eacute;cnicos.<\/span><\/span><\/span><\/span><\/p>\r\n\r\n<p style=\"text-align:justify\"><span style=\"font-size:28pt\"><span style=\"font-family:Cambria,serif\"><span style=\"letter-spacing:-0.5pt\"><b><span style=\"font-size:18.0pt\"><span style=\"font-family:&quot;Calibri&quot;,sans-serif\"><span style=\"font-variant:small-caps\">O que vem por a&iacute;<\/span><\/span><\/span><\/b><\/span><\/span><\/span><\/p>\r\n\r\n<p style=\"text-align:justify\"><span style=\"font-size:28pt\"><span style=\"font-family:Cambria,serif\"><span style=\"letter-spacing:-0.5pt\"><b><span style=\"font-size:18.0pt\"><span style=\"font-family:&quot;Calibri&quot;,sans-serif\"><span style=\"font-variant:small-caps\"><img src=\"https:\/\/www.abint.org.br\/assets\/img\/editor\/abint-logo-2020-g_2024040916191496bnpXZkIS.png\" style=\"width: 300px; height: 69px;\" \/><\/span><\/span><\/span><\/b><\/span><\/span><\/span><\/p>\r\n\r\n<p style=\"text-align:justify\"><span style=\"font-size:28pt\"><span style=\"font-family:Cambria,serif\"><span style=\"letter-spacing:-0.5pt\"><b><span style=\"font-size:18.0pt\"><span style=\"font-family:&quot;Calibri&quot;,sans-serif\"><span style=\"font-variant:small-caps\"><img src=\"https:\/\/www.abint.org.br\/assets\/img\/editor\/post-quadrado-curso-naotecido_20240409161943eUQCGjoVbi.jpg\" style=\"width: 500px; height: 500px;\" \/><\/span><\/span><\/span><\/b><\/span><\/span><\/span><\/p>\r\n\r\n<p style=\"text-align:justify\"><strong><span style=\"font-size:11pt\"><span style=\"line-height:normal\"><span style=\"font-family:Calibri,sans-serif\"><a href=\"https:\/\/forms.office.com\/r\/5DrqtK5n3Y\" style=\"color:blue; text-decoration:underline\"><span style=\"font-size:14.0pt\">INFORMA&Ccedil;&Otilde;ES E INSCRI&Ccedil;&Otilde;ES<\/span><\/a><\/span><\/span><\/span><\/strong><\/p>\r\n\r\n<p style=\"text-align:justify\">&nbsp;<\/p>\r\n\r\n<p><img src=\"https:\/\/www.abint.org.br\/assets\/img\/editor\/cth-logo-alta-png-2_20240312184602pDv7cUouKB.png\" style=\"width: 300px; height: 68px;\" \/><\/p>\r\n\r\n<p><img src=\"https:\/\/www.abint.org.br\/assets\/img\/editor\/hospitalmed-2024-logo_20240312184512NbskBsafP5.png\" style=\"width: 500px; height: 448px;\" \/><\/p>\r\n\r\n<p style=\"text-align:justify\"><span style=\"font-size:11pt\"><span style=\"line-height:normal\"><span style=\"font-family:Calibri,sans-serif\"><b><span style=\"font-size:12.0pt\">O CTH ABINT &eacute; um dos patrocinadores da HospitalMed 2024.<\/span><\/b><\/span><\/span><\/span><\/p>\r\n\r\n<p style=\"text-align:justify\"><span style=\"font-size:11pt\"><span style=\"line-height:normal\"><span style=\"font-family:Calibri,sans-serif\"><span style=\"font-size:12.0pt\">&ldquo;<i>A melhor e Mais Completa Feira de Sa&uacute;de do Norte\/Nordeste<\/i>&rdquo;, &eacute; uma realiza&ccedil;&atilde;o da HospitalMed Feiras &amp; Eventos e da Insight Feiras de Neg&oacute;cios.<\/span><\/span><\/span><\/span><\/p>\r\n\r\n<p style=\"text-align:justify\"><span style=\"font-size:11pt\"><span style=\"line-height:normal\"><span style=\"font-family:Calibri,sans-serif\"><i><span style=\"font-size:12.0pt\">&ldquo;O <b>re&uacute;ne toda a cadeia produtiva do setor de sa&uacute;de das regi&otilde;es Norte\/Nordeste<\/b>. &Eacute; o grande encontro de fornecedores de Produtos, Equipamentos, Servi&ccedil;os, Tecnologia e Conte&uacute;do para Hospitais, Laborat&oacute;rios, Farm&aacute;cias, Cl&iacute;nicas, Consult&oacute;rios e Profissionais da Sa&uacute;de&rdquo;.<\/span><\/i><\/span><\/span><\/span><\/p>\r\n\r\n<p style=\"text-align:justify\"><span style=\"font-size:11pt\"><span style=\"line-height:normal\"><span style=\"font-family:Calibri,sans-serif\"><a href=\"http:\/\/www.hospitalmed.com.br\" style=\"color:blue; text-decoration:underline\"><span style=\"font-size:14.0pt\">www.hospitalmed.com.br<\/span><\/a> <\/span><\/span><\/span><\/p>\r\n\r\n<p style=\"text-align:justify\"><span style=\"font-size:28pt\"><span style=\"font-family:Cambria,serif\"><span style=\"letter-spacing:-0.5pt\"><b><span style=\"font-size:18.0pt\"><span style=\"font-family:&quot;Calibri&quot;,sans-serif\"><span style=\"font-variant:small-caps\">Not&iacute;cias das Associadas<\/span><\/span><\/span><\/b><\/span><\/span><\/span><\/p>\r\n\r\n<p style=\"text-align:justify\"><span style=\"font-size:11pt\"><span style=\"line-height:normal\"><span style=\"font-family:Calibri,sans-serif\"><a href=\"http:\/\/www.jornow.com.br\/jornow\/noticia.php?idempresa=6253&amp;num_release=290823&amp;ori=V\" style=\"color:blue; text-decoration:underline\"><span style=\"font-size:14.0pt\">Infraestrutura: conhe&ccedil;a os benef&iacute;cios das geoc&eacute;lulas<\/span><\/a><\/span><\/span><\/span><\/p>\r\n\r\n<p style=\"text-align:justify\"><span style=\"font-size:11pt\"><span style=\"line-height:normal\"><span style=\"font-family:Calibri,sans-serif\"><a href=\"https:\/\/revistanews.com.br\/2024\/04\/04\/cipatex-leva-inovacoes-em-laminados-para-varios-setores-na-tecnomoda\/\" style=\"color:blue; text-decoration:underline\"><span style=\"font-size:14.0pt\">Cipatex leva inova&ccedil;&otilde;es em laminados para v&aacute;rios setores na Tecnomoda<\/span><\/a><\/span><\/span><\/span><\/p>\r\n\r\n<p style=\"text-align:justify\">&nbsp;<\/p>\r\n\r\n<p style=\"text-align:justify\"><span style=\"font-size:11pt\"><span style=\"line-height:normal\"><span style=\"font-family:Calibri,sans-serif\"><b><span style=\"font-size:18.0pt\"><span style=\"font-variant:small-caps\">Eventos<\/span><\/span><\/b><\/span><\/span><\/span><\/p>\r\n\r\n<p style=\"text-align:justify\"><span style=\"font-size:11pt\"><span style=\"line-height:normal\"><span style=\"font-family:Calibri,sans-serif\"><b><span style=\"font-size:14.0pt\">Workshop Etiquetagem de produtos t&ecirc;xteis e confeccionados<\/span><\/b><span class=\"MsoHyperlink\" style=\"color:blue\"><span style=\"text-decoration:underline\"><span style=\"font-size:14.0pt\"><span style=\"text-decoration:none\"><span style=\"text-underline:none\">, <\/span><\/span><\/span><\/span><\/span><span style=\"font-size:14.0pt\">17 de abril de 2024, 09h00 &agrave;s 12h00<\/span><span class=\"MsoHyperlink\" style=\"color:blue\"><span style=\"text-decoration:underline\"><span style=\"font-size:14.0pt\"><span style=\"text-decoration:none\"><span style=\"text-underline:none\">. <\/span><\/span><\/span><\/span><\/span><a href=\"https:\/\/app.rdstation.email\/mail\/9c266d63-52fa-42b3-bb06-f003dcb8dae6?utm_campaign=workshop_etiquetagem_-_abr24&amp;utm_medium=email&amp;utm_source=RD+Station\" style=\"color:blue; text-decoration:underline\"><span style=\"font-size:14.0pt\">Inscri&ccedil;&otilde;es e informa&ccedil;&otilde;es aqui<\/span><\/a> <\/span><\/span><\/span><\/p>\r\n\r\n<p style=\"text-align:justify\"><span style=\"font-size:11pt\"><span style=\"line-height:normal\"><span style=\"font-family:Calibri,sans-serif\"><b><span style=\"font-size:14.0pt\">ABTT Academy | Curso de Alfandegu&ecirc;s: Aprenda os Segredos do Com&eacute;rcio T&ecirc;xtil<\/span><\/b><span class=\"MsoHyperlink\" style=\"color:blue\"><span style=\"text-decoration:underline\"><span style=\"font-size:14.0pt\"><span style=\"text-decoration:none\"><span style=\"text-underline:none\">, <\/span><\/span><\/span><\/span><\/span><span style=\"font-size:14.0pt\">20 de abril de 2024, 08h00 &agrave;s 12h00<\/span><span class=\"MsoHyperlink\" style=\"color:blue\"><span style=\"text-decoration:underline\"><span style=\"font-size:14.0pt\"><span style=\"text-decoration:none\"><span style=\"text-underline:none\">. <\/span><\/span><\/span><\/span><\/span><a href=\"https:\/\/docs.google.com\/forms\/d\/e\/1FAIpQLSeI0D2T9RWo5ep94MerHacZNLtiABGYYveyerr8HFTB0fadqw\/viewform\" style=\"color:blue; text-decoration:underline\"><span style=\"font-size:14.0pt\">Informa&ccedil;&otilde;es e inscri&ccedil;&otilde;es aqui<\/span><\/a> <\/span><\/span><\/span><\/p>\r\n\r\n<p style=\"text-align:justify\"><span style=\"font-size:11pt\"><span style=\"line-height:normal\"><span style=\"font-family:Calibri,sans-serif\"><b><span style=\"font-size:14.0pt\">VDI-Brasil | Industry4Her convida: Tend&ecirc;ncias para o mercado de Constru&ccedil;&atilde;o e Minera&ccedil;&atilde;o, <\/span><\/b><span style=\"font-size:14.0pt\">25 de abril de 2024, 09h &agrave;s 12h, Audit&oacute;rio M&amp;T Expo, S&atilde;o Paulo, SP. <\/span><a href=\"https:\/\/www.mtexpo.com.br\/industry4her-convida-tendencias-para-o-mercado-de-construcao-e-mineracao\/?utm_campaign=mt_expo_-_industry4her_-_27324&amp;utm_medium=email&amp;utm_source=RD+Station\" style=\"color:blue; text-decoration:underline\"><span style=\"font-size:14.0pt\">Informa&ccedil;&otilde;es e inscri&ccedil;&otilde;es aqui<\/span><\/a><\/span><\/span><\/span><\/p>\r\n\r\n<p style=\"text-align:justify\"><span style=\"font-size:11pt\"><span style=\"line-height:normal\"><span style=\"font-family:Calibri,sans-serif\"><b><span style=\"font-size:14.0pt\">GEOAMERICAS 2024, <\/span><\/b><span style=\"font-size:14.0pt\">de 28 de abril a 01 de maio de 2024, em Toronto (Canad&aacute;). <\/span><a href=\"https:\/\/www.geoamericas2024.org\/\" style=\"color:blue; text-decoration:underline\"><span style=\"font-size:14.0pt\">Informa&ccedil;&otilde;es aqui.<\/span><\/a><\/span><\/span><\/span><\/p>\r\n\r\n<p style=\"text-align:justify\"><span style=\"font-size:11pt\"><span style=\"line-height:normal\"><span style=\"font-family:Calibri,sans-serif\"><b><span style=\"font-size:14.0pt\">II Congresso Ibero-Americano de Esteriliza&ccedil;&atilde;o e II Congresso Nacional de Reprocessamento de Dispositivos M&eacute;dicos<\/span><\/b><span style=\"font-size:14.0pt\">, 16 a 18 de maio de 2024, Cartagena, Colombia<b>. <\/b><\/span><a href=\"http:\/\/nascecme.com.br\/ii-congresso-ibero-americano-de-esterilizacao-e-ii-congresso-nacional-de-reprocessamento-de-dispositivos-medicos\/\" style=\"color:blue; text-decoration:underline\"><span lang=\"EN-US\" style=\"font-size:14.0pt\">Informa&ccedil;&otilde;es<\/span><\/a><span lang=\"EN-US\" style=\"font-size:14.0pt\"> <\/span><\/span><\/span><\/span><\/p>\r\n\r\n<p style=\"text-align:justify\"><span style=\"font-size:11pt\"><span style=\"line-height:normal\"><span style=\"font-family:Calibri,sans-serif\"><b><span lang=\"EN-US\" style=\"font-size:14.0pt\">ANEX 2024 | Asia Nonwoven Exhibition and Conference<\/span><\/b><span lang=\"EN-US\" style=\"font-size:14.0pt\">, 22-24 May 2024, Taipei Nangang Exhibition Center, Hall 1. <\/span><a href=\"https:\/\/www.anex2024.com\/\" style=\"color:blue; text-decoration:underline\"><span lang=\"EN-US\" style=\"font-size:14.0pt\">Information here<\/span><\/a> <\/span><\/span><\/span><\/p>\r\n\r\n<p style=\"text-align:justify\"><span style=\"font-size:11pt\"><span style=\"line-height:normal\"><span style=\"font-family:Calibri,sans-serif\"><b><span lang=\"EN-US\" style=\"font-size:14.0pt\">The EDANA Innovation Forum<\/span><\/b><span class=\"MsoHyperlink\" style=\"color:blue\"><span style=\"text-decoration:underline\"><span lang=\"EN-US\" style=\"font-size:14.0pt\"><span style=\"text-decoration:none\"><span style=\"text-underline:none\">, <\/span><\/span><\/span><\/span><\/span><span lang=\"EN-US\" style=\"font-size:14.0pt\">04 - 06 June 2024, Munich<\/span><span class=\"MsoHyperlink\" style=\"color:blue\"><span style=\"text-decoration:underline\"><span lang=\"EN-US\" style=\"font-size:14.0pt\"><span style=\"text-decoration:none\"><span style=\"text-underline:none\">. <\/span><\/span><\/span><\/span><\/span><a href=\"https:\/\/www.edana.org\/events\/edana-innovation-forum-?ct=t(MENA_2018_call_for_papers6_28_2017_COPY_01)&amp;mc_cid=27efeab42f&amp;mc_eid=08e0eae351\" style=\"color:blue; text-decoration:underline\"><span lang=\"EN-US\" style=\"font-size:14.0pt\">Information here<\/span><\/a><\/span><\/span><\/span><\/p>\r\n\r\n<p style=\"text-align:justify\"><span style=\"font-size:11pt\"><span style=\"line-height:normal\"><span style=\"font-family:Calibri,sans-serif\"><b><span lang=\"EN-US\" style=\"font-size:14.0pt\">HIGITEX 2024 | International Technical Textiles &amp; Nonwoven Exhibition<\/span><\/b><span lang=\"EN-US\" style=\"font-size:14.0pt\">, 4-8 June 2024, T&uuml;yap Fair Convention and Congress Center, T&uuml;rkiye. <\/span><a href=\"https:\/\/www.hightex.com.tr\/\" style=\"color:blue; text-decoration:underline\"><span style=\"font-size:14.0pt\">Information here<\/span><\/a> <\/span><\/span><\/span><\/p>\r\n\r\n<p style=\"text-align:justify\"><span style=\"font-size:11pt\"><span style=\"line-height:normal\"><span style=\"font-family:Calibri,sans-serif\"><b><span style=\"font-size:14.0pt\">FEIPLAR COMPOSITES &amp; FEIPUR &ndash; Feira e Congresso Internacionais de Composites, Poliuretano, Pl&aacute;sticos de Engenharia e Compostos Termopl&aacute;sticos<\/span><\/b><span style=\"font-size:14.0pt\">, 20 a 22 de agosto de 2024, S&atilde;o Paulo Expo (Pavilh&atilde;o 5), palestras: das 8h30 &agrave;s 18h, feira: das 13h &agrave;s 20h.<b> <\/b><\/span><a href=\"http:\/\/www.feiplar.com\" style=\"color:blue; text-decoration:underline\"><span style=\"font-size:14.0pt\">www.feiplar.com<\/span><\/a> <\/span><\/span><\/span><\/p>\r\n\r\n<p style=\"text-align:justify\"><span style=\"font-size:11pt\"><span style=\"line-height:normal\"><span style=\"font-family:Calibri,sans-serif\"><b><span style=\"font-size:14.0pt\">Fenasan 2024 &ndash; Feira Nacional de Saneamento e Meio Ambiente<\/span><\/b><span style=\"font-size:14.0pt\">, 22 a 24 de outubro de 2024, Pavilh&otilde;es Verde e Vermelho, Expo Center Norte, S&atilde;o Paulo SP. <\/span><a href=\"http:\/\/www.fenasan.com.br\" style=\"color:blue; text-decoration:underline\"><span style=\"font-size:14.0pt\">www.fenasan.com.br<\/span><\/a> <\/span><\/span><\/span><\/p>\r\n\r\n<p style=\"text-align:justify\"><span style=\"font-size:11pt\"><span style=\"line-height:normal\"><span style=\"font-family:Calibri,sans-serif\"><b><span style=\"font-size:14.0pt\">HospitalMed 2024<\/span><\/b><span style=\"font-size:14.0pt\">, 23 a 25 de outubro, das 14h &agrave;s 20h, no Pernambuco Centro de Conven&ccedil;&otilde;es. <\/span><a href=\"http:\/\/www.hospitalmed.com.br\" style=\"color:blue; text-decoration:underline\"><span lang=\"EN-US\" style=\"font-size:14.0pt\">www.hospitalmed.com.br<\/span><\/a> <\/span><\/span><\/span><\/p>\r\n\r\n<p style=\"text-align:justify\"><span style=\"font-size:28pt\"><span style=\"font-family:Cambria,serif\"><span style=\"letter-spacing:-0.5pt\"><b><span lang=\"EN-US\" style=\"font-size:18.0pt\"><span style=\"font-family:&quot;Calibri&quot;,sans-serif\"><span style=\"font-variant:small-caps\">Setor<\/span><\/span><\/span><\/b><\/span><\/span><\/span><\/p>\r\n\r\n<p style=\"text-align:justify\"><span style=\"font-size:11pt\"><span style=\"line-height:normal\"><span style=\"font-family:Calibri,sans-serif\"><a href=\"https:\/\/www.nonwovens-industry.com\/issues\/2024-04\/view_features\/the-future-of-global-nonwoven-wipes-to-2029?utm_campaign=NON+Issue+Alert&amp;utm_medium=email&amp;_hsenc=p2ANqtz--iO3-wCzt9sRZxd_LXJISxlv4paylBYpztGnt-t5Sq-SLg7Im7aXxx3zVnEbqwB3oX-vGlKiq6LPu0fe6GJR-21t5RhQ&amp;_hsmi=301393174&amp;utm_content=301393174&amp;utm_source=hs_email\" style=\"color:blue; text-decoration:underline\"><span lang=\"EN-US\" style=\"font-size:14.0pt\">The Future of Global Nonwoven Wipes to 2029<\/span><\/a><\/span><\/span><\/span><\/p>\r\n\r\n<p style=\"text-align:justify\"><span style=\"font-size:11pt\"><span style=\"line-height:normal\"><span style=\"font-family:Calibri,sans-serif\"><a href=\"https:\/\/www.nonwovens-industry.com\/contents\/view_breaking-news\/2024-04-03\/edana-to-host-innovation-forum-in-june\/15303\" style=\"color:blue; text-decoration:underline\"><span lang=\"EN-US\" style=\"font-size:14.0pt\">EDANA to Host Innovation Forum in June<\/span><\/a> <\/span><\/span><\/span><\/p>\r\n\r\n<p style=\"text-align:justify\"><span style=\"font-size:11pt\"><span style=\"line-height:normal\"><span style=\"font-family:Calibri,sans-serif\"><a href=\"https:\/\/www.nonwovens-industry.com\/contents\/view_breaking-news\/2024-04-02\/essity-expands-production-site-in-brazil?utm_campaign=NON+eNewsletter&amp;utm_medium=email&amp;_hsenc=p2ANqtz-_obJumrwCi0pW8Hbd4Ui8ppbdQStteuosEXtseNC_t7ioJg55SWO1VJirHikijLPPbUAhVME7H2a2-ren1Kelt3RzWxg&amp;_hsmi=301239302&amp;utm_content=301239302&amp;utm_source=hs_email\" style=\"color:blue; text-decoration:underline\"><span lang=\"EN-US\" style=\"font-size:14.0pt\">Essity Expands Production Site in Brazil<\/span><\/a><\/span><\/span><\/span><\/p>\r\n\r\n<p style=\"text-align:justify\"><span style=\"font-size:11pt\"><span style=\"line-height:normal\"><span style=\"font-family:Calibri,sans-serif\"><a href=\"https:\/\/t.rdsv2.net\/ls\/click?upn=u001.SJ-2BHbcLStyE5mTD5OK48sq2JxFfkhvQ6eAz6nLBcupWgZTbmjEYNsVQoUDEYBB2CCm7P60Pz5HYXlZRVUWIa6FKKTP654vn1P6yqzrka-2FU0K3DZ5Uxa3wYD0zC5Hgz-2B-2BnMeA4OWsX-2BRssoCUaMq47hCj24tZK3WUwfMqpRTtsxiprLFHP2PR5-2BlaTBUusAJP5XGHJp0A1vLeO6ejjEL-2Bp37PgmY68HcVazOi7JtuC5UT5xpjrlIajuXrKgJoBTDJDUD8Vwd-2Bng60T3ssSFIGxg-3D-3DOkxg_T7N8BvZTOm04CQQMiyWztrpCjlUrRc4F7QzSgUIpTqB5Yk-2Bt7YhUyk7lZRXmbFFsi-2Foe1q0kuwsCjfsBOqL9ZeKwOqG7ApazixuGEP6Z5SJuFg5bm15p-2FcAKNI6-2BqjB-2BvLXE-2FIdOtg6K7hLnS7g4tzefMKrk-2BnJ2w6JMc-2BiBS0O3zep77tcYd-2Bwdzno8UYQa10Sy0u1CPhGSUfUNhBhcORMXyMfnCXNV1FiNTgGfVXQXMO-2FAv7CzbeOp0F877xlEnyZFlM2FKhKWAqUuzzbWjhex-2FVOLZwjrr3wL7ST03ZD46RN9f-2FI8dQ4Ir2v9Ps2YvIIzNvQmY0ucYo2RNrfGNG4oFXfoeWew34P6-2FJzLvrqc6ZRd-2FOcVVnh6WLHF9Bhv7Lx9Iwcq7oXo4PZbgGbxttLsDbQailueuLaiYdL23HnNZAoIQpzaMOHAG9tuhS-2BwG-2F9-2BPLZ1EQVgSdjTr6SC4TCkuv0qCB2UvRWXQrvdGnEfiMTSzJ5HlCdeyduVBBFrZPFavBadzK0REerbWccMgDmm-2BSTTmUP-2B4AVEPs0MwutT34ZRqDTN9sl6yPUrWrEyIkF8YDvjc6hDKEAHD-2BTkzK26RJOvgXOB7WWpZoswxBPnoCotsaYZz-2Bs30jrQE5AkVVDJbEUqa57S4-2F62mCr49g-3D-3D\" style=\"color:blue; text-decoration:underline\" target=\"_blank\" title=\"Kimberly-Clark anuncia investimento de US$ 1,5 bilh\u00e3o em reestrutura\u00e7\u00e3o de seus neg\u00f3cios\"><span style=\"font-size:14.0pt\">Kimberly-Clark anuncia investimento de US$ 1,5 bilh&atilde;o em reestrutura&ccedil;&atilde;o de seus neg&oacute;cios<\/span><\/a><\/span><\/span><\/span><\/p>\r\n\r\n<p style=\"text-align:justify\"><span style=\"font-size:11pt\"><span style=\"line-height:normal\"><span style=\"font-family:Calibri,sans-serif\"><a href=\"https:\/\/casaefesta.com\/decoracao-com-tnt-no-teto\/\" style=\"color:blue; text-decoration:underline\"><span style=\"font-size:14.0pt\">Decora&ccedil;&atilde;o com N&atilde;otecido no teto: 20 ideias para decorar a festa<\/span><\/a><\/span><\/span><\/span><\/p>\r\n\r\n<p style=\"text-align:justify\"><span style=\"font-size:11pt\"><span style=\"line-height:normal\"><span style=\"font-family:Calibri,sans-serif\"><a href=\"https:\/\/www.cariacica.es.gov.br\/noticias\/73505\/prefeitura-de-cariacica-inicia-obra-de-muro-de-contencao-em-grauna\" style=\"color:blue; text-decoration:underline\"><span style=\"font-size:14.0pt\">Revestimento de geomantas: Prefeitura de Cariacica inicia obra de muro de conten&ccedil;&atilde;o em Gra&uacute;na<\/span><\/a><\/span><\/span><\/span><\/p>\r\n\r\n<p style=\"text-align:justify\"><span style=\"font-size:11pt\"><span style=\"line-height:normal\"><span style=\"font-family:Calibri,sans-serif\"><a href=\"https:\/\/ibsp.net.br\/seguranca-do-paciente\/materiais-cientificos\/no-brasil-12-das-internacoes-em-uti-estao-relacionadas-a-eventos-adversos-e-70-delas-poderiam-ser-evitadas\/\" style=\"color:blue; text-decoration:underline\"><span style=\"font-size:14.0pt\">No Brasil, 12% das interna&ccedil;&otilde;es em UTI est&atilde;o relacionadas a eventos adversos e 70% delas poderiam ser evitadas<\/span><\/a><\/span><\/span><\/span><\/p>\r\n\r\n<p style=\"text-align:justify\"><span style=\"font-size:11pt\"><span style=\"line-height:normal\"><span style=\"font-family:Calibri,sans-serif\"><a href=\"https:\/\/www.nonwovens-industry.com\/issues\/2024-04\/view_features\/analysis-shows-flushable-wipes-not-responsible-for-clogs?utm_campaign=NON+Issue+Alert&amp;utm_medium=email&amp;_hsenc=p2ANqtz--wUBuYud9Ij-JU7-EOFD6Xv_6_tC6grvOql_mH2FVhFgMMdx3Rni6_hLZ2HCnXYhikR67MF1Ld-Wwnf5S3meF1Xw3vxA&amp;_hsmi=301393174&amp;utm_content=301393174&amp;utm_source=hs_email\" style=\"color:blue; text-decoration:underline\"><span lang=\"EN-US\" style=\"font-size:14.0pt\">Analysis Shows Flushable Wipes Not Responsible for Clogs<\/span><\/a><\/span><\/span><\/span><\/p>\r\n\r\n<p style=\"text-align:justify\"><span style=\"font-size:28pt\"><span style=\"font-family:Cambria,serif\"><span style=\"letter-spacing:-0.5pt\"><b><span style=\"font-size:18.0pt\"><span style=\"font-family:&quot;Calibri&quot;,sans-serif\"><span style=\"font-variant:small-caps\">Ind&uacute;stria<\/span><\/span><\/span><\/b><\/span><\/span><\/span><\/p>\r\n\r\n<p style=\"text-align:justify\"><span style=\"font-size:11pt\"><span style=\"line-height:normal\"><span style=\"font-family:Calibri,sans-serif\"><a href=\"https:\/\/noticias.portaldaindustria.com.br\/noticias\/economia\/cni-lanca-cartilha-para-empresarios-sobre-linhas-de-credito-da-nova-industria-brasil\/\" style=\"color:blue; text-decoration:underline\"><span style=\"font-size:14.0pt\">CNI lan&ccedil;a cartilha para empres&aacute;rios sobre linhas de cr&eacute;dito da Nova Ind&uacute;stria Brasil<\/span><\/a><\/span><\/span><\/span><\/p>\r\n\r\n<p style=\"text-align:justify\"><span style=\"font-size:11pt\"><span style=\"line-height:normal\"><span style=\"font-family:Calibri,sans-serif\"><a href=\"https:\/\/ibre.fgv.br\/blog-da-conjuntura-economica\/artigos\/confianca-empresarial-no-primeiro-trimestre-melhora-das\" style=\"color:blue; text-decoration:underline\"><span style=\"font-size:14.0pt\">Confian&ccedil;a empresarial no primeiro trimestre: melhora das expectativas inclui com&eacute;rcio e servi&ccedil;os<\/span><\/a><\/span><\/span><\/span><\/p>\r\n\r\n<p style=\"text-align:justify\"><span style=\"font-size:11pt\"><span style=\"line-height:normal\"><span style=\"font-family:Calibri,sans-serif\"><a href=\"https:\/\/exclusivo.com.br\/_conteudo\/negocios\/2024\/04\/03\/setor-calcadista-abre-5-mil-postos-de-trabalho-no-primeiro-bimestre-do-ano.html\" style=\"color:blue; text-decoration:underline\"><span style=\"font-size:14.0pt\">Setor cal&ccedil;adista abre 5 mil postos de trabalho no primeiro bimestre do ano<\/span><\/a> <\/span><\/span><\/span><\/p>\r\n\r\n<p style=\"text-align:justify\"><span style=\"font-size:11pt\"><span style=\"line-height:normal\"><span style=\"font-family:Calibri,sans-serif\"><a href=\"https:\/\/www.correiobraziliense.com.br\/economia\/2024\/04\/6832698-construcao-civil-voltara-a-crescer-em-2024-apostam-empresarios-do-setor.html\" style=\"color:blue; text-decoration:underline\"><span style=\"font-size:14.0pt\">Constru&ccedil;&atilde;o Civil voltar&aacute; a crescer em 2024, apostam empres&aacute;rios do setor<\/span><\/a><\/span><\/span><\/span><\/p>\r\n\r\n<p style=\"text-align:justify\"><span style=\"font-size:11pt\"><span style=\"line-height:normal\"><span style=\"font-family:Calibri,sans-serif\"><a href=\"https:\/\/grandesconstrucoes.com.br\/Noticias\/Exibir\/construcao-abre-35-mil-novos-empregos-em-fevereiro-aponta-sinduscon-sp?utm_source=akna&amp;utm_medium=email&amp;utm_campaign=Grandes-Construcoes-Informativo-906-04-04-2024&amp;utm_source=akna&amp;utm_medium=email&amp;utm_campaign=Grandes-Construcoes-Informativo-906-04-04-2024\" style=\"color:blue; text-decoration:underline\"><span style=\"font-size:14.0pt\">Constru&ccedil;&atilde;o abre 35 mil novos empregos em fevereiro<\/span><\/a><\/span><\/span><\/span><\/p>\r\n\r\n<p style=\"text-align:justify\"><span style=\"font-size:11pt\"><span style=\"line-height:normal\"><span style=\"font-family:Calibri,sans-serif\"><a href=\"https:\/\/ibre.fgv.br\/blog-da-conjuntura-economica\/artigos\/construcao-sondagem-revela-preocupacao-do-setor-com-condicoes\" style=\"color:blue; text-decoration:underline\"><span style=\"font-size:14.0pt\">Constru&ccedil;&atilde;o: Sondagem revela preocupa&ccedil;&atilde;o do setor com condi&ccedil;&otilde;es para atender &agrave; demanda<\/span><\/a><\/span><\/span><\/span><\/p>\r\n\r\n<p style=\"text-align:justify\"><span style=\"font-size:11pt\"><span style=\"line-height:normal\"><span style=\"font-family:Calibri,sans-serif\"><a href=\"https:\/\/plasticosemrevista.com.br\/crise-imobiliaria-mundial-deixa-pvc-sem-teto\/\" style=\"color:blue; text-decoration:underline\"><span style=\"font-size:14.0pt\">Crise imobili&aacute;ria mundial deixa PVC sem teto<\/span><\/a><\/span><\/span><\/span><\/p>\r\n\r\n<p style=\"text-align:justify\"><span style=\"font-size:11pt\"><span style=\"line-height:normal\"><span style=\"font-family:Calibri,sans-serif\"><a href=\"https:\/\/portalradar.com.br\/agrishow-2024-tera-apoio-institucional-da-abrafiltros\/\" style=\"color:blue; text-decoration:underline\"><span style=\"font-size:14.0pt\">Agrishow 2024 ter&aacute; apoio institucional da Abrafiltros<\/span><\/a><\/span><\/span><\/span><\/p>\r\n\r\n<p style=\"text-align:justify\"><span style=\"font-size:28pt\"><span style=\"font-family:Cambria,serif\"><span style=\"letter-spacing:-0.5pt\"><b><span style=\"font-size:18.0pt\"><span style=\"font-family:&quot;Calibri&quot;,sans-serif\"><span style=\"font-variant:small-caps\">Sustentabilidade<\/span><\/span><\/span><\/b><\/span><\/span><\/span><\/p>\r\n\r\n<p style=\"text-align:justify\"><span style=\"font-size:11pt\"><span style=\"line-height:normal\"><span style=\"font-family:Calibri,sans-serif\"><a href=\"https:\/\/www.atribuna.com.br\/projetos\/aregiaoempauta\/circularidade-do-plastico-esta-ociosa-ha-excesso-de-tributos-e-inadequacao-dos-materiais\" style=\"color:blue; text-decoration:underline\"><span style=\"font-size:14.0pt\">Circularidade do pl&aacute;stico est&aacute; ociosa: h&aacute; excesso de tributos e inadequa&ccedil;&atilde;o dos materiais<\/span><\/a> <\/span><\/span><\/span><\/p>\r\n\r\n<p style=\"text-align:justify\"><span style=\"font-size:11pt\"><span style=\"line-height:normal\"><span style=\"font-family:Calibri,sans-serif\"><a href=\"https:\/\/plasticosemrevista.com.br\/dialogo-de-surdos-sobre-meio-ambiente\/\" style=\"color:blue; text-decoration:underline\"><span style=\"font-size:14.0pt\">Di&aacute;logo de surdos sobre meio ambiente<\/span><\/a><\/span><\/span><\/span><\/p>\r\n\r\n<p style=\"text-align:justify\"><span style=\"font-size:11pt\"><span style=\"line-height:normal\"><span style=\"font-family:Calibri,sans-serif\"><a href=\"https:\/\/omunicipioblumenau.com.br\/programa-zdhc-chega-ao-brasil-em-parceria-com-a-febratex-summit\/\" style=\"color:blue; text-decoration:underline\"><span style=\"font-size:14.0pt\">Descarte de t&ecirc;xteis: Programa ZDHC chega ao Brasil em parceria com a Febratex Summit<\/span><\/a><\/span><\/span><\/span><\/p>\r\n\r\n<p style=\"text-align:justify\"><span style=\"font-size:28pt\"><span style=\"font-family:Cambria,serif\"><span style=\"letter-spacing:-0.5pt\"><b><span lang=\"EN-US\" style=\"font-size:18.0pt\"><span style=\"font-family:&quot;Calibri&quot;,sans-serif\"><span style=\"font-variant:small-caps\">Inova&ccedil;&atilde;o<\/span><\/span><\/span><\/b><\/span><\/span><\/span><\/p>\r\n\r\n<p style=\"text-align:justify\"><span style=\"font-size:11pt\"><span style=\"line-height:normal\"><span style=\"font-family:Calibri,sans-serif\"><a href=\"https:\/\/phys.org\/news\/2024-04-scientists-plastic-free-vegan-leather.html?utm_source=nwletter&amp;utm_medium=email&amp;utm_campaign=daily-nwletter\" style=\"color:blue; text-decoration:underline\"><span lang=\"EN-US\" style=\"font-size:14.0pt\">Scientists create plastic-free vegan leather that dyes itself, grown from bacteria<\/span><\/a><\/span><\/span><\/span><\/p>\r\n\r\n<p style=\"text-align:justify\"><span style=\"font-size:11pt\"><span style=\"line-height:normal\"><span style=\"font-family:Calibri,sans-serif\"><a href=\"https:\/\/techxplore.com\/news\/2024-04-virtual-skin-contact-smart-textiles.html?utm_source=nwletter&amp;utm_medium=email&amp;utm_campaign=daily-nwletter#google_vignette\" style=\"color:blue; text-decoration:underline\"><span lang=\"EN-US\" style=\"font-size:14.0pt\">Virtual skin contact: Smart textiles are making remote hugs tangible<\/span><\/a><\/span><\/span><\/span><\/p>\r\n\r\n<p style=\"text-align:justify\"><span style=\"font-size:11pt\"><span style=\"line-height:normal\"><span style=\"font-family:Calibri,sans-serif\"><a href=\"https:\/\/phys.org\/news\/2024-04-chinese-scientists-reveal-mechanism-silkworm.html?utm_source=nwletter&amp;utm_medium=email&amp;utm_campaign=daily-nwletter\" style=\"color:blue; text-decoration:underline\"><span lang=\"EN-US\" style=\"font-size:14.0pt\">Chinese scientists reveal the spinning mechanism of the silkworm<\/span><\/a><\/span><\/span><\/span><\/p>\r\n\r\n<p style=\"text-align:justify\"><span style=\"font-size:11pt\"><span style=\"line-height:normal\"><span style=\"font-family:Calibri,sans-serif\"><a href=\"https:\/\/www.epe.gov.br\/pt\/imprensa\/noticias\/epe-visita-o-laboratorio-de-biossinteticos-do-senai-na-ufrj\" style=\"color:blue; text-decoration:underline\"><span style=\"font-size:14.0pt\">Empresa de Pesquisa Energ&eacute;tica (EPE) visita o Laborat&oacute;rio de Biossint&eacute;ticos do Senai na UFRJ<\/span><\/a><\/span><\/span><\/span><\/p>\r\n\r\n<p style=\"text-align:justify\"><span style=\"font-size:28pt\"><span style=\"font-family:Cambria,serif\"><span style=\"letter-spacing:-0.5pt\"><b><span style=\"font-size:18.0pt\"><span style=\"font-family:&quot;Calibri&quot;,sans-serif\"><span style=\"font-variant:small-caps\">Com&eacute;rcio Exterior<\/span><\/span><\/span><\/b><\/span><\/span><\/span><\/p>\r\n\r\n<p style=\"text-align:justify\"><span style=\"font-size:11pt\"><span style=\"line-height:normal\"><span style=\"font-family:Calibri,sans-serif\"><a href=\"https:\/\/static.portaldaindustria.com.br\/media\/filer_public\/f7\/5a\/f75a06d3-63bf-4998-806f-5a4db6d0a90f\/nota_economica_32-abr2024.pdf\" style=\"color:blue; text-decoration:underline\"><span style=\"font-size:14.0pt\">Exporta&ccedil;&otilde;es da ind&uacute;stria de transforma&ccedil;&atilde;o registraram o segundo maior recorde<\/span><\/a><\/span><\/span><\/span><\/p>\r\n\r\n<p style=\"text-align:justify\"><span style=\"font-size:11pt\"><span style=\"line-height:normal\"><span style=\"font-family:Calibri,sans-serif\"><a href=\"https:\/\/noticias.portaldaindustria.com.br\/noticias\/internacional\/como-a-nova-industria-brasil-pode-alavancar-o-comercio-exterior\/\" style=\"color:blue; text-decoration:underline\"><span style=\"font-size:14.0pt\">Como a Nova Ind&uacute;stria Brasil pode alavancar o com&eacute;rcio exterior<\/span><\/a><\/span><\/span><\/span><\/p>\r\n\r\n<p style=\"text-align:justify\"><span style=\"font-size:11pt\"><span style=\"line-height:normal\"><span style=\"font-family:Calibri,sans-serif\"><a href=\"https:\/\/g1.globo.com\/economia\/noticia\/2024\/04\/04\/com-exportacoes-menores-de-soja-e-petroleo-superavit-da-balanca-comercial-recua-30percent-em-marco-para-us-75-bilhoes.ghtml\" style=\"color:blue; text-decoration:underline\"><span style=\"font-size:14.0pt\">Com exporta&ccedil;&otilde;es menores de soja e petr&oacute;leo, super&aacute;vit da balan&ccedil;a comercial recua 30% em mar&ccedil;o, para US$ 7,5 bilh&otilde;es<\/span><\/a><\/span><\/span><\/span><\/p>\r\n\r\n<p style=\"text-align:justify\"><span style=\"font-size:11pt\"><span style=\"line-height:normal\"><span style=\"font-family:Calibri,sans-serif\"><a href=\"https:\/\/medicinasa.com.br\/exportacoes-medicas\/\" style=\"color:blue; text-decoration:underline\"><span style=\"font-size:14.0pt\">Brasil supera US$ 1 bilh&atilde;o em exporta&ccedil;&otilde;es de dispositivos m&eacute;dicos<\/span><\/a><\/span><\/span><\/span><\/p>\r\n\r\n<p style=\"text-align:justify\"><span style=\"font-size:28pt\"><span style=\"font-family:Cambria,serif\"><span style=\"letter-spacing:-0.5pt\"><b><span style=\"font-size:18.0pt\"><span style=\"font-family:&quot;Calibri&quot;,sans-serif\"><span style=\"font-variant:small-caps\">Economia<\/span><\/span><\/span><\/b><\/span><\/span><\/span><\/p>\r\n\r\n<p style=\"text-align:justify\"><span style=\"font-size:11pt\"><span style=\"line-height:normal\"><span style=\"font-family:Calibri,sans-serif\"><a href=\"https:\/\/www.bcb.gov.br\/content\/focus\/focus\/R20240405.pdf\" style=\"color:blue; text-decoration:underline\"><span style=\"font-size:14.0pt\">Focus - Relat&oacute;rio de Mercado<\/span><\/a><\/span><\/span><\/span><\/p>\r\n\r\n<p style=\"text-align:justify\"><span style=\"font-size:11pt\"><span style=\"line-height:normal\"><span style=\"font-family:Calibri,sans-serif\"><span style=\"font-size:14.0pt\"><img src=\"https:\/\/www.abint.org.br\/assets\/img\/editor\/redes-sociais-abint-ctg-cth_20240409162423JDpTllKh9C.jpg\" \/><\/span><\/span><\/span><\/span><\/p>\r\n","6":"<p style=\"text-align:justify\"><span style=\"font-size:11pt\"><span style=\"line-height:normal\"><span style=\"font-family:Calibri,sans-serif\"><span style=\"font-size:14.0pt\">Esta &eacute; uma compila&ccedil;&atilde;o das not&iacute;cias mais relevantes para o setor, incluindo informa&ccedil;&otilde;es sobre acordos internacionais, economia brasileira, sustentabilidade e mat&eacute;rias primas, al&eacute;m de novidades do setor de N&atilde;otecidos e Tecidos T&eacute;cnicos.<\/span><\/span><\/span><\/span><\/p>\r\n\r\n<p style=\"text-align:justify\"><span style=\"font-size:28pt\"><span style=\"font-family:Cambria,serif\"><span style=\"letter-spacing:-0.5pt\"><b><span style=\"font-size:18.0pt\"><span style=\"font-family:&quot;Calibri&quot;,sans-serif\"><span style=\"font-variant:small-caps\">O que vem por a&iacute;<\/span><\/span><\/span><\/b><\/span><\/span><\/span><\/p>\r\n\r\n<p style=\"text-align:justify\"><span style=\"font-size:28pt\"><span style=\"font-family:Cambria,serif\"><span style=\"letter-spacing:-0.5pt\"><b><span style=\"font-size:18.0pt\"><span style=\"font-family:&quot;Calibri&quot;,sans-serif\"><span style=\"font-variant:small-caps\"><img src=\"https:\/\/www.abint.org.br\/assets\/img\/editor\/abint-logo-2020-g_2024040916191496bnpXZkIS.png\" style=\"width: 300px; height: 69px;\" \/><\/span><\/span><\/span><\/b><\/span><\/span><\/span><\/p>\r\n\r\n<p style=\"text-align:justify\"><span style=\"font-size:28pt\"><span style=\"font-family:Cambria,serif\"><span style=\"letter-spacing:-0.5pt\"><b><span style=\"font-size:18.0pt\"><span style=\"font-family:&quot;Calibri&quot;,sans-serif\"><span style=\"font-variant:small-caps\"><img src=\"https:\/\/www.abint.org.br\/assets\/img\/editor\/post-quadrado-curso-naotecido_20240409161943eUQCGjoVbi.jpg\" style=\"width: 500px; height: 500px;\" \/><\/span><\/span><\/span><\/b><\/span><\/span><\/span><\/p>\r\n\r\n<p style=\"text-align:justify\"><strong><span style=\"font-size:11pt\"><span style=\"line-height:normal\"><span style=\"font-family:Calibri,sans-serif\"><a href=\"https:\/\/forms.office.com\/r\/5DrqtK5n3Y\" style=\"color:blue; text-decoration:underline\"><span style=\"font-size:14.0pt\">INFORMA&Ccedil;&Otilde;ES E INSCRI&Ccedil;&Otilde;ES<\/span><\/a><\/span><\/span><\/span><\/strong><\/p>\r\n\r\n<p style=\"text-align:justify\">&nbsp;<\/p>\r\n\r\n<p><img src=\"https:\/\/www.abint.org.br\/assets\/img\/editor\/cth-logo-alta-png-2_20240312184602pDv7cUouKB.png\" style=\"width: 300px; height: 68px;\" \/><\/p>\r\n\r\n<p><img src=\"https:\/\/www.abint.org.br\/assets\/img\/editor\/hospitalmed-2024-logo_20240312184512NbskBsafP5.png\" style=\"width: 500px; height: 448px;\" \/><\/p>\r\n\r\n<p style=\"text-align:justify\"><span style=\"font-size:11pt\"><span style=\"line-height:normal\"><span style=\"font-family:Calibri,sans-serif\"><b><span style=\"font-size:12.0pt\">O CTH ABINT &eacute; um dos patrocinadores da HospitalMed 2024.<\/span><\/b><\/span><\/span><\/span><\/p>\r\n\r\n<p style=\"text-align:justify\"><span style=\"font-size:11pt\"><span style=\"line-height:normal\"><span style=\"font-family:Calibri,sans-serif\"><span style=\"font-size:12.0pt\">&ldquo;<i>A melhor e Mais Completa Feira de Sa&uacute;de do Norte\/Nordeste<\/i>&rdquo;, &eacute; uma realiza&ccedil;&atilde;o da HospitalMed Feiras &amp; Eventos e da Insight Feiras de Neg&oacute;cios.<\/span><\/span><\/span><\/span><\/p>\r\n\r\n<p style=\"text-align:justify\"><span style=\"font-size:11pt\"><span style=\"line-height:normal\"><span style=\"font-family:Calibri,sans-serif\"><i><span style=\"font-size:12.0pt\">&ldquo;O <b>re&uacute;ne toda a cadeia produtiva do setor de sa&uacute;de das regi&otilde;es Norte\/Nordeste<\/b>. &Eacute; o grande encontro de fornecedores de Produtos, Equipamentos, Servi&ccedil;os, Tecnologia e Conte&uacute;do para Hospitais, Laborat&oacute;rios, Farm&aacute;cias, Cl&iacute;nicas, Consult&oacute;rios e Profissionais da Sa&uacute;de&rdquo;.<\/span><\/i><\/span><\/span><\/span><\/p>\r\n\r\n<p style=\"text-align:justify\"><span style=\"font-size:11pt\"><span style=\"line-height:normal\"><span style=\"font-family:Calibri,sans-serif\"><a href=\"http:\/\/www.hospitalmed.com.br\" style=\"color:blue; text-decoration:underline\"><span style=\"font-size:14.0pt\">www.hospitalmed.com.br<\/span><\/a> <\/span><\/span><\/span><\/p>\r\n\r\n<p style=\"text-align:justify\"><span style=\"font-size:28pt\"><span style=\"font-family:Cambria,serif\"><span style=\"letter-spacing:-0.5pt\"><b><span style=\"font-size:18.0pt\"><span style=\"font-family:&quot;Calibri&quot;,sans-serif\"><span style=\"font-variant:small-caps\">Not&iacute;cias das Associadas<\/span><\/span><\/span><\/b><\/span><\/span><\/span><\/p>\r\n\r\n<p style=\"text-align:justify\"><span style=\"font-size:11pt\"><span style=\"line-height:normal\"><span style=\"font-family:Calibri,sans-serif\"><a href=\"http:\/\/www.jornow.com.br\/jornow\/noticia.php?idempresa=6253&amp;num_release=290823&amp;ori=V\" style=\"color:blue; text-decoration:underline\"><span style=\"font-size:14.0pt\">Infraestrutura: conhe&ccedil;a os benef&iacute;cios das geoc&eacute;lulas<\/span><\/a><\/span><\/span><\/span><\/p>\r\n\r\n<p style=\"text-align:justify\"><span style=\"font-size:11pt\"><span style=\"line-height:normal\"><span style=\"font-family:Calibri,sans-serif\"><a href=\"https:\/\/revistanews.com.br\/2024\/04\/04\/cipatex-leva-inovacoes-em-laminados-para-varios-setores-na-tecnomoda\/\" style=\"color:blue; text-decoration:underline\"><span style=\"font-size:14.0pt\">Cipatex leva inova&ccedil;&otilde;es em laminados para v&aacute;rios setores na Tecnomoda<\/span><\/a><\/span><\/span><\/span><\/p>\r\n\r\n<p style=\"text-align:justify\">&nbsp;<\/p>\r\n\r\n<p style=\"text-align:justify\"><span style=\"font-size:11pt\"><span style=\"line-height:normal\"><span style=\"font-family:Calibri,sans-serif\"><b><span style=\"font-size:18.0pt\"><span style=\"font-variant:small-caps\">Eventos<\/span><\/span><\/b><\/span><\/span><\/span><\/p>\r\n\r\n<p style=\"text-align:justify\"><span style=\"font-size:11pt\"><span style=\"line-height:normal\"><span style=\"font-family:Calibri,sans-serif\"><b><span style=\"font-size:14.0pt\">Workshop Etiquetagem de produtos t&ecirc;xteis e confeccionados<\/span><\/b><span class=\"MsoHyperlink\" style=\"color:blue\"><span style=\"text-decoration:underline\"><span style=\"font-size:14.0pt\"><span style=\"text-decoration:none\"><span style=\"text-underline:none\">, <\/span><\/span><\/span><\/span><\/span><span style=\"font-size:14.0pt\">17 de abril de 2024, 09h00 &agrave;s 12h00<\/span><span class=\"MsoHyperlink\" style=\"color:blue\"><span style=\"text-decoration:underline\"><span style=\"font-size:14.0pt\"><span style=\"text-decoration:none\"><span style=\"text-underline:none\">. <\/span><\/span><\/span><\/span><\/span><a href=\"https:\/\/app.rdstation.email\/mail\/9c266d63-52fa-42b3-bb06-f003dcb8dae6?utm_campaign=workshop_etiquetagem_-_abr24&amp;utm_medium=email&amp;utm_source=RD+Station\" style=\"color:blue; text-decoration:underline\"><span style=\"font-size:14.0pt\">Inscri&ccedil;&otilde;es e informa&ccedil;&otilde;es aqui<\/span><\/a> <\/span><\/span><\/span><\/p>\r\n\r\n<p style=\"text-align:justify\"><span style=\"font-size:11pt\"><span style=\"line-height:normal\"><span style=\"font-family:Calibri,sans-serif\"><b><span style=\"font-size:14.0pt\">ABTT Academy | Curso de Alfandegu&ecirc;s: Aprenda os Segredos do Com&eacute;rcio T&ecirc;xtil<\/span><\/b><span class=\"MsoHyperlink\" style=\"color:blue\"><span style=\"text-decoration:underline\"><span style=\"font-size:14.0pt\"><span style=\"text-decoration:none\"><span style=\"text-underline:none\">, <\/span><\/span><\/span><\/span><\/span><span style=\"font-size:14.0pt\">20 de abril de 2024, 08h00 &agrave;s 12h00<\/span><span class=\"MsoHyperlink\" style=\"color:blue\"><span style=\"text-decoration:underline\"><span style=\"font-size:14.0pt\"><span style=\"text-decoration:none\"><span style=\"text-underline:none\">. <\/span><\/span><\/span><\/span><\/span><a href=\"https:\/\/docs.google.com\/forms\/d\/e\/1FAIpQLSeI0D2T9RWo5ep94MerHacZNLtiABGYYveyerr8HFTB0fadqw\/viewform\" style=\"color:blue; text-decoration:underline\"><span style=\"font-size:14.0pt\">Informa&ccedil;&otilde;es e inscri&ccedil;&otilde;es aqui<\/span><\/a> <\/span><\/span><\/span><\/p>\r\n\r\n<p style=\"text-align:justify\"><span style=\"font-size:11pt\"><span style=\"line-height:normal\"><span style=\"font-family:Calibri,sans-serif\"><b><span style=\"font-size:14.0pt\">VDI-Brasil | Industry4Her convida: Tend&ecirc;ncias para o mercado de Constru&ccedil;&atilde;o e Minera&ccedil;&atilde;o, <\/span><\/b><span style=\"font-size:14.0pt\">25 de abril de 2024, 09h &agrave;s 12h, Audit&oacute;rio M&amp;T Expo, S&atilde;o Paulo, SP. <\/span><a href=\"https:\/\/www.mtexpo.com.br\/industry4her-convida-tendencias-para-o-mercado-de-construcao-e-mineracao\/?utm_campaign=mt_expo_-_industry4her_-_27324&amp;utm_medium=email&amp;utm_source=RD+Station\" style=\"color:blue; text-decoration:underline\"><span style=\"font-size:14.0pt\">Informa&ccedil;&otilde;es e inscri&ccedil;&otilde;es aqui<\/span><\/a><\/span><\/span><\/span><\/p>\r\n\r\n<p style=\"text-align:justify\"><span style=\"font-size:11pt\"><span style=\"line-height:normal\"><span style=\"font-family:Calibri,sans-serif\"><b><span style=\"font-size:14.0pt\">GEOAMERICAS 2024, <\/span><\/b><span style=\"font-size:14.0pt\">de 28 de abril a 01 de maio de 2024, em Toronto (Canad&aacute;). <\/span><a href=\"https:\/\/www.geoamericas2024.org\/\" style=\"color:blue; text-decoration:underline\"><span style=\"font-size:14.0pt\">Informa&ccedil;&otilde;es aqui.<\/span><\/a><\/span><\/span><\/span><\/p>\r\n\r\n<p style=\"text-align:justify\"><span style=\"font-size:11pt\"><span style=\"line-height:normal\"><span style=\"font-family:Calibri,sans-serif\"><b><span style=\"font-size:14.0pt\">II Congresso Ibero-Americano de Esteriliza&ccedil;&atilde;o e II Congresso Nacional de Reprocessamento de Dispositivos M&eacute;dicos<\/span><\/b><span style=\"font-size:14.0pt\">, 16 a 18 de maio de 2024, Cartagena, Colombia<b>. <\/b><\/span><a href=\"http:\/\/nascecme.com.br\/ii-congresso-ibero-americano-de-esterilizacao-e-ii-congresso-nacional-de-reprocessamento-de-dispositivos-medicos\/\" style=\"color:blue; text-decoration:underline\"><span lang=\"EN-US\" style=\"font-size:14.0pt\">Informa&ccedil;&otilde;es<\/span><\/a><span lang=\"EN-US\" style=\"font-size:14.0pt\"> <\/span><\/span><\/span><\/span><\/p>\r\n\r\n<p style=\"text-align:justify\"><span style=\"font-size:11pt\"><span style=\"line-height:normal\"><span style=\"font-family:Calibri,sans-serif\"><b><span lang=\"EN-US\" style=\"font-size:14.0pt\">ANEX 2024 | Asia Nonwoven Exhibition and Conference<\/span><\/b><span lang=\"EN-US\" style=\"font-size:14.0pt\">, 22-24 May 2024, Taipei Nangang Exhibition Center, Hall 1. <\/span><a href=\"https:\/\/www.anex2024.com\/\" style=\"color:blue; text-decoration:underline\"><span lang=\"EN-US\" style=\"font-size:14.0pt\">Information here<\/span><\/a> <\/span><\/span><\/span><\/p>\r\n\r\n<p style=\"text-align:justify\"><span style=\"font-size:11pt\"><span style=\"line-height:normal\"><span style=\"font-family:Calibri,sans-serif\"><b><span lang=\"EN-US\" style=\"font-size:14.0pt\">The EDANA Innovation Forum<\/span><\/b><span class=\"MsoHyperlink\" style=\"color:blue\"><span style=\"text-decoration:underline\"><span lang=\"EN-US\" style=\"font-size:14.0pt\"><span style=\"text-decoration:none\"><span style=\"text-underline:none\">, <\/span><\/span><\/span><\/span><\/span><span lang=\"EN-US\" style=\"font-size:14.0pt\">04 - 06 June 2024, Munich<\/span><span class=\"MsoHyperlink\" style=\"color:blue\"><span style=\"text-decoration:underline\"><span lang=\"EN-US\" style=\"font-size:14.0pt\"><span style=\"text-decoration:none\"><span style=\"text-underline:none\">. <\/span><\/span><\/span><\/span><\/span><a href=\"https:\/\/www.edana.org\/events\/edana-innovation-forum-?ct=t(MENA_2018_call_for_papers6_28_2017_COPY_01)&amp;mc_cid=27efeab42f&amp;mc_eid=08e0eae351\" style=\"color:blue; text-decoration:underline\"><span lang=\"EN-US\" style=\"font-size:14.0pt\">Information here<\/span><\/a><\/span><\/span><\/span><\/p>\r\n\r\n<p style=\"text-align:justify\"><span style=\"font-size:11pt\"><span style=\"line-height:normal\"><span style=\"font-family:Calibri,sans-serif\"><b><span lang=\"EN-US\" style=\"font-size:14.0pt\">HIGITEX 2024 | International Technical Textiles &amp; Nonwoven Exhibition<\/span><\/b><span lang=\"EN-US\" style=\"font-size:14.0pt\">, 4-8 June 2024, T&uuml;yap Fair Convention and Congress Center, T&uuml;rkiye. <\/span><a href=\"https:\/\/www.hightex.com.tr\/\" style=\"color:blue; text-decoration:underline\"><span style=\"font-size:14.0pt\">Information here<\/span><\/a> <\/span><\/span><\/span><\/p>\r\n\r\n<p style=\"text-align:justify\"><span style=\"font-size:11pt\"><span style=\"line-height:normal\"><span style=\"font-family:Calibri,sans-serif\"><b><span style=\"font-size:14.0pt\">FEIPLAR COMPOSITES &amp; FEIPUR &ndash; Feira e Congresso Internacionais de Composites, Poliuretano, Pl&aacute;sticos de Engenharia e Compostos Termopl&aacute;sticos<\/span><\/b><span style=\"font-size:14.0pt\">, 20 a 22 de agosto de 2024, S&atilde;o Paulo Expo (Pavilh&atilde;o 5), palestras: das 8h30 &agrave;s 18h, feira: das 13h &agrave;s 20h.<b> <\/b><\/span><a href=\"http:\/\/www.feiplar.com\" style=\"color:blue; text-decoration:underline\"><span style=\"font-size:14.0pt\">www.feiplar.com<\/span><\/a> <\/span><\/span><\/span><\/p>\r\n\r\n<p style=\"text-align:justify\"><span style=\"font-size:11pt\"><span style=\"line-height:normal\"><span style=\"font-family:Calibri,sans-serif\"><b><span style=\"font-size:14.0pt\">Fenasan 2024 &ndash; Feira Nacional de Saneamento e Meio Ambiente<\/span><\/b><span style=\"font-size:14.0pt\">, 22 a 24 de outubro de 2024, Pavilh&otilde;es Verde e Vermelho, Expo Center Norte, S&atilde;o Paulo SP. <\/span><a href=\"http:\/\/www.fenasan.com.br\" style=\"color:blue; text-decoration:underline\"><span style=\"font-size:14.0pt\">www.fenasan.com.br<\/span><\/a> <\/span><\/span><\/span><\/p>\r\n\r\n<p style=\"text-align:justify\"><span style=\"font-size:11pt\"><span style=\"line-height:normal\"><span style=\"font-family:Calibri,sans-serif\"><b><span style=\"font-size:14.0pt\">HospitalMed 2024<\/span><\/b><span style=\"font-size:14.0pt\">, 23 a 25 de outubro, das 14h &agrave;s 20h, no Pernambuco Centro de Conven&ccedil;&otilde;es. <\/span><a href=\"http:\/\/www.hospitalmed.com.br\" style=\"color:blue; text-decoration:underline\"><span lang=\"EN-US\" style=\"font-size:14.0pt\">www.hospitalmed.com.br<\/span><\/a> <\/span><\/span><\/span><\/p>\r\n\r\n<p style=\"text-align:justify\"><span style=\"font-size:28pt\"><span style=\"font-family:Cambria,serif\"><span style=\"letter-spacing:-0.5pt\"><b><span lang=\"EN-US\" style=\"font-size:18.0pt\"><span style=\"font-family:&quot;Calibri&quot;,sans-serif\"><span style=\"font-variant:small-caps\">Setor<\/span><\/span><\/span><\/b><\/span><\/span><\/span><\/p>\r\n\r\n<p style=\"text-align:justify\"><span style=\"font-size:11pt\"><span style=\"line-height:normal\"><span style=\"font-family:Calibri,sans-serif\"><a href=\"https:\/\/www.nonwovens-industry.com\/issues\/2024-04\/view_features\/the-future-of-global-nonwoven-wipes-to-2029?utm_campaign=NON+Issue+Alert&amp;utm_medium=email&amp;_hsenc=p2ANqtz--iO3-wCzt9sRZxd_LXJISxlv4paylBYpztGnt-t5Sq-SLg7Im7aXxx3zVnEbqwB3oX-vGlKiq6LPu0fe6GJR-21t5RhQ&amp;_hsmi=301393174&amp;utm_content=301393174&amp;utm_source=hs_email\" style=\"color:blue; text-decoration:underline\"><span lang=\"EN-US\" style=\"font-size:14.0pt\">The Future of Global Nonwoven Wipes to 2029<\/span><\/a><\/span><\/span><\/span><\/p>\r\n\r\n<p style=\"text-align:justify\"><span style=\"font-size:11pt\"><span style=\"line-height:normal\"><span style=\"font-family:Calibri,sans-serif\"><a href=\"https:\/\/www.nonwovens-industry.com\/contents\/view_breaking-news\/2024-04-03\/edana-to-host-innovation-forum-in-june\/15303\" style=\"color:blue; text-decoration:underline\"><span lang=\"EN-US\" style=\"font-size:14.0pt\">EDANA to Host Innovation Forum in June<\/span><\/a> <\/span><\/span><\/span><\/p>\r\n\r\n<p style=\"text-align:justify\"><span style=\"font-size:11pt\"><span style=\"line-height:normal\"><span style=\"font-family:Calibri,sans-serif\"><a href=\"https:\/\/www.nonwovens-industry.com\/contents\/view_breaking-news\/2024-04-02\/essity-expands-production-site-in-brazil?utm_campaign=NON+eNewsletter&amp;utm_medium=email&amp;_hsenc=p2ANqtz-_obJumrwCi0pW8Hbd4Ui8ppbdQStteuosEXtseNC_t7ioJg55SWO1VJirHikijLPPbUAhVME7H2a2-ren1Kelt3RzWxg&amp;_hsmi=301239302&amp;utm_content=301239302&amp;utm_source=hs_email\" style=\"color:blue; text-decoration:underline\"><span lang=\"EN-US\" style=\"font-size:14.0pt\">Essity Expands Production Site in Brazil<\/span><\/a><\/span><\/span><\/span><\/p>\r\n\r\n<p style=\"text-align:justify\"><span style=\"font-size:11pt\"><span style=\"line-height:normal\"><span style=\"font-family:Calibri,sans-serif\"><a href=\"https:\/\/t.rdsv2.net\/ls\/click?upn=u001.SJ-2BHbcLStyE5mTD5OK48sq2JxFfkhvQ6eAz6nLBcupWgZTbmjEYNsVQoUDEYBB2CCm7P60Pz5HYXlZRVUWIa6FKKTP654vn1P6yqzrka-2FU0K3DZ5Uxa3wYD0zC5Hgz-2B-2BnMeA4OWsX-2BRssoCUaMq47hCj24tZK3WUwfMqpRTtsxiprLFHP2PR5-2BlaTBUusAJP5XGHJp0A1vLeO6ejjEL-2Bp37PgmY68HcVazOi7JtuC5UT5xpjrlIajuXrKgJoBTDJDUD8Vwd-2Bng60T3ssSFIGxg-3D-3DOkxg_T7N8BvZTOm04CQQMiyWztrpCjlUrRc4F7QzSgUIpTqB5Yk-2Bt7YhUyk7lZRXmbFFsi-2Foe1q0kuwsCjfsBOqL9ZeKwOqG7ApazixuGEP6Z5SJuFg5bm15p-2FcAKNI6-2BqjB-2BvLXE-2FIdOtg6K7hLnS7g4tzefMKrk-2BnJ2w6JMc-2BiBS0O3zep77tcYd-2Bwdzno8UYQa10Sy0u1CPhGSUfUNhBhcORMXyMfnCXNV1FiNTgGfVXQXMO-2FAv7CzbeOp0F877xlEnyZFlM2FKhKWAqUuzzbWjhex-2FVOLZwjrr3wL7ST03ZD46RN9f-2FI8dQ4Ir2v9Ps2YvIIzNvQmY0ucYo2RNrfGNG4oFXfoeWew34P6-2FJzLvrqc6ZRd-2FOcVVnh6WLHF9Bhv7Lx9Iwcq7oXo4PZbgGbxttLsDbQailueuLaiYdL23HnNZAoIQpzaMOHAG9tuhS-2BwG-2F9-2BPLZ1EQVgSdjTr6SC4TCkuv0qCB2UvRWXQrvdGnEfiMTSzJ5HlCdeyduVBBFrZPFavBadzK0REerbWccMgDmm-2BSTTmUP-2B4AVEPs0MwutT34ZRqDTN9sl6yPUrWrEyIkF8YDvjc6hDKEAHD-2BTkzK26RJOvgXOB7WWpZoswxBPnoCotsaYZz-2Bs30jrQE5AkVVDJbEUqa57S4-2F62mCr49g-3D-3D\" style=\"color:blue; text-decoration:underline\" target=\"_blank\" title=\"Kimberly-Clark anuncia investimento de US$ 1,5 bilh\u00e3o em reestrutura\u00e7\u00e3o de seus neg\u00f3cios\"><span style=\"font-size:14.0pt\">Kimberly-Clark anuncia investimento de US$ 1,5 bilh&atilde;o em reestrutura&ccedil;&atilde;o de seus neg&oacute;cios<\/span><\/a><\/span><\/span><\/span><\/p>\r\n\r\n<p style=\"text-align:justify\"><span style=\"font-size:11pt\"><span style=\"line-height:normal\"><span style=\"font-family:Calibri,sans-serif\"><a href=\"https:\/\/casaefesta.com\/decoracao-com-tnt-no-teto\/\" style=\"color:blue; text-decoration:underline\"><span style=\"font-size:14.0pt\">Decora&ccedil;&atilde;o com N&atilde;otecido no teto: 20 ideias para decorar a festa<\/span><\/a><\/span><\/span><\/span><\/p>\r\n\r\n<p style=\"text-align:justify\"><span style=\"font-size:11pt\"><span style=\"line-height:normal\"><span style=\"font-family:Calibri,sans-serif\"><a href=\"https:\/\/www.cariacica.es.gov.br\/noticias\/73505\/prefeitura-de-cariacica-inicia-obra-de-muro-de-contencao-em-grauna\" style=\"color:blue; text-decoration:underline\"><span style=\"font-size:14.0pt\">Revestimento de geomantas: Prefeitura de Cariacica inicia obra de muro de conten&ccedil;&atilde;o em Gra&uacute;na<\/span><\/a><\/span><\/span><\/span><\/p>\r\n\r\n<p style=\"text-align:justify\"><span style=\"font-size:11pt\"><span style=\"line-height:normal\"><span style=\"font-family:Calibri,sans-serif\"><a href=\"https:\/\/ibsp.net.br\/seguranca-do-paciente\/materiais-cientificos\/no-brasil-12-das-internacoes-em-uti-estao-relacionadas-a-eventos-adversos-e-70-delas-poderiam-ser-evitadas\/\" style=\"color:blue; text-decoration:underline\"><span style=\"font-size:14.0pt\">No Brasil, 12% das interna&ccedil;&otilde;es em UTI est&atilde;o relacionadas a eventos adversos e 70% delas poderiam ser evitadas<\/span><\/a><\/span><\/span><\/span><\/p>\r\n\r\n<p style=\"text-align:justify\"><span style=\"font-size:11pt\"><span style=\"line-height:normal\"><span style=\"font-family:Calibri,sans-serif\"><a href=\"https:\/\/www.nonwovens-industry.com\/issues\/2024-04\/view_features\/analysis-shows-flushable-wipes-not-responsible-for-clogs?utm_campaign=NON+Issue+Alert&amp;utm_medium=email&amp;_hsenc=p2ANqtz--wUBuYud9Ij-JU7-EOFD6Xv_6_tC6grvOql_mH2FVhFgMMdx3Rni6_hLZ2HCnXYhikR67MF1Ld-Wwnf5S3meF1Xw3vxA&amp;_hsmi=301393174&amp;utm_content=301393174&amp;utm_source=hs_email\" style=\"color:blue; text-decoration:underline\"><span lang=\"EN-US\" style=\"font-size:14.0pt\">Analysis Shows Flushable Wipes Not Responsible for Clogs<\/span><\/a><\/span><\/span><\/span><\/p>\r\n\r\n<p style=\"text-align:justify\"><span style=\"font-size:28pt\"><span style=\"font-family:Cambria,serif\"><span style=\"letter-spacing:-0.5pt\"><b><span style=\"font-size:18.0pt\"><span style=\"font-family:&quot;Calibri&quot;,sans-serif\"><span style=\"font-variant:small-caps\">Ind&uacute;stria<\/span><\/span><\/span><\/b><\/span><\/span><\/span><\/p>\r\n\r\n<p style=\"text-align:justify\"><span style=\"font-size:11pt\"><span style=\"line-height:normal\"><span style=\"font-family:Calibri,sans-serif\"><a href=\"https:\/\/noticias.portaldaindustria.com.br\/noticias\/economia\/cni-lanca-cartilha-para-empresarios-sobre-linhas-de-credito-da-nova-industria-brasil\/\" style=\"color:blue; text-decoration:underline\"><span style=\"font-size:14.0pt\">CNI lan&ccedil;a cartilha para empres&aacute;rios sobre linhas de cr&eacute;dito da Nova Ind&uacute;stria Brasil<\/span><\/a><\/span><\/span><\/span><\/p>\r\n\r\n<p style=\"text-align:justify\"><span style=\"font-size:11pt\"><span style=\"line-height:normal\"><span style=\"font-family:Calibri,sans-serif\"><a href=\"https:\/\/ibre.fgv.br\/blog-da-conjuntura-economica\/artigos\/confianca-empresarial-no-primeiro-trimestre-melhora-das\" style=\"color:blue; text-decoration:underline\"><span style=\"font-size:14.0pt\">Confian&ccedil;a empresarial no primeiro trimestre: melhora das expectativas inclui com&eacute;rcio e servi&ccedil;os<\/span><\/a><\/span><\/span><\/span><\/p>\r\n\r\n<p style=\"text-align:justify\"><span style=\"font-size:11pt\"><span style=\"line-height:normal\"><span style=\"font-family:Calibri,sans-serif\"><a href=\"https:\/\/exclusivo.com.br\/_conteudo\/negocios\/2024\/04\/03\/setor-calcadista-abre-5-mil-postos-de-trabalho-no-primeiro-bimestre-do-ano.html\" style=\"color:blue; text-decoration:underline\"><span style=\"font-size:14.0pt\">Setor cal&ccedil;adista abre 5 mil postos de trabalho no primeiro bimestre do ano<\/span><\/a> <\/span><\/span><\/span><\/p>\r\n\r\n<p style=\"text-align:justify\"><span style=\"font-size:11pt\"><span style=\"line-height:normal\"><span style=\"font-family:Calibri,sans-serif\"><a href=\"https:\/\/www.correiobraziliense.com.br\/economia\/2024\/04\/6832698-construcao-civil-voltara-a-crescer-em-2024-apostam-empresarios-do-setor.html\" style=\"color:blue; text-decoration:underline\"><span style=\"font-size:14.0pt\">Constru&ccedil;&atilde;o Civil voltar&aacute; a crescer em 2024, apostam empres&aacute;rios do setor<\/span><\/a><\/span><\/span><\/span><\/p>\r\n\r\n<p style=\"text-align:justify\"><span style=\"font-size:11pt\"><span style=\"line-height:normal\"><span style=\"font-family:Calibri,sans-serif\"><a href=\"https:\/\/grandesconstrucoes.com.br\/Noticias\/Exibir\/construcao-abre-35-mil-novos-empregos-em-fevereiro-aponta-sinduscon-sp?utm_source=akna&amp;utm_medium=email&amp;utm_campaign=Grandes-Construcoes-Informativo-906-04-04-2024&amp;utm_source=akna&amp;utm_medium=email&amp;utm_campaign=Grandes-Construcoes-Informativo-906-04-04-2024\" style=\"color:blue; text-decoration:underline\"><span style=\"font-size:14.0pt\">Constru&ccedil;&atilde;o abre 35 mil novos empregos em fevereiro<\/span><\/a><\/span><\/span><\/span><\/p>\r\n\r\n<p style=\"text-align:justify\"><span style=\"font-size:11pt\"><span style=\"line-height:normal\"><span style=\"font-family:Calibri,sans-serif\"><a href=\"https:\/\/ibre.fgv.br\/blog-da-conjuntura-economica\/artigos\/construcao-sondagem-revela-preocupacao-do-setor-com-condicoes\" style=\"color:blue; text-decoration:underline\"><span style=\"font-size:14.0pt\">Constru&ccedil;&atilde;o: Sondagem revela preocupa&ccedil;&atilde;o do setor com condi&ccedil;&otilde;es para atender &agrave; demanda<\/span><\/a><\/span><\/span><\/span><\/p>\r\n\r\n<p style=\"text-align:justify\"><span style=\"font-size:11pt\"><span style=\"line-height:normal\"><span style=\"font-family:Calibri,sans-serif\"><a href=\"https:\/\/plasticosemrevista.com.br\/crise-imobiliaria-mundial-deixa-pvc-sem-teto\/\" style=\"color:blue; text-decoration:underline\"><span style=\"font-size:14.0pt\">Crise imobili&aacute;ria mundial deixa PVC sem teto<\/span><\/a><\/span><\/span><\/span><\/p>\r\n\r\n<p style=\"text-align:justify\"><span style=\"font-size:11pt\"><span style=\"line-height:normal\"><span style=\"font-family:Calibri,sans-serif\"><a href=\"https:\/\/portalradar.com.br\/agrishow-2024-tera-apoio-institucional-da-abrafiltros\/\" style=\"color:blue; text-decoration:underline\"><span style=\"font-size:14.0pt\">Agrishow 2024 ter&aacute; apoio institucional da Abrafiltros<\/span><\/a><\/span><\/span><\/span><\/p>\r\n\r\n<p style=\"text-align:justify\"><span style=\"font-size:28pt\"><span style=\"font-family:Cambria,serif\"><span style=\"letter-spacing:-0.5pt\"><b><span style=\"font-size:18.0pt\"><span style=\"font-family:&quot;Calibri&quot;,sans-serif\"><span style=\"font-variant:small-caps\">Sustentabilidade<\/span><\/span><\/span><\/b><\/span><\/span><\/span><\/p>\r\n\r\n<p style=\"text-align:justify\"><span style=\"font-size:11pt\"><span style=\"line-height:normal\"><span style=\"font-family:Calibri,sans-serif\"><a href=\"https:\/\/www.atribuna.com.br\/projetos\/aregiaoempauta\/circularidade-do-plastico-esta-ociosa-ha-excesso-de-tributos-e-inadequacao-dos-materiais\" style=\"color:blue; text-decoration:underline\"><span style=\"font-size:14.0pt\">Circularidade do pl&aacute;stico est&aacute; ociosa: h&aacute; excesso de tributos e inadequa&ccedil;&atilde;o dos materiais<\/span><\/a> <\/span><\/span><\/span><\/p>\r\n\r\n<p style=\"text-align:justify\"><span style=\"font-size:11pt\"><span style=\"line-height:normal\"><span style=\"font-family:Calibri,sans-serif\"><a href=\"https:\/\/plasticosemrevista.com.br\/dialogo-de-surdos-sobre-meio-ambiente\/\" style=\"color:blue; text-decoration:underline\"><span style=\"font-size:14.0pt\">Di&aacute;logo de surdos sobre meio ambiente<\/span><\/a><\/span><\/span><\/span><\/p>\r\n\r\n<p style=\"text-align:justify\"><span style=\"font-size:11pt\"><span style=\"line-height:normal\"><span style=\"font-family:Calibri,sans-serif\"><a href=\"https:\/\/omunicipioblumenau.com.br\/programa-zdhc-chega-ao-brasil-em-parceria-com-a-febratex-summit\/\" style=\"color:blue; text-decoration:underline\"><span style=\"font-size:14.0pt\">Descarte de t&ecirc;xteis: Programa ZDHC chega ao Brasil em parceria com a Febratex Summit<\/span><\/a><\/span><\/span><\/span><\/p>\r\n\r\n<p style=\"text-align:justify\"><span style=\"font-size:28pt\"><span style=\"font-family:Cambria,serif\"><span style=\"letter-spacing:-0.5pt\"><b><span lang=\"EN-US\" style=\"font-size:18.0pt\"><span style=\"font-family:&quot;Calibri&quot;,sans-serif\"><span style=\"font-variant:small-caps\">Inova&ccedil;&atilde;o<\/span><\/span><\/span><\/b><\/span><\/span><\/span><\/p>\r\n\r\n<p style=\"text-align:justify\"><span style=\"font-size:11pt\"><span style=\"line-height:normal\"><span style=\"font-family:Calibri,sans-serif\"><a href=\"https:\/\/phys.org\/news\/2024-04-scientists-plastic-free-vegan-leather.html?utm_source=nwletter&amp;utm_medium=email&amp;utm_campaign=daily-nwletter\" style=\"color:blue; text-decoration:underline\"><span lang=\"EN-US\" style=\"font-size:14.0pt\">Scientists create plastic-free vegan leather that dyes itself, grown from bacteria<\/span><\/a><\/span><\/span><\/span><\/p>\r\n\r\n<p style=\"text-align:justify\"><span style=\"font-size:11pt\"><span style=\"line-height:normal\"><span style=\"font-family:Calibri,sans-serif\"><a href=\"https:\/\/techxplore.com\/news\/2024-04-virtual-skin-contact-smart-textiles.html?utm_source=nwletter&amp;utm_medium=email&amp;utm_campaign=daily-nwletter#google_vignette\" style=\"color:blue; text-decoration:underline\"><span lang=\"EN-US\" style=\"font-size:14.0pt\">Virtual skin contact: Smart textiles are making remote hugs tangible<\/span><\/a><\/span><\/span><\/span><\/p>\r\n\r\n<p style=\"text-align:justify\"><span style=\"font-size:11pt\"><span style=\"line-height:normal\"><span style=\"font-family:Calibri,sans-serif\"><a href=\"https:\/\/phys.org\/news\/2024-04-chinese-scientists-reveal-mechanism-silkworm.html?utm_source=nwletter&amp;utm_medium=email&amp;utm_campaign=daily-nwletter\" style=\"color:blue; text-decoration:underline\"><span lang=\"EN-US\" style=\"font-size:14.0pt\">Chinese scientists reveal the spinning mechanism of the silkworm<\/span><\/a><\/span><\/span><\/span><\/p>\r\n\r\n<p style=\"text-align:justify\"><span style=\"font-size:11pt\"><span style=\"line-height:normal\"><span style=\"font-family:Calibri,sans-serif\"><a href=\"https:\/\/www.epe.gov.br\/pt\/imprensa\/noticias\/epe-visita-o-laboratorio-de-biossinteticos-do-senai-na-ufrj\" style=\"color:blue; text-decoration:underline\"><span style=\"font-size:14.0pt\">Empresa de Pesquisa Energ&eacute;tica (EPE) visita o Laborat&oacute;rio de Biossint&eacute;ticos do Senai na UFRJ<\/span><\/a><\/span><\/span><\/span><\/p>\r\n\r\n<p style=\"text-align:justify\"><span style=\"font-size:28pt\"><span style=\"font-family:Cambria,serif\"><span style=\"letter-spacing:-0.5pt\"><b><span style=\"font-size:18.0pt\"><span style=\"font-family:&quot;Calibri&quot;,sans-serif\"><span style=\"font-variant:small-caps\">Com&eacute;rcio Exterior<\/span><\/span><\/span><\/b><\/span><\/span><\/span><\/p>\r\n\r\n<p style=\"text-align:justify\"><span style=\"font-size:11pt\"><span style=\"line-height:normal\"><span style=\"font-family:Calibri,sans-serif\"><a href=\"https:\/\/static.portaldaindustria.com.br\/media\/filer_public\/f7\/5a\/f75a06d3-63bf-4998-806f-5a4db6d0a90f\/nota_economica_32-abr2024.pdf\" style=\"color:blue; text-decoration:underline\"><span style=\"font-size:14.0pt\">Exporta&ccedil;&otilde;es da ind&uacute;stria de transforma&ccedil;&atilde;o registraram o segundo maior recorde<\/span><\/a><\/span><\/span><\/span><\/p>\r\n\r\n<p style=\"text-align:justify\"><span style=\"font-size:11pt\"><span style=\"line-height:normal\"><span style=\"font-family:Calibri,sans-serif\"><a href=\"https:\/\/noticias.portaldaindustria.com.br\/noticias\/internacional\/como-a-nova-industria-brasil-pode-alavancar-o-comercio-exterior\/\" style=\"color:blue; text-decoration:underline\"><span style=\"font-size:14.0pt\">Como a Nova Ind&uacute;stria Brasil pode alavancar o com&eacute;rcio exterior<\/span><\/a><\/span><\/span><\/span><\/p>\r\n\r\n<p style=\"text-align:justify\"><span style=\"font-size:11pt\"><span style=\"line-height:normal\"><span style=\"font-family:Calibri,sans-serif\"><a href=\"https:\/\/g1.globo.com\/economia\/noticia\/2024\/04\/04\/com-exportacoes-menores-de-soja-e-petroleo-superavit-da-balanca-comercial-recua-30percent-em-marco-para-us-75-bilhoes.ghtml\" style=\"color:blue; text-decoration:underline\"><span style=\"font-size:14.0pt\">Com exporta&ccedil;&otilde;es menores de soja e petr&oacute;leo, super&aacute;vit da balan&ccedil;a comercial recua 30% em mar&ccedil;o, para US$ 7,5 bilh&otilde;es<\/span><\/a><\/span><\/span><\/span><\/p>\r\n\r\n<p style=\"text-align:justify\"><span style=\"font-size:11pt\"><span style=\"line-height:normal\"><span style=\"font-family:Calibri,sans-serif\"><a href=\"https:\/\/medicinasa.com.br\/exportacoes-medicas\/\" style=\"color:blue; text-decoration:underline\"><span style=\"font-size:14.0pt\">Brasil supera US$ 1 bilh&atilde;o em exporta&ccedil;&otilde;es de dispositivos m&eacute;dicos<\/span><\/a><\/span><\/span><\/span><\/p>\r\n\r\n<p style=\"text-align:justify\"><span style=\"font-size:28pt\"><span style=\"font-family:Cambria,serif\"><span style=\"letter-spacing:-0.5pt\"><b><span style=\"font-size:18.0pt\"><span style=\"font-family:&quot;Calibri&quot;,sans-serif\"><span style=\"font-variant:small-caps\">Economia<\/span><\/span><\/span><\/b><\/span><\/span><\/span><\/p>\r\n\r\n<p style=\"text-align:justify\"><span style=\"font-size:11pt\"><span style=\"line-height:normal\"><span style=\"font-family:Calibri,sans-serif\"><a href=\"https:\/\/www.bcb.gov.br\/content\/focus\/focus\/R20240405.pdf\" style=\"color:blue; text-decoration:underline\"><span style=\"font-size:14.0pt\">Focus - Relat&oacute;rio de Mercado<\/span><\/a><\/span><\/span><\/span><\/p>\r\n\r\n<p style=\"text-align:justify\"><span style=\"font-size:11pt\"><span style=\"line-height:normal\"><span style=\"font-family:Calibri,sans-serif\"><span style=\"font-size:14.0pt\"><img src=\"https:\/\/www.abint.org.br\/assets\/img\/editor\/redes-sociais-abint-ctg-cth_20240409162423JDpTllKh9C.jpg\" \/><\/span><\/span><\/span><\/span><\/p>\r\n","texto_en":"","7":"","imagem":"COMP_capa-2024-site-boletim-abint-noticias-semanis_202404091625120knLjrV0gG.jpg","8":"COMP_capa-2024-site-boletim-abint-noticias-semanis_202404091625120knLjrV0gG.jpg","arquivo":"20240409-BOLETIM-ABINT-DE-NOTICIAS-SEMANAIS.PDF","9":"20240409-BOLETIM-ABINT-DE-NOTICIAS-SEMANAIS.PDF","titulo_arquivo":"20240409 Boletim ABINT de Noticias Semanais","10":"20240409 Boletim ABINT de Noticias Semanais","titulo_arquivo_en":"","11":"","created_at":"2024-04-09 16:25:27","12":"2024-04-09 16:25:27","updated_at":"2024-04-09 16:25:27","13":"2024-04-09 16:25:27"},{"id":112,"0":112,"ordem":111,"1":111,"data":"2024-04-04","2":"2024-04-04","slug":"boletim-abint-de-noticias-semanais-24","3":"boletim-abint-de-noticias-semanais-24","titulo":"Boletim ABINT de Not\u00edcias Semanais","4":"Boletim ABINT de Not\u00edcias Semanais","titulo_en":"","5":"","texto":"<p style=\"text-align:justify\"><span style=\"font-size:11pt\"><span style=\"line-height:normal\"><span style=\"font-family:Calibri,sans-serif\"><span style=\"font-size:14.0pt\">Esta &eacute; uma compila&ccedil;&atilde;o das not&iacute;cias mais relevantes para o setor, incluindo informa&ccedil;&otilde;es sobre acordos internacionais, economia brasileira, sustentabilidade e mat&eacute;rias primas, al&eacute;m de novidades do setor de N&atilde;otecidos e Tecidos T&eacute;cnicos.<\/span><\/span><\/span><\/span><\/p>\r\n\r\n<p style=\"text-align:justify\"><span style=\"font-size:28pt\"><span style=\"font-family:Cambria,serif\"><span style=\"letter-spacing:-0.5pt\"><b><span style=\"font-size:18.0pt\"><span style=\"font-family:&quot;Calibri&quot;,sans-serif\"><span style=\"font-variant:small-caps\">A&ccedil;&otilde;es realizadas<\/span><\/span><\/span><\/b><\/span><\/span><\/span><\/p>\r\n\r\n<p style=\"text-align:justify\"><span style=\"font-size:28pt\"><span style=\"font-family:Cambria,serif\"><span style=\"letter-spacing:-0.5pt\"><b><span style=\"font-size:18.0pt\"><span style=\"font-family:&quot;Calibri&quot;,sans-serif\"><span style=\"font-variant:small-caps\"><img src=\"https:\/\/www.abint.org.br\/assets\/img\/editor\/logo-ctg-abint-png_20240405140635n9ZuXEd34V.png\" style=\"width: 300px; height: 55px;\" \/><\/span><\/span><\/span><\/b><\/span><\/span><\/span><\/p>\r\n\r\n<p style=\"text-align:justify\">&nbsp;<\/p>\r\n\r\n<p style=\"text-align:justify\"><span style=\"font-size:11pt\"><span style=\"line-height:normal\"><span style=\"font-family:Calibri,sans-serif\"><span style=\"font-size:14.0pt\">No dia <b>26 de mar&ccedil;o<\/b>, o <b>CTG ABINT Entrevista <\/b>recebeu a<b> Eng.&ordf; Mariana de Castro Pinto <\/b>para falar sobre<b> &ldquo;Problemas associados a constru&ccedil;&atilde;o de barragens e piscin&otilde;es para o agroneg&oacute;cio&rdquo;<\/b>.<\/span><\/span><\/span><\/span><\/p>\r\n\r\n<p style=\"text-align:justify\"><span style=\"font-size:11pt\"><span style=\"line-height:normal\"><span style=\"font-family:Calibri,sans-serif\"><span style=\"font-size:14.0pt\">Perdeu a live, acesse o link e confira: <\/span><a href=\"https:\/\/www.instagram.com\/ctg_abint\/\" style=\"color:blue; text-decoration:underline\"><span style=\"font-size:14.0pt\">https:\/\/www.instagram.com\/ctg_abint\/<\/span><\/a> <\/span><\/span><\/span><\/p>\r\n\r\n<p style=\"text-align:justify\"><span style=\"font-size:28pt\"><span style=\"font-family:Cambria,serif\"><span style=\"letter-spacing:-0.5pt\"><b><span style=\"font-size:18.0pt\"><span style=\"font-family:&quot;Calibri&quot;,sans-serif\"><span style=\"font-variant:small-caps\"><img src=\"https:\/\/www.abint.org.br\/assets\/img\/editor\/fgi-11202020-capa_20240405140738VKsNAgynDF.png\" style=\"width: 500px; height: 228px;\" \/><\/span><\/span><\/span><\/b><\/span><\/span><\/span><\/p>\r\n\r\n<p style=\"text-align:justify\"><span style=\"font-size:14.0pt\"><span style=\"line-height:115%\"><span style=\"font-family:&quot;Calibri&quot;,sans-serif\"><span style=\"color:black\">O <\/span><\/span><\/span><\/span><b><span style=\"font-size:14.0pt\"><span style=\"line-height:115%\"><span style=\"font-family:&quot;Calibri&quot;,sans-serif\"><span style=\"color:#076148\">CTG Comit&ecirc; T&eacute;cnico de Geossint&eacute;ticos da ABINT <\/span><\/span><\/span><\/span><\/b><span style=\"font-size:14.0pt\"><span style=\"line-height:115%\"><span style=\"font-family:&quot;Calibri&quot;,sans-serif\"><span style=\"color:black\">tem a satisfa&ccedil;&atilde;o de informar que, agora em <\/span><\/span><\/span><\/span><b><span style=\"font-size:14.0pt\"><span style=\"line-height:115%\"><span style=\"font-family:&quot;Calibri&quot;,sans-serif\"><span style=\"color:#076148\">parceria com o Fabricate Geomembrane Institute (FGI)<\/span><\/span><\/span><\/span><\/b><span style=\"font-size:14.0pt\"><span style=\"line-height:115%\"><span style=\"font-family:&quot;Calibri&quot;,sans-serif\"><span style=\"color:black\">, promove <\/span><\/span><\/span><\/span><b><span style=\"font-size:14.0pt\"><span style=\"line-height:115%\"><span style=\"font-family:&quot;Calibri&quot;,sans-serif\"><span style=\"color:#076148\">in&eacute;dita vers&atilde;o em portugu&ecirc;s<\/span><\/span><\/span><\/span><\/b><span style=\"font-size:14.0pt\"><span style=\"line-height:115%\"><span style=\"font-family:&quot;Calibri&quot;,sans-serif\"><span style=\"color:black\"> da <\/span><\/span><\/span><\/span><b><span style=\"font-size:14.0pt\"><span style=\"line-height:115%\"><span style=\"font-family:&quot;Calibri&quot;,sans-serif\"><span style=\"color:#076148\">&quot;FGI 1120: Especifica&ccedil;&otilde;es de Materiais para Geomembranas de PVC&quot;.<\/span><\/span><\/span><\/span><\/b><\/p>\r\n\r\n<p style=\"text-align:justify\"><span style=\"font-size:11pt\"><span style=\"background:white\"><span style=\"line-height:normal\"><span style=\"vertical-align:baseline\"><span style=\"font-family:Calibri,sans-serif\"><b><span style=\"font-size:14.0pt\"><span style=\"color:#076148\">Mais uma a&ccedil;&atilde;o do CTG ABINT,<\/span><\/span><\/b><span style=\"font-size:14.0pt\"><span style=\"color:black\"> que demandou emprenho de seus integrantes, e <\/span><\/span><b><span style=\"font-size:14.0pt\"><span style=\"color:#076148\">deixa como marca do Comit&ecirc; um forte e acelerado avan&ccedil;o de qualidade t&eacute;cnica na cadeia produtiva brasileira de geossint&eacute;ticos.<\/span><\/span><\/b><\/span><\/span><\/span><\/span><\/span><\/p>\r\n\r\n<p style=\"text-align:justify\"><span style=\"font-size:11pt\"><span style=\"line-height:normal\"><span style=\"font-family:Calibri,sans-serif\"><a href=\"https:\/\/www.geossinteticos.org.br\/literatura\/fgi-1120-2020-especificacao-de-materiais-para-geomembranas-de-pvc\" style=\"color:blue; text-decoration:underline\"><b><span style=\"font-size:14.0pt\">CLIQUE E VEJA COMO OBTER O DOCUMENTO<\/span><\/b><\/a><\/span><\/span><\/span><\/p>\r\n\r\n<p class=\"MsoTitle\" style=\"text-align:justify\"><span style=\"font-size:28pt\"><span style=\"font-family:Cambria,serif\"><span style=\"letter-spacing:-0.5pt\"><b><span style=\"font-size:18.0pt\"><span style=\"font-family:&quot;Calibri&quot;,sans-serif\"><span style=\"font-variant:small-caps\">O que vem por a&iacute;<\/span><\/span><\/span><\/b><\/span><\/span><\/span><\/p>\r\n\r\n<p class=\"MsoTitle\" style=\"text-align:justify\"><span style=\"font-size:28pt\"><span style=\"font-family:Cambria,serif\"><span style=\"letter-spacing:-0.5pt\"><b><span style=\"font-size:18.0pt\"><span style=\"font-family:&quot;Calibri&quot;,sans-serif\"><span style=\"font-variant:small-caps\"><img src=\"https:\/\/www.abint.org.br\/assets\/img\/editor\/logo-ctg-abint-png_20240405141057xrYFRR8UH8.png\" style=\"width: 300px; height: 55px;\" \/><\/span><\/span><\/span><\/b><\/span><\/span><\/span><\/p>\r\n\r\n<p><img src=\"https:\/\/www.abint.org.br\/assets\/img\/editor\/geocentro-2024-logo_20240312184358q7awxAG7GO.jpg\" style=\"width: 500px; height: 298px;\" \/><\/p>\r\n\r\n<p>O CTG ABINT &eacute; um dos patrocinadores do&nbsp;<b>GEOCENTRO 2024 - 7&ordm; Simp&oacute;sio de Pr&aacute;tica de Engenharia Geot&eacute;cnica na Regi&atilde;o Centro-Oeste<\/b>, que acontecer&aacute; nos<b>&nbsp;dias 04, 05 e 06 de abril de 2024<\/b>, no Cenarium Rural,<b>&nbsp;em Cuiab&aacute;, Mato Grosso<\/b>.<\/p>\r\n\r\n<p>O evento &eacute;&nbsp;<b>promovido pela ABMS<\/b>&nbsp;&ndash; Associa&ccedil;&atilde;o Brasileira de Mec&acirc;nica dos Solos e Engenharia Geot&eacute;cnica &ndash; N&uacute;cleo Centro Oeste.<\/p>\r\n\r\n<p><a href=\"http:\/\/www.geocentro2024.com.br\/\">www.geocentro2024.com.br<\/a><\/p>\r\n\r\n<p>&nbsp;<\/p>\r\n\r\n<p><img src=\"https:\/\/www.abint.org.br\/assets\/img\/editor\/cth-logo-alta-png-2_20240312184602pDv7cUouKB.png\" style=\"width: 350px; height: 80px;\" \/><\/p>\r\n\r\n<p><img src=\"https:\/\/www.abint.org.br\/assets\/img\/editor\/hospitalmed-2024-logo_20240312184512NbskBsafP5.png\" style=\"width: 500px; height: 448px;\" \/><\/p>\r\n\r\n<p><b>O CTH ABINT &eacute; um dos patrocinadores da HospitalMed 2024.<\/b><\/p>\r\n\r\n<p>&ldquo;<i>A melhor e Mais Completa Feira de Sa&uacute;de do Norte\/Nordeste<\/i>&rdquo;, &eacute; uma realiza&ccedil;&atilde;o da HospitalMed Feiras &amp; Eventos e da Insight Feiras de Neg&oacute;cios.<\/p>\r\n\r\n<p><i>&ldquo;O&nbsp;<b>re&uacute;ne toda a cadeia produtiva do setor de sa&uacute;de das regi&otilde;es Norte\/Nordeste<\/b>. &Eacute; o grande encontro de fornecedores de Produtos, Equipamentos, Servi&ccedil;os, Tecnologia e Conte&uacute;do para Hospitais, Laborat&oacute;rios, Farm&aacute;cias, Cl&iacute;nicas, Consult&oacute;rios e Profissionais da Sa&uacute;de&rdquo;.<\/i><\/p>\r\n\r\n<p><a href=\"http:\/\/www.hospitalmed.com.br\/\">www.hospitalmed.com.br<\/a><\/p>\r\n\r\n<p class=\"MsoTitle\" style=\"text-align:justify\"><span style=\"font-size:28pt\"><span style=\"font-family:Cambria,serif\"><span style=\"letter-spacing:-0.5pt\"><b><span style=\"font-size:18.0pt\"><span style=\"font-family:&quot;Calibri&quot;,sans-serif\"><span style=\"font-variant:small-caps\">Not&iacute;cias das Associadas<\/span><\/span><\/span><\/b><\/span><\/span><\/span><\/p>\r\n\r\n<p style=\"text-align:justify\"><span style=\"font-size:11pt\"><span style=\"line-height:normal\"><span style=\"font-family:Calibri,sans-serif\"><a href=\"https:\/\/tissueonline.com.br\/andritz-vence-o-microsoft-intelligent-manufacturing-award-2024\/?utm_campaign=newsletter_28032024_novo_modelo&amp;utm_medium=email&amp;utm_source=RD+Station\" style=\"color:blue; text-decoration:underline\"><span lang=\"EN-US\" style=\"font-size:14.0pt\">ANDRITZ vence o Microsoft Intelligent Manufacturing Award 2024<\/span><\/a><\/span><\/span><\/span><\/p>\r\n\r\n<p style=\"text-align:justify\"><span style=\"font-size:11pt\"><span style=\"line-height:normal\"><span style=\"font-family:Calibri,sans-serif\"><a href=\"https:\/\/tissueonline.com.br\/metsa-e-andritz-construirao-uma-planta-piloto-para-desenvolver-novos-produtos-de-lignina\/\" style=\"color:blue; text-decoration:underline\"><span style=\"font-size:14.0pt\">Mets&auml; e ANDRITZ construir&atilde;o uma planta piloto para desenvolver novos produtos de lignina<\/span><\/a><\/span><\/span><\/span><\/p>\r\n\r\n<p style=\"text-align:justify\"><span style=\"font-size:11pt\"><span style=\"line-height:normal\"><span style=\"font-family:Calibri,sans-serif\"><a href=\"https:\/\/plasticosemrevista.com.br\/pet-indorama-reestrutura-estrategia-operacional\/\" style=\"color:blue; text-decoration:underline\"><span style=\"font-size:14.0pt\">PET: Indorama reestrutura estrat&eacute;gia operacional<\/span><\/a><\/span><\/span><\/span><\/p>\r\n\r\n<p style=\"text-align:justify\">&nbsp;<\/p>\r\n\r\n<p style=\"text-align:justify\"><span style=\"font-size:11pt\"><span style=\"line-height:normal\"><span style=\"font-family:Calibri,sans-serif\"><b><span style=\"font-size:18.0pt\"><span style=\"font-variant:small-caps\">Eventos<\/span><\/span><\/b><\/span><\/span><\/span><\/p>\r\n\r\n<p style=\"text-align:justify\"><span style=\"font-size:11pt\"><span style=\"line-height:normal\"><span style=\"font-family:Calibri,sans-serif\"><b><span style=\"font-size:14.0pt\">Workshop Etiquetagem de produtos t&ecirc;xteis e confeccionados<\/span><\/b><span class=\"MsoHyperlink\" style=\"color:blue\"><span style=\"text-decoration:underline\"><span style=\"font-size:14.0pt\"><span style=\"text-decoration:none\"><span style=\"text-underline:none\">, <\/span><\/span><\/span><\/span><\/span><span style=\"font-size:14.0pt\">17 de abril de 2024, 09h00 &agrave;s 12h00<\/span><span class=\"MsoHyperlink\" style=\"color:blue\"><span style=\"text-decoration:underline\"><span style=\"font-size:14.0pt\"><span style=\"text-decoration:none\"><span style=\"text-underline:none\">. <\/span><\/span><\/span><\/span><\/span><a href=\"https:\/\/app.rdstation.email\/mail\/9c266d63-52fa-42b3-bb06-f003dcb8dae6?utm_campaign=workshop_etiquetagem_-_abr24&amp;utm_medium=email&amp;utm_source=RD+Station\" style=\"color:blue; text-decoration:underline\"><span style=\"font-size:14.0pt\">Inscri&ccedil;&otilde;es e informa&ccedil;&otilde;es aqui<\/span><\/a> <\/span><\/span><\/span><\/p>\r\n\r\n<p style=\"text-align:justify\"><span style=\"font-size:11pt\"><span style=\"line-height:normal\"><span style=\"font-family:Calibri,sans-serif\"><b><span style=\"font-size:14.0pt\">ABTT Academy | Curso de Alfandegu&ecirc;s: Aprenda os Segredos do Com&eacute;rcio T&ecirc;xtil<\/span><\/b><span class=\"MsoHyperlink\" style=\"color:blue\"><span style=\"text-decoration:underline\"><span style=\"font-size:14.0pt\"><span style=\"text-decoration:none\"><span style=\"text-underline:none\">, <\/span><\/span><\/span><\/span><\/span><span style=\"font-size:14.0pt\">20 de abril de 2024, 08h00 &agrave;s 12h00<\/span><span class=\"MsoHyperlink\" style=\"color:blue\"><span style=\"text-decoration:underline\"><span style=\"font-size:14.0pt\"><span style=\"text-decoration:none\"><span style=\"text-underline:none\">. <\/span><\/span><\/span><\/span><\/span><a href=\"https:\/\/docs.google.com\/forms\/d\/e\/1FAIpQLSeI0D2T9RWo5ep94MerHacZNLtiABGYYveyerr8HFTB0fadqw\/viewform\" style=\"color:blue; text-decoration:underline\"><span style=\"font-size:14.0pt\">Informa&ccedil;&otilde;es e inscri&ccedil;&otilde;es aqui<\/span><\/a> <\/span><\/span><\/span><\/p>\r\n\r\n<p style=\"text-align:justify\"><span style=\"font-size:11pt\"><span style=\"line-height:normal\"><span style=\"font-family:Calibri,sans-serif\"><b><span style=\"font-size:14.0pt\">VDI-Brasil | Industry4Her convida: Tend&ecirc;ncias para o mercado de Constru&ccedil;&atilde;o e Minera&ccedil;&atilde;o, <\/span><\/b><span style=\"font-size:14.0pt\">25 de abril de 2024, 09h &agrave;s 12h, Audit&oacute;rio M&amp;T Expo, S&atilde;o Paulo, SP. <\/span><a href=\"https:\/\/www.mtexpo.com.br\/industry4her-convida-tendencias-para-o-mercado-de-construcao-e-mineracao\/?utm_campaign=mt_expo_-_industry4her_-_27324&amp;utm_medium=email&amp;utm_source=RD+Station\" style=\"color:blue; text-decoration:underline\"><span style=\"font-size:14.0pt\">Informa&ccedil;&otilde;es e inscri&ccedil;&otilde;es aqui<\/span><\/a><\/span><\/span><\/span><\/p>\r\n\r\n<p style=\"text-align:justify\"><span style=\"font-size:11pt\"><span style=\"line-height:normal\"><span style=\"font-family:Calibri,sans-serif\"><b><span style=\"font-size:14.0pt\">GEOAMERICAS 2024, <\/span><\/b><span style=\"font-size:14.0pt\">de 28 de abril a 01 de maio de 2024, em Toronto (Canad&aacute;). <\/span><a href=\"https:\/\/www.geoamericas2024.org\/\" style=\"color:blue; text-decoration:underline\"><span style=\"font-size:14.0pt\">Informa&ccedil;&otilde;es aqui.<\/span><\/a><\/span><\/span><\/span><\/p>\r\n\r\n<p style=\"text-align:justify\"><span style=\"font-size:11pt\"><span style=\"line-height:normal\"><span style=\"font-family:Calibri,sans-serif\"><b><span style=\"font-size:14.0pt\">II Congresso Ibero-Americano de Esteriliza&ccedil;&atilde;o e II Congresso Nacional de Reprocessamento de Dispositivos M&eacute;dicos<\/span><\/b><span style=\"font-size:14.0pt\">, 16 a 18 de maio de 2024, Cartagena, Colombia<b>. <\/b><\/span><a href=\"http:\/\/nascecme.com.br\/ii-congresso-ibero-americano-de-esterilizacao-e-ii-congresso-nacional-de-reprocessamento-de-dispositivos-medicos\/\" style=\"color:blue; text-decoration:underline\"><span lang=\"EN-US\" style=\"font-size:14.0pt\">Informa&ccedil;&otilde;es<\/span><\/a><span lang=\"EN-US\" style=\"font-size:14.0pt\"> <\/span><\/span><\/span><\/span><\/p>\r\n\r\n<p style=\"text-align:justify\"><span style=\"font-size:11pt\"><span style=\"line-height:normal\"><span style=\"font-family:Calibri,sans-serif\"><b><span lang=\"EN-US\" style=\"font-size:14.0pt\">ANEX 2024 | Asia Nonwoven Exhibition and Conference<\/span><\/b><span lang=\"EN-US\" style=\"font-size:14.0pt\">, 22-24 May 2024, Taipei Nangang Exhibition Center, Hall 1. <\/span><a href=\"https:\/\/www.anex2024.com\/\" style=\"color:blue; text-decoration:underline\"><span lang=\"EN-US\" style=\"font-size:14.0pt\">Information here<\/span><\/a> <\/span><\/span><\/span><\/p>\r\n\r\n<p style=\"text-align:justify\"><span style=\"font-size:11pt\"><span style=\"line-height:normal\"><span style=\"font-family:Calibri,sans-serif\"><b><span lang=\"EN-US\" style=\"font-size:14.0pt\">The EDANA Innovation Forum<\/span><\/b><span class=\"MsoHyperlink\" style=\"color:blue\"><span style=\"text-decoration:underline\"><span lang=\"EN-US\" style=\"font-size:14.0pt\"><span style=\"text-decoration:none\"><span style=\"text-underline:none\">, <\/span><\/span><\/span><\/span><\/span><span lang=\"EN-US\" style=\"font-size:14.0pt\">04 - 06 June 2024, Munich<\/span><span class=\"MsoHyperlink\" style=\"color:blue\"><span style=\"text-decoration:underline\"><span lang=\"EN-US\" style=\"font-size:14.0pt\"><span style=\"text-decoration:none\"><span style=\"text-underline:none\">. <\/span><\/span><\/span><\/span><\/span><a href=\"https:\/\/www.edana.org\/events\/edana-innovation-forum-?ct=t(MENA_2018_call_for_papers6_28_2017_COPY_01)&amp;mc_cid=27efeab42f&amp;mc_eid=08e0eae351\" style=\"color:blue; text-decoration:underline\"><span lang=\"EN-US\" style=\"font-size:14.0pt\">Information here<\/span><\/a><\/span><\/span><\/span><\/p>\r\n\r\n<p style=\"text-align:justify\"><span style=\"font-size:11pt\"><span style=\"line-height:normal\"><span style=\"font-family:Calibri,sans-serif\"><b><span lang=\"EN-US\" style=\"font-size:14.0pt\">HIGITEX 2024 | International Technical Textiles &amp; Nonwoven Exhibition<\/span><\/b><span lang=\"EN-US\" style=\"font-size:14.0pt\">, 4-8 June 2024, T&uuml;yap Fair Convention and Congress Center, T&uuml;rkiye. <\/span><a href=\"https:\/\/www.hightex.com.tr\/\" style=\"color:blue; text-decoration:underline\"><span style=\"font-size:14.0pt\">Information here<\/span><\/a> <\/span><\/span><\/span><\/p>\r\n\r\n<p style=\"text-align:justify\"><span style=\"font-size:11pt\"><span style=\"line-height:normal\"><span style=\"font-family:Calibri,sans-serif\"><b><span style=\"font-size:14.0pt\">FEIPLAR COMPOSITES &amp; FEIPUR &ndash; Feira e Congresso Internacionais de Composites, Poliuretano, Pl&aacute;sticos de Engenharia e Compostos Termopl&aacute;sticos<\/span><\/b><span style=\"font-size:14.0pt\">, 20 a 22 de agosto de 2024, S&atilde;o Paulo Expo (Pavilh&atilde;o 5), palestras: das 8h30 &agrave;s 18h, feira: das 13h &agrave;s 20h.<b> <\/b><\/span><a href=\"http:\/\/www.feiplar.com\" style=\"color:blue; text-decoration:underline\"><span style=\"font-size:14.0pt\">www.feiplar.com<\/span><\/a> <\/span><\/span><\/span><\/p>\r\n\r\n<p style=\"text-align:justify\"><span style=\"font-size:11pt\"><span style=\"line-height:normal\"><span style=\"font-family:Calibri,sans-serif\"><b><span style=\"font-size:14.0pt\">Fenasan 2024 &ndash; Feira Nacional de Saneamento e Meio Ambiente<\/span><\/b><span style=\"font-size:14.0pt\">, 22 a 24 de outubro de 2024, Pavilh&otilde;es Verde e Vermelho, Expo Center Norte, S&atilde;o Paulo SP. <\/span><a href=\"http:\/\/www.fenasan.com.br\" style=\"color:blue; text-decoration:underline\"><span style=\"font-size:14.0pt\">www.fenasan.com.br<\/span><\/a> <\/span><\/span><\/span><\/p>\r\n\r\n<p style=\"text-align:justify\"><span style=\"font-size:11pt\"><span style=\"line-height:normal\"><span style=\"font-family:Calibri,sans-serif\"><b><span style=\"font-size:14.0pt\">HospitalMed 2024<\/span><\/b><span style=\"font-size:14.0pt\">, 23 a 25 de outubro, das 14h &agrave;s 20h, no Pernambuco Centro de Conven&ccedil;&otilde;es. <\/span><a href=\"http:\/\/www.hospitalmed.com.br\" style=\"color:blue; text-decoration:underline\"><span style=\"font-size:14.0pt\">www.hospitalmed.com.br<\/span><\/a> <\/span><\/span><\/span><\/p>\r\n\r\n<p style=\"text-align:justify\"><span style=\"font-size:28pt\"><span style=\"font-family:Cambria,serif\"><span style=\"letter-spacing:-0.5pt\"><b><span style=\"font-size:18.0pt\"><span style=\"font-family:&quot;Calibri&quot;,sans-serif\"><span style=\"font-variant:small-caps\">Setor<\/span><\/span><\/span><\/b><\/span><\/span><\/span><\/p>\r\n\r\n<p style=\"text-align:justify\"><span style=\"font-size:11pt\"><span style=\"line-height:normal\"><span style=\"font-family:Calibri,sans-serif\"><a href=\"https:\/\/www.plastico.com.br\/resinas-plasticas-sinais-de-melhores-dias-ainda-em-2024\/\" style=\"color:blue; text-decoration:underline\"><span style=\"font-size:14.0pt\">Mercado de Resinas pl&aacute;sticas: Sinais de melhores dias ainda em 2024<\/span><\/a><\/span><\/span><\/span><\/p>\r\n\r\n<p style=\"text-align:justify\"><span style=\"font-size:11pt\"><span style=\"line-height:normal\"><span style=\"font-family:Calibri,sans-serif\"><a href=\"https:\/\/www.nonwovens-industry.com\/contents\/view_features\/2024-03-21\/engaged-nonwovens-research-in-high-tech-markets\/?widget=listSection\" style=\"color:blue; text-decoration:underline\"><span lang=\"EN-US\" style=\"font-size:14.0pt\">Engaged Nonwovens Research in High Tech Markets<\/span><\/a><\/span><\/span><\/span><\/p>\r\n\r\n<p style=\"text-align:justify\"><span style=\"font-size:11pt\"><span style=\"line-height:normal\"><span style=\"font-family:Calibri,sans-serif\"><a href=\"https:\/\/www.nonwovens-industry.com\/contents\/view_online-exclusives\/2024-03-25\/diaper-makers-expand-manufacturing-footprint?utm_campaign=NON+eNewsletter&amp;utm_medium=email&amp;_hsenc=p2ANqtz--mF09UDTu79xnK7Gf_W5tl-I5eW0WJety6eqXb_WK-I73fDHvpVVvQ03MTLODN31k3Za8DuUd0eF67dPxJDI1bk9Bbjw&amp;_hsmi=300272575&amp;utm_content=300272575&amp;utm_source=hs_email\" style=\"color:blue; text-decoration:underline\"><span lang=\"EN-US\" style=\"font-size:14.0pt\">Diaper Makers Expand Manufacturing Footprint<\/span><\/a><\/span><\/span><\/span><\/p>\r\n\r\n<p style=\"text-align:justify\"><span style=\"font-size:11pt\"><span style=\"line-height:normal\"><span style=\"font-family:Calibri,sans-serif\"><a href=\"https:\/\/www.nonwovens-industry.com\/contents\/view_breaking-news\/2024-03-27\/kimberly-clark-announces-long-term-growth-strategy?utm_campaign=NON+eNewsletter&amp;utm_medium=email&amp;_hsenc=p2ANqtz--Bl38oiQl7OyjHhK2LtzfTppvKC6P8spp3u9u_8nVAn8DJNbCSAm3vAsqw_2tv1yF_1v3zh0UuL1NN-EuERzXZdLBd9g&amp;_hsmi=300272575&amp;utm_content=300272575&amp;utm_source=hs_email\" style=\"color:blue; text-decoration:underline\"><span lang=\"EN-US\" style=\"font-size:14.0pt\">Kimberly-Clark Announces Long-Term Growth Strategy<\/span><\/a><\/span><\/span><\/span><\/p>\r\n\r\n<p style=\"text-align:justify\"><span style=\"font-size:11pt\"><span style=\"line-height:normal\"><span style=\"font-family:Calibri,sans-serif\"><a href=\"https:\/\/www.machadomeyer.com.br\/pt\/inteligencia-juridica\/publicacoes-ij\/life-sciences-e-saude\/anvisa-atualiza-regras-de-seguranca-de-dispositivos-medicos\" style=\"color:blue; text-decoration:underline\"><span style=\"font-size:14.0pt\">Anvisa atualiza regras de seguran&ccedil;a de dispositivos m&eacute;dicos<\/span><\/a><\/span><\/span><\/span><\/p>\r\n\r\n<p style=\"text-align:justify\"><span style=\"font-size:11pt\"><span style=\"line-height:normal\"><span style=\"font-family:Calibri,sans-serif\"><a href=\"https:\/\/blogdoplastico.wordpress.com\/2024\/04\/01\/braskem-registra-prejuizo-de-r-46-bilhao-em-2023\/\" style=\"color:blue; text-decoration:underline\"><span style=\"font-size:14.0pt\">Braskem registra preju&iacute;zo de R$ 4,6 bilh&atilde;o em 2023<\/span><\/a><\/span><\/span><\/span><\/p>\r\n\r\n<p style=\"text-align:justify\"><span style=\"font-size:11pt\"><span style=\"line-height:normal\"><span style=\"font-family:Calibri,sans-serif\"><a href=\"https:\/\/www.meiofiltrante.com.br\/Noticia\/123022\/veolia-e-a-braskem-anunciaram-mais-um-acordo-para-trabalhar-juntas\" style=\"color:blue; text-decoration:underline\"><span style=\"font-size:14.0pt\">Veolia e a Braskem anunciaram mais um acordo para trabalhar juntas<\/span><\/a><\/span><\/span><\/span><\/p>\r\n\r\n<p style=\"text-align:justify\"><span style=\"font-size:28pt\"><span style=\"font-family:Cambria,serif\"><span style=\"letter-spacing:-0.5pt\"><b><span style=\"font-size:18.0pt\"><span style=\"font-family:&quot;Calibri&quot;,sans-serif\"><span style=\"font-variant:small-caps\">Ind&uacute;stria<\/span><\/span><\/span><\/b><\/span><\/span><\/span><\/p>\r\n\r\n<p style=\"text-align:justify\"><span style=\"font-size:11pt\"><span style=\"line-height:normal\"><span style=\"font-family:Calibri,sans-serif\"><a href=\"https:\/\/br.investing.com\/news\/economic-indicators\/demanda-forte-impulsiona-crescimento-da-industria-do-brasil-em-marco-mostra-pmi-1227133\" style=\"color:blue; text-decoration:underline\"><span style=\"font-size:14.0pt\">Demanda forte impulsiona crescimento da ind&uacute;stria do Brasil em mar&ccedil;o, mostra PMI<\/span><\/a><\/span><\/span><\/span><\/p>\r\n\r\n<p style=\"text-align:justify\"><span style=\"font-size:11pt\"><span style=\"line-height:normal\"><span style=\"font-family:Calibri,sans-serif\"><a href=\"https:\/\/noticias.portaldaindustria.com.br\/noticias\/economia\/custos-da-industria-sobem-e-ficam-30-acima-do-periodo-pre-pandemia-aponta-cni\/\" style=\"color:blue; text-decoration:underline\"><span style=\"font-size:14.0pt\">Custos da ind&uacute;stria sobem e ficam 30% acima do per&iacute;odo pr&eacute;-pandemia, aponta CNI<\/span><\/a><\/span><\/span><\/span><\/p>\r\n\r\n<p style=\"text-align:justify\"><span style=\"font-size:11pt\"><span style=\"line-height:normal\"><span style=\"font-family:Calibri,sans-serif\"><a href=\"https:\/\/grandesconstrucoes.com.br\/Noticias\/Exibir\/setor-de-insumos-para-construcao-civil-deve-crescer-mais-de-20-ate-2027?utm_source=akna&amp;utm_medium=email&amp;utm_campaign=Grandes-Construcoes-Informativo-905-28-03-2024&amp;utm_source=akna&amp;utm_medium=email&amp;utm_campaign=Grandes-Construcoes-Informativo-905-28-03-2024\" style=\"color:blue; text-decoration:underline\"><span style=\"font-size:14.0pt\">Setor de insumos para constru&ccedil;&atilde;o civil deve crescer mais de 20% at&eacute; 2027<\/span><\/a><\/span><\/span><\/span><\/p>\r\n\r\n<p style=\"text-align:justify\"><span style=\"font-size:28pt\"><span style=\"font-family:Cambria,serif\"><span style=\"letter-spacing:-0.5pt\"><b><span style=\"font-size:18.0pt\"><span style=\"font-family:&quot;Calibri&quot;,sans-serif\"><span style=\"font-variant:small-caps\">Sustentabilidade<\/span><\/span><\/span><\/b><\/span><\/span><\/span><\/p>\r\n\r\n<p style=\"text-align:justify\"><span style=\"font-size:11pt\"><span style=\"line-height:normal\"><span style=\"font-family:Calibri,sans-serif\"><a href=\"https:\/\/www.autoindustria.com.br\/2024\/03\/27\/industria-automotiva-aumenta-consumo-de-plasticos-reciclados\/\" style=\"color:blue; text-decoration:underline\"><span style=\"font-size:14.0pt\">Ind&uacute;stria automotiva aumenta consumo de pl&aacute;sticos reciclados em 40%<\/span><\/a><\/span><\/span><\/span><\/p>\r\n\r\n<p style=\"text-align:justify\"><span style=\"font-size:11pt\"><span style=\"line-height:normal\"><span style=\"font-family:Calibri,sans-serif\"><a href=\"https:\/\/www.innovationintextiles.com\/fibres-yarns-fabrics\/polyester-renewal-plant-up-and-running\/\" style=\"color:blue; text-decoration:underline\"><span lang=\"EN-US\" style=\"font-size:14.0pt\">Polyester renewal plant up and running<\/span><\/a><\/span><\/span><\/span><\/p>\r\n\r\n<p style=\"text-align:justify\"><span style=\"font-size:11pt\"><span style=\"line-height:normal\"><span style=\"font-family:Calibri,sans-serif\"><a href=\"https:\/\/plasticosemrevista.com.br\/alemanha-uma-parada-dura-para-a-transformacao\/\" style=\"color:blue; text-decoration:underline\"><span style=\"font-size:14.0pt\">Alemanha: uma parada dura para a transforma&ccedil;&atilde;o de pl&aacute;sticos<\/span><\/a><\/span><\/span><\/span><\/p>\r\n\r\n<p style=\"text-align:justify\"><span style=\"font-size:11pt\"><span style=\"line-height:normal\"><span style=\"font-family:Calibri,sans-serif\"><a href=\"https:\/\/plasticosemrevista.com.br\/holanda-reciclagem-pede-socorro-ao-governo\/\" style=\"color:blue; text-decoration:underline\"><span style=\"font-size:14.0pt\">Holanda: reciclagem pede socorro ao governo<\/span><\/a><\/span><\/span><\/span><\/p>\r\n\r\n<p style=\"text-align:justify\"><span style=\"font-size:11pt\"><span style=\"line-height:normal\"><span style=\"font-family:Calibri,sans-serif\"><a href=\"https:\/\/www.meiofiltrante.com.br\/Noticia\/121008\/reducao-de-residuos-pela-industria-e-impulso-para-economia-circular\" style=\"color:blue; text-decoration:underline\"><span style=\"font-size:14.0pt\">Redu&ccedil;&atilde;o de res&iacute;duos pela ind&uacute;stria &eacute; impulso para economia circular<\/span><\/a><\/span><\/span><\/span><\/p>\r\n\r\n<p style=\"text-align:justify\"><span style=\"font-size:11pt\"><span style=\"line-height:normal\"><span style=\"font-family:Calibri,sans-serif\"><a href=\"https:\/\/tissueonline.com.br\/o-papel-da-sustentabilidade-e-da-responsabilidade-social-corporativa-na-industria-de-tissue-e-higiene-pessoal\/?utm_campaign=colunistas_o_papel_da_sustentabilidade_e_da_responsabilidade_social_corporativa_na_industria_de_tissue_e_higiene_pessoal&amp;utm_medium=email&amp;utm_source=RD+Station\" style=\"color:blue; text-decoration:underline\"><span style=\"font-size:14.0pt\">O papel da sustentabilidade e da responsabilidade social corporativa na ind&uacute;stria de tissue e higiene pessoal<\/span><\/a><\/span><\/span><\/span><\/p>\r\n\r\n<p style=\"text-align:justify\"><span style=\"font-size:11pt\"><span style=\"line-height:normal\"><span style=\"font-family:Calibri,sans-serif\"><a href=\"https:\/\/esgnews.com\/pt\/Administra%C3%A7%C3%A3o-de-Biden-Harris-revela-investimento-hist%C3%B3rico-de-6-bilh%C3%B5es-para-descarbonizar-o-setor-industrial-das-Am%C3%A9ricas\/\" style=\"color:blue; text-decoration:underline\"><span style=\"font-size:14.0pt\">Administra&ccedil;&atilde;o Biden-Harris revela investimento hist&oacute;rico de US$ 6 bilh&otilde;es para descarbonizar o setor industrial da Am&eacute;rica<\/span><\/a><\/span><\/span><\/span><\/p>\r\n\r\n<p style=\"text-align:justify\"><span style=\"font-size:28pt\"><span style=\"font-family:Cambria,serif\"><span style=\"letter-spacing:-0.5pt\"><b><span style=\"font-size:18.0pt\"><span style=\"font-family:&quot;Calibri&quot;,sans-serif\"><span style=\"font-variant:small-caps\">Inova&ccedil;&atilde;o<\/span><\/span><\/span><\/b><\/span><\/span><\/span><\/p>\r\n\r\n<p style=\"text-align:justify\"><span style=\"font-size:11pt\"><span style=\"line-height:normal\"><span style=\"font-family:Calibri,sans-serif\"><a href=\"https:\/\/olhardigital.com.br\/2024\/03\/27\/ciencia-e-espaco\/startup-cria-disco-de-vinil-todo-feito-de-plantas-e-ele-toca-musica-igual\/\" style=\"color:blue; text-decoration:underline\"><span style=\"font-size:14.0pt\">Startup cria disco de vinil feito de plantas &ndash; e ele toca m&uacute;sica igual<\/span><\/a><\/span><\/span><\/span><\/p>\r\n\r\n<p style=\"text-align:justify\"><span style=\"font-size:11pt\"><span style=\"line-height:normal\"><span style=\"font-family:Calibri,sans-serif\"><a href=\"https:\/\/portugaltextil.com\/lenzing-transforma-geotexteis-usados-em-vestuario\/\" style=\"color:blue; text-decoration:underline\"><span style=\"font-size:14.0pt\">Lenzing transforma geot&ecirc;xteis usados em vestu&aacute;rio<\/span><\/a><\/span><\/span><\/span><\/p>\r\n\r\n<p style=\"text-align:justify\"><span style=\"font-size:28pt\"><span style=\"font-family:Cambria,serif\"><span style=\"letter-spacing:-0.5pt\"><b><span style=\"font-size:18.0pt\"><span style=\"font-family:&quot;Calibri&quot;,sans-serif\"><span style=\"font-variant:small-caps\">Com&eacute;rcio Exterior<\/span><\/span><\/span><\/b><\/span><\/span><\/span><\/p>\r\n\r\n<p style=\"text-align:justify\"><span style=\"font-size:11pt\"><span style=\"line-height:normal\"><span style=\"font-family:Calibri,sans-serif\"><a href=\"https:\/\/noticias.portaldaindustria.com.br\/noticias\/internacional\/macron-no-brasil-cni-defendera-avanco-no-acordo-mercosul-e-uniao-europeia\/\" style=\"color:blue; text-decoration:underline\"><span style=\"font-size:14.0pt\">Macron no Brasil: CNI defender&aacute; avan&ccedil;o no acordo Mercosul e Uni&atilde;o Europeia<\/span><\/a><\/span><\/span><\/span><\/p>\r\n\r\n<p style=\"text-align:justify\"><span style=\"font-size:11pt\"><span style=\"line-height:normal\"><span style=\"font-family:Calibri,sans-serif\"><a href=\"https:\/\/monitormercantil.com.br\/caem-exportacoes-e-importacoes-de-maquinas\/\" style=\"color:blue; text-decoration:underline\"><span style=\"font-size:14.0pt\">Caem exporta&ccedil;&otilde;es e importa&ccedil;&otilde;es de m&aacute;quinas<\/span><\/a><\/span><\/span><\/span><\/p>\r\n\r\n<p style=\"text-align:justify\"><span style=\"font-size:28pt\"><span style=\"font-family:Cambria,serif\"><span style=\"letter-spacing:-0.5pt\"><b><span style=\"font-size:18.0pt\"><span style=\"font-family:&quot;Calibri&quot;,sans-serif\"><span style=\"font-variant:small-caps\">Economia<\/span><\/span><\/span><\/b><\/span><\/span><\/span><\/p>\r\n\r\n<p style=\"text-align:justify\"><span style=\"font-size:11pt\"><span style=\"line-height:normal\"><span style=\"font-family:Calibri,sans-serif\"><a href=\"https:\/\/www.bcb.gov.br\/content\/focus\/focus\/R20240328.pdf\" style=\"color:blue; text-decoration:underline\"><span style=\"font-size:14.0pt\">Focus - Relat&oacute;rio de Mercado<\/span><\/a><\/span><\/span><\/span><\/p>\r\n\r\n<p style=\"text-align:justify\"><span style=\"font-size:11pt\"><span style=\"line-height:normal\"><span style=\"font-family:Calibri,sans-serif\"><a href=\"https:\/\/www.bcb.gov.br\/content\/controleinflacao\/focusdistribuicoesfrequencia\/P20240401-Focus-Distribuicoes-de-frequencia.pdf\" style=\"color:blue; text-decoration:underline\"><span style=\"font-size:14.0pt\">Focus - Distribui&ccedil;&otilde;es de Frequ&ecirc;ncia das Expectativas de Mercado para IPCA, Selic, PIB e C&acirc;mbio<\/span><\/a><\/span><\/span><\/span><\/p>\r\n\r\n<p style=\"text-align:justify\"><span style=\"font-size:11pt\"><span style=\"line-height:normal\"><span style=\"font-family:Calibri,sans-serif\"><a href=\"https:\/\/www.suno.com.br\/noticias\/selic-plano-de-voo-copom-juros-bc-btg-evm\/#amp_tf=De%20%251%24s&amp;aoh=17120107158091&amp;csi=0&amp;referrer=https%3A%2F%2Fwww.google.com&amp;ampshare=https%3A%2F%2Fwww.suno.com.br%2Fnoticias%2Fselic-plano-de-voo-copom-juros-bc-btg-evm%2F\" style=\"color:blue; text-decoration:underline\"><span style=\"font-size:14.0pt\">Selic: &#39;Plano de voo&#39; do Copom deve seguir inalterado ap&oacute;s novidades sobre infla&ccedil;&atilde;o<\/span><\/a><\/span><\/span><\/span><\/p>\r\n\r\n<p style=\"text-align:justify\"><span style=\"font-size:11pt\"><span style=\"line-height:normal\"><span style=\"font-family:Calibri,sans-serif\"><a href=\"https:\/\/agenciadenoticias.bndes.gov.br\/blogdodesenvolvimento\/detalhe\/Crise-na-China-crescimento-em-baixa-tecnologia-em-alta\/\" style=\"color:blue; text-decoration:underline\"><span style=\"font-size:14.0pt\">Crise na China: crescimento em baixa, tecnologia em alta<\/span><\/a><\/span><\/span><\/span><\/p>\r\n\r\n<p style=\"text-align:justify\"><span style=\"font-size:11pt\"><span style=\"line-height:normal\"><span style=\"font-family:Calibri,sans-serif\"><span style=\"font-size:14.0pt\"><img src=\"https:\/\/www.abint.org.br\/assets\/img\/editor\/redes-sociais-abint-ctg-cth_20240405141221iHuZmTBbIY.jpg\" \/><\/span><\/span><\/span><\/span><\/p>\r\n","6":"<p style=\"text-align:justify\"><span style=\"font-size:11pt\"><span style=\"line-height:normal\"><span style=\"font-family:Calibri,sans-serif\"><span style=\"font-size:14.0pt\">Esta &eacute; uma compila&ccedil;&atilde;o das not&iacute;cias mais relevantes para o setor, incluindo informa&ccedil;&otilde;es sobre acordos internacionais, economia brasileira, sustentabilidade e mat&eacute;rias primas, al&eacute;m de novidades do setor de N&atilde;otecidos e Tecidos T&eacute;cnicos.<\/span><\/span><\/span><\/span><\/p>\r\n\r\n<p style=\"text-align:justify\"><span style=\"font-size:28pt\"><span style=\"font-family:Cambria,serif\"><span style=\"letter-spacing:-0.5pt\"><b><span style=\"font-size:18.0pt\"><span style=\"font-family:&quot;Calibri&quot;,sans-serif\"><span style=\"font-variant:small-caps\">A&ccedil;&otilde;es realizadas<\/span><\/span><\/span><\/b><\/span><\/span><\/span><\/p>\r\n\r\n<p style=\"text-align:justify\"><span style=\"font-size:28pt\"><span style=\"font-family:Cambria,serif\"><span style=\"letter-spacing:-0.5pt\"><b><span style=\"font-size:18.0pt\"><span style=\"font-family:&quot;Calibri&quot;,sans-serif\"><span style=\"font-variant:small-caps\"><img src=\"https:\/\/www.abint.org.br\/assets\/img\/editor\/logo-ctg-abint-png_20240405140635n9ZuXEd34V.png\" style=\"width: 300px; height: 55px;\" \/><\/span><\/span><\/span><\/b><\/span><\/span><\/span><\/p>\r\n\r\n<p style=\"text-align:justify\">&nbsp;<\/p>\r\n\r\n<p style=\"text-align:justify\"><span style=\"font-size:11pt\"><span style=\"line-height:normal\"><span style=\"font-family:Calibri,sans-serif\"><span style=\"font-size:14.0pt\">No dia <b>26 de mar&ccedil;o<\/b>, o <b>CTG ABINT Entrevista <\/b>recebeu a<b> Eng.&ordf; Mariana de Castro Pinto <\/b>para falar sobre<b> &ldquo;Problemas associados a constru&ccedil;&atilde;o de barragens e piscin&otilde;es para o agroneg&oacute;cio&rdquo;<\/b>.<\/span><\/span><\/span><\/span><\/p>\r\n\r\n<p style=\"text-align:justify\"><span style=\"font-size:11pt\"><span style=\"line-height:normal\"><span style=\"font-family:Calibri,sans-serif\"><span style=\"font-size:14.0pt\">Perdeu a live, acesse o link e confira: <\/span><a href=\"https:\/\/www.instagram.com\/ctg_abint\/\" style=\"color:blue; text-decoration:underline\"><span style=\"font-size:14.0pt\">https:\/\/www.instagram.com\/ctg_abint\/<\/span><\/a> <\/span><\/span><\/span><\/p>\r\n\r\n<p style=\"text-align:justify\"><span style=\"font-size:28pt\"><span style=\"font-family:Cambria,serif\"><span style=\"letter-spacing:-0.5pt\"><b><span style=\"font-size:18.0pt\"><span style=\"font-family:&quot;Calibri&quot;,sans-serif\"><span style=\"font-variant:small-caps\"><img src=\"https:\/\/www.abint.org.br\/assets\/img\/editor\/fgi-11202020-capa_20240405140738VKsNAgynDF.png\" style=\"width: 500px; height: 228px;\" \/><\/span><\/span><\/span><\/b><\/span><\/span><\/span><\/p>\r\n\r\n<p style=\"text-align:justify\"><span style=\"font-size:14.0pt\"><span style=\"line-height:115%\"><span style=\"font-family:&quot;Calibri&quot;,sans-serif\"><span style=\"color:black\">O <\/span><\/span><\/span><\/span><b><span style=\"font-size:14.0pt\"><span style=\"line-height:115%\"><span style=\"font-family:&quot;Calibri&quot;,sans-serif\"><span style=\"color:#076148\">CTG Comit&ecirc; T&eacute;cnico de Geossint&eacute;ticos da ABINT <\/span><\/span><\/span><\/span><\/b><span style=\"font-size:14.0pt\"><span style=\"line-height:115%\"><span style=\"font-family:&quot;Calibri&quot;,sans-serif\"><span style=\"color:black\">tem a satisfa&ccedil;&atilde;o de informar que, agora em <\/span><\/span><\/span><\/span><b><span style=\"font-size:14.0pt\"><span style=\"line-height:115%\"><span style=\"font-family:&quot;Calibri&quot;,sans-serif\"><span style=\"color:#076148\">parceria com o Fabricate Geomembrane Institute (FGI)<\/span><\/span><\/span><\/span><\/b><span style=\"font-size:14.0pt\"><span style=\"line-height:115%\"><span style=\"font-family:&quot;Calibri&quot;,sans-serif\"><span style=\"color:black\">, promove <\/span><\/span><\/span><\/span><b><span style=\"font-size:14.0pt\"><span style=\"line-height:115%\"><span style=\"font-family:&quot;Calibri&quot;,sans-serif\"><span style=\"color:#076148\">in&eacute;dita vers&atilde;o em portugu&ecirc;s<\/span><\/span><\/span><\/span><\/b><span style=\"font-size:14.0pt\"><span style=\"line-height:115%\"><span style=\"font-family:&quot;Calibri&quot;,sans-serif\"><span style=\"color:black\"> da <\/span><\/span><\/span><\/span><b><span style=\"font-size:14.0pt\"><span style=\"line-height:115%\"><span style=\"font-family:&quot;Calibri&quot;,sans-serif\"><span style=\"color:#076148\">&quot;FGI 1120: Especifica&ccedil;&otilde;es de Materiais para Geomembranas de PVC&quot;.<\/span><\/span><\/span><\/span><\/b><\/p>\r\n\r\n<p style=\"text-align:justify\"><span style=\"font-size:11pt\"><span style=\"background:white\"><span style=\"line-height:normal\"><span style=\"vertical-align:baseline\"><span style=\"font-family:Calibri,sans-serif\"><b><span style=\"font-size:14.0pt\"><span style=\"color:#076148\">Mais uma a&ccedil;&atilde;o do CTG ABINT,<\/span><\/span><\/b><span style=\"font-size:14.0pt\"><span style=\"color:black\"> que demandou emprenho de seus integrantes, e <\/span><\/span><b><span style=\"font-size:14.0pt\"><span style=\"color:#076148\">deixa como marca do Comit&ecirc; um forte e acelerado avan&ccedil;o de qualidade t&eacute;cnica na cadeia produtiva brasileira de geossint&eacute;ticos.<\/span><\/span><\/b><\/span><\/span><\/span><\/span><\/span><\/p>\r\n\r\n<p style=\"text-align:justify\"><span style=\"font-size:11pt\"><span style=\"line-height:normal\"><span style=\"font-family:Calibri,sans-serif\"><a href=\"https:\/\/www.geossinteticos.org.br\/literatura\/fgi-1120-2020-especificacao-de-materiais-para-geomembranas-de-pvc\" style=\"color:blue; text-decoration:underline\"><b><span style=\"font-size:14.0pt\">CLIQUE E VEJA COMO OBTER O DOCUMENTO<\/span><\/b><\/a><\/span><\/span><\/span><\/p>\r\n\r\n<p class=\"MsoTitle\" style=\"text-align:justify\"><span style=\"font-size:28pt\"><span style=\"font-family:Cambria,serif\"><span style=\"letter-spacing:-0.5pt\"><b><span style=\"font-size:18.0pt\"><span style=\"font-family:&quot;Calibri&quot;,sans-serif\"><span style=\"font-variant:small-caps\">O que vem por a&iacute;<\/span><\/span><\/span><\/b><\/span><\/span><\/span><\/p>\r\n\r\n<p class=\"MsoTitle\" style=\"text-align:justify\"><span style=\"font-size:28pt\"><span style=\"font-family:Cambria,serif\"><span style=\"letter-spacing:-0.5pt\"><b><span style=\"font-size:18.0pt\"><span style=\"font-family:&quot;Calibri&quot;,sans-serif\"><span style=\"font-variant:small-caps\"><img src=\"https:\/\/www.abint.org.br\/assets\/img\/editor\/logo-ctg-abint-png_20240405141057xrYFRR8UH8.png\" style=\"width: 300px; height: 55px;\" \/><\/span><\/span><\/span><\/b><\/span><\/span><\/span><\/p>\r\n\r\n<p><img src=\"https:\/\/www.abint.org.br\/assets\/img\/editor\/geocentro-2024-logo_20240312184358q7awxAG7GO.jpg\" style=\"width: 500px; height: 298px;\" \/><\/p>\r\n\r\n<p>O CTG ABINT &eacute; um dos patrocinadores do&nbsp;<b>GEOCENTRO 2024 - 7&ordm; Simp&oacute;sio de Pr&aacute;tica de Engenharia Geot&eacute;cnica na Regi&atilde;o Centro-Oeste<\/b>, que acontecer&aacute; nos<b>&nbsp;dias 04, 05 e 06 de abril de 2024<\/b>, no Cenarium Rural,<b>&nbsp;em Cuiab&aacute;, Mato Grosso<\/b>.<\/p>\r\n\r\n<p>O evento &eacute;&nbsp;<b>promovido pela ABMS<\/b>&nbsp;&ndash; Associa&ccedil;&atilde;o Brasileira de Mec&acirc;nica dos Solos e Engenharia Geot&eacute;cnica &ndash; N&uacute;cleo Centro Oeste.<\/p>\r\n\r\n<p><a href=\"http:\/\/www.geocentro2024.com.br\/\">www.geocentro2024.com.br<\/a><\/p>\r\n\r\n<p>&nbsp;<\/p>\r\n\r\n<p><img src=\"https:\/\/www.abint.org.br\/assets\/img\/editor\/cth-logo-alta-png-2_20240312184602pDv7cUouKB.png\" style=\"width: 350px; height: 80px;\" \/><\/p>\r\n\r\n<p><img src=\"https:\/\/www.abint.org.br\/assets\/img\/editor\/hospitalmed-2024-logo_20240312184512NbskBsafP5.png\" style=\"width: 500px; height: 448px;\" \/><\/p>\r\n\r\n<p><b>O CTH ABINT &eacute; um dos patrocinadores da HospitalMed 2024.<\/b><\/p>\r\n\r\n<p>&ldquo;<i>A melhor e Mais Completa Feira de Sa&uacute;de do Norte\/Nordeste<\/i>&rdquo;, &eacute; uma realiza&ccedil;&atilde;o da HospitalMed Feiras &amp; Eventos e da Insight Feiras de Neg&oacute;cios.<\/p>\r\n\r\n<p><i>&ldquo;O&nbsp;<b>re&uacute;ne toda a cadeia produtiva do setor de sa&uacute;de das regi&otilde;es Norte\/Nordeste<\/b>. &Eacute; o grande encontro de fornecedores de Produtos, Equipamentos, Servi&ccedil;os, Tecnologia e Conte&uacute;do para Hospitais, Laborat&oacute;rios, Farm&aacute;cias, Cl&iacute;nicas, Consult&oacute;rios e Profissionais da Sa&uacute;de&rdquo;.<\/i><\/p>\r\n\r\n<p><a href=\"http:\/\/www.hospitalmed.com.br\/\">www.hospitalmed.com.br<\/a><\/p>\r\n\r\n<p class=\"MsoTitle\" style=\"text-align:justify\"><span style=\"font-size:28pt\"><span style=\"font-family:Cambria,serif\"><span style=\"letter-spacing:-0.5pt\"><b><span style=\"font-size:18.0pt\"><span style=\"font-family:&quot;Calibri&quot;,sans-serif\"><span style=\"font-variant:small-caps\">Not&iacute;cias das Associadas<\/span><\/span><\/span><\/b><\/span><\/span><\/span><\/p>\r\n\r\n<p style=\"text-align:justify\"><span style=\"font-size:11pt\"><span style=\"line-height:normal\"><span style=\"font-family:Calibri,sans-serif\"><a href=\"https:\/\/tissueonline.com.br\/andritz-vence-o-microsoft-intelligent-manufacturing-award-2024\/?utm_campaign=newsletter_28032024_novo_modelo&amp;utm_medium=email&amp;utm_source=RD+Station\" style=\"color:blue; text-decoration:underline\"><span lang=\"EN-US\" style=\"font-size:14.0pt\">ANDRITZ vence o Microsoft Intelligent Manufacturing Award 2024<\/span><\/a><\/span><\/span><\/span><\/p>\r\n\r\n<p style=\"text-align:justify\"><span style=\"font-size:11pt\"><span style=\"line-height:normal\"><span style=\"font-family:Calibri,sans-serif\"><a href=\"https:\/\/tissueonline.com.br\/metsa-e-andritz-construirao-uma-planta-piloto-para-desenvolver-novos-produtos-de-lignina\/\" style=\"color:blue; text-decoration:underline\"><span style=\"font-size:14.0pt\">Mets&auml; e ANDRITZ construir&atilde;o uma planta piloto para desenvolver novos produtos de lignina<\/span><\/a><\/span><\/span><\/span><\/p>\r\n\r\n<p style=\"text-align:justify\"><span style=\"font-size:11pt\"><span style=\"line-height:normal\"><span style=\"font-family:Calibri,sans-serif\"><a href=\"https:\/\/plasticosemrevista.com.br\/pet-indorama-reestrutura-estrategia-operacional\/\" style=\"color:blue; text-decoration:underline\"><span style=\"font-size:14.0pt\">PET: Indorama reestrutura estrat&eacute;gia operacional<\/span><\/a><\/span><\/span><\/span><\/p>\r\n\r\n<p style=\"text-align:justify\">&nbsp;<\/p>\r\n\r\n<p style=\"text-align:justify\"><span style=\"font-size:11pt\"><span style=\"line-height:normal\"><span style=\"font-family:Calibri,sans-serif\"><b><span style=\"font-size:18.0pt\"><span style=\"font-variant:small-caps\">Eventos<\/span><\/span><\/b><\/span><\/span><\/span><\/p>\r\n\r\n<p style=\"text-align:justify\"><span style=\"font-size:11pt\"><span style=\"line-height:normal\"><span style=\"font-family:Calibri,sans-serif\"><b><span style=\"font-size:14.0pt\">Workshop Etiquetagem de produtos t&ecirc;xteis e confeccionados<\/span><\/b><span class=\"MsoHyperlink\" style=\"color:blue\"><span style=\"text-decoration:underline\"><span style=\"font-size:14.0pt\"><span style=\"text-decoration:none\"><span style=\"text-underline:none\">, <\/span><\/span><\/span><\/span><\/span><span style=\"font-size:14.0pt\">17 de abril de 2024, 09h00 &agrave;s 12h00<\/span><span class=\"MsoHyperlink\" style=\"color:blue\"><span style=\"text-decoration:underline\"><span style=\"font-size:14.0pt\"><span style=\"text-decoration:none\"><span style=\"text-underline:none\">. <\/span><\/span><\/span><\/span><\/span><a href=\"https:\/\/app.rdstation.email\/mail\/9c266d63-52fa-42b3-bb06-f003dcb8dae6?utm_campaign=workshop_etiquetagem_-_abr24&amp;utm_medium=email&amp;utm_source=RD+Station\" style=\"color:blue; text-decoration:underline\"><span style=\"font-size:14.0pt\">Inscri&ccedil;&otilde;es e informa&ccedil;&otilde;es aqui<\/span><\/a> <\/span><\/span><\/span><\/p>\r\n\r\n<p style=\"text-align:justify\"><span style=\"font-size:11pt\"><span style=\"line-height:normal\"><span style=\"font-family:Calibri,sans-serif\"><b><span style=\"font-size:14.0pt\">ABTT Academy | Curso de Alfandegu&ecirc;s: Aprenda os Segredos do Com&eacute;rcio T&ecirc;xtil<\/span><\/b><span class=\"MsoHyperlink\" style=\"color:blue\"><span style=\"text-decoration:underline\"><span style=\"font-size:14.0pt\"><span style=\"text-decoration:none\"><span style=\"text-underline:none\">, <\/span><\/span><\/span><\/span><\/span><span style=\"font-size:14.0pt\">20 de abril de 2024, 08h00 &agrave;s 12h00<\/span><span class=\"MsoHyperlink\" style=\"color:blue\"><span style=\"text-decoration:underline\"><span style=\"font-size:14.0pt\"><span style=\"text-decoration:none\"><span style=\"text-underline:none\">. <\/span><\/span><\/span><\/span><\/span><a href=\"https:\/\/docs.google.com\/forms\/d\/e\/1FAIpQLSeI0D2T9RWo5ep94MerHacZNLtiABGYYveyerr8HFTB0fadqw\/viewform\" style=\"color:blue; text-decoration:underline\"><span style=\"font-size:14.0pt\">Informa&ccedil;&otilde;es e inscri&ccedil;&otilde;es aqui<\/span><\/a> <\/span><\/span><\/span><\/p>\r\n\r\n<p style=\"text-align:justify\"><span style=\"font-size:11pt\"><span style=\"line-height:normal\"><span style=\"font-family:Calibri,sans-serif\"><b><span style=\"font-size:14.0pt\">VDI-Brasil | Industry4Her convida: Tend&ecirc;ncias para o mercado de Constru&ccedil;&atilde;o e Minera&ccedil;&atilde;o, <\/span><\/b><span style=\"font-size:14.0pt\">25 de abril de 2024, 09h &agrave;s 12h, Audit&oacute;rio M&amp;T Expo, S&atilde;o Paulo, SP. <\/span><a href=\"https:\/\/www.mtexpo.com.br\/industry4her-convida-tendencias-para-o-mercado-de-construcao-e-mineracao\/?utm_campaign=mt_expo_-_industry4her_-_27324&amp;utm_medium=email&amp;utm_source=RD+Station\" style=\"color:blue; text-decoration:underline\"><span style=\"font-size:14.0pt\">Informa&ccedil;&otilde;es e inscri&ccedil;&otilde;es aqui<\/span><\/a><\/span><\/span><\/span><\/p>\r\n\r\n<p style=\"text-align:justify\"><span style=\"font-size:11pt\"><span style=\"line-height:normal\"><span style=\"font-family:Calibri,sans-serif\"><b><span style=\"font-size:14.0pt\">GEOAMERICAS 2024, <\/span><\/b><span style=\"font-size:14.0pt\">de 28 de abril a 01 de maio de 2024, em Toronto (Canad&aacute;). <\/span><a href=\"https:\/\/www.geoamericas2024.org\/\" style=\"color:blue; text-decoration:underline\"><span style=\"font-size:14.0pt\">Informa&ccedil;&otilde;es aqui.<\/span><\/a><\/span><\/span><\/span><\/p>\r\n\r\n<p style=\"text-align:justify\"><span style=\"font-size:11pt\"><span style=\"line-height:normal\"><span style=\"font-family:Calibri,sans-serif\"><b><span style=\"font-size:14.0pt\">II Congresso Ibero-Americano de Esteriliza&ccedil;&atilde;o e II Congresso Nacional de Reprocessamento de Dispositivos M&eacute;dicos<\/span><\/b><span style=\"font-size:14.0pt\">, 16 a 18 de maio de 2024, Cartagena, Colombia<b>. <\/b><\/span><a href=\"http:\/\/nascecme.com.br\/ii-congresso-ibero-americano-de-esterilizacao-e-ii-congresso-nacional-de-reprocessamento-de-dispositivos-medicos\/\" style=\"color:blue; text-decoration:underline\"><span lang=\"EN-US\" style=\"font-size:14.0pt\">Informa&ccedil;&otilde;es<\/span><\/a><span lang=\"EN-US\" style=\"font-size:14.0pt\"> <\/span><\/span><\/span><\/span><\/p>\r\n\r\n<p style=\"text-align:justify\"><span style=\"font-size:11pt\"><span style=\"line-height:normal\"><span style=\"font-family:Calibri,sans-serif\"><b><span lang=\"EN-US\" style=\"font-size:14.0pt\">ANEX 2024 | Asia Nonwoven Exhibition and Conference<\/span><\/b><span lang=\"EN-US\" style=\"font-size:14.0pt\">, 22-24 May 2024, Taipei Nangang Exhibition Center, Hall 1. <\/span><a href=\"https:\/\/www.anex2024.com\/\" style=\"color:blue; text-decoration:underline\"><span lang=\"EN-US\" style=\"font-size:14.0pt\">Information here<\/span><\/a> <\/span><\/span><\/span><\/p>\r\n\r\n<p style=\"text-align:justify\"><span style=\"font-size:11pt\"><span style=\"line-height:normal\"><span style=\"font-family:Calibri,sans-serif\"><b><span lang=\"EN-US\" style=\"font-size:14.0pt\">The EDANA Innovation Forum<\/span><\/b><span class=\"MsoHyperlink\" style=\"color:blue\"><span style=\"text-decoration:underline\"><span lang=\"EN-US\" style=\"font-size:14.0pt\"><span style=\"text-decoration:none\"><span style=\"text-underline:none\">, <\/span><\/span><\/span><\/span><\/span><span lang=\"EN-US\" style=\"font-size:14.0pt\">04 - 06 June 2024, Munich<\/span><span class=\"MsoHyperlink\" style=\"color:blue\"><span style=\"text-decoration:underline\"><span lang=\"EN-US\" style=\"font-size:14.0pt\"><span style=\"text-decoration:none\"><span style=\"text-underline:none\">. <\/span><\/span><\/span><\/span><\/span><a href=\"https:\/\/www.edana.org\/events\/edana-innovation-forum-?ct=t(MENA_2018_call_for_papers6_28_2017_COPY_01)&amp;mc_cid=27efeab42f&amp;mc_eid=08e0eae351\" style=\"color:blue; text-decoration:underline\"><span lang=\"EN-US\" style=\"font-size:14.0pt\">Information here<\/span><\/a><\/span><\/span><\/span><\/p>\r\n\r\n<p style=\"text-align:justify\"><span style=\"font-size:11pt\"><span style=\"line-height:normal\"><span style=\"font-family:Calibri,sans-serif\"><b><span lang=\"EN-US\" style=\"font-size:14.0pt\">HIGITEX 2024 | International Technical Textiles &amp; Nonwoven Exhibition<\/span><\/b><span lang=\"EN-US\" style=\"font-size:14.0pt\">, 4-8 June 2024, T&uuml;yap Fair Convention and Congress Center, T&uuml;rkiye. <\/span><a href=\"https:\/\/www.hightex.com.tr\/\" style=\"color:blue; text-decoration:underline\"><span style=\"font-size:14.0pt\">Information here<\/span><\/a> <\/span><\/span><\/span><\/p>\r\n\r\n<p style=\"text-align:justify\"><span style=\"font-size:11pt\"><span style=\"line-height:normal\"><span style=\"font-family:Calibri,sans-serif\"><b><span style=\"font-size:14.0pt\">FEIPLAR COMPOSITES &amp; FEIPUR &ndash; Feira e Congresso Internacionais de Composites, Poliuretano, Pl&aacute;sticos de Engenharia e Compostos Termopl&aacute;sticos<\/span><\/b><span style=\"font-size:14.0pt\">, 20 a 22 de agosto de 2024, S&atilde;o Paulo Expo (Pavilh&atilde;o 5), palestras: das 8h30 &agrave;s 18h, feira: das 13h &agrave;s 20h.<b> <\/b><\/span><a href=\"http:\/\/www.feiplar.com\" style=\"color:blue; text-decoration:underline\"><span style=\"font-size:14.0pt\">www.feiplar.com<\/span><\/a> <\/span><\/span><\/span><\/p>\r\n\r\n<p style=\"text-align:justify\"><span style=\"font-size:11pt\"><span style=\"line-height:normal\"><span style=\"font-family:Calibri,sans-serif\"><b><span style=\"font-size:14.0pt\">Fenasan 2024 &ndash; Feira Nacional de Saneamento e Meio Ambiente<\/span><\/b><span style=\"font-size:14.0pt\">, 22 a 24 de outubro de 2024, Pavilh&otilde;es Verde e Vermelho, Expo Center Norte, S&atilde;o Paulo SP. <\/span><a href=\"http:\/\/www.fenasan.com.br\" style=\"color:blue; text-decoration:underline\"><span style=\"font-size:14.0pt\">www.fenasan.com.br<\/span><\/a> <\/span><\/span><\/span><\/p>\r\n\r\n<p style=\"text-align:justify\"><span style=\"font-size:11pt\"><span style=\"line-height:normal\"><span style=\"font-family:Calibri,sans-serif\"><b><span style=\"font-size:14.0pt\">HospitalMed 2024<\/span><\/b><span style=\"font-size:14.0pt\">, 23 a 25 de outubro, das 14h &agrave;s 20h, no Pernambuco Centro de Conven&ccedil;&otilde;es. <\/span><a href=\"http:\/\/www.hospitalmed.com.br\" style=\"color:blue; text-decoration:underline\"><span style=\"font-size:14.0pt\">www.hospitalmed.com.br<\/span><\/a> <\/span><\/span><\/span><\/p>\r\n\r\n<p style=\"text-align:justify\"><span style=\"font-size:28pt\"><span style=\"font-family:Cambria,serif\"><span style=\"letter-spacing:-0.5pt\"><b><span style=\"font-size:18.0pt\"><span style=\"font-family:&quot;Calibri&quot;,sans-serif\"><span style=\"font-variant:small-caps\">Setor<\/span><\/span><\/span><\/b><\/span><\/span><\/span><\/p>\r\n\r\n<p style=\"text-align:justify\"><span style=\"font-size:11pt\"><span style=\"line-height:normal\"><span style=\"font-family:Calibri,sans-serif\"><a href=\"https:\/\/www.plastico.com.br\/resinas-plasticas-sinais-de-melhores-dias-ainda-em-2024\/\" style=\"color:blue; text-decoration:underline\"><span style=\"font-size:14.0pt\">Mercado de Resinas pl&aacute;sticas: Sinais de melhores dias ainda em 2024<\/span><\/a><\/span><\/span><\/span><\/p>\r\n\r\n<p style=\"text-align:justify\"><span style=\"font-size:11pt\"><span style=\"line-height:normal\"><span style=\"font-family:Calibri,sans-serif\"><a href=\"https:\/\/www.nonwovens-industry.com\/contents\/view_features\/2024-03-21\/engaged-nonwovens-research-in-high-tech-markets\/?widget=listSection\" style=\"color:blue; text-decoration:underline\"><span lang=\"EN-US\" style=\"font-size:14.0pt\">Engaged Nonwovens Research in High Tech Markets<\/span><\/a><\/span><\/span><\/span><\/p>\r\n\r\n<p style=\"text-align:justify\"><span style=\"font-size:11pt\"><span style=\"line-height:normal\"><span style=\"font-family:Calibri,sans-serif\"><a href=\"https:\/\/www.nonwovens-industry.com\/contents\/view_online-exclusives\/2024-03-25\/diaper-makers-expand-manufacturing-footprint?utm_campaign=NON+eNewsletter&amp;utm_medium=email&amp;_hsenc=p2ANqtz--mF09UDTu79xnK7Gf_W5tl-I5eW0WJety6eqXb_WK-I73fDHvpVVvQ03MTLODN31k3Za8DuUd0eF67dPxJDI1bk9Bbjw&amp;_hsmi=300272575&amp;utm_content=300272575&amp;utm_source=hs_email\" style=\"color:blue; text-decoration:underline\"><span lang=\"EN-US\" style=\"font-size:14.0pt\">Diaper Makers Expand Manufacturing Footprint<\/span><\/a><\/span><\/span><\/span><\/p>\r\n\r\n<p style=\"text-align:justify\"><span style=\"font-size:11pt\"><span style=\"line-height:normal\"><span style=\"font-family:Calibri,sans-serif\"><a href=\"https:\/\/www.nonwovens-industry.com\/contents\/view_breaking-news\/2024-03-27\/kimberly-clark-announces-long-term-growth-strategy?utm_campaign=NON+eNewsletter&amp;utm_medium=email&amp;_hsenc=p2ANqtz--Bl38oiQl7OyjHhK2LtzfTppvKC6P8spp3u9u_8nVAn8DJNbCSAm3vAsqw_2tv1yF_1v3zh0UuL1NN-EuERzXZdLBd9g&amp;_hsmi=300272575&amp;utm_content=300272575&amp;utm_source=hs_email\" style=\"color:blue; text-decoration:underline\"><span lang=\"EN-US\" style=\"font-size:14.0pt\">Kimberly-Clark Announces Long-Term Growth Strategy<\/span><\/a><\/span><\/span><\/span><\/p>\r\n\r\n<p style=\"text-align:justify\"><span style=\"font-size:11pt\"><span style=\"line-height:normal\"><span style=\"font-family:Calibri,sans-serif\"><a href=\"https:\/\/www.machadomeyer.com.br\/pt\/inteligencia-juridica\/publicacoes-ij\/life-sciences-e-saude\/anvisa-atualiza-regras-de-seguranca-de-dispositivos-medicos\" style=\"color:blue; text-decoration:underline\"><span style=\"font-size:14.0pt\">Anvisa atualiza regras de seguran&ccedil;a de dispositivos m&eacute;dicos<\/span><\/a><\/span><\/span><\/span><\/p>\r\n\r\n<p style=\"text-align:justify\"><span style=\"font-size:11pt\"><span style=\"line-height:normal\"><span style=\"font-family:Calibri,sans-serif\"><a href=\"https:\/\/blogdoplastico.wordpress.com\/2024\/04\/01\/braskem-registra-prejuizo-de-r-46-bilhao-em-2023\/\" style=\"color:blue; text-decoration:underline\"><span style=\"font-size:14.0pt\">Braskem registra preju&iacute;zo de R$ 4,6 bilh&atilde;o em 2023<\/span><\/a><\/span><\/span><\/span><\/p>\r\n\r\n<p style=\"text-align:justify\"><span style=\"font-size:11pt\"><span style=\"line-height:normal\"><span style=\"font-family:Calibri,sans-serif\"><a href=\"https:\/\/www.meiofiltrante.com.br\/Noticia\/123022\/veolia-e-a-braskem-anunciaram-mais-um-acordo-para-trabalhar-juntas\" style=\"color:blue; text-decoration:underline\"><span style=\"font-size:14.0pt\">Veolia e a Braskem anunciaram mais um acordo para trabalhar juntas<\/span><\/a><\/span><\/span><\/span><\/p>\r\n\r\n<p style=\"text-align:justify\"><span style=\"font-size:28pt\"><span style=\"font-family:Cambria,serif\"><span style=\"letter-spacing:-0.5pt\"><b><span style=\"font-size:18.0pt\"><span style=\"font-family:&quot;Calibri&quot;,sans-serif\"><span style=\"font-variant:small-caps\">Ind&uacute;stria<\/span><\/span><\/span><\/b><\/span><\/span><\/span><\/p>\r\n\r\n<p style=\"text-align:justify\"><span style=\"font-size:11pt\"><span style=\"line-height:normal\"><span style=\"font-family:Calibri,sans-serif\"><a href=\"https:\/\/br.investing.com\/news\/economic-indicators\/demanda-forte-impulsiona-crescimento-da-industria-do-brasil-em-marco-mostra-pmi-1227133\" style=\"color:blue; text-decoration:underline\"><span style=\"font-size:14.0pt\">Demanda forte impulsiona crescimento da ind&uacute;stria do Brasil em mar&ccedil;o, mostra PMI<\/span><\/a><\/span><\/span><\/span><\/p>\r\n\r\n<p style=\"text-align:justify\"><span style=\"font-size:11pt\"><span style=\"line-height:normal\"><span style=\"font-family:Calibri,sans-serif\"><a href=\"https:\/\/noticias.portaldaindustria.com.br\/noticias\/economia\/custos-da-industria-sobem-e-ficam-30-acima-do-periodo-pre-pandemia-aponta-cni\/\" style=\"color:blue; text-decoration:underline\"><span style=\"font-size:14.0pt\">Custos da ind&uacute;stria sobem e ficam 30% acima do per&iacute;odo pr&eacute;-pandemia, aponta CNI<\/span><\/a><\/span><\/span><\/span><\/p>\r\n\r\n<p style=\"text-align:justify\"><span style=\"font-size:11pt\"><span style=\"line-height:normal\"><span style=\"font-family:Calibri,sans-serif\"><a href=\"https:\/\/grandesconstrucoes.com.br\/Noticias\/Exibir\/setor-de-insumos-para-construcao-civil-deve-crescer-mais-de-20-ate-2027?utm_source=akna&amp;utm_medium=email&amp;utm_campaign=Grandes-Construcoes-Informativo-905-28-03-2024&amp;utm_source=akna&amp;utm_medium=email&amp;utm_campaign=Grandes-Construcoes-Informativo-905-28-03-2024\" style=\"color:blue; text-decoration:underline\"><span style=\"font-size:14.0pt\">Setor de insumos para constru&ccedil;&atilde;o civil deve crescer mais de 20% at&eacute; 2027<\/span><\/a><\/span><\/span><\/span><\/p>\r\n\r\n<p style=\"text-align:justify\"><span style=\"font-size:28pt\"><span style=\"font-family:Cambria,serif\"><span style=\"letter-spacing:-0.5pt\"><b><span style=\"font-size:18.0pt\"><span style=\"font-family:&quot;Calibri&quot;,sans-serif\"><span style=\"font-variant:small-caps\">Sustentabilidade<\/span><\/span><\/span><\/b><\/span><\/span><\/span><\/p>\r\n\r\n<p style=\"text-align:justify\"><span style=\"font-size:11pt\"><span style=\"line-height:normal\"><span style=\"font-family:Calibri,sans-serif\"><a href=\"https:\/\/www.autoindustria.com.br\/2024\/03\/27\/industria-automotiva-aumenta-consumo-de-plasticos-reciclados\/\" style=\"color:blue; text-decoration:underline\"><span style=\"font-size:14.0pt\">Ind&uacute;stria automotiva aumenta consumo de pl&aacute;sticos reciclados em 40%<\/span><\/a><\/span><\/span><\/span><\/p>\r\n\r\n<p style=\"text-align:justify\"><span style=\"font-size:11pt\"><span style=\"line-height:normal\"><span style=\"font-family:Calibri,sans-serif\"><a href=\"https:\/\/www.innovationintextiles.com\/fibres-yarns-fabrics\/polyester-renewal-plant-up-and-running\/\" style=\"color:blue; text-decoration:underline\"><span lang=\"EN-US\" style=\"font-size:14.0pt\">Polyester renewal plant up and running<\/span><\/a><\/span><\/span><\/span><\/p>\r\n\r\n<p style=\"text-align:justify\"><span style=\"font-size:11pt\"><span style=\"line-height:normal\"><span style=\"font-family:Calibri,sans-serif\"><a href=\"https:\/\/plasticosemrevista.com.br\/alemanha-uma-parada-dura-para-a-transformacao\/\" style=\"color:blue; text-decoration:underline\"><span style=\"font-size:14.0pt\">Alemanha: uma parada dura para a transforma&ccedil;&atilde;o de pl&aacute;sticos<\/span><\/a><\/span><\/span><\/span><\/p>\r\n\r\n<p style=\"text-align:justify\"><span style=\"font-size:11pt\"><span style=\"line-height:normal\"><span style=\"font-family:Calibri,sans-serif\"><a href=\"https:\/\/plasticosemrevista.com.br\/holanda-reciclagem-pede-socorro-ao-governo\/\" style=\"color:blue; text-decoration:underline\"><span style=\"font-size:14.0pt\">Holanda: reciclagem pede socorro ao governo<\/span><\/a><\/span><\/span><\/span><\/p>\r\n\r\n<p style=\"text-align:justify\"><span style=\"font-size:11pt\"><span style=\"line-height:normal\"><span style=\"font-family:Calibri,sans-serif\"><a href=\"https:\/\/www.meiofiltrante.com.br\/Noticia\/121008\/reducao-de-residuos-pela-industria-e-impulso-para-economia-circular\" style=\"color:blue; text-decoration:underline\"><span style=\"font-size:14.0pt\">Redu&ccedil;&atilde;o de res&iacute;duos pela ind&uacute;stria &eacute; impulso para economia circular<\/span><\/a><\/span><\/span><\/span><\/p>\r\n\r\n<p style=\"text-align:justify\"><span style=\"font-size:11pt\"><span style=\"line-height:normal\"><span style=\"font-family:Calibri,sans-serif\"><a href=\"https:\/\/tissueonline.com.br\/o-papel-da-sustentabilidade-e-da-responsabilidade-social-corporativa-na-industria-de-tissue-e-higiene-pessoal\/?utm_campaign=colunistas_o_papel_da_sustentabilidade_e_da_responsabilidade_social_corporativa_na_industria_de_tissue_e_higiene_pessoal&amp;utm_medium=email&amp;utm_source=RD+Station\" style=\"color:blue; text-decoration:underline\"><span style=\"font-size:14.0pt\">O papel da sustentabilidade e da responsabilidade social corporativa na ind&uacute;stria de tissue e higiene pessoal<\/span><\/a><\/span><\/span><\/span><\/p>\r\n\r\n<p style=\"text-align:justify\"><span style=\"font-size:11pt\"><span style=\"line-height:normal\"><span style=\"font-family:Calibri,sans-serif\"><a href=\"https:\/\/esgnews.com\/pt\/Administra%C3%A7%C3%A3o-de-Biden-Harris-revela-investimento-hist%C3%B3rico-de-6-bilh%C3%B5es-para-descarbonizar-o-setor-industrial-das-Am%C3%A9ricas\/\" style=\"color:blue; text-decoration:underline\"><span style=\"font-size:14.0pt\">Administra&ccedil;&atilde;o Biden-Harris revela investimento hist&oacute;rico de US$ 6 bilh&otilde;es para descarbonizar o setor industrial da Am&eacute;rica<\/span><\/a><\/span><\/span><\/span><\/p>\r\n\r\n<p style=\"text-align:justify\"><span style=\"font-size:28pt\"><span style=\"font-family:Cambria,serif\"><span style=\"letter-spacing:-0.5pt\"><b><span style=\"font-size:18.0pt\"><span style=\"font-family:&quot;Calibri&quot;,sans-serif\"><span style=\"font-variant:small-caps\">Inova&ccedil;&atilde;o<\/span><\/span><\/span><\/b><\/span><\/span><\/span><\/p>\r\n\r\n<p style=\"text-align:justify\"><span style=\"font-size:11pt\"><span style=\"line-height:normal\"><span style=\"font-family:Calibri,sans-serif\"><a href=\"https:\/\/olhardigital.com.br\/2024\/03\/27\/ciencia-e-espaco\/startup-cria-disco-de-vinil-todo-feito-de-plantas-e-ele-toca-musica-igual\/\" style=\"color:blue; text-decoration:underline\"><span style=\"font-size:14.0pt\">Startup cria disco de vinil feito de plantas &ndash; e ele toca m&uacute;sica igual<\/span><\/a><\/span><\/span><\/span><\/p>\r\n\r\n<p style=\"text-align:justify\"><span style=\"font-size:11pt\"><span style=\"line-height:normal\"><span style=\"font-family:Calibri,sans-serif\"><a href=\"https:\/\/portugaltextil.com\/lenzing-transforma-geotexteis-usados-em-vestuario\/\" style=\"color:blue; text-decoration:underline\"><span style=\"font-size:14.0pt\">Lenzing transforma geot&ecirc;xteis usados em vestu&aacute;rio<\/span><\/a><\/span><\/span><\/span><\/p>\r\n\r\n<p style=\"text-align:justify\"><span style=\"font-size:28pt\"><span style=\"font-family:Cambria,serif\"><span style=\"letter-spacing:-0.5pt\"><b><span style=\"font-size:18.0pt\"><span style=\"font-family:&quot;Calibri&quot;,sans-serif\"><span style=\"font-variant:small-caps\">Com&eacute;rcio Exterior<\/span><\/span><\/span><\/b><\/span><\/span><\/span><\/p>\r\n\r\n<p style=\"text-align:justify\"><span style=\"font-size:11pt\"><span style=\"line-height:normal\"><span style=\"font-family:Calibri,sans-serif\"><a href=\"https:\/\/noticias.portaldaindustria.com.br\/noticias\/internacional\/macron-no-brasil-cni-defendera-avanco-no-acordo-mercosul-e-uniao-europeia\/\" style=\"color:blue; text-decoration:underline\"><span style=\"font-size:14.0pt\">Macron no Brasil: CNI defender&aacute; avan&ccedil;o no acordo Mercosul e Uni&atilde;o Europeia<\/span><\/a><\/span><\/span><\/span><\/p>\r\n\r\n<p style=\"text-align:justify\"><span style=\"font-size:11pt\"><span style=\"line-height:normal\"><span style=\"font-family:Calibri,sans-serif\"><a href=\"https:\/\/monitormercantil.com.br\/caem-exportacoes-e-importacoes-de-maquinas\/\" style=\"color:blue; text-decoration:underline\"><span style=\"font-size:14.0pt\">Caem exporta&ccedil;&otilde;es e importa&ccedil;&otilde;es de m&aacute;quinas<\/span><\/a><\/span><\/span><\/span><\/p>\r\n\r\n<p style=\"text-align:justify\"><span style=\"font-size:28pt\"><span style=\"font-family:Cambria,serif\"><span style=\"letter-spacing:-0.5pt\"><b><span style=\"font-size:18.0pt\"><span style=\"font-family:&quot;Calibri&quot;,sans-serif\"><span style=\"font-variant:small-caps\">Economia<\/span><\/span><\/span><\/b><\/span><\/span><\/span><\/p>\r\n\r\n<p style=\"text-align:justify\"><span style=\"font-size:11pt\"><span style=\"line-height:normal\"><span style=\"font-family:Calibri,sans-serif\"><a href=\"https:\/\/www.bcb.gov.br\/content\/focus\/focus\/R20240328.pdf\" style=\"color:blue; text-decoration:underline\"><span style=\"font-size:14.0pt\">Focus - Relat&oacute;rio de Mercado<\/span><\/a><\/span><\/span><\/span><\/p>\r\n\r\n<p style=\"text-align:justify\"><span style=\"font-size:11pt\"><span style=\"line-height:normal\"><span style=\"font-family:Calibri,sans-serif\"><a href=\"https:\/\/www.bcb.gov.br\/content\/controleinflacao\/focusdistribuicoesfrequencia\/P20240401-Focus-Distribuicoes-de-frequencia.pdf\" style=\"color:blue; text-decoration:underline\"><span style=\"font-size:14.0pt\">Focus - Distribui&ccedil;&otilde;es de Frequ&ecirc;ncia das Expectativas de Mercado para IPCA, Selic, PIB e C&acirc;mbio<\/span><\/a><\/span><\/span><\/span><\/p>\r\n\r\n<p style=\"text-align:justify\"><span style=\"font-size:11pt\"><span style=\"line-height:normal\"><span style=\"font-family:Calibri,sans-serif\"><a href=\"https:\/\/www.suno.com.br\/noticias\/selic-plano-de-voo-copom-juros-bc-btg-evm\/#amp_tf=De%20%251%24s&amp;aoh=17120107158091&amp;csi=0&amp;referrer=https%3A%2F%2Fwww.google.com&amp;ampshare=https%3A%2F%2Fwww.suno.com.br%2Fnoticias%2Fselic-plano-de-voo-copom-juros-bc-btg-evm%2F\" style=\"color:blue; text-decoration:underline\"><span style=\"font-size:14.0pt\">Selic: &#39;Plano de voo&#39; do Copom deve seguir inalterado ap&oacute;s novidades sobre infla&ccedil;&atilde;o<\/span><\/a><\/span><\/span><\/span><\/p>\r\n\r\n<p style=\"text-align:justify\"><span style=\"font-size:11pt\"><span style=\"line-height:normal\"><span style=\"font-family:Calibri,sans-serif\"><a href=\"https:\/\/agenciadenoticias.bndes.gov.br\/blogdodesenvolvimento\/detalhe\/Crise-na-China-crescimento-em-baixa-tecnologia-em-alta\/\" style=\"color:blue; text-decoration:underline\"><span style=\"font-size:14.0pt\">Crise na China: crescimento em baixa, tecnologia em alta<\/span><\/a><\/span><\/span><\/span><\/p>\r\n\r\n<p style=\"text-align:justify\"><span style=\"font-size:11pt\"><span style=\"line-height:normal\"><span style=\"font-family:Calibri,sans-serif\"><span style=\"font-size:14.0pt\"><img src=\"https:\/\/www.abint.org.br\/assets\/img\/editor\/redes-sociais-abint-ctg-cth_20240405141221iHuZmTBbIY.jpg\" \/><\/span><\/span><\/span><\/span><\/p>\r\n","texto_en":"","7":"","imagem":"COMP_capa-2024-site-boletim-abint-noticias-semanis_20240405141513vRlqL1vLBO.jpg","8":"COMP_capa-2024-site-boletim-abint-noticias-semanis_20240405141513vRlqL1vLBO.jpg","arquivo":"20240404-BOLETIM-ABINT-DE-NOTICIAS-SEMANAIS.PDF","9":"20240404-BOLETIM-ABINT-DE-NOTICIAS-SEMANAIS.PDF","titulo_arquivo":"20240404 Boletim ABINT de Not\u00edcias Semanais","10":"20240404 Boletim ABINT de Not\u00edcias Semanais","titulo_arquivo_en":"","11":"","created_at":"2024-04-05 14:15:27","12":"2024-04-05 14:15:27","updated_at":"2024-04-05 14:15:27","13":"2024-04-05 14:15:27"},{"id":111,"0":111,"ordem":112,"1":112,"data":"2024-04-04","2":"2024-04-04","slug":"boletim-abint-de-noticias-semanais-23","3":"boletim-abint-de-noticias-semanais-23","titulo":"Boletim ABINT de Not\u00edcias Semanais","4":"Boletim ABINT de Not\u00edcias Semanais","titulo_en":"","5":"","texto":"<p style=\"text-align:justify\"><span style=\"font-size:11pt\"><span style=\"line-height:normal\"><span style=\"font-family:Calibri,sans-serif\"><span style=\"font-size:14.0pt\">Esta &eacute; uma compila&ccedil;&atilde;o das not&iacute;cias mais relevantes para o setor, incluindo informa&ccedil;&otilde;es sobre acordos internacionais, economia brasileira, sustentabilidade e mat&eacute;rias primas, al&eacute;m de novidades do setor de N&atilde;otecidos e Tecidos T&eacute;cnicos.<\/span><\/span><\/span><\/span><\/p>\r\n\r\n<p style=\"text-align:justify\"><span style=\"font-size:28pt\"><span style=\"font-family:Cambria,serif\"><span style=\"letter-spacing:-0.5pt\"><b><span style=\"font-size:18.0pt\"><span style=\"font-family:&quot;Calibri&quot;,sans-serif\"><span style=\"font-variant:small-caps\">A&ccedil;&otilde;es realizadas<\/span><\/span><\/span><\/b><\/span><\/span><\/span><\/p>\r\n\r\n<p style=\"text-align:justify\"><span style=\"font-size:28pt\"><span style=\"font-family:Cambria,serif\"><span style=\"letter-spacing:-0.5pt\"><b><span style=\"font-size:18.0pt\"><span style=\"font-family:&quot;Calibri&quot;,sans-serif\"><span style=\"font-variant:small-caps\"><img src=\"https:\/\/www.abint.org.br\/assets\/img\/editor\/logo-ctg-abint-png_20240405140635n9ZuXEd34V.png\" style=\"width: 300px; height: 55px;\" \/><\/span><\/span><\/span><\/b><\/span><\/span><\/span><\/p>\r\n\r\n<p style=\"text-align:justify\">&nbsp;<\/p>\r\n\r\n<p style=\"text-align:justify\"><span style=\"font-size:11pt\"><span style=\"line-height:normal\"><span style=\"font-family:Calibri,sans-serif\"><span style=\"font-size:14.0pt\">No dia <b>26 de mar&ccedil;o<\/b>, o <b>CTG ABINT Entrevista <\/b>recebeu a<b> Eng.&ordf; Mariana de Castro Pinto <\/b>para falar sobre<b> &ldquo;Problemas associados a constru&ccedil;&atilde;o de barragens e piscin&otilde;es para o agroneg&oacute;cio&rdquo;<\/b>.<\/span><\/span><\/span><\/span><\/p>\r\n\r\n<p style=\"text-align:justify\"><span style=\"font-size:11pt\"><span style=\"line-height:normal\"><span style=\"font-family:Calibri,sans-serif\"><span style=\"font-size:14.0pt\">Perdeu a live, acesse o link e confira: <\/span><a href=\"https:\/\/www.instagram.com\/ctg_abint\/\" style=\"color:blue; text-decoration:underline\"><span style=\"font-size:14.0pt\">https:\/\/www.instagram.com\/ctg_abint\/<\/span><\/a> <\/span><\/span><\/span><\/p>\r\n\r\n<p style=\"text-align:justify\"><span style=\"font-size:28pt\"><span style=\"font-family:Cambria,serif\"><span style=\"letter-spacing:-0.5pt\"><b><span style=\"font-size:18.0pt\"><span style=\"font-family:&quot;Calibri&quot;,sans-serif\"><span style=\"font-variant:small-caps\"><img src=\"https:\/\/www.abint.org.br\/assets\/img\/editor\/fgi-11202020-capa_20240405140738VKsNAgynDF.png\" style=\"width: 500px; height: 228px;\" \/><\/span><\/span><\/span><\/b><\/span><\/span><\/span><\/p>\r\n\r\n<p style=\"text-align:justify\"><span style=\"font-size:14.0pt\"><span style=\"line-height:115%\"><span style=\"font-family:&quot;Calibri&quot;,sans-serif\"><span style=\"color:black\">O <\/span><\/span><\/span><\/span><b><span style=\"font-size:14.0pt\"><span style=\"line-height:115%\"><span style=\"font-family:&quot;Calibri&quot;,sans-serif\"><span style=\"color:#076148\">CTG Comit&ecirc; T&eacute;cnico de Geossint&eacute;ticos da ABINT <\/span><\/span><\/span><\/span><\/b><span style=\"font-size:14.0pt\"><span style=\"line-height:115%\"><span style=\"font-family:&quot;Calibri&quot;,sans-serif\"><span style=\"color:black\">tem a satisfa&ccedil;&atilde;o de informar que, agora em <\/span><\/span><\/span><\/span><b><span style=\"font-size:14.0pt\"><span style=\"line-height:115%\"><span style=\"font-family:&quot;Calibri&quot;,sans-serif\"><span style=\"color:#076148\">parceria com o Fabricate Geomembrane Institute (FGI)<\/span><\/span><\/span><\/span><\/b><span style=\"font-size:14.0pt\"><span style=\"line-height:115%\"><span style=\"font-family:&quot;Calibri&quot;,sans-serif\"><span style=\"color:black\">, promove <\/span><\/span><\/span><\/span><b><span style=\"font-size:14.0pt\"><span style=\"line-height:115%\"><span style=\"font-family:&quot;Calibri&quot;,sans-serif\"><span style=\"color:#076148\">in&eacute;dita vers&atilde;o em portugu&ecirc;s<\/span><\/span><\/span><\/span><\/b><span style=\"font-size:14.0pt\"><span style=\"line-height:115%\"><span style=\"font-family:&quot;Calibri&quot;,sans-serif\"><span style=\"color:black\"> da <\/span><\/span><\/span><\/span><b><span style=\"font-size:14.0pt\"><span style=\"line-height:115%\"><span style=\"font-family:&quot;Calibri&quot;,sans-serif\"><span style=\"color:#076148\">&quot;FGI 1120: Especifica&ccedil;&otilde;es de Materiais para Geomembranas de PVC&quot;.<\/span><\/span><\/span><\/span><\/b><\/p>\r\n\r\n<p style=\"text-align:justify\"><span style=\"font-size:11pt\"><span style=\"background:white\"><span style=\"line-height:normal\"><span style=\"vertical-align:baseline\"><span style=\"font-family:Calibri,sans-serif\"><b><span style=\"font-size:14.0pt\"><span style=\"color:#076148\">Mais uma a&ccedil;&atilde;o do CTG ABINT,<\/span><\/span><\/b><span style=\"font-size:14.0pt\"><span style=\"color:black\"> que demandou emprenho de seus integrantes, e <\/span><\/span><b><span style=\"font-size:14.0pt\"><span style=\"color:#076148\">deixa como marca do Comit&ecirc; um forte e acelerado avan&ccedil;o de qualidade t&eacute;cnica na cadeia produtiva brasileira de geossint&eacute;ticos.<\/span><\/span><\/b><\/span><\/span><\/span><\/span><\/span><\/p>\r\n\r\n<p style=\"text-align:justify\"><span style=\"font-size:11pt\"><span style=\"line-height:normal\"><span style=\"font-family:Calibri,sans-serif\"><a href=\"https:\/\/www.geossinteticos.org.br\/literatura\/fgi-1120-2020-especificacao-de-materiais-para-geomembranas-de-pvc\" style=\"color:blue; text-decoration:underline\"><b><span style=\"font-size:14.0pt\">CLIQUE E VEJA COMO OBTER O DOCUMENTO<\/span><\/b><\/a><\/span><\/span><\/span><\/p>\r\n\r\n<p class=\"MsoTitle\" style=\"text-align:justify\"><span style=\"font-size:28pt\"><span style=\"font-family:Cambria,serif\"><span style=\"letter-spacing:-0.5pt\"><b><span style=\"font-size:18.0pt\"><span style=\"font-family:&quot;Calibri&quot;,sans-serif\"><span style=\"font-variant:small-caps\">O que vem por a&iacute;<\/span><\/span><\/span><\/b><\/span><\/span><\/span><\/p>\r\n\r\n<p class=\"MsoTitle\" style=\"text-align:justify\"><span style=\"font-size:28pt\"><span style=\"font-family:Cambria,serif\"><span style=\"letter-spacing:-0.5pt\"><b><span style=\"font-size:18.0pt\"><span style=\"font-family:&quot;Calibri&quot;,sans-serif\"><span style=\"font-variant:small-caps\"><img src=\"https:\/\/www.abint.org.br\/assets\/img\/editor\/logo-ctg-abint-png_20240405141057xrYFRR8UH8.png\" style=\"width: 300px; height: 55px;\" \/><\/span><\/span><\/span><\/b><\/span><\/span><\/span><\/p>\r\n\r\n<p><img src=\"https:\/\/www.abint.org.br\/assets\/img\/editor\/geocentro-2024-logo_20240312184358q7awxAG7GO.jpg\" style=\"width: 500px; height: 298px;\" \/><\/p>\r\n\r\n<p>O CTG ABINT &eacute; um dos patrocinadores do&nbsp;<b>GEOCENTRO 2024 - 7&ordm; Simp&oacute;sio de Pr&aacute;tica de Engenharia Geot&eacute;cnica na Regi&atilde;o Centro-Oeste<\/b>, que acontecer&aacute; nos<b>&nbsp;dias 04, 05 e 06 de abril de 2024<\/b>, no Cenarium Rural,<b>&nbsp;em Cuiab&aacute;, Mato Grosso<\/b>.<\/p>\r\n\r\n<p>O evento &eacute;&nbsp;<b>promovido pela ABMS<\/b>&nbsp;&ndash; Associa&ccedil;&atilde;o Brasileira de Mec&acirc;nica dos Solos e Engenharia Geot&eacute;cnica &ndash; N&uacute;cleo Centro Oeste.<\/p>\r\n\r\n<p><a href=\"http:\/\/www.geocentro2024.com.br\/\">www.geocentro2024.com.br<\/a><\/p>\r\n\r\n<p>&nbsp;<\/p>\r\n\r\n<p><img src=\"https:\/\/www.abint.org.br\/assets\/img\/editor\/cth-logo-alta-png-2_20240312184602pDv7cUouKB.png\" style=\"width: 350px; height: 80px;\" \/><\/p>\r\n\r\n<p><img src=\"https:\/\/www.abint.org.br\/assets\/img\/editor\/hospitalmed-2024-logo_20240312184512NbskBsafP5.png\" style=\"width: 500px; height: 448px;\" \/><\/p>\r\n\r\n<p><b>O CTH ABINT &eacute; um dos patrocinadores da HospitalMed 2024.<\/b><\/p>\r\n\r\n<p>&ldquo;<i>A melhor e Mais Completa Feira de Sa&uacute;de do Norte\/Nordeste<\/i>&rdquo;, &eacute; uma realiza&ccedil;&atilde;o da HospitalMed Feiras &amp; Eventos e da Insight Feiras de Neg&oacute;cios.<\/p>\r\n\r\n<p><i>&ldquo;O&nbsp;<b>re&uacute;ne toda a cadeia produtiva do setor de sa&uacute;de das regi&otilde;es Norte\/Nordeste<\/b>. &Eacute; o grande encontro de fornecedores de Produtos, Equipamentos, Servi&ccedil;os, Tecnologia e Conte&uacute;do para Hospitais, Laborat&oacute;rios, Farm&aacute;cias, Cl&iacute;nicas, Consult&oacute;rios e Profissionais da Sa&uacute;de&rdquo;.<\/i><\/p>\r\n\r\n<p><a href=\"http:\/\/www.hospitalmed.com.br\/\">www.hospitalmed.com.br<\/a><\/p>\r\n\r\n<p class=\"MsoTitle\" style=\"text-align:justify\"><span style=\"font-size:28pt\"><span style=\"font-family:Cambria,serif\"><span style=\"letter-spacing:-0.5pt\"><b><span style=\"font-size:18.0pt\"><span style=\"font-family:&quot;Calibri&quot;,sans-serif\"><span style=\"font-variant:small-caps\">Not&iacute;cias das Associadas<\/span><\/span><\/span><\/b><\/span><\/span><\/span><\/p>\r\n\r\n<p style=\"text-align:justify\"><span style=\"font-size:11pt\"><span style=\"line-height:normal\"><span style=\"font-family:Calibri,sans-serif\"><a href=\"https:\/\/tissueonline.com.br\/andritz-vence-o-microsoft-intelligent-manufacturing-award-2024\/?utm_campaign=newsletter_28032024_novo_modelo&amp;utm_medium=email&amp;utm_source=RD+Station\" style=\"color:blue; text-decoration:underline\"><span lang=\"EN-US\" style=\"font-size:14.0pt\">ANDRITZ vence o Microsoft Intelligent Manufacturing Award 2024<\/span><\/a><\/span><\/span><\/span><\/p>\r\n\r\n<p style=\"text-align:justify\"><span style=\"font-size:11pt\"><span style=\"line-height:normal\"><span style=\"font-family:Calibri,sans-serif\"><a href=\"https:\/\/tissueonline.com.br\/metsa-e-andritz-construirao-uma-planta-piloto-para-desenvolver-novos-produtos-de-lignina\/\" style=\"color:blue; text-decoration:underline\"><span style=\"font-size:14.0pt\">Mets&auml; e ANDRITZ construir&atilde;o uma planta piloto para desenvolver novos produtos de lignina<\/span><\/a><\/span><\/span><\/span><\/p>\r\n\r\n<p style=\"text-align:justify\"><span style=\"font-size:11pt\"><span style=\"line-height:normal\"><span style=\"font-family:Calibri,sans-serif\"><a href=\"https:\/\/plasticosemrevista.com.br\/pet-indorama-reestrutura-estrategia-operacional\/\" style=\"color:blue; text-decoration:underline\"><span style=\"font-size:14.0pt\">PET: Indorama reestrutura estrat&eacute;gia operacional<\/span><\/a><\/span><\/span><\/span><\/p>\r\n\r\n<p style=\"text-align:justify\">&nbsp;<\/p>\r\n\r\n<p style=\"text-align:justify\"><span style=\"font-size:11pt\"><span style=\"line-height:normal\"><span style=\"font-family:Calibri,sans-serif\"><b><span style=\"font-size:18.0pt\"><span style=\"font-variant:small-caps\">Eventos<\/span><\/span><\/b><\/span><\/span><\/span><\/p>\r\n\r\n<p style=\"text-align:justify\"><span style=\"font-size:11pt\"><span style=\"line-height:normal\"><span style=\"font-family:Calibri,sans-serif\"><b><span style=\"font-size:14.0pt\">Workshop Etiquetagem de produtos t&ecirc;xteis e confeccionados<\/span><\/b><span class=\"MsoHyperlink\" style=\"color:blue\"><span style=\"text-decoration:underline\"><span style=\"font-size:14.0pt\"><span style=\"text-decoration:none\"><span style=\"text-underline:none\">, <\/span><\/span><\/span><\/span><\/span><span style=\"font-size:14.0pt\">17 de abril de 2024, 09h00 &agrave;s 12h00<\/span><span class=\"MsoHyperlink\" style=\"color:blue\"><span style=\"text-decoration:underline\"><span style=\"font-size:14.0pt\"><span style=\"text-decoration:none\"><span style=\"text-underline:none\">. <\/span><\/span><\/span><\/span><\/span><a href=\"https:\/\/app.rdstation.email\/mail\/9c266d63-52fa-42b3-bb06-f003dcb8dae6?utm_campaign=workshop_etiquetagem_-_abr24&amp;utm_medium=email&amp;utm_source=RD+Station\" style=\"color:blue; text-decoration:underline\"><span style=\"font-size:14.0pt\">Inscri&ccedil;&otilde;es e informa&ccedil;&otilde;es aqui<\/span><\/a> <\/span><\/span><\/span><\/p>\r\n\r\n<p style=\"text-align:justify\"><span style=\"font-size:11pt\"><span style=\"line-height:normal\"><span style=\"font-family:Calibri,sans-serif\"><b><span style=\"font-size:14.0pt\">ABTT Academy | Curso de Alfandegu&ecirc;s: Aprenda os Segredos do Com&eacute;rcio T&ecirc;xtil<\/span><\/b><span class=\"MsoHyperlink\" style=\"color:blue\"><span style=\"text-decoration:underline\"><span style=\"font-size:14.0pt\"><span style=\"text-decoration:none\"><span style=\"text-underline:none\">, <\/span><\/span><\/span><\/span><\/span><span style=\"font-size:14.0pt\">20 de abril de 2024, 08h00 &agrave;s 12h00<\/span><span class=\"MsoHyperlink\" style=\"color:blue\"><span style=\"text-decoration:underline\"><span style=\"font-size:14.0pt\"><span style=\"text-decoration:none\"><span style=\"text-underline:none\">. <\/span><\/span><\/span><\/span><\/span><a href=\"https:\/\/docs.google.com\/forms\/d\/e\/1FAIpQLSeI0D2T9RWo5ep94MerHacZNLtiABGYYveyerr8HFTB0fadqw\/viewform\" style=\"color:blue; text-decoration:underline\"><span style=\"font-size:14.0pt\">Informa&ccedil;&otilde;es e inscri&ccedil;&otilde;es aqui<\/span><\/a> <\/span><\/span><\/span><\/p>\r\n\r\n<p style=\"text-align:justify\"><span style=\"font-size:11pt\"><span style=\"line-height:normal\"><span style=\"font-family:Calibri,sans-serif\"><b><span style=\"font-size:14.0pt\">VDI-Brasil | Industry4Her convida: Tend&ecirc;ncias para o mercado de Constru&ccedil;&atilde;o e Minera&ccedil;&atilde;o, <\/span><\/b><span style=\"font-size:14.0pt\">25 de abril de 2024, 09h &agrave;s 12h, Audit&oacute;rio M&amp;T Expo, S&atilde;o Paulo, SP. <\/span><a href=\"https:\/\/www.mtexpo.com.br\/industry4her-convida-tendencias-para-o-mercado-de-construcao-e-mineracao\/?utm_campaign=mt_expo_-_industry4her_-_27324&amp;utm_medium=email&amp;utm_source=RD+Station\" style=\"color:blue; text-decoration:underline\"><span style=\"font-size:14.0pt\">Informa&ccedil;&otilde;es e inscri&ccedil;&otilde;es aqui<\/span><\/a><\/span><\/span><\/span><\/p>\r\n\r\n<p style=\"text-align:justify\"><span style=\"font-size:11pt\"><span style=\"line-height:normal\"><span style=\"font-family:Calibri,sans-serif\"><b><span style=\"font-size:14.0pt\">GEOAMERICAS 2024, <\/span><\/b><span style=\"font-size:14.0pt\">de 28 de abril a 01 de maio de 2024, em Toronto (Canad&aacute;). <\/span><a href=\"https:\/\/www.geoamericas2024.org\/\" style=\"color:blue; text-decoration:underline\"><span style=\"font-size:14.0pt\">Informa&ccedil;&otilde;es aqui.<\/span><\/a><\/span><\/span><\/span><\/p>\r\n\r\n<p style=\"text-align:justify\"><span style=\"font-size:11pt\"><span style=\"line-height:normal\"><span style=\"font-family:Calibri,sans-serif\"><b><span style=\"font-size:14.0pt\">II Congresso Ibero-Americano de Esteriliza&ccedil;&atilde;o e II Congresso Nacional de Reprocessamento de Dispositivos M&eacute;dicos<\/span><\/b><span style=\"font-size:14.0pt\">, 16 a 18 de maio de 2024, Cartagena, Colombia<b>. <\/b><\/span><a href=\"http:\/\/nascecme.com.br\/ii-congresso-ibero-americano-de-esterilizacao-e-ii-congresso-nacional-de-reprocessamento-de-dispositivos-medicos\/\" style=\"color:blue; text-decoration:underline\"><span lang=\"EN-US\" style=\"font-size:14.0pt\">Informa&ccedil;&otilde;es<\/span><\/a><span lang=\"EN-US\" style=\"font-size:14.0pt\"> <\/span><\/span><\/span><\/span><\/p>\r\n\r\n<p style=\"text-align:justify\"><span style=\"font-size:11pt\"><span style=\"line-height:normal\"><span style=\"font-family:Calibri,sans-serif\"><b><span lang=\"EN-US\" style=\"font-size:14.0pt\">ANEX 2024 | Asia Nonwoven Exhibition and Conference<\/span><\/b><span lang=\"EN-US\" style=\"font-size:14.0pt\">, 22-24 May 2024, Taipei Nangang Exhibition Center, Hall 1. <\/span><a href=\"https:\/\/www.anex2024.com\/\" style=\"color:blue; text-decoration:underline\"><span lang=\"EN-US\" style=\"font-size:14.0pt\">Information here<\/span><\/a> <\/span><\/span><\/span><\/p>\r\n\r\n<p style=\"text-align:justify\"><span style=\"font-size:11pt\"><span style=\"line-height:normal\"><span style=\"font-family:Calibri,sans-serif\"><b><span lang=\"EN-US\" style=\"font-size:14.0pt\">The EDANA Innovation Forum<\/span><\/b><span class=\"MsoHyperlink\" style=\"color:blue\"><span style=\"text-decoration:underline\"><span lang=\"EN-US\" style=\"font-size:14.0pt\"><span style=\"text-decoration:none\"><span style=\"text-underline:none\">, <\/span><\/span><\/span><\/span><\/span><span lang=\"EN-US\" style=\"font-size:14.0pt\">04 - 06 June 2024, Munich<\/span><span class=\"MsoHyperlink\" style=\"color:blue\"><span style=\"text-decoration:underline\"><span lang=\"EN-US\" style=\"font-size:14.0pt\"><span style=\"text-decoration:none\"><span style=\"text-underline:none\">. <\/span><\/span><\/span><\/span><\/span><a href=\"https:\/\/www.edana.org\/events\/edana-innovation-forum-?ct=t(MENA_2018_call_for_papers6_28_2017_COPY_01)&amp;mc_cid=27efeab42f&amp;mc_eid=08e0eae351\" style=\"color:blue; text-decoration:underline\"><span lang=\"EN-US\" style=\"font-size:14.0pt\">Information here<\/span><\/a><\/span><\/span><\/span><\/p>\r\n\r\n<p style=\"text-align:justify\"><span style=\"font-size:11pt\"><span style=\"line-height:normal\"><span style=\"font-family:Calibri,sans-serif\"><b><span lang=\"EN-US\" style=\"font-size:14.0pt\">HIGITEX 2024 | International Technical Textiles &amp; Nonwoven Exhibition<\/span><\/b><span lang=\"EN-US\" style=\"font-size:14.0pt\">, 4-8 June 2024, T&uuml;yap Fair Convention and Congress Center, T&uuml;rkiye. <\/span><a href=\"https:\/\/www.hightex.com.tr\/\" style=\"color:blue; text-decoration:underline\"><span style=\"font-size:14.0pt\">Information here<\/span><\/a> <\/span><\/span><\/span><\/p>\r\n\r\n<p style=\"text-align:justify\"><span style=\"font-size:11pt\"><span style=\"line-height:normal\"><span style=\"font-family:Calibri,sans-serif\"><b><span style=\"font-size:14.0pt\">FEIPLAR COMPOSITES &amp; FEIPUR &ndash; Feira e Congresso Internacionais de Composites, Poliuretano, Pl&aacute;sticos de Engenharia e Compostos Termopl&aacute;sticos<\/span><\/b><span style=\"font-size:14.0pt\">, 20 a 22 de agosto de 2024, S&atilde;o Paulo Expo (Pavilh&atilde;o 5), palestras: das 8h30 &agrave;s 18h, feira: das 13h &agrave;s 20h.<b> <\/b><\/span><a href=\"http:\/\/www.feiplar.com\" style=\"color:blue; text-decoration:underline\"><span style=\"font-size:14.0pt\">www.feiplar.com<\/span><\/a> <\/span><\/span><\/span><\/p>\r\n\r\n<p style=\"text-align:justify\"><span style=\"font-size:11pt\"><span style=\"line-height:normal\"><span style=\"font-family:Calibri,sans-serif\"><b><span style=\"font-size:14.0pt\">Fenasan 2024 &ndash; Feira Nacional de Saneamento e Meio Ambiente<\/span><\/b><span style=\"font-size:14.0pt\">, 22 a 24 de outubro de 2024, Pavilh&otilde;es Verde e Vermelho, Expo Center Norte, S&atilde;o Paulo SP. <\/span><a href=\"http:\/\/www.fenasan.com.br\" style=\"color:blue; text-decoration:underline\"><span style=\"font-size:14.0pt\">www.fenasan.com.br<\/span><\/a> <\/span><\/span><\/span><\/p>\r\n\r\n<p style=\"text-align:justify\"><span style=\"font-size:11pt\"><span style=\"line-height:normal\"><span style=\"font-family:Calibri,sans-serif\"><b><span style=\"font-size:14.0pt\">HospitalMed 2024<\/span><\/b><span style=\"font-size:14.0pt\">, 23 a 25 de outubro, das 14h &agrave;s 20h, no Pernambuco Centro de Conven&ccedil;&otilde;es. <\/span><a href=\"http:\/\/www.hospitalmed.com.br\" style=\"color:blue; text-decoration:underline\"><span style=\"font-size:14.0pt\">www.hospitalmed.com.br<\/span><\/a> <\/span><\/span><\/span><\/p>\r\n\r\n<p style=\"text-align:justify\"><span style=\"font-size:28pt\"><span style=\"font-family:Cambria,serif\"><span style=\"letter-spacing:-0.5pt\"><b><span style=\"font-size:18.0pt\"><span style=\"font-family:&quot;Calibri&quot;,sans-serif\"><span style=\"font-variant:small-caps\">Setor<\/span><\/span><\/span><\/b><\/span><\/span><\/span><\/p>\r\n\r\n<p style=\"text-align:justify\"><span style=\"font-size:11pt\"><span style=\"line-height:normal\"><span style=\"font-family:Calibri,sans-serif\"><a href=\"https:\/\/www.plastico.com.br\/resinas-plasticas-sinais-de-melhores-dias-ainda-em-2024\/\" style=\"color:blue; text-decoration:underline\"><span style=\"font-size:14.0pt\">Mercado de Resinas pl&aacute;sticas: Sinais de melhores dias ainda em 2024<\/span><\/a><\/span><\/span><\/span><\/p>\r\n\r\n<p style=\"text-align:justify\"><span style=\"font-size:11pt\"><span style=\"line-height:normal\"><span style=\"font-family:Calibri,sans-serif\"><a href=\"https:\/\/www.nonwovens-industry.com\/contents\/view_features\/2024-03-21\/engaged-nonwovens-research-in-high-tech-markets\/?widget=listSection\" style=\"color:blue; text-decoration:underline\"><span lang=\"EN-US\" style=\"font-size:14.0pt\">Engaged Nonwovens Research in High Tech Markets<\/span><\/a><\/span><\/span><\/span><\/p>\r\n\r\n<p style=\"text-align:justify\"><span style=\"font-size:11pt\"><span style=\"line-height:normal\"><span style=\"font-family:Calibri,sans-serif\"><a href=\"https:\/\/www.nonwovens-industry.com\/contents\/view_online-exclusives\/2024-03-25\/diaper-makers-expand-manufacturing-footprint?utm_campaign=NON+eNewsletter&amp;utm_medium=email&amp;_hsenc=p2ANqtz--mF09UDTu79xnK7Gf_W5tl-I5eW0WJety6eqXb_WK-I73fDHvpVVvQ03MTLODN31k3Za8DuUd0eF67dPxJDI1bk9Bbjw&amp;_hsmi=300272575&amp;utm_content=300272575&amp;utm_source=hs_email\" style=\"color:blue; text-decoration:underline\"><span lang=\"EN-US\" style=\"font-size:14.0pt\">Diaper Makers Expand Manufacturing Footprint<\/span><\/a><\/span><\/span><\/span><\/p>\r\n\r\n<p style=\"text-align:justify\"><span style=\"font-size:11pt\"><span style=\"line-height:normal\"><span style=\"font-family:Calibri,sans-serif\"><a href=\"https:\/\/www.nonwovens-industry.com\/contents\/view_breaking-news\/2024-03-27\/kimberly-clark-announces-long-term-growth-strategy?utm_campaign=NON+eNewsletter&amp;utm_medium=email&amp;_hsenc=p2ANqtz--Bl38oiQl7OyjHhK2LtzfTppvKC6P8spp3u9u_8nVAn8DJNbCSAm3vAsqw_2tv1yF_1v3zh0UuL1NN-EuERzXZdLBd9g&amp;_hsmi=300272575&amp;utm_content=300272575&amp;utm_source=hs_email\" style=\"color:blue; text-decoration:underline\"><span lang=\"EN-US\" style=\"font-size:14.0pt\">Kimberly-Clark Announces Long-Term Growth Strategy<\/span><\/a><\/span><\/span><\/span><\/p>\r\n\r\n<p style=\"text-align:justify\"><span style=\"font-size:11pt\"><span style=\"line-height:normal\"><span style=\"font-family:Calibri,sans-serif\"><a href=\"https:\/\/www.machadomeyer.com.br\/pt\/inteligencia-juridica\/publicacoes-ij\/life-sciences-e-saude\/anvisa-atualiza-regras-de-seguranca-de-dispositivos-medicos\" style=\"color:blue; text-decoration:underline\"><span style=\"font-size:14.0pt\">Anvisa atualiza regras de seguran&ccedil;a de dispositivos m&eacute;dicos<\/span><\/a><\/span><\/span><\/span><\/p>\r\n\r\n<p style=\"text-align:justify\"><span style=\"font-size:11pt\"><span style=\"line-height:normal\"><span style=\"font-family:Calibri,sans-serif\"><a href=\"https:\/\/blogdoplastico.wordpress.com\/2024\/04\/01\/braskem-registra-prejuizo-de-r-46-bilhao-em-2023\/\" style=\"color:blue; text-decoration:underline\"><span style=\"font-size:14.0pt\">Braskem registra preju&iacute;zo de R$ 4,6 bilh&atilde;o em 2023<\/span><\/a><\/span><\/span><\/span><\/p>\r\n\r\n<p style=\"text-align:justify\"><span style=\"font-size:11pt\"><span style=\"line-height:normal\"><span style=\"font-family:Calibri,sans-serif\"><a href=\"https:\/\/www.meiofiltrante.com.br\/Noticia\/123022\/veolia-e-a-braskem-anunciaram-mais-um-acordo-para-trabalhar-juntas\" style=\"color:blue; text-decoration:underline\"><span style=\"font-size:14.0pt\">Veolia e a Braskem anunciaram mais um acordo para trabalhar juntas<\/span><\/a><\/span><\/span><\/span><\/p>\r\n\r\n<p style=\"text-align:justify\"><span style=\"font-size:28pt\"><span style=\"font-family:Cambria,serif\"><span style=\"letter-spacing:-0.5pt\"><b><span style=\"font-size:18.0pt\"><span style=\"font-family:&quot;Calibri&quot;,sans-serif\"><span style=\"font-variant:small-caps\">Ind&uacute;stria<\/span><\/span><\/span><\/b><\/span><\/span><\/span><\/p>\r\n\r\n<p style=\"text-align:justify\"><span style=\"font-size:11pt\"><span style=\"line-height:normal\"><span style=\"font-family:Calibri,sans-serif\"><a href=\"https:\/\/br.investing.com\/news\/economic-indicators\/demanda-forte-impulsiona-crescimento-da-industria-do-brasil-em-marco-mostra-pmi-1227133\" style=\"color:blue; text-decoration:underline\"><span style=\"font-size:14.0pt\">Demanda forte impulsiona crescimento da ind&uacute;stria do Brasil em mar&ccedil;o, mostra PMI<\/span><\/a><\/span><\/span><\/span><\/p>\r\n\r\n<p style=\"text-align:justify\"><span style=\"font-size:11pt\"><span style=\"line-height:normal\"><span style=\"font-family:Calibri,sans-serif\"><a href=\"https:\/\/noticias.portaldaindustria.com.br\/noticias\/economia\/custos-da-industria-sobem-e-ficam-30-acima-do-periodo-pre-pandemia-aponta-cni\/\" style=\"color:blue; text-decoration:underline\"><span style=\"font-size:14.0pt\">Custos da ind&uacute;stria sobem e ficam 30% acima do per&iacute;odo pr&eacute;-pandemia, aponta CNI<\/span><\/a><\/span><\/span><\/span><\/p>\r\n\r\n<p style=\"text-align:justify\"><span style=\"font-size:11pt\"><span style=\"line-height:normal\"><span style=\"font-family:Calibri,sans-serif\"><a href=\"https:\/\/grandesconstrucoes.com.br\/Noticias\/Exibir\/setor-de-insumos-para-construcao-civil-deve-crescer-mais-de-20-ate-2027?utm_source=akna&amp;utm_medium=email&amp;utm_campaign=Grandes-Construcoes-Informativo-905-28-03-2024&amp;utm_source=akna&amp;utm_medium=email&amp;utm_campaign=Grandes-Construcoes-Informativo-905-28-03-2024\" style=\"color:blue; text-decoration:underline\"><span style=\"font-size:14.0pt\">Setor de insumos para constru&ccedil;&atilde;o civil deve crescer mais de 20% at&eacute; 2027<\/span><\/a><\/span><\/span><\/span><\/p>\r\n\r\n<p style=\"text-align:justify\"><span style=\"font-size:28pt\"><span style=\"font-family:Cambria,serif\"><span style=\"letter-spacing:-0.5pt\"><b><span style=\"font-size:18.0pt\"><span style=\"font-family:&quot;Calibri&quot;,sans-serif\"><span style=\"font-variant:small-caps\">Sustentabilidade<\/span><\/span><\/span><\/b><\/span><\/span><\/span><\/p>\r\n\r\n<p style=\"text-align:justify\"><span style=\"font-size:11pt\"><span style=\"line-height:normal\"><span style=\"font-family:Calibri,sans-serif\"><a href=\"https:\/\/www.autoindustria.com.br\/2024\/03\/27\/industria-automotiva-aumenta-consumo-de-plasticos-reciclados\/\" style=\"color:blue; text-decoration:underline\"><span style=\"font-size:14.0pt\">Ind&uacute;stria automotiva aumenta consumo de pl&aacute;sticos reciclados em 40%<\/span><\/a><\/span><\/span><\/span><\/p>\r\n\r\n<p style=\"text-align:justify\"><span style=\"font-size:11pt\"><span style=\"line-height:normal\"><span style=\"font-family:Calibri,sans-serif\"><a href=\"https:\/\/www.innovationintextiles.com\/fibres-yarns-fabrics\/polyester-renewal-plant-up-and-running\/\" style=\"color:blue; text-decoration:underline\"><span lang=\"EN-US\" style=\"font-size:14.0pt\">Polyester renewal plant up and running<\/span><\/a><\/span><\/span><\/span><\/p>\r\n\r\n<p style=\"text-align:justify\"><span style=\"font-size:11pt\"><span style=\"line-height:normal\"><span style=\"font-family:Calibri,sans-serif\"><a href=\"https:\/\/plasticosemrevista.com.br\/alemanha-uma-parada-dura-para-a-transformacao\/\" style=\"color:blue; text-decoration:underline\"><span style=\"font-size:14.0pt\">Alemanha: uma parada dura para a transforma&ccedil;&atilde;o de pl&aacute;sticos<\/span><\/a><\/span><\/span><\/span><\/p>\r\n\r\n<p style=\"text-align:justify\"><span style=\"font-size:11pt\"><span style=\"line-height:normal\"><span style=\"font-family:Calibri,sans-serif\"><a href=\"https:\/\/plasticosemrevista.com.br\/holanda-reciclagem-pede-socorro-ao-governo\/\" style=\"color:blue; text-decoration:underline\"><span style=\"font-size:14.0pt\">Holanda: reciclagem pede socorro ao governo<\/span><\/a><\/span><\/span><\/span><\/p>\r\n\r\n<p style=\"text-align:justify\"><span style=\"font-size:11pt\"><span style=\"line-height:normal\"><span style=\"font-family:Calibri,sans-serif\"><a href=\"https:\/\/www.meiofiltrante.com.br\/Noticia\/121008\/reducao-de-residuos-pela-industria-e-impulso-para-economia-circular\" style=\"color:blue; text-decoration:underline\"><span style=\"font-size:14.0pt\">Redu&ccedil;&atilde;o de res&iacute;duos pela ind&uacute;stria &eacute; impulso para economia circular<\/span><\/a><\/span><\/span><\/span><\/p>\r\n\r\n<p style=\"text-align:justify\"><span style=\"font-size:11pt\"><span style=\"line-height:normal\"><span style=\"font-family:Calibri,sans-serif\"><a href=\"https:\/\/tissueonline.com.br\/o-papel-da-sustentabilidade-e-da-responsabilidade-social-corporativa-na-industria-de-tissue-e-higiene-pessoal\/?utm_campaign=colunistas_o_papel_da_sustentabilidade_e_da_responsabilidade_social_corporativa_na_industria_de_tissue_e_higiene_pessoal&amp;utm_medium=email&amp;utm_source=RD+Station\" style=\"color:blue; text-decoration:underline\"><span style=\"font-size:14.0pt\">O papel da sustentabilidade e da responsabilidade social corporativa na ind&uacute;stria de tissue e higiene pessoal<\/span><\/a><\/span><\/span><\/span><\/p>\r\n\r\n<p style=\"text-align:justify\"><span style=\"font-size:11pt\"><span style=\"line-height:normal\"><span style=\"font-family:Calibri,sans-serif\"><a href=\"https:\/\/esgnews.com\/pt\/Administra%C3%A7%C3%A3o-de-Biden-Harris-revela-investimento-hist%C3%B3rico-de-6-bilh%C3%B5es-para-descarbonizar-o-setor-industrial-das-Am%C3%A9ricas\/\" style=\"color:blue; text-decoration:underline\"><span style=\"font-size:14.0pt\">Administra&ccedil;&atilde;o Biden-Harris revela investimento hist&oacute;rico de US$ 6 bilh&otilde;es para descarbonizar o setor industrial da Am&eacute;rica<\/span><\/a><\/span><\/span><\/span><\/p>\r\n\r\n<p style=\"text-align:justify\"><span style=\"font-size:28pt\"><span style=\"font-family:Cambria,serif\"><span style=\"letter-spacing:-0.5pt\"><b><span style=\"font-size:18.0pt\"><span style=\"font-family:&quot;Calibri&quot;,sans-serif\"><span style=\"font-variant:small-caps\">Inova&ccedil;&atilde;o<\/span><\/span><\/span><\/b><\/span><\/span><\/span><\/p>\r\n\r\n<p style=\"text-align:justify\"><span style=\"font-size:11pt\"><span style=\"line-height:normal\"><span style=\"font-family:Calibri,sans-serif\"><a href=\"https:\/\/olhardigital.com.br\/2024\/03\/27\/ciencia-e-espaco\/startup-cria-disco-de-vinil-todo-feito-de-plantas-e-ele-toca-musica-igual\/\" style=\"color:blue; text-decoration:underline\"><span style=\"font-size:14.0pt\">Startup cria disco de vinil feito de plantas &ndash; e ele toca m&uacute;sica igual<\/span><\/a><\/span><\/span><\/span><\/p>\r\n\r\n<p style=\"text-align:justify\"><span style=\"font-size:11pt\"><span style=\"line-height:normal\"><span style=\"font-family:Calibri,sans-serif\"><a href=\"https:\/\/portugaltextil.com\/lenzing-transforma-geotexteis-usados-em-vestuario\/\" style=\"color:blue; text-decoration:underline\"><span style=\"font-size:14.0pt\">Lenzing transforma geot&ecirc;xteis usados em vestu&aacute;rio<\/span><\/a><\/span><\/span><\/span><\/p>\r\n\r\n<p style=\"text-align:justify\"><span style=\"font-size:28pt\"><span style=\"font-family:Cambria,serif\"><span style=\"letter-spacing:-0.5pt\"><b><span style=\"font-size:18.0pt\"><span style=\"font-family:&quot;Calibri&quot;,sans-serif\"><span style=\"font-variant:small-caps\">Com&eacute;rcio Exterior<\/span><\/span><\/span><\/b><\/span><\/span><\/span><\/p>\r\n\r\n<p style=\"text-align:justify\"><span style=\"font-size:11pt\"><span style=\"line-height:normal\"><span style=\"font-family:Calibri,sans-serif\"><a href=\"https:\/\/noticias.portaldaindustria.com.br\/noticias\/internacional\/macron-no-brasil-cni-defendera-avanco-no-acordo-mercosul-e-uniao-europeia\/\" style=\"color:blue; text-decoration:underline\"><span style=\"font-size:14.0pt\">Macron no Brasil: CNI defender&aacute; avan&ccedil;o no acordo Mercosul e Uni&atilde;o Europeia<\/span><\/a><\/span><\/span><\/span><\/p>\r\n\r\n<p style=\"text-align:justify\"><span style=\"font-size:11pt\"><span style=\"line-height:normal\"><span style=\"font-family:Calibri,sans-serif\"><a href=\"https:\/\/monitormercantil.com.br\/caem-exportacoes-e-importacoes-de-maquinas\/\" style=\"color:blue; text-decoration:underline\"><span style=\"font-size:14.0pt\">Caem exporta&ccedil;&otilde;es e importa&ccedil;&otilde;es de m&aacute;quinas<\/span><\/a><\/span><\/span><\/span><\/p>\r\n\r\n<p style=\"text-align:justify\"><span style=\"font-size:28pt\"><span style=\"font-family:Cambria,serif\"><span style=\"letter-spacing:-0.5pt\"><b><span style=\"font-size:18.0pt\"><span style=\"font-family:&quot;Calibri&quot;,sans-serif\"><span style=\"font-variant:small-caps\">Economia<\/span><\/span><\/span><\/b><\/span><\/span><\/span><\/p>\r\n\r\n<p style=\"text-align:justify\"><span style=\"font-size:11pt\"><span style=\"line-height:normal\"><span style=\"font-family:Calibri,sans-serif\"><a href=\"https:\/\/www.bcb.gov.br\/content\/focus\/focus\/R20240328.pdf\" style=\"color:blue; text-decoration:underline\"><span style=\"font-size:14.0pt\">Focus - Relat&oacute;rio de Mercado<\/span><\/a><\/span><\/span><\/span><\/p>\r\n\r\n<p style=\"text-align:justify\"><span style=\"font-size:11pt\"><span style=\"line-height:normal\"><span style=\"font-family:Calibri,sans-serif\"><a href=\"https:\/\/www.bcb.gov.br\/content\/controleinflacao\/focusdistribuicoesfrequencia\/P20240401-Focus-Distribuicoes-de-frequencia.pdf\" style=\"color:blue; text-decoration:underline\"><span style=\"font-size:14.0pt\">Focus - Distribui&ccedil;&otilde;es de Frequ&ecirc;ncia das Expectativas de Mercado para IPCA, Selic, PIB e C&acirc;mbio<\/span><\/a><\/span><\/span><\/span><\/p>\r\n\r\n<p style=\"text-align:justify\"><span style=\"font-size:11pt\"><span style=\"line-height:normal\"><span style=\"font-family:Calibri,sans-serif\"><a href=\"https:\/\/www.suno.com.br\/noticias\/selic-plano-de-voo-copom-juros-bc-btg-evm\/#amp_tf=De%20%251%24s&amp;aoh=17120107158091&amp;csi=0&amp;referrer=https%3A%2F%2Fwww.google.com&amp;ampshare=https%3A%2F%2Fwww.suno.com.br%2Fnoticias%2Fselic-plano-de-voo-copom-juros-bc-btg-evm%2F\" style=\"color:blue; text-decoration:underline\"><span style=\"font-size:14.0pt\">Selic: &#39;Plano de voo&#39; do Copom deve seguir inalterado ap&oacute;s novidades sobre infla&ccedil;&atilde;o<\/span><\/a><\/span><\/span><\/span><\/p>\r\n\r\n<p style=\"text-align:justify\"><span style=\"font-size:11pt\"><span style=\"line-height:normal\"><span style=\"font-family:Calibri,sans-serif\"><a href=\"https:\/\/agenciadenoticias.bndes.gov.br\/blogdodesenvolvimento\/detalhe\/Crise-na-China-crescimento-em-baixa-tecnologia-em-alta\/\" style=\"color:blue; text-decoration:underline\"><span style=\"font-size:14.0pt\">Crise na China: crescimento em baixa, tecnologia em alta<\/span><\/a><\/span><\/span><\/span><\/p>\r\n\r\n<p style=\"text-align:justify\"><span style=\"font-size:11pt\"><span style=\"line-height:normal\"><span style=\"font-family:Calibri,sans-serif\"><span style=\"font-size:14.0pt\"><img src=\"https:\/\/www.abint.org.br\/assets\/img\/editor\/redes-sociais-abint-ctg-cth_20240405141221iHuZmTBbIY.jpg\" \/><\/span><\/span><\/span><\/span><\/p>\r\n","6":"<p style=\"text-align:justify\"><span style=\"font-size:11pt\"><span style=\"line-height:normal\"><span style=\"font-family:Calibri,sans-serif\"><span style=\"font-size:14.0pt\">Esta &eacute; uma compila&ccedil;&atilde;o das not&iacute;cias mais relevantes para o setor, incluindo informa&ccedil;&otilde;es sobre acordos internacionais, economia brasileira, sustentabilidade e mat&eacute;rias primas, al&eacute;m de novidades do setor de N&atilde;otecidos e Tecidos T&eacute;cnicos.<\/span><\/span><\/span><\/span><\/p>\r\n\r\n<p style=\"text-align:justify\"><span style=\"font-size:28pt\"><span style=\"font-family:Cambria,serif\"><span style=\"letter-spacing:-0.5pt\"><b><span style=\"font-size:18.0pt\"><span style=\"font-family:&quot;Calibri&quot;,sans-serif\"><span style=\"font-variant:small-caps\">A&ccedil;&otilde;es realizadas<\/span><\/span><\/span><\/b><\/span><\/span><\/span><\/p>\r\n\r\n<p style=\"text-align:justify\"><span style=\"font-size:28pt\"><span style=\"font-family:Cambria,serif\"><span style=\"letter-spacing:-0.5pt\"><b><span style=\"font-size:18.0pt\"><span style=\"font-family:&quot;Calibri&quot;,sans-serif\"><span style=\"font-variant:small-caps\"><img src=\"https:\/\/www.abint.org.br\/assets\/img\/editor\/logo-ctg-abint-png_20240405140635n9ZuXEd34V.png\" style=\"width: 300px; height: 55px;\" \/><\/span><\/span><\/span><\/b><\/span><\/span><\/span><\/p>\r\n\r\n<p style=\"text-align:justify\">&nbsp;<\/p>\r\n\r\n<p style=\"text-align:justify\"><span style=\"font-size:11pt\"><span style=\"line-height:normal\"><span style=\"font-family:Calibri,sans-serif\"><span style=\"font-size:14.0pt\">No dia <b>26 de mar&ccedil;o<\/b>, o <b>CTG ABINT Entrevista <\/b>recebeu a<b> Eng.&ordf; Mariana de Castro Pinto <\/b>para falar sobre<b> &ldquo;Problemas associados a constru&ccedil;&atilde;o de barragens e piscin&otilde;es para o agroneg&oacute;cio&rdquo;<\/b>.<\/span><\/span><\/span><\/span><\/p>\r\n\r\n<p style=\"text-align:justify\"><span style=\"font-size:11pt\"><span style=\"line-height:normal\"><span style=\"font-family:Calibri,sans-serif\"><span style=\"font-size:14.0pt\">Perdeu a live, acesse o link e confira: <\/span><a href=\"https:\/\/www.instagram.com\/ctg_abint\/\" style=\"color:blue; text-decoration:underline\"><span style=\"font-size:14.0pt\">https:\/\/www.instagram.com\/ctg_abint\/<\/span><\/a> <\/span><\/span><\/span><\/p>\r\n\r\n<p style=\"text-align:justify\"><span style=\"font-size:28pt\"><span style=\"font-family:Cambria,serif\"><span style=\"letter-spacing:-0.5pt\"><b><span style=\"font-size:18.0pt\"><span style=\"font-family:&quot;Calibri&quot;,sans-serif\"><span style=\"font-variant:small-caps\"><img src=\"https:\/\/www.abint.org.br\/assets\/img\/editor\/fgi-11202020-capa_20240405140738VKsNAgynDF.png\" style=\"width: 500px; height: 228px;\" \/><\/span><\/span><\/span><\/b><\/span><\/span><\/span><\/p>\r\n\r\n<p style=\"text-align:justify\"><span style=\"font-size:14.0pt\"><span style=\"line-height:115%\"><span style=\"font-family:&quot;Calibri&quot;,sans-serif\"><span style=\"color:black\">O <\/span><\/span><\/span><\/span><b><span style=\"font-size:14.0pt\"><span style=\"line-height:115%\"><span style=\"font-family:&quot;Calibri&quot;,sans-serif\"><span style=\"color:#076148\">CTG Comit&ecirc; T&eacute;cnico de Geossint&eacute;ticos da ABINT <\/span><\/span><\/span><\/span><\/b><span style=\"font-size:14.0pt\"><span style=\"line-height:115%\"><span style=\"font-family:&quot;Calibri&quot;,sans-serif\"><span style=\"color:black\">tem a satisfa&ccedil;&atilde;o de informar que, agora em <\/span><\/span><\/span><\/span><b><span style=\"font-size:14.0pt\"><span style=\"line-height:115%\"><span style=\"font-family:&quot;Calibri&quot;,sans-serif\"><span style=\"color:#076148\">parceria com o Fabricate Geomembrane Institute (FGI)<\/span><\/span><\/span><\/span><\/b><span style=\"font-size:14.0pt\"><span style=\"line-height:115%\"><span style=\"font-family:&quot;Calibri&quot;,sans-serif\"><span style=\"color:black\">, promove <\/span><\/span><\/span><\/span><b><span style=\"font-size:14.0pt\"><span style=\"line-height:115%\"><span style=\"font-family:&quot;Calibri&quot;,sans-serif\"><span style=\"color:#076148\">in&eacute;dita vers&atilde;o em portugu&ecirc;s<\/span><\/span><\/span><\/span><\/b><span style=\"font-size:14.0pt\"><span style=\"line-height:115%\"><span style=\"font-family:&quot;Calibri&quot;,sans-serif\"><span style=\"color:black\"> da <\/span><\/span><\/span><\/span><b><span style=\"font-size:14.0pt\"><span style=\"line-height:115%\"><span style=\"font-family:&quot;Calibri&quot;,sans-serif\"><span style=\"color:#076148\">&quot;FGI 1120: Especifica&ccedil;&otilde;es de Materiais para Geomembranas de PVC&quot;.<\/span><\/span><\/span><\/span><\/b><\/p>\r\n\r\n<p style=\"text-align:justify\"><span style=\"font-size:11pt\"><span style=\"background:white\"><span style=\"line-height:normal\"><span style=\"vertical-align:baseline\"><span style=\"font-family:Calibri,sans-serif\"><b><span style=\"font-size:14.0pt\"><span style=\"color:#076148\">Mais uma a&ccedil;&atilde;o do CTG ABINT,<\/span><\/span><\/b><span style=\"font-size:14.0pt\"><span style=\"color:black\"> que demandou emprenho de seus integrantes, e <\/span><\/span><b><span style=\"font-size:14.0pt\"><span style=\"color:#076148\">deixa como marca do Comit&ecirc; um forte e acelerado avan&ccedil;o de qualidade t&eacute;cnica na cadeia produtiva brasileira de geossint&eacute;ticos.<\/span><\/span><\/b><\/span><\/span><\/span><\/span><\/span><\/p>\r\n\r\n<p style=\"text-align:justify\"><span style=\"font-size:11pt\"><span style=\"line-height:normal\"><span style=\"font-family:Calibri,sans-serif\"><a href=\"https:\/\/www.geossinteticos.org.br\/literatura\/fgi-1120-2020-especificacao-de-materiais-para-geomembranas-de-pvc\" style=\"color:blue; text-decoration:underline\"><b><span style=\"font-size:14.0pt\">CLIQUE E VEJA COMO OBTER O DOCUMENTO<\/span><\/b><\/a><\/span><\/span><\/span><\/p>\r\n\r\n<p class=\"MsoTitle\" style=\"text-align:justify\"><span style=\"font-size:28pt\"><span style=\"font-family:Cambria,serif\"><span style=\"letter-spacing:-0.5pt\"><b><span style=\"font-size:18.0pt\"><span style=\"font-family:&quot;Calibri&quot;,sans-serif\"><span style=\"font-variant:small-caps\">O que vem por a&iacute;<\/span><\/span><\/span><\/b><\/span><\/span><\/span><\/p>\r\n\r\n<p class=\"MsoTitle\" style=\"text-align:justify\"><span style=\"font-size:28pt\"><span style=\"font-family:Cambria,serif\"><span style=\"letter-spacing:-0.5pt\"><b><span style=\"font-size:18.0pt\"><span style=\"font-family:&quot;Calibri&quot;,sans-serif\"><span style=\"font-variant:small-caps\"><img src=\"https:\/\/www.abint.org.br\/assets\/img\/editor\/logo-ctg-abint-png_20240405141057xrYFRR8UH8.png\" style=\"width: 300px; height: 55px;\" \/><\/span><\/span><\/span><\/b><\/span><\/span><\/span><\/p>\r\n\r\n<p><img src=\"https:\/\/www.abint.org.br\/assets\/img\/editor\/geocentro-2024-logo_20240312184358q7awxAG7GO.jpg\" style=\"width: 500px; height: 298px;\" \/><\/p>\r\n\r\n<p>O CTG ABINT &eacute; um dos patrocinadores do&nbsp;<b>GEOCENTRO 2024 - 7&ordm; Simp&oacute;sio de Pr&aacute;tica de Engenharia Geot&eacute;cnica na Regi&atilde;o Centro-Oeste<\/b>, que acontecer&aacute; nos<b>&nbsp;dias 04, 05 e 06 de abril de 2024<\/b>, no Cenarium Rural,<b>&nbsp;em Cuiab&aacute;, Mato Grosso<\/b>.<\/p>\r\n\r\n<p>O evento &eacute;&nbsp;<b>promovido pela ABMS<\/b>&nbsp;&ndash; Associa&ccedil;&atilde;o Brasileira de Mec&acirc;nica dos Solos e Engenharia Geot&eacute;cnica &ndash; N&uacute;cleo Centro Oeste.<\/p>\r\n\r\n<p><a href=\"http:\/\/www.geocentro2024.com.br\/\">www.geocentro2024.com.br<\/a><\/p>\r\n\r\n<p>&nbsp;<\/p>\r\n\r\n<p><img src=\"https:\/\/www.abint.org.br\/assets\/img\/editor\/cth-logo-alta-png-2_20240312184602pDv7cUouKB.png\" style=\"width: 350px; height: 80px;\" \/><\/p>\r\n\r\n<p><img src=\"https:\/\/www.abint.org.br\/assets\/img\/editor\/hospitalmed-2024-logo_20240312184512NbskBsafP5.png\" style=\"width: 500px; height: 448px;\" \/><\/p>\r\n\r\n<p><b>O CTH ABINT &eacute; um dos patrocinadores da HospitalMed 2024.<\/b><\/p>\r\n\r\n<p>&ldquo;<i>A melhor e Mais Completa Feira de Sa&uacute;de do Norte\/Nordeste<\/i>&rdquo;, &eacute; uma realiza&ccedil;&atilde;o da HospitalMed Feiras &amp; Eventos e da Insight Feiras de Neg&oacute;cios.<\/p>\r\n\r\n<p><i>&ldquo;O&nbsp;<b>re&uacute;ne toda a cadeia produtiva do setor de sa&uacute;de das regi&otilde;es Norte\/Nordeste<\/b>. &Eacute; o grande encontro de fornecedores de Produtos, Equipamentos, Servi&ccedil;os, Tecnologia e Conte&uacute;do para Hospitais, Laborat&oacute;rios, Farm&aacute;cias, Cl&iacute;nicas, Consult&oacute;rios e Profissionais da Sa&uacute;de&rdquo;.<\/i><\/p>\r\n\r\n<p><a href=\"http:\/\/www.hospitalmed.com.br\/\">www.hospitalmed.com.br<\/a><\/p>\r\n\r\n<p class=\"MsoTitle\" style=\"text-align:justify\"><span style=\"font-size:28pt\"><span style=\"font-family:Cambria,serif\"><span style=\"letter-spacing:-0.5pt\"><b><span style=\"font-size:18.0pt\"><span style=\"font-family:&quot;Calibri&quot;,sans-serif\"><span style=\"font-variant:small-caps\">Not&iacute;cias das Associadas<\/span><\/span><\/span><\/b><\/span><\/span><\/span><\/p>\r\n\r\n<p style=\"text-align:justify\"><span style=\"font-size:11pt\"><span style=\"line-height:normal\"><span style=\"font-family:Calibri,sans-serif\"><a href=\"https:\/\/tissueonline.com.br\/andritz-vence-o-microsoft-intelligent-manufacturing-award-2024\/?utm_campaign=newsletter_28032024_novo_modelo&amp;utm_medium=email&amp;utm_source=RD+Station\" style=\"color:blue; text-decoration:underline\"><span lang=\"EN-US\" style=\"font-size:14.0pt\">ANDRITZ vence o Microsoft Intelligent Manufacturing Award 2024<\/span><\/a><\/span><\/span><\/span><\/p>\r\n\r\n<p style=\"text-align:justify\"><span style=\"font-size:11pt\"><span style=\"line-height:normal\"><span style=\"font-family:Calibri,sans-serif\"><a href=\"https:\/\/tissueonline.com.br\/metsa-e-andritz-construirao-uma-planta-piloto-para-desenvolver-novos-produtos-de-lignina\/\" style=\"color:blue; text-decoration:underline\"><span style=\"font-size:14.0pt\">Mets&auml; e ANDRITZ construir&atilde;o uma planta piloto para desenvolver novos produtos de lignina<\/span><\/a><\/span><\/span><\/span><\/p>\r\n\r\n<p style=\"text-align:justify\"><span style=\"font-size:11pt\"><span style=\"line-height:normal\"><span style=\"font-family:Calibri,sans-serif\"><a href=\"https:\/\/plasticosemrevista.com.br\/pet-indorama-reestrutura-estrategia-operacional\/\" style=\"color:blue; text-decoration:underline\"><span style=\"font-size:14.0pt\">PET: Indorama reestrutura estrat&eacute;gia operacional<\/span><\/a><\/span><\/span><\/span><\/p>\r\n\r\n<p style=\"text-align:justify\">&nbsp;<\/p>\r\n\r\n<p style=\"text-align:justify\"><span style=\"font-size:11pt\"><span style=\"line-height:normal\"><span style=\"font-family:Calibri,sans-serif\"><b><span style=\"font-size:18.0pt\"><span style=\"font-variant:small-caps\">Eventos<\/span><\/span><\/b><\/span><\/span><\/span><\/p>\r\n\r\n<p style=\"text-align:justify\"><span style=\"font-size:11pt\"><span style=\"line-height:normal\"><span style=\"font-family:Calibri,sans-serif\"><b><span style=\"font-size:14.0pt\">Workshop Etiquetagem de produtos t&ecirc;xteis e confeccionados<\/span><\/b><span class=\"MsoHyperlink\" style=\"color:blue\"><span style=\"text-decoration:underline\"><span style=\"font-size:14.0pt\"><span style=\"text-decoration:none\"><span style=\"text-underline:none\">, <\/span><\/span><\/span><\/span><\/span><span style=\"font-size:14.0pt\">17 de abril de 2024, 09h00 &agrave;s 12h00<\/span><span class=\"MsoHyperlink\" style=\"color:blue\"><span style=\"text-decoration:underline\"><span style=\"font-size:14.0pt\"><span style=\"text-decoration:none\"><span style=\"text-underline:none\">. <\/span><\/span><\/span><\/span><\/span><a href=\"https:\/\/app.rdstation.email\/mail\/9c266d63-52fa-42b3-bb06-f003dcb8dae6?utm_campaign=workshop_etiquetagem_-_abr24&amp;utm_medium=email&amp;utm_source=RD+Station\" style=\"color:blue; text-decoration:underline\"><span style=\"font-size:14.0pt\">Inscri&ccedil;&otilde;es e informa&ccedil;&otilde;es aqui<\/span><\/a> <\/span><\/span><\/span><\/p>\r\n\r\n<p style=\"text-align:justify\"><span style=\"font-size:11pt\"><span style=\"line-height:normal\"><span style=\"font-family:Calibri,sans-serif\"><b><span style=\"font-size:14.0pt\">ABTT Academy | Curso de Alfandegu&ecirc;s: Aprenda os Segredos do Com&eacute;rcio T&ecirc;xtil<\/span><\/b><span class=\"MsoHyperlink\" style=\"color:blue\"><span style=\"text-decoration:underline\"><span style=\"font-size:14.0pt\"><span style=\"text-decoration:none\"><span style=\"text-underline:none\">, <\/span><\/span><\/span><\/span><\/span><span style=\"font-size:14.0pt\">20 de abril de 2024, 08h00 &agrave;s 12h00<\/span><span class=\"MsoHyperlink\" style=\"color:blue\"><span style=\"text-decoration:underline\"><span style=\"font-size:14.0pt\"><span style=\"text-decoration:none\"><span style=\"text-underline:none\">. <\/span><\/span><\/span><\/span><\/span><a href=\"https:\/\/docs.google.com\/forms\/d\/e\/1FAIpQLSeI0D2T9RWo5ep94MerHacZNLtiABGYYveyerr8HFTB0fadqw\/viewform\" style=\"color:blue; text-decoration:underline\"><span style=\"font-size:14.0pt\">Informa&ccedil;&otilde;es e inscri&ccedil;&otilde;es aqui<\/span><\/a> <\/span><\/span><\/span><\/p>\r\n\r\n<p style=\"text-align:justify\"><span style=\"font-size:11pt\"><span style=\"line-height:normal\"><span style=\"font-family:Calibri,sans-serif\"><b><span style=\"font-size:14.0pt\">VDI-Brasil | Industry4Her convida: Tend&ecirc;ncias para o mercado de Constru&ccedil;&atilde;o e Minera&ccedil;&atilde;o, <\/span><\/b><span style=\"font-size:14.0pt\">25 de abril de 2024, 09h &agrave;s 12h, Audit&oacute;rio M&amp;T Expo, S&atilde;o Paulo, SP. <\/span><a href=\"https:\/\/www.mtexpo.com.br\/industry4her-convida-tendencias-para-o-mercado-de-construcao-e-mineracao\/?utm_campaign=mt_expo_-_industry4her_-_27324&amp;utm_medium=email&amp;utm_source=RD+Station\" style=\"color:blue; text-decoration:underline\"><span style=\"font-size:14.0pt\">Informa&ccedil;&otilde;es e inscri&ccedil;&otilde;es aqui<\/span><\/a><\/span><\/span><\/span><\/p>\r\n\r\n<p style=\"text-align:justify\"><span style=\"font-size:11pt\"><span style=\"line-height:normal\"><span style=\"font-family:Calibri,sans-serif\"><b><span style=\"font-size:14.0pt\">GEOAMERICAS 2024, <\/span><\/b><span style=\"font-size:14.0pt\">de 28 de abril a 01 de maio de 2024, em Toronto (Canad&aacute;). <\/span><a href=\"https:\/\/www.geoamericas2024.org\/\" style=\"color:blue; text-decoration:underline\"><span style=\"font-size:14.0pt\">Informa&ccedil;&otilde;es aqui.<\/span><\/a><\/span><\/span><\/span><\/p>\r\n\r\n<p style=\"text-align:justify\"><span style=\"font-size:11pt\"><span style=\"line-height:normal\"><span style=\"font-family:Calibri,sans-serif\"><b><span style=\"font-size:14.0pt\">II Congresso Ibero-Americano de Esteriliza&ccedil;&atilde;o e II Congresso Nacional de Reprocessamento de Dispositivos M&eacute;dicos<\/span><\/b><span style=\"font-size:14.0pt\">, 16 a 18 de maio de 2024, Cartagena, Colombia<b>. <\/b><\/span><a href=\"http:\/\/nascecme.com.br\/ii-congresso-ibero-americano-de-esterilizacao-e-ii-congresso-nacional-de-reprocessamento-de-dispositivos-medicos\/\" style=\"color:blue; text-decoration:underline\"><span lang=\"EN-US\" style=\"font-size:14.0pt\">Informa&ccedil;&otilde;es<\/span><\/a><span lang=\"EN-US\" style=\"font-size:14.0pt\"> <\/span><\/span><\/span><\/span><\/p>\r\n\r\n<p style=\"text-align:justify\"><span style=\"font-size:11pt\"><span style=\"line-height:normal\"><span style=\"font-family:Calibri,sans-serif\"><b><span lang=\"EN-US\" style=\"font-size:14.0pt\">ANEX 2024 | Asia Nonwoven Exhibition and Conference<\/span><\/b><span lang=\"EN-US\" style=\"font-size:14.0pt\">, 22-24 May 2024, Taipei Nangang Exhibition Center, Hall 1. <\/span><a href=\"https:\/\/www.anex2024.com\/\" style=\"color:blue; text-decoration:underline\"><span lang=\"EN-US\" style=\"font-size:14.0pt\">Information here<\/span><\/a> <\/span><\/span><\/span><\/p>\r\n\r\n<p style=\"text-align:justify\"><span style=\"font-size:11pt\"><span style=\"line-height:normal\"><span style=\"font-family:Calibri,sans-serif\"><b><span lang=\"EN-US\" style=\"font-size:14.0pt\">The EDANA Innovation Forum<\/span><\/b><span class=\"MsoHyperlink\" style=\"color:blue\"><span style=\"text-decoration:underline\"><span lang=\"EN-US\" style=\"font-size:14.0pt\"><span style=\"text-decoration:none\"><span style=\"text-underline:none\">, <\/span><\/span><\/span><\/span><\/span><span lang=\"EN-US\" style=\"font-size:14.0pt\">04 - 06 June 2024, Munich<\/span><span class=\"MsoHyperlink\" style=\"color:blue\"><span style=\"text-decoration:underline\"><span lang=\"EN-US\" style=\"font-size:14.0pt\"><span style=\"text-decoration:none\"><span style=\"text-underline:none\">. <\/span><\/span><\/span><\/span><\/span><a href=\"https:\/\/www.edana.org\/events\/edana-innovation-forum-?ct=t(MENA_2018_call_for_papers6_28_2017_COPY_01)&amp;mc_cid=27efeab42f&amp;mc_eid=08e0eae351\" style=\"color:blue; text-decoration:underline\"><span lang=\"EN-US\" style=\"font-size:14.0pt\">Information here<\/span><\/a><\/span><\/span><\/span><\/p>\r\n\r\n<p style=\"text-align:justify\"><span style=\"font-size:11pt\"><span style=\"line-height:normal\"><span style=\"font-family:Calibri,sans-serif\"><b><span lang=\"EN-US\" style=\"font-size:14.0pt\">HIGITEX 2024 | International Technical Textiles &amp; Nonwoven Exhibition<\/span><\/b><span lang=\"EN-US\" style=\"font-size:14.0pt\">, 4-8 June 2024, T&uuml;yap Fair Convention and Congress Center, T&uuml;rkiye. <\/span><a href=\"https:\/\/www.hightex.com.tr\/\" style=\"color:blue; text-decoration:underline\"><span style=\"font-size:14.0pt\">Information here<\/span><\/a> <\/span><\/span><\/span><\/p>\r\n\r\n<p style=\"text-align:justify\"><span style=\"font-size:11pt\"><span style=\"line-height:normal\"><span style=\"font-family:Calibri,sans-serif\"><b><span style=\"font-size:14.0pt\">FEIPLAR COMPOSITES &amp; FEIPUR &ndash; Feira e Congresso Internacionais de Composites, Poliuretano, Pl&aacute;sticos de Engenharia e Compostos Termopl&aacute;sticos<\/span><\/b><span style=\"font-size:14.0pt\">, 20 a 22 de agosto de 2024, S&atilde;o Paulo Expo (Pavilh&atilde;o 5), palestras: das 8h30 &agrave;s 18h, feira: das 13h &agrave;s 20h.<b> <\/b><\/span><a href=\"http:\/\/www.feiplar.com\" style=\"color:blue; text-decoration:underline\"><span style=\"font-size:14.0pt\">www.feiplar.com<\/span><\/a> <\/span><\/span><\/span><\/p>\r\n\r\n<p style=\"text-align:justify\"><span style=\"font-size:11pt\"><span style=\"line-height:normal\"><span style=\"font-family:Calibri,sans-serif\"><b><span style=\"font-size:14.0pt\">Fenasan 2024 &ndash; Feira Nacional de Saneamento e Meio Ambiente<\/span><\/b><span style=\"font-size:14.0pt\">, 22 a 24 de outubro de 2024, Pavilh&otilde;es Verde e Vermelho, Expo Center Norte, S&atilde;o Paulo SP. <\/span><a href=\"http:\/\/www.fenasan.com.br\" style=\"color:blue; text-decoration:underline\"><span style=\"font-size:14.0pt\">www.fenasan.com.br<\/span><\/a> <\/span><\/span><\/span><\/p>\r\n\r\n<p style=\"text-align:justify\"><span style=\"font-size:11pt\"><span style=\"line-height:normal\"><span style=\"font-family:Calibri,sans-serif\"><b><span style=\"font-size:14.0pt\">HospitalMed 2024<\/span><\/b><span style=\"font-size:14.0pt\">, 23 a 25 de outubro, das 14h &agrave;s 20h, no Pernambuco Centro de Conven&ccedil;&otilde;es. <\/span><a href=\"http:\/\/www.hospitalmed.com.br\" style=\"color:blue; text-decoration:underline\"><span style=\"font-size:14.0pt\">www.hospitalmed.com.br<\/span><\/a> <\/span><\/span><\/span><\/p>\r\n\r\n<p style=\"text-align:justify\"><span style=\"font-size:28pt\"><span style=\"font-family:Cambria,serif\"><span style=\"letter-spacing:-0.5pt\"><b><span style=\"font-size:18.0pt\"><span style=\"font-family:&quot;Calibri&quot;,sans-serif\"><span style=\"font-variant:small-caps\">Setor<\/span><\/span><\/span><\/b><\/span><\/span><\/span><\/p>\r\n\r\n<p style=\"text-align:justify\"><span style=\"font-size:11pt\"><span style=\"line-height:normal\"><span style=\"font-family:Calibri,sans-serif\"><a href=\"https:\/\/www.plastico.com.br\/resinas-plasticas-sinais-de-melhores-dias-ainda-em-2024\/\" style=\"color:blue; text-decoration:underline\"><span style=\"font-size:14.0pt\">Mercado de Resinas pl&aacute;sticas: Sinais de melhores dias ainda em 2024<\/span><\/a><\/span><\/span><\/span><\/p>\r\n\r\n<p style=\"text-align:justify\"><span style=\"font-size:11pt\"><span style=\"line-height:normal\"><span style=\"font-family:Calibri,sans-serif\"><a href=\"https:\/\/www.nonwovens-industry.com\/contents\/view_features\/2024-03-21\/engaged-nonwovens-research-in-high-tech-markets\/?widget=listSection\" style=\"color:blue; text-decoration:underline\"><span lang=\"EN-US\" style=\"font-size:14.0pt\">Engaged Nonwovens Research in High Tech Markets<\/span><\/a><\/span><\/span><\/span><\/p>\r\n\r\n<p style=\"text-align:justify\"><span style=\"font-size:11pt\"><span style=\"line-height:normal\"><span style=\"font-family:Calibri,sans-serif\"><a href=\"https:\/\/www.nonwovens-industry.com\/contents\/view_online-exclusives\/2024-03-25\/diaper-makers-expand-manufacturing-footprint?utm_campaign=NON+eNewsletter&amp;utm_medium=email&amp;_hsenc=p2ANqtz--mF09UDTu79xnK7Gf_W5tl-I5eW0WJety6eqXb_WK-I73fDHvpVVvQ03MTLODN31k3Za8DuUd0eF67dPxJDI1bk9Bbjw&amp;_hsmi=300272575&amp;utm_content=300272575&amp;utm_source=hs_email\" style=\"color:blue; text-decoration:underline\"><span lang=\"EN-US\" style=\"font-size:14.0pt\">Diaper Makers Expand Manufacturing Footprint<\/span><\/a><\/span><\/span><\/span><\/p>\r\n\r\n<p style=\"text-align:justify\"><span style=\"font-size:11pt\"><span style=\"line-height:normal\"><span style=\"font-family:Calibri,sans-serif\"><a href=\"https:\/\/www.nonwovens-industry.com\/contents\/view_breaking-news\/2024-03-27\/kimberly-clark-announces-long-term-growth-strategy?utm_campaign=NON+eNewsletter&amp;utm_medium=email&amp;_hsenc=p2ANqtz--Bl38oiQl7OyjHhK2LtzfTppvKC6P8spp3u9u_8nVAn8DJNbCSAm3vAsqw_2tv1yF_1v3zh0UuL1NN-EuERzXZdLBd9g&amp;_hsmi=300272575&amp;utm_content=300272575&amp;utm_source=hs_email\" style=\"color:blue; text-decoration:underline\"><span lang=\"EN-US\" style=\"font-size:14.0pt\">Kimberly-Clark Announces Long-Term Growth Strategy<\/span><\/a><\/span><\/span><\/span><\/p>\r\n\r\n<p style=\"text-align:justify\"><span style=\"font-size:11pt\"><span style=\"line-height:normal\"><span style=\"font-family:Calibri,sans-serif\"><a href=\"https:\/\/www.machadomeyer.com.br\/pt\/inteligencia-juridica\/publicacoes-ij\/life-sciences-e-saude\/anvisa-atualiza-regras-de-seguranca-de-dispositivos-medicos\" style=\"color:blue; text-decoration:underline\"><span style=\"font-size:14.0pt\">Anvisa atualiza regras de seguran&ccedil;a de dispositivos m&eacute;dicos<\/span><\/a><\/span><\/span><\/span><\/p>\r\n\r\n<p style=\"text-align:justify\"><span style=\"font-size:11pt\"><span style=\"line-height:normal\"><span style=\"font-family:Calibri,sans-serif\"><a href=\"https:\/\/blogdoplastico.wordpress.com\/2024\/04\/01\/braskem-registra-prejuizo-de-r-46-bilhao-em-2023\/\" style=\"color:blue; text-decoration:underline\"><span style=\"font-size:14.0pt\">Braskem registra preju&iacute;zo de R$ 4,6 bilh&atilde;o em 2023<\/span><\/a><\/span><\/span><\/span><\/p>\r\n\r\n<p style=\"text-align:justify\"><span style=\"font-size:11pt\"><span style=\"line-height:normal\"><span style=\"font-family:Calibri,sans-serif\"><a href=\"https:\/\/www.meiofiltrante.com.br\/Noticia\/123022\/veolia-e-a-braskem-anunciaram-mais-um-acordo-para-trabalhar-juntas\" style=\"color:blue; text-decoration:underline\"><span style=\"font-size:14.0pt\">Veolia e a Braskem anunciaram mais um acordo para trabalhar juntas<\/span><\/a><\/span><\/span><\/span><\/p>\r\n\r\n<p style=\"text-align:justify\"><span style=\"font-size:28pt\"><span style=\"font-family:Cambria,serif\"><span style=\"letter-spacing:-0.5pt\"><b><span style=\"font-size:18.0pt\"><span style=\"font-family:&quot;Calibri&quot;,sans-serif\"><span style=\"font-variant:small-caps\">Ind&uacute;stria<\/span><\/span><\/span><\/b><\/span><\/span><\/span><\/p>\r\n\r\n<p style=\"text-align:justify\"><span style=\"font-size:11pt\"><span style=\"line-height:normal\"><span style=\"font-family:Calibri,sans-serif\"><a href=\"https:\/\/br.investing.com\/news\/economic-indicators\/demanda-forte-impulsiona-crescimento-da-industria-do-brasil-em-marco-mostra-pmi-1227133\" style=\"color:blue; text-decoration:underline\"><span style=\"font-size:14.0pt\">Demanda forte impulsiona crescimento da ind&uacute;stria do Brasil em mar&ccedil;o, mostra PMI<\/span><\/a><\/span><\/span><\/span><\/p>\r\n\r\n<p style=\"text-align:justify\"><span style=\"font-size:11pt\"><span style=\"line-height:normal\"><span style=\"font-family:Calibri,sans-serif\"><a href=\"https:\/\/noticias.portaldaindustria.com.br\/noticias\/economia\/custos-da-industria-sobem-e-ficam-30-acima-do-periodo-pre-pandemia-aponta-cni\/\" style=\"color:blue; text-decoration:underline\"><span style=\"font-size:14.0pt\">Custos da ind&uacute;stria sobem e ficam 30% acima do per&iacute;odo pr&eacute;-pandemia, aponta CNI<\/span><\/a><\/span><\/span><\/span><\/p>\r\n\r\n<p style=\"text-align:justify\"><span style=\"font-size:11pt\"><span style=\"line-height:normal\"><span style=\"font-family:Calibri,sans-serif\"><a href=\"https:\/\/grandesconstrucoes.com.br\/Noticias\/Exibir\/setor-de-insumos-para-construcao-civil-deve-crescer-mais-de-20-ate-2027?utm_source=akna&amp;utm_medium=email&amp;utm_campaign=Grandes-Construcoes-Informativo-905-28-03-2024&amp;utm_source=akna&amp;utm_medium=email&amp;utm_campaign=Grandes-Construcoes-Informativo-905-28-03-2024\" style=\"color:blue; text-decoration:underline\"><span style=\"font-size:14.0pt\">Setor de insumos para constru&ccedil;&atilde;o civil deve crescer mais de 20% at&eacute; 2027<\/span><\/a><\/span><\/span><\/span><\/p>\r\n\r\n<p style=\"text-align:justify\"><span style=\"font-size:28pt\"><span style=\"font-family:Cambria,serif\"><span style=\"letter-spacing:-0.5pt\"><b><span style=\"font-size:18.0pt\"><span style=\"font-family:&quot;Calibri&quot;,sans-serif\"><span style=\"font-variant:small-caps\">Sustentabilidade<\/span><\/span><\/span><\/b><\/span><\/span><\/span><\/p>\r\n\r\n<p style=\"text-align:justify\"><span style=\"font-size:11pt\"><span style=\"line-height:normal\"><span style=\"font-family:Calibri,sans-serif\"><a href=\"https:\/\/www.autoindustria.com.br\/2024\/03\/27\/industria-automotiva-aumenta-consumo-de-plasticos-reciclados\/\" style=\"color:blue; text-decoration:underline\"><span style=\"font-size:14.0pt\">Ind&uacute;stria automotiva aumenta consumo de pl&aacute;sticos reciclados em 40%<\/span><\/a><\/span><\/span><\/span><\/p>\r\n\r\n<p style=\"text-align:justify\"><span style=\"font-size:11pt\"><span style=\"line-height:normal\"><span style=\"font-family:Calibri,sans-serif\"><a href=\"https:\/\/www.innovationintextiles.com\/fibres-yarns-fabrics\/polyester-renewal-plant-up-and-running\/\" style=\"color:blue; text-decoration:underline\"><span lang=\"EN-US\" style=\"font-size:14.0pt\">Polyester renewal plant up and running<\/span><\/a><\/span><\/span><\/span><\/p>\r\n\r\n<p style=\"text-align:justify\"><span style=\"font-size:11pt\"><span style=\"line-height:normal\"><span style=\"font-family:Calibri,sans-serif\"><a href=\"https:\/\/plasticosemrevista.com.br\/alemanha-uma-parada-dura-para-a-transformacao\/\" style=\"color:blue; text-decoration:underline\"><span style=\"font-size:14.0pt\">Alemanha: uma parada dura para a transforma&ccedil;&atilde;o de pl&aacute;sticos<\/span><\/a><\/span><\/span><\/span><\/p>\r\n\r\n<p style=\"text-align:justify\"><span style=\"font-size:11pt\"><span style=\"line-height:normal\"><span style=\"font-family:Calibri,sans-serif\"><a href=\"https:\/\/plasticosemrevista.com.br\/holanda-reciclagem-pede-socorro-ao-governo\/\" style=\"color:blue; text-decoration:underline\"><span style=\"font-size:14.0pt\">Holanda: reciclagem pede socorro ao governo<\/span><\/a><\/span><\/span><\/span><\/p>\r\n\r\n<p style=\"text-align:justify\"><span style=\"font-size:11pt\"><span style=\"line-height:normal\"><span style=\"font-family:Calibri,sans-serif\"><a href=\"https:\/\/www.meiofiltrante.com.br\/Noticia\/121008\/reducao-de-residuos-pela-industria-e-impulso-para-economia-circular\" style=\"color:blue; text-decoration:underline\"><span style=\"font-size:14.0pt\">Redu&ccedil;&atilde;o de res&iacute;duos pela ind&uacute;stria &eacute; impulso para economia circular<\/span><\/a><\/span><\/span><\/span><\/p>\r\n\r\n<p style=\"text-align:justify\"><span style=\"font-size:11pt\"><span style=\"line-height:normal\"><span style=\"font-family:Calibri,sans-serif\"><a href=\"https:\/\/tissueonline.com.br\/o-papel-da-sustentabilidade-e-da-responsabilidade-social-corporativa-na-industria-de-tissue-e-higiene-pessoal\/?utm_campaign=colunistas_o_papel_da_sustentabilidade_e_da_responsabilidade_social_corporativa_na_industria_de_tissue_e_higiene_pessoal&amp;utm_medium=email&amp;utm_source=RD+Station\" style=\"color:blue; text-decoration:underline\"><span style=\"font-size:14.0pt\">O papel da sustentabilidade e da responsabilidade social corporativa na ind&uacute;stria de tissue e higiene pessoal<\/span><\/a><\/span><\/span><\/span><\/p>\r\n\r\n<p style=\"text-align:justify\"><span style=\"font-size:11pt\"><span style=\"line-height:normal\"><span style=\"font-family:Calibri,sans-serif\"><a href=\"https:\/\/esgnews.com\/pt\/Administra%C3%A7%C3%A3o-de-Biden-Harris-revela-investimento-hist%C3%B3rico-de-6-bilh%C3%B5es-para-descarbonizar-o-setor-industrial-das-Am%C3%A9ricas\/\" style=\"color:blue; text-decoration:underline\"><span style=\"font-size:14.0pt\">Administra&ccedil;&atilde;o Biden-Harris revela investimento hist&oacute;rico de US$ 6 bilh&otilde;es para descarbonizar o setor industrial da Am&eacute;rica<\/span><\/a><\/span><\/span><\/span><\/p>\r\n\r\n<p style=\"text-align:justify\"><span style=\"font-size:28pt\"><span style=\"font-family:Cambria,serif\"><span style=\"letter-spacing:-0.5pt\"><b><span style=\"font-size:18.0pt\"><span style=\"font-family:&quot;Calibri&quot;,sans-serif\"><span style=\"font-variant:small-caps\">Inova&ccedil;&atilde;o<\/span><\/span><\/span><\/b><\/span><\/span><\/span><\/p>\r\n\r\n<p style=\"text-align:justify\"><span style=\"font-size:11pt\"><span style=\"line-height:normal\"><span style=\"font-family:Calibri,sans-serif\"><a href=\"https:\/\/olhardigital.com.br\/2024\/03\/27\/ciencia-e-espaco\/startup-cria-disco-de-vinil-todo-feito-de-plantas-e-ele-toca-musica-igual\/\" style=\"color:blue; text-decoration:underline\"><span style=\"font-size:14.0pt\">Startup cria disco de vinil feito de plantas &ndash; e ele toca m&uacute;sica igual<\/span><\/a><\/span><\/span><\/span><\/p>\r\n\r\n<p style=\"text-align:justify\"><span style=\"font-size:11pt\"><span style=\"line-height:normal\"><span style=\"font-family:Calibri,sans-serif\"><a href=\"https:\/\/portugaltextil.com\/lenzing-transforma-geotexteis-usados-em-vestuario\/\" style=\"color:blue; text-decoration:underline\"><span style=\"font-size:14.0pt\">Lenzing transforma geot&ecirc;xteis usados em vestu&aacute;rio<\/span><\/a><\/span><\/span><\/span><\/p>\r\n\r\n<p style=\"text-align:justify\"><span style=\"font-size:28pt\"><span style=\"font-family:Cambria,serif\"><span style=\"letter-spacing:-0.5pt\"><b><span style=\"font-size:18.0pt\"><span style=\"font-family:&quot;Calibri&quot;,sans-serif\"><span style=\"font-variant:small-caps\">Com&eacute;rcio Exterior<\/span><\/span><\/span><\/b><\/span><\/span><\/span><\/p>\r\n\r\n<p style=\"text-align:justify\"><span style=\"font-size:11pt\"><span style=\"line-height:normal\"><span style=\"font-family:Calibri,sans-serif\"><a href=\"https:\/\/noticias.portaldaindustria.com.br\/noticias\/internacional\/macron-no-brasil-cni-defendera-avanco-no-acordo-mercosul-e-uniao-europeia\/\" style=\"color:blue; text-decoration:underline\"><span style=\"font-size:14.0pt\">Macron no Brasil: CNI defender&aacute; avan&ccedil;o no acordo Mercosul e Uni&atilde;o Europeia<\/span><\/a><\/span><\/span><\/span><\/p>\r\n\r\n<p style=\"text-align:justify\"><span style=\"font-size:11pt\"><span style=\"line-height:normal\"><span style=\"font-family:Calibri,sans-serif\"><a href=\"https:\/\/monitormercantil.com.br\/caem-exportacoes-e-importacoes-de-maquinas\/\" style=\"color:blue; text-decoration:underline\"><span style=\"font-size:14.0pt\">Caem exporta&ccedil;&otilde;es e importa&ccedil;&otilde;es de m&aacute;quinas<\/span><\/a><\/span><\/span><\/span><\/p>\r\n\r\n<p style=\"text-align:justify\"><span style=\"font-size:28pt\"><span style=\"font-family:Cambria,serif\"><span style=\"letter-spacing:-0.5pt\"><b><span style=\"font-size:18.0pt\"><span style=\"font-family:&quot;Calibri&quot;,sans-serif\"><span style=\"font-variant:small-caps\">Economia<\/span><\/span><\/span><\/b><\/span><\/span><\/span><\/p>\r\n\r\n<p style=\"text-align:justify\"><span style=\"font-size:11pt\"><span style=\"line-height:normal\"><span style=\"font-family:Calibri,sans-serif\"><a href=\"https:\/\/www.bcb.gov.br\/content\/focus\/focus\/R20240328.pdf\" style=\"color:blue; text-decoration:underline\"><span style=\"font-size:14.0pt\">Focus - Relat&oacute;rio de Mercado<\/span><\/a><\/span><\/span><\/span><\/p>\r\n\r\n<p style=\"text-align:justify\"><span style=\"font-size:11pt\"><span style=\"line-height:normal\"><span style=\"font-family:Calibri,sans-serif\"><a href=\"https:\/\/www.bcb.gov.br\/content\/controleinflacao\/focusdistribuicoesfrequencia\/P20240401-Focus-Distribuicoes-de-frequencia.pdf\" style=\"color:blue; text-decoration:underline\"><span style=\"font-size:14.0pt\">Focus - Distribui&ccedil;&otilde;es de Frequ&ecirc;ncia das Expectativas de Mercado para IPCA, Selic, PIB e C&acirc;mbio<\/span><\/a><\/span><\/span><\/span><\/p>\r\n\r\n<p style=\"text-align:justify\"><span style=\"font-size:11pt\"><span style=\"line-height:normal\"><span style=\"font-family:Calibri,sans-serif\"><a href=\"https:\/\/www.suno.com.br\/noticias\/selic-plano-de-voo-copom-juros-bc-btg-evm\/#amp_tf=De%20%251%24s&amp;aoh=17120107158091&amp;csi=0&amp;referrer=https%3A%2F%2Fwww.google.com&amp;ampshare=https%3A%2F%2Fwww.suno.com.br%2Fnoticias%2Fselic-plano-de-voo-copom-juros-bc-btg-evm%2F\" style=\"color:blue; text-decoration:underline\"><span style=\"font-size:14.0pt\">Selic: &#39;Plano de voo&#39; do Copom deve seguir inalterado ap&oacute;s novidades sobre infla&ccedil;&atilde;o<\/span><\/a><\/span><\/span><\/span><\/p>\r\n\r\n<p style=\"text-align:justify\"><span style=\"font-size:11pt\"><span style=\"line-height:normal\"><span style=\"font-family:Calibri,sans-serif\"><a href=\"https:\/\/agenciadenoticias.bndes.gov.br\/blogdodesenvolvimento\/detalhe\/Crise-na-China-crescimento-em-baixa-tecnologia-em-alta\/\" style=\"color:blue; text-decoration:underline\"><span style=\"font-size:14.0pt\">Crise na China: crescimento em baixa, tecnologia em alta<\/span><\/a><\/span><\/span><\/span><\/p>\r\n\r\n<p style=\"text-align:justify\"><span style=\"font-size:11pt\"><span style=\"line-height:normal\"><span style=\"font-family:Calibri,sans-serif\"><span style=\"font-size:14.0pt\"><img src=\"https:\/\/www.abint.org.br\/assets\/img\/editor\/redes-sociais-abint-ctg-cth_20240405141221iHuZmTBbIY.jpg\" \/><\/span><\/span><\/span><\/span><\/p>\r\n","texto_en":"","7":"","imagem":"COMP_capa-2024-site-boletim-abint-noticias-semanis_202404051414595wIv4nQ3yC.jpg","8":"COMP_capa-2024-site-boletim-abint-noticias-semanis_202404051414595wIv4nQ3yC.jpg","arquivo":"20240404-BOLETIM-ABINT-DE-NOTICIAS-SEMANAIS.PDF","9":"20240404-BOLETIM-ABINT-DE-NOTICIAS-SEMANAIS.PDF","titulo_arquivo":"20240404 Boletim ABINT de Not\u00edcias Semanais","10":"20240404 Boletim ABINT de Not\u00edcias Semanais","titulo_arquivo_en":"","11":"","created_at":"2024-04-05 14:15:15","12":"2024-04-05 14:15:15","updated_at":"2024-04-05 14:15:15","13":"2024-04-05 14:15:15"},{"id":110,"0":110,"ordem":113,"1":113,"data":"2024-03-26","2":"2024-03-26","slug":"boletim-abint-de-noticias-semanais-22","3":"boletim-abint-de-noticias-semanais-22","titulo":"Boletim ABINT de Not\u00edcias Semanais","4":"Boletim ABINT de Not\u00edcias Semanais","titulo_en":"","5":"","texto":"<p style=\"text-align:justify\"><span style=\"font-size:11pt\"><span style=\"line-height:normal\"><span style=\"font-family:Calibri,sans-serif\"><span style=\"font-size:14.0pt\">Esta &eacute; uma compila&ccedil;&atilde;o das not&iacute;cias mais relevantes para o setor, incluindo informa&ccedil;&otilde;es sobre acordos internacionais, economia brasileira, sustentabilidade e mat&eacute;rias primas, al&eacute;m de novidades do setor de N&atilde;otecidos e Tecidos T&eacute;cnicos.<\/span><\/span><\/span><\/span><\/p>\r\n\r\n<p class=\"MsoTitle\" style=\"text-align:justify\"><span style=\"font-size:28pt\"><span style=\"font-family:Cambria,serif\"><span style=\"letter-spacing:-0.5pt\"><b><span style=\"font-size:18.0pt\"><span style=\"font-family:&quot;Calibri&quot;,sans-serif\"><span style=\"font-variant:small-caps\">A&ccedil;&otilde;es realizadas<\/span><\/span><\/span><\/b><\/span><\/span><\/span><\/p>\r\n\r\n<p class=\"MsoTitle\" style=\"text-align:justify\"><span style=\"font-size:28pt\"><span style=\"font-family:Cambria,serif\"><span style=\"letter-spacing:-0.5pt\"><b><span style=\"font-size:18.0pt\"><span style=\"font-family:&quot;Calibri&quot;,sans-serif\"><span style=\"font-variant:small-caps\"><img src=\"https:\/\/www.abint.org.br\/assets\/img\/editor\/abint-logo-2020-g_20240326170555fNqqPtg0CI.png\" style=\"width: 300px; height: 69px;\" \/><\/span><\/span><\/span><\/b><\/span><\/span><\/span><\/p>\r\n\r\n<p style=\"text-align:justify\"><span style=\"font-size:11pt\"><span style=\"line-height:normal\"><span style=\"font-family:Calibri,sans-serif\"><span style=\"font-size:14.0pt\">&ldquo;<\/span><a href=\"https:\/\/drive.google.com\/file\/d\/1Ey_MLP4RjxJytxUpAGDWWzuDNA97tocL\/view\" style=\"color:blue; text-decoration:underline\"><span style=\"font-size:14.0pt\">As perspectivas do setor de N&atilde;otecidos para 2024<\/span><\/a><span style=\"font-size:14.0pt\">&rdquo;, na <b>p&aacute;gina 14<\/b> artigo do Presidente da ABINT, <b>Mateus Mesquita Inacio<\/b>, para o Guia Pl&aacute;stico Sul 2023\/2024<\/span><\/span><\/span><\/span><\/p>\r\n\r\n<p style=\"text-align:justify\">&nbsp;<\/p>\r\n\r\n<p style=\"text-align:justify\"><img src=\"https:\/\/www.abint.org.br\/assets\/img\/editor\/logo-ctg-abint-png_20240326171108OvV1JborZO.png\" style=\"width: 300px; height: 55px;\" \/><\/p>\r\n\r\n<p style=\"text-align:justify\"><img src=\"https:\/\/www.abint.org.br\/assets\/img\/editor\/fgi-11202020-capa_20240326171150FqJqGi0Day.png\" \/><\/p>\r\n\r\n<p style=\"text-align:justify\">&nbsp;<\/p>\r\n\r\n<p style=\"text-align:justify\"><span style=\"font-size:11pt\"><span style=\"background:white\"><span style=\"vertical-align:baseline\"><span style=\"line-height:115%\"><span style=\"font-family:Calibri,sans-serif\"><span style=\"font-size:14.0pt\"><span style=\"line-height:115%\"><span style=\"color:#000000;\">O<\/span><\/span><\/span><b><span style=\"font-size:14.0pt\"><span style=\"line-height:115%\"><span style=\"color:#076148\"> CTG Comit&ecirc; T&eacute;cnico de Geossint&eacute;ticos da ABINT <\/span><\/span><\/span><\/b><span style=\"font-size:14.0pt\"><span style=\"line-height:115%\"><span style=\"color:black\">tem a satisfa&ccedil;&atilde;o de informar que, agora em <\/span><\/span><\/span><b><span style=\"font-size:14.0pt\"><span style=\"line-height:115%\"><span style=\"color:#076148\">parceria com o Fabricate Geomembrane Institute (FGI)<\/span><\/span><\/span><\/b><span style=\"font-size:14.0pt\"><span style=\"line-height:115%\"><span style=\"color:black\">, promove <\/span><\/span><\/span><b><span style=\"font-size:14.0pt\"><span style=\"line-height:115%\"><span style=\"color:#076148\">in&eacute;dita vers&atilde;o em portugu&ecirc;s<\/span><\/span><\/span><\/b><span style=\"font-size:14.0pt\"><span style=\"line-height:115%\"><span style=\"color:black\"> da <\/span><\/span><\/span><b><span style=\"font-size:14.0pt\"><span style=\"line-height:115%\"><span style=\"color:#076148\">&quot;FGI 1120: Especifica&ccedil;&otilde;es de Materiais para Geomembranas de PVC&quot;<\/span><\/span><\/span><\/b><span style=\"font-size:14.0pt\"><span style=\"line-height:115%\"><span style=\"color:black\">.<\/span><\/span><\/span><\/span><\/span><\/span><\/span><\/span><\/p>\r\n\r\n<p style=\"text-align:justify\"><span style=\"font-size:11pt\"><span style=\"background:white\"><span style=\"line-height:normal\"><span style=\"vertical-align:baseline\"><span style=\"font-family:Calibri,sans-serif\"><b><span style=\"font-size:14.0pt\"><span style=\"color:#076148\">Mais uma a&ccedil;&atilde;o do CTG ABINT,<\/span><\/span><\/b><span style=\"font-size:14.0pt\"><span style=\"color:black\"> que demandou emprenho de seus integrantes, e <\/span><\/span><b><span style=\"font-size:14.0pt\"><span style=\"color:#076148\">deixa como marca do Comit&ecirc; um forte e acelerado avan&ccedil;o de qualidade t&eacute;cnica na cadeia produtiva brasileira de geossint&eacute;ticos.<\/span><\/span><\/b><\/span><\/span><\/span><\/span><\/span><\/p>\r\n\r\n<p style=\"text-align:justify\"><span style=\"font-size:11pt\"><span style=\"line-height:normal\"><span style=\"font-family:Calibri,sans-serif\"><a href=\"https:\/\/www.geossinteticos.org.br\/literatura\/fgi-1120-2020-especificacao-de-materiais-para-geomembranas-de-pvc\" style=\"color:blue; text-decoration:underline\"><b><span style=\"font-size:14.0pt\">CLIQUE E VEJA COMO OBTER O DOCUMENTO<\/span><\/b><\/a><\/span><\/span><\/span><\/p>\r\n\r\n<p style=\"text-align:justify\"><span style=\"font-size:28pt\"><span style=\"font-family:Cambria,serif\"><span style=\"letter-spacing:-0.5pt\"><b><span style=\"font-size:18.0pt\"><span style=\"font-family:&quot;Calibri&quot;,sans-serif\"><span style=\"font-variant:small-caps\">O que vem por a&iacute;<\/span><\/span><\/span><\/b><\/span><\/span><\/span><\/p>\r\n\r\n<p style=\"text-align:justify\"><span style=\"font-size:28pt\"><span style=\"font-family:Cambria,serif\"><span style=\"letter-spacing:-0.5pt\"><b><span style=\"font-size:18.0pt\"><span style=\"font-family:&quot;Calibri&quot;,sans-serif\"><span style=\"font-variant:small-caps\"><img src=\"https:\/\/www.abint.org.br\/assets\/img\/editor\/abint-logo-2020-g_202403261713471hGYpr1PtU.png\" style=\"width: 300px; height: 69px;\" \/><\/span><\/span><\/span><\/b><\/span><\/span><\/span><\/p>\r\n\r\n<p style=\"text-align:justify\"><span style=\"font-size:28pt\"><span style=\"font-family:Cambria,serif\"><span style=\"letter-spacing:-0.5pt\"><b><span style=\"font-size:18.0pt\"><span style=\"font-family:&quot;Calibri&quot;,sans-serif\"><span style=\"font-variant:small-caps\"><img src=\"https:\/\/www.abint.org.br\/assets\/img\/editor\/e-mail-mkt-palestra-whtire-paper-27032024_20240326171620OcQDpI5tUv.png\" style=\"width: 500px; height: 642px;\" \/><\/span><\/span><\/span><\/b><\/span><\/span><\/span><\/p>\r\n\r\n<p style=\"text-align:justify\"><span style=\"font-size:11pt\"><span style=\"line-height:normal\"><span style=\"font-family:Calibri,sans-serif\"><a href=\"https:\/\/forms.office.com\/pages\/responsepage.aspx?id=n9pNk1glrE6b5i8lS53621O-4jMsuCNBqhQBI597U0lUOEhOMUVZVTZMWVdFVTVEMUlRMDJYVkFVMS4u\" style=\"color:blue; text-decoration:underline\"><b><span style=\"font-size:14.0pt\">CLIQUE AQUI E INSCREVA-SE<\/span><\/b><\/a><\/span><\/span><\/span><\/p>\r\n\r\n<p style=\"text-align:justify\">&nbsp;<\/p>\r\n\r\n<p><img src=\"https:\/\/www.abint.org.br\/assets\/img\/editor\/logo-ctg-abint-png_20240312184208ZzqsfoVDgv.png\" style=\"width: 300px; height: 55px;\" \/><\/p>\r\n\r\n<p><img src=\"https:\/\/www.abint.org.br\/assets\/img\/editor\/20240326-live-ctg-instagram-mariana_20240312184254mvGGAnjAh6.jpeg\" style=\"width: 500px; height: 500px;\" \/><\/p>\r\n\r\n<p>No dia&nbsp;<b>26 de mar&ccedil;o<\/b>, o&nbsp;<b>CTG ABINT&nbsp;<\/b>far&aacute; uma&nbsp;<b>live no Instagram<\/b>&nbsp;sobre as&nbsp;<b>solu&ccedil;&otilde;es dos geossint&eacute;ticos para problemas associados &agrave; constru&ccedil;&atilde;o de barragens e piscin&otilde;es no Agroneg&oacute;cio<\/b>.<\/p>\r\n\r\n<p>Para assistir, acesse:&nbsp;<a href=\"https:\/\/www.instagram.com\/ctg_abint\/\">https:\/\/www.instagram.com\/ctg_abint\/<\/a><\/p>\r\n\r\n<p>&nbsp;<\/p>\r\n\r\n<p><img src=\"https:\/\/www.abint.org.br\/assets\/img\/editor\/geocentro-2024-logo_20240312184358q7awxAG7GO.jpg\" style=\"width: 500px; height: 298px;\" \/><\/p>\r\n\r\n<p>O CTG ABINT &eacute; um dos patrocinadores do&nbsp;<b>GEOCENTRO 2024 - 7&ordm; Simp&oacute;sio de Pr&aacute;tica de Engenharia Geot&eacute;cnica na Regi&atilde;o Centro-Oeste<\/b>, que acontecer&aacute; nos<b>&nbsp;dias 04, 05 e 06 de abril de 2024<\/b>, no Cenarium Rural,<b>&nbsp;em Cuiab&aacute;, Mato Grosso<\/b>.<\/p>\r\n\r\n<p>O evento &eacute;&nbsp;<b>promovido pela ABMS<\/b>&nbsp;&ndash; Associa&ccedil;&atilde;o Brasileira de Mec&acirc;nica dos Solos e Engenharia Geot&eacute;cnica &ndash; N&uacute;cleo Centro Oeste.<\/p>\r\n\r\n<p><a href=\"http:\/\/www.geocentro2024.com.br\/\">www.geocentro2024.com.br<\/a><\/p>\r\n\r\n<p>&nbsp;<\/p>\r\n\r\n<p><img src=\"https:\/\/www.abint.org.br\/assets\/img\/editor\/cth-logo-alta-png-2_20240312184602pDv7cUouKB.png\" style=\"width: 300px; height: 68px;\" \/><\/p>\r\n\r\n<p><img src=\"https:\/\/www.abint.org.br\/assets\/img\/editor\/hospitalmed-2024-logo_20240312184512NbskBsafP5.png\" style=\"width: 500px; height: 448px;\" \/><\/p>\r\n\r\n<p><b>O CTH ABINT &eacute; um dos patrocinadores da HospitalMed 2024.<\/b><\/p>\r\n\r\n<p>&ldquo;<i>A melhor e Mais Completa Feira de Sa&uacute;de do Norte\/Nordeste<\/i>&rdquo;, &eacute; uma realiza&ccedil;&atilde;o da HospitalMed Feiras &amp; Eventos e da Insight Feiras de Neg&oacute;cios.<\/p>\r\n\r\n<p><i>&ldquo;O&nbsp;<b>re&uacute;ne toda a cadeia produtiva do setor de sa&uacute;de das regi&otilde;es Norte\/Nordeste<\/b>. &Eacute; o grande encontro de fornecedores de Produtos, Equipamentos, Servi&ccedil;os, Tecnologia e Conte&uacute;do para Hospitais, Laborat&oacute;rios, Farm&aacute;cias, Cl&iacute;nicas, Consult&oacute;rios e Profissionais da Sa&uacute;de&rdquo;.<\/i><\/p>\r\n\r\n<p><a href=\"http:\/\/www.hospitalmed.com.br\/\">www.hospitalmed.com.br<\/a><\/p>\r\n\r\n<p><span style=\"font-size:28pt\"><span style=\"font-family:Cambria,serif\"><span style=\"letter-spacing:-0.5pt\"><b><span style=\"font-size:18.0pt\"><span style=\"font-family:&quot;Calibri&quot;,sans-serif\"><span style=\"font-variant:small-caps\">Not&iacute;cias das Associadas<\/span><\/span><\/span><\/b><\/span><\/span><\/span><\/p>\r\n\r\n<p style=\"text-align:justify\"><span style=\"font-size:11pt\"><span style=\"line-height:normal\"><span style=\"font-family:Calibri,sans-serif\"><a href=\"https:\/\/t.rdsv2.net\/ls\/click?upn=u001.SJ-2BHbcLStyE5mTD5OK48sq2JxFfkhvQ6eAz6nLBcupXczeJU7gzCdjWzf1f9TVdEaHCREvpbO85Nh6Wdc6jSFuYjGtkllgNdcmOE-2BP3WyKlO0X58IFbEzQT9DvqVs7o7IvrONo24VfAHb5-2FeKnsNIwY5azo5f2C0UUAmibmMIzid9KXX9IHWZL2Tcg4nP-2BPI-2Bj-2FoqA5km4JY-2Bbx9LdA-2FlrGoXaUrWkciDtilolf32bvw0Sw3vAOiawky1dewimEFi3lJJEGdx6faB7Qv7-2FMBvw-3D-3DOsPk_T7N8BvZTOm04CQQMiyWztrpCjlUrRc4F7QzSgUIpTqB5Yk-2Bt7YhUyk7lZRXmbFFsi-2Foe1q0kuwsCjfsBOqL9ZeKwOqG7ApazixuGEP6Z5SJuFg5bm15p-2FcAKNI6-2BqjB-2BhPzOg1EanfePNu-2FO20SmgEXxLaCXCdfIdcnpdjjKrKLWl6J-2BWm9a1qE79Zw1hH-2BxSeGZnJB2MQaD0HY-2FbIyY0up28cQHoRXuutzU-2Fkybvbw8fzpges0MWOlD5Wbrcj8EC5BVdusqctJYaMSxigpQXqzmwT87RpJP60xWejaq5Im8CtQnKeu8-2FvY7nxYoo0TajlNObF8vkmeFiU3rUPKuIKEWVz-2BhGOoRmaBCQVLeqK6aFe01rNOChK0R-2BY2UHOagEnbl9EkLlfyWR-2BxawD-2FQGc37ohtc994QzQVORA3J6S9DbBb6hZ34UzTlQbNHGGlzbIlvHqASe-2BUmaPrqeNyKeG3Brh02Q2ZbeIzJ2f-2BAuayzqHjhKorQNoUjzxnGLARU8pt5YJvgvV5jOSVubkdsjLr3FaDHg5-2BO71WXUBC6d-2BHwuOoHTqVKG3tnIuvLDJ2m8t0r-2B0cOZwZAmLAQ03Apn6V7b5LKEWUAsLCGQeqKBpJ5FR5R3U-2F1I6suuXr37N79Ls9fxs77SpsCVWGJ5pe-2FYA-3D-3D\" style=\"color:blue; text-decoration:underline\" target=\"_blank\" title=\"ANDRITZ entrega a maior f\u00e1brica de celulose de linha \u00fanica do mundo para a UPM\"><span style=\"font-size:14.0pt\">ANDRITZ entrega a maior f&aacute;brica de celulose de linha &uacute;nica do mundo para a UPM<\/span><\/a><\/span><\/span><\/span><\/p>\r\n\r\n<p style=\"text-align:justify\">&nbsp;<\/p>\r\n\r\n<p style=\"text-align:justify\"><span style=\"font-size:11pt\"><span style=\"line-height:normal\"><span style=\"font-family:Calibri,sans-serif\"><b><span style=\"font-size:18.0pt\"><span style=\"font-variant:small-caps\">Eventos<\/span><\/span><\/b><\/span><\/span><\/span><\/p>\r\n\r\n<p style=\"text-align:justify\"><span style=\"font-size:11pt\"><span style=\"line-height:normal\"><span style=\"font-family:Calibri,sans-serif\"><b><span style=\"font-size:14.0pt\">FGV IBRE | I Encontro do Centro de Pol&iacute;tica Fiscal e Or&ccedil;amento<\/span><\/b><span style=\"font-size:14.0pt\">, 02 de abril de 2024, 09h00 &agrave;s 13h00, evento presencial, Praia de Botafogo, 190, Rio de Janeiro, RJ<\/span><span class=\"MsoHyperlink\" style=\"color:blue\"><span style=\"text-decoration:underline\"><span style=\"font-size:14.0pt\"><span style=\"text-decoration:none\"><span style=\"text-underline:none\">. <\/span><\/span><\/span><\/span><\/span><a href=\"https:\/\/evento.fgv.br\/iencontro_politicaefiscal_0204\/\" style=\"color:blue; text-decoration:underline\"><span style=\"font-size:14.0pt\">Informa&ccedil;&otilde;es e inscri&ccedil;&otilde;es aqui<\/span><\/a> <\/span><\/span><\/span><\/p>\r\n\r\n<p style=\"text-align:justify\"><span style=\"font-size:11pt\"><span style=\"line-height:normal\"><span style=\"font-family:Calibri,sans-serif\"><b><span style=\"font-size:14.0pt\">ABTT Academy | Curso de Alfandegu&ecirc;s: Aprenda os Segredos do Com&eacute;rcio T&ecirc;xtil<\/span><\/b><span class=\"MsoHyperlink\" style=\"color:blue\"><span style=\"text-decoration:underline\"><span style=\"font-size:14.0pt\"><span style=\"text-decoration:none\"><span style=\"text-underline:none\">, <\/span><\/span><\/span><\/span><\/span><span style=\"font-size:14.0pt\">20 de abril de 2024, 08h00 &agrave;s 12h00<\/span><span class=\"MsoHyperlink\" style=\"color:blue\"><span style=\"text-decoration:underline\"><span style=\"font-size:14.0pt\"><span style=\"text-decoration:none\"><span style=\"text-underline:none\">. <\/span><\/span><\/span><\/span><\/span><a href=\"https:\/\/docs.google.com\/forms\/d\/e\/1FAIpQLSeI0D2T9RWo5ep94MerHacZNLtiABGYYveyerr8HFTB0fadqw\/viewform\" style=\"color:blue; text-decoration:underline\"><span style=\"font-size:14.0pt\">Informa&ccedil;&otilde;es e inscri&ccedil;&otilde;es aqui<\/span><\/a> <\/span><\/span><\/span><\/p>\r\n\r\n<p style=\"text-align:justify\"><span style=\"font-size:11pt\"><span style=\"line-height:normal\"><span style=\"font-family:Calibri,sans-serif\"><b><span style=\"font-size:14.0pt\">GEOAMERICAS 2024, <\/span><\/b><span style=\"font-size:14.0pt\">de 28 de abril a 01 de maio de 2024, em Toronto (Canad&aacute;). <\/span><a href=\"https:\/\/www.geoamericas2024.org\/\" style=\"color:blue; text-decoration:underline\"><span style=\"font-size:14.0pt\">Informa&ccedil;&otilde;es aqui.<\/span><\/a><\/span><\/span><\/span><\/p>\r\n\r\n<p style=\"text-align:justify\"><span style=\"font-size:11pt\"><span style=\"line-height:normal\"><span style=\"font-family:Calibri,sans-serif\"><b><span style=\"font-size:14.0pt\">II Congresso Ibero-Americano de Esteriliza&ccedil;&atilde;o e II Congresso Nacional de Reprocessamento de Dispositivos M&eacute;dicos<\/span><\/b><span style=\"font-size:14.0pt\">, 16 a 18 de maio de 2024, Cartagena, Colombia<b>. <\/b><\/span><a href=\"http:\/\/nascecme.com.br\/ii-congresso-ibero-americano-de-esterilizacao-e-ii-congresso-nacional-de-reprocessamento-de-dispositivos-medicos\/\" style=\"color:blue; text-decoration:underline\"><span lang=\"EN-US\" style=\"font-size:14.0pt\">Informa&ccedil;&otilde;es<\/span><\/a><span lang=\"EN-US\" style=\"font-size:14.0pt\"> <\/span><\/span><\/span><\/span><\/p>\r\n\r\n<p style=\"text-align:justify\"><span style=\"font-size:11pt\"><span style=\"line-height:normal\"><span style=\"font-family:Calibri,sans-serif\"><b><span lang=\"EN-US\" style=\"font-size:14.0pt\">ANEX 2024 | Asia Nonwoven Exhibition and Conference<\/span><\/b><span lang=\"EN-US\" style=\"font-size:14.0pt\">, 22-24 May 2024, Taipei Nangang Exhibition Center, Hall 1. <\/span><a href=\"https:\/\/www.anex2024.com\/\" style=\"color:blue; text-decoration:underline\"><span lang=\"EN-US\" style=\"font-size:14.0pt\">Information here<\/span><\/a> <\/span><\/span><\/span><\/p>\r\n\r\n<p style=\"text-align:justify\"><span style=\"font-size:11pt\"><span style=\"line-height:normal\"><span style=\"font-family:Calibri,sans-serif\"><b><span lang=\"EN-US\" style=\"font-size:14.0pt\">The EDANA Innovation Forum<\/span><\/b><span class=\"MsoHyperlink\" style=\"color:blue\"><span style=\"text-decoration:underline\"><span lang=\"EN-US\" style=\"font-size:14.0pt\"><span style=\"text-decoration:none\"><span style=\"text-underline:none\">, <\/span><\/span><\/span><\/span><\/span><span style=\"font-size:14.0pt\">04 - 06 June 2024, Munich<\/span><span class=\"MsoHyperlink\" style=\"color:blue\"><span style=\"text-decoration:underline\"><span lang=\"EN-US\" style=\"font-size:14.0pt\"><span style=\"text-decoration:none\"><span style=\"text-underline:none\">. <\/span><\/span><\/span><\/span><\/span><a href=\"https:\/\/www.edana.org\/events\/edana-innovation-forum-?ct=t(MENA_2018_call_for_papers6_28_2017_COPY_01)&amp;mc_cid=27efeab42f&amp;mc_eid=08e0eae351\" style=\"color:blue; text-decoration:underline\"><span lang=\"EN-US\" style=\"font-size:14.0pt\">Information here<\/span><\/a><\/span><\/span><\/span><\/p>\r\n\r\n<p style=\"text-align:justify\"><span style=\"font-size:11pt\"><span style=\"line-height:normal\"><span style=\"font-family:Calibri,sans-serif\"><b><span lang=\"EN-US\" style=\"font-size:14.0pt\">HIGITEX 2024 | International Technical Textiles &amp; Nonwoven Exhibition<\/span><\/b><span lang=\"EN-US\" style=\"font-size:14.0pt\">, 4-8 June 2024, T&uuml;yap Fair Convention and Congress Center, T&uuml;rkiye. <\/span><a href=\"https:\/\/www.hightex.com.tr\/\" style=\"color:blue; text-decoration:underline\"><span style=\"font-size:14.0pt\">Information here<\/span><\/a> <\/span><\/span><\/span><\/p>\r\n\r\n<p style=\"text-align:justify\"><span style=\"font-size:11pt\"><span style=\"line-height:normal\"><span style=\"font-family:Calibri,sans-serif\"><b><span style=\"font-size:14.0pt\">FEIPLAR COMPOSITES &amp; FEIPUR &ndash; Feira e Congresso Internacionais de Composites, Poliuretano, Pl&aacute;sticos de Engenharia e Compostos Termopl&aacute;sticos<\/span><\/b><span style=\"font-size:14.0pt\">, 20 a 22 de agosto de 2024, S&atilde;o Paulo Expo (Pavilh&atilde;o 5), palestras: das 8h30 &agrave;s 18h, feira: das 13h &agrave;s 20h.<b> <\/b><\/span><a href=\"http:\/\/www.feiplar.com\" style=\"color:blue; text-decoration:underline\"><span style=\"font-size:14.0pt\">www.feiplar.com<\/span><\/a> <\/span><\/span><\/span><\/p>\r\n\r\n<p style=\"text-align:justify\"><span style=\"font-size:11pt\"><span style=\"line-height:normal\"><span style=\"font-family:Calibri,sans-serif\"><b><span style=\"font-size:14.0pt\">Fenasan 2024 &ndash; Feira Nacional de Saneamento e Meio Ambiente<\/span><\/b><span style=\"font-size:14.0pt\">, 22 a 24 de outubro de 2024, Pavilh&otilde;es Verde e Vermelho, Expo Center Norte, S&atilde;o Paulo SP. <\/span><a href=\"http:\/\/www.fenasan.com.br\" style=\"color:blue; text-decoration:underline\"><span style=\"font-size:14.0pt\">www.fenasan.com.br<\/span><\/a> <\/span><\/span><\/span><\/p>\r\n\r\n<p style=\"text-align:justify\"><span style=\"font-size:11pt\"><span style=\"line-height:normal\"><span style=\"font-family:Calibri,sans-serif\"><b><span style=\"font-size:14.0pt\">HospitalMed 2024<\/span><\/b><span style=\"font-size:14.0pt\">, 23 a 25 de outubro, das 14h &agrave;s 20h, no Pernambuco Centro de Conven&ccedil;&otilde;es. <\/span><a href=\"http:\/\/www.hospitalmed.com.br\" style=\"color:blue; text-decoration:underline\"><span style=\"font-size:14.0pt\">www.hospitalmed.com.br<\/span><\/a> <\/span><\/span><\/span><\/p>\r\n\r\n<p style=\"text-align:justify\"><span style=\"font-size:28pt\"><span style=\"font-family:Cambria,serif\"><span style=\"letter-spacing:-0.5pt\"><b><span style=\"font-size:18.0pt\"><span style=\"font-family:&quot;Calibri&quot;,sans-serif\"><span style=\"font-variant:small-caps\">Setor<\/span><\/span><\/span><\/b><\/span><\/span><\/span><\/p>\r\n\r\n<p style=\"text-align:justify\"><span style=\"font-size:11pt\"><span style=\"line-height:normal\"><span style=\"font-family:Calibri,sans-serif\"><a href=\"https:\/\/novojorbras.com.br\/noticia\/11205\/ctg-abint-lanca-no-brasil-a-traducao-de-norma-sobre-geomembranas-lisas-e-texturizadas-de-polietileno-de-alta-densidade-pead\" style=\"color:blue; text-decoration:underline\"><span style=\"font-size:14.0pt\">CTG ABINT lan&ccedil;a no Brasil a tradu&ccedil;&atilde;o de norma sobre Geomembranas Lisas e Texturizadas de Polietileno de Alta Densidade (PEAD)<\/span><\/a><\/span><\/span><\/span><\/p>\r\n\r\n<p style=\"text-align:justify\"><span style=\"font-size:11pt\"><span style=\"line-height:normal\"><span style=\"font-family:Calibri,sans-serif\"><a href=\"https:\/\/phys.org\/news\/2024-03-european-plastics-industry-falls.html?utm_source=nwletter&amp;utm_medium=email&amp;utm_campaign=daily-nwletter\" style=\"color:blue; text-decoration:underline\"><span lang=\"EN-US\" style=\"font-size:14.0pt\">European plastics industry &#39;in trouble&#39; as market share falls<\/span><\/a><\/span><\/span><\/span><\/p>\r\n\r\n<p style=\"text-align:justify\"><span style=\"font-size:11pt\"><span style=\"line-height:normal\"><span style=\"font-family:Calibri,sans-serif\"><a href=\"https:\/\/phys.org\/news\/2024-03-food-key-sustainable-plastic-free.html?utm_source=nwletter&amp;utm_medium=email&amp;utm_campaign=daily-nwletter\" style=\"color:blue; text-decoration:underline\"><span lang=\"EN-US\" style=\"font-size:14.0pt\">Is food waste the key to sustainable, plastic-free diapers and sanitary pads?<\/span><\/a><\/span><\/span><\/span><\/p>\r\n\r\n<p style=\"text-align:justify\"><span style=\"font-size:11pt\"><span style=\"line-height:normal\"><span style=\"font-family:Calibri,sans-serif\"><a href=\"https:\/\/www.publico.pt\/2024\/03\/20\/azul\/noticia\/cientistas-querem-usar-residuos-alimentares-pensos-higienicos-biodegradaveis-2084025\" style=\"color:blue; text-decoration:underline\"><span style=\"font-size:14.0pt\">Cientistas usam gl&uacute;ten para fazer pensos higi&eacute;nicos<\/span><\/a><\/span><\/span><\/span><\/p>\r\n\r\n<p style=\"text-align:justify\"><span style=\"font-size:11pt\"><span style=\"line-height:normal\"><span style=\"font-family:Calibri,sans-serif\"><a href=\"http:\/\/nascecme.com.br\/conheca-a-opiniao-da-enfermeira-sheila-lorenzon-sobre-as-instrucoes-de-uso-do-fabricante-na-etapa-de-limpeza\/\" style=\"color:blue; text-decoration:underline\"><span style=\"font-size:14.0pt\">Conhe&ccedil;a a opini&atilde;o da enfermeira Sheila Lorenzon sobre as instru&ccedil;&otilde;es de uso do fabricante na etapa de limpeza<\/span><\/a><\/span><\/span><\/span><\/p>\r\n\r\n<p style=\"text-align:justify\"><span style=\"font-size:11pt\"><span style=\"line-height:normal\"><span style=\"font-family:Calibri,sans-serif\"><a href=\"https:\/\/www.trbn.com.br\/materia\/I102704\/conder-iniciou-revegetacao-da-encosta-do-santo-antonio\" style=\"color:blue; text-decoration:underline\"><span style=\"font-size:14.0pt\">Geomanta: Conder iniciou revegeta&ccedil;&atilde;o da encosta do Santo Ant&ocirc;nio<\/span><\/a><\/span><\/span><\/span><\/p>\r\n\r\n<p style=\"text-align:justify\"><span style=\"font-size:11pt\"><span style=\"line-height:normal\"><span style=\"font-family:Calibri,sans-serif\"><a href=\"https:\/\/forbes.com.br\/forbes-money\/2024\/03\/braskem-reduz-prejuizo-no-4o-trimestre\/\" style=\"color:blue; text-decoration:underline\"><span style=\"font-size:14.0pt\">Braskem reduz preju&iacute;zo no 4&ordm; trimestre<\/span><\/a><\/span><\/span><\/span><\/p>\r\n\r\n<p style=\"text-align:justify\"><span style=\"font-size:28pt\"><span style=\"font-family:Cambria,serif\"><span style=\"letter-spacing:-0.5pt\"><b><span style=\"font-size:18.0pt\"><span style=\"font-family:&quot;Calibri&quot;,sans-serif\"><span style=\"font-variant:small-caps\">Ind&uacute;stria<\/span><\/span><\/span><\/b><\/span><\/span><\/span><\/p>\r\n\r\n<p style=\"text-align:justify\"><span style=\"font-size:11pt\"><span style=\"line-height:normal\"><span style=\"font-family:Calibri,sans-serif\"><span class=\"MsoHyperlink\" style=\"color:blue\"><span style=\"text-decoration:underline\"><span style=\"font-size:14.0pt\"><a href=\"https:\/\/noticias.portaldaindustria.com.br\/noticias\/institucional\/cni-apresenta-ao-congresso-nacional-projetos-prioritarios-para-o-setor-industrial\/\" style=\"color:blue; text-decoration:underline\">CNI apresenta ao Congresso Nacional projetos priorit&aacute;rios para o setor industrial<\/a><\/span><\/span><\/span><\/span><\/span><\/span><\/p>\r\n\r\n<p style=\"text-align:justify\"><span style=\"font-size:11pt\"><span style=\"line-height:normal\"><span style=\"font-family:Calibri,sans-serif\"><a href=\"https:\/\/ibre.fgv.br\/blog-da-conjuntura-economica\/artigos\/produtividade-brasileira-pesquisadores-do-fgv-ibre-identificam\" style=\"color:blue; text-decoration:underline\"><span style=\"font-size:14.0pt\">Produtividade brasileira: pesquisadores do FGV IBRE identificam sinais de dissemina&ccedil;&atilde;o em 2023. Saiba quais e a tend&ecirc;ncia para 2024<\/span><\/a><\/span><\/span><\/span><\/p>\r\n\r\n<p style=\"text-align:justify\"><span style=\"font-size:11pt\"><span style=\"line-height:normal\"><span style=\"font-family:Calibri,sans-serif\"><a href=\"https:\/\/www.infomoney.com.br\/politica\/camara-aprova-projeto-que-incentiva-a-depreciacao-acelerada-para-modernizar-industria\/#:~:text=A%20C%C3%A2mara%20dos%20Deputados%20aprovou,a%20serem%20definidos%20por%20decreto.\" style=\"color:blue; text-decoration:underline\"><span style=\"font-size:14.0pt\">C&acirc;mara aprova projeto que incentiva a deprecia&ccedil;&atilde;o acelerada para modernizar ind&uacute;stria<\/span><\/a><\/span><\/span><\/span><\/p>\r\n\r\n<p style=\"text-align:justify\"><span style=\"font-size:11pt\"><span style=\"line-height:normal\"><span style=\"font-family:Calibri,sans-serif\"><a href=\"https:\/\/epbr.com.br\/byd-aumenta-previsao-de-investimentos-no-brasil-para-r-55-bilhoes\/?utm_source=newsletters+epbr&amp;utm_campaign=f38ad014dc-epbr-comece-seu-dia_20230724_COPY_01&amp;utm_medium=email&amp;utm_term=0_5931171aac-f38ad014dc-466362780\" style=\"color:blue; text-decoration:underline\"><span style=\"font-size:14.0pt\">BYD aumenta previs&atilde;o de investimentos no Brasil para R$ 5,5 bi<\/span><\/a><\/span><\/span><\/span><\/p>\r\n\r\n<p style=\"text-align:justify\"><span style=\"font-size:11pt\"><span style=\"line-height:normal\"><span style=\"font-family:Calibri,sans-serif\"><a href=\"https:\/\/noticias.portaldaindustria.com.br\/noticias\/economia\/industria-da-construcao-esta-otimista-com-cenario-economico-atual-aponta-cni\/\" style=\"color:blue; text-decoration:underline\"><span style=\"font-size:14.0pt\">Ind&uacute;stria da constru&ccedil;&atilde;o est&aacute; otimista com cen&aacute;rio econ&ocirc;mico atual, aponta CNI<\/span><\/a><\/span><\/span><\/span><\/p>\r\n\r\n<p style=\"text-align:justify\"><span style=\"font-size:11pt\"><span style=\"line-height:normal\"><span style=\"font-family:Calibri,sans-serif\"><a href=\"https:\/\/petronoticias.com.br\/abiquim-reage-ao-programa-nacional-de-biometano-aprovado-pela-camara-e-diz-que-as-empresas-quimicas-sofrerao-impactos\/\" style=\"color:blue; text-decoration:underline\"><span style=\"font-size:14.0pt\">ABIQUIM reage ao programa nacional de biometano aprovado pela C&acirc;mara e diz que as empresas qu&iacute;micas sofrer&atilde;o impactos<\/span><\/a><\/span><\/span><\/span><\/p>\r\n\r\n<p style=\"text-align:justify\"><span style=\"font-size:28pt\"><span style=\"font-family:Cambria,serif\"><span style=\"letter-spacing:-0.5pt\"><b><span lang=\"EN-US\" style=\"font-size:18.0pt\"><span style=\"font-family:&quot;Calibri&quot;,sans-serif\"><span style=\"font-variant:small-caps\">Sustentabilidade<\/span><\/span><\/span><\/b><\/span><\/span><\/span><\/p>\r\n\r\n<p style=\"text-align:justify\"><span style=\"font-size:11pt\"><span style=\"line-height:normal\"><span style=\"font-family:Calibri,sans-serif\"><a href=\"https:\/\/www.fibre2fashion.com\/news\/textile-news\/european-commission-announces-textiles-of-the-future-partnership--293945-newsdetails.htm\" style=\"color:blue; text-decoration:underline\"><span lang=\"EN-US\" style=\"font-size:14.0pt\">European Commission announces &ldquo;Textiles of the Future&rdquo; partnership<\/span><\/a><\/span><\/span><\/span><\/p>\r\n\r\n<p style=\"text-align:justify\"><span style=\"font-size:11pt\"><span style=\"line-height:normal\"><span style=\"font-family:Calibri,sans-serif\"><a href=\"https:\/\/app.rdstation.email\/mail\/ce1df278-0267-4fe7-97bd-9d313fcf235d?utm_campaign=emkt_guia_de_reciclagem&amp;utm_medium=email&amp;utm_source=RD+Station\" style=\"color:blue; text-decoration:underline\"><span style=\"font-size:14.0pt\">Fa&ccedil;a o download do &ldquo;Guia de Reciclagem T&ecirc;xtil&rdquo;<\/span><\/a><\/span><\/span><\/span><\/p>\r\n\r\n<p style=\"text-align:justify\"><span style=\"font-size:11pt\"><span style=\"line-height:normal\"><span style=\"font-family:Calibri,sans-serif\"><a href=\"https:\/\/phys.org\/news\/2024-03-chemicals-plastic.html?utm_source=nwletter&amp;utm_medium=email&amp;utm_campaign=daily-nwletter\" style=\"color:blue; text-decoration:underline\"><span lang=\"EN-US\" style=\"font-size:14.0pt\">More than 16,000 chemicals can be found in plastic, and many are harmful: Report<\/span><\/a><\/span><\/span><\/span><\/p>\r\n\r\n<p style=\"text-align:justify\"><span style=\"font-size:11pt\"><span style=\"line-height:normal\"><span style=\"font-family:Calibri,sans-serif\"><a href=\"https:\/\/nautica.com.br\/cadeiras-sacos-plasticos-rios\/\" style=\"color:blue; text-decoration:underline\"><span style=\"font-size:14.0pt\">Empresa cria cadeiras &agrave; base de sacos pl&aacute;sticos retirados de rios<\/span><\/a><\/span><\/span><\/span><\/p>\r\n\r\n<p style=\"text-align:justify\"><span style=\"font-size:11pt\"><span style=\"line-height:normal\"><span style=\"font-family:Calibri,sans-serif\"><a href=\"https:\/\/www.jornaldenegocios.pt\/sustentabilidade\/ambiental\/detalhe\/alcancar-a-circularidade-dos-plasticos-em-portugal-mais-lenta-do-que-se-esperava#amp_tf=De%20%251%24s&amp;aoh=17110668899159&amp;csi=0&amp;referrer=https%3A%2F%2Fwww.google.com&amp;ampshare=https%3A%2F%2Fwww.jornaldenegocios.pt%2Fsustentabilidade%2Fambiental%2Fdetalhe%2Falcancar-a-circularidade-dos-plasticos-em-portugal-mais-lenta-do-que-se-esperava\" style=\"color:blue; text-decoration:underline\"><span style=\"font-size:14.0pt\">Alcan&ccedil;ar a circularidade dos pl&aacute;sticos em Portugal &ldquo;mais lenta do que se esperava&rdquo;<\/span><\/a><\/span><\/span><\/span><\/p>\r\n\r\n<p style=\"text-align:justify\"><span style=\"font-size:11pt\"><span style=\"line-height:normal\"><span style=\"font-family:Calibri,sans-serif\"><a href=\"https:\/\/tissueonline.com.br\/gestao-de-residuos-como-a-economia-sustentavel-beneficia-o-sistema-economico-e-a-sociedade\/?utm_campaign=lord_gestao_de_residuos_como_a_economia_sustentavel_beneficia_o_sistema_economico_e_a_sociedade&amp;utm_medium=email&amp;utm_source=RD+Station\" style=\"color:blue; text-decoration:underline\"><span style=\"font-size:14.0pt\">Gest&atilde;o de res&iacute;duos: como a economia sustent&aacute;vel beneficia o sistema econ&ocirc;mico e a sociedade?<\/span><\/a><\/span><\/span><\/span><\/p>\r\n\r\n<p style=\"text-align:justify\"><span style=\"font-size:11pt\"><span style=\"line-height:normal\"><span style=\"font-family:Calibri,sans-serif\"><a href=\"https:\/\/www.gov.br\/ana\/pt-br\/assuntos\/noticias-e-eventos\/noticias\/evento-da-ana-celebra-dia-mundial-da-agua-em-22-de-marco-na-sede-da-instituicao-em-brasilia\" style=\"color:blue; text-decoration:underline\"><span style=\"font-size:14.0pt\">Evento da ANA celebra Dia Mundial da &Aacute;gua em 22 de mar&ccedil;o na sede da institui&ccedil;&atilde;o em Bras&iacute;lia<\/span><\/a><\/span><\/span><\/span><\/p>\r\n\r\n<p style=\"text-align:justify\"><span style=\"font-size:28pt\"><span style=\"font-family:Cambria,serif\"><span style=\"letter-spacing:-0.5pt\"><b><span lang=\"EN-US\" style=\"font-size:18.0pt\"><span style=\"font-family:&quot;Calibri&quot;,sans-serif\"><span style=\"font-variant:small-caps\">Inova&ccedil;&atilde;o<\/span><\/span><\/span><\/b><\/span><\/span><\/span><\/p>\r\n\r\n<p style=\"text-align:justify\"><span style=\"font-size:11pt\"><span style=\"line-height:normal\"><span style=\"font-family:Calibri,sans-serif\"><a href=\"https:\/\/agenciadenoticias.ibge.gov.br\/agencia-noticias\/2012-agencia-de-noticias\/noticias\/39524-pesquisa-de-inovacao-semestral-aponta-qualidade-e-alcance-da-inovacao-da-industria-brasileira\" style=\"color:blue; text-decoration:underline\"><span style=\"font-size:14.0pt\">Pesquisa de Inova&ccedil;&atilde;o Semestral aponta qualidade e alcance da inova&ccedil;&atilde;o da ind&uacute;stria brasileira<\/span><\/a><\/span><\/span><\/span><\/p>\r\n\r\n<p style=\"text-align:justify\"><span style=\"font-size:11pt\"><span style=\"line-height:normal\"><span style=\"font-family:Calibri,sans-serif\"><a href=\"https:\/\/techxplore.com\/news\/2024-03-easier-sustainable-textile-concrete.html?utm_source=nwletter&amp;utm_medium=email&amp;utm_campaign=daily-nwletter\" style=\"color:blue; text-decoration:underline\"><span style=\"font-size:14.0pt\">New model makes it easier to build sustainable structures of textile-reinforced concrete<\/span><\/a><\/span><\/span><\/span><\/p>\r\n\r\n<p style=\"text-align:justify\"><span style=\"font-size:11pt\"><span style=\"line-height:normal\"><span style=\"font-family:Calibri,sans-serif\"><a href=\"https:\/\/techxplore.com\/news\/2024-03-reactor-millions-ingredients-plastics-rubber.html?utm_source=nwletter&amp;utm_medium=email&amp;utm_campaign=daily-nwletter\" style=\"color:blue; text-decoration:underline\"><span style=\"font-size:14.0pt\">New reactor could save millions when making ingredients for plastics and rubber from natural gas<\/span><\/a><\/span><\/span><\/span><\/p>\r\n\r\n<p style=\"text-align:justify\"><span style=\"font-size:28pt\"><span style=\"font-family:Cambria,serif\"><span style=\"letter-spacing:-0.5pt\"><b><span lang=\"EN-US\" style=\"font-size:18.0pt\"><span style=\"font-family:&quot;Calibri&quot;,sans-serif\"><span style=\"font-variant:small-caps\">Com&eacute;rcio Exterior<\/span><\/span><\/span><\/b><\/span><\/span><\/span><\/p>\r\n\r\n<p style=\"text-align:justify\"><span style=\"font-size:11pt\"><span style=\"line-height:normal\"><span style=\"font-family:Calibri,sans-serif\"><a href=\"https:\/\/www12.senado.leg.br\/noticias\/materias\/2024\/03\/21\/debate-avanca-para-finalizar-acordo-comercial-entre-mercosul-e-efta\" style=\"color:blue; text-decoration:underline\"><span style=\"font-size:14.0pt\">Debate avan&ccedil;a para finalizar acordo comercial entre Mercosul e EFTA<\/span><\/a><\/span><\/span><\/span><\/p>\r\n\r\n<p style=\"text-align:justify\"><span style=\"font-size:11pt\"><span style=\"line-height:normal\"><span style=\"font-family:Calibri,sans-serif\"><a href=\"https:\/\/indiantextilejournal.com\/textile-sector-embraces-minimum-fabric-import-price\/\" style=\"color:blue; text-decoration:underline\"><span style=\"font-size:14.0pt\">India: Textile sector embraces minimum fabric import price<\/span><\/a><\/span><\/span><\/span><\/p>\r\n\r\n<p style=\"text-align:justify\"><span style=\"font-size:11pt\"><span style=\"line-height:normal\"><span style=\"font-family:Calibri,sans-serif\"><a href=\"https:\/\/www.fibre2fashion.com\/news\/textile-news\/houthi-threats-to-alternative-routes-spark-textile-trade-concerns-293894-newsdetails.htm?type=p\" style=\"color:blue; text-decoration:underline\"><span lang=\"EN-US\" style=\"font-size:14.0pt\">Houthi threats to alternative routes spark textile trade concerns<\/span><\/a><\/span><\/span><\/span><\/p>\r\n\r\n<p style=\"text-align:justify\"><span style=\"font-size:11pt\"><span style=\"line-height:normal\"><span style=\"font-family:Calibri,sans-serif\"><a href=\"https:\/\/ibre.fgv.br\/blog-da-conjuntura-economica\/artigos\/lia-valls-o-possivel-fim-da-era-dos-grandes-acordos-comerciais\" style=\"color:blue; text-decoration:underline\"><span style=\"font-size:14.0pt\">Lia Valls: o poss&iacute;vel fim da era dos grandes acordos comerciais e como avan&ccedil;ar sem eles<\/span><\/a><\/span><\/span><\/span><\/p>\r\n\r\n<p style=\"text-align:justify\"><span style=\"font-size:11pt\"><span style=\"line-height:normal\"><span style=\"font-family:Calibri,sans-serif\"><a href=\"https:\/\/www.infomoney.com.br\/economia\/brasil-eleva-em-491-as-exportacoes-para-a-china-no-1o-bimestre-diz-icomex-da-fgv\/\" style=\"color:blue; text-decoration:underline\"><span style=\"font-size:14.0pt\">Brasil eleva em 49,1% as exporta&ccedil;&otilde;es para a China no 1&ordm; bimestre, diz Icomex, da FGV<\/span><\/a><\/span><\/span><\/span><\/p>\r\n\r\n<p style=\"text-align:justify\"><span style=\"font-size:11pt\"><span style=\"line-height:normal\"><span style=\"font-family:Calibri,sans-serif\"><a href=\"https:\/\/publications.iadb.org\/en\/publications\/portuguese\/viewer\/Relatorio-macroeconomico-da-America-Latina-e-Caribe-2024-Pronto-para-decolar-Aproveitando-a-estabilidade-macroeconomica-para-o-crescimento.pdf\" style=\"color:blue; text-decoration:underline\"><span style=\"font-size:14.0pt\">Relat&oacute;rio do BID destaca oportunidades futuras de crescimento para a Am&eacute;rica Latina e o Caribe<\/span><\/a><\/span><\/span><\/span><\/p>\r\n\r\n<p style=\"text-align:justify\"><span style=\"font-size:28pt\"><span style=\"font-family:Cambria,serif\"><span style=\"letter-spacing:-0.5pt\"><b><span style=\"font-size:18.0pt\"><span style=\"font-family:&quot;Calibri&quot;,sans-serif\"><span style=\"font-variant:small-caps\">Economia<\/span><\/span><\/span><\/b><\/span><\/span><\/span><\/p>\r\n\r\n<p style=\"text-align:justify\"><span style=\"font-size:11pt\"><span style=\"line-height:normal\"><span style=\"font-family:Calibri,sans-serif\"><a href=\"https:\/\/www.bcb.gov.br\/content\/focus\/focus\/R20240322.pdf\" style=\"color:blue; text-decoration:underline\"><span style=\"font-size:14.0pt\">Focus - Relat&oacute;rio de Mercado<\/span><\/a><\/span><\/span><\/span><\/p>\r\n\r\n<p style=\"text-align:justify\"><span style=\"font-size:11pt\"><span style=\"line-height:normal\"><span style=\"font-family:Calibri,sans-serif\"><a href=\"https:\/\/noticias.portaldaindustria.com.br\/noticias\/economia\/confianca-da-industria-esta-estavel-em-marco-aponta-cni\/\" style=\"color:blue; text-decoration:underline\"><span style=\"font-size:14.0pt\">Economia: Confian&ccedil;a da ind&uacute;stria est&aacute; est&aacute;vel em mar&ccedil;o, aponta CNI<\/span><\/a><\/span><\/span><\/span><\/p>\r\n\r\n<p style=\"text-align:justify\"><span style=\"font-size:11pt\"><span style=\"line-height:normal\"><span style=\"font-family:Calibri,sans-serif\"><a href=\"https:\/\/grandesconstrucoes.com.br\/Noticias\/Exibir\/construcao-abre-49-mil-novos-empregos-em-janeiro?utm_source=akna&amp;utm_medium=email&amp;utm_campaign=Grandes-Construcoes-Informativo-904-21-03-2024&amp;utm_source=akna&amp;utm_medium=email&amp;utm_campaign=Grandes-Construcoes-Informativo-904-21-03-2024\" style=\"color:blue; text-decoration:underline\"><span style=\"font-size:14.0pt\">Constru&ccedil;&atilde;o abre 49 mil novos empregos em janeiro<\/span><\/a><\/span><\/span><\/span><\/p>\r\n\r\n<p style=\"text-align:justify\"><span style=\"font-size:11pt\"><span style=\"line-height:normal\"><span style=\"font-family:Calibri,sans-serif\"><a href=\"https:\/\/ibre.fgv.br\/blog-da-conjuntura-economica\/artigos\/em-foco-143\" style=\"color:blue; text-decoration:underline\"><span style=\"font-size:14.0pt\">Economia melhora, mas incertezas permanecem<\/span><\/a><\/span><\/span><\/span><\/p>\r\n\r\n<p style=\"text-align:justify\"><span style=\"font-size:11pt\"><span style=\"line-height:normal\"><span style=\"font-family:Calibri,sans-serif\"><a href=\"https:\/\/www.nordinvestimentos.com.br\/blog\/banco-central-selic\/#amp_tf=De%20%251%24s&amp;aoh=17111573500562&amp;csi=0&amp;referrer=https%3A%2F%2Fwww.google.com&amp;ampshare=https%3A%2F%2Fwww.nordinvestimentos.com.br%2Fblog%2Fbanco-central-selic%2F\" style=\"color:blue; text-decoration:underline\"><span style=\"font-size:14.0pt\">Selic cai para 10,75% e BC muda estrat&eacute;gia<\/span><\/a><\/span><\/span><\/span><\/p>\r\n\r\n<p style=\"text-align:justify\"><span style=\"font-size:11pt\"><span style=\"line-height:normal\"><span style=\"font-family:Calibri,sans-serif\"><a href=\"https:\/\/br.investing.com\/news\/economic-indicators\/fed-mantem-taxa-de-juros-entre-525-e-55-conforme-esperado-1223061\" style=\"color:blue; text-decoration:underline\"><span style=\"font-size:14.0pt\">Fed mant&eacute;m taxa de juros entre 5,25% e 5,5%, conforme esperado<\/span><\/a><\/span><\/span><\/span><\/p>\r\n","6":"<p style=\"text-align:justify\"><span style=\"font-size:11pt\"><span style=\"line-height:normal\"><span style=\"font-family:Calibri,sans-serif\"><span style=\"font-size:14.0pt\">Esta &eacute; uma compila&ccedil;&atilde;o das not&iacute;cias mais relevantes para o setor, incluindo informa&ccedil;&otilde;es sobre acordos internacionais, economia brasileira, sustentabilidade e mat&eacute;rias primas, al&eacute;m de novidades do setor de N&atilde;otecidos e Tecidos T&eacute;cnicos.<\/span><\/span><\/span><\/span><\/p>\r\n\r\n<p class=\"MsoTitle\" style=\"text-align:justify\"><span style=\"font-size:28pt\"><span style=\"font-family:Cambria,serif\"><span style=\"letter-spacing:-0.5pt\"><b><span style=\"font-size:18.0pt\"><span style=\"font-family:&quot;Calibri&quot;,sans-serif\"><span style=\"font-variant:small-caps\">A&ccedil;&otilde;es realizadas<\/span><\/span><\/span><\/b><\/span><\/span><\/span><\/p>\r\n\r\n<p class=\"MsoTitle\" style=\"text-align:justify\"><span style=\"font-size:28pt\"><span style=\"font-family:Cambria,serif\"><span style=\"letter-spacing:-0.5pt\"><b><span style=\"font-size:18.0pt\"><span style=\"font-family:&quot;Calibri&quot;,sans-serif\"><span style=\"font-variant:small-caps\"><img src=\"https:\/\/www.abint.org.br\/assets\/img\/editor\/abint-logo-2020-g_20240326170555fNqqPtg0CI.png\" style=\"width: 300px; height: 69px;\" \/><\/span><\/span><\/span><\/b><\/span><\/span><\/span><\/p>\r\n\r\n<p style=\"text-align:justify\"><span style=\"font-size:11pt\"><span style=\"line-height:normal\"><span style=\"font-family:Calibri,sans-serif\"><span style=\"font-size:14.0pt\">&ldquo;<\/span><a href=\"https:\/\/drive.google.com\/file\/d\/1Ey_MLP4RjxJytxUpAGDWWzuDNA97tocL\/view\" style=\"color:blue; text-decoration:underline\"><span style=\"font-size:14.0pt\">As perspectivas do setor de N&atilde;otecidos para 2024<\/span><\/a><span style=\"font-size:14.0pt\">&rdquo;, na <b>p&aacute;gina 14<\/b> artigo do Presidente da ABINT, <b>Mateus Mesquita Inacio<\/b>, para o Guia Pl&aacute;stico Sul 2023\/2024<\/span><\/span><\/span><\/span><\/p>\r\n\r\n<p style=\"text-align:justify\">&nbsp;<\/p>\r\n\r\n<p style=\"text-align:justify\"><img src=\"https:\/\/www.abint.org.br\/assets\/img\/editor\/logo-ctg-abint-png_20240326171108OvV1JborZO.png\" style=\"width: 300px; height: 55px;\" \/><\/p>\r\n\r\n<p style=\"text-align:justify\"><img src=\"https:\/\/www.abint.org.br\/assets\/img\/editor\/fgi-11202020-capa_20240326171150FqJqGi0Day.png\" \/><\/p>\r\n\r\n<p style=\"text-align:justify\">&nbsp;<\/p>\r\n\r\n<p style=\"text-align:justify\"><span style=\"font-size:11pt\"><span style=\"background:white\"><span style=\"vertical-align:baseline\"><span style=\"line-height:115%\"><span style=\"font-family:Calibri,sans-serif\"><span style=\"font-size:14.0pt\"><span style=\"line-height:115%\"><span style=\"color:#000000;\">O<\/span><\/span><\/span><b><span style=\"font-size:14.0pt\"><span style=\"line-height:115%\"><span style=\"color:#076148\"> CTG Comit&ecirc; T&eacute;cnico de Geossint&eacute;ticos da ABINT <\/span><\/span><\/span><\/b><span style=\"font-size:14.0pt\"><span style=\"line-height:115%\"><span style=\"color:black\">tem a satisfa&ccedil;&atilde;o de informar que, agora em <\/span><\/span><\/span><b><span style=\"font-size:14.0pt\"><span style=\"line-height:115%\"><span style=\"color:#076148\">parceria com o Fabricate Geomembrane Institute (FGI)<\/span><\/span><\/span><\/b><span style=\"font-size:14.0pt\"><span style=\"line-height:115%\"><span style=\"color:black\">, promove <\/span><\/span><\/span><b><span style=\"font-size:14.0pt\"><span style=\"line-height:115%\"><span style=\"color:#076148\">in&eacute;dita vers&atilde;o em portugu&ecirc;s<\/span><\/span><\/span><\/b><span style=\"font-size:14.0pt\"><span style=\"line-height:115%\"><span style=\"color:black\"> da <\/span><\/span><\/span><b><span style=\"font-size:14.0pt\"><span style=\"line-height:115%\"><span style=\"color:#076148\">&quot;FGI 1120: Especifica&ccedil;&otilde;es de Materiais para Geomembranas de PVC&quot;<\/span><\/span><\/span><\/b><span style=\"font-size:14.0pt\"><span style=\"line-height:115%\"><span style=\"color:black\">.<\/span><\/span><\/span><\/span><\/span><\/span><\/span><\/span><\/p>\r\n\r\n<p style=\"text-align:justify\"><span style=\"font-size:11pt\"><span style=\"background:white\"><span style=\"line-height:normal\"><span style=\"vertical-align:baseline\"><span style=\"font-family:Calibri,sans-serif\"><b><span style=\"font-size:14.0pt\"><span style=\"color:#076148\">Mais uma a&ccedil;&atilde;o do CTG ABINT,<\/span><\/span><\/b><span style=\"font-size:14.0pt\"><span style=\"color:black\"> que demandou emprenho de seus integrantes, e <\/span><\/span><b><span style=\"font-size:14.0pt\"><span style=\"color:#076148\">deixa como marca do Comit&ecirc; um forte e acelerado avan&ccedil;o de qualidade t&eacute;cnica na cadeia produtiva brasileira de geossint&eacute;ticos.<\/span><\/span><\/b><\/span><\/span><\/span><\/span><\/span><\/p>\r\n\r\n<p style=\"text-align:justify\"><span style=\"font-size:11pt\"><span style=\"line-height:normal\"><span style=\"font-family:Calibri,sans-serif\"><a href=\"https:\/\/www.geossinteticos.org.br\/literatura\/fgi-1120-2020-especificacao-de-materiais-para-geomembranas-de-pvc\" style=\"color:blue; text-decoration:underline\"><b><span style=\"font-size:14.0pt\">CLIQUE E VEJA COMO OBTER O DOCUMENTO<\/span><\/b><\/a><\/span><\/span><\/span><\/p>\r\n\r\n<p style=\"text-align:justify\"><span style=\"font-size:28pt\"><span style=\"font-family:Cambria,serif\"><span style=\"letter-spacing:-0.5pt\"><b><span style=\"font-size:18.0pt\"><span style=\"font-family:&quot;Calibri&quot;,sans-serif\"><span style=\"font-variant:small-caps\">O que vem por a&iacute;<\/span><\/span><\/span><\/b><\/span><\/span><\/span><\/p>\r\n\r\n<p style=\"text-align:justify\"><span style=\"font-size:28pt\"><span style=\"font-family:Cambria,serif\"><span style=\"letter-spacing:-0.5pt\"><b><span style=\"font-size:18.0pt\"><span style=\"font-family:&quot;Calibri&quot;,sans-serif\"><span style=\"font-variant:small-caps\"><img src=\"https:\/\/www.abint.org.br\/assets\/img\/editor\/abint-logo-2020-g_202403261713471hGYpr1PtU.png\" style=\"width: 300px; height: 69px;\" \/><\/span><\/span><\/span><\/b><\/span><\/span><\/span><\/p>\r\n\r\n<p style=\"text-align:justify\"><span style=\"font-size:28pt\"><span style=\"font-family:Cambria,serif\"><span style=\"letter-spacing:-0.5pt\"><b><span style=\"font-size:18.0pt\"><span style=\"font-family:&quot;Calibri&quot;,sans-serif\"><span style=\"font-variant:small-caps\"><img src=\"https:\/\/www.abint.org.br\/assets\/img\/editor\/e-mail-mkt-palestra-whtire-paper-27032024_20240326171620OcQDpI5tUv.png\" style=\"width: 500px; height: 642px;\" \/><\/span><\/span><\/span><\/b><\/span><\/span><\/span><\/p>\r\n\r\n<p style=\"text-align:justify\"><span style=\"font-size:11pt\"><span style=\"line-height:normal\"><span style=\"font-family:Calibri,sans-serif\"><a href=\"https:\/\/forms.office.com\/pages\/responsepage.aspx?id=n9pNk1glrE6b5i8lS53621O-4jMsuCNBqhQBI597U0lUOEhOMUVZVTZMWVdFVTVEMUlRMDJYVkFVMS4u\" style=\"color:blue; text-decoration:underline\"><b><span style=\"font-size:14.0pt\">CLIQUE AQUI E INSCREVA-SE<\/span><\/b><\/a><\/span><\/span><\/span><\/p>\r\n\r\n<p style=\"text-align:justify\">&nbsp;<\/p>\r\n\r\n<p><img src=\"https:\/\/www.abint.org.br\/assets\/img\/editor\/logo-ctg-abint-png_20240312184208ZzqsfoVDgv.png\" style=\"width: 300px; height: 55px;\" \/><\/p>\r\n\r\n<p><img src=\"https:\/\/www.abint.org.br\/assets\/img\/editor\/20240326-live-ctg-instagram-mariana_20240312184254mvGGAnjAh6.jpeg\" style=\"width: 500px; height: 500px;\" \/><\/p>\r\n\r\n<p>No dia&nbsp;<b>26 de mar&ccedil;o<\/b>, o&nbsp;<b>CTG ABINT&nbsp;<\/b>far&aacute; uma&nbsp;<b>live no Instagram<\/b>&nbsp;sobre as&nbsp;<b>solu&ccedil;&otilde;es dos geossint&eacute;ticos para problemas associados &agrave; constru&ccedil;&atilde;o de barragens e piscin&otilde;es no Agroneg&oacute;cio<\/b>.<\/p>\r\n\r\n<p>Para assistir, acesse:&nbsp;<a href=\"https:\/\/www.instagram.com\/ctg_abint\/\">https:\/\/www.instagram.com\/ctg_abint\/<\/a><\/p>\r\n\r\n<p>&nbsp;<\/p>\r\n\r\n<p><img src=\"https:\/\/www.abint.org.br\/assets\/img\/editor\/geocentro-2024-logo_20240312184358q7awxAG7GO.jpg\" style=\"width: 500px; height: 298px;\" \/><\/p>\r\n\r\n<p>O CTG ABINT &eacute; um dos patrocinadores do&nbsp;<b>GEOCENTRO 2024 - 7&ordm; Simp&oacute;sio de Pr&aacute;tica de Engenharia Geot&eacute;cnica na Regi&atilde;o Centro-Oeste<\/b>, que acontecer&aacute; nos<b>&nbsp;dias 04, 05 e 06 de abril de 2024<\/b>, no Cenarium Rural,<b>&nbsp;em Cuiab&aacute;, Mato Grosso<\/b>.<\/p>\r\n\r\n<p>O evento &eacute;&nbsp;<b>promovido pela ABMS<\/b>&nbsp;&ndash; Associa&ccedil;&atilde;o Brasileira de Mec&acirc;nica dos Solos e Engenharia Geot&eacute;cnica &ndash; N&uacute;cleo Centro Oeste.<\/p>\r\n\r\n<p><a href=\"http:\/\/www.geocentro2024.com.br\/\">www.geocentro2024.com.br<\/a><\/p>\r\n\r\n<p>&nbsp;<\/p>\r\n\r\n<p><img src=\"https:\/\/www.abint.org.br\/assets\/img\/editor\/cth-logo-alta-png-2_20240312184602pDv7cUouKB.png\" style=\"width: 300px; height: 68px;\" \/><\/p>\r\n\r\n<p><img src=\"https:\/\/www.abint.org.br\/assets\/img\/editor\/hospitalmed-2024-logo_20240312184512NbskBsafP5.png\" style=\"width: 500px; height: 448px;\" \/><\/p>\r\n\r\n<p><b>O CTH ABINT &eacute; um dos patrocinadores da HospitalMed 2024.<\/b><\/p>\r\n\r\n<p>&ldquo;<i>A melhor e Mais Completa Feira de Sa&uacute;de do Norte\/Nordeste<\/i>&rdquo;, &eacute; uma realiza&ccedil;&atilde;o da HospitalMed Feiras &amp; Eventos e da Insight Feiras de Neg&oacute;cios.<\/p>\r\n\r\n<p><i>&ldquo;O&nbsp;<b>re&uacute;ne toda a cadeia produtiva do setor de sa&uacute;de das regi&otilde;es Norte\/Nordeste<\/b>. &Eacute; o grande encontro de fornecedores de Produtos, Equipamentos, Servi&ccedil;os, Tecnologia e Conte&uacute;do para Hospitais, Laborat&oacute;rios, Farm&aacute;cias, Cl&iacute;nicas, Consult&oacute;rios e Profissionais da Sa&uacute;de&rdquo;.<\/i><\/p>\r\n\r\n<p><a href=\"http:\/\/www.hospitalmed.com.br\/\">www.hospitalmed.com.br<\/a><\/p>\r\n\r\n<p><span style=\"font-size:28pt\"><span style=\"font-family:Cambria,serif\"><span style=\"letter-spacing:-0.5pt\"><b><span style=\"font-size:18.0pt\"><span style=\"font-family:&quot;Calibri&quot;,sans-serif\"><span style=\"font-variant:small-caps\">Not&iacute;cias das Associadas<\/span><\/span><\/span><\/b><\/span><\/span><\/span><\/p>\r\n\r\n<p style=\"text-align:justify\"><span style=\"font-size:11pt\"><span style=\"line-height:normal\"><span style=\"font-family:Calibri,sans-serif\"><a href=\"https:\/\/t.rdsv2.net\/ls\/click?upn=u001.SJ-2BHbcLStyE5mTD5OK48sq2JxFfkhvQ6eAz6nLBcupXczeJU7gzCdjWzf1f9TVdEaHCREvpbO85Nh6Wdc6jSFuYjGtkllgNdcmOE-2BP3WyKlO0X58IFbEzQT9DvqVs7o7IvrONo24VfAHb5-2FeKnsNIwY5azo5f2C0UUAmibmMIzid9KXX9IHWZL2Tcg4nP-2BPI-2Bj-2FoqA5km4JY-2Bbx9LdA-2FlrGoXaUrWkciDtilolf32bvw0Sw3vAOiawky1dewimEFi3lJJEGdx6faB7Qv7-2FMBvw-3D-3DOsPk_T7N8BvZTOm04CQQMiyWztrpCjlUrRc4F7QzSgUIpTqB5Yk-2Bt7YhUyk7lZRXmbFFsi-2Foe1q0kuwsCjfsBOqL9ZeKwOqG7ApazixuGEP6Z5SJuFg5bm15p-2FcAKNI6-2BqjB-2BhPzOg1EanfePNu-2FO20SmgEXxLaCXCdfIdcnpdjjKrKLWl6J-2BWm9a1qE79Zw1hH-2BxSeGZnJB2MQaD0HY-2FbIyY0up28cQHoRXuutzU-2Fkybvbw8fzpges0MWOlD5Wbrcj8EC5BVdusqctJYaMSxigpQXqzmwT87RpJP60xWejaq5Im8CtQnKeu8-2FvY7nxYoo0TajlNObF8vkmeFiU3rUPKuIKEWVz-2BhGOoRmaBCQVLeqK6aFe01rNOChK0R-2BY2UHOagEnbl9EkLlfyWR-2BxawD-2FQGc37ohtc994QzQVORA3J6S9DbBb6hZ34UzTlQbNHGGlzbIlvHqASe-2BUmaPrqeNyKeG3Brh02Q2ZbeIzJ2f-2BAuayzqHjhKorQNoUjzxnGLARU8pt5YJvgvV5jOSVubkdsjLr3FaDHg5-2BO71WXUBC6d-2BHwuOoHTqVKG3tnIuvLDJ2m8t0r-2B0cOZwZAmLAQ03Apn6V7b5LKEWUAsLCGQeqKBpJ5FR5R3U-2F1I6suuXr37N79Ls9fxs77SpsCVWGJ5pe-2FYA-3D-3D\" style=\"color:blue; text-decoration:underline\" target=\"_blank\" title=\"ANDRITZ entrega a maior f\u00e1brica de celulose de linha \u00fanica do mundo para a UPM\"><span style=\"font-size:14.0pt\">ANDRITZ entrega a maior f&aacute;brica de celulose de linha &uacute;nica do mundo para a UPM<\/span><\/a><\/span><\/span><\/span><\/p>\r\n\r\n<p style=\"text-align:justify\">&nbsp;<\/p>\r\n\r\n<p style=\"text-align:justify\"><span style=\"font-size:11pt\"><span style=\"line-height:normal\"><span style=\"font-family:Calibri,sans-serif\"><b><span style=\"font-size:18.0pt\"><span style=\"font-variant:small-caps\">Eventos<\/span><\/span><\/b><\/span><\/span><\/span><\/p>\r\n\r\n<p style=\"text-align:justify\"><span style=\"font-size:11pt\"><span style=\"line-height:normal\"><span style=\"font-family:Calibri,sans-serif\"><b><span style=\"font-size:14.0pt\">FGV IBRE | I Encontro do Centro de Pol&iacute;tica Fiscal e Or&ccedil;amento<\/span><\/b><span style=\"font-size:14.0pt\">, 02 de abril de 2024, 09h00 &agrave;s 13h00, evento presencial, Praia de Botafogo, 190, Rio de Janeiro, RJ<\/span><span class=\"MsoHyperlink\" style=\"color:blue\"><span style=\"text-decoration:underline\"><span style=\"font-size:14.0pt\"><span style=\"text-decoration:none\"><span style=\"text-underline:none\">. <\/span><\/span><\/span><\/span><\/span><a href=\"https:\/\/evento.fgv.br\/iencontro_politicaefiscal_0204\/\" style=\"color:blue; text-decoration:underline\"><span style=\"font-size:14.0pt\">Informa&ccedil;&otilde;es e inscri&ccedil;&otilde;es aqui<\/span><\/a> <\/span><\/span><\/span><\/p>\r\n\r\n<p style=\"text-align:justify\"><span style=\"font-size:11pt\"><span style=\"line-height:normal\"><span style=\"font-family:Calibri,sans-serif\"><b><span style=\"font-size:14.0pt\">ABTT Academy | Curso de Alfandegu&ecirc;s: Aprenda os Segredos do Com&eacute;rcio T&ecirc;xtil<\/span><\/b><span class=\"MsoHyperlink\" style=\"color:blue\"><span style=\"text-decoration:underline\"><span style=\"font-size:14.0pt\"><span style=\"text-decoration:none\"><span style=\"text-underline:none\">, <\/span><\/span><\/span><\/span><\/span><span style=\"font-size:14.0pt\">20 de abril de 2024, 08h00 &agrave;s 12h00<\/span><span class=\"MsoHyperlink\" style=\"color:blue\"><span style=\"text-decoration:underline\"><span style=\"font-size:14.0pt\"><span style=\"text-decoration:none\"><span style=\"text-underline:none\">. <\/span><\/span><\/span><\/span><\/span><a href=\"https:\/\/docs.google.com\/forms\/d\/e\/1FAIpQLSeI0D2T9RWo5ep94MerHacZNLtiABGYYveyerr8HFTB0fadqw\/viewform\" style=\"color:blue; text-decoration:underline\"><span style=\"font-size:14.0pt\">Informa&ccedil;&otilde;es e inscri&ccedil;&otilde;es aqui<\/span><\/a> <\/span><\/span><\/span><\/p>\r\n\r\n<p style=\"text-align:justify\"><span style=\"font-size:11pt\"><span style=\"line-height:normal\"><span style=\"font-family:Calibri,sans-serif\"><b><span style=\"font-size:14.0pt\">GEOAMERICAS 2024, <\/span><\/b><span style=\"font-size:14.0pt\">de 28 de abril a 01 de maio de 2024, em Toronto (Canad&aacute;). <\/span><a href=\"https:\/\/www.geoamericas2024.org\/\" style=\"color:blue; text-decoration:underline\"><span style=\"font-size:14.0pt\">Informa&ccedil;&otilde;es aqui.<\/span><\/a><\/span><\/span><\/span><\/p>\r\n\r\n<p style=\"text-align:justify\"><span style=\"font-size:11pt\"><span style=\"line-height:normal\"><span style=\"font-family:Calibri,sans-serif\"><b><span style=\"font-size:14.0pt\">II Congresso Ibero-Americano de Esteriliza&ccedil;&atilde;o e II Congresso Nacional de Reprocessamento de Dispositivos M&eacute;dicos<\/span><\/b><span style=\"font-size:14.0pt\">, 16 a 18 de maio de 2024, Cartagena, Colombia<b>. <\/b><\/span><a href=\"http:\/\/nascecme.com.br\/ii-congresso-ibero-americano-de-esterilizacao-e-ii-congresso-nacional-de-reprocessamento-de-dispositivos-medicos\/\" style=\"color:blue; text-decoration:underline\"><span lang=\"EN-US\" style=\"font-size:14.0pt\">Informa&ccedil;&otilde;es<\/span><\/a><span lang=\"EN-US\" style=\"font-size:14.0pt\"> <\/span><\/span><\/span><\/span><\/p>\r\n\r\n<p style=\"text-align:justify\"><span style=\"font-size:11pt\"><span style=\"line-height:normal\"><span style=\"font-family:Calibri,sans-serif\"><b><span lang=\"EN-US\" style=\"font-size:14.0pt\">ANEX 2024 | Asia Nonwoven Exhibition and Conference<\/span><\/b><span lang=\"EN-US\" style=\"font-size:14.0pt\">, 22-24 May 2024, Taipei Nangang Exhibition Center, Hall 1. <\/span><a href=\"https:\/\/www.anex2024.com\/\" style=\"color:blue; text-decoration:underline\"><span lang=\"EN-US\" style=\"font-size:14.0pt\">Information here<\/span><\/a> <\/span><\/span><\/span><\/p>\r\n\r\n<p style=\"text-align:justify\"><span style=\"font-size:11pt\"><span style=\"line-height:normal\"><span style=\"font-family:Calibri,sans-serif\"><b><span lang=\"EN-US\" style=\"font-size:14.0pt\">The EDANA Innovation Forum<\/span><\/b><span class=\"MsoHyperlink\" style=\"color:blue\"><span style=\"text-decoration:underline\"><span lang=\"EN-US\" style=\"font-size:14.0pt\"><span style=\"text-decoration:none\"><span style=\"text-underline:none\">, <\/span><\/span><\/span><\/span><\/span><span style=\"font-size:14.0pt\">04 - 06 June 2024, Munich<\/span><span class=\"MsoHyperlink\" style=\"color:blue\"><span style=\"text-decoration:underline\"><span lang=\"EN-US\" style=\"font-size:14.0pt\"><span style=\"text-decoration:none\"><span style=\"text-underline:none\">. <\/span><\/span><\/span><\/span><\/span><a href=\"https:\/\/www.edana.org\/events\/edana-innovation-forum-?ct=t(MENA_2018_call_for_papers6_28_2017_COPY_01)&amp;mc_cid=27efeab42f&amp;mc_eid=08e0eae351\" style=\"color:blue; text-decoration:underline\"><span lang=\"EN-US\" style=\"font-size:14.0pt\">Information here<\/span><\/a><\/span><\/span><\/span><\/p>\r\n\r\n<p style=\"text-align:justify\"><span style=\"font-size:11pt\"><span style=\"line-height:normal\"><span style=\"font-family:Calibri,sans-serif\"><b><span lang=\"EN-US\" style=\"font-size:14.0pt\">HIGITEX 2024 | International Technical Textiles &amp; Nonwoven Exhibition<\/span><\/b><span lang=\"EN-US\" style=\"font-size:14.0pt\">, 4-8 June 2024, T&uuml;yap Fair Convention and Congress Center, T&uuml;rkiye. <\/span><a href=\"https:\/\/www.hightex.com.tr\/\" style=\"color:blue; text-decoration:underline\"><span style=\"font-size:14.0pt\">Information here<\/span><\/a> <\/span><\/span><\/span><\/p>\r\n\r\n<p style=\"text-align:justify\"><span style=\"font-size:11pt\"><span style=\"line-height:normal\"><span style=\"font-family:Calibri,sans-serif\"><b><span style=\"font-size:14.0pt\">FEIPLAR COMPOSITES &amp; FEIPUR &ndash; Feira e Congresso Internacionais de Composites, Poliuretano, Pl&aacute;sticos de Engenharia e Compostos Termopl&aacute;sticos<\/span><\/b><span style=\"font-size:14.0pt\">, 20 a 22 de agosto de 2024, S&atilde;o Paulo Expo (Pavilh&atilde;o 5), palestras: das 8h30 &agrave;s 18h, feira: das 13h &agrave;s 20h.<b> <\/b><\/span><a href=\"http:\/\/www.feiplar.com\" style=\"color:blue; text-decoration:underline\"><span style=\"font-size:14.0pt\">www.feiplar.com<\/span><\/a> <\/span><\/span><\/span><\/p>\r\n\r\n<p style=\"text-align:justify\"><span style=\"font-size:11pt\"><span style=\"line-height:normal\"><span style=\"font-family:Calibri,sans-serif\"><b><span style=\"font-size:14.0pt\">Fenasan 2024 &ndash; Feira Nacional de Saneamento e Meio Ambiente<\/span><\/b><span style=\"font-size:14.0pt\">, 22 a 24 de outubro de 2024, Pavilh&otilde;es Verde e Vermelho, Expo Center Norte, S&atilde;o Paulo SP. <\/span><a href=\"http:\/\/www.fenasan.com.br\" style=\"color:blue; text-decoration:underline\"><span style=\"font-size:14.0pt\">www.fenasan.com.br<\/span><\/a> <\/span><\/span><\/span><\/p>\r\n\r\n<p style=\"text-align:justify\"><span style=\"font-size:11pt\"><span style=\"line-height:normal\"><span style=\"font-family:Calibri,sans-serif\"><b><span style=\"font-size:14.0pt\">HospitalMed 2024<\/span><\/b><span style=\"font-size:14.0pt\">, 23 a 25 de outubro, das 14h &agrave;s 20h, no Pernambuco Centro de Conven&ccedil;&otilde;es. <\/span><a href=\"http:\/\/www.hospitalmed.com.br\" style=\"color:blue; text-decoration:underline\"><span style=\"font-size:14.0pt\">www.hospitalmed.com.br<\/span><\/a> <\/span><\/span><\/span><\/p>\r\n\r\n<p style=\"text-align:justify\"><span style=\"font-size:28pt\"><span style=\"font-family:Cambria,serif\"><span style=\"letter-spacing:-0.5pt\"><b><span style=\"font-size:18.0pt\"><span style=\"font-family:&quot;Calibri&quot;,sans-serif\"><span style=\"font-variant:small-caps\">Setor<\/span><\/span><\/span><\/b><\/span><\/span><\/span><\/p>\r\n\r\n<p style=\"text-align:justify\"><span style=\"font-size:11pt\"><span style=\"line-height:normal\"><span style=\"font-family:Calibri,sans-serif\"><a href=\"https:\/\/novojorbras.com.br\/noticia\/11205\/ctg-abint-lanca-no-brasil-a-traducao-de-norma-sobre-geomembranas-lisas-e-texturizadas-de-polietileno-de-alta-densidade-pead\" style=\"color:blue; text-decoration:underline\"><span style=\"font-size:14.0pt\">CTG ABINT lan&ccedil;a no Brasil a tradu&ccedil;&atilde;o de norma sobre Geomembranas Lisas e Texturizadas de Polietileno de Alta Densidade (PEAD)<\/span><\/a><\/span><\/span><\/span><\/p>\r\n\r\n<p style=\"text-align:justify\"><span style=\"font-size:11pt\"><span style=\"line-height:normal\"><span style=\"font-family:Calibri,sans-serif\"><a href=\"https:\/\/phys.org\/news\/2024-03-european-plastics-industry-falls.html?utm_source=nwletter&amp;utm_medium=email&amp;utm_campaign=daily-nwletter\" style=\"color:blue; text-decoration:underline\"><span lang=\"EN-US\" style=\"font-size:14.0pt\">European plastics industry &#39;in trouble&#39; as market share falls<\/span><\/a><\/span><\/span><\/span><\/p>\r\n\r\n<p style=\"text-align:justify\"><span style=\"font-size:11pt\"><span style=\"line-height:normal\"><span style=\"font-family:Calibri,sans-serif\"><a href=\"https:\/\/phys.org\/news\/2024-03-food-key-sustainable-plastic-free.html?utm_source=nwletter&amp;utm_medium=email&amp;utm_campaign=daily-nwletter\" style=\"color:blue; text-decoration:underline\"><span lang=\"EN-US\" style=\"font-size:14.0pt\">Is food waste the key to sustainable, plastic-free diapers and sanitary pads?<\/span><\/a><\/span><\/span><\/span><\/p>\r\n\r\n<p style=\"text-align:justify\"><span style=\"font-size:11pt\"><span style=\"line-height:normal\"><span style=\"font-family:Calibri,sans-serif\"><a href=\"https:\/\/www.publico.pt\/2024\/03\/20\/azul\/noticia\/cientistas-querem-usar-residuos-alimentares-pensos-higienicos-biodegradaveis-2084025\" style=\"color:blue; text-decoration:underline\"><span style=\"font-size:14.0pt\">Cientistas usam gl&uacute;ten para fazer pensos higi&eacute;nicos<\/span><\/a><\/span><\/span><\/span><\/p>\r\n\r\n<p style=\"text-align:justify\"><span style=\"font-size:11pt\"><span style=\"line-height:normal\"><span style=\"font-family:Calibri,sans-serif\"><a href=\"http:\/\/nascecme.com.br\/conheca-a-opiniao-da-enfermeira-sheila-lorenzon-sobre-as-instrucoes-de-uso-do-fabricante-na-etapa-de-limpeza\/\" style=\"color:blue; text-decoration:underline\"><span style=\"font-size:14.0pt\">Conhe&ccedil;a a opini&atilde;o da enfermeira Sheila Lorenzon sobre as instru&ccedil;&otilde;es de uso do fabricante na etapa de limpeza<\/span><\/a><\/span><\/span><\/span><\/p>\r\n\r\n<p style=\"text-align:justify\"><span style=\"font-size:11pt\"><span style=\"line-height:normal\"><span style=\"font-family:Calibri,sans-serif\"><a href=\"https:\/\/www.trbn.com.br\/materia\/I102704\/conder-iniciou-revegetacao-da-encosta-do-santo-antonio\" style=\"color:blue; text-decoration:underline\"><span style=\"font-size:14.0pt\">Geomanta: Conder iniciou revegeta&ccedil;&atilde;o da encosta do Santo Ant&ocirc;nio<\/span><\/a><\/span><\/span><\/span><\/p>\r\n\r\n<p style=\"text-align:justify\"><span style=\"font-size:11pt\"><span style=\"line-height:normal\"><span style=\"font-family:Calibri,sans-serif\"><a href=\"https:\/\/forbes.com.br\/forbes-money\/2024\/03\/braskem-reduz-prejuizo-no-4o-trimestre\/\" style=\"color:blue; text-decoration:underline\"><span style=\"font-size:14.0pt\">Braskem reduz preju&iacute;zo no 4&ordm; trimestre<\/span><\/a><\/span><\/span><\/span><\/p>\r\n\r\n<p style=\"text-align:justify\"><span style=\"font-size:28pt\"><span style=\"font-family:Cambria,serif\"><span style=\"letter-spacing:-0.5pt\"><b><span style=\"font-size:18.0pt\"><span style=\"font-family:&quot;Calibri&quot;,sans-serif\"><span style=\"font-variant:small-caps\">Ind&uacute;stria<\/span><\/span><\/span><\/b><\/span><\/span><\/span><\/p>\r\n\r\n<p style=\"text-align:justify\"><span style=\"font-size:11pt\"><span style=\"line-height:normal\"><span style=\"font-family:Calibri,sans-serif\"><span class=\"MsoHyperlink\" style=\"color:blue\"><span style=\"text-decoration:underline\"><span style=\"font-size:14.0pt\"><a href=\"https:\/\/noticias.portaldaindustria.com.br\/noticias\/institucional\/cni-apresenta-ao-congresso-nacional-projetos-prioritarios-para-o-setor-industrial\/\" style=\"color:blue; text-decoration:underline\">CNI apresenta ao Congresso Nacional projetos priorit&aacute;rios para o setor industrial<\/a><\/span><\/span><\/span><\/span><\/span><\/span><\/p>\r\n\r\n<p style=\"text-align:justify\"><span style=\"font-size:11pt\"><span style=\"line-height:normal\"><span style=\"font-family:Calibri,sans-serif\"><a href=\"https:\/\/ibre.fgv.br\/blog-da-conjuntura-economica\/artigos\/produtividade-brasileira-pesquisadores-do-fgv-ibre-identificam\" style=\"color:blue; text-decoration:underline\"><span style=\"font-size:14.0pt\">Produtividade brasileira: pesquisadores do FGV IBRE identificam sinais de dissemina&ccedil;&atilde;o em 2023. Saiba quais e a tend&ecirc;ncia para 2024<\/span><\/a><\/span><\/span><\/span><\/p>\r\n\r\n<p style=\"text-align:justify\"><span style=\"font-size:11pt\"><span style=\"line-height:normal\"><span style=\"font-family:Calibri,sans-serif\"><a href=\"https:\/\/www.infomoney.com.br\/politica\/camara-aprova-projeto-que-incentiva-a-depreciacao-acelerada-para-modernizar-industria\/#:~:text=A%20C%C3%A2mara%20dos%20Deputados%20aprovou,a%20serem%20definidos%20por%20decreto.\" style=\"color:blue; text-decoration:underline\"><span style=\"font-size:14.0pt\">C&acirc;mara aprova projeto que incentiva a deprecia&ccedil;&atilde;o acelerada para modernizar ind&uacute;stria<\/span><\/a><\/span><\/span><\/span><\/p>\r\n\r\n<p style=\"text-align:justify\"><span style=\"font-size:11pt\"><span style=\"line-height:normal\"><span style=\"font-family:Calibri,sans-serif\"><a href=\"https:\/\/epbr.com.br\/byd-aumenta-previsao-de-investimentos-no-brasil-para-r-55-bilhoes\/?utm_source=newsletters+epbr&amp;utm_campaign=f38ad014dc-epbr-comece-seu-dia_20230724_COPY_01&amp;utm_medium=email&amp;utm_term=0_5931171aac-f38ad014dc-466362780\" style=\"color:blue; text-decoration:underline\"><span style=\"font-size:14.0pt\">BYD aumenta previs&atilde;o de investimentos no Brasil para R$ 5,5 bi<\/span><\/a><\/span><\/span><\/span><\/p>\r\n\r\n<p style=\"text-align:justify\"><span style=\"font-size:11pt\"><span style=\"line-height:normal\"><span style=\"font-family:Calibri,sans-serif\"><a href=\"https:\/\/noticias.portaldaindustria.com.br\/noticias\/economia\/industria-da-construcao-esta-otimista-com-cenario-economico-atual-aponta-cni\/\" style=\"color:blue; text-decoration:underline\"><span style=\"font-size:14.0pt\">Ind&uacute;stria da constru&ccedil;&atilde;o est&aacute; otimista com cen&aacute;rio econ&ocirc;mico atual, aponta CNI<\/span><\/a><\/span><\/span><\/span><\/p>\r\n\r\n<p style=\"text-align:justify\"><span style=\"font-size:11pt\"><span style=\"line-height:normal\"><span style=\"font-family:Calibri,sans-serif\"><a href=\"https:\/\/petronoticias.com.br\/abiquim-reage-ao-programa-nacional-de-biometano-aprovado-pela-camara-e-diz-que-as-empresas-quimicas-sofrerao-impactos\/\" style=\"color:blue; text-decoration:underline\"><span style=\"font-size:14.0pt\">ABIQUIM reage ao programa nacional de biometano aprovado pela C&acirc;mara e diz que as empresas qu&iacute;micas sofrer&atilde;o impactos<\/span><\/a><\/span><\/span><\/span><\/p>\r\n\r\n<p style=\"text-align:justify\"><span style=\"font-size:28pt\"><span style=\"font-family:Cambria,serif\"><span style=\"letter-spacing:-0.5pt\"><b><span lang=\"EN-US\" style=\"font-size:18.0pt\"><span style=\"font-family:&quot;Calibri&quot;,sans-serif\"><span style=\"font-variant:small-caps\">Sustentabilidade<\/span><\/span><\/span><\/b><\/span><\/span><\/span><\/p>\r\n\r\n<p style=\"text-align:justify\"><span style=\"font-size:11pt\"><span style=\"line-height:normal\"><span style=\"font-family:Calibri,sans-serif\"><a href=\"https:\/\/www.fibre2fashion.com\/news\/textile-news\/european-commission-announces-textiles-of-the-future-partnership--293945-newsdetails.htm\" style=\"color:blue; text-decoration:underline\"><span lang=\"EN-US\" style=\"font-size:14.0pt\">European Commission announces &ldquo;Textiles of the Future&rdquo; partnership<\/span><\/a><\/span><\/span><\/span><\/p>\r\n\r\n<p style=\"text-align:justify\"><span style=\"font-size:11pt\"><span style=\"line-height:normal\"><span style=\"font-family:Calibri,sans-serif\"><a href=\"https:\/\/app.rdstation.email\/mail\/ce1df278-0267-4fe7-97bd-9d313fcf235d?utm_campaign=emkt_guia_de_reciclagem&amp;utm_medium=email&amp;utm_source=RD+Station\" style=\"color:blue; text-decoration:underline\"><span style=\"font-size:14.0pt\">Fa&ccedil;a o download do &ldquo;Guia de Reciclagem T&ecirc;xtil&rdquo;<\/span><\/a><\/span><\/span><\/span><\/p>\r\n\r\n<p style=\"text-align:justify\"><span style=\"font-size:11pt\"><span style=\"line-height:normal\"><span style=\"font-family:Calibri,sans-serif\"><a href=\"https:\/\/phys.org\/news\/2024-03-chemicals-plastic.html?utm_source=nwletter&amp;utm_medium=email&amp;utm_campaign=daily-nwletter\" style=\"color:blue; text-decoration:underline\"><span lang=\"EN-US\" style=\"font-size:14.0pt\">More than 16,000 chemicals can be found in plastic, and many are harmful: Report<\/span><\/a><\/span><\/span><\/span><\/p>\r\n\r\n<p style=\"text-align:justify\"><span style=\"font-size:11pt\"><span style=\"line-height:normal\"><span style=\"font-family:Calibri,sans-serif\"><a href=\"https:\/\/nautica.com.br\/cadeiras-sacos-plasticos-rios\/\" style=\"color:blue; text-decoration:underline\"><span style=\"font-size:14.0pt\">Empresa cria cadeiras &agrave; base de sacos pl&aacute;sticos retirados de rios<\/span><\/a><\/span><\/span><\/span><\/p>\r\n\r\n<p style=\"text-align:justify\"><span style=\"font-size:11pt\"><span style=\"line-height:normal\"><span style=\"font-family:Calibri,sans-serif\"><a href=\"https:\/\/www.jornaldenegocios.pt\/sustentabilidade\/ambiental\/detalhe\/alcancar-a-circularidade-dos-plasticos-em-portugal-mais-lenta-do-que-se-esperava#amp_tf=De%20%251%24s&amp;aoh=17110668899159&amp;csi=0&amp;referrer=https%3A%2F%2Fwww.google.com&amp;ampshare=https%3A%2F%2Fwww.jornaldenegocios.pt%2Fsustentabilidade%2Fambiental%2Fdetalhe%2Falcancar-a-circularidade-dos-plasticos-em-portugal-mais-lenta-do-que-se-esperava\" style=\"color:blue; text-decoration:underline\"><span style=\"font-size:14.0pt\">Alcan&ccedil;ar a circularidade dos pl&aacute;sticos em Portugal &ldquo;mais lenta do que se esperava&rdquo;<\/span><\/a><\/span><\/span><\/span><\/p>\r\n\r\n<p style=\"text-align:justify\"><span style=\"font-size:11pt\"><span style=\"line-height:normal\"><span style=\"font-family:Calibri,sans-serif\"><a href=\"https:\/\/tissueonline.com.br\/gestao-de-residuos-como-a-economia-sustentavel-beneficia-o-sistema-economico-e-a-sociedade\/?utm_campaign=lord_gestao_de_residuos_como_a_economia_sustentavel_beneficia_o_sistema_economico_e_a_sociedade&amp;utm_medium=email&amp;utm_source=RD+Station\" style=\"color:blue; text-decoration:underline\"><span style=\"font-size:14.0pt\">Gest&atilde;o de res&iacute;duos: como a economia sustent&aacute;vel beneficia o sistema econ&ocirc;mico e a sociedade?<\/span><\/a><\/span><\/span><\/span><\/p>\r\n\r\n<p style=\"text-align:justify\"><span style=\"font-size:11pt\"><span style=\"line-height:normal\"><span style=\"font-family:Calibri,sans-serif\"><a href=\"https:\/\/www.gov.br\/ana\/pt-br\/assuntos\/noticias-e-eventos\/noticias\/evento-da-ana-celebra-dia-mundial-da-agua-em-22-de-marco-na-sede-da-instituicao-em-brasilia\" style=\"color:blue; text-decoration:underline\"><span style=\"font-size:14.0pt\">Evento da ANA celebra Dia Mundial da &Aacute;gua em 22 de mar&ccedil;o na sede da institui&ccedil;&atilde;o em Bras&iacute;lia<\/span><\/a><\/span><\/span><\/span><\/p>\r\n\r\n<p style=\"text-align:justify\"><span style=\"font-size:28pt\"><span style=\"font-family:Cambria,serif\"><span style=\"letter-spacing:-0.5pt\"><b><span lang=\"EN-US\" style=\"font-size:18.0pt\"><span style=\"font-family:&quot;Calibri&quot;,sans-serif\"><span style=\"font-variant:small-caps\">Inova&ccedil;&atilde;o<\/span><\/span><\/span><\/b><\/span><\/span><\/span><\/p>\r\n\r\n<p style=\"text-align:justify\"><span style=\"font-size:11pt\"><span style=\"line-height:normal\"><span style=\"font-family:Calibri,sans-serif\"><a href=\"https:\/\/agenciadenoticias.ibge.gov.br\/agencia-noticias\/2012-agencia-de-noticias\/noticias\/39524-pesquisa-de-inovacao-semestral-aponta-qualidade-e-alcance-da-inovacao-da-industria-brasileira\" style=\"color:blue; text-decoration:underline\"><span style=\"font-size:14.0pt\">Pesquisa de Inova&ccedil;&atilde;o Semestral aponta qualidade e alcance da inova&ccedil;&atilde;o da ind&uacute;stria brasileira<\/span><\/a><\/span><\/span><\/span><\/p>\r\n\r\n<p style=\"text-align:justify\"><span style=\"font-size:11pt\"><span style=\"line-height:normal\"><span style=\"font-family:Calibri,sans-serif\"><a href=\"https:\/\/techxplore.com\/news\/2024-03-easier-sustainable-textile-concrete.html?utm_source=nwletter&amp;utm_medium=email&amp;utm_campaign=daily-nwletter\" style=\"color:blue; text-decoration:underline\"><span style=\"font-size:14.0pt\">New model makes it easier to build sustainable structures of textile-reinforced concrete<\/span><\/a><\/span><\/span><\/span><\/p>\r\n\r\n<p style=\"text-align:justify\"><span style=\"font-size:11pt\"><span style=\"line-height:normal\"><span style=\"font-family:Calibri,sans-serif\"><a href=\"https:\/\/techxplore.com\/news\/2024-03-reactor-millions-ingredients-plastics-rubber.html?utm_source=nwletter&amp;utm_medium=email&amp;utm_campaign=daily-nwletter\" style=\"color:blue; text-decoration:underline\"><span style=\"font-size:14.0pt\">New reactor could save millions when making ingredients for plastics and rubber from natural gas<\/span><\/a><\/span><\/span><\/span><\/p>\r\n\r\n<p style=\"text-align:justify\"><span style=\"font-size:28pt\"><span style=\"font-family:Cambria,serif\"><span style=\"letter-spacing:-0.5pt\"><b><span lang=\"EN-US\" style=\"font-size:18.0pt\"><span style=\"font-family:&quot;Calibri&quot;,sans-serif\"><span style=\"font-variant:small-caps\">Com&eacute;rcio Exterior<\/span><\/span><\/span><\/b><\/span><\/span><\/span><\/p>\r\n\r\n<p style=\"text-align:justify\"><span style=\"font-size:11pt\"><span style=\"line-height:normal\"><span style=\"font-family:Calibri,sans-serif\"><a href=\"https:\/\/www12.senado.leg.br\/noticias\/materias\/2024\/03\/21\/debate-avanca-para-finalizar-acordo-comercial-entre-mercosul-e-efta\" style=\"color:blue; text-decoration:underline\"><span style=\"font-size:14.0pt\">Debate avan&ccedil;a para finalizar acordo comercial entre Mercosul e EFTA<\/span><\/a><\/span><\/span><\/span><\/p>\r\n\r\n<p style=\"text-align:justify\"><span style=\"font-size:11pt\"><span style=\"line-height:normal\"><span style=\"font-family:Calibri,sans-serif\"><a href=\"https:\/\/indiantextilejournal.com\/textile-sector-embraces-minimum-fabric-import-price\/\" style=\"color:blue; text-decoration:underline\"><span style=\"font-size:14.0pt\">India: Textile sector embraces minimum fabric import price<\/span><\/a><\/span><\/span><\/span><\/p>\r\n\r\n<p style=\"text-align:justify\"><span style=\"font-size:11pt\"><span style=\"line-height:normal\"><span style=\"font-family:Calibri,sans-serif\"><a href=\"https:\/\/www.fibre2fashion.com\/news\/textile-news\/houthi-threats-to-alternative-routes-spark-textile-trade-concerns-293894-newsdetails.htm?type=p\" style=\"color:blue; text-decoration:underline\"><span lang=\"EN-US\" style=\"font-size:14.0pt\">Houthi threats to alternative routes spark textile trade concerns<\/span><\/a><\/span><\/span><\/span><\/p>\r\n\r\n<p style=\"text-align:justify\"><span style=\"font-size:11pt\"><span style=\"line-height:normal\"><span style=\"font-family:Calibri,sans-serif\"><a href=\"https:\/\/ibre.fgv.br\/blog-da-conjuntura-economica\/artigos\/lia-valls-o-possivel-fim-da-era-dos-grandes-acordos-comerciais\" style=\"color:blue; text-decoration:underline\"><span style=\"font-size:14.0pt\">Lia Valls: o poss&iacute;vel fim da era dos grandes acordos comerciais e como avan&ccedil;ar sem eles<\/span><\/a><\/span><\/span><\/span><\/p>\r\n\r\n<p style=\"text-align:justify\"><span style=\"font-size:11pt\"><span style=\"line-height:normal\"><span style=\"font-family:Calibri,sans-serif\"><a href=\"https:\/\/www.infomoney.com.br\/economia\/brasil-eleva-em-491-as-exportacoes-para-a-china-no-1o-bimestre-diz-icomex-da-fgv\/\" style=\"color:blue; text-decoration:underline\"><span style=\"font-size:14.0pt\">Brasil eleva em 49,1% as exporta&ccedil;&otilde;es para a China no 1&ordm; bimestre, diz Icomex, da FGV<\/span><\/a><\/span><\/span><\/span><\/p>\r\n\r\n<p style=\"text-align:justify\"><span style=\"font-size:11pt\"><span style=\"line-height:normal\"><span style=\"font-family:Calibri,sans-serif\"><a href=\"https:\/\/publications.iadb.org\/en\/publications\/portuguese\/viewer\/Relatorio-macroeconomico-da-America-Latina-e-Caribe-2024-Pronto-para-decolar-Aproveitando-a-estabilidade-macroeconomica-para-o-crescimento.pdf\" style=\"color:blue; text-decoration:underline\"><span style=\"font-size:14.0pt\">Relat&oacute;rio do BID destaca oportunidades futuras de crescimento para a Am&eacute;rica Latina e o Caribe<\/span><\/a><\/span><\/span><\/span><\/p>\r\n\r\n<p style=\"text-align:justify\"><span style=\"font-size:28pt\"><span style=\"font-family:Cambria,serif\"><span style=\"letter-spacing:-0.5pt\"><b><span style=\"font-size:18.0pt\"><span style=\"font-family:&quot;Calibri&quot;,sans-serif\"><span style=\"font-variant:small-caps\">Economia<\/span><\/span><\/span><\/b><\/span><\/span><\/span><\/p>\r\n\r\n<p style=\"text-align:justify\"><span style=\"font-size:11pt\"><span style=\"line-height:normal\"><span style=\"font-family:Calibri,sans-serif\"><a href=\"https:\/\/www.bcb.gov.br\/content\/focus\/focus\/R20240322.pdf\" style=\"color:blue; text-decoration:underline\"><span style=\"font-size:14.0pt\">Focus - Relat&oacute;rio de Mercado<\/span><\/a><\/span><\/span><\/span><\/p>\r\n\r\n<p style=\"text-align:justify\"><span style=\"font-size:11pt\"><span style=\"line-height:normal\"><span style=\"font-family:Calibri,sans-serif\"><a href=\"https:\/\/noticias.portaldaindustria.com.br\/noticias\/economia\/confianca-da-industria-esta-estavel-em-marco-aponta-cni\/\" style=\"color:blue; text-decoration:underline\"><span style=\"font-size:14.0pt\">Economia: Confian&ccedil;a da ind&uacute;stria est&aacute; est&aacute;vel em mar&ccedil;o, aponta CNI<\/span><\/a><\/span><\/span><\/span><\/p>\r\n\r\n<p style=\"text-align:justify\"><span style=\"font-size:11pt\"><span style=\"line-height:normal\"><span style=\"font-family:Calibri,sans-serif\"><a href=\"https:\/\/grandesconstrucoes.com.br\/Noticias\/Exibir\/construcao-abre-49-mil-novos-empregos-em-janeiro?utm_source=akna&amp;utm_medium=email&amp;utm_campaign=Grandes-Construcoes-Informativo-904-21-03-2024&amp;utm_source=akna&amp;utm_medium=email&amp;utm_campaign=Grandes-Construcoes-Informativo-904-21-03-2024\" style=\"color:blue; text-decoration:underline\"><span style=\"font-size:14.0pt\">Constru&ccedil;&atilde;o abre 49 mil novos empregos em janeiro<\/span><\/a><\/span><\/span><\/span><\/p>\r\n\r\n<p style=\"text-align:justify\"><span style=\"font-size:11pt\"><span style=\"line-height:normal\"><span style=\"font-family:Calibri,sans-serif\"><a href=\"https:\/\/ibre.fgv.br\/blog-da-conjuntura-economica\/artigos\/em-foco-143\" style=\"color:blue; text-decoration:underline\"><span style=\"font-size:14.0pt\">Economia melhora, mas incertezas permanecem<\/span><\/a><\/span><\/span><\/span><\/p>\r\n\r\n<p style=\"text-align:justify\"><span style=\"font-size:11pt\"><span style=\"line-height:normal\"><span style=\"font-family:Calibri,sans-serif\"><a href=\"https:\/\/www.nordinvestimentos.com.br\/blog\/banco-central-selic\/#amp_tf=De%20%251%24s&amp;aoh=17111573500562&amp;csi=0&amp;referrer=https%3A%2F%2Fwww.google.com&amp;ampshare=https%3A%2F%2Fwww.nordinvestimentos.com.br%2Fblog%2Fbanco-central-selic%2F\" style=\"color:blue; text-decoration:underline\"><span style=\"font-size:14.0pt\">Selic cai para 10,75% e BC muda estrat&eacute;gia<\/span><\/a><\/span><\/span><\/span><\/p>\r\n\r\n<p style=\"text-align:justify\"><span style=\"font-size:11pt\"><span style=\"line-height:normal\"><span style=\"font-family:Calibri,sans-serif\"><a href=\"https:\/\/br.investing.com\/news\/economic-indicators\/fed-mantem-taxa-de-juros-entre-525-e-55-conforme-esperado-1223061\" style=\"color:blue; text-decoration:underline\"><span style=\"font-size:14.0pt\">Fed mant&eacute;m taxa de juros entre 5,25% e 5,5%, conforme esperado<\/span><\/a><\/span><\/span><\/span><\/p>\r\n","texto_en":"","7":"","imagem":"COMP_capa-2024-site-boletim-abint-noticias-semanis_20240326172649eBsbNeggtw.jpg","8":"COMP_capa-2024-site-boletim-abint-noticias-semanis_20240326172649eBsbNeggtw.jpg","arquivo":"20240326-BOLETIM-ABINT-DE-NOTICIAS-SEMANAIS.PDF","9":"20240326-BOLETIM-ABINT-DE-NOTICIAS-SEMANAIS.PDF","titulo_arquivo":"20240326 Boletim ABINT de Not\u00edcias Semanais","10":"20240326 Boletim ABINT de Not\u00edcias Semanais","titulo_arquivo_en":"","11":"","created_at":"2024-03-26 17:27:02","12":"2024-03-26 17:27:02","updated_at":"2024-03-26 17:27:02","13":"2024-03-26 17:27:02"},{"id":109,"0":109,"ordem":114,"1":114,"data":"2024-03-19","2":"2024-03-19","slug":"ctg-abint-lanca-no-brasil-a-traducao-da-gri-gm-13","3":"ctg-abint-lanca-no-brasil-a-traducao-da-gri-gm-13","titulo":"CTG ABINT lan\u00e7a no Brasil a tradu\u00e7\u00e3o da GRI-GM-13","4":"CTG ABINT lan\u00e7a no Brasil a tradu\u00e7\u00e3o da GRI-GM-13","titulo_en":".","5":".","texto":"<p align=\"center\" class=\"MsoNoSpacing\" style=\"text-align:center\"><span style=\"font-size:11pt\"><span style=\"font-family:Calibri,sans-serif\"><i><span arial=\"\" style=\"font-family:\">A norma prima pela qualidade de produ&ccedil;&atilde;o das geomembranas de PEAD usadas em aplica&ccedil;&otilde;es como revestimentos de aterros sanit&aacute;rios, barragens de rejeitos, impermeabiliza&ccedil;&atilde;o de solos e estruturas, lagos ornamentais, piscicultura, entre outras. <\/span><\/i><\/span><\/span><\/p>\r\n\r\n<p align=\"center\" class=\"MsoNoSpacing\" style=\"text-align:center\">&nbsp;<\/p>\r\n\r\n<p class=\"MsoNoSpacing\" style=\"text-align:justify\"><span style=\"font-size:11pt\"><span style=\"text-justify:inter-ideograph\"><span style=\"font-family:Calibri,sans-serif\"><span arial=\"\" style=\"font-family:\">O<\/span> <span arial=\"\" style=\"font-family:\">Comit&ecirc; T&eacute;cnico de Geossint&eacute;ticos da Associa&ccedil;&atilde;o Brasileira das Ind&uacute;strias de N&atilde;otecidos e Tecidos T&eacute;cnicos (CTG ABINT) lan&ccedil;a com exclusividade no Brasil a tradu&ccedil;&atilde;o <\/span><span arial=\"\" style=\"font-family:\">em portugu&ecirc;s da Especifica&ccedil;&atilde;o Padr&atilde;o GRI-GM13 &quot;M&eacute;todos de Ensaios, Propriedades de Ensaios e Frequ&ecirc;ncia de Ensaios para Geomembranas Lisas e Texturizadas de Polietileno de Alta Densidade (PEAD)&quot;.<\/span><\/span><\/span><\/span><\/p>\r\n\r\n<p class=\"MsoNoSpacing\" style=\"text-align:justify\"><span style=\"font-size:11pt\"><span style=\"text-justify:inter-ideograph\"><span style=\"font-family:Calibri,sans-serif\"><span arial=\"\" style=\"font-family:\">De origem norte-americana, a norma prima pelo controle de qualidade na fabrica&ccedil;&atilde;o da geomembranas de PEAD usadas em aplica&ccedil;&otilde;es como revestimentos de aterros sanit&aacute;rios, barragens de rejeitos, impermeabiliza&ccedil;&atilde;o de solos e estruturas, lagos ornamentais, piscicultura, entre outras. <\/span><\/span><\/span><\/span><\/p>\r\n\r\n<p class=\"MsoNoSpacing\" style=\"text-align:justify\"><span style=\"font-size:11pt\"><span style=\"text-justify:inter-ideograph\"><span style=\"font-family:Calibri,sans-serif\"><span arial=\"\" style=\"font-family:\">Usada como baliza por projetistas, a norma garante a efici&ecirc;ncia e o desempenho da aplica&ccedil;&atilde;o, al&eacute;m de assegurar a durabilidade do produto, o que garante prote&ccedil;&atilde;o ao meio ambiente e redu&ccedil;&atilde;o de custos. <\/span><\/span><\/span><\/span><\/p>\r\n\r\n<p class=\"MsoNoSpacing\" style=\"text-align:justify\"><span style=\"font-size:11pt\"><span style=\"text-justify:inter-ideograph\"><span style=\"line-height:normal\"><span style=\"font-family:Calibri,sans-serif\"><span arial=\"\" style=\"font-family:\">&ldquo;O feito importante do CTG ABINT foi conseguir que a tradu&ccedil;&atilde;o, realizada e revisada por t&eacute;cnicos do setor, fosse inclu&iacute;da no portal do Geosynthetic Institute e disponibilizada gratuitamente, o que facilita o acesso e amplia a qualidade dos trabalhos realizados pela comunidade e o mercado de geossint&eacute;ticos no Brasil&rdquo;, afirma o Dr. Fernando Lavoie, coordenador do CTG ABINT. <\/span><\/span><\/span><\/span><\/span><\/p>\r\n\r\n<p class=\"MsoNoSpacing\" style=\"text-align:justify\"><span style=\"font-size:11pt\"><span style=\"text-justify:inter-ideograph\"><span style=\"font-family:Calibri,sans-serif\"><span arial=\"\" style=\"font-family:\">Para conhecer a norma, acesse <\/span><a href=\"https:\/\/geosynthetic-institute.org\/specs.htm\" style=\"color:blue; text-decoration:underline\"><span arial=\"\" style=\"font-family:\">https:\/\/geosynthetic-institute.org\/specs.htm<\/span><\/a><span arial=\"\" style=\"font-family:\"> , procure por GM13 - Test Methods, Test Properties and Testing Frequency for High Density Polyethylene (HDPE) Smooth and Textured Geomembranes, em seguida clique em <b>&quot;TEXTO ESCRITO COMPLETO&quot;<\/b> para visualizar a tradu&ccedil;&atilde;o em portugu&ecirc;s.<\/span><\/span><\/span><\/span><\/p>\r\n\r\n<p style=\"margin-top:16px; margin-bottom:13px; text-align:justify\"><span style=\"font-size:12pt\"><span style=\"background:white\"><span style=\"text-justify:inter-ideograph\"><span style=\"line-height:115%\"><span new=\"\" roman=\"\" style=\"font-family:\" times=\"\"><em><b><span style=\"font-size:11.0pt\"><span style=\"line-height:115%\"><span arial=\"\" style=\"font-family:\"><span style=\"color:black\">Sobre o CTG-ABINT:<\/span><\/span><\/span><\/span><\/b><\/em><em><span style=\"font-size:11.0pt\"><span style=\"line-height:115%\"><span arial=\"\" style=\"font-family:\"><span style=\"color:black\">&nbsp; composto por empresas fabricantes e distribuidoras de Geossint&eacute;ticos no Brasil e associadas &agrave; ABINT, o CTG-ABINT tem como objetivo divulgar as aplica&ccedil;&otilde;es dos Geossint&eacute;ticos em obras dos segmentos Ambiental, Agroneg&oacute;cio, Constru&ccedil;&atilde;o Civil, Infraestrutura, Minera&ccedil;&atilde;o, Transporte, entre outros, bem como difundir os conceitos de qualidade a serem observados por fabricantes e usu&aacute;rios, contribuindo para o desenvolvimento mercadol&oacute;gico de forma &eacute;tica e respons&aacute;vel. Para saber mais acesse www.geossinteticos.org.br<\/span><\/span><\/span><\/span><\/em><\/span><\/span><\/span><\/span><\/span><\/p>\r\n\r\n<p style=\"margin-top:16px; margin-bottom:13px; text-align:justify\"><span style=\"font-size:12pt\"><span style=\"background:white\"><span style=\"text-justify:inter-ideograph\"><span style=\"line-height:115%\"><span new=\"\" roman=\"\" style=\"font-family:\" times=\"\"><em><b><span style=\"font-size:11.0pt\"><span style=\"line-height:115%\"><span arial=\"\" style=\"font-family:\"><span style=\"color:black\">Sobre a ABINT:<\/span><\/span><\/span><\/span><\/b><\/em><em><span style=\"font-size:11.0pt\"><span style=\"line-height:115%\"><span arial=\"\" style=\"font-family:\"><span style=\"color:black\">&nbsp;Fundada em 1991, a Associa&ccedil;&atilde;o Brasileira das Ind&uacute;strias de N&atilde;otecidos e Tecidos T&eacute;cnicos tem como objetivo representar, difundir e defender os interesses da ind&uacute;stria brasileira de N&atilde;otecidos e Tecidos T&eacute;cnicos, promovendo e apoiando o seu desenvolvimento e o crescimento do mercado de aplica&ccedil;&otilde;es desses produtos, que s&atilde;o fundamentais a diversos e importantes setores da economia do pa&iacute;s. Para saber mais acesse&nbsp;<\/span><\/span><\/span><\/span><\/em><span style=\"color:black\"><a href=\"http:\/\/www.abint.org.br\/\" style=\"color:blue; text-decoration:underline\"><em><span style=\"font-size:11.0pt\"><span style=\"line-height:115%\"><span arial=\"\" style=\"font-family:\"><span style=\"color:black\"><span style=\"text-decoration:none\"><span style=\"text-underline:none\">www.abint.org.br<\/span><\/span><\/span><\/span><\/span><\/span><\/em><\/a><\/span><\/span><\/span><\/span><\/span><\/span><\/p>\r\n\r\n<pre>\r\n<em><b>Informa&ccedil;&otilde;es &agrave; Imprensa<\/b><\/em>\r\n<em><b>Assessoria de Comunica&ccedil;&atilde;o ABINT\r\n<\/b><\/em><a name=\"_Hlk107579072\"><em><b>Roberta Provatti <\/b><\/em><\/a>\r\n<em><b>(11) 99652-4661<\/b><\/em>\r\n<em><b>provattijornalista@gmail.com<\/b><\/em><\/pre>\r\n","6":"<p align=\"center\" class=\"MsoNoSpacing\" style=\"text-align:center\"><span style=\"font-size:11pt\"><span style=\"font-family:Calibri,sans-serif\"><i><span arial=\"\" style=\"font-family:\">A norma prima pela qualidade de produ&ccedil;&atilde;o das geomembranas de PEAD usadas em aplica&ccedil;&otilde;es como revestimentos de aterros sanit&aacute;rios, barragens de rejeitos, impermeabiliza&ccedil;&atilde;o de solos e estruturas, lagos ornamentais, piscicultura, entre outras. <\/span><\/i><\/span><\/span><\/p>\r\n\r\n<p align=\"center\" class=\"MsoNoSpacing\" style=\"text-align:center\">&nbsp;<\/p>\r\n\r\n<p class=\"MsoNoSpacing\" style=\"text-align:justify\"><span style=\"font-size:11pt\"><span style=\"text-justify:inter-ideograph\"><span style=\"font-family:Calibri,sans-serif\"><span arial=\"\" style=\"font-family:\">O<\/span> <span arial=\"\" style=\"font-family:\">Comit&ecirc; T&eacute;cnico de Geossint&eacute;ticos da Associa&ccedil;&atilde;o Brasileira das Ind&uacute;strias de N&atilde;otecidos e Tecidos T&eacute;cnicos (CTG ABINT) lan&ccedil;a com exclusividade no Brasil a tradu&ccedil;&atilde;o <\/span><span arial=\"\" style=\"font-family:\">em portugu&ecirc;s da Especifica&ccedil;&atilde;o Padr&atilde;o GRI-GM13 &quot;M&eacute;todos de Ensaios, Propriedades de Ensaios e Frequ&ecirc;ncia de Ensaios para Geomembranas Lisas e Texturizadas de Polietileno de Alta Densidade (PEAD)&quot;.<\/span><\/span><\/span><\/span><\/p>\r\n\r\n<p class=\"MsoNoSpacing\" style=\"text-align:justify\"><span style=\"font-size:11pt\"><span style=\"text-justify:inter-ideograph\"><span style=\"font-family:Calibri,sans-serif\"><span arial=\"\" style=\"font-family:\">De origem norte-americana, a norma prima pelo controle de qualidade na fabrica&ccedil;&atilde;o da geomembranas de PEAD usadas em aplica&ccedil;&otilde;es como revestimentos de aterros sanit&aacute;rios, barragens de rejeitos, impermeabiliza&ccedil;&atilde;o de solos e estruturas, lagos ornamentais, piscicultura, entre outras. <\/span><\/span><\/span><\/span><\/p>\r\n\r\n<p class=\"MsoNoSpacing\" style=\"text-align:justify\"><span style=\"font-size:11pt\"><span style=\"text-justify:inter-ideograph\"><span style=\"font-family:Calibri,sans-serif\"><span arial=\"\" style=\"font-family:\">Usada como baliza por projetistas, a norma garante a efici&ecirc;ncia e o desempenho da aplica&ccedil;&atilde;o, al&eacute;m de assegurar a durabilidade do produto, o que garante prote&ccedil;&atilde;o ao meio ambiente e redu&ccedil;&atilde;o de custos. <\/span><\/span><\/span><\/span><\/p>\r\n\r\n<p class=\"MsoNoSpacing\" style=\"text-align:justify\"><span style=\"font-size:11pt\"><span style=\"text-justify:inter-ideograph\"><span style=\"line-height:normal\"><span style=\"font-family:Calibri,sans-serif\"><span arial=\"\" style=\"font-family:\">&ldquo;O feito importante do CTG ABINT foi conseguir que a tradu&ccedil;&atilde;o, realizada e revisada por t&eacute;cnicos do setor, fosse inclu&iacute;da no portal do Geosynthetic Institute e disponibilizada gratuitamente, o que facilita o acesso e amplia a qualidade dos trabalhos realizados pela comunidade e o mercado de geossint&eacute;ticos no Brasil&rdquo;, afirma o Dr. Fernando Lavoie, coordenador do CTG ABINT. <\/span><\/span><\/span><\/span><\/span><\/p>\r\n\r\n<p class=\"MsoNoSpacing\" style=\"text-align:justify\"><span style=\"font-size:11pt\"><span style=\"text-justify:inter-ideograph\"><span style=\"font-family:Calibri,sans-serif\"><span arial=\"\" style=\"font-family:\">Para conhecer a norma, acesse <\/span><a href=\"https:\/\/geosynthetic-institute.org\/specs.htm\" style=\"color:blue; text-decoration:underline\"><span arial=\"\" style=\"font-family:\">https:\/\/geosynthetic-institute.org\/specs.htm<\/span><\/a><span arial=\"\" style=\"font-family:\"> , procure por GM13 - Test Methods, Test Properties and Testing Frequency for High Density Polyethylene (HDPE) Smooth and Textured Geomembranes, em seguida clique em <b>&quot;TEXTO ESCRITO COMPLETO&quot;<\/b> para visualizar a tradu&ccedil;&atilde;o em portugu&ecirc;s.<\/span><\/span><\/span><\/span><\/p>\r\n\r\n<p style=\"margin-top:16px; margin-bottom:13px; text-align:justify\"><span style=\"font-size:12pt\"><span style=\"background:white\"><span style=\"text-justify:inter-ideograph\"><span style=\"line-height:115%\"><span new=\"\" roman=\"\" style=\"font-family:\" times=\"\"><em><b><span style=\"font-size:11.0pt\"><span style=\"line-height:115%\"><span arial=\"\" style=\"font-family:\"><span style=\"color:black\">Sobre o CTG-ABINT:<\/span><\/span><\/span><\/span><\/b><\/em><em><span style=\"font-size:11.0pt\"><span style=\"line-height:115%\"><span arial=\"\" style=\"font-family:\"><span style=\"color:black\">&nbsp; composto por empresas fabricantes e distribuidoras de Geossint&eacute;ticos no Brasil e associadas &agrave; ABINT, o CTG-ABINT tem como objetivo divulgar as aplica&ccedil;&otilde;es dos Geossint&eacute;ticos em obras dos segmentos Ambiental, Agroneg&oacute;cio, Constru&ccedil;&atilde;o Civil, Infraestrutura, Minera&ccedil;&atilde;o, Transporte, entre outros, bem como difundir os conceitos de qualidade a serem observados por fabricantes e usu&aacute;rios, contribuindo para o desenvolvimento mercadol&oacute;gico de forma &eacute;tica e respons&aacute;vel. Para saber mais acesse www.geossinteticos.org.br<\/span><\/span><\/span><\/span><\/em><\/span><\/span><\/span><\/span><\/span><\/p>\r\n\r\n<p style=\"margin-top:16px; margin-bottom:13px; text-align:justify\"><span style=\"font-size:12pt\"><span style=\"background:white\"><span style=\"text-justify:inter-ideograph\"><span style=\"line-height:115%\"><span new=\"\" roman=\"\" style=\"font-family:\" times=\"\"><em><b><span style=\"font-size:11.0pt\"><span style=\"line-height:115%\"><span arial=\"\" style=\"font-family:\"><span style=\"color:black\">Sobre a ABINT:<\/span><\/span><\/span><\/span><\/b><\/em><em><span style=\"font-size:11.0pt\"><span style=\"line-height:115%\"><span arial=\"\" style=\"font-family:\"><span style=\"color:black\">&nbsp;Fundada em 1991, a Associa&ccedil;&atilde;o Brasileira das Ind&uacute;strias de N&atilde;otecidos e Tecidos T&eacute;cnicos tem como objetivo representar, difundir e defender os interesses da ind&uacute;stria brasileira de N&atilde;otecidos e Tecidos T&eacute;cnicos, promovendo e apoiando o seu desenvolvimento e o crescimento do mercado de aplica&ccedil;&otilde;es desses produtos, que s&atilde;o fundamentais a diversos e importantes setores da economia do pa&iacute;s. Para saber mais acesse&nbsp;<\/span><\/span><\/span><\/span><\/em><span style=\"color:black\"><a href=\"http:\/\/www.abint.org.br\/\" style=\"color:blue; text-decoration:underline\"><em><span style=\"font-size:11.0pt\"><span style=\"line-height:115%\"><span arial=\"\" style=\"font-family:\"><span style=\"color:black\"><span style=\"text-decoration:none\"><span style=\"text-underline:none\">www.abint.org.br<\/span><\/span><\/span><\/span><\/span><\/span><\/em><\/a><\/span><\/span><\/span><\/span><\/span><\/span><\/p>\r\n\r\n<pre>\r\n<em><b>Informa&ccedil;&otilde;es &agrave; Imprensa<\/b><\/em>\r\n<em><b>Assessoria de Comunica&ccedil;&atilde;o ABINT\r\n<\/b><\/em><a name=\"_Hlk107579072\"><em><b>Roberta Provatti <\/b><\/em><\/a>\r\n<em><b>(11) 99652-4661<\/b><\/em>\r\n<em><b>provattijornalista@gmail.com<\/b><\/em><\/pre>\r\n","texto_en":"<p>.<\/p>\r\n","7":"<p>.<\/p>\r\n","imagem":"COMP_capa-site-comunicacao_20240319195749Wfroxq6QhN.jpg","8":"COMP_capa-site-comunicacao_20240319195749Wfroxq6QhN.jpg","arquivo":"20240319-LANCAMENTO-CTG-NORMA-GRI-GM13-EM-PORTUGUES.PDF","9":"20240319-LANCAMENTO-CTG-NORMA-GRI-GM13-EM-PORTUGUES.PDF","titulo_arquivo":"20240319 Lancamento CTG norma GRI-GM13 em portugues","10":"20240319 Lancamento CTG norma GRI-GM13 em portugues","titulo_arquivo_en":"","11":"","created_at":"2024-03-19 19:57:59","12":"2024-03-19 19:57:59","updated_at":"2024-03-26 17:03:17","13":"2024-03-26 17:03:17"},{"id":108,"0":108,"ordem":115,"1":115,"data":"2024-03-19","2":"2024-03-19","slug":"boletim-abint-de-noticias-semanais-21","3":"boletim-abint-de-noticias-semanais-21","titulo":"Boletim ABINT de Not\u00edcias Semanais","4":"Boletim ABINT de Not\u00edcias Semanais","titulo_en":"","5":"","texto":"<p style=\"text-align:justify\"><span style=\"font-size:11pt\"><span style=\"line-height:normal\"><span style=\"font-family:Calibri,sans-serif\"><span style=\"font-size:14.0pt\">Esta &eacute; uma compila&ccedil;&atilde;o das not&iacute;cias mais relevantes para o setor, incluindo informa&ccedil;&otilde;es sobre acordos internacionais, economia brasileira, sustentabilidade e mat&eacute;rias primas, al&eacute;m de novidades do setor de N&atilde;otecidos e Tecidos T&eacute;cnicos.<\/span><\/span><\/span><\/span><\/p>\r\n\r\n<p style=\"text-align:justify\"><span style=\"font-size:28pt\"><span style=\"font-family:Cambria,serif\"><span style=\"letter-spacing:-0.5pt\"><b><span style=\"font-size:18.0pt\"><span style=\"font-family:&quot;Calibri&quot;,sans-serif\"><span style=\"font-variant:small-caps\">A&ccedil;&otilde;es realizadas<\/span><\/span><\/span><\/b><\/span><\/span><\/span><\/p>\r\n\r\n<p style=\"text-align:justify\">&nbsp;<\/p>\r\n\r\n<p class=\"MsoTitle\" style=\"text-align:justify; margin-bottom:20px\"><span style=\"font-size:18px\"><span style=\"box-sizing:border-box\"><span style=\"line-height:1.5\"><span style=\"color:#313f48\"><span style=\"font-family:&quot;Roboto Condensed&quot;, Helvetica, Arial, sans-serif\"><span style=\"font-style:normal\"><span style=\"font-variant-ligatures:normal\"><span style=\"font-weight:400\"><span style=\"white-space:normal\"><span style=\"background-color:#ffffff\"><span style=\"text-decoration-thickness:initial\"><span style=\"text-decoration-style:initial\"><span style=\"text-decoration-color:initial\"><span style=\"font-size:28pt\"><span style=\"box-sizing:border-box\"><span style=\"box-sizing:border-box\"><span style=\"font-family:Cambria, serif\"><span style=\"box-sizing:border-box\"><span style=\"letter-spacing:-0.5pt\"><b style=\"box-sizing:border-box; font-weight:bolder\"><span style=\"font-size:18pt\"><span style=\"box-sizing:border-box\"><span style=\"box-sizing:border-box\"><span style=\"font-family:Calibri, sans-serif\"><span style=\"box-sizing:border-box\"><span style=\"font-variant:small-caps\"><img src=\"https:\/\/www.abint.org.br\/assets\/img\/editor\/abint-logo-2020-g_20240312184741TKiM3W9l5A.png\" style=\"box-sizing:border-box; border-style:none; width:300px; height:69px\" \/><\/span><\/span><\/span><\/span><\/span><\/span><\/b><\/span><\/span><\/span><\/span><\/span><\/span><\/span><\/span><\/span><\/span><\/span><\/span><\/span><\/span><\/span><\/span><\/span><\/span><\/span><\/p>\r\n\r\n<p class=\"MsoTitle\" style=\"text-align:justify; margin-bottom:20px\"><span style=\"font-size:18px\"><span style=\"box-sizing:border-box\"><span style=\"line-height:1.5\"><span style=\"color:#313f48\"><span style=\"font-family:&quot;Roboto Condensed&quot;, Helvetica, Arial, sans-serif\"><span style=\"font-style:normal\"><span style=\"font-variant-ligatures:normal\"><span style=\"font-weight:400\"><span style=\"white-space:normal\"><span style=\"background-color:#ffffff\"><span style=\"text-decoration-thickness:initial\"><span style=\"text-decoration-style:initial\"><span style=\"text-decoration-color:initial\"><span style=\"font-size:28pt\"><span style=\"box-sizing:border-box\"><span style=\"box-sizing:border-box\"><span style=\"font-family:Cambria, serif\"><span style=\"box-sizing:border-box\"><span style=\"letter-spacing:-0.5pt\"><b style=\"box-sizing:border-box; font-weight:bolder\"><span style=\"font-size:18pt\"><span style=\"box-sizing:border-box\"><span style=\"box-sizing:border-box\"><span style=\"font-family:Calibri, sans-serif\"><span style=\"box-sizing:border-box\"><span style=\"font-variant:small-caps\"><img src=\"https:\/\/www.abint.org.br\/assets\/img\/editor\/flyer-white-paper-abint-imagem_20240312184807EL7QRjrnqQ.jpeg\" style=\"box-sizing:border-box; border-style:none\" \/><\/span><\/span><\/span><\/span><\/span><\/span><\/b><\/span><\/span><\/span><\/span><\/span><\/span><\/span><\/span><\/span><\/span><\/span><\/span><\/span><\/span><\/span><\/span><\/span><\/span><\/span><\/p>\r\n\r\n<p align=\"center\" style=\"text-align:center; margin-bottom:20px\"><span style=\"font-size:18px\"><span style=\"box-sizing:border-box\"><span style=\"line-height:1.5\"><span style=\"color:#313f48\"><span style=\"font-family:&quot;Roboto Condensed&quot;, Helvetica, Arial, sans-serif\"><span style=\"font-style:normal\"><span style=\"font-variant-ligatures:normal\"><span style=\"font-weight:400\"><span style=\"white-space:normal\"><span style=\"background-color:#ffffff\"><span style=\"text-decoration-thickness:initial\"><span style=\"text-decoration-style:initial\"><span style=\"text-decoration-color:initial\"><span style=\"font-size:11pt\"><span style=\"box-sizing:border-box\"><span style=\"box-sizing:border-box\"><span style=\"line-height:normal\"><span style=\"box-sizing:border-box\"><span style=\"font-family:Calibri, sans-serif\"><a href=\"https:\/\/www.abint.org.br\/informacao\/publicacoes\" style=\"box-sizing:border-box; text-decoration:underline; color:blue; transition:color 0.3s ease 0s\"><b style=\"box-sizing:border-box; font-weight:bolder\"><span style=\"font-size:14pt\"><span style=\"box-sizing:border-box\">ACESSE AQUI O ESTUDO COMPLETO<\/span><\/span><\/b><\/a><\/span><\/span><\/span><\/span><\/span><\/span><\/span><\/span><\/span><\/span><\/span><\/span><\/span><\/span><\/span><\/span><\/span><\/span><\/span><\/p>\r\n\r\n<p class=\"MsoTitle\" style=\"text-align:justify\"><span style=\"font-size:28pt\"><span style=\"font-family:Cambria,serif\"><span style=\"letter-spacing:-0.5pt\"><b><span style=\"font-size:18.0pt\"><span style=\"font-family:&quot;Calibri&quot;,sans-serif\"><span style=\"font-variant:small-caps\">O que vem por a&iacute;<\/span><\/span><\/span><\/b><\/span><\/span><\/span><\/p>\r\n\r\n<p><b><img src=\"https:\/\/www.abint.org.br\/assets\/img\/editor\/original_20240312184025vTPSLFBQkL.png\" style=\"width: 300px; height: 69px;\" \/><\/b><\/p>\r\n\r\n<p><b><img src=\"https:\/\/www.abint.org.br\/assets\/img\/editor\/post-quadrado-curso-naotecido_20240312184105pudXqbuXLI.jpg\" style=\"width: 500px; height: 500px;\" \/><\/b><\/p>\r\n\r\n<p><a href=\"https:\/\/forms.office.com\/r\/5DrqtK5n3Y\">Informa&ccedil;&otilde;es e inscri&ccedil;&otilde;es<\/a><\/p>\r\n\r\n<p>&nbsp;<\/p>\r\n\r\n<p><img src=\"https:\/\/www.abint.org.br\/assets\/img\/editor\/logo-ctg-abint-png_20240312184208ZzqsfoVDgv.png\" style=\"width: 300px; height: 55px;\" \/><\/p>\r\n\r\n<p><img src=\"https:\/\/www.abint.org.br\/assets\/img\/editor\/20240326-live-ctg-instagram-mariana_20240312184254mvGGAnjAh6.jpeg\" style=\"width: 500px; height: 500px;\" \/><\/p>\r\n\r\n<p>No dia&nbsp;<b>26 de mar&ccedil;o<\/b>, o&nbsp;<b>CTG ABINT&nbsp;<\/b>far&aacute; uma&nbsp;<b>live no Instagram<\/b>&nbsp;sobre as&nbsp;<b>solu&ccedil;&otilde;es dos geossint&eacute;ticos para problemas associados &agrave; constru&ccedil;&atilde;o de barragens e piscin&otilde;es no Agroneg&oacute;cio<\/b>.<\/p>\r\n\r\n<p>Para assistir, acesse:&nbsp;<a href=\"https:\/\/www.instagram.com\/ctg_abint\/\">https:\/\/www.instagram.com\/ctg_abint\/<\/a><\/p>\r\n\r\n<p>&nbsp;<\/p>\r\n\r\n<p><img src=\"https:\/\/www.abint.org.br\/assets\/img\/editor\/geocentro-2024-logo_20240312184358q7awxAG7GO.jpg\" style=\"width: 500px; height: 298px;\" \/><\/p>\r\n\r\n<p>O CTG ABINT &eacute; um dos patrocinadores do&nbsp;<b>GEOCENTRO 2024 - 7&ordm; Simp&oacute;sio de Pr&aacute;tica de Engenharia Geot&eacute;cnica na Regi&atilde;o Centro-Oeste<\/b>, que acontecer&aacute; nos<b>&nbsp;dias 04, 05 e 06 de abril de 2024<\/b>, no Cenarium Rural,<b>&nbsp;em Cuiab&aacute;, Mato Grosso<\/b>.<\/p>\r\n\r\n<p>O evento &eacute;&nbsp;<b>promovido pela ABMS<\/b>&nbsp;&ndash; Associa&ccedil;&atilde;o Brasileira de Mec&acirc;nica dos Solos e Engenharia Geot&eacute;cnica &ndash; N&uacute;cleo Centro Oeste.<\/p>\r\n\r\n<p><a href=\"http:\/\/www.geocentro2024.com.br\/\">www.geocentro2024.com.br<\/a><\/p>\r\n\r\n<p>&nbsp;<\/p>\r\n\r\n<p><img src=\"https:\/\/www.abint.org.br\/assets\/img\/editor\/cth-logo-alta-png-2_20240312184602pDv7cUouKB.png\" style=\"width: 300px; height: 68px;\" \/><\/p>\r\n\r\n<p><img src=\"https:\/\/www.abint.org.br\/assets\/img\/editor\/hospitalmed-2024-logo_20240312184512NbskBsafP5.png\" style=\"width: 500px; height: 448px;\" \/><\/p>\r\n\r\n<p><b>O CTH ABINT &eacute; um dos patrocinadores da HospitalMed 2024.<\/b><\/p>\r\n\r\n<p>&ldquo;<i>A melhor e Mais Completa Feira de Sa&uacute;de do Norte\/Nordeste<\/i>&rdquo;, &eacute; uma realiza&ccedil;&atilde;o da HospitalMed Feiras &amp; Eventos e da Insight Feiras de Neg&oacute;cios.<\/p>\r\n\r\n<p><i>&ldquo;O&nbsp;<b>re&uacute;ne toda a cadeia produtiva do setor de sa&uacute;de das regi&otilde;es Norte\/Nordeste<\/b>. &Eacute; o grande encontro de fornecedores de Produtos, Equipamentos, Servi&ccedil;os, Tecnologia e Conte&uacute;do para Hospitais, Laborat&oacute;rios, Farm&aacute;cias, Cl&iacute;nicas, Consult&oacute;rios e Profissionais da Sa&uacute;de&rdquo;.<\/i><\/p>\r\n\r\n<p><a href=\"http:\/\/www.hospitalmed.com.br\/\">www.hospitalmed.com.br<\/a><\/p>\r\n\r\n<p class=\"MsoTitle\" style=\"text-align:justify\"><span style=\"font-size:28pt\"><span style=\"font-family:Cambria,serif\"><span style=\"letter-spacing:-0.5pt\"><b><span style=\"font-size:18.0pt\"><span style=\"font-family:&quot;Calibri&quot;,sans-serif\"><span style=\"font-variant:small-caps\">Not&iacute;cias das Associadas<\/span><\/span><\/span><\/b><\/span><\/span><\/span><\/p>\r\n\r\n<p style=\"text-align:justify\"><span style=\"font-size:11pt\"><span style=\"line-height:normal\"><span style=\"font-family:Calibri,sans-serif\"><span lang=\"EN-US\" style=\"font-size:14.0pt\"><a href=\"https:\/\/paranashop.com.br\/2024\/03\/andritz-vence-o-microsoft-intelligent-manufacturing-award-2024\/\" style=\"color:blue; text-decoration:underline\">ANDRITZ vence o Microsoft Intelligent Manufacturing Award 2024<\/a><\/span><\/span><\/span><\/span><\/p>\r\n\r\n<p style=\"text-align:justify\"><span style=\"font-size:11pt\"><span style=\"line-height:normal\"><span style=\"font-family:Calibri,sans-serif\"><a href=\"https:\/\/email2.nonwovens-industry.com\/e3t\/Ctc\/W2+113\/c-vk304\/VWqQLG2T2LyGW3Cn86M9b_tFTW9ccHTJ5bGv9xN78Lwt47mmzdW5BWSxg6lZ3nsW5m0YyH808XrtW7wgFJY3HQk8tW5DzCyJ7vQBFkW51_72C59yLGSW5K9p-V2skrqhW91lcFS6DN66tW2nkmQd9fBW_vN5r4s1cythj5W1Wgh6h8qldYPW9918gC89MMLQW8FJXCL2QclCvW4TPpjd3PYb2jW1ZM9pK5TlfCbW6Jqbx18XS6RYW3dqfjL29VrBMW21PHyY5lzcG3W3C2V1Y5w1YQ4W880pjS5H4hvTW27nRH12HLGPHW5RvPVJ1dyfjsW2pLv0m72v7K-W1gMqWl7yNmMwW6mZzS192-1jPW572g3l85gxjSW8qvRqf5sVMLtN7g3gy5-zTjmW7JQLBs51wmVjW5brKW38gKP4tW49Q89D59CpqHW7wW3Tf5q9fWbW2cq_dC2r4FfXW5p84-F7T_jrsW3V5nf752yRczW1p12hv3-bC_kW5yzPyt8rMPtvW8bz42x4H36v5W1npNn03JFlM9W3l73jl2PFrh1W5nMsVn2VD_JqW359KV-3Th9cwW35ckXJ2YxP4hW3W5C-82HttJMVTkyq_472WwdN6_YvDnzD5RGW8Y3wlY2WJM48W8_fBbR8yzCW-Vqq4LN3wCJfJW2FhTft3jb5W0W7jXDj06DS61FW8xrgkS31RVN5f39YqDl04\" style=\"color:blue; text-decoration:underline\"><span lang=\"EN-US\" style=\"font-size:14.0pt\">Freudenberg Achieves 4s CHEM Certification at European Apparel Center<\/span><\/a><\/span><\/span><\/span><\/p>\r\n\r\n<p style=\"text-align:justify\"><span style=\"font-size:11pt\"><span style=\"line-height:normal\"><span style=\"font-family:Calibri,sans-serif\"><a href=\"https:\/\/www.textileworld.com\/textile-world\/nonwovens-technical-textiles\/2024\/03\/techtextil-frankfurt-2024-freudenberg-performance-materials-showcasing-solutions-for-the-automotive-building-apparel-filtration-and-packaging-industries\/\" style=\"color:blue; text-decoration:underline\"><span lang=\"EN-US\" style=\"font-size:14.0pt\">Techtextil Frankfurt 2024: Freudenberg Performance Materials Showcasing Solutions For The Automotive, Building, Apparel, Filtration And Packaging Industries<\/span><\/a><\/span><\/span><\/span><\/p>\r\n\r\n<p style=\"text-align:justify\">&nbsp;<\/p>\r\n\r\n<p style=\"text-align:justify\"><span style=\"font-size:11pt\"><span style=\"line-height:normal\"><span style=\"font-family:Calibri,sans-serif\"><b><span style=\"font-size:18.0pt\"><span style=\"font-variant:small-caps\">Eventos<\/span><\/span><\/b><\/span><\/span><\/span><\/p>\r\n\r\n<p style=\"text-align:justify\"><span style=\"font-size:11pt\"><span style=\"line-height:normal\"><span style=\"font-family:Calibri,sans-serif\"><b><span style=\"font-size:14.0pt\">AESabesp | Semin&aacute;rio Internacional Dia Mundial da &Aacute;gua<\/span><\/b><span class=\"MsoHyperlink\" style=\"color:blue\"><span style=\"text-decoration:underline\"><span style=\"font-size:14.0pt\"><span style=\"text-decoration:none\"><span style=\"text-underline:none\">, 21 de mar&ccedil;o de 2024, 09h30 &agrave;s 18h00, evento online e gratuito, transmitido no canal AESabesp no YouTube<\/span><\/span><\/span><\/span><\/span><\/span><\/span><\/span><\/p>\r\n\r\n<p style=\"text-align:justify\"><span style=\"font-size:11pt\"><span style=\"line-height:normal\"><span style=\"font-family:Calibri,sans-serif\"><b><span style=\"font-size:14.0pt\">Sindit&ecirc;xtil-SP | Workshop: Transa&ccedil;&atilde;o Tribut&aacute;ria Estadual<\/span><\/b><span style=\"font-size:14.0pt\">, 26 de mar&ccedil;o de 2024, 09h00 &agrave;s 1h00, evento h&iacute;brido.<\/span> <a href=\"https:\/\/produtos.institutoabit.org.br\/prod\/642c0aea-1b13-4f24-b9e3-43214d139c34?utm_campaign=workshop_transacao_tributaria_estadual&amp;utm_medium=email&amp;utm_source=RD+Station\" style=\"color:blue; text-decoration:underline\"><span style=\"font-size:14.0pt\">Informa&ccedil;&otilde;es e inscri&ccedil;&otilde;es aqui<\/span><\/a><\/span><\/span><\/span><\/p>\r\n\r\n<p style=\"text-align:justify\"><span style=\"font-size:11pt\"><span style=\"line-height:normal\"><span style=\"font-family:Calibri,sans-serif\"><b><span style=\"font-size:14.0pt\">FGV IBRE | I Encontro do Centro de Pol&iacute;tica Fiscal e Or&ccedil;amento<\/span><\/b><span class=\"MsoHyperlink\" style=\"color:blue\"><span style=\"text-decoration:underline\"><span style=\"font-size:14.0pt\"><span style=\"text-decoration:none\"><span style=\"text-underline:none\">, 02 de abril de 2024, 09h00 &agrave;s 13h00, evento presencial, Praia de Botafogo, 190, Rio de Janeiro, RJ. <\/span><\/span><\/span><\/span><\/span><a href=\"https:\/\/evento.fgv.br\/iencontro_politicaefiscal_0204\/\" style=\"color:blue; text-decoration:underline\"><span style=\"font-size:14.0pt\">Informa&ccedil;&otilde;es e inscri&ccedil;&otilde;es aqui<\/span><\/a> <\/span><\/span><\/span><\/p>\r\n\r\n<p style=\"text-align:justify\"><span style=\"font-size:11pt\"><span style=\"line-height:normal\"><span style=\"font-family:Calibri,sans-serif\"><b><span style=\"font-size:14.0pt\">ABTT Academy | Curso de Alfandegu&ecirc;s: Aprenda os Segredos do Com&eacute;rcio T&ecirc;xtil<\/span><\/b><span class=\"MsoHyperlink\" style=\"color:blue\"><span style=\"text-decoration:underline\"><span style=\"font-size:14.0pt\"><span style=\"text-decoration:none\"><span style=\"text-underline:none\">, 20 de abril de 2024, 08h00 &agrave;s 12h00. <\/span><\/span><\/span><\/span><\/span><a href=\"https:\/\/docs.google.com\/forms\/d\/e\/1FAIpQLSeI0D2T9RWo5ep94MerHacZNLtiABGYYveyerr8HFTB0fadqw\/viewform\" style=\"color:blue; text-decoration:underline\"><span style=\"font-size:14.0pt\">Informa&ccedil;&otilde;es e inscri&ccedil;&otilde;es aqui<\/span><\/a> <\/span><\/span><\/span><\/p>\r\n\r\n<p style=\"text-align:justify\"><span style=\"font-size:11pt\"><span style=\"line-height:normal\"><span style=\"font-family:Calibri,sans-serif\"><b><span style=\"font-size:14.0pt\">GEOAMERICAS 2024, <\/span><\/b><span style=\"font-size:14.0pt\">de 28 de abril a 01 de maio de 2024, em Toronto (Canad&aacute;). <\/span><a href=\"https:\/\/www.geoamericas2024.org\/\" style=\"color:blue; text-decoration:underline\"><span style=\"font-size:14.0pt\">Informa&ccedil;&otilde;es aqui.<\/span><\/a><\/span><\/span><\/span><\/p>\r\n\r\n<p style=\"text-align:justify\"><span style=\"font-size:11pt\"><span style=\"line-height:normal\"><span style=\"font-family:Calibri,sans-serif\"><b><span style=\"font-size:14.0pt\">II Congresso Ibero-Americano de Esteriliza&ccedil;&atilde;o e II Congresso Nacional de Reprocessamento de Dispositivos M&eacute;dicos<\/span><\/b><span style=\"font-size:14.0pt\">, 16 a 18 de maio de 2024, Cartagena, Colombia<b>. <\/b><\/span><a href=\"http:\/\/nascecme.com.br\/ii-congresso-ibero-americano-de-esterilizacao-e-ii-congresso-nacional-de-reprocessamento-de-dispositivos-medicos\/\" style=\"color:blue; text-decoration:underline\"><span lang=\"EN-US\" style=\"font-size:14.0pt\">Informa&ccedil;&otilde;es<\/span><\/a><span lang=\"EN-US\" style=\"font-size:14.0pt\"> <\/span><\/span><\/span><\/span><\/p>\r\n\r\n<p style=\"text-align:justify\"><span style=\"font-size:11pt\"><span style=\"line-height:normal\"><span style=\"font-family:Calibri,sans-serif\"><b><span lang=\"EN-US\" style=\"font-size:14.0pt\">ANEX 2024 | Asia Nonwoven Exhibition and Conference<\/span><\/b><span lang=\"EN-US\" style=\"font-size:14.0pt\">, 22-24 May 2024, Taipei Nangang Exhibition Center, Hall 1. <\/span><a href=\"https:\/\/www.anex2024.com\/\" style=\"color:blue; text-decoration:underline\"><span lang=\"EN-US\" style=\"font-size:14.0pt\">Information here<\/span><\/a> <\/span><\/span><\/span><\/p>\r\n\r\n<p style=\"text-align:justify\"><span style=\"font-size:11pt\"><span style=\"line-height:normal\"><span style=\"font-family:Calibri,sans-serif\"><b><span lang=\"EN-US\" style=\"font-size:14.0pt\">The EDANA Innovation Forum<\/span><\/b><span class=\"MsoHyperlink\" style=\"color:blue\"><span style=\"text-decoration:underline\"><span lang=\"EN-US\" style=\"font-size:14.0pt\"><span style=\"text-decoration:none\"><span style=\"text-underline:none\">, 04 - 06 June 2024, Munich. <\/span><\/span><\/span><\/span><\/span><a href=\"https:\/\/www.edana.org\/events\/edana-innovation-forum-?ct=t(MENA_2018_call_for_papers6_28_2017_COPY_01)&amp;mc_cid=27efeab42f&amp;mc_eid=08e0eae351\" style=\"color:blue; text-decoration:underline\"><span lang=\"EN-US\" style=\"font-size:14.0pt\">Information here<\/span><\/a><\/span><\/span><\/span><\/p>\r\n\r\n<p style=\"text-align:justify\"><span style=\"font-size:11pt\"><span style=\"line-height:normal\"><span style=\"font-family:Calibri,sans-serif\"><b><span lang=\"EN-US\" style=\"font-size:14.0pt\">HIGITEX 2024 | International Technical Textiles &amp; Nonwoven Exhibition<\/span><\/b><span lang=\"EN-US\" style=\"font-size:14.0pt\">, 4-8 June 2024, T&uuml;yap Fair Convention and Congress Center, T&uuml;rkiye. <\/span><a href=\"https:\/\/www.hightex.com.tr\/\" style=\"color:blue; text-decoration:underline\"><span style=\"font-size:14.0pt\">Information here<\/span><\/a> <\/span><\/span><\/span><\/p>\r\n\r\n<p style=\"text-align:justify\"><span style=\"font-size:11pt\"><span style=\"line-height:normal\"><span style=\"font-family:Calibri,sans-serif\"><b><span style=\"font-size:14.0pt\">FEIPLAR COMPOSITES &amp; FEIPUR &ndash; Feira e Congresso Internacionais de Composites, Poliuretano, Pl&aacute;sticos de Engenharia e Compostos Termopl&aacute;sticos<\/span><\/b><span style=\"font-size:14.0pt\">, 20 a 22 de agosto de 2024, S&atilde;o Paulo Expo (Pavilh&atilde;o 5), palestras: das 8h30 &agrave;s 18h, feira: das 13h &agrave;s 20h.<b> <\/b><\/span><a href=\"http:\/\/www.feiplar.com\" style=\"color:blue; text-decoration:underline\"><span style=\"font-size:14.0pt\">www.feiplar.com<\/span><\/a> <\/span><\/span><\/span><\/p>\r\n\r\n<p style=\"text-align:justify\"><span style=\"font-size:11pt\"><span style=\"line-height:normal\"><span style=\"font-family:Calibri,sans-serif\"><b><span style=\"font-size:14.0pt\">Fenasan 2024 &ndash; Feira Nacional de Saneamento e Meio Ambiente<\/span><\/b><span style=\"font-size:14.0pt\">, 22 a 24 de outubro de 2024, Pavilh&otilde;es Verde e Vermelho, Expo Center Norte, S&atilde;o Paulo SP. <\/span><a href=\"http:\/\/www.fenasan.com.br\" style=\"color:blue; text-decoration:underline\"><span style=\"font-size:14.0pt\">www.fenasan.com.br<\/span><\/a> <\/span><\/span><\/span><\/p>\r\n\r\n<p style=\"text-align:justify\"><span style=\"font-size:11pt\"><span style=\"line-height:normal\"><span style=\"font-family:Calibri,sans-serif\"><b><span style=\"font-size:14.0pt\">HospitalMed 2024<\/span><\/b><span style=\"font-size:14.0pt\">, 23 a 25 de outubro, das 14h &agrave;s 20h, no Pernambuco Centro de Conven&ccedil;&otilde;es. <\/span><a href=\"http:\/\/www.hospitalmed.com.br\" style=\"color:blue; text-decoration:underline\"><span lang=\"EN-US\" style=\"font-size:14.0pt\">www.hospitalmed.com.br<\/span><\/a> <\/span><\/span><\/span><\/p>\r\n\r\n<p style=\"text-align:justify\"><span style=\"font-size:28pt\"><span style=\"font-family:Cambria,serif\"><span style=\"letter-spacing:-0.5pt\"><b><span lang=\"EN-US\" style=\"font-size:18.0pt\"><span style=\"font-family:&quot;Calibri&quot;,sans-serif\"><span style=\"font-variant:small-caps\">Setor<\/span><\/span><\/span><\/b><\/span><\/span><\/span><\/p>\r\n\r\n<p style=\"text-align:justify\"><span style=\"font-size:11pt\"><span style=\"line-height:normal\"><span style=\"font-family:Calibri,sans-serif\"><a href=\"https:\/\/www.nonwovens-industry.com\/contents\/view_features\/2024-03-01\/meltblown-faces-challenges?utm_campaign=NON+Issue+Alert&amp;utm_medium=email&amp;_hsmi=298068101&amp;_hsenc=p2ANqtz-8uY4C7y5Nn9wZ2esSRxs2vm4Bp6dM0xxcGENo95LSU0k1dkDkB4fLLSeHR4Gbi_MBBxIKCjzzuBGrWuL6I03Veodevbw&amp;utm_content=298068101&amp;utm_source=hs_email\" style=\"color:blue; text-decoration:underline\"><span lang=\"EN-US\" style=\"font-size:14.0pt\">Meltblown Faces Challenges<\/span><\/a><\/span><\/span><\/span><\/p>\r\n\r\n<p style=\"text-align:justify\"><span style=\"font-size:11pt\"><span style=\"line-height:normal\"><span style=\"font-family:Calibri,sans-serif\"><a href=\"https:\/\/www.nonwovens-industry.com\/contents\/view_features\/2024-03-01\/opportunities-abound-for-adult-incontinence-products-market?utm_campaign=NON+Issue+Alert&amp;utm_medium=email&amp;_hsmi=298068101&amp;_hsenc=p2ANqtz-8XpCq6oh8LRMSSdDLHLeBiVyYRk7iwwm3B94f2g1_QXQ7-FjhI8K5NMrBrz5ggOHs_Y_dTvI5CbzWUpeNts7_uyzFW_w&amp;utm_content=298068101&amp;utm_source=hs_email\" style=\"color:blue; text-decoration:underline\"><span lang=\"EN-US\" style=\"font-size:14.0pt\">Opportunities Abound for Adult Incontinence Products Market<\/span><\/a><\/span><\/span><\/span><\/p>\r\n\r\n<p style=\"text-align:justify\"><span style=\"font-size:11pt\"><span style=\"line-height:normal\"><span style=\"font-family:Calibri,sans-serif\"><a href=\"https:\/\/redeglobo.globo.com\/sp\/eptv\/epagro\/noticia\/descubra-os-beneficios-de-trocar-os-agroquimicos-pela-producao-organica.ghtml\" style=\"color:blue; text-decoration:underline\"><span style=\"font-size:14.0pt\">Mulching: descubra os benef&iacute;cios de trocar os agroqu&iacute;micos pela produ&ccedil;&atilde;o org&acirc;nica<\/span><\/a><\/span><\/span><\/span><\/p>\r\n\r\n<p style=\"text-align:justify\"><span style=\"font-size:11pt\"><span style=\"line-height:normal\"><span style=\"font-family:Calibri,sans-serif\"><a href=\"https:\/\/www.nonwovens-industry.com\/contents\/view_breaking-news\/2024-03-12\/evonik-to-sell-superabsorbents-business-to-icig\/15303\" style=\"color:blue; text-decoration:underline\"><span lang=\"EN-US\" style=\"font-size:14.0pt\">Evonik to Sell Superabsorbents Business to ICIG<\/span><\/a><\/span><\/span><\/span><\/p>\r\n\r\n<p style=\"text-align:justify\"><span style=\"font-size:11pt\"><span style=\"line-height:normal\"><span style=\"font-family:Calibri,sans-serif\"><a href=\"https:\/\/www.nonwovens-industry.com\/contents\/view_breaking-news\/2024-03-10\/kimberly-clark-introduces-hybrid-style-diaper-in-brazil\/15303\" style=\"color:blue; text-decoration:underline\"><span lang=\"EN-US\" style=\"font-size:14.0pt\">Kimberly-Clark Introduces Hybrid Style Diaper in Brazil<\/span><\/a><\/span><\/span><\/span><\/p>\r\n\r\n<p style=\"text-align:justify\"><span style=\"font-size:11pt\"><span style=\"line-height:normal\"><span style=\"font-family:Calibri,sans-serif\"><a href=\"https:\/\/www.cbnrecife.com\/artigo\/jaboatao-aplica-geomanta-no-bairro-do-engenho-velho\" style=\"color:blue; text-decoration:underline\"><span style=\"font-size:14.0pt\">Jaboat&atilde;o aplica geomanta no bairro do Engenho Velho<\/span><\/a><\/span><\/span><\/span><\/p>\r\n\r\n<p style=\"text-align:justify\"><span style=\"font-size:11pt\"><span style=\"line-height:normal\"><span style=\"font-family:Calibri,sans-serif\"><a href=\"https:\/\/www.spacemoney.com.br\/investimentos\/acoes\/braskem-brkm5-comeca-a-receber-propeno-circular-da-shell-para\/204997\/\" style=\"color:blue; text-decoration:underline\"><span style=\"font-size:14.0pt\">Braskem (BRKM5) come&ccedil;a a receber propeno circular da Shell para produ&ccedil;&atilde;o de polipropileno<\/span><\/a><\/span><\/span><\/span><\/p>\r\n\r\n<p style=\"text-align:justify\"><span style=\"font-size:28pt\"><span style=\"font-family:Cambria,serif\"><span style=\"letter-spacing:-0.5pt\"><b><span style=\"font-size:18.0pt\"><span style=\"font-family:&quot;Calibri&quot;,sans-serif\"><span style=\"font-variant:small-caps\">Ind&uacute;stria<\/span><\/span><\/span><\/b><\/span><\/span><\/span><\/p>\r\n\r\n<p style=\"text-align:justify\"><span style=\"font-size:11pt\"><span style=\"line-height:normal\"><span style=\"font-family:Calibri,sans-serif\"><a href=\"https:\/\/noticias.portaldaindustria.com.br\/noticias\/economia\/competicao-desleal-se-tornou-um-grave-problema-para-a-industria-de-transformacao-afirma-cni\/\" style=\"color:blue; text-decoration:underline\"><span style=\"font-size:14.0pt\">Competi&ccedil;&atilde;o desleal se tornou um grave problema para a ind&uacute;stria de transforma&ccedil;&atilde;o, afirma CNI<\/span><\/a><span class=\"MsoHyperlink\" style=\"color:blue\"><span style=\"text-decoration:underline\"><span style=\"font-size:14.0pt\"><span style=\"text-decoration:none\"><span style=\"text-underline:none\"> &ndash; Acesse a <\/span><\/span><\/span><\/span><\/span><a href=\"https:\/\/static.portaldaindustria.com.br\/media\/filer_public\/97\/91\/97915816-5ea4-4b90-a34d-30c148d44eb8\/nota_economica_no_31.pdf\" style=\"color:blue; text-decoration:underline\"><span style=\"font-size:14.0pt\">Nota Econ&ocirc;mica n&ordm; 31<\/span><\/a><\/span><\/span><\/span><\/p>\r\n\r\n<p style=\"text-align:justify\"><span style=\"font-size:11pt\"><span style=\"line-height:normal\"><span style=\"font-family:Calibri,sans-serif\"><a href=\"https:\/\/www.tudocelular.com\/seguranca\/noticias\/n218799\/remessa-conforme-combate-pirataria-importacoes.html\" style=\"color:blue; text-decoration:underline\"><span style=\"font-size:14.0pt\">Receita Federal deve combater pirataria em importa&ccedil;&otilde;es do Remessa Conforme<\/span><\/a><\/span><\/span><\/span><\/p>\r\n\r\n<p style=\"text-align:justify\"><span style=\"font-size:11pt\"><span style=\"line-height:normal\"><span style=\"font-family:Calibri,sans-serif\"><a href=\"https:\/\/noticias.portaldaindustria.com.br\/noticias\/economia\/73-das-grandes-industrias-tem-plano-de-investimento-produtivo-em-2024-aponta-cni\/\" style=\"color:blue; text-decoration:underline\"><span style=\"font-size:14.0pt\">73% das grandes ind&uacute;strias t&ecirc;m plano de investimento produtivo em 2024, aponta CNI<\/span><\/a><\/span><\/span><\/span><\/p>\r\n\r\n<p style=\"text-align:justify\"><span style=\"font-size:11pt\"><span style=\"line-height:normal\"><span style=\"font-family:Calibri,sans-serif\"><a href=\"https:\/\/horacampinas.com.br\/artigo-o-setor-de-maquinas-e-equipamentos-e-a-necessidade-de-investimentos-por-gino-paulucci-jr\/\" style=\"color:blue; text-decoration:underline\"><span style=\"font-size:14.0pt\">O setor de m&aacute;quinas e equipamentos e a necessidade de investimentos<\/span><\/a><\/span><\/span><\/span><\/p>\r\n\r\n<p style=\"text-align:justify\"><span style=\"font-size:11pt\"><span style=\"line-height:normal\"><span style=\"font-family:Calibri,sans-serif\"><a href=\"https:\/\/medicinasa.com.br\/brasil-exportacoes\/\" style=\"color:blue; text-decoration:underline\"><span style=\"font-size:14.0pt\">&Aacute;rea M&eacute;dica: Brasil supera US$ 1 bilh&atilde;o em exporta&ccedil;&otilde;es de dispositivos m&eacute;dicos em 2023<\/span><\/a><\/span><\/span><\/span><\/p>\r\n\r\n<p style=\"text-align:justify\"><span style=\"font-size:11pt\"><span style=\"line-height:normal\"><span style=\"font-family:Calibri,sans-serif\"><a href=\"https:\/\/fcem.com.br\/noticias\/segmento-de-colchoes-e-cama-box-cresce-em-vendas-no-varejo\/?utm_campaign=febratex_news_140324&amp;utm_medium=email&amp;utm_source=RD+Station\" style=\"color:blue; text-decoration:underline\"><span style=\"font-size:14.0pt\">Colchoeiro: Segmento de colch&otilde;es e cama-box cresce em vendas no varejo<\/span><\/a><\/span><\/span><\/span><\/p>\r\n\r\n<p style=\"text-align:justify\"><span style=\"font-size:11pt\"><span style=\"line-height:normal\"><span style=\"font-family:Calibri,sans-serif\"><a href=\"https:\/\/www.terra.com.br\/noticias\/industria-quimica-encara-desafios-para-crescer-em-2024,a9749ce1063c47e197422c3da0d1ed43aliev2lq.html\" style=\"color:blue; text-decoration:underline\"><span style=\"font-size:14.0pt\">Ind&uacute;stria qu&iacute;mica encara desafios para crescer em 2024<\/span><\/a><\/span><\/span><\/span><\/p>\r\n\r\n<p style=\"text-align:justify\"><span style=\"font-size:28pt\"><span style=\"font-family:Cambria,serif\"><span style=\"letter-spacing:-0.5pt\"><b><span style=\"font-size:18.0pt\"><span style=\"font-family:&quot;Calibri&quot;,sans-serif\"><span style=\"font-variant:small-caps\">Sustentabilidade<\/span><\/span><\/span><\/b><\/span><\/span><\/span><\/p>\r\n\r\n<p style=\"text-align:justify\"><span style=\"font-size:11pt\"><span style=\"line-height:normal\"><span style=\"font-family:Calibri,sans-serif\"><a href=\"https:\/\/istoedinheiro.com.br\/proibir-o-plastico-descartavel-e-solucao\/\" style=\"color:blue; text-decoration:underline\"><span style=\"font-size:14.0pt\">Proibir o pl&aacute;stico descart&aacute;vel &eacute; solu&ccedil;&atilde;o?<\/span><\/a><\/span><\/span><\/span><\/p>\r\n\r\n<p style=\"text-align:justify\"><span style=\"font-size:11pt\"><span style=\"line-height:normal\"><span style=\"font-family:Calibri,sans-serif\"><a href=\"https:\/\/www.nonwovens-industry.com\/contents\/view_features\/2024-03-01\/africas-circular-economy-a-nonwovens-perspective?utm_campaign=NON+Issue+Alert&amp;utm_medium=email&amp;_hsmi=298068101&amp;_hsenc=p2ANqtz-8g8oL1CO2qfzlW6f3XoZHieZqZqIcGpQ-cEu289FfrCxmJg0G8XIh1B7CPfV7ZBfQlcSxr6PPMTYRq9BQs9EBwDX_qkQ&amp;utm_content=298068101&amp;utm_source=hs_email\" style=\"color:blue; text-decoration:underline\"><span style=\"font-size:14.0pt\">Africa&rsquo;s Circular Economy&mdash;A Nonwovens Perspective<\/span><\/a><\/span><\/span><\/span><\/p>\r\n\r\n<p style=\"text-align:justify\"><span style=\"font-size:11pt\"><span style=\"line-height:normal\"><span style=\"font-family:Calibri,sans-serif\"><a href=\"https:\/\/www.gov.br\/mdic\/pt-br\/assuntos\/noticias\/2024\/marco\/ctibc-vai-construir-politica-de-descarbonizacao-da-industria\" style=\"color:blue; text-decoration:underline\"><span style=\"font-size:14.0pt\">CTIBC vai construir pol&iacute;tica de descarboniza&ccedil;&atilde;o da ind&uacute;stria<\/span><\/a><\/span><\/span><\/span><\/p>\r\n\r\n<p style=\"text-align:justify\"><span style=\"font-size:11pt\"><span style=\"line-height:normal\"><span style=\"font-family:Calibri,sans-serif\"><a href=\"https:\/\/mercadoeconsumo.com.br\/12\/03\/2024\/sustentabilidade\/precos-altos-impedem-brasileiros-de-adotar-consumo-mais-sustentavel\/?utm_campaign=news_1203_-_geral&amp;utm_medium=email&amp;utm_source=RD+Station\" style=\"color:blue; text-decoration:underline\"><span style=\"font-size:14.0pt\">Pre&ccedil;os altos impedem brasileiros de adotar consumo mais sustent&aacute;vel<\/span><\/a><\/span><\/span><\/span><\/p>\r\n\r\n<p style=\"text-align:justify\"><span style=\"font-size:11pt\"><span style=\"line-height:normal\"><span style=\"font-family:Calibri,sans-serif\"><a href=\"https:\/\/www.gov.br\/mdic\/pt-br\/assuntos\/noticias\/2024\/marco\/alemanha-doa-r-136-milhoes-para-projetos-de-descarbonizacao-da-industria-no-brasil\" style=\"color:blue; text-decoration:underline\"><span style=\"font-size:14.0pt\">Alemanha doa R$ 136 milh&otilde;es para projetos de descarboniza&ccedil;&atilde;o da ind&uacute;stria no Brasil<\/span><\/a><\/span><\/span><\/span><\/p>\r\n\r\n<p style=\"text-align:justify\"><span style=\"font-size:11pt\"><span style=\"line-height:normal\"><span style=\"font-family:Calibri,sans-serif\"><a href=\"https:\/\/www.cencenelec.eu\/news-and-events\/news\/2024\/brief-news\/2023-02-20-ccus\/\" style=\"color:blue; text-decoration:underline\"><span lang=\"EN-US\" style=\"font-size:14.0pt\">The launch of European Standardization on carbon capture, utilization and storage<\/span><\/a><\/span><\/span><\/span><\/p>\r\n\r\n<p style=\"text-align:justify\"><span style=\"font-size:28pt\"><span style=\"font-family:Cambria,serif\"><span style=\"letter-spacing:-0.5pt\"><b><span lang=\"EN-US\" style=\"font-size:18.0pt\"><span style=\"font-family:&quot;Calibri&quot;,sans-serif\"><span style=\"font-variant:small-caps\">Inova&ccedil;&atilde;o<\/span><\/span><\/span><\/b><\/span><\/span><\/span><\/p>\r\n\r\n<p style=\"text-align:justify\"><span style=\"font-size:11pt\"><span style=\"line-height:normal\"><span style=\"font-family:Calibri,sans-serif\"><a href=\"https:\/\/www.nonwovens-industry.com\/contents\/view_breaking-news\/2024-03-09\/toray-develops-diaper-embedded-urination-sensor?utm_campaign=NON+eNewsletter&amp;utm_medium=email&amp;_hsmi=298257476&amp;_hsenc=p2ANqtz--KLiBIiT8ZjilQfma64XO8D7_fj-4y6VyQQ3n2j8z360OT5Eiccfka27GJ0AxL6ToWPBtbOv8my7XvRvCc1QWaaJyxxg&amp;utm_content=298257476&amp;utm_source=hs_email\" style=\"color:blue; text-decoration:underline\"><span lang=\"EN-US\" style=\"font-size:14.0pt\">Toray Develops Diaper-Embedded Urination Sensor<\/span><\/a><\/span><\/span><\/span><\/p>\r\n\r\n<p style=\"text-align:justify\"><span style=\"font-size:11pt\"><span style=\"line-height:normal\"><span style=\"font-family:Calibri,sans-serif\"><a href=\"https:\/\/noticias.portaldaindustria.com.br\/noticias\/inovacao-e-tecnologia\/mobilizacao-empresarial-pela-inovacao-e-fundamental-para-nova-politica-industrial-afirma-alban\/\" style=\"color:blue; text-decoration:underline\"><span style=\"font-size:14.0pt\">Mobiliza&ccedil;&atilde;o Empresarial pela Inova&ccedil;&atilde;o &eacute; fundamental para nova pol&iacute;tica industrial, afirma Alban<\/span><\/a><\/span><\/span><\/span><\/p>\r\n\r\n<p style=\"text-align:justify\"><span style=\"font-size:11pt\"><span style=\"line-height:normal\"><span style=\"font-family:Calibri,sans-serif\"><a href=\"https:\/\/startupi.com.br\/conheca-a-wylinka\/\" style=\"color:blue; text-decoration:underline\"><span style=\"font-size:14.0pt\">Conhe&ccedil;a a Wylinka, organiza&ccedil;&atilde;o que impulsiona o desenvolvimento de inova&ccedil;&otilde;es cient&iacute;ficas no Brasil<\/span><\/a><\/span><\/span><\/span><\/p>\r\n\r\n<p style=\"text-align:justify\"><span style=\"font-size:11pt\"><span style=\"line-height:normal\"><span style=\"font-family:Calibri,sans-serif\"><a href=\"https:\/\/www.cencenelec.eu\/news-and-events\/news\/2024\/brief-news\/2024-03-08-international-women-s-day-2024\/\" style=\"color:blue; text-decoration:underline\"><span lang=\"EN-US\" style=\"font-size:14.0pt\">International Women&rsquo;s Day 2024: a new standard helps ensure the safety and quality of menstrual products<\/span><\/a><\/span><\/span><\/span><\/p>\r\n\r\n<p style=\"text-align:justify\"><span style=\"font-size:11pt\"><span style=\"line-height:normal\"><span style=\"font-family:Calibri,sans-serif\"><a href=\"https:\/\/www.cencenelec.eu\/news-and-events\/news\/2024\/press-release\/2024-03-15-european-qi-network\/\" style=\"color:blue; text-decoration:underline\"><span lang=\"EN-US\" style=\"font-size:14.0pt\">CEN, CENELEC, EA, EURAMET, and WELMEC join forces to reinforce and promote the European Quality Infrastructure<\/span><\/a><\/span><\/span><\/span><\/p>\r\n\r\n<p style=\"text-align:justify\"><span style=\"font-size:28pt\"><span style=\"font-family:Cambria,serif\"><span style=\"letter-spacing:-0.5pt\"><b><span style=\"font-size:18.0pt\"><span style=\"font-family:&quot;Calibri&quot;,sans-serif\"><span style=\"font-variant:small-caps\">Com&eacute;rcio Exterior<\/span><\/span><\/span><\/b><\/span><\/span><\/span><\/p>\r\n\r\n<p style=\"text-align:justify\"><span style=\"font-size:11pt\"><span style=\"line-height:normal\"><span style=\"font-family:Calibri,sans-serif\"><a href=\"https:\/\/anba.com.br\/exportacoes-de-calcados-recuam-no-bimestre\/\" style=\"color:blue; text-decoration:underline\"><span style=\"font-size:14.0pt\">Exporta&ccedil;&otilde;es de cal&ccedil;ados recuam no bimestre<\/span><\/a><\/span><\/span><\/span><\/p>\r\n\r\n<p style=\"text-align:justify\"><span style=\"font-size:11pt\"><span style=\"line-height:normal\"><span style=\"font-family:Calibri,sans-serif\"><a href=\"https:\/\/comexdobrasil.com\/comercio-com-a-china-tem-bimestre-marcado-por-forte-alta-nas-exportacoes-e-importacoes\/\" style=\"color:blue; text-decoration:underline\"><span style=\"font-size:14.0pt\">Com&eacute;rcio com a China tem bimestre marcado por forte alta nas exporta&ccedil;&otilde;es e importa&ccedil;&otilde;es<\/span><\/a><\/span><\/span><\/span><\/p>\r\n\r\n<p style=\"text-align:justify\"><span style=\"font-size:11pt\"><span style=\"line-height:normal\"><span style=\"font-family:Calibri,sans-serif\"><a href=\"https:\/\/www.fibre2fashion.com\/news\/textile-news\/antidumping-duties-on-asian-polyester-imports-to-us-remain-usitc-293742-newsdetails.htm\" style=\"color:blue; text-decoration:underline\"><span lang=\"EN-US\" style=\"font-size:14.0pt\">Antidumping duties on Asian polyester imports to US remain: USITC<\/span><\/a><\/span><\/span><\/span><\/p>\r\n\r\n<p style=\"text-align:justify\"><span style=\"font-size:11pt\"><span style=\"line-height:normal\"><span style=\"font-family:Calibri,sans-serif\"><a href=\"https:\/\/www.fibre2fashion.com\/news\/textile-news\/global-supply-chain-transformation-under-way-now-likely-to-deepen-ubs-293769-newsdetails.htm\" style=\"color:blue; text-decoration:underline\"><span lang=\"EN-US\" style=\"font-size:14.0pt\">Global supply chain transformation under way now likely to deepen: UBS<\/span><\/a><\/span><\/span><\/span><\/p>\r\n\r\n<p style=\"text-align:justify\"><span style=\"font-size:28pt\"><span style=\"font-family:Cambria,serif\"><span style=\"letter-spacing:-0.5pt\"><b><span style=\"font-size:18.0pt\"><span style=\"font-family:&quot;Calibri&quot;,sans-serif\"><span style=\"font-variant:small-caps\">Economia<\/span><\/span><\/span><\/b><\/span><\/span><\/span><\/p>\r\n\r\n<p style=\"text-align:justify\"><span style=\"font-size:11pt\"><span style=\"line-height:normal\"><span style=\"font-family:Calibri,sans-serif\"><a href=\"https:\/\/www.bcb.gov.br\/content\/focus\/focus\/R20240315.pdf\" style=\"color:blue; text-decoration:underline\"><span style=\"font-size:14.0pt\">Focus - Relat&oacute;rio de Mercado<\/span><\/a><\/span><\/span><\/span><\/p>\r\n\r\n<p style=\"text-align:justify\"><span style=\"font-size:11pt\"><span style=\"line-height:normal\"><span style=\"font-family:Calibri,sans-serif\"><a href=\"https:\/\/www.conjur.com.br\/2024-mar-13\/stj-derruba-limite-para-calculo-de-contribuicoes-ao-sistema-s\/\" style=\"color:blue; text-decoration:underline\"><span style=\"font-size:14.0pt\">STJ derruba limite para c&aacute;lculo de contribui&ccedil;&otilde;es ao Sistema S<\/span><\/a><\/span><\/span><\/span><\/p>\r\n\r\n<p style=\"text-align:justify\"><span style=\"font-size:11pt\"><span style=\"line-height:normal\"><span style=\"font-family:Calibri,sans-serif\"><a href=\"https:\/\/blogdoibre.fgv.br\/posts\/causas-da-desaceleracao-do-crescimento-da-produtividade\" style=\"color:blue; text-decoration:underline\"><span style=\"font-size:14.0pt\">Causas da desacelera&ccedil;&atilde;o do crescimento da produtividade<\/span><\/a><\/span><\/span><\/span><\/p>\r\n\r\n<p style=\"text-align:justify\"><span style=\"font-size:11pt\"><span style=\"line-height:normal\"><span style=\"font-family:Calibri,sans-serif\"><a href=\"https:\/\/noticias.portaldaindustria.com.br\/noticias\/economia\/confianca-da-industria-permanece-estavel-em-marco-afirma-cni\/\" style=\"color:blue; text-decoration:underline\"><span style=\"font-size:14.0pt\">Confian&ccedil;a da ind&uacute;stria permanece est&aacute;vel em mar&ccedil;o, afirma CNI<\/span><\/a><\/span><\/span><\/span><\/p>\r\n\r\n<p style=\"text-align:justify\"><span style=\"font-size:11pt\"><span style=\"line-height:normal\"><span style=\"font-family:Calibri,sans-serif\"><a href=\"https:\/\/blogs.iadb.org\/ideas-matter\/en\/a-new-report-stresses-reforms-to-boost-productivity-and-seize-markets-in-an-uncertain-world\/\" style=\"color:blue; text-decoration:underline\"><span lang=\"EN-US\" style=\"font-size:14.0pt\">A New Report Stresses Reforms to Boost Productivity and Seize Markets in an Uncertain World<\/span><\/a><\/span><\/span><\/span><\/p>\r\n\r\n<p style=\"text-align:justify\">&nbsp;<\/p>\r\n\r\n<p style=\"text-align:justify\"><img src=\"https:\/\/www.abint.org.br\/assets\/img\/editor\/redes-sociais-abint-ctg-cth_20240312184853hpGC2WV2w6.jpg\" \/><\/p>\r\n","6":"<p style=\"text-align:justify\"><span style=\"font-size:11pt\"><span style=\"line-height:normal\"><span style=\"font-family:Calibri,sans-serif\"><span style=\"font-size:14.0pt\">Esta &eacute; uma compila&ccedil;&atilde;o das not&iacute;cias mais relevantes para o setor, incluindo informa&ccedil;&otilde;es sobre acordos internacionais, economia brasileira, sustentabilidade e mat&eacute;rias primas, al&eacute;m de novidades do setor de N&atilde;otecidos e Tecidos T&eacute;cnicos.<\/span><\/span><\/span><\/span><\/p>\r\n\r\n<p style=\"text-align:justify\"><span style=\"font-size:28pt\"><span style=\"font-family:Cambria,serif\"><span style=\"letter-spacing:-0.5pt\"><b><span style=\"font-size:18.0pt\"><span style=\"font-family:&quot;Calibri&quot;,sans-serif\"><span style=\"font-variant:small-caps\">A&ccedil;&otilde;es realizadas<\/span><\/span><\/span><\/b><\/span><\/span><\/span><\/p>\r\n\r\n<p style=\"text-align:justify\">&nbsp;<\/p>\r\n\r\n<p class=\"MsoTitle\" style=\"text-align:justify; margin-bottom:20px\"><span style=\"font-size:18px\"><span style=\"box-sizing:border-box\"><span style=\"line-height:1.5\"><span style=\"color:#313f48\"><span style=\"font-family:&quot;Roboto Condensed&quot;, Helvetica, Arial, sans-serif\"><span style=\"font-style:normal\"><span style=\"font-variant-ligatures:normal\"><span style=\"font-weight:400\"><span style=\"white-space:normal\"><span style=\"background-color:#ffffff\"><span style=\"text-decoration-thickness:initial\"><span style=\"text-decoration-style:initial\"><span style=\"text-decoration-color:initial\"><span style=\"font-size:28pt\"><span style=\"box-sizing:border-box\"><span style=\"box-sizing:border-box\"><span style=\"font-family:Cambria, serif\"><span style=\"box-sizing:border-box\"><span style=\"letter-spacing:-0.5pt\"><b style=\"box-sizing:border-box; font-weight:bolder\"><span style=\"font-size:18pt\"><span style=\"box-sizing:border-box\"><span style=\"box-sizing:border-box\"><span style=\"font-family:Calibri, sans-serif\"><span style=\"box-sizing:border-box\"><span style=\"font-variant:small-caps\"><img src=\"https:\/\/www.abint.org.br\/assets\/img\/editor\/abint-logo-2020-g_20240312184741TKiM3W9l5A.png\" style=\"box-sizing:border-box; border-style:none; width:300px; height:69px\" \/><\/span><\/span><\/span><\/span><\/span><\/span><\/b><\/span><\/span><\/span><\/span><\/span><\/span><\/span><\/span><\/span><\/span><\/span><\/span><\/span><\/span><\/span><\/span><\/span><\/span><\/span><\/p>\r\n\r\n<p class=\"MsoTitle\" style=\"text-align:justify; margin-bottom:20px\"><span style=\"font-size:18px\"><span style=\"box-sizing:border-box\"><span style=\"line-height:1.5\"><span style=\"color:#313f48\"><span style=\"font-family:&quot;Roboto Condensed&quot;, Helvetica, Arial, sans-serif\"><span style=\"font-style:normal\"><span style=\"font-variant-ligatures:normal\"><span style=\"font-weight:400\"><span style=\"white-space:normal\"><span style=\"background-color:#ffffff\"><span style=\"text-decoration-thickness:initial\"><span style=\"text-decoration-style:initial\"><span style=\"text-decoration-color:initial\"><span style=\"font-size:28pt\"><span style=\"box-sizing:border-box\"><span style=\"box-sizing:border-box\"><span style=\"font-family:Cambria, serif\"><span style=\"box-sizing:border-box\"><span style=\"letter-spacing:-0.5pt\"><b style=\"box-sizing:border-box; font-weight:bolder\"><span style=\"font-size:18pt\"><span style=\"box-sizing:border-box\"><span style=\"box-sizing:border-box\"><span style=\"font-family:Calibri, sans-serif\"><span style=\"box-sizing:border-box\"><span style=\"font-variant:small-caps\"><img src=\"https:\/\/www.abint.org.br\/assets\/img\/editor\/flyer-white-paper-abint-imagem_20240312184807EL7QRjrnqQ.jpeg\" style=\"box-sizing:border-box; border-style:none\" \/><\/span><\/span><\/span><\/span><\/span><\/span><\/b><\/span><\/span><\/span><\/span><\/span><\/span><\/span><\/span><\/span><\/span><\/span><\/span><\/span><\/span><\/span><\/span><\/span><\/span><\/span><\/p>\r\n\r\n<p align=\"center\" style=\"text-align:center; margin-bottom:20px\"><span style=\"font-size:18px\"><span style=\"box-sizing:border-box\"><span style=\"line-height:1.5\"><span style=\"color:#313f48\"><span style=\"font-family:&quot;Roboto Condensed&quot;, Helvetica, Arial, sans-serif\"><span style=\"font-style:normal\"><span style=\"font-variant-ligatures:normal\"><span style=\"font-weight:400\"><span style=\"white-space:normal\"><span style=\"background-color:#ffffff\"><span style=\"text-decoration-thickness:initial\"><span style=\"text-decoration-style:initial\"><span style=\"text-decoration-color:initial\"><span style=\"font-size:11pt\"><span style=\"box-sizing:border-box\"><span style=\"box-sizing:border-box\"><span style=\"line-height:normal\"><span style=\"box-sizing:border-box\"><span style=\"font-family:Calibri, sans-serif\"><a href=\"https:\/\/www.abint.org.br\/informacao\/publicacoes\" style=\"box-sizing:border-box; text-decoration:underline; color:blue; transition:color 0.3s ease 0s\"><b style=\"box-sizing:border-box; font-weight:bolder\"><span style=\"font-size:14pt\"><span style=\"box-sizing:border-box\">ACESSE AQUI O ESTUDO COMPLETO<\/span><\/span><\/b><\/a><\/span><\/span><\/span><\/span><\/span><\/span><\/span><\/span><\/span><\/span><\/span><\/span><\/span><\/span><\/span><\/span><\/span><\/span><\/span><\/p>\r\n\r\n<p class=\"MsoTitle\" style=\"text-align:justify\"><span style=\"font-size:28pt\"><span style=\"font-family:Cambria,serif\"><span style=\"letter-spacing:-0.5pt\"><b><span style=\"font-size:18.0pt\"><span style=\"font-family:&quot;Calibri&quot;,sans-serif\"><span style=\"font-variant:small-caps\">O que vem por a&iacute;<\/span><\/span><\/span><\/b><\/span><\/span><\/span><\/p>\r\n\r\n<p><b><img src=\"https:\/\/www.abint.org.br\/assets\/img\/editor\/original_20240312184025vTPSLFBQkL.png\" style=\"width: 300px; height: 69px;\" \/><\/b><\/p>\r\n\r\n<p><b><img src=\"https:\/\/www.abint.org.br\/assets\/img\/editor\/post-quadrado-curso-naotecido_20240312184105pudXqbuXLI.jpg\" style=\"width: 500px; height: 500px;\" \/><\/b><\/p>\r\n\r\n<p><a href=\"https:\/\/forms.office.com\/r\/5DrqtK5n3Y\">Informa&ccedil;&otilde;es e inscri&ccedil;&otilde;es<\/a><\/p>\r\n\r\n<p>&nbsp;<\/p>\r\n\r\n<p><img src=\"https:\/\/www.abint.org.br\/assets\/img\/editor\/logo-ctg-abint-png_20240312184208ZzqsfoVDgv.png\" style=\"width: 300px; height: 55px;\" \/><\/p>\r\n\r\n<p><img src=\"https:\/\/www.abint.org.br\/assets\/img\/editor\/20240326-live-ctg-instagram-mariana_20240312184254mvGGAnjAh6.jpeg\" style=\"width: 500px; height: 500px;\" \/><\/p>\r\n\r\n<p>No dia&nbsp;<b>26 de mar&ccedil;o<\/b>, o&nbsp;<b>CTG ABINT&nbsp;<\/b>far&aacute; uma&nbsp;<b>live no Instagram<\/b>&nbsp;sobre as&nbsp;<b>solu&ccedil;&otilde;es dos geossint&eacute;ticos para problemas associados &agrave; constru&ccedil;&atilde;o de barragens e piscin&otilde;es no Agroneg&oacute;cio<\/b>.<\/p>\r\n\r\n<p>Para assistir, acesse:&nbsp;<a href=\"https:\/\/www.instagram.com\/ctg_abint\/\">https:\/\/www.instagram.com\/ctg_abint\/<\/a><\/p>\r\n\r\n<p>&nbsp;<\/p>\r\n\r\n<p><img src=\"https:\/\/www.abint.org.br\/assets\/img\/editor\/geocentro-2024-logo_20240312184358q7awxAG7GO.jpg\" style=\"width: 500px; height: 298px;\" \/><\/p>\r\n\r\n<p>O CTG ABINT &eacute; um dos patrocinadores do&nbsp;<b>GEOCENTRO 2024 - 7&ordm; Simp&oacute;sio de Pr&aacute;tica de Engenharia Geot&eacute;cnica na Regi&atilde;o Centro-Oeste<\/b>, que acontecer&aacute; nos<b>&nbsp;dias 04, 05 e 06 de abril de 2024<\/b>, no Cenarium Rural,<b>&nbsp;em Cuiab&aacute;, Mato Grosso<\/b>.<\/p>\r\n\r\n<p>O evento &eacute;&nbsp;<b>promovido pela ABMS<\/b>&nbsp;&ndash; Associa&ccedil;&atilde;o Brasileira de Mec&acirc;nica dos Solos e Engenharia Geot&eacute;cnica &ndash; N&uacute;cleo Centro Oeste.<\/p>\r\n\r\n<p><a href=\"http:\/\/www.geocentro2024.com.br\/\">www.geocentro2024.com.br<\/a><\/p>\r\n\r\n<p>&nbsp;<\/p>\r\n\r\n<p><img src=\"https:\/\/www.abint.org.br\/assets\/img\/editor\/cth-logo-alta-png-2_20240312184602pDv7cUouKB.png\" style=\"width: 300px; height: 68px;\" \/><\/p>\r\n\r\n<p><img src=\"https:\/\/www.abint.org.br\/assets\/img\/editor\/hospitalmed-2024-logo_20240312184512NbskBsafP5.png\" style=\"width: 500px; height: 448px;\" \/><\/p>\r\n\r\n<p><b>O CTH ABINT &eacute; um dos patrocinadores da HospitalMed 2024.<\/b><\/p>\r\n\r\n<p>&ldquo;<i>A melhor e Mais Completa Feira de Sa&uacute;de do Norte\/Nordeste<\/i>&rdquo;, &eacute; uma realiza&ccedil;&atilde;o da HospitalMed Feiras &amp; Eventos e da Insight Feiras de Neg&oacute;cios.<\/p>\r\n\r\n<p><i>&ldquo;O&nbsp;<b>re&uacute;ne toda a cadeia produtiva do setor de sa&uacute;de das regi&otilde;es Norte\/Nordeste<\/b>. &Eacute; o grande encontro de fornecedores de Produtos, Equipamentos, Servi&ccedil;os, Tecnologia e Conte&uacute;do para Hospitais, Laborat&oacute;rios, Farm&aacute;cias, Cl&iacute;nicas, Consult&oacute;rios e Profissionais da Sa&uacute;de&rdquo;.<\/i><\/p>\r\n\r\n<p><a href=\"http:\/\/www.hospitalmed.com.br\/\">www.hospitalmed.com.br<\/a><\/p>\r\n\r\n<p class=\"MsoTitle\" style=\"text-align:justify\"><span style=\"font-size:28pt\"><span style=\"font-family:Cambria,serif\"><span style=\"letter-spacing:-0.5pt\"><b><span style=\"font-size:18.0pt\"><span style=\"font-family:&quot;Calibri&quot;,sans-serif\"><span style=\"font-variant:small-caps\">Not&iacute;cias das Associadas<\/span><\/span><\/span><\/b><\/span><\/span><\/span><\/p>\r\n\r\n<p style=\"text-align:justify\"><span style=\"font-size:11pt\"><span style=\"line-height:normal\"><span style=\"font-family:Calibri,sans-serif\"><span lang=\"EN-US\" style=\"font-size:14.0pt\"><a href=\"https:\/\/paranashop.com.br\/2024\/03\/andritz-vence-o-microsoft-intelligent-manufacturing-award-2024\/\" style=\"color:blue; text-decoration:underline\">ANDRITZ vence o Microsoft Intelligent Manufacturing Award 2024<\/a><\/span><\/span><\/span><\/span><\/p>\r\n\r\n<p style=\"text-align:justify\"><span style=\"font-size:11pt\"><span style=\"line-height:normal\"><span style=\"font-family:Calibri,sans-serif\"><a href=\"https:\/\/email2.nonwovens-industry.com\/e3t\/Ctc\/W2+113\/c-vk304\/VWqQLG2T2LyGW3Cn86M9b_tFTW9ccHTJ5bGv9xN78Lwt47mmzdW5BWSxg6lZ3nsW5m0YyH808XrtW7wgFJY3HQk8tW5DzCyJ7vQBFkW51_72C59yLGSW5K9p-V2skrqhW91lcFS6DN66tW2nkmQd9fBW_vN5r4s1cythj5W1Wgh6h8qldYPW9918gC89MMLQW8FJXCL2QclCvW4TPpjd3PYb2jW1ZM9pK5TlfCbW6Jqbx18XS6RYW3dqfjL29VrBMW21PHyY5lzcG3W3C2V1Y5w1YQ4W880pjS5H4hvTW27nRH12HLGPHW5RvPVJ1dyfjsW2pLv0m72v7K-W1gMqWl7yNmMwW6mZzS192-1jPW572g3l85gxjSW8qvRqf5sVMLtN7g3gy5-zTjmW7JQLBs51wmVjW5brKW38gKP4tW49Q89D59CpqHW7wW3Tf5q9fWbW2cq_dC2r4FfXW5p84-F7T_jrsW3V5nf752yRczW1p12hv3-bC_kW5yzPyt8rMPtvW8bz42x4H36v5W1npNn03JFlM9W3l73jl2PFrh1W5nMsVn2VD_JqW359KV-3Th9cwW35ckXJ2YxP4hW3W5C-82HttJMVTkyq_472WwdN6_YvDnzD5RGW8Y3wlY2WJM48W8_fBbR8yzCW-Vqq4LN3wCJfJW2FhTft3jb5W0W7jXDj06DS61FW8xrgkS31RVN5f39YqDl04\" style=\"color:blue; text-decoration:underline\"><span lang=\"EN-US\" style=\"font-size:14.0pt\">Freudenberg Achieves 4s CHEM Certification at European Apparel Center<\/span><\/a><\/span><\/span><\/span><\/p>\r\n\r\n<p style=\"text-align:justify\"><span style=\"font-size:11pt\"><span style=\"line-height:normal\"><span style=\"font-family:Calibri,sans-serif\"><a href=\"https:\/\/www.textileworld.com\/textile-world\/nonwovens-technical-textiles\/2024\/03\/techtextil-frankfurt-2024-freudenberg-performance-materials-showcasing-solutions-for-the-automotive-building-apparel-filtration-and-packaging-industries\/\" style=\"color:blue; text-decoration:underline\"><span lang=\"EN-US\" style=\"font-size:14.0pt\">Techtextil Frankfurt 2024: Freudenberg Performance Materials Showcasing Solutions For The Automotive, Building, Apparel, Filtration And Packaging Industries<\/span><\/a><\/span><\/span><\/span><\/p>\r\n\r\n<p style=\"text-align:justify\">&nbsp;<\/p>\r\n\r\n<p style=\"text-align:justify\"><span style=\"font-size:11pt\"><span style=\"line-height:normal\"><span style=\"font-family:Calibri,sans-serif\"><b><span style=\"font-size:18.0pt\"><span style=\"font-variant:small-caps\">Eventos<\/span><\/span><\/b><\/span><\/span><\/span><\/p>\r\n\r\n<p style=\"text-align:justify\"><span style=\"font-size:11pt\"><span style=\"line-height:normal\"><span style=\"font-family:Calibri,sans-serif\"><b><span style=\"font-size:14.0pt\">AESabesp | Semin&aacute;rio Internacional Dia Mundial da &Aacute;gua<\/span><\/b><span class=\"MsoHyperlink\" style=\"color:blue\"><span style=\"text-decoration:underline\"><span style=\"font-size:14.0pt\"><span style=\"text-decoration:none\"><span style=\"text-underline:none\">, 21 de mar&ccedil;o de 2024, 09h30 &agrave;s 18h00, evento online e gratuito, transmitido no canal AESabesp no YouTube<\/span><\/span><\/span><\/span><\/span><\/span><\/span><\/span><\/p>\r\n\r\n<p style=\"text-align:justify\"><span style=\"font-size:11pt\"><span style=\"line-height:normal\"><span style=\"font-family:Calibri,sans-serif\"><b><span style=\"font-size:14.0pt\">Sindit&ecirc;xtil-SP | Workshop: Transa&ccedil;&atilde;o Tribut&aacute;ria Estadual<\/span><\/b><span style=\"font-size:14.0pt\">, 26 de mar&ccedil;o de 2024, 09h00 &agrave;s 1h00, evento h&iacute;brido.<\/span> <a href=\"https:\/\/produtos.institutoabit.org.br\/prod\/642c0aea-1b13-4f24-b9e3-43214d139c34?utm_campaign=workshop_transacao_tributaria_estadual&amp;utm_medium=email&amp;utm_source=RD+Station\" style=\"color:blue; text-decoration:underline\"><span style=\"font-size:14.0pt\">Informa&ccedil;&otilde;es e inscri&ccedil;&otilde;es aqui<\/span><\/a><\/span><\/span><\/span><\/p>\r\n\r\n<p style=\"text-align:justify\"><span style=\"font-size:11pt\"><span style=\"line-height:normal\"><span style=\"font-family:Calibri,sans-serif\"><b><span style=\"font-size:14.0pt\">FGV IBRE | I Encontro do Centro de Pol&iacute;tica Fiscal e Or&ccedil;amento<\/span><\/b><span class=\"MsoHyperlink\" style=\"color:blue\"><span style=\"text-decoration:underline\"><span style=\"font-size:14.0pt\"><span style=\"text-decoration:none\"><span style=\"text-underline:none\">, 02 de abril de 2024, 09h00 &agrave;s 13h00, evento presencial, Praia de Botafogo, 190, Rio de Janeiro, RJ. <\/span><\/span><\/span><\/span><\/span><a href=\"https:\/\/evento.fgv.br\/iencontro_politicaefiscal_0204\/\" style=\"color:blue; text-decoration:underline\"><span style=\"font-size:14.0pt\">Informa&ccedil;&otilde;es e inscri&ccedil;&otilde;es aqui<\/span><\/a> <\/span><\/span><\/span><\/p>\r\n\r\n<p style=\"text-align:justify\"><span style=\"font-size:11pt\"><span style=\"line-height:normal\"><span style=\"font-family:Calibri,sans-serif\"><b><span style=\"font-size:14.0pt\">ABTT Academy | Curso de Alfandegu&ecirc;s: Aprenda os Segredos do Com&eacute;rcio T&ecirc;xtil<\/span><\/b><span class=\"MsoHyperlink\" style=\"color:blue\"><span style=\"text-decoration:underline\"><span style=\"font-size:14.0pt\"><span style=\"text-decoration:none\"><span style=\"text-underline:none\">, 20 de abril de 2024, 08h00 &agrave;s 12h00. <\/span><\/span><\/span><\/span><\/span><a href=\"https:\/\/docs.google.com\/forms\/d\/e\/1FAIpQLSeI0D2T9RWo5ep94MerHacZNLtiABGYYveyerr8HFTB0fadqw\/viewform\" style=\"color:blue; text-decoration:underline\"><span style=\"font-size:14.0pt\">Informa&ccedil;&otilde;es e inscri&ccedil;&otilde;es aqui<\/span><\/a> <\/span><\/span><\/span><\/p>\r\n\r\n<p style=\"text-align:justify\"><span style=\"font-size:11pt\"><span style=\"line-height:normal\"><span style=\"font-family:Calibri,sans-serif\"><b><span style=\"font-size:14.0pt\">GEOAMERICAS 2024, <\/span><\/b><span style=\"font-size:14.0pt\">de 28 de abril a 01 de maio de 2024, em Toronto (Canad&aacute;). <\/span><a href=\"https:\/\/www.geoamericas2024.org\/\" style=\"color:blue; text-decoration:underline\"><span style=\"font-size:14.0pt\">Informa&ccedil;&otilde;es aqui.<\/span><\/a><\/span><\/span><\/span><\/p>\r\n\r\n<p style=\"text-align:justify\"><span style=\"font-size:11pt\"><span style=\"line-height:normal\"><span style=\"font-family:Calibri,sans-serif\"><b><span style=\"font-size:14.0pt\">II Congresso Ibero-Americano de Esteriliza&ccedil;&atilde;o e II Congresso Nacional de Reprocessamento de Dispositivos M&eacute;dicos<\/span><\/b><span style=\"font-size:14.0pt\">, 16 a 18 de maio de 2024, Cartagena, Colombia<b>. <\/b><\/span><a href=\"http:\/\/nascecme.com.br\/ii-congresso-ibero-americano-de-esterilizacao-e-ii-congresso-nacional-de-reprocessamento-de-dispositivos-medicos\/\" style=\"color:blue; text-decoration:underline\"><span lang=\"EN-US\" style=\"font-size:14.0pt\">Informa&ccedil;&otilde;es<\/span><\/a><span lang=\"EN-US\" style=\"font-size:14.0pt\"> <\/span><\/span><\/span><\/span><\/p>\r\n\r\n<p style=\"text-align:justify\"><span style=\"font-size:11pt\"><span style=\"line-height:normal\"><span style=\"font-family:Calibri,sans-serif\"><b><span lang=\"EN-US\" style=\"font-size:14.0pt\">ANEX 2024 | Asia Nonwoven Exhibition and Conference<\/span><\/b><span lang=\"EN-US\" style=\"font-size:14.0pt\">, 22-24 May 2024, Taipei Nangang Exhibition Center, Hall 1. <\/span><a href=\"https:\/\/www.anex2024.com\/\" style=\"color:blue; text-decoration:underline\"><span lang=\"EN-US\" style=\"font-size:14.0pt\">Information here<\/span><\/a> <\/span><\/span><\/span><\/p>\r\n\r\n<p style=\"text-align:justify\"><span style=\"font-size:11pt\"><span style=\"line-height:normal\"><span style=\"font-family:Calibri,sans-serif\"><b><span lang=\"EN-US\" style=\"font-size:14.0pt\">The EDANA Innovation Forum<\/span><\/b><span class=\"MsoHyperlink\" style=\"color:blue\"><span style=\"text-decoration:underline\"><span lang=\"EN-US\" style=\"font-size:14.0pt\"><span style=\"text-decoration:none\"><span style=\"text-underline:none\">, 04 - 06 June 2024, Munich. <\/span><\/span><\/span><\/span><\/span><a href=\"https:\/\/www.edana.org\/events\/edana-innovation-forum-?ct=t(MENA_2018_call_for_papers6_28_2017_COPY_01)&amp;mc_cid=27efeab42f&amp;mc_eid=08e0eae351\" style=\"color:blue; text-decoration:underline\"><span lang=\"EN-US\" style=\"font-size:14.0pt\">Information here<\/span><\/a><\/span><\/span><\/span><\/p>\r\n\r\n<p style=\"text-align:justify\"><span style=\"font-size:11pt\"><span style=\"line-height:normal\"><span style=\"font-family:Calibri,sans-serif\"><b><span lang=\"EN-US\" style=\"font-size:14.0pt\">HIGITEX 2024 | International Technical Textiles &amp; Nonwoven Exhibition<\/span><\/b><span lang=\"EN-US\" style=\"font-size:14.0pt\">, 4-8 June 2024, T&uuml;yap Fair Convention and Congress Center, T&uuml;rkiye. <\/span><a href=\"https:\/\/www.hightex.com.tr\/\" style=\"color:blue; text-decoration:underline\"><span style=\"font-size:14.0pt\">Information here<\/span><\/a> <\/span><\/span><\/span><\/p>\r\n\r\n<p style=\"text-align:justify\"><span style=\"font-size:11pt\"><span style=\"line-height:normal\"><span style=\"font-family:Calibri,sans-serif\"><b><span style=\"font-size:14.0pt\">FEIPLAR COMPOSITES &amp; FEIPUR &ndash; Feira e Congresso Internacionais de Composites, Poliuretano, Pl&aacute;sticos de Engenharia e Compostos Termopl&aacute;sticos<\/span><\/b><span style=\"font-size:14.0pt\">, 20 a 22 de agosto de 2024, S&atilde;o Paulo Expo (Pavilh&atilde;o 5), palestras: das 8h30 &agrave;s 18h, feira: das 13h &agrave;s 20h.<b> <\/b><\/span><a href=\"http:\/\/www.feiplar.com\" style=\"color:blue; text-decoration:underline\"><span style=\"font-size:14.0pt\">www.feiplar.com<\/span><\/a> <\/span><\/span><\/span><\/p>\r\n\r\n<p style=\"text-align:justify\"><span style=\"font-size:11pt\"><span style=\"line-height:normal\"><span style=\"font-family:Calibri,sans-serif\"><b><span style=\"font-size:14.0pt\">Fenasan 2024 &ndash; Feira Nacional de Saneamento e Meio Ambiente<\/span><\/b><span style=\"font-size:14.0pt\">, 22 a 24 de outubro de 2024, Pavilh&otilde;es Verde e Vermelho, Expo Center Norte, S&atilde;o Paulo SP. <\/span><a href=\"http:\/\/www.fenasan.com.br\" style=\"color:blue; text-decoration:underline\"><span style=\"font-size:14.0pt\">www.fenasan.com.br<\/span><\/a> <\/span><\/span><\/span><\/p>\r\n\r\n<p style=\"text-align:justify\"><span style=\"font-size:11pt\"><span style=\"line-height:normal\"><span style=\"font-family:Calibri,sans-serif\"><b><span style=\"font-size:14.0pt\">HospitalMed 2024<\/span><\/b><span style=\"font-size:14.0pt\">, 23 a 25 de outubro, das 14h &agrave;s 20h, no Pernambuco Centro de Conven&ccedil;&otilde;es. <\/span><a href=\"http:\/\/www.hospitalmed.com.br\" style=\"color:blue; text-decoration:underline\"><span lang=\"EN-US\" style=\"font-size:14.0pt\">www.hospitalmed.com.br<\/span><\/a> <\/span><\/span><\/span><\/p>\r\n\r\n<p style=\"text-align:justify\"><span style=\"font-size:28pt\"><span style=\"font-family:Cambria,serif\"><span style=\"letter-spacing:-0.5pt\"><b><span lang=\"EN-US\" style=\"font-size:18.0pt\"><span style=\"font-family:&quot;Calibri&quot;,sans-serif\"><span style=\"font-variant:small-caps\">Setor<\/span><\/span><\/span><\/b><\/span><\/span><\/span><\/p>\r\n\r\n<p style=\"text-align:justify\"><span style=\"font-size:11pt\"><span style=\"line-height:normal\"><span style=\"font-family:Calibri,sans-serif\"><a href=\"https:\/\/www.nonwovens-industry.com\/contents\/view_features\/2024-03-01\/meltblown-faces-challenges?utm_campaign=NON+Issue+Alert&amp;utm_medium=email&amp;_hsmi=298068101&amp;_hsenc=p2ANqtz-8uY4C7y5Nn9wZ2esSRxs2vm4Bp6dM0xxcGENo95LSU0k1dkDkB4fLLSeHR4Gbi_MBBxIKCjzzuBGrWuL6I03Veodevbw&amp;utm_content=298068101&amp;utm_source=hs_email\" style=\"color:blue; text-decoration:underline\"><span lang=\"EN-US\" style=\"font-size:14.0pt\">Meltblown Faces Challenges<\/span><\/a><\/span><\/span><\/span><\/p>\r\n\r\n<p style=\"text-align:justify\"><span style=\"font-size:11pt\"><span style=\"line-height:normal\"><span style=\"font-family:Calibri,sans-serif\"><a href=\"https:\/\/www.nonwovens-industry.com\/contents\/view_features\/2024-03-01\/opportunities-abound-for-adult-incontinence-products-market?utm_campaign=NON+Issue+Alert&amp;utm_medium=email&amp;_hsmi=298068101&amp;_hsenc=p2ANqtz-8XpCq6oh8LRMSSdDLHLeBiVyYRk7iwwm3B94f2g1_QXQ7-FjhI8K5NMrBrz5ggOHs_Y_dTvI5CbzWUpeNts7_uyzFW_w&amp;utm_content=298068101&amp;utm_source=hs_email\" style=\"color:blue; text-decoration:underline\"><span lang=\"EN-US\" style=\"font-size:14.0pt\">Opportunities Abound for Adult Incontinence Products Market<\/span><\/a><\/span><\/span><\/span><\/p>\r\n\r\n<p style=\"text-align:justify\"><span style=\"font-size:11pt\"><span style=\"line-height:normal\"><span style=\"font-family:Calibri,sans-serif\"><a href=\"https:\/\/redeglobo.globo.com\/sp\/eptv\/epagro\/noticia\/descubra-os-beneficios-de-trocar-os-agroquimicos-pela-producao-organica.ghtml\" style=\"color:blue; text-decoration:underline\"><span style=\"font-size:14.0pt\">Mulching: descubra os benef&iacute;cios de trocar os agroqu&iacute;micos pela produ&ccedil;&atilde;o org&acirc;nica<\/span><\/a><\/span><\/span><\/span><\/p>\r\n\r\n<p style=\"text-align:justify\"><span style=\"font-size:11pt\"><span style=\"line-height:normal\"><span style=\"font-family:Calibri,sans-serif\"><a href=\"https:\/\/www.nonwovens-industry.com\/contents\/view_breaking-news\/2024-03-12\/evonik-to-sell-superabsorbents-business-to-icig\/15303\" style=\"color:blue; text-decoration:underline\"><span lang=\"EN-US\" style=\"font-size:14.0pt\">Evonik to Sell Superabsorbents Business to ICIG<\/span><\/a><\/span><\/span><\/span><\/p>\r\n\r\n<p style=\"text-align:justify\"><span style=\"font-size:11pt\"><span style=\"line-height:normal\"><span style=\"font-family:Calibri,sans-serif\"><a href=\"https:\/\/www.nonwovens-industry.com\/contents\/view_breaking-news\/2024-03-10\/kimberly-clark-introduces-hybrid-style-diaper-in-brazil\/15303\" style=\"color:blue; text-decoration:underline\"><span lang=\"EN-US\" style=\"font-size:14.0pt\">Kimberly-Clark Introduces Hybrid Style Diaper in Brazil<\/span><\/a><\/span><\/span><\/span><\/p>\r\n\r\n<p style=\"text-align:justify\"><span style=\"font-size:11pt\"><span style=\"line-height:normal\"><span style=\"font-family:Calibri,sans-serif\"><a href=\"https:\/\/www.cbnrecife.com\/artigo\/jaboatao-aplica-geomanta-no-bairro-do-engenho-velho\" style=\"color:blue; text-decoration:underline\"><span style=\"font-size:14.0pt\">Jaboat&atilde;o aplica geomanta no bairro do Engenho Velho<\/span><\/a><\/span><\/span><\/span><\/p>\r\n\r\n<p style=\"text-align:justify\"><span style=\"font-size:11pt\"><span style=\"line-height:normal\"><span style=\"font-family:Calibri,sans-serif\"><a href=\"https:\/\/www.spacemoney.com.br\/investimentos\/acoes\/braskem-brkm5-comeca-a-receber-propeno-circular-da-shell-para\/204997\/\" style=\"color:blue; text-decoration:underline\"><span style=\"font-size:14.0pt\">Braskem (BRKM5) come&ccedil;a a receber propeno circular da Shell para produ&ccedil;&atilde;o de polipropileno<\/span><\/a><\/span><\/span><\/span><\/p>\r\n\r\n<p style=\"text-align:justify\"><span style=\"font-size:28pt\"><span style=\"font-family:Cambria,serif\"><span style=\"letter-spacing:-0.5pt\"><b><span style=\"font-size:18.0pt\"><span style=\"font-family:&quot;Calibri&quot;,sans-serif\"><span style=\"font-variant:small-caps\">Ind&uacute;stria<\/span><\/span><\/span><\/b><\/span><\/span><\/span><\/p>\r\n\r\n<p style=\"text-align:justify\"><span style=\"font-size:11pt\"><span style=\"line-height:normal\"><span style=\"font-family:Calibri,sans-serif\"><a href=\"https:\/\/noticias.portaldaindustria.com.br\/noticias\/economia\/competicao-desleal-se-tornou-um-grave-problema-para-a-industria-de-transformacao-afirma-cni\/\" style=\"color:blue; text-decoration:underline\"><span style=\"font-size:14.0pt\">Competi&ccedil;&atilde;o desleal se tornou um grave problema para a ind&uacute;stria de transforma&ccedil;&atilde;o, afirma CNI<\/span><\/a><span class=\"MsoHyperlink\" style=\"color:blue\"><span style=\"text-decoration:underline\"><span style=\"font-size:14.0pt\"><span style=\"text-decoration:none\"><span style=\"text-underline:none\"> &ndash; Acesse a <\/span><\/span><\/span><\/span><\/span><a href=\"https:\/\/static.portaldaindustria.com.br\/media\/filer_public\/97\/91\/97915816-5ea4-4b90-a34d-30c148d44eb8\/nota_economica_no_31.pdf\" style=\"color:blue; text-decoration:underline\"><span style=\"font-size:14.0pt\">Nota Econ&ocirc;mica n&ordm; 31<\/span><\/a><\/span><\/span><\/span><\/p>\r\n\r\n<p style=\"text-align:justify\"><span style=\"font-size:11pt\"><span style=\"line-height:normal\"><span style=\"font-family:Calibri,sans-serif\"><a href=\"https:\/\/www.tudocelular.com\/seguranca\/noticias\/n218799\/remessa-conforme-combate-pirataria-importacoes.html\" style=\"color:blue; text-decoration:underline\"><span style=\"font-size:14.0pt\">Receita Federal deve combater pirataria em importa&ccedil;&otilde;es do Remessa Conforme<\/span><\/a><\/span><\/span><\/span><\/p>\r\n\r\n<p style=\"text-align:justify\"><span style=\"font-size:11pt\"><span style=\"line-height:normal\"><span style=\"font-family:Calibri,sans-serif\"><a href=\"https:\/\/noticias.portaldaindustria.com.br\/noticias\/economia\/73-das-grandes-industrias-tem-plano-de-investimento-produtivo-em-2024-aponta-cni\/\" style=\"color:blue; text-decoration:underline\"><span style=\"font-size:14.0pt\">73% das grandes ind&uacute;strias t&ecirc;m plano de investimento produtivo em 2024, aponta CNI<\/span><\/a><\/span><\/span><\/span><\/p>\r\n\r\n<p style=\"text-align:justify\"><span style=\"font-size:11pt\"><span style=\"line-height:normal\"><span style=\"font-family:Calibri,sans-serif\"><a href=\"https:\/\/horacampinas.com.br\/artigo-o-setor-de-maquinas-e-equipamentos-e-a-necessidade-de-investimentos-por-gino-paulucci-jr\/\" style=\"color:blue; text-decoration:underline\"><span style=\"font-size:14.0pt\">O setor de m&aacute;quinas e equipamentos e a necessidade de investimentos<\/span><\/a><\/span><\/span><\/span><\/p>\r\n\r\n<p style=\"text-align:justify\"><span style=\"font-size:11pt\"><span style=\"line-height:normal\"><span style=\"font-family:Calibri,sans-serif\"><a href=\"https:\/\/medicinasa.com.br\/brasil-exportacoes\/\" style=\"color:blue; text-decoration:underline\"><span style=\"font-size:14.0pt\">&Aacute;rea M&eacute;dica: Brasil supera US$ 1 bilh&atilde;o em exporta&ccedil;&otilde;es de dispositivos m&eacute;dicos em 2023<\/span><\/a><\/span><\/span><\/span><\/p>\r\n\r\n<p style=\"text-align:justify\"><span style=\"font-size:11pt\"><span style=\"line-height:normal\"><span style=\"font-family:Calibri,sans-serif\"><a href=\"https:\/\/fcem.com.br\/noticias\/segmento-de-colchoes-e-cama-box-cresce-em-vendas-no-varejo\/?utm_campaign=febratex_news_140324&amp;utm_medium=email&amp;utm_source=RD+Station\" style=\"color:blue; text-decoration:underline\"><span style=\"font-size:14.0pt\">Colchoeiro: Segmento de colch&otilde;es e cama-box cresce em vendas no varejo<\/span><\/a><\/span><\/span><\/span><\/p>\r\n\r\n<p style=\"text-align:justify\"><span style=\"font-size:11pt\"><span style=\"line-height:normal\"><span style=\"font-family:Calibri,sans-serif\"><a href=\"https:\/\/www.terra.com.br\/noticias\/industria-quimica-encara-desafios-para-crescer-em-2024,a9749ce1063c47e197422c3da0d1ed43aliev2lq.html\" style=\"color:blue; text-decoration:underline\"><span style=\"font-size:14.0pt\">Ind&uacute;stria qu&iacute;mica encara desafios para crescer em 2024<\/span><\/a><\/span><\/span><\/span><\/p>\r\n\r\n<p style=\"text-align:justify\"><span style=\"font-size:28pt\"><span style=\"font-family:Cambria,serif\"><span style=\"letter-spacing:-0.5pt\"><b><span style=\"font-size:18.0pt\"><span style=\"font-family:&quot;Calibri&quot;,sans-serif\"><span style=\"font-variant:small-caps\">Sustentabilidade<\/span><\/span><\/span><\/b><\/span><\/span><\/span><\/p>\r\n\r\n<p style=\"text-align:justify\"><span style=\"font-size:11pt\"><span style=\"line-height:normal\"><span style=\"font-family:Calibri,sans-serif\"><a href=\"https:\/\/istoedinheiro.com.br\/proibir-o-plastico-descartavel-e-solucao\/\" style=\"color:blue; text-decoration:underline\"><span style=\"font-size:14.0pt\">Proibir o pl&aacute;stico descart&aacute;vel &eacute; solu&ccedil;&atilde;o?<\/span><\/a><\/span><\/span><\/span><\/p>\r\n\r\n<p style=\"text-align:justify\"><span style=\"font-size:11pt\"><span style=\"line-height:normal\"><span style=\"font-family:Calibri,sans-serif\"><a href=\"https:\/\/www.nonwovens-industry.com\/contents\/view_features\/2024-03-01\/africas-circular-economy-a-nonwovens-perspective?utm_campaign=NON+Issue+Alert&amp;utm_medium=email&amp;_hsmi=298068101&amp;_hsenc=p2ANqtz-8g8oL1CO2qfzlW6f3XoZHieZqZqIcGpQ-cEu289FfrCxmJg0G8XIh1B7CPfV7ZBfQlcSxr6PPMTYRq9BQs9EBwDX_qkQ&amp;utm_content=298068101&amp;utm_source=hs_email\" style=\"color:blue; text-decoration:underline\"><span style=\"font-size:14.0pt\">Africa&rsquo;s Circular Economy&mdash;A Nonwovens Perspective<\/span><\/a><\/span><\/span><\/span><\/p>\r\n\r\n<p style=\"text-align:justify\"><span style=\"font-size:11pt\"><span style=\"line-height:normal\"><span style=\"font-family:Calibri,sans-serif\"><a href=\"https:\/\/www.gov.br\/mdic\/pt-br\/assuntos\/noticias\/2024\/marco\/ctibc-vai-construir-politica-de-descarbonizacao-da-industria\" style=\"color:blue; text-decoration:underline\"><span style=\"font-size:14.0pt\">CTIBC vai construir pol&iacute;tica de descarboniza&ccedil;&atilde;o da ind&uacute;stria<\/span><\/a><\/span><\/span><\/span><\/p>\r\n\r\n<p style=\"text-align:justify\"><span style=\"font-size:11pt\"><span style=\"line-height:normal\"><span style=\"font-family:Calibri,sans-serif\"><a href=\"https:\/\/mercadoeconsumo.com.br\/12\/03\/2024\/sustentabilidade\/precos-altos-impedem-brasileiros-de-adotar-consumo-mais-sustentavel\/?utm_campaign=news_1203_-_geral&amp;utm_medium=email&amp;utm_source=RD+Station\" style=\"color:blue; text-decoration:underline\"><span style=\"font-size:14.0pt\">Pre&ccedil;os altos impedem brasileiros de adotar consumo mais sustent&aacute;vel<\/span><\/a><\/span><\/span><\/span><\/p>\r\n\r\n<p style=\"text-align:justify\"><span style=\"font-size:11pt\"><span style=\"line-height:normal\"><span style=\"font-family:Calibri,sans-serif\"><a href=\"https:\/\/www.gov.br\/mdic\/pt-br\/assuntos\/noticias\/2024\/marco\/alemanha-doa-r-136-milhoes-para-projetos-de-descarbonizacao-da-industria-no-brasil\" style=\"color:blue; text-decoration:underline\"><span style=\"font-size:14.0pt\">Alemanha doa R$ 136 milh&otilde;es para projetos de descarboniza&ccedil;&atilde;o da ind&uacute;stria no Brasil<\/span><\/a><\/span><\/span><\/span><\/p>\r\n\r\n<p style=\"text-align:justify\"><span style=\"font-size:11pt\"><span style=\"line-height:normal\"><span style=\"font-family:Calibri,sans-serif\"><a href=\"https:\/\/www.cencenelec.eu\/news-and-events\/news\/2024\/brief-news\/2023-02-20-ccus\/\" style=\"color:blue; text-decoration:underline\"><span lang=\"EN-US\" style=\"font-size:14.0pt\">The launch of European Standardization on carbon capture, utilization and storage<\/span><\/a><\/span><\/span><\/span><\/p>\r\n\r\n<p style=\"text-align:justify\"><span style=\"font-size:28pt\"><span style=\"font-family:Cambria,serif\"><span style=\"letter-spacing:-0.5pt\"><b><span lang=\"EN-US\" style=\"font-size:18.0pt\"><span style=\"font-family:&quot;Calibri&quot;,sans-serif\"><span style=\"font-variant:small-caps\">Inova&ccedil;&atilde;o<\/span><\/span><\/span><\/b><\/span><\/span><\/span><\/p>\r\n\r\n<p style=\"text-align:justify\"><span style=\"font-size:11pt\"><span style=\"line-height:normal\"><span style=\"font-family:Calibri,sans-serif\"><a href=\"https:\/\/www.nonwovens-industry.com\/contents\/view_breaking-news\/2024-03-09\/toray-develops-diaper-embedded-urination-sensor?utm_campaign=NON+eNewsletter&amp;utm_medium=email&amp;_hsmi=298257476&amp;_hsenc=p2ANqtz--KLiBIiT8ZjilQfma64XO8D7_fj-4y6VyQQ3n2j8z360OT5Eiccfka27GJ0AxL6ToWPBtbOv8my7XvRvCc1QWaaJyxxg&amp;utm_content=298257476&amp;utm_source=hs_email\" style=\"color:blue; text-decoration:underline\"><span lang=\"EN-US\" style=\"font-size:14.0pt\">Toray Develops Diaper-Embedded Urination Sensor<\/span><\/a><\/span><\/span><\/span><\/p>\r\n\r\n<p style=\"text-align:justify\"><span style=\"font-size:11pt\"><span style=\"line-height:normal\"><span style=\"font-family:Calibri,sans-serif\"><a href=\"https:\/\/noticias.portaldaindustria.com.br\/noticias\/inovacao-e-tecnologia\/mobilizacao-empresarial-pela-inovacao-e-fundamental-para-nova-politica-industrial-afirma-alban\/\" style=\"color:blue; text-decoration:underline\"><span style=\"font-size:14.0pt\">Mobiliza&ccedil;&atilde;o Empresarial pela Inova&ccedil;&atilde;o &eacute; fundamental para nova pol&iacute;tica industrial, afirma Alban<\/span><\/a><\/span><\/span><\/span><\/p>\r\n\r\n<p style=\"text-align:justify\"><span style=\"font-size:11pt\"><span style=\"line-height:normal\"><span style=\"font-family:Calibri,sans-serif\"><a href=\"https:\/\/startupi.com.br\/conheca-a-wylinka\/\" style=\"color:blue; text-decoration:underline\"><span style=\"font-size:14.0pt\">Conhe&ccedil;a a Wylinka, organiza&ccedil;&atilde;o que impulsiona o desenvolvimento de inova&ccedil;&otilde;es cient&iacute;ficas no Brasil<\/span><\/a><\/span><\/span><\/span><\/p>\r\n\r\n<p style=\"text-align:justify\"><span style=\"font-size:11pt\"><span style=\"line-height:normal\"><span style=\"font-family:Calibri,sans-serif\"><a href=\"https:\/\/www.cencenelec.eu\/news-and-events\/news\/2024\/brief-news\/2024-03-08-international-women-s-day-2024\/\" style=\"color:blue; text-decoration:underline\"><span lang=\"EN-US\" style=\"font-size:14.0pt\">International Women&rsquo;s Day 2024: a new standard helps ensure the safety and quality of menstrual products<\/span><\/a><\/span><\/span><\/span><\/p>\r\n\r\n<p style=\"text-align:justify\"><span style=\"font-size:11pt\"><span style=\"line-height:normal\"><span style=\"font-family:Calibri,sans-serif\"><a href=\"https:\/\/www.cencenelec.eu\/news-and-events\/news\/2024\/press-release\/2024-03-15-european-qi-network\/\" style=\"color:blue; text-decoration:underline\"><span lang=\"EN-US\" style=\"font-size:14.0pt\">CEN, CENELEC, EA, EURAMET, and WELMEC join forces to reinforce and promote the European Quality Infrastructure<\/span><\/a><\/span><\/span><\/span><\/p>\r\n\r\n<p style=\"text-align:justify\"><span style=\"font-size:28pt\"><span style=\"font-family:Cambria,serif\"><span style=\"letter-spacing:-0.5pt\"><b><span style=\"font-size:18.0pt\"><span style=\"font-family:&quot;Calibri&quot;,sans-serif\"><span style=\"font-variant:small-caps\">Com&eacute;rcio Exterior<\/span><\/span><\/span><\/b><\/span><\/span><\/span><\/p>\r\n\r\n<p style=\"text-align:justify\"><span style=\"font-size:11pt\"><span style=\"line-height:normal\"><span style=\"font-family:Calibri,sans-serif\"><a href=\"https:\/\/anba.com.br\/exportacoes-de-calcados-recuam-no-bimestre\/\" style=\"color:blue; text-decoration:underline\"><span style=\"font-size:14.0pt\">Exporta&ccedil;&otilde;es de cal&ccedil;ados recuam no bimestre<\/span><\/a><\/span><\/span><\/span><\/p>\r\n\r\n<p style=\"text-align:justify\"><span style=\"font-size:11pt\"><span style=\"line-height:normal\"><span style=\"font-family:Calibri,sans-serif\"><a href=\"https:\/\/comexdobrasil.com\/comercio-com-a-china-tem-bimestre-marcado-por-forte-alta-nas-exportacoes-e-importacoes\/\" style=\"color:blue; text-decoration:underline\"><span style=\"font-size:14.0pt\">Com&eacute;rcio com a China tem bimestre marcado por forte alta nas exporta&ccedil;&otilde;es e importa&ccedil;&otilde;es<\/span><\/a><\/span><\/span><\/span><\/p>\r\n\r\n<p style=\"text-align:justify\"><span style=\"font-size:11pt\"><span style=\"line-height:normal\"><span style=\"font-family:Calibri,sans-serif\"><a href=\"https:\/\/www.fibre2fashion.com\/news\/textile-news\/antidumping-duties-on-asian-polyester-imports-to-us-remain-usitc-293742-newsdetails.htm\" style=\"color:blue; text-decoration:underline\"><span lang=\"EN-US\" style=\"font-size:14.0pt\">Antidumping duties on Asian polyester imports to US remain: USITC<\/span><\/a><\/span><\/span><\/span><\/p>\r\n\r\n<p style=\"text-align:justify\"><span style=\"font-size:11pt\"><span style=\"line-height:normal\"><span style=\"font-family:Calibri,sans-serif\"><a href=\"https:\/\/www.fibre2fashion.com\/news\/textile-news\/global-supply-chain-transformation-under-way-now-likely-to-deepen-ubs-293769-newsdetails.htm\" style=\"color:blue; text-decoration:underline\"><span lang=\"EN-US\" style=\"font-size:14.0pt\">Global supply chain transformation under way now likely to deepen: UBS<\/span><\/a><\/span><\/span><\/span><\/p>\r\n\r\n<p style=\"text-align:justify\"><span style=\"font-size:28pt\"><span style=\"font-family:Cambria,serif\"><span style=\"letter-spacing:-0.5pt\"><b><span style=\"font-size:18.0pt\"><span style=\"font-family:&quot;Calibri&quot;,sans-serif\"><span style=\"font-variant:small-caps\">Economia<\/span><\/span><\/span><\/b><\/span><\/span><\/span><\/p>\r\n\r\n<p style=\"text-align:justify\"><span style=\"font-size:11pt\"><span style=\"line-height:normal\"><span style=\"font-family:Calibri,sans-serif\"><a href=\"https:\/\/www.bcb.gov.br\/content\/focus\/focus\/R20240315.pdf\" style=\"color:blue; text-decoration:underline\"><span style=\"font-size:14.0pt\">Focus - Relat&oacute;rio de Mercado<\/span><\/a><\/span><\/span><\/span><\/p>\r\n\r\n<p style=\"text-align:justify\"><span style=\"font-size:11pt\"><span style=\"line-height:normal\"><span style=\"font-family:Calibri,sans-serif\"><a href=\"https:\/\/www.conjur.com.br\/2024-mar-13\/stj-derruba-limite-para-calculo-de-contribuicoes-ao-sistema-s\/\" style=\"color:blue; text-decoration:underline\"><span style=\"font-size:14.0pt\">STJ derruba limite para c&aacute;lculo de contribui&ccedil;&otilde;es ao Sistema S<\/span><\/a><\/span><\/span><\/span><\/p>\r\n\r\n<p style=\"text-align:justify\"><span style=\"font-size:11pt\"><span style=\"line-height:normal\"><span style=\"font-family:Calibri,sans-serif\"><a href=\"https:\/\/blogdoibre.fgv.br\/posts\/causas-da-desaceleracao-do-crescimento-da-produtividade\" style=\"color:blue; text-decoration:underline\"><span style=\"font-size:14.0pt\">Causas da desacelera&ccedil;&atilde;o do crescimento da produtividade<\/span><\/a><\/span><\/span><\/span><\/p>\r\n\r\n<p style=\"text-align:justify\"><span style=\"font-size:11pt\"><span style=\"line-height:normal\"><span style=\"font-family:Calibri,sans-serif\"><a href=\"https:\/\/noticias.portaldaindustria.com.br\/noticias\/economia\/confianca-da-industria-permanece-estavel-em-marco-afirma-cni\/\" style=\"color:blue; text-decoration:underline\"><span style=\"font-size:14.0pt\">Confian&ccedil;a da ind&uacute;stria permanece est&aacute;vel em mar&ccedil;o, afirma CNI<\/span><\/a><\/span><\/span><\/span><\/p>\r\n\r\n<p style=\"text-align:justify\"><span style=\"font-size:11pt\"><span style=\"line-height:normal\"><span style=\"font-family:Calibri,sans-serif\"><a href=\"https:\/\/blogs.iadb.org\/ideas-matter\/en\/a-new-report-stresses-reforms-to-boost-productivity-and-seize-markets-in-an-uncertain-world\/\" style=\"color:blue; text-decoration:underline\"><span lang=\"EN-US\" style=\"font-size:14.0pt\">A New Report Stresses Reforms to Boost Productivity and Seize Markets in an Uncertain World<\/span><\/a><\/span><\/span><\/span><\/p>\r\n\r\n<p style=\"text-align:justify\">&nbsp;<\/p>\r\n\r\n<p style=\"text-align:justify\"><img src=\"https:\/\/www.abint.org.br\/assets\/img\/editor\/redes-sociais-abint-ctg-cth_20240312184853hpGC2WV2w6.jpg\" \/><\/p>\r\n","texto_en":"","7":"","imagem":"COMP_capa-2024-site-boletim-abint-noticias-semanis_2024031917172385WcnoeGV0.jpg","8":"COMP_capa-2024-site-boletim-abint-noticias-semanis_2024031917172385WcnoeGV0.jpg","arquivo":"20240319-BOLETIM-ABINT-DE-NOTICIAS-SEMANAIS.PDF","9":"20240319-BOLETIM-ABINT-DE-NOTICIAS-SEMANAIS.PDF","titulo_arquivo":"20240319 Boletim ABINT de Not\u00edcias Semanais","10":"20240319 Boletim ABINT de Not\u00edcias Semanais","titulo_arquivo_en":"","11":"","created_at":"2024-03-19 17:17:36","12":"2024-03-19 17:17:36","updated_at":"2024-03-19 17:17:36","13":"2024-03-19 17:17:36"},{"id":107,"0":107,"ordem":116,"1":116,"data":"2024-03-12","2":"2024-03-12","slug":"boletim-abint-de-noticias-semanais-20","3":"boletim-abint-de-noticias-semanais-20","titulo":"Boletim ABINT de Not\u00edcias Semanais","4":"Boletim ABINT de Not\u00edcias Semanais","titulo_en":"","5":"","texto":"<p style=\"text-align:justify\"><span style=\"font-size:11pt\"><span style=\"line-height:normal\"><span style=\"font-family:Calibri,sans-serif\"><span style=\"font-size:14.0pt\">Esta &eacute; uma compila&ccedil;&atilde;o das not&iacute;cias mais relevantes para o setor, incluindo informa&ccedil;&otilde;es sobre acordos internacionais, economia brasileira, sustentabilidade e mat&eacute;rias primas, al&eacute;m de novidades do setor de N&atilde;otecidos e Tecidos T&eacute;cnicos.<\/span><\/span><\/span><\/span><\/p>\r\n\r\n<p style=\"text-align:justify\"><span style=\"font-size:28pt\"><span style=\"font-family:Cambria,serif\"><span style=\"letter-spacing:-0.5pt\"><b><span style=\"font-size:18.0pt\"><span style=\"font-family:&quot;Calibri&quot;,sans-serif\"><span style=\"font-variant:small-caps\">O que vem por a&iacute;<\/span><\/span><\/span><\/b><\/span><\/span><\/span><\/p>\r\n\r\n<p style=\"text-align:justify\"><span style=\"font-size:28pt\"><span style=\"font-family:Cambria,serif\"><span style=\"letter-spacing:-0.5pt\"><b><span style=\"font-size:18.0pt\"><span style=\"font-family:&quot;Calibri&quot;,sans-serif\"><span style=\"font-variant:small-caps\"><img src=\"https:\/\/www.abint.org.br\/assets\/img\/editor\/original_20240312184025vTPSLFBQkL.png\" style=\"width: 300px; height: 69px;\" \/><\/span><\/span><\/span><\/b><\/span><\/span><\/span><\/p>\r\n\r\n<p style=\"text-align:justify\"><span style=\"font-size:28pt\"><span style=\"font-family:Cambria,serif\"><span style=\"letter-spacing:-0.5pt\"><b><span style=\"font-size:18.0pt\"><span style=\"font-family:&quot;Calibri&quot;,sans-serif\"><span style=\"font-variant:small-caps\"><img src=\"https:\/\/www.abint.org.br\/assets\/img\/editor\/post-quadrado-curso-naotecido_20240312184105pudXqbuXLI.jpg\" style=\"width: 500px; height: 500px;\" \/><\/span><\/span><\/span><\/b><\/span><\/span><\/span><\/p>\r\n\r\n<p style=\"text-align:justify\"><span style=\"font-size:11pt\"><span style=\"line-height:normal\"><span style=\"font-family:Calibri,sans-serif\"><a href=\"https:\/\/forms.office.com\/r\/5DrqtK5n3Y\" style=\"color:blue; text-decoration:underline\"><span style=\"font-size:14.0pt\">Informa&ccedil;&otilde;es e inscri&ccedil;&otilde;es<\/span><\/a><\/span><\/span><\/span><\/p>\r\n\r\n<p style=\"text-align:justify\">&nbsp;<\/p>\r\n\r\n<p style=\"text-align:justify\"><span style=\"font-size:11pt\"><span style=\"line-height:normal\"><span style=\"font-family:Calibri,sans-serif\"><span style=\"font-size:14.0pt\"><img src=\"https:\/\/www.abint.org.br\/assets\/img\/editor\/logo-ctg-abint-png_20240312184208ZzqsfoVDgv.png\" style=\"width: 300px; height: 55px;\" \/><\/span><\/span><\/span><\/span><\/p>\r\n\r\n<p style=\"text-align:justify\"><span style=\"font-size:11pt\"><span style=\"line-height:normal\"><span style=\"font-family:Calibri,sans-serif\"><span style=\"font-size:14.0pt\"><img src=\"https:\/\/www.abint.org.br\/assets\/img\/editor\/20240326-live-ctg-instagram-mariana_20240312184254mvGGAnjAh6.jpeg\" style=\"width: 500px; height: 500px;\" \/><\/span><\/span><\/span><\/span><\/p>\r\n\r\n<p style=\"text-align:justify\">&nbsp;<\/p>\r\n\r\n<p style=\"text-align:justify\"><span style=\"font-size:11pt\"><span style=\"line-height:normal\"><span style=\"font-family:Calibri,sans-serif\"><span style=\"font-size:14.0pt\">No dia <b>26 de mar&ccedil;o<\/b>, o <b>CTG ABINT <\/b>far&aacute; uma <b>live no Instagram<\/b> sobre as <b>solu&ccedil;&otilde;es dos geossint&eacute;ticos para problemas associados &agrave; constru&ccedil;&atilde;o de barragens e piscin&otilde;es no Agroneg&oacute;cio<\/b>.<\/span><\/span><\/span><\/span><\/p>\r\n\r\n<p style=\"text-align:justify\"><span style=\"font-size:11pt\"><span style=\"line-height:normal\"><span style=\"font-family:Calibri,sans-serif\"><span style=\"font-size:14.0pt\">Para assistir, acesse:&nbsp;<\/span><\/span><\/span><\/span><span style=\"font-size:11pt\"><span style=\"line-height:normal\"><span style=\"font-family:Calibri,sans-serif\"><a href=\"https:\/\/www.instagram.com\/ctg_abint\/\" style=\"color:blue; text-decoration:underline\"><span style=\"font-size:14.0pt\">https:\/\/www.instagram.com\/ctg_abint\/<\/span><\/a> <\/span><\/span><\/span><\/p>\r\n\r\n<p style=\"text-align:justify\">&nbsp;<\/p>\r\n\r\n<p style=\"text-align:justify\"><span style=\"font-size:11pt\"><span style=\"line-height:normal\"><span style=\"font-family:Calibri,sans-serif\"><span style=\"font-size:14.0pt\"><img src=\"https:\/\/www.abint.org.br\/assets\/img\/editor\/geocentro-2024-logo_20240312184358q7awxAG7GO.jpg\" style=\"width: 500px; height: 298px;\" \/><\/span><\/span><\/span><\/span><\/p>\r\n\r\n<p style=\"text-align:justify\"><span style=\"font-size:11pt\"><span style=\"line-height:normal\"><span style=\"font-family:Calibri,sans-serif\"><span style=\"font-size:12.0pt\">O CTG ABINT &eacute; um dos patrocinadores do <b>GEOCENTRO 2024 - 7&ordm; Simp&oacute;sio de Pr&aacute;tica de Engenharia Geot&eacute;cnica na Regi&atilde;o Centro-Oeste<\/b>, que acontecer&aacute; nos<b> dias 04, 05 e 06 de abril de 2024<\/b>, no Cenarium Rural,<b> em Cuiab&aacute;, Mato Grosso<\/b>.<\/span><\/span><\/span><\/span><\/p>\r\n\r\n<p style=\"text-align:justify\"><span style=\"font-size:11pt\"><span style=\"line-height:normal\"><span style=\"font-family:Calibri,sans-serif\"><span style=\"font-size:12.0pt\">O evento &eacute; <b>promovido pela ABMS<\/b> &ndash; Associa&ccedil;&atilde;o Brasileira de Mec&acirc;nica dos Solos e Engenharia Geot&eacute;cnica &ndash; N&uacute;cleo Centro Oeste.<\/span><\/span><\/span><\/span><\/p>\r\n\r\n<p style=\"text-align:justify\"><span style=\"font-size:11.0pt\"><span style=\"line-height:115%\"><span style=\"font-family:&quot;Calibri&quot;,sans-serif\"><a href=\"http:\/\/www.geocentro2024.com.br\" style=\"color:blue; text-decoration:underline\"><span style=\"font-size:12.0pt\"><span style=\"line-height:115%\">www.geocentro2024.com.br<\/span><\/span><\/a><\/span><\/span><\/span><\/p>\r\n\r\n<p style=\"text-align:justify\">&nbsp;<\/p>\r\n\r\n<p style=\"text-align:justify\"><img src=\"https:\/\/www.abint.org.br\/assets\/img\/editor\/cth-logo-alta-png-2_20240312184602pDv7cUouKB.png\" style=\"width: 300px; height: 68px;\" \/><\/p>\r\n\r\n<p style=\"text-align:justify\"><span style=\"font-size:11.0pt\"><span style=\"line-height:115%\"><span style=\"font-family:&quot;Calibri&quot;,sans-serif\"><span style=\"font-size:12.0pt\"><span style=\"line-height:115%\"><img src=\"https:\/\/www.abint.org.br\/assets\/img\/editor\/hospitalmed-2024-logo_20240312184512NbskBsafP5.png\" style=\"width: 500px; height: 448px;\" \/><\/span><\/span><\/span><\/span><\/span><\/p>\r\n\r\n<p style=\"text-align:justify\"><span style=\"font-size:11pt\"><span style=\"line-height:normal\"><span style=\"font-family:Calibri,sans-serif\"><b><span style=\"font-size:12.0pt\">O CTH ABINT &eacute; um dos patrocinadores da HospitalMed 2024.<\/span><\/b><\/span><\/span><\/span><\/p>\r\n\r\n<p style=\"text-align:justify\"><span style=\"font-size:11pt\"><span style=\"line-height:normal\"><span style=\"font-family:Calibri,sans-serif\"><span style=\"font-size:12.0pt\">&ldquo;<i>A melhor e Mais Completa Feira de Sa&uacute;de do Norte\/Nordeste<\/i>&rdquo;, &eacute; uma realiza&ccedil;&atilde;o da HospitalMed Feiras &amp; Eventos e da Insight Feiras de Neg&oacute;cios.<\/span><\/span><\/span><\/span><\/p>\r\n\r\n<p style=\"text-align:justify\"><span style=\"font-size:11pt\"><span style=\"line-height:normal\"><span style=\"font-family:Calibri,sans-serif\"><i><span style=\"font-size:12.0pt\">&ldquo;O <b>re&uacute;ne toda a cadeia produtiva do setor de sa&uacute;de das regi&otilde;es Norte\/Nordeste<\/b>. &Eacute; o grande encontro de fornecedores de Produtos, Equipamentos, Servi&ccedil;os, Tecnologia e Conte&uacute;do para Hospitais, Laborat&oacute;rios, Farm&aacute;cias, Cl&iacute;nicas, Consult&oacute;rios e Profissionais da Sa&uacute;de&rdquo;.<\/span><\/i><\/span><\/span><\/span><\/p>\r\n\r\n<p style=\"text-align:justify\"><span style=\"font-size:11.0pt\"><span style=\"line-height:115%\"><span style=\"font-family:&quot;Calibri&quot;,sans-serif\"><a href=\"http:\/\/www.hospitalmed.com.br\" style=\"color:blue; text-decoration:underline\"><span style=\"font-size:14.0pt\"><span style=\"line-height:115%\">www.hospitalmed.com.br<\/span><\/span><\/a><\/span><\/span><\/span><\/p>\r\n\r\n<p class=\"MsoTitle\" style=\"text-align:justify\"><span style=\"font-size:28pt\"><span style=\"font-family:Cambria,serif\"><span style=\"letter-spacing:-0.5pt\"><b><span style=\"font-size:18.0pt\"><span style=\"font-family:&quot;Calibri&quot;,sans-serif\"><span style=\"font-variant:small-caps\">A&ccedil;&otilde;es realizadas<\/span><\/span><\/span><\/b><\/span><\/span><\/span><\/p>\r\n\r\n<p class=\"MsoTitle\" style=\"text-align:justify\"><span style=\"font-size:28pt\"><span style=\"font-family:Cambria,serif\"><span style=\"letter-spacing:-0.5pt\"><b><span style=\"font-size:18.0pt\"><span style=\"font-family:&quot;Calibri&quot;,sans-serif\"><span style=\"font-variant:small-caps\"><img src=\"https:\/\/www.abint.org.br\/assets\/img\/editor\/abint-logo-2020-g_20240312184741TKiM3W9l5A.png\" style=\"width: 300px; height: 69px;\" \/><\/span><\/span><\/span><\/b><\/span><\/span><\/span><\/p>\r\n\r\n<p class=\"MsoTitle\" style=\"text-align:justify\"><span style=\"font-size:28pt\"><span style=\"font-family:Cambria,serif\"><span style=\"letter-spacing:-0.5pt\"><b><span style=\"font-size:18.0pt\"><span style=\"font-family:&quot;Calibri&quot;,sans-serif\"><span style=\"font-variant:small-caps\"><img src=\"https:\/\/www.abint.org.br\/assets\/img\/editor\/flyer-white-paper-abint-imagem_20240312184807EL7QRjrnqQ.jpeg\" \/><\/span><\/span><\/span><\/b><\/span><\/span><\/span><\/p>\r\n\r\n<p align=\"center\" style=\"text-align:center\"><span style=\"font-size:11pt\"><span style=\"line-height:normal\"><span style=\"font-family:Calibri,sans-serif\"><a href=\"https:\/\/www.abint.org.br\/informacao\/publicacoes\" style=\"color:blue; text-decoration:underline\"><b><span style=\"font-size:14.0pt\">ACESSE AQUI O ESTUDO COMPLETO<\/span><\/b><\/a><\/span><\/span><\/span><\/p>\r\n\r\n<p style=\"text-align:justify\"><span style=\"font-size:28pt\"><span style=\"font-family:Cambria,serif\"><span style=\"letter-spacing:-0.5pt\"><b><span style=\"font-size:18.0pt\"><span style=\"font-family:&quot;Calibri&quot;,sans-serif\"><span style=\"font-variant:small-caps\">Not&iacute;cias das Associadas<\/span><\/span><\/span><\/b><\/span><\/span><\/span><\/p>\r\n\r\n<p style=\"text-align:justify\"><span style=\"font-size:11pt\"><span style=\"line-height:normal\"><span style=\"font-family:Calibri,sans-serif\"><a href=\"https:\/\/www.textileworld.com\/textile-world\/nonwovens-technical-textiles\/2024\/03\/techtextil-frankfurt-2024-andritz-to-focus-on-textile-recycling-and-durable-nonwoven-production-technologies\/\" style=\"color:blue; text-decoration:underline\"><span lang=\"EN-US\" style=\"font-size:14.0pt\">Techtextil Frankfurt 2024: ANDRITZ To Focus On Textile Recycling And Durable Nonwoven Production Technologies<\/span><\/a><\/span><\/span><\/span><\/p>\r\n\r\n<p style=\"text-align:justify\"><span style=\"font-size:11pt\"><span style=\"line-height:normal\"><span style=\"font-family:Calibri,sans-serif\"><a href=\"https:\/\/www.textileworld.com\/textile-world\/nonwovens-technical-textiles\/2024\/03\/freudenberg-launches-fully-synthetic-wetlaid-nonwovens-made-in-europe-for-filtration-and-other-applications\/\" style=\"color:blue; text-decoration:underline\"><span lang=\"EN-US\" style=\"font-size:14.0pt\">Freudenberg Launches Fully Synthetic Wetlaid Nonwovens Made In Europe For Filtration And Other Applications<\/span><\/a><\/span><\/span><\/span><\/p>\r\n\r\n<p style=\"text-align:justify\">&nbsp;<\/p>\r\n\r\n<p style=\"text-align:justify\"><span style=\"font-size:11pt\"><span style=\"line-height:normal\"><span style=\"font-family:Calibri,sans-serif\"><b><span style=\"font-size:18.0pt\"><span style=\"font-variant:small-caps\">Eventos<\/span><\/span><\/b><\/span><\/span><\/span><\/p>\r\n\r\n<p style=\"text-align:justify\"><span style=\"font-size:11pt\"><span style=\"line-height:normal\"><span style=\"font-family:Calibri,sans-serif\"><b><span style=\"font-size:14.0pt\">47&ordf; Fimec - Feira Internacional de Couros, Produtos Qu&iacute;micos, Componentes, M&aacute;quinas e Equipamentos para Cal&ccedil;ados e Curtumes<\/span><\/b><span class=\"MsoHyperlink\" style=\"color:blue\"><span style=\"text-decoration:underline\"><span style=\"font-size:14.0pt\"><span style=\"text-decoration:none\"><span style=\"text-underline:none\">, 12 a 14 de mar&ccedil;o de 2024, das 13h00 &agrave;s 20h00. <\/span><\/span><\/span><\/span><\/span><a href=\"http:\/\/www.fimec.com.br\" style=\"color:blue; text-decoration:underline\"><span style=\"font-size:14.0pt\">www.fimec.com.br<\/span><\/a> <\/span><\/span><\/span><\/p>\r\n\r\n<p style=\"text-align:justify\"><span style=\"font-size:11pt\"><span style=\"line-height:normal\"><span style=\"font-family:Calibri,sans-serif\"><b><span style=\"font-size:14.0pt\">VDI-Brasil | Webinar: &quot;Tecnologias Industriais: Perspectivas atuais e futuras&quot;, <\/span><\/b><span class=\"MsoHyperlink\" style=\"color:blue\"><span style=\"text-decoration:underline\"><span style=\"font-size:14.0pt\"><span style=\"text-decoration:none\"><span style=\"text-underline:none\">14 de mar&ccedil;o de 2024, 09h00.<\/span><\/span><\/span><\/span><\/span> <a href=\"https:\/\/info.vdibrasil.com\/webinar-tecnologias-industriais-perspectivas-atuais-e-futuras?utm_campaign=webinar_-_tecnologias_industriais_-_aquarius&amp;utm_medium=email&amp;utm_source=RD+Station\" style=\"color:blue; text-decoration:underline\"><span style=\"font-size:14.0pt\">Informa&ccedil;&otilde;es e inscri&ccedil;&otilde;es aqui<\/span><\/a> <\/span><\/span><\/span><\/p>\r\n\r\n<p style=\"text-align:justify\"><span style=\"font-size:11pt\"><span style=\"line-height:normal\"><span style=\"font-family:Calibri,sans-serif\"><b><span style=\"font-size:14.0pt\">AESabesp | Semin&aacute;rio Internacional Dia Mundial da &Aacute;gua<\/span><\/b><span class=\"MsoHyperlink\" style=\"color:blue\"><span style=\"text-decoration:underline\"><span style=\"font-size:14.0pt\"><span style=\"text-decoration:none\"><span style=\"text-underline:none\">, 21 de mar&ccedil;o de 2024, 09h30 &agrave;s 18h00, evento online e gratuito, transmitido no canal AESabesp no YouTube<\/span><\/span><\/span><\/span><\/span><\/span><\/span><\/span><\/p>\r\n\r\n<p style=\"text-align:justify\"><span style=\"font-size:11pt\"><span style=\"line-height:normal\"><span style=\"font-family:Calibri,sans-serif\"><b><span style=\"font-size:14.0pt\">Sindit&ecirc;xtil-SP | Workshop: Transa&ccedil;&atilde;o Tribut&aacute;ria Estadual<\/span><\/b><span style=\"font-size:14.0pt\">, 26 de mar&ccedil;o de 2024, 09h00 &agrave;s 1h00, evento h&iacute;brido.<\/span> <a href=\"https:\/\/produtos.institutoabit.org.br\/prod\/642c0aea-1b13-4f24-b9e3-43214d139c34?utm_campaign=workshop_transacao_tributaria_estadual&amp;utm_medium=email&amp;utm_source=RD+Station\" style=\"color:blue; text-decoration:underline\"><span style=\"font-size:14.0pt\">Informa&ccedil;&otilde;es e inscri&ccedil;&otilde;es aqui<\/span><\/a><\/span><\/span><\/span><\/p>\r\n\r\n<p style=\"text-align:justify\"><span style=\"font-size:11pt\"><span style=\"line-height:normal\"><span style=\"font-family:Calibri,sans-serif\"><b><span style=\"font-size:14.0pt\">FGV IBRE | I Encontro do Centro de Pol&iacute;tica Fiscal e Or&ccedil;amento<\/span><\/b><span class=\"MsoHyperlink\" style=\"color:blue\"><span style=\"text-decoration:underline\"><span style=\"font-size:14.0pt\"><span style=\"text-decoration:none\"><span style=\"text-underline:none\">, 02 de abril de 2024, 09h00 &agrave;s 13h00, evento presencial, Praia de Botafogo, 190, Rio de Janeiro, RJ. <\/span><\/span><\/span><\/span><\/span><a href=\"https:\/\/evento.fgv.br\/iencontro_politicaefiscal_0204\/\" style=\"color:blue; text-decoration:underline\"><span style=\"font-size:14.0pt\">Informa&ccedil;&otilde;es e inscri&ccedil;&otilde;es aqui<\/span><\/a> <\/span><\/span><\/span><\/p>\r\n\r\n<p style=\"text-align:justify\"><span style=\"font-size:11pt\"><span style=\"line-height:normal\"><span style=\"font-family:Calibri,sans-serif\"><b><span style=\"font-size:14.0pt\">GEOAMERICAS 2024, <\/span><\/b><span style=\"font-size:14.0pt\">de 28 de abril a 01 de maio de 2024, em Toronto (Canad&aacute;). <\/span><a href=\"https:\/\/www.geoamericas2024.org\/\" style=\"color:blue; text-decoration:underline\"><span style=\"font-size:14.0pt\">Informa&ccedil;&otilde;es aqui.<\/span><\/a><\/span><\/span><\/span><\/p>\r\n\r\n<p style=\"text-align:justify\"><span style=\"font-size:11pt\"><span style=\"line-height:normal\"><span style=\"font-family:Calibri,sans-serif\"><b><span style=\"font-size:14.0pt\">II Congresso Ibero-Americano de Esteriliza&ccedil;&atilde;o e II Congresso Nacional de Reprocessamento de Dispositivos M&eacute;dicos<\/span><\/b><span style=\"font-size:14.0pt\">, 16 a 18 de maio de 2024, Cartagena, Colombia<b>. <\/b><\/span><a href=\"http:\/\/nascecme.com.br\/ii-congresso-ibero-americano-de-esterilizacao-e-ii-congresso-nacional-de-reprocessamento-de-dispositivos-medicos\/\" style=\"color:blue; text-decoration:underline\"><span lang=\"EN-US\" style=\"font-size:14.0pt\">Informa&ccedil;&otilde;es<\/span><\/a><span lang=\"EN-US\" style=\"font-size:14.0pt\"> <\/span><\/span><\/span><\/span><\/p>\r\n\r\n<p style=\"text-align:justify\"><span style=\"font-size:11pt\"><span style=\"line-height:normal\"><span style=\"font-family:Calibri,sans-serif\"><b><span lang=\"EN-US\" style=\"font-size:14.0pt\">ANEX 2024 | Asia Nonwoven Exhibition and Conference<\/span><\/b><span lang=\"EN-US\" style=\"font-size:14.0pt\">, 22-24 May 2024, Taipei Nangang Exhibition Center, Hall 1. <\/span><a href=\"https:\/\/www.anex2024.com\/\" style=\"color:blue; text-decoration:underline\"><span lang=\"EN-US\" style=\"font-size:14.0pt\">Information here<\/span><\/a> <\/span><\/span><\/span><\/p>\r\n\r\n<p style=\"text-align:justify\"><span style=\"font-size:11pt\"><span style=\"line-height:normal\"><span style=\"font-family:Calibri,sans-serif\"><b><span lang=\"EN-US\" style=\"font-size:14.0pt\">The EDANA Innovation Forum<\/span><\/b><span class=\"MsoHyperlink\" style=\"color:blue\"><span style=\"text-decoration:underline\"><span lang=\"EN-US\" style=\"font-size:14.0pt\"><span style=\"text-decoration:none\"><span style=\"text-underline:none\">, 04 - 06 June 2024, Munich. <\/span><\/span><\/span><\/span><\/span><a href=\"https:\/\/www.edana.org\/events\/edana-innovation-forum-?ct=t(MENA_2018_call_for_papers6_28_2017_COPY_01)&amp;mc_cid=27efeab42f&amp;mc_eid=08e0eae351\" style=\"color:blue; text-decoration:underline\"><span lang=\"EN-US\" style=\"font-size:14.0pt\">Information here<\/span><\/a><\/span><\/span><\/span><\/p>\r\n\r\n<p style=\"text-align:justify\"><span style=\"font-size:11pt\"><span style=\"line-height:normal\"><span style=\"font-family:Calibri,sans-serif\"><b><span lang=\"EN-US\" style=\"font-size:14.0pt\">HIGITEX 2024 | International Technical Textiles &amp; Nonwoven Exhibition<\/span><\/b><span lang=\"EN-US\" style=\"font-size:14.0pt\">, 4-8 June 2024, T&uuml;yap Fair Convention and Congress Center, T&uuml;rkiye. <\/span><a href=\"https:\/\/www.hightex.com.tr\/\" style=\"color:blue; text-decoration:underline\"><span style=\"font-size:14.0pt\">Information here<\/span><\/a> <\/span><\/span><\/span><\/p>\r\n\r\n<p style=\"text-align:justify\"><span style=\"font-size:11pt\"><span style=\"line-height:normal\"><span style=\"font-family:Calibri,sans-serif\"><b><span style=\"font-size:14.0pt\">FEIPLAR COMPOSITES &amp; FEIPUR &ndash; Feira e Congresso Internacionais de Composites, Poliuretano, Pl&aacute;sticos de Engenharia e Compostos Termopl&aacute;sticos<\/span><\/b><span style=\"font-size:14.0pt\">, 20 a 22 de agosto de 2024, S&atilde;o Paulo Expo (Pavilh&atilde;o 5), palestras: das 8h30 &agrave;s 18h, feira: das 13h &agrave;s 20h.<b> <\/b><\/span><a href=\"http:\/\/www.feiplar.com\" style=\"color:blue; text-decoration:underline\"><span style=\"font-size:14.0pt\">www.feiplar.com<\/span><\/a> <\/span><\/span><\/span><\/p>\r\n\r\n<p style=\"text-align:justify\"><span style=\"font-size:11pt\"><span style=\"line-height:normal\"><span style=\"font-family:Calibri,sans-serif\"><b><span style=\"font-size:14.0pt\">Fenasan 2024 &ndash; Feira Nacional de Saneamento e Meio Ambiente<\/span><\/b><span style=\"font-size:14.0pt\">, 22 a 24 de outubro de 2024, Pavilh&otilde;es Verde e Vermelho, Expo Center Norte, S&atilde;o Paulo SP. <\/span><a href=\"http:\/\/www.fenasan.com.br\" style=\"color:blue; text-decoration:underline\"><span style=\"font-size:14.0pt\">www.fenasan.com.br<\/span><\/a> <\/span><\/span><\/span><\/p>\r\n\r\n<p style=\"text-align:justify\"><span style=\"font-size:11pt\"><span style=\"line-height:normal\"><span style=\"font-family:Calibri,sans-serif\"><b><span style=\"font-size:14.0pt\">HospitalMed 2024<\/span><\/b><span style=\"font-size:14.0pt\">, 23 a 25 de outubro, das 14h &agrave;s 20h, no Pernambuco Centro de Conven&ccedil;&otilde;es. <\/span><a href=\"http:\/\/www.hospitalmed.com.br\" style=\"color:blue; text-decoration:underline\"><span style=\"font-size:14.0pt\">www.hospitalmed.com.br<\/span><\/a> <\/span><\/span><\/span><\/p>\r\n\r\n<p style=\"text-align:justify\"><span style=\"font-size:28pt\"><span style=\"font-family:Cambria,serif\"><span style=\"letter-spacing:-0.5pt\"><b><span style=\"font-size:18.0pt\"><span style=\"font-family:&quot;Calibri&quot;,sans-serif\"><span style=\"font-variant:small-caps\">Setor<\/span><\/span><\/span><\/b><\/span><\/span><\/span><\/p>\r\n\r\n<p style=\"text-align:justify\"><span style=\"font-size:11pt\"><span style=\"line-height:normal\"><span style=\"font-family:Calibri,sans-serif\"><a href=\"https:\/\/www.plastico.com.br\/wp-content\/uploads\/2024\/02\/pm583.pdf\" style=\"color:blue; text-decoration:underline\"><span style=\"font-size:14.0pt\">Perspectivas 2024 | Resinas pl&aacute;sticas<\/span><\/a><span class=\"MsoHyperlink\" style=\"color:blue\"><span style=\"text-decoration:underline\"><span style=\"font-size:14.0pt\"><span style=\"text-decoration:none\"><span style=\"text-underline:none\"> (a partir da p&aacute;gina 22)<\/span><\/span><\/span><\/span><\/span><\/span><\/span><\/span><\/p>\r\n\r\n<p style=\"text-align:justify\"><span style=\"font-size:11pt\"><span style=\"line-height:normal\"><span style=\"font-family:Calibri,sans-serif\"><a href=\"https:\/\/tissueonline.com.br\/fabricantes-de-personal-care-debatem-tendencias-de-mercado-sustentabilidade-e-uso-de-dados\/?utm_campaign=newsletter_08032024_novo_modelo&amp;utm_medium=email&amp;utm_source=RD+Station\" style=\"color:blue; text-decoration:underline\"><span style=\"font-size:14.0pt\">Fabricantes de personal care debatem tend&ecirc;ncias de mercado, sustentabilidade e uso de dados<\/span><\/a><\/span><\/span><\/span><\/p>\r\n\r\n<p style=\"text-align:justify\"><span style=\"font-size:11pt\"><span style=\"line-height:normal\"><span style=\"font-family:Calibri,sans-serif\"><a href=\"https:\/\/www.bol.uol.com.br\/noticias\/2024\/03\/06\/governo-quer-salvar-ultima-geleira-da-venezuela-com-manta-geotextil.htm\" style=\"color:blue; text-decoration:underline\"><span style=\"font-size:14.0pt\">Governo quer &#39;salvar&#39; &uacute;ltima geleira da Venezuela com manta geot&ecirc;xtil<\/span><\/a><\/span><\/span><\/span><\/p>\r\n\r\n<p style=\"text-align:justify\"><span style=\"font-size:11pt\"><span style=\"line-height:normal\"><span style=\"font-family:Calibri,sans-serif\"><a href=\"https:\/\/www.nonwovens-industry.com\/contents\/view_breaking-news\/2024-03-10\/kimberly-clark-introduces-hybrid-style-diaper-in-brazil\/15303\" style=\"color:blue; text-decoration:underline\"><span lang=\"EN-US\" style=\"font-size:14.0pt\">Kimberly-Clark Introduces Hybrid Style Diaper in Brazil<\/span><\/a><\/span><\/span><\/span><\/p>\r\n\r\n<p style=\"text-align:justify\"><span style=\"font-size:11pt\"><span style=\"line-height:normal\"><span style=\"font-family:Calibri,sans-serif\"><a href=\"https:\/\/www.nonwovens-industry.com\/contents\/view_breaking-news\/2024-03-04\/inda-elects-five-new-board-members\/15303\" style=\"color:blue; text-decoration:underline\"><span lang=\"EN-US\" style=\"font-size:14.0pt\">INDA Elects Five New Board Members<\/span><\/a><\/span><\/span><\/span><\/p>\r\n\r\n<p style=\"text-align:justify\"><span style=\"font-size:28pt\"><span style=\"font-family:Cambria,serif\"><span style=\"letter-spacing:-0.5pt\"><b><span style=\"font-size:18.0pt\"><span style=\"font-family:&quot;Calibri&quot;,sans-serif\"><span style=\"font-variant:small-caps\">Ind&uacute;stria<\/span><\/span><\/span><\/b><\/span><\/span><\/span><\/p>\r\n\r\n<p style=\"text-align:justify\"><span style=\"font-size:11pt\"><span style=\"line-height:normal\"><span style=\"font-family:Calibri,sans-serif\"><a href=\"https:\/\/epbr.com.br\/novo-rota-2030-tera-r-270-milhoes-para-inovacao-automotiva\/?utm_source=newsletters+epbr&amp;utm_campaign=6f65eeaa6f-epbr-comece-seu-dia_20230724_COPY_01&amp;utm_medium=email&amp;utm_term=0_5931171aac-6f65eeaa6f-466362780\" style=\"color:blue; text-decoration:underline\"><span style=\"font-size:14.0pt\">Novo Rota 2030 ter&aacute; R$ 270 milh&otilde;es para inova&ccedil;&atilde;o automotiva<\/span><\/a><\/span><\/span><\/span><\/p>\r\n\r\n<p style=\"text-align:justify\"><span style=\"font-size:11pt\"><span style=\"line-height:normal\"><span style=\"font-family:Calibri,sans-serif\"><a href=\"https:\/\/epbr.com.br\/toyota-anuncia-investimentos-em-hibridos-no-brasil-byd-inicia-obras-na-bahia\/?utm_source=newsletters+epbr&amp;utm_campaign=6f65eeaa6f-epbr-comece-seu-dia_20230724_COPY_01&amp;utm_medium=email&amp;utm_term=0_5931171aac-6f65eeaa6f-466362780\" style=\"color:blue; text-decoration:underline\"><span style=\"font-size:14.0pt\">Toyota anuncia investimentos em h&iacute;bridos no Brasil; BYD inicia obras na Bahia<\/span><\/a><\/span><\/span><\/span><\/p>\r\n\r\n<p style=\"text-align:justify\"><span style=\"font-size:11pt\"><span style=\"line-height:normal\"><span style=\"font-family:Calibri,sans-serif\"><a href=\"https:\/\/epbr.com.br\/montadoras-investirao-quase-r-100-bilhoes-com-foco-em-eletricos-e-hibridos-veja-a-lista\/?utm_source=newsletters+epbr&amp;utm_campaign=6c4ce6332e-epbr-comece-seu-dia_20230724_COPY_01&amp;utm_medium=email&amp;utm_term=0_5931171aac-6c4ce6332e-466362780\" style=\"color:blue; text-decoration:underline\"><span style=\"font-size:14.0pt\">Montadoras investir&atilde;o quase R$ 100 bilh&otilde;es com foco em el&eacute;tricos e h&iacute;bridos; veja a lista<\/span><\/a><\/span><\/span><\/span><\/p>\r\n\r\n<p style=\"text-align:justify\"><span style=\"font-size:11pt\"><span style=\"line-height:normal\"><span style=\"font-family:Calibri,sans-serif\"><a href=\"https:\/\/grandesconstrucoes.com.br\/Noticias\/Exibir\/setor-de-transportes-recebe-228-dos-investimentos-federais-em-infraestrutura-em-2023?utm_source=akna&amp;utm_medium=email&amp;utm_campaign=Grandes-Construcoes-Informativo-902-07-03-2024&amp;utm_source=akna&amp;utm_medium=email&amp;utm_campaign=Grandes-Construcoes-Informativo-902-07-03-2024\" style=\"color:blue; text-decoration:underline\"><span style=\"font-size:14.0pt\">Setor de transportes recebe 22,8% dos investimentos federais em infraestrutura em 2023<\/span><\/a><\/span><\/span><\/span><\/p>\r\n\r\n<p style=\"text-align:justify\"><span style=\"font-size:11pt\"><span style=\"line-height:normal\"><span style=\"font-family:Calibri,sans-serif\"><a href=\"https:\/\/www.capitalnews.com.br\/economia-e-agronegocio\/agronegocio\/setor-de-maquinas-encerrou-2023-com-marco-de-r-14-bilhoes-de-exportacoes\/399921\" style=\"color:blue; text-decoration:underline\"><span style=\"font-size:14.0pt\">Setor de m&aacute;quinas encerrou 2023 com marco de R$ 14 bilh&otilde;es de exporta&ccedil;&otilde;es<\/span><\/a><\/span><\/span><\/span><\/p>\r\n\r\n<p style=\"text-align:justify\"><span style=\"font-size:11pt\"><span style=\"line-height:normal\"><span style=\"font-family:Calibri,sans-serif\"><a href=\"https:\/\/comexdobrasil.com\/industria-quimica-2024-desafios-e-oportunidades-para-um-desenvolvimento-sustentavel\/\" style=\"color:blue; text-decoration:underline\"><span style=\"font-size:14.0pt\">Ind&uacute;stria qu&iacute;mica 2024: desafios e oportunidades para um desenvolvimento sustent&aacute;vel<\/span><\/a><\/span><\/span><\/span><\/p>\r\n\r\n<p style=\"text-align:justify\"><span style=\"font-size:11pt\"><span style=\"line-height:normal\"><span style=\"font-family:Calibri,sans-serif\"><a href=\"https:\/\/www.moveisdevalor.com.br\/portal\/o-papel-fundamental-da-china-no-cenario-competitivo-de-moveis?source=news\" style=\"color:blue; text-decoration:underline\"><span style=\"font-size:14.0pt\">O papel fundamental da China no cen&aacute;rio competitivo de m&oacute;veis<\/span><\/a><\/span><\/span><\/span><\/p>\r\n\r\n<p style=\"text-align:justify\"><span style=\"font-size:28pt\"><span style=\"font-family:Cambria,serif\"><span style=\"letter-spacing:-0.5pt\"><b><span style=\"font-size:18.0pt\"><span style=\"font-family:&quot;Calibri&quot;,sans-serif\"><span style=\"font-variant:small-caps\">Sustentabilidade<\/span><\/span><\/span><\/b><\/span><\/span><\/span><\/p>\r\n\r\n<p style=\"text-align:justify\"><span style=\"font-size:11pt\"><span style=\"line-height:normal\"><span style=\"font-family:Calibri,sans-serif\"><a href=\"https:\/\/plasticosemrevista.com.br\/proibidos-plasticos-de-uso-unico-nas-olimpiadas-de-paris\/\" style=\"color:blue; text-decoration:underline\"><span style=\"font-size:14.0pt\">Proibidos pl&aacute;sticos de uso &uacute;nico nas Olimp&iacute;adas de Paris<\/span><\/a><\/span><\/span><\/span><\/p>\r\n\r\n<p style=\"text-align:justify\"><span style=\"font-size:11pt\"><span style=\"line-height:normal\"><span style=\"font-family:Calibri,sans-serif\"><a href=\"https:\/\/foodsafetybrazil.org\/dispensa-de-registro-para-embalagem-reciclada-nova-regra-da-anvisa\/\" style=\"color:blue; text-decoration:underline\"><span style=\"font-size:14.0pt\">Dispensa de registro para embalagem reciclada: nova regra da Anvisa<\/span><\/a><\/span><\/span><\/span><\/p>\r\n\r\n<p style=\"text-align:justify\"><span style=\"font-size:11pt\"><span style=\"line-height:normal\"><span style=\"font-family:Calibri,sans-serif\"><a href=\"https:\/\/senaicetiqt.com\/instituto-senai-de-inovacao-isi-em-biossinteticos-e-fibras-realiza-workshop-green-pathways-partnerships-in-brazil-netherlands-bioeconomy\/?utm_campaign=senai_cetiqt__newsletter_isi_-_fevereiro_2024&amp;utm_medium=email&amp;utm_source=RD+Station\" style=\"color:blue; text-decoration:underline\"><span lang=\"EN-US\" style=\"font-size:14.0pt\">Instituto SENAI de Inova&ccedil;&atilde;o (ISI) em Biossint&eacute;ticos e Fibras realiza Workshop &ldquo;Green Pathways: Partnerships in Brazil-Netherlands Bioeconomy&rdquo;<\/span><\/a><\/span><\/span><\/span><\/p>\r\n\r\n<p style=\"text-align:justify\"><span style=\"font-size:11pt\"><span style=\"line-height:normal\"><span style=\"font-family:Calibri,sans-serif\"><a href=\"https:\/\/phys.org\/news\/2024-02-plastic-pellets-blight-belgian-town.html\" style=\"color:blue; text-decoration:underline\"><span lang=\"EN-US\" style=\"font-size:14.0pt\">Plastic pellets blight Belgian town as EU weighs action<\/span><\/a><\/span><\/span><\/span><\/p>\r\n\r\n<p style=\"text-align:justify\"><span style=\"font-size:28pt\"><span style=\"font-family:Cambria,serif\"><span style=\"letter-spacing:-0.5pt\"><b><span style=\"font-size:18.0pt\"><span style=\"font-family:&quot;Calibri&quot;,sans-serif\"><span style=\"font-variant:small-caps\">Inova&ccedil;&atilde;o<\/span><\/span><\/span><\/b><\/span><\/span><\/span><\/p>\r\n\r\n<p style=\"text-align:justify\"><span style=\"font-size:11pt\"><span style=\"line-height:normal\"><span style=\"font-family:Calibri,sans-serif\"><a href=\"https:\/\/fiesc.com.br\/pt-br\/imprensa\/finep-apresenta-r-218-bi-em-recursos-nao-reembolsaveis-para-inovacao-industrial\" style=\"color:blue; text-decoration:underline\"><span style=\"font-size:14.0pt\">Finep apresenta R$ 2,18 bi em recursos n&atilde;o reembols&aacute;veis para a inova&ccedil;&atilde;o industrial<\/span><\/a><\/span><\/span><\/span><\/p>\r\n\r\n<p style=\"text-align:justify\"><span style=\"font-size:11pt\"><span style=\"line-height:normal\"><span style=\"font-family:Calibri,sans-serif\"><a href=\"https:\/\/ciclovivo.com.br\/inovacao\/tecnologia\/pesquisadores-usam-nanodiamantes-para-criar-tecido-refrescante\/\" style=\"color:blue; text-decoration:underline\"><span style=\"font-size:14.0pt\">Pesquisadores criam tecido refrescante usando nanodiamantes<\/span><\/a><\/span><\/span><\/span><\/p>\r\n\r\n<p style=\"text-align:justify\"><span style=\"font-size:11pt\"><span style=\"line-height:normal\"><span style=\"font-family:Calibri,sans-serif\"><a href=\"https:\/\/itforum.com.br\/noticias\/16-macrotendencias-amy-webb-sxsw-2024\/\" style=\"color:blue; text-decoration:underline\"><span style=\"font-size:14.0pt\">16 macrotend&ecirc;ncias apresentadas por Amy Webb no SXSW 2024<\/span><\/a><\/span><\/span><\/span><\/p>\r\n\r\n<p style=\"text-align:justify\"><span style=\"font-size:11pt\"><span style=\"line-height:normal\"><span style=\"font-family:Calibri,sans-serif\"><a href=\"https:\/\/phys.org\/news\/2024-03-bio-materials-showcase-potential-equipment.html?utm_source=nwletter&amp;utm_medium=email&amp;utm_campaign=daily-nwletter\" style=\"color:blue; text-decoration:underline\"><span lang=\"EN-US\" style=\"font-size:14.0pt\">Bio-inspired materials showcase potential for protective equipment and textiles<\/span><\/a><\/span><\/span><\/span><\/p>\r\n\r\n<p style=\"text-align:justify\"><span style=\"font-size:11pt\"><span style=\"line-height:normal\"><span style=\"font-family:Calibri,sans-serif\"><a href=\"https:\/\/techxplore.com\/news\/2024-02-fast-precise-free-laser-drilling.html?utm_source=nwletter&amp;utm_medium=email&amp;utm_campaign=daily-nwletter\" style=\"color:blue; text-decoration:underline\"><span lang=\"EN-US\" style=\"font-size:14.0pt\">Fast, precise and wear-free process for laser drilling of carbon fiber-reinforced plastics<\/span><\/a><\/span><\/span><\/span><\/p>\r\n\r\n<p style=\"text-align:justify\"><span style=\"font-size:11pt\"><span style=\"line-height:normal\"><span style=\"font-family:Calibri,sans-serif\"><a href=\"https:\/\/phys.org\/news\/2024-02-experimental-analysis-simulations-reveal-woven.html?utm_source=nwletter&amp;utm_medium=email&amp;utm_campaign=daily-nwletter\" style=\"color:blue; text-decoration:underline\"><span lang=\"EN-US\" style=\"font-size:14.0pt\">Experimental analysis, computer simulations reveal how woven fabric composites are deformed by heat<\/span><\/a><\/span><\/span><\/span><\/p>\r\n\r\n<p style=\"text-align:justify\"><span style=\"font-size:11pt\"><span style=\"line-height:normal\"><span style=\"font-family:Calibri,sans-serif\"><a href=\"https:\/\/techxplore.com\/news\/2024-03-4d-robot-technologies-custom.html?utm_source=nwletter&amp;utm_medium=email&amp;utm_campaign=daily-nwletter\" style=\"color:blue; text-decoration:underline\"><span lang=\"EN-US\" style=\"font-size:14.0pt\">4D Knit Dress robot uses several technologies to create a custom design and a custom fit<\/span><\/a><\/span><\/span><\/span><\/p>\r\n\r\n<p style=\"text-align:justify\"><span style=\"font-size:28pt\"><span style=\"font-family:Cambria,serif\"><span style=\"letter-spacing:-0.5pt\"><b><span style=\"font-size:18.0pt\"><span style=\"font-family:&quot;Calibri&quot;,sans-serif\"><span style=\"font-variant:small-caps\">Com&eacute;rcio Exterior<\/span><\/span><\/span><\/b><\/span><\/span><\/span><\/p>\r\n\r\n<p style=\"text-align:justify\"><span style=\"font-size:11pt\"><span style=\"line-height:normal\"><span style=\"font-family:Calibri,sans-serif\"><a href=\"https:\/\/tecmania.com.br\/mdic-e-abit-promovem-cultura-exportadora-no-setor-de-vestuario\/\" style=\"color:blue; text-decoration:underline\"><span style=\"font-size:14.0pt\">MDIC e ABIT promovem cultura exportadora no setor de vestu&aacute;rio<\/span><\/a><\/span><\/span><\/span><\/p>\r\n\r\n<p style=\"text-align:justify\"><span style=\"font-size:11pt\"><span style=\"line-height:normal\"><span style=\"font-family:Calibri,sans-serif\"><a href=\"https:\/\/noticias.portaldaindustria.com.br\/posicionamentos\/industria-defende-retomada-do-financiamento-a-exportacao-de-servicos-pelo-bndes\/\" style=\"color:blue; text-decoration:underline\"><span style=\"font-size:14.0pt\">Ind&uacute;stria defende retomada do financiamento &agrave; exporta&ccedil;&atilde;o de servi&ccedil;os pelo BNDES<\/span><\/a><\/span><\/span><\/span><\/p>\r\n\r\n<p style=\"text-align:justify\"><span style=\"font-size:11pt\"><span style=\"line-height:normal\"><span style=\"font-family:Calibri,sans-serif\"><a href=\"https:\/\/monitormercantil.com.br\/financiamento-do-bndes-as-exportacoes-caiu-de-35-para-04\/\" style=\"color:blue; text-decoration:underline\"><span style=\"font-size:14.0pt\">Financiamento do BNDES &agrave;s exporta&ccedil;&otilde;es caiu de 3,5% para 0,4%<\/span><\/a><\/span><\/span><\/span><\/p>\r\n\r\n<p style=\"text-align:justify\"><span style=\"font-size:11pt\"><span style=\"line-height:normal\"><span style=\"font-family:Calibri,sans-serif\"><a href=\"https:\/\/apexbrasil.com.br\/content\/apexbrasil\/br\/pt\/conteudo\/noticias\/ApexBrasil-lanca-Perfil-de-Comercio-e-Investimentos-com-foco-no-G20.html#msdynttrid=w_-zCeL4CdD3UQn7l3AfiEv2GulJ-rdtGF7ByU_donA\" style=\"color:blue; text-decoration:underline\"><span style=\"font-size:14.0pt\">ApexBrasil lan&ccedil;a Perfil de Com&eacute;rcio e Investimentos com foco no G20<\/span><\/a><\/span><\/span><\/span><\/p>\r\n\r\n<p style=\"text-align:justify\"><span style=\"font-size:28pt\"><span style=\"font-family:Cambria,serif\"><span style=\"letter-spacing:-0.5pt\"><b><span style=\"font-size:18.0pt\"><span style=\"font-family:&quot;Calibri&quot;,sans-serif\"><span style=\"font-variant:small-caps\">Economia<\/span><\/span><\/span><\/b><\/span><\/span><\/span><\/p>\r\n\r\n<p style=\"text-align:justify\"><span style=\"font-size:11pt\"><span style=\"line-height:normal\"><span style=\"font-family:Calibri,sans-serif\"><a href=\"https:\/\/www.bcb.gov.br\/content\/focus\/focus\/R20240308.pdf\" style=\"color:blue; text-decoration:underline\"><span style=\"font-size:14.0pt\">Focus - Relat&oacute;rio de Mercado<\/span><\/a><\/span><\/span><\/span><\/p>\r\n\r\n<p style=\"text-align:justify\"><span style=\"font-size:11pt\"><span style=\"line-height:normal\"><span style=\"font-family:Calibri,sans-serif\"><a href=\"https:\/\/ibre.fgv.br\/blog-da-conjuntura-economica\/artigos\/pesquisadores-do-fgv-ibre-analisam-desempenho-da-economia-no\" style=\"color:blue; text-decoration:underline\"><span style=\"font-size:14.0pt\">Pesquisadores do FGV IBRE analisam desempenho da economia no in&iacute;cio de 2024 no I Semin&aacute;rio de An&aacute;lise Conjuntural<\/span><\/a><\/span><\/span><\/span><\/p>\r\n\r\n<p style=\"text-align:justify\"><span style=\"font-size:11pt\"><span style=\"line-height:normal\"><span style=\"font-family:Calibri,sans-serif\"><a href=\"https:\/\/ibre.fgv.br\/blog-da-conjuntura-economica\/artigos\/em-foco-141\" style=\"color:blue; text-decoration:underline\"><span style=\"font-size:14.0pt\">Em 2024, &eacute; importante considerar mais a composi&ccedil;&atilde;o do PIB e menos o n&uacute;mero em si<\/span><\/a><\/span><\/span><\/span><\/p>\r\n\r\n<p style=\"text-align:justify\"><span style=\"font-size:11pt\"><span style=\"line-height:normal\"><span style=\"font-family:Calibri,sans-serif\"><a href=\"https:\/\/portalibre.fgv.br\/system\/files\/2024-03\/barometros-globais-kof-fgv_press-release_03_2024.pdf\" style=\"color:blue; text-decoration:underline\"><span style=\"font-size:14.0pt\">Bar&ocirc;metro Global Antecedente calibra tend&ecirc;ncia de recupera&ccedil;&atilde;o para os pr&oacute;ximos meses<\/span><\/a><\/span><\/span><\/span><\/p>\r\n\r\n<p style=\"text-align:justify\"><span style=\"font-size:11pt\"><span style=\"line-height:normal\"><span style=\"font-family:Calibri,sans-serif\"><a href=\"https:\/\/grandesconstrucoes.com.br\/Noticias\/Exibir\/pib-da-construcao-cresce-42-no-4-trimestre-de-2023?utm_source=akna&amp;utm_medium=email&amp;utm_campaign=Grandes-Construcoes-Informativo-902-07-03-2024&amp;utm_source=akna&amp;utm_medium=email&amp;utm_campaign=Grandes-Construcoes-Informativo-902-07-03-2024\" style=\"color:blue; text-decoration:underline\"><span style=\"font-size:14.0pt\">PIB da constru&ccedil;&atilde;o cresce 4,2% no 4&ordm; trimestre de 2023<\/span><\/a><\/span><\/span><\/span><\/p>\r\n\r\n<p style=\"text-align:justify\">&nbsp;<\/p>\r\n\r\n<p style=\"text-align:justify\"><span style=\"font-size:11pt\"><span style=\"line-height:normal\"><span style=\"font-family:Calibri,sans-serif\"><span style=\"font-size:14.0pt\"><img src=\"https:\/\/www.abint.org.br\/assets\/img\/editor\/redes-sociais-abint-ctg-cth_20240312184853hpGC2WV2w6.jpg\" \/><\/span><\/span><\/span><\/span><\/p>\r\n","6":"<p style=\"text-align:justify\"><span style=\"font-size:11pt\"><span style=\"line-height:normal\"><span style=\"font-family:Calibri,sans-serif\"><span style=\"font-size:14.0pt\">Esta &eacute; uma compila&ccedil;&atilde;o das not&iacute;cias mais relevantes para o setor, incluindo informa&ccedil;&otilde;es sobre acordos internacionais, economia brasileira, sustentabilidade e mat&eacute;rias primas, al&eacute;m de novidades do setor de N&atilde;otecidos e Tecidos T&eacute;cnicos.<\/span><\/span><\/span><\/span><\/p>\r\n\r\n<p style=\"text-align:justify\"><span style=\"font-size:28pt\"><span style=\"font-family:Cambria,serif\"><span style=\"letter-spacing:-0.5pt\"><b><span style=\"font-size:18.0pt\"><span style=\"font-family:&quot;Calibri&quot;,sans-serif\"><span style=\"font-variant:small-caps\">O que vem por a&iacute;<\/span><\/span><\/span><\/b><\/span><\/span><\/span><\/p>\r\n\r\n<p style=\"text-align:justify\"><span style=\"font-size:28pt\"><span style=\"font-family:Cambria,serif\"><span style=\"letter-spacing:-0.5pt\"><b><span style=\"font-size:18.0pt\"><span style=\"font-family:&quot;Calibri&quot;,sans-serif\"><span style=\"font-variant:small-caps\"><img src=\"https:\/\/www.abint.org.br\/assets\/img\/editor\/original_20240312184025vTPSLFBQkL.png\" style=\"width: 300px; height: 69px;\" \/><\/span><\/span><\/span><\/b><\/span><\/span><\/span><\/p>\r\n\r\n<p style=\"text-align:justify\"><span style=\"font-size:28pt\"><span style=\"font-family:Cambria,serif\"><span style=\"letter-spacing:-0.5pt\"><b><span style=\"font-size:18.0pt\"><span style=\"font-family:&quot;Calibri&quot;,sans-serif\"><span style=\"font-variant:small-caps\"><img src=\"https:\/\/www.abint.org.br\/assets\/img\/editor\/post-quadrado-curso-naotecido_20240312184105pudXqbuXLI.jpg\" style=\"width: 500px; height: 500px;\" \/><\/span><\/span><\/span><\/b><\/span><\/span><\/span><\/p>\r\n\r\n<p style=\"text-align:justify\"><span style=\"font-size:11pt\"><span style=\"line-height:normal\"><span style=\"font-family:Calibri,sans-serif\"><a href=\"https:\/\/forms.office.com\/r\/5DrqtK5n3Y\" style=\"color:blue; text-decoration:underline\"><span style=\"font-size:14.0pt\">Informa&ccedil;&otilde;es e inscri&ccedil;&otilde;es<\/span><\/a><\/span><\/span><\/span><\/p>\r\n\r\n<p style=\"text-align:justify\">&nbsp;<\/p>\r\n\r\n<p style=\"text-align:justify\"><span style=\"font-size:11pt\"><span style=\"line-height:normal\"><span style=\"font-family:Calibri,sans-serif\"><span style=\"font-size:14.0pt\"><img src=\"https:\/\/www.abint.org.br\/assets\/img\/editor\/logo-ctg-abint-png_20240312184208ZzqsfoVDgv.png\" style=\"width: 300px; height: 55px;\" \/><\/span><\/span><\/span><\/span><\/p>\r\n\r\n<p style=\"text-align:justify\"><span style=\"font-size:11pt\"><span style=\"line-height:normal\"><span style=\"font-family:Calibri,sans-serif\"><span style=\"font-size:14.0pt\"><img src=\"https:\/\/www.abint.org.br\/assets\/img\/editor\/20240326-live-ctg-instagram-mariana_20240312184254mvGGAnjAh6.jpeg\" style=\"width: 500px; height: 500px;\" \/><\/span><\/span><\/span><\/span><\/p>\r\n\r\n<p style=\"text-align:justify\">&nbsp;<\/p>\r\n\r\n<p style=\"text-align:justify\"><span style=\"font-size:11pt\"><span style=\"line-height:normal\"><span style=\"font-family:Calibri,sans-serif\"><span style=\"font-size:14.0pt\">No dia <b>26 de mar&ccedil;o<\/b>, o <b>CTG ABINT <\/b>far&aacute; uma <b>live no Instagram<\/b> sobre as <b>solu&ccedil;&otilde;es dos geossint&eacute;ticos para problemas associados &agrave; constru&ccedil;&atilde;o de barragens e piscin&otilde;es no Agroneg&oacute;cio<\/b>.<\/span><\/span><\/span><\/span><\/p>\r\n\r\n<p style=\"text-align:justify\"><span style=\"font-size:11pt\"><span style=\"line-height:normal\"><span style=\"font-family:Calibri,sans-serif\"><span style=\"font-size:14.0pt\">Para assistir, acesse:&nbsp;<\/span><\/span><\/span><\/span><span style=\"font-size:11pt\"><span style=\"line-height:normal\"><span style=\"font-family:Calibri,sans-serif\"><a href=\"https:\/\/www.instagram.com\/ctg_abint\/\" style=\"color:blue; text-decoration:underline\"><span style=\"font-size:14.0pt\">https:\/\/www.instagram.com\/ctg_abint\/<\/span><\/a> <\/span><\/span><\/span><\/p>\r\n\r\n<p style=\"text-align:justify\">&nbsp;<\/p>\r\n\r\n<p style=\"text-align:justify\"><span style=\"font-size:11pt\"><span style=\"line-height:normal\"><span style=\"font-family:Calibri,sans-serif\"><span style=\"font-size:14.0pt\"><img src=\"https:\/\/www.abint.org.br\/assets\/img\/editor\/geocentro-2024-logo_20240312184358q7awxAG7GO.jpg\" style=\"width: 500px; height: 298px;\" \/><\/span><\/span><\/span><\/span><\/p>\r\n\r\n<p style=\"text-align:justify\"><span style=\"font-size:11pt\"><span style=\"line-height:normal\"><span style=\"font-family:Calibri,sans-serif\"><span style=\"font-size:12.0pt\">O CTG ABINT &eacute; um dos patrocinadores do <b>GEOCENTRO 2024 - 7&ordm; Simp&oacute;sio de Pr&aacute;tica de Engenharia Geot&eacute;cnica na Regi&atilde;o Centro-Oeste<\/b>, que acontecer&aacute; nos<b> dias 04, 05 e 06 de abril de 2024<\/b>, no Cenarium Rural,<b> em Cuiab&aacute;, Mato Grosso<\/b>.<\/span><\/span><\/span><\/span><\/p>\r\n\r\n<p style=\"text-align:justify\"><span style=\"font-size:11pt\"><span style=\"line-height:normal\"><span style=\"font-family:Calibri,sans-serif\"><span style=\"font-size:12.0pt\">O evento &eacute; <b>promovido pela ABMS<\/b> &ndash; Associa&ccedil;&atilde;o Brasileira de Mec&acirc;nica dos Solos e Engenharia Geot&eacute;cnica &ndash; N&uacute;cleo Centro Oeste.<\/span><\/span><\/span><\/span><\/p>\r\n\r\n<p style=\"text-align:justify\"><span style=\"font-size:11.0pt\"><span style=\"line-height:115%\"><span style=\"font-family:&quot;Calibri&quot;,sans-serif\"><a href=\"http:\/\/www.geocentro2024.com.br\" style=\"color:blue; text-decoration:underline\"><span style=\"font-size:12.0pt\"><span style=\"line-height:115%\">www.geocentro2024.com.br<\/span><\/span><\/a><\/span><\/span><\/span><\/p>\r\n\r\n<p style=\"text-align:justify\">&nbsp;<\/p>\r\n\r\n<p style=\"text-align:justify\"><img src=\"https:\/\/www.abint.org.br\/assets\/img\/editor\/cth-logo-alta-png-2_20240312184602pDv7cUouKB.png\" style=\"width: 300px; height: 68px;\" \/><\/p>\r\n\r\n<p style=\"text-align:justify\"><span style=\"font-size:11.0pt\"><span style=\"line-height:115%\"><span style=\"font-family:&quot;Calibri&quot;,sans-serif\"><span style=\"font-size:12.0pt\"><span style=\"line-height:115%\"><img src=\"https:\/\/www.abint.org.br\/assets\/img\/editor\/hospitalmed-2024-logo_20240312184512NbskBsafP5.png\" style=\"width: 500px; height: 448px;\" \/><\/span><\/span><\/span><\/span><\/span><\/p>\r\n\r\n<p style=\"text-align:justify\"><span style=\"font-size:11pt\"><span style=\"line-height:normal\"><span style=\"font-family:Calibri,sans-serif\"><b><span style=\"font-size:12.0pt\">O CTH ABINT &eacute; um dos patrocinadores da HospitalMed 2024.<\/span><\/b><\/span><\/span><\/span><\/p>\r\n\r\n<p style=\"text-align:justify\"><span style=\"font-size:11pt\"><span style=\"line-height:normal\"><span style=\"font-family:Calibri,sans-serif\"><span style=\"font-size:12.0pt\">&ldquo;<i>A melhor e Mais Completa Feira de Sa&uacute;de do Norte\/Nordeste<\/i>&rdquo;, &eacute; uma realiza&ccedil;&atilde;o da HospitalMed Feiras &amp; Eventos e da Insight Feiras de Neg&oacute;cios.<\/span><\/span><\/span><\/span><\/p>\r\n\r\n<p style=\"text-align:justify\"><span style=\"font-size:11pt\"><span style=\"line-height:normal\"><span style=\"font-family:Calibri,sans-serif\"><i><span style=\"font-size:12.0pt\">&ldquo;O <b>re&uacute;ne toda a cadeia produtiva do setor de sa&uacute;de das regi&otilde;es Norte\/Nordeste<\/b>. &Eacute; o grande encontro de fornecedores de Produtos, Equipamentos, Servi&ccedil;os, Tecnologia e Conte&uacute;do para Hospitais, Laborat&oacute;rios, Farm&aacute;cias, Cl&iacute;nicas, Consult&oacute;rios e Profissionais da Sa&uacute;de&rdquo;.<\/span><\/i><\/span><\/span><\/span><\/p>\r\n\r\n<p style=\"text-align:justify\"><span style=\"font-size:11.0pt\"><span style=\"line-height:115%\"><span style=\"font-family:&quot;Calibri&quot;,sans-serif\"><a href=\"http:\/\/www.hospitalmed.com.br\" style=\"color:blue; text-decoration:underline\"><span style=\"font-size:14.0pt\"><span style=\"line-height:115%\">www.hospitalmed.com.br<\/span><\/span><\/a><\/span><\/span><\/span><\/p>\r\n\r\n<p class=\"MsoTitle\" style=\"text-align:justify\"><span style=\"font-size:28pt\"><span style=\"font-family:Cambria,serif\"><span style=\"letter-spacing:-0.5pt\"><b><span style=\"font-size:18.0pt\"><span style=\"font-family:&quot;Calibri&quot;,sans-serif\"><span style=\"font-variant:small-caps\">A&ccedil;&otilde;es realizadas<\/span><\/span><\/span><\/b><\/span><\/span><\/span><\/p>\r\n\r\n<p class=\"MsoTitle\" style=\"text-align:justify\"><span style=\"font-size:28pt\"><span style=\"font-family:Cambria,serif\"><span style=\"letter-spacing:-0.5pt\"><b><span style=\"font-size:18.0pt\"><span style=\"font-family:&quot;Calibri&quot;,sans-serif\"><span style=\"font-variant:small-caps\"><img src=\"https:\/\/www.abint.org.br\/assets\/img\/editor\/abint-logo-2020-g_20240312184741TKiM3W9l5A.png\" style=\"width: 300px; height: 69px;\" \/><\/span><\/span><\/span><\/b><\/span><\/span><\/span><\/p>\r\n\r\n<p class=\"MsoTitle\" style=\"text-align:justify\"><span style=\"font-size:28pt\"><span style=\"font-family:Cambria,serif\"><span style=\"letter-spacing:-0.5pt\"><b><span style=\"font-size:18.0pt\"><span style=\"font-family:&quot;Calibri&quot;,sans-serif\"><span style=\"font-variant:small-caps\"><img src=\"https:\/\/www.abint.org.br\/assets\/img\/editor\/flyer-white-paper-abint-imagem_20240312184807EL7QRjrnqQ.jpeg\" \/><\/span><\/span><\/span><\/b><\/span><\/span><\/span><\/p>\r\n\r\n<p align=\"center\" style=\"text-align:center\"><span style=\"font-size:11pt\"><span style=\"line-height:normal\"><span style=\"font-family:Calibri,sans-serif\"><a href=\"https:\/\/www.abint.org.br\/informacao\/publicacoes\" style=\"color:blue; text-decoration:underline\"><b><span style=\"font-size:14.0pt\">ACESSE AQUI O ESTUDO COMPLETO<\/span><\/b><\/a><\/span><\/span><\/span><\/p>\r\n\r\n<p style=\"text-align:justify\"><span style=\"font-size:28pt\"><span style=\"font-family:Cambria,serif\"><span style=\"letter-spacing:-0.5pt\"><b><span style=\"font-size:18.0pt\"><span style=\"font-family:&quot;Calibri&quot;,sans-serif\"><span style=\"font-variant:small-caps\">Not&iacute;cias das Associadas<\/span><\/span><\/span><\/b><\/span><\/span><\/span><\/p>\r\n\r\n<p style=\"text-align:justify\"><span style=\"font-size:11pt\"><span style=\"line-height:normal\"><span style=\"font-family:Calibri,sans-serif\"><a href=\"https:\/\/www.textileworld.com\/textile-world\/nonwovens-technical-textiles\/2024\/03\/techtextil-frankfurt-2024-andritz-to-focus-on-textile-recycling-and-durable-nonwoven-production-technologies\/\" style=\"color:blue; text-decoration:underline\"><span lang=\"EN-US\" style=\"font-size:14.0pt\">Techtextil Frankfurt 2024: ANDRITZ To Focus On Textile Recycling And Durable Nonwoven Production Technologies<\/span><\/a><\/span><\/span><\/span><\/p>\r\n\r\n<p style=\"text-align:justify\"><span style=\"font-size:11pt\"><span style=\"line-height:normal\"><span style=\"font-family:Calibri,sans-serif\"><a href=\"https:\/\/www.textileworld.com\/textile-world\/nonwovens-technical-textiles\/2024\/03\/freudenberg-launches-fully-synthetic-wetlaid-nonwovens-made-in-europe-for-filtration-and-other-applications\/\" style=\"color:blue; text-decoration:underline\"><span lang=\"EN-US\" style=\"font-size:14.0pt\">Freudenberg Launches Fully Synthetic Wetlaid Nonwovens Made In Europe For Filtration And Other Applications<\/span><\/a><\/span><\/span><\/span><\/p>\r\n\r\n<p style=\"text-align:justify\">&nbsp;<\/p>\r\n\r\n<p style=\"text-align:justify\"><span style=\"font-size:11pt\"><span style=\"line-height:normal\"><span style=\"font-family:Calibri,sans-serif\"><b><span style=\"font-size:18.0pt\"><span style=\"font-variant:small-caps\">Eventos<\/span><\/span><\/b><\/span><\/span><\/span><\/p>\r\n\r\n<p style=\"text-align:justify\"><span style=\"font-size:11pt\"><span style=\"line-height:normal\"><span style=\"font-family:Calibri,sans-serif\"><b><span style=\"font-size:14.0pt\">47&ordf; Fimec - Feira Internacional de Couros, Produtos Qu&iacute;micos, Componentes, M&aacute;quinas e Equipamentos para Cal&ccedil;ados e Curtumes<\/span><\/b><span class=\"MsoHyperlink\" style=\"color:blue\"><span style=\"text-decoration:underline\"><span style=\"font-size:14.0pt\"><span style=\"text-decoration:none\"><span style=\"text-underline:none\">, 12 a 14 de mar&ccedil;o de 2024, das 13h00 &agrave;s 20h00. <\/span><\/span><\/span><\/span><\/span><a href=\"http:\/\/www.fimec.com.br\" style=\"color:blue; text-decoration:underline\"><span style=\"font-size:14.0pt\">www.fimec.com.br<\/span><\/a> <\/span><\/span><\/span><\/p>\r\n\r\n<p style=\"text-align:justify\"><span style=\"font-size:11pt\"><span style=\"line-height:normal\"><span style=\"font-family:Calibri,sans-serif\"><b><span style=\"font-size:14.0pt\">VDI-Brasil | Webinar: &quot;Tecnologias Industriais: Perspectivas atuais e futuras&quot;, <\/span><\/b><span class=\"MsoHyperlink\" style=\"color:blue\"><span style=\"text-decoration:underline\"><span style=\"font-size:14.0pt\"><span style=\"text-decoration:none\"><span style=\"text-underline:none\">14 de mar&ccedil;o de 2024, 09h00.<\/span><\/span><\/span><\/span><\/span> <a href=\"https:\/\/info.vdibrasil.com\/webinar-tecnologias-industriais-perspectivas-atuais-e-futuras?utm_campaign=webinar_-_tecnologias_industriais_-_aquarius&amp;utm_medium=email&amp;utm_source=RD+Station\" style=\"color:blue; text-decoration:underline\"><span style=\"font-size:14.0pt\">Informa&ccedil;&otilde;es e inscri&ccedil;&otilde;es aqui<\/span><\/a> <\/span><\/span><\/span><\/p>\r\n\r\n<p style=\"text-align:justify\"><span style=\"font-size:11pt\"><span style=\"line-height:normal\"><span style=\"font-family:Calibri,sans-serif\"><b><span style=\"font-size:14.0pt\">AESabesp | Semin&aacute;rio Internacional Dia Mundial da &Aacute;gua<\/span><\/b><span class=\"MsoHyperlink\" style=\"color:blue\"><span style=\"text-decoration:underline\"><span style=\"font-size:14.0pt\"><span style=\"text-decoration:none\"><span style=\"text-underline:none\">, 21 de mar&ccedil;o de 2024, 09h30 &agrave;s 18h00, evento online e gratuito, transmitido no canal AESabesp no YouTube<\/span><\/span><\/span><\/span><\/span><\/span><\/span><\/span><\/p>\r\n\r\n<p style=\"text-align:justify\"><span style=\"font-size:11pt\"><span style=\"line-height:normal\"><span style=\"font-family:Calibri,sans-serif\"><b><span style=\"font-size:14.0pt\">Sindit&ecirc;xtil-SP | Workshop: Transa&ccedil;&atilde;o Tribut&aacute;ria Estadual<\/span><\/b><span style=\"font-size:14.0pt\">, 26 de mar&ccedil;o de 2024, 09h00 &agrave;s 1h00, evento h&iacute;brido.<\/span> <a href=\"https:\/\/produtos.institutoabit.org.br\/prod\/642c0aea-1b13-4f24-b9e3-43214d139c34?utm_campaign=workshop_transacao_tributaria_estadual&amp;utm_medium=email&amp;utm_source=RD+Station\" style=\"color:blue; text-decoration:underline\"><span style=\"font-size:14.0pt\">Informa&ccedil;&otilde;es e inscri&ccedil;&otilde;es aqui<\/span><\/a><\/span><\/span><\/span><\/p>\r\n\r\n<p style=\"text-align:justify\"><span style=\"font-size:11pt\"><span style=\"line-height:normal\"><span style=\"font-family:Calibri,sans-serif\"><b><span style=\"font-size:14.0pt\">FGV IBRE | I Encontro do Centro de Pol&iacute;tica Fiscal e Or&ccedil;amento<\/span><\/b><span class=\"MsoHyperlink\" style=\"color:blue\"><span style=\"text-decoration:underline\"><span style=\"font-size:14.0pt\"><span style=\"text-decoration:none\"><span style=\"text-underline:none\">, 02 de abril de 2024, 09h00 &agrave;s 13h00, evento presencial, Praia de Botafogo, 190, Rio de Janeiro, RJ. <\/span><\/span><\/span><\/span><\/span><a href=\"https:\/\/evento.fgv.br\/iencontro_politicaefiscal_0204\/\" style=\"color:blue; text-decoration:underline\"><span style=\"font-size:14.0pt\">Informa&ccedil;&otilde;es e inscri&ccedil;&otilde;es aqui<\/span><\/a> <\/span><\/span><\/span><\/p>\r\n\r\n<p style=\"text-align:justify\"><span style=\"font-size:11pt\"><span style=\"line-height:normal\"><span style=\"font-family:Calibri,sans-serif\"><b><span style=\"font-size:14.0pt\">GEOAMERICAS 2024, <\/span><\/b><span style=\"font-size:14.0pt\">de 28 de abril a 01 de maio de 2024, em Toronto (Canad&aacute;). <\/span><a href=\"https:\/\/www.geoamericas2024.org\/\" style=\"color:blue; text-decoration:underline\"><span style=\"font-size:14.0pt\">Informa&ccedil;&otilde;es aqui.<\/span><\/a><\/span><\/span><\/span><\/p>\r\n\r\n<p style=\"text-align:justify\"><span style=\"font-size:11pt\"><span style=\"line-height:normal\"><span style=\"font-family:Calibri,sans-serif\"><b><span style=\"font-size:14.0pt\">II Congresso Ibero-Americano de Esteriliza&ccedil;&atilde;o e II Congresso Nacional de Reprocessamento de Dispositivos M&eacute;dicos<\/span><\/b><span style=\"font-size:14.0pt\">, 16 a 18 de maio de 2024, Cartagena, Colombia<b>. <\/b><\/span><a href=\"http:\/\/nascecme.com.br\/ii-congresso-ibero-americano-de-esterilizacao-e-ii-congresso-nacional-de-reprocessamento-de-dispositivos-medicos\/\" style=\"color:blue; text-decoration:underline\"><span lang=\"EN-US\" style=\"font-size:14.0pt\">Informa&ccedil;&otilde;es<\/span><\/a><span lang=\"EN-US\" style=\"font-size:14.0pt\"> <\/span><\/span><\/span><\/span><\/p>\r\n\r\n<p style=\"text-align:justify\"><span style=\"font-size:11pt\"><span style=\"line-height:normal\"><span style=\"font-family:Calibri,sans-serif\"><b><span lang=\"EN-US\" style=\"font-size:14.0pt\">ANEX 2024 | Asia Nonwoven Exhibition and Conference<\/span><\/b><span lang=\"EN-US\" style=\"font-size:14.0pt\">, 22-24 May 2024, Taipei Nangang Exhibition Center, Hall 1. <\/span><a href=\"https:\/\/www.anex2024.com\/\" style=\"color:blue; text-decoration:underline\"><span lang=\"EN-US\" style=\"font-size:14.0pt\">Information here<\/span><\/a> <\/span><\/span><\/span><\/p>\r\n\r\n<p style=\"text-align:justify\"><span style=\"font-size:11pt\"><span style=\"line-height:normal\"><span style=\"font-family:Calibri,sans-serif\"><b><span lang=\"EN-US\" style=\"font-size:14.0pt\">The EDANA Innovation Forum<\/span><\/b><span class=\"MsoHyperlink\" style=\"color:blue\"><span style=\"text-decoration:underline\"><span lang=\"EN-US\" style=\"font-size:14.0pt\"><span style=\"text-decoration:none\"><span style=\"text-underline:none\">, 04 - 06 June 2024, Munich. <\/span><\/span><\/span><\/span><\/span><a href=\"https:\/\/www.edana.org\/events\/edana-innovation-forum-?ct=t(MENA_2018_call_for_papers6_28_2017_COPY_01)&amp;mc_cid=27efeab42f&amp;mc_eid=08e0eae351\" style=\"color:blue; text-decoration:underline\"><span lang=\"EN-US\" style=\"font-size:14.0pt\">Information here<\/span><\/a><\/span><\/span><\/span><\/p>\r\n\r\n<p style=\"text-align:justify\"><span style=\"font-size:11pt\"><span style=\"line-height:normal\"><span style=\"font-family:Calibri,sans-serif\"><b><span lang=\"EN-US\" style=\"font-size:14.0pt\">HIGITEX 2024 | International Technical Textiles &amp; Nonwoven Exhibition<\/span><\/b><span lang=\"EN-US\" style=\"font-size:14.0pt\">, 4-8 June 2024, T&uuml;yap Fair Convention and Congress Center, T&uuml;rkiye. <\/span><a href=\"https:\/\/www.hightex.com.tr\/\" style=\"color:blue; text-decoration:underline\"><span style=\"font-size:14.0pt\">Information here<\/span><\/a> <\/span><\/span><\/span><\/p>\r\n\r\n<p style=\"text-align:justify\"><span style=\"font-size:11pt\"><span style=\"line-height:normal\"><span style=\"font-family:Calibri,sans-serif\"><b><span style=\"font-size:14.0pt\">FEIPLAR COMPOSITES &amp; FEIPUR &ndash; Feira e Congresso Internacionais de Composites, Poliuretano, Pl&aacute;sticos de Engenharia e Compostos Termopl&aacute;sticos<\/span><\/b><span style=\"font-size:14.0pt\">, 20 a 22 de agosto de 2024, S&atilde;o Paulo Expo (Pavilh&atilde;o 5), palestras: das 8h30 &agrave;s 18h, feira: das 13h &agrave;s 20h.<b> <\/b><\/span><a href=\"http:\/\/www.feiplar.com\" style=\"color:blue; text-decoration:underline\"><span style=\"font-size:14.0pt\">www.feiplar.com<\/span><\/a> <\/span><\/span><\/span><\/p>\r\n\r\n<p style=\"text-align:justify\"><span style=\"font-size:11pt\"><span style=\"line-height:normal\"><span style=\"font-family:Calibri,sans-serif\"><b><span style=\"font-size:14.0pt\">Fenasan 2024 &ndash; Feira Nacional de Saneamento e Meio Ambiente<\/span><\/b><span style=\"font-size:14.0pt\">, 22 a 24 de outubro de 2024, Pavilh&otilde;es Verde e Vermelho, Expo Center Norte, S&atilde;o Paulo SP. <\/span><a href=\"http:\/\/www.fenasan.com.br\" style=\"color:blue; text-decoration:underline\"><span style=\"font-size:14.0pt\">www.fenasan.com.br<\/span><\/a> <\/span><\/span><\/span><\/p>\r\n\r\n<p style=\"text-align:justify\"><span style=\"font-size:11pt\"><span style=\"line-height:normal\"><span style=\"font-family:Calibri,sans-serif\"><b><span style=\"font-size:14.0pt\">HospitalMed 2024<\/span><\/b><span style=\"font-size:14.0pt\">, 23 a 25 de outubro, das 14h &agrave;s 20h, no Pernambuco Centro de Conven&ccedil;&otilde;es. <\/span><a href=\"http:\/\/www.hospitalmed.com.br\" style=\"color:blue; text-decoration:underline\"><span style=\"font-size:14.0pt\">www.hospitalmed.com.br<\/span><\/a> <\/span><\/span><\/span><\/p>\r\n\r\n<p style=\"text-align:justify\"><span style=\"font-size:28pt\"><span style=\"font-family:Cambria,serif\"><span style=\"letter-spacing:-0.5pt\"><b><span style=\"font-size:18.0pt\"><span style=\"font-family:&quot;Calibri&quot;,sans-serif\"><span style=\"font-variant:small-caps\">Setor<\/span><\/span><\/span><\/b><\/span><\/span><\/span><\/p>\r\n\r\n<p style=\"text-align:justify\"><span style=\"font-size:11pt\"><span style=\"line-height:normal\"><span style=\"font-family:Calibri,sans-serif\"><a href=\"https:\/\/www.plastico.com.br\/wp-content\/uploads\/2024\/02\/pm583.pdf\" style=\"color:blue; text-decoration:underline\"><span style=\"font-size:14.0pt\">Perspectivas 2024 | Resinas pl&aacute;sticas<\/span><\/a><span class=\"MsoHyperlink\" style=\"color:blue\"><span style=\"text-decoration:underline\"><span style=\"font-size:14.0pt\"><span style=\"text-decoration:none\"><span style=\"text-underline:none\"> (a partir da p&aacute;gina 22)<\/span><\/span><\/span><\/span><\/span><\/span><\/span><\/span><\/p>\r\n\r\n<p style=\"text-align:justify\"><span style=\"font-size:11pt\"><span style=\"line-height:normal\"><span style=\"font-family:Calibri,sans-serif\"><a href=\"https:\/\/tissueonline.com.br\/fabricantes-de-personal-care-debatem-tendencias-de-mercado-sustentabilidade-e-uso-de-dados\/?utm_campaign=newsletter_08032024_novo_modelo&amp;utm_medium=email&amp;utm_source=RD+Station\" style=\"color:blue; text-decoration:underline\"><span style=\"font-size:14.0pt\">Fabricantes de personal care debatem tend&ecirc;ncias de mercado, sustentabilidade e uso de dados<\/span><\/a><\/span><\/span><\/span><\/p>\r\n\r\n<p style=\"text-align:justify\"><span style=\"font-size:11pt\"><span style=\"line-height:normal\"><span style=\"font-family:Calibri,sans-serif\"><a href=\"https:\/\/www.bol.uol.com.br\/noticias\/2024\/03\/06\/governo-quer-salvar-ultima-geleira-da-venezuela-com-manta-geotextil.htm\" style=\"color:blue; text-decoration:underline\"><span style=\"font-size:14.0pt\">Governo quer &#39;salvar&#39; &uacute;ltima geleira da Venezuela com manta geot&ecirc;xtil<\/span><\/a><\/span><\/span><\/span><\/p>\r\n\r\n<p style=\"text-align:justify\"><span style=\"font-size:11pt\"><span style=\"line-height:normal\"><span style=\"font-family:Calibri,sans-serif\"><a href=\"https:\/\/www.nonwovens-industry.com\/contents\/view_breaking-news\/2024-03-10\/kimberly-clark-introduces-hybrid-style-diaper-in-brazil\/15303\" style=\"color:blue; text-decoration:underline\"><span lang=\"EN-US\" style=\"font-size:14.0pt\">Kimberly-Clark Introduces Hybrid Style Diaper in Brazil<\/span><\/a><\/span><\/span><\/span><\/p>\r\n\r\n<p style=\"text-align:justify\"><span style=\"font-size:11pt\"><span style=\"line-height:normal\"><span style=\"font-family:Calibri,sans-serif\"><a href=\"https:\/\/www.nonwovens-industry.com\/contents\/view_breaking-news\/2024-03-04\/inda-elects-five-new-board-members\/15303\" style=\"color:blue; text-decoration:underline\"><span lang=\"EN-US\" style=\"font-size:14.0pt\">INDA Elects Five New Board Members<\/span><\/a><\/span><\/span><\/span><\/p>\r\n\r\n<p style=\"text-align:justify\"><span style=\"font-size:28pt\"><span style=\"font-family:Cambria,serif\"><span style=\"letter-spacing:-0.5pt\"><b><span style=\"font-size:18.0pt\"><span style=\"font-family:&quot;Calibri&quot;,sans-serif\"><span style=\"font-variant:small-caps\">Ind&uacute;stria<\/span><\/span><\/span><\/b><\/span><\/span><\/span><\/p>\r\n\r\n<p style=\"text-align:justify\"><span style=\"font-size:11pt\"><span style=\"line-height:normal\"><span style=\"font-family:Calibri,sans-serif\"><a href=\"https:\/\/epbr.com.br\/novo-rota-2030-tera-r-270-milhoes-para-inovacao-automotiva\/?utm_source=newsletters+epbr&amp;utm_campaign=6f65eeaa6f-epbr-comece-seu-dia_20230724_COPY_01&amp;utm_medium=email&amp;utm_term=0_5931171aac-6f65eeaa6f-466362780\" style=\"color:blue; text-decoration:underline\"><span style=\"font-size:14.0pt\">Novo Rota 2030 ter&aacute; R$ 270 milh&otilde;es para inova&ccedil;&atilde;o automotiva<\/span><\/a><\/span><\/span><\/span><\/p>\r\n\r\n<p style=\"text-align:justify\"><span style=\"font-size:11pt\"><span style=\"line-height:normal\"><span style=\"font-family:Calibri,sans-serif\"><a href=\"https:\/\/epbr.com.br\/toyota-anuncia-investimentos-em-hibridos-no-brasil-byd-inicia-obras-na-bahia\/?utm_source=newsletters+epbr&amp;utm_campaign=6f65eeaa6f-epbr-comece-seu-dia_20230724_COPY_01&amp;utm_medium=email&amp;utm_term=0_5931171aac-6f65eeaa6f-466362780\" style=\"color:blue; text-decoration:underline\"><span style=\"font-size:14.0pt\">Toyota anuncia investimentos em h&iacute;bridos no Brasil; BYD inicia obras na Bahia<\/span><\/a><\/span><\/span><\/span><\/p>\r\n\r\n<p style=\"text-align:justify\"><span style=\"font-size:11pt\"><span style=\"line-height:normal\"><span style=\"font-family:Calibri,sans-serif\"><a href=\"https:\/\/epbr.com.br\/montadoras-investirao-quase-r-100-bilhoes-com-foco-em-eletricos-e-hibridos-veja-a-lista\/?utm_source=newsletters+epbr&amp;utm_campaign=6c4ce6332e-epbr-comece-seu-dia_20230724_COPY_01&amp;utm_medium=email&amp;utm_term=0_5931171aac-6c4ce6332e-466362780\" style=\"color:blue; text-decoration:underline\"><span style=\"font-size:14.0pt\">Montadoras investir&atilde;o quase R$ 100 bilh&otilde;es com foco em el&eacute;tricos e h&iacute;bridos; veja a lista<\/span><\/a><\/span><\/span><\/span><\/p>\r\n\r\n<p style=\"text-align:justify\"><span style=\"font-size:11pt\"><span style=\"line-height:normal\"><span style=\"font-family:Calibri,sans-serif\"><a href=\"https:\/\/grandesconstrucoes.com.br\/Noticias\/Exibir\/setor-de-transportes-recebe-228-dos-investimentos-federais-em-infraestrutura-em-2023?utm_source=akna&amp;utm_medium=email&amp;utm_campaign=Grandes-Construcoes-Informativo-902-07-03-2024&amp;utm_source=akna&amp;utm_medium=email&amp;utm_campaign=Grandes-Construcoes-Informativo-902-07-03-2024\" style=\"color:blue; text-decoration:underline\"><span style=\"font-size:14.0pt\">Setor de transportes recebe 22,8% dos investimentos federais em infraestrutura em 2023<\/span><\/a><\/span><\/span><\/span><\/p>\r\n\r\n<p style=\"text-align:justify\"><span style=\"font-size:11pt\"><span style=\"line-height:normal\"><span style=\"font-family:Calibri,sans-serif\"><a href=\"https:\/\/www.capitalnews.com.br\/economia-e-agronegocio\/agronegocio\/setor-de-maquinas-encerrou-2023-com-marco-de-r-14-bilhoes-de-exportacoes\/399921\" style=\"color:blue; text-decoration:underline\"><span style=\"font-size:14.0pt\">Setor de m&aacute;quinas encerrou 2023 com marco de R$ 14 bilh&otilde;es de exporta&ccedil;&otilde;es<\/span><\/a><\/span><\/span><\/span><\/p>\r\n\r\n<p style=\"text-align:justify\"><span style=\"font-size:11pt\"><span style=\"line-height:normal\"><span style=\"font-family:Calibri,sans-serif\"><a href=\"https:\/\/comexdobrasil.com\/industria-quimica-2024-desafios-e-oportunidades-para-um-desenvolvimento-sustentavel\/\" style=\"color:blue; text-decoration:underline\"><span style=\"font-size:14.0pt\">Ind&uacute;stria qu&iacute;mica 2024: desafios e oportunidades para um desenvolvimento sustent&aacute;vel<\/span><\/a><\/span><\/span><\/span><\/p>\r\n\r\n<p style=\"text-align:justify\"><span style=\"font-size:11pt\"><span style=\"line-height:normal\"><span style=\"font-family:Calibri,sans-serif\"><a href=\"https:\/\/www.moveisdevalor.com.br\/portal\/o-papel-fundamental-da-china-no-cenario-competitivo-de-moveis?source=news\" style=\"color:blue; text-decoration:underline\"><span style=\"font-size:14.0pt\">O papel fundamental da China no cen&aacute;rio competitivo de m&oacute;veis<\/span><\/a><\/span><\/span><\/span><\/p>\r\n\r\n<p style=\"text-align:justify\"><span style=\"font-size:28pt\"><span style=\"font-family:Cambria,serif\"><span style=\"letter-spacing:-0.5pt\"><b><span style=\"font-size:18.0pt\"><span style=\"font-family:&quot;Calibri&quot;,sans-serif\"><span style=\"font-variant:small-caps\">Sustentabilidade<\/span><\/span><\/span><\/b><\/span><\/span><\/span><\/p>\r\n\r\n<p style=\"text-align:justify\"><span style=\"font-size:11pt\"><span style=\"line-height:normal\"><span style=\"font-family:Calibri,sans-serif\"><a href=\"https:\/\/plasticosemrevista.com.br\/proibidos-plasticos-de-uso-unico-nas-olimpiadas-de-paris\/\" style=\"color:blue; text-decoration:underline\"><span style=\"font-size:14.0pt\">Proibidos pl&aacute;sticos de uso &uacute;nico nas Olimp&iacute;adas de Paris<\/span><\/a><\/span><\/span><\/span><\/p>\r\n\r\n<p style=\"text-align:justify\"><span style=\"font-size:11pt\"><span style=\"line-height:normal\"><span style=\"font-family:Calibri,sans-serif\"><a href=\"https:\/\/foodsafetybrazil.org\/dispensa-de-registro-para-embalagem-reciclada-nova-regra-da-anvisa\/\" style=\"color:blue; text-decoration:underline\"><span style=\"font-size:14.0pt\">Dispensa de registro para embalagem reciclada: nova regra da Anvisa<\/span><\/a><\/span><\/span><\/span><\/p>\r\n\r\n<p style=\"text-align:justify\"><span style=\"font-size:11pt\"><span style=\"line-height:normal\"><span style=\"font-family:Calibri,sans-serif\"><a href=\"https:\/\/senaicetiqt.com\/instituto-senai-de-inovacao-isi-em-biossinteticos-e-fibras-realiza-workshop-green-pathways-partnerships-in-brazil-netherlands-bioeconomy\/?utm_campaign=senai_cetiqt__newsletter_isi_-_fevereiro_2024&amp;utm_medium=email&amp;utm_source=RD+Station\" style=\"color:blue; text-decoration:underline\"><span lang=\"EN-US\" style=\"font-size:14.0pt\">Instituto SENAI de Inova&ccedil;&atilde;o (ISI) em Biossint&eacute;ticos e Fibras realiza Workshop &ldquo;Green Pathways: Partnerships in Brazil-Netherlands Bioeconomy&rdquo;<\/span><\/a><\/span><\/span><\/span><\/p>\r\n\r\n<p style=\"text-align:justify\"><span style=\"font-size:11pt\"><span style=\"line-height:normal\"><span style=\"font-family:Calibri,sans-serif\"><a href=\"https:\/\/phys.org\/news\/2024-02-plastic-pellets-blight-belgian-town.html\" style=\"color:blue; text-decoration:underline\"><span lang=\"EN-US\" style=\"font-size:14.0pt\">Plastic pellets blight Belgian town as EU weighs action<\/span><\/a><\/span><\/span><\/span><\/p>\r\n\r\n<p style=\"text-align:justify\"><span style=\"font-size:28pt\"><span style=\"font-family:Cambria,serif\"><span style=\"letter-spacing:-0.5pt\"><b><span style=\"font-size:18.0pt\"><span style=\"font-family:&quot;Calibri&quot;,sans-serif\"><span style=\"font-variant:small-caps\">Inova&ccedil;&atilde;o<\/span><\/span><\/span><\/b><\/span><\/span><\/span><\/p>\r\n\r\n<p style=\"text-align:justify\"><span style=\"font-size:11pt\"><span style=\"line-height:normal\"><span style=\"font-family:Calibri,sans-serif\"><a href=\"https:\/\/fiesc.com.br\/pt-br\/imprensa\/finep-apresenta-r-218-bi-em-recursos-nao-reembolsaveis-para-inovacao-industrial\" style=\"color:blue; text-decoration:underline\"><span style=\"font-size:14.0pt\">Finep apresenta R$ 2,18 bi em recursos n&atilde;o reembols&aacute;veis para a inova&ccedil;&atilde;o industrial<\/span><\/a><\/span><\/span><\/span><\/p>\r\n\r\n<p style=\"text-align:justify\"><span style=\"font-size:11pt\"><span style=\"line-height:normal\"><span style=\"font-family:Calibri,sans-serif\"><a href=\"https:\/\/ciclovivo.com.br\/inovacao\/tecnologia\/pesquisadores-usam-nanodiamantes-para-criar-tecido-refrescante\/\" style=\"color:blue; text-decoration:underline\"><span style=\"font-size:14.0pt\">Pesquisadores criam tecido refrescante usando nanodiamantes<\/span><\/a><\/span><\/span><\/span><\/p>\r\n\r\n<p style=\"text-align:justify\"><span style=\"font-size:11pt\"><span style=\"line-height:normal\"><span style=\"font-family:Calibri,sans-serif\"><a href=\"https:\/\/itforum.com.br\/noticias\/16-macrotendencias-amy-webb-sxsw-2024\/\" style=\"color:blue; text-decoration:underline\"><span style=\"font-size:14.0pt\">16 macrotend&ecirc;ncias apresentadas por Amy Webb no SXSW 2024<\/span><\/a><\/span><\/span><\/span><\/p>\r\n\r\n<p style=\"text-align:justify\"><span style=\"font-size:11pt\"><span style=\"line-height:normal\"><span style=\"font-family:Calibri,sans-serif\"><a href=\"https:\/\/phys.org\/news\/2024-03-bio-materials-showcase-potential-equipment.html?utm_source=nwletter&amp;utm_medium=email&amp;utm_campaign=daily-nwletter\" style=\"color:blue; text-decoration:underline\"><span lang=\"EN-US\" style=\"font-size:14.0pt\">Bio-inspired materials showcase potential for protective equipment and textiles<\/span><\/a><\/span><\/span><\/span><\/p>\r\n\r\n<p style=\"text-align:justify\"><span style=\"font-size:11pt\"><span style=\"line-height:normal\"><span style=\"font-family:Calibri,sans-serif\"><a href=\"https:\/\/techxplore.com\/news\/2024-02-fast-precise-free-laser-drilling.html?utm_source=nwletter&amp;utm_medium=email&amp;utm_campaign=daily-nwletter\" style=\"color:blue; text-decoration:underline\"><span lang=\"EN-US\" style=\"font-size:14.0pt\">Fast, precise and wear-free process for laser drilling of carbon fiber-reinforced plastics<\/span><\/a><\/span><\/span><\/span><\/p>\r\n\r\n<p style=\"text-align:justify\"><span style=\"font-size:11pt\"><span style=\"line-height:normal\"><span style=\"font-family:Calibri,sans-serif\"><a href=\"https:\/\/phys.org\/news\/2024-02-experimental-analysis-simulations-reveal-woven.html?utm_source=nwletter&amp;utm_medium=email&amp;utm_campaign=daily-nwletter\" style=\"color:blue; text-decoration:underline\"><span lang=\"EN-US\" style=\"font-size:14.0pt\">Experimental analysis, computer simulations reveal how woven fabric composites are deformed by heat<\/span><\/a><\/span><\/span><\/span><\/p>\r\n\r\n<p style=\"text-align:justify\"><span style=\"font-size:11pt\"><span style=\"line-height:normal\"><span style=\"font-family:Calibri,sans-serif\"><a href=\"https:\/\/techxplore.com\/news\/2024-03-4d-robot-technologies-custom.html?utm_source=nwletter&amp;utm_medium=email&amp;utm_campaign=daily-nwletter\" style=\"color:blue; text-decoration:underline\"><span lang=\"EN-US\" style=\"font-size:14.0pt\">4D Knit Dress robot uses several technologies to create a custom design and a custom fit<\/span><\/a><\/span><\/span><\/span><\/p>\r\n\r\n<p style=\"text-align:justify\"><span style=\"font-size:28pt\"><span style=\"font-family:Cambria,serif\"><span style=\"letter-spacing:-0.5pt\"><b><span style=\"font-size:18.0pt\"><span style=\"font-family:&quot;Calibri&quot;,sans-serif\"><span style=\"font-variant:small-caps\">Com&eacute;rcio Exterior<\/span><\/span><\/span><\/b><\/span><\/span><\/span><\/p>\r\n\r\n<p style=\"text-align:justify\"><span style=\"font-size:11pt\"><span style=\"line-height:normal\"><span style=\"font-family:Calibri,sans-serif\"><a href=\"https:\/\/tecmania.com.br\/mdic-e-abit-promovem-cultura-exportadora-no-setor-de-vestuario\/\" style=\"color:blue; text-decoration:underline\"><span style=\"font-size:14.0pt\">MDIC e ABIT promovem cultura exportadora no setor de vestu&aacute;rio<\/span><\/a><\/span><\/span><\/span><\/p>\r\n\r\n<p style=\"text-align:justify\"><span style=\"font-size:11pt\"><span style=\"line-height:normal\"><span style=\"font-family:Calibri,sans-serif\"><a href=\"https:\/\/noticias.portaldaindustria.com.br\/posicionamentos\/industria-defende-retomada-do-financiamento-a-exportacao-de-servicos-pelo-bndes\/\" style=\"color:blue; text-decoration:underline\"><span style=\"font-size:14.0pt\">Ind&uacute;stria defende retomada do financiamento &agrave; exporta&ccedil;&atilde;o de servi&ccedil;os pelo BNDES<\/span><\/a><\/span><\/span><\/span><\/p>\r\n\r\n<p style=\"text-align:justify\"><span style=\"font-size:11pt\"><span style=\"line-height:normal\"><span style=\"font-family:Calibri,sans-serif\"><a href=\"https:\/\/monitormercantil.com.br\/financiamento-do-bndes-as-exportacoes-caiu-de-35-para-04\/\" style=\"color:blue; text-decoration:underline\"><span style=\"font-size:14.0pt\">Financiamento do BNDES &agrave;s exporta&ccedil;&otilde;es caiu de 3,5% para 0,4%<\/span><\/a><\/span><\/span><\/span><\/p>\r\n\r\n<p style=\"text-align:justify\"><span style=\"font-size:11pt\"><span style=\"line-height:normal\"><span style=\"font-family:Calibri,sans-serif\"><a href=\"https:\/\/apexbrasil.com.br\/content\/apexbrasil\/br\/pt\/conteudo\/noticias\/ApexBrasil-lanca-Perfil-de-Comercio-e-Investimentos-com-foco-no-G20.html#msdynttrid=w_-zCeL4CdD3UQn7l3AfiEv2GulJ-rdtGF7ByU_donA\" style=\"color:blue; text-decoration:underline\"><span style=\"font-size:14.0pt\">ApexBrasil lan&ccedil;a Perfil de Com&eacute;rcio e Investimentos com foco no G20<\/span><\/a><\/span><\/span><\/span><\/p>\r\n\r\n<p style=\"text-align:justify\"><span style=\"font-size:28pt\"><span style=\"font-family:Cambria,serif\"><span style=\"letter-spacing:-0.5pt\"><b><span style=\"font-size:18.0pt\"><span style=\"font-family:&quot;Calibri&quot;,sans-serif\"><span style=\"font-variant:small-caps\">Economia<\/span><\/span><\/span><\/b><\/span><\/span><\/span><\/p>\r\n\r\n<p style=\"text-align:justify\"><span style=\"font-size:11pt\"><span style=\"line-height:normal\"><span style=\"font-family:Calibri,sans-serif\"><a href=\"https:\/\/www.bcb.gov.br\/content\/focus\/focus\/R20240308.pdf\" style=\"color:blue; text-decoration:underline\"><span style=\"font-size:14.0pt\">Focus - Relat&oacute;rio de Mercado<\/span><\/a><\/span><\/span><\/span><\/p>\r\n\r\n<p style=\"text-align:justify\"><span style=\"font-size:11pt\"><span style=\"line-height:normal\"><span style=\"font-family:Calibri,sans-serif\"><a href=\"https:\/\/ibre.fgv.br\/blog-da-conjuntura-economica\/artigos\/pesquisadores-do-fgv-ibre-analisam-desempenho-da-economia-no\" style=\"color:blue; text-decoration:underline\"><span style=\"font-size:14.0pt\">Pesquisadores do FGV IBRE analisam desempenho da economia no in&iacute;cio de 2024 no I Semin&aacute;rio de An&aacute;lise Conjuntural<\/span><\/a><\/span><\/span><\/span><\/p>\r\n\r\n<p style=\"text-align:justify\"><span style=\"font-size:11pt\"><span style=\"line-height:normal\"><span style=\"font-family:Calibri,sans-serif\"><a href=\"https:\/\/ibre.fgv.br\/blog-da-conjuntura-economica\/artigos\/em-foco-141\" style=\"color:blue; text-decoration:underline\"><span style=\"font-size:14.0pt\">Em 2024, &eacute; importante considerar mais a composi&ccedil;&atilde;o do PIB e menos o n&uacute;mero em si<\/span><\/a><\/span><\/span><\/span><\/p>\r\n\r\n<p style=\"text-align:justify\"><span style=\"font-size:11pt\"><span style=\"line-height:normal\"><span style=\"font-family:Calibri,sans-serif\"><a href=\"https:\/\/portalibre.fgv.br\/system\/files\/2024-03\/barometros-globais-kof-fgv_press-release_03_2024.pdf\" style=\"color:blue; text-decoration:underline\"><span style=\"font-size:14.0pt\">Bar&ocirc;metro Global Antecedente calibra tend&ecirc;ncia de recupera&ccedil;&atilde;o para os pr&oacute;ximos meses<\/span><\/a><\/span><\/span><\/span><\/p>\r\n\r\n<p style=\"text-align:justify\"><span style=\"font-size:11pt\"><span style=\"line-height:normal\"><span style=\"font-family:Calibri,sans-serif\"><a href=\"https:\/\/grandesconstrucoes.com.br\/Noticias\/Exibir\/pib-da-construcao-cresce-42-no-4-trimestre-de-2023?utm_source=akna&amp;utm_medium=email&amp;utm_campaign=Grandes-Construcoes-Informativo-902-07-03-2024&amp;utm_source=akna&amp;utm_medium=email&amp;utm_campaign=Grandes-Construcoes-Informativo-902-07-03-2024\" style=\"color:blue; text-decoration:underline\"><span style=\"font-size:14.0pt\">PIB da constru&ccedil;&atilde;o cresce 4,2% no 4&ordm; trimestre de 2023<\/span><\/a><\/span><\/span><\/span><\/p>\r\n\r\n<p style=\"text-align:justify\">&nbsp;<\/p>\r\n\r\n<p style=\"text-align:justify\"><span style=\"font-size:11pt\"><span style=\"line-height:normal\"><span style=\"font-family:Calibri,sans-serif\"><span style=\"font-size:14.0pt\"><img src=\"https:\/\/www.abint.org.br\/assets\/img\/editor\/redes-sociais-abint-ctg-cth_20240312184853hpGC2WV2w6.jpg\" \/><\/span><\/span><\/span><\/span><\/p>\r\n","texto_en":"","7":"","imagem":"COMP_capa-2024-site-boletim-abint-noticias-semanis_20240312190055n9PdKACPgx.jpg","8":"COMP_capa-2024-site-boletim-abint-noticias-semanis_20240312190055n9PdKACPgx.jpg","arquivo":"20240312-BOLETIM-ABINT-DE-NOTICIAS-SEMANAIS.PDF","9":"20240312-BOLETIM-ABINT-DE-NOTICIAS-SEMANAIS.PDF","titulo_arquivo":"20240312 Boletim ABINT de Not\u00edcias Semanais","10":"20240312 Boletim ABINT de Not\u00edcias Semanais","titulo_arquivo_en":"","11":"","created_at":"2024-03-12 19:01:07","12":"2024-03-12 19:01:07","updated_at":"2024-03-12 19:01:07","13":"2024-03-12 19:01:07"},{"id":106,"0":106,"ordem":117,"1":117,"data":"2024-03-05","2":"2024-03-05","slug":"boletim-abint-de-noticias-semanais-19","3":"boletim-abint-de-noticias-semanais-19","titulo":"Boletim ABINT de Not\u00edcias Semanais","4":"Boletim ABINT de Not\u00edcias Semanais","titulo_en":"","5":"","texto":"<p style=\"text-align:justify\"><span style=\"font-size:11pt\"><span style=\"line-height:normal\"><span style=\"font-family:Calibri,sans-serif\"><span style=\"font-size:14.0pt\">Esta &eacute; uma compila&ccedil;&atilde;o das not&iacute;cias mais relevantes para o setor, incluindo informa&ccedil;&otilde;es sobre acordos internacionais, economia brasileira, sustentabilidade e mat&eacute;rias primas, al&eacute;m de novidades do setor de N&atilde;otecidos e Tecidos T&eacute;cnicos.<\/span><\/span><\/span><\/span><\/p>\r\n\r\n<p style=\"text-align:justify\"><span style=\"font-size:28pt\"><span style=\"font-family:Cambria,serif\"><span style=\"letter-spacing:-0.5pt\"><b><span style=\"font-size:18.0pt\"><span calibri=\"\" style=\"font-family:\"><span style=\"font-variant:small-caps\">O que vem por a&iacute;<\/span><\/span><\/span><\/b><\/span><\/span><\/span><\/p>\r\n\r\n<p><img src=\"https:\/\/www.abint.org.br\/assets\/img\/editor\/original_20240215151923oVSyiGIxAc.png\" style=\"width: 300px; height: 69px;\" \/><\/p>\r\n\r\n<p><img src=\"https:\/\/www.abint.org.br\/assets\/img\/editor\/post-quadrado-curso-naotecido_20240215152003687Upz2gzW.jpg\" style=\"width: 500px; height: 500px;\" \/><\/p>\r\n\r\n<p style=\"text-align:justify\"><span style=\"font-size:11pt\"><span style=\"line-height:normal\"><span style=\"font-family:Calibri,sans-serif\"><a href=\"https:\/\/forms.office.com\/r\/5DrqtK5n3Y\" style=\"color:blue; text-decoration:underline\"><span style=\"font-size:14.0pt\">Informa&ccedil;&otilde;es e inscri&ccedil;&otilde;es<\/span><\/a><\/span><\/span><\/span><\/p>\r\n\r\n<p style=\"text-align:justify\"><span style=\"font-size:28pt\"><span style=\"font-family:Cambria,serif\"><span style=\"letter-spacing:-0.5pt\"><b><span style=\"font-size:18.0pt\"><span calibri=\"\" style=\"font-family:\"><span style=\"font-variant:small-caps\">A&ccedil;&otilde;es realizadas<\/span><\/span><\/span><\/b><\/span><\/span><\/span><\/p>\r\n\r\n<p style=\"text-align:justify\"><img src=\"https:\/\/www.abint.org.br\/assets\/img\/editor\/flyer-white-paper-abint-imagem_20240306123501BJ3pz2XrSF.jpeg\" \/><\/p>\r\n\r\n<p style=\"text-align:justify\"><span style=\"font-size:11pt\"><span style=\"line-height:normal\"><span style=\"font-family:Calibri,sans-serif\"><a href=\"https:\/\/www.abint.org.br\/informacao\/publicacoes\" style=\"color:blue; text-decoration:underline\"><span style=\"font-size:14.0pt\">Acesse aqui o Estudo completo<\/span><\/a><\/span><\/span><\/span><\/p>\r\n\r\n<p style=\"text-align:justify\"><span style=\"font-size:28pt\"><span style=\"font-family:Cambria,serif\"><span style=\"letter-spacing:-0.5pt\"><b><span style=\"font-size:18.0pt\"><span calibri=\"\" style=\"font-family:\"><span style=\"font-variant:small-caps\">Not&iacute;cias das Associadas<\/span><\/span><\/span><\/b><\/span><\/span><\/span><\/p>\r\n\r\n<p style=\"text-align:justify\"><span style=\"font-size:11pt\"><span style=\"line-height:normal\"><span style=\"font-family:Calibri,sans-serif\"><a href=\"https:\/\/www.indiantextilemagazine.in\/andritz-to-focus-on-textile-recycling-durable-nonwoven-production-technologies-at-techtextil\/\" style=\"color:blue; text-decoration:underline\"><span lang=\"EN-US\" style=\"font-size:14.0pt\">Andritz to focus on textile recycling &amp; durable nonwoven production technologies at Techtextil<\/span><\/a><\/span><\/span><\/span><\/p>\r\n\r\n<p style=\"text-align:justify\"><span style=\"font-size:11pt\"><span style=\"line-height:normal\"><span style=\"font-family:Calibri,sans-serif\"><a href=\"https:\/\/www.nonwovens-industry.com\/contents\/view_breaking-news\/2024-02-29\/freudenberg-launches-fully-synthetic-wetlaid-nonwovens-line?utm_campaign=NON+eNewsletter&amp;utm_medium=email&amp;_hsmi=296285328&amp;_hsenc=p2ANqtz-8YKpObX3CskhAu_cO9k6kd4kaqp_ZDXiNlXWdGPkWMZp6UVwVDWhu0d5nPvaCA40uCJXB3z7SfpffHemxEP2f8AYh1nQ&amp;utm_content=296285328&amp;utm_source=hs_email\" style=\"color:blue; text-decoration:underline\"><span lang=\"EN-US\" style=\"font-size:14.0pt\">Freudenberg Launches Fully Synthetic Wetlaid Nonwovens Line<\/span><\/a><\/span><\/span><\/span><\/p>\r\n\r\n<p style=\"text-align:justify\">&nbsp;<\/p>\r\n\r\n<p style=\"text-align:justify\"><span style=\"font-size:11pt\"><span style=\"line-height:normal\"><span style=\"font-family:Calibri,sans-serif\"><b><span style=\"font-size:18.0pt\"><span style=\"font-variant:small-caps\">Eventos<\/span><\/span><\/b><\/span><\/span><\/span><\/p>\r\n\r\n<p style=\"text-align:justify\"><span style=\"font-size:11pt\"><span style=\"line-height:normal\"><span style=\"font-family:Calibri,sans-serif\"><b><span style=\"font-size:14.0pt\">FGV IBRE | I Semin&aacute;rio de An&aacute;lise Conjuntural<\/span><\/b><span class=\"MsoHyperlink\" style=\"color:blue\"><span style=\"text-decoration:underline\"><span style=\"font-size:14.0pt\"><span style=\"text-decoration:none\"><span style=\"text-underline:none\">, 07 de mar&ccedil;o de 2024, 10h00 &agrave;s 11h30, evento presencial, Praia de Botafogo, 190, Rio de Janeiro, RJ. <\/span><\/span><\/span><\/span><\/span><a href=\"https:\/\/evento.fgv.br\/analise-conjuntural_0703\/\" style=\"color:blue; text-decoration:underline\"><span style=\"font-size:14.0pt\">Informa&ccedil;&otilde;es e inscri&ccedil;&otilde;es aqui<\/span><\/a> <\/span><\/span><\/span><\/p>\r\n\r\n<p style=\"text-align:justify\"><span style=\"font-size:11pt\"><span style=\"line-height:normal\"><span style=\"font-family:Calibri,sans-serif\"><b><span style=\"font-size:14.0pt\">AESabesp | Curso: O Mega Desafio Trazido Pela Nova Lei de Licita&ccedil;&otilde;es e Contratos - Lei 14133\/2021<\/span><\/b><span style=\"font-size:14.0pt\">, 11 a 13 de mar&ccedil;o de 2024. 08h &agrave;s 17h, curso presencial. <\/span><a href=\"https:\/\/send.neopixdmi.com\/index.php\/campaigns\/sz055v7jdy85b\/web-version\/mh045xn88n9c0\" style=\"color:blue; text-decoration:underline\"><span style=\"font-size:14.0pt\">Informa&ccedil;&otilde;es aqui<\/span><\/a><\/span><\/span><\/span><\/p>\r\n\r\n<p style=\"text-align:justify\"><span style=\"font-size:11pt\"><span style=\"line-height:normal\"><span style=\"font-family:Calibri,sans-serif\"><b><span style=\"font-size:14.0pt\">FGV IBRE | I Semin&aacute;rio de An&aacute;lise Conjuntural<\/span><\/b><span class=\"MsoHyperlink\" style=\"color:blue\"><span style=\"text-decoration:underline\"><span style=\"font-size:14.0pt\"><span style=\"text-decoration:none\"><span style=\"text-underline:none\">, 02 de abril de 2024, 09h00 &agrave;s 13h00, evento presencial, Praia de Botafogo, 190, Rio de Janeiro, RJ. <\/span><\/span><\/span><\/span><\/span><a href=\"https:\/\/evento.fgv.br\/iencontro_politicaefiscal_0204\/\" style=\"color:blue; text-decoration:underline\"><span style=\"font-size:14.0pt\">Informa&ccedil;&otilde;es e inscri&ccedil;&otilde;es aqui<\/span><\/a> <\/span><\/span><\/span><\/p>\r\n\r\n<p style=\"text-align:justify\"><span style=\"font-size:11pt\"><span style=\"line-height:normal\"><span style=\"font-family:Calibri,sans-serif\"><b><span style=\"font-size:14.0pt\">GEOAMERICAS 2024, <\/span><\/b><span style=\"font-size:14.0pt\">de 28 de abril a 01 de maio de 2024, em Toronto (Canad&aacute;). <\/span><a href=\"https:\/\/www.geoamericas2024.org\/\" style=\"color:blue; text-decoration:underline\"><span style=\"font-size:14.0pt\">Informa&ccedil;&otilde;es aqui.<\/span><\/a><\/span><\/span><\/span><\/p>\r\n\r\n<p style=\"text-align:justify\"><span style=\"font-size:11pt\"><span style=\"line-height:normal\"><span style=\"font-family:Calibri,sans-serif\"><b><span style=\"font-size:14.0pt\">II Congresso Ibero-Americano de Esteriliza&ccedil;&atilde;o e II Congresso Nacional de Reprocessamento de Dispositivos M&eacute;dicos<\/span><\/b><span style=\"font-size:14.0pt\">, 16 a 18 de maio de 2024, Cartagena, Colombia<b>. <\/b><\/span><a href=\"http:\/\/nascecme.com.br\/ii-congresso-ibero-americano-de-esterilizacao-e-ii-congresso-nacional-de-reprocessamento-de-dispositivos-medicos\/\" style=\"color:blue; text-decoration:underline\"><span lang=\"EN-US\" style=\"font-size:14.0pt\">Informa&ccedil;&otilde;es<\/span><\/a><span lang=\"EN-US\" style=\"font-size:14.0pt\"> <\/span><\/span><\/span><\/span><\/p>\r\n\r\n<p style=\"text-align:justify\"><span style=\"font-size:11pt\"><span style=\"line-height:normal\"><span style=\"font-family:Calibri,sans-serif\"><b><span lang=\"EN-US\" style=\"font-size:14.0pt\">ANEX 2024 | Asia Nonwoven Exhibition and Conference<\/span><\/b><span lang=\"EN-US\" style=\"font-size:14.0pt\">, 22-24 May 2024, Taipei Nangang Exhibition Center, Hall 1. <\/span><a href=\"https:\/\/www.anex2024.com\/\" style=\"color:blue; text-decoration:underline\"><span lang=\"EN-US\" style=\"font-size:14.0pt\">Information here<\/span><\/a> <\/span><\/span><\/span><\/p>\r\n\r\n<p style=\"text-align:justify\"><span style=\"font-size:11pt\"><span style=\"line-height:normal\"><span style=\"font-family:Calibri,sans-serif\"><b><span lang=\"EN-US\" style=\"font-size:14.0pt\">The EDANA Innovation Forum<\/span><\/b><span class=\"MsoHyperlink\" style=\"color:blue\"><span style=\"text-decoration:underline\"><span lang=\"EN-US\" style=\"font-size:14.0pt\"><span style=\"text-decoration:none\"><span style=\"text-underline:none\">, 04 - 06 June 2024, Munich. <\/span><\/span><\/span><\/span><\/span><a href=\"https:\/\/www.edana.org\/events\/edana-innovation-forum-?ct=t(MENA_2018_call_for_papers6_28_2017_COPY_01)&amp;mc_cid=27efeab42f&amp;mc_eid=08e0eae351\" style=\"color:blue; text-decoration:underline\"><span lang=\"EN-US\" style=\"font-size:14.0pt\">Information here<\/span><\/a><\/span><\/span><\/span><\/p>\r\n\r\n<p style=\"text-align:justify\"><span style=\"font-size:11pt\"><span style=\"line-height:normal\"><span style=\"font-family:Calibri,sans-serif\"><b><span lang=\"EN-US\" style=\"font-size:14.0pt\">HIGITEX 2024 | International Technical Textiles &amp; Nonwoven Exhibition<\/span><\/b><span lang=\"EN-US\" style=\"font-size:14.0pt\">, 4-8 June 2024, T&uuml;yap Fair Convention and Congress Center, T&uuml;rkiye. <\/span><a href=\"https:\/\/www.hightex.com.tr\/\" style=\"color:blue; text-decoration:underline\"><span style=\"font-size:14.0pt\">Information here<\/span><\/a> <\/span><\/span><\/span><\/p>\r\n\r\n<p style=\"text-align:justify\"><span style=\"font-size:11pt\"><span style=\"line-height:normal\"><span style=\"font-family:Calibri,sans-serif\"><b><span style=\"font-size:14.0pt\">FEIPLAR COMPOSITES &amp; FEIPUR &ndash; Feira e Congresso Internacionais de Composites, Poliuretano, Pl&aacute;sticos de Engenharia e Compostos Termopl&aacute;sticos<\/span><\/b><span style=\"font-size:14.0pt\">, 20 a 22 de agosto de 2024, S&atilde;o Paulo Expo (Pavilh&atilde;o 5), palestras: das 8h30 &agrave;s 18h, feira: das 13h &agrave;s 20h.<b> <\/b><\/span><a href=\"http:\/\/www.feiplar.com\" style=\"color:blue; text-decoration:underline\"><span style=\"font-size:14.0pt\">www.feiplar.com<\/span><\/a> <\/span><\/span><\/span><\/p>\r\n\r\n<p style=\"text-align:justify\"><span style=\"font-size:11pt\"><span style=\"line-height:normal\"><span style=\"font-family:Calibri,sans-serif\"><b><span style=\"font-size:14.0pt\">Fenasan 2024 &ndash; Feira Nacional de Saneamento e Meio Ambiente<\/span><\/b><span style=\"font-size:14.0pt\">, 22 a 24 de outubro de 2024, Pavilh&otilde;es Verde e Vermelho, Expo Center Norte, S&atilde;o Paulo SP. <\/span><a href=\"http:\/\/www.fenasan.com.br\" style=\"color:blue; text-decoration:underline\"><span style=\"font-size:14.0pt\">www.fenasan.com.br<\/span><\/a> <\/span><\/span><\/span><\/p>\r\n\r\n<p style=\"text-align:justify\"><span style=\"font-size:11pt\"><span style=\"line-height:normal\"><span style=\"font-family:Calibri,sans-serif\"><b><span style=\"font-size:14.0pt\">HospitalMed 2024<\/span><\/b><span style=\"font-size:14.0pt\">, 23 a 25 de outubro, das 14h &agrave;s 20h, no Pernambuco Centro de Conven&ccedil;&otilde;es. <\/span><a href=\"http:\/\/www.hospitalmed.com.br\" style=\"color:blue; text-decoration:underline\"><span style=\"font-size:14.0pt\">www.hospitalmed.com.br<\/span><\/a> <\/span><\/span><\/span><\/p>\r\n\r\n<p style=\"text-align:justify\"><span style=\"font-size:28pt\"><span style=\"font-family:Cambria,serif\"><span style=\"letter-spacing:-0.5pt\"><b><span style=\"font-size:18.0pt\"><span calibri=\"\" style=\"font-family:\"><span style=\"font-variant:small-caps\">Setor<\/span><\/span><\/span><\/b><\/span><\/span><\/span><\/p>\r\n\r\n<p style=\"text-align:justify\"><span style=\"font-size:11pt\"><span style=\"line-height:normal\"><span style=\"font-family:Calibri,sans-serif\"><a href=\"https:\/\/www.nonwovens-industry.com\/contents\/view_experts-opinion\/2024-02-29\/experts-opinion-restructuring-towards-success-for-nonwoven-producers-in-a-post-covid-world?utm_campaign=NON+eNewsletter&amp;utm_medium=email&amp;_hsmi=296285328&amp;_hsenc=p2ANqtz-9dukoKBfNQVmxnbtWGqHtxMfMVT9xyEWXP2Km9_u-KTzitRjug-6uefTv9mt2nSn4Alu-XpT_nncqYNneiWRQfJ5cOfA&amp;utm_content=296285328&amp;utm_source=hs_email\" style=\"color:blue; text-decoration:underline\"><span lang=\"EN-US\" style=\"font-size:14.0pt\">Expert&#39;s Opinion: Restructuring Towards Success for Nonwoven Producers in a Post-Covid World<\/span><\/a><\/span><\/span><\/span><\/p>\r\n\r\n<p style=\"text-align:justify\"><span style=\"font-size:11pt\"><span style=\"line-height:normal\"><span style=\"font-family:Calibri,sans-serif\"><a href=\"https:\/\/www.abit.org.br\/noticias\/abit-o-restabelecimento-da-desoneracao-da-folha-e-positivo-para-o-emprego-no-pais?utm_campaign=abit_informa_-_28022024&amp;utm_medium=email&amp;utm_source=RD+Station\" style=\"color:blue; text-decoration:underline\"><span style=\"font-size:14.0pt\">Abit: o restabelecimento da desonera&ccedil;&atilde;o da folha &eacute; positivo para o emprego no Pa&iacute;s<\/span><\/a><\/span><\/span><\/span><\/p>\r\n\r\n<p style=\"text-align:justify\"><span style=\"font-size:11pt\"><span style=\"line-height:normal\"><span style=\"font-family:Calibri,sans-serif\"><a href=\"https:\/\/www.meiofiltrante.com.br\/Noticia\/120816\/inda-appoints-dan-noonan-as-new-director-of-memberships-and-business-development\" style=\"color:blue; text-decoration:underline\"><span lang=\"EN-US\" style=\"font-size:14.0pt\">INDA Appoints Dan Noonan as New Director of Memberships and Business Development<\/span><\/a><\/span><\/span><\/span><\/p>\r\n\r\n<p style=\"text-align:justify\"><span style=\"font-size:11pt\"><span style=\"line-height:normal\"><span style=\"font-family:Calibri,sans-serif\"><a href=\"https:\/\/blogdoplastico.wordpress.com\/2024\/02\/27\/braskem-e-shell-unem-forcas-para-produzir-polipropileno-circular-na-europa-a-partir-de-residuos-plasticos-mistos\/\" style=\"color:blue; text-decoration:underline\"><span style=\"font-size:14.0pt\">Braskem e Shell unem for&ccedil;as para produzir polipropileno circular na Europa a partir de res&iacute;duos pl&aacute;sticos mistos<\/span><\/a><\/span><\/span><\/span><\/p>\r\n\r\n<p style=\"text-align:justify\"><span style=\"font-size:11pt\"><span style=\"line-height:normal\"><span style=\"font-family:Calibri,sans-serif\"><a href=\"https:\/\/www.technicaltextile.net\/news\/geotextiles-has-huge-potential-ficci-session-at-bharat-tex-293378.html\" style=\"color:blue; text-decoration:underline\"><span lang=\"EN-US\" style=\"font-size:14.0pt\">Geotextiles has huge potential: FICCI session at Bharat Tex<\/span><\/a><\/span><\/span><\/span><\/p>\r\n\r\n<p style=\"text-align:justify\"><span style=\"font-size:28pt\"><span style=\"font-family:Cambria,serif\"><span style=\"letter-spacing:-0.5pt\"><b><span style=\"font-size:18.0pt\"><span calibri=\"\" style=\"font-family:\"><span style=\"font-variant:small-caps\">Ind&uacute;stria<\/span><\/span><\/span><\/b><\/span><\/span><\/span><\/p>\r\n\r\n<p style=\"text-align:justify\"><span style=\"font-size:11pt\"><span style=\"line-height:normal\"><span style=\"font-family:Calibri,sans-serif\"><a href=\"https:\/\/plasticosemrevista.com.br\/ninguem-nasce-sozinho-2\/\" style=\"color:blue; text-decoration:underline\"><span style=\"font-size:14.0pt\">Ningu&eacute;m nasce sozinho<\/span><\/a><\/span><\/span><\/span><\/p>\r\n\r\n<p style=\"text-align:justify\"><span style=\"font-size:11pt\"><span style=\"line-height:normal\"><span style=\"font-family:Calibri,sans-serif\"><a href=\"https:\/\/sovos.com\/pt-br\/blog\/tributos\/regulamentacao-da-tributaria-pode-ficar-para-2025-avaliam-senadores\/?mkt_tok=MzM0LUhWTi0yNDkAAAGRmYEubSr7czpFhzOYecu2odZNF6_ijLOooLEp9XUUfVqGbwLqFsYnrvcRza4iur3AcFBfHFK-wucRfQLeWpsGGBTv90Uj1gfvDa2V6-iuEXA\" style=\"color:blue; text-decoration:underline\"><span style=\"font-size:14.0pt\">Regulamenta&ccedil;&atilde;o da Reforma tribut&aacute;ria pode ficar para 2025, avaliam senadores<\/span><\/a><\/span><\/span><\/span><\/p>\r\n\r\n<p style=\"text-align:justify\"><span style=\"font-size:11pt\"><span style=\"line-height:normal\"><span style=\"font-family:Calibri,sans-serif\"><a href=\"https:\/\/forbes.com.br\/forbes-money\/2024\/03\/crescimento-da-industria-brasileira-atinge-pico-de-20-meses-em-fevereiro\/\" style=\"color:blue; text-decoration:underline\"><span style=\"font-size:14.0pt\">Crescimento da ind&uacute;stria brasileira atinge pico de 20 meses em fevereiro<\/span><\/a><\/span><\/span><\/span><\/p>\r\n\r\n<p style=\"text-align:justify\"><span style=\"font-size:11pt\"><span style=\"line-height:normal\"><span style=\"font-family:Calibri,sans-serif\"><a href=\"https:\/\/ibre.fgv.br\/blog-da-conjuntura-economica\/artigos\/empresas-brasileiras-revisam-para-baixo-expectativas-para-os\" style=\"color:blue; text-decoration:underline\"><span style=\"font-size:14.0pt\">Empresas brasileiras revisam para baixo expectativas para os pr&oacute;ximos tr&ecirc;s meses<\/span><\/a><\/span><\/span><\/span><\/p>\r\n\r\n<p style=\"text-align:justify\"><span style=\"font-size:11pt\"><span style=\"line-height:normal\"><span style=\"font-family:Calibri,sans-serif\"><a href=\"https:\/\/br.investing.com\/news\/economy\/pib-da-industria-opera-em-patamar-7-aquem-do-pico-alcancado-no-3o-trimestre-de-2013-diz-ibge-1215736\" style=\"color:blue; text-decoration:underline\"><span style=\"font-size:14.0pt\">PIB da Ind&uacute;stria opera em patamar 7% aqu&eacute;m do pico, alcan&ccedil;ado no 3&ordm; trimestre de 2013, diz IBGE<\/span><\/a><\/span><\/span><\/span><\/p>\r\n\r\n<p style=\"text-align:justify\"><span style=\"font-size:11pt\"><span style=\"line-height:normal\"><span style=\"font-family:Calibri,sans-serif\"><a href=\"https:\/\/odia.ig.com.br\/economia\/2024\/02\/6801055-faturamento-liquido-total-do-setor-de-maquinas-cai-133-em-janeiro-aponta-abimaq.html\" style=\"color:blue; text-decoration:underline\"><span style=\"font-size:14.0pt\">Faturamento l&iacute;quido total do setor de m&aacute;quinas cai 13,3% em janeiro, aponta Abimaq<\/span><\/a><\/span><\/span><\/span><\/p>\r\n\r\n<p style=\"text-align:justify\"><span style=\"font-size:11pt\"><span style=\"line-height:normal\"><span style=\"font-family:Calibri,sans-serif\"><a href=\"https:\/\/www.gov.br\/receitafederal\/pt-br\/assuntos\/noticias\/2024\/fevereiro\/operacao-modulus-fictum-receita-deflagra-operacao-de-combate-a-sonegacao-fiscal-no-setor-de-plasticos\" style=\"color:blue; text-decoration:underline\"><span style=\"font-size:14.0pt\">Opera&ccedil;&atilde;o Modulus Fictum: Receita Federal deflagra opera&ccedil;&atilde;o de combate &agrave; sonega&ccedil;&atilde;o fiscal no setor de pl&aacute;sticos<\/span><\/a><\/span><\/span><\/span><\/p>\r\n\r\n<p style=\"text-align:justify\"><span style=\"font-size:11pt\"><span style=\"line-height:normal\"><span style=\"font-family:Calibri,sans-serif\"><a href=\"https:\/\/grandesconstrucoes.com.br\/Noticias\/Exibir\/atividade-e-emprego-recuam-na-industria-da-construcao?utm_source=akna&amp;utm_medium=email&amp;utm_campaign=Grandes-Construcoes-Informativo-901-29-02-2024&amp;utm_source=akna&amp;utm_medium=email&amp;utm_campaign=Grandes-Construcoes-Informativo-901-29-02-2024\" style=\"color:blue; text-decoration:underline\"><span style=\"font-size:14.0pt\">Atividade e emprego recuam na ind&uacute;stria da constru&ccedil;&atilde;o<\/span><\/a><\/span><\/span><\/span><\/p>\r\n\r\n<p style=\"text-align:justify\"><span style=\"font-size:28pt\"><span style=\"font-family:Cambria,serif\"><span style=\"letter-spacing:-0.5pt\"><b><span style=\"font-size:18.0pt\"><span calibri=\"\" style=\"font-family:\"><span style=\"font-variant:small-caps\">Sustentabilidade<\/span><\/span><\/span><\/b><\/span><\/span><\/span><\/p>\r\n\r\n<p style=\"text-align:justify\"><span style=\"font-size:11pt\"><span style=\"line-height:normal\"><span style=\"font-family:Calibri,sans-serif\"><a href=\"https:\/\/indiantextilejournal.com\/emerging-technologies-in-the-field-of-textile-processing\/\" style=\"color:blue; text-decoration:underline\"><span lang=\"EN-US\" style=\"font-size:14.0pt\">Emerging technologies in the field of textile processing<\/span><\/a><\/span><\/span><\/span><\/p>\r\n\r\n<p style=\"text-align:justify\"><span style=\"font-size:11pt\"><span style=\"line-height:normal\"><span style=\"font-family:Calibri,sans-serif\"><a href=\"https:\/\/novovarejoautomotivo.com.br\/descarte-consciente-abrafiltros-recicla-mais-de-372-milhoes-de-filtros-usados-do-oleo-lubrificante-automotivo\/\" style=\"color:blue; text-decoration:underline\"><span style=\"font-size:14.0pt\">Descarte Consciente: Abrafiltros recicla mais de 37,2 milh&otilde;es de filtros usados do &oacute;leo lubrificante automotivo<\/span><\/a><\/span><\/span><\/span><\/p>\r\n\r\n<p style=\"text-align:justify\"><span style=\"font-size:11pt\"><span style=\"line-height:normal\"><span style=\"font-family:Calibri,sans-serif\"><a href=\"https:\/\/www.msn.com\/pt-br\/noticias\/meio-ambiente\/ind%C3%BAstria-do-pl%C3%A1stico-escondeu-limita%C3%A7%C3%B5es-da-reciclagem-e-gerou-crise-ambiental-diz-estudo\/ar-BB1iY77i\" style=\"color:blue; text-decoration:underline\"><span style=\"font-size:14.0pt\">Ind&uacute;stria do pl&aacute;stico escondeu limita&ccedil;&otilde;es da reciclagem e gerou crise ambiental, diz estudo<\/span><\/a><\/span><\/span><\/span><\/p>\r\n\r\n<p style=\"text-align:justify\"><span style=\"font-size:28pt\"><span style=\"font-family:Cambria,serif\"><span style=\"letter-spacing:-0.5pt\"><b><span style=\"font-size:18.0pt\"><span calibri=\"\" style=\"font-family:\"><span style=\"font-variant:small-caps\">Inova&ccedil;&atilde;o<\/span><\/span><\/span><\/b><\/span><\/span><\/span><\/p>\r\n\r\n<p style=\"text-align:justify\"><span style=\"font-size:11pt\"><span style=\"line-height:normal\"><span style=\"font-family:Calibri,sans-serif\"><a href=\"https:\/\/ibre.fgv.br\/blog-da-conjuntura-economica\/artigos\/em-termos-de-subsidio-o-que-temos-de-especifico-e\" style=\"color:blue; text-decoration:underline\"><span style=\"font-size:14.0pt\">&ldquo;Em termos de subs&iacute;dio, o que temos de espec&iacute;fico &ndash; e imprescind&iacute;vel &ndash; &eacute; para inova&ccedil;&atilde;o&rdquo;, afirma presidente do BNDES<\/span><\/a><\/span><\/span><\/span><\/p>\r\n\r\n<p style=\"text-align:justify\"><span style=\"font-size:11pt\"><span style=\"line-height:normal\"><span style=\"font-family:Calibri,sans-serif\"><a href=\"https:\/\/portal.fgv.br\/noticias\/g20-adota-iniciativa-fgv-direito-sp-combater-discriminacao-inteligencia-artificial\" style=\"color:blue; text-decoration:underline\"><span style=\"font-size:14.0pt\">G20 adota iniciativa da FGV Direito SP para combater discrimina&ccedil;&atilde;o na Intelig&ecirc;ncia Artificial<\/span><\/a><\/span><\/span><\/span><\/p>\r\n\r\n<p style=\"text-align:justify\"><span style=\"font-size:28pt\"><span style=\"font-family:Cambria,serif\"><span style=\"letter-spacing:-0.5pt\"><b><span style=\"font-size:18.0pt\"><span calibri=\"\" style=\"font-family:\"><span style=\"font-variant:small-caps\">Com&eacute;rcio Exterior<\/span><\/span><\/span><\/b><\/span><\/span><\/span><\/p>\r\n\r\n<p style=\"text-align:justify\"><span style=\"font-size:11pt\"><span style=\"line-height:normal\"><span style=\"font-family:Calibri,sans-serif\"><a href=\"https:\/\/comexdobrasil.com\/comercio-exterior-contribui-com-2-3-para-alta-de-29-do-pib-em-2023-indica-o-ibge\/\" style=\"color:blue; text-decoration:underline\"><span style=\"font-size:14.0pt\">Com&eacute;rcio exterior contribui com 2\/3 para alta de 2,9% do PIB em 2023, indica o IBGE<\/span><\/a><\/span><\/span><\/span><\/p>\r\n\r\n<p style=\"text-align:justify\"><span style=\"font-size:11pt\"><span style=\"line-height:normal\"><span style=\"font-family:Calibri,sans-serif\"><a href=\"https:\/\/static.portaldaindustria.com.br\/media\/filer_public\/69\/a3\/69a3e12d-94a9-4b22-943e-2a550b58e358\/ex_ipc_24-004_oea-integrado_anvisa.pdf\" style=\"color:blue; text-decoration:underline\"><span style=\"font-size:14.0pt\">Programa OEA-Integrado Anvisa &eacute; aprovado pela Diretoria Colegiada da Ag&ecirc;ncia<\/span><\/a><\/span><\/span><\/span><\/p>\r\n\r\n<p style=\"text-align:justify\"><span style=\"font-size:11pt\"><span style=\"line-height:normal\"><span style=\"font-family:Calibri,sans-serif\"><a href=\"https:\/\/www.terra.com.br\/noticias\/mundo\/parlamento-europeu-aprova-acordo-comercial-ue-chile,b5718d5c3109f8e4427cf0521efaadf2kgap1bxw.html\" style=\"color:blue; text-decoration:underline\"><span style=\"font-size:14.0pt\">Parlamento Europeu aprova acordo comercial UE-Chile<\/span><\/a><\/span><\/span><\/span><\/p>\r\n\r\n<p style=\"text-align:justify\"><span style=\"font-size:11pt\"><span style=\"line-height:normal\"><span style=\"font-family:Calibri,sans-serif\"><a href=\"https:\/\/abiquim.org.br\/comunicacao\/noticia\/11184\" style=\"color:blue; text-decoration:underline\"><span style=\"font-size:14.0pt\">A ind&uacute;stria qu&iacute;mica e o surto de importa&ccedil;&otilde;es predat&oacute;rias no Brasil<\/span><\/a><\/span><\/span><\/span><\/p>\r\n\r\n<p style=\"text-align:justify\"><span style=\"font-size:28pt\"><span style=\"font-family:Cambria,serif\"><span style=\"letter-spacing:-0.5pt\"><b><span style=\"font-size:18.0pt\"><span calibri=\"\" style=\"font-family:\"><span style=\"font-variant:small-caps\">Economia<\/span><\/span><\/span><\/b><\/span><\/span><\/span><\/p>\r\n\r\n<p style=\"text-align:justify\"><span style=\"font-size:11pt\"><span style=\"line-height:normal\"><span style=\"font-family:Calibri,sans-serif\"><span style=\"font-size:14.0pt\"><a href=\"https:\/\/www.bcb.gov.br\/content\/focus\/focus\/R20240301.pdf\" style=\"color:blue; text-decoration:underline\">Focus - Relat&oacute;rio de Mercado<\/a><\/span><\/span><\/span><\/span><\/p>\r\n\r\n<p style=\"text-align:justify\"><span style=\"font-size:11pt\"><span style=\"line-height:normal\"><span style=\"font-family:Calibri,sans-serif\"><a href=\"https:\/\/www.bcb.gov.br\/content\/controleinflacao\/focusdistribuicoesfrequencia\/P20240305-Focus-Distribuicoes-de-frequencia.pdf\" style=\"color:blue; text-decoration:underline\"><span style=\"font-size:14.0pt\">Focus - Distribui&ccedil;&otilde;es de Frequ&ecirc;ncia das Expectativas de Mercado para IPCA, Selic, PIB e C&acirc;mbio<\/span><\/a><\/span><\/span><\/span><\/p>\r\n\r\n<p style=\"text-align:justify\"><span style=\"font-size:11pt\"><span style=\"line-height:normal\"><span style=\"font-family:Calibri,sans-serif\"><a href=\"https:\/\/portalibre.fgv.br\/system\/files\/2024-03\/indicadores-de-mercado-de-trabalho-fgv_press-release_fev24.pdf\" style=\"color:blue; text-decoration:underline\"><span style=\"font-size:14.0pt\">Terceira alta consecutiva leva IAEmp ao maior patamar desde outubro de 2022<\/span><\/a><\/span><\/span><\/span><\/p>\r\n\r\n<p style=\"text-align:justify\"><span style=\"font-size:11pt\"><span style=\"line-height:normal\"><span style=\"font-family:Calibri,sans-serif\"><a href=\"https:\/\/blogdoibre.fgv.br\/posts\/fatores-condicionantes-do-impacto-das-reformas\" style=\"color:blue; text-decoration:underline\"><span style=\"font-size:14.0pt\">Fatores condicionantes do impacto das reformas<\/span><\/a><\/span><\/span><\/span><\/p>\r\n\r\n<p style=\"text-align:justify\"><span style=\"font-size:11pt\"><span style=\"line-height:normal\"><span style=\"font-family:Calibri,sans-serif\"><a href=\"https:\/\/portalibre.fgv.br\/sites\/default\/files\/2024-02\/202402boletimmacro.pdf\" style=\"color:blue; text-decoration:underline\"><span style=\"font-size:14.0pt\">FGV IBRE | Boletim Macro | Fevereiro\/2024<\/span><\/a><\/span><\/span><\/span><\/p>\r\n\r\n<p style=\"text-align:justify\"><span style=\"font-size:11pt\"><span style=\"line-height:normal\"><span style=\"font-family:Calibri,sans-serif\"><a href=\"https:\/\/portal.fgv.br\/noticias\/igp-m-resultados-2023\" style=\"color:blue; text-decoration:underline\"><span style=\"font-size:14.0pt\">IGP-M: Resultados 2023<\/span><\/a><\/span><\/span><\/span><\/p>\r\n\r\n<p style=\"text-align:justify\"><span style=\"font-size:11pt\"><span style=\"line-height:normal\"><span style=\"font-family:Calibri,sans-serif\"><span style=\"font-size:14.0pt\"><img src=\"https:\/\/www.abint.org.br\/assets\/img\/editor\/redes-sociais-abint-ctg-cth_20240306123629QuSoHuhvFo.jpg\" \/><\/span><\/span><\/span><\/span><\/p>\r\n","6":"<p style=\"text-align:justify\"><span style=\"font-size:11pt\"><span style=\"line-height:normal\"><span style=\"font-family:Calibri,sans-serif\"><span style=\"font-size:14.0pt\">Esta &eacute; uma compila&ccedil;&atilde;o das not&iacute;cias mais relevantes para o setor, incluindo informa&ccedil;&otilde;es sobre acordos internacionais, economia brasileira, sustentabilidade e mat&eacute;rias primas, al&eacute;m de novidades do setor de N&atilde;otecidos e Tecidos T&eacute;cnicos.<\/span><\/span><\/span><\/span><\/p>\r\n\r\n<p style=\"text-align:justify\"><span style=\"font-size:28pt\"><span style=\"font-family:Cambria,serif\"><span style=\"letter-spacing:-0.5pt\"><b><span style=\"font-size:18.0pt\"><span calibri=\"\" style=\"font-family:\"><span style=\"font-variant:small-caps\">O que vem por a&iacute;<\/span><\/span><\/span><\/b><\/span><\/span><\/span><\/p>\r\n\r\n<p><img src=\"https:\/\/www.abint.org.br\/assets\/img\/editor\/original_20240215151923oVSyiGIxAc.png\" style=\"width: 300px; height: 69px;\" \/><\/p>\r\n\r\n<p><img src=\"https:\/\/www.abint.org.br\/assets\/img\/editor\/post-quadrado-curso-naotecido_20240215152003687Upz2gzW.jpg\" style=\"width: 500px; height: 500px;\" \/><\/p>\r\n\r\n<p style=\"text-align:justify\"><span style=\"font-size:11pt\"><span style=\"line-height:normal\"><span style=\"font-family:Calibri,sans-serif\"><a href=\"https:\/\/forms.office.com\/r\/5DrqtK5n3Y\" style=\"color:blue; text-decoration:underline\"><span style=\"font-size:14.0pt\">Informa&ccedil;&otilde;es e inscri&ccedil;&otilde;es<\/span><\/a><\/span><\/span><\/span><\/p>\r\n\r\n<p style=\"text-align:justify\"><span style=\"font-size:28pt\"><span style=\"font-family:Cambria,serif\"><span style=\"letter-spacing:-0.5pt\"><b><span style=\"font-size:18.0pt\"><span calibri=\"\" style=\"font-family:\"><span style=\"font-variant:small-caps\">A&ccedil;&otilde;es realizadas<\/span><\/span><\/span><\/b><\/span><\/span><\/span><\/p>\r\n\r\n<p style=\"text-align:justify\"><img src=\"https:\/\/www.abint.org.br\/assets\/img\/editor\/flyer-white-paper-abint-imagem_20240306123501BJ3pz2XrSF.jpeg\" \/><\/p>\r\n\r\n<p style=\"text-align:justify\"><span style=\"font-size:11pt\"><span style=\"line-height:normal\"><span style=\"font-family:Calibri,sans-serif\"><a href=\"https:\/\/www.abint.org.br\/informacao\/publicacoes\" style=\"color:blue; text-decoration:underline\"><span style=\"font-size:14.0pt\">Acesse aqui o Estudo completo<\/span><\/a><\/span><\/span><\/span><\/p>\r\n\r\n<p style=\"text-align:justify\"><span style=\"font-size:28pt\"><span style=\"font-family:Cambria,serif\"><span style=\"letter-spacing:-0.5pt\"><b><span style=\"font-size:18.0pt\"><span calibri=\"\" style=\"font-family:\"><span style=\"font-variant:small-caps\">Not&iacute;cias das Associadas<\/span><\/span><\/span><\/b><\/span><\/span><\/span><\/p>\r\n\r\n<p style=\"text-align:justify\"><span style=\"font-size:11pt\"><span style=\"line-height:normal\"><span style=\"font-family:Calibri,sans-serif\"><a href=\"https:\/\/www.indiantextilemagazine.in\/andritz-to-focus-on-textile-recycling-durable-nonwoven-production-technologies-at-techtextil\/\" style=\"color:blue; text-decoration:underline\"><span lang=\"EN-US\" style=\"font-size:14.0pt\">Andritz to focus on textile recycling &amp; durable nonwoven production technologies at Techtextil<\/span><\/a><\/span><\/span><\/span><\/p>\r\n\r\n<p style=\"text-align:justify\"><span style=\"font-size:11pt\"><span style=\"line-height:normal\"><span style=\"font-family:Calibri,sans-serif\"><a href=\"https:\/\/www.nonwovens-industry.com\/contents\/view_breaking-news\/2024-02-29\/freudenberg-launches-fully-synthetic-wetlaid-nonwovens-line?utm_campaign=NON+eNewsletter&amp;utm_medium=email&amp;_hsmi=296285328&amp;_hsenc=p2ANqtz-8YKpObX3CskhAu_cO9k6kd4kaqp_ZDXiNlXWdGPkWMZp6UVwVDWhu0d5nPvaCA40uCJXB3z7SfpffHemxEP2f8AYh1nQ&amp;utm_content=296285328&amp;utm_source=hs_email\" style=\"color:blue; text-decoration:underline\"><span lang=\"EN-US\" style=\"font-size:14.0pt\">Freudenberg Launches Fully Synthetic Wetlaid Nonwovens Line<\/span><\/a><\/span><\/span><\/span><\/p>\r\n\r\n<p style=\"text-align:justify\">&nbsp;<\/p>\r\n\r\n<p style=\"text-align:justify\"><span style=\"font-size:11pt\"><span style=\"line-height:normal\"><span style=\"font-family:Calibri,sans-serif\"><b><span style=\"font-size:18.0pt\"><span style=\"font-variant:small-caps\">Eventos<\/span><\/span><\/b><\/span><\/span><\/span><\/p>\r\n\r\n<p style=\"text-align:justify\"><span style=\"font-size:11pt\"><span style=\"line-height:normal\"><span style=\"font-family:Calibri,sans-serif\"><b><span style=\"font-size:14.0pt\">FGV IBRE | I Semin&aacute;rio de An&aacute;lise Conjuntural<\/span><\/b><span class=\"MsoHyperlink\" style=\"color:blue\"><span style=\"text-decoration:underline\"><span style=\"font-size:14.0pt\"><span style=\"text-decoration:none\"><span style=\"text-underline:none\">, 07 de mar&ccedil;o de 2024, 10h00 &agrave;s 11h30, evento presencial, Praia de Botafogo, 190, Rio de Janeiro, RJ. <\/span><\/span><\/span><\/span><\/span><a href=\"https:\/\/evento.fgv.br\/analise-conjuntural_0703\/\" style=\"color:blue; text-decoration:underline\"><span style=\"font-size:14.0pt\">Informa&ccedil;&otilde;es e inscri&ccedil;&otilde;es aqui<\/span><\/a> <\/span><\/span><\/span><\/p>\r\n\r\n<p style=\"text-align:justify\"><span style=\"font-size:11pt\"><span style=\"line-height:normal\"><span style=\"font-family:Calibri,sans-serif\"><b><span style=\"font-size:14.0pt\">AESabesp | Curso: O Mega Desafio Trazido Pela Nova Lei de Licita&ccedil;&otilde;es e Contratos - Lei 14133\/2021<\/span><\/b><span style=\"font-size:14.0pt\">, 11 a 13 de mar&ccedil;o de 2024. 08h &agrave;s 17h, curso presencial. <\/span><a href=\"https:\/\/send.neopixdmi.com\/index.php\/campaigns\/sz055v7jdy85b\/web-version\/mh045xn88n9c0\" style=\"color:blue; text-decoration:underline\"><span style=\"font-size:14.0pt\">Informa&ccedil;&otilde;es aqui<\/span><\/a><\/span><\/span><\/span><\/p>\r\n\r\n<p style=\"text-align:justify\"><span style=\"font-size:11pt\"><span style=\"line-height:normal\"><span style=\"font-family:Calibri,sans-serif\"><b><span style=\"font-size:14.0pt\">FGV IBRE | I Semin&aacute;rio de An&aacute;lise Conjuntural<\/span><\/b><span class=\"MsoHyperlink\" style=\"color:blue\"><span style=\"text-decoration:underline\"><span style=\"font-size:14.0pt\"><span style=\"text-decoration:none\"><span style=\"text-underline:none\">, 02 de abril de 2024, 09h00 &agrave;s 13h00, evento presencial, Praia de Botafogo, 190, Rio de Janeiro, RJ. <\/span><\/span><\/span><\/span><\/span><a href=\"https:\/\/evento.fgv.br\/iencontro_politicaefiscal_0204\/\" style=\"color:blue; text-decoration:underline\"><span style=\"font-size:14.0pt\">Informa&ccedil;&otilde;es e inscri&ccedil;&otilde;es aqui<\/span><\/a> <\/span><\/span><\/span><\/p>\r\n\r\n<p style=\"text-align:justify\"><span style=\"font-size:11pt\"><span style=\"line-height:normal\"><span style=\"font-family:Calibri,sans-serif\"><b><span style=\"font-size:14.0pt\">GEOAMERICAS 2024, <\/span><\/b><span style=\"font-size:14.0pt\">de 28 de abril a 01 de maio de 2024, em Toronto (Canad&aacute;). <\/span><a href=\"https:\/\/www.geoamericas2024.org\/\" style=\"color:blue; text-decoration:underline\"><span style=\"font-size:14.0pt\">Informa&ccedil;&otilde;es aqui.<\/span><\/a><\/span><\/span><\/span><\/p>\r\n\r\n<p style=\"text-align:justify\"><span style=\"font-size:11pt\"><span style=\"line-height:normal\"><span style=\"font-family:Calibri,sans-serif\"><b><span style=\"font-size:14.0pt\">II Congresso Ibero-Americano de Esteriliza&ccedil;&atilde;o e II Congresso Nacional de Reprocessamento de Dispositivos M&eacute;dicos<\/span><\/b><span style=\"font-size:14.0pt\">, 16 a 18 de maio de 2024, Cartagena, Colombia<b>. <\/b><\/span><a href=\"http:\/\/nascecme.com.br\/ii-congresso-ibero-americano-de-esterilizacao-e-ii-congresso-nacional-de-reprocessamento-de-dispositivos-medicos\/\" style=\"color:blue; text-decoration:underline\"><span lang=\"EN-US\" style=\"font-size:14.0pt\">Informa&ccedil;&otilde;es<\/span><\/a><span lang=\"EN-US\" style=\"font-size:14.0pt\"> <\/span><\/span><\/span><\/span><\/p>\r\n\r\n<p style=\"text-align:justify\"><span style=\"font-size:11pt\"><span style=\"line-height:normal\"><span style=\"font-family:Calibri,sans-serif\"><b><span lang=\"EN-US\" style=\"font-size:14.0pt\">ANEX 2024 | Asia Nonwoven Exhibition and Conference<\/span><\/b><span lang=\"EN-US\" style=\"font-size:14.0pt\">, 22-24 May 2024, Taipei Nangang Exhibition Center, Hall 1. <\/span><a href=\"https:\/\/www.anex2024.com\/\" style=\"color:blue; text-decoration:underline\"><span lang=\"EN-US\" style=\"font-size:14.0pt\">Information here<\/span><\/a> <\/span><\/span><\/span><\/p>\r\n\r\n<p style=\"text-align:justify\"><span style=\"font-size:11pt\"><span style=\"line-height:normal\"><span style=\"font-family:Calibri,sans-serif\"><b><span lang=\"EN-US\" style=\"font-size:14.0pt\">The EDANA Innovation Forum<\/span><\/b><span class=\"MsoHyperlink\" style=\"color:blue\"><span style=\"text-decoration:underline\"><span lang=\"EN-US\" style=\"font-size:14.0pt\"><span style=\"text-decoration:none\"><span style=\"text-underline:none\">, 04 - 06 June 2024, Munich. <\/span><\/span><\/span><\/span><\/span><a href=\"https:\/\/www.edana.org\/events\/edana-innovation-forum-?ct=t(MENA_2018_call_for_papers6_28_2017_COPY_01)&amp;mc_cid=27efeab42f&amp;mc_eid=08e0eae351\" style=\"color:blue; text-decoration:underline\"><span lang=\"EN-US\" style=\"font-size:14.0pt\">Information here<\/span><\/a><\/span><\/span><\/span><\/p>\r\n\r\n<p style=\"text-align:justify\"><span style=\"font-size:11pt\"><span style=\"line-height:normal\"><span style=\"font-family:Calibri,sans-serif\"><b><span lang=\"EN-US\" style=\"font-size:14.0pt\">HIGITEX 2024 | International Technical Textiles &amp; Nonwoven Exhibition<\/span><\/b><span lang=\"EN-US\" style=\"font-size:14.0pt\">, 4-8 June 2024, T&uuml;yap Fair Convention and Congress Center, T&uuml;rkiye. <\/span><a href=\"https:\/\/www.hightex.com.tr\/\" style=\"color:blue; text-decoration:underline\"><span style=\"font-size:14.0pt\">Information here<\/span><\/a> <\/span><\/span><\/span><\/p>\r\n\r\n<p style=\"text-align:justify\"><span style=\"font-size:11pt\"><span style=\"line-height:normal\"><span style=\"font-family:Calibri,sans-serif\"><b><span style=\"font-size:14.0pt\">FEIPLAR COMPOSITES &amp; FEIPUR &ndash; Feira e Congresso Internacionais de Composites, Poliuretano, Pl&aacute;sticos de Engenharia e Compostos Termopl&aacute;sticos<\/span><\/b><span style=\"font-size:14.0pt\">, 20 a 22 de agosto de 2024, S&atilde;o Paulo Expo (Pavilh&atilde;o 5), palestras: das 8h30 &agrave;s 18h, feira: das 13h &agrave;s 20h.<b> <\/b><\/span><a href=\"http:\/\/www.feiplar.com\" style=\"color:blue; text-decoration:underline\"><span style=\"font-size:14.0pt\">www.feiplar.com<\/span><\/a> <\/span><\/span><\/span><\/p>\r\n\r\n<p style=\"text-align:justify\"><span style=\"font-size:11pt\"><span style=\"line-height:normal\"><span style=\"font-family:Calibri,sans-serif\"><b><span style=\"font-size:14.0pt\">Fenasan 2024 &ndash; Feira Nacional de Saneamento e Meio Ambiente<\/span><\/b><span style=\"font-size:14.0pt\">, 22 a 24 de outubro de 2024, Pavilh&otilde;es Verde e Vermelho, Expo Center Norte, S&atilde;o Paulo SP. <\/span><a href=\"http:\/\/www.fenasan.com.br\" style=\"color:blue; text-decoration:underline\"><span style=\"font-size:14.0pt\">www.fenasan.com.br<\/span><\/a> <\/span><\/span><\/span><\/p>\r\n\r\n<p style=\"text-align:justify\"><span style=\"font-size:11pt\"><span style=\"line-height:normal\"><span style=\"font-family:Calibri,sans-serif\"><b><span style=\"font-size:14.0pt\">HospitalMed 2024<\/span><\/b><span style=\"font-size:14.0pt\">, 23 a 25 de outubro, das 14h &agrave;s 20h, no Pernambuco Centro de Conven&ccedil;&otilde;es. <\/span><a href=\"http:\/\/www.hospitalmed.com.br\" style=\"color:blue; text-decoration:underline\"><span style=\"font-size:14.0pt\">www.hospitalmed.com.br<\/span><\/a> <\/span><\/span><\/span><\/p>\r\n\r\n<p style=\"text-align:justify\"><span style=\"font-size:28pt\"><span style=\"font-family:Cambria,serif\"><span style=\"letter-spacing:-0.5pt\"><b><span style=\"font-size:18.0pt\"><span calibri=\"\" style=\"font-family:\"><span style=\"font-variant:small-caps\">Setor<\/span><\/span><\/span><\/b><\/span><\/span><\/span><\/p>\r\n\r\n<p style=\"text-align:justify\"><span style=\"font-size:11pt\"><span style=\"line-height:normal\"><span style=\"font-family:Calibri,sans-serif\"><a href=\"https:\/\/www.nonwovens-industry.com\/contents\/view_experts-opinion\/2024-02-29\/experts-opinion-restructuring-towards-success-for-nonwoven-producers-in-a-post-covid-world?utm_campaign=NON+eNewsletter&amp;utm_medium=email&amp;_hsmi=296285328&amp;_hsenc=p2ANqtz-9dukoKBfNQVmxnbtWGqHtxMfMVT9xyEWXP2Km9_u-KTzitRjug-6uefTv9mt2nSn4Alu-XpT_nncqYNneiWRQfJ5cOfA&amp;utm_content=296285328&amp;utm_source=hs_email\" style=\"color:blue; text-decoration:underline\"><span lang=\"EN-US\" style=\"font-size:14.0pt\">Expert&#39;s Opinion: Restructuring Towards Success for Nonwoven Producers in a Post-Covid World<\/span><\/a><\/span><\/span><\/span><\/p>\r\n\r\n<p style=\"text-align:justify\"><span style=\"font-size:11pt\"><span style=\"line-height:normal\"><span style=\"font-family:Calibri,sans-serif\"><a href=\"https:\/\/www.abit.org.br\/noticias\/abit-o-restabelecimento-da-desoneracao-da-folha-e-positivo-para-o-emprego-no-pais?utm_campaign=abit_informa_-_28022024&amp;utm_medium=email&amp;utm_source=RD+Station\" style=\"color:blue; text-decoration:underline\"><span style=\"font-size:14.0pt\">Abit: o restabelecimento da desonera&ccedil;&atilde;o da folha &eacute; positivo para o emprego no Pa&iacute;s<\/span><\/a><\/span><\/span><\/span><\/p>\r\n\r\n<p style=\"text-align:justify\"><span style=\"font-size:11pt\"><span style=\"line-height:normal\"><span style=\"font-family:Calibri,sans-serif\"><a href=\"https:\/\/www.meiofiltrante.com.br\/Noticia\/120816\/inda-appoints-dan-noonan-as-new-director-of-memberships-and-business-development\" style=\"color:blue; text-decoration:underline\"><span lang=\"EN-US\" style=\"font-size:14.0pt\">INDA Appoints Dan Noonan as New Director of Memberships and Business Development<\/span><\/a><\/span><\/span><\/span><\/p>\r\n\r\n<p style=\"text-align:justify\"><span style=\"font-size:11pt\"><span style=\"line-height:normal\"><span style=\"font-family:Calibri,sans-serif\"><a href=\"https:\/\/blogdoplastico.wordpress.com\/2024\/02\/27\/braskem-e-shell-unem-forcas-para-produzir-polipropileno-circular-na-europa-a-partir-de-residuos-plasticos-mistos\/\" style=\"color:blue; text-decoration:underline\"><span style=\"font-size:14.0pt\">Braskem e Shell unem for&ccedil;as para produzir polipropileno circular na Europa a partir de res&iacute;duos pl&aacute;sticos mistos<\/span><\/a><\/span><\/span><\/span><\/p>\r\n\r\n<p style=\"text-align:justify\"><span style=\"font-size:11pt\"><span style=\"line-height:normal\"><span style=\"font-family:Calibri,sans-serif\"><a href=\"https:\/\/www.technicaltextile.net\/news\/geotextiles-has-huge-potential-ficci-session-at-bharat-tex-293378.html\" style=\"color:blue; text-decoration:underline\"><span lang=\"EN-US\" style=\"font-size:14.0pt\">Geotextiles has huge potential: FICCI session at Bharat Tex<\/span><\/a><\/span><\/span><\/span><\/p>\r\n\r\n<p style=\"text-align:justify\"><span style=\"font-size:28pt\"><span style=\"font-family:Cambria,serif\"><span style=\"letter-spacing:-0.5pt\"><b><span style=\"font-size:18.0pt\"><span calibri=\"\" style=\"font-family:\"><span style=\"font-variant:small-caps\">Ind&uacute;stria<\/span><\/span><\/span><\/b><\/span><\/span><\/span><\/p>\r\n\r\n<p style=\"text-align:justify\"><span style=\"font-size:11pt\"><span style=\"line-height:normal\"><span style=\"font-family:Calibri,sans-serif\"><a href=\"https:\/\/plasticosemrevista.com.br\/ninguem-nasce-sozinho-2\/\" style=\"color:blue; text-decoration:underline\"><span style=\"font-size:14.0pt\">Ningu&eacute;m nasce sozinho<\/span><\/a><\/span><\/span><\/span><\/p>\r\n\r\n<p style=\"text-align:justify\"><span style=\"font-size:11pt\"><span style=\"line-height:normal\"><span style=\"font-family:Calibri,sans-serif\"><a href=\"https:\/\/sovos.com\/pt-br\/blog\/tributos\/regulamentacao-da-tributaria-pode-ficar-para-2025-avaliam-senadores\/?mkt_tok=MzM0LUhWTi0yNDkAAAGRmYEubSr7czpFhzOYecu2odZNF6_ijLOooLEp9XUUfVqGbwLqFsYnrvcRza4iur3AcFBfHFK-wucRfQLeWpsGGBTv90Uj1gfvDa2V6-iuEXA\" style=\"color:blue; text-decoration:underline\"><span style=\"font-size:14.0pt\">Regulamenta&ccedil;&atilde;o da Reforma tribut&aacute;ria pode ficar para 2025, avaliam senadores<\/span><\/a><\/span><\/span><\/span><\/p>\r\n\r\n<p style=\"text-align:justify\"><span style=\"font-size:11pt\"><span style=\"line-height:normal\"><span style=\"font-family:Calibri,sans-serif\"><a href=\"https:\/\/forbes.com.br\/forbes-money\/2024\/03\/crescimento-da-industria-brasileira-atinge-pico-de-20-meses-em-fevereiro\/\" style=\"color:blue; text-decoration:underline\"><span style=\"font-size:14.0pt\">Crescimento da ind&uacute;stria brasileira atinge pico de 20 meses em fevereiro<\/span><\/a><\/span><\/span><\/span><\/p>\r\n\r\n<p style=\"text-align:justify\"><span style=\"font-size:11pt\"><span style=\"line-height:normal\"><span style=\"font-family:Calibri,sans-serif\"><a href=\"https:\/\/ibre.fgv.br\/blog-da-conjuntura-economica\/artigos\/empresas-brasileiras-revisam-para-baixo-expectativas-para-os\" style=\"color:blue; text-decoration:underline\"><span style=\"font-size:14.0pt\">Empresas brasileiras revisam para baixo expectativas para os pr&oacute;ximos tr&ecirc;s meses<\/span><\/a><\/span><\/span><\/span><\/p>\r\n\r\n<p style=\"text-align:justify\"><span style=\"font-size:11pt\"><span style=\"line-height:normal\"><span style=\"font-family:Calibri,sans-serif\"><a href=\"https:\/\/br.investing.com\/news\/economy\/pib-da-industria-opera-em-patamar-7-aquem-do-pico-alcancado-no-3o-trimestre-de-2013-diz-ibge-1215736\" style=\"color:blue; text-decoration:underline\"><span style=\"font-size:14.0pt\">PIB da Ind&uacute;stria opera em patamar 7% aqu&eacute;m do pico, alcan&ccedil;ado no 3&ordm; trimestre de 2013, diz IBGE<\/span><\/a><\/span><\/span><\/span><\/p>\r\n\r\n<p style=\"text-align:justify\"><span style=\"font-size:11pt\"><span style=\"line-height:normal\"><span style=\"font-family:Calibri,sans-serif\"><a href=\"https:\/\/odia.ig.com.br\/economia\/2024\/02\/6801055-faturamento-liquido-total-do-setor-de-maquinas-cai-133-em-janeiro-aponta-abimaq.html\" style=\"color:blue; text-decoration:underline\"><span style=\"font-size:14.0pt\">Faturamento l&iacute;quido total do setor de m&aacute;quinas cai 13,3% em janeiro, aponta Abimaq<\/span><\/a><\/span><\/span><\/span><\/p>\r\n\r\n<p style=\"text-align:justify\"><span style=\"font-size:11pt\"><span style=\"line-height:normal\"><span style=\"font-family:Calibri,sans-serif\"><a href=\"https:\/\/www.gov.br\/receitafederal\/pt-br\/assuntos\/noticias\/2024\/fevereiro\/operacao-modulus-fictum-receita-deflagra-operacao-de-combate-a-sonegacao-fiscal-no-setor-de-plasticos\" style=\"color:blue; text-decoration:underline\"><span style=\"font-size:14.0pt\">Opera&ccedil;&atilde;o Modulus Fictum: Receita Federal deflagra opera&ccedil;&atilde;o de combate &agrave; sonega&ccedil;&atilde;o fiscal no setor de pl&aacute;sticos<\/span><\/a><\/span><\/span><\/span><\/p>\r\n\r\n<p style=\"text-align:justify\"><span style=\"font-size:11pt\"><span style=\"line-height:normal\"><span style=\"font-family:Calibri,sans-serif\"><a href=\"https:\/\/grandesconstrucoes.com.br\/Noticias\/Exibir\/atividade-e-emprego-recuam-na-industria-da-construcao?utm_source=akna&amp;utm_medium=email&amp;utm_campaign=Grandes-Construcoes-Informativo-901-29-02-2024&amp;utm_source=akna&amp;utm_medium=email&amp;utm_campaign=Grandes-Construcoes-Informativo-901-29-02-2024\" style=\"color:blue; text-decoration:underline\"><span style=\"font-size:14.0pt\">Atividade e emprego recuam na ind&uacute;stria da constru&ccedil;&atilde;o<\/span><\/a><\/span><\/span><\/span><\/p>\r\n\r\n<p style=\"text-align:justify\"><span style=\"font-size:28pt\"><span style=\"font-family:Cambria,serif\"><span style=\"letter-spacing:-0.5pt\"><b><span style=\"font-size:18.0pt\"><span calibri=\"\" style=\"font-family:\"><span style=\"font-variant:small-caps\">Sustentabilidade<\/span><\/span><\/span><\/b><\/span><\/span><\/span><\/p>\r\n\r\n<p style=\"text-align:justify\"><span style=\"font-size:11pt\"><span style=\"line-height:normal\"><span style=\"font-family:Calibri,sans-serif\"><a href=\"https:\/\/indiantextilejournal.com\/emerging-technologies-in-the-field-of-textile-processing\/\" style=\"color:blue; text-decoration:underline\"><span lang=\"EN-US\" style=\"font-size:14.0pt\">Emerging technologies in the field of textile processing<\/span><\/a><\/span><\/span><\/span><\/p>\r\n\r\n<p style=\"text-align:justify\"><span style=\"font-size:11pt\"><span style=\"line-height:normal\"><span style=\"font-family:Calibri,sans-serif\"><a href=\"https:\/\/novovarejoautomotivo.com.br\/descarte-consciente-abrafiltros-recicla-mais-de-372-milhoes-de-filtros-usados-do-oleo-lubrificante-automotivo\/\" style=\"color:blue; text-decoration:underline\"><span style=\"font-size:14.0pt\">Descarte Consciente: Abrafiltros recicla mais de 37,2 milh&otilde;es de filtros usados do &oacute;leo lubrificante automotivo<\/span><\/a><\/span><\/span><\/span><\/p>\r\n\r\n<p style=\"text-align:justify\"><span style=\"font-size:11pt\"><span style=\"line-height:normal\"><span style=\"font-family:Calibri,sans-serif\"><a href=\"https:\/\/www.msn.com\/pt-br\/noticias\/meio-ambiente\/ind%C3%BAstria-do-pl%C3%A1stico-escondeu-limita%C3%A7%C3%B5es-da-reciclagem-e-gerou-crise-ambiental-diz-estudo\/ar-BB1iY77i\" style=\"color:blue; text-decoration:underline\"><span style=\"font-size:14.0pt\">Ind&uacute;stria do pl&aacute;stico escondeu limita&ccedil;&otilde;es da reciclagem e gerou crise ambiental, diz estudo<\/span><\/a><\/span><\/span><\/span><\/p>\r\n\r\n<p style=\"text-align:justify\"><span style=\"font-size:28pt\"><span style=\"font-family:Cambria,serif\"><span style=\"letter-spacing:-0.5pt\"><b><span style=\"font-size:18.0pt\"><span calibri=\"\" style=\"font-family:\"><span style=\"font-variant:small-caps\">Inova&ccedil;&atilde;o<\/span><\/span><\/span><\/b><\/span><\/span><\/span><\/p>\r\n\r\n<p style=\"text-align:justify\"><span style=\"font-size:11pt\"><span style=\"line-height:normal\"><span style=\"font-family:Calibri,sans-serif\"><a href=\"https:\/\/ibre.fgv.br\/blog-da-conjuntura-economica\/artigos\/em-termos-de-subsidio-o-que-temos-de-especifico-e\" style=\"color:blue; text-decoration:underline\"><span style=\"font-size:14.0pt\">&ldquo;Em termos de subs&iacute;dio, o que temos de espec&iacute;fico &ndash; e imprescind&iacute;vel &ndash; &eacute; para inova&ccedil;&atilde;o&rdquo;, afirma presidente do BNDES<\/span><\/a><\/span><\/span><\/span><\/p>\r\n\r\n<p style=\"text-align:justify\"><span style=\"font-size:11pt\"><span style=\"line-height:normal\"><span style=\"font-family:Calibri,sans-serif\"><a href=\"https:\/\/portal.fgv.br\/noticias\/g20-adota-iniciativa-fgv-direito-sp-combater-discriminacao-inteligencia-artificial\" style=\"color:blue; text-decoration:underline\"><span style=\"font-size:14.0pt\">G20 adota iniciativa da FGV Direito SP para combater discrimina&ccedil;&atilde;o na Intelig&ecirc;ncia Artificial<\/span><\/a><\/span><\/span><\/span><\/p>\r\n\r\n<p style=\"text-align:justify\"><span style=\"font-size:28pt\"><span style=\"font-family:Cambria,serif\"><span style=\"letter-spacing:-0.5pt\"><b><span style=\"font-size:18.0pt\"><span calibri=\"\" style=\"font-family:\"><span style=\"font-variant:small-caps\">Com&eacute;rcio Exterior<\/span><\/span><\/span><\/b><\/span><\/span><\/span><\/p>\r\n\r\n<p style=\"text-align:justify\"><span style=\"font-size:11pt\"><span style=\"line-height:normal\"><span style=\"font-family:Calibri,sans-serif\"><a href=\"https:\/\/comexdobrasil.com\/comercio-exterior-contribui-com-2-3-para-alta-de-29-do-pib-em-2023-indica-o-ibge\/\" style=\"color:blue; text-decoration:underline\"><span style=\"font-size:14.0pt\">Com&eacute;rcio exterior contribui com 2\/3 para alta de 2,9% do PIB em 2023, indica o IBGE<\/span><\/a><\/span><\/span><\/span><\/p>\r\n\r\n<p style=\"text-align:justify\"><span style=\"font-size:11pt\"><span style=\"line-height:normal\"><span style=\"font-family:Calibri,sans-serif\"><a href=\"https:\/\/static.portaldaindustria.com.br\/media\/filer_public\/69\/a3\/69a3e12d-94a9-4b22-943e-2a550b58e358\/ex_ipc_24-004_oea-integrado_anvisa.pdf\" style=\"color:blue; text-decoration:underline\"><span style=\"font-size:14.0pt\">Programa OEA-Integrado Anvisa &eacute; aprovado pela Diretoria Colegiada da Ag&ecirc;ncia<\/span><\/a><\/span><\/span><\/span><\/p>\r\n\r\n<p style=\"text-align:justify\"><span style=\"font-size:11pt\"><span style=\"line-height:normal\"><span style=\"font-family:Calibri,sans-serif\"><a href=\"https:\/\/www.terra.com.br\/noticias\/mundo\/parlamento-europeu-aprova-acordo-comercial-ue-chile,b5718d5c3109f8e4427cf0521efaadf2kgap1bxw.html\" style=\"color:blue; text-decoration:underline\"><span style=\"font-size:14.0pt\">Parlamento Europeu aprova acordo comercial UE-Chile<\/span><\/a><\/span><\/span><\/span><\/p>\r\n\r\n<p style=\"text-align:justify\"><span style=\"font-size:11pt\"><span style=\"line-height:normal\"><span style=\"font-family:Calibri,sans-serif\"><a href=\"https:\/\/abiquim.org.br\/comunicacao\/noticia\/11184\" style=\"color:blue; text-decoration:underline\"><span style=\"font-size:14.0pt\">A ind&uacute;stria qu&iacute;mica e o surto de importa&ccedil;&otilde;es predat&oacute;rias no Brasil<\/span><\/a><\/span><\/span><\/span><\/p>\r\n\r\n<p style=\"text-align:justify\"><span style=\"font-size:28pt\"><span style=\"font-family:Cambria,serif\"><span style=\"letter-spacing:-0.5pt\"><b><span style=\"font-size:18.0pt\"><span calibri=\"\" style=\"font-family:\"><span style=\"font-variant:small-caps\">Economia<\/span><\/span><\/span><\/b><\/span><\/span><\/span><\/p>\r\n\r\n<p style=\"text-align:justify\"><span style=\"font-size:11pt\"><span style=\"line-height:normal\"><span style=\"font-family:Calibri,sans-serif\"><span style=\"font-size:14.0pt\"><a href=\"https:\/\/www.bcb.gov.br\/content\/focus\/focus\/R20240301.pdf\" style=\"color:blue; text-decoration:underline\">Focus - Relat&oacute;rio de Mercado<\/a><\/span><\/span><\/span><\/span><\/p>\r\n\r\n<p style=\"text-align:justify\"><span style=\"font-size:11pt\"><span style=\"line-height:normal\"><span style=\"font-family:Calibri,sans-serif\"><a href=\"https:\/\/www.bcb.gov.br\/content\/controleinflacao\/focusdistribuicoesfrequencia\/P20240305-Focus-Distribuicoes-de-frequencia.pdf\" style=\"color:blue; text-decoration:underline\"><span style=\"font-size:14.0pt\">Focus - Distribui&ccedil;&otilde;es de Frequ&ecirc;ncia das Expectativas de Mercado para IPCA, Selic, PIB e C&acirc;mbio<\/span><\/a><\/span><\/span><\/span><\/p>\r\n\r\n<p style=\"text-align:justify\"><span style=\"font-size:11pt\"><span style=\"line-height:normal\"><span style=\"font-family:Calibri,sans-serif\"><a href=\"https:\/\/portalibre.fgv.br\/system\/files\/2024-03\/indicadores-de-mercado-de-trabalho-fgv_press-release_fev24.pdf\" style=\"color:blue; text-decoration:underline\"><span style=\"font-size:14.0pt\">Terceira alta consecutiva leva IAEmp ao maior patamar desde outubro de 2022<\/span><\/a><\/span><\/span><\/span><\/p>\r\n\r\n<p style=\"text-align:justify\"><span style=\"font-size:11pt\"><span style=\"line-height:normal\"><span style=\"font-family:Calibri,sans-serif\"><a href=\"https:\/\/blogdoibre.fgv.br\/posts\/fatores-condicionantes-do-impacto-das-reformas\" style=\"color:blue; text-decoration:underline\"><span style=\"font-size:14.0pt\">Fatores condicionantes do impacto das reformas<\/span><\/a><\/span><\/span><\/span><\/p>\r\n\r\n<p style=\"text-align:justify\"><span style=\"font-size:11pt\"><span style=\"line-height:normal\"><span style=\"font-family:Calibri,sans-serif\"><a href=\"https:\/\/portalibre.fgv.br\/sites\/default\/files\/2024-02\/202402boletimmacro.pdf\" style=\"color:blue; text-decoration:underline\"><span style=\"font-size:14.0pt\">FGV IBRE | Boletim Macro | Fevereiro\/2024<\/span><\/a><\/span><\/span><\/span><\/p>\r\n\r\n<p style=\"text-align:justify\"><span style=\"font-size:11pt\"><span style=\"line-height:normal\"><span style=\"font-family:Calibri,sans-serif\"><a href=\"https:\/\/portal.fgv.br\/noticias\/igp-m-resultados-2023\" style=\"color:blue; text-decoration:underline\"><span style=\"font-size:14.0pt\">IGP-M: Resultados 2023<\/span><\/a><\/span><\/span><\/span><\/p>\r\n\r\n<p style=\"text-align:justify\"><span style=\"font-size:11pt\"><span style=\"line-height:normal\"><span style=\"font-family:Calibri,sans-serif\"><span style=\"font-size:14.0pt\"><img src=\"https:\/\/www.abint.org.br\/assets\/img\/editor\/redes-sociais-abint-ctg-cth_20240306123629QuSoHuhvFo.jpg\" \/><\/span><\/span><\/span><\/span><\/p>\r\n","texto_en":"","7":"","imagem":"COMP_capa-2024-site-boletim-abint-noticias-semanis_20240306123227uKGh47YKux.jpg","8":"COMP_capa-2024-site-boletim-abint-noticias-semanis_20240306123227uKGh47YKux.jpg","arquivo":"20240305-BOLETIM-ABINT-DE-NOTICIAS-SEMANAIS.PDF","9":"20240305-BOLETIM-ABINT-DE-NOTICIAS-SEMANAIS.PDF","titulo_arquivo":"20240305 Boletim ABINT de Not\u00edcias Semanais","10":"20240305 Boletim ABINT de Not\u00edcias Semanais","titulo_arquivo_en":"","11":"","created_at":"2024-03-06 12:32:36","12":"2024-03-06 12:32:36","updated_at":"2024-03-06 12:36:36","13":"2024-03-06 12:36:36"},{"id":105,"0":105,"ordem":118,"1":118,"data":"2024-02-27","2":"2024-02-27","slug":"boletim-abint-de-noticias-semanais-18","3":"boletim-abint-de-noticias-semanais-18","titulo":"Boletim ABINT de Not\u00edcias Semanais","4":"Boletim ABINT de Not\u00edcias Semanais","titulo_en":"","5":"","texto":"<p style=\"text-align:justify\"><span style=\"font-size:11pt\"><span style=\"line-height:normal\"><span style=\"font-family:Calibri,sans-serif\"><span style=\"font-size:14.0pt\">Esta &eacute; uma compila&ccedil;&atilde;o das not&iacute;cias mais relevantes para o setor, incluindo informa&ccedil;&otilde;es sobre acordos internacionais, economia brasileira, sustentabilidade e mat&eacute;rias primas, al&eacute;m de novidades do setor de N&atilde;otecidos e Tecidos T&eacute;cnicos.<\/span><\/span><\/span><\/span><\/p>\r\n\r\n<p style=\"text-align:justify\"><span style=\"font-size:28pt\"><span style=\"font-family:Cambria,serif\"><span style=\"letter-spacing:-0.5pt\"><b><span style=\"font-size:18.0pt\"><span style=\"font-family:&quot;Calibri&quot;,sans-serif\"><span style=\"font-variant:small-caps\">O que vem por a&iacute;<\/span><\/span><\/span><\/b><\/span><\/span><\/span><\/p>\r\n\r\n<p><img src=\"https:\/\/www.abint.org.br\/assets\/img\/editor\/original_20240215151923oVSyiGIxAc.png\" style=\"width: 300px; height: 69px;\" \/><\/p>\r\n\r\n<p><img src=\"https:\/\/www.abint.org.br\/assets\/img\/editor\/post-quadrado-curso-naotecido_20240215152003687Upz2gzW.jpg\" style=\"width: 500px; height: 500px;\" \/><\/p>\r\n\r\n<h2><a href=\"https:\/\/forms.office.com\/r\/5DrqtK5n3Y\">Informa&ccedil;&otilde;es e inscri&ccedil;&otilde;es<\/a><\/h2>\r\n\r\n<p>&nbsp;<\/p>\r\n\r\n<p><img src=\"https:\/\/www.abint.org.br\/assets\/img\/editor\/logo-ctg-abint-png_202402151521306Rn6Nbr0Lz.png\" style=\"width: 300px; height: 55px;\" \/><\/p>\r\n\r\n<p style=\"text-align:justify\">&nbsp;<\/p>\r\n\r\n<p style=\"text-align:justify\"><span style=\"font-size:11pt\"><span style=\"line-height:normal\"><span style=\"font-family:Calibri,sans-serif\"><span style=\"font-size:14.0pt\">Em 21\/02, o CTG-ABINT Entrevista falou sobre solu&ccedil;&atilde;o alternativa de refor&ccedil;o de estrutura de pavimento usando de geoc&eacute;lula. <\/span><a href=\"https:\/\/www.instagram.com\/p\/C3oCE9-AAyX\/\" style=\"color:blue; text-decoration:underline\"><span style=\"font-size:14.0pt\">Confira aqui e deixe seu coment&aacute;rio<\/span><\/a><span style=\"font-size:14.0pt\">. <\/span><\/span><\/span><\/span><\/p>\r\n\r\n<p style=\"text-align:justify\"><span style=\"font-size:28pt\"><span style=\"font-family:Cambria,serif\"><span style=\"letter-spacing:-0.5pt\"><b><span style=\"font-size:18.0pt\"><span style=\"font-family:&quot;Calibri&quot;,sans-serif\"><span style=\"font-variant:small-caps\">Not&iacute;cias das Associadas<\/span><\/span><\/span><\/b><\/span><\/span><\/span><\/p>\r\n\r\n<p style=\"text-align:justify\"><span style=\"font-size:11pt\"><span style=\"line-height:normal\"><span style=\"font-family:Calibri,sans-serif\"><a href=\"https:\/\/tissueonline.com.br\/andritz-e-escolhida-pela-softys-peru-para-desenvolver-novo-tipo-de-sistema-hibrido-de-aquecimento-de-capota-yankee\/?utm_campaign=23022024_novo_modelo&amp;utm_medium=email&amp;utm_source=RD+Station\" style=\"color:blue; text-decoration:underline\"><span style=\"font-size:14.0pt\">ANDRITZ &eacute; escolhida pela Softys Peru para desenvolver novo tipo de sistema h&iacute;brido de aquecimento de capota Yankee<\/span><\/a><\/span><\/span><\/span><\/p>\r\n\r\n<p style=\"text-align:justify\"><span style=\"font-size:11pt\"><span style=\"line-height:normal\"><span style=\"font-family:Calibri,sans-serif\"><a href=\"https:\/\/tissueonline.com.br\/andritz-realiza-com-sucesso-start-up-de-duas-maquinas-da-guangdong-hengan-na-china\/?utm_campaign=23022024_novo_modelo&amp;utm_medium=email&amp;utm_source=RD+Station\" style=\"color:blue; text-decoration:underline\"><span style=\"font-size:14.0pt\">ANDRITZ realiza com sucesso start-up de duas m&aacute;quinas da Guangdong Hengan, na China<\/span><\/a><\/span><\/span><\/span><\/p>\r\n\r\n<p style=\"text-align:justify\"><span style=\"font-size:11pt\"><span style=\"line-height:normal\"><span style=\"font-family:Calibri,sans-serif\"><a href=\"https:\/\/www.nonwovens-industry.com\/contents\/view_breaking-news\/2024-02-19\/freudenberg-medical-to-add-second-site-in-costa-rica?utm_campaign=NON+eNewsletter&amp;utm_medium=email&amp;_hsmi=295278538&amp;_hsenc=p2ANqtz-9RQ_D6FJiwJSmal_lEo3KbprB9U3HhShupInCHjcDkaV_piXXfawsDp8HoitHgaw4oheZGjm2DD90Y1j4_2OCrXZ7frg&amp;utm_content=295278538&amp;utm_source=hs_email\" style=\"color:blue; text-decoration:underline\"><span lang=\"EN-US\" style=\"font-size:14.0pt\">Freudenberg Medical to Add Second Site in Costa Rica<\/span><\/a><\/span><\/span><\/span><\/p>\r\n\r\n<p style=\"text-align:justify\">&nbsp;<\/p>\r\n\r\n<p style=\"text-align:justify\"><span style=\"font-size:11pt\"><span style=\"line-height:normal\"><span style=\"font-family:Calibri,sans-serif\"><b><span style=\"font-size:18.0pt\"><span style=\"font-variant:small-caps\">Eventos<\/span><\/span><\/b><\/span><\/span><\/span><\/p>\r\n\r\n<p style=\"text-align:justify\">&nbsp;<\/p>\r\n\r\n<p style=\"text-align:justify\"><span style=\"font-size:11pt\"><span style=\"line-height:normal\"><span style=\"font-family:Calibri,sans-serif\"><b><span style=\"font-size:14.0pt\">FGV IBRE | Webinar: A Nova Pol&iacute;tica Industrial: Erros e Acertos<\/span><\/b><span class=\"MsoHyperlink\" style=\"color:blue\"><span style=\"text-decoration:underline\"><span style=\"font-size:14.0pt\"><span style=\"text-decoration:none\"><span style=\"text-underline:none\">, 28 de fevereiro de 2024, 10h00 &agrave;s 11h30, transmiss&atilde;o via YouTube FGV. <\/span><\/span><\/span><\/span><\/span><a href=\"https:\/\/evento.fgv.br\/politica-industrial_2802\/\" style=\"color:blue; text-decoration:underline\"><span style=\"font-size:14.0pt\">Informa&ccedil;&otilde;es e inscri&ccedil;&otilde;es<\/span><\/a> <\/span><\/span><\/span><\/p>\r\n\r\n<p style=\"text-align:justify\"><span style=\"font-size:11pt\"><span style=\"line-height:normal\"><span style=\"font-family:Calibri,sans-serif\"><b><span style=\"font-size:14.0pt\">Workshop Texbrasil | Os desafios da agenda comercial com a Argentina<\/span><\/b><span style=\"font-size:14.0pt\">, 28 de fevereiro, 10h00 &agrave;s 12h00, online via Teams. <\/span><a href=\"https:\/\/produtos.abit.org.br\/prod\/7016fb7e-c5c1-43d0-9178-a59061632ccc?utm_campaign=texbrasil_workshop_argentina_-_e-mail_1&amp;utm_medium=email&amp;utm_source=RD+Station\" style=\"color:blue; text-decoration:underline\"><span style=\"font-size:14.0pt\">Inscri&ccedil;&otilde;es aqui<\/span><\/a><span style=\"font-size:14.0pt\"> <\/span><\/span><\/span><\/span><\/p>\r\n\r\n<p style=\"text-align:justify\"><span style=\"font-size:11pt\"><span style=\"line-height:normal\"><span style=\"font-family:Calibri,sans-serif\"><b><span style=\"font-size:14.0pt\">AESabesp | Introdu&ccedil;&atilde;o ao ESG no setor de saneamento<\/span><\/b><span class=\"MsoHyperlink\" style=\"color:blue\"><span style=\"text-decoration:underline\"><span style=\"font-size:14.0pt\"><span style=\"text-decoration:none\"><span style=\"text-underline:none\">, 19 e 20 de fevereiro de 2024, 14h00 &agrave;s 17h00, online. <\/span><\/span><\/span><\/span><\/span><a href=\"https:\/\/send.neopixdmi.com\/index.php\/campaigns\/wf43090wld81e\/web-version\/mh045xn88n9c0\" style=\"color:blue; text-decoration:underline\"><span style=\"font-size:14.0pt\">Informa&ccedil;&otilde;es aqui<\/span><\/a> <\/span><\/span><\/span><\/p>\r\n\r\n<p style=\"text-align:justify\"><span style=\"font-size:11pt\"><span style=\"line-height:normal\"><span style=\"font-family:Calibri,sans-serif\"><b><span style=\"font-size:14.0pt\">FGV IBRE | I Semin&aacute;rio de An&aacute;lise Conjuntural<\/span><\/b><span class=\"MsoHyperlink\" style=\"color:blue\"><span style=\"text-decoration:underline\"><span style=\"font-size:14.0pt\"><span style=\"text-decoration:none\"><span style=\"text-underline:none\">, 07 de mar&ccedil;o de 2024, 10h00 &agrave;s 11h30, evento presencial, Praia de Botafogo, 190, Rio de Janeiro, RJ. <\/span><\/span><\/span><\/span><\/span><a href=\"https:\/\/evento.fgv.br\/analise-conjuntural_0703\/\" style=\"color:blue; text-decoration:underline\"><span style=\"font-size:14.0pt\">Informa&ccedil;&otilde;es e inscri&ccedil;&otilde;es aqui<\/span><\/a> <\/span><\/span><\/span><\/p>\r\n\r\n<p style=\"text-align:justify\"><span style=\"font-size:11pt\"><span style=\"line-height:normal\"><span style=\"font-family:Calibri,sans-serif\"><b><span style=\"font-size:14.0pt\">AESabesp | Curso: O Mega Desafio Trazido Pela Nova Lei de Licita&ccedil;&otilde;es e Contratos - Lei 14133\/2021<\/span><\/b><span style=\"font-size:14.0pt\">, 11 a 13 de mar&ccedil;o de 2024. 08h &agrave;s 17h, curso presencial. <\/span><a href=\"https:\/\/send.neopixdmi.com\/index.php\/campaigns\/sz055v7jdy85b\/web-version\/mh045xn88n9c0\" style=\"color:blue; text-decoration:underline\"><span style=\"font-size:14.0pt\">Informa&ccedil;&otilde;es aqui<\/span><\/a><\/span><\/span><\/span><\/p>\r\n\r\n<p style=\"text-align:justify\"><span style=\"font-size:11pt\"><span style=\"line-height:normal\"><span style=\"font-family:Calibri,sans-serif\"><b><span style=\"font-size:14.0pt\">GEOAMERICAS 2024, <\/span><\/b><span style=\"font-size:14.0pt\">de 28 de abril a 01 de maio de 2024, em Toronto (Canad&aacute;). <\/span><a href=\"https:\/\/www.geoamericas2024.org\/\" style=\"color:blue; text-decoration:underline\"><span style=\"font-size:14.0pt\">Informa&ccedil;&otilde;es aqui.<\/span><\/a><\/span><\/span><\/span><\/p>\r\n\r\n<p style=\"text-align:justify\"><span style=\"font-size:11pt\"><span style=\"line-height:normal\"><span style=\"font-family:Calibri,sans-serif\"><b><span style=\"font-size:14.0pt\">II Congresso Ibero-Americano de Esteriliza&ccedil;&atilde;o e II Congresso Nacional de Reprocessamento de Dispositivos M&eacute;dicos<\/span><\/b><span style=\"font-size:14.0pt\">, 16 a 18 de maio de 2024, Cartagena, Colombia<b>. <\/b><\/span><a href=\"http:\/\/nascecme.com.br\/ii-congresso-ibero-americano-de-esterilizacao-e-ii-congresso-nacional-de-reprocessamento-de-dispositivos-medicos\/\" style=\"color:blue; text-decoration:underline\"><span lang=\"EN-US\" style=\"font-size:14.0pt\">Informa&ccedil;&otilde;es<\/span><\/a><span lang=\"EN-US\" style=\"font-size:14.0pt\"> <\/span><\/span><\/span><\/span><\/p>\r\n\r\n<p style=\"text-align:justify\"><span style=\"font-size:11pt\"><span style=\"line-height:normal\"><span style=\"font-family:Calibri,sans-serif\"><b><span lang=\"EN-US\" style=\"font-size:14.0pt\">ANEX 2024 | Asia Nonwoven Exhibition and Conference<\/span><\/b><span lang=\"EN-US\" style=\"font-size:14.0pt\">, 22-24 May 2024, Taipei Nangang Exhibition Center, Hall 1. <\/span><a href=\"https:\/\/www.anex2024.com\/\" style=\"color:blue; text-decoration:underline\"><span lang=\"EN-US\" style=\"font-size:14.0pt\">Information here<\/span><\/a> <\/span><\/span><\/span><\/p>\r\n\r\n<p style=\"text-align:justify\"><span style=\"font-size:11pt\"><span style=\"line-height:normal\"><span style=\"font-family:Calibri,sans-serif\"><b><span lang=\"EN-US\" style=\"font-size:14.0pt\">The EDANA Innovation Forum<\/span><\/b><span class=\"MsoHyperlink\" style=\"color:blue\"><span style=\"text-decoration:underline\"><span lang=\"EN-US\" style=\"font-size:14.0pt\"><span style=\"text-decoration:none\"><span style=\"text-underline:none\">, 04 - 06 June 2024, Munich. <\/span><\/span><\/span><\/span><\/span><a href=\"https:\/\/www.edana.org\/events\/edana-innovation-forum-?ct=t(MENA_2018_call_for_papers6_28_2017_COPY_01)&amp;mc_cid=27efeab42f&amp;mc_eid=08e0eae351\" style=\"color:blue; text-decoration:underline\"><span lang=\"EN-US\" style=\"font-size:14.0pt\">Information here<\/span><\/a><\/span><\/span><\/span><\/p>\r\n\r\n<p style=\"text-align:justify\"><span style=\"font-size:11pt\"><span style=\"line-height:normal\"><span style=\"font-family:Calibri,sans-serif\"><b><span lang=\"EN-US\" style=\"font-size:14.0pt\">HIGITEX 2024 | International Technical Textiles &amp; Nonwoven Exhibition<\/span><\/b><span lang=\"EN-US\" style=\"font-size:14.0pt\">, 4-8 June 2024, T&uuml;yap Fair Convention and Congress Center, T&uuml;rkiye. <\/span><a href=\"https:\/\/www.hightex.com.tr\/\" style=\"color:blue; text-decoration:underline\"><span style=\"font-size:14.0pt\">Information here<\/span><\/a> <\/span><\/span><\/span><\/p>\r\n\r\n<p style=\"text-align:justify\"><span style=\"font-size:11pt\"><span style=\"line-height:normal\"><span style=\"font-family:Calibri,sans-serif\"><b><span style=\"font-size:14.0pt\">FEIPLAR COMPOSITES &amp; FEIPUR &ndash; Feira e Congresso Internacionais de Composites, Poliuretano, Pl&aacute;sticos de Engenharia e Compostos Termopl&aacute;sticos<\/span><\/b><span style=\"font-size:14.0pt\">, 20 a 22 de agosto de 2024, S&atilde;o Paulo Expo (Pavilh&atilde;o 5), palestras: das 8h30 &agrave;s 18h, feira: das 13h &agrave;s 20h.<b> <\/b><\/span><a href=\"http:\/\/www.feiplar.com\" style=\"color:blue; text-decoration:underline\"><span style=\"font-size:14.0pt\">www.feiplar.com<\/span><\/a> <\/span><\/span><\/span><\/p>\r\n\r\n<p style=\"text-align:justify\"><span style=\"font-size:11pt\"><span style=\"line-height:normal\"><span style=\"font-family:Calibri,sans-serif\"><b><span style=\"font-size:14.0pt\">Fenasan 2024 &ndash; Feira Nacional de Saneamento e Meio Ambiente<\/span><\/b><span style=\"font-size:14.0pt\">, 22 a 24 de outubro de 2024, Pavilh&otilde;es Verde e Vermelho, Expo Center Norte, S&atilde;o Paulo SP. <\/span><a href=\"http:\/\/www.fenasan.com.br\" style=\"color:blue; text-decoration:underline\"><span style=\"font-size:14.0pt\">www.fenasan.com.br<\/span><\/a> <\/span><\/span><\/span><\/p>\r\n\r\n<p style=\"text-align:justify\"><span style=\"font-size:11pt\"><span style=\"line-height:normal\"><span style=\"font-family:Calibri,sans-serif\"><b><span style=\"font-size:14.0pt\">HospitalMed 2024<\/span><\/b><span style=\"font-size:14.0pt\">, 23 a 25 de outubro, das 14h &agrave;s 20h, no Pernambuco Centro de Conven&ccedil;&otilde;es. <\/span><a href=\"http:\/\/www.hospitalmed.com.br\" style=\"color:blue; text-decoration:underline\"><span style=\"font-size:14.0pt\">www.hospitalmed.com.br<\/span><\/a> <\/span><\/span><\/span><\/p>\r\n\r\n<p style=\"text-align:justify\"><span style=\"font-size:28pt\"><span style=\"font-family:Cambria,serif\"><span style=\"letter-spacing:-0.5pt\"><b><span style=\"font-size:18.0pt\"><span style=\"font-family:&quot;Calibri&quot;,sans-serif\"><span style=\"font-variant:small-caps\">Setor<\/span><\/span><\/span><\/b><\/span><\/span><\/span><\/p>\r\n\r\n<p style=\"text-align:justify\"><span style=\"font-size:11pt\"><span style=\"line-height:normal\"><span style=\"font-family:Calibri,sans-serif\"><a href=\"https:\/\/exclink.exclusivo.com.br\/cl\/PRTlW\/E6A\/bcc2\/LCFJkUKAOaB\/BLUJ\/JmCehuTgxng\/3\/\" style=\"color:blue; text-decoration:underline\"><span style=\"font-size:14.0pt\">Cal&ccedil;ados esportivos avan&ccedil;am sobre produ&ccedil;&atilde;o total do setor<\/span><\/a> <\/span><\/span><\/span><\/p>\r\n\r\n<p style=\"text-align:justify\"><span style=\"font-size:11pt\"><span style=\"line-height:normal\"><span style=\"font-family:Calibri,sans-serif\"><a href=\"https:\/\/www.moveisdevalor.com.br\/portal\/fabricantes-de-colchoes-debatem-o-futuro-do-setor-na-ispa-expo-2024?source=news\" style=\"color:blue; text-decoration:underline\"><span style=\"font-size:14.0pt\">Fabricantes de colch&otilde;es debatem o futuro do setor na ISPA Expo 2024<\/span><\/a><\/span><\/span><\/span><\/p>\r\n\r\n<p style=\"text-align:justify\"><span style=\"font-size:11pt\"><span style=\"line-height:normal\"><span style=\"font-family:Calibri,sans-serif\"><a href=\"https:\/\/indiantextilejournal.com\/italian-textile-machinery-2023-fourth-quarter-orders-remain-stationary\/\" style=\"color:blue; text-decoration:underline\"><span lang=\"EN-US\" style=\"font-size:14.0pt\">Italian textile machinery: 2023 fourth quarter orders remain stationary<\/span><\/a><\/span><\/span><\/span><\/p>\r\n\r\n<p style=\"text-align:justify\"><span style=\"font-size:28pt\"><span style=\"font-family:Cambria,serif\"><span style=\"letter-spacing:-0.5pt\"><b><span style=\"font-size:18.0pt\"><span style=\"font-family:&quot;Calibri&quot;,sans-serif\"><span style=\"font-variant:small-caps\">Ind&uacute;stria<\/span><\/span><\/span><\/b><\/span><\/span><\/span><\/p>\r\n\r\n<p style=\"text-align:justify\"><span style=\"font-size:11pt\"><span style=\"line-height:normal\"><span style=\"font-family:Calibri,sans-serif\"><a href=\"https:\/\/www.contabeis.com.br\/noticias\/63822\/reforma-tributaria-93-das-empresas-serao-negativamente-impactadas\/\" style=\"color:blue; text-decoration:underline\"><span style=\"font-size:14.0pt\">Reforma tribut&aacute;ria: 93% das empresas ser&atilde;o negativamente impactadas<\/span><\/a><\/span><\/span><\/span><\/p>\r\n\r\n<p style=\"text-align:justify\"><span style=\"font-size:11pt\"><span style=\"line-height:normal\"><span style=\"font-family:Calibri,sans-serif\"><a href=\"https:\/\/www.gov.br\/mdic\/pt-br\/assuntos\/noticias\/2024\/fevereiro\/nova-industria-brasil-ja-liberou-r-5-3-bilhoes-este-ano-para-projetos-industriais\" style=\"color:blue; text-decoration:underline\"><span style=\"font-size:14.0pt\">Nova Ind&uacute;stria Brasil j&aacute; liberou R$ 5,3 bilh&otilde;es este ano para projetos industriais<\/span><\/a><\/span><\/span><\/span><\/p>\r\n\r\n<p style=\"text-align:justify\"><span style=\"font-size:11pt\"><span style=\"line-height:normal\"><span style=\"font-family:Calibri,sans-serif\"><a href=\"https:\/\/noticias.portaldaindustria.com.br\/noticias\/economia\/cresce-numero-de-setores-industriais-confiantes-em-fevereiro\/\" style=\"color:blue; text-decoration:underline\"><span style=\"font-size:14.0pt\">Cresce, em fevereiro, n&uacute;mero de setores industriais confiantes<\/span><\/a><\/span><\/span><\/span><\/p>\r\n\r\n<p style=\"text-align:justify\"><span style=\"font-size:11pt\"><span style=\"line-height:normal\"><span style=\"font-family:Calibri,sans-serif\"><a href=\"https:\/\/portalibre.fgv.br\/system\/files\/2024-02\/sondagem-da-industria-fgv_press-release_fev24_0.pdf\" style=\"color:blue; text-decoration:underline\"><span style=\"font-size:14.0pt\">Confian&ccedil;a da Ind&uacute;stria fica est&aacute;vel em fevereiro<\/span><\/a><\/span><\/span><\/span><\/p>\r\n\r\n<p style=\"text-align:justify\"><span style=\"font-size:11pt\"><span style=\"line-height:normal\"><span style=\"font-family:Calibri,sans-serif\"><a href=\"https:\/\/portalibre.fgv.br\/system\/files\/2024-02\/sondagem-da-construcao-fgv_press-release_fev24_0.pdf\" style=\"color:blue; text-decoration:underline\"><span style=\"font-size:14.0pt\">Confian&ccedil;a da Constru&ccedil;&atilde;o sobe 1,8 ponto em fevereiro<\/span><\/a><\/span><\/span><\/span><\/p>\r\n\r\n<p style=\"text-align:justify\"><span style=\"font-size:11pt\"><span style=\"line-height:normal\"><span style=\"font-family:Calibri,sans-serif\"><a href=\"https:\/\/portalibre.fgv.br\/system\/files\/2024-02\/sondagem-do-consumidor-fgv_press-release_fev24_0.pdf\" style=\"color:blue; text-decoration:underline\"><span style=\"font-size:14.0pt\">Confian&ccedil;a dos consumidores recua e atinge menor n&iacute;vel desde maio de 2023<\/span><\/a><\/span><\/span><\/span><\/p>\r\n\r\n<p style=\"text-align:justify\"><span style=\"font-size:11pt\"><span style=\"line-height:normal\"><span style=\"font-family:Calibri,sans-serif\"><a href=\"https:\/\/www.infomoney.com.br\/economia\/mdic-brasil-e-outros-121-paises-fecham-acordo-para-aumentar-investimentos-estrangeiros\/\" style=\"color:blue; text-decoration:underline\"><span style=\"font-size:14.0pt\">MDIC: Brasil e outros 121 pa&iacute;ses fecham acordo para aumentar investimentos estrangeiros<\/span><\/a><\/span><\/span><\/span><\/p>\r\n\r\n<p style=\"text-align:justify\"><span style=\"font-size:11pt\"><span style=\"line-height:normal\"><span style=\"font-family:Calibri,sans-serif\"><a href=\"https:\/\/grandesconstrucoes.com.br\/Noticias\/Exibir\/ana-estabelece-novas-normas-para-o-setor-de-saneamento-basico?utm_source=akna&amp;utm_medium=email&amp;utm_campaign=Grandes-Construcoes-Informativo-900-22-02-2024&amp;utm_source=akna&amp;utm_medium=email&amp;utm_campaign=Grandes-Construcoes-Informativo-900-22-02-2024\" style=\"color:blue; text-decoration:underline\"><span style=\"font-size:14.0pt\">ANA estabelece novas normas para o setor de saneamento b&aacute;sico<\/span><\/a><\/span><\/span><\/span><\/p>\r\n\r\n<p style=\"text-align:justify\"><span style=\"font-size:11pt\"><span style=\"line-height:normal\"><span style=\"font-family:Calibri,sans-serif\"><a href=\"https:\/\/www.saopaulo.sp.gov.br\/ultimas-noticias\/chuvas-no-litoral-norte-governo-de-sp-investe-mais-de-r-100-milhoes-em-restauracao\/\" style=\"color:blue; text-decoration:underline\"><span style=\"font-size:14.0pt\">Chuvas no litoral norte: Governo de SP investe mais de R$ 100 milh&otilde;es em restaura&ccedil;&atilde;o<\/span><\/a><\/span><\/span><\/span><\/p>\r\n\r\n<p style=\"text-align:justify\"><span style=\"font-size:28pt\"><span style=\"font-family:Cambria,serif\"><span style=\"letter-spacing:-0.5pt\"><b><span style=\"font-size:18.0pt\"><span style=\"font-family:&quot;Calibri&quot;,sans-serif\"><span style=\"font-variant:small-caps\">Sustentabilidade<\/span><\/span><\/span><\/b><\/span><\/span><\/span><\/p>\r\n\r\n<p style=\"text-align:justify\"><span style=\"font-size:11pt\"><span style=\"line-height:normal\"><span style=\"font-family:Calibri,sans-serif\"><a href=\"https:\/\/www.iadb.org\/pt-br\/noticias\/bid-fazenda-mma-e-banco-central-unem-esforcos-para-mobilizar-capital-externo-reduzir-risco?utm_source=Email&amp;utm_medium=Event&amp;utm_campaign=BID,%20Fazenda,%20MMA%20e%20Banco%20Central%20unem%20esfor%C3%A7os%20para%20mobilizar%20capital%20externo,%20reduzir%20risco%20cambial%20e%20impulsionar%20investimentos%20verdes&amp;utm_term=News\" style=\"color:blue; text-decoration:underline\"><span style=\"font-size:14.0pt\">BID, Fazenda, MMA e Banco Central unem esfor&ccedil;os para mobilizar capital externo, reduzir risco cambial e impulsionar investimentos verdes<\/span><\/a><\/span><\/span><\/span><\/p>\r\n\r\n<p style=\"text-align:justify\"><span style=\"font-size:11pt\"><span style=\"line-height:normal\"><span style=\"font-family:Calibri,sans-serif\"><a href=\"https:\/\/static.portaldaindustria.com.br\/media\/filer_public\/09\/2b\/092bc133-4a98-4f7d-a066-a5ef530a7410\/id_2024_manual_cbam.pdf\" style=\"color:blue; text-decoration:underline\"><span style=\"font-size:14.0pt\">Manual sobre a Fase Transit&oacute;ria do Mecanismo de Ajuste de Carbono na Fronteira (CBAM) da Uni&atilde;o Europeia<\/span><\/a><\/span><\/span><\/span><\/p>\r\n\r\n<p style=\"text-align:justify\"><span style=\"font-size:28pt\"><span style=\"font-family:Cambria,serif\"><span style=\"letter-spacing:-0.5pt\"><b><span style=\"font-size:18.0pt\"><span style=\"font-family:&quot;Calibri&quot;,sans-serif\"><span style=\"font-variant:small-caps\">Inova&ccedil;&atilde;o<\/span><\/span><\/span><\/b><\/span><\/span><\/span><\/p>\r\n\r\n<p style=\"text-align:justify\"><span style=\"font-size:11pt\"><span style=\"line-height:normal\"><span style=\"font-family:Calibri,sans-serif\"><a href=\"http:\/\/textileindustry.ning.com\/forum\/topics\/universidade-de-coimbra-desenvolve-tecnologia-para-reduzir-a\" style=\"color:blue; text-decoration:underline\"><span style=\"font-size:14.0pt\">Universidade de Coimbra desenvolve tecnologia para reduzir a polui&ccedil;&atilde;o da ind&uacute;stria t&ecirc;xtil<\/span><\/a><\/span><\/span><\/span><\/p>\r\n\r\n<p style=\"text-align:justify\"><span style=\"font-size:28pt\"><span style=\"font-family:Cambria,serif\"><span style=\"letter-spacing:-0.5pt\"><b><span style=\"font-size:18.0pt\"><span style=\"font-family:&quot;Calibri&quot;,sans-serif\"><span style=\"font-variant:small-caps\">Com&eacute;rcio Exterior<\/span><\/span><\/span><\/b><\/span><\/span><\/span><\/p>\r\n\r\n<p style=\"text-align:justify\"><span style=\"font-size:11pt\"><span style=\"line-height:normal\"><span style=\"font-family:Calibri,sans-serif\"><a href=\"https:\/\/www.saopaulo.sp.gov.br\/ultimas-noticias\/exportacoes-sp-recebe-inscricoes-para-capacitar-micro-pequenas-e-medias-empresas\/\" style=\"color:blue; text-decoration:underline\"><span style=\"font-size:14.0pt\">Exporta&ccedil;&otilde;es: SP recebe inscri&ccedil;&otilde;es para capacitar micro, pequenas e m&eacute;dias empresas<\/span><\/a><\/span><\/span><\/span><\/p>\r\n\r\n<p style=\"text-align:justify\"><span style=\"font-size:11pt\"><span style=\"line-height:normal\"><span style=\"font-family:Calibri,sans-serif\"><a href=\"https:\/\/www.gov.br\/secom\/pt-br\/assuntos\/noticias\/2024\/02\/bndes-aprova-r-13-5-bi-para-operacoes-de-apoio-a-exportacao-de-empresas-brasileiras-em-2023\" style=\"color:blue; text-decoration:underline\"><span style=\"font-size:14.0pt\">BNDES aprova R$ 13,5 bi para opera&ccedil;&otilde;es de apoio &agrave; exporta&ccedil;&atilde;o de empresas brasileiras em 2023<\/span><\/a><\/span><\/span><\/span><\/p>\r\n\r\n<p style=\"text-align:justify\"><span style=\"font-size:11pt\"><span style=\"line-height:normal\"><span style=\"font-family:Calibri,sans-serif\"><a href=\"https:\/\/static.portaldaindustria.com.br\/media\/filer_public\/7b\/c2\/7bc29d5c-5702-424b-92f4-db01e89fe03c\/ex_ipc_24-003_bndesfinanciamentoexportacoes-1.pdf\" style=\"color:blue; text-decoration:underline\"><span style=\"font-size:14.0pt\">BNDES anuncia redu&ccedil;&atilde;o do spread e or&ccedil;amento adicional de R$ 2 bilh&otilde;es para financiar exporta&ccedil;&otilde;es<\/span><\/a><\/span><\/span><\/span><\/p>\r\n\r\n<p style=\"text-align:justify\"><span style=\"font-size:11pt\"><span style=\"line-height:normal\"><span style=\"font-family:Calibri,sans-serif\"><a href=\"https:\/\/ibre.fgv.br\/blog-da-conjuntura-economica\/artigos\/exportacoes-cenario-positivo-no-inicio-de-ano-com-desafios\" style=\"color:blue; text-decoration:underline\"><span style=\"font-size:14.0pt\">Exporta&ccedil;&otilde;es: cen&aacute;rio positivo no in&iacute;cio de ano, com desafios &agrave; frente<\/span><\/a><\/span><\/span><\/span><\/p>\r\n\r\n<p style=\"text-align:justify\"><span style=\"font-size:11pt\"><span style=\"line-height:normal\"><span style=\"font-family:Calibri,sans-serif\"><a href=\"https:\/\/apexbrasil.com.br\/content\/apexbrasil\/br\/pt\/conteudo\/noticias\/webinar-oportunidades-exportacao\/perfil-EUA-confira-centenas-oportunidades.html#msdynttrid=69A0JB7Vw_CvWIGwQkjpJzrRd45Qig4iZcUNPDsTOJQ\" style=\"color:blue; text-decoration:underline\"><span style=\"font-size:14.0pt\">Perfil Estados Unidos: confira as centenas de oportunidades para exporta&ccedil;&otilde;es brasileiras e o desempenho de com&eacute;rcio e investimentos entre Brasil e EUA<\/span><\/a><\/span><\/span><\/span><\/p>\r\n\r\n<p style=\"text-align:justify\"><span style=\"font-size:28pt\"><span style=\"font-family:Cambria,serif\"><span style=\"letter-spacing:-0.5pt\"><b><span style=\"font-size:18.0pt\"><span style=\"font-family:&quot;Calibri&quot;,sans-serif\"><span style=\"font-variant:small-caps\">Economia<\/span><\/span><\/span><\/b><\/span><\/span><\/span><\/p>\r\n\r\n<p style=\"text-align:justify\"><span style=\"font-size:11pt\"><span style=\"line-height:normal\"><span style=\"font-family:Calibri,sans-serif\"><a href=\"https:\/\/www.bcb.gov.br\/content\/focus\/focus\/R20240223.pdf\" style=\"color:blue; text-decoration:underline\"><span style=\"font-size:14.0pt\">Focus - Relat&oacute;rio de Mercado<\/span><\/a><\/span><\/span><\/span><\/p>\r\n\r\n<p style=\"text-align:justify\"><span style=\"font-size:11pt\"><span style=\"line-height:normal\"><span style=\"font-family:Calibri,sans-serif\"><a href=\"https:\/\/blogdoibre.fgv.br\/posts\/bobagens-economicas-deste-inicio-de-ano\" style=\"color:blue; text-decoration:underline\"><span style=\"font-size:14.0pt\">As bobagens econ&ocirc;micas deste in&iacute;cio de ano<\/span><\/a><\/span><\/span><\/span><\/p>\r\n","6":"<p style=\"text-align:justify\"><span style=\"font-size:11pt\"><span style=\"line-height:normal\"><span style=\"font-family:Calibri,sans-serif\"><span style=\"font-size:14.0pt\">Esta &eacute; uma compila&ccedil;&atilde;o das not&iacute;cias mais relevantes para o setor, incluindo informa&ccedil;&otilde;es sobre acordos internacionais, economia brasileira, sustentabilidade e mat&eacute;rias primas, al&eacute;m de novidades do setor de N&atilde;otecidos e Tecidos T&eacute;cnicos.<\/span><\/span><\/span><\/span><\/p>\r\n\r\n<p style=\"text-align:justify\"><span style=\"font-size:28pt\"><span style=\"font-family:Cambria,serif\"><span style=\"letter-spacing:-0.5pt\"><b><span style=\"font-size:18.0pt\"><span style=\"font-family:&quot;Calibri&quot;,sans-serif\"><span style=\"font-variant:small-caps\">O que vem por a&iacute;<\/span><\/span><\/span><\/b><\/span><\/span><\/span><\/p>\r\n\r\n<p><img src=\"https:\/\/www.abint.org.br\/assets\/img\/editor\/original_20240215151923oVSyiGIxAc.png\" style=\"width: 300px; height: 69px;\" \/><\/p>\r\n\r\n<p><img src=\"https:\/\/www.abint.org.br\/assets\/img\/editor\/post-quadrado-curso-naotecido_20240215152003687Upz2gzW.jpg\" style=\"width: 500px; height: 500px;\" \/><\/p>\r\n\r\n<h2><a href=\"https:\/\/forms.office.com\/r\/5DrqtK5n3Y\">Informa&ccedil;&otilde;es e inscri&ccedil;&otilde;es<\/a><\/h2>\r\n\r\n<p>&nbsp;<\/p>\r\n\r\n<p><img src=\"https:\/\/www.abint.org.br\/assets\/img\/editor\/logo-ctg-abint-png_202402151521306Rn6Nbr0Lz.png\" style=\"width: 300px; height: 55px;\" \/><\/p>\r\n\r\n<p style=\"text-align:justify\">&nbsp;<\/p>\r\n\r\n<p style=\"text-align:justify\"><span style=\"font-size:11pt\"><span style=\"line-height:normal\"><span style=\"font-family:Calibri,sans-serif\"><span style=\"font-size:14.0pt\">Em 21\/02, o CTG-ABINT Entrevista falou sobre solu&ccedil;&atilde;o alternativa de refor&ccedil;o de estrutura de pavimento usando de geoc&eacute;lula. <\/span><a href=\"https:\/\/www.instagram.com\/p\/C3oCE9-AAyX\/\" style=\"color:blue; text-decoration:underline\"><span style=\"font-size:14.0pt\">Confira aqui e deixe seu coment&aacute;rio<\/span><\/a><span style=\"font-size:14.0pt\">. <\/span><\/span><\/span><\/span><\/p>\r\n\r\n<p style=\"text-align:justify\"><span style=\"font-size:28pt\"><span style=\"font-family:Cambria,serif\"><span style=\"letter-spacing:-0.5pt\"><b><span style=\"font-size:18.0pt\"><span style=\"font-family:&quot;Calibri&quot;,sans-serif\"><span style=\"font-variant:small-caps\">Not&iacute;cias das Associadas<\/span><\/span><\/span><\/b><\/span><\/span><\/span><\/p>\r\n\r\n<p style=\"text-align:justify\"><span style=\"font-size:11pt\"><span style=\"line-height:normal\"><span style=\"font-family:Calibri,sans-serif\"><a href=\"https:\/\/tissueonline.com.br\/andritz-e-escolhida-pela-softys-peru-para-desenvolver-novo-tipo-de-sistema-hibrido-de-aquecimento-de-capota-yankee\/?utm_campaign=23022024_novo_modelo&amp;utm_medium=email&amp;utm_source=RD+Station\" style=\"color:blue; text-decoration:underline\"><span style=\"font-size:14.0pt\">ANDRITZ &eacute; escolhida pela Softys Peru para desenvolver novo tipo de sistema h&iacute;brido de aquecimento de capota Yankee<\/span><\/a><\/span><\/span><\/span><\/p>\r\n\r\n<p style=\"text-align:justify\"><span style=\"font-size:11pt\"><span style=\"line-height:normal\"><span style=\"font-family:Calibri,sans-serif\"><a href=\"https:\/\/tissueonline.com.br\/andritz-realiza-com-sucesso-start-up-de-duas-maquinas-da-guangdong-hengan-na-china\/?utm_campaign=23022024_novo_modelo&amp;utm_medium=email&amp;utm_source=RD+Station\" style=\"color:blue; text-decoration:underline\"><span style=\"font-size:14.0pt\">ANDRITZ realiza com sucesso start-up de duas m&aacute;quinas da Guangdong Hengan, na China<\/span><\/a><\/span><\/span><\/span><\/p>\r\n\r\n<p style=\"text-align:justify\"><span style=\"font-size:11pt\"><span style=\"line-height:normal\"><span style=\"font-family:Calibri,sans-serif\"><a href=\"https:\/\/www.nonwovens-industry.com\/contents\/view_breaking-news\/2024-02-19\/freudenberg-medical-to-add-second-site-in-costa-rica?utm_campaign=NON+eNewsletter&amp;utm_medium=email&amp;_hsmi=295278538&amp;_hsenc=p2ANqtz-9RQ_D6FJiwJSmal_lEo3KbprB9U3HhShupInCHjcDkaV_piXXfawsDp8HoitHgaw4oheZGjm2DD90Y1j4_2OCrXZ7frg&amp;utm_content=295278538&amp;utm_source=hs_email\" style=\"color:blue; text-decoration:underline\"><span lang=\"EN-US\" style=\"font-size:14.0pt\">Freudenberg Medical to Add Second Site in Costa Rica<\/span><\/a><\/span><\/span><\/span><\/p>\r\n\r\n<p style=\"text-align:justify\">&nbsp;<\/p>\r\n\r\n<p style=\"text-align:justify\"><span style=\"font-size:11pt\"><span style=\"line-height:normal\"><span style=\"font-family:Calibri,sans-serif\"><b><span style=\"font-size:18.0pt\"><span style=\"font-variant:small-caps\">Eventos<\/span><\/span><\/b><\/span><\/span><\/span><\/p>\r\n\r\n<p style=\"text-align:justify\">&nbsp;<\/p>\r\n\r\n<p style=\"text-align:justify\"><span style=\"font-size:11pt\"><span style=\"line-height:normal\"><span style=\"font-family:Calibri,sans-serif\"><b><span style=\"font-size:14.0pt\">FGV IBRE | Webinar: A Nova Pol&iacute;tica Industrial: Erros e Acertos<\/span><\/b><span class=\"MsoHyperlink\" style=\"color:blue\"><span style=\"text-decoration:underline\"><span style=\"font-size:14.0pt\"><span style=\"text-decoration:none\"><span style=\"text-underline:none\">, 28 de fevereiro de 2024, 10h00 &agrave;s 11h30, transmiss&atilde;o via YouTube FGV. <\/span><\/span><\/span><\/span><\/span><a href=\"https:\/\/evento.fgv.br\/politica-industrial_2802\/\" style=\"color:blue; text-decoration:underline\"><span style=\"font-size:14.0pt\">Informa&ccedil;&otilde;es e inscri&ccedil;&otilde;es<\/span><\/a> <\/span><\/span><\/span><\/p>\r\n\r\n<p style=\"text-align:justify\"><span style=\"font-size:11pt\"><span style=\"line-height:normal\"><span style=\"font-family:Calibri,sans-serif\"><b><span style=\"font-size:14.0pt\">Workshop Texbrasil | Os desafios da agenda comercial com a Argentina<\/span><\/b><span style=\"font-size:14.0pt\">, 28 de fevereiro, 10h00 &agrave;s 12h00, online via Teams. <\/span><a href=\"https:\/\/produtos.abit.org.br\/prod\/7016fb7e-c5c1-43d0-9178-a59061632ccc?utm_campaign=texbrasil_workshop_argentina_-_e-mail_1&amp;utm_medium=email&amp;utm_source=RD+Station\" style=\"color:blue; text-decoration:underline\"><span style=\"font-size:14.0pt\">Inscri&ccedil;&otilde;es aqui<\/span><\/a><span style=\"font-size:14.0pt\"> <\/span><\/span><\/span><\/span><\/p>\r\n\r\n<p style=\"text-align:justify\"><span style=\"font-size:11pt\"><span style=\"line-height:normal\"><span style=\"font-family:Calibri,sans-serif\"><b><span style=\"font-size:14.0pt\">AESabesp | Introdu&ccedil;&atilde;o ao ESG no setor de saneamento<\/span><\/b><span class=\"MsoHyperlink\" style=\"color:blue\"><span style=\"text-decoration:underline\"><span style=\"font-size:14.0pt\"><span style=\"text-decoration:none\"><span style=\"text-underline:none\">, 19 e 20 de fevereiro de 2024, 14h00 &agrave;s 17h00, online. <\/span><\/span><\/span><\/span><\/span><a href=\"https:\/\/send.neopixdmi.com\/index.php\/campaigns\/wf43090wld81e\/web-version\/mh045xn88n9c0\" style=\"color:blue; text-decoration:underline\"><span style=\"font-size:14.0pt\">Informa&ccedil;&otilde;es aqui<\/span><\/a> <\/span><\/span><\/span><\/p>\r\n\r\n<p style=\"text-align:justify\"><span style=\"font-size:11pt\"><span style=\"line-height:normal\"><span style=\"font-family:Calibri,sans-serif\"><b><span style=\"font-size:14.0pt\">FGV IBRE | I Semin&aacute;rio de An&aacute;lise Conjuntural<\/span><\/b><span class=\"MsoHyperlink\" style=\"color:blue\"><span style=\"text-decoration:underline\"><span style=\"font-size:14.0pt\"><span style=\"text-decoration:none\"><span style=\"text-underline:none\">, 07 de mar&ccedil;o de 2024, 10h00 &agrave;s 11h30, evento presencial, Praia de Botafogo, 190, Rio de Janeiro, RJ. <\/span><\/span><\/span><\/span><\/span><a href=\"https:\/\/evento.fgv.br\/analise-conjuntural_0703\/\" style=\"color:blue; text-decoration:underline\"><span style=\"font-size:14.0pt\">Informa&ccedil;&otilde;es e inscri&ccedil;&otilde;es aqui<\/span><\/a> <\/span><\/span><\/span><\/p>\r\n\r\n<p style=\"text-align:justify\"><span style=\"font-size:11pt\"><span style=\"line-height:normal\"><span style=\"font-family:Calibri,sans-serif\"><b><span style=\"font-size:14.0pt\">AESabesp | Curso: O Mega Desafio Trazido Pela Nova Lei de Licita&ccedil;&otilde;es e Contratos - Lei 14133\/2021<\/span><\/b><span style=\"font-size:14.0pt\">, 11 a 13 de mar&ccedil;o de 2024. 08h &agrave;s 17h, curso presencial. <\/span><a href=\"https:\/\/send.neopixdmi.com\/index.php\/campaigns\/sz055v7jdy85b\/web-version\/mh045xn88n9c0\" style=\"color:blue; text-decoration:underline\"><span style=\"font-size:14.0pt\">Informa&ccedil;&otilde;es aqui<\/span><\/a><\/span><\/span><\/span><\/p>\r\n\r\n<p style=\"text-align:justify\"><span style=\"font-size:11pt\"><span style=\"line-height:normal\"><span style=\"font-family:Calibri,sans-serif\"><b><span style=\"font-size:14.0pt\">GEOAMERICAS 2024, <\/span><\/b><span style=\"font-size:14.0pt\">de 28 de abril a 01 de maio de 2024, em Toronto (Canad&aacute;). <\/span><a href=\"https:\/\/www.geoamericas2024.org\/\" style=\"color:blue; text-decoration:underline\"><span style=\"font-size:14.0pt\">Informa&ccedil;&otilde;es aqui.<\/span><\/a><\/span><\/span><\/span><\/p>\r\n\r\n<p style=\"text-align:justify\"><span style=\"font-size:11pt\"><span style=\"line-height:normal\"><span style=\"font-family:Calibri,sans-serif\"><b><span style=\"font-size:14.0pt\">II Congresso Ibero-Americano de Esteriliza&ccedil;&atilde;o e II Congresso Nacional de Reprocessamento de Dispositivos M&eacute;dicos<\/span><\/b><span style=\"font-size:14.0pt\">, 16 a 18 de maio de 2024, Cartagena, Colombia<b>. <\/b><\/span><a href=\"http:\/\/nascecme.com.br\/ii-congresso-ibero-americano-de-esterilizacao-e-ii-congresso-nacional-de-reprocessamento-de-dispositivos-medicos\/\" style=\"color:blue; text-decoration:underline\"><span lang=\"EN-US\" style=\"font-size:14.0pt\">Informa&ccedil;&otilde;es<\/span><\/a><span lang=\"EN-US\" style=\"font-size:14.0pt\"> <\/span><\/span><\/span><\/span><\/p>\r\n\r\n<p style=\"text-align:justify\"><span style=\"font-size:11pt\"><span style=\"line-height:normal\"><span style=\"font-family:Calibri,sans-serif\"><b><span lang=\"EN-US\" style=\"font-size:14.0pt\">ANEX 2024 | Asia Nonwoven Exhibition and Conference<\/span><\/b><span lang=\"EN-US\" style=\"font-size:14.0pt\">, 22-24 May 2024, Taipei Nangang Exhibition Center, Hall 1. <\/span><a href=\"https:\/\/www.anex2024.com\/\" style=\"color:blue; text-decoration:underline\"><span lang=\"EN-US\" style=\"font-size:14.0pt\">Information here<\/span><\/a> <\/span><\/span><\/span><\/p>\r\n\r\n<p style=\"text-align:justify\"><span style=\"font-size:11pt\"><span style=\"line-height:normal\"><span style=\"font-family:Calibri,sans-serif\"><b><span lang=\"EN-US\" style=\"font-size:14.0pt\">The EDANA Innovation Forum<\/span><\/b><span class=\"MsoHyperlink\" style=\"color:blue\"><span style=\"text-decoration:underline\"><span lang=\"EN-US\" style=\"font-size:14.0pt\"><span style=\"text-decoration:none\"><span style=\"text-underline:none\">, 04 - 06 June 2024, Munich. <\/span><\/span><\/span><\/span><\/span><a href=\"https:\/\/www.edana.org\/events\/edana-innovation-forum-?ct=t(MENA_2018_call_for_papers6_28_2017_COPY_01)&amp;mc_cid=27efeab42f&amp;mc_eid=08e0eae351\" style=\"color:blue; text-decoration:underline\"><span lang=\"EN-US\" style=\"font-size:14.0pt\">Information here<\/span><\/a><\/span><\/span><\/span><\/p>\r\n\r\n<p style=\"text-align:justify\"><span style=\"font-size:11pt\"><span style=\"line-height:normal\"><span style=\"font-family:Calibri,sans-serif\"><b><span lang=\"EN-US\" style=\"font-size:14.0pt\">HIGITEX 2024 | International Technical Textiles &amp; Nonwoven Exhibition<\/span><\/b><span lang=\"EN-US\" style=\"font-size:14.0pt\">, 4-8 June 2024, T&uuml;yap Fair Convention and Congress Center, T&uuml;rkiye. <\/span><a href=\"https:\/\/www.hightex.com.tr\/\" style=\"color:blue; text-decoration:underline\"><span style=\"font-size:14.0pt\">Information here<\/span><\/a> <\/span><\/span><\/span><\/p>\r\n\r\n<p style=\"text-align:justify\"><span style=\"font-size:11pt\"><span style=\"line-height:normal\"><span style=\"font-family:Calibri,sans-serif\"><b><span style=\"font-size:14.0pt\">FEIPLAR COMPOSITES &amp; FEIPUR &ndash; Feira e Congresso Internacionais de Composites, Poliuretano, Pl&aacute;sticos de Engenharia e Compostos Termopl&aacute;sticos<\/span><\/b><span style=\"font-size:14.0pt\">, 20 a 22 de agosto de 2024, S&atilde;o Paulo Expo (Pavilh&atilde;o 5), palestras: das 8h30 &agrave;s 18h, feira: das 13h &agrave;s 20h.<b> <\/b><\/span><a href=\"http:\/\/www.feiplar.com\" style=\"color:blue; text-decoration:underline\"><span style=\"font-size:14.0pt\">www.feiplar.com<\/span><\/a> <\/span><\/span><\/span><\/p>\r\n\r\n<p style=\"text-align:justify\"><span style=\"font-size:11pt\"><span style=\"line-height:normal\"><span style=\"font-family:Calibri,sans-serif\"><b><span style=\"font-size:14.0pt\">Fenasan 2024 &ndash; Feira Nacional de Saneamento e Meio Ambiente<\/span><\/b><span style=\"font-size:14.0pt\">, 22 a 24 de outubro de 2024, Pavilh&otilde;es Verde e Vermelho, Expo Center Norte, S&atilde;o Paulo SP. <\/span><a href=\"http:\/\/www.fenasan.com.br\" style=\"color:blue; text-decoration:underline\"><span style=\"font-size:14.0pt\">www.fenasan.com.br<\/span><\/a> <\/span><\/span><\/span><\/p>\r\n\r\n<p style=\"text-align:justify\"><span style=\"font-size:11pt\"><span style=\"line-height:normal\"><span style=\"font-family:Calibri,sans-serif\"><b><span style=\"font-size:14.0pt\">HospitalMed 2024<\/span><\/b><span style=\"font-size:14.0pt\">, 23 a 25 de outubro, das 14h &agrave;s 20h, no Pernambuco Centro de Conven&ccedil;&otilde;es. <\/span><a href=\"http:\/\/www.hospitalmed.com.br\" style=\"color:blue; text-decoration:underline\"><span style=\"font-size:14.0pt\">www.hospitalmed.com.br<\/span><\/a> <\/span><\/span><\/span><\/p>\r\n\r\n<p style=\"text-align:justify\"><span style=\"font-size:28pt\"><span style=\"font-family:Cambria,serif\"><span style=\"letter-spacing:-0.5pt\"><b><span style=\"font-size:18.0pt\"><span style=\"font-family:&quot;Calibri&quot;,sans-serif\"><span style=\"font-variant:small-caps\">Setor<\/span><\/span><\/span><\/b><\/span><\/span><\/span><\/p>\r\n\r\n<p style=\"text-align:justify\"><span style=\"font-size:11pt\"><span style=\"line-height:normal\"><span style=\"font-family:Calibri,sans-serif\"><a href=\"https:\/\/exclink.exclusivo.com.br\/cl\/PRTlW\/E6A\/bcc2\/LCFJkUKAOaB\/BLUJ\/JmCehuTgxng\/3\/\" style=\"color:blue; text-decoration:underline\"><span style=\"font-size:14.0pt\">Cal&ccedil;ados esportivos avan&ccedil;am sobre produ&ccedil;&atilde;o total do setor<\/span><\/a> <\/span><\/span><\/span><\/p>\r\n\r\n<p style=\"text-align:justify\"><span style=\"font-size:11pt\"><span style=\"line-height:normal\"><span style=\"font-family:Calibri,sans-serif\"><a href=\"https:\/\/www.moveisdevalor.com.br\/portal\/fabricantes-de-colchoes-debatem-o-futuro-do-setor-na-ispa-expo-2024?source=news\" style=\"color:blue; text-decoration:underline\"><span style=\"font-size:14.0pt\">Fabricantes de colch&otilde;es debatem o futuro do setor na ISPA Expo 2024<\/span><\/a><\/span><\/span><\/span><\/p>\r\n\r\n<p style=\"text-align:justify\"><span style=\"font-size:11pt\"><span style=\"line-height:normal\"><span style=\"font-family:Calibri,sans-serif\"><a href=\"https:\/\/indiantextilejournal.com\/italian-textile-machinery-2023-fourth-quarter-orders-remain-stationary\/\" style=\"color:blue; text-decoration:underline\"><span lang=\"EN-US\" style=\"font-size:14.0pt\">Italian textile machinery: 2023 fourth quarter orders remain stationary<\/span><\/a><\/span><\/span><\/span><\/p>\r\n\r\n<p style=\"text-align:justify\"><span style=\"font-size:28pt\"><span style=\"font-family:Cambria,serif\"><span style=\"letter-spacing:-0.5pt\"><b><span style=\"font-size:18.0pt\"><span style=\"font-family:&quot;Calibri&quot;,sans-serif\"><span style=\"font-variant:small-caps\">Ind&uacute;stria<\/span><\/span><\/span><\/b><\/span><\/span><\/span><\/p>\r\n\r\n<p style=\"text-align:justify\"><span style=\"font-size:11pt\"><span style=\"line-height:normal\"><span style=\"font-family:Calibri,sans-serif\"><a href=\"https:\/\/www.contabeis.com.br\/noticias\/63822\/reforma-tributaria-93-das-empresas-serao-negativamente-impactadas\/\" style=\"color:blue; text-decoration:underline\"><span style=\"font-size:14.0pt\">Reforma tribut&aacute;ria: 93% das empresas ser&atilde;o negativamente impactadas<\/span><\/a><\/span><\/span><\/span><\/p>\r\n\r\n<p style=\"text-align:justify\"><span style=\"font-size:11pt\"><span style=\"line-height:normal\"><span style=\"font-family:Calibri,sans-serif\"><a href=\"https:\/\/www.gov.br\/mdic\/pt-br\/assuntos\/noticias\/2024\/fevereiro\/nova-industria-brasil-ja-liberou-r-5-3-bilhoes-este-ano-para-projetos-industriais\" style=\"color:blue; text-decoration:underline\"><span style=\"font-size:14.0pt\">Nova Ind&uacute;stria Brasil j&aacute; liberou R$ 5,3 bilh&otilde;es este ano para projetos industriais<\/span><\/a><\/span><\/span><\/span><\/p>\r\n\r\n<p style=\"text-align:justify\"><span style=\"font-size:11pt\"><span style=\"line-height:normal\"><span style=\"font-family:Calibri,sans-serif\"><a href=\"https:\/\/noticias.portaldaindustria.com.br\/noticias\/economia\/cresce-numero-de-setores-industriais-confiantes-em-fevereiro\/\" style=\"color:blue; text-decoration:underline\"><span style=\"font-size:14.0pt\">Cresce, em fevereiro, n&uacute;mero de setores industriais confiantes<\/span><\/a><\/span><\/span><\/span><\/p>\r\n\r\n<p style=\"text-align:justify\"><span style=\"font-size:11pt\"><span style=\"line-height:normal\"><span style=\"font-family:Calibri,sans-serif\"><a href=\"https:\/\/portalibre.fgv.br\/system\/files\/2024-02\/sondagem-da-industria-fgv_press-release_fev24_0.pdf\" style=\"color:blue; text-decoration:underline\"><span style=\"font-size:14.0pt\">Confian&ccedil;a da Ind&uacute;stria fica est&aacute;vel em fevereiro<\/span><\/a><\/span><\/span><\/span><\/p>\r\n\r\n<p style=\"text-align:justify\"><span style=\"font-size:11pt\"><span style=\"line-height:normal\"><span style=\"font-family:Calibri,sans-serif\"><a href=\"https:\/\/portalibre.fgv.br\/system\/files\/2024-02\/sondagem-da-construcao-fgv_press-release_fev24_0.pdf\" style=\"color:blue; text-decoration:underline\"><span style=\"font-size:14.0pt\">Confian&ccedil;a da Constru&ccedil;&atilde;o sobe 1,8 ponto em fevereiro<\/span><\/a><\/span><\/span><\/span><\/p>\r\n\r\n<p style=\"text-align:justify\"><span style=\"font-size:11pt\"><span style=\"line-height:normal\"><span style=\"font-family:Calibri,sans-serif\"><a href=\"https:\/\/portalibre.fgv.br\/system\/files\/2024-02\/sondagem-do-consumidor-fgv_press-release_fev24_0.pdf\" style=\"color:blue; text-decoration:underline\"><span style=\"font-size:14.0pt\">Confian&ccedil;a dos consumidores recua e atinge menor n&iacute;vel desde maio de 2023<\/span><\/a><\/span><\/span><\/span><\/p>\r\n\r\n<p style=\"text-align:justify\"><span style=\"font-size:11pt\"><span style=\"line-height:normal\"><span style=\"font-family:Calibri,sans-serif\"><a href=\"https:\/\/www.infomoney.com.br\/economia\/mdic-brasil-e-outros-121-paises-fecham-acordo-para-aumentar-investimentos-estrangeiros\/\" style=\"color:blue; text-decoration:underline\"><span style=\"font-size:14.0pt\">MDIC: Brasil e outros 121 pa&iacute;ses fecham acordo para aumentar investimentos estrangeiros<\/span><\/a><\/span><\/span><\/span><\/p>\r\n\r\n<p style=\"text-align:justify\"><span style=\"font-size:11pt\"><span style=\"line-height:normal\"><span style=\"font-family:Calibri,sans-serif\"><a href=\"https:\/\/grandesconstrucoes.com.br\/Noticias\/Exibir\/ana-estabelece-novas-normas-para-o-setor-de-saneamento-basico?utm_source=akna&amp;utm_medium=email&amp;utm_campaign=Grandes-Construcoes-Informativo-900-22-02-2024&amp;utm_source=akna&amp;utm_medium=email&amp;utm_campaign=Grandes-Construcoes-Informativo-900-22-02-2024\" style=\"color:blue; text-decoration:underline\"><span style=\"font-size:14.0pt\">ANA estabelece novas normas para o setor de saneamento b&aacute;sico<\/span><\/a><\/span><\/span><\/span><\/p>\r\n\r\n<p style=\"text-align:justify\"><span style=\"font-size:11pt\"><span style=\"line-height:normal\"><span style=\"font-family:Calibri,sans-serif\"><a href=\"https:\/\/www.saopaulo.sp.gov.br\/ultimas-noticias\/chuvas-no-litoral-norte-governo-de-sp-investe-mais-de-r-100-milhoes-em-restauracao\/\" style=\"color:blue; text-decoration:underline\"><span style=\"font-size:14.0pt\">Chuvas no litoral norte: Governo de SP investe mais de R$ 100 milh&otilde;es em restaura&ccedil;&atilde;o<\/span><\/a><\/span><\/span><\/span><\/p>\r\n\r\n<p style=\"text-align:justify\"><span style=\"font-size:28pt\"><span style=\"font-family:Cambria,serif\"><span style=\"letter-spacing:-0.5pt\"><b><span style=\"font-size:18.0pt\"><span style=\"font-family:&quot;Calibri&quot;,sans-serif\"><span style=\"font-variant:small-caps\">Sustentabilidade<\/span><\/span><\/span><\/b><\/span><\/span><\/span><\/p>\r\n\r\n<p style=\"text-align:justify\"><span style=\"font-size:11pt\"><span style=\"line-height:normal\"><span style=\"font-family:Calibri,sans-serif\"><a href=\"https:\/\/www.iadb.org\/pt-br\/noticias\/bid-fazenda-mma-e-banco-central-unem-esforcos-para-mobilizar-capital-externo-reduzir-risco?utm_source=Email&amp;utm_medium=Event&amp;utm_campaign=BID,%20Fazenda,%20MMA%20e%20Banco%20Central%20unem%20esfor%C3%A7os%20para%20mobilizar%20capital%20externo,%20reduzir%20risco%20cambial%20e%20impulsionar%20investimentos%20verdes&amp;utm_term=News\" style=\"color:blue; text-decoration:underline\"><span style=\"font-size:14.0pt\">BID, Fazenda, MMA e Banco Central unem esfor&ccedil;os para mobilizar capital externo, reduzir risco cambial e impulsionar investimentos verdes<\/span><\/a><\/span><\/span><\/span><\/p>\r\n\r\n<p style=\"text-align:justify\"><span style=\"font-size:11pt\"><span style=\"line-height:normal\"><span style=\"font-family:Calibri,sans-serif\"><a href=\"https:\/\/static.portaldaindustria.com.br\/media\/filer_public\/09\/2b\/092bc133-4a98-4f7d-a066-a5ef530a7410\/id_2024_manual_cbam.pdf\" style=\"color:blue; text-decoration:underline\"><span style=\"font-size:14.0pt\">Manual sobre a Fase Transit&oacute;ria do Mecanismo de Ajuste de Carbono na Fronteira (CBAM) da Uni&atilde;o Europeia<\/span><\/a><\/span><\/span><\/span><\/p>\r\n\r\n<p style=\"text-align:justify\"><span style=\"font-size:28pt\"><span style=\"font-family:Cambria,serif\"><span style=\"letter-spacing:-0.5pt\"><b><span style=\"font-size:18.0pt\"><span style=\"font-family:&quot;Calibri&quot;,sans-serif\"><span style=\"font-variant:small-caps\">Inova&ccedil;&atilde;o<\/span><\/span><\/span><\/b><\/span><\/span><\/span><\/p>\r\n\r\n<p style=\"text-align:justify\"><span style=\"font-size:11pt\"><span style=\"line-height:normal\"><span style=\"font-family:Calibri,sans-serif\"><a href=\"http:\/\/textileindustry.ning.com\/forum\/topics\/universidade-de-coimbra-desenvolve-tecnologia-para-reduzir-a\" style=\"color:blue; text-decoration:underline\"><span style=\"font-size:14.0pt\">Universidade de Coimbra desenvolve tecnologia para reduzir a polui&ccedil;&atilde;o da ind&uacute;stria t&ecirc;xtil<\/span><\/a><\/span><\/span><\/span><\/p>\r\n\r\n<p style=\"text-align:justify\"><span style=\"font-size:28pt\"><span style=\"font-family:Cambria,serif\"><span style=\"letter-spacing:-0.5pt\"><b><span style=\"font-size:18.0pt\"><span style=\"font-family:&quot;Calibri&quot;,sans-serif\"><span style=\"font-variant:small-caps\">Com&eacute;rcio Exterior<\/span><\/span><\/span><\/b><\/span><\/span><\/span><\/p>\r\n\r\n<p style=\"text-align:justify\"><span style=\"font-size:11pt\"><span style=\"line-height:normal\"><span style=\"font-family:Calibri,sans-serif\"><a href=\"https:\/\/www.saopaulo.sp.gov.br\/ultimas-noticias\/exportacoes-sp-recebe-inscricoes-para-capacitar-micro-pequenas-e-medias-empresas\/\" style=\"color:blue; text-decoration:underline\"><span style=\"font-size:14.0pt\">Exporta&ccedil;&otilde;es: SP recebe inscri&ccedil;&otilde;es para capacitar micro, pequenas e m&eacute;dias empresas<\/span><\/a><\/span><\/span><\/span><\/p>\r\n\r\n<p style=\"text-align:justify\"><span style=\"font-size:11pt\"><span style=\"line-height:normal\"><span style=\"font-family:Calibri,sans-serif\"><a href=\"https:\/\/www.gov.br\/secom\/pt-br\/assuntos\/noticias\/2024\/02\/bndes-aprova-r-13-5-bi-para-operacoes-de-apoio-a-exportacao-de-empresas-brasileiras-em-2023\" style=\"color:blue; text-decoration:underline\"><span style=\"font-size:14.0pt\">BNDES aprova R$ 13,5 bi para opera&ccedil;&otilde;es de apoio &agrave; exporta&ccedil;&atilde;o de empresas brasileiras em 2023<\/span><\/a><\/span><\/span><\/span><\/p>\r\n\r\n<p style=\"text-align:justify\"><span style=\"font-size:11pt\"><span style=\"line-height:normal\"><span style=\"font-family:Calibri,sans-serif\"><a href=\"https:\/\/static.portaldaindustria.com.br\/media\/filer_public\/7b\/c2\/7bc29d5c-5702-424b-92f4-db01e89fe03c\/ex_ipc_24-003_bndesfinanciamentoexportacoes-1.pdf\" style=\"color:blue; text-decoration:underline\"><span style=\"font-size:14.0pt\">BNDES anuncia redu&ccedil;&atilde;o do spread e or&ccedil;amento adicional de R$ 2 bilh&otilde;es para financiar exporta&ccedil;&otilde;es<\/span><\/a><\/span><\/span><\/span><\/p>\r\n\r\n<p style=\"text-align:justify\"><span style=\"font-size:11pt\"><span style=\"line-height:normal\"><span style=\"font-family:Calibri,sans-serif\"><a href=\"https:\/\/ibre.fgv.br\/blog-da-conjuntura-economica\/artigos\/exportacoes-cenario-positivo-no-inicio-de-ano-com-desafios\" style=\"color:blue; text-decoration:underline\"><span style=\"font-size:14.0pt\">Exporta&ccedil;&otilde;es: cen&aacute;rio positivo no in&iacute;cio de ano, com desafios &agrave; frente<\/span><\/a><\/span><\/span><\/span><\/p>\r\n\r\n<p style=\"text-align:justify\"><span style=\"font-size:11pt\"><span style=\"line-height:normal\"><span style=\"font-family:Calibri,sans-serif\"><a href=\"https:\/\/apexbrasil.com.br\/content\/apexbrasil\/br\/pt\/conteudo\/noticias\/webinar-oportunidades-exportacao\/perfil-EUA-confira-centenas-oportunidades.html#msdynttrid=69A0JB7Vw_CvWIGwQkjpJzrRd45Qig4iZcUNPDsTOJQ\" style=\"color:blue; text-decoration:underline\"><span style=\"font-size:14.0pt\">Perfil Estados Unidos: confira as centenas de oportunidades para exporta&ccedil;&otilde;es brasileiras e o desempenho de com&eacute;rcio e investimentos entre Brasil e EUA<\/span><\/a><\/span><\/span><\/span><\/p>\r\n\r\n<p style=\"text-align:justify\"><span style=\"font-size:28pt\"><span style=\"font-family:Cambria,serif\"><span style=\"letter-spacing:-0.5pt\"><b><span style=\"font-size:18.0pt\"><span style=\"font-family:&quot;Calibri&quot;,sans-serif\"><span style=\"font-variant:small-caps\">Economia<\/span><\/span><\/span><\/b><\/span><\/span><\/span><\/p>\r\n\r\n<p style=\"text-align:justify\"><span style=\"font-size:11pt\"><span style=\"line-height:normal\"><span style=\"font-family:Calibri,sans-serif\"><a href=\"https:\/\/www.bcb.gov.br\/content\/focus\/focus\/R20240223.pdf\" style=\"color:blue; text-decoration:underline\"><span style=\"font-size:14.0pt\">Focus - Relat&oacute;rio de Mercado<\/span><\/a><\/span><\/span><\/span><\/p>\r\n\r\n<p style=\"text-align:justify\"><span style=\"font-size:11pt\"><span style=\"line-height:normal\"><span style=\"font-family:Calibri,sans-serif\"><a href=\"https:\/\/blogdoibre.fgv.br\/posts\/bobagens-economicas-deste-inicio-de-ano\" style=\"color:blue; text-decoration:underline\"><span style=\"font-size:14.0pt\">As bobagens econ&ocirc;micas deste in&iacute;cio de ano<\/span><\/a><\/span><\/span><\/span><\/p>\r\n","texto_en":"","7":"","imagem":"COMP_capa-2024-site-boletim-abint-noticias-semanis_20240227173645FjV4RcI0YG.jpg","8":"COMP_capa-2024-site-boletim-abint-noticias-semanis_20240227173645FjV4RcI0YG.jpg","arquivo":"20240227-BOLETIM-ABINT-DE-NOTICIAS-SEMANAIS.PDF","9":"20240227-BOLETIM-ABINT-DE-NOTICIAS-SEMANAIS.PDF","titulo_arquivo":"20240227 Boletim ABINT de Not\u00edcias Semanais","10":"20240227 Boletim ABINT de Not\u00edcias Semanais","titulo_arquivo_en":"","11":"","created_at":"2024-02-27 17:36:57","12":"2024-02-27 17:36:57","updated_at":"2024-02-27 17:36:57","13":"2024-02-27 17:36:57"},{"id":104,"0":104,"ordem":119,"1":119,"data":"2024-02-20","2":"2024-02-20","slug":"boletim-abint-de-noticias-semanais-17","3":"boletim-abint-de-noticias-semanais-17","titulo":"Boletim ABINT de Not\u00edcias Semanais","4":"Boletim ABINT de Not\u00edcias Semanais","titulo_en":"","5":"","texto":"<p>Esta &eacute; uma compila&ccedil;&atilde;o das not&iacute;cias mais relevantes para o setor, incluindo informa&ccedil;&otilde;es sobre acordos internacionais, economia brasileira, sustentabilidade e mat&eacute;rias primas, al&eacute;m de novidades do setor de N&atilde;otecidos e Tecidos T&eacute;cnicos.<\/p>\r\n\r\n<p><b>O que vem por a&iacute;<\/b><\/p>\r\n\r\n<p><img src=\"https:\/\/www.abint.org.br\/assets\/img\/editor\/original_20240215151923oVSyiGIxAc.png\" style=\"width: 300px; height: 69px;\" \/><\/p>\r\n\r\n<p><img src=\"https:\/\/www.abint.org.br\/assets\/img\/editor\/post-quadrado-curso-naotecido_20240215152003687Upz2gzW.jpg\" style=\"width: 500px; height: 500px;\" \/><\/p>\r\n\r\n<p><a href=\"https:\/\/forms.office.com\/r\/5DrqtK5n3Y\">Informa&ccedil;&otilde;es e inscri&ccedil;&otilde;es<\/a><\/p>\r\n\r\n<p>&nbsp;<\/p>\r\n\r\n<p><img src=\"https:\/\/www.abint.org.br\/assets\/img\/editor\/logo-ctg-abint-png_202402151521306Rn6Nbr0Lz.png\" style=\"width: 300px; height: 55px;\" \/><\/p>\r\n\r\n<p><img src=\"https:\/\/www.abint.org.br\/assets\/img\/editor\/20240221-live-ctg-instagram-fernando-e-samira_20240215152245WkAZfw3PEj.jpeg\" style=\"width: 500px; height: 500px;\" \/><\/p>\r\n\r\n<p style=\"text-align:justify\">&nbsp;<\/p>\r\n\r\n<p style=\"text-align:justify\"><span style=\"font-size:11pt\"><span style=\"line-height:normal\"><span style=\"font-family:Calibri,sans-serif\"><b><span style=\"font-size:18.0pt\"><span style=\"font-variant:small-caps\">Eventos<\/span><\/span><\/b><\/span><\/span><\/span><\/p>\r\n\r\n<p style=\"text-align:justify\"><span style=\"font-size:11pt\"><span style=\"line-height:normal\"><span style=\"font-family:Calibri,sans-serif\"><b><span style=\"font-size:14.0pt\">APEX | Plano de Neg&oacute;cios Internacionais<\/span><\/b><span class=\"MsoHyperlink\" style=\"color:blue\"><span style=\"text-decoration:underline\"><span style=\"font-size:14.0pt\"><span style=\"text-decoration:none\"><span style=\"text-underline:none\">, 22 de fevereiro de 2024, 8h30 &agrave;s 12h30, evento online. <\/span><\/span><\/span><\/span><\/span><a href=\"https:\/\/7bd46367464f42938043bc2d987cb33f.marketingusercontent.com\/m\/view\/TV2ksxbiAjMcwcJr4Aa2k8EEL06Na620nVfxlGzJvY0x#msdynttrid=rLIcOvoJDgArL1GsoAdM0j50eBcHF-PxQDcWMGnIAXk\" style=\"color:blue; text-decoration:underline\"><span style=\"font-size:14.0pt\">Informa&ccedil;&otilde;es aqui<\/span><\/a> <\/span><\/span><\/span><\/p>\r\n\r\n<p style=\"text-align:justify\"><span style=\"font-size:11pt\"><span style=\"line-height:normal\"><span style=\"font-family:Calibri,sans-serif\"><b><span style=\"font-size:14.0pt\">FGV IBRE | Webinar: A Nova Pol&iacute;tica Industrial: Erros e Acertos<\/span><\/b><span class=\"MsoHyperlink\" style=\"color:blue\"><span style=\"text-decoration:underline\"><span style=\"font-size:14.0pt\"><span style=\"text-decoration:none\"><span style=\"text-underline:none\">, 28 de fevereiro de 2024, 10h00 &agrave;s 11h30, transmiss&atilde;o via YouTube FGV. <\/span><\/span><\/span><\/span><\/span><a href=\"https:\/\/evento.fgv.br\/politica-industrial_2802\/\" style=\"color:blue; text-decoration:underline\"><span style=\"font-size:14.0pt\">Informa&ccedil;&otilde;es e inscri&ccedil;&otilde;es<\/span><\/a> <\/span><\/span><\/span><\/p>\r\n\r\n<p style=\"text-align:justify\"><span style=\"font-size:11pt\"><span style=\"line-height:normal\"><span style=\"font-family:Calibri,sans-serif\"><b><span style=\"font-size:14.0pt\">Workshop Texbrasil | Os desafios da agenda comercial com a Argentina<\/span><\/b><span style=\"font-size:14.0pt\">, 28 de fevereiro, 10h00 &agrave;s 12h00, online via Teams. <\/span><a href=\"https:\/\/produtos.abit.org.br\/prod\/7016fb7e-c5c1-43d0-9178-a59061632ccc?utm_campaign=texbrasil_workshop_argentina_-_e-mail_1&amp;utm_medium=email&amp;utm_source=RD+Station\" style=\"color:blue; text-decoration:underline\"><span style=\"font-size:14.0pt\">Inscri&ccedil;&otilde;es aqui<\/span><\/a><span style=\"font-size:14.0pt\"> <\/span><\/span><\/span><\/span><\/p>\r\n\r\n<p style=\"text-align:justify\"><span style=\"font-size:11pt\"><span style=\"line-height:normal\"><span style=\"font-family:Calibri,sans-serif\"><b><span style=\"font-size:14.0pt\">AESabesp | Introdu&ccedil;&atilde;o ao ESG no setor de saneamento<\/span><\/b><span class=\"MsoHyperlink\" style=\"color:blue\"><span style=\"text-decoration:underline\"><span style=\"font-size:14.0pt\"><span style=\"text-decoration:none\"><span style=\"text-underline:none\">, 19 e 20 de fevereiro de 2024, 14h00 &agrave;s 17h00, online. <\/span><\/span><\/span><\/span><\/span><a href=\"https:\/\/send.neopixdmi.com\/index.php\/campaigns\/wf43090wld81e\/web-version\/mh045xn88n9c0\" style=\"color:blue; text-decoration:underline\"><span style=\"font-size:14.0pt\">Informa&ccedil;&otilde;es aqui<\/span><\/a> <\/span><\/span><\/span><\/p>\r\n\r\n<p style=\"text-align:justify\"><span style=\"font-size:11pt\"><span style=\"line-height:normal\"><span style=\"font-family:Calibri,sans-serif\"><b><span style=\"font-size:14.0pt\">FGV IBRE | I Semin&aacute;rio de An&aacute;lise Conjuntural<\/span><\/b><span class=\"MsoHyperlink\" style=\"color:blue\"><span style=\"text-decoration:underline\"><span style=\"font-size:14.0pt\"><span style=\"text-decoration:none\"><span style=\"text-underline:none\">, 07 de mar&ccedil;o de 2024, 10h00 &agrave;s 11h30, evento presencial, Praia de Botafogo, 190, Rio de Janeiro, RJ. <\/span><\/span><\/span><\/span><\/span><a href=\"https:\/\/evento.fgv.br\/analise-conjuntural_0703\/\" style=\"color:blue; text-decoration:underline\"><span style=\"font-size:14.0pt\">Informa&ccedil;&otilde;es e inscri&ccedil;&otilde;es aqui<\/span><\/a> <\/span><\/span><\/span><\/p>\r\n\r\n<p style=\"text-align:justify\"><span style=\"font-size:11pt\"><span style=\"line-height:normal\"><span style=\"font-family:Calibri,sans-serif\"><b><span style=\"font-size:14.0pt\">AESabesp | Curso: O Mega Desafio Trazido Pela Nova Lei de Licita&ccedil;&otilde;es e Contratos - Lei 14133\/2021<\/span><\/b><span style=\"font-size:14.0pt\">, 11 a 13 de mar&ccedil;o de 2024. 08h &agrave;s 17h, curso presencial. <\/span><a href=\"https:\/\/send.neopixdmi.com\/index.php\/campaigns\/sz055v7jdy85b\/web-version\/mh045xn88n9c0\" style=\"color:blue; text-decoration:underline\"><span style=\"font-size:14.0pt\">Informa&ccedil;&otilde;es aqui<\/span><\/a><\/span><\/span><\/span><\/p>\r\n\r\n<p style=\"text-align:justify\"><span style=\"font-size:11pt\"><span style=\"line-height:normal\"><span style=\"font-family:Calibri,sans-serif\"><b><span style=\"font-size:14.0pt\">GEOAMERICAS 2024, <\/span><\/b><span style=\"font-size:14.0pt\">de 28 de abril a 01 de maio de 2024, em Toronto (Canad&aacute;). <\/span><a href=\"https:\/\/www.geoamericas2024.org\/\" style=\"color:blue; text-decoration:underline\"><span style=\"font-size:14.0pt\">Informa&ccedil;&otilde;es aqui.<\/span><\/a><\/span><\/span><\/span><\/p>\r\n\r\n<p style=\"text-align:justify\"><span style=\"font-size:11pt\"><span style=\"line-height:normal\"><span style=\"font-family:Calibri,sans-serif\"><b><span style=\"font-size:14.0pt\">II Congresso Ibero-Americano de Esteriliza&ccedil;&atilde;o e II Congresso Nacional de Reprocessamento de Dispositivos M&eacute;dicos<\/span><\/b><span style=\"font-size:14.0pt\">, 16 a 18 de maio de 2024, Cartagena, Colombia<b>. <\/b><\/span><a href=\"http:\/\/nascecme.com.br\/ii-congresso-ibero-americano-de-esterilizacao-e-ii-congresso-nacional-de-reprocessamento-de-dispositivos-medicos\/\" style=\"color:blue; text-decoration:underline\"><span lang=\"EN-US\" style=\"font-size:14.0pt\">Informa&ccedil;&otilde;es<\/span><\/a><span lang=\"EN-US\" style=\"font-size:14.0pt\"> <\/span><\/span><\/span><\/span><\/p>\r\n\r\n<p style=\"text-align:justify\"><span style=\"font-size:11pt\"><span style=\"line-height:normal\"><span style=\"font-family:Calibri,sans-serif\"><b><span lang=\"EN-US\" style=\"font-size:14.0pt\">ANEX 2024 | Asia Nonwoven Exhibition and Conference<\/span><\/b><span lang=\"EN-US\" style=\"font-size:14.0pt\">, 22-24 May 2024, Taipei Nangang Exhibition Center, Hall 1. <\/span><a href=\"https:\/\/www.anex2024.com\/\" style=\"color:blue; text-decoration:underline\"><span lang=\"EN-US\" style=\"font-size:14.0pt\">Information here<\/span><\/a> <\/span><\/span><\/span><\/p>\r\n\r\n<p style=\"text-align:justify\"><span style=\"font-size:11pt\"><span style=\"line-height:normal\"><span style=\"font-family:Calibri,sans-serif\"><b><span lang=\"EN-US\" style=\"font-size:14.0pt\">The EDANA Innovation Forum<\/span><\/b><span class=\"MsoHyperlink\" style=\"color:blue\"><span style=\"text-decoration:underline\"><span lang=\"EN-US\" style=\"font-size:14.0pt\"><span style=\"text-decoration:none\"><span style=\"text-underline:none\">, 04 - 06 June 2024, Munich. <\/span><\/span><\/span><\/span><\/span><a href=\"https:\/\/www.edana.org\/events\/edana-innovation-forum-?ct=t(MENA_2018_call_for_papers6_28_2017_COPY_01)&amp;mc_cid=27efeab42f&amp;mc_eid=08e0eae351\" style=\"color:blue; text-decoration:underline\"><span lang=\"EN-US\" style=\"font-size:14.0pt\">Information here<\/span><\/a><\/span><\/span><\/span><\/p>\r\n\r\n<p style=\"text-align:justify\"><span style=\"font-size:11pt\"><span style=\"line-height:normal\"><span style=\"font-family:Calibri,sans-serif\"><b><span lang=\"EN-US\" style=\"font-size:14.0pt\">HIGITEX 2024 | International Technical Textiles &amp; Nonwoven Exhibition<\/span><\/b><span lang=\"EN-US\" style=\"font-size:14.0pt\">, 4-8 June 2024, T&uuml;yap Fair Convention and Congress Center, T&uuml;rkiye. <\/span><a href=\"https:\/\/www.hightex.com.tr\/\" style=\"color:blue; text-decoration:underline\"><span style=\"font-size:14.0pt\">Information here<\/span><\/a> <\/span><\/span><\/span><\/p>\r\n\r\n<p style=\"text-align:justify\"><span style=\"font-size:11pt\"><span style=\"line-height:normal\"><span style=\"font-family:Calibri,sans-serif\"><b><span style=\"font-size:14.0pt\">FEIPLAR COMPOSITES &amp; FEIPUR &ndash; Feira e Congresso Internacionais de Composites, Poliuretano, Pl&aacute;sticos de Engenharia e Compostos Termopl&aacute;sticos<\/span><\/b><span style=\"font-size:14.0pt\">, 20 a 22 de agosto de 2024, S&atilde;o Paulo Expo (Pavilh&atilde;o 5), palestras: das 8h30 &agrave;s 18h, feira: das 13h &agrave;s 20h.<b> <\/b><\/span><a href=\"http:\/\/www.feiplar.com\" style=\"color:blue; text-decoration:underline\"><span style=\"font-size:14.0pt\">www.feiplar.com<\/span><\/a> <\/span><\/span><\/span><\/p>\r\n\r\n<p style=\"text-align:justify\"><span style=\"font-size:11pt\"><span style=\"line-height:normal\"><span style=\"font-family:Calibri,sans-serif\"><b><span style=\"font-size:14.0pt\">Fenasan 2024 &ndash; Feira Nacional de Saneamento e Meio Ambiente<\/span><\/b><span style=\"font-size:14.0pt\">, 22 a 24 de outubro de 2024, Pavilh&otilde;es Verde e Vermelho, Expo Center Norte, S&atilde;o Paulo SP. <\/span><a href=\"http:\/\/www.fenasan.com.br\" style=\"color:blue; text-decoration:underline\"><span style=\"font-size:14.0pt\">www.fenasan.com.br<\/span><\/a> <\/span><\/span><\/span><\/p>\r\n\r\n<p style=\"text-align:justify\"><span style=\"font-size:11pt\"><span style=\"line-height:normal\"><span style=\"font-family:Calibri,sans-serif\"><b><span style=\"font-size:14.0pt\">HospitalMed 2024<\/span><\/b><span style=\"font-size:14.0pt\">, 23 a 25 de outubro, das 14h &agrave;s 20h, no Pernambuco Centro de Conven&ccedil;&otilde;es. <\/span><a href=\"http:\/\/www.hospitalmed.com.br\" style=\"color:blue; text-decoration:underline\"><span lang=\"EN-US\" style=\"font-size:14.0pt\">www.hospitalmed.com.br<\/span><\/a> <\/span><\/span><\/span><\/p>\r\n\r\n<p style=\"text-align:justify\"><span style=\"font-size:28pt\"><span style=\"font-family:Cambria,serif\"><span style=\"letter-spacing:-0.5pt\"><b><span lang=\"EN-US\" style=\"font-size:18.0pt\"><span style=\"font-family:&quot;Calibri&quot;,sans-serif\"><span style=\"font-variant:small-caps\">Setor<\/span><\/span><\/span><\/b><\/span><\/span><\/span><\/p>\r\n\r\n<p style=\"text-align:justify\"><span style=\"font-size:11pt\"><span style=\"line-height:normal\"><span style=\"font-family:Calibri,sans-serif\"><a href=\"https:\/\/www.nonwovens-industry.com\/contents\/view_features\/2024-02-02\/recycling-report?utm_campaign=NON+Issue+Alert&amp;utm_medium=email&amp;_hsmi=293155894&amp;_hsenc=p2ANqtz-_9Eki1TJK-TjFehQA5-8-fnmI2zvURgz67lCpsqI7nXmSW86bCi_a7tQIAXKFufQUpJKv7Mc0l8QGVNeS9xPjeAeb3Iw&amp;utm_content=293155894&amp;utm_source=hs_email\" style=\"color:blue; text-decoration:underline\"><span lang=\"EN-US\" style=\"font-size:14.0pt\">Recycling Report<\/span><\/a><\/span><\/span><\/span><\/p>\r\n\r\n<p style=\"text-align:justify\"><span style=\"font-size:11pt\"><span style=\"line-height:normal\"><span style=\"font-family:Calibri,sans-serif\"><a href=\"https:\/\/www.nonwovens-industry.com\/contents\/view_features\/2024-02-02\/spunlace-nonwovens-report?utm_campaign=NON+Issue+Alert&amp;utm_medium=email&amp;_hsmi=293155894&amp;_hsenc=p2ANqtz-_9vM4gvtAIpXRVJkWf4HXFYLDlEOgjJnhkHuDLK2cPSZxH9aakznb6UbpOkd15n95nKPfDeyUKTZSc_H9rmzS2IcqzfA&amp;utm_content=293155894&amp;utm_source=hs_email\" style=\"color:blue; text-decoration:underline\"><span lang=\"EN-US\" style=\"font-size:14.0pt\">Spunlace Nonwovens Report<\/span><\/a><\/span><\/span><\/span><\/p>\r\n\r\n<p style=\"text-align:justify\"><span style=\"font-size:11pt\"><span style=\"line-height:normal\"><span style=\"font-family:Calibri,sans-serif\"><a href=\"https:\/\/www.nonwovens-industry.com\/contents\/view_features\/2024-02-02\/personal-care-wipes-still-shine?utm_campaign=NON+Issue+Alert&amp;utm_medium=email&amp;_hsmi=293155894&amp;_hsenc=p2ANqtz-_J0YlxcJLGFkS6XLIS-UnrRdnWfVlvK1rJP49wxY6NlSFMsttKDcBaKsxb6IcFnz1UyQwhV4-BvyOlt4HdCGqkNyojww&amp;utm_content=293155894&amp;utm_source=hs_email\" style=\"color:blue; text-decoration:underline\"><span lang=\"EN-US\" style=\"font-size:14.0pt\">Personal Care Wipes Still Shine<\/span><\/a><\/span><\/span><\/span><\/p>\r\n\r\n<p style=\"text-align:justify\"><span style=\"font-size:11pt\"><span style=\"line-height:normal\"><span style=\"font-family:Calibri,sans-serif\"><a href=\"https:\/\/news.sky.com\/story\/no-wet-wipes-should-be-flushed-down-the-loo-after-all-water-industry-says-13071454\" style=\"color:blue; text-decoration:underline\"><span lang=\"EN-US\" style=\"font-size:14.0pt\">No wet wipes should be flushed down the loo after all, water industry says<\/span><\/a><\/span><\/span><\/span><\/p>\r\n\r\n<p style=\"text-align:justify\"><span style=\"font-size:11pt\"><span style=\"line-height:normal\"><span style=\"font-family:Calibri,sans-serif\"><a href=\"https:\/\/epbr.com.br\/no-oriente-medio-presidente-da-petrobras-trata-de-aquisicao-da-braskem-e-de-refinaria-privatizada-na-bahia\/?utm_source=newsletters+epbr&amp;utm_campaign=96ada1b753-epbr-comece-seu-dia_20230724_COPY_01&amp;utm_medium=email&amp;utm_term=0_5931171aac-96ada1b753-466362780\" style=\"color:blue; text-decoration:underline\"><span style=\"font-size:14.0pt\">No Oriente M&eacute;dio, presidente da Petrobras trata de aquisi&ccedil;&atilde;o da Braskem e de refinaria privatizada na Bahia<\/span><\/a><\/span><\/span><\/span><\/p>\r\n\r\n<p style=\"text-align:justify\"><span style=\"font-size:28pt\"><span style=\"font-family:Cambria,serif\"><span style=\"letter-spacing:-0.5pt\"><b><span style=\"font-size:18.0pt\"><span style=\"font-family:&quot;Calibri&quot;,sans-serif\"><span style=\"font-variant:small-caps\">Ind&uacute;stria<\/span><\/span><\/span><\/b><\/span><\/span><\/span><\/p>\r\n\r\n<p style=\"text-align:justify\"><span style=\"font-size:11pt\"><span style=\"line-height:normal\"><span style=\"font-family:Calibri,sans-serif\"><a href=\"https:\/\/noticias.portaldaindustria.com.br\/noticias\/economia\/confianca-do-empresario-industrial-recua-05-ponto-em-fevereiro-aponta-cni\/\" style=\"color:blue; text-decoration:underline\"><span style=\"font-size:14.0pt\">Confian&ccedil;a do empres&aacute;rio industrial recua 0,5 ponto em fevereiro, aponta CNI<\/span><\/a><\/span><\/span><\/span><\/p>\r\n\r\n<p style=\"text-align:justify\"><span style=\"font-size:11pt\"><span style=\"line-height:normal\"><span style=\"font-family:Calibri,sans-serif\"><a href=\"https:\/\/neofeed.com.br\/economia\/produtividade-um-desastre-brasileiro-e-sem-perspectiva-de-melhorar\/\" style=\"color:blue; text-decoration:underline\"><span style=\"font-size:14.0pt\">Produtividade: um desastre brasileiro (e sem perspectiva de melhorar)<\/span><\/a><\/span><\/span><\/span><\/p>\r\n\r\n<p style=\"text-align:justify\"><span style=\"font-size:11pt\"><span style=\"line-height:normal\"><span style=\"font-family:Calibri,sans-serif\"><a href=\"https:\/\/www.correiobraziliense.com.br\/opiniao\/2024\/02\/6804140-perspectivas-para-a-industria-quimica-brasileira-em-2024.html\" style=\"color:blue; text-decoration:underline\"><span style=\"font-size:14.0pt\">Perspectivas para a ind&uacute;stria qu&iacute;mica brasileira em 2024<\/span><\/a><\/span><\/span><\/span><\/p>\r\n\r\n<p style=\"text-align:justify\"><span style=\"font-size:11pt\"><span style=\"line-height:normal\"><span style=\"font-family:Calibri,sans-serif\"><a href=\"https:\/\/anba.com.br\/exportacao-de-veiculos-do-brasil-caiu-43\/\" style=\"color:blue; text-decoration:underline\"><span style=\"font-size:14.0pt\">Exporta&ccedil;&atilde;o de ve&iacute;culos do Brasil caiu 43%<\/span><\/a><\/span><\/span><\/span><\/p>\r\n\r\n<p style=\"text-align:justify\"><span style=\"font-size:11pt\"><span style=\"line-height:normal\"><span style=\"font-family:Calibri,sans-serif\"><a href=\"https:\/\/www.band.uol.com.br\/noticias\/jornal-da-band\/videos\/construcao-civil-e-um-dos-setores-que-mais-emprega-no-brasil-17200829\" style=\"color:blue; text-decoration:underline\"><span style=\"font-size:14.0pt\">Constru&ccedil;&atilde;o civil &eacute; um dos setores que mais emprega no Brasil<\/span><\/a><\/span><\/span><\/span><\/p>\r\n\r\n<p style=\"text-align:justify\"><span style=\"font-size:11pt\"><span style=\"line-height:normal\"><span style=\"font-family:Calibri,sans-serif\"><a href=\"https:\/\/grandesconstrucoes.com.br\/Noticias\/Exibir\/especialistas-apontam-as-principais-tendencias-para-a-construcao-civil-em-2024?utm_source=akna&amp;utm_medium=email&amp;utm_campaign=Grandes-Construcoes-Informativo-899-15-02-2024&amp;utm_source=akna&amp;utm_medium=email&amp;utm_campaign=Grandes-Construcoes-Informativo-899-15-02-2024\" style=\"color:blue; text-decoration:underline\"><span style=\"font-size:14.0pt\">Especialistas apontam as principais tend&ecirc;ncias para a constru&ccedil;&atilde;o civil em 2024<\/span><\/a><\/span><\/span><\/span><\/p>\r\n\r\n<p style=\"text-align:justify\"><span style=\"font-size:28pt\"><span style=\"font-family:Cambria,serif\"><span style=\"letter-spacing:-0.5pt\"><b><span lang=\"EN-US\" style=\"font-size:18.0pt\"><span style=\"font-family:&quot;Calibri&quot;,sans-serif\"><span style=\"font-variant:small-caps\">Sustentabilidade<\/span><\/span><\/span><\/b><\/span><\/span><\/span><\/p>\r\n\r\n<p style=\"text-align:justify\"><span style=\"font-size:11pt\"><span style=\"line-height:normal\"><span style=\"font-family:Calibri,sans-serif\"><a href=\"https:\/\/phys.org\/news\/2024-02-california-war-plastic-bag-backfired.html?utm_source=nwletter&amp;utm_medium=email&amp;utm_campaign=daily-nwletter\" style=\"color:blue; text-decoration:underline\"><span lang=\"EN-US\" style=\"font-size:14.0pt\">California&#39;s war on plastic bag use seems to have backfired: Lawmakers are trying again<\/span><\/a><\/span><\/span><\/span><\/p>\r\n\r\n<p style=\"text-align:justify\"><span style=\"font-size:11pt\"><span style=\"line-height:normal\"><span style=\"font-family:Calibri,sans-serif\"><a href=\"https:\/\/textileindustry.ning.com\/forum\/topics\/investigadores-desenvolvem-tecnologia-para-reduzir-polui-o-da-ind\" style=\"color:blue; text-decoration:underline\"><span style=\"font-size:14.0pt\">Investigadores desenvolvem tecnologia para reduzir polui&ccedil;&atilde;o da ind&uacute;stria t&ecirc;xtil<\/span><\/a><\/span><\/span><\/span><\/p>\r\n\r\n<p style=\"text-align:justify\"><span style=\"font-size:11pt\"><span style=\"line-height:normal\"><span style=\"font-family:Calibri,sans-serif\"><a href=\"https:\/\/www.terra.com.br\/planeta\/noticias\/industria-do-plastico-engana-publico-sobre-reciclagem-ha-mais-de-30-anos-revela-estudo,2313d0e6df3e17143e6783a40d360033os32ciht.html\" style=\"color:blue; text-decoration:underline\"><span style=\"font-size:14.0pt\">Ind&uacute;stria do pl&aacute;stico engana p&uacute;blico sobre reciclagem h&aacute; mais de 30 anos, revela estudo<\/span><\/a><\/span><\/span><\/span><\/p>\r\n\r\n<p style=\"text-align:justify\"><span style=\"font-size:11pt\"><span style=\"line-height:normal\"><span style=\"font-family:Calibri,sans-serif\"><a href=\"https:\/\/www12.senado.leg.br\/radio\/1\/noticia\/2024\/02\/16\/cae-pode-votar-politica-nacional-de-economia-circular\" style=\"color:blue; text-decoration:underline\"><span style=\"font-size:14.0pt\">Comiss&atilde;o de Assuntos Econ&ocirc;micos (CAE) pode votar Pol&iacute;tica Nacional de Economia Circular<\/span><\/a><\/span><\/span><\/span><\/p>\r\n\r\n<p style=\"text-align:justify\"><span style=\"font-size:11pt\"><span style=\"line-height:normal\"><span style=\"font-family:Calibri,sans-serif\"><a href=\"https:\/\/www12.senado.leg.br\/radio\/1\/noticia\/2024\/02\/16\/escolas-e-creches-publicas-podem-ter-prioridade-na-implantacao-de-saneamento-basico\" style=\"color:blue; text-decoration:underline\"><span style=\"font-size:14.0pt\">Escolas e creches p&uacute;blicas podem ter prioridade na implanta&ccedil;&atilde;o de saneamento b&aacute;sico<\/span><\/a><\/span><\/span><\/span><\/p>\r\n\r\n<p style=\"text-align:justify\"><span style=\"font-size:28pt\"><span style=\"font-family:Cambria,serif\"><span style=\"letter-spacing:-0.5pt\"><b><span style=\"font-size:18.0pt\"><span style=\"font-family:&quot;Calibri&quot;,sans-serif\"><span style=\"font-variant:small-caps\">Inova&ccedil;&atilde;o<\/span><\/span><\/span><\/b><\/span><\/span><\/span><\/p>\r\n\r\n<p style=\"text-align:justify\"><span style=\"font-size:11pt\"><span style=\"line-height:normal\"><span style=\"font-family:Calibri,sans-serif\"><a href=\"https:\/\/jornal.usp.br\/radio-usp\/nova-industria-brasil-causa-discordancia-entre-economistas-e-especialistas-em-inovacao-tecnologica\/\" style=\"color:blue; text-decoration:underline\"><span style=\"font-size:14.0pt\">Nova Ind&uacute;stria Brasil causa discord&acirc;ncia entre economistas e especialistas em inova&ccedil;&atilde;o tecnol&oacute;gica<\/span><\/a><\/span><\/span><\/span><\/p>\r\n\r\n<p style=\"text-align:justify\"><span style=\"font-size:28pt\"><span style=\"font-family:Cambria,serif\"><span style=\"letter-spacing:-0.5pt\"><b><span style=\"font-size:18.0pt\"><span style=\"font-family:&quot;Calibri&quot;,sans-serif\"><span style=\"font-variant:small-caps\">Com&eacute;rcio Exterior<\/span><\/span><\/span><\/b><\/span><\/span><\/span><\/p>\r\n\r\n<p style=\"text-align:justify\"><span style=\"font-size:11pt\"><span style=\"line-height:normal\"><span style=\"font-family:Calibri,sans-serif\"><a href=\"https:\/\/comexdobrasil.com\/diretor-da-abit-classifica-como-injustica-absurda-nao-taxacao-das-importacoes-ate-us-50\/\" style=\"color:blue; text-decoration:underline\"><span style=\"font-size:14.0pt\">Diretor da Abit classifica como &ldquo;injusti&ccedil;a absurda&rdquo; n&atilde;o taxa&ccedil;&atilde;o das importa&ccedil;&otilde;es at&eacute; US$ 50<\/span><\/a><\/span><\/span><\/span><\/p>\r\n\r\n<p style=\"text-align:justify\"><span style=\"font-size:11pt\"><span style=\"line-height:normal\"><span style=\"font-family:Calibri,sans-serif\"><a href=\"https:\/\/anba.com.br\/lula-anuncia-acordos-com-egito-em-visita-oficial\/\" style=\"color:blue; text-decoration:underline\"><span style=\"font-size:14.0pt\">Lula anuncia acordos com Egito em visita oficial<\/span><\/a><\/span><\/span><\/span><\/p>\r\n\r\n<p style=\"text-align:justify\"><span style=\"font-size:28pt\"><span style=\"font-family:Cambria,serif\"><span style=\"letter-spacing:-0.5pt\"><b><span style=\"font-size:18.0pt\"><span style=\"font-family:&quot;Calibri&quot;,sans-serif\"><span style=\"font-variant:small-caps\">Economia<\/span><\/span><\/span><\/b><\/span><\/span><\/span><\/p>\r\n\r\n<p style=\"text-align:justify\"><span style=\"font-size:11pt\"><span style=\"line-height:normal\"><span style=\"font-family:Calibri,sans-serif\"><span style=\"font-size:14.0pt\"><a href=\"https:\/\/agenciabrasil.ebc.com.br\/economia\/noticia\/2024-02\/bc-atividade-economica-tem-alta-de-245-em-2023\" style=\"color:blue; text-decoration:underline\">BC: atividade econ&ocirc;mica tem alta de 2,45% em 2023<\/a><\/span><\/span><\/span><\/span><\/p>\r\n\r\n<p style=\"text-align:justify\"><span style=\"font-size:11pt\"><span style=\"line-height:normal\"><span style=\"font-family:Calibri,sans-serif\"><a href=\"https:\/\/portalibre.fgv.br\/system\/files\/2024-02\/monitor-do-pib-fgv-fevereiro-de-2024-ref.-de-dezembro_0.pdf\" style=\"color:blue; text-decoration:underline\"><span style=\"font-size:14.0pt\">Monitor do PIB-FGV aponta crescimento de 3,0% da atividade econ&ocirc;mica em 2023<\/span><\/a><\/span><\/span><\/span><\/p>\r\n\r\n<p style=\"text-align:justify\"><span style=\"font-size:11pt\"><span style=\"line-height:normal\"><span style=\"font-family:Calibri,sans-serif\"><a href=\"https:\/\/revistaoeste.com\/economia\/mercado-projeta-aumento-da-inflacao-em-2024\/\" style=\"color:blue; text-decoration:underline\"><span style=\"font-size:14.0pt\">Mercado projeta aumento da infla&ccedil;&atilde;o em 2024<\/span><\/a><\/span><\/span><\/span><\/p>\r\n\r\n<p style=\"text-align:justify\"><span style=\"font-size:11pt\"><span style=\"line-height:normal\"><span style=\"font-family:Calibri,sans-serif\"><a href=\"https:\/\/noticias.portaldaindustria.com.br\/noticias\/economia\/indicadores-mostram-melhora-no-mercado-de-trabalho-industrial-em-2023\/\" style=\"color:blue; text-decoration:underline\"><span style=\"font-size:14.0pt\">Economia: Indicadores mostram melhora no mercado de trabalho industrial em 2023<\/span><\/a><\/span><\/span><\/span><\/p>\r\n\r\n<p style=\"text-align:justify\">&nbsp;<\/p>\r\n\r\n<p style=\"text-align:justify\"><a href=\"https:\/\/blogdoibre.fgv.br\/posts\/um-breve-balanco-da-politica-fiscal-em-2023-e-os-principais-desafios-de-2024\"><img src=\"https:\/\/www.abint.org.br\/assets\/img\/editor\/redes-sociais-abint-ctg-cth_20240215152644JUUuSvIbFE.jpg\" \/><\/a><\/p>\r\n","6":"<p>Esta &eacute; uma compila&ccedil;&atilde;o das not&iacute;cias mais relevantes para o setor, incluindo informa&ccedil;&otilde;es sobre acordos internacionais, economia brasileira, sustentabilidade e mat&eacute;rias primas, al&eacute;m de novidades do setor de N&atilde;otecidos e Tecidos T&eacute;cnicos.<\/p>\r\n\r\n<p><b>O que vem por a&iacute;<\/b><\/p>\r\n\r\n<p><img src=\"https:\/\/www.abint.org.br\/assets\/img\/editor\/original_20240215151923oVSyiGIxAc.png\" style=\"width: 300px; height: 69px;\" \/><\/p>\r\n\r\n<p><img src=\"https:\/\/www.abint.org.br\/assets\/img\/editor\/post-quadrado-curso-naotecido_20240215152003687Upz2gzW.jpg\" style=\"width: 500px; height: 500px;\" \/><\/p>\r\n\r\n<p><a href=\"https:\/\/forms.office.com\/r\/5DrqtK5n3Y\">Informa&ccedil;&otilde;es e inscri&ccedil;&otilde;es<\/a><\/p>\r\n\r\n<p>&nbsp;<\/p>\r\n\r\n<p><img src=\"https:\/\/www.abint.org.br\/assets\/img\/editor\/logo-ctg-abint-png_202402151521306Rn6Nbr0Lz.png\" style=\"width: 300px; height: 55px;\" \/><\/p>\r\n\r\n<p><img src=\"https:\/\/www.abint.org.br\/assets\/img\/editor\/20240221-live-ctg-instagram-fernando-e-samira_20240215152245WkAZfw3PEj.jpeg\" style=\"width: 500px; height: 500px;\" \/><\/p>\r\n\r\n<p style=\"text-align:justify\">&nbsp;<\/p>\r\n\r\n<p style=\"text-align:justify\"><span style=\"font-size:11pt\"><span style=\"line-height:normal\"><span style=\"font-family:Calibri,sans-serif\"><b><span style=\"font-size:18.0pt\"><span style=\"font-variant:small-caps\">Eventos<\/span><\/span><\/b><\/span><\/span><\/span><\/p>\r\n\r\n<p style=\"text-align:justify\"><span style=\"font-size:11pt\"><span style=\"line-height:normal\"><span style=\"font-family:Calibri,sans-serif\"><b><span style=\"font-size:14.0pt\">APEX | Plano de Neg&oacute;cios Internacionais<\/span><\/b><span class=\"MsoHyperlink\" style=\"color:blue\"><span style=\"text-decoration:underline\"><span style=\"font-size:14.0pt\"><span style=\"text-decoration:none\"><span style=\"text-underline:none\">, 22 de fevereiro de 2024, 8h30 &agrave;s 12h30, evento online. <\/span><\/span><\/span><\/span><\/span><a href=\"https:\/\/7bd46367464f42938043bc2d987cb33f.marketingusercontent.com\/m\/view\/TV2ksxbiAjMcwcJr4Aa2k8EEL06Na620nVfxlGzJvY0x#msdynttrid=rLIcOvoJDgArL1GsoAdM0j50eBcHF-PxQDcWMGnIAXk\" style=\"color:blue; text-decoration:underline\"><span style=\"font-size:14.0pt\">Informa&ccedil;&otilde;es aqui<\/span><\/a> <\/span><\/span><\/span><\/p>\r\n\r\n<p style=\"text-align:justify\"><span style=\"font-size:11pt\"><span style=\"line-height:normal\"><span style=\"font-family:Calibri,sans-serif\"><b><span style=\"font-size:14.0pt\">FGV IBRE | Webinar: A Nova Pol&iacute;tica Industrial: Erros e Acertos<\/span><\/b><span class=\"MsoHyperlink\" style=\"color:blue\"><span style=\"text-decoration:underline\"><span style=\"font-size:14.0pt\"><span style=\"text-decoration:none\"><span style=\"text-underline:none\">, 28 de fevereiro de 2024, 10h00 &agrave;s 11h30, transmiss&atilde;o via YouTube FGV. <\/span><\/span><\/span><\/span><\/span><a href=\"https:\/\/evento.fgv.br\/politica-industrial_2802\/\" style=\"color:blue; text-decoration:underline\"><span style=\"font-size:14.0pt\">Informa&ccedil;&otilde;es e inscri&ccedil;&otilde;es<\/span><\/a> <\/span><\/span><\/span><\/p>\r\n\r\n<p style=\"text-align:justify\"><span style=\"font-size:11pt\"><span style=\"line-height:normal\"><span style=\"font-family:Calibri,sans-serif\"><b><span style=\"font-size:14.0pt\">Workshop Texbrasil | Os desafios da agenda comercial com a Argentina<\/span><\/b><span style=\"font-size:14.0pt\">, 28 de fevereiro, 10h00 &agrave;s 12h00, online via Teams. <\/span><a href=\"https:\/\/produtos.abit.org.br\/prod\/7016fb7e-c5c1-43d0-9178-a59061632ccc?utm_campaign=texbrasil_workshop_argentina_-_e-mail_1&amp;utm_medium=email&amp;utm_source=RD+Station\" style=\"color:blue; text-decoration:underline\"><span style=\"font-size:14.0pt\">Inscri&ccedil;&otilde;es aqui<\/span><\/a><span style=\"font-size:14.0pt\"> <\/span><\/span><\/span><\/span><\/p>\r\n\r\n<p style=\"text-align:justify\"><span style=\"font-size:11pt\"><span style=\"line-height:normal\"><span style=\"font-family:Calibri,sans-serif\"><b><span style=\"font-size:14.0pt\">AESabesp | Introdu&ccedil;&atilde;o ao ESG no setor de saneamento<\/span><\/b><span class=\"MsoHyperlink\" style=\"color:blue\"><span style=\"text-decoration:underline\"><span style=\"font-size:14.0pt\"><span style=\"text-decoration:none\"><span style=\"text-underline:none\">, 19 e 20 de fevereiro de 2024, 14h00 &agrave;s 17h00, online. <\/span><\/span><\/span><\/span><\/span><a href=\"https:\/\/send.neopixdmi.com\/index.php\/campaigns\/wf43090wld81e\/web-version\/mh045xn88n9c0\" style=\"color:blue; text-decoration:underline\"><span style=\"font-size:14.0pt\">Informa&ccedil;&otilde;es aqui<\/span><\/a> <\/span><\/span><\/span><\/p>\r\n\r\n<p style=\"text-align:justify\"><span style=\"font-size:11pt\"><span style=\"line-height:normal\"><span style=\"font-family:Calibri,sans-serif\"><b><span style=\"font-size:14.0pt\">FGV IBRE | I Semin&aacute;rio de An&aacute;lise Conjuntural<\/span><\/b><span class=\"MsoHyperlink\" style=\"color:blue\"><span style=\"text-decoration:underline\"><span style=\"font-size:14.0pt\"><span style=\"text-decoration:none\"><span style=\"text-underline:none\">, 07 de mar&ccedil;o de 2024, 10h00 &agrave;s 11h30, evento presencial, Praia de Botafogo, 190, Rio de Janeiro, RJ. <\/span><\/span><\/span><\/span><\/span><a href=\"https:\/\/evento.fgv.br\/analise-conjuntural_0703\/\" style=\"color:blue; text-decoration:underline\"><span style=\"font-size:14.0pt\">Informa&ccedil;&otilde;es e inscri&ccedil;&otilde;es aqui<\/span><\/a> <\/span><\/span><\/span><\/p>\r\n\r\n<p style=\"text-align:justify\"><span style=\"font-size:11pt\"><span style=\"line-height:normal\"><span style=\"font-family:Calibri,sans-serif\"><b><span style=\"font-size:14.0pt\">AESabesp | Curso: O Mega Desafio Trazido Pela Nova Lei de Licita&ccedil;&otilde;es e Contratos - Lei 14133\/2021<\/span><\/b><span style=\"font-size:14.0pt\">, 11 a 13 de mar&ccedil;o de 2024. 08h &agrave;s 17h, curso presencial. <\/span><a href=\"https:\/\/send.neopixdmi.com\/index.php\/campaigns\/sz055v7jdy85b\/web-version\/mh045xn88n9c0\" style=\"color:blue; text-decoration:underline\"><span style=\"font-size:14.0pt\">Informa&ccedil;&otilde;es aqui<\/span><\/a><\/span><\/span><\/span><\/p>\r\n\r\n<p style=\"text-align:justify\"><span style=\"font-size:11pt\"><span style=\"line-height:normal\"><span style=\"font-family:Calibri,sans-serif\"><b><span style=\"font-size:14.0pt\">GEOAMERICAS 2024, <\/span><\/b><span style=\"font-size:14.0pt\">de 28 de abril a 01 de maio de 2024, em Toronto (Canad&aacute;). <\/span><a href=\"https:\/\/www.geoamericas2024.org\/\" style=\"color:blue; text-decoration:underline\"><span style=\"font-size:14.0pt\">Informa&ccedil;&otilde;es aqui.<\/span><\/a><\/span><\/span><\/span><\/p>\r\n\r\n<p style=\"text-align:justify\"><span style=\"font-size:11pt\"><span style=\"line-height:normal\"><span style=\"font-family:Calibri,sans-serif\"><b><span style=\"font-size:14.0pt\">II Congresso Ibero-Americano de Esteriliza&ccedil;&atilde;o e II Congresso Nacional de Reprocessamento de Dispositivos M&eacute;dicos<\/span><\/b><span style=\"font-size:14.0pt\">, 16 a 18 de maio de 2024, Cartagena, Colombia<b>. <\/b><\/span><a href=\"http:\/\/nascecme.com.br\/ii-congresso-ibero-americano-de-esterilizacao-e-ii-congresso-nacional-de-reprocessamento-de-dispositivos-medicos\/\" style=\"color:blue; text-decoration:underline\"><span lang=\"EN-US\" style=\"font-size:14.0pt\">Informa&ccedil;&otilde;es<\/span><\/a><span lang=\"EN-US\" style=\"font-size:14.0pt\"> <\/span><\/span><\/span><\/span><\/p>\r\n\r\n<p style=\"text-align:justify\"><span style=\"font-size:11pt\"><span style=\"line-height:normal\"><span style=\"font-family:Calibri,sans-serif\"><b><span lang=\"EN-US\" style=\"font-size:14.0pt\">ANEX 2024 | Asia Nonwoven Exhibition and Conference<\/span><\/b><span lang=\"EN-US\" style=\"font-size:14.0pt\">, 22-24 May 2024, Taipei Nangang Exhibition Center, Hall 1. <\/span><a href=\"https:\/\/www.anex2024.com\/\" style=\"color:blue; text-decoration:underline\"><span lang=\"EN-US\" style=\"font-size:14.0pt\">Information here<\/span><\/a> <\/span><\/span><\/span><\/p>\r\n\r\n<p style=\"text-align:justify\"><span style=\"font-size:11pt\"><span style=\"line-height:normal\"><span style=\"font-family:Calibri,sans-serif\"><b><span lang=\"EN-US\" style=\"font-size:14.0pt\">The EDANA Innovation Forum<\/span><\/b><span class=\"MsoHyperlink\" style=\"color:blue\"><span style=\"text-decoration:underline\"><span lang=\"EN-US\" style=\"font-size:14.0pt\"><span style=\"text-decoration:none\"><span style=\"text-underline:none\">, 04 - 06 June 2024, Munich. <\/span><\/span><\/span><\/span><\/span><a href=\"https:\/\/www.edana.org\/events\/edana-innovation-forum-?ct=t(MENA_2018_call_for_papers6_28_2017_COPY_01)&amp;mc_cid=27efeab42f&amp;mc_eid=08e0eae351\" style=\"color:blue; text-decoration:underline\"><span lang=\"EN-US\" style=\"font-size:14.0pt\">Information here<\/span><\/a><\/span><\/span><\/span><\/p>\r\n\r\n<p style=\"text-align:justify\"><span style=\"font-size:11pt\"><span style=\"line-height:normal\"><span style=\"font-family:Calibri,sans-serif\"><b><span lang=\"EN-US\" style=\"font-size:14.0pt\">HIGITEX 2024 | International Technical Textiles &amp; Nonwoven Exhibition<\/span><\/b><span lang=\"EN-US\" style=\"font-size:14.0pt\">, 4-8 June 2024, T&uuml;yap Fair Convention and Congress Center, T&uuml;rkiye. <\/span><a href=\"https:\/\/www.hightex.com.tr\/\" style=\"color:blue; text-decoration:underline\"><span style=\"font-size:14.0pt\">Information here<\/span><\/a> <\/span><\/span><\/span><\/p>\r\n\r\n<p style=\"text-align:justify\"><span style=\"font-size:11pt\"><span style=\"line-height:normal\"><span style=\"font-family:Calibri,sans-serif\"><b><span style=\"font-size:14.0pt\">FEIPLAR COMPOSITES &amp; FEIPUR &ndash; Feira e Congresso Internacionais de Composites, Poliuretano, Pl&aacute;sticos de Engenharia e Compostos Termopl&aacute;sticos<\/span><\/b><span style=\"font-size:14.0pt\">, 20 a 22 de agosto de 2024, S&atilde;o Paulo Expo (Pavilh&atilde;o 5), palestras: das 8h30 &agrave;s 18h, feira: das 13h &agrave;s 20h.<b> <\/b><\/span><a href=\"http:\/\/www.feiplar.com\" style=\"color:blue; text-decoration:underline\"><span style=\"font-size:14.0pt\">www.feiplar.com<\/span><\/a> <\/span><\/span><\/span><\/p>\r\n\r\n<p style=\"text-align:justify\"><span style=\"font-size:11pt\"><span style=\"line-height:normal\"><span style=\"font-family:Calibri,sans-serif\"><b><span style=\"font-size:14.0pt\">Fenasan 2024 &ndash; Feira Nacional de Saneamento e Meio Ambiente<\/span><\/b><span style=\"font-size:14.0pt\">, 22 a 24 de outubro de 2024, Pavilh&otilde;es Verde e Vermelho, Expo Center Norte, S&atilde;o Paulo SP. <\/span><a href=\"http:\/\/www.fenasan.com.br\" style=\"color:blue; text-decoration:underline\"><span style=\"font-size:14.0pt\">www.fenasan.com.br<\/span><\/a> <\/span><\/span><\/span><\/p>\r\n\r\n<p style=\"text-align:justify\"><span style=\"font-size:11pt\"><span style=\"line-height:normal\"><span style=\"font-family:Calibri,sans-serif\"><b><span style=\"font-size:14.0pt\">HospitalMed 2024<\/span><\/b><span style=\"font-size:14.0pt\">, 23 a 25 de outubro, das 14h &agrave;s 20h, no Pernambuco Centro de Conven&ccedil;&otilde;es. <\/span><a href=\"http:\/\/www.hospitalmed.com.br\" style=\"color:blue; text-decoration:underline\"><span lang=\"EN-US\" style=\"font-size:14.0pt\">www.hospitalmed.com.br<\/span><\/a> <\/span><\/span><\/span><\/p>\r\n\r\n<p style=\"text-align:justify\"><span style=\"font-size:28pt\"><span style=\"font-family:Cambria,serif\"><span style=\"letter-spacing:-0.5pt\"><b><span lang=\"EN-US\" style=\"font-size:18.0pt\"><span style=\"font-family:&quot;Calibri&quot;,sans-serif\"><span style=\"font-variant:small-caps\">Setor<\/span><\/span><\/span><\/b><\/span><\/span><\/span><\/p>\r\n\r\n<p style=\"text-align:justify\"><span style=\"font-size:11pt\"><span style=\"line-height:normal\"><span style=\"font-family:Calibri,sans-serif\"><a href=\"https:\/\/www.nonwovens-industry.com\/contents\/view_features\/2024-02-02\/recycling-report?utm_campaign=NON+Issue+Alert&amp;utm_medium=email&amp;_hsmi=293155894&amp;_hsenc=p2ANqtz-_9Eki1TJK-TjFehQA5-8-fnmI2zvURgz67lCpsqI7nXmSW86bCi_a7tQIAXKFufQUpJKv7Mc0l8QGVNeS9xPjeAeb3Iw&amp;utm_content=293155894&amp;utm_source=hs_email\" style=\"color:blue; text-decoration:underline\"><span lang=\"EN-US\" style=\"font-size:14.0pt\">Recycling Report<\/span><\/a><\/span><\/span><\/span><\/p>\r\n\r\n<p style=\"text-align:justify\"><span style=\"font-size:11pt\"><span style=\"line-height:normal\"><span style=\"font-family:Calibri,sans-serif\"><a href=\"https:\/\/www.nonwovens-industry.com\/contents\/view_features\/2024-02-02\/spunlace-nonwovens-report?utm_campaign=NON+Issue+Alert&amp;utm_medium=email&amp;_hsmi=293155894&amp;_hsenc=p2ANqtz-_9vM4gvtAIpXRVJkWf4HXFYLDlEOgjJnhkHuDLK2cPSZxH9aakznb6UbpOkd15n95nKPfDeyUKTZSc_H9rmzS2IcqzfA&amp;utm_content=293155894&amp;utm_source=hs_email\" style=\"color:blue; text-decoration:underline\"><span lang=\"EN-US\" style=\"font-size:14.0pt\">Spunlace Nonwovens Report<\/span><\/a><\/span><\/span><\/span><\/p>\r\n\r\n<p style=\"text-align:justify\"><span style=\"font-size:11pt\"><span style=\"line-height:normal\"><span style=\"font-family:Calibri,sans-serif\"><a href=\"https:\/\/www.nonwovens-industry.com\/contents\/view_features\/2024-02-02\/personal-care-wipes-still-shine?utm_campaign=NON+Issue+Alert&amp;utm_medium=email&amp;_hsmi=293155894&amp;_hsenc=p2ANqtz-_J0YlxcJLGFkS6XLIS-UnrRdnWfVlvK1rJP49wxY6NlSFMsttKDcBaKsxb6IcFnz1UyQwhV4-BvyOlt4HdCGqkNyojww&amp;utm_content=293155894&amp;utm_source=hs_email\" style=\"color:blue; text-decoration:underline\"><span lang=\"EN-US\" style=\"font-size:14.0pt\">Personal Care Wipes Still Shine<\/span><\/a><\/span><\/span><\/span><\/p>\r\n\r\n<p style=\"text-align:justify\"><span style=\"font-size:11pt\"><span style=\"line-height:normal\"><span style=\"font-family:Calibri,sans-serif\"><a href=\"https:\/\/news.sky.com\/story\/no-wet-wipes-should-be-flushed-down-the-loo-after-all-water-industry-says-13071454\" style=\"color:blue; text-decoration:underline\"><span lang=\"EN-US\" style=\"font-size:14.0pt\">No wet wipes should be flushed down the loo after all, water industry says<\/span><\/a><\/span><\/span><\/span><\/p>\r\n\r\n<p style=\"text-align:justify\"><span style=\"font-size:11pt\"><span style=\"line-height:normal\"><span style=\"font-family:Calibri,sans-serif\"><a href=\"https:\/\/epbr.com.br\/no-oriente-medio-presidente-da-petrobras-trata-de-aquisicao-da-braskem-e-de-refinaria-privatizada-na-bahia\/?utm_source=newsletters+epbr&amp;utm_campaign=96ada1b753-epbr-comece-seu-dia_20230724_COPY_01&amp;utm_medium=email&amp;utm_term=0_5931171aac-96ada1b753-466362780\" style=\"color:blue; text-decoration:underline\"><span style=\"font-size:14.0pt\">No Oriente M&eacute;dio, presidente da Petrobras trata de aquisi&ccedil;&atilde;o da Braskem e de refinaria privatizada na Bahia<\/span><\/a><\/span><\/span><\/span><\/p>\r\n\r\n<p style=\"text-align:justify\"><span style=\"font-size:28pt\"><span style=\"font-family:Cambria,serif\"><span style=\"letter-spacing:-0.5pt\"><b><span style=\"font-size:18.0pt\"><span style=\"font-family:&quot;Calibri&quot;,sans-serif\"><span style=\"font-variant:small-caps\">Ind&uacute;stria<\/span><\/span><\/span><\/b><\/span><\/span><\/span><\/p>\r\n\r\n<p style=\"text-align:justify\"><span style=\"font-size:11pt\"><span style=\"line-height:normal\"><span style=\"font-family:Calibri,sans-serif\"><a href=\"https:\/\/noticias.portaldaindustria.com.br\/noticias\/economia\/confianca-do-empresario-industrial-recua-05-ponto-em-fevereiro-aponta-cni\/\" style=\"color:blue; text-decoration:underline\"><span style=\"font-size:14.0pt\">Confian&ccedil;a do empres&aacute;rio industrial recua 0,5 ponto em fevereiro, aponta CNI<\/span><\/a><\/span><\/span><\/span><\/p>\r\n\r\n<p style=\"text-align:justify\"><span style=\"font-size:11pt\"><span style=\"line-height:normal\"><span style=\"font-family:Calibri,sans-serif\"><a href=\"https:\/\/neofeed.com.br\/economia\/produtividade-um-desastre-brasileiro-e-sem-perspectiva-de-melhorar\/\" style=\"color:blue; text-decoration:underline\"><span style=\"font-size:14.0pt\">Produtividade: um desastre brasileiro (e sem perspectiva de melhorar)<\/span><\/a><\/span><\/span><\/span><\/p>\r\n\r\n<p style=\"text-align:justify\"><span style=\"font-size:11pt\"><span style=\"line-height:normal\"><span style=\"font-family:Calibri,sans-serif\"><a href=\"https:\/\/www.correiobraziliense.com.br\/opiniao\/2024\/02\/6804140-perspectivas-para-a-industria-quimica-brasileira-em-2024.html\" style=\"color:blue; text-decoration:underline\"><span style=\"font-size:14.0pt\">Perspectivas para a ind&uacute;stria qu&iacute;mica brasileira em 2024<\/span><\/a><\/span><\/span><\/span><\/p>\r\n\r\n<p style=\"text-align:justify\"><span style=\"font-size:11pt\"><span style=\"line-height:normal\"><span style=\"font-family:Calibri,sans-serif\"><a href=\"https:\/\/anba.com.br\/exportacao-de-veiculos-do-brasil-caiu-43\/\" style=\"color:blue; text-decoration:underline\"><span style=\"font-size:14.0pt\">Exporta&ccedil;&atilde;o de ve&iacute;culos do Brasil caiu 43%<\/span><\/a><\/span><\/span><\/span><\/p>\r\n\r\n<p style=\"text-align:justify\"><span style=\"font-size:11pt\"><span style=\"line-height:normal\"><span style=\"font-family:Calibri,sans-serif\"><a href=\"https:\/\/www.band.uol.com.br\/noticias\/jornal-da-band\/videos\/construcao-civil-e-um-dos-setores-que-mais-emprega-no-brasil-17200829\" style=\"color:blue; text-decoration:underline\"><span style=\"font-size:14.0pt\">Constru&ccedil;&atilde;o civil &eacute; um dos setores que mais emprega no Brasil<\/span><\/a><\/span><\/span><\/span><\/p>\r\n\r\n<p style=\"text-align:justify\"><span style=\"font-size:11pt\"><span style=\"line-height:normal\"><span style=\"font-family:Calibri,sans-serif\"><a href=\"https:\/\/grandesconstrucoes.com.br\/Noticias\/Exibir\/especialistas-apontam-as-principais-tendencias-para-a-construcao-civil-em-2024?utm_source=akna&amp;utm_medium=email&amp;utm_campaign=Grandes-Construcoes-Informativo-899-15-02-2024&amp;utm_source=akna&amp;utm_medium=email&amp;utm_campaign=Grandes-Construcoes-Informativo-899-15-02-2024\" style=\"color:blue; text-decoration:underline\"><span style=\"font-size:14.0pt\">Especialistas apontam as principais tend&ecirc;ncias para a constru&ccedil;&atilde;o civil em 2024<\/span><\/a><\/span><\/span><\/span><\/p>\r\n\r\n<p style=\"text-align:justify\"><span style=\"font-size:28pt\"><span style=\"font-family:Cambria,serif\"><span style=\"letter-spacing:-0.5pt\"><b><span lang=\"EN-US\" style=\"font-size:18.0pt\"><span style=\"font-family:&quot;Calibri&quot;,sans-serif\"><span style=\"font-variant:small-caps\">Sustentabilidade<\/span><\/span><\/span><\/b><\/span><\/span><\/span><\/p>\r\n\r\n<p style=\"text-align:justify\"><span style=\"font-size:11pt\"><span style=\"line-height:normal\"><span style=\"font-family:Calibri,sans-serif\"><a href=\"https:\/\/phys.org\/news\/2024-02-california-war-plastic-bag-backfired.html?utm_source=nwletter&amp;utm_medium=email&amp;utm_campaign=daily-nwletter\" style=\"color:blue; text-decoration:underline\"><span lang=\"EN-US\" style=\"font-size:14.0pt\">California&#39;s war on plastic bag use seems to have backfired: Lawmakers are trying again<\/span><\/a><\/span><\/span><\/span><\/p>\r\n\r\n<p style=\"text-align:justify\"><span style=\"font-size:11pt\"><span style=\"line-height:normal\"><span style=\"font-family:Calibri,sans-serif\"><a href=\"https:\/\/textileindustry.ning.com\/forum\/topics\/investigadores-desenvolvem-tecnologia-para-reduzir-polui-o-da-ind\" style=\"color:blue; text-decoration:underline\"><span style=\"font-size:14.0pt\">Investigadores desenvolvem tecnologia para reduzir polui&ccedil;&atilde;o da ind&uacute;stria t&ecirc;xtil<\/span><\/a><\/span><\/span><\/span><\/p>\r\n\r\n<p style=\"text-align:justify\"><span style=\"font-size:11pt\"><span style=\"line-height:normal\"><span style=\"font-family:Calibri,sans-serif\"><a href=\"https:\/\/www.terra.com.br\/planeta\/noticias\/industria-do-plastico-engana-publico-sobre-reciclagem-ha-mais-de-30-anos-revela-estudo,2313d0e6df3e17143e6783a40d360033os32ciht.html\" style=\"color:blue; text-decoration:underline\"><span style=\"font-size:14.0pt\">Ind&uacute;stria do pl&aacute;stico engana p&uacute;blico sobre reciclagem h&aacute; mais de 30 anos, revela estudo<\/span><\/a><\/span><\/span><\/span><\/p>\r\n\r\n<p style=\"text-align:justify\"><span style=\"font-size:11pt\"><span style=\"line-height:normal\"><span style=\"font-family:Calibri,sans-serif\"><a href=\"https:\/\/www12.senado.leg.br\/radio\/1\/noticia\/2024\/02\/16\/cae-pode-votar-politica-nacional-de-economia-circular\" style=\"color:blue; text-decoration:underline\"><span style=\"font-size:14.0pt\">Comiss&atilde;o de Assuntos Econ&ocirc;micos (CAE) pode votar Pol&iacute;tica Nacional de Economia Circular<\/span><\/a><\/span><\/span><\/span><\/p>\r\n\r\n<p style=\"text-align:justify\"><span style=\"font-size:11pt\"><span style=\"line-height:normal\"><span style=\"font-family:Calibri,sans-serif\"><a href=\"https:\/\/www12.senado.leg.br\/radio\/1\/noticia\/2024\/02\/16\/escolas-e-creches-publicas-podem-ter-prioridade-na-implantacao-de-saneamento-basico\" style=\"color:blue; text-decoration:underline\"><span style=\"font-size:14.0pt\">Escolas e creches p&uacute;blicas podem ter prioridade na implanta&ccedil;&atilde;o de saneamento b&aacute;sico<\/span><\/a><\/span><\/span><\/span><\/p>\r\n\r\n<p style=\"text-align:justify\"><span style=\"font-size:28pt\"><span style=\"font-family:Cambria,serif\"><span style=\"letter-spacing:-0.5pt\"><b><span style=\"font-size:18.0pt\"><span style=\"font-family:&quot;Calibri&quot;,sans-serif\"><span style=\"font-variant:small-caps\">Inova&ccedil;&atilde;o<\/span><\/span><\/span><\/b><\/span><\/span><\/span><\/p>\r\n\r\n<p style=\"text-align:justify\"><span style=\"font-size:11pt\"><span style=\"line-height:normal\"><span style=\"font-family:Calibri,sans-serif\"><a href=\"https:\/\/jornal.usp.br\/radio-usp\/nova-industria-brasil-causa-discordancia-entre-economistas-e-especialistas-em-inovacao-tecnologica\/\" style=\"color:blue; text-decoration:underline\"><span style=\"font-size:14.0pt\">Nova Ind&uacute;stria Brasil causa discord&acirc;ncia entre economistas e especialistas em inova&ccedil;&atilde;o tecnol&oacute;gica<\/span><\/a><\/span><\/span><\/span><\/p>\r\n\r\n<p style=\"text-align:justify\"><span style=\"font-size:28pt\"><span style=\"font-family:Cambria,serif\"><span style=\"letter-spacing:-0.5pt\"><b><span style=\"font-size:18.0pt\"><span style=\"font-family:&quot;Calibri&quot;,sans-serif\"><span style=\"font-variant:small-caps\">Com&eacute;rcio Exterior<\/span><\/span><\/span><\/b><\/span><\/span><\/span><\/p>\r\n\r\n<p style=\"text-align:justify\"><span style=\"font-size:11pt\"><span style=\"line-height:normal\"><span style=\"font-family:Calibri,sans-serif\"><a href=\"https:\/\/comexdobrasil.com\/diretor-da-abit-classifica-como-injustica-absurda-nao-taxacao-das-importacoes-ate-us-50\/\" style=\"color:blue; text-decoration:underline\"><span style=\"font-size:14.0pt\">Diretor da Abit classifica como &ldquo;injusti&ccedil;a absurda&rdquo; n&atilde;o taxa&ccedil;&atilde;o das importa&ccedil;&otilde;es at&eacute; US$ 50<\/span><\/a><\/span><\/span><\/span><\/p>\r\n\r\n<p style=\"text-align:justify\"><span style=\"font-size:11pt\"><span style=\"line-height:normal\"><span style=\"font-family:Calibri,sans-serif\"><a href=\"https:\/\/anba.com.br\/lula-anuncia-acordos-com-egito-em-visita-oficial\/\" style=\"color:blue; text-decoration:underline\"><span style=\"font-size:14.0pt\">Lula anuncia acordos com Egito em visita oficial<\/span><\/a><\/span><\/span><\/span><\/p>\r\n\r\n<p style=\"text-align:justify\"><span style=\"font-size:28pt\"><span style=\"font-family:Cambria,serif\"><span style=\"letter-spacing:-0.5pt\"><b><span style=\"font-size:18.0pt\"><span style=\"font-family:&quot;Calibri&quot;,sans-serif\"><span style=\"font-variant:small-caps\">Economia<\/span><\/span><\/span><\/b><\/span><\/span><\/span><\/p>\r\n\r\n<p style=\"text-align:justify\"><span style=\"font-size:11pt\"><span style=\"line-height:normal\"><span style=\"font-family:Calibri,sans-serif\"><span style=\"font-size:14.0pt\"><a href=\"https:\/\/agenciabrasil.ebc.com.br\/economia\/noticia\/2024-02\/bc-atividade-economica-tem-alta-de-245-em-2023\" style=\"color:blue; text-decoration:underline\">BC: atividade econ&ocirc;mica tem alta de 2,45% em 2023<\/a><\/span><\/span><\/span><\/span><\/p>\r\n\r\n<p style=\"text-align:justify\"><span style=\"font-size:11pt\"><span style=\"line-height:normal\"><span style=\"font-family:Calibri,sans-serif\"><a href=\"https:\/\/portalibre.fgv.br\/system\/files\/2024-02\/monitor-do-pib-fgv-fevereiro-de-2024-ref.-de-dezembro_0.pdf\" style=\"color:blue; text-decoration:underline\"><span style=\"font-size:14.0pt\">Monitor do PIB-FGV aponta crescimento de 3,0% da atividade econ&ocirc;mica em 2023<\/span><\/a><\/span><\/span><\/span><\/p>\r\n\r\n<p style=\"text-align:justify\"><span style=\"font-size:11pt\"><span style=\"line-height:normal\"><span style=\"font-family:Calibri,sans-serif\"><a href=\"https:\/\/revistaoeste.com\/economia\/mercado-projeta-aumento-da-inflacao-em-2024\/\" style=\"color:blue; text-decoration:underline\"><span style=\"font-size:14.0pt\">Mercado projeta aumento da infla&ccedil;&atilde;o em 2024<\/span><\/a><\/span><\/span><\/span><\/p>\r\n\r\n<p style=\"text-align:justify\"><span style=\"font-size:11pt\"><span style=\"line-height:normal\"><span style=\"font-family:Calibri,sans-serif\"><a href=\"https:\/\/noticias.portaldaindustria.com.br\/noticias\/economia\/indicadores-mostram-melhora-no-mercado-de-trabalho-industrial-em-2023\/\" style=\"color:blue; text-decoration:underline\"><span style=\"font-size:14.0pt\">Economia: Indicadores mostram melhora no mercado de trabalho industrial em 2023<\/span><\/a><\/span><\/span><\/span><\/p>\r\n\r\n<p style=\"text-align:justify\">&nbsp;<\/p>\r\n\r\n<p style=\"text-align:justify\"><a href=\"https:\/\/blogdoibre.fgv.br\/posts\/um-breve-balanco-da-politica-fiscal-em-2023-e-os-principais-desafios-de-2024\"><img src=\"https:\/\/www.abint.org.br\/assets\/img\/editor\/redes-sociais-abint-ctg-cth_20240215152644JUUuSvIbFE.jpg\" \/><\/a><\/p>\r\n","texto_en":"","7":"","imagem":"COMP_capa-2024-site-boletim-abint-noticias-semanis_20240220133141fh1IddWpkk.jpg","8":"COMP_capa-2024-site-boletim-abint-noticias-semanis_20240220133141fh1IddWpkk.jpg","arquivo":"20240220-BOLETIM-ABINT-DE-NOTICIAS-SEMANAIS.PDF","9":"20240220-BOLETIM-ABINT-DE-NOTICIAS-SEMANAIS.PDF","titulo_arquivo":"20240220 Boletim ABINT de Not\u00edcias Semanais","10":"20240220 Boletim ABINT de Not\u00edcias Semanais","titulo_arquivo_en":"","11":"","created_at":"2024-02-20 13:31:52","12":"2024-02-20 13:31:52","updated_at":"2024-02-20 13:31:52","13":"2024-02-20 13:31:52"},{"id":103,"0":103,"ordem":120,"1":120,"data":"2024-02-15","2":"2024-02-15","slug":"boletim-abint-de-noticias-semanais-16","3":"boletim-abint-de-noticias-semanais-16","titulo":"Boletim ABINT de Not\u00edcias Semanais","4":"Boletim ABINT de Not\u00edcias Semanais","titulo_en":"","5":"","texto":"<p style=\"text-align:justify\"><span style=\"font-size:11pt\"><span style=\"line-height:normal\"><span style=\"font-family:Calibri,sans-serif\"><span style=\"font-size:14.0pt\">Esta &eacute; uma compila&ccedil;&atilde;o das not&iacute;cias mais relevantes para o setor, incluindo informa&ccedil;&otilde;es sobre acordos internacionais, economia brasileira, sustentabilidade e mat&eacute;rias primas, al&eacute;m de novidades do setor de N&atilde;otecidos e Tecidos T&eacute;cnicos.<\/span><\/span><\/span><\/span><\/p>\r\n\r\n<p style=\"text-align:justify\"><span style=\"font-size:28pt\"><span style=\"font-family:Cambria,serif\"><span style=\"letter-spacing:-0.5pt\"><b><span style=\"font-size:18.0pt\"><span style=\"font-family:&quot;Calibri&quot;,sans-serif\"><span style=\"font-variant:small-caps\">O que vem por a&iacute;<\/span><\/span><\/span><\/b><\/span><\/span><\/span><\/p>\r\n\r\n<p style=\"text-align:justify\"><img src=\"https:\/\/www.abint.org.br\/assets\/img\/editor\/original_20240215151923oVSyiGIxAc.png\" style=\"width: 300px; height: 69px;\" \/><\/p>\r\n\r\n<p style=\"text-align:justify\"><img src=\"https:\/\/www.abint.org.br\/assets\/img\/editor\/post-quadrado-curso-naotecido_20240215152003687Upz2gzW.jpg\" style=\"width: 500px; height: 500px;\" \/><\/p>\r\n\r\n<p style=\"text-align:justify\"><span style=\"font-size:11pt\"><span style=\"line-height:normal\"><span style=\"font-family:Calibri,sans-serif\"><a href=\"https:\/\/forms.office.com\/r\/5DrqtK5n3Y\" style=\"color:blue; text-decoration:underline\"><span style=\"font-size:14.0pt\">Informa&ccedil;&otilde;es e inscri&ccedil;&otilde;es<\/span><\/a><\/span><\/span><\/span><\/p>\r\n\r\n<p style=\"text-align:justify\">&nbsp;<\/p>\r\n\r\n<p style=\"text-align:justify\"><span style=\"font-size:11pt\"><span style=\"line-height:normal\"><span style=\"font-family:Calibri,sans-serif\"><span style=\"font-size:14.0pt\"><img src=\"https:\/\/www.abint.org.br\/assets\/img\/editor\/logo-ctg-abint-png_202402151521306Rn6Nbr0Lz.png\" style=\"width: 300px; height: 55px;\" \/><\/span><\/span><\/span><\/span><\/p>\r\n\r\n<p style=\"text-align:justify\"><span style=\"font-size:11pt\"><span style=\"line-height:normal\"><span style=\"font-family:Calibri,sans-serif\"><img src=\"https:\/\/www.abint.org.br\/assets\/img\/editor\/20240221-live-ctg-instagram-fernando-e-samira_20240215152245WkAZfw3PEj.jpeg\" style=\"width: 500px; height: 500px;\" \/><\/span><\/span><\/span><\/p>\r\n\r\n<p class=\"MsoTitle\" style=\"text-align:justify\"><span style=\"font-size:28pt\"><span style=\"font-family:Cambria,serif\"><span style=\"letter-spacing:-0.5pt\"><b><span lang=\"EN-US\" style=\"font-size:18.0pt\"><span style=\"font-family:&quot;Calibri&quot;,sans-serif\"><span style=\"font-variant:small-caps\">Not&iacute;cias das Associadas<\/span><\/span><\/span><\/b><\/span><\/span><\/span><\/p>\r\n\r\n<p style=\"text-align:justify\"><span style=\"font-size:11pt\"><span style=\"line-height:normal\"><span style=\"font-family:Calibri,sans-serif\"><a href=\"https:\/\/www.technicaltextile.net\/news\/austria-s-andritz-softys-peru-partner-for-yankee-hood-heating-system-292689.html\" style=\"color:blue; text-decoration:underline\"><span lang=\"EN-US\" style=\"font-size:14.0pt\">Austria&#39;s Andritz, Softys Peru partner for Yankee hood heating system<\/span><\/a><\/span><\/span><\/span><\/p>\r\n\r\n<p style=\"text-align:justify\"><span style=\"font-size:11pt\"><span style=\"line-height:normal\"><span style=\"font-family:Calibri,sans-serif\"><a href=\"https:\/\/www.technicaltextile.net\/news\/finland-s-suominen-posts-net-sales-of-euro-450-9-mn-in-fy23-292915.html#google_vignette\" style=\"color:blue; text-decoration:underline\"><span lang=\"EN-US\" style=\"font-size:14.0pt\">Finland&#39;s Suominen posts net sales of &euro;450.9 mn in FY23<\/span><\/a><\/span><\/span><\/span><\/p>\r\n\r\n<p style=\"text-align:justify\">&nbsp;<\/p>\r\n\r\n<p style=\"text-align:justify\"><span style=\"font-size:11pt\"><span style=\"line-height:normal\"><span style=\"font-family:Calibri,sans-serif\"><b><span style=\"font-size:18.0pt\"><span style=\"font-variant:small-caps\">Eventos<\/span><\/span><\/b><\/span><\/span><\/span><\/p>\r\n\r\n<p style=\"text-align:justify\"><span style=\"font-size:11pt\"><span style=\"line-height:normal\"><span style=\"font-family:Calibri,sans-serif\"><b><span style=\"font-size:14.0pt\">AESabesp &amp; Ecoclass | Curso: Introdu&ccedil;&atilde;o aos ODS: Diretrizes da Organiza&ccedil;&atilde;o Mundial da Sa&uacute;de<\/span><\/b><span class=\"MsoHyperlink\" style=\"color:blue\"><span style=\"text-decoration:underline\"><span style=\"font-size:14.0pt\"><span style=\"text-decoration:none\"><span style=\"text-underline:none\">, 14 e 15 de fevereiro de 2024, das 19h00 &agrave;s 21h30, online. <\/span><\/span><\/span><\/span><\/span><a href=\"https:\/\/ecoclass.eco.br\/curso\/introducao-aos-ods-diretrizes-da-organizacao-mundial-da-saude\/\" style=\"color:blue; text-decoration:underline\"><span style=\"font-size:14.0pt\">Informa&ccedil;&otilde;es<\/span><\/a> <\/span><\/span><\/span><\/p>\r\n\r\n<p style=\"text-align:justify\"><span style=\"font-size:11pt\"><span style=\"line-height:normal\"><span style=\"font-family:Calibri,sans-serif\"><b><span style=\"font-size:14.0pt\">APEX | Plano de Neg&oacute;cios Internacionais<\/span><\/b><span class=\"MsoHyperlink\" style=\"color:blue\"><span style=\"text-decoration:underline\"><span style=\"font-size:14.0pt\"><span style=\"text-decoration:none\"><span style=\"text-underline:none\">, 22 de fevereiro de 2024, 8h30 &agrave;s 12h30, evento online. <\/span><\/span><\/span><\/span><\/span><a href=\"https:\/\/7bd46367464f42938043bc2d987cb33f.marketingusercontent.com\/m\/view\/TV2ksxbiAjMcwcJr4Aa2k8EEL06Na620nVfxlGzJvY0x#msdynttrid=rLIcOvoJDgArL1GsoAdM0j50eBcHF-PxQDcWMGnIAXk\" style=\"color:blue; text-decoration:underline\"><span style=\"font-size:14.0pt\">Informa&ccedil;&otilde;es aqui<\/span><\/a> <\/span><\/span><\/span><\/p>\r\n\r\n<p style=\"text-align:justify\"><span style=\"font-size:11pt\"><span style=\"line-height:normal\"><span style=\"font-family:Calibri,sans-serif\"><b><span style=\"font-size:14.0pt\">Workshop Texbrasil | Os desafios da agenda comercial com a Argentina<\/span><\/b><span style=\"font-size:14.0pt\">, 28 de fevereiro, 10h00 &agrave;s 12h00, online via Teams. <\/span><a href=\"https:\/\/produtos.abit.org.br\/prod\/7016fb7e-c5c1-43d0-9178-a59061632ccc?utm_campaign=texbrasil_workshop_argentina_-_e-mail_1&amp;utm_medium=email&amp;utm_source=RD+Station\" style=\"color:blue; text-decoration:underline\"><span style=\"font-size:14.0pt\">Inscri&ccedil;&otilde;es aqui<\/span><\/a><span style=\"font-size:14.0pt\"> <\/span><\/span><\/span><\/span><\/p>\r\n\r\n<p style=\"text-align:justify\"><span style=\"font-size:11pt\"><span style=\"line-height:normal\"><span style=\"font-family:Calibri,sans-serif\"><b><span style=\"font-size:14.0pt\">AESabesp | Introdu&ccedil;&atilde;o ao ESG no setor de saneamento<\/span><\/b><span class=\"MsoHyperlink\" style=\"color:blue\"><span style=\"text-decoration:underline\"><span style=\"font-size:14.0pt\"><span style=\"text-decoration:none\"><span style=\"text-underline:none\">, 19 e 20 de fevereiro de 2024, 14h00 &agrave;s 17h00, online. <\/span><\/span><\/span><\/span><\/span><a href=\"https:\/\/send.neopixdmi.com\/index.php\/campaigns\/wf43090wld81e\/web-version\/mh045xn88n9c0\" style=\"color:blue; text-decoration:underline\"><span style=\"font-size:14.0pt\">Informa&ccedil;&otilde;es aqui<\/span><\/a> <\/span><\/span><\/span><\/p>\r\n\r\n<p style=\"text-align:justify\"><span style=\"font-size:11pt\"><span style=\"line-height:normal\"><span style=\"font-family:Calibri,sans-serif\"><b><span style=\"font-size:14.0pt\">FGV IBRE | I Semin&aacute;rio de An&aacute;lise Conjuntural<\/span><\/b><span class=\"MsoHyperlink\" style=\"color:blue\"><span style=\"text-decoration:underline\"><span style=\"font-size:14.0pt\"><span style=\"text-decoration:none\"><span style=\"text-underline:none\">, 07 de mar&ccedil;o de 2024, 10h00 &agrave;s 11h30, evento presencial, Praia de Botafogo, 190, Rio de Janeiro, RJ. <\/span><\/span><\/span><\/span><\/span><a href=\"https:\/\/evento.fgv.br\/analise-conjuntural_0703\/\" style=\"color:blue; text-decoration:underline\"><span style=\"font-size:14.0pt\">Informa&ccedil;&otilde;es e inscri&ccedil;&otilde;es aqui<\/span><\/a> <\/span><\/span><\/span><\/p>\r\n\r\n<p style=\"text-align:justify\"><span style=\"font-size:11pt\"><span style=\"line-height:normal\"><span style=\"font-family:Calibri,sans-serif\"><b><span style=\"font-size:14.0pt\">AESabesp | Curso: O Mega Desafio Trazido Pela Nova Lei de Licita&ccedil;&otilde;es e Contratos - Lei 14133\/2021<\/span><\/b><span style=\"font-size:14.0pt\">, 11 a 13 de mar&ccedil;o de 2024. 08h &agrave;s 17h, curso presencial. <\/span><a href=\"https:\/\/send.neopixdmi.com\/index.php\/campaigns\/sz055v7jdy85b\/web-version\/mh045xn88n9c0\" style=\"color:blue; text-decoration:underline\"><span style=\"font-size:14.0pt\">Informa&ccedil;&otilde;es aqui<\/span><\/a><\/span><\/span><\/span><\/p>\r\n\r\n<p style=\"text-align:justify\"><span style=\"font-size:11pt\"><span style=\"line-height:normal\"><span style=\"font-family:Calibri,sans-serif\"><b><span style=\"font-size:14.0pt\">GEOAMERICAS 2024, <\/span><\/b><span style=\"font-size:14.0pt\">de 28 de abril a 01 de maio de 2024, em Toronto (Canad&aacute;). <\/span><a href=\"https:\/\/www.geoamericas2024.org\/\" style=\"color:blue; text-decoration:underline\"><span style=\"font-size:14.0pt\">Informa&ccedil;&otilde;es aqui.<\/span><\/a><\/span><\/span><\/span><\/p>\r\n\r\n<p style=\"text-align:justify\"><span style=\"font-size:11pt\"><span style=\"line-height:normal\"><span style=\"font-family:Calibri,sans-serif\"><b><span style=\"font-size:14.0pt\">II Congresso Ibero-Americano de Esteriliza&ccedil;&atilde;o e II Congresso Nacional de Reprocessamento de Dispositivos M&eacute;dicos<\/span><\/b><span style=\"font-size:14.0pt\">, 16 a 18 de maio de 2024, Cartagena, Colombia<b>. <\/b><\/span><a href=\"http:\/\/nascecme.com.br\/ii-congresso-ibero-americano-de-esterilizacao-e-ii-congresso-nacional-de-reprocessamento-de-dispositivos-medicos\/\" style=\"color:blue; text-decoration:underline\"><span lang=\"EN-US\" style=\"font-size:14.0pt\">Informa&ccedil;&otilde;es<\/span><\/a><span lang=\"EN-US\" style=\"font-size:14.0pt\"> <\/span><\/span><\/span><\/span><\/p>\r\n\r\n<p style=\"text-align:justify\"><span style=\"font-size:11pt\"><span style=\"line-height:normal\"><span style=\"font-family:Calibri,sans-serif\"><b><span lang=\"EN-US\" style=\"font-size:14.0pt\">ANEX 2024 | Asia Nonwoven Exhibition and Conference<\/span><\/b><span lang=\"EN-US\" style=\"font-size:14.0pt\">, 22-24 May 2024, Taipei Nangang Exhibition Center, Hall 1. <\/span><a href=\"https:\/\/www.anex2024.com\/\" style=\"color:blue; text-decoration:underline\"><span lang=\"EN-US\" style=\"font-size:14.0pt\">Information here<\/span><\/a> <\/span><\/span><\/span><\/p>\r\n\r\n<p style=\"text-align:justify\"><span style=\"font-size:11pt\"><span style=\"line-height:normal\"><span style=\"font-family:Calibri,sans-serif\"><b><span lang=\"EN-US\" style=\"font-size:14.0pt\">The EDANA Innovation Forum<\/span><\/b><span class=\"MsoHyperlink\" style=\"color:blue\"><span style=\"text-decoration:underline\"><span lang=\"EN-US\" style=\"font-size:14.0pt\"><span style=\"text-decoration:none\"><span style=\"text-underline:none\">, 04 - 06 June 2024, Munich. <\/span><\/span><\/span><\/span><\/span><a href=\"https:\/\/www.edana.org\/events\/edana-innovation-forum-?ct=t(MENA_2018_call_for_papers6_28_2017_COPY_01)&amp;mc_cid=27efeab42f&amp;mc_eid=08e0eae351\" style=\"color:blue; text-decoration:underline\"><span lang=\"EN-US\" style=\"font-size:14.0pt\">Information here<\/span><\/a><\/span><\/span><\/span><\/p>\r\n\r\n<p style=\"text-align:justify\"><span style=\"font-size:11pt\"><span style=\"line-height:normal\"><span style=\"font-family:Calibri,sans-serif\"><b><span lang=\"EN-US\" style=\"font-size:14.0pt\">HIGITEX 2024 | International Technical Textiles &amp; Nonwoven Exhibition<\/span><\/b><span lang=\"EN-US\" style=\"font-size:14.0pt\">, 4-8 June 2024, T&uuml;yap Fair Convention and Congress Center, T&uuml;rkiye. <\/span><a href=\"https:\/\/www.hightex.com.tr\/\" style=\"color:blue; text-decoration:underline\"><span style=\"font-size:14.0pt\">Information here<\/span><\/a> <\/span><\/span><\/span><\/p>\r\n\r\n<p style=\"text-align:justify\"><span style=\"font-size:11pt\"><span style=\"line-height:normal\"><span style=\"font-family:Calibri,sans-serif\"><b><span style=\"font-size:14.0pt\">FEIPLAR COMPOSITES &amp; FEIPUR &ndash; Feira e Congresso Internacionais de Composites, Poliuretano, Pl&aacute;sticos de Engenharia e Compostos Termopl&aacute;sticos<\/span><\/b><span style=\"font-size:14.0pt\">, 20 a 22 de agosto de 2024, S&atilde;o Paulo Expo (Pavilh&atilde;o 5), palestras: das 8h30 &agrave;s 18h, feira: das 13h &agrave;s 20h.<b> <\/b><\/span><a href=\"http:\/\/www.feiplar.com\" style=\"color:blue; text-decoration:underline\"><span style=\"font-size:14.0pt\">www.feiplar.com<\/span><\/a> <\/span><\/span><\/span><\/p>\r\n\r\n<p style=\"text-align:justify\"><span style=\"font-size:11pt\"><span style=\"line-height:normal\"><span style=\"font-family:Calibri,sans-serif\"><b><span style=\"font-size:14.0pt\">Fenasan 2024 &ndash; Feira Nacional de Saneamento e Meio Ambiente<\/span><\/b><span style=\"font-size:14.0pt\">, 22 a 24 de outubro de 2024, Pavilh&otilde;es Verde e Vermelho, Expo Center Norte, S&atilde;o Paulo SP. <\/span><a href=\"http:\/\/www.fenasan.com.br\" style=\"color:blue; text-decoration:underline\"><span style=\"font-size:14.0pt\">www.fenasan.com.br<\/span><\/a> <\/span><\/span><\/span><\/p>\r\n\r\n<p style=\"text-align:justify\"><span style=\"font-size:11pt\"><span style=\"line-height:normal\"><span style=\"font-family:Calibri,sans-serif\"><b><span style=\"font-size:14.0pt\">HospitalMed 2024<\/span><\/b><span style=\"font-size:14.0pt\">, 23 a 25 de outubro, das 14h &agrave;s 20h, no Pernambuco Centro de Conven&ccedil;&otilde;es. <\/span><a href=\"http:\/\/www.hospitalmed.com.br\" style=\"color:blue; text-decoration:underline\"><span style=\"font-size:14.0pt\">www.hospitalmed.com.br<\/span><\/a> <\/span><\/span><\/span><\/p>\r\n\r\n<p style=\"text-align:justify\"><span style=\"font-size:28pt\"><span style=\"font-family:Cambria,serif\"><span style=\"letter-spacing:-0.5pt\"><b><span style=\"font-size:18.0pt\"><span style=\"font-family:&quot;Calibri&quot;,sans-serif\"><span style=\"font-variant:small-caps\">Setor<\/span><\/span><\/span><\/b><\/span><\/span><\/span><\/p>\r\n\r\n<p style=\"text-align:justify\"><span style=\"font-size:11pt\"><span style=\"line-height:normal\"><span style=\"font-family:Calibri,sans-serif\"><a href=\"https:\/\/www.nonwovens-industry.com\/contents\/view_online-exclusives\/2024-02-07\/berry-glatfelter-announce-merger?utm_campaign=NON+eNewsletter&amp;utm_medium=email&amp;_hsmi=293353289&amp;_hsenc=p2ANqtz--SzV-liz9Wg-n7I33m_Fuz-sHOdRImKO585IveVcG2Ou-1W2HqoXTC9U3jMKNQVvGFLjc8XhSGUSaKE3SvU1jmnzF_gg&amp;utm_content=293353289&amp;utm_source=hs_email\" style=\"color:blue; text-decoration:underline\"><span style=\"font-size:14.0pt\">Berry, Glatfelter Announce Merger<\/span><\/a><\/span><\/span><\/span><\/p>\r\n\r\n<p style=\"text-align:justify\"><span style=\"font-size:11pt\"><span style=\"line-height:normal\"><span style=\"font-family:Calibri,sans-serif\"><a href=\"https:\/\/plasticosemrevista.com.br\/pet-grupo-alfa-planeja-sua-separacao-da-alpek-polyester\/\" style=\"color:blue; text-decoration:underline\"><span style=\"font-size:14.0pt\">PET: grupo Alfa planeja sua separa&ccedil;&atilde;o da Alpek Polyester<\/span><\/a><\/span><\/span><\/span><\/p>\r\n\r\n<p style=\"text-align:justify\"><span style=\"font-size:11pt\"><span style=\"line-height:normal\"><span style=\"font-family:Calibri,sans-serif\"><a href=\"https:\/\/www.innovationintextiles.com\/fibres-yarns-fabrics\/pet-polyester-recycling-gathering-momentum\/\" style=\"color:blue; text-decoration:underline\"><span lang=\"EN-US\" style=\"font-size:14.0pt\">PET polyester recycling gathering momentum<\/span><\/a><\/span><\/span><\/span><\/p>\r\n\r\n<p style=\"text-align:justify\"><span style=\"font-size:11pt\"><span style=\"line-height:normal\"><span style=\"font-family:Calibri,sans-serif\"><a href=\"https:\/\/www.technicaltextile.net\/news\/us-inda-shifts-focus-to-sustainability-as-key-initiative-for-2024-292997.html\" style=\"color:blue; text-decoration:underline\"><span lang=\"EN-US\" style=\"font-size:14.0pt\">US&#39; INDA shifts focus to sustainability as key initiative for 2024<\/span><\/a><\/span><\/span><\/span><\/p>\r\n\r\n<p style=\"text-align:justify\"><span style=\"font-size:11pt\"><span style=\"line-height:normal\"><span style=\"font-family:Calibri,sans-serif\"><a href=\"https:\/\/www.innovationintextiles.com\/composites\/nonwoven-options-for-composites-at-jec-2024\/\" style=\"color:blue; text-decoration:underline\"><span lang=\"EN-US\" style=\"font-size:14.0pt\">Nonwoven options for composites at JEC 2024<\/span><\/a><\/span><\/span><\/span><\/p>\r\n\r\n<p style=\"text-align:justify\"><span style=\"font-size:11pt\"><span style=\"line-height:normal\"><span style=\"font-family:Calibri,sans-serif\"><a href=\"https:\/\/www.technicaltextile.net\/news\/us-clean-advocacy-summit-to-address-policy-issues-in-nonwovens-sector-292833.html#google_vignette\" style=\"color:blue; text-decoration:underline\"><span lang=\"EN-US\" style=\"font-size:14.0pt\">US&#39; Clean Advocacy Summit to address policy issues in nonwovens sector<\/span><\/a><\/span><\/span><\/span><\/p>\r\n\r\n<p style=\"text-align:justify\"><span style=\"font-size:11pt\"><span style=\"line-height:normal\"><span style=\"font-family:Calibri,sans-serif\"><a href=\"https:\/\/www.santos.sp.gov.br\/?q=noticia\/reconstrucao-de-encosta-comeca-com-remocao-de-lixo-e-entulho-em-morro-de-santos\" style=\"color:blue; text-decoration:underline\"><span style=\"font-size:14.0pt\">Geomantas: Reconstru&ccedil;&atilde;o de encosta come&ccedil;a com remo&ccedil;&atilde;o de lixo e entulho em morro de Santos<\/span><\/a><\/span><\/span><\/span><\/p>\r\n\r\n<p style=\"text-align:justify\"><span style=\"font-size:11pt\"><span style=\"line-height:normal\"><span style=\"font-family:Calibri,sans-serif\"><a href=\"https:\/\/tissueonline.com.br\/huggies-e-reconhecida-pela-forbes-como-a-melhor-fralda-do-mercado\/\" style=\"color:blue; text-decoration:underline\"><span style=\"font-size:14.0pt\">Huggies &eacute; reconhecida pela Forbes como a melhor fralda do mercado<\/span><\/a><\/span><\/span><\/span><\/p>\r\n\r\n<p style=\"text-align:justify\"><span style=\"font-size:11pt\"><span style=\"line-height:normal\"><span style=\"font-family:Calibri,sans-serif\"><a href=\"https:\/\/www.band.uol.com.br\/noticias\/jornal-da-band\/videos\/defesa-civil-esta-em-alerta-com-as-minas-da-braskem-17215994\" style=\"color:blue; text-decoration:underline\"><span style=\"font-size:14.0pt\">Defesa Civil est&aacute; em Alerta com as Minas da Braskem<\/span><\/a><\/span><\/span><\/span><\/p>\r\n\r\n<p style=\"text-align:justify\"><span style=\"font-size:28pt\"><span style=\"font-family:Cambria,serif\"><span style=\"letter-spacing:-0.5pt\"><b><span style=\"font-size:18.0pt\"><span style=\"font-family:&quot;Calibri&quot;,sans-serif\"><span style=\"font-variant:small-caps\">Ind&uacute;stria<\/span><\/span><\/span><\/b><\/span><\/span><\/span><\/p>\r\n\r\n<p style=\"text-align:justify\"><span style=\"font-size:11pt\"><span style=\"line-height:normal\"><span style=\"font-family:Calibri,sans-serif\"><a href=\"https:\/\/comexdobrasil.com\/abit-defende-pragmatismo-para-enfrentar-concorrencia-da-china-na-america-do-sul\/\" style=\"color:blue; text-decoration:underline\"><span style=\"font-size:14.0pt\">Abit defende pragmatismo para enfrentar concorr&ecirc;ncia da China na Am&eacute;rica do Sul<\/span><\/a><\/span><\/span><\/span><\/p>\r\n\r\n<p style=\"text-align:justify\"><span style=\"font-size:11pt\"><span style=\"line-height:normal\"><span style=\"font-family:Calibri,sans-serif\"><a href=\"https:\/\/www.poder360.com.br\/opiniao\/neoindustrializacao-e-a-nova-politica-industrial\/\" style=\"color:blue; text-decoration:underline\"><span style=\"font-size:14.0pt\">Abimaq: Neoindustrializa&ccedil;&atilde;o e a nova pol&iacute;tica industrial<\/span><\/a><\/span><\/span><\/span><\/p>\r\n\r\n<p style=\"text-align:justify\"><span style=\"font-size:11pt\"><span style=\"line-height:normal\"><span style=\"font-family:Calibri,sans-serif\"><a href=\"https:\/\/istoedinheiro.com.br\/nova-politica-industrial-precisa-alcancar-o-chao-da-fabrica-defende-abiplast-3\/\" style=\"color:blue; text-decoration:underline\"><span style=\"font-size:14.0pt\">Nova pol&iacute;tica para ind&uacute;stria precisa alcan&ccedil;ar o &lsquo;ch&atilde;o da f&aacute;brica&rsquo;, defende Abiplast<\/span><\/a><\/span><\/span><\/span><\/p>\r\n\r\n<p style=\"text-align:justify\"><span style=\"font-size:11pt\"><span style=\"line-height:normal\"><span style=\"font-family:Calibri,sans-serif\"><a href=\"https:\/\/www.balcaoautomotivo.com\/2024\/02\/07\/abrafiltros-realiza-ampliacao-nas-atividades-e-fortalece-parcerias-em-2023\/\" style=\"color:blue; text-decoration:underline\"><span style=\"font-size:14.0pt\">Abrafiltros realiza amplia&ccedil;&atilde;o nas atividades e fortalece parcerias em 2023<\/span><\/a><\/span><\/span><\/span><\/p>\r\n\r\n<p style=\"text-align:justify\"><span style=\"font-size:11pt\"><span style=\"line-height:normal\"><span style=\"font-family:Calibri,sans-serif\"><a href=\"https:\/\/grandesconstrucoes.com.br\/Noticias\/Exibir\/bndes-planeja-aumentar-entre-25-e-30-ao-ano-o-financiamento-de-infraestrutura?utm_source=akna&amp;utm_medium=email&amp;utm_campaign=Grandes-Construcoes-Informativo-898-08-02-2024&amp;utm_source=akna&amp;utm_medium=email&amp;utm_campaign=Grandes-Construcoes-Informativo-898-08-02-2024\" style=\"color:blue; text-decoration:underline\"><span style=\"font-size:14.0pt\">BNDES planeja aumentar entre 25% e 30% ao ano o financiamento de infraestrutura<\/span><\/a><\/span><\/span><\/span><\/p>\r\n\r\n<p style=\"text-align:justify\"><span style=\"font-size:11pt\"><span style=\"line-height:normal\"><span style=\"font-family:Calibri,sans-serif\"><a href=\"https:\/\/grandesconstrucoes.com.br\/Noticias\/Exibir\/governo-anuncia-ampliacao-de-investimentos-em-rodovias-e-ferrovias-para-escoamento-de-graos?utm_source=akna&amp;utm_medium=email&amp;utm_campaign=Grandes-Construcoes-Informativo-898-08-02-2024&amp;utm_source=akna&amp;utm_medium=email&amp;utm_campaign=Grandes-Construcoes-Informativo-898-08-02-2024\" style=\"color:blue; text-decoration:underline\"><span style=\"font-size:14.0pt\">Governo anuncia amplia&ccedil;&atilde;o de investimentos em rodovias e ferrovias para escoamento de gr&atilde;os<\/span><\/a><\/span><\/span><\/span><\/p>\r\n\r\n<p style=\"text-align:justify\"><span style=\"font-size:28pt\"><span style=\"font-family:Cambria,serif\"><span style=\"letter-spacing:-0.5pt\"><b><span lang=\"EN-US\" style=\"font-size:18.0pt\"><span style=\"font-family:&quot;Calibri&quot;,sans-serif\"><span style=\"font-variant:small-caps\">Sustentabilidade<\/span><\/span><\/span><\/b><\/span><\/span><\/span><\/p>\r\n\r\n<p style=\"text-align:justify\"><span style=\"font-size:11pt\"><span style=\"line-height:normal\"><span style=\"font-family:Calibri,sans-serif\"><a href=\"https:\/\/phys.org\/news\/2024-02-nanoplastics-oligomers-polyester-textiles.html?utm_source=nwletter&amp;utm_medium=email&amp;utm_campaign=daily-nwletter\" style=\"color:blue; text-decoration:underline\"><span lang=\"EN-US\" style=\"font-size:14.0pt\">When nanoplastics are not what they seem: Release of oligomers from polyester textiles<\/span><\/a><\/span><\/span><\/span><\/p>\r\n\r\n<p style=\"text-align:justify\"><span style=\"font-size:11pt\"><span style=\"line-height:normal\"><span style=\"font-family:Calibri,sans-serif\"><a href=\"https:\/\/umsoplaneta.globo.com\/cultura-design-e-moda\/noticia\/2024\/02\/14\/esta-empresa-encontrou-na-reciclagem-a-solucao-para-reduzir-o-impacto-ambiental-dos-residuos-texteis-no-chile.ghtml\" style=\"color:blue; text-decoration:underline\"><span style=\"font-size:14.0pt\">Empresa encontrou na reciclagem a solu&ccedil;&atilde;o para reduzir o impacto ambiental dos res&iacute;duos t&ecirc;xteis no Chile<\/span><\/a><\/span><\/span><\/span><\/p>\r\n\r\n<p style=\"text-align:justify\"><span style=\"font-size:11pt\"><span style=\"line-height:normal\"><span style=\"font-family:Calibri,sans-serif\"><a href=\"https:\/\/www.al.pi.leg.br\/tv\/noticias-tv-1\/plataforma-recircula-brasil-permite-rastrear-reutilizacao-de-plastico#:~:text=Plataforma%20Recircula%20Brasil%20permite%20rastrear%20reutiliza%C3%A7%C3%A3o%20de%20pl%C3%A1stico,-Compartilhar&amp;text=Iniciativa%20tem%20como%20objetivo%20contribuir,Ind%C3%BAstria%20do%20Pl%C3%A1stico%20(Abiplast).\" style=\"color:blue; text-decoration:underline\"><span style=\"font-size:14.0pt\">Plataforma Recircula Brasil permite rastrear reutiliza&ccedil;&atilde;o de pl&aacute;stico<\/span><\/a><\/span><\/span><\/span><\/p>\r\n\r\n<p style=\"text-align:justify\"><span style=\"font-size:11pt\"><span style=\"line-height:normal\"><span style=\"font-family:Calibri,sans-serif\"><a href=\"https:\/\/tissueonline.com.br\/91-das-industrias-foram-atingidas-pela-escassez-de-recursos-evidenciando-a-importancia-da-circularidade\/\" style=\"color:blue; text-decoration:underline\"><span style=\"font-size:14.0pt\">Economia circular: 91% das ind&uacute;strias foram atingidas pela escassez de recursos, evidenciando a import&acirc;ncia da circularidade<\/span><\/a><\/span><\/span><\/span><\/p>\r\n\r\n<p style=\"text-align:justify\"><span style=\"font-size:11pt\"><span style=\"line-height:normal\"><span style=\"font-family:Calibri,sans-serif\"><a href=\"https:\/\/grandesconstrucoes.com.br\/Noticias\/Exibir\/brasil-produz-48-milhoes-de-toneladas-de-residuos-de-construcao-e-demolicao?utm_source=akna&amp;utm_medium=email&amp;utm_campaign=Grandes-Construcoes-Informativo-898-08-02-2024&amp;utm_source=akna&amp;utm_medium=email&amp;utm_campaign=Grandes-Construcoes-Informativo-898-08-02-2024\" style=\"color:blue; text-decoration:underline\"><span style=\"font-size:14.0pt\">Brasil produz 48 milh&otilde;es de toneladas de res&iacute;duos de constru&ccedil;&atilde;o e demoli&ccedil;&atilde;o<\/span><\/a><\/span><\/span><\/span><\/p>\r\n\r\n<p style=\"text-align:justify\"><span style=\"font-size:28pt\"><span style=\"font-family:Cambria,serif\"><span style=\"letter-spacing:-0.5pt\"><b><span lang=\"EN-US\" style=\"font-size:18.0pt\"><span style=\"font-family:&quot;Calibri&quot;,sans-serif\"><span style=\"font-variant:small-caps\">Inova&ccedil;&atilde;o<\/span><\/span><\/span><\/b><\/span><\/span><\/span><\/p>\r\n\r\n<p style=\"text-align:justify\"><span style=\"font-size:11pt\"><span style=\"line-height:normal\"><span style=\"font-family:Calibri,sans-serif\"><a href=\"https:\/\/www.innovationintextiles.com\/composites\/sustainable-biobased-materials-for-the-automotive-industry\/\" style=\"color:blue; text-decoration:underline\"><span lang=\"EN-US\" style=\"font-size:14.0pt\">Sustainable, bio-based materials for the automotive industry<\/span><\/a><\/span><\/span><\/span><\/p>\r\n\r\n<p style=\"text-align:justify\"><span style=\"font-size:11pt\"><span style=\"line-height:normal\"><span style=\"font-family:Calibri,sans-serif\"><a href=\"https:\/\/www.gov.br\/mcti\/pt-br\/acompanhe-o-mcti\/noticias\/2024\/02\/grupo-de-trabalho-do-g20-debate-inovacao-para-desenvolvimento-justo-e-sustentavel\" style=\"color:blue; text-decoration:underline\"><span style=\"font-size:14.0pt\">Grupo de trabalho do G20 debate inova&ccedil;&atilde;o para desenvolvimento justo e sustent&aacute;vel<\/span><\/a><\/span><\/span><\/span><\/p>\r\n\r\n<p style=\"text-align:justify\"><span style=\"font-size:11pt\"><span style=\"line-height:normal\"><span style=\"font-family:Calibri,sans-serif\"><a href=\"https:\/\/phys.org\/news\/2024-02-mussel-antimicrobial-coating-sanitary-fabrics.html?utm_source=nwletter&amp;utm_medium=email&amp;utm_campaign=daily-nwletter\" style=\"color:blue; text-decoration:underline\"><span lang=\"EN-US\" style=\"font-size:14.0pt\">Mussel-inspired antimicrobial coating protects sanitary fabrics from contamination<\/span><\/a><\/span><\/span><\/span><\/p>\r\n\r\n<p style=\"text-align:justify\"><span style=\"font-size:11pt\"><span style=\"line-height:normal\"><span style=\"font-family:Calibri,sans-serif\"><a href=\"https:\/\/techxplore.com\/news\/2024-02-hong-kong-recycles-textile-thermal.html?utm_source=nwletter&amp;utm_medium=email&amp;utm_campaign=daily-nwletter\" style=\"color:blue; text-decoration:underline\"><span lang=\"EN-US\" style=\"font-size:14.0pt\">Hong Kong researcher recycles textile waste for &#39;building clothing&#39; as thermal insulation<\/span><\/a><\/span><\/span><\/span><\/p>\r\n\r\n<p style=\"text-align:justify\"><span style=\"font-size:11pt\"><span style=\"line-height:normal\"><span style=\"font-family:Calibri,sans-serif\"><a href=\"https:\/\/techxplore.com\/news\/2024-02-fashion-strands-fiber-woven.html?utm_source=nwletter&amp;utm_medium=email&amp;utm_campaign=daily-nwletter\" style=\"color:blue; text-decoration:underline\"><span lang=\"EN-US\" style=\"font-size:14.0pt\">Engineers fashion strands of conductive fiber that can be woven into clothes<\/span><\/a><\/span><\/span><\/span><\/p>\r\n\r\n<p style=\"text-align:justify\"><span style=\"font-size:28pt\"><span style=\"font-family:Cambria,serif\"><span style=\"letter-spacing:-0.5pt\"><b><span style=\"font-size:18.0pt\"><span style=\"font-family:&quot;Calibri&quot;,sans-serif\"><span style=\"font-variant:small-caps\">Com&eacute;rcio Exterior<\/span><\/span><\/span><\/b><\/span><\/span><\/span><\/p>\r\n\r\n<p style=\"text-align:justify\"><span style=\"font-size:11pt\"><span style=\"line-height:normal\"><span style=\"font-family:Calibri,sans-serif\"><a href=\"https:\/\/economia.uol.com.br\/noticias\/reuters\/2024\/02\/07\/ue-diz-que-mercosul-nao-atendeu-condicoes-para-concluir-acordo.htm\" style=\"color:blue; text-decoration:underline\"><span style=\"font-size:14.0pt\">UE diz que Mercosul n&atilde;o atendeu condi&ccedil;&otilde;es para concluir acordo<\/span><\/a><\/span><\/span><\/span><\/p>\r\n\r\n<p style=\"text-align:justify\"><span style=\"font-size:28pt\"><span style=\"font-family:Cambria,serif\"><span style=\"letter-spacing:-0.5pt\"><b><span style=\"font-size:18.0pt\"><span style=\"font-family:&quot;Calibri&quot;,sans-serif\"><span style=\"font-variant:small-caps\">Economia<\/span><\/span><\/span><\/b><\/span><\/span><\/span><\/p>\r\n\r\n<p style=\"text-align:justify\"><span style=\"font-size:11pt\"><span style=\"line-height:normal\"><span style=\"font-family:Calibri,sans-serif\"><span style=\"font-size:14.0pt\"><a href=\"https:\/\/www.bcb.gov.br\/content\/focus\/focus\/R20240209.pdf\" style=\"color:blue; text-decoration:underline\">Focus &ndash; Relat&oacute;rio de Mercado<\/a><\/span><\/span><\/span><\/span><\/p>\r\n\r\n<p style=\"text-align:justify\"><span style=\"font-size:11pt\"><span style=\"line-height:normal\"><span style=\"font-family:Calibri,sans-serif\"><a href=\"https:\/\/portalibre.fgv.br\/noticias\/barometros-globais-interrompem-sequencia-de-altas\" style=\"color:blue; text-decoration:underline\"><span style=\"font-size:14.0pt\">Bar&ocirc;metros Globais interrompem sequ&ecirc;ncia de altas<\/span><\/a><\/span><\/span><\/span><\/p>\r\n\r\n<p style=\"text-align:justify\"><span style=\"font-size:11pt\"><span style=\"line-height:normal\"><span style=\"font-family:Calibri,sans-serif\"><a href=\"https:\/\/blogdoibre.fgv.br\/posts\/um-breve-balanco-da-politica-fiscal-em-2023-e-os-principais-desafios-de-2024\" style=\"color:blue; text-decoration:underline\"><span style=\"font-size:14.0pt\">Um breve balan&ccedil;o da pol&iacute;tica fiscal em 2023 e os principais desafios de 2024<\/span><\/a><\/span><\/span><\/span><\/p>\r\n\r\n<p style=\"text-align:justify\"><span style=\"font-size:11pt\"><span style=\"line-height:normal\"><span style=\"font-family:Calibri,sans-serif\"><a href=\"https:\/\/blogdoibre.fgv.br\/posts\/um-breve-balanco-da-politica-fiscal-em-2023-e-os-principais-desafios-de-2024\" style=\"color:blue; text-decoration:underline\"><span style=\"font-size:14.0pt\"><img src=\"https:\/\/www.abint.org.br\/assets\/img\/editor\/redes-sociais-abint-ctg-cth_20240215152644JUUuSvIbFE.jpg\" style=\"width: 500px; height: 200px;\" \/><\/span><\/a><\/span><\/span><\/span><\/p>\r\n","6":"<p style=\"text-align:justify\"><span style=\"font-size:11pt\"><span style=\"line-height:normal\"><span style=\"font-family:Calibri,sans-serif\"><span style=\"font-size:14.0pt\">Esta &eacute; uma compila&ccedil;&atilde;o das not&iacute;cias mais relevantes para o setor, incluindo informa&ccedil;&otilde;es sobre acordos internacionais, economia brasileira, sustentabilidade e mat&eacute;rias primas, al&eacute;m de novidades do setor de N&atilde;otecidos e Tecidos T&eacute;cnicos.<\/span><\/span><\/span><\/span><\/p>\r\n\r\n<p style=\"text-align:justify\"><span style=\"font-size:28pt\"><span style=\"font-family:Cambria,serif\"><span style=\"letter-spacing:-0.5pt\"><b><span style=\"font-size:18.0pt\"><span style=\"font-family:&quot;Calibri&quot;,sans-serif\"><span style=\"font-variant:small-caps\">O que vem por a&iacute;<\/span><\/span><\/span><\/b><\/span><\/span><\/span><\/p>\r\n\r\n<p style=\"text-align:justify\"><img src=\"https:\/\/www.abint.org.br\/assets\/img\/editor\/original_20240215151923oVSyiGIxAc.png\" style=\"width: 300px; height: 69px;\" \/><\/p>\r\n\r\n<p style=\"text-align:justify\"><img src=\"https:\/\/www.abint.org.br\/assets\/img\/editor\/post-quadrado-curso-naotecido_20240215152003687Upz2gzW.jpg\" style=\"width: 500px; height: 500px;\" \/><\/p>\r\n\r\n<p style=\"text-align:justify\"><span style=\"font-size:11pt\"><span style=\"line-height:normal\"><span style=\"font-family:Calibri,sans-serif\"><a href=\"https:\/\/forms.office.com\/r\/5DrqtK5n3Y\" style=\"color:blue; text-decoration:underline\"><span style=\"font-size:14.0pt\">Informa&ccedil;&otilde;es e inscri&ccedil;&otilde;es<\/span><\/a><\/span><\/span><\/span><\/p>\r\n\r\n<p style=\"text-align:justify\">&nbsp;<\/p>\r\n\r\n<p style=\"text-align:justify\"><span style=\"font-size:11pt\"><span style=\"line-height:normal\"><span style=\"font-family:Calibri,sans-serif\"><span style=\"font-size:14.0pt\"><img src=\"https:\/\/www.abint.org.br\/assets\/img\/editor\/logo-ctg-abint-png_202402151521306Rn6Nbr0Lz.png\" style=\"width: 300px; height: 55px;\" \/><\/span><\/span><\/span><\/span><\/p>\r\n\r\n<p style=\"text-align:justify\"><span style=\"font-size:11pt\"><span style=\"line-height:normal\"><span style=\"font-family:Calibri,sans-serif\"><img src=\"https:\/\/www.abint.org.br\/assets\/img\/editor\/20240221-live-ctg-instagram-fernando-e-samira_20240215152245WkAZfw3PEj.jpeg\" style=\"width: 500px; height: 500px;\" \/><\/span><\/span><\/span><\/p>\r\n\r\n<p class=\"MsoTitle\" style=\"text-align:justify\"><span style=\"font-size:28pt\"><span style=\"font-family:Cambria,serif\"><span style=\"letter-spacing:-0.5pt\"><b><span lang=\"EN-US\" style=\"font-size:18.0pt\"><span style=\"font-family:&quot;Calibri&quot;,sans-serif\"><span style=\"font-variant:small-caps\">Not&iacute;cias das Associadas<\/span><\/span><\/span><\/b><\/span><\/span><\/span><\/p>\r\n\r\n<p style=\"text-align:justify\"><span style=\"font-size:11pt\"><span style=\"line-height:normal\"><span style=\"font-family:Calibri,sans-serif\"><a href=\"https:\/\/www.technicaltextile.net\/news\/austria-s-andritz-softys-peru-partner-for-yankee-hood-heating-system-292689.html\" style=\"color:blue; text-decoration:underline\"><span lang=\"EN-US\" style=\"font-size:14.0pt\">Austria&#39;s Andritz, Softys Peru partner for Yankee hood heating system<\/span><\/a><\/span><\/span><\/span><\/p>\r\n\r\n<p style=\"text-align:justify\"><span style=\"font-size:11pt\"><span style=\"line-height:normal\"><span style=\"font-family:Calibri,sans-serif\"><a href=\"https:\/\/www.technicaltextile.net\/news\/finland-s-suominen-posts-net-sales-of-euro-450-9-mn-in-fy23-292915.html#google_vignette\" style=\"color:blue; text-decoration:underline\"><span lang=\"EN-US\" style=\"font-size:14.0pt\">Finland&#39;s Suominen posts net sales of &euro;450.9 mn in FY23<\/span><\/a><\/span><\/span><\/span><\/p>\r\n\r\n<p style=\"text-align:justify\">&nbsp;<\/p>\r\n\r\n<p style=\"text-align:justify\"><span style=\"font-size:11pt\"><span style=\"line-height:normal\"><span style=\"font-family:Calibri,sans-serif\"><b><span style=\"font-size:18.0pt\"><span style=\"font-variant:small-caps\">Eventos<\/span><\/span><\/b><\/span><\/span><\/span><\/p>\r\n\r\n<p style=\"text-align:justify\"><span style=\"font-size:11pt\"><span style=\"line-height:normal\"><span style=\"font-family:Calibri,sans-serif\"><b><span style=\"font-size:14.0pt\">AESabesp &amp; Ecoclass | Curso: Introdu&ccedil;&atilde;o aos ODS: Diretrizes da Organiza&ccedil;&atilde;o Mundial da Sa&uacute;de<\/span><\/b><span class=\"MsoHyperlink\" style=\"color:blue\"><span style=\"text-decoration:underline\"><span style=\"font-size:14.0pt\"><span style=\"text-decoration:none\"><span style=\"text-underline:none\">, 14 e 15 de fevereiro de 2024, das 19h00 &agrave;s 21h30, online. <\/span><\/span><\/span><\/span><\/span><a href=\"https:\/\/ecoclass.eco.br\/curso\/introducao-aos-ods-diretrizes-da-organizacao-mundial-da-saude\/\" style=\"color:blue; text-decoration:underline\"><span style=\"font-size:14.0pt\">Informa&ccedil;&otilde;es<\/span><\/a> <\/span><\/span><\/span><\/p>\r\n\r\n<p style=\"text-align:justify\"><span style=\"font-size:11pt\"><span style=\"line-height:normal\"><span style=\"font-family:Calibri,sans-serif\"><b><span style=\"font-size:14.0pt\">APEX | Plano de Neg&oacute;cios Internacionais<\/span><\/b><span class=\"MsoHyperlink\" style=\"color:blue\"><span style=\"text-decoration:underline\"><span style=\"font-size:14.0pt\"><span style=\"text-decoration:none\"><span style=\"text-underline:none\">, 22 de fevereiro de 2024, 8h30 &agrave;s 12h30, evento online. <\/span><\/span><\/span><\/span><\/span><a href=\"https:\/\/7bd46367464f42938043bc2d987cb33f.marketingusercontent.com\/m\/view\/TV2ksxbiAjMcwcJr4Aa2k8EEL06Na620nVfxlGzJvY0x#msdynttrid=rLIcOvoJDgArL1GsoAdM0j50eBcHF-PxQDcWMGnIAXk\" style=\"color:blue; text-decoration:underline\"><span style=\"font-size:14.0pt\">Informa&ccedil;&otilde;es aqui<\/span><\/a> <\/span><\/span><\/span><\/p>\r\n\r\n<p style=\"text-align:justify\"><span style=\"font-size:11pt\"><span style=\"line-height:normal\"><span style=\"font-family:Calibri,sans-serif\"><b><span style=\"font-size:14.0pt\">Workshop Texbrasil | Os desafios da agenda comercial com a Argentina<\/span><\/b><span style=\"font-size:14.0pt\">, 28 de fevereiro, 10h00 &agrave;s 12h00, online via Teams. <\/span><a href=\"https:\/\/produtos.abit.org.br\/prod\/7016fb7e-c5c1-43d0-9178-a59061632ccc?utm_campaign=texbrasil_workshop_argentina_-_e-mail_1&amp;utm_medium=email&amp;utm_source=RD+Station\" style=\"color:blue; text-decoration:underline\"><span style=\"font-size:14.0pt\">Inscri&ccedil;&otilde;es aqui<\/span><\/a><span style=\"font-size:14.0pt\"> <\/span><\/span><\/span><\/span><\/p>\r\n\r\n<p style=\"text-align:justify\"><span style=\"font-size:11pt\"><span style=\"line-height:normal\"><span style=\"font-family:Calibri,sans-serif\"><b><span style=\"font-size:14.0pt\">AESabesp | Introdu&ccedil;&atilde;o ao ESG no setor de saneamento<\/span><\/b><span class=\"MsoHyperlink\" style=\"color:blue\"><span style=\"text-decoration:underline\"><span style=\"font-size:14.0pt\"><span style=\"text-decoration:none\"><span style=\"text-underline:none\">, 19 e 20 de fevereiro de 2024, 14h00 &agrave;s 17h00, online. <\/span><\/span><\/span><\/span><\/span><a href=\"https:\/\/send.neopixdmi.com\/index.php\/campaigns\/wf43090wld81e\/web-version\/mh045xn88n9c0\" style=\"color:blue; text-decoration:underline\"><span style=\"font-size:14.0pt\">Informa&ccedil;&otilde;es aqui<\/span><\/a> <\/span><\/span><\/span><\/p>\r\n\r\n<p style=\"text-align:justify\"><span style=\"font-size:11pt\"><span style=\"line-height:normal\"><span style=\"font-family:Calibri,sans-serif\"><b><span style=\"font-size:14.0pt\">FGV IBRE | I Semin&aacute;rio de An&aacute;lise Conjuntural<\/span><\/b><span class=\"MsoHyperlink\" style=\"color:blue\"><span style=\"text-decoration:underline\"><span style=\"font-size:14.0pt\"><span style=\"text-decoration:none\"><span style=\"text-underline:none\">, 07 de mar&ccedil;o de 2024, 10h00 &agrave;s 11h30, evento presencial, Praia de Botafogo, 190, Rio de Janeiro, RJ. <\/span><\/span><\/span><\/span><\/span><a href=\"https:\/\/evento.fgv.br\/analise-conjuntural_0703\/\" style=\"color:blue; text-decoration:underline\"><span style=\"font-size:14.0pt\">Informa&ccedil;&otilde;es e inscri&ccedil;&otilde;es aqui<\/span><\/a> <\/span><\/span><\/span><\/p>\r\n\r\n<p style=\"text-align:justify\"><span style=\"font-size:11pt\"><span style=\"line-height:normal\"><span style=\"font-family:Calibri,sans-serif\"><b><span style=\"font-size:14.0pt\">AESabesp | Curso: O Mega Desafio Trazido Pela Nova Lei de Licita&ccedil;&otilde;es e Contratos - Lei 14133\/2021<\/span><\/b><span style=\"font-size:14.0pt\">, 11 a 13 de mar&ccedil;o de 2024. 08h &agrave;s 17h, curso presencial. <\/span><a href=\"https:\/\/send.neopixdmi.com\/index.php\/campaigns\/sz055v7jdy85b\/web-version\/mh045xn88n9c0\" style=\"color:blue; text-decoration:underline\"><span style=\"font-size:14.0pt\">Informa&ccedil;&otilde;es aqui<\/span><\/a><\/span><\/span><\/span><\/p>\r\n\r\n<p style=\"text-align:justify\"><span style=\"font-size:11pt\"><span style=\"line-height:normal\"><span style=\"font-family:Calibri,sans-serif\"><b><span style=\"font-size:14.0pt\">GEOAMERICAS 2024, <\/span><\/b><span style=\"font-size:14.0pt\">de 28 de abril a 01 de maio de 2024, em Toronto (Canad&aacute;). <\/span><a href=\"https:\/\/www.geoamericas2024.org\/\" style=\"color:blue; text-decoration:underline\"><span style=\"font-size:14.0pt\">Informa&ccedil;&otilde;es aqui.<\/span><\/a><\/span><\/span><\/span><\/p>\r\n\r\n<p style=\"text-align:justify\"><span style=\"font-size:11pt\"><span style=\"line-height:normal\"><span style=\"font-family:Calibri,sans-serif\"><b><span style=\"font-size:14.0pt\">II Congresso Ibero-Americano de Esteriliza&ccedil;&atilde;o e II Congresso Nacional de Reprocessamento de Dispositivos M&eacute;dicos<\/span><\/b><span style=\"font-size:14.0pt\">, 16 a 18 de maio de 2024, Cartagena, Colombia<b>. <\/b><\/span><a href=\"http:\/\/nascecme.com.br\/ii-congresso-ibero-americano-de-esterilizacao-e-ii-congresso-nacional-de-reprocessamento-de-dispositivos-medicos\/\" style=\"color:blue; text-decoration:underline\"><span lang=\"EN-US\" style=\"font-size:14.0pt\">Informa&ccedil;&otilde;es<\/span><\/a><span lang=\"EN-US\" style=\"font-size:14.0pt\"> <\/span><\/span><\/span><\/span><\/p>\r\n\r\n<p style=\"text-align:justify\"><span style=\"font-size:11pt\"><span style=\"line-height:normal\"><span style=\"font-family:Calibri,sans-serif\"><b><span lang=\"EN-US\" style=\"font-size:14.0pt\">ANEX 2024 | Asia Nonwoven Exhibition and Conference<\/span><\/b><span lang=\"EN-US\" style=\"font-size:14.0pt\">, 22-24 May 2024, Taipei Nangang Exhibition Center, Hall 1. <\/span><a href=\"https:\/\/www.anex2024.com\/\" style=\"color:blue; text-decoration:underline\"><span lang=\"EN-US\" style=\"font-size:14.0pt\">Information here<\/span><\/a> <\/span><\/span><\/span><\/p>\r\n\r\n<p style=\"text-align:justify\"><span style=\"font-size:11pt\"><span style=\"line-height:normal\"><span style=\"font-family:Calibri,sans-serif\"><b><span lang=\"EN-US\" style=\"font-size:14.0pt\">The EDANA Innovation Forum<\/span><\/b><span class=\"MsoHyperlink\" style=\"color:blue\"><span style=\"text-decoration:underline\"><span lang=\"EN-US\" style=\"font-size:14.0pt\"><span style=\"text-decoration:none\"><span style=\"text-underline:none\">, 04 - 06 June 2024, Munich. <\/span><\/span><\/span><\/span><\/span><a href=\"https:\/\/www.edana.org\/events\/edana-innovation-forum-?ct=t(MENA_2018_call_for_papers6_28_2017_COPY_01)&amp;mc_cid=27efeab42f&amp;mc_eid=08e0eae351\" style=\"color:blue; text-decoration:underline\"><span lang=\"EN-US\" style=\"font-size:14.0pt\">Information here<\/span><\/a><\/span><\/span><\/span><\/p>\r\n\r\n<p style=\"text-align:justify\"><span style=\"font-size:11pt\"><span style=\"line-height:normal\"><span style=\"font-family:Calibri,sans-serif\"><b><span lang=\"EN-US\" style=\"font-size:14.0pt\">HIGITEX 2024 | International Technical Textiles &amp; Nonwoven Exhibition<\/span><\/b><span lang=\"EN-US\" style=\"font-size:14.0pt\">, 4-8 June 2024, T&uuml;yap Fair Convention and Congress Center, T&uuml;rkiye. <\/span><a href=\"https:\/\/www.hightex.com.tr\/\" style=\"color:blue; text-decoration:underline\"><span style=\"font-size:14.0pt\">Information here<\/span><\/a> <\/span><\/span><\/span><\/p>\r\n\r\n<p style=\"text-align:justify\"><span style=\"font-size:11pt\"><span style=\"line-height:normal\"><span style=\"font-family:Calibri,sans-serif\"><b><span style=\"font-size:14.0pt\">FEIPLAR COMPOSITES &amp; FEIPUR &ndash; Feira e Congresso Internacionais de Composites, Poliuretano, Pl&aacute;sticos de Engenharia e Compostos Termopl&aacute;sticos<\/span><\/b><span style=\"font-size:14.0pt\">, 20 a 22 de agosto de 2024, S&atilde;o Paulo Expo (Pavilh&atilde;o 5), palestras: das 8h30 &agrave;s 18h, feira: das 13h &agrave;s 20h.<b> <\/b><\/span><a href=\"http:\/\/www.feiplar.com\" style=\"color:blue; text-decoration:underline\"><span style=\"font-size:14.0pt\">www.feiplar.com<\/span><\/a> <\/span><\/span><\/span><\/p>\r\n\r\n<p style=\"text-align:justify\"><span style=\"font-size:11pt\"><span style=\"line-height:normal\"><span style=\"font-family:Calibri,sans-serif\"><b><span style=\"font-size:14.0pt\">Fenasan 2024 &ndash; Feira Nacional de Saneamento e Meio Ambiente<\/span><\/b><span style=\"font-size:14.0pt\">, 22 a 24 de outubro de 2024, Pavilh&otilde;es Verde e Vermelho, Expo Center Norte, S&atilde;o Paulo SP. <\/span><a href=\"http:\/\/www.fenasan.com.br\" style=\"color:blue; text-decoration:underline\"><span style=\"font-size:14.0pt\">www.fenasan.com.br<\/span><\/a> <\/span><\/span><\/span><\/p>\r\n\r\n<p style=\"text-align:justify\"><span style=\"font-size:11pt\"><span style=\"line-height:normal\"><span style=\"font-family:Calibri,sans-serif\"><b><span style=\"font-size:14.0pt\">HospitalMed 2024<\/span><\/b><span style=\"font-size:14.0pt\">, 23 a 25 de outubro, das 14h &agrave;s 20h, no Pernambuco Centro de Conven&ccedil;&otilde;es. <\/span><a href=\"http:\/\/www.hospitalmed.com.br\" style=\"color:blue; text-decoration:underline\"><span style=\"font-size:14.0pt\">www.hospitalmed.com.br<\/span><\/a> <\/span><\/span><\/span><\/p>\r\n\r\n<p style=\"text-align:justify\"><span style=\"font-size:28pt\"><span style=\"font-family:Cambria,serif\"><span style=\"letter-spacing:-0.5pt\"><b><span style=\"font-size:18.0pt\"><span style=\"font-family:&quot;Calibri&quot;,sans-serif\"><span style=\"font-variant:small-caps\">Setor<\/span><\/span><\/span><\/b><\/span><\/span><\/span><\/p>\r\n\r\n<p style=\"text-align:justify\"><span style=\"font-size:11pt\"><span style=\"line-height:normal\"><span style=\"font-family:Calibri,sans-serif\"><a href=\"https:\/\/www.nonwovens-industry.com\/contents\/view_online-exclusives\/2024-02-07\/berry-glatfelter-announce-merger?utm_campaign=NON+eNewsletter&amp;utm_medium=email&amp;_hsmi=293353289&amp;_hsenc=p2ANqtz--SzV-liz9Wg-n7I33m_Fuz-sHOdRImKO585IveVcG2Ou-1W2HqoXTC9U3jMKNQVvGFLjc8XhSGUSaKE3SvU1jmnzF_gg&amp;utm_content=293353289&amp;utm_source=hs_email\" style=\"color:blue; text-decoration:underline\"><span style=\"font-size:14.0pt\">Berry, Glatfelter Announce Merger<\/span><\/a><\/span><\/span><\/span><\/p>\r\n\r\n<p style=\"text-align:justify\"><span style=\"font-size:11pt\"><span style=\"line-height:normal\"><span style=\"font-family:Calibri,sans-serif\"><a href=\"https:\/\/plasticosemrevista.com.br\/pet-grupo-alfa-planeja-sua-separacao-da-alpek-polyester\/\" style=\"color:blue; text-decoration:underline\"><span style=\"font-size:14.0pt\">PET: grupo Alfa planeja sua separa&ccedil;&atilde;o da Alpek Polyester<\/span><\/a><\/span><\/span><\/span><\/p>\r\n\r\n<p style=\"text-align:justify\"><span style=\"font-size:11pt\"><span style=\"line-height:normal\"><span style=\"font-family:Calibri,sans-serif\"><a href=\"https:\/\/www.innovationintextiles.com\/fibres-yarns-fabrics\/pet-polyester-recycling-gathering-momentum\/\" style=\"color:blue; text-decoration:underline\"><span lang=\"EN-US\" style=\"font-size:14.0pt\">PET polyester recycling gathering momentum<\/span><\/a><\/span><\/span><\/span><\/p>\r\n\r\n<p style=\"text-align:justify\"><span style=\"font-size:11pt\"><span style=\"line-height:normal\"><span style=\"font-family:Calibri,sans-serif\"><a href=\"https:\/\/www.technicaltextile.net\/news\/us-inda-shifts-focus-to-sustainability-as-key-initiative-for-2024-292997.html\" style=\"color:blue; text-decoration:underline\"><span lang=\"EN-US\" style=\"font-size:14.0pt\">US&#39; INDA shifts focus to sustainability as key initiative for 2024<\/span><\/a><\/span><\/span><\/span><\/p>\r\n\r\n<p style=\"text-align:justify\"><span style=\"font-size:11pt\"><span style=\"line-height:normal\"><span style=\"font-family:Calibri,sans-serif\"><a href=\"https:\/\/www.innovationintextiles.com\/composites\/nonwoven-options-for-composites-at-jec-2024\/\" style=\"color:blue; text-decoration:underline\"><span lang=\"EN-US\" style=\"font-size:14.0pt\">Nonwoven options for composites at JEC 2024<\/span><\/a><\/span><\/span><\/span><\/p>\r\n\r\n<p style=\"text-align:justify\"><span style=\"font-size:11pt\"><span style=\"line-height:normal\"><span style=\"font-family:Calibri,sans-serif\"><a href=\"https:\/\/www.technicaltextile.net\/news\/us-clean-advocacy-summit-to-address-policy-issues-in-nonwovens-sector-292833.html#google_vignette\" style=\"color:blue; text-decoration:underline\"><span lang=\"EN-US\" style=\"font-size:14.0pt\">US&#39; Clean Advocacy Summit to address policy issues in nonwovens sector<\/span><\/a><\/span><\/span><\/span><\/p>\r\n\r\n<p style=\"text-align:justify\"><span style=\"font-size:11pt\"><span style=\"line-height:normal\"><span style=\"font-family:Calibri,sans-serif\"><a href=\"https:\/\/www.santos.sp.gov.br\/?q=noticia\/reconstrucao-de-encosta-comeca-com-remocao-de-lixo-e-entulho-em-morro-de-santos\" style=\"color:blue; text-decoration:underline\"><span style=\"font-size:14.0pt\">Geomantas: Reconstru&ccedil;&atilde;o de encosta come&ccedil;a com remo&ccedil;&atilde;o de lixo e entulho em morro de Santos<\/span><\/a><\/span><\/span><\/span><\/p>\r\n\r\n<p style=\"text-align:justify\"><span style=\"font-size:11pt\"><span style=\"line-height:normal\"><span style=\"font-family:Calibri,sans-serif\"><a href=\"https:\/\/tissueonline.com.br\/huggies-e-reconhecida-pela-forbes-como-a-melhor-fralda-do-mercado\/\" style=\"color:blue; text-decoration:underline\"><span style=\"font-size:14.0pt\">Huggies &eacute; reconhecida pela Forbes como a melhor fralda do mercado<\/span><\/a><\/span><\/span><\/span><\/p>\r\n\r\n<p style=\"text-align:justify\"><span style=\"font-size:11pt\"><span style=\"line-height:normal\"><span style=\"font-family:Calibri,sans-serif\"><a href=\"https:\/\/www.band.uol.com.br\/noticias\/jornal-da-band\/videos\/defesa-civil-esta-em-alerta-com-as-minas-da-braskem-17215994\" style=\"color:blue; text-decoration:underline\"><span style=\"font-size:14.0pt\">Defesa Civil est&aacute; em Alerta com as Minas da Braskem<\/span><\/a><\/span><\/span><\/span><\/p>\r\n\r\n<p style=\"text-align:justify\"><span style=\"font-size:28pt\"><span style=\"font-family:Cambria,serif\"><span style=\"letter-spacing:-0.5pt\"><b><span style=\"font-size:18.0pt\"><span style=\"font-family:&quot;Calibri&quot;,sans-serif\"><span style=\"font-variant:small-caps\">Ind&uacute;stria<\/span><\/span><\/span><\/b><\/span><\/span><\/span><\/p>\r\n\r\n<p style=\"text-align:justify\"><span style=\"font-size:11pt\"><span style=\"line-height:normal\"><span style=\"font-family:Calibri,sans-serif\"><a href=\"https:\/\/comexdobrasil.com\/abit-defende-pragmatismo-para-enfrentar-concorrencia-da-china-na-america-do-sul\/\" style=\"color:blue; text-decoration:underline\"><span style=\"font-size:14.0pt\">Abit defende pragmatismo para enfrentar concorr&ecirc;ncia da China na Am&eacute;rica do Sul<\/span><\/a><\/span><\/span><\/span><\/p>\r\n\r\n<p style=\"text-align:justify\"><span style=\"font-size:11pt\"><span style=\"line-height:normal\"><span style=\"font-family:Calibri,sans-serif\"><a href=\"https:\/\/www.poder360.com.br\/opiniao\/neoindustrializacao-e-a-nova-politica-industrial\/\" style=\"color:blue; text-decoration:underline\"><span style=\"font-size:14.0pt\">Abimaq: Neoindustrializa&ccedil;&atilde;o e a nova pol&iacute;tica industrial<\/span><\/a><\/span><\/span><\/span><\/p>\r\n\r\n<p style=\"text-align:justify\"><span style=\"font-size:11pt\"><span style=\"line-height:normal\"><span style=\"font-family:Calibri,sans-serif\"><a href=\"https:\/\/istoedinheiro.com.br\/nova-politica-industrial-precisa-alcancar-o-chao-da-fabrica-defende-abiplast-3\/\" style=\"color:blue; text-decoration:underline\"><span style=\"font-size:14.0pt\">Nova pol&iacute;tica para ind&uacute;stria precisa alcan&ccedil;ar o &lsquo;ch&atilde;o da f&aacute;brica&rsquo;, defende Abiplast<\/span><\/a><\/span><\/span><\/span><\/p>\r\n\r\n<p style=\"text-align:justify\"><span style=\"font-size:11pt\"><span style=\"line-height:normal\"><span style=\"font-family:Calibri,sans-serif\"><a href=\"https:\/\/www.balcaoautomotivo.com\/2024\/02\/07\/abrafiltros-realiza-ampliacao-nas-atividades-e-fortalece-parcerias-em-2023\/\" style=\"color:blue; text-decoration:underline\"><span style=\"font-size:14.0pt\">Abrafiltros realiza amplia&ccedil;&atilde;o nas atividades e fortalece parcerias em 2023<\/span><\/a><\/span><\/span><\/span><\/p>\r\n\r\n<p style=\"text-align:justify\"><span style=\"font-size:11pt\"><span style=\"line-height:normal\"><span style=\"font-family:Calibri,sans-serif\"><a href=\"https:\/\/grandesconstrucoes.com.br\/Noticias\/Exibir\/bndes-planeja-aumentar-entre-25-e-30-ao-ano-o-financiamento-de-infraestrutura?utm_source=akna&amp;utm_medium=email&amp;utm_campaign=Grandes-Construcoes-Informativo-898-08-02-2024&amp;utm_source=akna&amp;utm_medium=email&amp;utm_campaign=Grandes-Construcoes-Informativo-898-08-02-2024\" style=\"color:blue; text-decoration:underline\"><span style=\"font-size:14.0pt\">BNDES planeja aumentar entre 25% e 30% ao ano o financiamento de infraestrutura<\/span><\/a><\/span><\/span><\/span><\/p>\r\n\r\n<p style=\"text-align:justify\"><span style=\"font-size:11pt\"><span style=\"line-height:normal\"><span style=\"font-family:Calibri,sans-serif\"><a href=\"https:\/\/grandesconstrucoes.com.br\/Noticias\/Exibir\/governo-anuncia-ampliacao-de-investimentos-em-rodovias-e-ferrovias-para-escoamento-de-graos?utm_source=akna&amp;utm_medium=email&amp;utm_campaign=Grandes-Construcoes-Informativo-898-08-02-2024&amp;utm_source=akna&amp;utm_medium=email&amp;utm_campaign=Grandes-Construcoes-Informativo-898-08-02-2024\" style=\"color:blue; text-decoration:underline\"><span style=\"font-size:14.0pt\">Governo anuncia amplia&ccedil;&atilde;o de investimentos em rodovias e ferrovias para escoamento de gr&atilde;os<\/span><\/a><\/span><\/span><\/span><\/p>\r\n\r\n<p style=\"text-align:justify\"><span style=\"font-size:28pt\"><span style=\"font-family:Cambria,serif\"><span style=\"letter-spacing:-0.5pt\"><b><span lang=\"EN-US\" style=\"font-size:18.0pt\"><span style=\"font-family:&quot;Calibri&quot;,sans-serif\"><span style=\"font-variant:small-caps\">Sustentabilidade<\/span><\/span><\/span><\/b><\/span><\/span><\/span><\/p>\r\n\r\n<p style=\"text-align:justify\"><span style=\"font-size:11pt\"><span style=\"line-height:normal\"><span style=\"font-family:Calibri,sans-serif\"><a href=\"https:\/\/phys.org\/news\/2024-02-nanoplastics-oligomers-polyester-textiles.html?utm_source=nwletter&amp;utm_medium=email&amp;utm_campaign=daily-nwletter\" style=\"color:blue; text-decoration:underline\"><span lang=\"EN-US\" style=\"font-size:14.0pt\">When nanoplastics are not what they seem: Release of oligomers from polyester textiles<\/span><\/a><\/span><\/span><\/span><\/p>\r\n\r\n<p style=\"text-align:justify\"><span style=\"font-size:11pt\"><span style=\"line-height:normal\"><span style=\"font-family:Calibri,sans-serif\"><a href=\"https:\/\/umsoplaneta.globo.com\/cultura-design-e-moda\/noticia\/2024\/02\/14\/esta-empresa-encontrou-na-reciclagem-a-solucao-para-reduzir-o-impacto-ambiental-dos-residuos-texteis-no-chile.ghtml\" style=\"color:blue; text-decoration:underline\"><span style=\"font-size:14.0pt\">Empresa encontrou na reciclagem a solu&ccedil;&atilde;o para reduzir o impacto ambiental dos res&iacute;duos t&ecirc;xteis no Chile<\/span><\/a><\/span><\/span><\/span><\/p>\r\n\r\n<p style=\"text-align:justify\"><span style=\"font-size:11pt\"><span style=\"line-height:normal\"><span style=\"font-family:Calibri,sans-serif\"><a href=\"https:\/\/www.al.pi.leg.br\/tv\/noticias-tv-1\/plataforma-recircula-brasil-permite-rastrear-reutilizacao-de-plastico#:~:text=Plataforma%20Recircula%20Brasil%20permite%20rastrear%20reutiliza%C3%A7%C3%A3o%20de%20pl%C3%A1stico,-Compartilhar&amp;text=Iniciativa%20tem%20como%20objetivo%20contribuir,Ind%C3%BAstria%20do%20Pl%C3%A1stico%20(Abiplast).\" style=\"color:blue; text-decoration:underline\"><span style=\"font-size:14.0pt\">Plataforma Recircula Brasil permite rastrear reutiliza&ccedil;&atilde;o de pl&aacute;stico<\/span><\/a><\/span><\/span><\/span><\/p>\r\n\r\n<p style=\"text-align:justify\"><span style=\"font-size:11pt\"><span style=\"line-height:normal\"><span style=\"font-family:Calibri,sans-serif\"><a href=\"https:\/\/tissueonline.com.br\/91-das-industrias-foram-atingidas-pela-escassez-de-recursos-evidenciando-a-importancia-da-circularidade\/\" style=\"color:blue; text-decoration:underline\"><span style=\"font-size:14.0pt\">Economia circular: 91% das ind&uacute;strias foram atingidas pela escassez de recursos, evidenciando a import&acirc;ncia da circularidade<\/span><\/a><\/span><\/span><\/span><\/p>\r\n\r\n<p style=\"text-align:justify\"><span style=\"font-size:11pt\"><span style=\"line-height:normal\"><span style=\"font-family:Calibri,sans-serif\"><a href=\"https:\/\/grandesconstrucoes.com.br\/Noticias\/Exibir\/brasil-produz-48-milhoes-de-toneladas-de-residuos-de-construcao-e-demolicao?utm_source=akna&amp;utm_medium=email&amp;utm_campaign=Grandes-Construcoes-Informativo-898-08-02-2024&amp;utm_source=akna&amp;utm_medium=email&amp;utm_campaign=Grandes-Construcoes-Informativo-898-08-02-2024\" style=\"color:blue; text-decoration:underline\"><span style=\"font-size:14.0pt\">Brasil produz 48 milh&otilde;es de toneladas de res&iacute;duos de constru&ccedil;&atilde;o e demoli&ccedil;&atilde;o<\/span><\/a><\/span><\/span><\/span><\/p>\r\n\r\n<p style=\"text-align:justify\"><span style=\"font-size:28pt\"><span style=\"font-family:Cambria,serif\"><span style=\"letter-spacing:-0.5pt\"><b><span lang=\"EN-US\" style=\"font-size:18.0pt\"><span style=\"font-family:&quot;Calibri&quot;,sans-serif\"><span style=\"font-variant:small-caps\">Inova&ccedil;&atilde;o<\/span><\/span><\/span><\/b><\/span><\/span><\/span><\/p>\r\n\r\n<p style=\"text-align:justify\"><span style=\"font-size:11pt\"><span style=\"line-height:normal\"><span style=\"font-family:Calibri,sans-serif\"><a href=\"https:\/\/www.innovationintextiles.com\/composites\/sustainable-biobased-materials-for-the-automotive-industry\/\" style=\"color:blue; text-decoration:underline\"><span lang=\"EN-US\" style=\"font-size:14.0pt\">Sustainable, bio-based materials for the automotive industry<\/span><\/a><\/span><\/span><\/span><\/p>\r\n\r\n<p style=\"text-align:justify\"><span style=\"font-size:11pt\"><span style=\"line-height:normal\"><span style=\"font-family:Calibri,sans-serif\"><a href=\"https:\/\/www.gov.br\/mcti\/pt-br\/acompanhe-o-mcti\/noticias\/2024\/02\/grupo-de-trabalho-do-g20-debate-inovacao-para-desenvolvimento-justo-e-sustentavel\" style=\"color:blue; text-decoration:underline\"><span style=\"font-size:14.0pt\">Grupo de trabalho do G20 debate inova&ccedil;&atilde;o para desenvolvimento justo e sustent&aacute;vel<\/span><\/a><\/span><\/span><\/span><\/p>\r\n\r\n<p style=\"text-align:justify\"><span style=\"font-size:11pt\"><span style=\"line-height:normal\"><span style=\"font-family:Calibri,sans-serif\"><a href=\"https:\/\/phys.org\/news\/2024-02-mussel-antimicrobial-coating-sanitary-fabrics.html?utm_source=nwletter&amp;utm_medium=email&amp;utm_campaign=daily-nwletter\" style=\"color:blue; text-decoration:underline\"><span lang=\"EN-US\" style=\"font-size:14.0pt\">Mussel-inspired antimicrobial coating protects sanitary fabrics from contamination<\/span><\/a><\/span><\/span><\/span><\/p>\r\n\r\n<p style=\"text-align:justify\"><span style=\"font-size:11pt\"><span style=\"line-height:normal\"><span style=\"font-family:Calibri,sans-serif\"><a href=\"https:\/\/techxplore.com\/news\/2024-02-hong-kong-recycles-textile-thermal.html?utm_source=nwletter&amp;utm_medium=email&amp;utm_campaign=daily-nwletter\" style=\"color:blue; text-decoration:underline\"><span lang=\"EN-US\" style=\"font-size:14.0pt\">Hong Kong researcher recycles textile waste for &#39;building clothing&#39; as thermal insulation<\/span><\/a><\/span><\/span><\/span><\/p>\r\n\r\n<p style=\"text-align:justify\"><span style=\"font-size:11pt\"><span style=\"line-height:normal\"><span style=\"font-family:Calibri,sans-serif\"><a href=\"https:\/\/techxplore.com\/news\/2024-02-fashion-strands-fiber-woven.html?utm_source=nwletter&amp;utm_medium=email&amp;utm_campaign=daily-nwletter\" style=\"color:blue; text-decoration:underline\"><span lang=\"EN-US\" style=\"font-size:14.0pt\">Engineers fashion strands of conductive fiber that can be woven into clothes<\/span><\/a><\/span><\/span><\/span><\/p>\r\n\r\n<p style=\"text-align:justify\"><span style=\"font-size:28pt\"><span style=\"font-family:Cambria,serif\"><span style=\"letter-spacing:-0.5pt\"><b><span style=\"font-size:18.0pt\"><span style=\"font-family:&quot;Calibri&quot;,sans-serif\"><span style=\"font-variant:small-caps\">Com&eacute;rcio Exterior<\/span><\/span><\/span><\/b><\/span><\/span><\/span><\/p>\r\n\r\n<p style=\"text-align:justify\"><span style=\"font-size:11pt\"><span style=\"line-height:normal\"><span style=\"font-family:Calibri,sans-serif\"><a href=\"https:\/\/economia.uol.com.br\/noticias\/reuters\/2024\/02\/07\/ue-diz-que-mercosul-nao-atendeu-condicoes-para-concluir-acordo.htm\" style=\"color:blue; text-decoration:underline\"><span style=\"font-size:14.0pt\">UE diz que Mercosul n&atilde;o atendeu condi&ccedil;&otilde;es para concluir acordo<\/span><\/a><\/span><\/span><\/span><\/p>\r\n\r\n<p style=\"text-align:justify\"><span style=\"font-size:28pt\"><span style=\"font-family:Cambria,serif\"><span style=\"letter-spacing:-0.5pt\"><b><span style=\"font-size:18.0pt\"><span style=\"font-family:&quot;Calibri&quot;,sans-serif\"><span style=\"font-variant:small-caps\">Economia<\/span><\/span><\/span><\/b><\/span><\/span><\/span><\/p>\r\n\r\n<p style=\"text-align:justify\"><span style=\"font-size:11pt\"><span style=\"line-height:normal\"><span style=\"font-family:Calibri,sans-serif\"><span style=\"font-size:14.0pt\"><a href=\"https:\/\/www.bcb.gov.br\/content\/focus\/focus\/R20240209.pdf\" style=\"color:blue; text-decoration:underline\">Focus &ndash; Relat&oacute;rio de Mercado<\/a><\/span><\/span><\/span><\/span><\/p>\r\n\r\n<p style=\"text-align:justify\"><span style=\"font-size:11pt\"><span style=\"line-height:normal\"><span style=\"font-family:Calibri,sans-serif\"><a href=\"https:\/\/portalibre.fgv.br\/noticias\/barometros-globais-interrompem-sequencia-de-altas\" style=\"color:blue; text-decoration:underline\"><span style=\"font-size:14.0pt\">Bar&ocirc;metros Globais interrompem sequ&ecirc;ncia de altas<\/span><\/a><\/span><\/span><\/span><\/p>\r\n\r\n<p style=\"text-align:justify\"><span style=\"font-size:11pt\"><span style=\"line-height:normal\"><span style=\"font-family:Calibri,sans-serif\"><a href=\"https:\/\/blogdoibre.fgv.br\/posts\/um-breve-balanco-da-politica-fiscal-em-2023-e-os-principais-desafios-de-2024\" style=\"color:blue; text-decoration:underline\"><span style=\"font-size:14.0pt\">Um breve balan&ccedil;o da pol&iacute;tica fiscal em 2023 e os principais desafios de 2024<\/span><\/a><\/span><\/span><\/span><\/p>\r\n\r\n<p style=\"text-align:justify\"><span style=\"font-size:11pt\"><span style=\"line-height:normal\"><span style=\"font-family:Calibri,sans-serif\"><a href=\"https:\/\/blogdoibre.fgv.br\/posts\/um-breve-balanco-da-politica-fiscal-em-2023-e-os-principais-desafios-de-2024\" style=\"color:blue; text-decoration:underline\"><span style=\"font-size:14.0pt\"><img src=\"https:\/\/www.abint.org.br\/assets\/img\/editor\/redes-sociais-abint-ctg-cth_20240215152644JUUuSvIbFE.jpg\" style=\"width: 500px; height: 200px;\" \/><\/span><\/a><\/span><\/span><\/span><\/p>\r\n","texto_en":"","7":"","imagem":"COMP_capa-2024-site-boletim-abint-noticias-semanis_20240215152837fh3NNE9SJa.jpg","8":"COMP_capa-2024-site-boletim-abint-noticias-semanis_20240215152837fh3NNE9SJa.jpg","arquivo":"20240215-BOLETIM-ABINT-DE-NOTICIAS-SEMANAIS.PDF","9":"20240215-BOLETIM-ABINT-DE-NOTICIAS-SEMANAIS.PDF","titulo_arquivo":"20240215 Boletim ABINT de Not\u00edcias Semanais","10":"20240215 Boletim ABINT de Not\u00edcias Semanais","titulo_arquivo_en":"","11":"","created_at":"2024-02-15 15:28:48","12":"2024-02-15 15:28:48","updated_at":"2024-02-15 15:28:48","13":"2024-02-15 15:28:48"},{"id":102,"0":102,"ordem":121,"1":121,"data":"2024-02-09","2":"2024-02-09","slug":"boletim-abint-de-noticias-semanais-15","3":"boletim-abint-de-noticias-semanais-15","titulo":"Boletim ABINT de Not\u00edcias Semanais","4":"Boletim ABINT de Not\u00edcias Semanais","titulo_en":"","5":"","texto":"<p style=\"text-align:justify\"><span style=\"font-size:11pt\"><span style=\"line-height:normal\"><span style=\"font-family:Calibri,sans-serif\"><span style=\"font-size:14.0pt\">Esta &eacute; uma compila&ccedil;&atilde;o das not&iacute;cias mais relevantes para o setor, incluindo informa&ccedil;&otilde;es sobre acordos internacionais, economia brasileira, sustentabilidade e mat&eacute;rias primas, al&eacute;m de novidades do setor de N&atilde;otecidos e Tecidos T&eacute;cnicos.<\/span><\/span><\/span><\/span><\/p>\r\n\r\n<p style=\"text-align:justify\"><span style=\"font-size:28pt\"><span style=\"font-family:Cambria,serif\"><span style=\"letter-spacing:-0.5pt\"><b><span style=\"font-size:18.0pt\"><span style=\"font-family:&quot;Calibri&quot;,sans-serif\"><span style=\"font-variant:small-caps\">O que vem por a&iacute;<\/span><\/span><\/span><\/b><\/span><\/span><\/span><\/p>\r\n\r\n<p style=\"text-align:justify\"><img src=\"https:\/\/www.abint.org.br\/assets\/img\/editor\/original_20240214151412ov6Fe21u4b.png\" style=\"width: 300px; height: 69px;\" \/><\/p>\r\n\r\n<p style=\"text-align:justify\"><img src=\"https:\/\/www.abint.org.br\/assets\/img\/editor\/post-quadrado-curso-naotecido_20240214151505ABNA5CUcEs.jpg\" style=\"width: 500px; height: 500px;\" \/><\/p>\r\n\r\n<p style=\"text-align:justify\"><span style=\"font-size:11pt\"><span style=\"line-height:normal\"><span style=\"font-family:Calibri,sans-serif\"><a href=\"https:\/\/forms.office.com\/r\/5DrqtK5n3Y\" style=\"color:blue; text-decoration:underline\"><span style=\"font-size:14.0pt\">Informa&ccedil;&otilde;es e inscri&ccedil;&otilde;es<\/span><\/a><\/span><\/span><\/span><\/p>\r\n\r\n<p style=\"text-align:justify\">&nbsp;<\/p>\r\n\r\n<p style=\"text-align:justify\"><br \/>\r\n<img src=\"https:\/\/www.abint.org.br\/assets\/img\/editor\/logo-ctg-abint-png_20240214151618DWghlOzmnq.png\" style=\"width: 300px; height: 55px;\" \/><\/p>\r\n\r\n<p style=\"text-align:justify\"><img src=\"https:\/\/www.abint.org.br\/assets\/img\/editor\/20240221-live-ctg-instagram-fernando-e-samira_20240214151725Le6DwCWHXF.jpeg\" style=\"width: 500px; height: 500px;\" \/><\/p>\r\n\r\n<p class=\"MsoTitle\" style=\"text-align:justify\"><span style=\"font-size:28pt\"><span style=\"font-family:Cambria,serif\"><span style=\"letter-spacing:-0.5pt\"><b><span style=\"font-size:18.0pt\"><span style=\"font-family:&quot;Calibri&quot;,sans-serif\"><span style=\"font-variant:small-caps\">Not&iacute;cias das Associadas<\/span><\/span><\/span><\/b><\/span><\/span><\/span><\/p>\r\n\r\n<p style=\"text-align:justify\"><span style=\"font-size:11pt\"><span style=\"line-height:normal\"><span style=\"font-family:Calibri,sans-serif\"><a href=\"https:\/\/www.nonwovens-industry.com\/contents\/view_breaking-news\/2024-02-01\/freudenberg-to-showcase-solutions-for-the-composites-industry-at-jec-world\/15303\" style=\"color:blue; text-decoration:underline\"><span lang=\"EN-US\" style=\"font-size:14.0pt\">Freudenberg to Showcase Solutions for the Composites Industry at JEC World<\/span><\/a><\/span><\/span><\/span><\/p>\r\n\r\n<p style=\"text-align:justify\"><span style=\"font-size:11pt\"><span style=\"line-height:normal\"><span style=\"font-family:Calibri,sans-serif\"><a href=\"https:\/\/conectaverde.com.br\/grupo-viveo-passa-a-atestar-a-sustentabilidade-de-suas-embalagens-com-o-papelcartao-da-papirus\/?utm_campaign=conecta_verde_news_47&amp;utm_medium=email&amp;utm_source=RD+Station\" style=\"color:blue; text-decoration:underline\"><span style=\"font-size:14.0pt\">Grupo Viveo passa a atestar a sustentabilidade de suas embalagens com o papelcart&atilde;o da Papirus<\/span><\/a><\/span><\/span><\/span><\/p>\r\n\r\n<p style=\"text-align:justify\">&nbsp;<\/p>\r\n\r\n<p style=\"text-align:justify\"><span style=\"font-size:11pt\"><span style=\"line-height:normal\"><span style=\"font-family:Calibri,sans-serif\"><b><span style=\"font-size:18.0pt\"><span style=\"font-variant:small-caps\">Eventos<\/span><\/span><\/b><\/span><\/span><\/span><\/p>\r\n\r\n<p style=\"text-align:justify\"><span style=\"font-size:11pt\"><span style=\"line-height:normal\"><span style=\"font-family:Calibri,sans-serif\"><b><span style=\"font-size:14.0pt\">Etiquetagem de t&ecirc;xtil com &ecirc;nfase na norma ABNT NBR MM 3758:2013<\/span><\/b><span class=\"MsoHyperlink\" style=\"color:blue\"><span style=\"text-decoration:underline\"><span style=\"font-size:14.0pt\"><span style=\"text-decoration:none\"><span style=\"text-underline:none\">, 05 e 06 de fevereiro de 2024 (e mais 3 turmas). <\/span><\/span><\/span><\/span><\/span><a href=\"https:\/\/api.whatsapp.com\/send?phone=551130173680\" style=\"color:blue; text-decoration:underline\"><span style=\"font-size:14.0pt\">Informa&ccedil;&otilde;es<\/span><\/a><span style=\"font-size:14.0pt\"> <\/span><\/span><\/span><\/span><\/p>\r\n\r\n<p style=\"text-align:justify\"><span style=\"font-size:11pt\"><span style=\"line-height:normal\"><span style=\"font-family:Calibri,sans-serif\"><b><span style=\"font-size:14.0pt\">AESabesp &amp; Ecoclass | Curso: Introdu&ccedil;&atilde;o aos ODS: Diretrizes da Organiza&ccedil;&atilde;o Mundial da Sa&uacute;de<\/span><\/b><span class=\"MsoHyperlink\" style=\"color:blue\"><span style=\"text-decoration:underline\"><span style=\"font-size:14.0pt\"><span style=\"text-decoration:none\"><span style=\"text-underline:none\">, 14 e 15 de fevereiro de 2024, das 19h00 &agrave;s 21h30, online. <\/span><\/span><\/span><\/span><\/span><a href=\"https:\/\/ecoclass.eco.br\/curso\/introducao-aos-ods-diretrizes-da-organizacao-mundial-da-saude\/\" style=\"color:blue; text-decoration:underline\"><span style=\"font-size:14.0pt\">Informa&ccedil;&otilde;es<\/span><\/a> <\/span><\/span><\/span><\/p>\r\n\r\n<p style=\"text-align:justify\"><span style=\"font-size:11pt\"><span style=\"line-height:normal\"><span style=\"font-family:Calibri,sans-serif\"><b><span style=\"font-size:14.0pt\">APEX | Plano de Neg&oacute;cios Internacionais<\/span><\/b><span class=\"MsoHyperlink\" style=\"color:blue\"><span style=\"text-decoration:underline\"><span style=\"font-size:14.0pt\"><span style=\"text-decoration:none\"><span style=\"text-underline:none\">, 22 de fevereiro de 2024, 8h30 &agrave;s 12h30, evento online. <\/span><\/span><\/span><\/span><\/span><a href=\"https:\/\/7bd46367464f42938043bc2d987cb33f.marketingusercontent.com\/m\/view\/TV2ksxbiAjMcwcJr4Aa2k8EEL06Na620nVfxlGzJvY0x#msdynttrid=rLIcOvoJDgArL1GsoAdM0j50eBcHF-PxQDcWMGnIAXk\" style=\"color:blue; text-decoration:underline\"><span style=\"font-size:14.0pt\">Informa&ccedil;&otilde;es aqui<\/span><\/a> <\/span><\/span><\/span><\/p>\r\n\r\n<p style=\"text-align:justify\"><span style=\"font-size:11pt\"><span style=\"line-height:normal\"><span style=\"font-family:Calibri,sans-serif\"><b><span style=\"font-size:14.0pt\">AESabesp | Curso: O Mega Desafio Trazido Pela Nova Lei de Licita&ccedil;&otilde;es e Contratos - Lei 14133\/2021<\/span><\/b><span style=\"font-size:14.0pt\">, 11 a 13 de mar&ccedil;o de 2024. 08h &agrave;s 17h, curso presencial. <\/span><a href=\"https:\/\/send.neopixdmi.com\/index.php\/campaigns\/sz055v7jdy85b\/web-version\/mh045xn88n9c0\" style=\"color:blue; text-decoration:underline\"><span style=\"font-size:14.0pt\">Informa&ccedil;&otilde;es aqui<\/span><\/a><\/span><\/span><\/span><\/p>\r\n\r\n<p style=\"text-align:justify\"><span style=\"font-size:11pt\"><span style=\"line-height:normal\"><span style=\"font-family:Calibri,sans-serif\"><b><span style=\"font-size:14.0pt\">GEOAMERICAS 2024, <\/span><\/b><span style=\"font-size:14.0pt\">de 28 de abril a 01 de maio de 2024, em Toronto (Canad&aacute;). <\/span><a href=\"https:\/\/www.geoamericas2024.org\/\" style=\"color:blue; text-decoration:underline\"><span style=\"font-size:14.0pt\">Informa&ccedil;&otilde;es aqui.<\/span><\/a><\/span><\/span><\/span><\/p>\r\n\r\n<p style=\"text-align:justify\"><span style=\"font-size:11pt\"><span style=\"line-height:normal\"><span style=\"font-family:Calibri,sans-serif\"><b><span style=\"font-size:14.0pt\">II Congresso Ibero-Americano de Esteriliza&ccedil;&atilde;o e II Congresso Nacional de Reprocessamento de Dispositivos M&eacute;dicos<\/span><\/b><span style=\"font-size:14.0pt\">, 16 a 18 de maio de 2024, Cartagena, Colombia<b>. <\/b><\/span><a href=\"http:\/\/nascecme.com.br\/ii-congresso-ibero-americano-de-esterilizacao-e-ii-congresso-nacional-de-reprocessamento-de-dispositivos-medicos\/\" style=\"color:blue; text-decoration:underline\"><span lang=\"EN-US\" style=\"font-size:14.0pt\">Informa&ccedil;&otilde;es<\/span><\/a><span lang=\"EN-US\" style=\"font-size:14.0pt\"> <\/span><\/span><\/span><\/span><\/p>\r\n\r\n<p style=\"text-align:justify\"><span style=\"font-size:11pt\"><span style=\"line-height:normal\"><span style=\"font-family:Calibri,sans-serif\"><b><span lang=\"EN-US\" style=\"font-size:14.0pt\">ANEX 2024 | Asia Nonwoven Exhibition and Conference<\/span><\/b><span lang=\"EN-US\" style=\"font-size:14.0pt\">, 22-24 May 2024, Taipei Nangang Exhibition Center, Hall 1. <\/span><a href=\"https:\/\/www.anex2024.com\/\" style=\"color:blue; text-decoration:underline\"><span lang=\"EN-US\" style=\"font-size:14.0pt\">Information here<\/span><\/a> <\/span><\/span><\/span><\/p>\r\n\r\n<p style=\"text-align:justify\"><span style=\"font-size:11pt\"><span style=\"line-height:normal\"><span style=\"font-family:Calibri,sans-serif\"><b><span lang=\"EN-US\" style=\"font-size:14.0pt\">The EDANA Innovation Forum<\/span><\/b><span class=\"MsoHyperlink\" style=\"color:blue\"><span style=\"text-decoration:underline\"><span lang=\"EN-US\" style=\"font-size:14.0pt\"><span style=\"text-decoration:none\"><span style=\"text-underline:none\">, 04 - 06 June 2024, Munich. <\/span><\/span><\/span><\/span><\/span><a href=\"https:\/\/www.edana.org\/events\/edana-innovation-forum-?ct=t(MENA_2018_call_for_papers6_28_2017_COPY_01)&amp;mc_cid=27efeab42f&amp;mc_eid=08e0eae351\" style=\"color:blue; text-decoration:underline\"><span lang=\"EN-US\" style=\"font-size:14.0pt\">Information here<\/span><\/a><\/span><\/span><\/span><\/p>\r\n\r\n<p style=\"text-align:justify\"><span style=\"font-size:11pt\"><span style=\"line-height:normal\"><span style=\"font-family:Calibri,sans-serif\"><b><span lang=\"EN-US\" style=\"font-size:14.0pt\">HIGITEX 2024 | International Technical Textiles &amp; Nonwoven Exhibition<\/span><\/b><span lang=\"EN-US\" style=\"font-size:14.0pt\">, 4-8 June 2024, T&uuml;yap Fair Convention and Congress Center, T&uuml;rkiye. <\/span><a href=\"https:\/\/www.hightex.com.tr\/\" style=\"color:blue; text-decoration:underline\"><span style=\"font-size:14.0pt\">Information here<\/span><\/a> <\/span><\/span><\/span><\/p>\r\n\r\n<p style=\"text-align:justify\"><span style=\"font-size:11pt\"><span style=\"line-height:normal\"><span style=\"font-family:Calibri,sans-serif\"><b><span style=\"font-size:14.0pt\">FEIPLAR COMPOSITES &amp; FEIPUR &ndash; Feira e Congresso Internacionais de Composites, Poliuretano, Pl&aacute;sticos de Engenharia e Compostos Termopl&aacute;sticos<\/span><\/b><span style=\"font-size:14.0pt\">, 20 a 22 de agosto de 2024, S&atilde;o Paulo Expo (Pavilh&atilde;o 5), palestras: das 8h30 &agrave;s 18h, feira: das 13h &agrave;s 20h.<b> <\/b><\/span><a href=\"http:\/\/www.feiplar.com\" style=\"color:blue; text-decoration:underline\"><span style=\"font-size:14.0pt\">www.feiplar.com<\/span><\/a> <\/span><\/span><\/span><\/p>\r\n\r\n<p style=\"text-align:justify\"><span style=\"font-size:11pt\"><span style=\"line-height:normal\"><span style=\"font-family:Calibri,sans-serif\"><b><span style=\"font-size:14.0pt\">Fenasan 2024 &ndash; Feira Nacional de Saneamento e Meio Ambiente<\/span><\/b><span style=\"font-size:14.0pt\">, 22 a 24 de outubro de 2024, Pavilh&otilde;es Verde e Vermelho, Expo Center Norte, S&atilde;o Paulo SP. <\/span><a href=\"http:\/\/www.fenasan.com.br\" style=\"color:blue; text-decoration:underline\"><span style=\"font-size:14.0pt\">www.fenasan.com.br<\/span><\/a> <\/span><\/span><\/span><\/p>\r\n\r\n<p style=\"text-align:justify\"><span style=\"font-size:11pt\"><span style=\"line-height:normal\"><span style=\"font-family:Calibri,sans-serif\"><b><span style=\"font-size:14.0pt\">HospitalMed 2024<\/span><\/b><span style=\"font-size:14.0pt\">, 23 a 25 de outubro, das 14h &agrave;s 20h, no Pernambuco Centro de Conven&ccedil;&otilde;es. <\/span><a href=\"http:\/\/www.hospitalmed.com.br\" style=\"color:blue; text-decoration:underline\"><span style=\"font-size:14.0pt\">www.hospitalmed.com.br<\/span><\/a> <\/span><\/span><\/span><\/p>\r\n\r\n<p style=\"text-align:justify\"><span style=\"font-size:28pt\"><span style=\"font-family:Cambria,serif\"><span style=\"letter-spacing:-0.5pt\"><b><span style=\"font-size:18.0pt\"><span style=\"font-family:&quot;Calibri&quot;,sans-serif\"><span style=\"font-variant:small-caps\">Setor<\/span><\/span><\/span><\/b><\/span><\/span><\/span><\/p>\r\n\r\n<p style=\"text-align:justify\"><span style=\"font-size:11pt\"><span style=\"line-height:normal\"><span style=\"font-family:Calibri,sans-serif\"><a href=\"https:\/\/fcem.com.br\/noticias\/relatorio-setorial-brasil-textil-aponta-alta-no-consumo-de-fibras-texteis-em-dez-anos\/?utm_campaign=febratex_news_010224&amp;utm_medium=email&amp;utm_source=RD+Station\" style=\"color:blue; text-decoration:underline\"><span style=\"font-size:14.0pt\">Relat&oacute;rio Setorial Brasil T&ecirc;xtil aponta alta no consumo de fibras t&ecirc;xteis em dez anos<\/span><\/a><\/span><\/span><\/span><\/p>\r\n\r\n<p style=\"text-align:justify\"><span style=\"font-size:11pt\"><span style=\"line-height:normal\"><span style=\"font-family:Calibri,sans-serif\"><a href=\"https:\/\/www.nonwovens-industry.com\/contents\/view_experts-opinion\/2024-01-25\/unlocking-the-chemistry-hydrophilic-transformation-of-nonwoven-fabrics?utm_campaign=NON+eNewsletter&amp;utm_medium=email&amp;_hsmi=292392840&amp;_hsenc=p2ANqtz--B7-b1iXyjxyZY8EdCoStswARxmXyfFJSchgBEpB8oauDh2xPlJ7YWDlClPKyfH1zCfUO5cbXYhs6P091s2gXYdFxNvw&amp;utm_content=292392840&amp;utm_source=hs_email\" style=\"color:blue; text-decoration:underline\"><span lang=\"EN-US\" style=\"font-size:14.0pt\">Unlocking the Chemistry: Hydrophilic Transformation of Nonwoven Fabrics<\/span><\/a><\/span><\/span><\/span><\/p>\r\n\r\n<p style=\"text-align:justify\"><span style=\"font-size:11pt\"><span style=\"line-height:normal\"><span style=\"font-family:Calibri,sans-serif\"><a href=\"https:\/\/www.meiofiltrante.com.br\/Noticia\/117661\/tecidos-e-feltros-para-filtracao-industrial-solido-liquido-solido-ar-e-solido-gas\" style=\"color:blue; text-decoration:underline\"><span style=\"font-size:14.0pt\">Filtra&ccedil;&atilde;o: Tecidos e feltros para filtra&ccedil;&atilde;o industrial s&oacute;lido-l&iacute;quido, s&oacute;lido-ar e s&oacute;lido-g&aacute;s<\/span><\/a><\/span><\/span><\/span><\/p>\r\n\r\n<p style=\"text-align:justify\"><span style=\"font-size:11pt\"><span style=\"line-height:normal\"><span style=\"font-family:Calibri,sans-serif\"><a href=\"https:\/\/www.santos.sp.gov.br\/?q=noticia\/ilheu-alto-em-santos-ganha-mais-seguranca-apos-obras-de-drenagem-e-estabilizacao-de-rochas\" style=\"color:blue; text-decoration:underline\"><span style=\"font-size:14.0pt\">Geomanta: Ilh&eacute;u Alto, em Santos, ganha mais seguran&ccedil;a ap&oacute;s obras de drenagem e estabiliza&ccedil;&atilde;o de rochas<\/span><\/a><\/span><\/span><\/span><\/p>\r\n\r\n<p style=\"text-align:justify\"><span style=\"font-size:11pt\"><span style=\"line-height:normal\"><span style=\"font-family:Calibri,sans-serif\"><a href=\"https:\/\/www.plastico.com.br\/resinas-virgens-tem-queda-de-precos\/\" style=\"color:blue; text-decoration:underline\"><span style=\"font-size:14.0pt\">Resinas virgens tem queda de pre&ccedil;os e prejudica recicladas<\/span><\/a><\/span><\/span><\/span><\/p>\r\n\r\n<p style=\"text-align:justify\"><span style=\"font-size:11pt\"><span style=\"line-height:normal\"><span style=\"font-family:Calibri,sans-serif\"><a href=\"https:\/\/www.technicaltextile.net\/news\/govt-conducts-technical-textiles-conference-in-india-s-andhra-pradesh-292656.html\" style=\"color:blue; text-decoration:underline\"><span lang=\"EN-US\" style=\"font-size:14.0pt\">Govt conducts technical textiles conference in India&#39;s Andhra Pradesh<\/span><\/a><\/span><\/span><\/span><\/p>\r\n\r\n<p style=\"text-align:justify\"><span style=\"font-size:28pt\"><span style=\"font-family:Cambria,serif\"><span style=\"letter-spacing:-0.5pt\"><b><span style=\"font-size:18.0pt\"><span style=\"font-family:&quot;Calibri&quot;,sans-serif\"><span style=\"font-variant:small-caps\">Ind&uacute;stria<\/span><\/span><\/span><\/b><\/span><\/span><\/span><\/p>\r\n\r\n<p style=\"text-align:justify\"><span style=\"font-size:11pt\"><span style=\"line-height:normal\"><span style=\"font-family:Calibri,sans-serif\"><a href=\"http:\/\/www.portal.pge.sp.gov.br\/com-programa-acordo-paulista-sp-oferece-desconto-de-ate-100-de-juros-de-mora-na-divida-ativa\/#:~:text=Nesta%20quarta%2Dfeira%20(31)%2C%20o%20governador%20Tarc%C3%ADsio%20de,d%C3%A9bitos%20inscritos%20em%20D%C3%ADvida%20Ativa\" style=\"color:blue; text-decoration:underline\"><span style=\"font-size:14.0pt\">Governo do Estado lan&ccedil;a programa in&eacute;dito para quita&ccedil;&atilde;o de d&eacute;bitos em at&eacute; 145 parcelas e possibilidade de aplica&ccedil;&atilde;o de cr&eacute;ditos em precat&oacute;rios<\/span><\/a><\/span><\/span><\/span><\/p>\r\n\r\n<p style=\"text-align:justify\"><span style=\"font-size:11pt\"><span style=\"line-height:normal\"><span style=\"font-family:Calibri,sans-serif\"><a href=\"https:\/\/agenciabrasil.ebc.com.br\/economia\/noticia\/2024-01\/setor-de-maquinas-fecha-2023-com-queda-de-11-diz-abimaq\" style=\"color:blue; text-decoration:underline\"><span style=\"font-size:14.0pt\">Setor de m&aacute;quinas fecha 2023 com queda de 11%, diz Abimaq<\/span><\/a><\/span><\/span><\/span><\/p>\r\n\r\n<p style=\"text-align:justify\"><span style=\"font-size:11pt\"><span style=\"line-height:normal\"><span style=\"font-family:Calibri,sans-serif\"><a href=\"https:\/\/noticias.portaldaindustria.com.br\/noticias\/economia\/custos-da-industria-caem-pela-5a-vez-seguida-mas-estao-25-acima-do-periodo-pre-pandemia\/\" style=\"color:blue; text-decoration:underline\"><span style=\"font-size:14.0pt\">Custos da ind&uacute;stria caem pela 5&ordf; vez seguida, mas est&atilde;o 25% acima do per&iacute;odo pr&eacute;-pandemia<\/span><\/a><\/span><\/span><\/span><\/p>\r\n\r\n<p style=\"text-align:justify\"><span style=\"font-size:11pt\"><span style=\"line-height:normal\"><span style=\"font-family:Calibri,sans-serif\"><a href=\"https:\/\/noticias.portaldaindustria.com.br\/noticias\/economia\/23-de-29-setores-da-industria-iniciaram-2024-confiantes-aponta-cni\/\" style=\"color:blue; text-decoration:underline\"><span style=\"font-size:14.0pt\">23 de 29 setores da ind&uacute;stria iniciaram 2024 confiantes, aponta CNI<\/span><\/a><\/span><\/span><\/span><\/p>\r\n\r\n<p style=\"text-align:justify\"><span style=\"font-size:11pt\"><span style=\"line-height:normal\"><span style=\"font-family:Calibri,sans-serif\"><a href=\"https:\/\/www.borrachaatual.com.br\/materia?id=MjI5Ng==#:~:text=No%20dia%2023%20de%20janeiro,do%20custo%20de%20produ%C3%A7%C3%A3o%2C%20sobretudo\" style=\"color:blue; text-decoration:underline\"><span style=\"font-size:14.0pt\">Governo publica quatro decretos para combater com&eacute;rcio predat&oacute;rio<\/span><\/a><\/span><\/span><\/span><\/p>\r\n\r\n<p style=\"text-align:justify\"><span style=\"font-size:11pt\"><span style=\"line-height:normal\"><span style=\"font-family:Calibri,sans-serif\"><a href=\"https:\/\/grandesconstrucoes.com.br\/Noticias\/Exibir\/industria-da-construcao-demonstra-alta-intencao-de-investir-em-2024?utm_source=akna&amp;utm_medium=email&amp;utm_campaign=Grandes-Construcoes-Informativo-897-01-02-2024&amp;utm_source=akna&amp;utm_medium=email&amp;utm_campaign=Grandes-Construcoes-Informativo-897-01-02-2024\" style=\"color:blue; text-decoration:underline\"><span style=\"font-size:14.0pt\">Ind&uacute;stria da constru&ccedil;&atilde;o demonstra alta inten&ccedil;&atilde;o de investir em 2024<\/span><\/a><\/span><\/span><\/span><\/p>\r\n\r\n<p style=\"text-align:justify\"><span style=\"font-size:11pt\"><span style=\"line-height:normal\"><span style=\"font-family:Calibri,sans-serif\"><a href=\"https:\/\/grandesconstrucoes.com.br\/Noticias\/Exibir\/demanda-por-mao-de-obra-na-construcao-civil-preve-aceleracao-em-2024?utm_source=akna&amp;utm_medium=email&amp;utm_campaign=Grandes-Construcoes-Informativo-897-01-02-2024&amp;utm_source=akna&amp;utm_medium=email&amp;utm_campaign=Grandes-Construcoes-Informativo-897-01-02-2024\" style=\"color:blue; text-decoration:underline\"><span style=\"font-size:14.0pt\">Demanda por m&atilde;o de obra na constru&ccedil;&atilde;o civil prev&ecirc; acelera&ccedil;&atilde;o em 2024<\/span><\/a><\/span><\/span><\/span><\/p>\r\n\r\n<p style=\"text-align:justify\"><span style=\"font-size:11pt\"><span style=\"line-height:normal\"><span style=\"font-family:Calibri,sans-serif\"><a href=\"https:\/\/grandesconstrucoes.com.br\/Noticias\/Exibir\/consultoria-apresenta-primeiras-projecoes-de-investimento-em-infraestrutura-para-2024?utm_source=akna&amp;utm_medium=email&amp;utm_campaign=Grandes-Construcoes-Informativo-897-01-02-2024&amp;utm_source=akna&amp;utm_medium=email&amp;utm_campaign=Grandes-Construcoes-Informativo-897-01-02-2024\" style=\"color:blue; text-decoration:underline\"><span style=\"font-size:14.0pt\">Carta de Infraestrutura tra&ccedil;a perspectivas para o setor<\/span><\/a><\/span><\/span><\/span><\/p>\r\n\r\n<p style=\"text-align:justify\"><span style=\"font-size:11pt\"><span style=\"line-height:normal\"><span style=\"font-family:Calibri,sans-serif\"><a href=\"https:\/\/grandesconstrucoes.com.br\/Noticias\/Exibir\/saneamento-basico-se-mantem-na-lideranca-de-potenciais-investimentos?utm_source=akna&amp;utm_medium=email&amp;utm_campaign=Grandes-Construcoes-Informativo-897-01-02-2024&amp;utm_source=akna&amp;utm_medium=email&amp;utm_campaign=Grandes-Construcoes-Informativo-897-01-02-2024\" style=\"color:blue; text-decoration:underline\"><span style=\"font-size:14.0pt\">Saneamento b&aacute;sico se mant&eacute;m na lideran&ccedil;a de potenciais investimentos<\/span><\/a><\/span><\/span><\/span><\/p>\r\n\r\n<p style=\"text-align:justify\"><span style=\"font-size:28pt\"><span style=\"font-family:Cambria,serif\"><span style=\"letter-spacing:-0.5pt\"><b><span style=\"font-size:18.0pt\"><span style=\"font-family:&quot;Calibri&quot;,sans-serif\"><span style=\"font-variant:small-caps\">Sustentabilidade<\/span><\/span><\/span><\/b><\/span><\/span><\/span><\/p>\r\n\r\n<p style=\"text-align:justify\"><span style=\"font-size:11pt\"><span style=\"line-height:normal\"><span style=\"font-family:Calibri,sans-serif\"><a href=\"https:\/\/www.revistatae.com.br\/Noticia\/76599\/raio-x-sobre-as-aguas-do-pais\" style=\"color:blue; text-decoration:underline\"><span style=\"font-size:14.0pt\">Raio X sobre as &aacute;guas do Pa&iacute;s<\/span><\/a><\/span><\/span><\/span><\/p>\r\n\r\n<p style=\"text-align:justify\"><span style=\"font-size:11pt\"><span style=\"line-height:normal\"><span style=\"font-family:Calibri,sans-serif\"><a href=\"https:\/\/www.nonwovens-industry.com\/contents\/view_breaking-news\/2024-01-30\/study-shows-impact-of-nj-plastic-bag-ban?utm_campaign=NON+eNewsletter&amp;utm_medium=email&amp;_hsmi=292392840&amp;_hsenc=p2ANqtz-8sgF1zeNCJE6FPwN7XLlahM5zCW3KH_UzQQkHpZ60QJkaez-lgn8ZFTIR4oRXojPIue9YU-DVkhuMl37ezP2Jyn63xpQ&amp;utm_content=292392840&amp;utm_source=hs_email\" style=\"color:blue; text-decoration:underline\"><span lang=\"EN-US\" style=\"font-size:14.0pt\">Study Shows Impact of NJ Plastic Bag Ban<\/span><\/a><\/span><\/span><\/span><\/p>\r\n\r\n<p style=\"text-align:justify\"><span style=\"font-size:11pt\"><span style=\"line-height:normal\"><span style=\"font-family:Calibri,sans-serif\"><a href=\"https:\/\/plasticosemrevista.com.br\/nigeria-vai-proibir-plasticos-de-uso-unico\/\" style=\"color:blue; text-decoration:underline\"><span style=\"font-size:14.0pt\">Nig&eacute;ria vai proibir pl&aacute;sticos de uso &uacute;nico<\/span><\/a><\/span><\/span><\/span><\/p>\r\n\r\n<p style=\"text-align:justify\"><span style=\"font-size:11pt\"><span style=\"line-height:normal\"><span style=\"font-family:Calibri,sans-serif\"><a href=\"https:\/\/phys.org\/news\/2024-01-scientists-ambitious-roadmap-circular-carbon.html?utm_source=nwletter&amp;utm_medium=email&amp;utm_campaign=daily-nwletter\" style=\"color:blue; text-decoration:underline\"><span lang=\"EN-US\" style=\"font-size:14.0pt\">Scientists launch ambitious roadmap for circular carbon plastics economy<\/span><\/a><\/span><\/span><\/span><\/p>\r\n\r\n<p style=\"text-align:justify\"><span style=\"font-size:11pt\"><span style=\"line-height:normal\"><span style=\"font-family:Calibri,sans-serif\"><a href=\"https:\/\/www.panrotas.com.br\/aviacao\/empresas\/2024\/01\/latam-fecha-parceria-para-reciclagem-de-tecidos-usados-em-voos_202788.html\" style=\"color:blue; text-decoration:underline\"><span style=\"font-size:14.0pt\">Latam fecha parceria para reciclagem de tecidos usados em voos<\/span><\/a><\/span><\/span><\/span><\/p>\r\n\r\n<p style=\"text-align:justify\"><span style=\"font-size:11pt\"><span style=\"line-height:normal\"><span style=\"font-family:Calibri,sans-serif\"><a href=\"http:\/\/comunidadtextil.com\/wpnews\/2024\/01\/europa-prohibio-todo-engano-sobre-ecologia-y-durabilidad-en-cuestiones-comerciales\/?utm_source=email_marketing&amp;utm_admin=28519&amp;utm_medium=email&amp;utm_campaign=NOTICIAS_para_las_Industrias_Textil_de_la_confeccin_y_Moda\" style=\"color:blue; text-decoration:underline\"><span style=\"font-size:14.0pt\">Europa prohibi&oacute; todo enga&ntilde;o sobre ecolog&iacute;a y durabilidad en cuestiones comerciales<\/span><\/a><\/span><\/span><\/span><\/p>\r\n\r\n<p style=\"text-align:justify\"><span style=\"font-size:11pt\"><span style=\"line-height:normal\"><span style=\"font-family:Calibri,sans-serif\"><a href=\"https:\/\/mercadoeconsumo.com.br\/01\/02\/2024\/sustentabilidade\/empresas-brasileiras-abertas-demonstram-maior-interesse-em-divulgar-dados-relacionados-ao-esg\/?utm_campaign=news_0102_-_geral&amp;utm_medium=email&amp;utm_source=RD+Station\" style=\"color:blue; text-decoration:underline\"><span style=\"font-size:14.0pt\">Empresas brasileiras abertas demonstram maior interesse em divulgar dados relacionados ao ESG<\/span><\/a><\/span><\/span><\/span><\/p>\r\n\r\n<p style=\"text-align:justify\"><span style=\"font-size:28pt\"><span style=\"font-family:Cambria,serif\"><span style=\"letter-spacing:-0.5pt\"><b><span style=\"font-size:18.0pt\"><span style=\"font-family:&quot;Calibri&quot;,sans-serif\"><span style=\"font-variant:small-caps\">Inova&ccedil;&atilde;o<\/span><\/span><\/span><\/b><\/span><\/span><\/span><\/p>\r\n\r\n<p style=\"text-align:justify\"><span style=\"font-size:11pt\"><span style=\"line-height:normal\"><span style=\"font-family:Calibri,sans-serif\"><a href=\"https:\/\/www.inovacaotecnologica.com.br\/noticias\/noticia.php?artigo=tecido-inspirado-pelos-urso-polar-aquece-mais-qualquer-agasalho&amp;id=010160240131&amp;ebol=sim\" style=\"color:blue; text-decoration:underline\"><span style=\"font-size:14.0pt\">Tecido inspirado nos p&ecirc;los do urso polar aquece mais que qualquer agasalho<\/span><\/a><\/span><\/span><\/span><\/p>\r\n\r\n<p style=\"text-align:justify\"><span style=\"font-size:11pt\"><span style=\"line-height:normal\"><span style=\"font-family:Calibri,sans-serif\"><a href=\"https:\/\/www.gov.br\/mcti\/pt-br\/acompanhe-o-mcti\/noticias\/2024\/01\/mcti-e-finep-detalham-chamadas-publicas-para-projetos-do-mais-inovacao\" style=\"color:blue; text-decoration:underline\"><span style=\"font-size:14.0pt\">MCTI e FINEP detalham chamadas p&uacute;blicas para projetos do Mais Inova&ccedil;&atilde;o<\/span><\/a><\/span><\/span><\/span><\/p>\r\n\r\n<p style=\"text-align:justify\"><span style=\"font-size:11pt\"><span style=\"line-height:normal\"><span style=\"font-family:Calibri,sans-serif\"><a href=\"https:\/\/www.innovationintextiles.com\/research-development-education\/major-nsf-boost-for-north-carolina\/\" style=\"color:blue; text-decoration:underline\"><span lang=\"EN-US\" style=\"font-size:14.0pt\">Major NSF boost for North Carolina<\/span><\/a><\/span><\/span><\/span><\/p>\r\n\r\n<p style=\"text-align:justify\"><span style=\"font-size:11pt\"><span style=\"line-height:normal\"><span style=\"font-family:Calibri,sans-serif\"><a href=\"https:\/\/phys.org\/news\/2024-01-resin-destroys-coronavirus-plastic-surfaces.html?utm_source=nwletter&amp;utm_medium=email&amp;utm_campaign=daily-nwletter\" style=\"color:blue; text-decoration:underline\"><span lang=\"EN-US\" style=\"font-size:14.0pt\">Research finds resin destroys coronavirus on plastic surfaces<\/span><\/a><\/span><\/span><\/span><\/p>\r\n\r\n<p style=\"text-align:justify\"><span style=\"font-size:11pt\"><span style=\"line-height:normal\"><span style=\"font-family:Calibri,sans-serif\"><a href=\"https:\/\/www.inovacaotecnologica.com.br\/noticias\/noticia.php?artigo=novas-maneiras-detectar-luz-eletronica-organica&amp;id=010110240130&amp;ebol=sim\" style=\"color:blue; text-decoration:underline\"><span style=\"font-size:14.0pt\">Uma nova maneira de detectar a luz<\/span><\/a><\/span><\/span><\/span><\/p>\r\n\r\n<p style=\"text-align:justify\">&nbsp;<\/p>\r\n\r\n<p class=\"MsoTitle\" style=\"text-align:justify\"><span style=\"font-size:28pt\"><span style=\"font-family:Cambria,serif\"><span style=\"letter-spacing:-0.5pt\"><b><span style=\"font-size:18.0pt\"><span style=\"font-family:&quot;Calibri&quot;,sans-serif\"><span style=\"font-variant:small-caps\">Com&eacute;rcio Exterior<\/span><\/span><\/span><\/b><\/span><\/span><\/span><\/p>\r\n\r\n<p style=\"text-align:justify\"><span style=\"font-size:11pt\"><span style=\"line-height:normal\"><span style=\"font-family:Calibri,sans-serif\"><a href=\"https:\/\/www.infomoney.com.br\/politica\/premie-da-espanha-e-chanceler-da-alemanha-defendem-acordo-comercial-entre-ue-e-mercosul\/#amp_tf=De%20%251%24s&amp;aoh=17070622859487&amp;referrer=https%3A%2F%2Fwww.google.com&amp;ampshare=https%3A%2F%2Fwww.infomoney.com.br%2Fpolitica%2Fpremie-da-espanha-e-chanceler-da-alemanha-defendem-acordo-comercial-entre-ue-e-mercosul%2F\" style=\"color:blue; text-decoration:underline\"><span style=\"font-size:14.0pt\">Premi&ecirc; da Espanha e chanceler da Alemanha defendem acordo comercial entre UE e Mercosul<\/span><\/a><\/span><\/span><\/span><\/p>\r\n\r\n<p style=\"text-align:justify\"><span style=\"font-size:11pt\"><span style=\"line-height:normal\"><span style=\"font-family:Calibri,sans-serif\"><a href=\"https:\/\/www.infomoney.com.br\/onde-investir\/foquem-na-china-porque-e-de-la-que-vira-o-risco-alerta-xavier-da-spx\/#amp_tf=De%20%251%24s&amp;aoh=17070630115975&amp;referrer=https%3A%2F%2Fwww.google.com&amp;ampshare=https%3A%2F%2Fwww.infomoney.com.br%2Fonde-investir%2Ffoquem-na-china-porque-e-de-la-que-vira-o-risco-alerta-xavier-da-spx%2F\" style=\"color:blue; text-decoration:underline\"><span style=\"font-size:14.0pt\">&ldquo;Foquem na China porque &eacute; de l&aacute; que vir&aacute; o risco&rdquo;, alerta Xavier, da SPX<\/span><\/a><\/span><\/span><\/span><\/p>\r\n\r\n<p style=\"text-align:justify\"><span style=\"font-size:11pt\"><span style=\"line-height:normal\"><span style=\"font-family:Calibri,sans-serif\"><a href=\"https:\/\/portalradar.com.br\/abit-junta-se-a-plataforma-brasil-exportacao-para-impulsionar-as-exportacoes\/\" style=\"color:blue; text-decoration:underline\"><span style=\"font-size:14.0pt\">Abit junta-se &agrave; Plataforma Brasil Exporta&ccedil;&atilde;o para impulsionar as exporta&ccedil;&otilde;es<\/span><\/a><\/span><\/span><\/span><\/p>\r\n\r\n<p style=\"text-align:justify\"><span style=\"font-size:11pt\"><span style=\"line-height:normal\"><span style=\"font-family:Calibri,sans-serif\"><a href=\"https:\/\/www.camara.leg.br\/noticias\/1034531-projeto-do-governo-normatiza-financiamento-das-exportacoes-pelo-bndes\/\" style=\"color:blue; text-decoration:underline\"><span style=\"font-size:14.0pt\">Projeto do governo normatiza financiamento das exporta&ccedil;&otilde;es pelo BNDES<\/span><\/a><\/span><\/span><\/span><\/p>\r\n\r\n<p style=\"text-align:justify\"><span style=\"font-size:11pt\"><span style=\"line-height:normal\"><span style=\"font-family:Calibri,sans-serif\"><a href=\"https:\/\/click.news.iadb.org\/?qs=0301d4bb29f3b5ba8b8424e41b73d0aa62a841bbf2b49362663f16b42e1e17339a8b63277f4c2ea1bc54e911eb114d4498af860e8940121e\" style=\"color:blue; text-decoration:underline\" title=\"Diminui tend\u00eancia de queda das exporta\u00e7\u00f5es da Am\u00e9rica Latina e Caribe\"><span style=\"font-size:14.0pt\">Diminui tend&ecirc;ncia de queda das exporta&ccedil;&otilde;es da Am&eacute;rica Latina e Caribe<\/span><\/a><\/span><\/span><\/span><\/p>\r\n\r\n<p style=\"text-align:justify\"><span style=\"font-size:11pt\"><span style=\"line-height:normal\"><span style=\"font-family:Calibri,sans-serif\"><a href=\"https:\/\/agenciabrasil.ebc.com.br\/internacional\/noticia\/2024-01\/reforma-da-omc-esta-entre-prioridades-do-brasil-no-g20\" style=\"color:blue; text-decoration:underline\"><span style=\"font-size:14.0pt\">Reforma da OMC est&aacute; entre as prioridades do Brasil no G20<\/span><\/a><\/span><\/span><\/span><\/p>\r\n\r\n<p style=\"text-align:justify\"><span style=\"font-size:28pt\"><span style=\"font-family:Cambria,serif\"><span style=\"letter-spacing:-0.5pt\"><b><span style=\"font-size:18.0pt\"><span style=\"font-family:&quot;Calibri&quot;,sans-serif\"><span style=\"font-variant:small-caps\">Economia<\/span><\/span><\/span><\/b><\/span><\/span><\/span><\/p>\r\n\r\n<p style=\"text-align:justify\"><span style=\"font-size:11pt\"><span style=\"line-height:normal\"><span style=\"font-family:Calibri,sans-serif\"><a href=\"https:\/\/www.bcb.gov.br\/content\/focus\/focus\/R20240202.pdf\" style=\"color:blue; text-decoration:underline\"><span style=\"font-size:14.0pt\">Focus &ndash; Relat&oacute;rio de Mercado<\/span><\/a><\/span><\/span><\/span><\/p>\r\n\r\n<p style=\"text-align:justify\"><span style=\"font-size:11pt\"><span style=\"line-height:normal\"><span style=\"font-family:Calibri,sans-serif\"><a href=\"https:\/\/www.bcb.gov.br\/content\/controleinflacao\/focusdistribuicoesfrequencia\/P20240206-Focus-Distribuicoes-de-frequencia.pdf\" style=\"color:blue; text-decoration:underline\"><span style=\"font-size:14.0pt\">Focus &ndash; Distribui&ccedil;&otilde;es de Frequ&ecirc;ncia das Expectativas de Mercado para IPCA, Selic, PIB e C&acirc;mbio<\/span><\/a><\/span><\/span><\/span><\/p>\r\n\r\n<p style=\"text-align:justify\"><span style=\"font-size:11pt\"><span style=\"line-height:normal\"><span style=\"font-family:Calibri,sans-serif\"><a href=\"https:\/\/agenciabrasil.ebc.com.br\/economia\/noticia\/2024-01\/entidades-do-setor-produtivo-consideram-timido-corte-da-selic\" style=\"color:blue; text-decoration:underline\"><span style=\"font-size:14.0pt\">Entidades do setor produtivo consideram t&iacute;mido corte da Selic<\/span><\/a><\/span><\/span><\/span><\/p>\r\n\r\n<p style=\"text-align:justify\"><span style=\"font-size:11pt\"><span style=\"line-height:normal\"><span style=\"font-family:Calibri,sans-serif\"><a href=\"https:\/\/www.weforum.org\/agenda\/2024\/02\/imf-economic-growth-eurozone-recession-5-february\/#:~:text=IMF%3A%20Latest%20on%20the%20global%20economy&amp;text=%22We%20are%20very%20far%20from,%2C%20global%20growth%20averaged%203.8%25.\" style=\"color:blue; text-decoration:underline\"><span lang=\"EN-US\" style=\"font-size:14.0pt\">The IMF&#39;s latest update on the global economy, and other economics stories to read<\/span><\/a><\/span><\/span><\/span><\/p>\r\n\r\n<p style=\"text-align:justify\"><span style=\"font-size:11pt\"><span style=\"line-height:normal\"><span style=\"font-family:Calibri,sans-serif\"><span lang=\"EN-US\" style=\"font-size:14.0pt\"><img src=\"https:\/\/www.abint.org.br\/assets\/img\/editor\/redes-sociais-abint-ctg-cth_20240214152926KB39PpHHKw.jpg\" style=\"width: 700px; height: 280px;\" \/><\/span><\/span><\/span><\/span><\/p>\r\n","6":"<p style=\"text-align:justify\"><span style=\"font-size:11pt\"><span style=\"line-height:normal\"><span style=\"font-family:Calibri,sans-serif\"><span style=\"font-size:14.0pt\">Esta &eacute; uma compila&ccedil;&atilde;o das not&iacute;cias mais relevantes para o setor, incluindo informa&ccedil;&otilde;es sobre acordos internacionais, economia brasileira, sustentabilidade e mat&eacute;rias primas, al&eacute;m de novidades do setor de N&atilde;otecidos e Tecidos T&eacute;cnicos.<\/span><\/span><\/span><\/span><\/p>\r\n\r\n<p style=\"text-align:justify\"><span style=\"font-size:28pt\"><span style=\"font-family:Cambria,serif\"><span style=\"letter-spacing:-0.5pt\"><b><span style=\"font-size:18.0pt\"><span style=\"font-family:&quot;Calibri&quot;,sans-serif\"><span style=\"font-variant:small-caps\">O que vem por a&iacute;<\/span><\/span><\/span><\/b><\/span><\/span><\/span><\/p>\r\n\r\n<p style=\"text-align:justify\"><img src=\"https:\/\/www.abint.org.br\/assets\/img\/editor\/original_20240214151412ov6Fe21u4b.png\" style=\"width: 300px; height: 69px;\" \/><\/p>\r\n\r\n<p style=\"text-align:justify\"><img src=\"https:\/\/www.abint.org.br\/assets\/img\/editor\/post-quadrado-curso-naotecido_20240214151505ABNA5CUcEs.jpg\" style=\"width: 500px; height: 500px;\" \/><\/p>\r\n\r\n<p style=\"text-align:justify\"><span style=\"font-size:11pt\"><span style=\"line-height:normal\"><span style=\"font-family:Calibri,sans-serif\"><a href=\"https:\/\/forms.office.com\/r\/5DrqtK5n3Y\" style=\"color:blue; text-decoration:underline\"><span style=\"font-size:14.0pt\">Informa&ccedil;&otilde;es e inscri&ccedil;&otilde;es<\/span><\/a><\/span><\/span><\/span><\/p>\r\n\r\n<p style=\"text-align:justify\">&nbsp;<\/p>\r\n\r\n<p style=\"text-align:justify\"><br \/>\r\n<img src=\"https:\/\/www.abint.org.br\/assets\/img\/editor\/logo-ctg-abint-png_20240214151618DWghlOzmnq.png\" style=\"width: 300px; height: 55px;\" \/><\/p>\r\n\r\n<p style=\"text-align:justify\"><img src=\"https:\/\/www.abint.org.br\/assets\/img\/editor\/20240221-live-ctg-instagram-fernando-e-samira_20240214151725Le6DwCWHXF.jpeg\" style=\"width: 500px; height: 500px;\" \/><\/p>\r\n\r\n<p class=\"MsoTitle\" style=\"text-align:justify\"><span style=\"font-size:28pt\"><span style=\"font-family:Cambria,serif\"><span style=\"letter-spacing:-0.5pt\"><b><span style=\"font-size:18.0pt\"><span style=\"font-family:&quot;Calibri&quot;,sans-serif\"><span style=\"font-variant:small-caps\">Not&iacute;cias das Associadas<\/span><\/span><\/span><\/b><\/span><\/span><\/span><\/p>\r\n\r\n<p style=\"text-align:justify\"><span style=\"font-size:11pt\"><span style=\"line-height:normal\"><span style=\"font-family:Calibri,sans-serif\"><a href=\"https:\/\/www.nonwovens-industry.com\/contents\/view_breaking-news\/2024-02-01\/freudenberg-to-showcase-solutions-for-the-composites-industry-at-jec-world\/15303\" style=\"color:blue; text-decoration:underline\"><span lang=\"EN-US\" style=\"font-size:14.0pt\">Freudenberg to Showcase Solutions for the Composites Industry at JEC World<\/span><\/a><\/span><\/span><\/span><\/p>\r\n\r\n<p style=\"text-align:justify\"><span style=\"font-size:11pt\"><span style=\"line-height:normal\"><span style=\"font-family:Calibri,sans-serif\"><a href=\"https:\/\/conectaverde.com.br\/grupo-viveo-passa-a-atestar-a-sustentabilidade-de-suas-embalagens-com-o-papelcartao-da-papirus\/?utm_campaign=conecta_verde_news_47&amp;utm_medium=email&amp;utm_source=RD+Station\" style=\"color:blue; text-decoration:underline\"><span style=\"font-size:14.0pt\">Grupo Viveo passa a atestar a sustentabilidade de suas embalagens com o papelcart&atilde;o da Papirus<\/span><\/a><\/span><\/span><\/span><\/p>\r\n\r\n<p style=\"text-align:justify\">&nbsp;<\/p>\r\n\r\n<p style=\"text-align:justify\"><span style=\"font-size:11pt\"><span style=\"line-height:normal\"><span style=\"font-family:Calibri,sans-serif\"><b><span style=\"font-size:18.0pt\"><span style=\"font-variant:small-caps\">Eventos<\/span><\/span><\/b><\/span><\/span><\/span><\/p>\r\n\r\n<p style=\"text-align:justify\"><span style=\"font-size:11pt\"><span style=\"line-height:normal\"><span style=\"font-family:Calibri,sans-serif\"><b><span style=\"font-size:14.0pt\">Etiquetagem de t&ecirc;xtil com &ecirc;nfase na norma ABNT NBR MM 3758:2013<\/span><\/b><span class=\"MsoHyperlink\" style=\"color:blue\"><span style=\"text-decoration:underline\"><span style=\"font-size:14.0pt\"><span style=\"text-decoration:none\"><span style=\"text-underline:none\">, 05 e 06 de fevereiro de 2024 (e mais 3 turmas). <\/span><\/span><\/span><\/span><\/span><a href=\"https:\/\/api.whatsapp.com\/send?phone=551130173680\" style=\"color:blue; text-decoration:underline\"><span style=\"font-size:14.0pt\">Informa&ccedil;&otilde;es<\/span><\/a><span style=\"font-size:14.0pt\"> <\/span><\/span><\/span><\/span><\/p>\r\n\r\n<p style=\"text-align:justify\"><span style=\"font-size:11pt\"><span style=\"line-height:normal\"><span style=\"font-family:Calibri,sans-serif\"><b><span style=\"font-size:14.0pt\">AESabesp &amp; Ecoclass | Curso: Introdu&ccedil;&atilde;o aos ODS: Diretrizes da Organiza&ccedil;&atilde;o Mundial da Sa&uacute;de<\/span><\/b><span class=\"MsoHyperlink\" style=\"color:blue\"><span style=\"text-decoration:underline\"><span style=\"font-size:14.0pt\"><span style=\"text-decoration:none\"><span style=\"text-underline:none\">, 14 e 15 de fevereiro de 2024, das 19h00 &agrave;s 21h30, online. <\/span><\/span><\/span><\/span><\/span><a href=\"https:\/\/ecoclass.eco.br\/curso\/introducao-aos-ods-diretrizes-da-organizacao-mundial-da-saude\/\" style=\"color:blue; text-decoration:underline\"><span style=\"font-size:14.0pt\">Informa&ccedil;&otilde;es<\/span><\/a> <\/span><\/span><\/span><\/p>\r\n\r\n<p style=\"text-align:justify\"><span style=\"font-size:11pt\"><span style=\"line-height:normal\"><span style=\"font-family:Calibri,sans-serif\"><b><span style=\"font-size:14.0pt\">APEX | Plano de Neg&oacute;cios Internacionais<\/span><\/b><span class=\"MsoHyperlink\" style=\"color:blue\"><span style=\"text-decoration:underline\"><span style=\"font-size:14.0pt\"><span style=\"text-decoration:none\"><span style=\"text-underline:none\">, 22 de fevereiro de 2024, 8h30 &agrave;s 12h30, evento online. <\/span><\/span><\/span><\/span><\/span><a href=\"https:\/\/7bd46367464f42938043bc2d987cb33f.marketingusercontent.com\/m\/view\/TV2ksxbiAjMcwcJr4Aa2k8EEL06Na620nVfxlGzJvY0x#msdynttrid=rLIcOvoJDgArL1GsoAdM0j50eBcHF-PxQDcWMGnIAXk\" style=\"color:blue; text-decoration:underline\"><span style=\"font-size:14.0pt\">Informa&ccedil;&otilde;es aqui<\/span><\/a> <\/span><\/span><\/span><\/p>\r\n\r\n<p style=\"text-align:justify\"><span style=\"font-size:11pt\"><span style=\"line-height:normal\"><span style=\"font-family:Calibri,sans-serif\"><b><span style=\"font-size:14.0pt\">AESabesp | Curso: O Mega Desafio Trazido Pela Nova Lei de Licita&ccedil;&otilde;es e Contratos - Lei 14133\/2021<\/span><\/b><span style=\"font-size:14.0pt\">, 11 a 13 de mar&ccedil;o de 2024. 08h &agrave;s 17h, curso presencial. <\/span><a href=\"https:\/\/send.neopixdmi.com\/index.php\/campaigns\/sz055v7jdy85b\/web-version\/mh045xn88n9c0\" style=\"color:blue; text-decoration:underline\"><span style=\"font-size:14.0pt\">Informa&ccedil;&otilde;es aqui<\/span><\/a><\/span><\/span><\/span><\/p>\r\n\r\n<p style=\"text-align:justify\"><span style=\"font-size:11pt\"><span style=\"line-height:normal\"><span style=\"font-family:Calibri,sans-serif\"><b><span style=\"font-size:14.0pt\">GEOAMERICAS 2024, <\/span><\/b><span style=\"font-size:14.0pt\">de 28 de abril a 01 de maio de 2024, em Toronto (Canad&aacute;). <\/span><a href=\"https:\/\/www.geoamericas2024.org\/\" style=\"color:blue; text-decoration:underline\"><span style=\"font-size:14.0pt\">Informa&ccedil;&otilde;es aqui.<\/span><\/a><\/span><\/span><\/span><\/p>\r\n\r\n<p style=\"text-align:justify\"><span style=\"font-size:11pt\"><span style=\"line-height:normal\"><span style=\"font-family:Calibri,sans-serif\"><b><span style=\"font-size:14.0pt\">II Congresso Ibero-Americano de Esteriliza&ccedil;&atilde;o e II Congresso Nacional de Reprocessamento de Dispositivos M&eacute;dicos<\/span><\/b><span style=\"font-size:14.0pt\">, 16 a 18 de maio de 2024, Cartagena, Colombia<b>. <\/b><\/span><a href=\"http:\/\/nascecme.com.br\/ii-congresso-ibero-americano-de-esterilizacao-e-ii-congresso-nacional-de-reprocessamento-de-dispositivos-medicos\/\" style=\"color:blue; text-decoration:underline\"><span lang=\"EN-US\" style=\"font-size:14.0pt\">Informa&ccedil;&otilde;es<\/span><\/a><span lang=\"EN-US\" style=\"font-size:14.0pt\"> <\/span><\/span><\/span><\/span><\/p>\r\n\r\n<p style=\"text-align:justify\"><span style=\"font-size:11pt\"><span style=\"line-height:normal\"><span style=\"font-family:Calibri,sans-serif\"><b><span lang=\"EN-US\" style=\"font-size:14.0pt\">ANEX 2024 | Asia Nonwoven Exhibition and Conference<\/span><\/b><span lang=\"EN-US\" style=\"font-size:14.0pt\">, 22-24 May 2024, Taipei Nangang Exhibition Center, Hall 1. <\/span><a href=\"https:\/\/www.anex2024.com\/\" style=\"color:blue; text-decoration:underline\"><span lang=\"EN-US\" style=\"font-size:14.0pt\">Information here<\/span><\/a> <\/span><\/span><\/span><\/p>\r\n\r\n<p style=\"text-align:justify\"><span style=\"font-size:11pt\"><span style=\"line-height:normal\"><span style=\"font-family:Calibri,sans-serif\"><b><span lang=\"EN-US\" style=\"font-size:14.0pt\">The EDANA Innovation Forum<\/span><\/b><span class=\"MsoHyperlink\" style=\"color:blue\"><span style=\"text-decoration:underline\"><span lang=\"EN-US\" style=\"font-size:14.0pt\"><span style=\"text-decoration:none\"><span style=\"text-underline:none\">, 04 - 06 June 2024, Munich. <\/span><\/span><\/span><\/span><\/span><a href=\"https:\/\/www.edana.org\/events\/edana-innovation-forum-?ct=t(MENA_2018_call_for_papers6_28_2017_COPY_01)&amp;mc_cid=27efeab42f&amp;mc_eid=08e0eae351\" style=\"color:blue; text-decoration:underline\"><span lang=\"EN-US\" style=\"font-size:14.0pt\">Information here<\/span><\/a><\/span><\/span><\/span><\/p>\r\n\r\n<p style=\"text-align:justify\"><span style=\"font-size:11pt\"><span style=\"line-height:normal\"><span style=\"font-family:Calibri,sans-serif\"><b><span lang=\"EN-US\" style=\"font-size:14.0pt\">HIGITEX 2024 | International Technical Textiles &amp; Nonwoven Exhibition<\/span><\/b><span lang=\"EN-US\" style=\"font-size:14.0pt\">, 4-8 June 2024, T&uuml;yap Fair Convention and Congress Center, T&uuml;rkiye. <\/span><a href=\"https:\/\/www.hightex.com.tr\/\" style=\"color:blue; text-decoration:underline\"><span style=\"font-size:14.0pt\">Information here<\/span><\/a> <\/span><\/span><\/span><\/p>\r\n\r\n<p style=\"text-align:justify\"><span style=\"font-size:11pt\"><span style=\"line-height:normal\"><span style=\"font-family:Calibri,sans-serif\"><b><span style=\"font-size:14.0pt\">FEIPLAR COMPOSITES &amp; FEIPUR &ndash; Feira e Congresso Internacionais de Composites, Poliuretano, Pl&aacute;sticos de Engenharia e Compostos Termopl&aacute;sticos<\/span><\/b><span style=\"font-size:14.0pt\">, 20 a 22 de agosto de 2024, S&atilde;o Paulo Expo (Pavilh&atilde;o 5), palestras: das 8h30 &agrave;s 18h, feira: das 13h &agrave;s 20h.<b> <\/b><\/span><a href=\"http:\/\/www.feiplar.com\" style=\"color:blue; text-decoration:underline\"><span style=\"font-size:14.0pt\">www.feiplar.com<\/span><\/a> <\/span><\/span><\/span><\/p>\r\n\r\n<p style=\"text-align:justify\"><span style=\"font-size:11pt\"><span style=\"line-height:normal\"><span style=\"font-family:Calibri,sans-serif\"><b><span style=\"font-size:14.0pt\">Fenasan 2024 &ndash; Feira Nacional de Saneamento e Meio Ambiente<\/span><\/b><span style=\"font-size:14.0pt\">, 22 a 24 de outubro de 2024, Pavilh&otilde;es Verde e Vermelho, Expo Center Norte, S&atilde;o Paulo SP. <\/span><a href=\"http:\/\/www.fenasan.com.br\" style=\"color:blue; text-decoration:underline\"><span style=\"font-size:14.0pt\">www.fenasan.com.br<\/span><\/a> <\/span><\/span><\/span><\/p>\r\n\r\n<p style=\"text-align:justify\"><span style=\"font-size:11pt\"><span style=\"line-height:normal\"><span style=\"font-family:Calibri,sans-serif\"><b><span style=\"font-size:14.0pt\">HospitalMed 2024<\/span><\/b><span style=\"font-size:14.0pt\">, 23 a 25 de outubro, das 14h &agrave;s 20h, no Pernambuco Centro de Conven&ccedil;&otilde;es. <\/span><a href=\"http:\/\/www.hospitalmed.com.br\" style=\"color:blue; text-decoration:underline\"><span style=\"font-size:14.0pt\">www.hospitalmed.com.br<\/span><\/a> <\/span><\/span><\/span><\/p>\r\n\r\n<p style=\"text-align:justify\"><span style=\"font-size:28pt\"><span style=\"font-family:Cambria,serif\"><span style=\"letter-spacing:-0.5pt\"><b><span style=\"font-size:18.0pt\"><span style=\"font-family:&quot;Calibri&quot;,sans-serif\"><span style=\"font-variant:small-caps\">Setor<\/span><\/span><\/span><\/b><\/span><\/span><\/span><\/p>\r\n\r\n<p style=\"text-align:justify\"><span style=\"font-size:11pt\"><span style=\"line-height:normal\"><span style=\"font-family:Calibri,sans-serif\"><a href=\"https:\/\/fcem.com.br\/noticias\/relatorio-setorial-brasil-textil-aponta-alta-no-consumo-de-fibras-texteis-em-dez-anos\/?utm_campaign=febratex_news_010224&amp;utm_medium=email&amp;utm_source=RD+Station\" style=\"color:blue; text-decoration:underline\"><span style=\"font-size:14.0pt\">Relat&oacute;rio Setorial Brasil T&ecirc;xtil aponta alta no consumo de fibras t&ecirc;xteis em dez anos<\/span><\/a><\/span><\/span><\/span><\/p>\r\n\r\n<p style=\"text-align:justify\"><span style=\"font-size:11pt\"><span style=\"line-height:normal\"><span style=\"font-family:Calibri,sans-serif\"><a href=\"https:\/\/www.nonwovens-industry.com\/contents\/view_experts-opinion\/2024-01-25\/unlocking-the-chemistry-hydrophilic-transformation-of-nonwoven-fabrics?utm_campaign=NON+eNewsletter&amp;utm_medium=email&amp;_hsmi=292392840&amp;_hsenc=p2ANqtz--B7-b1iXyjxyZY8EdCoStswARxmXyfFJSchgBEpB8oauDh2xPlJ7YWDlClPKyfH1zCfUO5cbXYhs6P091s2gXYdFxNvw&amp;utm_content=292392840&amp;utm_source=hs_email\" style=\"color:blue; text-decoration:underline\"><span lang=\"EN-US\" style=\"font-size:14.0pt\">Unlocking the Chemistry: Hydrophilic Transformation of Nonwoven Fabrics<\/span><\/a><\/span><\/span><\/span><\/p>\r\n\r\n<p style=\"text-align:justify\"><span style=\"font-size:11pt\"><span style=\"line-height:normal\"><span style=\"font-family:Calibri,sans-serif\"><a href=\"https:\/\/www.meiofiltrante.com.br\/Noticia\/117661\/tecidos-e-feltros-para-filtracao-industrial-solido-liquido-solido-ar-e-solido-gas\" style=\"color:blue; text-decoration:underline\"><span style=\"font-size:14.0pt\">Filtra&ccedil;&atilde;o: Tecidos e feltros para filtra&ccedil;&atilde;o industrial s&oacute;lido-l&iacute;quido, s&oacute;lido-ar e s&oacute;lido-g&aacute;s<\/span><\/a><\/span><\/span><\/span><\/p>\r\n\r\n<p style=\"text-align:justify\"><span style=\"font-size:11pt\"><span style=\"line-height:normal\"><span style=\"font-family:Calibri,sans-serif\"><a href=\"https:\/\/www.santos.sp.gov.br\/?q=noticia\/ilheu-alto-em-santos-ganha-mais-seguranca-apos-obras-de-drenagem-e-estabilizacao-de-rochas\" style=\"color:blue; text-decoration:underline\"><span style=\"font-size:14.0pt\">Geomanta: Ilh&eacute;u Alto, em Santos, ganha mais seguran&ccedil;a ap&oacute;s obras de drenagem e estabiliza&ccedil;&atilde;o de rochas<\/span><\/a><\/span><\/span><\/span><\/p>\r\n\r\n<p style=\"text-align:justify\"><span style=\"font-size:11pt\"><span style=\"line-height:normal\"><span style=\"font-family:Calibri,sans-serif\"><a href=\"https:\/\/www.plastico.com.br\/resinas-virgens-tem-queda-de-precos\/\" style=\"color:blue; text-decoration:underline\"><span style=\"font-size:14.0pt\">Resinas virgens tem queda de pre&ccedil;os e prejudica recicladas<\/span><\/a><\/span><\/span><\/span><\/p>\r\n\r\n<p style=\"text-align:justify\"><span style=\"font-size:11pt\"><span style=\"line-height:normal\"><span style=\"font-family:Calibri,sans-serif\"><a href=\"https:\/\/www.technicaltextile.net\/news\/govt-conducts-technical-textiles-conference-in-india-s-andhra-pradesh-292656.html\" style=\"color:blue; text-decoration:underline\"><span lang=\"EN-US\" style=\"font-size:14.0pt\">Govt conducts technical textiles conference in India&#39;s Andhra Pradesh<\/span><\/a><\/span><\/span><\/span><\/p>\r\n\r\n<p style=\"text-align:justify\"><span style=\"font-size:28pt\"><span style=\"font-family:Cambria,serif\"><span style=\"letter-spacing:-0.5pt\"><b><span style=\"font-size:18.0pt\"><span style=\"font-family:&quot;Calibri&quot;,sans-serif\"><span style=\"font-variant:small-caps\">Ind&uacute;stria<\/span><\/span><\/span><\/b><\/span><\/span><\/span><\/p>\r\n\r\n<p style=\"text-align:justify\"><span style=\"font-size:11pt\"><span style=\"line-height:normal\"><span style=\"font-family:Calibri,sans-serif\"><a href=\"http:\/\/www.portal.pge.sp.gov.br\/com-programa-acordo-paulista-sp-oferece-desconto-de-ate-100-de-juros-de-mora-na-divida-ativa\/#:~:text=Nesta%20quarta%2Dfeira%20(31)%2C%20o%20governador%20Tarc%C3%ADsio%20de,d%C3%A9bitos%20inscritos%20em%20D%C3%ADvida%20Ativa\" style=\"color:blue; text-decoration:underline\"><span style=\"font-size:14.0pt\">Governo do Estado lan&ccedil;a programa in&eacute;dito para quita&ccedil;&atilde;o de d&eacute;bitos em at&eacute; 145 parcelas e possibilidade de aplica&ccedil;&atilde;o de cr&eacute;ditos em precat&oacute;rios<\/span><\/a><\/span><\/span><\/span><\/p>\r\n\r\n<p style=\"text-align:justify\"><span style=\"font-size:11pt\"><span style=\"line-height:normal\"><span style=\"font-family:Calibri,sans-serif\"><a href=\"https:\/\/agenciabrasil.ebc.com.br\/economia\/noticia\/2024-01\/setor-de-maquinas-fecha-2023-com-queda-de-11-diz-abimaq\" style=\"color:blue; text-decoration:underline\"><span style=\"font-size:14.0pt\">Setor de m&aacute;quinas fecha 2023 com queda de 11%, diz Abimaq<\/span><\/a><\/span><\/span><\/span><\/p>\r\n\r\n<p style=\"text-align:justify\"><span style=\"font-size:11pt\"><span style=\"line-height:normal\"><span style=\"font-family:Calibri,sans-serif\"><a href=\"https:\/\/noticias.portaldaindustria.com.br\/noticias\/economia\/custos-da-industria-caem-pela-5a-vez-seguida-mas-estao-25-acima-do-periodo-pre-pandemia\/\" style=\"color:blue; text-decoration:underline\"><span style=\"font-size:14.0pt\">Custos da ind&uacute;stria caem pela 5&ordf; vez seguida, mas est&atilde;o 25% acima do per&iacute;odo pr&eacute;-pandemia<\/span><\/a><\/span><\/span><\/span><\/p>\r\n\r\n<p style=\"text-align:justify\"><span style=\"font-size:11pt\"><span style=\"line-height:normal\"><span style=\"font-family:Calibri,sans-serif\"><a href=\"https:\/\/noticias.portaldaindustria.com.br\/noticias\/economia\/23-de-29-setores-da-industria-iniciaram-2024-confiantes-aponta-cni\/\" style=\"color:blue; text-decoration:underline\"><span style=\"font-size:14.0pt\">23 de 29 setores da ind&uacute;stria iniciaram 2024 confiantes, aponta CNI<\/span><\/a><\/span><\/span><\/span><\/p>\r\n\r\n<p style=\"text-align:justify\"><span style=\"font-size:11pt\"><span style=\"line-height:normal\"><span style=\"font-family:Calibri,sans-serif\"><a href=\"https:\/\/www.borrachaatual.com.br\/materia?id=MjI5Ng==#:~:text=No%20dia%2023%20de%20janeiro,do%20custo%20de%20produ%C3%A7%C3%A3o%2C%20sobretudo\" style=\"color:blue; text-decoration:underline\"><span style=\"font-size:14.0pt\">Governo publica quatro decretos para combater com&eacute;rcio predat&oacute;rio<\/span><\/a><\/span><\/span><\/span><\/p>\r\n\r\n<p style=\"text-align:justify\"><span style=\"font-size:11pt\"><span style=\"line-height:normal\"><span style=\"font-family:Calibri,sans-serif\"><a href=\"https:\/\/grandesconstrucoes.com.br\/Noticias\/Exibir\/industria-da-construcao-demonstra-alta-intencao-de-investir-em-2024?utm_source=akna&amp;utm_medium=email&amp;utm_campaign=Grandes-Construcoes-Informativo-897-01-02-2024&amp;utm_source=akna&amp;utm_medium=email&amp;utm_campaign=Grandes-Construcoes-Informativo-897-01-02-2024\" style=\"color:blue; text-decoration:underline\"><span style=\"font-size:14.0pt\">Ind&uacute;stria da constru&ccedil;&atilde;o demonstra alta inten&ccedil;&atilde;o de investir em 2024<\/span><\/a><\/span><\/span><\/span><\/p>\r\n\r\n<p style=\"text-align:justify\"><span style=\"font-size:11pt\"><span style=\"line-height:normal\"><span style=\"font-family:Calibri,sans-serif\"><a href=\"https:\/\/grandesconstrucoes.com.br\/Noticias\/Exibir\/demanda-por-mao-de-obra-na-construcao-civil-preve-aceleracao-em-2024?utm_source=akna&amp;utm_medium=email&amp;utm_campaign=Grandes-Construcoes-Informativo-897-01-02-2024&amp;utm_source=akna&amp;utm_medium=email&amp;utm_campaign=Grandes-Construcoes-Informativo-897-01-02-2024\" style=\"color:blue; text-decoration:underline\"><span style=\"font-size:14.0pt\">Demanda por m&atilde;o de obra na constru&ccedil;&atilde;o civil prev&ecirc; acelera&ccedil;&atilde;o em 2024<\/span><\/a><\/span><\/span><\/span><\/p>\r\n\r\n<p style=\"text-align:justify\"><span style=\"font-size:11pt\"><span style=\"line-height:normal\"><span style=\"font-family:Calibri,sans-serif\"><a href=\"https:\/\/grandesconstrucoes.com.br\/Noticias\/Exibir\/consultoria-apresenta-primeiras-projecoes-de-investimento-em-infraestrutura-para-2024?utm_source=akna&amp;utm_medium=email&amp;utm_campaign=Grandes-Construcoes-Informativo-897-01-02-2024&amp;utm_source=akna&amp;utm_medium=email&amp;utm_campaign=Grandes-Construcoes-Informativo-897-01-02-2024\" style=\"color:blue; text-decoration:underline\"><span style=\"font-size:14.0pt\">Carta de Infraestrutura tra&ccedil;a perspectivas para o setor<\/span><\/a><\/span><\/span><\/span><\/p>\r\n\r\n<p style=\"text-align:justify\"><span style=\"font-size:11pt\"><span style=\"line-height:normal\"><span style=\"font-family:Calibri,sans-serif\"><a href=\"https:\/\/grandesconstrucoes.com.br\/Noticias\/Exibir\/saneamento-basico-se-mantem-na-lideranca-de-potenciais-investimentos?utm_source=akna&amp;utm_medium=email&amp;utm_campaign=Grandes-Construcoes-Informativo-897-01-02-2024&amp;utm_source=akna&amp;utm_medium=email&amp;utm_campaign=Grandes-Construcoes-Informativo-897-01-02-2024\" style=\"color:blue; text-decoration:underline\"><span style=\"font-size:14.0pt\">Saneamento b&aacute;sico se mant&eacute;m na lideran&ccedil;a de potenciais investimentos<\/span><\/a><\/span><\/span><\/span><\/p>\r\n\r\n<p style=\"text-align:justify\"><span style=\"font-size:28pt\"><span style=\"font-family:Cambria,serif\"><span style=\"letter-spacing:-0.5pt\"><b><span style=\"font-size:18.0pt\"><span style=\"font-family:&quot;Calibri&quot;,sans-serif\"><span style=\"font-variant:small-caps\">Sustentabilidade<\/span><\/span><\/span><\/b><\/span><\/span><\/span><\/p>\r\n\r\n<p style=\"text-align:justify\"><span style=\"font-size:11pt\"><span style=\"line-height:normal\"><span style=\"font-family:Calibri,sans-serif\"><a href=\"https:\/\/www.revistatae.com.br\/Noticia\/76599\/raio-x-sobre-as-aguas-do-pais\" style=\"color:blue; text-decoration:underline\"><span style=\"font-size:14.0pt\">Raio X sobre as &aacute;guas do Pa&iacute;s<\/span><\/a><\/span><\/span><\/span><\/p>\r\n\r\n<p style=\"text-align:justify\"><span style=\"font-size:11pt\"><span style=\"line-height:normal\"><span style=\"font-family:Calibri,sans-serif\"><a href=\"https:\/\/www.nonwovens-industry.com\/contents\/view_breaking-news\/2024-01-30\/study-shows-impact-of-nj-plastic-bag-ban?utm_campaign=NON+eNewsletter&amp;utm_medium=email&amp;_hsmi=292392840&amp;_hsenc=p2ANqtz-8sgF1zeNCJE6FPwN7XLlahM5zCW3KH_UzQQkHpZ60QJkaez-lgn8ZFTIR4oRXojPIue9YU-DVkhuMl37ezP2Jyn63xpQ&amp;utm_content=292392840&amp;utm_source=hs_email\" style=\"color:blue; text-decoration:underline\"><span lang=\"EN-US\" style=\"font-size:14.0pt\">Study Shows Impact of NJ Plastic Bag Ban<\/span><\/a><\/span><\/span><\/span><\/p>\r\n\r\n<p style=\"text-align:justify\"><span style=\"font-size:11pt\"><span style=\"line-height:normal\"><span style=\"font-family:Calibri,sans-serif\"><a href=\"https:\/\/plasticosemrevista.com.br\/nigeria-vai-proibir-plasticos-de-uso-unico\/\" style=\"color:blue; text-decoration:underline\"><span style=\"font-size:14.0pt\">Nig&eacute;ria vai proibir pl&aacute;sticos de uso &uacute;nico<\/span><\/a><\/span><\/span><\/span><\/p>\r\n\r\n<p style=\"text-align:justify\"><span style=\"font-size:11pt\"><span style=\"line-height:normal\"><span style=\"font-family:Calibri,sans-serif\"><a href=\"https:\/\/phys.org\/news\/2024-01-scientists-ambitious-roadmap-circular-carbon.html?utm_source=nwletter&amp;utm_medium=email&amp;utm_campaign=daily-nwletter\" style=\"color:blue; text-decoration:underline\"><span lang=\"EN-US\" style=\"font-size:14.0pt\">Scientists launch ambitious roadmap for circular carbon plastics economy<\/span><\/a><\/span><\/span><\/span><\/p>\r\n\r\n<p style=\"text-align:justify\"><span style=\"font-size:11pt\"><span style=\"line-height:normal\"><span style=\"font-family:Calibri,sans-serif\"><a href=\"https:\/\/www.panrotas.com.br\/aviacao\/empresas\/2024\/01\/latam-fecha-parceria-para-reciclagem-de-tecidos-usados-em-voos_202788.html\" style=\"color:blue; text-decoration:underline\"><span style=\"font-size:14.0pt\">Latam fecha parceria para reciclagem de tecidos usados em voos<\/span><\/a><\/span><\/span><\/span><\/p>\r\n\r\n<p style=\"text-align:justify\"><span style=\"font-size:11pt\"><span style=\"line-height:normal\"><span style=\"font-family:Calibri,sans-serif\"><a href=\"http:\/\/comunidadtextil.com\/wpnews\/2024\/01\/europa-prohibio-todo-engano-sobre-ecologia-y-durabilidad-en-cuestiones-comerciales\/?utm_source=email_marketing&amp;utm_admin=28519&amp;utm_medium=email&amp;utm_campaign=NOTICIAS_para_las_Industrias_Textil_de_la_confeccin_y_Moda\" style=\"color:blue; text-decoration:underline\"><span style=\"font-size:14.0pt\">Europa prohibi&oacute; todo enga&ntilde;o sobre ecolog&iacute;a y durabilidad en cuestiones comerciales<\/span><\/a><\/span><\/span><\/span><\/p>\r\n\r\n<p style=\"text-align:justify\"><span style=\"font-size:11pt\"><span style=\"line-height:normal\"><span style=\"font-family:Calibri,sans-serif\"><a href=\"https:\/\/mercadoeconsumo.com.br\/01\/02\/2024\/sustentabilidade\/empresas-brasileiras-abertas-demonstram-maior-interesse-em-divulgar-dados-relacionados-ao-esg\/?utm_campaign=news_0102_-_geral&amp;utm_medium=email&amp;utm_source=RD+Station\" style=\"color:blue; text-decoration:underline\"><span style=\"font-size:14.0pt\">Empresas brasileiras abertas demonstram maior interesse em divulgar dados relacionados ao ESG<\/span><\/a><\/span><\/span><\/span><\/p>\r\n\r\n<p style=\"text-align:justify\"><span style=\"font-size:28pt\"><span style=\"font-family:Cambria,serif\"><span style=\"letter-spacing:-0.5pt\"><b><span style=\"font-size:18.0pt\"><span style=\"font-family:&quot;Calibri&quot;,sans-serif\"><span style=\"font-variant:small-caps\">Inova&ccedil;&atilde;o<\/span><\/span><\/span><\/b><\/span><\/span><\/span><\/p>\r\n\r\n<p style=\"text-align:justify\"><span style=\"font-size:11pt\"><span style=\"line-height:normal\"><span style=\"font-family:Calibri,sans-serif\"><a href=\"https:\/\/www.inovacaotecnologica.com.br\/noticias\/noticia.php?artigo=tecido-inspirado-pelos-urso-polar-aquece-mais-qualquer-agasalho&amp;id=010160240131&amp;ebol=sim\" style=\"color:blue; text-decoration:underline\"><span style=\"font-size:14.0pt\">Tecido inspirado nos p&ecirc;los do urso polar aquece mais que qualquer agasalho<\/span><\/a><\/span><\/span><\/span><\/p>\r\n\r\n<p style=\"text-align:justify\"><span style=\"font-size:11pt\"><span style=\"line-height:normal\"><span style=\"font-family:Calibri,sans-serif\"><a href=\"https:\/\/www.gov.br\/mcti\/pt-br\/acompanhe-o-mcti\/noticias\/2024\/01\/mcti-e-finep-detalham-chamadas-publicas-para-projetos-do-mais-inovacao\" style=\"color:blue; text-decoration:underline\"><span style=\"font-size:14.0pt\">MCTI e FINEP detalham chamadas p&uacute;blicas para projetos do Mais Inova&ccedil;&atilde;o<\/span><\/a><\/span><\/span><\/span><\/p>\r\n\r\n<p style=\"text-align:justify\"><span style=\"font-size:11pt\"><span style=\"line-height:normal\"><span style=\"font-family:Calibri,sans-serif\"><a href=\"https:\/\/www.innovationintextiles.com\/research-development-education\/major-nsf-boost-for-north-carolina\/\" style=\"color:blue; text-decoration:underline\"><span lang=\"EN-US\" style=\"font-size:14.0pt\">Major NSF boost for North Carolina<\/span><\/a><\/span><\/span><\/span><\/p>\r\n\r\n<p style=\"text-align:justify\"><span style=\"font-size:11pt\"><span style=\"line-height:normal\"><span style=\"font-family:Calibri,sans-serif\"><a href=\"https:\/\/phys.org\/news\/2024-01-resin-destroys-coronavirus-plastic-surfaces.html?utm_source=nwletter&amp;utm_medium=email&amp;utm_campaign=daily-nwletter\" style=\"color:blue; text-decoration:underline\"><span lang=\"EN-US\" style=\"font-size:14.0pt\">Research finds resin destroys coronavirus on plastic surfaces<\/span><\/a><\/span><\/span><\/span><\/p>\r\n\r\n<p style=\"text-align:justify\"><span style=\"font-size:11pt\"><span style=\"line-height:normal\"><span style=\"font-family:Calibri,sans-serif\"><a href=\"https:\/\/www.inovacaotecnologica.com.br\/noticias\/noticia.php?artigo=novas-maneiras-detectar-luz-eletronica-organica&amp;id=010110240130&amp;ebol=sim\" style=\"color:blue; text-decoration:underline\"><span style=\"font-size:14.0pt\">Uma nova maneira de detectar a luz<\/span><\/a><\/span><\/span><\/span><\/p>\r\n\r\n<p style=\"text-align:justify\">&nbsp;<\/p>\r\n\r\n<p class=\"MsoTitle\" style=\"text-align:justify\"><span style=\"font-size:28pt\"><span style=\"font-family:Cambria,serif\"><span style=\"letter-spacing:-0.5pt\"><b><span style=\"font-size:18.0pt\"><span style=\"font-family:&quot;Calibri&quot;,sans-serif\"><span style=\"font-variant:small-caps\">Com&eacute;rcio Exterior<\/span><\/span><\/span><\/b><\/span><\/span><\/span><\/p>\r\n\r\n<p style=\"text-align:justify\"><span style=\"font-size:11pt\"><span style=\"line-height:normal\"><span style=\"font-family:Calibri,sans-serif\"><a href=\"https:\/\/www.infomoney.com.br\/politica\/premie-da-espanha-e-chanceler-da-alemanha-defendem-acordo-comercial-entre-ue-e-mercosul\/#amp_tf=De%20%251%24s&amp;aoh=17070622859487&amp;referrer=https%3A%2F%2Fwww.google.com&amp;ampshare=https%3A%2F%2Fwww.infomoney.com.br%2Fpolitica%2Fpremie-da-espanha-e-chanceler-da-alemanha-defendem-acordo-comercial-entre-ue-e-mercosul%2F\" style=\"color:blue; text-decoration:underline\"><span style=\"font-size:14.0pt\">Premi&ecirc; da Espanha e chanceler da Alemanha defendem acordo comercial entre UE e Mercosul<\/span><\/a><\/span><\/span><\/span><\/p>\r\n\r\n<p style=\"text-align:justify\"><span style=\"font-size:11pt\"><span style=\"line-height:normal\"><span style=\"font-family:Calibri,sans-serif\"><a href=\"https:\/\/www.infomoney.com.br\/onde-investir\/foquem-na-china-porque-e-de-la-que-vira-o-risco-alerta-xavier-da-spx\/#amp_tf=De%20%251%24s&amp;aoh=17070630115975&amp;referrer=https%3A%2F%2Fwww.google.com&amp;ampshare=https%3A%2F%2Fwww.infomoney.com.br%2Fonde-investir%2Ffoquem-na-china-porque-e-de-la-que-vira-o-risco-alerta-xavier-da-spx%2F\" style=\"color:blue; text-decoration:underline\"><span style=\"font-size:14.0pt\">&ldquo;Foquem na China porque &eacute; de l&aacute; que vir&aacute; o risco&rdquo;, alerta Xavier, da SPX<\/span><\/a><\/span><\/span><\/span><\/p>\r\n\r\n<p style=\"text-align:justify\"><span style=\"font-size:11pt\"><span style=\"line-height:normal\"><span style=\"font-family:Calibri,sans-serif\"><a href=\"https:\/\/portalradar.com.br\/abit-junta-se-a-plataforma-brasil-exportacao-para-impulsionar-as-exportacoes\/\" style=\"color:blue; text-decoration:underline\"><span style=\"font-size:14.0pt\">Abit junta-se &agrave; Plataforma Brasil Exporta&ccedil;&atilde;o para impulsionar as exporta&ccedil;&otilde;es<\/span><\/a><\/span><\/span><\/span><\/p>\r\n\r\n<p style=\"text-align:justify\"><span style=\"font-size:11pt\"><span style=\"line-height:normal\"><span style=\"font-family:Calibri,sans-serif\"><a href=\"https:\/\/www.camara.leg.br\/noticias\/1034531-projeto-do-governo-normatiza-financiamento-das-exportacoes-pelo-bndes\/\" style=\"color:blue; text-decoration:underline\"><span style=\"font-size:14.0pt\">Projeto do governo normatiza financiamento das exporta&ccedil;&otilde;es pelo BNDES<\/span><\/a><\/span><\/span><\/span><\/p>\r\n\r\n<p style=\"text-align:justify\"><span style=\"font-size:11pt\"><span style=\"line-height:normal\"><span style=\"font-family:Calibri,sans-serif\"><a href=\"https:\/\/click.news.iadb.org\/?qs=0301d4bb29f3b5ba8b8424e41b73d0aa62a841bbf2b49362663f16b42e1e17339a8b63277f4c2ea1bc54e911eb114d4498af860e8940121e\" style=\"color:blue; text-decoration:underline\" title=\"Diminui tend\u00eancia de queda das exporta\u00e7\u00f5es da Am\u00e9rica Latina e Caribe\"><span style=\"font-size:14.0pt\">Diminui tend&ecirc;ncia de queda das exporta&ccedil;&otilde;es da Am&eacute;rica Latina e Caribe<\/span><\/a><\/span><\/span><\/span><\/p>\r\n\r\n<p style=\"text-align:justify\"><span style=\"font-size:11pt\"><span style=\"line-height:normal\"><span style=\"font-family:Calibri,sans-serif\"><a href=\"https:\/\/agenciabrasil.ebc.com.br\/internacional\/noticia\/2024-01\/reforma-da-omc-esta-entre-prioridades-do-brasil-no-g20\" style=\"color:blue; text-decoration:underline\"><span style=\"font-size:14.0pt\">Reforma da OMC est&aacute; entre as prioridades do Brasil no G20<\/span><\/a><\/span><\/span><\/span><\/p>\r\n\r\n<p style=\"text-align:justify\"><span style=\"font-size:28pt\"><span style=\"font-family:Cambria,serif\"><span style=\"letter-spacing:-0.5pt\"><b><span style=\"font-size:18.0pt\"><span style=\"font-family:&quot;Calibri&quot;,sans-serif\"><span style=\"font-variant:small-caps\">Economia<\/span><\/span><\/span><\/b><\/span><\/span><\/span><\/p>\r\n\r\n<p style=\"text-align:justify\"><span style=\"font-size:11pt\"><span style=\"line-height:normal\"><span style=\"font-family:Calibri,sans-serif\"><a href=\"https:\/\/www.bcb.gov.br\/content\/focus\/focus\/R20240202.pdf\" style=\"color:blue; text-decoration:underline\"><span style=\"font-size:14.0pt\">Focus &ndash; Relat&oacute;rio de Mercado<\/span><\/a><\/span><\/span><\/span><\/p>\r\n\r\n<p style=\"text-align:justify\"><span style=\"font-size:11pt\"><span style=\"line-height:normal\"><span style=\"font-family:Calibri,sans-serif\"><a href=\"https:\/\/www.bcb.gov.br\/content\/controleinflacao\/focusdistribuicoesfrequencia\/P20240206-Focus-Distribuicoes-de-frequencia.pdf\" style=\"color:blue; text-decoration:underline\"><span style=\"font-size:14.0pt\">Focus &ndash; Distribui&ccedil;&otilde;es de Frequ&ecirc;ncia das Expectativas de Mercado para IPCA, Selic, PIB e C&acirc;mbio<\/span><\/a><\/span><\/span><\/span><\/p>\r\n\r\n<p style=\"text-align:justify\"><span style=\"font-size:11pt\"><span style=\"line-height:normal\"><span style=\"font-family:Calibri,sans-serif\"><a href=\"https:\/\/agenciabrasil.ebc.com.br\/economia\/noticia\/2024-01\/entidades-do-setor-produtivo-consideram-timido-corte-da-selic\" style=\"color:blue; text-decoration:underline\"><span style=\"font-size:14.0pt\">Entidades do setor produtivo consideram t&iacute;mido corte da Selic<\/span><\/a><\/span><\/span><\/span><\/p>\r\n\r\n<p style=\"text-align:justify\"><span style=\"font-size:11pt\"><span style=\"line-height:normal\"><span style=\"font-family:Calibri,sans-serif\"><a href=\"https:\/\/www.weforum.org\/agenda\/2024\/02\/imf-economic-growth-eurozone-recession-5-february\/#:~:text=IMF%3A%20Latest%20on%20the%20global%20economy&amp;text=%22We%20are%20very%20far%20from,%2C%20global%20growth%20averaged%203.8%25.\" style=\"color:blue; text-decoration:underline\"><span lang=\"EN-US\" style=\"font-size:14.0pt\">The IMF&#39;s latest update on the global economy, and other economics stories to read<\/span><\/a><\/span><\/span><\/span><\/p>\r\n\r\n<p style=\"text-align:justify\"><span style=\"font-size:11pt\"><span style=\"line-height:normal\"><span style=\"font-family:Calibri,sans-serif\"><span lang=\"EN-US\" style=\"font-size:14.0pt\"><img src=\"https:\/\/www.abint.org.br\/assets\/img\/editor\/redes-sociais-abint-ctg-cth_20240214152926KB39PpHHKw.jpg\" style=\"width: 700px; height: 280px;\" \/><\/span><\/span><\/span><\/span><\/p>\r\n","texto_en":"","7":"","imagem":"COMP_capa-2024-site-boletim-abint-noticias-semanis_20240214153535IHPP4IvZqA.jpg","8":"COMP_capa-2024-site-boletim-abint-noticias-semanis_20240214153535IHPP4IvZqA.jpg","arquivo":"20240209-BOLETIM-ABINT-DE-NOTICIAS-SEMANAIS.PDF","9":"20240209-BOLETIM-ABINT-DE-NOTICIAS-SEMANAIS.PDF","titulo_arquivo":"20240209 Boletim ABINT de Not\u00edcias Semanais","10":"20240209 Boletim ABINT de Not\u00edcias Semanais","titulo_arquivo_en":"","11":"","created_at":"2024-02-14 15:35:47","12":"2024-02-14 15:35:47","updated_at":"2024-02-14 15:35:47","13":"2024-02-14 15:35:47"},{"id":100,"0":100,"ordem":122,"1":122,"data":"2024-01-31","2":"2024-01-31","slug":"como-a-abint-encarou-2023-e-o-que-esta-por-vir","3":"como-a-abint-encarou-2023-e-o-que-esta-por-vir","titulo":"Como a ABINT encarou 2023 e o que est\u00e1 por vir","4":"Como a ABINT encarou 2023 e o que est\u00e1 por vir","titulo_en":".","5":".","texto":"<h3 style=\"text-align: justify;\"><span style=\"color:#2980b9;\"><span style=\"font-size:11pt\"><span style=\"line-height:115%\"><span style=\"font-family:Calibri,sans-serif\"><b><span arial=\"\">*por Mateus Mesquita Inacio <\/span><\/b><\/span><\/span><\/span><\/span><\/h3>\r\n\r\n<p style=\"text-align:justify; margin-bottom:11px\"><span style=\"font-size:11pt\"><span style=\"line-height:115%\"><span style=\"font-family:Calibri,sans-serif\"><span style=\"font-size:10.0pt\"><span style=\"line-height:115%\"><span arial=\"\" style=\"font-family:\">N&atilde;o foram poucos os desafios para o setor de N&atilde;otecidos e Tecidos T&eacute;cnicos em 2023. A dificuldade de acesso &agrave;s mat&eacute;rias-primas para fabrica&ccedil;&atilde;o de N&atilde;otecidos, a concorr&ecirc;ncia desleal de produtos importados e o j&aacute; conhecido Custo Brasil, que impacta diversos setores da nossa ind&uacute;stria, foram apenas alguns deles.<\/span><\/span><\/span><\/span><\/span><\/span><\/p>\r\n\r\n<p style=\"text-align:justify; margin-bottom:11px\"><span style=\"font-size:11pt\"><span style=\"line-height:115%\"><span style=\"font-family:Calibri,sans-serif\"><span style=\"font-size:10.0pt\"><span style=\"line-height:115%\"><span arial=\"\" style=\"font-family:\">No cen&aacute;rio pol&iacute;tico econ&ocirc;mico, as incertezas locais, como a mudan&ccedil;a de governo e a reforma tribut&aacute;ria, somaram-se a instabilidades globais, como tens&otilde;es geopol&iacute;ticas e instabilidade econ&ocirc;mica.<\/span><\/span><\/span><\/span><\/span><\/span><\/p>\r\n\r\n<p style=\"text-align:justify; margin-bottom:11px\"><span style=\"font-size:11pt\"><span style=\"line-height:115%\"><span style=\"font-family:Calibri,sans-serif\"><span style=\"font-size:10.0pt\"><span style=\"line-height:115%\"><span arial=\"\" style=\"font-family:\">Mesmo assim, <b>nos &uacute;ltimos tr&ecirc;s anos o setor de N&atilde;otecidos e Tecidos T&eacute;cnicos Brasileiro investiu mais de R$ 600 milh&otilde;es<\/b> em amplia&ccedil;&atilde;o de capacidade e desenvolvimento de inova&ccedil;&otilde;es para segmentos estrat&eacute;gicos, como o m&eacute;dico\/hospitalar. <\/span><\/span><\/span><\/span><\/span><\/span><\/p>\r\n\r\n<p style=\"text-align:justify; margin-bottom:11px\"><span style=\"font-size:11pt\"><span style=\"line-height:115%\"><span style=\"font-family:Calibri,sans-serif\"><span style=\"font-size:10.0pt\"><span style=\"line-height:115%\"><span arial=\"\" style=\"font-family:\">No longo prazo, este investimento ajuda a garantir o abastecimento local de mat&eacute;rias-primas fundamentais para a sa&uacute;de, seguran&ccedil;a e conveni&ecirc;ncia dos brasileiros, e a competitividade da ind&uacute;stria local atrav&eacute;s da moderniza&ccedil;&atilde;o da sua base de ativos. No curto prazo, tem impacto imediato para a sociedade atrav&eacute;s da cria&ccedil;&atilde;o de empregos e pagamento de impostos, em fun&ccedil;&atilde;o da natureza altamente formalizada da nossa ind&uacute;stria.<\/span><\/span><\/span><\/span><\/span><\/span><\/p>\r\n\r\n<p style=\"text-align:justify; margin-bottom:11px\"><span style=\"font-size:11pt\"><span style=\"line-height:115%\"><span style=\"font-family:Calibri,sans-serif\"><span style=\"font-size:10.0pt\"><span style=\"line-height:115%\"><span arial=\"\" style=\"font-family:\">Neste cen&aacute;rio, a Associa&ccedil;&atilde;o Brasileira das Ind&uacute;strias de N&atilde;otecido e Tecidos T&eacute;cnicos (ABINT) e seus comit&ecirc;s, o CTG (Comit&ecirc; T&eacute;cnico de Geossint&eacute;ticos) e o CTH (Comit&ecirc; T&eacute;cnico M&eacute;dico-Hospitalar), t&ecirc;m desempenhado papel imprescind&iacute;vel na <b>divulga&ccedil;&atilde;o, na profissionaliza&ccedil;&atilde;o e na prote&ccedil;&atilde;o do setor e dos mercados por ele atendidos<\/b>.<\/span><\/span><\/span><\/span><\/span><\/span><\/p>\r\n\r\n<p style=\"text-align:justify; margin-bottom:11px\"><span style=\"font-size:11pt\"><span style=\"line-height:115%\"><span style=\"font-family:Calibri,sans-serif\"><span style=\"font-size:10.0pt\"><span style=\"line-height:115%\"><span arial=\"\" style=\"font-family:\">Foram in&uacute;meras a&ccedil;&otilde;es de <b>promo&ccedil;&atilde;o da qualidade e das aplica&ccedil;&otilde;es dos N&atilde;otecidos e Tecidos T&eacute;cnicos. <\/b>Destacamos o <b>Patroc&iacute;nio e apoio em eventos <\/b>do setor t&ecirc;xtil e afins: ITMA 2023, 2&ordm; F&oacute;rum de Economia Circular Pl&aacute;stico Sul, 2&ordm; Semin&aacute;rio Brasileiro de Filtros, Congresso Internacional Abit 2023. <\/span><\/span><\/span><\/span><\/span><\/span><\/p>\r\n\r\n<p style=\"text-align:justify; margin-bottom:11px\"><span style=\"font-size:11pt\"><span style=\"line-height:115%\"><span style=\"font-family:Calibri,sans-serif\"><span style=\"font-size:10.0pt\"><span style=\"line-height:115%\"><span arial=\"\" style=\"font-family:\">Outro destaque foi o<b> patroc&iacute;nio e palestras do CTG ABINT<\/b> em eventos espec&iacute;ficos do segmento de geossint&eacute;ticos: Regeo&amp;Geossint&eacute;ticos 2023, 10&ordm; Semin&aacute;rio Internacional Dia Mundial da &Aacute;gua ASEC CETESB, Momentos de Tecnologia AESabesp, 37&ordm; ANPET - Congresso de Pesquisa e Ensino em Transportes, GEONORTE 2023 e GEOSUL 2023; e tamb&eacute;m a <b>Presen&ccedil;a do CTH ABINT em evento <\/b>espec&iacute;fico do segmento m&eacute;dico\/hospitalar: 16&ordm; Congresso SOBECC com a palestra &ldquo;Fiapos, coisas t&atilde;o pequenas ... Potencial de complica&ccedil;&atilde;o cir&uacute;rgica t&atilde;o grande!&rdquo;, ministrada pela Dra. Wava Truscott, PhD MBA;<\/span><\/span><\/span><\/span><\/span><\/span><\/p>\r\n\r\n<p style=\"text-align:justify; margin-bottom:11px\"><span style=\"font-size:11pt\"><span style=\"line-height:115%\"><span style=\"font-family:Calibri,sans-serif\"><span style=\"font-size:10.0pt\"><span style=\"line-height:115%\"><span arial=\"\" style=\"font-family:\">Ressaltamos, ainda os<b> investimentos em educa&ccedil;&atilde;o<\/b>: promo&ccedil;&atilde;o dos cursos peri&oacute;dicos ABINT Tecnologia dos N&atilde;otecidos, organiza&ccedil;&atilde;o do 1&ordm; Curso Brasileiro de Instala&ccedil;&atilde;o de Geomembranas, realiza&ccedil;&atilde;o da edi&ccedil;&atilde;o 2022\/2023 do Pr&ecirc;mio TCC\/IC Benedito de Souza Bueno e participa&ccedil;&atilde;o na Semana de Engenharia EESC-USP; e os <b>investimentos em profissionaliza&ccedil;&atilde;o<\/b>: lan&ccedil;amento de 5 novas Cartilhas do Ciclo de Qualidade CTG, participa&ccedil;&atilde;o ativa na ABNT\/CEE-175 - Comiss&atilde;o de Estudo Especial de Geossint&eacute;ticos, e adequa&ccedil;&atilde;o das normas dos dispositivos m&eacute;dicos (m&aacute;scaras\/ aventais\/ campos).<\/span><\/span><\/span><\/span><\/span><\/span><\/p>\r\n\r\n<p style=\"text-align:justify; margin-bottom:11px\"><span style=\"font-size:11pt\"><span style=\"line-height:115%\"><span style=\"font-family:Calibri,sans-serif\"><span style=\"font-size:10.0pt\"><span style=\"line-height:115%\"><span arial=\"\" style=\"font-family:\">Al&eacute;m de aumentar a visibilidade dos produtos, estas iniciativas contribuem para a <b>conscientiza&ccedil;&atilde;o sobre a import&acirc;ncia das normas t&eacute;cnicas e os riscos relacionados ao seu descumprimento<\/b>, situa&ccedil;&atilde;o infelizmente comum especialmente nos segmentos m&eacute;dico-hospitalar e de geossint&eacute;ticos.<\/span><\/span><\/span><\/span><\/span><\/span><\/p>\r\n\r\n<p style=\"text-align:justify; margin-bottom:11px\"><span style=\"font-size:11pt\"><span style=\"line-height:115%\"><span style=\"font-family:Calibri,sans-serif\"><span style=\"font-size:10.0pt\"><span style=\"line-height:115%\"><span arial=\"\" style=\"font-family:\">O ano de 2023 tamb&eacute;m foi marcado por diversas conquistas no que tange &agrave; <b>defesa comercial do setor. <\/b>Obtivemos <b>a exclus&atilde;o dos N&atilde;otecidos e seus produtos derivados da &ldquo;Lista Covid&rdquo;,<\/b> que mantinha em 0% a al&iacute;quota de importa&ccedil;&atilde;o de todas as origens; fomos <b>vitoriosos na manifesta&ccedil;&atilde;o contr&aacute;ria &agrave; redu&ccedil;&atilde;o tempor&aacute;ria de al&iacute;quota para 0% para uma das NCMs representadas pela ABINT<\/b>, com expectativa de decis&atilde;o tamb&eacute;m favor&aacute;vel para o pleito de redu&ccedil;&atilde;o permanente; obtivemos, tamb&eacute;m, a <b>publica&ccedil;&atilde;o da NOTA T&Eacute;CNICA ANVISA N&ordm; 9\/2023, <\/b>em resposta ao pleito do CTH-ABINT, mencionando a import&acirc;ncia do atendimento aos requisitos das normas para fabrica&ccedil;&atilde;o, importa&ccedil;&atilde;o e aquisi&ccedil;&atilde;o de m&aacute;scaras cir&uacute;rgicas e aventais hospitalares descart&aacute;veis. <\/span><\/span><\/span><\/span><\/span><\/span><\/p>\r\n\r\n<p style=\"text-align:justify; margin-bottom:11px\"><span style=\"font-size:11pt\"><span style=\"line-height:115%\"><span style=\"font-family:Calibri,sans-serif\"><span style=\"font-size:10.0pt\"><span style=\"line-height:115%\"><span arial=\"\" style=\"font-family:\">Ainda em defesa comercial, em 2024 a ABINT segue no embate contra pleitos que pretendem elevar a taxa&ccedil;&atilde;o de resinas e fibras, prejudicando toda a cadeia produtiva brasileira. E, para preservar a competitividade dos fabricantes nacionais, a ABINT est&aacute; atenta &agrave;s movimenta&ccedil;&otilde;es nas negocia&ccedil;&otilde;es de v&aacute;rios acordos comerciais, que pretendem desagravar a tarifa de importa&ccedil;&atilde;o de produtos acabados. Tamb&eacute;m manter&aacute; o foco na regulamenta&ccedil;&atilde;o dos N&atilde;otecidos e Tecidos T&eacute;cnicos junto &agrave;s ag&ecirc;ncias reguladoras, agregando valor e trazendo diferencial competitivo aos produtos nacionais.<\/span><\/span><\/span><\/span><\/span><\/span><\/p>\r\n\r\n<p style=\"text-align:justify; margin-bottom:11px\"><span style=\"font-size:11pt\"><span style=\"line-height:115%\"><span style=\"font-family:Calibri,sans-serif\"><span style=\"font-size:10.0pt\"><span style=\"line-height:115%\"><span arial=\"\" style=\"font-family:\">Em sua atua&ccedil;&atilde;o, a ABINT conta com uma s&eacute;rie de parcerias que exercem papel fundamental nas conquistas obtidas. Estes relacionamentos t&ecirc;m sido constru&iacute;dos ao longo de v&aacute;rios anos, e continuar&atilde;o a ser sedimentados a partir dos interesses compartilhados dos segmentos que representamos. Como interlocutor principal do macro setor t&ecirc;xtil e de confec&ccedil;&atilde;o junto &agrave;s esferas governamentais, a Associa&ccedil;&atilde;o Brasileira da Ind&uacute;stria T&ecirc;xtil e de Confec&ccedil;&atilde;o (Abit) &eacute; um parceiro estrat&eacute;gico, principalmente em quest&otilde;es de Com&eacute;rcio Exterior. A Associa&ccedil;&atilde;o dos Engenheiros da Sabesp (AESabesp), a IGS Brasil e a SOBECC s&atilde;o importantes contrapartes na troca de informa&ccedil;&otilde;es t&eacute;cnicas sobre segmentos especializados da nossa ind&uacute;stria; e diversas outras entidades como a Abiplast, a Abrafiltros, o FIESP\/CIESP e a ABMS s&atilde;o companheiros na empreitada de fomentar o desenvolvimento socioecon&ocirc;mico do pa&iacute;s.<\/span><\/span><\/span><\/span><\/span><\/span><\/p>\r\n\r\n<p style=\"text-align:justify; margin-bottom:11px\"><span style=\"font-size:11pt\"><span style=\"line-height:115%\"><span style=\"font-family:Calibri,sans-serif\"><span style=\"font-size:10.0pt\"><span style=\"line-height:115%\"><span arial=\"\" style=\"font-family:\">Desenvolvemos o White Paper &ldquo;Estrat&eacute;gia de Competitividade Sist&ecirc;mica do Setor de N&atilde;otecidos e Tecidos T&eacute;cnicos&rdquo;, um estudo, que mapeou os desafios e as oportunidades dessa importante ind&uacute;stria, consolida os aprendizados de 2023 e serviu como guia na defini&ccedil;&atilde;o das prioridades estrat&eacute;gicas para 2024. Estamos comprometidos com uma s&eacute;rie de a&ccedil;&otilde;es que, temos certeza, alcan&ccedil;ar&atilde;o novos patamares de sucesso com o engajamento e participa&ccedil;&atilde;o ativa de nossos valiosos associados.<\/span><\/span><\/span><\/span><\/span><\/span><\/p>\r\n\r\n<p style=\"text-align:justify; margin-bottom:11px\"><span style=\"font-size:11pt\"><span style=\"line-height:115%\"><span style=\"font-family:Calibri,sans-serif\"><span style=\"font-size:10.0pt\"><span style=\"line-height:115%\"><span arial=\"\" style=\"font-family:\">Nos &uacute;ltimos anos, a ABINT se transformou em uma for&ccedil;a importante, ganhando robustez e elevando a visibilidade da ind&uacute;stria nacional de n&atilde;o tecidos e tecidos t&eacute;cnicos a patamares sem precedentes. Este crescimento nos capacita a avan&ccedil;ar em 2024 com o objetivo ambicioso de fortalecer alian&ccedil;as e promover o desenvolvimento de nossa ind&uacute;stria rumo a um futuro mais sustent&aacute;vel. Contamos com a participa&ccedil;&atilde;o ativa e colaborativa de todos os nossos associados nesta jornada. Juntos, estamos trilhando um caminho de inova&ccedil;&atilde;o, responsabilidade e crescimento sustent&aacute;vel!<\/span><\/span><\/span><\/span><\/span><\/span><\/p>\r\n\r\n<p style=\"text-align:justify\"><span style=\"font-size:11pt\"><span style=\"line-height:115%\"><span style=\"font-family:Calibri,sans-serif\"><b><i><span arial=\"\" style=\"font-family:\">*Mateus Mesquita Inacio &eacute; presidente da ABINT<\/span><\/i><\/b><\/span><\/span><\/span><\/p>\r\n","6":"<h3 style=\"text-align: justify;\"><span style=\"color:#2980b9;\"><span style=\"font-size:11pt\"><span style=\"line-height:115%\"><span style=\"font-family:Calibri,sans-serif\"><b><span arial=\"\">*por Mateus Mesquita Inacio <\/span><\/b><\/span><\/span><\/span><\/span><\/h3>\r\n\r\n<p style=\"text-align:justify; margin-bottom:11px\"><span style=\"font-size:11pt\"><span style=\"line-height:115%\"><span style=\"font-family:Calibri,sans-serif\"><span style=\"font-size:10.0pt\"><span style=\"line-height:115%\"><span arial=\"\" style=\"font-family:\">N&atilde;o foram poucos os desafios para o setor de N&atilde;otecidos e Tecidos T&eacute;cnicos em 2023. A dificuldade de acesso &agrave;s mat&eacute;rias-primas para fabrica&ccedil;&atilde;o de N&atilde;otecidos, a concorr&ecirc;ncia desleal de produtos importados e o j&aacute; conhecido Custo Brasil, que impacta diversos setores da nossa ind&uacute;stria, foram apenas alguns deles.<\/span><\/span><\/span><\/span><\/span><\/span><\/p>\r\n\r\n<p style=\"text-align:justify; margin-bottom:11px\"><span style=\"font-size:11pt\"><span style=\"line-height:115%\"><span style=\"font-family:Calibri,sans-serif\"><span style=\"font-size:10.0pt\"><span style=\"line-height:115%\"><span arial=\"\" style=\"font-family:\">No cen&aacute;rio pol&iacute;tico econ&ocirc;mico, as incertezas locais, como a mudan&ccedil;a de governo e a reforma tribut&aacute;ria, somaram-se a instabilidades globais, como tens&otilde;es geopol&iacute;ticas e instabilidade econ&ocirc;mica.<\/span><\/span><\/span><\/span><\/span><\/span><\/p>\r\n\r\n<p style=\"text-align:justify; margin-bottom:11px\"><span style=\"font-size:11pt\"><span style=\"line-height:115%\"><span style=\"font-family:Calibri,sans-serif\"><span style=\"font-size:10.0pt\"><span style=\"line-height:115%\"><span arial=\"\" style=\"font-family:\">Mesmo assim, <b>nos &uacute;ltimos tr&ecirc;s anos o setor de N&atilde;otecidos e Tecidos T&eacute;cnicos Brasileiro investiu mais de R$ 600 milh&otilde;es<\/b> em amplia&ccedil;&atilde;o de capacidade e desenvolvimento de inova&ccedil;&otilde;es para segmentos estrat&eacute;gicos, como o m&eacute;dico\/hospitalar. <\/span><\/span><\/span><\/span><\/span><\/span><\/p>\r\n\r\n<p style=\"text-align:justify; margin-bottom:11px\"><span style=\"font-size:11pt\"><span style=\"line-height:115%\"><span style=\"font-family:Calibri,sans-serif\"><span style=\"font-size:10.0pt\"><span style=\"line-height:115%\"><span arial=\"\" style=\"font-family:\">No longo prazo, este investimento ajuda a garantir o abastecimento local de mat&eacute;rias-primas fundamentais para a sa&uacute;de, seguran&ccedil;a e conveni&ecirc;ncia dos brasileiros, e a competitividade da ind&uacute;stria local atrav&eacute;s da moderniza&ccedil;&atilde;o da sua base de ativos. No curto prazo, tem impacto imediato para a sociedade atrav&eacute;s da cria&ccedil;&atilde;o de empregos e pagamento de impostos, em fun&ccedil;&atilde;o da natureza altamente formalizada da nossa ind&uacute;stria.<\/span><\/span><\/span><\/span><\/span><\/span><\/p>\r\n\r\n<p style=\"text-align:justify; margin-bottom:11px\"><span style=\"font-size:11pt\"><span style=\"line-height:115%\"><span style=\"font-family:Calibri,sans-serif\"><span style=\"font-size:10.0pt\"><span style=\"line-height:115%\"><span arial=\"\" style=\"font-family:\">Neste cen&aacute;rio, a Associa&ccedil;&atilde;o Brasileira das Ind&uacute;strias de N&atilde;otecido e Tecidos T&eacute;cnicos (ABINT) e seus comit&ecirc;s, o CTG (Comit&ecirc; T&eacute;cnico de Geossint&eacute;ticos) e o CTH (Comit&ecirc; T&eacute;cnico M&eacute;dico-Hospitalar), t&ecirc;m desempenhado papel imprescind&iacute;vel na <b>divulga&ccedil;&atilde;o, na profissionaliza&ccedil;&atilde;o e na prote&ccedil;&atilde;o do setor e dos mercados por ele atendidos<\/b>.<\/span><\/span><\/span><\/span><\/span><\/span><\/p>\r\n\r\n<p style=\"text-align:justify; margin-bottom:11px\"><span style=\"font-size:11pt\"><span style=\"line-height:115%\"><span style=\"font-family:Calibri,sans-serif\"><span style=\"font-size:10.0pt\"><span style=\"line-height:115%\"><span arial=\"\" style=\"font-family:\">Foram in&uacute;meras a&ccedil;&otilde;es de <b>promo&ccedil;&atilde;o da qualidade e das aplica&ccedil;&otilde;es dos N&atilde;otecidos e Tecidos T&eacute;cnicos. <\/b>Destacamos o <b>Patroc&iacute;nio e apoio em eventos <\/b>do setor t&ecirc;xtil e afins: ITMA 2023, 2&ordm; F&oacute;rum de Economia Circular Pl&aacute;stico Sul, 2&ordm; Semin&aacute;rio Brasileiro de Filtros, Congresso Internacional Abit 2023. <\/span><\/span><\/span><\/span><\/span><\/span><\/p>\r\n\r\n<p style=\"text-align:justify; margin-bottom:11px\"><span style=\"font-size:11pt\"><span style=\"line-height:115%\"><span style=\"font-family:Calibri,sans-serif\"><span style=\"font-size:10.0pt\"><span style=\"line-height:115%\"><span arial=\"\" style=\"font-family:\">Outro destaque foi o<b> patroc&iacute;nio e palestras do CTG ABINT<\/b> em eventos espec&iacute;ficos do segmento de geossint&eacute;ticos: Regeo&amp;Geossint&eacute;ticos 2023, 10&ordm; Semin&aacute;rio Internacional Dia Mundial da &Aacute;gua ASEC CETESB, Momentos de Tecnologia AESabesp, 37&ordm; ANPET - Congresso de Pesquisa e Ensino em Transportes, GEONORTE 2023 e GEOSUL 2023; e tamb&eacute;m a <b>Presen&ccedil;a do CTH ABINT em evento <\/b>espec&iacute;fico do segmento m&eacute;dico\/hospitalar: 16&ordm; Congresso SOBECC com a palestra &ldquo;Fiapos, coisas t&atilde;o pequenas ... Potencial de complica&ccedil;&atilde;o cir&uacute;rgica t&atilde;o grande!&rdquo;, ministrada pela Dra. Wava Truscott, PhD MBA;<\/span><\/span><\/span><\/span><\/span><\/span><\/p>\r\n\r\n<p style=\"text-align:justify; margin-bottom:11px\"><span style=\"font-size:11pt\"><span style=\"line-height:115%\"><span style=\"font-family:Calibri,sans-serif\"><span style=\"font-size:10.0pt\"><span style=\"line-height:115%\"><span arial=\"\" style=\"font-family:\">Ressaltamos, ainda os<b> investimentos em educa&ccedil;&atilde;o<\/b>: promo&ccedil;&atilde;o dos cursos peri&oacute;dicos ABINT Tecnologia dos N&atilde;otecidos, organiza&ccedil;&atilde;o do 1&ordm; Curso Brasileiro de Instala&ccedil;&atilde;o de Geomembranas, realiza&ccedil;&atilde;o da edi&ccedil;&atilde;o 2022\/2023 do Pr&ecirc;mio TCC\/IC Benedito de Souza Bueno e participa&ccedil;&atilde;o na Semana de Engenharia EESC-USP; e os <b>investimentos em profissionaliza&ccedil;&atilde;o<\/b>: lan&ccedil;amento de 5 novas Cartilhas do Ciclo de Qualidade CTG, participa&ccedil;&atilde;o ativa na ABNT\/CEE-175 - Comiss&atilde;o de Estudo Especial de Geossint&eacute;ticos, e adequa&ccedil;&atilde;o das normas dos dispositivos m&eacute;dicos (m&aacute;scaras\/ aventais\/ campos).<\/span><\/span><\/span><\/span><\/span><\/span><\/p>\r\n\r\n<p style=\"text-align:justify; margin-bottom:11px\"><span style=\"font-size:11pt\"><span style=\"line-height:115%\"><span style=\"font-family:Calibri,sans-serif\"><span style=\"font-size:10.0pt\"><span style=\"line-height:115%\"><span arial=\"\" style=\"font-family:\">Al&eacute;m de aumentar a visibilidade dos produtos, estas iniciativas contribuem para a <b>conscientiza&ccedil;&atilde;o sobre a import&acirc;ncia das normas t&eacute;cnicas e os riscos relacionados ao seu descumprimento<\/b>, situa&ccedil;&atilde;o infelizmente comum especialmente nos segmentos m&eacute;dico-hospitalar e de geossint&eacute;ticos.<\/span><\/span><\/span><\/span><\/span><\/span><\/p>\r\n\r\n<p style=\"text-align:justify; margin-bottom:11px\"><span style=\"font-size:11pt\"><span style=\"line-height:115%\"><span style=\"font-family:Calibri,sans-serif\"><span style=\"font-size:10.0pt\"><span style=\"line-height:115%\"><span arial=\"\" style=\"font-family:\">O ano de 2023 tamb&eacute;m foi marcado por diversas conquistas no que tange &agrave; <b>defesa comercial do setor. <\/b>Obtivemos <b>a exclus&atilde;o dos N&atilde;otecidos e seus produtos derivados da &ldquo;Lista Covid&rdquo;,<\/b> que mantinha em 0% a al&iacute;quota de importa&ccedil;&atilde;o de todas as origens; fomos <b>vitoriosos na manifesta&ccedil;&atilde;o contr&aacute;ria &agrave; redu&ccedil;&atilde;o tempor&aacute;ria de al&iacute;quota para 0% para uma das NCMs representadas pela ABINT<\/b>, com expectativa de decis&atilde;o tamb&eacute;m favor&aacute;vel para o pleito de redu&ccedil;&atilde;o permanente; obtivemos, tamb&eacute;m, a <b>publica&ccedil;&atilde;o da NOTA T&Eacute;CNICA ANVISA N&ordm; 9\/2023, <\/b>em resposta ao pleito do CTH-ABINT, mencionando a import&acirc;ncia do atendimento aos requisitos das normas para fabrica&ccedil;&atilde;o, importa&ccedil;&atilde;o e aquisi&ccedil;&atilde;o de m&aacute;scaras cir&uacute;rgicas e aventais hospitalares descart&aacute;veis. <\/span><\/span><\/span><\/span><\/span><\/span><\/p>\r\n\r\n<p style=\"text-align:justify; margin-bottom:11px\"><span style=\"font-size:11pt\"><span style=\"line-height:115%\"><span style=\"font-family:Calibri,sans-serif\"><span style=\"font-size:10.0pt\"><span style=\"line-height:115%\"><span arial=\"\" style=\"font-family:\">Ainda em defesa comercial, em 2024 a ABINT segue no embate contra pleitos que pretendem elevar a taxa&ccedil;&atilde;o de resinas e fibras, prejudicando toda a cadeia produtiva brasileira. E, para preservar a competitividade dos fabricantes nacionais, a ABINT est&aacute; atenta &agrave;s movimenta&ccedil;&otilde;es nas negocia&ccedil;&otilde;es de v&aacute;rios acordos comerciais, que pretendem desagravar a tarifa de importa&ccedil;&atilde;o de produtos acabados. Tamb&eacute;m manter&aacute; o foco na regulamenta&ccedil;&atilde;o dos N&atilde;otecidos e Tecidos T&eacute;cnicos junto &agrave;s ag&ecirc;ncias reguladoras, agregando valor e trazendo diferencial competitivo aos produtos nacionais.<\/span><\/span><\/span><\/span><\/span><\/span><\/p>\r\n\r\n<p style=\"text-align:justify; margin-bottom:11px\"><span style=\"font-size:11pt\"><span style=\"line-height:115%\"><span style=\"font-family:Calibri,sans-serif\"><span style=\"font-size:10.0pt\"><span style=\"line-height:115%\"><span arial=\"\" style=\"font-family:\">Em sua atua&ccedil;&atilde;o, a ABINT conta com uma s&eacute;rie de parcerias que exercem papel fundamental nas conquistas obtidas. Estes relacionamentos t&ecirc;m sido constru&iacute;dos ao longo de v&aacute;rios anos, e continuar&atilde;o a ser sedimentados a partir dos interesses compartilhados dos segmentos que representamos. Como interlocutor principal do macro setor t&ecirc;xtil e de confec&ccedil;&atilde;o junto &agrave;s esferas governamentais, a Associa&ccedil;&atilde;o Brasileira da Ind&uacute;stria T&ecirc;xtil e de Confec&ccedil;&atilde;o (Abit) &eacute; um parceiro estrat&eacute;gico, principalmente em quest&otilde;es de Com&eacute;rcio Exterior. A Associa&ccedil;&atilde;o dos Engenheiros da Sabesp (AESabesp), a IGS Brasil e a SOBECC s&atilde;o importantes contrapartes na troca de informa&ccedil;&otilde;es t&eacute;cnicas sobre segmentos especializados da nossa ind&uacute;stria; e diversas outras entidades como a Abiplast, a Abrafiltros, o FIESP\/CIESP e a ABMS s&atilde;o companheiros na empreitada de fomentar o desenvolvimento socioecon&ocirc;mico do pa&iacute;s.<\/span><\/span><\/span><\/span><\/span><\/span><\/p>\r\n\r\n<p style=\"text-align:justify; margin-bottom:11px\"><span style=\"font-size:11pt\"><span style=\"line-height:115%\"><span style=\"font-family:Calibri,sans-serif\"><span style=\"font-size:10.0pt\"><span style=\"line-height:115%\"><span arial=\"\" style=\"font-family:\">Desenvolvemos o White Paper &ldquo;Estrat&eacute;gia de Competitividade Sist&ecirc;mica do Setor de N&atilde;otecidos e Tecidos T&eacute;cnicos&rdquo;, um estudo, que mapeou os desafios e as oportunidades dessa importante ind&uacute;stria, consolida os aprendizados de 2023 e serviu como guia na defini&ccedil;&atilde;o das prioridades estrat&eacute;gicas para 2024. Estamos comprometidos com uma s&eacute;rie de a&ccedil;&otilde;es que, temos certeza, alcan&ccedil;ar&atilde;o novos patamares de sucesso com o engajamento e participa&ccedil;&atilde;o ativa de nossos valiosos associados.<\/span><\/span><\/span><\/span><\/span><\/span><\/p>\r\n\r\n<p style=\"text-align:justify; margin-bottom:11px\"><span style=\"font-size:11pt\"><span style=\"line-height:115%\"><span style=\"font-family:Calibri,sans-serif\"><span style=\"font-size:10.0pt\"><span style=\"line-height:115%\"><span arial=\"\" style=\"font-family:\">Nos &uacute;ltimos anos, a ABINT se transformou em uma for&ccedil;a importante, ganhando robustez e elevando a visibilidade da ind&uacute;stria nacional de n&atilde;o tecidos e tecidos t&eacute;cnicos a patamares sem precedentes. Este crescimento nos capacita a avan&ccedil;ar em 2024 com o objetivo ambicioso de fortalecer alian&ccedil;as e promover o desenvolvimento de nossa ind&uacute;stria rumo a um futuro mais sustent&aacute;vel. Contamos com a participa&ccedil;&atilde;o ativa e colaborativa de todos os nossos associados nesta jornada. Juntos, estamos trilhando um caminho de inova&ccedil;&atilde;o, responsabilidade e crescimento sustent&aacute;vel!<\/span><\/span><\/span><\/span><\/span><\/span><\/p>\r\n\r\n<p style=\"text-align:justify\"><span style=\"font-size:11pt\"><span style=\"line-height:115%\"><span style=\"font-family:Calibri,sans-serif\"><b><i><span arial=\"\" style=\"font-family:\">*Mateus Mesquita Inacio &eacute; presidente da ABINT<\/span><\/i><\/b><\/span><\/span><\/span><\/p>\r\n","texto_en":"<p>.<\/p>\r\n","7":"<p>.<\/p>\r\n","imagem":"COMP_capa-site-comunicacao_20240207140147bXuoxEBZtk.jpg","8":"COMP_capa-site-comunicacao_20240207140147bXuoxEBZtk.jpg","arquivo":"20240131-EDITORIAL-ABINT-2024_FINAL.PDF","9":"20240131-EDITORIAL-ABINT-2024_FINAL.PDF","titulo_arquivo":"Editorial ABINT 2024","10":"Editorial ABINT 2024","titulo_arquivo_en":"","11":"","created_at":"2024-02-07 14:01:59","12":"2024-02-07 14:01:59","updated_at":"2024-02-07 14:19:23","13":"2024-02-07 14:19:23"},{"id":101,"0":101,"ordem":123,"1":123,"data":"2024-01-31","2":"2024-01-31","slug":"a-partir-de-fevereiro-a-abint-volta-a-realizar-o-curso-presencial-sobre-tecnologia-dos-naotecidos","3":"a-partir-de-fevereiro-a-abint-volta-a-realizar-o-curso-presencial-sobre-tecnologia-dos-naotecidos","titulo":"A partir de fevereiro, a ABINT volta a realizar o curso presencial sobre \u201cTecnologia dos N\u00e3otecidos\u201d","4":"A partir de fevereiro, a ABINT volta a realizar o curso presencial sobre \u201cTecnologia dos N\u00e3otecidos\u201d","titulo_en":".","5":".","texto":"<p align=\"center\" class=\"MsoNoSpacing\" style=\"text-align:center\"><span style=\"font-size:11pt\"><span style=\"font-family:Calibri,sans-serif\"><i><span arial=\"\" style=\"font-family:\">O curso &eacute; indicado para quem quer conhecer sobre os processos de fabrica&ccedil;&atilde;o de N&atilde;otecidos, as tecnologias aplicadas e a inova&ccedil;&atilde;o envolvida na fabrica&ccedil;&atilde;o desses produtos<b>,<\/b> que s&atilde;o encontrados na &aacute;rea m&eacute;dica, em cal&ccedil;ados, na filtra&ccedil;&atilde;o, em ve&iacute;culos, na agricultura e em muitas outras aplica&ccedil;&otilde;es.<\/span><\/i><\/span><\/span><\/p>\r\n\r\n<p class=\"MsoNoSpacing\" style=\"text-align:justify\"><span style=\"font-size:11pt\"><span style=\"text-justify:inter-ideograph\"><span style=\"font-family:Calibri,sans-serif\"><span arial=\"\" style=\"font-family:\">No dia 21 de fevereiro, a Associa&ccedil;&atilde;o Brasileira das Ind&uacute;strias de N&atilde;otecidos e Tecidos T&eacute;cnicos (ABINT) realizar&aacute; a primeira edi&ccedil;&atilde;o de 2024 do curso presencial sobre a &ldquo;Tecnologia <b>dos<\/b> N&atilde;otecidos&rdquo;. <\/span><\/span><\/span><\/span><\/p>\r\n\r\n<p class=\"MsoNoSpacing\" style=\"text-align:justify\"><span style=\"font-size:11pt\"><span style=\"text-justify:inter-ideograph\"><span style=\"font-family:Calibri,sans-serif\"><span arial=\"\" style=\"font-family:\">Com carga hor&aacute;ria de 6 horas (das 9h &agrave;s 16), o curso visa explicar o que s&atilde;o os chamados N&atilde;otecidos, produtos com uma imensa gama de aplica&ccedil;&otilde;es em &aacute;reas diversas, como por exemplo, no agroneg&oacute;cio, setor automotivo, cal&ccedil;adista, de filtra&ccedil;&atilde;o, descart&aacute;veis higi&ecirc;nicos, geossint&eacute;ticos, setor m&eacute;dio hospitalar, entre outros.&nbsp; <\/span><\/span><\/span><\/span><\/p>\r\n\r\n<p class=\"MsoNoSpacing\" style=\"text-align:justify\"><span style=\"font-size:11pt\"><span style=\"text-justify:inter-ideograph\"><span style=\"font-family:Calibri,sans-serif\"><span arial=\"\" style=\"font-family:\">Os participantes ir&atilde;o conhecer tecnicamente de que forma e com quais mat&eacute;rias primas s&atilde;o produzidos (resinas, fibras e filamentos), como s&atilde;o classificados, as diferen&ccedil;as entre N&atilde;otecidos, t&ecirc;xteis t&eacute;cnicos, tecidos e malhas, saber mais como e em que produtos s&atilde;o aplicados e conhecer as normas t&eacute;cnicas e de qualidade, Amostras de produtos das diferentes tecnologias tamb&eacute;m s&atilde;o apresentados aos participantes. <\/span><\/span><\/span><\/span><\/p>\r\n\r\n<p class=\"MsoNoSpacing\" style=\"text-align:justify\"><span style=\"font-size:11pt\"><span style=\"text-justify:inter-ideograph\"><span style=\"font-family:Calibri,sans-serif\"><span arial=\"\" style=\"font-family:\">O curso ser&aacute; realizado na sede da ABINT, em S&atilde;o Paulo, pelos representantes da entidade, o Eng. Edson Basseto, diretor da Basseto e tamb&eacute;m diretor da <b>A<\/b>ssocia&ccedil;&atilde;o, e o Eng. Ricardo Rossi, Engenheiro T&ecirc;xtil e Consultor.<\/span><\/span><\/span><\/span><\/p>\r\n\r\n<p class=\"MsoNoSpacing\" style=\"text-align:justify\"><span style=\"font-size:11pt\"><span style=\"text-justify:inter-ideograph\"><span style=\"font-family:Calibri,sans-serif\"><span arial=\"\" style=\"font-family:\">Segundo explica o Eng. Edson Basseto, o curso se destina a todos aqueles que se interessem em conhecer e compreender tecnicamente os N&atilde;otecidos. &ldquo;Recebemos desde estudantes, at&eacute; mesmo, por exemplo, colaboradores de departamentos diversos das empresas que j&aacute; fabricam N&atilde;otecidos ou que trabalham com produtos que usam N&atilde;otecidos em sua composi&ccedil;&atilde;o&rdquo;, comenta. &nbsp;<\/span><\/span><\/span><\/span><\/p>\r\n\r\n<p class=\"MsoNoSpacing\" style=\"text-align:justify\"><span style=\"font-size:11pt\"><span style=\"text-justify:inter-ideograph\"><span style=\"font-family:Calibri,sans-serif\"><span arial=\"\" style=\"font-family:\">O curso &ldquo;Tecnologia dos N&atilde;otecidos&rdquo; faz parte das a&ccedil;&otilde;es que a ABINT realiza com o objetivo de promover o uso adequado dos N&atilde;otecidos, al&eacute;m de suas qualidades e benef&iacute;cios t&eacute;cnicos, econ&ocirc;micos e sustent&aacute;veis nas aplica&ccedil;&otilde;es das mais diversas. &ldquo;Os N&atilde;otecidos produtos com potencial imenso de crescimento no mercado brasileiro em fun&ccedil;&atilde;o de suas vantagens t&eacute;cnicas e econ&ocirc;micas, e a informa&ccedil;&atilde;o sobre o produto &eacute; fator positivo na hora da decis&atilde;o de compra&rdquo;, afirma o presidente da entidade, Mateus Mesquita Inacio.<\/span><\/span><\/span><\/span><\/p>\r\n\r\n<p class=\"MsoNoSpacing\" style=\"text-align:justify\"><span style=\"font-size:11pt\"><span style=\"text-justify:inter-ideograph\"><span style=\"font-family:Calibri,sans-serif\"><span arial=\"\" style=\"font-family:\">As vagas s&atilde;o limitadas. As inscri&ccedil;&otilde;es s&atilde;o realizadas por meio deste <\/span><a href=\"https:\/\/forms.office.com\/pages\/responsepage.aspx?id=n9pNk1glrE6b5i8lS53621O-4jMsuCNBqhQBI597U0lUNlJaRFVVWjZDRk4xMEVWSkZDSUVOMVRSVi4u\" style=\"color:blue; text-decoration:underline\"><span arial=\"\" style=\"font-family:\">link<\/span><\/a><span arial=\"\" style=\"font-family:\"> e mais informa&ccedil;&otilde;es poder&atilde;o ser obtidas pelo e-mail <\/span><a href=\"mailto:abint@abint.com.br\" style=\"color:blue; text-decoration:underline\"><span arial=\"\" style=\"font-family:\">abint@abint.com.br<\/span><\/a><span arial=\"\" style=\"font-family:\"> .<\/span><\/span><\/span><\/span><\/p>\r\n\r\n<p style=\"text-align:justify\"><span style=\"font-size:12pt\"><span style=\"background:white\"><span style=\"text-justify:inter-ideograph\"><span new=\"\" roman=\"\" style=\"font-family:\" times=\"\"><em><b><span style=\"font-size:11.0pt\"><span arial=\"\" style=\"font-family:\"><span style=\"color:black\">Sobre a ABINT: <\/span><\/span><\/span><\/b><\/em><em><span style=\"font-size:11.0pt\"><span arial=\"\" style=\"font-family:\"><span style=\"color:black\">Fundada em 1991, a Associa&ccedil;&atilde;o Brasileira das Ind&uacute;strias de N&atilde;otecidos e Tecidos T&eacute;cnicos tem como objetivo representar, difundir e defender os interesses do setor. Para isso, promove e apoia o seu desenvolvimento e o crescimento do mercado de aplica&ccedil;&otilde;es desses produtos, que s&atilde;o fundamentais a diversos e importantes ramos de atividade da economia. Para saber mais, acesse&nbsp;<\/span><\/span><\/span><\/em><span style=\"color:black\"><a href=\"http:\/\/www.abint.org.br\/\" style=\"color:blue; text-decoration:underline\"><em><span style=\"font-size:11.0pt\"><span arial=\"\" style=\"font-family:\"><span style=\"color:black\"><span style=\"text-decoration:none\"><span style=\"text-underline:none\">www.abint.org.br<\/span><\/span><\/span><\/span><\/span><\/em><\/a><\/span><\/span><\/span><\/span><\/span><\/p>\r\n\r\n<pre style=\"text-align: justify;\">\r\n<span style=\"font-size:12pt\"><span style=\"background:white\"><span style=\"text-justify:inter-ideograph\"><span new=\"\" roman=\"\" style=\"font-family:\" times=\"\"><em><b><span style=\"font-size:9.0pt\"><span arial=\"\" style=\"font-family:\"><span style=\"color:black\">Informa&ccedil;&otilde;es &agrave; Imprensa<\/span><\/span><\/span><\/b><\/em><\/span><\/span><\/span><\/span>\r\n<span style=\"font-size:12pt\"><span style=\"background:white\"><span style=\"text-justify:inter-ideograph\"><span new=\"\" roman=\"\" style=\"font-family:\" times=\"\"><em><b><span style=\"font-size:9.0pt\"><span arial=\"\" style=\"font-family:\"><span style=\"color:black\">Assessoria de Comunica&ccedil;&atilde;o ABINT\r\n<\/span><\/span><\/span><\/b><\/em><\/span><\/span><\/span><\/span><span style=\"font-size:12pt\"><span style=\"background:white\"><span style=\"text-justify:inter-ideograph\"><span new=\"\" roman=\"\" style=\"font-family:\" times=\"\"><a name=\"_Hlk107579072\"><em><b><span style=\"font-size:9.0pt\"><span arial=\"\" style=\"font-family:\"><span style=\"color:black\">Roberta Provatti <\/span><\/span><\/span><\/b><\/em><\/a><\/span><\/span><\/span><\/span>\r\n<span style=\"font-size:12pt\"><span style=\"background:white\"><span style=\"text-justify:inter-ideograph\"><span new=\"\" roman=\"\" style=\"font-family:\" times=\"\"><em><b><span style=\"font-size:9.0pt\"><span arial=\"\" style=\"font-family:\"><span style=\"color:black\">(11) 99652-4661<\/span><\/span><\/span><\/b><\/em><\/span><\/span><\/span><\/span>\r\n<span style=\"font-size:12pt\"><span style=\"background:white\"><span style=\"text-justify:inter-ideograph\"><span new=\"\" roman=\"\" style=\"font-family:\" times=\"\"><em><b><span style=\"font-size:9.0pt\"><span arial=\"\" style=\"font-family:\"><span style=\"color:black\">provattijornalista@gmail.com<\/span><\/span><\/span><\/b><\/em><\/span><\/span><\/span><\/span><\/pre>\r\n","6":"<p align=\"center\" class=\"MsoNoSpacing\" style=\"text-align:center\"><span style=\"font-size:11pt\"><span style=\"font-family:Calibri,sans-serif\"><i><span arial=\"\" style=\"font-family:\">O curso &eacute; indicado para quem quer conhecer sobre os processos de fabrica&ccedil;&atilde;o de N&atilde;otecidos, as tecnologias aplicadas e a inova&ccedil;&atilde;o envolvida na fabrica&ccedil;&atilde;o desses produtos<b>,<\/b> que s&atilde;o encontrados na &aacute;rea m&eacute;dica, em cal&ccedil;ados, na filtra&ccedil;&atilde;o, em ve&iacute;culos, na agricultura e em muitas outras aplica&ccedil;&otilde;es.<\/span><\/i><\/span><\/span><\/p>\r\n\r\n<p class=\"MsoNoSpacing\" style=\"text-align:justify\"><span style=\"font-size:11pt\"><span style=\"text-justify:inter-ideograph\"><span style=\"font-family:Calibri,sans-serif\"><span arial=\"\" style=\"font-family:\">No dia 21 de fevereiro, a Associa&ccedil;&atilde;o Brasileira das Ind&uacute;strias de N&atilde;otecidos e Tecidos T&eacute;cnicos (ABINT) realizar&aacute; a primeira edi&ccedil;&atilde;o de 2024 do curso presencial sobre a &ldquo;Tecnologia <b>dos<\/b> N&atilde;otecidos&rdquo;. <\/span><\/span><\/span><\/span><\/p>\r\n\r\n<p class=\"MsoNoSpacing\" style=\"text-align:justify\"><span style=\"font-size:11pt\"><span style=\"text-justify:inter-ideograph\"><span style=\"font-family:Calibri,sans-serif\"><span arial=\"\" style=\"font-family:\">Com carga hor&aacute;ria de 6 horas (das 9h &agrave;s 16), o curso visa explicar o que s&atilde;o os chamados N&atilde;otecidos, produtos com uma imensa gama de aplica&ccedil;&otilde;es em &aacute;reas diversas, como por exemplo, no agroneg&oacute;cio, setor automotivo, cal&ccedil;adista, de filtra&ccedil;&atilde;o, descart&aacute;veis higi&ecirc;nicos, geossint&eacute;ticos, setor m&eacute;dio hospitalar, entre outros.&nbsp; <\/span><\/span><\/span><\/span><\/p>\r\n\r\n<p class=\"MsoNoSpacing\" style=\"text-align:justify\"><span style=\"font-size:11pt\"><span style=\"text-justify:inter-ideograph\"><span style=\"font-family:Calibri,sans-serif\"><span arial=\"\" style=\"font-family:\">Os participantes ir&atilde;o conhecer tecnicamente de que forma e com quais mat&eacute;rias primas s&atilde;o produzidos (resinas, fibras e filamentos), como s&atilde;o classificados, as diferen&ccedil;as entre N&atilde;otecidos, t&ecirc;xteis t&eacute;cnicos, tecidos e malhas, saber mais como e em que produtos s&atilde;o aplicados e conhecer as normas t&eacute;cnicas e de qualidade, Amostras de produtos das diferentes tecnologias tamb&eacute;m s&atilde;o apresentados aos participantes. <\/span><\/span><\/span><\/span><\/p>\r\n\r\n<p class=\"MsoNoSpacing\" style=\"text-align:justify\"><span style=\"font-size:11pt\"><span style=\"text-justify:inter-ideograph\"><span style=\"font-family:Calibri,sans-serif\"><span arial=\"\" style=\"font-family:\">O curso ser&aacute; realizado na sede da ABINT, em S&atilde;o Paulo, pelos representantes da entidade, o Eng. Edson Basseto, diretor da Basseto e tamb&eacute;m diretor da <b>A<\/b>ssocia&ccedil;&atilde;o, e o Eng. Ricardo Rossi, Engenheiro T&ecirc;xtil e Consultor.<\/span><\/span><\/span><\/span><\/p>\r\n\r\n<p class=\"MsoNoSpacing\" style=\"text-align:justify\"><span style=\"font-size:11pt\"><span style=\"text-justify:inter-ideograph\"><span style=\"font-family:Calibri,sans-serif\"><span arial=\"\" style=\"font-family:\">Segundo explica o Eng. Edson Basseto, o curso se destina a todos aqueles que se interessem em conhecer e compreender tecnicamente os N&atilde;otecidos. &ldquo;Recebemos desde estudantes, at&eacute; mesmo, por exemplo, colaboradores de departamentos diversos das empresas que j&aacute; fabricam N&atilde;otecidos ou que trabalham com produtos que usam N&atilde;otecidos em sua composi&ccedil;&atilde;o&rdquo;, comenta. &nbsp;<\/span><\/span><\/span><\/span><\/p>\r\n\r\n<p class=\"MsoNoSpacing\" style=\"text-align:justify\"><span style=\"font-size:11pt\"><span style=\"text-justify:inter-ideograph\"><span style=\"font-family:Calibri,sans-serif\"><span arial=\"\" style=\"font-family:\">O curso &ldquo;Tecnologia dos N&atilde;otecidos&rdquo; faz parte das a&ccedil;&otilde;es que a ABINT realiza com o objetivo de promover o uso adequado dos N&atilde;otecidos, al&eacute;m de suas qualidades e benef&iacute;cios t&eacute;cnicos, econ&ocirc;micos e sustent&aacute;veis nas aplica&ccedil;&otilde;es das mais diversas. &ldquo;Os N&atilde;otecidos produtos com potencial imenso de crescimento no mercado brasileiro em fun&ccedil;&atilde;o de suas vantagens t&eacute;cnicas e econ&ocirc;micas, e a informa&ccedil;&atilde;o sobre o produto &eacute; fator positivo na hora da decis&atilde;o de compra&rdquo;, afirma o presidente da entidade, Mateus Mesquita Inacio.<\/span><\/span><\/span><\/span><\/p>\r\n\r\n<p class=\"MsoNoSpacing\" style=\"text-align:justify\"><span style=\"font-size:11pt\"><span style=\"text-justify:inter-ideograph\"><span style=\"font-family:Calibri,sans-serif\"><span arial=\"\" style=\"font-family:\">As vagas s&atilde;o limitadas. As inscri&ccedil;&otilde;es s&atilde;o realizadas por meio deste <\/span><a href=\"https:\/\/forms.office.com\/pages\/responsepage.aspx?id=n9pNk1glrE6b5i8lS53621O-4jMsuCNBqhQBI597U0lUNlJaRFVVWjZDRk4xMEVWSkZDSUVOMVRSVi4u\" style=\"color:blue; text-decoration:underline\"><span arial=\"\" style=\"font-family:\">link<\/span><\/a><span arial=\"\" style=\"font-family:\"> e mais informa&ccedil;&otilde;es poder&atilde;o ser obtidas pelo e-mail <\/span><a href=\"mailto:abint@abint.com.br\" style=\"color:blue; text-decoration:underline\"><span arial=\"\" style=\"font-family:\">abint@abint.com.br<\/span><\/a><span arial=\"\" style=\"font-family:\"> .<\/span><\/span><\/span><\/span><\/p>\r\n\r\n<p style=\"text-align:justify\"><span style=\"font-size:12pt\"><span style=\"background:white\"><span style=\"text-justify:inter-ideograph\"><span new=\"\" roman=\"\" style=\"font-family:\" times=\"\"><em><b><span style=\"font-size:11.0pt\"><span arial=\"\" style=\"font-family:\"><span style=\"color:black\">Sobre a ABINT: <\/span><\/span><\/span><\/b><\/em><em><span style=\"font-size:11.0pt\"><span arial=\"\" style=\"font-family:\"><span style=\"color:black\">Fundada em 1991, a Associa&ccedil;&atilde;o Brasileira das Ind&uacute;strias de N&atilde;otecidos e Tecidos T&eacute;cnicos tem como objetivo representar, difundir e defender os interesses do setor. Para isso, promove e apoia o seu desenvolvimento e o crescimento do mercado de aplica&ccedil;&otilde;es desses produtos, que s&atilde;o fundamentais a diversos e importantes ramos de atividade da economia. Para saber mais, acesse&nbsp;<\/span><\/span><\/span><\/em><span style=\"color:black\"><a href=\"http:\/\/www.abint.org.br\/\" style=\"color:blue; text-decoration:underline\"><em><span style=\"font-size:11.0pt\"><span arial=\"\" style=\"font-family:\"><span style=\"color:black\"><span style=\"text-decoration:none\"><span style=\"text-underline:none\">www.abint.org.br<\/span><\/span><\/span><\/span><\/span><\/em><\/a><\/span><\/span><\/span><\/span><\/span><\/p>\r\n\r\n<pre style=\"text-align: justify;\">\r\n<span style=\"font-size:12pt\"><span style=\"background:white\"><span style=\"text-justify:inter-ideograph\"><span new=\"\" roman=\"\" style=\"font-family:\" times=\"\"><em><b><span style=\"font-size:9.0pt\"><span arial=\"\" style=\"font-family:\"><span style=\"color:black\">Informa&ccedil;&otilde;es &agrave; Imprensa<\/span><\/span><\/span><\/b><\/em><\/span><\/span><\/span><\/span>\r\n<span style=\"font-size:12pt\"><span style=\"background:white\"><span style=\"text-justify:inter-ideograph\"><span new=\"\" roman=\"\" style=\"font-family:\" times=\"\"><em><b><span style=\"font-size:9.0pt\"><span arial=\"\" style=\"font-family:\"><span style=\"color:black\">Assessoria de Comunica&ccedil;&atilde;o ABINT\r\n<\/span><\/span><\/span><\/b><\/em><\/span><\/span><\/span><\/span><span style=\"font-size:12pt\"><span style=\"background:white\"><span style=\"text-justify:inter-ideograph\"><span new=\"\" roman=\"\" style=\"font-family:\" times=\"\"><a name=\"_Hlk107579072\"><em><b><span style=\"font-size:9.0pt\"><span arial=\"\" style=\"font-family:\"><span style=\"color:black\">Roberta Provatti <\/span><\/span><\/span><\/b><\/em><\/a><\/span><\/span><\/span><\/span>\r\n<span style=\"font-size:12pt\"><span style=\"background:white\"><span style=\"text-justify:inter-ideograph\"><span new=\"\" roman=\"\" style=\"font-family:\" times=\"\"><em><b><span style=\"font-size:9.0pt\"><span arial=\"\" style=\"font-family:\"><span style=\"color:black\">(11) 99652-4661<\/span><\/span><\/span><\/b><\/em><\/span><\/span><\/span><\/span>\r\n<span style=\"font-size:12pt\"><span style=\"background:white\"><span style=\"text-justify:inter-ideograph\"><span new=\"\" roman=\"\" style=\"font-family:\" times=\"\"><em><b><span style=\"font-size:9.0pt\"><span arial=\"\" style=\"font-family:\"><span style=\"color:black\">provattijornalista@gmail.com<\/span><\/span><\/span><\/b><\/em><\/span><\/span><\/span><\/span><\/pre>\r\n","texto_en":"<p>.<\/p>\r\n","7":"<p>.<\/p>\r\n","imagem":"COMP_capa-site-comunicacao_20240207142600rOEftog5dI.jpg","8":"COMP_capa-site-comunicacao_20240207142600rOEftog5dI.jpg","arquivo":"20240124-PRIMEIRO-CURSO-NT-2024-FINAL.PDF","9":"20240124-PRIMEIRO-CURSO-NT-2024-FINAL.PDF","titulo_arquivo":"Primeiro Curso NT 2024","10":"Primeiro Curso NT 2024","titulo_arquivo_en":"","11":"","created_at":"2024-02-07 14:26:10","12":"2024-02-07 14:26:10","updated_at":"2024-02-07 14:27:45","13":"2024-02-07 14:27:45"},{"id":99,"0":99,"ordem":124,"1":124,"data":"2024-01-30","2":"2024-01-30","slug":"boletim-abint-de-noticias-semanais-14","3":"boletim-abint-de-noticias-semanais-14","titulo":"Boletim ABINT de Not\u00edcias Semanais","4":"Boletim ABINT de Not\u00edcias Semanais","titulo_en":"","5":"","texto":"<p style=\"text-align:justify\"><span style=\"font-size:11pt\"><span style=\"line-height:normal\"><span style=\"font-family:Calibri,sans-serif\"><span style=\"font-size:14.0pt\">Esta &eacute; uma compila&ccedil;&atilde;o das not&iacute;cias mais relevantes para o setor, incluindo informa&ccedil;&otilde;es sobre acordos internacionais, economia brasileira, sustentabilidade e mat&eacute;rias primas, al&eacute;m de novidades do setor de N&atilde;otecidos e Tecidos T&eacute;cnicos.<\/span><\/span><\/span><\/span><\/p>\r\n\r\n<p style=\"text-align:justify\"><span style=\"font-size:28pt\"><span style=\"font-family:Cambria,serif\"><span style=\"letter-spacing:-0.5pt\"><b><span style=\"font-size:18.0pt\"><span calibri=\"\" style=\"font-family:\"><span style=\"font-variant:small-caps\">O que vem por a&iacute;<\/span><\/span><\/span><\/b><\/span><\/span><\/span><\/p>\r\n\r\n<p><img src=\"https:\/\/www.abint.org.br\/assets\/img\/editor\/abint-logo-2020-p_20240124114003rgVCXCjBlU.png\" \/><\/p>\r\n\r\n<p><img src=\"https:\/\/www.abint.org.br\/assets\/img\/editor\/post-quadrado-curso-naotecido_202401241141165egwSZx3Ic.jpg\" style=\"width: 600px; height: 600px;\" \/><\/p>\r\n\r\n<h1><span style=\"font-size:11pt\"><span style=\"line-height:normal\"><span style=\"font-family:Calibri,sans-serif\"><a href=\"https:\/\/forms.office.com\/r\/5DrqtK5n3Y\" style=\"color:blue; text-decoration:underline\"><span style=\"font-size:14.0pt\">Informa&ccedil;&otilde;es e inscri&ccedil;&otilde;es<\/span><\/a><\/span><\/span><\/span><\/h1>\r\n\r\n<p style=\"text-align:justify\"><span style=\"font-size:28pt\"><span style=\"font-family:Cambria,serif\"><span style=\"letter-spacing:-0.5pt\"><b><span style=\"font-size:18.0pt\"><span calibri=\"\" style=\"font-family:\"><span style=\"font-variant:small-caps\">A&ccedil;&otilde;es realizadas<\/span><\/span><\/span><\/b><\/span><\/span><\/span><\/p>\r\n\r\n<h1><img src=\"https:\/\/www.abint.org.br\/assets\/img\/editor\/logo-ctg-abint-png_202401241143327xSjYjROfY.png\" style=\"width: 300px; height: 55px;\" \/><\/h1>\r\n\r\n<p style=\"text-align:justify\"><span style=\"font-size:11pt\"><span style=\"line-height:normal\"><span style=\"font-family:Calibri,sans-serif\"><span style=\"font-size:14.0pt\">No &uacute;ltimo dia 18, o CTG-ABINT realizou uma live para falar sobre as perspectivas do setor de geossint&eacute;ticos em 2024. <\/span><a href=\"https:\/\/www.instagram.com\/p\/C2dW7s1p9B2\/\" style=\"color:blue; text-decoration:underline\"><span style=\"font-size:14.0pt\">Acompanhe aqui e deixe seu coment&aacute;rio<\/span><\/a><span style=\"font-size:14.0pt\">. <\/span><\/span><\/span><\/span><\/p>\r\n\r\n<p style=\"text-align:justify\"><span style=\"font-size:28pt\"><span style=\"font-family:Cambria,serif\"><span style=\"letter-spacing:-0.5pt\"><b><span style=\"font-size:18.0pt\"><span calibri=\"\" style=\"font-family:\"><span style=\"font-variant:small-caps\">Not&iacute;cias das Associadas<\/span><\/span><\/span><\/b><\/span><\/span><\/span><\/p>\r\n\r\n<p style=\"text-align:justify\"><span style=\"font-size:11pt\"><span style=\"line-height:normal\"><span style=\"font-family:Calibri,sans-serif\"><a href=\"https:\/\/expansao.co\/inspiramais-encerra-projetando-mais-de-r-76-milhoes-em-negocios\/\" style=\"color:blue; text-decoration:underline\"><span style=\"font-size:14.0pt\">Cipatex participa do Inspiramais que se encerrou projetando mais de R$ 76 milh&otilde;es em neg&oacute;cios<\/span><\/a><\/span><\/span><\/span><\/p>\r\n\r\n<p style=\"text-align:justify\"><span style=\"font-size:11pt\"><span style=\"line-height:normal\"><span style=\"font-family:Calibri,sans-serif\"><a href=\"https:\/\/portugaltextil.com\/o-poliester-e-uma-fibra-extremamente-sustentavel-ate-aos-ultimos-5-minutos-de-vida\/\" style=\"color:blue; text-decoration:underline\"><span style=\"font-size:14.0pt\">Indorama: &ldquo;O poli&eacute;ster &eacute; uma fibra extremamente sustent&aacute;vel at&eacute; aos &uacute;ltimos 5 minutos de vida&rdquo;<\/span><\/a><\/span><\/span><\/span><\/p>\r\n\r\n<p style=\"text-align:justify\">&nbsp;<\/p>\r\n\r\n<p style=\"text-align:justify\"><span style=\"font-size:11pt\"><span style=\"line-height:normal\"><span style=\"font-family:Calibri,sans-serif\"><b><span style=\"font-size:18.0pt\"><span style=\"font-variant:small-caps\">Eventos<\/span><\/span><\/b><\/span><\/span><\/span><\/p>\r\n\r\n<p style=\"text-align:justify\"><span style=\"font-size:11pt\"><span style=\"line-height:normal\"><span style=\"font-family:Calibri,sans-serif\"><b><span style=\"font-size:14.0pt\">Jornada Digital Anahp | ESG &ndash; Para equalizar conceitos e entendimentos<\/span><\/b><span class=\"MsoHyperlink\" style=\"color:blue\"><span style=\"text-decoration:underline\"><span style=\"font-size:14.0pt\"><span style=\"text-decoration:none\"><span style=\"text-underline:none\">, 01 de fevereiro 2024, online. <\/span><\/span><\/span><\/span><\/span><a href=\"https:\/\/www.anahp.com.br\/evento\/jornada-digital-esg-para-equalizar-conceitos-e-entendimentos\/\" style=\"color:blue; text-decoration:underline\"><span style=\"font-size:14.0pt\">Informa&ccedil;&otilde;es<\/span><\/a> <\/span><\/span><\/span><\/p>\r\n\r\n<p style=\"text-align:justify\"><span style=\"font-size:11pt\"><span style=\"line-height:normal\"><span style=\"font-family:Calibri,sans-serif\"><b><span style=\"font-size:14.0pt\">Etiquetagem de t&ecirc;xtil com &ecirc;nfase na norma ABNT NBR MM 3758:2013<\/span><\/b><span class=\"MsoHyperlink\" style=\"color:blue\"><span style=\"text-decoration:underline\"><span style=\"font-size:14.0pt\"><span style=\"text-decoration:none\"><span style=\"text-underline:none\">, 05 e 06 de fevereiro de 2024 (e mais 3 turmas). <\/span><\/span><\/span><\/span><\/span><a href=\"https:\/\/api.whatsapp.com\/send?phone=551130173680\" style=\"color:blue; text-decoration:underline\"><span style=\"font-size:14.0pt\">Informa&ccedil;&otilde;es<\/span><\/a><span style=\"font-size:14.0pt\"> <\/span><\/span><\/span><\/span><\/p>\r\n\r\n<p style=\"text-align:justify\"><span style=\"font-size:11pt\"><span style=\"line-height:normal\"><span style=\"font-family:Calibri,sans-serif\"><b><span style=\"font-size:14.0pt\">AESabesp &amp; Ecoclass | Curso: Introdu&ccedil;&atilde;o aos ODS: Diretrizes da Organiza&ccedil;&atilde;o Mundial da Sa&uacute;de<\/span><\/b><span class=\"MsoHyperlink\" style=\"color:blue\"><span style=\"text-decoration:underline\"><span style=\"font-size:14.0pt\"><span style=\"text-decoration:none\"><span style=\"text-underline:none\">, 14 e 15 de fevereiro de 2024, das 19h00 &agrave;s 21h30, online. <\/span><\/span><\/span><\/span><\/span><a href=\"https:\/\/ecoclass.eco.br\/curso\/introducao-aos-ods-diretrizes-da-organizacao-mundial-da-saude\/\" style=\"color:blue; text-decoration:underline\"><span style=\"font-size:14.0pt\">Informa&ccedil;&otilde;es<\/span><\/a> <\/span><\/span><\/span><\/p>\r\n\r\n<p style=\"text-align:justify\"><span style=\"font-size:11pt\"><span style=\"line-height:normal\"><span style=\"font-family:Calibri,sans-serif\"><b><span style=\"font-size:14.0pt\">PL&Aacute;STICO BRASIL &ndash; Feira Internacional do Pl&aacute;stico<\/span><\/b><span class=\"MsoHyperlink\" style=\"color:blue\"><span style=\"text-decoration:underline\"><span style=\"font-size:14.0pt\"><span style=\"text-decoration:none\"><span style=\"text-underline:none\">, 4&ordf; Edi&ccedil;&atilde;o, 24 a 28 de mar&ccedil;o de 2025, S&atilde;o Paulo Expo, Rodovia dos Imigrantes. <\/span><\/span><\/span><\/span><\/span><a href=\"http:\/\/www.plasticobrasil.com.br\" style=\"color:blue; text-decoration:underline\"><span style=\"font-size:14.0pt\">www.plasticobrasil.com.br<\/span><\/a> <\/span><\/span><\/span><\/p>\r\n\r\n<p style=\"text-align:justify\"><span style=\"font-size:11pt\"><span style=\"line-height:normal\"><span style=\"font-family:Calibri,sans-serif\"><b><span style=\"font-size:14.0pt\">GEOAMERICAS 2024, <\/span><\/b><span style=\"font-size:14.0pt\">de 28 de abril a 01 de maio de 2024, em Toronto (Canad&aacute;). <\/span><a href=\"https:\/\/www.geoamericas2024.org\/\" style=\"color:blue; text-decoration:underline\"><span style=\"font-size:14.0pt\">Informa&ccedil;&otilde;es aqui.<\/span><\/a><\/span><\/span><\/span><\/p>\r\n\r\n<p style=\"text-align:justify\"><span style=\"font-size:11pt\"><span style=\"line-height:normal\"><span style=\"font-family:Calibri,sans-serif\"><b><span style=\"font-size:14.0pt\">II Congresso Ibero-Americano de Esteriliza&ccedil;&atilde;o e II Congresso Nacional de Reprocessamento de Dispositivos M&eacute;dicos<\/span><\/b><span style=\"font-size:14.0pt\">, 16 a 18 de maio de 2024, Cartagena, Colombia<b>. <\/b><\/span><a href=\"http:\/\/nascecme.com.br\/ii-congresso-ibero-americano-de-esterilizacao-e-ii-congresso-nacional-de-reprocessamento-de-dispositivos-medicos\/\" style=\"color:blue; text-decoration:underline\"><span lang=\"EN-US\" style=\"font-size:14.0pt\">Informa&ccedil;&otilde;es<\/span><\/a><span lang=\"EN-US\" style=\"font-size:14.0pt\"> <\/span><\/span><\/span><\/span><\/p>\r\n\r\n<p style=\"text-align:justify\"><span style=\"font-size:11pt\"><span style=\"line-height:normal\"><span style=\"font-family:Calibri,sans-serif\"><b><span lang=\"EN-US\" style=\"font-size:14.0pt\">ANEX 2024 | Asia Nonwoven Exhibition and Conference<\/span><\/b><span lang=\"EN-US\" style=\"font-size:14.0pt\">, 22-24 May 2024, Taipei Nangang Exhibition Center, Hall 1. <\/span><a href=\"https:\/\/www.anex2024.com\/\" style=\"color:blue; text-decoration:underline\"><span lang=\"EN-US\" style=\"font-size:14.0pt\">Information here<\/span><\/a> <\/span><\/span><\/span><\/p>\r\n\r\n<p style=\"text-align:justify\"><span style=\"font-size:11pt\"><span style=\"line-height:normal\"><span style=\"font-family:Calibri,sans-serif\"><b><span lang=\"EN-US\" style=\"font-size:14.0pt\">The EDANA Innovation Forum<\/span><\/b><span class=\"MsoHyperlink\" style=\"color:blue\"><span style=\"text-decoration:underline\"><span lang=\"EN-US\" style=\"font-size:14.0pt\"><span style=\"text-decoration:none\"><span style=\"text-underline:none\">, 04 - 06 June 2024, Munich. <\/span><\/span><\/span><\/span><\/span><a href=\"https:\/\/www.edana.org\/events\/edana-innovation-forum-?ct=t(MENA_2018_call_for_papers6_28_2017_COPY_01)&amp;mc_cid=27efeab42f&amp;mc_eid=08e0eae351\" style=\"color:blue; text-decoration:underline\"><span lang=\"EN-US\" style=\"font-size:14.0pt\">Information here<\/span><\/a><\/span><\/span><\/span><\/p>\r\n\r\n<p style=\"text-align:justify\"><span style=\"font-size:11pt\"><span style=\"line-height:normal\"><span style=\"font-family:Calibri,sans-serif\"><b><span lang=\"EN-US\" style=\"font-size:14.0pt\">HIGITEX 2024 | International Technical Textiles &amp; Nonwoven Exhibition<\/span><\/b><span lang=\"EN-US\" style=\"font-size:14.0pt\">, 4-8 June 2024, T&uuml;yap Fair Convention and Congress Center, T&uuml;rkiye. <\/span><a href=\"https:\/\/www.hightex.com.tr\/\" style=\"color:blue; text-decoration:underline\"><span style=\"font-size:14.0pt\">Information here<\/span><\/a> <\/span><\/span><\/span><\/p>\r\n\r\n<p style=\"text-align:justify\"><span style=\"font-size:11pt\"><span style=\"line-height:normal\"><span style=\"font-family:Calibri,sans-serif\"><b><span style=\"font-size:14.0pt\">FEIPLAR COMPOSITES &amp; FEIPUR &ndash; Feira e Congresso Internacionais de Composites, Poliuretano, Pl&aacute;sticos de Engenharia e Compostos Termopl&aacute;sticos<\/span><\/b><span style=\"font-size:14.0pt\">, 20 a 22 de agosto de 2024, S&atilde;o Paulo Expo (Pavilh&atilde;o 5), palestras: das 8h30 &agrave;s 18h, feira: das 13h &agrave;s 20h.<b> <\/b><\/span><a href=\"http:\/\/www.feiplar.com\" style=\"color:blue; text-decoration:underline\"><span lang=\"EN-US\" style=\"font-size:14.0pt\">www.feiplar.com<\/span><\/a> <\/span><\/span><\/span><\/p>\r\n\r\n<p style=\"text-align:justify\"><span style=\"font-size:11pt\"><span style=\"line-height:normal\"><span style=\"font-family:Calibri,sans-serif\"><b><span style=\"font-size:14.0pt\">Fenasan 2024 &ndash; Feira Nacional de Saneamento e Meio Ambiente<\/span><\/b><span style=\"font-size:14.0pt\">, 22 a 24 de outubro de 2024, Pavilh&otilde;es Verde e Vermelho, Expo Center Norte, S&atilde;o Paulo SP. <\/span><a href=\"http:\/\/www.fenasan.com.br\" style=\"color:blue; text-decoration:underline\"><span style=\"font-size:14.0pt\">www.fenasan.com.br<\/span><\/a> <\/span><\/span><\/span><\/p>\r\n\r\n<p style=\"text-align:justify\"><span style=\"font-size:11pt\"><span style=\"line-height:normal\"><span style=\"font-family:Calibri,sans-serif\"><b><span style=\"font-size:14.0pt\">HospitalMed 2024<\/span><\/b><span style=\"font-size:14.0pt\">, 23 a 25 de outubro, das 14h &agrave;s 20h, no Pernambuco Centro de Conven&ccedil;&otilde;es. <\/span><a href=\"http:\/\/www.hospitalmed.com.br\" style=\"color:blue; text-decoration:underline\"><span style=\"font-size:14.0pt\">www.hospitalmed.com.br<\/span><\/a> <\/span><\/span><\/span><\/p>\r\n\r\n<p style=\"text-align:justify\"><span style=\"font-size:28pt\"><span style=\"font-family:Cambria,serif\"><span style=\"letter-spacing:-0.5pt\"><b><span style=\"font-size:18.0pt\"><span calibri=\"\" style=\"font-family:\"><span style=\"font-variant:small-caps\">Setor<\/span><\/span><\/span><\/b><\/span><\/span><\/span><\/p>\r\n\r\n<p style=\"text-align:justify\"><span style=\"font-size:11pt\"><span style=\"line-height:normal\"><span style=\"font-family:Calibri,sans-serif\"><a href=\"https:\/\/plasticosemrevista.com.br\/resinas-da-asia-guerrilha-no-suez-complica-importacoes-do-brasil\/\" style=\"color:blue; text-decoration:underline\"><span style=\"font-size:14.0pt\">Resinas da &Aacute;sia: guerrilha no Suez complica importa&ccedil;&otilde;es do Brasil<\/span><\/a><\/span><\/span><\/span><\/p>\r\n\r\n<p style=\"text-align:justify\"><span style=\"font-size:11pt\"><span style=\"line-height:normal\"><span style=\"font-family:Calibri,sans-serif\"><a href=\"https:\/\/plasticosemrevista.com.br\/pp-o-risco-da-dependencia-excessiva-de-um-unico-cliente\/\" style=\"color:blue; text-decoration:underline\"><span style=\"font-size:14.0pt\">PP: o risco da depend&ecirc;ncia excessiva de um &uacute;nico cliente<\/span><\/a><\/span><\/span><\/span><\/p>\r\n\r\n<p style=\"text-align:justify\"><span style=\"font-size:11pt\"><span style=\"line-height:normal\"><span style=\"font-family:Calibri,sans-serif\"><a href=\"https:\/\/portalmenina.com.br\/lagoa-de-aeracao-volta-a-operar-e-tratamento-de-esgoto-deve-melhorar-em-bc\/\" style=\"color:blue; text-decoration:underline\"><span style=\"font-size:14.0pt\">Geomanta: Lagoa de aera&ccedil;&atilde;o volta a operar e tratamento de esgoto deve melhorar em BC<\/span><\/a><\/span><\/span><\/span><\/p>\r\n\r\n<p style=\"text-align:justify\"><span style=\"font-size:11pt\"><span style=\"line-height:normal\"><span style=\"font-family:Calibri,sans-serif\"><a href=\"https:\/\/www.nonwovens-industry.com\/contents\/view_features\/2024-01-08\/independent-brands-transform-absorbent-hygiene-market?utm_campaign=NON+Issue+Alert&amp;utm_medium=email&amp;_hsmi=291486049&amp;_hsenc=p2ANqtz-_uX0zWn3OMSVaH0ApYdPt71KYSyj3GHQKsTitkzl5uDppSn2EWY_d54OJ79qOUwJXBKgmtiyQQEViebhzodNoSWe0kfw&amp;utm_content=291486049&amp;utm_source=hs_email\" style=\"color:blue; text-decoration:underline\"><span lang=\"EN-US\" style=\"font-size:14.0pt\">Independent Brands Transform Absorbent Hygiene Market<\/span><\/a><\/span><\/span><\/span><\/p>\r\n\r\n<p style=\"text-align:justify\"><span style=\"font-size:11pt\"><span style=\"line-height:normal\"><span style=\"font-family:Calibri,sans-serif\"><a href=\"https:\/\/www.nonwovens-industry.com\/contents\/view_features\/2024-01-08\/innovation-continues-in-the-baby-diaper-market?utm_campaign=NON+Issue+Alert&amp;utm_medium=email&amp;_hsmi=291486049&amp;_hsenc=p2ANqtz-8CwDG9nNqA-0R2Vx6gNEdKa-jsqXUYyn3tSJMZGo9ARRXDnoGtrFFSLHN5I0TPNrmw2oGVAbwxMvKIeX8r0r-KM84jiA&amp;utm_content=291486049&amp;utm_source=hs_email\" style=\"color:blue; text-decoration:underline\"><span lang=\"EN-US\" style=\"font-size:14.0pt\">Innovation Continues in the Baby Diaper Market<\/span><\/a><\/span><\/span><\/span><\/p>\r\n\r\n<p style=\"text-align:justify\"><span style=\"font-size:11pt\"><span style=\"line-height:normal\"><span style=\"font-family:Calibri,sans-serif\"><a href=\"https:\/\/windsor.ctvnews.ca\/so-called-flushable-wipes-causing-problems-in-windsor-sewers-1.6740055\" style=\"color:blue; text-decoration:underline\"><span lang=\"EN-US\" style=\"font-size:14.0pt\">So-called &#39;flushable&#39; wipes causing problems in Windsor sewers<\/span><\/a><\/span><\/span><\/span><\/p>\r\n\r\n<p style=\"text-align:justify\"><span style=\"font-size:28pt\"><span style=\"font-family:Cambria,serif\"><span style=\"letter-spacing:-0.5pt\"><b><span style=\"font-size:18.0pt\"><span calibri=\"\" style=\"font-family:\"><span style=\"font-variant:small-caps\">Ind&uacute;stria<\/span><\/span><\/span><\/b><\/span><\/span><\/span><\/p>\r\n\r\n<p style=\"text-align:justify\"><span style=\"font-size:11pt\"><span style=\"line-height:normal\"><span style=\"font-family:Calibri,sans-serif\"><a href=\"https:\/\/noticias.portaldaindustria.com.br\/noticias\/politica-industrial\/nova-industria-brasil-e-instrumento-moderno-e-fomentara-neoindustrializacao-avalia-cni\/\" style=\"color:blue; text-decoration:underline\"><span style=\"font-size:14.0pt\">Nova Ind&uacute;stria Brasil &eacute; instrumento moderno e vai fomentar neoindustrializa&ccedil;&atilde;o, avalia CNI<\/span><\/a><\/span><\/span><\/span><\/p>\r\n\r\n<p style=\"text-align:justify\"><span style=\"font-size:11pt\"><span style=\"line-height:normal\"><span style=\"font-family:Calibri,sans-serif\"><a href=\"https:\/\/ibre.fgv.br\/blog-da-conjuntura-economica\/artigos\/em-foco-135\" style=\"color:blue; text-decoration:underline\"><span style=\"font-size:14.0pt\">Nova Ind&uacute;stria Brasil: Uma nova hist&oacute;ria ou uma volta ao passado?<\/span><\/a><\/span><\/span><\/span><\/p>\r\n\r\n<p style=\"text-align:justify\"><span style=\"font-size:11pt\"><span style=\"line-height:normal\"><span style=\"font-family:Calibri,sans-serif\"><a href=\"https:\/\/noticias.portaldaindustria.com.br\/noticias\/economia\/empresarios-industriais-comecam-2024-mais-otimistas-mostra-pesquisa-da-cni\/\" style=\"color:blue; text-decoration:underline\"><span style=\"font-size:14.0pt\">Empres&aacute;rios industriais come&ccedil;am 2024 mais otimistas, mostra pesquisa da CNI<\/span><\/a><\/span><\/span><\/span><\/p>\r\n\r\n<p style=\"text-align:justify\"><span style=\"font-size:11pt\"><span style=\"line-height:normal\"><span style=\"font-family:Calibri,sans-serif\"><a href=\"https:\/\/portalibre.fgv.br\/system\/files\/2024-01\/sondagem-da-industria-fgv_press-release_jan24.pdf\" style=\"color:blue; text-decoration:underline\"><span style=\"font-size:14.0pt\">Confian&ccedil;a da Ind&uacute;stria sobe 1,8 ponto e atinge melhor resultado desde agosto de 2022<\/span><\/a><\/span><\/span><\/span><\/p>\r\n\r\n<p style=\"text-align:justify\"><span style=\"font-size:11pt\"><span style=\"line-height:normal\"><span style=\"font-family:Calibri,sans-serif\"><a href=\"https:\/\/ibre.fgv.br\/blog-da-conjuntura-economica\/artigos\/brasil-ainda-precisa-melhorar-o-ambiente-de-negocios-para-tirar\" style=\"color:blue; text-decoration:underline\"><span style=\"font-size:14.0pt\">&ldquo;Brasil ainda precisa melhorar o ambiente de neg&oacute;cios para tirar proveito do reordenamento das cadeias de valor globais&rdquo;<\/span><\/a><\/span><\/span><\/span><\/p>\r\n\r\n<p style=\"text-align:justify\"><span style=\"font-size:11pt\"><span style=\"line-height:normal\"><span style=\"font-family:Calibri,sans-serif\"><a href=\"https:\/\/ibre.fgv.br\/blog-da-conjuntura-economica\/artigos\/empresario-da-industria-se-mostra-mais-confiante-para-recompor\" style=\"color:blue; text-decoration:underline\"><span style=\"font-size:14.0pt\">Empres&aacute;rio da ind&uacute;stria se mostra mais confiante para recompor estoques, aponta Sondagem do FGV IBRE<\/span><\/a><\/span><\/span><\/span><\/p>\r\n\r\n<p style=\"text-align:justify\"><span style=\"font-size:11pt\"><span style=\"line-height:normal\"><span style=\"font-family:Calibri,sans-serif\"><a href=\"https:\/\/horadopovo.com.br\/maquinas-e-equipamentos-tem-queda-de-71-no-trimestre-encerrado-em-novembro-aponta-fgv\/\" style=\"color:blue; text-decoration:underline\"><span style=\"font-size:14.0pt\">M&aacute;quinas e equipamentos t&ecirc;m queda de 7,1% no trimestre encerrado em novembro, aponta FGV<\/span><\/a><\/span><\/span><\/span><\/p>\r\n\r\n<p style=\"text-align:justify\"><span style=\"font-size:28pt\"><span style=\"font-family:Cambria,serif\"><span style=\"letter-spacing:-0.5pt\"><b><span style=\"font-size:18.0pt\"><span calibri=\"\" style=\"font-family:\"><span style=\"font-variant:small-caps\">Sustentabilidade<\/span><\/span><\/span><\/b><\/span><\/span><\/span><\/p>\r\n\r\n<p style=\"text-align:justify\"><span style=\"font-size:11pt\"><span style=\"line-height:normal\"><span style=\"font-family:Calibri,sans-serif\"><a href=\"https:\/\/tissueonline.com.br\/kimberly-clark-lanca-linha-de-fraldas-reutilizaveis-no-mercado-brasileiro\/\" style=\"color:blue; text-decoration:underline\"><span style=\"font-size:14.0pt\">Kimberly-Clark lan&ccedil;a linha de fraldas reutiliz&aacute;veis no mercado brasileiro<\/span><\/a><\/span><\/span><\/span><\/p>\r\n\r\n<p style=\"text-align:justify\"><span style=\"font-size:11pt\"><span style=\"line-height:normal\"><span style=\"font-family:Calibri,sans-serif\"><a href=\"https:\/\/www.gironews.com\/lancamentos\/produto-mais-sustentavel-73932\/\" style=\"color:blue; text-decoration:underline\"><span style=\"font-size:14.0pt\">Huggies lan&ccedil;a 1&ordf; fralda reutiliz&aacute;vel de pano<\/span><\/a><\/span><\/span><\/span><\/p>\r\n\r\n<p style=\"text-align:justify\"><span style=\"font-size:11pt\"><span style=\"line-height:normal\"><span style=\"font-family:Calibri,sans-serif\"><a href=\"https:\/\/brasil61.com\/n\/industria-verde-praticas-industriais-alinhadas-a-sustentabilidade-impulsionam-economia-pivd240036\" style=\"color:blue; text-decoration:underline\"><span style=\"font-size:14.0pt\">Ind&uacute;stria Verde: pr&aacute;ticas industriais alinhadas &agrave; sustentabilidade impulsionam economia<\/span><\/a><\/span><\/span><\/span><\/p>\r\n\r\n<p style=\"text-align:justify\"><span style=\"font-size:11pt\"><span style=\"line-height:normal\"><span style=\"font-family:Calibri,sans-serif\"><a href=\"https:\/\/insideevs.uol.com.br\/news\/705753\/brasil-plano-modernizacao-industria-sustentabilidade\/\" style=\"color:blue; text-decoration:underline\"><span style=\"font-size:14.0pt\">Brasil ter&aacute; R$ 300 bi para pol&iacute;tica industrial com foco em sustentabilidade<\/span><\/a><\/span><\/span><\/span><\/p>\r\n\r\n<p style=\"text-align:justify\"><span style=\"font-size:11pt\"><span style=\"line-height:normal\"><span style=\"font-family:Calibri,sans-serif\"><a href=\"https:\/\/www12.senado.leg.br\/radio\/1\/noticia\/2024\/01\/26\/regras-para-economia-circular-do-plastico-voltam-a-ser-discutidas-no-senado\" style=\"color:blue; text-decoration:underline\"><span style=\"font-size:14.0pt\">Regras para economia circular do pl&aacute;stico voltam a ser discutidas no Senado<\/span><\/a><\/span><\/span><\/span><\/p>\r\n\r\n<p style=\"text-align:justify\"><span style=\"font-size:11pt\"><span style=\"line-height:normal\"><span style=\"font-family:Calibri,sans-serif\"><a href=\"https:\/\/cbic.org.br\/governo-apresenta-ao-g20-temas-prioritarios-de-acesso-a-agua-e-saneamento\/\" style=\"color:blue; text-decoration:underline\"><span style=\"font-size:14.0pt\">Governo apresenta temas priorit&aacute;rios de acesso &agrave; &aacute;gua e saneamento ao G20<\/span><\/a><\/span><\/span><\/span><\/p>\r\n\r\n<p style=\"text-align:justify\"><span style=\"font-size:11pt\"><span style=\"line-height:normal\"><span style=\"font-family:Calibri,sans-serif\"><a href=\"https:\/\/plasticosemrevista.com.br\/moratoria-para-reciclagem-quimica-nos-eua\/\" style=\"color:blue; text-decoration:underline\"><span style=\"font-size:14.0pt\">Morat&oacute;ria para reciclagem qu&iacute;mica nos EUA<\/span><\/a><\/span><\/span><\/span><\/p>\r\n\r\n<p style=\"text-align:justify\"><span style=\"font-size:11pt\"><span style=\"line-height:normal\"><span style=\"font-family:Calibri,sans-serif\"><a href=\"https:\/\/www.business-standard.com\/world-news\/gdp-growth-in-most-countries-neither-sustainable-not-inclusive-wef-study-124011700443_1.html\" style=\"color:blue; text-decoration:underline\"><span lang=\"EN-US\" style=\"font-size:14.0pt\">GDP growth in most countries neither sustainable, nor inclusive: WEF study<\/span><\/a><\/span><\/span><\/span><\/p>\r\n\r\n<p style=\"text-align:justify\"><span style=\"font-size:28pt\"><span style=\"font-family:Cambria,serif\"><span style=\"letter-spacing:-0.5pt\"><b><span style=\"font-size:18.0pt\"><span calibri=\"\" style=\"font-family:\"><span style=\"font-variant:small-caps\">Inova&ccedil;&atilde;o<\/span><\/span><\/span><\/b><\/span><\/span><\/span><\/p>\r\n\r\n<p style=\"text-align:justify\"><span style=\"font-size:11pt\"><span style=\"line-height:normal\"><span style=\"font-family:Calibri,sans-serif\"><a href=\"https:\/\/exame.com\/inteligencia-artificial\/governo-lula-anuncia-r-170-milhoes-para-desenvolver-inteligencia-artificial-na-industria\/\" style=\"color:blue; text-decoration:underline\"><span style=\"font-size:14.0pt\">Governo Lula anuncia R$ 170 milh&otilde;es para desenvolver intelig&ecirc;ncia artificial na ind&uacute;stria<\/span><\/a><\/span><\/span><\/span><\/p>\r\n\r\n<p style=\"text-align:justify\"><span style=\"font-size:11pt\"><span style=\"line-height:normal\"><span style=\"font-family:Calibri,sans-serif\"><a href=\"https:\/\/tissueonline.com.br\/plastico-sustentavel-analise-do-ciclo-de-vida-evidencia-reducao-de-impactos-ambientais-gerados-pela-linha-shrink-pcr\/\" style=\"color:blue; text-decoration:underline\"><span style=\"font-size:14.0pt\">Pl&aacute;stico sustent&aacute;vel: an&aacute;lise do ciclo de vida evidencia redu&ccedil;&atilde;o de impactos ambientais gerados pela linha Shrink PCR<\/span><\/a><\/span><\/span><\/span><\/p>\r\n\r\n<p style=\"text-align:justify\"><span style=\"font-size:11pt\"><span style=\"line-height:normal\"><span style=\"font-family:Calibri,sans-serif\"><a href=\"https:\/\/canaltech.com.br\/inovacao\/plantas-de-plastico-geram-energia-eletrica-a-partir-de-vento-e-chuva-276721\/\" style=\"color:blue; text-decoration:underline\"><span style=\"font-size:14.0pt\">Plantas de pl&aacute;stico geram energia el&eacute;trica a partir de vento e chuva<\/span><\/a><\/span><\/span><\/span><\/p>\r\n\r\n<p style=\"text-align:justify\"><span style=\"font-size:11pt\"><span style=\"line-height:normal\"><span style=\"font-family:Calibri,sans-serif\"><a href=\"https:\/\/techxplore.com\/news\/2024-01-qa-combining-origami-techniques-modern.html?utm_source=nwletter&amp;utm_medium=email&amp;utm_campaign=daily-nwletter\" style=\"color:blue; text-decoration:underline\"><span lang=\"EN-US\" style=\"font-size:14.0pt\">Q&amp;A: How combining origami techniques with modern textile science can lead to practical applications<\/span><\/a><\/span><\/span><\/span><\/p>\r\n\r\n<p style=\"text-align:justify\"><span style=\"font-size:28pt\"><span style=\"font-family:Cambria,serif\"><span style=\"letter-spacing:-0.5pt\"><b><span style=\"font-size:18.0pt\"><span calibri=\"\" style=\"font-family:\"><span style=\"font-variant:small-caps\">Com&eacute;rcio Exterior<\/span><\/span><\/span><\/b><\/span><\/span><\/span><\/p>\r\n\r\n<p style=\"text-align:justify\"><span style=\"font-size:11pt\"><span style=\"line-height:normal\"><span style=\"font-family:Calibri,sans-serif\"><a href=\"https:\/\/agenciabrasil.ebc.com.br\/internacional\/noticia\/2024-01\/acordo-comercial-com-uniao-europeia-e-prioridade-do-mercosul\" style=\"color:blue; text-decoration:underline\"><span style=\"font-size:14.0pt\">Acordo comercial com Uni&atilde;o Europeia &eacute; prioridade do Mercosul<\/span><\/a><\/span><\/span><\/span><\/p>\r\n\r\n<p style=\"text-align:justify\"><span style=\"font-size:11pt\"><span style=\"line-height:normal\"><span style=\"font-family:Calibri,sans-serif\"><a href=\"https:\/\/www.moveisdevalor.com.br\/portal\/crise-no-mar-vermelho-preocupa-os-setores-de-moveis-e-colchoes?source=news\" style=\"color:blue; text-decoration:underline\"><span style=\"font-size:14.0pt\">Crise no Mar Vermelho preocupa os setores de m&oacute;veis e colch&otilde;es<\/span><\/a><\/span><\/span><\/span><\/p>\r\n\r\n<p style=\"text-align:justify\"><span style=\"font-size:11pt\"><span style=\"line-height:normal\"><span style=\"font-family:Calibri,sans-serif\"><a href=\"https:\/\/comexdobrasil.com\/em-seis-passos-as-vantagens-que-o-acordo-comercial-brasil-chile-pode-trazer-para-o-seu-negocio\/\" style=\"color:blue; text-decoration:underline\"><span style=\"font-size:14.0pt\">Em seis passos, as vantagens que o acordo comercial Brasil-Chile pode trazer para o seu neg&oacute;cio<\/span><\/a><\/span><\/span><\/span><\/p>\r\n\r\n<p style=\"text-align:justify\"><span style=\"font-size:11pt\"><span style=\"line-height:normal\"><span style=\"font-family:Calibri,sans-serif\"><a href=\"https:\/\/guaiba.com.br\/2024\/01\/25\/abicalcados-adere-a-plataforma-brasil-exportacao\/\" style=\"color:blue; text-decoration:underline\"><span style=\"font-size:14.0pt\">Abical&ccedil;ados adere &agrave; Plataforma Brasil Exporta&ccedil;&atilde;o<\/span><\/a><\/span><\/span><\/span><\/p>\r\n\r\n<p style=\"text-align:justify\"><span style=\"font-size:11pt\"><span style=\"line-height:normal\"><span style=\"font-family:Calibri,sans-serif\"><a href=\"https:\/\/noticias.portaldaindustria.com.br\/noticias\/internacional\/lancamento-do-b20-brasil-abre-agendas-do-g20-em-2024\/\" style=\"color:blue; text-decoration:underline\"><span style=\"font-size:14.0pt\">Lan&ccedil;amento do B20 Brasil abre agendas do G20 em 2024<\/span><\/a><\/span><\/span><\/span><\/p>\r\n\r\n<p style=\"text-align:justify\"><span style=\"font-size:28pt\"><span style=\"font-family:Cambria,serif\"><span style=\"letter-spacing:-0.5pt\"><b><span style=\"font-size:18.0pt\"><span calibri=\"\" style=\"font-family:\"><span style=\"font-variant:small-caps\">Economia<\/span><\/span><\/span><\/b><\/span><\/span><\/span><\/p>\r\n\r\n<p style=\"text-align:justify\"><span style=\"font-size:11pt\"><span style=\"line-height:normal\"><span style=\"font-family:Calibri,sans-serif\"><a href=\"https:\/\/www.bcb.gov.br\/content\/focus\/focus\/R20240126.pdf\" style=\"color:blue; text-decoration:underline\"><span style=\"font-size:14.0pt\">Focus &ndash; Relat&oacute;rio de Mercado<\/span><\/a><\/span><\/span><\/span><\/p>\r\n\r\n<p style=\"text-align:justify\"><span style=\"font-size:11pt\"><span style=\"line-height:normal\"><span style=\"font-family:Calibri,sans-serif\"><a href=\"https:\/\/sovos.com\/pt-br\/blog\/tributos\/inicio-do-programa-de-assessoramento-tecnico-para-implementacao-da-reforma-tributaria\/?mkt_tok=MzM0LUhWTi0yNDkAAAGQ5eazkvbJKZnDauYBCpsAjqPJo7lssgDuBu0qjrmrZZAxamrNwrsHDUU54WarS6XEHLHTbplnUKUhzQFBH5Gjk8ahWkklQPeTokbbY7a0nh0\" style=\"color:blue; text-decoration:underline\"><span style=\"font-size:14.0pt\">In&iacute;cio do Programa de Assessoramento T&eacute;cnico para implementa&ccedil;&atilde;o da Reforma Tribut&aacute;ria<\/span><\/a><\/span><\/span><\/span><\/p>\r\n\r\n<p style=\"text-align:justify\"><span style=\"font-size:11pt\"><span style=\"line-height:normal\"><span style=\"font-family:Calibri,sans-serif\"><a href=\"https:\/\/sovos.com\/pt-br\/blog\/tributos\/efeitos-da-reforma-tributaria-devem-ser-sentidos-a-partir-de-2027\/?mkt_tok=MzM0LUhWTi0yNDkAAAGQ5eazktb65l1QRSB9YiKMSD1Nslsbp9chCD-kaILbxjKuf5DXTq-KDPkoFz9JuqwF4U3XLiKVaqDlAkQqnOjg_PVGQjWdB4wBDH6hTKNzQvU\" style=\"color:blue; text-decoration:underline\"><span style=\"font-size:14.0pt\">Efeitos da reforma tribut&aacute;ria devem ser sentidos a partir de 2027<\/span><\/a><\/span><\/span><\/span><\/p>\r\n\r\n<p style=\"text-align:justify\"><span style=\"font-size:11pt\"><span style=\"line-height:normal\"><span style=\"font-family:Calibri,sans-serif\"><a href=\"https:\/\/www.business-reporter.com\/management\/wef-2024-chief-economists-survey-predicts-global-economic-weakening-in-2024#:~:text=The%20survey%2C%20conducted%20by%20the,economy%20to%20weaken%20in%202024.\" style=\"color:blue; text-decoration:underline\"><span lang=\"EN-US\" style=\"font-size:14.0pt\">WEF 2024 Chief Economists Survey predicts global economic weakening in 2024<\/span><\/a><\/span><\/span><\/span><\/p>\r\n","6":"<p style=\"text-align:justify\"><span style=\"font-size:11pt\"><span style=\"line-height:normal\"><span style=\"font-family:Calibri,sans-serif\"><span style=\"font-size:14.0pt\">Esta &eacute; uma compila&ccedil;&atilde;o das not&iacute;cias mais relevantes para o setor, incluindo informa&ccedil;&otilde;es sobre acordos internacionais, economia brasileira, sustentabilidade e mat&eacute;rias primas, al&eacute;m de novidades do setor de N&atilde;otecidos e Tecidos T&eacute;cnicos.<\/span><\/span><\/span><\/span><\/p>\r\n\r\n<p style=\"text-align:justify\"><span style=\"font-size:28pt\"><span style=\"font-family:Cambria,serif\"><span style=\"letter-spacing:-0.5pt\"><b><span style=\"font-size:18.0pt\"><span calibri=\"\" style=\"font-family:\"><span style=\"font-variant:small-caps\">O que vem por a&iacute;<\/span><\/span><\/span><\/b><\/span><\/span><\/span><\/p>\r\n\r\n<p><img src=\"https:\/\/www.abint.org.br\/assets\/img\/editor\/abint-logo-2020-p_20240124114003rgVCXCjBlU.png\" \/><\/p>\r\n\r\n<p><img src=\"https:\/\/www.abint.org.br\/assets\/img\/editor\/post-quadrado-curso-naotecido_202401241141165egwSZx3Ic.jpg\" style=\"width: 600px; height: 600px;\" \/><\/p>\r\n\r\n<h1><span style=\"font-size:11pt\"><span style=\"line-height:normal\"><span style=\"font-family:Calibri,sans-serif\"><a href=\"https:\/\/forms.office.com\/r\/5DrqtK5n3Y\" style=\"color:blue; text-decoration:underline\"><span style=\"font-size:14.0pt\">Informa&ccedil;&otilde;es e inscri&ccedil;&otilde;es<\/span><\/a><\/span><\/span><\/span><\/h1>\r\n\r\n<p style=\"text-align:justify\"><span style=\"font-size:28pt\"><span style=\"font-family:Cambria,serif\"><span style=\"letter-spacing:-0.5pt\"><b><span style=\"font-size:18.0pt\"><span calibri=\"\" style=\"font-family:\"><span style=\"font-variant:small-caps\">A&ccedil;&otilde;es realizadas<\/span><\/span><\/span><\/b><\/span><\/span><\/span><\/p>\r\n\r\n<h1><img src=\"https:\/\/www.abint.org.br\/assets\/img\/editor\/logo-ctg-abint-png_202401241143327xSjYjROfY.png\" style=\"width: 300px; height: 55px;\" \/><\/h1>\r\n\r\n<p style=\"text-align:justify\"><span style=\"font-size:11pt\"><span style=\"line-height:normal\"><span style=\"font-family:Calibri,sans-serif\"><span style=\"font-size:14.0pt\">No &uacute;ltimo dia 18, o CTG-ABINT realizou uma live para falar sobre as perspectivas do setor de geossint&eacute;ticos em 2024. <\/span><a href=\"https:\/\/www.instagram.com\/p\/C2dW7s1p9B2\/\" style=\"color:blue; text-decoration:underline\"><span style=\"font-size:14.0pt\">Acompanhe aqui e deixe seu coment&aacute;rio<\/span><\/a><span style=\"font-size:14.0pt\">. <\/span><\/span><\/span><\/span><\/p>\r\n\r\n<p style=\"text-align:justify\"><span style=\"font-size:28pt\"><span style=\"font-family:Cambria,serif\"><span style=\"letter-spacing:-0.5pt\"><b><span style=\"font-size:18.0pt\"><span calibri=\"\" style=\"font-family:\"><span style=\"font-variant:small-caps\">Not&iacute;cias das Associadas<\/span><\/span><\/span><\/b><\/span><\/span><\/span><\/p>\r\n\r\n<p style=\"text-align:justify\"><span style=\"font-size:11pt\"><span style=\"line-height:normal\"><span style=\"font-family:Calibri,sans-serif\"><a href=\"https:\/\/expansao.co\/inspiramais-encerra-projetando-mais-de-r-76-milhoes-em-negocios\/\" style=\"color:blue; text-decoration:underline\"><span style=\"font-size:14.0pt\">Cipatex participa do Inspiramais que se encerrou projetando mais de R$ 76 milh&otilde;es em neg&oacute;cios<\/span><\/a><\/span><\/span><\/span><\/p>\r\n\r\n<p style=\"text-align:justify\"><span style=\"font-size:11pt\"><span style=\"line-height:normal\"><span style=\"font-family:Calibri,sans-serif\"><a href=\"https:\/\/portugaltextil.com\/o-poliester-e-uma-fibra-extremamente-sustentavel-ate-aos-ultimos-5-minutos-de-vida\/\" style=\"color:blue; text-decoration:underline\"><span style=\"font-size:14.0pt\">Indorama: &ldquo;O poli&eacute;ster &eacute; uma fibra extremamente sustent&aacute;vel at&eacute; aos &uacute;ltimos 5 minutos de vida&rdquo;<\/span><\/a><\/span><\/span><\/span><\/p>\r\n\r\n<p style=\"text-align:justify\">&nbsp;<\/p>\r\n\r\n<p style=\"text-align:justify\"><span style=\"font-size:11pt\"><span style=\"line-height:normal\"><span style=\"font-family:Calibri,sans-serif\"><b><span style=\"font-size:18.0pt\"><span style=\"font-variant:small-caps\">Eventos<\/span><\/span><\/b><\/span><\/span><\/span><\/p>\r\n\r\n<p style=\"text-align:justify\"><span style=\"font-size:11pt\"><span style=\"line-height:normal\"><span style=\"font-family:Calibri,sans-serif\"><b><span style=\"font-size:14.0pt\">Jornada Digital Anahp | ESG &ndash; Para equalizar conceitos e entendimentos<\/span><\/b><span class=\"MsoHyperlink\" style=\"color:blue\"><span style=\"text-decoration:underline\"><span style=\"font-size:14.0pt\"><span style=\"text-decoration:none\"><span style=\"text-underline:none\">, 01 de fevereiro 2024, online. <\/span><\/span><\/span><\/span><\/span><a href=\"https:\/\/www.anahp.com.br\/evento\/jornada-digital-esg-para-equalizar-conceitos-e-entendimentos\/\" style=\"color:blue; text-decoration:underline\"><span style=\"font-size:14.0pt\">Informa&ccedil;&otilde;es<\/span><\/a> <\/span><\/span><\/span><\/p>\r\n\r\n<p style=\"text-align:justify\"><span style=\"font-size:11pt\"><span style=\"line-height:normal\"><span style=\"font-family:Calibri,sans-serif\"><b><span style=\"font-size:14.0pt\">Etiquetagem de t&ecirc;xtil com &ecirc;nfase na norma ABNT NBR MM 3758:2013<\/span><\/b><span class=\"MsoHyperlink\" style=\"color:blue\"><span style=\"text-decoration:underline\"><span style=\"font-size:14.0pt\"><span style=\"text-decoration:none\"><span style=\"text-underline:none\">, 05 e 06 de fevereiro de 2024 (e mais 3 turmas). <\/span><\/span><\/span><\/span><\/span><a href=\"https:\/\/api.whatsapp.com\/send?phone=551130173680\" style=\"color:blue; text-decoration:underline\"><span style=\"font-size:14.0pt\">Informa&ccedil;&otilde;es<\/span><\/a><span style=\"font-size:14.0pt\"> <\/span><\/span><\/span><\/span><\/p>\r\n\r\n<p style=\"text-align:justify\"><span style=\"font-size:11pt\"><span style=\"line-height:normal\"><span style=\"font-family:Calibri,sans-serif\"><b><span style=\"font-size:14.0pt\">AESabesp &amp; Ecoclass | Curso: Introdu&ccedil;&atilde;o aos ODS: Diretrizes da Organiza&ccedil;&atilde;o Mundial da Sa&uacute;de<\/span><\/b><span class=\"MsoHyperlink\" style=\"color:blue\"><span style=\"text-decoration:underline\"><span style=\"font-size:14.0pt\"><span style=\"text-decoration:none\"><span style=\"text-underline:none\">, 14 e 15 de fevereiro de 2024, das 19h00 &agrave;s 21h30, online. <\/span><\/span><\/span><\/span><\/span><a href=\"https:\/\/ecoclass.eco.br\/curso\/introducao-aos-ods-diretrizes-da-organizacao-mundial-da-saude\/\" style=\"color:blue; text-decoration:underline\"><span style=\"font-size:14.0pt\">Informa&ccedil;&otilde;es<\/span><\/a> <\/span><\/span><\/span><\/p>\r\n\r\n<p style=\"text-align:justify\"><span style=\"font-size:11pt\"><span style=\"line-height:normal\"><span style=\"font-family:Calibri,sans-serif\"><b><span style=\"font-size:14.0pt\">PL&Aacute;STICO BRASIL &ndash; Feira Internacional do Pl&aacute;stico<\/span><\/b><span class=\"MsoHyperlink\" style=\"color:blue\"><span style=\"text-decoration:underline\"><span style=\"font-size:14.0pt\"><span style=\"text-decoration:none\"><span style=\"text-underline:none\">, 4&ordf; Edi&ccedil;&atilde;o, 24 a 28 de mar&ccedil;o de 2025, S&atilde;o Paulo Expo, Rodovia dos Imigrantes. <\/span><\/span><\/span><\/span><\/span><a href=\"http:\/\/www.plasticobrasil.com.br\" style=\"color:blue; text-decoration:underline\"><span style=\"font-size:14.0pt\">www.plasticobrasil.com.br<\/span><\/a> <\/span><\/span><\/span><\/p>\r\n\r\n<p style=\"text-align:justify\"><span style=\"font-size:11pt\"><span style=\"line-height:normal\"><span style=\"font-family:Calibri,sans-serif\"><b><span style=\"font-size:14.0pt\">GEOAMERICAS 2024, <\/span><\/b><span style=\"font-size:14.0pt\">de 28 de abril a 01 de maio de 2024, em Toronto (Canad&aacute;). <\/span><a href=\"https:\/\/www.geoamericas2024.org\/\" style=\"color:blue; text-decoration:underline\"><span style=\"font-size:14.0pt\">Informa&ccedil;&otilde;es aqui.<\/span><\/a><\/span><\/span><\/span><\/p>\r\n\r\n<p style=\"text-align:justify\"><span style=\"font-size:11pt\"><span style=\"line-height:normal\"><span style=\"font-family:Calibri,sans-serif\"><b><span style=\"font-size:14.0pt\">II Congresso Ibero-Americano de Esteriliza&ccedil;&atilde;o e II Congresso Nacional de Reprocessamento de Dispositivos M&eacute;dicos<\/span><\/b><span style=\"font-size:14.0pt\">, 16 a 18 de maio de 2024, Cartagena, Colombia<b>. <\/b><\/span><a href=\"http:\/\/nascecme.com.br\/ii-congresso-ibero-americano-de-esterilizacao-e-ii-congresso-nacional-de-reprocessamento-de-dispositivos-medicos\/\" style=\"color:blue; text-decoration:underline\"><span lang=\"EN-US\" style=\"font-size:14.0pt\">Informa&ccedil;&otilde;es<\/span><\/a><span lang=\"EN-US\" style=\"font-size:14.0pt\"> <\/span><\/span><\/span><\/span><\/p>\r\n\r\n<p style=\"text-align:justify\"><span style=\"font-size:11pt\"><span style=\"line-height:normal\"><span style=\"font-family:Calibri,sans-serif\"><b><span lang=\"EN-US\" style=\"font-size:14.0pt\">ANEX 2024 | Asia Nonwoven Exhibition and Conference<\/span><\/b><span lang=\"EN-US\" style=\"font-size:14.0pt\">, 22-24 May 2024, Taipei Nangang Exhibition Center, Hall 1. <\/span><a href=\"https:\/\/www.anex2024.com\/\" style=\"color:blue; text-decoration:underline\"><span lang=\"EN-US\" style=\"font-size:14.0pt\">Information here<\/span><\/a> <\/span><\/span><\/span><\/p>\r\n\r\n<p style=\"text-align:justify\"><span style=\"font-size:11pt\"><span style=\"line-height:normal\"><span style=\"font-family:Calibri,sans-serif\"><b><span lang=\"EN-US\" style=\"font-size:14.0pt\">The EDANA Innovation Forum<\/span><\/b><span class=\"MsoHyperlink\" style=\"color:blue\"><span style=\"text-decoration:underline\"><span lang=\"EN-US\" style=\"font-size:14.0pt\"><span style=\"text-decoration:none\"><span style=\"text-underline:none\">, 04 - 06 June 2024, Munich. <\/span><\/span><\/span><\/span><\/span><a href=\"https:\/\/www.edana.org\/events\/edana-innovation-forum-?ct=t(MENA_2018_call_for_papers6_28_2017_COPY_01)&amp;mc_cid=27efeab42f&amp;mc_eid=08e0eae351\" style=\"color:blue; text-decoration:underline\"><span lang=\"EN-US\" style=\"font-size:14.0pt\">Information here<\/span><\/a><\/span><\/span><\/span><\/p>\r\n\r\n<p style=\"text-align:justify\"><span style=\"font-size:11pt\"><span style=\"line-height:normal\"><span style=\"font-family:Calibri,sans-serif\"><b><span lang=\"EN-US\" style=\"font-size:14.0pt\">HIGITEX 2024 | International Technical Textiles &amp; Nonwoven Exhibition<\/span><\/b><span lang=\"EN-US\" style=\"font-size:14.0pt\">, 4-8 June 2024, T&uuml;yap Fair Convention and Congress Center, T&uuml;rkiye. <\/span><a href=\"https:\/\/www.hightex.com.tr\/\" style=\"color:blue; text-decoration:underline\"><span style=\"font-size:14.0pt\">Information here<\/span><\/a> <\/span><\/span><\/span><\/p>\r\n\r\n<p style=\"text-align:justify\"><span style=\"font-size:11pt\"><span style=\"line-height:normal\"><span style=\"font-family:Calibri,sans-serif\"><b><span style=\"font-size:14.0pt\">FEIPLAR COMPOSITES &amp; FEIPUR &ndash; Feira e Congresso Internacionais de Composites, Poliuretano, Pl&aacute;sticos de Engenharia e Compostos Termopl&aacute;sticos<\/span><\/b><span style=\"font-size:14.0pt\">, 20 a 22 de agosto de 2024, S&atilde;o Paulo Expo (Pavilh&atilde;o 5), palestras: das 8h30 &agrave;s 18h, feira: das 13h &agrave;s 20h.<b> <\/b><\/span><a href=\"http:\/\/www.feiplar.com\" style=\"color:blue; text-decoration:underline\"><span lang=\"EN-US\" style=\"font-size:14.0pt\">www.feiplar.com<\/span><\/a> <\/span><\/span><\/span><\/p>\r\n\r\n<p style=\"text-align:justify\"><span style=\"font-size:11pt\"><span style=\"line-height:normal\"><span style=\"font-family:Calibri,sans-serif\"><b><span style=\"font-size:14.0pt\">Fenasan 2024 &ndash; Feira Nacional de Saneamento e Meio Ambiente<\/span><\/b><span style=\"font-size:14.0pt\">, 22 a 24 de outubro de 2024, Pavilh&otilde;es Verde e Vermelho, Expo Center Norte, S&atilde;o Paulo SP. <\/span><a href=\"http:\/\/www.fenasan.com.br\" style=\"color:blue; text-decoration:underline\"><span style=\"font-size:14.0pt\">www.fenasan.com.br<\/span><\/a> <\/span><\/span><\/span><\/p>\r\n\r\n<p style=\"text-align:justify\"><span style=\"font-size:11pt\"><span style=\"line-height:normal\"><span style=\"font-family:Calibri,sans-serif\"><b><span style=\"font-size:14.0pt\">HospitalMed 2024<\/span><\/b><span style=\"font-size:14.0pt\">, 23 a 25 de outubro, das 14h &agrave;s 20h, no Pernambuco Centro de Conven&ccedil;&otilde;es. <\/span><a href=\"http:\/\/www.hospitalmed.com.br\" style=\"color:blue; text-decoration:underline\"><span style=\"font-size:14.0pt\">www.hospitalmed.com.br<\/span><\/a> <\/span><\/span><\/span><\/p>\r\n\r\n<p style=\"text-align:justify\"><span style=\"font-size:28pt\"><span style=\"font-family:Cambria,serif\"><span style=\"letter-spacing:-0.5pt\"><b><span style=\"font-size:18.0pt\"><span calibri=\"\" style=\"font-family:\"><span style=\"font-variant:small-caps\">Setor<\/span><\/span><\/span><\/b><\/span><\/span><\/span><\/p>\r\n\r\n<p style=\"text-align:justify\"><span style=\"font-size:11pt\"><span style=\"line-height:normal\"><span style=\"font-family:Calibri,sans-serif\"><a href=\"https:\/\/plasticosemrevista.com.br\/resinas-da-asia-guerrilha-no-suez-complica-importacoes-do-brasil\/\" style=\"color:blue; text-decoration:underline\"><span style=\"font-size:14.0pt\">Resinas da &Aacute;sia: guerrilha no Suez complica importa&ccedil;&otilde;es do Brasil<\/span><\/a><\/span><\/span><\/span><\/p>\r\n\r\n<p style=\"text-align:justify\"><span style=\"font-size:11pt\"><span style=\"line-height:normal\"><span style=\"font-family:Calibri,sans-serif\"><a href=\"https:\/\/plasticosemrevista.com.br\/pp-o-risco-da-dependencia-excessiva-de-um-unico-cliente\/\" style=\"color:blue; text-decoration:underline\"><span style=\"font-size:14.0pt\">PP: o risco da depend&ecirc;ncia excessiva de um &uacute;nico cliente<\/span><\/a><\/span><\/span><\/span><\/p>\r\n\r\n<p style=\"text-align:justify\"><span style=\"font-size:11pt\"><span style=\"line-height:normal\"><span style=\"font-family:Calibri,sans-serif\"><a href=\"https:\/\/portalmenina.com.br\/lagoa-de-aeracao-volta-a-operar-e-tratamento-de-esgoto-deve-melhorar-em-bc\/\" style=\"color:blue; text-decoration:underline\"><span style=\"font-size:14.0pt\">Geomanta: Lagoa de aera&ccedil;&atilde;o volta a operar e tratamento de esgoto deve melhorar em BC<\/span><\/a><\/span><\/span><\/span><\/p>\r\n\r\n<p style=\"text-align:justify\"><span style=\"font-size:11pt\"><span style=\"line-height:normal\"><span style=\"font-family:Calibri,sans-serif\"><a href=\"https:\/\/www.nonwovens-industry.com\/contents\/view_features\/2024-01-08\/independent-brands-transform-absorbent-hygiene-market?utm_campaign=NON+Issue+Alert&amp;utm_medium=email&amp;_hsmi=291486049&amp;_hsenc=p2ANqtz-_uX0zWn3OMSVaH0ApYdPt71KYSyj3GHQKsTitkzl5uDppSn2EWY_d54OJ79qOUwJXBKgmtiyQQEViebhzodNoSWe0kfw&amp;utm_content=291486049&amp;utm_source=hs_email\" style=\"color:blue; text-decoration:underline\"><span lang=\"EN-US\" style=\"font-size:14.0pt\">Independent Brands Transform Absorbent Hygiene Market<\/span><\/a><\/span><\/span><\/span><\/p>\r\n\r\n<p style=\"text-align:justify\"><span style=\"font-size:11pt\"><span style=\"line-height:normal\"><span style=\"font-family:Calibri,sans-serif\"><a href=\"https:\/\/www.nonwovens-industry.com\/contents\/view_features\/2024-01-08\/innovation-continues-in-the-baby-diaper-market?utm_campaign=NON+Issue+Alert&amp;utm_medium=email&amp;_hsmi=291486049&amp;_hsenc=p2ANqtz-8CwDG9nNqA-0R2Vx6gNEdKa-jsqXUYyn3tSJMZGo9ARRXDnoGtrFFSLHN5I0TPNrmw2oGVAbwxMvKIeX8r0r-KM84jiA&amp;utm_content=291486049&amp;utm_source=hs_email\" style=\"color:blue; text-decoration:underline\"><span lang=\"EN-US\" style=\"font-size:14.0pt\">Innovation Continues in the Baby Diaper Market<\/span><\/a><\/span><\/span><\/span><\/p>\r\n\r\n<p style=\"text-align:justify\"><span style=\"font-size:11pt\"><span style=\"line-height:normal\"><span style=\"font-family:Calibri,sans-serif\"><a href=\"https:\/\/windsor.ctvnews.ca\/so-called-flushable-wipes-causing-problems-in-windsor-sewers-1.6740055\" style=\"color:blue; text-decoration:underline\"><span lang=\"EN-US\" style=\"font-size:14.0pt\">So-called &#39;flushable&#39; wipes causing problems in Windsor sewers<\/span><\/a><\/span><\/span><\/span><\/p>\r\n\r\n<p style=\"text-align:justify\"><span style=\"font-size:28pt\"><span style=\"font-family:Cambria,serif\"><span style=\"letter-spacing:-0.5pt\"><b><span style=\"font-size:18.0pt\"><span calibri=\"\" style=\"font-family:\"><span style=\"font-variant:small-caps\">Ind&uacute;stria<\/span><\/span><\/span><\/b><\/span><\/span><\/span><\/p>\r\n\r\n<p style=\"text-align:justify\"><span style=\"font-size:11pt\"><span style=\"line-height:normal\"><span style=\"font-family:Calibri,sans-serif\"><a href=\"https:\/\/noticias.portaldaindustria.com.br\/noticias\/politica-industrial\/nova-industria-brasil-e-instrumento-moderno-e-fomentara-neoindustrializacao-avalia-cni\/\" style=\"color:blue; text-decoration:underline\"><span style=\"font-size:14.0pt\">Nova Ind&uacute;stria Brasil &eacute; instrumento moderno e vai fomentar neoindustrializa&ccedil;&atilde;o, avalia CNI<\/span><\/a><\/span><\/span><\/span><\/p>\r\n\r\n<p style=\"text-align:justify\"><span style=\"font-size:11pt\"><span style=\"line-height:normal\"><span style=\"font-family:Calibri,sans-serif\"><a href=\"https:\/\/ibre.fgv.br\/blog-da-conjuntura-economica\/artigos\/em-foco-135\" style=\"color:blue; text-decoration:underline\"><span style=\"font-size:14.0pt\">Nova Ind&uacute;stria Brasil: Uma nova hist&oacute;ria ou uma volta ao passado?<\/span><\/a><\/span><\/span><\/span><\/p>\r\n\r\n<p style=\"text-align:justify\"><span style=\"font-size:11pt\"><span style=\"line-height:normal\"><span style=\"font-family:Calibri,sans-serif\"><a href=\"https:\/\/noticias.portaldaindustria.com.br\/noticias\/economia\/empresarios-industriais-comecam-2024-mais-otimistas-mostra-pesquisa-da-cni\/\" style=\"color:blue; text-decoration:underline\"><span style=\"font-size:14.0pt\">Empres&aacute;rios industriais come&ccedil;am 2024 mais otimistas, mostra pesquisa da CNI<\/span><\/a><\/span><\/span><\/span><\/p>\r\n\r\n<p style=\"text-align:justify\"><span style=\"font-size:11pt\"><span style=\"line-height:normal\"><span style=\"font-family:Calibri,sans-serif\"><a href=\"https:\/\/portalibre.fgv.br\/system\/files\/2024-01\/sondagem-da-industria-fgv_press-release_jan24.pdf\" style=\"color:blue; text-decoration:underline\"><span style=\"font-size:14.0pt\">Confian&ccedil;a da Ind&uacute;stria sobe 1,8 ponto e atinge melhor resultado desde agosto de 2022<\/span><\/a><\/span><\/span><\/span><\/p>\r\n\r\n<p style=\"text-align:justify\"><span style=\"font-size:11pt\"><span style=\"line-height:normal\"><span style=\"font-family:Calibri,sans-serif\"><a href=\"https:\/\/ibre.fgv.br\/blog-da-conjuntura-economica\/artigos\/brasil-ainda-precisa-melhorar-o-ambiente-de-negocios-para-tirar\" style=\"color:blue; text-decoration:underline\"><span style=\"font-size:14.0pt\">&ldquo;Brasil ainda precisa melhorar o ambiente de neg&oacute;cios para tirar proveito do reordenamento das cadeias de valor globais&rdquo;<\/span><\/a><\/span><\/span><\/span><\/p>\r\n\r\n<p style=\"text-align:justify\"><span style=\"font-size:11pt\"><span style=\"line-height:normal\"><span style=\"font-family:Calibri,sans-serif\"><a href=\"https:\/\/ibre.fgv.br\/blog-da-conjuntura-economica\/artigos\/empresario-da-industria-se-mostra-mais-confiante-para-recompor\" style=\"color:blue; text-decoration:underline\"><span style=\"font-size:14.0pt\">Empres&aacute;rio da ind&uacute;stria se mostra mais confiante para recompor estoques, aponta Sondagem do FGV IBRE<\/span><\/a><\/span><\/span><\/span><\/p>\r\n\r\n<p style=\"text-align:justify\"><span style=\"font-size:11pt\"><span style=\"line-height:normal\"><span style=\"font-family:Calibri,sans-serif\"><a href=\"https:\/\/horadopovo.com.br\/maquinas-e-equipamentos-tem-queda-de-71-no-trimestre-encerrado-em-novembro-aponta-fgv\/\" style=\"color:blue; text-decoration:underline\"><span style=\"font-size:14.0pt\">M&aacute;quinas e equipamentos t&ecirc;m queda de 7,1% no trimestre encerrado em novembro, aponta FGV<\/span><\/a><\/span><\/span><\/span><\/p>\r\n\r\n<p style=\"text-align:justify\"><span style=\"font-size:28pt\"><span style=\"font-family:Cambria,serif\"><span style=\"letter-spacing:-0.5pt\"><b><span style=\"font-size:18.0pt\"><span calibri=\"\" style=\"font-family:\"><span style=\"font-variant:small-caps\">Sustentabilidade<\/span><\/span><\/span><\/b><\/span><\/span><\/span><\/p>\r\n\r\n<p style=\"text-align:justify\"><span style=\"font-size:11pt\"><span style=\"line-height:normal\"><span style=\"font-family:Calibri,sans-serif\"><a href=\"https:\/\/tissueonline.com.br\/kimberly-clark-lanca-linha-de-fraldas-reutilizaveis-no-mercado-brasileiro\/\" style=\"color:blue; text-decoration:underline\"><span style=\"font-size:14.0pt\">Kimberly-Clark lan&ccedil;a linha de fraldas reutiliz&aacute;veis no mercado brasileiro<\/span><\/a><\/span><\/span><\/span><\/p>\r\n\r\n<p style=\"text-align:justify\"><span style=\"font-size:11pt\"><span style=\"line-height:normal\"><span style=\"font-family:Calibri,sans-serif\"><a href=\"https:\/\/www.gironews.com\/lancamentos\/produto-mais-sustentavel-73932\/\" style=\"color:blue; text-decoration:underline\"><span style=\"font-size:14.0pt\">Huggies lan&ccedil;a 1&ordf; fralda reutiliz&aacute;vel de pano<\/span><\/a><\/span><\/span><\/span><\/p>\r\n\r\n<p style=\"text-align:justify\"><span style=\"font-size:11pt\"><span style=\"line-height:normal\"><span style=\"font-family:Calibri,sans-serif\"><a href=\"https:\/\/brasil61.com\/n\/industria-verde-praticas-industriais-alinhadas-a-sustentabilidade-impulsionam-economia-pivd240036\" style=\"color:blue; text-decoration:underline\"><span style=\"font-size:14.0pt\">Ind&uacute;stria Verde: pr&aacute;ticas industriais alinhadas &agrave; sustentabilidade impulsionam economia<\/span><\/a><\/span><\/span><\/span><\/p>\r\n\r\n<p style=\"text-align:justify\"><span style=\"font-size:11pt\"><span style=\"line-height:normal\"><span style=\"font-family:Calibri,sans-serif\"><a href=\"https:\/\/insideevs.uol.com.br\/news\/705753\/brasil-plano-modernizacao-industria-sustentabilidade\/\" style=\"color:blue; text-decoration:underline\"><span style=\"font-size:14.0pt\">Brasil ter&aacute; R$ 300 bi para pol&iacute;tica industrial com foco em sustentabilidade<\/span><\/a><\/span><\/span><\/span><\/p>\r\n\r\n<p style=\"text-align:justify\"><span style=\"font-size:11pt\"><span style=\"line-height:normal\"><span style=\"font-family:Calibri,sans-serif\"><a href=\"https:\/\/www12.senado.leg.br\/radio\/1\/noticia\/2024\/01\/26\/regras-para-economia-circular-do-plastico-voltam-a-ser-discutidas-no-senado\" style=\"color:blue; text-decoration:underline\"><span style=\"font-size:14.0pt\">Regras para economia circular do pl&aacute;stico voltam a ser discutidas no Senado<\/span><\/a><\/span><\/span><\/span><\/p>\r\n\r\n<p style=\"text-align:justify\"><span style=\"font-size:11pt\"><span style=\"line-height:normal\"><span style=\"font-family:Calibri,sans-serif\"><a href=\"https:\/\/cbic.org.br\/governo-apresenta-ao-g20-temas-prioritarios-de-acesso-a-agua-e-saneamento\/\" style=\"color:blue; text-decoration:underline\"><span style=\"font-size:14.0pt\">Governo apresenta temas priorit&aacute;rios de acesso &agrave; &aacute;gua e saneamento ao G20<\/span><\/a><\/span><\/span><\/span><\/p>\r\n\r\n<p style=\"text-align:justify\"><span style=\"font-size:11pt\"><span style=\"line-height:normal\"><span style=\"font-family:Calibri,sans-serif\"><a href=\"https:\/\/plasticosemrevista.com.br\/moratoria-para-reciclagem-quimica-nos-eua\/\" style=\"color:blue; text-decoration:underline\"><span style=\"font-size:14.0pt\">Morat&oacute;ria para reciclagem qu&iacute;mica nos EUA<\/span><\/a><\/span><\/span><\/span><\/p>\r\n\r\n<p style=\"text-align:justify\"><span style=\"font-size:11pt\"><span style=\"line-height:normal\"><span style=\"font-family:Calibri,sans-serif\"><a href=\"https:\/\/www.business-standard.com\/world-news\/gdp-growth-in-most-countries-neither-sustainable-not-inclusive-wef-study-124011700443_1.html\" style=\"color:blue; text-decoration:underline\"><span lang=\"EN-US\" style=\"font-size:14.0pt\">GDP growth in most countries neither sustainable, nor inclusive: WEF study<\/span><\/a><\/span><\/span><\/span><\/p>\r\n\r\n<p style=\"text-align:justify\"><span style=\"font-size:28pt\"><span style=\"font-family:Cambria,serif\"><span style=\"letter-spacing:-0.5pt\"><b><span style=\"font-size:18.0pt\"><span calibri=\"\" style=\"font-family:\"><span style=\"font-variant:small-caps\">Inova&ccedil;&atilde;o<\/span><\/span><\/span><\/b><\/span><\/span><\/span><\/p>\r\n\r\n<p style=\"text-align:justify\"><span style=\"font-size:11pt\"><span style=\"line-height:normal\"><span style=\"font-family:Calibri,sans-serif\"><a href=\"https:\/\/exame.com\/inteligencia-artificial\/governo-lula-anuncia-r-170-milhoes-para-desenvolver-inteligencia-artificial-na-industria\/\" style=\"color:blue; text-decoration:underline\"><span style=\"font-size:14.0pt\">Governo Lula anuncia R$ 170 milh&otilde;es para desenvolver intelig&ecirc;ncia artificial na ind&uacute;stria<\/span><\/a><\/span><\/span><\/span><\/p>\r\n\r\n<p style=\"text-align:justify\"><span style=\"font-size:11pt\"><span style=\"line-height:normal\"><span style=\"font-family:Calibri,sans-serif\"><a href=\"https:\/\/tissueonline.com.br\/plastico-sustentavel-analise-do-ciclo-de-vida-evidencia-reducao-de-impactos-ambientais-gerados-pela-linha-shrink-pcr\/\" style=\"color:blue; text-decoration:underline\"><span style=\"font-size:14.0pt\">Pl&aacute;stico sustent&aacute;vel: an&aacute;lise do ciclo de vida evidencia redu&ccedil;&atilde;o de impactos ambientais gerados pela linha Shrink PCR<\/span><\/a><\/span><\/span><\/span><\/p>\r\n\r\n<p style=\"text-align:justify\"><span style=\"font-size:11pt\"><span style=\"line-height:normal\"><span style=\"font-family:Calibri,sans-serif\"><a href=\"https:\/\/canaltech.com.br\/inovacao\/plantas-de-plastico-geram-energia-eletrica-a-partir-de-vento-e-chuva-276721\/\" style=\"color:blue; text-decoration:underline\"><span style=\"font-size:14.0pt\">Plantas de pl&aacute;stico geram energia el&eacute;trica a partir de vento e chuva<\/span><\/a><\/span><\/span><\/span><\/p>\r\n\r\n<p style=\"text-align:justify\"><span style=\"font-size:11pt\"><span style=\"line-height:normal\"><span style=\"font-family:Calibri,sans-serif\"><a href=\"https:\/\/techxplore.com\/news\/2024-01-qa-combining-origami-techniques-modern.html?utm_source=nwletter&amp;utm_medium=email&amp;utm_campaign=daily-nwletter\" style=\"color:blue; text-decoration:underline\"><span lang=\"EN-US\" style=\"font-size:14.0pt\">Q&amp;A: How combining origami techniques with modern textile science can lead to practical applications<\/span><\/a><\/span><\/span><\/span><\/p>\r\n\r\n<p style=\"text-align:justify\"><span style=\"font-size:28pt\"><span style=\"font-family:Cambria,serif\"><span style=\"letter-spacing:-0.5pt\"><b><span style=\"font-size:18.0pt\"><span calibri=\"\" style=\"font-family:\"><span style=\"font-variant:small-caps\">Com&eacute;rcio Exterior<\/span><\/span><\/span><\/b><\/span><\/span><\/span><\/p>\r\n\r\n<p style=\"text-align:justify\"><span style=\"font-size:11pt\"><span style=\"line-height:normal\"><span style=\"font-family:Calibri,sans-serif\"><a href=\"https:\/\/agenciabrasil.ebc.com.br\/internacional\/noticia\/2024-01\/acordo-comercial-com-uniao-europeia-e-prioridade-do-mercosul\" style=\"color:blue; text-decoration:underline\"><span style=\"font-size:14.0pt\">Acordo comercial com Uni&atilde;o Europeia &eacute; prioridade do Mercosul<\/span><\/a><\/span><\/span><\/span><\/p>\r\n\r\n<p style=\"text-align:justify\"><span style=\"font-size:11pt\"><span style=\"line-height:normal\"><span style=\"font-family:Calibri,sans-serif\"><a href=\"https:\/\/www.moveisdevalor.com.br\/portal\/crise-no-mar-vermelho-preocupa-os-setores-de-moveis-e-colchoes?source=news\" style=\"color:blue; text-decoration:underline\"><span style=\"font-size:14.0pt\">Crise no Mar Vermelho preocupa os setores de m&oacute;veis e colch&otilde;es<\/span><\/a><\/span><\/span><\/span><\/p>\r\n\r\n<p style=\"text-align:justify\"><span style=\"font-size:11pt\"><span style=\"line-height:normal\"><span style=\"font-family:Calibri,sans-serif\"><a href=\"https:\/\/comexdobrasil.com\/em-seis-passos-as-vantagens-que-o-acordo-comercial-brasil-chile-pode-trazer-para-o-seu-negocio\/\" style=\"color:blue; text-decoration:underline\"><span style=\"font-size:14.0pt\">Em seis passos, as vantagens que o acordo comercial Brasil-Chile pode trazer para o seu neg&oacute;cio<\/span><\/a><\/span><\/span><\/span><\/p>\r\n\r\n<p style=\"text-align:justify\"><span style=\"font-size:11pt\"><span style=\"line-height:normal\"><span style=\"font-family:Calibri,sans-serif\"><a href=\"https:\/\/guaiba.com.br\/2024\/01\/25\/abicalcados-adere-a-plataforma-brasil-exportacao\/\" style=\"color:blue; text-decoration:underline\"><span style=\"font-size:14.0pt\">Abical&ccedil;ados adere &agrave; Plataforma Brasil Exporta&ccedil;&atilde;o<\/span><\/a><\/span><\/span><\/span><\/p>\r\n\r\n<p style=\"text-align:justify\"><span style=\"font-size:11pt\"><span style=\"line-height:normal\"><span style=\"font-family:Calibri,sans-serif\"><a href=\"https:\/\/noticias.portaldaindustria.com.br\/noticias\/internacional\/lancamento-do-b20-brasil-abre-agendas-do-g20-em-2024\/\" style=\"color:blue; text-decoration:underline\"><span style=\"font-size:14.0pt\">Lan&ccedil;amento do B20 Brasil abre agendas do G20 em 2024<\/span><\/a><\/span><\/span><\/span><\/p>\r\n\r\n<p style=\"text-align:justify\"><span style=\"font-size:28pt\"><span style=\"font-family:Cambria,serif\"><span style=\"letter-spacing:-0.5pt\"><b><span style=\"font-size:18.0pt\"><span calibri=\"\" style=\"font-family:\"><span style=\"font-variant:small-caps\">Economia<\/span><\/span><\/span><\/b><\/span><\/span><\/span><\/p>\r\n\r\n<p style=\"text-align:justify\"><span style=\"font-size:11pt\"><span style=\"line-height:normal\"><span style=\"font-family:Calibri,sans-serif\"><a href=\"https:\/\/www.bcb.gov.br\/content\/focus\/focus\/R20240126.pdf\" style=\"color:blue; text-decoration:underline\"><span style=\"font-size:14.0pt\">Focus &ndash; Relat&oacute;rio de Mercado<\/span><\/a><\/span><\/span><\/span><\/p>\r\n\r\n<p style=\"text-align:justify\"><span style=\"font-size:11pt\"><span style=\"line-height:normal\"><span style=\"font-family:Calibri,sans-serif\"><a href=\"https:\/\/sovos.com\/pt-br\/blog\/tributos\/inicio-do-programa-de-assessoramento-tecnico-para-implementacao-da-reforma-tributaria\/?mkt_tok=MzM0LUhWTi0yNDkAAAGQ5eazkvbJKZnDauYBCpsAjqPJo7lssgDuBu0qjrmrZZAxamrNwrsHDUU54WarS6XEHLHTbplnUKUhzQFBH5Gjk8ahWkklQPeTokbbY7a0nh0\" style=\"color:blue; text-decoration:underline\"><span style=\"font-size:14.0pt\">In&iacute;cio do Programa de Assessoramento T&eacute;cnico para implementa&ccedil;&atilde;o da Reforma Tribut&aacute;ria<\/span><\/a><\/span><\/span><\/span><\/p>\r\n\r\n<p style=\"text-align:justify\"><span style=\"font-size:11pt\"><span style=\"line-height:normal\"><span style=\"font-family:Calibri,sans-serif\"><a href=\"https:\/\/sovos.com\/pt-br\/blog\/tributos\/efeitos-da-reforma-tributaria-devem-ser-sentidos-a-partir-de-2027\/?mkt_tok=MzM0LUhWTi0yNDkAAAGQ5eazktb65l1QRSB9YiKMSD1Nslsbp9chCD-kaILbxjKuf5DXTq-KDPkoFz9JuqwF4U3XLiKVaqDlAkQqnOjg_PVGQjWdB4wBDH6hTKNzQvU\" style=\"color:blue; text-decoration:underline\"><span style=\"font-size:14.0pt\">Efeitos da reforma tribut&aacute;ria devem ser sentidos a partir de 2027<\/span><\/a><\/span><\/span><\/span><\/p>\r\n\r\n<p style=\"text-align:justify\"><span style=\"font-size:11pt\"><span style=\"line-height:normal\"><span style=\"font-family:Calibri,sans-serif\"><a href=\"https:\/\/www.business-reporter.com\/management\/wef-2024-chief-economists-survey-predicts-global-economic-weakening-in-2024#:~:text=The%20survey%2C%20conducted%20by%20the,economy%20to%20weaken%20in%202024.\" style=\"color:blue; text-decoration:underline\"><span lang=\"EN-US\" style=\"font-size:14.0pt\">WEF 2024 Chief Economists Survey predicts global economic weakening in 2024<\/span><\/a><\/span><\/span><\/span><\/p>\r\n","texto_en":"","7":"","imagem":"COMP_capa-2024-site-boletim-abint-noticias-semanis_20240130143632gEMDJ1a8Ct.jpg","8":"COMP_capa-2024-site-boletim-abint-noticias-semanis_20240130143632gEMDJ1a8Ct.jpg","arquivo":null,"9":null,"titulo_arquivo":"20240130 Boletim ABINT de Not\u00edcias Semanais","10":"20240130 Boletim ABINT de Not\u00edcias Semanais","titulo_arquivo_en":"","11":"","created_at":"2024-01-30 14:36:43","12":"2024-01-30 14:36:43","updated_at":"2024-01-30 14:37:08","13":"2024-01-30 14:37:08"},{"id":98,"0":98,"ordem":125,"1":125,"data":"2024-01-24","2":"2024-01-24","slug":"boletim-abint-de-noticias-semanais-13","3":"boletim-abint-de-noticias-semanais-13","titulo":"Boletim ABINT de Not\u00edcias Semanais","4":"Boletim ABINT de Not\u00edcias Semanais","titulo_en":"","5":"","texto":"<p style=\"text-align:justify\"><span style=\"font-size:11pt\"><span style=\"line-height:normal\"><span style=\"font-family:Calibri,sans-serif\"><span style=\"font-size:14.0pt\">Esta &eacute; uma compila&ccedil;&atilde;o das not&iacute;cias mais relevantes para o setor, incluindo informa&ccedil;&otilde;es sobre acordos internacionais, economia brasileira, sustentabilidade e mat&eacute;rias primas, al&eacute;m de novidades do setor de N&atilde;otecidos e Tecidos T&eacute;cnicos.<\/span><\/span><\/span><\/span><\/p>\r\n\r\n<p style=\"text-align:justify\"><span style=\"font-size:28pt\"><span style=\"font-family:Cambria,serif\"><span style=\"letter-spacing:-0.5pt\"><b><span style=\"font-size:18.0pt\"><span style=\"font-family:&quot;Calibri&quot;,sans-serif\"><span style=\"font-variant:small-caps\">O que vem por a&iacute;<\/span><\/span><\/span><\/b><\/span><\/span><\/span><\/p>\r\n\r\n<p style=\"text-align:justify\"><img src=\"https:\/\/www.abint.org.br\/assets\/img\/editor\/abint-logo-2020-p_20240124114003rgVCXCjBlU.png\" \/><\/p>\r\n\r\n<p style=\"text-align:justify\"><img src=\"https:\/\/www.abint.org.br\/assets\/img\/editor\/post-quadrado-curso-naotecido_202401241141165egwSZx3Ic.jpg\" style=\"width: 600px; height: 600px;\" \/><\/p>\r\n\r\n<h1 style=\"text-align: justify;\"><strong><span style=\"font-size:11pt\"><span style=\"line-height:normal\"><span style=\"font-family:Calibri,sans-serif\"><a href=\"https:\/\/forms.office.com\/r\/5DrqtK5n3Y\" style=\"color:blue; text-decoration:underline\"><span style=\"font-size:14.0pt\">Informa&ccedil;&otilde;es e inscri&ccedil;&otilde;es<\/span><\/a><\/span><\/span><\/span><\/strong><\/h1>\r\n\r\n<p style=\"text-align:justify\"><span style=\"font-size:28pt\"><span style=\"font-family:Cambria,serif\"><span style=\"letter-spacing:-0.5pt\"><b><span style=\"font-size:18.0pt\"><span style=\"font-family:&quot;Calibri&quot;,sans-serif\"><span style=\"font-variant:small-caps\">A&ccedil;&otilde;es realizadas<\/span><\/span><\/span><\/b><\/span><\/span><\/span><\/p>\r\n\r\n<p style=\"text-align:justify\"><img src=\"https:\/\/www.abint.org.br\/assets\/img\/editor\/logo-ctg-abint-png_202401241143327xSjYjROfY.png\" style=\"width: 300px; height: 55px;\" \/><\/p>\r\n\r\n<p style=\"text-align:justify\"><img src=\"https:\/\/www.abint.org.br\/assets\/img\/editor\/20240123-live-ctg-instagram-fernando-e-leo_20240124114412QtqcQsDOjc.jpeg\" style=\"width: 600px; height: 600px;\" \/><\/p>\r\n\r\n<h1 style=\"text-align: justify;\"><span style=\"font-size:11pt\"><span style=\"line-height:normal\"><span style=\"font-family:Calibri,sans-serif\"><b><span style=\"font-size:14.0pt\">Perdeu o 1&ordm; CTG Entrevista de 2024? Voc&ecirc; pode conferir <a href=\"https:\/\/www.instagram.com\/reel\/C2dW7s1p9B2\/?utm_source=ig_web_copy_link&amp;igsh=MzRlODBiNWFlZA==\" style=\"color:blue; text-decoration:underline\">AQUI<\/a><\/span><\/b> <\/span><\/span><\/span><\/h1>\r\n\r\n<p class=\"MsoTitle\" style=\"text-align:justify\"><span style=\"font-size:28pt\"><span style=\"font-family:Cambria,serif\"><span style=\"letter-spacing:-0.5pt\"><b><span style=\"font-size:18.0pt\"><span style=\"font-family:&quot;Calibri&quot;,sans-serif\"><span style=\"font-variant:small-caps\">Not&iacute;cias das Associadas<\/span><\/span><\/span><\/b><\/span><\/span><\/span><\/p>\r\n\r\n<p style=\"text-align:justify\"><span style=\"font-size:11pt\"><span style=\"line-height:normal\"><span style=\"font-family:Calibri,sans-serif\"><a href=\"https:\/\/diariodocomercio.com.br\/eventos\/evento\/feira-colombiana-tera-22-empresas-brasileiras\/#gref\" style=\"color:blue; text-decoration:underline\"><span style=\"font-size:14.0pt\">Fibertex: Empresas brasileiras estar&atilde;o em feira colombiana de componentes e cal&ccedil;ados<\/span><\/a><\/span><\/span><\/span><\/p>\r\n\r\n<p style=\"text-align:justify\"><span style=\"font-size:11pt\"><span style=\"line-height:normal\"><span style=\"font-family:Calibri,sans-serif\"><a href=\"https:\/\/interplasinsights.com\/plastics-materials\/automotive-plastics-materials-news\/freudenberg%C2%A0develops-extremely-temperature-resistant-plastic\/\" style=\"color:blue; text-decoration:underline\"><span lang=\"EN-US\" style=\"font-size:14.0pt\">Freudenberg Develops Extremely Temperature-Resistant Plastics for Electric Cars<\/span><\/a><\/span><\/span><\/span><\/p>\r\n\r\n<p style=\"text-align:justify\"><span style=\"font-size:11pt\"><span style=\"line-height:normal\"><span style=\"font-family:Calibri,sans-serif\"><a href=\"https:\/\/www.nonwovens-industry.com\/contents\/view_breaking-news\/2024-01-16\/trutzschler-offers-next-generation-carding-technology?utm_campaign=NON+eNewsletter&amp;utm_medium=email&amp;_hsmi=290526627&amp;_hsenc=p2ANqtz-9vNCRxvtOfpgJebqC5-CsrWJf6FbYMrW5EzoZLovU1LBAtRYzap5CThixSnR_UlKgIWz7NIYk5vA3BIO82zWSjcXi6cw&amp;utm_content=290526627&amp;utm_source=hs_email\" style=\"color:blue; text-decoration:underline\"><span lang=\"EN-US\" style=\"font-size:14.0pt\">Tr&uuml;tzschler Offers Next Generation Carding Technology<\/span><\/a><\/span><\/span><\/span><\/p>\r\n\r\n<p style=\"text-align:justify\">&nbsp;<\/p>\r\n\r\n<p style=\"text-align:justify\"><span style=\"font-size:11pt\"><span style=\"line-height:normal\"><span style=\"font-family:Calibri,sans-serif\"><b><span style=\"font-size:18.0pt\"><span style=\"font-variant:small-caps\">Eventos<\/span><\/span><\/b><\/span><\/span><\/span><\/p>\r\n\r\n<p style=\"text-align:justify\">&nbsp;<\/p>\r\n\r\n<p style=\"text-align:justify\"><span style=\"font-size:11pt\"><span style=\"line-height:normal\"><span style=\"font-family:Calibri,sans-serif\"><b><span style=\"font-size:14.0pt\">EDANA | MENA Nonwovens Conference&trade; 2024<\/span><\/b><span class=\"MsoHyperlink\" style=\"color:blue\"><span style=\"text-decoration:underline\"><span style=\"font-size:14.0pt\"><span style=\"text-decoration:none\"><span style=\"text-underline:none\">, 24&ndash;25 January 2024, Jumeirah Beach Hotel, Dubai. <\/span><\/span><\/span><\/span><\/span><a href=\"https:\/\/edana.idloom.events\/mena-nonwovens?ct=t%28OutAsia+31+Oct+Call+for+papers_COPY_01%29&amp;mc_cid=fca68e0df5&amp;mc_eid=08e0eae351\" style=\"color:blue; text-decoration:underline\"><span style=\"font-size:14.0pt\">Information here<\/span><\/a> <\/span><\/span><\/span><\/p>\r\n\r\n<p style=\"text-align:justify\"><span style=\"font-size:11pt\"><span style=\"line-height:normal\"><span style=\"font-family:Calibri,sans-serif\"><b><span style=\"font-size:14.0pt\">Etiquetagem de t&ecirc;xtil com &ecirc;nfase na norma ABNT NBR MM 3758:2013<\/span><\/b><span class=\"MsoHyperlink\" style=\"color:blue\"><span style=\"text-decoration:underline\"><span style=\"font-size:14.0pt\"><span style=\"text-decoration:none\"><span style=\"text-underline:none\">, 05 e 06 de fevereiro de 2024 (e mais 3 turmas). <\/span><\/span><\/span><\/span><\/span><a href=\"https:\/\/api.whatsapp.com\/send?phone=551130173680\" style=\"color:blue; text-decoration:underline\"><span style=\"font-size:14.0pt\">Informa&ccedil;&otilde;es aqui<\/span><\/a> <\/span><\/span><\/span><\/p>\r\n\r\n<p style=\"text-align:justify\"><span style=\"font-size:11pt\"><span style=\"line-height:normal\"><span style=\"font-family:Calibri,sans-serif\"><b><span style=\"font-size:14.0pt\">AESabesp &amp; Ecoclass | Curso: Introdu&ccedil;&atilde;o aos ODS: Diretrizes da Organiza&ccedil;&atilde;o Mundial da Sa&uacute;de<\/span><\/b><span class=\"MsoHyperlink\" style=\"color:blue\"><span style=\"text-decoration:underline\"><span style=\"font-size:14.0pt\"><span style=\"text-decoration:none\"><span style=\"text-underline:none\">, 14 e 15 de fevereiro de 2024, das 19h00 &agrave;s 21h30, online. <\/span><\/span><\/span><\/span><\/span><a href=\"https:\/\/ecoclass.eco.br\/curso\/introducao-aos-ods-diretrizes-da-organizacao-mundial-da-saude\/\" style=\"color:blue; text-decoration:underline\"><span style=\"font-size:14.0pt\">Informa&ccedil;&otilde;es<\/span><\/a> <\/span><\/span><\/span><\/p>\r\n\r\n<p style=\"text-align:justify\"><span style=\"font-size:11pt\"><span style=\"line-height:normal\"><span style=\"font-family:Calibri,sans-serif\"><b><span style=\"font-size:14.0pt\">GEOAMERICAS 2024, <\/span><\/b><span style=\"font-size:14.0pt\">de 28 de abril a 01 de maio de 2024, em Toronto (Canad&aacute;). <\/span><a href=\"https:\/\/www.geoamericas2024.org\/\" style=\"color:blue; text-decoration:underline\"><span style=\"font-size:14.0pt\">Informa&ccedil;&otilde;es aqui.<\/span><\/a><\/span><\/span><\/span><\/p>\r\n\r\n<p style=\"text-align:justify\"><span style=\"font-size:11pt\"><span style=\"line-height:normal\"><span style=\"font-family:Calibri,sans-serif\"><b><span style=\"font-size:14.0pt\">II Congresso Ibero-Americano de Esteriliza&ccedil;&atilde;o e II Congresso Nacional de Reprocessamento de Dispositivos M&eacute;dicos<\/span><\/b><span style=\"font-size:14.0pt\">, 16 a 18 de maio de 2024, Cartagena, Colombia<b>. <\/b><\/span><a href=\"http:\/\/nascecme.com.br\/ii-congresso-ibero-americano-de-esterilizacao-e-ii-congresso-nacional-de-reprocessamento-de-dispositivos-medicos\/\" style=\"color:blue; text-decoration:underline\"><span lang=\"EN-US\" style=\"font-size:14.0pt\">Informa&ccedil;&otilde;es<\/span><\/a><span style=\"font-size:14.0pt\"> <\/span><\/span><\/span><\/span><\/p>\r\n\r\n<p style=\"text-align:justify\"><span style=\"font-size:11pt\"><span style=\"line-height:normal\"><span style=\"font-family:Calibri,sans-serif\"><b><span lang=\"EN-US\" style=\"font-size:14.0pt\">ANEX 2024 | Asia Nonwoven Exhibition and Conference<\/span><\/b><span lang=\"EN-US\" style=\"font-size:14.0pt\">, 22-24 May 2024, Taipei Nangang Exhibition Center, Hall 1. <\/span><a href=\"https:\/\/www.anex2024.com\/\" style=\"color:blue; text-decoration:underline\"><span lang=\"EN-US\" style=\"font-size:14.0pt\">Information here<\/span><\/a> <\/span><\/span><\/span><\/p>\r\n\r\n<p style=\"text-align:justify\"><span style=\"font-size:11pt\"><span style=\"line-height:normal\"><span style=\"font-family:Calibri,sans-serif\"><b><span lang=\"EN-US\" style=\"font-size:14.0pt\">The EDANA Innovation Forum<\/span><\/b><span class=\"MsoHyperlink\" style=\"color:blue\"><span style=\"text-decoration:underline\"><span lang=\"EN-US\" style=\"font-size:14.0pt\"><span style=\"text-decoration:none\"><span style=\"text-underline:none\">, 04 - 06 June 2024, Munich. <\/span><\/span><\/span><\/span><\/span><a href=\"https:\/\/www.edana.org\/events\/edana-innovation-forum-?ct=t(MENA_2018_call_for_papers6_28_2017_COPY_01)&amp;mc_cid=27efeab42f&amp;mc_eid=08e0eae351\" style=\"color:blue; text-decoration:underline\"><span lang=\"EN-US\" style=\"font-size:14.0pt\">Information here<\/span><\/a><\/span><\/span><\/span><\/p>\r\n\r\n<p style=\"text-align:justify\">&nbsp;<\/p>\r\n\r\n<p style=\"text-align:justify\"><span style=\"font-size:11pt\"><span style=\"line-height:normal\"><span style=\"font-family:Calibri,sans-serif\"><b><span lang=\"EN-US\" style=\"font-size:14.0pt\">HIGITEX 2024 | International Technical Textiles &amp; Nonwoven Exhibition<\/span><\/b><span lang=\"EN-US\" style=\"font-size:14.0pt\">, 4-8 June 2024, T&uuml;yap Fair Convention and Congress Center, T&uuml;rkiye. <\/span><a href=\"https:\/\/www.hightex.com.tr\/\" style=\"color:blue; text-decoration:underline\"><span style=\"font-size:14.0pt\">Information here<\/span><\/a> <\/span><\/span><\/span><\/p>\r\n\r\n<p style=\"text-align:justify\"><span style=\"font-size:11pt\"><span style=\"line-height:normal\"><span style=\"font-family:Calibri,sans-serif\"><b><span style=\"font-size:14.0pt\">FEIPLAR COMPOSITES &amp; FEIPUR &ndash; Feira e Congresso Internacionais de Composites, Poliuretano, Pl&aacute;sticos de Engenharia e Compostos Termopl&aacute;sticos<\/span><\/b><span style=\"font-size:14.0pt\">, 20 a 22 de agosto de 2024, S&atilde;o Paulo Expo (Pavilh&atilde;o 5), palestras: das 8h30 &agrave;s 18h, feira: das 13h &agrave;s 20h.<b> <\/b><\/span><a href=\"http:\/\/www.feiplar.com\" style=\"color:blue; text-decoration:underline\"><span lang=\"EN-US\" style=\"font-size:14.0pt\">www.feiplar.com<\/span><\/a> <\/span><\/span><\/span><\/p>\r\n\r\n<p style=\"text-align:justify\"><span style=\"font-size:11pt\"><span style=\"line-height:normal\"><span style=\"font-family:Calibri,sans-serif\"><b><span style=\"font-size:14.0pt\">Fenasan 2024 &ndash; Feira Nacional de Saneamento e Meio Ambiente<\/span><\/b><span style=\"font-size:14.0pt\">, 22 a 24 de outubro de 2024, Pavilh&otilde;es Verde e Vermelho, Expo Center Norte, S&atilde;o Paulo SP. <\/span><a href=\"http:\/\/www.fenasan.com.br\" style=\"color:blue; text-decoration:underline\"><span style=\"font-size:14.0pt\">www.fenasan.com.br<\/span><\/a> <\/span><\/span><\/span><\/p>\r\n\r\n<p style=\"text-align:justify\"><span style=\"font-size:11pt\"><span style=\"line-height:normal\"><span style=\"font-family:Calibri,sans-serif\"><b><span style=\"font-size:14.0pt\">HospitalMed 2024<\/span><\/b><span style=\"font-size:14.0pt\">, 23 a 25 de outubro, das 14h &agrave;s 20h, no Pernambuco Centro de Conven&ccedil;&otilde;es. <\/span><a href=\"http:\/\/www.hospitalmed.com.br\" style=\"color:blue; text-decoration:underline\"><span lang=\"EN-US\" style=\"font-size:14.0pt\">www.hospitalmed.com.br<\/span><\/a> <\/span><\/span><\/span><\/p>\r\n\r\n<p style=\"text-align:justify\"><span style=\"font-size:28pt\"><span style=\"font-family:Cambria,serif\"><span style=\"letter-spacing:-0.5pt\"><b><span lang=\"EN-US\" style=\"font-size:18.0pt\"><span style=\"font-family:&quot;Calibri&quot;,sans-serif\"><span style=\"font-variant:small-caps\">Setor<\/span><\/span><\/span><\/b><\/span><\/span><\/span><\/p>\r\n\r\n<p style=\"text-align:justify\"><span style=\"font-size:11pt\"><span style=\"line-height:normal\"><span style=\"font-family:Calibri,sans-serif\"><a href=\"https:\/\/www.nonwovens-industry.com\/contents\/view_features\/2023-12-21\/what-is-inda-doing-to-support-the-industry-in-2024-moving-forward?utm_campaign=NON+eNewsletter&amp;utm_medium=email&amp;_hsmi=287500417&amp;_hsenc=p2ANqtz-_PqOBSb2rCcBotC51hLKaRNpbry4xwSoXxSw_Ul21DrhlwNT3pPeTZQOgV0ZTgc2_ep2KGk8BV3VRWoQascyKmcuZT3w&amp;utm_content=287500417&amp;utm_source=hs_email\" style=\"color:blue; text-decoration:underline\"><span lang=\"EN-US\" style=\"font-size:14.0pt\">What is INDA Doing to Support the Industry in 2024 Moving Forward?<\/span><\/a><\/span><\/span><\/span><\/p>\r\n\r\n<p style=\"text-align:justify\"><span style=\"font-size:11pt\"><span style=\"line-height:normal\"><span style=\"font-family:Calibri,sans-serif\"><a href=\"https:\/\/www.ecommercebrasil.com.br\/artigos\/o-que-nao-te-falaram-sobre-a-expansao-internacional-uma-visao-profunda\" style=\"color:blue; text-decoration:underline\"><span style=\"font-size:14.0pt\">ABIT: O que n&atilde;o te falaram sobre a expans&atilde;o internacional: uma vis&atilde;o profunda<\/span><\/a><\/span><\/span><\/span><\/p>\r\n\r\n<p style=\"text-align:justify\"><span style=\"font-size:11pt\"><span style=\"line-height:normal\"><span style=\"font-family:Calibri,sans-serif\"><a href=\"http:\/\/nascecme.com.br\/reuniao-abraidi-desregulamentacao-da-embalagem-como-produto-para-a-saude\/\" style=\"color:blue; text-decoration:underline\"><span style=\"font-size:14.0pt\">Desregulamenta&ccedil;&atilde;o da embalagem como produto para a sa&uacute;de<\/span><\/a><\/span><\/span><\/span><\/p>\r\n\r\n<p style=\"text-align:justify\"><span style=\"font-size:11pt\"><span style=\"line-height:normal\"><span style=\"font-family:Calibri,sans-serif\"><a href=\"https:\/\/plasticosemrevista.com.br\/escalada-das-importacoes-brasileiras-de-resinas-commodities\/\" style=\"color:blue; text-decoration:underline\"><span style=\"font-size:14.0pt\">Escalada das importa&ccedil;&otilde;es brasileiras de resinas commodities<\/span><\/a><\/span><\/span><\/span><\/p>\r\n\r\n<p style=\"text-align:justify\"><span style=\"font-size:11pt\"><span style=\"line-height:normal\"><span style=\"font-family:Calibri,sans-serif\"><a href=\"https:\/\/plasticosemrevista.com.br\/pp-o-risco-da-dependencia-excessiva-de-um-unico-cliente\/\" style=\"color:blue; text-decoration:underline\"><span style=\"font-size:14.0pt\">PP: o risco da depend&ecirc;ncia excessiva de um &uacute;nico cliente<\/span><\/a><\/span><\/span><\/span><\/p>\r\n\r\n<p style=\"text-align:justify\"><span style=\"font-size:11pt\"><span style=\"line-height:normal\"><span style=\"font-family:Calibri,sans-serif\"><a href=\"https:\/\/exclusivo.com.br\/_conteudo\/negocios\/2024\/01\/17\/importacoes-de-calcados-aumentaram-no-brasil-em-2023-alta-de-20--em-valor.html\" style=\"color:blue; text-decoration:underline\"><span style=\"font-size:14.0pt\">Importa&ccedil;&otilde;es de cal&ccedil;ados aumentaram no Brasil em 2023; alta de 20% em valor<\/span><\/a> <\/span><\/span><\/span><\/p>\r\n\r\n<p style=\"text-align:justify\"><span style=\"font-size:11pt\"><span style=\"line-height:normal\"><span style=\"font-family:Calibri,sans-serif\"><a href=\"https:\/\/www.gov.br\/saude\/pt-br\/assuntos\/noticias\/2024\/janeiro\/ministerio-da-saude-disponibiliza-absorventes-pelo-farmacia-popular\" style=\"color:blue; text-decoration:underline\"><span style=\"font-size:14.0pt\">Minist&eacute;rio da Sa&uacute;de disponibiliza absorventes pelo Farm&aacute;cia Popular<\/span><\/a><\/span><\/span><\/span><\/p>\r\n\r\n<p style=\"text-align:justify\"><span style=\"font-size:11pt\"><span style=\"line-height:normal\"><span style=\"font-family:Calibri,sans-serif\"><a href=\"https:\/\/www.nonwovens-industry.com\/contents\/view_breaking-news\/2023-12-15\/study-assesses-menstrual-care-choice-by-demographics?utm_campaign=NON+eNewsletter&amp;utm_medium=email&amp;_hsmi=287500417&amp;_hsenc=p2ANqtz-8JzIqKxnBcJPS0fNr3pM_9Dew7dH7S5hwBHhnpEnHoY7EoDhO_miVTPX0LzVU8DTesMYDThYqid9nWgstUIkm2q9gB2g&amp;utm_content=287500417&amp;utm_source=hs_email\" style=\"color:blue; text-decoration:underline\"><span lang=\"EN-US\" style=\"font-size:14.0pt\">Study Assesses Menstrual Care Choice By Demographics<\/span><\/a><\/span><\/span><\/span><\/p>\r\n\r\n<p style=\"text-align:justify\"><span style=\"font-size:11pt\"><span style=\"line-height:normal\"><span style=\"font-family:Calibri,sans-serif\"><a href=\"https:\/\/mercadoeconsumo.com.br\/17\/01\/2024\/noticias-varejo\/kimberly-clark-dona-da-huggies-e-intimus-investe-r-500-mi-no-brasil-em-expansao\/?cn-reloaded=1\" style=\"color:blue; text-decoration:underline\"><span style=\"font-size:14.0pt\">Kimberly-Clark, dona da Huggies e Intimus, investe R$ 500 mi no Brasil em expans&atilde;o<\/span><\/a><\/span><\/span><\/span><\/p>\r\n\r\n<p style=\"text-align:justify\"><span style=\"font-size:11pt\"><span style=\"line-height:normal\"><span style=\"font-family:Calibri,sans-serif\"><a href=\"https:\/\/www.meiofiltrante.com.br\/Noticia\/117559\/filtros-hepa-sao-aliados-para-prevenir-crises-alergicas\" style=\"color:blue; text-decoration:underline\"><span style=\"font-size:14.0pt\">Filtros HEPA s&atilde;o aliados para prevenir crises al&eacute;rgicas<\/span><\/a><\/span><\/span><\/span><\/p>\r\n\r\n<p style=\"text-align:justify\"><span style=\"font-size:11pt\"><span style=\"line-height:normal\"><span style=\"font-family:Calibri,sans-serif\"><a href=\"https:\/\/www.infomoney.com.br\/mercados\/braskem-brkm5-fecha-acordo-com-a-shell-para-produzir-polipropileno-na-alemanha\/\" style=\"color:blue; text-decoration:underline\"><span style=\"font-size:14.0pt\">Braskem (BRKM5) fecha acordo com a Shell para produzir polipropileno na Alemanha<\/span><\/a><\/span><\/span><\/span><\/p>\r\n\r\n<p style=\"text-align:justify\"><span style=\"font-size:11pt\"><span style=\"line-height:normal\"><span style=\"font-family:Calibri,sans-serif\"><a href=\"https:\/\/blogdoplastico.wordpress.com\/2024\/01\/16\/messe-dusseldorf-inicia-inscricao-de-expositores-para-a-k-2025\/\" style=\"color:blue; text-decoration:underline\"><span style=\"font-size:14.0pt\">Messe D&uuml;sseldorf inicia inscri&ccedil;&atilde;o de expositores para a K 2025<\/span><\/a><\/span><\/span><\/span><\/p>\r\n\r\n<p style=\"text-align:justify\"><span style=\"font-size:11pt\"><span style=\"line-height:normal\"><span style=\"font-family:Calibri,sans-serif\"><a href=\"https:\/\/exclusivo.com.br\/_conteudo\/negocios\/2024\/01\/16\/premio-lancamentos-fimec-abre-periodo-de-inscricoes.html\" style=\"color:blue; text-decoration:underline\"><span style=\"font-size:14.0pt\">Pr&ecirc;mio Lan&ccedil;amentos Fimec abre per&iacute;odo de inscri&ccedil;&otilde;es<\/span><\/a><\/span><\/span><\/span><\/p>\r\n\r\n<p style=\"text-align:justify\"><span style=\"font-size:28pt\"><span style=\"font-family:Cambria,serif\"><span style=\"letter-spacing:-0.5pt\"><b><span style=\"font-size:18.0pt\"><span style=\"font-family:&quot;Calibri&quot;,sans-serif\"><span style=\"font-variant:small-caps\">Ind&uacute;stria<\/span><\/span><\/span><\/b><\/span><\/span><\/span><\/p>\r\n\r\n<p style=\"text-align:justify\"><span style=\"font-size:11pt\"><span style=\"line-height:normal\"><span style=\"font-family:Calibri,sans-serif\"><a href=\"https:\/\/mercadoeconsumo.com.br\/23\/01\/2024\/nrf-retails-big-show\/bomba-relogio-demografica-vai-liderar-a-transformacao-mundial-de-consumobomba-relogio-demografica-vai-liderar-transformacao-mundial-de-consumo\/?utm_campaign=news_2301_-_geral&amp;utm_medium=email&amp;utm_source=RD+Station\" style=\"color:blue; text-decoration:underline\"><span style=\"font-size:14.0pt\">Bomba-rel&oacute;gio demogr&aacute;fica vai liderar a transforma&ccedil;&atilde;o mundial de consumo<\/span><\/a><\/span><\/span><\/span><\/p>\r\n\r\n<p style=\"text-align:justify\"><span style=\"font-size:11pt\"><span style=\"line-height:normal\"><span style=\"font-family:Calibri,sans-serif\"><a href=\"https:\/\/ibre.fgv.br\/blog-da-conjuntura-economica\/artigos\/nova-politica-industrial-foco-nos-meios-mas-fins-sao-genericos\" style=\"color:blue; text-decoration:underline\"><span style=\"font-size:14.0pt\">Nova pol&iacute;tica industrial: foco nos meios, mas fins s&atilde;o gen&eacute;ricos<\/span><\/a><\/span><\/span><\/span><\/p>\r\n\r\n<p style=\"text-align:justify\"><span style=\"font-size:11pt\"><span style=\"line-height:normal\"><span style=\"font-family:Calibri,sans-serif\"><a href=\"https:\/\/epbr.com.br\/politica-industrial-de-lula-3-prioriza-eletrificacao-e-biocombustiveis-no-transporte\/?utm_source=newsletters+epbr&amp;utm_campaign=e72a5bc6f7-epbr-comece-seu-dia_20230724_COPY_01&amp;utm_medium=email&amp;utm_term=0_5931171aac-e72a5bc6f7-466362780\" style=\"color:blue; text-decoration:underline\"><span style=\"font-size:14.0pt\">Pol&iacute;tica industrial de Lula 3 prioriza eletrifica&ccedil;&atilde;o e biocombust&iacute;veis no transporte<\/span><\/a><\/span><\/span><\/span><\/p>\r\n\r\n<p style=\"text-align:justify\"><span style=\"font-size:11pt\"><span style=\"line-height:normal\"><span style=\"font-family:Calibri,sans-serif\"><a href=\"https:\/\/portalibre.fgv.br\/noticias\/industria-de-transformacao-e-sua-contribuicao-para-o-superavit-da-balanca-comercial\" style=\"color:blue; text-decoration:underline\"><span style=\"font-size:14.0pt\">A ind&uacute;stria de transforma&ccedil;&atilde;o e sua contribui&ccedil;&atilde;o para o super&aacute;vit da balan&ccedil;a comercial<\/span><\/a><\/span><\/span><\/span><\/p>\r\n\r\n<p style=\"text-align:justify\"><span style=\"font-size:11pt\"><span style=\"line-height:normal\"><span style=\"font-family:Calibri,sans-serif\"><a href=\"https:\/\/www.progresso.com.br\/brasil\/processos-ineficientes-impedem-638-das-industrias-de-aumentar-a\/415092\/\" style=\"color:blue; text-decoration:underline\"><span style=\"font-size:14.0pt\">Processos ineficientes impedem 63,8% das ind&uacute;strias de aumentar a produtividade, diz estudo<\/span><\/a><\/span><\/span><\/span><\/p>\r\n\r\n<p style=\"text-align:justify\"><span style=\"font-size:11pt\"><span style=\"line-height:normal\"><span style=\"font-family:Calibri,sans-serif\"><a href=\"https:\/\/noticias.portaldaindustria.com.br\/noticias\/economia\/industria-inicia-2024-mais-otimista-aponta-pesquisa-da-cni\/\" style=\"color:blue; text-decoration:underline\"><span style=\"font-size:14.0pt\">Ind&uacute;stria inicia 2024 mais otimista, aponta pesquisa da CNI<\/span><\/a><\/span><\/span><\/span><\/p>\r\n\r\n<p style=\"text-align:justify\"><span style=\"font-size:11pt\"><span style=\"line-height:normal\"><span style=\"font-family:Calibri,sans-serif\"><a href=\"https:\/\/grandesconstrucoes.com.br\/Noticias\/Exibir\/antt-e-ministerio-dos-transportes-anunciam-aumento-de-concessoes-para-2024?utm_source=akna&amp;utm_medium=email&amp;utm_campaign=Grandes-Construcoes-Informativo-895-18-01-2024&amp;utm_source=akna&amp;utm_medium=email&amp;utm_campaign=Grandes-Construcoes-Informativo-895-18-01-2024\" style=\"color:blue; text-decoration:underline\"><span style=\"font-size:14.0pt\">ANTT e Minist&eacute;rio dos Transportes anunciam aumento de concess&otilde;es para 2024<\/span><\/a><\/span><\/span><\/span><\/p>\r\n\r\n<p style=\"text-align:justify\"><span style=\"font-size:11pt\"><span style=\"line-height:normal\"><span style=\"font-family:Calibri,sans-serif\"><a href=\"https:\/\/grandesconstrucoes.com.br\/Noticias\/Exibir\/governo-quer-concessoes-de-ferrovias-para-ampliar-transporte-de-passageiros?utm_source=akna&amp;utm_medium=email&amp;utm_campaign=Grandes-Construcoes-Informativo-895-18-01-2024&amp;utm_source=akna&amp;utm_medium=email&amp;utm_campaign=Grandes-Construcoes-Informativo-895-18-01-2024\" style=\"color:blue; text-decoration:underline\"><span style=\"font-size:14.0pt\">Governo quer concess&otilde;es de ferrovias para ampliar transporte de passageiros<\/span><\/a><\/span><\/span><\/span><\/p>\r\n\r\n<p style=\"text-align:justify\"><span style=\"font-size:11pt\"><span style=\"line-height:normal\"><span style=\"font-family:Calibri,sans-serif\"><a href=\"https:\/\/www.itatiaia.com.br\/politica\/2024\/01\/18\/entidades-da-industria-e-do-setor-de-servicos-acionam-stf-contra-isencao-do-imposto-de-importacao-para-compras-online#amp_tf=De%20%251%24s&amp;aoh=17056307580069&amp;csi=0&amp;referrer=https%3A%2F%2Fwww.google.com&amp;ampshare=https%3A%2F%2Fwww.itatiaia.com.br%2Fpolitica%2F2024%2F01%2F18%2Fentidades-da-industria-e-do-setor-de-servicos-acionam-stf-contra-isencao-do-imposto-de-importacao-para-compras-online\" style=\"color:blue; text-decoration:underline\"><span style=\"font-size:14.0pt\">Entidades da ind&uacute;stria e do setor de servi&ccedil;os acionam STF contra isen&ccedil;&atilde;o do imposto de importa&ccedil;&atilde;o para compras online<\/span><\/a><\/span><\/span><\/span><\/p>\r\n\r\n<p style=\"text-align:justify\"><span style=\"font-size:28pt\"><span style=\"font-family:Cambria,serif\"><span style=\"letter-spacing:-0.5pt\"><b><span style=\"font-size:18.0pt\"><span style=\"font-family:&quot;Calibri&quot;,sans-serif\"><span style=\"font-variant:small-caps\">Sustentabilidade<\/span><\/span><\/span><\/b><\/span><\/span><\/span><\/p>\r\n\r\n<p style=\"text-align:justify\"><span style=\"font-size:11pt\"><span style=\"line-height:normal\"><span style=\"font-family:Calibri,sans-serif\"><a href=\"https:\/\/blogdoplastico.wordpress.com\/2024\/01\/16\/industria-de-higiene-pessoal-cosmeticos-e-limpeza-domestica-consumiu-152-mil-toneladas-de-plastico-reciclado-em-2022\/\" style=\"color:blue; text-decoration:underline\"><span style=\"font-size:14.0pt\">Ind&uacute;stria de higiene pessoal, cosm&eacute;ticos e limpeza dom&eacute;stica consumiu 152 mil toneladas de pl&aacute;stico reciclado em 2022<\/span><\/a><\/span><\/span><\/span><\/p>\r\n\r\n<p style=\"text-align:justify\"><span style=\"font-size:11pt\"><span style=\"line-height:normal\"><span style=\"font-family:Calibri,sans-serif\"><a href=\"https:\/\/www.meiofiltrante.com.br\/Noticia\/117552\/filtros-e-catalizadores-para-evitar-e-reduzir-a-poluicao\" style=\"color:blue; text-decoration:underline\"><span style=\"font-size:14.0pt\">Filtros e Catalizadores para evitar e reduzir a polui&ccedil;&atilde;o<\/span><\/a><\/span><\/span><\/span><\/p>\r\n\r\n<p style=\"text-align:justify\"><span style=\"font-size:11pt\"><span style=\"line-height:normal\"><span style=\"font-family:Calibri,sans-serif\"><a href=\"https:\/\/www.meiofiltrante.com.br\/Noticia\/117529\/filtros-manga-manutencao-iot-e-controle-de-poluicao\" style=\"color:blue; text-decoration:underline\"><span style=\"font-size:14.0pt\">Filtros manga: manuten&ccedil;&atilde;o, IoT e controle de polui&ccedil;&atilde;o<\/span><\/a><\/span><\/span><\/span><\/p>\r\n\r\n<p style=\"text-align:justify\"><span style=\"font-size:11pt\"><span style=\"line-height:normal\"><span style=\"font-family:Calibri,sans-serif\"><a href=\"https:\/\/saude.abril.com.br\/ecossistema\/falsos-plasticos-biodegradaveis-sao-vendidos-no-pais\/\" style=\"color:blue; text-decoration:underline\"><span style=\"font-size:14.0pt\">Falsos pl&aacute;sticos biodegrad&aacute;veis s&atilde;o vendidos no pa&iacute;s<\/span><\/a> <\/span><\/span><\/span><\/p>\r\n\r\n<p style=\"text-align:justify\"><span style=\"font-size:11pt\"><span style=\"line-height:normal\"><span style=\"font-family:Calibri,sans-serif\"><a href=\"https:\/\/cbic.org.br\/lancamento-do-pro-saneamento-fortalece-regulacao-do-saneamento-basico\/\" style=\"color:blue; text-decoration:underline\"><span style=\"font-size:14.0pt\">Lan&ccedil;amento do Pr&oacute;-Saneamento fortalece regula&ccedil;&atilde;o do saneamento b&aacute;sico<\/span><\/a><\/span><\/span><\/span><\/p>\r\n\r\n<p style=\"text-align:justify\"><span style=\"font-size:28pt\"><span style=\"font-family:Cambria,serif\"><span style=\"letter-spacing:-0.5pt\"><b><span style=\"font-size:18.0pt\"><span style=\"font-family:&quot;Calibri&quot;,sans-serif\"><span style=\"font-variant:small-caps\">Inova&ccedil;&atilde;o<\/span><\/span><\/span><\/b><\/span><\/span><\/span><\/p>\r\n\r\n<p style=\"text-align:justify\"><span style=\"font-size:11pt\"><span style=\"line-height:normal\"><span style=\"font-family:Calibri,sans-serif\"><a href=\"https:\/\/grafittinews.com.br\/projeto-da-ufes-busca-transformar-a-garrafa-pet-em-novos-produtos\/\" style=\"color:blue; text-decoration:underline\"><span style=\"font-size:14.0pt\">Projeto da Ufes busca transformar a garrafa PET em novos produtos<\/span><\/a><\/span><\/span><\/span><\/p>\r\n\r\n<p style=\"text-align:justify\"><span style=\"font-size:11pt\"><span style=\"line-height:normal\"><span style=\"font-family:Calibri,sans-serif\"><a href=\"https:\/\/guaiba.com.br\/2024\/01\/19\/aplicacao-de-fios-de-garrafas-plasticas-recicladas-e-atracao-no-inspiramais\/\" style=\"color:blue; text-decoration:underline\"><span style=\"font-size:14.0pt\">Aplica&ccedil;&atilde;o de fios de garrafas plasticas recicladas &eacute; atra&ccedil;&atilde;o do Inspiramais<\/span><\/a><\/span><\/span><\/span><\/p>\r\n\r\n<p style=\"text-align:justify\"><span style=\"font-size:11pt\"><span style=\"line-height:normal\"><span style=\"font-family:Calibri,sans-serif\"><a href=\"https:\/\/www.innovationintextiles.com\/research-development-education\/turning-co2-into-nanofibres\/\" style=\"color:blue; text-decoration:underline\"><span lang=\"EN-US\" style=\"font-size:14.0pt\">Turning CO2 into nanofibres<\/span><\/a><\/span><\/span><\/span><\/p>\r\n\r\n<p style=\"text-align:justify\"><span style=\"font-size:11pt\"><span style=\"line-height:normal\"><span style=\"font-family:Calibri,sans-serif\"><a href=\"https:\/\/www.technicaltextile.net\/news\/indian-govt-announces-technical-textiles-hackathon-under-bharat-tex-292369.html\" style=\"color:blue; text-decoration:underline\"><span lang=\"EN-US\" style=\"font-size:14.0pt\">Indian govt announces technical textiles Hackathon under Bharat Tex<\/span><\/a><\/span><\/span><\/span><\/p>\r\n\r\n<p style=\"text-align:justify\"><span style=\"font-size:28pt\"><span style=\"font-family:Cambria,serif\"><span style=\"letter-spacing:-0.5pt\"><b><span style=\"font-size:18.0pt\"><span style=\"font-family:&quot;Calibri&quot;,sans-serif\"><span style=\"font-variant:small-caps\">Com&eacute;rcio Exterior<\/span><\/span><\/span><\/b><\/span><\/span><\/span><\/p>\r\n\r\n<p style=\"text-align:justify\"><span style=\"font-size:11pt\"><span style=\"line-height:normal\"><span style=\"font-family:Calibri,sans-serif\"><a href=\"https:\/\/www.correiobraziliense.com.br\/economia\/2024\/01\/6790216-com-recorde-positivo-no-saldo-da-balanca-comercial-brasil-teve-queda-nas-importacoes.html\" style=\"color:blue; text-decoration:underline\"><span style=\"font-size:14.0pt\">Com recorde positivo no saldo da balan&ccedil;a comercial, Brasil teve queda nas importa&ccedil;&otilde;es<\/span><\/a><\/span><\/span><\/span><\/p>\r\n\r\n<p style=\"text-align:justify\"><span style=\"font-size:11pt\"><span style=\"line-height:normal\"><span style=\"font-family:Calibri,sans-serif\"><a href=\"https:\/\/www.diariodepernambuco.com.br\/noticia\/economia\/2024\/01\/alckmin-encontra-representante-da-ue-e-retoma-negociacoes-do-mercosul.html\" style=\"color:blue; text-decoration:underline\"><span style=\"font-size:14.0pt\">Alckmin encontra representante da UE e retoma negocia&ccedil;&otilde;es sobre Mercosul<\/span><\/a><\/span><\/span><\/span><\/p>\r\n\r\n<p style=\"text-align:justify\"><span style=\"font-size:11pt\"><span style=\"line-height:normal\"><span style=\"font-family:Calibri,sans-serif\"><a href=\"https:\/\/mercadoeconsumo.com.br\/22\/01\/2024\/nrf-retails-big-show\/brasil-coreia-do-sul-e-oriente-medio-vao-liderar-mercado-de-luxo-nos-proximos-anos\/?utm_campaign=news_2201_-_geral&amp;utm_medium=email&amp;utm_source=RD+Station&amp;cn-reloaded=1\" style=\"color:blue; text-decoration:underline\"><span style=\"font-size:14.0pt\">Cal&ccedil;ados | Brasil, Coreia do Sul e Oriente M&eacute;dio v&atilde;o liderar mercado de luxo nos pr&oacute;ximos anos<\/span><\/a><\/span><\/span><\/span><\/p>\r\n\r\n<p style=\"text-align:justify\"><span style=\"font-size:28pt\"><span style=\"font-family:Cambria,serif\"><span style=\"letter-spacing:-0.5pt\"><b><span style=\"font-size:18.0pt\"><span style=\"font-family:&quot;Calibri&quot;,sans-serif\"><span style=\"font-variant:small-caps\">Economia<\/span><\/span><\/span><\/b><\/span><\/span><\/span><\/p>\r\n\r\n<p style=\"text-align:justify\"><span style=\"font-size:11pt\"><span style=\"line-height:normal\"><span style=\"font-family:Calibri,sans-serif\"><a href=\"https:\/\/www.bcb.gov.br\/content\/focus\/focus\/R20240119.pdf\" style=\"color:blue; text-decoration:underline\"><span style=\"font-size:14.0pt\">Focus &ndash; Relat&oacute;rio de Mercado<\/span><\/a><\/span><\/span><\/span><\/p>\r\n\r\n<p style=\"text-align:justify\"><span style=\"font-size:11pt\"><span style=\"line-height:normal\"><span style=\"font-family:Calibri,sans-serif\"><a href=\"https:\/\/sovos.com\/pt-br\/blog\/tributos\/governo-prepara-tres-projetos-de-lei-pos-reforma-tributaria-e-junta-regimes-diferenciados\/?mkt_tok=MzM0LUhWTi0yNDkAAAGQwYfI9oE-iy-jb_ZXX0JbTatQKP6yiWx-M7Pe4gZ1gd5HhzB_Cx5hWW4xx9r_yRViIufexNpZzqDpDOZlrZYXZdVBlRyvjBq2vj9yiI3ucqw\" style=\"color:blue; text-decoration:underline\"><span style=\"font-size:14.0pt\">Governo prepara tr&ecirc;s projetos de lei p&oacute;s-reforma tribut&aacute;ria e junta regimes diferenciados<\/span><\/a><\/span><\/span><\/span><\/p>\r\n\r\n<p style=\"text-align:justify\"><span style=\"font-size:11pt\"><span style=\"line-height:normal\"><span style=\"font-family:Calibri,sans-serif\"><a href=\"https:\/\/sovos.com\/pt-br\/blog\/tributos\/icms-vai-subir-em-dez-estados-e-no-df-veja-qual-sera-o-impacto-para-o-consumidor\/?mkt_tok=MzM0LUhWTi0yNDkAAAGQwYfI9trsmAlHPlgCrJc9-ctBCMRsQ0w0BOfpz81B2OcSTHeVkYkHy9ibqcHankciq_oebZNEUksZFADhEJACh2kkNUEuoj7IFvNIp6La4X4\" style=\"color:blue; text-decoration:underline\"><span style=\"font-size:14.0pt\">ICMS vai subir em dez estados e no DF<\/span><\/a><\/span><\/span><\/span><\/p>\r\n\r\n<p style=\"text-align:justify\"><span style=\"font-size:11pt\"><span style=\"line-height:normal\"><span style=\"font-family:Calibri,sans-serif\"><a href=\"https:\/\/ibre.fgv.br\/blog-da-conjuntura-economica\/artigos\/em-se-tratando-de-equilibrio-fiscal-e-importante-olhar-para\" style=\"color:blue; text-decoration:underline\"><span style=\"font-size:14.0pt\">&ldquo;Em se tratando de equil&iacute;brio fiscal, &eacute; importante olhar para a floresta, n&atilde;o somente para a &aacute;rvore&rdquo;<\/span><\/a><\/span><\/span><\/span><\/p>\r\n\r\n<p style=\"text-align:justify\"><span style=\"font-size:11pt\"><span style=\"line-height:normal\"><span style=\"font-family:Calibri,sans-serif\"><a href=\"https:\/\/www.infomoney.com.br\/economia\/producao-industrial-nos-eua-sobe-01-em-dezembro-ante-novembro\/\" style=\"color:blue; text-decoration:underline\"><span style=\"font-size:14.0pt\">Produ&ccedil;&atilde;o industrial nos EUA sobe 0,1% em dezembro ante novembro<\/span><\/a><\/span><\/span><\/span><\/p>\r\n","6":"<p style=\"text-align:justify\"><span style=\"font-size:11pt\"><span style=\"line-height:normal\"><span style=\"font-family:Calibri,sans-serif\"><span style=\"font-size:14.0pt\">Esta &eacute; uma compila&ccedil;&atilde;o das not&iacute;cias mais relevantes para o setor, incluindo informa&ccedil;&otilde;es sobre acordos internacionais, economia brasileira, sustentabilidade e mat&eacute;rias primas, al&eacute;m de novidades do setor de N&atilde;otecidos e Tecidos T&eacute;cnicos.<\/span><\/span><\/span><\/span><\/p>\r\n\r\n<p style=\"text-align:justify\"><span style=\"font-size:28pt\"><span style=\"font-family:Cambria,serif\"><span style=\"letter-spacing:-0.5pt\"><b><span style=\"font-size:18.0pt\"><span style=\"font-family:&quot;Calibri&quot;,sans-serif\"><span style=\"font-variant:small-caps\">O que vem por a&iacute;<\/span><\/span><\/span><\/b><\/span><\/span><\/span><\/p>\r\n\r\n<p style=\"text-align:justify\"><img src=\"https:\/\/www.abint.org.br\/assets\/img\/editor\/abint-logo-2020-p_20240124114003rgVCXCjBlU.png\" \/><\/p>\r\n\r\n<p style=\"text-align:justify\"><img src=\"https:\/\/www.abint.org.br\/assets\/img\/editor\/post-quadrado-curso-naotecido_202401241141165egwSZx3Ic.jpg\" style=\"width: 600px; height: 600px;\" \/><\/p>\r\n\r\n<h1 style=\"text-align: justify;\"><strong><span style=\"font-size:11pt\"><span style=\"line-height:normal\"><span style=\"font-family:Calibri,sans-serif\"><a href=\"https:\/\/forms.office.com\/r\/5DrqtK5n3Y\" style=\"color:blue; text-decoration:underline\"><span style=\"font-size:14.0pt\">Informa&ccedil;&otilde;es e inscri&ccedil;&otilde;es<\/span><\/a><\/span><\/span><\/span><\/strong><\/h1>\r\n\r\n<p style=\"text-align:justify\"><span style=\"font-size:28pt\"><span style=\"font-family:Cambria,serif\"><span style=\"letter-spacing:-0.5pt\"><b><span style=\"font-size:18.0pt\"><span style=\"font-family:&quot;Calibri&quot;,sans-serif\"><span style=\"font-variant:small-caps\">A&ccedil;&otilde;es realizadas<\/span><\/span><\/span><\/b><\/span><\/span><\/span><\/p>\r\n\r\n<p style=\"text-align:justify\"><img src=\"https:\/\/www.abint.org.br\/assets\/img\/editor\/logo-ctg-abint-png_202401241143327xSjYjROfY.png\" style=\"width: 300px; height: 55px;\" \/><\/p>\r\n\r\n<p style=\"text-align:justify\"><img src=\"https:\/\/www.abint.org.br\/assets\/img\/editor\/20240123-live-ctg-instagram-fernando-e-leo_20240124114412QtqcQsDOjc.jpeg\" style=\"width: 600px; height: 600px;\" \/><\/p>\r\n\r\n<h1 style=\"text-align: justify;\"><span style=\"font-size:11pt\"><span style=\"line-height:normal\"><span style=\"font-family:Calibri,sans-serif\"><b><span style=\"font-size:14.0pt\">Perdeu o 1&ordm; CTG Entrevista de 2024? Voc&ecirc; pode conferir <a href=\"https:\/\/www.instagram.com\/reel\/C2dW7s1p9B2\/?utm_source=ig_web_copy_link&amp;igsh=MzRlODBiNWFlZA==\" style=\"color:blue; text-decoration:underline\">AQUI<\/a><\/span><\/b> <\/span><\/span><\/span><\/h1>\r\n\r\n<p class=\"MsoTitle\" style=\"text-align:justify\"><span style=\"font-size:28pt\"><span style=\"font-family:Cambria,serif\"><span style=\"letter-spacing:-0.5pt\"><b><span style=\"font-size:18.0pt\"><span style=\"font-family:&quot;Calibri&quot;,sans-serif\"><span style=\"font-variant:small-caps\">Not&iacute;cias das Associadas<\/span><\/span><\/span><\/b><\/span><\/span><\/span><\/p>\r\n\r\n<p style=\"text-align:justify\"><span style=\"font-size:11pt\"><span style=\"line-height:normal\"><span style=\"font-family:Calibri,sans-serif\"><a href=\"https:\/\/diariodocomercio.com.br\/eventos\/evento\/feira-colombiana-tera-22-empresas-brasileiras\/#gref\" style=\"color:blue; text-decoration:underline\"><span style=\"font-size:14.0pt\">Fibertex: Empresas brasileiras estar&atilde;o em feira colombiana de componentes e cal&ccedil;ados<\/span><\/a><\/span><\/span><\/span><\/p>\r\n\r\n<p style=\"text-align:justify\"><span style=\"font-size:11pt\"><span style=\"line-height:normal\"><span style=\"font-family:Calibri,sans-serif\"><a href=\"https:\/\/interplasinsights.com\/plastics-materials\/automotive-plastics-materials-news\/freudenberg%C2%A0develops-extremely-temperature-resistant-plastic\/\" style=\"color:blue; text-decoration:underline\"><span lang=\"EN-US\" style=\"font-size:14.0pt\">Freudenberg Develops Extremely Temperature-Resistant Plastics for Electric Cars<\/span><\/a><\/span><\/span><\/span><\/p>\r\n\r\n<p style=\"text-align:justify\"><span style=\"font-size:11pt\"><span style=\"line-height:normal\"><span style=\"font-family:Calibri,sans-serif\"><a href=\"https:\/\/www.nonwovens-industry.com\/contents\/view_breaking-news\/2024-01-16\/trutzschler-offers-next-generation-carding-technology?utm_campaign=NON+eNewsletter&amp;utm_medium=email&amp;_hsmi=290526627&amp;_hsenc=p2ANqtz-9vNCRxvtOfpgJebqC5-CsrWJf6FbYMrW5EzoZLovU1LBAtRYzap5CThixSnR_UlKgIWz7NIYk5vA3BIO82zWSjcXi6cw&amp;utm_content=290526627&amp;utm_source=hs_email\" style=\"color:blue; text-decoration:underline\"><span lang=\"EN-US\" style=\"font-size:14.0pt\">Tr&uuml;tzschler Offers Next Generation Carding Technology<\/span><\/a><\/span><\/span><\/span><\/p>\r\n\r\n<p style=\"text-align:justify\">&nbsp;<\/p>\r\n\r\n<p style=\"text-align:justify\"><span style=\"font-size:11pt\"><span style=\"line-height:normal\"><span style=\"font-family:Calibri,sans-serif\"><b><span style=\"font-size:18.0pt\"><span style=\"font-variant:small-caps\">Eventos<\/span><\/span><\/b><\/span><\/span><\/span><\/p>\r\n\r\n<p style=\"text-align:justify\">&nbsp;<\/p>\r\n\r\n<p style=\"text-align:justify\"><span style=\"font-size:11pt\"><span style=\"line-height:normal\"><span style=\"font-family:Calibri,sans-serif\"><b><span style=\"font-size:14.0pt\">EDANA | MENA Nonwovens Conference&trade; 2024<\/span><\/b><span class=\"MsoHyperlink\" style=\"color:blue\"><span style=\"text-decoration:underline\"><span style=\"font-size:14.0pt\"><span style=\"text-decoration:none\"><span style=\"text-underline:none\">, 24&ndash;25 January 2024, Jumeirah Beach Hotel, Dubai. <\/span><\/span><\/span><\/span><\/span><a href=\"https:\/\/edana.idloom.events\/mena-nonwovens?ct=t%28OutAsia+31+Oct+Call+for+papers_COPY_01%29&amp;mc_cid=fca68e0df5&amp;mc_eid=08e0eae351\" style=\"color:blue; text-decoration:underline\"><span style=\"font-size:14.0pt\">Information here<\/span><\/a> <\/span><\/span><\/span><\/p>\r\n\r\n<p style=\"text-align:justify\"><span style=\"font-size:11pt\"><span style=\"line-height:normal\"><span style=\"font-family:Calibri,sans-serif\"><b><span style=\"font-size:14.0pt\">Etiquetagem de t&ecirc;xtil com &ecirc;nfase na norma ABNT NBR MM 3758:2013<\/span><\/b><span class=\"MsoHyperlink\" style=\"color:blue\"><span style=\"text-decoration:underline\"><span style=\"font-size:14.0pt\"><span style=\"text-decoration:none\"><span style=\"text-underline:none\">, 05 e 06 de fevereiro de 2024 (e mais 3 turmas). <\/span><\/span><\/span><\/span><\/span><a href=\"https:\/\/api.whatsapp.com\/send?phone=551130173680\" style=\"color:blue; text-decoration:underline\"><span style=\"font-size:14.0pt\">Informa&ccedil;&otilde;es aqui<\/span><\/a> <\/span><\/span><\/span><\/p>\r\n\r\n<p style=\"text-align:justify\"><span style=\"font-size:11pt\"><span style=\"line-height:normal\"><span style=\"font-family:Calibri,sans-serif\"><b><span style=\"font-size:14.0pt\">AESabesp &amp; Ecoclass | Curso: Introdu&ccedil;&atilde;o aos ODS: Diretrizes da Organiza&ccedil;&atilde;o Mundial da Sa&uacute;de<\/span><\/b><span class=\"MsoHyperlink\" style=\"color:blue\"><span style=\"text-decoration:underline\"><span style=\"font-size:14.0pt\"><span style=\"text-decoration:none\"><span style=\"text-underline:none\">, 14 e 15 de fevereiro de 2024, das 19h00 &agrave;s 21h30, online. <\/span><\/span><\/span><\/span><\/span><a href=\"https:\/\/ecoclass.eco.br\/curso\/introducao-aos-ods-diretrizes-da-organizacao-mundial-da-saude\/\" style=\"color:blue; text-decoration:underline\"><span style=\"font-size:14.0pt\">Informa&ccedil;&otilde;es<\/span><\/a> <\/span><\/span><\/span><\/p>\r\n\r\n<p style=\"text-align:justify\"><span style=\"font-size:11pt\"><span style=\"line-height:normal\"><span style=\"font-family:Calibri,sans-serif\"><b><span style=\"font-size:14.0pt\">GEOAMERICAS 2024, <\/span><\/b><span style=\"font-size:14.0pt\">de 28 de abril a 01 de maio de 2024, em Toronto (Canad&aacute;). <\/span><a href=\"https:\/\/www.geoamericas2024.org\/\" style=\"color:blue; text-decoration:underline\"><span style=\"font-size:14.0pt\">Informa&ccedil;&otilde;es aqui.<\/span><\/a><\/span><\/span><\/span><\/p>\r\n\r\n<p style=\"text-align:justify\"><span style=\"font-size:11pt\"><span style=\"line-height:normal\"><span style=\"font-family:Calibri,sans-serif\"><b><span style=\"font-size:14.0pt\">II Congresso Ibero-Americano de Esteriliza&ccedil;&atilde;o e II Congresso Nacional de Reprocessamento de Dispositivos M&eacute;dicos<\/span><\/b><span style=\"font-size:14.0pt\">, 16 a 18 de maio de 2024, Cartagena, Colombia<b>. <\/b><\/span><a href=\"http:\/\/nascecme.com.br\/ii-congresso-ibero-americano-de-esterilizacao-e-ii-congresso-nacional-de-reprocessamento-de-dispositivos-medicos\/\" style=\"color:blue; text-decoration:underline\"><span lang=\"EN-US\" style=\"font-size:14.0pt\">Informa&ccedil;&otilde;es<\/span><\/a><span style=\"font-size:14.0pt\"> <\/span><\/span><\/span><\/span><\/p>\r\n\r\n<p style=\"text-align:justify\"><span style=\"font-size:11pt\"><span style=\"line-height:normal\"><span style=\"font-family:Calibri,sans-serif\"><b><span lang=\"EN-US\" style=\"font-size:14.0pt\">ANEX 2024 | Asia Nonwoven Exhibition and Conference<\/span><\/b><span lang=\"EN-US\" style=\"font-size:14.0pt\">, 22-24 May 2024, Taipei Nangang Exhibition Center, Hall 1. <\/span><a href=\"https:\/\/www.anex2024.com\/\" style=\"color:blue; text-decoration:underline\"><span lang=\"EN-US\" style=\"font-size:14.0pt\">Information here<\/span><\/a> <\/span><\/span><\/span><\/p>\r\n\r\n<p style=\"text-align:justify\"><span style=\"font-size:11pt\"><span style=\"line-height:normal\"><span style=\"font-family:Calibri,sans-serif\"><b><span lang=\"EN-US\" style=\"font-size:14.0pt\">The EDANA Innovation Forum<\/span><\/b><span class=\"MsoHyperlink\" style=\"color:blue\"><span style=\"text-decoration:underline\"><span lang=\"EN-US\" style=\"font-size:14.0pt\"><span style=\"text-decoration:none\"><span style=\"text-underline:none\">, 04 - 06 June 2024, Munich. <\/span><\/span><\/span><\/span><\/span><a href=\"https:\/\/www.edana.org\/events\/edana-innovation-forum-?ct=t(MENA_2018_call_for_papers6_28_2017_COPY_01)&amp;mc_cid=27efeab42f&amp;mc_eid=08e0eae351\" style=\"color:blue; text-decoration:underline\"><span lang=\"EN-US\" style=\"font-size:14.0pt\">Information here<\/span><\/a><\/span><\/span><\/span><\/p>\r\n\r\n<p style=\"text-align:justify\">&nbsp;<\/p>\r\n\r\n<p style=\"text-align:justify\"><span style=\"font-size:11pt\"><span style=\"line-height:normal\"><span style=\"font-family:Calibri,sans-serif\"><b><span lang=\"EN-US\" style=\"font-size:14.0pt\">HIGITEX 2024 | International Technical Textiles &amp; Nonwoven Exhibition<\/span><\/b><span lang=\"EN-US\" style=\"font-size:14.0pt\">, 4-8 June 2024, T&uuml;yap Fair Convention and Congress Center, T&uuml;rkiye. <\/span><a href=\"https:\/\/www.hightex.com.tr\/\" style=\"color:blue; text-decoration:underline\"><span style=\"font-size:14.0pt\">Information here<\/span><\/a> <\/span><\/span><\/span><\/p>\r\n\r\n<p style=\"text-align:justify\"><span style=\"font-size:11pt\"><span style=\"line-height:normal\"><span style=\"font-family:Calibri,sans-serif\"><b><span style=\"font-size:14.0pt\">FEIPLAR COMPOSITES &amp; FEIPUR &ndash; Feira e Congresso Internacionais de Composites, Poliuretano, Pl&aacute;sticos de Engenharia e Compostos Termopl&aacute;sticos<\/span><\/b><span style=\"font-size:14.0pt\">, 20 a 22 de agosto de 2024, S&atilde;o Paulo Expo (Pavilh&atilde;o 5), palestras: das 8h30 &agrave;s 18h, feira: das 13h &agrave;s 20h.<b> <\/b><\/span><a href=\"http:\/\/www.feiplar.com\" style=\"color:blue; text-decoration:underline\"><span lang=\"EN-US\" style=\"font-size:14.0pt\">www.feiplar.com<\/span><\/a> <\/span><\/span><\/span><\/p>\r\n\r\n<p style=\"text-align:justify\"><span style=\"font-size:11pt\"><span style=\"line-height:normal\"><span style=\"font-family:Calibri,sans-serif\"><b><span style=\"font-size:14.0pt\">Fenasan 2024 &ndash; Feira Nacional de Saneamento e Meio Ambiente<\/span><\/b><span style=\"font-size:14.0pt\">, 22 a 24 de outubro de 2024, Pavilh&otilde;es Verde e Vermelho, Expo Center Norte, S&atilde;o Paulo SP. <\/span><a href=\"http:\/\/www.fenasan.com.br\" style=\"color:blue; text-decoration:underline\"><span style=\"font-size:14.0pt\">www.fenasan.com.br<\/span><\/a> <\/span><\/span><\/span><\/p>\r\n\r\n<p style=\"text-align:justify\"><span style=\"font-size:11pt\"><span style=\"line-height:normal\"><span style=\"font-family:Calibri,sans-serif\"><b><span style=\"font-size:14.0pt\">HospitalMed 2024<\/span><\/b><span style=\"font-size:14.0pt\">, 23 a 25 de outubro, das 14h &agrave;s 20h, no Pernambuco Centro de Conven&ccedil;&otilde;es. <\/span><a href=\"http:\/\/www.hospitalmed.com.br\" style=\"color:blue; text-decoration:underline\"><span lang=\"EN-US\" style=\"font-size:14.0pt\">www.hospitalmed.com.br<\/span><\/a> <\/span><\/span><\/span><\/p>\r\n\r\n<p style=\"text-align:justify\"><span style=\"font-size:28pt\"><span style=\"font-family:Cambria,serif\"><span style=\"letter-spacing:-0.5pt\"><b><span lang=\"EN-US\" style=\"font-size:18.0pt\"><span style=\"font-family:&quot;Calibri&quot;,sans-serif\"><span style=\"font-variant:small-caps\">Setor<\/span><\/span><\/span><\/b><\/span><\/span><\/span><\/p>\r\n\r\n<p style=\"text-align:justify\"><span style=\"font-size:11pt\"><span style=\"line-height:normal\"><span style=\"font-family:Calibri,sans-serif\"><a href=\"https:\/\/www.nonwovens-industry.com\/contents\/view_features\/2023-12-21\/what-is-inda-doing-to-support-the-industry-in-2024-moving-forward?utm_campaign=NON+eNewsletter&amp;utm_medium=email&amp;_hsmi=287500417&amp;_hsenc=p2ANqtz-_PqOBSb2rCcBotC51hLKaRNpbry4xwSoXxSw_Ul21DrhlwNT3pPeTZQOgV0ZTgc2_ep2KGk8BV3VRWoQascyKmcuZT3w&amp;utm_content=287500417&amp;utm_source=hs_email\" style=\"color:blue; text-decoration:underline\"><span lang=\"EN-US\" style=\"font-size:14.0pt\">What is INDA Doing to Support the Industry in 2024 Moving Forward?<\/span><\/a><\/span><\/span><\/span><\/p>\r\n\r\n<p style=\"text-align:justify\"><span style=\"font-size:11pt\"><span style=\"line-height:normal\"><span style=\"font-family:Calibri,sans-serif\"><a href=\"https:\/\/www.ecommercebrasil.com.br\/artigos\/o-que-nao-te-falaram-sobre-a-expansao-internacional-uma-visao-profunda\" style=\"color:blue; text-decoration:underline\"><span style=\"font-size:14.0pt\">ABIT: O que n&atilde;o te falaram sobre a expans&atilde;o internacional: uma vis&atilde;o profunda<\/span><\/a><\/span><\/span><\/span><\/p>\r\n\r\n<p style=\"text-align:justify\"><span style=\"font-size:11pt\"><span style=\"line-height:normal\"><span style=\"font-family:Calibri,sans-serif\"><a href=\"http:\/\/nascecme.com.br\/reuniao-abraidi-desregulamentacao-da-embalagem-como-produto-para-a-saude\/\" style=\"color:blue; text-decoration:underline\"><span style=\"font-size:14.0pt\">Desregulamenta&ccedil;&atilde;o da embalagem como produto para a sa&uacute;de<\/span><\/a><\/span><\/span><\/span><\/p>\r\n\r\n<p style=\"text-align:justify\"><span style=\"font-size:11pt\"><span style=\"line-height:normal\"><span style=\"font-family:Calibri,sans-serif\"><a href=\"https:\/\/plasticosemrevista.com.br\/escalada-das-importacoes-brasileiras-de-resinas-commodities\/\" style=\"color:blue; text-decoration:underline\"><span style=\"font-size:14.0pt\">Escalada das importa&ccedil;&otilde;es brasileiras de resinas commodities<\/span><\/a><\/span><\/span><\/span><\/p>\r\n\r\n<p style=\"text-align:justify\"><span style=\"font-size:11pt\"><span style=\"line-height:normal\"><span style=\"font-family:Calibri,sans-serif\"><a href=\"https:\/\/plasticosemrevista.com.br\/pp-o-risco-da-dependencia-excessiva-de-um-unico-cliente\/\" style=\"color:blue; text-decoration:underline\"><span style=\"font-size:14.0pt\">PP: o risco da depend&ecirc;ncia excessiva de um &uacute;nico cliente<\/span><\/a><\/span><\/span><\/span><\/p>\r\n\r\n<p style=\"text-align:justify\"><span style=\"font-size:11pt\"><span style=\"line-height:normal\"><span style=\"font-family:Calibri,sans-serif\"><a href=\"https:\/\/exclusivo.com.br\/_conteudo\/negocios\/2024\/01\/17\/importacoes-de-calcados-aumentaram-no-brasil-em-2023-alta-de-20--em-valor.html\" style=\"color:blue; text-decoration:underline\"><span style=\"font-size:14.0pt\">Importa&ccedil;&otilde;es de cal&ccedil;ados aumentaram no Brasil em 2023; alta de 20% em valor<\/span><\/a> <\/span><\/span><\/span><\/p>\r\n\r\n<p style=\"text-align:justify\"><span style=\"font-size:11pt\"><span style=\"line-height:normal\"><span style=\"font-family:Calibri,sans-serif\"><a href=\"https:\/\/www.gov.br\/saude\/pt-br\/assuntos\/noticias\/2024\/janeiro\/ministerio-da-saude-disponibiliza-absorventes-pelo-farmacia-popular\" style=\"color:blue; text-decoration:underline\"><span style=\"font-size:14.0pt\">Minist&eacute;rio da Sa&uacute;de disponibiliza absorventes pelo Farm&aacute;cia Popular<\/span><\/a><\/span><\/span><\/span><\/p>\r\n\r\n<p style=\"text-align:justify\"><span style=\"font-size:11pt\"><span style=\"line-height:normal\"><span style=\"font-family:Calibri,sans-serif\"><a href=\"https:\/\/www.nonwovens-industry.com\/contents\/view_breaking-news\/2023-12-15\/study-assesses-menstrual-care-choice-by-demographics?utm_campaign=NON+eNewsletter&amp;utm_medium=email&amp;_hsmi=287500417&amp;_hsenc=p2ANqtz-8JzIqKxnBcJPS0fNr3pM_9Dew7dH7S5hwBHhnpEnHoY7EoDhO_miVTPX0LzVU8DTesMYDThYqid9nWgstUIkm2q9gB2g&amp;utm_content=287500417&amp;utm_source=hs_email\" style=\"color:blue; text-decoration:underline\"><span lang=\"EN-US\" style=\"font-size:14.0pt\">Study Assesses Menstrual Care Choice By Demographics<\/span><\/a><\/span><\/span><\/span><\/p>\r\n\r\n<p style=\"text-align:justify\"><span style=\"font-size:11pt\"><span style=\"line-height:normal\"><span style=\"font-family:Calibri,sans-serif\"><a href=\"https:\/\/mercadoeconsumo.com.br\/17\/01\/2024\/noticias-varejo\/kimberly-clark-dona-da-huggies-e-intimus-investe-r-500-mi-no-brasil-em-expansao\/?cn-reloaded=1\" style=\"color:blue; text-decoration:underline\"><span style=\"font-size:14.0pt\">Kimberly-Clark, dona da Huggies e Intimus, investe R$ 500 mi no Brasil em expans&atilde;o<\/span><\/a><\/span><\/span><\/span><\/p>\r\n\r\n<p style=\"text-align:justify\"><span style=\"font-size:11pt\"><span style=\"line-height:normal\"><span style=\"font-family:Calibri,sans-serif\"><a href=\"https:\/\/www.meiofiltrante.com.br\/Noticia\/117559\/filtros-hepa-sao-aliados-para-prevenir-crises-alergicas\" style=\"color:blue; text-decoration:underline\"><span style=\"font-size:14.0pt\">Filtros HEPA s&atilde;o aliados para prevenir crises al&eacute;rgicas<\/span><\/a><\/span><\/span><\/span><\/p>\r\n\r\n<p style=\"text-align:justify\"><span style=\"font-size:11pt\"><span style=\"line-height:normal\"><span style=\"font-family:Calibri,sans-serif\"><a href=\"https:\/\/www.infomoney.com.br\/mercados\/braskem-brkm5-fecha-acordo-com-a-shell-para-produzir-polipropileno-na-alemanha\/\" style=\"color:blue; text-decoration:underline\"><span style=\"font-size:14.0pt\">Braskem (BRKM5) fecha acordo com a Shell para produzir polipropileno na Alemanha<\/span><\/a><\/span><\/span><\/span><\/p>\r\n\r\n<p style=\"text-align:justify\"><span style=\"font-size:11pt\"><span style=\"line-height:normal\"><span style=\"font-family:Calibri,sans-serif\"><a href=\"https:\/\/blogdoplastico.wordpress.com\/2024\/01\/16\/messe-dusseldorf-inicia-inscricao-de-expositores-para-a-k-2025\/\" style=\"color:blue; text-decoration:underline\"><span style=\"font-size:14.0pt\">Messe D&uuml;sseldorf inicia inscri&ccedil;&atilde;o de expositores para a K 2025<\/span><\/a><\/span><\/span><\/span><\/p>\r\n\r\n<p style=\"text-align:justify\"><span style=\"font-size:11pt\"><span style=\"line-height:normal\"><span style=\"font-family:Calibri,sans-serif\"><a href=\"https:\/\/exclusivo.com.br\/_conteudo\/negocios\/2024\/01\/16\/premio-lancamentos-fimec-abre-periodo-de-inscricoes.html\" style=\"color:blue; text-decoration:underline\"><span style=\"font-size:14.0pt\">Pr&ecirc;mio Lan&ccedil;amentos Fimec abre per&iacute;odo de inscri&ccedil;&otilde;es<\/span><\/a><\/span><\/span><\/span><\/p>\r\n\r\n<p style=\"text-align:justify\"><span style=\"font-size:28pt\"><span style=\"font-family:Cambria,serif\"><span style=\"letter-spacing:-0.5pt\"><b><span style=\"font-size:18.0pt\"><span style=\"font-family:&quot;Calibri&quot;,sans-serif\"><span style=\"font-variant:small-caps\">Ind&uacute;stria<\/span><\/span><\/span><\/b><\/span><\/span><\/span><\/p>\r\n\r\n<p style=\"text-align:justify\"><span style=\"font-size:11pt\"><span style=\"line-height:normal\"><span style=\"font-family:Calibri,sans-serif\"><a href=\"https:\/\/mercadoeconsumo.com.br\/23\/01\/2024\/nrf-retails-big-show\/bomba-relogio-demografica-vai-liderar-a-transformacao-mundial-de-consumobomba-relogio-demografica-vai-liderar-transformacao-mundial-de-consumo\/?utm_campaign=news_2301_-_geral&amp;utm_medium=email&amp;utm_source=RD+Station\" style=\"color:blue; text-decoration:underline\"><span style=\"font-size:14.0pt\">Bomba-rel&oacute;gio demogr&aacute;fica vai liderar a transforma&ccedil;&atilde;o mundial de consumo<\/span><\/a><\/span><\/span><\/span><\/p>\r\n\r\n<p style=\"text-align:justify\"><span style=\"font-size:11pt\"><span style=\"line-height:normal\"><span style=\"font-family:Calibri,sans-serif\"><a href=\"https:\/\/ibre.fgv.br\/blog-da-conjuntura-economica\/artigos\/nova-politica-industrial-foco-nos-meios-mas-fins-sao-genericos\" style=\"color:blue; text-decoration:underline\"><span style=\"font-size:14.0pt\">Nova pol&iacute;tica industrial: foco nos meios, mas fins s&atilde;o gen&eacute;ricos<\/span><\/a><\/span><\/span><\/span><\/p>\r\n\r\n<p style=\"text-align:justify\"><span style=\"font-size:11pt\"><span style=\"line-height:normal\"><span style=\"font-family:Calibri,sans-serif\"><a href=\"https:\/\/epbr.com.br\/politica-industrial-de-lula-3-prioriza-eletrificacao-e-biocombustiveis-no-transporte\/?utm_source=newsletters+epbr&amp;utm_campaign=e72a5bc6f7-epbr-comece-seu-dia_20230724_COPY_01&amp;utm_medium=email&amp;utm_term=0_5931171aac-e72a5bc6f7-466362780\" style=\"color:blue; text-decoration:underline\"><span style=\"font-size:14.0pt\">Pol&iacute;tica industrial de Lula 3 prioriza eletrifica&ccedil;&atilde;o e biocombust&iacute;veis no transporte<\/span><\/a><\/span><\/span><\/span><\/p>\r\n\r\n<p style=\"text-align:justify\"><span style=\"font-size:11pt\"><span style=\"line-height:normal\"><span style=\"font-family:Calibri,sans-serif\"><a href=\"https:\/\/portalibre.fgv.br\/noticias\/industria-de-transformacao-e-sua-contribuicao-para-o-superavit-da-balanca-comercial\" style=\"color:blue; text-decoration:underline\"><span style=\"font-size:14.0pt\">A ind&uacute;stria de transforma&ccedil;&atilde;o e sua contribui&ccedil;&atilde;o para o super&aacute;vit da balan&ccedil;a comercial<\/span><\/a><\/span><\/span><\/span><\/p>\r\n\r\n<p style=\"text-align:justify\"><span style=\"font-size:11pt\"><span style=\"line-height:normal\"><span style=\"font-family:Calibri,sans-serif\"><a href=\"https:\/\/www.progresso.com.br\/brasil\/processos-ineficientes-impedem-638-das-industrias-de-aumentar-a\/415092\/\" style=\"color:blue; text-decoration:underline\"><span style=\"font-size:14.0pt\">Processos ineficientes impedem 63,8% das ind&uacute;strias de aumentar a produtividade, diz estudo<\/span><\/a><\/span><\/span><\/span><\/p>\r\n\r\n<p style=\"text-align:justify\"><span style=\"font-size:11pt\"><span style=\"line-height:normal\"><span style=\"font-family:Calibri,sans-serif\"><a href=\"https:\/\/noticias.portaldaindustria.com.br\/noticias\/economia\/industria-inicia-2024-mais-otimista-aponta-pesquisa-da-cni\/\" style=\"color:blue; text-decoration:underline\"><span style=\"font-size:14.0pt\">Ind&uacute;stria inicia 2024 mais otimista, aponta pesquisa da CNI<\/span><\/a><\/span><\/span><\/span><\/p>\r\n\r\n<p style=\"text-align:justify\"><span style=\"font-size:11pt\"><span style=\"line-height:normal\"><span style=\"font-family:Calibri,sans-serif\"><a href=\"https:\/\/grandesconstrucoes.com.br\/Noticias\/Exibir\/antt-e-ministerio-dos-transportes-anunciam-aumento-de-concessoes-para-2024?utm_source=akna&amp;utm_medium=email&amp;utm_campaign=Grandes-Construcoes-Informativo-895-18-01-2024&amp;utm_source=akna&amp;utm_medium=email&amp;utm_campaign=Grandes-Construcoes-Informativo-895-18-01-2024\" style=\"color:blue; text-decoration:underline\"><span style=\"font-size:14.0pt\">ANTT e Minist&eacute;rio dos Transportes anunciam aumento de concess&otilde;es para 2024<\/span><\/a><\/span><\/span><\/span><\/p>\r\n\r\n<p style=\"text-align:justify\"><span style=\"font-size:11pt\"><span style=\"line-height:normal\"><span style=\"font-family:Calibri,sans-serif\"><a href=\"https:\/\/grandesconstrucoes.com.br\/Noticias\/Exibir\/governo-quer-concessoes-de-ferrovias-para-ampliar-transporte-de-passageiros?utm_source=akna&amp;utm_medium=email&amp;utm_campaign=Grandes-Construcoes-Informativo-895-18-01-2024&amp;utm_source=akna&amp;utm_medium=email&amp;utm_campaign=Grandes-Construcoes-Informativo-895-18-01-2024\" style=\"color:blue; text-decoration:underline\"><span style=\"font-size:14.0pt\">Governo quer concess&otilde;es de ferrovias para ampliar transporte de passageiros<\/span><\/a><\/span><\/span><\/span><\/p>\r\n\r\n<p style=\"text-align:justify\"><span style=\"font-size:11pt\"><span style=\"line-height:normal\"><span style=\"font-family:Calibri,sans-serif\"><a href=\"https:\/\/www.itatiaia.com.br\/politica\/2024\/01\/18\/entidades-da-industria-e-do-setor-de-servicos-acionam-stf-contra-isencao-do-imposto-de-importacao-para-compras-online#amp_tf=De%20%251%24s&amp;aoh=17056307580069&amp;csi=0&amp;referrer=https%3A%2F%2Fwww.google.com&amp;ampshare=https%3A%2F%2Fwww.itatiaia.com.br%2Fpolitica%2F2024%2F01%2F18%2Fentidades-da-industria-e-do-setor-de-servicos-acionam-stf-contra-isencao-do-imposto-de-importacao-para-compras-online\" style=\"color:blue; text-decoration:underline\"><span style=\"font-size:14.0pt\">Entidades da ind&uacute;stria e do setor de servi&ccedil;os acionam STF contra isen&ccedil;&atilde;o do imposto de importa&ccedil;&atilde;o para compras online<\/span><\/a><\/span><\/span><\/span><\/p>\r\n\r\n<p style=\"text-align:justify\"><span style=\"font-size:28pt\"><span style=\"font-family:Cambria,serif\"><span style=\"letter-spacing:-0.5pt\"><b><span style=\"font-size:18.0pt\"><span style=\"font-family:&quot;Calibri&quot;,sans-serif\"><span style=\"font-variant:small-caps\">Sustentabilidade<\/span><\/span><\/span><\/b><\/span><\/span><\/span><\/p>\r\n\r\n<p style=\"text-align:justify\"><span style=\"font-size:11pt\"><span style=\"line-height:normal\"><span style=\"font-family:Calibri,sans-serif\"><a href=\"https:\/\/blogdoplastico.wordpress.com\/2024\/01\/16\/industria-de-higiene-pessoal-cosmeticos-e-limpeza-domestica-consumiu-152-mil-toneladas-de-plastico-reciclado-em-2022\/\" style=\"color:blue; text-decoration:underline\"><span style=\"font-size:14.0pt\">Ind&uacute;stria de higiene pessoal, cosm&eacute;ticos e limpeza dom&eacute;stica consumiu 152 mil toneladas de pl&aacute;stico reciclado em 2022<\/span><\/a><\/span><\/span><\/span><\/p>\r\n\r\n<p style=\"text-align:justify\"><span style=\"font-size:11pt\"><span style=\"line-height:normal\"><span style=\"font-family:Calibri,sans-serif\"><a href=\"https:\/\/www.meiofiltrante.com.br\/Noticia\/117552\/filtros-e-catalizadores-para-evitar-e-reduzir-a-poluicao\" style=\"color:blue; text-decoration:underline\"><span style=\"font-size:14.0pt\">Filtros e Catalizadores para evitar e reduzir a polui&ccedil;&atilde;o<\/span><\/a><\/span><\/span><\/span><\/p>\r\n\r\n<p style=\"text-align:justify\"><span style=\"font-size:11pt\"><span style=\"line-height:normal\"><span style=\"font-family:Calibri,sans-serif\"><a href=\"https:\/\/www.meiofiltrante.com.br\/Noticia\/117529\/filtros-manga-manutencao-iot-e-controle-de-poluicao\" style=\"color:blue; text-decoration:underline\"><span style=\"font-size:14.0pt\">Filtros manga: manuten&ccedil;&atilde;o, IoT e controle de polui&ccedil;&atilde;o<\/span><\/a><\/span><\/span><\/span><\/p>\r\n\r\n<p style=\"text-align:justify\"><span style=\"font-size:11pt\"><span style=\"line-height:normal\"><span style=\"font-family:Calibri,sans-serif\"><a href=\"https:\/\/saude.abril.com.br\/ecossistema\/falsos-plasticos-biodegradaveis-sao-vendidos-no-pais\/\" style=\"color:blue; text-decoration:underline\"><span style=\"font-size:14.0pt\">Falsos pl&aacute;sticos biodegrad&aacute;veis s&atilde;o vendidos no pa&iacute;s<\/span><\/a> <\/span><\/span><\/span><\/p>\r\n\r\n<p style=\"text-align:justify\"><span style=\"font-size:11pt\"><span style=\"line-height:normal\"><span style=\"font-family:Calibri,sans-serif\"><a href=\"https:\/\/cbic.org.br\/lancamento-do-pro-saneamento-fortalece-regulacao-do-saneamento-basico\/\" style=\"color:blue; text-decoration:underline\"><span style=\"font-size:14.0pt\">Lan&ccedil;amento do Pr&oacute;-Saneamento fortalece regula&ccedil;&atilde;o do saneamento b&aacute;sico<\/span><\/a><\/span><\/span><\/span><\/p>\r\n\r\n<p style=\"text-align:justify\"><span style=\"font-size:28pt\"><span style=\"font-family:Cambria,serif\"><span style=\"letter-spacing:-0.5pt\"><b><span style=\"font-size:18.0pt\"><span style=\"font-family:&quot;Calibri&quot;,sans-serif\"><span style=\"font-variant:small-caps\">Inova&ccedil;&atilde;o<\/span><\/span><\/span><\/b><\/span><\/span><\/span><\/p>\r\n\r\n<p style=\"text-align:justify\"><span style=\"font-size:11pt\"><span style=\"line-height:normal\"><span style=\"font-family:Calibri,sans-serif\"><a href=\"https:\/\/grafittinews.com.br\/projeto-da-ufes-busca-transformar-a-garrafa-pet-em-novos-produtos\/\" style=\"color:blue; text-decoration:underline\"><span style=\"font-size:14.0pt\">Projeto da Ufes busca transformar a garrafa PET em novos produtos<\/span><\/a><\/span><\/span><\/span><\/p>\r\n\r\n<p style=\"text-align:justify\"><span style=\"font-size:11pt\"><span style=\"line-height:normal\"><span style=\"font-family:Calibri,sans-serif\"><a href=\"https:\/\/guaiba.com.br\/2024\/01\/19\/aplicacao-de-fios-de-garrafas-plasticas-recicladas-e-atracao-no-inspiramais\/\" style=\"color:blue; text-decoration:underline\"><span style=\"font-size:14.0pt\">Aplica&ccedil;&atilde;o de fios de garrafas plasticas recicladas &eacute; atra&ccedil;&atilde;o do Inspiramais<\/span><\/a><\/span><\/span><\/span><\/p>\r\n\r\n<p style=\"text-align:justify\"><span style=\"font-size:11pt\"><span style=\"line-height:normal\"><span style=\"font-family:Calibri,sans-serif\"><a href=\"https:\/\/www.innovationintextiles.com\/research-development-education\/turning-co2-into-nanofibres\/\" style=\"color:blue; text-decoration:underline\"><span lang=\"EN-US\" style=\"font-size:14.0pt\">Turning CO2 into nanofibres<\/span><\/a><\/span><\/span><\/span><\/p>\r\n\r\n<p style=\"text-align:justify\"><span style=\"font-size:11pt\"><span style=\"line-height:normal\"><span style=\"font-family:Calibri,sans-serif\"><a href=\"https:\/\/www.technicaltextile.net\/news\/indian-govt-announces-technical-textiles-hackathon-under-bharat-tex-292369.html\" style=\"color:blue; text-decoration:underline\"><span lang=\"EN-US\" style=\"font-size:14.0pt\">Indian govt announces technical textiles Hackathon under Bharat Tex<\/span><\/a><\/span><\/span><\/span><\/p>\r\n\r\n<p style=\"text-align:justify\"><span style=\"font-size:28pt\"><span style=\"font-family:Cambria,serif\"><span style=\"letter-spacing:-0.5pt\"><b><span style=\"font-size:18.0pt\"><span style=\"font-family:&quot;Calibri&quot;,sans-serif\"><span style=\"font-variant:small-caps\">Com&eacute;rcio Exterior<\/span><\/span><\/span><\/b><\/span><\/span><\/span><\/p>\r\n\r\n<p style=\"text-align:justify\"><span style=\"font-size:11pt\"><span style=\"line-height:normal\"><span style=\"font-family:Calibri,sans-serif\"><a href=\"https:\/\/www.correiobraziliense.com.br\/economia\/2024\/01\/6790216-com-recorde-positivo-no-saldo-da-balanca-comercial-brasil-teve-queda-nas-importacoes.html\" style=\"color:blue; text-decoration:underline\"><span style=\"font-size:14.0pt\">Com recorde positivo no saldo da balan&ccedil;a comercial, Brasil teve queda nas importa&ccedil;&otilde;es<\/span><\/a><\/span><\/span><\/span><\/p>\r\n\r\n<p style=\"text-align:justify\"><span style=\"font-size:11pt\"><span style=\"line-height:normal\"><span style=\"font-family:Calibri,sans-serif\"><a href=\"https:\/\/www.diariodepernambuco.com.br\/noticia\/economia\/2024\/01\/alckmin-encontra-representante-da-ue-e-retoma-negociacoes-do-mercosul.html\" style=\"color:blue; text-decoration:underline\"><span style=\"font-size:14.0pt\">Alckmin encontra representante da UE e retoma negocia&ccedil;&otilde;es sobre Mercosul<\/span><\/a><\/span><\/span><\/span><\/p>\r\n\r\n<p style=\"text-align:justify\"><span style=\"font-size:11pt\"><span style=\"line-height:normal\"><span style=\"font-family:Calibri,sans-serif\"><a href=\"https:\/\/mercadoeconsumo.com.br\/22\/01\/2024\/nrf-retails-big-show\/brasil-coreia-do-sul-e-oriente-medio-vao-liderar-mercado-de-luxo-nos-proximos-anos\/?utm_campaign=news_2201_-_geral&amp;utm_medium=email&amp;utm_source=RD+Station&amp;cn-reloaded=1\" style=\"color:blue; text-decoration:underline\"><span style=\"font-size:14.0pt\">Cal&ccedil;ados | Brasil, Coreia do Sul e Oriente M&eacute;dio v&atilde;o liderar mercado de luxo nos pr&oacute;ximos anos<\/span><\/a><\/span><\/span><\/span><\/p>\r\n\r\n<p style=\"text-align:justify\"><span style=\"font-size:28pt\"><span style=\"font-family:Cambria,serif\"><span style=\"letter-spacing:-0.5pt\"><b><span style=\"font-size:18.0pt\"><span style=\"font-family:&quot;Calibri&quot;,sans-serif\"><span style=\"font-variant:small-caps\">Economia<\/span><\/span><\/span><\/b><\/span><\/span><\/span><\/p>\r\n\r\n<p style=\"text-align:justify\"><span style=\"font-size:11pt\"><span style=\"line-height:normal\"><span style=\"font-family:Calibri,sans-serif\"><a href=\"https:\/\/www.bcb.gov.br\/content\/focus\/focus\/R20240119.pdf\" style=\"color:blue; text-decoration:underline\"><span style=\"font-size:14.0pt\">Focus &ndash; Relat&oacute;rio de Mercado<\/span><\/a><\/span><\/span><\/span><\/p>\r\n\r\n<p style=\"text-align:justify\"><span style=\"font-size:11pt\"><span style=\"line-height:normal\"><span style=\"font-family:Calibri,sans-serif\"><a href=\"https:\/\/sovos.com\/pt-br\/blog\/tributos\/governo-prepara-tres-projetos-de-lei-pos-reforma-tributaria-e-junta-regimes-diferenciados\/?mkt_tok=MzM0LUhWTi0yNDkAAAGQwYfI9oE-iy-jb_ZXX0JbTatQKP6yiWx-M7Pe4gZ1gd5HhzB_Cx5hWW4xx9r_yRViIufexNpZzqDpDOZlrZYXZdVBlRyvjBq2vj9yiI3ucqw\" style=\"color:blue; text-decoration:underline\"><span style=\"font-size:14.0pt\">Governo prepara tr&ecirc;s projetos de lei p&oacute;s-reforma tribut&aacute;ria e junta regimes diferenciados<\/span><\/a><\/span><\/span><\/span><\/p>\r\n\r\n<p style=\"text-align:justify\"><span style=\"font-size:11pt\"><span style=\"line-height:normal\"><span style=\"font-family:Calibri,sans-serif\"><a href=\"https:\/\/sovos.com\/pt-br\/blog\/tributos\/icms-vai-subir-em-dez-estados-e-no-df-veja-qual-sera-o-impacto-para-o-consumidor\/?mkt_tok=MzM0LUhWTi0yNDkAAAGQwYfI9trsmAlHPlgCrJc9-ctBCMRsQ0w0BOfpz81B2OcSTHeVkYkHy9ibqcHankciq_oebZNEUksZFADhEJACh2kkNUEuoj7IFvNIp6La4X4\" style=\"color:blue; text-decoration:underline\"><span style=\"font-size:14.0pt\">ICMS vai subir em dez estados e no DF<\/span><\/a><\/span><\/span><\/span><\/p>\r\n\r\n<p style=\"text-align:justify\"><span style=\"font-size:11pt\"><span style=\"line-height:normal\"><span style=\"font-family:Calibri,sans-serif\"><a href=\"https:\/\/ibre.fgv.br\/blog-da-conjuntura-economica\/artigos\/em-se-tratando-de-equilibrio-fiscal-e-importante-olhar-para\" style=\"color:blue; text-decoration:underline\"><span style=\"font-size:14.0pt\">&ldquo;Em se tratando de equil&iacute;brio fiscal, &eacute; importante olhar para a floresta, n&atilde;o somente para a &aacute;rvore&rdquo;<\/span><\/a><\/span><\/span><\/span><\/p>\r\n\r\n<p style=\"text-align:justify\"><span style=\"font-size:11pt\"><span style=\"line-height:normal\"><span style=\"font-family:Calibri,sans-serif\"><a href=\"https:\/\/www.infomoney.com.br\/economia\/producao-industrial-nos-eua-sobe-01-em-dezembro-ante-novembro\/\" style=\"color:blue; text-decoration:underline\"><span style=\"font-size:14.0pt\">Produ&ccedil;&atilde;o industrial nos EUA sobe 0,1% em dezembro ante novembro<\/span><\/a><\/span><\/span><\/span><\/p>\r\n","texto_en":"","7":"","imagem":"COMP_capa-2024-site-boletim-abint-noticias-semanis_20240124115016g3iRjYYflC.jpg","8":"COMP_capa-2024-site-boletim-abint-noticias-semanis_20240124115016g3iRjYYflC.jpg","arquivo":"20240123-BOLETIM-ABINT-DE-NOTICIAS-SEMANAIS.PDF","9":"20240123-BOLETIM-ABINT-DE-NOTICIAS-SEMANAIS.PDF","titulo_arquivo":"20240123 Boletim ABINT de Not\u00edcias Semanais","10":"20240123 Boletim ABINT de Not\u00edcias Semanais","titulo_arquivo_en":"","11":"","created_at":"2024-01-24 11:50:25","12":"2024-01-24 11:50:25","updated_at":"2024-01-24 11:50:25","13":"2024-01-24 11:50:25"},{"id":97,"0":97,"ordem":126,"1":126,"data":"2024-01-16","2":"2024-01-16","slug":"boletim-abint-de-noticias-semanais-12","3":"boletim-abint-de-noticias-semanais-12","titulo":"Boletim ABINT de Not\u00edcias Semanais","4":"Boletim ABINT de Not\u00edcias Semanais","titulo_en":"","5":"","texto":"<p style=\"text-align:justify\"><span style=\"font-size:11pt\"><span style=\"line-height:normal\"><span style=\"font-family:Calibri,sans-serif\"><span style=\"font-size:14.0pt\">Esta &eacute; uma compila&ccedil;&atilde;o das not&iacute;cias mais relevantes para o setor, incluindo informa&ccedil;&otilde;es sobre acordos internacionais, economia brasileira, sustentabilidade e mat&eacute;rias primas, al&eacute;m de novidades do setor de N&atilde;otecidos e Tecidos T&eacute;cnicos.<\/span><\/span><\/span><\/span><\/p>\r\n\r\n<p style=\"text-align:justify\"><span style=\"font-size:28pt\"><span style=\"font-family:Cambria,serif\"><span style=\"letter-spacing:-0.5pt\"><b><span style=\"font-size:18.0pt\"><span calibri=\"\" style=\"font-family:\"><span style=\"font-variant:small-caps\">O que vem por a&iacute;<\/span><\/span><\/span><\/b><\/span><\/span><\/span><\/p>\r\n\r\n<p style=\"text-align:justify\"><img src=\"https:\/\/www.abint.org.br\/assets\/img\/editor\/logo-ctg-abint-png_20240117202532O3Z7MEXAXI.png\" style=\"width: 300px; height: 55px;\" \/><\/p>\r\n\r\n<p style=\"text-align:justify\"><img src=\"https:\/\/www.abint.org.br\/assets\/img\/editor\/20240123-live-ctg-instagram-fernando-e-leo_20240117202615rqzEW7OLjF.jpeg\" style=\"width: 500px; height: 500px;\" \/><\/p>\r\n\r\n<p class=\"MsoTitle\" style=\"text-align:justify\"><span style=\"font-size:28pt\"><span style=\"font-family:Cambria,serif\"><span style=\"letter-spacing:-0.5pt\"><b><span lang=\"EN-US\" style=\"font-size:18.0pt\"><span calibri=\"\" style=\"font-family:\"><span style=\"font-variant:small-caps\">Not&iacute;cias das Associadas<\/span><\/span><\/span><\/b><\/span><\/span><\/span><\/p>\r\n\r\n<p style=\"text-align:justify\"><span style=\"font-size:11pt\"><span style=\"line-height:normal\"><span style=\"font-family:Calibri,sans-serif\"><a href=\"https:\/\/www.nonwovens-industry.com\/contents\/view_breaking-news\/2023-12-19\/suominen-launches-biolace-with-cotton-to-the-american-market\/15303?widget=listSection\" style=\"color:blue; text-decoration:underline\"><span lang=\"EN-US\" style=\"font-size:14.0pt\">Suominen Launches Biolace with Cotton to the American Market<\/span><\/a><\/span><\/span><\/span><\/p>\r\n\r\n<p style=\"text-align:justify\">&nbsp;<\/p>\r\n\r\n<p style=\"text-align:justify\"><span style=\"font-size:11pt\"><span style=\"line-height:normal\"><span style=\"font-family:Calibri,sans-serif\"><b><span style=\"font-size:18.0pt\"><span style=\"font-variant:small-caps\">Eventos<\/span><\/span><\/b><\/span><\/span><\/span><\/p>\r\n\r\n<p style=\"text-align:justify\">&nbsp;<\/p>\r\n\r\n<p style=\"text-align:justify\"><span style=\"font-size:11pt\"><span style=\"line-height:normal\"><span style=\"font-family:Calibri,sans-serif\"><b><span style=\"font-size:14.0pt\">EDANA | MENA Nonwovens Conference&trade; 2024<\/span><\/b><span class=\"MsoHyperlink\" style=\"color:blue\"><span style=\"text-decoration:underline\"><span style=\"font-size:14.0pt\"><span style=\"text-decoration:none\"><span style=\"text-underline:none\">, 24&ndash;25 January 2024, Jumeirah Beach Hotel, Dubai. <\/span><\/span><\/span><\/span><\/span><a href=\"https:\/\/edana.idloom.events\/mena-nonwovens?ct=t%28OutAsia+31+Oct+Call+for+papers_COPY_01%29&amp;mc_cid=fca68e0df5&amp;mc_eid=08e0eae351\" style=\"color:blue; text-decoration:underline\"><span style=\"font-size:14.0pt\">Information here<\/span><\/a> <\/span><\/span><\/span><\/p>\r\n\r\n<p style=\"text-align:justify\"><span style=\"font-size:11pt\"><span style=\"line-height:normal\"><span style=\"font-family:Calibri,sans-serif\"><b><span style=\"font-size:14.0pt\">Etiquetagem de t&ecirc;xtil com &ecirc;nfase na norma ABNT NBR MM 3758:2013<\/span><\/b><span class=\"MsoHyperlink\" style=\"color:blue\"><span style=\"text-decoration:underline\"><span style=\"font-size:14.0pt\"><span style=\"text-decoration:none\"><span style=\"text-underline:none\">, 05 e 06 de fevereiro de 2024 (e mais 3 turmas). <\/span><\/span><\/span><\/span><\/span><a href=\"https:\/\/api.whatsapp.com\/send?phone=551130173680\" style=\"color:blue; text-decoration:underline\"><span style=\"font-size:14.0pt\">Informa&ccedil;&otilde;es aqui<\/span><\/a> <\/span><\/span><\/span><\/p>\r\n\r\n<p style=\"text-align:justify\"><span style=\"font-size:11pt\"><span style=\"line-height:normal\"><span style=\"font-family:Calibri,sans-serif\"><b><span style=\"font-size:14.0pt\">GEOAMERICAS 2024, <\/span><\/b><span style=\"font-size:14.0pt\">de 28 de abril a 01 de maio de 2024, em Toronto (Canad&aacute;). <\/span><a href=\"https:\/\/www.geoamericas2024.org\/\" style=\"color:blue; text-decoration:underline\"><span lang=\"EN-US\" style=\"font-size:14.0pt\">Informa&ccedil;&otilde;es aqui.<\/span><\/a><\/span><\/span><\/span><\/p>\r\n\r\n<p style=\"text-align:justify\"><span style=\"font-size:11pt\"><span style=\"line-height:normal\"><span style=\"font-family:Calibri,sans-serif\"><b><span lang=\"EN-US\" style=\"font-size:14.0pt\">ANEX 2024 | Asia Nonwoven Exhibition and Conference<\/span><\/b><span lang=\"EN-US\" style=\"font-size:14.0pt\">, 22-24 May 2024, Taipei Nangang Exhibition Center, Hall 1. <\/span><a href=\"https:\/\/www.anex2024.com\/\" style=\"color:blue; text-decoration:underline\"><span lang=\"EN-US\" style=\"font-size:14.0pt\">Information here<\/span><\/a> <\/span><\/span><\/span><\/p>\r\n\r\n<p style=\"text-align:justify\"><span style=\"font-size:11pt\"><span style=\"line-height:normal\"><span style=\"font-family:Calibri,sans-serif\"><b><span lang=\"EN-US\" style=\"font-size:14.0pt\">The EDANA Innovation Forum<\/span><\/b><span class=\"MsoHyperlink\" style=\"color:blue\"><span style=\"text-decoration:underline\"><span lang=\"EN-US\" style=\"font-size:14.0pt\"><span style=\"text-decoration:none\"><span style=\"text-underline:none\">, 04 - 06 June 2024, Munich. <\/span><\/span><\/span><\/span><\/span><a href=\"https:\/\/www.edana.org\/events\/edana-innovation-forum-?ct=t(MENA_2018_call_for_papers6_28_2017_COPY_01)&amp;mc_cid=27efeab42f&amp;mc_eid=08e0eae351\" style=\"color:blue; text-decoration:underline\"><span lang=\"EN-US\" style=\"font-size:14.0pt\">Information here<\/span><\/a><\/span><\/span><\/span><\/p>\r\n\r\n<p style=\"text-align:justify\"><span style=\"font-size:11pt\"><span style=\"line-height:normal\"><span style=\"font-family:Calibri,sans-serif\"><b><span lang=\"EN-US\" style=\"font-size:14.0pt\">HIGITEX 2024 | International Technical Textiles &amp; Nonwoven Exhibition<\/span><\/b><span lang=\"EN-US\" style=\"font-size:14.0pt\">, 4-8 June 2024, T&uuml;yap Fair Convention and Congress Center, T&uuml;rkiye. <\/span><a href=\"https:\/\/www.hightex.com.tr\/\" style=\"color:blue; text-decoration:underline\"><span style=\"font-size:14.0pt\">Information here<\/span><\/a> <\/span><\/span><\/span><\/p>\r\n\r\n<p style=\"text-align:justify\"><span style=\"font-size:11pt\"><span style=\"line-height:normal\"><span style=\"font-family:Calibri,sans-serif\"><b><span style=\"font-size:14.0pt\">FEIPLAR COMPOSITES &amp; FEIPUR &ndash; Feira e Congresso Internacionais de Composites, Poliuretano, Pl&aacute;sticos de Engenharia e Compostos Termopl&aacute;sticos<\/span><\/b><span style=\"font-size:14.0pt\">, 20 a 22 de agosto de 2024, S&atilde;o Paulo Expo (Pavilh&atilde;o 5), palestras: das 8h30 &agrave;s 18h, feira: das 13h &agrave;s 20h.<b> <\/b><\/span><a href=\"http:\/\/www.feiplar.com\" style=\"color:blue; text-decoration:underline\"><span lang=\"EN-US\" style=\"font-size:14.0pt\">www.feiplar.com<\/span><\/a> <\/span><\/span><\/span><\/p>\r\n\r\n<p style=\"text-align:justify\"><span style=\"font-size:11pt\"><span style=\"line-height:normal\"><span style=\"font-family:Calibri,sans-serif\"><b><span style=\"font-size:14.0pt\">HospitalMed 2024<\/span><\/b><span style=\"font-size:14.0pt\">, 23 a 25 de outubro, das 14h &agrave;s 20h, no Pernambuco Centro de Conven&ccedil;&otilde;es. <\/span><a href=\"http:\/\/www.hospitalmed.com.br\" style=\"color:blue; text-decoration:underline\"><span style=\"font-size:14.0pt\">www.hospitalmed.com.br<\/span><\/a> <\/span><\/span><\/span><\/p>\r\n\r\n<p style=\"text-align:justify\"><span style=\"font-size:28pt\"><span style=\"font-family:Cambria,serif\"><span style=\"letter-spacing:-0.5pt\"><b><span style=\"font-size:18.0pt\"><span calibri=\"\" style=\"font-family:\"><span style=\"font-variant:small-caps\">Setor<\/span><\/span><\/span><\/b><\/span><\/span><\/span><\/p>\r\n\r\n<p style=\"text-align:justify\"><span style=\"font-size:11pt\"><span style=\"line-height:normal\"><span style=\"font-family:Calibri,sans-serif\"><a href=\"https:\/\/economia.uol.com.br\/noticias\/estadao-conteudo\/2024\/01\/01\/industria-textil-ve-reacao-timida-em-2024-e-defende-taxacao-de-compras-internacionais.htm\" style=\"color:blue; text-decoration:underline\"><span style=\"font-size:14.0pt\">Ind&uacute;stria t&ecirc;xtil v&ecirc; rea&ccedil;&atilde;o t&iacute;mida em 2024 e defende taxa&ccedil;&atilde;o de compras internacionais<\/span><\/a><\/span><\/span><\/span><\/p>\r\n\r\n<p style=\"text-align:justify\"><span style=\"font-size:11pt\"><span style=\"line-height:normal\"><span style=\"font-family:Calibri,sans-serif\"><a href=\"http:\/\/comunidadtextil.com\/wpnews\/2023\/12\/la-produccion-mundial-de-las-fibras-sinteticas-sigue-siendo-mayor-que-la-de-las-naturales\/?utm_source=email_marketing&amp;utm_admin=28519&amp;utm_medium=email&amp;utm_campaign=NOTICIAS_de_las_Industrias_Textil_Confecciones_y_Moda\" style=\"color:blue; text-decoration:underline\"><span style=\"font-size:14.0pt\">La producci&oacute;n mundial de las fibras sint&eacute;ticas sigue siendo mayor que la de las naturales<\/span><\/a><\/span><\/span><\/span><\/p>\r\n\r\n<p style=\"text-align:justify\"><span style=\"font-size:11pt\"><span style=\"line-height:normal\"><span style=\"font-family:Calibri,sans-serif\"><a href=\"https:\/\/www.innovationintextiles.com\/strong-showing-for-edana-forum\/\" style=\"color:blue; text-decoration:underline\"><span style=\"font-size:14.0pt\">Strong showing for EDANA forum<\/span><\/a><\/span><\/span><\/span><\/p>\r\n\r\n<p style=\"text-align:justify\"><span style=\"font-size:11pt\"><span style=\"line-height:normal\"><span style=\"font-family:Calibri,sans-serif\"><a href=\"https:\/\/abrafac.org.br\/artigos-publicados\/na-saude-a-infraestrutura-vai-alem-de-predios-e-equipamentos\/\" style=\"color:blue; text-decoration:underline\"><span style=\"font-size:14.0pt\">Na Sa&uacute;de a Infraestrutura Vai Al&eacute;m De Pr&eacute;dios E Equipamentos!<\/span><\/a><\/span><\/span><\/span><\/p>\r\n\r\n<p style=\"text-align:justify\"><span style=\"font-size:11pt\"><span style=\"line-height:normal\"><span style=\"font-family:Calibri,sans-serif\"><a href=\"https:\/\/www.technicaltextile.net\/news\/2023-medical-textile-innovations-that-can-transform-healthcare-292107.html\" style=\"color:blue; text-decoration:underline\"><span lang=\"EN-US\" style=\"font-size:14.0pt\">2023: Medical textile innovations that can transform healthcare<\/span><\/a><\/span><\/span><\/span><\/p>\r\n\r\n<p style=\"text-align:justify\"><span style=\"font-size:11pt\"><span style=\"line-height:normal\"><span style=\"font-family:Calibri,sans-serif\"><a href=\"https:\/\/www.nonwovens-industry.com\/contents\/view_breaking-news\/2024-01-12\/researchers-develop-pla-based-sheet-mask\/15303\" style=\"color:blue; text-decoration:underline\"><span lang=\"EN-US\" style=\"font-size:14.0pt\">Researchers Develop PLA-Based Sheet Mask<\/span><\/a><\/span><\/span><\/span><\/p>\r\n\r\n<p style=\"text-align:justify\"><span style=\"font-size:11pt\"><span style=\"line-height:normal\"><span style=\"font-family:Calibri,sans-serif\"><a href=\"https:\/\/maceio.al.gov.br\/noticias\/seminfra\/prefeitura-fecha-2023-com-obras-de-protecao-e-contencao-em-20-encostas-de-maceio\" style=\"color:blue; text-decoration:underline\"><span style=\"font-size:14.0pt\">Geomanta: prefeitura fecha 2023 com obras de prote&ccedil;&atilde;o e conten&ccedil;&atilde;o em 20 encostas de Macei&oacute;<\/span><\/a><\/span><\/span><\/span><\/p>\r\n\r\n<p style=\"text-align:justify\"><span style=\"font-size:11pt\"><span style=\"line-height:normal\"><span style=\"font-family:Calibri,sans-serif\"><a href=\"https:\/\/portalmenina.com.br\/geomembrana-e-instalada-apos-debate-sobre-solucoes-para-a-lagoa-de-tratamento\/\" style=\"color:blue; text-decoration:underline\"><span style=\"font-size:14.0pt\">Geomembrana &eacute; instalada ap&oacute;s debate sobre solu&ccedil;&otilde;es para a Lagoa de Tratamento<\/span><\/a><\/span><\/span><\/span><\/p>\r\n\r\n<p style=\"text-align:justify\"><span style=\"font-size:11pt\"><span style=\"line-height:normal\"><span style=\"font-family:Calibri,sans-serif\"><a href=\"https:\/\/www.nonwovens-industry.com\/issues\/2024-01-01\/view_features\/innovation-continues-in-the-baby-diaper-market?utm_campaign=NON+eNewsletter&amp;utm_medium=email&amp;_hsmi=289655037&amp;_hsenc=p2ANqtz-_jQOqoeJbDz4PAcFYMaZylSgT3T9wK-XCIoPzx_ftjHHMbogMs2MI2G-Aocz9286qy3fowL2VLdzsdel0MjelNKD2XCg&amp;utm_content=289655037&amp;utm_source=hs_email\" style=\"color:blue; text-decoration:underline\"><span lang=\"EN-US\" style=\"font-size:14.0pt\">Innovation Continues in the Baby Diaper Market<\/span><\/a><\/span><\/span><\/span><\/p>\r\n\r\n<p style=\"text-align:justify\"><span style=\"font-size:11pt\"><span style=\"line-height:normal\"><span style=\"font-family:Calibri,sans-serif\"><a href=\"https:\/\/www.nonwovens-industry.com\/contents\/view_breaking-news\/2024-01-08\/world-of-wipes-innovation-award-nominations-open\/15303\" style=\"color:blue; text-decoration:underline\"><span lang=\"EN-US\" style=\"font-size:14.0pt\">World of Wipes Innovation Award Nominations Open<\/span><\/a><\/span><\/span><\/span><\/p>\r\n\r\n<p style=\"text-align:justify\"><span style=\"font-size:28pt\"><span style=\"font-family:Cambria,serif\"><span style=\"letter-spacing:-0.5pt\"><b><span lang=\"EN-US\" style=\"font-size:18.0pt\"><span calibri=\"\" style=\"font-family:\"><span style=\"font-variant:small-caps\">Ind&uacute;stria<\/span><\/span><\/span><\/b><\/span><\/span><\/span><\/p>\r\n\r\n<p style=\"text-align:justify\"><span style=\"font-size:11pt\"><span style=\"line-height:normal\"><span style=\"font-family:Calibri,sans-serif\"><a href=\"https:\/\/www.innovationintextiles.com\/industry-talk\/perfect-storm-could-break-global-supply-chains\/\" style=\"color:blue; text-decoration:underline\"><span lang=\"EN-US\" style=\"font-size:14.0pt\">&lsquo;Perfect storm&rsquo; could break global supply chains,<\/span><\/a><\/span><\/span><\/span><\/p>\r\n\r\n<p style=\"text-align:justify\"><span style=\"font-size:11pt\"><span style=\"line-height:normal\"><span style=\"font-family:Calibri,sans-serif\"><a href=\"https:\/\/portalibre.fgv.br\/system\/files\/2023-12\/sondagem-da-industria-fgv_press-release_dez23_1.pdf\" style=\"color:blue; text-decoration:underline\"><span style=\"font-size:14.0pt\">Confian&ccedil;a da Ind&uacute;stria atinge melhor resultado desde outubro de 2022<\/span><\/a><\/span><\/span><\/span><\/p>\r\n\r\n<p style=\"text-align:justify\"><span style=\"font-size:11pt\"><span style=\"line-height:normal\"><span style=\"font-family:Calibri,sans-serif\"><a href=\"https:\/\/noticias.portaldaindustria.com.br\/noticias\/economia\/industria-inicia-2024-mais-otimista-aponta-pesquisa-da-cni\/\" style=\"color:blue; text-decoration:underline\"><span style=\"font-size:14.0pt\">Ind&uacute;stria inicia 2024 mais otimista, aponta pesquisa da CNI<\/span><\/a><\/span><\/span><\/span><\/p>\r\n\r\n<p style=\"text-align:justify\"><span style=\"font-size:11pt\"><span style=\"line-height:normal\"><span style=\"font-family:Calibri,sans-serif\"><a href=\"https:\/\/portalibre.fgv.br\/noticias\/espera-das-regras-da-nova-politica-industrial\" style=\"color:blue; text-decoration:underline\"><span style=\"font-size:14.0pt\">&Agrave; espera das regras da nova pol&iacute;tica industrial<\/span><\/a><\/span><\/span><\/span><\/p>\r\n\r\n<p style=\"text-align:justify\"><span style=\"font-size:11pt\"><span style=\"line-height:normal\"><span style=\"font-family:Calibri,sans-serif\"><a href=\"https:\/\/autoesporte.globo.com\/mercado\/noticia\/2024\/01\/producao-de-veiculos-cai-19percent-no-brasil-em-2023-diz-anfavea.ghtml\" style=\"color:blue; text-decoration:underline\"><span style=\"font-size:14.0pt\">Produ&ccedil;&atilde;o de ve&iacute;culos cai 1,9% no Brasil em 2023, diz Anfavea<\/span><\/a><\/span><\/span><\/span><\/p>\r\n\r\n<p style=\"text-align:justify\"><span style=\"font-size:11pt\"><span style=\"line-height:normal\"><span style=\"font-family:Calibri,sans-serif\"><a href=\"https:\/\/www.abcmais.com\/economia\/setor-calcadista-o-que-explica-as-mais-de-7-mil-demissoes-na-industria-entre-janeiro-e-novembro\/\" style=\"color:blue; text-decoration:underline\"><span style=\"font-size:14.0pt\">SETOR CAL&Ccedil;ADISTA: O que explica as mais de 7 mil demiss&otilde;es na ind&uacute;stria entre janeiro e novembro?<\/span><\/a><\/span><\/span><\/span><\/p>\r\n\r\n<p style=\"text-align:justify\"><span style=\"font-size:11pt\"><span style=\"line-height:normal\"><span style=\"font-family:Calibri,sans-serif\"><a href=\"https:\/\/exclink.exclusivo.com.br\/cl\/PRExG\/E6A\/4b2b\/LCFJkUKAOaB\/BLUJ\/Daab8ZDZZKI\/3\/\" style=\"color:blue; text-decoration:underline\"><span style=\"font-size:14.0pt\">Cal&ccedil;ados: Mercado de luxo deve movimentar R$ 130 bilh&otilde;es at&eacute; 2030 no Brasil<\/span><\/a><\/span><\/span><\/span><\/p>\r\n\r\n<p style=\"text-align:justify\"><span style=\"font-size:11pt\"><span style=\"line-height:normal\"><span style=\"font-family:Calibri,sans-serif\"><a href=\"https:\/\/grandesconstrucoes.com.br\/Noticias\/Exibir\/novo-pac-garante-recursos-para-fortalecer-transporte-ferroviario-no-brasil?utm_source=akna&amp;utm_medium=email&amp;utm_campaign=Grandes-Construcoes-Informativo-894-11-01-2024&amp;utm_source=akna&amp;utm_medium=email&amp;utm_campaign=Grandes-Construcoes-Informativo-894-11-01-2024\" style=\"color:blue; text-decoration:underline\"><span style=\"font-size:14.0pt\">Novo PAC garante recursos para fortalecer transporte ferrovi&aacute;rio no Brasil<\/span><\/a><\/span><\/span><\/span><\/p>\r\n\r\n<p style=\"text-align:justify\"><span style=\"font-size:11pt\"><span style=\"line-height:normal\"><span style=\"font-family:Calibri,sans-serif\"><a href=\"https:\/\/economia.uol.com.br\/noticias\/estadao-conteudo\/2023\/12\/27\/deficit-do-brasil-em-produtos-quimicos-soma-us-433-bi-ate-novembro-diz-abiquim.htm\" style=\"color:blue; text-decoration:underline\"><span style=\"font-size:14.0pt\">D&eacute;ficit do Brasil em produtos qu&iacute;micos soma US$ 43,3 bi at&eacute; novembro, diz Abiquim<\/span><\/a><\/span><\/span><\/span><\/p>\r\n\r\n<p style=\"text-align:justify\"><span style=\"font-size:11pt\"><span style=\"line-height:normal\"><span style=\"font-family:Calibri,sans-serif\"><a href=\"https:\/\/www.woodmac.com\/news\/opinion\/upstream-oil-gas-2024-outlook\/?utm_source=newsletters+epbr&amp;utm_campaign=59dca71e5b-epbr-comece-seu-dia_20230724_COPY_01&amp;utm_medium=email&amp;utm_term=0_5931171aac-59dca71e5b-466362780\" style=\"color:blue; text-decoration:underline\"><span lang=\"EN-US\" style=\"font-size:14.0pt\">Upstream oil &amp; gas: region-by-region predictions for 2024<\/span><\/a><\/span><\/span><\/span><\/p>\r\n\r\n<p style=\"text-align:justify\"><span style=\"font-size:11pt\"><span style=\"line-height:normal\"><span style=\"font-family:Calibri,sans-serif\"><a href=\"https:\/\/mercadoeconsumo.com.br\/03\/01\/2024\/gestao\/quase-metade-das-empresas-veem-urgencia-em-aperfeicoar-a-area-de-compliance\/?utm_campaign=news_0301_-_geral&amp;utm_medium=email&amp;utm_source=RD+Station\" style=\"color:blue; text-decoration:underline\"><span style=\"font-size:14.0pt\">Quase metade das empresas veem urg&ecirc;ncia em aperfei&ccedil;oar a &aacute;rea de Compliance<\/span><\/a><\/span><\/span><\/span><\/p>\r\n\r\n<p style=\"text-align:justify\"><span style=\"font-size:28pt\"><span style=\"font-family:Cambria,serif\"><span style=\"letter-spacing:-0.5pt\"><b><span style=\"font-size:18.0pt\"><span calibri=\"\" style=\"font-family:\"><span style=\"font-variant:small-caps\">Sustentabilidade<\/span><\/span><\/span><\/b><\/span><\/span><\/span><\/p>\r\n\r\n<p style=\"text-align:justify\"><span style=\"font-size:11pt\"><span style=\"line-height:normal\"><span style=\"font-family:Calibri,sans-serif\"><a href=\"https:\/\/exclink.exclusivo.com.br\/cl\/PQ_6L\/E6A\/d378\/LCFJkUKAOaB\/BLUJ\/KC2RUWUFCaX\/3\/\" style=\"color:blue; text-decoration:underline\"><span style=\"font-size:14.0pt\">Cal&ccedil;ado biodegrad&aacute;vel: t&ecirc;nis usados s&atilde;o transformados em adubo agr&iacute;cola<\/span><\/a><\/span><\/span><\/span><\/p>\r\n\r\n<p style=\"text-align:justify\"><span style=\"font-size:11pt\"><span style=\"line-height:normal\"><span style=\"font-family:Calibri,sans-serif\"><a href=\"https:\/\/grandesconstrucoes.com.br\/Noticias\/Exibir\/obras-sustentaveis-sao-uma-das-principais-tendencias-para-o-mercado-da--construcao-civil-em-2024?utm_source=akna&amp;utm_medium=email&amp;utm_campaign=Grandes-Construcoes-Informativo-894-11-01-2024&amp;utm_source=akna&amp;utm_medium=email&amp;utm_campaign=Grandes-Construcoes-Informativo-894-11-01-2024\" style=\"color:blue; text-decoration:underline\"><span style=\"font-size:14.0pt\">Obras sustent&aacute;veis s&atilde;o uma das principais tend&ecirc;ncias para o mercado da constru&ccedil;&atilde;o civil em 2024<\/span><\/a><\/span><\/span><\/span><\/p>\r\n\r\n<p style=\"text-align:justify\"><span style=\"font-size:11pt\"><span style=\"line-height:normal\"><span style=\"font-family:Calibri,sans-serif\"><a href=\"https:\/\/www.innovationintextiles.com\/high-recycled-content-in-acoustic-components\/\" style=\"color:blue; text-decoration:underline\"><span lang=\"EN-US\" style=\"font-size:14.0pt\">Nonwovens\/converting: high recycled content in acoustic components<\/span><\/a><\/span><\/span><\/span><\/p>\r\n\r\n<p style=\"text-align:justify\"><span style=\"font-size:11pt\"><span style=\"line-height:normal\"><span style=\"font-family:Calibri,sans-serif\"><a href=\"https:\/\/noticias.portaldaindustria.com.br\/noticias\/sustentabilidade\/o-que-industrias-brasileiras-estao-fazendo-para-ser-mais-sustentaveis\/\" style=\"color:blue; text-decoration:underline\"><span style=\"font-size:14.0pt\">O que ind&uacute;strias brasileiras est&atilde;o fazendo para ser mais sustent&aacute;veis?<\/span><\/a><\/span><\/span><\/span><\/p>\r\n\r\n<p style=\"text-align:justify\"><span style=\"font-size:28pt\"><span style=\"font-family:Cambria,serif\"><span style=\"letter-spacing:-0.5pt\"><b><span style=\"font-size:18.0pt\"><span calibri=\"\" style=\"font-family:\"><span style=\"font-variant:small-caps\">Inova&ccedil;&atilde;o<\/span><\/span><\/span><\/b><\/span><\/span><\/span><\/p>\r\n\r\n<p style=\"text-align:justify\"><span style=\"font-size:11pt\"><span style=\"line-height:normal\"><span style=\"font-family:Calibri,sans-serif\"><a href=\"https:\/\/exclink.exclusivo.com.br\/cl\/PRCul\/E6A\/bdaa\/LCFJkUKAOaB\/BLUJ\/KSFdE8ONBs6\/3\/\" style=\"color:blue; text-decoration:underline\"><span style=\"font-size:14.0pt\">Baga&ccedil;os de uva viram mat&eacute;ria-prima para a produ&ccedil;&atilde;o de bolsas e cal&ccedil;ados de luxo<\/span><\/a><\/span><\/span><\/span><\/p>\r\n\r\n<p style=\"text-align:justify\"><span style=\"font-size:11pt\"><span style=\"line-height:normal\"><span style=\"font-family:Calibri,sans-serif\"><a href=\"https:\/\/techxplore.com\/news\/2023-12-full-day-solar-powered-bidirectional-thermoregulatory-temperatures.html?utm_source=nwletter&amp;utm_medium=email&amp;utm_campaign=daily-nwletter\" style=\"color:blue; text-decoration:underline\"><span lang=\"EN-US\" style=\"font-size:14.0pt\">Full-day, solar-powered, bidirectional thermoregulatory clothing that can respond to changing temperatures<\/span><\/a><\/span><\/span><\/span><\/p>\r\n\r\n<p style=\"text-align:justify\"><span style=\"font-size:11pt\"><span style=\"line-height:normal\"><span style=\"font-family:Calibri,sans-serif\"><a href=\"https:\/\/www.innovationintextiles.com\/sustainable-and-affordable-wellness-fabrics-empowered-by-nanobionic\/\" style=\"color:blue; text-decoration:underline\"><span lang=\"EN-US\" style=\"font-size:14.0pt\">Smart Textiles: sustainable and affordable wellness fabrics empowered by Nanobionic<\/span><\/a><\/span><\/span><\/span><\/p>\r\n\r\n<p style=\"text-align:justify\"><span style=\"font-size:28pt\"><span style=\"font-family:Cambria,serif\"><span style=\"letter-spacing:-0.5pt\"><b><span style=\"font-size:18.0pt\"><span calibri=\"\" style=\"font-family:\"><span style=\"font-variant:small-caps\">Com&eacute;rcio Exterior<\/span><\/span><\/span><\/b><\/span><\/span><\/span><\/p>\r\n\r\n<p style=\"text-align:justify\"><span style=\"font-size:11pt\"><span style=\"line-height:normal\"><span style=\"font-family:Calibri,sans-serif\"><a href=\"https:\/\/abiquim.org.br\/comunicacao\/noticia\/11112\" style=\"color:blue; text-decoration:underline\"><span style=\"font-size:14.0pt\">Confira as 10 medidas econ&ocirc;micas anunciadas pela Argentina e como elas podem impactar o com&eacute;rcio exterior<\/span><\/a><\/span><\/span><\/span><\/p>\r\n\r\n<p style=\"text-align:justify\"><span style=\"font-size:11pt\"><span style=\"line-height:normal\"><span style=\"font-family:Calibri,sans-serif\"><a href=\"https:\/\/www.datamarnews.com\/pt\/noticias\/argentina-lanca-novo-sistema-de-estatisticas-de-importacao-para-agilizar-o-comercio\/\" style=\"color:blue; text-decoration:underline\"><span style=\"font-size:14.0pt\">Argentina lan&ccedil;a novo sistema de estat&iacute;sticas de importa&ccedil;&atilde;o para agilizar o com&eacute;rcio<\/span><\/a><\/span><\/span><\/span><\/p>\r\n\r\n<p style=\"text-align:justify\"><span style=\"font-size:11pt\"><span style=\"line-height:normal\"><span style=\"font-family:Calibri,sans-serif\"><a href=\"https:\/\/indiantextilejournal.com\/indias-textile-industry-set-to-weave-global-success\/\" style=\"color:blue; text-decoration:underline\"><span lang=\"EN-US\" style=\"font-size:14.0pt\">India&rsquo;s textile industry set to weave global success<\/span><\/a><\/span><\/span><\/span><\/p>\r\n\r\n<p style=\"text-align:justify\"><span style=\"font-size:11pt\"><span style=\"line-height:normal\"><span style=\"font-family:Calibri,sans-serif\"><a href=\"https:\/\/indiantextilejournal.com\/synthetic-textile-industry-urges-increased-duty-drawback-amidst-crisis\/\" style=\"color:blue; text-decoration:underline\"><span lang=\"EN-US\" style=\"font-size:14.0pt\">India: Synthetic textile industry urges increased duty drawback amidst crisis<\/span><\/a><\/span><\/span><\/span><\/p>\r\n\r\n<p style=\"text-align:justify\"><span style=\"font-size:28pt\"><span style=\"font-family:Cambria,serif\"><span style=\"letter-spacing:-0.5pt\"><b><span style=\"font-size:18.0pt\"><span calibri=\"\" style=\"font-family:\"><span style=\"font-variant:small-caps\">Economia<\/span><\/span><\/span><\/b><\/span><\/span><\/span><\/p>\r\n\r\n<p style=\"text-align:justify\"><span style=\"font-size:11pt\"><span style=\"line-height:normal\"><span style=\"font-family:Calibri,sans-serif\"><a href=\"https:\/\/www.bcb.gov.br\/content\/focus\/focus\/R20240112.pdf\" style=\"color:blue; text-decoration:underline\"><span style=\"font-size:14.0pt\">Focus &ndash; Relat&oacute;rio de Mercado<\/span><\/a><\/span><\/span><\/span><\/p>\r\n\r\n<p style=\"text-align:justify\"><span style=\"font-size:11pt\"><span style=\"line-height:normal\"><span style=\"font-family:Calibri,sans-serif\"><a href=\"https:\/\/portalibre.fgv.br\/noticias\/politica-fiscal-um-balanco-de-2023-e-perspectivas-para-2024\" style=\"color:blue; text-decoration:underline\"><span style=\"font-size:14.0pt\">Pol&iacute;tica fiscal: um balan&ccedil;o de 2023 e perspectivas para 2024<\/span><\/a><\/span><\/span><\/span><\/p>\r\n\r\n<p style=\"text-align:justify\"><span style=\"font-size:11pt\"><span style=\"line-height:normal\"><span style=\"font-family:Calibri,sans-serif\"><a href=\"https:\/\/portalibre.fgv.br\/system\/files\/2024-01\/barometros-globais-kof-fgv_press-release_01_2024_0.pdf\" style=\"color:blue; text-decoration:underline\"><span style=\"font-size:14.0pt\">Bar&ocirc;metros em fase ascendente<\/span><\/a><\/span><\/span><\/span><\/p>\r\n\r\n<p style=\"text-align:justify\"><span style=\"font-size:11pt\"><span style=\"line-height:normal\"><span style=\"font-family:Calibri,sans-serif\"><a href=\"https:\/\/portalibre.fgv.br\/noticias\/mundo-comeca-2024-mais-otimista-com-economia-mas-e-preciso-cautela\" style=\"color:blue; text-decoration:underline\"><span style=\"font-size:14.0pt\">Mundo come&ccedil;a 2024 mais otimista com a economia, mas &eacute; preciso cautela<\/span><\/a><\/span><\/span><\/span><\/p>\r\n\r\n<p style=\"text-align:justify\"><span style=\"font-size:11pt\"><span style=\"line-height:normal\"><span style=\"font-family:Calibri,sans-serif\"><a href=\"https:\/\/portalibre.fgv.br\/noticias\/o-que-nos-espera-este-ano-no-campo-economico\" style=\"color:blue; text-decoration:underline\"><span style=\"font-size:14.0pt\">O que nos espera este ano no campo econ&ocirc;mico?<\/span><\/a><\/span><\/span><\/span><\/p>\r\n\r\n<p style=\"text-align:justify\">&nbsp;<\/p>\r\n\r\n<p style=\"text-align:justify\"><span style=\"font-size:11pt\"><span style=\"line-height:normal\"><span style=\"font-family:Calibri,sans-serif\"><span style=\"font-size:14.0pt\"><img src=\"https:\/\/www.abint.org.br\/assets\/img\/editor\/redes-sociais-abint-ctg-cth_202401172029337tlund0qh8.jpg\" \/><\/span><\/span><\/span><\/span><\/p>\r\n\r\n<p style=\"text-align:justify\">&nbsp;<\/p>\r\n","6":"<p style=\"text-align:justify\"><span style=\"font-size:11pt\"><span style=\"line-height:normal\"><span style=\"font-family:Calibri,sans-serif\"><span style=\"font-size:14.0pt\">Esta &eacute; uma compila&ccedil;&atilde;o das not&iacute;cias mais relevantes para o setor, incluindo informa&ccedil;&otilde;es sobre acordos internacionais, economia brasileira, sustentabilidade e mat&eacute;rias primas, al&eacute;m de novidades do setor de N&atilde;otecidos e Tecidos T&eacute;cnicos.<\/span><\/span><\/span><\/span><\/p>\r\n\r\n<p style=\"text-align:justify\"><span style=\"font-size:28pt\"><span style=\"font-family:Cambria,serif\"><span style=\"letter-spacing:-0.5pt\"><b><span style=\"font-size:18.0pt\"><span calibri=\"\" style=\"font-family:\"><span style=\"font-variant:small-caps\">O que vem por a&iacute;<\/span><\/span><\/span><\/b><\/span><\/span><\/span><\/p>\r\n\r\n<p style=\"text-align:justify\"><img src=\"https:\/\/www.abint.org.br\/assets\/img\/editor\/logo-ctg-abint-png_20240117202532O3Z7MEXAXI.png\" style=\"width: 300px; height: 55px;\" \/><\/p>\r\n\r\n<p style=\"text-align:justify\"><img src=\"https:\/\/www.abint.org.br\/assets\/img\/editor\/20240123-live-ctg-instagram-fernando-e-leo_20240117202615rqzEW7OLjF.jpeg\" style=\"width: 500px; height: 500px;\" \/><\/p>\r\n\r\n<p class=\"MsoTitle\" style=\"text-align:justify\"><span style=\"font-size:28pt\"><span style=\"font-family:Cambria,serif\"><span style=\"letter-spacing:-0.5pt\"><b><span lang=\"EN-US\" style=\"font-size:18.0pt\"><span calibri=\"\" style=\"font-family:\"><span style=\"font-variant:small-caps\">Not&iacute;cias das Associadas<\/span><\/span><\/span><\/b><\/span><\/span><\/span><\/p>\r\n\r\n<p style=\"text-align:justify\"><span style=\"font-size:11pt\"><span style=\"line-height:normal\"><span style=\"font-family:Calibri,sans-serif\"><a href=\"https:\/\/www.nonwovens-industry.com\/contents\/view_breaking-news\/2023-12-19\/suominen-launches-biolace-with-cotton-to-the-american-market\/15303?widget=listSection\" style=\"color:blue; text-decoration:underline\"><span lang=\"EN-US\" style=\"font-size:14.0pt\">Suominen Launches Biolace with Cotton to the American Market<\/span><\/a><\/span><\/span><\/span><\/p>\r\n\r\n<p style=\"text-align:justify\">&nbsp;<\/p>\r\n\r\n<p style=\"text-align:justify\"><span style=\"font-size:11pt\"><span style=\"line-height:normal\"><span style=\"font-family:Calibri,sans-serif\"><b><span style=\"font-size:18.0pt\"><span style=\"font-variant:small-caps\">Eventos<\/span><\/span><\/b><\/span><\/span><\/span><\/p>\r\n\r\n<p style=\"text-align:justify\">&nbsp;<\/p>\r\n\r\n<p style=\"text-align:justify\"><span style=\"font-size:11pt\"><span style=\"line-height:normal\"><span style=\"font-family:Calibri,sans-serif\"><b><span style=\"font-size:14.0pt\">EDANA | MENA Nonwovens Conference&trade; 2024<\/span><\/b><span class=\"MsoHyperlink\" style=\"color:blue\"><span style=\"text-decoration:underline\"><span style=\"font-size:14.0pt\"><span style=\"text-decoration:none\"><span style=\"text-underline:none\">, 24&ndash;25 January 2024, Jumeirah Beach Hotel, Dubai. <\/span><\/span><\/span><\/span><\/span><a href=\"https:\/\/edana.idloom.events\/mena-nonwovens?ct=t%28OutAsia+31+Oct+Call+for+papers_COPY_01%29&amp;mc_cid=fca68e0df5&amp;mc_eid=08e0eae351\" style=\"color:blue; text-decoration:underline\"><span style=\"font-size:14.0pt\">Information here<\/span><\/a> <\/span><\/span><\/span><\/p>\r\n\r\n<p style=\"text-align:justify\"><span style=\"font-size:11pt\"><span style=\"line-height:normal\"><span style=\"font-family:Calibri,sans-serif\"><b><span style=\"font-size:14.0pt\">Etiquetagem de t&ecirc;xtil com &ecirc;nfase na norma ABNT NBR MM 3758:2013<\/span><\/b><span class=\"MsoHyperlink\" style=\"color:blue\"><span style=\"text-decoration:underline\"><span style=\"font-size:14.0pt\"><span style=\"text-decoration:none\"><span style=\"text-underline:none\">, 05 e 06 de fevereiro de 2024 (e mais 3 turmas). <\/span><\/span><\/span><\/span><\/span><a href=\"https:\/\/api.whatsapp.com\/send?phone=551130173680\" style=\"color:blue; text-decoration:underline\"><span style=\"font-size:14.0pt\">Informa&ccedil;&otilde;es aqui<\/span><\/a> <\/span><\/span><\/span><\/p>\r\n\r\n<p style=\"text-align:justify\"><span style=\"font-size:11pt\"><span style=\"line-height:normal\"><span style=\"font-family:Calibri,sans-serif\"><b><span style=\"font-size:14.0pt\">GEOAMERICAS 2024, <\/span><\/b><span style=\"font-size:14.0pt\">de 28 de abril a 01 de maio de 2024, em Toronto (Canad&aacute;). <\/span><a href=\"https:\/\/www.geoamericas2024.org\/\" style=\"color:blue; text-decoration:underline\"><span lang=\"EN-US\" style=\"font-size:14.0pt\">Informa&ccedil;&otilde;es aqui.<\/span><\/a><\/span><\/span><\/span><\/p>\r\n\r\n<p style=\"text-align:justify\"><span style=\"font-size:11pt\"><span style=\"line-height:normal\"><span style=\"font-family:Calibri,sans-serif\"><b><span lang=\"EN-US\" style=\"font-size:14.0pt\">ANEX 2024 | Asia Nonwoven Exhibition and Conference<\/span><\/b><span lang=\"EN-US\" style=\"font-size:14.0pt\">, 22-24 May 2024, Taipei Nangang Exhibition Center, Hall 1. <\/span><a href=\"https:\/\/www.anex2024.com\/\" style=\"color:blue; text-decoration:underline\"><span lang=\"EN-US\" style=\"font-size:14.0pt\">Information here<\/span><\/a> <\/span><\/span><\/span><\/p>\r\n\r\n<p style=\"text-align:justify\"><span style=\"font-size:11pt\"><span style=\"line-height:normal\"><span style=\"font-family:Calibri,sans-serif\"><b><span lang=\"EN-US\" style=\"font-size:14.0pt\">The EDANA Innovation Forum<\/span><\/b><span class=\"MsoHyperlink\" style=\"color:blue\"><span style=\"text-decoration:underline\"><span lang=\"EN-US\" style=\"font-size:14.0pt\"><span style=\"text-decoration:none\"><span style=\"text-underline:none\">, 04 - 06 June 2024, Munich. <\/span><\/span><\/span><\/span><\/span><a href=\"https:\/\/www.edana.org\/events\/edana-innovation-forum-?ct=t(MENA_2018_call_for_papers6_28_2017_COPY_01)&amp;mc_cid=27efeab42f&amp;mc_eid=08e0eae351\" style=\"color:blue; text-decoration:underline\"><span lang=\"EN-US\" style=\"font-size:14.0pt\">Information here<\/span><\/a><\/span><\/span><\/span><\/p>\r\n\r\n<p style=\"text-align:justify\"><span style=\"font-size:11pt\"><span style=\"line-height:normal\"><span style=\"font-family:Calibri,sans-serif\"><b><span lang=\"EN-US\" style=\"font-size:14.0pt\">HIGITEX 2024 | International Technical Textiles &amp; Nonwoven Exhibition<\/span><\/b><span lang=\"EN-US\" style=\"font-size:14.0pt\">, 4-8 June 2024, T&uuml;yap Fair Convention and Congress Center, T&uuml;rkiye. <\/span><a href=\"https:\/\/www.hightex.com.tr\/\" style=\"color:blue; text-decoration:underline\"><span style=\"font-size:14.0pt\">Information here<\/span><\/a> <\/span><\/span><\/span><\/p>\r\n\r\n<p style=\"text-align:justify\"><span style=\"font-size:11pt\"><span style=\"line-height:normal\"><span style=\"font-family:Calibri,sans-serif\"><b><span style=\"font-size:14.0pt\">FEIPLAR COMPOSITES &amp; FEIPUR &ndash; Feira e Congresso Internacionais de Composites, Poliuretano, Pl&aacute;sticos de Engenharia e Compostos Termopl&aacute;sticos<\/span><\/b><span style=\"font-size:14.0pt\">, 20 a 22 de agosto de 2024, S&atilde;o Paulo Expo (Pavilh&atilde;o 5), palestras: das 8h30 &agrave;s 18h, feira: das 13h &agrave;s 20h.<b> <\/b><\/span><a href=\"http:\/\/www.feiplar.com\" style=\"color:blue; text-decoration:underline\"><span lang=\"EN-US\" style=\"font-size:14.0pt\">www.feiplar.com<\/span><\/a> <\/span><\/span><\/span><\/p>\r\n\r\n<p style=\"text-align:justify\"><span style=\"font-size:11pt\"><span style=\"line-height:normal\"><span style=\"font-family:Calibri,sans-serif\"><b><span style=\"font-size:14.0pt\">HospitalMed 2024<\/span><\/b><span style=\"font-size:14.0pt\">, 23 a 25 de outubro, das 14h &agrave;s 20h, no Pernambuco Centro de Conven&ccedil;&otilde;es. <\/span><a href=\"http:\/\/www.hospitalmed.com.br\" style=\"color:blue; text-decoration:underline\"><span style=\"font-size:14.0pt\">www.hospitalmed.com.br<\/span><\/a> <\/span><\/span><\/span><\/p>\r\n\r\n<p style=\"text-align:justify\"><span style=\"font-size:28pt\"><span style=\"font-family:Cambria,serif\"><span style=\"letter-spacing:-0.5pt\"><b><span style=\"font-size:18.0pt\"><span calibri=\"\" style=\"font-family:\"><span style=\"font-variant:small-caps\">Setor<\/span><\/span><\/span><\/b><\/span><\/span><\/span><\/p>\r\n\r\n<p style=\"text-align:justify\"><span style=\"font-size:11pt\"><span style=\"line-height:normal\"><span style=\"font-family:Calibri,sans-serif\"><a href=\"https:\/\/economia.uol.com.br\/noticias\/estadao-conteudo\/2024\/01\/01\/industria-textil-ve-reacao-timida-em-2024-e-defende-taxacao-de-compras-internacionais.htm\" style=\"color:blue; text-decoration:underline\"><span style=\"font-size:14.0pt\">Ind&uacute;stria t&ecirc;xtil v&ecirc; rea&ccedil;&atilde;o t&iacute;mida em 2024 e defende taxa&ccedil;&atilde;o de compras internacionais<\/span><\/a><\/span><\/span><\/span><\/p>\r\n\r\n<p style=\"text-align:justify\"><span style=\"font-size:11pt\"><span style=\"line-height:normal\"><span style=\"font-family:Calibri,sans-serif\"><a href=\"http:\/\/comunidadtextil.com\/wpnews\/2023\/12\/la-produccion-mundial-de-las-fibras-sinteticas-sigue-siendo-mayor-que-la-de-las-naturales\/?utm_source=email_marketing&amp;utm_admin=28519&amp;utm_medium=email&amp;utm_campaign=NOTICIAS_de_las_Industrias_Textil_Confecciones_y_Moda\" style=\"color:blue; text-decoration:underline\"><span style=\"font-size:14.0pt\">La producci&oacute;n mundial de las fibras sint&eacute;ticas sigue siendo mayor que la de las naturales<\/span><\/a><\/span><\/span><\/span><\/p>\r\n\r\n<p style=\"text-align:justify\"><span style=\"font-size:11pt\"><span style=\"line-height:normal\"><span style=\"font-family:Calibri,sans-serif\"><a href=\"https:\/\/www.innovationintextiles.com\/strong-showing-for-edana-forum\/\" style=\"color:blue; text-decoration:underline\"><span style=\"font-size:14.0pt\">Strong showing for EDANA forum<\/span><\/a><\/span><\/span><\/span><\/p>\r\n\r\n<p style=\"text-align:justify\"><span style=\"font-size:11pt\"><span style=\"line-height:normal\"><span style=\"font-family:Calibri,sans-serif\"><a href=\"https:\/\/abrafac.org.br\/artigos-publicados\/na-saude-a-infraestrutura-vai-alem-de-predios-e-equipamentos\/\" style=\"color:blue; text-decoration:underline\"><span style=\"font-size:14.0pt\">Na Sa&uacute;de a Infraestrutura Vai Al&eacute;m De Pr&eacute;dios E Equipamentos!<\/span><\/a><\/span><\/span><\/span><\/p>\r\n\r\n<p style=\"text-align:justify\"><span style=\"font-size:11pt\"><span style=\"line-height:normal\"><span style=\"font-family:Calibri,sans-serif\"><a href=\"https:\/\/www.technicaltextile.net\/news\/2023-medical-textile-innovations-that-can-transform-healthcare-292107.html\" style=\"color:blue; text-decoration:underline\"><span lang=\"EN-US\" style=\"font-size:14.0pt\">2023: Medical textile innovations that can transform healthcare<\/span><\/a><\/span><\/span><\/span><\/p>\r\n\r\n<p style=\"text-align:justify\"><span style=\"font-size:11pt\"><span style=\"line-height:normal\"><span style=\"font-family:Calibri,sans-serif\"><a href=\"https:\/\/www.nonwovens-industry.com\/contents\/view_breaking-news\/2024-01-12\/researchers-develop-pla-based-sheet-mask\/15303\" style=\"color:blue; text-decoration:underline\"><span lang=\"EN-US\" style=\"font-size:14.0pt\">Researchers Develop PLA-Based Sheet Mask<\/span><\/a><\/span><\/span><\/span><\/p>\r\n\r\n<p style=\"text-align:justify\"><span style=\"font-size:11pt\"><span style=\"line-height:normal\"><span style=\"font-family:Calibri,sans-serif\"><a href=\"https:\/\/maceio.al.gov.br\/noticias\/seminfra\/prefeitura-fecha-2023-com-obras-de-protecao-e-contencao-em-20-encostas-de-maceio\" style=\"color:blue; text-decoration:underline\"><span style=\"font-size:14.0pt\">Geomanta: prefeitura fecha 2023 com obras de prote&ccedil;&atilde;o e conten&ccedil;&atilde;o em 20 encostas de Macei&oacute;<\/span><\/a><\/span><\/span><\/span><\/p>\r\n\r\n<p style=\"text-align:justify\"><span style=\"font-size:11pt\"><span style=\"line-height:normal\"><span style=\"font-family:Calibri,sans-serif\"><a href=\"https:\/\/portalmenina.com.br\/geomembrana-e-instalada-apos-debate-sobre-solucoes-para-a-lagoa-de-tratamento\/\" style=\"color:blue; text-decoration:underline\"><span style=\"font-size:14.0pt\">Geomembrana &eacute; instalada ap&oacute;s debate sobre solu&ccedil;&otilde;es para a Lagoa de Tratamento<\/span><\/a><\/span><\/span><\/span><\/p>\r\n\r\n<p style=\"text-align:justify\"><span style=\"font-size:11pt\"><span style=\"line-height:normal\"><span style=\"font-family:Calibri,sans-serif\"><a href=\"https:\/\/www.nonwovens-industry.com\/issues\/2024-01-01\/view_features\/innovation-continues-in-the-baby-diaper-market?utm_campaign=NON+eNewsletter&amp;utm_medium=email&amp;_hsmi=289655037&amp;_hsenc=p2ANqtz-_jQOqoeJbDz4PAcFYMaZylSgT3T9wK-XCIoPzx_ftjHHMbogMs2MI2G-Aocz9286qy3fowL2VLdzsdel0MjelNKD2XCg&amp;utm_content=289655037&amp;utm_source=hs_email\" style=\"color:blue; text-decoration:underline\"><span lang=\"EN-US\" style=\"font-size:14.0pt\">Innovation Continues in the Baby Diaper Market<\/span><\/a><\/span><\/span><\/span><\/p>\r\n\r\n<p style=\"text-align:justify\"><span style=\"font-size:11pt\"><span style=\"line-height:normal\"><span style=\"font-family:Calibri,sans-serif\"><a href=\"https:\/\/www.nonwovens-industry.com\/contents\/view_breaking-news\/2024-01-08\/world-of-wipes-innovation-award-nominations-open\/15303\" style=\"color:blue; text-decoration:underline\"><span lang=\"EN-US\" style=\"font-size:14.0pt\">World of Wipes Innovation Award Nominations Open<\/span><\/a><\/span><\/span><\/span><\/p>\r\n\r\n<p style=\"text-align:justify\"><span style=\"font-size:28pt\"><span style=\"font-family:Cambria,serif\"><span style=\"letter-spacing:-0.5pt\"><b><span lang=\"EN-US\" style=\"font-size:18.0pt\"><span calibri=\"\" style=\"font-family:\"><span style=\"font-variant:small-caps\">Ind&uacute;stria<\/span><\/span><\/span><\/b><\/span><\/span><\/span><\/p>\r\n\r\n<p style=\"text-align:justify\"><span style=\"font-size:11pt\"><span style=\"line-height:normal\"><span style=\"font-family:Calibri,sans-serif\"><a href=\"https:\/\/www.innovationintextiles.com\/industry-talk\/perfect-storm-could-break-global-supply-chains\/\" style=\"color:blue; text-decoration:underline\"><span lang=\"EN-US\" style=\"font-size:14.0pt\">&lsquo;Perfect storm&rsquo; could break global supply chains,<\/span><\/a><\/span><\/span><\/span><\/p>\r\n\r\n<p style=\"text-align:justify\"><span style=\"font-size:11pt\"><span style=\"line-height:normal\"><span style=\"font-family:Calibri,sans-serif\"><a href=\"https:\/\/portalibre.fgv.br\/system\/files\/2023-12\/sondagem-da-industria-fgv_press-release_dez23_1.pdf\" style=\"color:blue; text-decoration:underline\"><span style=\"font-size:14.0pt\">Confian&ccedil;a da Ind&uacute;stria atinge melhor resultado desde outubro de 2022<\/span><\/a><\/span><\/span><\/span><\/p>\r\n\r\n<p style=\"text-align:justify\"><span style=\"font-size:11pt\"><span style=\"line-height:normal\"><span style=\"font-family:Calibri,sans-serif\"><a href=\"https:\/\/noticias.portaldaindustria.com.br\/noticias\/economia\/industria-inicia-2024-mais-otimista-aponta-pesquisa-da-cni\/\" style=\"color:blue; text-decoration:underline\"><span style=\"font-size:14.0pt\">Ind&uacute;stria inicia 2024 mais otimista, aponta pesquisa da CNI<\/span><\/a><\/span><\/span><\/span><\/p>\r\n\r\n<p style=\"text-align:justify\"><span style=\"font-size:11pt\"><span style=\"line-height:normal\"><span style=\"font-family:Calibri,sans-serif\"><a href=\"https:\/\/portalibre.fgv.br\/noticias\/espera-das-regras-da-nova-politica-industrial\" style=\"color:blue; text-decoration:underline\"><span style=\"font-size:14.0pt\">&Agrave; espera das regras da nova pol&iacute;tica industrial<\/span><\/a><\/span><\/span><\/span><\/p>\r\n\r\n<p style=\"text-align:justify\"><span style=\"font-size:11pt\"><span style=\"line-height:normal\"><span style=\"font-family:Calibri,sans-serif\"><a href=\"https:\/\/autoesporte.globo.com\/mercado\/noticia\/2024\/01\/producao-de-veiculos-cai-19percent-no-brasil-em-2023-diz-anfavea.ghtml\" style=\"color:blue; text-decoration:underline\"><span style=\"font-size:14.0pt\">Produ&ccedil;&atilde;o de ve&iacute;culos cai 1,9% no Brasil em 2023, diz Anfavea<\/span><\/a><\/span><\/span><\/span><\/p>\r\n\r\n<p style=\"text-align:justify\"><span style=\"font-size:11pt\"><span style=\"line-height:normal\"><span style=\"font-family:Calibri,sans-serif\"><a href=\"https:\/\/www.abcmais.com\/economia\/setor-calcadista-o-que-explica-as-mais-de-7-mil-demissoes-na-industria-entre-janeiro-e-novembro\/\" style=\"color:blue; text-decoration:underline\"><span style=\"font-size:14.0pt\">SETOR CAL&Ccedil;ADISTA: O que explica as mais de 7 mil demiss&otilde;es na ind&uacute;stria entre janeiro e novembro?<\/span><\/a><\/span><\/span><\/span><\/p>\r\n\r\n<p style=\"text-align:justify\"><span style=\"font-size:11pt\"><span style=\"line-height:normal\"><span style=\"font-family:Calibri,sans-serif\"><a href=\"https:\/\/exclink.exclusivo.com.br\/cl\/PRExG\/E6A\/4b2b\/LCFJkUKAOaB\/BLUJ\/Daab8ZDZZKI\/3\/\" style=\"color:blue; text-decoration:underline\"><span style=\"font-size:14.0pt\">Cal&ccedil;ados: Mercado de luxo deve movimentar R$ 130 bilh&otilde;es at&eacute; 2030 no Brasil<\/span><\/a><\/span><\/span><\/span><\/p>\r\n\r\n<p style=\"text-align:justify\"><span style=\"font-size:11pt\"><span style=\"line-height:normal\"><span style=\"font-family:Calibri,sans-serif\"><a href=\"https:\/\/grandesconstrucoes.com.br\/Noticias\/Exibir\/novo-pac-garante-recursos-para-fortalecer-transporte-ferroviario-no-brasil?utm_source=akna&amp;utm_medium=email&amp;utm_campaign=Grandes-Construcoes-Informativo-894-11-01-2024&amp;utm_source=akna&amp;utm_medium=email&amp;utm_campaign=Grandes-Construcoes-Informativo-894-11-01-2024\" style=\"color:blue; text-decoration:underline\"><span style=\"font-size:14.0pt\">Novo PAC garante recursos para fortalecer transporte ferrovi&aacute;rio no Brasil<\/span><\/a><\/span><\/span><\/span><\/p>\r\n\r\n<p style=\"text-align:justify\"><span style=\"font-size:11pt\"><span style=\"line-height:normal\"><span style=\"font-family:Calibri,sans-serif\"><a href=\"https:\/\/economia.uol.com.br\/noticias\/estadao-conteudo\/2023\/12\/27\/deficit-do-brasil-em-produtos-quimicos-soma-us-433-bi-ate-novembro-diz-abiquim.htm\" style=\"color:blue; text-decoration:underline\"><span style=\"font-size:14.0pt\">D&eacute;ficit do Brasil em produtos qu&iacute;micos soma US$ 43,3 bi at&eacute; novembro, diz Abiquim<\/span><\/a><\/span><\/span><\/span><\/p>\r\n\r\n<p style=\"text-align:justify\"><span style=\"font-size:11pt\"><span style=\"line-height:normal\"><span style=\"font-family:Calibri,sans-serif\"><a href=\"https:\/\/www.woodmac.com\/news\/opinion\/upstream-oil-gas-2024-outlook\/?utm_source=newsletters+epbr&amp;utm_campaign=59dca71e5b-epbr-comece-seu-dia_20230724_COPY_01&amp;utm_medium=email&amp;utm_term=0_5931171aac-59dca71e5b-466362780\" style=\"color:blue; text-decoration:underline\"><span lang=\"EN-US\" style=\"font-size:14.0pt\">Upstream oil &amp; gas: region-by-region predictions for 2024<\/span><\/a><\/span><\/span><\/span><\/p>\r\n\r\n<p style=\"text-align:justify\"><span style=\"font-size:11pt\"><span style=\"line-height:normal\"><span style=\"font-family:Calibri,sans-serif\"><a href=\"https:\/\/mercadoeconsumo.com.br\/03\/01\/2024\/gestao\/quase-metade-das-empresas-veem-urgencia-em-aperfeicoar-a-area-de-compliance\/?utm_campaign=news_0301_-_geral&amp;utm_medium=email&amp;utm_source=RD+Station\" style=\"color:blue; text-decoration:underline\"><span style=\"font-size:14.0pt\">Quase metade das empresas veem urg&ecirc;ncia em aperfei&ccedil;oar a &aacute;rea de Compliance<\/span><\/a><\/span><\/span><\/span><\/p>\r\n\r\n<p style=\"text-align:justify\"><span style=\"font-size:28pt\"><span style=\"font-family:Cambria,serif\"><span style=\"letter-spacing:-0.5pt\"><b><span style=\"font-size:18.0pt\"><span calibri=\"\" style=\"font-family:\"><span style=\"font-variant:small-caps\">Sustentabilidade<\/span><\/span><\/span><\/b><\/span><\/span><\/span><\/p>\r\n\r\n<p style=\"text-align:justify\"><span style=\"font-size:11pt\"><span style=\"line-height:normal\"><span style=\"font-family:Calibri,sans-serif\"><a href=\"https:\/\/exclink.exclusivo.com.br\/cl\/PQ_6L\/E6A\/d378\/LCFJkUKAOaB\/BLUJ\/KC2RUWUFCaX\/3\/\" style=\"color:blue; text-decoration:underline\"><span style=\"font-size:14.0pt\">Cal&ccedil;ado biodegrad&aacute;vel: t&ecirc;nis usados s&atilde;o transformados em adubo agr&iacute;cola<\/span><\/a><\/span><\/span><\/span><\/p>\r\n\r\n<p style=\"text-align:justify\"><span style=\"font-size:11pt\"><span style=\"line-height:normal\"><span style=\"font-family:Calibri,sans-serif\"><a href=\"https:\/\/grandesconstrucoes.com.br\/Noticias\/Exibir\/obras-sustentaveis-sao-uma-das-principais-tendencias-para-o-mercado-da--construcao-civil-em-2024?utm_source=akna&amp;utm_medium=email&amp;utm_campaign=Grandes-Construcoes-Informativo-894-11-01-2024&amp;utm_source=akna&amp;utm_medium=email&amp;utm_campaign=Grandes-Construcoes-Informativo-894-11-01-2024\" style=\"color:blue; text-decoration:underline\"><span style=\"font-size:14.0pt\">Obras sustent&aacute;veis s&atilde;o uma das principais tend&ecirc;ncias para o mercado da constru&ccedil;&atilde;o civil em 2024<\/span><\/a><\/span><\/span><\/span><\/p>\r\n\r\n<p style=\"text-align:justify\"><span style=\"font-size:11pt\"><span style=\"line-height:normal\"><span style=\"font-family:Calibri,sans-serif\"><a href=\"https:\/\/www.innovationintextiles.com\/high-recycled-content-in-acoustic-components\/\" style=\"color:blue; text-decoration:underline\"><span lang=\"EN-US\" style=\"font-size:14.0pt\">Nonwovens\/converting: high recycled content in acoustic components<\/span><\/a><\/span><\/span><\/span><\/p>\r\n\r\n<p style=\"text-align:justify\"><span style=\"font-size:11pt\"><span style=\"line-height:normal\"><span style=\"font-family:Calibri,sans-serif\"><a href=\"https:\/\/noticias.portaldaindustria.com.br\/noticias\/sustentabilidade\/o-que-industrias-brasileiras-estao-fazendo-para-ser-mais-sustentaveis\/\" style=\"color:blue; text-decoration:underline\"><span style=\"font-size:14.0pt\">O que ind&uacute;strias brasileiras est&atilde;o fazendo para ser mais sustent&aacute;veis?<\/span><\/a><\/span><\/span><\/span><\/p>\r\n\r\n<p style=\"text-align:justify\"><span style=\"font-size:28pt\"><span style=\"font-family:Cambria,serif\"><span style=\"letter-spacing:-0.5pt\"><b><span style=\"font-size:18.0pt\"><span calibri=\"\" style=\"font-family:\"><span style=\"font-variant:small-caps\">Inova&ccedil;&atilde;o<\/span><\/span><\/span><\/b><\/span><\/span><\/span><\/p>\r\n\r\n<p style=\"text-align:justify\"><span style=\"font-size:11pt\"><span style=\"line-height:normal\"><span style=\"font-family:Calibri,sans-serif\"><a href=\"https:\/\/exclink.exclusivo.com.br\/cl\/PRCul\/E6A\/bdaa\/LCFJkUKAOaB\/BLUJ\/KSFdE8ONBs6\/3\/\" style=\"color:blue; text-decoration:underline\"><span style=\"font-size:14.0pt\">Baga&ccedil;os de uva viram mat&eacute;ria-prima para a produ&ccedil;&atilde;o de bolsas e cal&ccedil;ados de luxo<\/span><\/a><\/span><\/span><\/span><\/p>\r\n\r\n<p style=\"text-align:justify\"><span style=\"font-size:11pt\"><span style=\"line-height:normal\"><span style=\"font-family:Calibri,sans-serif\"><a href=\"https:\/\/techxplore.com\/news\/2023-12-full-day-solar-powered-bidirectional-thermoregulatory-temperatures.html?utm_source=nwletter&amp;utm_medium=email&amp;utm_campaign=daily-nwletter\" style=\"color:blue; text-decoration:underline\"><span lang=\"EN-US\" style=\"font-size:14.0pt\">Full-day, solar-powered, bidirectional thermoregulatory clothing that can respond to changing temperatures<\/span><\/a><\/span><\/span><\/span><\/p>\r\n\r\n<p style=\"text-align:justify\"><span style=\"font-size:11pt\"><span style=\"line-height:normal\"><span style=\"font-family:Calibri,sans-serif\"><a href=\"https:\/\/www.innovationintextiles.com\/sustainable-and-affordable-wellness-fabrics-empowered-by-nanobionic\/\" style=\"color:blue; text-decoration:underline\"><span lang=\"EN-US\" style=\"font-size:14.0pt\">Smart Textiles: sustainable and affordable wellness fabrics empowered by Nanobionic<\/span><\/a><\/span><\/span><\/span><\/p>\r\n\r\n<p style=\"text-align:justify\"><span style=\"font-size:28pt\"><span style=\"font-family:Cambria,serif\"><span style=\"letter-spacing:-0.5pt\"><b><span style=\"font-size:18.0pt\"><span calibri=\"\" style=\"font-family:\"><span style=\"font-variant:small-caps\">Com&eacute;rcio Exterior<\/span><\/span><\/span><\/b><\/span><\/span><\/span><\/p>\r\n\r\n<p style=\"text-align:justify\"><span style=\"font-size:11pt\"><span style=\"line-height:normal\"><span style=\"font-family:Calibri,sans-serif\"><a href=\"https:\/\/abiquim.org.br\/comunicacao\/noticia\/11112\" style=\"color:blue; text-decoration:underline\"><span style=\"font-size:14.0pt\">Confira as 10 medidas econ&ocirc;micas anunciadas pela Argentina e como elas podem impactar o com&eacute;rcio exterior<\/span><\/a><\/span><\/span><\/span><\/p>\r\n\r\n<p style=\"text-align:justify\"><span style=\"font-size:11pt\"><span style=\"line-height:normal\"><span style=\"font-family:Calibri,sans-serif\"><a href=\"https:\/\/www.datamarnews.com\/pt\/noticias\/argentina-lanca-novo-sistema-de-estatisticas-de-importacao-para-agilizar-o-comercio\/\" style=\"color:blue; text-decoration:underline\"><span style=\"font-size:14.0pt\">Argentina lan&ccedil;a novo sistema de estat&iacute;sticas de importa&ccedil;&atilde;o para agilizar o com&eacute;rcio<\/span><\/a><\/span><\/span><\/span><\/p>\r\n\r\n<p style=\"text-align:justify\"><span style=\"font-size:11pt\"><span style=\"line-height:normal\"><span style=\"font-family:Calibri,sans-serif\"><a href=\"https:\/\/indiantextilejournal.com\/indias-textile-industry-set-to-weave-global-success\/\" style=\"color:blue; text-decoration:underline\"><span lang=\"EN-US\" style=\"font-size:14.0pt\">India&rsquo;s textile industry set to weave global success<\/span><\/a><\/span><\/span><\/span><\/p>\r\n\r\n<p style=\"text-align:justify\"><span style=\"font-size:11pt\"><span style=\"line-height:normal\"><span style=\"font-family:Calibri,sans-serif\"><a href=\"https:\/\/indiantextilejournal.com\/synthetic-textile-industry-urges-increased-duty-drawback-amidst-crisis\/\" style=\"color:blue; text-decoration:underline\"><span lang=\"EN-US\" style=\"font-size:14.0pt\">India: Synthetic textile industry urges increased duty drawback amidst crisis<\/span><\/a><\/span><\/span><\/span><\/p>\r\n\r\n<p style=\"text-align:justify\"><span style=\"font-size:28pt\"><span style=\"font-family:Cambria,serif\"><span style=\"letter-spacing:-0.5pt\"><b><span style=\"font-size:18.0pt\"><span calibri=\"\" style=\"font-family:\"><span style=\"font-variant:small-caps\">Economia<\/span><\/span><\/span><\/b><\/span><\/span><\/span><\/p>\r\n\r\n<p style=\"text-align:justify\"><span style=\"font-size:11pt\"><span style=\"line-height:normal\"><span style=\"font-family:Calibri,sans-serif\"><a href=\"https:\/\/www.bcb.gov.br\/content\/focus\/focus\/R20240112.pdf\" style=\"color:blue; text-decoration:underline\"><span style=\"font-size:14.0pt\">Focus &ndash; Relat&oacute;rio de Mercado<\/span><\/a><\/span><\/span><\/span><\/p>\r\n\r\n<p style=\"text-align:justify\"><span style=\"font-size:11pt\"><span style=\"line-height:normal\"><span style=\"font-family:Calibri,sans-serif\"><a href=\"https:\/\/portalibre.fgv.br\/noticias\/politica-fiscal-um-balanco-de-2023-e-perspectivas-para-2024\" style=\"color:blue; text-decoration:underline\"><span style=\"font-size:14.0pt\">Pol&iacute;tica fiscal: um balan&ccedil;o de 2023 e perspectivas para 2024<\/span><\/a><\/span><\/span><\/span><\/p>\r\n\r\n<p style=\"text-align:justify\"><span style=\"font-size:11pt\"><span style=\"line-height:normal\"><span style=\"font-family:Calibri,sans-serif\"><a href=\"https:\/\/portalibre.fgv.br\/system\/files\/2024-01\/barometros-globais-kof-fgv_press-release_01_2024_0.pdf\" style=\"color:blue; text-decoration:underline\"><span style=\"font-size:14.0pt\">Bar&ocirc;metros em fase ascendente<\/span><\/a><\/span><\/span><\/span><\/p>\r\n\r\n<p style=\"text-align:justify\"><span style=\"font-size:11pt\"><span style=\"line-height:normal\"><span style=\"font-family:Calibri,sans-serif\"><a href=\"https:\/\/portalibre.fgv.br\/noticias\/mundo-comeca-2024-mais-otimista-com-economia-mas-e-preciso-cautela\" style=\"color:blue; text-decoration:underline\"><span style=\"font-size:14.0pt\">Mundo come&ccedil;a 2024 mais otimista com a economia, mas &eacute; preciso cautela<\/span><\/a><\/span><\/span><\/span><\/p>\r\n\r\n<p style=\"text-align:justify\"><span style=\"font-size:11pt\"><span style=\"line-height:normal\"><span style=\"font-family:Calibri,sans-serif\"><a href=\"https:\/\/portalibre.fgv.br\/noticias\/o-que-nos-espera-este-ano-no-campo-economico\" style=\"color:blue; text-decoration:underline\"><span style=\"font-size:14.0pt\">O que nos espera este ano no campo econ&ocirc;mico?<\/span><\/a><\/span><\/span><\/span><\/p>\r\n\r\n<p style=\"text-align:justify\">&nbsp;<\/p>\r\n\r\n<p style=\"text-align:justify\"><span style=\"font-size:11pt\"><span style=\"line-height:normal\"><span style=\"font-family:Calibri,sans-serif\"><span style=\"font-size:14.0pt\"><img src=\"https:\/\/www.abint.org.br\/assets\/img\/editor\/redes-sociais-abint-ctg-cth_202401172029337tlund0qh8.jpg\" \/><\/span><\/span><\/span><\/span><\/p>\r\n\r\n<p style=\"text-align:justify\">&nbsp;<\/p>\r\n","texto_en":"","7":"","imagem":"COMP_capa-2024-site-boletim-abint-noticias-semanis_20240117205759F6Rtr39Kbd.jpg","8":"COMP_capa-2024-site-boletim-abint-noticias-semanis_20240117205759F6Rtr39Kbd.jpg","arquivo":"20240116-BOLETIM-ABINT-DE-NOTICIAS-SEMANAIS.PDF","9":"20240116-BOLETIM-ABINT-DE-NOTICIAS-SEMANAIS.PDF","titulo_arquivo":"20240116 Boletim ABINT de Not\u00edcias Semanais","10":"20240116 Boletim ABINT de Not\u00edcias Semanais","titulo_arquivo_en":"","11":"","created_at":"2024-01-17 20:30:34","12":"2024-01-17 20:30:34","updated_at":"2024-01-17 20:58:08","13":"2024-01-17 20:58:08"},{"id":96,"0":96,"ordem":127,"1":127,"data":"2023-12-20","2":"2023-12-20","slug":"boletim-abint-de-noticias-semanais-11","3":"boletim-abint-de-noticias-semanais-11","titulo":"Boletim ABINT de Not\u00edcias Semanais","4":"Boletim ABINT de Not\u00edcias Semanais","titulo_en":"","5":"","texto":"<p style=\"text-align:justify\"><span style=\"font-size:11pt\"><span style=\"line-height:normal\"><span style=\"font-family:Calibri,sans-serif\"><span style=\"font-size:14.0pt\">Esta &eacute; uma compila&ccedil;&atilde;o das not&iacute;cias mais relevantes para o setor, incluindo informa&ccedil;&otilde;es sobre acordos internacionais, economia brasileira, sustentabilidade e mat&eacute;rias primas, al&eacute;m de novidades do setor de N&atilde;otecidos e Tecidos T&eacute;cnicos.<\/span><\/span><\/span><\/span><\/p>\r\n\r\n<p style=\"text-align:justify\"><span style=\"font-size:28pt\"><span style=\"font-family:Cambria,serif\"><span style=\"letter-spacing:-0.5pt\"><b><span style=\"font-size:18.0pt\"><span calibri=\"\" style=\"font-family:\"><span style=\"font-variant:small-caps\">Not&iacute;cias<\/span><\/span><\/span><\/b><b><span lang=\"EN-US\" style=\"font-size:18.0pt\"><span calibri=\"\" style=\"font-family:\"><span style=\"font-variant:small-caps\"> das Associadas<\/span><\/span><\/span><\/b><\/span><\/span><\/span><\/p>\r\n\r\n<p style=\"text-align:justify\"><span style=\"font-size:11pt\"><span style=\"line-height:normal\"><span style=\"font-family:Calibri,sans-serif\"><a href=\"https:\/\/inforchannel.com.br\/2023\/12\/14\/suzano-e-andritz-se-unem-para-grande-projeto-de-expansao-da-celulose-fluff\/\" style=\"color:blue; text-decoration:underline\"><span style=\"font-size:14.0pt\">Suzano e Andritz se unem para grande projeto de expans&atilde;o da celulose fluff<\/span><\/a><\/span><\/span><\/span><\/p>\r\n\r\n<p style=\"text-align:justify\">&nbsp;<\/p>\r\n\r\n<p style=\"text-align:justify\"><span style=\"font-size:11pt\"><span style=\"line-height:normal\"><span style=\"font-family:Calibri,sans-serif\"><b><span lang=\"EN-US\" style=\"font-size:18.0pt\"><span style=\"font-variant:small-caps\">Eventos<\/span><\/span><\/b><\/span><\/span><\/span><\/p>\r\n\r\n<p style=\"text-align:justify\"><span style=\"font-size:11pt\"><span style=\"line-height:normal\"><span style=\"font-family:Calibri,sans-serif\"><b><span lang=\"EN-US\" style=\"font-size:14.0pt\">HIGITEX 2024 | International Technical Textiles &amp; Nonwoven Exhibition<\/span><\/b><span lang=\"EN-US\" style=\"font-size:14.0pt\">, 4-8 June 2024, T&uuml;yap Fair Convention and Congress Center, T&uuml;rkiye<\/span><\/span><\/span><\/span><\/p>\r\n\r\n<p style=\"text-align:justify\"><span style=\"font-size:11pt\"><span style=\"line-height:normal\"><span style=\"font-family:Calibri,sans-serif\"><b><span style=\"font-size:14.0pt\">FEIPLAR COMPOSITES &amp; FEIPUR &ndash; Feira e Congresso Internacionais de Composites, Poliuretano, Pl&aacute;sticos de Engenharia e Compostos Termopl&aacute;sticos<\/span><\/b><span style=\"font-size:14.0pt\">, 20 a 22 de agosto de 2024, S&atilde;o Paulo Expo (Pavilh&atilde;o 5), palestras: das 8h30 &agrave;s 18h, feira: das 13h &agrave;s 20h.<b> <\/b><\/span><a href=\"http:\/\/www.feiplar.com\" style=\"color:blue; text-decoration:underline\"><span lang=\"EN-US\" style=\"font-size:14.0pt\">www.feiplar.com<\/span><\/a> <\/span><\/span><\/span><\/p>\r\n\r\n<p style=\"text-align:justify\"><span style=\"font-size:11pt\"><span style=\"line-height:normal\"><span style=\"font-family:Calibri,sans-serif\"><b><span lang=\"EN-US\" style=\"font-size:14.0pt\">New Dates Announced for INDEX 26:<\/span><\/b><span lang=\"EN-US\" style=\"font-size:14.0pt\"> Due a conflict with another trade exposition, the organizers of INDEX 26 have changed the dates of the event from the April 21-24, 2026 to May 19-22, 2026. <\/span><a href=\"https:\/\/www.nonwovens-industry.com\/contents\/view_breaking-news\/2023-12-04\/new-dates-announced-for-index-26\/15303\" style=\"color:blue; text-decoration:underline\"><span style=\"font-size:14.0pt\">Information here.<\/span><\/a> <\/span><\/span><\/span><\/p>\r\n\r\n<p style=\"text-align:justify\"><span style=\"font-size:28pt\"><span style=\"font-family:Cambria,serif\"><span style=\"letter-spacing:-0.5pt\"><b><span style=\"font-size:18.0pt\"><span calibri=\"\" style=\"font-family:\"><span style=\"font-variant:small-caps\">Setor<\/span><\/span><\/span><\/b><\/span><\/span><\/span><\/p>\r\n\r\n<p style=\"text-align:justify\"><span style=\"font-size:11pt\"><span style=\"line-height:normal\"><span style=\"font-family:Calibri,sans-serif\"><a href=\"https:\/\/www.nonwovens-industry.com\/contents\/view_features\/2023-12-01\/the-year-that-was-2023?utm_campaign=NON+Issue+Alert&amp;utm_medium=email&amp;_hsmi=286019877&amp;_hsenc=p2ANqtz-8lGeemelm6kqNbT3jPKX520BAvNv6aAmuJBlxpKTBHPNCK3j-WdAqiRzvEaGGWLDNuhwXRP_b53IG1CbBoZ5vAexW4qg&amp;utm_content=286019877&amp;utm_source=hs_email\" style=\"color:blue; text-decoration:underline\"><span lang=\"EN-US\" style=\"font-size:14.0pt\">The Year that Was 2023<\/span><\/a><\/span><\/span><\/span><\/p>\r\n\r\n<p style=\"text-align:justify\"><span style=\"font-size:11pt\"><span style=\"line-height:normal\"><span style=\"font-family:Calibri,sans-serif\"><a href=\"https:\/\/www.uol.com.br\/tilt\/noticias\/redacao\/2023\/12\/14\/roupas-tecnologicas-geram-calor-recarregam-celular-e-viram-tela-touch.htm\" style=\"color:blue; text-decoration:underline\"><span style=\"font-size:14.0pt\">Roupas tecnol&oacute;gicas geram calor, recarregam celular e viram tela &#39;touch&#39;<\/span><\/a><\/span><\/span><\/span><\/p>\r\n\r\n<p style=\"text-align:justify\"><span style=\"font-size:11pt\"><span style=\"line-height:normal\"><span style=\"font-family:Calibri,sans-serif\"><a href=\"https:\/\/jornaldebeltrao.com.br\/agricultura\/regiao-tem-potencial-para-expandir-producao\/\" style=\"color:blue; text-decoration:underline\"><span style=\"font-size:14.0pt\">Plasticultura: Regi&atilde;o tem potencial para expandir produ&ccedil;&atilde;o<\/span><\/a><\/span><\/span><\/span><\/p>\r\n\r\n<p style=\"text-align:justify\"><span style=\"font-size:11pt\"><span style=\"line-height:normal\"><span style=\"font-family:Calibri,sans-serif\"><a href=\"https:\/\/www.nonwovens-industry.com\/contents\/view_features\/2023-12-01\/automotive-market-report?utm_campaign=NON+Issue+Alert&amp;utm_medium=email&amp;_hsmi=286019877&amp;_hsenc=p2ANqtz-8BddOcFLOaMS4mjVuPthxfir-l74DDqgu6uIZh6WQa6HqeV3OP5-Mj2V9jRZ_dHOxCLcpPL00S9kcZ0F_hLjFYOBvtOg&amp;utm_content=286019877&amp;utm_source=hs_email\" style=\"color:blue; text-decoration:underline\"><span lang=\"EN-US\" style=\"font-size:14.0pt\">Automotive Market Report<\/span><\/a><\/span><\/span><\/span><\/p>\r\n\r\n<p style=\"text-align:justify\"><span style=\"font-size:11pt\"><span style=\"line-height:normal\"><span style=\"font-family:Calibri,sans-serif\"><a href=\"https:\/\/www.nonwovens-industry.com\/contents\/view_features\/2023-12-01\/hygiene-suppliers-continue-to-focus-on-innovation?utm_campaign=NON+Issue+Alert&amp;utm_medium=email&amp;_hsmi=286019877&amp;_hsenc=p2ANqtz-9Q0AUn2tqgOb5Q_f4JXA8mguI_7dtczVMCKmswPdHmYq76Poj4A3_aTIzfmmICSfmPao-NZU08Ke4_cDlHfI9lWBLpLg&amp;utm_content=286019877&amp;utm_source=hs_email\" style=\"color:blue; text-decoration:underline\"><span lang=\"EN-US\" style=\"font-size:14.0pt\">Hygiene Suppliers Continue to Focus on Innovation<\/span><\/a><\/span><\/span><\/span><\/p>\r\n\r\n<p style=\"text-align:justify\"><span style=\"font-size:11pt\"><span style=\"line-height:normal\"><span style=\"font-family:Calibri,sans-serif\"><a href=\"https:\/\/www.anahp.com.br\/publicacoes\/esg-nos-hospitais-anahp-2023-resultados-e-boas-praticas\/?utm_campaign=emkt_-_publicacao_esg_-_foco_governanca&amp;utm_medium=email&amp;utm_source=RD+Station\" style=\"color:blue; text-decoration:underline\"><span style=\"font-size:14.0pt\">ESG nos hospitais Anahp 2023: resultados e boas pr&aacute;ticas<\/span><\/a><\/span><\/span><\/span><\/p>\r\n\r\n<p style=\"text-align:justify\"><span style=\"font-size:11pt\"><span style=\"line-height:normal\"><span style=\"font-family:Calibri,sans-serif\"><a href=\"https:\/\/www.anahp.com.br\/noticias\/por-unanimidade-anahp-reelege-conselho-de-administracao-para-proximo-trienio\/?utm_campaign=conselho_de_administracao_anahp_-_gestao_2024-2027_v2&amp;utm_medium=email&amp;utm_source=RD+Station\" style=\"color:blue; text-decoration:underline\"><span style=\"font-size:14.0pt\">Por unanimidade, Anahp reelege Conselho de Administra&ccedil;&atilde;o para pr&oacute;ximo tri&ecirc;nio<\/span><\/a><\/span><\/span><\/span><\/p>\r\n\r\n<p style=\"text-align:justify\"><span style=\"font-size:11pt\"><span style=\"line-height:normal\"><span style=\"font-family:Calibri,sans-serif\"><a href=\"https:\/\/www.nonwovens-industry.com\/contents\/view_features\/2023-12-01\/nonwovens-for-home-amp-office-furnishings?utm_campaign=NON+Issue+Alert&amp;utm_medium=email&amp;_hsmi=286019877&amp;_hsenc=p2ANqtz-920N-ia7b4GoRvveGHkTu5iGz0Ekl42fADNfiddvdREJbceWbSfVCbxeLLi_z3KDjTCfOUXrz01KdVt-jJdzwMnvOf6g&amp;utm_content=286019877&amp;utm_source=hs_email\" style=\"color:blue; text-decoration:underline\"><span style=\"font-size:14.0pt\">Nonwovens for Home &amp; Office Furnishings<\/span><\/a><\/span><\/span><\/span><\/p>\r\n\r\n<p style=\"text-align:justify\"><span style=\"font-size:11pt\"><span style=\"line-height:normal\"><span style=\"font-family:Calibri,sans-serif\"><a href=\"https:\/\/phys.org\/news\/2023-12-pvc.html?utm_source=nwletter&amp;utm_medium=email&amp;utm_campaign=daily-nwletter\" style=\"color:blue; text-decoration:underline\"><span lang=\"EN-US\" style=\"font-size:14.0pt\">US begins review that could eventually lead to PVC ban<\/span><\/a><\/span><\/span><\/span><\/p>\r\n\r\n<p style=\"text-align:justify\"><span style=\"font-size:11pt\"><span style=\"line-height:normal\"><span style=\"font-family:Calibri,sans-serif\"><a href=\"https:\/\/www.technicaltextile.net\/news\/edana-s-mena-nonwovens-conference-scheduled-for-jan-24-25-in-dubai-291819.html#google_vignette\" style=\"color:blue; text-decoration:underline\"><span lang=\"EN-US\" style=\"font-size:14.0pt\">EDANA&#39;s MENA Nonwovens Conference scheduled for Jan 24-25 in Dubai<\/span><\/a><\/span><\/span><\/span><\/p>\r\n\r\n<p style=\"text-align:justify\"><span style=\"font-size:28pt\"><span style=\"font-family:Cambria,serif\"><span style=\"letter-spacing:-0.5pt\"><b><span style=\"font-size:18.0pt\"><span calibri=\"\" style=\"font-family:\"><span style=\"font-variant:small-caps\">Ind&uacute;stria<\/span><\/span><\/span><\/b><\/span><\/span><\/span><\/p>\r\n\r\n<p style=\"text-align:justify\"><span style=\"font-size:11pt\"><span style=\"line-height:normal\"><span style=\"font-family:Calibri,sans-serif\"><a href=\"https:\/\/static.portaldaindustria.com.br\/media\/filer_public\/34\/0f\/340fd657-d4e9-43a0-aabc-a7b6bf96b26f\/desempenho_da_industria_no_mundo_novembro2023_v2.pdf\" style=\"color:blue; text-decoration:underline\"><span style=\"font-size:14.0pt\">Ind&uacute;stria brasileira ganha duas posi&ccedil;&otilde;es no ranking mundial das exporta&ccedil;&otilde;es em 2022<\/span><\/a><\/span><\/span><\/span><\/p>\r\n\r\n<p style=\"text-align:justify\"><span style=\"font-size:11pt\"><span style=\"line-height:normal\"><span style=\"font-family:Calibri,sans-serif\"><a href=\"https:\/\/ibre.fgv.br\/blog-da-conjuntura-economica\/artigos\/manter-produtividade-em-alta-dependera-de-conducao-fiscal-e\" style=\"color:blue; text-decoration:underline\"><span style=\"font-size:14.0pt\">Manter a produtividade em alta depender&aacute; de condu&ccedil;&atilde;o fiscal e desempenho dos servi&ccedil;os, alertam pesquisadores do FGV IBRE<\/span><\/a><\/span><\/span><\/span><\/p>\r\n\r\n<p style=\"text-align:justify\"><span style=\"font-size:11pt\"><span style=\"line-height:normal\"><span style=\"font-family:Calibri,sans-serif\"><a href=\"https:\/\/www.automotivebusiness.com.br\/pt\/posts\/setor-automotivo\/manufatura-40-aumenta-produtividade-industria-38\/#:~:text=Pesquisa%20conduzida%20pela%20Atlas%20Intel,G%C3%A1s%20(48%25)%2C%20respectivamente.\" style=\"color:blue; text-decoration:underline\"><span style=\"font-size:14.0pt\">Manufatura 4.0 aumenta produtividade na ind&uacute;stria em 38%<\/span><\/a><\/span><\/span><\/span><\/p>\r\n\r\n<p style=\"text-align:justify\"><span style=\"font-size:11pt\"><span style=\"line-height:normal\"><span style=\"font-family:Calibri,sans-serif\"><a href=\"https:\/\/noticias.portaldaindustria.com.br\/noticias\/economia\/industria-apresenta-aumento-da-confianca-em-dezembro\/\" style=\"color:blue; text-decoration:underline\"><span style=\"font-size:14.0pt\">Ind&uacute;stria apresenta aumento da confian&ccedil;a em dezembro<\/span><\/a><\/span><\/span><\/span><\/p>\r\n\r\n<p style=\"text-align:justify\"><span style=\"font-size:11pt\"><span style=\"line-height:normal\"><span style=\"font-family:Calibri,sans-serif\"><a href=\"https:\/\/www.balcaoautomotivo.com\/2023\/12\/11\/anfavea-projeta-fechamento-do-ano-com-229-milhoes-de-unidades-emplacadas\/\" style=\"color:blue; text-decoration:underline\"><span style=\"font-size:14.0pt\">Anfavea projeta fechamento do ano com 2,29 milh&otilde;es de unidades emplacadas<\/span><\/a><\/span><\/span><\/span><\/p>\r\n\r\n<p style=\"text-align:justify\"><span style=\"font-size:11pt\"><span style=\"line-height:normal\"><span style=\"font-family:Calibri,sans-serif\"><a href=\"https:\/\/revistamt.com.br\/Materias\/Exibir\/demanda-elevada-para-a-construcao?utm_source=akna&amp;utm_medium=email&amp;utm_campaign=Acao-12-11-Confira-a-nova-edicao-da-Revista-M-T-N-280-DEZ-JAN-2024\" style=\"color:blue; text-decoration:underline\"><span style=\"font-size:14.0pt\">Demanda elevada para a constru&ccedil;&atilde;o<\/span><\/a><\/span><\/span><\/span><\/p>\r\n\r\n<p style=\"text-align:justify\"><span style=\"font-size:11pt\"><span style=\"line-height:normal\"><span style=\"font-family:Calibri,sans-serif\"><a href=\"https:\/\/agenciadenoticias.ibge.gov.br\/agencia-sala-de-imprensa\/2013-agencia-de-noticias\/releases\/38624-em-novembro-indice-nacional-da-construcao-civil-e-de-0-08\" style=\"color:blue; text-decoration:underline\"><span style=\"font-size:14.0pt\">Em novembro, &Iacute;ndice Nacional da Constru&ccedil;&atilde;o Civil &eacute; de 0,08%<\/span><\/a><\/span><\/span><\/span><\/p>\r\n\r\n<p style=\"text-align:justify\"><span style=\"font-size:11pt\"><span style=\"line-height:normal\"><span style=\"font-family:Calibri,sans-serif\"><a href=\"https:\/\/grandesconstrucoes.com.br\/Materias\/Exibir\/retomada-dos-investimentos-e-vital-para-o-pais?utm_source=akna&amp;utm_medium=email&amp;utm_campaign=Confira-a-nova-edicao-da-Revista-GC-N-104-NOV-DEZ-2023\" style=\"color:blue; text-decoration:underline\"><span style=\"font-size:14.0pt\">Retomada dos investimentos &eacute; vital para o pa&iacute;s<\/span><\/a><\/span><\/span><\/span><\/p>\r\n\r\n<p style=\"text-align:justify\"><span style=\"font-size:11pt\"><span style=\"line-height:normal\"><span style=\"font-family:Calibri,sans-serif\"><a href=\"https:\/\/www.moveisdevalor.com.br\/portal\/inmetro-realiza-operacao-na-fiscalizacao-de-colchoes?source=news\" style=\"color:blue; text-decoration:underline\"><span style=\"font-size:14.0pt\">Inmetro realiza opera&ccedil;&atilde;o na fiscaliza&ccedil;&atilde;o de colch&otilde;es<\/span><\/a><\/span><\/span><\/span><\/p>\r\n\r\n<p style=\"text-align:justify\"><span style=\"font-size:11pt\"><span style=\"line-height:normal\"><span style=\"font-family:Calibri,sans-serif\"><a href=\"https:\/\/www.moveisdevalor.com.br\/portal\/inmetro-determina-registro-e-anuencia-na-importacao-de-colchao?source=news\" style=\"color:blue; text-decoration:underline\"><span style=\"font-size:14.0pt\">Inmetro determina registro e anu&ecirc;ncia na importa&ccedil;&atilde;o de colch&atilde;o<\/span><\/a><\/span><\/span><\/span><\/p>\r\n\r\n<p style=\"text-align:justify\"><span style=\"font-size:11pt\"><span style=\"line-height:normal\"><span style=\"font-family:Calibri,sans-serif\"><a href=\"https:\/\/emobile.com.br\/site\/industria\/setor-de-colchoes-impulsionado\/\" style=\"color:blue; text-decoration:underline\"><span style=\"font-size:14.0pt\">Setor de colch&otilde;es impulsionado<\/span><\/a><\/span><\/span><\/span><\/p>\r\n\r\n<p style=\"text-align:justify\"><span style=\"font-size:28pt\"><span style=\"font-family:Cambria,serif\"><span style=\"letter-spacing:-0.5pt\"><b><span style=\"font-size:18.0pt\"><span calibri=\"\" style=\"font-family:\"><span style=\"font-variant:small-caps\">Sustentabilidade<\/span><\/span><\/span><\/b><\/span><\/span><\/span><\/p>\r\n\r\n<p style=\"text-align:justify\"><span style=\"font-size:11pt\"><span style=\"line-height:normal\"><span style=\"font-family:Calibri,sans-serif\"><a href=\"https:\/\/www.gov.br\/ana\/pt-br\/assuntos\/noticias-e-eventos\/noticias\/agencia-nacional-de-aguas-e-saneamento-basico-lanca-edital-de-selecao-publica-para-patrocinios-em-2024\" style=\"color:blue; text-decoration:underline\"><span style=\"font-size:14.0pt\">Ag&ecirc;ncia Nacional de &Aacute;guas e Saneamento B&aacute;sico lan&ccedil;a edital de sele&ccedil;&atilde;o p&uacute;blica para patroc&iacute;nios em 2024<\/span><\/a><\/span><\/span><\/span><\/p>\r\n\r\n<p style=\"text-align:justify\"><span style=\"font-size:11pt\"><span style=\"line-height:normal\"><span style=\"font-family:Calibri,sans-serif\"><a href=\"https:\/\/www.gov.br\/mcti\/pt-br\/acompanhe-o-mcti\/noticias\/2023\/12\/brasil-e-paises-baixos-assinam-acordo-para-fortalecer-cooperacao-em-bioeconomia\" style=\"color:blue; text-decoration:underline\"><span style=\"font-size:14.0pt\">Brasil e Pa&iacute;ses Baixos assinam acordo para fortalecer coopera&ccedil;&atilde;o em bioeconomia<\/span><\/a><\/span><\/span><\/span><\/p>\r\n\r\n<p style=\"text-align:justify\"><span style=\"font-size:11pt\"><span style=\"line-height:normal\"><span style=\"font-family:Calibri,sans-serif\"><a href=\"https:\/\/epbr.com.br\/cop28-aprova-transicao-para-longe-dos-fosseis-no-mesmo-dia-em-que-brasil-amplia-exploracao\/?utm_source=newsletters+epbr&amp;utm_campaign=f915c4f88b-epbr-comece-seu-dia_20230724_COPY_01&amp;utm_medium=email&amp;utm_term=0_5931171aac-f915c4f88b-466362780\" style=\"color:blue; text-decoration:underline\"><span style=\"font-size:14.0pt\">COP28 aprova transi&ccedil;&atilde;o para longe dos f&oacute;sseis no mesmo dia em que Brasil amplia explora&ccedil;&atilde;o<\/span><\/a><\/span><\/span><\/span><\/p>\r\n\r\n<p style=\"text-align:justify\"><span style=\"font-size:28pt\"><span style=\"font-family:Cambria,serif\"><span style=\"letter-spacing:-0.5pt\"><b><span style=\"font-size:18.0pt\"><span calibri=\"\" style=\"font-family:\"><span style=\"font-variant:small-caps\">Inova&ccedil;&atilde;o<\/span><\/span><\/span><\/b><\/span><\/span><\/span><\/p>\r\n\r\n<p style=\"text-align:justify\"><span style=\"font-size:11pt\"><span style=\"line-height:normal\"><span style=\"font-family:Calibri,sans-serif\"><a href=\"https:\/\/www.correiobraziliense.com.br\/economia\/2023\/12\/6669857-sem-inovacao-nao-vamos-muito-longe-diz-diretor-do-mdic.html\" style=\"color:blue; text-decoration:underline\"><span style=\"font-size:14.0pt\">&quot;Sem inova&ccedil;&atilde;o, n&atilde;o vamos muito longe&quot;, diz diretor do Mdic<\/span><\/a><\/span><\/span><\/span><\/p>\r\n\r\n<p style=\"text-align:justify\"><span style=\"font-size:11pt\"><span style=\"line-height:normal\"><span style=\"font-family:Calibri,sans-serif\"><a href=\"https:\/\/www.youtube.com\/watch?v=KFKnecPR8UY\" style=\"color:blue; text-decoration:underline\"><span style=\"font-size:14.0pt\">Pesquisadora do SENAI CETIQT apresenta produtos desenvolvidos pela institui&ccedil;&atilde;o<\/span><\/a><\/span><\/span><\/span><\/p>\r\n\r\n<p style=\"text-align:justify\"><span style=\"font-size:11pt\"><span style=\"line-height:normal\"><span style=\"font-family:Calibri,sans-serif\"><a href=\"https:\/\/www.abc.org.br\/2023\/12\/11\/cnpq-lanca-o-mapa-de-fomento-em-ciencia-tecnologia-e-inovacao\/\" style=\"color:blue; text-decoration:underline\"><span style=\"font-size:14.0pt\">CNPq lan&ccedil;a&nbsp;Mapa de Fomento em Ci&ecirc;ncia, Tecnologia e Inova&ccedil;&atilde;o<\/span><\/a><\/span><\/span><\/span><\/p>\r\n\r\n<p style=\"text-align:justify\"><span style=\"font-size:11pt\"><span style=\"line-height:normal\"><span style=\"font-family:Calibri,sans-serif\"><a href=\"https:\/\/www.gov.br\/cnpq\/pt-br\/assuntos\/noticias\/cnpq-em-acao\/mcti-e-cnpq-anunciam-r-260-milhoes-de-investimentos-em-novos-institutos-nacionais-de-ciencia-e-tecnologia\" style=\"color:blue; text-decoration:underline\"><span style=\"font-size:14.0pt\">MCTI e CNPq anunciam R$ 260 milh&otilde;es de investimentos em novos Institutos Nacionais de Ci&ecirc;ncia e Tecnologia &mdash; Conselho Nacional de Desenvolvimento Cient&iacute;fico e Tecnol&oacute;gico<\/span><\/a><\/span><\/span><\/span><\/p>\r\n\r\n<p style=\"text-align:justify\"><span style=\"font-size:11pt\"><span style=\"line-height:normal\"><span style=\"font-family:Calibri,sans-serif\"><a href=\"https:\/\/phys.org\/news\/2023-12-combine-biopolymers-derived-ocean-synthetic.html?utm_source=nwletter&amp;utm_medium=email&amp;utm_campaign=daily-nwletter#google_vignette\" style=\"color:blue; text-decoration:underline\"><span lang=\"EN-US\" style=\"font-size:14.0pt\">Researchers combine biopolymers derived from the ocean to replace synthetic plastic films<\/span><\/a><\/span><\/span><\/span><\/p>\r\n\r\n<p style=\"text-align:justify\"><span style=\"font-size:11pt\"><span style=\"line-height:normal\"><span style=\"font-family:Calibri,sans-serif\"><a href=\"https:\/\/phys.org\/news\/2023-12-cotton-based-fiber-smart-textiles.html?utm_source=nwletter&amp;utm_medium=email&amp;utm_campaign=daily-nwletter\" style=\"color:blue; text-decoration:underline\"><span lang=\"EN-US\" style=\"font-size:14.0pt\">New conductive, cotton-based fiber developed for smart textiles<\/span><\/a><\/span><\/span><\/span><\/p>\r\n\r\n<p style=\"text-align:justify\"><span style=\"font-size:28pt\"><span style=\"font-family:Cambria,serif\"><span style=\"letter-spacing:-0.5pt\"><b><span style=\"font-size:18.0pt\"><span calibri=\"\" style=\"font-family:\"><span style=\"font-variant:small-caps\">Com&eacute;rcio Exterior<\/span><\/span><\/span><\/b><\/span><\/span><\/span><\/p>\r\n\r\n<p style=\"text-align:justify\"><span style=\"font-size:11pt\"><span style=\"line-height:normal\"><span style=\"font-family:Calibri,sans-serif\"><a href=\"https:\/\/www.gov.br\/mdic\/pt-br\/assuntos\/noticias\/2023\/dezembro\/brasil-comeca-a-debater-revisao-tarifaria-do-mercosul\" style=\"color:blue; text-decoration:underline\"><span style=\"font-size:14.0pt\">Brasil come&ccedil;a a debater revis&atilde;o tarif&aacute;ria do Mercosul<\/span><\/a><\/span><\/span><\/span><\/p>\r\n\r\n<p style=\"text-align:justify\"><span style=\"font-size:11pt\"><span style=\"line-height:normal\"><span style=\"font-family:Calibri,sans-serif\"><a href=\"https:\/\/static.portaldaindustria.com.br\/media\/filer_public\/77\/97\/779707a2-7da8-4d79-a873-e8a2da33fa87\/informepoliticacomercial_23_57_camex-cec-deliberacoes_07122023.pdf\" style=\"color:blue; text-decoration:underline\"><span style=\"font-size:14.0pt\">Delibera&ccedil;&otilde;es do Conselho Estrat&eacute;gico da Camex<\/span><\/a><\/span><\/span><\/span><\/p>\r\n\r\n<p style=\"text-align:justify\"><span style=\"font-size:11pt\"><span style=\"line-height:normal\"><span style=\"font-family:Calibri,sans-serif\"><a href=\"https:\/\/agenciabrasil.ebc.com.br\/economia\/noticia\/2023-12\/balanca-comercial-tera-queda-de-exportacao-e-mais-importacoes-diz-aeb\" style=\"color:blue; text-decoration:underline\"><span style=\"font-size:14.0pt\">Balan&ccedil;a comercial ter&aacute; queda de exporta&ccedil;&atilde;o e mais importa&ccedil;&otilde;es, diz AEB<\/span><\/a><\/span><\/span><\/span><\/p>\r\n\r\n<p><span style=\"font-size:11pt\"><span style=\"line-height:normal\"><span style=\"font-family:Calibri,sans-serif\"><a href=\"https:\/\/www.oecd.org\/sdd\/na\/g20-gdp-growth-Q3-2023.pdf\" style=\"color:blue; text-decoration:underline\"><span lang=\"EN-US\" style=\"font-size:14.0pt\">G20 GDP growth sees little change in the third quarter of 2023<\/span><\/a><\/span><\/span><\/span><\/p>\r\n\r\n<p><span style=\"font-size:11pt\"><span style=\"line-height:normal\"><span style=\"font-family:Calibri,sans-serif\"><a href=\"https:\/\/br.investing.com\/news\/economy\/fed-declara-vitoria-sobre-a-inflacao-mas-economista-alerta-para-o-pior-1189238\" style=\"color:blue; text-decoration:underline\"><span style=\"font-size:14.0pt\">Fed declara vit&oacute;ria sobre a infla&ccedil;&atilde;o, mas economista alerta para o pior<\/span><\/a><\/span><\/span><\/span><\/p>\r\n\r\n<p><span style=\"font-size:11pt\"><span style=\"line-height:normal\"><span style=\"font-family:Calibri,sans-serif\"><a href=\"https:\/\/static.portaldaindustria.com.br\/media\/filer_public\/00\/b3\/00b3f4fc-6b95-4afb-87b0-521214d7a87e\/informepoliticacomercial_23_55_novas_medidas_argentina.pdf\" style=\"color:blue; text-decoration:underline\"><span style=\"font-size:14.0pt\">Governo argentino anuncia novo pacote de medidas e descreve reformas<\/span><\/a><\/span><\/span><\/span><\/p>\r\n\r\n<p><span style=\"font-size:28pt\"><span style=\"font-family:Cambria,serif\"><span style=\"letter-spacing:-0.5pt\"><b><span style=\"font-size:18.0pt\"><span calibri=\"\" style=\"font-family:\"><span style=\"font-variant:small-caps\">Economia<\/span><\/span><\/span><\/b><\/span><\/span><\/span><\/p>\r\n\r\n<p style=\"text-align:justify\"><span style=\"font-size:11pt\"><span style=\"line-height:normal\"><span style=\"font-family:Calibri,sans-serif\"><a href=\"https:\/\/www.bcb.gov.br\/content\/focus\/focus\/R20231215.pdf\" style=\"color:blue; text-decoration:underline\"><span style=\"font-size:14.0pt\">Focus &ndash; Relat&oacute;rio de Mercado<\/span><\/a><\/span><\/span><\/span><\/p>\r\n\r\n<p style=\"text-align:justify\"><span style=\"font-size:11pt\"><span style=\"line-height:normal\"><span style=\"font-family:Calibri,sans-serif\"><a href=\"https:\/\/economia.uol.com.br\/noticias\/estadao-conteudo\/2023\/12\/14\/manutencao-da-desoneracao-da-folha-e-de-extrema-importancia-diz-abimaq.htm\" style=\"color:blue; text-decoration:underline\"><span style=\"font-size:14.0pt\">Manuten&ccedil;&atilde;o da desonera&ccedil;&atilde;o da folha &eacute; de extrema import&acirc;ncia, diz Abimaq<\/span><\/a><\/span><\/span><\/span><\/p>\r\n\r\n<p style=\"text-align:justify\"><span style=\"font-size:11pt\"><span style=\"line-height:normal\"><span style=\"font-family:Calibri,sans-serif\"><a href=\"https:\/\/m.br.investing.com\/news\/economy\/mercado-ve-rombo-primario-maior-em-2023-e-projecao-para-2024-segue-distante-do-deficit-zero-1188845\" style=\"color:blue; text-decoration:underline\"><span style=\"font-size:14.0pt\">Mercado v&ecirc; rombo prim&aacute;rio maior em 2023 e proje&ccedil;&atilde;o para 2024 segue distante do d&eacute;ficit zero<\/span><\/a><\/span><\/span><\/span><\/p>\r\n\r\n<p style=\"text-align:justify\"><span style=\"font-size:11pt\"><span style=\"line-height:normal\"><span style=\"font-family:Calibri,sans-serif\"><a href=\"https:\/\/ibre.fgv.br\/blog-da-conjuntura-economica\/artigos\/tres-visoes-dos-desafios-para-economia-brasileira-em-2024\" style=\"color:blue; text-decoration:underline\"><span style=\"font-size:14.0pt\">Tr&ecirc;s vis&otilde;es dos desafios para a economia brasileira em 2024<\/span><\/a><\/span><\/span><\/span><\/p>\r\n\r\n<p style=\"text-align:justify\"><span style=\"font-size:11pt\"><span style=\"line-height:normal\"><span style=\"font-family:Calibri,sans-serif\"><a href=\"https:\/\/noticias.portaldaindustria.com.br\/noticias\/economia\/economia-brasileira-deve-crescer-17-em-2024\/\" style=\"color:blue; text-decoration:underline\"><span style=\"font-size:14.0pt\">CNI: Economia brasileira deve crescer 1,7% em 2024<\/span><\/a><\/span><\/span><\/span><\/p>\r\n\r\n<p style=\"text-align:justify\"><span style=\"font-size:11pt\"><span style=\"line-height:normal\"><span style=\"font-family:Calibri,sans-serif\"><a href=\"https:\/\/br.investing.com\/news\/economic-indicators\/campos-neto-reconhece-que-juros-sao-altos-e-defende-persistencia-na-meta-fiscal-1190429\" style=\"color:blue; text-decoration:underline\"><span style=\"font-size:14.0pt\">Campos Neto reconhece que juros s&atilde;o altos e defende persist&ecirc;ncia na meta fiscal<\/span><\/a><\/span><\/span><\/span><\/p>\r\n\r\n<p style=\"text-align:justify\"><span style=\"font-size:11pt\"><span style=\"line-height:normal\"><span style=\"font-family:Calibri,sans-serif\"><a href=\"https:\/\/portalibre.fgv.br\/system\/files\/2023-12\/monitor-do-pib-fgv-dezembro-de-2023-ref.-de-outubro_0.pdf\" style=\"color:blue; text-decoration:underline\"><span style=\"font-size:14.0pt\">Monitor do PIB-FGV aponta crescimento de 0,1% da atividade econ&ocirc;mica em outubro<\/span><\/a><\/span><\/span><\/span><\/p>\r\n\r\n<p style=\"text-align:justify\"><span style=\"font-size:11pt\"><span style=\"line-height:normal\"><span style=\"font-family:Calibri,sans-serif\"><a href=\"https:\/\/sovos.com\/pt-br\/blog\/tributos\/reforma-tributaria-sem-excecoes-criadas-no-congresso-iva-poderia-ter-valor-mais-proximo-ao-de-paises-desenvolvidos-diz-cni\/?mkt_tok=MzM0LUhWTi0yNDkAAAGQDUoilB7IdnLn-XmdIhaeXzfz5fmx-R4eXT3wUNE01LAH1wxPAxy0BZ1-U9kfDMEh-j8QnBHA_XrMC1WvQMwuGGfjaSY3jf2V_YbX4ufwwM4\" style=\"color:blue; text-decoration:underline\"><span style=\"font-size:14.0pt\">Reforma tribut&aacute;ria: sem exce&ccedil;&otilde;es criadas no Congresso, IVA poderia ter valor mais pr&oacute;ximo ao de pa&iacute;ses desenvolvidos, diz CNI<\/span><\/a><\/span><\/span><\/span><\/p>\r\n\r\n<p style=\"text-align:justify\"><span style=\"font-size:11pt\"><span style=\"line-height:normal\"><span style=\"font-family:Calibri,sans-serif\"><span style=\"font-size:14.0pt\"><img src=\"https:\/\/www.abint.org.br\/assets\/img\/editor\/redes-sociais-abint-ctg-cth_20231220163828PdnbP7l0m5.jpg\" style=\"float: left; width: 700px; height: 280px;\" \/><\/span><\/span><\/span><\/span><\/p>\r\n","6":"<p style=\"text-align:justify\"><span style=\"font-size:11pt\"><span style=\"line-height:normal\"><span style=\"font-family:Calibri,sans-serif\"><span style=\"font-size:14.0pt\">Esta &eacute; uma compila&ccedil;&atilde;o das not&iacute;cias mais relevantes para o setor, incluindo informa&ccedil;&otilde;es sobre acordos internacionais, economia brasileira, sustentabilidade e mat&eacute;rias primas, al&eacute;m de novidades do setor de N&atilde;otecidos e Tecidos T&eacute;cnicos.<\/span><\/span><\/span><\/span><\/p>\r\n\r\n<p style=\"text-align:justify\"><span style=\"font-size:28pt\"><span style=\"font-family:Cambria,serif\"><span style=\"letter-spacing:-0.5pt\"><b><span style=\"font-size:18.0pt\"><span calibri=\"\" style=\"font-family:\"><span style=\"font-variant:small-caps\">Not&iacute;cias<\/span><\/span><\/span><\/b><b><span lang=\"EN-US\" style=\"font-size:18.0pt\"><span calibri=\"\" style=\"font-family:\"><span style=\"font-variant:small-caps\"> das Associadas<\/span><\/span><\/span><\/b><\/span><\/span><\/span><\/p>\r\n\r\n<p style=\"text-align:justify\"><span style=\"font-size:11pt\"><span style=\"line-height:normal\"><span style=\"font-family:Calibri,sans-serif\"><a href=\"https:\/\/inforchannel.com.br\/2023\/12\/14\/suzano-e-andritz-se-unem-para-grande-projeto-de-expansao-da-celulose-fluff\/\" style=\"color:blue; text-decoration:underline\"><span style=\"font-size:14.0pt\">Suzano e Andritz se unem para grande projeto de expans&atilde;o da celulose fluff<\/span><\/a><\/span><\/span><\/span><\/p>\r\n\r\n<p style=\"text-align:justify\">&nbsp;<\/p>\r\n\r\n<p style=\"text-align:justify\"><span style=\"font-size:11pt\"><span style=\"line-height:normal\"><span style=\"font-family:Calibri,sans-serif\"><b><span lang=\"EN-US\" style=\"font-size:18.0pt\"><span style=\"font-variant:small-caps\">Eventos<\/span><\/span><\/b><\/span><\/span><\/span><\/p>\r\n\r\n<p style=\"text-align:justify\"><span style=\"font-size:11pt\"><span style=\"line-height:normal\"><span style=\"font-family:Calibri,sans-serif\"><b><span lang=\"EN-US\" style=\"font-size:14.0pt\">HIGITEX 2024 | International Technical Textiles &amp; Nonwoven Exhibition<\/span><\/b><span lang=\"EN-US\" style=\"font-size:14.0pt\">, 4-8 June 2024, T&uuml;yap Fair Convention and Congress Center, T&uuml;rkiye<\/span><\/span><\/span><\/span><\/p>\r\n\r\n<p style=\"text-align:justify\"><span style=\"font-size:11pt\"><span style=\"line-height:normal\"><span style=\"font-family:Calibri,sans-serif\"><b><span style=\"font-size:14.0pt\">FEIPLAR COMPOSITES &amp; FEIPUR &ndash; Feira e Congresso Internacionais de Composites, Poliuretano, Pl&aacute;sticos de Engenharia e Compostos Termopl&aacute;sticos<\/span><\/b><span style=\"font-size:14.0pt\">, 20 a 22 de agosto de 2024, S&atilde;o Paulo Expo (Pavilh&atilde;o 5), palestras: das 8h30 &agrave;s 18h, feira: das 13h &agrave;s 20h.<b> <\/b><\/span><a href=\"http:\/\/www.feiplar.com\" style=\"color:blue; text-decoration:underline\"><span lang=\"EN-US\" style=\"font-size:14.0pt\">www.feiplar.com<\/span><\/a> <\/span><\/span><\/span><\/p>\r\n\r\n<p style=\"text-align:justify\"><span style=\"font-size:11pt\"><span style=\"line-height:normal\"><span style=\"font-family:Calibri,sans-serif\"><b><span lang=\"EN-US\" style=\"font-size:14.0pt\">New Dates Announced for INDEX 26:<\/span><\/b><span lang=\"EN-US\" style=\"font-size:14.0pt\"> Due a conflict with another trade exposition, the organizers of INDEX 26 have changed the dates of the event from the April 21-24, 2026 to May 19-22, 2026. <\/span><a href=\"https:\/\/www.nonwovens-industry.com\/contents\/view_breaking-news\/2023-12-04\/new-dates-announced-for-index-26\/15303\" style=\"color:blue; text-decoration:underline\"><span style=\"font-size:14.0pt\">Information here.<\/span><\/a> <\/span><\/span><\/span><\/p>\r\n\r\n<p style=\"text-align:justify\"><span style=\"font-size:28pt\"><span style=\"font-family:Cambria,serif\"><span style=\"letter-spacing:-0.5pt\"><b><span style=\"font-size:18.0pt\"><span calibri=\"\" style=\"font-family:\"><span style=\"font-variant:small-caps\">Setor<\/span><\/span><\/span><\/b><\/span><\/span><\/span><\/p>\r\n\r\n<p style=\"text-align:justify\"><span style=\"font-size:11pt\"><span style=\"line-height:normal\"><span style=\"font-family:Calibri,sans-serif\"><a href=\"https:\/\/www.nonwovens-industry.com\/contents\/view_features\/2023-12-01\/the-year-that-was-2023?utm_campaign=NON+Issue+Alert&amp;utm_medium=email&amp;_hsmi=286019877&amp;_hsenc=p2ANqtz-8lGeemelm6kqNbT3jPKX520BAvNv6aAmuJBlxpKTBHPNCK3j-WdAqiRzvEaGGWLDNuhwXRP_b53IG1CbBoZ5vAexW4qg&amp;utm_content=286019877&amp;utm_source=hs_email\" style=\"color:blue; text-decoration:underline\"><span lang=\"EN-US\" style=\"font-size:14.0pt\">The Year that Was 2023<\/span><\/a><\/span><\/span><\/span><\/p>\r\n\r\n<p style=\"text-align:justify\"><span style=\"font-size:11pt\"><span style=\"line-height:normal\"><span style=\"font-family:Calibri,sans-serif\"><a href=\"https:\/\/www.uol.com.br\/tilt\/noticias\/redacao\/2023\/12\/14\/roupas-tecnologicas-geram-calor-recarregam-celular-e-viram-tela-touch.htm\" style=\"color:blue; text-decoration:underline\"><span style=\"font-size:14.0pt\">Roupas tecnol&oacute;gicas geram calor, recarregam celular e viram tela &#39;touch&#39;<\/span><\/a><\/span><\/span><\/span><\/p>\r\n\r\n<p style=\"text-align:justify\"><span style=\"font-size:11pt\"><span style=\"line-height:normal\"><span style=\"font-family:Calibri,sans-serif\"><a href=\"https:\/\/jornaldebeltrao.com.br\/agricultura\/regiao-tem-potencial-para-expandir-producao\/\" style=\"color:blue; text-decoration:underline\"><span style=\"font-size:14.0pt\">Plasticultura: Regi&atilde;o tem potencial para expandir produ&ccedil;&atilde;o<\/span><\/a><\/span><\/span><\/span><\/p>\r\n\r\n<p style=\"text-align:justify\"><span style=\"font-size:11pt\"><span style=\"line-height:normal\"><span style=\"font-family:Calibri,sans-serif\"><a href=\"https:\/\/www.nonwovens-industry.com\/contents\/view_features\/2023-12-01\/automotive-market-report?utm_campaign=NON+Issue+Alert&amp;utm_medium=email&amp;_hsmi=286019877&amp;_hsenc=p2ANqtz-8BddOcFLOaMS4mjVuPthxfir-l74DDqgu6uIZh6WQa6HqeV3OP5-Mj2V9jRZ_dHOxCLcpPL00S9kcZ0F_hLjFYOBvtOg&amp;utm_content=286019877&amp;utm_source=hs_email\" style=\"color:blue; text-decoration:underline\"><span lang=\"EN-US\" style=\"font-size:14.0pt\">Automotive Market Report<\/span><\/a><\/span><\/span><\/span><\/p>\r\n\r\n<p style=\"text-align:justify\"><span style=\"font-size:11pt\"><span style=\"line-height:normal\"><span style=\"font-family:Calibri,sans-serif\"><a href=\"https:\/\/www.nonwovens-industry.com\/contents\/view_features\/2023-12-01\/hygiene-suppliers-continue-to-focus-on-innovation?utm_campaign=NON+Issue+Alert&amp;utm_medium=email&amp;_hsmi=286019877&amp;_hsenc=p2ANqtz-9Q0AUn2tqgOb5Q_f4JXA8mguI_7dtczVMCKmswPdHmYq76Poj4A3_aTIzfmmICSfmPao-NZU08Ke4_cDlHfI9lWBLpLg&amp;utm_content=286019877&amp;utm_source=hs_email\" style=\"color:blue; text-decoration:underline\"><span lang=\"EN-US\" style=\"font-size:14.0pt\">Hygiene Suppliers Continue to Focus on Innovation<\/span><\/a><\/span><\/span><\/span><\/p>\r\n\r\n<p style=\"text-align:justify\"><span style=\"font-size:11pt\"><span style=\"line-height:normal\"><span style=\"font-family:Calibri,sans-serif\"><a href=\"https:\/\/www.anahp.com.br\/publicacoes\/esg-nos-hospitais-anahp-2023-resultados-e-boas-praticas\/?utm_campaign=emkt_-_publicacao_esg_-_foco_governanca&amp;utm_medium=email&amp;utm_source=RD+Station\" style=\"color:blue; text-decoration:underline\"><span style=\"font-size:14.0pt\">ESG nos hospitais Anahp 2023: resultados e boas pr&aacute;ticas<\/span><\/a><\/span><\/span><\/span><\/p>\r\n\r\n<p style=\"text-align:justify\"><span style=\"font-size:11pt\"><span style=\"line-height:normal\"><span style=\"font-family:Calibri,sans-serif\"><a href=\"https:\/\/www.anahp.com.br\/noticias\/por-unanimidade-anahp-reelege-conselho-de-administracao-para-proximo-trienio\/?utm_campaign=conselho_de_administracao_anahp_-_gestao_2024-2027_v2&amp;utm_medium=email&amp;utm_source=RD+Station\" style=\"color:blue; text-decoration:underline\"><span style=\"font-size:14.0pt\">Por unanimidade, Anahp reelege Conselho de Administra&ccedil;&atilde;o para pr&oacute;ximo tri&ecirc;nio<\/span><\/a><\/span><\/span><\/span><\/p>\r\n\r\n<p style=\"text-align:justify\"><span style=\"font-size:11pt\"><span style=\"line-height:normal\"><span style=\"font-family:Calibri,sans-serif\"><a href=\"https:\/\/www.nonwovens-industry.com\/contents\/view_features\/2023-12-01\/nonwovens-for-home-amp-office-furnishings?utm_campaign=NON+Issue+Alert&amp;utm_medium=email&amp;_hsmi=286019877&amp;_hsenc=p2ANqtz-920N-ia7b4GoRvveGHkTu5iGz0Ekl42fADNfiddvdREJbceWbSfVCbxeLLi_z3KDjTCfOUXrz01KdVt-jJdzwMnvOf6g&amp;utm_content=286019877&amp;utm_source=hs_email\" style=\"color:blue; text-decoration:underline\"><span style=\"font-size:14.0pt\">Nonwovens for Home &amp; Office Furnishings<\/span><\/a><\/span><\/span><\/span><\/p>\r\n\r\n<p style=\"text-align:justify\"><span style=\"font-size:11pt\"><span style=\"line-height:normal\"><span style=\"font-family:Calibri,sans-serif\"><a href=\"https:\/\/phys.org\/news\/2023-12-pvc.html?utm_source=nwletter&amp;utm_medium=email&amp;utm_campaign=daily-nwletter\" style=\"color:blue; text-decoration:underline\"><span lang=\"EN-US\" style=\"font-size:14.0pt\">US begins review that could eventually lead to PVC ban<\/span><\/a><\/span><\/span><\/span><\/p>\r\n\r\n<p style=\"text-align:justify\"><span style=\"font-size:11pt\"><span style=\"line-height:normal\"><span style=\"font-family:Calibri,sans-serif\"><a href=\"https:\/\/www.technicaltextile.net\/news\/edana-s-mena-nonwovens-conference-scheduled-for-jan-24-25-in-dubai-291819.html#google_vignette\" style=\"color:blue; text-decoration:underline\"><span lang=\"EN-US\" style=\"font-size:14.0pt\">EDANA&#39;s MENA Nonwovens Conference scheduled for Jan 24-25 in Dubai<\/span><\/a><\/span><\/span><\/span><\/p>\r\n\r\n<p style=\"text-align:justify\"><span style=\"font-size:28pt\"><span style=\"font-family:Cambria,serif\"><span style=\"letter-spacing:-0.5pt\"><b><span style=\"font-size:18.0pt\"><span calibri=\"\" style=\"font-family:\"><span style=\"font-variant:small-caps\">Ind&uacute;stria<\/span><\/span><\/span><\/b><\/span><\/span><\/span><\/p>\r\n\r\n<p style=\"text-align:justify\"><span style=\"font-size:11pt\"><span style=\"line-height:normal\"><span style=\"font-family:Calibri,sans-serif\"><a href=\"https:\/\/static.portaldaindustria.com.br\/media\/filer_public\/34\/0f\/340fd657-d4e9-43a0-aabc-a7b6bf96b26f\/desempenho_da_industria_no_mundo_novembro2023_v2.pdf\" style=\"color:blue; text-decoration:underline\"><span style=\"font-size:14.0pt\">Ind&uacute;stria brasileira ganha duas posi&ccedil;&otilde;es no ranking mundial das exporta&ccedil;&otilde;es em 2022<\/span><\/a><\/span><\/span><\/span><\/p>\r\n\r\n<p style=\"text-align:justify\"><span style=\"font-size:11pt\"><span style=\"line-height:normal\"><span style=\"font-family:Calibri,sans-serif\"><a href=\"https:\/\/ibre.fgv.br\/blog-da-conjuntura-economica\/artigos\/manter-produtividade-em-alta-dependera-de-conducao-fiscal-e\" style=\"color:blue; text-decoration:underline\"><span style=\"font-size:14.0pt\">Manter a produtividade em alta depender&aacute; de condu&ccedil;&atilde;o fiscal e desempenho dos servi&ccedil;os, alertam pesquisadores do FGV IBRE<\/span><\/a><\/span><\/span><\/span><\/p>\r\n\r\n<p style=\"text-align:justify\"><span style=\"font-size:11pt\"><span style=\"line-height:normal\"><span style=\"font-family:Calibri,sans-serif\"><a href=\"https:\/\/www.automotivebusiness.com.br\/pt\/posts\/setor-automotivo\/manufatura-40-aumenta-produtividade-industria-38\/#:~:text=Pesquisa%20conduzida%20pela%20Atlas%20Intel,G%C3%A1s%20(48%25)%2C%20respectivamente.\" style=\"color:blue; text-decoration:underline\"><span style=\"font-size:14.0pt\">Manufatura 4.0 aumenta produtividade na ind&uacute;stria em 38%<\/span><\/a><\/span><\/span><\/span><\/p>\r\n\r\n<p style=\"text-align:justify\"><span style=\"font-size:11pt\"><span style=\"line-height:normal\"><span style=\"font-family:Calibri,sans-serif\"><a href=\"https:\/\/noticias.portaldaindustria.com.br\/noticias\/economia\/industria-apresenta-aumento-da-confianca-em-dezembro\/\" style=\"color:blue; text-decoration:underline\"><span style=\"font-size:14.0pt\">Ind&uacute;stria apresenta aumento da confian&ccedil;a em dezembro<\/span><\/a><\/span><\/span><\/span><\/p>\r\n\r\n<p style=\"text-align:justify\"><span style=\"font-size:11pt\"><span style=\"line-height:normal\"><span style=\"font-family:Calibri,sans-serif\"><a href=\"https:\/\/www.balcaoautomotivo.com\/2023\/12\/11\/anfavea-projeta-fechamento-do-ano-com-229-milhoes-de-unidades-emplacadas\/\" style=\"color:blue; text-decoration:underline\"><span style=\"font-size:14.0pt\">Anfavea projeta fechamento do ano com 2,29 milh&otilde;es de unidades emplacadas<\/span><\/a><\/span><\/span><\/span><\/p>\r\n\r\n<p style=\"text-align:justify\"><span style=\"font-size:11pt\"><span style=\"line-height:normal\"><span style=\"font-family:Calibri,sans-serif\"><a href=\"https:\/\/revistamt.com.br\/Materias\/Exibir\/demanda-elevada-para-a-construcao?utm_source=akna&amp;utm_medium=email&amp;utm_campaign=Acao-12-11-Confira-a-nova-edicao-da-Revista-M-T-N-280-DEZ-JAN-2024\" style=\"color:blue; text-decoration:underline\"><span style=\"font-size:14.0pt\">Demanda elevada para a constru&ccedil;&atilde;o<\/span><\/a><\/span><\/span><\/span><\/p>\r\n\r\n<p style=\"text-align:justify\"><span style=\"font-size:11pt\"><span style=\"line-height:normal\"><span style=\"font-family:Calibri,sans-serif\"><a href=\"https:\/\/agenciadenoticias.ibge.gov.br\/agencia-sala-de-imprensa\/2013-agencia-de-noticias\/releases\/38624-em-novembro-indice-nacional-da-construcao-civil-e-de-0-08\" style=\"color:blue; text-decoration:underline\"><span style=\"font-size:14.0pt\">Em novembro, &Iacute;ndice Nacional da Constru&ccedil;&atilde;o Civil &eacute; de 0,08%<\/span><\/a><\/span><\/span><\/span><\/p>\r\n\r\n<p style=\"text-align:justify\"><span style=\"font-size:11pt\"><span style=\"line-height:normal\"><span style=\"font-family:Calibri,sans-serif\"><a href=\"https:\/\/grandesconstrucoes.com.br\/Materias\/Exibir\/retomada-dos-investimentos-e-vital-para-o-pais?utm_source=akna&amp;utm_medium=email&amp;utm_campaign=Confira-a-nova-edicao-da-Revista-GC-N-104-NOV-DEZ-2023\" style=\"color:blue; text-decoration:underline\"><span style=\"font-size:14.0pt\">Retomada dos investimentos &eacute; vital para o pa&iacute;s<\/span><\/a><\/span><\/span><\/span><\/p>\r\n\r\n<p style=\"text-align:justify\"><span style=\"font-size:11pt\"><span style=\"line-height:normal\"><span style=\"font-family:Calibri,sans-serif\"><a href=\"https:\/\/www.moveisdevalor.com.br\/portal\/inmetro-realiza-operacao-na-fiscalizacao-de-colchoes?source=news\" style=\"color:blue; text-decoration:underline\"><span style=\"font-size:14.0pt\">Inmetro realiza opera&ccedil;&atilde;o na fiscaliza&ccedil;&atilde;o de colch&otilde;es<\/span><\/a><\/span><\/span><\/span><\/p>\r\n\r\n<p style=\"text-align:justify\"><span style=\"font-size:11pt\"><span style=\"line-height:normal\"><span style=\"font-family:Calibri,sans-serif\"><a href=\"https:\/\/www.moveisdevalor.com.br\/portal\/inmetro-determina-registro-e-anuencia-na-importacao-de-colchao?source=news\" style=\"color:blue; text-decoration:underline\"><span style=\"font-size:14.0pt\">Inmetro determina registro e anu&ecirc;ncia na importa&ccedil;&atilde;o de colch&atilde;o<\/span><\/a><\/span><\/span><\/span><\/p>\r\n\r\n<p style=\"text-align:justify\"><span style=\"font-size:11pt\"><span style=\"line-height:normal\"><span style=\"font-family:Calibri,sans-serif\"><a href=\"https:\/\/emobile.com.br\/site\/industria\/setor-de-colchoes-impulsionado\/\" style=\"color:blue; text-decoration:underline\"><span style=\"font-size:14.0pt\">Setor de colch&otilde;es impulsionado<\/span><\/a><\/span><\/span><\/span><\/p>\r\n\r\n<p style=\"text-align:justify\"><span style=\"font-size:28pt\"><span style=\"font-family:Cambria,serif\"><span style=\"letter-spacing:-0.5pt\"><b><span style=\"font-size:18.0pt\"><span calibri=\"\" style=\"font-family:\"><span style=\"font-variant:small-caps\">Sustentabilidade<\/span><\/span><\/span><\/b><\/span><\/span><\/span><\/p>\r\n\r\n<p style=\"text-align:justify\"><span style=\"font-size:11pt\"><span style=\"line-height:normal\"><span style=\"font-family:Calibri,sans-serif\"><a href=\"https:\/\/www.gov.br\/ana\/pt-br\/assuntos\/noticias-e-eventos\/noticias\/agencia-nacional-de-aguas-e-saneamento-basico-lanca-edital-de-selecao-publica-para-patrocinios-em-2024\" style=\"color:blue; text-decoration:underline\"><span style=\"font-size:14.0pt\">Ag&ecirc;ncia Nacional de &Aacute;guas e Saneamento B&aacute;sico lan&ccedil;a edital de sele&ccedil;&atilde;o p&uacute;blica para patroc&iacute;nios em 2024<\/span><\/a><\/span><\/span><\/span><\/p>\r\n\r\n<p style=\"text-align:justify\"><span style=\"font-size:11pt\"><span style=\"line-height:normal\"><span style=\"font-family:Calibri,sans-serif\"><a href=\"https:\/\/www.gov.br\/mcti\/pt-br\/acompanhe-o-mcti\/noticias\/2023\/12\/brasil-e-paises-baixos-assinam-acordo-para-fortalecer-cooperacao-em-bioeconomia\" style=\"color:blue; text-decoration:underline\"><span style=\"font-size:14.0pt\">Brasil e Pa&iacute;ses Baixos assinam acordo para fortalecer coopera&ccedil;&atilde;o em bioeconomia<\/span><\/a><\/span><\/span><\/span><\/p>\r\n\r\n<p style=\"text-align:justify\"><span style=\"font-size:11pt\"><span style=\"line-height:normal\"><span style=\"font-family:Calibri,sans-serif\"><a href=\"https:\/\/epbr.com.br\/cop28-aprova-transicao-para-longe-dos-fosseis-no-mesmo-dia-em-que-brasil-amplia-exploracao\/?utm_source=newsletters+epbr&amp;utm_campaign=f915c4f88b-epbr-comece-seu-dia_20230724_COPY_01&amp;utm_medium=email&amp;utm_term=0_5931171aac-f915c4f88b-466362780\" style=\"color:blue; text-decoration:underline\"><span style=\"font-size:14.0pt\">COP28 aprova transi&ccedil;&atilde;o para longe dos f&oacute;sseis no mesmo dia em que Brasil amplia explora&ccedil;&atilde;o<\/span><\/a><\/span><\/span><\/span><\/p>\r\n\r\n<p style=\"text-align:justify\"><span style=\"font-size:28pt\"><span style=\"font-family:Cambria,serif\"><span style=\"letter-spacing:-0.5pt\"><b><span style=\"font-size:18.0pt\"><span calibri=\"\" style=\"font-family:\"><span style=\"font-variant:small-caps\">Inova&ccedil;&atilde;o<\/span><\/span><\/span><\/b><\/span><\/span><\/span><\/p>\r\n\r\n<p style=\"text-align:justify\"><span style=\"font-size:11pt\"><span style=\"line-height:normal\"><span style=\"font-family:Calibri,sans-serif\"><a href=\"https:\/\/www.correiobraziliense.com.br\/economia\/2023\/12\/6669857-sem-inovacao-nao-vamos-muito-longe-diz-diretor-do-mdic.html\" style=\"color:blue; text-decoration:underline\"><span style=\"font-size:14.0pt\">&quot;Sem inova&ccedil;&atilde;o, n&atilde;o vamos muito longe&quot;, diz diretor do Mdic<\/span><\/a><\/span><\/span><\/span><\/p>\r\n\r\n<p style=\"text-align:justify\"><span style=\"font-size:11pt\"><span style=\"line-height:normal\"><span style=\"font-family:Calibri,sans-serif\"><a href=\"https:\/\/www.youtube.com\/watch?v=KFKnecPR8UY\" style=\"color:blue; text-decoration:underline\"><span style=\"font-size:14.0pt\">Pesquisadora do SENAI CETIQT apresenta produtos desenvolvidos pela institui&ccedil;&atilde;o<\/span><\/a><\/span><\/span><\/span><\/p>\r\n\r\n<p style=\"text-align:justify\"><span style=\"font-size:11pt\"><span style=\"line-height:normal\"><span style=\"font-family:Calibri,sans-serif\"><a href=\"https:\/\/www.abc.org.br\/2023\/12\/11\/cnpq-lanca-o-mapa-de-fomento-em-ciencia-tecnologia-e-inovacao\/\" style=\"color:blue; text-decoration:underline\"><span style=\"font-size:14.0pt\">CNPq lan&ccedil;a&nbsp;Mapa de Fomento em Ci&ecirc;ncia, Tecnologia e Inova&ccedil;&atilde;o<\/span><\/a><\/span><\/span><\/span><\/p>\r\n\r\n<p style=\"text-align:justify\"><span style=\"font-size:11pt\"><span style=\"line-height:normal\"><span style=\"font-family:Calibri,sans-serif\"><a href=\"https:\/\/www.gov.br\/cnpq\/pt-br\/assuntos\/noticias\/cnpq-em-acao\/mcti-e-cnpq-anunciam-r-260-milhoes-de-investimentos-em-novos-institutos-nacionais-de-ciencia-e-tecnologia\" style=\"color:blue; text-decoration:underline\"><span style=\"font-size:14.0pt\">MCTI e CNPq anunciam R$ 260 milh&otilde;es de investimentos em novos Institutos Nacionais de Ci&ecirc;ncia e Tecnologia &mdash; Conselho Nacional de Desenvolvimento Cient&iacute;fico e Tecnol&oacute;gico<\/span><\/a><\/span><\/span><\/span><\/p>\r\n\r\n<p style=\"text-align:justify\"><span style=\"font-size:11pt\"><span style=\"line-height:normal\"><span style=\"font-family:Calibri,sans-serif\"><a href=\"https:\/\/phys.org\/news\/2023-12-combine-biopolymers-derived-ocean-synthetic.html?utm_source=nwletter&amp;utm_medium=email&amp;utm_campaign=daily-nwletter#google_vignette\" style=\"color:blue; text-decoration:underline\"><span lang=\"EN-US\" style=\"font-size:14.0pt\">Researchers combine biopolymers derived from the ocean to replace synthetic plastic films<\/span><\/a><\/span><\/span><\/span><\/p>\r\n\r\n<p style=\"text-align:justify\"><span style=\"font-size:11pt\"><span style=\"line-height:normal\"><span style=\"font-family:Calibri,sans-serif\"><a href=\"https:\/\/phys.org\/news\/2023-12-cotton-based-fiber-smart-textiles.html?utm_source=nwletter&amp;utm_medium=email&amp;utm_campaign=daily-nwletter\" style=\"color:blue; text-decoration:underline\"><span lang=\"EN-US\" style=\"font-size:14.0pt\">New conductive, cotton-based fiber developed for smart textiles<\/span><\/a><\/span><\/span><\/span><\/p>\r\n\r\n<p style=\"text-align:justify\"><span style=\"font-size:28pt\"><span style=\"font-family:Cambria,serif\"><span style=\"letter-spacing:-0.5pt\"><b><span style=\"font-size:18.0pt\"><span calibri=\"\" style=\"font-family:\"><span style=\"font-variant:small-caps\">Com&eacute;rcio Exterior<\/span><\/span><\/span><\/b><\/span><\/span><\/span><\/p>\r\n\r\n<p style=\"text-align:justify\"><span style=\"font-size:11pt\"><span style=\"line-height:normal\"><span style=\"font-family:Calibri,sans-serif\"><a href=\"https:\/\/www.gov.br\/mdic\/pt-br\/assuntos\/noticias\/2023\/dezembro\/brasil-comeca-a-debater-revisao-tarifaria-do-mercosul\" style=\"color:blue; text-decoration:underline\"><span style=\"font-size:14.0pt\">Brasil come&ccedil;a a debater revis&atilde;o tarif&aacute;ria do Mercosul<\/span><\/a><\/span><\/span><\/span><\/p>\r\n\r\n<p style=\"text-align:justify\"><span style=\"font-size:11pt\"><span style=\"line-height:normal\"><span style=\"font-family:Calibri,sans-serif\"><a href=\"https:\/\/static.portaldaindustria.com.br\/media\/filer_public\/77\/97\/779707a2-7da8-4d79-a873-e8a2da33fa87\/informepoliticacomercial_23_57_camex-cec-deliberacoes_07122023.pdf\" style=\"color:blue; text-decoration:underline\"><span style=\"font-size:14.0pt\">Delibera&ccedil;&otilde;es do Conselho Estrat&eacute;gico da Camex<\/span><\/a><\/span><\/span><\/span><\/p>\r\n\r\n<p style=\"text-align:justify\"><span style=\"font-size:11pt\"><span style=\"line-height:normal\"><span style=\"font-family:Calibri,sans-serif\"><a href=\"https:\/\/agenciabrasil.ebc.com.br\/economia\/noticia\/2023-12\/balanca-comercial-tera-queda-de-exportacao-e-mais-importacoes-diz-aeb\" style=\"color:blue; text-decoration:underline\"><span style=\"font-size:14.0pt\">Balan&ccedil;a comercial ter&aacute; queda de exporta&ccedil;&atilde;o e mais importa&ccedil;&otilde;es, diz AEB<\/span><\/a><\/span><\/span><\/span><\/p>\r\n\r\n<p><span style=\"font-size:11pt\"><span style=\"line-height:normal\"><span style=\"font-family:Calibri,sans-serif\"><a href=\"https:\/\/www.oecd.org\/sdd\/na\/g20-gdp-growth-Q3-2023.pdf\" style=\"color:blue; text-decoration:underline\"><span lang=\"EN-US\" style=\"font-size:14.0pt\">G20 GDP growth sees little change in the third quarter of 2023<\/span><\/a><\/span><\/span><\/span><\/p>\r\n\r\n<p><span style=\"font-size:11pt\"><span style=\"line-height:normal\"><span style=\"font-family:Calibri,sans-serif\"><a href=\"https:\/\/br.investing.com\/news\/economy\/fed-declara-vitoria-sobre-a-inflacao-mas-economista-alerta-para-o-pior-1189238\" style=\"color:blue; text-decoration:underline\"><span style=\"font-size:14.0pt\">Fed declara vit&oacute;ria sobre a infla&ccedil;&atilde;o, mas economista alerta para o pior<\/span><\/a><\/span><\/span><\/span><\/p>\r\n\r\n<p><span style=\"font-size:11pt\"><span style=\"line-height:normal\"><span style=\"font-family:Calibri,sans-serif\"><a href=\"https:\/\/static.portaldaindustria.com.br\/media\/filer_public\/00\/b3\/00b3f4fc-6b95-4afb-87b0-521214d7a87e\/informepoliticacomercial_23_55_novas_medidas_argentina.pdf\" style=\"color:blue; text-decoration:underline\"><span style=\"font-size:14.0pt\">Governo argentino anuncia novo pacote de medidas e descreve reformas<\/span><\/a><\/span><\/span><\/span><\/p>\r\n\r\n<p><span style=\"font-size:28pt\"><span style=\"font-family:Cambria,serif\"><span style=\"letter-spacing:-0.5pt\"><b><span style=\"font-size:18.0pt\"><span calibri=\"\" style=\"font-family:\"><span style=\"font-variant:small-caps\">Economia<\/span><\/span><\/span><\/b><\/span><\/span><\/span><\/p>\r\n\r\n<p style=\"text-align:justify\"><span style=\"font-size:11pt\"><span style=\"line-height:normal\"><span style=\"font-family:Calibri,sans-serif\"><a href=\"https:\/\/www.bcb.gov.br\/content\/focus\/focus\/R20231215.pdf\" style=\"color:blue; text-decoration:underline\"><span style=\"font-size:14.0pt\">Focus &ndash; Relat&oacute;rio de Mercado<\/span><\/a><\/span><\/span><\/span><\/p>\r\n\r\n<p style=\"text-align:justify\"><span style=\"font-size:11pt\"><span style=\"line-height:normal\"><span style=\"font-family:Calibri,sans-serif\"><a href=\"https:\/\/economia.uol.com.br\/noticias\/estadao-conteudo\/2023\/12\/14\/manutencao-da-desoneracao-da-folha-e-de-extrema-importancia-diz-abimaq.htm\" style=\"color:blue; text-decoration:underline\"><span style=\"font-size:14.0pt\">Manuten&ccedil;&atilde;o da desonera&ccedil;&atilde;o da folha &eacute; de extrema import&acirc;ncia, diz Abimaq<\/span><\/a><\/span><\/span><\/span><\/p>\r\n\r\n<p style=\"text-align:justify\"><span style=\"font-size:11pt\"><span style=\"line-height:normal\"><span style=\"font-family:Calibri,sans-serif\"><a href=\"https:\/\/m.br.investing.com\/news\/economy\/mercado-ve-rombo-primario-maior-em-2023-e-projecao-para-2024-segue-distante-do-deficit-zero-1188845\" style=\"color:blue; text-decoration:underline\"><span style=\"font-size:14.0pt\">Mercado v&ecirc; rombo prim&aacute;rio maior em 2023 e proje&ccedil;&atilde;o para 2024 segue distante do d&eacute;ficit zero<\/span><\/a><\/span><\/span><\/span><\/p>\r\n\r\n<p style=\"text-align:justify\"><span style=\"font-size:11pt\"><span style=\"line-height:normal\"><span style=\"font-family:Calibri,sans-serif\"><a href=\"https:\/\/ibre.fgv.br\/blog-da-conjuntura-economica\/artigos\/tres-visoes-dos-desafios-para-economia-brasileira-em-2024\" style=\"color:blue; text-decoration:underline\"><span style=\"font-size:14.0pt\">Tr&ecirc;s vis&otilde;es dos desafios para a economia brasileira em 2024<\/span><\/a><\/span><\/span><\/span><\/p>\r\n\r\n<p style=\"text-align:justify\"><span style=\"font-size:11pt\"><span style=\"line-height:normal\"><span style=\"font-family:Calibri,sans-serif\"><a href=\"https:\/\/noticias.portaldaindustria.com.br\/noticias\/economia\/economia-brasileira-deve-crescer-17-em-2024\/\" style=\"color:blue; text-decoration:underline\"><span style=\"font-size:14.0pt\">CNI: Economia brasileira deve crescer 1,7% em 2024<\/span><\/a><\/span><\/span><\/span><\/p>\r\n\r\n<p style=\"text-align:justify\"><span style=\"font-size:11pt\"><span style=\"line-height:normal\"><span style=\"font-family:Calibri,sans-serif\"><a href=\"https:\/\/br.investing.com\/news\/economic-indicators\/campos-neto-reconhece-que-juros-sao-altos-e-defende-persistencia-na-meta-fiscal-1190429\" style=\"color:blue; text-decoration:underline\"><span style=\"font-size:14.0pt\">Campos Neto reconhece que juros s&atilde;o altos e defende persist&ecirc;ncia na meta fiscal<\/span><\/a><\/span><\/span><\/span><\/p>\r\n\r\n<p style=\"text-align:justify\"><span style=\"font-size:11pt\"><span style=\"line-height:normal\"><span style=\"font-family:Calibri,sans-serif\"><a href=\"https:\/\/portalibre.fgv.br\/system\/files\/2023-12\/monitor-do-pib-fgv-dezembro-de-2023-ref.-de-outubro_0.pdf\" style=\"color:blue; text-decoration:underline\"><span style=\"font-size:14.0pt\">Monitor do PIB-FGV aponta crescimento de 0,1% da atividade econ&ocirc;mica em outubro<\/span><\/a><\/span><\/span><\/span><\/p>\r\n\r\n<p style=\"text-align:justify\"><span style=\"font-size:11pt\"><span style=\"line-height:normal\"><span style=\"font-family:Calibri,sans-serif\"><a href=\"https:\/\/sovos.com\/pt-br\/blog\/tributos\/reforma-tributaria-sem-excecoes-criadas-no-congresso-iva-poderia-ter-valor-mais-proximo-ao-de-paises-desenvolvidos-diz-cni\/?mkt_tok=MzM0LUhWTi0yNDkAAAGQDUoilB7IdnLn-XmdIhaeXzfz5fmx-R4eXT3wUNE01LAH1wxPAxy0BZ1-U9kfDMEh-j8QnBHA_XrMC1WvQMwuGGfjaSY3jf2V_YbX4ufwwM4\" style=\"color:blue; text-decoration:underline\"><span style=\"font-size:14.0pt\">Reforma tribut&aacute;ria: sem exce&ccedil;&otilde;es criadas no Congresso, IVA poderia ter valor mais pr&oacute;ximo ao de pa&iacute;ses desenvolvidos, diz CNI<\/span><\/a><\/span><\/span><\/span><\/p>\r\n\r\n<p style=\"text-align:justify\"><span style=\"font-size:11pt\"><span style=\"line-height:normal\"><span style=\"font-family:Calibri,sans-serif\"><span style=\"font-size:14.0pt\"><img src=\"https:\/\/www.abint.org.br\/assets\/img\/editor\/redes-sociais-abint-ctg-cth_20231220163828PdnbP7l0m5.jpg\" style=\"float: left; width: 700px; height: 280px;\" \/><\/span><\/span><\/span><\/span><\/p>\r\n","texto_en":"","7":"","imagem":"COMP_banner-padrao-home-destaques-boletim-2023_20231220163908iCLNQWiGmS.jpeg","8":"COMP_banner-padrao-home-destaques-boletim-2023_20231220163908iCLNQWiGmS.jpeg","arquivo":"20231220-BOLETIM-ABINT-DE-NOTICIAS-SEMANAIS.PDF","9":"20231220-BOLETIM-ABINT-DE-NOTICIAS-SEMANAIS.PDF","titulo_arquivo":"20231220 Boletim ABINT de Not\u00edcias Semanais","10":"20231220 Boletim ABINT de Not\u00edcias Semanais","titulo_arquivo_en":"","11":"","created_at":"2023-12-20 16:39:17","12":"2023-12-20 16:39:17","updated_at":"2023-12-20 16:41:05","13":"2023-12-20 16:41:05"},{"id":95,"0":95,"ordem":128,"1":128,"data":"2023-12-12","2":"2023-12-12","slug":"boletim-abint-de-noticias-semanais-10","3":"boletim-abint-de-noticias-semanais-10","titulo":"Boletim ABINT de Not\u00edcias Semanais","4":"Boletim ABINT de Not\u00edcias Semanais","titulo_en":"","5":"","texto":"<p style=\"text-align:justify\"><span style=\"font-size:11pt\"><span style=\"line-height:normal\"><span style=\"font-family:Calibri,sans-serif\"><span style=\"font-size:14.0pt\">Esta &eacute; uma compila&ccedil;&atilde;o das not&iacute;cias mais relevantes para o setor, incluindo informa&ccedil;&otilde;es sobre acordos internacionais, economia brasileira, sustentabilidade e mat&eacute;rias primas, al&eacute;m de novidades do setor de N&atilde;otecidos e Tecidos T&eacute;cnicos.<\/span><\/span><\/span><\/span><\/p>\r\n\r\n<p style=\"text-align:justify\"><span style=\"font-size:28pt\"><span style=\"font-family:Cambria,serif\"><span style=\"letter-spacing:-0.5pt\"><b><span lang=\"EN-US\" style=\"font-size:18.0pt\"><span style=\"font-family:&quot;Calibri&quot;,sans-serif\"><span style=\"font-variant:small-caps\">Not&iacute;cias das Associadas<\/span><\/span><\/span><\/b><\/span><\/span><\/span><\/p>\r\n\r\n<p style=\"text-align:justify\"><span style=\"font-size:11pt\"><span style=\"line-height:normal\"><span style=\"font-family:Calibri,sans-serif\"><a href=\"https:\/\/www.recycling-magazine.com\/2023\/12\/07\/andritz-textile-recycling-line-starts-operating-at-italian-recycling-specialist\/\" style=\"color:blue; text-decoration:underline\"><span lang=\"EN-US\" style=\"font-size:14.0pt\">Andritz textile recycling line starts operating at Italian recycling specialist<\/span><\/a><\/span><\/span><\/span><\/p>\r\n\r\n<p style=\"text-align:justify\"><span style=\"font-size:11pt\"><span style=\"line-height:normal\"><span style=\"font-family:Calibri,sans-serif\"><a href=\"https:\/\/www.technicaltextile.net\/news\/france-unveils-first-automated-textile-waste-recycling-line-291684.html\" style=\"color:blue; text-decoration:underline\"><span lang=\"EN-US\" style=\"font-size:14.0pt\">Andritz | France unveils first automated textile waste recycling line<\/span><\/a><\/span><\/span><\/span><\/p>\r\n\r\n<p style=\"text-align:justify\"><span style=\"font-size:11pt\"><span style=\"line-height:normal\"><span style=\"font-family:Calibri,sans-serif\"><a href=\"https:\/\/www.pfonline.com\/news\/freudenberg-chemical-specialities-bundles-bonded-coatings-business\" style=\"color:blue; text-decoration:underline\"><span lang=\"EN-US\" style=\"font-size:14.0pt\">Freudenberg Chemical Specialities Bundles Bonded Coatings Business<\/span><\/a><\/span><\/span><\/span><\/p>\r\n\r\n<p style=\"text-align:justify\"><span style=\"font-size:11pt\"><span style=\"line-height:normal\"><span style=\"font-family:Calibri,sans-serif\"><a href=\"https:\/\/maua.br\/noticias\/press-releases\/boeing-brasil-estabelece-parceria-com-o-instituto-maua-de-tecnologia-para-projeto-de-laboratorio-didatico-de-integracao-de-sistemas-aeronauticos\" style=\"color:blue; text-decoration:underline\"><span style=\"font-size:14.0pt\">Boeing Brasil estabelece parceria com o Instituto Mau&aacute; de Tecnologia para projeto de laborat&oacute;rio did&aacute;tico de integra&ccedil;&atilde;o de sistemas aeron&aacute;uticos<\/span><\/a><\/span><\/span><\/span><\/p>\r\n\r\n<p style=\"text-align:justify\">&nbsp;<\/p>\r\n\r\n<p style=\"text-align:justify\"><span style=\"font-size:11pt\"><span style=\"line-height:normal\"><span style=\"font-family:Calibri,sans-serif\"><b><span style=\"font-size:18.0pt\"><span style=\"font-variant:small-caps\">Eventos<\/span><\/span><\/b><\/span><\/span><\/span><\/p>\r\n\r\n<p style=\"text-align:justify\"><span style=\"font-size:11pt\"><span style=\"line-height:normal\"><span style=\"font-family:Calibri,sans-serif\"><b><span style=\"font-size:14.0pt\">FGV IBRE | Webinar de Produtividade e Mercado de Trabalho<\/span><\/b><span style=\"font-size:14.0pt\">, 14 de dezembro de 2023, transmiss&atilde;o via YouTube FGV. <\/span><a href=\"https:\/\/evento.fgv.br\/mercadodetrabalho_1412\/\" style=\"color:blue; text-decoration:underline\"><span style=\"font-size:14.0pt\">Inscri&ccedil;&otilde;es<\/span><\/a> <\/span><\/span><\/span><\/p>\r\n\r\n<p style=\"text-align:justify\"><span style=\"font-size:11pt\"><span style=\"line-height:normal\"><span style=\"font-family:Calibri,sans-serif\"><b><span style=\"font-size:14.0pt\">Abrafiltros promove palestra sobre perspectivas econ&ocirc;micas para 2024 no Brasil e mundo <\/span><\/b><span style=\"font-size:14.0pt\">&ndash; Evento online com o palestrante: Prof. Roberto Dumas, dia 20 de dezembro, &agrave;s 9h. Obtenha o link da Plataforma Zoom ap&oacute;s inscri&ccedil;&atilde;o. <\/span><a href=\"https:\/\/www.abrafiltros.org.br\/noticias.asp?noticia=1872\" style=\"color:blue; text-decoration:underline\"><span lang=\"EN-US\" style=\"font-size:14.0pt\">Informa&ccedil;&otilde;es<\/span><\/a><\/span><\/span><\/span><\/p>\r\n\r\n<p style=\"text-align:justify\"><span style=\"font-size:11pt\"><span style=\"line-height:normal\"><span style=\"font-family:Calibri,sans-serif\"><b><span lang=\"EN-US\" style=\"font-size:14.0pt\">HIGITEX 2024 | International Technical Textiles &amp; Nonwoven Exhibition<\/span><\/b><span lang=\"EN-US\" style=\"font-size:14.0pt\">, 4-8 June 2024, T&uuml;yap Fair Convention and Congress Center, T&uuml;rkiye<\/span><\/span><\/span><\/span><\/p>\r\n\r\n<p style=\"text-align:justify\"><span style=\"font-size:11pt\"><span style=\"line-height:normal\"><span style=\"font-family:Calibri,sans-serif\"><b><span style=\"font-size:14.0pt\">FEIPLAR COMPOSITES &amp; FEIPUR &ndash; Feira e Congresso Internacionais de Composites, Poliuretano, Pl&aacute;sticos de Engenharia e Compostos Termopl&aacute;sticos<\/span><\/b><span style=\"font-size:14.0pt\">, 20 a 22 de agosto de 2024, S&atilde;o Paulo Expo (Pavilh&atilde;o 5), palestras: das 8h30 &agrave;s 18h, feira: das 13h &agrave;s 20h.<b> <\/b><\/span><a href=\"http:\/\/www.feiplar.com\" style=\"color:blue; text-decoration:underline\"><span style=\"font-size:14.0pt\">www.feiplar.com<\/span><\/a> <\/span><\/span><\/span><\/p>\r\n\r\n<p style=\"text-align:justify\"><span style=\"font-size:11pt\"><span style=\"line-height:normal\"><span style=\"font-family:Calibri,sans-serif\"><b><span lang=\"EN-US\" style=\"font-size:14.0pt\">New Dates Announced for INDEX 26:<\/span><\/b><span lang=\"EN-US\" style=\"font-size:14.0pt\"> Due a conflict with another trade exposition, the organizers of INDEX 26 have changed the dates of the event from the April 21-24, 2026 to May 19-22, 2026. <\/span><a href=\"https:\/\/www.nonwovens-industry.com\/contents\/view_breaking-news\/2023-12-04\/new-dates-announced-for-index-26\/15303\" style=\"color:blue; text-decoration:underline\"><span lang=\"EN-US\" style=\"font-size:14.0pt\">Information here.<\/span><\/a> <\/span><\/span><\/span><\/p>\r\n\r\n<p style=\"text-align:justify\"><span style=\"font-size:28pt\"><span style=\"font-family:Cambria,serif\"><span style=\"letter-spacing:-0.5pt\"><b><span lang=\"EN-US\" style=\"font-size:18.0pt\"><span style=\"font-family:&quot;Calibri&quot;,sans-serif\"><span style=\"font-variant:small-caps\">Setor<\/span><\/span><\/span><\/b><\/span><\/span><\/span><\/p>\r\n\r\n<p style=\"text-align:justify\"><span style=\"font-size:11pt\"><span style=\"line-height:normal\"><span style=\"font-family:Calibri,sans-serif\"><a href=\"https:\/\/www.nonwovens-industry.com\/contents\/view_breaking-news\/2023-12-05\/inda-seeking-abstracts-for-world-of-wipes-international-conference\/15303\" style=\"color:blue; text-decoration:underline\"><span lang=\"EN-US\" style=\"font-size:14.0pt\">INDA Seeking Abstracts for World of Wipes International Conference<\/span><\/a><\/span><\/span><\/span><\/p>\r\n\r\n<p style=\"text-align:justify\"><span style=\"font-size:11pt\"><span style=\"line-height:normal\"><span style=\"font-family:Calibri,sans-serif\"><a href=\"https:\/\/www.plastico.com.br\/producao-de-pvc\/\" style=\"color:blue; text-decoration:underline\"><span style=\"font-size:14.0pt\">Produ&ccedil;&atilde;o de PVC: PVC mant&ecirc;m ritmo de vendas e de novos usos<\/span><\/a><\/span><\/span><\/span><\/p>\r\n\r\n<p style=\"text-align:justify\"><span style=\"font-size:11pt\"><span style=\"line-height:normal\"><span style=\"font-family:Calibri,sans-serif\"><a href=\"https:\/\/www.innovationintextiles.com\/industry-talk\/industry-appetite-returns-at-ata-expo-2023\/\" style=\"color:blue; text-decoration:underline\"><span lang=\"EN-US\" style=\"font-size:14.0pt\">Industry appetite returns at ATA EXPO 2023<\/span><\/a><\/span><\/span><\/span><\/p>\r\n\r\n<p style=\"text-align:justify\"><span style=\"font-size:11pt\"><span style=\"line-height:normal\"><span style=\"font-family:Calibri,sans-serif\"><a href=\"http:\/\/comunidadtextil.com\/wpnews\/2023\/11\/protextil-marco-la-necesidad-de-sostener-en-argentina-una-fuerte-politica-pro-industrial\/?utm_source=email_marketing&amp;utm_admin=28519&amp;utm_medium=email&amp;utm_campaign=NOTICIAS_de_las_Industrias_Textil_Confecciones_y_Moda\" style=\"color:blue; text-decoration:underline\"><span style=\"font-size:14.0pt\">ProTextil marc&oacute; la necesidad de sostener en Argentina una fuerte pol&iacute;tica pro industrial<\/span><\/a><\/span><\/span><\/span><\/p>\r\n\r\n<p style=\"text-align:justify\"><span style=\"font-size:11pt\"><span style=\"line-height:normal\"><span style=\"font-family:Calibri,sans-serif\"><a href=\"http:\/\/comunidadtextil.com\/wpnews\/2023\/11\/itmf-dice-que-en-septiembre-la-utilizacion-de-la-capacidad-productiva-fue-solo-del-69\/?utm_source=email_marketing&amp;utm_admin=28519&amp;utm_medium=email&amp;utm_campaign=NOTICIAS_de_las_Industrias_Textil_Confecciones_y_Moda\" style=\"color:blue; text-decoration:underline\"><span style=\"font-size:14.0pt\">ITMF dice que en septiembre la utilizaci&oacute;n de la capacidad productiva fue s&oacute;lo del 69%<\/span><\/a><\/span><\/span><\/span><\/p>\r\n\r\n<p style=\"text-align:justify\"><span style=\"font-size:28pt\"><span style=\"font-family:Cambria,serif\"><span style=\"letter-spacing:-0.5pt\"><b><span style=\"font-size:18.0pt\"><span style=\"font-family:&quot;Calibri&quot;,sans-serif\"><span style=\"font-variant:small-caps\">Ind&uacute;stria<\/span><\/span><\/span><\/b><\/span><\/span><\/span><\/p>\r\n\r\n<p style=\"text-align:justify\"><span style=\"font-size:11pt\"><span style=\"line-height:115%\"><span style=\"font-family:Calibri,sans-serif\"><a href=\"https:\/\/noticias.portaldaindustria.com.br\/noticias\/politica-industrial\/governo-e-industria-se-reunem-para-debater-nova-politica-industrial\/\" style=\"color:blue; text-decoration:underline\"><span style=\"font-size:14.0pt\"><span style=\"line-height:115%\">Governo e ind&uacute;stria se re&uacute;nem para debater nova pol&iacute;tica industrial<\/span><\/span><\/a><\/span><\/span><\/span><\/p>\r\n\r\n<p style=\"text-align:justify\"><span style=\"font-size:11pt\"><span style=\"line-height:normal\"><span style=\"font-family:Calibri,sans-serif\"><a href=\"https:\/\/noticias.portaldaindustria.com.br\/noticias\/economia\/horas-trabalhadas-na-industria-nao-crescem-ha-quatro-meses-aponta-cni\/\" style=\"color:blue; text-decoration:underline\"><span style=\"font-size:14.0pt\">Indicadores industriais: Horas trabalhadas na ind&uacute;stria n&atilde;o crescem h&aacute; quatro meses, aponta CNI<\/span><\/a><\/span><\/span><\/span><\/p>\r\n\r\n<p style=\"text-align:justify\"><span style=\"font-size:11pt\"><span style=\"line-height:normal\"><span style=\"font-family:Calibri,sans-serif\"><a href=\"https:\/\/www.webmotors.com.br\/wm1\/noticias\/anfavea-229-milhoes-de-emplacamentos-em-2023#:~:text=Produ%C3%A7%C3%A3o%20de%20ve%C3%ADculos%20em%202023&amp;text=A%20estimativa%2C%20faltando%20poucos%20dias,2%2C470%20milh%C3%B5es%20de%20unidades%20produzidas.\" style=\"color:blue; text-decoration:underline\"><span style=\"font-size:14.0pt\">Anfavea projeta 2,29 milh&otilde;es de emplacamentos em 2023<\/span><\/a><\/span><\/span><\/span><\/p>\r\n\r\n<p style=\"text-align:justify\"><span style=\"font-size:11pt\"><span style=\"line-height:normal\"><span style=\"font-family:Calibri,sans-serif\"><a href=\"https:\/\/www.moveisdevalor.com.br\/portal\/abicol-leva-reivindicacoes-a-brasilia-e-ve-demandas-atendidas?source=news\" style=\"color:blue; text-decoration:underline\"><span style=\"font-size:14.0pt\">Abicol leva reivindica&ccedil;&otilde;es a Bras&iacute;lia e v&ecirc; demandas atendidas<\/span><\/a><\/span><\/span><\/span><\/p>\r\n\r\n<p style=\"text-align:justify\"><span style=\"font-size:11pt\"><span style=\"line-height:normal\"><span style=\"font-family:Calibri,sans-serif\"><a href=\"https:\/\/www.meiofiltrante.com.br\/Noticia\/117392\/filtros-processam-rejeitos-na-mineracao-para-eliminar-as-perigosas-barragens-e-seus-riscos\" style=\"color:blue; text-decoration:underline\"><span style=\"font-size:14.0pt\">Filtros processam rejeitos na minera&ccedil;&atilde;o para eliminar as perigosas barragens e seus riscos<\/span><\/a><\/span><\/span><\/span><\/p>\r\n\r\n<p style=\"text-align:justify\"><span style=\"font-size:11pt\"><span style=\"line-height:normal\"><span style=\"font-family:Calibri,sans-serif\"><a href=\"https:\/\/ibre.fgv.br\/blog-da-conjuntura-economica\/artigos\/em-evento-em-brasilia-especialistas-debatem-desafios-para\" style=\"color:blue; text-decoration:underline\"><span style=\"font-size:14.0pt\">Em evento em Bras&iacute;lia, especialistas debatem desafios para a universaliza&ccedil;&atilde;o do saneamento b&aacute;sico<\/span><\/a><\/span><\/span><\/span><\/p>\r\n\r\n<p style=\"text-align:justify\"><span style=\"font-size:11pt\"><span style=\"line-height:normal\"><span style=\"font-family:Calibri,sans-serif\"><a href=\"https:\/\/grandesconstrucoes.com.br\/Noticias\/Exibir\/construcao-civil-deve-apresentar-crescimento-de-12-em-2023-e-29-em-2024?utm_source=akna&amp;utm_medium=email&amp;utm_campaign=Grandes-Construcoes-Informativo-891-07-12-2023&amp;utm_source=akna&amp;utm_medium=email&amp;utm_campaign=Grandes-Construcoes-Informativo-891-07-12-2023\" style=\"color:blue; text-decoration:underline\"><span style=\"font-size:14.0pt\">Constru&ccedil;&atilde;o civil deve apresentar crescimento de 1,2% em 2023 e 2,9% em 2024<\/span><\/a><\/span><\/span><\/span><\/p>\r\n\r\n<p style=\"text-align:justify\"><span style=\"font-size:11pt\"><span style=\"line-height:normal\"><span style=\"font-family:Calibri,sans-serif\"><a href=\"https:\/\/blogdoplastico.wordpress.com\/2023\/12\/05\/40o-encontro-nacional-do-plastico-destaca-conquistas-do-setor-em-2023\/\" style=\"color:blue; text-decoration:underline\"><span style=\"font-size:14.0pt\">40&ordm; Encontro Nacional do Pl&aacute;stico destaca conquistas do setor em 2023<\/span><\/a><\/span><\/span><\/span><\/p>\r\n\r\n<p style=\"text-align:justify\"><span style=\"font-size:11pt\"><span style=\"line-height:normal\"><span style=\"font-family:Calibri,sans-serif\"><a href=\"https:\/\/www.gov.br\/mdic\/pt-br\/assuntos\/noticias\/2023\/dezembro\/alckmin-participa-de-encontro-com-setor-da-industria-quimica\" style=\"color:blue; text-decoration:underline\"><span style=\"font-size:14.0pt\">Alckmin participa de encontro com setor da ind&uacute;stria qu&iacute;mica<\/span><\/a><\/span><\/span><\/span><\/p>\r\n\r\n<p style=\"text-align:justify\"><span style=\"font-size:28pt\"><span style=\"font-family:Cambria,serif\"><span style=\"letter-spacing:-0.5pt\"><b><span style=\"font-size:18.0pt\"><span style=\"font-family:&quot;Calibri&quot;,sans-serif\"><span style=\"font-variant:small-caps\">Sustentabilidade<\/span><\/span><\/span><\/b><\/span><\/span><\/span><\/p>\r\n\r\n<p style=\"text-align:justify\"><span style=\"font-size:11pt\"><span style=\"line-height:normal\"><span style=\"font-family:Calibri,sans-serif\"><a href=\"file:\/\/\/C:\/Users\/cristiane\/Documents\/ABINT%20-%20Cristiane\/Site%20ABINT\/Not\u00edcias%20Semanais%202023\/Brasil%20prepara%20sugest\u00e3o%20de%20a\u00e7\u00f5es%20para%20diminuir%20efeitos%20do%20pl\u00e1stico\" style=\"color:blue; text-decoration:underline\"><span style=\"font-size:14.0pt\">Brasil prepara sugest&atilde;o de a&ccedil;&otilde;es para diminuir efeitos do pl&aacute;stico<\/span><\/a><\/span><\/span><\/span><\/p>\r\n\r\n<p style=\"text-align:justify\"><span style=\"font-size:11pt\"><span style=\"line-height:normal\"><span style=\"font-family:Calibri,sans-serif\"><a href=\"https:\/\/conectaverde.com.br\/programa-de-logistica-reversa-maos-pro-futuro-da-abihpec-alcanca-marco-historico-de-1-milhao-de-toneladas-de-residuos-solidos-recuperados\/?utm_campaign=conecta_verde_news_45&amp;utm_medium=email&amp;utm_source=RD+Station\" style=\"color:blue; text-decoration:underline\"><span style=\"font-size:14.0pt\">Programa de Log&iacute;stica Reversa &ldquo;M&atilde;os Pro Futuro&rdquo;, da ABIHPEC, alcan&ccedil;a marco hist&oacute;rico de 1 milh&atilde;o de toneladas de res&iacute;duos s&oacute;lidos recuperados<\/span><\/a><\/span><\/span><\/span><\/p>\r\n\r\n<p style=\"text-align:justify\"><span style=\"font-size:11pt\"><span style=\"line-height:normal\"><span style=\"font-family:Calibri,sans-serif\"><a href=\"https:\/\/www.meiofiltrante.com.br\/Noticia\/117388\/programa-descarte-consciente-abrafiltros--conta-com-mais-12-empresas-so-no-ano-de-2023-\" style=\"color:blue; text-decoration:underline\"><span style=\"font-size:14.0pt\">Programa Descarte Consciente Abrafiltros conta com mais 12 empresas s&oacute; no ano de 2023<\/span><\/a><\/span><\/span><\/span><\/p>\r\n\r\n<p style=\"text-align:justify\"><span style=\"font-size:11pt\"><span style=\"line-height:normal\"><span style=\"font-family:Calibri,sans-serif\"><a href=\"https:\/\/mercadoeconsumo.com.br\/06\/12\/2023\/artigos\/autenticidade-sera-a-chave-para-a-responsabilidade-social-em-2024\/?utm_campaign=news_0612_-_geral&amp;utm_medium=email&amp;utm_source=RD+Station\" style=\"color:blue; text-decoration:underline\"><span style=\"font-size:14.0pt\">Autenticidade ser&aacute; a chave para a responsabilidade social em 2024<\/span><\/a><\/span><\/span><\/span><\/p>\r\n\r\n<p style=\"text-align:justify\"><span style=\"font-size:11pt\"><span style=\"line-height:normal\"><span style=\"font-family:Calibri,sans-serif\"><a href=\"https:\/\/br.dow.com\/pt-br\/noticias\/dow-financia-nove-projetos-globais\" style=\"color:blue; text-decoration:underline\"><span style=\"font-size:14.0pt\">Dow financia nove projetos globais para impulsionar solu&ccedil;&otilde;es sociais e sustent&aacute;veis<\/span><\/a><\/span><\/span><\/span><\/p>\r\n\r\n<p style=\"text-align:justify\"><span style=\"font-size:28pt\"><span style=\"font-family:Cambria,serif\"><span style=\"letter-spacing:-0.5pt\"><b><span style=\"font-size:18.0pt\"><span style=\"font-family:&quot;Calibri&quot;,sans-serif\"><span style=\"font-variant:small-caps\">Inova&ccedil;&atilde;o<\/span><\/span><\/span><\/b><\/span><\/span><\/span><\/p>\r\n\r\n<p style=\"text-align:justify\"><span style=\"font-size:11pt\"><span style=\"line-height:normal\"><span style=\"font-family:Calibri,sans-serif\"><a href=\"https:\/\/noticias.portaldaindustria.com.br\/noticias\/inovacao-e-tecnologia\/iel-e-fapesp-firmam-parceria-para-beneficiar-pesquisadores-brasileiros\/\" style=\"color:blue; text-decoration:underline\"><span style=\"font-size:14.0pt\">IEL e FAPESP firmam parceria para beneficiar pesquisadores brasileiros<\/span><\/a><\/span><\/span><\/span><\/p>\r\n\r\n<p style=\"text-align:justify\"><span style=\"font-size:11pt\"><span style=\"line-height:normal\"><span style=\"font-family:Calibri,sans-serif\"><a href=\"https:\/\/www.inovacaotecnologica.com.br\/noticias\/noticia.php?artigo=nova-fibra-condutora-base-algodao&amp;id=010110231212&amp;ebol=sim\" style=\"color:blue; text-decoration:underline\"><span style=\"font-size:14.0pt\">Nova fibra condutora &agrave; base de algod&atilde;o &eacute; ideal para tecidos inteligentes<\/span><\/a><\/span><\/span><\/span><\/p>\r\n\r\n<p style=\"text-align:justify\"><span style=\"font-size:11pt\"><span style=\"line-height:normal\"><span style=\"font-family:Calibri,sans-serif\"><a href=\"https:\/\/cnnportugal.iol.pt\/roupa\/ambiente\/ja-imaginou-pegar-no-telemovel-apontar-para-a-etiqueta-de-uma-peca-de-roupa-e-saber-o-impacto-que-teve-no-ambiente-vai-ser-assim-ja-em-2025\/20231208\/657091a3d34e371fc0baa7c8\" style=\"color:blue; text-decoration:underline\"><span style=\"font-size:14.0pt\">J&aacute; imaginou pegar no telem&oacute;vel, apontar para a etiqueta de uma pe&ccedil;a de roupa e saber o impacto que teve no ambiente? Vai ser assim j&aacute; em 2025<\/span><\/a><\/span><\/span><\/span><\/p>\r\n\r\n<p style=\"text-align:justify\"><span style=\"font-size:11pt\"><span style=\"line-height:normal\"><span style=\"font-family:Calibri,sans-serif\"><a href=\"https:\/\/fastcompanybrasil.com\/impacto\/stella-mccartney-lanca-casaco-feito-com-plastico-reciclado-biologicamente\/\" style=\"color:blue; text-decoration:underline\"><span style=\"font-size:14.0pt\">Reciclagem biol&oacute;gica: Stella McCartney lan&ccedil;a casaco feito com pl&aacute;stico reciclado biologicamente<\/span><\/a><\/span><\/span><\/span><\/p>\r\n\r\n<p style=\"text-align:justify\"><span style=\"font-size:11pt\"><span style=\"line-height:normal\"><span style=\"font-family:Calibri,sans-serif\"><a href=\"https:\/\/www.inovacaotecnologica.com.br\/noticias\/noticia.php?artigo=tecido-de-cristais&amp;id=010160231207&amp;ebol=sim\" style=\"color:blue; text-decoration:underline\"><span style=\"font-size:14.0pt\">Criado tecido in&eacute;dito feito inteiramente de cristais<\/span><\/a><\/span><\/span><\/span><\/p>\r\n\r\n<p style=\"text-align:justify\"><span style=\"font-size:11pt\"><span style=\"line-height:normal\"><span style=\"font-family:Calibri,sans-serif\"><a href=\"https:\/\/techxplore.com\/news\/2023-11-rice-husk-recycled-newspaper-eco-friendly.html?utm_source=nwletter&amp;utm_medium=email&amp;utm_campaign=daily-nwletter#google_vignette\" style=\"color:blue; text-decoration:underline\"><span lang=\"EN-US\" style=\"font-size:14.0pt\">Rice husk and recycled newspaper may be the eco-friendly insulation material of the future<\/span><\/a><\/span><\/span><\/span><\/p>\r\n\r\n<p style=\"text-align:justify\"><span style=\"font-size:11pt\"><span style=\"line-height:normal\"><span style=\"font-family:Calibri,sans-serif\"><a href=\"https:\/\/phys.org\/news\/2023-12-elastane-recycling-lifespan-textiles.html?utm_source=nwletter&amp;utm_medium=email&amp;utm_campaign=daily-nwletter\" style=\"color:blue; text-decoration:underline\"><span lang=\"EN-US\" style=\"font-size:14.0pt\">Elastane recycling: Stretching the lifespan of textiles<\/span><\/a><\/span><\/span><\/span><\/p>\r\n\r\n<p style=\"text-align:justify\"><span style=\"font-size:28pt\"><span style=\"font-family:Cambria,serif\"><span style=\"letter-spacing:-0.5pt\"><b><span style=\"font-size:18.0pt\"><span style=\"font-family:&quot;Calibri&quot;,sans-serif\"><span style=\"font-variant:small-caps\">Com&eacute;rcio Exterior<\/span><\/span><\/span><\/b><\/span><\/span><\/span><\/p>\r\n\r\n<p style=\"text-align:justify\"><span style=\"font-size:11pt\"><span style=\"line-height:normal\"><span style=\"font-family:Calibri,sans-serif\"><a href=\"https:\/\/noticias.portaldaindustria.com.br\/posicionamentos\/cni-pede-que-mercosul-continue-esforco-para-concluir-acordo-com-a-uniao-europeia\/\" style=\"color:blue; text-decoration:underline\"><span style=\"font-size:14.0pt\">CNI pede que Mercosul continue esfor&ccedil;o para concluir acordo com a Uni&atilde;o Europeia<\/span><\/a><\/span><\/span><\/span><\/p>\r\n\r\n<p style=\"text-align:justify\"><span style=\"font-size:11pt\"><span style=\"line-height:normal\"><span style=\"font-family:Calibri,sans-serif\"><a href=\"https:\/\/g1.globo.com\/politica\/noticia\/2023\/12\/07\/mercosul-e-uniao-europeia-divulgam-nota-em-que-afirmam-estar-engajados-em-concluir-acordo-comercial.ghtml\" style=\"color:blue; text-decoration:underline\"><span style=\"font-size:14.0pt\">Em nota, Mercosul e Uni&atilde;o Europeia se dizem &#39;engajados&#39; em concluir acordo comercial<\/span><\/a><\/span><\/span><\/span><\/p>\r\n\r\n<p style=\"text-align:justify\"><span style=\"font-size:11pt\"><span style=\"line-height:normal\"><span style=\"font-family:Calibri,sans-serif\"><a href=\"https:\/\/static.portaldaindustria.com.br\/media\/filer_public\/f1\/42\/f1429ae8-ae69-4b24-84f0-e1929f3108e5\/informepoliticacomercial_23_54_cupula-mercosul-07122023_1.pdf\" style=\"color:blue; text-decoration:underline\"><span style=\"font-size:14.0pt\">C&uacute;pula do MERCOSUL e reuni&atilde;o do CMC<\/span><\/a><\/span><\/span><\/span><\/p>\r\n\r\n<p style=\"text-align:justify\"><span style=\"font-size:11pt\"><span style=\"line-height:normal\"><span style=\"font-family:Calibri,sans-serif\"><a href=\"https:\/\/noticias.portaldaindustria.com.br\/noticias\/internacional\/inscricoes-abertas-empresarios-podem-participar-das-discussoes-do-b20-brasil\/\" style=\"color:blue; text-decoration:underline\"><span style=\"font-size:14.0pt\">Inscri&ccedil;&otilde;es abertas: empres&aacute;rios podem participar das discuss&otilde;es do B20 Brasil<\/span><\/a><\/span><\/span><\/span><\/p>\r\n\r\n<p style=\"text-align:justify\"><span style=\"font-size:28pt\"><span style=\"font-family:Cambria,serif\"><span style=\"letter-spacing:-0.5pt\"><b><span style=\"font-size:18.0pt\"><span style=\"font-family:&quot;Calibri&quot;,sans-serif\"><span style=\"font-variant:small-caps\">Economia<\/span><\/span><\/span><\/b><\/span><\/span><\/span><\/p>\r\n\r\n<p style=\"text-align:justify\"><span style=\"font-size:11pt\"><span style=\"line-height:normal\"><span style=\"font-family:Calibri,sans-serif\"><a href=\"https:\/\/www.bcb.gov.br\/content\/focus\/focus\/R20231208.pdf\" style=\"color:blue; text-decoration:underline\"><span style=\"font-size:14.0pt\">Focus &ndash; Relat&oacute;rio de Mercado<\/span><\/a><\/span><\/span><\/span><\/p>\r\n\r\n<p style=\"text-align:justify\"><span style=\"font-size:11pt\"><span style=\"line-height:normal\"><span style=\"font-family:Calibri,sans-serif\"><a href=\"https:\/\/agenciabrasil.ebc.com.br\/economia\/noticia\/2023-12\/mercado-eleva-para-292-projecao-de-expansao-da-economia-em-2023\" style=\"color:blue; text-decoration:underline\"><span style=\"font-size:14.0pt\">Mercado eleva para 2,92% proje&ccedil;&atilde;o de expans&atilde;o da economia em 2023<\/span><\/a><\/span><\/span><\/span><\/p>\r\n\r\n<p style=\"text-align:justify\"><span style=\"font-size:11pt\"><span style=\"line-height:normal\"><span style=\"font-family:Calibri,sans-serif\"><a href=\"https:\/\/agenciadenoticias.bndes.gov.br\/blogdodesenvolvimento\/detalhe\/Estudo-analisa-quatro-decadas-de-politica-fiscal-e-evolucao-das-contas-publicas-no-Brasil\/\" style=\"color:blue; text-decoration:underline\"><span style=\"font-size:14.0pt\">Estudo analisa quatro d&eacute;cadas de pol&iacute;tica fiscal e evolu&ccedil;&atilde;o das contas p&uacute;blicas no Brasil<\/span><\/a><\/span><\/span><\/span><\/p>\r\n\r\n<p style=\"text-align:justify\"><span style=\"font-size:11pt\"><span style=\"line-height:normal\"><span style=\"font-family:Calibri,sans-serif\"><a href=\"https:\/\/sovos.com\/pt-br\/blog\/tributos\/confaz-divulga-convenio-sobre-a-remessa-interestadual-de-bens-e-mercadorias-entre-estabelecimentos-da-mesma-titularidade\/?mkt_tok=MzM0LUhWTi0yNDkAAAGP6YGg7iwBOUP22QqWQfkjKOZD5w99qxPQnv7KaL0NFw5v5PCw__Tr4QOuLuBb-t_YMsyLJdMUGbMl5Oy0ob32toX3BPucqa85DW5xYny3Vb4\" style=\"color:blue; text-decoration:underline\"><span style=\"font-size:14.0pt\">Confaz divulga conv&ecirc;nio sobre a remessa interestadual de bens e mercadorias entre estabelecimentos da mesma titularidade<\/span><\/a><\/span><\/span><\/span><\/p>\r\n\r\n<p style=\"text-align:justify\"><span style=\"font-size:11pt\"><span style=\"line-height:normal\"><span style=\"font-family:Calibri,sans-serif\"><a href=\"https:\/\/www.infomoney.com.br\/politica\/camara-aprova-isencao-de-icms-para-transferencia-de-produtos-entre-estabelecimentos\/\" style=\"color:blue; text-decoration:underline\"><span style=\"font-size:14.0pt\">C&acirc;mara aprova isen&ccedil;&atilde;o de ICMS para transfer&ecirc;ncia de produtos entre estabelecimentos<\/span><\/a><\/span><\/span><\/span><\/p>\r\n\r\n<p style=\"text-align:justify\"><span style=\"font-size:11pt\"><span style=\"line-height:normal\"><span style=\"font-family:Calibri,sans-serif\"><a href=\"https:\/\/portalibre.fgv.br\/system\/files\/2023-12\/Bar%C3%B4metros%20Globais%20KOF-FGV_Press%20release_12_2023_0.pdf\" style=\"color:blue; text-decoration:underline\"><span style=\"font-size:14.0pt\">Bar&ocirc;metros em alta pelo sexto m&ecirc;s seguido<\/span><\/a><\/span><\/span><\/span><\/p>\r\n\r\n<p style=\"text-align:justify\"><span style=\"font-size:11pt\"><span style=\"line-height:normal\"><span style=\"font-family:Calibri,sans-serif\"><a href=\"https:\/\/ibre.fgv.br\/blog-da-conjuntura-economica\/artigos\/em-foco-128\" style=\"color:blue; text-decoration:underline\"><span style=\"font-size:14.0pt\">O PIB, a educa&ccedil;&atilde;o e o saneamento<\/span><\/a><\/span><\/span><\/span><\/p>\r\n","6":"<p style=\"text-align:justify\"><span style=\"font-size:11pt\"><span style=\"line-height:normal\"><span style=\"font-family:Calibri,sans-serif\"><span style=\"font-size:14.0pt\">Esta &eacute; uma compila&ccedil;&atilde;o das not&iacute;cias mais relevantes para o setor, incluindo informa&ccedil;&otilde;es sobre acordos internacionais, economia brasileira, sustentabilidade e mat&eacute;rias primas, al&eacute;m de novidades do setor de N&atilde;otecidos e Tecidos T&eacute;cnicos.<\/span><\/span><\/span><\/span><\/p>\r\n\r\n<p style=\"text-align:justify\"><span style=\"font-size:28pt\"><span style=\"font-family:Cambria,serif\"><span style=\"letter-spacing:-0.5pt\"><b><span lang=\"EN-US\" style=\"font-size:18.0pt\"><span style=\"font-family:&quot;Calibri&quot;,sans-serif\"><span style=\"font-variant:small-caps\">Not&iacute;cias das Associadas<\/span><\/span><\/span><\/b><\/span><\/span><\/span><\/p>\r\n\r\n<p style=\"text-align:justify\"><span style=\"font-size:11pt\"><span style=\"line-height:normal\"><span style=\"font-family:Calibri,sans-serif\"><a href=\"https:\/\/www.recycling-magazine.com\/2023\/12\/07\/andritz-textile-recycling-line-starts-operating-at-italian-recycling-specialist\/\" style=\"color:blue; text-decoration:underline\"><span lang=\"EN-US\" style=\"font-size:14.0pt\">Andritz textile recycling line starts operating at Italian recycling specialist<\/span><\/a><\/span><\/span><\/span><\/p>\r\n\r\n<p style=\"text-align:justify\"><span style=\"font-size:11pt\"><span style=\"line-height:normal\"><span style=\"font-family:Calibri,sans-serif\"><a href=\"https:\/\/www.technicaltextile.net\/news\/france-unveils-first-automated-textile-waste-recycling-line-291684.html\" style=\"color:blue; text-decoration:underline\"><span lang=\"EN-US\" style=\"font-size:14.0pt\">Andritz | France unveils first automated textile waste recycling line<\/span><\/a><\/span><\/span><\/span><\/p>\r\n\r\n<p style=\"text-align:justify\"><span style=\"font-size:11pt\"><span style=\"line-height:normal\"><span style=\"font-family:Calibri,sans-serif\"><a href=\"https:\/\/www.pfonline.com\/news\/freudenberg-chemical-specialities-bundles-bonded-coatings-business\" style=\"color:blue; text-decoration:underline\"><span lang=\"EN-US\" style=\"font-size:14.0pt\">Freudenberg Chemical Specialities Bundles Bonded Coatings Business<\/span><\/a><\/span><\/span><\/span><\/p>\r\n\r\n<p style=\"text-align:justify\"><span style=\"font-size:11pt\"><span style=\"line-height:normal\"><span style=\"font-family:Calibri,sans-serif\"><a href=\"https:\/\/maua.br\/noticias\/press-releases\/boeing-brasil-estabelece-parceria-com-o-instituto-maua-de-tecnologia-para-projeto-de-laboratorio-didatico-de-integracao-de-sistemas-aeronauticos\" style=\"color:blue; text-decoration:underline\"><span style=\"font-size:14.0pt\">Boeing Brasil estabelece parceria com o Instituto Mau&aacute; de Tecnologia para projeto de laborat&oacute;rio did&aacute;tico de integra&ccedil;&atilde;o de sistemas aeron&aacute;uticos<\/span><\/a><\/span><\/span><\/span><\/p>\r\n\r\n<p style=\"text-align:justify\">&nbsp;<\/p>\r\n\r\n<p style=\"text-align:justify\"><span style=\"font-size:11pt\"><span style=\"line-height:normal\"><span style=\"font-family:Calibri,sans-serif\"><b><span style=\"font-size:18.0pt\"><span style=\"font-variant:small-caps\">Eventos<\/span><\/span><\/b><\/span><\/span><\/span><\/p>\r\n\r\n<p style=\"text-align:justify\"><span style=\"font-size:11pt\"><span style=\"line-height:normal\"><span style=\"font-family:Calibri,sans-serif\"><b><span style=\"font-size:14.0pt\">FGV IBRE | Webinar de Produtividade e Mercado de Trabalho<\/span><\/b><span style=\"font-size:14.0pt\">, 14 de dezembro de 2023, transmiss&atilde;o via YouTube FGV. <\/span><a href=\"https:\/\/evento.fgv.br\/mercadodetrabalho_1412\/\" style=\"color:blue; text-decoration:underline\"><span style=\"font-size:14.0pt\">Inscri&ccedil;&otilde;es<\/span><\/a> <\/span><\/span><\/span><\/p>\r\n\r\n<p style=\"text-align:justify\"><span style=\"font-size:11pt\"><span style=\"line-height:normal\"><span style=\"font-family:Calibri,sans-serif\"><b><span style=\"font-size:14.0pt\">Abrafiltros promove palestra sobre perspectivas econ&ocirc;micas para 2024 no Brasil e mundo <\/span><\/b><span style=\"font-size:14.0pt\">&ndash; Evento online com o palestrante: Prof. Roberto Dumas, dia 20 de dezembro, &agrave;s 9h. Obtenha o link da Plataforma Zoom ap&oacute;s inscri&ccedil;&atilde;o. <\/span><a href=\"https:\/\/www.abrafiltros.org.br\/noticias.asp?noticia=1872\" style=\"color:blue; text-decoration:underline\"><span lang=\"EN-US\" style=\"font-size:14.0pt\">Informa&ccedil;&otilde;es<\/span><\/a><\/span><\/span><\/span><\/p>\r\n\r\n<p style=\"text-align:justify\"><span style=\"font-size:11pt\"><span style=\"line-height:normal\"><span style=\"font-family:Calibri,sans-serif\"><b><span lang=\"EN-US\" style=\"font-size:14.0pt\">HIGITEX 2024 | International Technical Textiles &amp; Nonwoven Exhibition<\/span><\/b><span lang=\"EN-US\" style=\"font-size:14.0pt\">, 4-8 June 2024, T&uuml;yap Fair Convention and Congress Center, T&uuml;rkiye<\/span><\/span><\/span><\/span><\/p>\r\n\r\n<p style=\"text-align:justify\"><span style=\"font-size:11pt\"><span style=\"line-height:normal\"><span style=\"font-family:Calibri,sans-serif\"><b><span style=\"font-size:14.0pt\">FEIPLAR COMPOSITES &amp; FEIPUR &ndash; Feira e Congresso Internacionais de Composites, Poliuretano, Pl&aacute;sticos de Engenharia e Compostos Termopl&aacute;sticos<\/span><\/b><span style=\"font-size:14.0pt\">, 20 a 22 de agosto de 2024, S&atilde;o Paulo Expo (Pavilh&atilde;o 5), palestras: das 8h30 &agrave;s 18h, feira: das 13h &agrave;s 20h.<b> <\/b><\/span><a href=\"http:\/\/www.feiplar.com\" style=\"color:blue; text-decoration:underline\"><span style=\"font-size:14.0pt\">www.feiplar.com<\/span><\/a> <\/span><\/span><\/span><\/p>\r\n\r\n<p style=\"text-align:justify\"><span style=\"font-size:11pt\"><span style=\"line-height:normal\"><span style=\"font-family:Calibri,sans-serif\"><b><span lang=\"EN-US\" style=\"font-size:14.0pt\">New Dates Announced for INDEX 26:<\/span><\/b><span lang=\"EN-US\" style=\"font-size:14.0pt\"> Due a conflict with another trade exposition, the organizers of INDEX 26 have changed the dates of the event from the April 21-24, 2026 to May 19-22, 2026. <\/span><a href=\"https:\/\/www.nonwovens-industry.com\/contents\/view_breaking-news\/2023-12-04\/new-dates-announced-for-index-26\/15303\" style=\"color:blue; text-decoration:underline\"><span lang=\"EN-US\" style=\"font-size:14.0pt\">Information here.<\/span><\/a> <\/span><\/span><\/span><\/p>\r\n\r\n<p style=\"text-align:justify\"><span style=\"font-size:28pt\"><span style=\"font-family:Cambria,serif\"><span style=\"letter-spacing:-0.5pt\"><b><span lang=\"EN-US\" style=\"font-size:18.0pt\"><span style=\"font-family:&quot;Calibri&quot;,sans-serif\"><span style=\"font-variant:small-caps\">Setor<\/span><\/span><\/span><\/b><\/span><\/span><\/span><\/p>\r\n\r\n<p style=\"text-align:justify\"><span style=\"font-size:11pt\"><span style=\"line-height:normal\"><span style=\"font-family:Calibri,sans-serif\"><a href=\"https:\/\/www.nonwovens-industry.com\/contents\/view_breaking-news\/2023-12-05\/inda-seeking-abstracts-for-world-of-wipes-international-conference\/15303\" style=\"color:blue; text-decoration:underline\"><span lang=\"EN-US\" style=\"font-size:14.0pt\">INDA Seeking Abstracts for World of Wipes International Conference<\/span><\/a><\/span><\/span><\/span><\/p>\r\n\r\n<p style=\"text-align:justify\"><span style=\"font-size:11pt\"><span style=\"line-height:normal\"><span style=\"font-family:Calibri,sans-serif\"><a href=\"https:\/\/www.plastico.com.br\/producao-de-pvc\/\" style=\"color:blue; text-decoration:underline\"><span style=\"font-size:14.0pt\">Produ&ccedil;&atilde;o de PVC: PVC mant&ecirc;m ritmo de vendas e de novos usos<\/span><\/a><\/span><\/span><\/span><\/p>\r\n\r\n<p style=\"text-align:justify\"><span style=\"font-size:11pt\"><span style=\"line-height:normal\"><span style=\"font-family:Calibri,sans-serif\"><a href=\"https:\/\/www.innovationintextiles.com\/industry-talk\/industry-appetite-returns-at-ata-expo-2023\/\" style=\"color:blue; text-decoration:underline\"><span lang=\"EN-US\" style=\"font-size:14.0pt\">Industry appetite returns at ATA EXPO 2023<\/span><\/a><\/span><\/span><\/span><\/p>\r\n\r\n<p style=\"text-align:justify\"><span style=\"font-size:11pt\"><span style=\"line-height:normal\"><span style=\"font-family:Calibri,sans-serif\"><a href=\"http:\/\/comunidadtextil.com\/wpnews\/2023\/11\/protextil-marco-la-necesidad-de-sostener-en-argentina-una-fuerte-politica-pro-industrial\/?utm_source=email_marketing&amp;utm_admin=28519&amp;utm_medium=email&amp;utm_campaign=NOTICIAS_de_las_Industrias_Textil_Confecciones_y_Moda\" style=\"color:blue; text-decoration:underline\"><span style=\"font-size:14.0pt\">ProTextil marc&oacute; la necesidad de sostener en Argentina una fuerte pol&iacute;tica pro industrial<\/span><\/a><\/span><\/span><\/span><\/p>\r\n\r\n<p style=\"text-align:justify\"><span style=\"font-size:11pt\"><span style=\"line-height:normal\"><span style=\"font-family:Calibri,sans-serif\"><a href=\"http:\/\/comunidadtextil.com\/wpnews\/2023\/11\/itmf-dice-que-en-septiembre-la-utilizacion-de-la-capacidad-productiva-fue-solo-del-69\/?utm_source=email_marketing&amp;utm_admin=28519&amp;utm_medium=email&amp;utm_campaign=NOTICIAS_de_las_Industrias_Textil_Confecciones_y_Moda\" style=\"color:blue; text-decoration:underline\"><span style=\"font-size:14.0pt\">ITMF dice que en septiembre la utilizaci&oacute;n de la capacidad productiva fue s&oacute;lo del 69%<\/span><\/a><\/span><\/span><\/span><\/p>\r\n\r\n<p style=\"text-align:justify\"><span style=\"font-size:28pt\"><span style=\"font-family:Cambria,serif\"><span style=\"letter-spacing:-0.5pt\"><b><span style=\"font-size:18.0pt\"><span style=\"font-family:&quot;Calibri&quot;,sans-serif\"><span style=\"font-variant:small-caps\">Ind&uacute;stria<\/span><\/span><\/span><\/b><\/span><\/span><\/span><\/p>\r\n\r\n<p style=\"text-align:justify\"><span style=\"font-size:11pt\"><span style=\"line-height:115%\"><span style=\"font-family:Calibri,sans-serif\"><a href=\"https:\/\/noticias.portaldaindustria.com.br\/noticias\/politica-industrial\/governo-e-industria-se-reunem-para-debater-nova-politica-industrial\/\" style=\"color:blue; text-decoration:underline\"><span style=\"font-size:14.0pt\"><span style=\"line-height:115%\">Governo e ind&uacute;stria se re&uacute;nem para debater nova pol&iacute;tica industrial<\/span><\/span><\/a><\/span><\/span><\/span><\/p>\r\n\r\n<p style=\"text-align:justify\"><span style=\"font-size:11pt\"><span style=\"line-height:normal\"><span style=\"font-family:Calibri,sans-serif\"><a href=\"https:\/\/noticias.portaldaindustria.com.br\/noticias\/economia\/horas-trabalhadas-na-industria-nao-crescem-ha-quatro-meses-aponta-cni\/\" style=\"color:blue; text-decoration:underline\"><span style=\"font-size:14.0pt\">Indicadores industriais: Horas trabalhadas na ind&uacute;stria n&atilde;o crescem h&aacute; quatro meses, aponta CNI<\/span><\/a><\/span><\/span><\/span><\/p>\r\n\r\n<p style=\"text-align:justify\"><span style=\"font-size:11pt\"><span style=\"line-height:normal\"><span style=\"font-family:Calibri,sans-serif\"><a href=\"https:\/\/www.webmotors.com.br\/wm1\/noticias\/anfavea-229-milhoes-de-emplacamentos-em-2023#:~:text=Produ%C3%A7%C3%A3o%20de%20ve%C3%ADculos%20em%202023&amp;text=A%20estimativa%2C%20faltando%20poucos%20dias,2%2C470%20milh%C3%B5es%20de%20unidades%20produzidas.\" style=\"color:blue; text-decoration:underline\"><span style=\"font-size:14.0pt\">Anfavea projeta 2,29 milh&otilde;es de emplacamentos em 2023<\/span><\/a><\/span><\/span><\/span><\/p>\r\n\r\n<p style=\"text-align:justify\"><span style=\"font-size:11pt\"><span style=\"line-height:normal\"><span style=\"font-family:Calibri,sans-serif\"><a href=\"https:\/\/www.moveisdevalor.com.br\/portal\/abicol-leva-reivindicacoes-a-brasilia-e-ve-demandas-atendidas?source=news\" style=\"color:blue; text-decoration:underline\"><span style=\"font-size:14.0pt\">Abicol leva reivindica&ccedil;&otilde;es a Bras&iacute;lia e v&ecirc; demandas atendidas<\/span><\/a><\/span><\/span><\/span><\/p>\r\n\r\n<p style=\"text-align:justify\"><span style=\"font-size:11pt\"><span style=\"line-height:normal\"><span style=\"font-family:Calibri,sans-serif\"><a href=\"https:\/\/www.meiofiltrante.com.br\/Noticia\/117392\/filtros-processam-rejeitos-na-mineracao-para-eliminar-as-perigosas-barragens-e-seus-riscos\" style=\"color:blue; text-decoration:underline\"><span style=\"font-size:14.0pt\">Filtros processam rejeitos na minera&ccedil;&atilde;o para eliminar as perigosas barragens e seus riscos<\/span><\/a><\/span><\/span><\/span><\/p>\r\n\r\n<p style=\"text-align:justify\"><span style=\"font-size:11pt\"><span style=\"line-height:normal\"><span style=\"font-family:Calibri,sans-serif\"><a href=\"https:\/\/ibre.fgv.br\/blog-da-conjuntura-economica\/artigos\/em-evento-em-brasilia-especialistas-debatem-desafios-para\" style=\"color:blue; text-decoration:underline\"><span style=\"font-size:14.0pt\">Em evento em Bras&iacute;lia, especialistas debatem desafios para a universaliza&ccedil;&atilde;o do saneamento b&aacute;sico<\/span><\/a><\/span><\/span><\/span><\/p>\r\n\r\n<p style=\"text-align:justify\"><span style=\"font-size:11pt\"><span style=\"line-height:normal\"><span style=\"font-family:Calibri,sans-serif\"><a href=\"https:\/\/grandesconstrucoes.com.br\/Noticias\/Exibir\/construcao-civil-deve-apresentar-crescimento-de-12-em-2023-e-29-em-2024?utm_source=akna&amp;utm_medium=email&amp;utm_campaign=Grandes-Construcoes-Informativo-891-07-12-2023&amp;utm_source=akna&amp;utm_medium=email&amp;utm_campaign=Grandes-Construcoes-Informativo-891-07-12-2023\" style=\"color:blue; text-decoration:underline\"><span style=\"font-size:14.0pt\">Constru&ccedil;&atilde;o civil deve apresentar crescimento de 1,2% em 2023 e 2,9% em 2024<\/span><\/a><\/span><\/span><\/span><\/p>\r\n\r\n<p style=\"text-align:justify\"><span style=\"font-size:11pt\"><span style=\"line-height:normal\"><span style=\"font-family:Calibri,sans-serif\"><a href=\"https:\/\/blogdoplastico.wordpress.com\/2023\/12\/05\/40o-encontro-nacional-do-plastico-destaca-conquistas-do-setor-em-2023\/\" style=\"color:blue; text-decoration:underline\"><span style=\"font-size:14.0pt\">40&ordm; Encontro Nacional do Pl&aacute;stico destaca conquistas do setor em 2023<\/span><\/a><\/span><\/span><\/span><\/p>\r\n\r\n<p style=\"text-align:justify\"><span style=\"font-size:11pt\"><span style=\"line-height:normal\"><span style=\"font-family:Calibri,sans-serif\"><a href=\"https:\/\/www.gov.br\/mdic\/pt-br\/assuntos\/noticias\/2023\/dezembro\/alckmin-participa-de-encontro-com-setor-da-industria-quimica\" style=\"color:blue; text-decoration:underline\"><span style=\"font-size:14.0pt\">Alckmin participa de encontro com setor da ind&uacute;stria qu&iacute;mica<\/span><\/a><\/span><\/span><\/span><\/p>\r\n\r\n<p style=\"text-align:justify\"><span style=\"font-size:28pt\"><span style=\"font-family:Cambria,serif\"><span style=\"letter-spacing:-0.5pt\"><b><span style=\"font-size:18.0pt\"><span style=\"font-family:&quot;Calibri&quot;,sans-serif\"><span style=\"font-variant:small-caps\">Sustentabilidade<\/span><\/span><\/span><\/b><\/span><\/span><\/span><\/p>\r\n\r\n<p style=\"text-align:justify\"><span style=\"font-size:11pt\"><span style=\"line-height:normal\"><span style=\"font-family:Calibri,sans-serif\"><a href=\"file:\/\/\/C:\/Users\/cristiane\/Documents\/ABINT%20-%20Cristiane\/Site%20ABINT\/Not\u00edcias%20Semanais%202023\/Brasil%20prepara%20sugest\u00e3o%20de%20a\u00e7\u00f5es%20para%20diminuir%20efeitos%20do%20pl\u00e1stico\" style=\"color:blue; text-decoration:underline\"><span style=\"font-size:14.0pt\">Brasil prepara sugest&atilde;o de a&ccedil;&otilde;es para diminuir efeitos do pl&aacute;stico<\/span><\/a><\/span><\/span><\/span><\/p>\r\n\r\n<p style=\"text-align:justify\"><span style=\"font-size:11pt\"><span style=\"line-height:normal\"><span style=\"font-family:Calibri,sans-serif\"><a href=\"https:\/\/conectaverde.com.br\/programa-de-logistica-reversa-maos-pro-futuro-da-abihpec-alcanca-marco-historico-de-1-milhao-de-toneladas-de-residuos-solidos-recuperados\/?utm_campaign=conecta_verde_news_45&amp;utm_medium=email&amp;utm_source=RD+Station\" style=\"color:blue; text-decoration:underline\"><span style=\"font-size:14.0pt\">Programa de Log&iacute;stica Reversa &ldquo;M&atilde;os Pro Futuro&rdquo;, da ABIHPEC, alcan&ccedil;a marco hist&oacute;rico de 1 milh&atilde;o de toneladas de res&iacute;duos s&oacute;lidos recuperados<\/span><\/a><\/span><\/span><\/span><\/p>\r\n\r\n<p style=\"text-align:justify\"><span style=\"font-size:11pt\"><span style=\"line-height:normal\"><span style=\"font-family:Calibri,sans-serif\"><a href=\"https:\/\/www.meiofiltrante.com.br\/Noticia\/117388\/programa-descarte-consciente-abrafiltros--conta-com-mais-12-empresas-so-no-ano-de-2023-\" style=\"color:blue; text-decoration:underline\"><span style=\"font-size:14.0pt\">Programa Descarte Consciente Abrafiltros conta com mais 12 empresas s&oacute; no ano de 2023<\/span><\/a><\/span><\/span><\/span><\/p>\r\n\r\n<p style=\"text-align:justify\"><span style=\"font-size:11pt\"><span style=\"line-height:normal\"><span style=\"font-family:Calibri,sans-serif\"><a href=\"https:\/\/mercadoeconsumo.com.br\/06\/12\/2023\/artigos\/autenticidade-sera-a-chave-para-a-responsabilidade-social-em-2024\/?utm_campaign=news_0612_-_geral&amp;utm_medium=email&amp;utm_source=RD+Station\" style=\"color:blue; text-decoration:underline\"><span style=\"font-size:14.0pt\">Autenticidade ser&aacute; a chave para a responsabilidade social em 2024<\/span><\/a><\/span><\/span><\/span><\/p>\r\n\r\n<p style=\"text-align:justify\"><span style=\"font-size:11pt\"><span style=\"line-height:normal\"><span style=\"font-family:Calibri,sans-serif\"><a href=\"https:\/\/br.dow.com\/pt-br\/noticias\/dow-financia-nove-projetos-globais\" style=\"color:blue; text-decoration:underline\"><span style=\"font-size:14.0pt\">Dow financia nove projetos globais para impulsionar solu&ccedil;&otilde;es sociais e sustent&aacute;veis<\/span><\/a><\/span><\/span><\/span><\/p>\r\n\r\n<p style=\"text-align:justify\"><span style=\"font-size:28pt\"><span style=\"font-family:Cambria,serif\"><span style=\"letter-spacing:-0.5pt\"><b><span style=\"font-size:18.0pt\"><span style=\"font-family:&quot;Calibri&quot;,sans-serif\"><span style=\"font-variant:small-caps\">Inova&ccedil;&atilde;o<\/span><\/span><\/span><\/b><\/span><\/span><\/span><\/p>\r\n\r\n<p style=\"text-align:justify\"><span style=\"font-size:11pt\"><span style=\"line-height:normal\"><span style=\"font-family:Calibri,sans-serif\"><a href=\"https:\/\/noticias.portaldaindustria.com.br\/noticias\/inovacao-e-tecnologia\/iel-e-fapesp-firmam-parceria-para-beneficiar-pesquisadores-brasileiros\/\" style=\"color:blue; text-decoration:underline\"><span style=\"font-size:14.0pt\">IEL e FAPESP firmam parceria para beneficiar pesquisadores brasileiros<\/span><\/a><\/span><\/span><\/span><\/p>\r\n\r\n<p style=\"text-align:justify\"><span style=\"font-size:11pt\"><span style=\"line-height:normal\"><span style=\"font-family:Calibri,sans-serif\"><a href=\"https:\/\/www.inovacaotecnologica.com.br\/noticias\/noticia.php?artigo=nova-fibra-condutora-base-algodao&amp;id=010110231212&amp;ebol=sim\" style=\"color:blue; text-decoration:underline\"><span style=\"font-size:14.0pt\">Nova fibra condutora &agrave; base de algod&atilde;o &eacute; ideal para tecidos inteligentes<\/span><\/a><\/span><\/span><\/span><\/p>\r\n\r\n<p style=\"text-align:justify\"><span style=\"font-size:11pt\"><span style=\"line-height:normal\"><span style=\"font-family:Calibri,sans-serif\"><a href=\"https:\/\/cnnportugal.iol.pt\/roupa\/ambiente\/ja-imaginou-pegar-no-telemovel-apontar-para-a-etiqueta-de-uma-peca-de-roupa-e-saber-o-impacto-que-teve-no-ambiente-vai-ser-assim-ja-em-2025\/20231208\/657091a3d34e371fc0baa7c8\" style=\"color:blue; text-decoration:underline\"><span style=\"font-size:14.0pt\">J&aacute; imaginou pegar no telem&oacute;vel, apontar para a etiqueta de uma pe&ccedil;a de roupa e saber o impacto que teve no ambiente? Vai ser assim j&aacute; em 2025<\/span><\/a><\/span><\/span><\/span><\/p>\r\n\r\n<p style=\"text-align:justify\"><span style=\"font-size:11pt\"><span style=\"line-height:normal\"><span style=\"font-family:Calibri,sans-serif\"><a href=\"https:\/\/fastcompanybrasil.com\/impacto\/stella-mccartney-lanca-casaco-feito-com-plastico-reciclado-biologicamente\/\" style=\"color:blue; text-decoration:underline\"><span style=\"font-size:14.0pt\">Reciclagem biol&oacute;gica: Stella McCartney lan&ccedil;a casaco feito com pl&aacute;stico reciclado biologicamente<\/span><\/a><\/span><\/span><\/span><\/p>\r\n\r\n<p style=\"text-align:justify\"><span style=\"font-size:11pt\"><span style=\"line-height:normal\"><span style=\"font-family:Calibri,sans-serif\"><a href=\"https:\/\/www.inovacaotecnologica.com.br\/noticias\/noticia.php?artigo=tecido-de-cristais&amp;id=010160231207&amp;ebol=sim\" style=\"color:blue; text-decoration:underline\"><span style=\"font-size:14.0pt\">Criado tecido in&eacute;dito feito inteiramente de cristais<\/span><\/a><\/span><\/span><\/span><\/p>\r\n\r\n<p style=\"text-align:justify\"><span style=\"font-size:11pt\"><span style=\"line-height:normal\"><span style=\"font-family:Calibri,sans-serif\"><a href=\"https:\/\/techxplore.com\/news\/2023-11-rice-husk-recycled-newspaper-eco-friendly.html?utm_source=nwletter&amp;utm_medium=email&amp;utm_campaign=daily-nwletter#google_vignette\" style=\"color:blue; text-decoration:underline\"><span lang=\"EN-US\" style=\"font-size:14.0pt\">Rice husk and recycled newspaper may be the eco-friendly insulation material of the future<\/span><\/a><\/span><\/span><\/span><\/p>\r\n\r\n<p style=\"text-align:justify\"><span style=\"font-size:11pt\"><span style=\"line-height:normal\"><span style=\"font-family:Calibri,sans-serif\"><a href=\"https:\/\/phys.org\/news\/2023-12-elastane-recycling-lifespan-textiles.html?utm_source=nwletter&amp;utm_medium=email&amp;utm_campaign=daily-nwletter\" style=\"color:blue; text-decoration:underline\"><span lang=\"EN-US\" style=\"font-size:14.0pt\">Elastane recycling: Stretching the lifespan of textiles<\/span><\/a><\/span><\/span><\/span><\/p>\r\n\r\n<p style=\"text-align:justify\"><span style=\"font-size:28pt\"><span style=\"font-family:Cambria,serif\"><span style=\"letter-spacing:-0.5pt\"><b><span style=\"font-size:18.0pt\"><span style=\"font-family:&quot;Calibri&quot;,sans-serif\"><span style=\"font-variant:small-caps\">Com&eacute;rcio Exterior<\/span><\/span><\/span><\/b><\/span><\/span><\/span><\/p>\r\n\r\n<p style=\"text-align:justify\"><span style=\"font-size:11pt\"><span style=\"line-height:normal\"><span style=\"font-family:Calibri,sans-serif\"><a href=\"https:\/\/noticias.portaldaindustria.com.br\/posicionamentos\/cni-pede-que-mercosul-continue-esforco-para-concluir-acordo-com-a-uniao-europeia\/\" style=\"color:blue; text-decoration:underline\"><span style=\"font-size:14.0pt\">CNI pede que Mercosul continue esfor&ccedil;o para concluir acordo com a Uni&atilde;o Europeia<\/span><\/a><\/span><\/span><\/span><\/p>\r\n\r\n<p style=\"text-align:justify\"><span style=\"font-size:11pt\"><span style=\"line-height:normal\"><span style=\"font-family:Calibri,sans-serif\"><a href=\"https:\/\/g1.globo.com\/politica\/noticia\/2023\/12\/07\/mercosul-e-uniao-europeia-divulgam-nota-em-que-afirmam-estar-engajados-em-concluir-acordo-comercial.ghtml\" style=\"color:blue; text-decoration:underline\"><span style=\"font-size:14.0pt\">Em nota, Mercosul e Uni&atilde;o Europeia se dizem &#39;engajados&#39; em concluir acordo comercial<\/span><\/a><\/span><\/span><\/span><\/p>\r\n\r\n<p style=\"text-align:justify\"><span style=\"font-size:11pt\"><span style=\"line-height:normal\"><span style=\"font-family:Calibri,sans-serif\"><a href=\"https:\/\/static.portaldaindustria.com.br\/media\/filer_public\/f1\/42\/f1429ae8-ae69-4b24-84f0-e1929f3108e5\/informepoliticacomercial_23_54_cupula-mercosul-07122023_1.pdf\" style=\"color:blue; text-decoration:underline\"><span style=\"font-size:14.0pt\">C&uacute;pula do MERCOSUL e reuni&atilde;o do CMC<\/span><\/a><\/span><\/span><\/span><\/p>\r\n\r\n<p style=\"text-align:justify\"><span style=\"font-size:11pt\"><span style=\"line-height:normal\"><span style=\"font-family:Calibri,sans-serif\"><a href=\"https:\/\/noticias.portaldaindustria.com.br\/noticias\/internacional\/inscricoes-abertas-empresarios-podem-participar-das-discussoes-do-b20-brasil\/\" style=\"color:blue; text-decoration:underline\"><span style=\"font-size:14.0pt\">Inscri&ccedil;&otilde;es abertas: empres&aacute;rios podem participar das discuss&otilde;es do B20 Brasil<\/span><\/a><\/span><\/span><\/span><\/p>\r\n\r\n<p style=\"text-align:justify\"><span style=\"font-size:28pt\"><span style=\"font-family:Cambria,serif\"><span style=\"letter-spacing:-0.5pt\"><b><span style=\"font-size:18.0pt\"><span style=\"font-family:&quot;Calibri&quot;,sans-serif\"><span style=\"font-variant:small-caps\">Economia<\/span><\/span><\/span><\/b><\/span><\/span><\/span><\/p>\r\n\r\n<p style=\"text-align:justify\"><span style=\"font-size:11pt\"><span style=\"line-height:normal\"><span style=\"font-family:Calibri,sans-serif\"><a href=\"https:\/\/www.bcb.gov.br\/content\/focus\/focus\/R20231208.pdf\" style=\"color:blue; text-decoration:underline\"><span style=\"font-size:14.0pt\">Focus &ndash; Relat&oacute;rio de Mercado<\/span><\/a><\/span><\/span><\/span><\/p>\r\n\r\n<p style=\"text-align:justify\"><span style=\"font-size:11pt\"><span style=\"line-height:normal\"><span style=\"font-family:Calibri,sans-serif\"><a href=\"https:\/\/agenciabrasil.ebc.com.br\/economia\/noticia\/2023-12\/mercado-eleva-para-292-projecao-de-expansao-da-economia-em-2023\" style=\"color:blue; text-decoration:underline\"><span style=\"font-size:14.0pt\">Mercado eleva para 2,92% proje&ccedil;&atilde;o de expans&atilde;o da economia em 2023<\/span><\/a><\/span><\/span><\/span><\/p>\r\n\r\n<p style=\"text-align:justify\"><span style=\"font-size:11pt\"><span style=\"line-height:normal\"><span style=\"font-family:Calibri,sans-serif\"><a href=\"https:\/\/agenciadenoticias.bndes.gov.br\/blogdodesenvolvimento\/detalhe\/Estudo-analisa-quatro-decadas-de-politica-fiscal-e-evolucao-das-contas-publicas-no-Brasil\/\" style=\"color:blue; text-decoration:underline\"><span style=\"font-size:14.0pt\">Estudo analisa quatro d&eacute;cadas de pol&iacute;tica fiscal e evolu&ccedil;&atilde;o das contas p&uacute;blicas no Brasil<\/span><\/a><\/span><\/span><\/span><\/p>\r\n\r\n<p style=\"text-align:justify\"><span style=\"font-size:11pt\"><span style=\"line-height:normal\"><span style=\"font-family:Calibri,sans-serif\"><a href=\"https:\/\/sovos.com\/pt-br\/blog\/tributos\/confaz-divulga-convenio-sobre-a-remessa-interestadual-de-bens-e-mercadorias-entre-estabelecimentos-da-mesma-titularidade\/?mkt_tok=MzM0LUhWTi0yNDkAAAGP6YGg7iwBOUP22QqWQfkjKOZD5w99qxPQnv7KaL0NFw5v5PCw__Tr4QOuLuBb-t_YMsyLJdMUGbMl5Oy0ob32toX3BPucqa85DW5xYny3Vb4\" style=\"color:blue; text-decoration:underline\"><span style=\"font-size:14.0pt\">Confaz divulga conv&ecirc;nio sobre a remessa interestadual de bens e mercadorias entre estabelecimentos da mesma titularidade<\/span><\/a><\/span><\/span><\/span><\/p>\r\n\r\n<p style=\"text-align:justify\"><span style=\"font-size:11pt\"><span style=\"line-height:normal\"><span style=\"font-family:Calibri,sans-serif\"><a href=\"https:\/\/www.infomoney.com.br\/politica\/camara-aprova-isencao-de-icms-para-transferencia-de-produtos-entre-estabelecimentos\/\" style=\"color:blue; text-decoration:underline\"><span style=\"font-size:14.0pt\">C&acirc;mara aprova isen&ccedil;&atilde;o de ICMS para transfer&ecirc;ncia de produtos entre estabelecimentos<\/span><\/a><\/span><\/span><\/span><\/p>\r\n\r\n<p style=\"text-align:justify\"><span style=\"font-size:11pt\"><span style=\"line-height:normal\"><span style=\"font-family:Calibri,sans-serif\"><a href=\"https:\/\/portalibre.fgv.br\/system\/files\/2023-12\/Bar%C3%B4metros%20Globais%20KOF-FGV_Press%20release_12_2023_0.pdf\" style=\"color:blue; text-decoration:underline\"><span style=\"font-size:14.0pt\">Bar&ocirc;metros em alta pelo sexto m&ecirc;s seguido<\/span><\/a><\/span><\/span><\/span><\/p>\r\n\r\n<p style=\"text-align:justify\"><span style=\"font-size:11pt\"><span style=\"line-height:normal\"><span style=\"font-family:Calibri,sans-serif\"><a href=\"https:\/\/ibre.fgv.br\/blog-da-conjuntura-economica\/artigos\/em-foco-128\" style=\"color:blue; text-decoration:underline\"><span style=\"font-size:14.0pt\">O PIB, a educa&ccedil;&atilde;o e o saneamento<\/span><\/a><\/span><\/span><\/span><\/p>\r\n","texto_en":"","7":"","imagem":"COMP_banner-padrao-home-destaques-boletim-2023_20231212144945qjmngcsozN.jpeg","8":"COMP_banner-padrao-home-destaques-boletim-2023_20231212144945qjmngcsozN.jpeg","arquivo":"20231212-BOLETIM-ABINT-DE-NOTICIAS-SEMANAIS.PDF","9":"20231212-BOLETIM-ABINT-DE-NOTICIAS-SEMANAIS.PDF","titulo_arquivo":"20231212 Boletim ABINT de Not\u00edcias Semanais","10":"20231212 Boletim ABINT de Not\u00edcias Semanais","titulo_arquivo_en":"","11":"","created_at":"2023-12-12 14:49:54","12":"2023-12-12 14:49:54","updated_at":"2023-12-12 14:49:54","13":"2023-12-12 14:49:54"},{"id":94,"0":94,"ordem":129,"1":129,"data":"2023-12-06","2":"2023-12-06","slug":"boletim-abint-de-noticias-semanais-9","3":"boletim-abint-de-noticias-semanais-9","titulo":"Boletim ABINT de Not\u00edcias Semanais","4":"Boletim ABINT de Not\u00edcias Semanais","titulo_en":"","5":"","texto":"<p style=\"text-align:justify\"><span style=\"font-size:11pt\"><span style=\"line-height:normal\"><span style=\"font-family:Calibri,sans-serif\"><span style=\"font-size:14.0pt\">Esta &eacute; uma compila&ccedil;&atilde;o das not&iacute;cias mais relevantes para o setor, incluindo informa&ccedil;&otilde;es sobre acordos internacionais, economia brasileira, sustentabilidade e mat&eacute;rias primas, al&eacute;m de novidades do setor de N&atilde;otecidos e Tecidos T&eacute;cnicos.<\/span><\/span><\/span><\/span><\/p>\r\n\r\n<p style=\"text-align:justify\"><span style=\"font-size:28pt\"><span style=\"font-family:Cambria,serif\"><span style=\"letter-spacing:-0.5pt\"><b><span style=\"font-size:18.0pt\"><span style=\"font-family:&quot;Calibri&quot;,sans-serif\"><span style=\"font-variant:small-caps\">Not&iacute;cias das Associadas<\/span><\/span><\/span><\/b><\/span><\/span><\/span><\/p>\r\n\r\n<p style=\"text-align:justify\"><span style=\"font-size:11pt\"><span style=\"line-height:normal\"><span style=\"font-family:Calibri,sans-serif\"><a href=\"https:\/\/pinkermoda.com\/nuevos-aislantes-termicos-sostenibles-de-freudenberg\/\" style=\"color:blue; text-decoration:underline\"><span style=\"font-size:14.0pt\">Freudenberg presenta nuevos art&iacute;culos para aislamiento t&eacute;rmico<\/span><\/a><\/span><\/span><\/span><\/p>\r\n\r\n<p style=\"text-align:justify\"><span style=\"font-size:11pt\"><span style=\"line-height:normal\"><span style=\"font-family:Calibri,sans-serif\"><a href=\"https:\/\/www.nonwovens-industry.com\/contents\/view_breaking-news\/2023-11-22\/suominen-announces-new-operating-model?utm_campaign=NON+eNewsletter&amp;utm_medium=email&amp;_hsmi=284697768&amp;_hsenc=p2ANqtz--a76o_1Yf9ZD71NHQ0eFsoCzzGx5Vg3ke5R_wMNDSNZ3FsQGMq3gZQVNyV89XmwYukAGELpIA_OMTxjsYBQYwpOTlisg&amp;utm_content=284697768&amp;utm_source=hs_email\" style=\"color:blue; text-decoration:underline\"><span lang=\"EN-US\" style=\"font-size:14.0pt\">Suominen Announces New Operating Model<\/span><\/a><\/span><\/span><\/span><\/p>\r\n\r\n<p style=\"text-align:justify\"><span style=\"font-size:11pt\"><span style=\"line-height:normal\"><span style=\"font-family:Calibri,sans-serif\"><a href=\"https:\/\/www.nonwovens-industry.com\/contents\/view_breaking-news\/2023-11-29\/trutzschler-card-clothing-offers-z-wire?utm_campaign=NON+eNewsletter&amp;utm_medium=email&amp;_hsmi=284697768&amp;_hsenc=p2ANqtz--jWo5afuMzE5xWuPof9XFZcfhE47hH6fybYO3oVFbcLOifh78-7O2FDOC3MnLQeJaU29O3jCsAQDnkq0ghPEc3ic89pg&amp;utm_content=284697768&amp;utm_source=hs_email\" style=\"color:blue; text-decoration:underline\"><span lang=\"EN-US\" style=\"font-size:14.0pt\">Tr&uuml;tzschler Card Clothing Offers Z-Wire<\/span><\/a><\/span><\/span><\/span><\/p>\r\n\r\n<p style=\"text-align:justify\">&nbsp;<\/p>\r\n\r\n<p style=\"text-align:justify\"><span style=\"font-size:11pt\"><span style=\"line-height:normal\"><span style=\"font-family:Calibri,sans-serif\"><b><span style=\"font-size:18.0pt\"><span style=\"font-variant:small-caps\">Eventos<\/span><\/span><\/b><\/span><\/span><\/span><\/p>\r\n\r\n<p style=\"text-align:justify\"><span style=\"font-size:11pt\"><span style=\"line-height:normal\"><span style=\"font-family:Calibri,sans-serif\"><b><span style=\"font-size:14.0pt\">AESabesp | ESG: Teoria e Pr&aacute;tica no Setor de Saneamento<\/span><\/b><span style=\"font-size:14.0pt\">, 04, 06, 08 e 11 de dezembro de 2023, 14h &agrave;s 17h, online ao vivo. <\/span><a href=\"http:\/\/neopixcomunicacao.com.br\/mail\/index.php\/campaigns\/wv502xkz96fb2\/web-version\/fo094o057x77d\" style=\"color:blue; text-decoration:underline\"><span style=\"font-size:14.0pt\">Informa&ccedil;&otilde;es<\/span><\/a> <\/span><\/span><\/span><\/p>\r\n\r\n<p style=\"text-align:justify\"><span style=\"font-size:11pt\"><span style=\"line-height:normal\"><span style=\"font-family:Calibri,sans-serif\"><b><span style=\"font-size:14.0pt\">CNI\/BID | Workshop Virtual sobre Com&eacute;rcio e Meio Ambiente<\/span><\/b><span style=\"font-size:14.0pt\">, 04, 05, 06, 07 e 11 de dezembro, 10h &agrave;s 12h. <\/span><a href=\"https:\/\/iadb.us12.list-manage.com\/subscribe?u=ac44df64ebfd49bfa33c0ef9c&amp;id=89654b834d\" style=\"color:blue; text-decoration:underline\"><span style=\"font-size:14.0pt\">Inscri&ccedil;&otilde;es<\/span><\/a> <\/span><\/span><\/span><\/p>\r\n\r\n<p style=\"text-align:justify\"><span style=\"font-size:11pt\"><span style=\"line-height:normal\"><span style=\"font-family:Calibri,sans-serif\"><b><span style=\"font-size:14.0pt\">FGV IBRE | IV Semin&aacute;rio de An&aacute;lise Conjuntural<\/span><\/b><span style=\"font-size:14.0pt\">, 07 de dezembro de 2023, 10h00 &agrave;s 11h30, transmiss&atilde;o via Youtube FGV. <\/span><a href=\"https:\/\/evento.fgv.br\/analise-conjuntural_0712\/\" style=\"color:blue; text-decoration:underline\"><span style=\"font-size:14.0pt\">Inscri&ccedil;&otilde;es<\/span><\/a> <\/span><\/span><\/span><\/p>\r\n\r\n<p style=\"text-align:justify\"><span style=\"font-size:11pt\"><span style=\"line-height:normal\"><span style=\"font-family:Calibri,sans-serif\"><b><span style=\"font-size:14.0pt\">FEIPLAR COMPOSITES &amp; FEIPUR &ndash; Feira e Congresso Internacionais de Composites, Poliuretano, Pl&aacute;sticos de Engenharia e Compostos Termopl&aacute;sticos<\/span><\/b><span style=\"font-size:14.0pt\">, 20 a 22 de agosto de 2024, S&atilde;o Paulo Expo (Pavilh&atilde;o 5), palestras: das 8h30 &agrave;s 18h, feira: das 13h &agrave;s 20h.<b> <\/b><\/span><a href=\"http:\/\/www.feiplar.com\" style=\"color:blue; text-decoration:underline\"><span style=\"font-size:14.0pt\">www.feiplar.com<\/span><\/a> <\/span><\/span><\/span><\/p>\r\n\r\n<p style=\"text-align:justify\"><span style=\"font-size:28pt\"><span style=\"font-family:Cambria,serif\"><span style=\"letter-spacing:-0.5pt\"><b><span style=\"font-size:18.0pt\"><span style=\"font-family:&quot;Calibri&quot;,sans-serif\"><span style=\"font-variant:small-caps\">Setor<\/span><\/span><\/span><\/b><\/span><\/span><\/span><\/p>\r\n\r\n<p style=\"text-align:justify\"><span style=\"font-size:11pt\"><span style=\"line-height:normal\"><span style=\"font-family:Calibri,sans-serif\"><a href=\"https:\/\/www.textileworld.com\/textile-world\/nonwovens-technical-textiles\/2023\/11\/inda-releases-upgraded-international-nonwovens-directory\/\" style=\"color:blue; text-decoration:underline\"><span style=\"font-size:14.0pt\">INDA Releases Upgraded International Nonwovens Directory<\/span><\/a><\/span><\/span><\/span><\/p>\r\n\r\n<p style=\"text-align:justify\"><span style=\"font-size:11pt\"><span style=\"line-height:normal\"><span style=\"font-family:Calibri,sans-serif\"><a href=\"https:\/\/g1.globo.com\/sp\/vale-do-paraiba-regiao\/especial-publicitario\/aldeia-outro-mundo\/aldeia-outro-mundo\/noticia\/2023\/12\/03\/precisamos-falar-sobre-bioconstrucao-e-arquitetura-sustentavel.ghtml\" style=\"color:blue; text-decoration:underline\"><span style=\"font-size:14.0pt\">Geomantas: precisamos falar sobre bioconstru&ccedil;&atilde;o e arquitetura sustent&aacute;vel<\/span><\/a><\/span><\/span><\/span><\/p>\r\n\r\n<p style=\"text-align:justify\"><span style=\"font-size:11pt\"><span style=\"line-height:normal\"><span style=\"font-family:Calibri,sans-serif\"><a href=\"https:\/\/www.meiofiltrante.com.br\/Noticia\/117334\/a-2a-edicao-do-seminario-brasileiro-de-filtros-apresenta-um-painel-dirigido-a-industria-automotiva\" style=\"color:blue; text-decoration:underline\"><span style=\"font-size:14.0pt\">A 2&ordf; edi&ccedil;&atilde;o do Semin&aacute;rio Brasileiro de Filtros apresenta um painel dirigido &agrave; ind&uacute;stria automotiva<\/span><\/a><\/span><\/span><\/span><\/p>\r\n\r\n<p style=\"text-align:justify\"><span style=\"font-size:11pt\"><span style=\"line-height:normal\"><span style=\"font-family:Calibri,sans-serif\"><a href=\"https:\/\/www.anahp.com.br\/publicacoes\/esg-nos-hospitais-anahp-2023-resultados-e-boas-praticas\/?utm_campaign=emkt_-_publicacao_esg_-_foco_ambiental&amp;utm_medium=email&amp;utm_source=RD+Station\" style=\"color:blue; text-decoration:underline\"><span style=\"font-size:14.0pt\">ESG nos hospitais Anahp 2023: resultados e boas pr&aacute;ticas<\/span><\/a><\/span><\/span><\/span><\/p>\r\n\r\n<p style=\"text-align:justify\"><span style=\"font-size:28pt\"><span style=\"font-family:Cambria,serif\"><span style=\"letter-spacing:-0.5pt\"><b><span style=\"font-size:18.0pt\"><span style=\"font-family:&quot;Calibri&quot;,sans-serif\"><span style=\"font-variant:small-caps\">Ind&uacute;stria<\/span><\/span><\/span><\/b><\/span><\/span><\/span><\/p>\r\n\r\n<p style=\"text-align:justify\"><span style=\"font-size:11pt\"><span style=\"line-height:normal\"><span style=\"font-family:Calibri,sans-serif\"><a href=\"https:\/\/portalibre.fgv.br\/system\/files\/2023-12\/%C3%8Dndice%20de%20Confian%C3%A7a%20Empresarial%20FGV_press%20release_Nov23_0.pdf\" style=\"color:blue; text-decoration:underline\"><span style=\"font-size:14.0pt\">Confian&ccedil;a Empresarial segue em queda<\/span><\/a><\/span><\/span><\/span><\/p>\r\n\r\n<p style=\"text-align:justify\"><span style=\"font-size:11pt\"><span style=\"line-height:normal\"><span style=\"font-family:Calibri,sans-serif\"><a href=\"https:\/\/www.infomoney.com.br\/politica\/stf-da-vitoria-aos-estados-e-permite-cobranca-do-difal-do-icms-desde-abril-de-2022\/\" style=\"color:blue; text-decoration:underline\"><span style=\"font-size:14.0pt\">STF d&aacute; vit&oacute;ria aos Estados e permite cobran&ccedil;a do Difal do ICMS desde abril de 2022<\/span><\/a><\/span><\/span><\/span><\/p>\r\n\r\n<p style=\"text-align:justify\"><span style=\"font-size:11pt\"><span style=\"line-height:normal\"><span style=\"font-family:Calibri,sans-serif\"><a href=\"https:\/\/www.ocafezinho.com\/2023\/12\/04\/china-assume-a-lideranca-em-vendas-de-veiculos-na-america-latina-superando-o-brasil\/\" style=\"color:blue; text-decoration:underline\"><span style=\"font-size:14.0pt\">Anfavea: China assume a lideran&ccedil;a em vendas de ve&iacute;culos na Am&eacute;rica Latina, superando o Brasil<\/span><\/a><\/span><\/span><\/span><\/p>\r\n\r\n<p style=\"text-align:justify\"><span style=\"font-size:11pt\"><span style=\"line-height:normal\"><span style=\"font-family:Calibri,sans-serif\"><a href=\"https:\/\/exclusivo.com.br\/_conteudo\/negocios\/2023\/11\/29\/em-sete-anos-mercado-global-de-calcados-femininos-de-luxo-deve-ultrapassar-uss-50-bilhoes.html\" style=\"color:blue; text-decoration:underline\"><span style=\"font-size:14.0pt\">Em sete anos, mercado global de cal&ccedil;ados femininos de luxo deve ultrapassar US$ 50 bilh&otilde;es<\/span><\/a><\/span><\/span><\/span><\/p>\r\n\r\n<p style=\"text-align:justify\"><span style=\"font-size:11pt\"><span style=\"line-height:normal\"><span style=\"font-family:Calibri,sans-serif\"><a href=\"https:\/\/www.moveisdevalor.com.br\/portal\/abicol-apresenta-demanda-a-arthur-lira-em-brasilia?source=news\" style=\"color:blue; text-decoration:underline\"><span style=\"font-size:14.0pt\">Abicol pede a Arthur Lira prote&ccedil;&atilde;o contra importa&ccedil;&atilde;o de colch&atilde;o<\/span><\/a><\/span><\/span><\/span><\/p>\r\n\r\n<p style=\"text-align:justify\"><span style=\"font-size:11pt\"><span style=\"line-height:normal\"><span style=\"font-family:Calibri,sans-serif\"><a href=\"https:\/\/www.meiofiltrante.com.br\/Noticia\/117326\/abrafiltros-promove-a-2a-edicao-do-seminario-brasileiro-abrafiltros-\" style=\"color:blue; text-decoration:underline\"><span style=\"font-size:14.0pt\">Abrafiltros promoveu a 2&ordf; edi&ccedil;&atilde;o do Semin&aacute;rio Brasileiro Abrafiltros<\/span><\/a><\/span><\/span><\/span><\/p>\r\n\r\n<p style=\"text-align:justify\"><span style=\"font-size:11pt\"><span style=\"line-height:normal\"><span style=\"font-family:Calibri,sans-serif\"><a href=\"https:\/\/blogdoibre.fgv.br\/posts\/construcao-crescimento-modesto-em-2023\" style=\"color:blue; text-decoration:underline\"><span style=\"font-size:14.0pt\">Constru&ccedil;&atilde;o: crescimento modesto em 2023<\/span><\/a><\/span><\/span><\/span><\/p>\r\n\r\n<p style=\"text-align:justify\"><span style=\"font-size:11pt\"><span style=\"line-height:normal\"><span style=\"font-family:Calibri,sans-serif\"><a href=\"https:\/\/grandesconstrucoes.com.br\/Noticias\/Exibir\/agua-e-esgoto-devem-receber-r-85-bilhoes-em-investimos-por-ano-ate-2026#:~:text=SANEAMENTO-,%C3%81gua%20e%20esgoto%20devem%20receber%20R%24%208%2C5%20bilh%C3%B5es%20em,investimos%20por%20ano%20at%C3%A9%202026&amp;text=Um%20dos%20nove%20eixos%20de,para%20o%20consumo%20da%20popula%C3%A7%C3%A3o.\" style=\"color:blue; text-decoration:underline\"><span style=\"font-size:14.0pt\">&Aacute;gua e esgoto devem receber R$ 8,5 bilh&otilde;es em investimos por ano at&eacute; 2026<\/span><\/a><\/span><\/span><\/span><\/p>\r\n\r\n<p style=\"text-align:justify\"><span style=\"font-size:11pt\"><span style=\"line-height:normal\"><span style=\"font-family:Calibri,sans-serif\"><a href=\"https:\/\/economia.uol.com.br\/noticias\/reuters\/2023\/11\/29\/setor-de-maquinas-e-equipamentos-mantem-trajetoria-de-queda-em-outubro-aponta-abimaq.htm\" style=\"color:blue; text-decoration:underline\"><span style=\"font-size:14.0pt\">Setor de m&aacute;quinas e equipamentos espera retomada de receita em 2024, diz Abimaq<\/span><\/a><\/span><\/span><\/span><\/p>\r\n\r\n<p style=\"text-align:justify\"><span style=\"font-size:11pt\"><span style=\"line-height:normal\"><span style=\"font-family:Calibri,sans-serif\"><a href=\"https:\/\/epocanegocios.globo.com\/economia\/noticia\/2023\/11\/abiquim-preve-deficit-de-us-47-bi-para-produtos-quimicos-em-2023.ghtml\" style=\"color:blue; text-decoration:underline\"><span style=\"font-size:14.0pt\">Abiquim prev&ecirc; d&eacute;ficit de US$ 47 bi para produtos qu&iacute;micos em 2023<\/span><\/a><\/span><\/span><\/span><\/p>\r\n\r\n<p style=\"text-align:justify\"><span style=\"font-size:28pt\"><span style=\"font-family:Cambria,serif\"><span style=\"letter-spacing:-0.5pt\"><b><span style=\"font-size:18.0pt\"><span style=\"font-family:&quot;Calibri&quot;,sans-serif\"><span style=\"font-variant:small-caps\">Sustentabilidade<\/span><\/span><\/span><\/b><\/span><\/span><\/span><\/p>\r\n\r\n<p style=\"text-align:justify\"><span style=\"font-size:11pt\"><span style=\"line-height:normal\"><span style=\"font-family:Calibri,sans-serif\"><a href=\"https:\/\/gauchazh.clicrbs.com.br\/passo-fundo\/economia\/noticia\/2023\/11\/preco-pago-por-reciclagem-cai-e-cooperativas-buscam-alternativas-para-ampliar-renda-clpin21lz0025016hielbxno0.html\" style=\"color:blue; text-decoration:underline\"><span style=\"font-size:14.0pt\">Pre&ccedil;o pago por reciclagem cai e cooperativas buscam alternativas para ampliar renda<\/span><\/a><\/span><\/span><\/span><\/p>\r\n\r\n<p style=\"text-align:justify\"><span style=\"font-size:11pt\"><span style=\"line-height:normal\"><span style=\"font-family:Calibri,sans-serif\"><a href=\"https:\/\/www.gov.br\/mdic\/pt-br\/assuntos\/noticias\/2023\/dezembro\/brasil-e-reino-unido-assinam-memorando-de-cooperacao-na-descarbonizacao-da-economia\" style=\"color:blue; text-decoration:underline\"><span style=\"font-size:14.0pt\">Brasil e Reino Unido assinam memorando de coopera&ccedil;&atilde;o na descarboniza&ccedil;&atilde;o da economia<\/span><\/a><\/span><\/span><\/span><\/p>\r\n\r\n<p style=\"text-align:justify\"><span style=\"font-size:11pt\"><span style=\"line-height:normal\"><span style=\"font-family:Calibri,sans-serif\"><a href=\"https:\/\/phys.org\/news\/2023-11-boosting-pet-recycling-higher-standards.html?utm_source=nwletter&amp;utm_medium=email&amp;utm_campaign=daily-nwletter\" style=\"color:blue; text-decoration:underline\"><span lang=\"EN-US\" style=\"font-size:14.0pt\">Boosting PET recycling with higher standards for laboratory experiments<\/span><\/a><\/span><\/span><\/span><\/p>\r\n\r\n<p style=\"text-align:justify\"><span style=\"font-size:11pt\"><span style=\"line-height:normal\"><span style=\"font-family:Calibri,sans-serif\"><a href=\"https:\/\/blogdoplastico.wordpress.com\/2023\/12\/04\/lyondellbasell-construira-planta-de-reciclagem-avancada-em-escala-industrial-na-alemanha\/\" style=\"color:blue; text-decoration:underline\"><span style=\"font-size:14.0pt\">LyondellBasell construir&aacute; planta de reciclagem avan&ccedil;ada em escala industrial na Alemanha<\/span><\/a><\/span><\/span><\/span><\/p>\r\n\r\n<p style=\"text-align:justify\"><span style=\"font-size:28pt\"><span style=\"font-family:Cambria,serif\"><span style=\"letter-spacing:-0.5pt\"><b><span lang=\"EN-US\" style=\"font-size:18.0pt\"><span style=\"font-family:&quot;Calibri&quot;,sans-serif\"><span style=\"font-variant:small-caps\">Inova&ccedil;&atilde;o<\/span><\/span><\/span><\/b><\/span><\/span><\/span><\/p>\r\n\r\n<p style=\"text-align:justify\"><span style=\"font-size:11pt\"><span style=\"line-height:normal\"><span style=\"font-family:Calibri,sans-serif\"><a href=\"https:\/\/phys.org\/news\/2023-11-first-of-its-kind-woven-material-flexible-crystals.html?utm_source=nwletter&amp;utm_medium=email&amp;utm_campaign=daily-nwletter\" style=\"color:blue; text-decoration:underline\"><span lang=\"EN-US\" style=\"font-size:14.0pt\">Researchers develop first-of-its-kind woven material made entirely from flexible organic crystals<\/span><\/a><\/span><\/span><\/span><\/p>\r\n\r\n<p style=\"text-align:justify\"><span style=\"font-size:11pt\"><span style=\"line-height:normal\"><span style=\"font-family:Calibri,sans-serif\"><a href=\"https:\/\/jornal.usp.br\/campus-ribeirao-preto\/serie-energia-e-o-plastico-quem-diria-pode-ser-materia-prima-na-producao-de-hidrogenio-verde\/\" style=\"color:blue; text-decoration:underline\"><span style=\"font-size:14.0pt\">E o pl&aacute;stico, quem diria, pode ser mat&eacute;ria-prima na produ&ccedil;&atilde;o de hidrog&ecirc;nio verde<\/span><\/a><\/span><\/span><\/span><\/p>\r\n\r\n<p style=\"text-align:justify\"><span style=\"font-size:28pt\"><span style=\"font-family:Cambria,serif\"><span style=\"letter-spacing:-0.5pt\"><b><span style=\"font-size:18.0pt\"><span style=\"font-family:&quot;Calibri&quot;,sans-serif\"><span style=\"font-variant:small-caps\">Com&eacute;rcio Exterior<\/span><\/span><\/span><\/b><\/span><\/span><\/span><\/p>\r\n\r\n<p style=\"text-align:justify\"><span style=\"font-size:11pt\"><span style=\"line-height:normal\"><span style=\"font-family:Calibri,sans-serif\"><a href=\"https:\/\/g1.globo.com\/economia\/noticia\/2023\/12\/02\/macron-diz-ser-contra-acordo-entre-mercosul-e-uniao-europeia.ghtml\" style=\"color:blue; text-decoration:underline\"><span style=\"font-size:14.0pt\">Macron diz ser contra acordo entre Mercosul e Uni&atilde;o Europeia<\/span><\/a><\/span><\/span><\/span><\/p>\r\n\r\n<p style=\"text-align:justify\"><span style=\"font-size:11pt\"><span style=\"line-height:normal\"><span style=\"font-family:Calibri,sans-serif\"><a href=\"https:\/\/apexbrasil.com.br\/content\/apexbrasil\/br\/pt\/conteudo\/noticias\/ExpoMais-Brasil-setor-de-calcados-movimenta-RS-25,6-milhoes-de-reais-em-negocios-durante-a-10-rodada-do-programa-em-Porto-Alegre-RS.html#msdynttrid=xwHRE_8J3cvp6-E-2SXc89Gm9c91pBMW344Z9ywVh-Q\" style=\"color:blue; text-decoration:underline\"><span style=\"font-size:14.0pt\">Exporta Mais Brasil: setor de cal&ccedil;ados movimenta R$ 25,6 milh&otilde;es em neg&oacute;cios durante a 10&ordf; rodada do programa em Porto Alegre\/RS<\/span><\/a><\/span><\/span><\/span><\/p>\r\n\r\n<p style=\"text-align:justify\"><span style=\"font-size:11pt\"><span style=\"line-height:normal\"><span style=\"font-family:Calibri,sans-serif\"><a href=\"https:\/\/www.gov.br\/mdic\/pt-br\/assuntos\/noticias\/2023\/dezembro\/sustentabilidade-e-desafio-e-oportunidade-para-comercio-exterior-aponta-consulta-publica-1\" style=\"color:blue; text-decoration:underline\"><span style=\"font-size:14.0pt\">Sustentabilidade &eacute; desafio e oportunidade para com&eacute;rcio exterior, aponta consulta p&uacute;blica<\/span><\/a><\/span><\/span><\/span><\/p>\r\n\r\n<p style=\"text-align:justify\"><span style=\"font-size:28pt\"><span style=\"font-family:Cambria,serif\"><span style=\"letter-spacing:-0.5pt\"><b><span style=\"font-size:18.0pt\"><span style=\"font-family:&quot;Calibri&quot;,sans-serif\"><span style=\"font-variant:small-caps\">Economia<\/span><\/span><\/span><\/b><\/span><\/span><\/span><\/p>\r\n\r\n<p style=\"text-align:justify\"><span style=\"font-size:11pt\"><span style=\"line-height:normal\"><span style=\"font-family:Calibri,sans-serif\"><a href=\"https:\/\/www.bcb.gov.br\/content\/focus\/focus\/R20231201.pdf\" style=\"color:blue; text-decoration:underline\"><span style=\"font-size:14.0pt\">Focus &ndash; Relat&oacute;rio de Mercado<\/span><\/a><\/span><\/span><\/span><\/p>\r\n\r\n<p style=\"text-align:justify\"><span style=\"font-size:11pt\"><span style=\"line-height:normal\"><span style=\"font-family:Calibri,sans-serif\"><a href=\"https:\/\/www.bcb.gov.br\/content\/controleinflacao\/focusdistribuicoesfrequencia\/P20231204-Focus-Distribuicoes-de-frequencia.pdf\" style=\"color:blue; text-decoration:underline\"><span style=\"font-size:14.0pt\">Focus - Distribui&ccedil;&otilde;es de Frequ&ecirc;ncia das Expectativas de Mercado para IPCA, Selic, PIB e C&acirc;mbio<\/span><\/a><\/span><\/span><\/span><\/p>\r\n\r\n<p style=\"text-align:justify\"><span style=\"font-size:11pt\"><span style=\"line-height:normal\"><span style=\"font-family:Calibri,sans-serif\"><a href=\"https:\/\/sovos.com\/pt-br\/blog\/tributos\/excecoes-na-reforma-tributaria-limitarao-ivas-brasileiros-a-63-do-potencial-de-arrecadacao-estima-fazenda\/?mkt_tok=MzM0LUhWTi0yNDkAAAGPxSMP-vSe_IwVGHv0hU7ZBpFVRoYmHru8_m8iL5Ukjl8A2-I50BLf9K4NZBu8fwu-7IKW0UsjiSahTeH835yBk97MH8PaYly_T3RnbbJ_YD8\" style=\"color:blue; text-decoration:underline\"><span style=\"font-size:14.0pt\">Exce&ccedil;&otilde;es na reforma tribut&aacute;ria limitar&atilde;o IVAs brasileiros a 63% do potencial de arrecada&ccedil;&atilde;o, estima Fazenda<\/span><\/a><\/span><\/span><\/span><\/p>\r\n\r\n<p style=\"text-align:justify\"><span style=\"font-size:11pt\"><span style=\"line-height:normal\"><span style=\"font-family:Calibri,sans-serif\"><a href=\"https:\/\/blogdoibre.fgv.br\/posts\/desaceleracao-da-atividade-economica-domestica-se-intensifica\" style=\"color:blue; text-decoration:underline\"><span style=\"font-size:14.0pt\">Desacelera&ccedil;&atilde;o da atividade econ&ocirc;mica dom&eacute;stica se intensifica<\/span><\/a><\/span><\/span><\/span><\/p>\r\n\r\n<p style=\"text-align:justify\"><span style=\"font-size:11pt\"><span style=\"line-height:normal\"><span style=\"font-family:Calibri,sans-serif\"><a href=\"https:\/\/blogdoibre.fgv.br\/posts\/economia-americana-espera-do-inicio-da-desaceleracao\" style=\"color:blue; text-decoration:underline\"><span style=\"font-size:14.0pt\">Economia americana &agrave; espera do in&iacute;cio da desacelera&ccedil;&atilde;o<\/span><\/a><\/span><\/span><\/span><\/p>\r\n\r\n<p style=\"text-align:justify\"><span style=\"font-size:11pt\"><span style=\"line-height:normal\"><span style=\"font-family:Calibri,sans-serif\"><a href=\"https:\/\/portalibre.fgv.br\/system\/files\/2023-12\/Apresenta%C3%A7%C3%A3o%20-%20S%C3%ADntese%20das%20Sondagens%20-%20Novembro%202023_0.pdf\" style=\"color:blue; text-decoration:underline\"><span style=\"font-size:14.0pt\">Indicadores de Confian&ccedil;a e Incerteza do FGV IBRE<\/span><\/a><\/span><\/span><\/span><\/p>\r\n\r\n<p style=\"text-align:justify\"><span style=\"font-size:11pt\"><span style=\"line-height:normal\"><span style=\"font-family:Calibri,sans-serif\"><a href=\"https:\/\/portal.fgv.br\/noticias\/igp-m-resultados-2023\" style=\"color:blue; text-decoration:underline\"><span style=\"font-size:14.0pt\">IGP-M: Resultados 2023<\/span><\/a><\/span><\/span><\/span><\/p>\r\n","6":"<p style=\"text-align:justify\"><span style=\"font-size:11pt\"><span style=\"line-height:normal\"><span style=\"font-family:Calibri,sans-serif\"><span style=\"font-size:14.0pt\">Esta &eacute; uma compila&ccedil;&atilde;o das not&iacute;cias mais relevantes para o setor, incluindo informa&ccedil;&otilde;es sobre acordos internacionais, economia brasileira, sustentabilidade e mat&eacute;rias primas, al&eacute;m de novidades do setor de N&atilde;otecidos e Tecidos T&eacute;cnicos.<\/span><\/span><\/span><\/span><\/p>\r\n\r\n<p style=\"text-align:justify\"><span style=\"font-size:28pt\"><span style=\"font-family:Cambria,serif\"><span style=\"letter-spacing:-0.5pt\"><b><span style=\"font-size:18.0pt\"><span style=\"font-family:&quot;Calibri&quot;,sans-serif\"><span style=\"font-variant:small-caps\">Not&iacute;cias das Associadas<\/span><\/span><\/span><\/b><\/span><\/span><\/span><\/p>\r\n\r\n<p style=\"text-align:justify\"><span style=\"font-size:11pt\"><span style=\"line-height:normal\"><span style=\"font-family:Calibri,sans-serif\"><a href=\"https:\/\/pinkermoda.com\/nuevos-aislantes-termicos-sostenibles-de-freudenberg\/\" style=\"color:blue; text-decoration:underline\"><span style=\"font-size:14.0pt\">Freudenberg presenta nuevos art&iacute;culos para aislamiento t&eacute;rmico<\/span><\/a><\/span><\/span><\/span><\/p>\r\n\r\n<p style=\"text-align:justify\"><span style=\"font-size:11pt\"><span style=\"line-height:normal\"><span style=\"font-family:Calibri,sans-serif\"><a href=\"https:\/\/www.nonwovens-industry.com\/contents\/view_breaking-news\/2023-11-22\/suominen-announces-new-operating-model?utm_campaign=NON+eNewsletter&amp;utm_medium=email&amp;_hsmi=284697768&amp;_hsenc=p2ANqtz--a76o_1Yf9ZD71NHQ0eFsoCzzGx5Vg3ke5R_wMNDSNZ3FsQGMq3gZQVNyV89XmwYukAGELpIA_OMTxjsYBQYwpOTlisg&amp;utm_content=284697768&amp;utm_source=hs_email\" style=\"color:blue; text-decoration:underline\"><span lang=\"EN-US\" style=\"font-size:14.0pt\">Suominen Announces New Operating Model<\/span><\/a><\/span><\/span><\/span><\/p>\r\n\r\n<p style=\"text-align:justify\"><span style=\"font-size:11pt\"><span style=\"line-height:normal\"><span style=\"font-family:Calibri,sans-serif\"><a href=\"https:\/\/www.nonwovens-industry.com\/contents\/view_breaking-news\/2023-11-29\/trutzschler-card-clothing-offers-z-wire?utm_campaign=NON+eNewsletter&amp;utm_medium=email&amp;_hsmi=284697768&amp;_hsenc=p2ANqtz--jWo5afuMzE5xWuPof9XFZcfhE47hH6fybYO3oVFbcLOifh78-7O2FDOC3MnLQeJaU29O3jCsAQDnkq0ghPEc3ic89pg&amp;utm_content=284697768&amp;utm_source=hs_email\" style=\"color:blue; text-decoration:underline\"><span lang=\"EN-US\" style=\"font-size:14.0pt\">Tr&uuml;tzschler Card Clothing Offers Z-Wire<\/span><\/a><\/span><\/span><\/span><\/p>\r\n\r\n<p style=\"text-align:justify\">&nbsp;<\/p>\r\n\r\n<p style=\"text-align:justify\"><span style=\"font-size:11pt\"><span style=\"line-height:normal\"><span style=\"font-family:Calibri,sans-serif\"><b><span style=\"font-size:18.0pt\"><span style=\"font-variant:small-caps\">Eventos<\/span><\/span><\/b><\/span><\/span><\/span><\/p>\r\n\r\n<p style=\"text-align:justify\"><span style=\"font-size:11pt\"><span style=\"line-height:normal\"><span style=\"font-family:Calibri,sans-serif\"><b><span style=\"font-size:14.0pt\">AESabesp | ESG: Teoria e Pr&aacute;tica no Setor de Saneamento<\/span><\/b><span style=\"font-size:14.0pt\">, 04, 06, 08 e 11 de dezembro de 2023, 14h &agrave;s 17h, online ao vivo. <\/span><a href=\"http:\/\/neopixcomunicacao.com.br\/mail\/index.php\/campaigns\/wv502xkz96fb2\/web-version\/fo094o057x77d\" style=\"color:blue; text-decoration:underline\"><span style=\"font-size:14.0pt\">Informa&ccedil;&otilde;es<\/span><\/a> <\/span><\/span><\/span><\/p>\r\n\r\n<p style=\"text-align:justify\"><span style=\"font-size:11pt\"><span style=\"line-height:normal\"><span style=\"font-family:Calibri,sans-serif\"><b><span style=\"font-size:14.0pt\">CNI\/BID | Workshop Virtual sobre Com&eacute;rcio e Meio Ambiente<\/span><\/b><span style=\"font-size:14.0pt\">, 04, 05, 06, 07 e 11 de dezembro, 10h &agrave;s 12h. <\/span><a href=\"https:\/\/iadb.us12.list-manage.com\/subscribe?u=ac44df64ebfd49bfa33c0ef9c&amp;id=89654b834d\" style=\"color:blue; text-decoration:underline\"><span style=\"font-size:14.0pt\">Inscri&ccedil;&otilde;es<\/span><\/a> <\/span><\/span><\/span><\/p>\r\n\r\n<p style=\"text-align:justify\"><span style=\"font-size:11pt\"><span style=\"line-height:normal\"><span style=\"font-family:Calibri,sans-serif\"><b><span style=\"font-size:14.0pt\">FGV IBRE | IV Semin&aacute;rio de An&aacute;lise Conjuntural<\/span><\/b><span style=\"font-size:14.0pt\">, 07 de dezembro de 2023, 10h00 &agrave;s 11h30, transmiss&atilde;o via Youtube FGV. <\/span><a href=\"https:\/\/evento.fgv.br\/analise-conjuntural_0712\/\" style=\"color:blue; text-decoration:underline\"><span style=\"font-size:14.0pt\">Inscri&ccedil;&otilde;es<\/span><\/a> <\/span><\/span><\/span><\/p>\r\n\r\n<p style=\"text-align:justify\"><span style=\"font-size:11pt\"><span style=\"line-height:normal\"><span style=\"font-family:Calibri,sans-serif\"><b><span style=\"font-size:14.0pt\">FEIPLAR COMPOSITES &amp; FEIPUR &ndash; Feira e Congresso Internacionais de Composites, Poliuretano, Pl&aacute;sticos de Engenharia e Compostos Termopl&aacute;sticos<\/span><\/b><span style=\"font-size:14.0pt\">, 20 a 22 de agosto de 2024, S&atilde;o Paulo Expo (Pavilh&atilde;o 5), palestras: das 8h30 &agrave;s 18h, feira: das 13h &agrave;s 20h.<b> <\/b><\/span><a href=\"http:\/\/www.feiplar.com\" style=\"color:blue; text-decoration:underline\"><span style=\"font-size:14.0pt\">www.feiplar.com<\/span><\/a> <\/span><\/span><\/span><\/p>\r\n\r\n<p style=\"text-align:justify\"><span style=\"font-size:28pt\"><span style=\"font-family:Cambria,serif\"><span style=\"letter-spacing:-0.5pt\"><b><span style=\"font-size:18.0pt\"><span style=\"font-family:&quot;Calibri&quot;,sans-serif\"><span style=\"font-variant:small-caps\">Setor<\/span><\/span><\/span><\/b><\/span><\/span><\/span><\/p>\r\n\r\n<p style=\"text-align:justify\"><span style=\"font-size:11pt\"><span style=\"line-height:normal\"><span style=\"font-family:Calibri,sans-serif\"><a href=\"https:\/\/www.textileworld.com\/textile-world\/nonwovens-technical-textiles\/2023\/11\/inda-releases-upgraded-international-nonwovens-directory\/\" style=\"color:blue; text-decoration:underline\"><span style=\"font-size:14.0pt\">INDA Releases Upgraded International Nonwovens Directory<\/span><\/a><\/span><\/span><\/span><\/p>\r\n\r\n<p style=\"text-align:justify\"><span style=\"font-size:11pt\"><span style=\"line-height:normal\"><span style=\"font-family:Calibri,sans-serif\"><a href=\"https:\/\/g1.globo.com\/sp\/vale-do-paraiba-regiao\/especial-publicitario\/aldeia-outro-mundo\/aldeia-outro-mundo\/noticia\/2023\/12\/03\/precisamos-falar-sobre-bioconstrucao-e-arquitetura-sustentavel.ghtml\" style=\"color:blue; text-decoration:underline\"><span style=\"font-size:14.0pt\">Geomantas: precisamos falar sobre bioconstru&ccedil;&atilde;o e arquitetura sustent&aacute;vel<\/span><\/a><\/span><\/span><\/span><\/p>\r\n\r\n<p style=\"text-align:justify\"><span style=\"font-size:11pt\"><span style=\"line-height:normal\"><span style=\"font-family:Calibri,sans-serif\"><a href=\"https:\/\/www.meiofiltrante.com.br\/Noticia\/117334\/a-2a-edicao-do-seminario-brasileiro-de-filtros-apresenta-um-painel-dirigido-a-industria-automotiva\" style=\"color:blue; text-decoration:underline\"><span style=\"font-size:14.0pt\">A 2&ordf; edi&ccedil;&atilde;o do Semin&aacute;rio Brasileiro de Filtros apresenta um painel dirigido &agrave; ind&uacute;stria automotiva<\/span><\/a><\/span><\/span><\/span><\/p>\r\n\r\n<p style=\"text-align:justify\"><span style=\"font-size:11pt\"><span style=\"line-height:normal\"><span style=\"font-family:Calibri,sans-serif\"><a href=\"https:\/\/www.anahp.com.br\/publicacoes\/esg-nos-hospitais-anahp-2023-resultados-e-boas-praticas\/?utm_campaign=emkt_-_publicacao_esg_-_foco_ambiental&amp;utm_medium=email&amp;utm_source=RD+Station\" style=\"color:blue; text-decoration:underline\"><span style=\"font-size:14.0pt\">ESG nos hospitais Anahp 2023: resultados e boas pr&aacute;ticas<\/span><\/a><\/span><\/span><\/span><\/p>\r\n\r\n<p style=\"text-align:justify\"><span style=\"font-size:28pt\"><span style=\"font-family:Cambria,serif\"><span style=\"letter-spacing:-0.5pt\"><b><span style=\"font-size:18.0pt\"><span style=\"font-family:&quot;Calibri&quot;,sans-serif\"><span style=\"font-variant:small-caps\">Ind&uacute;stria<\/span><\/span><\/span><\/b><\/span><\/span><\/span><\/p>\r\n\r\n<p style=\"text-align:justify\"><span style=\"font-size:11pt\"><span style=\"line-height:normal\"><span style=\"font-family:Calibri,sans-serif\"><a href=\"https:\/\/portalibre.fgv.br\/system\/files\/2023-12\/%C3%8Dndice%20de%20Confian%C3%A7a%20Empresarial%20FGV_press%20release_Nov23_0.pdf\" style=\"color:blue; text-decoration:underline\"><span style=\"font-size:14.0pt\">Confian&ccedil;a Empresarial segue em queda<\/span><\/a><\/span><\/span><\/span><\/p>\r\n\r\n<p style=\"text-align:justify\"><span style=\"font-size:11pt\"><span style=\"line-height:normal\"><span style=\"font-family:Calibri,sans-serif\"><a href=\"https:\/\/www.infomoney.com.br\/politica\/stf-da-vitoria-aos-estados-e-permite-cobranca-do-difal-do-icms-desde-abril-de-2022\/\" style=\"color:blue; text-decoration:underline\"><span style=\"font-size:14.0pt\">STF d&aacute; vit&oacute;ria aos Estados e permite cobran&ccedil;a do Difal do ICMS desde abril de 2022<\/span><\/a><\/span><\/span><\/span><\/p>\r\n\r\n<p style=\"text-align:justify\"><span style=\"font-size:11pt\"><span style=\"line-height:normal\"><span style=\"font-family:Calibri,sans-serif\"><a href=\"https:\/\/www.ocafezinho.com\/2023\/12\/04\/china-assume-a-lideranca-em-vendas-de-veiculos-na-america-latina-superando-o-brasil\/\" style=\"color:blue; text-decoration:underline\"><span style=\"font-size:14.0pt\">Anfavea: China assume a lideran&ccedil;a em vendas de ve&iacute;culos na Am&eacute;rica Latina, superando o Brasil<\/span><\/a><\/span><\/span><\/span><\/p>\r\n\r\n<p style=\"text-align:justify\"><span style=\"font-size:11pt\"><span style=\"line-height:normal\"><span style=\"font-family:Calibri,sans-serif\"><a href=\"https:\/\/exclusivo.com.br\/_conteudo\/negocios\/2023\/11\/29\/em-sete-anos-mercado-global-de-calcados-femininos-de-luxo-deve-ultrapassar-uss-50-bilhoes.html\" style=\"color:blue; text-decoration:underline\"><span style=\"font-size:14.0pt\">Em sete anos, mercado global de cal&ccedil;ados femininos de luxo deve ultrapassar US$ 50 bilh&otilde;es<\/span><\/a><\/span><\/span><\/span><\/p>\r\n\r\n<p style=\"text-align:justify\"><span style=\"font-size:11pt\"><span style=\"line-height:normal\"><span style=\"font-family:Calibri,sans-serif\"><a href=\"https:\/\/www.moveisdevalor.com.br\/portal\/abicol-apresenta-demanda-a-arthur-lira-em-brasilia?source=news\" style=\"color:blue; text-decoration:underline\"><span style=\"font-size:14.0pt\">Abicol pede a Arthur Lira prote&ccedil;&atilde;o contra importa&ccedil;&atilde;o de colch&atilde;o<\/span><\/a><\/span><\/span><\/span><\/p>\r\n\r\n<p style=\"text-align:justify\"><span style=\"font-size:11pt\"><span style=\"line-height:normal\"><span style=\"font-family:Calibri,sans-serif\"><a href=\"https:\/\/www.meiofiltrante.com.br\/Noticia\/117326\/abrafiltros-promove-a-2a-edicao-do-seminario-brasileiro-abrafiltros-\" style=\"color:blue; text-decoration:underline\"><span style=\"font-size:14.0pt\">Abrafiltros promoveu a 2&ordf; edi&ccedil;&atilde;o do Semin&aacute;rio Brasileiro Abrafiltros<\/span><\/a><\/span><\/span><\/span><\/p>\r\n\r\n<p style=\"text-align:justify\"><span style=\"font-size:11pt\"><span style=\"line-height:normal\"><span style=\"font-family:Calibri,sans-serif\"><a href=\"https:\/\/blogdoibre.fgv.br\/posts\/construcao-crescimento-modesto-em-2023\" style=\"color:blue; text-decoration:underline\"><span style=\"font-size:14.0pt\">Constru&ccedil;&atilde;o: crescimento modesto em 2023<\/span><\/a><\/span><\/span><\/span><\/p>\r\n\r\n<p style=\"text-align:justify\"><span style=\"font-size:11pt\"><span style=\"line-height:normal\"><span style=\"font-family:Calibri,sans-serif\"><a href=\"https:\/\/grandesconstrucoes.com.br\/Noticias\/Exibir\/agua-e-esgoto-devem-receber-r-85-bilhoes-em-investimos-por-ano-ate-2026#:~:text=SANEAMENTO-,%C3%81gua%20e%20esgoto%20devem%20receber%20R%24%208%2C5%20bilh%C3%B5es%20em,investimos%20por%20ano%20at%C3%A9%202026&amp;text=Um%20dos%20nove%20eixos%20de,para%20o%20consumo%20da%20popula%C3%A7%C3%A3o.\" style=\"color:blue; text-decoration:underline\"><span style=\"font-size:14.0pt\">&Aacute;gua e esgoto devem receber R$ 8,5 bilh&otilde;es em investimos por ano at&eacute; 2026<\/span><\/a><\/span><\/span><\/span><\/p>\r\n\r\n<p style=\"text-align:justify\"><span style=\"font-size:11pt\"><span style=\"line-height:normal\"><span style=\"font-family:Calibri,sans-serif\"><a href=\"https:\/\/economia.uol.com.br\/noticias\/reuters\/2023\/11\/29\/setor-de-maquinas-e-equipamentos-mantem-trajetoria-de-queda-em-outubro-aponta-abimaq.htm\" style=\"color:blue; text-decoration:underline\"><span style=\"font-size:14.0pt\">Setor de m&aacute;quinas e equipamentos espera retomada de receita em 2024, diz Abimaq<\/span><\/a><\/span><\/span><\/span><\/p>\r\n\r\n<p style=\"text-align:justify\"><span style=\"font-size:11pt\"><span style=\"line-height:normal\"><span style=\"font-family:Calibri,sans-serif\"><a href=\"https:\/\/epocanegocios.globo.com\/economia\/noticia\/2023\/11\/abiquim-preve-deficit-de-us-47-bi-para-produtos-quimicos-em-2023.ghtml\" style=\"color:blue; text-decoration:underline\"><span style=\"font-size:14.0pt\">Abiquim prev&ecirc; d&eacute;ficit de US$ 47 bi para produtos qu&iacute;micos em 2023<\/span><\/a><\/span><\/span><\/span><\/p>\r\n\r\n<p style=\"text-align:justify\"><span style=\"font-size:28pt\"><span style=\"font-family:Cambria,serif\"><span style=\"letter-spacing:-0.5pt\"><b><span style=\"font-size:18.0pt\"><span style=\"font-family:&quot;Calibri&quot;,sans-serif\"><span style=\"font-variant:small-caps\">Sustentabilidade<\/span><\/span><\/span><\/b><\/span><\/span><\/span><\/p>\r\n\r\n<p style=\"text-align:justify\"><span style=\"font-size:11pt\"><span style=\"line-height:normal\"><span style=\"font-family:Calibri,sans-serif\"><a href=\"https:\/\/gauchazh.clicrbs.com.br\/passo-fundo\/economia\/noticia\/2023\/11\/preco-pago-por-reciclagem-cai-e-cooperativas-buscam-alternativas-para-ampliar-renda-clpin21lz0025016hielbxno0.html\" style=\"color:blue; text-decoration:underline\"><span style=\"font-size:14.0pt\">Pre&ccedil;o pago por reciclagem cai e cooperativas buscam alternativas para ampliar renda<\/span><\/a><\/span><\/span><\/span><\/p>\r\n\r\n<p style=\"text-align:justify\"><span style=\"font-size:11pt\"><span style=\"line-height:normal\"><span style=\"font-family:Calibri,sans-serif\"><a href=\"https:\/\/www.gov.br\/mdic\/pt-br\/assuntos\/noticias\/2023\/dezembro\/brasil-e-reino-unido-assinam-memorando-de-cooperacao-na-descarbonizacao-da-economia\" style=\"color:blue; text-decoration:underline\"><span style=\"font-size:14.0pt\">Brasil e Reino Unido assinam memorando de coopera&ccedil;&atilde;o na descarboniza&ccedil;&atilde;o da economia<\/span><\/a><\/span><\/span><\/span><\/p>\r\n\r\n<p style=\"text-align:justify\"><span style=\"font-size:11pt\"><span style=\"line-height:normal\"><span style=\"font-family:Calibri,sans-serif\"><a href=\"https:\/\/phys.org\/news\/2023-11-boosting-pet-recycling-higher-standards.html?utm_source=nwletter&amp;utm_medium=email&amp;utm_campaign=daily-nwletter\" style=\"color:blue; text-decoration:underline\"><span lang=\"EN-US\" style=\"font-size:14.0pt\">Boosting PET recycling with higher standards for laboratory experiments<\/span><\/a><\/span><\/span><\/span><\/p>\r\n\r\n<p style=\"text-align:justify\"><span style=\"font-size:11pt\"><span style=\"line-height:normal\"><span style=\"font-family:Calibri,sans-serif\"><a href=\"https:\/\/blogdoplastico.wordpress.com\/2023\/12\/04\/lyondellbasell-construira-planta-de-reciclagem-avancada-em-escala-industrial-na-alemanha\/\" style=\"color:blue; text-decoration:underline\"><span style=\"font-size:14.0pt\">LyondellBasell construir&aacute; planta de reciclagem avan&ccedil;ada em escala industrial na Alemanha<\/span><\/a><\/span><\/span><\/span><\/p>\r\n\r\n<p style=\"text-align:justify\"><span style=\"font-size:28pt\"><span style=\"font-family:Cambria,serif\"><span style=\"letter-spacing:-0.5pt\"><b><span lang=\"EN-US\" style=\"font-size:18.0pt\"><span style=\"font-family:&quot;Calibri&quot;,sans-serif\"><span style=\"font-variant:small-caps\">Inova&ccedil;&atilde;o<\/span><\/span><\/span><\/b><\/span><\/span><\/span><\/p>\r\n\r\n<p style=\"text-align:justify\"><span style=\"font-size:11pt\"><span style=\"line-height:normal\"><span style=\"font-family:Calibri,sans-serif\"><a href=\"https:\/\/phys.org\/news\/2023-11-first-of-its-kind-woven-material-flexible-crystals.html?utm_source=nwletter&amp;utm_medium=email&amp;utm_campaign=daily-nwletter\" style=\"color:blue; text-decoration:underline\"><span lang=\"EN-US\" style=\"font-size:14.0pt\">Researchers develop first-of-its-kind woven material made entirely from flexible organic crystals<\/span><\/a><\/span><\/span><\/span><\/p>\r\n\r\n<p style=\"text-align:justify\"><span style=\"font-size:11pt\"><span style=\"line-height:normal\"><span style=\"font-family:Calibri,sans-serif\"><a href=\"https:\/\/jornal.usp.br\/campus-ribeirao-preto\/serie-energia-e-o-plastico-quem-diria-pode-ser-materia-prima-na-producao-de-hidrogenio-verde\/\" style=\"color:blue; text-decoration:underline\"><span style=\"font-size:14.0pt\">E o pl&aacute;stico, quem diria, pode ser mat&eacute;ria-prima na produ&ccedil;&atilde;o de hidrog&ecirc;nio verde<\/span><\/a><\/span><\/span><\/span><\/p>\r\n\r\n<p style=\"text-align:justify\"><span style=\"font-size:28pt\"><span style=\"font-family:Cambria,serif\"><span style=\"letter-spacing:-0.5pt\"><b><span style=\"font-size:18.0pt\"><span style=\"font-family:&quot;Calibri&quot;,sans-serif\"><span style=\"font-variant:small-caps\">Com&eacute;rcio Exterior<\/span><\/span><\/span><\/b><\/span><\/span><\/span><\/p>\r\n\r\n<p style=\"text-align:justify\"><span style=\"font-size:11pt\"><span style=\"line-height:normal\"><span style=\"font-family:Calibri,sans-serif\"><a href=\"https:\/\/g1.globo.com\/economia\/noticia\/2023\/12\/02\/macron-diz-ser-contra-acordo-entre-mercosul-e-uniao-europeia.ghtml\" style=\"color:blue; text-decoration:underline\"><span style=\"font-size:14.0pt\">Macron diz ser contra acordo entre Mercosul e Uni&atilde;o Europeia<\/span><\/a><\/span><\/span><\/span><\/p>\r\n\r\n<p style=\"text-align:justify\"><span style=\"font-size:11pt\"><span style=\"line-height:normal\"><span style=\"font-family:Calibri,sans-serif\"><a href=\"https:\/\/apexbrasil.com.br\/content\/apexbrasil\/br\/pt\/conteudo\/noticias\/ExpoMais-Brasil-setor-de-calcados-movimenta-RS-25,6-milhoes-de-reais-em-negocios-durante-a-10-rodada-do-programa-em-Porto-Alegre-RS.html#msdynttrid=xwHRE_8J3cvp6-E-2SXc89Gm9c91pBMW344Z9ywVh-Q\" style=\"color:blue; text-decoration:underline\"><span style=\"font-size:14.0pt\">Exporta Mais Brasil: setor de cal&ccedil;ados movimenta R$ 25,6 milh&otilde;es em neg&oacute;cios durante a 10&ordf; rodada do programa em Porto Alegre\/RS<\/span><\/a><\/span><\/span><\/span><\/p>\r\n\r\n<p style=\"text-align:justify\"><span style=\"font-size:11pt\"><span style=\"line-height:normal\"><span style=\"font-family:Calibri,sans-serif\"><a href=\"https:\/\/www.gov.br\/mdic\/pt-br\/assuntos\/noticias\/2023\/dezembro\/sustentabilidade-e-desafio-e-oportunidade-para-comercio-exterior-aponta-consulta-publica-1\" style=\"color:blue; text-decoration:underline\"><span style=\"font-size:14.0pt\">Sustentabilidade &eacute; desafio e oportunidade para com&eacute;rcio exterior, aponta consulta p&uacute;blica<\/span><\/a><\/span><\/span><\/span><\/p>\r\n\r\n<p style=\"text-align:justify\"><span style=\"font-size:28pt\"><span style=\"font-family:Cambria,serif\"><span style=\"letter-spacing:-0.5pt\"><b><span style=\"font-size:18.0pt\"><span style=\"font-family:&quot;Calibri&quot;,sans-serif\"><span style=\"font-variant:small-caps\">Economia<\/span><\/span><\/span><\/b><\/span><\/span><\/span><\/p>\r\n\r\n<p style=\"text-align:justify\"><span style=\"font-size:11pt\"><span style=\"line-height:normal\"><span style=\"font-family:Calibri,sans-serif\"><a href=\"https:\/\/www.bcb.gov.br\/content\/focus\/focus\/R20231201.pdf\" style=\"color:blue; text-decoration:underline\"><span style=\"font-size:14.0pt\">Focus &ndash; Relat&oacute;rio de Mercado<\/span><\/a><\/span><\/span><\/span><\/p>\r\n\r\n<p style=\"text-align:justify\"><span style=\"font-size:11pt\"><span style=\"line-height:normal\"><span style=\"font-family:Calibri,sans-serif\"><a href=\"https:\/\/www.bcb.gov.br\/content\/controleinflacao\/focusdistribuicoesfrequencia\/P20231204-Focus-Distribuicoes-de-frequencia.pdf\" style=\"color:blue; text-decoration:underline\"><span style=\"font-size:14.0pt\">Focus - Distribui&ccedil;&otilde;es de Frequ&ecirc;ncia das Expectativas de Mercado para IPCA, Selic, PIB e C&acirc;mbio<\/span><\/a><\/span><\/span><\/span><\/p>\r\n\r\n<p style=\"text-align:justify\"><span style=\"font-size:11pt\"><span style=\"line-height:normal\"><span style=\"font-family:Calibri,sans-serif\"><a href=\"https:\/\/sovos.com\/pt-br\/blog\/tributos\/excecoes-na-reforma-tributaria-limitarao-ivas-brasileiros-a-63-do-potencial-de-arrecadacao-estima-fazenda\/?mkt_tok=MzM0LUhWTi0yNDkAAAGPxSMP-vSe_IwVGHv0hU7ZBpFVRoYmHru8_m8iL5Ukjl8A2-I50BLf9K4NZBu8fwu-7IKW0UsjiSahTeH835yBk97MH8PaYly_T3RnbbJ_YD8\" style=\"color:blue; text-decoration:underline\"><span style=\"font-size:14.0pt\">Exce&ccedil;&otilde;es na reforma tribut&aacute;ria limitar&atilde;o IVAs brasileiros a 63% do potencial de arrecada&ccedil;&atilde;o, estima Fazenda<\/span><\/a><\/span><\/span><\/span><\/p>\r\n\r\n<p style=\"text-align:justify\"><span style=\"font-size:11pt\"><span style=\"line-height:normal\"><span style=\"font-family:Calibri,sans-serif\"><a href=\"https:\/\/blogdoibre.fgv.br\/posts\/desaceleracao-da-atividade-economica-domestica-se-intensifica\" style=\"color:blue; text-decoration:underline\"><span style=\"font-size:14.0pt\">Desacelera&ccedil;&atilde;o da atividade econ&ocirc;mica dom&eacute;stica se intensifica<\/span><\/a><\/span><\/span><\/span><\/p>\r\n\r\n<p style=\"text-align:justify\"><span style=\"font-size:11pt\"><span style=\"line-height:normal\"><span style=\"font-family:Calibri,sans-serif\"><a href=\"https:\/\/blogdoibre.fgv.br\/posts\/economia-americana-espera-do-inicio-da-desaceleracao\" style=\"color:blue; text-decoration:underline\"><span style=\"font-size:14.0pt\">Economia americana &agrave; espera do in&iacute;cio da desacelera&ccedil;&atilde;o<\/span><\/a><\/span><\/span><\/span><\/p>\r\n\r\n<p style=\"text-align:justify\"><span style=\"font-size:11pt\"><span style=\"line-height:normal\"><span style=\"font-family:Calibri,sans-serif\"><a href=\"https:\/\/portalibre.fgv.br\/system\/files\/2023-12\/Apresenta%C3%A7%C3%A3o%20-%20S%C3%ADntese%20das%20Sondagens%20-%20Novembro%202023_0.pdf\" style=\"color:blue; text-decoration:underline\"><span style=\"font-size:14.0pt\">Indicadores de Confian&ccedil;a e Incerteza do FGV IBRE<\/span><\/a><\/span><\/span><\/span><\/p>\r\n\r\n<p style=\"text-align:justify\"><span style=\"font-size:11pt\"><span style=\"line-height:normal\"><span style=\"font-family:Calibri,sans-serif\"><a href=\"https:\/\/portal.fgv.br\/noticias\/igp-m-resultados-2023\" style=\"color:blue; text-decoration:underline\"><span style=\"font-size:14.0pt\">IGP-M: Resultados 2023<\/span><\/a><\/span><\/span><\/span><\/p>\r\n","texto_en":"","7":"","imagem":"COMP_banner-padrao-home-destaques-boletim-2023_202312061737015qFO7nHKTn.jpeg","8":"COMP_banner-padrao-home-destaques-boletim-2023_202312061737015qFO7nHKTn.jpeg","arquivo":"20231205-BOLETIM-ABINT-DE-NOTICIAS-SEMANAIS.PDF","9":"20231205-BOLETIM-ABINT-DE-NOTICIAS-SEMANAIS.PDF","titulo_arquivo":"20231205 Boletim ABINT de Not\u00edcias Semanais","10":"20231205 Boletim ABINT de Not\u00edcias Semanais","titulo_arquivo_en":"","11":"","created_at":"2023-12-06 17:37:10","12":"2023-12-06 17:37:10","updated_at":"2023-12-06 17:37:10","13":"2023-12-06 17:37:10"},{"id":93,"0":93,"ordem":130,"1":130,"data":"2023-11-28","2":"2023-11-28","slug":"boletim-abint-de-noticias-semanais-8","3":"boletim-abint-de-noticias-semanais-8","titulo":"Boletim ABINT de Not\u00edcias Semanais","4":"Boletim ABINT de Not\u00edcias Semanais","titulo_en":"","5":"","texto":"<p style=\"text-align:justify\"><span style=\"font-size:11pt\"><span style=\"line-height:normal\"><span style=\"font-family:Calibri,sans-serif\"><span style=\"font-size:14.0pt\">Esta &eacute; uma compila&ccedil;&atilde;o das not&iacute;cias mais relevantes para o setor, incluindo informa&ccedil;&otilde;es sobre acordos internacionais, economia brasileira, sustentabilidade e mat&eacute;rias primas, al&eacute;m de novidades do setor de N&atilde;otecidos e Tecidos T&eacute;cnicos.<\/span><\/span><\/span><\/span><\/p>\r\n\r\n<p style=\"text-align:justify\"><span style=\"font-size:28pt\"><span style=\"font-family:Cambria,serif\"><span style=\"letter-spacing:-0.5pt\"><b><span style=\"font-size:18.0pt\"><span style=\"font-family:&quot;Calibri&quot;,sans-serif\"><span style=\"font-variant:small-caps\">A&ccedil;&otilde;es realizadas<\/span><\/span><\/span><\/b><\/span><\/span><\/span><\/p>\r\n\r\n<p style=\"text-align:justify\"><img src=\"https:\/\/www.abint.org.br\/assets\/img\/editor\/abint-logo-2020-g_20231129132021cm9MffSQ1s.png\" style=\"width: 200px; height: 46px;\" \/><\/p>\r\n\r\n<p style=\"text-align:justify\"><img src=\"https:\/\/www.abint.org.br\/assets\/img\/editor\/20231108-congresso-internacional-abit-2023-fotos-1_20231129132055mr5jZ4ZIBf.jpeg\" style=\"width: 500px; height: 333px;\" \/><img src=\"https:\/\/www.abint.org.br\/assets\/img\/editor\/20231108-congresso-internacional-abit-2023-fotos-2_20231129132116c7Az0ZMTm7.jpeg\" style=\"width: 500px; height: 334px;\" \/><\/p>\r\n\r\n<p style=\"text-align:justify\"><b><span style=\"font-size:14.0pt\"><span style=\"line-height:115%\"><span style=\"font-family:&quot;Calibri&quot;,sans-serif\">A ABINT <\/span><\/span><\/span><\/b><span style=\"font-size:14.0pt\"><span style=\"line-height:115%\"><span style=\"font-family:&quot;Calibri&quot;,sans-serif\">foi uma das<b> patrocinadoras do Congresso Internacional ABIT 2023, <\/b>que aconteceu<b> <\/b>dias 08 e 09 de novembro, na FIESC, Florian&oacute;polis, SC, com o tema <b>&ldquo;Redes, conex&otilde;es e fronteiras<\/b>&rdquo;.<\/span><\/span><\/span><\/p>\r\n\r\n<p style=\"text-align:justify\">&nbsp;<\/p>\r\n\r\n<p style=\"text-align:justify\"><span style=\"font-size:14.0pt\"><span style=\"line-height:115%\"><span style=\"font-family:&quot;Calibri&quot;,sans-serif\"><img src=\"https:\/\/www.abint.org.br\/assets\/img\/editor\/logo-ctg-abint-png_20231129132226XyNqAJqNpX.png\" style=\"width: 200px; height: 37px;\" \/><\/span><\/span><\/span><\/p>\r\n\r\n<p style=\"text-align:justify\"><img src=\"https:\/\/www.abint.org.br\/assets\/img\/editor\/20231107-geonorte-2023-fotos-1_20231129133354f7d6H4BwzN.JPG\" style=\"width: 500px; height: 333px;\" \/><img src=\"https:\/\/www.abint.org.br\/assets\/img\/editor\/20231107-geonorte-2023-fotos-2_20231129133401gNxnOysEQ5.JPG\" style=\"width: 500px; height: 333px;\" \/><\/p>\r\n\r\n<p style=\"text-align:justify\"><span style=\"font-size:11pt\"><span style=\"line-height:normal\"><span style=\"font-family:Calibri,sans-serif\"><span style=\"font-size:14.0pt\">O <b>CTG ABINT foi um dos patrocinadores do GEONORTE 2023<\/b>, evento realizado pela Associa&ccedil;&atilde;o Brasileira de Mec&acirc;nica dos Solos, cujo tema deste ano foi <b>&quot;Geotecnia na Amaz&ocirc;nia<\/b>&quot;, e ocorreu na cidade de Palmas, TO, entre os dias 07 e 09 de novembro.<\/span><\/span><\/span><\/span><\/p>\r\n\r\n<p style=\"text-align:justify\">&nbsp;<\/p>\r\n\r\n<p style=\"text-align:justify\"><img src=\"https:\/\/www.abint.org.br\/assets\/img\/editor\/20231122-geosul-2023-fotos-1_202311291340157VR6RSquOx.jpg\" style=\"width: 500px; height: 333px;\" \/><img src=\"https:\/\/www.abint.org.br\/assets\/img\/editor\/20231122-geosul-2023-fotos-2_20231129134114RSOkiEJBAK.jpg\" style=\"width: 500px; height: 333px;\" \/><\/p>\r\n\r\n<p style=\"text-align:justify\"><span style=\"font-size:11pt\"><span style=\"line-height:normal\"><span style=\"font-family:Calibri,sans-serif\"><span style=\"font-size:14.0pt\">O <b>CTG ABINT participou do XIII Simp&oacute;sio de Pr&aacute;tica de Engenharia Geot&eacute;cnica da Regi&atilde;o Sul (GEOSUL<\/b>), com o minicurso &ldquo;<b>A utiliza&ccedil;&atilde;o de geossint&eacute;ticos em solu&ccedil;&otilde;es para muros de conten&ccedil;&atilde;o e solos de baixa capacidade de suporte<\/b>&rdquo;, ministrado pelo Eng. Ramon Luis Cavilha, Gerente da Unidade Sul na Maccaferri do Brasil.<\/span><\/span><\/span><\/span><\/p>\r\n\r\n<p style=\"text-align:justify\"><span style=\"font-size:11pt\"><span style=\"line-height:normal\"><span style=\"font-family:Calibri,sans-serif\"><span style=\"font-size:14.0pt\">O tradicional <b>evento da Associa&ccedil;&atilde;o Brasileira de Mec&acirc;nica dos Solos e Engenharia Geot&eacute;cnica (ABMS)<\/b>,<b> <\/b>ocorreu na cidade de<b> <\/b>Ponta Grossa, PR, nos dias<b> <\/b>22 a 25 de novembro de 2023.<\/span><\/span><\/span><\/span><\/p>\r\n\r\n<p style=\"text-align:justify\">&nbsp;<\/p>\r\n\r\n<p class=\"MsoTitle\" style=\"text-align:justify\"><span style=\"font-size:28pt\"><span style=\"font-family:Cambria,serif\"><span style=\"letter-spacing:-0.5pt\"><b><span style=\"font-size:18.0pt\"><span style=\"font-family:&quot;Calibri&quot;,sans-serif\"><span style=\"font-variant:small-caps\">Not&iacute;cias das Associadas<\/span><\/span><\/span><\/b><\/span><\/span><\/span><\/p>\r\n\r\n<p style=\"text-align:justify\"><span style=\"font-size:11pt\"><span style=\"line-height:normal\"><span style=\"font-family:Calibri,sans-serif\"><a href=\"https:\/\/newspulpaper.com\/andritz-conquista-contrato-de-manutencao-de-nova-fabrica-da-suzano\/\" style=\"color:blue; text-decoration:underline\"><span style=\"font-size:14.0pt\">ANDRITZ conquista contrato de manuten&ccedil;&atilde;o de nova f&aacute;brica da Suzano<\/span><\/a><\/span><\/span><\/span><\/p>\r\n\r\n<p style=\"text-align:justify\"><span style=\"font-size:11pt\"><span style=\"line-height:normal\"><span style=\"font-family:Calibri,sans-serif\"><a href=\"http:\/\/transmail.ftrans01.com\/ZLFABRI?id=29813=JR4CVQVdAAgCGAMPDgdWXVpQV1JSA10CUVYDXFMFDwkAVFZUVQIKDwNTAlUBWAIFDlZNVwQPV0chAARRChIZVhQFHAdFGAkOAVQGDgpSV1IMXQkCVlAATwkVEkheSRhNFANcFloFUVUfAkdFWQ8SVAlLUlkLSWN\/JyAkai1ZXl0aFAE=&amp;fl=DhZGFQ1LF05GEx1DXQIJClEGUFoSA0FHCA0DFgoDQxYIB0UWGANdS1wFXU4VEkwCSgBEUgMIW1YTBktZFBZYUAgWQUhZAU8UUgFcGlsHDkkKXAAFUVcXWxUMCg==\" style=\"color:blue; text-decoration:underline\" target=\"_blank\"><span style=\"font-size:14.0pt\"><img id=\"Imagem_x0020_1\" src=\"file:\/\/\/C:\/Users\/CRISTI~1\/AppData\/Local\/Temp\/msohtmlclip1\/01\/clip_image001.gif\" style=\"width:.75pt; height:.75pt\" \/> <\/span><span lang=\"EN-US\" style=\"font-size:14.0pt\">Germany&#39;s Freudenberg appoints new CEO &amp; CFO<\/span><\/a> <\/span><\/span><\/span><\/p>\r\n\r\n<p style=\"text-align:justify\">&nbsp;<\/p>\r\n\r\n<p style=\"text-align:justify\"><span style=\"font-size:11pt\"><span style=\"line-height:normal\"><span style=\"font-family:Calibri,sans-serif\"><b><span style=\"font-size:18.0pt\"><span style=\"font-variant:small-caps\">Eventos<\/span><\/span><\/b><\/span><\/span><\/span><\/p>\r\n\r\n<p style=\"text-align:justify\"><span style=\"font-size:11pt\"><span style=\"line-height:normal\"><span style=\"font-family:Calibri,sans-serif\"><b><span style=\"font-size:14.0pt\">APEX | Webs&eacute;rie Direto do Mercado | Edi&ccedil;&atilde;o Col&ocirc;mbia<\/span><\/b><span style=\"font-size:14.0pt\">, 29 de novembro de 2023, 10h &agrave;s 11h50, evento online. <\/span><a href=\"https:\/\/click.apexbrasil.com.br\/mkt\/Direto%20do%20Mercado\/Programacao_Colombia.pdf#msdynttrid=4w8Lla2I1QslP0xujMzcI7PR8hUaAntBk0zAivT3XRc\" style=\"color:blue; text-decoration:underline\"><span style=\"font-size:14.0pt\">Programa&ccedil;&atilde;o<\/span><\/a><span style=\"font-size:14.0pt\">. <\/span><a href=\"https:\/\/crm-apps.apexbrasil.com.br\/orgbdeab873\/inscricao-eventos\/evento\/webinar-direto-de-mercado-colombia\/fca8ed62-3fe3-4b70-b7d4-695987ce94a3?utm_source=EMarketing&amp;msdynttrid=cJfCgBeaAL-XHet-EBn431mCXi_hRFDe3gUSs57zUeo\" style=\"color:blue; text-decoration:underline\"><span style=\"font-size:14.0pt\">Inscri&ccedil;&otilde;es<\/span><\/a> <\/span><\/span><\/span><\/p>\r\n\r\n<p style=\"text-align:justify\"><span style=\"font-size:11pt\"><span style=\"line-height:normal\"><span style=\"font-family:Calibri,sans-serif\"><b><span style=\"font-size:14.0pt\">Industry CCUS 2023,<\/span><\/b> <span style=\"font-size:14.0pt\">29-30 November, Rotterdam, Netherlands.<\/span> <a href=\"https:\/\/fortesmedia.com\/industry-ccus-conference-2023,4,en,2,1,28.html#register\" style=\"color:blue; text-decoration:underline\"><span style=\"font-size:14.0pt\">Informa&ccedil;&otilde;es<\/span><\/a> <\/span><\/span><\/span><\/p>\r\n\r\n<p style=\"text-align:justify\"><span style=\"font-size:11pt\"><span style=\"line-height:normal\"><span style=\"font-family:Calibri,sans-serif\"><b><span style=\"font-size:14.0pt\">AESabesp | ESG: Teoria e Pr&aacute;tica no Setor de Saneamento<\/span><\/b><span style=\"font-size:14.0pt\">, 04, 06, 08 e 11 de dezembro de 2023, 14h &agrave;s 17h, online ao vivo. <\/span><a href=\"http:\/\/neopixcomunicacao.com.br\/mail\/index.php\/campaigns\/wv502xkz96fb2\/web-version\/fo094o057x77d\" style=\"color:blue; text-decoration:underline\"><span style=\"font-size:14.0pt\">Informa&ccedil;&otilde;es<\/span><\/a> <\/span><\/span><\/span><\/p>\r\n\r\n<p style=\"text-align:justify\"><span style=\"font-size:11pt\"><span style=\"line-height:normal\"><span style=\"font-family:Calibri,sans-serif\"><b><span style=\"font-size:14.0pt\">CNI\/BID | Workshop Virtual sobre Com&eacute;rcio e Meio Ambiente<\/span><\/b><span style=\"font-size:14.0pt\">, 04, 05, 06, 07 e 11 de dezembro, 10h &agrave;s 12h. <\/span><a href=\"https:\/\/iadb.us12.list-manage.com\/subscribe?u=ac44df64ebfd49bfa33c0ef9c&amp;id=89654b834d\" style=\"color:blue; text-decoration:underline\"><span style=\"font-size:14.0pt\">Inscri&ccedil;&otilde;es<\/span><\/a> <\/span><\/span><\/span><\/p>\r\n\r\n<p style=\"text-align:justify\"><span style=\"font-size:11pt\"><span style=\"line-height:normal\"><span style=\"font-family:Calibri,sans-serif\"><b><span style=\"font-size:14.0pt\">FGV IBRE | IV Semin&aacute;rio de An&aacute;lise Conjuntural<\/span><\/b><span style=\"font-size:14.0pt\">, 07 de dezembro de 2023, 10h00 &agrave;s 11h30, transmiss&atilde;o via Youtube FGV. <\/span><a href=\"https:\/\/evento.fgv.br\/analise-conjuntural_0712\/\" style=\"color:blue; text-decoration:underline\"><span style=\"font-size:14.0pt\">Inscri&ccedil;&otilde;es<\/span><\/a> <\/span><\/span><\/span><\/p>\r\n\r\n<p style=\"text-align:justify\"><span style=\"font-size:11pt\"><span style=\"line-height:normal\"><span style=\"font-family:Calibri,sans-serif\"><b><span style=\"font-size:14.0pt\">FEIPLAR COMPOSITES &amp; FEIPUR &ndash; Feira e Congresso Internacionais de Composites, Poliuretano, Pl&aacute;sticos de Engenharia e Compostos Termopl&aacute;sticos<\/span><\/b><span style=\"font-size:14.0pt\">, 20 a 22 de agosto de 2024, S&atilde;o Paulo Expo (Pavilh&atilde;o 5), palestras: das 8h30 &agrave;s 18h, feira: das 13h &agrave;s 20h.<b> <\/b><\/span><a href=\"http:\/\/www.feiplar.com\" style=\"color:blue; text-decoration:underline\"><span style=\"font-size:14.0pt\">www.feiplar.com<\/span><\/a> <\/span><\/span><\/span><\/p>\r\n\r\n<p style=\"text-align:justify\"><span style=\"font-size:28pt\"><span style=\"font-family:Cambria,serif\"><span style=\"letter-spacing:-0.5pt\"><b><span style=\"font-size:18.0pt\"><span style=\"font-family:&quot;Calibri&quot;,sans-serif\"><span style=\"font-variant:small-caps\">Setor<\/span><\/span><\/span><\/b><\/span><\/span><\/span><\/p>\r\n\r\n<p style=\"text-align:justify\"><span style=\"font-size:11pt\"><span style=\"line-height:normal\"><span style=\"font-family:Calibri,sans-serif\"><a href=\"https:\/\/plasticosemrevista.com.br\/sem-engarrafamentos\/\" style=\"color:blue; text-decoration:underline\"><span style=\"font-size:14.0pt\">Consumo brasileiro de PET salta 21% em 5 anos e 2023 n&atilde;o altera essa rota<\/span><\/a><\/span><\/span><\/span><\/p>\r\n\r\n<p style=\"text-align:justify\"><span style=\"font-size:11pt\"><span style=\"line-height:normal\"><span style=\"font-family:Calibri,sans-serif\"><a href=\"https:\/\/www.trbn.com.br\/materia\/I94877\/-conder-vai-recobrir-de-vegetacao-toda-a-encosta-do-santo-antonio#google_vignette\" style=\"color:blue; text-decoration:underline\"><span style=\"font-size:14.0pt\">Geomantas: Conder vai recobrir de vegeta&ccedil;&atilde;o toda a encosta do Santo Ant&ocirc;nio<\/span><\/a><\/span><\/span><\/span><\/p>\r\n\r\n<p style=\"text-align:justify\"><span style=\"font-size:11pt\"><span style=\"line-height:normal\"><span style=\"font-family:Calibri,sans-serif\"><span class=\"MsoHyperlink\" style=\"color:blue\"><span style=\"text-decoration:underline\"><span lang=\"EN-US\" style=\"font-size:14.0pt\"><a href=\"https:\/\/www.diariodolitoral.com.br\/cotidiano\/avancam-obras-de-contencao-de-encosta-e-drenagem-em-mais-um-morro-de\/176134\/\" style=\"color:blue; text-decoration:underline\">Geomantas: Avan&ccedil;am obras de conten&ccedil;&atilde;o de encosta e drenagem em mais um morro de Santos<\/a><\/span><\/span><\/span><\/span><\/span><\/span><\/p>\r\n\r\n<p style=\"text-align:justify\"><span style=\"font-size:11pt\"><span style=\"line-height:normal\"><span style=\"font-family:Calibri,sans-serif\"><a href=\"https:\/\/www.anahp.com.br\/publicacoes\/e-book-conahp-2023\/?utm_campaign=conahp_2023_-_ebook&amp;utm_medium=email&amp;utm_source=RD+Station\" style=\"color:blue; text-decoration:underline\"><span style=\"font-size:14.0pt\">E-book Conahp 2023<\/span><\/a><\/span><\/span><\/span><\/p>\r\n\r\n<p style=\"text-align:justify\"><span style=\"font-size:28pt\"><span style=\"font-family:Cambria,serif\"><span style=\"letter-spacing:-0.5pt\"><b><span style=\"font-size:18.0pt\"><span style=\"font-family:&quot;Calibri&quot;,sans-serif\"><span style=\"font-variant:small-caps\">Ind&uacute;stria<\/span><\/span><\/span><\/b><\/span><\/span><\/span><\/p>\r\n\r\n<p style=\"text-align:justify\"><span style=\"font-size:11pt\"><span style=\"line-height:normal\"><span style=\"font-family:Calibri,sans-serif\"><a href=\"https:\/\/www.agenciacma.com.br\/empresas-vao-ao-congresso-para-reverter-veto-a-desoneracao-da-folha-de-pagamento\/\" style=\"color:blue; text-decoration:underline\"><span style=\"font-size:14.0pt\">ABIT: Empresas v&atilde;o ao Congresso para reverter veto &agrave; desonera&ccedil;&atilde;o da folha de pagamento<\/span><\/a><\/span><\/span><\/span><\/p>\r\n\r\n<p style=\"text-align:justify\"><span style=\"font-size:11pt\"><span style=\"line-height:normal\"><span style=\"font-family:Calibri,sans-serif\"><a href=\"https:\/\/oantagonista.com.br\/economia\/vem-aumento-de-icms-por-ai\/\" style=\"color:blue; text-decoration:underline\"><span style=\"font-size:14.0pt\">Vem aumento de ICMS por a&iacute;<\/span><\/a><\/span><\/span><\/span><\/p>\r\n\r\n<p style=\"text-align:justify\"><span style=\"font-size:11pt\"><span style=\"line-height:normal\"><span style=\"font-family:Calibri,sans-serif\"><a href=\"https:\/\/leouve.com.br\/negocios\/movergs-divulga-manifesto-em-contrariedade-ao-anunciado-aumento-de-icms\" style=\"color:blue; text-decoration:underline\"><span style=\"font-size:14.0pt\">Movergs divulga manifesto em contrariedade ao aumento de ICMS<\/span><\/a><\/span><\/span><\/span><\/p>\r\n\r\n<p style=\"text-align:justify\"><span style=\"font-size:11pt\"><span style=\"line-height:normal\"><span style=\"font-family:Calibri,sans-serif\"><a href=\"https:\/\/sovos.com\/pt-br\/blog\/tributos\/apos-rs-outros-5-estados-do-sul-e-sudeste-anunciam-aumento-de-icms-para-195\/?mkt_tok=MzM0LUhWTi0yNDkAAAGPoYP3t-EAm-a_q5cUJsBSy0EFoY5JSVN4ek6_61WK16jQBvnfJnkpcxgbJUZY8zS5N5GYgyUWAmSI2ZRy-IEsznImThvPeb0zIE3BpyjNvI4\" style=\"color:blue; text-decoration:underline\"><span style=\"font-size:14.0pt\">Ap&oacute;s RS, outros 5 estados do Sul e Sudeste anunciam aumento de ICMS para 19,5%<\/span><\/a><\/span><\/span><\/span><\/p>\r\n\r\n<p style=\"text-align:justify\"><span style=\"font-size:11pt\"><span style=\"line-height:normal\"><span style=\"font-family:Calibri,sans-serif\"><a href=\"https:\/\/plasticosemrevista.com.br\/haja-fe-e-garra\/\" style=\"color:blue; text-decoration:underline\"><span style=\"font-size:14.0pt\">O mercado promete sair em 2024 da calmaria deste ano, confiam os dirigentes da Abiplast e Abiquim<\/span><\/a><\/span><\/span><\/span><\/p>\r\n\r\n<p style=\"text-align:justify\"><span style=\"font-size:11pt\"><span style=\"line-height:normal\"><span style=\"font-family:Calibri,sans-serif\"><a href=\"https:\/\/grandesconstrucoes.com.br\/Noticias\/Exibir\/governo-inclui-construcao-pesada-entre-setores-de-interesse-da-economia?utm_source=akna&amp;utm_medium=email&amp;utm_campaign=Grandes-Construcoes-Informativo-889-23-11-2023&amp;utm_source=akna&amp;utm_medium=email&amp;utm_campaign=Grandes-Construcoes-Informativo-889-23-11-2023\" style=\"color:blue; text-decoration:underline\"><span style=\"font-size:14.0pt\">Governo inclui constru&ccedil;&atilde;o pesada entre setores de interesse da economia<\/span><\/a><\/span><\/span><\/span><\/p>\r\n\r\n<p style=\"text-align:justify\"><span style=\"font-size:11pt\"><span style=\"line-height:normal\"><span style=\"font-family:Calibri,sans-serif\"><a href=\"https:\/\/grandesconstrucoes.com.br\/Noticias\/Exibir\/autoridade-portuaria-de-santos-preve-r-7-bi-em-investimentos-para-2024?utm_source=akna&amp;utm_medium=email&amp;utm_campaign=Grandes-Construcoes-Informativo-889-23-11-2023&amp;utm_source=akna&amp;utm_medium=email&amp;utm_campaign=Grandes-Construcoes-Informativo-889-23-11-2023\" style=\"color:blue; text-decoration:underline\"><span style=\"font-size:14.0pt\">Autoridade Portu&aacute;ria de Santos prev&ecirc; R$ 7 bi em investimentos para 2024<\/span><\/a><\/span><\/span><\/span><\/p>\r\n\r\n<p style=\"text-align:justify\"><span style=\"font-size:11pt\"><span style=\"line-height:normal\"><span style=\"font-family:Calibri,sans-serif\"><a href=\"https:\/\/guaiba.com.br\/2023\/11\/24\/retomada-do-reiq-reduz-disparidade-de-custos-diz-abiquim\/\" style=\"color:blue; text-decoration:underline\"><span style=\"font-size:14.0pt\">Retomada do Reiq reduz disparidade de custos, diz Abiquim<\/span><\/a><\/span><\/span><\/span><\/p>\r\n\r\n<p style=\"text-align:justify\"><span style=\"font-size:28pt\"><span style=\"font-family:Cambria,serif\"><span style=\"letter-spacing:-0.5pt\"><b><span style=\"font-size:18.0pt\"><span style=\"font-family:&quot;Calibri&quot;,sans-serif\"><span style=\"font-variant:small-caps\">Sustentabilidade<\/span><\/span><\/span><\/b><\/span><\/span><\/span><\/p>\r\n\r\n<p style=\"text-align:justify\"><span style=\"font-size:11pt\"><span style=\"line-height:normal\"><span style=\"font-family:Calibri,sans-serif\"><a href=\"https:\/\/plasticosemrevista.com.br\/o-aperto-do-gargalo\/\" style=\"color:blue; text-decoration:underline\"><span style=\"font-size:14.0pt\">Insufici&ecirc;ncia de coleta seletiva freia avan&ccedil;o da reciclagem de PET<\/span><\/a><\/span><\/span><\/span><\/p>\r\n\r\n<p style=\"text-align:justify\"><span style=\"font-size:11pt\"><span style=\"line-height:normal\"><span style=\"font-family:Calibri,sans-serif\"><a href=\"https:\/\/noticias.portaldaindustria.com.br\/noticias\/sustentabilidade\/reducao-de-residuos-de-energia-e-de-agua-sao-acoes-adotadas-por-mais-de-80-das-industrias\/\" style=\"color:blue; text-decoration:underline\"><span style=\"font-size:14.0pt\">Redu&ccedil;&atilde;o de res&iacute;duos, de energia e de &aacute;gua s&atilde;o a&ccedil;&otilde;es adotadas por mais de 80% das ind&uacute;strias<\/span><\/a><\/span><\/span><\/span><\/p>\r\n\r\n<p style=\"text-align:justify\"><span style=\"font-size:11pt\"><span style=\"line-height:normal\"><span style=\"font-family:Calibri,sans-serif\"><a href=\"https:\/\/www.moveisdevalor.com.br\/portal\/ikea-lanca-novo-esquema-de-remocao-e-reciclagem-de-colchoes?source=news\" style=\"color:blue; text-decoration:underline\"><span style=\"font-size:14.0pt\">IKEA lan&ccedil;a novo esquema de remo&ccedil;&atilde;o e reciclagem de colch&otilde;es<\/span><\/a><\/span><\/span><\/span><\/p>\r\n\r\n<p style=\"text-align:justify\"><span style=\"font-size:11pt\"><span style=\"line-height:normal\"><span style=\"font-family:Calibri,sans-serif\"><a href=\"https:\/\/abcreporter.com.br\/2023\/11\/25\/braskem-lanca-concurso-para-premiar-iniciativas-sociais-e-ambientais\/\" style=\"color:blue; text-decoration:underline\"><span style=\"font-size:14.0pt\">Braskem lan&ccedil;a Concurso para premiar iniciativas sociais e ambientais<\/span><\/a><\/span><\/span><\/span><\/p>\r\n\r\n<p style=\"text-align:justify\"><span style=\"font-size:11pt\"><span style=\"line-height:normal\"><span style=\"font-family:Calibri,sans-serif\"><a href=\"https:\/\/noticias.portaldaindustria.com.br\/noticias\/sustentabilidade\/brasil-quer-se-posicionar-na-cop28-como-mediador-de-solucoes-diz-negociador-chefe-para-o-clima\/\" style=\"color:blue; text-decoration:underline\"><span style=\"font-size:14.0pt\">&ldquo;Brasil quer se posicionar na COP28 como mediador&rdquo;, diz negociador-chefe para o clima<\/span><\/a><\/span><\/span><\/span><\/p>\r\n\r\n<p style=\"text-align:justify\"><span style=\"font-size:11pt\"><span style=\"line-height:normal\"><span style=\"font-family:Calibri,sans-serif\"><a href=\"https:\/\/www.tribunaliberal.com.br\/Geral\/Usina-que-transformar%C3%A1-%E2%80%98lixo%E2%80%99-em-energia-vira-destaque-durante-semin%C3%A1rio-da-FGV\" style=\"color:blue; text-decoration:underline\"><span style=\"font-size:14.0pt\">Usina que transformar&aacute; &lsquo;lixo&rsquo; em energia vira destaque durante semin&aacute;rio da FGV<\/span><\/a><\/span><\/span><\/span><\/p>\r\n\r\n<p style=\"text-align:justify\"><span style=\"font-size:28pt\"><span style=\"font-family:Cambria,serif\"><span style=\"letter-spacing:-0.5pt\"><b><span style=\"font-size:18.0pt\"><span style=\"font-family:&quot;Calibri&quot;,sans-serif\"><span style=\"font-variant:small-caps\">Inova&ccedil;&atilde;o<\/span><\/span><\/span><\/b><\/span><\/span><\/span><\/p>\r\n\r\n<p style=\"text-align:justify\"><span style=\"font-size:11pt\"><span style=\"line-height:normal\"><span style=\"font-family:Calibri,sans-serif\"><a href=\"https:\/\/noticias.portaldaindustria.com.br\/noticias\/inovacao-e-tecnologia\/inovacao-e-tecnologia-sao-fundamentais-para-a-neoindustrializacao-diz-alban\/\" style=\"color:blue; text-decoration:underline\"><span style=\"font-size:14.0pt\">Inova&ccedil;&atilde;o e tecnologia s&atilde;o fundamentais para a neoindustrializa&ccedil;&atilde;o, diz Alban<\/span><\/a><\/span><\/span><\/span><\/p>\r\n\r\n<p style=\"text-align:justify\"><span style=\"font-size:11pt\"><span style=\"line-height:normal\"><span style=\"font-family:Calibri,sans-serif\"><a href=\"https:\/\/agenciabrasil.ebc.com.br\/radioagencia-nacional\/geral\/audio\/2023-11\/governo-libera-r-270-milhoes-para-inovacao-na-industria-automotiva\" style=\"color:blue; text-decoration:underline\"><span style=\"font-size:14.0pt\">Governo libera R$ 270 milh&otilde;es para inova&ccedil;&atilde;o na ind&uacute;stria automotiva<\/span><\/a><\/span><\/span><\/span><\/p>\r\n\r\n<p style=\"text-align:justify\"><span style=\"font-size:11pt\"><span style=\"line-height:normal\"><span style=\"font-family:Calibri,sans-serif\"><a href=\"https:\/\/www.inovacaotecnologica.com.br\/noticias\/noticia.php?artigo=folha-artificial-usa-energia-solar-produzir-agua-potavel-hidrogenio-mesmo-tempo&amp;id=010115231116&amp;ebol=sim\" style=\"color:blue; text-decoration:underline\"><span style=\"font-size:14.0pt\">Folha artificial produz &aacute;gua pot&aacute;vel e hidrog&ecirc;nio ao mesmo tempo<\/span><\/a><\/span><\/span><\/span><\/p>\r\n\r\n<p style=\"text-align:justify\"><span style=\"font-size:11pt\"><span style=\"line-height:normal\"><span style=\"font-family:Calibri,sans-serif\"><a href=\"https:\/\/textilevaluechain.in\/in-depth-analysis\/functional-textiles-are-the-future\/\" style=\"color:blue; text-decoration:underline\"><span style=\"font-size:14.0pt\">Functional textiles are the future<\/span><\/a><\/span><\/span><\/span><\/p>\r\n\r\n<p style=\"text-align:justify\"><span style=\"font-size:28pt\"><span style=\"font-family:Cambria,serif\"><span style=\"letter-spacing:-0.5pt\"><b><span style=\"font-size:18.0pt\"><span style=\"font-family:&quot;Calibri&quot;,sans-serif\"><span style=\"font-variant:small-caps\">Com&eacute;rcio Exterior<\/span><\/span><\/span><\/b><\/span><\/span><\/span><\/p>\r\n\r\n<p style=\"text-align:justify\"><span style=\"font-size:11pt\"><span style=\"line-height:normal\"><span style=\"font-family:Calibri,sans-serif\"><a href=\"https:\/\/www.infomoney.com.br\/mundo\/futura-chanceler-de-milei-acena-positivamente-sobre-finalizacao-do-acordo-mercosul-ue\/\" style=\"color:blue; text-decoration:underline\"><span style=\"font-size:14.0pt\">Futura chanceler de Milei acena positivamente sobre finaliza&ccedil;&atilde;o do acordo Mercosul-UE<\/span><\/a><\/span><\/span><\/span><\/p>\r\n\r\n<p style=\"text-align:justify\"><span style=\"font-size:11pt\"><span style=\"line-height:normal\"><span style=\"font-family:Calibri,sans-serif\"><a href=\"https:\/\/www.correiobraziliense.com.br\/economia\/2023\/11\/6659624-propostas-de-milei-para-a-economia-preocupam-montadoras-automotivas.html#google_vignette\" style=\"color:blue; text-decoration:underline\"><span style=\"font-size:14.0pt\">Propostas de Milei para a economia preocupam montadoras automotivas<\/span><\/a><\/span><\/span><\/span><\/p>\r\n\r\n<p style=\"text-align:justify\"><span style=\"font-size:11pt\"><span style=\"line-height:normal\"><span style=\"font-family:Calibri,sans-serif\"><a href=\"https:\/\/www.moveisdevalor.com.br\/portal\/a-industria-moveleira-tem-vantagens-com-milei-na-argentina?source=news\" style=\"color:blue; text-decoration:underline\"><span style=\"font-size:14.0pt\">A ind&uacute;stria moveleira tem vantagens com Milei na Argentina?<\/span><\/a><\/span><\/span><\/span><\/p>\r\n\r\n<p style=\"text-align:justify\"><span style=\"font-size:11pt\"><span style=\"line-height:normal\"><span style=\"font-family:Calibri,sans-serif\"><a href=\"https:\/\/anba.com.br\/tratativa-de-acordo-mercosul-emirados-pode-iniciar-em-2024\/\" style=\"color:blue; text-decoration:underline\"><span style=\"font-size:14.0pt\">Tratativa de acordo Mercosul-Emirados pode iniciar em 2024<\/span><\/a><\/span><\/span><\/span><\/p>\r\n\r\n<p style=\"text-align:justify\"><span style=\"font-size:11pt\"><span style=\"line-height:normal\"><span style=\"font-family:Calibri,sans-serif\"><a href=\"https:\/\/www.fibre2fashion.com\/news\/textile-news\/eu-loses-growth-momentum-in-2023-moderate-uptick-expected-in-2024-291472-newsdetails.htm\" style=\"color:blue; text-decoration:underline\"><span lang=\"EN-US\" style=\"font-size:14.0pt\">EU loses growth momentum in 2023, moderate uptick expected in 2024<\/span><\/a><\/span><\/span><\/span><\/p>\r\n\r\n<p style=\"text-align:justify\"><span style=\"font-size:28pt\"><span style=\"font-family:Cambria,serif\"><span style=\"letter-spacing:-0.5pt\"><b><span style=\"font-size:18.0pt\"><span style=\"font-family:&quot;Calibri&quot;,sans-serif\"><span style=\"font-variant:small-caps\">Economia<\/span><\/span><\/span><\/b><\/span><\/span><\/span><\/p>\r\n\r\n<p style=\"text-align:justify\"><span style=\"font-size:11pt\"><span style=\"line-height:normal\"><span style=\"font-family:Calibri,sans-serif\"><a href=\"https:\/\/www.bcb.gov.br\/content\/focus\/focus\/R20231124.pdf\" style=\"color:blue; text-decoration:underline\"><span style=\"font-size:14.0pt\">Focus &ndash; Relat&oacute;rio de Mercado<\/span><\/a><\/span><\/span><\/span><\/p>\r\n\r\n<p style=\"text-align:justify\"><span style=\"font-size:11pt\"><span style=\"line-height:normal\"><span style=\"font-family:Calibri,sans-serif\"><span style=\"font-size:14.0pt\"><a href=\"https:\/\/www.infomoney.com.br\/politica\/governo-ve-piora-expressiva-na-projecao-de-deficit-fiscal-de-2023-e-amplia-bloqueio-orcamentario\/\" style=\"color:blue; text-decoration:underline\">Governo v&ecirc; piora expressiva na proje&ccedil;&atilde;o de d&eacute;ficit fiscal de 2023 e amplia bloqueio or&ccedil;ament&aacute;rio<\/a><\/span><\/span><\/span><\/span><\/p>\r\n\r\n<p style=\"text-align:justify\"><span style=\"font-size:11pt\"><span style=\"line-height:normal\"><span style=\"font-family:Calibri,sans-serif\"><a href=\"https:\/\/ibre.fgv.br\/blog-da-conjuntura-economica\/artigos\/pib-2023-nao-ha-surpresas-no-segundo-semestre-para-conter\" style=\"color:blue; text-decoration:underline\"><span style=\"font-size:14.0pt\">PIB 2023: n&atilde;o h&aacute; surpresas no segundo semestre para conter a desacelera&ccedil;&atilde;o<\/span><\/a><\/span><\/span><\/span><\/p>\r\n\r\n<p style=\"text-align:justify\"><span style=\"font-size:11pt\"><span style=\"line-height:normal\"><span style=\"font-family:Calibri,sans-serif\"><a href=\"https:\/\/ibre.fgv.br\/blog-da-conjuntura-economica\/artigos\/em-foco-126\" style=\"color:blue; text-decoration:underline\"><span style=\"font-size:14.0pt\">Atividade desacelera e incerteza aumenta<\/span><\/a><\/span><\/span><\/span><\/p>\r\n\r\n<p style=\"text-align:justify\"><span style=\"font-size:11pt\"><span style=\"line-height:normal\"><span style=\"font-family:Calibri,sans-serif\"><a href=\"https:\/\/agenciabrasil.ebc.com.br\/economia\/noticia\/2023-11\/desemprego-recua-em-tres-estados-sp-puxa-media-nacional\" style=\"color:blue; text-decoration:underline\"><span style=\"font-size:14.0pt\">Desemprego recua em tr&ecirc;s estados; queda em SP puxou m&eacute;dia nacional<\/span><\/a><\/span><\/span><\/span><\/p>\r\n\r\n<p style=\"text-align:justify\"><span style=\"font-size:11pt\"><span style=\"line-height:normal\"><span style=\"font-family:Calibri,sans-serif\"><a href=\"https:\/\/www.infomoney.com.br\/economia\/inflacao-da-construcao-perde-forca-em-novembro-e-sobe-010-diz-fgv-ibre\/\" style=\"color:blue; text-decoration:underline\"><span style=\"font-size:14.0pt\">Infla&ccedil;&atilde;o da constru&ccedil;&atilde;o perde for&ccedil;a em novembro e sobe 0,10%, diz FGV\/Ibre<\/span><\/a><\/span><\/span><\/span><\/p>\r\n\r\n<p style=\"text-align:justify\"><span style=\"font-size:11pt\"><span style=\"line-height:normal\"><span style=\"font-family:Calibri,sans-serif\"><a href=\"https:\/\/mercadoeconsumo.com.br\/27\/11\/2023\/artigos\/para-repensar-os-impactos-que-vem-da-china-na-economia-consumo-e-no-varejo-parte-3-2\/?utm_campaign=news_2711_-_geral&amp;utm_medium=email&amp;utm_source=RD+Station\" style=\"color:blue; text-decoration:underline\"><span style=\"font-size:14.0pt\">Para repensar os impactos que v&ecirc;m da China na economia, consumo e no varejo &ndash; Parte 3<\/span><\/a><\/span><\/span><\/span><\/p>\r\n","6":"<p style=\"text-align:justify\"><span style=\"font-size:11pt\"><span style=\"line-height:normal\"><span style=\"font-family:Calibri,sans-serif\"><span style=\"font-size:14.0pt\">Esta &eacute; uma compila&ccedil;&atilde;o das not&iacute;cias mais relevantes para o setor, incluindo informa&ccedil;&otilde;es sobre acordos internacionais, economia brasileira, sustentabilidade e mat&eacute;rias primas, al&eacute;m de novidades do setor de N&atilde;otecidos e Tecidos T&eacute;cnicos.<\/span><\/span><\/span><\/span><\/p>\r\n\r\n<p style=\"text-align:justify\"><span style=\"font-size:28pt\"><span style=\"font-family:Cambria,serif\"><span style=\"letter-spacing:-0.5pt\"><b><span style=\"font-size:18.0pt\"><span style=\"font-family:&quot;Calibri&quot;,sans-serif\"><span style=\"font-variant:small-caps\">A&ccedil;&otilde;es realizadas<\/span><\/span><\/span><\/b><\/span><\/span><\/span><\/p>\r\n\r\n<p style=\"text-align:justify\"><img src=\"https:\/\/www.abint.org.br\/assets\/img\/editor\/abint-logo-2020-g_20231129132021cm9MffSQ1s.png\" style=\"width: 200px; height: 46px;\" \/><\/p>\r\n\r\n<p style=\"text-align:justify\"><img src=\"https:\/\/www.abint.org.br\/assets\/img\/editor\/20231108-congresso-internacional-abit-2023-fotos-1_20231129132055mr5jZ4ZIBf.jpeg\" style=\"width: 500px; height: 333px;\" \/><img src=\"https:\/\/www.abint.org.br\/assets\/img\/editor\/20231108-congresso-internacional-abit-2023-fotos-2_20231129132116c7Az0ZMTm7.jpeg\" style=\"width: 500px; height: 334px;\" \/><\/p>\r\n\r\n<p style=\"text-align:justify\"><b><span style=\"font-size:14.0pt\"><span style=\"line-height:115%\"><span style=\"font-family:&quot;Calibri&quot;,sans-serif\">A ABINT <\/span><\/span><\/span><\/b><span style=\"font-size:14.0pt\"><span style=\"line-height:115%\"><span style=\"font-family:&quot;Calibri&quot;,sans-serif\">foi uma das<b> patrocinadoras do Congresso Internacional ABIT 2023, <\/b>que aconteceu<b> <\/b>dias 08 e 09 de novembro, na FIESC, Florian&oacute;polis, SC, com o tema <b>&ldquo;Redes, conex&otilde;es e fronteiras<\/b>&rdquo;.<\/span><\/span><\/span><\/p>\r\n\r\n<p style=\"text-align:justify\">&nbsp;<\/p>\r\n\r\n<p style=\"text-align:justify\"><span style=\"font-size:14.0pt\"><span style=\"line-height:115%\"><span style=\"font-family:&quot;Calibri&quot;,sans-serif\"><img src=\"https:\/\/www.abint.org.br\/assets\/img\/editor\/logo-ctg-abint-png_20231129132226XyNqAJqNpX.png\" style=\"width: 200px; height: 37px;\" \/><\/span><\/span><\/span><\/p>\r\n\r\n<p style=\"text-align:justify\"><img src=\"https:\/\/www.abint.org.br\/assets\/img\/editor\/20231107-geonorte-2023-fotos-1_20231129133354f7d6H4BwzN.JPG\" style=\"width: 500px; height: 333px;\" \/><img src=\"https:\/\/www.abint.org.br\/assets\/img\/editor\/20231107-geonorte-2023-fotos-2_20231129133401gNxnOysEQ5.JPG\" style=\"width: 500px; height: 333px;\" \/><\/p>\r\n\r\n<p style=\"text-align:justify\"><span style=\"font-size:11pt\"><span style=\"line-height:normal\"><span style=\"font-family:Calibri,sans-serif\"><span style=\"font-size:14.0pt\">O <b>CTG ABINT foi um dos patrocinadores do GEONORTE 2023<\/b>, evento realizado pela Associa&ccedil;&atilde;o Brasileira de Mec&acirc;nica dos Solos, cujo tema deste ano foi <b>&quot;Geotecnia na Amaz&ocirc;nia<\/b>&quot;, e ocorreu na cidade de Palmas, TO, entre os dias 07 e 09 de novembro.<\/span><\/span><\/span><\/span><\/p>\r\n\r\n<p style=\"text-align:justify\">&nbsp;<\/p>\r\n\r\n<p style=\"text-align:justify\"><img src=\"https:\/\/www.abint.org.br\/assets\/img\/editor\/20231122-geosul-2023-fotos-1_202311291340157VR6RSquOx.jpg\" style=\"width: 500px; height: 333px;\" \/><img src=\"https:\/\/www.abint.org.br\/assets\/img\/editor\/20231122-geosul-2023-fotos-2_20231129134114RSOkiEJBAK.jpg\" style=\"width: 500px; height: 333px;\" \/><\/p>\r\n\r\n<p style=\"text-align:justify\"><span style=\"font-size:11pt\"><span style=\"line-height:normal\"><span style=\"font-family:Calibri,sans-serif\"><span style=\"font-size:14.0pt\">O <b>CTG ABINT participou do XIII Simp&oacute;sio de Pr&aacute;tica de Engenharia Geot&eacute;cnica da Regi&atilde;o Sul (GEOSUL<\/b>), com o minicurso &ldquo;<b>A utiliza&ccedil;&atilde;o de geossint&eacute;ticos em solu&ccedil;&otilde;es para muros de conten&ccedil;&atilde;o e solos de baixa capacidade de suporte<\/b>&rdquo;, ministrado pelo Eng. Ramon Luis Cavilha, Gerente da Unidade Sul na Maccaferri do Brasil.<\/span><\/span><\/span><\/span><\/p>\r\n\r\n<p style=\"text-align:justify\"><span style=\"font-size:11pt\"><span style=\"line-height:normal\"><span style=\"font-family:Calibri,sans-serif\"><span style=\"font-size:14.0pt\">O tradicional <b>evento da Associa&ccedil;&atilde;o Brasileira de Mec&acirc;nica dos Solos e Engenharia Geot&eacute;cnica (ABMS)<\/b>,<b> <\/b>ocorreu na cidade de<b> <\/b>Ponta Grossa, PR, nos dias<b> <\/b>22 a 25 de novembro de 2023.<\/span><\/span><\/span><\/span><\/p>\r\n\r\n<p style=\"text-align:justify\">&nbsp;<\/p>\r\n\r\n<p class=\"MsoTitle\" style=\"text-align:justify\"><span style=\"font-size:28pt\"><span style=\"font-family:Cambria,serif\"><span style=\"letter-spacing:-0.5pt\"><b><span style=\"font-size:18.0pt\"><span style=\"font-family:&quot;Calibri&quot;,sans-serif\"><span style=\"font-variant:small-caps\">Not&iacute;cias das Associadas<\/span><\/span><\/span><\/b><\/span><\/span><\/span><\/p>\r\n\r\n<p style=\"text-align:justify\"><span style=\"font-size:11pt\"><span style=\"line-height:normal\"><span style=\"font-family:Calibri,sans-serif\"><a href=\"https:\/\/newspulpaper.com\/andritz-conquista-contrato-de-manutencao-de-nova-fabrica-da-suzano\/\" style=\"color:blue; text-decoration:underline\"><span style=\"font-size:14.0pt\">ANDRITZ conquista contrato de manuten&ccedil;&atilde;o de nova f&aacute;brica da Suzano<\/span><\/a><\/span><\/span><\/span><\/p>\r\n\r\n<p style=\"text-align:justify\"><span style=\"font-size:11pt\"><span style=\"line-height:normal\"><span style=\"font-family:Calibri,sans-serif\"><a href=\"http:\/\/transmail.ftrans01.com\/ZLFABRI?id=29813=JR4CVQVdAAgCGAMPDgdWXVpQV1JSA10CUVYDXFMFDwkAVFZUVQIKDwNTAlUBWAIFDlZNVwQPV0chAARRChIZVhQFHAdFGAkOAVQGDgpSV1IMXQkCVlAATwkVEkheSRhNFANcFloFUVUfAkdFWQ8SVAlLUlkLSWN\/JyAkai1ZXl0aFAE=&amp;fl=DhZGFQ1LF05GEx1DXQIJClEGUFoSA0FHCA0DFgoDQxYIB0UWGANdS1wFXU4VEkwCSgBEUgMIW1YTBktZFBZYUAgWQUhZAU8UUgFcGlsHDkkKXAAFUVcXWxUMCg==\" style=\"color:blue; text-decoration:underline\" target=\"_blank\"><span style=\"font-size:14.0pt\"><img id=\"Imagem_x0020_1\" src=\"file:\/\/\/C:\/Users\/CRISTI~1\/AppData\/Local\/Temp\/msohtmlclip1\/01\/clip_image001.gif\" style=\"width:.75pt; height:.75pt\" \/> <\/span><span lang=\"EN-US\" style=\"font-size:14.0pt\">Germany&#39;s Freudenberg appoints new CEO &amp; CFO<\/span><\/a> <\/span><\/span><\/span><\/p>\r\n\r\n<p style=\"text-align:justify\">&nbsp;<\/p>\r\n\r\n<p style=\"text-align:justify\"><span style=\"font-size:11pt\"><span style=\"line-height:normal\"><span style=\"font-family:Calibri,sans-serif\"><b><span style=\"font-size:18.0pt\"><span style=\"font-variant:small-caps\">Eventos<\/span><\/span><\/b><\/span><\/span><\/span><\/p>\r\n\r\n<p style=\"text-align:justify\"><span style=\"font-size:11pt\"><span style=\"line-height:normal\"><span style=\"font-family:Calibri,sans-serif\"><b><span style=\"font-size:14.0pt\">APEX | Webs&eacute;rie Direto do Mercado | Edi&ccedil;&atilde;o Col&ocirc;mbia<\/span><\/b><span style=\"font-size:14.0pt\">, 29 de novembro de 2023, 10h &agrave;s 11h50, evento online. <\/span><a href=\"https:\/\/click.apexbrasil.com.br\/mkt\/Direto%20do%20Mercado\/Programacao_Colombia.pdf#msdynttrid=4w8Lla2I1QslP0xujMzcI7PR8hUaAntBk0zAivT3XRc\" style=\"color:blue; text-decoration:underline\"><span style=\"font-size:14.0pt\">Programa&ccedil;&atilde;o<\/span><\/a><span style=\"font-size:14.0pt\">. <\/span><a href=\"https:\/\/crm-apps.apexbrasil.com.br\/orgbdeab873\/inscricao-eventos\/evento\/webinar-direto-de-mercado-colombia\/fca8ed62-3fe3-4b70-b7d4-695987ce94a3?utm_source=EMarketing&amp;msdynttrid=cJfCgBeaAL-XHet-EBn431mCXi_hRFDe3gUSs57zUeo\" style=\"color:blue; text-decoration:underline\"><span style=\"font-size:14.0pt\">Inscri&ccedil;&otilde;es<\/span><\/a> <\/span><\/span><\/span><\/p>\r\n\r\n<p style=\"text-align:justify\"><span style=\"font-size:11pt\"><span style=\"line-height:normal\"><span style=\"font-family:Calibri,sans-serif\"><b><span style=\"font-size:14.0pt\">Industry CCUS 2023,<\/span><\/b> <span style=\"font-size:14.0pt\">29-30 November, Rotterdam, Netherlands.<\/span> <a href=\"https:\/\/fortesmedia.com\/industry-ccus-conference-2023,4,en,2,1,28.html#register\" style=\"color:blue; text-decoration:underline\"><span style=\"font-size:14.0pt\">Informa&ccedil;&otilde;es<\/span><\/a> <\/span><\/span><\/span><\/p>\r\n\r\n<p style=\"text-align:justify\"><span style=\"font-size:11pt\"><span style=\"line-height:normal\"><span style=\"font-family:Calibri,sans-serif\"><b><span style=\"font-size:14.0pt\">AESabesp | ESG: Teoria e Pr&aacute;tica no Setor de Saneamento<\/span><\/b><span style=\"font-size:14.0pt\">, 04, 06, 08 e 11 de dezembro de 2023, 14h &agrave;s 17h, online ao vivo. <\/span><a href=\"http:\/\/neopixcomunicacao.com.br\/mail\/index.php\/campaigns\/wv502xkz96fb2\/web-version\/fo094o057x77d\" style=\"color:blue; text-decoration:underline\"><span style=\"font-size:14.0pt\">Informa&ccedil;&otilde;es<\/span><\/a> <\/span><\/span><\/span><\/p>\r\n\r\n<p style=\"text-align:justify\"><span style=\"font-size:11pt\"><span style=\"line-height:normal\"><span style=\"font-family:Calibri,sans-serif\"><b><span style=\"font-size:14.0pt\">CNI\/BID | Workshop Virtual sobre Com&eacute;rcio e Meio Ambiente<\/span><\/b><span style=\"font-size:14.0pt\">, 04, 05, 06, 07 e 11 de dezembro, 10h &agrave;s 12h. <\/span><a href=\"https:\/\/iadb.us12.list-manage.com\/subscribe?u=ac44df64ebfd49bfa33c0ef9c&amp;id=89654b834d\" style=\"color:blue; text-decoration:underline\"><span style=\"font-size:14.0pt\">Inscri&ccedil;&otilde;es<\/span><\/a> <\/span><\/span><\/span><\/p>\r\n\r\n<p style=\"text-align:justify\"><span style=\"font-size:11pt\"><span style=\"line-height:normal\"><span style=\"font-family:Calibri,sans-serif\"><b><span style=\"font-size:14.0pt\">FGV IBRE | IV Semin&aacute;rio de An&aacute;lise Conjuntural<\/span><\/b><span style=\"font-size:14.0pt\">, 07 de dezembro de 2023, 10h00 &agrave;s 11h30, transmiss&atilde;o via Youtube FGV. <\/span><a href=\"https:\/\/evento.fgv.br\/analise-conjuntural_0712\/\" style=\"color:blue; text-decoration:underline\"><span style=\"font-size:14.0pt\">Inscri&ccedil;&otilde;es<\/span><\/a> <\/span><\/span><\/span><\/p>\r\n\r\n<p style=\"text-align:justify\"><span style=\"font-size:11pt\"><span style=\"line-height:normal\"><span style=\"font-family:Calibri,sans-serif\"><b><span style=\"font-size:14.0pt\">FEIPLAR COMPOSITES &amp; FEIPUR &ndash; Feira e Congresso Internacionais de Composites, Poliuretano, Pl&aacute;sticos de Engenharia e Compostos Termopl&aacute;sticos<\/span><\/b><span style=\"font-size:14.0pt\">, 20 a 22 de agosto de 2024, S&atilde;o Paulo Expo (Pavilh&atilde;o 5), palestras: das 8h30 &agrave;s 18h, feira: das 13h &agrave;s 20h.<b> <\/b><\/span><a href=\"http:\/\/www.feiplar.com\" style=\"color:blue; text-decoration:underline\"><span style=\"font-size:14.0pt\">www.feiplar.com<\/span><\/a> <\/span><\/span><\/span><\/p>\r\n\r\n<p style=\"text-align:justify\"><span style=\"font-size:28pt\"><span style=\"font-family:Cambria,serif\"><span style=\"letter-spacing:-0.5pt\"><b><span style=\"font-size:18.0pt\"><span style=\"font-family:&quot;Calibri&quot;,sans-serif\"><span style=\"font-variant:small-caps\">Setor<\/span><\/span><\/span><\/b><\/span><\/span><\/span><\/p>\r\n\r\n<p style=\"text-align:justify\"><span style=\"font-size:11pt\"><span style=\"line-height:normal\"><span style=\"font-family:Calibri,sans-serif\"><a href=\"https:\/\/plasticosemrevista.com.br\/sem-engarrafamentos\/\" style=\"color:blue; text-decoration:underline\"><span style=\"font-size:14.0pt\">Consumo brasileiro de PET salta 21% em 5 anos e 2023 n&atilde;o altera essa rota<\/span><\/a><\/span><\/span><\/span><\/p>\r\n\r\n<p style=\"text-align:justify\"><span style=\"font-size:11pt\"><span style=\"line-height:normal\"><span style=\"font-family:Calibri,sans-serif\"><a href=\"https:\/\/www.trbn.com.br\/materia\/I94877\/-conder-vai-recobrir-de-vegetacao-toda-a-encosta-do-santo-antonio#google_vignette\" style=\"color:blue; text-decoration:underline\"><span style=\"font-size:14.0pt\">Geomantas: Conder vai recobrir de vegeta&ccedil;&atilde;o toda a encosta do Santo Ant&ocirc;nio<\/span><\/a><\/span><\/span><\/span><\/p>\r\n\r\n<p style=\"text-align:justify\"><span style=\"font-size:11pt\"><span style=\"line-height:normal\"><span style=\"font-family:Calibri,sans-serif\"><span class=\"MsoHyperlink\" style=\"color:blue\"><span style=\"text-decoration:underline\"><span lang=\"EN-US\" style=\"font-size:14.0pt\"><a href=\"https:\/\/www.diariodolitoral.com.br\/cotidiano\/avancam-obras-de-contencao-de-encosta-e-drenagem-em-mais-um-morro-de\/176134\/\" style=\"color:blue; text-decoration:underline\">Geomantas: Avan&ccedil;am obras de conten&ccedil;&atilde;o de encosta e drenagem em mais um morro de Santos<\/a><\/span><\/span><\/span><\/span><\/span><\/span><\/p>\r\n\r\n<p style=\"text-align:justify\"><span style=\"font-size:11pt\"><span style=\"line-height:normal\"><span style=\"font-family:Calibri,sans-serif\"><a href=\"https:\/\/www.anahp.com.br\/publicacoes\/e-book-conahp-2023\/?utm_campaign=conahp_2023_-_ebook&amp;utm_medium=email&amp;utm_source=RD+Station\" style=\"color:blue; text-decoration:underline\"><span style=\"font-size:14.0pt\">E-book Conahp 2023<\/span><\/a><\/span><\/span><\/span><\/p>\r\n\r\n<p style=\"text-align:justify\"><span style=\"font-size:28pt\"><span style=\"font-family:Cambria,serif\"><span style=\"letter-spacing:-0.5pt\"><b><span style=\"font-size:18.0pt\"><span style=\"font-family:&quot;Calibri&quot;,sans-serif\"><span style=\"font-variant:small-caps\">Ind&uacute;stria<\/span><\/span><\/span><\/b><\/span><\/span><\/span><\/p>\r\n\r\n<p style=\"text-align:justify\"><span style=\"font-size:11pt\"><span style=\"line-height:normal\"><span style=\"font-family:Calibri,sans-serif\"><a href=\"https:\/\/www.agenciacma.com.br\/empresas-vao-ao-congresso-para-reverter-veto-a-desoneracao-da-folha-de-pagamento\/\" style=\"color:blue; text-decoration:underline\"><span style=\"font-size:14.0pt\">ABIT: Empresas v&atilde;o ao Congresso para reverter veto &agrave; desonera&ccedil;&atilde;o da folha de pagamento<\/span><\/a><\/span><\/span><\/span><\/p>\r\n\r\n<p style=\"text-align:justify\"><span style=\"font-size:11pt\"><span style=\"line-height:normal\"><span style=\"font-family:Calibri,sans-serif\"><a href=\"https:\/\/oantagonista.com.br\/economia\/vem-aumento-de-icms-por-ai\/\" style=\"color:blue; text-decoration:underline\"><span style=\"font-size:14.0pt\">Vem aumento de ICMS por a&iacute;<\/span><\/a><\/span><\/span><\/span><\/p>\r\n\r\n<p style=\"text-align:justify\"><span style=\"font-size:11pt\"><span style=\"line-height:normal\"><span style=\"font-family:Calibri,sans-serif\"><a href=\"https:\/\/leouve.com.br\/negocios\/movergs-divulga-manifesto-em-contrariedade-ao-anunciado-aumento-de-icms\" style=\"color:blue; text-decoration:underline\"><span style=\"font-size:14.0pt\">Movergs divulga manifesto em contrariedade ao aumento de ICMS<\/span><\/a><\/span><\/span><\/span><\/p>\r\n\r\n<p style=\"text-align:justify\"><span style=\"font-size:11pt\"><span style=\"line-height:normal\"><span style=\"font-family:Calibri,sans-serif\"><a href=\"https:\/\/sovos.com\/pt-br\/blog\/tributos\/apos-rs-outros-5-estados-do-sul-e-sudeste-anunciam-aumento-de-icms-para-195\/?mkt_tok=MzM0LUhWTi0yNDkAAAGPoYP3t-EAm-a_q5cUJsBSy0EFoY5JSVN4ek6_61WK16jQBvnfJnkpcxgbJUZY8zS5N5GYgyUWAmSI2ZRy-IEsznImThvPeb0zIE3BpyjNvI4\" style=\"color:blue; text-decoration:underline\"><span style=\"font-size:14.0pt\">Ap&oacute;s RS, outros 5 estados do Sul e Sudeste anunciam aumento de ICMS para 19,5%<\/span><\/a><\/span><\/span><\/span><\/p>\r\n\r\n<p style=\"text-align:justify\"><span style=\"font-size:11pt\"><span style=\"line-height:normal\"><span style=\"font-family:Calibri,sans-serif\"><a href=\"https:\/\/plasticosemrevista.com.br\/haja-fe-e-garra\/\" style=\"color:blue; text-decoration:underline\"><span style=\"font-size:14.0pt\">O mercado promete sair em 2024 da calmaria deste ano, confiam os dirigentes da Abiplast e Abiquim<\/span><\/a><\/span><\/span><\/span><\/p>\r\n\r\n<p style=\"text-align:justify\"><span style=\"font-size:11pt\"><span style=\"line-height:normal\"><span style=\"font-family:Calibri,sans-serif\"><a href=\"https:\/\/grandesconstrucoes.com.br\/Noticias\/Exibir\/governo-inclui-construcao-pesada-entre-setores-de-interesse-da-economia?utm_source=akna&amp;utm_medium=email&amp;utm_campaign=Grandes-Construcoes-Informativo-889-23-11-2023&amp;utm_source=akna&amp;utm_medium=email&amp;utm_campaign=Grandes-Construcoes-Informativo-889-23-11-2023\" style=\"color:blue; text-decoration:underline\"><span style=\"font-size:14.0pt\">Governo inclui constru&ccedil;&atilde;o pesada entre setores de interesse da economia<\/span><\/a><\/span><\/span><\/span><\/p>\r\n\r\n<p style=\"text-align:justify\"><span style=\"font-size:11pt\"><span style=\"line-height:normal\"><span style=\"font-family:Calibri,sans-serif\"><a href=\"https:\/\/grandesconstrucoes.com.br\/Noticias\/Exibir\/autoridade-portuaria-de-santos-preve-r-7-bi-em-investimentos-para-2024?utm_source=akna&amp;utm_medium=email&amp;utm_campaign=Grandes-Construcoes-Informativo-889-23-11-2023&amp;utm_source=akna&amp;utm_medium=email&amp;utm_campaign=Grandes-Construcoes-Informativo-889-23-11-2023\" style=\"color:blue; text-decoration:underline\"><span style=\"font-size:14.0pt\">Autoridade Portu&aacute;ria de Santos prev&ecirc; R$ 7 bi em investimentos para 2024<\/span><\/a><\/span><\/span><\/span><\/p>\r\n\r\n<p style=\"text-align:justify\"><span style=\"font-size:11pt\"><span style=\"line-height:normal\"><span style=\"font-family:Calibri,sans-serif\"><a href=\"https:\/\/guaiba.com.br\/2023\/11\/24\/retomada-do-reiq-reduz-disparidade-de-custos-diz-abiquim\/\" style=\"color:blue; text-decoration:underline\"><span style=\"font-size:14.0pt\">Retomada do Reiq reduz disparidade de custos, diz Abiquim<\/span><\/a><\/span><\/span><\/span><\/p>\r\n\r\n<p style=\"text-align:justify\"><span style=\"font-size:28pt\"><span style=\"font-family:Cambria,serif\"><span style=\"letter-spacing:-0.5pt\"><b><span style=\"font-size:18.0pt\"><span style=\"font-family:&quot;Calibri&quot;,sans-serif\"><span style=\"font-variant:small-caps\">Sustentabilidade<\/span><\/span><\/span><\/b><\/span><\/span><\/span><\/p>\r\n\r\n<p style=\"text-align:justify\"><span style=\"font-size:11pt\"><span style=\"line-height:normal\"><span style=\"font-family:Calibri,sans-serif\"><a href=\"https:\/\/plasticosemrevista.com.br\/o-aperto-do-gargalo\/\" style=\"color:blue; text-decoration:underline\"><span style=\"font-size:14.0pt\">Insufici&ecirc;ncia de coleta seletiva freia avan&ccedil;o da reciclagem de PET<\/span><\/a><\/span><\/span><\/span><\/p>\r\n\r\n<p style=\"text-align:justify\"><span style=\"font-size:11pt\"><span style=\"line-height:normal\"><span style=\"font-family:Calibri,sans-serif\"><a href=\"https:\/\/noticias.portaldaindustria.com.br\/noticias\/sustentabilidade\/reducao-de-residuos-de-energia-e-de-agua-sao-acoes-adotadas-por-mais-de-80-das-industrias\/\" style=\"color:blue; text-decoration:underline\"><span style=\"font-size:14.0pt\">Redu&ccedil;&atilde;o de res&iacute;duos, de energia e de &aacute;gua s&atilde;o a&ccedil;&otilde;es adotadas por mais de 80% das ind&uacute;strias<\/span><\/a><\/span><\/span><\/span><\/p>\r\n\r\n<p style=\"text-align:justify\"><span style=\"font-size:11pt\"><span style=\"line-height:normal\"><span style=\"font-family:Calibri,sans-serif\"><a href=\"https:\/\/www.moveisdevalor.com.br\/portal\/ikea-lanca-novo-esquema-de-remocao-e-reciclagem-de-colchoes?source=news\" style=\"color:blue; text-decoration:underline\"><span style=\"font-size:14.0pt\">IKEA lan&ccedil;a novo esquema de remo&ccedil;&atilde;o e reciclagem de colch&otilde;es<\/span><\/a><\/span><\/span><\/span><\/p>\r\n\r\n<p style=\"text-align:justify\"><span style=\"font-size:11pt\"><span style=\"line-height:normal\"><span style=\"font-family:Calibri,sans-serif\"><a href=\"https:\/\/abcreporter.com.br\/2023\/11\/25\/braskem-lanca-concurso-para-premiar-iniciativas-sociais-e-ambientais\/\" style=\"color:blue; text-decoration:underline\"><span style=\"font-size:14.0pt\">Braskem lan&ccedil;a Concurso para premiar iniciativas sociais e ambientais<\/span><\/a><\/span><\/span><\/span><\/p>\r\n\r\n<p style=\"text-align:justify\"><span style=\"font-size:11pt\"><span style=\"line-height:normal\"><span style=\"font-family:Calibri,sans-serif\"><a href=\"https:\/\/noticias.portaldaindustria.com.br\/noticias\/sustentabilidade\/brasil-quer-se-posicionar-na-cop28-como-mediador-de-solucoes-diz-negociador-chefe-para-o-clima\/\" style=\"color:blue; text-decoration:underline\"><span style=\"font-size:14.0pt\">&ldquo;Brasil quer se posicionar na COP28 como mediador&rdquo;, diz negociador-chefe para o clima<\/span><\/a><\/span><\/span><\/span><\/p>\r\n\r\n<p style=\"text-align:justify\"><span style=\"font-size:11pt\"><span style=\"line-height:normal\"><span style=\"font-family:Calibri,sans-serif\"><a href=\"https:\/\/www.tribunaliberal.com.br\/Geral\/Usina-que-transformar%C3%A1-%E2%80%98lixo%E2%80%99-em-energia-vira-destaque-durante-semin%C3%A1rio-da-FGV\" style=\"color:blue; text-decoration:underline\"><span style=\"font-size:14.0pt\">Usina que transformar&aacute; &lsquo;lixo&rsquo; em energia vira destaque durante semin&aacute;rio da FGV<\/span><\/a><\/span><\/span><\/span><\/p>\r\n\r\n<p style=\"text-align:justify\"><span style=\"font-size:28pt\"><span style=\"font-family:Cambria,serif\"><span style=\"letter-spacing:-0.5pt\"><b><span style=\"font-size:18.0pt\"><span style=\"font-family:&quot;Calibri&quot;,sans-serif\"><span style=\"font-variant:small-caps\">Inova&ccedil;&atilde;o<\/span><\/span><\/span><\/b><\/span><\/span><\/span><\/p>\r\n\r\n<p style=\"text-align:justify\"><span style=\"font-size:11pt\"><span style=\"line-height:normal\"><span style=\"font-family:Calibri,sans-serif\"><a href=\"https:\/\/noticias.portaldaindustria.com.br\/noticias\/inovacao-e-tecnologia\/inovacao-e-tecnologia-sao-fundamentais-para-a-neoindustrializacao-diz-alban\/\" style=\"color:blue; text-decoration:underline\"><span style=\"font-size:14.0pt\">Inova&ccedil;&atilde;o e tecnologia s&atilde;o fundamentais para a neoindustrializa&ccedil;&atilde;o, diz Alban<\/span><\/a><\/span><\/span><\/span><\/p>\r\n\r\n<p style=\"text-align:justify\"><span style=\"font-size:11pt\"><span style=\"line-height:normal\"><span style=\"font-family:Calibri,sans-serif\"><a href=\"https:\/\/agenciabrasil.ebc.com.br\/radioagencia-nacional\/geral\/audio\/2023-11\/governo-libera-r-270-milhoes-para-inovacao-na-industria-automotiva\" style=\"color:blue; text-decoration:underline\"><span style=\"font-size:14.0pt\">Governo libera R$ 270 milh&otilde;es para inova&ccedil;&atilde;o na ind&uacute;stria automotiva<\/span><\/a><\/span><\/span><\/span><\/p>\r\n\r\n<p style=\"text-align:justify\"><span style=\"font-size:11pt\"><span style=\"line-height:normal\"><span style=\"font-family:Calibri,sans-serif\"><a href=\"https:\/\/www.inovacaotecnologica.com.br\/noticias\/noticia.php?artigo=folha-artificial-usa-energia-solar-produzir-agua-potavel-hidrogenio-mesmo-tempo&amp;id=010115231116&amp;ebol=sim\" style=\"color:blue; text-decoration:underline\"><span style=\"font-size:14.0pt\">Folha artificial produz &aacute;gua pot&aacute;vel e hidrog&ecirc;nio ao mesmo tempo<\/span><\/a><\/span><\/span><\/span><\/p>\r\n\r\n<p style=\"text-align:justify\"><span style=\"font-size:11pt\"><span style=\"line-height:normal\"><span style=\"font-family:Calibri,sans-serif\"><a href=\"https:\/\/textilevaluechain.in\/in-depth-analysis\/functional-textiles-are-the-future\/\" style=\"color:blue; text-decoration:underline\"><span style=\"font-size:14.0pt\">Functional textiles are the future<\/span><\/a><\/span><\/span><\/span><\/p>\r\n\r\n<p style=\"text-align:justify\"><span style=\"font-size:28pt\"><span style=\"font-family:Cambria,serif\"><span style=\"letter-spacing:-0.5pt\"><b><span style=\"font-size:18.0pt\"><span style=\"font-family:&quot;Calibri&quot;,sans-serif\"><span style=\"font-variant:small-caps\">Com&eacute;rcio Exterior<\/span><\/span><\/span><\/b><\/span><\/span><\/span><\/p>\r\n\r\n<p style=\"text-align:justify\"><span style=\"font-size:11pt\"><span style=\"line-height:normal\"><span style=\"font-family:Calibri,sans-serif\"><a href=\"https:\/\/www.infomoney.com.br\/mundo\/futura-chanceler-de-milei-acena-positivamente-sobre-finalizacao-do-acordo-mercosul-ue\/\" style=\"color:blue; text-decoration:underline\"><span style=\"font-size:14.0pt\">Futura chanceler de Milei acena positivamente sobre finaliza&ccedil;&atilde;o do acordo Mercosul-UE<\/span><\/a><\/span><\/span><\/span><\/p>\r\n\r\n<p style=\"text-align:justify\"><span style=\"font-size:11pt\"><span style=\"line-height:normal\"><span style=\"font-family:Calibri,sans-serif\"><a href=\"https:\/\/www.correiobraziliense.com.br\/economia\/2023\/11\/6659624-propostas-de-milei-para-a-economia-preocupam-montadoras-automotivas.html#google_vignette\" style=\"color:blue; text-decoration:underline\"><span style=\"font-size:14.0pt\">Propostas de Milei para a economia preocupam montadoras automotivas<\/span><\/a><\/span><\/span><\/span><\/p>\r\n\r\n<p style=\"text-align:justify\"><span style=\"font-size:11pt\"><span style=\"line-height:normal\"><span style=\"font-family:Calibri,sans-serif\"><a href=\"https:\/\/www.moveisdevalor.com.br\/portal\/a-industria-moveleira-tem-vantagens-com-milei-na-argentina?source=news\" style=\"color:blue; text-decoration:underline\"><span style=\"font-size:14.0pt\">A ind&uacute;stria moveleira tem vantagens com Milei na Argentina?<\/span><\/a><\/span><\/span><\/span><\/p>\r\n\r\n<p style=\"text-align:justify\"><span style=\"font-size:11pt\"><span style=\"line-height:normal\"><span style=\"font-family:Calibri,sans-serif\"><a href=\"https:\/\/anba.com.br\/tratativa-de-acordo-mercosul-emirados-pode-iniciar-em-2024\/\" style=\"color:blue; text-decoration:underline\"><span style=\"font-size:14.0pt\">Tratativa de acordo Mercosul-Emirados pode iniciar em 2024<\/span><\/a><\/span><\/span><\/span><\/p>\r\n\r\n<p style=\"text-align:justify\"><span style=\"font-size:11pt\"><span style=\"line-height:normal\"><span style=\"font-family:Calibri,sans-serif\"><a href=\"https:\/\/www.fibre2fashion.com\/news\/textile-news\/eu-loses-growth-momentum-in-2023-moderate-uptick-expected-in-2024-291472-newsdetails.htm\" style=\"color:blue; text-decoration:underline\"><span lang=\"EN-US\" style=\"font-size:14.0pt\">EU loses growth momentum in 2023, moderate uptick expected in 2024<\/span><\/a><\/span><\/span><\/span><\/p>\r\n\r\n<p style=\"text-align:justify\"><span style=\"font-size:28pt\"><span style=\"font-family:Cambria,serif\"><span style=\"letter-spacing:-0.5pt\"><b><span style=\"font-size:18.0pt\"><span style=\"font-family:&quot;Calibri&quot;,sans-serif\"><span style=\"font-variant:small-caps\">Economia<\/span><\/span><\/span><\/b><\/span><\/span><\/span><\/p>\r\n\r\n<p style=\"text-align:justify\"><span style=\"font-size:11pt\"><span style=\"line-height:normal\"><span style=\"font-family:Calibri,sans-serif\"><a href=\"https:\/\/www.bcb.gov.br\/content\/focus\/focus\/R20231124.pdf\" style=\"color:blue; text-decoration:underline\"><span style=\"font-size:14.0pt\">Focus &ndash; Relat&oacute;rio de Mercado<\/span><\/a><\/span><\/span><\/span><\/p>\r\n\r\n<p style=\"text-align:justify\"><span style=\"font-size:11pt\"><span style=\"line-height:normal\"><span style=\"font-family:Calibri,sans-serif\"><span style=\"font-size:14.0pt\"><a href=\"https:\/\/www.infomoney.com.br\/politica\/governo-ve-piora-expressiva-na-projecao-de-deficit-fiscal-de-2023-e-amplia-bloqueio-orcamentario\/\" style=\"color:blue; text-decoration:underline\">Governo v&ecirc; piora expressiva na proje&ccedil;&atilde;o de d&eacute;ficit fiscal de 2023 e amplia bloqueio or&ccedil;ament&aacute;rio<\/a><\/span><\/span><\/span><\/span><\/p>\r\n\r\n<p style=\"text-align:justify\"><span style=\"font-size:11pt\"><span style=\"line-height:normal\"><span style=\"font-family:Calibri,sans-serif\"><a href=\"https:\/\/ibre.fgv.br\/blog-da-conjuntura-economica\/artigos\/pib-2023-nao-ha-surpresas-no-segundo-semestre-para-conter\" style=\"color:blue; text-decoration:underline\"><span style=\"font-size:14.0pt\">PIB 2023: n&atilde;o h&aacute; surpresas no segundo semestre para conter a desacelera&ccedil;&atilde;o<\/span><\/a><\/span><\/span><\/span><\/p>\r\n\r\n<p style=\"text-align:justify\"><span style=\"font-size:11pt\"><span style=\"line-height:normal\"><span style=\"font-family:Calibri,sans-serif\"><a href=\"https:\/\/ibre.fgv.br\/blog-da-conjuntura-economica\/artigos\/em-foco-126\" style=\"color:blue; text-decoration:underline\"><span style=\"font-size:14.0pt\">Atividade desacelera e incerteza aumenta<\/span><\/a><\/span><\/span><\/span><\/p>\r\n\r\n<p style=\"text-align:justify\"><span style=\"font-size:11pt\"><span style=\"line-height:normal\"><span style=\"font-family:Calibri,sans-serif\"><a href=\"https:\/\/agenciabrasil.ebc.com.br\/economia\/noticia\/2023-11\/desemprego-recua-em-tres-estados-sp-puxa-media-nacional\" style=\"color:blue; text-decoration:underline\"><span style=\"font-size:14.0pt\">Desemprego recua em tr&ecirc;s estados; queda em SP puxou m&eacute;dia nacional<\/span><\/a><\/span><\/span><\/span><\/p>\r\n\r\n<p style=\"text-align:justify\"><span style=\"font-size:11pt\"><span style=\"line-height:normal\"><span style=\"font-family:Calibri,sans-serif\"><a href=\"https:\/\/www.infomoney.com.br\/economia\/inflacao-da-construcao-perde-forca-em-novembro-e-sobe-010-diz-fgv-ibre\/\" style=\"color:blue; text-decoration:underline\"><span style=\"font-size:14.0pt\">Infla&ccedil;&atilde;o da constru&ccedil;&atilde;o perde for&ccedil;a em novembro e sobe 0,10%, diz FGV\/Ibre<\/span><\/a><\/span><\/span><\/span><\/p>\r\n\r\n<p style=\"text-align:justify\"><span style=\"font-size:11pt\"><span style=\"line-height:normal\"><span style=\"font-family:Calibri,sans-serif\"><a href=\"https:\/\/mercadoeconsumo.com.br\/27\/11\/2023\/artigos\/para-repensar-os-impactos-que-vem-da-china-na-economia-consumo-e-no-varejo-parte-3-2\/?utm_campaign=news_2711_-_geral&amp;utm_medium=email&amp;utm_source=RD+Station\" style=\"color:blue; text-decoration:underline\"><span style=\"font-size:14.0pt\">Para repensar os impactos que v&ecirc;m da China na economia, consumo e no varejo &ndash; Parte 3<\/span><\/a><\/span><\/span><\/span><\/p>\r\n","texto_en":"","7":"","imagem":"COMP_banner-padrao-home-destaques-boletim-2023_20231129134619BwFx0DdtH7.jpeg","8":"COMP_banner-padrao-home-destaques-boletim-2023_20231129134619BwFx0DdtH7.jpeg","arquivo":"20231128-BOLETIM-ABINT-DE-NOTICIAS-SEMANAIS.PDF","9":"20231128-BOLETIM-ABINT-DE-NOTICIAS-SEMANAIS.PDF","titulo_arquivo":"20231128 Boletim ABINT de Not\u00edcias Semanais","10":"20231128 Boletim ABINT de Not\u00edcias Semanais","titulo_arquivo_en":"","11":"","created_at":"2023-11-29 13:46:33","12":"2023-11-29 13:46:33","updated_at":"2023-11-29 13:46:33","13":"2023-11-29 13:46:33"},{"id":92,"0":92,"ordem":131,"1":131,"data":"2023-11-22","2":"2023-11-22","slug":"boletim-abint-de-noticias-semanais-7","3":"boletim-abint-de-noticias-semanais-7","titulo":"Boletim ABINT de Not\u00edcias Semanais","4":"Boletim ABINT de Not\u00edcias Semanais","titulo_en":"","5":"","texto":"<p style=\"text-align:justify\"><span style=\"font-size:11pt\"><span style=\"line-height:normal\"><span style=\"font-family:Calibri,sans-serif\"><span style=\"font-size:14.0pt\">Esta &eacute; uma compila&ccedil;&atilde;o das not&iacute;cias mais relevantes para o setor, incluindo informa&ccedil;&otilde;es sobre acordos internacionais, economia brasileira, sustentabilidade e mat&eacute;rias primas, al&eacute;m de novidades do setor de N&atilde;otecidos e Tecidos T&eacute;cnicos.<\/span><\/span><\/span><\/span><\/p>\r\n\r\n<p style=\"text-align:justify\"><span style=\"font-size:28pt\"><span style=\"font-family:Cambria,serif\"><span style=\"letter-spacing:-0.5pt\"><b><span style=\"font-size:18.0pt\"><span style=\"font-family:&quot;Calibri&quot;,sans-serif\"><span style=\"font-variant:small-caps\">A&ccedil;&otilde;es realizadas<\/span><\/span><\/span><\/b><\/span><\/span><\/span><\/p>\r\n\r\n<p style=\"text-align:justify\"><img src=\"https:\/\/www.abint.org.br\/assets\/img\/editor\/logo-ctg-abint-png_20231123165134xMsDmrOMOR.png\" style=\"width: 200px; height: 37px;\" \/><\/p>\r\n\r\n<p style=\"text-align:justify\"><img src=\"https:\/\/www.abint.org.br\/assets\/img\/editor\/37o-anpet-foto-painel-evento_20231123165237AJkds7xGK9.jpg\" style=\"width: 500px; height: 333px;\" \/><img src=\"https:\/\/www.abint.org.br\/assets\/img\/editor\/37o-anpet-foto-auditorio-evento_2023112316525535xnt4SXHP.jpg\" style=\"width: 500px; height: 333px;\" \/><\/p>\r\n\r\n<p style=\"text-align:justify\"><span style=\"font-size:11pt\"><span style=\"line-height:normal\"><span style=\"font-family:Calibri,sans-serif\"><span style=\"font-size:14.0pt\">O <b>CTG ABINT patrocinou o 37&ordm; ANPET<\/b> &ndash; Congresso de Pesquisa e Ensino em Transporte, que aconteceu de 06 a 10 de novembro de 2023, no Bourbon Santos Convention Hotel, Santos, SP. O evento, realizado por A Associa&ccedil;&atilde;o Nacional de Pesquisa e Ensino em Transportes (ANPET), a Universidade de S&atilde;o Paulo (USP), a Universidade Estadual de Campinas (UNICAMP) e a Universidade Estadual Paulista &quot;J&uacute;lio de Mesquita Filho&quot; (UNESP), reuniu especialistas e profissionais do setor de transportes para debater sobre os principais temas da &aacute;rea.<\/span><\/span><\/span><\/span><\/p>\r\n\r\n<p style=\"text-align:justify\">&nbsp;<\/p>\r\n\r\n<p style=\"text-align:justify\"><img src=\"https:\/\/www.abint.org.br\/assets\/img\/editor\/cth-logo-alta-jpg_20231123165410uLLtQYozeS.jpg\" style=\"width: 200px; height: 46px;\" \/><\/p>\r\n\r\n<p style=\"text-align:justify\"><img src=\"https:\/\/www.abint.org.br\/assets\/img\/editor\/16o-congresso-sobecc-anadona_20231123165516leQdtyNGEJ.jpg\" style=\"width: 500px; height: 333px;\" \/><img src=\"https:\/\/www.abint.org.br\/assets\/img\/editor\/16o-congresso-sobecc-betel-2_20231123165543mtL1csCDRK.jpg\" style=\"width: 500px; height: 333px;\" \/><\/p>\r\n\r\n<p style=\"text-align:justify\"><img src=\"https:\/\/www.abint.org.br\/assets\/img\/editor\/16o-congresso-sobecc-lifesaver1_20231123165619NdpO60YHUq.jpg\" style=\"width: 500px; height: 333px;\" \/><img src=\"https:\/\/www.abint.org.br\/assets\/img\/editor\/16o-congresso-sobecc-venkuri_20231123165647o94uGBvYVF.jpg\" style=\"width: 500px; height: 333px;\" \/><\/p>\r\n\r\n<p style=\"text-align:justify\"><img src=\"https:\/\/www.abint.org.br\/assets\/img\/editor\/16o-congresso-sobecc-fotos-associadas-7_20231123165733DWLpt41GMv.jpg\" style=\"width: 333px; height: 500px;\" \/><\/p>\r\n\r\n<p style=\"text-align:justify\"><span style=\"font-size:11pt\"><span style=\"line-height:normal\"><span style=\"font-family:Calibri,sans-serif\"><span style=\"font-size:14.0pt\">O <b>CTH ABINT participou do 16&ordm; Congresso SOBECC<\/b>, que aconteceu dias 07 a 10 de novembro de 2023, no Centro de Conven&ccedil;&otilde;es, Distrito Anhembi, com a palestra <b>&ldquo;Fiapos, coisas t&atilde;o pequenas ... Potencial de complica&ccedil;&atilde;o cir&uacute;rgica t&atilde;o grande!&rdquo;<\/b>, <b>ministrada pela especialista Dra. <\/b><\/span><b><span lang=\"EN-US\" style=\"font-size:14.0pt\">Wava Truscott, PhD MBA<\/span><\/b><span lang=\"EN-US\" style=\"font-size:14.0pt\">, President of Truscott MedSci Associates, LLC.<\/span><\/span><\/span><\/span><\/p>\r\n\r\n<p style=\"text-align:justify\"><span style=\"font-size:11pt\"><span style=\"line-height:normal\"><span style=\"font-family:Calibri,sans-serif\"><a href=\"https:\/\/sobecc.org.br\/news\/confira-os-destaques-do-16o-congresso-brasileiro-de-enfermagem-da-sobecc-que-aconteceu-de-7-a-10-11\/655\" style=\"color:blue; text-decoration:underline\"><span style=\"font-size:14.0pt\">Confira os destaques do 16&ordm; Congresso Brasileiro de Enfermagem da SOBECC, que aconteceu de 7 a 10\/11<\/span><\/a><\/span><\/span><\/span><\/p>\r\n\r\n<p style=\"text-align:justify\">&nbsp;<\/p>\r\n\r\n<p style=\"text-align:justify\"><img src=\"https:\/\/www.abint.org.br\/assets\/img\/editor\/16o-congresso-sobecc-dexcar_20231123165919kPXI3TP8vt.jpeg\" style=\"width: 500px; height: 375px;\" \/><img src=\"https:\/\/www.abint.org.br\/assets\/img\/editor\/16o-congresso-sobecc-protdesc-1_20231123170159jqmY7Xy9xg.jpg\" style=\"width: 500px; height: 333px;\" \/><\/p>\r\n\r\n<p style=\"text-align:justify\"><img src=\"https:\/\/www.abint.org.br\/assets\/img\/editor\/16o-congresso-sobecc-pion-g_20231123170217fghM6FlWCT.jpg\" \/><\/p>\r\n\r\n<p style=\"text-align:justify\"><span style=\"font-size:28pt\"><span style=\"font-family:Cambria,serif\"><span style=\"letter-spacing:-0.5pt\"><b><span style=\"font-size:18.0pt\"><span style=\"font-family:&quot;Calibri&quot;,sans-serif\"><span style=\"font-variant:small-caps\">O que vem por a&iacute;<\/span><\/span><\/span><\/b><\/span><\/span><\/span><\/p>\r\n\r\n<p style=\"text-align:justify\"><img src=\"https:\/\/www.abint.org.br\/assets\/img\/editor\/logo-ctg-abint-jpg-pequeno_20231123170310KfCKEUKKwu.jpg\" \/><\/p>\r\n\r\n<p style=\"text-align:justify\"><img src=\"https:\/\/www.abint.org.br\/assets\/img\/editor\/20231122-geosul-2023-logo_20231123170348yZ6OB6uHfi.png\" \/><\/p>\r\n\r\n<p style=\"text-align:justify\"><span style=\"font-size:11pt\"><span style=\"line-height:normal\"><span style=\"font-family:Calibri,sans-serif\"><span style=\"font-size:14.0pt\">O <b>CTG ABINT participar&aacute; tamb&eacute;m do XIII Simp&oacute;sio de Pr&aacute;tica de Engenharia Geot&eacute;cnica da Regi&atilde;o Sul (GEOSUL<\/b>), com o minicurso &ldquo;<b>A utiliza&ccedil;&atilde;o de geossint&eacute;ticos em solu&ccedil;&otilde;es para muros de conten&ccedil;&atilde;o e solos de baixa capacidade de suporte<\/b>&rdquo;, que ser&aacute; ministrado pelo Eng. Ramon Luis Cavilha, Gerente da Unidade Sul na Maccaferri do Brasil.<\/span><\/span><\/span><\/span><\/p>\r\n\r\n<p style=\"text-align:justify\">&nbsp;<\/p>\r\n\r\n<p style=\"text-align:justify\"><span style=\"font-size:11pt\"><span style=\"line-height:normal\"><span style=\"font-family:Calibri,sans-serif\"><span style=\"font-size:14.0pt\">O tradicional evento da Associa&ccedil;&atilde;o Brasileira de Mec&acirc;nica dos Solos e Engenharia Geot&eacute;cnica (ABMS),<b> <\/b>ocorrer&aacute; entre os dias<b> 22 a 25 de novembro de 2023<\/b>, na cidade de<b> Ponta Grossa, PR<\/b>, no Bourbon Ponta Grossa Convention Hotel. Informa&ccedil;&otilde;es e inscri&ccedil;&otilde;es, <\/span><a href=\"https:\/\/www.geosul2023.com.br\/\" style=\"color:blue; text-decoration:underline\"><span style=\"font-size:14.0pt\">acesse aqui<\/span><\/a><span style=\"font-size:14.0pt\">.<\/span><\/span><\/span><\/span><\/p>\r\n\r\n<p style=\"text-align:justify\"><span style=\"font-size:28pt\"><span style=\"font-family:Cambria,serif\"><span style=\"letter-spacing:-0.5pt\"><b><span style=\"font-size:18.0pt\"><span style=\"font-family:&quot;Calibri&quot;,sans-serif\"><span style=\"font-variant:small-caps\">Not&iacute;cias das Associadas<\/span><\/span><\/span><\/b><\/span><\/span><\/span><\/p>\r\n\r\n<p style=\"text-align:justify\"><span style=\"font-size:11pt\"><span style=\"line-height:normal\"><span style=\"font-family:Calibri,sans-serif\"><a href=\"https:\/\/www.nonwovens-industry.com\/live-from-shows\/hygienix\/2023-11-21\/andritz-showcases-machinery-technology-at-hygienix?utm_campaign=NON+Live+From+Show&amp;utm_medium=email&amp;_hsmi=283495226&amp;_hsenc=p2ANqtz-9AbgS_OogO2pX8qPsxXhUTy0r8_bC3tDULAHZoeJICVu82P2AjPVyrAVjzNPOckKKRtGY8O-u41_yopD3vUfgVRU4zQQ&amp;utm_content=283495226&amp;utm_source=hs_email\" style=\"color:blue; text-decoration:underline\"><span style=\"font-size:14.0pt\">Andritz Showcases Machinery Technology at Hygienix<\/span><\/a><\/span><\/span><\/span><\/p>\r\n\r\n<p style=\"text-align:justify\"><span style=\"font-size:11pt\"><span style=\"line-height:normal\"><span style=\"font-family:Calibri,sans-serif\"><a href=\"https:\/\/www.nonwovens-industry.com\/contents\/view_breaking-news\/2023-11-15\/freudenberg-performance-materials-announces-management-changes\/15303\" style=\"color:blue; text-decoration:underline\"><span lang=\"EN-US\" style=\"font-size:14.0pt\">Freudenberg Performance Materials Announces Management Changes<\/span><\/a><\/span><\/span><\/span><\/p>\r\n\r\n<p style=\"text-align:justify\"><span style=\"font-size:11pt\"><span style=\"line-height:normal\"><span style=\"font-family:Calibri,sans-serif\"><a href=\"https:\/\/www.coatingsworld.com\/contents\/view_breaking-news\/2023-11-20\/indorama-ventures-reports-stable-quarterly-earnings-in-3q-2023\/\" style=\"color:blue; text-decoration:underline\"><span lang=\"EN-US\" style=\"font-size:14.0pt\">Indorama Ventures Reports Stable Quarterly Earnings in 3Q 2023<\/span><\/a><\/span><\/span><\/span><\/p>\r\n\r\n<p style=\"text-align:justify\"><span style=\"font-size:11pt\"><span style=\"line-height:normal\"><span style=\"font-family:Calibri,sans-serif\"><a href=\"https:\/\/www.nonwovens-industry.com\/contents\/view_breaking-news\/2023-11-15\/suominen-shifts-to-fossil-free-electricity-in-brazil\/15303\" style=\"color:blue; text-decoration:underline\"><span lang=\"EN-US\" style=\"font-size:14.0pt\">Suominen Shifts to Fossil Free Electricity in Brazil<\/span><\/a><\/span><\/span><\/span><\/p>\r\n\r\n<p style=\"text-align:justify\">&nbsp;<\/p>\r\n\r\n<p style=\"text-align:justify\"><span style=\"font-size:11pt\"><span style=\"line-height:normal\"><span style=\"font-family:Calibri,sans-serif\"><b><span style=\"font-size:18.0pt\"><span style=\"font-variant:small-caps\">Eventos<\/span><\/span><\/b><\/span><\/span><\/span><\/p>\r\n\r\n<p style=\"text-align:justify\"><span style=\"font-size:11pt\"><span style=\"line-height:normal\"><span style=\"font-family:Calibri,sans-serif\"><b><span style=\"font-size:14.0pt\">5&ordm; F&oacute;rum de Neg&oacute;cios sobre o Novo Marco do Saneamento<\/span><\/b><span style=\"font-size:14.0pt\">, 23 de novembro de 2023, 08h30 &agrave;s 18h00, Hotel Grand Mercure Ibirapuera, Rua Sena Madureira, 1355, S&atilde;o Paulo, SP. <\/span><a href=\"https:\/\/www.conceitoseminarios.com.br\/seminario\/forum-novo-marco-saneamento\/\" style=\"color:blue; text-decoration:underline\"><span style=\"font-size:14.0pt\">Informa&ccedil;&otilde;es<\/span><\/a> <\/span><\/span><\/span><\/p>\r\n\r\n<p style=\"text-align:justify\"><span style=\"font-size:11pt\"><span style=\"line-height:normal\"><span style=\"font-family:Calibri,sans-serif\"><b><span style=\"font-size:14.0pt\">18&ordm; Tend&ecirc;ncias no Mercado da Constru&ccedil;&atilde;o<\/span><\/b><span style=\"font-size:14.0pt\">, 23 de novembro de 2023, 15h00, evento online. <\/span><a href=\"https:\/\/sobratematendencias.com.br\/programacao\" style=\"color:blue; text-decoration:underline\"><span style=\"font-size:14.0pt\">Informa&ccedil;&otilde;es<\/span><\/a> <\/span><\/span><\/span><\/p>\r\n\r\n<p style=\"text-align:justify\"><span style=\"font-size:11pt\"><span style=\"line-height:normal\"><span style=\"font-family:Calibri,sans-serif\"><b><span style=\"font-size:14.0pt\">XI F&oacute;rum Empresarial do MERCOSUL, <\/span><\/b><span style=\"font-size:14.0pt\">27 de novembro de 2023, 09h30 &agrave;s 17h30, Edif&iacute;cio Roberto Simonsen, SBN Qd. 01, Bloco C, Bras&iacute;lia, DF. <\/span><a href=\"https:\/\/www.portaldaindustria.com.br\/eventos\/pt\/edicoes\/xi-forum-empresarial-do-mercosul-xi-forum-empresar?utm_source=comext&amp;utm_medium=email&amp;utm_campaign=eventos&amp;utm_content=id00154\" style=\"color:blue; text-decoration:underline\"><span style=\"font-size:14.0pt\">Informa&ccedil;&otilde;es<\/span><\/a> <\/span><\/span><\/span><\/p>\r\n\r\n<p style=\"text-align:justify\"><span style=\"font-size:11pt\"><span style=\"line-height:normal\"><span style=\"font-family:Calibri,sans-serif\"><b><span style=\"font-size:14.0pt\">9&ordm; F&oacute;rum IEL de Inova&ccedil;&atilde;o | <\/span><\/b><b><span style=\"font-size:14.0pt\">Competitividade e Associativismo em Gest&atilde;o<\/span><\/b><span style=\"font-size:14.0pt\">, 28 de novembro de 2023, 14h00 &agrave;s 16h00, Centro de Eventos FIERGS (Sal&atilde;o de Conven&ccedil;&otilde;es), Avenida Assis Brasil, 8787, Sarandi, 91140-001, Porto Alegre, RS. <\/span><a href=\"https:\/\/9forumiel.eventize.com.br\/\" style=\"color:blue; text-decoration:underline\"><span style=\"font-size:14.0pt\">Informa&ccedil;&otilde;es<\/span><\/a> <\/span><\/span><\/span><\/p>\r\n\r\n<p style=\"text-align:justify\"><span style=\"font-size:11pt\"><span style=\"line-height:normal\"><span style=\"font-family:Calibri,sans-serif\"><b><span style=\"font-size:14.0pt\">APEX | Webs&eacute;rie Direto do Mercado | Edi&ccedil;&atilde;o Col&ocirc;mbia<\/span><\/b><span style=\"font-size:14.0pt\">, 29 de novembro de 2023, 10h &agrave;s 11h50, evento online. <\/span><a href=\"https:\/\/click.apexbrasil.com.br\/mkt\/Direto%20do%20Mercado\/Programacao_Colombia.pdf#msdynttrid=4w8Lla2I1QslP0xujMzcI7PR8hUaAntBk0zAivT3XRc\" style=\"color:blue; text-decoration:underline\"><span style=\"font-size:14.0pt\">Programa&ccedil;&atilde;o<\/span><\/a><span style=\"font-size:14.0pt\">. <\/span><a href=\"https:\/\/crm-apps.apexbrasil.com.br\/orgbdeab873\/inscricao-eventos\/evento\/webinar-direto-de-mercado-colombia\/fca8ed62-3fe3-4b70-b7d4-695987ce94a3?utm_source=EMarketing&amp;msdynttrid=cJfCgBeaAL-XHet-EBn431mCXi_hRFDe3gUSs57zUeo\" style=\"color:blue; text-decoration:underline\"><span style=\"font-size:14.0pt\">Inscri&ccedil;&otilde;es<\/span><\/a> <\/span><\/span><\/span><\/p>\r\n\r\n<p style=\"text-align:justify\"><span style=\"font-size:11pt\"><span style=\"line-height:normal\"><span style=\"font-family:Calibri,sans-serif\"><b><span style=\"font-size:14.0pt\">Industry CCUS 2023,<\/span><\/b> <span style=\"font-size:14.0pt\">29-30 November, Rotterdam, Netherlands.<\/span> <a href=\"https:\/\/fortesmedia.com\/industry-ccus-conference-2023,4,en,2,1,28.html#register\" style=\"color:blue; text-decoration:underline\"><span style=\"font-size:14.0pt\">Informa&ccedil;&otilde;es<\/span><\/a> <\/span><\/span><\/span><\/p>\r\n\r\n<p style=\"text-align:justify\"><span style=\"font-size:11pt\"><span style=\"line-height:normal\"><span style=\"font-family:Calibri,sans-serif\"><b><span style=\"font-size:14.0pt\">AESabesp | ESG: Teoria e Pr&aacute;tica no Setor de Saneamento<\/span><\/b><span style=\"font-size:14.0pt\">, 04, 06, 08 e 11 de dezembro de 2023, 14h &agrave;s 17h, online ao vivo. <\/span><a href=\"http:\/\/neopixcomunicacao.com.br\/mail\/index.php\/campaigns\/wv502xkz96fb2\/web-version\/fo094o057x77d\" style=\"color:blue; text-decoration:underline\"><span style=\"font-size:14.0pt\">Informa&ccedil;&otilde;es<\/span><\/a> <\/span><\/span><\/span><\/p>\r\n\r\n<p style=\"text-align:justify\"><span style=\"font-size:11pt\"><span style=\"line-height:normal\"><span style=\"font-family:Calibri,sans-serif\"><b><span style=\"font-size:14.0pt\">CNI\/BID | Workshop Virtual sobre Com&eacute;rcio e Meio Ambiente<\/span><\/b><span style=\"font-size:14.0pt\">, 04, 05, 06, 07 e 11 de dezembro, 10h &agrave;s 12h. <\/span><a href=\"https:\/\/iadb.us12.list-manage.com\/subscribe?u=ac44df64ebfd49bfa33c0ef9c&amp;id=89654b834d\" style=\"color:blue; text-decoration:underline\"><span style=\"font-size:14.0pt\">Inscri&ccedil;&otilde;es<\/span><\/a> <\/span><\/span><\/span><\/p>\r\n\r\n<p style=\"text-align:justify\"><span style=\"font-size:11pt\"><span style=\"line-height:normal\"><span style=\"font-family:Calibri,sans-serif\"><b><span style=\"font-size:14.0pt\">FGV IBRE | IV Semin&aacute;rio de An&aacute;lise Conjuntural<\/span><\/b><span style=\"font-size:14.0pt\">, 07 de dezembro de 2023, 10h00 &agrave;s 11h30, transmiss&atilde;o via Youtube FGV. <\/span><a href=\"https:\/\/evento.fgv.br\/analise-conjuntural_0712\/\" style=\"color:blue; text-decoration:underline\"><span style=\"font-size:14.0pt\">Inscri&ccedil;&otilde;es<\/span><\/a> <\/span><\/span><\/span><\/p>\r\n\r\n<p style=\"text-align:justify\"><span style=\"font-size:11pt\"><span style=\"line-height:normal\"><span style=\"font-family:Calibri,sans-serif\"><b><span style=\"font-size:14.0pt\">FEIPLAR COMPOSITES &amp; FEIPUR &ndash; Feira e Congresso Internacionais de Composites, Poliuretano, Pl&aacute;sticos de Engenharia e Compostos Termopl&aacute;sticos<\/span><\/b><span style=\"font-size:14.0pt\">, 20 a 22 de agosto de 2024, S&atilde;o Paulo Expo (Pavilh&atilde;o 5), palestras: das 8h30 &agrave;s 18h, feira: das 13h &agrave;s 20h.<b> <\/b><\/span><a href=\"http:\/\/www.feiplar.com\" style=\"color:blue; text-decoration:underline\"><span style=\"font-size:14.0pt\">www.feiplar.com<\/span><\/a> <\/span><\/span><\/span><\/p>\r\n\r\n<p style=\"text-align:justify\"><span style=\"font-size:28pt\"><span style=\"font-family:Cambria,serif\"><span style=\"letter-spacing:-0.5pt\"><b><span style=\"font-size:18.0pt\"><span style=\"font-family:&quot;Calibri&quot;,sans-serif\"><span style=\"font-variant:small-caps\">Setor<\/span><\/span><\/span><\/b><\/span><\/span><\/span><\/p>\r\n\r\n<p style=\"text-align:justify\"><span style=\"font-size:11pt\"><span style=\"line-height:normal\"><span style=\"font-family:Calibri,sans-serif\"><a href=\"https:\/\/portugaltextil.com\/nao-tecidos-para-a-saude-enfrentam-desafios\/\" style=\"color:blue; text-decoration:underline\"><span style=\"font-size:14.0pt\">N&atilde;otecidos para a sa&uacute;de enfrentam desafios<\/span><\/a><\/span><\/span><\/span><\/p>\r\n\r\n<p style=\"text-align:justify\"><span style=\"font-size:11pt\"><span style=\"line-height:normal\"><span style=\"font-family:Calibri,sans-serif\"><a href=\"https:\/\/www.jornaldocomercio.com\/economia\/2023\/11\/1130815-exportacoes-de-calcados-crescem-52-em-volume-em-outubro-mas-receita-cai.html\" style=\"color:blue; text-decoration:underline\"><span style=\"font-size:14.0pt\">Exporta&ccedil;&otilde;es de cal&ccedil;ados crescem 5,2% em volume em outubro, mas receita cai<\/span><\/a><\/span><\/span><\/span><\/p>\r\n\r\n<p style=\"text-align:justify\"><span style=\"font-size:11pt\"><span style=\"line-height:normal\"><span style=\"font-family:Calibri,sans-serif\"><a href=\"https:\/\/apexbrasil.com.br\/content\/apexbrasil\/br\/pt\/conteudo\/noticias\/exporta-mais-brasil--durante-a-bfshow--em-porto-alegre--79-empre.html#msdynttrid=ahh8BgtZimiq6NJ5z2YT7ePkOtTiLOnFDLbxlQofm4A\" style=\"color:blue; text-decoration:underline\"><span style=\"font-size:14.0pt\">Exporta Mais Brasil: durante a BFSHOW, em Porto Alegre, 79 empresas brasileiras de cal&ccedil;ados se reunir&atilde;o com 38 compradores internacionais para fazer neg&oacute;cios<\/span><\/a><\/span><\/span><\/span><\/p>\r\n\r\n<p style=\"text-align:justify\"><span style=\"font-size:11pt\"><span style=\"line-height:normal\"><span style=\"font-family:Calibri,sans-serif\"><a href=\"https:\/\/www.congressoabit.com.br\/noticias\/congresso-abit-enxerga-um-setor-textil-mais-integrado-nos-proximos-anos\" style=\"color:blue; text-decoration:underline\"><span style=\"font-size:14.0pt\">Congresso ABIT enxerga um setor t&ecirc;xtil mais integrado nos pr&oacute;ximos anos<\/span><\/a><\/span><\/span><\/span><\/p>\r\n\r\n<p style=\"text-align:justify\"><span style=\"font-size:11pt\"><span style=\"line-height:normal\"><span style=\"font-family:Calibri,sans-serif\"><a href=\"https:\/\/www.moveisdevalor.com.br\/portal\/parceria-entre-abimovel-e-abnt-estabelece-normas-para-moveis?source=news\" style=\"color:blue; text-decoration:underline\"><span style=\"font-size:14.0pt\">Parceria entre Abim&oacute;vel e ABNT estabelece normas para m&oacute;veis<\/span><\/a><\/span><\/span><\/span><\/p>\r\n\r\n<p style=\"text-align:justify\"><span style=\"font-size:11pt\"><span style=\"line-height:normal\"><span style=\"font-family:Calibri,sans-serif\"><a href=\"https:\/\/blogdoplastico.wordpress.com\/2023\/11\/16\/adnoc-faz-nova-oferta-para-comprar-o-controle-acionario-da-braskem\/\" style=\"color:blue; text-decoration:underline\"><span style=\"font-size:14.0pt\">ADNOC faz nova oferta para comprar o controle acion&aacute;rio da Braskem<\/span><\/a><\/span><\/span><\/span><\/p>\r\n\r\n<p style=\"text-align:justify\"><span style=\"font-size:11pt\"><span style=\"line-height:normal\"><span style=\"font-family:Calibri,sans-serif\"><a href=\"https:\/\/www.fibre2fashion.com\/news\/textile-news\/bangladesh-extends-tax-sops-for-jute-goods-manufacturers-till-fy26-291309-newsdetails.htm\" style=\"color:blue; text-decoration:underline\"><span lang=\"EN-US\" style=\"font-size:14.0pt\">Bangladesh extends tax sops for jute goods manufacturers till FY26<\/span><\/a><\/span><\/span><\/span><\/p>\r\n\r\n<p style=\"text-align:justify\"><span style=\"font-size:28pt\"><span style=\"font-family:Cambria,serif\"><span style=\"letter-spacing:-0.5pt\"><b><span style=\"font-size:18.0pt\"><span style=\"font-family:&quot;Calibri&quot;,sans-serif\"><span style=\"font-variant:small-caps\">Ind&uacute;stria<\/span><\/span><\/span><\/b><\/span><\/span><\/span><\/p>\r\n\r\n<p style=\"text-align:justify\"><span style=\"font-size:11pt\"><span style=\"line-height:normal\"><span style=\"font-family:Calibri,sans-serif\"><a href=\"https:\/\/noticias.portaldaindustria.com.br\/noticias\/inovacao-e-tecnologia\/novo-brasil-mais-produtivo-aumentara-competitividade-das-industrias-diz-presidente-da-cni\/\" style=\"color:blue; text-decoration:underline\"><span style=\"font-size:14.0pt\">Novo Brasil Mais Produtivo vai aumentar competitividade das ind&uacute;strias, diz presidente da CNI<\/span><\/a><\/span><\/span><\/span><\/p>\r\n\r\n<p style=\"text-align:justify\"><span style=\"font-size:11pt\"><span style=\"line-height:normal\"><span style=\"font-family:Calibri,sans-serif\"><a href=\"https:\/\/economia.uol.com.br\/noticias\/estadao-conteudo\/2023\/11\/15\/segmentos-defendem-desoneracao-da-folha-e-pedem-sancao-de-lula.htm\" style=\"color:blue; text-decoration:underline\"><span style=\"font-size:14.0pt\">Segmentos defendem desonera&ccedil;&atilde;o da folha e pedem san&ccedil;&atilde;o de Lula<\/span><\/a><\/span><\/span><\/span><\/p>\r\n\r\n<p style=\"text-align:justify\"><span style=\"font-size:11pt\"><span style=\"line-height:normal\"><span style=\"font-family:Calibri,sans-serif\"><a href=\"https:\/\/noticias.portaldaindustria.com.br\/noticias\/economia\/producao-industrial-de-outubro-superou-setembro-mostra-cni\/\" style=\"color:blue; text-decoration:underline\"><span style=\"font-size:14.0pt\">Produ&ccedil;&atilde;o industrial de outubro superou setembro, mostra CNI<\/span><\/a><\/span><\/span><\/span><\/p>\r\n\r\n<p style=\"text-align:justify\"><span style=\"font-size:11pt\"><span style=\"line-height:normal\"><span style=\"font-family:Calibri,sans-serif\"><a href=\"https:\/\/grandesconstrucoes.com.br\/Noticias\/Exibir\/estudo-traz-analises-tematicas-sobre-a-industria-da-construcao?utm_source=akna&amp;utm_medium=email&amp;utm_campaign=Grandes-Construcoes-Informativo-888-16-11-2023&amp;utm_source=akna&amp;utm_medium=email&amp;utm_campaign=Grandes-Construcoes-Informativo-888-16-11-2023\" style=\"color:blue; text-decoration:underline\"><span style=\"font-size:14.0pt\">Estudo traz an&aacute;lises tem&aacute;ticas sobre a ind&uacute;stria da constru&ccedil;&atilde;o no Brasil<\/span><\/a><span class=\"MsoHyperlink\" style=\"color:blue\"><span style=\"text-decoration:underline\"><span style=\"font-size:14.0pt\"><span style=\"text-decoration:none\"><span style=\"text-underline:none\"> &ndash; <\/span><\/span><\/span><\/span><\/span><a href=\"https:\/\/www.fiesp.com.br\/file-20231031140905-120-rdif-construbusiness-2023r03ebook-low\/\" style=\"color:blue; text-decoration:underline\"><span style=\"font-size:14.0pt\">acesse aqui a &iacute;ntegra do Estudo<\/span><\/a><\/span><\/span><\/span><\/p>\r\n\r\n<p style=\"text-align:justify\"><span style=\"font-size:28pt\"><span style=\"font-family:Cambria,serif\"><span style=\"letter-spacing:-0.5pt\"><b><span lang=\"EN-US\" style=\"font-size:18.0pt\"><span style=\"font-family:&quot;Calibri&quot;,sans-serif\"><span style=\"font-variant:small-caps\">Sustentabilidade<\/span><\/span><\/span><\/b><\/span><\/span><\/span><\/p>\r\n\r\n<p style=\"text-align:justify\"><span style=\"font-size:11pt\"><span style=\"line-height:normal\"><span style=\"font-family:Calibri,sans-serif\"><a href=\"https:\/\/phys.org\/news\/2023-11-myths-plastic-pollution.html?utm_source=nwletter&amp;utm_medium=email&amp;utm_campaign=daily-nwletter\" style=\"color:blue; text-decoration:underline\"><span lang=\"EN-US\" style=\"font-size:14.0pt\">Myths about plastic pollution are leading to public confusion: Here&#39;s why<\/span><\/a><\/span><\/span><\/span><\/p>\r\n\r\n<p style=\"text-align:justify\"><span style=\"font-size:11pt\"><span style=\"line-height:normal\"><span style=\"font-family:Calibri,sans-serif\"><a href=\"https:\/\/www.msn.com\/pt-br\/noticias\/ciencia\/canudo-de-papel-%C3%A9-realmente-melhor-que-o-de-pl%C3%A1stico-o-impacto-de-cada-um-segundo-a-ci%C3%AAncia\/ar-AA1k9IXP?ocid=socialshare&amp;pc=ASTS&amp;cvid=7a6481a02a1d4417932091b9c411992b&amp;ei=20\" style=\"color:blue; text-decoration:underline\"><span style=\"font-size:14.0pt\">Canudo de papel &eacute; realmente melhor que o de pl&aacute;stico? O impacto de cada um, segundo a Ci&ecirc;ncia<\/span><\/a><\/span><\/span><\/span><\/p>\r\n\r\n<p style=\"text-align:justify\"><span style=\"font-size:11pt\"><span style=\"line-height:normal\"><span style=\"font-family:Calibri,sans-serif\"><a href=\"https:\/\/www.inovacaotecnologica.com.br\/noticias\/noticia.php?artigo=paradoxo-plasticos-tecnologias-limpeza-fazem-mais-mal-bem&amp;id=010125231114&amp;ebol=sim\" style=\"color:blue; text-decoration:underline\"><span style=\"font-size:14.0pt\">Paradoxo dos pl&aacute;sticos: Quando tecnologias de limpeza fazem mais mal que bem<\/span><\/a><\/span><\/span><\/span><\/p>\r\n\r\n<p style=\"text-align:justify\"><span style=\"font-size:11pt\"><span style=\"line-height:normal\"><span style=\"font-family:Calibri,sans-serif\"><a href=\"https:\/\/www.abiplast.org.br\/noticias\/reciclagem-do-plastico-pos-consumo-cresce-461-no-sul-do-brasil-aponta-pesquisa-do-picplast\/\" style=\"color:blue; text-decoration:underline\"><span style=\"font-size:14.0pt\">Reciclagem do pl&aacute;stico p&oacute;s-consumo cresce 46,1% no sul do brasil, aponta pesquisa do Picplast<\/span><\/a><\/span><\/span><\/span><\/p>\r\n\r\n<p style=\"text-align:justify\"><span style=\"font-size:11pt\"><span style=\"line-height:normal\"><span style=\"font-family:Calibri,sans-serif\"><a href=\"https:\/\/epbr.com.br\/transformar-oleo-e-gas-em-viloes-nao-resolve-problema-das-emissoes-diz-ceo-da-exxon\/?utm_source=newsletters+epbr&amp;utm_campaign=15f972af0c-epbr-comece-seu-dia_20230724_COPY_01&amp;utm_medium=email&amp;utm_term=0_5931171aac-15f972af0c-466362780\" style=\"color:blue; text-decoration:underline\"><span style=\"font-size:14.0pt\">Transformar &oacute;leo e g&aacute;s em vil&otilde;es n&atilde;o resolve problema das emiss&otilde;es, diz CEO da Exxon<\/span><\/a><\/span><\/span><\/span><\/p>\r\n\r\n<p style=\"text-align:justify\"><span style=\"font-size:11pt\"><span style=\"line-height:normal\"><span style=\"font-family:Calibri,sans-serif\"><a href=\"https:\/\/revistagalileu.globo.com\/sociedade\/noticia\/2023\/11\/46percent-das-moradias-no-brasil-tem-algum-tipo-de-privacao-de-saneamento-basico.ghtml\" style=\"color:blue; text-decoration:underline\"><span style=\"font-size:14.0pt\">Saneamento: 46% das moradias no Brasil t&ecirc;m algum tipo de priva&ccedil;&atilde;o de saneamento b&aacute;sico<\/span><\/a><\/span><\/span><\/span><\/p>\r\n\r\n<p style=\"text-align:justify\"><span style=\"font-size:11pt\"><span style=\"line-height:normal\"><span style=\"font-family:Calibri,sans-serif\"><a href=\"https:\/\/blogdoplastico.wordpress.com\/2023\/11\/16\/premio-plastico-sul-reconhece-os-destaques-de-2023-em-inovacao-e-sustentabilidade-2\/\" style=\"color:blue; text-decoration:underline\"><span style=\"font-size:14.0pt\">Pr&ecirc;mio Pl&aacute;stico Sul reconhece os destaques de 2023 em inova&ccedil;&atilde;o e sustentabilidade<\/span><\/a><\/span><\/span><\/span><\/p>\r\n\r\n<p style=\"text-align:justify\"><span style=\"font-size:11pt\"><span style=\"line-height:normal\"><span style=\"font-family:Calibri,sans-serif\"><a href=\"https:\/\/textilevaluechain.in\/news-insights\/embracing-sustainability-the-textile-industrys-transformation-in-india\/\" style=\"color:blue; text-decoration:underline\"><span lang=\"EN-US\" style=\"font-size:14.0pt\">Embracing sustainability: the textile industry&rsquo;s transformation in &Iacute;ndia<\/span><\/a><\/span><\/span><\/span><\/p>\r\n\r\n<p style=\"text-align:justify\"><span style=\"font-size:11pt\"><span style=\"line-height:normal\"><span style=\"font-family:Calibri,sans-serif\"><a href=\"https:\/\/indiantextilejournal.com\/tai-mumbai-to-organise-conference-on-sustainability-and-circularity\/\" style=\"color:blue; text-decoration:underline\"><span lang=\"EN-US\" style=\"font-size:14.0pt\">TAI Mumbai to organise conference on sustainability and circularity<\/span><\/a><\/span><\/span><\/span><\/p>\r\n\r\n<p style=\"text-align:justify\"><span style=\"font-size:11pt\"><span style=\"line-height:normal\"><span style=\"font-family:Calibri,sans-serif\"><a href=\"https:\/\/epbr.com.br\/veolia-e-braskem-inauguram-usina-de-biomassa-que-alimentara-producao-de-pvc-em-alagoas\/\" style=\"color:blue; text-decoration:underline\"><span style=\"font-size:14.0pt\">Veolia e Braskem inauguram usina de biomassa que alimentar&aacute; produ&ccedil;&atilde;o de PVC em Alagoas<\/span><\/a><\/span><\/span><\/span><\/p>\r\n\r\n<p style=\"text-align:justify\"><span style=\"font-size:28pt\"><span style=\"font-family:Cambria,serif\"><span style=\"letter-spacing:-0.5pt\"><b><span style=\"font-size:18.0pt\"><span style=\"font-family:&quot;Calibri&quot;,sans-serif\"><span style=\"font-variant:small-caps\">Inova&ccedil;&atilde;o<\/span><\/span><\/span><\/b><\/span><\/span><\/span><\/p>\r\n\r\n<p style=\"text-align:justify\"><span style=\"font-size:11pt\"><span style=\"line-height:normal\"><span style=\"font-family:Calibri,sans-serif\"><a href=\"https:\/\/neofeed.com.br\/inovacao\/startup-cria-tecido-que-pode-ser-reciclado-para-sempre-e-nao-e-exagero\/\" style=\"color:blue; text-decoration:underline\"><span style=\"font-size:14.0pt\">Startup cria tecido que pode ser reciclado para sempre (e n&atilde;o &eacute; exagero)<\/span><\/a><\/span><\/span><\/span><\/p>\r\n\r\n<p style=\"text-align:justify\"><span style=\"font-size:11pt\"><span style=\"line-height:normal\"><span style=\"font-family:Calibri,sans-serif\"><a href=\"https:\/\/phys.org\/news\/2023-11-chemist-plastic-alternatives-proteins-scraps.html?utm_source=nwletter&amp;utm_medium=email&amp;utm_campaign=daily-nwletter\" style=\"color:blue; text-decoration:underline\"><span lang=\"EN-US\" style=\"font-size:14.0pt\">Chemist unlocks plastic alternatives using proteins and clothing scraps<\/span><\/a><\/span><\/span><\/span><\/p>\r\n\r\n<p style=\"text-align:justify\"><span style=\"font-size:28pt\"><span style=\"font-family:Cambria,serif\"><span style=\"letter-spacing:-0.5pt\"><b><span style=\"font-size:18.0pt\"><span style=\"font-family:&quot;Calibri&quot;,sans-serif\"><span style=\"font-variant:small-caps\">Com&eacute;rcio Exterior<\/span><\/span><\/span><\/b><\/span><\/span><\/span><\/p>\r\n\r\n<p style=\"text-align:justify\"><span style=\"font-size:11pt\"><span style=\"line-height:normal\"><span style=\"font-family:Calibri,sans-serif\"><a href=\"https:\/\/www.gov.br\/mdic\/pt-br\/assuntos\/noticias\/2023\/novembro\/novas-regras-fortalecem-combate-ao-comercio-desleal\" style=\"color:blue; text-decoration:underline\"><span style=\"font-size:14.0pt\">Novas regras fortalecem combate ao com&eacute;rcio desleal<\/span><\/a><\/span><\/span><\/span><\/p>\r\n\r\n<p style=\"text-align:justify\"><span style=\"font-size:11pt\"><span style=\"line-height:normal\"><span style=\"font-family:Calibri,sans-serif\"><a href=\"https:\/\/www.gov.br\/mdic\/pt-br\/assuntos\/noticias\/2023\/novembro\/missao-do-mdic-para-suica-china-e-coreia-do-sul-busca-oportunidades-de-negocios-para-o-brasil\" style=\"color:blue; text-decoration:underline\"><span style=\"font-size:14.0pt\">Miss&atilde;o do MDIC para Su&iacute;&ccedil;a, China e Coreia do Sul busca oportunidades de neg&oacute;cios para o Brasil<\/span><\/a><\/span><\/span><\/span><\/p>\r\n\r\n<p style=\"text-align:justify\"><span style=\"font-size:11pt\"><span style=\"line-height:normal\"><span style=\"font-family:Calibri,sans-serif\"><a href=\"https:\/\/braexp.com.br\/plataforma-brasil-exportacao-web-summit\/\" style=\"color:blue; text-decoration:underline\"><span style=\"font-size:14.0pt\">Nova plataforma digital para facilitar exporta&ccedil;&otilde;es<\/span><\/a><\/span><\/span><\/span><\/p>\r\n\r\n<p style=\"text-align:justify\"><span style=\"font-size:11pt\"><span style=\"line-height:normal\"><span style=\"font-family:Calibri,sans-serif\"><a href=\"https:\/\/g1.globo.com\/economia\/noticia\/2023\/11\/20\/javier-milei-como-o-novo-presidente-deve-lidar-com-a-crise-economica-da-argentina.ghtml\" style=\"color:blue; text-decoration:underline\"><span style=\"font-size:14.0pt\">Javier Milei: como o novo presidente deve lidar com a crise econ&ocirc;mica da Argentina<\/span><\/a><\/span><\/span><\/span><\/p>\r\n\r\n<p style=\"text-align:justify\"><span style=\"font-size:11pt\"><span style=\"line-height:normal\"><span style=\"font-family:Calibri,sans-serif\"><a href=\"https:\/\/apexbrasil.com.br\/br\/pt\/conteudo\/noticias\/Pacto-Global-da-ONU-lanca-acao-coletiva-para-o-combate-a-corrupcao-nas-organizacoes.html#msdynttrid=L6yoTBDsKBSfbjYVUzjtijATqhTZgxTWNZhBnx1zTmc\" style=\"color:blue; text-decoration:underline\"><span style=\"font-size:14.0pt\">Pacto Global da ONU lan&ccedil;a a&ccedil;&atilde;o coletiva anticorrup&ccedil;&atilde;o<\/span><\/a><\/span><\/span><\/span><\/p>\r\n\r\n<p style=\"text-align:justify\"><span style=\"font-size:28pt\"><span style=\"font-family:Cambria,serif\"><span style=\"letter-spacing:-0.5pt\"><b><span style=\"font-size:18.0pt\"><span style=\"font-family:&quot;Calibri&quot;,sans-serif\"><span style=\"font-variant:small-caps\">Economia<\/span><\/span><\/span><\/b><\/span><\/span><\/span><\/p>\r\n\r\n<p style=\"text-align:justify\"><span style=\"font-size:11pt\"><span style=\"line-height:normal\"><span style=\"font-family:Calibri,sans-serif\"><a href=\"https:\/\/www.bcb.gov.br\/content\/focus\/focus\/R20231117.pdf\" style=\"color:blue; text-decoration:underline\"><span style=\"font-size:14.0pt\">Focus &ndash; Relat&oacute;rio de Mercado<\/span><\/a><\/span><\/span><\/span><\/p>\r\n\r\n<p style=\"text-align:justify\"><span style=\"font-size:11pt\"><span style=\"line-height:normal\"><span style=\"font-family:Calibri,sans-serif\"><a href=\"https:\/\/portalibre.fgv.br\/noticias\/monitor-do-pib-fgv-aponta-estagnacao-da-atividade-economica-no-terceiro-trimestre\" style=\"color:blue; text-decoration:underline\"><span style=\"font-size:14.0pt\">Monitor do PIB-FGV aponta estagna&ccedil;&atilde;o da atividade econ&ocirc;mica no terceiro trimestre<\/span><\/a><\/span><\/span><\/span><\/p>\r\n\r\n<p style=\"text-align:justify\"><span style=\"font-size:11pt\"><span style=\"line-height:normal\"><span style=\"font-family:Calibri,sans-serif\"><a href=\"https:\/\/agenciabrasil.ebc.com.br\/economia\/noticia\/2023-11\/fazenda-reduz-previsao-oficial-de-crescimento-do-pib-para-3\" style=\"color:blue; text-decoration:underline\"><span style=\"font-size:14.0pt\">Fazenda reduz previs&atilde;o oficial de crescimento do PIB para 3%<\/span><\/a><\/span><\/span><\/span><\/p>\r\n\r\n<p style=\"text-align:justify\"><span style=\"font-size:11pt\"><span style=\"line-height:normal\"><span style=\"font-family:Calibri,sans-serif\"><a href=\"https:\/\/www.infomoney.com.br\/politica\/reforma-tributaria-tera-3-etapas-na-transicao-e-migracao-completa-levara-50-anos-entenda\/\" style=\"color:blue; text-decoration:underline\"><span style=\"font-size:14.0pt\">Reforma tribut&aacute;ria ter&aacute; 3 etapas na transi&ccedil;&atilde;o, e migra&ccedil;&atilde;o completa levar&aacute; 50 anos; entenda<\/span><\/a><\/span><\/span><\/span><\/p>\r\n\r\n<p style=\"text-align:justify\"><span style=\"font-size:11pt\"><span style=\"line-height:normal\"><span style=\"font-family:Calibri,sans-serif\"><a href=\"https:\/\/ibre.fgv.br\/blog-da-conjuntura-economica\/artigos\/em-foco-125\" style=\"color:blue; text-decoration:underline\"><span style=\"font-size:14.0pt\">Desafios para zerar o d&eacute;ficit<\/span><\/a><\/span><\/span><\/span><\/p>\r\n\r\n<p style=\"text-align:justify\"><span style=\"font-size:11pt\"><span style=\"line-height:normal\"><span style=\"font-family:Calibri,sans-serif\"><a href=\"https:\/\/mercadoeconsumo.com.br\/20\/11\/2023\/artigos\/para-repensar-os-impactos-que-vem-da-china-na-economia-no-consumo-e-varejo-2\/?utm_campaign=news_2011_-_geral&amp;utm_medium=email&amp;utm_source=RD+Station&amp;cn-reloaded=1\" style=\"color:blue; text-decoration:underline\"><span style=\"font-size:14.0pt\">Para repensar os impactos que v&ecirc;m da China na economia, no consumo e varejo<\/span><\/a><\/span><\/span><\/span><\/p>\r\n\r\n<p style=\"text-align:justify\"><span style=\"font-size:11pt\"><span style=\"line-height:normal\"><span style=\"font-family:Calibri,sans-serif\"><a href=\"https:\/\/www.reuters.com\/markets\/europe\/euro-zone-q3-gdp-shrinks-employment-rises-2023-11-14\/\" style=\"color:blue; text-decoration:underline\"><span lang=\"EN-US\" style=\"font-size:14.0pt\">Euro zone Q3 GDP shrinks, but employment rises<\/span><\/a><\/span><\/span><\/span><\/p>\r\n","6":"<p style=\"text-align:justify\"><span style=\"font-size:11pt\"><span style=\"line-height:normal\"><span style=\"font-family:Calibri,sans-serif\"><span style=\"font-size:14.0pt\">Esta &eacute; uma compila&ccedil;&atilde;o das not&iacute;cias mais relevantes para o setor, incluindo informa&ccedil;&otilde;es sobre acordos internacionais, economia brasileira, sustentabilidade e mat&eacute;rias primas, al&eacute;m de novidades do setor de N&atilde;otecidos e Tecidos T&eacute;cnicos.<\/span><\/span><\/span><\/span><\/p>\r\n\r\n<p style=\"text-align:justify\"><span style=\"font-size:28pt\"><span style=\"font-family:Cambria,serif\"><span style=\"letter-spacing:-0.5pt\"><b><span style=\"font-size:18.0pt\"><span style=\"font-family:&quot;Calibri&quot;,sans-serif\"><span style=\"font-variant:small-caps\">A&ccedil;&otilde;es realizadas<\/span><\/span><\/span><\/b><\/span><\/span><\/span><\/p>\r\n\r\n<p style=\"text-align:justify\"><img src=\"https:\/\/www.abint.org.br\/assets\/img\/editor\/logo-ctg-abint-png_20231123165134xMsDmrOMOR.png\" style=\"width: 200px; height: 37px;\" \/><\/p>\r\n\r\n<p style=\"text-align:justify\"><img src=\"https:\/\/www.abint.org.br\/assets\/img\/editor\/37o-anpet-foto-painel-evento_20231123165237AJkds7xGK9.jpg\" style=\"width: 500px; height: 333px;\" \/><img src=\"https:\/\/www.abint.org.br\/assets\/img\/editor\/37o-anpet-foto-auditorio-evento_2023112316525535xnt4SXHP.jpg\" style=\"width: 500px; height: 333px;\" \/><\/p>\r\n\r\n<p style=\"text-align:justify\"><span style=\"font-size:11pt\"><span style=\"line-height:normal\"><span style=\"font-family:Calibri,sans-serif\"><span style=\"font-size:14.0pt\">O <b>CTG ABINT patrocinou o 37&ordm; ANPET<\/b> &ndash; Congresso de Pesquisa e Ensino em Transporte, que aconteceu de 06 a 10 de novembro de 2023, no Bourbon Santos Convention Hotel, Santos, SP. O evento, realizado por A Associa&ccedil;&atilde;o Nacional de Pesquisa e Ensino em Transportes (ANPET), a Universidade de S&atilde;o Paulo (USP), a Universidade Estadual de Campinas (UNICAMP) e a Universidade Estadual Paulista &quot;J&uacute;lio de Mesquita Filho&quot; (UNESP), reuniu especialistas e profissionais do setor de transportes para debater sobre os principais temas da &aacute;rea.<\/span><\/span><\/span><\/span><\/p>\r\n\r\n<p style=\"text-align:justify\">&nbsp;<\/p>\r\n\r\n<p style=\"text-align:justify\"><img src=\"https:\/\/www.abint.org.br\/assets\/img\/editor\/cth-logo-alta-jpg_20231123165410uLLtQYozeS.jpg\" style=\"width: 200px; height: 46px;\" \/><\/p>\r\n\r\n<p style=\"text-align:justify\"><img src=\"https:\/\/www.abint.org.br\/assets\/img\/editor\/16o-congresso-sobecc-anadona_20231123165516leQdtyNGEJ.jpg\" style=\"width: 500px; height: 333px;\" \/><img src=\"https:\/\/www.abint.org.br\/assets\/img\/editor\/16o-congresso-sobecc-betel-2_20231123165543mtL1csCDRK.jpg\" style=\"width: 500px; height: 333px;\" \/><\/p>\r\n\r\n<p style=\"text-align:justify\"><img src=\"https:\/\/www.abint.org.br\/assets\/img\/editor\/16o-congresso-sobecc-lifesaver1_20231123165619NdpO60YHUq.jpg\" style=\"width: 500px; height: 333px;\" \/><img src=\"https:\/\/www.abint.org.br\/assets\/img\/editor\/16o-congresso-sobecc-venkuri_20231123165647o94uGBvYVF.jpg\" style=\"width: 500px; height: 333px;\" \/><\/p>\r\n\r\n<p style=\"text-align:justify\"><img src=\"https:\/\/www.abint.org.br\/assets\/img\/editor\/16o-congresso-sobecc-fotos-associadas-7_20231123165733DWLpt41GMv.jpg\" style=\"width: 333px; height: 500px;\" \/><\/p>\r\n\r\n<p style=\"text-align:justify\"><span style=\"font-size:11pt\"><span style=\"line-height:normal\"><span style=\"font-family:Calibri,sans-serif\"><span style=\"font-size:14.0pt\">O <b>CTH ABINT participou do 16&ordm; Congresso SOBECC<\/b>, que aconteceu dias 07 a 10 de novembro de 2023, no Centro de Conven&ccedil;&otilde;es, Distrito Anhembi, com a palestra <b>&ldquo;Fiapos, coisas t&atilde;o pequenas ... Potencial de complica&ccedil;&atilde;o cir&uacute;rgica t&atilde;o grande!&rdquo;<\/b>, <b>ministrada pela especialista Dra. <\/b><\/span><b><span lang=\"EN-US\" style=\"font-size:14.0pt\">Wava Truscott, PhD MBA<\/span><\/b><span lang=\"EN-US\" style=\"font-size:14.0pt\">, President of Truscott MedSci Associates, LLC.<\/span><\/span><\/span><\/span><\/p>\r\n\r\n<p style=\"text-align:justify\"><span style=\"font-size:11pt\"><span style=\"line-height:normal\"><span style=\"font-family:Calibri,sans-serif\"><a href=\"https:\/\/sobecc.org.br\/news\/confira-os-destaques-do-16o-congresso-brasileiro-de-enfermagem-da-sobecc-que-aconteceu-de-7-a-10-11\/655\" style=\"color:blue; text-decoration:underline\"><span style=\"font-size:14.0pt\">Confira os destaques do 16&ordm; Congresso Brasileiro de Enfermagem da SOBECC, que aconteceu de 7 a 10\/11<\/span><\/a><\/span><\/span><\/span><\/p>\r\n\r\n<p style=\"text-align:justify\">&nbsp;<\/p>\r\n\r\n<p style=\"text-align:justify\"><img src=\"https:\/\/www.abint.org.br\/assets\/img\/editor\/16o-congresso-sobecc-dexcar_20231123165919kPXI3TP8vt.jpeg\" style=\"width: 500px; height: 375px;\" \/><img src=\"https:\/\/www.abint.org.br\/assets\/img\/editor\/16o-congresso-sobecc-protdesc-1_20231123170159jqmY7Xy9xg.jpg\" style=\"width: 500px; height: 333px;\" \/><\/p>\r\n\r\n<p style=\"text-align:justify\"><img src=\"https:\/\/www.abint.org.br\/assets\/img\/editor\/16o-congresso-sobecc-pion-g_20231123170217fghM6FlWCT.jpg\" \/><\/p>\r\n\r\n<p style=\"text-align:justify\"><span style=\"font-size:28pt\"><span style=\"font-family:Cambria,serif\"><span style=\"letter-spacing:-0.5pt\"><b><span style=\"font-size:18.0pt\"><span style=\"font-family:&quot;Calibri&quot;,sans-serif\"><span style=\"font-variant:small-caps\">O que vem por a&iacute;<\/span><\/span><\/span><\/b><\/span><\/span><\/span><\/p>\r\n\r\n<p style=\"text-align:justify\"><img src=\"https:\/\/www.abint.org.br\/assets\/img\/editor\/logo-ctg-abint-jpg-pequeno_20231123170310KfCKEUKKwu.jpg\" \/><\/p>\r\n\r\n<p style=\"text-align:justify\"><img src=\"https:\/\/www.abint.org.br\/assets\/img\/editor\/20231122-geosul-2023-logo_20231123170348yZ6OB6uHfi.png\" \/><\/p>\r\n\r\n<p style=\"text-align:justify\"><span style=\"font-size:11pt\"><span style=\"line-height:normal\"><span style=\"font-family:Calibri,sans-serif\"><span style=\"font-size:14.0pt\">O <b>CTG ABINT participar&aacute; tamb&eacute;m do XIII Simp&oacute;sio de Pr&aacute;tica de Engenharia Geot&eacute;cnica da Regi&atilde;o Sul (GEOSUL<\/b>), com o minicurso &ldquo;<b>A utiliza&ccedil;&atilde;o de geossint&eacute;ticos em solu&ccedil;&otilde;es para muros de conten&ccedil;&atilde;o e solos de baixa capacidade de suporte<\/b>&rdquo;, que ser&aacute; ministrado pelo Eng. Ramon Luis Cavilha, Gerente da Unidade Sul na Maccaferri do Brasil.<\/span><\/span><\/span><\/span><\/p>\r\n\r\n<p style=\"text-align:justify\">&nbsp;<\/p>\r\n\r\n<p style=\"text-align:justify\"><span style=\"font-size:11pt\"><span style=\"line-height:normal\"><span style=\"font-family:Calibri,sans-serif\"><span style=\"font-size:14.0pt\">O tradicional evento da Associa&ccedil;&atilde;o Brasileira de Mec&acirc;nica dos Solos e Engenharia Geot&eacute;cnica (ABMS),<b> <\/b>ocorrer&aacute; entre os dias<b> 22 a 25 de novembro de 2023<\/b>, na cidade de<b> Ponta Grossa, PR<\/b>, no Bourbon Ponta Grossa Convention Hotel. Informa&ccedil;&otilde;es e inscri&ccedil;&otilde;es, <\/span><a href=\"https:\/\/www.geosul2023.com.br\/\" style=\"color:blue; text-decoration:underline\"><span style=\"font-size:14.0pt\">acesse aqui<\/span><\/a><span style=\"font-size:14.0pt\">.<\/span><\/span><\/span><\/span><\/p>\r\n\r\n<p style=\"text-align:justify\"><span style=\"font-size:28pt\"><span style=\"font-family:Cambria,serif\"><span style=\"letter-spacing:-0.5pt\"><b><span style=\"font-size:18.0pt\"><span style=\"font-family:&quot;Calibri&quot;,sans-serif\"><span style=\"font-variant:small-caps\">Not&iacute;cias das Associadas<\/span><\/span><\/span><\/b><\/span><\/span><\/span><\/p>\r\n\r\n<p style=\"text-align:justify\"><span style=\"font-size:11pt\"><span style=\"line-height:normal\"><span style=\"font-family:Calibri,sans-serif\"><a href=\"https:\/\/www.nonwovens-industry.com\/live-from-shows\/hygienix\/2023-11-21\/andritz-showcases-machinery-technology-at-hygienix?utm_campaign=NON+Live+From+Show&amp;utm_medium=email&amp;_hsmi=283495226&amp;_hsenc=p2ANqtz-9AbgS_OogO2pX8qPsxXhUTy0r8_bC3tDULAHZoeJICVu82P2AjPVyrAVjzNPOckKKRtGY8O-u41_yopD3vUfgVRU4zQQ&amp;utm_content=283495226&amp;utm_source=hs_email\" style=\"color:blue; text-decoration:underline\"><span style=\"font-size:14.0pt\">Andritz Showcases Machinery Technology at Hygienix<\/span><\/a><\/span><\/span><\/span><\/p>\r\n\r\n<p style=\"text-align:justify\"><span style=\"font-size:11pt\"><span style=\"line-height:normal\"><span style=\"font-family:Calibri,sans-serif\"><a href=\"https:\/\/www.nonwovens-industry.com\/contents\/view_breaking-news\/2023-11-15\/freudenberg-performance-materials-announces-management-changes\/15303\" style=\"color:blue; text-decoration:underline\"><span lang=\"EN-US\" style=\"font-size:14.0pt\">Freudenberg Performance Materials Announces Management Changes<\/span><\/a><\/span><\/span><\/span><\/p>\r\n\r\n<p style=\"text-align:justify\"><span style=\"font-size:11pt\"><span style=\"line-height:normal\"><span style=\"font-family:Calibri,sans-serif\"><a href=\"https:\/\/www.coatingsworld.com\/contents\/view_breaking-news\/2023-11-20\/indorama-ventures-reports-stable-quarterly-earnings-in-3q-2023\/\" style=\"color:blue; text-decoration:underline\"><span lang=\"EN-US\" style=\"font-size:14.0pt\">Indorama Ventures Reports Stable Quarterly Earnings in 3Q 2023<\/span><\/a><\/span><\/span><\/span><\/p>\r\n\r\n<p style=\"text-align:justify\"><span style=\"font-size:11pt\"><span style=\"line-height:normal\"><span style=\"font-family:Calibri,sans-serif\"><a href=\"https:\/\/www.nonwovens-industry.com\/contents\/view_breaking-news\/2023-11-15\/suominen-shifts-to-fossil-free-electricity-in-brazil\/15303\" style=\"color:blue; text-decoration:underline\"><span lang=\"EN-US\" style=\"font-size:14.0pt\">Suominen Shifts to Fossil Free Electricity in Brazil<\/span><\/a><\/span><\/span><\/span><\/p>\r\n\r\n<p style=\"text-align:justify\">&nbsp;<\/p>\r\n\r\n<p style=\"text-align:justify\"><span style=\"font-size:11pt\"><span style=\"line-height:normal\"><span style=\"font-family:Calibri,sans-serif\"><b><span style=\"font-size:18.0pt\"><span style=\"font-variant:small-caps\">Eventos<\/span><\/span><\/b><\/span><\/span><\/span><\/p>\r\n\r\n<p style=\"text-align:justify\"><span style=\"font-size:11pt\"><span style=\"line-height:normal\"><span style=\"font-family:Calibri,sans-serif\"><b><span style=\"font-size:14.0pt\">5&ordm; F&oacute;rum de Neg&oacute;cios sobre o Novo Marco do Saneamento<\/span><\/b><span style=\"font-size:14.0pt\">, 23 de novembro de 2023, 08h30 &agrave;s 18h00, Hotel Grand Mercure Ibirapuera, Rua Sena Madureira, 1355, S&atilde;o Paulo, SP. <\/span><a href=\"https:\/\/www.conceitoseminarios.com.br\/seminario\/forum-novo-marco-saneamento\/\" style=\"color:blue; text-decoration:underline\"><span style=\"font-size:14.0pt\">Informa&ccedil;&otilde;es<\/span><\/a> <\/span><\/span><\/span><\/p>\r\n\r\n<p style=\"text-align:justify\"><span style=\"font-size:11pt\"><span style=\"line-height:normal\"><span style=\"font-family:Calibri,sans-serif\"><b><span style=\"font-size:14.0pt\">18&ordm; Tend&ecirc;ncias no Mercado da Constru&ccedil;&atilde;o<\/span><\/b><span style=\"font-size:14.0pt\">, 23 de novembro de 2023, 15h00, evento online. <\/span><a href=\"https:\/\/sobratematendencias.com.br\/programacao\" style=\"color:blue; text-decoration:underline\"><span style=\"font-size:14.0pt\">Informa&ccedil;&otilde;es<\/span><\/a> <\/span><\/span><\/span><\/p>\r\n\r\n<p style=\"text-align:justify\"><span style=\"font-size:11pt\"><span style=\"line-height:normal\"><span style=\"font-family:Calibri,sans-serif\"><b><span style=\"font-size:14.0pt\">XI F&oacute;rum Empresarial do MERCOSUL, <\/span><\/b><span style=\"font-size:14.0pt\">27 de novembro de 2023, 09h30 &agrave;s 17h30, Edif&iacute;cio Roberto Simonsen, SBN Qd. 01, Bloco C, Bras&iacute;lia, DF. <\/span><a href=\"https:\/\/www.portaldaindustria.com.br\/eventos\/pt\/edicoes\/xi-forum-empresarial-do-mercosul-xi-forum-empresar?utm_source=comext&amp;utm_medium=email&amp;utm_campaign=eventos&amp;utm_content=id00154\" style=\"color:blue; text-decoration:underline\"><span style=\"font-size:14.0pt\">Informa&ccedil;&otilde;es<\/span><\/a> <\/span><\/span><\/span><\/p>\r\n\r\n<p style=\"text-align:justify\"><span style=\"font-size:11pt\"><span style=\"line-height:normal\"><span style=\"font-family:Calibri,sans-serif\"><b><span style=\"font-size:14.0pt\">9&ordm; F&oacute;rum IEL de Inova&ccedil;&atilde;o | <\/span><\/b><b><span style=\"font-size:14.0pt\">Competitividade e Associativismo em Gest&atilde;o<\/span><\/b><span style=\"font-size:14.0pt\">, 28 de novembro de 2023, 14h00 &agrave;s 16h00, Centro de Eventos FIERGS (Sal&atilde;o de Conven&ccedil;&otilde;es), Avenida Assis Brasil, 8787, Sarandi, 91140-001, Porto Alegre, RS. <\/span><a href=\"https:\/\/9forumiel.eventize.com.br\/\" style=\"color:blue; text-decoration:underline\"><span style=\"font-size:14.0pt\">Informa&ccedil;&otilde;es<\/span><\/a> <\/span><\/span><\/span><\/p>\r\n\r\n<p style=\"text-align:justify\"><span style=\"font-size:11pt\"><span style=\"line-height:normal\"><span style=\"font-family:Calibri,sans-serif\"><b><span style=\"font-size:14.0pt\">APEX | Webs&eacute;rie Direto do Mercado | Edi&ccedil;&atilde;o Col&ocirc;mbia<\/span><\/b><span style=\"font-size:14.0pt\">, 29 de novembro de 2023, 10h &agrave;s 11h50, evento online. <\/span><a href=\"https:\/\/click.apexbrasil.com.br\/mkt\/Direto%20do%20Mercado\/Programacao_Colombia.pdf#msdynttrid=4w8Lla2I1QslP0xujMzcI7PR8hUaAntBk0zAivT3XRc\" style=\"color:blue; text-decoration:underline\"><span style=\"font-size:14.0pt\">Programa&ccedil;&atilde;o<\/span><\/a><span style=\"font-size:14.0pt\">. <\/span><a href=\"https:\/\/crm-apps.apexbrasil.com.br\/orgbdeab873\/inscricao-eventos\/evento\/webinar-direto-de-mercado-colombia\/fca8ed62-3fe3-4b70-b7d4-695987ce94a3?utm_source=EMarketing&amp;msdynttrid=cJfCgBeaAL-XHet-EBn431mCXi_hRFDe3gUSs57zUeo\" style=\"color:blue; text-decoration:underline\"><span style=\"font-size:14.0pt\">Inscri&ccedil;&otilde;es<\/span><\/a> <\/span><\/span><\/span><\/p>\r\n\r\n<p style=\"text-align:justify\"><span style=\"font-size:11pt\"><span style=\"line-height:normal\"><span style=\"font-family:Calibri,sans-serif\"><b><span style=\"font-size:14.0pt\">Industry CCUS 2023,<\/span><\/b> <span style=\"font-size:14.0pt\">29-30 November, Rotterdam, Netherlands.<\/span> <a href=\"https:\/\/fortesmedia.com\/industry-ccus-conference-2023,4,en,2,1,28.html#register\" style=\"color:blue; text-decoration:underline\"><span style=\"font-size:14.0pt\">Informa&ccedil;&otilde;es<\/span><\/a> <\/span><\/span><\/span><\/p>\r\n\r\n<p style=\"text-align:justify\"><span style=\"font-size:11pt\"><span style=\"line-height:normal\"><span style=\"font-family:Calibri,sans-serif\"><b><span style=\"font-size:14.0pt\">AESabesp | ESG: Teoria e Pr&aacute;tica no Setor de Saneamento<\/span><\/b><span style=\"font-size:14.0pt\">, 04, 06, 08 e 11 de dezembro de 2023, 14h &agrave;s 17h, online ao vivo. <\/span><a href=\"http:\/\/neopixcomunicacao.com.br\/mail\/index.php\/campaigns\/wv502xkz96fb2\/web-version\/fo094o057x77d\" style=\"color:blue; text-decoration:underline\"><span style=\"font-size:14.0pt\">Informa&ccedil;&otilde;es<\/span><\/a> <\/span><\/span><\/span><\/p>\r\n\r\n<p style=\"text-align:justify\"><span style=\"font-size:11pt\"><span style=\"line-height:normal\"><span style=\"font-family:Calibri,sans-serif\"><b><span style=\"font-size:14.0pt\">CNI\/BID | Workshop Virtual sobre Com&eacute;rcio e Meio Ambiente<\/span><\/b><span style=\"font-size:14.0pt\">, 04, 05, 06, 07 e 11 de dezembro, 10h &agrave;s 12h. <\/span><a href=\"https:\/\/iadb.us12.list-manage.com\/subscribe?u=ac44df64ebfd49bfa33c0ef9c&amp;id=89654b834d\" style=\"color:blue; text-decoration:underline\"><span style=\"font-size:14.0pt\">Inscri&ccedil;&otilde;es<\/span><\/a> <\/span><\/span><\/span><\/p>\r\n\r\n<p style=\"text-align:justify\"><span style=\"font-size:11pt\"><span style=\"line-height:normal\"><span style=\"font-family:Calibri,sans-serif\"><b><span style=\"font-size:14.0pt\">FGV IBRE | IV Semin&aacute;rio de An&aacute;lise Conjuntural<\/span><\/b><span style=\"font-size:14.0pt\">, 07 de dezembro de 2023, 10h00 &agrave;s 11h30, transmiss&atilde;o via Youtube FGV. <\/span><a href=\"https:\/\/evento.fgv.br\/analise-conjuntural_0712\/\" style=\"color:blue; text-decoration:underline\"><span style=\"font-size:14.0pt\">Inscri&ccedil;&otilde;es<\/span><\/a> <\/span><\/span><\/span><\/p>\r\n\r\n<p style=\"text-align:justify\"><span style=\"font-size:11pt\"><span style=\"line-height:normal\"><span style=\"font-family:Calibri,sans-serif\"><b><span style=\"font-size:14.0pt\">FEIPLAR COMPOSITES &amp; FEIPUR &ndash; Feira e Congresso Internacionais de Composites, Poliuretano, Pl&aacute;sticos de Engenharia e Compostos Termopl&aacute;sticos<\/span><\/b><span style=\"font-size:14.0pt\">, 20 a 22 de agosto de 2024, S&atilde;o Paulo Expo (Pavilh&atilde;o 5), palestras: das 8h30 &agrave;s 18h, feira: das 13h &agrave;s 20h.<b> <\/b><\/span><a href=\"http:\/\/www.feiplar.com\" style=\"color:blue; text-decoration:underline\"><span style=\"font-size:14.0pt\">www.feiplar.com<\/span><\/a> <\/span><\/span><\/span><\/p>\r\n\r\n<p style=\"text-align:justify\"><span style=\"font-size:28pt\"><span style=\"font-family:Cambria,serif\"><span style=\"letter-spacing:-0.5pt\"><b><span style=\"font-size:18.0pt\"><span style=\"font-family:&quot;Calibri&quot;,sans-serif\"><span style=\"font-variant:small-caps\">Setor<\/span><\/span><\/span><\/b><\/span><\/span><\/span><\/p>\r\n\r\n<p style=\"text-align:justify\"><span style=\"font-size:11pt\"><span style=\"line-height:normal\"><span style=\"font-family:Calibri,sans-serif\"><a href=\"https:\/\/portugaltextil.com\/nao-tecidos-para-a-saude-enfrentam-desafios\/\" style=\"color:blue; text-decoration:underline\"><span style=\"font-size:14.0pt\">N&atilde;otecidos para a sa&uacute;de enfrentam desafios<\/span><\/a><\/span><\/span><\/span><\/p>\r\n\r\n<p style=\"text-align:justify\"><span style=\"font-size:11pt\"><span style=\"line-height:normal\"><span style=\"font-family:Calibri,sans-serif\"><a href=\"https:\/\/www.jornaldocomercio.com\/economia\/2023\/11\/1130815-exportacoes-de-calcados-crescem-52-em-volume-em-outubro-mas-receita-cai.html\" style=\"color:blue; text-decoration:underline\"><span style=\"font-size:14.0pt\">Exporta&ccedil;&otilde;es de cal&ccedil;ados crescem 5,2% em volume em outubro, mas receita cai<\/span><\/a><\/span><\/span><\/span><\/p>\r\n\r\n<p style=\"text-align:justify\"><span style=\"font-size:11pt\"><span style=\"line-height:normal\"><span style=\"font-family:Calibri,sans-serif\"><a href=\"https:\/\/apexbrasil.com.br\/content\/apexbrasil\/br\/pt\/conteudo\/noticias\/exporta-mais-brasil--durante-a-bfshow--em-porto-alegre--79-empre.html#msdynttrid=ahh8BgtZimiq6NJ5z2YT7ePkOtTiLOnFDLbxlQofm4A\" style=\"color:blue; text-decoration:underline\"><span style=\"font-size:14.0pt\">Exporta Mais Brasil: durante a BFSHOW, em Porto Alegre, 79 empresas brasileiras de cal&ccedil;ados se reunir&atilde;o com 38 compradores internacionais para fazer neg&oacute;cios<\/span><\/a><\/span><\/span><\/span><\/p>\r\n\r\n<p style=\"text-align:justify\"><span style=\"font-size:11pt\"><span style=\"line-height:normal\"><span style=\"font-family:Calibri,sans-serif\"><a href=\"https:\/\/www.congressoabit.com.br\/noticias\/congresso-abit-enxerga-um-setor-textil-mais-integrado-nos-proximos-anos\" style=\"color:blue; text-decoration:underline\"><span style=\"font-size:14.0pt\">Congresso ABIT enxerga um setor t&ecirc;xtil mais integrado nos pr&oacute;ximos anos<\/span><\/a><\/span><\/span><\/span><\/p>\r\n\r\n<p style=\"text-align:justify\"><span style=\"font-size:11pt\"><span style=\"line-height:normal\"><span style=\"font-family:Calibri,sans-serif\"><a href=\"https:\/\/www.moveisdevalor.com.br\/portal\/parceria-entre-abimovel-e-abnt-estabelece-normas-para-moveis?source=news\" style=\"color:blue; text-decoration:underline\"><span style=\"font-size:14.0pt\">Parceria entre Abim&oacute;vel e ABNT estabelece normas para m&oacute;veis<\/span><\/a><\/span><\/span><\/span><\/p>\r\n\r\n<p style=\"text-align:justify\"><span style=\"font-size:11pt\"><span style=\"line-height:normal\"><span style=\"font-family:Calibri,sans-serif\"><a href=\"https:\/\/blogdoplastico.wordpress.com\/2023\/11\/16\/adnoc-faz-nova-oferta-para-comprar-o-controle-acionario-da-braskem\/\" style=\"color:blue; text-decoration:underline\"><span style=\"font-size:14.0pt\">ADNOC faz nova oferta para comprar o controle acion&aacute;rio da Braskem<\/span><\/a><\/span><\/span><\/span><\/p>\r\n\r\n<p style=\"text-align:justify\"><span style=\"font-size:11pt\"><span style=\"line-height:normal\"><span style=\"font-family:Calibri,sans-serif\"><a href=\"https:\/\/www.fibre2fashion.com\/news\/textile-news\/bangladesh-extends-tax-sops-for-jute-goods-manufacturers-till-fy26-291309-newsdetails.htm\" style=\"color:blue; text-decoration:underline\"><span lang=\"EN-US\" style=\"font-size:14.0pt\">Bangladesh extends tax sops for jute goods manufacturers till FY26<\/span><\/a><\/span><\/span><\/span><\/p>\r\n\r\n<p style=\"text-align:justify\"><span style=\"font-size:28pt\"><span style=\"font-family:Cambria,serif\"><span style=\"letter-spacing:-0.5pt\"><b><span style=\"font-size:18.0pt\"><span style=\"font-family:&quot;Calibri&quot;,sans-serif\"><span style=\"font-variant:small-caps\">Ind&uacute;stria<\/span><\/span><\/span><\/b><\/span><\/span><\/span><\/p>\r\n\r\n<p style=\"text-align:justify\"><span style=\"font-size:11pt\"><span style=\"line-height:normal\"><span style=\"font-family:Calibri,sans-serif\"><a href=\"https:\/\/noticias.portaldaindustria.com.br\/noticias\/inovacao-e-tecnologia\/novo-brasil-mais-produtivo-aumentara-competitividade-das-industrias-diz-presidente-da-cni\/\" style=\"color:blue; text-decoration:underline\"><span style=\"font-size:14.0pt\">Novo Brasil Mais Produtivo vai aumentar competitividade das ind&uacute;strias, diz presidente da CNI<\/span><\/a><\/span><\/span><\/span><\/p>\r\n\r\n<p style=\"text-align:justify\"><span style=\"font-size:11pt\"><span style=\"line-height:normal\"><span style=\"font-family:Calibri,sans-serif\"><a href=\"https:\/\/economia.uol.com.br\/noticias\/estadao-conteudo\/2023\/11\/15\/segmentos-defendem-desoneracao-da-folha-e-pedem-sancao-de-lula.htm\" style=\"color:blue; text-decoration:underline\"><span style=\"font-size:14.0pt\">Segmentos defendem desonera&ccedil;&atilde;o da folha e pedem san&ccedil;&atilde;o de Lula<\/span><\/a><\/span><\/span><\/span><\/p>\r\n\r\n<p style=\"text-align:justify\"><span style=\"font-size:11pt\"><span style=\"line-height:normal\"><span style=\"font-family:Calibri,sans-serif\"><a href=\"https:\/\/noticias.portaldaindustria.com.br\/noticias\/economia\/producao-industrial-de-outubro-superou-setembro-mostra-cni\/\" style=\"color:blue; text-decoration:underline\"><span style=\"font-size:14.0pt\">Produ&ccedil;&atilde;o industrial de outubro superou setembro, mostra CNI<\/span><\/a><\/span><\/span><\/span><\/p>\r\n\r\n<p style=\"text-align:justify\"><span style=\"font-size:11pt\"><span style=\"line-height:normal\"><span style=\"font-family:Calibri,sans-serif\"><a href=\"https:\/\/grandesconstrucoes.com.br\/Noticias\/Exibir\/estudo-traz-analises-tematicas-sobre-a-industria-da-construcao?utm_source=akna&amp;utm_medium=email&amp;utm_campaign=Grandes-Construcoes-Informativo-888-16-11-2023&amp;utm_source=akna&amp;utm_medium=email&amp;utm_campaign=Grandes-Construcoes-Informativo-888-16-11-2023\" style=\"color:blue; text-decoration:underline\"><span style=\"font-size:14.0pt\">Estudo traz an&aacute;lises tem&aacute;ticas sobre a ind&uacute;stria da constru&ccedil;&atilde;o no Brasil<\/span><\/a><span class=\"MsoHyperlink\" style=\"color:blue\"><span style=\"text-decoration:underline\"><span style=\"font-size:14.0pt\"><span style=\"text-decoration:none\"><span style=\"text-underline:none\"> &ndash; <\/span><\/span><\/span><\/span><\/span><a href=\"https:\/\/www.fiesp.com.br\/file-20231031140905-120-rdif-construbusiness-2023r03ebook-low\/\" style=\"color:blue; text-decoration:underline\"><span style=\"font-size:14.0pt\">acesse aqui a &iacute;ntegra do Estudo<\/span><\/a><\/span><\/span><\/span><\/p>\r\n\r\n<p style=\"text-align:justify\"><span style=\"font-size:28pt\"><span style=\"font-family:Cambria,serif\"><span style=\"letter-spacing:-0.5pt\"><b><span lang=\"EN-US\" style=\"font-size:18.0pt\"><span style=\"font-family:&quot;Calibri&quot;,sans-serif\"><span style=\"font-variant:small-caps\">Sustentabilidade<\/span><\/span><\/span><\/b><\/span><\/span><\/span><\/p>\r\n\r\n<p style=\"text-align:justify\"><span style=\"font-size:11pt\"><span style=\"line-height:normal\"><span style=\"font-family:Calibri,sans-serif\"><a href=\"https:\/\/phys.org\/news\/2023-11-myths-plastic-pollution.html?utm_source=nwletter&amp;utm_medium=email&amp;utm_campaign=daily-nwletter\" style=\"color:blue; text-decoration:underline\"><span lang=\"EN-US\" style=\"font-size:14.0pt\">Myths about plastic pollution are leading to public confusion: Here&#39;s why<\/span><\/a><\/span><\/span><\/span><\/p>\r\n\r\n<p style=\"text-align:justify\"><span style=\"font-size:11pt\"><span style=\"line-height:normal\"><span style=\"font-family:Calibri,sans-serif\"><a href=\"https:\/\/www.msn.com\/pt-br\/noticias\/ciencia\/canudo-de-papel-%C3%A9-realmente-melhor-que-o-de-pl%C3%A1stico-o-impacto-de-cada-um-segundo-a-ci%C3%AAncia\/ar-AA1k9IXP?ocid=socialshare&amp;pc=ASTS&amp;cvid=7a6481a02a1d4417932091b9c411992b&amp;ei=20\" style=\"color:blue; text-decoration:underline\"><span style=\"font-size:14.0pt\">Canudo de papel &eacute; realmente melhor que o de pl&aacute;stico? O impacto de cada um, segundo a Ci&ecirc;ncia<\/span><\/a><\/span><\/span><\/span><\/p>\r\n\r\n<p style=\"text-align:justify\"><span style=\"font-size:11pt\"><span style=\"line-height:normal\"><span style=\"font-family:Calibri,sans-serif\"><a href=\"https:\/\/www.inovacaotecnologica.com.br\/noticias\/noticia.php?artigo=paradoxo-plasticos-tecnologias-limpeza-fazem-mais-mal-bem&amp;id=010125231114&amp;ebol=sim\" style=\"color:blue; text-decoration:underline\"><span style=\"font-size:14.0pt\">Paradoxo dos pl&aacute;sticos: Quando tecnologias de limpeza fazem mais mal que bem<\/span><\/a><\/span><\/span><\/span><\/p>\r\n\r\n<p style=\"text-align:justify\"><span style=\"font-size:11pt\"><span style=\"line-height:normal\"><span style=\"font-family:Calibri,sans-serif\"><a href=\"https:\/\/www.abiplast.org.br\/noticias\/reciclagem-do-plastico-pos-consumo-cresce-461-no-sul-do-brasil-aponta-pesquisa-do-picplast\/\" style=\"color:blue; text-decoration:underline\"><span style=\"font-size:14.0pt\">Reciclagem do pl&aacute;stico p&oacute;s-consumo cresce 46,1% no sul do brasil, aponta pesquisa do Picplast<\/span><\/a><\/span><\/span><\/span><\/p>\r\n\r\n<p style=\"text-align:justify\"><span style=\"font-size:11pt\"><span style=\"line-height:normal\"><span style=\"font-family:Calibri,sans-serif\"><a href=\"https:\/\/epbr.com.br\/transformar-oleo-e-gas-em-viloes-nao-resolve-problema-das-emissoes-diz-ceo-da-exxon\/?utm_source=newsletters+epbr&amp;utm_campaign=15f972af0c-epbr-comece-seu-dia_20230724_COPY_01&amp;utm_medium=email&amp;utm_term=0_5931171aac-15f972af0c-466362780\" style=\"color:blue; text-decoration:underline\"><span style=\"font-size:14.0pt\">Transformar &oacute;leo e g&aacute;s em vil&otilde;es n&atilde;o resolve problema das emiss&otilde;es, diz CEO da Exxon<\/span><\/a><\/span><\/span><\/span><\/p>\r\n\r\n<p style=\"text-align:justify\"><span style=\"font-size:11pt\"><span style=\"line-height:normal\"><span style=\"font-family:Calibri,sans-serif\"><a href=\"https:\/\/revistagalileu.globo.com\/sociedade\/noticia\/2023\/11\/46percent-das-moradias-no-brasil-tem-algum-tipo-de-privacao-de-saneamento-basico.ghtml\" style=\"color:blue; text-decoration:underline\"><span style=\"font-size:14.0pt\">Saneamento: 46% das moradias no Brasil t&ecirc;m algum tipo de priva&ccedil;&atilde;o de saneamento b&aacute;sico<\/span><\/a><\/span><\/span><\/span><\/p>\r\n\r\n<p style=\"text-align:justify\"><span style=\"font-size:11pt\"><span style=\"line-height:normal\"><span style=\"font-family:Calibri,sans-serif\"><a href=\"https:\/\/blogdoplastico.wordpress.com\/2023\/11\/16\/premio-plastico-sul-reconhece-os-destaques-de-2023-em-inovacao-e-sustentabilidade-2\/\" style=\"color:blue; text-decoration:underline\"><span style=\"font-size:14.0pt\">Pr&ecirc;mio Pl&aacute;stico Sul reconhece os destaques de 2023 em inova&ccedil;&atilde;o e sustentabilidade<\/span><\/a><\/span><\/span><\/span><\/p>\r\n\r\n<p style=\"text-align:justify\"><span style=\"font-size:11pt\"><span style=\"line-height:normal\"><span style=\"font-family:Calibri,sans-serif\"><a href=\"https:\/\/textilevaluechain.in\/news-insights\/embracing-sustainability-the-textile-industrys-transformation-in-india\/\" style=\"color:blue; text-decoration:underline\"><span lang=\"EN-US\" style=\"font-size:14.0pt\">Embracing sustainability: the textile industry&rsquo;s transformation in &Iacute;ndia<\/span><\/a><\/span><\/span><\/span><\/p>\r\n\r\n<p style=\"text-align:justify\"><span style=\"font-size:11pt\"><span style=\"line-height:normal\"><span style=\"font-family:Calibri,sans-serif\"><a href=\"https:\/\/indiantextilejournal.com\/tai-mumbai-to-organise-conference-on-sustainability-and-circularity\/\" style=\"color:blue; text-decoration:underline\"><span lang=\"EN-US\" style=\"font-size:14.0pt\">TAI Mumbai to organise conference on sustainability and circularity<\/span><\/a><\/span><\/span><\/span><\/p>\r\n\r\n<p style=\"text-align:justify\"><span style=\"font-size:11pt\"><span style=\"line-height:normal\"><span style=\"font-family:Calibri,sans-serif\"><a href=\"https:\/\/epbr.com.br\/veolia-e-braskem-inauguram-usina-de-biomassa-que-alimentara-producao-de-pvc-em-alagoas\/\" style=\"color:blue; text-decoration:underline\"><span style=\"font-size:14.0pt\">Veolia e Braskem inauguram usina de biomassa que alimentar&aacute; produ&ccedil;&atilde;o de PVC em Alagoas<\/span><\/a><\/span><\/span><\/span><\/p>\r\n\r\n<p style=\"text-align:justify\"><span style=\"font-size:28pt\"><span style=\"font-family:Cambria,serif\"><span style=\"letter-spacing:-0.5pt\"><b><span style=\"font-size:18.0pt\"><span style=\"font-family:&quot;Calibri&quot;,sans-serif\"><span style=\"font-variant:small-caps\">Inova&ccedil;&atilde;o<\/span><\/span><\/span><\/b><\/span><\/span><\/span><\/p>\r\n\r\n<p style=\"text-align:justify\"><span style=\"font-size:11pt\"><span style=\"line-height:normal\"><span style=\"font-family:Calibri,sans-serif\"><a href=\"https:\/\/neofeed.com.br\/inovacao\/startup-cria-tecido-que-pode-ser-reciclado-para-sempre-e-nao-e-exagero\/\" style=\"color:blue; text-decoration:underline\"><span style=\"font-size:14.0pt\">Startup cria tecido que pode ser reciclado para sempre (e n&atilde;o &eacute; exagero)<\/span><\/a><\/span><\/span><\/span><\/p>\r\n\r\n<p style=\"text-align:justify\"><span style=\"font-size:11pt\"><span style=\"line-height:normal\"><span style=\"font-family:Calibri,sans-serif\"><a href=\"https:\/\/phys.org\/news\/2023-11-chemist-plastic-alternatives-proteins-scraps.html?utm_source=nwletter&amp;utm_medium=email&amp;utm_campaign=daily-nwletter\" style=\"color:blue; text-decoration:underline\"><span lang=\"EN-US\" style=\"font-size:14.0pt\">Chemist unlocks plastic alternatives using proteins and clothing scraps<\/span><\/a><\/span><\/span><\/span><\/p>\r\n\r\n<p style=\"text-align:justify\"><span style=\"font-size:28pt\"><span style=\"font-family:Cambria,serif\"><span style=\"letter-spacing:-0.5pt\"><b><span style=\"font-size:18.0pt\"><span style=\"font-family:&quot;Calibri&quot;,sans-serif\"><span style=\"font-variant:small-caps\">Com&eacute;rcio Exterior<\/span><\/span><\/span><\/b><\/span><\/span><\/span><\/p>\r\n\r\n<p style=\"text-align:justify\"><span style=\"font-size:11pt\"><span style=\"line-height:normal\"><span style=\"font-family:Calibri,sans-serif\"><a href=\"https:\/\/www.gov.br\/mdic\/pt-br\/assuntos\/noticias\/2023\/novembro\/novas-regras-fortalecem-combate-ao-comercio-desleal\" style=\"color:blue; text-decoration:underline\"><span style=\"font-size:14.0pt\">Novas regras fortalecem combate ao com&eacute;rcio desleal<\/span><\/a><\/span><\/span><\/span><\/p>\r\n\r\n<p style=\"text-align:justify\"><span style=\"font-size:11pt\"><span style=\"line-height:normal\"><span style=\"font-family:Calibri,sans-serif\"><a href=\"https:\/\/www.gov.br\/mdic\/pt-br\/assuntos\/noticias\/2023\/novembro\/missao-do-mdic-para-suica-china-e-coreia-do-sul-busca-oportunidades-de-negocios-para-o-brasil\" style=\"color:blue; text-decoration:underline\"><span style=\"font-size:14.0pt\">Miss&atilde;o do MDIC para Su&iacute;&ccedil;a, China e Coreia do Sul busca oportunidades de neg&oacute;cios para o Brasil<\/span><\/a><\/span><\/span><\/span><\/p>\r\n\r\n<p style=\"text-align:justify\"><span style=\"font-size:11pt\"><span style=\"line-height:normal\"><span style=\"font-family:Calibri,sans-serif\"><a href=\"https:\/\/braexp.com.br\/plataforma-brasil-exportacao-web-summit\/\" style=\"color:blue; text-decoration:underline\"><span style=\"font-size:14.0pt\">Nova plataforma digital para facilitar exporta&ccedil;&otilde;es<\/span><\/a><\/span><\/span><\/span><\/p>\r\n\r\n<p style=\"text-align:justify\"><span style=\"font-size:11pt\"><span style=\"line-height:normal\"><span style=\"font-family:Calibri,sans-serif\"><a href=\"https:\/\/g1.globo.com\/economia\/noticia\/2023\/11\/20\/javier-milei-como-o-novo-presidente-deve-lidar-com-a-crise-economica-da-argentina.ghtml\" style=\"color:blue; text-decoration:underline\"><span style=\"font-size:14.0pt\">Javier Milei: como o novo presidente deve lidar com a crise econ&ocirc;mica da Argentina<\/span><\/a><\/span><\/span><\/span><\/p>\r\n\r\n<p style=\"text-align:justify\"><span style=\"font-size:11pt\"><span style=\"line-height:normal\"><span style=\"font-family:Calibri,sans-serif\"><a href=\"https:\/\/apexbrasil.com.br\/br\/pt\/conteudo\/noticias\/Pacto-Global-da-ONU-lanca-acao-coletiva-para-o-combate-a-corrupcao-nas-organizacoes.html#msdynttrid=L6yoTBDsKBSfbjYVUzjtijATqhTZgxTWNZhBnx1zTmc\" style=\"color:blue; text-decoration:underline\"><span style=\"font-size:14.0pt\">Pacto Global da ONU lan&ccedil;a a&ccedil;&atilde;o coletiva anticorrup&ccedil;&atilde;o<\/span><\/a><\/span><\/span><\/span><\/p>\r\n\r\n<p style=\"text-align:justify\"><span style=\"font-size:28pt\"><span style=\"font-family:Cambria,serif\"><span style=\"letter-spacing:-0.5pt\"><b><span style=\"font-size:18.0pt\"><span style=\"font-family:&quot;Calibri&quot;,sans-serif\"><span style=\"font-variant:small-caps\">Economia<\/span><\/span><\/span><\/b><\/span><\/span><\/span><\/p>\r\n\r\n<p style=\"text-align:justify\"><span style=\"font-size:11pt\"><span style=\"line-height:normal\"><span style=\"font-family:Calibri,sans-serif\"><a href=\"https:\/\/www.bcb.gov.br\/content\/focus\/focus\/R20231117.pdf\" style=\"color:blue; text-decoration:underline\"><span style=\"font-size:14.0pt\">Focus &ndash; Relat&oacute;rio de Mercado<\/span><\/a><\/span><\/span><\/span><\/p>\r\n\r\n<p style=\"text-align:justify\"><span style=\"font-size:11pt\"><span style=\"line-height:normal\"><span style=\"font-family:Calibri,sans-serif\"><a href=\"https:\/\/portalibre.fgv.br\/noticias\/monitor-do-pib-fgv-aponta-estagnacao-da-atividade-economica-no-terceiro-trimestre\" style=\"color:blue; text-decoration:underline\"><span style=\"font-size:14.0pt\">Monitor do PIB-FGV aponta estagna&ccedil;&atilde;o da atividade econ&ocirc;mica no terceiro trimestre<\/span><\/a><\/span><\/span><\/span><\/p>\r\n\r\n<p style=\"text-align:justify\"><span style=\"font-size:11pt\"><span style=\"line-height:normal\"><span style=\"font-family:Calibri,sans-serif\"><a href=\"https:\/\/agenciabrasil.ebc.com.br\/economia\/noticia\/2023-11\/fazenda-reduz-previsao-oficial-de-crescimento-do-pib-para-3\" style=\"color:blue; text-decoration:underline\"><span style=\"font-size:14.0pt\">Fazenda reduz previs&atilde;o oficial de crescimento do PIB para 3%<\/span><\/a><\/span><\/span><\/span><\/p>\r\n\r\n<p style=\"text-align:justify\"><span style=\"font-size:11pt\"><span style=\"line-height:normal\"><span style=\"font-family:Calibri,sans-serif\"><a href=\"https:\/\/www.infomoney.com.br\/politica\/reforma-tributaria-tera-3-etapas-na-transicao-e-migracao-completa-levara-50-anos-entenda\/\" style=\"color:blue; text-decoration:underline\"><span style=\"font-size:14.0pt\">Reforma tribut&aacute;ria ter&aacute; 3 etapas na transi&ccedil;&atilde;o, e migra&ccedil;&atilde;o completa levar&aacute; 50 anos; entenda<\/span><\/a><\/span><\/span><\/span><\/p>\r\n\r\n<p style=\"text-align:justify\"><span style=\"font-size:11pt\"><span style=\"line-height:normal\"><span style=\"font-family:Calibri,sans-serif\"><a href=\"https:\/\/ibre.fgv.br\/blog-da-conjuntura-economica\/artigos\/em-foco-125\" style=\"color:blue; text-decoration:underline\"><span style=\"font-size:14.0pt\">Desafios para zerar o d&eacute;ficit<\/span><\/a><\/span><\/span><\/span><\/p>\r\n\r\n<p style=\"text-align:justify\"><span style=\"font-size:11pt\"><span style=\"line-height:normal\"><span style=\"font-family:Calibri,sans-serif\"><a href=\"https:\/\/mercadoeconsumo.com.br\/20\/11\/2023\/artigos\/para-repensar-os-impactos-que-vem-da-china-na-economia-no-consumo-e-varejo-2\/?utm_campaign=news_2011_-_geral&amp;utm_medium=email&amp;utm_source=RD+Station&amp;cn-reloaded=1\" style=\"color:blue; text-decoration:underline\"><span style=\"font-size:14.0pt\">Para repensar os impactos que v&ecirc;m da China na economia, no consumo e varejo<\/span><\/a><\/span><\/span><\/span><\/p>\r\n\r\n<p style=\"text-align:justify\"><span style=\"font-size:11pt\"><span style=\"line-height:normal\"><span style=\"font-family:Calibri,sans-serif\"><a href=\"https:\/\/www.reuters.com\/markets\/europe\/euro-zone-q3-gdp-shrinks-employment-rises-2023-11-14\/\" style=\"color:blue; text-decoration:underline\"><span lang=\"EN-US\" style=\"font-size:14.0pt\">Euro zone Q3 GDP shrinks, but employment rises<\/span><\/a><\/span><\/span><\/span><\/p>\r\n","texto_en":"","7":"","imagem":"COMP_banner-padrao-home-destaques-boletim-2023_202311231707377UZoi3Tdau.jpeg","8":"COMP_banner-padrao-home-destaques-boletim-2023_202311231707377UZoi3Tdau.jpeg","arquivo":"20231121-BOLETIM-ABINT-DE-NOTICIAS-SEMANAIS.PDF","9":"20231121-BOLETIM-ABINT-DE-NOTICIAS-SEMANAIS.PDF","titulo_arquivo":"20231121 Boletim ABINT de Not\u00edcias Semanais","10":"20231121 Boletim ABINT de Not\u00edcias Semanais","titulo_arquivo_en":"","11":"","created_at":"2023-11-23 17:07:46","12":"2023-11-23 17:07:46","updated_at":"2023-11-23 17:07:46","13":"2023-11-23 17:07:46"},{"id":91,"0":91,"ordem":132,"1":132,"data":"2023-11-14","2":"2023-11-14","slug":"boletim-abint-de-noticias-semanais-6","3":"boletim-abint-de-noticias-semanais-6","titulo":"Boletim ABINT de Not\u00edcias Semanais","4":"Boletim ABINT de Not\u00edcias Semanais","titulo_en":"","5":"","texto":"<p style=\"text-align:justify\"><span style=\"font-size:11pt\"><span style=\"line-height:normal\"><span style=\"font-family:Calibri,sans-serif\"><span style=\"font-size:14.0pt\">Esta &eacute; uma compila&ccedil;&atilde;o das not&iacute;cias mais relevantes para o setor, incluindo informa&ccedil;&otilde;es sobre acordos internacionais, economia brasileira, sustentabilidade e mat&eacute;rias primas, al&eacute;m de novidades do setor de N&atilde;otecidos e Tecidos T&eacute;cnicos.<\/span><\/span><\/span><\/span><\/p>\r\n\r\n<p style=\"text-align:justify\"><span style=\"font-size:28pt\"><span style=\"font-family:Cambria,serif\"><span style=\"letter-spacing:-0.5pt\"><b><span style=\"font-size:18.0pt\"><span style=\"font-family:&quot;Calibri&quot;,sans-serif\"><span style=\"font-variant:small-caps\">A&ccedil;&otilde;es realizadas<\/span><\/span><\/span><\/b><\/span><\/span><\/span><\/p>\r\n\r\n<p style=\"text-align:justify\"><img src=\"https:\/\/www.abint.org.br\/assets\/img\/editor\/abint-logo-2020-g_20231114134556RYgmJWnNen.png\" style=\"width: 150px; height: 34px;\" \/><\/p>\r\n\r\n<p style=\"text-align:justify\"><span style=\"font-size:11pt\"><span style=\"line-height:normal\"><span style=\"font-family:Calibri,sans-serif\"><a href=\"https:\/\/gazetadasemana.com.br\/noticia\/142139\/cth-abint-marcara-presenca-no-16--congresso-brasileiro-de-enfermagem-da-sobecc\" style=\"color:blue; text-decoration:underline\"><span style=\"font-size:14.0pt\">De 07 a 10 de novembro, CTH ABINT marcou presen&ccedil;a no 16&ordm; Congresso Brasileiro de Enfermagem da SOBECC<\/span><\/a><\/span><\/span><\/span><\/p>\r\n\r\n<p style=\"text-align:justify\"><span style=\"font-size:28pt\"><span style=\"font-family:Cambria,serif\"><span style=\"letter-spacing:-0.5pt\"><b><span style=\"font-size:18.0pt\"><span style=\"font-family:&quot;Calibri&quot;,sans-serif\"><span style=\"font-variant:small-caps\">O que vem por a&iacute;<\/span><\/span><\/span><\/b><\/span><\/span><\/span><\/p>\r\n\r\n<p style=\"text-align:justify\"><img src=\"https:\/\/www.abint.org.br\/assets\/img\/editor\/abint-logo-2020-p_20231114134716l2H3JrBjUb.png\" style=\"width: 150px; height: 34px;\" \/><\/p>\r\n\r\n<p><img src=\"https:\/\/www.abint.org.br\/assets\/img\/editor\/post-quadrado-curso-naotecido_20231109175952kKbtJNL9wr.jpg\" style=\"width: 500px; height: 500px;\" \/><\/p>\r\n\r\n<p><a href=\"https:\/\/forms.gle\/E5bZXpiNh7wZ9kcQ6\"><b>Informa&ccedil;&otilde;es e inscri&ccedil;&otilde;es<\/b><\/a><\/p>\r\n\r\n<p>&nbsp;<\/p>\r\n\r\n<p><b><img src=\"https:\/\/www.abint.org.br\/assets\/img\/editor\/logo-ctg-abint-png_20231114134930EiC9LvidUC.png\" style=\"width: 150px; height: 28px;\" \/><\/b><\/p>\r\n\r\n<p><img src=\"https:\/\/www.abint.org.br\/assets\/img\/editor\/20231122-geosul-2023-logo_20231017125749mcr7Arn2je.png\" \/><\/p>\r\n\r\n<p>&nbsp;<\/p>\r\n\r\n<p>O&nbsp;<b>CTG ABINT participar&aacute; tamb&eacute;m do XIII Simp&oacute;sio de Pr&aacute;tica de Engenharia Geot&eacute;cnica da Regi&atilde;o Sul (GEOSUL<\/b>), com o minicurso &ldquo;<b>A utiliza&ccedil;&atilde;o de geossint&eacute;ticos em solu&ccedil;&otilde;es para muros de conten&ccedil;&atilde;o e solos de baixa capacidade de suporte<\/b>&rdquo;, que ser&aacute; ministrado pelo Eng. Ramon Luis Cavilha, Gerente da Unidade Sul na Maccaferri do Brasil.<\/p>\r\n\r\n<p>O tradicional evento da Associa&ccedil;&atilde;o Brasileira de Mec&acirc;nica dos Solos e Engenharia Geot&eacute;cnica (ABMS),<b>&nbsp;<\/b>ocorrer&aacute; entre os dias<b>&nbsp;22 a 25 de novembro de 2023<\/b>, na cidade de<b>&nbsp;Ponta Grossa, PR<\/b>, no Bourbon Ponta Grossa Convention Hotel.<\/p>\r\n\r\n<p>Informa&ccedil;&otilde;es e inscri&ccedil;&otilde;es,&nbsp;<a href=\"https:\/\/www.geosul2023.com.br\/\">acesse aqui<\/a>.<\/p>\r\n\r\n<p style=\"text-align:justify\"><span style=\"font-size:28pt\"><span style=\"font-family:Cambria,serif\"><span style=\"letter-spacing:-0.5pt\"><b><span lang=\"EN-US\" style=\"font-size:18.0pt\"><span style=\"font-family:&quot;Calibri&quot;,sans-serif\"><span style=\"font-variant:small-caps\">Not&iacute;cias das Associadas<\/span><\/span><\/span><\/b><\/span><\/span><\/span><\/p>\r\n\r\n<p style=\"text-align:justify\"><span style=\"font-size:11pt\"><span style=\"line-height:normal\"><span style=\"font-family:Calibri,sans-serif\"><a href=\"https:\/\/www.technicaltextile.net\/news\/net-sales-of-finnish-firm-suominen-corporation-at-euro-106-4-mn-in-q3-fy23-291137.html\" style=\"color:blue; text-decoration:underline\"><span lang=\"EN-US\" style=\"font-size:14.0pt\">Net sales of Finnish firm Suominen Corporation at &euro;106.4 mn in Q3 FY23<\/span><\/a><\/span><\/span><\/span><\/p>\r\n\r\n<p style=\"text-align:justify\">&nbsp;<\/p>\r\n\r\n<p style=\"text-align:justify\"><span style=\"font-size:11pt\"><span style=\"line-height:normal\"><span style=\"font-family:Calibri,sans-serif\"><b><span style=\"font-size:18.0pt\"><span style=\"font-variant:small-caps\">Eventos<\/span><\/span><\/b><\/span><\/span><\/span><\/p>\r\n\r\n<p style=\"text-align:justify\"><span style=\"font-size:11pt\"><span style=\"line-height:normal\"><span style=\"font-family:Calibri,sans-serif\"><b><span style=\"font-size:14.0pt\">APEX | Oficina de Competitividade | Como apresentar seus produtos e servi&ccedil;os para parceiros e clientes internacionais<\/span><\/b><span style=\"font-size:14.0pt\">, 21 novembro, 9h &agrave;s 12h; 28 de novembro, hor&aacute;rio agendado; evento online. <\/span><a href=\"https:\/\/click.apexbrasil.com.br\/mkt\/OficinadeCompetitividade\/OficinadeCompetitividade_Novembro2023.pdf#msdynttrid=h94HJKLy0trKCmHslE5OM9peGYJUNGhcVvyZBmaR-dY\" style=\"color:blue; text-decoration:underline\"><span style=\"font-size:14.0pt\">Programa&ccedil;&atilde;o<\/span><\/a><span style=\"font-size:14.0pt\">. <\/span><a href=\"https:\/\/crm-apps.apexbrasil.com.br\/orgbdeab873\/inscricao-eventos\/evento\/oficina-de-compet-como-apresentar-seus-produtos-e-servicos-p-parceiros-e-clientes-internacionais\/92225491-492c-4467-8542-33ceb56706e5?utm_source=EMarketing&amp;msdynttrid=ZgnkWbbtwWGjih8bd6Rr7Bc3CFOoQvBF21IVuCCXanA\" style=\"color:blue; text-decoration:underline\"><span style=\"font-size:14.0pt\">Inscri&ccedil;&otilde;es<\/span><\/a> <\/span><\/span><\/span><\/p>\r\n\r\n<p style=\"text-align:justify\"><span style=\"font-size:11pt\"><span style=\"line-height:normal\"><span style=\"font-family:Calibri,sans-serif\"><b><span style=\"font-size:14.0pt\">5&ordm; F&oacute;rum de Neg&oacute;cios sobre o Novo Marco do Saneamento<\/span><\/b><span style=\"font-size:14.0pt\">, 23 de novembro de 2023, 08h30 &agrave;s 18h00, Hotel Grand Mercure Ibirapuera, Rua Sena Madureira, 1355, S&atilde;o Paulo, SP. <\/span><a href=\"https:\/\/www.conceitoseminarios.com.br\/seminario\/forum-novo-marco-saneamento\/\" style=\"color:blue; text-decoration:underline\"><span style=\"font-size:14.0pt\">Informa&ccedil;&otilde;es<\/span><\/a> <\/span><\/span><\/span><\/p>\r\n\r\n<p style=\"text-align:justify\"><span style=\"font-size:11pt\"><span style=\"line-height:normal\"><span style=\"font-family:Calibri,sans-serif\"><b><span style=\"font-size:14.0pt\">18&ordm; Tend&ecirc;ncias no Mercado da Constru&ccedil;&atilde;o<\/span><\/b><span style=\"font-size:14.0pt\">, 23 de novembro de 2023, 15h00, evento online. <\/span><a href=\"https:\/\/sobratematendencias.com.br\/programacao\" style=\"color:blue; text-decoration:underline\"><span style=\"font-size:14.0pt\">Informa&ccedil;&otilde;es<\/span><\/a> <\/span><\/span><\/span><\/p>\r\n\r\n<p style=\"text-align:justify\"><span style=\"font-size:11pt\"><span style=\"line-height:normal\"><span style=\"font-family:Calibri,sans-serif\"><b><span style=\"font-size:14.0pt\">XI F&oacute;rum Empresarial do MERCOSUL, <\/span><\/b><span style=\"font-size:14.0pt\">27 de novembro de 2023, 09h30 &agrave;s 17h30, Edif&iacute;cio Roberto Simonsen, SBN Qd. 01, Bloco C, Bras&iacute;lia, DF. <\/span><a href=\"https:\/\/www.portaldaindustria.com.br\/eventos\/pt\/edicoes\/xi-forum-empresarial-do-mercosul-xi-forum-empresar?utm_source=comext&amp;utm_medium=email&amp;utm_campaign=eventos&amp;utm_content=id00154\" style=\"color:blue; text-decoration:underline\"><span style=\"font-size:14.0pt\">Informa&ccedil;&otilde;es<\/span><\/a> <\/span><\/span><\/span><\/p>\r\n\r\n<p style=\"text-align:justify\"><span style=\"font-size:11pt\"><span style=\"line-height:normal\"><span style=\"font-family:Calibri,sans-serif\"><b><span style=\"font-size:14.0pt\">9&ordm; F&oacute;rum IEL de Inova&ccedil;&atilde;o | <\/span><\/b><b><span style=\"font-size:14.0pt\">Competitividade e Associativismo em Gest&atilde;o<\/span><\/b><span style=\"font-size:14.0pt\">, 28 de novembro de 2023, 14h00 &agrave;s 16h00, Centro de Eventos FIERGS (Sal&atilde;o de Conven&ccedil;&otilde;es), Avenida Assis Brasil, 8787, Sarandi, 91140-001, Porto Alegre, RS. <\/span><a href=\"https:\/\/9forumiel.eventize.com.br\/\" style=\"color:blue; text-decoration:underline\"><span style=\"font-size:14.0pt\">Informa&ccedil;&otilde;es<\/span><\/a> <\/span><\/span><\/span><\/p>\r\n\r\n<p style=\"text-align:justify\"><span style=\"font-size:11pt\"><span style=\"line-height:normal\"><span style=\"font-family:Calibri,sans-serif\"><b><span style=\"font-size:14.0pt\">APEX | Webs&eacute;rie Direto do Mercado | Edi&ccedil;&atilde;o Col&ocirc;mbia<\/span><\/b><span style=\"font-size:14.0pt\">, 29 de novembro de 2023, 10h &agrave;s 11h50, evento online. <\/span><a href=\"https:\/\/click.apexbrasil.com.br\/mkt\/Direto%20do%20Mercado\/Programacao_Colombia.pdf#msdynttrid=4w8Lla2I1QslP0xujMzcI7PR8hUaAntBk0zAivT3XRc\" style=\"color:blue; text-decoration:underline\"><span style=\"font-size:14.0pt\">Programa&ccedil;&atilde;o<\/span><\/a><span style=\"font-size:14.0pt\">. <\/span><a href=\"https:\/\/crm-apps.apexbrasil.com.br\/orgbdeab873\/inscricao-eventos\/evento\/webinar-direto-de-mercado-colombia\/fca8ed62-3fe3-4b70-b7d4-695987ce94a3?utm_source=EMarketing&amp;msdynttrid=cJfCgBeaAL-XHet-EBn431mCXi_hRFDe3gUSs57zUeo\" style=\"color:blue; text-decoration:underline\"><span style=\"font-size:14.0pt\">Inscri&ccedil;&otilde;es<\/span><\/a> <\/span><\/span><\/span><\/p>\r\n\r\n<p style=\"text-align:justify\"><span style=\"font-size:11pt\"><span style=\"line-height:normal\"><span style=\"font-family:Calibri,sans-serif\"><b><span style=\"font-size:14.0pt\">Industry CCUS 2023,<\/span><\/b> <span style=\"font-size:14.0pt\">29-30 November, Rotterdam, Netherlands.<\/span> <a href=\"https:\/\/fortesmedia.com\/industry-ccus-conference-2023,4,en,2,1,28.html#register\" style=\"color:blue; text-decoration:underline\"><span style=\"font-size:14.0pt\">Informa&ccedil;&otilde;es<\/span><\/a> <\/span><\/span><\/span><\/p>\r\n\r\n<p style=\"text-align:justify\"><span style=\"font-size:11pt\"><span style=\"line-height:normal\"><span style=\"font-family:Calibri,sans-serif\"><b><span style=\"font-size:14.0pt\">FEIPLAR COMPOSITES &amp; FEIPUR &ndash; Feira e Congresso Internacionais de Composites, Poliuretano, Pl&aacute;sticos de Engenharia e Compostos Termopl&aacute;sticos<\/span><\/b><span style=\"font-size:14.0pt\">, 20 a 22 de agosto de 2024, S&atilde;o Paulo Expo (Pavilh&atilde;o 5), palestras: das 8h30 &agrave;s 18h, feira: das 13h &agrave;s 20h.<b> <\/b><\/span><a href=\"http:\/\/www.feiplar.com\" style=\"color:blue; text-decoration:underline\"><span style=\"font-size:14.0pt\">www.feiplar.com<\/span><\/a> <\/span><\/span><\/span><\/p>\r\n\r\n<p style=\"text-align:justify\"><span style=\"font-size:28pt\"><span style=\"font-family:Cambria,serif\"><span style=\"letter-spacing:-0.5pt\"><b><span lang=\"EN-US\" style=\"font-size:18.0pt\"><span style=\"font-family:&quot;Calibri&quot;,sans-serif\"><span style=\"font-variant:small-caps\">Setor<\/span><\/span><\/span><\/b><\/span><\/span><\/span><\/p>\r\n\r\n<p style=\"text-align:justify\"><span style=\"font-size:11pt\"><span style=\"line-height:normal\"><span style=\"font-family:Calibri,sans-serif\"><a href=\"https:\/\/www.nonwovens-industry.com\/contents\/view_breaking-news\/2023-11-07\/inda-releases-north-american-nonwovens-industry-ou\/15303\" style=\"color:blue; text-decoration:underline\"><span lang=\"EN-US\" style=\"font-size:14.0pt\">INDA Releases North American Nonwovens Industry Outlook Report<\/span><\/a><\/span><\/span><\/span><\/p>\r\n\r\n<p style=\"text-align:justify\"><span style=\"font-size:11pt\"><span style=\"line-height:normal\"><span style=\"font-family:Calibri,sans-serif\"><a href=\"https:\/\/plasticosemrevista.com.br\/russia-ampliara-capacidade-de-pp-em-2027\/\" style=\"color:blue; text-decoration:underline\"><span style=\"font-size:14.0pt\">R&uacute;ssia ampliar&aacute; capacidade de PP em 2027<\/span><\/a><\/span><\/span><\/span><\/p>\r\n\r\n<p style=\"text-align:justify\"><span style=\"font-size:11pt\"><span style=\"line-height:normal\"><span style=\"font-family:Calibri,sans-serif\"><a href=\"https:\/\/www.noticiasaominuto.com\/pais\/2437429\/infarmed-suspende-comercializacao-e-retirada-do-mercado-compressas-em-tnt\" style=\"color:blue; text-decoration:underline\"><span style=\"font-size:14.0pt\">Infarmed ordena suspens&atilde;o de compressas em TNT da DivisionCare<\/span><\/a><\/span><\/span><\/span><\/p>\r\n\r\n<p style=\"text-align:justify\"><span style=\"font-size:11pt\"><span style=\"line-height:normal\"><span style=\"font-family:Calibri,sans-serif\"><a href=\"https:\/\/www.nonwovens-industry.com\/contents\/view_features\/2023-10-30\/acoustic-nonwovens-report?utm_campaign=NON+Issue+Alert&amp;utm_medium=email&amp;_hsmi=282047343&amp;_hsenc=p2ANqtz-_9zwiKl8TiNW_q5QrQ5HsY53jApJgbgDbdxa1qiLPxH4pXndQllU8XJaSS_3ZFNXpzJt5zcpyBFe-tVZF_LiTndkdG5A&amp;utm_content=282047343&amp;utm_source=hs_email\" style=\"color:blue; text-decoration:underline\"><span lang=\"EN-US\" style=\"font-size:14.0pt\">Acoustic Nonwovens Report<\/span><\/a><\/span><\/span><\/span><\/p>\r\n\r\n<p style=\"text-align:justify\"><span style=\"font-size:11pt\"><span style=\"line-height:normal\"><span style=\"font-family:Calibri,sans-serif\"><a href=\"https:\/\/www.nonwovens-industry.com\/contents\/view_features\/2023-10-30\/airlaid-nonwovens-report-586245?utm_campaign=NON+Issue+Alert&amp;utm_medium=email&amp;_hsmi=282047343&amp;_hsenc=p2ANqtz-9YuQLWMOXG2_Fve4a8RMSEtU9M6oASw4u1RKbUYHub-0NB7GcbA64vxR2FPYtFDkNt9_XXe3jfWzNM-qzVTSl-nvP5Tw&amp;utm_content=282047343&amp;utm_source=hs_email\" style=\"color:blue; text-decoration:underline\"><span lang=\"EN-US\" style=\"font-size:14.0pt\">Airlaid Nonwovens Report<\/span><\/a><\/span><\/span><\/span><\/p>\r\n\r\n<p style=\"text-align:justify\"><span style=\"font-size:11pt\"><span style=\"line-height:normal\"><span style=\"font-family:Calibri,sans-serif\"><a href=\"https:\/\/www.nonwovens-industry.com\/contents\/view_far-east-report\/2023-10-30\/japanese-automotives-market?utm_campaign=NON+Issue+Alert&amp;utm_medium=email&amp;_hsmi=282047343&amp;_hsenc=p2ANqtz--XE0E6RyKQWEJMunp6Y4pSgiepCxxYhXoe3CXL7Xr8FPk8FQXM3pSWobHEqObof57PelXxqRxejU98lYZjx9Qmk6Oxyg&amp;utm_content=282047343&amp;utm_source=hs_email\" style=\"color:blue; text-decoration:underline\"><span style=\"font-size:14.0pt\">Japanese Automotives Market<\/span><\/a><\/span><\/span><\/span><\/p>\r\n\r\n<p style=\"text-align:justify\"><span style=\"font-size:11pt\"><span style=\"line-height:normal\"><span style=\"font-family:Calibri,sans-serif\"><a href=\"https:\/\/ocp.news\/economia\/brasil-tem-que-ampliar-a-internacionalizacao-dos-negocios-diz-fernando-pimentel-da-abit\" style=\"color:blue; text-decoration:underline\"><span style=\"font-size:14.0pt\">Brasil tem que ampliar a internacionaliza&ccedil;&atilde;o dos neg&oacute;cios, diz Fernando Pimentel, da Abit<\/span><\/a><\/span><\/span><\/span><\/p>\r\n\r\n<p style=\"text-align:justify\"><span style=\"font-size:11pt\"><span style=\"line-height:normal\"><span style=\"font-family:Calibri,sans-serif\"><a href=\"https:\/\/www.folhape.com.br\/economia\/estatal-de-petroleo-de-abu-dhabi-oferece-r-105-bilhoes-por-fatia-na\/300823\/\" style=\"color:blue; text-decoration:underline\"><span style=\"font-size:14.0pt\">Estatal de petr&oacute;leo de Abu Dhabi oferece R$ 10,5 bilh&otilde;es por fatia na Braskem<\/span><\/a><\/span><\/span><\/span><\/p>\r\n\r\n<p style=\"text-align:justify\"><span style=\"font-size:28pt\"><span style=\"font-family:Cambria,serif\"><span style=\"letter-spacing:-0.5pt\"><b><span style=\"font-size:18.0pt\"><span style=\"font-family:&quot;Calibri&quot;,sans-serif\"><span style=\"font-variant:small-caps\">Ind&uacute;stria<\/span><\/span><\/span><\/b><\/span><\/span><\/span><\/p>\r\n\r\n<p style=\"text-align:justify\"><span style=\"font-size:11pt\"><span style=\"line-height:normal\"><span style=\"font-family:Calibri,sans-serif\"><a href=\"https:\/\/noticias.portaldaindustria.com.br\/posicionamentos\/brasil-tera-salto-de-competitividade-com-aprovacao-da-reforma-tributaria-diz-presidente-da-cni\/\" style=\"color:blue; text-decoration:underline\"><span style=\"font-size:14.0pt\">Brasil ter&aacute; salto de competitividade com aprova&ccedil;&atilde;o da reforma tribut&aacute;ria, diz presidente da CNI<\/span><\/a><\/span><\/span><\/span><\/p>\r\n\r\n<p style=\"text-align:justify\"><span style=\"font-size:11pt\"><span style=\"line-height:normal\"><span style=\"font-family:Calibri,sans-serif\"><a href=\"https:\/\/static.portaldaindustria.com.br\/media\/filer_public\/08\/f7\/08f7ce79-a2d1-4b72-811c-1234bc4fea22\/indicedeconfiancadoempresarioindustrial_novembro2023.pdf\" style=\"color:blue; text-decoration:underline\"><span style=\"font-size:14.0pt\">Confian&ccedil;a da ind&uacute;stria fica praticamente est&aacute;vel em novembro<\/span><\/a><\/span><\/span><\/span><\/p>\r\n\r\n<p style=\"text-align:justify\"><span style=\"font-size:11pt\"><span style=\"line-height:normal\"><span style=\"font-family:Calibri,sans-serif\"><a href=\"https:\/\/www.infomoney.com.br\/consumo\/producao-de-veiculos-cai-31-em-outubro-aponta-anfavea-vendas-sobem-204\/\" style=\"color:blue; text-decoration:underline\"><span style=\"font-size:14.0pt\">Produ&ccedil;&atilde;o de ve&iacute;culos cai 3,1% em outubro, aponta Anfavea; vendas sobem 20,4%<\/span><\/a><\/span><\/span><\/span><\/p>\r\n\r\n<p style=\"text-align:justify\"><span style=\"font-size:11pt\"><span style=\"line-height:normal\"><span style=\"font-family:Calibri,sans-serif\"><a href=\"https:\/\/exclink.exclusivo.com.br\/cl\/PQvKS\/E6A\/92bf\/LCFJkUKAOaB\/BLUJ\/HZKn6fol2vu\/2\/\" style=\"color:blue; text-decoration:underline\"><span style=\"font-size:14.0pt\">Dois mil pares de cal&ccedil;ados falsificados s&atilde;o apreendidos<\/span><\/a><\/span><\/span><\/span><\/p>\r\n\r\n<p style=\"text-align:justify\"><span style=\"font-size:11pt\"><span style=\"line-height:normal\"><span style=\"font-family:Calibri,sans-serif\"><a href=\"https:\/\/exclusivo.com.br\/_conteudo\/negocios\/2023\/11\/09\/setor-calcadista-vai-ao-stf-contra-isencao-de-imposto-de-produtos-importados.html\" style=\"color:blue; text-decoration:underline\"><span style=\"font-size:14.0pt\">Setor cal&ccedil;adista vai ao STF contra isen&ccedil;&atilde;o de imposto de produtos importados<\/span><\/a><\/span><\/span><\/span><\/p>\r\n\r\n<p style=\"text-align:justify\"><span style=\"font-size:11pt\"><span style=\"line-height:normal\"><span style=\"font-family:Calibri,sans-serif\"><a href=\"https:\/\/www.moveisdevalor.com.br\/portal\/industria-colchoeira-avanca-com-politica-esg-da-abicol?source=news\" style=\"color:blue; text-decoration:underline\"><span style=\"font-size:14.0pt\">Ind&uacute;stria colchoeira avan&ccedil;a com pol&iacute;tica ESG da Abicol<\/span><\/a><\/span><\/span><\/span><\/p>\r\n\r\n<p style=\"text-align:justify\"><span style=\"font-size:11pt\"><span style=\"line-height:normal\"><span style=\"font-family:Calibri,sans-serif\"><a href=\"https:\/\/www.agrolink.com.br\/noticias\/entidade-teme--extincao-iminente-da-industria-quimica-_485228.html\" style=\"color:blue; text-decoration:underline\"><span style=\"font-size:14.0pt\">ABIQUIM teme &ldquo;extin&ccedil;&atilde;o iminente da ind&uacute;stria qu&iacute;mica&rdquo;<\/span><\/a><\/span><\/span><\/span><\/p>\r\n\r\n<p style=\"text-align:justify\"><span style=\"font-size:28pt\"><span style=\"font-family:Cambria,serif\"><span style=\"letter-spacing:-0.5pt\"><b><span style=\"font-size:18.0pt\"><span style=\"font-family:&quot;Calibri&quot;,sans-serif\"><span style=\"font-variant:small-caps\">Sustentabilidade<\/span><\/span><\/span><\/b><\/span><\/span><\/span><\/p>\r\n\r\n<p style=\"text-align:justify\"><span style=\"font-size:11pt\"><span style=\"line-height:normal\"><span style=\"font-family:Calibri,sans-serif\"><a href=\"https:\/\/www.inovacaotecnologica.com.br\/noticias\/noticia.php?artigo=reciclagem-poliester&amp;id=010125231107\" style=\"color:blue; text-decoration:underline\"><span style=\"font-size:14.0pt\">M&eacute;todo simples de reciclagem funciona para poli&eacute;ster e PET<\/span><\/a><\/span><\/span><\/span><\/p>\r\n\r\n<p style=\"text-align:justify\"><span style=\"font-size:11pt\"><span style=\"line-height:normal\"><span style=\"font-family:Calibri,sans-serif\"><a href=\"https:\/\/noticias.uol.com.br\/ultimas-noticias\/reuters\/2023\/11\/12\/em-negociacoes-da-onu-para-tratado-global-sobre-plastico-delegados-enfrentam-limites-de-producao.htm\" style=\"color:blue; text-decoration:underline\"><span style=\"font-size:14.0pt\">Em negocia&ccedil;&otilde;es da ONU para tratado global sobre pl&aacute;stico, delegados enfrentam limites de produ&ccedil;&atilde;o<\/span><\/a><\/span><\/span><\/span><\/p>\r\n\r\n<p style=\"text-align:justify\"><span style=\"font-size:11pt\"><span style=\"line-height:normal\"><span style=\"font-family:Calibri,sans-serif\"><a href=\"https:\/\/phys.org\/news\/2023-11-scientists-flag-conflicts-plastic-chemical.html?utm_source=nwletter&amp;utm_medium=email&amp;utm_campaign=daily-nwletter\" style=\"color:blue; text-decoration:underline\"><span lang=\"EN-US\" style=\"font-size:14.0pt\">Scientists flag conflicts of interest ahead of UN plastic and chemical talks<\/span><\/a><\/span><\/span><\/span><\/p>\r\n\r\n<p style=\"text-align:justify\"><span style=\"font-size:11pt\"><span style=\"line-height:normal\"><span style=\"font-family:Calibri,sans-serif\"><a href=\"https:\/\/blogdoplastico.wordpress.com\/2023\/11\/13\/plastic-bank-atinge-marca-100-mil-toneladas-de-plastico-coletadas\/\" style=\"color:blue; text-decoration:underline\"><span style=\"font-size:14.0pt\">Plastic Bank atinge marca 100 mil toneladas de pl&aacute;stico coletadas<\/span><\/a><\/span><\/span><\/span><\/p>\r\n\r\n<p style=\"text-align:justify\"><span style=\"font-size:11pt\"><span style=\"line-height:normal\"><span style=\"font-family:Calibri,sans-serif\"><a href=\"https:\/\/epocanegocios.globo.com\/empresas\/noticia\/2023\/11\/por-que-coca-cola-e-nestle-foram-acusadas-de-mentir-sobre-reciclagem-de-garrafas-de-plastico.ghtml\" style=\"color:blue; text-decoration:underline\"><span style=\"font-size:14.0pt\">Por que Coca-Cola e Nestl&eacute; foram acusadas de mentir sobre reciclagem de garrafas de pl&aacute;stico<\/span><\/a><\/span><\/span><\/span><\/p>\r\n\r\n<p style=\"text-align:justify\"><span style=\"font-size:11pt\"><span style=\"line-height:normal\"><span style=\"font-family:Calibri,sans-serif\"><a href=\"https:\/\/noticias.portaldaindustria.com.br\/noticias\/sustentabilidade\/em-que-pe-esta-o-financiamento-climatico-e-por-que-ele-e-determinante\/\" style=\"color:blue; text-decoration:underline\"><span style=\"font-size:14.0pt\">Em que p&eacute; est&aacute; o financiamento clim&aacute;tico e por que ele &eacute; determinante<\/span><\/a><\/span><\/span><\/span><\/p>\r\n\r\n<p style=\"text-align:justify\"><span style=\"font-size:11pt\"><span style=\"line-height:normal\"><span style=\"font-family:Calibri,sans-serif\"><a href=\"https:\/\/phys.org\/news\/2023-11-plastics-treaty-tackle-problem-source.html?utm_source=nwletter&amp;utm_medium=email&amp;utm_campaign=daily-nwletter\" style=\"color:blue; text-decoration:underline\"><span lang=\"EN-US\" style=\"font-size:14.0pt\">Plastics treaty must tackle problem at source, researchers say<\/span><\/a><\/span><\/span><\/span><\/p>\r\n\r\n<p style=\"text-align:justify\"><span style=\"font-size:28pt\"><span style=\"font-family:Cambria,serif\"><span style=\"letter-spacing:-0.5pt\"><b><span style=\"font-size:18.0pt\"><span style=\"font-family:&quot;Calibri&quot;,sans-serif\"><span style=\"font-variant:small-caps\">Inova&ccedil;&atilde;o<\/span><\/span><\/span><\/b><\/span><\/span><\/span><\/p>\r\n\r\n<p style=\"text-align:justify\"><span style=\"font-size:11pt\"><span style=\"line-height:normal\"><span style=\"font-family:Calibri,sans-serif\"><a href=\"https:\/\/www.inovacaotecnologica.com.br\/noticias\/noticia.php?artigo=tecnologia-lidar-derramamentos-oleo-10-vezes-melhor&amp;id=010125231109&amp;ebol=sim\" style=\"color:blue; text-decoration:underline\"><span style=\"font-size:14.0pt\">Finalmente uma tecnologia para lidar com derramamentos de &oacute;leo?<\/span><\/a><\/span><\/span><\/span><\/p>\r\n\r\n<p style=\"text-align:justify\"><span style=\"font-size:11pt\"><span style=\"line-height:normal\"><span style=\"font-family:Calibri,sans-serif\"><a href=\"https:\/\/www.innovationintextiles.com\/fibres-yarns-fabrics\/swiss-project-will-explore-options-for-recycled-pet\/\" style=\"color:blue; text-decoration:underline\"><span lang=\"EN-US\" style=\"font-size:14.0pt\">Swiss project will explore options for recycled PET<\/span><\/a><\/span><\/span><\/span><\/p>\r\n\r\n<p style=\"text-align:justify\"><span style=\"font-size:11pt\"><span style=\"line-height:normal\"><span style=\"font-family:Calibri,sans-serif\"><a href=\"https:\/\/www.nonwovens-industry.com\/contents\/view_breaking-news\/2023-11-06\/replacing-pfas?utm_campaign=NON+eNewsletter&amp;utm_medium=email&amp;_hsmi=281923008&amp;_hsenc=p2ANqtz-_6vI6HeYhFnQqq_14TJS4feQ9WMK4SNfilmyOIwWRyin9stbo-PJMv6vZsD4vSJxbbO65ZnE1dPpTDzmZTeaIGVIK2Lw&amp;utm_content=281923008&amp;utm_source=hs_email\" style=\"color:blue; text-decoration:underline\"><span lang=\"EN-US\" style=\"font-size:14.0pt\">Study Addresses Challenges of Replacing PFAS<\/span><\/a><\/span><\/span><\/span><\/p>\r\n\r\n<p style=\"text-align:justify\"><span style=\"font-size:28pt\"><span style=\"font-family:Cambria,serif\"><span style=\"letter-spacing:-0.5pt\"><b><span style=\"font-size:18.0pt\"><span style=\"font-family:&quot;Calibri&quot;,sans-serif\"><span style=\"font-variant:small-caps\">Com&eacute;rcio Exterior<\/span><\/span><\/span><\/b><\/span><\/span><\/span><\/p>\r\n\r\n<p style=\"text-align:justify\"><span style=\"font-size:11pt\"><span style=\"line-height:normal\"><span style=\"font-family:Calibri,sans-serif\"><a href=\"https:\/\/www.gov.br\/mdic\/pt-br\/assuntos\/noticias\/2023\/novembro\/proposta-de-estrategia-nacional-de-comercio-exterior-entra-em-consulta-publica\" style=\"color:blue; text-decoration:underline\"><span style=\"font-size:14.0pt\">Proposta de estrat&eacute;gia nacional de com&eacute;rcio exterior entra em consulta p&uacute;blica<\/span><\/a><\/span><\/span><\/span><\/p>\r\n\r\n<p style=\"text-align:justify\"><span style=\"font-size:11pt\"><span style=\"line-height:normal\"><span style=\"font-family:Calibri,sans-serif\"><a href=\"https:\/\/www.infomoney.com.br\/politica\/apesar-de-tropecos-brasil-pretende-anunciar-acordo-mercosul-ue-em-dezembro\/\" style=\"color:blue; text-decoration:underline\"><span style=\"font-size:14.0pt\">Apesar de trope&ccedil;os, Brasil pretende anunciar acordo Mercosul-UE em dezembro<\/span><\/a><\/span><\/span><\/span><\/p>\r\n\r\n<p style=\"text-align:justify\"><span style=\"font-size:11pt\"><span style=\"line-height:normal\"><span style=\"font-family:Calibri,sans-serif\"><a href=\"https:\/\/ibre.fgv.br\/blog-da-conjuntura-economica\/artigos\/noticia-boa-e-preocupante-que-os-numeros-da-balanca-comercial\" style=\"color:blue; text-decoration:underline\"><span style=\"font-size:14.0pt\">A not&iacute;cia boa, e a preocupante, que os n&uacute;meros da balan&ccedil;a comercial brasileira mostram<\/span><\/a><\/span><\/span><\/span><\/p>\r\n\r\n<p style=\"text-align:justify\"><span style=\"font-size:11pt\"><span style=\"line-height:normal\"><span style=\"font-family:Calibri,sans-serif\"><a href=\"https:\/\/www.eiu.com\/n\/us-central-asia-relations-are-set-to-grow\/?utm_source=mkt-newsletter&amp;utm_medium=email&amp;utm_campaign=foce&amp;utm_content=10-november-2023&amp;utm_term=here&amp;mkt_tok=NzUzLVJJUS00MzgAAAGPWIFewzyRHjp8zyTV19XfrDqTaEYCuTELZlkxDlLLu-MaHS2Qenq25jv1CfZa-XbSPlCl5oBAThxVnEQ0cxkotWMNvViGxazePH5WazuAgBN_1A\" style=\"color:blue; text-decoration:underline\"><span lang=\"EN-US\" style=\"font-size:14.0pt\">US-Central Asia relations are set to grow<\/span><\/a><\/span><\/span><\/span><\/p>\r\n\r\n<p style=\"text-align:justify\"><span style=\"font-size:28pt\"><span style=\"font-family:Cambria,serif\"><span style=\"letter-spacing:-0.5pt\"><b><span style=\"font-size:18.0pt\"><span style=\"font-family:&quot;Calibri&quot;,sans-serif\"><span style=\"font-variant:small-caps\">Economia<\/span><\/span><\/span><\/b><\/span><\/span><\/span><\/p>\r\n\r\n<p style=\"text-align:justify\"><span style=\"font-size:11pt\"><span style=\"line-height:normal\"><span style=\"font-family:Calibri,sans-serif\"><a href=\"https:\/\/www.bcb.gov.br\/content\/focus\/focus\/R20231110.pdf\" style=\"color:blue; text-decoration:underline\"><span style=\"font-size:14.0pt\">Focus &ndash; Relat&oacute;rio de Mercado<\/span><\/a><\/span><\/span><\/span><\/p>\r\n\r\n<p style=\"text-align:justify\"><span style=\"font-size:11pt\"><span style=\"line-height:normal\"><span style=\"font-family:Calibri,sans-serif\"><a href=\"https:\/\/mailchi.mp\/51dd94d440b5\/reforma-tributria-aprovada-no-senado-federal?e=1082b10345\" style=\"color:blue; text-decoration:underline\"><span style=\"font-size:14.0pt\">Reforma Tribut&aacute;ria &eacute; aprovada no Senado Federal<\/span><\/a><\/span><\/span><\/span><\/p>\r\n\r\n<p style=\"text-align:justify\"><span style=\"font-size:11pt\"><span style=\"line-height:normal\"><span style=\"font-family:Calibri,sans-serif\"><a href=\"https:\/\/sovos.com\/pt-br\/blog\/tributos\/senado-aprova-e-envia-reforma-tributaria-de-volta-a-camara\/?mkt_tok=MzM0LUhWTi0yNDkAAAGPWIHW9UkFW2HmOdCS_9AETTiU_DnuBU1lENZgkrfeU2LLjEo1FzmVHfBFG5Rr_ra0R9vvR0T-pwTphdVEXfE8VDFv-sTrPTVbP3IOdSzTMNU\" style=\"color:blue; text-decoration:underline\"><span style=\"font-size:14.0pt\">Plen&aacute;rio do Senado aprovou a proposta em dois turnos de vota&ccedil;&atilde;o, com 53 votos favor&aacute;veis e 24 contr&aacute;rios e nenhuma absten&ccedil;&atilde;o<\/span><\/a><\/span><\/span><\/span><\/p>\r\n\r\n<p style=\"text-align:justify\"><span style=\"font-size:11pt\"><span style=\"line-height:normal\"><span style=\"font-family:Calibri,sans-serif\"><a href=\"https:\/\/portalibre.fgv.br\/system\/files\/2023-11\/Bar%C3%B4metros%20Globais%20KOF-FGV_Press%20release_11_2023_0.pdf\" style=\"color:blue; text-decoration:underline\"><span style=\"font-size:14.0pt\">Bar&ocirc;metro Global Antecedente sinaliza perspectivas mais favor&aacute;veis para os pr&oacute;ximos meses<\/span><\/a><\/span><\/span><\/span><\/p>\r\n\r\n<p style=\"text-align:justify\"><span style=\"font-size:11pt\"><span style=\"line-height:normal\"><span style=\"font-family:Calibri,sans-serif\"><a href=\"https:\/\/www.bcb.gov.br\/detalhenoticia\/18020\/nota\" style=\"color:blue; text-decoration:underline\"><span style=\"font-size:14.0pt\">BC divulga o Relat&oacute;rio de Estabilidade Financeira do primeiro semestre de 2023<\/span><\/a><\/span><\/span><\/span><\/p>\r\n\r\n<p style=\"text-align:justify\"><span style=\"font-size:11pt\"><span style=\"line-height:normal\"><span style=\"font-family:Calibri,sans-serif\"><a href=\"https:\/\/ibre.fgv.br\/blog-da-conjuntura-economica\/artigos\/em-foco-124\" style=\"color:blue; text-decoration:underline\"><span style=\"font-size:14.0pt\">A reforma poss&iacute;vel<\/span><\/a><\/span><\/span><\/span><\/p>\r\n\r\n<p style=\"text-align:justify\"><span style=\"font-size:11pt\"><span style=\"line-height:normal\"><span style=\"font-family:Calibri,sans-serif\"><a href=\"https:\/\/blogdoibre.fgv.br\/posts\/novos-alertas-fiscais\" style=\"color:blue; text-decoration:underline\"><span style=\"font-size:14.0pt\">Novos alertas fiscais<\/span><\/a><\/span><\/span><\/span><\/p>\r\n","6":"<p style=\"text-align:justify\"><span style=\"font-size:11pt\"><span style=\"line-height:normal\"><span style=\"font-family:Calibri,sans-serif\"><span style=\"font-size:14.0pt\">Esta &eacute; uma compila&ccedil;&atilde;o das not&iacute;cias mais relevantes para o setor, incluindo informa&ccedil;&otilde;es sobre acordos internacionais, economia brasileira, sustentabilidade e mat&eacute;rias primas, al&eacute;m de novidades do setor de N&atilde;otecidos e Tecidos T&eacute;cnicos.<\/span><\/span><\/span><\/span><\/p>\r\n\r\n<p style=\"text-align:justify\"><span style=\"font-size:28pt\"><span style=\"font-family:Cambria,serif\"><span style=\"letter-spacing:-0.5pt\"><b><span style=\"font-size:18.0pt\"><span style=\"font-family:&quot;Calibri&quot;,sans-serif\"><span style=\"font-variant:small-caps\">A&ccedil;&otilde;es realizadas<\/span><\/span><\/span><\/b><\/span><\/span><\/span><\/p>\r\n\r\n<p style=\"text-align:justify\"><img src=\"https:\/\/www.abint.org.br\/assets\/img\/editor\/abint-logo-2020-g_20231114134556RYgmJWnNen.png\" style=\"width: 150px; height: 34px;\" \/><\/p>\r\n\r\n<p style=\"text-align:justify\"><span style=\"font-size:11pt\"><span style=\"line-height:normal\"><span style=\"font-family:Calibri,sans-serif\"><a href=\"https:\/\/gazetadasemana.com.br\/noticia\/142139\/cth-abint-marcara-presenca-no-16--congresso-brasileiro-de-enfermagem-da-sobecc\" style=\"color:blue; text-decoration:underline\"><span style=\"font-size:14.0pt\">De 07 a 10 de novembro, CTH ABINT marcou presen&ccedil;a no 16&ordm; Congresso Brasileiro de Enfermagem da SOBECC<\/span><\/a><\/span><\/span><\/span><\/p>\r\n\r\n<p style=\"text-align:justify\"><span style=\"font-size:28pt\"><span style=\"font-family:Cambria,serif\"><span style=\"letter-spacing:-0.5pt\"><b><span style=\"font-size:18.0pt\"><span style=\"font-family:&quot;Calibri&quot;,sans-serif\"><span style=\"font-variant:small-caps\">O que vem por a&iacute;<\/span><\/span><\/span><\/b><\/span><\/span><\/span><\/p>\r\n\r\n<p style=\"text-align:justify\"><img src=\"https:\/\/www.abint.org.br\/assets\/img\/editor\/abint-logo-2020-p_20231114134716l2H3JrBjUb.png\" style=\"width: 150px; height: 34px;\" \/><\/p>\r\n\r\n<p><img src=\"https:\/\/www.abint.org.br\/assets\/img\/editor\/post-quadrado-curso-naotecido_20231109175952kKbtJNL9wr.jpg\" style=\"width: 500px; height: 500px;\" \/><\/p>\r\n\r\n<p><a href=\"https:\/\/forms.gle\/E5bZXpiNh7wZ9kcQ6\"><b>Informa&ccedil;&otilde;es e inscri&ccedil;&otilde;es<\/b><\/a><\/p>\r\n\r\n<p>&nbsp;<\/p>\r\n\r\n<p><b><img src=\"https:\/\/www.abint.org.br\/assets\/img\/editor\/logo-ctg-abint-png_20231114134930EiC9LvidUC.png\" style=\"width: 150px; height: 28px;\" \/><\/b><\/p>\r\n\r\n<p><img src=\"https:\/\/www.abint.org.br\/assets\/img\/editor\/20231122-geosul-2023-logo_20231017125749mcr7Arn2je.png\" \/><\/p>\r\n\r\n<p>&nbsp;<\/p>\r\n\r\n<p>O&nbsp;<b>CTG ABINT participar&aacute; tamb&eacute;m do XIII Simp&oacute;sio de Pr&aacute;tica de Engenharia Geot&eacute;cnica da Regi&atilde;o Sul (GEOSUL<\/b>), com o minicurso &ldquo;<b>A utiliza&ccedil;&atilde;o de geossint&eacute;ticos em solu&ccedil;&otilde;es para muros de conten&ccedil;&atilde;o e solos de baixa capacidade de suporte<\/b>&rdquo;, que ser&aacute; ministrado pelo Eng. Ramon Luis Cavilha, Gerente da Unidade Sul na Maccaferri do Brasil.<\/p>\r\n\r\n<p>O tradicional evento da Associa&ccedil;&atilde;o Brasileira de Mec&acirc;nica dos Solos e Engenharia Geot&eacute;cnica (ABMS),<b>&nbsp;<\/b>ocorrer&aacute; entre os dias<b>&nbsp;22 a 25 de novembro de 2023<\/b>, na cidade de<b>&nbsp;Ponta Grossa, PR<\/b>, no Bourbon Ponta Grossa Convention Hotel.<\/p>\r\n\r\n<p>Informa&ccedil;&otilde;es e inscri&ccedil;&otilde;es,&nbsp;<a href=\"https:\/\/www.geosul2023.com.br\/\">acesse aqui<\/a>.<\/p>\r\n\r\n<p style=\"text-align:justify\"><span style=\"font-size:28pt\"><span style=\"font-family:Cambria,serif\"><span style=\"letter-spacing:-0.5pt\"><b><span lang=\"EN-US\" style=\"font-size:18.0pt\"><span style=\"font-family:&quot;Calibri&quot;,sans-serif\"><span style=\"font-variant:small-caps\">Not&iacute;cias das Associadas<\/span><\/span><\/span><\/b><\/span><\/span><\/span><\/p>\r\n\r\n<p style=\"text-align:justify\"><span style=\"font-size:11pt\"><span style=\"line-height:normal\"><span style=\"font-family:Calibri,sans-serif\"><a href=\"https:\/\/www.technicaltextile.net\/news\/net-sales-of-finnish-firm-suominen-corporation-at-euro-106-4-mn-in-q3-fy23-291137.html\" style=\"color:blue; text-decoration:underline\"><span lang=\"EN-US\" style=\"font-size:14.0pt\">Net sales of Finnish firm Suominen Corporation at &euro;106.4 mn in Q3 FY23<\/span><\/a><\/span><\/span><\/span><\/p>\r\n\r\n<p style=\"text-align:justify\">&nbsp;<\/p>\r\n\r\n<p style=\"text-align:justify\"><span style=\"font-size:11pt\"><span style=\"line-height:normal\"><span style=\"font-family:Calibri,sans-serif\"><b><span style=\"font-size:18.0pt\"><span style=\"font-variant:small-caps\">Eventos<\/span><\/span><\/b><\/span><\/span><\/span><\/p>\r\n\r\n<p style=\"text-align:justify\"><span style=\"font-size:11pt\"><span style=\"line-height:normal\"><span style=\"font-family:Calibri,sans-serif\"><b><span style=\"font-size:14.0pt\">APEX | Oficina de Competitividade | Como apresentar seus produtos e servi&ccedil;os para parceiros e clientes internacionais<\/span><\/b><span style=\"font-size:14.0pt\">, 21 novembro, 9h &agrave;s 12h; 28 de novembro, hor&aacute;rio agendado; evento online. <\/span><a href=\"https:\/\/click.apexbrasil.com.br\/mkt\/OficinadeCompetitividade\/OficinadeCompetitividade_Novembro2023.pdf#msdynttrid=h94HJKLy0trKCmHslE5OM9peGYJUNGhcVvyZBmaR-dY\" style=\"color:blue; text-decoration:underline\"><span style=\"font-size:14.0pt\">Programa&ccedil;&atilde;o<\/span><\/a><span style=\"font-size:14.0pt\">. <\/span><a href=\"https:\/\/crm-apps.apexbrasil.com.br\/orgbdeab873\/inscricao-eventos\/evento\/oficina-de-compet-como-apresentar-seus-produtos-e-servicos-p-parceiros-e-clientes-internacionais\/92225491-492c-4467-8542-33ceb56706e5?utm_source=EMarketing&amp;msdynttrid=ZgnkWbbtwWGjih8bd6Rr7Bc3CFOoQvBF21IVuCCXanA\" style=\"color:blue; text-decoration:underline\"><span style=\"font-size:14.0pt\">Inscri&ccedil;&otilde;es<\/span><\/a> <\/span><\/span><\/span><\/p>\r\n\r\n<p style=\"text-align:justify\"><span style=\"font-size:11pt\"><span style=\"line-height:normal\"><span style=\"font-family:Calibri,sans-serif\"><b><span style=\"font-size:14.0pt\">5&ordm; F&oacute;rum de Neg&oacute;cios sobre o Novo Marco do Saneamento<\/span><\/b><span style=\"font-size:14.0pt\">, 23 de novembro de 2023, 08h30 &agrave;s 18h00, Hotel Grand Mercure Ibirapuera, Rua Sena Madureira, 1355, S&atilde;o Paulo, SP. <\/span><a href=\"https:\/\/www.conceitoseminarios.com.br\/seminario\/forum-novo-marco-saneamento\/\" style=\"color:blue; text-decoration:underline\"><span style=\"font-size:14.0pt\">Informa&ccedil;&otilde;es<\/span><\/a> <\/span><\/span><\/span><\/p>\r\n\r\n<p style=\"text-align:justify\"><span style=\"font-size:11pt\"><span style=\"line-height:normal\"><span style=\"font-family:Calibri,sans-serif\"><b><span style=\"font-size:14.0pt\">18&ordm; Tend&ecirc;ncias no Mercado da Constru&ccedil;&atilde;o<\/span><\/b><span style=\"font-size:14.0pt\">, 23 de novembro de 2023, 15h00, evento online. <\/span><a href=\"https:\/\/sobratematendencias.com.br\/programacao\" style=\"color:blue; text-decoration:underline\"><span style=\"font-size:14.0pt\">Informa&ccedil;&otilde;es<\/span><\/a> <\/span><\/span><\/span><\/p>\r\n\r\n<p style=\"text-align:justify\"><span style=\"font-size:11pt\"><span style=\"line-height:normal\"><span style=\"font-family:Calibri,sans-serif\"><b><span style=\"font-size:14.0pt\">XI F&oacute;rum Empresarial do MERCOSUL, <\/span><\/b><span style=\"font-size:14.0pt\">27 de novembro de 2023, 09h30 &agrave;s 17h30, Edif&iacute;cio Roberto Simonsen, SBN Qd. 01, Bloco C, Bras&iacute;lia, DF. <\/span><a href=\"https:\/\/www.portaldaindustria.com.br\/eventos\/pt\/edicoes\/xi-forum-empresarial-do-mercosul-xi-forum-empresar?utm_source=comext&amp;utm_medium=email&amp;utm_campaign=eventos&amp;utm_content=id00154\" style=\"color:blue; text-decoration:underline\"><span style=\"font-size:14.0pt\">Informa&ccedil;&otilde;es<\/span><\/a> <\/span><\/span><\/span><\/p>\r\n\r\n<p style=\"text-align:justify\"><span style=\"font-size:11pt\"><span style=\"line-height:normal\"><span style=\"font-family:Calibri,sans-serif\"><b><span style=\"font-size:14.0pt\">9&ordm; F&oacute;rum IEL de Inova&ccedil;&atilde;o | <\/span><\/b><b><span style=\"font-size:14.0pt\">Competitividade e Associativismo em Gest&atilde;o<\/span><\/b><span style=\"font-size:14.0pt\">, 28 de novembro de 2023, 14h00 &agrave;s 16h00, Centro de Eventos FIERGS (Sal&atilde;o de Conven&ccedil;&otilde;es), Avenida Assis Brasil, 8787, Sarandi, 91140-001, Porto Alegre, RS. <\/span><a href=\"https:\/\/9forumiel.eventize.com.br\/\" style=\"color:blue; text-decoration:underline\"><span style=\"font-size:14.0pt\">Informa&ccedil;&otilde;es<\/span><\/a> <\/span><\/span><\/span><\/p>\r\n\r\n<p style=\"text-align:justify\"><span style=\"font-size:11pt\"><span style=\"line-height:normal\"><span style=\"font-family:Calibri,sans-serif\"><b><span style=\"font-size:14.0pt\">APEX | Webs&eacute;rie Direto do Mercado | Edi&ccedil;&atilde;o Col&ocirc;mbia<\/span><\/b><span style=\"font-size:14.0pt\">, 29 de novembro de 2023, 10h &agrave;s 11h50, evento online. <\/span><a href=\"https:\/\/click.apexbrasil.com.br\/mkt\/Direto%20do%20Mercado\/Programacao_Colombia.pdf#msdynttrid=4w8Lla2I1QslP0xujMzcI7PR8hUaAntBk0zAivT3XRc\" style=\"color:blue; text-decoration:underline\"><span style=\"font-size:14.0pt\">Programa&ccedil;&atilde;o<\/span><\/a><span style=\"font-size:14.0pt\">. <\/span><a href=\"https:\/\/crm-apps.apexbrasil.com.br\/orgbdeab873\/inscricao-eventos\/evento\/webinar-direto-de-mercado-colombia\/fca8ed62-3fe3-4b70-b7d4-695987ce94a3?utm_source=EMarketing&amp;msdynttrid=cJfCgBeaAL-XHet-EBn431mCXi_hRFDe3gUSs57zUeo\" style=\"color:blue; text-decoration:underline\"><span style=\"font-size:14.0pt\">Inscri&ccedil;&otilde;es<\/span><\/a> <\/span><\/span><\/span><\/p>\r\n\r\n<p style=\"text-align:justify\"><span style=\"font-size:11pt\"><span style=\"line-height:normal\"><span style=\"font-family:Calibri,sans-serif\"><b><span style=\"font-size:14.0pt\">Industry CCUS 2023,<\/span><\/b> <span style=\"font-size:14.0pt\">29-30 November, Rotterdam, Netherlands.<\/span> <a href=\"https:\/\/fortesmedia.com\/industry-ccus-conference-2023,4,en,2,1,28.html#register\" style=\"color:blue; text-decoration:underline\"><span style=\"font-size:14.0pt\">Informa&ccedil;&otilde;es<\/span><\/a> <\/span><\/span><\/span><\/p>\r\n\r\n<p style=\"text-align:justify\"><span style=\"font-size:11pt\"><span style=\"line-height:normal\"><span style=\"font-family:Calibri,sans-serif\"><b><span style=\"font-size:14.0pt\">FEIPLAR COMPOSITES &amp; FEIPUR &ndash; Feira e Congresso Internacionais de Composites, Poliuretano, Pl&aacute;sticos de Engenharia e Compostos Termopl&aacute;sticos<\/span><\/b><span style=\"font-size:14.0pt\">, 20 a 22 de agosto de 2024, S&atilde;o Paulo Expo (Pavilh&atilde;o 5), palestras: das 8h30 &agrave;s 18h, feira: das 13h &agrave;s 20h.<b> <\/b><\/span><a href=\"http:\/\/www.feiplar.com\" style=\"color:blue; text-decoration:underline\"><span style=\"font-size:14.0pt\">www.feiplar.com<\/span><\/a> <\/span><\/span><\/span><\/p>\r\n\r\n<p style=\"text-align:justify\"><span style=\"font-size:28pt\"><span style=\"font-family:Cambria,serif\"><span style=\"letter-spacing:-0.5pt\"><b><span lang=\"EN-US\" style=\"font-size:18.0pt\"><span style=\"font-family:&quot;Calibri&quot;,sans-serif\"><span style=\"font-variant:small-caps\">Setor<\/span><\/span><\/span><\/b><\/span><\/span><\/span><\/p>\r\n\r\n<p style=\"text-align:justify\"><span style=\"font-size:11pt\"><span style=\"line-height:normal\"><span style=\"font-family:Calibri,sans-serif\"><a href=\"https:\/\/www.nonwovens-industry.com\/contents\/view_breaking-news\/2023-11-07\/inda-releases-north-american-nonwovens-industry-ou\/15303\" style=\"color:blue; text-decoration:underline\"><span lang=\"EN-US\" style=\"font-size:14.0pt\">INDA Releases North American Nonwovens Industry Outlook Report<\/span><\/a><\/span><\/span><\/span><\/p>\r\n\r\n<p style=\"text-align:justify\"><span style=\"font-size:11pt\"><span style=\"line-height:normal\"><span style=\"font-family:Calibri,sans-serif\"><a href=\"https:\/\/plasticosemrevista.com.br\/russia-ampliara-capacidade-de-pp-em-2027\/\" style=\"color:blue; text-decoration:underline\"><span style=\"font-size:14.0pt\">R&uacute;ssia ampliar&aacute; capacidade de PP em 2027<\/span><\/a><\/span><\/span><\/span><\/p>\r\n\r\n<p style=\"text-align:justify\"><span style=\"font-size:11pt\"><span style=\"line-height:normal\"><span style=\"font-family:Calibri,sans-serif\"><a href=\"https:\/\/www.noticiasaominuto.com\/pais\/2437429\/infarmed-suspende-comercializacao-e-retirada-do-mercado-compressas-em-tnt\" style=\"color:blue; text-decoration:underline\"><span style=\"font-size:14.0pt\">Infarmed ordena suspens&atilde;o de compressas em TNT da DivisionCare<\/span><\/a><\/span><\/span><\/span><\/p>\r\n\r\n<p style=\"text-align:justify\"><span style=\"font-size:11pt\"><span style=\"line-height:normal\"><span style=\"font-family:Calibri,sans-serif\"><a href=\"https:\/\/www.nonwovens-industry.com\/contents\/view_features\/2023-10-30\/acoustic-nonwovens-report?utm_campaign=NON+Issue+Alert&amp;utm_medium=email&amp;_hsmi=282047343&amp;_hsenc=p2ANqtz-_9zwiKl8TiNW_q5QrQ5HsY53jApJgbgDbdxa1qiLPxH4pXndQllU8XJaSS_3ZFNXpzJt5zcpyBFe-tVZF_LiTndkdG5A&amp;utm_content=282047343&amp;utm_source=hs_email\" style=\"color:blue; text-decoration:underline\"><span lang=\"EN-US\" style=\"font-size:14.0pt\">Acoustic Nonwovens Report<\/span><\/a><\/span><\/span><\/span><\/p>\r\n\r\n<p style=\"text-align:justify\"><span style=\"font-size:11pt\"><span style=\"line-height:normal\"><span style=\"font-family:Calibri,sans-serif\"><a href=\"https:\/\/www.nonwovens-industry.com\/contents\/view_features\/2023-10-30\/airlaid-nonwovens-report-586245?utm_campaign=NON+Issue+Alert&amp;utm_medium=email&amp;_hsmi=282047343&amp;_hsenc=p2ANqtz-9YuQLWMOXG2_Fve4a8RMSEtU9M6oASw4u1RKbUYHub-0NB7GcbA64vxR2FPYtFDkNt9_XXe3jfWzNM-qzVTSl-nvP5Tw&amp;utm_content=282047343&amp;utm_source=hs_email\" style=\"color:blue; text-decoration:underline\"><span lang=\"EN-US\" style=\"font-size:14.0pt\">Airlaid Nonwovens Report<\/span><\/a><\/span><\/span><\/span><\/p>\r\n\r\n<p style=\"text-align:justify\"><span style=\"font-size:11pt\"><span style=\"line-height:normal\"><span style=\"font-family:Calibri,sans-serif\"><a href=\"https:\/\/www.nonwovens-industry.com\/contents\/view_far-east-report\/2023-10-30\/japanese-automotives-market?utm_campaign=NON+Issue+Alert&amp;utm_medium=email&amp;_hsmi=282047343&amp;_hsenc=p2ANqtz--XE0E6RyKQWEJMunp6Y4pSgiepCxxYhXoe3CXL7Xr8FPk8FQXM3pSWobHEqObof57PelXxqRxejU98lYZjx9Qmk6Oxyg&amp;utm_content=282047343&amp;utm_source=hs_email\" style=\"color:blue; text-decoration:underline\"><span style=\"font-size:14.0pt\">Japanese Automotives Market<\/span><\/a><\/span><\/span><\/span><\/p>\r\n\r\n<p style=\"text-align:justify\"><span style=\"font-size:11pt\"><span style=\"line-height:normal\"><span style=\"font-family:Calibri,sans-serif\"><a href=\"https:\/\/ocp.news\/economia\/brasil-tem-que-ampliar-a-internacionalizacao-dos-negocios-diz-fernando-pimentel-da-abit\" style=\"color:blue; text-decoration:underline\"><span style=\"font-size:14.0pt\">Brasil tem que ampliar a internacionaliza&ccedil;&atilde;o dos neg&oacute;cios, diz Fernando Pimentel, da Abit<\/span><\/a><\/span><\/span><\/span><\/p>\r\n\r\n<p style=\"text-align:justify\"><span style=\"font-size:11pt\"><span style=\"line-height:normal\"><span style=\"font-family:Calibri,sans-serif\"><a href=\"https:\/\/www.folhape.com.br\/economia\/estatal-de-petroleo-de-abu-dhabi-oferece-r-105-bilhoes-por-fatia-na\/300823\/\" style=\"color:blue; text-decoration:underline\"><span style=\"font-size:14.0pt\">Estatal de petr&oacute;leo de Abu Dhabi oferece R$ 10,5 bilh&otilde;es por fatia na Braskem<\/span><\/a><\/span><\/span><\/span><\/p>\r\n\r\n<p style=\"text-align:justify\"><span style=\"font-size:28pt\"><span style=\"font-family:Cambria,serif\"><span style=\"letter-spacing:-0.5pt\"><b><span style=\"font-size:18.0pt\"><span style=\"font-family:&quot;Calibri&quot;,sans-serif\"><span style=\"font-variant:small-caps\">Ind&uacute;stria<\/span><\/span><\/span><\/b><\/span><\/span><\/span><\/p>\r\n\r\n<p style=\"text-align:justify\"><span style=\"font-size:11pt\"><span style=\"line-height:normal\"><span style=\"font-family:Calibri,sans-serif\"><a href=\"https:\/\/noticias.portaldaindustria.com.br\/posicionamentos\/brasil-tera-salto-de-competitividade-com-aprovacao-da-reforma-tributaria-diz-presidente-da-cni\/\" style=\"color:blue; text-decoration:underline\"><span style=\"font-size:14.0pt\">Brasil ter&aacute; salto de competitividade com aprova&ccedil;&atilde;o da reforma tribut&aacute;ria, diz presidente da CNI<\/span><\/a><\/span><\/span><\/span><\/p>\r\n\r\n<p style=\"text-align:justify\"><span style=\"font-size:11pt\"><span style=\"line-height:normal\"><span style=\"font-family:Calibri,sans-serif\"><a href=\"https:\/\/static.portaldaindustria.com.br\/media\/filer_public\/08\/f7\/08f7ce79-a2d1-4b72-811c-1234bc4fea22\/indicedeconfiancadoempresarioindustrial_novembro2023.pdf\" style=\"color:blue; text-decoration:underline\"><span style=\"font-size:14.0pt\">Confian&ccedil;a da ind&uacute;stria fica praticamente est&aacute;vel em novembro<\/span><\/a><\/span><\/span><\/span><\/p>\r\n\r\n<p style=\"text-align:justify\"><span style=\"font-size:11pt\"><span style=\"line-height:normal\"><span style=\"font-family:Calibri,sans-serif\"><a href=\"https:\/\/www.infomoney.com.br\/consumo\/producao-de-veiculos-cai-31-em-outubro-aponta-anfavea-vendas-sobem-204\/\" style=\"color:blue; text-decoration:underline\"><span style=\"font-size:14.0pt\">Produ&ccedil;&atilde;o de ve&iacute;culos cai 3,1% em outubro, aponta Anfavea; vendas sobem 20,4%<\/span><\/a><\/span><\/span><\/span><\/p>\r\n\r\n<p style=\"text-align:justify\"><span style=\"font-size:11pt\"><span style=\"line-height:normal\"><span style=\"font-family:Calibri,sans-serif\"><a href=\"https:\/\/exclink.exclusivo.com.br\/cl\/PQvKS\/E6A\/92bf\/LCFJkUKAOaB\/BLUJ\/HZKn6fol2vu\/2\/\" style=\"color:blue; text-decoration:underline\"><span style=\"font-size:14.0pt\">Dois mil pares de cal&ccedil;ados falsificados s&atilde;o apreendidos<\/span><\/a><\/span><\/span><\/span><\/p>\r\n\r\n<p style=\"text-align:justify\"><span style=\"font-size:11pt\"><span style=\"line-height:normal\"><span style=\"font-family:Calibri,sans-serif\"><a href=\"https:\/\/exclusivo.com.br\/_conteudo\/negocios\/2023\/11\/09\/setor-calcadista-vai-ao-stf-contra-isencao-de-imposto-de-produtos-importados.html\" style=\"color:blue; text-decoration:underline\"><span style=\"font-size:14.0pt\">Setor cal&ccedil;adista vai ao STF contra isen&ccedil;&atilde;o de imposto de produtos importados<\/span><\/a><\/span><\/span><\/span><\/p>\r\n\r\n<p style=\"text-align:justify\"><span style=\"font-size:11pt\"><span style=\"line-height:normal\"><span style=\"font-family:Calibri,sans-serif\"><a href=\"https:\/\/www.moveisdevalor.com.br\/portal\/industria-colchoeira-avanca-com-politica-esg-da-abicol?source=news\" style=\"color:blue; text-decoration:underline\"><span style=\"font-size:14.0pt\">Ind&uacute;stria colchoeira avan&ccedil;a com pol&iacute;tica ESG da Abicol<\/span><\/a><\/span><\/span><\/span><\/p>\r\n\r\n<p style=\"text-align:justify\"><span style=\"font-size:11pt\"><span style=\"line-height:normal\"><span style=\"font-family:Calibri,sans-serif\"><a href=\"https:\/\/www.agrolink.com.br\/noticias\/entidade-teme--extincao-iminente-da-industria-quimica-_485228.html\" style=\"color:blue; text-decoration:underline\"><span style=\"font-size:14.0pt\">ABIQUIM teme &ldquo;extin&ccedil;&atilde;o iminente da ind&uacute;stria qu&iacute;mica&rdquo;<\/span><\/a><\/span><\/span><\/span><\/p>\r\n\r\n<p style=\"text-align:justify\"><span style=\"font-size:28pt\"><span style=\"font-family:Cambria,serif\"><span style=\"letter-spacing:-0.5pt\"><b><span style=\"font-size:18.0pt\"><span style=\"font-family:&quot;Calibri&quot;,sans-serif\"><span style=\"font-variant:small-caps\">Sustentabilidade<\/span><\/span><\/span><\/b><\/span><\/span><\/span><\/p>\r\n\r\n<p style=\"text-align:justify\"><span style=\"font-size:11pt\"><span style=\"line-height:normal\"><span style=\"font-family:Calibri,sans-serif\"><a href=\"https:\/\/www.inovacaotecnologica.com.br\/noticias\/noticia.php?artigo=reciclagem-poliester&amp;id=010125231107\" style=\"color:blue; text-decoration:underline\"><span style=\"font-size:14.0pt\">M&eacute;todo simples de reciclagem funciona para poli&eacute;ster e PET<\/span><\/a><\/span><\/span><\/span><\/p>\r\n\r\n<p style=\"text-align:justify\"><span style=\"font-size:11pt\"><span style=\"line-height:normal\"><span style=\"font-family:Calibri,sans-serif\"><a href=\"https:\/\/noticias.uol.com.br\/ultimas-noticias\/reuters\/2023\/11\/12\/em-negociacoes-da-onu-para-tratado-global-sobre-plastico-delegados-enfrentam-limites-de-producao.htm\" style=\"color:blue; text-decoration:underline\"><span style=\"font-size:14.0pt\">Em negocia&ccedil;&otilde;es da ONU para tratado global sobre pl&aacute;stico, delegados enfrentam limites de produ&ccedil;&atilde;o<\/span><\/a><\/span><\/span><\/span><\/p>\r\n\r\n<p style=\"text-align:justify\"><span style=\"font-size:11pt\"><span style=\"line-height:normal\"><span style=\"font-family:Calibri,sans-serif\"><a href=\"https:\/\/phys.org\/news\/2023-11-scientists-flag-conflicts-plastic-chemical.html?utm_source=nwletter&amp;utm_medium=email&amp;utm_campaign=daily-nwletter\" style=\"color:blue; text-decoration:underline\"><span lang=\"EN-US\" style=\"font-size:14.0pt\">Scientists flag conflicts of interest ahead of UN plastic and chemical talks<\/span><\/a><\/span><\/span><\/span><\/p>\r\n\r\n<p style=\"text-align:justify\"><span style=\"font-size:11pt\"><span style=\"line-height:normal\"><span style=\"font-family:Calibri,sans-serif\"><a href=\"https:\/\/blogdoplastico.wordpress.com\/2023\/11\/13\/plastic-bank-atinge-marca-100-mil-toneladas-de-plastico-coletadas\/\" style=\"color:blue; text-decoration:underline\"><span style=\"font-size:14.0pt\">Plastic Bank atinge marca 100 mil toneladas de pl&aacute;stico coletadas<\/span><\/a><\/span><\/span><\/span><\/p>\r\n\r\n<p style=\"text-align:justify\"><span style=\"font-size:11pt\"><span style=\"line-height:normal\"><span style=\"font-family:Calibri,sans-serif\"><a href=\"https:\/\/epocanegocios.globo.com\/empresas\/noticia\/2023\/11\/por-que-coca-cola-e-nestle-foram-acusadas-de-mentir-sobre-reciclagem-de-garrafas-de-plastico.ghtml\" style=\"color:blue; text-decoration:underline\"><span style=\"font-size:14.0pt\">Por que Coca-Cola e Nestl&eacute; foram acusadas de mentir sobre reciclagem de garrafas de pl&aacute;stico<\/span><\/a><\/span><\/span><\/span><\/p>\r\n\r\n<p style=\"text-align:justify\"><span style=\"font-size:11pt\"><span style=\"line-height:normal\"><span style=\"font-family:Calibri,sans-serif\"><a href=\"https:\/\/noticias.portaldaindustria.com.br\/noticias\/sustentabilidade\/em-que-pe-esta-o-financiamento-climatico-e-por-que-ele-e-determinante\/\" style=\"color:blue; text-decoration:underline\"><span style=\"font-size:14.0pt\">Em que p&eacute; est&aacute; o financiamento clim&aacute;tico e por que ele &eacute; determinante<\/span><\/a><\/span><\/span><\/span><\/p>\r\n\r\n<p style=\"text-align:justify\"><span style=\"font-size:11pt\"><span style=\"line-height:normal\"><span style=\"font-family:Calibri,sans-serif\"><a href=\"https:\/\/phys.org\/news\/2023-11-plastics-treaty-tackle-problem-source.html?utm_source=nwletter&amp;utm_medium=email&amp;utm_campaign=daily-nwletter\" style=\"color:blue; text-decoration:underline\"><span lang=\"EN-US\" style=\"font-size:14.0pt\">Plastics treaty must tackle problem at source, researchers say<\/span><\/a><\/span><\/span><\/span><\/p>\r\n\r\n<p style=\"text-align:justify\"><span style=\"font-size:28pt\"><span style=\"font-family:Cambria,serif\"><span style=\"letter-spacing:-0.5pt\"><b><span style=\"font-size:18.0pt\"><span style=\"font-family:&quot;Calibri&quot;,sans-serif\"><span style=\"font-variant:small-caps\">Inova&ccedil;&atilde;o<\/span><\/span><\/span><\/b><\/span><\/span><\/span><\/p>\r\n\r\n<p style=\"text-align:justify\"><span style=\"font-size:11pt\"><span style=\"line-height:normal\"><span style=\"font-family:Calibri,sans-serif\"><a href=\"https:\/\/www.inovacaotecnologica.com.br\/noticias\/noticia.php?artigo=tecnologia-lidar-derramamentos-oleo-10-vezes-melhor&amp;id=010125231109&amp;ebol=sim\" style=\"color:blue; text-decoration:underline\"><span style=\"font-size:14.0pt\">Finalmente uma tecnologia para lidar com derramamentos de &oacute;leo?<\/span><\/a><\/span><\/span><\/span><\/p>\r\n\r\n<p style=\"text-align:justify\"><span style=\"font-size:11pt\"><span style=\"line-height:normal\"><span style=\"font-family:Calibri,sans-serif\"><a href=\"https:\/\/www.innovationintextiles.com\/fibres-yarns-fabrics\/swiss-project-will-explore-options-for-recycled-pet\/\" style=\"color:blue; text-decoration:underline\"><span lang=\"EN-US\" style=\"font-size:14.0pt\">Swiss project will explore options for recycled PET<\/span><\/a><\/span><\/span><\/span><\/p>\r\n\r\n<p style=\"text-align:justify\"><span style=\"font-size:11pt\"><span style=\"line-height:normal\"><span style=\"font-family:Calibri,sans-serif\"><a href=\"https:\/\/www.nonwovens-industry.com\/contents\/view_breaking-news\/2023-11-06\/replacing-pfas?utm_campaign=NON+eNewsletter&amp;utm_medium=email&amp;_hsmi=281923008&amp;_hsenc=p2ANqtz-_6vI6HeYhFnQqq_14TJS4feQ9WMK4SNfilmyOIwWRyin9stbo-PJMv6vZsD4vSJxbbO65ZnE1dPpTDzmZTeaIGVIK2Lw&amp;utm_content=281923008&amp;utm_source=hs_email\" style=\"color:blue; text-decoration:underline\"><span lang=\"EN-US\" style=\"font-size:14.0pt\">Study Addresses Challenges of Replacing PFAS<\/span><\/a><\/span><\/span><\/span><\/p>\r\n\r\n<p style=\"text-align:justify\"><span style=\"font-size:28pt\"><span style=\"font-family:Cambria,serif\"><span style=\"letter-spacing:-0.5pt\"><b><span style=\"font-size:18.0pt\"><span style=\"font-family:&quot;Calibri&quot;,sans-serif\"><span style=\"font-variant:small-caps\">Com&eacute;rcio Exterior<\/span><\/span><\/span><\/b><\/span><\/span><\/span><\/p>\r\n\r\n<p style=\"text-align:justify\"><span style=\"font-size:11pt\"><span style=\"line-height:normal\"><span style=\"font-family:Calibri,sans-serif\"><a href=\"https:\/\/www.gov.br\/mdic\/pt-br\/assuntos\/noticias\/2023\/novembro\/proposta-de-estrategia-nacional-de-comercio-exterior-entra-em-consulta-publica\" style=\"color:blue; text-decoration:underline\"><span style=\"font-size:14.0pt\">Proposta de estrat&eacute;gia nacional de com&eacute;rcio exterior entra em consulta p&uacute;blica<\/span><\/a><\/span><\/span><\/span><\/p>\r\n\r\n<p style=\"text-align:justify\"><span style=\"font-size:11pt\"><span style=\"line-height:normal\"><span style=\"font-family:Calibri,sans-serif\"><a href=\"https:\/\/www.infomoney.com.br\/politica\/apesar-de-tropecos-brasil-pretende-anunciar-acordo-mercosul-ue-em-dezembro\/\" style=\"color:blue; text-decoration:underline\"><span style=\"font-size:14.0pt\">Apesar de trope&ccedil;os, Brasil pretende anunciar acordo Mercosul-UE em dezembro<\/span><\/a><\/span><\/span><\/span><\/p>\r\n\r\n<p style=\"text-align:justify\"><span style=\"font-size:11pt\"><span style=\"line-height:normal\"><span style=\"font-family:Calibri,sans-serif\"><a href=\"https:\/\/ibre.fgv.br\/blog-da-conjuntura-economica\/artigos\/noticia-boa-e-preocupante-que-os-numeros-da-balanca-comercial\" style=\"color:blue; text-decoration:underline\"><span style=\"font-size:14.0pt\">A not&iacute;cia boa, e a preocupante, que os n&uacute;meros da balan&ccedil;a comercial brasileira mostram<\/span><\/a><\/span><\/span><\/span><\/p>\r\n\r\n<p style=\"text-align:justify\"><span style=\"font-size:11pt\"><span style=\"line-height:normal\"><span style=\"font-family:Calibri,sans-serif\"><a href=\"https:\/\/www.eiu.com\/n\/us-central-asia-relations-are-set-to-grow\/?utm_source=mkt-newsletter&amp;utm_medium=email&amp;utm_campaign=foce&amp;utm_content=10-november-2023&amp;utm_term=here&amp;mkt_tok=NzUzLVJJUS00MzgAAAGPWIFewzyRHjp8zyTV19XfrDqTaEYCuTELZlkxDlLLu-MaHS2Qenq25jv1CfZa-XbSPlCl5oBAThxVnEQ0cxkotWMNvViGxazePH5WazuAgBN_1A\" style=\"color:blue; text-decoration:underline\"><span lang=\"EN-US\" style=\"font-size:14.0pt\">US-Central Asia relations are set to grow<\/span><\/a><\/span><\/span><\/span><\/p>\r\n\r\n<p style=\"text-align:justify\"><span style=\"font-size:28pt\"><span style=\"font-family:Cambria,serif\"><span style=\"letter-spacing:-0.5pt\"><b><span style=\"font-size:18.0pt\"><span style=\"font-family:&quot;Calibri&quot;,sans-serif\"><span style=\"font-variant:small-caps\">Economia<\/span><\/span><\/span><\/b><\/span><\/span><\/span><\/p>\r\n\r\n<p style=\"text-align:justify\"><span style=\"font-size:11pt\"><span style=\"line-height:normal\"><span style=\"font-family:Calibri,sans-serif\"><a href=\"https:\/\/www.bcb.gov.br\/content\/focus\/focus\/R20231110.pdf\" style=\"color:blue; text-decoration:underline\"><span style=\"font-size:14.0pt\">Focus &ndash; Relat&oacute;rio de Mercado<\/span><\/a><\/span><\/span><\/span><\/p>\r\n\r\n<p style=\"text-align:justify\"><span style=\"font-size:11pt\"><span style=\"line-height:normal\"><span style=\"font-family:Calibri,sans-serif\"><a href=\"https:\/\/mailchi.mp\/51dd94d440b5\/reforma-tributria-aprovada-no-senado-federal?e=1082b10345\" style=\"color:blue; text-decoration:underline\"><span style=\"font-size:14.0pt\">Reforma Tribut&aacute;ria &eacute; aprovada no Senado Federal<\/span><\/a><\/span><\/span><\/span><\/p>\r\n\r\n<p style=\"text-align:justify\"><span style=\"font-size:11pt\"><span style=\"line-height:normal\"><span style=\"font-family:Calibri,sans-serif\"><a href=\"https:\/\/sovos.com\/pt-br\/blog\/tributos\/senado-aprova-e-envia-reforma-tributaria-de-volta-a-camara\/?mkt_tok=MzM0LUhWTi0yNDkAAAGPWIHW9UkFW2HmOdCS_9AETTiU_DnuBU1lENZgkrfeU2LLjEo1FzmVHfBFG5Rr_ra0R9vvR0T-pwTphdVEXfE8VDFv-sTrPTVbP3IOdSzTMNU\" style=\"color:blue; text-decoration:underline\"><span style=\"font-size:14.0pt\">Plen&aacute;rio do Senado aprovou a proposta em dois turnos de vota&ccedil;&atilde;o, com 53 votos favor&aacute;veis e 24 contr&aacute;rios e nenhuma absten&ccedil;&atilde;o<\/span><\/a><\/span><\/span><\/span><\/p>\r\n\r\n<p style=\"text-align:justify\"><span style=\"font-size:11pt\"><span style=\"line-height:normal\"><span style=\"font-family:Calibri,sans-serif\"><a href=\"https:\/\/portalibre.fgv.br\/system\/files\/2023-11\/Bar%C3%B4metros%20Globais%20KOF-FGV_Press%20release_11_2023_0.pdf\" style=\"color:blue; text-decoration:underline\"><span style=\"font-size:14.0pt\">Bar&ocirc;metro Global Antecedente sinaliza perspectivas mais favor&aacute;veis para os pr&oacute;ximos meses<\/span><\/a><\/span><\/span><\/span><\/p>\r\n\r\n<p style=\"text-align:justify\"><span style=\"font-size:11pt\"><span style=\"line-height:normal\"><span style=\"font-family:Calibri,sans-serif\"><a href=\"https:\/\/www.bcb.gov.br\/detalhenoticia\/18020\/nota\" style=\"color:blue; text-decoration:underline\"><span style=\"font-size:14.0pt\">BC divulga o Relat&oacute;rio de Estabilidade Financeira do primeiro semestre de 2023<\/span><\/a><\/span><\/span><\/span><\/p>\r\n\r\n<p style=\"text-align:justify\"><span style=\"font-size:11pt\"><span style=\"line-height:normal\"><span style=\"font-family:Calibri,sans-serif\"><a href=\"https:\/\/ibre.fgv.br\/blog-da-conjuntura-economica\/artigos\/em-foco-124\" style=\"color:blue; text-decoration:underline\"><span style=\"font-size:14.0pt\">A reforma poss&iacute;vel<\/span><\/a><\/span><\/span><\/span><\/p>\r\n\r\n<p style=\"text-align:justify\"><span style=\"font-size:11pt\"><span style=\"line-height:normal\"><span style=\"font-family:Calibri,sans-serif\"><a href=\"https:\/\/blogdoibre.fgv.br\/posts\/novos-alertas-fiscais\" style=\"color:blue; text-decoration:underline\"><span style=\"font-size:14.0pt\">Novos alertas fiscais<\/span><\/a><\/span><\/span><\/span><\/p>\r\n","texto_en":"","7":"","imagem":"COMP_banner-padrao-home-destaques-boletim-2023_20231114135426piFPgcQDC1.jpeg","8":"COMP_banner-padrao-home-destaques-boletim-2023_20231114135426piFPgcQDC1.jpeg","arquivo":"20231114-BOLETIM-ABINT-DE-NOTICIAS-SEMANAIS.PDF","9":"20231114-BOLETIM-ABINT-DE-NOTICIAS-SEMANAIS.PDF","titulo_arquivo":"20231114 Boletim ABINT de Not\u00edcias Semanais","10":"20231114 Boletim ABINT de Not\u00edcias Semanais","titulo_arquivo_en":"","11":"","created_at":"2023-11-14 13:54:34","12":"2023-11-14 13:54:34","updated_at":"2023-11-14 13:54:34","13":"2023-11-14 13:54:34"},{"id":90,"0":90,"ordem":133,"1":133,"data":"2023-11-07","2":"2023-11-07","slug":"boletim-abint-de-noticias-semanais-5","3":"boletim-abint-de-noticias-semanais-5","titulo":"Boletim ABINT de Not\u00edcias Semanais","4":"Boletim ABINT de Not\u00edcias Semanais","titulo_en":".","5":".","texto":"<p style=\"text-align:justify\"><span style=\"font-size:11pt\"><span style=\"line-height:normal\"><span style=\"font-family:Calibri,sans-serif\"><span style=\"font-size:14.0pt\">Esta &eacute; uma compila&ccedil;&atilde;o das not&iacute;cias mais relevantes para o setor, incluindo informa&ccedil;&otilde;es sobre acordos internacionais, economia brasileira, sustentabilidade e mat&eacute;rias primas, al&eacute;m de novidades do setor de N&atilde;otecidos e Tecidos T&eacute;cnicos.<\/span><\/span><\/span><\/span><\/p>\r\n\r\n<p style=\"text-align:justify\"><span style=\"font-size:28pt\"><span style=\"font-family:Cambria,serif\"><span style=\"letter-spacing:-0.5pt\"><b><span style=\"font-size:18.0pt\"><span calibri=\"\" style=\"font-family:\"><span style=\"font-variant:small-caps\">O que vem por a&iacute;<\/span><\/span><\/span><\/b><\/span><\/span><\/span><\/p>\r\n\r\n<p style=\"text-align:justify\"><img src=\"https:\/\/www.abint.org.br\/assets\/img\/editor\/abint-logo-2020-p_20231109175719jer48DB5Wm.png\" style=\"width: 200px; height: 45px;\" \/><\/p>\r\n\r\n<p style=\"text-align:justify\"><img src=\"https:\/\/www.abint.org.br\/assets\/img\/editor\/2o-seminario-abrafiltros-abint-apoiador_20231109175754RirfIfuPFr.png\" style=\"width: 500px; height: 500px;\" \/><\/p>\r\n\r\n<p style=\"text-align:justify\"><span style=\"font-size:11pt\"><span style=\"line-height:normal\"><span style=\"font-family:Calibri,sans-serif\"><span style=\"font-size:14.0pt\">A <b>ABINT<\/b> &eacute; uma das<b> apoiadoras do 2&ordm; Semin&aacute;rio de Filtros, <\/b>evento online e gratuito, que ocorrer&aacute;<b> dia 08 de novembro.<\/b><\/span><\/span><\/span><\/span><\/p>\r\n\r\n<p style=\"text-align:justify\"><span style=\"font-size:11pt\"><span style=\"line-height:normal\"><span style=\"font-family:Calibri,sans-serif\"><a href=\"http:\/\/www.abrafiltros.org.br\/seminario\" style=\"color:blue; text-decoration:underline\"><b><span style=\"font-size:14.0pt\">Informa&ccedil;&otilde;es<\/span><\/b><\/a><\/span><\/span><\/span><\/p>\r\n\r\n<p style=\"text-align:justify\">&nbsp;<\/p>\r\n\r\n<p style=\"text-align:justify\"><span style=\"font-size:11pt\"><span style=\"line-height:normal\"><span style=\"font-family:Calibri,sans-serif\"><b><span style=\"font-size:14.0pt\"><img src=\"https:\/\/www.abint.org.br\/assets\/img\/editor\/congresso-internacional-abit-2023_20231109175825PfpTNPMeko.png\" style=\"width: 500px; height: 442px;\" \/><\/span><\/b><\/span><\/span><\/span><\/p>\r\n\r\n<p style=\"text-align:justify\">&nbsp;<\/p>\r\n\r\n<p style=\"text-align:justify\"><span style=\"font-size:11pt\"><span style=\"line-height:normal\"><span style=\"font-family:Calibri,sans-serif\"><b><span style=\"font-size:14.0pt\">A ABINT &eacute; uma das patrocinadoras do Congresso Internacional ABIT 2023, <\/span><\/b><span style=\"font-size:14.0pt\">que ocorrer&aacute;<b> dias 08 e 09 de novembro, na FIESC, Florian&oacute;polis, SC.<\/b><\/span><\/span><\/span><\/span><\/p>\r\n\r\n<p style=\"text-align:justify\"><span style=\"font-size:11pt\"><span style=\"line-height:normal\"><span style=\"font-family:Calibri,sans-serif\"><a href=\"https:\/\/t.rdsv1.net\/ls\/click?upn=LFSWB5boDXSqxt4eHgA5r3YUv3HG6yY4XTXT-2BpjEpFmt56yR61Gu09ER-2Bq95-2FgFAbN46ClwLMWPZzveVybfat1CKHOKhUUtOIVaFgsR5U28dlEKVouFrV1iSMaKnlWHCANmwKiZ4x1Oy9BDRL5tuTGPXgO91zEc1uo-2FbtPYQFm3y4fMGnbuiV3FEKs9g9uy1l2sL_iW8zc4KBvTUX2z9kws1M6pjQI9DpNNh-2Fk6fgMN4DbaFx-2BL1o5swSv2HtiLB2iGFhqxZ0654f80VOIjakRycDjcrdu1MF6BdTRc4d4wYs0wcxXXPsRygypvnzeOAhjjgiEkGX1jMsv1FD9IiN0mt5TiPA-2F-2FcYbMJqgkOyyeRxcI4izBTlMz4tYAchHCwHneJZvJXH0y9HeVp67XkJynQGH21X32t2y1CeSaYEq0zVO-2BnyLK4mDGipKkH-2FZQCwU2MKfdHIIgVMZzvyz5G5cXFeOFC58YiNyn2cnMPO14gymNMfyWFH-2BHHlC3b47l7V1Qmqxs4es-2BeyjBwNpbTVF3mKTVfvVN8KGLr0cqLDBhDLHrW7KPcTfpWgS5gfvWdAKEPOEmZKoo4k2kAi0PFh6jxFYAV2tXcAZfbY2kx8RXrY81D1SMCEBW0alhXBRKfUMvljxKCVojmlXya75YoxeWm0PKiSpaikvnyQHb1SYVAvooBBGQr8kVTT7gfi2jpYOB7Yz3v8ovwiOQwMF4kMzI4BGg58Stg7NIyaStQsDmhOsSp6GMNA3SG1UPw-2Fljh3rhjS-2BFt0EiGPe9cI33b9n1X0Y0ud-2BOFmeXkp5V9mMyq0eViPM4g6fXMuiRQFG1Lhn1lb5TsAtW9vCVxHdYrOB-2F6cV4-2FiOK5JwicsxDApwdvwvys-3D\" style=\"color:blue; text-decoration:underline\"><b><span style=\"font-size:14.0pt\">Informa&ccedil;&otilde;es<\/span><\/b><\/a><\/span><\/span><\/span><\/p>\r\n\r\n<p style=\"text-align:justify\">&nbsp;<\/p>\r\n\r\n<p style=\"text-align:justify\"><img src=\"https:\/\/www.abint.org.br\/assets\/img\/editor\/post-quadrado-curso-naotecido_20231109175952kKbtJNL9wr.jpg\" style=\"width: 500px; height: 500px;\" \/><\/p>\r\n\r\n<p style=\"text-align:justify\"><span style=\"font-size:11.0pt\"><span style=\"line-height:115%\"><span calibri=\"\" style=\"font-family:\"><a href=\"https:\/\/forms.gle\/E5bZXpiNh7wZ9kcQ6\" style=\"color:blue; text-decoration:underline\"><b><span style=\"font-size:14.0pt\"><span style=\"line-height:115%\">Informa&ccedil;&otilde;es e inscri&ccedil;&otilde;es<\/span><\/span><\/b><\/a><\/span><\/span><\/span><\/p>\r\n\r\n<p style=\"text-align:justify\">&nbsp;<\/p>\r\n\r\n<p><img src=\"https:\/\/www.abint.org.br\/assets\/img\/editor\/logo-ctg-abint-jpg-pequeno_20231017124831fyXzED5Dgv.jpg\" style=\"width: 200px; height: 37px;\" \/><\/p>\r\n\r\n<p><img src=\"https:\/\/www.abint.org.br\/assets\/img\/editor\/banner-anpet-abnit_20231024120320CJ9xfQpyHw.jpeg\" style=\"width: 500px; height: 500px;\" \/><\/p>\r\n\r\n<p><b>O CTG ABINT &eacute; um dos patrocinadores do 37&ordm; ANPET &ndash; Congresso de Pesquisa e Ensino em Transporte<\/b>, que ocorrer&aacute;&nbsp;<b>de 06 a 10 de novembro de 2023, no Bourbon Santos Convention Hotel, Santos, SP<\/b>, e &eacute; uma realiza&ccedil;&atilde;o da Associa&ccedil;&atilde;o Nacional de Pesquisa e Ensino em Transportes (ANPET), da Universidade de S&atilde;o Paulo (USP), da Universidade Estadual de Campinas (UNICAMP) e da Universidade Estadual Paulista &quot;J&uacute;lio de Mesquita Filho&quot; (UNESP).<\/p>\r\n\r\n<p>&ldquo;O 37&ordm; ANPET concentrar&aacute; a discuss&atilde;o de temas de grande interesse para os profissionais que atuam no setor, possibilitando que todas as esferas ligadas &agrave; atividade de transportes, acad&ecirc;micas, cient&iacute;ficas, profissionais, privadas ou governamentais, possam apresentar seus problemas e solu&ccedil;&otilde;es, discuti-los e refletir sobre linhas de a&ccedil;&atilde;o num ambiente cooperativo e instrutivo&rdquo;.<\/p>\r\n\r\n<p>Informa&ccedil;&otilde;es e inscri&ccedil;&otilde;es,&nbsp;<a href=\"http:\/\/anpet.org.br\/37anpet\/index.php\/pt\/\">acesse aqui<\/a>.<\/p>\r\n\r\n<p>&nbsp;<\/p>\r\n\r\n<p><strong><img src=\"https:\/\/www.abint.org.br\/assets\/img\/editor\/20231107-geonorte-2023-banner-ctg-abint_202310171256350GjEiBNLgb.png\" style=\"width: 500px; height: 625px;\" \/><\/strong><\/p>\r\n\r\n<p>O&nbsp;<b>CTG ABINT patrocinar&aacute; o GEONORTE 2023<\/b>, evento realizado pela Associa&ccedil;&atilde;o Brasileira de Mec&acirc;nica dos Solos, cujo&nbsp;<b>tema deste ano ser&aacute; &quot;Geotecnia na Amaz&ocirc;nia&quot;<\/b>.<\/p>\r\n\r\n<p>O evento ocorrer&aacute; de<b>&nbsp;07 a 09 de novembro de 2023,&nbsp;<\/b>na cidade de<b>&nbsp;Palmas, TO<\/b>.<\/p>\r\n\r\n<p>Informa&ccedil;&otilde;es e inscri&ccedil;&otilde;es,&nbsp;<a href=\"https:\/\/geonorteabms.com.br\/2023\/#sobre\">acesse aqui<\/a>.<\/p>\r\n\r\n<p>&nbsp;<\/p>\r\n\r\n<p><img src=\"https:\/\/www.abint.org.br\/assets\/img\/editor\/20231122-geosul-2023-logo_20231017125749mcr7Arn2je.png\" style=\"width: 500px; height: 500px;\" \/><\/p>\r\n\r\n<p>&nbsp;<\/p>\r\n\r\n<p>O&nbsp;<b>CTG ABINT participar&aacute; tamb&eacute;m do XIII Simp&oacute;sio de Pr&aacute;tica de Engenharia Geot&eacute;cnica da Regi&atilde;o Sul (GEOSUL<\/b>), com o minicurso &ldquo;<b>A utiliza&ccedil;&atilde;o de geossint&eacute;ticos em solu&ccedil;&otilde;es para muros de conten&ccedil;&atilde;o e solos de baixa capacidade de suporte<\/b>&rdquo;, que ser&aacute; ministrado pelo Eng. Ramon Luis Cavilha, Gerente da Unidade Sul na Maccaferri do Brasil.<\/p>\r\n\r\n<p>O tradicional evento da Associa&ccedil;&atilde;o Brasileira de Mec&acirc;nica dos Solos e Engenharia Geot&eacute;cnica (ABMS),<b>&nbsp;<\/b>ocorrer&aacute; entre os dias<b>&nbsp;22 a 25 de novembro de 2023<\/b>, na cidade de<b>&nbsp;Ponta Grossa, PR<\/b>, no Bourbon Ponta Grossa Convention Hotel.<\/p>\r\n\r\n<p>Informa&ccedil;&otilde;es e inscri&ccedil;&otilde;es,&nbsp;<a href=\"https:\/\/www.geosul2023.com.br\/\">acesse aqui<\/a>.<\/p>\r\n\r\n<p><img src=\"https:\/\/www.abint.org.br\/assets\/img\/editor\/cth-logo-alta-png_20231017125845oJiJuf2y3b.png\" style=\"width: 200px; height: 100px;\" \/><\/p>\r\n\r\n<p><b><img src=\"https:\/\/www.abint.org.br\/assets\/img\/editor\/16o-congresso-sobecc_20231010164123Cs0oppox93.png\" \/><\/b><\/p>\r\n\r\n<p>O&nbsp;<b>CTH ABINT &eacute; um dos patrocinadores do 16&ordm; Congresso Brasileiro de Enfermagem em Centro Cir&uacute;rgico, Recupera&ccedil;&atilde;o Anest&eacute;sica e Centro de Material e Esteriliza&ccedil;&atilde;o e 1st International Congress of Perioperative Nursing | &ldquo;A experi&ecirc;ncia do paciente cir&uacute;rgico: o cuidado singular do amor de algu&eacute;m&rdquo;<\/b>, que ocorrer&aacute; 07 a 10 de novembro de 2023, no Centro de Conven&ccedil;&otilde;es, Distrito Anhembi, Av. Olavo Fontoura, 1209, Santana, CEP 02012-021, S&atilde;o Paulo, SP.&nbsp;<a href=\"https:\/\/www.congresso-simposio-sobecc.com.br\/sobecc2023\">Informa&ccedil;&otilde;es<\/a><\/p>\r\n\r\n<p><img src=\"https:\/\/www.abint.org.br\/assets\/img\/editor\/associadas-no-16-congresso-sobecc_20231109180232R6rvOzaWtr.png\" \/><\/p>\r\n\r\n<p style=\"text-align:justify\">&nbsp;<\/p>\r\n\r\n<p style=\"text-align:justify\">&nbsp;<\/p>\r\n\r\n<p style=\"text-align:justify\"><span style=\"font-size:28pt\"><span style=\"font-family:Cambria,serif\"><span style=\"letter-spacing:-0.5pt\"><b><span lang=\"EN-US\" style=\"font-size:18.0pt\"><span calibri=\"\" style=\"font-family:\"><span style=\"font-variant:small-caps\">Not&iacute;cias das Associadas<\/span><\/span><\/span><\/b><\/span><\/span><\/span><\/p>\r\n\r\n<p style=\"text-align:justify\"><span style=\"font-size:11pt\"><span style=\"line-height:normal\"><span style=\"font-family:Calibri,sans-serif\"><a href=\"https:\/\/www.automotivetestingtechnologyinternational.com\/news\/battery-powertrain-testing\/freudenberg-sealing-technologies-enhances-ev-battery-testing-capabilities-in-north-america.html\" style=\"color:blue; text-decoration:underline\"><span lang=\"EN-US\" style=\"font-size:14.0pt\">Freudenberg Sealing Technologies enhances EV battery testing capabilities in North America<\/span><\/a><\/span><\/span><\/span><\/p>\r\n\r\n<p style=\"text-align:justify\">&nbsp;<\/p>\r\n\r\n<p style=\"text-align:justify\"><span style=\"font-size:11pt\"><span style=\"line-height:normal\"><span style=\"font-family:Calibri,sans-serif\"><b><span style=\"font-size:18.0pt\"><span style=\"font-variant:small-caps\">Eventos<\/span><\/span><\/b><\/span><\/span><\/span><\/p>\r\n\r\n<p style=\"text-align:justify\"><span style=\"font-size:11pt\"><span style=\"line-height:normal\"><span style=\"font-family:Calibri,sans-serif\"><b><span style=\"font-size:14.0pt\">FEIPLAR COMPOSITES &amp; FEIPUR | Pain&eacute;is Setoriais 2023<\/span><\/b><span style=\"font-size:14.0pt\">, 07 a 09 de novembro de 2023, 09h00 &agrave;s 17h00, evento online. <\/span><a href=\"https:\/\/www.webcastlive.com.br\/aspen\/\" style=\"color:blue; text-decoration:underline\"><span style=\"font-size:14.0pt\">Informa&ccedil;&otilde;es<\/span><\/a> <\/span><\/span><\/span><\/p>\r\n\r\n<p style=\"text-align:justify\"><span style=\"font-size:11pt\"><span style=\"line-height:normal\"><span style=\"font-family:Calibri,sans-serif\"><b><span style=\"font-size:14.0pt\">5&ordm; F&oacute;rum de Neg&oacute;cios sobre o Novo Marco do Saneamento<\/span><\/b><span style=\"font-size:14.0pt\">, 23 de novembro de 2023, 08h30 &agrave;s 18h00, Hotel Grand Mercure Ibirapuera, Rua Sena Madureira, 1355, S&atilde;o Paulo, SP. <\/span><a href=\"https:\/\/www.conceitoseminarios.com.br\/seminario\/forum-novo-marco-saneamento\/\" style=\"color:blue; text-decoration:underline\"><span style=\"font-size:14.0pt\">Informa&ccedil;&otilde;es<\/span><\/a> <\/span><\/span><\/span><\/p>\r\n\r\n<p style=\"text-align:justify\"><span style=\"font-size:11pt\"><span style=\"line-height:normal\"><span style=\"font-family:Calibri,sans-serif\"><b><span style=\"font-size:14.0pt\">XI F&oacute;rum Empresarial do MERCOSUL, <\/span><\/b><span style=\"font-size:14.0pt\">27 de novembro de 2023, 09h30 &agrave;s 17h30, Edif&iacute;cio Roberto Simonsen, SBN Qd. 01, Bloco C, Bras&iacute;lia, DF. <\/span><a href=\"https:\/\/www.portaldaindustria.com.br\/eventos\/pt\/edicoes\/xi-forum-empresarial-do-mercosul-xi-forum-empresar?utm_source=comext&amp;utm_medium=email&amp;utm_campaign=eventos&amp;utm_content=id00154\" style=\"color:blue; text-decoration:underline\"><span style=\"font-size:14.0pt\">Informa&ccedil;&otilde;es<\/span><\/a> <\/span><\/span><\/span><\/p>\r\n\r\n<p style=\"text-align:justify\"><span style=\"font-size:11pt\"><span style=\"line-height:normal\"><span style=\"font-family:Calibri,sans-serif\"><b><span style=\"font-size:14.0pt\">9&ordm; F&oacute;rum IEL de Inova&ccedil;&atilde;o | <\/span><\/b><b><span style=\"font-size:14.0pt\">Competitividade e Associativismo em Gest&atilde;o<\/span><\/b><span style=\"font-size:14.0pt\">, 28 de novembro de 2023, 14h00 &agrave;s 16h00, Centro de Eventos FIERGS (Sal&atilde;o de Conven&ccedil;&otilde;es), Avenida Assis Brasil, 8787, Sarandi, 91140-001, Porto Alegre, RS. <\/span><a href=\"https:\/\/9forumiel.eventize.com.br\/\" style=\"color:blue; text-decoration:underline\"><span style=\"font-size:14.0pt\">Informa&ccedil;&otilde;es<\/span><\/a> <\/span><\/span><\/span><\/p>\r\n\r\n<p style=\"text-align:justify\"><span style=\"font-size:11pt\"><span style=\"line-height:normal\"><span style=\"font-family:Calibri,sans-serif\"><b><span lang=\"EN-US\" style=\"font-size:14.0pt\">Industry CCUS 2023,<\/span><\/b> <span lang=\"EN-US\" style=\"font-size:14.0pt\">29-30 November, Rotterdam, Netherlands.<\/span> <a href=\"https:\/\/fortesmedia.com\/industry-ccus-conference-2023,4,en,2,1,28.html#register\" style=\"color:blue; text-decoration:underline\"><span style=\"font-size:14.0pt\">Informa&ccedil;&otilde;es<\/span><\/a> <\/span><\/span><\/span><\/p>\r\n\r\n<p style=\"text-align:justify\"><span style=\"font-size:11pt\"><span style=\"line-height:normal\"><span style=\"font-family:Calibri,sans-serif\"><b><span style=\"font-size:14.0pt\">FEIPLAR COMPOSITES &amp; FEIPUR &ndash; Feira e Congresso Internacionais de Composites, Poliuretano, Pl&aacute;sticos de Engenharia e Compostos Termopl&aacute;sticos<\/span><\/b><span style=\"font-size:14.0pt\">, 20 a 22 de agosto de 2024, S&atilde;o Paulo Expo (Pavilh&atilde;o 5), palestras: das 8h30 &agrave;s 18h, feira: das 13h &agrave;s 20h.<b> <\/b><\/span><a href=\"http:\/\/www.feiplar.com\" style=\"color:blue; text-decoration:underline\"><span style=\"font-size:14.0pt\">www.feiplar.com<\/span><\/a> <\/span><\/span><\/span><\/p>\r\n\r\n<p style=\"text-align:justify\"><span style=\"font-size:28pt\"><span style=\"font-family:Cambria,serif\"><span style=\"letter-spacing:-0.5pt\"><b><span style=\"font-size:18.0pt\"><span calibri=\"\" style=\"font-family:\"><span style=\"font-variant:small-caps\">Setor<\/span><\/span><\/span><\/b><\/span><\/span><\/span><\/p>\r\n\r\n<p style=\"text-align:justify\"><span style=\"font-size:11pt\"><span style=\"line-height:normal\"><span style=\"font-family:Calibri,sans-serif\"><a href=\"https:\/\/tribunahoje.com\/noticias\/cidades\/2023\/11\/02\/128939-maceio-ja-tem-plano-de-enfrentamento-ao-periodo-chuvoso-de-2024#google_vignette\" style=\"color:blue; text-decoration:underline\"><span style=\"font-size:14.0pt\">Geomanta: Macei&oacute; j&aacute; tem plano de enfrentamento ao per&iacute;odo chuvoso de 2024<\/span><\/a><\/span><\/span><\/span><\/p>\r\n\r\n<p style=\"text-align:justify\"><span style=\"font-size:11pt\"><span style=\"line-height:normal\"><span style=\"font-family:Calibri,sans-serif\"><a href=\"https:\/\/www.technicaltextile.net\/articles\/technological-innovations-in-medical-textiles-9690\" style=\"color:blue; text-decoration:underline\"><span lang=\"EN-US\" style=\"font-size:14.0pt\">Technological Innovations In Medical Textiles<\/span><\/a><\/span><\/span><\/span><\/p>\r\n\r\n<p style=\"text-align:justify\"><span style=\"font-size:11pt\"><span style=\"line-height:normal\"><span style=\"font-family:Calibri,sans-serif\"><a href=\"https:\/\/www.nonwovens-industry.com\/contents\/view_breaking-news\/2023-10-30\/california-sewer-analysis-conducted?utm_campaign=NON+eNewsletter&amp;utm_medium=email&amp;_hsmi=280970546&amp;_hsenc=p2ANqtz-8UHwJ3F5hicep5iCFTiLspMnl3ArA4phNLEhMuXM9moNfiKX7iwe0Tq_2vH-PrvZmlAOeD5EtIzelinUgFDv-YmPG0QA&amp;utm_content=280970546&amp;utm_source=hs_email\" style=\"color:blue; text-decoration:underline\"><span lang=\"EN-US\" style=\"font-size:14.0pt\">California Sewer Analysis Conducted<\/span><\/a><\/span><\/span><\/span><\/p>\r\n\r\n<p style=\"text-align:justify\"><span style=\"font-size:11pt\"><span style=\"line-height:normal\"><span style=\"font-family:Calibri,sans-serif\"><span style=\"font-size:14.0pt\"><a href=\"https:\/\/forbes.com.br\/forbesagro\/2023\/11\/braskem-idesa-e-advario-captam-us-408-milhoes-para-terminal-de-importacao-de-etanol-no-mexico\/\" style=\"color:blue; text-decoration:underline\">Braskem Idesa e Advario captam US$ 408 milh&otilde;es para terminal de importa&ccedil;&atilde;o de etanol no M&eacute;xico<\/a><\/span><\/span><\/span><\/span><\/p>\r\n\r\n<p style=\"text-align:justify\"><span style=\"font-size:11pt\"><span style=\"line-height:normal\"><span style=\"font-family:Calibri,sans-serif\"><a href=\"https:\/\/abiquim.org.br\/comunicacao\/noticia\/11043\" style=\"color:blue; text-decoration:underline\"><span style=\"font-size:14.0pt\">Abiquim e entidades da cadeia do pl&aacute;stico se re&uacute;nem com o presidente da CAE para debater projeto que prev&ecirc; banimento de pl&aacute;sticos<\/span><\/a><\/span><\/span><\/span><\/p>\r\n\r\n<p style=\"text-align:justify\"><span style=\"font-size:28pt\"><span style=\"font-family:Cambria,serif\"><span style=\"letter-spacing:-0.5pt\"><b><span style=\"font-size:18.0pt\"><span calibri=\"\" style=\"font-family:\"><span style=\"font-variant:small-caps\">Ind&uacute;stria<\/span><\/span><\/span><\/b><\/span><\/span><\/span><\/p>\r\n\r\n<p style=\"text-align:justify\"><span style=\"font-size:11pt\"><span style=\"line-height:normal\"><span style=\"font-family:Calibri,sans-serif\"><a href=\"https:\/\/www.mobiauto.com.br\/revista\/por-quanto-tempo-o-brasil-sustentara-uma-industria-de-carros-tao-ociosa\/3623\" style=\"color:blue; text-decoration:underline\"><span style=\"font-size:14.0pt\">Por quanto tempo o Brasil sustentar&aacute; uma ind&uacute;stria de carros t&atilde;o ociosa?<\/span><\/a><\/span><\/span><\/span><\/p>\r\n\r\n<p style=\"text-align:justify\"><span style=\"font-size:11pt\"><span style=\"line-height:normal\"><span style=\"font-family:Calibri,sans-serif\"><a href=\"https:\/\/noticias.portaldaindustria.com.br\/noticias\/politica-industrial\/a-retomada-da-politica-industrial\/\" style=\"color:blue; text-decoration:underline\"><span style=\"font-size:14.0pt\">Plano de Retomada da Ind&uacute;stria &eacute; apontado como marco da retomada da pol&iacute;tica industrial<\/span><\/a><\/span><\/span><\/span><\/p>\r\n\r\n<p style=\"text-align:justify\"><span style=\"font-size:11pt\"><span style=\"line-height:normal\"><span style=\"font-family:Calibri,sans-serif\"><a href=\"https:\/\/www.fiesp.com.br\/noticias\/producao-industrial-fecha-o-terceiro-trimestre-perto-da-estabilidade\/\" style=\"color:blue; text-decoration:underline\"><span style=\"font-size:14.0pt\">Produ&ccedil;&atilde;o industrial fecha o terceiro trimestre perto da estabilidade<\/span><\/a><\/span><\/span><\/span><\/p>\r\n\r\n<p style=\"text-align:justify\"><span style=\"font-size:11pt\"><span style=\"line-height:normal\"><span style=\"font-family:Calibri,sans-serif\"><a href=\"https:\/\/agenciabrasil.ebc.com.br\/economia\/noticia\/2023-10\/caged-registra-criacao-de-2117-mil-postos-de-trabalho-em-setembro\" style=\"color:blue; text-decoration:underline\"><span style=\"font-size:14.0pt\">Caged registra cria&ccedil;&atilde;o de 211,7 mil postos de trabalho em setembro<\/span><\/a><\/span><\/span><\/span><\/p>\r\n\r\n<p style=\"text-align:justify\"><span style=\"font-size:11pt\"><span style=\"line-height:normal\"><span style=\"font-family:Calibri,sans-serif\"><a href=\"https:\/\/noticias.portaldaindustria.com.br\/noticias\/economia\/caem-faturamento-e-horas-trabalhadas-na-industria-de-transformacao-em-setembro\/\" style=\"color:blue; text-decoration:underline\"><span style=\"font-size:14.0pt\">Caem faturamento e horas trabalhadas na ind&uacute;stria de transforma&ccedil;&atilde;o em setembro<\/span><\/a><\/span><\/span><\/span><\/p>\r\n\r\n<p style=\"text-align:justify\"><span style=\"font-size:11pt\"><span style=\"line-height:normal\"><span style=\"font-family:Calibri,sans-serif\"><a href=\"https:\/\/www.spms.min-saude.pt\/2023\/11\/acordo-quadro-365-2023-compressas-e-outro-material-de-algodao-e-tecido-nao-tecido-na-area-da-saude\/\" style=\"color:blue; text-decoration:underline\"><span style=\"font-size:14.0pt\">Portugal | Publica&ccedil;&atilde;o do Concurso P&uacute;blico Internacional para a forma&ccedil;&atilde;o do Acordo-Quadro com a refer&ecirc;ncia 365\/2023 para fornecimento de Compressas e outro material de algod&atilde;o e tecido n&atilde;o tecido, na &aacute;rea da sa&uacute;de<\/span><\/a><\/span><\/span><\/span><\/p>\r\n\r\n<p style=\"text-align:justify\"><span style=\"font-size:28pt\"><span style=\"font-family:Cambria,serif\"><span style=\"letter-spacing:-0.5pt\"><b><span style=\"font-size:18.0pt\"><span calibri=\"\" style=\"font-family:\"><span style=\"font-variant:small-caps\">Sustentabilidade<\/span><\/span><\/span><\/b><\/span><\/span><\/span><\/p>\r\n\r\n<p style=\"text-align:justify\"><span style=\"font-size:11pt\"><span style=\"line-height:normal\"><span style=\"font-family:Calibri,sans-serif\"><a href=\"https:\/\/www.jn.pt\/4774642194\/setor-textil-precisa-de-reduzir-em-90-emissoes-de-gases\/\" style=\"color:blue; text-decoration:underline\"><span style=\"font-size:14.0pt\">Setor t&ecirc;xtil precisa de reduzir em 90% emiss&otilde;es de gases<\/span><\/a><\/span><\/span><\/span><\/p>\r\n\r\n<p style=\"text-align:justify\"><span style=\"font-size:11pt\"><span style=\"line-height:normal\"><span style=\"font-family:Calibri,sans-serif\"><a href=\"https:\/\/plasticosemrevista.com.br\/eua-reciclagem-de-pet-frustra-expectativas\/\" style=\"color:blue; text-decoration:underline\"><span style=\"font-size:14.0pt\">EUA: reciclagem de PET frustra expectativas<\/span><\/a><\/span><\/span><\/span><\/p>\r\n\r\n<p style=\"text-align:justify\"><span style=\"font-size:11pt\"><span style=\"line-height:normal\"><span style=\"font-family:Calibri,sans-serif\"><a href=\"https:\/\/souagro.net\/noticia\/2023\/11\/vale-passa-a-usar-controle-ambiental-a-base-de-plastico-pet\/\" style=\"color:blue; text-decoration:underline\"><span style=\"font-size:14.0pt\">Vale passa a usar controle ambiental &agrave; base de pl&aacute;stico PET<\/span><\/a><\/span><\/span><\/span><\/p>\r\n\r\n<p style=\"text-align:justify\"><span style=\"font-size:11pt\"><span style=\"line-height:normal\"><span style=\"font-family:Calibri,sans-serif\"><a href=\"https:\/\/textileindustry.ning.com\/forum\/topics\/senai-cetiqt-1-simp-sio-de-economia-circular-tra-a-panorama-sobre\" style=\"color:blue; text-decoration:underline\"><span style=\"font-size:14.0pt\">SENAI CETIQT: 1&ordm; Simp&oacute;sio de Economia Circular tra&ccedil;a panorama sobre projetos em prol do desenvolvimento sustent&aacute;vel<\/span><\/a><\/span><\/span><\/span><\/p>\r\n\r\n<p style=\"text-align:justify\"><span style=\"font-size:11pt\"><span style=\"line-height:normal\"><span style=\"font-family:Calibri,sans-serif\"><a href=\"https:\/\/revistamt.com.br\/Noticias\/Exibir\/industria-da-mineracao-ganha-projeto-de-descarbonizacao?utm_source=akna&amp;utm_medium=email&amp;utm_campaign=Revista-M-T-Informativo-651-31-10-2023&amp;utm_source=akna&amp;utm_medium=email&amp;utm_campaign=Revista-M-T-Informativo-651-31-10-2023\" style=\"color:blue; text-decoration:underline\"><span style=\"font-size:14.0pt\">Ind&uacute;stria da minera&ccedil;&atilde;o ganha projeto de descarboniza&ccedil;&atilde;o<\/span><\/a><\/span><\/span><\/span><\/p>\r\n\r\n<p style=\"text-align:justify\"><span style=\"font-size:11pt\"><span style=\"line-height:normal\"><span style=\"font-family:Calibri,sans-serif\"><a href=\"https:\/\/revistamt.com.br\/Noticias\/Exibir\/relatorio-indica-que-628-das-barragens-brasileiras-em-situacao-de-alerta-ou-emergencia-estao-em-minas-gerais?utm_source=akna&amp;utm_medium=email&amp;utm_campaign=Revista-M-T-Informativo-651-31-10-2023&amp;utm_source=akna&amp;utm_medium=email&amp;utm_campaign=Revista-M-T-Informativo-651-31-10-2023\" style=\"color:blue; text-decoration:underline\"><span style=\"font-size:14.0pt\">Relat&oacute;rio indica que 62,8% das barragens brasileiras em situa&ccedil;&atilde;o de emerg&ecirc;ncia est&atilde;o em Minas Gerais<\/span><\/a><\/span><\/span><\/span><\/p>\r\n\r\n<p style=\"text-align:justify\"><span style=\"font-size:28pt\"><span style=\"font-family:Cambria,serif\"><span style=\"letter-spacing:-0.5pt\"><b><span lang=\"EN-US\" style=\"font-size:18.0pt\"><span calibri=\"\" style=\"font-family:\"><span style=\"font-variant:small-caps\">Inova&ccedil;&atilde;o<\/span><\/span><\/span><\/b><\/span><\/span><\/span><\/p>\r\n\r\n<p style=\"text-align:justify\"><span style=\"font-size:11pt\"><span style=\"line-height:normal\"><span style=\"font-family:Calibri,sans-serif\"><a href=\"https:\/\/www.innovationintextiles.com\/research-development-education\/a-costeffective-shape-shifting-fibre\/\" style=\"color:blue; text-decoration:underline\"><span lang=\"EN-US\" style=\"font-size:14.0pt\">A cost-effective shape shifting fibre<\/span><\/a><\/span><\/span><\/span><\/p>\r\n\r\n<p style=\"text-align:justify\"><span style=\"font-size:11pt\"><span style=\"line-height:normal\"><span style=\"font-family:Calibri,sans-serif\"><a href=\"https:\/\/www.gov.br\/mcti\/pt-br\/acompanhe-o-mcti\/noticias\/2023\/11\/4deg-semana-de-inovacao-brasil-na-suecia-tera-participacao-do-mcti-para-fortalecer-parcerias-entre-ambos-os-paises\" style=\"color:blue; text-decoration:underline\"><span style=\"font-size:14.0pt\">4&deg; Semana de Inova&ccedil;&atilde;o Brasil - Su&eacute;cia ter&aacute; participa&ccedil;&atilde;o do MCTI<\/span><\/a><\/span><\/span><\/span><\/p>\r\n\r\n<p style=\"text-align:justify\"><span style=\"font-size:11pt\"><span style=\"line-height:normal\"><span style=\"font-family:Calibri,sans-serif\"><a href=\"https:\/\/agenciasebrae.com.br\/inovacao-e-tecnologia\/cni-e-sebrae-selecionam-ambientes-de-inovacao-para-mapeamento-de-tecnologias\/\" style=\"color:blue; text-decoration:underline\"><span style=\"font-size:14.0pt\">CNI e Sebrae selecionam ambientes de inova&ccedil;&atilde;o para mapeamento de tecnologias<\/span><\/a><\/span><\/span><\/span><\/p>\r\n\r\n<p style=\"text-align:justify\"><span style=\"font-size:11pt\"><span style=\"line-height:normal\"><span style=\"font-family:Calibri,sans-serif\"><a href=\"https:\/\/agenciasebrae.com.br\/cultura-empreendedora\/inovacao-sustentabilidade-e-inclusao-serao-indutores-de-mudanca-nos-pequenos-negocios\/\" style=\"color:blue; text-decoration:underline\"><span style=\"font-size:14.0pt\">Inova&ccedil;&atilde;o, sustentabilidade e inclus&atilde;o ser&atilde;o indutores de mudan&ccedil;a nos pequenos neg&oacute;cios<\/span><\/a><\/span><\/span><\/span><\/p>\r\n\r\n<p style=\"text-align:justify\"><span style=\"font-size:28pt\"><span style=\"font-family:Cambria,serif\"><span style=\"letter-spacing:-0.5pt\"><b><span style=\"font-size:18.0pt\"><span calibri=\"\" style=\"font-family:\"><span style=\"font-variant:small-caps\">Com&eacute;rcio Exterior<\/span><\/span><\/span><\/b><\/span><\/span><\/span><\/p>\r\n\r\n<p style=\"text-align:justify\"><span style=\"font-size:11pt\"><span style=\"line-height:normal\"><span style=\"font-family:Calibri,sans-serif\"><a href=\"https:\/\/noticias.portaldaindustria.com.br\/noticias\/internacional\/acordo-mercosul-ue-e-prioridade-para-mais-de-75-da-industria-aponta-cni\/\" style=\"color:blue; text-decoration:underline\"><span style=\"font-size:14.0pt\">Acordo Mercosul-UE &eacute; prioridade para mais de 75% da ind&uacute;stria, aponta CNI<\/span><\/a><\/span><\/span><\/span><\/p>\r\n\r\n<p style=\"text-align:justify\"><span style=\"font-size:11pt\"><span style=\"line-height:normal\"><span style=\"font-family:Calibri,sans-serif\"><a href=\"https:\/\/www.technicaltextile.net\/news\/madagascar-initiates-wto-safeguard-investigation-on-sanitary-napkins-291067.html#google_vignette\" style=\"color:blue; text-decoration:underline\"><span lang=\"EN-US\" style=\"font-size:14.0pt\">Madagascar initiates WTO safeguard investigation on sanitary napkins<\/span><\/a><\/span><\/span><\/span><\/p>\r\n\r\n<p style=\"text-align:justify\"><span style=\"font-size:11pt\"><span style=\"line-height:normal\"><span style=\"font-family:Calibri,sans-serif\"><a href=\"https:\/\/www.iadb.org\/pt-br\/noticias\/bid-e-mdic-anunciam-parceria-para-fortalecer-e-agilizar-o-comercio-internacional-no-brasil?utm_source=Email&amp;utm_medium=News&amp;utm_campaign=BID%20e%20MDIC%20anunciam%20parceria%20para%20fortalecer%20e%20agilizar%20o%20com%C3%A9rcio%20internacional%20no%20Brasil&amp;utm_term=News&amp;j=944902&amp;sfmc_sub=194913938&amp;l=295_HTML&amp;u=17067281&amp;mid=100007543&amp;jb=1\" style=\"color:blue; text-decoration:underline\"><span style=\"font-size:14.0pt\">BID e MDIC anunciam parceria para fortalecer e agilizar o com&eacute;rcio internacional no Brasil<\/span><\/a><\/span><\/span><\/span><\/p>\r\n\r\n<p style=\"text-align:justify\"><span style=\"font-size:28pt\"><span style=\"font-family:Cambria,serif\"><span style=\"letter-spacing:-0.5pt\"><b><span style=\"font-size:18.0pt\"><span calibri=\"\" style=\"font-family:\"><span style=\"font-variant:small-caps\">Economia<\/span><\/span><\/span><\/b><\/span><\/span><\/span><\/p>\r\n\r\n<p style=\"text-align:justify\"><span style=\"font-size:11pt\"><span style=\"line-height:normal\"><span style=\"font-family:Calibri,sans-serif\"><a href=\"https:\/\/www.bcb.gov.br\/content\/focus\/focus\/R20231103.pdf\" style=\"color:blue; text-decoration:underline\"><span style=\"font-size:14.0pt\">Focus &ndash; Relat&oacute;rio de Mercado<\/span><\/a><\/span><\/span><\/span><\/p>\r\n\r\n<p style=\"text-align:justify\"><span style=\"font-size:11pt\"><span style=\"line-height:normal\"><span style=\"font-family:Calibri,sans-serif\"><a href=\"https:\/\/www.bcb.gov.br\/content\/controleinflacao\/focusdistribuicoesfrequencia\/P20231106-Focus-Distribuicoes-de-frequencia.pdf\" style=\"color:blue; text-decoration:underline\"><span style=\"font-size:14.0pt\">Focus &ndash; Distribui&ccedil;&otilde;es de Frequ&ecirc;ncia das Expectativas de Mercado para IPCA, Selic, PIB e C&acirc;mbio.<\/span><\/a><\/span><\/span><\/span><\/p>\r\n\r\n<p style=\"text-align:justify\"><span style=\"font-size:11pt\"><span style=\"line-height:normal\"><span style=\"font-family:Calibri,sans-serif\"><a href=\"https:\/\/ibre.fgv.br\/blog-da-conjuntura-economica\/artigos\/sondagens-queda-generalizada-da-confianca-em-outubro-entre\" style=\"color:blue; text-decoration:underline\"><span style=\"font-size:14.0pt\">Sondagens: queda generalizada da confian&ccedil;a em outubro, entre empresas e consumidores<\/span><\/a><\/span><\/span><\/span><\/p>\r\n\r\n<p style=\"text-align:justify\"><span style=\"font-size:11pt\"><span style=\"line-height:normal\"><span style=\"font-family:Calibri,sans-serif\"><a href=\"https:\/\/portalibre.fgv.br\/system\/files\/2023-11\/%C3%8Dndice%20de%20Confian%C3%A7a%20Empresarial%20FGV_press%20release_Out23_0.pdf\" style=\"color:blue; text-decoration:underline\"><span style=\"font-size:14.0pt\">Confian&ccedil;a Empresarial volta a cair ap&oacute;s acomoda&ccedil;&atilde;o<\/span><\/a><\/span><\/span><\/span><\/p>\r\n\r\n<p style=\"text-align:justify\"><span style=\"font-size:11pt\"><span style=\"line-height:normal\"><span style=\"font-family:Calibri,sans-serif\"><a href=\"https:\/\/agenciasebrae.com.br\/economia-e-politica\/15-dos-pequenos-comercios-pretendem-contratar-nos-proximos-tres-meses\/\" style=\"color:blue; text-decoration:underline\"><span style=\"font-size:14.0pt\">15% dos pequenos com&eacute;rcios pretendem contratar nos pr&oacute;ximos tr&ecirc;s meses<\/span><\/a><\/span><\/span><\/span><\/p>\r\n","6":"<p style=\"text-align:justify\"><span style=\"font-size:11pt\"><span style=\"line-height:normal\"><span style=\"font-family:Calibri,sans-serif\"><span style=\"font-size:14.0pt\">Esta &eacute; uma compila&ccedil;&atilde;o das not&iacute;cias mais relevantes para o setor, incluindo informa&ccedil;&otilde;es sobre acordos internacionais, economia brasileira, sustentabilidade e mat&eacute;rias primas, al&eacute;m de novidades do setor de N&atilde;otecidos e Tecidos T&eacute;cnicos.<\/span><\/span><\/span><\/span><\/p>\r\n\r\n<p style=\"text-align:justify\"><span style=\"font-size:28pt\"><span style=\"font-family:Cambria,serif\"><span style=\"letter-spacing:-0.5pt\"><b><span style=\"font-size:18.0pt\"><span calibri=\"\" style=\"font-family:\"><span style=\"font-variant:small-caps\">O que vem por a&iacute;<\/span><\/span><\/span><\/b><\/span><\/span><\/span><\/p>\r\n\r\n<p style=\"text-align:justify\"><img src=\"https:\/\/www.abint.org.br\/assets\/img\/editor\/abint-logo-2020-p_20231109175719jer48DB5Wm.png\" style=\"width: 200px; height: 45px;\" \/><\/p>\r\n\r\n<p style=\"text-align:justify\"><img src=\"https:\/\/www.abint.org.br\/assets\/img\/editor\/2o-seminario-abrafiltros-abint-apoiador_20231109175754RirfIfuPFr.png\" style=\"width: 500px; height: 500px;\" \/><\/p>\r\n\r\n<p style=\"text-align:justify\"><span style=\"font-size:11pt\"><span style=\"line-height:normal\"><span style=\"font-family:Calibri,sans-serif\"><span style=\"font-size:14.0pt\">A <b>ABINT<\/b> &eacute; uma das<b> apoiadoras do 2&ordm; Semin&aacute;rio de Filtros, <\/b>evento online e gratuito, que ocorrer&aacute;<b> dia 08 de novembro.<\/b><\/span><\/span><\/span><\/span><\/p>\r\n\r\n<p style=\"text-align:justify\"><span style=\"font-size:11pt\"><span style=\"line-height:normal\"><span style=\"font-family:Calibri,sans-serif\"><a href=\"http:\/\/www.abrafiltros.org.br\/seminario\" style=\"color:blue; text-decoration:underline\"><b><span style=\"font-size:14.0pt\">Informa&ccedil;&otilde;es<\/span><\/b><\/a><\/span><\/span><\/span><\/p>\r\n\r\n<p style=\"text-align:justify\">&nbsp;<\/p>\r\n\r\n<p style=\"text-align:justify\"><span style=\"font-size:11pt\"><span style=\"line-height:normal\"><span style=\"font-family:Calibri,sans-serif\"><b><span style=\"font-size:14.0pt\"><img src=\"https:\/\/www.abint.org.br\/assets\/img\/editor\/congresso-internacional-abit-2023_20231109175825PfpTNPMeko.png\" style=\"width: 500px; height: 442px;\" \/><\/span><\/b><\/span><\/span><\/span><\/p>\r\n\r\n<p style=\"text-align:justify\">&nbsp;<\/p>\r\n\r\n<p style=\"text-align:justify\"><span style=\"font-size:11pt\"><span style=\"line-height:normal\"><span style=\"font-family:Calibri,sans-serif\"><b><span style=\"font-size:14.0pt\">A ABINT &eacute; uma das patrocinadoras do Congresso Internacional ABIT 2023, <\/span><\/b><span style=\"font-size:14.0pt\">que ocorrer&aacute;<b> dias 08 e 09 de novembro, na FIESC, Florian&oacute;polis, SC.<\/b><\/span><\/span><\/span><\/span><\/p>\r\n\r\n<p style=\"text-align:justify\"><span style=\"font-size:11pt\"><span style=\"line-height:normal\"><span style=\"font-family:Calibri,sans-serif\"><a href=\"https:\/\/t.rdsv1.net\/ls\/click?upn=LFSWB5boDXSqxt4eHgA5r3YUv3HG6yY4XTXT-2BpjEpFmt56yR61Gu09ER-2Bq95-2FgFAbN46ClwLMWPZzveVybfat1CKHOKhUUtOIVaFgsR5U28dlEKVouFrV1iSMaKnlWHCANmwKiZ4x1Oy9BDRL5tuTGPXgO91zEc1uo-2FbtPYQFm3y4fMGnbuiV3FEKs9g9uy1l2sL_iW8zc4KBvTUX2z9kws1M6pjQI9DpNNh-2Fk6fgMN4DbaFx-2BL1o5swSv2HtiLB2iGFhqxZ0654f80VOIjakRycDjcrdu1MF6BdTRc4d4wYs0wcxXXPsRygypvnzeOAhjjgiEkGX1jMsv1FD9IiN0mt5TiPA-2F-2FcYbMJqgkOyyeRxcI4izBTlMz4tYAchHCwHneJZvJXH0y9HeVp67XkJynQGH21X32t2y1CeSaYEq0zVO-2BnyLK4mDGipKkH-2FZQCwU2MKfdHIIgVMZzvyz5G5cXFeOFC58YiNyn2cnMPO14gymNMfyWFH-2BHHlC3b47l7V1Qmqxs4es-2BeyjBwNpbTVF3mKTVfvVN8KGLr0cqLDBhDLHrW7KPcTfpWgS5gfvWdAKEPOEmZKoo4k2kAi0PFh6jxFYAV2tXcAZfbY2kx8RXrY81D1SMCEBW0alhXBRKfUMvljxKCVojmlXya75YoxeWm0PKiSpaikvnyQHb1SYVAvooBBGQr8kVTT7gfi2jpYOB7Yz3v8ovwiOQwMF4kMzI4BGg58Stg7NIyaStQsDmhOsSp6GMNA3SG1UPw-2Fljh3rhjS-2BFt0EiGPe9cI33b9n1X0Y0ud-2BOFmeXkp5V9mMyq0eViPM4g6fXMuiRQFG1Lhn1lb5TsAtW9vCVxHdYrOB-2F6cV4-2FiOK5JwicsxDApwdvwvys-3D\" style=\"color:blue; text-decoration:underline\"><b><span style=\"font-size:14.0pt\">Informa&ccedil;&otilde;es<\/span><\/b><\/a><\/span><\/span><\/span><\/p>\r\n\r\n<p style=\"text-align:justify\">&nbsp;<\/p>\r\n\r\n<p style=\"text-align:justify\"><img src=\"https:\/\/www.abint.org.br\/assets\/img\/editor\/post-quadrado-curso-naotecido_20231109175952kKbtJNL9wr.jpg\" style=\"width: 500px; height: 500px;\" \/><\/p>\r\n\r\n<p style=\"text-align:justify\"><span style=\"font-size:11.0pt\"><span style=\"line-height:115%\"><span calibri=\"\" style=\"font-family:\"><a href=\"https:\/\/forms.gle\/E5bZXpiNh7wZ9kcQ6\" style=\"color:blue; text-decoration:underline\"><b><span style=\"font-size:14.0pt\"><span style=\"line-height:115%\">Informa&ccedil;&otilde;es e inscri&ccedil;&otilde;es<\/span><\/span><\/b><\/a><\/span><\/span><\/span><\/p>\r\n\r\n<p style=\"text-align:justify\">&nbsp;<\/p>\r\n\r\n<p><img src=\"https:\/\/www.abint.org.br\/assets\/img\/editor\/logo-ctg-abint-jpg-pequeno_20231017124831fyXzED5Dgv.jpg\" style=\"width: 200px; height: 37px;\" \/><\/p>\r\n\r\n<p><img src=\"https:\/\/www.abint.org.br\/assets\/img\/editor\/banner-anpet-abnit_20231024120320CJ9xfQpyHw.jpeg\" style=\"width: 500px; height: 500px;\" \/><\/p>\r\n\r\n<p><b>O CTG ABINT &eacute; um dos patrocinadores do 37&ordm; ANPET &ndash; Congresso de Pesquisa e Ensino em Transporte<\/b>, que ocorrer&aacute;&nbsp;<b>de 06 a 10 de novembro de 2023, no Bourbon Santos Convention Hotel, Santos, SP<\/b>, e &eacute; uma realiza&ccedil;&atilde;o da Associa&ccedil;&atilde;o Nacional de Pesquisa e Ensino em Transportes (ANPET), da Universidade de S&atilde;o Paulo (USP), da Universidade Estadual de Campinas (UNICAMP) e da Universidade Estadual Paulista &quot;J&uacute;lio de Mesquita Filho&quot; (UNESP).<\/p>\r\n\r\n<p>&ldquo;O 37&ordm; ANPET concentrar&aacute; a discuss&atilde;o de temas de grande interesse para os profissionais que atuam no setor, possibilitando que todas as esferas ligadas &agrave; atividade de transportes, acad&ecirc;micas, cient&iacute;ficas, profissionais, privadas ou governamentais, possam apresentar seus problemas e solu&ccedil;&otilde;es, discuti-los e refletir sobre linhas de a&ccedil;&atilde;o num ambiente cooperativo e instrutivo&rdquo;.<\/p>\r\n\r\n<p>Informa&ccedil;&otilde;es e inscri&ccedil;&otilde;es,&nbsp;<a href=\"http:\/\/anpet.org.br\/37anpet\/index.php\/pt\/\">acesse aqui<\/a>.<\/p>\r\n\r\n<p>&nbsp;<\/p>\r\n\r\n<p><strong><img src=\"https:\/\/www.abint.org.br\/assets\/img\/editor\/20231107-geonorte-2023-banner-ctg-abint_202310171256350GjEiBNLgb.png\" style=\"width: 500px; height: 625px;\" \/><\/strong><\/p>\r\n\r\n<p>O&nbsp;<b>CTG ABINT patrocinar&aacute; o GEONORTE 2023<\/b>, evento realizado pela Associa&ccedil;&atilde;o Brasileira de Mec&acirc;nica dos Solos, cujo&nbsp;<b>tema deste ano ser&aacute; &quot;Geotecnia na Amaz&ocirc;nia&quot;<\/b>.<\/p>\r\n\r\n<p>O evento ocorrer&aacute; de<b>&nbsp;07 a 09 de novembro de 2023,&nbsp;<\/b>na cidade de<b>&nbsp;Palmas, TO<\/b>.<\/p>\r\n\r\n<p>Informa&ccedil;&otilde;es e inscri&ccedil;&otilde;es,&nbsp;<a href=\"https:\/\/geonorteabms.com.br\/2023\/#sobre\">acesse aqui<\/a>.<\/p>\r\n\r\n<p>&nbsp;<\/p>\r\n\r\n<p><img src=\"https:\/\/www.abint.org.br\/assets\/img\/editor\/20231122-geosul-2023-logo_20231017125749mcr7Arn2je.png\" style=\"width: 500px; height: 500px;\" \/><\/p>\r\n\r\n<p>&nbsp;<\/p>\r\n\r\n<p>O&nbsp;<b>CTG ABINT participar&aacute; tamb&eacute;m do XIII Simp&oacute;sio de Pr&aacute;tica de Engenharia Geot&eacute;cnica da Regi&atilde;o Sul (GEOSUL<\/b>), com o minicurso &ldquo;<b>A utiliza&ccedil;&atilde;o de geossint&eacute;ticos em solu&ccedil;&otilde;es para muros de conten&ccedil;&atilde;o e solos de baixa capacidade de suporte<\/b>&rdquo;, que ser&aacute; ministrado pelo Eng. Ramon Luis Cavilha, Gerente da Unidade Sul na Maccaferri do Brasil.<\/p>\r\n\r\n<p>O tradicional evento da Associa&ccedil;&atilde;o Brasileira de Mec&acirc;nica dos Solos e Engenharia Geot&eacute;cnica (ABMS),<b>&nbsp;<\/b>ocorrer&aacute; entre os dias<b>&nbsp;22 a 25 de novembro de 2023<\/b>, na cidade de<b>&nbsp;Ponta Grossa, PR<\/b>, no Bourbon Ponta Grossa Convention Hotel.<\/p>\r\n\r\n<p>Informa&ccedil;&otilde;es e inscri&ccedil;&otilde;es,&nbsp;<a href=\"https:\/\/www.geosul2023.com.br\/\">acesse aqui<\/a>.<\/p>\r\n\r\n<p><img src=\"https:\/\/www.abint.org.br\/assets\/img\/editor\/cth-logo-alta-png_20231017125845oJiJuf2y3b.png\" style=\"width: 200px; height: 100px;\" \/><\/p>\r\n\r\n<p><b><img src=\"https:\/\/www.abint.org.br\/assets\/img\/editor\/16o-congresso-sobecc_20231010164123Cs0oppox93.png\" \/><\/b><\/p>\r\n\r\n<p>O&nbsp;<b>CTH ABINT &eacute; um dos patrocinadores do 16&ordm; Congresso Brasileiro de Enfermagem em Centro Cir&uacute;rgico, Recupera&ccedil;&atilde;o Anest&eacute;sica e Centro de Material e Esteriliza&ccedil;&atilde;o e 1st International Congress of Perioperative Nursing | &ldquo;A experi&ecirc;ncia do paciente cir&uacute;rgico: o cuidado singular do amor de algu&eacute;m&rdquo;<\/b>, que ocorrer&aacute; 07 a 10 de novembro de 2023, no Centro de Conven&ccedil;&otilde;es, Distrito Anhembi, Av. Olavo Fontoura, 1209, Santana, CEP 02012-021, S&atilde;o Paulo, SP.&nbsp;<a href=\"https:\/\/www.congresso-simposio-sobecc.com.br\/sobecc2023\">Informa&ccedil;&otilde;es<\/a><\/p>\r\n\r\n<p><img src=\"https:\/\/www.abint.org.br\/assets\/img\/editor\/associadas-no-16-congresso-sobecc_20231109180232R6rvOzaWtr.png\" \/><\/p>\r\n\r\n<p style=\"text-align:justify\">&nbsp;<\/p>\r\n\r\n<p style=\"text-align:justify\">&nbsp;<\/p>\r\n\r\n<p style=\"text-align:justify\"><span style=\"font-size:28pt\"><span style=\"font-family:Cambria,serif\"><span style=\"letter-spacing:-0.5pt\"><b><span lang=\"EN-US\" style=\"font-size:18.0pt\"><span calibri=\"\" style=\"font-family:\"><span style=\"font-variant:small-caps\">Not&iacute;cias das Associadas<\/span><\/span><\/span><\/b><\/span><\/span><\/span><\/p>\r\n\r\n<p style=\"text-align:justify\"><span style=\"font-size:11pt\"><span style=\"line-height:normal\"><span style=\"font-family:Calibri,sans-serif\"><a href=\"https:\/\/www.automotivetestingtechnologyinternational.com\/news\/battery-powertrain-testing\/freudenberg-sealing-technologies-enhances-ev-battery-testing-capabilities-in-north-america.html\" style=\"color:blue; text-decoration:underline\"><span lang=\"EN-US\" style=\"font-size:14.0pt\">Freudenberg Sealing Technologies enhances EV battery testing capabilities in North America<\/span><\/a><\/span><\/span><\/span><\/p>\r\n\r\n<p style=\"text-align:justify\">&nbsp;<\/p>\r\n\r\n<p style=\"text-align:justify\"><span style=\"font-size:11pt\"><span style=\"line-height:normal\"><span style=\"font-family:Calibri,sans-serif\"><b><span style=\"font-size:18.0pt\"><span style=\"font-variant:small-caps\">Eventos<\/span><\/span><\/b><\/span><\/span><\/span><\/p>\r\n\r\n<p style=\"text-align:justify\"><span style=\"font-size:11pt\"><span style=\"line-height:normal\"><span style=\"font-family:Calibri,sans-serif\"><b><span style=\"font-size:14.0pt\">FEIPLAR COMPOSITES &amp; FEIPUR | Pain&eacute;is Setoriais 2023<\/span><\/b><span style=\"font-size:14.0pt\">, 07 a 09 de novembro de 2023, 09h00 &agrave;s 17h00, evento online. <\/span><a href=\"https:\/\/www.webcastlive.com.br\/aspen\/\" style=\"color:blue; text-decoration:underline\"><span style=\"font-size:14.0pt\">Informa&ccedil;&otilde;es<\/span><\/a> <\/span><\/span><\/span><\/p>\r\n\r\n<p style=\"text-align:justify\"><span style=\"font-size:11pt\"><span style=\"line-height:normal\"><span style=\"font-family:Calibri,sans-serif\"><b><span style=\"font-size:14.0pt\">5&ordm; F&oacute;rum de Neg&oacute;cios sobre o Novo Marco do Saneamento<\/span><\/b><span style=\"font-size:14.0pt\">, 23 de novembro de 2023, 08h30 &agrave;s 18h00, Hotel Grand Mercure Ibirapuera, Rua Sena Madureira, 1355, S&atilde;o Paulo, SP. <\/span><a href=\"https:\/\/www.conceitoseminarios.com.br\/seminario\/forum-novo-marco-saneamento\/\" style=\"color:blue; text-decoration:underline\"><span style=\"font-size:14.0pt\">Informa&ccedil;&otilde;es<\/span><\/a> <\/span><\/span><\/span><\/p>\r\n\r\n<p style=\"text-align:justify\"><span style=\"font-size:11pt\"><span style=\"line-height:normal\"><span style=\"font-family:Calibri,sans-serif\"><b><span style=\"font-size:14.0pt\">XI F&oacute;rum Empresarial do MERCOSUL, <\/span><\/b><span style=\"font-size:14.0pt\">27 de novembro de 2023, 09h30 &agrave;s 17h30, Edif&iacute;cio Roberto Simonsen, SBN Qd. 01, Bloco C, Bras&iacute;lia, DF. <\/span><a href=\"https:\/\/www.portaldaindustria.com.br\/eventos\/pt\/edicoes\/xi-forum-empresarial-do-mercosul-xi-forum-empresar?utm_source=comext&amp;utm_medium=email&amp;utm_campaign=eventos&amp;utm_content=id00154\" style=\"color:blue; text-decoration:underline\"><span style=\"font-size:14.0pt\">Informa&ccedil;&otilde;es<\/span><\/a> <\/span><\/span><\/span><\/p>\r\n\r\n<p style=\"text-align:justify\"><span style=\"font-size:11pt\"><span style=\"line-height:normal\"><span style=\"font-family:Calibri,sans-serif\"><b><span style=\"font-size:14.0pt\">9&ordm; F&oacute;rum IEL de Inova&ccedil;&atilde;o | <\/span><\/b><b><span style=\"font-size:14.0pt\">Competitividade e Associativismo em Gest&atilde;o<\/span><\/b><span style=\"font-size:14.0pt\">, 28 de novembro de 2023, 14h00 &agrave;s 16h00, Centro de Eventos FIERGS (Sal&atilde;o de Conven&ccedil;&otilde;es), Avenida Assis Brasil, 8787, Sarandi, 91140-001, Porto Alegre, RS. <\/span><a href=\"https:\/\/9forumiel.eventize.com.br\/\" style=\"color:blue; text-decoration:underline\"><span style=\"font-size:14.0pt\">Informa&ccedil;&otilde;es<\/span><\/a> <\/span><\/span><\/span><\/p>\r\n\r\n<p style=\"text-align:justify\"><span style=\"font-size:11pt\"><span style=\"line-height:normal\"><span style=\"font-family:Calibri,sans-serif\"><b><span lang=\"EN-US\" style=\"font-size:14.0pt\">Industry CCUS 2023,<\/span><\/b> <span lang=\"EN-US\" style=\"font-size:14.0pt\">29-30 November, Rotterdam, Netherlands.<\/span> <a href=\"https:\/\/fortesmedia.com\/industry-ccus-conference-2023,4,en,2,1,28.html#register\" style=\"color:blue; text-decoration:underline\"><span style=\"font-size:14.0pt\">Informa&ccedil;&otilde;es<\/span><\/a> <\/span><\/span><\/span><\/p>\r\n\r\n<p style=\"text-align:justify\"><span style=\"font-size:11pt\"><span style=\"line-height:normal\"><span style=\"font-family:Calibri,sans-serif\"><b><span style=\"font-size:14.0pt\">FEIPLAR COMPOSITES &amp; FEIPUR &ndash; Feira e Congresso Internacionais de Composites, Poliuretano, Pl&aacute;sticos de Engenharia e Compostos Termopl&aacute;sticos<\/span><\/b><span style=\"font-size:14.0pt\">, 20 a 22 de agosto de 2024, S&atilde;o Paulo Expo (Pavilh&atilde;o 5), palestras: das 8h30 &agrave;s 18h, feira: das 13h &agrave;s 20h.<b> <\/b><\/span><a href=\"http:\/\/www.feiplar.com\" style=\"color:blue; text-decoration:underline\"><span style=\"font-size:14.0pt\">www.feiplar.com<\/span><\/a> <\/span><\/span><\/span><\/p>\r\n\r\n<p style=\"text-align:justify\"><span style=\"font-size:28pt\"><span style=\"font-family:Cambria,serif\"><span style=\"letter-spacing:-0.5pt\"><b><span style=\"font-size:18.0pt\"><span calibri=\"\" style=\"font-family:\"><span style=\"font-variant:small-caps\">Setor<\/span><\/span><\/span><\/b><\/span><\/span><\/span><\/p>\r\n\r\n<p style=\"text-align:justify\"><span style=\"font-size:11pt\"><span style=\"line-height:normal\"><span style=\"font-family:Calibri,sans-serif\"><a href=\"https:\/\/tribunahoje.com\/noticias\/cidades\/2023\/11\/02\/128939-maceio-ja-tem-plano-de-enfrentamento-ao-periodo-chuvoso-de-2024#google_vignette\" style=\"color:blue; text-decoration:underline\"><span style=\"font-size:14.0pt\">Geomanta: Macei&oacute; j&aacute; tem plano de enfrentamento ao per&iacute;odo chuvoso de 2024<\/span><\/a><\/span><\/span><\/span><\/p>\r\n\r\n<p style=\"text-align:justify\"><span style=\"font-size:11pt\"><span style=\"line-height:normal\"><span style=\"font-family:Calibri,sans-serif\"><a href=\"https:\/\/www.technicaltextile.net\/articles\/technological-innovations-in-medical-textiles-9690\" style=\"color:blue; text-decoration:underline\"><span lang=\"EN-US\" style=\"font-size:14.0pt\">Technological Innovations In Medical Textiles<\/span><\/a><\/span><\/span><\/span><\/p>\r\n\r\n<p style=\"text-align:justify\"><span style=\"font-size:11pt\"><span style=\"line-height:normal\"><span style=\"font-family:Calibri,sans-serif\"><a href=\"https:\/\/www.nonwovens-industry.com\/contents\/view_breaking-news\/2023-10-30\/california-sewer-analysis-conducted?utm_campaign=NON+eNewsletter&amp;utm_medium=email&amp;_hsmi=280970546&amp;_hsenc=p2ANqtz-8UHwJ3F5hicep5iCFTiLspMnl3ArA4phNLEhMuXM9moNfiKX7iwe0Tq_2vH-PrvZmlAOeD5EtIzelinUgFDv-YmPG0QA&amp;utm_content=280970546&amp;utm_source=hs_email\" style=\"color:blue; text-decoration:underline\"><span lang=\"EN-US\" style=\"font-size:14.0pt\">California Sewer Analysis Conducted<\/span><\/a><\/span><\/span><\/span><\/p>\r\n\r\n<p style=\"text-align:justify\"><span style=\"font-size:11pt\"><span style=\"line-height:normal\"><span style=\"font-family:Calibri,sans-serif\"><span style=\"font-size:14.0pt\"><a href=\"https:\/\/forbes.com.br\/forbesagro\/2023\/11\/braskem-idesa-e-advario-captam-us-408-milhoes-para-terminal-de-importacao-de-etanol-no-mexico\/\" style=\"color:blue; text-decoration:underline\">Braskem Idesa e Advario captam US$ 408 milh&otilde;es para terminal de importa&ccedil;&atilde;o de etanol no M&eacute;xico<\/a><\/span><\/span><\/span><\/span><\/p>\r\n\r\n<p style=\"text-align:justify\"><span style=\"font-size:11pt\"><span style=\"line-height:normal\"><span style=\"font-family:Calibri,sans-serif\"><a href=\"https:\/\/abiquim.org.br\/comunicacao\/noticia\/11043\" style=\"color:blue; text-decoration:underline\"><span style=\"font-size:14.0pt\">Abiquim e entidades da cadeia do pl&aacute;stico se re&uacute;nem com o presidente da CAE para debater projeto que prev&ecirc; banimento de pl&aacute;sticos<\/span><\/a><\/span><\/span><\/span><\/p>\r\n\r\n<p style=\"text-align:justify\"><span style=\"font-size:28pt\"><span style=\"font-family:Cambria,serif\"><span style=\"letter-spacing:-0.5pt\"><b><span style=\"font-size:18.0pt\"><span calibri=\"\" style=\"font-family:\"><span style=\"font-variant:small-caps\">Ind&uacute;stria<\/span><\/span><\/span><\/b><\/span><\/span><\/span><\/p>\r\n\r\n<p style=\"text-align:justify\"><span style=\"font-size:11pt\"><span style=\"line-height:normal\"><span style=\"font-family:Calibri,sans-serif\"><a href=\"https:\/\/www.mobiauto.com.br\/revista\/por-quanto-tempo-o-brasil-sustentara-uma-industria-de-carros-tao-ociosa\/3623\" style=\"color:blue; text-decoration:underline\"><span style=\"font-size:14.0pt\">Por quanto tempo o Brasil sustentar&aacute; uma ind&uacute;stria de carros t&atilde;o ociosa?<\/span><\/a><\/span><\/span><\/span><\/p>\r\n\r\n<p style=\"text-align:justify\"><span style=\"font-size:11pt\"><span style=\"line-height:normal\"><span style=\"font-family:Calibri,sans-serif\"><a href=\"https:\/\/noticias.portaldaindustria.com.br\/noticias\/politica-industrial\/a-retomada-da-politica-industrial\/\" style=\"color:blue; text-decoration:underline\"><span style=\"font-size:14.0pt\">Plano de Retomada da Ind&uacute;stria &eacute; apontado como marco da retomada da pol&iacute;tica industrial<\/span><\/a><\/span><\/span><\/span><\/p>\r\n\r\n<p style=\"text-align:justify\"><span style=\"font-size:11pt\"><span style=\"line-height:normal\"><span style=\"font-family:Calibri,sans-serif\"><a href=\"https:\/\/www.fiesp.com.br\/noticias\/producao-industrial-fecha-o-terceiro-trimestre-perto-da-estabilidade\/\" style=\"color:blue; text-decoration:underline\"><span style=\"font-size:14.0pt\">Produ&ccedil;&atilde;o industrial fecha o terceiro trimestre perto da estabilidade<\/span><\/a><\/span><\/span><\/span><\/p>\r\n\r\n<p style=\"text-align:justify\"><span style=\"font-size:11pt\"><span style=\"line-height:normal\"><span style=\"font-family:Calibri,sans-serif\"><a href=\"https:\/\/agenciabrasil.ebc.com.br\/economia\/noticia\/2023-10\/caged-registra-criacao-de-2117-mil-postos-de-trabalho-em-setembro\" style=\"color:blue; text-decoration:underline\"><span style=\"font-size:14.0pt\">Caged registra cria&ccedil;&atilde;o de 211,7 mil postos de trabalho em setembro<\/span><\/a><\/span><\/span><\/span><\/p>\r\n\r\n<p style=\"text-align:justify\"><span style=\"font-size:11pt\"><span style=\"line-height:normal\"><span style=\"font-family:Calibri,sans-serif\"><a href=\"https:\/\/noticias.portaldaindustria.com.br\/noticias\/economia\/caem-faturamento-e-horas-trabalhadas-na-industria-de-transformacao-em-setembro\/\" style=\"color:blue; text-decoration:underline\"><span style=\"font-size:14.0pt\">Caem faturamento e horas trabalhadas na ind&uacute;stria de transforma&ccedil;&atilde;o em setembro<\/span><\/a><\/span><\/span><\/span><\/p>\r\n\r\n<p style=\"text-align:justify\"><span style=\"font-size:11pt\"><span style=\"line-height:normal\"><span style=\"font-family:Calibri,sans-serif\"><a href=\"https:\/\/www.spms.min-saude.pt\/2023\/11\/acordo-quadro-365-2023-compressas-e-outro-material-de-algodao-e-tecido-nao-tecido-na-area-da-saude\/\" style=\"color:blue; text-decoration:underline\"><span style=\"font-size:14.0pt\">Portugal | Publica&ccedil;&atilde;o do Concurso P&uacute;blico Internacional para a forma&ccedil;&atilde;o do Acordo-Quadro com a refer&ecirc;ncia 365\/2023 para fornecimento de Compressas e outro material de algod&atilde;o e tecido n&atilde;o tecido, na &aacute;rea da sa&uacute;de<\/span><\/a><\/span><\/span><\/span><\/p>\r\n\r\n<p style=\"text-align:justify\"><span style=\"font-size:28pt\"><span style=\"font-family:Cambria,serif\"><span style=\"letter-spacing:-0.5pt\"><b><span style=\"font-size:18.0pt\"><span calibri=\"\" style=\"font-family:\"><span style=\"font-variant:small-caps\">Sustentabilidade<\/span><\/span><\/span><\/b><\/span><\/span><\/span><\/p>\r\n\r\n<p style=\"text-align:justify\"><span style=\"font-size:11pt\"><span style=\"line-height:normal\"><span style=\"font-family:Calibri,sans-serif\"><a href=\"https:\/\/www.jn.pt\/4774642194\/setor-textil-precisa-de-reduzir-em-90-emissoes-de-gases\/\" style=\"color:blue; text-decoration:underline\"><span style=\"font-size:14.0pt\">Setor t&ecirc;xtil precisa de reduzir em 90% emiss&otilde;es de gases<\/span><\/a><\/span><\/span><\/span><\/p>\r\n\r\n<p style=\"text-align:justify\"><span style=\"font-size:11pt\"><span style=\"line-height:normal\"><span style=\"font-family:Calibri,sans-serif\"><a href=\"https:\/\/plasticosemrevista.com.br\/eua-reciclagem-de-pet-frustra-expectativas\/\" style=\"color:blue; text-decoration:underline\"><span style=\"font-size:14.0pt\">EUA: reciclagem de PET frustra expectativas<\/span><\/a><\/span><\/span><\/span><\/p>\r\n\r\n<p style=\"text-align:justify\"><span style=\"font-size:11pt\"><span style=\"line-height:normal\"><span style=\"font-family:Calibri,sans-serif\"><a href=\"https:\/\/souagro.net\/noticia\/2023\/11\/vale-passa-a-usar-controle-ambiental-a-base-de-plastico-pet\/\" style=\"color:blue; text-decoration:underline\"><span style=\"font-size:14.0pt\">Vale passa a usar controle ambiental &agrave; base de pl&aacute;stico PET<\/span><\/a><\/span><\/span><\/span><\/p>\r\n\r\n<p style=\"text-align:justify\"><span style=\"font-size:11pt\"><span style=\"line-height:normal\"><span style=\"font-family:Calibri,sans-serif\"><a href=\"https:\/\/textileindustry.ning.com\/forum\/topics\/senai-cetiqt-1-simp-sio-de-economia-circular-tra-a-panorama-sobre\" style=\"color:blue; text-decoration:underline\"><span style=\"font-size:14.0pt\">SENAI CETIQT: 1&ordm; Simp&oacute;sio de Economia Circular tra&ccedil;a panorama sobre projetos em prol do desenvolvimento sustent&aacute;vel<\/span><\/a><\/span><\/span><\/span><\/p>\r\n\r\n<p style=\"text-align:justify\"><span style=\"font-size:11pt\"><span style=\"line-height:normal\"><span style=\"font-family:Calibri,sans-serif\"><a href=\"https:\/\/revistamt.com.br\/Noticias\/Exibir\/industria-da-mineracao-ganha-projeto-de-descarbonizacao?utm_source=akna&amp;utm_medium=email&amp;utm_campaign=Revista-M-T-Informativo-651-31-10-2023&amp;utm_source=akna&amp;utm_medium=email&amp;utm_campaign=Revista-M-T-Informativo-651-31-10-2023\" style=\"color:blue; text-decoration:underline\"><span style=\"font-size:14.0pt\">Ind&uacute;stria da minera&ccedil;&atilde;o ganha projeto de descarboniza&ccedil;&atilde;o<\/span><\/a><\/span><\/span><\/span><\/p>\r\n\r\n<p style=\"text-align:justify\"><span style=\"font-size:11pt\"><span style=\"line-height:normal\"><span style=\"font-family:Calibri,sans-serif\"><a href=\"https:\/\/revistamt.com.br\/Noticias\/Exibir\/relatorio-indica-que-628-das-barragens-brasileiras-em-situacao-de-alerta-ou-emergencia-estao-em-minas-gerais?utm_source=akna&amp;utm_medium=email&amp;utm_campaign=Revista-M-T-Informativo-651-31-10-2023&amp;utm_source=akna&amp;utm_medium=email&amp;utm_campaign=Revista-M-T-Informativo-651-31-10-2023\" style=\"color:blue; text-decoration:underline\"><span style=\"font-size:14.0pt\">Relat&oacute;rio indica que 62,8% das barragens brasileiras em situa&ccedil;&atilde;o de emerg&ecirc;ncia est&atilde;o em Minas Gerais<\/span><\/a><\/span><\/span><\/span><\/p>\r\n\r\n<p style=\"text-align:justify\"><span style=\"font-size:28pt\"><span style=\"font-family:Cambria,serif\"><span style=\"letter-spacing:-0.5pt\"><b><span lang=\"EN-US\" style=\"font-size:18.0pt\"><span calibri=\"\" style=\"font-family:\"><span style=\"font-variant:small-caps\">Inova&ccedil;&atilde;o<\/span><\/span><\/span><\/b><\/span><\/span><\/span><\/p>\r\n\r\n<p style=\"text-align:justify\"><span style=\"font-size:11pt\"><span style=\"line-height:normal\"><span style=\"font-family:Calibri,sans-serif\"><a href=\"https:\/\/www.innovationintextiles.com\/research-development-education\/a-costeffective-shape-shifting-fibre\/\" style=\"color:blue; text-decoration:underline\"><span lang=\"EN-US\" style=\"font-size:14.0pt\">A cost-effective shape shifting fibre<\/span><\/a><\/span><\/span><\/span><\/p>\r\n\r\n<p style=\"text-align:justify\"><span style=\"font-size:11pt\"><span style=\"line-height:normal\"><span style=\"font-family:Calibri,sans-serif\"><a href=\"https:\/\/www.gov.br\/mcti\/pt-br\/acompanhe-o-mcti\/noticias\/2023\/11\/4deg-semana-de-inovacao-brasil-na-suecia-tera-participacao-do-mcti-para-fortalecer-parcerias-entre-ambos-os-paises\" style=\"color:blue; text-decoration:underline\"><span style=\"font-size:14.0pt\">4&deg; Semana de Inova&ccedil;&atilde;o Brasil - Su&eacute;cia ter&aacute; participa&ccedil;&atilde;o do MCTI<\/span><\/a><\/span><\/span><\/span><\/p>\r\n\r\n<p style=\"text-align:justify\"><span style=\"font-size:11pt\"><span style=\"line-height:normal\"><span style=\"font-family:Calibri,sans-serif\"><a href=\"https:\/\/agenciasebrae.com.br\/inovacao-e-tecnologia\/cni-e-sebrae-selecionam-ambientes-de-inovacao-para-mapeamento-de-tecnologias\/\" style=\"color:blue; text-decoration:underline\"><span style=\"font-size:14.0pt\">CNI e Sebrae selecionam ambientes de inova&ccedil;&atilde;o para mapeamento de tecnologias<\/span><\/a><\/span><\/span><\/span><\/p>\r\n\r\n<p style=\"text-align:justify\"><span style=\"font-size:11pt\"><span style=\"line-height:normal\"><span style=\"font-family:Calibri,sans-serif\"><a href=\"https:\/\/agenciasebrae.com.br\/cultura-empreendedora\/inovacao-sustentabilidade-e-inclusao-serao-indutores-de-mudanca-nos-pequenos-negocios\/\" style=\"color:blue; text-decoration:underline\"><span style=\"font-size:14.0pt\">Inova&ccedil;&atilde;o, sustentabilidade e inclus&atilde;o ser&atilde;o indutores de mudan&ccedil;a nos pequenos neg&oacute;cios<\/span><\/a><\/span><\/span><\/span><\/p>\r\n\r\n<p style=\"text-align:justify\"><span style=\"font-size:28pt\"><span style=\"font-family:Cambria,serif\"><span style=\"letter-spacing:-0.5pt\"><b><span style=\"font-size:18.0pt\"><span calibri=\"\" style=\"font-family:\"><span style=\"font-variant:small-caps\">Com&eacute;rcio Exterior<\/span><\/span><\/span><\/b><\/span><\/span><\/span><\/p>\r\n\r\n<p style=\"text-align:justify\"><span style=\"font-size:11pt\"><span style=\"line-height:normal\"><span style=\"font-family:Calibri,sans-serif\"><a href=\"https:\/\/noticias.portaldaindustria.com.br\/noticias\/internacional\/acordo-mercosul-ue-e-prioridade-para-mais-de-75-da-industria-aponta-cni\/\" style=\"color:blue; text-decoration:underline\"><span style=\"font-size:14.0pt\">Acordo Mercosul-UE &eacute; prioridade para mais de 75% da ind&uacute;stria, aponta CNI<\/span><\/a><\/span><\/span><\/span><\/p>\r\n\r\n<p style=\"text-align:justify\"><span style=\"font-size:11pt\"><span style=\"line-height:normal\"><span style=\"font-family:Calibri,sans-serif\"><a href=\"https:\/\/www.technicaltextile.net\/news\/madagascar-initiates-wto-safeguard-investigation-on-sanitary-napkins-291067.html#google_vignette\" style=\"color:blue; text-decoration:underline\"><span lang=\"EN-US\" style=\"font-size:14.0pt\">Madagascar initiates WTO safeguard investigation on sanitary napkins<\/span><\/a><\/span><\/span><\/span><\/p>\r\n\r\n<p style=\"text-align:justify\"><span style=\"font-size:11pt\"><span style=\"line-height:normal\"><span style=\"font-family:Calibri,sans-serif\"><a href=\"https:\/\/www.iadb.org\/pt-br\/noticias\/bid-e-mdic-anunciam-parceria-para-fortalecer-e-agilizar-o-comercio-internacional-no-brasil?utm_source=Email&amp;utm_medium=News&amp;utm_campaign=BID%20e%20MDIC%20anunciam%20parceria%20para%20fortalecer%20e%20agilizar%20o%20com%C3%A9rcio%20internacional%20no%20Brasil&amp;utm_term=News&amp;j=944902&amp;sfmc_sub=194913938&amp;l=295_HTML&amp;u=17067281&amp;mid=100007543&amp;jb=1\" style=\"color:blue; text-decoration:underline\"><span style=\"font-size:14.0pt\">BID e MDIC anunciam parceria para fortalecer e agilizar o com&eacute;rcio internacional no Brasil<\/span><\/a><\/span><\/span><\/span><\/p>\r\n\r\n<p style=\"text-align:justify\"><span style=\"font-size:28pt\"><span style=\"font-family:Cambria,serif\"><span style=\"letter-spacing:-0.5pt\"><b><span style=\"font-size:18.0pt\"><span calibri=\"\" style=\"font-family:\"><span style=\"font-variant:small-caps\">Economia<\/span><\/span><\/span><\/b><\/span><\/span><\/span><\/p>\r\n\r\n<p style=\"text-align:justify\"><span style=\"font-size:11pt\"><span style=\"line-height:normal\"><span style=\"font-family:Calibri,sans-serif\"><a href=\"https:\/\/www.bcb.gov.br\/content\/focus\/focus\/R20231103.pdf\" style=\"color:blue; text-decoration:underline\"><span style=\"font-size:14.0pt\">Focus &ndash; Relat&oacute;rio de Mercado<\/span><\/a><\/span><\/span><\/span><\/p>\r\n\r\n<p style=\"text-align:justify\"><span style=\"font-size:11pt\"><span style=\"line-height:normal\"><span style=\"font-family:Calibri,sans-serif\"><a href=\"https:\/\/www.bcb.gov.br\/content\/controleinflacao\/focusdistribuicoesfrequencia\/P20231106-Focus-Distribuicoes-de-frequencia.pdf\" style=\"color:blue; text-decoration:underline\"><span style=\"font-size:14.0pt\">Focus &ndash; Distribui&ccedil;&otilde;es de Frequ&ecirc;ncia das Expectativas de Mercado para IPCA, Selic, PIB e C&acirc;mbio.<\/span><\/a><\/span><\/span><\/span><\/p>\r\n\r\n<p style=\"text-align:justify\"><span style=\"font-size:11pt\"><span style=\"line-height:normal\"><span style=\"font-family:Calibri,sans-serif\"><a href=\"https:\/\/ibre.fgv.br\/blog-da-conjuntura-economica\/artigos\/sondagens-queda-generalizada-da-confianca-em-outubro-entre\" style=\"color:blue; text-decoration:underline\"><span style=\"font-size:14.0pt\">Sondagens: queda generalizada da confian&ccedil;a em outubro, entre empresas e consumidores<\/span><\/a><\/span><\/span><\/span><\/p>\r\n\r\n<p style=\"text-align:justify\"><span style=\"font-size:11pt\"><span style=\"line-height:normal\"><span style=\"font-family:Calibri,sans-serif\"><a href=\"https:\/\/portalibre.fgv.br\/system\/files\/2023-11\/%C3%8Dndice%20de%20Confian%C3%A7a%20Empresarial%20FGV_press%20release_Out23_0.pdf\" style=\"color:blue; text-decoration:underline\"><span style=\"font-size:14.0pt\">Confian&ccedil;a Empresarial volta a cair ap&oacute;s acomoda&ccedil;&atilde;o<\/span><\/a><\/span><\/span><\/span><\/p>\r\n\r\n<p style=\"text-align:justify\"><span style=\"font-size:11pt\"><span style=\"line-height:normal\"><span style=\"font-family:Calibri,sans-serif\"><a href=\"https:\/\/agenciasebrae.com.br\/economia-e-politica\/15-dos-pequenos-comercios-pretendem-contratar-nos-proximos-tres-meses\/\" style=\"color:blue; text-decoration:underline\"><span style=\"font-size:14.0pt\">15% dos pequenos com&eacute;rcios pretendem contratar nos pr&oacute;ximos tr&ecirc;s meses<\/span><\/a><\/span><\/span><\/span><\/p>\r\n","texto_en":"","7":"","imagem":"COMP_banner-padrao-home-destaques-boletim-2023_20231109180514wsMCGpdOLv.jpeg","8":"COMP_banner-padrao-home-destaques-boletim-2023_20231109180514wsMCGpdOLv.jpeg","arquivo":"20231107-BOLETIM-ABINT-DE-NOTICIAS-SEMANAIS.PDF","9":"20231107-BOLETIM-ABINT-DE-NOTICIAS-SEMANAIS.PDF","titulo_arquivo":"20231107 Boletim ABINT de Not\u00edcias Semanais","10":"20231107 Boletim ABINT de Not\u00edcias Semanais","titulo_arquivo_en":"","11":"","created_at":"2023-11-09 18:05:24","12":"2023-11-09 18:05:24","updated_at":"2023-11-09 18:06:42","13":"2023-11-09 18:06:42"},{"id":89,"0":89,"ordem":134,"1":134,"data":"2023-10-31","2":"2023-10-31","slug":"boletim-abint-de-noticias-semanais-4","3":"boletim-abint-de-noticias-semanais-4","titulo":"Boletim ABINT de Not\u00edcias Semanais","4":"Boletim ABINT de Not\u00edcias Semanais","titulo_en":"","5":"","texto":"<p style=\"text-align:justify\"><span style=\"font-size:11pt\"><span style=\"line-height:normal\"><span style=\"font-family:Calibri,sans-serif\"><span style=\"font-size:14.0pt\">Esta &eacute; uma compila&ccedil;&atilde;o das not&iacute;cias mais relevantes para o setor, incluindo informa&ccedil;&otilde;es sobre acordos internacionais, economia brasileira, sustentabilidade e mat&eacute;rias primas, al&eacute;m de novidades do setor de N&atilde;otecidos e Tecidos T&eacute;cnicos.<\/span><\/span><\/span><\/span><\/p>\r\n\r\n<p style=\"text-align:justify\"><span style=\"font-size:28pt\"><span style=\"font-family:Cambria,serif\"><span style=\"letter-spacing:-0.5pt\"><b><span style=\"font-size:18.0pt\"><span style=\"font-family:&quot;Calibri&quot;,sans-serif\"><span style=\"font-variant:small-caps\">A&ccedil;&otilde;es realizadas<\/span><\/span><\/span><\/b><\/span><\/span><\/span><\/p>\r\n\r\n<p style=\"text-align:justify\"><span style=\"font-size:11pt\"><span style=\"line-height:normal\"><span style=\"font-family:Calibri,sans-serif\"><span style=\"font-size:14.0pt\">Dia 26\/10 a Associa&ccedil;&atilde;o Brasileira das Ind&uacute;strias de N&atilde;otecidos e Tecidos T&eacute;cnicos (ABINT) realizou mais um Curso Tecnologia dos N&atilde;otecidos em sua sede em S&atilde;o Paulo, ministrado pelo Eng. Ricardo Rossi.<\/span><\/span><\/span><\/span><\/p>\r\n\r\n<p style=\"text-align:justify\"><span style=\"font-size:11pt\"><span style=\"line-height:normal\"><span style=\"font-family:Calibri,sans-serif\"><span style=\"font-size:14.0pt\"><img src=\"https:\/\/www.abint.org.br\/assets\/img\/editor\/20231026-curso-naotecidos-4_20231031143851QTPxYyrlvI.jpeg\" style=\"width: 600px; height: 450px;\" \/><\/span><\/span><\/span><\/span><\/p>\r\n\r\n<p style=\"text-align:justify\">&nbsp;<\/p>\r\n\r\n<p style=\"text-align:justify\"><img src=\"https:\/\/www.abint.org.br\/assets\/img\/editor\/abint-logo-2020-p_202310311440122hoFkCOOeN.png\" style=\"width: 200px; height: 45px;\" \/><\/p>\r\n\r\n<p style=\"text-align:justify\"><img src=\"https:\/\/www.abint.org.br\/assets\/img\/editor\/post-quadrado-curso-naotecido_20231031144101iOT7NFuvZl.jpg\" style=\"width: 300px; height: 300px;\" \/><\/p>\r\n\r\n<p style=\"text-align:justify\"><span style=\"font-size:11.0pt\"><span style=\"line-height:115%\"><span style=\"font-family:&quot;Calibri&quot;,sans-serif\"><a href=\"https:\/\/forms.gle\/E5bZXpiNh7wZ9kcQ6\" style=\"color:blue; text-decoration:underline\"><b><span style=\"font-size:14.0pt\"><span style=\"line-height:115%\">Informa&ccedil;&otilde;es e inscri&ccedil;&otilde;es<\/span><\/span><\/b><\/a><\/span><\/span><\/span><\/p>\r\n\r\n<p style=\"text-align:justify\">&nbsp;<\/p>\r\n\r\n<p><img src=\"https:\/\/www.abint.org.br\/assets\/img\/editor\/2o-seminario-abrafiltros_202310101642475KeAk5u38t.jpeg\" style=\"width: 300px; height: 295px;\" \/><\/p>\r\n\r\n<p>A&nbsp;<b>ABINT<\/b>&nbsp;&eacute; uma das<b>&nbsp;apoiadoras do 2&ordm; Semin&aacute;rio de Filtros,&nbsp;<\/b>evento online e gratuito, que ocorrer&aacute;<b>&nbsp;dia 08 de novembro.&nbsp;<\/b><a href=\"http:\/\/www.abrafiltros.org.br\/seminario\"><b>Informa&ccedil;&otilde;es<\/b><\/a><\/p>\r\n\r\n<p>&nbsp;<\/p>\r\n\r\n<p><img src=\"https:\/\/www.abint.org.br\/assets\/img\/editor\/congresso-internacional-abit-2023_20231031144843HCpu0nWSVS.png\" \/><\/p>\r\n\r\n<p><b>A ABINT &eacute; uma das patrocinadoras do Congresso Internacional ABIT 2023,&nbsp;<\/b>que ocorrer&aacute;<b>&nbsp;dias 08 e 09 de novembro, na FIESC, Florian&oacute;polis, SC.&nbsp;<\/b><a href=\"https:\/\/t.rdsv1.net\/ls\/click?upn=LFSWB5boDXSqxt4eHgA5r3YUv3HG6yY4XTXT-2BpjEpFmt56yR61Gu09ER-2Bq95-2FgFAbN46ClwLMWPZzveVybfat1CKHOKhUUtOIVaFgsR5U28dlEKVouFrV1iSMaKnlWHCANmwKiZ4x1Oy9BDRL5tuTGPXgO91zEc1uo-2FbtPYQFm3y4fMGnbuiV3FEKs9g9uy1l2sL_iW8zc4KBvTUX2z9kws1M6pjQI9DpNNh-2Fk6fgMN4DbaFx-2BL1o5swSv2HtiLB2iGFhqxZ0654f80VOIjakRycDjcrdu1MF6BdTRc4d4wYs0wcxXXPsRygypvnzeOAhjjgiEkGX1jMsv1FD9IiN0mt5TiPA-2F-2FcYbMJqgkOyyeRxcI4izBTlMz4tYAchHCwHneJZvJXH0y9HeVp67XkJynQGH21X32t2y1CeSaYEq0zVO-2BnyLK4mDGipKkH-2FZQCwU2MKfdHIIgVMZzvyz5G5cXFeOFC58YiNyn2cnMPO14gymNMfyWFH-2BHHlC3b47l7V1Qmqxs4es-2BeyjBwNpbTVF3mKTVfvVN8KGLr0cqLDBhDLHrW7KPcTfpWgS5gfvWdAKEPOEmZKoo4k2kAi0PFh6jxFYAV2tXcAZfbY2kx8RXrY81D1SMCEBW0alhXBRKfUMvljxKCVojmlXya75YoxeWm0PKiSpaikvnyQHb1SYVAvooBBGQr8kVTT7gfi2jpYOB7Yz3v8ovwiOQwMF4kMzI4BGg58Stg7NIyaStQsDmhOsSp6GMNA3SG1UPw-2Fljh3rhjS-2BFt0EiGPe9cI33b9n1X0Y0ud-2BOFmeXkp5V9mMyq0eViPM4g6fXMuiRQFG1Lhn1lb5TsAtW9vCVxHdYrOB-2F6cV4-2FiOK5JwicsxDApwdvwvys-3D\"><b>Informa&ccedil;&otilde;es<\/b><\/a><\/p>\r\n\r\n<p>&nbsp;<\/p>\r\n\r\n<p><img src=\"https:\/\/www.abint.org.br\/assets\/img\/editor\/logo-ctg-abint-jpg-pequeno_20231017124831fyXzED5Dgv.jpg\" \/><\/p>\r\n\r\n<p><img src=\"https:\/\/www.abint.org.br\/assets\/img\/editor\/banner-anpet-abnit_20231024120320CJ9xfQpyHw.jpeg\" style=\"width: 300px; height: 300px;\" \/><\/p>\r\n\r\n<p><b>O CTG ABINT &eacute; um dos patrocinadores do 37&ordm; ANPET &ndash; Congresso de Pesquisa e Ensino em Transporte<\/b>, que ocorrer&aacute;&nbsp;<b>de 06 a 10 de novembro de 2023, no Bourbon Santos Convention Hotel, Santos, SP<\/b>, e &eacute; uma realiza&ccedil;&atilde;o da Associa&ccedil;&atilde;o Nacional de Pesquisa e Ensino em Transportes (ANPET), da Universidade de S&atilde;o Paulo (USP), da Universidade Estadual de Campinas (UNICAMP) e da Universidade Estadual Paulista &quot;J&uacute;lio de Mesquita Filho&quot; (UNESP).<\/p>\r\n\r\n<p>&ldquo;O 37&ordm; ANPET concentrar&aacute; a discuss&atilde;o de temas de grande interesse para os profissionais que atuam no setor, possibilitando que todas as esferas ligadas &agrave; atividade de transportes, acad&ecirc;micas, cient&iacute;ficas, profissionais, privadas ou governamentais, possam apresentar seus problemas e solu&ccedil;&otilde;es, discuti-los e refletir sobre linhas de a&ccedil;&atilde;o num ambiente cooperativo e instrutivo&rdquo;.<\/p>\r\n\r\n<p>Informa&ccedil;&otilde;es e inscri&ccedil;&otilde;es,&nbsp;<a href=\"http:\/\/anpet.org.br\/37anpet\/index.php\/pt\/\">acesse aqui<\/a>.<\/p>\r\n\r\n<p>&nbsp;<\/p>\r\n\r\n<p><strong><img src=\"https:\/\/www.abint.org.br\/assets\/img\/editor\/20231107-geonorte-2023-banner-ctg-abint_202310171256350GjEiBNLgb.png\" style=\"width: 300px; height: 375px;\" \/><\/strong><\/p>\r\n\r\n<p>O&nbsp;<b>CTG ABINT patrocinar&aacute; o GEONORTE 2023<\/b>, evento realizado pela Associa&ccedil;&atilde;o Brasileira de Mec&acirc;nica dos Solos, cujo&nbsp;<b>tema deste ano ser&aacute; &quot;Geotecnia na Amaz&ocirc;nia&quot;<\/b>.<\/p>\r\n\r\n<p>O evento ocorrer&aacute; de<b>&nbsp;07 a 09 de novembro de 2023,&nbsp;<\/b>na cidade de<b>&nbsp;Palmas, TO<\/b>.<\/p>\r\n\r\n<p>Informa&ccedil;&otilde;es e inscri&ccedil;&otilde;es,&nbsp;<a href=\"https:\/\/geonorteabms.com.br\/2023\/#sobre\">acesse aqui<\/a>.<\/p>\r\n\r\n<p>&nbsp;<\/p>\r\n\r\n<p><img src=\"https:\/\/www.abint.org.br\/assets\/img\/editor\/20231122-geosul-2023-logo_20231017125749mcr7Arn2je.png\" style=\"width: 300px; height: 300px;\" \/><\/p>\r\n\r\n<p>&nbsp;<\/p>\r\n\r\n<p>O&nbsp;<b>CTG ABINT participar&aacute; tamb&eacute;m do XIII Simp&oacute;sio de Pr&aacute;tica de Engenharia Geot&eacute;cnica da Regi&atilde;o Sul (GEOSUL<\/b>), com o minicurso &ldquo;<b>A utiliza&ccedil;&atilde;o de geossint&eacute;ticos em solu&ccedil;&otilde;es para muros de conten&ccedil;&atilde;o e solos de baixa capacidade de suporte<\/b>&rdquo;, que ser&aacute; ministrado pelo Eng. Ramon Luis Cavilha, Gerente da Unidade Sul na Maccaferri do Brasil.<\/p>\r\n\r\n<p>O tradicional evento da Associa&ccedil;&atilde;o Brasileira de Mec&acirc;nica dos Solos e Engenharia Geot&eacute;cnica (ABMS),<b>&nbsp;<\/b>ocorrer&aacute; entre os dias<b>&nbsp;22 a 25 de novembro de 2023<\/b>, na cidade de<b>&nbsp;Ponta Grossa, PR<\/b>, no Bourbon Ponta Grossa Convention Hotel.<\/p>\r\n\r\n<p>Informa&ccedil;&otilde;es e inscri&ccedil;&otilde;es,&nbsp;<a href=\"https:\/\/www.geosul2023.com.br\/\">acesse aqui<\/a>.<\/p>\r\n\r\n<p>&nbsp;<\/p>\r\n\r\n<p><img src=\"https:\/\/www.abint.org.br\/assets\/img\/editor\/cth-logo-alta-png_20231017125845oJiJuf2y3b.png\" style=\"width: 200px; height: 100px;\" \/><\/p>\r\n\r\n<p><b><img src=\"https:\/\/www.abint.org.br\/assets\/img\/editor\/16o-congresso-sobecc_20231010164123Cs0oppox93.png\" style=\"width: 500px; height: 283px;\" \/><\/b><\/p>\r\n\r\n<p>O&nbsp;<b>CTH ABINT &eacute; um dos patrocinadores do 16&ordm; Congresso Brasileiro de Enfermagem em Centro Cir&uacute;rgico, Recupera&ccedil;&atilde;o Anest&eacute;sica e Centro de Material e Esteriliza&ccedil;&atilde;o e 1st International Congress of Perioperative Nursing | &ldquo;A experi&ecirc;ncia do paciente cir&uacute;rgico: o cuidado singular do amor de algu&eacute;m&rdquo;<\/b>, que ocorrer&aacute; 07 a 10 de novembro de 2023, no Centro de Conven&ccedil;&otilde;es, Distrito Anhembi, Av. Olavo Fontoura, 1209, Santana, CEP 02012-021, S&atilde;o Paulo, SP.&nbsp;<a href=\"https:\/\/www.congresso-simposio-sobecc.com.br\/sobecc2023\">Informa&ccedil;&otilde;es<\/a><\/p>\r\n\r\n<p class=\"MsoTitle\" style=\"text-align:justify\"><span style=\"font-size:28pt\"><span style=\"font-family:Cambria,serif\"><span style=\"letter-spacing:-0.5pt\"><b><span lang=\"EN-US\" style=\"font-size:18.0pt\"><span style=\"font-family:&quot;Calibri&quot;,sans-serif\"><span style=\"font-variant:small-caps\">Not&iacute;cias das Associadas<\/span><\/span><\/span><\/b><\/span><\/span><\/span><\/p>\r\n\r\n<p style=\"text-align:justify\"><span style=\"font-size:11pt\"><span style=\"line-height:normal\"><span style=\"font-family:Calibri,sans-serif\"><a href=\"https:\/\/www.nonwovens-industry.com\/contents\/view_breaking-news\/2023-10-26\/freudenberg-launches-sustainable-low-level-bpa-thermal-insulation-products\/15303\" style=\"color:blue; text-decoration:underline\"><span lang=\"EN-US\" style=\"font-size:14.0pt\">Freudenberg Launches Sustainable, Low-level BPA Thermal Insulation Products<\/span><\/a> <\/span><\/span><\/span><\/p>\r\n\r\n<p style=\"text-align:justify\"><span style=\"font-size:11pt\"><span style=\"line-height:normal\"><span style=\"font-family:Calibri,sans-serif\"><a href=\"https:\/\/www.nonwovens-industry.com\/contents\/view_breaking-news\/2023-10-27\/suominens-net-sales-decrease\/\" style=\"color:blue; text-decoration:underline\"><span lang=\"EN-US\" style=\"font-size:14.0pt\">Suominen&#39;s Net Sales<\/span><\/a><\/span><\/span><\/span><\/p>\r\n\r\n<p style=\"text-align:justify\">&nbsp;<\/p>\r\n\r\n<p style=\"text-align:justify\"><span style=\"font-size:11pt\"><span style=\"line-height:normal\"><span style=\"font-family:Calibri,sans-serif\"><b><span style=\"font-size:18.0pt\"><span style=\"font-variant:small-caps\">Eventos<\/span><\/span><\/b><\/span><\/span><\/span><\/p>\r\n\r\n<p style=\"text-align:justify\"><img src=\"https:\/\/www.abint.org.br\/assets\/img\/editor\/curso-abnt-etiquetagem-textil_20231031144734LTBKm95M61.jpg\" \/><\/p>\r\n\r\n<p style=\"text-align:justify\">&nbsp;<\/p>\r\n\r\n<p style=\"text-align:justify\"><span style=\"font-size:11pt\"><span style=\"line-height:normal\"><span style=\"font-family:Calibri,sans-serif\"><b><span style=\"font-size:14.0pt\">FEIPLAR COMPOSITES &amp; FEIPUR | Pain&eacute;is Setoriais 2023<\/span><\/b><span style=\"font-size:14.0pt\">, 07 a 09 de novembro de 2023, 09h00 &agrave;s 17h00, evento online. <\/span><a href=\"https:\/\/www.webcastlive.com.br\/aspen\/\" style=\"color:blue; text-decoration:underline\"><span style=\"font-size:14.0pt\">Informa&ccedil;&otilde;es<\/span><\/a> <\/span><\/span><\/span><\/p>\r\n\r\n<p style=\"text-align:justify\"><span style=\"font-size:11pt\"><span style=\"line-height:normal\"><span style=\"font-family:Calibri,sans-serif\"><b><span style=\"font-size:14.0pt\">5&ordm; F&oacute;rum de Neg&oacute;cios sobre o Novo Marco do Saneamento<\/span><\/b><span style=\"font-size:14.0pt\">, 23 de novembro de 2023, 08h30 &agrave;s 18h00, Hotel Grand Mercure Ibirapuera, Rua Sena Madureira, 1355, S&atilde;o Paulo, SP. <\/span><a href=\"https:\/\/www.conceitoseminarios.com.br\/seminario\/forum-novo-marco-saneamento\/\" style=\"color:blue; text-decoration:underline\"><span style=\"font-size:14.0pt\">Informa&ccedil;&otilde;es<\/span><\/a> <\/span><\/span><\/span><\/p>\r\n\r\n<p style=\"text-align:justify\"><span style=\"font-size:11pt\"><span style=\"line-height:normal\"><span style=\"font-family:Calibri,sans-serif\"><b><span lang=\"EN-US\" style=\"font-size:14.0pt\">Industry CCUS 2023,<\/span><\/b> <span lang=\"EN-US\" style=\"font-size:14.0pt\">29-30 November, Rotterdam, Netherlands.<\/span> <a href=\"https:\/\/fortesmedia.com\/industry-ccus-conference-2023,4,en,2,1,28.html#register\" style=\"color:blue; text-decoration:underline\"><span style=\"font-size:14.0pt\">Informa&ccedil;&otilde;es<\/span><\/a> <\/span><\/span><\/span><\/p>\r\n\r\n<p style=\"text-align:justify\"><span style=\"font-size:11pt\"><span style=\"line-height:normal\"><span style=\"font-family:Calibri,sans-serif\"><b><span style=\"font-size:14.0pt\">FEIPLAR COMPOSITES &amp; FEIPUR &ndash; Feira e Congresso Internacionais de Composites, Poliuretano, Pl&aacute;sticos de Engenharia e Compostos Termopl&aacute;sticos<\/span><\/b><span style=\"font-size:14.0pt\">, 20 a 22 de agosto de 2024, S&atilde;o Paulo Expo (Pavilh&atilde;o 5), palestras: das 8h30 &agrave;s 18h, feira: das 13h &agrave;s 20h.<b> <\/b><\/span><a href=\"http:\/\/www.feiplar.com\" style=\"color:blue; text-decoration:underline\"><span lang=\"EN-US\" style=\"font-size:14.0pt\">www.feiplar.com<\/span><\/a> <\/span><\/span><\/span><\/p>\r\n\r\n<p style=\"text-align:justify\"><span style=\"font-size:28pt\"><span style=\"font-family:Cambria,serif\"><span style=\"letter-spacing:-0.5pt\"><b><span style=\"font-size:18.0pt\"><span style=\"font-family:&quot;Calibri&quot;,sans-serif\"><span style=\"font-variant:small-caps\">Setor<\/span><\/span><\/span><\/b><\/span><\/span><\/span><\/p>\r\n\r\n<p style=\"text-align:justify\"><span style=\"font-size:11pt\"><span style=\"line-height:normal\"><span style=\"font-family:Calibri,sans-serif\"><a href=\"https:\/\/opetroleo.com.br\/conheca-nossas-dicas-para-a-horta-em-outubro\/\" style=\"color:blue; text-decoration:underline\"><span style=\"font-size:14.0pt\">N&atilde;otecidos: conhe&ccedil;a nossas dicas para hortas<\/span><\/a><\/span><\/span><\/span><\/p>\r\n\r\n<p style=\"text-align:justify\"><span style=\"font-size:11pt\"><span style=\"line-height:normal\"><span style=\"font-family:Calibri,sans-serif\"><a href=\"https:\/\/plasticosemrevista.com.br\/o-novo-e-nada-bem-vindo-normal-para-pe-na-china\/\" style=\"color:blue; text-decoration:underline\"><span style=\"font-size:14.0pt\">O novo (e nada bem-vindo) normal para PE na China<\/span><\/a><\/span><\/span><\/span><\/p>\r\n\r\n<p style=\"text-align:justify\"><span style=\"font-size:11pt\"><span style=\"line-height:normal\"><span style=\"font-family:Calibri,sans-serif\"><a href=\"https:\/\/www.terra.com.br\/economia\/braskem-tem-queda-de-1-na-venda-de-resinas-no-brasil-no-3-tri-taxa-de-utilizacao-cede-10-pp,a0c6ea335539fd8b0bfb01625263f11abk1o4dyx.html\" style=\"color:blue; text-decoration:underline\"><span style=\"font-size:14.0pt\">Braskem tem queda de 1% na venda de resinas no Brasil no 3&deg; tri; taxa de utiliza&ccedil;&atilde;o cede 10 p.p<\/span><\/a><\/span><\/span><\/span><\/p>\r\n\r\n<p style=\"text-align:justify\"><span style=\"font-size:28pt\"><span style=\"font-family:Cambria,serif\"><span style=\"letter-spacing:-0.5pt\"><b><span style=\"font-size:18.0pt\"><span style=\"font-family:&quot;Calibri&quot;,sans-serif\"><span style=\"font-variant:small-caps\">Ind&uacute;stria<\/span><\/span><\/span><\/b><\/span><\/span><\/span><\/p>\r\n\r\n<p style=\"text-align:justify\"><span style=\"font-size:11pt\"><span style=\"line-height:normal\"><span style=\"font-family:Calibri,sans-serif\"><a href=\"https:\/\/noticias.portaldaindustria.com.br\/noticias\/competitividade\/15-de-29-setores-da-industria-estao-confiantes-em-outubro-aponta-cni\/\" style=\"color:blue; text-decoration:underline\"><span style=\"font-size:14.0pt\">15 de 29 setores da ind&uacute;stria est&atilde;o confiantes em outubro, aponta CNI<\/span><\/a><\/span><\/span><\/span><\/p>\r\n\r\n<p style=\"text-align:justify\"><span style=\"font-size:11pt\"><span style=\"line-height:normal\"><span style=\"font-family:Calibri,sans-serif\"><a href=\"https:\/\/portalibre.fgv.br\/system\/files\/2023-10\/Sondagem%20da%20Industria%20FGV_press%20release_Out23_0.pdf\" style=\"color:blue; text-decoration:underline\"><span style=\"font-size:14.0pt\">Confian&ccedil;a da Ind&uacute;stria atinge menor n&iacute;vel desde agosto de 2020<\/span><\/a><\/span><\/span><\/span><\/p>\r\n\r\n<p style=\"text-align:justify\"><span style=\"font-size:11pt\"><span style=\"line-height:normal\"><span style=\"font-family:Calibri,sans-serif\"><a href=\"https:\/\/noticias.portaldaindustria.com.br\/noticias\/economia\/depreciacao-acelerada-vai-estimular-ampliacao-e-renovacao-de-maquinas-da-industria-diz-cni\/\" style=\"color:blue; text-decoration:underline\"><span style=\"font-size:14.0pt\">Deprecia&ccedil;&atilde;o acelerada vai estimular amplia&ccedil;&atilde;o e renova&ccedil;&atilde;o de m&aacute;quinas da ind&uacute;stria, diz CNI<\/span><\/a><\/span><\/span><\/span><\/p>\r\n\r\n<p style=\"text-align:justify\"><span style=\"font-size:11pt\"><span style=\"line-height:normal\"><span style=\"font-family:Calibri,sans-serif\"><a href=\"https:\/\/noticias.portaldaindustria.com.br\/noticias\/pequenas-empresas\/concorrencia-desleal-e-qualificacao-do-trabalhador-preocupam-pequenas-empresas-no-3o-tri\/\" style=\"color:blue; text-decoration:underline\"><span style=\"font-size:14.0pt\">Concorr&ecirc;ncia desleal e qualifica&ccedil;&atilde;o do trabalhador preocupam pequenas empresas no 3&ordm; tri<\/span><\/a><\/span><\/span><\/span><\/p>\r\n\r\n<p style=\"text-align:justify\"><span style=\"font-size:11pt\"><span style=\"line-height:normal\"><span style=\"font-family:Calibri,sans-serif\"><a href=\"https:\/\/www.terra.com.br\/carros-motos\/anfavea-e-oica-associacao-global-discutem-futuro-dos-carros,64f250f8674c69092dd1f0b8d66a9762aqva2iuu.html\" style=\"color:blue; text-decoration:underline\"><span style=\"font-size:14.0pt\">Anfavea e Oica (associa&ccedil;&atilde;o global) discutem futuro dos carros<\/span><\/a><\/span><\/span><\/span><\/p>\r\n\r\n<p style=\"text-align:justify\"><span style=\"font-size:11pt\"><span style=\"line-height:normal\"><span style=\"font-family:Calibri,sans-serif\"><a href=\"https:\/\/guaiba.com.br\/2023\/10\/25\/evento-da-abicalcados-reune-players-do-mercado-calcadista\/\" style=\"color:blue; text-decoration:underline\"><span style=\"font-size:14.0pt\">Abical&ccedil;ados projeta crescimento da produ&ccedil;&atilde;o da ind&uacute;stria entre 1% e 1,7%, para mais de 860 milh&otilde;es de pares<\/span><\/a><\/span><\/span><\/span><\/p>\r\n\r\n<p style=\"text-align:justify\"><span style=\"font-size:11pt\"><span style=\"line-height:normal\"><span style=\"font-family:Calibri,sans-serif\"><a href=\"https:\/\/app.rdstation.email\/mail\/98c511bb-2d01-4676-9d46-f6fe615abfd6?utm_campaign=informe_legislativo_-_desoneracao&amp;utm_medium=email&amp;utm_source=RD+Station\" style=\"color:blue; text-decoration:underline\"><span style=\"font-size:14.0pt\">Abical&ccedil;ados | Desonera&ccedil;&atilde;o da folha de pagamento segue para san&ccedil;&atilde;o presidencial<\/span><\/a><\/span><\/span><\/span><\/p>\r\n\r\n<p style=\"text-align:justify\"><span style=\"font-size:11pt\"><span style=\"line-height:normal\"><span style=\"font-family:Calibri,sans-serif\"><a href=\"https:\/\/portalibre.fgv.br\/noticias\/confianca-da-construcao-queda-de-outubro-e-maior-desde-novembro-do-ano-passado\" style=\"color:blue; text-decoration:underline\"><span style=\"font-size:14.0pt\">Confian&ccedil;a da Constru&ccedil;&atilde;o: queda de outubro &eacute; a maior desde novembro do ano passado<\/span><\/a><\/span><\/span><\/span><\/p>\r\n\r\n<p style=\"text-align:justify\"><span style=\"font-size:11pt\"><span style=\"line-height:normal\"><span style=\"font-family:Calibri,sans-serif\"><a href=\"https:\/\/aesbe.org.br\/novo\/aesbe-lanca-book-dialogos-estrategicos-aesbe-analisando-os-cenarios-macroeconomicos-e-desafios-do-setor\/\" style=\"color:blue; text-decoration:underline\"><span style=\"font-size:14.0pt\">Aesbe lan&ccedil;a book &ldquo;Di&aacute;logos Estrat&eacute;gicos Aesbe&rdquo; analisando os cen&aacute;rios macroecon&ocirc;micos e desafios do setor<\/span><\/a><\/span><\/span><\/span><\/p>\r\n\r\n<p style=\"text-align:justify\"><span style=\"font-size:11pt\"><span style=\"line-height:normal\"><span style=\"font-family:Calibri,sans-serif\"><a href=\"https:\/\/economia.uol.com.br\/noticias\/reuters\/2023\/10\/23\/setor-quimico-tem-queda-na-ocupacao-e-alta-de-participacao-de-importados-em-agosto-diz-abiquim.htm\" style=\"color:blue; text-decoration:underline\"><span style=\"font-size:14.0pt\">Setor qu&iacute;mico tem queda na ocupa&ccedil;&atilde;o e alta de participa&ccedil;&atilde;o de importados em agosto, diz Abiquim<\/span><\/a><\/span><\/span><\/span><\/p>\r\n\r\n<p style=\"text-align:justify\"><span style=\"font-size:28pt\"><span style=\"font-family:Cambria,serif\"><span style=\"letter-spacing:-0.5pt\"><b><span style=\"font-size:18.0pt\"><span style=\"font-family:&quot;Calibri&quot;,sans-serif\"><span style=\"font-variant:small-caps\">Sustentabilidade<\/span><\/span><\/span><\/b><\/span><\/span><\/span><\/p>\r\n\r\n<p style=\"text-align:justify\"><span style=\"font-size:11pt\"><span style=\"line-height:normal\"><span style=\"font-family:Calibri,sans-serif\"><a href=\"https:\/\/mundodoplastico.plasticobrasil.com.br\/sustentabilidade\/conheca-ferramenta-que-mensura-maturidade-em-economia-circular?utm_campaign=BRZ23MDP-LB-Newsletter46&amp;utm_emailname=BRZ23MDP-LB-Newsletter46&amp;utm_medium=email&amp;utm_source=eloqua&amp;utm_MDMContactID=c30bddd9-05ca-4642-abe7-b9eae8a73ba4&amp;utm_campaigntype=Newsletter&amp;eM=b7df61998c4fe3aed879378c1b5bddc543aa29e9b499e52182600a2e4eb68b46&amp;eventSeriesCode=ES_MDDPLSDGTL&amp;eventEditionCode=BRZ00MPD&amp;sessionCode=S_MNDPLSTNWSLTR&amp;sp_eh=b7df61998c4fe3aed879378c1b5bddc543aa29e9b499e52182600a2e4eb68b46\" style=\"color:blue; text-decoration:underline\"><span style=\"font-size:14.0pt\">Conhe&ccedil;a a ferramenta que mensura a maturidade em economia circular<\/span><\/a><\/span><\/span><\/span><\/p>\r\n\r\n<p style=\"text-align:justify\"><span style=\"font-size:11pt\"><span style=\"line-height:normal\"><span style=\"font-family:Calibri,sans-serif\"><a href=\"https:\/\/www.pensamentoverde.com.br\/agenda-verde\/onu-divulga-versao-preliminar-do-tratado-global-de-plasticos-mas-ainda-e-necessario-compor-metas-mais-ambiciosas\/\" style=\"color:blue; text-decoration:underline\"><span style=\"font-size:14.0pt\">ONU divulga vers&atilde;o preliminar do Tratado Global de Pl&aacute;sticos<\/span><\/a><\/span><\/span><\/span><\/p>\r\n\r\n<p style=\"text-align:justify\"><span style=\"font-size:11pt\"><span style=\"line-height:normal\"><span style=\"font-family:Calibri,sans-serif\"><a href=\"https:\/\/plasticosemrevista.com.br\/alemanha-institui-taxa-para-plastico-de-uso-unico\/\" style=\"color:blue; text-decoration:underline\"><span style=\"font-size:14.0pt\">Alemanha institui taxa para pl&aacute;stico de uso &uacute;nico<\/span><\/a><\/span><\/span><\/span><\/p>\r\n\r\n<p style=\"text-align:justify\"><span style=\"font-size:11pt\"><span style=\"line-height:normal\"><span style=\"font-family:Calibri,sans-serif\"><a href=\"https:\/\/portal.fgv.br\/noticias\/estudo-avalia-pegada-carbono-automoveis-fabricados-brasil\" style=\"color:blue; text-decoration:underline\"><span style=\"font-size:14.0pt\">Estudo avalia pegada de carbono de autom&oacute;veis fabricados no Brasil<\/span><\/a><\/span><\/span><\/span><\/p>\r\n\r\n<p style=\"text-align:justify\"><span style=\"font-size:11pt\"><span style=\"line-height:normal\"><span style=\"font-family:Calibri,sans-serif\"><a href=\"https:\/\/heloisatolipan.com.br\/moda\/senai-cetiqt-1-simposio-de-economia-circular-traca-panorama-sobre-projetos-em-prol-do-desenvolvimento-sustentavel\/\" style=\"color:blue; text-decoration:underline\"><span style=\"font-size:14.0pt\">SENAI CETIQT: 1&ordm; Simp&oacute;sio de Economia Circular tra&ccedil;a panorama sobre projetos em prol do desenvolvimento sustent&aacute;vel<\/span><\/a><\/span><\/span><\/span><\/p>\r\n\r\n<p style=\"text-align:justify\"><span style=\"font-size:28pt\"><span style=\"font-family:Cambria,serif\"><span style=\"letter-spacing:-0.5pt\"><b><span style=\"font-size:18.0pt\"><span style=\"font-family:&quot;Calibri&quot;,sans-serif\"><span style=\"font-variant:small-caps\">Inova&ccedil;&atilde;o<\/span><\/span><\/span><\/b><\/span><\/span><\/span><\/p>\r\n\r\n<p style=\"text-align:justify\"><span style=\"font-size:11pt\"><span style=\"line-height:normal\"><span style=\"font-family:Calibri,sans-serif\"><a href=\"https:\/\/noticias.portaldaindustria.com.br\/noticias\/inovacao-e-tecnologia\/o-que-inovacao-tem-a-ver-com-esg\/\" style=\"color:blue; text-decoration:underline\"><span style=\"font-size:14.0pt\">O que inova&ccedil;&atilde;o tem a ver com ESG?<\/span><\/a><\/span><\/span><\/span><\/p>\r\n\r\n<p style=\"text-align:justify\"><span style=\"font-size:11pt\"><span style=\"line-height:normal\"><span style=\"font-family:Calibri,sans-serif\"><a href=\"https:\/\/techxplore.com\/news\/2023-10-shape-shifting-fiber-morphing-fabrics.html?utm_source=nwletter&amp;utm_medium=email&amp;utm_campaign=daily-nwletter\" style=\"color:blue; text-decoration:underline\"><span lang=\"EN-US\" style=\"font-size:14.0pt\">Shape-shifting fiber can produce morphing fabrics<\/span><\/a><\/span><\/span><\/span><\/p>\r\n\r\n<p style=\"text-align:justify\"><span style=\"font-size:28pt\"><span style=\"font-family:Cambria,serif\"><span style=\"letter-spacing:-0.5pt\"><b><span style=\"font-size:18.0pt\"><span style=\"font-family:&quot;Calibri&quot;,sans-serif\"><span style=\"font-variant:small-caps\">Com&eacute;rcio Exterior<\/span><\/span><\/span><\/b><\/span><\/span><\/span><\/p>\r\n\r\n<p style=\"text-align:justify\"><span style=\"font-size:11pt\"><span style=\"line-height:normal\"><span style=\"font-family:Calibri,sans-serif\"><a href=\"https:\/\/www.cnnbrasil.com.br\/economia\/expectativa-e-de-concluir-acordo-mercosul-ue-neste-ano-diz-secretaria-a-cnn-apos-reuniao-em-bruxelas\/\" style=\"color:blue; text-decoration:underline\"><span style=\"font-size:14.0pt\">Expectativa &eacute; de concluir acordo Mercosul-UE neste ano, diz secret&aacute;ria &agrave; CNN ap&oacute;s reuni&atilde;o em Bruxelas<\/span><\/a><\/span><\/span><\/span><\/p>\r\n\r\n<p style=\"text-align:justify\"><span style=\"font-size:11pt\"><span style=\"line-height:normal\"><span style=\"font-family:Calibri,sans-serif\"><a href=\"https:\/\/comexdobrasil.com\/brasil-expoe-a-ue-preocupacoes-de-exportadores-com-legislacao-antidesmatamento\/\" style=\"color:blue; text-decoration:underline\"><span style=\"font-size:14.0pt\">Brasil exp&otilde;e &agrave; UE preocupa&ccedil;&otilde;es de exportadores com legisla&ccedil;&atilde;o antidesmatamento<\/span><\/a><\/span><\/span><\/span><\/p>\r\n\r\n<p style=\"text-align:justify\"><span style=\"font-size:11pt\"><span style=\"line-height:normal\"><span style=\"font-family:Calibri,sans-serif\"><a href=\"https:\/\/exame.com\/esferabrasil\/brasil-lanca-consulta-publica-para-ampliar-acordos-entre-mercosul-india-e-emirados-arabes\/\" style=\"color:blue; text-decoration:underline\"><span style=\"font-size:14.0pt\">Brasil lan&ccedil;a consulta p&uacute;blica para ampliar acordos entre Mercosul, &Iacute;ndia e Emirados &Aacute;rabes<\/span><\/a><\/span><\/span><\/span><\/p>\r\n\r\n<p style=\"text-align:justify\"><span style=\"font-size:11pt\"><span style=\"line-height:normal\"><span style=\"font-family:Calibri,sans-serif\"><a href=\"https:\/\/apexbrasil.com.br\/content\/apexbrasil\/br\/pt\/conteudo\/noticias\/APEX-BRASIL-E-EMPRESAS-EXPORTADORAS-TRACAM-NOVO-MAPA-DE-INVESTIMENTOS-NA-AMERICA-DO-SUL.html#msdynttrid=r4dB9jlmRq0woSZSjshiEMQ9zxH078SgDZpQw943aFA\" style=\"color:blue; text-decoration:underline\"><span style=\"font-size:14.0pt\">ApexBrasil e empresas exportadoras tra&ccedil;am novo mapa de investimentos na Am&eacute;rica do Sul<\/span><\/a><\/span><\/span><\/span><\/p>\r\n\r\n<p style=\"text-align:justify\"><span style=\"font-size:11pt\"><span style=\"line-height:normal\"><span style=\"font-family:Calibri,sans-serif\"><a href=\"https:\/\/www.eiu.com\/n\/chinas-planned-fiscal-expansion-will-boost-growth\/?utm_source=mkt-newsletter&amp;utm_medium=email&amp;utm_campaign=foce&amp;utm_content=27-october-2023&amp;utm_term=here&amp;mkt_tok=NzUzLVJJUS00MzgAAAGPEGj_vqhcKRI-hVnUBn_H6z9GqpzyxDkugr6AExR5vWAaP-C7BqE97plQUcTXZIZK71xirQ807xcMO01LKwKS8pPZN2QNajNqooatfblViZzBRw\" style=\"color:blue; text-decoration:underline\"><span lang=\"EN-US\" style=\"font-size:14.0pt\">China&rsquo;s planned fiscal expansion will boost growth<\/span><\/a><\/span><\/span><\/span><\/p>\r\n\r\n<p style=\"text-align:justify\"><span style=\"font-size:11pt\"><span style=\"line-height:normal\"><span style=\"font-family:Calibri,sans-serif\"><a href=\"https:\/\/apexbrasil.com.br\/content\/apexbrasil\/br\/pt\/conteudo\/noticias\/Diretriz-conduta-responsavel.html#msdynttrid=Ox7TtFgNP9Q0LQumAivnB7lDpKNEI2KPYxWA2K1m_mQ\" style=\"color:blue; text-decoration:underline\"><span style=\"font-size:14.0pt\">OCDE lan&ccedil;a nova vers&atilde;o das Diretrizes para Empresas Multinacionais sobre Conduta Empresarial Respons&aacute;vel<\/span><\/a><\/span><\/span><\/span><\/p>\r\n\r\n<p style=\"text-align:justify\"><span style=\"font-size:28pt\"><span style=\"font-family:Cambria,serif\"><span style=\"letter-spacing:-0.5pt\"><b><span style=\"font-size:18.0pt\"><span style=\"font-family:&quot;Calibri&quot;,sans-serif\"><span style=\"font-variant:small-caps\">Economia<\/span><\/span><\/span><\/b><\/span><\/span><\/span><\/p>\r\n\r\n<p style=\"text-align:justify\"><span style=\"font-size:11pt\"><span style=\"line-height:normal\"><span style=\"font-family:Calibri,sans-serif\"><a href=\"https:\/\/www.bcb.gov.br\/content\/focus\/focus\/R20231027.pdf\" style=\"color:blue; text-decoration:underline\"><span style=\"font-size:14.0pt\">Focus &ndash; Relat&oacute;rio de Mercado<\/span><\/a><\/span><\/span><\/span><\/p>\r\n\r\n<p style=\"text-align:justify\"><span style=\"font-size:11pt\"><span style=\"line-height:normal\"><span style=\"font-family:Calibri,sans-serif\"><a href=\"https:\/\/jovempan.com.br\/noticias\/economia\/mercado-reduz-projecao-para-inflacao-e-pib-de-2023-pela-segunda-semana-consecutiva.html\" style=\"color:blue; text-decoration:underline\"><span style=\"font-size:14.0pt\">Mercado reduz proje&ccedil;&atilde;o para infla&ccedil;&atilde;o e PIB de 2023 pela segunda semana consecutiva<\/span><\/a><\/span><\/span><\/span><\/p>\r\n\r\n<p style=\"text-align:justify\"><span style=\"font-size:11pt\"><span style=\"line-height:normal\"><span style=\"font-family:Calibri,sans-serif\"><a href=\"https:\/\/ibre.fgv.br\/blog-da-conjuntura-economica\/artigos\/em-foco-123\" style=\"color:blue; text-decoration:underline\"><span style=\"font-size:14.0pt\">A guerra amplia incertezas e torna proje&ccedil;&otilde;es um quebra-cabe&ccedil;as<\/span><\/a><\/span><\/span><\/span><\/p>\r\n\r\n<p style=\"text-align:justify\"><span style=\"font-size:11pt\"><span style=\"line-height:normal\"><span style=\"font-family:Calibri,sans-serif\"><a href=\"https:\/\/www.moneytimes.com.br\/pib-crescimento-economico-dos-eua-acelera-no-terceiro-trimestre\/\" style=\"color:blue; text-decoration:underline\"><span style=\"font-size:14.0pt\">PIB: Crescimento econ&ocirc;mico dos EUA acelera no terceiro trimestre<\/span><\/a><\/span><\/span><\/span><\/p>\r\n\r\n<p style=\"text-align:justify\"><span style=\"font-size:11pt\"><span style=\"line-height:normal\"><span style=\"font-family:Calibri,sans-serif\"><a href=\"https:\/\/www.moneytimes.com.br\/pce-inflacao-anual-dos-estados-unidos-sobe-34-confira\/\" style=\"color:blue; text-decoration:underline\"><span style=\"font-size:14.0pt\">PCE: Infla&ccedil;&atilde;o anual dos Estados Unidos sobe 3,4%; confira<\/span><\/a><\/span><\/span><\/span><\/p>\r\n","6":"<p style=\"text-align:justify\"><span style=\"font-size:11pt\"><span style=\"line-height:normal\"><span style=\"font-family:Calibri,sans-serif\"><span style=\"font-size:14.0pt\">Esta &eacute; uma compila&ccedil;&atilde;o das not&iacute;cias mais relevantes para o setor, incluindo informa&ccedil;&otilde;es sobre acordos internacionais, economia brasileira, sustentabilidade e mat&eacute;rias primas, al&eacute;m de novidades do setor de N&atilde;otecidos e Tecidos T&eacute;cnicos.<\/span><\/span><\/span><\/span><\/p>\r\n\r\n<p style=\"text-align:justify\"><span style=\"font-size:28pt\"><span style=\"font-family:Cambria,serif\"><span style=\"letter-spacing:-0.5pt\"><b><span style=\"font-size:18.0pt\"><span style=\"font-family:&quot;Calibri&quot;,sans-serif\"><span style=\"font-variant:small-caps\">A&ccedil;&otilde;es realizadas<\/span><\/span><\/span><\/b><\/span><\/span><\/span><\/p>\r\n\r\n<p style=\"text-align:justify\"><span style=\"font-size:11pt\"><span style=\"line-height:normal\"><span style=\"font-family:Calibri,sans-serif\"><span style=\"font-size:14.0pt\">Dia 26\/10 a Associa&ccedil;&atilde;o Brasileira das Ind&uacute;strias de N&atilde;otecidos e Tecidos T&eacute;cnicos (ABINT) realizou mais um Curso Tecnologia dos N&atilde;otecidos em sua sede em S&atilde;o Paulo, ministrado pelo Eng. Ricardo Rossi.<\/span><\/span><\/span><\/span><\/p>\r\n\r\n<p style=\"text-align:justify\"><span style=\"font-size:11pt\"><span style=\"line-height:normal\"><span style=\"font-family:Calibri,sans-serif\"><span style=\"font-size:14.0pt\"><img src=\"https:\/\/www.abint.org.br\/assets\/img\/editor\/20231026-curso-naotecidos-4_20231031143851QTPxYyrlvI.jpeg\" style=\"width: 600px; height: 450px;\" \/><\/span><\/span><\/span><\/span><\/p>\r\n\r\n<p style=\"text-align:justify\">&nbsp;<\/p>\r\n\r\n<p style=\"text-align:justify\"><img src=\"https:\/\/www.abint.org.br\/assets\/img\/editor\/abint-logo-2020-p_202310311440122hoFkCOOeN.png\" style=\"width: 200px; height: 45px;\" \/><\/p>\r\n\r\n<p style=\"text-align:justify\"><img src=\"https:\/\/www.abint.org.br\/assets\/img\/editor\/post-quadrado-curso-naotecido_20231031144101iOT7NFuvZl.jpg\" style=\"width: 300px; height: 300px;\" \/><\/p>\r\n\r\n<p style=\"text-align:justify\"><span style=\"font-size:11.0pt\"><span style=\"line-height:115%\"><span style=\"font-family:&quot;Calibri&quot;,sans-serif\"><a href=\"https:\/\/forms.gle\/E5bZXpiNh7wZ9kcQ6\" style=\"color:blue; text-decoration:underline\"><b><span style=\"font-size:14.0pt\"><span style=\"line-height:115%\">Informa&ccedil;&otilde;es e inscri&ccedil;&otilde;es<\/span><\/span><\/b><\/a><\/span><\/span><\/span><\/p>\r\n\r\n<p style=\"text-align:justify\">&nbsp;<\/p>\r\n\r\n<p><img src=\"https:\/\/www.abint.org.br\/assets\/img\/editor\/2o-seminario-abrafiltros_202310101642475KeAk5u38t.jpeg\" style=\"width: 300px; height: 295px;\" \/><\/p>\r\n\r\n<p>A&nbsp;<b>ABINT<\/b>&nbsp;&eacute; uma das<b>&nbsp;apoiadoras do 2&ordm; Semin&aacute;rio de Filtros,&nbsp;<\/b>evento online e gratuito, que ocorrer&aacute;<b>&nbsp;dia 08 de novembro.&nbsp;<\/b><a href=\"http:\/\/www.abrafiltros.org.br\/seminario\"><b>Informa&ccedil;&otilde;es<\/b><\/a><\/p>\r\n\r\n<p>&nbsp;<\/p>\r\n\r\n<p><img src=\"https:\/\/www.abint.org.br\/assets\/img\/editor\/congresso-internacional-abit-2023_20231031144843HCpu0nWSVS.png\" \/><\/p>\r\n\r\n<p><b>A ABINT &eacute; uma das patrocinadoras do Congresso Internacional ABIT 2023,&nbsp;<\/b>que ocorrer&aacute;<b>&nbsp;dias 08 e 09 de novembro, na FIESC, Florian&oacute;polis, SC.&nbsp;<\/b><a href=\"https:\/\/t.rdsv1.net\/ls\/click?upn=LFSWB5boDXSqxt4eHgA5r3YUv3HG6yY4XTXT-2BpjEpFmt56yR61Gu09ER-2Bq95-2FgFAbN46ClwLMWPZzveVybfat1CKHOKhUUtOIVaFgsR5U28dlEKVouFrV1iSMaKnlWHCANmwKiZ4x1Oy9BDRL5tuTGPXgO91zEc1uo-2FbtPYQFm3y4fMGnbuiV3FEKs9g9uy1l2sL_iW8zc4KBvTUX2z9kws1M6pjQI9DpNNh-2Fk6fgMN4DbaFx-2BL1o5swSv2HtiLB2iGFhqxZ0654f80VOIjakRycDjcrdu1MF6BdTRc4d4wYs0wcxXXPsRygypvnzeOAhjjgiEkGX1jMsv1FD9IiN0mt5TiPA-2F-2FcYbMJqgkOyyeRxcI4izBTlMz4tYAchHCwHneJZvJXH0y9HeVp67XkJynQGH21X32t2y1CeSaYEq0zVO-2BnyLK4mDGipKkH-2FZQCwU2MKfdHIIgVMZzvyz5G5cXFeOFC58YiNyn2cnMPO14gymNMfyWFH-2BHHlC3b47l7V1Qmqxs4es-2BeyjBwNpbTVF3mKTVfvVN8KGLr0cqLDBhDLHrW7KPcTfpWgS5gfvWdAKEPOEmZKoo4k2kAi0PFh6jxFYAV2tXcAZfbY2kx8RXrY81D1SMCEBW0alhXBRKfUMvljxKCVojmlXya75YoxeWm0PKiSpaikvnyQHb1SYVAvooBBGQr8kVTT7gfi2jpYOB7Yz3v8ovwiOQwMF4kMzI4BGg58Stg7NIyaStQsDmhOsSp6GMNA3SG1UPw-2Fljh3rhjS-2BFt0EiGPe9cI33b9n1X0Y0ud-2BOFmeXkp5V9mMyq0eViPM4g6fXMuiRQFG1Lhn1lb5TsAtW9vCVxHdYrOB-2F6cV4-2FiOK5JwicsxDApwdvwvys-3D\"><b>Informa&ccedil;&otilde;es<\/b><\/a><\/p>\r\n\r\n<p>&nbsp;<\/p>\r\n\r\n<p><img src=\"https:\/\/www.abint.org.br\/assets\/img\/editor\/logo-ctg-abint-jpg-pequeno_20231017124831fyXzED5Dgv.jpg\" \/><\/p>\r\n\r\n<p><img src=\"https:\/\/www.abint.org.br\/assets\/img\/editor\/banner-anpet-abnit_20231024120320CJ9xfQpyHw.jpeg\" style=\"width: 300px; height: 300px;\" \/><\/p>\r\n\r\n<p><b>O CTG ABINT &eacute; um dos patrocinadores do 37&ordm; ANPET &ndash; Congresso de Pesquisa e Ensino em Transporte<\/b>, que ocorrer&aacute;&nbsp;<b>de 06 a 10 de novembro de 2023, no Bourbon Santos Convention Hotel, Santos, SP<\/b>, e &eacute; uma realiza&ccedil;&atilde;o da Associa&ccedil;&atilde;o Nacional de Pesquisa e Ensino em Transportes (ANPET), da Universidade de S&atilde;o Paulo (USP), da Universidade Estadual de Campinas (UNICAMP) e da Universidade Estadual Paulista &quot;J&uacute;lio de Mesquita Filho&quot; (UNESP).<\/p>\r\n\r\n<p>&ldquo;O 37&ordm; ANPET concentrar&aacute; a discuss&atilde;o de temas de grande interesse para os profissionais que atuam no setor, possibilitando que todas as esferas ligadas &agrave; atividade de transportes, acad&ecirc;micas, cient&iacute;ficas, profissionais, privadas ou governamentais, possam apresentar seus problemas e solu&ccedil;&otilde;es, discuti-los e refletir sobre linhas de a&ccedil;&atilde;o num ambiente cooperativo e instrutivo&rdquo;.<\/p>\r\n\r\n<p>Informa&ccedil;&otilde;es e inscri&ccedil;&otilde;es,&nbsp;<a href=\"http:\/\/anpet.org.br\/37anpet\/index.php\/pt\/\">acesse aqui<\/a>.<\/p>\r\n\r\n<p>&nbsp;<\/p>\r\n\r\n<p><strong><img src=\"https:\/\/www.abint.org.br\/assets\/img\/editor\/20231107-geonorte-2023-banner-ctg-abint_202310171256350GjEiBNLgb.png\" style=\"width: 300px; height: 375px;\" \/><\/strong><\/p>\r\n\r\n<p>O&nbsp;<b>CTG ABINT patrocinar&aacute; o GEONORTE 2023<\/b>, evento realizado pela Associa&ccedil;&atilde;o Brasileira de Mec&acirc;nica dos Solos, cujo&nbsp;<b>tema deste ano ser&aacute; &quot;Geotecnia na Amaz&ocirc;nia&quot;<\/b>.<\/p>\r\n\r\n<p>O evento ocorrer&aacute; de<b>&nbsp;07 a 09 de novembro de 2023,&nbsp;<\/b>na cidade de<b>&nbsp;Palmas, TO<\/b>.<\/p>\r\n\r\n<p>Informa&ccedil;&otilde;es e inscri&ccedil;&otilde;es,&nbsp;<a href=\"https:\/\/geonorteabms.com.br\/2023\/#sobre\">acesse aqui<\/a>.<\/p>\r\n\r\n<p>&nbsp;<\/p>\r\n\r\n<p><img src=\"https:\/\/www.abint.org.br\/assets\/img\/editor\/20231122-geosul-2023-logo_20231017125749mcr7Arn2je.png\" style=\"width: 300px; height: 300px;\" \/><\/p>\r\n\r\n<p>&nbsp;<\/p>\r\n\r\n<p>O&nbsp;<b>CTG ABINT participar&aacute; tamb&eacute;m do XIII Simp&oacute;sio de Pr&aacute;tica de Engenharia Geot&eacute;cnica da Regi&atilde;o Sul (GEOSUL<\/b>), com o minicurso &ldquo;<b>A utiliza&ccedil;&atilde;o de geossint&eacute;ticos em solu&ccedil;&otilde;es para muros de conten&ccedil;&atilde;o e solos de baixa capacidade de suporte<\/b>&rdquo;, que ser&aacute; ministrado pelo Eng. Ramon Luis Cavilha, Gerente da Unidade Sul na Maccaferri do Brasil.<\/p>\r\n\r\n<p>O tradicional evento da Associa&ccedil;&atilde;o Brasileira de Mec&acirc;nica dos Solos e Engenharia Geot&eacute;cnica (ABMS),<b>&nbsp;<\/b>ocorrer&aacute; entre os dias<b>&nbsp;22 a 25 de novembro de 2023<\/b>, na cidade de<b>&nbsp;Ponta Grossa, PR<\/b>, no Bourbon Ponta Grossa Convention Hotel.<\/p>\r\n\r\n<p>Informa&ccedil;&otilde;es e inscri&ccedil;&otilde;es,&nbsp;<a href=\"https:\/\/www.geosul2023.com.br\/\">acesse aqui<\/a>.<\/p>\r\n\r\n<p>&nbsp;<\/p>\r\n\r\n<p><img src=\"https:\/\/www.abint.org.br\/assets\/img\/editor\/cth-logo-alta-png_20231017125845oJiJuf2y3b.png\" style=\"width: 200px; height: 100px;\" \/><\/p>\r\n\r\n<p><b><img src=\"https:\/\/www.abint.org.br\/assets\/img\/editor\/16o-congresso-sobecc_20231010164123Cs0oppox93.png\" style=\"width: 500px; height: 283px;\" \/><\/b><\/p>\r\n\r\n<p>O&nbsp;<b>CTH ABINT &eacute; um dos patrocinadores do 16&ordm; Congresso Brasileiro de Enfermagem em Centro Cir&uacute;rgico, Recupera&ccedil;&atilde;o Anest&eacute;sica e Centro de Material e Esteriliza&ccedil;&atilde;o e 1st International Congress of Perioperative Nursing | &ldquo;A experi&ecirc;ncia do paciente cir&uacute;rgico: o cuidado singular do amor de algu&eacute;m&rdquo;<\/b>, que ocorrer&aacute; 07 a 10 de novembro de 2023, no Centro de Conven&ccedil;&otilde;es, Distrito Anhembi, Av. Olavo Fontoura, 1209, Santana, CEP 02012-021, S&atilde;o Paulo, SP.&nbsp;<a href=\"https:\/\/www.congresso-simposio-sobecc.com.br\/sobecc2023\">Informa&ccedil;&otilde;es<\/a><\/p>\r\n\r\n<p class=\"MsoTitle\" style=\"text-align:justify\"><span style=\"font-size:28pt\"><span style=\"font-family:Cambria,serif\"><span style=\"letter-spacing:-0.5pt\"><b><span lang=\"EN-US\" style=\"font-size:18.0pt\"><span style=\"font-family:&quot;Calibri&quot;,sans-serif\"><span style=\"font-variant:small-caps\">Not&iacute;cias das Associadas<\/span><\/span><\/span><\/b><\/span><\/span><\/span><\/p>\r\n\r\n<p style=\"text-align:justify\"><span style=\"font-size:11pt\"><span style=\"line-height:normal\"><span style=\"font-family:Calibri,sans-serif\"><a href=\"https:\/\/www.nonwovens-industry.com\/contents\/view_breaking-news\/2023-10-26\/freudenberg-launches-sustainable-low-level-bpa-thermal-insulation-products\/15303\" style=\"color:blue; text-decoration:underline\"><span lang=\"EN-US\" style=\"font-size:14.0pt\">Freudenberg Launches Sustainable, Low-level BPA Thermal Insulation Products<\/span><\/a> <\/span><\/span><\/span><\/p>\r\n\r\n<p style=\"text-align:justify\"><span style=\"font-size:11pt\"><span style=\"line-height:normal\"><span style=\"font-family:Calibri,sans-serif\"><a href=\"https:\/\/www.nonwovens-industry.com\/contents\/view_breaking-news\/2023-10-27\/suominens-net-sales-decrease\/\" style=\"color:blue; text-decoration:underline\"><span lang=\"EN-US\" style=\"font-size:14.0pt\">Suominen&#39;s Net Sales<\/span><\/a><\/span><\/span><\/span><\/p>\r\n\r\n<p style=\"text-align:justify\">&nbsp;<\/p>\r\n\r\n<p style=\"text-align:justify\"><span style=\"font-size:11pt\"><span style=\"line-height:normal\"><span style=\"font-family:Calibri,sans-serif\"><b><span style=\"font-size:18.0pt\"><span style=\"font-variant:small-caps\">Eventos<\/span><\/span><\/b><\/span><\/span><\/span><\/p>\r\n\r\n<p style=\"text-align:justify\"><img src=\"https:\/\/www.abint.org.br\/assets\/img\/editor\/curso-abnt-etiquetagem-textil_20231031144734LTBKm95M61.jpg\" \/><\/p>\r\n\r\n<p style=\"text-align:justify\">&nbsp;<\/p>\r\n\r\n<p style=\"text-align:justify\"><span style=\"font-size:11pt\"><span style=\"line-height:normal\"><span style=\"font-family:Calibri,sans-serif\"><b><span style=\"font-size:14.0pt\">FEIPLAR COMPOSITES &amp; FEIPUR | Pain&eacute;is Setoriais 2023<\/span><\/b><span style=\"font-size:14.0pt\">, 07 a 09 de novembro de 2023, 09h00 &agrave;s 17h00, evento online. <\/span><a href=\"https:\/\/www.webcastlive.com.br\/aspen\/\" style=\"color:blue; text-decoration:underline\"><span style=\"font-size:14.0pt\">Informa&ccedil;&otilde;es<\/span><\/a> <\/span><\/span><\/span><\/p>\r\n\r\n<p style=\"text-align:justify\"><span style=\"font-size:11pt\"><span style=\"line-height:normal\"><span style=\"font-family:Calibri,sans-serif\"><b><span style=\"font-size:14.0pt\">5&ordm; F&oacute;rum de Neg&oacute;cios sobre o Novo Marco do Saneamento<\/span><\/b><span style=\"font-size:14.0pt\">, 23 de novembro de 2023, 08h30 &agrave;s 18h00, Hotel Grand Mercure Ibirapuera, Rua Sena Madureira, 1355, S&atilde;o Paulo, SP. <\/span><a href=\"https:\/\/www.conceitoseminarios.com.br\/seminario\/forum-novo-marco-saneamento\/\" style=\"color:blue; text-decoration:underline\"><span style=\"font-size:14.0pt\">Informa&ccedil;&otilde;es<\/span><\/a> <\/span><\/span><\/span><\/p>\r\n\r\n<p style=\"text-align:justify\"><span style=\"font-size:11pt\"><span style=\"line-height:normal\"><span style=\"font-family:Calibri,sans-serif\"><b><span lang=\"EN-US\" style=\"font-size:14.0pt\">Industry CCUS 2023,<\/span><\/b> <span lang=\"EN-US\" style=\"font-size:14.0pt\">29-30 November, Rotterdam, Netherlands.<\/span> <a href=\"https:\/\/fortesmedia.com\/industry-ccus-conference-2023,4,en,2,1,28.html#register\" style=\"color:blue; text-decoration:underline\"><span style=\"font-size:14.0pt\">Informa&ccedil;&otilde;es<\/span><\/a> <\/span><\/span><\/span><\/p>\r\n\r\n<p style=\"text-align:justify\"><span style=\"font-size:11pt\"><span style=\"line-height:normal\"><span style=\"font-family:Calibri,sans-serif\"><b><span style=\"font-size:14.0pt\">FEIPLAR COMPOSITES &amp; FEIPUR &ndash; Feira e Congresso Internacionais de Composites, Poliuretano, Pl&aacute;sticos de Engenharia e Compostos Termopl&aacute;sticos<\/span><\/b><span style=\"font-size:14.0pt\">, 20 a 22 de agosto de 2024, S&atilde;o Paulo Expo (Pavilh&atilde;o 5), palestras: das 8h30 &agrave;s 18h, feira: das 13h &agrave;s 20h.<b> <\/b><\/span><a href=\"http:\/\/www.feiplar.com\" style=\"color:blue; text-decoration:underline\"><span lang=\"EN-US\" style=\"font-size:14.0pt\">www.feiplar.com<\/span><\/a> <\/span><\/span><\/span><\/p>\r\n\r\n<p style=\"text-align:justify\"><span style=\"font-size:28pt\"><span style=\"font-family:Cambria,serif\"><span style=\"letter-spacing:-0.5pt\"><b><span style=\"font-size:18.0pt\"><span style=\"font-family:&quot;Calibri&quot;,sans-serif\"><span style=\"font-variant:small-caps\">Setor<\/span><\/span><\/span><\/b><\/span><\/span><\/span><\/p>\r\n\r\n<p style=\"text-align:justify\"><span style=\"font-size:11pt\"><span style=\"line-height:normal\"><span style=\"font-family:Calibri,sans-serif\"><a href=\"https:\/\/opetroleo.com.br\/conheca-nossas-dicas-para-a-horta-em-outubro\/\" style=\"color:blue; text-decoration:underline\"><span style=\"font-size:14.0pt\">N&atilde;otecidos: conhe&ccedil;a nossas dicas para hortas<\/span><\/a><\/span><\/span><\/span><\/p>\r\n\r\n<p style=\"text-align:justify\"><span style=\"font-size:11pt\"><span style=\"line-height:normal\"><span style=\"font-family:Calibri,sans-serif\"><a href=\"https:\/\/plasticosemrevista.com.br\/o-novo-e-nada-bem-vindo-normal-para-pe-na-china\/\" style=\"color:blue; text-decoration:underline\"><span style=\"font-size:14.0pt\">O novo (e nada bem-vindo) normal para PE na China<\/span><\/a><\/span><\/span><\/span><\/p>\r\n\r\n<p style=\"text-align:justify\"><span style=\"font-size:11pt\"><span style=\"line-height:normal\"><span style=\"font-family:Calibri,sans-serif\"><a href=\"https:\/\/www.terra.com.br\/economia\/braskem-tem-queda-de-1-na-venda-de-resinas-no-brasil-no-3-tri-taxa-de-utilizacao-cede-10-pp,a0c6ea335539fd8b0bfb01625263f11abk1o4dyx.html\" style=\"color:blue; text-decoration:underline\"><span style=\"font-size:14.0pt\">Braskem tem queda de 1% na venda de resinas no Brasil no 3&deg; tri; taxa de utiliza&ccedil;&atilde;o cede 10 p.p<\/span><\/a><\/span><\/span><\/span><\/p>\r\n\r\n<p style=\"text-align:justify\"><span style=\"font-size:28pt\"><span style=\"font-family:Cambria,serif\"><span style=\"letter-spacing:-0.5pt\"><b><span style=\"font-size:18.0pt\"><span style=\"font-family:&quot;Calibri&quot;,sans-serif\"><span style=\"font-variant:small-caps\">Ind&uacute;stria<\/span><\/span><\/span><\/b><\/span><\/span><\/span><\/p>\r\n\r\n<p style=\"text-align:justify\"><span style=\"font-size:11pt\"><span style=\"line-height:normal\"><span style=\"font-family:Calibri,sans-serif\"><a href=\"https:\/\/noticias.portaldaindustria.com.br\/noticias\/competitividade\/15-de-29-setores-da-industria-estao-confiantes-em-outubro-aponta-cni\/\" style=\"color:blue; text-decoration:underline\"><span style=\"font-size:14.0pt\">15 de 29 setores da ind&uacute;stria est&atilde;o confiantes em outubro, aponta CNI<\/span><\/a><\/span><\/span><\/span><\/p>\r\n\r\n<p style=\"text-align:justify\"><span style=\"font-size:11pt\"><span style=\"line-height:normal\"><span style=\"font-family:Calibri,sans-serif\"><a href=\"https:\/\/portalibre.fgv.br\/system\/files\/2023-10\/Sondagem%20da%20Industria%20FGV_press%20release_Out23_0.pdf\" style=\"color:blue; text-decoration:underline\"><span style=\"font-size:14.0pt\">Confian&ccedil;a da Ind&uacute;stria atinge menor n&iacute;vel desde agosto de 2020<\/span><\/a><\/span><\/span><\/span><\/p>\r\n\r\n<p style=\"text-align:justify\"><span style=\"font-size:11pt\"><span style=\"line-height:normal\"><span style=\"font-family:Calibri,sans-serif\"><a href=\"https:\/\/noticias.portaldaindustria.com.br\/noticias\/economia\/depreciacao-acelerada-vai-estimular-ampliacao-e-renovacao-de-maquinas-da-industria-diz-cni\/\" style=\"color:blue; text-decoration:underline\"><span style=\"font-size:14.0pt\">Deprecia&ccedil;&atilde;o acelerada vai estimular amplia&ccedil;&atilde;o e renova&ccedil;&atilde;o de m&aacute;quinas da ind&uacute;stria, diz CNI<\/span><\/a><\/span><\/span><\/span><\/p>\r\n\r\n<p style=\"text-align:justify\"><span style=\"font-size:11pt\"><span style=\"line-height:normal\"><span style=\"font-family:Calibri,sans-serif\"><a href=\"https:\/\/noticias.portaldaindustria.com.br\/noticias\/pequenas-empresas\/concorrencia-desleal-e-qualificacao-do-trabalhador-preocupam-pequenas-empresas-no-3o-tri\/\" style=\"color:blue; text-decoration:underline\"><span style=\"font-size:14.0pt\">Concorr&ecirc;ncia desleal e qualifica&ccedil;&atilde;o do trabalhador preocupam pequenas empresas no 3&ordm; tri<\/span><\/a><\/span><\/span><\/span><\/p>\r\n\r\n<p style=\"text-align:justify\"><span style=\"font-size:11pt\"><span style=\"line-height:normal\"><span style=\"font-family:Calibri,sans-serif\"><a href=\"https:\/\/www.terra.com.br\/carros-motos\/anfavea-e-oica-associacao-global-discutem-futuro-dos-carros,64f250f8674c69092dd1f0b8d66a9762aqva2iuu.html\" style=\"color:blue; text-decoration:underline\"><span style=\"font-size:14.0pt\">Anfavea e Oica (associa&ccedil;&atilde;o global) discutem futuro dos carros<\/span><\/a><\/span><\/span><\/span><\/p>\r\n\r\n<p style=\"text-align:justify\"><span style=\"font-size:11pt\"><span style=\"line-height:normal\"><span style=\"font-family:Calibri,sans-serif\"><a href=\"https:\/\/guaiba.com.br\/2023\/10\/25\/evento-da-abicalcados-reune-players-do-mercado-calcadista\/\" style=\"color:blue; text-decoration:underline\"><span style=\"font-size:14.0pt\">Abical&ccedil;ados projeta crescimento da produ&ccedil;&atilde;o da ind&uacute;stria entre 1% e 1,7%, para mais de 860 milh&otilde;es de pares<\/span><\/a><\/span><\/span><\/span><\/p>\r\n\r\n<p style=\"text-align:justify\"><span style=\"font-size:11pt\"><span style=\"line-height:normal\"><span style=\"font-family:Calibri,sans-serif\"><a href=\"https:\/\/app.rdstation.email\/mail\/98c511bb-2d01-4676-9d46-f6fe615abfd6?utm_campaign=informe_legislativo_-_desoneracao&amp;utm_medium=email&amp;utm_source=RD+Station\" style=\"color:blue; text-decoration:underline\"><span style=\"font-size:14.0pt\">Abical&ccedil;ados | Desonera&ccedil;&atilde;o da folha de pagamento segue para san&ccedil;&atilde;o presidencial<\/span><\/a><\/span><\/span><\/span><\/p>\r\n\r\n<p style=\"text-align:justify\"><span style=\"font-size:11pt\"><span style=\"line-height:normal\"><span style=\"font-family:Calibri,sans-serif\"><a href=\"https:\/\/portalibre.fgv.br\/noticias\/confianca-da-construcao-queda-de-outubro-e-maior-desde-novembro-do-ano-passado\" style=\"color:blue; text-decoration:underline\"><span style=\"font-size:14.0pt\">Confian&ccedil;a da Constru&ccedil;&atilde;o: queda de outubro &eacute; a maior desde novembro do ano passado<\/span><\/a><\/span><\/span><\/span><\/p>\r\n\r\n<p style=\"text-align:justify\"><span style=\"font-size:11pt\"><span style=\"line-height:normal\"><span style=\"font-family:Calibri,sans-serif\"><a href=\"https:\/\/aesbe.org.br\/novo\/aesbe-lanca-book-dialogos-estrategicos-aesbe-analisando-os-cenarios-macroeconomicos-e-desafios-do-setor\/\" style=\"color:blue; text-decoration:underline\"><span style=\"font-size:14.0pt\">Aesbe lan&ccedil;a book &ldquo;Di&aacute;logos Estrat&eacute;gicos Aesbe&rdquo; analisando os cen&aacute;rios macroecon&ocirc;micos e desafios do setor<\/span><\/a><\/span><\/span><\/span><\/p>\r\n\r\n<p style=\"text-align:justify\"><span style=\"font-size:11pt\"><span style=\"line-height:normal\"><span style=\"font-family:Calibri,sans-serif\"><a href=\"https:\/\/economia.uol.com.br\/noticias\/reuters\/2023\/10\/23\/setor-quimico-tem-queda-na-ocupacao-e-alta-de-participacao-de-importados-em-agosto-diz-abiquim.htm\" style=\"color:blue; text-decoration:underline\"><span style=\"font-size:14.0pt\">Setor qu&iacute;mico tem queda na ocupa&ccedil;&atilde;o e alta de participa&ccedil;&atilde;o de importados em agosto, diz Abiquim<\/span><\/a><\/span><\/span><\/span><\/p>\r\n\r\n<p style=\"text-align:justify\"><span style=\"font-size:28pt\"><span style=\"font-family:Cambria,serif\"><span style=\"letter-spacing:-0.5pt\"><b><span style=\"font-size:18.0pt\"><span style=\"font-family:&quot;Calibri&quot;,sans-serif\"><span style=\"font-variant:small-caps\">Sustentabilidade<\/span><\/span><\/span><\/b><\/span><\/span><\/span><\/p>\r\n\r\n<p style=\"text-align:justify\"><span style=\"font-size:11pt\"><span style=\"line-height:normal\"><span style=\"font-family:Calibri,sans-serif\"><a href=\"https:\/\/mundodoplastico.plasticobrasil.com.br\/sustentabilidade\/conheca-ferramenta-que-mensura-maturidade-em-economia-circular?utm_campaign=BRZ23MDP-LB-Newsletter46&amp;utm_emailname=BRZ23MDP-LB-Newsletter46&amp;utm_medium=email&amp;utm_source=eloqua&amp;utm_MDMContactID=c30bddd9-05ca-4642-abe7-b9eae8a73ba4&amp;utm_campaigntype=Newsletter&amp;eM=b7df61998c4fe3aed879378c1b5bddc543aa29e9b499e52182600a2e4eb68b46&amp;eventSeriesCode=ES_MDDPLSDGTL&amp;eventEditionCode=BRZ00MPD&amp;sessionCode=S_MNDPLSTNWSLTR&amp;sp_eh=b7df61998c4fe3aed879378c1b5bddc543aa29e9b499e52182600a2e4eb68b46\" style=\"color:blue; text-decoration:underline\"><span style=\"font-size:14.0pt\">Conhe&ccedil;a a ferramenta que mensura a maturidade em economia circular<\/span><\/a><\/span><\/span><\/span><\/p>\r\n\r\n<p style=\"text-align:justify\"><span style=\"font-size:11pt\"><span style=\"line-height:normal\"><span style=\"font-family:Calibri,sans-serif\"><a href=\"https:\/\/www.pensamentoverde.com.br\/agenda-verde\/onu-divulga-versao-preliminar-do-tratado-global-de-plasticos-mas-ainda-e-necessario-compor-metas-mais-ambiciosas\/\" style=\"color:blue; text-decoration:underline\"><span style=\"font-size:14.0pt\">ONU divulga vers&atilde;o preliminar do Tratado Global de Pl&aacute;sticos<\/span><\/a><\/span><\/span><\/span><\/p>\r\n\r\n<p style=\"text-align:justify\"><span style=\"font-size:11pt\"><span style=\"line-height:normal\"><span style=\"font-family:Calibri,sans-serif\"><a href=\"https:\/\/plasticosemrevista.com.br\/alemanha-institui-taxa-para-plastico-de-uso-unico\/\" style=\"color:blue; text-decoration:underline\"><span style=\"font-size:14.0pt\">Alemanha institui taxa para pl&aacute;stico de uso &uacute;nico<\/span><\/a><\/span><\/span><\/span><\/p>\r\n\r\n<p style=\"text-align:justify\"><span style=\"font-size:11pt\"><span style=\"line-height:normal\"><span style=\"font-family:Calibri,sans-serif\"><a href=\"https:\/\/portal.fgv.br\/noticias\/estudo-avalia-pegada-carbono-automoveis-fabricados-brasil\" style=\"color:blue; text-decoration:underline\"><span style=\"font-size:14.0pt\">Estudo avalia pegada de carbono de autom&oacute;veis fabricados no Brasil<\/span><\/a><\/span><\/span><\/span><\/p>\r\n\r\n<p style=\"text-align:justify\"><span style=\"font-size:11pt\"><span style=\"line-height:normal\"><span style=\"font-family:Calibri,sans-serif\"><a href=\"https:\/\/heloisatolipan.com.br\/moda\/senai-cetiqt-1-simposio-de-economia-circular-traca-panorama-sobre-projetos-em-prol-do-desenvolvimento-sustentavel\/\" style=\"color:blue; text-decoration:underline\"><span style=\"font-size:14.0pt\">SENAI CETIQT: 1&ordm; Simp&oacute;sio de Economia Circular tra&ccedil;a panorama sobre projetos em prol do desenvolvimento sustent&aacute;vel<\/span><\/a><\/span><\/span><\/span><\/p>\r\n\r\n<p style=\"text-align:justify\"><span style=\"font-size:28pt\"><span style=\"font-family:Cambria,serif\"><span style=\"letter-spacing:-0.5pt\"><b><span style=\"font-size:18.0pt\"><span style=\"font-family:&quot;Calibri&quot;,sans-serif\"><span style=\"font-variant:small-caps\">Inova&ccedil;&atilde;o<\/span><\/span><\/span><\/b><\/span><\/span><\/span><\/p>\r\n\r\n<p style=\"text-align:justify\"><span style=\"font-size:11pt\"><span style=\"line-height:normal\"><span style=\"font-family:Calibri,sans-serif\"><a href=\"https:\/\/noticias.portaldaindustria.com.br\/noticias\/inovacao-e-tecnologia\/o-que-inovacao-tem-a-ver-com-esg\/\" style=\"color:blue; text-decoration:underline\"><span style=\"font-size:14.0pt\">O que inova&ccedil;&atilde;o tem a ver com ESG?<\/span><\/a><\/span><\/span><\/span><\/p>\r\n\r\n<p style=\"text-align:justify\"><span style=\"font-size:11pt\"><span style=\"line-height:normal\"><span style=\"font-family:Calibri,sans-serif\"><a href=\"https:\/\/techxplore.com\/news\/2023-10-shape-shifting-fiber-morphing-fabrics.html?utm_source=nwletter&amp;utm_medium=email&amp;utm_campaign=daily-nwletter\" style=\"color:blue; text-decoration:underline\"><span lang=\"EN-US\" style=\"font-size:14.0pt\">Shape-shifting fiber can produce morphing fabrics<\/span><\/a><\/span><\/span><\/span><\/p>\r\n\r\n<p style=\"text-align:justify\"><span style=\"font-size:28pt\"><span style=\"font-family:Cambria,serif\"><span style=\"letter-spacing:-0.5pt\"><b><span style=\"font-size:18.0pt\"><span style=\"font-family:&quot;Calibri&quot;,sans-serif\"><span style=\"font-variant:small-caps\">Com&eacute;rcio Exterior<\/span><\/span><\/span><\/b><\/span><\/span><\/span><\/p>\r\n\r\n<p style=\"text-align:justify\"><span style=\"font-size:11pt\"><span style=\"line-height:normal\"><span style=\"font-family:Calibri,sans-serif\"><a href=\"https:\/\/www.cnnbrasil.com.br\/economia\/expectativa-e-de-concluir-acordo-mercosul-ue-neste-ano-diz-secretaria-a-cnn-apos-reuniao-em-bruxelas\/\" style=\"color:blue; text-decoration:underline\"><span style=\"font-size:14.0pt\">Expectativa &eacute; de concluir acordo Mercosul-UE neste ano, diz secret&aacute;ria &agrave; CNN ap&oacute;s reuni&atilde;o em Bruxelas<\/span><\/a><\/span><\/span><\/span><\/p>\r\n\r\n<p style=\"text-align:justify\"><span style=\"font-size:11pt\"><span style=\"line-height:normal\"><span style=\"font-family:Calibri,sans-serif\"><a href=\"https:\/\/comexdobrasil.com\/brasil-expoe-a-ue-preocupacoes-de-exportadores-com-legislacao-antidesmatamento\/\" style=\"color:blue; text-decoration:underline\"><span style=\"font-size:14.0pt\">Brasil exp&otilde;e &agrave; UE preocupa&ccedil;&otilde;es de exportadores com legisla&ccedil;&atilde;o antidesmatamento<\/span><\/a><\/span><\/span><\/span><\/p>\r\n\r\n<p style=\"text-align:justify\"><span style=\"font-size:11pt\"><span style=\"line-height:normal\"><span style=\"font-family:Calibri,sans-serif\"><a href=\"https:\/\/exame.com\/esferabrasil\/brasil-lanca-consulta-publica-para-ampliar-acordos-entre-mercosul-india-e-emirados-arabes\/\" style=\"color:blue; text-decoration:underline\"><span style=\"font-size:14.0pt\">Brasil lan&ccedil;a consulta p&uacute;blica para ampliar acordos entre Mercosul, &Iacute;ndia e Emirados &Aacute;rabes<\/span><\/a><\/span><\/span><\/span><\/p>\r\n\r\n<p style=\"text-align:justify\"><span style=\"font-size:11pt\"><span style=\"line-height:normal\"><span style=\"font-family:Calibri,sans-serif\"><a href=\"https:\/\/apexbrasil.com.br\/content\/apexbrasil\/br\/pt\/conteudo\/noticias\/APEX-BRASIL-E-EMPRESAS-EXPORTADORAS-TRACAM-NOVO-MAPA-DE-INVESTIMENTOS-NA-AMERICA-DO-SUL.html#msdynttrid=r4dB9jlmRq0woSZSjshiEMQ9zxH078SgDZpQw943aFA\" style=\"color:blue; text-decoration:underline\"><span style=\"font-size:14.0pt\">ApexBrasil e empresas exportadoras tra&ccedil;am novo mapa de investimentos na Am&eacute;rica do Sul<\/span><\/a><\/span><\/span><\/span><\/p>\r\n\r\n<p style=\"text-align:justify\"><span style=\"font-size:11pt\"><span style=\"line-height:normal\"><span style=\"font-family:Calibri,sans-serif\"><a href=\"https:\/\/www.eiu.com\/n\/chinas-planned-fiscal-expansion-will-boost-growth\/?utm_source=mkt-newsletter&amp;utm_medium=email&amp;utm_campaign=foce&amp;utm_content=27-october-2023&amp;utm_term=here&amp;mkt_tok=NzUzLVJJUS00MzgAAAGPEGj_vqhcKRI-hVnUBn_H6z9GqpzyxDkugr6AExR5vWAaP-C7BqE97plQUcTXZIZK71xirQ807xcMO01LKwKS8pPZN2QNajNqooatfblViZzBRw\" style=\"color:blue; text-decoration:underline\"><span lang=\"EN-US\" style=\"font-size:14.0pt\">China&rsquo;s planned fiscal expansion will boost growth<\/span><\/a><\/span><\/span><\/span><\/p>\r\n\r\n<p style=\"text-align:justify\"><span style=\"font-size:11pt\"><span style=\"line-height:normal\"><span style=\"font-family:Calibri,sans-serif\"><a href=\"https:\/\/apexbrasil.com.br\/content\/apexbrasil\/br\/pt\/conteudo\/noticias\/Diretriz-conduta-responsavel.html#msdynttrid=Ox7TtFgNP9Q0LQumAivnB7lDpKNEI2KPYxWA2K1m_mQ\" style=\"color:blue; text-decoration:underline\"><span style=\"font-size:14.0pt\">OCDE lan&ccedil;a nova vers&atilde;o das Diretrizes para Empresas Multinacionais sobre Conduta Empresarial Respons&aacute;vel<\/span><\/a><\/span><\/span><\/span><\/p>\r\n\r\n<p style=\"text-align:justify\"><span style=\"font-size:28pt\"><span style=\"font-family:Cambria,serif\"><span style=\"letter-spacing:-0.5pt\"><b><span style=\"font-size:18.0pt\"><span style=\"font-family:&quot;Calibri&quot;,sans-serif\"><span style=\"font-variant:small-caps\">Economia<\/span><\/span><\/span><\/b><\/span><\/span><\/span><\/p>\r\n\r\n<p style=\"text-align:justify\"><span style=\"font-size:11pt\"><span style=\"line-height:normal\"><span style=\"font-family:Calibri,sans-serif\"><a href=\"https:\/\/www.bcb.gov.br\/content\/focus\/focus\/R20231027.pdf\" style=\"color:blue; text-decoration:underline\"><span style=\"font-size:14.0pt\">Focus &ndash; Relat&oacute;rio de Mercado<\/span><\/a><\/span><\/span><\/span><\/p>\r\n\r\n<p style=\"text-align:justify\"><span style=\"font-size:11pt\"><span style=\"line-height:normal\"><span style=\"font-family:Calibri,sans-serif\"><a href=\"https:\/\/jovempan.com.br\/noticias\/economia\/mercado-reduz-projecao-para-inflacao-e-pib-de-2023-pela-segunda-semana-consecutiva.html\" style=\"color:blue; text-decoration:underline\"><span style=\"font-size:14.0pt\">Mercado reduz proje&ccedil;&atilde;o para infla&ccedil;&atilde;o e PIB de 2023 pela segunda semana consecutiva<\/span><\/a><\/span><\/span><\/span><\/p>\r\n\r\n<p style=\"text-align:justify\"><span style=\"font-size:11pt\"><span style=\"line-height:normal\"><span style=\"font-family:Calibri,sans-serif\"><a href=\"https:\/\/ibre.fgv.br\/blog-da-conjuntura-economica\/artigos\/em-foco-123\" style=\"color:blue; text-decoration:underline\"><span style=\"font-size:14.0pt\">A guerra amplia incertezas e torna proje&ccedil;&otilde;es um quebra-cabe&ccedil;as<\/span><\/a><\/span><\/span><\/span><\/p>\r\n\r\n<p style=\"text-align:justify\"><span style=\"font-size:11pt\"><span style=\"line-height:normal\"><span style=\"font-family:Calibri,sans-serif\"><a href=\"https:\/\/www.moneytimes.com.br\/pib-crescimento-economico-dos-eua-acelera-no-terceiro-trimestre\/\" style=\"color:blue; text-decoration:underline\"><span style=\"font-size:14.0pt\">PIB: Crescimento econ&ocirc;mico dos EUA acelera no terceiro trimestre<\/span><\/a><\/span><\/span><\/span><\/p>\r\n\r\n<p style=\"text-align:justify\"><span style=\"font-size:11pt\"><span style=\"line-height:normal\"><span style=\"font-family:Calibri,sans-serif\"><a href=\"https:\/\/www.moneytimes.com.br\/pce-inflacao-anual-dos-estados-unidos-sobe-34-confira\/\" style=\"color:blue; text-decoration:underline\"><span style=\"font-size:14.0pt\">PCE: Infla&ccedil;&atilde;o anual dos Estados Unidos sobe 3,4%; confira<\/span><\/a><\/span><\/span><\/span><\/p>\r\n","texto_en":"","7":"","imagem":"COMP_banner-padrao-home-destaques-boletim-2023_20231031145131luah3iWEPj.jpeg","8":"COMP_banner-padrao-home-destaques-boletim-2023_20231031145131luah3iWEPj.jpeg","arquivo":"20231031-BOLETIM-ABINT-DE-NOTICIAS-SEMANAIS.PDF","9":"20231031-BOLETIM-ABINT-DE-NOTICIAS-SEMANAIS.PDF","titulo_arquivo":"20231031 Boletim ABINT de Not\u00edcias Semanais","10":"20231031 Boletim ABINT de Not\u00edcias Semanais","titulo_arquivo_en":"","11":"","created_at":"2023-10-31 14:51:41","12":"2023-10-31 14:51:41","updated_at":"2023-10-31 14:51:41","13":"2023-10-31 14:51:41"},{"id":88,"0":88,"ordem":135,"1":135,"data":"2023-10-24","2":"2023-10-24","slug":"boletim-abint-de-noticias-semanais-3","3":"boletim-abint-de-noticias-semanais-3","titulo":"Boletim ABINT de Not\u00edcias Semanais","4":"Boletim ABINT de Not\u00edcias Semanais","titulo_en":"","5":"","texto":"<p style=\"text-align:justify\"><span style=\"font-size:11pt\"><span style=\"line-height:normal\"><span style=\"font-family:Calibri,sans-serif\"><span style=\"font-size:14.0pt\">Esta &eacute; uma compila&ccedil;&atilde;o das not&iacute;cias mais relevantes para o setor, incluindo informa&ccedil;&otilde;es sobre acordos internacionais, economia brasileira, sustentabilidade e mat&eacute;rias primas, al&eacute;m de novidades do setor de N&atilde;otecidos e Tecidos T&eacute;cnicos.<\/span><\/span><\/span><\/span><\/p>\r\n\r\n<p style=\"text-align:justify\"><span style=\"font-size:28pt\"><span style=\"font-family:Cambria,serif\"><span style=\"letter-spacing:-0.5pt\"><b><span style=\"font-size:18.0pt\"><span style=\"font-family:&quot;Calibri&quot;,sans-serif\"><span style=\"font-variant:small-caps\">O que vem por a&iacute;<\/span><\/span><\/span><\/b><\/span><\/span><\/span><\/p>\r\n\r\n<p style=\"text-align:justify; margin-bottom:20px\"><span style=\"font-size:18px\"><span style=\"box-sizing:border-box\"><span style=\"line-height:1.5\"><span style=\"color:#313f48\"><span style=\"font-family:&quot;Roboto Condensed&quot;, Helvetica, Arial, sans-serif\"><span style=\"font-style:normal\"><span style=\"font-variant-ligatures:normal\"><span style=\"font-weight:400\"><span style=\"white-space:normal\"><span style=\"background-color:#ffffff\"><span style=\"text-decoration-thickness:initial\"><span style=\"text-decoration-style:initial\"><span style=\"text-decoration-color:initial\"><img src=\"https:\/\/www.abint.org.br\/assets\/img\/editor\/abint-logo-2020-p_20231017124518voDYLxF66e.png\" style=\"box-sizing:border-box; border-style:none; max-width:100%; width:200px; height:45px; object-fit:contain\" \/><\/span><\/span><\/span><\/span><\/span><\/span><\/span><\/span><\/span><\/span><\/span><\/span><\/span><\/p>\r\n\r\n<p style=\"text-align:justify; margin-bottom:20px\"><span style=\"font-size:18px\"><span style=\"box-sizing:border-box\"><span style=\"line-height:1.5\"><span style=\"color:#313f48\"><span style=\"font-family:&quot;Roboto Condensed&quot;, Helvetica, Arial, sans-serif\"><span style=\"font-style:normal\"><span style=\"font-variant-ligatures:normal\"><span style=\"font-weight:400\"><span style=\"white-space:normal\"><span style=\"background-color:#ffffff\"><span style=\"text-decoration-thickness:initial\"><span style=\"text-decoration-style:initial\"><span style=\"text-decoration-color:initial\">&nbsp;<\/span><\/span><\/span><\/span><\/span><\/span><\/span><\/span><\/span><\/span><\/span><\/span><\/span><span style=\"font-size:18px\"><span style=\"box-sizing:border-box\"><span style=\"line-height:1.5\"><span style=\"color:#313f48\"><span style=\"font-family:&quot;Roboto Condensed&quot;, Helvetica, Arial, sans-serif\"><span style=\"font-style:normal\"><span style=\"font-variant-ligatures:normal\"><span style=\"font-weight:400\"><span style=\"white-space:normal\"><span style=\"background-color:#ffffff\"><span style=\"text-decoration-thickness:initial\"><span style=\"text-decoration-style:initial\"><span style=\"text-decoration-color:initial\"><img src=\"https:\/\/www.abint.org.br\/assets\/img\/editor\/post-quadrado-curso-naotecido_20231017125155kzuUC3w3cW.jpg\" style=\"box-sizing:border-box; border-style:none; max-width:100%; width:500px; height:500px; object-fit:contain\" \/><\/span><\/span><\/span><\/span><\/span><\/span><\/span><\/span><\/span><\/span><\/span><\/span><\/span><\/p>\r\n\r\n<p style=\"text-align:justify; margin-bottom:20px\"><span style=\"font-size:18px\"><span style=\"box-sizing:border-box\"><span style=\"line-height:1.5\"><span style=\"color:#313f48\"><span style=\"font-family:&quot;Roboto Condensed&quot;, Helvetica, Arial, sans-serif\"><span style=\"font-style:normal\"><span style=\"font-variant-ligatures:normal\"><span style=\"font-weight:400\"><span style=\"white-space:normal\"><span style=\"background-color:#ffffff\"><span style=\"text-decoration-thickness:initial\"><span style=\"text-decoration-style:initial\"><span style=\"text-decoration-color:initial\"><span style=\"font-size:11pt\"><span style=\"box-sizing:border-box\"><span style=\"box-sizing:border-box\"><span style=\"line-height:normal\"><span style=\"box-sizing:border-box\"><span style=\"font-family:Calibri, sans-serif\"><a href=\"https:\/\/forms.gle\/E5bZXpiNh7wZ9kcQ6\" style=\"box-sizing:border-box; text-decoration:underline; color:blue; transition:color 0.3s ease 0s\"><b style=\"box-sizing:border-box; font-weight:bolder\"><span style=\"font-size:14pt\"><span style=\"box-sizing:border-box\">Informa&ccedil;&otilde;es e inscri&ccedil;&otilde;es<\/span><\/span><\/b><\/a><\/span><\/span><\/span><\/span><\/span><\/span><\/span><\/span><\/span><\/span><\/span><\/span><\/span><\/span><\/span><\/span><\/span><\/span><\/span><\/p>\r\n\r\n<p style=\"text-align:justify; margin-bottom:20px\"><span style=\"font-size:18px\"><span style=\"box-sizing:border-box\"><span style=\"line-height:1.5\"><span style=\"color:#313f48\"><span style=\"font-family:&quot;Roboto Condensed&quot;, Helvetica, Arial, sans-serif\"><span style=\"font-style:normal\"><span style=\"font-variant-ligatures:normal\"><span style=\"font-weight:400\"><span style=\"white-space:normal\"><span style=\"background-color:#ffffff\"><span style=\"text-decoration-thickness:initial\"><span style=\"text-decoration-style:initial\"><span style=\"text-decoration-color:initial\">&nbsp;<\/span><\/span><\/span><\/span><\/span><\/span><\/span><\/span><\/span><\/span><\/span><\/span><\/span><\/p>\r\n\r\n<p style=\"text-align:start; margin-bottom:20px\"><span style=\"font-size:18px\"><span style=\"box-sizing:border-box\"><span style=\"line-height:1.5\"><span style=\"color:#313f48\"><span style=\"font-family:&quot;Roboto Condensed&quot;, Helvetica, Arial, sans-serif\"><span style=\"font-style:normal\"><span style=\"font-variant-ligatures:normal\"><span style=\"font-weight:400\"><span style=\"white-space:normal\"><span style=\"background-color:#ffffff\"><span style=\"text-decoration-thickness:initial\"><span style=\"text-decoration-style:initial\"><span style=\"text-decoration-color:initial\"><img src=\"https:\/\/www.abint.org.br\/assets\/img\/editor\/2o-seminario-abrafiltros_202310101642475KeAk5u38t.jpeg\" style=\"box-sizing:border-box; border-style:none; max-width:100%; width:500px; height:492px; object-fit:contain\" \/><\/span><\/span><\/span><\/span><\/span><\/span><\/span><\/span><\/span><\/span><\/span><\/span><\/span><\/p>\r\n\r\n<p style=\"text-align:justify; margin-bottom:20px\"><span style=\"font-size:18px\"><span style=\"box-sizing:border-box\"><span style=\"line-height:1.5\"><span style=\"color:#313f48\"><span style=\"font-family:&quot;Roboto Condensed&quot;, Helvetica, Arial, sans-serif\"><span style=\"font-style:normal\"><span style=\"font-variant-ligatures:normal\"><span style=\"font-weight:400\"><span style=\"white-space:normal\"><span style=\"background-color:#ffffff\"><span style=\"text-decoration-thickness:initial\"><span style=\"text-decoration-style:initial\"><span style=\"text-decoration-color:initial\"><span style=\"font-size:11pt\"><span style=\"box-sizing:border-box\"><span style=\"box-sizing:border-box\"><span style=\"line-height:normal\"><span style=\"box-sizing:border-box\"><span style=\"font-family:Calibri, sans-serif\"><span style=\"font-size:14pt\"><span style=\"box-sizing:border-box\">A&nbsp;<b style=\"box-sizing:border-box; font-weight:bolder\">ABINT<\/b>&nbsp;&eacute; uma das<b style=\"box-sizing:border-box; font-weight:bolder\">&nbsp;apoiadoras do 2&ordm; Semin&aacute;rio de Filtros,&nbsp;<\/b>evento online e gratuito, que ocorrer&aacute;<b style=\"box-sizing:border-box; font-weight:bolder\">&nbsp;dia 08 de novembro.&nbsp;<\/b><\/span><\/span><\/span><\/span><\/span><\/span><\/span><\/span><span style=\"font-size:11pt\"><span style=\"box-sizing:border-box\"><span style=\"box-sizing:border-box\"><span style=\"line-height:normal\"><span style=\"box-sizing:border-box\"><span style=\"font-family:Calibri, sans-serif\"><a href=\"http:\/\/www.abrafiltros.org.br\/seminario\" style=\"box-sizing:border-box; text-decoration:underline; color:blue; transition:color 0.3s ease 0s\"><b style=\"box-sizing:border-box; font-weight:bolder\"><span style=\"font-size:14pt\"><span style=\"box-sizing:border-box\">Informa&ccedil;&otilde;es<\/span><\/span><\/b><\/a><\/span><\/span><\/span><\/span><\/span><\/span><\/span><\/span><\/span><\/span><\/span><\/span><\/span><\/span><\/span><\/span><\/span><\/span><\/span><\/p>\r\n\r\n<p style=\"text-align:start; margin-bottom:20px\"><span style=\"font-size:18px\"><span style=\"box-sizing:border-box\"><span style=\"line-height:1.5\"><span style=\"color:#313f48\"><span style=\"font-family:&quot;Roboto Condensed&quot;, Helvetica, Arial, sans-serif\"><span style=\"font-style:normal\"><span style=\"font-variant-ligatures:normal\"><span style=\"font-weight:400\"><span style=\"white-space:normal\"><span style=\"background-color:#ffffff\"><span style=\"text-decoration-thickness:initial\"><span style=\"text-decoration-style:initial\"><span style=\"text-decoration-color:initial\">&nbsp;<\/span><\/span><\/span><\/span><\/span><\/span><\/span><\/span><\/span><\/span><\/span><\/span><\/span><\/p>\r\n\r\n<p style=\"text-align:start; margin-bottom:20px\"><span style=\"font-size:18px\"><span style=\"box-sizing:border-box\"><span style=\"line-height:1.5\"><span style=\"color:#313f48\"><span style=\"font-family:&quot;Roboto Condensed&quot;, Helvetica, Arial, sans-serif\"><span style=\"font-style:normal\"><span style=\"font-variant-ligatures:normal\"><span style=\"font-weight:400\"><span style=\"white-space:normal\"><span style=\"background-color:#ffffff\"><span style=\"text-decoration-thickness:initial\"><span style=\"text-decoration-style:initial\"><span style=\"text-decoration-color:initial\"><b style=\"box-sizing:border-box; font-weight:bolder\"><img src=\"https:\/\/www.abint.org.br\/assets\/img\/editor\/congresso-internacional-abit-2023_20231010164352jta4O9v5El.png\" style=\"box-sizing: border-box; border-style: none; width: 500px; height: 442px;\" \/><\/b><\/span><\/span><\/span><\/span><\/span><\/span><\/span><\/span><\/span><\/span><\/span><\/span><\/span><\/p>\r\n\r\n<p style=\"text-align:justify; margin-bottom:20px\"><span style=\"font-size:18px\"><span style=\"box-sizing:border-box\"><span style=\"line-height:1.5\"><span style=\"color:#313f48\"><span style=\"font-family:&quot;Roboto Condensed&quot;, Helvetica, Arial, sans-serif\"><span style=\"font-style:normal\"><span style=\"font-variant-ligatures:normal\"><span style=\"font-weight:400\"><span style=\"white-space:normal\"><span style=\"background-color:#ffffff\"><span style=\"text-decoration-thickness:initial\"><span style=\"text-decoration-style:initial\"><span style=\"text-decoration-color:initial\"><span style=\"font-size:11pt\"><span style=\"box-sizing:border-box\"><span style=\"box-sizing:border-box\"><span style=\"line-height:normal\"><span style=\"box-sizing:border-box\"><span style=\"font-family:Calibri, sans-serif\"><b style=\"box-sizing:border-box; font-weight:bolder\"><span style=\"font-size:14pt\"><span style=\"box-sizing:border-box\">A ABINT &eacute; uma das patrocinadoras do Congresso Internacional ABIT 2023,&nbsp;<\/span><\/span><\/b><span style=\"font-size:14pt\"><span style=\"box-sizing:border-box\">que ocorrer&aacute;<b style=\"box-sizing:border-box; font-weight:bolder\">&nbsp;dias 08 e 09 de novembro, na FIESC, Florian&oacute;polis, SC.&nbsp;<\/b><\/span><\/span><\/span><\/span><\/span><\/span><\/span><\/span><span style=\"font-size:11pt\"><span style=\"box-sizing:border-box\"><span style=\"box-sizing:border-box\"><span style=\"line-height:normal\"><span style=\"box-sizing:border-box\"><span style=\"font-family:Calibri, sans-serif\"><a href=\"https:\/\/t.rdsv1.net\/ls\/click?upn=LFSWB5boDXSqxt4eHgA5r3YUv3HG6yY4XTXT-2BpjEpFmt56yR61Gu09ER-2Bq95-2FgFAbN46ClwLMWPZzveVybfat1CKHOKhUUtOIVaFgsR5U28dlEKVouFrV1iSMaKnlWHCANmwKiZ4x1Oy9BDRL5tuTGPXgO91zEc1uo-2FbtPYQFm3y4fMGnbuiV3FEKs9g9uy1l2sL_iW8zc4KBvTUX2z9kws1M6pjQI9DpNNh-2Fk6fgMN4DbaFx-2BL1o5swSv2HtiLB2iGFhqxZ0654f80VOIjakRycDjcrdu1MF6BdTRc4d4wYs0wcxXXPsRygypvnzeOAhjjgiEkGX1jMsv1FD9IiN0mt5TiPA-2F-2FcYbMJqgkOyyeRxcI4izBTlMz4tYAchHCwHneJZvJXH0y9HeVp67XkJynQGH21X32t2y1CeSaYEq0zVO-2BnyLK4mDGipKkH-2FZQCwU2MKfdHIIgVMZzvyz5G5cXFeOFC58YiNyn2cnMPO14gymNMfyWFH-2BHHlC3b47l7V1Qmqxs4es-2BeyjBwNpbTVF3mKTVfvVN8KGLr0cqLDBhDLHrW7KPcTfpWgS5gfvWdAKEPOEmZKoo4k2kAi0PFh6jxFYAV2tXcAZfbY2kx8RXrY81D1SMCEBW0alhXBRKfUMvljxKCVojmlXya75YoxeWm0PKiSpaikvnyQHb1SYVAvooBBGQr8kVTT7gfi2jpYOB7Yz3v8ovwiOQwMF4kMzI4BGg58Stg7NIyaStQsDmhOsSp6GMNA3SG1UPw-2Fljh3rhjS-2BFt0EiGPe9cI33b9n1X0Y0ud-2BOFmeXkp5V9mMyq0eViPM4g6fXMuiRQFG1Lhn1lb5TsAtW9vCVxHdYrOB-2F6cV4-2FiOK5JwicsxDApwdvwvys-3D\" style=\"box-sizing:border-box; text-decoration:underline; color:blue; transition:color 0.3s ease 0s\"><b style=\"box-sizing:border-box; font-weight:bolder\"><span style=\"font-size:14pt\"><span style=\"box-sizing:border-box\">Informa&ccedil;&otilde;es<\/span><\/span><\/b><\/a><\/span><\/span><\/span><\/span><\/span><\/span><\/span><\/span><\/span><\/span><\/span><\/span><\/span><\/span><\/span><\/span><\/span><\/span><\/span><\/p>\r\n\r\n<p style=\"text-align:start; margin-bottom:20px\"><span style=\"font-size:18px\"><span style=\"box-sizing:border-box\"><span style=\"line-height:1.5\"><span style=\"color:#313f48\"><span style=\"font-family:&quot;Roboto Condensed&quot;, Helvetica, Arial, sans-serif\"><span style=\"font-style:normal\"><span style=\"font-variant-ligatures:normal\"><span style=\"font-weight:400\"><span style=\"white-space:normal\"><span style=\"background-color:#ffffff\"><span style=\"text-decoration-thickness:initial\"><span style=\"text-decoration-style:initial\"><span style=\"text-decoration-color:initial\">&nbsp;<\/span><\/span><\/span><\/span><\/span><\/span><\/span><\/span><\/span><\/span><\/span><\/span><\/span><\/p>\r\n\r\n<p style=\"text-align:justify; margin-bottom:20px\"><span style=\"font-size:18px\"><span style=\"box-sizing:border-box\"><span style=\"line-height:1.5\"><span style=\"color:#313f48\"><span style=\"font-family:&quot;Roboto Condensed&quot;, Helvetica, Arial, sans-serif\"><span style=\"font-style:normal\"><span style=\"font-variant-ligatures:normal\"><span style=\"font-weight:400\"><span style=\"white-space:normal\"><span style=\"background-color:#ffffff\"><span style=\"text-decoration-thickness:initial\"><span style=\"text-decoration-style:initial\"><span style=\"text-decoration-color:initial\"><span style=\"font-size:14pt\"><span style=\"box-sizing:border-box\"><span style=\"box-sizing:border-box\"><span style=\"line-height:21.4667px\"><span calibri=\"\" style=\"box-sizing:border-box\"><img src=\"https:\/\/www.abint.org.br\/assets\/img\/editor\/logo-ctg-abint-jpg-pequeno_20231017124831fyXzED5Dgv.jpg\" style=\"box-sizing:border-box; border-style:none\" \/><\/span><\/span><\/span><\/span><\/span><\/span><\/span><\/span><\/span><\/span><\/span><\/span><\/span><\/span><\/span><\/span><\/span><\/span><\/p>\r\n\r\n<p style=\"text-align:justify\"><img src=\"https:\/\/www.abint.org.br\/assets\/img\/editor\/banner-anpet-abnit_20231024120320CJ9xfQpyHw.jpeg\" style=\"width: 500px; height: 500px;\" \/><\/p>\r\n\r\n<p style=\"text-align:justify\"><span style=\"font-size:11pt\"><span style=\"line-height:normal\"><span style=\"font-family:Calibri,sans-serif\"><b><span style=\"font-size:14.0pt\">O CTG ABINT &eacute; um dos patrocinadores do 37&ordm; ANPET &ndash; Congresso de Pesquisa e Ensino em Transporte<\/span><\/b><span style=\"font-size:14.0pt\">, que ocorrer&aacute; <b>de 06 a 10 de novembro de 2023, no Bourbon Santos Convention Hotel, Santos, SP<\/b>, e &eacute; uma realiza&ccedil;&atilde;o da Associa&ccedil;&atilde;o Nacional de Pesquisa e Ensino em Transportes (ANPET), da Universidade de S&atilde;o Paulo (USP), da Universidade Estadual de Campinas (UNICAMP) e da Universidade Estadual Paulista &quot;J&uacute;lio de Mesquita Filho&quot; (UNESP). <\/span><\/span><\/span><\/span><\/p>\r\n\r\n<p style=\"text-align:justify\"><span style=\"font-size:11pt\"><span style=\"line-height:normal\"><span style=\"font-family:Calibri,sans-serif\"><span style=\"font-size:14.0pt\">&ldquo;O 37&ordm; ANPET concentrar&aacute; a discuss&atilde;o de temas de grande interesse para os profissionais que atuam no setor, possibilitando que todas as esferas ligadas &agrave; atividade de transportes, acad&ecirc;micas, cient&iacute;ficas, profissionais, privadas ou governamentais, possam apresentar seus problemas e solu&ccedil;&otilde;es, discuti-los e refletir sobre linhas de a&ccedil;&atilde;o num ambiente cooperativo e instrutivo&rdquo;.<\/span><\/span><\/span><\/span><\/p>\r\n\r\n<p style=\"text-align:justify\"><span style=\"font-size:11pt\"><span style=\"line-height:normal\"><span style=\"font-family:Calibri,sans-serif\"><span style=\"font-size:14.0pt\">Informa&ccedil;&otilde;es e inscri&ccedil;&otilde;es, <\/span><a href=\"http:\/\/anpet.org.br\/37anpet\/index.php\/pt\/\" style=\"color:blue; text-decoration:underline\"><span style=\"font-size:14.0pt\">acesse aqui<\/span><\/a><span style=\"font-size:14.0pt\">.<\/span><\/span><\/span><\/span><\/p>\r\n\r\n<p style=\"text-align:justify\">&nbsp;<\/p>\r\n\r\n<p><strong><img src=\"https:\/\/www.abint.org.br\/assets\/img\/editor\/20231107-geonorte-2023-banner-ctg-abint_202310171256350GjEiBNLgb.png\" style=\"width: 500px; height: 625px;\" \/><\/strong><\/p>\r\n\r\n<p>O&nbsp;<b>CTG ABINT patrocinar&aacute; o GEONORTE 2023<\/b>, evento realizado pela Associa&ccedil;&atilde;o Brasileira de Mec&acirc;nica dos Solos, cujo&nbsp;<b>tema deste ano ser&aacute; &quot;Geotecnia na Amaz&ocirc;nia&quot;<\/b>.<\/p>\r\n\r\n<p>O evento ocorrer&aacute; de<b>&nbsp;07 a 09 de novembro de 2023,&nbsp;<\/b>na cidade de<b>&nbsp;Palmas, TO<\/b>.<\/p>\r\n\r\n<p>Informa&ccedil;&otilde;es e inscri&ccedil;&otilde;es,&nbsp;<a href=\"https:\/\/geonorteabms.com.br\/2023\/#sobre\">acesse aqui<\/a>.<\/p>\r\n\r\n<p>&nbsp;<\/p>\r\n\r\n<p><img src=\"https:\/\/www.abint.org.br\/assets\/img\/editor\/20231122-geosul-2023-logo_20231017125749mcr7Arn2je.png\" \/><\/p>\r\n\r\n<p>&nbsp;<\/p>\r\n\r\n<p style=\"text-align:justify\"><span style=\"font-size:11pt\"><span style=\"line-height:normal\"><span style=\"font-family:Calibri,sans-serif\"><span style=\"font-size:14.0pt\">O <b>CTG ABINT participar&aacute; tamb&eacute;m do XIII Simp&oacute;sio de Pr&aacute;tica de Engenharia Geot&eacute;cnica da Regi&atilde;o Sul (GEOSUL<\/b>), com o minicurso &ldquo;<b>A utiliza&ccedil;&atilde;o de geossint&eacute;ticos em solu&ccedil;&otilde;es para muros de conten&ccedil;&atilde;o e solos de baixa capacidade de suporte<\/b>&rdquo;, que ser&aacute; ministrado pelo Eng. Ramon Luis Cavilha, Gerente da Unidade Sul na Maccaferri do Brasil.<\/span><\/span><\/span><\/span><\/p>\r\n\r\n<p style=\"text-align:justify\"><span style=\"font-size:11pt\"><span style=\"line-height:normal\"><span style=\"font-family:Calibri,sans-serif\"><span style=\"font-size:14.0pt\">O tradicional evento da Associa&ccedil;&atilde;o Brasileira de Mec&acirc;nica dos Solos e Engenharia Geot&eacute;cnica (ABMS),<b> <\/b>ocorrer&aacute; entre os dias<b> 22 a 25 de novembro de 2023<\/b>, na cidade de<b> Ponta Grossa, PR<\/b>, no Bourbon Ponta Grossa Convention Hotel.<\/span><\/span><\/span><\/span><\/p>\r\n\r\n<p style=\"text-align:justify\"><span style=\"font-size:11pt\"><span style=\"line-height:normal\"><span style=\"font-family:Calibri,sans-serif\"><span style=\"font-size:14.0pt\">Informa&ccedil;&otilde;es e inscri&ccedil;&otilde;es, <\/span><a href=\"https:\/\/www.geosul2023.com.br\/\" style=\"color:blue; text-decoration:underline\"><span style=\"font-size:14.0pt\">acesse aqui<\/span><\/a><span style=\"font-size:14.0pt\">.<\/span><\/span><\/span><\/span><\/p>\r\n\r\n<p>&nbsp;<\/p>\r\n\r\n<p><img src=\"https:\/\/www.abint.org.br\/assets\/img\/editor\/cth-logo-alta-png_20231017125845oJiJuf2y3b.png\" style=\"width: 200px; height: 100px;\" \/><\/p>\r\n\r\n<p><b><img src=\"https:\/\/www.abint.org.br\/assets\/img\/editor\/16o-congresso-sobecc_20231010164123Cs0oppox93.png\" \/><\/b><\/p>\r\n\r\n<p>O&nbsp;<b>CTH ABINT &eacute; um dos patrocinadores do 16&ordm; Congresso Brasileiro de Enfermagem em Centro Cir&uacute;rgico, Recupera&ccedil;&atilde;o Anest&eacute;sica e Centro de Material e Esteriliza&ccedil;&atilde;o e 1st International Congress of Perioperative Nursing | &ldquo;A experi&ecirc;ncia do paciente cir&uacute;rgico: o cuidado singular do amor de algu&eacute;m&rdquo;<\/b>, que ocorrer&aacute; 07 a 10 de novembro de 2023, no Centro de Conven&ccedil;&otilde;es, Distrito Anhembi, Av. Olavo Fontoura, 1209, Santana, CEP 02012-021, S&atilde;o Paulo, SP.&nbsp;<a href=\"https:\/\/www.congresso-simposio-sobecc.com.br\/sobecc2023\">Informa&ccedil;&otilde;es<\/a><\/p>\r\n\r\n<p class=\"MsoTitle\" style=\"text-align:justify\"><span style=\"font-size:28pt\"><span style=\"font-family:Cambria,serif\"><span style=\"letter-spacing:-0.5pt\"><b><span style=\"font-size:18.0pt\"><span style=\"font-family:&quot;Calibri&quot;,sans-serif\"><span style=\"font-variant:small-caps\">Not&iacute;cias das Associadas<\/span><\/span><\/span><\/b><\/span><\/span><\/span><\/p>\r\n\r\n<p style=\"text-align:justify\"><span style=\"font-size:11pt\"><span style=\"line-height:normal\"><span style=\"font-family:Calibri,sans-serif\"><a href=\"https:\/\/blogdoplastico.wordpress.com\/2023\/10\/19\/cipatex-investe-em-novo-showroom-e-modernizacao-do-centro-tecnologico\/\" style=\"color:blue; text-decoration:underline\"><span style=\"font-size:14.0pt\">Cipatex investe em novo showroom e moderniza&ccedil;&atilde;o do centro tecnol&oacute;gico<\/span><\/a><\/span><\/span><\/span><\/p>\r\n\r\n<p style=\"text-align:justify\"><span style=\"font-size:11pt\"><span style=\"line-height:normal\"><span style=\"font-family:Calibri,sans-serif\"><a href=\"https:\/\/www.realtid.se\/telegram\/suominen-volumes-and-margins-improve-evli\/\" style=\"color:blue; text-decoration:underline\"><span lang=\"EN-US\" style=\"font-size:14.0pt\">Suominen: Volumes and margins improve &ndash; Evli<\/span><\/a><\/span><\/span><\/span><\/p>\r\n\r\n<p style=\"text-align:justify\">&nbsp;<\/p>\r\n\r\n<p style=\"text-align:justify\"><span style=\"font-size:11pt\"><span style=\"line-height:normal\"><span style=\"font-family:Calibri,sans-serif\"><b><span style=\"font-size:18.0pt\"><span style=\"font-variant:small-caps\">Eventos<\/span><\/span><\/b><\/span><\/span><\/span><\/p>\r\n\r\n<p style=\"text-align:justify\"><span style=\"font-size:11pt\"><span style=\"line-height:normal\"><span style=\"font-family:Calibri,sans-serif\"><b><span style=\"font-size:14.0pt\">NASCE CME | 5&ordm; CONALE - Congresso Nacional de Limpeza e Esteriliza&ccedil;&atilde;o<\/span><\/b><span style=\"font-size:14.0pt\">, 23 a 27 de outubro de 2023, evento online.<\/span> <a href=\"https:\/\/eventos.congresse.me\/conale\/edicoes\/conale-5-edicao\" style=\"color:blue; text-decoration:underline\"><span style=\"font-size:14.0pt\">Informa&ccedil;&otilde;es<\/span><\/a> <\/span><\/span><\/span><\/p>\r\n\r\n<p style=\"text-align:justify\"><span style=\"font-size:11pt\"><span style=\"line-height:normal\"><span style=\"font-family:Calibri,sans-serif\"><b><span style=\"font-size:14.0pt\">V Congreso Sudamericano de Composites, Poliuretano y Pl&aacute;sticos de Ingenier&iacute;a, <\/span><\/b><span style=\"font-size:14.0pt\">24 e 25 de outubro de 2023, Bogot&aacute;, Col&ocirc;mbia. <\/span><a href=\"http:\/\/www.congresosudamericano.com\/blog.html\" style=\"color:blue; text-decoration:underline\"><span style=\"font-size:14.0pt\">Informa&ccedil;&otilde;es<\/span><\/a> <\/span><\/span><\/span><\/p>\r\n\r\n<p style=\"text-align:justify\"><span style=\"font-size:11pt\"><span style=\"line-height:normal\"><span style=\"font-family:Calibri,sans-serif\"><b><span style=\"font-size:14.0pt\">Hospitalmed 2023<\/span><\/b><span style=\"font-size:14.0pt\">, 25 a 27 de outubro de 2023, no Centro de Conven&ccedil;&otilde;es de Pernambuco, Recife, PE. <\/span><a href=\"https:\/\/hospitalmed.com.br\/feira\/\" style=\"color:blue; text-decoration:underline\"><span style=\"font-size:14.0pt\">Informa&ccedil;&otilde;es<\/span><\/a> <\/span><\/span><\/span><\/p>\r\n\r\n<p style=\"text-align:justify\"><span style=\"font-size:11pt\"><span style=\"line-height:normal\"><span style=\"font-family:Calibri,sans-serif\"><b><span style=\"font-size:14.0pt\">FEIPLAR COMPOSITES &amp; FEIPUR | Pain&eacute;is Setoriais 2023<\/span><\/b><span style=\"font-size:14.0pt\">, 07 a 09 de novembro de 2023, 09h00 &agrave;s 17h00, evento online. <\/span><a href=\"https:\/\/www.webcastlive.com.br\/aspen\/\" style=\"color:blue; text-decoration:underline\"><span style=\"font-size:14.0pt\">Informa&ccedil;&otilde;es<\/span><\/a> <\/span><\/span><\/span><\/p>\r\n\r\n<p style=\"text-align:justify\"><span style=\"font-size:11pt\"><span style=\"line-height:normal\"><span style=\"font-family:Calibri,sans-serif\"><b><span style=\"font-size:14.0pt\">Industry CCUS 2023,<\/span><\/b> <span style=\"font-size:14.0pt\">29-30 November, Rotterdam, Netherlands.<\/span> <a href=\"https:\/\/fortesmedia.com\/industry-ccus-conference-2023,4,en,2,1,28.html#register\" style=\"color:blue; text-decoration:underline\"><span style=\"font-size:14.0pt\">Informa&ccedil;&otilde;es<\/span><\/a> <\/span><\/span><\/span><\/p>\r\n\r\n<p style=\"text-align:justify\"><span style=\"font-size:11pt\"><span style=\"line-height:normal\"><span style=\"font-family:Calibri,sans-serif\"><b><span style=\"font-size:14.0pt\">FEIPLAR COMPOSITES &amp; FEIPUR &ndash; Feira e Congresso Internacionais de Composites, Poliuretano, Pl&aacute;sticos de Engenharia e Compostos Termopl&aacute;sticos<\/span><\/b><span style=\"font-size:14.0pt\">, 20 a 22 de agosto de 2024, S&atilde;o Paulo Expo (Pavilh&atilde;o 5), palestras: das 8h30 &agrave;s 18h, feira: das 13h &agrave;s 20h.<b> <\/b><\/span><a href=\"http:\/\/www.feiplar.com\" style=\"color:blue; text-decoration:underline\"><span lang=\"EN-US\" style=\"font-size:14.0pt\">www.feiplar.com<\/span><\/a> <\/span><\/span><\/span><\/p>\r\n\r\n<p style=\"text-align:justify\"><span style=\"font-size:28pt\"><span style=\"font-family:Cambria,serif\"><span style=\"letter-spacing:-0.5pt\"><b><span lang=\"EN-US\" style=\"font-size:18.0pt\"><span style=\"font-family:&quot;Calibri&quot;,sans-serif\"><span style=\"font-variant:small-caps\">Setor<\/span><\/span><\/span><\/b><\/span><\/span><\/span><\/p>\r\n\r\n<p style=\"text-align:justify\"><span style=\"font-size:11pt\"><span style=\"line-height:normal\"><span style=\"font-family:Calibri,sans-serif\"><a href=\"https:\/\/www.nonwovens-industry.com\/contents\/view_breaking-news\/2023-10-16\/edana-responds-to-proposed-uk-wipes-ban?utm_campaign=NON+eNewsletter&amp;utm_medium=email&amp;_hsmi=279054318&amp;_hsenc=p2ANqtz-_uM_uRAeiFJw-lipqgvqxC1ozuYb6h9oE5Qt23q8dX6Y-piFnQthpZphS_0wFzBjhaEyT5aSW9vKkMqZV2sgeAlq9Y0g&amp;utm_content=279054318&amp;utm_source=hs_email\" style=\"color:blue; text-decoration:underline\"><span lang=\"EN-US\" style=\"font-size:14.0pt\">EDANA Responds to Proposed U.K. Wipes Ban<\/span><\/a><\/span><\/span><\/span><\/p>\r\n\r\n<p style=\"text-align:justify\"><span style=\"font-size:11pt\"><span style=\"line-height:normal\"><span style=\"font-family:Calibri,sans-serif\"><a href=\"https:\/\/www.innovationintextiles.com\/uk-plan-for-wipes-ban-raises-concerns\/\" style=\"color:blue; text-decoration:underline\"><span lang=\"EN-US\" style=\"font-size:14.0pt\">Nonwovens\/Converting - UK plan for wipes ban raises concerns<\/span><\/a><\/span><\/span><\/span><\/p>\r\n\r\n<p style=\"text-align:justify\"><span style=\"font-size:11pt\"><span style=\"line-height:normal\"><span style=\"font-family:Calibri,sans-serif\"><a href=\"https:\/\/www.innovationintextiles.com\/nonwovens\/a-role-for-nonwovens-in-future-vaccine-programmes\/\" style=\"color:blue; text-decoration:underline\"><span lang=\"EN-US\" style=\"font-size:14.0pt\">A role for nonwovens in future vaccine programmes<\/span><\/a><\/span><\/span><\/span><\/p>\r\n\r\n<p style=\"text-align:justify\"><span style=\"font-size:11pt\"><span style=\"line-height:normal\"><span style=\"font-family:Calibri,sans-serif\"><a href=\"https:\/\/publications.wtin.com\/view\/1014521990\/8\/\" style=\"color:blue; text-decoration:underline\"><span style=\"font-size:14.0pt\">Pioneering polypropylene for nonwovens<\/span><\/a><\/span><\/span><\/span><\/p>\r\n\r\n<p style=\"text-align:justify\"><span style=\"font-size:11pt\"><span style=\"line-height:normal\"><span style=\"font-family:Calibri,sans-serif\"><a href=\"https:\/\/jornaldiadia.com.br\/tecnologias-de-manejo-e-processamento-da-mandioca-de-mesa-sao-apresentadas-em-dia-de-campo-no-df\/\" style=\"color:blue; text-decoration:underline\"><span style=\"font-size:14.0pt\">Mulching: Tecnologias de manejo e processamento da mandioca de mesa s&atilde;o apresentadas em Dia de Campo no DF<\/span><\/a><\/span><\/span><\/span><\/p>\r\n\r\n<p style=\"text-align:justify\"><span style=\"font-size:11pt\"><span style=\"line-height:normal\"><span style=\"font-family:Calibri,sans-serif\"><a href=\"https:\/\/publications.wtin.com\/view\/1014521990\/12\/\" style=\"color:blue; text-decoration:underline\"><span lang=\"EN-US\" style=\"font-size:14.0pt\">Automotive: Waste disposal to rise up car industry&rsquo;s agenda<\/span><\/a><\/span><\/span><\/span><\/p>\r\n\r\n<p style=\"text-align:justify\"><span style=\"font-size:11pt\"><span style=\"line-height:normal\"><span style=\"font-family:Calibri,sans-serif\"><a href=\"https:\/\/vitoria.es.gov.br\/noticia\/pmv-envia-projeto-de-lei-que-institui-programa-de-dispensacao-de-fraldas-48976\" style=\"color:blue; text-decoration:underline\"><span style=\"font-size:14.0pt\">ES: PMV envia projeto de lei que institui Programa de Dispensa&ccedil;&atilde;o de Fraldas<\/span><\/a><\/span><\/span><\/span><\/p>\r\n\r\n<p style=\"text-align:justify\"><span style=\"font-size:11pt\"><span style=\"line-height:normal\"><span style=\"font-family:Calibri,sans-serif\"><a href=\"https:\/\/www.em.com.br\/app\/noticia\/economia\/2023\/10\/20\/internas_economia,1579473\/fabrica-de-fraldas-vai-ampliar-unidade-e-expectativa-e-gerar-600-empregos.shtml\" style=\"color:blue; text-decoration:underline\"><span style=\"font-size:14.0pt\">Tri&acirc;ngulo Mineiro: F&aacute;brica de fraldas vai ampliar unidade e expectativa &eacute; gerar 600 empregos<\/span><\/a><\/span><\/span><\/span><\/p>\r\n\r\n<p style=\"text-align:justify\"><span style=\"font-size:11pt\"><span style=\"line-height:normal\"><span style=\"font-family:Calibri,sans-serif\"><a href=\"https:\/\/www.nonwovens-industry.com\/contents\/view_breaking-news\/2023-10-18\/filtxpo-held-in-chicago\/\" style=\"color:blue; text-decoration:underline\"><span style=\"font-size:14.0pt\">FiltXPO Held in Chicago<\/span><\/a><\/span><\/span><\/span><\/p>\r\n\r\n<p style=\"text-align:justify\"><span style=\"font-size:11pt\"><span style=\"line-height:normal\"><span style=\"font-family:Calibri,sans-serif\"><a href=\"https:\/\/www.anahp.com.br\/publicacoes\/esg-nos-hospitais-anahp-2023-resultados-e-boas-praticas\/?utm_campaign=esg_nos_hospitais_anahp_2023_-_lancamento&amp;utm_medium=email&amp;utm_source=RD+Station\" style=\"color:blue; text-decoration:underline\"><span style=\"font-size:14.0pt\">ESG nos hospitais Anahp 2023: resultados e boas pr&aacute;ticas<\/span><\/a><\/span><\/span><\/span><\/p>\r\n\r\n<p style=\"text-align:justify\"><span style=\"font-size:28pt\"><span style=\"font-family:Cambria,serif\"><span style=\"letter-spacing:-0.5pt\"><b><span style=\"font-size:18.0pt\"><span style=\"font-family:&quot;Calibri&quot;,sans-serif\"><span style=\"font-variant:small-caps\">Ind&uacute;stria<\/span><\/span><\/span><\/b><\/span><\/span><\/span><\/p>\r\n\r\n<p style=\"text-align:justify\"><span style=\"font-size:11pt\"><span style=\"line-height:normal\"><span style=\"font-family:Calibri,sans-serif\"><a href=\"https:\/\/petronoticias.com.br\/abiquim-e-abiplast-estao-prevendo-um-tsunami-do-desemprego-se-projeto-do-senado-para-banir-o-plastico-for-aprovado\/\" style=\"color:blue; text-decoration:underline\"><span style=\"font-size:14.0pt\">ABIQUIM e ABIPLAST est&atilde;o prevendo um tsunami de desemprego se projeto do senado para banir o pl&aacute;stico for aprovado<\/span><\/a><\/span><\/span><\/span><\/p>\r\n\r\n<p style=\"text-align:justify\"><span style=\"font-size:11pt\"><span style=\"line-height:normal\"><span style=\"font-family:Calibri,sans-serif\"><a href=\"https:\/\/epbr.com.br\/como-a-guerra-entre-israel-e-hamas-impacta-o-petroleo-e-quais-os-possiveis-cenarios\/?utm_source=newsletters+epbr&amp;utm_campaign=ddeb9afc62-epbr-comece-seu-dia_20230724_COPY_01&amp;utm_medium=email&amp;utm_term=0_5931171aac-ddeb9afc62-466362780\" style=\"color:blue; text-decoration:underline\"><span style=\"font-size:14.0pt\">Como a guerra entre Israel e Hamas impacta o mercado de petr&oacute;leo e quais os poss&iacute;veis cen&aacute;rios<\/span><\/a><\/span><\/span><\/span><\/p>\r\n\r\n<p style=\"text-align:justify\"><span style=\"font-size:11pt\"><span style=\"line-height:normal\"><span style=\"font-family:Calibri,sans-serif\"><a href=\"https:\/\/www.folhabv.com.br\/economia\/confianca-do-empresario-terceiro-trimestre-supera-o-resultado-dos-meses-anteriores\/\" style=\"color:blue; text-decoration:underline\"><span style=\"font-size:14.0pt\">Confian&ccedil;a do empres&aacute;rio: terceiro trimestre supera o resultado dos meses anteriores<\/span><\/a><\/span><\/span><\/span><\/p>\r\n\r\n<p style=\"text-align:justify\"><span style=\"font-size:11pt\"><span style=\"line-height:normal\"><span style=\"font-family:Calibri,sans-serif\"><a href=\"https:\/\/noticias.portaldaindustria.com.br\/noticias\/politica-industrial\/demanda-interna-insuficiente-ainda-e-problema-para-industria\/\" style=\"color:blue; text-decoration:underline\"><span style=\"font-size:14.0pt\">Demanda interna insuficiente ainda &eacute; problema para ind&uacute;stria<\/span><\/a><\/span><\/span><\/span><\/p>\r\n\r\n<p style=\"text-align:justify\"><span style=\"font-size:11pt\"><span style=\"line-height:normal\"><span style=\"font-family:Calibri,sans-serif\"><a href=\"https:\/\/www.balcaoautomotivo.com\/2023\/10\/20\/as-montadoras-do-setor-derrubam-a-projecao-esperada-de-producao-para-o-ano\/\" style=\"color:blue; text-decoration:underline\"><span style=\"font-size:14.0pt\">As montadoras do setor derrubam a proje&ccedil;&atilde;o esperada de produ&ccedil;&atilde;o para o ano<\/span><\/a><\/span><\/span><\/span><\/p>\r\n\r\n<p style=\"text-align:justify\"><span style=\"font-size:11pt\"><span style=\"line-height:normal\"><span style=\"font-family:Calibri,sans-serif\"><a href=\"https:\/\/exclink.exclusivo.com.br\/cl\/PQmwn\/E6A\/e5d3\/LCFJkUKAOaB\/BLUJ\/MFki2q3R6Fb\/2\/\" style=\"color:blue; text-decoration:underline\"><span style=\"font-size:14.0pt\">Conhe&ccedil;a em detalhes a nova al&iacute;quota do ICMS do setor cal&ccedil;adista ga&uacute;cho<\/span><\/a> <\/span><\/span><\/span><\/p>\r\n\r\n<p style=\"text-align:justify\"><span style=\"font-size:11pt\"><span style=\"line-height:normal\"><span style=\"font-family:Calibri,sans-serif\"><a href=\"https:\/\/exclusivo.com.br\/_conteudo\/negocios\/2023\/10\/18\/importacoes-de-calcados-seguem-em-elevacao-no-brasil-e-somam-uss-348-milhoes.html\" style=\"color:blue; text-decoration:underline\"><span style=\"font-size:14.0pt\">Importa&ccedil;&atilde;o de cal&ccedil;ados segue em eleva&ccedil;&atilde;o no Brasil<\/span><\/a><\/span><\/span><\/span><\/p>\r\n\r\n<p style=\"text-align:justify\"><span style=\"font-size:11pt\"><span style=\"line-height:normal\"><span style=\"font-family:Calibri,sans-serif\"><a href=\"https:\/\/plasticosemrevista.com.br\/haja-fe-e-folego-2\/\" style=\"color:blue; text-decoration:underline\"><span style=\"font-size:14.0pt\">Haja f&eacute; e f&ocirc;lego &ndash; conhe&ccedil;a os dados colhidos pelo Perfil 2022 das Ind&uacute;strias de Transforma&ccedil;&atilde;o e Reciclagem de Pl&aacute;stico no Brasil (Abiplast)<\/span><\/a><\/span><\/span><\/span><\/p>\r\n\r\n<p style=\"text-align:justify\"><span style=\"font-size:28pt\"><span style=\"font-family:Cambria,serif\"><span style=\"letter-spacing:-0.5pt\"><b><span style=\"font-size:18.0pt\"><span style=\"font-family:&quot;Calibri&quot;,sans-serif\"><span style=\"font-variant:small-caps\">Sustentabilidade<\/span><\/span><\/span><\/b><\/span><\/span><\/span><\/p>\r\n\r\n<p style=\"text-align:justify\"><span style=\"font-size:11pt\"><span style=\"line-height:normal\"><span style=\"font-family:Calibri,sans-serif\"><a href=\"https:\/\/www.dw.com\/pt-br\/europa-fecha-cerco-aos-micropl%C3%A1sticos\/a-67125170\" style=\"color:blue; text-decoration:underline\"><span style=\"font-size:14.0pt\">Europa fecha cerco aos micropl&aacute;sticos<\/span><\/a><\/span><\/span><\/span><\/p>\r\n\r\n<p style=\"text-align:justify\"><span style=\"font-size:11pt\"><span style=\"line-height:normal\"><span style=\"font-family:Calibri,sans-serif\"><a href=\"https:\/\/plasticosemrevista.com.br\/5-anos-depois\/\" style=\"color:blue; text-decoration:underline\"><span style=\"font-size:14.0pt\">5 anos depois: Brasil j&aacute; recicla mais de 1.1 milh&atilde;o de toneladas de pl&aacute;sticos<\/span><\/a><\/span><\/span><\/span><\/p>\r\n\r\n<p style=\"text-align:justify\"><span style=\"font-size:11pt\"><span style=\"line-height:normal\"><span style=\"font-family:Calibri,sans-serif\"><a href=\"https:\/\/ciclovivo.com.br\/planeta\/desenvolvimento\/pl-que-cria-economia-circular-do-plastico-tem-1a-vitoria-no-senado\/\" style=\"color:blue; text-decoration:underline\"><span style=\"font-size:14.0pt\">PL que cria economia circular do pl&aacute;stico tem 1&ordf; vit&oacute;ria no Senado<\/span><\/a><\/span><\/span><\/span><\/p>\r\n\r\n<p style=\"text-align:justify\"><span style=\"font-size:11pt\"><span style=\"line-height:normal\"><span style=\"font-family:Calibri,sans-serif\"><a href=\"https:\/\/plasticosemrevista.com.br\/malasia-prepara-ingresso-na-reciclagem-quimica\/\" style=\"color:blue; text-decoration:underline\"><span style=\"font-size:14.0pt\">Mal&aacute;sia prepara ingresso na reciclagem qu&iacute;mica<\/span><\/a><\/span><\/span><\/span><\/p>\r\n\r\n<p style=\"text-align:justify\"><span style=\"font-size:11pt\"><span style=\"line-height:normal\"><span style=\"font-family:Calibri,sans-serif\"><span class=\"MsoHyperlink\" style=\"color:blue\"><span style=\"text-decoration:underline\"><span style=\"font-size:14.0pt\"><span style=\"text-decoration:none\"><span style=\"text-underline:none\"><a href=\"http:\/\/comunidadtextil.com\/wpnews\/2023\/10\/lanzan-una-organizacion-a-nivel-mundial-para-reciclar-residuos-de-la-industria-textil\/?utm_source=email_marketing&amp;utm_admin=28519&amp;utm_medium=email&amp;utm_campaign=NOTICIAS_de_las_Industrias_Textil_Indumentaria_y_Moda\" style=\"color:blue; text-decoration:underline\">Lanzan una organizaci&oacute;n a nivel mundial para reciclar residuos de la industria textil<\/a><\/span><\/span><\/span><\/span><\/span><\/span><\/span><\/span><\/p>\r\n\r\n<p style=\"text-align:justify\"><span style=\"font-size:28pt\"><span style=\"font-family:Cambria,serif\"><span style=\"letter-spacing:-0.5pt\"><b><span style=\"font-size:18.0pt\"><span style=\"font-family:&quot;Calibri&quot;,sans-serif\"><span style=\"font-variant:small-caps\">Inova&ccedil;&atilde;o<\/span><\/span><\/span><\/b><\/span><\/span><\/span><\/p>\r\n\r\n<p style=\"text-align:justify\"><span style=\"font-size:11pt\"><span style=\"line-height:normal\"><span style=\"font-family:Calibri,sans-serif\"><a href=\"https:\/\/noticias.portaldaindustria.com.br\/noticias\/inovacao-e-tecnologia\/cni-lanca-plano-com-estrategias-para-que-a-industria-seja-mais-produtiva-inovadora-e-verde-em-10-anos\/\" style=\"color:blue; text-decoration:underline\"><span style=\"font-size:14.0pt\">CNI lan&ccedil;a plano estrat&eacute;gico para que a ind&uacute;stria seja mais produtiva, inovadora e verde em 10 anos<\/span><\/a><\/span><\/span><\/span><\/p>\r\n\r\n<p style=\"text-align:justify\"><span style=\"font-size:28pt\"><span style=\"font-family:Cambria,serif\"><span style=\"letter-spacing:-0.5pt\"><b><span style=\"font-size:18.0pt\"><span style=\"font-family:&quot;Calibri&quot;,sans-serif\"><span style=\"font-variant:small-caps\">Com&eacute;rcio Exterior<\/span><\/span><\/span><\/b><\/span><\/span><\/span><\/p>\r\n\r\n<p style=\"text-align:justify\"><span style=\"font-size:11pt\"><span style=\"line-height:normal\"><span style=\"font-family:Calibri,sans-serif\"><a href=\"https:\/\/www.infomoney.com.br\/business\/eleicao-na-argentina-trava-mas-nao-inviabiliza-negocios-de-empresas-brasileiras\/\" style=\"color:blue; text-decoration:underline\"><span style=\"font-size:14.0pt\">Elei&ccedil;&atilde;o na Argentina trava &ndash; mas n&atilde;o inviabiliza &ndash; neg&oacute;cios de empresas brasileiras<\/span><\/a><\/span><\/span><\/span><\/p>\r\n\r\n<p style=\"text-align:justify\"><span style=\"font-size:11pt\"><span style=\"line-height:normal\"><span style=\"font-family:Calibri,sans-serif\"><a href=\"https:\/\/agenciabrasil.ebc.com.br\/politica\/noticia\/2023-10\/haddad-defende-mercosul-integrado-para-negociar-com-uniao-europeia\" style=\"color:blue; text-decoration:underline\"><span style=\"font-size:14.0pt\">Haddad defende Mercosul integrado para negociar com Uni&atilde;o Europeia<\/span><\/a><\/span><\/span><\/span><\/p>\r\n\r\n<p style=\"text-align:justify\"><span style=\"font-size:11pt\"><span style=\"line-height:normal\"><span style=\"font-family:Calibri,sans-serif\"><span class=\"MsoHyperlink\" style=\"color:blue\"><span style=\"text-decoration:underline\"><span style=\"font-size:14.0pt\"><span style=\"text-decoration:none\"><span style=\"text-underline:none\"><a href=\"http:\/\/comunidadtextil.com\/wpnews\/2023\/10\/fuerte-llamado-de-atencion-de-la-industria-de-europa-a-las-autoridades-de-la-ue\/?utm_source=email_marketing&amp;utm_admin=28519&amp;utm_medium=email&amp;utm_campaign=NOTICIAS_de_las_Industrias_Textil_Indumentaria_y_Moda\" style=\"color:blue; text-decoration:underline\">Fuerte llamado de atenci&oacute;n de la industria de Europa a las autoridades de la UE<\/a><\/span><\/span><\/span><\/span><\/span><\/span><\/span><\/span><\/p>\r\n\r\n<p style=\"text-align:justify\"><span style=\"font-size:11pt\"><span style=\"line-height:normal\"><span style=\"font-family:Calibri,sans-serif\"><a href=\"https:\/\/www.fibre2fashion.com\/news\/textile-news\/oecd-releases-multilateral-convention-to-tackle-global-tax-issues-290726-newsdetails.htm\" style=\"color:blue; text-decoration:underline\"><span lang=\"EN-US\" style=\"font-size:14.0pt\">OECD releases multilateral convention to tackle global tax issues<\/span><\/a><\/span><\/span><\/span><\/p>\r\n\r\n<p style=\"text-align:justify\"><span style=\"font-size:28pt\"><span style=\"font-family:Cambria,serif\"><span style=\"letter-spacing:-0.5pt\"><b><span style=\"font-size:18.0pt\"><span style=\"font-family:&quot;Calibri&quot;,sans-serif\"><span style=\"font-variant:small-caps\">Economia<\/span><\/span><\/span><\/b><\/span><\/span><\/span><\/p>\r\n\r\n<p style=\"text-align:justify\"><span style=\"font-size:11pt\"><span style=\"line-height:normal\"><span style=\"font-family:Calibri,sans-serif\"><a href=\"https:\/\/www.bcb.gov.br\/content\/focus\/focus\/R20231020.pdf\" style=\"color:blue; text-decoration:underline\"><span style=\"font-size:14.0pt\">Focus &ndash; Relat&oacute;rio de Mercado<\/span><\/a><\/span><\/span><\/span><\/p>\r\n\r\n<p style=\"text-align:justify\"><span style=\"font-size:11pt\"><span style=\"line-height:normal\"><span style=\"font-family:Calibri,sans-serif\"><a href=\"https:\/\/portalibre.fgv.br\/noticias\/novo-arcabouco-tenta-equilibrar-sustentabilidade-fiscal-e-racionalidade-tributaria\" style=\"color:blue; text-decoration:underline\"><span style=\"font-size:14.0pt\">Novo arcabou&ccedil;o tenta equilibrar sustentabilidade fiscal e racionalidade tribut&aacute;ria<\/span><\/a><\/span><\/span><\/span><\/p>\r\n\r\n<p style=\"text-align:justify\"><span style=\"font-size:11pt\"><span style=\"line-height:normal\"><span style=\"font-family:Calibri,sans-serif\"><a href=\"https:\/\/portalibre.fgv.br\/noticias\/monitor-do-pib-fgv-aponta-queda-de-06-na-atividade-economica-em-agosto\" style=\"color:blue; text-decoration:underline\"><span style=\"font-size:14.0pt\">Monitor do PIB-FGV aponta queda de 0,6% na atividade econ&ocirc;mica em agosto<\/span><\/a><\/span><\/span><\/span><\/p>\r\n\r\n<p style=\"text-align:justify\"><span style=\"font-size:11pt\"><span style=\"line-height:normal\"><span style=\"font-family:Calibri,sans-serif\"><a href=\"https:\/\/noticias.portaldaindustria.com.br\/noticias\/economia\/taxa-de-juros-elevada-e-o-principal-problema-da-construcao-ha-um-ano\/\" style=\"color:blue; text-decoration:underline\"><span style=\"font-size:14.0pt\">Taxa de juros elevada &eacute; principal problema da constru&ccedil;&atilde;o h&aacute; um ano<\/span><\/a><\/span><\/span><\/span><\/p>\r\n\r\n<p style=\"text-align:justify\"><span style=\"font-size:11pt\"><span style=\"line-height:normal\"><span style=\"font-family:Calibri,sans-serif\"><a href=\"https:\/\/www.fibre2fashion.com\/news\/textile-news\/china-s-gdp-increases-5-2-in-jan-sept-2023-290819-newsdetails.htm\" style=\"color:blue; text-decoration:underline\"><span lang=\"EN-US\" style=\"font-size:14.0pt\">China&#39;s GDP increases 5.2% in Jan-Sept 2023<\/span><\/a><\/span><\/span><\/span><\/p>\r\n","6":"<p style=\"text-align:justify\"><span style=\"font-size:11pt\"><span style=\"line-height:normal\"><span style=\"font-family:Calibri,sans-serif\"><span style=\"font-size:14.0pt\">Esta &eacute; uma compila&ccedil;&atilde;o das not&iacute;cias mais relevantes para o setor, incluindo informa&ccedil;&otilde;es sobre acordos internacionais, economia brasileira, sustentabilidade e mat&eacute;rias primas, al&eacute;m de novidades do setor de N&atilde;otecidos e Tecidos T&eacute;cnicos.<\/span><\/span><\/span><\/span><\/p>\r\n\r\n<p style=\"text-align:justify\"><span style=\"font-size:28pt\"><span style=\"font-family:Cambria,serif\"><span style=\"letter-spacing:-0.5pt\"><b><span style=\"font-size:18.0pt\"><span style=\"font-family:&quot;Calibri&quot;,sans-serif\"><span style=\"font-variant:small-caps\">O que vem por a&iacute;<\/span><\/span><\/span><\/b><\/span><\/span><\/span><\/p>\r\n\r\n<p style=\"text-align:justify; margin-bottom:20px\"><span style=\"font-size:18px\"><span style=\"box-sizing:border-box\"><span style=\"line-height:1.5\"><span style=\"color:#313f48\"><span style=\"font-family:&quot;Roboto Condensed&quot;, Helvetica, Arial, sans-serif\"><span style=\"font-style:normal\"><span style=\"font-variant-ligatures:normal\"><span style=\"font-weight:400\"><span style=\"white-space:normal\"><span style=\"background-color:#ffffff\"><span style=\"text-decoration-thickness:initial\"><span style=\"text-decoration-style:initial\"><span style=\"text-decoration-color:initial\"><img src=\"https:\/\/www.abint.org.br\/assets\/img\/editor\/abint-logo-2020-p_20231017124518voDYLxF66e.png\" style=\"box-sizing:border-box; border-style:none; max-width:100%; width:200px; height:45px; object-fit:contain\" \/><\/span><\/span><\/span><\/span><\/span><\/span><\/span><\/span><\/span><\/span><\/span><\/span><\/span><\/p>\r\n\r\n<p style=\"text-align:justify; margin-bottom:20px\"><span style=\"font-size:18px\"><span style=\"box-sizing:border-box\"><span style=\"line-height:1.5\"><span style=\"color:#313f48\"><span style=\"font-family:&quot;Roboto Condensed&quot;, Helvetica, Arial, sans-serif\"><span style=\"font-style:normal\"><span style=\"font-variant-ligatures:normal\"><span style=\"font-weight:400\"><span style=\"white-space:normal\"><span style=\"background-color:#ffffff\"><span style=\"text-decoration-thickness:initial\"><span style=\"text-decoration-style:initial\"><span style=\"text-decoration-color:initial\">&nbsp;<\/span><\/span><\/span><\/span><\/span><\/span><\/span><\/span><\/span><\/span><\/span><\/span><\/span><span style=\"font-size:18px\"><span style=\"box-sizing:border-box\"><span style=\"line-height:1.5\"><span style=\"color:#313f48\"><span style=\"font-family:&quot;Roboto Condensed&quot;, Helvetica, Arial, sans-serif\"><span style=\"font-style:normal\"><span style=\"font-variant-ligatures:normal\"><span style=\"font-weight:400\"><span style=\"white-space:normal\"><span style=\"background-color:#ffffff\"><span style=\"text-decoration-thickness:initial\"><span style=\"text-decoration-style:initial\"><span style=\"text-decoration-color:initial\"><img src=\"https:\/\/www.abint.org.br\/assets\/img\/editor\/post-quadrado-curso-naotecido_20231017125155kzuUC3w3cW.jpg\" style=\"box-sizing:border-box; border-style:none; max-width:100%; width:500px; height:500px; object-fit:contain\" \/><\/span><\/span><\/span><\/span><\/span><\/span><\/span><\/span><\/span><\/span><\/span><\/span><\/span><\/p>\r\n\r\n<p style=\"text-align:justify; margin-bottom:20px\"><span style=\"font-size:18px\"><span style=\"box-sizing:border-box\"><span style=\"line-height:1.5\"><span style=\"color:#313f48\"><span style=\"font-family:&quot;Roboto Condensed&quot;, Helvetica, Arial, sans-serif\"><span style=\"font-style:normal\"><span style=\"font-variant-ligatures:normal\"><span style=\"font-weight:400\"><span style=\"white-space:normal\"><span style=\"background-color:#ffffff\"><span style=\"text-decoration-thickness:initial\"><span style=\"text-decoration-style:initial\"><span style=\"text-decoration-color:initial\"><span style=\"font-size:11pt\"><span style=\"box-sizing:border-box\"><span style=\"box-sizing:border-box\"><span style=\"line-height:normal\"><span style=\"box-sizing:border-box\"><span style=\"font-family:Calibri, sans-serif\"><a href=\"https:\/\/forms.gle\/E5bZXpiNh7wZ9kcQ6\" style=\"box-sizing:border-box; text-decoration:underline; color:blue; transition:color 0.3s ease 0s\"><b style=\"box-sizing:border-box; font-weight:bolder\"><span style=\"font-size:14pt\"><span style=\"box-sizing:border-box\">Informa&ccedil;&otilde;es e inscri&ccedil;&otilde;es<\/span><\/span><\/b><\/a><\/span><\/span><\/span><\/span><\/span><\/span><\/span><\/span><\/span><\/span><\/span><\/span><\/span><\/span><\/span><\/span><\/span><\/span><\/span><\/p>\r\n\r\n<p style=\"text-align:justify; margin-bottom:20px\"><span style=\"font-size:18px\"><span style=\"box-sizing:border-box\"><span style=\"line-height:1.5\"><span style=\"color:#313f48\"><span style=\"font-family:&quot;Roboto Condensed&quot;, Helvetica, Arial, sans-serif\"><span style=\"font-style:normal\"><span style=\"font-variant-ligatures:normal\"><span style=\"font-weight:400\"><span style=\"white-space:normal\"><span style=\"background-color:#ffffff\"><span style=\"text-decoration-thickness:initial\"><span style=\"text-decoration-style:initial\"><span style=\"text-decoration-color:initial\">&nbsp;<\/span><\/span><\/span><\/span><\/span><\/span><\/span><\/span><\/span><\/span><\/span><\/span><\/span><\/p>\r\n\r\n<p style=\"text-align:start; margin-bottom:20px\"><span style=\"font-size:18px\"><span style=\"box-sizing:border-box\"><span style=\"line-height:1.5\"><span style=\"color:#313f48\"><span style=\"font-family:&quot;Roboto Condensed&quot;, Helvetica, Arial, sans-serif\"><span style=\"font-style:normal\"><span style=\"font-variant-ligatures:normal\"><span style=\"font-weight:400\"><span style=\"white-space:normal\"><span style=\"background-color:#ffffff\"><span style=\"text-decoration-thickness:initial\"><span style=\"text-decoration-style:initial\"><span style=\"text-decoration-color:initial\"><img src=\"https:\/\/www.abint.org.br\/assets\/img\/editor\/2o-seminario-abrafiltros_202310101642475KeAk5u38t.jpeg\" style=\"box-sizing:border-box; border-style:none; max-width:100%; width:500px; height:492px; object-fit:contain\" \/><\/span><\/span><\/span><\/span><\/span><\/span><\/span><\/span><\/span><\/span><\/span><\/span><\/span><\/p>\r\n\r\n<p style=\"text-align:justify; margin-bottom:20px\"><span style=\"font-size:18px\"><span style=\"box-sizing:border-box\"><span style=\"line-height:1.5\"><span style=\"color:#313f48\"><span style=\"font-family:&quot;Roboto Condensed&quot;, Helvetica, Arial, sans-serif\"><span style=\"font-style:normal\"><span style=\"font-variant-ligatures:normal\"><span style=\"font-weight:400\"><span style=\"white-space:normal\"><span style=\"background-color:#ffffff\"><span style=\"text-decoration-thickness:initial\"><span style=\"text-decoration-style:initial\"><span style=\"text-decoration-color:initial\"><span style=\"font-size:11pt\"><span style=\"box-sizing:border-box\"><span style=\"box-sizing:border-box\"><span style=\"line-height:normal\"><span style=\"box-sizing:border-box\"><span style=\"font-family:Calibri, sans-serif\"><span style=\"font-size:14pt\"><span style=\"box-sizing:border-box\">A&nbsp;<b style=\"box-sizing:border-box; font-weight:bolder\">ABINT<\/b>&nbsp;&eacute; uma das<b style=\"box-sizing:border-box; font-weight:bolder\">&nbsp;apoiadoras do 2&ordm; Semin&aacute;rio de Filtros,&nbsp;<\/b>evento online e gratuito, que ocorrer&aacute;<b style=\"box-sizing:border-box; font-weight:bolder\">&nbsp;dia 08 de novembro.&nbsp;<\/b><\/span><\/span><\/span><\/span><\/span><\/span><\/span><\/span><span style=\"font-size:11pt\"><span style=\"box-sizing:border-box\"><span style=\"box-sizing:border-box\"><span style=\"line-height:normal\"><span style=\"box-sizing:border-box\"><span style=\"font-family:Calibri, sans-serif\"><a href=\"http:\/\/www.abrafiltros.org.br\/seminario\" style=\"box-sizing:border-box; text-decoration:underline; color:blue; transition:color 0.3s ease 0s\"><b style=\"box-sizing:border-box; font-weight:bolder\"><span style=\"font-size:14pt\"><span style=\"box-sizing:border-box\">Informa&ccedil;&otilde;es<\/span><\/span><\/b><\/a><\/span><\/span><\/span><\/span><\/span><\/span><\/span><\/span><\/span><\/span><\/span><\/span><\/span><\/span><\/span><\/span><\/span><\/span><\/span><\/p>\r\n\r\n<p style=\"text-align:start; margin-bottom:20px\"><span style=\"font-size:18px\"><span style=\"box-sizing:border-box\"><span style=\"line-height:1.5\"><span style=\"color:#313f48\"><span style=\"font-family:&quot;Roboto Condensed&quot;, Helvetica, Arial, sans-serif\"><span style=\"font-style:normal\"><span style=\"font-variant-ligatures:normal\"><span style=\"font-weight:400\"><span style=\"white-space:normal\"><span style=\"background-color:#ffffff\"><span style=\"text-decoration-thickness:initial\"><span style=\"text-decoration-style:initial\"><span style=\"text-decoration-color:initial\">&nbsp;<\/span><\/span><\/span><\/span><\/span><\/span><\/span><\/span><\/span><\/span><\/span><\/span><\/span><\/p>\r\n\r\n<p style=\"text-align:start; margin-bottom:20px\"><span style=\"font-size:18px\"><span style=\"box-sizing:border-box\"><span style=\"line-height:1.5\"><span style=\"color:#313f48\"><span style=\"font-family:&quot;Roboto Condensed&quot;, Helvetica, Arial, sans-serif\"><span style=\"font-style:normal\"><span style=\"font-variant-ligatures:normal\"><span style=\"font-weight:400\"><span style=\"white-space:normal\"><span style=\"background-color:#ffffff\"><span style=\"text-decoration-thickness:initial\"><span style=\"text-decoration-style:initial\"><span style=\"text-decoration-color:initial\"><b style=\"box-sizing:border-box; font-weight:bolder\"><img src=\"https:\/\/www.abint.org.br\/assets\/img\/editor\/congresso-internacional-abit-2023_20231010164352jta4O9v5El.png\" style=\"box-sizing: border-box; border-style: none; width: 500px; height: 442px;\" \/><\/b><\/span><\/span><\/span><\/span><\/span><\/span><\/span><\/span><\/span><\/span><\/span><\/span><\/span><\/p>\r\n\r\n<p style=\"text-align:justify; margin-bottom:20px\"><span style=\"font-size:18px\"><span style=\"box-sizing:border-box\"><span style=\"line-height:1.5\"><span style=\"color:#313f48\"><span style=\"font-family:&quot;Roboto Condensed&quot;, Helvetica, Arial, sans-serif\"><span style=\"font-style:normal\"><span style=\"font-variant-ligatures:normal\"><span style=\"font-weight:400\"><span style=\"white-space:normal\"><span style=\"background-color:#ffffff\"><span style=\"text-decoration-thickness:initial\"><span style=\"text-decoration-style:initial\"><span style=\"text-decoration-color:initial\"><span style=\"font-size:11pt\"><span style=\"box-sizing:border-box\"><span style=\"box-sizing:border-box\"><span style=\"line-height:normal\"><span style=\"box-sizing:border-box\"><span style=\"font-family:Calibri, sans-serif\"><b style=\"box-sizing:border-box; font-weight:bolder\"><span style=\"font-size:14pt\"><span style=\"box-sizing:border-box\">A ABINT &eacute; uma das patrocinadoras do Congresso Internacional ABIT 2023,&nbsp;<\/span><\/span><\/b><span style=\"font-size:14pt\"><span style=\"box-sizing:border-box\">que ocorrer&aacute;<b style=\"box-sizing:border-box; font-weight:bolder\">&nbsp;dias 08 e 09 de novembro, na FIESC, Florian&oacute;polis, SC.&nbsp;<\/b><\/span><\/span><\/span><\/span><\/span><\/span><\/span><\/span><span style=\"font-size:11pt\"><span style=\"box-sizing:border-box\"><span style=\"box-sizing:border-box\"><span style=\"line-height:normal\"><span style=\"box-sizing:border-box\"><span style=\"font-family:Calibri, sans-serif\"><a href=\"https:\/\/t.rdsv1.net\/ls\/click?upn=LFSWB5boDXSqxt4eHgA5r3YUv3HG6yY4XTXT-2BpjEpFmt56yR61Gu09ER-2Bq95-2FgFAbN46ClwLMWPZzveVybfat1CKHOKhUUtOIVaFgsR5U28dlEKVouFrV1iSMaKnlWHCANmwKiZ4x1Oy9BDRL5tuTGPXgO91zEc1uo-2FbtPYQFm3y4fMGnbuiV3FEKs9g9uy1l2sL_iW8zc4KBvTUX2z9kws1M6pjQI9DpNNh-2Fk6fgMN4DbaFx-2BL1o5swSv2HtiLB2iGFhqxZ0654f80VOIjakRycDjcrdu1MF6BdTRc4d4wYs0wcxXXPsRygypvnzeOAhjjgiEkGX1jMsv1FD9IiN0mt5TiPA-2F-2FcYbMJqgkOyyeRxcI4izBTlMz4tYAchHCwHneJZvJXH0y9HeVp67XkJynQGH21X32t2y1CeSaYEq0zVO-2BnyLK4mDGipKkH-2FZQCwU2MKfdHIIgVMZzvyz5G5cXFeOFC58YiNyn2cnMPO14gymNMfyWFH-2BHHlC3b47l7V1Qmqxs4es-2BeyjBwNpbTVF3mKTVfvVN8KGLr0cqLDBhDLHrW7KPcTfpWgS5gfvWdAKEPOEmZKoo4k2kAi0PFh6jxFYAV2tXcAZfbY2kx8RXrY81D1SMCEBW0alhXBRKfUMvljxKCVojmlXya75YoxeWm0PKiSpaikvnyQHb1SYVAvooBBGQr8kVTT7gfi2jpYOB7Yz3v8ovwiOQwMF4kMzI4BGg58Stg7NIyaStQsDmhOsSp6GMNA3SG1UPw-2Fljh3rhjS-2BFt0EiGPe9cI33b9n1X0Y0ud-2BOFmeXkp5V9mMyq0eViPM4g6fXMuiRQFG1Lhn1lb5TsAtW9vCVxHdYrOB-2F6cV4-2FiOK5JwicsxDApwdvwvys-3D\" style=\"box-sizing:border-box; text-decoration:underline; color:blue; transition:color 0.3s ease 0s\"><b style=\"box-sizing:border-box; font-weight:bolder\"><span style=\"font-size:14pt\"><span style=\"box-sizing:border-box\">Informa&ccedil;&otilde;es<\/span><\/span><\/b><\/a><\/span><\/span><\/span><\/span><\/span><\/span><\/span><\/span><\/span><\/span><\/span><\/span><\/span><\/span><\/span><\/span><\/span><\/span><\/span><\/p>\r\n\r\n<p style=\"text-align:start; margin-bottom:20px\"><span style=\"font-size:18px\"><span style=\"box-sizing:border-box\"><span style=\"line-height:1.5\"><span style=\"color:#313f48\"><span style=\"font-family:&quot;Roboto Condensed&quot;, Helvetica, Arial, sans-serif\"><span style=\"font-style:normal\"><span style=\"font-variant-ligatures:normal\"><span style=\"font-weight:400\"><span style=\"white-space:normal\"><span style=\"background-color:#ffffff\"><span style=\"text-decoration-thickness:initial\"><span style=\"text-decoration-style:initial\"><span style=\"text-decoration-color:initial\">&nbsp;<\/span><\/span><\/span><\/span><\/span><\/span><\/span><\/span><\/span><\/span><\/span><\/span><\/span><\/p>\r\n\r\n<p style=\"text-align:justify; margin-bottom:20px\"><span style=\"font-size:18px\"><span style=\"box-sizing:border-box\"><span style=\"line-height:1.5\"><span style=\"color:#313f48\"><span style=\"font-family:&quot;Roboto Condensed&quot;, Helvetica, Arial, sans-serif\"><span style=\"font-style:normal\"><span style=\"font-variant-ligatures:normal\"><span style=\"font-weight:400\"><span style=\"white-space:normal\"><span style=\"background-color:#ffffff\"><span style=\"text-decoration-thickness:initial\"><span style=\"text-decoration-style:initial\"><span style=\"text-decoration-color:initial\"><span style=\"font-size:14pt\"><span style=\"box-sizing:border-box\"><span style=\"box-sizing:border-box\"><span style=\"line-height:21.4667px\"><span calibri=\"\" style=\"box-sizing:border-box\"><img src=\"https:\/\/www.abint.org.br\/assets\/img\/editor\/logo-ctg-abint-jpg-pequeno_20231017124831fyXzED5Dgv.jpg\" style=\"box-sizing:border-box; border-style:none\" \/><\/span><\/span><\/span><\/span><\/span><\/span><\/span><\/span><\/span><\/span><\/span><\/span><\/span><\/span><\/span><\/span><\/span><\/span><\/p>\r\n\r\n<p style=\"text-align:justify\"><img src=\"https:\/\/www.abint.org.br\/assets\/img\/editor\/banner-anpet-abnit_20231024120320CJ9xfQpyHw.jpeg\" style=\"width: 500px; height: 500px;\" \/><\/p>\r\n\r\n<p style=\"text-align:justify\"><span style=\"font-size:11pt\"><span style=\"line-height:normal\"><span style=\"font-family:Calibri,sans-serif\"><b><span style=\"font-size:14.0pt\">O CTG ABINT &eacute; um dos patrocinadores do 37&ordm; ANPET &ndash; Congresso de Pesquisa e Ensino em Transporte<\/span><\/b><span style=\"font-size:14.0pt\">, que ocorrer&aacute; <b>de 06 a 10 de novembro de 2023, no Bourbon Santos Convention Hotel, Santos, SP<\/b>, e &eacute; uma realiza&ccedil;&atilde;o da Associa&ccedil;&atilde;o Nacional de Pesquisa e Ensino em Transportes (ANPET), da Universidade de S&atilde;o Paulo (USP), da Universidade Estadual de Campinas (UNICAMP) e da Universidade Estadual Paulista &quot;J&uacute;lio de Mesquita Filho&quot; (UNESP). <\/span><\/span><\/span><\/span><\/p>\r\n\r\n<p style=\"text-align:justify\"><span style=\"font-size:11pt\"><span style=\"line-height:normal\"><span style=\"font-family:Calibri,sans-serif\"><span style=\"font-size:14.0pt\">&ldquo;O 37&ordm; ANPET concentrar&aacute; a discuss&atilde;o de temas de grande interesse para os profissionais que atuam no setor, possibilitando que todas as esferas ligadas &agrave; atividade de transportes, acad&ecirc;micas, cient&iacute;ficas, profissionais, privadas ou governamentais, possam apresentar seus problemas e solu&ccedil;&otilde;es, discuti-los e refletir sobre linhas de a&ccedil;&atilde;o num ambiente cooperativo e instrutivo&rdquo;.<\/span><\/span><\/span><\/span><\/p>\r\n\r\n<p style=\"text-align:justify\"><span style=\"font-size:11pt\"><span style=\"line-height:normal\"><span style=\"font-family:Calibri,sans-serif\"><span style=\"font-size:14.0pt\">Informa&ccedil;&otilde;es e inscri&ccedil;&otilde;es, <\/span><a href=\"http:\/\/anpet.org.br\/37anpet\/index.php\/pt\/\" style=\"color:blue; text-decoration:underline\"><span style=\"font-size:14.0pt\">acesse aqui<\/span><\/a><span style=\"font-size:14.0pt\">.<\/span><\/span><\/span><\/span><\/p>\r\n\r\n<p style=\"text-align:justify\">&nbsp;<\/p>\r\n\r\n<p><strong><img src=\"https:\/\/www.abint.org.br\/assets\/img\/editor\/20231107-geonorte-2023-banner-ctg-abint_202310171256350GjEiBNLgb.png\" style=\"width: 500px; height: 625px;\" \/><\/strong><\/p>\r\n\r\n<p>O&nbsp;<b>CTG ABINT patrocinar&aacute; o GEONORTE 2023<\/b>, evento realizado pela Associa&ccedil;&atilde;o Brasileira de Mec&acirc;nica dos Solos, cujo&nbsp;<b>tema deste ano ser&aacute; &quot;Geotecnia na Amaz&ocirc;nia&quot;<\/b>.<\/p>\r\n\r\n<p>O evento ocorrer&aacute; de<b>&nbsp;07 a 09 de novembro de 2023,&nbsp;<\/b>na cidade de<b>&nbsp;Palmas, TO<\/b>.<\/p>\r\n\r\n<p>Informa&ccedil;&otilde;es e inscri&ccedil;&otilde;es,&nbsp;<a href=\"https:\/\/geonorteabms.com.br\/2023\/#sobre\">acesse aqui<\/a>.<\/p>\r\n\r\n<p>&nbsp;<\/p>\r\n\r\n<p><img src=\"https:\/\/www.abint.org.br\/assets\/img\/editor\/20231122-geosul-2023-logo_20231017125749mcr7Arn2je.png\" \/><\/p>\r\n\r\n<p>&nbsp;<\/p>\r\n\r\n<p style=\"text-align:justify\"><span style=\"font-size:11pt\"><span style=\"line-height:normal\"><span style=\"font-family:Calibri,sans-serif\"><span style=\"font-size:14.0pt\">O <b>CTG ABINT participar&aacute; tamb&eacute;m do XIII Simp&oacute;sio de Pr&aacute;tica de Engenharia Geot&eacute;cnica da Regi&atilde;o Sul (GEOSUL<\/b>), com o minicurso &ldquo;<b>A utiliza&ccedil;&atilde;o de geossint&eacute;ticos em solu&ccedil;&otilde;es para muros de conten&ccedil;&atilde;o e solos de baixa capacidade de suporte<\/b>&rdquo;, que ser&aacute; ministrado pelo Eng. Ramon Luis Cavilha, Gerente da Unidade Sul na Maccaferri do Brasil.<\/span><\/span><\/span><\/span><\/p>\r\n\r\n<p style=\"text-align:justify\"><span style=\"font-size:11pt\"><span style=\"line-height:normal\"><span style=\"font-family:Calibri,sans-serif\"><span style=\"font-size:14.0pt\">O tradicional evento da Associa&ccedil;&atilde;o Brasileira de Mec&acirc;nica dos Solos e Engenharia Geot&eacute;cnica (ABMS),<b> <\/b>ocorrer&aacute; entre os dias<b> 22 a 25 de novembro de 2023<\/b>, na cidade de<b> Ponta Grossa, PR<\/b>, no Bourbon Ponta Grossa Convention Hotel.<\/span><\/span><\/span><\/span><\/p>\r\n\r\n<p style=\"text-align:justify\"><span style=\"font-size:11pt\"><span style=\"line-height:normal\"><span style=\"font-family:Calibri,sans-serif\"><span style=\"font-size:14.0pt\">Informa&ccedil;&otilde;es e inscri&ccedil;&otilde;es, <\/span><a href=\"https:\/\/www.geosul2023.com.br\/\" style=\"color:blue; text-decoration:underline\"><span style=\"font-size:14.0pt\">acesse aqui<\/span><\/a><span style=\"font-size:14.0pt\">.<\/span><\/span><\/span><\/span><\/p>\r\n\r\n<p>&nbsp;<\/p>\r\n\r\n<p><img src=\"https:\/\/www.abint.org.br\/assets\/img\/editor\/cth-logo-alta-png_20231017125845oJiJuf2y3b.png\" style=\"width: 200px; height: 100px;\" \/><\/p>\r\n\r\n<p><b><img src=\"https:\/\/www.abint.org.br\/assets\/img\/editor\/16o-congresso-sobecc_20231010164123Cs0oppox93.png\" \/><\/b><\/p>\r\n\r\n<p>O&nbsp;<b>CTH ABINT &eacute; um dos patrocinadores do 16&ordm; Congresso Brasileiro de Enfermagem em Centro Cir&uacute;rgico, Recupera&ccedil;&atilde;o Anest&eacute;sica e Centro de Material e Esteriliza&ccedil;&atilde;o e 1st International Congress of Perioperative Nursing | &ldquo;A experi&ecirc;ncia do paciente cir&uacute;rgico: o cuidado singular do amor de algu&eacute;m&rdquo;<\/b>, que ocorrer&aacute; 07 a 10 de novembro de 2023, no Centro de Conven&ccedil;&otilde;es, Distrito Anhembi, Av. Olavo Fontoura, 1209, Santana, CEP 02012-021, S&atilde;o Paulo, SP.&nbsp;<a href=\"https:\/\/www.congresso-simposio-sobecc.com.br\/sobecc2023\">Informa&ccedil;&otilde;es<\/a><\/p>\r\n\r\n<p class=\"MsoTitle\" style=\"text-align:justify\"><span style=\"font-size:28pt\"><span style=\"font-family:Cambria,serif\"><span style=\"letter-spacing:-0.5pt\"><b><span style=\"font-size:18.0pt\"><span style=\"font-family:&quot;Calibri&quot;,sans-serif\"><span style=\"font-variant:small-caps\">Not&iacute;cias das Associadas<\/span><\/span><\/span><\/b><\/span><\/span><\/span><\/p>\r\n\r\n<p style=\"text-align:justify\"><span style=\"font-size:11pt\"><span style=\"line-height:normal\"><span style=\"font-family:Calibri,sans-serif\"><a href=\"https:\/\/blogdoplastico.wordpress.com\/2023\/10\/19\/cipatex-investe-em-novo-showroom-e-modernizacao-do-centro-tecnologico\/\" style=\"color:blue; text-decoration:underline\"><span style=\"font-size:14.0pt\">Cipatex investe em novo showroom e moderniza&ccedil;&atilde;o do centro tecnol&oacute;gico<\/span><\/a><\/span><\/span><\/span><\/p>\r\n\r\n<p style=\"text-align:justify\"><span style=\"font-size:11pt\"><span style=\"line-height:normal\"><span style=\"font-family:Calibri,sans-serif\"><a href=\"https:\/\/www.realtid.se\/telegram\/suominen-volumes-and-margins-improve-evli\/\" style=\"color:blue; text-decoration:underline\"><span lang=\"EN-US\" style=\"font-size:14.0pt\">Suominen: Volumes and margins improve &ndash; Evli<\/span><\/a><\/span><\/span><\/span><\/p>\r\n\r\n<p style=\"text-align:justify\">&nbsp;<\/p>\r\n\r\n<p style=\"text-align:justify\"><span style=\"font-size:11pt\"><span style=\"line-height:normal\"><span style=\"font-family:Calibri,sans-serif\"><b><span style=\"font-size:18.0pt\"><span style=\"font-variant:small-caps\">Eventos<\/span><\/span><\/b><\/span><\/span><\/span><\/p>\r\n\r\n<p style=\"text-align:justify\"><span style=\"font-size:11pt\"><span style=\"line-height:normal\"><span style=\"font-family:Calibri,sans-serif\"><b><span style=\"font-size:14.0pt\">NASCE CME | 5&ordm; CONALE - Congresso Nacional de Limpeza e Esteriliza&ccedil;&atilde;o<\/span><\/b><span style=\"font-size:14.0pt\">, 23 a 27 de outubro de 2023, evento online.<\/span> <a href=\"https:\/\/eventos.congresse.me\/conale\/edicoes\/conale-5-edicao\" style=\"color:blue; text-decoration:underline\"><span style=\"font-size:14.0pt\">Informa&ccedil;&otilde;es<\/span><\/a> <\/span><\/span><\/span><\/p>\r\n\r\n<p style=\"text-align:justify\"><span style=\"font-size:11pt\"><span style=\"line-height:normal\"><span style=\"font-family:Calibri,sans-serif\"><b><span style=\"font-size:14.0pt\">V Congreso Sudamericano de Composites, Poliuretano y Pl&aacute;sticos de Ingenier&iacute;a, <\/span><\/b><span style=\"font-size:14.0pt\">24 e 25 de outubro de 2023, Bogot&aacute;, Col&ocirc;mbia. <\/span><a href=\"http:\/\/www.congresosudamericano.com\/blog.html\" style=\"color:blue; text-decoration:underline\"><span style=\"font-size:14.0pt\">Informa&ccedil;&otilde;es<\/span><\/a> <\/span><\/span><\/span><\/p>\r\n\r\n<p style=\"text-align:justify\"><span style=\"font-size:11pt\"><span style=\"line-height:normal\"><span style=\"font-family:Calibri,sans-serif\"><b><span style=\"font-size:14.0pt\">Hospitalmed 2023<\/span><\/b><span style=\"font-size:14.0pt\">, 25 a 27 de outubro de 2023, no Centro de Conven&ccedil;&otilde;es de Pernambuco, Recife, PE. <\/span><a href=\"https:\/\/hospitalmed.com.br\/feira\/\" style=\"color:blue; text-decoration:underline\"><span style=\"font-size:14.0pt\">Informa&ccedil;&otilde;es<\/span><\/a> <\/span><\/span><\/span><\/p>\r\n\r\n<p style=\"text-align:justify\"><span style=\"font-size:11pt\"><span style=\"line-height:normal\"><span style=\"font-family:Calibri,sans-serif\"><b><span style=\"font-size:14.0pt\">FEIPLAR COMPOSITES &amp; FEIPUR | Pain&eacute;is Setoriais 2023<\/span><\/b><span style=\"font-size:14.0pt\">, 07 a 09 de novembro de 2023, 09h00 &agrave;s 17h00, evento online. <\/span><a href=\"https:\/\/www.webcastlive.com.br\/aspen\/\" style=\"color:blue; text-decoration:underline\"><span style=\"font-size:14.0pt\">Informa&ccedil;&otilde;es<\/span><\/a> <\/span><\/span><\/span><\/p>\r\n\r\n<p style=\"text-align:justify\"><span style=\"font-size:11pt\"><span style=\"line-height:normal\"><span style=\"font-family:Calibri,sans-serif\"><b><span style=\"font-size:14.0pt\">Industry CCUS 2023,<\/span><\/b> <span style=\"font-size:14.0pt\">29-30 November, Rotterdam, Netherlands.<\/span> <a href=\"https:\/\/fortesmedia.com\/industry-ccus-conference-2023,4,en,2,1,28.html#register\" style=\"color:blue; text-decoration:underline\"><span style=\"font-size:14.0pt\">Informa&ccedil;&otilde;es<\/span><\/a> <\/span><\/span><\/span><\/p>\r\n\r\n<p style=\"text-align:justify\"><span style=\"font-size:11pt\"><span style=\"line-height:normal\"><span style=\"font-family:Calibri,sans-serif\"><b><span style=\"font-size:14.0pt\">FEIPLAR COMPOSITES &amp; FEIPUR &ndash; Feira e Congresso Internacionais de Composites, Poliuretano, Pl&aacute;sticos de Engenharia e Compostos Termopl&aacute;sticos<\/span><\/b><span style=\"font-size:14.0pt\">, 20 a 22 de agosto de 2024, S&atilde;o Paulo Expo (Pavilh&atilde;o 5), palestras: das 8h30 &agrave;s 18h, feira: das 13h &agrave;s 20h.<b> <\/b><\/span><a href=\"http:\/\/www.feiplar.com\" style=\"color:blue; text-decoration:underline\"><span lang=\"EN-US\" style=\"font-size:14.0pt\">www.feiplar.com<\/span><\/a> <\/span><\/span><\/span><\/p>\r\n\r\n<p style=\"text-align:justify\"><span style=\"font-size:28pt\"><span style=\"font-family:Cambria,serif\"><span style=\"letter-spacing:-0.5pt\"><b><span lang=\"EN-US\" style=\"font-size:18.0pt\"><span style=\"font-family:&quot;Calibri&quot;,sans-serif\"><span style=\"font-variant:small-caps\">Setor<\/span><\/span><\/span><\/b><\/span><\/span><\/span><\/p>\r\n\r\n<p style=\"text-align:justify\"><span style=\"font-size:11pt\"><span style=\"line-height:normal\"><span style=\"font-family:Calibri,sans-serif\"><a href=\"https:\/\/www.nonwovens-industry.com\/contents\/view_breaking-news\/2023-10-16\/edana-responds-to-proposed-uk-wipes-ban?utm_campaign=NON+eNewsletter&amp;utm_medium=email&amp;_hsmi=279054318&amp;_hsenc=p2ANqtz-_uM_uRAeiFJw-lipqgvqxC1ozuYb6h9oE5Qt23q8dX6Y-piFnQthpZphS_0wFzBjhaEyT5aSW9vKkMqZV2sgeAlq9Y0g&amp;utm_content=279054318&amp;utm_source=hs_email\" style=\"color:blue; text-decoration:underline\"><span lang=\"EN-US\" style=\"font-size:14.0pt\">EDANA Responds to Proposed U.K. Wipes Ban<\/span><\/a><\/span><\/span><\/span><\/p>\r\n\r\n<p style=\"text-align:justify\"><span style=\"font-size:11pt\"><span style=\"line-height:normal\"><span style=\"font-family:Calibri,sans-serif\"><a href=\"https:\/\/www.innovationintextiles.com\/uk-plan-for-wipes-ban-raises-concerns\/\" style=\"color:blue; text-decoration:underline\"><span lang=\"EN-US\" style=\"font-size:14.0pt\">Nonwovens\/Converting - UK plan for wipes ban raises concerns<\/span><\/a><\/span><\/span><\/span><\/p>\r\n\r\n<p style=\"text-align:justify\"><span style=\"font-size:11pt\"><span style=\"line-height:normal\"><span style=\"font-family:Calibri,sans-serif\"><a href=\"https:\/\/www.innovationintextiles.com\/nonwovens\/a-role-for-nonwovens-in-future-vaccine-programmes\/\" style=\"color:blue; text-decoration:underline\"><span lang=\"EN-US\" style=\"font-size:14.0pt\">A role for nonwovens in future vaccine programmes<\/span><\/a><\/span><\/span><\/span><\/p>\r\n\r\n<p style=\"text-align:justify\"><span style=\"font-size:11pt\"><span style=\"line-height:normal\"><span style=\"font-family:Calibri,sans-serif\"><a href=\"https:\/\/publications.wtin.com\/view\/1014521990\/8\/\" style=\"color:blue; text-decoration:underline\"><span style=\"font-size:14.0pt\">Pioneering polypropylene for nonwovens<\/span><\/a><\/span><\/span><\/span><\/p>\r\n\r\n<p style=\"text-align:justify\"><span style=\"font-size:11pt\"><span style=\"line-height:normal\"><span style=\"font-family:Calibri,sans-serif\"><a href=\"https:\/\/jornaldiadia.com.br\/tecnologias-de-manejo-e-processamento-da-mandioca-de-mesa-sao-apresentadas-em-dia-de-campo-no-df\/\" style=\"color:blue; text-decoration:underline\"><span style=\"font-size:14.0pt\">Mulching: Tecnologias de manejo e processamento da mandioca de mesa s&atilde;o apresentadas em Dia de Campo no DF<\/span><\/a><\/span><\/span><\/span><\/p>\r\n\r\n<p style=\"text-align:justify\"><span style=\"font-size:11pt\"><span style=\"line-height:normal\"><span style=\"font-family:Calibri,sans-serif\"><a href=\"https:\/\/publications.wtin.com\/view\/1014521990\/12\/\" style=\"color:blue; text-decoration:underline\"><span lang=\"EN-US\" style=\"font-size:14.0pt\">Automotive: Waste disposal to rise up car industry&rsquo;s agenda<\/span><\/a><\/span><\/span><\/span><\/p>\r\n\r\n<p style=\"text-align:justify\"><span style=\"font-size:11pt\"><span style=\"line-height:normal\"><span style=\"font-family:Calibri,sans-serif\"><a href=\"https:\/\/vitoria.es.gov.br\/noticia\/pmv-envia-projeto-de-lei-que-institui-programa-de-dispensacao-de-fraldas-48976\" style=\"color:blue; text-decoration:underline\"><span style=\"font-size:14.0pt\">ES: PMV envia projeto de lei que institui Programa de Dispensa&ccedil;&atilde;o de Fraldas<\/span><\/a><\/span><\/span><\/span><\/p>\r\n\r\n<p style=\"text-align:justify\"><span style=\"font-size:11pt\"><span style=\"line-height:normal\"><span style=\"font-family:Calibri,sans-serif\"><a href=\"https:\/\/www.em.com.br\/app\/noticia\/economia\/2023\/10\/20\/internas_economia,1579473\/fabrica-de-fraldas-vai-ampliar-unidade-e-expectativa-e-gerar-600-empregos.shtml\" style=\"color:blue; text-decoration:underline\"><span style=\"font-size:14.0pt\">Tri&acirc;ngulo Mineiro: F&aacute;brica de fraldas vai ampliar unidade e expectativa &eacute; gerar 600 empregos<\/span><\/a><\/span><\/span><\/span><\/p>\r\n\r\n<p style=\"text-align:justify\"><span style=\"font-size:11pt\"><span style=\"line-height:normal\"><span style=\"font-family:Calibri,sans-serif\"><a href=\"https:\/\/www.nonwovens-industry.com\/contents\/view_breaking-news\/2023-10-18\/filtxpo-held-in-chicago\/\" style=\"color:blue; text-decoration:underline\"><span style=\"font-size:14.0pt\">FiltXPO Held in Chicago<\/span><\/a><\/span><\/span><\/span><\/p>\r\n\r\n<p style=\"text-align:justify\"><span style=\"font-size:11pt\"><span style=\"line-height:normal\"><span style=\"font-family:Calibri,sans-serif\"><a href=\"https:\/\/www.anahp.com.br\/publicacoes\/esg-nos-hospitais-anahp-2023-resultados-e-boas-praticas\/?utm_campaign=esg_nos_hospitais_anahp_2023_-_lancamento&amp;utm_medium=email&amp;utm_source=RD+Station\" style=\"color:blue; text-decoration:underline\"><span style=\"font-size:14.0pt\">ESG nos hospitais Anahp 2023: resultados e boas pr&aacute;ticas<\/span><\/a><\/span><\/span><\/span><\/p>\r\n\r\n<p style=\"text-align:justify\"><span style=\"font-size:28pt\"><span style=\"font-family:Cambria,serif\"><span style=\"letter-spacing:-0.5pt\"><b><span style=\"font-size:18.0pt\"><span style=\"font-family:&quot;Calibri&quot;,sans-serif\"><span style=\"font-variant:small-caps\">Ind&uacute;stria<\/span><\/span><\/span><\/b><\/span><\/span><\/span><\/p>\r\n\r\n<p style=\"text-align:justify\"><span style=\"font-size:11pt\"><span style=\"line-height:normal\"><span style=\"font-family:Calibri,sans-serif\"><a href=\"https:\/\/petronoticias.com.br\/abiquim-e-abiplast-estao-prevendo-um-tsunami-do-desemprego-se-projeto-do-senado-para-banir-o-plastico-for-aprovado\/\" style=\"color:blue; text-decoration:underline\"><span style=\"font-size:14.0pt\">ABIQUIM e ABIPLAST est&atilde;o prevendo um tsunami de desemprego se projeto do senado para banir o pl&aacute;stico for aprovado<\/span><\/a><\/span><\/span><\/span><\/p>\r\n\r\n<p style=\"text-align:justify\"><span style=\"font-size:11pt\"><span style=\"line-height:normal\"><span style=\"font-family:Calibri,sans-serif\"><a href=\"https:\/\/epbr.com.br\/como-a-guerra-entre-israel-e-hamas-impacta-o-petroleo-e-quais-os-possiveis-cenarios\/?utm_source=newsletters+epbr&amp;utm_campaign=ddeb9afc62-epbr-comece-seu-dia_20230724_COPY_01&amp;utm_medium=email&amp;utm_term=0_5931171aac-ddeb9afc62-466362780\" style=\"color:blue; text-decoration:underline\"><span style=\"font-size:14.0pt\">Como a guerra entre Israel e Hamas impacta o mercado de petr&oacute;leo e quais os poss&iacute;veis cen&aacute;rios<\/span><\/a><\/span><\/span><\/span><\/p>\r\n\r\n<p style=\"text-align:justify\"><span style=\"font-size:11pt\"><span style=\"line-height:normal\"><span style=\"font-family:Calibri,sans-serif\"><a href=\"https:\/\/www.folhabv.com.br\/economia\/confianca-do-empresario-terceiro-trimestre-supera-o-resultado-dos-meses-anteriores\/\" style=\"color:blue; text-decoration:underline\"><span style=\"font-size:14.0pt\">Confian&ccedil;a do empres&aacute;rio: terceiro trimestre supera o resultado dos meses anteriores<\/span><\/a><\/span><\/span><\/span><\/p>\r\n\r\n<p style=\"text-align:justify\"><span style=\"font-size:11pt\"><span style=\"line-height:normal\"><span style=\"font-family:Calibri,sans-serif\"><a href=\"https:\/\/noticias.portaldaindustria.com.br\/noticias\/politica-industrial\/demanda-interna-insuficiente-ainda-e-problema-para-industria\/\" style=\"color:blue; text-decoration:underline\"><span style=\"font-size:14.0pt\">Demanda interna insuficiente ainda &eacute; problema para ind&uacute;stria<\/span><\/a><\/span><\/span><\/span><\/p>\r\n\r\n<p style=\"text-align:justify\"><span style=\"font-size:11pt\"><span style=\"line-height:normal\"><span style=\"font-family:Calibri,sans-serif\"><a href=\"https:\/\/www.balcaoautomotivo.com\/2023\/10\/20\/as-montadoras-do-setor-derrubam-a-projecao-esperada-de-producao-para-o-ano\/\" style=\"color:blue; text-decoration:underline\"><span style=\"font-size:14.0pt\">As montadoras do setor derrubam a proje&ccedil;&atilde;o esperada de produ&ccedil;&atilde;o para o ano<\/span><\/a><\/span><\/span><\/span><\/p>\r\n\r\n<p style=\"text-align:justify\"><span style=\"font-size:11pt\"><span style=\"line-height:normal\"><span style=\"font-family:Calibri,sans-serif\"><a href=\"https:\/\/exclink.exclusivo.com.br\/cl\/PQmwn\/E6A\/e5d3\/LCFJkUKAOaB\/BLUJ\/MFki2q3R6Fb\/2\/\" style=\"color:blue; text-decoration:underline\"><span style=\"font-size:14.0pt\">Conhe&ccedil;a em detalhes a nova al&iacute;quota do ICMS do setor cal&ccedil;adista ga&uacute;cho<\/span><\/a> <\/span><\/span><\/span><\/p>\r\n\r\n<p style=\"text-align:justify\"><span style=\"font-size:11pt\"><span style=\"line-height:normal\"><span style=\"font-family:Calibri,sans-serif\"><a href=\"https:\/\/exclusivo.com.br\/_conteudo\/negocios\/2023\/10\/18\/importacoes-de-calcados-seguem-em-elevacao-no-brasil-e-somam-uss-348-milhoes.html\" style=\"color:blue; text-decoration:underline\"><span style=\"font-size:14.0pt\">Importa&ccedil;&atilde;o de cal&ccedil;ados segue em eleva&ccedil;&atilde;o no Brasil<\/span><\/a><\/span><\/span><\/span><\/p>\r\n\r\n<p style=\"text-align:justify\"><span style=\"font-size:11pt\"><span style=\"line-height:normal\"><span style=\"font-family:Calibri,sans-serif\"><a href=\"https:\/\/plasticosemrevista.com.br\/haja-fe-e-folego-2\/\" style=\"color:blue; text-decoration:underline\"><span style=\"font-size:14.0pt\">Haja f&eacute; e f&ocirc;lego &ndash; conhe&ccedil;a os dados colhidos pelo Perfil 2022 das Ind&uacute;strias de Transforma&ccedil;&atilde;o e Reciclagem de Pl&aacute;stico no Brasil (Abiplast)<\/span><\/a><\/span><\/span><\/span><\/p>\r\n\r\n<p style=\"text-align:justify\"><span style=\"font-size:28pt\"><span style=\"font-family:Cambria,serif\"><span style=\"letter-spacing:-0.5pt\"><b><span style=\"font-size:18.0pt\"><span style=\"font-family:&quot;Calibri&quot;,sans-serif\"><span style=\"font-variant:small-caps\">Sustentabilidade<\/span><\/span><\/span><\/b><\/span><\/span><\/span><\/p>\r\n\r\n<p style=\"text-align:justify\"><span style=\"font-size:11pt\"><span style=\"line-height:normal\"><span style=\"font-family:Calibri,sans-serif\"><a href=\"https:\/\/www.dw.com\/pt-br\/europa-fecha-cerco-aos-micropl%C3%A1sticos\/a-67125170\" style=\"color:blue; text-decoration:underline\"><span style=\"font-size:14.0pt\">Europa fecha cerco aos micropl&aacute;sticos<\/span><\/a><\/span><\/span><\/span><\/p>\r\n\r\n<p style=\"text-align:justify\"><span style=\"font-size:11pt\"><span style=\"line-height:normal\"><span style=\"font-family:Calibri,sans-serif\"><a href=\"https:\/\/plasticosemrevista.com.br\/5-anos-depois\/\" style=\"color:blue; text-decoration:underline\"><span style=\"font-size:14.0pt\">5 anos depois: Brasil j&aacute; recicla mais de 1.1 milh&atilde;o de toneladas de pl&aacute;sticos<\/span><\/a><\/span><\/span><\/span><\/p>\r\n\r\n<p style=\"text-align:justify\"><span style=\"font-size:11pt\"><span style=\"line-height:normal\"><span style=\"font-family:Calibri,sans-serif\"><a href=\"https:\/\/ciclovivo.com.br\/planeta\/desenvolvimento\/pl-que-cria-economia-circular-do-plastico-tem-1a-vitoria-no-senado\/\" style=\"color:blue; text-decoration:underline\"><span style=\"font-size:14.0pt\">PL que cria economia circular do pl&aacute;stico tem 1&ordf; vit&oacute;ria no Senado<\/span><\/a><\/span><\/span><\/span><\/p>\r\n\r\n<p style=\"text-align:justify\"><span style=\"font-size:11pt\"><span style=\"line-height:normal\"><span style=\"font-family:Calibri,sans-serif\"><a href=\"https:\/\/plasticosemrevista.com.br\/malasia-prepara-ingresso-na-reciclagem-quimica\/\" style=\"color:blue; text-decoration:underline\"><span style=\"font-size:14.0pt\">Mal&aacute;sia prepara ingresso na reciclagem qu&iacute;mica<\/span><\/a><\/span><\/span><\/span><\/p>\r\n\r\n<p style=\"text-align:justify\"><span style=\"font-size:11pt\"><span style=\"line-height:normal\"><span style=\"font-family:Calibri,sans-serif\"><span class=\"MsoHyperlink\" style=\"color:blue\"><span style=\"text-decoration:underline\"><span style=\"font-size:14.0pt\"><span style=\"text-decoration:none\"><span style=\"text-underline:none\"><a href=\"http:\/\/comunidadtextil.com\/wpnews\/2023\/10\/lanzan-una-organizacion-a-nivel-mundial-para-reciclar-residuos-de-la-industria-textil\/?utm_source=email_marketing&amp;utm_admin=28519&amp;utm_medium=email&amp;utm_campaign=NOTICIAS_de_las_Industrias_Textil_Indumentaria_y_Moda\" style=\"color:blue; text-decoration:underline\">Lanzan una organizaci&oacute;n a nivel mundial para reciclar residuos de la industria textil<\/a><\/span><\/span><\/span><\/span><\/span><\/span><\/span><\/span><\/p>\r\n\r\n<p style=\"text-align:justify\"><span style=\"font-size:28pt\"><span style=\"font-family:Cambria,serif\"><span style=\"letter-spacing:-0.5pt\"><b><span style=\"font-size:18.0pt\"><span style=\"font-family:&quot;Calibri&quot;,sans-serif\"><span style=\"font-variant:small-caps\">Inova&ccedil;&atilde;o<\/span><\/span><\/span><\/b><\/span><\/span><\/span><\/p>\r\n\r\n<p style=\"text-align:justify\"><span style=\"font-size:11pt\"><span style=\"line-height:normal\"><span style=\"font-family:Calibri,sans-serif\"><a href=\"https:\/\/noticias.portaldaindustria.com.br\/noticias\/inovacao-e-tecnologia\/cni-lanca-plano-com-estrategias-para-que-a-industria-seja-mais-produtiva-inovadora-e-verde-em-10-anos\/\" style=\"color:blue; text-decoration:underline\"><span style=\"font-size:14.0pt\">CNI lan&ccedil;a plano estrat&eacute;gico para que a ind&uacute;stria seja mais produtiva, inovadora e verde em 10 anos<\/span><\/a><\/span><\/span><\/span><\/p>\r\n\r\n<p style=\"text-align:justify\"><span style=\"font-size:28pt\"><span style=\"font-family:Cambria,serif\"><span style=\"letter-spacing:-0.5pt\"><b><span style=\"font-size:18.0pt\"><span style=\"font-family:&quot;Calibri&quot;,sans-serif\"><span style=\"font-variant:small-caps\">Com&eacute;rcio Exterior<\/span><\/span><\/span><\/b><\/span><\/span><\/span><\/p>\r\n\r\n<p style=\"text-align:justify\"><span style=\"font-size:11pt\"><span style=\"line-height:normal\"><span style=\"font-family:Calibri,sans-serif\"><a href=\"https:\/\/www.infomoney.com.br\/business\/eleicao-na-argentina-trava-mas-nao-inviabiliza-negocios-de-empresas-brasileiras\/\" style=\"color:blue; text-decoration:underline\"><span style=\"font-size:14.0pt\">Elei&ccedil;&atilde;o na Argentina trava &ndash; mas n&atilde;o inviabiliza &ndash; neg&oacute;cios de empresas brasileiras<\/span><\/a><\/span><\/span><\/span><\/p>\r\n\r\n<p style=\"text-align:justify\"><span style=\"font-size:11pt\"><span style=\"line-height:normal\"><span style=\"font-family:Calibri,sans-serif\"><a href=\"https:\/\/agenciabrasil.ebc.com.br\/politica\/noticia\/2023-10\/haddad-defende-mercosul-integrado-para-negociar-com-uniao-europeia\" style=\"color:blue; text-decoration:underline\"><span style=\"font-size:14.0pt\">Haddad defende Mercosul integrado para negociar com Uni&atilde;o Europeia<\/span><\/a><\/span><\/span><\/span><\/p>\r\n\r\n<p style=\"text-align:justify\"><span style=\"font-size:11pt\"><span style=\"line-height:normal\"><span style=\"font-family:Calibri,sans-serif\"><span class=\"MsoHyperlink\" style=\"color:blue\"><span style=\"text-decoration:underline\"><span style=\"font-size:14.0pt\"><span style=\"text-decoration:none\"><span style=\"text-underline:none\"><a href=\"http:\/\/comunidadtextil.com\/wpnews\/2023\/10\/fuerte-llamado-de-atencion-de-la-industria-de-europa-a-las-autoridades-de-la-ue\/?utm_source=email_marketing&amp;utm_admin=28519&amp;utm_medium=email&amp;utm_campaign=NOTICIAS_de_las_Industrias_Textil_Indumentaria_y_Moda\" style=\"color:blue; text-decoration:underline\">Fuerte llamado de atenci&oacute;n de la industria de Europa a las autoridades de la UE<\/a><\/span><\/span><\/span><\/span><\/span><\/span><\/span><\/span><\/p>\r\n\r\n<p style=\"text-align:justify\"><span style=\"font-size:11pt\"><span style=\"line-height:normal\"><span style=\"font-family:Calibri,sans-serif\"><a href=\"https:\/\/www.fibre2fashion.com\/news\/textile-news\/oecd-releases-multilateral-convention-to-tackle-global-tax-issues-290726-newsdetails.htm\" style=\"color:blue; text-decoration:underline\"><span lang=\"EN-US\" style=\"font-size:14.0pt\">OECD releases multilateral convention to tackle global tax issues<\/span><\/a><\/span><\/span><\/span><\/p>\r\n\r\n<p style=\"text-align:justify\"><span style=\"font-size:28pt\"><span style=\"font-family:Cambria,serif\"><span style=\"letter-spacing:-0.5pt\"><b><span style=\"font-size:18.0pt\"><span style=\"font-family:&quot;Calibri&quot;,sans-serif\"><span style=\"font-variant:small-caps\">Economia<\/span><\/span><\/span><\/b><\/span><\/span><\/span><\/p>\r\n\r\n<p style=\"text-align:justify\"><span style=\"font-size:11pt\"><span style=\"line-height:normal\"><span style=\"font-family:Calibri,sans-serif\"><a href=\"https:\/\/www.bcb.gov.br\/content\/focus\/focus\/R20231020.pdf\" style=\"color:blue; text-decoration:underline\"><span style=\"font-size:14.0pt\">Focus &ndash; Relat&oacute;rio de Mercado<\/span><\/a><\/span><\/span><\/span><\/p>\r\n\r\n<p style=\"text-align:justify\"><span style=\"font-size:11pt\"><span style=\"line-height:normal\"><span style=\"font-family:Calibri,sans-serif\"><a href=\"https:\/\/portalibre.fgv.br\/noticias\/novo-arcabouco-tenta-equilibrar-sustentabilidade-fiscal-e-racionalidade-tributaria\" style=\"color:blue; text-decoration:underline\"><span style=\"font-size:14.0pt\">Novo arcabou&ccedil;o tenta equilibrar sustentabilidade fiscal e racionalidade tribut&aacute;ria<\/span><\/a><\/span><\/span><\/span><\/p>\r\n\r\n<p style=\"text-align:justify\"><span style=\"font-size:11pt\"><span style=\"line-height:normal\"><span style=\"font-family:Calibri,sans-serif\"><a href=\"https:\/\/portalibre.fgv.br\/noticias\/monitor-do-pib-fgv-aponta-queda-de-06-na-atividade-economica-em-agosto\" style=\"color:blue; text-decoration:underline\"><span style=\"font-size:14.0pt\">Monitor do PIB-FGV aponta queda de 0,6% na atividade econ&ocirc;mica em agosto<\/span><\/a><\/span><\/span><\/span><\/p>\r\n\r\n<p style=\"text-align:justify\"><span style=\"font-size:11pt\"><span style=\"line-height:normal\"><span style=\"font-family:Calibri,sans-serif\"><a href=\"https:\/\/noticias.portaldaindustria.com.br\/noticias\/economia\/taxa-de-juros-elevada-e-o-principal-problema-da-construcao-ha-um-ano\/\" style=\"color:blue; text-decoration:underline\"><span style=\"font-size:14.0pt\">Taxa de juros elevada &eacute; principal problema da constru&ccedil;&atilde;o h&aacute; um ano<\/span><\/a><\/span><\/span><\/span><\/p>\r\n\r\n<p style=\"text-align:justify\"><span style=\"font-size:11pt\"><span style=\"line-height:normal\"><span style=\"font-family:Calibri,sans-serif\"><a href=\"https:\/\/www.fibre2fashion.com\/news\/textile-news\/china-s-gdp-increases-5-2-in-jan-sept-2023-290819-newsdetails.htm\" style=\"color:blue; text-decoration:underline\"><span lang=\"EN-US\" style=\"font-size:14.0pt\">China&#39;s GDP increases 5.2% in Jan-Sept 2023<\/span><\/a><\/span><\/span><\/span><\/p>\r\n","texto_en":"","7":"","imagem":"COMP_banner-padrao-home-destaques-boletim-2023_20231024120952TIEL704WXF.jpeg","8":"COMP_banner-padrao-home-destaques-boletim-2023_20231024120952TIEL704WXF.jpeg","arquivo":"20231024-BOLETIM-ABINT-DE-NOTICIAS-SEMANAIS.PDF","9":"20231024-BOLETIM-ABINT-DE-NOTICIAS-SEMANAIS.PDF","titulo_arquivo":"20231024 Boletim ABINT de Not\u00edcias Semanais","10":"20231024 Boletim ABINT de Not\u00edcias Semanais","titulo_arquivo_en":"","11":"","created_at":"2023-10-24 12:10:00","12":"2023-10-24 12:10:00","updated_at":"2023-10-24 12:10:00","13":"2023-10-24 12:10:00"},{"id":87,"0":87,"ordem":136,"1":136,"data":"2023-10-17","2":"2023-10-17","slug":"boletim-abint-de-noticias-semanais-2","3":"boletim-abint-de-noticias-semanais-2","titulo":"Boletim ABINT de Not\u00edcias Semanais","4":"Boletim ABINT de Not\u00edcias Semanais","titulo_en":"","5":"","texto":"<p style=\"text-align:justify\"><span style=\"font-size:11pt\"><span style=\"line-height:normal\"><span style=\"font-family:Calibri,sans-serif\"><span style=\"font-size:14.0pt\">Esta &eacute; uma compila&ccedil;&atilde;o das not&iacute;cias mais relevantes para o setor, incluindo informa&ccedil;&otilde;es sobre acordos internacionais, economia brasileira, sustentabilidade e mat&eacute;rias primas, al&eacute;m de novidades do setor de N&atilde;otecidos e Tecidos T&eacute;cnicos.<\/span><\/span><\/span><\/span><\/p>\r\n\r\n<p style=\"text-align:justify\"><span style=\"font-size:28pt\"><span style=\"font-family:Cambria,serif\"><span style=\"letter-spacing:-0.5pt\"><b><span style=\"font-size:18.0pt\"><span calibri=\"\" style=\"font-family:\"><span style=\"font-variant:small-caps\">A&ccedil;&otilde;es realizadas <\/span><\/span><\/span><\/b><\/span><\/span><\/span><\/p>\r\n\r\n<p style=\"text-align:justify\"><img src=\"https:\/\/www.abint.org.br\/assets\/img\/editor\/abint-logo-2020-p_20231017124518voDYLxF66e.png\" style=\"width: 200px; height: 45px;\" \/><\/p>\r\n\r\n<p style=\"text-align:justify\"><span style=\"font-size:14.0pt\"><span style=\"line-height:115%\"><span calibri=\"\" style=\"font-family:\">No dia <b>10 de outubro<\/b>, o Eng. <b>Edson Basseto<\/b> ministrou o <b>Curso ABINT Tecnologia dos N&atilde;otecido<\/b>s na sede da <b>CIESP, em Americana<\/b>, SP.<\/span><\/span><\/span><\/p>\r\n\r\n<p style=\"text-align:justify\"><span style=\"font-size:14.0pt\"><span style=\"line-height:115%\"><span calibri=\"\" style=\"font-family:\"><img src=\"https:\/\/www.abint.org.br\/assets\/img\/editor\/whatsapp-image-2023-10-10-at-091729_20231017124611ETgMmv3jRj.jpeg\" style=\"width: 500px; height: 281px;\" \/><img src=\"https:\/\/www.abint.org.br\/assets\/img\/editor\/whatsapp-image-2023-10-10-at-091740_20231017124639Djd1oXsrpj.jpeg\" style=\"width: 500px; height: 281px;\" \/><\/span><\/span><\/span><\/p>\r\n\r\n<p style=\"text-align:justify\">&nbsp;<\/p>\r\n\r\n<p style=\"text-align:justify\"><span style=\"font-size:14.0pt\"><span style=\"line-height:115%\"><span calibri=\"\" style=\"font-family:\"><img src=\"https:\/\/www.abint.org.br\/assets\/img\/editor\/logo-ctg-abint-jpg-pequeno_20231017124831fyXzED5Dgv.jpg\" \/><\/span><\/span><\/span><\/p>\r\n\r\n<p style=\"text-align:justify\"><span style=\"font-size:14.0pt\"><span style=\"line-height:115%\"><span calibri=\"\" style=\"font-family:\"><img src=\"https:\/\/www.abint.org.br\/assets\/img\/editor\/capa-cartilha07_20231017124906TkSLImcllL.jpg\" style=\"width: 500px; height: 663px;\" \/><\/span><\/span><\/span><\/p>\r\n\r\n<p style=\"text-align:justify\"><span style=\"font-size:14.0pt\"><span style=\"line-height:115%\"><span calibri=\"\" style=\"font-family:\">O <b>CTG ABINT<\/b> publicou a <b>s&eacute;tima<\/b> <b>Cartilha<\/b> da s&eacute;rie de publica&ccedil;&otilde;es <b>&ldquo;Ciclo de Qualidade&rdquo;<\/b>, <b>&ldquo;GEOSSINT&Eacute;TICOS - AMOSTRAGEM E PREPARA&Ccedil;&Atilde;O DE CORPOS DE PROVA PARA ENSAIOS&rdquo;<\/b>, com objetivo de orientar o mercado de Constru&ccedil;&atilde;o Civil e Geotecnia. <\/span><\/span><\/span><span style=\"font-size:11.0pt\"><span style=\"line-height:115%\"><span calibri=\"\" style=\"font-family:\"><a href=\"https:\/\/www.geossinteticos.org.br\/literatura\" style=\"color:blue; text-decoration:underline\"><b><span style=\"font-size:14.0pt\"><span style=\"line-height:115%\">Acesse aqui e fa&ccedil;a o download<\/span><\/span><\/b><\/a><\/span><\/span><\/span><span style=\"font-size:14.0pt\"><span style=\"line-height:115%\"><span calibri=\"\" style=\"font-family:\"> dessa e das outras <b>seis Cartilhas<\/b> publicadas por nosso Comit&ecirc;.<\/span><\/span><\/span><\/p>\r\n\r\n<p style=\"text-align:justify\"><span style=\"font-size:28pt\"><span style=\"font-family:Cambria,serif\"><span style=\"letter-spacing:-0.5pt\"><b><span style=\"font-size:18.0pt\"><span calibri=\"\" style=\"font-family:\"><span style=\"font-variant:small-caps\">O que vem por a&iacute;<\/span><\/span><\/span><\/b><\/span><\/span><\/span><\/p>\r\n\r\n<p style=\"text-align:justify\"><img src=\"https:\/\/www.abint.org.br\/assets\/img\/editor\/abint-logo-2020-p_20231017124518voDYLxF66e.png\" style=\"width: 200px; height: 45px;\" \/><\/p>\r\n\r\n<p style=\"text-align:justify\">&nbsp;<\/p>\r\n\r\n<p style=\"text-align:justify\"><img src=\"https:\/\/www.abint.org.br\/assets\/img\/editor\/post-quadrado-curso-naotecido_20231017125155kzuUC3w3cW.jpg\" style=\"width: 500px; height: 500px;\" \/><\/p>\r\n\r\n<p style=\"text-align:justify\"><span style=\"font-size:11pt\"><span style=\"line-height:normal\"><span style=\"font-family:Calibri,sans-serif\"><a href=\"https:\/\/forms.gle\/E5bZXpiNh7wZ9kcQ6\" style=\"color:blue; text-decoration:underline\"><b><span style=\"font-size:14.0pt\">Informa&ccedil;&otilde;es e inscri&ccedil;&otilde;es<\/span><\/b><\/a><span class=\"MsoHyperlink\" style=\"color:blue\"><span style=\"text-decoration:underline\"><b> <\/b><\/span><\/span><\/span><\/span><\/span><\/p>\r\n\r\n<p style=\"text-align:justify\">&nbsp;<\/p>\r\n\r\n<p><img src=\"https:\/\/www.abint.org.br\/assets\/img\/editor\/2o-seminario-abrafiltros_202310101642475KeAk5u38t.jpeg\" style=\"width: 500px; height: 492px;\" \/><\/p>\r\n\r\n<p style=\"text-align:justify\"><span style=\"font-size:11pt\"><span style=\"line-height:normal\"><span style=\"font-family:Calibri,sans-serif\"><span style=\"font-size:14.0pt\">A <b>ABINT<\/b> &eacute; uma das<b> apoiadoras do 2&ordm; Semin&aacute;rio de Filtros, <\/b>evento online e gratuito, que ocorrer&aacute;<b> dia 08 de novembro.&nbsp;<\/b><\/span><\/span><\/span><\/span><span style=\"font-size:11pt\"><span style=\"line-height:normal\"><span style=\"font-family:Calibri,sans-serif\"><a href=\"http:\/\/www.abrafiltros.org.br\/seminario\" style=\"color:blue; text-decoration:underline\"><b><span style=\"font-size:14.0pt\">Informa&ccedil;&otilde;es<\/span><\/b><\/a><\/span><\/span><\/span><\/p>\r\n\r\n<p>&nbsp;<\/p>\r\n\r\n<p><b><img src=\"https:\/\/www.abint.org.br\/assets\/img\/editor\/congresso-internacional-abit-2023_20231010164352jta4O9v5El.png\" \/><\/b><\/p>\r\n\r\n<p style=\"text-align:justify\"><span style=\"font-size:11pt\"><span style=\"line-height:normal\"><span style=\"font-family:Calibri,sans-serif\"><b><span style=\"font-size:14.0pt\">A ABINT &eacute; uma das patrocinadoras do Congresso Internacional ABIT 2023, <\/span><\/b><span style=\"font-size:14.0pt\">que ocorrer&aacute;<b> dias 08 e 09 de novembro, na FIESC, Florian&oacute;polis, SC.&nbsp;<\/b><\/span><\/span><\/span><\/span><span style=\"font-size:11pt\"><span style=\"line-height:normal\"><span style=\"font-family:Calibri,sans-serif\"><a href=\"https:\/\/t.rdsv1.net\/ls\/click?upn=LFSWB5boDXSqxt4eHgA5r3YUv3HG6yY4XTXT-2BpjEpFmt56yR61Gu09ER-2Bq95-2FgFAbN46ClwLMWPZzveVybfat1CKHOKhUUtOIVaFgsR5U28dlEKVouFrV1iSMaKnlWHCANmwKiZ4x1Oy9BDRL5tuTGPXgO91zEc1uo-2FbtPYQFm3y4fMGnbuiV3FEKs9g9uy1l2sL_iW8zc4KBvTUX2z9kws1M6pjQI9DpNNh-2Fk6fgMN4DbaFx-2BL1o5swSv2HtiLB2iGFhqxZ0654f80VOIjakRycDjcrdu1MF6BdTRc4d4wYs0wcxXXPsRygypvnzeOAhjjgiEkGX1jMsv1FD9IiN0mt5TiPA-2F-2FcYbMJqgkOyyeRxcI4izBTlMz4tYAchHCwHneJZvJXH0y9HeVp67XkJynQGH21X32t2y1CeSaYEq0zVO-2BnyLK4mDGipKkH-2FZQCwU2MKfdHIIgVMZzvyz5G5cXFeOFC58YiNyn2cnMPO14gymNMfyWFH-2BHHlC3b47l7V1Qmqxs4es-2BeyjBwNpbTVF3mKTVfvVN8KGLr0cqLDBhDLHrW7KPcTfpWgS5gfvWdAKEPOEmZKoo4k2kAi0PFh6jxFYAV2tXcAZfbY2kx8RXrY81D1SMCEBW0alhXBRKfUMvljxKCVojmlXya75YoxeWm0PKiSpaikvnyQHb1SYVAvooBBGQr8kVTT7gfi2jpYOB7Yz3v8ovwiOQwMF4kMzI4BGg58Stg7NIyaStQsDmhOsSp6GMNA3SG1UPw-2Fljh3rhjS-2BFt0EiGPe9cI33b9n1X0Y0ud-2BOFmeXkp5V9mMyq0eViPM4g6fXMuiRQFG1Lhn1lb5TsAtW9vCVxHdYrOB-2F6cV4-2FiOK5JwicsxDApwdvwvys-3D\" style=\"color:blue; text-decoration:underline\"><b><span style=\"font-size:14.0pt\">Informa&ccedil;&otilde;es<\/span><\/b><\/a><\/span><\/span><\/span><\/p>\r\n\r\n<p>&nbsp;<\/p>\r\n\r\n<p style=\"text-align:justify\"><span style=\"font-size:14.0pt\"><span style=\"line-height:115%\"><span calibri=\"\" style=\"font-family:\"><img src=\"https:\/\/www.abint.org.br\/assets\/img\/editor\/logo-ctg-abint-jpg-pequeno_20231017124831fyXzED5Dgv.jpg\" \/><\/span><\/span><\/span><\/p>\r\n\r\n<p style=\"text-align:justify\"><span style=\"font-size:14.0pt\"><span style=\"line-height:115%\"><span calibri=\"\" style=\"font-family:\"><img src=\"https:\/\/www.abint.org.br\/assets\/img\/editor\/20231106-37o-anpet-logo_20231017125529sRIPFqFEHC.png\" style=\"width: 500px; height: 500px;\" \/><\/span><\/span><\/span><\/p>\r\n\r\n<p style=\"text-align:justify\"><span style=\"font-size:11pt\"><span style=\"line-height:normal\"><span style=\"font-family:Calibri,sans-serif\"><span style=\"font-size:14.0pt\">O <b>CTG ABINT &eacute; um dos patrocinadores do 37&ordm; ANPET &ndash; Congresso de Pesquisa e Ensino em Transporte<\/b>, que ocorrer&aacute; <b>de 06 a 10 de novembro de 2023, no Bourbon Santos Convention Hotel, Santos, SP<\/b>, e &eacute; uma realiza&ccedil;&atilde;o da Associa&ccedil;&atilde;o Nacional de Pesquisa e Ensino em Transportes (ANPET), da Universidade de S&atilde;o Paulo (USP), da Universidade Estadual de Campinas (UNICAMP) e da Universidade Estadual Paulista &quot;J&uacute;lio de Mesquita Filho&quot; (UNESP). <\/span><\/span><\/span><\/span><\/p>\r\n\r\n<p style=\"text-align:justify\"><span style=\"font-size:11pt\"><span style=\"line-height:normal\"><span style=\"font-family:Calibri,sans-serif\"><span style=\"font-size:14.0pt\">&ldquo;O 37&ordm; ANPET concentrar&aacute; a discuss&atilde;o de temas de grande interesse para os profissionais que atuam no setor, possibilitando que todas as esferas ligadas &agrave; atividade de transportes, acad&ecirc;micas, cient&iacute;ficas, profissionais, privadas ou governamentais, possam apresentar seus problemas e solu&ccedil;&otilde;es, discuti-los e refletir sobre linhas de a&ccedil;&atilde;o num ambiente cooperativo e instrutivo&rdquo;.<\/span><\/span><\/span><\/span><\/p>\r\n\r\n<p style=\"text-align:justify\"><span style=\"font-size:11pt\"><span style=\"line-height:normal\"><span style=\"font-family:Calibri,sans-serif\"><span style=\"font-size:14.0pt\">Informa&ccedil;&otilde;es e inscri&ccedil;&otilde;es, <strong><a href=\"http:\/\/anpet.org.br\/37anpet\/index.php\/pt\/\" style=\"color:blue; text-decoration:underline\">acesse aqui<\/a>.<\/strong><\/span><\/span><\/span><\/span><\/p>\r\n\r\n<p style=\"text-align:justify\">&nbsp;<\/p>\r\n\r\n<p style=\"text-align:justify\"><span style=\"font-size:11pt\"><span style=\"line-height:normal\"><span style=\"font-family:Calibri,sans-serif\"><span style=\"font-size:14.0pt\"><strong><img src=\"https:\/\/www.abint.org.br\/assets\/img\/editor\/20231107-geonorte-2023-banner-ctg-abint_202310171256350GjEiBNLgb.png\" style=\"width: 500px; height: 625px;\" \/><\/strong><\/span><\/span><\/span><\/span><\/p>\r\n\r\n<p style=\"text-align:justify\"><span style=\"font-size:11pt\"><span style=\"line-height:normal\"><span style=\"font-family:Calibri,sans-serif\"><span style=\"font-size:14.0pt\">O <b>CTG ABINT patrocinar&aacute; o GEONORTE 2023<\/b>, evento realizado pela Associa&ccedil;&atilde;o Brasileira de Mec&acirc;nica dos Solos, cujo <b>tema deste ano ser&aacute; &quot;Geotecnia na Amaz&ocirc;nia&quot;<\/b>.<\/span><\/span><\/span><\/span><\/p>\r\n\r\n<p style=\"text-align:justify\"><span style=\"font-size:11pt\"><span style=\"line-height:normal\"><span style=\"font-family:Calibri,sans-serif\"><span style=\"font-size:14.0pt\">O evento ocorrer&aacute; de<b> 07 a 09 de novembro de 2023, <\/b>na cidade de<b> Palmas, TO<\/b>.<\/span><\/span><\/span><\/span><\/p>\r\n\r\n<p style=\"text-align:justify\"><span style=\"font-size:11pt\"><span style=\"line-height:normal\"><span style=\"font-family:Calibri,sans-serif\"><span style=\"font-size:14.0pt\">Informa&ccedil;&otilde;es e inscri&ccedil;&otilde;es, <\/span><a href=\"https:\/\/geonorteabms.com.br\/2023\/#sobre\" style=\"color:blue; text-decoration:underline\"><span style=\"font-size:14.0pt\">acesse aqui<\/span><\/a><span style=\"font-size:14.0pt\">.<\/span><\/span><\/span><\/span><\/p>\r\n\r\n<p style=\"text-align:justify\">&nbsp;<\/p>\r\n\r\n<p style=\"text-align:justify\"><span style=\"font-size:11pt\"><span style=\"line-height:normal\"><span style=\"font-family:Calibri,sans-serif\"><span style=\"font-size:14.0pt\"><img src=\"https:\/\/www.abint.org.br\/assets\/img\/editor\/20231122-geosul-2023-logo_20231017125749mcr7Arn2je.png\" style=\"width: 500px; height: 500px;\" \/><\/span><\/span><\/span><\/span><\/p>\r\n\r\n<p style=\"text-align:justify\">&nbsp;<\/p>\r\n\r\n<p style=\"text-align:justify\"><span style=\"font-size:11pt\"><span style=\"line-height:normal\"><span style=\"font-family:Calibri,sans-serif\"><span style=\"font-size:14.0pt\">O <b>CTG ABINT &eacute; tamb&eacute;m um dos patrocinadores do XIII Simp&oacute;sio de Pr&aacute;tica de Engenharia Geot&eacute;cnica da Regi&atilde;o Sul (GEOSUL<\/b>), tradicional evento da Associa&ccedil;&atilde;o Brasileira de Mec&acirc;nica dos Solos e Engenharia Geot&eacute;cnica (ABMS),<b> <\/b>ocorrer&aacute; entre os dias<b> 22 a 25 de novembro de 2023<\/b>, na cidade de<b> Ponta Grossa, PR<\/b>, no Bourbon Ponta Grossa Convention Hotel.<\/span><\/span><\/span><\/span><\/p>\r\n\r\n<p style=\"text-align:justify\"><span style=\"font-size:11pt\"><span style=\"line-height:normal\"><span style=\"font-family:Calibri,sans-serif\"><span style=\"font-size:14.0pt\">Informa&ccedil;&otilde;es e inscri&ccedil;&otilde;es, <a href=\"https:\/\/www.geosul2023.com.br\/\" style=\"color:blue; text-decoration:underline\">acesse aqui<\/a>.<\/span><\/span><\/span><\/span><\/p>\r\n\r\n<p style=\"text-align:justify\">&nbsp;<\/p>\r\n\r\n<p style=\"text-align:justify\"><img src=\"https:\/\/www.abint.org.br\/assets\/img\/editor\/cth-logo-alta-png_20231017125845oJiJuf2y3b.png\" style=\"width: 200px; height: 100px;\" \/><\/p>\r\n\r\n<p><b><img src=\"https:\/\/www.abint.org.br\/assets\/img\/editor\/16o-congresso-sobecc_20231010164123Cs0oppox93.png\" \/><\/b><\/p>\r\n\r\n<p style=\"text-align:justify\"><span style=\"font-size:11pt\"><span style=\"line-height:normal\"><span style=\"font-family:Calibri,sans-serif\"><span style=\"font-size:14.0pt\">O <b>CTH ABINT &eacute; um dos patrocinadores do 16&ordm; Congresso Brasileiro de Enfermagem em Centro Cir&uacute;rgico, Recupera&ccedil;&atilde;o Anest&eacute;sica e Centro de Material e Esteriliza&ccedil;&atilde;o e 1st International Congress of Perioperative Nursing | &ldquo;A experi&ecirc;ncia do paciente cir&uacute;rgico: o cuidado singular do amor de algu&eacute;m&rdquo;<\/b>, que ocorrer&aacute; 07 a 10 de novembro de 2023, no Centro de Conven&ccedil;&otilde;es, Distrito Anhembi, Av. Olavo Fontoura, 1209, Santana, CEP 02012-021, S&atilde;o Paulo, SP.<\/span> <a href=\"https:\/\/www.congresso-simposio-sobecc.com.br\/sobecc2023\" style=\"color:blue; text-decoration:underline\"><span style=\"font-size:14.0pt\">Informa&ccedil;&otilde;es<\/span><\/a> <\/span><\/span><\/span><\/p>\r\n\r\n<p style=\"text-align:justify\"><span style=\"font-size:28pt\"><span style=\"font-family:Cambria,serif\"><span style=\"letter-spacing:-0.5pt\"><b><span style=\"font-size:18.0pt\"><span calibri=\"\" style=\"font-family:\"><span style=\"font-variant:small-caps\">Not&iacute;cias das Associadas<\/span><\/span><\/span><\/b><\/span><\/span><\/span><\/p>\r\n\r\n<p style=\"text-align:justify\"><span style=\"font-size:11pt\"><span style=\"line-height:normal\"><span style=\"font-family:Calibri,sans-serif\"><a href=\"https:\/\/www.nonwovens-industry.com\/contents\/view_breaking-news\/2023-10-12\/andritz-to-exhibiti-at-since-2023\/\" style=\"color:blue; text-decoration:underline\"><span style=\"font-size:14.0pt\">Andritz to Exhibit at SINCE 2023<\/span><\/a><\/span><\/span><\/span><\/p>\r\n\r\n<p style=\"text-align:justify\"><span style=\"font-size:11pt\"><span style=\"line-height:normal\"><span style=\"font-family:Calibri,sans-serif\"><a href=\"https:\/\/emobile.com.br\/site\/industria\/cipatex-inovando-e-modernizando\/\" style=\"color:blue; text-decoration:underline\"><span style=\"font-size:14.0pt\">Cipatex&reg; investe em novo showroom e moderniza&ccedil;&atilde;o do centro tecnol&oacute;gico<\/span><\/a><\/span><\/span><\/span><\/p>\r\n\r\n<p style=\"text-align:justify\"><span style=\"font-size:11pt\"><span style=\"line-height:normal\"><span style=\"font-family:Calibri,sans-serif\"><a href=\"https:\/\/impeller.net\/magazin\/high-performance-material-offers-alternative-to-ptfe-better-properties-at-lower-costs\/\" style=\"color:blue; text-decoration:underline\"><span lang=\"EN-US\" style=\"font-size:14.0pt\">Freudenberg: high-performance material offers alternative to ptfe: better properties at lower costs<\/span><\/a><\/span><\/span><\/span><\/p>\r\n\r\n<p style=\"text-align:justify\"><span style=\"font-size:11pt\"><span style=\"line-height:normal\"><span style=\"font-family:Calibri,sans-serif\"><a href=\"https:\/\/www.nonwovens-industry.com\/contents\/view_breaking-news\/2023-10-09\/suominen-appoints-svp-americas\/15303\" style=\"color:blue; text-decoration:underline\"><span style=\"font-size:14.0pt\">Suominen Appoints SVP, Americas<\/span><\/a><\/span><\/span><\/span><\/p>\r\n\r\n<p style=\"text-align:justify\">&nbsp;<\/p>\r\n\r\n<p style=\"text-align:justify\"><span style=\"font-size:11pt\"><span style=\"line-height:normal\"><span style=\"font-family:Calibri,sans-serif\"><b><span style=\"font-size:18.0pt\"><span style=\"font-variant:small-caps\">Eventos<\/span><\/span><\/b><\/span><\/span><\/span><\/p>\r\n\r\n<p style=\"text-align:justify\"><span style=\"font-size:11pt\"><span style=\"line-height:normal\"><span style=\"font-family:Calibri,sans-serif\"><b><span style=\"font-size:14.0pt\">SENAI CETIQT | 1&ordm; Simp&oacute;sio de Economia Circular<\/span><\/b><span style=\"font-size:14.0pt\">, 18 de outubro de 2023, 13h50, evento h&iacute;brido gratuito.<\/span> <a href=\"https:\/\/materiais.senaicetiqt.com\/senai-cetiqt-1-simposio-de-economia-circular?utm_campaign=senai_cetiqt__simposio_de_economia_circular&amp;utm_medium=email&amp;utm_source=RD+Station\" style=\"color:blue; text-decoration:underline\"><span style=\"font-size:14.0pt\">Informa&ccedil;&otilde;es<\/span><\/a> <\/span><\/span><\/span><\/p>\r\n\r\n<p style=\"text-align:justify\"><span style=\"font-size:11pt\"><span style=\"line-height:normal\"><span style=\"font-family:Calibri,sans-serif\"><b><span style=\"font-size:14.0pt\">CONAHP 2023<\/span><\/b><span style=\"font-size:14.0pt\">, 18 e 19 de outubro, Transamerica Expo Center, S&atilde;o Paulo, SP. <\/span><a href=\"https:\/\/conahp.org.br\/2023\/\" style=\"color:blue; text-decoration:underline\"><span style=\"font-size:14.0pt\">Informa&ccedil;&otilde;es<\/span><\/a> <\/span><\/span><\/span><\/p>\r\n\r\n<p style=\"text-align:justify\"><span style=\"font-size:11pt\"><span style=\"line-height:normal\"><span style=\"font-family:Calibri,sans-serif\"><b><span style=\"font-size:14.0pt\">NASCE CME | 5&ordm; CONALE - Congresso Nacional de Limpeza e Esteriliza&ccedil;&atilde;o<\/span><\/b><span style=\"font-size:14.0pt\">, 23 a 27 de outubro de 2023, evento online.<\/span> <a href=\"https:\/\/eventos.congresse.me\/conale\/edicoes\/conale-5-edicao\" style=\"color:blue; text-decoration:underline\"><span style=\"font-size:14.0pt\">Informa&ccedil;&otilde;es<\/span><\/a> <\/span><\/span><\/span><\/p>\r\n\r\n<p style=\"text-align:justify\"><span style=\"font-size:11pt\"><span style=\"line-height:normal\"><span style=\"font-family:Calibri,sans-serif\"><b><span style=\"font-size:14.0pt\">V Congreso Sudamericano de Composites, Poliuretano y Pl&aacute;sticos de Ingenier&iacute;a, <\/span><\/b><span style=\"font-size:14.0pt\">24 e 25 de outubro de 2023, Bogot&aacute;, Col&ocirc;mbia. <\/span><a href=\"http:\/\/www.congresosudamericano.com\/blog.html\" style=\"color:blue; text-decoration:underline\"><span style=\"font-size:14.0pt\">Informa&ccedil;&otilde;es<\/span><\/a> <\/span><\/span><\/span><\/p>\r\n\r\n<p style=\"text-align:justify\"><span style=\"font-size:11pt\"><span style=\"line-height:normal\"><span style=\"font-family:Calibri,sans-serif\"><b><span style=\"font-size:14.0pt\">FEIPLAR COMPOSITES &amp; FEIPUR | Pain&eacute;is Setoriais 2023<\/span><\/b><span style=\"font-size:14.0pt\">, 24, 25 e 26 de outubro de 2023. <\/span><a href=\"http:\/\/newsletter.feiplar.com.br\/accounts\/184158\/messages\/30?email=abint@abint.org.br&amp;c=1693235815&amp;contact_id=3458&amp;envelope_id=21\" style=\"color:blue; text-decoration:underline\"><span style=\"font-size:14.0pt\">Informa&ccedil;&otilde;es<\/span><\/a> <\/span><\/span><\/span><\/p>\r\n\r\n<p style=\"text-align:justify\"><span style=\"font-size:11pt\"><span style=\"line-height:normal\"><span style=\"font-family:Calibri,sans-serif\"><b><span style=\"font-size:14.0pt\">Industry CCUS 2023,<\/span><\/b> <span style=\"font-size:14.0pt\">29-30 November, Rotterdam, Netherlands.<\/span> <a href=\"https:\/\/fortesmedia.com\/industry-ccus-conference-2023,4,en,2,1,28.html#register\" style=\"color:blue; text-decoration:underline\"><span style=\"font-size:14.0pt\">Informa&ccedil;&otilde;es<\/span><\/a> <\/span><\/span><\/span><\/p>\r\n\r\n<p style=\"text-align:justify\"><span style=\"font-size:11pt\"><span style=\"line-height:normal\"><span style=\"font-family:Calibri,sans-serif\"><b><span style=\"font-size:14.0pt\">FEIPLAR COMPOSITES &amp; FEIPUR &ndash; Feira e Congresso Internacionais de Composites, Poliuretano, Pl&aacute;sticos de Engenharia e Compostos Termopl&aacute;sticos<\/span><\/b><span style=\"font-size:14.0pt\">, 20 a 22 de agosto de 2024, S&atilde;o Paulo Expo (Pavilh&atilde;o 5), palestras: das 8h30 &agrave;s 18h, feira: das 13h &agrave;s 20h.<b> <\/b><\/span><a href=\"http:\/\/www.feiplar.com\" style=\"color:blue; text-decoration:underline\"><span lang=\"EN-US\" style=\"font-size:14.0pt\">www.feiplar.com<\/span><\/a> <\/span><\/span><\/span><\/p>\r\n\r\n<p style=\"text-align:justify\"><span style=\"font-size:28pt\"><span style=\"font-family:Cambria,serif\"><span style=\"letter-spacing:-0.5pt\"><b><span lang=\"EN-US\" style=\"font-size:18.0pt\"><span calibri=\"\" style=\"font-family:\"><span style=\"font-variant:small-caps\">Setor<\/span><\/span><\/span><\/b><\/span><\/span><\/span><\/p>\r\n\r\n<p style=\"text-align:justify\"><span style=\"font-size:11pt\"><span style=\"line-height:normal\"><span style=\"font-family:Calibri,sans-serif\"><a href=\"https:\/\/www.nonwovens-industry.com\/contents\/view_features\/2023-10-04\/demand-for-clean-air-water-fuels-filtration-market?utm_campaign=NON+Issue+Alert&amp;utm_medium=email&amp;_hsmi=278239159&amp;_hsenc=p2ANqtz--9HdlXneG2fB9KrqnFSLNkCqT69F5WMFLHq5YJoletW68gPXUt-cA0UzYdElFNDocbq7Co1EkCR81OqB8nol3pRzPcsg&amp;utm_content=278239159&amp;utm_source=hs_email\" style=\"color:blue; text-decoration:underline\"><span lang=\"EN-US\" style=\"font-size:14.0pt\">Demand for Clean Air &amp; Water Fuels Filtration Market<\/span><\/a><\/span><\/span><\/span><\/p>\r\n\r\n<p style=\"text-align:justify\"><span style=\"font-size:11pt\"><span style=\"line-height:normal\"><span style=\"font-family:Calibri,sans-serif\"><a href=\"https:\/\/www.nonwovens-industry.com\/contents\/view_features\/2023-10-04\/industrial-wipes-report-209730?utm_campaign=NON+Issue+Alert&amp;utm_medium=email&amp;_hsmi=278239159&amp;_hsenc=p2ANqtz-_aIG8JSjSH1sRUzhx-CU1uw0dfQxt-YR7vBCG_spg8DBN8GG7d9N7FCf3rhRknCSd-3ylVKLKuAfoEGVhuqwVN2H0ZfQ&amp;utm_content=278239159&amp;utm_source=hs_email\" style=\"color:blue; text-decoration:underline\"><span lang=\"EN-US\" style=\"font-size:14.0pt\">Industrial Wipes Report<\/span><\/a><\/span><\/span><\/span><\/p>\r\n\r\n<p style=\"text-align:justify\"><span style=\"font-size:11pt\"><span style=\"line-height:normal\"><span style=\"font-family:Calibri,sans-serif\"><a href=\"https:\/\/www.mrw.co.uk\/news\/government-and-industry-square-up-over-wet-wipes-16-10-2023\/\" style=\"color:blue; text-decoration:underline\"><span lang=\"EN-US\" style=\"font-size:14.0pt\">Government and industry square up over wet wipes<\/span><\/a><\/span><\/span><\/span><\/p>\r\n\r\n<p style=\"text-align:justify\"><span style=\"font-size:11pt\"><span style=\"line-height:normal\"><span style=\"font-family:Calibri,sans-serif\"><a href=\"https:\/\/abiquim.org.br\/comunicacao\/noticia\/10983\" style=\"color:blue; text-decoration:underline\"><span style=\"font-size:14.0pt\">Acordo Global de Pl&aacute;stico &eacute; pauta de encontro entre Abiquim e a ex-ministra do Meio Ambiente, Izabella Teixeira<\/span><\/a><\/span><\/span><\/span><\/p>\r\n\r\n<p style=\"text-align:justify\"><span style=\"font-size:11pt\"><span style=\"line-height:normal\"><span style=\"font-family:Calibri,sans-serif\"><a href=\"https:\/\/www.technicaltextile.net\/news\/qcos-for-20-agro-textile-items-to-be-effective-from-apr-2024-in-india-290608.html\" style=\"color:blue; text-decoration:underline\"><span lang=\"EN-US\" style=\"font-size:14.0pt\">QCOs for 20 agro textile items to be effective from Apr 2024 in India<\/span><\/a><\/span><\/span><\/span><\/p>\r\n\r\n<p style=\"text-align:justify\"><span style=\"font-size:11pt\"><span style=\"line-height:normal\"><span style=\"font-family:Calibri,sans-serif\"><a href=\"https:\/\/www.technicaltextile.net\/news\/india-extends-implementation-of-geo-textiles-qco-2022-to-jan-1-2024-290607.html\" style=\"color:blue; text-decoration:underline\"><span lang=\"EN-US\" style=\"font-size:14.0pt\">India extends implementation of Geo Textiles QCO, 2022, to Jan 1, 2024<\/span><\/a><\/span><\/span><\/span><\/p>\r\n\r\n<p style=\"text-align:justify\"><span style=\"font-size:28pt\"><span style=\"font-family:Cambria,serif\"><span style=\"letter-spacing:-0.5pt\"><b><span style=\"font-size:18.0pt\"><span calibri=\"\" style=\"font-family:\"><span style=\"font-variant:small-caps\">Ind&uacute;stria<\/span><\/span><\/span><\/b><\/span><\/span><\/span><\/p>\r\n\r\n<p style=\"text-align:justify\"><span style=\"font-size:11pt\"><span style=\"line-height:normal\"><span style=\"font-family:Calibri,sans-serif\"><a href=\"https:\/\/agenciadenoticias.ibge.gov.br\/agencia-noticias\/2012-agencia-de-noticias\/noticias\/38065-producao-industrial-avanca-em-nove-de-15-locais-pesquisados-em-agosto-frente-a-julho\" style=\"color:blue; text-decoration:underline\"><span style=\"font-size:14.0pt\">Produ&ccedil;&atilde;o industrial avan&ccedil;a em nove de 15 locais pesquisados em agosto frente a julho<\/span><\/a><\/span><\/span><\/span><\/p>\r\n\r\n<p style=\"text-align:justify\"><span style=\"font-size:11pt\"><span style=\"line-height:normal\"><span style=\"font-family:Calibri,sans-serif\"><span class=\"MsoHyperlink\" style=\"color:blue\"><span style=\"text-decoration:underline\"><span style=\"font-size:14.0pt\"><span style=\"text-decoration:none\"><span style=\"text-underline:none\"><a href=\"https:\/\/noticias.portaldaindustria.com.br\/noticias\/competitividade\/indice-de-confianca-do-empresario-industrial-caiu-14-ponto-em-outubro\/\" style=\"color:blue; text-decoration:underline\">&Iacute;ndice de Confian&ccedil;a do Empres&aacute;rio Industrial caiu 1,4 ponto em outubro<\/a><\/span><\/span><\/span><\/span><\/span><\/span><\/span><\/span><\/p>\r\n\r\n<p style=\"text-align:justify\"><span style=\"font-size:11pt\"><span style=\"line-height:normal\"><span style=\"font-family:Calibri,sans-serif\"><a href=\"https:\/\/www.terra.com.br\/economia\/anfavea-registra-melhor-media-de-vendas-diarias-do-ano,587d0f505e323defc3d5b488b6adc54db4vvo036.html\" style=\"color:blue; text-decoration:underline\"><span style=\"font-size:14.0pt\">Anfavea registra melhor m&eacute;dia de vendas di&aacute;rias do ano<\/span><\/a><\/span><\/span><\/span><\/p>\r\n\r\n<p style=\"text-align:justify\"><span style=\"font-size:11pt\"><span style=\"line-height:normal\"><span style=\"font-family:Calibri,sans-serif\"><a href=\"https:\/\/guaiba.com.br\/2023\/10\/11\/abicalcados-preve-queda-na-producao-de-calcados-ate-2025\/\" style=\"color:blue; text-decoration:underline\"><span style=\"font-size:14.0pt\">Abicalcados prev&ecirc; queda na produ&ccedil;&atilde;o de cal&ccedil;ados at&eacute; 2025<\/span><\/a><\/span><\/span><\/span><\/p>\r\n\r\n<p style=\"text-align:justify\"><span style=\"font-size:11pt\"><span style=\"line-height:normal\"><span style=\"font-family:Calibri,sans-serif\"><a href=\"http:\/\/abimovel.com\/vendas-no-varejo-de-moveis-e-colchoes-apresentam-alta-no-segundo-semestre\/?utm_campaign=vendas_no_varejo_de_moveis_e_colchoes_apresentam_alta_no_segundo_semestre&amp;utm_medium=email&amp;utm_source=RD+Station\" style=\"color:blue; text-decoration:underline\"><span style=\"font-size:14.0pt\">Vendas no varejo de m&oacute;veis e colch&otilde;es apresentam alta no segundo semestre<\/span><\/a><\/span><\/span><\/span><\/p>\r\n\r\n<p style=\"text-align:justify\"><span style=\"font-size:11pt\"><span style=\"line-height:normal\"><span style=\"font-family:Calibri,sans-serif\"><a href=\"https:\/\/agenciadenoticias.ibge.gov.br\/agencia-sala-de-imprensa\/2013-agencia-de-noticias\/releases\/38089-em-setembro-indice-nacional-da-construcao-civil-varia-0-02\" style=\"color:blue; text-decoration:underline\"><span style=\"font-size:14.0pt\">Em setembro, &Iacute;ndice Nacional da Constru&ccedil;&atilde;o Civil varia 0,02%<\/span><\/a><\/span><\/span><\/span><\/p>\r\n\r\n<p style=\"text-align:justify\"><span style=\"font-size:11pt\"><span style=\"line-height:normal\"><span style=\"font-family:Calibri,sans-serif\"><a href=\"https:\/\/revistamt.com.br\/Materias\/Exibir\/investigacoes-para-obras-complexas?utm_source=akna&amp;utm_medium=email&amp;utm_campaign=11-10-Confira-a-nova-edicao-da-Revista-MT-N-278-OUTUBRO-23\" style=\"color:blue; text-decoration:underline\"><span style=\"font-size:14.0pt\">Investiga&ccedil;&otilde;es para obras complexas<\/span><\/a><\/span><\/span><\/span><\/p>\r\n\r\n<p style=\"text-align:justify\"><span style=\"font-size:11pt\"><span style=\"line-height:normal\"><span style=\"font-family:Calibri,sans-serif\"><a href=\"https:\/\/grandesconstrucoes.com.br\/Noticias\/Exibir\/caixa-libera-r-14-bilhoes-em-credito-para-a-infraestrutura?utm_source=akna&amp;utm_medium=email&amp;utm_campaign=Grandes-Construcoes-Informativo-883-12-10-2023&amp;utm_source=akna&amp;utm_medium=email&amp;utm_campaign=Grandes-Construcoes-Informativo-883-12-10-2023\" style=\"color:blue; text-decoration:underline\"><span style=\"font-size:14.0pt\">Caixa libera R$ 14 bilh&otilde;es em cr&eacute;dito para a infraestrutura<\/span><\/a><\/span><\/span><\/span><\/p>\r\n\r\n<p style=\"text-align:justify\"><span style=\"font-size:11pt\"><span style=\"line-height:normal\"><span style=\"font-family:Calibri,sans-serif\"><span class=\"MsoHyperlink\" style=\"color:blue\"><span style=\"text-decoration:underline\"><span style=\"font-size:14.0pt\"><span style=\"text-decoration:none\"><span style=\"text-underline:none\"><a href=\"https:\/\/ibre.fgv.br\/blog-da-conjuntura-economica\/artigos\/nao-ha-um-caminho-unico-para-universalizar-o-saneamento\" style=\"color:blue; text-decoration:underline\">N&atilde;o h&aacute; um caminho &uacute;nico para universalizar o saneamento, defendem especialistas em encontro<\/a><\/span><\/span><\/span><\/span><\/span><\/span><\/span><\/span><\/p>\r\n\r\n<p style=\"text-align:justify\"><span style=\"font-size:28pt\"><span style=\"font-family:Cambria,serif\"><span style=\"letter-spacing:-0.5pt\"><b><span style=\"font-size:18.0pt\"><span calibri=\"\" style=\"font-family:\"><span style=\"font-variant:small-caps\">Sustentabilidade<\/span><\/span><\/span><\/b><\/span><\/span><\/span><\/p>\r\n\r\n<p style=\"text-align:justify\"><span style=\"font-size:11pt\"><span style=\"line-height:normal\"><span style=\"font-family:Calibri,sans-serif\"><span class=\"MsoHyperlink\" style=\"color:blue\"><span style=\"text-decoration:underline\"><span style=\"font-size:14.0pt\"><span style=\"text-decoration:none\"><span style=\"text-underline:none\"><a href=\"https:\/\/textileindustry.ning.com\/forum\/topics\/estudo-realizado-pelo-senai-cetiqt-mostra-oportunidades-e-o-1\" style=\"color:blue; text-decoration:underline\">Estudo realizado pelo SENAI CETIQT mostra oportunidades e o potencial do impacto da Bioeconomia para a Descarboniza&ccedil;&atilde;o do Brasil<\/a><\/span><\/span><\/span><\/span><\/span><\/span><\/span><\/span><\/p>\r\n\r\n<p style=\"text-align:justify\"><span style=\"font-size:11pt\"><span style=\"line-height:normal\"><span style=\"font-family:Calibri,sans-serif\"><a href=\"https:\/\/www.faperj.br\/?id=419.7.6\" style=\"color:blue; text-decoration:underline\"><span style=\"font-size:14.0pt\">Micropl&aacute;stico: &ldquo;Estamos respirando e comendo pl&aacute;stico&rdquo;<\/span><\/a><\/span><\/span><\/span><\/p>\r\n\r\n<p style=\"text-align:justify\"><span style=\"font-size:11pt\"><span style=\"line-height:normal\"><span style=\"font-family:Calibri,sans-serif\"><a href=\"https:\/\/techxplore.com\/news\/2023-10-plastic-production-advanced-recycling-lowers.html?utm_source=nwletter&amp;utm_medium=email&amp;utm_campaign=daily-nwletter\" style=\"color:blue; text-decoration:underline\"><span lang=\"EN-US\" style=\"font-size:14.0pt\">Plastic production via advanced recycling lowers greenhouse gas emissions<\/span><\/a><\/span><\/span><\/span><\/p>\r\n\r\n<p style=\"text-align:justify\"><span style=\"font-size:11pt\"><span style=\"line-height:normal\"><span style=\"font-family:Calibri,sans-serif\"><a href=\"https:\/\/medicalxpress.com\/news\/2023-10-qa-alarm-disposable-plastic-health.html?utm_source=nwletter&amp;utm_medium=email&amp;utm_campaign=daily-nwletter\" style=\"color:blue; text-decoration:underline\"><span lang=\"EN-US\" style=\"font-size:14.0pt\">Q&amp;A: Sounding the alarm about disposable plastic in the health care industry<\/span><\/a><\/span><\/span><\/span><\/p>\r\n\r\n<p style=\"text-align:justify\"><span style=\"font-size:11pt\"><span style=\"line-height:normal\"><span style=\"font-family:Calibri,sans-serif\"><a href=\"https:\/\/www.euractiv.com\/section\/energy-environment\/news\/eu-countries-wrangle-over-negotiating-stance-for-cop28-climate-summit\/?utm_source=newsletters+epbr&amp;utm_campaign=c2e44a113d-epbr-comece-seu-dia_20230724_COPY_01&amp;utm_medium=email&amp;utm_term=0_5931171aac-c2e44a113d-466362780\" style=\"color:blue; text-decoration:underline\"><span lang=\"EN-US\" style=\"font-size:14.0pt\">EU countries wrangle over negotiating stance for COP28 climate summit<\/span><\/a><\/span><\/span><\/span><\/p>\r\n\r\n<p style=\"text-align:justify\"><span style=\"font-size:28pt\"><span style=\"font-family:Cambria,serif\"><span style=\"letter-spacing:-0.5pt\"><b><span lang=\"EN-US\" style=\"font-size:18.0pt\"><span calibri=\"\" style=\"font-family:\"><span style=\"font-variant:small-caps\">Inova&ccedil;&atilde;o<\/span><\/span><\/span><\/b><\/span><\/span><\/span><\/p>\r\n\r\n<p style=\"text-align:justify\"><span style=\"font-size:11pt\"><span style=\"line-height:normal\"><span style=\"font-family:Calibri,sans-serif\"><a href=\"https:\/\/phys.org\/news\/2023-10-biobased-recyclable-polyesters-excellent-tensile.html?utm_source=nwletter&amp;utm_medium=email&amp;utm_campaign=daily-nwletter\" style=\"color:blue; text-decoration:underline\"><span lang=\"EN-US\" style=\"font-size:14.0pt\">New biobased recyclable polyesters exhibit excellent tensile properties beyond polyethylene and polypropylene<\/span><\/a><\/span><\/span><\/span><\/p>\r\n\r\n<p style=\"text-align:justify\"><span style=\"font-size:11pt\"><span style=\"line-height:normal\"><span style=\"font-family:Calibri,sans-serif\"><a href=\"http:\/\/www.finep.gov.br\/noticias\/todas-noticias\/6671-finep-apresenta-detalhes-do-mais-inovacao-brasil-com-r-66-bilhoes-para-inovacao-e-taxas-mais-atraentes-a-projetos-estrategicos\" style=\"color:blue; text-decoration:underline\"><span style=\"font-size:14.0pt\">Finep apresenta detalhes do MAIS INOVA&Ccedil;&Atilde;O BRASIL, com R$ 66 bilh&otilde;es e taxas mais atraentes a projetos estrat&eacute;gicos<\/span><\/a><\/span><\/span><\/span><\/p>\r\n\r\n<p style=\"text-align:justify\"><span style=\"font-size:11pt\"><span style=\"line-height:normal\"><span style=\"font-family:Calibri,sans-serif\"><a href=\"https:\/\/grandesconstrucoes.com.br\/Noticias\/Exibir\/brasil-avanca-no-ranking-global-de-inovacao-mas-ainda-ha-muito-o-que-melhorar?utm_source=akna&amp;utm_medium=email&amp;utm_campaign=Grandes-Construcoes-Informativo-883-12-10-2023&amp;utm_source=akna&amp;utm_medium=email&amp;utm_campaign=Grandes-Construcoes-Informativo-883-12-10-2023\" style=\"color:blue; text-decoration:underline\"><span style=\"font-size:14.0pt\">Brasil avan&ccedil;a no ranking global de inova&ccedil;&atilde;o, mas ainda h&aacute; muito o que melhorar<\/span><\/a><\/span><\/span><\/span><\/p>\r\n\r\n<p style=\"text-align:justify\"><span style=\"font-size:28pt\"><span style=\"font-family:Cambria,serif\"><span style=\"letter-spacing:-0.5pt\"><b><span style=\"font-size:18.0pt\"><span calibri=\"\" style=\"font-family:\"><span style=\"font-variant:small-caps\">Com&eacute;rcio Exterior<\/span><\/span><\/span><\/b><\/span><\/span><\/span><\/p>\r\n\r\n<p style=\"text-align:justify\"><span style=\"font-size:11pt\"><span style=\"line-height:normal\"><span style=\"font-family:Calibri,sans-serif\"><a href=\"https:\/\/plasticosemrevista.com.br\/argentina-na-encruzilhada-e-reflexos-no-setor-plastico\/\" style=\"color:blue; text-decoration:underline\"><span style=\"font-size:14.0pt\">Argentina na encruzilhada e reflexos no setor pl&aacute;stico<\/span><\/a><\/span><\/span><\/span><\/p>\r\n\r\n<p style=\"text-align:justify\"><span style=\"font-size:11pt\"><span style=\"line-height:normal\"><span style=\"font-family:Calibri,sans-serif\"><a href=\"https:\/\/economia.uol.com.br\/noticias\/estadao-conteudo\/2023\/10\/16\/superavit-comercial-ajustado-da-zona-do-euro-salta-a-119-bilhoes-de-euros-em-agosto.htm\" style=\"color:blue; text-decoration:underline\"><span style=\"font-size:14.0pt\">Super&aacute;vit comercial ajustado da zona do euro salta a 11,9 bilh&otilde;es de euros em agosto<\/span><\/a><\/span><\/span><\/span><\/p>\r\n\r\n<p style=\"text-align:justify\"><span style=\"font-size:11pt\"><span style=\"line-height:normal\"><span style=\"font-family:Calibri,sans-serif\"><a href=\"https:\/\/www.gov.br\/mdic\/pt-br\/assuntos\/noticias\/2023\/outubro\/brasil-sugere-estudo-para-viabilizar-expansao-do-acordo-mercosul-india\" style=\"color:blue; text-decoration:underline\"><span style=\"font-size:14.0pt\">Brasil sugere estudo para viabilizar expans&atilde;o do acordo Mercosul - &Iacute;ndia<\/span><\/a><\/span><\/span><\/span><\/p>\r\n\r\n<p style=\"text-align:justify\"><span style=\"font-size:28pt\"><span style=\"font-family:Cambria,serif\"><span style=\"letter-spacing:-0.5pt\"><b><span style=\"font-size:18.0pt\"><span calibri=\"\" style=\"font-family:\"><span style=\"font-variant:small-caps\">Economia<\/span><\/span><\/span><\/b><\/span><\/span><\/span><\/p>\r\n\r\n<p style=\"text-align:justify\"><span style=\"font-size:11pt\"><span style=\"line-height:normal\"><span style=\"font-family:Calibri,sans-serif\"><a href=\"https:\/\/www.bcb.gov.br\/content\/focus\/focus\/R20231013.pdf\" style=\"color:blue; text-decoration:underline\"><span style=\"font-size:14.0pt\">Focus &ndash; Relat&oacute;rio de Mercado<\/span><\/a><\/span><\/span><\/span><\/p>\r\n\r\n<p style=\"text-align:justify\"><span style=\"font-size:11pt\"><span style=\"line-height:normal\"><span style=\"font-family:Calibri,sans-serif\"><a href=\"https:\/\/noticias.portaldaindustria.com.br\/noticias\/economia\/cni-preve-alta-de-33-do-pib-e-queda-de-05-na-industria-de-transformacao-em-2023\/\" style=\"color:blue; text-decoration:underline\"><span style=\"font-size:14.0pt\">CNI prev&ecirc; alta de 3,3% do PIB e queda de 0,5% na ind&uacute;stria de transforma&ccedil;&atilde;o em 2023<\/span><\/a><\/span><\/span><\/span><\/p>\r\n\r\n<p style=\"text-align:justify\"><span style=\"font-size:11pt\"><span style=\"line-height:normal\"><span style=\"font-family:Calibri,sans-serif\"><span class=\"MsoHyperlink\" style=\"color:blue\"><span style=\"text-decoration:underline\"><span style=\"font-size:14.0pt\"><a href=\"https:\/\/portalibre.fgv.br\/noticias\/pioram-perspectivas-do-crescimento-global\" style=\"color:blue; text-decoration:underline\">Pioram as perspectivas do crescimento global<\/a><\/span><\/span><\/span><\/span><\/span><\/span><\/p>\r\n\r\n<p style=\"text-align:justify\"><span style=\"font-size:11pt\"><span style=\"line-height:normal\"><span style=\"font-family:Calibri,sans-serif\"><a href=\"https:\/\/www.infomoney.com.br\/politica\/relator-quer-aprovar-reforma-tributaria-ate-9-de-novembro-no-senado\/\" style=\"color:blue; text-decoration:underline\"><span style=\"font-size:14.0pt\">Relator quer aprovar reforma tribut&aacute;ria at&eacute; 9 de novembro no Senado<\/span><\/a><\/span><\/span><\/span><\/p>\r\n\r\n<p style=\"text-align:justify\"><span style=\"font-size:11pt\"><span style=\"line-height:normal\"><span style=\"font-family:Calibri,sans-serif\"><a href=\"https:\/\/sovos.com\/pt-br\/blog\/tributos\/quase-metade-das-emendas-de-senadores-aumenta-aliquota-da-reforma-tributaria\/?mkt_tok=MzM0LUhWTi0yNDkAAAGOyNibejIFPjfj8_N9ixmQasYkPSnnYTm2bbsjBHnCm0N5RBxTmwxg2IfvpJtMlHboWwYxP9AY5dpY8Em-wXDOngKGQFCiHvMpqmQj1YWmMkk\" style=\"color:blue; text-decoration:underline\"><span style=\"font-size:14.0pt\">Levantamento mostra que apenas um parlamentar prop&otilde;e cortar benef&iacute;cios para reduzir IVA<\/span><\/a><\/span><\/span><\/span><\/p>\r\n\r\n<p style=\"text-align:justify\"><span style=\"font-size:11pt\"><span style=\"line-height:normal\"><span style=\"font-family:Calibri,sans-serif\"><a href=\"https:\/\/www.businessinsider.com\/china-xi-jinping-economy-real-estate-debt-bust-american-companies-2023-10?utm_source=Sailthru&amp;utm_medium=email&amp;utm_campaign=News%20Alerts:%20China%27s%20Economy%20-%2010\/16\/23&amp;utm_term=News%20Alerts:%20Finance\/Economy\" style=\"color:blue; text-decoration:underline\"><span lang=\"EN-US\" style=\"font-size:14.0pt\">It&rsquo;s official: The era of China&rsquo;s global dominance is over<\/span><\/a><\/span><\/span><\/span><\/p>\r\n\r\n<p>&nbsp;<\/p>\r\n","6":"<p style=\"text-align:justify\"><span style=\"font-size:11pt\"><span style=\"line-height:normal\"><span style=\"font-family:Calibri,sans-serif\"><span style=\"font-size:14.0pt\">Esta &eacute; uma compila&ccedil;&atilde;o das not&iacute;cias mais relevantes para o setor, incluindo informa&ccedil;&otilde;es sobre acordos internacionais, economia brasileira, sustentabilidade e mat&eacute;rias primas, al&eacute;m de novidades do setor de N&atilde;otecidos e Tecidos T&eacute;cnicos.<\/span><\/span><\/span><\/span><\/p>\r\n\r\n<p style=\"text-align:justify\"><span style=\"font-size:28pt\"><span style=\"font-family:Cambria,serif\"><span style=\"letter-spacing:-0.5pt\"><b><span style=\"font-size:18.0pt\"><span calibri=\"\" style=\"font-family:\"><span style=\"font-variant:small-caps\">A&ccedil;&otilde;es realizadas <\/span><\/span><\/span><\/b><\/span><\/span><\/span><\/p>\r\n\r\n<p style=\"text-align:justify\"><img src=\"https:\/\/www.abint.org.br\/assets\/img\/editor\/abint-logo-2020-p_20231017124518voDYLxF66e.png\" style=\"width: 200px; height: 45px;\" \/><\/p>\r\n\r\n<p style=\"text-align:justify\"><span style=\"font-size:14.0pt\"><span style=\"line-height:115%\"><span calibri=\"\" style=\"font-family:\">No dia <b>10 de outubro<\/b>, o Eng. <b>Edson Basseto<\/b> ministrou o <b>Curso ABINT Tecnologia dos N&atilde;otecido<\/b>s na sede da <b>CIESP, em Americana<\/b>, SP.<\/span><\/span><\/span><\/p>\r\n\r\n<p style=\"text-align:justify\"><span style=\"font-size:14.0pt\"><span style=\"line-height:115%\"><span calibri=\"\" style=\"font-family:\"><img src=\"https:\/\/www.abint.org.br\/assets\/img\/editor\/whatsapp-image-2023-10-10-at-091729_20231017124611ETgMmv3jRj.jpeg\" style=\"width: 500px; height: 281px;\" \/><img src=\"https:\/\/www.abint.org.br\/assets\/img\/editor\/whatsapp-image-2023-10-10-at-091740_20231017124639Djd1oXsrpj.jpeg\" style=\"width: 500px; height: 281px;\" \/><\/span><\/span><\/span><\/p>\r\n\r\n<p style=\"text-align:justify\">&nbsp;<\/p>\r\n\r\n<p style=\"text-align:justify\"><span style=\"font-size:14.0pt\"><span style=\"line-height:115%\"><span calibri=\"\" style=\"font-family:\"><img src=\"https:\/\/www.abint.org.br\/assets\/img\/editor\/logo-ctg-abint-jpg-pequeno_20231017124831fyXzED5Dgv.jpg\" \/><\/span><\/span><\/span><\/p>\r\n\r\n<p style=\"text-align:justify\"><span style=\"font-size:14.0pt\"><span style=\"line-height:115%\"><span calibri=\"\" style=\"font-family:\"><img src=\"https:\/\/www.abint.org.br\/assets\/img\/editor\/capa-cartilha07_20231017124906TkSLImcllL.jpg\" style=\"width: 500px; height: 663px;\" \/><\/span><\/span><\/span><\/p>\r\n\r\n<p style=\"text-align:justify\"><span style=\"font-size:14.0pt\"><span style=\"line-height:115%\"><span calibri=\"\" style=\"font-family:\">O <b>CTG ABINT<\/b> publicou a <b>s&eacute;tima<\/b> <b>Cartilha<\/b> da s&eacute;rie de publica&ccedil;&otilde;es <b>&ldquo;Ciclo de Qualidade&rdquo;<\/b>, <b>&ldquo;GEOSSINT&Eacute;TICOS - AMOSTRAGEM E PREPARA&Ccedil;&Atilde;O DE CORPOS DE PROVA PARA ENSAIOS&rdquo;<\/b>, com objetivo de orientar o mercado de Constru&ccedil;&atilde;o Civil e Geotecnia. <\/span><\/span><\/span><span style=\"font-size:11.0pt\"><span style=\"line-height:115%\"><span calibri=\"\" style=\"font-family:\"><a href=\"https:\/\/www.geossinteticos.org.br\/literatura\" style=\"color:blue; text-decoration:underline\"><b><span style=\"font-size:14.0pt\"><span style=\"line-height:115%\">Acesse aqui e fa&ccedil;a o download<\/span><\/span><\/b><\/a><\/span><\/span><\/span><span style=\"font-size:14.0pt\"><span style=\"line-height:115%\"><span calibri=\"\" style=\"font-family:\"> dessa e das outras <b>seis Cartilhas<\/b> publicadas por nosso Comit&ecirc;.<\/span><\/span><\/span><\/p>\r\n\r\n<p style=\"text-align:justify\"><span style=\"font-size:28pt\"><span style=\"font-family:Cambria,serif\"><span style=\"letter-spacing:-0.5pt\"><b><span style=\"font-size:18.0pt\"><span calibri=\"\" style=\"font-family:\"><span style=\"font-variant:small-caps\">O que vem por a&iacute;<\/span><\/span><\/span><\/b><\/span><\/span><\/span><\/p>\r\n\r\n<p style=\"text-align:justify\"><img src=\"https:\/\/www.abint.org.br\/assets\/img\/editor\/abint-logo-2020-p_20231017124518voDYLxF66e.png\" style=\"width: 200px; height: 45px;\" \/><\/p>\r\n\r\n<p style=\"text-align:justify\">&nbsp;<\/p>\r\n\r\n<p style=\"text-align:justify\"><img src=\"https:\/\/www.abint.org.br\/assets\/img\/editor\/post-quadrado-curso-naotecido_20231017125155kzuUC3w3cW.jpg\" style=\"width: 500px; height: 500px;\" \/><\/p>\r\n\r\n<p style=\"text-align:justify\"><span style=\"font-size:11pt\"><span style=\"line-height:normal\"><span style=\"font-family:Calibri,sans-serif\"><a href=\"https:\/\/forms.gle\/E5bZXpiNh7wZ9kcQ6\" style=\"color:blue; text-decoration:underline\"><b><span style=\"font-size:14.0pt\">Informa&ccedil;&otilde;es e inscri&ccedil;&otilde;es<\/span><\/b><\/a><span class=\"MsoHyperlink\" style=\"color:blue\"><span style=\"text-decoration:underline\"><b> <\/b><\/span><\/span><\/span><\/span><\/span><\/p>\r\n\r\n<p style=\"text-align:justify\">&nbsp;<\/p>\r\n\r\n<p><img src=\"https:\/\/www.abint.org.br\/assets\/img\/editor\/2o-seminario-abrafiltros_202310101642475KeAk5u38t.jpeg\" style=\"width: 500px; height: 492px;\" \/><\/p>\r\n\r\n<p style=\"text-align:justify\"><span style=\"font-size:11pt\"><span style=\"line-height:normal\"><span style=\"font-family:Calibri,sans-serif\"><span style=\"font-size:14.0pt\">A <b>ABINT<\/b> &eacute; uma das<b> apoiadoras do 2&ordm; Semin&aacute;rio de Filtros, <\/b>evento online e gratuito, que ocorrer&aacute;<b> dia 08 de novembro.&nbsp;<\/b><\/span><\/span><\/span><\/span><span style=\"font-size:11pt\"><span style=\"line-height:normal\"><span style=\"font-family:Calibri,sans-serif\"><a href=\"http:\/\/www.abrafiltros.org.br\/seminario\" style=\"color:blue; text-decoration:underline\"><b><span style=\"font-size:14.0pt\">Informa&ccedil;&otilde;es<\/span><\/b><\/a><\/span><\/span><\/span><\/p>\r\n\r\n<p>&nbsp;<\/p>\r\n\r\n<p><b><img src=\"https:\/\/www.abint.org.br\/assets\/img\/editor\/congresso-internacional-abit-2023_20231010164352jta4O9v5El.png\" \/><\/b><\/p>\r\n\r\n<p style=\"text-align:justify\"><span style=\"font-size:11pt\"><span style=\"line-height:normal\"><span style=\"font-family:Calibri,sans-serif\"><b><span style=\"font-size:14.0pt\">A ABINT &eacute; uma das patrocinadoras do Congresso Internacional ABIT 2023, <\/span><\/b><span style=\"font-size:14.0pt\">que ocorrer&aacute;<b> dias 08 e 09 de novembro, na FIESC, Florian&oacute;polis, SC.&nbsp;<\/b><\/span><\/span><\/span><\/span><span style=\"font-size:11pt\"><span style=\"line-height:normal\"><span style=\"font-family:Calibri,sans-serif\"><a href=\"https:\/\/t.rdsv1.net\/ls\/click?upn=LFSWB5boDXSqxt4eHgA5r3YUv3HG6yY4XTXT-2BpjEpFmt56yR61Gu09ER-2Bq95-2FgFAbN46ClwLMWPZzveVybfat1CKHOKhUUtOIVaFgsR5U28dlEKVouFrV1iSMaKnlWHCANmwKiZ4x1Oy9BDRL5tuTGPXgO91zEc1uo-2FbtPYQFm3y4fMGnbuiV3FEKs9g9uy1l2sL_iW8zc4KBvTUX2z9kws1M6pjQI9DpNNh-2Fk6fgMN4DbaFx-2BL1o5swSv2HtiLB2iGFhqxZ0654f80VOIjakRycDjcrdu1MF6BdTRc4d4wYs0wcxXXPsRygypvnzeOAhjjgiEkGX1jMsv1FD9IiN0mt5TiPA-2F-2FcYbMJqgkOyyeRxcI4izBTlMz4tYAchHCwHneJZvJXH0y9HeVp67XkJynQGH21X32t2y1CeSaYEq0zVO-2BnyLK4mDGipKkH-2FZQCwU2MKfdHIIgVMZzvyz5G5cXFeOFC58YiNyn2cnMPO14gymNMfyWFH-2BHHlC3b47l7V1Qmqxs4es-2BeyjBwNpbTVF3mKTVfvVN8KGLr0cqLDBhDLHrW7KPcTfpWgS5gfvWdAKEPOEmZKoo4k2kAi0PFh6jxFYAV2tXcAZfbY2kx8RXrY81D1SMCEBW0alhXBRKfUMvljxKCVojmlXya75YoxeWm0PKiSpaikvnyQHb1SYVAvooBBGQr8kVTT7gfi2jpYOB7Yz3v8ovwiOQwMF4kMzI4BGg58Stg7NIyaStQsDmhOsSp6GMNA3SG1UPw-2Fljh3rhjS-2BFt0EiGPe9cI33b9n1X0Y0ud-2BOFmeXkp5V9mMyq0eViPM4g6fXMuiRQFG1Lhn1lb5TsAtW9vCVxHdYrOB-2F6cV4-2FiOK5JwicsxDApwdvwvys-3D\" style=\"color:blue; text-decoration:underline\"><b><span style=\"font-size:14.0pt\">Informa&ccedil;&otilde;es<\/span><\/b><\/a><\/span><\/span><\/span><\/p>\r\n\r\n<p>&nbsp;<\/p>\r\n\r\n<p style=\"text-align:justify\"><span style=\"font-size:14.0pt\"><span style=\"line-height:115%\"><span calibri=\"\" style=\"font-family:\"><img src=\"https:\/\/www.abint.org.br\/assets\/img\/editor\/logo-ctg-abint-jpg-pequeno_20231017124831fyXzED5Dgv.jpg\" \/><\/span><\/span><\/span><\/p>\r\n\r\n<p style=\"text-align:justify\"><span style=\"font-size:14.0pt\"><span style=\"line-height:115%\"><span calibri=\"\" style=\"font-family:\"><img src=\"https:\/\/www.abint.org.br\/assets\/img\/editor\/20231106-37o-anpet-logo_20231017125529sRIPFqFEHC.png\" style=\"width: 500px; height: 500px;\" \/><\/span><\/span><\/span><\/p>\r\n\r\n<p style=\"text-align:justify\"><span style=\"font-size:11pt\"><span style=\"line-height:normal\"><span style=\"font-family:Calibri,sans-serif\"><span style=\"font-size:14.0pt\">O <b>CTG ABINT &eacute; um dos patrocinadores do 37&ordm; ANPET &ndash; Congresso de Pesquisa e Ensino em Transporte<\/b>, que ocorrer&aacute; <b>de 06 a 10 de novembro de 2023, no Bourbon Santos Convention Hotel, Santos, SP<\/b>, e &eacute; uma realiza&ccedil;&atilde;o da Associa&ccedil;&atilde;o Nacional de Pesquisa e Ensino em Transportes (ANPET), da Universidade de S&atilde;o Paulo (USP), da Universidade Estadual de Campinas (UNICAMP) e da Universidade Estadual Paulista &quot;J&uacute;lio de Mesquita Filho&quot; (UNESP). <\/span><\/span><\/span><\/span><\/p>\r\n\r\n<p style=\"text-align:justify\"><span style=\"font-size:11pt\"><span style=\"line-height:normal\"><span style=\"font-family:Calibri,sans-serif\"><span style=\"font-size:14.0pt\">&ldquo;O 37&ordm; ANPET concentrar&aacute; a discuss&atilde;o de temas de grande interesse para os profissionais que atuam no setor, possibilitando que todas as esferas ligadas &agrave; atividade de transportes, acad&ecirc;micas, cient&iacute;ficas, profissionais, privadas ou governamentais, possam apresentar seus problemas e solu&ccedil;&otilde;es, discuti-los e refletir sobre linhas de a&ccedil;&atilde;o num ambiente cooperativo e instrutivo&rdquo;.<\/span><\/span><\/span><\/span><\/p>\r\n\r\n<p style=\"text-align:justify\"><span style=\"font-size:11pt\"><span style=\"line-height:normal\"><span style=\"font-family:Calibri,sans-serif\"><span style=\"font-size:14.0pt\">Informa&ccedil;&otilde;es e inscri&ccedil;&otilde;es, <strong><a href=\"http:\/\/anpet.org.br\/37anpet\/index.php\/pt\/\" style=\"color:blue; text-decoration:underline\">acesse aqui<\/a>.<\/strong><\/span><\/span><\/span><\/span><\/p>\r\n\r\n<p style=\"text-align:justify\">&nbsp;<\/p>\r\n\r\n<p style=\"text-align:justify\"><span style=\"font-size:11pt\"><span style=\"line-height:normal\"><span style=\"font-family:Calibri,sans-serif\"><span style=\"font-size:14.0pt\"><strong><img src=\"https:\/\/www.abint.org.br\/assets\/img\/editor\/20231107-geonorte-2023-banner-ctg-abint_202310171256350GjEiBNLgb.png\" style=\"width: 500px; height: 625px;\" \/><\/strong><\/span><\/span><\/span><\/span><\/p>\r\n\r\n<p style=\"text-align:justify\"><span style=\"font-size:11pt\"><span style=\"line-height:normal\"><span style=\"font-family:Calibri,sans-serif\"><span style=\"font-size:14.0pt\">O <b>CTG ABINT patrocinar&aacute; o GEONORTE 2023<\/b>, evento realizado pela Associa&ccedil;&atilde;o Brasileira de Mec&acirc;nica dos Solos, cujo <b>tema deste ano ser&aacute; &quot;Geotecnia na Amaz&ocirc;nia&quot;<\/b>.<\/span><\/span><\/span><\/span><\/p>\r\n\r\n<p style=\"text-align:justify\"><span style=\"font-size:11pt\"><span style=\"line-height:normal\"><span style=\"font-family:Calibri,sans-serif\"><span style=\"font-size:14.0pt\">O evento ocorrer&aacute; de<b> 07 a 09 de novembro de 2023, <\/b>na cidade de<b> Palmas, TO<\/b>.<\/span><\/span><\/span><\/span><\/p>\r\n\r\n<p style=\"text-align:justify\"><span style=\"font-size:11pt\"><span style=\"line-height:normal\"><span style=\"font-family:Calibri,sans-serif\"><span style=\"font-size:14.0pt\">Informa&ccedil;&otilde;es e inscri&ccedil;&otilde;es, <\/span><a href=\"https:\/\/geonorteabms.com.br\/2023\/#sobre\" style=\"color:blue; text-decoration:underline\"><span style=\"font-size:14.0pt\">acesse aqui<\/span><\/a><span style=\"font-size:14.0pt\">.<\/span><\/span><\/span><\/span><\/p>\r\n\r\n<p style=\"text-align:justify\">&nbsp;<\/p>\r\n\r\n<p style=\"text-align:justify\"><span style=\"font-size:11pt\"><span style=\"line-height:normal\"><span style=\"font-family:Calibri,sans-serif\"><span style=\"font-size:14.0pt\"><img src=\"https:\/\/www.abint.org.br\/assets\/img\/editor\/20231122-geosul-2023-logo_20231017125749mcr7Arn2je.png\" style=\"width: 500px; height: 500px;\" \/><\/span><\/span><\/span><\/span><\/p>\r\n\r\n<p style=\"text-align:justify\">&nbsp;<\/p>\r\n\r\n<p style=\"text-align:justify\"><span style=\"font-size:11pt\"><span style=\"line-height:normal\"><span style=\"font-family:Calibri,sans-serif\"><span style=\"font-size:14.0pt\">O <b>CTG ABINT &eacute; tamb&eacute;m um dos patrocinadores do XIII Simp&oacute;sio de Pr&aacute;tica de Engenharia Geot&eacute;cnica da Regi&atilde;o Sul (GEOSUL<\/b>), tradicional evento da Associa&ccedil;&atilde;o Brasileira de Mec&acirc;nica dos Solos e Engenharia Geot&eacute;cnica (ABMS),<b> <\/b>ocorrer&aacute; entre os dias<b> 22 a 25 de novembro de 2023<\/b>, na cidade de<b> Ponta Grossa, PR<\/b>, no Bourbon Ponta Grossa Convention Hotel.<\/span><\/span><\/span><\/span><\/p>\r\n\r\n<p style=\"text-align:justify\"><span style=\"font-size:11pt\"><span style=\"line-height:normal\"><span style=\"font-family:Calibri,sans-serif\"><span style=\"font-size:14.0pt\">Informa&ccedil;&otilde;es e inscri&ccedil;&otilde;es, <a href=\"https:\/\/www.geosul2023.com.br\/\" style=\"color:blue; text-decoration:underline\">acesse aqui<\/a>.<\/span><\/span><\/span><\/span><\/p>\r\n\r\n<p style=\"text-align:justify\">&nbsp;<\/p>\r\n\r\n<p style=\"text-align:justify\"><img src=\"https:\/\/www.abint.org.br\/assets\/img\/editor\/cth-logo-alta-png_20231017125845oJiJuf2y3b.png\" style=\"width: 200px; height: 100px;\" \/><\/p>\r\n\r\n<p><b><img src=\"https:\/\/www.abint.org.br\/assets\/img\/editor\/16o-congresso-sobecc_20231010164123Cs0oppox93.png\" \/><\/b><\/p>\r\n\r\n<p style=\"text-align:justify\"><span style=\"font-size:11pt\"><span style=\"line-height:normal\"><span style=\"font-family:Calibri,sans-serif\"><span style=\"font-size:14.0pt\">O <b>CTH ABINT &eacute; um dos patrocinadores do 16&ordm; Congresso Brasileiro de Enfermagem em Centro Cir&uacute;rgico, Recupera&ccedil;&atilde;o Anest&eacute;sica e Centro de Material e Esteriliza&ccedil;&atilde;o e 1st International Congress of Perioperative Nursing | &ldquo;A experi&ecirc;ncia do paciente cir&uacute;rgico: o cuidado singular do amor de algu&eacute;m&rdquo;<\/b>, que ocorrer&aacute; 07 a 10 de novembro de 2023, no Centro de Conven&ccedil;&otilde;es, Distrito Anhembi, Av. Olavo Fontoura, 1209, Santana, CEP 02012-021, S&atilde;o Paulo, SP.<\/span> <a href=\"https:\/\/www.congresso-simposio-sobecc.com.br\/sobecc2023\" style=\"color:blue; text-decoration:underline\"><span style=\"font-size:14.0pt\">Informa&ccedil;&otilde;es<\/span><\/a> <\/span><\/span><\/span><\/p>\r\n\r\n<p style=\"text-align:justify\"><span style=\"font-size:28pt\"><span style=\"font-family:Cambria,serif\"><span style=\"letter-spacing:-0.5pt\"><b><span style=\"font-size:18.0pt\"><span calibri=\"\" style=\"font-family:\"><span style=\"font-variant:small-caps\">Not&iacute;cias das Associadas<\/span><\/span><\/span><\/b><\/span><\/span><\/span><\/p>\r\n\r\n<p style=\"text-align:justify\"><span style=\"font-size:11pt\"><span style=\"line-height:normal\"><span style=\"font-family:Calibri,sans-serif\"><a href=\"https:\/\/www.nonwovens-industry.com\/contents\/view_breaking-news\/2023-10-12\/andritz-to-exhibiti-at-since-2023\/\" style=\"color:blue; text-decoration:underline\"><span style=\"font-size:14.0pt\">Andritz to Exhibit at SINCE 2023<\/span><\/a><\/span><\/span><\/span><\/p>\r\n\r\n<p style=\"text-align:justify\"><span style=\"font-size:11pt\"><span style=\"line-height:normal\"><span style=\"font-family:Calibri,sans-serif\"><a href=\"https:\/\/emobile.com.br\/site\/industria\/cipatex-inovando-e-modernizando\/\" style=\"color:blue; text-decoration:underline\"><span style=\"font-size:14.0pt\">Cipatex&reg; investe em novo showroom e moderniza&ccedil;&atilde;o do centro tecnol&oacute;gico<\/span><\/a><\/span><\/span><\/span><\/p>\r\n\r\n<p style=\"text-align:justify\"><span style=\"font-size:11pt\"><span style=\"line-height:normal\"><span style=\"font-family:Calibri,sans-serif\"><a href=\"https:\/\/impeller.net\/magazin\/high-performance-material-offers-alternative-to-ptfe-better-properties-at-lower-costs\/\" style=\"color:blue; text-decoration:underline\"><span lang=\"EN-US\" style=\"font-size:14.0pt\">Freudenberg: high-performance material offers alternative to ptfe: better properties at lower costs<\/span><\/a><\/span><\/span><\/span><\/p>\r\n\r\n<p style=\"text-align:justify\"><span style=\"font-size:11pt\"><span style=\"line-height:normal\"><span style=\"font-family:Calibri,sans-serif\"><a href=\"https:\/\/www.nonwovens-industry.com\/contents\/view_breaking-news\/2023-10-09\/suominen-appoints-svp-americas\/15303\" style=\"color:blue; text-decoration:underline\"><span style=\"font-size:14.0pt\">Suominen Appoints SVP, Americas<\/span><\/a><\/span><\/span><\/span><\/p>\r\n\r\n<p style=\"text-align:justify\">&nbsp;<\/p>\r\n\r\n<p style=\"text-align:justify\"><span style=\"font-size:11pt\"><span style=\"line-height:normal\"><span style=\"font-family:Calibri,sans-serif\"><b><span style=\"font-size:18.0pt\"><span style=\"font-variant:small-caps\">Eventos<\/span><\/span><\/b><\/span><\/span><\/span><\/p>\r\n\r\n<p style=\"text-align:justify\"><span style=\"font-size:11pt\"><span style=\"line-height:normal\"><span style=\"font-family:Calibri,sans-serif\"><b><span style=\"font-size:14.0pt\">SENAI CETIQT | 1&ordm; Simp&oacute;sio de Economia Circular<\/span><\/b><span style=\"font-size:14.0pt\">, 18 de outubro de 2023, 13h50, evento h&iacute;brido gratuito.<\/span> <a href=\"https:\/\/materiais.senaicetiqt.com\/senai-cetiqt-1-simposio-de-economia-circular?utm_campaign=senai_cetiqt__simposio_de_economia_circular&amp;utm_medium=email&amp;utm_source=RD+Station\" style=\"color:blue; text-decoration:underline\"><span style=\"font-size:14.0pt\">Informa&ccedil;&otilde;es<\/span><\/a> <\/span><\/span><\/span><\/p>\r\n\r\n<p style=\"text-align:justify\"><span style=\"font-size:11pt\"><span style=\"line-height:normal\"><span style=\"font-family:Calibri,sans-serif\"><b><span style=\"font-size:14.0pt\">CONAHP 2023<\/span><\/b><span style=\"font-size:14.0pt\">, 18 e 19 de outubro, Transamerica Expo Center, S&atilde;o Paulo, SP. <\/span><a href=\"https:\/\/conahp.org.br\/2023\/\" style=\"color:blue; text-decoration:underline\"><span style=\"font-size:14.0pt\">Informa&ccedil;&otilde;es<\/span><\/a> <\/span><\/span><\/span><\/p>\r\n\r\n<p style=\"text-align:justify\"><span style=\"font-size:11pt\"><span style=\"line-height:normal\"><span style=\"font-family:Calibri,sans-serif\"><b><span style=\"font-size:14.0pt\">NASCE CME | 5&ordm; CONALE - Congresso Nacional de Limpeza e Esteriliza&ccedil;&atilde;o<\/span><\/b><span style=\"font-size:14.0pt\">, 23 a 27 de outubro de 2023, evento online.<\/span> <a href=\"https:\/\/eventos.congresse.me\/conale\/edicoes\/conale-5-edicao\" style=\"color:blue; text-decoration:underline\"><span style=\"font-size:14.0pt\">Informa&ccedil;&otilde;es<\/span><\/a> <\/span><\/span><\/span><\/p>\r\n\r\n<p style=\"text-align:justify\"><span style=\"font-size:11pt\"><span style=\"line-height:normal\"><span style=\"font-family:Calibri,sans-serif\"><b><span style=\"font-size:14.0pt\">V Congreso Sudamericano de Composites, Poliuretano y Pl&aacute;sticos de Ingenier&iacute;a, <\/span><\/b><span style=\"font-size:14.0pt\">24 e 25 de outubro de 2023, Bogot&aacute;, Col&ocirc;mbia. <\/span><a href=\"http:\/\/www.congresosudamericano.com\/blog.html\" style=\"color:blue; text-decoration:underline\"><span style=\"font-size:14.0pt\">Informa&ccedil;&otilde;es<\/span><\/a> <\/span><\/span><\/span><\/p>\r\n\r\n<p style=\"text-align:justify\"><span style=\"font-size:11pt\"><span style=\"line-height:normal\"><span style=\"font-family:Calibri,sans-serif\"><b><span style=\"font-size:14.0pt\">FEIPLAR COMPOSITES &amp; FEIPUR | Pain&eacute;is Setoriais 2023<\/span><\/b><span style=\"font-size:14.0pt\">, 24, 25 e 26 de outubro de 2023. <\/span><a href=\"http:\/\/newsletter.feiplar.com.br\/accounts\/184158\/messages\/30?email=abint@abint.org.br&amp;c=1693235815&amp;contact_id=3458&amp;envelope_id=21\" style=\"color:blue; text-decoration:underline\"><span style=\"font-size:14.0pt\">Informa&ccedil;&otilde;es<\/span><\/a> <\/span><\/span><\/span><\/p>\r\n\r\n<p style=\"text-align:justify\"><span style=\"font-size:11pt\"><span style=\"line-height:normal\"><span style=\"font-family:Calibri,sans-serif\"><b><span style=\"font-size:14.0pt\">Industry CCUS 2023,<\/span><\/b> <span style=\"font-size:14.0pt\">29-30 November, Rotterdam, Netherlands.<\/span> <a href=\"https:\/\/fortesmedia.com\/industry-ccus-conference-2023,4,en,2,1,28.html#register\" style=\"color:blue; text-decoration:underline\"><span style=\"font-size:14.0pt\">Informa&ccedil;&otilde;es<\/span><\/a> <\/span><\/span><\/span><\/p>\r\n\r\n<p style=\"text-align:justify\"><span style=\"font-size:11pt\"><span style=\"line-height:normal\"><span style=\"font-family:Calibri,sans-serif\"><b><span style=\"font-size:14.0pt\">FEIPLAR COMPOSITES &amp; FEIPUR &ndash; Feira e Congresso Internacionais de Composites, Poliuretano, Pl&aacute;sticos de Engenharia e Compostos Termopl&aacute;sticos<\/span><\/b><span style=\"font-size:14.0pt\">, 20 a 22 de agosto de 2024, S&atilde;o Paulo Expo (Pavilh&atilde;o 5), palestras: das 8h30 &agrave;s 18h, feira: das 13h &agrave;s 20h.<b> <\/b><\/span><a href=\"http:\/\/www.feiplar.com\" style=\"color:blue; text-decoration:underline\"><span lang=\"EN-US\" style=\"font-size:14.0pt\">www.feiplar.com<\/span><\/a> <\/span><\/span><\/span><\/p>\r\n\r\n<p style=\"text-align:justify\"><span style=\"font-size:28pt\"><span style=\"font-family:Cambria,serif\"><span style=\"letter-spacing:-0.5pt\"><b><span lang=\"EN-US\" style=\"font-size:18.0pt\"><span calibri=\"\" style=\"font-family:\"><span style=\"font-variant:small-caps\">Setor<\/span><\/span><\/span><\/b><\/span><\/span><\/span><\/p>\r\n\r\n<p style=\"text-align:justify\"><span style=\"font-size:11pt\"><span style=\"line-height:normal\"><span style=\"font-family:Calibri,sans-serif\"><a href=\"https:\/\/www.nonwovens-industry.com\/contents\/view_features\/2023-10-04\/demand-for-clean-air-water-fuels-filtration-market?utm_campaign=NON+Issue+Alert&amp;utm_medium=email&amp;_hsmi=278239159&amp;_hsenc=p2ANqtz--9HdlXneG2fB9KrqnFSLNkCqT69F5WMFLHq5YJoletW68gPXUt-cA0UzYdElFNDocbq7Co1EkCR81OqB8nol3pRzPcsg&amp;utm_content=278239159&amp;utm_source=hs_email\" style=\"color:blue; text-decoration:underline\"><span lang=\"EN-US\" style=\"font-size:14.0pt\">Demand for Clean Air &amp; Water Fuels Filtration Market<\/span><\/a><\/span><\/span><\/span><\/p>\r\n\r\n<p style=\"text-align:justify\"><span style=\"font-size:11pt\"><span style=\"line-height:normal\"><span style=\"font-family:Calibri,sans-serif\"><a href=\"https:\/\/www.nonwovens-industry.com\/contents\/view_features\/2023-10-04\/industrial-wipes-report-209730?utm_campaign=NON+Issue+Alert&amp;utm_medium=email&amp;_hsmi=278239159&amp;_hsenc=p2ANqtz-_aIG8JSjSH1sRUzhx-CU1uw0dfQxt-YR7vBCG_spg8DBN8GG7d9N7FCf3rhRknCSd-3ylVKLKuAfoEGVhuqwVN2H0ZfQ&amp;utm_content=278239159&amp;utm_source=hs_email\" style=\"color:blue; text-decoration:underline\"><span lang=\"EN-US\" style=\"font-size:14.0pt\">Industrial Wipes Report<\/span><\/a><\/span><\/span><\/span><\/p>\r\n\r\n<p style=\"text-align:justify\"><span style=\"font-size:11pt\"><span style=\"line-height:normal\"><span style=\"font-family:Calibri,sans-serif\"><a href=\"https:\/\/www.mrw.co.uk\/news\/government-and-industry-square-up-over-wet-wipes-16-10-2023\/\" style=\"color:blue; text-decoration:underline\"><span lang=\"EN-US\" style=\"font-size:14.0pt\">Government and industry square up over wet wipes<\/span><\/a><\/span><\/span><\/span><\/p>\r\n\r\n<p style=\"text-align:justify\"><span style=\"font-size:11pt\"><span style=\"line-height:normal\"><span style=\"font-family:Calibri,sans-serif\"><a href=\"https:\/\/abiquim.org.br\/comunicacao\/noticia\/10983\" style=\"color:blue; text-decoration:underline\"><span style=\"font-size:14.0pt\">Acordo Global de Pl&aacute;stico &eacute; pauta de encontro entre Abiquim e a ex-ministra do Meio Ambiente, Izabella Teixeira<\/span><\/a><\/span><\/span><\/span><\/p>\r\n\r\n<p style=\"text-align:justify\"><span style=\"font-size:11pt\"><span style=\"line-height:normal\"><span style=\"font-family:Calibri,sans-serif\"><a href=\"https:\/\/www.technicaltextile.net\/news\/qcos-for-20-agro-textile-items-to-be-effective-from-apr-2024-in-india-290608.html\" style=\"color:blue; text-decoration:underline\"><span lang=\"EN-US\" style=\"font-size:14.0pt\">QCOs for 20 agro textile items to be effective from Apr 2024 in India<\/span><\/a><\/span><\/span><\/span><\/p>\r\n\r\n<p style=\"text-align:justify\"><span style=\"font-size:11pt\"><span style=\"line-height:normal\"><span style=\"font-family:Calibri,sans-serif\"><a href=\"https:\/\/www.technicaltextile.net\/news\/india-extends-implementation-of-geo-textiles-qco-2022-to-jan-1-2024-290607.html\" style=\"color:blue; text-decoration:underline\"><span lang=\"EN-US\" style=\"font-size:14.0pt\">India extends implementation of Geo Textiles QCO, 2022, to Jan 1, 2024<\/span><\/a><\/span><\/span><\/span><\/p>\r\n\r\n<p style=\"text-align:justify\"><span style=\"font-size:28pt\"><span style=\"font-family:Cambria,serif\"><span style=\"letter-spacing:-0.5pt\"><b><span style=\"font-size:18.0pt\"><span calibri=\"\" style=\"font-family:\"><span style=\"font-variant:small-caps\">Ind&uacute;stria<\/span><\/span><\/span><\/b><\/span><\/span><\/span><\/p>\r\n\r\n<p style=\"text-align:justify\"><span style=\"font-size:11pt\"><span style=\"line-height:normal\"><span style=\"font-family:Calibri,sans-serif\"><a href=\"https:\/\/agenciadenoticias.ibge.gov.br\/agencia-noticias\/2012-agencia-de-noticias\/noticias\/38065-producao-industrial-avanca-em-nove-de-15-locais-pesquisados-em-agosto-frente-a-julho\" style=\"color:blue; text-decoration:underline\"><span style=\"font-size:14.0pt\">Produ&ccedil;&atilde;o industrial avan&ccedil;a em nove de 15 locais pesquisados em agosto frente a julho<\/span><\/a><\/span><\/span><\/span><\/p>\r\n\r\n<p style=\"text-align:justify\"><span style=\"font-size:11pt\"><span style=\"line-height:normal\"><span style=\"font-family:Calibri,sans-serif\"><span class=\"MsoHyperlink\" style=\"color:blue\"><span style=\"text-decoration:underline\"><span style=\"font-size:14.0pt\"><span style=\"text-decoration:none\"><span style=\"text-underline:none\"><a href=\"https:\/\/noticias.portaldaindustria.com.br\/noticias\/competitividade\/indice-de-confianca-do-empresario-industrial-caiu-14-ponto-em-outubro\/\" style=\"color:blue; text-decoration:underline\">&Iacute;ndice de Confian&ccedil;a do Empres&aacute;rio Industrial caiu 1,4 ponto em outubro<\/a><\/span><\/span><\/span><\/span><\/span><\/span><\/span><\/span><\/p>\r\n\r\n<p style=\"text-align:justify\"><span style=\"font-size:11pt\"><span style=\"line-height:normal\"><span style=\"font-family:Calibri,sans-serif\"><a href=\"https:\/\/www.terra.com.br\/economia\/anfavea-registra-melhor-media-de-vendas-diarias-do-ano,587d0f505e323defc3d5b488b6adc54db4vvo036.html\" style=\"color:blue; text-decoration:underline\"><span style=\"font-size:14.0pt\">Anfavea registra melhor m&eacute;dia de vendas di&aacute;rias do ano<\/span><\/a><\/span><\/span><\/span><\/p>\r\n\r\n<p style=\"text-align:justify\"><span style=\"font-size:11pt\"><span style=\"line-height:normal\"><span style=\"font-family:Calibri,sans-serif\"><a href=\"https:\/\/guaiba.com.br\/2023\/10\/11\/abicalcados-preve-queda-na-producao-de-calcados-ate-2025\/\" style=\"color:blue; text-decoration:underline\"><span style=\"font-size:14.0pt\">Abicalcados prev&ecirc; queda na produ&ccedil;&atilde;o de cal&ccedil;ados at&eacute; 2025<\/span><\/a><\/span><\/span><\/span><\/p>\r\n\r\n<p style=\"text-align:justify\"><span style=\"font-size:11pt\"><span style=\"line-height:normal\"><span style=\"font-family:Calibri,sans-serif\"><a href=\"http:\/\/abimovel.com\/vendas-no-varejo-de-moveis-e-colchoes-apresentam-alta-no-segundo-semestre\/?utm_campaign=vendas_no_varejo_de_moveis_e_colchoes_apresentam_alta_no_segundo_semestre&amp;utm_medium=email&amp;utm_source=RD+Station\" style=\"color:blue; text-decoration:underline\"><span style=\"font-size:14.0pt\">Vendas no varejo de m&oacute;veis e colch&otilde;es apresentam alta no segundo semestre<\/span><\/a><\/span><\/span><\/span><\/p>\r\n\r\n<p style=\"text-align:justify\"><span style=\"font-size:11pt\"><span style=\"line-height:normal\"><span style=\"font-family:Calibri,sans-serif\"><a href=\"https:\/\/agenciadenoticias.ibge.gov.br\/agencia-sala-de-imprensa\/2013-agencia-de-noticias\/releases\/38089-em-setembro-indice-nacional-da-construcao-civil-varia-0-02\" style=\"color:blue; text-decoration:underline\"><span style=\"font-size:14.0pt\">Em setembro, &Iacute;ndice Nacional da Constru&ccedil;&atilde;o Civil varia 0,02%<\/span><\/a><\/span><\/span><\/span><\/p>\r\n\r\n<p style=\"text-align:justify\"><span style=\"font-size:11pt\"><span style=\"line-height:normal\"><span style=\"font-family:Calibri,sans-serif\"><a href=\"https:\/\/revistamt.com.br\/Materias\/Exibir\/investigacoes-para-obras-complexas?utm_source=akna&amp;utm_medium=email&amp;utm_campaign=11-10-Confira-a-nova-edicao-da-Revista-MT-N-278-OUTUBRO-23\" style=\"color:blue; text-decoration:underline\"><span style=\"font-size:14.0pt\">Investiga&ccedil;&otilde;es para obras complexas<\/span><\/a><\/span><\/span><\/span><\/p>\r\n\r\n<p style=\"text-align:justify\"><span style=\"font-size:11pt\"><span style=\"line-height:normal\"><span style=\"font-family:Calibri,sans-serif\"><a href=\"https:\/\/grandesconstrucoes.com.br\/Noticias\/Exibir\/caixa-libera-r-14-bilhoes-em-credito-para-a-infraestrutura?utm_source=akna&amp;utm_medium=email&amp;utm_campaign=Grandes-Construcoes-Informativo-883-12-10-2023&amp;utm_source=akna&amp;utm_medium=email&amp;utm_campaign=Grandes-Construcoes-Informativo-883-12-10-2023\" style=\"color:blue; text-decoration:underline\"><span style=\"font-size:14.0pt\">Caixa libera R$ 14 bilh&otilde;es em cr&eacute;dito para a infraestrutura<\/span><\/a><\/span><\/span><\/span><\/p>\r\n\r\n<p style=\"text-align:justify\"><span style=\"font-size:11pt\"><span style=\"line-height:normal\"><span style=\"font-family:Calibri,sans-serif\"><span class=\"MsoHyperlink\" style=\"color:blue\"><span style=\"text-decoration:underline\"><span style=\"font-size:14.0pt\"><span style=\"text-decoration:none\"><span style=\"text-underline:none\"><a href=\"https:\/\/ibre.fgv.br\/blog-da-conjuntura-economica\/artigos\/nao-ha-um-caminho-unico-para-universalizar-o-saneamento\" style=\"color:blue; text-decoration:underline\">N&atilde;o h&aacute; um caminho &uacute;nico para universalizar o saneamento, defendem especialistas em encontro<\/a><\/span><\/span><\/span><\/span><\/span><\/span><\/span><\/span><\/p>\r\n\r\n<p style=\"text-align:justify\"><span style=\"font-size:28pt\"><span style=\"font-family:Cambria,serif\"><span style=\"letter-spacing:-0.5pt\"><b><span style=\"font-size:18.0pt\"><span calibri=\"\" style=\"font-family:\"><span style=\"font-variant:small-caps\">Sustentabilidade<\/span><\/span><\/span><\/b><\/span><\/span><\/span><\/p>\r\n\r\n<p style=\"text-align:justify\"><span style=\"font-size:11pt\"><span style=\"line-height:normal\"><span style=\"font-family:Calibri,sans-serif\"><span class=\"MsoHyperlink\" style=\"color:blue\"><span style=\"text-decoration:underline\"><span style=\"font-size:14.0pt\"><span style=\"text-decoration:none\"><span style=\"text-underline:none\"><a href=\"https:\/\/textileindustry.ning.com\/forum\/topics\/estudo-realizado-pelo-senai-cetiqt-mostra-oportunidades-e-o-1\" style=\"color:blue; text-decoration:underline\">Estudo realizado pelo SENAI CETIQT mostra oportunidades e o potencial do impacto da Bioeconomia para a Descarboniza&ccedil;&atilde;o do Brasil<\/a><\/span><\/span><\/span><\/span><\/span><\/span><\/span><\/span><\/p>\r\n\r\n<p style=\"text-align:justify\"><span style=\"font-size:11pt\"><span style=\"line-height:normal\"><span style=\"font-family:Calibri,sans-serif\"><a href=\"https:\/\/www.faperj.br\/?id=419.7.6\" style=\"color:blue; text-decoration:underline\"><span style=\"font-size:14.0pt\">Micropl&aacute;stico: &ldquo;Estamos respirando e comendo pl&aacute;stico&rdquo;<\/span><\/a><\/span><\/span><\/span><\/p>\r\n\r\n<p style=\"text-align:justify\"><span style=\"font-size:11pt\"><span style=\"line-height:normal\"><span style=\"font-family:Calibri,sans-serif\"><a href=\"https:\/\/techxplore.com\/news\/2023-10-plastic-production-advanced-recycling-lowers.html?utm_source=nwletter&amp;utm_medium=email&amp;utm_campaign=daily-nwletter\" style=\"color:blue; text-decoration:underline\"><span lang=\"EN-US\" style=\"font-size:14.0pt\">Plastic production via advanced recycling lowers greenhouse gas emissions<\/span><\/a><\/span><\/span><\/span><\/p>\r\n\r\n<p style=\"text-align:justify\"><span style=\"font-size:11pt\"><span style=\"line-height:normal\"><span style=\"font-family:Calibri,sans-serif\"><a href=\"https:\/\/medicalxpress.com\/news\/2023-10-qa-alarm-disposable-plastic-health.html?utm_source=nwletter&amp;utm_medium=email&amp;utm_campaign=daily-nwletter\" style=\"color:blue; text-decoration:underline\"><span lang=\"EN-US\" style=\"font-size:14.0pt\">Q&amp;A: Sounding the alarm about disposable plastic in the health care industry<\/span><\/a><\/span><\/span><\/span><\/p>\r\n\r\n<p style=\"text-align:justify\"><span style=\"font-size:11pt\"><span style=\"line-height:normal\"><span style=\"font-family:Calibri,sans-serif\"><a href=\"https:\/\/www.euractiv.com\/section\/energy-environment\/news\/eu-countries-wrangle-over-negotiating-stance-for-cop28-climate-summit\/?utm_source=newsletters+epbr&amp;utm_campaign=c2e44a113d-epbr-comece-seu-dia_20230724_COPY_01&amp;utm_medium=email&amp;utm_term=0_5931171aac-c2e44a113d-466362780\" style=\"color:blue; text-decoration:underline\"><span lang=\"EN-US\" style=\"font-size:14.0pt\">EU countries wrangle over negotiating stance for COP28 climate summit<\/span><\/a><\/span><\/span><\/span><\/p>\r\n\r\n<p style=\"text-align:justify\"><span style=\"font-size:28pt\"><span style=\"font-family:Cambria,serif\"><span style=\"letter-spacing:-0.5pt\"><b><span lang=\"EN-US\" style=\"font-size:18.0pt\"><span calibri=\"\" style=\"font-family:\"><span style=\"font-variant:small-caps\">Inova&ccedil;&atilde;o<\/span><\/span><\/span><\/b><\/span><\/span><\/span><\/p>\r\n\r\n<p style=\"text-align:justify\"><span style=\"font-size:11pt\"><span style=\"line-height:normal\"><span style=\"font-family:Calibri,sans-serif\"><a href=\"https:\/\/phys.org\/news\/2023-10-biobased-recyclable-polyesters-excellent-tensile.html?utm_source=nwletter&amp;utm_medium=email&amp;utm_campaign=daily-nwletter\" style=\"color:blue; text-decoration:underline\"><span lang=\"EN-US\" style=\"font-size:14.0pt\">New biobased recyclable polyesters exhibit excellent tensile properties beyond polyethylene and polypropylene<\/span><\/a><\/span><\/span><\/span><\/p>\r\n\r\n<p style=\"text-align:justify\"><span style=\"font-size:11pt\"><span style=\"line-height:normal\"><span style=\"font-family:Calibri,sans-serif\"><a href=\"http:\/\/www.finep.gov.br\/noticias\/todas-noticias\/6671-finep-apresenta-detalhes-do-mais-inovacao-brasil-com-r-66-bilhoes-para-inovacao-e-taxas-mais-atraentes-a-projetos-estrategicos\" style=\"color:blue; text-decoration:underline\"><span style=\"font-size:14.0pt\">Finep apresenta detalhes do MAIS INOVA&Ccedil;&Atilde;O BRASIL, com R$ 66 bilh&otilde;es e taxas mais atraentes a projetos estrat&eacute;gicos<\/span><\/a><\/span><\/span><\/span><\/p>\r\n\r\n<p style=\"text-align:justify\"><span style=\"font-size:11pt\"><span style=\"line-height:normal\"><span style=\"font-family:Calibri,sans-serif\"><a href=\"https:\/\/grandesconstrucoes.com.br\/Noticias\/Exibir\/brasil-avanca-no-ranking-global-de-inovacao-mas-ainda-ha-muito-o-que-melhorar?utm_source=akna&amp;utm_medium=email&amp;utm_campaign=Grandes-Construcoes-Informativo-883-12-10-2023&amp;utm_source=akna&amp;utm_medium=email&amp;utm_campaign=Grandes-Construcoes-Informativo-883-12-10-2023\" style=\"color:blue; text-decoration:underline\"><span style=\"font-size:14.0pt\">Brasil avan&ccedil;a no ranking global de inova&ccedil;&atilde;o, mas ainda h&aacute; muito o que melhorar<\/span><\/a><\/span><\/span><\/span><\/p>\r\n\r\n<p style=\"text-align:justify\"><span style=\"font-size:28pt\"><span style=\"font-family:Cambria,serif\"><span style=\"letter-spacing:-0.5pt\"><b><span style=\"font-size:18.0pt\"><span calibri=\"\" style=\"font-family:\"><span style=\"font-variant:small-caps\">Com&eacute;rcio Exterior<\/span><\/span><\/span><\/b><\/span><\/span><\/span><\/p>\r\n\r\n<p style=\"text-align:justify\"><span style=\"font-size:11pt\"><span style=\"line-height:normal\"><span style=\"font-family:Calibri,sans-serif\"><a href=\"https:\/\/plasticosemrevista.com.br\/argentina-na-encruzilhada-e-reflexos-no-setor-plastico\/\" style=\"color:blue; text-decoration:underline\"><span style=\"font-size:14.0pt\">Argentina na encruzilhada e reflexos no setor pl&aacute;stico<\/span><\/a><\/span><\/span><\/span><\/p>\r\n\r\n<p style=\"text-align:justify\"><span style=\"font-size:11pt\"><span style=\"line-height:normal\"><span style=\"font-family:Calibri,sans-serif\"><a href=\"https:\/\/economia.uol.com.br\/noticias\/estadao-conteudo\/2023\/10\/16\/superavit-comercial-ajustado-da-zona-do-euro-salta-a-119-bilhoes-de-euros-em-agosto.htm\" style=\"color:blue; text-decoration:underline\"><span style=\"font-size:14.0pt\">Super&aacute;vit comercial ajustado da zona do euro salta a 11,9 bilh&otilde;es de euros em agosto<\/span><\/a><\/span><\/span><\/span><\/p>\r\n\r\n<p style=\"text-align:justify\"><span style=\"font-size:11pt\"><span style=\"line-height:normal\"><span style=\"font-family:Calibri,sans-serif\"><a href=\"https:\/\/www.gov.br\/mdic\/pt-br\/assuntos\/noticias\/2023\/outubro\/brasil-sugere-estudo-para-viabilizar-expansao-do-acordo-mercosul-india\" style=\"color:blue; text-decoration:underline\"><span style=\"font-size:14.0pt\">Brasil sugere estudo para viabilizar expans&atilde;o do acordo Mercosul - &Iacute;ndia<\/span><\/a><\/span><\/span><\/span><\/p>\r\n\r\n<p style=\"text-align:justify\"><span style=\"font-size:28pt\"><span style=\"font-family:Cambria,serif\"><span style=\"letter-spacing:-0.5pt\"><b><span style=\"font-size:18.0pt\"><span calibri=\"\" style=\"font-family:\"><span style=\"font-variant:small-caps\">Economia<\/span><\/span><\/span><\/b><\/span><\/span><\/span><\/p>\r\n\r\n<p style=\"text-align:justify\"><span style=\"font-size:11pt\"><span style=\"line-height:normal\"><span style=\"font-family:Calibri,sans-serif\"><a href=\"https:\/\/www.bcb.gov.br\/content\/focus\/focus\/R20231013.pdf\" style=\"color:blue; text-decoration:underline\"><span style=\"font-size:14.0pt\">Focus &ndash; Relat&oacute;rio de Mercado<\/span><\/a><\/span><\/span><\/span><\/p>\r\n\r\n<p style=\"text-align:justify\"><span style=\"font-size:11pt\"><span style=\"line-height:normal\"><span style=\"font-family:Calibri,sans-serif\"><a href=\"https:\/\/noticias.portaldaindustria.com.br\/noticias\/economia\/cni-preve-alta-de-33-do-pib-e-queda-de-05-na-industria-de-transformacao-em-2023\/\" style=\"color:blue; text-decoration:underline\"><span style=\"font-size:14.0pt\">CNI prev&ecirc; alta de 3,3% do PIB e queda de 0,5% na ind&uacute;stria de transforma&ccedil;&atilde;o em 2023<\/span><\/a><\/span><\/span><\/span><\/p>\r\n\r\n<p style=\"text-align:justify\"><span style=\"font-size:11pt\"><span style=\"line-height:normal\"><span style=\"font-family:Calibri,sans-serif\"><span class=\"MsoHyperlink\" style=\"color:blue\"><span style=\"text-decoration:underline\"><span style=\"font-size:14.0pt\"><a href=\"https:\/\/portalibre.fgv.br\/noticias\/pioram-perspectivas-do-crescimento-global\" style=\"color:blue; text-decoration:underline\">Pioram as perspectivas do crescimento global<\/a><\/span><\/span><\/span><\/span><\/span><\/span><\/p>\r\n\r\n<p style=\"text-align:justify\"><span style=\"font-size:11pt\"><span style=\"line-height:normal\"><span style=\"font-family:Calibri,sans-serif\"><a href=\"https:\/\/www.infomoney.com.br\/politica\/relator-quer-aprovar-reforma-tributaria-ate-9-de-novembro-no-senado\/\" style=\"color:blue; text-decoration:underline\"><span style=\"font-size:14.0pt\">Relator quer aprovar reforma tribut&aacute;ria at&eacute; 9 de novembro no Senado<\/span><\/a><\/span><\/span><\/span><\/p>\r\n\r\n<p style=\"text-align:justify\"><span style=\"font-size:11pt\"><span style=\"line-height:normal\"><span style=\"font-family:Calibri,sans-serif\"><a href=\"https:\/\/sovos.com\/pt-br\/blog\/tributos\/quase-metade-das-emendas-de-senadores-aumenta-aliquota-da-reforma-tributaria\/?mkt_tok=MzM0LUhWTi0yNDkAAAGOyNibejIFPjfj8_N9ixmQasYkPSnnYTm2bbsjBHnCm0N5RBxTmwxg2IfvpJtMlHboWwYxP9AY5dpY8Em-wXDOngKGQFCiHvMpqmQj1YWmMkk\" style=\"color:blue; text-decoration:underline\"><span style=\"font-size:14.0pt\">Levantamento mostra que apenas um parlamentar prop&otilde;e cortar benef&iacute;cios para reduzir IVA<\/span><\/a><\/span><\/span><\/span><\/p>\r\n\r\n<p style=\"text-align:justify\"><span style=\"font-size:11pt\"><span style=\"line-height:normal\"><span style=\"font-family:Calibri,sans-serif\"><a href=\"https:\/\/www.businessinsider.com\/china-xi-jinping-economy-real-estate-debt-bust-american-companies-2023-10?utm_source=Sailthru&amp;utm_medium=email&amp;utm_campaign=News%20Alerts:%20China%27s%20Economy%20-%2010\/16\/23&amp;utm_term=News%20Alerts:%20Finance\/Economy\" style=\"color:blue; text-decoration:underline\"><span lang=\"EN-US\" style=\"font-size:14.0pt\">It&rsquo;s official: The era of China&rsquo;s global dominance is over<\/span><\/a><\/span><\/span><\/span><\/p>\r\n\r\n<p>&nbsp;<\/p>\r\n","texto_en":"","7":"","imagem":"COMP_banner-padrao-home-destaques-boletim-2023_20231017130224bWefxqNDER.jpeg","8":"COMP_banner-padrao-home-destaques-boletim-2023_20231017130224bWefxqNDER.jpeg","arquivo":"20231017-BOLETIM-ABINT-DE-NOTICIAS-SEMANAIS.PDF","9":"20231017-BOLETIM-ABINT-DE-NOTICIAS-SEMANAIS.PDF","titulo_arquivo":"20231017 Boletim ABINT de Not\u00edcias Semanais","10":"20231017 Boletim ABINT de Not\u00edcias Semanais","titulo_arquivo_en":"","11":"","created_at":"2023-10-17 13:02:35","12":"2023-10-17 13:02:35","updated_at":"2023-10-17 13:04:13","13":"2023-10-17 13:04:13"},{"id":86,"0":86,"ordem":137,"1":137,"data":"2023-10-10","2":"2023-10-10","slug":"boletim-abint-de-noticias-semanais-1","3":"boletim-abint-de-noticias-semanais-1","titulo":"Boletim ABINT de Not\u00edcias Semanais","4":"Boletim ABINT de Not\u00edcias Semanais","titulo_en":"","5":"","texto":"<p style=\"text-align:justify\"><span style=\"font-size:11pt\"><span style=\"line-height:normal\"><span style=\"font-family:Calibri,sans-serif\"><span style=\"font-size:14.0pt\">Esta &eacute; uma compila&ccedil;&atilde;o das not&iacute;cias mais relevantes para o setor, incluindo informa&ccedil;&otilde;es sobre acordos internacionais, economia brasileira, sustentabilidade e mat&eacute;rias primas, al&eacute;m de novidades do setor de N&atilde;otecidos e Tecidos T&eacute;cnicos.<\/span><\/span><\/span><\/span><\/p>\r\n\r\n<p style=\"text-align:justify\"><span style=\"font-size:28pt\"><span style=\"font-family:Cambria,serif\"><span style=\"letter-spacing:-0.5pt\"><b><span style=\"font-size:18.0pt\"><span style=\"font-family:&quot;Calibri&quot;,sans-serif\"><span style=\"font-variant:small-caps\">A&ccedil;&otilde;es ABINT<\/span><\/span><\/span><\/b><\/span><\/span><\/span><\/p>\r\n\r\n<ul>\r\n\t<li style=\"text-align:justify\"><span style=\"font-size:11pt\"><span style=\"line-height:normal\"><span style=\"font-family:Calibri,sans-serif\"><b><span style=\"font-size:14.0pt\">O que vem por a&iacute;<\/span><\/b><\/span><\/span><\/span><\/li>\r\n<\/ul>\r\n\r\n<p style=\"text-align:justify\"><span style=\"font-size:11pt\"><span style=\"line-height:normal\"><span style=\"font-family:Calibri,sans-serif\"><b><span style=\"font-size:14.0pt\"><img src=\"https:\/\/www.abint.org.br\/assets\/img\/editor\/16o-congresso-sobecc_20231010164123Cs0oppox93.png\" \/><\/span><\/b><\/span><\/span><\/span><\/p>\r\n\r\n<p style=\"text-align:justify\"><span style=\"font-size:14.0pt\"><span style=\"line-height:115%\"><span style=\"font-family:&quot;Calibri&quot;,sans-serif\">O <b>CTH ABINT &eacute; um dos patrocinadores do 16&ordm; Congresso Brasileiro de Enfermagem em Centro Cir&uacute;rgico, Recupera&ccedil;&atilde;o Anest&eacute;sica e Centro de Material e Esteriliza&ccedil;&atilde;o e 1st International Congress of Perioperative Nursing | &ldquo;A experi&ecirc;ncia do paciente cir&uacute;rgico: o cuidado singular do amor de algu&eacute;m&rdquo;<\/b>, que ocorrer&aacute; 07 a 10 de novembro de 2023, no Centro de Conven&ccedil;&otilde;es, Distrito Anhembi, Av. Olavo Fontoura, 1209, Santana, CEP 02012-021, S&atilde;o Paulo, SP.<\/span><\/span><\/span> <span style=\"font-size:11.0pt\"><span style=\"line-height:115%\"><span style=\"font-family:&quot;Calibri&quot;,sans-serif\"><a href=\"https:\/\/www.congresso-simposio-sobecc.com.br\/sobecc2023\" style=\"color:blue; text-decoration:underline\"><span style=\"font-size:14.0pt\"><span style=\"line-height:115%\">Informa&ccedil;&otilde;es<\/span><\/span><\/a><\/span><\/span><\/span><\/p>\r\n\r\n<p style=\"text-align:justify\">&nbsp;<\/p>\r\n\r\n<p style=\"text-align:justify\"><span style=\"font-size:11.0pt\"><span style=\"line-height:115%\"><span style=\"font-family:&quot;Calibri&quot;,sans-serif\"><span style=\"font-size:14.0pt\"><span style=\"line-height:115%\"><img src=\"https:\/\/www.abint.org.br\/assets\/img\/editor\/2o-seminario-abrafiltros_202310101642475KeAk5u38t.jpeg\" style=\"width: 500px; height: 492px;\" \/><\/span><\/span><\/span><\/span><\/span><\/p>\r\n\r\n<p style=\"text-align:justify\"><span style=\"font-size:11pt\"><span style=\"line-height:normal\"><span style=\"font-family:Calibri,sans-serif\"><span style=\"font-size:14.0pt\">A <b>ABINT<\/b> &eacute; uma das<b> apoiadoras do 2&ordm; Semin&aacute;rio de Filtros, <\/b>evento online e gratuito, que ocorrer&aacute;<b> dia 08 de novembro.&nbsp;<\/b><\/span><\/span><\/span><\/span><span style=\"font-size:11pt\"><span style=\"line-height:normal\"><span style=\"font-family:Calibri,sans-serif\"><a href=\"http:\/\/www.abrafiltros.org.br\/seminario\" style=\"color:blue; text-decoration:underline\"><b><span style=\"font-size:14.0pt\">Informa&ccedil;&otilde;es<\/span><\/b><\/a><\/span><\/span><\/span><\/p>\r\n\r\n<p style=\"text-align:justify\">&nbsp;<\/p>\r\n\r\n<p style=\"text-align:justify\"><span style=\"font-size:11pt\"><span style=\"line-height:normal\"><span style=\"font-family:Calibri,sans-serif\"><b><span style=\"font-size:14.0pt\"><img src=\"https:\/\/www.abint.org.br\/assets\/img\/editor\/congresso-internacional-abit-2023_20231010164352jta4O9v5El.png\" style=\"width: 500px; height: 442px;\" \/><\/span><\/b><\/span><\/span><\/span><\/p>\r\n\r\n<p style=\"text-align:justify\"><span style=\"font-size:11pt\"><span style=\"line-height:normal\"><span style=\"font-family:Calibri,sans-serif\"><b><span style=\"font-size:14.0pt\">A ABINT &eacute; uma das patrocinadoras do Congresso Internacional ABIT 2023, <\/span><\/b><span style=\"font-size:14.0pt\">que ocorrer&aacute;<b> dias 08 e 09 de novembro, na FIESC, Florian&oacute;polis, SC.&nbsp;<\/b><\/span><b><span style=\"font-size:14.0pt\"><a href=\"https:\/\/t.rdsv1.net\/ls\/click?upn=LFSWB5boDXSqxt4eHgA5r3YUv3HG6yY4XTXT-2BpjEpFmt56yR61Gu09ER-2Bq95-2FgFAbN46ClwLMWPZzveVybfat1CKHOKhUUtOIVaFgsR5U28dlEKVouFrV1iSMaKnlWHCANmwKiZ4x1Oy9BDRL5tuTGPXgO91zEc1uo-2FbtPYQFm3y4fMGnbuiV3FEKs9g9uy1l2sL_iW8zc4KBvTUX2z9kws1M6pjQI9DpNNh-2Fk6fgMN4DbaFx-2BL1o5swSv2HtiLB2iGFhqxZ0654f80VOIjakRycDjcrdu1MF6BdTRc4d4wYs0wcxXXPsRygypvnzeOAhjjgiEkGX1jMsv1FD9IiN0mt5TiPA-2F-2FcYbMJqgkOyyeRxcI4izBTlMz4tYAchHCwHneJZvJXH0y9HeVp67XkJynQGH21X32t2y1CeSaYEq0zVO-2BnyLK4mDGipKkH-2FZQCwU2MKfdHIIgVMZzvyz5G5cXFeOFC58YiNyn2cnMPO14gymNMfyWFH-2BHHlC3b47l7V1Qmqxs4es-2BeyjBwNpbTVF3mKTVfvVN8KGLr0cqLDBhDLHrW7KPcTfpWgS5gfvWdAKEPOEmZKoo4k2kAi0PFh6jxFYAV2tXcAZfbY2kx8RXrY81D1SMCEBW0alhXBRKfUMvljxKCVojmlXya75YoxeWm0PKiSpaikvnyQHb1SYVAvooBBGQr8kVTT7gfi2jpYOB7Yz3v8ovwiOQwMF4kMzI4BGg58Stg7NIyaStQsDmhOsSp6GMNA3SG1UPw-2Fljh3rhjS-2BFt0EiGPe9cI33b9n1X0Y0ud-2BOFmeXkp5V9mMyq0eViPM4g6fXMuiRQFG1Lhn1lb5TsAtW9vCVxHdYrOB-2F6cV4-2FiOK5JwicsxDApwdvwvys-3D\" style=\"color:blue; text-decoration:underline\">Informa&ccedil;&otilde;es<\/a><\/span><\/b><\/span><\/span><\/span><\/p>\r\n\r\n<p class=\"MsoTitle\" style=\"text-align:justify\"><strong><span style=\"font-size:28pt\"><span style=\"font-family:Cambria,serif\"><span style=\"letter-spacing:-0.5pt\"><span lang=\"EN-US\" style=\"font-size:18.0pt\"><span style=\"font-family:&quot;Calibri&quot;,sans-serif\"><span style=\"font-variant:small-caps\">Not&iacute;cias das Associadas<\/span><\/span><\/span><\/span><\/span><\/span><\/strong><\/p>\r\n\r\n<p style=\"text-align:justify\"><span style=\"font-size:11pt\"><span style=\"line-height:normal\"><span style=\"font-family:Calibri,sans-serif\"><a href=\"https:\/\/www.nonwovens-industry.com\/contents\/view_breaking-news\/2023-10-05\/freudenberg-adds-eco-friendly-options-for-carpet-backings?utm_campaign=NON+eNewsletter&amp;utm_medium=email&amp;_hsmi=277165433&amp;_hsenc=p2ANqtz-8Gcn5L2lFsnNizk-DQ-tdhL7XYcPd13FpLbzg7_yiQ6o70H5qwCkatfq7wPPamJc7D48KlInduy_Jl24auWlCjtiE-sw&amp;utm_content=277165433&amp;utm_source=hs_email\" style=\"color:blue; text-decoration:underline\"><span lang=\"EN-US\" style=\"font-size:14.0pt\">Freudenberg Adds Eco-Friendly Options for Carpet Backings<\/span><\/a><\/span><\/span><\/span><\/p>\r\n\r\n<p style=\"text-align:justify\">&nbsp;<\/p>\r\n\r\n<p style=\"text-align:justify\"><span style=\"font-size:11pt\"><span style=\"line-height:normal\"><span style=\"font-family:Calibri,sans-serif\"><b><span lang=\"EN-US\" style=\"font-size:18.0pt\"><span style=\"font-variant:small-caps\">Eventos<\/span><\/span><\/b><\/span><\/span><\/span><\/p>\r\n\r\n<p style=\"text-align:justify\"><span style=\"font-size:11pt\"><span style=\"line-height:normal\"><span style=\"font-family:Calibri,sans-serif\"><b><span lang=\"EN-US\" style=\"font-size:14.0pt\">FiltXPO&trade; 2023<\/span><\/b><span class=\"MsoHyperlink\" style=\"color:blue\"><span style=\"text-decoration:underline\"><span lang=\"EN-US\" style=\"font-size:14.0pt\"><span style=\"text-decoration:none\"><span style=\"text-underline:none\">, <\/span><\/span><\/span><\/span><\/span><span lang=\"EN-US\" style=\"font-size:14.0pt\">October 10-12, 2023 at Navy Pier in Chicago, Illinois<\/span><span class=\"MsoHyperlink\" style=\"color:blue\"><span style=\"text-decoration:underline\"><span lang=\"EN-US\" style=\"font-size:14.0pt\"><span style=\"text-decoration:none\"><span style=\"text-underline:none\">. <\/span><\/span><\/span><\/span><\/span><a href=\"https:\/\/www.filtxpo.com\/\" style=\"color:blue; text-decoration:underline\"><span style=\"font-size:14.0pt\">Informa&ccedil;&otilde;es<\/span><\/a> <\/span><\/span><\/span><\/p>\r\n\r\n<p style=\"text-align:justify\"><span style=\"font-size:11pt\"><span style=\"line-height:normal\"><span style=\"font-family:Calibri,sans-serif\"><b><span style=\"font-size:14.0pt\">CONAHP 2023<\/span><\/b><span style=\"font-size:14.0pt\">, 18 e 19 de outubro, Transamerica Expo Center, S&atilde;o Paulo, SP. <\/span><a href=\"https:\/\/conahp.org.br\/2023\/\" style=\"color:blue; text-decoration:underline\"><span style=\"font-size:14.0pt\">Informa&ccedil;&otilde;es<\/span><\/a> <\/span><\/span><\/span><\/p>\r\n\r\n<p style=\"text-align:justify\"><span style=\"font-size:11pt\"><span style=\"line-height:normal\"><span style=\"font-family:Calibri,sans-serif\"><b><span style=\"font-size:14.0pt\">NASCE CME | 5&ordm; CONALE - Congresso Nacional de Limpeza e Esteriliza&ccedil;&atilde;o<\/span><\/b><span style=\"font-size:14.0pt\">, 23 a 27 de outubro de 2023, evento online.<\/span> <a href=\"https:\/\/eventos.congresse.me\/conale\/edicoes\/conale-5-edicao\" style=\"color:blue; text-decoration:underline\"><span style=\"font-size:14.0pt\">Informa&ccedil;&otilde;es<\/span><\/a> <\/span><\/span><\/span><\/p>\r\n\r\n<p style=\"text-align:justify\"><span style=\"font-size:11pt\"><span style=\"line-height:normal\"><span style=\"font-family:Calibri,sans-serif\"><b><span style=\"font-size:14.0pt\">V Congreso Sudamericano de Composites, Poliuretano y Pl&aacute;sticos de Ingenier&iacute;a, <\/span><\/b><span style=\"font-size:14.0pt\">24 e 25 de outubro de 2023, Bogot&aacute;, Col&ocirc;mbia. <\/span><a href=\"http:\/\/www.congresosudamericano.com\/blog.html\" style=\"color:blue; text-decoration:underline\"><span style=\"font-size:14.0pt\">Informa&ccedil;&otilde;es<\/span><\/a> <\/span><\/span><\/span><\/p>\r\n\r\n<p style=\"text-align:justify\"><span style=\"font-size:11pt\"><span style=\"line-height:normal\"><span style=\"font-family:Calibri,sans-serif\"><b><span style=\"font-size:14.0pt\">FEIPLAR COMPOSITES &amp; FEIPUR | Pain&eacute;is Setoriais 2023<\/span><\/b><span style=\"font-size:14.0pt\">, 24, 25 e 26 de outubro de 2023. <\/span><a href=\"http:\/\/newsletter.feiplar.com.br\/accounts\/184158\/messages\/30?email=abint@abint.org.br&amp;c=1693235815&amp;contact_id=3458&amp;envelope_id=21\" style=\"color:blue; text-decoration:underline\"><span style=\"font-size:14.0pt\">Informa&ccedil;&otilde;es<\/span><\/a> <\/span><\/span><\/span><\/p>\r\n\r\n<p style=\"text-align:justify\"><span style=\"font-size:11pt\"><span style=\"line-height:normal\"><span style=\"font-family:Calibri,sans-serif\"><b><span style=\"font-size:14.0pt\">Industry CCUS 2023,<\/span><\/b> <span style=\"font-size:14.0pt\">29-30 November, Rotterdam, Netherlands.<\/span> <a href=\"https:\/\/fortesmedia.com\/industry-ccus-conference-2023,4,en,2,1,28.html#register\" style=\"color:blue; text-decoration:underline\"><span style=\"font-size:14.0pt\">Informa&ccedil;&otilde;es<\/span><\/a> <\/span><\/span><\/span><\/p>\r\n\r\n<p style=\"text-align:justify\"><span style=\"font-size:11pt\"><span style=\"line-height:normal\"><span style=\"font-family:Calibri,sans-serif\"><b><span style=\"font-size:14.0pt\">FEIPLAR COMPOSITES &amp; FEIPUR &ndash; Feira e Congresso Internacionais de Composites, Poliuretano, Pl&aacute;sticos de Engenharia e Compostos Termopl&aacute;sticos<\/span><\/b><span style=\"font-size:14.0pt\">, 20 a 22 de agosto de 2024, S&atilde;o Paulo Expo (Pavilh&atilde;o 5), palestras: das 8h30 &agrave;s 18h, feira: das 13h &agrave;s 20h.<b> <\/b><\/span><a href=\"http:\/\/www.feiplar.com\" style=\"color:blue; text-decoration:underline\"><span style=\"font-size:14.0pt\">www.feiplar.com<\/span><\/a> <\/span><\/span><\/span><\/p>\r\n\r\n<p style=\"text-align:justify\"><span style=\"font-size:28pt\"><span style=\"font-family:Cambria,serif\"><span style=\"letter-spacing:-0.5pt\"><b><span lang=\"EN-US\" style=\"font-size:18.0pt\"><span style=\"font-family:&quot;Calibri&quot;,sans-serif\"><span style=\"font-variant:small-caps\">Setor<\/span><\/span><\/span><\/b><\/span><\/span><\/span><\/p>\r\n\r\n<p style=\"text-align:justify\"><span style=\"font-size:11pt\"><span style=\"line-height:normal\"><span style=\"font-family:Calibri,sans-serif\"><a href=\"https:\/\/www.theindustryoutlook.com\/services-and-consulting\/panorama\/how-the-nonwoven-fabric-market-is-evolving-nwid-2336.html#:~:text=By%202030%2C%20the%20global%20market,major%20contributors%20to%20this%20expansion.\" style=\"color:blue; text-decoration:underline\"><span lang=\"EN-US\" style=\"font-size:14.0pt\">How The Non-Woven Fabric Market Is Evolving<\/span><\/a><\/span><\/span><\/span><\/p>\r\n\r\n<p style=\"text-align:justify\"><span style=\"font-size:11pt\"><span style=\"line-height:normal\"><span style=\"font-family:Calibri,sans-serif\"><a href=\"https:\/\/conectaverde.com.br\/perfil-2022-da-abiplast-apresenta-dados-atualizados-sobre-a-industria-do-plastico-no-brasil\/?utm_campaign=conecta_verde_news_41&amp;utm_medium=email&amp;utm_source=RD+Station\" style=\"color:blue; text-decoration:underline\"><span style=\"font-size:14.0pt\">Perfil 2022 da ABIPLAST apresenta dados atualizados sobre a ind&uacute;stria do pl&aacute;stico no Brasil<\/span><\/a><\/span><\/span><\/span><\/p>\r\n\r\n<p style=\"text-align:justify\"><span style=\"font-size:11pt\"><span style=\"line-height:normal\"><span style=\"font-family:Calibri,sans-serif\"><a href=\"https:\/\/www.nonwovens-industry.com\/contents\/view_breaking-news\/2023-10-03\/nonwovens-institute-expands-filtration-testing-lab?utm_campaign=NON+eNewsletter&amp;utm_medium=email&amp;_hsmi=277165433&amp;_hsenc=p2ANqtz-8Og0bnoX7EsqyxtmIhT2DXUqqCy5nRvy9vBUbOWpmEapRkPTuvo0h0Wsu0kqL3KMuP05ZK6E78WlVMOBUsIQb_rL1mGQ&amp;utm_content=277165433&amp;utm_source=hs_email\" style=\"color:blue; text-decoration:underline\"><span lang=\"EN-US\" style=\"font-size:14.0pt\">Nonwovens Institute Expands Filtration Testing Lab<\/span><\/a><\/span><\/span><\/span><\/p>\r\n\r\n<p style=\"text-align:justify\"><span style=\"font-size:11pt\"><span style=\"line-height:normal\"><span style=\"font-family:Calibri,sans-serif\"><a href=\"https:\/\/www.technicaltextile.net\/news\/india-s-agrotech-import-soars-to-x20b9-159-cr-hometech-plummets-to-x20b9-82-cr--290371.html\" style=\"color:blue; text-decoration:underline\"><span lang=\"EN-US\" style=\"font-size:14.0pt\">India&#39;s agrotech import soars to \u20b9159 cr; hometech plummets to \u20b982 cr<\/span><\/a><\/span><\/span><\/span><\/p>\r\n\r\n<p style=\"text-align:justify\"><span style=\"font-size:11pt\"><span style=\"line-height:normal\"><span style=\"font-family:Calibri,sans-serif\"><a href=\"https:\/\/www.technicaltextile.net\/news\/india-unveils-qcos-for-20-agro-textile-items-6-medical-textiles-items-290461.html\" style=\"color:blue; text-decoration:underline\"><span lang=\"EN-US\" style=\"font-size:14.0pt\">India unveils QCOs for 20 agro-textile items, 6 medical textiles items<\/span><\/a><\/span><\/span><\/span><\/p>\r\n\r\n<p style=\"text-align:justify\"><span style=\"font-size:11pt\"><span style=\"line-height:normal\"><span style=\"font-family:Calibri,sans-serif\"><a href=\"http:\/\/abimovel.com\/volume-de-producao-e-receita-voltam-a-crescer-na-industria-de-moveis-e-colchoes-no-inicio-do-segundo-semestre-aponta-abimovel\/?utm_campaign=volume_de_producao_e_receita_voltam_a_crescer_na_industria_de_moveis_e_colchoes_no_inicio_do_segundo_semestre_aponta_abimovel&amp;utm_medium=email&amp;utm_source=RD+Station\" style=\"color:blue; text-decoration:underline\"><span style=\"font-size:14.0pt\">Volume de produ&ccedil;&atilde;o e receita voltam a crescer na ind&uacute;stria de m&oacute;veis e colch&otilde;es no in&iacute;cio do segundo semestre, aponta ABIM&Oacute;VEL<\/span><\/a><\/span><\/span><\/span><\/p>\r\n\r\n<p style=\"text-align:justify\"><span style=\"font-size:11pt\"><span style=\"line-height:normal\"><span style=\"font-family:Calibri,sans-serif\"><a href=\"https:\/\/www.noticiasagricolas.com.br\/noticias\/agronegocio\/361049-agro-e-prosa-episodio-602-o-sucesso-do-cocho-de-tecido-de-big-bags-na-pecuaria.html\" style=\"color:blue; text-decoration:underline\"><span style=\"font-size:14.0pt\">O sucesso do cocho de tecido de big bags na pecu&aacute;ria<\/span><\/a><\/span><\/span><\/span><\/p>\r\n\r\n<p style=\"text-align:justify\"><span style=\"font-size:28pt\"><span style=\"font-family:Cambria,serif\"><span style=\"letter-spacing:-0.5pt\"><b><span style=\"font-size:18.0pt\"><span style=\"font-family:&quot;Calibri&quot;,sans-serif\"><span style=\"font-variant:small-caps\">Ind&uacute;stria<\/span><\/span><\/span><\/b><\/span><\/span><\/span><\/p>\r\n\r\n<p style=\"text-align:justify\"><span style=\"font-size:11pt\"><span style=\"line-height:normal\"><span style=\"font-family:Calibri,sans-serif\"><a href=\"https:\/\/noticias.portaldaindustria.com.br\/noticias\/competitividade\/produtividade-do-trabalho-indicador-volta-a-crescer-no-2o-trimestre-de-2023\/\" style=\"color:blue; text-decoration:underline\"><span style=\"font-size:14.0pt\">Produtividade do trabalho: indicador volta a crescer no 2&ordm; trimestre de 2023<\/span><\/a><\/span><\/span><\/span><\/p>\r\n\r\n<p style=\"text-align:justify\"><span style=\"font-size:11pt\"><span style=\"line-height:normal\"><span style=\"font-family:Calibri,sans-serif\"><a href=\"https:\/\/noticias.portaldaindustria.com.br\/noticias\/competitividade\/custos-industriais-caem-mas-estao-313-acima-do-nivel-pre-pandemia-diz-cni\/\" style=\"color:blue; text-decoration:underline\"><span style=\"font-size:14.0pt\">Custos industriais caem, mas est&atilde;o 31,3% acima do n&iacute;vel pr&eacute;-pandemia, diz CNI<\/span><\/a><\/span><\/span><\/span><\/p>\r\n\r\n<p style=\"text-align:justify\"><span style=\"font-size:11pt\"><span style=\"line-height:normal\"><span style=\"font-family:Calibri,sans-serif\"><a href=\"https:\/\/noticias.portaldaindustria.com.br\/noticias\/economia\/faturamento-da-industria-da-transformacao-avancou-06-em-agosto-de-2023\/\" style=\"color:blue; text-decoration:underline\"><span style=\"font-size:14.0pt\">Faturamento da ind&uacute;stria da transforma&ccedil;&atilde;o avan&ccedil;ou 0,6% em agosto de 2023<\/span><\/a><\/span><\/span><\/span><\/p>\r\n\r\n<p style=\"text-align:justify\"><span style=\"font-size:11pt\"><span style=\"line-height:normal\"><span style=\"font-family:Calibri,sans-serif\"><a href=\"https:\/\/grandesconstrucoes.com.br\/Noticias\/Exibir\/industria-de-transformacao-precisa-investir-r-456-bilhoes-por-ano?utm_source=akna&amp;utm_medium=email&amp;utm_campaign=Grandes-Construcoes-Informativo-882-05-10-2023&amp;utm_source=akna&amp;utm_medium=email&amp;utm_campaign=Grandes-Construcoes-Informativo-882-05-10-2023\" style=\"color:blue; text-decoration:underline\"><span style=\"font-size:14.0pt\">Ind&uacute;stria de transforma&ccedil;&atilde;o precisa investir R$ 456 bilh&otilde;es por ano<\/span><\/a><\/span><\/span><\/span><\/p>\r\n\r\n<p style=\"text-align:justify\"><span style=\"font-size:11pt\"><span style=\"line-height:normal\"><span style=\"font-family:Calibri,sans-serif\"><a href=\"https:\/\/www.infomoney.com.br\/consumo\/anfavea-rebaixa-de-22-para-01-crescimento-da-producao-de-veiculos-no-ano\/\" style=\"color:blue; text-decoration:underline\"><span style=\"font-size:14.0pt\">Anfavea rebaixa de 2,2% para 0,1% crescimento da produ&ccedil;&atilde;o de ve&iacute;culos no ano<\/span><\/a><\/span><\/span><\/span><\/p>\r\n\r\n<p style=\"text-align:justify\"><span style=\"font-size:11pt\"><span style=\"line-height:normal\"><span style=\"font-family:Calibri,sans-serif\"><a href=\"https:\/\/grandesconstrucoes.com.br\/Noticias\/Exibir\/construcao-gera-mais-283-mil-empregos-formais-em-agosto?utm_source=akna&amp;utm_medium=email&amp;utm_campaign=Grandes-Construcoes-Informativo-882-05-10-2023&amp;utm_source=akna&amp;utm_medium=email&amp;utm_campaign=Grandes-Construcoes-Informativo-882-05-10-2023\" style=\"color:blue; text-decoration:underline\"><span style=\"font-size:14.0pt\">Constru&ccedil;&atilde;o gera mais 28,3 mil empregos formais em agosto<\/span><\/a><\/span><\/span><\/span><\/p>\r\n\r\n<p style=\"text-align:justify\"><span style=\"font-size:28pt\"><span style=\"font-family:Cambria,serif\"><span style=\"letter-spacing:-0.5pt\"><b><span style=\"font-size:18.0pt\"><span style=\"font-family:&quot;Calibri&quot;,sans-serif\"><span style=\"font-variant:small-caps\">Sustentabilidade<\/span><\/span><\/span><\/b><\/span><\/span><\/span><\/p>\r\n\r\n<p style=\"text-align:justify\"><span style=\"font-size:11pt\"><span style=\"line-height:normal\"><span style=\"font-family:Calibri,sans-serif\"><a href=\"https:\/\/grandesconstrucoes.com.br\/Noticias\/Exibir\/senado-aprova-regulamentacao-do-mercado-brasileiro-de-carbono?utm_source=akna&amp;utm_medium=email&amp;utm_campaign=Grandes-Construcoes-Informativo-882-05-10-2023&amp;utm_source=akna&amp;utm_medium=email&amp;utm_campaign=Grandes-Construcoes-Informativo-882-05-10-2023\" style=\"color:blue; text-decoration:underline\"><span style=\"font-size:14.0pt\">Senado aprova regulamenta&ccedil;&atilde;o do mercado brasileiro de carbono<\/span><\/a><\/span><\/span><\/span><\/p>\r\n\r\n<p style=\"text-align:justify\"><span style=\"font-size:11pt\"><span style=\"line-height:normal\"><span style=\"font-family:Calibri,sans-serif\"><a href=\"https:\/\/www.gov.br\/ana\/pt-br\/assuntos\/noticias-e-eventos\/noticias\/ana-discute-desafios-e-oportunidades-para-o-setor-do-saneamento-basico-no-34o-encontro-tecnico-aesabesp-fenasan-2023-em-sao-paulo\" style=\"color:blue; text-decoration:underline\"><span style=\"font-size:14.0pt\">ANA discute desafios e oportunidades para o setor do saneamento b&aacute;sico no 34&ordm; Encontro T&eacute;cnico AESabesp\/Fenasan 2023 em S&atilde;o Paulo<\/span><\/a><\/span><\/span><\/span><\/p>\r\n\r\n<p style=\"text-align:justify\"><span style=\"font-size:11pt\"><span style=\"line-height:normal\"><span style=\"font-family:Calibri,sans-serif\"><a href=\"https:\/\/www.terra.com.br\/planeta\/produtos-feitos-de-falso-plastico-biodegradavel-sao-vendidos-mais-caros-em-supermercados-do-brasil,8df0d921e3f74b6e7df731739647973ayvr7i4xc.html\" style=\"color:blue; text-decoration:underline\"><span style=\"font-size:14.0pt\">Produtos feitos de falso pl&aacute;stico biodegrad&aacute;vel s&atilde;o vendidos mais caros em supermercados do Brasil<\/span><\/a><\/span><\/span><\/span><\/p>\r\n\r\n<p style=\"text-align:justify\"><span style=\"font-size:11pt\"><span style=\"line-height:normal\"><span style=\"font-family:Calibri,sans-serif\"><a href=\"https:\/\/plasticosemrevista.com.br\/europa-reciclagem-de-pp-e-pe-em-crise-persistente\/\" style=\"color:blue; text-decoration:underline\"><span style=\"font-size:14.0pt\">Europa: reciclagem de PP e PE em crise persistente<\/span><\/a><\/span><\/span><\/span><\/p>\r\n\r\n<p style=\"text-align:justify\"><span style=\"font-size:28pt\"><span style=\"font-family:Cambria,serif\"><span style=\"letter-spacing:-0.5pt\"><b><span style=\"font-size:18.0pt\"><span style=\"font-family:&quot;Calibri&quot;,sans-serif\"><span style=\"font-variant:small-caps\">Inova&ccedil;&atilde;o<\/span><\/span><\/span><\/b><\/span><\/span><\/span><\/p>\r\n\r\n<p style=\"text-align:justify\"><span style=\"font-size:11pt\"><span style=\"line-height:normal\"><span style=\"font-family:Calibri,sans-serif\"><a href=\"https:\/\/vidamoderna.com.br\/Carbios_revela_grande_inovacao_na_reciclagem_de_poliester_com_nova_linha_de_preparacao_textil_na_presenca_de_Roland_Lescure_Ministro_da_Industria_frances\/\" style=\"color:blue; text-decoration:underline\"><span style=\"font-size:14.0pt\">Inova&ccedil;&atilde;o na reciclagem de poli&eacute;ster<\/span><\/a><\/span><\/span><\/span><\/p>\r\n\r\n<p style=\"text-align:justify\"><span style=\"font-size:11pt\"><span style=\"line-height:normal\"><span style=\"font-family:Calibri,sans-serif\"><a href=\"https:\/\/www.ibtec.org.br\/midias\/noticia\/9o-forum-de-inovacao-do-ibtec-reuniu-liderancas-do-setor-coureiro-calcadista\" style=\"color:blue; text-decoration:underline\"><span style=\"font-size:14.0pt\">9&ordm; F&oacute;rum de Inova&ccedil;&atilde;o Do IBTeC reuniu lideran&ccedil;as do Setor Coureiro-Cal&ccedil;adista<\/span><\/a><\/span><\/span><\/span><\/p>\r\n\r\n<p style=\"text-align:justify\"><span style=\"font-size:11pt\"><span style=\"line-height:normal\"><span style=\"font-family:Calibri,sans-serif\"><a href=\"https:\/\/www.innovationintextiles.com\/smart-textiles-nanotechnology\/benefits-of-printed-electronics-outlined\/\" style=\"color:blue; text-decoration:underline\"><span lang=\"EN-US\" style=\"font-size:14.0pt\">Smart Textiles | Benefits of printed electronics outlined | Transforming passive textiles into active and interactive devices<\/span><\/a><\/span><\/span><\/span><\/p>\r\n\r\n<p style=\"text-align:justify\"><span style=\"font-size:28pt\"><span style=\"font-family:Cambria,serif\"><span style=\"letter-spacing:-0.5pt\"><b><span style=\"font-size:18.0pt\"><span style=\"font-family:&quot;Calibri&quot;,sans-serif\"><span style=\"font-variant:small-caps\">Com&eacute;rcio Exterior<\/span><\/span><\/span><\/b><\/span><\/span><\/span><\/p>\r\n\r\n<p style=\"text-align:justify\"><span style=\"font-size:11pt\"><span style=\"line-height:normal\"><span style=\"font-family:Calibri,sans-serif\"><a href=\"https:\/\/noticias.uol.com.br\/ultimas-noticias\/reuters\/2023\/10\/05\/negociacoes-comerciais-entre-ue-e-mercosul-se-intensificam-a-um-ritmo-semanal-dizem-fontes.htm\" style=\"color:blue; text-decoration:underline\"><span style=\"font-size:14.0pt\">Negocia&ccedil;&otilde;es comerciais entre UE e Mercosul se intensificam a um ritmo semanal, dizem fontes<\/span><\/a><\/span><\/span><\/span><\/p>\r\n\r\n<p style=\"text-align:justify\"><span style=\"font-size:11pt\"><span style=\"line-height:normal\"><span style=\"font-family:Calibri,sans-serif\"><a href=\"https:\/\/static.portaldaindustria.com.br\/media\/filer_public\/d7\/44\/d74476c9-0b00-4c05-b916-19b62be39403\/apc_9_edicao_atualizada_out2023_v3.pdf\" style=\"color:blue; text-decoration:underline\"><span style=\"font-size:14.0pt\">Regulamento da Uni&atilde;o Europeia estabelece mecanismo de ajuste de carbono na fronteira (CBAM)<\/span><\/a><\/span><\/span><\/span><\/p>\r\n\r\n<p style=\"text-align:justify\"><span style=\"font-size:11pt\"><span style=\"line-height:normal\"><span style=\"font-family:Calibri,sans-serif\"><a href=\"https:\/\/static.portaldaindustria.com.br\/media\/filer_public\/14\/cb\/14cb3081-5bf3-4af6-9b81-5427bd58e056\/informepoliticacomercial_23_48_confac_decreto_11717-2023_.pdf\" style=\"color:blue; text-decoration:underline\"><span style=\"font-size:14.0pt\">Novo decreto atualiza as disposi&ccedil;&otilde;es do Comit&ecirc; de Facilita&ccedil;&atilde;o de Com&eacute;rcio (Confac) no Brasil<\/span><\/a><\/span><\/span><\/span><\/p>\r\n\r\n<p style=\"text-align:justify\"><span style=\"font-size:11pt\"><span style=\"line-height:normal\"><span style=\"font-family:Calibri,sans-serif\"><a href=\"https:\/\/static.portaldaindustria.com.br\/media\/filer_public\/d3\/ae\/d3aed4f8-d866-4032-ab95-df1898bdd1a3\/nota_economica29_ago2023_v5.pdf\" style=\"color:blue; text-decoration:underline\"><span style=\"font-size:14.0pt\">Exporta&ccedil;&otilde;es focadas em bens industriais impulsionam a economia brasileira<\/span><\/a><\/span><\/span><\/span><\/p>\r\n\r\n<p style=\"text-align:justify\"><span style=\"font-size:11pt\"><span style=\"line-height:normal\"><span style=\"font-family:Calibri,sans-serif\"><a href=\"https:\/\/exame.com\/esferabrasil\/brasil-deve-fechar-o-ano-com-us-93-bilhoes-em-saldo-comercial\/\" style=\"color:blue; text-decoration:underline\"><span style=\"font-size:14.0pt\">Brasil deve fechar o ano com US$ 93 bilh&otilde;es em saldo comercial<\/span><\/a><\/span><\/span><\/span><\/p>\r\n\r\n<p style=\"text-align:justify\"><span style=\"font-size:11pt\"><span style=\"line-height:normal\"><span style=\"font-family:Calibri,sans-serif\"><a href=\"https:\/\/www.infomoney.com.br\/mercados\/os-principais-impactos-nos-mercados-do-conflito-israel-hamas-de-acordo-com-8-especialistas\/\" style=\"color:blue; text-decoration:underline\"><span style=\"font-size:14.0pt\">Os principais impactos nos mercados do conflito Israel-Hamas, de acordo com 8 especialistas<\/span><\/a><\/span><\/span><\/span><\/p>\r\n\r\n<p style=\"text-align:justify\"><span style=\"font-size:28pt\"><span style=\"font-family:Cambria,serif\"><span style=\"letter-spacing:-0.5pt\"><b><span style=\"font-size:18.0pt\"><span style=\"font-family:&quot;Calibri&quot;,sans-serif\"><span style=\"font-variant:small-caps\">Economia<\/span><\/span><\/span><\/b><\/span><\/span><\/span><\/p>\r\n\r\n<p style=\"text-align:justify\"><span style=\"font-size:11pt\"><span style=\"line-height:normal\"><span style=\"font-family:Calibri,sans-serif\"><a href=\"https:\/\/www.bcb.gov.br\/content\/focus\/focus\/R20231006.pdf\" style=\"color:blue; text-decoration:underline\"><span style=\"font-size:14.0pt\">Focus &ndash; Relat&oacute;rio de Mercado<\/span><\/a><\/span><\/span><\/span><\/p>\r\n\r\n<p style=\"text-align:justify\"><span style=\"font-size:11pt\"><span style=\"line-height:normal\"><span style=\"font-family:Calibri,sans-serif\"><a href=\"https:\/\/portalibre.fgv.br\/system\/files\/2023-10\/Bar%C3%B4metros%20Globais%20KOF-FGV_Press%20release_10_2023_0.pdf\" style=\"color:blue; text-decoration:underline\"><span style=\"font-size:14.0pt\">Bar&ocirc;metro Global Antecedente sobe para n&iacute;vel superior aos 100 pontos<\/span><\/a><\/span><\/span><\/span><\/p>\r\n\r\n<p style=\"text-align:justify\"><span style=\"font-size:11pt\"><span style=\"line-height:normal\"><span style=\"font-family:Calibri,sans-serif\"><a href=\"https:\/\/ibre.fgv.br\/blog-da-conjuntura-economica\/artigos\/ate-o-fim-do-ano-teremos-um-cenario-externo-conturbado-e-isso\" style=\"color:blue; text-decoration:underline\"><span style=\"font-size:14.0pt\">&ldquo;At&eacute; o fim do ano, teremos um cen&aacute;rio externo conturbado, e isso joga contra a agenda do governo&rdquo;<\/span><\/a><\/span><\/span><\/span><\/p>\r\n\r\n<p style=\"text-align:justify\"><span style=\"font-size:11pt\"><span style=\"line-height:normal\"><span style=\"font-family:Calibri,sans-serif\"><a href=\"https:\/\/ibre.fgv.br\/blog-da-conjuntura-economica\/artigos\/reforma-tributaria-com-um-iva-acima-de-25-compromete-se-o\" style=\"color:blue; text-decoration:underline\"><span style=\"font-size:14.0pt\">Reforma tribut&aacute;ria: &ldquo;Com um IVA acima de 25%, compromete-se o processo de reindustrializa&ccedil;&atilde;o&rdquo;<\/span><\/a><\/span><\/span><\/span><\/p>\r\n\r\n<p style=\"text-align:justify\"><span style=\"font-size:11pt\"><span style=\"line-height:115%\"><span style=\"font-family:Calibri,sans-serif\"><a href=\"https:\/\/www.fibre2fashion.com\/news\/textile-news\/euro-area-sees-inflation-rate-drop-to-4-3-in-sept-2023-290497-newsdetails.htm?type=p\" style=\"color:blue; text-decoration:underline\"><span lang=\"EN-US\" style=\"font-size:14.0pt\"><span style=\"line-height:115%\">Euro area sees inflation rate drop to 4.3% in Sept 2023<\/span><\/span><\/a><\/span><\/span><\/span><\/p>\r\n\r\n<p style=\"text-align:justify\">&nbsp;<\/p>\r\n","6":"<p style=\"text-align:justify\"><span style=\"font-size:11pt\"><span style=\"line-height:normal\"><span style=\"font-family:Calibri,sans-serif\"><span style=\"font-size:14.0pt\">Esta &eacute; uma compila&ccedil;&atilde;o das not&iacute;cias mais relevantes para o setor, incluindo informa&ccedil;&otilde;es sobre acordos internacionais, economia brasileira, sustentabilidade e mat&eacute;rias primas, al&eacute;m de novidades do setor de N&atilde;otecidos e Tecidos T&eacute;cnicos.<\/span><\/span><\/span><\/span><\/p>\r\n\r\n<p style=\"text-align:justify\"><span style=\"font-size:28pt\"><span style=\"font-family:Cambria,serif\"><span style=\"letter-spacing:-0.5pt\"><b><span style=\"font-size:18.0pt\"><span style=\"font-family:&quot;Calibri&quot;,sans-serif\"><span style=\"font-variant:small-caps\">A&ccedil;&otilde;es ABINT<\/span><\/span><\/span><\/b><\/span><\/span><\/span><\/p>\r\n\r\n<ul>\r\n\t<li style=\"text-align:justify\"><span style=\"font-size:11pt\"><span style=\"line-height:normal\"><span style=\"font-family:Calibri,sans-serif\"><b><span style=\"font-size:14.0pt\">O que vem por a&iacute;<\/span><\/b><\/span><\/span><\/span><\/li>\r\n<\/ul>\r\n\r\n<p style=\"text-align:justify\"><span style=\"font-size:11pt\"><span style=\"line-height:normal\"><span style=\"font-family:Calibri,sans-serif\"><b><span style=\"font-size:14.0pt\"><img src=\"https:\/\/www.abint.org.br\/assets\/img\/editor\/16o-congresso-sobecc_20231010164123Cs0oppox93.png\" \/><\/span><\/b><\/span><\/span><\/span><\/p>\r\n\r\n<p style=\"text-align:justify\"><span style=\"font-size:14.0pt\"><span style=\"line-height:115%\"><span style=\"font-family:&quot;Calibri&quot;,sans-serif\">O <b>CTH ABINT &eacute; um dos patrocinadores do 16&ordm; Congresso Brasileiro de Enfermagem em Centro Cir&uacute;rgico, Recupera&ccedil;&atilde;o Anest&eacute;sica e Centro de Material e Esteriliza&ccedil;&atilde;o e 1st International Congress of Perioperative Nursing | &ldquo;A experi&ecirc;ncia do paciente cir&uacute;rgico: o cuidado singular do amor de algu&eacute;m&rdquo;<\/b>, que ocorrer&aacute; 07 a 10 de novembro de 2023, no Centro de Conven&ccedil;&otilde;es, Distrito Anhembi, Av. Olavo Fontoura, 1209, Santana, CEP 02012-021, S&atilde;o Paulo, SP.<\/span><\/span><\/span> <span style=\"font-size:11.0pt\"><span style=\"line-height:115%\"><span style=\"font-family:&quot;Calibri&quot;,sans-serif\"><a href=\"https:\/\/www.congresso-simposio-sobecc.com.br\/sobecc2023\" style=\"color:blue; text-decoration:underline\"><span style=\"font-size:14.0pt\"><span style=\"line-height:115%\">Informa&ccedil;&otilde;es<\/span><\/span><\/a><\/span><\/span><\/span><\/p>\r\n\r\n<p style=\"text-align:justify\">&nbsp;<\/p>\r\n\r\n<p style=\"text-align:justify\"><span style=\"font-size:11.0pt\"><span style=\"line-height:115%\"><span style=\"font-family:&quot;Calibri&quot;,sans-serif\"><span style=\"font-size:14.0pt\"><span style=\"line-height:115%\"><img src=\"https:\/\/www.abint.org.br\/assets\/img\/editor\/2o-seminario-abrafiltros_202310101642475KeAk5u38t.jpeg\" style=\"width: 500px; height: 492px;\" \/><\/span><\/span><\/span><\/span><\/span><\/p>\r\n\r\n<p style=\"text-align:justify\"><span style=\"font-size:11pt\"><span style=\"line-height:normal\"><span style=\"font-family:Calibri,sans-serif\"><span style=\"font-size:14.0pt\">A <b>ABINT<\/b> &eacute; uma das<b> apoiadoras do 2&ordm; Semin&aacute;rio de Filtros, <\/b>evento online e gratuito, que ocorrer&aacute;<b> dia 08 de novembro.&nbsp;<\/b><\/span><\/span><\/span><\/span><span style=\"font-size:11pt\"><span style=\"line-height:normal\"><span style=\"font-family:Calibri,sans-serif\"><a href=\"http:\/\/www.abrafiltros.org.br\/seminario\" style=\"color:blue; text-decoration:underline\"><b><span style=\"font-size:14.0pt\">Informa&ccedil;&otilde;es<\/span><\/b><\/a><\/span><\/span><\/span><\/p>\r\n\r\n<p style=\"text-align:justify\">&nbsp;<\/p>\r\n\r\n<p style=\"text-align:justify\"><span style=\"font-size:11pt\"><span style=\"line-height:normal\"><span style=\"font-family:Calibri,sans-serif\"><b><span style=\"font-size:14.0pt\"><img src=\"https:\/\/www.abint.org.br\/assets\/img\/editor\/congresso-internacional-abit-2023_20231010164352jta4O9v5El.png\" style=\"width: 500px; height: 442px;\" \/><\/span><\/b><\/span><\/span><\/span><\/p>\r\n\r\n<p style=\"text-align:justify\"><span style=\"font-size:11pt\"><span style=\"line-height:normal\"><span style=\"font-family:Calibri,sans-serif\"><b><span style=\"font-size:14.0pt\">A ABINT &eacute; uma das patrocinadoras do Congresso Internacional ABIT 2023, <\/span><\/b><span style=\"font-size:14.0pt\">que ocorrer&aacute;<b> dias 08 e 09 de novembro, na FIESC, Florian&oacute;polis, SC.&nbsp;<\/b><\/span><b><span style=\"font-size:14.0pt\"><a href=\"https:\/\/t.rdsv1.net\/ls\/click?upn=LFSWB5boDXSqxt4eHgA5r3YUv3HG6yY4XTXT-2BpjEpFmt56yR61Gu09ER-2Bq95-2FgFAbN46ClwLMWPZzveVybfat1CKHOKhUUtOIVaFgsR5U28dlEKVouFrV1iSMaKnlWHCANmwKiZ4x1Oy9BDRL5tuTGPXgO91zEc1uo-2FbtPYQFm3y4fMGnbuiV3FEKs9g9uy1l2sL_iW8zc4KBvTUX2z9kws1M6pjQI9DpNNh-2Fk6fgMN4DbaFx-2BL1o5swSv2HtiLB2iGFhqxZ0654f80VOIjakRycDjcrdu1MF6BdTRc4d4wYs0wcxXXPsRygypvnzeOAhjjgiEkGX1jMsv1FD9IiN0mt5TiPA-2F-2FcYbMJqgkOyyeRxcI4izBTlMz4tYAchHCwHneJZvJXH0y9HeVp67XkJynQGH21X32t2y1CeSaYEq0zVO-2BnyLK4mDGipKkH-2FZQCwU2MKfdHIIgVMZzvyz5G5cXFeOFC58YiNyn2cnMPO14gymNMfyWFH-2BHHlC3b47l7V1Qmqxs4es-2BeyjBwNpbTVF3mKTVfvVN8KGLr0cqLDBhDLHrW7KPcTfpWgS5gfvWdAKEPOEmZKoo4k2kAi0PFh6jxFYAV2tXcAZfbY2kx8RXrY81D1SMCEBW0alhXBRKfUMvljxKCVojmlXya75YoxeWm0PKiSpaikvnyQHb1SYVAvooBBGQr8kVTT7gfi2jpYOB7Yz3v8ovwiOQwMF4kMzI4BGg58Stg7NIyaStQsDmhOsSp6GMNA3SG1UPw-2Fljh3rhjS-2BFt0EiGPe9cI33b9n1X0Y0ud-2BOFmeXkp5V9mMyq0eViPM4g6fXMuiRQFG1Lhn1lb5TsAtW9vCVxHdYrOB-2F6cV4-2FiOK5JwicsxDApwdvwvys-3D\" style=\"color:blue; text-decoration:underline\">Informa&ccedil;&otilde;es<\/a><\/span><\/b><\/span><\/span><\/span><\/p>\r\n\r\n<p class=\"MsoTitle\" style=\"text-align:justify\"><strong><span style=\"font-size:28pt\"><span style=\"font-family:Cambria,serif\"><span style=\"letter-spacing:-0.5pt\"><span lang=\"EN-US\" style=\"font-size:18.0pt\"><span style=\"font-family:&quot;Calibri&quot;,sans-serif\"><span style=\"font-variant:small-caps\">Not&iacute;cias das Associadas<\/span><\/span><\/span><\/span><\/span><\/span><\/strong><\/p>\r\n\r\n<p style=\"text-align:justify\"><span style=\"font-size:11pt\"><span style=\"line-height:normal\"><span style=\"font-family:Calibri,sans-serif\"><a href=\"https:\/\/www.nonwovens-industry.com\/contents\/view_breaking-news\/2023-10-05\/freudenberg-adds-eco-friendly-options-for-carpet-backings?utm_campaign=NON+eNewsletter&amp;utm_medium=email&amp;_hsmi=277165433&amp;_hsenc=p2ANqtz-8Gcn5L2lFsnNizk-DQ-tdhL7XYcPd13FpLbzg7_yiQ6o70H5qwCkatfq7wPPamJc7D48KlInduy_Jl24auWlCjtiE-sw&amp;utm_content=277165433&amp;utm_source=hs_email\" style=\"color:blue; text-decoration:underline\"><span lang=\"EN-US\" style=\"font-size:14.0pt\">Freudenberg Adds Eco-Friendly Options for Carpet Backings<\/span><\/a><\/span><\/span><\/span><\/p>\r\n\r\n<p style=\"text-align:justify\">&nbsp;<\/p>\r\n\r\n<p style=\"text-align:justify\"><span style=\"font-size:11pt\"><span style=\"line-height:normal\"><span style=\"font-family:Calibri,sans-serif\"><b><span lang=\"EN-US\" style=\"font-size:18.0pt\"><span style=\"font-variant:small-caps\">Eventos<\/span><\/span><\/b><\/span><\/span><\/span><\/p>\r\n\r\n<p style=\"text-align:justify\"><span style=\"font-size:11pt\"><span style=\"line-height:normal\"><span style=\"font-family:Calibri,sans-serif\"><b><span lang=\"EN-US\" style=\"font-size:14.0pt\">FiltXPO&trade; 2023<\/span><\/b><span class=\"MsoHyperlink\" style=\"color:blue\"><span style=\"text-decoration:underline\"><span lang=\"EN-US\" style=\"font-size:14.0pt\"><span style=\"text-decoration:none\"><span style=\"text-underline:none\">, <\/span><\/span><\/span><\/span><\/span><span lang=\"EN-US\" style=\"font-size:14.0pt\">October 10-12, 2023 at Navy Pier in Chicago, Illinois<\/span><span class=\"MsoHyperlink\" style=\"color:blue\"><span style=\"text-decoration:underline\"><span lang=\"EN-US\" style=\"font-size:14.0pt\"><span style=\"text-decoration:none\"><span style=\"text-underline:none\">. <\/span><\/span><\/span><\/span><\/span><a href=\"https:\/\/www.filtxpo.com\/\" style=\"color:blue; text-decoration:underline\"><span style=\"font-size:14.0pt\">Informa&ccedil;&otilde;es<\/span><\/a> <\/span><\/span><\/span><\/p>\r\n\r\n<p style=\"text-align:justify\"><span style=\"font-size:11pt\"><span style=\"line-height:normal\"><span style=\"font-family:Calibri,sans-serif\"><b><span style=\"font-size:14.0pt\">CONAHP 2023<\/span><\/b><span style=\"font-size:14.0pt\">, 18 e 19 de outubro, Transamerica Expo Center, S&atilde;o Paulo, SP. <\/span><a href=\"https:\/\/conahp.org.br\/2023\/\" style=\"color:blue; text-decoration:underline\"><span style=\"font-size:14.0pt\">Informa&ccedil;&otilde;es<\/span><\/a> <\/span><\/span><\/span><\/p>\r\n\r\n<p style=\"text-align:justify\"><span style=\"font-size:11pt\"><span style=\"line-height:normal\"><span style=\"font-family:Calibri,sans-serif\"><b><span style=\"font-size:14.0pt\">NASCE CME | 5&ordm; CONALE - Congresso Nacional de Limpeza e Esteriliza&ccedil;&atilde;o<\/span><\/b><span style=\"font-size:14.0pt\">, 23 a 27 de outubro de 2023, evento online.<\/span> <a href=\"https:\/\/eventos.congresse.me\/conale\/edicoes\/conale-5-edicao\" style=\"color:blue; text-decoration:underline\"><span style=\"font-size:14.0pt\">Informa&ccedil;&otilde;es<\/span><\/a> <\/span><\/span><\/span><\/p>\r\n\r\n<p style=\"text-align:justify\"><span style=\"font-size:11pt\"><span style=\"line-height:normal\"><span style=\"font-family:Calibri,sans-serif\"><b><span style=\"font-size:14.0pt\">V Congreso Sudamericano de Composites, Poliuretano y Pl&aacute;sticos de Ingenier&iacute;a, <\/span><\/b><span style=\"font-size:14.0pt\">24 e 25 de outubro de 2023, Bogot&aacute;, Col&ocirc;mbia. <\/span><a href=\"http:\/\/www.congresosudamericano.com\/blog.html\" style=\"color:blue; text-decoration:underline\"><span style=\"font-size:14.0pt\">Informa&ccedil;&otilde;es<\/span><\/a> <\/span><\/span><\/span><\/p>\r\n\r\n<p style=\"text-align:justify\"><span style=\"font-size:11pt\"><span style=\"line-height:normal\"><span style=\"font-family:Calibri,sans-serif\"><b><span style=\"font-size:14.0pt\">FEIPLAR COMPOSITES &amp; FEIPUR | Pain&eacute;is Setoriais 2023<\/span><\/b><span style=\"font-size:14.0pt\">, 24, 25 e 26 de outubro de 2023. <\/span><a href=\"http:\/\/newsletter.feiplar.com.br\/accounts\/184158\/messages\/30?email=abint@abint.org.br&amp;c=1693235815&amp;contact_id=3458&amp;envelope_id=21\" style=\"color:blue; text-decoration:underline\"><span style=\"font-size:14.0pt\">Informa&ccedil;&otilde;es<\/span><\/a> <\/span><\/span><\/span><\/p>\r\n\r\n<p style=\"text-align:justify\"><span style=\"font-size:11pt\"><span style=\"line-height:normal\"><span style=\"font-family:Calibri,sans-serif\"><b><span style=\"font-size:14.0pt\">Industry CCUS 2023,<\/span><\/b> <span style=\"font-size:14.0pt\">29-30 November, Rotterdam, Netherlands.<\/span> <a href=\"https:\/\/fortesmedia.com\/industry-ccus-conference-2023,4,en,2,1,28.html#register\" style=\"color:blue; text-decoration:underline\"><span style=\"font-size:14.0pt\">Informa&ccedil;&otilde;es<\/span><\/a> <\/span><\/span><\/span><\/p>\r\n\r\n<p style=\"text-align:justify\"><span style=\"font-size:11pt\"><span style=\"line-height:normal\"><span style=\"font-family:Calibri,sans-serif\"><b><span style=\"font-size:14.0pt\">FEIPLAR COMPOSITES &amp; FEIPUR &ndash; Feira e Congresso Internacionais de Composites, Poliuretano, Pl&aacute;sticos de Engenharia e Compostos Termopl&aacute;sticos<\/span><\/b><span style=\"font-size:14.0pt\">, 20 a 22 de agosto de 2024, S&atilde;o Paulo Expo (Pavilh&atilde;o 5), palestras: das 8h30 &agrave;s 18h, feira: das 13h &agrave;s 20h.<b> <\/b><\/span><a href=\"http:\/\/www.feiplar.com\" style=\"color:blue; text-decoration:underline\"><span style=\"font-size:14.0pt\">www.feiplar.com<\/span><\/a> <\/span><\/span><\/span><\/p>\r\n\r\n<p style=\"text-align:justify\"><span style=\"font-size:28pt\"><span style=\"font-family:Cambria,serif\"><span style=\"letter-spacing:-0.5pt\"><b><span lang=\"EN-US\" style=\"font-size:18.0pt\"><span style=\"font-family:&quot;Calibri&quot;,sans-serif\"><span style=\"font-variant:small-caps\">Setor<\/span><\/span><\/span><\/b><\/span><\/span><\/span><\/p>\r\n\r\n<p style=\"text-align:justify\"><span style=\"font-size:11pt\"><span style=\"line-height:normal\"><span style=\"font-family:Calibri,sans-serif\"><a href=\"https:\/\/www.theindustryoutlook.com\/services-and-consulting\/panorama\/how-the-nonwoven-fabric-market-is-evolving-nwid-2336.html#:~:text=By%202030%2C%20the%20global%20market,major%20contributors%20to%20this%20expansion.\" style=\"color:blue; text-decoration:underline\"><span lang=\"EN-US\" style=\"font-size:14.0pt\">How The Non-Woven Fabric Market Is Evolving<\/span><\/a><\/span><\/span><\/span><\/p>\r\n\r\n<p style=\"text-align:justify\"><span style=\"font-size:11pt\"><span style=\"line-height:normal\"><span style=\"font-family:Calibri,sans-serif\"><a href=\"https:\/\/conectaverde.com.br\/perfil-2022-da-abiplast-apresenta-dados-atualizados-sobre-a-industria-do-plastico-no-brasil\/?utm_campaign=conecta_verde_news_41&amp;utm_medium=email&amp;utm_source=RD+Station\" style=\"color:blue; text-decoration:underline\"><span style=\"font-size:14.0pt\">Perfil 2022 da ABIPLAST apresenta dados atualizados sobre a ind&uacute;stria do pl&aacute;stico no Brasil<\/span><\/a><\/span><\/span><\/span><\/p>\r\n\r\n<p style=\"text-align:justify\"><span style=\"font-size:11pt\"><span style=\"line-height:normal\"><span style=\"font-family:Calibri,sans-serif\"><a href=\"https:\/\/www.nonwovens-industry.com\/contents\/view_breaking-news\/2023-10-03\/nonwovens-institute-expands-filtration-testing-lab?utm_campaign=NON+eNewsletter&amp;utm_medium=email&amp;_hsmi=277165433&amp;_hsenc=p2ANqtz-8Og0bnoX7EsqyxtmIhT2DXUqqCy5nRvy9vBUbOWpmEapRkPTuvo0h0Wsu0kqL3KMuP05ZK6E78WlVMOBUsIQb_rL1mGQ&amp;utm_content=277165433&amp;utm_source=hs_email\" style=\"color:blue; text-decoration:underline\"><span lang=\"EN-US\" style=\"font-size:14.0pt\">Nonwovens Institute Expands Filtration Testing Lab<\/span><\/a><\/span><\/span><\/span><\/p>\r\n\r\n<p style=\"text-align:justify\"><span style=\"font-size:11pt\"><span style=\"line-height:normal\"><span style=\"font-family:Calibri,sans-serif\"><a href=\"https:\/\/www.technicaltextile.net\/news\/india-s-agrotech-import-soars-to-x20b9-159-cr-hometech-plummets-to-x20b9-82-cr--290371.html\" style=\"color:blue; text-decoration:underline\"><span lang=\"EN-US\" style=\"font-size:14.0pt\">India&#39;s agrotech import soars to \u20b9159 cr; hometech plummets to \u20b982 cr<\/span><\/a><\/span><\/span><\/span><\/p>\r\n\r\n<p style=\"text-align:justify\"><span style=\"font-size:11pt\"><span style=\"line-height:normal\"><span style=\"font-family:Calibri,sans-serif\"><a href=\"https:\/\/www.technicaltextile.net\/news\/india-unveils-qcos-for-20-agro-textile-items-6-medical-textiles-items-290461.html\" style=\"color:blue; text-decoration:underline\"><span lang=\"EN-US\" style=\"font-size:14.0pt\">India unveils QCOs for 20 agro-textile items, 6 medical textiles items<\/span><\/a><\/span><\/span><\/span><\/p>\r\n\r\n<p style=\"text-align:justify\"><span style=\"font-size:11pt\"><span style=\"line-height:normal\"><span style=\"font-family:Calibri,sans-serif\"><a href=\"http:\/\/abimovel.com\/volume-de-producao-e-receita-voltam-a-crescer-na-industria-de-moveis-e-colchoes-no-inicio-do-segundo-semestre-aponta-abimovel\/?utm_campaign=volume_de_producao_e_receita_voltam_a_crescer_na_industria_de_moveis_e_colchoes_no_inicio_do_segundo_semestre_aponta_abimovel&amp;utm_medium=email&amp;utm_source=RD+Station\" style=\"color:blue; text-decoration:underline\"><span style=\"font-size:14.0pt\">Volume de produ&ccedil;&atilde;o e receita voltam a crescer na ind&uacute;stria de m&oacute;veis e colch&otilde;es no in&iacute;cio do segundo semestre, aponta ABIM&Oacute;VEL<\/span><\/a><\/span><\/span><\/span><\/p>\r\n\r\n<p style=\"text-align:justify\"><span style=\"font-size:11pt\"><span style=\"line-height:normal\"><span style=\"font-family:Calibri,sans-serif\"><a href=\"https:\/\/www.noticiasagricolas.com.br\/noticias\/agronegocio\/361049-agro-e-prosa-episodio-602-o-sucesso-do-cocho-de-tecido-de-big-bags-na-pecuaria.html\" style=\"color:blue; text-decoration:underline\"><span style=\"font-size:14.0pt\">O sucesso do cocho de tecido de big bags na pecu&aacute;ria<\/span><\/a><\/span><\/span><\/span><\/p>\r\n\r\n<p style=\"text-align:justify\"><span style=\"font-size:28pt\"><span style=\"font-family:Cambria,serif\"><span style=\"letter-spacing:-0.5pt\"><b><span style=\"font-size:18.0pt\"><span style=\"font-family:&quot;Calibri&quot;,sans-serif\"><span style=\"font-variant:small-caps\">Ind&uacute;stria<\/span><\/span><\/span><\/b><\/span><\/span><\/span><\/p>\r\n\r\n<p style=\"text-align:justify\"><span style=\"font-size:11pt\"><span style=\"line-height:normal\"><span style=\"font-family:Calibri,sans-serif\"><a href=\"https:\/\/noticias.portaldaindustria.com.br\/noticias\/competitividade\/produtividade-do-trabalho-indicador-volta-a-crescer-no-2o-trimestre-de-2023\/\" style=\"color:blue; text-decoration:underline\"><span style=\"font-size:14.0pt\">Produtividade do trabalho: indicador volta a crescer no 2&ordm; trimestre de 2023<\/span><\/a><\/span><\/span><\/span><\/p>\r\n\r\n<p style=\"text-align:justify\"><span style=\"font-size:11pt\"><span style=\"line-height:normal\"><span style=\"font-family:Calibri,sans-serif\"><a href=\"https:\/\/noticias.portaldaindustria.com.br\/noticias\/competitividade\/custos-industriais-caem-mas-estao-313-acima-do-nivel-pre-pandemia-diz-cni\/\" style=\"color:blue; text-decoration:underline\"><span style=\"font-size:14.0pt\">Custos industriais caem, mas est&atilde;o 31,3% acima do n&iacute;vel pr&eacute;-pandemia, diz CNI<\/span><\/a><\/span><\/span><\/span><\/p>\r\n\r\n<p style=\"text-align:justify\"><span style=\"font-size:11pt\"><span style=\"line-height:normal\"><span style=\"font-family:Calibri,sans-serif\"><a href=\"https:\/\/noticias.portaldaindustria.com.br\/noticias\/economia\/faturamento-da-industria-da-transformacao-avancou-06-em-agosto-de-2023\/\" style=\"color:blue; text-decoration:underline\"><span style=\"font-size:14.0pt\">Faturamento da ind&uacute;stria da transforma&ccedil;&atilde;o avan&ccedil;ou 0,6% em agosto de 2023<\/span><\/a><\/span><\/span><\/span><\/p>\r\n\r\n<p style=\"text-align:justify\"><span style=\"font-size:11pt\"><span style=\"line-height:normal\"><span style=\"font-family:Calibri,sans-serif\"><a href=\"https:\/\/grandesconstrucoes.com.br\/Noticias\/Exibir\/industria-de-transformacao-precisa-investir-r-456-bilhoes-por-ano?utm_source=akna&amp;utm_medium=email&amp;utm_campaign=Grandes-Construcoes-Informativo-882-05-10-2023&amp;utm_source=akna&amp;utm_medium=email&amp;utm_campaign=Grandes-Construcoes-Informativo-882-05-10-2023\" style=\"color:blue; text-decoration:underline\"><span style=\"font-size:14.0pt\">Ind&uacute;stria de transforma&ccedil;&atilde;o precisa investir R$ 456 bilh&otilde;es por ano<\/span><\/a><\/span><\/span><\/span><\/p>\r\n\r\n<p style=\"text-align:justify\"><span style=\"font-size:11pt\"><span style=\"line-height:normal\"><span style=\"font-family:Calibri,sans-serif\"><a href=\"https:\/\/www.infomoney.com.br\/consumo\/anfavea-rebaixa-de-22-para-01-crescimento-da-producao-de-veiculos-no-ano\/\" style=\"color:blue; text-decoration:underline\"><span style=\"font-size:14.0pt\">Anfavea rebaixa de 2,2% para 0,1% crescimento da produ&ccedil;&atilde;o de ve&iacute;culos no ano<\/span><\/a><\/span><\/span><\/span><\/p>\r\n\r\n<p style=\"text-align:justify\"><span style=\"font-size:11pt\"><span style=\"line-height:normal\"><span style=\"font-family:Calibri,sans-serif\"><a href=\"https:\/\/grandesconstrucoes.com.br\/Noticias\/Exibir\/construcao-gera-mais-283-mil-empregos-formais-em-agosto?utm_source=akna&amp;utm_medium=email&amp;utm_campaign=Grandes-Construcoes-Informativo-882-05-10-2023&amp;utm_source=akna&amp;utm_medium=email&amp;utm_campaign=Grandes-Construcoes-Informativo-882-05-10-2023\" style=\"color:blue; text-decoration:underline\"><span style=\"font-size:14.0pt\">Constru&ccedil;&atilde;o gera mais 28,3 mil empregos formais em agosto<\/span><\/a><\/span><\/span><\/span><\/p>\r\n\r\n<p style=\"text-align:justify\"><span style=\"font-size:28pt\"><span style=\"font-family:Cambria,serif\"><span style=\"letter-spacing:-0.5pt\"><b><span style=\"font-size:18.0pt\"><span style=\"font-family:&quot;Calibri&quot;,sans-serif\"><span style=\"font-variant:small-caps\">Sustentabilidade<\/span><\/span><\/span><\/b><\/span><\/span><\/span><\/p>\r\n\r\n<p style=\"text-align:justify\"><span style=\"font-size:11pt\"><span style=\"line-height:normal\"><span style=\"font-family:Calibri,sans-serif\"><a href=\"https:\/\/grandesconstrucoes.com.br\/Noticias\/Exibir\/senado-aprova-regulamentacao-do-mercado-brasileiro-de-carbono?utm_source=akna&amp;utm_medium=email&amp;utm_campaign=Grandes-Construcoes-Informativo-882-05-10-2023&amp;utm_source=akna&amp;utm_medium=email&amp;utm_campaign=Grandes-Construcoes-Informativo-882-05-10-2023\" style=\"color:blue; text-decoration:underline\"><span style=\"font-size:14.0pt\">Senado aprova regulamenta&ccedil;&atilde;o do mercado brasileiro de carbono<\/span><\/a><\/span><\/span><\/span><\/p>\r\n\r\n<p style=\"text-align:justify\"><span style=\"font-size:11pt\"><span style=\"line-height:normal\"><span style=\"font-family:Calibri,sans-serif\"><a href=\"https:\/\/www.gov.br\/ana\/pt-br\/assuntos\/noticias-e-eventos\/noticias\/ana-discute-desafios-e-oportunidades-para-o-setor-do-saneamento-basico-no-34o-encontro-tecnico-aesabesp-fenasan-2023-em-sao-paulo\" style=\"color:blue; text-decoration:underline\"><span style=\"font-size:14.0pt\">ANA discute desafios e oportunidades para o setor do saneamento b&aacute;sico no 34&ordm; Encontro T&eacute;cnico AESabesp\/Fenasan 2023 em S&atilde;o Paulo<\/span><\/a><\/span><\/span><\/span><\/p>\r\n\r\n<p style=\"text-align:justify\"><span style=\"font-size:11pt\"><span style=\"line-height:normal\"><span style=\"font-family:Calibri,sans-serif\"><a href=\"https:\/\/www.terra.com.br\/planeta\/produtos-feitos-de-falso-plastico-biodegradavel-sao-vendidos-mais-caros-em-supermercados-do-brasil,8df0d921e3f74b6e7df731739647973ayvr7i4xc.html\" style=\"color:blue; text-decoration:underline\"><span style=\"font-size:14.0pt\">Produtos feitos de falso pl&aacute;stico biodegrad&aacute;vel s&atilde;o vendidos mais caros em supermercados do Brasil<\/span><\/a><\/span><\/span><\/span><\/p>\r\n\r\n<p style=\"text-align:justify\"><span style=\"font-size:11pt\"><span style=\"line-height:normal\"><span style=\"font-family:Calibri,sans-serif\"><a href=\"https:\/\/plasticosemrevista.com.br\/europa-reciclagem-de-pp-e-pe-em-crise-persistente\/\" style=\"color:blue; text-decoration:underline\"><span style=\"font-size:14.0pt\">Europa: reciclagem de PP e PE em crise persistente<\/span><\/a><\/span><\/span><\/span><\/p>\r\n\r\n<p style=\"text-align:justify\"><span style=\"font-size:28pt\"><span style=\"font-family:Cambria,serif\"><span style=\"letter-spacing:-0.5pt\"><b><span style=\"font-size:18.0pt\"><span style=\"font-family:&quot;Calibri&quot;,sans-serif\"><span style=\"font-variant:small-caps\">Inova&ccedil;&atilde;o<\/span><\/span><\/span><\/b><\/span><\/span><\/span><\/p>\r\n\r\n<p style=\"text-align:justify\"><span style=\"font-size:11pt\"><span style=\"line-height:normal\"><span style=\"font-family:Calibri,sans-serif\"><a href=\"https:\/\/vidamoderna.com.br\/Carbios_revela_grande_inovacao_na_reciclagem_de_poliester_com_nova_linha_de_preparacao_textil_na_presenca_de_Roland_Lescure_Ministro_da_Industria_frances\/\" style=\"color:blue; text-decoration:underline\"><span style=\"font-size:14.0pt\">Inova&ccedil;&atilde;o na reciclagem de poli&eacute;ster<\/span><\/a><\/span><\/span><\/span><\/p>\r\n\r\n<p style=\"text-align:justify\"><span style=\"font-size:11pt\"><span style=\"line-height:normal\"><span style=\"font-family:Calibri,sans-serif\"><a href=\"https:\/\/www.ibtec.org.br\/midias\/noticia\/9o-forum-de-inovacao-do-ibtec-reuniu-liderancas-do-setor-coureiro-calcadista\" style=\"color:blue; text-decoration:underline\"><span style=\"font-size:14.0pt\">9&ordm; F&oacute;rum de Inova&ccedil;&atilde;o Do IBTeC reuniu lideran&ccedil;as do Setor Coureiro-Cal&ccedil;adista<\/span><\/a><\/span><\/span><\/span><\/p>\r\n\r\n<p style=\"text-align:justify\"><span style=\"font-size:11pt\"><span style=\"line-height:normal\"><span style=\"font-family:Calibri,sans-serif\"><a href=\"https:\/\/www.innovationintextiles.com\/smart-textiles-nanotechnology\/benefits-of-printed-electronics-outlined\/\" style=\"color:blue; text-decoration:underline\"><span lang=\"EN-US\" style=\"font-size:14.0pt\">Smart Textiles | Benefits of printed electronics outlined | Transforming passive textiles into active and interactive devices<\/span><\/a><\/span><\/span><\/span><\/p>\r\n\r\n<p style=\"text-align:justify\"><span style=\"font-size:28pt\"><span style=\"font-family:Cambria,serif\"><span style=\"letter-spacing:-0.5pt\"><b><span style=\"font-size:18.0pt\"><span style=\"font-family:&quot;Calibri&quot;,sans-serif\"><span style=\"font-variant:small-caps\">Com&eacute;rcio Exterior<\/span><\/span><\/span><\/b><\/span><\/span><\/span><\/p>\r\n\r\n<p style=\"text-align:justify\"><span style=\"font-size:11pt\"><span style=\"line-height:normal\"><span style=\"font-family:Calibri,sans-serif\"><a href=\"https:\/\/noticias.uol.com.br\/ultimas-noticias\/reuters\/2023\/10\/05\/negociacoes-comerciais-entre-ue-e-mercosul-se-intensificam-a-um-ritmo-semanal-dizem-fontes.htm\" style=\"color:blue; text-decoration:underline\"><span style=\"font-size:14.0pt\">Negocia&ccedil;&otilde;es comerciais entre UE e Mercosul se intensificam a um ritmo semanal, dizem fontes<\/span><\/a><\/span><\/span><\/span><\/p>\r\n\r\n<p style=\"text-align:justify\"><span style=\"font-size:11pt\"><span style=\"line-height:normal\"><span style=\"font-family:Calibri,sans-serif\"><a href=\"https:\/\/static.portaldaindustria.com.br\/media\/filer_public\/d7\/44\/d74476c9-0b00-4c05-b916-19b62be39403\/apc_9_edicao_atualizada_out2023_v3.pdf\" style=\"color:blue; text-decoration:underline\"><span style=\"font-size:14.0pt\">Regulamento da Uni&atilde;o Europeia estabelece mecanismo de ajuste de carbono na fronteira (CBAM)<\/span><\/a><\/span><\/span><\/span><\/p>\r\n\r\n<p style=\"text-align:justify\"><span style=\"font-size:11pt\"><span style=\"line-height:normal\"><span style=\"font-family:Calibri,sans-serif\"><a href=\"https:\/\/static.portaldaindustria.com.br\/media\/filer_public\/14\/cb\/14cb3081-5bf3-4af6-9b81-5427bd58e056\/informepoliticacomercial_23_48_confac_decreto_11717-2023_.pdf\" style=\"color:blue; text-decoration:underline\"><span style=\"font-size:14.0pt\">Novo decreto atualiza as disposi&ccedil;&otilde;es do Comit&ecirc; de Facilita&ccedil;&atilde;o de Com&eacute;rcio (Confac) no Brasil<\/span><\/a><\/span><\/span><\/span><\/p>\r\n\r\n<p style=\"text-align:justify\"><span style=\"font-size:11pt\"><span style=\"line-height:normal\"><span style=\"font-family:Calibri,sans-serif\"><a href=\"https:\/\/static.portaldaindustria.com.br\/media\/filer_public\/d3\/ae\/d3aed4f8-d866-4032-ab95-df1898bdd1a3\/nota_economica29_ago2023_v5.pdf\" style=\"color:blue; text-decoration:underline\"><span style=\"font-size:14.0pt\">Exporta&ccedil;&otilde;es focadas em bens industriais impulsionam a economia brasileira<\/span><\/a><\/span><\/span><\/span><\/p>\r\n\r\n<p style=\"text-align:justify\"><span style=\"font-size:11pt\"><span style=\"line-height:normal\"><span style=\"font-family:Calibri,sans-serif\"><a href=\"https:\/\/exame.com\/esferabrasil\/brasil-deve-fechar-o-ano-com-us-93-bilhoes-em-saldo-comercial\/\" style=\"color:blue; text-decoration:underline\"><span style=\"font-size:14.0pt\">Brasil deve fechar o ano com US$ 93 bilh&otilde;es em saldo comercial<\/span><\/a><\/span><\/span><\/span><\/p>\r\n\r\n<p style=\"text-align:justify\"><span style=\"font-size:11pt\"><span style=\"line-height:normal\"><span style=\"font-family:Calibri,sans-serif\"><a href=\"https:\/\/www.infomoney.com.br\/mercados\/os-principais-impactos-nos-mercados-do-conflito-israel-hamas-de-acordo-com-8-especialistas\/\" style=\"color:blue; text-decoration:underline\"><span style=\"font-size:14.0pt\">Os principais impactos nos mercados do conflito Israel-Hamas, de acordo com 8 especialistas<\/span><\/a><\/span><\/span><\/span><\/p>\r\n\r\n<p style=\"text-align:justify\"><span style=\"font-size:28pt\"><span style=\"font-family:Cambria,serif\"><span style=\"letter-spacing:-0.5pt\"><b><span style=\"font-size:18.0pt\"><span style=\"font-family:&quot;Calibri&quot;,sans-serif\"><span style=\"font-variant:small-caps\">Economia<\/span><\/span><\/span><\/b><\/span><\/span><\/span><\/p>\r\n\r\n<p style=\"text-align:justify\"><span style=\"font-size:11pt\"><span style=\"line-height:normal\"><span style=\"font-family:Calibri,sans-serif\"><a href=\"https:\/\/www.bcb.gov.br\/content\/focus\/focus\/R20231006.pdf\" style=\"color:blue; text-decoration:underline\"><span style=\"font-size:14.0pt\">Focus &ndash; Relat&oacute;rio de Mercado<\/span><\/a><\/span><\/span><\/span><\/p>\r\n\r\n<p style=\"text-align:justify\"><span style=\"font-size:11pt\"><span style=\"line-height:normal\"><span style=\"font-family:Calibri,sans-serif\"><a href=\"https:\/\/portalibre.fgv.br\/system\/files\/2023-10\/Bar%C3%B4metros%20Globais%20KOF-FGV_Press%20release_10_2023_0.pdf\" style=\"color:blue; text-decoration:underline\"><span style=\"font-size:14.0pt\">Bar&ocirc;metro Global Antecedente sobe para n&iacute;vel superior aos 100 pontos<\/span><\/a><\/span><\/span><\/span><\/p>\r\n\r\n<p style=\"text-align:justify\"><span style=\"font-size:11pt\"><span style=\"line-height:normal\"><span style=\"font-family:Calibri,sans-serif\"><a href=\"https:\/\/ibre.fgv.br\/blog-da-conjuntura-economica\/artigos\/ate-o-fim-do-ano-teremos-um-cenario-externo-conturbado-e-isso\" style=\"color:blue; text-decoration:underline\"><span style=\"font-size:14.0pt\">&ldquo;At&eacute; o fim do ano, teremos um cen&aacute;rio externo conturbado, e isso joga contra a agenda do governo&rdquo;<\/span><\/a><\/span><\/span><\/span><\/p>\r\n\r\n<p style=\"text-align:justify\"><span style=\"font-size:11pt\"><span style=\"line-height:normal\"><span style=\"font-family:Calibri,sans-serif\"><a href=\"https:\/\/ibre.fgv.br\/blog-da-conjuntura-economica\/artigos\/reforma-tributaria-com-um-iva-acima-de-25-compromete-se-o\" style=\"color:blue; text-decoration:underline\"><span style=\"font-size:14.0pt\">Reforma tribut&aacute;ria: &ldquo;Com um IVA acima de 25%, compromete-se o processo de reindustrializa&ccedil;&atilde;o&rdquo;<\/span><\/a><\/span><\/span><\/span><\/p>\r\n\r\n<p style=\"text-align:justify\"><span style=\"font-size:11pt\"><span style=\"line-height:115%\"><span style=\"font-family:Calibri,sans-serif\"><a href=\"https:\/\/www.fibre2fashion.com\/news\/textile-news\/euro-area-sees-inflation-rate-drop-to-4-3-in-sept-2023-290497-newsdetails.htm?type=p\" style=\"color:blue; text-decoration:underline\"><span lang=\"EN-US\" style=\"font-size:14.0pt\"><span style=\"line-height:115%\">Euro area sees inflation rate drop to 4.3% in Sept 2023<\/span><\/span><\/a><\/span><\/span><\/span><\/p>\r\n\r\n<p style=\"text-align:justify\">&nbsp;<\/p>\r\n","texto_en":"","7":"","imagem":"COMP_banner-padrao-home-destaques-boletim-2023_20231010165039vshzj8DrHS.jpeg","8":"COMP_banner-padrao-home-destaques-boletim-2023_20231010165039vshzj8DrHS.jpeg","arquivo":"20231010-BOLETIM-ABINT-DE-NOTICIAS-SEMANAIS.PDF","9":"20231010-BOLETIM-ABINT-DE-NOTICIAS-SEMANAIS.PDF","titulo_arquivo":"20231010 Boletim ABINT de Not\u00edcias Semanais","10":"20231010 Boletim ABINT de Not\u00edcias Semanais","titulo_arquivo_en":"","11":"","created_at":"2023-10-10 16:50:48","12":"2023-10-10 16:50:48","updated_at":"2023-10-10 16:50:48","13":"2023-10-10 16:50:48"},{"id":85,"0":85,"ordem":138,"1":138,"data":"2023-10-03","2":"2023-10-03","slug":"boletim-abint-de-noticias-semanais","3":"boletim-abint-de-noticias-semanais","titulo":"Boletim ABINT de Not\u00edcias Semanais","4":"Boletim ABINT de Not\u00edcias Semanais","titulo_en":"","5":"","texto":"<p style=\"text-align:justify\"><span style=\"font-size:11pt\"><span style=\"line-height:normal\"><span style=\"font-family:Calibri,sans-serif\"><span style=\"font-size:14.0pt\">Esta &eacute; uma compila&ccedil;&atilde;o das not&iacute;cias mais relevantes para o setor, incluindo informa&ccedil;&otilde;es sobre acordos internacionais, economia brasileira, sustentabilidade e mat&eacute;rias primas, al&eacute;m de novidades do setor de N&atilde;otecidos e Tecidos T&eacute;cnicos.<\/span><\/span><\/span><\/span><\/p>\r\n\r\n<p style=\"text-align:justify\"><span style=\"font-size:28pt\"><span style=\"font-family:Cambria,serif\"><span style=\"letter-spacing:-0.5pt\"><b><span style=\"font-size:18.0pt\"><span calibri=\"\" style=\"font-family:\"><span style=\"font-variant:small-caps\">A&ccedil;&otilde;es ABINT<\/span><\/span><\/span><\/b><\/span><\/span><\/span><\/p>\r\n\r\n<ul>\r\n\t<li style=\"text-align:justify\"><span style=\"font-size:11pt\"><span style=\"line-height:normal\"><span style=\"font-family:Calibri,sans-serif\"><b><span style=\"font-size:14.0pt\">O que vem por a&iacute;<\/span><\/b><\/span><\/span><\/span><\/li>\r\n<\/ul>\r\n\r\n<p><b><img src=\"https:\/\/www.abint.org.br\/assets\/img\/editor\/post-quadrado-curso-naotecidos-americana_20230919175746NvKCw9khJL.jpg\" style=\"width: 500px; height: 500px;\" \/><\/b><\/p>\r\n\r\n<h2><a href=\"https:\/\/forms.gle\/tWMzAkvmTkDCVNdy8\"><b>Informa&ccedil;&otilde;es e inscri&ccedil;&otilde;es<\/b><\/a><\/h2>\r\n\r\n<p>&nbsp;<\/p>\r\n\r\n<p>&nbsp;&nbsp;<b><img src=\"https:\/\/www.abint.org.br\/assets\/img\/editor\/congresso-internacional-abit-2023_202308151414212LkdNBSzdA.png\" style=\"width: 500px; height: 442px;\" \/><\/b><\/p>\r\n\r\n<p><b>A ABINT &eacute; uma das patrocinadoras do Congresso Internacional ABIT 2023,&nbsp;<\/b>que ocorrer&aacute;<b>&nbsp;dias 08 e 09 de novembro, na FIESC, Florian&oacute;polis, SC.&nbsp;<\/b><strong><a href=\"https:\/\/t.rdsv1.net\/ls\/click?upn=LFSWB5boDXSqxt4eHgA5r3YUv3HG6yY4XTXT-2BpjEpFmt56yR61Gu09ER-2Bq95-2FgFAbN46ClwLMWPZzveVybfat1CKHOKhUUtOIVaFgsR5U28dlEKVouFrV1iSMaKnlWHCANmwKiZ4x1Oy9BDRL5tuTGPXgO91zEc1uo-2FbtPYQFm3y4fMGnbuiV3FEKs9g9uy1l2sL_iW8zc4KBvTUX2z9kws1M6pjQI9DpNNh-2Fk6fgMN4DbaFx-2BL1o5swSv2HtiLB2iGFhqxZ0654f80VOIjakRycDjcrdu1MF6BdTRc4d4wYs0wcxXXPsRygypvnzeOAhjjgiEkGX1jMsv1FD9IiN0mt5TiPA-2F-2FcYbMJqgkOyyeRxcI4izBTlMz4tYAchHCwHneJZvJXH0y9HeVp67XkJynQGH21X32t2y1CeSaYEq0zVO-2BnyLK4mDGipKkH-2FZQCwU2MKfdHIIgVMZzvyz5G5cXFeOFC58YiNyn2cnMPO14gymNMfyWFH-2BHHlC3b47l7V1Qmqxs4es-2BeyjBwNpbTVF3mKTVfvVN8KGLr0cqLDBhDLHrW7KPcTfpWgS5gfvWdAKEPOEmZKoo4k2kAi0PFh6jxFYAV2tXcAZfbY2kx8RXrY81D1SMCEBW0alhXBRKfUMvljxKCVojmlXya75YoxeWm0PKiSpaikvnyQHb1SYVAvooBBGQr8kVTT7gfi2jpYOB7Yz3v8ovwiOQwMF4kMzI4BGg58Stg7NIyaStQsDmhOsSp6GMNA3SG1UPw-2Fljh3rhjS-2BFt0EiGPe9cI33b9n1X0Y0ud-2BOFmeXkp5V9mMyq0eViPM4g6fXMuiRQFG1Lhn1lb5TsAtW9vCVxHdYrOB-2F6cV4-2FiOK5JwicsxDApwdvwvys-3D\">Informa&ccedil;&otilde;es<\/a><\/strong><\/p>\r\n\r\n<p style=\"text-align:justify\">&nbsp;<\/p>\r\n\r\n<p style=\"text-align:justify\"><span style=\"font-size:11pt\"><span style=\"line-height:normal\"><span style=\"font-family:Calibri,sans-serif\"><b><span style=\"font-size:18.0pt\"><span style=\"font-variant:small-caps\">Eventos<\/span><\/span><\/b><\/span><\/span><\/span><\/p>\r\n\r\n<p style=\"text-align:justify\"><span style=\"font-size:11pt\"><span style=\"line-height:normal\"><span style=\"font-family:Calibri,sans-serif\"><b><span style=\"font-size:14.0pt\">Feira Nacional de Saneamento e Meio Ambiente &ndash; Fenasan e o 34&ordm; Encontro T&eacute;cnico AESabesp<\/span><\/b><span style=\"font-size:14.0pt\"> - de 3 a 5 de outubro, no Pavilh&atilde;o Branco, no Expo Center Norte, em S&atilde;o Paulo. Realiza&ccedil;&atilde;o da AESabesp &ndash; Associa&ccedil;&atilde;o dos Engenheiros da Sabesp. Feira: das 13h &agrave;s 20h e Congresso: das 9h &agrave;s 18h. <\/span><a href=\"https:\/\/fenasan.com.br\/sobre-evento\/\" style=\"color:blue; text-decoration:underline\"><span style=\"font-size:14.0pt\">Informa&ccedil;&otilde;es<\/span><\/a><\/span><\/span><\/span><\/p>\r\n\r\n<p style=\"text-align:justify\"><span style=\"font-size:11pt\"><span style=\"line-height:normal\"><span style=\"font-family:Calibri,sans-serif\"><b><span style=\"font-size:14.0pt\">Workshop Abit | Etiquetagem de produtos t&ecirc;xteis e confeccionados, <\/span><\/b><span style=\"font-size:14.0pt\">03 de outubro de 2023, 9h00 &agrave;s 12h00, evento online. <\/span><a href=\"https:\/\/produtos.institutoabit.org.br\/prod\/a22d34b5-dc06-4f1d-b2f3-f1ddbb3ca99f?utm_campaign=convite_workshop_etiquetagem_outubro23&amp;utm_medium=email&amp;utm_source=RD+Station\" style=\"color:blue; text-decoration:underline\"><span style=\"font-size:14.0pt\">Informa&ccedil;&otilde;es<\/span><\/a> <\/span><\/span><\/span><\/p>\r\n\r\n<p style=\"text-align:justify\"><span style=\"font-size:11pt\"><span style=\"line-height:normal\"><span style=\"font-family:Calibri,sans-serif\"><b><span style=\"font-size:14.0pt\">Semin&aacute;rio Abiquim de Tecnologia e Inova&ccedil;&atilde;o 2023, <\/span><\/b><span style=\"font-size:14.0pt\">5 de outubro, Espa&ccedil;o Cosy, Av. Morumbi 5299, Morumbi, S&atilde;o Paulo, SP. <\/span><a href=\"https:\/\/www.seminariodetecnologia.org.br\/sobre\/\" style=\"color:blue; text-decoration:underline\"><span style=\"font-size:14.0pt\">Informa&ccedil;&otilde;es<\/span><\/a> <\/span><\/span><\/span><\/p>\r\n\r\n<p style=\"text-align:justify\"><span style=\"font-size:11pt\"><span style=\"line-height:normal\"><span style=\"font-family:Calibri,sans-serif\"><b><span style=\"font-size:14.0pt\">Webinar | Revisiting ITMA 2023 &ndash; Groundbreaking innovations from buyers&rsquo; perspectives<\/span><\/b><span style=\"font-size:14.0pt\">, 5 October 2023, Thursday, 10:00 am CEST. <\/span><a href=\"https:\/\/itma.com\/itmaconnect\/events\/groundbreaking-innovations\" style=\"color:blue; text-decoration:underline\"><span style=\"font-size:14.0pt\">Informa&ccedil;&otilde;es<\/span><\/a> <\/span><\/span><\/span><\/p>\r\n\r\n<p style=\"text-align:justify\"><span style=\"font-size:11pt\"><span style=\"line-height:normal\"><span style=\"font-family:Calibri,sans-serif\"><b><span style=\"font-size:14.0pt\">FiltXPO&trade; 2023<\/span><\/b><span class=\"MsoHyperlink\" style=\"color:blue\"><span style=\"text-decoration:underline\"><span style=\"font-size:14.0pt\"><span style=\"text-decoration:none\"><span style=\"text-underline:none\">, <\/span><\/span><\/span><\/span><\/span><span style=\"font-size:14.0pt\">October 10-12, 2023 at Navy Pier in Chicago, Illinois<\/span><span class=\"MsoHyperlink\" style=\"color:blue\"><span style=\"text-decoration:underline\"><span style=\"font-size:14.0pt\"><span style=\"text-decoration:none\"><span style=\"text-underline:none\">. <\/span><\/span><\/span><\/span><\/span><a href=\"https:\/\/www.filtxpo.com\/\" style=\"color:blue; text-decoration:underline\"><span style=\"font-size:14.0pt\">Informa&ccedil;&otilde;es<\/span><\/a> <\/span><\/span><\/span><\/p>\r\n\r\n<p style=\"text-align:justify\"><span style=\"font-size:11pt\"><span style=\"line-height:normal\"><span style=\"font-family:Calibri,sans-serif\"><b><span style=\"font-size:14.0pt\">CONAHP 2023<\/span><\/b><span style=\"font-size:14.0pt\">, 18 e 19 de outubro, Transamerica Expo Center, S&atilde;o Paulo, SP. <\/span><a href=\"https:\/\/conahp.org.br\/2023\/\" style=\"color:blue; text-decoration:underline\"><span style=\"font-size:14.0pt\">Informa&ccedil;&otilde;es<\/span><\/a> <\/span><\/span><\/span><\/p>\r\n\r\n<p style=\"text-align:justify\"><span style=\"font-size:11pt\"><span style=\"line-height:normal\"><span style=\"font-family:Calibri,sans-serif\"><b><span style=\"font-size:14.0pt\">V Congreso Sudamericano de Composites, Poliuretano y Pl&aacute;sticos de Ingenier&iacute;a, <\/span><\/b><span style=\"font-size:14.0pt\">24 e 25 de outubro de 2023, Bogot&aacute;, Col&ocirc;mbia. <\/span><a href=\"http:\/\/www.congresosudamericano.com\/blog.html\" style=\"color:blue; text-decoration:underline\"><span style=\"font-size:14.0pt\">Informa&ccedil;&otilde;es<\/span><\/a> <\/span><\/span><\/span><\/p>\r\n\r\n<p style=\"text-align:justify\"><span style=\"font-size:11pt\"><span style=\"line-height:normal\"><span style=\"font-family:Calibri,sans-serif\"><b><span style=\"font-size:14.0pt\">FEIPLAR COMPOSITES &amp; FEIPUR | Pain&eacute;is Setoriais 2023<\/span><\/b><span style=\"font-size:14.0pt\">, 24, 25 e 26 de outubro de 2023. <\/span><a href=\"http:\/\/newsletter.feiplar.com.br\/accounts\/184158\/messages\/30?email=abint@abint.org.br&amp;c=1693235815&amp;contact_id=3458&amp;envelope_id=21\" style=\"color:blue; text-decoration:underline\"><span style=\"font-size:14.0pt\">Informa&ccedil;&otilde;es<\/span><\/a> <\/span><\/span><\/span><\/p>\r\n\r\n<p style=\"text-align:justify\"><span style=\"font-size:11pt\"><span style=\"line-height:normal\"><span style=\"font-family:Calibri,sans-serif\"><b><span style=\"font-size:14.0pt\">Abrafiltros | 2&ordm; Semin&aacute;rio Brasileiro de Filtros<\/span><\/b><span style=\"font-size:14.0pt\">, 08 de novembro de 2023. <\/span><a href=\"https:\/\/www.abrafiltros.org.br\/seminario\/\" style=\"color:blue; text-decoration:underline\"><span style=\"font-size:14.0pt\">Informa&ccedil;&otilde;es<\/span><\/a> <\/span><\/span><\/span><\/p>\r\n\r\n<p style=\"text-align:justify\"><span style=\"font-size:11pt\"><span style=\"line-height:normal\"><span style=\"font-family:Calibri,sans-serif\"><b><span style=\"font-size:14.0pt\">Industry CCUS 2023,<\/span><\/b> <span style=\"font-size:14.0pt\">29-30 November, Rotterdam, Netherlands.<\/span> <a href=\"https:\/\/fortesmedia.com\/industry-ccus-conference-2023,4,en,2,1,28.html#register\" style=\"color:blue; text-decoration:underline\"><span style=\"font-size:14.0pt\">Informa&ccedil;&otilde;es<\/span><\/a> <\/span><\/span><\/span><\/p>\r\n\r\n<p style=\"text-align:justify\"><span style=\"font-size:11pt\"><span style=\"line-height:normal\"><span style=\"font-family:Calibri,sans-serif\"><b><span style=\"font-size:14.0pt\">FEIPLAR COMPOSITES &amp; FEIPUR &ndash; Feira e Congresso Internacionais de Composites, Poliuretano, Pl&aacute;sticos de Engenharia e Compostos Termopl&aacute;sticos<\/span><\/b><span style=\"font-size:14.0pt\">, 20 a 22 de agosto de 2024, S&atilde;o Paulo Expo (Pavilh&atilde;o 5), palestras: das 8h30 &agrave;s 18h, feira: das 13h &agrave;s 20h.<b> <\/b><\/span><a href=\"http:\/\/www.feiplar.com\" style=\"color:blue; text-decoration:underline\"><span style=\"font-size:14.0pt\">www.feiplar.com<\/span><\/a> <\/span><\/span><\/span><\/p>\r\n\r\n<p style=\"text-align:justify\"><span style=\"font-size:28pt\"><span style=\"font-family:Cambria,serif\"><span style=\"letter-spacing:-0.5pt\"><b><span style=\"font-size:18.0pt\"><span calibri=\"\" style=\"font-family:\"><span style=\"font-variant:small-caps\">Setor<\/span><\/span><\/span><\/b><\/span><\/span><\/span><\/p>\r\n\r\n<p style=\"text-align:justify\"><span style=\"font-size:11pt\"><span style=\"line-height:normal\"><span style=\"font-family:Calibri,sans-serif\"><a href=\"https:\/\/www.nonwovens-industry.com\/issues\/2023-09-01\/view_features\/international-top-companies-report-806558?utm_campaign=NON+eNewsletter&amp;utm_medium=email&amp;_hsmi=276181954&amp;_hsenc=p2ANqtz-8PCNXTYlGDRTQ3wzuJ2bZK8L1Xm56gLr6C4gTyipV2Vquu-oXoY2q62S9ulyGi2vbGMb5fvrirQZDHC9xv3lWime_Xww&amp;utm_content=276181954&amp;utm_source=hs_email\" style=\"color:blue; text-decoration:underline\"><span style=\"font-size:14.0pt\">International Top Companies Report<\/span><\/a><\/span><\/span><\/span><\/p>\r\n\r\n<p style=\"text-align:justify\"><span style=\"font-size:11pt\"><span style=\"line-height:normal\"><span style=\"font-family:Calibri,sans-serif\"><a href=\"https:\/\/www.nonwovens-industry.com\/issues\/2023-09\/view_features\/the-future-of-spunlace-nonwovens?utm_campaign=NON+eNewsletter&amp;utm_medium=email&amp;_hsmi=276181954&amp;_hsenc=p2ANqtz-_1eZ_GbbGmO_AfH0qXnAu5iXFvKhUqyfToRcZQ_H-9hKTYgxIm0qI0dJAoiw_BrUFbjz8OuQLtcs_BdJmlqxJB0sB1JQ&amp;utm_content=276181954&amp;utm_source=hs_email\" style=\"color:blue; text-decoration:underline\"><span style=\"font-size:14.0pt\">The Future of Spunlace Nonwovens<\/span><\/a><\/span><\/span><\/span><\/p>\r\n\r\n<p style=\"text-align:justify\"><span style=\"font-size:11pt\"><span style=\"line-height:normal\"><span style=\"font-family:Calibri,sans-serif\"><span class=\"MsoHyperlink\" style=\"color:blue\"><span style=\"text-decoration:underline\"><span style=\"font-size:14.0pt\"><span style=\"text-decoration:none\"><span style=\"text-underline:none\"><a href=\"https:\/\/epbr.com.br\/disputa-pela-braskem-por-que-petroquimica-atrai-investidores-ao-redor-do-mundo\/?utm_source=newsletters+epbr&amp;utm_campaign=2360468456-epbr-comece-seu-dia_COPY_01&amp;utm_medium=email&amp;utm_term=0_5931171aac-2360468456-466362780\" style=\"color:blue; text-decoration:underline\">Disputa pela Braskem: por que petroqu&iacute;mica atrai investidores ao redor do mundo<\/a><\/span><\/span><\/span><\/span><\/span><\/span><\/span><\/span><\/p>\r\n\r\n<p style=\"text-align:justify\"><span style=\"font-size:11pt\"><span style=\"line-height:normal\"><span style=\"font-family:Calibri,sans-serif\"><a href=\"http:\/\/abimovel.com\/exportacoes-brasileiras-de-moveis-e-colchoes-cresceram-no-inicio-do-segundo-semestre\/?utm_campaign=exportacoes_brasileiras_de_moveis_e_colchoes_cresceram_no_inicio_do_segundo_semestre&amp;utm_medium=email&amp;utm_source=RD+Station\" style=\"color:blue; text-decoration:underline\"><span style=\"font-size:14.0pt\">Exporta&ccedil;&otilde;es brasileiras de m&oacute;veis e colch&otilde;es cresceram no in&iacute;cio do segundo semestre<\/span><\/a><\/span><\/span><\/span><\/p>\r\n\r\n<p style=\"text-align:justify\"><span style=\"font-size:11pt\"><span style=\"line-height:normal\"><span style=\"font-family:Calibri,sans-serif\"><a href=\"https:\/\/www.moveisdevalor.com.br\/portal\/industria-brasileira-de-colchoes-e-tema-de-seminario-na-turquia?source=news\" style=\"color:blue; text-decoration:underline\"><span style=\"font-size:14.0pt\">Ind&uacute;stria brasileira de colch&otilde;es &eacute; tema de semin&aacute;rio na Turquia<\/span><\/a><\/span><\/span><\/span><\/p>\r\n\r\n<p style=\"text-align:justify\"><span style=\"font-size:11pt\"><span style=\"line-height:normal\"><span style=\"font-family:Calibri,sans-serif\"><a href=\"https:\/\/www.olinda.pe.gov.br\/obras-de-contencao-de-encostas-avancam-por-novas-localidades-de-olinda\/\" style=\"color:blue; text-decoration:underline\"><span style=\"font-size:14.0pt\">Geomantas: obras de conten&ccedil;&atilde;o de encostas avan&ccedil;am por novas localidades de Olinda<\/span><\/a><\/span><\/span><\/span><\/p>\r\n\r\n<p style=\"text-align:justify\"><span style=\"font-size:11pt\"><span style=\"line-height:normal\"><span style=\"font-family:Calibri,sans-serif\"><a href=\"https:\/\/plasticosemrevista.com.br\/lyondellbasell-fecha-planta-de-pp-na-italia\/\" style=\"color:blue; text-decoration:underline\"><span style=\"font-size:14.0pt\">LyondellBasell fecha planta de PP na It&aacute;lia<\/span><\/a><\/span><\/span><\/span><\/p>\r\n\r\n<p style=\"text-align:justify\"><span style=\"font-size:28pt\"><span style=\"font-family:Cambria,serif\"><span style=\"letter-spacing:-0.5pt\"><b><span style=\"font-size:18.0pt\"><span calibri=\"\" style=\"font-family:\"><span style=\"font-variant:small-caps\">Ind&uacute;stria<\/span><\/span><\/span><\/b><\/span><\/span><\/span><\/p>\r\n\r\n<p style=\"text-align:justify\"><span style=\"font-size:11pt\"><span style=\"line-height:normal\"><span style=\"font-family:Calibri,sans-serif\"><a href=\"https:\/\/portalibre.fgv.br\/system\/files\/2023-09\/Sondagem%20da%20Industria%20FGV_press%20release_Set23_0.pdf\" style=\"color:blue; text-decoration:underline\"><span style=\"font-size:14.0pt\">Confian&ccedil;a da Ind&uacute;stria cai pelo terceiro m&ecirc;s consecutivo<\/span><\/a><\/span><\/span><\/span><\/p>\r\n\r\n<p style=\"text-align:justify\"><span style=\"font-size:11pt\"><span style=\"line-height:normal\"><span style=\"font-family:Calibri,sans-serif\"><a href=\"https:\/\/portalibre.fgv.br\/system\/files\/2023-10\/%C3%8Dndice%20de%20Confian%C3%A7a%20Empresarial%20FGV_press%20release_Set23_0.pdf\" style=\"color:blue; text-decoration:underline\"><span style=\"font-size:14.0pt\">Confian&ccedil;a Empresarial se acomoda em patamar desfavor&aacute;vel<\/span><\/a><\/span><\/span><\/span><\/p>\r\n\r\n<p style=\"text-align:justify\"><span style=\"font-size:11pt\"><span style=\"line-height:normal\"><span style=\"font-family:Calibri,sans-serif\"><a href=\"https:\/\/blogdoibre.fgv.br\/posts\/sinais-de-melhora-da-produtividade\" style=\"color:blue; text-decoration:underline\"><span style=\"font-size:14.0pt\">Sinais de melhora da produtividade<\/span><\/a><\/span><\/span><\/span><\/p>\r\n\r\n<p style=\"text-align:justify\"><span style=\"font-size:11pt\"><span style=\"line-height:normal\"><span style=\"font-family:Calibri,sans-serif\"><span class=\"MsoHyperlink\" style=\"color:blue\"><span style=\"text-decoration:underline\"><span style=\"font-size:14.0pt\"><span style=\"text-decoration:none\"><span style=\"text-underline:none\"><a href=\"https:\/\/portalibre.fgv.br\/system\/files\/2023-10\/Apresenta%C3%A7%C3%A3o%20-%20S%C3%ADntese%20das%20Sondagens%20-%20Setembro%202023_0.pdf\" style=\"color:blue; text-decoration:underline\">Indicadores de Confian&ccedil;a e Incerteza do FGV IBRE<\/a><\/span><\/span><\/span><\/span><\/span><\/span><\/span><\/span><\/p>\r\n\r\n<p style=\"text-align:justify\"><span style=\"font-size:11pt\"><span style=\"line-height:normal\"><span style=\"font-family:Calibri,sans-serif\"><a href=\"https:\/\/canaltech.com.br\/carros\/montadoras-chinesas-ganham-terreno-em-disputa-com-a-anfavea-264815\/\" style=\"color:blue; text-decoration:underline\"><span style=\"font-size:14.0pt\">Montadoras chinesas ganham terreno em disputa com a Anfavea<\/span><\/a><\/span><\/span><\/span><\/p>\r\n\r\n<p style=\"text-align:justify\"><span style=\"font-size:11pt\"><span style=\"line-height:normal\"><span style=\"font-family:Calibri,sans-serif\"><a href=\"https:\/\/cbic.org.br\/construcao-segue-otimista-apesar-de-queda-na-expectativa-em-setembro\/#:~:text=22%2F09%2F2023-,Constru%C3%A7%C3%A3o%20segue%20otimista%2C%20apesar%20de%20queda%20na%20expectativa%20em%20setembro,passagem%20de%20agosto%20para%20setembro.\" style=\"color:blue; text-decoration:underline\"><span style=\"font-size:14.0pt\">Constru&ccedil;&atilde;o segue otimista, apesar de queda na expectativa em setembro<\/span><\/a><\/span><\/span><\/span><\/p>\r\n\r\n<p style=\"text-align:justify\"><span style=\"font-size:11pt\"><span style=\"line-height:normal\"><span style=\"font-family:Calibri,sans-serif\"><a href=\"https:\/\/abiquim.org.br\/comunicacao\/noticia\/10960\" style=\"color:blue; text-decoration:underline\"><span style=\"font-size:14.0pt\">Impactos da Reforma Tribut&aacute;ria sobre o consumo para as ind&uacute;strias qu&iacute;mica e petroqu&iacute;mica<\/span><\/a><\/span><\/span><\/span><\/p>\r\n\r\n<p style=\"text-align:justify\"><span style=\"font-size:11pt\"><span style=\"line-height:normal\"><span style=\"font-family:Calibri,sans-serif\"><a href=\"https:\/\/epbr.com.br\/corte-das-exportacoes-russas-deve-deslocar-diesel-do-oriente-medio-para-o-ocidente-diz-sp-global\/?utm_source=newsletters+epbr&amp;utm_campaign=a2e0c8369d-epbr-comece-seu-dia_20230724_COPY_01&amp;utm_medium=email&amp;utm_term=0_5931171aac-a2e0c8369d-466362780\" style=\"color:blue; text-decoration:underline\"><span style=\"font-size:14.0pt\">Corte das exporta&ccedil;&otilde;es russas deve deslocar diesel do Oriente M&eacute;dio para Ocidente, diz S&amp;P Global<\/span><\/a><\/span><\/span><\/span><\/p>\r\n\r\n<p style=\"text-align:justify\"><span style=\"font-size:11pt\"><span style=\"line-height:normal\"><span style=\"font-family:Calibri,sans-serif\"><a href=\"https:\/\/www.bloomberglinea.com.br\/negocios\/petrobras-quer-que-bancos-chineses-financiem-exploracao-em-aguas-profundas-diz-cfo\/?utm_source=newsletters+epbr&amp;utm_campaign=65bca76966-epbr-comece-seu-dia_20230724_COPY_01&amp;utm_medium=email&amp;utm_term=0_5931171aac-65bca76966-466362780\" style=\"color:blue; text-decoration:underline\"><span style=\"font-size:14.0pt\">Petrobras quer que bancos chineses financiem explora&ccedil;&atilde;o em &aacute;guas profundas, diz CFO<\/span><\/a><\/span><\/span><\/span><\/p>\r\n\r\n<p style=\"text-align:justify\"><span style=\"font-size:11pt\"><span style=\"line-height:normal\"><span style=\"font-family:Calibri,sans-serif\"><a href=\"https:\/\/grandesconstrucoes.com.br\/Noticias\/Exibir\/rodovias-vicinais-e-estaduais-de-sp-receberam-mais-de-r-500-mi-em-investimento?utm_source=akna&amp;utm_medium=email&amp;utm_campaign=Grandes-Construcoes-Informativo-881&amp;utm_source=akna&amp;utm_medium=email&amp;utm_campaign=Grandes-Construcoes-Informativo-881\" style=\"color:blue; text-decoration:underline\"><span style=\"font-size:14.0pt\">Rodovias vicinais e estaduais de SP receberam mais de R$ 500 mi em investimento<\/span><\/a><\/span><\/span><\/span><\/p>\r\n\r\n<p style=\"text-align:justify\"><span style=\"font-size:28pt\"><span style=\"font-family:Cambria,serif\"><span style=\"letter-spacing:-0.5pt\"><b><span style=\"font-size:18.0pt\"><span calibri=\"\" style=\"font-family:\"><span style=\"font-variant:small-caps\">Sustentabilidade<\/span><\/span><\/span><\/b><\/span><\/span><\/span><\/p>\r\n\r\n<p style=\"text-align:justify\"><span style=\"font-size:11pt\"><span style=\"line-height:normal\"><span style=\"font-family:Calibri,sans-serif\"><a href=\"https:\/\/www.fibre2fashion.com\/news\/textile-news\/eu-bans-greenwashing-sets-new-standards-for-product-durability-info-290315-newsdetails.htm\" style=\"color:blue; text-decoration:underline\"><span style=\"font-size:14.0pt\">EU bans greenwashing, sets new standards for product durability info<\/span><\/a><\/span><\/span><\/span><\/p>\r\n\r\n<p style=\"text-align:justify\"><span style=\"font-size:11pt\"><span style=\"line-height:normal\"><span style=\"font-family:Calibri,sans-serif\"><a href=\"https:\/\/www.inovacaotecnologica.com.br\/noticias\/noticia.php?artigo=plastico-banido-esta-sendo-vendido-como-plastico-biodegradavel-supermercados&amp;id=020175230927&amp;ebol=sim\" style=\"color:blue; text-decoration:underline\"><span style=\"font-size:14.0pt\">Pl&aacute;stico banido est&aacute; sendo vendido como biodegrad&aacute;vel em supermercados<\/span><\/a><\/span><\/span><\/span><\/p>\r\n\r\n<p style=\"text-align:justify\"><span style=\"font-size:11pt\"><span style=\"line-height:normal\"><span style=\"font-family:Calibri,sans-serif\"><a href=\"https:\/\/revistagalileu.globo.com\/ciencia\/meio-ambiente\/noticia\/2023\/09\/microplasticos-sao-encontrados-em-nuvens-e-podem-agravar-crise-climatica.ghtml\" style=\"color:blue; text-decoration:underline\"><span style=\"font-size:14.0pt\">Micropl&aacute;sticos s&atilde;o encontrados em nuvens &mdash; e podem agravar crise clim&aacute;tica<\/span><\/a><\/span><\/span><\/span><\/p>\r\n\r\n<p style=\"text-align:justify\"><span style=\"font-size:28pt\"><span style=\"font-family:Cambria,serif\"><span style=\"letter-spacing:-0.5pt\"><b><span style=\"font-size:18.0pt\"><span calibri=\"\" style=\"font-family:\"><span style=\"font-variant:small-caps\">Inova&ccedil;&atilde;o<\/span><\/span><\/span><\/b><\/span><\/span><\/span><\/p>\r\n\r\n<p style=\"text-align:justify\"><span style=\"font-size:11pt\"><span style=\"line-height:normal\"><span style=\"font-family:Calibri,sans-serif\"><a href=\"https:\/\/noticias.portaldaindustria.com.br\/noticias\/sustentabilidade\/industria-brasileira-aposta-na-ecoinovacao-para-conservar-o-meio-ambiente-e-ganhar-competitividade\/\" style=\"color:blue; text-decoration:underline\"><span style=\"font-size:14.0pt\">Ind&uacute;stria aposta na ecoinova&ccedil;&atilde;o para conservar o meio ambiente e ganhar competitividade<\/span><\/a><\/span><\/span><\/span><\/p>\r\n\r\n<p style=\"text-align:justify\"><span style=\"font-size:11pt\"><span style=\"line-height:normal\"><span style=\"font-family:Calibri,sans-serif\"><a href=\"https:\/\/static.portaldaindustria.com.br\/portaldaindustria\/noticias\/media\/filer_public\/01\/77\/01779ebf-c8ea-4e22-8ded-49203adf694c\/diretrizes_para_uma_estrategia_nacional_de_ecoinovacao.pdf\" style=\"color:blue; text-decoration:underline\"><span style=\"font-size:14.0pt\">Proposta de Diretrizes para uma Estrat&eacute;gia Nacional de Ecoinova&ccedil;&atilde;o para a Ind&uacute;stria Brasileira<\/span><\/a><\/span><\/span><\/span><\/p>\r\n\r\n<p style=\"text-align:justify\"><span style=\"font-size:11pt\"><span style=\"line-height:normal\"><span style=\"font-family:Calibri,sans-serif\"><span class=\"MsoHyperlink\" style=\"color:blue\"><span style=\"text-decoration:underline\"><span style=\"font-size:14.0pt\"><span style=\"text-decoration:none\"><span style=\"text-underline:none\"><a href=\"https:\/\/www.inovacaotecnologica.com.br\/noticias\/noticia.php?artigo=cimento-ecologicamente-correto-inspirado-vermes-marinhos&amp;id=010160231003&amp;ebol=sim\" style=\"color:blue; text-decoration:underline\">Cimento ecologicamente correto inspirado em vermes marinhos<\/a><\/span><\/span><\/span><\/span><\/span><\/span><\/span><\/span><\/p>\r\n\r\n<p style=\"text-align:justify\"><span style=\"font-size:11pt\"><span style=\"line-height:normal\"><span style=\"font-family:Calibri,sans-serif\"><a href=\"https:\/\/noticias.portaldaindustria.com.br\/noticias\/inovacao-e-tecnologia\/o-que-podemos-aprender-com-a-finlandia-sobre-formacao-de-profissionais-inovadores\/\" style=\"color:blue; text-decoration:underline\"><span style=\"font-size:14.0pt\">O que podemos aprender com a Finl&acirc;ndia sobre forma&ccedil;&atilde;o de profissionais inovadores<\/span><\/a><\/span><\/span><\/span><\/p>\r\n\r\n<p style=\"text-align:justify\"><span style=\"font-size:28pt\"><span style=\"font-family:Cambria,serif\"><span style=\"letter-spacing:-0.5pt\"><b><span style=\"font-size:18.0pt\"><span calibri=\"\" style=\"font-family:\"><span style=\"font-variant:small-caps\">Com&eacute;rcio Exterior<\/span><\/span><\/span><\/b><\/span><\/span><\/span><\/p>\r\n\r\n<p style=\"text-align:justify\"><span style=\"font-size:11pt\"><span style=\"line-height:normal\"><span style=\"font-family:Calibri,sans-serif\"><a href=\"https:\/\/www12.senado.leg.br\/tv\/programas\/salao-nobre\/2023\/09\/senadora-tereza-cristina-fala-sobre-protecionismo-europeu-e-acordo-entre-mercosul-e-uniao-europeia\" style=\"color:blue; text-decoration:underline\"><span style=\"font-size:14.0pt\">Senadora Tereza Cristina fala sobre protecionismo europeu e acordo entre Mercosul e Uni&atilde;o Europeia<\/span><\/a><\/span><\/span><\/span><\/p>\r\n\r\n<p style=\"text-align:justify\"><span style=\"font-size:11pt\"><span style=\"line-height:normal\"><span style=\"font-family:Calibri,sans-serif\"><a href=\"https:\/\/noticias.portaldaindustria.com.br\/noticias\/internacional\/importancia-do-mercado-externo-para-a-industria-brasileira-aumentou-em-2022\/\" style=\"color:blue; text-decoration:underline\"><span style=\"font-size:14.0pt\">Import&acirc;ncia do mercado externo para a ind&uacute;stria brasileira aumentou em 2022<\/span><\/a><\/span><\/span><\/span><\/p>\r\n\r\n<p style=\"text-align:justify\"><span style=\"font-size:11pt\"><span style=\"line-height:normal\"><span style=\"font-family:Calibri,sans-serif\"><a href=\"https:\/\/static.portaldaindustria.com.br\/media\/filer_public\/b8\/3c\/b83c57cd-6196-415d-a299-3fa3a4e1134c\/informepoliticacomercial_23_46_drawback_2.pdf\" style=\"color:blue; text-decoration:underline\"><span style=\"font-size:14.0pt\">Prorrogado o uso do drawback no acordo entre Mercosul e Chile at&eacute; 2030<\/span><\/a><\/span><\/span><\/span><\/p>\r\n\r\n<p style=\"text-align:justify\"><span style=\"font-size:11pt\"><span style=\"line-height:normal\"><span style=\"font-family:Calibri,sans-serif\"><a href=\"https:\/\/blogdoibre.fgv.br\/posts\/china-quando-realidade-se-impoe\" style=\"color:blue; text-decoration:underline\"><span style=\"font-size:14.0pt\">China: Quando a realidade se imp&otilde;e<\/span><\/a><\/span><\/span><\/span><\/p>\r\n\r\n<p style=\"text-align:justify\"><span style=\"font-size:11pt\"><span style=\"line-height:normal\"><span style=\"font-family:Calibri,sans-serif\"><a href=\"https:\/\/g1.globo.com\/economia\/noticia\/2023\/10\/02\/balanca-tem-superavit-de-us-71-bilhoes-de-janeiro-a-setembro-novo-recorde-para-o-periodo.ghtml\" style=\"color:blue; text-decoration:underline\"><span style=\"font-size:14.0pt\">Puxada por soja e petr&oacute;leo, balan&ccedil;a comercial tem recorde at&eacute; setembro<\/span><\/a><\/span><\/span><\/span><\/p>\r\n\r\n<p style=\"text-align:justify\"><span style=\"font-size:28pt\"><span style=\"font-family:Cambria,serif\"><span style=\"letter-spacing:-0.5pt\"><b><span style=\"font-size:18.0pt\"><span calibri=\"\" style=\"font-family:\"><span style=\"font-variant:small-caps\">Economia<\/span><\/span><\/span><\/b><\/span><\/span><\/span><\/p>\r\n\r\n<p style=\"text-align:justify\"><span style=\"font-size:11pt\"><span style=\"line-height:normal\"><span style=\"font-family:Calibri,sans-serif\"><a href=\"https:\/\/www.bcb.gov.br\/content\/focus\/focus\/R20230929.pdf\" style=\"color:blue; text-decoration:underline\"><span style=\"font-size:14.0pt\">Focus &ndash; Relat&oacute;rio de Mercado<\/span><\/a><\/span><\/span><\/span><\/p>\r\n\r\n<p style=\"text-align:justify\"><span style=\"font-size:11pt\"><span style=\"line-height:normal\"><span style=\"font-family:Calibri,sans-serif\"><a href=\"https:\/\/www.bcb.gov.br\/content\/controleinflacao\/focusdistribuicoesfrequencia\/P20231002-Focus-Distribuicoes-de-frequencia.pdf\" style=\"color:blue; text-decoration:underline\"><span style=\"font-size:14.0pt\">Focus &ndash; Distribui&ccedil;&otilde;es de Frequ&ecirc;ncia das Expectativas de Mercado para IPCA, Selic, PIB e C&acirc;mbio<\/span><\/a><\/span><\/span><\/span><\/p>\r\n\r\n<p style=\"text-align:justify\"><span style=\"font-size:11pt\"><span style=\"line-height:normal\"><span style=\"font-family:Calibri,sans-serif\"><a href=\"https:\/\/ibre.fgv.br\/blog-da-conjuntura-economica\/artigos\/em-foco-120\" style=\"color:blue; text-decoration:underline\"><span style=\"font-size:14.0pt\">Novas revis&otilde;es puxam para cima o PIB deste ano<\/span><\/a><\/span><\/span><\/span><\/p>\r\n\r\n<p style=\"text-align:justify\"><span style=\"font-size:11pt\"><span style=\"line-height:normal\"><span style=\"font-family:Calibri,sans-serif\"><a href=\"https:\/\/portalibre.fgv.br\/system\/files\/2023-09\/Indicador_de_Incerteza_Brasil_FGV_press%20release_Set23_0.pdf\" style=\"color:blue; text-decoration:underline\"><span style=\"font-size:14.0pt\">N&iacute;vel de Incerteza se mant&eacute;m na faixa favor&aacute;vel desde junho<\/span><\/a><\/span><\/span><\/span><\/p>\r\n\r\n<p style=\"text-align:justify\"><span style=\"font-size:11pt\"><span style=\"line-height:normal\"><span style=\"font-family:Calibri,sans-serif\"><a href=\"https:\/\/agenciabrasil.ebc.com.br\/economia\/noticia\/2023-09\/taxa-de-desocupacao-cai-para-78-em-agosto-revela-ibge\" style=\"color:blue; text-decoration:underline\"><span style=\"font-size:14.0pt\">Taxa de desemprego cai para 7,8% em agosto, revela IBGE<\/span><\/a><\/span><\/span><\/span><\/p>\r\n","6":"<p style=\"text-align:justify\"><span style=\"font-size:11pt\"><span style=\"line-height:normal\"><span style=\"font-family:Calibri,sans-serif\"><span style=\"font-size:14.0pt\">Esta &eacute; uma compila&ccedil;&atilde;o das not&iacute;cias mais relevantes para o setor, incluindo informa&ccedil;&otilde;es sobre acordos internacionais, economia brasileira, sustentabilidade e mat&eacute;rias primas, al&eacute;m de novidades do setor de N&atilde;otecidos e Tecidos T&eacute;cnicos.<\/span><\/span><\/span><\/span><\/p>\r\n\r\n<p style=\"text-align:justify\"><span style=\"font-size:28pt\"><span style=\"font-family:Cambria,serif\"><span style=\"letter-spacing:-0.5pt\"><b><span style=\"font-size:18.0pt\"><span calibri=\"\" style=\"font-family:\"><span style=\"font-variant:small-caps\">A&ccedil;&otilde;es ABINT<\/span><\/span><\/span><\/b><\/span><\/span><\/span><\/p>\r\n\r\n<ul>\r\n\t<li style=\"text-align:justify\"><span style=\"font-size:11pt\"><span style=\"line-height:normal\"><span style=\"font-family:Calibri,sans-serif\"><b><span style=\"font-size:14.0pt\">O que vem por a&iacute;<\/span><\/b><\/span><\/span><\/span><\/li>\r\n<\/ul>\r\n\r\n<p><b><img src=\"https:\/\/www.abint.org.br\/assets\/img\/editor\/post-quadrado-curso-naotecidos-americana_20230919175746NvKCw9khJL.jpg\" style=\"width: 500px; height: 500px;\" \/><\/b><\/p>\r\n\r\n<h2><a href=\"https:\/\/forms.gle\/tWMzAkvmTkDCVNdy8\"><b>Informa&ccedil;&otilde;es e inscri&ccedil;&otilde;es<\/b><\/a><\/h2>\r\n\r\n<p>&nbsp;<\/p>\r\n\r\n<p>&nbsp;&nbsp;<b><img src=\"https:\/\/www.abint.org.br\/assets\/img\/editor\/congresso-internacional-abit-2023_202308151414212LkdNBSzdA.png\" style=\"width: 500px; height: 442px;\" \/><\/b><\/p>\r\n\r\n<p><b>A ABINT &eacute; uma das patrocinadoras do Congresso Internacional ABIT 2023,&nbsp;<\/b>que ocorrer&aacute;<b>&nbsp;dias 08 e 09 de novembro, na FIESC, Florian&oacute;polis, SC.&nbsp;<\/b><strong><a href=\"https:\/\/t.rdsv1.net\/ls\/click?upn=LFSWB5boDXSqxt4eHgA5r3YUv3HG6yY4XTXT-2BpjEpFmt56yR61Gu09ER-2Bq95-2FgFAbN46ClwLMWPZzveVybfat1CKHOKhUUtOIVaFgsR5U28dlEKVouFrV1iSMaKnlWHCANmwKiZ4x1Oy9BDRL5tuTGPXgO91zEc1uo-2FbtPYQFm3y4fMGnbuiV3FEKs9g9uy1l2sL_iW8zc4KBvTUX2z9kws1M6pjQI9DpNNh-2Fk6fgMN4DbaFx-2BL1o5swSv2HtiLB2iGFhqxZ0654f80VOIjakRycDjcrdu1MF6BdTRc4d4wYs0wcxXXPsRygypvnzeOAhjjgiEkGX1jMsv1FD9IiN0mt5TiPA-2F-2FcYbMJqgkOyyeRxcI4izBTlMz4tYAchHCwHneJZvJXH0y9HeVp67XkJynQGH21X32t2y1CeSaYEq0zVO-2BnyLK4mDGipKkH-2FZQCwU2MKfdHIIgVMZzvyz5G5cXFeOFC58YiNyn2cnMPO14gymNMfyWFH-2BHHlC3b47l7V1Qmqxs4es-2BeyjBwNpbTVF3mKTVfvVN8KGLr0cqLDBhDLHrW7KPcTfpWgS5gfvWdAKEPOEmZKoo4k2kAi0PFh6jxFYAV2tXcAZfbY2kx8RXrY81D1SMCEBW0alhXBRKfUMvljxKCVojmlXya75YoxeWm0PKiSpaikvnyQHb1SYVAvooBBGQr8kVTT7gfi2jpYOB7Yz3v8ovwiOQwMF4kMzI4BGg58Stg7NIyaStQsDmhOsSp6GMNA3SG1UPw-2Fljh3rhjS-2BFt0EiGPe9cI33b9n1X0Y0ud-2BOFmeXkp5V9mMyq0eViPM4g6fXMuiRQFG1Lhn1lb5TsAtW9vCVxHdYrOB-2F6cV4-2FiOK5JwicsxDApwdvwvys-3D\">Informa&ccedil;&otilde;es<\/a><\/strong><\/p>\r\n\r\n<p style=\"text-align:justify\">&nbsp;<\/p>\r\n\r\n<p style=\"text-align:justify\"><span style=\"font-size:11pt\"><span style=\"line-height:normal\"><span style=\"font-family:Calibri,sans-serif\"><b><span style=\"font-size:18.0pt\"><span style=\"font-variant:small-caps\">Eventos<\/span><\/span><\/b><\/span><\/span><\/span><\/p>\r\n\r\n<p style=\"text-align:justify\"><span style=\"font-size:11pt\"><span style=\"line-height:normal\"><span style=\"font-family:Calibri,sans-serif\"><b><span style=\"font-size:14.0pt\">Feira Nacional de Saneamento e Meio Ambiente &ndash; Fenasan e o 34&ordm; Encontro T&eacute;cnico AESabesp<\/span><\/b><span style=\"font-size:14.0pt\"> - de 3 a 5 de outubro, no Pavilh&atilde;o Branco, no Expo Center Norte, em S&atilde;o Paulo. Realiza&ccedil;&atilde;o da AESabesp &ndash; Associa&ccedil;&atilde;o dos Engenheiros da Sabesp. Feira: das 13h &agrave;s 20h e Congresso: das 9h &agrave;s 18h. <\/span><a href=\"https:\/\/fenasan.com.br\/sobre-evento\/\" style=\"color:blue; text-decoration:underline\"><span style=\"font-size:14.0pt\">Informa&ccedil;&otilde;es<\/span><\/a><\/span><\/span><\/span><\/p>\r\n\r\n<p style=\"text-align:justify\"><span style=\"font-size:11pt\"><span style=\"line-height:normal\"><span style=\"font-family:Calibri,sans-serif\"><b><span style=\"font-size:14.0pt\">Workshop Abit | Etiquetagem de produtos t&ecirc;xteis e confeccionados, <\/span><\/b><span style=\"font-size:14.0pt\">03 de outubro de 2023, 9h00 &agrave;s 12h00, evento online. <\/span><a href=\"https:\/\/produtos.institutoabit.org.br\/prod\/a22d34b5-dc06-4f1d-b2f3-f1ddbb3ca99f?utm_campaign=convite_workshop_etiquetagem_outubro23&amp;utm_medium=email&amp;utm_source=RD+Station\" style=\"color:blue; text-decoration:underline\"><span style=\"font-size:14.0pt\">Informa&ccedil;&otilde;es<\/span><\/a> <\/span><\/span><\/span><\/p>\r\n\r\n<p style=\"text-align:justify\"><span style=\"font-size:11pt\"><span style=\"line-height:normal\"><span style=\"font-family:Calibri,sans-serif\"><b><span style=\"font-size:14.0pt\">Semin&aacute;rio Abiquim de Tecnologia e Inova&ccedil;&atilde;o 2023, <\/span><\/b><span style=\"font-size:14.0pt\">5 de outubro, Espa&ccedil;o Cosy, Av. Morumbi 5299, Morumbi, S&atilde;o Paulo, SP. <\/span><a href=\"https:\/\/www.seminariodetecnologia.org.br\/sobre\/\" style=\"color:blue; text-decoration:underline\"><span style=\"font-size:14.0pt\">Informa&ccedil;&otilde;es<\/span><\/a> <\/span><\/span><\/span><\/p>\r\n\r\n<p style=\"text-align:justify\"><span style=\"font-size:11pt\"><span style=\"line-height:normal\"><span style=\"font-family:Calibri,sans-serif\"><b><span style=\"font-size:14.0pt\">Webinar | Revisiting ITMA 2023 &ndash; Groundbreaking innovations from buyers&rsquo; perspectives<\/span><\/b><span style=\"font-size:14.0pt\">, 5 October 2023, Thursday, 10:00 am CEST. <\/span><a href=\"https:\/\/itma.com\/itmaconnect\/events\/groundbreaking-innovations\" style=\"color:blue; text-decoration:underline\"><span style=\"font-size:14.0pt\">Informa&ccedil;&otilde;es<\/span><\/a> <\/span><\/span><\/span><\/p>\r\n\r\n<p style=\"text-align:justify\"><span style=\"font-size:11pt\"><span style=\"line-height:normal\"><span style=\"font-family:Calibri,sans-serif\"><b><span style=\"font-size:14.0pt\">FiltXPO&trade; 2023<\/span><\/b><span class=\"MsoHyperlink\" style=\"color:blue\"><span style=\"text-decoration:underline\"><span style=\"font-size:14.0pt\"><span style=\"text-decoration:none\"><span style=\"text-underline:none\">, <\/span><\/span><\/span><\/span><\/span><span style=\"font-size:14.0pt\">October 10-12, 2023 at Navy Pier in Chicago, Illinois<\/span><span class=\"MsoHyperlink\" style=\"color:blue\"><span style=\"text-decoration:underline\"><span style=\"font-size:14.0pt\"><span style=\"text-decoration:none\"><span style=\"text-underline:none\">. <\/span><\/span><\/span><\/span><\/span><a href=\"https:\/\/www.filtxpo.com\/\" style=\"color:blue; text-decoration:underline\"><span style=\"font-size:14.0pt\">Informa&ccedil;&otilde;es<\/span><\/a> <\/span><\/span><\/span><\/p>\r\n\r\n<p style=\"text-align:justify\"><span style=\"font-size:11pt\"><span style=\"line-height:normal\"><span style=\"font-family:Calibri,sans-serif\"><b><span style=\"font-size:14.0pt\">CONAHP 2023<\/span><\/b><span style=\"font-size:14.0pt\">, 18 e 19 de outubro, Transamerica Expo Center, S&atilde;o Paulo, SP. <\/span><a href=\"https:\/\/conahp.org.br\/2023\/\" style=\"color:blue; text-decoration:underline\"><span style=\"font-size:14.0pt\">Informa&ccedil;&otilde;es<\/span><\/a> <\/span><\/span><\/span><\/p>\r\n\r\n<p style=\"text-align:justify\"><span style=\"font-size:11pt\"><span style=\"line-height:normal\"><span style=\"font-family:Calibri,sans-serif\"><b><span style=\"font-size:14.0pt\">V Congreso Sudamericano de Composites, Poliuretano y Pl&aacute;sticos de Ingenier&iacute;a, <\/span><\/b><span style=\"font-size:14.0pt\">24 e 25 de outubro de 2023, Bogot&aacute;, Col&ocirc;mbia. <\/span><a href=\"http:\/\/www.congresosudamericano.com\/blog.html\" style=\"color:blue; text-decoration:underline\"><span style=\"font-size:14.0pt\">Informa&ccedil;&otilde;es<\/span><\/a> <\/span><\/span><\/span><\/p>\r\n\r\n<p style=\"text-align:justify\"><span style=\"font-size:11pt\"><span style=\"line-height:normal\"><span style=\"font-family:Calibri,sans-serif\"><b><span style=\"font-size:14.0pt\">FEIPLAR COMPOSITES &amp; FEIPUR | Pain&eacute;is Setoriais 2023<\/span><\/b><span style=\"font-size:14.0pt\">, 24, 25 e 26 de outubro de 2023. <\/span><a href=\"http:\/\/newsletter.feiplar.com.br\/accounts\/184158\/messages\/30?email=abint@abint.org.br&amp;c=1693235815&amp;contact_id=3458&amp;envelope_id=21\" style=\"color:blue; text-decoration:underline\"><span style=\"font-size:14.0pt\">Informa&ccedil;&otilde;es<\/span><\/a> <\/span><\/span><\/span><\/p>\r\n\r\n<p style=\"text-align:justify\"><span style=\"font-size:11pt\"><span style=\"line-height:normal\"><span style=\"font-family:Calibri,sans-serif\"><b><span style=\"font-size:14.0pt\">Abrafiltros | 2&ordm; Semin&aacute;rio Brasileiro de Filtros<\/span><\/b><span style=\"font-size:14.0pt\">, 08 de novembro de 2023. <\/span><a href=\"https:\/\/www.abrafiltros.org.br\/seminario\/\" style=\"color:blue; text-decoration:underline\"><span style=\"font-size:14.0pt\">Informa&ccedil;&otilde;es<\/span><\/a> <\/span><\/span><\/span><\/p>\r\n\r\n<p style=\"text-align:justify\"><span style=\"font-size:11pt\"><span style=\"line-height:normal\"><span style=\"font-family:Calibri,sans-serif\"><b><span style=\"font-size:14.0pt\">Industry CCUS 2023,<\/span><\/b> <span style=\"font-size:14.0pt\">29-30 November, Rotterdam, Netherlands.<\/span> <a href=\"https:\/\/fortesmedia.com\/industry-ccus-conference-2023,4,en,2,1,28.html#register\" style=\"color:blue; text-decoration:underline\"><span style=\"font-size:14.0pt\">Informa&ccedil;&otilde;es<\/span><\/a> <\/span><\/span><\/span><\/p>\r\n\r\n<p style=\"text-align:justify\"><span style=\"font-size:11pt\"><span style=\"line-height:normal\"><span style=\"font-family:Calibri,sans-serif\"><b><span style=\"font-size:14.0pt\">FEIPLAR COMPOSITES &amp; FEIPUR &ndash; Feira e Congresso Internacionais de Composites, Poliuretano, Pl&aacute;sticos de Engenharia e Compostos Termopl&aacute;sticos<\/span><\/b><span style=\"font-size:14.0pt\">, 20 a 22 de agosto de 2024, S&atilde;o Paulo Expo (Pavilh&atilde;o 5), palestras: das 8h30 &agrave;s 18h, feira: das 13h &agrave;s 20h.<b> <\/b><\/span><a href=\"http:\/\/www.feiplar.com\" style=\"color:blue; text-decoration:underline\"><span style=\"font-size:14.0pt\">www.feiplar.com<\/span><\/a> <\/span><\/span><\/span><\/p>\r\n\r\n<p style=\"text-align:justify\"><span style=\"font-size:28pt\"><span style=\"font-family:Cambria,serif\"><span style=\"letter-spacing:-0.5pt\"><b><span style=\"font-size:18.0pt\"><span calibri=\"\" style=\"font-family:\"><span style=\"font-variant:small-caps\">Setor<\/span><\/span><\/span><\/b><\/span><\/span><\/span><\/p>\r\n\r\n<p style=\"text-align:justify\"><span style=\"font-size:11pt\"><span style=\"line-height:normal\"><span style=\"font-family:Calibri,sans-serif\"><a href=\"https:\/\/www.nonwovens-industry.com\/issues\/2023-09-01\/view_features\/international-top-companies-report-806558?utm_campaign=NON+eNewsletter&amp;utm_medium=email&amp;_hsmi=276181954&amp;_hsenc=p2ANqtz-8PCNXTYlGDRTQ3wzuJ2bZK8L1Xm56gLr6C4gTyipV2Vquu-oXoY2q62S9ulyGi2vbGMb5fvrirQZDHC9xv3lWime_Xww&amp;utm_content=276181954&amp;utm_source=hs_email\" style=\"color:blue; text-decoration:underline\"><span style=\"font-size:14.0pt\">International Top Companies Report<\/span><\/a><\/span><\/span><\/span><\/p>\r\n\r\n<p style=\"text-align:justify\"><span style=\"font-size:11pt\"><span style=\"line-height:normal\"><span style=\"font-family:Calibri,sans-serif\"><a href=\"https:\/\/www.nonwovens-industry.com\/issues\/2023-09\/view_features\/the-future-of-spunlace-nonwovens?utm_campaign=NON+eNewsletter&amp;utm_medium=email&amp;_hsmi=276181954&amp;_hsenc=p2ANqtz-_1eZ_GbbGmO_AfH0qXnAu5iXFvKhUqyfToRcZQ_H-9hKTYgxIm0qI0dJAoiw_BrUFbjz8OuQLtcs_BdJmlqxJB0sB1JQ&amp;utm_content=276181954&amp;utm_source=hs_email\" style=\"color:blue; text-decoration:underline\"><span style=\"font-size:14.0pt\">The Future of Spunlace Nonwovens<\/span><\/a><\/span><\/span><\/span><\/p>\r\n\r\n<p style=\"text-align:justify\"><span style=\"font-size:11pt\"><span style=\"line-height:normal\"><span style=\"font-family:Calibri,sans-serif\"><span class=\"MsoHyperlink\" style=\"color:blue\"><span style=\"text-decoration:underline\"><span style=\"font-size:14.0pt\"><span style=\"text-decoration:none\"><span style=\"text-underline:none\"><a href=\"https:\/\/epbr.com.br\/disputa-pela-braskem-por-que-petroquimica-atrai-investidores-ao-redor-do-mundo\/?utm_source=newsletters+epbr&amp;utm_campaign=2360468456-epbr-comece-seu-dia_COPY_01&amp;utm_medium=email&amp;utm_term=0_5931171aac-2360468456-466362780\" style=\"color:blue; text-decoration:underline\">Disputa pela Braskem: por que petroqu&iacute;mica atrai investidores ao redor do mundo<\/a><\/span><\/span><\/span><\/span><\/span><\/span><\/span><\/span><\/p>\r\n\r\n<p style=\"text-align:justify\"><span style=\"font-size:11pt\"><span style=\"line-height:normal\"><span style=\"font-family:Calibri,sans-serif\"><a href=\"http:\/\/abimovel.com\/exportacoes-brasileiras-de-moveis-e-colchoes-cresceram-no-inicio-do-segundo-semestre\/?utm_campaign=exportacoes_brasileiras_de_moveis_e_colchoes_cresceram_no_inicio_do_segundo_semestre&amp;utm_medium=email&amp;utm_source=RD+Station\" style=\"color:blue; text-decoration:underline\"><span style=\"font-size:14.0pt\">Exporta&ccedil;&otilde;es brasileiras de m&oacute;veis e colch&otilde;es cresceram no in&iacute;cio do segundo semestre<\/span><\/a><\/span><\/span><\/span><\/p>\r\n\r\n<p style=\"text-align:justify\"><span style=\"font-size:11pt\"><span style=\"line-height:normal\"><span style=\"font-family:Calibri,sans-serif\"><a href=\"https:\/\/www.moveisdevalor.com.br\/portal\/industria-brasileira-de-colchoes-e-tema-de-seminario-na-turquia?source=news\" style=\"color:blue; text-decoration:underline\"><span style=\"font-size:14.0pt\">Ind&uacute;stria brasileira de colch&otilde;es &eacute; tema de semin&aacute;rio na Turquia<\/span><\/a><\/span><\/span><\/span><\/p>\r\n\r\n<p style=\"text-align:justify\"><span style=\"font-size:11pt\"><span style=\"line-height:normal\"><span style=\"font-family:Calibri,sans-serif\"><a href=\"https:\/\/www.olinda.pe.gov.br\/obras-de-contencao-de-encostas-avancam-por-novas-localidades-de-olinda\/\" style=\"color:blue; text-decoration:underline\"><span style=\"font-size:14.0pt\">Geomantas: obras de conten&ccedil;&atilde;o de encostas avan&ccedil;am por novas localidades de Olinda<\/span><\/a><\/span><\/span><\/span><\/p>\r\n\r\n<p style=\"text-align:justify\"><span style=\"font-size:11pt\"><span style=\"line-height:normal\"><span style=\"font-family:Calibri,sans-serif\"><a href=\"https:\/\/plasticosemrevista.com.br\/lyondellbasell-fecha-planta-de-pp-na-italia\/\" style=\"color:blue; text-decoration:underline\"><span style=\"font-size:14.0pt\">LyondellBasell fecha planta de PP na It&aacute;lia<\/span><\/a><\/span><\/span><\/span><\/p>\r\n\r\n<p style=\"text-align:justify\"><span style=\"font-size:28pt\"><span style=\"font-family:Cambria,serif\"><span style=\"letter-spacing:-0.5pt\"><b><span style=\"font-size:18.0pt\"><span calibri=\"\" style=\"font-family:\"><span style=\"font-variant:small-caps\">Ind&uacute;stria<\/span><\/span><\/span><\/b><\/span><\/span><\/span><\/p>\r\n\r\n<p style=\"text-align:justify\"><span style=\"font-size:11pt\"><span style=\"line-height:normal\"><span style=\"font-family:Calibri,sans-serif\"><a href=\"https:\/\/portalibre.fgv.br\/system\/files\/2023-09\/Sondagem%20da%20Industria%20FGV_press%20release_Set23_0.pdf\" style=\"color:blue; text-decoration:underline\"><span style=\"font-size:14.0pt\">Confian&ccedil;a da Ind&uacute;stria cai pelo terceiro m&ecirc;s consecutivo<\/span><\/a><\/span><\/span><\/span><\/p>\r\n\r\n<p style=\"text-align:justify\"><span style=\"font-size:11pt\"><span style=\"line-height:normal\"><span style=\"font-family:Calibri,sans-serif\"><a href=\"https:\/\/portalibre.fgv.br\/system\/files\/2023-10\/%C3%8Dndice%20de%20Confian%C3%A7a%20Empresarial%20FGV_press%20release_Set23_0.pdf\" style=\"color:blue; text-decoration:underline\"><span style=\"font-size:14.0pt\">Confian&ccedil;a Empresarial se acomoda em patamar desfavor&aacute;vel<\/span><\/a><\/span><\/span><\/span><\/p>\r\n\r\n<p style=\"text-align:justify\"><span style=\"font-size:11pt\"><span style=\"line-height:normal\"><span style=\"font-family:Calibri,sans-serif\"><a href=\"https:\/\/blogdoibre.fgv.br\/posts\/sinais-de-melhora-da-produtividade\" style=\"color:blue; text-decoration:underline\"><span style=\"font-size:14.0pt\">Sinais de melhora da produtividade<\/span><\/a><\/span><\/span><\/span><\/p>\r\n\r\n<p style=\"text-align:justify\"><span style=\"font-size:11pt\"><span style=\"line-height:normal\"><span style=\"font-family:Calibri,sans-serif\"><span class=\"MsoHyperlink\" style=\"color:blue\"><span style=\"text-decoration:underline\"><span style=\"font-size:14.0pt\"><span style=\"text-decoration:none\"><span style=\"text-underline:none\"><a href=\"https:\/\/portalibre.fgv.br\/system\/files\/2023-10\/Apresenta%C3%A7%C3%A3o%20-%20S%C3%ADntese%20das%20Sondagens%20-%20Setembro%202023_0.pdf\" style=\"color:blue; text-decoration:underline\">Indicadores de Confian&ccedil;a e Incerteza do FGV IBRE<\/a><\/span><\/span><\/span><\/span><\/span><\/span><\/span><\/span><\/p>\r\n\r\n<p style=\"text-align:justify\"><span style=\"font-size:11pt\"><span style=\"line-height:normal\"><span style=\"font-family:Calibri,sans-serif\"><a href=\"https:\/\/canaltech.com.br\/carros\/montadoras-chinesas-ganham-terreno-em-disputa-com-a-anfavea-264815\/\" style=\"color:blue; text-decoration:underline\"><span style=\"font-size:14.0pt\">Montadoras chinesas ganham terreno em disputa com a Anfavea<\/span><\/a><\/span><\/span><\/span><\/p>\r\n\r\n<p style=\"text-align:justify\"><span style=\"font-size:11pt\"><span style=\"line-height:normal\"><span style=\"font-family:Calibri,sans-serif\"><a href=\"https:\/\/cbic.org.br\/construcao-segue-otimista-apesar-de-queda-na-expectativa-em-setembro\/#:~:text=22%2F09%2F2023-,Constru%C3%A7%C3%A3o%20segue%20otimista%2C%20apesar%20de%20queda%20na%20expectativa%20em%20setembro,passagem%20de%20agosto%20para%20setembro.\" style=\"color:blue; text-decoration:underline\"><span style=\"font-size:14.0pt\">Constru&ccedil;&atilde;o segue otimista, apesar de queda na expectativa em setembro<\/span><\/a><\/span><\/span><\/span><\/p>\r\n\r\n<p style=\"text-align:justify\"><span style=\"font-size:11pt\"><span style=\"line-height:normal\"><span style=\"font-family:Calibri,sans-serif\"><a href=\"https:\/\/abiquim.org.br\/comunicacao\/noticia\/10960\" style=\"color:blue; text-decoration:underline\"><span style=\"font-size:14.0pt\">Impactos da Reforma Tribut&aacute;ria sobre o consumo para as ind&uacute;strias qu&iacute;mica e petroqu&iacute;mica<\/span><\/a><\/span><\/span><\/span><\/p>\r\n\r\n<p style=\"text-align:justify\"><span style=\"font-size:11pt\"><span style=\"line-height:normal\"><span style=\"font-family:Calibri,sans-serif\"><a href=\"https:\/\/epbr.com.br\/corte-das-exportacoes-russas-deve-deslocar-diesel-do-oriente-medio-para-o-ocidente-diz-sp-global\/?utm_source=newsletters+epbr&amp;utm_campaign=a2e0c8369d-epbr-comece-seu-dia_20230724_COPY_01&amp;utm_medium=email&amp;utm_term=0_5931171aac-a2e0c8369d-466362780\" style=\"color:blue; text-decoration:underline\"><span style=\"font-size:14.0pt\">Corte das exporta&ccedil;&otilde;es russas deve deslocar diesel do Oriente M&eacute;dio para Ocidente, diz S&amp;P Global<\/span><\/a><\/span><\/span><\/span><\/p>\r\n\r\n<p style=\"text-align:justify\"><span style=\"font-size:11pt\"><span style=\"line-height:normal\"><span style=\"font-family:Calibri,sans-serif\"><a href=\"https:\/\/www.bloomberglinea.com.br\/negocios\/petrobras-quer-que-bancos-chineses-financiem-exploracao-em-aguas-profundas-diz-cfo\/?utm_source=newsletters+epbr&amp;utm_campaign=65bca76966-epbr-comece-seu-dia_20230724_COPY_01&amp;utm_medium=email&amp;utm_term=0_5931171aac-65bca76966-466362780\" style=\"color:blue; text-decoration:underline\"><span style=\"font-size:14.0pt\">Petrobras quer que bancos chineses financiem explora&ccedil;&atilde;o em &aacute;guas profundas, diz CFO<\/span><\/a><\/span><\/span><\/span><\/p>\r\n\r\n<p style=\"text-align:justify\"><span style=\"font-size:11pt\"><span style=\"line-height:normal\"><span style=\"font-family:Calibri,sans-serif\"><a href=\"https:\/\/grandesconstrucoes.com.br\/Noticias\/Exibir\/rodovias-vicinais-e-estaduais-de-sp-receberam-mais-de-r-500-mi-em-investimento?utm_source=akna&amp;utm_medium=email&amp;utm_campaign=Grandes-Construcoes-Informativo-881&amp;utm_source=akna&amp;utm_medium=email&amp;utm_campaign=Grandes-Construcoes-Informativo-881\" style=\"color:blue; text-decoration:underline\"><span style=\"font-size:14.0pt\">Rodovias vicinais e estaduais de SP receberam mais de R$ 500 mi em investimento<\/span><\/a><\/span><\/span><\/span><\/p>\r\n\r\n<p style=\"text-align:justify\"><span style=\"font-size:28pt\"><span style=\"font-family:Cambria,serif\"><span style=\"letter-spacing:-0.5pt\"><b><span style=\"font-size:18.0pt\"><span calibri=\"\" style=\"font-family:\"><span style=\"font-variant:small-caps\">Sustentabilidade<\/span><\/span><\/span><\/b><\/span><\/span><\/span><\/p>\r\n\r\n<p style=\"text-align:justify\"><span style=\"font-size:11pt\"><span style=\"line-height:normal\"><span style=\"font-family:Calibri,sans-serif\"><a href=\"https:\/\/www.fibre2fashion.com\/news\/textile-news\/eu-bans-greenwashing-sets-new-standards-for-product-durability-info-290315-newsdetails.htm\" style=\"color:blue; text-decoration:underline\"><span style=\"font-size:14.0pt\">EU bans greenwashing, sets new standards for product durability info<\/span><\/a><\/span><\/span><\/span><\/p>\r\n\r\n<p style=\"text-align:justify\"><span style=\"font-size:11pt\"><span style=\"line-height:normal\"><span style=\"font-family:Calibri,sans-serif\"><a href=\"https:\/\/www.inovacaotecnologica.com.br\/noticias\/noticia.php?artigo=plastico-banido-esta-sendo-vendido-como-plastico-biodegradavel-supermercados&amp;id=020175230927&amp;ebol=sim\" style=\"color:blue; text-decoration:underline\"><span style=\"font-size:14.0pt\">Pl&aacute;stico banido est&aacute; sendo vendido como biodegrad&aacute;vel em supermercados<\/span><\/a><\/span><\/span><\/span><\/p>\r\n\r\n<p style=\"text-align:justify\"><span style=\"font-size:11pt\"><span style=\"line-height:normal\"><span style=\"font-family:Calibri,sans-serif\"><a href=\"https:\/\/revistagalileu.globo.com\/ciencia\/meio-ambiente\/noticia\/2023\/09\/microplasticos-sao-encontrados-em-nuvens-e-podem-agravar-crise-climatica.ghtml\" style=\"color:blue; text-decoration:underline\"><span style=\"font-size:14.0pt\">Micropl&aacute;sticos s&atilde;o encontrados em nuvens &mdash; e podem agravar crise clim&aacute;tica<\/span><\/a><\/span><\/span><\/span><\/p>\r\n\r\n<p style=\"text-align:justify\"><span style=\"font-size:28pt\"><span style=\"font-family:Cambria,serif\"><span style=\"letter-spacing:-0.5pt\"><b><span style=\"font-size:18.0pt\"><span calibri=\"\" style=\"font-family:\"><span style=\"font-variant:small-caps\">Inova&ccedil;&atilde;o<\/span><\/span><\/span><\/b><\/span><\/span><\/span><\/p>\r\n\r\n<p style=\"text-align:justify\"><span style=\"font-size:11pt\"><span style=\"line-height:normal\"><span style=\"font-family:Calibri,sans-serif\"><a href=\"https:\/\/noticias.portaldaindustria.com.br\/noticias\/sustentabilidade\/industria-brasileira-aposta-na-ecoinovacao-para-conservar-o-meio-ambiente-e-ganhar-competitividade\/\" style=\"color:blue; text-decoration:underline\"><span style=\"font-size:14.0pt\">Ind&uacute;stria aposta na ecoinova&ccedil;&atilde;o para conservar o meio ambiente e ganhar competitividade<\/span><\/a><\/span><\/span><\/span><\/p>\r\n\r\n<p style=\"text-align:justify\"><span style=\"font-size:11pt\"><span style=\"line-height:normal\"><span style=\"font-family:Calibri,sans-serif\"><a href=\"https:\/\/static.portaldaindustria.com.br\/portaldaindustria\/noticias\/media\/filer_public\/01\/77\/01779ebf-c8ea-4e22-8ded-49203adf694c\/diretrizes_para_uma_estrategia_nacional_de_ecoinovacao.pdf\" style=\"color:blue; text-decoration:underline\"><span style=\"font-size:14.0pt\">Proposta de Diretrizes para uma Estrat&eacute;gia Nacional de Ecoinova&ccedil;&atilde;o para a Ind&uacute;stria Brasileira<\/span><\/a><\/span><\/span><\/span><\/p>\r\n\r\n<p style=\"text-align:justify\"><span style=\"font-size:11pt\"><span style=\"line-height:normal\"><span style=\"font-family:Calibri,sans-serif\"><span class=\"MsoHyperlink\" style=\"color:blue\"><span style=\"text-decoration:underline\"><span style=\"font-size:14.0pt\"><span style=\"text-decoration:none\"><span style=\"text-underline:none\"><a href=\"https:\/\/www.inovacaotecnologica.com.br\/noticias\/noticia.php?artigo=cimento-ecologicamente-correto-inspirado-vermes-marinhos&amp;id=010160231003&amp;ebol=sim\" style=\"color:blue; text-decoration:underline\">Cimento ecologicamente correto inspirado em vermes marinhos<\/a><\/span><\/span><\/span><\/span><\/span><\/span><\/span><\/span><\/p>\r\n\r\n<p style=\"text-align:justify\"><span style=\"font-size:11pt\"><span style=\"line-height:normal\"><span style=\"font-family:Calibri,sans-serif\"><a href=\"https:\/\/noticias.portaldaindustria.com.br\/noticias\/inovacao-e-tecnologia\/o-que-podemos-aprender-com-a-finlandia-sobre-formacao-de-profissionais-inovadores\/\" style=\"color:blue; text-decoration:underline\"><span style=\"font-size:14.0pt\">O que podemos aprender com a Finl&acirc;ndia sobre forma&ccedil;&atilde;o de profissionais inovadores<\/span><\/a><\/span><\/span><\/span><\/p>\r\n\r\n<p style=\"text-align:justify\"><span style=\"font-size:28pt\"><span style=\"font-family:Cambria,serif\"><span style=\"letter-spacing:-0.5pt\"><b><span style=\"font-size:18.0pt\"><span calibri=\"\" style=\"font-family:\"><span style=\"font-variant:small-caps\">Com&eacute;rcio Exterior<\/span><\/span><\/span><\/b><\/span><\/span><\/span><\/p>\r\n\r\n<p style=\"text-align:justify\"><span style=\"font-size:11pt\"><span style=\"line-height:normal\"><span style=\"font-family:Calibri,sans-serif\"><a href=\"https:\/\/www12.senado.leg.br\/tv\/programas\/salao-nobre\/2023\/09\/senadora-tereza-cristina-fala-sobre-protecionismo-europeu-e-acordo-entre-mercosul-e-uniao-europeia\" style=\"color:blue; text-decoration:underline\"><span style=\"font-size:14.0pt\">Senadora Tereza Cristina fala sobre protecionismo europeu e acordo entre Mercosul e Uni&atilde;o Europeia<\/span><\/a><\/span><\/span><\/span><\/p>\r\n\r\n<p style=\"text-align:justify\"><span style=\"font-size:11pt\"><span style=\"line-height:normal\"><span style=\"font-family:Calibri,sans-serif\"><a href=\"https:\/\/noticias.portaldaindustria.com.br\/noticias\/internacional\/importancia-do-mercado-externo-para-a-industria-brasileira-aumentou-em-2022\/\" style=\"color:blue; text-decoration:underline\"><span style=\"font-size:14.0pt\">Import&acirc;ncia do mercado externo para a ind&uacute;stria brasileira aumentou em 2022<\/span><\/a><\/span><\/span><\/span><\/p>\r\n\r\n<p style=\"text-align:justify\"><span style=\"font-size:11pt\"><span style=\"line-height:normal\"><span style=\"font-family:Calibri,sans-serif\"><a href=\"https:\/\/static.portaldaindustria.com.br\/media\/filer_public\/b8\/3c\/b83c57cd-6196-415d-a299-3fa3a4e1134c\/informepoliticacomercial_23_46_drawback_2.pdf\" style=\"color:blue; text-decoration:underline\"><span style=\"font-size:14.0pt\">Prorrogado o uso do drawback no acordo entre Mercosul e Chile at&eacute; 2030<\/span><\/a><\/span><\/span><\/span><\/p>\r\n\r\n<p style=\"text-align:justify\"><span style=\"font-size:11pt\"><span style=\"line-height:normal\"><span style=\"font-family:Calibri,sans-serif\"><a href=\"https:\/\/blogdoibre.fgv.br\/posts\/china-quando-realidade-se-impoe\" style=\"color:blue; text-decoration:underline\"><span style=\"font-size:14.0pt\">China: Quando a realidade se imp&otilde;e<\/span><\/a><\/span><\/span><\/span><\/p>\r\n\r\n<p style=\"text-align:justify\"><span style=\"font-size:11pt\"><span style=\"line-height:normal\"><span style=\"font-family:Calibri,sans-serif\"><a href=\"https:\/\/g1.globo.com\/economia\/noticia\/2023\/10\/02\/balanca-tem-superavit-de-us-71-bilhoes-de-janeiro-a-setembro-novo-recorde-para-o-periodo.ghtml\" style=\"color:blue; text-decoration:underline\"><span style=\"font-size:14.0pt\">Puxada por soja e petr&oacute;leo, balan&ccedil;a comercial tem recorde at&eacute; setembro<\/span><\/a><\/span><\/span><\/span><\/p>\r\n\r\n<p style=\"text-align:justify\"><span style=\"font-size:28pt\"><span style=\"font-family:Cambria,serif\"><span style=\"letter-spacing:-0.5pt\"><b><span style=\"font-size:18.0pt\"><span calibri=\"\" style=\"font-family:\"><span style=\"font-variant:small-caps\">Economia<\/span><\/span><\/span><\/b><\/span><\/span><\/span><\/p>\r\n\r\n<p style=\"text-align:justify\"><span style=\"font-size:11pt\"><span style=\"line-height:normal\"><span style=\"font-family:Calibri,sans-serif\"><a href=\"https:\/\/www.bcb.gov.br\/content\/focus\/focus\/R20230929.pdf\" style=\"color:blue; text-decoration:underline\"><span style=\"font-size:14.0pt\">Focus &ndash; Relat&oacute;rio de Mercado<\/span><\/a><\/span><\/span><\/span><\/p>\r\n\r\n<p style=\"text-align:justify\"><span style=\"font-size:11pt\"><span style=\"line-height:normal\"><span style=\"font-family:Calibri,sans-serif\"><a href=\"https:\/\/www.bcb.gov.br\/content\/controleinflacao\/focusdistribuicoesfrequencia\/P20231002-Focus-Distribuicoes-de-frequencia.pdf\" style=\"color:blue; text-decoration:underline\"><span style=\"font-size:14.0pt\">Focus &ndash; Distribui&ccedil;&otilde;es de Frequ&ecirc;ncia das Expectativas de Mercado para IPCA, Selic, PIB e C&acirc;mbio<\/span><\/a><\/span><\/span><\/span><\/p>\r\n\r\n<p style=\"text-align:justify\"><span style=\"font-size:11pt\"><span style=\"line-height:normal\"><span style=\"font-family:Calibri,sans-serif\"><a href=\"https:\/\/ibre.fgv.br\/blog-da-conjuntura-economica\/artigos\/em-foco-120\" style=\"color:blue; text-decoration:underline\"><span style=\"font-size:14.0pt\">Novas revis&otilde;es puxam para cima o PIB deste ano<\/span><\/a><\/span><\/span><\/span><\/p>\r\n\r\n<p style=\"text-align:justify\"><span style=\"font-size:11pt\"><span style=\"line-height:normal\"><span style=\"font-family:Calibri,sans-serif\"><a href=\"https:\/\/portalibre.fgv.br\/system\/files\/2023-09\/Indicador_de_Incerteza_Brasil_FGV_press%20release_Set23_0.pdf\" style=\"color:blue; text-decoration:underline\"><span style=\"font-size:14.0pt\">N&iacute;vel de Incerteza se mant&eacute;m na faixa favor&aacute;vel desde junho<\/span><\/a><\/span><\/span><\/span><\/p>\r\n\r\n<p style=\"text-align:justify\"><span style=\"font-size:11pt\"><span style=\"line-height:normal\"><span style=\"font-family:Calibri,sans-serif\"><a href=\"https:\/\/agenciabrasil.ebc.com.br\/economia\/noticia\/2023-09\/taxa-de-desocupacao-cai-para-78-em-agosto-revela-ibge\" style=\"color:blue; text-decoration:underline\"><span style=\"font-size:14.0pt\">Taxa de desemprego cai para 7,8% em agosto, revela IBGE<\/span><\/a><\/span><\/span><\/span><\/p>\r\n","texto_en":"","7":"","imagem":"COMP_banner-padrao-home-destaques-boletim-2023_20231003130722Ei6m0Ogqg9.jpeg","8":"COMP_banner-padrao-home-destaques-boletim-2023_20231003130722Ei6m0Ogqg9.jpeg","arquivo":"20231003-BOLETIM-ABINT-DE-NOTICIAS-SEMANAIS.PDF","9":"20231003-BOLETIM-ABINT-DE-NOTICIAS-SEMANAIS.PDF","titulo_arquivo":"20231003 Boletim ABINT de Not\u00edcias Semanais","10":"20231003 Boletim ABINT de Not\u00edcias Semanais","titulo_arquivo_en":"","11":"","created_at":"2023-10-03 13:07:31","12":"2023-10-03 13:07:31","updated_at":"2023-10-03 13:18:32","13":"2023-10-03 13:18:32"},{"id":84,"0":84,"ordem":139,"1":139,"data":"2023-09-26","2":"2023-09-26","slug":"boletim-de-noticias-semanais-81","3":"boletim-de-noticias-semanais-81","titulo":"Boletim de Not\u00edcias Semanais","4":"Boletim de Not\u00edcias Semanais","titulo_en":"","5":"","texto":"<p style=\"text-align:justify\"><span style=\"font-size:11pt\"><span style=\"line-height:normal\"><span style=\"font-family:Calibri,sans-serif\"><span style=\"font-size:14.0pt\">Esta &eacute; uma compila&ccedil;&atilde;o das not&iacute;cias mais relevantes para o setor, incluindo informa&ccedil;&otilde;es sobre acordos internacionais, economia brasileira, sustentabilidade e mat&eacute;rias primas, al&eacute;m de novidades do setor de N&atilde;otecidos e Tecidos T&eacute;cnicos.<\/span><\/span><\/span><\/span><\/p>\r\n\r\n<p style=\"text-align:justify\"><span style=\"font-size:28pt\"><span style=\"font-family:Cambria,serif\"><span style=\"letter-spacing:-0.5pt\"><b><span style=\"font-size:18.0pt\"><span calibri=\"\" style=\"font-family:\"><span style=\"font-variant:small-caps\">A&ccedil;&otilde;es ABINT<\/span><\/span><\/span><\/b><\/span><\/span><\/span><\/p>\r\n\r\n<ul>\r\n\t<li style=\"text-align:justify\"><span style=\"font-size:11pt\"><span style=\"line-height:normal\"><span style=\"font-family:Calibri,sans-serif\"><b><span style=\"font-size:14.0pt\">A&ccedil;&otilde;es realizadas <\/span><\/b><\/span><\/span><\/span><\/li>\r\n<\/ul>\r\n\r\n<p style=\"text-align:justify\">&nbsp;<\/p>\r\n\r\n<p style=\"text-align:justify\"><img src=\"https:\/\/www.abint.org.br\/assets\/img\/editor\/logo-ctg-abint-png_202309261347016GQbvjFwWk.png\" style=\"width: 200px; height: 37px;\" \/><\/p>\r\n\r\n<p style=\"text-align:justify\"><span style=\"font-size:11pt\"><span style=\"line-height:normal\"><span style=\"font-family:Calibri,sans-serif\"><span style=\"font-size:14.0pt\">No dia 21 de setembro o Prof. Rafael Pl&aacute;cido realizou, em nome do CTG ABINT, a palestra &ldquo;Geossint&eacute;ticos na Pr&aacute;tica: Propriedades, Fun&ccedil;&otilde;es e Aplica&ccedil;&otilde;es&rdquo;, durante da Semana de Engenharia USP S&atilde;o Carlos. Ap&oacute;s a apresenta&ccedil;&atilde;o foi realizado um quizz com os alunos, e os tr&ecirc;s primeiros colocados receberam exemplares do livro Manual Brasileiro de Geossint&eacute;ticos &ndash; MBG. Confira no canal <\/span><a href=\"https:\/\/www.youtube.com\/live\/MQeVOqOz-vo?si=_C7WeV17WUEbuG4n\" style=\"color:blue; text-decoration:underline\"><b><span style=\"font-size:14.0pt\">SEC EESC USP no YouTube<\/span><\/b><\/a><span style=\"font-size:14.0pt\">.<\/span><\/span><\/span><\/span><\/p>\r\n\r\n<p style=\"text-align:justify\"><span style=\"font-size:11pt\"><span style=\"line-height:normal\"><span style=\"font-family:Calibri,sans-serif\"><span style=\"font-size:14.0pt\"><img src=\"https:\/\/www.abint.org.br\/assets\/img\/editor\/usp-sao-carlos-sec-2023-foto-5_20230926134809aNAy4TlSy8.jpeg\" style=\"width: 500px; height: 375px;\" \/><img src=\"https:\/\/www.abint.org.br\/assets\/img\/editor\/usp-sao-carlos-sec-2023-foto-7_20230926134834vPyuQOArsK.jpeg\" style=\"width: 500px; height: 375px;\" \/><\/span><\/span><\/span><\/span><\/p>\r\n\r\n<p style=\"text-align:justify\">&nbsp;<\/p>\r\n\r\n<p style=\"text-align:justify\"><img src=\"https:\/\/www.abint.org.br\/assets\/img\/editor\/cth-logo-alta-png-bordas-juntas_20230926135016bEmKf2H01c.png\" style=\"width: 200px; height: 46px;\" \/><\/p>\r\n\r\n<p style=\"text-align:justify\"><span style=\"font-size:11pt\"><span style=\"line-height:normal\"><span style=\"font-family:Calibri,sans-serif\"><span style=\"font-size:14.0pt\">Com o intuito de incentivar a qualidade dos dispositivos m&eacute;dicos comercializados no mercado brasileiro e como consequ&ecirc;ncia garantir a seguran&ccedil;a dos profissionais da sa&uacute;de e dos pacientes, <b>o Comit&ecirc; T&eacute;cnico M&eacute;dico Hospitalar (CTH ABINT) <\/b><\/span><a href=\"https:\/\/www.abint.org.br\/informacao\/outros\/alerta-cth-informacao-de-qualidade\" style=\"color:blue; text-decoration:underline\"><b><span style=\"font-size:14.0pt\">listou<\/span><\/b><\/a><span style=\"font-size:14.0pt\"> <b>a legisla&ccedil;&atilde;o vigente sobre conformidade de produtos &agrave;s normas t&eacute;cnicas<\/b>.<\/span><\/span><\/span><\/span><\/p>\r\n\r\n<p style=\"text-align:justify\">&nbsp;<\/p>\r\n\r\n<ul>\r\n\t<li style=\"text-align:justify\"><span style=\"font-size:11pt\"><span style=\"line-height:normal\"><span style=\"font-family:Calibri,sans-serif\"><b><span style=\"font-size:14.0pt\">O que vem por a&iacute;<\/span><\/b><\/span><\/span><\/span><\/li>\r\n<\/ul>\r\n\r\n<p><b><img src=\"https:\/\/www.abint.org.br\/assets\/img\/editor\/post-quadrado-curso-naotecidos-americana_20230919175746NvKCw9khJL.jpg\" style=\"width: 500px; height: 500px;\" \/><\/b><\/p>\r\n\r\n<h2><span style=\"font-size:11pt\"><span style=\"line-height:normal\"><span style=\"font-family:Calibri,sans-serif\"><a href=\"https:\/\/forms.gle\/tWMzAkvmTkDCVNdy8\" style=\"color:blue; text-decoration:underline\"><b><span style=\"font-size:14.0pt\">Informa&ccedil;&otilde;es e inscri&ccedil;&otilde;es<\/span><\/b><\/a><\/span><\/span><\/span><\/h2>\r\n\r\n<p>&nbsp;<\/p>\r\n\r\n<p>&nbsp;&nbsp;<b><img src=\"https:\/\/www.abint.org.br\/assets\/img\/editor\/congresso-internacional-abit-2023_202308151414212LkdNBSzdA.png\" style=\"width: 500px; height: 442px;\" \/><\/b><\/p>\r\n\r\n<p style=\"text-align:justify\"><span style=\"font-size:11pt\"><span style=\"line-height:normal\"><span style=\"font-family:Calibri,sans-serif\"><b><span style=\"font-size:14.0pt\">A ABINT &eacute; uma das patrocinadoras do Congresso Internacional ABIT 2023, <\/span><\/b><span style=\"font-size:14.0pt\">que ocorrer&aacute;<b> dias 08 e 09 de novembro, na FIESC, Florian&oacute;polis, SC.&nbsp;<\/b><\/span><\/span><\/span><\/span><strong><span style=\"font-size:11.0pt\"><span style=\"line-height:115%\"><span calibri=\"\" style=\"font-family:\"><a href=\"https:\/\/t.rdsv1.net\/ls\/click?upn=LFSWB5boDXSqxt4eHgA5r3YUv3HG6yY4XTXT-2BpjEpFmt56yR61Gu09ER-2Bq95-2FgFAbN46ClwLMWPZzveVybfat1CKHOKhUUtOIVaFgsR5U28dlEKVouFrV1iSMaKnlWHCANmwKiZ4x1Oy9BDRL5tuTGPXgO91zEc1uo-2FbtPYQFm3y4fMGnbuiV3FEKs9g9uy1l2sL_iW8zc4KBvTUX2z9kws1M6pjQI9DpNNh-2Fk6fgMN4DbaFx-2BL1o5swSv2HtiLB2iGFhqxZ0654f80VOIjakRycDjcrdu1MF6BdTRc4d4wYs0wcxXXPsRygypvnzeOAhjjgiEkGX1jMsv1FD9IiN0mt5TiPA-2F-2FcYbMJqgkOyyeRxcI4izBTlMz4tYAchHCwHneJZvJXH0y9HeVp67XkJynQGH21X32t2y1CeSaYEq0zVO-2BnyLK4mDGipKkH-2FZQCwU2MKfdHIIgVMZzvyz5G5cXFeOFC58YiNyn2cnMPO14gymNMfyWFH-2BHHlC3b47l7V1Qmqxs4es-2BeyjBwNpbTVF3mKTVfvVN8KGLr0cqLDBhDLHrW7KPcTfpWgS5gfvWdAKEPOEmZKoo4k2kAi0PFh6jxFYAV2tXcAZfbY2kx8RXrY81D1SMCEBW0alhXBRKfUMvljxKCVojmlXya75YoxeWm0PKiSpaikvnyQHb1SYVAvooBBGQr8kVTT7gfi2jpYOB7Yz3v8ovwiOQwMF4kMzI4BGg58Stg7NIyaStQsDmhOsSp6GMNA3SG1UPw-2Fljh3rhjS-2BFt0EiGPe9cI33b9n1X0Y0ud-2BOFmeXkp5V9mMyq0eViPM4g6fXMuiRQFG1Lhn1lb5TsAtW9vCVxHdYrOB-2F6cV4-2FiOK5JwicsxDApwdvwvys-3D\" style=\"color:blue; text-decoration:underline\"><span style=\"font-size:14.0pt\"><span style=\"line-height:115%\">Informa&ccedil;&otilde;es<\/span><\/span><\/a><\/span><\/span><\/span><\/strong><\/p>\r\n\r\n<p style=\"text-align:justify\">&nbsp;<\/p>\r\n\r\n<p style=\"text-align:justify\"><span style=\"font-size:11pt\"><span style=\"line-height:normal\"><span style=\"font-family:Calibri,sans-serif\"><b><span style=\"font-size:18.0pt\"><span style=\"font-variant:small-caps\">Not&iacute;cias das Associadas<\/span><\/span><\/b><\/span><\/span><\/span><\/p>\r\n\r\n<p style=\"text-align:justify\"><span style=\"font-size:11pt\"><span style=\"line-height:normal\"><span style=\"font-family:Calibri,sans-serif\"><a href=\"https:\/\/www.aen.pr.gov.br\/Noticia\/Maior-evento-de-infraestrutura-de-transportes-do-Brasil-recebeu-2-mil-pessoas\" style=\"color:blue; text-decoration:underline\"><span style=\"font-size:14.0pt\">Associadas ABINT participaram do maior evento de infraestrutura de transportes do Brasil, que recebeu 2 mil pessoas<\/span><\/a><\/span><\/span><\/span><\/p>\r\n\r\n<p style=\"text-align:justify\"><span style=\"font-size:11pt\"><span style=\"line-height:normal\"><span style=\"font-family:Calibri,sans-serif\"><a href=\"https:\/\/www.andritz.com\/newsroom-en\/nonwoven-and-textile\/2023-09-21-albis\" style=\"color:blue; text-decoration:underline\" target=\"_blank\"><span style=\"font-size:14.0pt\">ANDRITZ starts up extra-wide carding machine for Italian nonwovens producer<\/span><\/a><\/span><\/span><\/span><\/p>\r\n\r\n<p style=\"text-align:justify\">&nbsp;<\/p>\r\n\r\n<p style=\"text-align:justify\"><span style=\"font-size:11pt\"><span style=\"line-height:normal\"><span style=\"font-family:Calibri,sans-serif\"><b><span style=\"font-size:18.0pt\"><span style=\"font-variant:small-caps\">Eventos<\/span><\/span><\/b><\/span><\/span><\/span><\/p>\r\n\r\n<p style=\"text-align:justify\"><span style=\"font-size:11pt\"><span style=\"line-height:normal\"><span style=\"font-family:Calibri,sans-serif\"><b><span style=\"font-size:14.0pt\">Workshop | Log&iacute;stica Reversa de Embalagens no Setor T&amp;C<\/span><\/b><span style=\"font-size:14.0pt\">, 26 de setembro de 2023, 09h30 &agrave;s 11h30. <\/span><a href=\"https:\/\/produtos.institutoabit.org.br\/prod\/166335dc-c12f-4e44-8639-9f6c3263c509?utm_campaign=workshop_logistica_reversa&amp;utm_medium=email&amp;utm_source=RD+Station\" style=\"color:blue; text-decoration:underline\"><span style=\"font-size:14.0pt\">Inscri&ccedil;&otilde;es<\/span><\/a> <\/span><\/span><\/span><\/p>\r\n\r\n<p style=\"text-align:justify\"><span style=\"font-size:11pt\"><span style=\"line-height:normal\"><span style=\"font-family:Calibri,sans-serif\"><b><span style=\"font-size:14.0pt\">CNI\/ SEBRAE | 10&ordm; Congresso Internacional da Inova&ccedil;&atilde;o da Ind&uacute;stria<\/span><\/b><span style=\"font-size:14.0pt\">, 27 e 28 de setembro de 2023, S&atilde;o Paulo Expo.<\/span> <a href=\"https:\/\/www.congressodeinovacao.com.br\/?utm_source=comext&amp;utm_medium=email&amp;utm_campaign=eventos&amp;utm_content=id00053#msdynttrid=gg5jXwSFR7qM4vHH2tKGau3cTwSFDneTjMUhrcPg7vE\" style=\"color:blue; text-decoration:underline\"><span style=\"font-size:14.0pt\">Informa&ccedil;&otilde;es<\/span><\/a> <\/span><\/span><\/span><\/p>\r\n\r\n<p style=\"text-align:justify\"><span style=\"font-size:11pt\"><span style=\"line-height:normal\"><span style=\"font-family:Calibri,sans-serif\"><b><span style=\"font-size:14.0pt\">Reforma Tribut&aacute;ria no Brasil e o Impacto no Com&eacute;rcio Bilateral<\/span><\/b><span style=\"font-size:14.0pt\">, 28 de setembro de 2023, 13h00 &agrave;s 15h00, evento online. <\/span><a href=\"https:\/\/app.rdstation.email\/mail\/233cef00-5faf-4110-8d07-c1c699c6b0b1?utm_campaign=caj__reforma_tributaria_no_brasil_e_o_impacto_no_comercio_bilateral_2809&amp;utm_medium=email&amp;utm_source=RD+Station\" style=\"color:blue; text-decoration:underline\"><span style=\"font-size:14.0pt\">Informa&ccedil;&otilde;es<\/span><\/a> <\/span><\/span><\/span><\/p>\r\n\r\n<p style=\"text-align:justify\"><span style=\"font-size:11pt\"><span style=\"line-height:normal\"><span style=\"font-family:Calibri,sans-serif\"><b><span style=\"font-size:14.0pt\">Apex | Webs&eacute;rie Direto do Mercado: Edi&ccedil;&atilde;o Chile<\/span><\/b><span style=\"font-size:14.0pt\">, 28 de setembro de 2023, 10h00 &agrave;s 11h50, evento online. <\/span><a href=\"https:\/\/7bd46367464f42938043bc2d987cb33f.marketingusercontent.com\/m\/view\/e86Fo4meIRwDytbiqQj4GyC59tOedxOfssOe3iXMWsAx#msdynttrid=AKqy7Xr7FhDI69kPU9AynieogfBoC2FMclE-afqrHps\" style=\"color:blue; text-decoration:underline\"><span style=\"font-size:14.0pt\">Informa&ccedil;&otilde;es<\/span><\/a> <\/span><\/span><\/span><\/p>\r\n\r\n<p style=\"text-align:justify\"><span style=\"font-size:11pt\"><span style=\"line-height:normal\"><span style=\"font-family:Calibri,sans-serif\"><b><span style=\"font-size:14.0pt\">ABNT | Workshop Internacional de Economia Circular &ndash; Um mundo de oportunidades!, <\/span><\/b><span style=\"font-size:14.0pt\">02 de outubro, 08h00 &agrave;s 12h00, no <\/span><a href=\"https:\/\/www.youtube.com\/live\/aSEbboB3n3M?si=t1LiQk3zlx1_Q8nG\" style=\"color:blue; text-decoration:underline\"><span style=\"font-size:14.0pt\">canal ABNT do YouTube<\/span><\/a><span style=\"font-size:14.0pt\">. <\/span><a href=\"https:\/\/forms.gle\/oumBU3QtfhvwuNcq9\" style=\"color:blue; text-decoration:underline\"><span style=\"font-size:14.0pt\">Inscri&ccedil;&otilde;es<\/span><\/a> <\/span><\/span><\/span><\/p>\r\n\r\n<p style=\"text-align:justify\"><span style=\"font-size:11pt\"><span style=\"line-height:normal\"><span style=\"font-family:Calibri,sans-serif\"><b><span style=\"font-size:14.0pt\">Workshop Abit | Etiquetagem de produtos t&ecirc;xteis e confeccionados, <\/span><\/b><span style=\"font-size:14.0pt\">03 de outubro de 2023, 9h00 &agrave;s 12h00, evento online. <\/span><a href=\"https:\/\/produtos.institutoabit.org.br\/prod\/a22d34b5-dc06-4f1d-b2f3-f1ddbb3ca99f?utm_campaign=convite_workshop_etiquetagem_outubro23&amp;utm_medium=email&amp;utm_source=RD+Station\" style=\"color:blue; text-decoration:underline\"><span style=\"font-size:14.0pt\">Informa&ccedil;&otilde;es<\/span><\/a> <\/span><\/span><\/span><\/p>\r\n\r\n<p style=\"text-align:justify\"><span style=\"font-size:11pt\"><span style=\"line-height:normal\"><span style=\"font-family:Calibri,sans-serif\"><b><span style=\"font-size:14.0pt\">Semin&aacute;rio Abiquim de Tecnologia e Inova&ccedil;&atilde;o 2023, <\/span><\/b><span style=\"font-size:14.0pt\">5 de outubro, Espa&ccedil;o Cosy, Av. Morumbi 5299, Morumbi, S&atilde;o Paulo, SP. <\/span><a href=\"https:\/\/www.seminariodetecnologia.org.br\/sobre\/\" style=\"color:blue; text-decoration:underline\"><span style=\"font-size:14.0pt\">Informa&ccedil;&otilde;es<\/span><\/a> <\/span><\/span><\/span><\/p>\r\n\r\n<p style=\"text-align:justify\"><span style=\"font-size:11pt\"><span style=\"line-height:normal\"><span style=\"font-family:Calibri,sans-serif\"><b><span style=\"font-size:14.0pt\">Webinar | Revisiting ITMA 2023 &ndash; Groundbreaking innovations from buyers&rsquo; perspectives<\/span><\/b><span style=\"font-size:14.0pt\">, 5 October 2023, Thursday, 10:00 am CEST. <\/span><a href=\"https:\/\/itma.com\/itmaconnect\/events\/groundbreaking-innovations\" style=\"color:blue; text-decoration:underline\"><span style=\"font-size:14.0pt\">Informa&ccedil;&otilde;es<\/span><\/a> <\/span><\/span><\/span><\/p>\r\n\r\n<p style=\"text-align:justify\"><span style=\"font-size:11pt\"><span style=\"line-height:normal\"><span style=\"font-family:Calibri,sans-serif\"><b><span style=\"font-size:14.0pt\">FiltXPO&trade; 2023<\/span><\/b><span class=\"MsoHyperlink\" style=\"color:blue\"><span style=\"text-decoration:underline\"><span style=\"font-size:14.0pt\"><span style=\"text-decoration:none\"><span style=\"text-underline:none\">, <\/span><\/span><\/span><\/span><\/span><span style=\"font-size:14.0pt\">October 10-12, 2023 at Navy Pier in Chicago, Illinois<\/span><span class=\"MsoHyperlink\" style=\"color:blue\"><span style=\"text-decoration:underline\"><span style=\"font-size:14.0pt\"><span style=\"text-decoration:none\"><span style=\"text-underline:none\">. <\/span><\/span><\/span><\/span><\/span><a href=\"https:\/\/www.filtxpo.com\/\" style=\"color:blue; text-decoration:underline\"><span style=\"font-size:14.0pt\">Informa&ccedil;&otilde;es<\/span><\/a> <\/span><\/span><\/span><\/p>\r\n\r\n<p style=\"text-align:justify\"><span style=\"font-size:11pt\"><span style=\"line-height:normal\"><span style=\"font-family:Calibri,sans-serif\"><b><span style=\"font-size:14.0pt\">CONAHP 2023<\/span><\/b><span style=\"font-size:14.0pt\">, 18 e 19 de outubro, Transamerica Expo Center, S&atilde;o Paulo, SP. <\/span><a href=\"https:\/\/conahp.org.br\/2023\/\" style=\"color:blue; text-decoration:underline\"><span style=\"font-size:14.0pt\">Informa&ccedil;&otilde;es<\/span><\/a> <\/span><\/span><\/span><\/p>\r\n\r\n<p style=\"text-align:justify\"><span style=\"font-size:11pt\"><span style=\"line-height:normal\"><span style=\"font-family:Calibri,sans-serif\"><b><span style=\"font-size:14.0pt\">V Congreso Sudamericano de Composites, Poliuretano y Pl&aacute;sticos de Ingenier&iacute;a, <\/span><\/b><span style=\"font-size:14.0pt\">24 e 25 de outubro de 2023, Bogot&aacute;, Col&ocirc;mbia. <\/span><a href=\"http:\/\/www.congresosudamericano.com\/blog.html\" style=\"color:blue; text-decoration:underline\"><span style=\"font-size:14.0pt\">Informa&ccedil;&otilde;es<\/span><\/a> <\/span><\/span><\/span><\/p>\r\n\r\n<p style=\"text-align:justify\"><span style=\"font-size:11pt\"><span style=\"line-height:normal\"><span style=\"font-family:Calibri,sans-serif\"><b><span style=\"font-size:14.0pt\">FEIPLAR COMPOSITES &amp; FEIPUR | Pain&eacute;is Setoriais 2023<\/span><\/b><span style=\"font-size:14.0pt\">, 24, 25 e 26 de outubro de 2023. <\/span><a href=\"http:\/\/newsletter.feiplar.com.br\/accounts\/184158\/messages\/30?email=abint@abint.org.br&amp;c=1693235815&amp;contact_id=3458&amp;envelope_id=21\" style=\"color:blue; text-decoration:underline\"><span style=\"font-size:14.0pt\">Informa&ccedil;&otilde;es<\/span><\/a> <\/span><\/span><\/span><\/p>\r\n\r\n<p style=\"text-align:justify\"><span style=\"font-size:11pt\"><span style=\"line-height:normal\"><span style=\"font-family:Calibri,sans-serif\"><b><span style=\"font-size:14.0pt\">Abrafiltros | 2&ordm; Semin&aacute;rio Brasileiro de Filtros<\/span><\/b><span style=\"font-size:14.0pt\">, 08 de novembro de 2023. <\/span><a href=\"https:\/\/www.abrafiltros.org.br\/seminario\/\" style=\"color:blue; text-decoration:underline\"><span style=\"font-size:14.0pt\">Informa&ccedil;&otilde;es<\/span><\/a> <\/span><\/span><\/span><\/p>\r\n\r\n<p style=\"text-align:justify\"><span style=\"font-size:11pt\"><span style=\"line-height:normal\"><span style=\"font-family:Calibri,sans-serif\"><b><span style=\"font-size:14.0pt\">Industry CCUS 2023,<\/span><\/b> <span style=\"font-size:14.0pt\">29-30 November, Rotterdam, Netherlands.<\/span> <a href=\"https:\/\/fortesmedia.com\/industry-ccus-conference-2023,4,en,2,1,28.html#register\" style=\"color:blue; text-decoration:underline\"><span style=\"font-size:14.0pt\">Informa&ccedil;&otilde;es<\/span><\/a> <\/span><\/span><\/span><\/p>\r\n\r\n<p style=\"text-align:justify\"><span style=\"font-size:11pt\"><span style=\"line-height:normal\"><span style=\"font-family:Calibri,sans-serif\"><b><span style=\"font-size:14.0pt\">FEIPLAR COMPOSITES &amp; FEIPUR &ndash; Feira e Congresso Internacionais de Composites, Poliuretano, Pl&aacute;sticos de Engenharia e Compostos Termopl&aacute;sticos<\/span><\/b><span style=\"font-size:14.0pt\">, 20 a 22 de agosto de 2024, S&atilde;o Paulo Expo (Pavilh&atilde;o 5), palestras: das 8h30 &agrave;s 18h, feira: das 13h &agrave;s 20h.<b> <\/b><\/span><a href=\"http:\/\/www.feiplar.com\" style=\"color:blue; text-decoration:underline\"><span style=\"font-size:14.0pt\">www.feiplar.com<\/span><\/a> <\/span><\/span><\/span><\/p>\r\n\r\n<p style=\"text-align:justify\"><span style=\"font-size:28pt\"><span style=\"font-family:Cambria,serif\"><span style=\"letter-spacing:-0.5pt\"><b><span style=\"font-size:18.0pt\"><span calibri=\"\" style=\"font-family:\"><span style=\"font-variant:small-caps\">Setor<\/span><\/span><\/span><\/b><\/span><\/span><\/span><\/p>\r\n\r\n<p style=\"text-align:justify\"><span style=\"font-size:11pt\"><span style=\"line-height:normal\"><span style=\"font-family:Calibri,sans-serif\"><a href=\"https:\/\/portugaltextil.com\/fibras-e-materiais-preferiveis-tem-nova-ferramenta\/?utm_term=Portugal+Textil+-+2023-09-21%3ADATEFORMAT%3Ad.m.Y&amp;utm_campaign=Portugal+Textil+FInal&amp;utm_source=e-goi&amp;utm_medium=email&amp;eg_sub=ef749a4dff&amp;eg_cam=0bb1933e4e60dc0240d23fdae8d4ad6e&amp;eg_list=6\" style=\"color:blue; text-decoration:underline\"><span style=\"font-size:14.0pt\">Fibras e materiais prefer&iacute;veis t&ecirc;m nova ferramenta<\/span><\/a><\/span><\/span><\/span><\/p>\r\n\r\n<p style=\"text-align:justify\"><span style=\"font-size:11pt\"><span style=\"line-height:normal\"><span style=\"font-family:Calibri,sans-serif\"><a href=\"https:\/\/www.innovationintextiles.com\/fibres-yarns-fabrics\/dornbirn-2023-moving-a-textile-waste-mountain\/\" style=\"color:blue; text-decoration:underline\"><span style=\"font-size:14.0pt\">Dornbirn 2023: Moving a textile waste mountain<\/span><\/a><\/span><\/span><\/span><\/p>\r\n\r\n<p style=\"text-align:justify\"><span style=\"font-size:11pt\"><span style=\"line-height:normal\"><span style=\"font-family:Calibri,sans-serif\"><a href=\"https:\/\/www.technicaltextile.net\/news\/india-to-implement-qco-on-12-products-under-protective-textiles--290217.html\" style=\"color:blue; text-decoration:underline\"><span style=\"font-size:14.0pt\">India to implement QCO on 12 products under protective textiles<\/span><\/a><\/span><\/span><\/span><\/p>\r\n\r\n<p style=\"text-align:justify\"><span style=\"font-size:11pt\"><span style=\"line-height:normal\"><span style=\"font-family:Calibri,sans-serif\"><a href=\"https:\/\/exclusivo.com.br\/_conteudo\/negocios\/2023\/09\/19\/importacoes-de-calcados-asiaticos-aceleram-e-preocupam-industria-brasileira.html\" style=\"color:blue; text-decoration:underline\"><span style=\"font-size:14.0pt\">Importa&ccedil;&otilde;es de cal&ccedil;ados asi&aacute;ticos aceleram e preocupam ind&uacute;stria brasileira<\/span><\/a> <\/span><\/span><\/span><\/p>\r\n\r\n<p style=\"text-align:justify\"><span style=\"font-size:11pt\"><span style=\"line-height:normal\"><span style=\"font-family:Calibri,sans-serif\"><a href=\"http:\/\/cueroamerica.info\/wpnews\/2023\/08\/la-caida-de-consumo-en-usa-es-el-mayor-problema-de-las-marcas-del-calzado-deportivo\/?utm_source=email_marketing&amp;utm_admin=28519&amp;utm_medium=email&amp;utm_campaign=NOTICIAS_de_las_Industrias_del_Calzado_Cuero_Marroquinera_y_Moda\" style=\"color:blue; text-decoration:underline\"><span style=\"font-size:14.0pt\">La ca&iacute;da de consumo en USA es el &ldquo;mayor problema&rdquo; de las marcas del calzado deportivo<\/span><\/a><\/span><\/span><\/span><\/p>\r\n\r\n<p style=\"text-align:justify\"><span style=\"font-size:11pt\"><span style=\"line-height:normal\"><span style=\"font-family:Calibri,sans-serif\"><a href=\"https:\/\/www.inda.org\/inda-partners-with-the-waterloo-filtration-institute-for-the-filtxpo-2023-technical-program\/#:~:text=2023%20Technical%20Program-,INDA%20Partners%20with%20the%20Waterloo%20Filtration%20Institute%20for%20the%20FiltXPO,%2C%202023%20in%20Chicago%2C%20Illinois.\" style=\"color:blue; text-decoration:underline\"><span style=\"font-size:14.0pt\">INDA Partners with the Waterloo Filtration Institute for the FiltXPO&trade; 2023 Technical Program<\/span><\/a><\/span><\/span><\/span><\/p>\r\n\r\n<p style=\"text-align:justify\"><span style=\"font-size:11pt\"><span style=\"line-height:normal\"><span style=\"font-family:Calibri,sans-serif\"><a href=\"https:\/\/www.nonwovens-industry.com\/contents\/view_breaking-news\/2023-09-19\/kimberly-clark-achieves-zero-waste-to-landfill-status-in-latin-america\/?widget=trending\" style=\"color:blue; text-decoration:underline\"><span style=\"font-size:14.0pt\">Kimberly-Clark Achieves Zero Waste to Landfill Status in Latin America<\/span><\/a><\/span><\/span><\/span><\/p>\r\n\r\n<p style=\"text-align:justify\"><span style=\"font-size:11pt\"><span style=\"line-height:normal\"><span style=\"font-family:Calibri,sans-serif\"><a href=\"https:\/\/tribunahoje.com\/noticias\/cidades\/2023\/09\/18\/126537-quase-r-13-milhoes-do-brota-na-grota-foram-investidos-na-protecao-de-encostas\" style=\"color:blue; text-decoration:underline\"><span style=\"font-size:14.0pt\">Geomantas em Alagoas: quase R$13 milh&otilde;es do Brota na Grota foram investidos na prote&ccedil;&atilde;o de encostas<\/span><\/a><\/span><\/span><\/span><\/p>\r\n\r\n<p style=\"text-align:justify\"><span style=\"font-size:11pt\"><span style=\"line-height:normal\"><span style=\"font-family:Calibri,sans-serif\"><a href=\"https:\/\/www.cbnrecife.com\/aldovilela\/artigo\/novo-pacote-de-obras-de-contencao-de-encostas-vai-beneficiar-diversos-bairros-de-olinda\" style=\"color:blue; text-decoration:underline\"><span style=\"font-size:14.0pt\">Geomantas em Recife: novo pacote de obras de conten&ccedil;&atilde;o de encostas vai beneficiar diversos bairros de Olinda<\/span><\/a><\/span><\/span><\/span><\/p>\r\n\r\n<p style=\"text-align:justify\"><span style=\"font-size:11pt\"><span style=\"line-height:normal\"><span style=\"font-family:Calibri,sans-serif\"><a href=\"https:\/\/www.technicaltextile.net\/news\/qco-on-19-geotextile-products-to-come-into-effect-from-oct-7-in-india--290156.html\" style=\"color:blue; text-decoration:underline\"><span style=\"font-size:14.0pt\">QCO on 19 geotextile products to come into effect from Oct 7 in India<\/span><\/a><\/span><\/span><\/span><\/p>\r\n\r\n<p style=\"text-align:justify\"><span style=\"font-size:28pt\"><span style=\"font-family:Cambria,serif\"><span style=\"letter-spacing:-0.5pt\"><b><span style=\"font-size:18.0pt\"><span calibri=\"\" style=\"font-family:\"><span style=\"font-variant:small-caps\">Ind&uacute;stria<\/span><\/span><\/span><\/b><\/span><\/span><\/span><\/p>\r\n\r\n<p style=\"text-align:justify\"><span style=\"font-size:11pt\"><span style=\"line-height:normal\"><span style=\"font-family:Calibri,sans-serif\"><a href=\"https:\/\/noticias.portaldaindustria.com.br\/noticias\/economia\/producao-da-industria-subiu-em-agosto-e-emprego-ficou-estavel-aponta-cni\/\" style=\"color:blue; text-decoration:underline\"><span style=\"font-size:14.0pt\">Produ&ccedil;&atilde;o da ind&uacute;stria subiu em agosto e emprego ficou est&aacute;vel, aponta CNI<\/span><\/a><\/span><\/span><\/span><\/p>\r\n\r\n<p style=\"text-align:justify\"><span style=\"font-size:11pt\"><span style=\"line-height:normal\"><span style=\"font-family:Calibri,sans-serif\"><a href=\"https:\/\/noticias.portaldaindustria.com.br\/noticias\/economia\/confianca-caiu-em-21-de-29-setores-da-industria-e-aumentou-em-oito-em-setembro\/\" style=\"color:blue; text-decoration:underline\"><span style=\"font-size:14.0pt\">Confian&ccedil;a caiu em 21 de 29 setores da ind&uacute;stria e aumentou em oito em setembro<\/span><\/a><\/span><\/span><\/span><\/p>\r\n\r\n<p style=\"text-align:justify\"><span style=\"font-size:11pt\"><span style=\"line-height:normal\"><span style=\"font-family:Calibri,sans-serif\"><a href=\"https:\/\/noticias.portaldaindustria.com.br\/noticias\/economia\/setor-da-construcao-segue-otimista-apesar-de-queda-nas-expectativas-em-setembro\/\" style=\"color:blue; text-decoration:underline\"><span style=\"font-size:14.0pt\">Setor da constru&ccedil;&atilde;o segue otimista, apesar de queda nas expectativas em setembro<\/span><\/a><\/span><\/span><\/span><\/p>\r\n\r\n<p style=\"text-align:justify\"><span style=\"font-size:11pt\"><span style=\"line-height:normal\"><span style=\"font-family:Calibri,sans-serif\"><a href=\"http:\/\/www.revistaplasticosul.com.br\/transformacao-aplicacoes\/perfil-2022-da-abiplast-apresenta-dados-atualizados-sobre-a-industria-do-plastico-no-brasil\/\" style=\"color:blue; text-decoration:underline\"><span style=\"font-size:14.0pt\">Perfil 2022 da ABIPLAST apresenta dados atualizados sobre a ind&uacute;stria do pl&aacute;stico no Brasil<\/span><\/a><\/span><\/span><\/span><\/p>\r\n\r\n<p style=\"text-align:justify\"><span style=\"font-size:11pt\"><span style=\"line-height:normal\"><span style=\"font-family:Calibri,sans-serif\"><a href=\"https:\/\/revistapegn.globo.com\/economia\/noticia\/2023\/09\/investimentos-em-infraestrutura-e-habitacao-devem-ter-impacto-de-r-132-bi-na-construcao-civil.ghtml\" style=\"color:blue; text-decoration:underline\"><span style=\"font-size:14.0pt\">Investimentos em infraestrutura e habita&ccedil;&atilde;o devem ter impacto de R$ 132 bi na constru&ccedil;&atilde;o civil<\/span><\/a><\/span><\/span><\/span><\/p>\r\n\r\n<p style=\"text-align:justify\"><span style=\"font-size:11pt\"><span style=\"line-height:normal\"><span style=\"font-family:Calibri,sans-serif\"><a href=\"https:\/\/epbr.com.br\/russia-corta-exportacoes-de-diesel-veja-os-efeitos-sobre-o-mercado\/?utm_source=newsletters+epbr&amp;utm_campaign=be2da0bd58-mais-lidas_COPY_01&amp;utm_medium=email&amp;utm_term=0_5931171aac-be2da0bd58-466362780\" style=\"color:blue; text-decoration:underline\"><span style=\"font-size:14.0pt\">R&uacute;ssia corta exporta&ccedil;&otilde;es de diesel; veja os efeitos sobre o mercado<\/span><\/a><\/span><\/span><\/span><\/p>\r\n\r\n<p style=\"text-align:justify\"><span style=\"font-size:28pt\"><span style=\"font-family:Cambria,serif\"><span style=\"letter-spacing:-0.5pt\"><b><span style=\"font-size:18.0pt\"><span calibri=\"\" style=\"font-family:\"><span style=\"font-variant:small-caps\">Sustentabilidade<\/span><\/span><\/span><\/b><\/span><\/span><\/span><\/p>\r\n\r\n<p style=\"text-align:justify\"><span style=\"font-size:11pt\"><span style=\"line-height:normal\"><span style=\"font-family:Calibri,sans-serif\"><a href=\"https:\/\/phys.org\/news\/2023-09-plastics-agriculture-sustainable.html?utm_source=nwletter&amp;utm_medium=email&amp;utm_campaign=daily-nwletter\" style=\"color:blue; text-decoration:underline\"><span style=\"font-size:14.0pt\">How can the use of plastics in agriculture become more sustainable?<\/span><\/a><\/span><\/span><\/span><\/p>\r\n\r\n<p style=\"text-align:justify\"><span style=\"font-size:11pt\"><span style=\"line-height:normal\"><span style=\"font-family:Calibri,sans-serif\"><a href=\"https:\/\/phys.org\/news\/2023-09-plastic-chemicals.html?utm_source=nwletter&amp;utm_medium=email&amp;utm_campaign=daily-nwletter\" style=\"color:blue; text-decoration:underline\"><span style=\"font-size:14.0pt\">Turning mixed plastic into useful chemicals<\/span><\/a><\/span><\/span><\/span><\/p>\r\n\r\n<p style=\"text-align:justify\"><span style=\"font-size:11pt\"><span style=\"line-height:normal\"><span style=\"font-family:Calibri,sans-serif\"><a href=\"https:\/\/noticias.portaldaindustria.com.br\/noticias\/sustentabilidade\/conheca-cinco-experiencias-que-podem-inspirar-a-regulamentacao-do-mercado-de-carbono-no-brasil\/\" style=\"color:blue; text-decoration:underline\"><span style=\"font-size:14.0pt\">Conhe&ccedil;a cinco experi&ecirc;ncias que podem inspirar a regulamenta&ccedil;&atilde;o do mercado de carbono no Brasil<\/span><\/a><\/span><\/span><\/span><\/p>\r\n\r\n<p style=\"text-align:justify\"><span style=\"font-size:11pt\"><span style=\"line-height:normal\"><span style=\"font-family:Calibri,sans-serif\"><a href=\"https:\/\/www.gov.br\/ana\/pt-br\/assuntos\/noticias-e-eventos\/noticias\/agencia-debate-marco-legal-do-saneamento-basico-em-audiencia-publica-da-camara-dos-deputados\" style=\"color:blue; text-decoration:underline\"><span style=\"font-size:14.0pt\">Ag&ecirc;ncia debate marco legal do saneamento b&aacute;sico em audi&ecirc;ncia p&uacute;blica da C&acirc;mara dos Deputados<\/span><\/a><\/span><\/span><\/span><\/p>\r\n\r\n<p style=\"text-align:justify\"><span style=\"font-size:11pt\"><span style=\"line-height:normal\"><span style=\"font-family:Calibri,sans-serif\"><a href=\"https:\/\/www.gov.br\/mdic\/pt-br\/assuntos\/noticias\/2023\/setembro\/brasil-passa-a-integrar-forum-regional-de-economia-circular\" style=\"color:blue; text-decoration:underline\"><span style=\"font-size:14.0pt\">Brasil passa a integrar f&oacute;rum regional de economia circular<\/span><\/a><\/span><\/span><\/span><\/p>\r\n\r\n<p style=\"text-align:justify\"><span style=\"font-size:28pt\"><span style=\"font-family:Cambria,serif\"><span style=\"letter-spacing:-0.5pt\"><b><span style=\"font-size:18.0pt\"><span calibri=\"\" style=\"font-family:\"><span style=\"font-variant:small-caps\">Inova&ccedil;&atilde;o<\/span><\/span><\/span><\/b><\/span><\/span><\/span><\/p>\r\n\r\n<p style=\"text-align:justify\"><span style=\"font-size:11pt\"><span style=\"line-height:normal\"><span style=\"font-family:Calibri,sans-serif\"><a href=\"https:\/\/pesquisaparainovacao.fapesp.br\/cientistas_propoem_converter_residuos_plasticos_em_nanomaterial_para_armazenar_energia\/2865\" style=\"color:blue; text-decoration:underline\"><span style=\"font-size:14.0pt\">Cientistas prop&otilde;em converter res&iacute;duos pl&aacute;sticos em nanomaterial para armazenar energia<\/span><\/a><\/span><\/span><\/span><\/p>\r\n\r\n<p style=\"text-align:justify\"><span style=\"font-size:11pt\"><span style=\"line-height:normal\"><span style=\"font-family:Calibri,sans-serif\"><a href=\"https:\/\/noticias.portaldaindustria.com.br\/noticias\/inovacao-e-tecnologia\/projetos-ou-planos-de-acao-em-ecoinovacao-ja-existem-em-quase-metade-das-industrias\/\" style=\"color:blue; text-decoration:underline\"><span style=\"font-size:14.0pt\">Projetos ou planos de a&ccedil;&atilde;o em ecoinova&ccedil;&atilde;o j&aacute; existem em quase metade das ind&uacute;strias<\/span><\/a><\/span><\/span><\/span><\/p>\r\n\r\n<p style=\"text-align:justify\"><span style=\"font-size:11pt\"><span style=\"line-height:normal\"><span style=\"font-family:Calibri,sans-serif\"><a href=\"https:\/\/phys.org\/news\/2023-09-newly-deep-sea-enzyme-pet-plastic.html?utm_source=nwletter&amp;utm_medium=email&amp;utm_campaign=daily-nwletter\" style=\"color:blue; text-decoration:underline\"><span style=\"font-size:14.0pt\">Newly discovered deep-sea enzyme breaks down PET plastic<\/span><\/a><\/span><\/span><\/span><\/p>\r\n\r\n<p style=\"text-align:justify\"><span style=\"font-size:11pt\"><span style=\"line-height:normal\"><span style=\"font-family:Calibri,sans-serif\"><a href=\"https:\/\/phys.org\/news\/2023-09-spider-silk-spun-silkworms-green.html\" style=\"color:blue; text-decoration:underline\"><span style=\"font-size:14.0pt\">Spider silk is spun by silkworms for the first time, offering a green alternative to synthetic fibers<\/span><\/a><\/span><\/span><\/span><\/p>\r\n\r\n<p style=\"text-align:justify\"><span style=\"font-size:11pt\"><span style=\"line-height:normal\"><span style=\"font-family:Calibri,sans-serif\"><a href=\"https:\/\/portugaltextil.com\/investigadores-criam-bateria-flexivel-com-tecido\/?utm_term=Portugal+Textil+-+2023-09-20%3ADATEFORMAT%3Ad.m.Y&amp;utm_campaign=Portugal+Textil+FInal&amp;utm_source=e-goi&amp;utm_medium=email&amp;eg_sub=ef749a4dff&amp;eg_cam=4e29374cee276f729321f51b6b0757d7&amp;eg_list=6\" style=\"color:blue; text-decoration:underline\"><span style=\"font-size:14.0pt\">Investigadores criam bateria flex&iacute;vel com tecido<\/span><\/a><\/span><\/span><\/span><\/p>\r\n\r\n<p style=\"text-align:justify\"><span style=\"font-size:28pt\"><span style=\"font-family:Cambria,serif\"><span style=\"letter-spacing:-0.5pt\"><b><span style=\"font-size:18.0pt\"><span calibri=\"\" style=\"font-family:\"><span style=\"font-variant:small-caps\">Com&eacute;rcio Exterior<\/span><\/span><\/span><\/b><\/span><\/span><\/span><\/p>\r\n\r\n<p style=\"text-align:justify\"><span style=\"font-size:11pt\"><span style=\"line-height:normal\"><span style=\"font-family:Calibri,sans-serif\"><a href=\"https:\/\/comexdobrasil.com\/aprovado-novo-plano-de-trabalho-para-facilitacao-das-operacoes-de-comercio-exterior\/\" style=\"color:blue; text-decoration:underline\"><span style=\"font-size:14.0pt\">Aprovado novo plano de trabalho para facilita&ccedil;&atilde;o das opera&ccedil;&otilde;es de com&eacute;rcio exterior<\/span><\/a><\/span><\/span><\/span><\/p>\r\n\r\n<p style=\"text-align:justify\"><span style=\"font-size:11pt\"><span style=\"line-height:normal\"><span style=\"font-family:Calibri,sans-serif\"><a href=\"https:\/\/comexdobrasil.com\/estudo-da-cni-mostra-como-vencer-barreiras-e-ganhar-mercados-no-comercio-exterior\/\" style=\"color:blue; text-decoration:underline\"><span style=\"font-size:14.0pt\">Estudo da CNI mostra como vencer barreiras e ganhar mercados no com&eacute;rcio exterior<\/span><\/a><\/span><\/span><\/span><\/p>\r\n\r\n<p style=\"text-align:justify\"><span style=\"font-size:11pt\"><span style=\"line-height:normal\"><span style=\"font-family:Calibri,sans-serif\"><a href=\"https:\/\/comexdobrasil.com\/o-brasil-deve-estar-de-olhos-voltados-para-a-india-diz-vp-da-fecomercio-sp\/\" style=\"color:blue; text-decoration:underline\"><span style=\"font-size:14.0pt\">&ldquo;O Brasil deve estar de olhos voltados para a &Iacute;ndia&rdquo;, diz VP da Fecom&eacute;rcio SP<\/span><\/a><\/span><\/span><\/span><\/p>\r\n\r\n<p style=\"text-align:justify\"><span style=\"font-size:11pt\"><span style=\"line-height:normal\"><span style=\"font-family:Calibri,sans-serif\"><a href=\"https:\/\/comexdobrasil.com\/superavit-comercial-ate-agosto-ja-supera-o-saldo-acumulado-em-todo-o-ano-de-20232\/\" style=\"color:blue; text-decoration:underline\"><span style=\"font-size:14.0pt\">Super&aacute;vit comercial at&eacute; agosto j&aacute; supera o saldo acumulado em todo o ano de 2023<\/span><\/a><\/span><\/span><\/span><\/p>\r\n\r\n<p style=\"text-align:justify\"><span style=\"font-size:28pt\"><span style=\"font-family:Cambria,serif\"><span style=\"letter-spacing:-0.5pt\"><b><span style=\"font-size:18.0pt\"><span calibri=\"\" style=\"font-family:\"><span style=\"font-variant:small-caps\">Economia<\/span><\/span><\/span><\/b><\/span><\/span><\/span><\/p>\r\n\r\n<p style=\"text-align:justify\"><span style=\"font-size:11pt\"><span style=\"line-height:normal\"><span style=\"font-family:Calibri,sans-serif\"><a href=\"https:\/\/www.bcb.gov.br\/content\/focus\/focus\/R20230922.pdf\" style=\"color:blue; text-decoration:underline\"><span style=\"font-size:14.0pt\">Focus &ndash; Relat&oacute;rio de Mercado<\/span><\/a><\/span><\/span><\/span><\/p>\r\n\r\n<p style=\"text-align:justify\"><span style=\"font-size:11pt\"><span style=\"line-height:normal\"><span style=\"font-family:Calibri,sans-serif\"><a href=\"https:\/\/portalibre.fgv.br\/system\/files\/2023-09\/Monitor%20do%20PIB-FGV%20-%20Setembro%20de%202023%20-%20Ref.%20de%20julho_0.pdf\" style=\"color:blue; text-decoration:underline\"><span style=\"font-size:14.0pt\">Monitor do PIB-FGV aponta queda de 0,3% na atividade econ&ocirc;mica em julho<\/span><\/a><\/span><\/span><\/span><\/p>\r\n\r\n<p style=\"text-align:justify\"><span style=\"font-size:11pt\"><span style=\"line-height:normal\"><span style=\"font-family:Calibri,sans-serif\"><a href=\"https:\/\/blogdoibre.fgv.br\/posts\/surpresas-positivas-no-pib-mas-nem-tudo-que-reluz-e-ouro\" style=\"color:blue; text-decoration:underline\"><span style=\"font-size:14.0pt\">Surpresas positivas no PIB, mas nem tudo que reluz &eacute; ouro<\/span><\/a><\/span><\/span><\/span><\/p>\r\n\r\n<p style=\"text-align:justify\"><span style=\"font-size:11pt\"><span style=\"line-height:normal\"><span style=\"font-family:Calibri,sans-serif\"><a href=\"https:\/\/www.fibre2fashion.com\/news\/textile-news\/g20-s-gdp-growth-slows-down-in-q2-2023-china-s-economy-decelerates-290195-newsdetails.htm\" style=\"color:blue; text-decoration:underline\"><span style=\"font-size:14.0pt\">G20&#39;s GDP growth slows down in Q2 2023, China&#39;s economy decelerates<\/span><\/a><\/span><\/span><\/span><\/p>\r\n\r\n<p style=\"text-align:justify\"><span style=\"font-size:11pt\"><span style=\"line-height:normal\"><span style=\"font-family:Calibri,sans-serif\"><a href=\"https:\/\/www.fibre2fashion.com\/news\/textile-news\/global-growth-may-moderate-post-stronger-than-likely-2023-start-oecd-290229-newsdetails.htm\" style=\"color:blue; text-decoration:underline\"><span style=\"font-size:14.0pt\">Global growth may moderate post stronger-than-likely 2023 start: OECD<\/span><\/a><\/span><\/span><\/span><\/p>\r\n\r\n<p style=\"text-align:justify\"><span style=\"font-size:11pt\"><span style=\"line-height:normal\"><span style=\"font-family:Calibri,sans-serif\"><a href=\"https:\/\/www.fibre2fashion.com\/news\/textile-news\/61-say-global-economy-to-weaken-in-2024-wef-chief-economists-outlook-290192-newsdetails.htm\" style=\"color:blue; text-decoration:underline\"><span style=\"font-size:14.0pt\">61% say global economy to weaken in 2024: WEF Chief Economists Outlook<\/span><\/a><\/span><\/span><\/span><\/p>\r\n\r\n<p style=\"text-align:justify\"><span style=\"font-size:11pt\"><span style=\"line-height:normal\"><span style=\"font-family:Calibri,sans-serif\"><a href=\"https:\/\/ibre.fgv.br\/blog-da-conjuntura-economica\/artigos\/reforma-tributaria-e-saneamento-entrave-para-universalizacao\" style=\"color:blue; text-decoration:underline\"><span style=\"font-size:14.0pt\">Reforma tribut&aacute;ria e saneamento: entrave para a universaliza&ccedil;&atilde;o?<\/span><\/a><\/span><\/span><\/span><\/p>\r\n\r\n<p style=\"text-align:justify\"><span style=\"font-size:11pt\"><span style=\"line-height:normal\"><span style=\"font-family:Calibri,sans-serif\"><a href=\"https:\/\/ibre.fgv.br\/blog-da-conjuntura-economica\/artigos\/em-foco-119\" style=\"color:blue; text-decoration:underline\"><span style=\"font-size:14.0pt\">Sorte, impulso fiscal ou arruma&ccedil;&atilde;o macroecon&ocirc;mica? O que tem feito a economia crescer?<\/span><\/a><\/span><\/span><\/span><\/p>\r\n","6":"<p style=\"text-align:justify\"><span style=\"font-size:11pt\"><span style=\"line-height:normal\"><span style=\"font-family:Calibri,sans-serif\"><span style=\"font-size:14.0pt\">Esta &eacute; uma compila&ccedil;&atilde;o das not&iacute;cias mais relevantes para o setor, incluindo informa&ccedil;&otilde;es sobre acordos internacionais, economia brasileira, sustentabilidade e mat&eacute;rias primas, al&eacute;m de novidades do setor de N&atilde;otecidos e Tecidos T&eacute;cnicos.<\/span><\/span><\/span><\/span><\/p>\r\n\r\n<p style=\"text-align:justify\"><span style=\"font-size:28pt\"><span style=\"font-family:Cambria,serif\"><span style=\"letter-spacing:-0.5pt\"><b><span style=\"font-size:18.0pt\"><span calibri=\"\" style=\"font-family:\"><span style=\"font-variant:small-caps\">A&ccedil;&otilde;es ABINT<\/span><\/span><\/span><\/b><\/span><\/span><\/span><\/p>\r\n\r\n<ul>\r\n\t<li style=\"text-align:justify\"><span style=\"font-size:11pt\"><span style=\"line-height:normal\"><span style=\"font-family:Calibri,sans-serif\"><b><span style=\"font-size:14.0pt\">A&ccedil;&otilde;es realizadas <\/span><\/b><\/span><\/span><\/span><\/li>\r\n<\/ul>\r\n\r\n<p style=\"text-align:justify\">&nbsp;<\/p>\r\n\r\n<p style=\"text-align:justify\"><img src=\"https:\/\/www.abint.org.br\/assets\/img\/editor\/logo-ctg-abint-png_202309261347016GQbvjFwWk.png\" style=\"width: 200px; height: 37px;\" \/><\/p>\r\n\r\n<p style=\"text-align:justify\"><span style=\"font-size:11pt\"><span style=\"line-height:normal\"><span style=\"font-family:Calibri,sans-serif\"><span style=\"font-size:14.0pt\">No dia 21 de setembro o Prof. Rafael Pl&aacute;cido realizou, em nome do CTG ABINT, a palestra &ldquo;Geossint&eacute;ticos na Pr&aacute;tica: Propriedades, Fun&ccedil;&otilde;es e Aplica&ccedil;&otilde;es&rdquo;, durante da Semana de Engenharia USP S&atilde;o Carlos. Ap&oacute;s a apresenta&ccedil;&atilde;o foi realizado um quizz com os alunos, e os tr&ecirc;s primeiros colocados receberam exemplares do livro Manual Brasileiro de Geossint&eacute;ticos &ndash; MBG. Confira no canal <\/span><a href=\"https:\/\/www.youtube.com\/live\/MQeVOqOz-vo?si=_C7WeV17WUEbuG4n\" style=\"color:blue; text-decoration:underline\"><b><span style=\"font-size:14.0pt\">SEC EESC USP no YouTube<\/span><\/b><\/a><span style=\"font-size:14.0pt\">.<\/span><\/span><\/span><\/span><\/p>\r\n\r\n<p style=\"text-align:justify\"><span style=\"font-size:11pt\"><span style=\"line-height:normal\"><span style=\"font-family:Calibri,sans-serif\"><span style=\"font-size:14.0pt\"><img src=\"https:\/\/www.abint.org.br\/assets\/img\/editor\/usp-sao-carlos-sec-2023-foto-5_20230926134809aNAy4TlSy8.jpeg\" style=\"width: 500px; height: 375px;\" \/><img src=\"https:\/\/www.abint.org.br\/assets\/img\/editor\/usp-sao-carlos-sec-2023-foto-7_20230926134834vPyuQOArsK.jpeg\" style=\"width: 500px; height: 375px;\" \/><\/span><\/span><\/span><\/span><\/p>\r\n\r\n<p style=\"text-align:justify\">&nbsp;<\/p>\r\n\r\n<p style=\"text-align:justify\"><img src=\"https:\/\/www.abint.org.br\/assets\/img\/editor\/cth-logo-alta-png-bordas-juntas_20230926135016bEmKf2H01c.png\" style=\"width: 200px; height: 46px;\" \/><\/p>\r\n\r\n<p style=\"text-align:justify\"><span style=\"font-size:11pt\"><span style=\"line-height:normal\"><span style=\"font-family:Calibri,sans-serif\"><span style=\"font-size:14.0pt\">Com o intuito de incentivar a qualidade dos dispositivos m&eacute;dicos comercializados no mercado brasileiro e como consequ&ecirc;ncia garantir a seguran&ccedil;a dos profissionais da sa&uacute;de e dos pacientes, <b>o Comit&ecirc; T&eacute;cnico M&eacute;dico Hospitalar (CTH ABINT) <\/b><\/span><a href=\"https:\/\/www.abint.org.br\/informacao\/outros\/alerta-cth-informacao-de-qualidade\" style=\"color:blue; text-decoration:underline\"><b><span style=\"font-size:14.0pt\">listou<\/span><\/b><\/a><span style=\"font-size:14.0pt\"> <b>a legisla&ccedil;&atilde;o vigente sobre conformidade de produtos &agrave;s normas t&eacute;cnicas<\/b>.<\/span><\/span><\/span><\/span><\/p>\r\n\r\n<p style=\"text-align:justify\">&nbsp;<\/p>\r\n\r\n<ul>\r\n\t<li style=\"text-align:justify\"><span style=\"font-size:11pt\"><span style=\"line-height:normal\"><span style=\"font-family:Calibri,sans-serif\"><b><span style=\"font-size:14.0pt\">O que vem por a&iacute;<\/span><\/b><\/span><\/span><\/span><\/li>\r\n<\/ul>\r\n\r\n<p><b><img src=\"https:\/\/www.abint.org.br\/assets\/img\/editor\/post-quadrado-curso-naotecidos-americana_20230919175746NvKCw9khJL.jpg\" style=\"width: 500px; height: 500px;\" \/><\/b><\/p>\r\n\r\n<h2><span style=\"font-size:11pt\"><span style=\"line-height:normal\"><span style=\"font-family:Calibri,sans-serif\"><a href=\"https:\/\/forms.gle\/tWMzAkvmTkDCVNdy8\" style=\"color:blue; text-decoration:underline\"><b><span style=\"font-size:14.0pt\">Informa&ccedil;&otilde;es e inscri&ccedil;&otilde;es<\/span><\/b><\/a><\/span><\/span><\/span><\/h2>\r\n\r\n<p>&nbsp;<\/p>\r\n\r\n<p>&nbsp;&nbsp;<b><img src=\"https:\/\/www.abint.org.br\/assets\/img\/editor\/congresso-internacional-abit-2023_202308151414212LkdNBSzdA.png\" style=\"width: 500px; height: 442px;\" \/><\/b><\/p>\r\n\r\n<p style=\"text-align:justify\"><span style=\"font-size:11pt\"><span style=\"line-height:normal\"><span style=\"font-family:Calibri,sans-serif\"><b><span style=\"font-size:14.0pt\">A ABINT &eacute; uma das patrocinadoras do Congresso Internacional ABIT 2023, <\/span><\/b><span style=\"font-size:14.0pt\">que ocorrer&aacute;<b> dias 08 e 09 de novembro, na FIESC, Florian&oacute;polis, SC.&nbsp;<\/b><\/span><\/span><\/span><\/span><strong><span style=\"font-size:11.0pt\"><span style=\"line-height:115%\"><span calibri=\"\" style=\"font-family:\"><a href=\"https:\/\/t.rdsv1.net\/ls\/click?upn=LFSWB5boDXSqxt4eHgA5r3YUv3HG6yY4XTXT-2BpjEpFmt56yR61Gu09ER-2Bq95-2FgFAbN46ClwLMWPZzveVybfat1CKHOKhUUtOIVaFgsR5U28dlEKVouFrV1iSMaKnlWHCANmwKiZ4x1Oy9BDRL5tuTGPXgO91zEc1uo-2FbtPYQFm3y4fMGnbuiV3FEKs9g9uy1l2sL_iW8zc4KBvTUX2z9kws1M6pjQI9DpNNh-2Fk6fgMN4DbaFx-2BL1o5swSv2HtiLB2iGFhqxZ0654f80VOIjakRycDjcrdu1MF6BdTRc4d4wYs0wcxXXPsRygypvnzeOAhjjgiEkGX1jMsv1FD9IiN0mt5TiPA-2F-2FcYbMJqgkOyyeRxcI4izBTlMz4tYAchHCwHneJZvJXH0y9HeVp67XkJynQGH21X32t2y1CeSaYEq0zVO-2BnyLK4mDGipKkH-2FZQCwU2MKfdHIIgVMZzvyz5G5cXFeOFC58YiNyn2cnMPO14gymNMfyWFH-2BHHlC3b47l7V1Qmqxs4es-2BeyjBwNpbTVF3mKTVfvVN8KGLr0cqLDBhDLHrW7KPcTfpWgS5gfvWdAKEPOEmZKoo4k2kAi0PFh6jxFYAV2tXcAZfbY2kx8RXrY81D1SMCEBW0alhXBRKfUMvljxKCVojmlXya75YoxeWm0PKiSpaikvnyQHb1SYVAvooBBGQr8kVTT7gfi2jpYOB7Yz3v8ovwiOQwMF4kMzI4BGg58Stg7NIyaStQsDmhOsSp6GMNA3SG1UPw-2Fljh3rhjS-2BFt0EiGPe9cI33b9n1X0Y0ud-2BOFmeXkp5V9mMyq0eViPM4g6fXMuiRQFG1Lhn1lb5TsAtW9vCVxHdYrOB-2F6cV4-2FiOK5JwicsxDApwdvwvys-3D\" style=\"color:blue; text-decoration:underline\"><span style=\"font-size:14.0pt\"><span style=\"line-height:115%\">Informa&ccedil;&otilde;es<\/span><\/span><\/a><\/span><\/span><\/span><\/strong><\/p>\r\n\r\n<p style=\"text-align:justify\">&nbsp;<\/p>\r\n\r\n<p style=\"text-align:justify\"><span style=\"font-size:11pt\"><span style=\"line-height:normal\"><span style=\"font-family:Calibri,sans-serif\"><b><span style=\"font-size:18.0pt\"><span style=\"font-variant:small-caps\">Not&iacute;cias das Associadas<\/span><\/span><\/b><\/span><\/span><\/span><\/p>\r\n\r\n<p style=\"text-align:justify\"><span style=\"font-size:11pt\"><span style=\"line-height:normal\"><span style=\"font-family:Calibri,sans-serif\"><a href=\"https:\/\/www.aen.pr.gov.br\/Noticia\/Maior-evento-de-infraestrutura-de-transportes-do-Brasil-recebeu-2-mil-pessoas\" style=\"color:blue; text-decoration:underline\"><span style=\"font-size:14.0pt\">Associadas ABINT participaram do maior evento de infraestrutura de transportes do Brasil, que recebeu 2 mil pessoas<\/span><\/a><\/span><\/span><\/span><\/p>\r\n\r\n<p style=\"text-align:justify\"><span style=\"font-size:11pt\"><span style=\"line-height:normal\"><span style=\"font-family:Calibri,sans-serif\"><a href=\"https:\/\/www.andritz.com\/newsroom-en\/nonwoven-and-textile\/2023-09-21-albis\" style=\"color:blue; text-decoration:underline\" target=\"_blank\"><span style=\"font-size:14.0pt\">ANDRITZ starts up extra-wide carding machine for Italian nonwovens producer<\/span><\/a><\/span><\/span><\/span><\/p>\r\n\r\n<p style=\"text-align:justify\">&nbsp;<\/p>\r\n\r\n<p style=\"text-align:justify\"><span style=\"font-size:11pt\"><span style=\"line-height:normal\"><span style=\"font-family:Calibri,sans-serif\"><b><span style=\"font-size:18.0pt\"><span style=\"font-variant:small-caps\">Eventos<\/span><\/span><\/b><\/span><\/span><\/span><\/p>\r\n\r\n<p style=\"text-align:justify\"><span style=\"font-size:11pt\"><span style=\"line-height:normal\"><span style=\"font-family:Calibri,sans-serif\"><b><span style=\"font-size:14.0pt\">Workshop | Log&iacute;stica Reversa de Embalagens no Setor T&amp;C<\/span><\/b><span style=\"font-size:14.0pt\">, 26 de setembro de 2023, 09h30 &agrave;s 11h30. <\/span><a href=\"https:\/\/produtos.institutoabit.org.br\/prod\/166335dc-c12f-4e44-8639-9f6c3263c509?utm_campaign=workshop_logistica_reversa&amp;utm_medium=email&amp;utm_source=RD+Station\" style=\"color:blue; text-decoration:underline\"><span style=\"font-size:14.0pt\">Inscri&ccedil;&otilde;es<\/span><\/a> <\/span><\/span><\/span><\/p>\r\n\r\n<p style=\"text-align:justify\"><span style=\"font-size:11pt\"><span style=\"line-height:normal\"><span style=\"font-family:Calibri,sans-serif\"><b><span style=\"font-size:14.0pt\">CNI\/ SEBRAE | 10&ordm; Congresso Internacional da Inova&ccedil;&atilde;o da Ind&uacute;stria<\/span><\/b><span style=\"font-size:14.0pt\">, 27 e 28 de setembro de 2023, S&atilde;o Paulo Expo.<\/span> <a href=\"https:\/\/www.congressodeinovacao.com.br\/?utm_source=comext&amp;utm_medium=email&amp;utm_campaign=eventos&amp;utm_content=id00053#msdynttrid=gg5jXwSFR7qM4vHH2tKGau3cTwSFDneTjMUhrcPg7vE\" style=\"color:blue; text-decoration:underline\"><span style=\"font-size:14.0pt\">Informa&ccedil;&otilde;es<\/span><\/a> <\/span><\/span><\/span><\/p>\r\n\r\n<p style=\"text-align:justify\"><span style=\"font-size:11pt\"><span style=\"line-height:normal\"><span style=\"font-family:Calibri,sans-serif\"><b><span style=\"font-size:14.0pt\">Reforma Tribut&aacute;ria no Brasil e o Impacto no Com&eacute;rcio Bilateral<\/span><\/b><span style=\"font-size:14.0pt\">, 28 de setembro de 2023, 13h00 &agrave;s 15h00, evento online. <\/span><a href=\"https:\/\/app.rdstation.email\/mail\/233cef00-5faf-4110-8d07-c1c699c6b0b1?utm_campaign=caj__reforma_tributaria_no_brasil_e_o_impacto_no_comercio_bilateral_2809&amp;utm_medium=email&amp;utm_source=RD+Station\" style=\"color:blue; text-decoration:underline\"><span style=\"font-size:14.0pt\">Informa&ccedil;&otilde;es<\/span><\/a> <\/span><\/span><\/span><\/p>\r\n\r\n<p style=\"text-align:justify\"><span style=\"font-size:11pt\"><span style=\"line-height:normal\"><span style=\"font-family:Calibri,sans-serif\"><b><span style=\"font-size:14.0pt\">Apex | Webs&eacute;rie Direto do Mercado: Edi&ccedil;&atilde;o Chile<\/span><\/b><span style=\"font-size:14.0pt\">, 28 de setembro de 2023, 10h00 &agrave;s 11h50, evento online. <\/span><a href=\"https:\/\/7bd46367464f42938043bc2d987cb33f.marketingusercontent.com\/m\/view\/e86Fo4meIRwDytbiqQj4GyC59tOedxOfssOe3iXMWsAx#msdynttrid=AKqy7Xr7FhDI69kPU9AynieogfBoC2FMclE-afqrHps\" style=\"color:blue; text-decoration:underline\"><span style=\"font-size:14.0pt\">Informa&ccedil;&otilde;es<\/span><\/a> <\/span><\/span><\/span><\/p>\r\n\r\n<p style=\"text-align:justify\"><span style=\"font-size:11pt\"><span style=\"line-height:normal\"><span style=\"font-family:Calibri,sans-serif\"><b><span style=\"font-size:14.0pt\">ABNT | Workshop Internacional de Economia Circular &ndash; Um mundo de oportunidades!, <\/span><\/b><span style=\"font-size:14.0pt\">02 de outubro, 08h00 &agrave;s 12h00, no <\/span><a href=\"https:\/\/www.youtube.com\/live\/aSEbboB3n3M?si=t1LiQk3zlx1_Q8nG\" style=\"color:blue; text-decoration:underline\"><span style=\"font-size:14.0pt\">canal ABNT do YouTube<\/span><\/a><span style=\"font-size:14.0pt\">. <\/span><a href=\"https:\/\/forms.gle\/oumBU3QtfhvwuNcq9\" style=\"color:blue; text-decoration:underline\"><span style=\"font-size:14.0pt\">Inscri&ccedil;&otilde;es<\/span><\/a> <\/span><\/span><\/span><\/p>\r\n\r\n<p style=\"text-align:justify\"><span style=\"font-size:11pt\"><span style=\"line-height:normal\"><span style=\"font-family:Calibri,sans-serif\"><b><span style=\"font-size:14.0pt\">Workshop Abit | Etiquetagem de produtos t&ecirc;xteis e confeccionados, <\/span><\/b><span style=\"font-size:14.0pt\">03 de outubro de 2023, 9h00 &agrave;s 12h00, evento online. <\/span><a href=\"https:\/\/produtos.institutoabit.org.br\/prod\/a22d34b5-dc06-4f1d-b2f3-f1ddbb3ca99f?utm_campaign=convite_workshop_etiquetagem_outubro23&amp;utm_medium=email&amp;utm_source=RD+Station\" style=\"color:blue; text-decoration:underline\"><span style=\"font-size:14.0pt\">Informa&ccedil;&otilde;es<\/span><\/a> <\/span><\/span><\/span><\/p>\r\n\r\n<p style=\"text-align:justify\"><span style=\"font-size:11pt\"><span style=\"line-height:normal\"><span style=\"font-family:Calibri,sans-serif\"><b><span style=\"font-size:14.0pt\">Semin&aacute;rio Abiquim de Tecnologia e Inova&ccedil;&atilde;o 2023, <\/span><\/b><span style=\"font-size:14.0pt\">5 de outubro, Espa&ccedil;o Cosy, Av. Morumbi 5299, Morumbi, S&atilde;o Paulo, SP. <\/span><a href=\"https:\/\/www.seminariodetecnologia.org.br\/sobre\/\" style=\"color:blue; text-decoration:underline\"><span style=\"font-size:14.0pt\">Informa&ccedil;&otilde;es<\/span><\/a> <\/span><\/span><\/span><\/p>\r\n\r\n<p style=\"text-align:justify\"><span style=\"font-size:11pt\"><span style=\"line-height:normal\"><span style=\"font-family:Calibri,sans-serif\"><b><span style=\"font-size:14.0pt\">Webinar | Revisiting ITMA 2023 &ndash; Groundbreaking innovations from buyers&rsquo; perspectives<\/span><\/b><span style=\"font-size:14.0pt\">, 5 October 2023, Thursday, 10:00 am CEST. <\/span><a href=\"https:\/\/itma.com\/itmaconnect\/events\/groundbreaking-innovations\" style=\"color:blue; text-decoration:underline\"><span style=\"font-size:14.0pt\">Informa&ccedil;&otilde;es<\/span><\/a> <\/span><\/span><\/span><\/p>\r\n\r\n<p style=\"text-align:justify\"><span style=\"font-size:11pt\"><span style=\"line-height:normal\"><span style=\"font-family:Calibri,sans-serif\"><b><span style=\"font-size:14.0pt\">FiltXPO&trade; 2023<\/span><\/b><span class=\"MsoHyperlink\" style=\"color:blue\"><span style=\"text-decoration:underline\"><span style=\"font-size:14.0pt\"><span style=\"text-decoration:none\"><span style=\"text-underline:none\">, <\/span><\/span><\/span><\/span><\/span><span style=\"font-size:14.0pt\">October 10-12, 2023 at Navy Pier in Chicago, Illinois<\/span><span class=\"MsoHyperlink\" style=\"color:blue\"><span style=\"text-decoration:underline\"><span style=\"font-size:14.0pt\"><span style=\"text-decoration:none\"><span style=\"text-underline:none\">. <\/span><\/span><\/span><\/span><\/span><a href=\"https:\/\/www.filtxpo.com\/\" style=\"color:blue; text-decoration:underline\"><span style=\"font-size:14.0pt\">Informa&ccedil;&otilde;es<\/span><\/a> <\/span><\/span><\/span><\/p>\r\n\r\n<p style=\"text-align:justify\"><span style=\"font-size:11pt\"><span style=\"line-height:normal\"><span style=\"font-family:Calibri,sans-serif\"><b><span style=\"font-size:14.0pt\">CONAHP 2023<\/span><\/b><span style=\"font-size:14.0pt\">, 18 e 19 de outubro, Transamerica Expo Center, S&atilde;o Paulo, SP. <\/span><a href=\"https:\/\/conahp.org.br\/2023\/\" style=\"color:blue; text-decoration:underline\"><span style=\"font-size:14.0pt\">Informa&ccedil;&otilde;es<\/span><\/a> <\/span><\/span><\/span><\/p>\r\n\r\n<p style=\"text-align:justify\"><span style=\"font-size:11pt\"><span style=\"line-height:normal\"><span style=\"font-family:Calibri,sans-serif\"><b><span style=\"font-size:14.0pt\">V Congreso Sudamericano de Composites, Poliuretano y Pl&aacute;sticos de Ingenier&iacute;a, <\/span><\/b><span style=\"font-size:14.0pt\">24 e 25 de outubro de 2023, Bogot&aacute;, Col&ocirc;mbia. <\/span><a href=\"http:\/\/www.congresosudamericano.com\/blog.html\" style=\"color:blue; text-decoration:underline\"><span style=\"font-size:14.0pt\">Informa&ccedil;&otilde;es<\/span><\/a> <\/span><\/span><\/span><\/p>\r\n\r\n<p style=\"text-align:justify\"><span style=\"font-size:11pt\"><span style=\"line-height:normal\"><span style=\"font-family:Calibri,sans-serif\"><b><span style=\"font-size:14.0pt\">FEIPLAR COMPOSITES &amp; FEIPUR | Pain&eacute;is Setoriais 2023<\/span><\/b><span style=\"font-size:14.0pt\">, 24, 25 e 26 de outubro de 2023. <\/span><a href=\"http:\/\/newsletter.feiplar.com.br\/accounts\/184158\/messages\/30?email=abint@abint.org.br&amp;c=1693235815&amp;contact_id=3458&amp;envelope_id=21\" style=\"color:blue; text-decoration:underline\"><span style=\"font-size:14.0pt\">Informa&ccedil;&otilde;es<\/span><\/a> <\/span><\/span><\/span><\/p>\r\n\r\n<p style=\"text-align:justify\"><span style=\"font-size:11pt\"><span style=\"line-height:normal\"><span style=\"font-family:Calibri,sans-serif\"><b><span style=\"font-size:14.0pt\">Abrafiltros | 2&ordm; Semin&aacute;rio Brasileiro de Filtros<\/span><\/b><span style=\"font-size:14.0pt\">, 08 de novembro de 2023. <\/span><a href=\"https:\/\/www.abrafiltros.org.br\/seminario\/\" style=\"color:blue; text-decoration:underline\"><span style=\"font-size:14.0pt\">Informa&ccedil;&otilde;es<\/span><\/a> <\/span><\/span><\/span><\/p>\r\n\r\n<p style=\"text-align:justify\"><span style=\"font-size:11pt\"><span style=\"line-height:normal\"><span style=\"font-family:Calibri,sans-serif\"><b><span style=\"font-size:14.0pt\">Industry CCUS 2023,<\/span><\/b> <span style=\"font-size:14.0pt\">29-30 November, Rotterdam, Netherlands.<\/span> <a href=\"https:\/\/fortesmedia.com\/industry-ccus-conference-2023,4,en,2,1,28.html#register\" style=\"color:blue; text-decoration:underline\"><span style=\"font-size:14.0pt\">Informa&ccedil;&otilde;es<\/span><\/a> <\/span><\/span><\/span><\/p>\r\n\r\n<p style=\"text-align:justify\"><span style=\"font-size:11pt\"><span style=\"line-height:normal\"><span style=\"font-family:Calibri,sans-serif\"><b><span style=\"font-size:14.0pt\">FEIPLAR COMPOSITES &amp; FEIPUR &ndash; Feira e Congresso Internacionais de Composites, Poliuretano, Pl&aacute;sticos de Engenharia e Compostos Termopl&aacute;sticos<\/span><\/b><span style=\"font-size:14.0pt\">, 20 a 22 de agosto de 2024, S&atilde;o Paulo Expo (Pavilh&atilde;o 5), palestras: das 8h30 &agrave;s 18h, feira: das 13h &agrave;s 20h.<b> <\/b><\/span><a href=\"http:\/\/www.feiplar.com\" style=\"color:blue; text-decoration:underline\"><span style=\"font-size:14.0pt\">www.feiplar.com<\/span><\/a> <\/span><\/span><\/span><\/p>\r\n\r\n<p style=\"text-align:justify\"><span style=\"font-size:28pt\"><span style=\"font-family:Cambria,serif\"><span style=\"letter-spacing:-0.5pt\"><b><span style=\"font-size:18.0pt\"><span calibri=\"\" style=\"font-family:\"><span style=\"font-variant:small-caps\">Setor<\/span><\/span><\/span><\/b><\/span><\/span><\/span><\/p>\r\n\r\n<p style=\"text-align:justify\"><span style=\"font-size:11pt\"><span style=\"line-height:normal\"><span style=\"font-family:Calibri,sans-serif\"><a href=\"https:\/\/portugaltextil.com\/fibras-e-materiais-preferiveis-tem-nova-ferramenta\/?utm_term=Portugal+Textil+-+2023-09-21%3ADATEFORMAT%3Ad.m.Y&amp;utm_campaign=Portugal+Textil+FInal&amp;utm_source=e-goi&amp;utm_medium=email&amp;eg_sub=ef749a4dff&amp;eg_cam=0bb1933e4e60dc0240d23fdae8d4ad6e&amp;eg_list=6\" style=\"color:blue; text-decoration:underline\"><span style=\"font-size:14.0pt\">Fibras e materiais prefer&iacute;veis t&ecirc;m nova ferramenta<\/span><\/a><\/span><\/span><\/span><\/p>\r\n\r\n<p style=\"text-align:justify\"><span style=\"font-size:11pt\"><span style=\"line-height:normal\"><span style=\"font-family:Calibri,sans-serif\"><a href=\"https:\/\/www.innovationintextiles.com\/fibres-yarns-fabrics\/dornbirn-2023-moving-a-textile-waste-mountain\/\" style=\"color:blue; text-decoration:underline\"><span style=\"font-size:14.0pt\">Dornbirn 2023: Moving a textile waste mountain<\/span><\/a><\/span><\/span><\/span><\/p>\r\n\r\n<p style=\"text-align:justify\"><span style=\"font-size:11pt\"><span style=\"line-height:normal\"><span style=\"font-family:Calibri,sans-serif\"><a href=\"https:\/\/www.technicaltextile.net\/news\/india-to-implement-qco-on-12-products-under-protective-textiles--290217.html\" style=\"color:blue; text-decoration:underline\"><span style=\"font-size:14.0pt\">India to implement QCO on 12 products under protective textiles<\/span><\/a><\/span><\/span><\/span><\/p>\r\n\r\n<p style=\"text-align:justify\"><span style=\"font-size:11pt\"><span style=\"line-height:normal\"><span style=\"font-family:Calibri,sans-serif\"><a href=\"https:\/\/exclusivo.com.br\/_conteudo\/negocios\/2023\/09\/19\/importacoes-de-calcados-asiaticos-aceleram-e-preocupam-industria-brasileira.html\" style=\"color:blue; text-decoration:underline\"><span style=\"font-size:14.0pt\">Importa&ccedil;&otilde;es de cal&ccedil;ados asi&aacute;ticos aceleram e preocupam ind&uacute;stria brasileira<\/span><\/a> <\/span><\/span><\/span><\/p>\r\n\r\n<p style=\"text-align:justify\"><span style=\"font-size:11pt\"><span style=\"line-height:normal\"><span style=\"font-family:Calibri,sans-serif\"><a href=\"http:\/\/cueroamerica.info\/wpnews\/2023\/08\/la-caida-de-consumo-en-usa-es-el-mayor-problema-de-las-marcas-del-calzado-deportivo\/?utm_source=email_marketing&amp;utm_admin=28519&amp;utm_medium=email&amp;utm_campaign=NOTICIAS_de_las_Industrias_del_Calzado_Cuero_Marroquinera_y_Moda\" style=\"color:blue; text-decoration:underline\"><span style=\"font-size:14.0pt\">La ca&iacute;da de consumo en USA es el &ldquo;mayor problema&rdquo; de las marcas del calzado deportivo<\/span><\/a><\/span><\/span><\/span><\/p>\r\n\r\n<p style=\"text-align:justify\"><span style=\"font-size:11pt\"><span style=\"line-height:normal\"><span style=\"font-family:Calibri,sans-serif\"><a href=\"https:\/\/www.inda.org\/inda-partners-with-the-waterloo-filtration-institute-for-the-filtxpo-2023-technical-program\/#:~:text=2023%20Technical%20Program-,INDA%20Partners%20with%20the%20Waterloo%20Filtration%20Institute%20for%20the%20FiltXPO,%2C%202023%20in%20Chicago%2C%20Illinois.\" style=\"color:blue; text-decoration:underline\"><span style=\"font-size:14.0pt\">INDA Partners with the Waterloo Filtration Institute for the FiltXPO&trade; 2023 Technical Program<\/span><\/a><\/span><\/span><\/span><\/p>\r\n\r\n<p style=\"text-align:justify\"><span style=\"font-size:11pt\"><span style=\"line-height:normal\"><span style=\"font-family:Calibri,sans-serif\"><a href=\"https:\/\/www.nonwovens-industry.com\/contents\/view_breaking-news\/2023-09-19\/kimberly-clark-achieves-zero-waste-to-landfill-status-in-latin-america\/?widget=trending\" style=\"color:blue; text-decoration:underline\"><span style=\"font-size:14.0pt\">Kimberly-Clark Achieves Zero Waste to Landfill Status in Latin America<\/span><\/a><\/span><\/span><\/span><\/p>\r\n\r\n<p style=\"text-align:justify\"><span style=\"font-size:11pt\"><span style=\"line-height:normal\"><span style=\"font-family:Calibri,sans-serif\"><a href=\"https:\/\/tribunahoje.com\/noticias\/cidades\/2023\/09\/18\/126537-quase-r-13-milhoes-do-brota-na-grota-foram-investidos-na-protecao-de-encostas\" style=\"color:blue; text-decoration:underline\"><span style=\"font-size:14.0pt\">Geomantas em Alagoas: quase R$13 milh&otilde;es do Brota na Grota foram investidos na prote&ccedil;&atilde;o de encostas<\/span><\/a><\/span><\/span><\/span><\/p>\r\n\r\n<p style=\"text-align:justify\"><span style=\"font-size:11pt\"><span style=\"line-height:normal\"><span style=\"font-family:Calibri,sans-serif\"><a href=\"https:\/\/www.cbnrecife.com\/aldovilela\/artigo\/novo-pacote-de-obras-de-contencao-de-encostas-vai-beneficiar-diversos-bairros-de-olinda\" style=\"color:blue; text-decoration:underline\"><span style=\"font-size:14.0pt\">Geomantas em Recife: novo pacote de obras de conten&ccedil;&atilde;o de encostas vai beneficiar diversos bairros de Olinda<\/span><\/a><\/span><\/span><\/span><\/p>\r\n\r\n<p style=\"text-align:justify\"><span style=\"font-size:11pt\"><span style=\"line-height:normal\"><span style=\"font-family:Calibri,sans-serif\"><a href=\"https:\/\/www.technicaltextile.net\/news\/qco-on-19-geotextile-products-to-come-into-effect-from-oct-7-in-india--290156.html\" style=\"color:blue; text-decoration:underline\"><span style=\"font-size:14.0pt\">QCO on 19 geotextile products to come into effect from Oct 7 in India<\/span><\/a><\/span><\/span><\/span><\/p>\r\n\r\n<p style=\"text-align:justify\"><span style=\"font-size:28pt\"><span style=\"font-family:Cambria,serif\"><span style=\"letter-spacing:-0.5pt\"><b><span style=\"font-size:18.0pt\"><span calibri=\"\" style=\"font-family:\"><span style=\"font-variant:small-caps\">Ind&uacute;stria<\/span><\/span><\/span><\/b><\/span><\/span><\/span><\/p>\r\n\r\n<p style=\"text-align:justify\"><span style=\"font-size:11pt\"><span style=\"line-height:normal\"><span style=\"font-family:Calibri,sans-serif\"><a href=\"https:\/\/noticias.portaldaindustria.com.br\/noticias\/economia\/producao-da-industria-subiu-em-agosto-e-emprego-ficou-estavel-aponta-cni\/\" style=\"color:blue; text-decoration:underline\"><span style=\"font-size:14.0pt\">Produ&ccedil;&atilde;o da ind&uacute;stria subiu em agosto e emprego ficou est&aacute;vel, aponta CNI<\/span><\/a><\/span><\/span><\/span><\/p>\r\n\r\n<p style=\"text-align:justify\"><span style=\"font-size:11pt\"><span style=\"line-height:normal\"><span style=\"font-family:Calibri,sans-serif\"><a href=\"https:\/\/noticias.portaldaindustria.com.br\/noticias\/economia\/confianca-caiu-em-21-de-29-setores-da-industria-e-aumentou-em-oito-em-setembro\/\" style=\"color:blue; text-decoration:underline\"><span style=\"font-size:14.0pt\">Confian&ccedil;a caiu em 21 de 29 setores da ind&uacute;stria e aumentou em oito em setembro<\/span><\/a><\/span><\/span><\/span><\/p>\r\n\r\n<p style=\"text-align:justify\"><span style=\"font-size:11pt\"><span style=\"line-height:normal\"><span style=\"font-family:Calibri,sans-serif\"><a href=\"https:\/\/noticias.portaldaindustria.com.br\/noticias\/economia\/setor-da-construcao-segue-otimista-apesar-de-queda-nas-expectativas-em-setembro\/\" style=\"color:blue; text-decoration:underline\"><span style=\"font-size:14.0pt\">Setor da constru&ccedil;&atilde;o segue otimista, apesar de queda nas expectativas em setembro<\/span><\/a><\/span><\/span><\/span><\/p>\r\n\r\n<p style=\"text-align:justify\"><span style=\"font-size:11pt\"><span style=\"line-height:normal\"><span style=\"font-family:Calibri,sans-serif\"><a href=\"http:\/\/www.revistaplasticosul.com.br\/transformacao-aplicacoes\/perfil-2022-da-abiplast-apresenta-dados-atualizados-sobre-a-industria-do-plastico-no-brasil\/\" style=\"color:blue; text-decoration:underline\"><span style=\"font-size:14.0pt\">Perfil 2022 da ABIPLAST apresenta dados atualizados sobre a ind&uacute;stria do pl&aacute;stico no Brasil<\/span><\/a><\/span><\/span><\/span><\/p>\r\n\r\n<p style=\"text-align:justify\"><span style=\"font-size:11pt\"><span style=\"line-height:normal\"><span style=\"font-family:Calibri,sans-serif\"><a href=\"https:\/\/revistapegn.globo.com\/economia\/noticia\/2023\/09\/investimentos-em-infraestrutura-e-habitacao-devem-ter-impacto-de-r-132-bi-na-construcao-civil.ghtml\" style=\"color:blue; text-decoration:underline\"><span style=\"font-size:14.0pt\">Investimentos em infraestrutura e habita&ccedil;&atilde;o devem ter impacto de R$ 132 bi na constru&ccedil;&atilde;o civil<\/span><\/a><\/span><\/span><\/span><\/p>\r\n\r\n<p style=\"text-align:justify\"><span style=\"font-size:11pt\"><span style=\"line-height:normal\"><span style=\"font-family:Calibri,sans-serif\"><a href=\"https:\/\/epbr.com.br\/russia-corta-exportacoes-de-diesel-veja-os-efeitos-sobre-o-mercado\/?utm_source=newsletters+epbr&amp;utm_campaign=be2da0bd58-mais-lidas_COPY_01&amp;utm_medium=email&amp;utm_term=0_5931171aac-be2da0bd58-466362780\" style=\"color:blue; text-decoration:underline\"><span style=\"font-size:14.0pt\">R&uacute;ssia corta exporta&ccedil;&otilde;es de diesel; veja os efeitos sobre o mercado<\/span><\/a><\/span><\/span><\/span><\/p>\r\n\r\n<p style=\"text-align:justify\"><span style=\"font-size:28pt\"><span style=\"font-family:Cambria,serif\"><span style=\"letter-spacing:-0.5pt\"><b><span style=\"font-size:18.0pt\"><span calibri=\"\" style=\"font-family:\"><span style=\"font-variant:small-caps\">Sustentabilidade<\/span><\/span><\/span><\/b><\/span><\/span><\/span><\/p>\r\n\r\n<p style=\"text-align:justify\"><span style=\"font-size:11pt\"><span style=\"line-height:normal\"><span style=\"font-family:Calibri,sans-serif\"><a href=\"https:\/\/phys.org\/news\/2023-09-plastics-agriculture-sustainable.html?utm_source=nwletter&amp;utm_medium=email&amp;utm_campaign=daily-nwletter\" style=\"color:blue; text-decoration:underline\"><span style=\"font-size:14.0pt\">How can the use of plastics in agriculture become more sustainable?<\/span><\/a><\/span><\/span><\/span><\/p>\r\n\r\n<p style=\"text-align:justify\"><span style=\"font-size:11pt\"><span style=\"line-height:normal\"><span style=\"font-family:Calibri,sans-serif\"><a href=\"https:\/\/phys.org\/news\/2023-09-plastic-chemicals.html?utm_source=nwletter&amp;utm_medium=email&amp;utm_campaign=daily-nwletter\" style=\"color:blue; text-decoration:underline\"><span style=\"font-size:14.0pt\">Turning mixed plastic into useful chemicals<\/span><\/a><\/span><\/span><\/span><\/p>\r\n\r\n<p style=\"text-align:justify\"><span style=\"font-size:11pt\"><span style=\"line-height:normal\"><span style=\"font-family:Calibri,sans-serif\"><a href=\"https:\/\/noticias.portaldaindustria.com.br\/noticias\/sustentabilidade\/conheca-cinco-experiencias-que-podem-inspirar-a-regulamentacao-do-mercado-de-carbono-no-brasil\/\" style=\"color:blue; text-decoration:underline\"><span style=\"font-size:14.0pt\">Conhe&ccedil;a cinco experi&ecirc;ncias que podem inspirar a regulamenta&ccedil;&atilde;o do mercado de carbono no Brasil<\/span><\/a><\/span><\/span><\/span><\/p>\r\n\r\n<p style=\"text-align:justify\"><span style=\"font-size:11pt\"><span style=\"line-height:normal\"><span style=\"font-family:Calibri,sans-serif\"><a href=\"https:\/\/www.gov.br\/ana\/pt-br\/assuntos\/noticias-e-eventos\/noticias\/agencia-debate-marco-legal-do-saneamento-basico-em-audiencia-publica-da-camara-dos-deputados\" style=\"color:blue; text-decoration:underline\"><span style=\"font-size:14.0pt\">Ag&ecirc;ncia debate marco legal do saneamento b&aacute;sico em audi&ecirc;ncia p&uacute;blica da C&acirc;mara dos Deputados<\/span><\/a><\/span><\/span><\/span><\/p>\r\n\r\n<p style=\"text-align:justify\"><span style=\"font-size:11pt\"><span style=\"line-height:normal\"><span style=\"font-family:Calibri,sans-serif\"><a href=\"https:\/\/www.gov.br\/mdic\/pt-br\/assuntos\/noticias\/2023\/setembro\/brasil-passa-a-integrar-forum-regional-de-economia-circular\" style=\"color:blue; text-decoration:underline\"><span style=\"font-size:14.0pt\">Brasil passa a integrar f&oacute;rum regional de economia circular<\/span><\/a><\/span><\/span><\/span><\/p>\r\n\r\n<p style=\"text-align:justify\"><span style=\"font-size:28pt\"><span style=\"font-family:Cambria,serif\"><span style=\"letter-spacing:-0.5pt\"><b><span style=\"font-size:18.0pt\"><span calibri=\"\" style=\"font-family:\"><span style=\"font-variant:small-caps\">Inova&ccedil;&atilde;o<\/span><\/span><\/span><\/b><\/span><\/span><\/span><\/p>\r\n\r\n<p style=\"text-align:justify\"><span style=\"font-size:11pt\"><span style=\"line-height:normal\"><span style=\"font-family:Calibri,sans-serif\"><a href=\"https:\/\/pesquisaparainovacao.fapesp.br\/cientistas_propoem_converter_residuos_plasticos_em_nanomaterial_para_armazenar_energia\/2865\" style=\"color:blue; text-decoration:underline\"><span style=\"font-size:14.0pt\">Cientistas prop&otilde;em converter res&iacute;duos pl&aacute;sticos em nanomaterial para armazenar energia<\/span><\/a><\/span><\/span><\/span><\/p>\r\n\r\n<p style=\"text-align:justify\"><span style=\"font-size:11pt\"><span style=\"line-height:normal\"><span style=\"font-family:Calibri,sans-serif\"><a href=\"https:\/\/noticias.portaldaindustria.com.br\/noticias\/inovacao-e-tecnologia\/projetos-ou-planos-de-acao-em-ecoinovacao-ja-existem-em-quase-metade-das-industrias\/\" style=\"color:blue; text-decoration:underline\"><span style=\"font-size:14.0pt\">Projetos ou planos de a&ccedil;&atilde;o em ecoinova&ccedil;&atilde;o j&aacute; existem em quase metade das ind&uacute;strias<\/span><\/a><\/span><\/span><\/span><\/p>\r\n\r\n<p style=\"text-align:justify\"><span style=\"font-size:11pt\"><span style=\"line-height:normal\"><span style=\"font-family:Calibri,sans-serif\"><a href=\"https:\/\/phys.org\/news\/2023-09-newly-deep-sea-enzyme-pet-plastic.html?utm_source=nwletter&amp;utm_medium=email&amp;utm_campaign=daily-nwletter\" style=\"color:blue; text-decoration:underline\"><span style=\"font-size:14.0pt\">Newly discovered deep-sea enzyme breaks down PET plastic<\/span><\/a><\/span><\/span><\/span><\/p>\r\n\r\n<p style=\"text-align:justify\"><span style=\"font-size:11pt\"><span style=\"line-height:normal\"><span style=\"font-family:Calibri,sans-serif\"><a href=\"https:\/\/phys.org\/news\/2023-09-spider-silk-spun-silkworms-green.html\" style=\"color:blue; text-decoration:underline\"><span style=\"font-size:14.0pt\">Spider silk is spun by silkworms for the first time, offering a green alternative to synthetic fibers<\/span><\/a><\/span><\/span><\/span><\/p>\r\n\r\n<p style=\"text-align:justify\"><span style=\"font-size:11pt\"><span style=\"line-height:normal\"><span style=\"font-family:Calibri,sans-serif\"><a href=\"https:\/\/portugaltextil.com\/investigadores-criam-bateria-flexivel-com-tecido\/?utm_term=Portugal+Textil+-+2023-09-20%3ADATEFORMAT%3Ad.m.Y&amp;utm_campaign=Portugal+Textil+FInal&amp;utm_source=e-goi&amp;utm_medium=email&amp;eg_sub=ef749a4dff&amp;eg_cam=4e29374cee276f729321f51b6b0757d7&amp;eg_list=6\" style=\"color:blue; text-decoration:underline\"><span style=\"font-size:14.0pt\">Investigadores criam bateria flex&iacute;vel com tecido<\/span><\/a><\/span><\/span><\/span><\/p>\r\n\r\n<p style=\"text-align:justify\"><span style=\"font-size:28pt\"><span style=\"font-family:Cambria,serif\"><span style=\"letter-spacing:-0.5pt\"><b><span style=\"font-size:18.0pt\"><span calibri=\"\" style=\"font-family:\"><span style=\"font-variant:small-caps\">Com&eacute;rcio Exterior<\/span><\/span><\/span><\/b><\/span><\/span><\/span><\/p>\r\n\r\n<p style=\"text-align:justify\"><span style=\"font-size:11pt\"><span style=\"line-height:normal\"><span style=\"font-family:Calibri,sans-serif\"><a href=\"https:\/\/comexdobrasil.com\/aprovado-novo-plano-de-trabalho-para-facilitacao-das-operacoes-de-comercio-exterior\/\" style=\"color:blue; text-decoration:underline\"><span style=\"font-size:14.0pt\">Aprovado novo plano de trabalho para facilita&ccedil;&atilde;o das opera&ccedil;&otilde;es de com&eacute;rcio exterior<\/span><\/a><\/span><\/span><\/span><\/p>\r\n\r\n<p style=\"text-align:justify\"><span style=\"font-size:11pt\"><span style=\"line-height:normal\"><span style=\"font-family:Calibri,sans-serif\"><a href=\"https:\/\/comexdobrasil.com\/estudo-da-cni-mostra-como-vencer-barreiras-e-ganhar-mercados-no-comercio-exterior\/\" style=\"color:blue; text-decoration:underline\"><span style=\"font-size:14.0pt\">Estudo da CNI mostra como vencer barreiras e ganhar mercados no com&eacute;rcio exterior<\/span><\/a><\/span><\/span><\/span><\/p>\r\n\r\n<p style=\"text-align:justify\"><span style=\"font-size:11pt\"><span style=\"line-height:normal\"><span style=\"font-family:Calibri,sans-serif\"><a href=\"https:\/\/comexdobrasil.com\/o-brasil-deve-estar-de-olhos-voltados-para-a-india-diz-vp-da-fecomercio-sp\/\" style=\"color:blue; text-decoration:underline\"><span style=\"font-size:14.0pt\">&ldquo;O Brasil deve estar de olhos voltados para a &Iacute;ndia&rdquo;, diz VP da Fecom&eacute;rcio SP<\/span><\/a><\/span><\/span><\/span><\/p>\r\n\r\n<p style=\"text-align:justify\"><span style=\"font-size:11pt\"><span style=\"line-height:normal\"><span style=\"font-family:Calibri,sans-serif\"><a href=\"https:\/\/comexdobrasil.com\/superavit-comercial-ate-agosto-ja-supera-o-saldo-acumulado-em-todo-o-ano-de-20232\/\" style=\"color:blue; text-decoration:underline\"><span style=\"font-size:14.0pt\">Super&aacute;vit comercial at&eacute; agosto j&aacute; supera o saldo acumulado em todo o ano de 2023<\/span><\/a><\/span><\/span><\/span><\/p>\r\n\r\n<p style=\"text-align:justify\"><span style=\"font-size:28pt\"><span style=\"font-family:Cambria,serif\"><span style=\"letter-spacing:-0.5pt\"><b><span style=\"font-size:18.0pt\"><span calibri=\"\" style=\"font-family:\"><span style=\"font-variant:small-caps\">Economia<\/span><\/span><\/span><\/b><\/span><\/span><\/span><\/p>\r\n\r\n<p style=\"text-align:justify\"><span style=\"font-size:11pt\"><span style=\"line-height:normal\"><span style=\"font-family:Calibri,sans-serif\"><a href=\"https:\/\/www.bcb.gov.br\/content\/focus\/focus\/R20230922.pdf\" style=\"color:blue; text-decoration:underline\"><span style=\"font-size:14.0pt\">Focus &ndash; Relat&oacute;rio de Mercado<\/span><\/a><\/span><\/span><\/span><\/p>\r\n\r\n<p style=\"text-align:justify\"><span style=\"font-size:11pt\"><span style=\"line-height:normal\"><span style=\"font-family:Calibri,sans-serif\"><a href=\"https:\/\/portalibre.fgv.br\/system\/files\/2023-09\/Monitor%20do%20PIB-FGV%20-%20Setembro%20de%202023%20-%20Ref.%20de%20julho_0.pdf\" style=\"color:blue; text-decoration:underline\"><span style=\"font-size:14.0pt\">Monitor do PIB-FGV aponta queda de 0,3% na atividade econ&ocirc;mica em julho<\/span><\/a><\/span><\/span><\/span><\/p>\r\n\r\n<p style=\"text-align:justify\"><span style=\"font-size:11pt\"><span style=\"line-height:normal\"><span style=\"font-family:Calibri,sans-serif\"><a href=\"https:\/\/blogdoibre.fgv.br\/posts\/surpresas-positivas-no-pib-mas-nem-tudo-que-reluz-e-ouro\" style=\"color:blue; text-decoration:underline\"><span style=\"font-size:14.0pt\">Surpresas positivas no PIB, mas nem tudo que reluz &eacute; ouro<\/span><\/a><\/span><\/span><\/span><\/p>\r\n\r\n<p style=\"text-align:justify\"><span style=\"font-size:11pt\"><span style=\"line-height:normal\"><span style=\"font-family:Calibri,sans-serif\"><a href=\"https:\/\/www.fibre2fashion.com\/news\/textile-news\/g20-s-gdp-growth-slows-down-in-q2-2023-china-s-economy-decelerates-290195-newsdetails.htm\" style=\"color:blue; text-decoration:underline\"><span style=\"font-size:14.0pt\">G20&#39;s GDP growth slows down in Q2 2023, China&#39;s economy decelerates<\/span><\/a><\/span><\/span><\/span><\/p>\r\n\r\n<p style=\"text-align:justify\"><span style=\"font-size:11pt\"><span style=\"line-height:normal\"><span style=\"font-family:Calibri,sans-serif\"><a href=\"https:\/\/www.fibre2fashion.com\/news\/textile-news\/global-growth-may-moderate-post-stronger-than-likely-2023-start-oecd-290229-newsdetails.htm\" style=\"color:blue; text-decoration:underline\"><span style=\"font-size:14.0pt\">Global growth may moderate post stronger-than-likely 2023 start: OECD<\/span><\/a><\/span><\/span><\/span><\/p>\r\n\r\n<p style=\"text-align:justify\"><span style=\"font-size:11pt\"><span style=\"line-height:normal\"><span style=\"font-family:Calibri,sans-serif\"><a href=\"https:\/\/www.fibre2fashion.com\/news\/textile-news\/61-say-global-economy-to-weaken-in-2024-wef-chief-economists-outlook-290192-newsdetails.htm\" style=\"color:blue; text-decoration:underline\"><span style=\"font-size:14.0pt\">61% say global economy to weaken in 2024: WEF Chief Economists Outlook<\/span><\/a><\/span><\/span><\/span><\/p>\r\n\r\n<p style=\"text-align:justify\"><span style=\"font-size:11pt\"><span style=\"line-height:normal\"><span style=\"font-family:Calibri,sans-serif\"><a href=\"https:\/\/ibre.fgv.br\/blog-da-conjuntura-economica\/artigos\/reforma-tributaria-e-saneamento-entrave-para-universalizacao\" style=\"color:blue; text-decoration:underline\"><span style=\"font-size:14.0pt\">Reforma tribut&aacute;ria e saneamento: entrave para a universaliza&ccedil;&atilde;o?<\/span><\/a><\/span><\/span><\/span><\/p>\r\n\r\n<p style=\"text-align:justify\"><span style=\"font-size:11pt\"><span style=\"line-height:normal\"><span style=\"font-family:Calibri,sans-serif\"><a href=\"https:\/\/ibre.fgv.br\/blog-da-conjuntura-economica\/artigos\/em-foco-119\" style=\"color:blue; text-decoration:underline\"><span style=\"font-size:14.0pt\">Sorte, impulso fiscal ou arruma&ccedil;&atilde;o macroecon&ocirc;mica? O que tem feito a economia crescer?<\/span><\/a><\/span><\/span><\/span><\/p>\r\n","texto_en":"","7":"","imagem":"COMP_banner-padrao-home-destaques-boletim-2023_20230926135706cxLulqSmn5.jpeg","8":"COMP_banner-padrao-home-destaques-boletim-2023_20230926135706cxLulqSmn5.jpeg","arquivo":null,"9":null,"titulo_arquivo":"20230926 Not\u00edcias Semanais ABINT","10":"20230926 Not\u00edcias Semanais ABINT","titulo_arquivo_en":"","11":"","created_at":"2023-09-26 13:57:15","12":"2023-09-26 13:57:15","updated_at":"2023-09-26 13:57:15","13":"2023-09-26 13:57:15"},{"id":83,"0":83,"ordem":140,"1":140,"data":"2023-09-19","2":"2023-09-19","slug":"boletim-de-noticias-semanais-80","3":"boletim-de-noticias-semanais-80","titulo":"Boletim de Not\u00edcias Semanais","4":"Boletim de Not\u00edcias Semanais","titulo_en":"","5":"","texto":"<p style=\"text-align:justify\"><span style=\"font-size:11pt\"><span style=\"line-height:normal\"><span style=\"font-family:Calibri,sans-serif\"><span style=\"font-size:14.0pt\">Esta &eacute; uma compila&ccedil;&atilde;o das not&iacute;cias mais relevantes para o setor, incluindo informa&ccedil;&otilde;es sobre acordos internacionais, economia brasileira, sustentabilidade e mat&eacute;rias primas, al&eacute;m de novidades do setor de N&atilde;otecidos e Tecidos T&eacute;cnicos.<\/span><\/span><\/span><\/span><\/p>\r\n\r\n<p class=\"MsoTitle\" style=\"text-align:justify\"><span style=\"font-size:28pt\"><span style=\"font-family:Cambria,serif\"><span style=\"letter-spacing:-0.5pt\"><b><span style=\"font-size:18.0pt\"><span style=\"font-family:&quot;Calibri&quot;,sans-serif\"><span style=\"font-variant:small-caps\">A&ccedil;&otilde;es ABINT<\/span><\/span><\/span><\/b><\/span><\/span><\/span><\/p>\r\n\r\n<p style=\"text-align:justify\"><span style=\"font-size:11pt\"><span style=\"line-height:normal\"><span style=\"font-family:Calibri,sans-serif\"><b><span style=\"font-size:14.0pt\">A&ccedil;&otilde;es realizadas <\/span><\/b><\/span><\/span><\/span><\/p>\r\n\r\n<p style=\"text-align:justify\"><img src=\"https:\/\/www.abint.org.br\/assets\/img\/editor\/logo-ctg-abint-png_20230919175138P0cbmRLinC.png\" style=\"width: 300px; height: 55px;\" \/><\/p>\r\n\r\n<p style=\"text-align:justify\"><span style=\"font-size:11pt\"><span style=\"line-height:normal\"><span style=\"font-family:Calibri,sans-serif\"><span style=\"font-size:14.0pt\">Nos dias 11 e 12 de setembro, o Comit&ecirc; T&eacute;cnico de Geossint&eacute;ticos (CTG ABINT) e a IGS Brasil apresentaram os trabalhos vencedores da edi&ccedil;&atilde;o 2022\/2023 do Pr&ecirc;mio TCC\/ IC &ndash; Tecnologia em Geossint&eacute;ticos &ldquo;Benedito de Souza Bueno&rdquo;. O Pr&ecirc;mio, que j&aacute; &eacute; refer&ecirc;ncia no setor, foi desenvolvido a partir da parceria entre e reconhece os melhores trabalhos de conclus&atilde;o de curso e de inicia&ccedil;&atilde;o cient&iacute;fica, publicados anualmente e desenvolvidos no Brasil. O tema dos trabalhos apresentados sempre &eacute; relacionado aos geossint&eacute;ticos, que s&atilde;o produtos polim&eacute;ricos (sint&eacute;ticos ou naturais) industrializados, desenvolvidos para aplica&ccedil;&atilde;o em obras geot&eacute;cnicas, desempenhando uma ou mais fun&ccedil;&otilde;es, tais como de refor&ccedil;o, filtra&ccedil;&atilde;o, drenagem, separa&ccedil;&atilde;o, impermeabiliza&ccedil;&atilde;o e controle de eros&atilde;o. As apresenta&ccedil;&otilde;es est&atilde;o dispon&iacute;veis nos links <\/span><a href=\"https:\/\/www.youtube.com\/watch?v=dSU2vKxQYEY\" style=\"color:blue; text-decoration:underline\"><span style=\"font-size:14.0pt\">1<\/span><\/a><span style=\"font-size:14.0pt\"> e <\/span><a href=\"https:\/\/www.youtube.com\/watch?v=on-P8zn6yLk\" style=\"color:blue; text-decoration:underline\"><span style=\"font-size:14.0pt\">2<\/span><\/a><span style=\"font-size:14.0pt\">. <\/span><\/span><\/span><\/span><\/p>\r\n\r\n<p style=\"text-align:justify\"><img src=\"https:\/\/www.abint.org.br\/assets\/img\/editor\/cth-logo-alta-png-bordas-juntas_20230919175216ZGskKOP5j2.png\" style=\"width: 300px; height: 68px;\" \/><\/p>\r\n\r\n<p style=\"text-align:justify\"><span style=\"font-size:11pt\"><span style=\"line-height:normal\"><span style=\"font-family:Calibri,sans-serif\"><span style=\"font-size:14.0pt\">Com foco em sua Miss&atilde;o de divulgar, promover e fomentar, com qualidade t&eacute;cnica, o conhecimento e o crescimento das aplica&ccedil;&otilde;es dos Dispositivos M&eacute;dicos de uso &uacute;nico no mercado brasileiro, o Comit&ecirc; T&eacute;cnico M&eacute;dico Hospitalar (CTH ABINT) elaborou e disponibiliza Guias para as normas <\/span><a href=\"https:\/\/www.abint.org.br\/informacao\/outros\/guia-cth-abint-para-a-norma-abnt-nbr-15052-2021\" style=\"color:blue; text-decoration:underline\"><span style=\"font-size:14.0pt\">ABNT NBR 15052<\/span><\/a><span style=\"font-size:14.0pt\">, <\/span><a href=\"https:\/\/www.abint.org.br\/informacao\/outros\/guia-cth-abint-para-a-norma-abnt-nbr-16064-2022\" style=\"color:blue; text-decoration:underline\"><span style=\"font-size:14.0pt\">ABNT NBR 16064<\/span><\/a><span style=\"font-size:14.0pt\"> e <\/span><a href=\"https:\/\/www.abint.org.br\/informacao\/outros\/guia-cth-abint-para-a-norma-abnt-nbr-16693-2022\" style=\"color:blue; text-decoration:underline\"><span style=\"font-size:14.0pt\">ABNT NBR 16693<\/span><\/a><span style=\"font-size:14.0pt\">.<\/span><\/span><\/span><\/span><\/p>\r\n\r\n<p style=\"text-align:justify\">&nbsp;<\/p>\r\n\r\n<p style=\"text-align:justify\"><span style=\"font-size:11pt\"><span style=\"line-height:normal\"><span style=\"font-family:Calibri,sans-serif\"><b><span style=\"font-size:14.0pt\">O que vem por a&iacute;<\/span><\/b><\/span><\/span><\/span><\/p>\r\n\r\n<p style=\"text-align:justify\"><img src=\"https:\/\/www.abint.org.br\/assets\/img\/editor\/abint-logo-2020-p_20230919175309AQvjam0BUC.png\" \/><\/p>\r\n\r\n<p style=\"text-align:justify\"><span style=\"font-size:11pt\"><span style=\"line-height:normal\"><span style=\"font-family:Calibri,sans-serif\"><span style=\"font-size:14.0pt\">Tendo em vista um dos objetivos, &ldquo;representar e defender os interesses m&uacute;tuos das ind&uacute;strias de n&atilde;otecidos e\/ou tecidos t&eacute;cnicos&rdquo;, a ABINT manifestar-se-&aacute; contr&aacute;ria &agrave; avalia&ccedil;&atilde;o de retomada de cobran&ccedil;a de direito antidumping sobre as importa&ccedil;&otilde;es brasileiras de resina de polipropileno (NCM 3902.10.20 e 3902.30.00) com origem nos Estados Unidos, conforme <\/span><a href=\"https:\/\/www.in.gov.br\/en\/web\/dou\/-\/circular-n-38-de-6-de-setembro-de-2023-508635301\" style=\"color:blue; text-decoration:underline\"><span style=\"font-size:14.0pt\"><span style=\"color:blue\">Circular SECEX n&ordm; 38<\/span><\/span><\/a><span style=\"font-size:14.0pt\">, publicada no Di&aacute;rio Oficial da Uni&atilde;o em 11\/09\/2023.<\/span><\/span><\/span><\/span><\/p>\r\n\r\n<p style=\"text-align:justify\">&nbsp;<\/p>\r\n\r\n<p style=\"text-align:justify\"><span style=\"font-size:11pt\"><span style=\"line-height:normal\"><span style=\"font-family:Calibri,sans-serif\"><span style=\"font-size:14.0pt\"><img src=\"https:\/\/www.abint.org.br\/assets\/img\/editor\/usp-sao-carlos-sec-2023-post-palestra_20230919175502Ud8Xz3xXlL.jpeg\" style=\"width: 500px; height: 500px;\" \/><\/span><\/span><\/span><\/span><\/p>\r\n\r\n<p style=\"text-align:justify\"><span style=\"font-size:11pt\"><span style=\"line-height:normal\"><span style=\"font-family:Calibri,sans-serif\"><span style=\"font-size:14.0pt\">O <\/span><b><span style=\"font-size:14.0pt\">Prof. Rafael Pl&aacute;cido<\/span><\/b><span style=\"font-size:14.0pt\"> realizar&aacute;, em nome do <b>CTG ABINT<\/b>, a palestra &ldquo;<b>Geossint&eacute;ticos na Pr&aacute;tica: Propriedades<\/b>, Fun&ccedil;&otilde;es e Aplica&ccedil;&otilde;es&rdquo;, no <b>dia 21 de setembro, &agrave;s 14h, durante da Semana de Engenharia USP S&atilde;o Carlos<\/b>.<b> <\/b>O evento ter&aacute; transmiss&atilde;o pelo canal<b> <\/b><\/span><a href=\"https:\/\/www.youtube.com\/channel\/UCSMUSasRGeKO7Hy3QAY_MFg\" style=\"color:blue; text-decoration:underline\"><b><span style=\"font-size:14.0pt\">SEC EESC USP<\/span><\/b><\/a><b><span style=\"font-size:14.0pt\"> no YouTube.<\/span><\/b><\/span><\/span><\/span><\/p>\r\n\r\n<p style=\"text-align:justify\"><span style=\"font-size:11pt\"><span style=\"line-height:normal\"><span style=\"font-family:Calibri,sans-serif\"><b><span style=\"font-size:14.0pt\"><img src=\"https:\/\/www.abint.org.br\/assets\/img\/editor\/post-quadrado-curso-naotecido_20230919175651Cw2y3dap5p.jpg\" style=\"width: 500px; height: 500px;\" \/><\/span><\/b><\/span><\/span><\/span><\/p>\r\n\r\n<p style=\"text-align:justify\"><span style=\"font-size:11pt\"><span style=\"line-height:normal\"><span style=\"font-family:Calibri,sans-serif\"><a href=\"https:\/\/forms.gle\/E5bZXpiNh7wZ9kcQ6\" style=\"color:blue; text-decoration:underline\"><b><span style=\"font-size:14.0pt\">Informa&ccedil;&otilde;es e inscri&ccedil;&otilde;es<\/span><\/b><\/a><\/span><\/span><\/span><\/p>\r\n\r\n<p style=\"text-align:justify\">&nbsp;<\/p>\r\n\r\n<p style=\"text-align:justify\"><span style=\"font-size:11pt\"><span style=\"line-height:normal\"><span style=\"font-family:Calibri,sans-serif\"><b><span style=\"font-size:14.0pt\"><img src=\"https:\/\/www.abint.org.br\/assets\/img\/editor\/post-quadrado-curso-naotecidos-americana_20230919175746NvKCw9khJL.jpg\" style=\"width: 500px; height: 500px;\" \/><\/span><\/b><\/span><\/span><\/span><\/p>\r\n\r\n<p style=\"text-align:justify\"><span style=\"font-size:11pt\"><span style=\"line-height:normal\"><span style=\"font-family:Calibri,sans-serif\"><a href=\"https:\/\/forms.gle\/tWMzAkvmTkDCVNdy8\" style=\"color:blue; text-decoration:underline\"><b><span style=\"font-size:14.0pt\">Informa&ccedil;&otilde;es e inscri&ccedil;&otilde;es<\/span><\/b><\/a><\/span><\/span><\/span><\/p>\r\n\r\n<p style=\"text-align:justify\">&nbsp;<\/p>\r\n\r\n<p style=\"text-align:justify\"><span style=\"font-size:18px\"><span style=\"box-sizing:border-box\"><span style=\"line-height:1.5\"><span style=\"color:#313f48\"><span style=\"font-family:&quot;Roboto Condensed&quot;, Helvetica, Arial, sans-serif\"><span style=\"font-style:normal\"><span style=\"font-variant-ligatures:normal\"><span style=\"font-weight:400\"><span style=\"white-space:normal\"><span style=\"background-color:#ffffff\"><span style=\"text-decoration-thickness:initial\"><span style=\"text-decoration-style:initial\"><span style=\"text-decoration-color:initial\">&nbsp;<span style=\"font-size:18px\"><span style=\"box-sizing:border-box\"><span style=\"box-sizing:border-box\"><span style=\"box-sizing:border-box\"><span style=\"line-height:1.5\"><span style=\"box-sizing:border-box\"><span style=\"color:#313f48\"><span style=\"box-sizing:border-box\"><span style=\"font-family:&quot;Roboto Condensed&quot;, Helvetica, Arial, sans-serif\"><span style=\"box-sizing:border-box\"><span style=\"font-style:normal\"><span style=\"box-sizing:border-box\"><span style=\"font-variant-ligatures:normal\"><span style=\"box-sizing:border-box\"><span style=\"font-weight:400\"><span style=\"box-sizing:border-box\"><span style=\"white-space:normal\"><span style=\"box-sizing:border-box\"><span style=\"background-color:#ffffff\"><span style=\"box-sizing:border-box\"><span style=\"text-decoration-thickness:initial\"><span style=\"box-sizing:border-box\"><span style=\"text-decoration-style:initial\"><span style=\"box-sizing:border-box\"><span style=\"text-decoration-color:initial\"><span style=\"font-size:18px\"><span style=\"box-sizing:border-box\"><span style=\"box-sizing:border-box\"><span style=\"box-sizing:border-box\"><span style=\"box-sizing:border-box\"><span style=\"box-sizing:border-box\"><span style=\"line-height:1.5\"><span style=\"box-sizing:border-box\"><span style=\"box-sizing:border-box\"><span style=\"color:#313f48\"><span style=\"box-sizing:border-box\"><span style=\"box-sizing:border-box\"><span style=\"font-family:&quot;Roboto Condensed&quot;, Helvetica, Arial, sans-serif\"><span style=\"box-sizing:border-box\"><span style=\"box-sizing:border-box\"><span style=\"font-style:normal\"><span style=\"box-sizing:border-box\"><span style=\"box-sizing:border-box\"><span style=\"font-variant-ligatures:normal\"><span style=\"box-sizing:border-box\"><span style=\"box-sizing:border-box\"><span style=\"font-weight:400\"><span style=\"box-sizing:border-box\"><span style=\"box-sizing:border-box\"><span style=\"white-space:normal\"><span style=\"box-sizing:border-box\"><span style=\"box-sizing:border-box\"><span style=\"background-color:#ffffff\"><span style=\"box-sizing:border-box\"><span style=\"box-sizing:border-box\"><span style=\"text-decoration-thickness:initial\"><span style=\"box-sizing:border-box\"><span style=\"box-sizing:border-box\"><span style=\"text-decoration-style:initial\"><span style=\"box-sizing:border-box\"><span style=\"box-sizing:border-box\"><span style=\"text-decoration-color:initial\">&nbsp;<span style=\"font-size:18px\"><span style=\"box-sizing:border-box\"><span style=\"box-sizing:border-box\"><span style=\"box-sizing:border-box\"><span style=\"box-sizing:border-box\"><span style=\"box-sizing:border-box\"><span style=\"box-sizing:border-box\"><span style=\"box-sizing:border-box\"><span style=\"line-height:1.5\"><span style=\"box-sizing:border-box\"><span style=\"box-sizing:border-box\"><span style=\"box-sizing:border-box\"><span style=\"color:#313f48\"><span style=\"box-sizing:border-box\"><span style=\"box-sizing:border-box\"><span style=\"box-sizing:border-box\"><span style=\"font-family:&quot;Roboto Condensed&quot;, Helvetica, Arial, sans-serif\"><span style=\"box-sizing:border-box\"><span style=\"box-sizing:border-box\"><span style=\"box-sizing:border-box\"><span style=\"font-style:normal\"><span style=\"box-sizing:border-box\"><span style=\"box-sizing:border-box\"><span style=\"box-sizing:border-box\"><span style=\"font-variant-ligatures:normal\"><span style=\"box-sizing:border-box\"><span style=\"box-sizing:border-box\"><span style=\"box-sizing:border-box\"><span style=\"font-weight:400\"><span style=\"box-sizing:border-box\"><span style=\"box-sizing:border-box\"><span style=\"box-sizing:border-box\"><span style=\"white-space:normal\"><span style=\"box-sizing:border-box\"><span style=\"box-sizing:border-box\"><span style=\"box-sizing:border-box\"><span style=\"background-color:#ffffff\"><span style=\"box-sizing:border-box\"><span style=\"box-sizing:border-box\"><span style=\"box-sizing:border-box\"><span style=\"text-decoration-thickness:initial\"><span style=\"box-sizing:border-box\"><span style=\"box-sizing:border-box\"><span style=\"box-sizing:border-box\"><span style=\"text-decoration-style:initial\"><span style=\"box-sizing:border-box\"><span style=\"box-sizing:border-box\"><span style=\"box-sizing:border-box\"><span style=\"text-decoration-color:initial\"><span style=\"font-size:18px\"><span style=\"box-sizing:border-box\"><span style=\"box-sizing:border-box\"><span style=\"box-sizing:border-box\"><span style=\"box-sizing:border-box\"><span style=\"box-sizing:border-box\"><span style=\"box-sizing:border-box\"><span style=\"box-sizing:border-box\"><span style=\"box-sizing:border-box\"><span style=\"box-sizing:border-box\"><span style=\"line-height:1.5\"><span style=\"box-sizing:border-box\"><span style=\"box-sizing:border-box\"><span style=\"box-sizing:border-box\"><span style=\"box-sizing:border-box\"><span style=\"color:#313f48\"><span style=\"box-sizing:border-box\"><span style=\"box-sizing:border-box\"><span style=\"box-sizing:border-box\"><span style=\"box-sizing:border-box\"><span style=\"font-family:&quot;Roboto Condensed&quot;, Helvetica, Arial, sans-serif\"><span style=\"box-sizing:border-box\"><span style=\"box-sizing:border-box\"><span style=\"box-sizing:border-box\"><span style=\"box-sizing:border-box\"><span style=\"font-style:normal\"><span style=\"box-sizing:border-box\"><span style=\"box-sizing:border-box\"><span style=\"box-sizing:border-box\"><span style=\"box-sizing:border-box\"><span style=\"font-variant-ligatures:normal\"><span style=\"box-sizing:border-box\"><span style=\"box-sizing:border-box\"><span style=\"box-sizing:border-box\"><span style=\"box-sizing:border-box\"><span style=\"font-weight:400\"><span style=\"box-sizing:border-box\"><span style=\"box-sizing:border-box\"><span style=\"box-sizing:border-box\"><span style=\"box-sizing:border-box\"><span style=\"white-space:normal\"><span style=\"box-sizing:border-box\"><span style=\"box-sizing:border-box\"><span style=\"box-sizing:border-box\"><span style=\"box-sizing:border-box\"><span style=\"background-color:#ffffff\"><span style=\"box-sizing:border-box\"><span style=\"box-sizing:border-box\"><span style=\"box-sizing:border-box\"><span style=\"box-sizing:border-box\"><span style=\"text-decoration-thickness:initial\"><span style=\"box-sizing:border-box\"><span style=\"box-sizing:border-box\"><span style=\"box-sizing:border-box\"><span style=\"box-sizing:border-box\"><span style=\"text-decoration-style:initial\"><span style=\"box-sizing:border-box\"><span style=\"box-sizing:border-box\"><span style=\"box-sizing:border-box\"><span style=\"box-sizing:border-box\"><span style=\"text-decoration-color:initial\"><span style=\"font-size:11pt\"><span style=\"box-sizing:border-box\"><span style=\"box-sizing:border-box\"><span style=\"box-sizing:border-box\"><span style=\"box-sizing:border-box\"><span style=\"box-sizing:border-box\"><span style=\"box-sizing:border-box\"><span style=\"box-sizing:border-box\"><span style=\"box-sizing:border-box\"><span style=\"box-sizing:border-box\"><span style=\"box-sizing:border-box\"><span style=\"line-height:16.8667px\"><span style=\"box-sizing:border-box\"><span style=\"box-sizing:border-box\"><span style=\"box-sizing:border-box\"><span style=\"box-sizing:border-box\"><span style=\"box-sizing:border-box\"><span style=\"font-family:Calibri, sans-serif\"><b style=\"box-sizing:border-box; font-weight:bolder\"><span style=\"font-size:14pt\"><span style=\"box-sizing:border-box\"><span style=\"box-sizing:border-box\"><span style=\"box-sizing:border-box\"><span style=\"box-sizing:border-box\"><span style=\"box-sizing:border-box\"><span style=\"box-sizing:border-box\"><span style=\"box-sizing:border-box\"><span style=\"box-sizing:border-box\"><span style=\"box-sizing:border-box\"><span style=\"box-sizing:border-box\"><span style=\"line-height:21.4667px\"><span style=\"box-sizing:border-box\"><span style=\"box-sizing:border-box\"><span style=\"box-sizing:border-box\"><span style=\"box-sizing:border-box\"><span style=\"box-sizing:border-box\"><span style=\"color:blue\"><img src=\"https:\/\/www.abint.org.br\/assets\/img\/editor\/congresso-internacional-abit-2023_202308151414212LkdNBSzdA.png\" style=\"box-sizing:border-box; border-style:none; width:500px; height:442px\" \/><\/span><\/span><\/span><\/span><\/span><\/span><\/span><\/span><\/span><\/span><\/span><\/span><\/span><\/span><\/span><\/span><\/span><\/span><\/b><\/span><\/span><\/span><\/span><\/span><\/span><\/span><\/span><\/span><\/span><\/span><\/span><\/span><\/span><\/span><\/span><\/span><\/span><\/span><\/span><\/span><\/span><\/span><\/span><\/span><\/span><\/span><\/span><\/span><\/span><\/span><\/span><\/span><\/span><\/span><\/span><\/span><\/span><\/span><\/span><\/span><\/span><\/span><\/span><\/span><\/span><\/span><\/span><\/span><\/span><\/span><\/span><\/span><\/span><\/span><\/span><\/span><\/span><\/span><\/span><\/span><\/span><\/span><\/span><\/span><\/span><\/span><\/span><\/span><\/span><\/span><\/span><\/span><\/span><\/span><\/span><\/span><\/span><\/span><\/span><\/span><\/span><\/span><\/span><\/span><\/span><\/span><\/span><\/span><\/span><\/span><\/span><\/span><\/span><\/span><\/span><\/span><\/span><\/span><\/span><\/span><\/span><\/span><\/span><\/span><\/span><\/span><\/span><\/span><\/span><\/span><\/span><\/span><\/span><\/span><\/span><\/span><\/span><\/span><\/span><\/span><\/span><\/span><\/span><\/span><\/span><\/span><\/span><\/span><\/span><\/span><\/span><\/span><\/span><\/span><\/span><\/span><\/span><\/span><\/span><\/span><\/span><\/span><\/span><\/span><\/span><\/span><\/span><\/span><\/span><\/span><\/span><\/span><\/span><\/span><\/span><\/span><\/span><\/span><\/span><\/span><\/span><\/span><\/span><\/span><\/span><\/span><\/span><\/span><\/span><\/span><\/span><\/span><\/span><\/span><\/span><\/span><\/span><\/span><\/span><\/span><\/span><\/span><\/span><\/span><\/span><\/span><\/span><\/span><\/span><\/span><\/span><\/span><\/span><\/span><\/span><\/span><\/span><\/span><\/span><\/span><\/span><\/span><\/p>\r\n\r\n<p style=\"text-align:justify; margin-bottom:20px\"><span style=\"font-size:18px\"><span style=\"box-sizing:border-box\"><span style=\"line-height:1.5\"><span style=\"color:#313f48\"><span style=\"font-family:&quot;Roboto Condensed&quot;, Helvetica, Arial, sans-serif\"><span style=\"font-style:normal\"><span style=\"font-variant-ligatures:normal\"><span style=\"font-weight:400\"><span style=\"white-space:normal\"><span style=\"background-color:#ffffff\"><span style=\"text-decoration-thickness:initial\"><span style=\"text-decoration-style:initial\"><span style=\"text-decoration-color:initial\"><span style=\"font-size:18px\"><span style=\"box-sizing:border-box\"><span style=\"box-sizing:border-box\"><span style=\"box-sizing:border-box\"><span style=\"line-height:1.5\"><span style=\"box-sizing:border-box\"><span style=\"color:#313f48\"><span style=\"box-sizing:border-box\"><span style=\"font-family:&quot;Roboto Condensed&quot;, Helvetica, Arial, sans-serif\"><span style=\"box-sizing:border-box\"><span style=\"font-style:normal\"><span style=\"box-sizing:border-box\"><span style=\"font-variant-ligatures:normal\"><span style=\"box-sizing:border-box\"><span style=\"font-weight:400\"><span style=\"box-sizing:border-box\"><span style=\"white-space:normal\"><span style=\"box-sizing:border-box\"><span style=\"background-color:#ffffff\"><span style=\"box-sizing:border-box\"><span style=\"text-decoration-thickness:initial\"><span style=\"box-sizing:border-box\"><span style=\"text-decoration-style:initial\"><span style=\"box-sizing:border-box\"><span style=\"text-decoration-color:initial\"><span style=\"font-size:18px\"><span style=\"box-sizing:border-box\"><span style=\"box-sizing:border-box\"><span style=\"box-sizing:border-box\"><span style=\"box-sizing:border-box\"><span style=\"box-sizing:border-box\"><span style=\"line-height:1.5\"><span style=\"box-sizing:border-box\"><span style=\"box-sizing:border-box\"><span style=\"color:#313f48\"><span style=\"box-sizing:border-box\"><span style=\"box-sizing:border-box\"><span style=\"font-family:&quot;Roboto Condensed&quot;, Helvetica, Arial, sans-serif\"><span style=\"box-sizing:border-box\"><span style=\"box-sizing:border-box\"><span style=\"font-style:normal\"><span style=\"box-sizing:border-box\"><span style=\"box-sizing:border-box\"><span style=\"font-variant-ligatures:normal\"><span style=\"box-sizing:border-box\"><span style=\"box-sizing:border-box\"><span style=\"font-weight:400\"><span style=\"box-sizing:border-box\"><span style=\"box-sizing:border-box\"><span style=\"white-space:normal\"><span style=\"box-sizing:border-box\"><span style=\"box-sizing:border-box\"><span style=\"background-color:#ffffff\"><span style=\"box-sizing:border-box\"><span style=\"box-sizing:border-box\"><span style=\"text-decoration-thickness:initial\"><span style=\"box-sizing:border-box\"><span style=\"box-sizing:border-box\"><span style=\"text-decoration-style:initial\"><span style=\"box-sizing:border-box\"><span style=\"box-sizing:border-box\"><span style=\"text-decoration-color:initial\"><span style=\"font-size:18px\"><span style=\"box-sizing:border-box\"><span style=\"box-sizing:border-box\"><span style=\"box-sizing:border-box\"><span style=\"box-sizing:border-box\"><span style=\"box-sizing:border-box\"><span style=\"box-sizing:border-box\"><span style=\"box-sizing:border-box\"><span style=\"line-height:1.5\"><span style=\"box-sizing:border-box\"><span style=\"box-sizing:border-box\"><span style=\"box-sizing:border-box\"><span style=\"color:#313f48\"><span style=\"box-sizing:border-box\"><span style=\"box-sizing:border-box\"><span style=\"box-sizing:border-box\"><span style=\"font-family:&quot;Roboto Condensed&quot;, Helvetica, Arial, sans-serif\"><span style=\"box-sizing:border-box\"><span style=\"box-sizing:border-box\"><span style=\"box-sizing:border-box\"><span style=\"font-style:normal\"><span style=\"box-sizing:border-box\"><span style=\"box-sizing:border-box\"><span style=\"box-sizing:border-box\"><span style=\"font-variant-ligatures:normal\"><span style=\"box-sizing:border-box\"><span style=\"box-sizing:border-box\"><span style=\"box-sizing:border-box\"><span style=\"font-weight:400\"><span style=\"box-sizing:border-box\"><span style=\"box-sizing:border-box\"><span style=\"box-sizing:border-box\"><span style=\"white-space:normal\"><span style=\"box-sizing:border-box\"><span style=\"box-sizing:border-box\"><span style=\"box-sizing:border-box\"><span style=\"background-color:#ffffff\"><span style=\"box-sizing:border-box\"><span style=\"box-sizing:border-box\"><span style=\"box-sizing:border-box\"><span style=\"text-decoration-thickness:initial\"><span style=\"box-sizing:border-box\"><span style=\"box-sizing:border-box\"><span style=\"box-sizing:border-box\"><span style=\"text-decoration-style:initial\"><span style=\"box-sizing:border-box\"><span style=\"box-sizing:border-box\"><span style=\"box-sizing:border-box\"><span style=\"text-decoration-color:initial\"><span style=\"font-size:18px\"><span style=\"box-sizing:border-box\"><span style=\"box-sizing:border-box\"><span style=\"box-sizing:border-box\"><span style=\"box-sizing:border-box\"><span style=\"box-sizing:border-box\"><span style=\"box-sizing:border-box\"><span style=\"box-sizing:border-box\"><span style=\"box-sizing:border-box\"><span style=\"box-sizing:border-box\"><span style=\"line-height:1.5\"><span style=\"box-sizing:border-box\"><span style=\"box-sizing:border-box\"><span style=\"box-sizing:border-box\"><span style=\"box-sizing:border-box\"><span style=\"color:#313f48\"><span style=\"box-sizing:border-box\"><span style=\"box-sizing:border-box\"><span style=\"box-sizing:border-box\"><span style=\"box-sizing:border-box\"><span style=\"font-family:&quot;Roboto Condensed&quot;, Helvetica, Arial, sans-serif\"><span style=\"box-sizing:border-box\"><span style=\"box-sizing:border-box\"><span style=\"box-sizing:border-box\"><span style=\"box-sizing:border-box\"><span style=\"font-style:normal\"><span style=\"box-sizing:border-box\"><span style=\"box-sizing:border-box\"><span style=\"box-sizing:border-box\"><span style=\"box-sizing:border-box\"><span style=\"font-variant-ligatures:normal\"><span style=\"box-sizing:border-box\"><span style=\"box-sizing:border-box\"><span style=\"box-sizing:border-box\"><span style=\"box-sizing:border-box\"><span style=\"font-weight:400\"><span style=\"box-sizing:border-box\"><span style=\"box-sizing:border-box\"><span style=\"box-sizing:border-box\"><span style=\"box-sizing:border-box\"><span style=\"white-space:normal\"><span style=\"box-sizing:border-box\"><span style=\"box-sizing:border-box\"><span style=\"box-sizing:border-box\"><span style=\"box-sizing:border-box\"><span style=\"background-color:#ffffff\"><span style=\"box-sizing:border-box\"><span style=\"box-sizing:border-box\"><span style=\"box-sizing:border-box\"><span style=\"box-sizing:border-box\"><span style=\"text-decoration-thickness:initial\"><span style=\"box-sizing:border-box\"><span style=\"box-sizing:border-box\"><span style=\"box-sizing:border-box\"><span style=\"box-sizing:border-box\"><span style=\"text-decoration-style:initial\"><span style=\"box-sizing:border-box\"><span style=\"box-sizing:border-box\"><span style=\"box-sizing:border-box\"><span style=\"box-sizing:border-box\"><span style=\"text-decoration-color:initial\"><span style=\"font-size:11pt\"><span style=\"box-sizing:border-box\"><span style=\"box-sizing:border-box\"><span style=\"box-sizing:border-box\"><span style=\"box-sizing:border-box\"><span style=\"box-sizing:border-box\"><span style=\"box-sizing:border-box\"><span style=\"box-sizing:border-box\"><span style=\"box-sizing:border-box\"><span style=\"box-sizing:border-box\"><span style=\"box-sizing:border-box\"><span style=\"line-height:normal\"><span style=\"box-sizing:border-box\"><span style=\"box-sizing:border-box\"><span style=\"box-sizing:border-box\"><span style=\"box-sizing:border-box\"><span style=\"box-sizing:border-box\"><span style=\"font-family:Calibri, sans-serif\"><b style=\"box-sizing:border-box; font-weight:bolder\"><span style=\"font-size:14pt\"><span style=\"box-sizing:border-box\"><span style=\"box-sizing:border-box\"><span style=\"box-sizing:border-box\"><span style=\"box-sizing:border-box\"><span style=\"box-sizing:border-box\">A ABINT &eacute; uma das patrocinadoras do Congresso Internacional ABIT 2023,&nbsp;<\/span><\/span><\/span><\/span><\/span><\/span><\/b><span style=\"font-size:14pt\"><span style=\"box-sizing:border-box\"><span style=\"box-sizing:border-box\"><span style=\"box-sizing:border-box\"><span style=\"box-sizing:border-box\"><span style=\"box-sizing:border-box\">que ocorrer&aacute;<b style=\"box-sizing:border-box; font-weight:bolder\">&nbsp;dias 08 e 09 de novembro, na FIESC, Florian&oacute;polis, SC.&nbsp;<\/b><\/span><\/span><\/span><\/span><\/span><\/span><\/span><\/span><\/span><\/span><\/span><\/span><\/span><\/span><\/span><\/span><\/span><\/span><span style=\"box-sizing:border-box\"><span style=\"box-sizing:border-box\"><span style=\"box-sizing:border-box\"><span style=\"box-sizing:border-box\"><span style=\"box-sizing:border-box\"><span style=\"line-height:16.8667px\"><span style=\"box-sizing:border-box\"><span style=\"box-sizing:border-box\"><span style=\"box-sizing:border-box\"><span style=\"box-sizing:border-box\"><span style=\"box-sizing:border-box\"><span style=\"font-family:Calibri, sans-serif\"><a href=\"https:\/\/t.rdsv1.net\/ls\/click?upn=LFSWB5boDXSqxt4eHgA5r3YUv3HG6yY4XTXT-2BpjEpFmt56yR61Gu09ER-2Bq95-2FgFAbN46ClwLMWPZzveVybfat1CKHOKhUUtOIVaFgsR5U28dlEKVouFrV1iSMaKnlWHCANmwKiZ4x1Oy9BDRL5tuTGPXgO91zEc1uo-2FbtPYQFm3y4fMGnbuiV3FEKs9g9uy1l2sL_iW8zc4KBvTUX2z9kws1M6pjQI9DpNNh-2Fk6fgMN4DbaFx-2BL1o5swSv2HtiLB2iGFhqxZ0654f80VOIjakRycDjcrdu1MF6BdTRc4d4wYs0wcxXXPsRygypvnzeOAhjjgiEkGX1jMsv1FD9IiN0mt5TiPA-2F-2FcYbMJqgkOyyeRxcI4izBTlMz4tYAchHCwHneJZvJXH0y9HeVp67XkJynQGH21X32t2y1CeSaYEq0zVO-2BnyLK4mDGipKkH-2FZQCwU2MKfdHIIgVMZzvyz5G5cXFeOFC58YiNyn2cnMPO14gymNMfyWFH-2BHHlC3b47l7V1Qmqxs4es-2BeyjBwNpbTVF3mKTVfvVN8KGLr0cqLDBhDLHrW7KPcTfpWgS5gfvWdAKEPOEmZKoo4k2kAi0PFh6jxFYAV2tXcAZfbY2kx8RXrY81D1SMCEBW0alhXBRKfUMvljxKCVojmlXya75YoxeWm0PKiSpaikvnyQHb1SYVAvooBBGQr8kVTT7gfi2jpYOB7Yz3v8ovwiOQwMF4kMzI4BGg58Stg7NIyaStQsDmhOsSp6GMNA3SG1UPw-2Fljh3rhjS-2BFt0EiGPe9cI33b9n1X0Y0ud-2BOFmeXkp5V9mMyq0eViPM4g6fXMuiRQFG1Lhn1lb5TsAtW9vCVxHdYrOB-2F6cV4-2FiOK5JwicsxDApwdvwvys-3D\" style=\"box-sizing:border-box; text-decoration:underline; color:blue; transition:color 0.3s ease 0s; outline-width:0px\"><span style=\"font-size:14pt\"><span style=\"box-sizing:border-box\"><span style=\"box-sizing:border-box\"><span style=\"box-sizing:border-box\"><span style=\"box-sizing:border-box\"><span style=\"box-sizing:border-box\"><span style=\"box-sizing:border-box\"><span style=\"box-sizing:border-box\"><span style=\"box-sizing:border-box\"><span style=\"box-sizing:border-box\"><span style=\"box-sizing:border-box\"><span style=\"line-height:21.4667px\">Informa&ccedil;&otilde;es<\/span><\/span><\/span><\/span><\/span><\/span><\/span><\/span><\/span><\/span><\/span><\/span><\/a><\/span><\/span><\/span><\/span><\/span><\/span><\/span><\/span><\/span><\/span><\/span><\/span><\/span><\/span><\/span><\/span><\/span><\/span><\/span><\/span><\/span><\/span><\/span><\/span><\/span><\/span><\/span><\/span><\/span><\/span><\/span><\/span><\/span><\/span><\/span><\/span><\/span><\/span><\/span><\/span><\/span><\/span><\/span><\/span><\/span><\/span><\/span><\/span><\/span><\/span><\/span><\/span><\/span><\/span><\/span><\/span><\/span><\/span><\/span><\/span><\/span><\/span><\/span><\/span><\/span><\/span><\/span><\/span><\/span><\/span><\/span><\/span><\/span><\/span><\/span><\/span><\/span><\/span><\/span><\/span><\/span><\/span><\/span><\/span><\/span><\/span><\/span><\/span><\/span><\/span><\/span><\/span><\/span><\/span><\/span><\/span><\/span><\/span><\/span><\/span><\/span><\/span><\/span><\/span><\/span><\/span><\/span><\/span><\/span><\/span><\/span><\/span><\/span><\/span><\/span><\/span><\/span><\/span><\/span><\/span><\/span><\/span><\/span><\/span><\/span><\/span><\/span><\/span><\/span><\/span><\/span><\/span><\/span><\/span><\/span><\/span><\/span><\/span><\/span><\/span><\/span><\/span><\/span><\/span><\/span><\/span><\/span><\/span><\/span><\/span><\/span><\/span><\/span><\/span><\/span><\/span><\/span><\/span><\/span><\/span><\/span><\/span><\/span><\/span><\/span><\/span><\/span><\/span><\/span><\/span><\/span><\/span><\/span><\/span><\/span><\/span><\/span><\/span><\/span><\/span><\/span><\/span><\/span><\/span><\/span><\/span><\/span><\/span><\/span><\/span><\/span><\/span><\/span><\/span><\/span><\/span><\/span><\/span><\/span><\/span><\/span><\/span><\/span><\/p>\r\n\r\n<p style=\"text-align:justify; margin-bottom:20px\"><span style=\"font-size:18px\"><span style=\"box-sizing:border-box\"><span style=\"line-height:1.5\"><span style=\"color:#313f48\"><span style=\"font-family:&quot;Roboto Condensed&quot;, Helvetica, Arial, sans-serif\"><span style=\"font-style:normal\"><span style=\"font-variant-ligatures:normal\"><span style=\"font-weight:400\"><span style=\"white-space:normal\"><span style=\"background-color:#ffffff\"><span style=\"text-decoration-thickness:initial\"><span style=\"text-decoration-style:initial\"><span style=\"text-decoration-color:initial\">&nbsp;<\/span><\/span><\/span><\/span><\/span><\/span><\/span><\/span><\/span><\/span><\/span><\/span><\/span><span style=\"font-size:11pt\"><span style=\"line-height:normal\"><span style=\"font-family:Calibri,sans-serif\"><b><span style=\"font-size:18.0pt\"><span style=\"font-variant:small-caps\">Eventos<\/span><\/span><\/b><\/span><\/span><\/span><\/p>\r\n\r\n<p style=\"text-align:justify\"><span style=\"font-size:11pt\"><span style=\"line-height:normal\"><span style=\"font-family:Calibri,sans-serif\"><b><span style=\"font-size:14.0pt\">Workshop Abit | O Seguro como Prote&ccedil;&atilde;o &agrave;s Perdas Patrimoniais<\/span><\/b><span style=\"font-size:14.0pt\">, 19 de setembro de 2023, 09h30 &agrave;s 11h00. <\/span><a href=\"https:\/\/produtos.institutoabit.org.br\/prod\/b43a9ccc-dcf2-40d2-af32-7b0273ceebce?utm_campaign=convite_workshop_seguranca_patrimonial_2809&amp;utm_medium=email&amp;utm_source=RD+Station\" style=\"color:blue; text-decoration:underline\"><span style=\"font-size:14.0pt\">Informa&ccedil;&otilde;es<\/span><\/a> <\/span><\/span><\/span><\/p>\r\n\r\n<p style=\"text-align:justify\"><span style=\"font-size:11pt\"><span style=\"line-height:normal\"><span style=\"font-family:Calibri,sans-serif\"><b><span style=\"font-size:14.0pt\">Abiplast\/Sindiplast &amp; Pl&aacute;sticos em Revista | 13&ordm; Semin&aacute;rio Competitividade<\/span><\/b><span style=\"font-size:14.0pt\">, 19 de setembro de 2023, Hotel Meli&aacute;, Av. Paulista, 2181. <\/span><a href=\"https:\/\/plasticosemrevista.com.br\/competitividade-2023-inscricao\/\" style=\"color:blue; text-decoration:underline\"><span style=\"font-size:14.0pt\">Informa&ccedil;&otilde;es<\/span><\/a> <\/span><\/span><\/span><\/p>\r\n\r\n<p style=\"text-align:justify\"><span style=\"font-size:11pt\"><span style=\"line-height:normal\"><span style=\"font-family:Calibri,sans-serif\"><b><span style=\"font-size:14.0pt\">NasceCME | Conale 2023 - 5&ordf; Edi&ccedil;&atilde;o: Multici&ecirc;ncia e o Estado da Arte nos Processos de Limpeza e Esteriliza&ccedil;&atilde;o<\/span><\/b><span style=\"font-size:14.0pt\">, 23 e 24 de setembro, evento online. <\/span><a href=\"http:\/\/nascecme.com.br\/programa-conale-2023\/\" style=\"color:blue; text-decoration:underline\"><span style=\"font-size:14.0pt\">Programa&ccedil;&atilde;o<\/span><\/a> <\/span><\/span><\/span><\/p>\r\n\r\n<p style=\"text-align:justify\"><span style=\"font-size:11pt\"><span style=\"line-height:normal\"><span style=\"font-family:Calibri,sans-serif\"><b><span style=\"font-size:14.0pt\">Workshop | Log&iacute;stica Reversa de Embalagens no Setor T&amp;C<\/span><\/b><span style=\"font-size:14.0pt\">, 26 de setembro de 2023, 09h30 &agrave;s 11h30. <\/span><a href=\"https:\/\/produtos.institutoabit.org.br\/prod\/166335dc-c12f-4e44-8639-9f6c3263c509?utm_campaign=workshop_logistica_reversa&amp;utm_medium=email&amp;utm_source=RD+Station\" style=\"color:blue; text-decoration:underline\"><span style=\"font-size:14.0pt\">Inscri&ccedil;&otilde;es<\/span><\/a> <\/span><\/span><\/span><\/p>\r\n\r\n<p style=\"text-align:justify\"><span style=\"font-size:11pt\"><span style=\"line-height:normal\"><span style=\"font-family:Calibri,sans-serif\"><b><span style=\"font-size:14.0pt\">CNI\/ SEBRAE | 10&ordm; Congresso Internacional da Inova&ccedil;&atilde;o da Ind&uacute;stria<\/span><\/b><span style=\"font-size:14.0pt\">, 27 e 28 de setembro de 2023, S&atilde;o Paulo Expo.<\/span> <a href=\"https:\/\/www.congressodeinovacao.com.br\/?utm_source=comext&amp;utm_medium=email&amp;utm_campaign=eventos&amp;utm_content=id00053#msdynttrid=gg5jXwSFR7qM4vHH2tKGau3cTwSFDneTjMUhrcPg7vE\" style=\"color:blue; text-decoration:underline\"><span style=\"font-size:14.0pt\">Informa&ccedil;&otilde;es<\/span><\/a> <\/span><\/span><\/span><\/p>\r\n\r\n<p style=\"text-align:justify\"><span style=\"font-size:11pt\"><span style=\"line-height:normal\"><span style=\"font-family:Calibri,sans-serif\"><b><span style=\"font-size:14.0pt\">Reforma Tribut&aacute;ria no Brasil e o Impacto no Com&eacute;rcio Bilateral<\/span><\/b><span style=\"font-size:14.0pt\">, 28 de setembro de 2023, 13h00 &agrave;s 15h00, evento online. <\/span><a href=\"https:\/\/app.rdstation.email\/mail\/233cef00-5faf-4110-8d07-c1c699c6b0b1?utm_campaign=caj__reforma_tributaria_no_brasil_e_o_impacto_no_comercio_bilateral_2809&amp;utm_medium=email&amp;utm_source=RD+Station\" style=\"color:blue; text-decoration:underline\"><span style=\"font-size:14.0pt\">Informa&ccedil;&otilde;es<\/span><\/a> <\/span><\/span><\/span><\/p>\r\n\r\n<p style=\"text-align:justify\"><span style=\"font-size:11pt\"><span style=\"line-height:normal\"><span style=\"font-family:Calibri,sans-serif\"><b><span style=\"font-size:14.0pt\">Apex | Webs&eacute;rie Direto do Mercado: Edi&ccedil;&atilde;o Chile<\/span><\/b><span style=\"font-size:14.0pt\">, 28 de setembro de 2023, 10h00 &agrave;s 11h50, evento online. <\/span><a href=\"https:\/\/7bd46367464f42938043bc2d987cb33f.marketingusercontent.com\/m\/view\/e86Fo4meIRwDytbiqQj4GyC59tOedxOfssOe3iXMWsAx#msdynttrid=AKqy7Xr7FhDI69kPU9AynieogfBoC2FMclE-afqrHps\" style=\"color:blue; text-decoration:underline\"><span style=\"font-size:14.0pt\">Informa&ccedil;&otilde;es<\/span><\/a> <\/span><\/span><\/span><\/p>\r\n\r\n<p style=\"text-align:justify\"><span style=\"font-size:11pt\"><span style=\"line-height:normal\"><span style=\"font-family:Calibri,sans-serif\"><b><span style=\"font-size:14.0pt\">WEBINAR: Revisiting ITMA 2023 &ndash; Groundbreaking innovations from buyers&rsquo; perspectives<\/span><\/b><span style=\"font-size:14.0pt\">, 5 October 2023, Thursday, 10:00 am CEST. <\/span><a href=\"https:\/\/itma.com\/itmaconnect\/events\/groundbreaking-innovations\" style=\"color:blue; text-decoration:underline\"><span style=\"font-size:14.0pt\">Informa&ccedil;&otilde;es<\/span><\/a> <\/span><\/span><\/span><\/p>\r\n\r\n<p style=\"text-align:justify\"><span style=\"font-size:11pt\"><span style=\"line-height:normal\"><span style=\"font-family:Calibri,sans-serif\"><b><span style=\"font-size:14.0pt\">FiltXPO&trade; 2023<\/span><\/b><span class=\"MsoHyperlink\" style=\"color:blue\"><span style=\"text-decoration:underline\"><span style=\"font-size:14.0pt\"><span style=\"text-decoration:none\"><span style=\"text-underline:none\">, <\/span><\/span><\/span><\/span><\/span><span style=\"font-size:14.0pt\">October 10-12, 2023 at Navy Pier in Chicago, Illinois<\/span><span class=\"MsoHyperlink\" style=\"color:blue\"><span style=\"text-decoration:underline\"><span style=\"font-size:14.0pt\"><span style=\"text-decoration:none\"><span style=\"text-underline:none\">. <\/span><\/span><\/span><\/span><\/span><a href=\"https:\/\/www.filtxpo.com\/\" style=\"color:blue; text-decoration:underline\"><span style=\"font-size:14.0pt\">Informa&ccedil;&otilde;es<\/span><\/a> <\/span><\/span><\/span><\/p>\r\n\r\n<p style=\"text-align:justify\"><span style=\"font-size:11pt\"><span style=\"line-height:normal\"><span style=\"font-family:Calibri,sans-serif\"><b><span style=\"font-size:14.0pt\">CONAHP 2023<\/span><\/b><span style=\"font-size:14.0pt\">, 18 e 19 de outubro, Transamerica Expo Center, S&atilde;o Paulo, SP. <\/span><a href=\"https:\/\/conahp.org.br\/2023\/\" style=\"color:blue; text-decoration:underline\"><span style=\"font-size:14.0pt\">Informa&ccedil;&otilde;es<\/span><\/a> <\/span><\/span><\/span><\/p>\r\n\r\n<p style=\"text-align:justify\"><span style=\"font-size:11pt\"><span style=\"line-height:normal\"><span style=\"font-family:Calibri,sans-serif\"><b><span style=\"font-size:14.0pt\">V Congreso Sudamericano de Composites, Poliuretano y Pl&aacute;sticos de Ingenier&iacute;a, <\/span><\/b><span style=\"font-size:14.0pt\">24 e 25 de outubro de 2023, Bogot&aacute;, Col&ocirc;mbia. <\/span><a href=\"http:\/\/www.congresosudamericano.com\/blog.html\" style=\"color:blue; text-decoration:underline\"><span style=\"font-size:14.0pt\">Informa&ccedil;&otilde;es<\/span><\/a> <\/span><\/span><\/span><\/p>\r\n\r\n<p style=\"text-align:justify\"><span style=\"font-size:11pt\"><span style=\"line-height:normal\"><span style=\"font-family:Calibri,sans-serif\"><b><span style=\"font-size:14.0pt\">FEIPLAR COMPOSITES &amp; FEIPUR | Pain&eacute;is Setoriais 2023<\/span><\/b><span style=\"font-size:14.0pt\">, 24, 25 e 26 de outubro de 2023. <\/span><a href=\"http:\/\/newsletter.feiplar.com.br\/accounts\/184158\/messages\/30?email=abint@abint.org.br&amp;c=1693235815&amp;contact_id=3458&amp;envelope_id=21\" style=\"color:blue; text-decoration:underline\"><span style=\"font-size:14.0pt\">Informa&ccedil;&otilde;es<\/span><\/a> <\/span><\/span><\/span><\/p>\r\n\r\n<p style=\"text-align:justify\"><span style=\"font-size:11pt\"><span style=\"line-height:normal\"><span style=\"font-family:Calibri,sans-serif\"><b><span style=\"font-size:14.0pt\">Abrafiltros | 2&ordm; Semin&aacute;rio Brasileiro de Filtros<\/span><\/b><span style=\"font-size:14.0pt\">, 08 de novembro de 2023. <\/span><a href=\"https:\/\/www.abrafiltros.org.br\/seminario\/\" style=\"color:blue; text-decoration:underline\"><span style=\"font-size:14.0pt\">Informa&ccedil;&otilde;es<\/span><\/a> <\/span><\/span><\/span><\/p>\r\n\r\n<p style=\"text-align:justify\"><span style=\"font-size:11pt\"><span style=\"line-height:normal\"><span style=\"font-family:Calibri,sans-serif\"><b><span style=\"font-size:14.0pt\">Industry CCUS 2023,<\/span><\/b> <span style=\"font-size:14.0pt\">29-30 November, Rotterdam, Netherlands.<\/span> <a href=\"https:\/\/fortesmedia.com\/industry-ccus-conference-2023,4,en,2,1,28.html#register\" style=\"color:blue; text-decoration:underline\"><span style=\"font-size:14.0pt\">Informa&ccedil;&otilde;es<\/span><\/a> <\/span><\/span><\/span><\/p>\r\n\r\n<p style=\"text-align:justify\"><span style=\"font-size:11pt\"><span style=\"line-height:normal\"><span style=\"font-family:Calibri,sans-serif\"><b><span style=\"font-size:14.0pt\">FEIPLAR COMPOSITES &amp; FEIPUR &ndash; Feira e Congresso Internacionais de Composites, Poliuretano, Pl&aacute;sticos de Engenharia e Compostos Termopl&aacute;sticos<\/span><\/b><span style=\"font-size:14.0pt\">, 20 a 22 de agosto de 2024, S&atilde;o Paulo Expo (Pavilh&atilde;o 5), palestras: das 8h30 &agrave;s 18h, feira: das 13h &agrave;s 20h.<b> <\/b><\/span><a href=\"http:\/\/www.feiplar.com\" style=\"color:blue; text-decoration:underline\"><span style=\"font-size:14.0pt\">www.feiplar.com<\/span><\/a> <\/span><\/span><\/span><\/p>\r\n\r\n<p style=\"text-align:justify\"><span style=\"font-size:28pt\"><span style=\"font-family:Cambria,serif\"><span style=\"letter-spacing:-0.5pt\"><b><span style=\"font-size:18.0pt\"><span style=\"font-family:&quot;Calibri&quot;,sans-serif\"><span style=\"font-variant:small-caps\">Setor<\/span><\/span><\/span><\/b><\/span><\/span><\/span><\/p>\r\n\r\n<p style=\"text-align:justify\"><span style=\"font-size:11pt\"><span style=\"line-height:normal\"><span style=\"font-family:Calibri,sans-serif\"><a href=\"https:\/\/www.saudemais.tv\/noticia\/46058-barreiro-hospital-barreiro-montijo-substitui-sacos-de-plastico-por-sacos-de-tecido-nao-tecido\" style=\"color:blue; text-decoration:underline\"><span style=\"font-size:14.0pt\">BARREIRO: Hospital Barreiro Montijo substitui sacos de pl&aacute;stico por sacos de tecido n&atilde;o tecido<\/span><\/a><\/span><\/span><\/span><\/p>\r\n\r\n<p style=\"text-align:justify\"><span style=\"font-size:11pt\"><span style=\"line-height:normal\"><span style=\"font-family:Calibri,sans-serif\"><a href=\"https:\/\/anba.com.br\/calcados-20-anos-de-evolucao-nos-embarques-aos-arabes\/\" style=\"color:blue; text-decoration:underline\"><span style=\"font-size:14.0pt\">Cal&ccedil;ados: 20 anos de evolu&ccedil;&atilde;o nos embarques aos &aacute;rabes<\/span><\/a><\/span><\/span><\/span><\/p>\r\n\r\n<p style=\"text-align:justify\"><span style=\"font-size:11pt\"><span style=\"line-height:normal\"><span style=\"font-family:Calibri,sans-serif\"><a href=\"https:\/\/plasticosemrevista.com.br\/mudancas-na-china-pioram-excedente-global-de-pead\/\" style=\"color:blue; text-decoration:underline\"><span style=\"font-size:14.0pt\">Mudan&ccedil;as na China pioram excedente global de PEAD<\/span><\/a><\/span><\/span><\/span><\/p>\r\n\r\n<p style=\"text-align:justify\"><span style=\"font-size:11pt\"><span style=\"line-height:normal\"><span style=\"font-family:Calibri,sans-serif\"><a href=\"https:\/\/blogdoplastico.wordpress.com\/2023\/09\/14\/braskem-anuncia-aquisicao-de-materia-prima-a-partir-de-residuos-plasticos-produzidos-por-empresa-dinamarquesa\/\" style=\"color:blue; text-decoration:underline\"><span style=\"font-size:14.0pt\">Braskem anuncia aquisi&ccedil;&atilde;o de mat&eacute;ria-prima a partir de res&iacute;duos pl&aacute;sticos produzidos por empresa&nbsp;dinamarquesa<\/span><\/a><\/span><\/span><\/span><\/p>\r\n\r\n<p style=\"text-align:justify\"><span style=\"font-size:28pt\"><span style=\"font-family:Cambria,serif\"><span style=\"letter-spacing:-0.5pt\"><b><span style=\"font-size:18.0pt\"><span style=\"font-family:&quot;Calibri&quot;,sans-serif\"><span style=\"font-variant:small-caps\">Ind&uacute;stria<\/span><\/span><\/span><\/b><\/span><\/span><\/span><\/p>\r\n\r\n<p style=\"text-align:justify\"><span style=\"font-size:11pt\"><span style=\"line-height:normal\"><span style=\"font-family:Calibri,sans-serif\"><a href=\"https:\/\/noticias.portaldaindustria.com.br\/noticias\/economia\/confianca-do-industrial-cai-em-setembro-e-interrompe-quatro-meses-de-avanco-afirma-cni\/\" style=\"color:blue; text-decoration:underline\"><span style=\"font-size:14.0pt\">Confian&ccedil;a do industrial cai em setembro e interrompe quatro meses de avan&ccedil;o, afirma CNI<\/span><\/a><\/span><\/span><\/span><\/p>\r\n\r\n<p style=\"text-align:justify\"><span style=\"font-size:11pt\"><span style=\"line-height:normal\"><span style=\"font-family:Calibri,sans-serif\"><a href=\"https:\/\/agenciadenoticias.ibge.gov.br\/agencia-noticias\/2012-agencia-de-noticias\/noticias\/37885-producao-industrial-recua-em-quatorze-dos-15-locais-pesquisados-em-julho-frente-a-junho\" style=\"color:blue; text-decoration:underline\"><span style=\"font-size:14.0pt\">Produ&ccedil;&atilde;o industrial recua em quatorze dos 15 locais pesquisados em julho frente a junho<\/span><\/a><\/span><\/span><\/span><\/p>\r\n\r\n<p style=\"text-align:justify\"><span style=\"font-size:11pt\"><span style=\"line-height:normal\"><span style=\"font-family:Calibri,sans-serif\"><a href=\"https:\/\/agenciadenoticias.ibge.gov.br\/agencia-sala-de-imprensa\/2013-agencia-de-noticias\/releases\/37862-em-agosto-indice-nacional-da-construcao-civil-e-de-0-18\" style=\"color:blue; text-decoration:underline\"><span style=\"font-size:14.0pt\">Em agosto, &Iacute;ndice Nacional da Constru&ccedil;&atilde;o Civil &eacute; de 0,18%<\/span><\/a><\/span><\/span><\/span><\/p>\r\n\r\n<p style=\"text-align:justify\"><span style=\"font-size:11pt\"><span style=\"line-height:normal\"><span style=\"font-family:Calibri,sans-serif\"><a href=\"https:\/\/grandesconstrucoes.com.br\/Noticias\/Exibir\/orcamento-preve-r-184-bi-para-ppps-de-infraestrutura-incluindo-rodovias-e-ferrovias?utm_source=akna&amp;utm_medium=email&amp;utm_campaign=Grandes-Construcoes-Informativo-879-14-09-2023&amp;utm_source=akna&amp;utm_medium=email&amp;utm_campaign=Grandes-Construcoes-Informativo-879-14-09-2023\" style=\"color:blue; text-decoration:underline\"><span style=\"font-size:14.0pt\">Or&ccedil;amento prev&ecirc; R$ 1,84 bi para PPPs de infraestrutura, incluindo rodovias e ferrovias<\/span><\/a><\/span><\/span><\/span><\/p>\r\n\r\n<p style=\"text-align:justify\"><span style=\"font-size:28pt\"><span style=\"font-family:Cambria,serif\"><span style=\"letter-spacing:-0.5pt\"><b><span style=\"font-size:18.0pt\"><span style=\"font-family:&quot;Calibri&quot;,sans-serif\"><span style=\"font-variant:small-caps\">Sustentabilidade<\/span><\/span><\/span><\/b><\/span><\/span><\/span><\/p>\r\n\r\n<p style=\"text-align:justify\"><span style=\"font-size:11pt\"><span style=\"line-height:normal\"><span style=\"font-family:Calibri,sans-serif\"><a href=\"https:\/\/blogdoplastico.wordpress.com\/2023\/09\/18\/estudo-do-picplast-indica-que-indice-de-reciclagem-mecanica-de-plasticos-atingiu-maior-patamar-desde-2018\/\" style=\"color:blue; text-decoration:underline\"><span style=\"font-size:14.0pt\">Estudo do PICPlast indica que &iacute;ndice de reciclagem mec&acirc;nica de pl&aacute;sticos atingiu maior patamar desde 2018<\/span><\/a><\/span><\/span><\/span><\/p>\r\n\r\n<p style=\"text-align:justify\"><span style=\"font-size:11pt\"><span style=\"line-height:normal\"><span style=\"font-family:Calibri,sans-serif\"><a href=\"https:\/\/noticias.portaldaindustria.com.br\/noticias\/sustentabilidade\/dialogo-pre-cop28-debate-papel-da-industria-brasileira-na-agenda-climatica\/\" style=\"color:blue; text-decoration:underline\"><span style=\"font-size:14.0pt\">Di&aacute;logo Pr&eacute;-COP28 debate papel da ind&uacute;stria brasileira na agenda clim&aacute;tica<\/span><\/a><\/span><\/span><\/span><\/p>\r\n\r\n<p style=\"text-align:justify\"><span style=\"font-size:11pt\"><span style=\"line-height:normal\"><span style=\"font-family:Calibri,sans-serif\"><a href=\"https:\/\/portugaltextil.com\/produtores-asiaticos-pedem-ajuda-para-cumprir-regras-da-ue\/?utm_term=Portugal+Textil+-+2023-09-13%3ADATEFORMAT%3Ad.m.Y&amp;utm_campaign=Portugal+Textil+FInal&amp;utm_source=e-goi&amp;utm_medium=email&amp;eg_sub=ef749a4dff&amp;eg_cam=652a90f7bbd2aa62b2f404c86fdd46fc&amp;eg_list=6\" style=\"color:blue; text-decoration:underline\"><span style=\"font-size:14.0pt\">Produtores asi&aacute;ticos pedem ajuda para cumprir regras da UE<\/span><\/a><\/span><\/span><\/span><\/p>\r\n\r\n<p style=\"text-align:justify\"><span style=\"font-size:11pt\"><span style=\"line-height:normal\"><span style=\"font-family:Calibri,sans-serif\"><a href=\"https:\/\/www.inovacaotecnologica.com.br\/noticias\/noticia.php?artigo=principais-plasticos-reciclados-armazenar-energia&amp;id=010125230914\" style=\"color:blue; text-decoration:underline\"><span style=\"font-size:14.0pt\">Principais pl&aacute;sticos podem ser reciclados para armazenar energia<\/span><\/a><\/span><\/span><\/span><\/p>\r\n\r\n<p style=\"text-align:justify\"><span style=\"font-size:28pt\"><span style=\"font-family:Cambria,serif\"><span style=\"letter-spacing:-0.5pt\"><b><span style=\"font-size:18.0pt\"><span style=\"font-family:&quot;Calibri&quot;,sans-serif\"><span style=\"font-variant:small-caps\">Inova&ccedil;&atilde;o<\/span><\/span><\/span><\/b><\/span><\/span><\/span><\/p>\r\n\r\n<p style=\"text-align:justify\"><span style=\"font-size:11pt\"><span style=\"line-height:normal\"><span style=\"font-family:Calibri,sans-serif\"><a href=\"https:\/\/heloisatolipan.com.br\/moda\/senai-cetiqt-pesquisa-de-biocorante-azul-feita-pelo-isi-e-a-enfase-a-sustentabilidade-para-industria-textil-e-cosmetica\/\" style=\"color:blue; text-decoration:underline\"><span style=\"font-size:14.0pt\">SENAI CETIQT: pesquisa de biocorante azul feita pelo ISI &eacute; a &ecirc;nfase &agrave; sustentabilidade para ind&uacute;stria t&ecirc;xtil e cosm&eacute;tica<\/span><\/a><\/span><\/span><\/span><\/p>\r\n\r\n<p style=\"text-align:justify\"><span style=\"font-size:11pt\"><span style=\"line-height:normal\"><span style=\"font-family:Calibri,sans-serif\"><a href=\"https:\/\/portugaltextil.com\/ataque-as-emissoes-de-carbono\/?utm_term=Portugal+Textil+-+2023-09-18%3ADATEFORMAT%3Ad.m.Y&amp;utm_campaign=Portugal+Textil+FInal&amp;utm_source=e-goi&amp;utm_medium=email&amp;eg_sub=ef749a4dff&amp;eg_cam=dbbb7c5676e151e3c6e5e046acb5a995&amp;eg_list=6\" style=\"color:blue; text-decoration:underline\"><span style=\"font-size:14.0pt\">Ataque &agrave;s emiss&otilde;es de carbono<\/span><\/a><\/span><\/span><\/span><\/p>\r\n\r\n<p style=\"text-align:justify\"><span style=\"font-size:11pt\"><span style=\"line-height:normal\"><span style=\"font-family:Calibri,sans-serif\"><a href=\"https:\/\/www.inovacaotecnologica.com.br\/noticias\/noticia.php?artigo=filtro-serragem-madeira-captura-microplasticos&amp;id=020125230911&amp;ebol=sim\" style=\"color:blue; text-decoration:underline\"><span style=\"font-size:14.0pt\">Filtro de serragem de madeira captura at&eacute; 99,9% dos micropl&aacute;sticos na &aacute;gua<\/span><\/a><\/span><\/span><\/span><\/p>\r\n\r\n<p style=\"text-align:justify\"><span style=\"font-size:11pt\"><span style=\"line-height:normal\"><span style=\"font-family:Calibri,sans-serif\"><a href=\"https:\/\/www.inovacaotecnologica.com.br\/noticias\/noticia.php?artigo=folha-solar-inspiracao-biologica-coleta-mais-energia-produz-agua&amp;id=010115230911&amp;ebol=sim\" style=\"color:blue; text-decoration:underline\"><span style=\"font-size:14.0pt\">Folha solar de inspira&ccedil;&atilde;o biol&oacute;gica coleta mais energia e produz &aacute;gua<\/span><\/a><\/span><\/span><\/span><\/p>\r\n\r\n<p style=\"text-align:justify\"><span style=\"font-size:11pt\"><span style=\"line-height:normal\"><span style=\"font-family:Calibri,sans-serif\"><a href=\"https:\/\/www.inovacaotecnologica.com.br\/noticias\/noticia.php?artigo=nanocomposito-diminui-aquecimento-eletronicos-iluminacao-veiculos-eletricos&amp;id=010165230908&amp;ebol=sim\" style=\"color:blue; text-decoration:underline\"><span style=\"font-size:14.0pt\">Nanocomp&oacute;sito extrai calor de eletr&ocirc;nicos, LEDs e baterias<\/span><\/a><\/span><\/span><\/span><\/p>\r\n\r\n<p style=\"text-align:justify\"><span style=\"font-size:28pt\"><span style=\"font-family:Cambria,serif\"><span style=\"letter-spacing:-0.5pt\"><b><span style=\"font-size:18.0pt\"><span style=\"font-family:&quot;Calibri&quot;,sans-serif\"><span style=\"font-variant:small-caps\">Com&eacute;rcio Exterior<\/span><\/span><\/span><\/b><\/span><\/span><\/span><\/p>\r\n\r\n<p style=\"text-align:justify\"><span style=\"font-size:11pt\"><span style=\"line-height:normal\"><span style=\"font-family:Calibri,sans-serif\"><a href=\"https:\/\/www.fibre2fashion.com\/news\/textile-news\/global-trade-resilient-amid-fragmentation-wto-report-290079-newsdetails.htm\" style=\"color:blue; text-decoration:underline\"><span style=\"font-size:14.0pt\">Global trade resilient amid fragmentation: WTO report<\/span><\/a><\/span><\/span><\/span><\/p>\r\n\r\n<p style=\"text-align:justify\"><span style=\"font-size:11pt\"><span style=\"line-height:normal\"><span style=\"font-family:Calibri,sans-serif\"><a href=\"https:\/\/www.technicaltextile.net\/news\/india-s-exports-of-technical-textiles-rise-to-717-mn-in-apr-jun-2023--290059.html\" style=\"color:blue; text-decoration:underline\"><span style=\"font-size:14.0pt\">India&#39;s exports of technical textiles rise to $717 mn in Apr-Jun 2023<\/span><\/a><\/span><\/span><\/span><\/p>\r\n\r\n<p style=\"text-align:justify\"><span style=\"font-size:28pt\"><span style=\"font-family:Cambria,serif\"><span style=\"letter-spacing:-0.5pt\"><b><span style=\"font-size:18.0pt\"><span style=\"font-family:&quot;Calibri&quot;,sans-serif\"><span style=\"font-variant:small-caps\">Economia<\/span><\/span><\/span><\/b><\/span><\/span><\/span><\/p>\r\n\r\n<p style=\"text-align:justify\"><span style=\"font-size:11pt\"><span style=\"line-height:normal\"><span style=\"font-family:Calibri,sans-serif\"><a href=\"https:\/\/www.bcb.gov.br\/content\/focus\/focus\/R20230915.pdf\" style=\"color:blue; text-decoration:underline\"><span style=\"font-size:14.0pt\">Focus &ndash; Relat&oacute;rio de Mercado<\/span><\/a><\/span><\/span><\/span><\/p>\r\n\r\n<p style=\"text-align:justify\"><span style=\"font-size:11pt\"><span style=\"line-height:normal\"><span style=\"font-family:Calibri,sans-serif\"><a href=\"https:\/\/portalibre.fgv.br\/system\/files\/2023-09\/Bar%C3%B4metros%20Globais%20KOF-FGV_Press%20release_09_2023_0.pdf\" style=\"color:blue; text-decoration:underline\"><span style=\"font-size:14.0pt\">Bar&ocirc;metro Global Antecedente sinaliza menor pessimismo<\/span><\/a><\/span><\/span><\/span><\/p>\r\n\r\n<p style=\"text-align:justify\"><span style=\"font-size:11pt\"><span style=\"line-height:normal\"><span style=\"font-family:Calibri,sans-serif\"><a href=\"https:\/\/ibre.fgv.br\/blog-da-conjuntura-economica\/artigos\/cenario-e-desfavoravel-para-reducao-da-incerteza-e-dos-juros\" style=\"color:blue; text-decoration:underline\"><span style=\"font-size:14.0pt\">Cen&aacute;rio &eacute; desfavor&aacute;vel para redu&ccedil;&atilde;o da incerteza e dos juros, afirmam pesquisadores do FGV IBRE em semin&aacute;rio<\/span><\/a><\/span><\/span><\/span><\/p>\r\n\r\n<p style=\"text-align:justify\"><span style=\"font-size:11pt\"><span style=\"line-height:normal\"><span style=\"font-family:Calibri,sans-serif\"><a href=\"https:\/\/lp.euromonitor.com\/white-paper\/global-economic-forecasts-q3-2023\/?utm_source=auto-response_prospects&amp;utm_medium=email&amp;utm_campaign=CT_23_09_05_RE_Global_Economic_Forecasts_Q3&amp;utm_content=CTA\" style=\"color:blue; text-decoration:underline\"><span style=\"font-size:14.0pt\">Global Economic Forecasts Q3 2023<\/span><\/a><\/span><\/span><\/span><\/p>\r\n\r\n<p style=\"text-align:justify\"><span style=\"font-size:11pt\"><span style=\"line-height:normal\"><span style=\"font-family:Calibri,sans-serif\"><a href=\"https:\/\/agenciadenoticias.ibge.gov.br\/agencia-noticias\/2012-agencia-de-noticias\/noticias\/37908-volume-de-vendas-no-comercio-tem-alta-de-0-7-em-julho\" style=\"color:blue; text-decoration:underline\"><span style=\"font-size:14.0pt\">Volume de vendas no com&eacute;rcio tem alta de 0,7% em julho<\/span><\/a><\/span><\/span><\/span><\/p>\r\n\r\n<p style=\"text-align:justify\"><span style=\"font-size:11pt\"><span style=\"line-height:normal\"><span style=\"font-family:Calibri,sans-serif\"><a href=\"https:\/\/agenciadenoticias.ibge.gov.br\/agencia-noticias\/2012-agencia-de-noticias\/noticias\/37865-inflacao-fica-em-0-23-em-agosto-influenciada-pelo-aumento-da-energia-eletrica\" style=\"color:blue; text-decoration:underline\"><span style=\"font-size:14.0pt\">Infla&ccedil;&atilde;o fica em 0,23% em agosto, influenciada pelo aumento da energia el&eacute;trica<\/span><\/a><\/span><\/span><\/span><\/p>\r\n","6":"<p style=\"text-align:justify\"><span style=\"font-size:11pt\"><span style=\"line-height:normal\"><span style=\"font-family:Calibri,sans-serif\"><span style=\"font-size:14.0pt\">Esta &eacute; uma compila&ccedil;&atilde;o das not&iacute;cias mais relevantes para o setor, incluindo informa&ccedil;&otilde;es sobre acordos internacionais, economia brasileira, sustentabilidade e mat&eacute;rias primas, al&eacute;m de novidades do setor de N&atilde;otecidos e Tecidos T&eacute;cnicos.<\/span><\/span><\/span><\/span><\/p>\r\n\r\n<p class=\"MsoTitle\" style=\"text-align:justify\"><span style=\"font-size:28pt\"><span style=\"font-family:Cambria,serif\"><span style=\"letter-spacing:-0.5pt\"><b><span style=\"font-size:18.0pt\"><span style=\"font-family:&quot;Calibri&quot;,sans-serif\"><span style=\"font-variant:small-caps\">A&ccedil;&otilde;es ABINT<\/span><\/span><\/span><\/b><\/span><\/span><\/span><\/p>\r\n\r\n<p style=\"text-align:justify\"><span style=\"font-size:11pt\"><span style=\"line-height:normal\"><span style=\"font-family:Calibri,sans-serif\"><b><span style=\"font-size:14.0pt\">A&ccedil;&otilde;es realizadas <\/span><\/b><\/span><\/span><\/span><\/p>\r\n\r\n<p style=\"text-align:justify\"><img src=\"https:\/\/www.abint.org.br\/assets\/img\/editor\/logo-ctg-abint-png_20230919175138P0cbmRLinC.png\" style=\"width: 300px; height: 55px;\" \/><\/p>\r\n\r\n<p style=\"text-align:justify\"><span style=\"font-size:11pt\"><span style=\"line-height:normal\"><span style=\"font-family:Calibri,sans-serif\"><span style=\"font-size:14.0pt\">Nos dias 11 e 12 de setembro, o Comit&ecirc; T&eacute;cnico de Geossint&eacute;ticos (CTG ABINT) e a IGS Brasil apresentaram os trabalhos vencedores da edi&ccedil;&atilde;o 2022\/2023 do Pr&ecirc;mio TCC\/ IC &ndash; Tecnologia em Geossint&eacute;ticos &ldquo;Benedito de Souza Bueno&rdquo;. O Pr&ecirc;mio, que j&aacute; &eacute; refer&ecirc;ncia no setor, foi desenvolvido a partir da parceria entre e reconhece os melhores trabalhos de conclus&atilde;o de curso e de inicia&ccedil;&atilde;o cient&iacute;fica, publicados anualmente e desenvolvidos no Brasil. O tema dos trabalhos apresentados sempre &eacute; relacionado aos geossint&eacute;ticos, que s&atilde;o produtos polim&eacute;ricos (sint&eacute;ticos ou naturais) industrializados, desenvolvidos para aplica&ccedil;&atilde;o em obras geot&eacute;cnicas, desempenhando uma ou mais fun&ccedil;&otilde;es, tais como de refor&ccedil;o, filtra&ccedil;&atilde;o, drenagem, separa&ccedil;&atilde;o, impermeabiliza&ccedil;&atilde;o e controle de eros&atilde;o. As apresenta&ccedil;&otilde;es est&atilde;o dispon&iacute;veis nos links <\/span><a href=\"https:\/\/www.youtube.com\/watch?v=dSU2vKxQYEY\" style=\"color:blue; text-decoration:underline\"><span style=\"font-size:14.0pt\">1<\/span><\/a><span style=\"font-size:14.0pt\"> e <\/span><a href=\"https:\/\/www.youtube.com\/watch?v=on-P8zn6yLk\" style=\"color:blue; text-decoration:underline\"><span style=\"font-size:14.0pt\">2<\/span><\/a><span style=\"font-size:14.0pt\">. <\/span><\/span><\/span><\/span><\/p>\r\n\r\n<p style=\"text-align:justify\"><img src=\"https:\/\/www.abint.org.br\/assets\/img\/editor\/cth-logo-alta-png-bordas-juntas_20230919175216ZGskKOP5j2.png\" style=\"width: 300px; height: 68px;\" \/><\/p>\r\n\r\n<p style=\"text-align:justify\"><span style=\"font-size:11pt\"><span style=\"line-height:normal\"><span style=\"font-family:Calibri,sans-serif\"><span style=\"font-size:14.0pt\">Com foco em sua Miss&atilde;o de divulgar, promover e fomentar, com qualidade t&eacute;cnica, o conhecimento e o crescimento das aplica&ccedil;&otilde;es dos Dispositivos M&eacute;dicos de uso &uacute;nico no mercado brasileiro, o Comit&ecirc; T&eacute;cnico M&eacute;dico Hospitalar (CTH ABINT) elaborou e disponibiliza Guias para as normas <\/span><a href=\"https:\/\/www.abint.org.br\/informacao\/outros\/guia-cth-abint-para-a-norma-abnt-nbr-15052-2021\" style=\"color:blue; text-decoration:underline\"><span style=\"font-size:14.0pt\">ABNT NBR 15052<\/span><\/a><span style=\"font-size:14.0pt\">, <\/span><a href=\"https:\/\/www.abint.org.br\/informacao\/outros\/guia-cth-abint-para-a-norma-abnt-nbr-16064-2022\" style=\"color:blue; text-decoration:underline\"><span style=\"font-size:14.0pt\">ABNT NBR 16064<\/span><\/a><span style=\"font-size:14.0pt\"> e <\/span><a href=\"https:\/\/www.abint.org.br\/informacao\/outros\/guia-cth-abint-para-a-norma-abnt-nbr-16693-2022\" style=\"color:blue; text-decoration:underline\"><span style=\"font-size:14.0pt\">ABNT NBR 16693<\/span><\/a><span style=\"font-size:14.0pt\">.<\/span><\/span><\/span><\/span><\/p>\r\n\r\n<p style=\"text-align:justify\">&nbsp;<\/p>\r\n\r\n<p style=\"text-align:justify\"><span style=\"font-size:11pt\"><span style=\"line-height:normal\"><span style=\"font-family:Calibri,sans-serif\"><b><span style=\"font-size:14.0pt\">O que vem por a&iacute;<\/span><\/b><\/span><\/span><\/span><\/p>\r\n\r\n<p style=\"text-align:justify\"><img src=\"https:\/\/www.abint.org.br\/assets\/img\/editor\/abint-logo-2020-p_20230919175309AQvjam0BUC.png\" \/><\/p>\r\n\r\n<p style=\"text-align:justify\"><span style=\"font-size:11pt\"><span style=\"line-height:normal\"><span style=\"font-family:Calibri,sans-serif\"><span style=\"font-size:14.0pt\">Tendo em vista um dos objetivos, &ldquo;representar e defender os interesses m&uacute;tuos das ind&uacute;strias de n&atilde;otecidos e\/ou tecidos t&eacute;cnicos&rdquo;, a ABINT manifestar-se-&aacute; contr&aacute;ria &agrave; avalia&ccedil;&atilde;o de retomada de cobran&ccedil;a de direito antidumping sobre as importa&ccedil;&otilde;es brasileiras de resina de polipropileno (NCM 3902.10.20 e 3902.30.00) com origem nos Estados Unidos, conforme <\/span><a href=\"https:\/\/www.in.gov.br\/en\/web\/dou\/-\/circular-n-38-de-6-de-setembro-de-2023-508635301\" style=\"color:blue; text-decoration:underline\"><span style=\"font-size:14.0pt\"><span style=\"color:blue\">Circular SECEX n&ordm; 38<\/span><\/span><\/a><span style=\"font-size:14.0pt\">, publicada no Di&aacute;rio Oficial da Uni&atilde;o em 11\/09\/2023.<\/span><\/span><\/span><\/span><\/p>\r\n\r\n<p style=\"text-align:justify\">&nbsp;<\/p>\r\n\r\n<p style=\"text-align:justify\"><span style=\"font-size:11pt\"><span style=\"line-height:normal\"><span style=\"font-family:Calibri,sans-serif\"><span style=\"font-size:14.0pt\"><img src=\"https:\/\/www.abint.org.br\/assets\/img\/editor\/usp-sao-carlos-sec-2023-post-palestra_20230919175502Ud8Xz3xXlL.jpeg\" style=\"width: 500px; height: 500px;\" \/><\/span><\/span><\/span><\/span><\/p>\r\n\r\n<p style=\"text-align:justify\"><span style=\"font-size:11pt\"><span style=\"line-height:normal\"><span style=\"font-family:Calibri,sans-serif\"><span style=\"font-size:14.0pt\">O <\/span><b><span style=\"font-size:14.0pt\">Prof. Rafael Pl&aacute;cido<\/span><\/b><span style=\"font-size:14.0pt\"> realizar&aacute;, em nome do <b>CTG ABINT<\/b>, a palestra &ldquo;<b>Geossint&eacute;ticos na Pr&aacute;tica: Propriedades<\/b>, Fun&ccedil;&otilde;es e Aplica&ccedil;&otilde;es&rdquo;, no <b>dia 21 de setembro, &agrave;s 14h, durante da Semana de Engenharia USP S&atilde;o Carlos<\/b>.<b> <\/b>O evento ter&aacute; transmiss&atilde;o pelo canal<b> <\/b><\/span><a href=\"https:\/\/www.youtube.com\/channel\/UCSMUSasRGeKO7Hy3QAY_MFg\" style=\"color:blue; text-decoration:underline\"><b><span style=\"font-size:14.0pt\">SEC EESC USP<\/span><\/b><\/a><b><span style=\"font-size:14.0pt\"> no YouTube.<\/span><\/b><\/span><\/span><\/span><\/p>\r\n\r\n<p style=\"text-align:justify\"><span style=\"font-size:11pt\"><span style=\"line-height:normal\"><span style=\"font-family:Calibri,sans-serif\"><b><span style=\"font-size:14.0pt\"><img src=\"https:\/\/www.abint.org.br\/assets\/img\/editor\/post-quadrado-curso-naotecido_20230919175651Cw2y3dap5p.jpg\" style=\"width: 500px; height: 500px;\" \/><\/span><\/b><\/span><\/span><\/span><\/p>\r\n\r\n<p style=\"text-align:justify\"><span style=\"font-size:11pt\"><span style=\"line-height:normal\"><span style=\"font-family:Calibri,sans-serif\"><a href=\"https:\/\/forms.gle\/E5bZXpiNh7wZ9kcQ6\" style=\"color:blue; text-decoration:underline\"><b><span style=\"font-size:14.0pt\">Informa&ccedil;&otilde;es e inscri&ccedil;&otilde;es<\/span><\/b><\/a><\/span><\/span><\/span><\/p>\r\n\r\n<p style=\"text-align:justify\">&nbsp;<\/p>\r\n\r\n<p style=\"text-align:justify\"><span style=\"font-size:11pt\"><span style=\"line-height:normal\"><span style=\"font-family:Calibri,sans-serif\"><b><span style=\"font-size:14.0pt\"><img src=\"https:\/\/www.abint.org.br\/assets\/img\/editor\/post-quadrado-curso-naotecidos-americana_20230919175746NvKCw9khJL.jpg\" style=\"width: 500px; height: 500px;\" \/><\/span><\/b><\/span><\/span><\/span><\/p>\r\n\r\n<p style=\"text-align:justify\"><span style=\"font-size:11pt\"><span style=\"line-height:normal\"><span style=\"font-family:Calibri,sans-serif\"><a href=\"https:\/\/forms.gle\/tWMzAkvmTkDCVNdy8\" style=\"color:blue; text-decoration:underline\"><b><span style=\"font-size:14.0pt\">Informa&ccedil;&otilde;es e inscri&ccedil;&otilde;es<\/span><\/b><\/a><\/span><\/span><\/span><\/p>\r\n\r\n<p style=\"text-align:justify\">&nbsp;<\/p>\r\n\r\n<p style=\"text-align:justify\"><span style=\"font-size:18px\"><span style=\"box-sizing:border-box\"><span style=\"line-height:1.5\"><span style=\"color:#313f48\"><span style=\"font-family:&quot;Roboto Condensed&quot;, Helvetica, Arial, sans-serif\"><span style=\"font-style:normal\"><span style=\"font-variant-ligatures:normal\"><span style=\"font-weight:400\"><span style=\"white-space:normal\"><span style=\"background-color:#ffffff\"><span style=\"text-decoration-thickness:initial\"><span style=\"text-decoration-style:initial\"><span style=\"text-decoration-color:initial\">&nbsp;<span style=\"font-size:18px\"><span style=\"box-sizing:border-box\"><span style=\"box-sizing:border-box\"><span style=\"box-sizing:border-box\"><span style=\"line-height:1.5\"><span style=\"box-sizing:border-box\"><span style=\"color:#313f48\"><span style=\"box-sizing:border-box\"><span style=\"font-family:&quot;Roboto Condensed&quot;, Helvetica, Arial, sans-serif\"><span style=\"box-sizing:border-box\"><span style=\"font-style:normal\"><span style=\"box-sizing:border-box\"><span style=\"font-variant-ligatures:normal\"><span style=\"box-sizing:border-box\"><span style=\"font-weight:400\"><span style=\"box-sizing:border-box\"><span style=\"white-space:normal\"><span style=\"box-sizing:border-box\"><span style=\"background-color:#ffffff\"><span style=\"box-sizing:border-box\"><span style=\"text-decoration-thickness:initial\"><span style=\"box-sizing:border-box\"><span style=\"text-decoration-style:initial\"><span style=\"box-sizing:border-box\"><span style=\"text-decoration-color:initial\"><span style=\"font-size:18px\"><span style=\"box-sizing:border-box\"><span style=\"box-sizing:border-box\"><span style=\"box-sizing:border-box\"><span style=\"box-sizing:border-box\"><span style=\"box-sizing:border-box\"><span style=\"line-height:1.5\"><span style=\"box-sizing:border-box\"><span style=\"box-sizing:border-box\"><span style=\"color:#313f48\"><span style=\"box-sizing:border-box\"><span style=\"box-sizing:border-box\"><span style=\"font-family:&quot;Roboto Condensed&quot;, Helvetica, Arial, sans-serif\"><span style=\"box-sizing:border-box\"><span style=\"box-sizing:border-box\"><span style=\"font-style:normal\"><span style=\"box-sizing:border-box\"><span style=\"box-sizing:border-box\"><span style=\"font-variant-ligatures:normal\"><span style=\"box-sizing:border-box\"><span style=\"box-sizing:border-box\"><span style=\"font-weight:400\"><span style=\"box-sizing:border-box\"><span style=\"box-sizing:border-box\"><span style=\"white-space:normal\"><span style=\"box-sizing:border-box\"><span style=\"box-sizing:border-box\"><span style=\"background-color:#ffffff\"><span style=\"box-sizing:border-box\"><span style=\"box-sizing:border-box\"><span style=\"text-decoration-thickness:initial\"><span style=\"box-sizing:border-box\"><span style=\"box-sizing:border-box\"><span style=\"text-decoration-style:initial\"><span style=\"box-sizing:border-box\"><span style=\"box-sizing:border-box\"><span style=\"text-decoration-color:initial\">&nbsp;<span style=\"font-size:18px\"><span style=\"box-sizing:border-box\"><span style=\"box-sizing:border-box\"><span style=\"box-sizing:border-box\"><span style=\"box-sizing:border-box\"><span style=\"box-sizing:border-box\"><span style=\"box-sizing:border-box\"><span style=\"box-sizing:border-box\"><span style=\"line-height:1.5\"><span style=\"box-sizing:border-box\"><span style=\"box-sizing:border-box\"><span style=\"box-sizing:border-box\"><span style=\"color:#313f48\"><span style=\"box-sizing:border-box\"><span style=\"box-sizing:border-box\"><span style=\"box-sizing:border-box\"><span style=\"font-family:&quot;Roboto Condensed&quot;, Helvetica, Arial, sans-serif\"><span style=\"box-sizing:border-box\"><span style=\"box-sizing:border-box\"><span style=\"box-sizing:border-box\"><span style=\"font-style:normal\"><span style=\"box-sizing:border-box\"><span style=\"box-sizing:border-box\"><span style=\"box-sizing:border-box\"><span style=\"font-variant-ligatures:normal\"><span style=\"box-sizing:border-box\"><span style=\"box-sizing:border-box\"><span style=\"box-sizing:border-box\"><span style=\"font-weight:400\"><span style=\"box-sizing:border-box\"><span style=\"box-sizing:border-box\"><span style=\"box-sizing:border-box\"><span style=\"white-space:normal\"><span style=\"box-sizing:border-box\"><span style=\"box-sizing:border-box\"><span style=\"box-sizing:border-box\"><span style=\"background-color:#ffffff\"><span style=\"box-sizing:border-box\"><span style=\"box-sizing:border-box\"><span style=\"box-sizing:border-box\"><span style=\"text-decoration-thickness:initial\"><span style=\"box-sizing:border-box\"><span style=\"box-sizing:border-box\"><span style=\"box-sizing:border-box\"><span style=\"text-decoration-style:initial\"><span style=\"box-sizing:border-box\"><span style=\"box-sizing:border-box\"><span style=\"box-sizing:border-box\"><span style=\"text-decoration-color:initial\"><span style=\"font-size:18px\"><span style=\"box-sizing:border-box\"><span style=\"box-sizing:border-box\"><span style=\"box-sizing:border-box\"><span style=\"box-sizing:border-box\"><span style=\"box-sizing:border-box\"><span style=\"box-sizing:border-box\"><span style=\"box-sizing:border-box\"><span style=\"box-sizing:border-box\"><span style=\"box-sizing:border-box\"><span style=\"line-height:1.5\"><span style=\"box-sizing:border-box\"><span style=\"box-sizing:border-box\"><span style=\"box-sizing:border-box\"><span style=\"box-sizing:border-box\"><span style=\"color:#313f48\"><span style=\"box-sizing:border-box\"><span style=\"box-sizing:border-box\"><span style=\"box-sizing:border-box\"><span style=\"box-sizing:border-box\"><span style=\"font-family:&quot;Roboto Condensed&quot;, Helvetica, Arial, sans-serif\"><span style=\"box-sizing:border-box\"><span style=\"box-sizing:border-box\"><span style=\"box-sizing:border-box\"><span style=\"box-sizing:border-box\"><span style=\"font-style:normal\"><span style=\"box-sizing:border-box\"><span style=\"box-sizing:border-box\"><span style=\"box-sizing:border-box\"><span style=\"box-sizing:border-box\"><span style=\"font-variant-ligatures:normal\"><span style=\"box-sizing:border-box\"><span style=\"box-sizing:border-box\"><span style=\"box-sizing:border-box\"><span style=\"box-sizing:border-box\"><span style=\"font-weight:400\"><span style=\"box-sizing:border-box\"><span style=\"box-sizing:border-box\"><span style=\"box-sizing:border-box\"><span style=\"box-sizing:border-box\"><span style=\"white-space:normal\"><span style=\"box-sizing:border-box\"><span style=\"box-sizing:border-box\"><span style=\"box-sizing:border-box\"><span style=\"box-sizing:border-box\"><span style=\"background-color:#ffffff\"><span style=\"box-sizing:border-box\"><span style=\"box-sizing:border-box\"><span style=\"box-sizing:border-box\"><span style=\"box-sizing:border-box\"><span style=\"text-decoration-thickness:initial\"><span style=\"box-sizing:border-box\"><span style=\"box-sizing:border-box\"><span style=\"box-sizing:border-box\"><span style=\"box-sizing:border-box\"><span style=\"text-decoration-style:initial\"><span style=\"box-sizing:border-box\"><span style=\"box-sizing:border-box\"><span style=\"box-sizing:border-box\"><span style=\"box-sizing:border-box\"><span style=\"text-decoration-color:initial\"><span style=\"font-size:11pt\"><span style=\"box-sizing:border-box\"><span style=\"box-sizing:border-box\"><span style=\"box-sizing:border-box\"><span style=\"box-sizing:border-box\"><span style=\"box-sizing:border-box\"><span style=\"box-sizing:border-box\"><span style=\"box-sizing:border-box\"><span style=\"box-sizing:border-box\"><span style=\"box-sizing:border-box\"><span style=\"box-sizing:border-box\"><span style=\"line-height:16.8667px\"><span style=\"box-sizing:border-box\"><span style=\"box-sizing:border-box\"><span style=\"box-sizing:border-box\"><span style=\"box-sizing:border-box\"><span style=\"box-sizing:border-box\"><span style=\"font-family:Calibri, sans-serif\"><b style=\"box-sizing:border-box; font-weight:bolder\"><span style=\"font-size:14pt\"><span style=\"box-sizing:border-box\"><span style=\"box-sizing:border-box\"><span style=\"box-sizing:border-box\"><span style=\"box-sizing:border-box\"><span style=\"box-sizing:border-box\"><span style=\"box-sizing:border-box\"><span style=\"box-sizing:border-box\"><span style=\"box-sizing:border-box\"><span style=\"box-sizing:border-box\"><span style=\"box-sizing:border-box\"><span style=\"line-height:21.4667px\"><span style=\"box-sizing:border-box\"><span style=\"box-sizing:border-box\"><span style=\"box-sizing:border-box\"><span style=\"box-sizing:border-box\"><span style=\"box-sizing:border-box\"><span style=\"color:blue\"><img src=\"https:\/\/www.abint.org.br\/assets\/img\/editor\/congresso-internacional-abit-2023_202308151414212LkdNBSzdA.png\" style=\"box-sizing:border-box; border-style:none; width:500px; height:442px\" \/><\/span><\/span><\/span><\/span><\/span><\/span><\/span><\/span><\/span><\/span><\/span><\/span><\/span><\/span><\/span><\/span><\/span><\/span><\/b><\/span><\/span><\/span><\/span><\/span><\/span><\/span><\/span><\/span><\/span><\/span><\/span><\/span><\/span><\/span><\/span><\/span><\/span><\/span><\/span><\/span><\/span><\/span><\/span><\/span><\/span><\/span><\/span><\/span><\/span><\/span><\/span><\/span><\/span><\/span><\/span><\/span><\/span><\/span><\/span><\/span><\/span><\/span><\/span><\/span><\/span><\/span><\/span><\/span><\/span><\/span><\/span><\/span><\/span><\/span><\/span><\/span><\/span><\/span><\/span><\/span><\/span><\/span><\/span><\/span><\/span><\/span><\/span><\/span><\/span><\/span><\/span><\/span><\/span><\/span><\/span><\/span><\/span><\/span><\/span><\/span><\/span><\/span><\/span><\/span><\/span><\/span><\/span><\/span><\/span><\/span><\/span><\/span><\/span><\/span><\/span><\/span><\/span><\/span><\/span><\/span><\/span><\/span><\/span><\/span><\/span><\/span><\/span><\/span><\/span><\/span><\/span><\/span><\/span><\/span><\/span><\/span><\/span><\/span><\/span><\/span><\/span><\/span><\/span><\/span><\/span><\/span><\/span><\/span><\/span><\/span><\/span><\/span><\/span><\/span><\/span><\/span><\/span><\/span><\/span><\/span><\/span><\/span><\/span><\/span><\/span><\/span><\/span><\/span><\/span><\/span><\/span><\/span><\/span><\/span><\/span><\/span><\/span><\/span><\/span><\/span><\/span><\/span><\/span><\/span><\/span><\/span><\/span><\/span><\/span><\/span><\/span><\/span><\/span><\/span><\/span><\/span><\/span><\/span><\/span><\/span><\/span><\/span><\/span><\/span><\/span><\/span><\/span><\/span><\/span><\/span><\/span><\/span><\/span><\/span><\/span><\/span><\/span><\/span><\/span><\/span><\/span><\/span><\/p>\r\n\r\n<p style=\"text-align:justify; margin-bottom:20px\"><span style=\"font-size:18px\"><span style=\"box-sizing:border-box\"><span style=\"line-height:1.5\"><span style=\"color:#313f48\"><span style=\"font-family:&quot;Roboto Condensed&quot;, Helvetica, Arial, sans-serif\"><span style=\"font-style:normal\"><span style=\"font-variant-ligatures:normal\"><span style=\"font-weight:400\"><span style=\"white-space:normal\"><span style=\"background-color:#ffffff\"><span style=\"text-decoration-thickness:initial\"><span style=\"text-decoration-style:initial\"><span style=\"text-decoration-color:initial\"><span style=\"font-size:18px\"><span style=\"box-sizing:border-box\"><span style=\"box-sizing:border-box\"><span style=\"box-sizing:border-box\"><span style=\"line-height:1.5\"><span style=\"box-sizing:border-box\"><span style=\"color:#313f48\"><span style=\"box-sizing:border-box\"><span style=\"font-family:&quot;Roboto Condensed&quot;, Helvetica, Arial, sans-serif\"><span style=\"box-sizing:border-box\"><span style=\"font-style:normal\"><span style=\"box-sizing:border-box\"><span style=\"font-variant-ligatures:normal\"><span style=\"box-sizing:border-box\"><span style=\"font-weight:400\"><span style=\"box-sizing:border-box\"><span style=\"white-space:normal\"><span style=\"box-sizing:border-box\"><span style=\"background-color:#ffffff\"><span style=\"box-sizing:border-box\"><span style=\"text-decoration-thickness:initial\"><span style=\"box-sizing:border-box\"><span style=\"text-decoration-style:initial\"><span style=\"box-sizing:border-box\"><span style=\"text-decoration-color:initial\"><span style=\"font-size:18px\"><span style=\"box-sizing:border-box\"><span style=\"box-sizing:border-box\"><span style=\"box-sizing:border-box\"><span style=\"box-sizing:border-box\"><span style=\"box-sizing:border-box\"><span style=\"line-height:1.5\"><span style=\"box-sizing:border-box\"><span style=\"box-sizing:border-box\"><span style=\"color:#313f48\"><span style=\"box-sizing:border-box\"><span style=\"box-sizing:border-box\"><span style=\"font-family:&quot;Roboto Condensed&quot;, Helvetica, Arial, sans-serif\"><span style=\"box-sizing:border-box\"><span style=\"box-sizing:border-box\"><span style=\"font-style:normal\"><span style=\"box-sizing:border-box\"><span style=\"box-sizing:border-box\"><span style=\"font-variant-ligatures:normal\"><span style=\"box-sizing:border-box\"><span style=\"box-sizing:border-box\"><span style=\"font-weight:400\"><span style=\"box-sizing:border-box\"><span style=\"box-sizing:border-box\"><span style=\"white-space:normal\"><span style=\"box-sizing:border-box\"><span style=\"box-sizing:border-box\"><span style=\"background-color:#ffffff\"><span style=\"box-sizing:border-box\"><span style=\"box-sizing:border-box\"><span style=\"text-decoration-thickness:initial\"><span style=\"box-sizing:border-box\"><span style=\"box-sizing:border-box\"><span style=\"text-decoration-style:initial\"><span style=\"box-sizing:border-box\"><span style=\"box-sizing:border-box\"><span style=\"text-decoration-color:initial\"><span style=\"font-size:18px\"><span style=\"box-sizing:border-box\"><span style=\"box-sizing:border-box\"><span style=\"box-sizing:border-box\"><span style=\"box-sizing:border-box\"><span style=\"box-sizing:border-box\"><span style=\"box-sizing:border-box\"><span style=\"box-sizing:border-box\"><span style=\"line-height:1.5\"><span style=\"box-sizing:border-box\"><span style=\"box-sizing:border-box\"><span style=\"box-sizing:border-box\"><span style=\"color:#313f48\"><span style=\"box-sizing:border-box\"><span style=\"box-sizing:border-box\"><span style=\"box-sizing:border-box\"><span style=\"font-family:&quot;Roboto Condensed&quot;, Helvetica, Arial, sans-serif\"><span style=\"box-sizing:border-box\"><span style=\"box-sizing:border-box\"><span style=\"box-sizing:border-box\"><span style=\"font-style:normal\"><span style=\"box-sizing:border-box\"><span style=\"box-sizing:border-box\"><span style=\"box-sizing:border-box\"><span style=\"font-variant-ligatures:normal\"><span style=\"box-sizing:border-box\"><span style=\"box-sizing:border-box\"><span style=\"box-sizing:border-box\"><span style=\"font-weight:400\"><span style=\"box-sizing:border-box\"><span style=\"box-sizing:border-box\"><span style=\"box-sizing:border-box\"><span style=\"white-space:normal\"><span style=\"box-sizing:border-box\"><span style=\"box-sizing:border-box\"><span style=\"box-sizing:border-box\"><span style=\"background-color:#ffffff\"><span style=\"box-sizing:border-box\"><span style=\"box-sizing:border-box\"><span style=\"box-sizing:border-box\"><span style=\"text-decoration-thickness:initial\"><span style=\"box-sizing:border-box\"><span style=\"box-sizing:border-box\"><span style=\"box-sizing:border-box\"><span style=\"text-decoration-style:initial\"><span style=\"box-sizing:border-box\"><span style=\"box-sizing:border-box\"><span style=\"box-sizing:border-box\"><span style=\"text-decoration-color:initial\"><span style=\"font-size:18px\"><span style=\"box-sizing:border-box\"><span style=\"box-sizing:border-box\"><span style=\"box-sizing:border-box\"><span style=\"box-sizing:border-box\"><span style=\"box-sizing:border-box\"><span style=\"box-sizing:border-box\"><span style=\"box-sizing:border-box\"><span style=\"box-sizing:border-box\"><span style=\"box-sizing:border-box\"><span style=\"line-height:1.5\"><span style=\"box-sizing:border-box\"><span style=\"box-sizing:border-box\"><span style=\"box-sizing:border-box\"><span style=\"box-sizing:border-box\"><span style=\"color:#313f48\"><span style=\"box-sizing:border-box\"><span style=\"box-sizing:border-box\"><span style=\"box-sizing:border-box\"><span style=\"box-sizing:border-box\"><span style=\"font-family:&quot;Roboto Condensed&quot;, Helvetica, Arial, sans-serif\"><span style=\"box-sizing:border-box\"><span style=\"box-sizing:border-box\"><span style=\"box-sizing:border-box\"><span style=\"box-sizing:border-box\"><span style=\"font-style:normal\"><span style=\"box-sizing:border-box\"><span style=\"box-sizing:border-box\"><span style=\"box-sizing:border-box\"><span style=\"box-sizing:border-box\"><span style=\"font-variant-ligatures:normal\"><span style=\"box-sizing:border-box\"><span style=\"box-sizing:border-box\"><span style=\"box-sizing:border-box\"><span style=\"box-sizing:border-box\"><span style=\"font-weight:400\"><span style=\"box-sizing:border-box\"><span style=\"box-sizing:border-box\"><span style=\"box-sizing:border-box\"><span style=\"box-sizing:border-box\"><span style=\"white-space:normal\"><span style=\"box-sizing:border-box\"><span style=\"box-sizing:border-box\"><span style=\"box-sizing:border-box\"><span style=\"box-sizing:border-box\"><span style=\"background-color:#ffffff\"><span style=\"box-sizing:border-box\"><span style=\"box-sizing:border-box\"><span style=\"box-sizing:border-box\"><span style=\"box-sizing:border-box\"><span style=\"text-decoration-thickness:initial\"><span style=\"box-sizing:border-box\"><span style=\"box-sizing:border-box\"><span style=\"box-sizing:border-box\"><span style=\"box-sizing:border-box\"><span style=\"text-decoration-style:initial\"><span style=\"box-sizing:border-box\"><span style=\"box-sizing:border-box\"><span style=\"box-sizing:border-box\"><span style=\"box-sizing:border-box\"><span style=\"text-decoration-color:initial\"><span style=\"font-size:11pt\"><span style=\"box-sizing:border-box\"><span style=\"box-sizing:border-box\"><span style=\"box-sizing:border-box\"><span style=\"box-sizing:border-box\"><span style=\"box-sizing:border-box\"><span style=\"box-sizing:border-box\"><span style=\"box-sizing:border-box\"><span style=\"box-sizing:border-box\"><span style=\"box-sizing:border-box\"><span style=\"box-sizing:border-box\"><span style=\"line-height:normal\"><span style=\"box-sizing:border-box\"><span style=\"box-sizing:border-box\"><span style=\"box-sizing:border-box\"><span style=\"box-sizing:border-box\"><span style=\"box-sizing:border-box\"><span style=\"font-family:Calibri, sans-serif\"><b style=\"box-sizing:border-box; font-weight:bolder\"><span style=\"font-size:14pt\"><span style=\"box-sizing:border-box\"><span style=\"box-sizing:border-box\"><span style=\"box-sizing:border-box\"><span style=\"box-sizing:border-box\"><span style=\"box-sizing:border-box\">A ABINT &eacute; uma das patrocinadoras do Congresso Internacional ABIT 2023,&nbsp;<\/span><\/span><\/span><\/span><\/span><\/span><\/b><span style=\"font-size:14pt\"><span style=\"box-sizing:border-box\"><span style=\"box-sizing:border-box\"><span style=\"box-sizing:border-box\"><span style=\"box-sizing:border-box\"><span style=\"box-sizing:border-box\">que ocorrer&aacute;<b style=\"box-sizing:border-box; font-weight:bolder\">&nbsp;dias 08 e 09 de novembro, na FIESC, Florian&oacute;polis, SC.&nbsp;<\/b><\/span><\/span><\/span><\/span><\/span><\/span><\/span><\/span><\/span><\/span><\/span><\/span><\/span><\/span><\/span><\/span><\/span><\/span><span style=\"box-sizing:border-box\"><span style=\"box-sizing:border-box\"><span style=\"box-sizing:border-box\"><span style=\"box-sizing:border-box\"><span style=\"box-sizing:border-box\"><span style=\"line-height:16.8667px\"><span style=\"box-sizing:border-box\"><span style=\"box-sizing:border-box\"><span style=\"box-sizing:border-box\"><span style=\"box-sizing:border-box\"><span style=\"box-sizing:border-box\"><span style=\"font-family:Calibri, sans-serif\"><a href=\"https:\/\/t.rdsv1.net\/ls\/click?upn=LFSWB5boDXSqxt4eHgA5r3YUv3HG6yY4XTXT-2BpjEpFmt56yR61Gu09ER-2Bq95-2FgFAbN46ClwLMWPZzveVybfat1CKHOKhUUtOIVaFgsR5U28dlEKVouFrV1iSMaKnlWHCANmwKiZ4x1Oy9BDRL5tuTGPXgO91zEc1uo-2FbtPYQFm3y4fMGnbuiV3FEKs9g9uy1l2sL_iW8zc4KBvTUX2z9kws1M6pjQI9DpNNh-2Fk6fgMN4DbaFx-2BL1o5swSv2HtiLB2iGFhqxZ0654f80VOIjakRycDjcrdu1MF6BdTRc4d4wYs0wcxXXPsRygypvnzeOAhjjgiEkGX1jMsv1FD9IiN0mt5TiPA-2F-2FcYbMJqgkOyyeRxcI4izBTlMz4tYAchHCwHneJZvJXH0y9HeVp67XkJynQGH21X32t2y1CeSaYEq0zVO-2BnyLK4mDGipKkH-2FZQCwU2MKfdHIIgVMZzvyz5G5cXFeOFC58YiNyn2cnMPO14gymNMfyWFH-2BHHlC3b47l7V1Qmqxs4es-2BeyjBwNpbTVF3mKTVfvVN8KGLr0cqLDBhDLHrW7KPcTfpWgS5gfvWdAKEPOEmZKoo4k2kAi0PFh6jxFYAV2tXcAZfbY2kx8RXrY81D1SMCEBW0alhXBRKfUMvljxKCVojmlXya75YoxeWm0PKiSpaikvnyQHb1SYVAvooBBGQr8kVTT7gfi2jpYOB7Yz3v8ovwiOQwMF4kMzI4BGg58Stg7NIyaStQsDmhOsSp6GMNA3SG1UPw-2Fljh3rhjS-2BFt0EiGPe9cI33b9n1X0Y0ud-2BOFmeXkp5V9mMyq0eViPM4g6fXMuiRQFG1Lhn1lb5TsAtW9vCVxHdYrOB-2F6cV4-2FiOK5JwicsxDApwdvwvys-3D\" style=\"box-sizing:border-box; text-decoration:underline; color:blue; transition:color 0.3s ease 0s; outline-width:0px\"><span style=\"font-size:14pt\"><span style=\"box-sizing:border-box\"><span style=\"box-sizing:border-box\"><span style=\"box-sizing:border-box\"><span style=\"box-sizing:border-box\"><span style=\"box-sizing:border-box\"><span style=\"box-sizing:border-box\"><span style=\"box-sizing:border-box\"><span style=\"box-sizing:border-box\"><span style=\"box-sizing:border-box\"><span style=\"box-sizing:border-box\"><span style=\"line-height:21.4667px\">Informa&ccedil;&otilde;es<\/span><\/span><\/span><\/span><\/span><\/span><\/span><\/span><\/span><\/span><\/span><\/span><\/a><\/span><\/span><\/span><\/span><\/span><\/span><\/span><\/span><\/span><\/span><\/span><\/span><\/span><\/span><\/span><\/span><\/span><\/span><\/span><\/span><\/span><\/span><\/span><\/span><\/span><\/span><\/span><\/span><\/span><\/span><\/span><\/span><\/span><\/span><\/span><\/span><\/span><\/span><\/span><\/span><\/span><\/span><\/span><\/span><\/span><\/span><\/span><\/span><\/span><\/span><\/span><\/span><\/span><\/span><\/span><\/span><\/span><\/span><\/span><\/span><\/span><\/span><\/span><\/span><\/span><\/span><\/span><\/span><\/span><\/span><\/span><\/span><\/span><\/span><\/span><\/span><\/span><\/span><\/span><\/span><\/span><\/span><\/span><\/span><\/span><\/span><\/span><\/span><\/span><\/span><\/span><\/span><\/span><\/span><\/span><\/span><\/span><\/span><\/span><\/span><\/span><\/span><\/span><\/span><\/span><\/span><\/span><\/span><\/span><\/span><\/span><\/span><\/span><\/span><\/span><\/span><\/span><\/span><\/span><\/span><\/span><\/span><\/span><\/span><\/span><\/span><\/span><\/span><\/span><\/span><\/span><\/span><\/span><\/span><\/span><\/span><\/span><\/span><\/span><\/span><\/span><\/span><\/span><\/span><\/span><\/span><\/span><\/span><\/span><\/span><\/span><\/span><\/span><\/span><\/span><\/span><\/span><\/span><\/span><\/span><\/span><\/span><\/span><\/span><\/span><\/span><\/span><\/span><\/span><\/span><\/span><\/span><\/span><\/span><\/span><\/span><\/span><\/span><\/span><\/span><\/span><\/span><\/span><\/span><\/span><\/span><\/span><\/span><\/span><\/span><\/span><\/span><\/span><\/span><\/span><\/span><\/span><\/span><\/span><\/span><\/span><\/span><\/span><\/p>\r\n\r\n<p style=\"text-align:justify; margin-bottom:20px\"><span style=\"font-size:18px\"><span style=\"box-sizing:border-box\"><span style=\"line-height:1.5\"><span style=\"color:#313f48\"><span style=\"font-family:&quot;Roboto Condensed&quot;, Helvetica, Arial, sans-serif\"><span style=\"font-style:normal\"><span style=\"font-variant-ligatures:normal\"><span style=\"font-weight:400\"><span style=\"white-space:normal\"><span style=\"background-color:#ffffff\"><span style=\"text-decoration-thickness:initial\"><span style=\"text-decoration-style:initial\"><span style=\"text-decoration-color:initial\">&nbsp;<\/span><\/span><\/span><\/span><\/span><\/span><\/span><\/span><\/span><\/span><\/span><\/span><\/span><span style=\"font-size:11pt\"><span style=\"line-height:normal\"><span style=\"font-family:Calibri,sans-serif\"><b><span style=\"font-size:18.0pt\"><span style=\"font-variant:small-caps\">Eventos<\/span><\/span><\/b><\/span><\/span><\/span><\/p>\r\n\r\n<p style=\"text-align:justify\"><span style=\"font-size:11pt\"><span style=\"line-height:normal\"><span style=\"font-family:Calibri,sans-serif\"><b><span style=\"font-size:14.0pt\">Workshop Abit | O Seguro como Prote&ccedil;&atilde;o &agrave;s Perdas Patrimoniais<\/span><\/b><span style=\"font-size:14.0pt\">, 19 de setembro de 2023, 09h30 &agrave;s 11h00. <\/span><a href=\"https:\/\/produtos.institutoabit.org.br\/prod\/b43a9ccc-dcf2-40d2-af32-7b0273ceebce?utm_campaign=convite_workshop_seguranca_patrimonial_2809&amp;utm_medium=email&amp;utm_source=RD+Station\" style=\"color:blue; text-decoration:underline\"><span style=\"font-size:14.0pt\">Informa&ccedil;&otilde;es<\/span><\/a> <\/span><\/span><\/span><\/p>\r\n\r\n<p style=\"text-align:justify\"><span style=\"font-size:11pt\"><span style=\"line-height:normal\"><span style=\"font-family:Calibri,sans-serif\"><b><span style=\"font-size:14.0pt\">Abiplast\/Sindiplast &amp; Pl&aacute;sticos em Revista | 13&ordm; Semin&aacute;rio Competitividade<\/span><\/b><span style=\"font-size:14.0pt\">, 19 de setembro de 2023, Hotel Meli&aacute;, Av. Paulista, 2181. <\/span><a href=\"https:\/\/plasticosemrevista.com.br\/competitividade-2023-inscricao\/\" style=\"color:blue; text-decoration:underline\"><span style=\"font-size:14.0pt\">Informa&ccedil;&otilde;es<\/span><\/a> <\/span><\/span><\/span><\/p>\r\n\r\n<p style=\"text-align:justify\"><span style=\"font-size:11pt\"><span style=\"line-height:normal\"><span style=\"font-family:Calibri,sans-serif\"><b><span style=\"font-size:14.0pt\">NasceCME | Conale 2023 - 5&ordf; Edi&ccedil;&atilde;o: Multici&ecirc;ncia e o Estado da Arte nos Processos de Limpeza e Esteriliza&ccedil;&atilde;o<\/span><\/b><span style=\"font-size:14.0pt\">, 23 e 24 de setembro, evento online. <\/span><a href=\"http:\/\/nascecme.com.br\/programa-conale-2023\/\" style=\"color:blue; text-decoration:underline\"><span style=\"font-size:14.0pt\">Programa&ccedil;&atilde;o<\/span><\/a> <\/span><\/span><\/span><\/p>\r\n\r\n<p style=\"text-align:justify\"><span style=\"font-size:11pt\"><span style=\"line-height:normal\"><span style=\"font-family:Calibri,sans-serif\"><b><span style=\"font-size:14.0pt\">Workshop | Log&iacute;stica Reversa de Embalagens no Setor T&amp;C<\/span><\/b><span style=\"font-size:14.0pt\">, 26 de setembro de 2023, 09h30 &agrave;s 11h30. <\/span><a href=\"https:\/\/produtos.institutoabit.org.br\/prod\/166335dc-c12f-4e44-8639-9f6c3263c509?utm_campaign=workshop_logistica_reversa&amp;utm_medium=email&amp;utm_source=RD+Station\" style=\"color:blue; text-decoration:underline\"><span style=\"font-size:14.0pt\">Inscri&ccedil;&otilde;es<\/span><\/a> <\/span><\/span><\/span><\/p>\r\n\r\n<p style=\"text-align:justify\"><span style=\"font-size:11pt\"><span style=\"line-height:normal\"><span style=\"font-family:Calibri,sans-serif\"><b><span style=\"font-size:14.0pt\">CNI\/ SEBRAE | 10&ordm; Congresso Internacional da Inova&ccedil;&atilde;o da Ind&uacute;stria<\/span><\/b><span style=\"font-size:14.0pt\">, 27 e 28 de setembro de 2023, S&atilde;o Paulo Expo.<\/span> <a href=\"https:\/\/www.congressodeinovacao.com.br\/?utm_source=comext&amp;utm_medium=email&amp;utm_campaign=eventos&amp;utm_content=id00053#msdynttrid=gg5jXwSFR7qM4vHH2tKGau3cTwSFDneTjMUhrcPg7vE\" style=\"color:blue; text-decoration:underline\"><span style=\"font-size:14.0pt\">Informa&ccedil;&otilde;es<\/span><\/a> <\/span><\/span><\/span><\/p>\r\n\r\n<p style=\"text-align:justify\"><span style=\"font-size:11pt\"><span style=\"line-height:normal\"><span style=\"font-family:Calibri,sans-serif\"><b><span style=\"font-size:14.0pt\">Reforma Tribut&aacute;ria no Brasil e o Impacto no Com&eacute;rcio Bilateral<\/span><\/b><span style=\"font-size:14.0pt\">, 28 de setembro de 2023, 13h00 &agrave;s 15h00, evento online. <\/span><a href=\"https:\/\/app.rdstation.email\/mail\/233cef00-5faf-4110-8d07-c1c699c6b0b1?utm_campaign=caj__reforma_tributaria_no_brasil_e_o_impacto_no_comercio_bilateral_2809&amp;utm_medium=email&amp;utm_source=RD+Station\" style=\"color:blue; text-decoration:underline\"><span style=\"font-size:14.0pt\">Informa&ccedil;&otilde;es<\/span><\/a> <\/span><\/span><\/span><\/p>\r\n\r\n<p style=\"text-align:justify\"><span style=\"font-size:11pt\"><span style=\"line-height:normal\"><span style=\"font-family:Calibri,sans-serif\"><b><span style=\"font-size:14.0pt\">Apex | Webs&eacute;rie Direto do Mercado: Edi&ccedil;&atilde;o Chile<\/span><\/b><span style=\"font-size:14.0pt\">, 28 de setembro de 2023, 10h00 &agrave;s 11h50, evento online. <\/span><a href=\"https:\/\/7bd46367464f42938043bc2d987cb33f.marketingusercontent.com\/m\/view\/e86Fo4meIRwDytbiqQj4GyC59tOedxOfssOe3iXMWsAx#msdynttrid=AKqy7Xr7FhDI69kPU9AynieogfBoC2FMclE-afqrHps\" style=\"color:blue; text-decoration:underline\"><span style=\"font-size:14.0pt\">Informa&ccedil;&otilde;es<\/span><\/a> <\/span><\/span><\/span><\/p>\r\n\r\n<p style=\"text-align:justify\"><span style=\"font-size:11pt\"><span style=\"line-height:normal\"><span style=\"font-family:Calibri,sans-serif\"><b><span style=\"font-size:14.0pt\">WEBINAR: Revisiting ITMA 2023 &ndash; Groundbreaking innovations from buyers&rsquo; perspectives<\/span><\/b><span style=\"font-size:14.0pt\">, 5 October 2023, Thursday, 10:00 am CEST. <\/span><a href=\"https:\/\/itma.com\/itmaconnect\/events\/groundbreaking-innovations\" style=\"color:blue; text-decoration:underline\"><span style=\"font-size:14.0pt\">Informa&ccedil;&otilde;es<\/span><\/a> <\/span><\/span><\/span><\/p>\r\n\r\n<p style=\"text-align:justify\"><span style=\"font-size:11pt\"><span style=\"line-height:normal\"><span style=\"font-family:Calibri,sans-serif\"><b><span style=\"font-size:14.0pt\">FiltXPO&trade; 2023<\/span><\/b><span class=\"MsoHyperlink\" style=\"color:blue\"><span style=\"text-decoration:underline\"><span style=\"font-size:14.0pt\"><span style=\"text-decoration:none\"><span style=\"text-underline:none\">, <\/span><\/span><\/span><\/span><\/span><span style=\"font-size:14.0pt\">October 10-12, 2023 at Navy Pier in Chicago, Illinois<\/span><span class=\"MsoHyperlink\" style=\"color:blue\"><span style=\"text-decoration:underline\"><span style=\"font-size:14.0pt\"><span style=\"text-decoration:none\"><span style=\"text-underline:none\">. <\/span><\/span><\/span><\/span><\/span><a href=\"https:\/\/www.filtxpo.com\/\" style=\"color:blue; text-decoration:underline\"><span style=\"font-size:14.0pt\">Informa&ccedil;&otilde;es<\/span><\/a> <\/span><\/span><\/span><\/p>\r\n\r\n<p style=\"text-align:justify\"><span style=\"font-size:11pt\"><span style=\"line-height:normal\"><span style=\"font-family:Calibri,sans-serif\"><b><span style=\"font-size:14.0pt\">CONAHP 2023<\/span><\/b><span style=\"font-size:14.0pt\">, 18 e 19 de outubro, Transamerica Expo Center, S&atilde;o Paulo, SP. <\/span><a href=\"https:\/\/conahp.org.br\/2023\/\" style=\"color:blue; text-decoration:underline\"><span style=\"font-size:14.0pt\">Informa&ccedil;&otilde;es<\/span><\/a> <\/span><\/span><\/span><\/p>\r\n\r\n<p style=\"text-align:justify\"><span style=\"font-size:11pt\"><span style=\"line-height:normal\"><span style=\"font-family:Calibri,sans-serif\"><b><span style=\"font-size:14.0pt\">V Congreso Sudamericano de Composites, Poliuretano y Pl&aacute;sticos de Ingenier&iacute;a, <\/span><\/b><span style=\"font-size:14.0pt\">24 e 25 de outubro de 2023, Bogot&aacute;, Col&ocirc;mbia. <\/span><a href=\"http:\/\/www.congresosudamericano.com\/blog.html\" style=\"color:blue; text-decoration:underline\"><span style=\"font-size:14.0pt\">Informa&ccedil;&otilde;es<\/span><\/a> <\/span><\/span><\/span><\/p>\r\n\r\n<p style=\"text-align:justify\"><span style=\"font-size:11pt\"><span style=\"line-height:normal\"><span style=\"font-family:Calibri,sans-serif\"><b><span style=\"font-size:14.0pt\">FEIPLAR COMPOSITES &amp; FEIPUR | Pain&eacute;is Setoriais 2023<\/span><\/b><span style=\"font-size:14.0pt\">, 24, 25 e 26 de outubro de 2023. <\/span><a href=\"http:\/\/newsletter.feiplar.com.br\/accounts\/184158\/messages\/30?email=abint@abint.org.br&amp;c=1693235815&amp;contact_id=3458&amp;envelope_id=21\" style=\"color:blue; text-decoration:underline\"><span style=\"font-size:14.0pt\">Informa&ccedil;&otilde;es<\/span><\/a> <\/span><\/span><\/span><\/p>\r\n\r\n<p style=\"text-align:justify\"><span style=\"font-size:11pt\"><span style=\"line-height:normal\"><span style=\"font-family:Calibri,sans-serif\"><b><span style=\"font-size:14.0pt\">Abrafiltros | 2&ordm; Semin&aacute;rio Brasileiro de Filtros<\/span><\/b><span style=\"font-size:14.0pt\">, 08 de novembro de 2023. <\/span><a href=\"https:\/\/www.abrafiltros.org.br\/seminario\/\" style=\"color:blue; text-decoration:underline\"><span style=\"font-size:14.0pt\">Informa&ccedil;&otilde;es<\/span><\/a> <\/span><\/span><\/span><\/p>\r\n\r\n<p style=\"text-align:justify\"><span style=\"font-size:11pt\"><span style=\"line-height:normal\"><span style=\"font-family:Calibri,sans-serif\"><b><span style=\"font-size:14.0pt\">Industry CCUS 2023,<\/span><\/b> <span style=\"font-size:14.0pt\">29-30 November, Rotterdam, Netherlands.<\/span> <a href=\"https:\/\/fortesmedia.com\/industry-ccus-conference-2023,4,en,2,1,28.html#register\" style=\"color:blue; text-decoration:underline\"><span style=\"font-size:14.0pt\">Informa&ccedil;&otilde;es<\/span><\/a> <\/span><\/span><\/span><\/p>\r\n\r\n<p style=\"text-align:justify\"><span style=\"font-size:11pt\"><span style=\"line-height:normal\"><span style=\"font-family:Calibri,sans-serif\"><b><span style=\"font-size:14.0pt\">FEIPLAR COMPOSITES &amp; FEIPUR &ndash; Feira e Congresso Internacionais de Composites, Poliuretano, Pl&aacute;sticos de Engenharia e Compostos Termopl&aacute;sticos<\/span><\/b><span style=\"font-size:14.0pt\">, 20 a 22 de agosto de 2024, S&atilde;o Paulo Expo (Pavilh&atilde;o 5), palestras: das 8h30 &agrave;s 18h, feira: das 13h &agrave;s 20h.<b> <\/b><\/span><a href=\"http:\/\/www.feiplar.com\" style=\"color:blue; text-decoration:underline\"><span style=\"font-size:14.0pt\">www.feiplar.com<\/span><\/a> <\/span><\/span><\/span><\/p>\r\n\r\n<p style=\"text-align:justify\"><span style=\"font-size:28pt\"><span style=\"font-family:Cambria,serif\"><span style=\"letter-spacing:-0.5pt\"><b><span style=\"font-size:18.0pt\"><span style=\"font-family:&quot;Calibri&quot;,sans-serif\"><span style=\"font-variant:small-caps\">Setor<\/span><\/span><\/span><\/b><\/span><\/span><\/span><\/p>\r\n\r\n<p style=\"text-align:justify\"><span style=\"font-size:11pt\"><span style=\"line-height:normal\"><span style=\"font-family:Calibri,sans-serif\"><a href=\"https:\/\/www.saudemais.tv\/noticia\/46058-barreiro-hospital-barreiro-montijo-substitui-sacos-de-plastico-por-sacos-de-tecido-nao-tecido\" style=\"color:blue; text-decoration:underline\"><span style=\"font-size:14.0pt\">BARREIRO: Hospital Barreiro Montijo substitui sacos de pl&aacute;stico por sacos de tecido n&atilde;o tecido<\/span><\/a><\/span><\/span><\/span><\/p>\r\n\r\n<p style=\"text-align:justify\"><span style=\"font-size:11pt\"><span style=\"line-height:normal\"><span style=\"font-family:Calibri,sans-serif\"><a href=\"https:\/\/anba.com.br\/calcados-20-anos-de-evolucao-nos-embarques-aos-arabes\/\" style=\"color:blue; text-decoration:underline\"><span style=\"font-size:14.0pt\">Cal&ccedil;ados: 20 anos de evolu&ccedil;&atilde;o nos embarques aos &aacute;rabes<\/span><\/a><\/span><\/span><\/span><\/p>\r\n\r\n<p style=\"text-align:justify\"><span style=\"font-size:11pt\"><span style=\"line-height:normal\"><span style=\"font-family:Calibri,sans-serif\"><a href=\"https:\/\/plasticosemrevista.com.br\/mudancas-na-china-pioram-excedente-global-de-pead\/\" style=\"color:blue; text-decoration:underline\"><span style=\"font-size:14.0pt\">Mudan&ccedil;as na China pioram excedente global de PEAD<\/span><\/a><\/span><\/span><\/span><\/p>\r\n\r\n<p style=\"text-align:justify\"><span style=\"font-size:11pt\"><span style=\"line-height:normal\"><span style=\"font-family:Calibri,sans-serif\"><a href=\"https:\/\/blogdoplastico.wordpress.com\/2023\/09\/14\/braskem-anuncia-aquisicao-de-materia-prima-a-partir-de-residuos-plasticos-produzidos-por-empresa-dinamarquesa\/\" style=\"color:blue; text-decoration:underline\"><span style=\"font-size:14.0pt\">Braskem anuncia aquisi&ccedil;&atilde;o de mat&eacute;ria-prima a partir de res&iacute;duos pl&aacute;sticos produzidos por empresa&nbsp;dinamarquesa<\/span><\/a><\/span><\/span><\/span><\/p>\r\n\r\n<p style=\"text-align:justify\"><span style=\"font-size:28pt\"><span style=\"font-family:Cambria,serif\"><span style=\"letter-spacing:-0.5pt\"><b><span style=\"font-size:18.0pt\"><span style=\"font-family:&quot;Calibri&quot;,sans-serif\"><span style=\"font-variant:small-caps\">Ind&uacute;stria<\/span><\/span><\/span><\/b><\/span><\/span><\/span><\/p>\r\n\r\n<p style=\"text-align:justify\"><span style=\"font-size:11pt\"><span style=\"line-height:normal\"><span style=\"font-family:Calibri,sans-serif\"><a href=\"https:\/\/noticias.portaldaindustria.com.br\/noticias\/economia\/confianca-do-industrial-cai-em-setembro-e-interrompe-quatro-meses-de-avanco-afirma-cni\/\" style=\"color:blue; text-decoration:underline\"><span style=\"font-size:14.0pt\">Confian&ccedil;a do industrial cai em setembro e interrompe quatro meses de avan&ccedil;o, afirma CNI<\/span><\/a><\/span><\/span><\/span><\/p>\r\n\r\n<p style=\"text-align:justify\"><span style=\"font-size:11pt\"><span style=\"line-height:normal\"><span style=\"font-family:Calibri,sans-serif\"><a href=\"https:\/\/agenciadenoticias.ibge.gov.br\/agencia-noticias\/2012-agencia-de-noticias\/noticias\/37885-producao-industrial-recua-em-quatorze-dos-15-locais-pesquisados-em-julho-frente-a-junho\" style=\"color:blue; text-decoration:underline\"><span style=\"font-size:14.0pt\">Produ&ccedil;&atilde;o industrial recua em quatorze dos 15 locais pesquisados em julho frente a junho<\/span><\/a><\/span><\/span><\/span><\/p>\r\n\r\n<p style=\"text-align:justify\"><span style=\"font-size:11pt\"><span style=\"line-height:normal\"><span style=\"font-family:Calibri,sans-serif\"><a href=\"https:\/\/agenciadenoticias.ibge.gov.br\/agencia-sala-de-imprensa\/2013-agencia-de-noticias\/releases\/37862-em-agosto-indice-nacional-da-construcao-civil-e-de-0-18\" style=\"color:blue; text-decoration:underline\"><span style=\"font-size:14.0pt\">Em agosto, &Iacute;ndice Nacional da Constru&ccedil;&atilde;o Civil &eacute; de 0,18%<\/span><\/a><\/span><\/span><\/span><\/p>\r\n\r\n<p style=\"text-align:justify\"><span style=\"font-size:11pt\"><span style=\"line-height:normal\"><span style=\"font-family:Calibri,sans-serif\"><a href=\"https:\/\/grandesconstrucoes.com.br\/Noticias\/Exibir\/orcamento-preve-r-184-bi-para-ppps-de-infraestrutura-incluindo-rodovias-e-ferrovias?utm_source=akna&amp;utm_medium=email&amp;utm_campaign=Grandes-Construcoes-Informativo-879-14-09-2023&amp;utm_source=akna&amp;utm_medium=email&amp;utm_campaign=Grandes-Construcoes-Informativo-879-14-09-2023\" style=\"color:blue; text-decoration:underline\"><span style=\"font-size:14.0pt\">Or&ccedil;amento prev&ecirc; R$ 1,84 bi para PPPs de infraestrutura, incluindo rodovias e ferrovias<\/span><\/a><\/span><\/span><\/span><\/p>\r\n\r\n<p style=\"text-align:justify\"><span style=\"font-size:28pt\"><span style=\"font-family:Cambria,serif\"><span style=\"letter-spacing:-0.5pt\"><b><span style=\"font-size:18.0pt\"><span style=\"font-family:&quot;Calibri&quot;,sans-serif\"><span style=\"font-variant:small-caps\">Sustentabilidade<\/span><\/span><\/span><\/b><\/span><\/span><\/span><\/p>\r\n\r\n<p style=\"text-align:justify\"><span style=\"font-size:11pt\"><span style=\"line-height:normal\"><span style=\"font-family:Calibri,sans-serif\"><a href=\"https:\/\/blogdoplastico.wordpress.com\/2023\/09\/18\/estudo-do-picplast-indica-que-indice-de-reciclagem-mecanica-de-plasticos-atingiu-maior-patamar-desde-2018\/\" style=\"color:blue; text-decoration:underline\"><span style=\"font-size:14.0pt\">Estudo do PICPlast indica que &iacute;ndice de reciclagem mec&acirc;nica de pl&aacute;sticos atingiu maior patamar desde 2018<\/span><\/a><\/span><\/span><\/span><\/p>\r\n\r\n<p style=\"text-align:justify\"><span style=\"font-size:11pt\"><span style=\"line-height:normal\"><span style=\"font-family:Calibri,sans-serif\"><a href=\"https:\/\/noticias.portaldaindustria.com.br\/noticias\/sustentabilidade\/dialogo-pre-cop28-debate-papel-da-industria-brasileira-na-agenda-climatica\/\" style=\"color:blue; text-decoration:underline\"><span style=\"font-size:14.0pt\">Di&aacute;logo Pr&eacute;-COP28 debate papel da ind&uacute;stria brasileira na agenda clim&aacute;tica<\/span><\/a><\/span><\/span><\/span><\/p>\r\n\r\n<p style=\"text-align:justify\"><span style=\"font-size:11pt\"><span style=\"line-height:normal\"><span style=\"font-family:Calibri,sans-serif\"><a href=\"https:\/\/portugaltextil.com\/produtores-asiaticos-pedem-ajuda-para-cumprir-regras-da-ue\/?utm_term=Portugal+Textil+-+2023-09-13%3ADATEFORMAT%3Ad.m.Y&amp;utm_campaign=Portugal+Textil+FInal&amp;utm_source=e-goi&amp;utm_medium=email&amp;eg_sub=ef749a4dff&amp;eg_cam=652a90f7bbd2aa62b2f404c86fdd46fc&amp;eg_list=6\" style=\"color:blue; text-decoration:underline\"><span style=\"font-size:14.0pt\">Produtores asi&aacute;ticos pedem ajuda para cumprir regras da UE<\/span><\/a><\/span><\/span><\/span><\/p>\r\n\r\n<p style=\"text-align:justify\"><span style=\"font-size:11pt\"><span style=\"line-height:normal\"><span style=\"font-family:Calibri,sans-serif\"><a href=\"https:\/\/www.inovacaotecnologica.com.br\/noticias\/noticia.php?artigo=principais-plasticos-reciclados-armazenar-energia&amp;id=010125230914\" style=\"color:blue; text-decoration:underline\"><span style=\"font-size:14.0pt\">Principais pl&aacute;sticos podem ser reciclados para armazenar energia<\/span><\/a><\/span><\/span><\/span><\/p>\r\n\r\n<p style=\"text-align:justify\"><span style=\"font-size:28pt\"><span style=\"font-family:Cambria,serif\"><span style=\"letter-spacing:-0.5pt\"><b><span style=\"font-size:18.0pt\"><span style=\"font-family:&quot;Calibri&quot;,sans-serif\"><span style=\"font-variant:small-caps\">Inova&ccedil;&atilde;o<\/span><\/span><\/span><\/b><\/span><\/span><\/span><\/p>\r\n\r\n<p style=\"text-align:justify\"><span style=\"font-size:11pt\"><span style=\"line-height:normal\"><span style=\"font-family:Calibri,sans-serif\"><a href=\"https:\/\/heloisatolipan.com.br\/moda\/senai-cetiqt-pesquisa-de-biocorante-azul-feita-pelo-isi-e-a-enfase-a-sustentabilidade-para-industria-textil-e-cosmetica\/\" style=\"color:blue; text-decoration:underline\"><span style=\"font-size:14.0pt\">SENAI CETIQT: pesquisa de biocorante azul feita pelo ISI &eacute; a &ecirc;nfase &agrave; sustentabilidade para ind&uacute;stria t&ecirc;xtil e cosm&eacute;tica<\/span><\/a><\/span><\/span><\/span><\/p>\r\n\r\n<p style=\"text-align:justify\"><span style=\"font-size:11pt\"><span style=\"line-height:normal\"><span style=\"font-family:Calibri,sans-serif\"><a href=\"https:\/\/portugaltextil.com\/ataque-as-emissoes-de-carbono\/?utm_term=Portugal+Textil+-+2023-09-18%3ADATEFORMAT%3Ad.m.Y&amp;utm_campaign=Portugal+Textil+FInal&amp;utm_source=e-goi&amp;utm_medium=email&amp;eg_sub=ef749a4dff&amp;eg_cam=dbbb7c5676e151e3c6e5e046acb5a995&amp;eg_list=6\" style=\"color:blue; text-decoration:underline\"><span style=\"font-size:14.0pt\">Ataque &agrave;s emiss&otilde;es de carbono<\/span><\/a><\/span><\/span><\/span><\/p>\r\n\r\n<p style=\"text-align:justify\"><span style=\"font-size:11pt\"><span style=\"line-height:normal\"><span style=\"font-family:Calibri,sans-serif\"><a href=\"https:\/\/www.inovacaotecnologica.com.br\/noticias\/noticia.php?artigo=filtro-serragem-madeira-captura-microplasticos&amp;id=020125230911&amp;ebol=sim\" style=\"color:blue; text-decoration:underline\"><span style=\"font-size:14.0pt\">Filtro de serragem de madeira captura at&eacute; 99,9% dos micropl&aacute;sticos na &aacute;gua<\/span><\/a><\/span><\/span><\/span><\/p>\r\n\r\n<p style=\"text-align:justify\"><span style=\"font-size:11pt\"><span style=\"line-height:normal\"><span style=\"font-family:Calibri,sans-serif\"><a href=\"https:\/\/www.inovacaotecnologica.com.br\/noticias\/noticia.php?artigo=folha-solar-inspiracao-biologica-coleta-mais-energia-produz-agua&amp;id=010115230911&amp;ebol=sim\" style=\"color:blue; text-decoration:underline\"><span style=\"font-size:14.0pt\">Folha solar de inspira&ccedil;&atilde;o biol&oacute;gica coleta mais energia e produz &aacute;gua<\/span><\/a><\/span><\/span><\/span><\/p>\r\n\r\n<p style=\"text-align:justify\"><span style=\"font-size:11pt\"><span style=\"line-height:normal\"><span style=\"font-family:Calibri,sans-serif\"><a href=\"https:\/\/www.inovacaotecnologica.com.br\/noticias\/noticia.php?artigo=nanocomposito-diminui-aquecimento-eletronicos-iluminacao-veiculos-eletricos&amp;id=010165230908&amp;ebol=sim\" style=\"color:blue; text-decoration:underline\"><span style=\"font-size:14.0pt\">Nanocomp&oacute;sito extrai calor de eletr&ocirc;nicos, LEDs e baterias<\/span><\/a><\/span><\/span><\/span><\/p>\r\n\r\n<p style=\"text-align:justify\"><span style=\"font-size:28pt\"><span style=\"font-family:Cambria,serif\"><span style=\"letter-spacing:-0.5pt\"><b><span style=\"font-size:18.0pt\"><span style=\"font-family:&quot;Calibri&quot;,sans-serif\"><span style=\"font-variant:small-caps\">Com&eacute;rcio Exterior<\/span><\/span><\/span><\/b><\/span><\/span><\/span><\/p>\r\n\r\n<p style=\"text-align:justify\"><span style=\"font-size:11pt\"><span style=\"line-height:normal\"><span style=\"font-family:Calibri,sans-serif\"><a href=\"https:\/\/www.fibre2fashion.com\/news\/textile-news\/global-trade-resilient-amid-fragmentation-wto-report-290079-newsdetails.htm\" style=\"color:blue; text-decoration:underline\"><span style=\"font-size:14.0pt\">Global trade resilient amid fragmentation: WTO report<\/span><\/a><\/span><\/span><\/span><\/p>\r\n\r\n<p style=\"text-align:justify\"><span style=\"font-size:11pt\"><span style=\"line-height:normal\"><span style=\"font-family:Calibri,sans-serif\"><a href=\"https:\/\/www.technicaltextile.net\/news\/india-s-exports-of-technical-textiles-rise-to-717-mn-in-apr-jun-2023--290059.html\" style=\"color:blue; text-decoration:underline\"><span style=\"font-size:14.0pt\">India&#39;s exports of technical textiles rise to $717 mn in Apr-Jun 2023<\/span><\/a><\/span><\/span><\/span><\/p>\r\n\r\n<p style=\"text-align:justify\"><span style=\"font-size:28pt\"><span style=\"font-family:Cambria,serif\"><span style=\"letter-spacing:-0.5pt\"><b><span style=\"font-size:18.0pt\"><span style=\"font-family:&quot;Calibri&quot;,sans-serif\"><span style=\"font-variant:small-caps\">Economia<\/span><\/span><\/span><\/b><\/span><\/span><\/span><\/p>\r\n\r\n<p style=\"text-align:justify\"><span style=\"font-size:11pt\"><span style=\"line-height:normal\"><span style=\"font-family:Calibri,sans-serif\"><a href=\"https:\/\/www.bcb.gov.br\/content\/focus\/focus\/R20230915.pdf\" style=\"color:blue; text-decoration:underline\"><span style=\"font-size:14.0pt\">Focus &ndash; Relat&oacute;rio de Mercado<\/span><\/a><\/span><\/span><\/span><\/p>\r\n\r\n<p style=\"text-align:justify\"><span style=\"font-size:11pt\"><span style=\"line-height:normal\"><span style=\"font-family:Calibri,sans-serif\"><a href=\"https:\/\/portalibre.fgv.br\/system\/files\/2023-09\/Bar%C3%B4metros%20Globais%20KOF-FGV_Press%20release_09_2023_0.pdf\" style=\"color:blue; text-decoration:underline\"><span style=\"font-size:14.0pt\">Bar&ocirc;metro Global Antecedente sinaliza menor pessimismo<\/span><\/a><\/span><\/span><\/span><\/p>\r\n\r\n<p style=\"text-align:justify\"><span style=\"font-size:11pt\"><span style=\"line-height:normal\"><span style=\"font-family:Calibri,sans-serif\"><a href=\"https:\/\/ibre.fgv.br\/blog-da-conjuntura-economica\/artigos\/cenario-e-desfavoravel-para-reducao-da-incerteza-e-dos-juros\" style=\"color:blue; text-decoration:underline\"><span style=\"font-size:14.0pt\">Cen&aacute;rio &eacute; desfavor&aacute;vel para redu&ccedil;&atilde;o da incerteza e dos juros, afirmam pesquisadores do FGV IBRE em semin&aacute;rio<\/span><\/a><\/span><\/span><\/span><\/p>\r\n\r\n<p style=\"text-align:justify\"><span style=\"font-size:11pt\"><span style=\"line-height:normal\"><span style=\"font-family:Calibri,sans-serif\"><a href=\"https:\/\/lp.euromonitor.com\/white-paper\/global-economic-forecasts-q3-2023\/?utm_source=auto-response_prospects&amp;utm_medium=email&amp;utm_campaign=CT_23_09_05_RE_Global_Economic_Forecasts_Q3&amp;utm_content=CTA\" style=\"color:blue; text-decoration:underline\"><span style=\"font-size:14.0pt\">Global Economic Forecasts Q3 2023<\/span><\/a><\/span><\/span><\/span><\/p>\r\n\r\n<p style=\"text-align:justify\"><span style=\"font-size:11pt\"><span style=\"line-height:normal\"><span style=\"font-family:Calibri,sans-serif\"><a href=\"https:\/\/agenciadenoticias.ibge.gov.br\/agencia-noticias\/2012-agencia-de-noticias\/noticias\/37908-volume-de-vendas-no-comercio-tem-alta-de-0-7-em-julho\" style=\"color:blue; text-decoration:underline\"><span style=\"font-size:14.0pt\">Volume de vendas no com&eacute;rcio tem alta de 0,7% em julho<\/span><\/a><\/span><\/span><\/span><\/p>\r\n\r\n<p style=\"text-align:justify\"><span style=\"font-size:11pt\"><span style=\"line-height:normal\"><span style=\"font-family:Calibri,sans-serif\"><a href=\"https:\/\/agenciadenoticias.ibge.gov.br\/agencia-noticias\/2012-agencia-de-noticias\/noticias\/37865-inflacao-fica-em-0-23-em-agosto-influenciada-pelo-aumento-da-energia-eletrica\" style=\"color:blue; text-decoration:underline\"><span style=\"font-size:14.0pt\">Infla&ccedil;&atilde;o fica em 0,23% em agosto, influenciada pelo aumento da energia el&eacute;trica<\/span><\/a><\/span><\/span><\/span><\/p>\r\n","texto_en":"","7":"","imagem":"COMP_banner-padrao-home-destaques-boletim-2023_20230919180314QV8ZeeJfwo.jpeg","8":"COMP_banner-padrao-home-destaques-boletim-2023_20230919180314QV8ZeeJfwo.jpeg","arquivo":"20230919-NOTICIAS-SEMANAIS.PDF","9":"20230919-NOTICIAS-SEMANAIS.PDF","titulo_arquivo":"20230919 Not\u00edcias Semanais ABINT","10":"20230919 Not\u00edcias Semanais ABINT","titulo_arquivo_en":"","11":"","created_at":"2023-09-19 18:03:24","12":"2023-09-19 18:03:24","updated_at":"2023-09-19 18:03:24","13":"2023-09-19 18:03:24"},{"id":82,"0":82,"ordem":141,"1":141,"data":"2023-09-12","2":"2023-09-12","slug":"boletim-de-noticias-semanais-79","3":"boletim-de-noticias-semanais-79","titulo":"Boletim de Not\u00edcias Semanais","4":"Boletim de Not\u00edcias Semanais","titulo_en":"","5":"","texto":"<p style=\"text-align:justify\"><span style=\"font-size:11pt\"><span style=\"line-height:normal\"><span style=\"font-family:Calibri,sans-serif\"><span style=\"font-size:14.0pt\">Esta &eacute; uma compila&ccedil;&atilde;o das not&iacute;cias mais relevantes para o setor, incluindo informa&ccedil;&otilde;es sobre acordos internacionais, economia brasileira, sustentabilidade e mat&eacute;rias primas, al&eacute;m de novidades do setor de N&atilde;otecidos e Tecidos T&eacute;cnicos.<\/span><\/span><\/span><\/span><\/p>\r\n\r\n<p class=\"MsoTitleCxSpFirst\" style=\"text-align:justify\"><span style=\"font-size:28pt\"><span style=\"font-family:Cambria,serif\"><span style=\"letter-spacing:-0.5pt\"><b><span style=\"font-size:18.0pt\"><span style=\"font-family:&quot;Calibri&quot;,sans-serif\"><span style=\"font-variant:small-caps\">Not&iacute;cias das Associadas<\/span><\/span><\/span><\/b><\/span><\/span><\/span><\/p>\r\n\r\n<p style=\"text-align:justify\"><span style=\"font-size:11pt\"><span style=\"line-height:normal\"><span style=\"font-family:Calibri,sans-serif\"><a href=\"https:\/\/www.nonwovens-industry.com\/contents\/view_breaking-news\/2023-09-08\/berry-to-evaluate-strategic-alternatives-for-its-health-hygiene-and-specialties-segment\/\" style=\"color:blue; text-decoration:underline\"><span style=\"font-size:14.0pt\">Berry to Evaluate Strategic Alternatives for its Health, Hygiene and Specialties Segment<\/span><\/a><\/span><\/span><\/span><\/p>\r\n\r\n<p style=\"text-align:justify\"><span style=\"font-size:28pt\"><span style=\"font-family:Cambria,serif\"><span style=\"letter-spacing:-0.5pt\"><b><span style=\"font-size:18.0pt\"><span style=\"font-family:&quot;Calibri&quot;,sans-serif\"><span style=\"font-variant:small-caps\">A&ccedil;&otilde;es da ABINT<\/span><\/span><\/span><\/b><\/span><\/span><\/span><\/p>\r\n\r\n<p style=\"text-align:justify\">&nbsp;<\/p>\r\n\r\n<p class=\"MsoTitle\" style=\"text-align:justify; margin-bottom:20px\"><span style=\"font-size:18px\"><span style=\"box-sizing:border-box\"><span style=\"line-height:1.5\"><span style=\"color:#313f48\"><span style=\"font-family:&quot;Roboto Condensed&quot;, Helvetica, Arial, sans-serif\"><span style=\"font-style:normal\"><span style=\"font-variant-ligatures:normal\"><span style=\"font-weight:400\"><span style=\"white-space:normal\"><span style=\"background-color:#ffffff\"><span style=\"text-decoration-thickness:initial\"><span style=\"text-decoration-style:initial\"><span style=\"text-decoration-color:initial\"><span style=\"font-size:18px\"><span style=\"box-sizing:border-box\"><span style=\"box-sizing:border-box\"><span style=\"box-sizing:border-box\"><span style=\"line-height:1.5\"><span style=\"box-sizing:border-box\"><span style=\"color:#313f48\"><span style=\"box-sizing:border-box\"><span style=\"font-family:&quot;Roboto Condensed&quot;, Helvetica, Arial, sans-serif\"><span style=\"box-sizing:border-box\"><span style=\"font-style:normal\"><span style=\"box-sizing:border-box\"><span style=\"font-variant-ligatures:normal\"><span style=\"box-sizing:border-box\"><span style=\"font-weight:400\"><span style=\"box-sizing:border-box\"><span style=\"white-space:normal\"><span style=\"box-sizing:border-box\"><span style=\"background-color:#ffffff\"><span style=\"box-sizing:border-box\"><span style=\"text-decoration-thickness:initial\"><span style=\"box-sizing:border-box\"><span style=\"text-decoration-style:initial\"><span style=\"box-sizing:border-box\"><span style=\"text-decoration-color:initial\">&nbsp;<span style=\"font-size:18px\"><span style=\"box-sizing:border-box\"><span style=\"box-sizing:border-box\"><span style=\"box-sizing:border-box\"><span style=\"box-sizing:border-box\"><span style=\"box-sizing:border-box\"><span style=\"line-height:1.5\"><span style=\"box-sizing:border-box\"><span style=\"box-sizing:border-box\"><span style=\"color:#313f48\"><span style=\"box-sizing:border-box\"><span style=\"box-sizing:border-box\"><span style=\"font-family:&quot;Roboto Condensed&quot;, Helvetica, Arial, sans-serif\"><span style=\"box-sizing:border-box\"><span style=\"box-sizing:border-box\"><span style=\"font-style:normal\"><span style=\"box-sizing:border-box\"><span style=\"box-sizing:border-box\"><span style=\"font-variant-ligatures:normal\"><span style=\"box-sizing:border-box\"><span style=\"box-sizing:border-box\"><span style=\"font-weight:400\"><span style=\"box-sizing:border-box\"><span style=\"box-sizing:border-box\"><span style=\"white-space:normal\"><span style=\"box-sizing:border-box\"><span style=\"box-sizing:border-box\"><span style=\"background-color:#ffffff\"><span style=\"box-sizing:border-box\"><span style=\"box-sizing:border-box\"><span style=\"text-decoration-thickness:initial\"><span style=\"box-sizing:border-box\"><span style=\"box-sizing:border-box\"><span style=\"text-decoration-style:initial\"><span style=\"box-sizing:border-box\"><span style=\"box-sizing:border-box\"><span style=\"text-decoration-color:initial\"><span style=\"font-size:14pt\"><span style=\"box-sizing:border-box\"><span style=\"box-sizing:border-box\"><span style=\"box-sizing:border-box\"><span style=\"box-sizing:border-box\"><span style=\"box-sizing:border-box\"><span style=\"box-sizing:border-box\"><span style=\"line-height:21.4667px\"><span style=\"box-sizing:border-box\"><span style=\"box-sizing:border-box\"><span style=\"box-sizing:border-box\"><span style=\"font-family:Calibri, sans-serif\"><img src=\"https:\/\/www.abint.org.br\/assets\/img\/editor\/capa-live-tcc-12092023_20230822145608jortReBZK9.png\" style=\"box-sizing:border-box; border-style:none; width:500px; height:281px\" \/><\/span><\/span><\/span><\/span><\/span><\/span><\/span><\/span><\/span><\/span><\/span><\/span><\/span><\/span><\/span><\/span><\/span><\/span><\/span><\/span><\/span><\/span><\/span><\/span><\/span><\/span><\/span><\/span><\/span><\/span><\/span><\/span><\/span><\/span><\/span><\/span><\/span><\/span><\/span><\/span><\/span><\/span><\/span><\/span><\/span><\/span><\/span><\/span><\/span><\/span><\/span><\/span><\/span><\/span><\/span><\/span><\/span><\/span><\/span><\/span><\/span><\/span><\/span><\/span><\/span><\/span><\/span><\/span><\/span><\/span><\/span><\/span><\/span><\/span><\/span><\/span><\/span><\/span><\/span><\/span><\/span><\/span><\/span><\/span><\/span><\/span><\/span><\/p>\r\n\r\n<p class=\"MsoTitle\" style=\"text-align:justify; margin-bottom:20px\"><span style=\"font-size:18px\"><span style=\"box-sizing:border-box\"><span style=\"line-height:1.5\"><span style=\"color:#313f48\"><span style=\"font-family:&quot;Roboto Condensed&quot;, Helvetica, Arial, sans-serif\"><span style=\"font-style:normal\"><span style=\"font-variant-ligatures:normal\"><span style=\"font-weight:400\"><span style=\"white-space:normal\"><span style=\"background-color:#ffffff\"><span style=\"text-decoration-thickness:initial\"><span style=\"text-decoration-style:initial\"><span style=\"text-decoration-color:initial\"><span style=\"font-size:18px\"><span style=\"box-sizing:border-box\"><span style=\"box-sizing:border-box\"><span style=\"box-sizing:border-box\"><span style=\"line-height:1.5\"><span style=\"box-sizing:border-box\"><span style=\"color:#313f48\"><span style=\"box-sizing:border-box\"><span style=\"font-family:&quot;Roboto Condensed&quot;, Helvetica, Arial, sans-serif\"><span style=\"box-sizing:border-box\"><span style=\"font-style:normal\"><span style=\"box-sizing:border-box\"><span style=\"font-variant-ligatures:normal\"><span style=\"box-sizing:border-box\"><span style=\"font-weight:400\"><span style=\"box-sizing:border-box\"><span style=\"white-space:normal\"><span style=\"box-sizing:border-box\"><span style=\"background-color:#ffffff\"><span style=\"box-sizing:border-box\"><span style=\"text-decoration-thickness:initial\"><span style=\"box-sizing:border-box\"><span style=\"text-decoration-style:initial\"><span style=\"box-sizing:border-box\"><span style=\"text-decoration-color:initial\"><span style=\"font-size:18px\"><span style=\"box-sizing:border-box\"><span style=\"box-sizing:border-box\"><span style=\"box-sizing:border-box\"><span style=\"box-sizing:border-box\"><span style=\"box-sizing:border-box\"><span style=\"line-height:1.5\"><span style=\"box-sizing:border-box\"><span style=\"box-sizing:border-box\"><span style=\"color:#313f48\"><span style=\"box-sizing:border-box\"><span style=\"box-sizing:border-box\"><span style=\"font-family:&quot;Roboto Condensed&quot;, Helvetica, Arial, sans-serif\"><span style=\"box-sizing:border-box\"><span style=\"box-sizing:border-box\"><span style=\"font-style:normal\"><span style=\"box-sizing:border-box\"><span style=\"box-sizing:border-box\"><span style=\"font-variant-ligatures:normal\"><span style=\"box-sizing:border-box\"><span style=\"box-sizing:border-box\"><span style=\"font-weight:400\"><span style=\"box-sizing:border-box\"><span style=\"box-sizing:border-box\"><span style=\"white-space:normal\"><span style=\"box-sizing:border-box\"><span style=\"box-sizing:border-box\"><span style=\"background-color:#ffffff\"><span style=\"box-sizing:border-box\"><span style=\"box-sizing:border-box\"><span style=\"text-decoration-thickness:initial\"><span style=\"box-sizing:border-box\"><span style=\"box-sizing:border-box\"><span style=\"text-decoration-style:initial\"><span style=\"box-sizing:border-box\"><span style=\"box-sizing:border-box\"><span style=\"text-decoration-color:initial\"><b style=\"box-sizing:border-box; font-weight:bolder\"><span style=\"font-size:14pt\"><span style=\"box-sizing:border-box\"><span style=\"box-sizing:border-box\"><span style=\"box-sizing:border-box\"><span style=\"box-sizing:border-box\"><span style=\"box-sizing:border-box\"><span style=\"box-sizing:border-box\"><span style=\"line-height:21.4667px\"><span style=\"box-sizing:border-box\"><span style=\"box-sizing:border-box\"><span style=\"box-sizing:border-box\"><span style=\"font-family:Calibri, sans-serif\">E dia 12\/09, &agrave;s 18h, ser&aacute; a vez de CTG ABINT e IGS Brasil&nbsp;<\/span><\/span><\/span><\/span><\/span><\/span><\/span><\/span><\/span><\/span><\/span><\/span><\/b><span style=\"font-size:14pt\"><span style=\"box-sizing:border-box\"><span style=\"box-sizing:border-box\"><span style=\"box-sizing:border-box\"><span style=\"box-sizing:border-box\"><span style=\"box-sizing:border-box\"><span style=\"box-sizing:border-box\"><span style=\"line-height:21.4667px\"><span style=\"box-sizing:border-box\"><span style=\"box-sizing:border-box\"><span style=\"box-sizing:border-box\"><span style=\"font-family:Calibri, sans-serif\">receberem, tamb&eacute;m no YouTube da Geotecnia Brasil,<b style=\"box-sizing:border-box; font-weight:bolder\">&nbsp;os vencedores da Categoria Trabalho de Conclus&atilde;o de Curso da edi&ccedil;&atilde;o 2022\/2023<\/b>&nbsp;do Pr&ecirc;mio TCC\/IC Tecnologia em Geossint&eacute;ticos &ldquo;Benedito de Souza Bueno&rdquo;.<\/span><\/span><\/span><\/span><\/span><\/span><\/span><\/span><\/span><\/span><\/span><\/span><\/span><\/span><\/span><\/span><\/span><\/span><\/span><\/span><\/span><\/span><\/span><\/span><\/span><\/span><\/span><\/span><\/span><\/span><\/span><\/span><\/span><\/span><\/span><\/span><\/span><\/span><\/span><\/span><\/span><\/span><\/span><\/span><\/span><\/span><\/span><\/span><\/span><\/span><\/span><\/span><\/span><\/span><\/span><\/span><\/span><\/span><\/span><\/span><\/span><\/span><\/span><\/span><\/span><\/span><\/span><\/span><\/span><\/span><\/span><\/span><\/span><\/span><\/span><\/span><\/span><\/span><\/span><\/span><\/span><\/span><\/span><\/span><\/span><\/span><\/span><\/p>\r\n\r\n<p class=\"MsoTitle\" style=\"text-align:justify; margin-bottom:20px\"><span style=\"font-size:18px\"><span style=\"box-sizing:border-box\"><span style=\"line-height:1.5\"><span style=\"color:#313f48\"><span style=\"font-family:&quot;Roboto Condensed&quot;, Helvetica, Arial, sans-serif\"><span style=\"font-style:normal\"><span style=\"font-variant-ligatures:normal\"><span style=\"font-weight:400\"><span style=\"white-space:normal\"><span style=\"background-color:#ffffff\"><span style=\"text-decoration-thickness:initial\"><span style=\"text-decoration-style:initial\"><span style=\"text-decoration-color:initial\">&nbsp;<\/span><\/span><\/span><\/span><\/span><\/span><\/span><\/span><\/span><\/span><\/span><\/span><\/span><span style=\"font-size:18px\"><span style=\"box-sizing:border-box\"><span style=\"line-height:1.5\"><span style=\"color:#313f48\"><span style=\"font-family:&quot;Roboto Condensed&quot;, Helvetica, Arial, sans-serif\"><span style=\"font-style:normal\"><span style=\"font-variant-ligatures:normal\"><span style=\"font-weight:400\"><span style=\"white-space:normal\"><span style=\"background-color:#ffffff\"><span style=\"text-decoration-thickness:initial\"><span style=\"text-decoration-style:initial\"><span style=\"text-decoration-color:initial\"><span style=\"font-size:18px\"><span style=\"box-sizing:border-box\"><span style=\"box-sizing:border-box\"><span style=\"box-sizing:border-box\"><span style=\"line-height:1.5\"><span style=\"box-sizing:border-box\"><span style=\"color:#313f48\"><span style=\"box-sizing:border-box\"><span style=\"font-family:&quot;Roboto Condensed&quot;, Helvetica, Arial, sans-serif\"><span style=\"box-sizing:border-box\"><span style=\"font-style:normal\"><span style=\"box-sizing:border-box\"><span style=\"font-variant-ligatures:normal\"><span style=\"box-sizing:border-box\"><span style=\"font-weight:400\"><span style=\"box-sizing:border-box\"><span style=\"white-space:normal\"><span style=\"box-sizing:border-box\"><span style=\"background-color:#ffffff\"><span style=\"box-sizing:border-box\"><span style=\"text-decoration-thickness:initial\"><span style=\"box-sizing:border-box\"><span style=\"text-decoration-style:initial\"><span style=\"box-sizing:border-box\"><span style=\"text-decoration-color:initial\">&nbsp;<span style=\"font-size:18px\"><span style=\"box-sizing:border-box\"><span style=\"box-sizing:border-box\"><span style=\"box-sizing:border-box\"><span style=\"box-sizing:border-box\"><span style=\"box-sizing:border-box\"><span style=\"line-height:1.5\"><span style=\"box-sizing:border-box\"><span style=\"box-sizing:border-box\"><span style=\"color:#313f48\"><span style=\"box-sizing:border-box\"><span style=\"box-sizing:border-box\"><span style=\"font-family:&quot;Roboto Condensed&quot;, Helvetica, Arial, sans-serif\"><span style=\"box-sizing:border-box\"><span style=\"box-sizing:border-box\"><span style=\"font-style:normal\"><span style=\"box-sizing:border-box\"><span style=\"box-sizing:border-box\"><span style=\"font-variant-ligatures:normal\"><span style=\"box-sizing:border-box\"><span style=\"box-sizing:border-box\"><span style=\"font-weight:400\"><span style=\"box-sizing:border-box\"><span style=\"box-sizing:border-box\"><span style=\"white-space:normal\"><span style=\"box-sizing:border-box\"><span style=\"box-sizing:border-box\"><span style=\"background-color:#ffffff\"><span style=\"box-sizing:border-box\"><span style=\"box-sizing:border-box\"><span style=\"text-decoration-thickness:initial\"><span style=\"box-sizing:border-box\"><span style=\"box-sizing:border-box\"><span style=\"text-decoration-style:initial\"><span style=\"box-sizing:border-box\"><span style=\"box-sizing:border-box\"><span style=\"text-decoration-color:initial\"><span style=\"font-size:18px\"><span style=\"box-sizing:border-box\"><span style=\"box-sizing:border-box\"><span style=\"box-sizing:border-box\"><span style=\"box-sizing:border-box\"><span style=\"box-sizing:border-box\"><span style=\"box-sizing:border-box\"><span style=\"box-sizing:border-box\"><span style=\"line-height:1.5\"><span style=\"box-sizing:border-box\"><span style=\"box-sizing:border-box\"><span style=\"box-sizing:border-box\"><span style=\"color:#313f48\"><span style=\"box-sizing:border-box\"><span style=\"box-sizing:border-box\"><span style=\"box-sizing:border-box\"><span style=\"font-family:&quot;Roboto Condensed&quot;, Helvetica, Arial, sans-serif\"><span style=\"box-sizing:border-box\"><span style=\"box-sizing:border-box\"><span style=\"box-sizing:border-box\"><span style=\"font-style:normal\"><span style=\"box-sizing:border-box\"><span style=\"box-sizing:border-box\"><span style=\"box-sizing:border-box\"><span style=\"font-variant-ligatures:normal\"><span style=\"box-sizing:border-box\"><span style=\"box-sizing:border-box\"><span style=\"box-sizing:border-box\"><span style=\"font-weight:400\"><span style=\"box-sizing:border-box\"><span style=\"box-sizing:border-box\"><span style=\"box-sizing:border-box\"><span style=\"white-space:normal\"><span style=\"box-sizing:border-box\"><span style=\"box-sizing:border-box\"><span style=\"box-sizing:border-box\"><span style=\"background-color:#ffffff\"><span style=\"box-sizing:border-box\"><span style=\"box-sizing:border-box\"><span style=\"box-sizing:border-box\"><span style=\"text-decoration-thickness:initial\"><span style=\"box-sizing:border-box\"><span style=\"box-sizing:border-box\"><span style=\"box-sizing:border-box\"><span style=\"text-decoration-style:initial\"><span style=\"box-sizing:border-box\"><span style=\"box-sizing:border-box\"><span style=\"box-sizing:border-box\"><span style=\"text-decoration-color:initial\"><span style=\"font-size:11pt\"><span style=\"box-sizing:border-box\"><span style=\"box-sizing:border-box\"><span style=\"box-sizing:border-box\"><span style=\"box-sizing:border-box\"><span style=\"box-sizing:border-box\"><span style=\"box-sizing:border-box\"><span style=\"box-sizing:border-box\"><span style=\"box-sizing:border-box\"><span style=\"line-height:16.8667px\"><span style=\"box-sizing:border-box\"><span style=\"box-sizing:border-box\"><span style=\"box-sizing:border-box\"><span style=\"box-sizing:border-box\"><span style=\"font-family:Calibri, sans-serif\"><b style=\"box-sizing:border-box; font-weight:bolder\"><span style=\"font-size:14pt\"><span style=\"box-sizing:border-box\"><span style=\"box-sizing:border-box\"><span style=\"box-sizing:border-box\"><span style=\"box-sizing:border-box\"><span style=\"box-sizing:border-box\"><span style=\"box-sizing:border-box\"><span style=\"box-sizing:border-box\"><span style=\"box-sizing:border-box\"><span style=\"line-height:21.4667px\"><span style=\"box-sizing:border-box\"><span style=\"box-sizing:border-box\"><span style=\"box-sizing:border-box\"><span style=\"box-sizing:border-box\"><span style=\"color:blue\"><img src=\"https:\/\/www.abint.org.br\/assets\/img\/editor\/congresso-internacional-abit-2023_202308151414212LkdNBSzdA.png\" style=\"box-sizing:border-box; border-style:none; width:500px; height:442px\" \/><\/span><\/span><\/span><\/span><\/span><\/span><\/span><\/span><\/span><\/span><\/span><\/span><\/span><\/span><\/span><\/b><\/span><\/span><\/span><\/span><\/span><\/span><\/span><\/span><\/span><\/span><\/span><\/span><\/span><\/span><\/span><\/span><\/span><\/span><\/span><\/span><\/span><\/span><\/span><\/span><\/span><\/span><\/span><\/span><\/span><\/span><\/span><\/span><\/span><\/span><\/span><\/span><\/span><\/span><\/span><\/span><\/span><\/span><\/span><\/span><\/span><\/span><\/span><\/span><\/span><\/span><\/span><\/span><\/span><\/span><\/span><\/span><\/span><\/span><\/span><\/span><\/span><\/span><\/span><\/span><\/span><\/span><\/span><\/span><\/span><\/span><\/span><\/span><\/span><\/span><\/span><\/span><\/span><\/span><\/span><\/span><\/span><\/span><\/span><\/span><\/span><\/span><\/span><\/span><\/span><\/span><\/span><\/span><\/span><\/span><\/span><\/span><\/span><\/span><\/span><\/span><\/span><\/span><\/span><\/span><\/span><\/span><\/span><\/span><\/span><\/span><\/span><\/span><\/span><\/span><\/span><\/span><\/span><\/span><\/span><\/span><\/span><\/span><\/span><\/span><\/span><\/span><\/span><\/span><\/span><\/span><\/span><\/span><\/span><\/span><\/span><\/span><\/span><\/span><\/span><\/p>\r\n\r\n<p style=\"text-align:justify; margin-bottom:20px\"><span style=\"font-size:18px\"><span style=\"box-sizing:border-box\"><span style=\"line-height:1.5\"><span style=\"color:#313f48\"><span style=\"font-family:&quot;Roboto Condensed&quot;, Helvetica, Arial, sans-serif\"><span style=\"font-style:normal\"><span style=\"font-variant-ligatures:normal\"><span style=\"font-weight:400\"><span style=\"white-space:normal\"><span style=\"background-color:#ffffff\"><span style=\"text-decoration-thickness:initial\"><span style=\"text-decoration-style:initial\"><span style=\"text-decoration-color:initial\"><span style=\"font-size:18px\"><span style=\"box-sizing:border-box\"><span style=\"box-sizing:border-box\"><span style=\"box-sizing:border-box\"><span style=\"line-height:1.5\"><span style=\"box-sizing:border-box\"><span style=\"color:#313f48\"><span style=\"box-sizing:border-box\"><span style=\"font-family:&quot;Roboto Condensed&quot;, Helvetica, Arial, sans-serif\"><span style=\"box-sizing:border-box\"><span style=\"font-style:normal\"><span style=\"box-sizing:border-box\"><span style=\"font-variant-ligatures:normal\"><span style=\"box-sizing:border-box\"><span style=\"font-weight:400\"><span style=\"box-sizing:border-box\"><span style=\"white-space:normal\"><span style=\"box-sizing:border-box\"><span style=\"background-color:#ffffff\"><span style=\"box-sizing:border-box\"><span style=\"text-decoration-thickness:initial\"><span style=\"box-sizing:border-box\"><span style=\"text-decoration-style:initial\"><span style=\"box-sizing:border-box\"><span style=\"text-decoration-color:initial\"><span style=\"font-size:18px\"><span style=\"box-sizing:border-box\"><span style=\"box-sizing:border-box\"><span style=\"box-sizing:border-box\"><span style=\"box-sizing:border-box\"><span style=\"box-sizing:border-box\"><span style=\"line-height:1.5\"><span style=\"box-sizing:border-box\"><span style=\"box-sizing:border-box\"><span style=\"color:#313f48\"><span style=\"box-sizing:border-box\"><span style=\"box-sizing:border-box\"><span style=\"font-family:&quot;Roboto Condensed&quot;, Helvetica, Arial, sans-serif\"><span style=\"box-sizing:border-box\"><span style=\"box-sizing:border-box\"><span style=\"font-style:normal\"><span style=\"box-sizing:border-box\"><span style=\"box-sizing:border-box\"><span style=\"font-variant-ligatures:normal\"><span style=\"box-sizing:border-box\"><span style=\"box-sizing:border-box\"><span style=\"font-weight:400\"><span style=\"box-sizing:border-box\"><span style=\"box-sizing:border-box\"><span style=\"white-space:normal\"><span style=\"box-sizing:border-box\"><span style=\"box-sizing:border-box\"><span style=\"background-color:#ffffff\"><span style=\"box-sizing:border-box\"><span style=\"box-sizing:border-box\"><span style=\"text-decoration-thickness:initial\"><span style=\"box-sizing:border-box\"><span style=\"box-sizing:border-box\"><span style=\"text-decoration-style:initial\"><span style=\"box-sizing:border-box\"><span style=\"box-sizing:border-box\"><span style=\"text-decoration-color:initial\"><span style=\"font-size:18px\"><span style=\"box-sizing:border-box\"><span style=\"box-sizing:border-box\"><span style=\"box-sizing:border-box\"><span style=\"box-sizing:border-box\"><span style=\"box-sizing:border-box\"><span style=\"box-sizing:border-box\"><span style=\"box-sizing:border-box\"><span style=\"line-height:1.5\"><span style=\"box-sizing:border-box\"><span style=\"box-sizing:border-box\"><span style=\"box-sizing:border-box\"><span style=\"color:#313f48\"><span style=\"box-sizing:border-box\"><span style=\"box-sizing:border-box\"><span style=\"box-sizing:border-box\"><span style=\"font-family:&quot;Roboto Condensed&quot;, Helvetica, Arial, sans-serif\"><span style=\"box-sizing:border-box\"><span style=\"box-sizing:border-box\"><span style=\"box-sizing:border-box\"><span style=\"font-style:normal\"><span style=\"box-sizing:border-box\"><span style=\"box-sizing:border-box\"><span style=\"box-sizing:border-box\"><span style=\"font-variant-ligatures:normal\"><span style=\"box-sizing:border-box\"><span style=\"box-sizing:border-box\"><span style=\"box-sizing:border-box\"><span style=\"font-weight:400\"><span style=\"box-sizing:border-box\"><span style=\"box-sizing:border-box\"><span style=\"box-sizing:border-box\"><span style=\"white-space:normal\"><span style=\"box-sizing:border-box\"><span style=\"box-sizing:border-box\"><span style=\"box-sizing:border-box\"><span style=\"background-color:#ffffff\"><span style=\"box-sizing:border-box\"><span style=\"box-sizing:border-box\"><span style=\"box-sizing:border-box\"><span style=\"text-decoration-thickness:initial\"><span style=\"box-sizing:border-box\"><span style=\"box-sizing:border-box\"><span style=\"box-sizing:border-box\"><span style=\"text-decoration-style:initial\"><span style=\"box-sizing:border-box\"><span style=\"box-sizing:border-box\"><span style=\"box-sizing:border-box\"><span style=\"text-decoration-color:initial\"><span style=\"font-size:11pt\"><span style=\"box-sizing:border-box\"><span style=\"box-sizing:border-box\"><span style=\"box-sizing:border-box\"><span style=\"box-sizing:border-box\"><span style=\"box-sizing:border-box\"><span style=\"box-sizing:border-box\"><span style=\"box-sizing:border-box\"><span style=\"box-sizing:border-box\"><span style=\"line-height:normal\"><span style=\"box-sizing:border-box\"><span style=\"box-sizing:border-box\"><span style=\"box-sizing:border-box\"><span style=\"box-sizing:border-box\"><span style=\"font-family:Calibri, sans-serif\"><b style=\"box-sizing:border-box; font-weight:bolder\"><span style=\"font-size:14pt\"><span style=\"box-sizing:border-box\"><span style=\"box-sizing:border-box\"><span style=\"box-sizing:border-box\"><span style=\"box-sizing:border-box\">A ABINT &eacute; uma das patrocinadoras do Congresso Internacional ABIT 2023,&nbsp;<\/span><\/span><\/span><\/span><\/span><\/b><span style=\"font-size:14pt\"><span style=\"box-sizing:border-box\"><span style=\"box-sizing:border-box\"><span style=\"box-sizing:border-box\"><span style=\"box-sizing:border-box\">que ocorrer&aacute;<b style=\"box-sizing:border-box; font-weight:bolder\">&nbsp;dias 08 e 09 de novembro, na FIESC, Florian&oacute;polis, SC.&nbsp;<\/b><\/span><\/span><\/span><\/span><\/span><\/span><\/span><\/span><\/span><\/span><\/span><\/span><\/span><\/span><\/span><span style=\"box-sizing:border-box\"><span style=\"box-sizing:border-box\"><span style=\"box-sizing:border-box\"><span style=\"box-sizing:border-box\"><span style=\"line-height:16.8667px\"><span style=\"box-sizing:border-box\"><span style=\"box-sizing:border-box\"><span style=\"box-sizing:border-box\"><span style=\"box-sizing:border-box\"><span style=\"font-family:Calibri, sans-serif\"><a href=\"https:\/\/t.rdsv1.net\/ls\/click?upn=LFSWB5boDXSqxt4eHgA5r3YUv3HG6yY4XTXT-2BpjEpFmt56yR61Gu09ER-2Bq95-2FgFAbN46ClwLMWPZzveVybfat1CKHOKhUUtOIVaFgsR5U28dlEKVouFrV1iSMaKnlWHCANmwKiZ4x1Oy9BDRL5tuTGPXgO91zEc1uo-2FbtPYQFm3y4fMGnbuiV3FEKs9g9uy1l2sL_iW8zc4KBvTUX2z9kws1M6pjQI9DpNNh-2Fk6fgMN4DbaFx-2BL1o5swSv2HtiLB2iGFhqxZ0654f80VOIjakRycDjcrdu1MF6BdTRc4d4wYs0wcxXXPsRygypvnzeOAhjjgiEkGX1jMsv1FD9IiN0mt5TiPA-2F-2FcYbMJqgkOyyeRxcI4izBTlMz4tYAchHCwHneJZvJXH0y9HeVp67XkJynQGH21X32t2y1CeSaYEq0zVO-2BnyLK4mDGipKkH-2FZQCwU2MKfdHIIgVMZzvyz5G5cXFeOFC58YiNyn2cnMPO14gymNMfyWFH-2BHHlC3b47l7V1Qmqxs4es-2BeyjBwNpbTVF3mKTVfvVN8KGLr0cqLDBhDLHrW7KPcTfpWgS5gfvWdAKEPOEmZKoo4k2kAi0PFh6jxFYAV2tXcAZfbY2kx8RXrY81D1SMCEBW0alhXBRKfUMvljxKCVojmlXya75YoxeWm0PKiSpaikvnyQHb1SYVAvooBBGQr8kVTT7gfi2jpYOB7Yz3v8ovwiOQwMF4kMzI4BGg58Stg7NIyaStQsDmhOsSp6GMNA3SG1UPw-2Fljh3rhjS-2BFt0EiGPe9cI33b9n1X0Y0ud-2BOFmeXkp5V9mMyq0eViPM4g6fXMuiRQFG1Lhn1lb5TsAtW9vCVxHdYrOB-2F6cV4-2FiOK5JwicsxDApwdvwvys-3D\" style=\"box-sizing:border-box; text-decoration:underline; color:blue; transition:color 0.3s ease 0s; outline-width:0px\"><span style=\"font-size:14pt\"><span style=\"box-sizing:border-box\"><span style=\"box-sizing:border-box\"><span style=\"box-sizing:border-box\"><span style=\"box-sizing:border-box\"><span style=\"box-sizing:border-box\"><span style=\"box-sizing:border-box\"><span style=\"box-sizing:border-box\"><span style=\"box-sizing:border-box\"><span style=\"line-height:21.4667px\">Informa&ccedil;&otilde;es<\/span><\/span><\/span><\/span><\/span><\/span><\/span><\/span><\/span><\/span><\/a><\/span><\/span><\/span><\/span><\/span><\/span><\/span><\/span><\/span><\/span><\/span><\/span><\/span><\/span><\/span><\/span><\/span><\/span><\/span><\/span><\/span><\/span><\/span><\/span><\/span><\/span><\/span><\/span><\/span><\/span><\/span><\/span><\/span><\/span><\/span><\/span><\/span><\/span><\/span><\/span><\/span><\/span><\/span><\/span><\/span><\/span><\/span><\/span><\/span><\/span><\/span><\/span><\/span><\/span><\/span><\/span><\/span><\/span><\/span><\/span><\/span><\/span><\/span><\/span><\/span><\/span><\/span><\/span><\/span><\/span><\/span><\/span><\/span><\/span><\/span><\/span><\/span><\/span><\/span><\/span><\/span><\/span><\/span><\/span><\/span><\/span><\/span><\/span><\/span><\/span><\/span><\/span><\/span><\/span><\/span><\/span><\/span><\/span><\/span><\/span><\/span><\/span><\/span><\/span><\/span><\/span><\/span><\/span><\/span><\/span><\/span><\/span><\/span><\/span><\/span><\/span><\/span><\/span><\/span><\/span><\/span><\/span><\/span><\/span><\/span><\/span><\/span><\/span><\/span><\/span><\/span><\/span><\/span><\/span><\/span><\/span><\/span><\/span><\/span><\/p>\r\n\r\n<p style=\"text-align:justify; margin-bottom:20px\">&nbsp;<\/p>\r\n\r\n<p style=\"text-align:justify\"><span style=\"font-size:11pt\"><span style=\"line-height:normal\"><span style=\"font-family:Calibri,sans-serif\"><b><span style=\"font-size:18.0pt\"><span style=\"font-variant:small-caps\">Eventos<\/span><\/span><\/b><\/span><\/span><\/span><\/p>\r\n\r\n<p style=\"text-align:justify\"><span style=\"font-size:11pt\"><span style=\"line-height:normal\"><span style=\"font-family:Calibri,sans-serif\"><b><span style=\"font-size:14.0pt\">22&ordf; FEBRAVA - Feira Internacional de Refrigera&ccedil;&atilde;o, Ar-Condicionado, Ventila&ccedil;&atilde;o, Aquecimento, Tratamento de Ar e de &Aacute;guas<\/span><\/b><span style=\"font-size:14.0pt\">, 12 a 15 de setembro de 2023, S&atilde;o Paulo Expo. <\/span><a href=\"https:\/\/www.febrava.com.br\/pt-br.html\" style=\"color:blue; text-decoration:underline\"><span style=\"font-size:14.0pt\">Informa&ccedil;&otilde;es<\/span><\/a> <\/span><\/span><\/span><\/p>\r\n\r\n<p style=\"text-align:justify\"><span style=\"font-size:11pt\"><span style=\"line-height:normal\"><span style=\"font-family:Calibri,sans-serif\"><b><span style=\"font-size:14.0pt\">18&ordm; CONBRAVA &ndash; Congresso Brasileiro de Refrigera&ccedil;&atilde;o, Ar-Condicionado, Ventila&ccedil;&atilde;o, Aquecimento e Tratamento de Ar | &ldquo;AVACR rumo ao um futuro sustent&aacute;vel e saud&aacute;vel&rdquo;, <\/span><\/b><span style=\"font-size:14.0pt\">13 a 15 de setembro de 2023, S&atilde;o Paulo Expo, SP. <\/span><a href=\"http:\/\/conbrava.comercial.ws\/site\/\" style=\"color:blue; text-decoration:underline\"><span style=\"font-size:14.0pt\">Informa&ccedil;&otilde;es<\/span><\/a> <\/span><\/span><\/span><\/p>\r\n\r\n<p style=\"text-align:justify\"><span style=\"font-size:11pt\"><span style=\"line-height:normal\"><span style=\"font-family:Calibri,sans-serif\"><b><span style=\"font-size:14.0pt\">FGV IBRE | III Semin&aacute;rio de An&aacute;lise Conjuntural<\/span><\/b><span style=\"font-size:14.0pt\">, 14 de setembro de 2023, 10h00 &agrave;s 11h30, transmiss&atilde;o Youtube FGV. <\/span><a href=\"https:\/\/evento.fgv.br\/analiseconjuntural_1409\/\" style=\"color:blue; text-decoration:underline\"><span style=\"font-size:14.0pt\">Inscri&ccedil;&otilde;es<\/span><\/a> <\/span><\/span><\/span><\/p>\r\n\r\n<p style=\"text-align:justify\"><span style=\"font-size:11pt\"><span style=\"line-height:normal\"><span style=\"font-family:Calibri,sans-serif\"><b><span style=\"font-size:14.0pt\">Workshop Abit | O Seguro como Prote&ccedil;&atilde;o &agrave;s Perdas Patrimoniais<\/span><\/b><span style=\"font-size:14.0pt\">, 19 de setembro de 2023, 09h30 &agrave;s 11h00. <\/span><a href=\"https:\/\/produtos.institutoabit.org.br\/prod\/b43a9ccc-dcf2-40d2-af32-7b0273ceebce?utm_campaign=convite_workshop_seguranca_patrimonial_2809&amp;utm_medium=email&amp;utm_source=RD+Station\" style=\"color:blue; text-decoration:underline\"><span style=\"font-size:14.0pt\">Informa&ccedil;&otilde;es<\/span><\/a> <\/span><\/span><\/span><\/p>\r\n\r\n<p style=\"text-align:justify\"><span style=\"font-size:11pt\"><span style=\"line-height:normal\"><span style=\"font-family:Calibri,sans-serif\"><b><span style=\"font-size:14.0pt\">Abiplast\/Sindiplast &amp; Pl&aacute;sticos em Revista | 13&ordm; Semin&aacute;rio Competitividade<\/span><\/b><span style=\"font-size:14.0pt\">, 19 de setembro de 2023, Hotel Meli&aacute;, Av. Paulista, 2181. <\/span><a href=\"https:\/\/plasticosemrevista.com.br\/competitividade-2023-inscricao\/\" style=\"color:blue; text-decoration:underline\"><span style=\"font-size:14.0pt\">Informa&ccedil;&otilde;es<\/span><\/a> <\/span><\/span><\/span><\/p>\r\n\r\n<p style=\"text-align:justify\"><span style=\"font-size:11pt\"><span style=\"line-height:normal\"><span style=\"font-family:Calibri,sans-serif\"><b><span style=\"font-size:14.0pt\">NasceCME | Conale 2023 - 5&ordf; Edi&ccedil;&atilde;o: Multici&ecirc;ncia e o Estado da Arte nos Processos de Limpeza e Esteriliza&ccedil;&atilde;o<\/span><\/b><span style=\"font-size:14.0pt\">, 23 e 24 de setembro, evento online. <\/span><a href=\"http:\/\/nascecme.com.br\/programa-conale-2023\/\" style=\"color:blue; text-decoration:underline\"><span style=\"font-size:14.0pt\">Programa&ccedil;&atilde;o<\/span><\/a> <\/span><\/span><\/span><\/p>\r\n\r\n<p style=\"text-align:justify\"><span style=\"font-size:11pt\"><span style=\"line-height:normal\"><span style=\"font-family:Calibri,sans-serif\"><b><span style=\"font-size:14.0pt\">Workshop | Log&iacute;stica Reversa de Embalagens no Setor T&amp;C<\/span><\/b><span style=\"font-size:14.0pt\">, 26 de setembro de 2023, 09h30 &agrave;s 11h30. <\/span><a href=\"https:\/\/produtos.institutoabit.org.br\/prod\/166335dc-c12f-4e44-8639-9f6c3263c509?utm_campaign=workshop_logistica_reversa&amp;utm_medium=email&amp;utm_source=RD+Station\" style=\"color:blue; text-decoration:underline\"><span style=\"font-size:14.0pt\">Inscri&ccedil;&otilde;es<\/span><\/a> <\/span><\/span><\/span><\/p>\r\n\r\n<p style=\"text-align:justify\"><span style=\"font-size:11pt\"><span style=\"line-height:normal\"><span style=\"font-family:Calibri,sans-serif\"><b><span style=\"font-size:14.0pt\">CNI\/ SEBRAE | 10&ordm; Congresso Internacional da Inova&ccedil;&atilde;o da Ind&uacute;stria<\/span><\/b><span style=\"font-size:14.0pt\">, 27 e 28 de setembro de 2023, S&atilde;o Paulo Expo.<\/span> <a href=\"https:\/\/www.congressodeinovacao.com.br\/?utm_source=comext&amp;utm_medium=email&amp;utm_campaign=eventos&amp;utm_content=id00053#msdynttrid=gg5jXwSFR7qM4vHH2tKGau3cTwSFDneTjMUhrcPg7vE\" style=\"color:blue; text-decoration:underline\"><span style=\"font-size:14.0pt\">Informa&ccedil;&otilde;es<\/span><\/a> <\/span><\/span><\/span><\/p>\r\n\r\n<p style=\"text-align:justify\"><span style=\"font-size:11pt\"><span style=\"line-height:normal\"><span style=\"font-family:Calibri,sans-serif\"><b><span style=\"font-size:14.0pt\">Semin&aacute;rio Abiquim de Tecnologia e Inova&ccedil;&atilde;o 2023, <\/span><\/b><span style=\"font-size:14.0pt\">05 de outubro de 2023, 08h30 &agrave;s 17h30, evento presencial, S&atilde;o Paulo, SP.<\/span><\/span><\/span><\/span><\/p>\r\n\r\n<p style=\"text-align:justify\"><span style=\"font-size:11pt\"><span style=\"line-height:normal\"><span style=\"font-family:Calibri,sans-serif\"><b><span style=\"font-size:14.0pt\">FiltXPO&trade; 2023<\/span><\/b><span class=\"MsoHyperlink\" style=\"color:blue\"><span style=\"text-decoration:underline\"><span style=\"font-size:14.0pt\"><span style=\"text-decoration:none\"><span style=\"text-underline:none\">, <\/span><\/span><\/span><\/span><\/span><span style=\"font-size:14.0pt\">October 10-12, 2023 at Navy Pier in Chicago, Illinois<\/span><span class=\"MsoHyperlink\" style=\"color:blue\"><span style=\"text-decoration:underline\"><span style=\"font-size:14.0pt\"><span style=\"text-decoration:none\"><span style=\"text-underline:none\">. <\/span><\/span><\/span><\/span><\/span><a href=\"https:\/\/www.filtxpo.com\/\" style=\"color:blue; text-decoration:underline\"><span style=\"font-size:14.0pt\">Informa&ccedil;&otilde;es<\/span><\/a> <\/span><\/span><\/span><\/p>\r\n\r\n<p style=\"text-align:justify\"><span style=\"font-size:11pt\"><span style=\"line-height:normal\"><span style=\"font-family:Calibri,sans-serif\"><b><span style=\"font-size:14.0pt\">CONAHP 2023<\/span><\/b><span style=\"font-size:14.0pt\">, 18 e 19 de outubro, Transamerica Expo Center, S&atilde;o Paulo, SP. <\/span><a href=\"https:\/\/conahp.org.br\/2023\/\" style=\"color:blue; text-decoration:underline\"><span style=\"font-size:14.0pt\">Informa&ccedil;&otilde;es<\/span><\/a> <\/span><\/span><\/span><\/p>\r\n\r\n<p style=\"text-align:justify\"><span style=\"font-size:11pt\"><span style=\"line-height:normal\"><span style=\"font-family:Calibri,sans-serif\"><b><span style=\"font-size:14.0pt\">V Congreso Sudamericano de Composites, Poliuretano y Pl&aacute;sticos de Ingenier&iacute;a, <\/span><\/b><span style=\"font-size:14.0pt\">24 e 25 de outubro de 2023, Bogot&aacute;, Col&ocirc;mbia. <\/span><a href=\"http:\/\/www.congresosudamericano.com\/blog.html\" style=\"color:blue; text-decoration:underline\"><span style=\"font-size:14.0pt\">Informa&ccedil;&otilde;es<\/span><\/a> <\/span><\/span><\/span><\/p>\r\n\r\n<p style=\"text-align:justify\"><span style=\"font-size:11pt\"><span style=\"line-height:normal\"><span style=\"font-family:Calibri,sans-serif\"><b><span style=\"font-size:14.0pt\">FEIPLAR COMPOSITES &amp; FEIPUR | Pain&eacute;is Setoriais 2023<\/span><\/b><span style=\"font-size:14.0pt\">, 24, 25 e 26 de outubro de 2023. <\/span><a href=\"http:\/\/newsletter.feiplar.com.br\/accounts\/184158\/messages\/30?email=abint@abint.org.br&amp;c=1693235815&amp;contact_id=3458&amp;envelope_id=21\" style=\"color:blue; text-decoration:underline\"><span style=\"font-size:14.0pt\">Informa&ccedil;&otilde;es<\/span><\/a> <\/span><\/span><\/span><\/p>\r\n\r\n<p style=\"text-align:justify\"><span style=\"font-size:11pt\"><span style=\"line-height:normal\"><span style=\"font-family:Calibri,sans-serif\"><b><span style=\"font-size:14.0pt\">Abrafiltros | 2&ordm; Semin&aacute;rio Brasileiro de Filtros<\/span><\/b><span style=\"font-size:14.0pt\">, 08 de novembro de 2023.<\/span><\/span><\/span><\/span><\/p>\r\n\r\n<p style=\"text-align:justify\"><span style=\"font-size:11pt\"><span style=\"line-height:normal\"><span style=\"font-family:Calibri,sans-serif\"><b><span style=\"font-size:14.0pt\">Industry CCUS 2023,<\/span><\/b> <span style=\"font-size:14.0pt\">29-30 November, Rotterdam, Netherlands.<\/span> <a href=\"https:\/\/fortesmedia.com\/industry-ccus-conference-2023,4,en,2,1,28.html#register\" style=\"color:blue; text-decoration:underline\"><span style=\"font-size:14.0pt\">Informa&ccedil;&otilde;es<\/span><\/a> <\/span><\/span><\/span><\/p>\r\n\r\n<p style=\"text-align:justify\"><span style=\"font-size:11pt\"><span style=\"line-height:normal\"><span style=\"font-family:Calibri,sans-serif\"><b><span style=\"font-size:14.0pt\">FEIPLAR COMPOSITES &amp; FEIPUR &ndash; Feira e Congresso Internacionais de Composites, Poliuretano, Pl&aacute;sticos de Engenharia e Compostos Termopl&aacute;sticos<\/span><\/b><span style=\"font-size:14.0pt\">, 20 a 22 de agosto de 2024, S&atilde;o Paulo Expo (Pavilh&atilde;o 5), palestras: das 8h30 &agrave;s 18h, feira: das 13h &agrave;s 20h.<b> <\/b><\/span><a href=\"http:\/\/www.feiplar.com\" style=\"color:blue; text-decoration:underline\"><span style=\"font-size:14.0pt\">www.feiplar.com<\/span><\/a> <\/span><\/span><\/span><\/p>\r\n\r\n<p style=\"text-align:justify\"><span style=\"font-size:28pt\"><span style=\"font-family:Cambria,serif\"><span style=\"letter-spacing:-0.5pt\"><b><span style=\"font-size:18.0pt\"><span style=\"font-family:&quot;Calibri&quot;,sans-serif\"><span style=\"font-variant:small-caps\">Setor<\/span><\/span><\/span><\/b><\/span><\/span><\/span><\/p>\r\n\r\n<p style=\"text-align:justify\"><span style=\"font-size:11pt\"><span style=\"line-height:normal\"><span style=\"font-family:Calibri,sans-serif\"><a href=\"https:\/\/jornaldobelem.com.br\/noticia\/17029\/ctg-abint-e-igs-brasil-promovem-apresentacoes-dos-trabalhos-vencedores-do-premio-tecnologia-em-geossinteticos--benedito-de-souza-bueno--2022-2023\" style=\"color:blue; text-decoration:underline\"><span style=\"font-size:14.0pt\">CTG ABINT e IGS Brasil promovem apresenta&ccedil;&otilde;es dos trabalhos vencedores do pr&ecirc;mio Tecnologia em Geossint&eacute;ticos &ldquo;Benedito de Souza Bueno&rdquo; 2022\/2023<\/span><\/a><\/span><\/span><\/span><\/p>\r\n\r\n<p style=\"text-align:justify\"><span style=\"font-size:11pt\"><span style=\"line-height:normal\"><span style=\"font-family:Calibri,sans-serif\"><a href=\"https:\/\/www.nonwovens-industry.com\/contents\/view_features\/2023-08-31\/the-future-of-spunlace-nonwovens?utm_campaign=NON+Issue+Alert&amp;utm_medium=email&amp;_hsmi=273393555&amp;_hsenc=p2ANqtz-8bPMIAaQxf5rS8mYr8i1iTvcXILqWKpVLdwz6jAFyv-6E9I9NnjbzezSHwXR5tbUsnnQcn1HE4kQaVLcvjW5TTTObE1Q&amp;utm_content=273393555&amp;utm_source=hs_email\" style=\"color:blue; text-decoration:underline\"><span style=\"font-size:14.0pt\">The Future of Spunlace Nonwovens<\/span><\/a><\/span><\/span><\/span><\/p>\r\n\r\n<p style=\"text-align:justify\"><span style=\"font-size:11pt\"><span style=\"line-height:normal\"><span style=\"font-family:Calibri,sans-serif\"><a href=\"https:\/\/www.nonwovens-industry.com\/contents\/view_breaking-news\/2023-09-08\/techtextil-india-to-be-held-next-week\/\" style=\"color:blue; text-decoration:underline\"><span style=\"font-size:14.0pt\">Techtextil India to be Held Next Week<\/span><\/a><\/span><\/span><\/span><\/p>\r\n\r\n<p style=\"text-align:justify\"><span style=\"font-size:28pt\"><span style=\"font-family:Cambria,serif\"><span style=\"letter-spacing:-0.5pt\"><b><span style=\"font-size:18.0pt\"><span style=\"font-family:&quot;Calibri&quot;,sans-serif\"><span style=\"font-variant:small-caps\">Ind&uacute;stria<\/span><\/span><\/span><\/b><\/span><\/span><\/span><\/p>\r\n\r\n<p style=\"text-align:justify\"><span style=\"font-size:11pt\"><span style=\"line-height:normal\"><span style=\"font-family:Calibri,sans-serif\"><a href=\"https:\/\/g1.globo.com\/carros\/noticia\/2023\/09\/05\/anfavea-vendas-caem-com-fim-dos-descontos-no-carro-zero-mas-producao-sobe-em-agosto.ghtml\" style=\"color:blue; text-decoration:underline\"><span style=\"font-size:14.0pt\">Vendas caem com fim dos descontos no carro zero, mas produ&ccedil;&atilde;o sobe 24% em agosto, diz Anfavea<\/span><\/a><\/span><\/span><\/span><\/p>\r\n\r\n<p style=\"text-align:justify\"><span style=\"font-size:11pt\"><span style=\"line-height:normal\"><span style=\"font-family:Calibri,sans-serif\"><a href=\"https:\/\/www.moneytimes.com.br\/a-ameaca-chinesa-que-pode-impactar-o-setor-automotivo-brasileiro-segundo-a-anfavea\/\" style=\"color:blue; text-decoration:underline\"><span style=\"font-size:14.0pt\">A amea&ccedil;a chinesa que pode impactar o setor automotivo brasileiro, segundo a Anfavea<\/span><\/a><\/span><\/span><\/span><\/p>\r\n\r\n<p style=\"text-align:justify\"><span style=\"font-size:11pt\"><span style=\"line-height:normal\"><span style=\"font-family:Calibri,sans-serif\"><a href=\"https:\/\/emobile.com.br\/site\/setor-moveleiro\/varejo-de-moveis-e-colchoes-em-maio\/\" style=\"color:blue; text-decoration:underline\"><span style=\"font-size:14.0pt\">Varejo de m&oacute;veis e colch&otilde;es em maio<\/span><\/a><\/span><\/span><\/span><\/p>\r\n\r\n<p style=\"text-align:justify\"><span style=\"font-size:11pt\"><span style=\"line-height:normal\"><span style=\"font-family:Calibri,sans-serif\"><a href=\"https:\/\/revistamt.com.br\/Materias\/Exibir\/os-dilemas-da-infraestrutura-brasileira?utm_source=akna&amp;utm_medium=email&amp;utm_campaign=Acao-RMT-10-09-Confira-a-nova-edicao-da-Revista-M-T-N-277-Setembro-23\" style=\"color:blue; text-decoration:underline\"><span style=\"font-size:14.0pt\">Os dilemas da infraestrutura brasileira<\/span><\/a><\/span><\/span><\/span><\/p>\r\n\r\n<p style=\"text-align:justify\"><span style=\"font-size:28pt\"><span style=\"font-family:Cambria,serif\"><span style=\"letter-spacing:-0.5pt\"><b><span style=\"font-size:18.0pt\"><span style=\"font-family:&quot;Calibri&quot;,sans-serif\"><span style=\"font-variant:small-caps\">Sustentabilidade<\/span><\/span><\/span><\/b><\/span><\/span><\/span><\/p>\r\n\r\n<p style=\"text-align:justify\"><span style=\"font-size:11pt\"><span style=\"line-height:normal\"><span style=\"font-family:Calibri,sans-serif\"><a href=\"https:\/\/conectaverde.com.br\/regulamentacao-do-mercado-de-creditos-de-carbono-rumo-a-sustentabilidade-global\/?utm_campaign=conecta_verde_news_39&amp;utm_medium=email&amp;utm_source=RD+Station\" style=\"color:blue; text-decoration:underline\"><span style=\"font-size:14.0pt\">Regulamenta&ccedil;&atilde;o do mercado de cr&eacute;ditos de carbono: rumo &agrave; sustentabilidade global<\/span><\/a><\/span><\/span><\/span><\/p>\r\n\r\n<p style=\"text-align:justify\"><span style=\"font-size:11pt\"><span style=\"line-height:normal\"><span style=\"font-family:Calibri,sans-serif\"><a href=\"https:\/\/fiesc.com.br\/pt-br\/imprensa\/no-brasil-indice-de-reciclagem-de-plastico-pos-consumo-e-de-23\" style=\"color:blue; text-decoration:underline\"><span style=\"font-size:14.0pt\">No Brasil, &iacute;ndice de reciclagem de pl&aacute;stico p&oacute;s-consumo &eacute; de 23%<\/span><\/a><\/span><\/span><\/span><\/p>\r\n\r\n<p style=\"text-align:justify\"><span style=\"font-size:11pt\"><span style=\"line-height:normal\"><span style=\"font-family:Calibri,sans-serif\"><a href=\"https:\/\/epbr.com.br\/metas-climaticas-de-petroleiras-sao-insuficientes-para-atingir-acordo-de-paris-aponta-relatorio\/\" style=\"color:blue; text-decoration:underline\"><span style=\"font-size:14.0pt\">S&oacute; uma major do petr&oacute;leo tem potencial de cumprir o Acordo de Paris, aponta relat&oacute;rio<\/span><\/a><\/span><\/span><\/span><\/p>\r\n\r\n<p style=\"text-align:justify\"><span style=\"font-size:11pt\"><span style=\"line-height:normal\"><span style=\"font-family:Calibri,sans-serif\"><a href=\"https:\/\/conectaverde.com.br\/pacto-global-da-onu-no-brasil-revela-indicadores-das-empresas-em-metas-de-direitos-humanos-trabalho-meio-ambiente-e-contra-a-corrupcao\/?utm_campaign=conecta_verde_news_39&amp;utm_medium=email&amp;utm_source=RD+Station\" style=\"color:blue; text-decoration:underline\"><span style=\"font-size:14.0pt\">Pacto Global da ONU no Brasil revela indicadores das empresas em metas de Direitos Humanos, Trabalho, Meio Ambiente e Contra a Corrup&ccedil;&atilde;o<\/span><\/a><\/span><\/span><\/span><\/p>\r\n\r\n<p style=\"text-align:justify\"><span style=\"font-size:11pt\"><span style=\"line-height:normal\"><span style=\"font-family:Calibri,sans-serif\"><a href=\"https:\/\/noticias.portaldaindustria.com.br\/noticias\/sustentabilidade\/o-que-o-setor-privado-espera-da-cop28\/\" style=\"color:blue; text-decoration:underline\"><span style=\"font-size:14.0pt\">O que o setor privado espera da COP28?<\/span><\/a><\/span><\/span><\/span><\/p>\r\n\r\n<p style=\"text-align:justify\"><span style=\"font-size:28pt\"><span style=\"font-family:Cambria,serif\"><span style=\"letter-spacing:-0.5pt\"><b><span style=\"font-size:18.0pt\"><span style=\"font-family:&quot;Calibri&quot;,sans-serif\"><span style=\"font-variant:small-caps\">Inova&ccedil;&atilde;o<\/span><\/span><\/span><\/b><\/span><\/span><\/span><\/p>\r\n\r\n<p style=\"text-align:justify\"><span style=\"font-size:11pt\"><span style=\"line-height:normal\"><span style=\"font-family:Calibri,sans-serif\"><a href=\"http:\/\/www.finep.gov.br\/noticias\/todas-noticias\/6650-finep-e-bndes-lancam-maior-programa-de-apoio-a-inovacao-da-historia-do-pais\" style=\"color:blue; text-decoration:underline\"><span style=\"font-size:14.0pt\">Finep e BNDES lan&ccedil;am maior programa na hist&oacute;ria do Pa&iacute;s de apoio &agrave; Inova&ccedil;&atilde;o nas empresas<\/span><\/a><\/span><\/span><\/span><\/p>\r\n\r\n<p style=\"text-align:justify\"><span style=\"font-size:11pt\"><span style=\"line-height:normal\"><span style=\"font-family:Calibri,sans-serif\"><a href=\"https:\/\/phys.org\/news\/2023-09-gloves-self-decontaminating-fabric-enables-multiuse.html?utm_source=nwletter&amp;utm_medium=email&amp;utm_campaign=daily-nwletter\" style=\"color:blue; text-decoration:underline\"><span style=\"font-size:14.0pt\">You can leave your gloves on: Self-decontaminating fabric enables multiuse personal protective equipment<\/span><\/a><\/span><\/span><\/span><\/p>\r\n\r\n<p style=\"text-align:justify\"><span style=\"font-size:11pt\"><span style=\"line-height:normal\"><span style=\"font-family:Calibri,sans-serif\"><a href=\"https:\/\/phys.org\/news\/2023-09-table-salt-safe-inexpensive-reusable.html?utm_source=nwletter&amp;utm_medium=email&amp;utm_campaign=daily-nwletter\" style=\"color:blue; text-decoration:underline\"><span style=\"font-size:14.0pt\">Table salt offers a safe, inexpensive and reusable pathway to recovering useful products from plastic waste<\/span><\/a><\/span><\/span><\/span><\/p>\r\n\r\n<p style=\"text-align:justify\"><span style=\"font-size:11pt\"><span style=\"line-height:normal\"><span style=\"font-family:Calibri,sans-serif\"><a href=\"https:\/\/www.technicaltextile.net\/news\/us-engineers-develop-wearable-textile-based-device-289935.html\" style=\"color:blue; text-decoration:underline\"><span style=\"font-size:14.0pt\">US engineers develop wearable, textile-based device<\/span><\/a><\/span><\/span><\/span><\/p>\r\n\r\n<p style=\"text-align:justify\"><span style=\"font-size:28pt\"><span style=\"font-family:Cambria,serif\"><span style=\"letter-spacing:-0.5pt\"><b><span style=\"font-size:18.0pt\"><span style=\"font-family:&quot;Calibri&quot;,sans-serif\"><span style=\"font-variant:small-caps\">Com&eacute;rcio Exterior<\/span><\/span><\/span><\/b><\/span><\/span><\/span><\/p>\r\n\r\n<p style=\"text-align:justify\"><span style=\"font-size:11pt\"><span style=\"line-height:normal\"><span style=\"font-family:Calibri,sans-serif\"><a href=\"https:\/\/www.gov.br\/planalto\/pt-br\/acompanhe-o-planalto\/noticias\/2023\/09\/presidente-cobra-clareza-de-europeus-sobre-acordo-com-mercosul\" style=\"color:blue; text-decoration:underline\"><span style=\"font-size:14.0pt\">Presidente cobra clareza de europeus sobre acordo com Mercosul<\/span><\/a><\/span><\/span><\/span><\/p>\r\n\r\n<p style=\"text-align:justify\"><span style=\"font-size:11pt\"><span style=\"line-height:normal\"><span style=\"font-family:Calibri,sans-serif\"><a href=\"https:\/\/m.br.investing.com\/news\/economy\/paises-do-brics-acumulam-ouro-na-expectativa-de-uma-moeda-comum-diz-analista-1153124\" style=\"color:blue; text-decoration:underline\"><span style=\"font-size:14.0pt\">Pa&iacute;ses do Brics acumulam ouro na expectativa de uma moeda comum, diz analista<\/span><\/a><\/span><\/span><\/span><\/p>\r\n\r\n<p style=\"text-align:justify\"><span style=\"font-size:11pt\"><span style=\"line-height:normal\"><span style=\"font-family:Calibri,sans-serif\"><a href=\"https:\/\/noticias.portaldaindustria.com.br\/noticias\/internacional\/cni-ingressa-no-comite-nacional-para-promocao-da-cultura-exportadora\/\" style=\"color:blue; text-decoration:underline\"><span style=\"font-size:14.0pt\">CNI ingressa no Comit&ecirc; Nacional para Promo&ccedil;&atilde;o da Cultura Exportadora<\/span><\/a><\/span><\/span><\/span><\/p>\r\n\r\n<p style=\"text-align:justify\"><span style=\"font-size:28pt\"><span style=\"font-family:Cambria,serif\"><span style=\"letter-spacing:-0.5pt\"><b><span style=\"font-size:18.0pt\"><span style=\"font-family:&quot;Calibri&quot;,sans-serif\"><span style=\"font-variant:small-caps\">Economia<\/span><\/span><\/span><\/b><\/span><\/span><\/span><\/p>\r\n\r\n<p style=\"text-align:justify\"><span style=\"font-size:11pt\"><span style=\"line-height:normal\"><span style=\"font-family:Calibri,sans-serif\"><a href=\"https:\/\/www.bcb.gov.br\/content\/focus\/focus\/R20230908.pdf\" style=\"color:blue; text-decoration:underline\"><span style=\"font-size:14.0pt\">Focus &ndash; Relat&oacute;rio de Mercado<\/span><\/a><\/span><\/span><\/span><\/p>\r\n\r\n<p style=\"text-align:justify\"><span style=\"font-size:11pt\"><span style=\"line-height:normal\"><span style=\"font-family:Calibri,sans-serif\"><a href=\"https:\/\/agenciabrasil.ebc.com.br\/economia\/noticia\/2023-09\/mercado-eleva-para-264-projecao-do-crescimento-da-economia-em-2023\" style=\"color:blue; text-decoration:underline\"><span style=\"font-size:14.0pt\">Mercado eleva para 2,64% proje&ccedil;&atilde;o do crescimento da economia em 2023<\/span><\/a><\/span><\/span><\/span><\/p>\r\n\r\n<p style=\"text-align:justify\"><span style=\"font-size:11pt\"><span style=\"line-height:normal\"><span style=\"font-family:Calibri,sans-serif\"><a href=\"https:\/\/portal.fgv.br\/noticias\/confianca-empresarial-reverte-resultado-negativo-mes-anterior\" style=\"color:blue; text-decoration:underline\"><span style=\"font-size:14.0pt\">Confian&ccedil;a Empresarial reverte resultado negativo no m&ecirc;s anterior<\/span><\/a><\/span><\/span><\/span><\/p>\r\n\r\n<p style=\"text-align:justify\"><span style=\"font-size:11pt\"><span style=\"line-height:normal\"><span style=\"font-family:Calibri,sans-serif\"><a href=\"https:\/\/portalibre.fgv.br\/system\/files\/2023-09\/Bar%C3%B4metros%20Globais%20KOF-FGV_Press%20release_09_2023_0.pdf\" style=\"color:blue; text-decoration:underline\"><span style=\"font-size:14.0pt\">Bar&ocirc;metro Global Antecedente sinaliza menor pessimismo<\/span><\/a><\/span><\/span><\/span><\/p>\r\n","6":"<p style=\"text-align:justify\"><span style=\"font-size:11pt\"><span style=\"line-height:normal\"><span style=\"font-family:Calibri,sans-serif\"><span style=\"font-size:14.0pt\">Esta &eacute; uma compila&ccedil;&atilde;o das not&iacute;cias mais relevantes para o setor, incluindo informa&ccedil;&otilde;es sobre acordos internacionais, economia brasileira, sustentabilidade e mat&eacute;rias primas, al&eacute;m de novidades do setor de N&atilde;otecidos e Tecidos T&eacute;cnicos.<\/span><\/span><\/span><\/span><\/p>\r\n\r\n<p class=\"MsoTitleCxSpFirst\" style=\"text-align:justify\"><span style=\"font-size:28pt\"><span style=\"font-family:Cambria,serif\"><span style=\"letter-spacing:-0.5pt\"><b><span style=\"font-size:18.0pt\"><span style=\"font-family:&quot;Calibri&quot;,sans-serif\"><span style=\"font-variant:small-caps\">Not&iacute;cias das Associadas<\/span><\/span><\/span><\/b><\/span><\/span><\/span><\/p>\r\n\r\n<p style=\"text-align:justify\"><span style=\"font-size:11pt\"><span style=\"line-height:normal\"><span style=\"font-family:Calibri,sans-serif\"><a href=\"https:\/\/www.nonwovens-industry.com\/contents\/view_breaking-news\/2023-09-08\/berry-to-evaluate-strategic-alternatives-for-its-health-hygiene-and-specialties-segment\/\" style=\"color:blue; text-decoration:underline\"><span style=\"font-size:14.0pt\">Berry to Evaluate Strategic Alternatives for its Health, Hygiene and Specialties Segment<\/span><\/a><\/span><\/span><\/span><\/p>\r\n\r\n<p style=\"text-align:justify\"><span style=\"font-size:28pt\"><span style=\"font-family:Cambria,serif\"><span style=\"letter-spacing:-0.5pt\"><b><span style=\"font-size:18.0pt\"><span style=\"font-family:&quot;Calibri&quot;,sans-serif\"><span style=\"font-variant:small-caps\">A&ccedil;&otilde;es da ABINT<\/span><\/span><\/span><\/b><\/span><\/span><\/span><\/p>\r\n\r\n<p style=\"text-align:justify\">&nbsp;<\/p>\r\n\r\n<p class=\"MsoTitle\" style=\"text-align:justify; margin-bottom:20px\"><span style=\"font-size:18px\"><span style=\"box-sizing:border-box\"><span style=\"line-height:1.5\"><span style=\"color:#313f48\"><span style=\"font-family:&quot;Roboto Condensed&quot;, Helvetica, Arial, sans-serif\"><span style=\"font-style:normal\"><span style=\"font-variant-ligatures:normal\"><span style=\"font-weight:400\"><span style=\"white-space:normal\"><span style=\"background-color:#ffffff\"><span style=\"text-decoration-thickness:initial\"><span style=\"text-decoration-style:initial\"><span style=\"text-decoration-color:initial\"><span style=\"font-size:18px\"><span style=\"box-sizing:border-box\"><span style=\"box-sizing:border-box\"><span style=\"box-sizing:border-box\"><span style=\"line-height:1.5\"><span style=\"box-sizing:border-box\"><span style=\"color:#313f48\"><span style=\"box-sizing:border-box\"><span style=\"font-family:&quot;Roboto Condensed&quot;, Helvetica, Arial, sans-serif\"><span style=\"box-sizing:border-box\"><span style=\"font-style:normal\"><span style=\"box-sizing:border-box\"><span style=\"font-variant-ligatures:normal\"><span style=\"box-sizing:border-box\"><span style=\"font-weight:400\"><span style=\"box-sizing:border-box\"><span style=\"white-space:normal\"><span style=\"box-sizing:border-box\"><span style=\"background-color:#ffffff\"><span style=\"box-sizing:border-box\"><span style=\"text-decoration-thickness:initial\"><span style=\"box-sizing:border-box\"><span style=\"text-decoration-style:initial\"><span style=\"box-sizing:border-box\"><span style=\"text-decoration-color:initial\">&nbsp;<span style=\"font-size:18px\"><span style=\"box-sizing:border-box\"><span style=\"box-sizing:border-box\"><span style=\"box-sizing:border-box\"><span style=\"box-sizing:border-box\"><span style=\"box-sizing:border-box\"><span style=\"line-height:1.5\"><span style=\"box-sizing:border-box\"><span style=\"box-sizing:border-box\"><span style=\"color:#313f48\"><span style=\"box-sizing:border-box\"><span style=\"box-sizing:border-box\"><span style=\"font-family:&quot;Roboto Condensed&quot;, Helvetica, Arial, sans-serif\"><span style=\"box-sizing:border-box\"><span style=\"box-sizing:border-box\"><span style=\"font-style:normal\"><span style=\"box-sizing:border-box\"><span style=\"box-sizing:border-box\"><span style=\"font-variant-ligatures:normal\"><span style=\"box-sizing:border-box\"><span style=\"box-sizing:border-box\"><span style=\"font-weight:400\"><span style=\"box-sizing:border-box\"><span style=\"box-sizing:border-box\"><span style=\"white-space:normal\"><span style=\"box-sizing:border-box\"><span style=\"box-sizing:border-box\"><span style=\"background-color:#ffffff\"><span style=\"box-sizing:border-box\"><span style=\"box-sizing:border-box\"><span style=\"text-decoration-thickness:initial\"><span style=\"box-sizing:border-box\"><span style=\"box-sizing:border-box\"><span style=\"text-decoration-style:initial\"><span style=\"box-sizing:border-box\"><span style=\"box-sizing:border-box\"><span style=\"text-decoration-color:initial\"><span style=\"font-size:14pt\"><span style=\"box-sizing:border-box\"><span style=\"box-sizing:border-box\"><span style=\"box-sizing:border-box\"><span style=\"box-sizing:border-box\"><span style=\"box-sizing:border-box\"><span style=\"box-sizing:border-box\"><span style=\"line-height:21.4667px\"><span style=\"box-sizing:border-box\"><span style=\"box-sizing:border-box\"><span style=\"box-sizing:border-box\"><span style=\"font-family:Calibri, sans-serif\"><img src=\"https:\/\/www.abint.org.br\/assets\/img\/editor\/capa-live-tcc-12092023_20230822145608jortReBZK9.png\" style=\"box-sizing:border-box; border-style:none; width:500px; height:281px\" \/><\/span><\/span><\/span><\/span><\/span><\/span><\/span><\/span><\/span><\/span><\/span><\/span><\/span><\/span><\/span><\/span><\/span><\/span><\/span><\/span><\/span><\/span><\/span><\/span><\/span><\/span><\/span><\/span><\/span><\/span><\/span><\/span><\/span><\/span><\/span><\/span><\/span><\/span><\/span><\/span><\/span><\/span><\/span><\/span><\/span><\/span><\/span><\/span><\/span><\/span><\/span><\/span><\/span><\/span><\/span><\/span><\/span><\/span><\/span><\/span><\/span><\/span><\/span><\/span><\/span><\/span><\/span><\/span><\/span><\/span><\/span><\/span><\/span><\/span><\/span><\/span><\/span><\/span><\/span><\/span><\/span><\/span><\/span><\/span><\/span><\/span><\/span><\/p>\r\n\r\n<p class=\"MsoTitle\" style=\"text-align:justify; margin-bottom:20px\"><span style=\"font-size:18px\"><span style=\"box-sizing:border-box\"><span style=\"line-height:1.5\"><span style=\"color:#313f48\"><span style=\"font-family:&quot;Roboto Condensed&quot;, Helvetica, Arial, sans-serif\"><span style=\"font-style:normal\"><span style=\"font-variant-ligatures:normal\"><span style=\"font-weight:400\"><span style=\"white-space:normal\"><span style=\"background-color:#ffffff\"><span style=\"text-decoration-thickness:initial\"><span style=\"text-decoration-style:initial\"><span style=\"text-decoration-color:initial\"><span style=\"font-size:18px\"><span style=\"box-sizing:border-box\"><span style=\"box-sizing:border-box\"><span style=\"box-sizing:border-box\"><span style=\"line-height:1.5\"><span style=\"box-sizing:border-box\"><span style=\"color:#313f48\"><span style=\"box-sizing:border-box\"><span style=\"font-family:&quot;Roboto Condensed&quot;, Helvetica, Arial, sans-serif\"><span style=\"box-sizing:border-box\"><span style=\"font-style:normal\"><span style=\"box-sizing:border-box\"><span style=\"font-variant-ligatures:normal\"><span style=\"box-sizing:border-box\"><span style=\"font-weight:400\"><span style=\"box-sizing:border-box\"><span style=\"white-space:normal\"><span style=\"box-sizing:border-box\"><span style=\"background-color:#ffffff\"><span style=\"box-sizing:border-box\"><span style=\"text-decoration-thickness:initial\"><span style=\"box-sizing:border-box\"><span style=\"text-decoration-style:initial\"><span style=\"box-sizing:border-box\"><span style=\"text-decoration-color:initial\"><span style=\"font-size:18px\"><span style=\"box-sizing:border-box\"><span style=\"box-sizing:border-box\"><span style=\"box-sizing:border-box\"><span style=\"box-sizing:border-box\"><span style=\"box-sizing:border-box\"><span style=\"line-height:1.5\"><span style=\"box-sizing:border-box\"><span style=\"box-sizing:border-box\"><span style=\"color:#313f48\"><span style=\"box-sizing:border-box\"><span style=\"box-sizing:border-box\"><span style=\"font-family:&quot;Roboto Condensed&quot;, Helvetica, Arial, sans-serif\"><span style=\"box-sizing:border-box\"><span style=\"box-sizing:border-box\"><span style=\"font-style:normal\"><span style=\"box-sizing:border-box\"><span style=\"box-sizing:border-box\"><span style=\"font-variant-ligatures:normal\"><span style=\"box-sizing:border-box\"><span style=\"box-sizing:border-box\"><span style=\"font-weight:400\"><span style=\"box-sizing:border-box\"><span style=\"box-sizing:border-box\"><span style=\"white-space:normal\"><span style=\"box-sizing:border-box\"><span style=\"box-sizing:border-box\"><span style=\"background-color:#ffffff\"><span style=\"box-sizing:border-box\"><span style=\"box-sizing:border-box\"><span style=\"text-decoration-thickness:initial\"><span style=\"box-sizing:border-box\"><span style=\"box-sizing:border-box\"><span style=\"text-decoration-style:initial\"><span style=\"box-sizing:border-box\"><span style=\"box-sizing:border-box\"><span style=\"text-decoration-color:initial\"><b style=\"box-sizing:border-box; font-weight:bolder\"><span style=\"font-size:14pt\"><span style=\"box-sizing:border-box\"><span style=\"box-sizing:border-box\"><span style=\"box-sizing:border-box\"><span style=\"box-sizing:border-box\"><span style=\"box-sizing:border-box\"><span style=\"box-sizing:border-box\"><span style=\"line-height:21.4667px\"><span style=\"box-sizing:border-box\"><span style=\"box-sizing:border-box\"><span style=\"box-sizing:border-box\"><span style=\"font-family:Calibri, sans-serif\">E dia 12\/09, &agrave;s 18h, ser&aacute; a vez de CTG ABINT e IGS Brasil&nbsp;<\/span><\/span><\/span><\/span><\/span><\/span><\/span><\/span><\/span><\/span><\/span><\/span><\/b><span style=\"font-size:14pt\"><span style=\"box-sizing:border-box\"><span style=\"box-sizing:border-box\"><span style=\"box-sizing:border-box\"><span style=\"box-sizing:border-box\"><span style=\"box-sizing:border-box\"><span style=\"box-sizing:border-box\"><span style=\"line-height:21.4667px\"><span style=\"box-sizing:border-box\"><span style=\"box-sizing:border-box\"><span style=\"box-sizing:border-box\"><span style=\"font-family:Calibri, sans-serif\">receberem, tamb&eacute;m no YouTube da Geotecnia Brasil,<b style=\"box-sizing:border-box; font-weight:bolder\">&nbsp;os vencedores da Categoria Trabalho de Conclus&atilde;o de Curso da edi&ccedil;&atilde;o 2022\/2023<\/b>&nbsp;do Pr&ecirc;mio TCC\/IC Tecnologia em Geossint&eacute;ticos &ldquo;Benedito de Souza Bueno&rdquo;.<\/span><\/span><\/span><\/span><\/span><\/span><\/span><\/span><\/span><\/span><\/span><\/span><\/span><\/span><\/span><\/span><\/span><\/span><\/span><\/span><\/span><\/span><\/span><\/span><\/span><\/span><\/span><\/span><\/span><\/span><\/span><\/span><\/span><\/span><\/span><\/span><\/span><\/span><\/span><\/span><\/span><\/span><\/span><\/span><\/span><\/span><\/span><\/span><\/span><\/span><\/span><\/span><\/span><\/span><\/span><\/span><\/span><\/span><\/span><\/span><\/span><\/span><\/span><\/span><\/span><\/span><\/span><\/span><\/span><\/span><\/span><\/span><\/span><\/span><\/span><\/span><\/span><\/span><\/span><\/span><\/span><\/span><\/span><\/span><\/span><\/span><\/span><\/p>\r\n\r\n<p class=\"MsoTitle\" style=\"text-align:justify; margin-bottom:20px\"><span style=\"font-size:18px\"><span style=\"box-sizing:border-box\"><span style=\"line-height:1.5\"><span style=\"color:#313f48\"><span style=\"font-family:&quot;Roboto Condensed&quot;, Helvetica, Arial, sans-serif\"><span style=\"font-style:normal\"><span style=\"font-variant-ligatures:normal\"><span style=\"font-weight:400\"><span style=\"white-space:normal\"><span style=\"background-color:#ffffff\"><span style=\"text-decoration-thickness:initial\"><span style=\"text-decoration-style:initial\"><span style=\"text-decoration-color:initial\">&nbsp;<\/span><\/span><\/span><\/span><\/span><\/span><\/span><\/span><\/span><\/span><\/span><\/span><\/span><span style=\"font-size:18px\"><span style=\"box-sizing:border-box\"><span style=\"line-height:1.5\"><span style=\"color:#313f48\"><span style=\"font-family:&quot;Roboto Condensed&quot;, Helvetica, Arial, sans-serif\"><span style=\"font-style:normal\"><span style=\"font-variant-ligatures:normal\"><span style=\"font-weight:400\"><span style=\"white-space:normal\"><span style=\"background-color:#ffffff\"><span style=\"text-decoration-thickness:initial\"><span style=\"text-decoration-style:initial\"><span style=\"text-decoration-color:initial\"><span style=\"font-size:18px\"><span style=\"box-sizing:border-box\"><span style=\"box-sizing:border-box\"><span style=\"box-sizing:border-box\"><span style=\"line-height:1.5\"><span style=\"box-sizing:border-box\"><span style=\"color:#313f48\"><span style=\"box-sizing:border-box\"><span style=\"font-family:&quot;Roboto Condensed&quot;, Helvetica, Arial, sans-serif\"><span style=\"box-sizing:border-box\"><span style=\"font-style:normal\"><span style=\"box-sizing:border-box\"><span style=\"font-variant-ligatures:normal\"><span style=\"box-sizing:border-box\"><span style=\"font-weight:400\"><span style=\"box-sizing:border-box\"><span style=\"white-space:normal\"><span style=\"box-sizing:border-box\"><span style=\"background-color:#ffffff\"><span style=\"box-sizing:border-box\"><span style=\"text-decoration-thickness:initial\"><span style=\"box-sizing:border-box\"><span style=\"text-decoration-style:initial\"><span style=\"box-sizing:border-box\"><span style=\"text-decoration-color:initial\">&nbsp;<span style=\"font-size:18px\"><span style=\"box-sizing:border-box\"><span style=\"box-sizing:border-box\"><span style=\"box-sizing:border-box\"><span style=\"box-sizing:border-box\"><span style=\"box-sizing:border-box\"><span style=\"line-height:1.5\"><span style=\"box-sizing:border-box\"><span style=\"box-sizing:border-box\"><span style=\"color:#313f48\"><span style=\"box-sizing:border-box\"><span style=\"box-sizing:border-box\"><span style=\"font-family:&quot;Roboto Condensed&quot;, Helvetica, Arial, sans-serif\"><span style=\"box-sizing:border-box\"><span style=\"box-sizing:border-box\"><span style=\"font-style:normal\"><span style=\"box-sizing:border-box\"><span style=\"box-sizing:border-box\"><span style=\"font-variant-ligatures:normal\"><span style=\"box-sizing:border-box\"><span style=\"box-sizing:border-box\"><span style=\"font-weight:400\"><span style=\"box-sizing:border-box\"><span style=\"box-sizing:border-box\"><span style=\"white-space:normal\"><span style=\"box-sizing:border-box\"><span style=\"box-sizing:border-box\"><span style=\"background-color:#ffffff\"><span style=\"box-sizing:border-box\"><span style=\"box-sizing:border-box\"><span style=\"text-decoration-thickness:initial\"><span style=\"box-sizing:border-box\"><span style=\"box-sizing:border-box\"><span style=\"text-decoration-style:initial\"><span style=\"box-sizing:border-box\"><span style=\"box-sizing:border-box\"><span style=\"text-decoration-color:initial\"><span style=\"font-size:18px\"><span style=\"box-sizing:border-box\"><span style=\"box-sizing:border-box\"><span style=\"box-sizing:border-box\"><span style=\"box-sizing:border-box\"><span style=\"box-sizing:border-box\"><span style=\"box-sizing:border-box\"><span style=\"box-sizing:border-box\"><span style=\"line-height:1.5\"><span style=\"box-sizing:border-box\"><span style=\"box-sizing:border-box\"><span style=\"box-sizing:border-box\"><span style=\"color:#313f48\"><span style=\"box-sizing:border-box\"><span style=\"box-sizing:border-box\"><span style=\"box-sizing:border-box\"><span style=\"font-family:&quot;Roboto Condensed&quot;, Helvetica, Arial, sans-serif\"><span style=\"box-sizing:border-box\"><span style=\"box-sizing:border-box\"><span style=\"box-sizing:border-box\"><span style=\"font-style:normal\"><span style=\"box-sizing:border-box\"><span style=\"box-sizing:border-box\"><span style=\"box-sizing:border-box\"><span style=\"font-variant-ligatures:normal\"><span style=\"box-sizing:border-box\"><span style=\"box-sizing:border-box\"><span style=\"box-sizing:border-box\"><span style=\"font-weight:400\"><span style=\"box-sizing:border-box\"><span style=\"box-sizing:border-box\"><span style=\"box-sizing:border-box\"><span style=\"white-space:normal\"><span style=\"box-sizing:border-box\"><span style=\"box-sizing:border-box\"><span style=\"box-sizing:border-box\"><span style=\"background-color:#ffffff\"><span style=\"box-sizing:border-box\"><span style=\"box-sizing:border-box\"><span style=\"box-sizing:border-box\"><span style=\"text-decoration-thickness:initial\"><span style=\"box-sizing:border-box\"><span style=\"box-sizing:border-box\"><span style=\"box-sizing:border-box\"><span style=\"text-decoration-style:initial\"><span style=\"box-sizing:border-box\"><span style=\"box-sizing:border-box\"><span style=\"box-sizing:border-box\"><span style=\"text-decoration-color:initial\"><span style=\"font-size:11pt\"><span style=\"box-sizing:border-box\"><span style=\"box-sizing:border-box\"><span style=\"box-sizing:border-box\"><span style=\"box-sizing:border-box\"><span style=\"box-sizing:border-box\"><span style=\"box-sizing:border-box\"><span style=\"box-sizing:border-box\"><span style=\"box-sizing:border-box\"><span style=\"line-height:16.8667px\"><span style=\"box-sizing:border-box\"><span style=\"box-sizing:border-box\"><span style=\"box-sizing:border-box\"><span style=\"box-sizing:border-box\"><span style=\"font-family:Calibri, sans-serif\"><b style=\"box-sizing:border-box; font-weight:bolder\"><span style=\"font-size:14pt\"><span style=\"box-sizing:border-box\"><span style=\"box-sizing:border-box\"><span style=\"box-sizing:border-box\"><span style=\"box-sizing:border-box\"><span style=\"box-sizing:border-box\"><span style=\"box-sizing:border-box\"><span style=\"box-sizing:border-box\"><span style=\"box-sizing:border-box\"><span style=\"line-height:21.4667px\"><span style=\"box-sizing:border-box\"><span style=\"box-sizing:border-box\"><span style=\"box-sizing:border-box\"><span style=\"box-sizing:border-box\"><span style=\"color:blue\"><img src=\"https:\/\/www.abint.org.br\/assets\/img\/editor\/congresso-internacional-abit-2023_202308151414212LkdNBSzdA.png\" style=\"box-sizing:border-box; border-style:none; width:500px; height:442px\" \/><\/span><\/span><\/span><\/span><\/span><\/span><\/span><\/span><\/span><\/span><\/span><\/span><\/span><\/span><\/span><\/b><\/span><\/span><\/span><\/span><\/span><\/span><\/span><\/span><\/span><\/span><\/span><\/span><\/span><\/span><\/span><\/span><\/span><\/span><\/span><\/span><\/span><\/span><\/span><\/span><\/span><\/span><\/span><\/span><\/span><\/span><\/span><\/span><\/span><\/span><\/span><\/span><\/span><\/span><\/span><\/span><\/span><\/span><\/span><\/span><\/span><\/span><\/span><\/span><\/span><\/span><\/span><\/span><\/span><\/span><\/span><\/span><\/span><\/span><\/span><\/span><\/span><\/span><\/span><\/span><\/span><\/span><\/span><\/span><\/span><\/span><\/span><\/span><\/span><\/span><\/span><\/span><\/span><\/span><\/span><\/span><\/span><\/span><\/span><\/span><\/span><\/span><\/span><\/span><\/span><\/span><\/span><\/span><\/span><\/span><\/span><\/span><\/span><\/span><\/span><\/span><\/span><\/span><\/span><\/span><\/span><\/span><\/span><\/span><\/span><\/span><\/span><\/span><\/span><\/span><\/span><\/span><\/span><\/span><\/span><\/span><\/span><\/span><\/span><\/span><\/span><\/span><\/span><\/span><\/span><\/span><\/span><\/span><\/span><\/span><\/span><\/span><\/span><\/span><\/span><\/p>\r\n\r\n<p style=\"text-align:justify; margin-bottom:20px\"><span style=\"font-size:18px\"><span style=\"box-sizing:border-box\"><span style=\"line-height:1.5\"><span style=\"color:#313f48\"><span style=\"font-family:&quot;Roboto Condensed&quot;, Helvetica, Arial, sans-serif\"><span style=\"font-style:normal\"><span style=\"font-variant-ligatures:normal\"><span style=\"font-weight:400\"><span style=\"white-space:normal\"><span style=\"background-color:#ffffff\"><span style=\"text-decoration-thickness:initial\"><span style=\"text-decoration-style:initial\"><span style=\"text-decoration-color:initial\"><span style=\"font-size:18px\"><span style=\"box-sizing:border-box\"><span style=\"box-sizing:border-box\"><span style=\"box-sizing:border-box\"><span style=\"line-height:1.5\"><span style=\"box-sizing:border-box\"><span style=\"color:#313f48\"><span style=\"box-sizing:border-box\"><span style=\"font-family:&quot;Roboto Condensed&quot;, Helvetica, Arial, sans-serif\"><span style=\"box-sizing:border-box\"><span style=\"font-style:normal\"><span style=\"box-sizing:border-box\"><span style=\"font-variant-ligatures:normal\"><span style=\"box-sizing:border-box\"><span style=\"font-weight:400\"><span style=\"box-sizing:border-box\"><span style=\"white-space:normal\"><span style=\"box-sizing:border-box\"><span style=\"background-color:#ffffff\"><span style=\"box-sizing:border-box\"><span style=\"text-decoration-thickness:initial\"><span style=\"box-sizing:border-box\"><span style=\"text-decoration-style:initial\"><span style=\"box-sizing:border-box\"><span style=\"text-decoration-color:initial\"><span style=\"font-size:18px\"><span style=\"box-sizing:border-box\"><span style=\"box-sizing:border-box\"><span style=\"box-sizing:border-box\"><span style=\"box-sizing:border-box\"><span style=\"box-sizing:border-box\"><span style=\"line-height:1.5\"><span style=\"box-sizing:border-box\"><span style=\"box-sizing:border-box\"><span style=\"color:#313f48\"><span style=\"box-sizing:border-box\"><span style=\"box-sizing:border-box\"><span style=\"font-family:&quot;Roboto Condensed&quot;, Helvetica, Arial, sans-serif\"><span style=\"box-sizing:border-box\"><span style=\"box-sizing:border-box\"><span style=\"font-style:normal\"><span style=\"box-sizing:border-box\"><span style=\"box-sizing:border-box\"><span style=\"font-variant-ligatures:normal\"><span style=\"box-sizing:border-box\"><span style=\"box-sizing:border-box\"><span style=\"font-weight:400\"><span style=\"box-sizing:border-box\"><span style=\"box-sizing:border-box\"><span style=\"white-space:normal\"><span style=\"box-sizing:border-box\"><span style=\"box-sizing:border-box\"><span style=\"background-color:#ffffff\"><span style=\"box-sizing:border-box\"><span style=\"box-sizing:border-box\"><span style=\"text-decoration-thickness:initial\"><span style=\"box-sizing:border-box\"><span style=\"box-sizing:border-box\"><span style=\"text-decoration-style:initial\"><span style=\"box-sizing:border-box\"><span style=\"box-sizing:border-box\"><span style=\"text-decoration-color:initial\"><span style=\"font-size:18px\"><span style=\"box-sizing:border-box\"><span style=\"box-sizing:border-box\"><span style=\"box-sizing:border-box\"><span style=\"box-sizing:border-box\"><span style=\"box-sizing:border-box\"><span style=\"box-sizing:border-box\"><span style=\"box-sizing:border-box\"><span style=\"line-height:1.5\"><span style=\"box-sizing:border-box\"><span style=\"box-sizing:border-box\"><span style=\"box-sizing:border-box\"><span style=\"color:#313f48\"><span style=\"box-sizing:border-box\"><span style=\"box-sizing:border-box\"><span style=\"box-sizing:border-box\"><span style=\"font-family:&quot;Roboto Condensed&quot;, Helvetica, Arial, sans-serif\"><span style=\"box-sizing:border-box\"><span style=\"box-sizing:border-box\"><span style=\"box-sizing:border-box\"><span style=\"font-style:normal\"><span style=\"box-sizing:border-box\"><span style=\"box-sizing:border-box\"><span style=\"box-sizing:border-box\"><span style=\"font-variant-ligatures:normal\"><span style=\"box-sizing:border-box\"><span style=\"box-sizing:border-box\"><span style=\"box-sizing:border-box\"><span style=\"font-weight:400\"><span style=\"box-sizing:border-box\"><span style=\"box-sizing:border-box\"><span style=\"box-sizing:border-box\"><span style=\"white-space:normal\"><span style=\"box-sizing:border-box\"><span style=\"box-sizing:border-box\"><span style=\"box-sizing:border-box\"><span style=\"background-color:#ffffff\"><span style=\"box-sizing:border-box\"><span style=\"box-sizing:border-box\"><span style=\"box-sizing:border-box\"><span style=\"text-decoration-thickness:initial\"><span style=\"box-sizing:border-box\"><span style=\"box-sizing:border-box\"><span style=\"box-sizing:border-box\"><span style=\"text-decoration-style:initial\"><span style=\"box-sizing:border-box\"><span style=\"box-sizing:border-box\"><span style=\"box-sizing:border-box\"><span style=\"text-decoration-color:initial\"><span style=\"font-size:11pt\"><span style=\"box-sizing:border-box\"><span style=\"box-sizing:border-box\"><span style=\"box-sizing:border-box\"><span style=\"box-sizing:border-box\"><span style=\"box-sizing:border-box\"><span style=\"box-sizing:border-box\"><span style=\"box-sizing:border-box\"><span style=\"box-sizing:border-box\"><span style=\"line-height:normal\"><span style=\"box-sizing:border-box\"><span style=\"box-sizing:border-box\"><span style=\"box-sizing:border-box\"><span style=\"box-sizing:border-box\"><span style=\"font-family:Calibri, sans-serif\"><b style=\"box-sizing:border-box; font-weight:bolder\"><span style=\"font-size:14pt\"><span style=\"box-sizing:border-box\"><span style=\"box-sizing:border-box\"><span style=\"box-sizing:border-box\"><span style=\"box-sizing:border-box\">A ABINT &eacute; uma das patrocinadoras do Congresso Internacional ABIT 2023,&nbsp;<\/span><\/span><\/span><\/span><\/span><\/b><span style=\"font-size:14pt\"><span style=\"box-sizing:border-box\"><span style=\"box-sizing:border-box\"><span style=\"box-sizing:border-box\"><span style=\"box-sizing:border-box\">que ocorrer&aacute;<b style=\"box-sizing:border-box; font-weight:bolder\">&nbsp;dias 08 e 09 de novembro, na FIESC, Florian&oacute;polis, SC.&nbsp;<\/b><\/span><\/span><\/span><\/span><\/span><\/span><\/span><\/span><\/span><\/span><\/span><\/span><\/span><\/span><\/span><span style=\"box-sizing:border-box\"><span style=\"box-sizing:border-box\"><span style=\"box-sizing:border-box\"><span style=\"box-sizing:border-box\"><span style=\"line-height:16.8667px\"><span style=\"box-sizing:border-box\"><span style=\"box-sizing:border-box\"><span style=\"box-sizing:border-box\"><span style=\"box-sizing:border-box\"><span style=\"font-family:Calibri, sans-serif\"><a href=\"https:\/\/t.rdsv1.net\/ls\/click?upn=LFSWB5boDXSqxt4eHgA5r3YUv3HG6yY4XTXT-2BpjEpFmt56yR61Gu09ER-2Bq95-2FgFAbN46ClwLMWPZzveVybfat1CKHOKhUUtOIVaFgsR5U28dlEKVouFrV1iSMaKnlWHCANmwKiZ4x1Oy9BDRL5tuTGPXgO91zEc1uo-2FbtPYQFm3y4fMGnbuiV3FEKs9g9uy1l2sL_iW8zc4KBvTUX2z9kws1M6pjQI9DpNNh-2Fk6fgMN4DbaFx-2BL1o5swSv2HtiLB2iGFhqxZ0654f80VOIjakRycDjcrdu1MF6BdTRc4d4wYs0wcxXXPsRygypvnzeOAhjjgiEkGX1jMsv1FD9IiN0mt5TiPA-2F-2FcYbMJqgkOyyeRxcI4izBTlMz4tYAchHCwHneJZvJXH0y9HeVp67XkJynQGH21X32t2y1CeSaYEq0zVO-2BnyLK4mDGipKkH-2FZQCwU2MKfdHIIgVMZzvyz5G5cXFeOFC58YiNyn2cnMPO14gymNMfyWFH-2BHHlC3b47l7V1Qmqxs4es-2BeyjBwNpbTVF3mKTVfvVN8KGLr0cqLDBhDLHrW7KPcTfpWgS5gfvWdAKEPOEmZKoo4k2kAi0PFh6jxFYAV2tXcAZfbY2kx8RXrY81D1SMCEBW0alhXBRKfUMvljxKCVojmlXya75YoxeWm0PKiSpaikvnyQHb1SYVAvooBBGQr8kVTT7gfi2jpYOB7Yz3v8ovwiOQwMF4kMzI4BGg58Stg7NIyaStQsDmhOsSp6GMNA3SG1UPw-2Fljh3rhjS-2BFt0EiGPe9cI33b9n1X0Y0ud-2BOFmeXkp5V9mMyq0eViPM4g6fXMuiRQFG1Lhn1lb5TsAtW9vCVxHdYrOB-2F6cV4-2FiOK5JwicsxDApwdvwvys-3D\" style=\"box-sizing:border-box; text-decoration:underline; color:blue; transition:color 0.3s ease 0s; outline-width:0px\"><span style=\"font-size:14pt\"><span style=\"box-sizing:border-box\"><span style=\"box-sizing:border-box\"><span style=\"box-sizing:border-box\"><span style=\"box-sizing:border-box\"><span style=\"box-sizing:border-box\"><span style=\"box-sizing:border-box\"><span style=\"box-sizing:border-box\"><span style=\"box-sizing:border-box\"><span style=\"line-height:21.4667px\">Informa&ccedil;&otilde;es<\/span><\/span><\/span><\/span><\/span><\/span><\/span><\/span><\/span><\/span><\/a><\/span><\/span><\/span><\/span><\/span><\/span><\/span><\/span><\/span><\/span><\/span><\/span><\/span><\/span><\/span><\/span><\/span><\/span><\/span><\/span><\/span><\/span><\/span><\/span><\/span><\/span><\/span><\/span><\/span><\/span><\/span><\/span><\/span><\/span><\/span><\/span><\/span><\/span><\/span><\/span><\/span><\/span><\/span><\/span><\/span><\/span><\/span><\/span><\/span><\/span><\/span><\/span><\/span><\/span><\/span><\/span><\/span><\/span><\/span><\/span><\/span><\/span><\/span><\/span><\/span><\/span><\/span><\/span><\/span><\/span><\/span><\/span><\/span><\/span><\/span><\/span><\/span><\/span><\/span><\/span><\/span><\/span><\/span><\/span><\/span><\/span><\/span><\/span><\/span><\/span><\/span><\/span><\/span><\/span><\/span><\/span><\/span><\/span><\/span><\/span><\/span><\/span><\/span><\/span><\/span><\/span><\/span><\/span><\/span><\/span><\/span><\/span><\/span><\/span><\/span><\/span><\/span><\/span><\/span><\/span><\/span><\/span><\/span><\/span><\/span><\/span><\/span><\/span><\/span><\/span><\/span><\/span><\/span><\/span><\/span><\/span><\/span><\/span><\/span><\/p>\r\n\r\n<p style=\"text-align:justify; margin-bottom:20px\">&nbsp;<\/p>\r\n\r\n<p style=\"text-align:justify\"><span style=\"font-size:11pt\"><span style=\"line-height:normal\"><span style=\"font-family:Calibri,sans-serif\"><b><span style=\"font-size:18.0pt\"><span style=\"font-variant:small-caps\">Eventos<\/span><\/span><\/b><\/span><\/span><\/span><\/p>\r\n\r\n<p style=\"text-align:justify\"><span style=\"font-size:11pt\"><span style=\"line-height:normal\"><span style=\"font-family:Calibri,sans-serif\"><b><span style=\"font-size:14.0pt\">22&ordf; FEBRAVA - Feira Internacional de Refrigera&ccedil;&atilde;o, Ar-Condicionado, Ventila&ccedil;&atilde;o, Aquecimento, Tratamento de Ar e de &Aacute;guas<\/span><\/b><span style=\"font-size:14.0pt\">, 12 a 15 de setembro de 2023, S&atilde;o Paulo Expo. <\/span><a href=\"https:\/\/www.febrava.com.br\/pt-br.html\" style=\"color:blue; text-decoration:underline\"><span style=\"font-size:14.0pt\">Informa&ccedil;&otilde;es<\/span><\/a> <\/span><\/span><\/span><\/p>\r\n\r\n<p style=\"text-align:justify\"><span style=\"font-size:11pt\"><span style=\"line-height:normal\"><span style=\"font-family:Calibri,sans-serif\"><b><span style=\"font-size:14.0pt\">18&ordm; CONBRAVA &ndash; Congresso Brasileiro de Refrigera&ccedil;&atilde;o, Ar-Condicionado, Ventila&ccedil;&atilde;o, Aquecimento e Tratamento de Ar | &ldquo;AVACR rumo ao um futuro sustent&aacute;vel e saud&aacute;vel&rdquo;, <\/span><\/b><span style=\"font-size:14.0pt\">13 a 15 de setembro de 2023, S&atilde;o Paulo Expo, SP. <\/span><a href=\"http:\/\/conbrava.comercial.ws\/site\/\" style=\"color:blue; text-decoration:underline\"><span style=\"font-size:14.0pt\">Informa&ccedil;&otilde;es<\/span><\/a> <\/span><\/span><\/span><\/p>\r\n\r\n<p style=\"text-align:justify\"><span style=\"font-size:11pt\"><span style=\"line-height:normal\"><span style=\"font-family:Calibri,sans-serif\"><b><span style=\"font-size:14.0pt\">FGV IBRE | III Semin&aacute;rio de An&aacute;lise Conjuntural<\/span><\/b><span style=\"font-size:14.0pt\">, 14 de setembro de 2023, 10h00 &agrave;s 11h30, transmiss&atilde;o Youtube FGV. <\/span><a href=\"https:\/\/evento.fgv.br\/analiseconjuntural_1409\/\" style=\"color:blue; text-decoration:underline\"><span style=\"font-size:14.0pt\">Inscri&ccedil;&otilde;es<\/span><\/a> <\/span><\/span><\/span><\/p>\r\n\r\n<p style=\"text-align:justify\"><span style=\"font-size:11pt\"><span style=\"line-height:normal\"><span style=\"font-family:Calibri,sans-serif\"><b><span style=\"font-size:14.0pt\">Workshop Abit | O Seguro como Prote&ccedil;&atilde;o &agrave;s Perdas Patrimoniais<\/span><\/b><span style=\"font-size:14.0pt\">, 19 de setembro de 2023, 09h30 &agrave;s 11h00. <\/span><a href=\"https:\/\/produtos.institutoabit.org.br\/prod\/b43a9ccc-dcf2-40d2-af32-7b0273ceebce?utm_campaign=convite_workshop_seguranca_patrimonial_2809&amp;utm_medium=email&amp;utm_source=RD+Station\" style=\"color:blue; text-decoration:underline\"><span style=\"font-size:14.0pt\">Informa&ccedil;&otilde;es<\/span><\/a> <\/span><\/span><\/span><\/p>\r\n\r\n<p style=\"text-align:justify\"><span style=\"font-size:11pt\"><span style=\"line-height:normal\"><span style=\"font-family:Calibri,sans-serif\"><b><span style=\"font-size:14.0pt\">Abiplast\/Sindiplast &amp; Pl&aacute;sticos em Revista | 13&ordm; Semin&aacute;rio Competitividade<\/span><\/b><span style=\"font-size:14.0pt\">, 19 de setembro de 2023, Hotel Meli&aacute;, Av. Paulista, 2181. <\/span><a href=\"https:\/\/plasticosemrevista.com.br\/competitividade-2023-inscricao\/\" style=\"color:blue; text-decoration:underline\"><span style=\"font-size:14.0pt\">Informa&ccedil;&otilde;es<\/span><\/a> <\/span><\/span><\/span><\/p>\r\n\r\n<p style=\"text-align:justify\"><span style=\"font-size:11pt\"><span style=\"line-height:normal\"><span style=\"font-family:Calibri,sans-serif\"><b><span style=\"font-size:14.0pt\">NasceCME | Conale 2023 - 5&ordf; Edi&ccedil;&atilde;o: Multici&ecirc;ncia e o Estado da Arte nos Processos de Limpeza e Esteriliza&ccedil;&atilde;o<\/span><\/b><span style=\"font-size:14.0pt\">, 23 e 24 de setembro, evento online. <\/span><a href=\"http:\/\/nascecme.com.br\/programa-conale-2023\/\" style=\"color:blue; text-decoration:underline\"><span style=\"font-size:14.0pt\">Programa&ccedil;&atilde;o<\/span><\/a> <\/span><\/span><\/span><\/p>\r\n\r\n<p style=\"text-align:justify\"><span style=\"font-size:11pt\"><span style=\"line-height:normal\"><span style=\"font-family:Calibri,sans-serif\"><b><span style=\"font-size:14.0pt\">Workshop | Log&iacute;stica Reversa de Embalagens no Setor T&amp;C<\/span><\/b><span style=\"font-size:14.0pt\">, 26 de setembro de 2023, 09h30 &agrave;s 11h30. <\/span><a href=\"https:\/\/produtos.institutoabit.org.br\/prod\/166335dc-c12f-4e44-8639-9f6c3263c509?utm_campaign=workshop_logistica_reversa&amp;utm_medium=email&amp;utm_source=RD+Station\" style=\"color:blue; text-decoration:underline\"><span style=\"font-size:14.0pt\">Inscri&ccedil;&otilde;es<\/span><\/a> <\/span><\/span><\/span><\/p>\r\n\r\n<p style=\"text-align:justify\"><span style=\"font-size:11pt\"><span style=\"line-height:normal\"><span style=\"font-family:Calibri,sans-serif\"><b><span style=\"font-size:14.0pt\">CNI\/ SEBRAE | 10&ordm; Congresso Internacional da Inova&ccedil;&atilde;o da Ind&uacute;stria<\/span><\/b><span style=\"font-size:14.0pt\">, 27 e 28 de setembro de 2023, S&atilde;o Paulo Expo.<\/span> <a href=\"https:\/\/www.congressodeinovacao.com.br\/?utm_source=comext&amp;utm_medium=email&amp;utm_campaign=eventos&amp;utm_content=id00053#msdynttrid=gg5jXwSFR7qM4vHH2tKGau3cTwSFDneTjMUhrcPg7vE\" style=\"color:blue; text-decoration:underline\"><span style=\"font-size:14.0pt\">Informa&ccedil;&otilde;es<\/span><\/a> <\/span><\/span><\/span><\/p>\r\n\r\n<p style=\"text-align:justify\"><span style=\"font-size:11pt\"><span style=\"line-height:normal\"><span style=\"font-family:Calibri,sans-serif\"><b><span style=\"font-size:14.0pt\">Semin&aacute;rio Abiquim de Tecnologia e Inova&ccedil;&atilde;o 2023, <\/span><\/b><span style=\"font-size:14.0pt\">05 de outubro de 2023, 08h30 &agrave;s 17h30, evento presencial, S&atilde;o Paulo, SP.<\/span><\/span><\/span><\/span><\/p>\r\n\r\n<p style=\"text-align:justify\"><span style=\"font-size:11pt\"><span style=\"line-height:normal\"><span style=\"font-family:Calibri,sans-serif\"><b><span style=\"font-size:14.0pt\">FiltXPO&trade; 2023<\/span><\/b><span class=\"MsoHyperlink\" style=\"color:blue\"><span style=\"text-decoration:underline\"><span style=\"font-size:14.0pt\"><span style=\"text-decoration:none\"><span style=\"text-underline:none\">, <\/span><\/span><\/span><\/span><\/span><span style=\"font-size:14.0pt\">October 10-12, 2023 at Navy Pier in Chicago, Illinois<\/span><span class=\"MsoHyperlink\" style=\"color:blue\"><span style=\"text-decoration:underline\"><span style=\"font-size:14.0pt\"><span style=\"text-decoration:none\"><span style=\"text-underline:none\">. <\/span><\/span><\/span><\/span><\/span><a href=\"https:\/\/www.filtxpo.com\/\" style=\"color:blue; text-decoration:underline\"><span style=\"font-size:14.0pt\">Informa&ccedil;&otilde;es<\/span><\/a> <\/span><\/span><\/span><\/p>\r\n\r\n<p style=\"text-align:justify\"><span style=\"font-size:11pt\"><span style=\"line-height:normal\"><span style=\"font-family:Calibri,sans-serif\"><b><span style=\"font-size:14.0pt\">CONAHP 2023<\/span><\/b><span style=\"font-size:14.0pt\">, 18 e 19 de outubro, Transamerica Expo Center, S&atilde;o Paulo, SP. <\/span><a href=\"https:\/\/conahp.org.br\/2023\/\" style=\"color:blue; text-decoration:underline\"><span style=\"font-size:14.0pt\">Informa&ccedil;&otilde;es<\/span><\/a> <\/span><\/span><\/span><\/p>\r\n\r\n<p style=\"text-align:justify\"><span style=\"font-size:11pt\"><span style=\"line-height:normal\"><span style=\"font-family:Calibri,sans-serif\"><b><span style=\"font-size:14.0pt\">V Congreso Sudamericano de Composites, Poliuretano y Pl&aacute;sticos de Ingenier&iacute;a, <\/span><\/b><span style=\"font-size:14.0pt\">24 e 25 de outubro de 2023, Bogot&aacute;, Col&ocirc;mbia. <\/span><a href=\"http:\/\/www.congresosudamericano.com\/blog.html\" style=\"color:blue; text-decoration:underline\"><span style=\"font-size:14.0pt\">Informa&ccedil;&otilde;es<\/span><\/a> <\/span><\/span><\/span><\/p>\r\n\r\n<p style=\"text-align:justify\"><span style=\"font-size:11pt\"><span style=\"line-height:normal\"><span style=\"font-family:Calibri,sans-serif\"><b><span style=\"font-size:14.0pt\">FEIPLAR COMPOSITES &amp; FEIPUR | Pain&eacute;is Setoriais 2023<\/span><\/b><span style=\"font-size:14.0pt\">, 24, 25 e 26 de outubro de 2023. <\/span><a href=\"http:\/\/newsletter.feiplar.com.br\/accounts\/184158\/messages\/30?email=abint@abint.org.br&amp;c=1693235815&amp;contact_id=3458&amp;envelope_id=21\" style=\"color:blue; text-decoration:underline\"><span style=\"font-size:14.0pt\">Informa&ccedil;&otilde;es<\/span><\/a> <\/span><\/span><\/span><\/p>\r\n\r\n<p style=\"text-align:justify\"><span style=\"font-size:11pt\"><span style=\"line-height:normal\"><span style=\"font-family:Calibri,sans-serif\"><b><span style=\"font-size:14.0pt\">Abrafiltros | 2&ordm; Semin&aacute;rio Brasileiro de Filtros<\/span><\/b><span style=\"font-size:14.0pt\">, 08 de novembro de 2023.<\/span><\/span><\/span><\/span><\/p>\r\n\r\n<p style=\"text-align:justify\"><span style=\"font-size:11pt\"><span style=\"line-height:normal\"><span style=\"font-family:Calibri,sans-serif\"><b><span style=\"font-size:14.0pt\">Industry CCUS 2023,<\/span><\/b> <span style=\"font-size:14.0pt\">29-30 November, Rotterdam, Netherlands.<\/span> <a href=\"https:\/\/fortesmedia.com\/industry-ccus-conference-2023,4,en,2,1,28.html#register\" style=\"color:blue; text-decoration:underline\"><span style=\"font-size:14.0pt\">Informa&ccedil;&otilde;es<\/span><\/a> <\/span><\/span><\/span><\/p>\r\n\r\n<p style=\"text-align:justify\"><span style=\"font-size:11pt\"><span style=\"line-height:normal\"><span style=\"font-family:Calibri,sans-serif\"><b><span style=\"font-size:14.0pt\">FEIPLAR COMPOSITES &amp; FEIPUR &ndash; Feira e Congresso Internacionais de Composites, Poliuretano, Pl&aacute;sticos de Engenharia e Compostos Termopl&aacute;sticos<\/span><\/b><span style=\"font-size:14.0pt\">, 20 a 22 de agosto de 2024, S&atilde;o Paulo Expo (Pavilh&atilde;o 5), palestras: das 8h30 &agrave;s 18h, feira: das 13h &agrave;s 20h.<b> <\/b><\/span><a href=\"http:\/\/www.feiplar.com\" style=\"color:blue; text-decoration:underline\"><span style=\"font-size:14.0pt\">www.feiplar.com<\/span><\/a> <\/span><\/span><\/span><\/p>\r\n\r\n<p style=\"text-align:justify\"><span style=\"font-size:28pt\"><span style=\"font-family:Cambria,serif\"><span style=\"letter-spacing:-0.5pt\"><b><span style=\"font-size:18.0pt\"><span style=\"font-family:&quot;Calibri&quot;,sans-serif\"><span style=\"font-variant:small-caps\">Setor<\/span><\/span><\/span><\/b><\/span><\/span><\/span><\/p>\r\n\r\n<p style=\"text-align:justify\"><span style=\"font-size:11pt\"><span style=\"line-height:normal\"><span style=\"font-family:Calibri,sans-serif\"><a href=\"https:\/\/jornaldobelem.com.br\/noticia\/17029\/ctg-abint-e-igs-brasil-promovem-apresentacoes-dos-trabalhos-vencedores-do-premio-tecnologia-em-geossinteticos--benedito-de-souza-bueno--2022-2023\" style=\"color:blue; text-decoration:underline\"><span style=\"font-size:14.0pt\">CTG ABINT e IGS Brasil promovem apresenta&ccedil;&otilde;es dos trabalhos vencedores do pr&ecirc;mio Tecnologia em Geossint&eacute;ticos &ldquo;Benedito de Souza Bueno&rdquo; 2022\/2023<\/span><\/a><\/span><\/span><\/span><\/p>\r\n\r\n<p style=\"text-align:justify\"><span style=\"font-size:11pt\"><span style=\"line-height:normal\"><span style=\"font-family:Calibri,sans-serif\"><a href=\"https:\/\/www.nonwovens-industry.com\/contents\/view_features\/2023-08-31\/the-future-of-spunlace-nonwovens?utm_campaign=NON+Issue+Alert&amp;utm_medium=email&amp;_hsmi=273393555&amp;_hsenc=p2ANqtz-8bPMIAaQxf5rS8mYr8i1iTvcXILqWKpVLdwz6jAFyv-6E9I9NnjbzezSHwXR5tbUsnnQcn1HE4kQaVLcvjW5TTTObE1Q&amp;utm_content=273393555&amp;utm_source=hs_email\" style=\"color:blue; text-decoration:underline\"><span style=\"font-size:14.0pt\">The Future of Spunlace Nonwovens<\/span><\/a><\/span><\/span><\/span><\/p>\r\n\r\n<p style=\"text-align:justify\"><span style=\"font-size:11pt\"><span style=\"line-height:normal\"><span style=\"font-family:Calibri,sans-serif\"><a href=\"https:\/\/www.nonwovens-industry.com\/contents\/view_breaking-news\/2023-09-08\/techtextil-india-to-be-held-next-week\/\" style=\"color:blue; text-decoration:underline\"><span style=\"font-size:14.0pt\">Techtextil India to be Held Next Week<\/span><\/a><\/span><\/span><\/span><\/p>\r\n\r\n<p style=\"text-align:justify\"><span style=\"font-size:28pt\"><span style=\"font-family:Cambria,serif\"><span style=\"letter-spacing:-0.5pt\"><b><span style=\"font-size:18.0pt\"><span style=\"font-family:&quot;Calibri&quot;,sans-serif\"><span style=\"font-variant:small-caps\">Ind&uacute;stria<\/span><\/span><\/span><\/b><\/span><\/span><\/span><\/p>\r\n\r\n<p style=\"text-align:justify\"><span style=\"font-size:11pt\"><span style=\"line-height:normal\"><span style=\"font-family:Calibri,sans-serif\"><a href=\"https:\/\/g1.globo.com\/carros\/noticia\/2023\/09\/05\/anfavea-vendas-caem-com-fim-dos-descontos-no-carro-zero-mas-producao-sobe-em-agosto.ghtml\" style=\"color:blue; text-decoration:underline\"><span style=\"font-size:14.0pt\">Vendas caem com fim dos descontos no carro zero, mas produ&ccedil;&atilde;o sobe 24% em agosto, diz Anfavea<\/span><\/a><\/span><\/span><\/span><\/p>\r\n\r\n<p style=\"text-align:justify\"><span style=\"font-size:11pt\"><span style=\"line-height:normal\"><span style=\"font-family:Calibri,sans-serif\"><a href=\"https:\/\/www.moneytimes.com.br\/a-ameaca-chinesa-que-pode-impactar-o-setor-automotivo-brasileiro-segundo-a-anfavea\/\" style=\"color:blue; text-decoration:underline\"><span style=\"font-size:14.0pt\">A amea&ccedil;a chinesa que pode impactar o setor automotivo brasileiro, segundo a Anfavea<\/span><\/a><\/span><\/span><\/span><\/p>\r\n\r\n<p style=\"text-align:justify\"><span style=\"font-size:11pt\"><span style=\"line-height:normal\"><span style=\"font-family:Calibri,sans-serif\"><a href=\"https:\/\/emobile.com.br\/site\/setor-moveleiro\/varejo-de-moveis-e-colchoes-em-maio\/\" style=\"color:blue; text-decoration:underline\"><span style=\"font-size:14.0pt\">Varejo de m&oacute;veis e colch&otilde;es em maio<\/span><\/a><\/span><\/span><\/span><\/p>\r\n\r\n<p style=\"text-align:justify\"><span style=\"font-size:11pt\"><span style=\"line-height:normal\"><span style=\"font-family:Calibri,sans-serif\"><a href=\"https:\/\/revistamt.com.br\/Materias\/Exibir\/os-dilemas-da-infraestrutura-brasileira?utm_source=akna&amp;utm_medium=email&amp;utm_campaign=Acao-RMT-10-09-Confira-a-nova-edicao-da-Revista-M-T-N-277-Setembro-23\" style=\"color:blue; text-decoration:underline\"><span style=\"font-size:14.0pt\">Os dilemas da infraestrutura brasileira<\/span><\/a><\/span><\/span><\/span><\/p>\r\n\r\n<p style=\"text-align:justify\"><span style=\"font-size:28pt\"><span style=\"font-family:Cambria,serif\"><span style=\"letter-spacing:-0.5pt\"><b><span style=\"font-size:18.0pt\"><span style=\"font-family:&quot;Calibri&quot;,sans-serif\"><span style=\"font-variant:small-caps\">Sustentabilidade<\/span><\/span><\/span><\/b><\/span><\/span><\/span><\/p>\r\n\r\n<p style=\"text-align:justify\"><span style=\"font-size:11pt\"><span style=\"line-height:normal\"><span style=\"font-family:Calibri,sans-serif\"><a href=\"https:\/\/conectaverde.com.br\/regulamentacao-do-mercado-de-creditos-de-carbono-rumo-a-sustentabilidade-global\/?utm_campaign=conecta_verde_news_39&amp;utm_medium=email&amp;utm_source=RD+Station\" style=\"color:blue; text-decoration:underline\"><span style=\"font-size:14.0pt\">Regulamenta&ccedil;&atilde;o do mercado de cr&eacute;ditos de carbono: rumo &agrave; sustentabilidade global<\/span><\/a><\/span><\/span><\/span><\/p>\r\n\r\n<p style=\"text-align:justify\"><span style=\"font-size:11pt\"><span style=\"line-height:normal\"><span style=\"font-family:Calibri,sans-serif\"><a href=\"https:\/\/fiesc.com.br\/pt-br\/imprensa\/no-brasil-indice-de-reciclagem-de-plastico-pos-consumo-e-de-23\" style=\"color:blue; text-decoration:underline\"><span style=\"font-size:14.0pt\">No Brasil, &iacute;ndice de reciclagem de pl&aacute;stico p&oacute;s-consumo &eacute; de 23%<\/span><\/a><\/span><\/span><\/span><\/p>\r\n\r\n<p style=\"text-align:justify\"><span style=\"font-size:11pt\"><span style=\"line-height:normal\"><span style=\"font-family:Calibri,sans-serif\"><a href=\"https:\/\/epbr.com.br\/metas-climaticas-de-petroleiras-sao-insuficientes-para-atingir-acordo-de-paris-aponta-relatorio\/\" style=\"color:blue; text-decoration:underline\"><span style=\"font-size:14.0pt\">S&oacute; uma major do petr&oacute;leo tem potencial de cumprir o Acordo de Paris, aponta relat&oacute;rio<\/span><\/a><\/span><\/span><\/span><\/p>\r\n\r\n<p style=\"text-align:justify\"><span style=\"font-size:11pt\"><span style=\"line-height:normal\"><span style=\"font-family:Calibri,sans-serif\"><a href=\"https:\/\/conectaverde.com.br\/pacto-global-da-onu-no-brasil-revela-indicadores-das-empresas-em-metas-de-direitos-humanos-trabalho-meio-ambiente-e-contra-a-corrupcao\/?utm_campaign=conecta_verde_news_39&amp;utm_medium=email&amp;utm_source=RD+Station\" style=\"color:blue; text-decoration:underline\"><span style=\"font-size:14.0pt\">Pacto Global da ONU no Brasil revela indicadores das empresas em metas de Direitos Humanos, Trabalho, Meio Ambiente e Contra a Corrup&ccedil;&atilde;o<\/span><\/a><\/span><\/span><\/span><\/p>\r\n\r\n<p style=\"text-align:justify\"><span style=\"font-size:11pt\"><span style=\"line-height:normal\"><span style=\"font-family:Calibri,sans-serif\"><a href=\"https:\/\/noticias.portaldaindustria.com.br\/noticias\/sustentabilidade\/o-que-o-setor-privado-espera-da-cop28\/\" style=\"color:blue; text-decoration:underline\"><span style=\"font-size:14.0pt\">O que o setor privado espera da COP28?<\/span><\/a><\/span><\/span><\/span><\/p>\r\n\r\n<p style=\"text-align:justify\"><span style=\"font-size:28pt\"><span style=\"font-family:Cambria,serif\"><span style=\"letter-spacing:-0.5pt\"><b><span style=\"font-size:18.0pt\"><span style=\"font-family:&quot;Calibri&quot;,sans-serif\"><span style=\"font-variant:small-caps\">Inova&ccedil;&atilde;o<\/span><\/span><\/span><\/b><\/span><\/span><\/span><\/p>\r\n\r\n<p style=\"text-align:justify\"><span style=\"font-size:11pt\"><span style=\"line-height:normal\"><span style=\"font-family:Calibri,sans-serif\"><a href=\"http:\/\/www.finep.gov.br\/noticias\/todas-noticias\/6650-finep-e-bndes-lancam-maior-programa-de-apoio-a-inovacao-da-historia-do-pais\" style=\"color:blue; text-decoration:underline\"><span style=\"font-size:14.0pt\">Finep e BNDES lan&ccedil;am maior programa na hist&oacute;ria do Pa&iacute;s de apoio &agrave; Inova&ccedil;&atilde;o nas empresas<\/span><\/a><\/span><\/span><\/span><\/p>\r\n\r\n<p style=\"text-align:justify\"><span style=\"font-size:11pt\"><span style=\"line-height:normal\"><span style=\"font-family:Calibri,sans-serif\"><a href=\"https:\/\/phys.org\/news\/2023-09-gloves-self-decontaminating-fabric-enables-multiuse.html?utm_source=nwletter&amp;utm_medium=email&amp;utm_campaign=daily-nwletter\" style=\"color:blue; text-decoration:underline\"><span style=\"font-size:14.0pt\">You can leave your gloves on: Self-decontaminating fabric enables multiuse personal protective equipment<\/span><\/a><\/span><\/span><\/span><\/p>\r\n\r\n<p style=\"text-align:justify\"><span style=\"font-size:11pt\"><span style=\"line-height:normal\"><span style=\"font-family:Calibri,sans-serif\"><a href=\"https:\/\/phys.org\/news\/2023-09-table-salt-safe-inexpensive-reusable.html?utm_source=nwletter&amp;utm_medium=email&amp;utm_campaign=daily-nwletter\" style=\"color:blue; text-decoration:underline\"><span style=\"font-size:14.0pt\">Table salt offers a safe, inexpensive and reusable pathway to recovering useful products from plastic waste<\/span><\/a><\/span><\/span><\/span><\/p>\r\n\r\n<p style=\"text-align:justify\"><span style=\"font-size:11pt\"><span style=\"line-height:normal\"><span style=\"font-family:Calibri,sans-serif\"><a href=\"https:\/\/www.technicaltextile.net\/news\/us-engineers-develop-wearable-textile-based-device-289935.html\" style=\"color:blue; text-decoration:underline\"><span style=\"font-size:14.0pt\">US engineers develop wearable, textile-based device<\/span><\/a><\/span><\/span><\/span><\/p>\r\n\r\n<p style=\"text-align:justify\"><span style=\"font-size:28pt\"><span style=\"font-family:Cambria,serif\"><span style=\"letter-spacing:-0.5pt\"><b><span style=\"font-size:18.0pt\"><span style=\"font-family:&quot;Calibri&quot;,sans-serif\"><span style=\"font-variant:small-caps\">Com&eacute;rcio Exterior<\/span><\/span><\/span><\/b><\/span><\/span><\/span><\/p>\r\n\r\n<p style=\"text-align:justify\"><span style=\"font-size:11pt\"><span style=\"line-height:normal\"><span style=\"font-family:Calibri,sans-serif\"><a href=\"https:\/\/www.gov.br\/planalto\/pt-br\/acompanhe-o-planalto\/noticias\/2023\/09\/presidente-cobra-clareza-de-europeus-sobre-acordo-com-mercosul\" style=\"color:blue; text-decoration:underline\"><span style=\"font-size:14.0pt\">Presidente cobra clareza de europeus sobre acordo com Mercosul<\/span><\/a><\/span><\/span><\/span><\/p>\r\n\r\n<p style=\"text-align:justify\"><span style=\"font-size:11pt\"><span style=\"line-height:normal\"><span style=\"font-family:Calibri,sans-serif\"><a href=\"https:\/\/m.br.investing.com\/news\/economy\/paises-do-brics-acumulam-ouro-na-expectativa-de-uma-moeda-comum-diz-analista-1153124\" style=\"color:blue; text-decoration:underline\"><span style=\"font-size:14.0pt\">Pa&iacute;ses do Brics acumulam ouro na expectativa de uma moeda comum, diz analista<\/span><\/a><\/span><\/span><\/span><\/p>\r\n\r\n<p style=\"text-align:justify\"><span style=\"font-size:11pt\"><span style=\"line-height:normal\"><span style=\"font-family:Calibri,sans-serif\"><a href=\"https:\/\/noticias.portaldaindustria.com.br\/noticias\/internacional\/cni-ingressa-no-comite-nacional-para-promocao-da-cultura-exportadora\/\" style=\"color:blue; text-decoration:underline\"><span style=\"font-size:14.0pt\">CNI ingressa no Comit&ecirc; Nacional para Promo&ccedil;&atilde;o da Cultura Exportadora<\/span><\/a><\/span><\/span><\/span><\/p>\r\n\r\n<p style=\"text-align:justify\"><span style=\"font-size:28pt\"><span style=\"font-family:Cambria,serif\"><span style=\"letter-spacing:-0.5pt\"><b><span style=\"font-size:18.0pt\"><span style=\"font-family:&quot;Calibri&quot;,sans-serif\"><span style=\"font-variant:small-caps\">Economia<\/span><\/span><\/span><\/b><\/span><\/span><\/span><\/p>\r\n\r\n<p style=\"text-align:justify\"><span style=\"font-size:11pt\"><span style=\"line-height:normal\"><span style=\"font-family:Calibri,sans-serif\"><a href=\"https:\/\/www.bcb.gov.br\/content\/focus\/focus\/R20230908.pdf\" style=\"color:blue; text-decoration:underline\"><span style=\"font-size:14.0pt\">Focus &ndash; Relat&oacute;rio de Mercado<\/span><\/a><\/span><\/span><\/span><\/p>\r\n\r\n<p style=\"text-align:justify\"><span style=\"font-size:11pt\"><span style=\"line-height:normal\"><span style=\"font-family:Calibri,sans-serif\"><a href=\"https:\/\/agenciabrasil.ebc.com.br\/economia\/noticia\/2023-09\/mercado-eleva-para-264-projecao-do-crescimento-da-economia-em-2023\" style=\"color:blue; text-decoration:underline\"><span style=\"font-size:14.0pt\">Mercado eleva para 2,64% proje&ccedil;&atilde;o do crescimento da economia em 2023<\/span><\/a><\/span><\/span><\/span><\/p>\r\n\r\n<p style=\"text-align:justify\"><span style=\"font-size:11pt\"><span style=\"line-height:normal\"><span style=\"font-family:Calibri,sans-serif\"><a href=\"https:\/\/portal.fgv.br\/noticias\/confianca-empresarial-reverte-resultado-negativo-mes-anterior\" style=\"color:blue; text-decoration:underline\"><span style=\"font-size:14.0pt\">Confian&ccedil;a Empresarial reverte resultado negativo no m&ecirc;s anterior<\/span><\/a><\/span><\/span><\/span><\/p>\r\n\r\n<p style=\"text-align:justify\"><span style=\"font-size:11pt\"><span style=\"line-height:normal\"><span style=\"font-family:Calibri,sans-serif\"><a href=\"https:\/\/portalibre.fgv.br\/system\/files\/2023-09\/Bar%C3%B4metros%20Globais%20KOF-FGV_Press%20release_09_2023_0.pdf\" style=\"color:blue; text-decoration:underline\"><span style=\"font-size:14.0pt\">Bar&ocirc;metro Global Antecedente sinaliza menor pessimismo<\/span><\/a><\/span><\/span><\/span><\/p>\r\n","texto_en":"","7":"","imagem":"COMP_banner-padrao-home-destaques-boletim-2023_202309131208315ZxtWKGHJa.jpeg","8":"COMP_banner-padrao-home-destaques-boletim-2023_202309131208315ZxtWKGHJa.jpeg","arquivo":"20230912-NOTICIAS-SEMANAIS.PDF","9":"20230912-NOTICIAS-SEMANAIS.PDF","titulo_arquivo":"20230912 Not\u00edcias Semanais ABINT","10":"20230912 Not\u00edcias Semanais ABINT","titulo_arquivo_en":"","11":"","created_at":"2023-09-13 12:08:40","12":"2023-09-13 12:08:40","updated_at":"2023-09-13 12:08:40","13":"2023-09-13 12:08:40"},{"id":81,"0":81,"ordem":142,"1":142,"data":"2023-09-05","2":"2023-09-05","slug":"boletim-de-noticias-semanais-78","3":"boletim-de-noticias-semanais-78","titulo":"Boletim de Not\u00edcias Semanais","4":"Boletim de Not\u00edcias Semanais","titulo_en":"","5":"","texto":"<p style=\"text-align:justify\"><span style=\"font-size:11pt\"><span style=\"line-height:normal\"><span style=\"font-family:Calibri,sans-serif\"><span style=\"font-size:14.0pt\">Esta &eacute; uma compila&ccedil;&atilde;o das not&iacute;cias mais relevantes para o setor, incluindo informa&ccedil;&otilde;es sobre acordos internacionais, economia brasileira, sustentabilidade e mat&eacute;rias primas, al&eacute;m de novidades do setor de N&atilde;otecidos e Tecidos T&eacute;cnicos.<\/span><\/span><\/span><\/span><\/p>\r\n\r\n<p class=\"MsoTitleCxSpFirst\" style=\"text-align:justify\"><span style=\"font-size:28pt\"><span style=\"font-family:Cambria,serif\"><span style=\"letter-spacing:-0.5pt\"><b><span style=\"font-size:18.0pt\"><span style=\"font-family:&quot;Calibri&quot;,sans-serif\"><span style=\"font-variant:small-caps\">Not&iacute;cias das Associadas<\/span><\/span><\/span><\/b><\/span><\/span><\/span><\/p>\r\n\r\n<p style=\"text-align:justify\"><span style=\"font-size:11pt\"><span style=\"line-height:normal\"><span style=\"font-family:Calibri,sans-serif\"><span style=\"font-size:14.0pt\"><a href=\"https:\/\/www.nonwovens-industry.com\/contents\/view_breaking-news\/2023-08-31\/trutzschler-introduces-high-performance-comber?utm_campaign=NON+eNewsletter&amp;utm_medium=email&amp;_hsmi=272504245&amp;_hsenc=p2ANqtz-_MfB4DDV4cD3gtcRBZCpHZNywXnuSfcPLAQb3RFArXAtIe1FzcsSfmIjW-l_7KjkrqKshpQnS1_Ar8b8C28wXHnwbyVw&amp;utm_content=272504245&amp;utm_source=hs_email\" style=\"color:blue; text-decoration:underline\">Tru\u0308tzschler Introduces High Performance Comber<\/a><\/span><\/span><\/span><\/span><\/p>\r\n\r\n<p style=\"text-align:justify\"><span style=\"font-size:28pt\"><span style=\"font-family:Cambria,serif\"><span style=\"letter-spacing:-0.5pt\"><b><span style=\"font-size:18.0pt\"><span style=\"font-family:&quot;Calibri&quot;,sans-serif\"><span style=\"font-variant:small-caps\">A&ccedil;&otilde;es da ABINT<\/span><\/span><\/span><\/b><\/span><\/span><\/span><\/p>\r\n\r\n<p class=\"MsoTitle\" style=\"text-align:justify; margin-bottom:20px\"><span style=\"font-size:18px\"><span style=\"box-sizing:border-box\"><span style=\"line-height:1.5\"><span style=\"color:#313f48\"><span style=\"font-family:&quot;Roboto Condensed&quot;, Helvetica, Arial, sans-serif\"><span style=\"font-style:normal\"><span style=\"font-variant-ligatures:normal\"><span style=\"font-weight:400\"><span style=\"white-space:normal\"><span style=\"background-color:#ffffff\"><span style=\"text-decoration-thickness:initial\"><span style=\"text-decoration-style:initial\"><span style=\"text-decoration-color:initial\"><span style=\"font-size:18px\"><span style=\"box-sizing:border-box\"><span style=\"box-sizing:border-box\"><span style=\"box-sizing:border-box\"><span style=\"line-height:1.5\"><span style=\"box-sizing:border-box\"><span style=\"color:#313f48\"><span style=\"box-sizing:border-box\"><span style=\"font-family:&quot;Roboto Condensed&quot;, Helvetica, Arial, sans-serif\"><span style=\"box-sizing:border-box\"><span style=\"font-style:normal\"><span style=\"box-sizing:border-box\"><span style=\"font-variant-ligatures:normal\"><span style=\"box-sizing:border-box\"><span style=\"font-weight:400\"><span style=\"box-sizing:border-box\"><span style=\"white-space:normal\"><span style=\"box-sizing:border-box\"><span style=\"background-color:#ffffff\"><span style=\"box-sizing:border-box\"><span style=\"text-decoration-thickness:initial\"><span style=\"box-sizing:border-box\"><span style=\"text-decoration-style:initial\"><span style=\"box-sizing:border-box\"><span style=\"text-decoration-color:initial\"><span style=\"font-size:18px\"><span style=\"box-sizing:border-box\"><span style=\"box-sizing:border-box\"><span style=\"box-sizing:border-box\"><span style=\"box-sizing:border-box\"><span style=\"box-sizing:border-box\"><span style=\"line-height:1.5\"><span style=\"box-sizing:border-box\"><span style=\"box-sizing:border-box\"><span style=\"color:#313f48\"><span style=\"box-sizing:border-box\"><span style=\"box-sizing:border-box\"><span style=\"font-family:&quot;Roboto Condensed&quot;, Helvetica, Arial, sans-serif\"><span style=\"box-sizing:border-box\"><span style=\"box-sizing:border-box\"><span style=\"font-style:normal\"><span style=\"box-sizing:border-box\"><span style=\"box-sizing:border-box\"><span style=\"font-variant-ligatures:normal\"><span style=\"box-sizing:border-box\"><span style=\"box-sizing:border-box\"><span style=\"font-weight:400\"><span style=\"box-sizing:border-box\"><span style=\"box-sizing:border-box\"><span style=\"white-space:normal\"><span style=\"box-sizing:border-box\"><span style=\"box-sizing:border-box\"><span style=\"background-color:#ffffff\"><span style=\"box-sizing:border-box\"><span style=\"box-sizing:border-box\"><span style=\"text-decoration-thickness:initial\"><span style=\"box-sizing:border-box\"><span style=\"box-sizing:border-box\"><span style=\"text-decoration-style:initial\"><span style=\"box-sizing:border-box\"><span style=\"box-sizing:border-box\"><span style=\"text-decoration-color:initial\"><span style=\"font-size:11pt\"><span style=\"box-sizing:border-box\"><span style=\"box-sizing:border-box\"><span style=\"box-sizing:border-box\"><span style=\"box-sizing:border-box\"><span style=\"box-sizing:border-box\"><span style=\"box-sizing:border-box\"><span style=\"line-height:16.8667px\"><span style=\"box-sizing:border-box\"><span style=\"box-sizing:border-box\"><span style=\"box-sizing:border-box\"><span style=\"font-family:Calibri, sans-serif\"><b style=\"box-sizing:border-box; font-weight:bolder\"><span style=\"font-size:14pt\"><span style=\"box-sizing:border-box\"><span style=\"box-sizing:border-box\"><span style=\"box-sizing:border-box\"><span style=\"box-sizing:border-box\"><span style=\"box-sizing:border-box\"><span style=\"box-sizing:border-box\"><span style=\"line-height:21.4667px\"><span style=\"box-sizing:border-box\"><span style=\"box-sizing:border-box\"><span style=\"box-sizing:border-box\"><span style=\"color:blue\"><img src=\"https:\/\/www.abint.org.br\/assets\/img\/editor\/capa-live-ic-11092023_20230822145534YV5DJMnz6h.png\" style=\"box-sizing:border-box; border-style:none; width:500px; height:281px\" \/><\/span><\/span><\/span><\/span><\/span><\/span><\/span><\/span><\/span><\/span><\/span><\/span><\/b><\/span><\/span><\/span><\/span><\/span><\/span><\/span><\/span><\/span><\/span><\/span><\/span><\/span><\/span><\/span><\/span><\/span><\/span><\/span><\/span><\/span><\/span><\/span><\/span><\/span><\/span><\/span><\/span><\/span><\/span><\/span><\/span><\/span><\/span><\/span><\/span><\/span><\/span><\/span><\/span><\/span><\/span><\/span><\/span><\/span><\/span><\/span><\/span><\/span><\/span><\/span><\/span><\/span><\/span><\/span><\/span><\/span><\/span><\/span><\/span><\/span><\/span><\/span><\/span><\/span><\/span><\/span><\/span><\/span><\/span><\/span><\/span><\/span><\/span><\/span><\/span><\/span><\/span><\/span><\/span><\/span><\/span><\/span><\/span><\/span><\/span><\/span><\/p>\r\n\r\n<p class=\"MsoTitle\" style=\"text-align:justify; margin-bottom:20px\"><span style=\"font-size:18px\"><span style=\"box-sizing:border-box\"><span style=\"line-height:1.5\"><span style=\"color:#313f48\"><span style=\"font-family:&quot;Roboto Condensed&quot;, Helvetica, Arial, sans-serif\"><span style=\"font-style:normal\"><span style=\"font-variant-ligatures:normal\"><span style=\"font-weight:400\"><span style=\"white-space:normal\"><span style=\"background-color:#ffffff\"><span style=\"text-decoration-thickness:initial\"><span style=\"text-decoration-style:initial\"><span style=\"text-decoration-color:initial\"><span style=\"font-size:18px\"><span style=\"box-sizing:border-box\"><span style=\"box-sizing:border-box\"><span style=\"box-sizing:border-box\"><span style=\"line-height:1.5\"><span style=\"box-sizing:border-box\"><span style=\"color:#313f48\"><span style=\"box-sizing:border-box\"><span style=\"font-family:&quot;Roboto Condensed&quot;, Helvetica, Arial, sans-serif\"><span style=\"box-sizing:border-box\"><span style=\"font-style:normal\"><span style=\"box-sizing:border-box\"><span style=\"font-variant-ligatures:normal\"><span style=\"box-sizing:border-box\"><span style=\"font-weight:400\"><span style=\"box-sizing:border-box\"><span style=\"white-space:normal\"><span style=\"box-sizing:border-box\"><span style=\"background-color:#ffffff\"><span style=\"box-sizing:border-box\"><span style=\"text-decoration-thickness:initial\"><span style=\"box-sizing:border-box\"><span style=\"text-decoration-style:initial\"><span style=\"box-sizing:border-box\"><span style=\"text-decoration-color:initial\"><b style=\"box-sizing:border-box; font-weight:bolder\"><span style=\"font-size:14pt\"><span style=\"box-sizing:border-box\"><span style=\"box-sizing:border-box\"><span style=\"box-sizing:border-box\"><span style=\"box-sizing:border-box\"><span style=\"line-height:21.4667px\"><span style=\"box-sizing:border-box\"><span style=\"box-sizing:border-box\"><span style=\"font-family:Calibri, sans-serif\">Dia 11\/09, &agrave;s 18h, o CTG ABINT e a IGS Brasil&nbsp;<\/span><\/span><\/span><\/span><\/span><\/span><\/span><\/span><\/span><\/b><span style=\"font-size:14pt\"><span style=\"box-sizing:border-box\"><span style=\"box-sizing:border-box\"><span style=\"box-sizing:border-box\"><span style=\"box-sizing:border-box\"><span style=\"line-height:21.4667px\"><span style=\"box-sizing:border-box\"><span style=\"box-sizing:border-box\"><span style=\"font-family:Calibri, sans-serif\">receber&atilde;o, em uma live no YouTube da Geotecnia Brasil,<b style=\"box-sizing:border-box; font-weight:bolder\">&nbsp;os vencedores da Categoria Inicia&ccedil;&atilde;o Cient&iacute;fica da edi&ccedil;&atilde;o 2022\/2023<\/b>&nbsp;do Pr&ecirc;mio TCC\/IC Tecnologia em Geossint&eacute;ticos &ldquo;Benedito de Souza Bueno&rdquo;.<\/span><\/span><\/span><\/span><\/span><\/span><\/span><\/span><\/span><\/span><\/span><\/span><\/span><\/span><\/span><\/span><\/span><\/span><\/span><\/span><\/span><\/span><\/span><\/span><\/span><\/span><\/span><\/span><\/span><\/span><\/span><\/span><\/span><\/span><\/span><\/span><\/span><\/span><\/span><\/span><\/span><\/span><\/span><\/span><\/span><\/span><\/span><\/p>\r\n\r\n<p class=\"MsoTitle\" style=\"text-align:justify; margin-bottom:20px\"><span style=\"font-size:18px\"><span style=\"box-sizing:border-box\"><span style=\"line-height:1.5\"><span style=\"color:#313f48\"><span style=\"font-family:&quot;Roboto Condensed&quot;, Helvetica, Arial, sans-serif\"><span style=\"font-style:normal\"><span style=\"font-variant-ligatures:normal\"><span style=\"font-weight:400\"><span style=\"white-space:normal\"><span style=\"background-color:#ffffff\"><span style=\"text-decoration-thickness:initial\"><span style=\"text-decoration-style:initial\"><span style=\"text-decoration-color:initial\">&nbsp;<span style=\"font-size:18px\"><span style=\"box-sizing:border-box\"><span style=\"box-sizing:border-box\"><span style=\"box-sizing:border-box\"><span style=\"line-height:1.5\"><span style=\"box-sizing:border-box\"><span style=\"color:#313f48\"><span style=\"box-sizing:border-box\"><span style=\"font-family:&quot;Roboto Condensed&quot;, Helvetica, Arial, sans-serif\"><span style=\"box-sizing:border-box\"><span style=\"font-style:normal\"><span style=\"box-sizing:border-box\"><span style=\"font-variant-ligatures:normal\"><span style=\"box-sizing:border-box\"><span style=\"font-weight:400\"><span style=\"box-sizing:border-box\"><span style=\"white-space:normal\"><span style=\"box-sizing:border-box\"><span style=\"background-color:#ffffff\"><span style=\"box-sizing:border-box\"><span style=\"text-decoration-thickness:initial\"><span style=\"box-sizing:border-box\"><span style=\"text-decoration-style:initial\"><span style=\"box-sizing:border-box\"><span style=\"text-decoration-color:initial\"><span style=\"font-size:14pt\"><span style=\"box-sizing:border-box\"><span style=\"box-sizing:border-box\"><span style=\"box-sizing:border-box\"><span style=\"box-sizing:border-box\"><span style=\"line-height:21.4667px\"><span style=\"box-sizing:border-box\"><span style=\"box-sizing:border-box\"><span style=\"font-family:Calibri, sans-serif\"><img src=\"https:\/\/www.abint.org.br\/assets\/img\/editor\/capa-live-tcc-12092023_20230822145608jortReBZK9.png\" style=\"box-sizing:border-box; border-style:none; width:500px; height:281px\" \/><\/span><\/span><\/span><\/span><\/span><\/span><\/span><\/span><\/span><\/span><\/span><\/span><\/span><\/span><\/span><\/span><\/span><\/span><\/span><\/span><\/span><\/span><\/span><\/span><\/span><\/span><\/span><\/span><\/span><\/span><\/span><\/span><\/span><\/span><\/span><\/span><\/span><\/span><\/span><\/span><\/span><\/span><\/span><\/span><\/span><\/span><\/span><\/p>\r\n\r\n<p class=\"MsoTitle\" style=\"text-align:justify; margin-bottom:20px\"><span style=\"font-size:18px\"><span style=\"box-sizing:border-box\"><span style=\"line-height:1.5\"><span style=\"color:#313f48\"><span style=\"font-family:&quot;Roboto Condensed&quot;, Helvetica, Arial, sans-serif\"><span style=\"font-style:normal\"><span style=\"font-variant-ligatures:normal\"><span style=\"font-weight:400\"><span style=\"white-space:normal\"><span style=\"background-color:#ffffff\"><span style=\"text-decoration-thickness:initial\"><span style=\"text-decoration-style:initial\"><span style=\"text-decoration-color:initial\"><span style=\"font-size:18px\"><span style=\"box-sizing:border-box\"><span style=\"box-sizing:border-box\"><span style=\"box-sizing:border-box\"><span style=\"line-height:1.5\"><span style=\"box-sizing:border-box\"><span style=\"color:#313f48\"><span style=\"box-sizing:border-box\"><span style=\"font-family:&quot;Roboto Condensed&quot;, Helvetica, Arial, sans-serif\"><span style=\"box-sizing:border-box\"><span style=\"font-style:normal\"><span style=\"box-sizing:border-box\"><span style=\"font-variant-ligatures:normal\"><span style=\"box-sizing:border-box\"><span style=\"font-weight:400\"><span style=\"box-sizing:border-box\"><span style=\"white-space:normal\"><span style=\"box-sizing:border-box\"><span style=\"background-color:#ffffff\"><span style=\"box-sizing:border-box\"><span style=\"text-decoration-thickness:initial\"><span style=\"box-sizing:border-box\"><span style=\"text-decoration-style:initial\"><span style=\"box-sizing:border-box\"><span style=\"text-decoration-color:initial\"><b style=\"box-sizing:border-box; font-weight:bolder\"><span style=\"font-size:14pt\"><span style=\"box-sizing:border-box\"><span style=\"box-sizing:border-box\"><span style=\"box-sizing:border-box\"><span style=\"box-sizing:border-box\"><span style=\"line-height:21.4667px\"><span style=\"box-sizing:border-box\"><span style=\"box-sizing:border-box\"><span style=\"font-family:Calibri, sans-serif\">E dia 12\/09, &agrave;s 18h, ser&aacute; a vez de CTG ABINT e IGS Brasil&nbsp;<\/span><\/span><\/span><\/span><\/span><\/span><\/span><\/span><\/span><\/b><span style=\"font-size:14pt\"><span style=\"box-sizing:border-box\"><span style=\"box-sizing:border-box\"><span style=\"box-sizing:border-box\"><span style=\"box-sizing:border-box\"><span style=\"line-height:21.4667px\"><span style=\"box-sizing:border-box\"><span style=\"box-sizing:border-box\"><span style=\"font-family:Calibri, sans-serif\">receberem, tamb&eacute;m no YouTube da Geotecnia Brasil,<b style=\"box-sizing:border-box; font-weight:bolder\">&nbsp;os vencedores da Categoria Trabalho de Conclus&atilde;o de Curso da edi&ccedil;&atilde;o 2022\/2023<\/b>&nbsp;do Pr&ecirc;mio TCC\/IC Tecnologia em Geossint&eacute;ticos &ldquo;Benedito de Souza Bueno&rdquo;.<\/span><\/span><\/span><\/span><\/span><\/span><\/span><\/span><\/span><\/span><\/span><\/span><\/span><\/span><\/span><\/span><\/span><\/span><\/span><\/span><\/span><\/span><\/span><\/span><\/span><\/span><\/span><\/span><\/span><\/span><\/span><\/span><\/span><\/span><\/span><\/span><\/span><\/span><\/span><\/span><\/span><\/span><\/span><\/span><\/span><\/span><\/span><\/p>\r\n\r\n<p class=\"MsoTitle\" style=\"text-align:justify; margin-bottom:20px\"><span style=\"font-size:18px\"><span style=\"box-sizing:border-box\"><span style=\"line-height:1.5\"><span style=\"color:#313f48\"><span style=\"font-family:&quot;Roboto Condensed&quot;, Helvetica, Arial, sans-serif\"><span style=\"font-style:normal\"><span style=\"font-variant-ligatures:normal\"><span style=\"font-weight:400\"><span style=\"white-space:normal\"><span style=\"background-color:#ffffff\"><span style=\"text-decoration-thickness:initial\"><span style=\"text-decoration-style:initial\"><span style=\"text-decoration-color:initial\">&nbsp;<\/span><\/span><\/span><\/span><\/span><\/span><\/span><\/span><\/span><\/span><\/span><\/span><\/span><\/p>\r\n\r\n<p class=\"MsoTitle\" style=\"text-align:justify; margin-bottom:20px\"><span style=\"font-size:18px\"><span style=\"box-sizing:border-box\"><span style=\"line-height:1.5\"><span style=\"color:#313f48\"><span style=\"font-family:&quot;Roboto Condensed&quot;, Helvetica, Arial, sans-serif\"><span style=\"font-style:normal\"><span style=\"font-variant-ligatures:normal\"><span style=\"font-weight:400\"><span style=\"white-space:normal\"><span style=\"background-color:#ffffff\"><span style=\"text-decoration-thickness:initial\"><span style=\"text-decoration-style:initial\"><span style=\"text-decoration-color:initial\">&nbsp;<span style=\"font-size:18px\"><span style=\"box-sizing:border-box\"><span style=\"box-sizing:border-box\"><span style=\"box-sizing:border-box\"><span style=\"line-height:1.5\"><span style=\"box-sizing:border-box\"><span style=\"color:#313f48\"><span style=\"box-sizing:border-box\"><span style=\"font-family:&quot;Roboto Condensed&quot;, Helvetica, Arial, sans-serif\"><span style=\"box-sizing:border-box\"><span style=\"font-style:normal\"><span style=\"box-sizing:border-box\"><span style=\"font-variant-ligatures:normal\"><span style=\"box-sizing:border-box\"><span style=\"font-weight:400\"><span style=\"box-sizing:border-box\"><span style=\"white-space:normal\"><span style=\"box-sizing:border-box\"><span style=\"background-color:#ffffff\"><span style=\"box-sizing:border-box\"><span style=\"text-decoration-thickness:initial\"><span style=\"box-sizing:border-box\"><span style=\"text-decoration-style:initial\"><span style=\"box-sizing:border-box\"><span style=\"text-decoration-color:initial\"><span style=\"font-size:18px\"><span style=\"box-sizing:border-box\"><span style=\"box-sizing:border-box\"><span style=\"box-sizing:border-box\"><span style=\"box-sizing:border-box\"><span style=\"box-sizing:border-box\"><span style=\"line-height:1.5\"><span style=\"box-sizing:border-box\"><span style=\"box-sizing:border-box\"><span style=\"color:#313f48\"><span style=\"box-sizing:border-box\"><span style=\"box-sizing:border-box\"><span style=\"font-family:&quot;Roboto Condensed&quot;, Helvetica, Arial, sans-serif\"><span style=\"box-sizing:border-box\"><span style=\"box-sizing:border-box\"><span style=\"font-style:normal\"><span style=\"box-sizing:border-box\"><span style=\"box-sizing:border-box\"><span style=\"font-variant-ligatures:normal\"><span style=\"box-sizing:border-box\"><span style=\"box-sizing:border-box\"><span style=\"font-weight:400\"><span style=\"box-sizing:border-box\"><span style=\"box-sizing:border-box\"><span style=\"white-space:normal\"><span style=\"box-sizing:border-box\"><span style=\"box-sizing:border-box\"><span style=\"background-color:#ffffff\"><span style=\"box-sizing:border-box\"><span style=\"box-sizing:border-box\"><span style=\"text-decoration-thickness:initial\"><span style=\"box-sizing:border-box\"><span style=\"box-sizing:border-box\"><span style=\"text-decoration-style:initial\"><span style=\"box-sizing:border-box\"><span style=\"box-sizing:border-box\"><span style=\"text-decoration-color:initial\"><span style=\"font-size:11pt\"><span style=\"box-sizing:border-box\"><span style=\"box-sizing:border-box\"><span style=\"box-sizing:border-box\"><span style=\"box-sizing:border-box\"><span style=\"box-sizing:border-box\"><span style=\"box-sizing:border-box\"><span style=\"line-height:16.8667px\"><span style=\"box-sizing:border-box\"><span style=\"box-sizing:border-box\"><span style=\"box-sizing:border-box\"><span style=\"font-family:Calibri, sans-serif\"><b style=\"box-sizing:border-box; font-weight:bolder\"><span style=\"font-size:14pt\"><span style=\"box-sizing:border-box\"><span style=\"box-sizing:border-box\"><span style=\"box-sizing:border-box\"><span style=\"box-sizing:border-box\"><span style=\"box-sizing:border-box\"><span style=\"box-sizing:border-box\"><span style=\"line-height:21.4667px\"><span style=\"box-sizing:border-box\"><span style=\"box-sizing:border-box\"><span style=\"box-sizing:border-box\"><span style=\"color:blue\"><img src=\"https:\/\/www.abint.org.br\/assets\/img\/editor\/congresso-internacional-abit-2023_202308151414212LkdNBSzdA.png\" style=\"box-sizing:border-box; border-style:none; width:500px; height:442px\" \/><\/span><\/span><\/span><\/span><\/span><\/span><\/span><\/span><\/span><\/span><\/span><\/span><\/b><\/span><\/span><\/span><\/span><\/span><\/span><\/span><\/span><\/span><\/span><\/span><\/span><\/span><\/span><\/span><\/span><\/span><\/span><\/span><\/span><\/span><\/span><\/span><\/span><\/span><\/span><\/span><\/span><\/span><\/span><\/span><\/span><\/span><\/span><\/span><\/span><\/span><\/span><\/span><\/span><\/span><\/span><\/span><\/span><\/span><\/span><\/span><\/span><\/span><\/span><\/span><\/span><\/span><\/span><\/span><\/span><\/span><\/span><\/span><\/span><\/span><\/span><\/span><\/span><\/span><\/span><\/span><\/span><\/span><\/span><\/span><\/span><\/span><\/span><\/span><\/span><\/span><\/span><\/span><\/span><\/span><\/span><\/span><\/span><\/span><\/span><\/span><\/p>\r\n\r\n<p style=\"text-align:justify; margin-bottom:20px\"><span style=\"font-size:18px\"><span style=\"box-sizing:border-box\"><span style=\"line-height:1.5\"><span style=\"color:#313f48\"><span style=\"font-family:&quot;Roboto Condensed&quot;, Helvetica, Arial, sans-serif\"><span style=\"font-style:normal\"><span style=\"font-variant-ligatures:normal\"><span style=\"font-weight:400\"><span style=\"white-space:normal\"><span style=\"background-color:#ffffff\"><span style=\"text-decoration-thickness:initial\"><span style=\"text-decoration-style:initial\"><span style=\"text-decoration-color:initial\"><span style=\"font-size:18px\"><span style=\"box-sizing:border-box\"><span style=\"box-sizing:border-box\"><span style=\"box-sizing:border-box\"><span style=\"line-height:1.5\"><span style=\"box-sizing:border-box\"><span style=\"color:#313f48\"><span style=\"box-sizing:border-box\"><span style=\"font-family:&quot;Roboto Condensed&quot;, Helvetica, Arial, sans-serif\"><span style=\"box-sizing:border-box\"><span style=\"font-style:normal\"><span style=\"box-sizing:border-box\"><span style=\"font-variant-ligatures:normal\"><span style=\"box-sizing:border-box\"><span style=\"font-weight:400\"><span style=\"box-sizing:border-box\"><span style=\"white-space:normal\"><span style=\"box-sizing:border-box\"><span style=\"background-color:#ffffff\"><span style=\"box-sizing:border-box\"><span style=\"text-decoration-thickness:initial\"><span style=\"box-sizing:border-box\"><span style=\"text-decoration-style:initial\"><span style=\"box-sizing:border-box\"><span style=\"text-decoration-color:initial\"><span style=\"font-size:18px\"><span style=\"box-sizing:border-box\"><span style=\"box-sizing:border-box\"><span style=\"box-sizing:border-box\"><span style=\"box-sizing:border-box\"><span style=\"box-sizing:border-box\"><span style=\"line-height:1.5\"><span style=\"box-sizing:border-box\"><span style=\"box-sizing:border-box\"><span style=\"color:#313f48\"><span style=\"box-sizing:border-box\"><span style=\"box-sizing:border-box\"><span style=\"font-family:&quot;Roboto Condensed&quot;, Helvetica, Arial, sans-serif\"><span style=\"box-sizing:border-box\"><span style=\"box-sizing:border-box\"><span style=\"font-style:normal\"><span style=\"box-sizing:border-box\"><span style=\"box-sizing:border-box\"><span style=\"font-variant-ligatures:normal\"><span style=\"box-sizing:border-box\"><span style=\"box-sizing:border-box\"><span style=\"font-weight:400\"><span style=\"box-sizing:border-box\"><span style=\"box-sizing:border-box\"><span style=\"white-space:normal\"><span style=\"box-sizing:border-box\"><span style=\"box-sizing:border-box\"><span style=\"background-color:#ffffff\"><span style=\"box-sizing:border-box\"><span style=\"box-sizing:border-box\"><span style=\"text-decoration-thickness:initial\"><span style=\"box-sizing:border-box\"><span style=\"box-sizing:border-box\"><span style=\"text-decoration-style:initial\"><span style=\"box-sizing:border-box\"><span style=\"box-sizing:border-box\"><span style=\"text-decoration-color:initial\"><span style=\"font-size:11pt\"><span style=\"box-sizing:border-box\"><span style=\"box-sizing:border-box\"><span style=\"box-sizing:border-box\"><span style=\"box-sizing:border-box\"><span style=\"box-sizing:border-box\"><span style=\"box-sizing:border-box\"><span style=\"line-height:normal\"><span style=\"box-sizing:border-box\"><span style=\"box-sizing:border-box\"><span style=\"box-sizing:border-box\"><span style=\"font-family:Calibri, sans-serif\"><b style=\"box-sizing:border-box; font-weight:bolder\"><span style=\"font-size:14pt\"><span style=\"box-sizing:border-box\"><span style=\"box-sizing:border-box\"><span style=\"box-sizing:border-box\">A ABINT &eacute; uma das patrocinadoras do Congresso Internacional ABIT 2023,&nbsp;<\/span><\/span><\/span><\/span><\/b><span style=\"font-size:14pt\"><span style=\"box-sizing:border-box\"><span style=\"box-sizing:border-box\"><span style=\"box-sizing:border-box\">que ocorrer&aacute;<b style=\"box-sizing:border-box; font-weight:bolder\">&nbsp;dias 08 e 09 de novembro, na FIESC, Florian&oacute;polis, SC.&nbsp;<\/b><\/span><\/span><\/span><\/span><\/span><\/span><\/span><\/span><\/span><\/span><\/span><\/span><span style=\"box-sizing:border-box\"><span style=\"box-sizing:border-box\"><span style=\"box-sizing:border-box\"><span style=\"line-height:16.8667px\"><span style=\"box-sizing:border-box\"><span style=\"box-sizing:border-box\"><span style=\"box-sizing:border-box\"><span style=\"font-family:Calibri, sans-serif\"><a href=\"https:\/\/t.rdsv1.net\/ls\/click?upn=LFSWB5boDXSqxt4eHgA5r3YUv3HG6yY4XTXT-2BpjEpFmt56yR61Gu09ER-2Bq95-2FgFAbN46ClwLMWPZzveVybfat1CKHOKhUUtOIVaFgsR5U28dlEKVouFrV1iSMaKnlWHCANmwKiZ4x1Oy9BDRL5tuTGPXgO91zEc1uo-2FbtPYQFm3y4fMGnbuiV3FEKs9g9uy1l2sL_iW8zc4KBvTUX2z9kws1M6pjQI9DpNNh-2Fk6fgMN4DbaFx-2BL1o5swSv2HtiLB2iGFhqxZ0654f80VOIjakRycDjcrdu1MF6BdTRc4d4wYs0wcxXXPsRygypvnzeOAhjjgiEkGX1jMsv1FD9IiN0mt5TiPA-2F-2FcYbMJqgkOyyeRxcI4izBTlMz4tYAchHCwHneJZvJXH0y9HeVp67XkJynQGH21X32t2y1CeSaYEq0zVO-2BnyLK4mDGipKkH-2FZQCwU2MKfdHIIgVMZzvyz5G5cXFeOFC58YiNyn2cnMPO14gymNMfyWFH-2BHHlC3b47l7V1Qmqxs4es-2BeyjBwNpbTVF3mKTVfvVN8KGLr0cqLDBhDLHrW7KPcTfpWgS5gfvWdAKEPOEmZKoo4k2kAi0PFh6jxFYAV2tXcAZfbY2kx8RXrY81D1SMCEBW0alhXBRKfUMvljxKCVojmlXya75YoxeWm0PKiSpaikvnyQHb1SYVAvooBBGQr8kVTT7gfi2jpYOB7Yz3v8ovwiOQwMF4kMzI4BGg58Stg7NIyaStQsDmhOsSp6GMNA3SG1UPw-2Fljh3rhjS-2BFt0EiGPe9cI33b9n1X0Y0ud-2BOFmeXkp5V9mMyq0eViPM4g6fXMuiRQFG1Lhn1lb5TsAtW9vCVxHdYrOB-2F6cV4-2FiOK5JwicsxDApwdvwvys-3D\" style=\"box-sizing:border-box; text-decoration:underline; color:blue; transition:color 0.3s ease 0s; outline-width:0px\"><span style=\"font-size:14pt\"><span style=\"box-sizing:border-box\"><span style=\"box-sizing:border-box\"><span style=\"box-sizing:border-box\"><span style=\"box-sizing:border-box\"><span style=\"box-sizing:border-box\"><span style=\"box-sizing:border-box\"><span style=\"line-height:21.4667px\">Informa&ccedil;&otilde;es<\/span><\/span><\/span><\/span><\/span><\/span><\/span><\/span><\/a><\/span><\/span><\/span><\/span><\/span><\/span><\/span><\/span><\/span><\/span><\/span><\/span><\/span><\/span><\/span><\/span><\/span><\/span><\/span><\/span><\/span><\/span><\/span><\/span><\/span><\/span><\/span><\/span><\/span><\/span><\/span><\/span><\/span><\/span><\/span><\/span><\/span><\/span><\/span><\/span><\/span><\/span><\/span><\/span><\/span><\/span><\/span><\/span><\/span><\/span><\/span><\/span><\/span><\/span><\/span><\/span><\/span><\/span><\/span><\/span><\/span><\/span><\/span><\/span><\/span><\/span><\/span><\/span><\/span><\/span><\/span><\/span><\/span><\/span><\/span><\/span><\/span><\/span><\/span><\/span><\/span><\/span><\/span><\/span><\/span><\/span><\/span><\/p>\r\n\r\n<p style=\"text-align:justify; margin-bottom:20px\">&nbsp;<\/p>\r\n\r\n<p style=\"text-align:justify\"><span style=\"font-size:11pt\"><span style=\"line-height:normal\"><span style=\"font-family:Calibri,sans-serif\"><b><span style=\"font-size:18.0pt\"><span style=\"font-variant:small-caps\">Eventos<\/span><\/span><\/b><\/span><\/span><\/span><\/p>\r\n\r\n<p style=\"text-align:justify\"><span style=\"font-size:11pt\"><span style=\"line-height:normal\"><span style=\"font-family:Calibri,sans-serif\"><b><span style=\"font-size:14.0pt\">Workshop Abit | Bloco K 2024 - Obrigatoriedade e Implica&ccedil;&otilde;es Operacionais<\/span><\/b><span style=\"font-size:14.0pt\">, 06 de setembro de 2023, 09h30 &agrave;s 11h00, evento online. <\/span><a href=\"https:\/\/app.rdstation.email\/mail\/0fb2830d-08b6-4ae3-81b4-b161ab0c587e?utm_campaign=convite_workshop_bloco_k&amp;utm_medium=email&amp;utm_source=RD+Station\" style=\"color:blue; text-decoration:underline\"><span style=\"font-size:14.0pt\">Informa&ccedil;&otilde;es<\/span><\/a> <\/span><\/span><\/span><\/p>\r\n\r\n<p style=\"text-align:justify\"><span style=\"font-size:11pt\"><span style=\"line-height:normal\"><span style=\"font-family:Calibri,sans-serif\"><b><span style=\"font-size:14.0pt\">22&ordf; FEBRAVA - Feira Internacional de Refrigera&ccedil;&atilde;o, Ar-Condicionado, Ventila&ccedil;&atilde;o, Aquecimento, Tratamento de Ar e de &Aacute;guas<\/span><\/b><span style=\"font-size:14.0pt\">, 12 a 15 de setembro de 2023, S&atilde;o Paulo Expo. <\/span><a href=\"https:\/\/www.febrava.com.br\/pt-br.html\" style=\"color:blue; text-decoration:underline\"><span style=\"font-size:14.0pt\">Informa&ccedil;&otilde;es<\/span><\/a> <\/span><\/span><\/span><\/p>\r\n\r\n<p style=\"text-align:justify\"><span style=\"font-size:11pt\"><span style=\"line-height:normal\"><span style=\"font-family:Calibri,sans-serif\"><b><span style=\"font-size:14.0pt\">18&ordm; CONBRAVA &ndash; Congresso Brasileiro de Refrigera&ccedil;&atilde;o, Ar-Condicionado, Ventila&ccedil;&atilde;o, Aquecimento e Tratamento de Ar | &ldquo;AVACR rumo ao um futuro sustent&aacute;vel e saud&aacute;vel&rdquo;, <\/span><\/b><span style=\"font-size:14.0pt\">13 a 15 de setembro de 2023, S&atilde;o Paulo Expo, SP. <\/span><a href=\"http:\/\/conbrava.comercial.ws\/site\/\" style=\"color:blue; text-decoration:underline\"><span style=\"font-size:14.0pt\">Informa&ccedil;&otilde;es<\/span><\/a> <\/span><\/span><\/span><\/p>\r\n\r\n<p style=\"text-align:justify\"><span style=\"font-size:11pt\"><span style=\"line-height:normal\"><span style=\"font-family:Calibri,sans-serif\"><b><span style=\"font-size:14.0pt\">FGV IBRE | III Semin&aacute;rio de An&aacute;lise Conjuntural<\/span><\/b><span style=\"font-size:14.0pt\">, 14 de setembro de 2023, 10h00 &agrave;s 11h30, transmiss&atilde;o Youtube FGV. <a href=\"https:\/\/evento.fgv.br\/analiseconjuntural_1409\/\" style=\"color:blue; text-decoration:underline\">Inscri&ccedil;&otilde;es<\/a> <\/span><\/span><\/span><\/span><\/p>\r\n\r\n<p style=\"text-align:justify\"><span style=\"font-size:11pt\"><span style=\"line-height:normal\"><span style=\"font-family:Calibri,sans-serif\"><b><span style=\"font-size:14.0pt\">Workshop Abit | O Seguro como Prote&ccedil;&atilde;o &agrave;s Perdas Patrimoniais<\/span><\/b><span style=\"font-size:14.0pt\">, 19 de setembro de 2023, 09h30 &agrave;s 11h00. <\/span><a href=\"https:\/\/produtos.institutoabit.org.br\/prod\/b43a9ccc-dcf2-40d2-af32-7b0273ceebce?utm_campaign=convite_workshop_seguranca_patrimonial_2809&amp;utm_medium=email&amp;utm_source=RD+Station\" style=\"color:blue; text-decoration:underline\"><span style=\"font-size:14.0pt\">Informa&ccedil;&otilde;es<\/span><\/a> <\/span><\/span><\/span><\/p>\r\n\r\n<p style=\"text-align:justify\"><span style=\"font-size:11pt\"><span style=\"line-height:normal\"><span style=\"font-family:Calibri,sans-serif\"><b><span style=\"font-size:14.0pt\">Abiplast\/Sindiplast &amp; Pl&aacute;sticos em Revista | 13&ordm; Semin&aacute;rio Competitividade<\/span><\/b><span style=\"font-size:14.0pt\">, 19 de setembro de 2023, Hotel Meli&aacute;, Av. Paulista, 2181. <\/span><a href=\"https:\/\/plasticosemrevista.com.br\/competitividade-2023-inscricao\/\" style=\"color:blue; text-decoration:underline\"><span style=\"font-size:14.0pt\">Informa&ccedil;&otilde;es<\/span><\/a> <\/span><\/span><\/span><\/p>\r\n\r\n<p style=\"text-align:justify\"><span style=\"font-size:11pt\"><span style=\"line-height:normal\"><span style=\"font-family:Calibri,sans-serif\"><b><span style=\"font-size:14.0pt\">NasceCME | Conale 2023 - 5&ordf; Edi&ccedil;&atilde;o: Multici&ecirc;ncia e o Estado da Arte nos Processos de Limpeza e Esteriliza&ccedil;&atilde;o<\/span><\/b><span style=\"font-size:14.0pt\">, 23 e 24 de setembro, evento online. <\/span><a href=\"http:\/\/nascecme.com.br\/programa-conale-2023\/\" style=\"color:blue; text-decoration:underline\"><span style=\"font-size:14.0pt\">Programa&ccedil;&atilde;o<\/span><\/a> <\/span><\/span><\/span><\/p>\r\n\r\n<p style=\"text-align:justify\"><span style=\"font-size:11pt\"><span style=\"line-height:normal\"><span style=\"font-family:Calibri,sans-serif\"><b><span style=\"font-size:14.0pt\">Workshop | Log&iacute;stica Reversa de Embalagens no Setor T&amp;C<\/span><\/b><span style=\"font-size:14.0pt\">, 26 de setembro de 2023, 09h30 &agrave;s 11h30. <a href=\"https:\/\/produtos.institutoabit.org.br\/prod\/166335dc-c12f-4e44-8639-9f6c3263c509?utm_campaign=workshop_logistica_reversa&amp;utm_medium=email&amp;utm_source=RD+Station\" style=\"color:blue; text-decoration:underline\">Inscri&ccedil;&otilde;es<\/a> <\/span><\/span><\/span><\/span><\/p>\r\n\r\n<p style=\"text-align:justify\"><span style=\"font-size:11pt\"><span style=\"line-height:normal\"><span style=\"font-family:Calibri,sans-serif\"><b><span style=\"font-size:14.0pt\">CNI\/ SEBRAE | 10&ordm; Congresso Internacional da Inova&ccedil;&atilde;o da Ind&uacute;stria<\/span><\/b><span style=\"font-size:14.0pt\">, 27 e 28 de setembro de 2023, S&atilde;o Paulo Expo.<\/span> <a href=\"https:\/\/www.congressodeinovacao.com.br\/?utm_source=comext&amp;utm_medium=email&amp;utm_campaign=eventos&amp;utm_content=id00053#msdynttrid=gg5jXwSFR7qM4vHH2tKGau3cTwSFDneTjMUhrcPg7vE\" style=\"color:blue; text-decoration:underline\"><span style=\"font-size:14.0pt\">Informa&ccedil;&otilde;es<\/span><\/a> <\/span><\/span><\/span><\/p>\r\n\r\n<p style=\"text-align:justify\"><span style=\"font-size:11pt\"><span style=\"line-height:normal\"><span style=\"font-family:Calibri,sans-serif\"><b><span style=\"font-size:14.0pt\">Semin&aacute;rio Abiquim de Tecnologia e Inova&ccedil;&atilde;o 2023, <\/span><\/b><span style=\"font-size:14.0pt\">05 de outubro de 2023, 08h30 &agrave;s 17h30, evento presencial, S&atilde;o Paulo, SP.<\/span><\/span><\/span><\/span><\/p>\r\n\r\n<p style=\"text-align:justify\"><span style=\"font-size:11pt\"><span style=\"line-height:normal\"><span style=\"font-family:Calibri,sans-serif\"><b><span style=\"font-size:14.0pt\">FiltXPO&trade; 2023<\/span><\/b><span class=\"MsoHyperlink\" style=\"color:blue\"><span style=\"text-decoration:underline\"><span style=\"font-size:14.0pt\"><span style=\"text-decoration:none\"><span style=\"text-underline:none\">, <\/span><\/span><\/span><\/span><\/span><span style=\"font-size:14.0pt\">October 10-12, 2023 at Navy Pier in Chicago, Illinois<\/span><span class=\"MsoHyperlink\" style=\"color:blue\"><span style=\"text-decoration:underline\"><span style=\"font-size:14.0pt\"><span style=\"text-decoration:none\"><span style=\"text-underline:none\">. <\/span><\/span><\/span><\/span><\/span><a href=\"https:\/\/www.filtxpo.com\/\" style=\"color:blue; text-decoration:underline\"><span style=\"font-size:14.0pt\">Informa&ccedil;&otilde;es<\/span><\/a> <\/span><\/span><\/span><\/p>\r\n\r\n<p style=\"text-align:justify\"><span style=\"font-size:11pt\"><span style=\"line-height:normal\"><span style=\"font-family:Calibri,sans-serif\"><b><span style=\"font-size:14.0pt\">CONAHP 2023<\/span><\/b><span style=\"font-size:14.0pt\">, 18 e 19 de outubro, Transamerica Expo Center, S&atilde;o Paulo, SP. <\/span><a href=\"https:\/\/conahp.org.br\/2023\/\" style=\"color:blue; text-decoration:underline\"><span style=\"font-size:14.0pt\">Informa&ccedil;&otilde;es<\/span><\/a> <\/span><\/span><\/span><\/p>\r\n\r\n<p style=\"text-align:justify\"><span style=\"font-size:11pt\"><span style=\"line-height:normal\"><span style=\"font-family:Calibri,sans-serif\"><b><span style=\"font-size:14.0pt\">V Congreso Sudamericano de Composites, Poliuretano y Pl&aacute;sticos de Ingenier&iacute;a, <\/span><\/b><span style=\"font-size:14.0pt\">24 e 25 de outubro de 2023, Bogot&aacute;, Col&ocirc;mbia. <\/span><a href=\"http:\/\/www.congresosudamericano.com\/blog.html\" style=\"color:blue; text-decoration:underline\"><span style=\"font-size:14.0pt\">Informa&ccedil;&otilde;es<\/span><\/a> <\/span><\/span><\/span><\/p>\r\n\r\n<p style=\"text-align:justify\"><span style=\"font-size:11pt\"><span style=\"line-height:normal\"><span style=\"font-family:Calibri,sans-serif\"><b><span style=\"font-size:14.0pt\">FEIPLAR COMPOSITES &amp; FEIPUR | Pain&eacute;is Setoriais 2023<\/span><\/b><span style=\"font-size:14.0pt\">, 24, 25 e 26 de outubro de 2023. <\/span><a href=\"http:\/\/newsletter.feiplar.com.br\/accounts\/184158\/messages\/30?email=abint@abint.org.br&amp;c=1693235815&amp;contact_id=3458&amp;envelope_id=21\" style=\"color:blue; text-decoration:underline\"><span style=\"font-size:14.0pt\">Informa&ccedil;&otilde;es<\/span><\/a> <\/span><\/span><\/span><\/p>\r\n\r\n<p style=\"text-align:justify\"><span style=\"font-size:11pt\"><span style=\"line-height:normal\"><span style=\"font-family:Calibri,sans-serif\"><b><span style=\"font-size:14.0pt\">Abrafiltros | 2&ordm; Semin&aacute;rio Brasileiro de Filtros<\/span><\/b><span style=\"font-size:14.0pt\">, 08 de novembro de 2023.<\/span><\/span><\/span><\/span><\/p>\r\n\r\n<p style=\"text-align:justify\"><span style=\"font-size:11pt\"><span style=\"line-height:normal\"><span style=\"font-family:Calibri,sans-serif\"><b><span style=\"font-size:14.0pt\">Industry CCUS 2023,<\/span><\/b> <span style=\"font-size:14.0pt\">29-30 November, Rotterdam, Netherlands.<\/span> <a href=\"https:\/\/fortesmedia.com\/industry-ccus-conference-2023,4,en,2,1,28.html#register\" style=\"color:blue; text-decoration:underline\"><span style=\"font-size:14.0pt\">Informa&ccedil;&otilde;es<\/span><\/a> <\/span><\/span><\/span><\/p>\r\n\r\n<p style=\"text-align:justify\"><span style=\"font-size:11pt\"><span style=\"line-height:normal\"><span style=\"font-family:Calibri,sans-serif\"><b><span style=\"font-size:14.0pt\">FEIPLAR COMPOSITES &amp; FEIPUR &ndash; Feira e Congresso Internacionais de Composites, Poliuretano, Pl&aacute;sticos de Engenharia e Compostos Termopl&aacute;sticos<\/span><\/b><span style=\"font-size:14.0pt\">, 20 a 22 de agosto de 2024, S&atilde;o Paulo Expo (Pavilh&atilde;o 5), palestras: das 8h30 &agrave;s 18h, feira: das 13h &agrave;s 20h.<b> <\/b><\/span><a href=\"http:\/\/www.feiplar.com\" style=\"color:blue; text-decoration:underline\"><span style=\"font-size:14.0pt\">www.feiplar.com<\/span><\/a> <\/span><\/span><\/span><\/p>\r\n\r\n<p style=\"text-align:justify\"><span style=\"font-size:28pt\"><span style=\"font-family:Cambria,serif\"><span style=\"letter-spacing:-0.5pt\"><b><span style=\"font-size:18.0pt\"><span style=\"font-family:&quot;Calibri&quot;,sans-serif\"><span style=\"font-variant:small-caps\">Setor<\/span><\/span><\/span><\/b><\/span><\/span><\/span><\/p>\r\n\r\n<p style=\"text-align:justify\"><span style=\"font-size:11pt\"><span style=\"line-height:normal\"><span style=\"font-family:Calibri,sans-serif\"><a href=\"https:\/\/www.meiofiltrante.com.br\/Artigo\/6074\/tecidos-sustentaveis-ja-sao-uma-realidade-para-diversos-setores\" style=\"color:blue; text-decoration:underline\"><span style=\"font-size:14.0pt\">Tecidos sustent&aacute;veis j&aacute; s&atilde;o uma realidade para diversos setores<\/span><\/a><\/span><\/span><\/span><\/p>\r\n\r\n<p style=\"text-align:justify\"><span style=\"font-size:11pt\"><span style=\"line-height:normal\"><span style=\"font-family:Calibri,sans-serif\"><a href=\"https:\/\/www.santos.sp.gov.br\/?q=noticia\/obras-de-contencao-e-drenagem-em-morro-de-santos-terminam-em-setembro-nova-intervencao-e-iniciada\" style=\"color:blue; text-decoration:underline\"><span style=\"font-size:14.0pt\">Geomantas: obras de conten&ccedil;&atilde;o e drenagem em morro de Santos terminam em setembro<\/span><\/a><\/span><\/span><\/span><\/p>\r\n\r\n<p style=\"text-align:justify\"><span style=\"font-size:11pt\"><span style=\"line-height:normal\"><span style=\"font-family:Calibri,sans-serif\"><a href=\"https:\/\/opetroleo.com.br\/aprenda-como-plantar-e-cuidar-da-alface\/\" style=\"color:blue; text-decoration:underline\"><span style=\"font-size:14.0pt\">Mulching: cuidados no cultivo da alface<\/span><\/a><\/span><\/span><\/span><\/p>\r\n\r\n<p style=\"text-align:justify\"><span style=\"font-size:11pt\"><span style=\"line-height:normal\"><span style=\"font-family:Calibri,sans-serif\"><a href=\"file:\/\/\/C:\/Users\/cristiane\/Downloads\/Leia%20mais%20em:%20https:\/conexaosafra.com\/fruticultura\/lona-e-colheita-estrategica-revolucionam-abacaxicultura-no-norte-do-es\/\" style=\"color:blue; text-decoration:underline\"><span style=\"font-size:14.0pt\">Lona e colheita estrat&eacute;gica revolucionam abacaxicultura no Norte do ES<\/span><\/a><\/span><\/span><\/span><\/p>\r\n\r\n<p style=\"text-align:justify\"><span style=\"font-size:11pt\"><span style=\"line-height:normal\"><span style=\"font-family:Calibri,sans-serif\"><span class=\"MsoHyperlink\" style=\"color:blue\"><span style=\"text-decoration:underline\"><span style=\"font-size:14.0pt\"><span style=\"text-decoration:none\"><span style=\"text-underline:none\"><a href=\"https:\/\/techxplore.com\/news\/2023-08-aim-fashionable-greener.html?utm_source=nwletter&amp;utm_medium=email&amp;utm_campaign=daily-nwletter\" style=\"color:blue; text-decoration:underline\">Clothing manufacturers aim to get fashionable with greener practices<\/a><\/span><\/span><\/span><\/span><\/span><\/span><\/span><\/span><\/p>\r\n\r\n<p style=\"text-align:justify\"><span style=\"font-size:28pt\"><span style=\"font-family:Cambria,serif\"><span style=\"letter-spacing:-0.5pt\"><b><span style=\"font-size:18.0pt\"><span style=\"font-family:&quot;Calibri&quot;,sans-serif\"><span style=\"font-variant:small-caps\">Ind&uacute;stria<\/span><\/span><\/span><\/b><\/span><\/span><\/span><\/p>\r\n\r\n<p style=\"text-align:justify\"><span style=\"font-size:11pt\"><span style=\"line-height:normal\"><span style=\"font-family:Calibri,sans-serif\"><a href=\"https:\/\/www.gov.br\/mdic\/pt-br\/assuntos\/noticias\/2023\/setembro\/mdic-define-oito-eixos-de-atuacao-para-reduzir-custo-brasil\" style=\"color:blue; text-decoration:underline\"><span style=\"font-size:14.0pt\">MDIC define oito eixos de atua&ccedil;&atilde;o para reduzir Custo Brasil<\/span><\/a><\/span><\/span><\/span><\/p>\r\n\r\n<p style=\"text-align:justify\"><span style=\"font-size:11pt\"><span style=\"line-height:normal\"><span style=\"font-family:Calibri,sans-serif\"><a href=\"https:\/\/noticias.portaldaindustria.com.br\/noticias\/economia\/industria-apresenta-queda-do-faturamento-e-das-horas-trabalhadas-na-producao\/\" style=\"color:blue; text-decoration:underline\"><span style=\"font-size:14.0pt\">Ind&uacute;stria apresenta queda do faturamento e das horas trabalhadas na produ&ccedil;&atilde;o<\/span><\/a><\/span><\/span><\/span><\/p>\r\n\r\n<p style=\"text-align:justify\"><span style=\"font-size:11pt\"><span style=\"line-height:normal\"><span style=\"font-family:Calibri,sans-serif\"><a href=\"file:\/\/\/C:\/Users\/cristiane\/Downloads\/Pesquisa%20da%20CNI%20aponta%20defasagem%20de%2014%20anos%20em%20m\u00e1quinas%20e%20equipamentos\" style=\"color:blue; text-decoration:underline\"><span style=\"font-size:14.0pt\">Pesquisa da CNI aponta defasagem de 14 anos em m&aacute;quinas e equipamentos<\/span><\/a><\/span><\/span><\/span><\/p>\r\n\r\n<p style=\"text-align:justify\"><span style=\"font-size:11pt\"><span style=\"line-height:normal\"><span style=\"font-family:Calibri,sans-serif\"><span class=\"MsoHyperlink\" style=\"color:blue\"><span style=\"text-decoration:underline\"><span style=\"font-size:14.0pt\"><span style=\"text-decoration:none\"><span style=\"text-underline:none\"><a href=\"https:\/\/portalibre.fgv.br\/system\/files\/2023-08\/%C3%8Dndice%20de%20Confian%C3%A7a%20Empresarial%20FGV_press%20release_Ago23_0.pdf\" style=\"color:blue; text-decoration:underline\">Confian&ccedil;a Empresarial reverte resultado negativo no m&ecirc;s anterior<\/a><\/span><\/span><\/span><\/span><\/span><\/span><\/span><\/span><\/p>\r\n\r\n<p style=\"text-align:justify\"><span style=\"font-size:11pt\"><span style=\"line-height:normal\"><span style=\"font-family:Calibri,sans-serif\"><a href=\"https:\/\/www.jornaldocomercio.com\/expointer\/noticias\/2023\/08\/1121066-petroquimica-ve-potencial-para-crescer-no-setor-do-agronegocio.html\" style=\"color:blue; text-decoration:underline\"><span style=\"font-size:14.0pt\">Petroqu&iacute;mica v&ecirc; potencial para crescer no setor do agroneg&oacute;cio<\/span><\/a><\/span><\/span><\/span><\/p>\r\n\r\n<p style=\"text-align:justify\"><span style=\"font-size:28pt\"><span style=\"font-family:Cambria,serif\"><span style=\"letter-spacing:-0.5pt\"><b><span style=\"font-size:18.0pt\"><span style=\"font-family:&quot;Calibri&quot;,sans-serif\"><span style=\"font-variant:small-caps\">Sustentabilidade<\/span><\/span><\/span><\/b><\/span><\/span><\/span><\/p>\r\n\r\n<p style=\"text-align:justify\"><span style=\"font-size:11pt\"><span style=\"line-height:normal\"><span style=\"font-family:Calibri,sans-serif\"><a href=\"https:\/\/umsoplaneta.globo.com\/sociedade\/noticia\/2023\/09\/01\/na-europa-empresas-de-moda-correm-para-aumentar-infraestrutura-de-reciclagem-diante-de-novas-obrigacoes-impostas-pela-ue.ghtml\" style=\"color:blue; text-decoration:underline\"><span style=\"font-size:14.0pt\">Na Europa, empresas de moda correm para aumentar infraestrutura de reciclagem diante de novas obriga&ccedil;&otilde;es impostas pela UE<\/span><\/a><\/span><\/span><\/span><\/p>\r\n\r\n<p style=\"text-align:justify\"><span style=\"font-size:11pt\"><span style=\"line-height:normal\"><span style=\"font-family:Calibri,sans-serif\"><a href=\"https:\/\/g1.globo.com\/sp\/sao-jose-do-rio-preto-aracatuba\/mercado-imobiliario-do-interior\/noticia\/2023\/08\/29\/sustentabilidade-na-construcao-civil-entenda-como-e-a-producao-da-madeira-ecologica.ghtml\" style=\"color:blue; text-decoration:underline\"><span style=\"font-size:14.0pt\">De pl&aacute;stico &agrave; fralda: entenda como &eacute; a produ&ccedil;&atilde;o da madeira ecol&oacute;gica<\/span><\/a><\/span><\/span><\/span><\/p>\r\n\r\n<p style=\"text-align:justify\"><span style=\"font-size:11pt\"><span style=\"line-height:normal\"><span style=\"font-family:Calibri,sans-serif\"><span class=\"MsoHyperlink\" style=\"color:blue\"><span style=\"text-decoration:underline\"><span style=\"font-size:14.0pt\"><span style=\"text-decoration:none\"><span style=\"text-underline:none\"><a href=\"https:\/\/www.youtube.com\/watch?v=_q25urLnI6s\" style=\"color:blue; text-decoration:underline\">Entrevista exclusiva com Gabriela Otero, gerente de economia circular do Pacto Global da ONU no Brasil<\/a><\/span><\/span><\/span><\/span><\/span><\/span><\/span><\/span><\/p>\r\n\r\n<p style=\"text-align:justify\"><span style=\"font-size:11pt\"><span style=\"line-height:normal\"><span style=\"font-family:Calibri,sans-serif\"><span class=\"MsoHyperlink\" style=\"color:blue\"><span style=\"text-decoration:underline\"><span style=\"font-size:14.0pt\"><span style=\"text-decoration:none\"><span style=\"text-underline:none\"><a href=\"https:\/\/phys.org\/news\/2023-08-recycling-plastics-life-rebuild-polyurethane.html?utm_source=nwletter&amp;utm_medium=email&amp;utm_campaign=daily-nwletter\" style=\"color:blue; text-decoration:underline\">Novel recycling process gives old plastics new life: Researchers break down, rebuild polyurethane to make new foam<\/a><\/span><\/span><\/span><\/span><\/span><\/span><\/span><\/span><\/p>\r\n\r\n<p style=\"text-align:justify\"><span style=\"font-size:28pt\"><span style=\"font-family:Cambria,serif\"><span style=\"letter-spacing:-0.5pt\"><b><span style=\"font-size:18.0pt\"><span style=\"font-family:&quot;Calibri&quot;,sans-serif\"><span style=\"font-variant:small-caps\">Inova&ccedil;&atilde;o<\/span><\/span><\/span><\/b><\/span><\/span><\/span><\/p>\r\n\r\n<p style=\"text-align:justify\"><span style=\"font-size:11pt\"><span style=\"line-height:normal\"><span style=\"font-family:Calibri,sans-serif\"><a href=\"https:\/\/revistapesquisa.fapesp.br\/roupas-eletronicas\/\" style=\"color:blue; text-decoration:underline\"><span style=\"font-size:14.0pt\">Roupas eletr&ocirc;nicas<\/span><\/a><\/span><\/span><\/span><\/p>\r\n\r\n<p style=\"text-align:justify\"><span style=\"font-size:28pt\"><span style=\"font-family:Cambria,serif\"><span style=\"letter-spacing:-0.5pt\"><b><span style=\"font-size:18.0pt\"><span style=\"font-family:&quot;Calibri&quot;,sans-serif\"><span style=\"font-variant:small-caps\">Com&eacute;rcio Exterior<\/span><\/span><\/span><\/b><\/span><\/span><\/span><\/p>\r\n\r\n<p style=\"text-align:justify\"><span style=\"font-size:11pt\"><span style=\"line-height:normal\"><span style=\"font-family:Calibri,sans-serif\"><a href=\"https:\/\/exame.com\/economia\/negociadores-da-ue-e-mercosul-se-reunem-dia-15-em-brasilia-diz-mauro-vieira\/\" style=\"color:blue; text-decoration:underline\"><span style=\"font-size:14.0pt\">Negociadores da UE e Mercosul se re&uacute;nem dia 15 em Bras&iacute;lia, diz Mauro Vieira<\/span><\/a><\/span><\/span><\/span><\/p>\r\n\r\n<p style=\"text-align:justify\"><span style=\"font-size:11pt\"><span style=\"line-height:normal\"><span style=\"font-family:Calibri,sans-serif\"><span class=\"MsoHyperlink\" style=\"color:blue\"><span style=\"text-decoration:underline\"><span style=\"font-size:14.0pt\"><span style=\"text-decoration:none\"><span style=\"text-underline:none\"><a href=\"https:\/\/www.eiu.com\/n\/more-bricks-in-the-wall-will-make-it-bigger-but-less-sturdy\/?utm_source=mkt-newsletter&amp;utm_medium=email&amp;utm_campaign=foce&amp;utm_content=01-september-2023&amp;utm_term=here&amp;mkt_tok=NzUzLVJJUS00MzgAAAGN8Dx9wtLkfygDBY5PxBq_olmBWH8Yc0GKW7TuMlneLOFxrTWXEs4oBduRehDHY5Wm15QoCVRtHF5oYGDF8GwN8qEfJarhVg6WnmWV9oneMfFuUA\" style=\"color:blue; text-decoration:underline\">More bricks in the wall will make it bigger but less sturdy<\/a><\/span><\/span><\/span><\/span><\/span><\/span><\/span><\/span><\/p>\r\n\r\n<p style=\"text-align:justify\"><span style=\"font-size:11pt\"><span style=\"line-height:normal\"><span style=\"font-family:Calibri,sans-serif\"><span class=\"MsoHyperlink\" style=\"color:blue\"><span style=\"text-decoration:underline\"><span style=\"font-size:14.0pt\"><span style=\"text-decoration:none\"><span style=\"text-underline:none\"><a href=\"https:\/\/static.portaldaindustria.com.br\/media\/filer_public\/ad\/5b\/ad5b2602-ff5e-4909-b4f6-ef3b4153b421\/informepoliticacomercial_b20_india_39__iii.pdf\" style=\"color:blue; text-decoration:underline\">Conclus&atilde;o do B20 &Iacute;ndia e publica&ccedil;&atilde;o do documento final de recomenda&ccedil;&otilde;es para o G20<\/a><\/span><\/span><\/span><\/span><\/span><\/span><\/span><\/span><\/p>\r\n\r\n<p style=\"text-align:justify\"><span style=\"font-size:11pt\"><span style=\"line-height:normal\"><span style=\"font-family:Calibri,sans-serif\"><span class=\"MsoHyperlink\" style=\"color:blue\"><span style=\"text-decoration:underline\"><span style=\"font-size:14.0pt\"><span style=\"text-decoration:none\"><span style=\"text-underline:none\"><a href=\"https:\/\/static.portaldaindustria.com.br\/media\/filer_public\/ad\/c0\/adc0ee90-868d-42f1-bdc7-4f132609fc57\/informepoliticacomercial_23_41_grupoocde.pdf\" style=\"color:blue; text-decoration:underline\">Presid&ecirc;ncia da Rep&uacute;blica publica decreto que institui o Grupo de Trabalho Interministerial sobre a OCDE<\/a><\/span><\/span><\/span><\/span><\/span><\/span><\/span><\/span><\/p>\r\n\r\n<p style=\"text-align:justify\"><span style=\"font-size:28pt\"><span style=\"font-family:Cambria,serif\"><span style=\"letter-spacing:-0.5pt\"><b><span style=\"font-size:18.0pt\"><span style=\"font-family:&quot;Calibri&quot;,sans-serif\"><span style=\"font-variant:small-caps\">Economia<\/span><\/span><\/span><\/b><\/span><\/span><\/span><\/p>\r\n\r\n<p style=\"text-align:justify\"><span style=\"font-size:11pt\"><span style=\"line-height:normal\"><span style=\"font-family:Calibri,sans-serif\"><span style=\"font-size:14.0pt\"><a href=\"https:\/\/www.bcb.gov.br\/content\/focus\/focus\/R20230901.pdf\" style=\"color:blue; text-decoration:underline\">Focus &ndash; Relat&oacute;rio de Mercado<\/a><\/span><\/span><\/span><\/span><\/p>\r\n\r\n<p style=\"text-align:justify\"><span style=\"font-size:11pt\"><span style=\"line-height:normal\"><span style=\"font-family:Calibri,sans-serif\"><span style=\"font-size:14.0pt\"><a href=\"https:\/\/www.bcb.gov.br\/content\/controleinflacao\/focusdistribuicoesfrequencia\/P20230904-Focus-Distribuicoes-de-frequencia.pdf\" style=\"color:blue; text-decoration:underline\">Focus - Distribui&ccedil;&otilde;es de Frequ&ecirc;ncia das Expectativas de Mercado para IPCA, Selic, PIB e C&acirc;mbio<\/a><\/span><\/span><\/span><\/span><\/p>\r\n\r\n<p style=\"text-align:justify\"><span style=\"font-size:11pt\"><span style=\"line-height:normal\"><span style=\"font-family:Calibri,sans-serif\"><span style=\"font-size:14.0pt\"><a href=\"https:\/\/m.br.investing.com\/news\/economic-indicators\/boletim-focus-economistas-projetam-pib-e-dolar-maiores-neste-ano-1149740\" style=\"color:blue; text-decoration:underline\">Economistas projetam PIB e d&oacute;lar maiores neste ano<\/a><\/span><\/span><\/span><\/span><\/p>\r\n\r\n<p style=\"text-align:justify\"><span style=\"font-size:11pt\"><span style=\"line-height:normal\"><span style=\"font-family:Calibri,sans-serif\"><span style=\"font-size:14.0pt\"><a href=\"https:\/\/m.br.investing.com\/news\/economic-indicators\/economistas-ajustam-previsoes-para-pib-apos-2o-tri-mais-forte-goldman-sachs-ve-expansao-de-325-1151815\" style=\"color:blue; text-decoration:underline\">Economistas ajustam previs&otilde;es para PIB ap&oacute;s 2&ordm; tri mais forte; Goldman Sachs v&ecirc; expans&atilde;o de 3,25%<\/a><\/span><\/span><\/span><\/span><\/p>\r\n\r\n<p style=\"text-align:justify\"><span style=\"font-size:11pt\"><span style=\"line-height:normal\"><span style=\"font-family:Calibri,sans-serif\"><span style=\"font-size:14.0pt\"><a href=\"https:\/\/ibre.fgv.br\/blog-da-conjuntura-economica\/artigos\/em-foco-117\" style=\"color:blue; text-decoration:underline\">A gangorra do PIB<\/a><\/span><\/span><\/span><\/span><\/p>\r\n\r\n<p style=\"text-align:justify\"><span style=\"font-size:11pt\"><span style=\"line-height:normal\"><span style=\"font-family:Calibri,sans-serif\"><span style=\"font-size:14.0pt\"><a href=\"https:\/\/agenciadenoticias.ibge.gov.br\/agencia-noticias\/2012-agencia-de-noticias\/noticias\/37752-desemprego-recua-a-7-9-no-trimestre-encerrado-em-julho-menor-taxa-para-o-periodo-desde-2014\" style=\"color:blue; text-decoration:underline\">Desemprego recua a 7,9% no trimestre encerrado em julho, menor taxa para o per&iacute;odo desde 2014<\/a><\/span><\/span><\/span><\/span><\/p>\r\n\r\n<p style=\"text-align:justify\"><span style=\"font-size:11pt\"><span style=\"line-height:normal\"><span style=\"font-family:Calibri,sans-serif\"><span style=\"font-size:14.0pt\"><a href=\"https:\/\/portalibre.fgv.br\/system\/files\/2023-08\/Indicador_de_Incerteza_Brasil_FGV_press%20release_Ago23_0.pdf\" style=\"color:blue; text-decoration:underline\">Ap&oacute;s atingir menor n&iacute;vel desde 2017, n&iacute;vel de incerteza econ&ocirc;mica sobe em agosto influenciado por ru&iacute;dos externos<\/a><\/span><\/span><\/span><\/span><\/p>\r\n\r\n<p style=\"text-align:justify\"><span style=\"font-size:11pt\"><span style=\"line-height:normal\"><span style=\"font-family:Calibri,sans-serif\"><span style=\"font-size:14.0pt\"><a href=\"https:\/\/portalibre.fgv.br\/system\/files\/2023-09\/Apresenta%C3%A7%C3%A3o%20-%20S%C3%ADntese%20das%20Sondagens%20-%20Agosto%202023.pdf\" style=\"color:blue; text-decoration:underline\">Indicadores de Confian&ccedil;a e Incerteza do FGV IBRE<\/a><\/span><\/span><\/span><\/span><\/p>\r\n\r\n<p style=\"text-align:justify\"><span style=\"font-size:11pt\"><span style=\"line-height:normal\"><span style=\"font-family:Calibri,sans-serif\"><span style=\"font-size:14.0pt\"><a href=\"https:\/\/sovos.com\/pt-br\/blog\/tributos\/reforma-tributaria-governadores-se-reunem-com-presidente-do-senado\/?mkt_tok=MzM0LUhWTi0yNDkAAAGN8STedFRMjjjBeQuQvESgwd3EeF2TWglREaQAKC6QLiRnlYDdRJXmZjJxBYNpfKSqRgcU63vraq5lV1csNYYEfp8y8eGX1R2bTu7EkA1rf3o\" style=\"color:blue; text-decoration:underline\">Reforma tribut&aacute;ria: governadores se re&uacute;nem com presidente do Senado para propor altera&ccedil;&otilde;es na proposta<\/a><\/span><\/span><\/span><\/span><\/p>\r\n\r\n<p style=\"text-align:justify\"><span style=\"font-size:11pt\"><span style=\"line-height:normal\"><span style=\"font-family:Calibri,sans-serif\"><span style=\"font-size:14.0pt\"><a href=\"https:\/\/sovos.com\/pt-br\/blog\/tributos\/governadores-temem-distorcoes-em-conselho-da-reforma-tributaria\/?mkt_tok=MzM0LUhWTi0yNDkAAAGN8STedEbPsKLpFUvtdU7REiGxBf3xndmaxgZW65aVltZYq5PnTs-0WipmtSJ7hGh8L4RvyEhvLmXDx7dJY8VwLkx9ZsetjOL1JF2RjYgCDgo\" style=\"color:blue; text-decoration:underline\">Governadores temem distor&ccedil;&otilde;es em Conselho da reforma tribut&aacute;ria<\/a><\/span><\/span><\/span><\/span><\/p>\r\n\r\n<p style=\"text-align:justify\"><span style=\"font-size:11pt\"><span style=\"line-height:normal\"><span style=\"font-family:Calibri,sans-serif\"><span style=\"font-size:14.0pt\"><a href=\"https:\/\/www.fibre2fashion.com\/news\/textile-news\/us-real-gdp-grows-at-annual-rate-of-2-1-in-q2-2023-bea-estimate-289830-newsdetails.htm\" style=\"color:blue; text-decoration:underline\">US real GDP grows at annual rate of 2.1% in Q2 2023: BEA estimate<\/a><\/span><\/span><\/span><\/span><\/p>\r\n","6":"<p style=\"text-align:justify\"><span style=\"font-size:11pt\"><span style=\"line-height:normal\"><span style=\"font-family:Calibri,sans-serif\"><span style=\"font-size:14.0pt\">Esta &eacute; uma compila&ccedil;&atilde;o das not&iacute;cias mais relevantes para o setor, incluindo informa&ccedil;&otilde;es sobre acordos internacionais, economia brasileira, sustentabilidade e mat&eacute;rias primas, al&eacute;m de novidades do setor de N&atilde;otecidos e Tecidos T&eacute;cnicos.<\/span><\/span><\/span><\/span><\/p>\r\n\r\n<p class=\"MsoTitleCxSpFirst\" style=\"text-align:justify\"><span style=\"font-size:28pt\"><span style=\"font-family:Cambria,serif\"><span style=\"letter-spacing:-0.5pt\"><b><span style=\"font-size:18.0pt\"><span style=\"font-family:&quot;Calibri&quot;,sans-serif\"><span style=\"font-variant:small-caps\">Not&iacute;cias das Associadas<\/span><\/span><\/span><\/b><\/span><\/span><\/span><\/p>\r\n\r\n<p style=\"text-align:justify\"><span style=\"font-size:11pt\"><span style=\"line-height:normal\"><span style=\"font-family:Calibri,sans-serif\"><span style=\"font-size:14.0pt\"><a href=\"https:\/\/www.nonwovens-industry.com\/contents\/view_breaking-news\/2023-08-31\/trutzschler-introduces-high-performance-comber?utm_campaign=NON+eNewsletter&amp;utm_medium=email&amp;_hsmi=272504245&amp;_hsenc=p2ANqtz-_MfB4DDV4cD3gtcRBZCpHZNywXnuSfcPLAQb3RFArXAtIe1FzcsSfmIjW-l_7KjkrqKshpQnS1_Ar8b8C28wXHnwbyVw&amp;utm_content=272504245&amp;utm_source=hs_email\" style=\"color:blue; text-decoration:underline\">Tru\u0308tzschler Introduces High Performance Comber<\/a><\/span><\/span><\/span><\/span><\/p>\r\n\r\n<p style=\"text-align:justify\"><span style=\"font-size:28pt\"><span style=\"font-family:Cambria,serif\"><span style=\"letter-spacing:-0.5pt\"><b><span style=\"font-size:18.0pt\"><span style=\"font-family:&quot;Calibri&quot;,sans-serif\"><span style=\"font-variant:small-caps\">A&ccedil;&otilde;es da ABINT<\/span><\/span><\/span><\/b><\/span><\/span><\/span><\/p>\r\n\r\n<p class=\"MsoTitle\" style=\"text-align:justify; margin-bottom:20px\"><span style=\"font-size:18px\"><span style=\"box-sizing:border-box\"><span style=\"line-height:1.5\"><span style=\"color:#313f48\"><span style=\"font-family:&quot;Roboto Condensed&quot;, Helvetica, Arial, sans-serif\"><span style=\"font-style:normal\"><span style=\"font-variant-ligatures:normal\"><span style=\"font-weight:400\"><span style=\"white-space:normal\"><span style=\"background-color:#ffffff\"><span style=\"text-decoration-thickness:initial\"><span style=\"text-decoration-style:initial\"><span style=\"text-decoration-color:initial\"><span style=\"font-size:18px\"><span style=\"box-sizing:border-box\"><span style=\"box-sizing:border-box\"><span style=\"box-sizing:border-box\"><span style=\"line-height:1.5\"><span style=\"box-sizing:border-box\"><span style=\"color:#313f48\"><span style=\"box-sizing:border-box\"><span style=\"font-family:&quot;Roboto Condensed&quot;, Helvetica, Arial, sans-serif\"><span style=\"box-sizing:border-box\"><span style=\"font-style:normal\"><span style=\"box-sizing:border-box\"><span style=\"font-variant-ligatures:normal\"><span style=\"box-sizing:border-box\"><span style=\"font-weight:400\"><span style=\"box-sizing:border-box\"><span style=\"white-space:normal\"><span style=\"box-sizing:border-box\"><span style=\"background-color:#ffffff\"><span style=\"box-sizing:border-box\"><span style=\"text-decoration-thickness:initial\"><span style=\"box-sizing:border-box\"><span style=\"text-decoration-style:initial\"><span style=\"box-sizing:border-box\"><span style=\"text-decoration-color:initial\"><span style=\"font-size:18px\"><span style=\"box-sizing:border-box\"><span style=\"box-sizing:border-box\"><span style=\"box-sizing:border-box\"><span style=\"box-sizing:border-box\"><span style=\"box-sizing:border-box\"><span style=\"line-height:1.5\"><span style=\"box-sizing:border-box\"><span style=\"box-sizing:border-box\"><span style=\"color:#313f48\"><span style=\"box-sizing:border-box\"><span style=\"box-sizing:border-box\"><span style=\"font-family:&quot;Roboto Condensed&quot;, Helvetica, Arial, sans-serif\"><span style=\"box-sizing:border-box\"><span style=\"box-sizing:border-box\"><span style=\"font-style:normal\"><span style=\"box-sizing:border-box\"><span style=\"box-sizing:border-box\"><span style=\"font-variant-ligatures:normal\"><span style=\"box-sizing:border-box\"><span style=\"box-sizing:border-box\"><span style=\"font-weight:400\"><span style=\"box-sizing:border-box\"><span style=\"box-sizing:border-box\"><span style=\"white-space:normal\"><span style=\"box-sizing:border-box\"><span style=\"box-sizing:border-box\"><span style=\"background-color:#ffffff\"><span style=\"box-sizing:border-box\"><span style=\"box-sizing:border-box\"><span style=\"text-decoration-thickness:initial\"><span style=\"box-sizing:border-box\"><span style=\"box-sizing:border-box\"><span style=\"text-decoration-style:initial\"><span style=\"box-sizing:border-box\"><span style=\"box-sizing:border-box\"><span style=\"text-decoration-color:initial\"><span style=\"font-size:11pt\"><span style=\"box-sizing:border-box\"><span style=\"box-sizing:border-box\"><span style=\"box-sizing:border-box\"><span style=\"box-sizing:border-box\"><span style=\"box-sizing:border-box\"><span style=\"box-sizing:border-box\"><span style=\"line-height:16.8667px\"><span style=\"box-sizing:border-box\"><span style=\"box-sizing:border-box\"><span style=\"box-sizing:border-box\"><span style=\"font-family:Calibri, sans-serif\"><b style=\"box-sizing:border-box; font-weight:bolder\"><span style=\"font-size:14pt\"><span style=\"box-sizing:border-box\"><span style=\"box-sizing:border-box\"><span style=\"box-sizing:border-box\"><span style=\"box-sizing:border-box\"><span style=\"box-sizing:border-box\"><span style=\"box-sizing:border-box\"><span style=\"line-height:21.4667px\"><span style=\"box-sizing:border-box\"><span style=\"box-sizing:border-box\"><span style=\"box-sizing:border-box\"><span style=\"color:blue\"><img src=\"https:\/\/www.abint.org.br\/assets\/img\/editor\/capa-live-ic-11092023_20230822145534YV5DJMnz6h.png\" style=\"box-sizing:border-box; border-style:none; width:500px; height:281px\" \/><\/span><\/span><\/span><\/span><\/span><\/span><\/span><\/span><\/span><\/span><\/span><\/span><\/b><\/span><\/span><\/span><\/span><\/span><\/span><\/span><\/span><\/span><\/span><\/span><\/span><\/span><\/span><\/span><\/span><\/span><\/span><\/span><\/span><\/span><\/span><\/span><\/span><\/span><\/span><\/span><\/span><\/span><\/span><\/span><\/span><\/span><\/span><\/span><\/span><\/span><\/span><\/span><\/span><\/span><\/span><\/span><\/span><\/span><\/span><\/span><\/span><\/span><\/span><\/span><\/span><\/span><\/span><\/span><\/span><\/span><\/span><\/span><\/span><\/span><\/span><\/span><\/span><\/span><\/span><\/span><\/span><\/span><\/span><\/span><\/span><\/span><\/span><\/span><\/span><\/span><\/span><\/span><\/span><\/span><\/span><\/span><\/span><\/span><\/span><\/span><\/p>\r\n\r\n<p class=\"MsoTitle\" style=\"text-align:justify; margin-bottom:20px\"><span style=\"font-size:18px\"><span style=\"box-sizing:border-box\"><span style=\"line-height:1.5\"><span style=\"color:#313f48\"><span style=\"font-family:&quot;Roboto Condensed&quot;, Helvetica, Arial, sans-serif\"><span style=\"font-style:normal\"><span style=\"font-variant-ligatures:normal\"><span style=\"font-weight:400\"><span style=\"white-space:normal\"><span style=\"background-color:#ffffff\"><span style=\"text-decoration-thickness:initial\"><span style=\"text-decoration-style:initial\"><span style=\"text-decoration-color:initial\"><span style=\"font-size:18px\"><span style=\"box-sizing:border-box\"><span style=\"box-sizing:border-box\"><span style=\"box-sizing:border-box\"><span style=\"line-height:1.5\"><span style=\"box-sizing:border-box\"><span style=\"color:#313f48\"><span style=\"box-sizing:border-box\"><span style=\"font-family:&quot;Roboto Condensed&quot;, Helvetica, Arial, sans-serif\"><span style=\"box-sizing:border-box\"><span style=\"font-style:normal\"><span style=\"box-sizing:border-box\"><span style=\"font-variant-ligatures:normal\"><span style=\"box-sizing:border-box\"><span style=\"font-weight:400\"><span style=\"box-sizing:border-box\"><span style=\"white-space:normal\"><span style=\"box-sizing:border-box\"><span style=\"background-color:#ffffff\"><span style=\"box-sizing:border-box\"><span style=\"text-decoration-thickness:initial\"><span style=\"box-sizing:border-box\"><span style=\"text-decoration-style:initial\"><span style=\"box-sizing:border-box\"><span style=\"text-decoration-color:initial\"><b style=\"box-sizing:border-box; font-weight:bolder\"><span style=\"font-size:14pt\"><span style=\"box-sizing:border-box\"><span style=\"box-sizing:border-box\"><span style=\"box-sizing:border-box\"><span style=\"box-sizing:border-box\"><span style=\"line-height:21.4667px\"><span style=\"box-sizing:border-box\"><span style=\"box-sizing:border-box\"><span style=\"font-family:Calibri, sans-serif\">Dia 11\/09, &agrave;s 18h, o CTG ABINT e a IGS Brasil&nbsp;<\/span><\/span><\/span><\/span><\/span><\/span><\/span><\/span><\/span><\/b><span style=\"font-size:14pt\"><span style=\"box-sizing:border-box\"><span style=\"box-sizing:border-box\"><span style=\"box-sizing:border-box\"><span style=\"box-sizing:border-box\"><span style=\"line-height:21.4667px\"><span style=\"box-sizing:border-box\"><span style=\"box-sizing:border-box\"><span style=\"font-family:Calibri, sans-serif\">receber&atilde;o, em uma live no YouTube da Geotecnia Brasil,<b style=\"box-sizing:border-box; font-weight:bolder\">&nbsp;os vencedores da Categoria Inicia&ccedil;&atilde;o Cient&iacute;fica da edi&ccedil;&atilde;o 2022\/2023<\/b>&nbsp;do Pr&ecirc;mio TCC\/IC Tecnologia em Geossint&eacute;ticos &ldquo;Benedito de Souza Bueno&rdquo;.<\/span><\/span><\/span><\/span><\/span><\/span><\/span><\/span><\/span><\/span><\/span><\/span><\/span><\/span><\/span><\/span><\/span><\/span><\/span><\/span><\/span><\/span><\/span><\/span><\/span><\/span><\/span><\/span><\/span><\/span><\/span><\/span><\/span><\/span><\/span><\/span><\/span><\/span><\/span><\/span><\/span><\/span><\/span><\/span><\/span><\/span><\/span><\/p>\r\n\r\n<p class=\"MsoTitle\" style=\"text-align:justify; margin-bottom:20px\"><span style=\"font-size:18px\"><span style=\"box-sizing:border-box\"><span style=\"line-height:1.5\"><span style=\"color:#313f48\"><span style=\"font-family:&quot;Roboto Condensed&quot;, Helvetica, Arial, sans-serif\"><span style=\"font-style:normal\"><span style=\"font-variant-ligatures:normal\"><span style=\"font-weight:400\"><span style=\"white-space:normal\"><span style=\"background-color:#ffffff\"><span style=\"text-decoration-thickness:initial\"><span style=\"text-decoration-style:initial\"><span style=\"text-decoration-color:initial\">&nbsp;<span style=\"font-size:18px\"><span style=\"box-sizing:border-box\"><span style=\"box-sizing:border-box\"><span style=\"box-sizing:border-box\"><span style=\"line-height:1.5\"><span style=\"box-sizing:border-box\"><span style=\"color:#313f48\"><span style=\"box-sizing:border-box\"><span style=\"font-family:&quot;Roboto Condensed&quot;, Helvetica, Arial, sans-serif\"><span style=\"box-sizing:border-box\"><span style=\"font-style:normal\"><span style=\"box-sizing:border-box\"><span style=\"font-variant-ligatures:normal\"><span style=\"box-sizing:border-box\"><span style=\"font-weight:400\"><span style=\"box-sizing:border-box\"><span style=\"white-space:normal\"><span style=\"box-sizing:border-box\"><span style=\"background-color:#ffffff\"><span style=\"box-sizing:border-box\"><span style=\"text-decoration-thickness:initial\"><span style=\"box-sizing:border-box\"><span style=\"text-decoration-style:initial\"><span style=\"box-sizing:border-box\"><span style=\"text-decoration-color:initial\"><span style=\"font-size:14pt\"><span style=\"box-sizing:border-box\"><span style=\"box-sizing:border-box\"><span style=\"box-sizing:border-box\"><span style=\"box-sizing:border-box\"><span style=\"line-height:21.4667px\"><span style=\"box-sizing:border-box\"><span style=\"box-sizing:border-box\"><span style=\"font-family:Calibri, sans-serif\"><img src=\"https:\/\/www.abint.org.br\/assets\/img\/editor\/capa-live-tcc-12092023_20230822145608jortReBZK9.png\" style=\"box-sizing:border-box; border-style:none; width:500px; height:281px\" \/><\/span><\/span><\/span><\/span><\/span><\/span><\/span><\/span><\/span><\/span><\/span><\/span><\/span><\/span><\/span><\/span><\/span><\/span><\/span><\/span><\/span><\/span><\/span><\/span><\/span><\/span><\/span><\/span><\/span><\/span><\/span><\/span><\/span><\/span><\/span><\/span><\/span><\/span><\/span><\/span><\/span><\/span><\/span><\/span><\/span><\/span><\/span><\/p>\r\n\r\n<p class=\"MsoTitle\" style=\"text-align:justify; margin-bottom:20px\"><span style=\"font-size:18px\"><span style=\"box-sizing:border-box\"><span style=\"line-height:1.5\"><span style=\"color:#313f48\"><span style=\"font-family:&quot;Roboto Condensed&quot;, Helvetica, Arial, sans-serif\"><span style=\"font-style:normal\"><span style=\"font-variant-ligatures:normal\"><span style=\"font-weight:400\"><span style=\"white-space:normal\"><span style=\"background-color:#ffffff\"><span style=\"text-decoration-thickness:initial\"><span style=\"text-decoration-style:initial\"><span style=\"text-decoration-color:initial\"><span style=\"font-size:18px\"><span style=\"box-sizing:border-box\"><span style=\"box-sizing:border-box\"><span style=\"box-sizing:border-box\"><span style=\"line-height:1.5\"><span style=\"box-sizing:border-box\"><span style=\"color:#313f48\"><span style=\"box-sizing:border-box\"><span style=\"font-family:&quot;Roboto Condensed&quot;, Helvetica, Arial, sans-serif\"><span style=\"box-sizing:border-box\"><span style=\"font-style:normal\"><span style=\"box-sizing:border-box\"><span style=\"font-variant-ligatures:normal\"><span style=\"box-sizing:border-box\"><span style=\"font-weight:400\"><span style=\"box-sizing:border-box\"><span style=\"white-space:normal\"><span style=\"box-sizing:border-box\"><span style=\"background-color:#ffffff\"><span style=\"box-sizing:border-box\"><span style=\"text-decoration-thickness:initial\"><span style=\"box-sizing:border-box\"><span style=\"text-decoration-style:initial\"><span style=\"box-sizing:border-box\"><span style=\"text-decoration-color:initial\"><b style=\"box-sizing:border-box; font-weight:bolder\"><span style=\"font-size:14pt\"><span style=\"box-sizing:border-box\"><span style=\"box-sizing:border-box\"><span style=\"box-sizing:border-box\"><span style=\"box-sizing:border-box\"><span style=\"line-height:21.4667px\"><span style=\"box-sizing:border-box\"><span style=\"box-sizing:border-box\"><span style=\"font-family:Calibri, sans-serif\">E dia 12\/09, &agrave;s 18h, ser&aacute; a vez de CTG ABINT e IGS Brasil&nbsp;<\/span><\/span><\/span><\/span><\/span><\/span><\/span><\/span><\/span><\/b><span style=\"font-size:14pt\"><span style=\"box-sizing:border-box\"><span style=\"box-sizing:border-box\"><span style=\"box-sizing:border-box\"><span style=\"box-sizing:border-box\"><span style=\"line-height:21.4667px\"><span style=\"box-sizing:border-box\"><span style=\"box-sizing:border-box\"><span style=\"font-family:Calibri, sans-serif\">receberem, tamb&eacute;m no YouTube da Geotecnia Brasil,<b style=\"box-sizing:border-box; font-weight:bolder\">&nbsp;os vencedores da Categoria Trabalho de Conclus&atilde;o de Curso da edi&ccedil;&atilde;o 2022\/2023<\/b>&nbsp;do Pr&ecirc;mio TCC\/IC Tecnologia em Geossint&eacute;ticos &ldquo;Benedito de Souza Bueno&rdquo;.<\/span><\/span><\/span><\/span><\/span><\/span><\/span><\/span><\/span><\/span><\/span><\/span><\/span><\/span><\/span><\/span><\/span><\/span><\/span><\/span><\/span><\/span><\/span><\/span><\/span><\/span><\/span><\/span><\/span><\/span><\/span><\/span><\/span><\/span><\/span><\/span><\/span><\/span><\/span><\/span><\/span><\/span><\/span><\/span><\/span><\/span><\/span><\/p>\r\n\r\n<p class=\"MsoTitle\" style=\"text-align:justify; margin-bottom:20px\"><span style=\"font-size:18px\"><span style=\"box-sizing:border-box\"><span style=\"line-height:1.5\"><span style=\"color:#313f48\"><span style=\"font-family:&quot;Roboto Condensed&quot;, Helvetica, Arial, sans-serif\"><span style=\"font-style:normal\"><span style=\"font-variant-ligatures:normal\"><span style=\"font-weight:400\"><span style=\"white-space:normal\"><span style=\"background-color:#ffffff\"><span style=\"text-decoration-thickness:initial\"><span style=\"text-decoration-style:initial\"><span style=\"text-decoration-color:initial\">&nbsp;<\/span><\/span><\/span><\/span><\/span><\/span><\/span><\/span><\/span><\/span><\/span><\/span><\/span><\/p>\r\n\r\n<p class=\"MsoTitle\" style=\"text-align:justify; margin-bottom:20px\"><span style=\"font-size:18px\"><span style=\"box-sizing:border-box\"><span style=\"line-height:1.5\"><span style=\"color:#313f48\"><span style=\"font-family:&quot;Roboto Condensed&quot;, Helvetica, Arial, sans-serif\"><span style=\"font-style:normal\"><span style=\"font-variant-ligatures:normal\"><span style=\"font-weight:400\"><span style=\"white-space:normal\"><span style=\"background-color:#ffffff\"><span style=\"text-decoration-thickness:initial\"><span style=\"text-decoration-style:initial\"><span style=\"text-decoration-color:initial\">&nbsp;<span style=\"font-size:18px\"><span style=\"box-sizing:border-box\"><span style=\"box-sizing:border-box\"><span style=\"box-sizing:border-box\"><span style=\"line-height:1.5\"><span style=\"box-sizing:border-box\"><span style=\"color:#313f48\"><span style=\"box-sizing:border-box\"><span style=\"font-family:&quot;Roboto Condensed&quot;, Helvetica, Arial, sans-serif\"><span style=\"box-sizing:border-box\"><span style=\"font-style:normal\"><span style=\"box-sizing:border-box\"><span style=\"font-variant-ligatures:normal\"><span style=\"box-sizing:border-box\"><span style=\"font-weight:400\"><span style=\"box-sizing:border-box\"><span style=\"white-space:normal\"><span style=\"box-sizing:border-box\"><span style=\"background-color:#ffffff\"><span style=\"box-sizing:border-box\"><span style=\"text-decoration-thickness:initial\"><span style=\"box-sizing:border-box\"><span style=\"text-decoration-style:initial\"><span style=\"box-sizing:border-box\"><span style=\"text-decoration-color:initial\"><span style=\"font-size:18px\"><span style=\"box-sizing:border-box\"><span style=\"box-sizing:border-box\"><span style=\"box-sizing:border-box\"><span style=\"box-sizing:border-box\"><span style=\"box-sizing:border-box\"><span style=\"line-height:1.5\"><span style=\"box-sizing:border-box\"><span style=\"box-sizing:border-box\"><span style=\"color:#313f48\"><span style=\"box-sizing:border-box\"><span style=\"box-sizing:border-box\"><span style=\"font-family:&quot;Roboto Condensed&quot;, Helvetica, Arial, sans-serif\"><span style=\"box-sizing:border-box\"><span style=\"box-sizing:border-box\"><span style=\"font-style:normal\"><span style=\"box-sizing:border-box\"><span style=\"box-sizing:border-box\"><span style=\"font-variant-ligatures:normal\"><span style=\"box-sizing:border-box\"><span style=\"box-sizing:border-box\"><span style=\"font-weight:400\"><span style=\"box-sizing:border-box\"><span style=\"box-sizing:border-box\"><span style=\"white-space:normal\"><span style=\"box-sizing:border-box\"><span style=\"box-sizing:border-box\"><span style=\"background-color:#ffffff\"><span style=\"box-sizing:border-box\"><span style=\"box-sizing:border-box\"><span style=\"text-decoration-thickness:initial\"><span style=\"box-sizing:border-box\"><span style=\"box-sizing:border-box\"><span style=\"text-decoration-style:initial\"><span style=\"box-sizing:border-box\"><span style=\"box-sizing:border-box\"><span style=\"text-decoration-color:initial\"><span style=\"font-size:11pt\"><span style=\"box-sizing:border-box\"><span style=\"box-sizing:border-box\"><span style=\"box-sizing:border-box\"><span style=\"box-sizing:border-box\"><span style=\"box-sizing:border-box\"><span style=\"box-sizing:border-box\"><span style=\"line-height:16.8667px\"><span style=\"box-sizing:border-box\"><span style=\"box-sizing:border-box\"><span style=\"box-sizing:border-box\"><span style=\"font-family:Calibri, sans-serif\"><b style=\"box-sizing:border-box; font-weight:bolder\"><span style=\"font-size:14pt\"><span style=\"box-sizing:border-box\"><span style=\"box-sizing:border-box\"><span style=\"box-sizing:border-box\"><span style=\"box-sizing:border-box\"><span style=\"box-sizing:border-box\"><span style=\"box-sizing:border-box\"><span style=\"line-height:21.4667px\"><span style=\"box-sizing:border-box\"><span style=\"box-sizing:border-box\"><span style=\"box-sizing:border-box\"><span style=\"color:blue\"><img src=\"https:\/\/www.abint.org.br\/assets\/img\/editor\/congresso-internacional-abit-2023_202308151414212LkdNBSzdA.png\" style=\"box-sizing:border-box; border-style:none; width:500px; height:442px\" \/><\/span><\/span><\/span><\/span><\/span><\/span><\/span><\/span><\/span><\/span><\/span><\/span><\/b><\/span><\/span><\/span><\/span><\/span><\/span><\/span><\/span><\/span><\/span><\/span><\/span><\/span><\/span><\/span><\/span><\/span><\/span><\/span><\/span><\/span><\/span><\/span><\/span><\/span><\/span><\/span><\/span><\/span><\/span><\/span><\/span><\/span><\/span><\/span><\/span><\/span><\/span><\/span><\/span><\/span><\/span><\/span><\/span><\/span><\/span><\/span><\/span><\/span><\/span><\/span><\/span><\/span><\/span><\/span><\/span><\/span><\/span><\/span><\/span><\/span><\/span><\/span><\/span><\/span><\/span><\/span><\/span><\/span><\/span><\/span><\/span><\/span><\/span><\/span><\/span><\/span><\/span><\/span><\/span><\/span><\/span><\/span><\/span><\/span><\/span><\/span><\/p>\r\n\r\n<p style=\"text-align:justify; margin-bottom:20px\"><span style=\"font-size:18px\"><span style=\"box-sizing:border-box\"><span style=\"line-height:1.5\"><span style=\"color:#313f48\"><span style=\"font-family:&quot;Roboto Condensed&quot;, Helvetica, Arial, sans-serif\"><span style=\"font-style:normal\"><span style=\"font-variant-ligatures:normal\"><span style=\"font-weight:400\"><span style=\"white-space:normal\"><span style=\"background-color:#ffffff\"><span style=\"text-decoration-thickness:initial\"><span style=\"text-decoration-style:initial\"><span style=\"text-decoration-color:initial\"><span style=\"font-size:18px\"><span style=\"box-sizing:border-box\"><span style=\"box-sizing:border-box\"><span style=\"box-sizing:border-box\"><span style=\"line-height:1.5\"><span style=\"box-sizing:border-box\"><span style=\"color:#313f48\"><span style=\"box-sizing:border-box\"><span style=\"font-family:&quot;Roboto Condensed&quot;, Helvetica, Arial, sans-serif\"><span style=\"box-sizing:border-box\"><span style=\"font-style:normal\"><span style=\"box-sizing:border-box\"><span style=\"font-variant-ligatures:normal\"><span style=\"box-sizing:border-box\"><span style=\"font-weight:400\"><span style=\"box-sizing:border-box\"><span style=\"white-space:normal\"><span style=\"box-sizing:border-box\"><span style=\"background-color:#ffffff\"><span style=\"box-sizing:border-box\"><span style=\"text-decoration-thickness:initial\"><span style=\"box-sizing:border-box\"><span style=\"text-decoration-style:initial\"><span style=\"box-sizing:border-box\"><span style=\"text-decoration-color:initial\"><span style=\"font-size:18px\"><span style=\"box-sizing:border-box\"><span style=\"box-sizing:border-box\"><span style=\"box-sizing:border-box\"><span style=\"box-sizing:border-box\"><span style=\"box-sizing:border-box\"><span style=\"line-height:1.5\"><span style=\"box-sizing:border-box\"><span style=\"box-sizing:border-box\"><span style=\"color:#313f48\"><span style=\"box-sizing:border-box\"><span style=\"box-sizing:border-box\"><span style=\"font-family:&quot;Roboto Condensed&quot;, Helvetica, Arial, sans-serif\"><span style=\"box-sizing:border-box\"><span style=\"box-sizing:border-box\"><span style=\"font-style:normal\"><span style=\"box-sizing:border-box\"><span style=\"box-sizing:border-box\"><span style=\"font-variant-ligatures:normal\"><span style=\"box-sizing:border-box\"><span style=\"box-sizing:border-box\"><span style=\"font-weight:400\"><span style=\"box-sizing:border-box\"><span style=\"box-sizing:border-box\"><span style=\"white-space:normal\"><span style=\"box-sizing:border-box\"><span style=\"box-sizing:border-box\"><span style=\"background-color:#ffffff\"><span style=\"box-sizing:border-box\"><span style=\"box-sizing:border-box\"><span style=\"text-decoration-thickness:initial\"><span style=\"box-sizing:border-box\"><span style=\"box-sizing:border-box\"><span style=\"text-decoration-style:initial\"><span style=\"box-sizing:border-box\"><span style=\"box-sizing:border-box\"><span style=\"text-decoration-color:initial\"><span style=\"font-size:11pt\"><span style=\"box-sizing:border-box\"><span style=\"box-sizing:border-box\"><span style=\"box-sizing:border-box\"><span style=\"box-sizing:border-box\"><span style=\"box-sizing:border-box\"><span style=\"box-sizing:border-box\"><span style=\"line-height:normal\"><span style=\"box-sizing:border-box\"><span style=\"box-sizing:border-box\"><span style=\"box-sizing:border-box\"><span style=\"font-family:Calibri, sans-serif\"><b style=\"box-sizing:border-box; font-weight:bolder\"><span style=\"font-size:14pt\"><span style=\"box-sizing:border-box\"><span style=\"box-sizing:border-box\"><span style=\"box-sizing:border-box\">A ABINT &eacute; uma das patrocinadoras do Congresso Internacional ABIT 2023,&nbsp;<\/span><\/span><\/span><\/span><\/b><span style=\"font-size:14pt\"><span style=\"box-sizing:border-box\"><span style=\"box-sizing:border-box\"><span style=\"box-sizing:border-box\">que ocorrer&aacute;<b style=\"box-sizing:border-box; font-weight:bolder\">&nbsp;dias 08 e 09 de novembro, na FIESC, Florian&oacute;polis, SC.&nbsp;<\/b><\/span><\/span><\/span><\/span><\/span><\/span><\/span><\/span><\/span><\/span><\/span><\/span><span style=\"box-sizing:border-box\"><span style=\"box-sizing:border-box\"><span style=\"box-sizing:border-box\"><span style=\"line-height:16.8667px\"><span style=\"box-sizing:border-box\"><span style=\"box-sizing:border-box\"><span style=\"box-sizing:border-box\"><span style=\"font-family:Calibri, sans-serif\"><a href=\"https:\/\/t.rdsv1.net\/ls\/click?upn=LFSWB5boDXSqxt4eHgA5r3YUv3HG6yY4XTXT-2BpjEpFmt56yR61Gu09ER-2Bq95-2FgFAbN46ClwLMWPZzveVybfat1CKHOKhUUtOIVaFgsR5U28dlEKVouFrV1iSMaKnlWHCANmwKiZ4x1Oy9BDRL5tuTGPXgO91zEc1uo-2FbtPYQFm3y4fMGnbuiV3FEKs9g9uy1l2sL_iW8zc4KBvTUX2z9kws1M6pjQI9DpNNh-2Fk6fgMN4DbaFx-2BL1o5swSv2HtiLB2iGFhqxZ0654f80VOIjakRycDjcrdu1MF6BdTRc4d4wYs0wcxXXPsRygypvnzeOAhjjgiEkGX1jMsv1FD9IiN0mt5TiPA-2F-2FcYbMJqgkOyyeRxcI4izBTlMz4tYAchHCwHneJZvJXH0y9HeVp67XkJynQGH21X32t2y1CeSaYEq0zVO-2BnyLK4mDGipKkH-2FZQCwU2MKfdHIIgVMZzvyz5G5cXFeOFC58YiNyn2cnMPO14gymNMfyWFH-2BHHlC3b47l7V1Qmqxs4es-2BeyjBwNpbTVF3mKTVfvVN8KGLr0cqLDBhDLHrW7KPcTfpWgS5gfvWdAKEPOEmZKoo4k2kAi0PFh6jxFYAV2tXcAZfbY2kx8RXrY81D1SMCEBW0alhXBRKfUMvljxKCVojmlXya75YoxeWm0PKiSpaikvnyQHb1SYVAvooBBGQr8kVTT7gfi2jpYOB7Yz3v8ovwiOQwMF4kMzI4BGg58Stg7NIyaStQsDmhOsSp6GMNA3SG1UPw-2Fljh3rhjS-2BFt0EiGPe9cI33b9n1X0Y0ud-2BOFmeXkp5V9mMyq0eViPM4g6fXMuiRQFG1Lhn1lb5TsAtW9vCVxHdYrOB-2F6cV4-2FiOK5JwicsxDApwdvwvys-3D\" style=\"box-sizing:border-box; text-decoration:underline; color:blue; transition:color 0.3s ease 0s; outline-width:0px\"><span style=\"font-size:14pt\"><span style=\"box-sizing:border-box\"><span style=\"box-sizing:border-box\"><span style=\"box-sizing:border-box\"><span style=\"box-sizing:border-box\"><span style=\"box-sizing:border-box\"><span style=\"box-sizing:border-box\"><span style=\"line-height:21.4667px\">Informa&ccedil;&otilde;es<\/span><\/span><\/span><\/span><\/span><\/span><\/span><\/span><\/a><\/span><\/span><\/span><\/span><\/span><\/span><\/span><\/span><\/span><\/span><\/span><\/span><\/span><\/span><\/span><\/span><\/span><\/span><\/span><\/span><\/span><\/span><\/span><\/span><\/span><\/span><\/span><\/span><\/span><\/span><\/span><\/span><\/span><\/span><\/span><\/span><\/span><\/span><\/span><\/span><\/span><\/span><\/span><\/span><\/span><\/span><\/span><\/span><\/span><\/span><\/span><\/span><\/span><\/span><\/span><\/span><\/span><\/span><\/span><\/span><\/span><\/span><\/span><\/span><\/span><\/span><\/span><\/span><\/span><\/span><\/span><\/span><\/span><\/span><\/span><\/span><\/span><\/span><\/span><\/span><\/span><\/span><\/span><\/span><\/span><\/span><\/span><\/p>\r\n\r\n<p style=\"text-align:justify; margin-bottom:20px\">&nbsp;<\/p>\r\n\r\n<p style=\"text-align:justify\"><span style=\"font-size:11pt\"><span style=\"line-height:normal\"><span style=\"font-family:Calibri,sans-serif\"><b><span style=\"font-size:18.0pt\"><span style=\"font-variant:small-caps\">Eventos<\/span><\/span><\/b><\/span><\/span><\/span><\/p>\r\n\r\n<p style=\"text-align:justify\"><span style=\"font-size:11pt\"><span style=\"line-height:normal\"><span style=\"font-family:Calibri,sans-serif\"><b><span style=\"font-size:14.0pt\">Workshop Abit | Bloco K 2024 - Obrigatoriedade e Implica&ccedil;&otilde;es Operacionais<\/span><\/b><span style=\"font-size:14.0pt\">, 06 de setembro de 2023, 09h30 &agrave;s 11h00, evento online. <\/span><a href=\"https:\/\/app.rdstation.email\/mail\/0fb2830d-08b6-4ae3-81b4-b161ab0c587e?utm_campaign=convite_workshop_bloco_k&amp;utm_medium=email&amp;utm_source=RD+Station\" style=\"color:blue; text-decoration:underline\"><span style=\"font-size:14.0pt\">Informa&ccedil;&otilde;es<\/span><\/a> <\/span><\/span><\/span><\/p>\r\n\r\n<p style=\"text-align:justify\"><span style=\"font-size:11pt\"><span style=\"line-height:normal\"><span style=\"font-family:Calibri,sans-serif\"><b><span style=\"font-size:14.0pt\">22&ordf; FEBRAVA - Feira Internacional de Refrigera&ccedil;&atilde;o, Ar-Condicionado, Ventila&ccedil;&atilde;o, Aquecimento, Tratamento de Ar e de &Aacute;guas<\/span><\/b><span style=\"font-size:14.0pt\">, 12 a 15 de setembro de 2023, S&atilde;o Paulo Expo. <\/span><a href=\"https:\/\/www.febrava.com.br\/pt-br.html\" style=\"color:blue; text-decoration:underline\"><span style=\"font-size:14.0pt\">Informa&ccedil;&otilde;es<\/span><\/a> <\/span><\/span><\/span><\/p>\r\n\r\n<p style=\"text-align:justify\"><span style=\"font-size:11pt\"><span style=\"line-height:normal\"><span style=\"font-family:Calibri,sans-serif\"><b><span style=\"font-size:14.0pt\">18&ordm; CONBRAVA &ndash; Congresso Brasileiro de Refrigera&ccedil;&atilde;o, Ar-Condicionado, Ventila&ccedil;&atilde;o, Aquecimento e Tratamento de Ar | &ldquo;AVACR rumo ao um futuro sustent&aacute;vel e saud&aacute;vel&rdquo;, <\/span><\/b><span style=\"font-size:14.0pt\">13 a 15 de setembro de 2023, S&atilde;o Paulo Expo, SP. <\/span><a href=\"http:\/\/conbrava.comercial.ws\/site\/\" style=\"color:blue; text-decoration:underline\"><span style=\"font-size:14.0pt\">Informa&ccedil;&otilde;es<\/span><\/a> <\/span><\/span><\/span><\/p>\r\n\r\n<p style=\"text-align:justify\"><span style=\"font-size:11pt\"><span style=\"line-height:normal\"><span style=\"font-family:Calibri,sans-serif\"><b><span style=\"font-size:14.0pt\">FGV IBRE | III Semin&aacute;rio de An&aacute;lise Conjuntural<\/span><\/b><span style=\"font-size:14.0pt\">, 14 de setembro de 2023, 10h00 &agrave;s 11h30, transmiss&atilde;o Youtube FGV. <a href=\"https:\/\/evento.fgv.br\/analiseconjuntural_1409\/\" style=\"color:blue; text-decoration:underline\">Inscri&ccedil;&otilde;es<\/a> <\/span><\/span><\/span><\/span><\/p>\r\n\r\n<p style=\"text-align:justify\"><span style=\"font-size:11pt\"><span style=\"line-height:normal\"><span style=\"font-family:Calibri,sans-serif\"><b><span style=\"font-size:14.0pt\">Workshop Abit | O Seguro como Prote&ccedil;&atilde;o &agrave;s Perdas Patrimoniais<\/span><\/b><span style=\"font-size:14.0pt\">, 19 de setembro de 2023, 09h30 &agrave;s 11h00. <\/span><a href=\"https:\/\/produtos.institutoabit.org.br\/prod\/b43a9ccc-dcf2-40d2-af32-7b0273ceebce?utm_campaign=convite_workshop_seguranca_patrimonial_2809&amp;utm_medium=email&amp;utm_source=RD+Station\" style=\"color:blue; text-decoration:underline\"><span style=\"font-size:14.0pt\">Informa&ccedil;&otilde;es<\/span><\/a> <\/span><\/span><\/span><\/p>\r\n\r\n<p style=\"text-align:justify\"><span style=\"font-size:11pt\"><span style=\"line-height:normal\"><span style=\"font-family:Calibri,sans-serif\"><b><span style=\"font-size:14.0pt\">Abiplast\/Sindiplast &amp; Pl&aacute;sticos em Revista | 13&ordm; Semin&aacute;rio Competitividade<\/span><\/b><span style=\"font-size:14.0pt\">, 19 de setembro de 2023, Hotel Meli&aacute;, Av. Paulista, 2181. <\/span><a href=\"https:\/\/plasticosemrevista.com.br\/competitividade-2023-inscricao\/\" style=\"color:blue; text-decoration:underline\"><span style=\"font-size:14.0pt\">Informa&ccedil;&otilde;es<\/span><\/a> <\/span><\/span><\/span><\/p>\r\n\r\n<p style=\"text-align:justify\"><span style=\"font-size:11pt\"><span style=\"line-height:normal\"><span style=\"font-family:Calibri,sans-serif\"><b><span style=\"font-size:14.0pt\">NasceCME | Conale 2023 - 5&ordf; Edi&ccedil;&atilde;o: Multici&ecirc;ncia e o Estado da Arte nos Processos de Limpeza e Esteriliza&ccedil;&atilde;o<\/span><\/b><span style=\"font-size:14.0pt\">, 23 e 24 de setembro, evento online. <\/span><a href=\"http:\/\/nascecme.com.br\/programa-conale-2023\/\" style=\"color:blue; text-decoration:underline\"><span style=\"font-size:14.0pt\">Programa&ccedil;&atilde;o<\/span><\/a> <\/span><\/span><\/span><\/p>\r\n\r\n<p style=\"text-align:justify\"><span style=\"font-size:11pt\"><span style=\"line-height:normal\"><span style=\"font-family:Calibri,sans-serif\"><b><span style=\"font-size:14.0pt\">Workshop | Log&iacute;stica Reversa de Embalagens no Setor T&amp;C<\/span><\/b><span style=\"font-size:14.0pt\">, 26 de setembro de 2023, 09h30 &agrave;s 11h30. <a href=\"https:\/\/produtos.institutoabit.org.br\/prod\/166335dc-c12f-4e44-8639-9f6c3263c509?utm_campaign=workshop_logistica_reversa&amp;utm_medium=email&amp;utm_source=RD+Station\" style=\"color:blue; text-decoration:underline\">Inscri&ccedil;&otilde;es<\/a> <\/span><\/span><\/span><\/span><\/p>\r\n\r\n<p style=\"text-align:justify\"><span style=\"font-size:11pt\"><span style=\"line-height:normal\"><span style=\"font-family:Calibri,sans-serif\"><b><span style=\"font-size:14.0pt\">CNI\/ SEBRAE | 10&ordm; Congresso Internacional da Inova&ccedil;&atilde;o da Ind&uacute;stria<\/span><\/b><span style=\"font-size:14.0pt\">, 27 e 28 de setembro de 2023, S&atilde;o Paulo Expo.<\/span> <a href=\"https:\/\/www.congressodeinovacao.com.br\/?utm_source=comext&amp;utm_medium=email&amp;utm_campaign=eventos&amp;utm_content=id00053#msdynttrid=gg5jXwSFR7qM4vHH2tKGau3cTwSFDneTjMUhrcPg7vE\" style=\"color:blue; text-decoration:underline\"><span style=\"font-size:14.0pt\">Informa&ccedil;&otilde;es<\/span><\/a> <\/span><\/span><\/span><\/p>\r\n\r\n<p style=\"text-align:justify\"><span style=\"font-size:11pt\"><span style=\"line-height:normal\"><span style=\"font-family:Calibri,sans-serif\"><b><span style=\"font-size:14.0pt\">Semin&aacute;rio Abiquim de Tecnologia e Inova&ccedil;&atilde;o 2023, <\/span><\/b><span style=\"font-size:14.0pt\">05 de outubro de 2023, 08h30 &agrave;s 17h30, evento presencial, S&atilde;o Paulo, SP.<\/span><\/span><\/span><\/span><\/p>\r\n\r\n<p style=\"text-align:justify\"><span style=\"font-size:11pt\"><span style=\"line-height:normal\"><span style=\"font-family:Calibri,sans-serif\"><b><span style=\"font-size:14.0pt\">FiltXPO&trade; 2023<\/span><\/b><span class=\"MsoHyperlink\" style=\"color:blue\"><span style=\"text-decoration:underline\"><span style=\"font-size:14.0pt\"><span style=\"text-decoration:none\"><span style=\"text-underline:none\">, <\/span><\/span><\/span><\/span><\/span><span style=\"font-size:14.0pt\">October 10-12, 2023 at Navy Pier in Chicago, Illinois<\/span><span class=\"MsoHyperlink\" style=\"color:blue\"><span style=\"text-decoration:underline\"><span style=\"font-size:14.0pt\"><span style=\"text-decoration:none\"><span style=\"text-underline:none\">. <\/span><\/span><\/span><\/span><\/span><a href=\"https:\/\/www.filtxpo.com\/\" style=\"color:blue; text-decoration:underline\"><span style=\"font-size:14.0pt\">Informa&ccedil;&otilde;es<\/span><\/a> <\/span><\/span><\/span><\/p>\r\n\r\n<p style=\"text-align:justify\"><span style=\"font-size:11pt\"><span style=\"line-height:normal\"><span style=\"font-family:Calibri,sans-serif\"><b><span style=\"font-size:14.0pt\">CONAHP 2023<\/span><\/b><span style=\"font-size:14.0pt\">, 18 e 19 de outubro, Transamerica Expo Center, S&atilde;o Paulo, SP. <\/span><a href=\"https:\/\/conahp.org.br\/2023\/\" style=\"color:blue; text-decoration:underline\"><span style=\"font-size:14.0pt\">Informa&ccedil;&otilde;es<\/span><\/a> <\/span><\/span><\/span><\/p>\r\n\r\n<p style=\"text-align:justify\"><span style=\"font-size:11pt\"><span style=\"line-height:normal\"><span style=\"font-family:Calibri,sans-serif\"><b><span style=\"font-size:14.0pt\">V Congreso Sudamericano de Composites, Poliuretano y Pl&aacute;sticos de Ingenier&iacute;a, <\/span><\/b><span style=\"font-size:14.0pt\">24 e 25 de outubro de 2023, Bogot&aacute;, Col&ocirc;mbia. <\/span><a href=\"http:\/\/www.congresosudamericano.com\/blog.html\" style=\"color:blue; text-decoration:underline\"><span style=\"font-size:14.0pt\">Informa&ccedil;&otilde;es<\/span><\/a> <\/span><\/span><\/span><\/p>\r\n\r\n<p style=\"text-align:justify\"><span style=\"font-size:11pt\"><span style=\"line-height:normal\"><span style=\"font-family:Calibri,sans-serif\"><b><span style=\"font-size:14.0pt\">FEIPLAR COMPOSITES &amp; FEIPUR | Pain&eacute;is Setoriais 2023<\/span><\/b><span style=\"font-size:14.0pt\">, 24, 25 e 26 de outubro de 2023. <\/span><a href=\"http:\/\/newsletter.feiplar.com.br\/accounts\/184158\/messages\/30?email=abint@abint.org.br&amp;c=1693235815&amp;contact_id=3458&amp;envelope_id=21\" style=\"color:blue; text-decoration:underline\"><span style=\"font-size:14.0pt\">Informa&ccedil;&otilde;es<\/span><\/a> <\/span><\/span><\/span><\/p>\r\n\r\n<p style=\"text-align:justify\"><span style=\"font-size:11pt\"><span style=\"line-height:normal\"><span style=\"font-family:Calibri,sans-serif\"><b><span style=\"font-size:14.0pt\">Abrafiltros | 2&ordm; Semin&aacute;rio Brasileiro de Filtros<\/span><\/b><span style=\"font-size:14.0pt\">, 08 de novembro de 2023.<\/span><\/span><\/span><\/span><\/p>\r\n\r\n<p style=\"text-align:justify\"><span style=\"font-size:11pt\"><span style=\"line-height:normal\"><span style=\"font-family:Calibri,sans-serif\"><b><span style=\"font-size:14.0pt\">Industry CCUS 2023,<\/span><\/b> <span style=\"font-size:14.0pt\">29-30 November, Rotterdam, Netherlands.<\/span> <a href=\"https:\/\/fortesmedia.com\/industry-ccus-conference-2023,4,en,2,1,28.html#register\" style=\"color:blue; text-decoration:underline\"><span style=\"font-size:14.0pt\">Informa&ccedil;&otilde;es<\/span><\/a> <\/span><\/span><\/span><\/p>\r\n\r\n<p style=\"text-align:justify\"><span style=\"font-size:11pt\"><span style=\"line-height:normal\"><span style=\"font-family:Calibri,sans-serif\"><b><span style=\"font-size:14.0pt\">FEIPLAR COMPOSITES &amp; FEIPUR &ndash; Feira e Congresso Internacionais de Composites, Poliuretano, Pl&aacute;sticos de Engenharia e Compostos Termopl&aacute;sticos<\/span><\/b><span style=\"font-size:14.0pt\">, 20 a 22 de agosto de 2024, S&atilde;o Paulo Expo (Pavilh&atilde;o 5), palestras: das 8h30 &agrave;s 18h, feira: das 13h &agrave;s 20h.<b> <\/b><\/span><a href=\"http:\/\/www.feiplar.com\" style=\"color:blue; text-decoration:underline\"><span style=\"font-size:14.0pt\">www.feiplar.com<\/span><\/a> <\/span><\/span><\/span><\/p>\r\n\r\n<p style=\"text-align:justify\"><span style=\"font-size:28pt\"><span style=\"font-family:Cambria,serif\"><span style=\"letter-spacing:-0.5pt\"><b><span style=\"font-size:18.0pt\"><span style=\"font-family:&quot;Calibri&quot;,sans-serif\"><span style=\"font-variant:small-caps\">Setor<\/span><\/span><\/span><\/b><\/span><\/span><\/span><\/p>\r\n\r\n<p style=\"text-align:justify\"><span style=\"font-size:11pt\"><span style=\"line-height:normal\"><span style=\"font-family:Calibri,sans-serif\"><a href=\"https:\/\/www.meiofiltrante.com.br\/Artigo\/6074\/tecidos-sustentaveis-ja-sao-uma-realidade-para-diversos-setores\" style=\"color:blue; text-decoration:underline\"><span style=\"font-size:14.0pt\">Tecidos sustent&aacute;veis j&aacute; s&atilde;o uma realidade para diversos setores<\/span><\/a><\/span><\/span><\/span><\/p>\r\n\r\n<p style=\"text-align:justify\"><span style=\"font-size:11pt\"><span style=\"line-height:normal\"><span style=\"font-family:Calibri,sans-serif\"><a href=\"https:\/\/www.santos.sp.gov.br\/?q=noticia\/obras-de-contencao-e-drenagem-em-morro-de-santos-terminam-em-setembro-nova-intervencao-e-iniciada\" style=\"color:blue; text-decoration:underline\"><span style=\"font-size:14.0pt\">Geomantas: obras de conten&ccedil;&atilde;o e drenagem em morro de Santos terminam em setembro<\/span><\/a><\/span><\/span><\/span><\/p>\r\n\r\n<p style=\"text-align:justify\"><span style=\"font-size:11pt\"><span style=\"line-height:normal\"><span style=\"font-family:Calibri,sans-serif\"><a href=\"https:\/\/opetroleo.com.br\/aprenda-como-plantar-e-cuidar-da-alface\/\" style=\"color:blue; text-decoration:underline\"><span style=\"font-size:14.0pt\">Mulching: cuidados no cultivo da alface<\/span><\/a><\/span><\/span><\/span><\/p>\r\n\r\n<p style=\"text-align:justify\"><span style=\"font-size:11pt\"><span style=\"line-height:normal\"><span style=\"font-family:Calibri,sans-serif\"><a href=\"file:\/\/\/C:\/Users\/cristiane\/Downloads\/Leia%20mais%20em:%20https:\/conexaosafra.com\/fruticultura\/lona-e-colheita-estrategica-revolucionam-abacaxicultura-no-norte-do-es\/\" style=\"color:blue; text-decoration:underline\"><span style=\"font-size:14.0pt\">Lona e colheita estrat&eacute;gica revolucionam abacaxicultura no Norte do ES<\/span><\/a><\/span><\/span><\/span><\/p>\r\n\r\n<p style=\"text-align:justify\"><span style=\"font-size:11pt\"><span style=\"line-height:normal\"><span style=\"font-family:Calibri,sans-serif\"><span class=\"MsoHyperlink\" style=\"color:blue\"><span style=\"text-decoration:underline\"><span style=\"font-size:14.0pt\"><span style=\"text-decoration:none\"><span style=\"text-underline:none\"><a href=\"https:\/\/techxplore.com\/news\/2023-08-aim-fashionable-greener.html?utm_source=nwletter&amp;utm_medium=email&amp;utm_campaign=daily-nwletter\" style=\"color:blue; text-decoration:underline\">Clothing manufacturers aim to get fashionable with greener practices<\/a><\/span><\/span><\/span><\/span><\/span><\/span><\/span><\/span><\/p>\r\n\r\n<p style=\"text-align:justify\"><span style=\"font-size:28pt\"><span style=\"font-family:Cambria,serif\"><span style=\"letter-spacing:-0.5pt\"><b><span style=\"font-size:18.0pt\"><span style=\"font-family:&quot;Calibri&quot;,sans-serif\"><span style=\"font-variant:small-caps\">Ind&uacute;stria<\/span><\/span><\/span><\/b><\/span><\/span><\/span><\/p>\r\n\r\n<p style=\"text-align:justify\"><span style=\"font-size:11pt\"><span style=\"line-height:normal\"><span style=\"font-family:Calibri,sans-serif\"><a href=\"https:\/\/www.gov.br\/mdic\/pt-br\/assuntos\/noticias\/2023\/setembro\/mdic-define-oito-eixos-de-atuacao-para-reduzir-custo-brasil\" style=\"color:blue; text-decoration:underline\"><span style=\"font-size:14.0pt\">MDIC define oito eixos de atua&ccedil;&atilde;o para reduzir Custo Brasil<\/span><\/a><\/span><\/span><\/span><\/p>\r\n\r\n<p style=\"text-align:justify\"><span style=\"font-size:11pt\"><span style=\"line-height:normal\"><span style=\"font-family:Calibri,sans-serif\"><a href=\"https:\/\/noticias.portaldaindustria.com.br\/noticias\/economia\/industria-apresenta-queda-do-faturamento-e-das-horas-trabalhadas-na-producao\/\" style=\"color:blue; text-decoration:underline\"><span style=\"font-size:14.0pt\">Ind&uacute;stria apresenta queda do faturamento e das horas trabalhadas na produ&ccedil;&atilde;o<\/span><\/a><\/span><\/span><\/span><\/p>\r\n\r\n<p style=\"text-align:justify\"><span style=\"font-size:11pt\"><span style=\"line-height:normal\"><span style=\"font-family:Calibri,sans-serif\"><a href=\"file:\/\/\/C:\/Users\/cristiane\/Downloads\/Pesquisa%20da%20CNI%20aponta%20defasagem%20de%2014%20anos%20em%20m\u00e1quinas%20e%20equipamentos\" style=\"color:blue; text-decoration:underline\"><span style=\"font-size:14.0pt\">Pesquisa da CNI aponta defasagem de 14 anos em m&aacute;quinas e equipamentos<\/span><\/a><\/span><\/span><\/span><\/p>\r\n\r\n<p style=\"text-align:justify\"><span style=\"font-size:11pt\"><span style=\"line-height:normal\"><span style=\"font-family:Calibri,sans-serif\"><span class=\"MsoHyperlink\" style=\"color:blue\"><span style=\"text-decoration:underline\"><span style=\"font-size:14.0pt\"><span style=\"text-decoration:none\"><span style=\"text-underline:none\"><a href=\"https:\/\/portalibre.fgv.br\/system\/files\/2023-08\/%C3%8Dndice%20de%20Confian%C3%A7a%20Empresarial%20FGV_press%20release_Ago23_0.pdf\" style=\"color:blue; text-decoration:underline\">Confian&ccedil;a Empresarial reverte resultado negativo no m&ecirc;s anterior<\/a><\/span><\/span><\/span><\/span><\/span><\/span><\/span><\/span><\/p>\r\n\r\n<p style=\"text-align:justify\"><span style=\"font-size:11pt\"><span style=\"line-height:normal\"><span style=\"font-family:Calibri,sans-serif\"><a href=\"https:\/\/www.jornaldocomercio.com\/expointer\/noticias\/2023\/08\/1121066-petroquimica-ve-potencial-para-crescer-no-setor-do-agronegocio.html\" style=\"color:blue; text-decoration:underline\"><span style=\"font-size:14.0pt\">Petroqu&iacute;mica v&ecirc; potencial para crescer no setor do agroneg&oacute;cio<\/span><\/a><\/span><\/span><\/span><\/p>\r\n\r\n<p style=\"text-align:justify\"><span style=\"font-size:28pt\"><span style=\"font-family:Cambria,serif\"><span style=\"letter-spacing:-0.5pt\"><b><span style=\"font-size:18.0pt\"><span style=\"font-family:&quot;Calibri&quot;,sans-serif\"><span style=\"font-variant:small-caps\">Sustentabilidade<\/span><\/span><\/span><\/b><\/span><\/span><\/span><\/p>\r\n\r\n<p style=\"text-align:justify\"><span style=\"font-size:11pt\"><span style=\"line-height:normal\"><span style=\"font-family:Calibri,sans-serif\"><a href=\"https:\/\/umsoplaneta.globo.com\/sociedade\/noticia\/2023\/09\/01\/na-europa-empresas-de-moda-correm-para-aumentar-infraestrutura-de-reciclagem-diante-de-novas-obrigacoes-impostas-pela-ue.ghtml\" style=\"color:blue; text-decoration:underline\"><span style=\"font-size:14.0pt\">Na Europa, empresas de moda correm para aumentar infraestrutura de reciclagem diante de novas obriga&ccedil;&otilde;es impostas pela UE<\/span><\/a><\/span><\/span><\/span><\/p>\r\n\r\n<p style=\"text-align:justify\"><span style=\"font-size:11pt\"><span style=\"line-height:normal\"><span style=\"font-family:Calibri,sans-serif\"><a href=\"https:\/\/g1.globo.com\/sp\/sao-jose-do-rio-preto-aracatuba\/mercado-imobiliario-do-interior\/noticia\/2023\/08\/29\/sustentabilidade-na-construcao-civil-entenda-como-e-a-producao-da-madeira-ecologica.ghtml\" style=\"color:blue; text-decoration:underline\"><span style=\"font-size:14.0pt\">De pl&aacute;stico &agrave; fralda: entenda como &eacute; a produ&ccedil;&atilde;o da madeira ecol&oacute;gica<\/span><\/a><\/span><\/span><\/span><\/p>\r\n\r\n<p style=\"text-align:justify\"><span style=\"font-size:11pt\"><span style=\"line-height:normal\"><span style=\"font-family:Calibri,sans-serif\"><span class=\"MsoHyperlink\" style=\"color:blue\"><span style=\"text-decoration:underline\"><span style=\"font-size:14.0pt\"><span style=\"text-decoration:none\"><span style=\"text-underline:none\"><a href=\"https:\/\/www.youtube.com\/watch?v=_q25urLnI6s\" style=\"color:blue; text-decoration:underline\">Entrevista exclusiva com Gabriela Otero, gerente de economia circular do Pacto Global da ONU no Brasil<\/a><\/span><\/span><\/span><\/span><\/span><\/span><\/span><\/span><\/p>\r\n\r\n<p style=\"text-align:justify\"><span style=\"font-size:11pt\"><span style=\"line-height:normal\"><span style=\"font-family:Calibri,sans-serif\"><span class=\"MsoHyperlink\" style=\"color:blue\"><span style=\"text-decoration:underline\"><span style=\"font-size:14.0pt\"><span style=\"text-decoration:none\"><span style=\"text-underline:none\"><a href=\"https:\/\/phys.org\/news\/2023-08-recycling-plastics-life-rebuild-polyurethane.html?utm_source=nwletter&amp;utm_medium=email&amp;utm_campaign=daily-nwletter\" style=\"color:blue; text-decoration:underline\">Novel recycling process gives old plastics new life: Researchers break down, rebuild polyurethane to make new foam<\/a><\/span><\/span><\/span><\/span><\/span><\/span><\/span><\/span><\/p>\r\n\r\n<p style=\"text-align:justify\"><span style=\"font-size:28pt\"><span style=\"font-family:Cambria,serif\"><span style=\"letter-spacing:-0.5pt\"><b><span style=\"font-size:18.0pt\"><span style=\"font-family:&quot;Calibri&quot;,sans-serif\"><span style=\"font-variant:small-caps\">Inova&ccedil;&atilde;o<\/span><\/span><\/span><\/b><\/span><\/span><\/span><\/p>\r\n\r\n<p style=\"text-align:justify\"><span style=\"font-size:11pt\"><span style=\"line-height:normal\"><span style=\"font-family:Calibri,sans-serif\"><a href=\"https:\/\/revistapesquisa.fapesp.br\/roupas-eletronicas\/\" style=\"color:blue; text-decoration:underline\"><span style=\"font-size:14.0pt\">Roupas eletr&ocirc;nicas<\/span><\/a><\/span><\/span><\/span><\/p>\r\n\r\n<p style=\"text-align:justify\"><span style=\"font-size:28pt\"><span style=\"font-family:Cambria,serif\"><span style=\"letter-spacing:-0.5pt\"><b><span style=\"font-size:18.0pt\"><span style=\"font-family:&quot;Calibri&quot;,sans-serif\"><span style=\"font-variant:small-caps\">Com&eacute;rcio Exterior<\/span><\/span><\/span><\/b><\/span><\/span><\/span><\/p>\r\n\r\n<p style=\"text-align:justify\"><span style=\"font-size:11pt\"><span style=\"line-height:normal\"><span style=\"font-family:Calibri,sans-serif\"><a href=\"https:\/\/exame.com\/economia\/negociadores-da-ue-e-mercosul-se-reunem-dia-15-em-brasilia-diz-mauro-vieira\/\" style=\"color:blue; text-decoration:underline\"><span style=\"font-size:14.0pt\">Negociadores da UE e Mercosul se re&uacute;nem dia 15 em Bras&iacute;lia, diz Mauro Vieira<\/span><\/a><\/span><\/span><\/span><\/p>\r\n\r\n<p style=\"text-align:justify\"><span style=\"font-size:11pt\"><span style=\"line-height:normal\"><span style=\"font-family:Calibri,sans-serif\"><span class=\"MsoHyperlink\" style=\"color:blue\"><span style=\"text-decoration:underline\"><span style=\"font-size:14.0pt\"><span style=\"text-decoration:none\"><span style=\"text-underline:none\"><a href=\"https:\/\/www.eiu.com\/n\/more-bricks-in-the-wall-will-make-it-bigger-but-less-sturdy\/?utm_source=mkt-newsletter&amp;utm_medium=email&amp;utm_campaign=foce&amp;utm_content=01-september-2023&amp;utm_term=here&amp;mkt_tok=NzUzLVJJUS00MzgAAAGN8Dx9wtLkfygDBY5PxBq_olmBWH8Yc0GKW7TuMlneLOFxrTWXEs4oBduRehDHY5Wm15QoCVRtHF5oYGDF8GwN8qEfJarhVg6WnmWV9oneMfFuUA\" style=\"color:blue; text-decoration:underline\">More bricks in the wall will make it bigger but less sturdy<\/a><\/span><\/span><\/span><\/span><\/span><\/span><\/span><\/span><\/p>\r\n\r\n<p style=\"text-align:justify\"><span style=\"font-size:11pt\"><span style=\"line-height:normal\"><span style=\"font-family:Calibri,sans-serif\"><span class=\"MsoHyperlink\" style=\"color:blue\"><span style=\"text-decoration:underline\"><span style=\"font-size:14.0pt\"><span style=\"text-decoration:none\"><span style=\"text-underline:none\"><a href=\"https:\/\/static.portaldaindustria.com.br\/media\/filer_public\/ad\/5b\/ad5b2602-ff5e-4909-b4f6-ef3b4153b421\/informepoliticacomercial_b20_india_39__iii.pdf\" style=\"color:blue; text-decoration:underline\">Conclus&atilde;o do B20 &Iacute;ndia e publica&ccedil;&atilde;o do documento final de recomenda&ccedil;&otilde;es para o G20<\/a><\/span><\/span><\/span><\/span><\/span><\/span><\/span><\/span><\/p>\r\n\r\n<p style=\"text-align:justify\"><span style=\"font-size:11pt\"><span style=\"line-height:normal\"><span style=\"font-family:Calibri,sans-serif\"><span class=\"MsoHyperlink\" style=\"color:blue\"><span style=\"text-decoration:underline\"><span style=\"font-size:14.0pt\"><span style=\"text-decoration:none\"><span style=\"text-underline:none\"><a href=\"https:\/\/static.portaldaindustria.com.br\/media\/filer_public\/ad\/c0\/adc0ee90-868d-42f1-bdc7-4f132609fc57\/informepoliticacomercial_23_41_grupoocde.pdf\" style=\"color:blue; text-decoration:underline\">Presid&ecirc;ncia da Rep&uacute;blica publica decreto que institui o Grupo de Trabalho Interministerial sobre a OCDE<\/a><\/span><\/span><\/span><\/span><\/span><\/span><\/span><\/span><\/p>\r\n\r\n<p style=\"text-align:justify\"><span style=\"font-size:28pt\"><span style=\"font-family:Cambria,serif\"><span style=\"letter-spacing:-0.5pt\"><b><span style=\"font-size:18.0pt\"><span style=\"font-family:&quot;Calibri&quot;,sans-serif\"><span style=\"font-variant:small-caps\">Economia<\/span><\/span><\/span><\/b><\/span><\/span><\/span><\/p>\r\n\r\n<p style=\"text-align:justify\"><span style=\"font-size:11pt\"><span style=\"line-height:normal\"><span style=\"font-family:Calibri,sans-serif\"><span style=\"font-size:14.0pt\"><a href=\"https:\/\/www.bcb.gov.br\/content\/focus\/focus\/R20230901.pdf\" style=\"color:blue; text-decoration:underline\">Focus &ndash; Relat&oacute;rio de Mercado<\/a><\/span><\/span><\/span><\/span><\/p>\r\n\r\n<p style=\"text-align:justify\"><span style=\"font-size:11pt\"><span style=\"line-height:normal\"><span style=\"font-family:Calibri,sans-serif\"><span style=\"font-size:14.0pt\"><a href=\"https:\/\/www.bcb.gov.br\/content\/controleinflacao\/focusdistribuicoesfrequencia\/P20230904-Focus-Distribuicoes-de-frequencia.pdf\" style=\"color:blue; text-decoration:underline\">Focus - Distribui&ccedil;&otilde;es de Frequ&ecirc;ncia das Expectativas de Mercado para IPCA, Selic, PIB e C&acirc;mbio<\/a><\/span><\/span><\/span><\/span><\/p>\r\n\r\n<p style=\"text-align:justify\"><span style=\"font-size:11pt\"><span style=\"line-height:normal\"><span style=\"font-family:Calibri,sans-serif\"><span style=\"font-size:14.0pt\"><a href=\"https:\/\/m.br.investing.com\/news\/economic-indicators\/boletim-focus-economistas-projetam-pib-e-dolar-maiores-neste-ano-1149740\" style=\"color:blue; text-decoration:underline\">Economistas projetam PIB e d&oacute;lar maiores neste ano<\/a><\/span><\/span><\/span><\/span><\/p>\r\n\r\n<p style=\"text-align:justify\"><span style=\"font-size:11pt\"><span style=\"line-height:normal\"><span style=\"font-family:Calibri,sans-serif\"><span style=\"font-size:14.0pt\"><a href=\"https:\/\/m.br.investing.com\/news\/economic-indicators\/economistas-ajustam-previsoes-para-pib-apos-2o-tri-mais-forte-goldman-sachs-ve-expansao-de-325-1151815\" style=\"color:blue; text-decoration:underline\">Economistas ajustam previs&otilde;es para PIB ap&oacute;s 2&ordm; tri mais forte; Goldman Sachs v&ecirc; expans&atilde;o de 3,25%<\/a><\/span><\/span><\/span><\/span><\/p>\r\n\r\n<p style=\"text-align:justify\"><span style=\"font-size:11pt\"><span style=\"line-height:normal\"><span style=\"font-family:Calibri,sans-serif\"><span style=\"font-size:14.0pt\"><a href=\"https:\/\/ibre.fgv.br\/blog-da-conjuntura-economica\/artigos\/em-foco-117\" style=\"color:blue; text-decoration:underline\">A gangorra do PIB<\/a><\/span><\/span><\/span><\/span><\/p>\r\n\r\n<p style=\"text-align:justify\"><span style=\"font-size:11pt\"><span style=\"line-height:normal\"><span style=\"font-family:Calibri,sans-serif\"><span style=\"font-size:14.0pt\"><a href=\"https:\/\/agenciadenoticias.ibge.gov.br\/agencia-noticias\/2012-agencia-de-noticias\/noticias\/37752-desemprego-recua-a-7-9-no-trimestre-encerrado-em-julho-menor-taxa-para-o-periodo-desde-2014\" style=\"color:blue; text-decoration:underline\">Desemprego recua a 7,9% no trimestre encerrado em julho, menor taxa para o per&iacute;odo desde 2014<\/a><\/span><\/span><\/span><\/span><\/p>\r\n\r\n<p style=\"text-align:justify\"><span style=\"font-size:11pt\"><span style=\"line-height:normal\"><span style=\"font-family:Calibri,sans-serif\"><span style=\"font-size:14.0pt\"><a href=\"https:\/\/portalibre.fgv.br\/system\/files\/2023-08\/Indicador_de_Incerteza_Brasil_FGV_press%20release_Ago23_0.pdf\" style=\"color:blue; text-decoration:underline\">Ap&oacute;s atingir menor n&iacute;vel desde 2017, n&iacute;vel de incerteza econ&ocirc;mica sobe em agosto influenciado por ru&iacute;dos externos<\/a><\/span><\/span><\/span><\/span><\/p>\r\n\r\n<p style=\"text-align:justify\"><span style=\"font-size:11pt\"><span style=\"line-height:normal\"><span style=\"font-family:Calibri,sans-serif\"><span style=\"font-size:14.0pt\"><a href=\"https:\/\/portalibre.fgv.br\/system\/files\/2023-09\/Apresenta%C3%A7%C3%A3o%20-%20S%C3%ADntese%20das%20Sondagens%20-%20Agosto%202023.pdf\" style=\"color:blue; text-decoration:underline\">Indicadores de Confian&ccedil;a e Incerteza do FGV IBRE<\/a><\/span><\/span><\/span><\/span><\/p>\r\n\r\n<p style=\"text-align:justify\"><span style=\"font-size:11pt\"><span style=\"line-height:normal\"><span style=\"font-family:Calibri,sans-serif\"><span style=\"font-size:14.0pt\"><a href=\"https:\/\/sovos.com\/pt-br\/blog\/tributos\/reforma-tributaria-governadores-se-reunem-com-presidente-do-senado\/?mkt_tok=MzM0LUhWTi0yNDkAAAGN8STedFRMjjjBeQuQvESgwd3EeF2TWglREaQAKC6QLiRnlYDdRJXmZjJxBYNpfKSqRgcU63vraq5lV1csNYYEfp8y8eGX1R2bTu7EkA1rf3o\" style=\"color:blue; text-decoration:underline\">Reforma tribut&aacute;ria: governadores se re&uacute;nem com presidente do Senado para propor altera&ccedil;&otilde;es na proposta<\/a><\/span><\/span><\/span><\/span><\/p>\r\n\r\n<p style=\"text-align:justify\"><span style=\"font-size:11pt\"><span style=\"line-height:normal\"><span style=\"font-family:Calibri,sans-serif\"><span style=\"font-size:14.0pt\"><a href=\"https:\/\/sovos.com\/pt-br\/blog\/tributos\/governadores-temem-distorcoes-em-conselho-da-reforma-tributaria\/?mkt_tok=MzM0LUhWTi0yNDkAAAGN8STedEbPsKLpFUvtdU7REiGxBf3xndmaxgZW65aVltZYq5PnTs-0WipmtSJ7hGh8L4RvyEhvLmXDx7dJY8VwLkx9ZsetjOL1JF2RjYgCDgo\" style=\"color:blue; text-decoration:underline\">Governadores temem distor&ccedil;&otilde;es em Conselho da reforma tribut&aacute;ria<\/a><\/span><\/span><\/span><\/span><\/p>\r\n\r\n<p style=\"text-align:justify\"><span style=\"font-size:11pt\"><span style=\"line-height:normal\"><span style=\"font-family:Calibri,sans-serif\"><span style=\"font-size:14.0pt\"><a href=\"https:\/\/www.fibre2fashion.com\/news\/textile-news\/us-real-gdp-grows-at-annual-rate-of-2-1-in-q2-2023-bea-estimate-289830-newsdetails.htm\" style=\"color:blue; text-decoration:underline\">US real GDP grows at annual rate of 2.1% in Q2 2023: BEA estimate<\/a><\/span><\/span><\/span><\/span><\/p>\r\n","texto_en":"","7":"","imagem":"COMP_banner-padrao-home-destaques-boletim-2023_202309041625408Gj9xacjhA.jpeg","8":"COMP_banner-padrao-home-destaques-boletim-2023_202309041625408Gj9xacjhA.jpeg","arquivo":"20230905-NOTICIAS-SEMANAIS.PDF","9":"20230905-NOTICIAS-SEMANAIS.PDF","titulo_arquivo":"20230905 Not\u00edcias Semanais ABINT","10":"20230905 Not\u00edcias Semanais ABINT","titulo_arquivo_en":"","11":"","created_at":"2023-09-04 16:25:48","12":"2023-09-04 16:25:48","updated_at":"2023-09-04 16:25:48","13":"2023-09-04 16:25:48"},{"id":80,"0":80,"ordem":143,"1":143,"data":"2023-08-29","2":"2023-08-29","slug":"boletim-de-noticias-semanais-77","3":"boletim-de-noticias-semanais-77","titulo":"Boletim de Not\u00edcias Semanais","4":"Boletim de Not\u00edcias Semanais","titulo_en":"","5":"","texto":"<p style=\"text-align:justify\"><span style=\"font-size:11pt\"><span style=\"line-height:normal\"><span style=\"font-family:Calibri,sans-serif\"><span style=\"font-size:14.0pt\">Esta &eacute; uma compila&ccedil;&atilde;o das not&iacute;cias mais relevantes para o setor, incluindo informa&ccedil;&otilde;es sobre acordos internacionais, economia brasileira, sustentabilidade e mat&eacute;rias primas, al&eacute;m de novidades do setor de N&atilde;otecidos e Tecidos T&eacute;cnicos.<\/span><\/span><\/span><\/span><\/p>\r\n\r\n<p class=\"MsoTitleCxSpFirst\" style=\"text-align:justify\"><span style=\"font-size:28pt\"><span style=\"font-family:Cambria,serif\"><span style=\"letter-spacing:-0.5pt\"><b><span style=\"font-size:18.0pt\"><span style=\"font-family:&quot;Calibri&quot;,sans-serif\"><span style=\"font-variant:small-caps\">Not&iacute;cias das Associadas<\/span><\/span><\/span><\/b><\/span><\/span><\/span><\/p>\r\n\r\n<p style=\"text-align:justify\"><span style=\"font-size:11pt\"><span style=\"line-height:normal\"><span style=\"font-family:Calibri,sans-serif\"><a href=\"https:\/\/tissueonline.com.br\/andritz-e-vencedora-do-premio-destaques-do-setor-2023\/?utm_campaign=newsletter_25082023_novo_modelo&amp;utm_medium=email&amp;utm_source=RD+Station\" style=\"color:blue; text-decoration:underline\"><span style=\"font-size:14.0pt\">ANDRITZ &eacute; vencedora do Pr&ecirc;mio Destaques do Setor 2023<\/span><\/a><\/span><\/span><\/span><\/p>\r\n\r\n<p style=\"text-align:justify\"><span style=\"font-size:11pt\"><span style=\"line-height:normal\"><span style=\"font-family:Calibri,sans-serif\"><a href=\"https:\/\/www.nonwovens-industry.com\/contents\/view_breaking-news\/2023-08-21\/fibertex-personal-care-acheives-ecovadis-gold-medal-in-denmark?utm_campaign=NON+eNewsletter&amp;utm_medium=email&amp;_hsmi=271610954&amp;_hsenc=p2ANqtz--fAYBWecUi94qyXtTwR-nzhpQWZvwq0eo3Z_z6_Qe6YyWJIdXbRPBstxpnolDqy8NCq_T6U1HOgwK0hVL547CIzw-W_Q&amp;utm_content=271610954&amp;utm_source=hs_email\" style=\"color:blue; text-decoration:underline\"><span style=\"font-size:14.0pt\">Fibertex Personal Care Acheives EcoVadis Gold Medal in Denmark<\/span><\/a><\/span><\/span><\/span><\/p>\r\n\r\n<p style=\"text-align:justify\"><span style=\"font-size:11pt\"><span style=\"line-height:normal\"><span style=\"font-family:Calibri,sans-serif\"><a href=\"https:\/\/blogdoplastico.wordpress.com\/2023\/08\/24\/indorama-ventures-expande-unidade-de-reciclagem-de-pet-em-juiz-de-fora\/\" style=\"color:blue; text-decoration:underline\"><span style=\"font-size:14.0pt\">Indorama Ventures expande unidade de reciclagem de PET em Juiz de Fora<\/span><\/a><\/span><\/span><\/span><\/p>\r\n\r\n<p style=\"text-align:justify\"><span style=\"font-size:28pt\"><span style=\"font-family:Cambria,serif\"><span style=\"letter-spacing:-0.5pt\"><b><span style=\"font-size:18.0pt\"><span style=\"font-family:&quot;Calibri&quot;,sans-serif\"><span style=\"font-variant:small-caps\">A&ccedil;&otilde;es da ABINT<\/span><\/span><\/span><\/b><\/span><\/span><\/span><\/p>\r\n\r\n<p class=\"MsoTitle\" style=\"text-align:justify; margin-bottom:20px\"><span style=\"font-size:18px\"><span style=\"box-sizing:border-box\"><span style=\"line-height:1.5\"><span style=\"color:#313f48\"><span style=\"font-family:&quot;Roboto Condensed&quot;, Helvetica, Arial, sans-serif\"><span style=\"font-style:normal\"><span style=\"font-variant-ligatures:normal\"><span style=\"font-weight:400\"><span style=\"white-space:normal\"><span style=\"background-color:#ffffff\"><span style=\"text-decoration-thickness:initial\"><span style=\"text-decoration-style:initial\"><span style=\"text-decoration-color:initial\"><span style=\"font-size:18px\"><span style=\"box-sizing:border-box\"><span style=\"box-sizing:border-box\"><span style=\"box-sizing:border-box\"><span style=\"line-height:1.5\"><span style=\"box-sizing:border-box\"><span style=\"color:#313f48\"><span style=\"box-sizing:border-box\"><span style=\"font-family:&quot;Roboto Condensed&quot;, Helvetica, Arial, sans-serif\"><span style=\"box-sizing:border-box\"><span style=\"font-style:normal\"><span style=\"box-sizing:border-box\"><span style=\"font-variant-ligatures:normal\"><span style=\"box-sizing:border-box\"><span style=\"font-weight:400\"><span style=\"box-sizing:border-box\"><span style=\"white-space:normal\"><span style=\"box-sizing:border-box\"><span style=\"background-color:#ffffff\"><span style=\"box-sizing:border-box\"><span style=\"text-decoration-thickness:initial\"><span style=\"box-sizing:border-box\"><span style=\"text-decoration-style:initial\"><span style=\"box-sizing:border-box\"><span style=\"text-decoration-color:initial\"><span style=\"font-size:11pt\"><span style=\"box-sizing:border-box\"><span style=\"box-sizing:border-box\"><span style=\"box-sizing:border-box\"><span style=\"box-sizing:border-box\"><span style=\"line-height:16.8667px\"><span style=\"box-sizing:border-box\"><span style=\"box-sizing:border-box\"><span style=\"font-family:Calibri, sans-serif\"><b style=\"box-sizing:border-box; font-weight:bolder\"><span style=\"font-size:14pt\"><span style=\"box-sizing:border-box\"><span style=\"box-sizing:border-box\"><span style=\"box-sizing:border-box\"><span style=\"box-sizing:border-box\"><span style=\"line-height:21.4667px\"><span style=\"box-sizing:border-box\"><span style=\"box-sizing:border-box\"><span style=\"color:blue\"><img src=\"https:\/\/www.abint.org.br\/assets\/img\/editor\/capa-live-ic-11092023_20230822145534YV5DJMnz6h.png\" style=\"box-sizing:border-box; border-style:none; width:500px; height:281px\" \/><\/span><\/span><\/span><\/span><\/span><\/span><\/span><\/span><\/span><\/b><\/span><\/span><\/span><\/span><\/span><\/span><\/span><\/span><\/span><\/span><\/span><\/span><\/span><\/span><\/span><\/span><\/span><\/span><\/span><\/span><\/span><\/span><\/span><\/span><\/span><\/span><\/span><\/span><\/span><\/span><\/span><\/span><\/span><\/span><\/span><\/span><\/span><\/span><\/span><\/span><\/span><\/span><\/span><\/span><\/span><\/span><\/span><\/p>\r\n\r\n<p class=\"MsoTitle\" style=\"text-align:justify; margin-bottom:20px\"><span style=\"font-size:18px\"><span style=\"box-sizing:border-box\"><span style=\"line-height:1.5\"><span style=\"color:#313f48\"><span style=\"font-family:&quot;Roboto Condensed&quot;, Helvetica, Arial, sans-serif\"><span style=\"font-style:normal\"><span style=\"font-variant-ligatures:normal\"><span style=\"font-weight:400\"><span style=\"white-space:normal\"><span style=\"background-color:#ffffff\"><span style=\"text-decoration-thickness:initial\"><span style=\"text-decoration-style:initial\"><span style=\"text-decoration-color:initial\"><b style=\"box-sizing:border-box; font-weight:bolder\"><span style=\"font-size:14pt\"><span style=\"box-sizing:border-box\"><span style=\"box-sizing:border-box\"><span style=\"line-height:21.4667px\"><span style=\"box-sizing:border-box\"><span style=\"font-family:Calibri, sans-serif\">Dia 11\/09, &agrave;s 18h, o CTG ABINT e a IGS Brasil&nbsp;<\/span><\/span><\/span><\/span><\/span><\/span><\/b><span style=\"font-size:14pt\"><span style=\"box-sizing:border-box\"><span style=\"box-sizing:border-box\"><span style=\"line-height:21.4667px\"><span style=\"box-sizing:border-box\"><span style=\"font-family:Calibri, sans-serif\">receber&atilde;o, em uma live no YouTube da Geotecnia Brasil,<b style=\"box-sizing:border-box; font-weight:bolder\">&nbsp;os vencedores da Categoria Inicia&ccedil;&atilde;o Cient&iacute;fica da edi&ccedil;&atilde;o 2022\/2023<\/b>&nbsp;do Pr&ecirc;mio TCC\/IC Tecnologia em Geossint&eacute;ticos &ldquo;Benedito de Souza Bueno&rdquo;.<\/span><\/span><\/span><\/span><\/span><\/span><\/span><\/span><\/span><\/span><\/span><\/span><\/span><\/span><\/span><\/span><\/span><\/span><\/span><\/p>\r\n\r\n<p class=\"MsoTitle\" style=\"text-align:justify; margin-bottom:20px\"><span style=\"font-size:18px\"><span style=\"box-sizing:border-box\"><span style=\"line-height:1.5\"><span style=\"color:#313f48\"><span style=\"font-family:&quot;Roboto Condensed&quot;, Helvetica, Arial, sans-serif\"><span style=\"font-style:normal\"><span style=\"font-variant-ligatures:normal\"><span style=\"font-weight:400\"><span style=\"white-space:normal\"><span style=\"background-color:#ffffff\"><span style=\"text-decoration-thickness:initial\"><span style=\"text-decoration-style:initial\"><span style=\"text-decoration-color:initial\">&nbsp;<\/span><\/span><\/span><\/span><\/span><\/span><\/span><\/span><\/span><\/span><\/span><\/span><\/span><span style=\"font-size:18px\"><span style=\"box-sizing:border-box\"><span style=\"line-height:1.5\"><span style=\"color:#313f48\"><span style=\"font-family:&quot;Roboto Condensed&quot;, Helvetica, Arial, sans-serif\"><span style=\"font-style:normal\"><span style=\"font-variant-ligatures:normal\"><span style=\"font-weight:400\"><span style=\"white-space:normal\"><span style=\"background-color:#ffffff\"><span style=\"text-decoration-thickness:initial\"><span style=\"text-decoration-style:initial\"><span style=\"text-decoration-color:initial\"><span style=\"font-size:14pt\"><span style=\"box-sizing:border-box\"><span style=\"box-sizing:border-box\"><span style=\"line-height:21.4667px\"><span style=\"box-sizing:border-box\"><span style=\"font-family:Calibri, sans-serif\"><img src=\"https:\/\/www.abint.org.br\/assets\/img\/editor\/capa-live-tcc-12092023_20230822145608jortReBZK9.png\" style=\"box-sizing:border-box; border-style:none; width:500px; height:281px\" \/><\/span><\/span><\/span><\/span><\/span><\/span><\/span><\/span><\/span><\/span><\/span><\/span><\/span><\/span><\/span><\/span><\/span><\/span><\/span><\/p>\r\n\r\n<p class=\"MsoTitle\" style=\"text-align:justify; margin-bottom:20px\"><span style=\"font-size:18px\"><span style=\"box-sizing:border-box\"><span style=\"line-height:1.5\"><span style=\"color:#313f48\"><span style=\"font-family:&quot;Roboto Condensed&quot;, Helvetica, Arial, sans-serif\"><span style=\"font-style:normal\"><span style=\"font-variant-ligatures:normal\"><span style=\"font-weight:400\"><span style=\"white-space:normal\"><span style=\"background-color:#ffffff\"><span style=\"text-decoration-thickness:initial\"><span style=\"text-decoration-style:initial\"><span style=\"text-decoration-color:initial\"><b style=\"box-sizing:border-box; font-weight:bolder\"><span style=\"font-size:14pt\"><span style=\"box-sizing:border-box\"><span style=\"box-sizing:border-box\"><span style=\"line-height:21.4667px\"><span style=\"box-sizing:border-box\"><span style=\"font-family:Calibri, sans-serif\">E dia 12\/09, &agrave;s 18h, ser&aacute; a vez de CTG ABINT e IGS Brasil&nbsp;<\/span><\/span><\/span><\/span><\/span><\/span><\/b><span style=\"font-size:14pt\"><span style=\"box-sizing:border-box\"><span style=\"box-sizing:border-box\"><span style=\"line-height:21.4667px\"><span style=\"box-sizing:border-box\"><span style=\"font-family:Calibri, sans-serif\">receberem, tamb&eacute;m no YouTube da Geotecnia Brasil,<b style=\"box-sizing:border-box; font-weight:bolder\">&nbsp;os vencedores da Categoria Trabalho de Conclus&atilde;o de Curso da edi&ccedil;&atilde;o 2022\/2023<\/b>&nbsp;do Pr&ecirc;mio TCC\/IC Tecnologia em Geossint&eacute;ticos &ldquo;Benedito de Souza Bueno&rdquo;.<\/span><\/span><\/span><\/span><\/span><\/span><\/span><\/span><\/span><\/span><\/span><\/span><\/span><\/span><\/span><\/span><\/span><\/span><\/span><\/p>\r\n\r\n<p class=\"MsoTitle\" style=\"text-align:justify; margin-bottom:20px\">&nbsp;<\/p>\r\n\r\n<p class=\"MsoTitle\" style=\"text-align:justify; margin-bottom:20px\"><span style=\"font-size:18px\"><span style=\"box-sizing:border-box\"><span style=\"line-height:1.5\"><span style=\"color:#313f48\"><span style=\"font-family:&quot;Roboto Condensed&quot;, Helvetica, Arial, sans-serif\"><span style=\"font-style:normal\"><span style=\"font-variant-ligatures:normal\"><span style=\"font-weight:400\"><span style=\"white-space:normal\"><span style=\"background-color:#ffffff\"><span style=\"text-decoration-thickness:initial\"><span style=\"text-decoration-style:initial\"><span style=\"text-decoration-color:initial\">&nbsp;<\/span><\/span><\/span><\/span><\/span><\/span><\/span><\/span><\/span><\/span><\/span><\/span><\/span><span style=\"font-size:18px\"><span style=\"box-sizing:border-box\"><span style=\"line-height:1.5\"><span style=\"color:#313f48\"><span style=\"font-family:&quot;Roboto Condensed&quot;, Helvetica, Arial, sans-serif\"><span style=\"font-style:normal\"><span style=\"font-variant-ligatures:normal\"><span style=\"font-weight:400\"><span style=\"white-space:normal\"><span style=\"background-color:#ffffff\"><span style=\"text-decoration-thickness:initial\"><span style=\"text-decoration-style:initial\"><span style=\"text-decoration-color:initial\"><span style=\"font-size:18px\"><span style=\"box-sizing:border-box\"><span style=\"box-sizing:border-box\"><span style=\"box-sizing:border-box\"><span style=\"line-height:1.5\"><span style=\"box-sizing:border-box\"><span style=\"color:#313f48\"><span style=\"box-sizing:border-box\"><span style=\"font-family:&quot;Roboto Condensed&quot;, Helvetica, Arial, sans-serif\"><span style=\"box-sizing:border-box\"><span style=\"font-style:normal\"><span style=\"box-sizing:border-box\"><span style=\"font-variant-ligatures:normal\"><span style=\"box-sizing:border-box\"><span style=\"font-weight:400\"><span style=\"box-sizing:border-box\"><span style=\"white-space:normal\"><span style=\"box-sizing:border-box\"><span style=\"background-color:#ffffff\"><span style=\"box-sizing:border-box\"><span style=\"text-decoration-thickness:initial\"><span style=\"box-sizing:border-box\"><span style=\"text-decoration-style:initial\"><span style=\"box-sizing:border-box\"><span style=\"text-decoration-color:initial\"><span style=\"font-size:11pt\"><span style=\"box-sizing:border-box\"><span style=\"box-sizing:border-box\"><span style=\"box-sizing:border-box\"><span style=\"box-sizing:border-box\"><span style=\"line-height:16.8667px\"><span style=\"box-sizing:border-box\"><span style=\"box-sizing:border-box\"><span style=\"font-family:Calibri, sans-serif\"><b style=\"box-sizing:border-box; font-weight:bolder\"><span style=\"font-size:14pt\"><span style=\"box-sizing:border-box\"><span style=\"box-sizing:border-box\"><span style=\"box-sizing:border-box\"><span style=\"box-sizing:border-box\"><span style=\"line-height:21.4667px\"><span style=\"box-sizing:border-box\"><span style=\"box-sizing:border-box\"><span style=\"color:blue\"><img src=\"https:\/\/www.abint.org.br\/assets\/img\/editor\/congresso-internacional-abit-2023_202308151414212LkdNBSzdA.png\" style=\"box-sizing:border-box; border-style:none; width:500px; height:442px\" \/><\/span><\/span><\/span><\/span><\/span><\/span><\/span><\/span><\/span><\/b><\/span><\/span><\/span><\/span><\/span><\/span><\/span><\/span><\/span><\/span><\/span><\/span><\/span><\/span><\/span><\/span><\/span><\/span><\/span><\/span><\/span><\/span><\/span><\/span><\/span><\/span><\/span><\/span><\/span><\/span><\/span><\/span><\/span><\/span><\/span><\/span><\/span><\/span><\/span><\/span><\/span><\/span><\/span><\/span><\/span><\/span><\/span><\/p>\r\n\r\n<p style=\"text-align:justify; margin-bottom:20px\"><span style=\"font-size:18px\"><span style=\"box-sizing:border-box\"><span style=\"line-height:1.5\"><span style=\"color:#313f48\"><span style=\"font-family:&quot;Roboto Condensed&quot;, Helvetica, Arial, sans-serif\"><span style=\"font-style:normal\"><span style=\"font-variant-ligatures:normal\"><span style=\"font-weight:400\"><span style=\"white-space:normal\"><span style=\"background-color:#ffffff\"><span style=\"text-decoration-thickness:initial\"><span style=\"text-decoration-style:initial\"><span style=\"text-decoration-color:initial\"><span style=\"font-size:18px\"><span style=\"box-sizing:border-box\"><span style=\"box-sizing:border-box\"><span style=\"box-sizing:border-box\"><span style=\"line-height:1.5\"><span style=\"box-sizing:border-box\"><span style=\"color:#313f48\"><span style=\"box-sizing:border-box\"><span style=\"font-family:&quot;Roboto Condensed&quot;, Helvetica, Arial, sans-serif\"><span style=\"box-sizing:border-box\"><span style=\"font-style:normal\"><span style=\"box-sizing:border-box\"><span style=\"font-variant-ligatures:normal\"><span style=\"box-sizing:border-box\"><span style=\"font-weight:400\"><span style=\"box-sizing:border-box\"><span style=\"white-space:normal\"><span style=\"box-sizing:border-box\"><span style=\"background-color:#ffffff\"><span style=\"box-sizing:border-box\"><span style=\"text-decoration-thickness:initial\"><span style=\"box-sizing:border-box\"><span style=\"text-decoration-style:initial\"><span style=\"box-sizing:border-box\"><span style=\"text-decoration-color:initial\"><span style=\"font-size:11pt\"><span style=\"box-sizing:border-box\"><span style=\"box-sizing:border-box\"><span style=\"box-sizing:border-box\"><span style=\"box-sizing:border-box\"><span style=\"line-height:normal\"><span style=\"box-sizing:border-box\"><span style=\"box-sizing:border-box\"><span style=\"font-family:Calibri, sans-serif\"><b style=\"box-sizing:border-box; font-weight:bolder\"><span style=\"font-size:14pt\"><span style=\"box-sizing:border-box\"><span style=\"box-sizing:border-box\">A ABINT &eacute; uma das patrocinadoras do Congresso Internacional ABIT 2023,&nbsp;<\/span><\/span><\/span><\/b><span style=\"font-size:14pt\"><span style=\"box-sizing:border-box\"><span style=\"box-sizing:border-box\">que ocorrer&aacute;<b style=\"box-sizing:border-box; font-weight:bolder\">&nbsp;dias 08 e 09 de novembro, na FIESC, Florian&oacute;polis, SC.&nbsp;<\/b><\/span><\/span><\/span><\/span><\/span><\/span><\/span><\/span><\/span><span style=\"box-sizing:border-box\"><span style=\"box-sizing:border-box\"><span style=\"line-height:16.8667px\"><span style=\"box-sizing:border-box\"><span style=\"box-sizing:border-box\"><span style=\"font-family:Calibri, sans-serif\"><a href=\"https:\/\/t.rdsv1.net\/ls\/click?upn=LFSWB5boDXSqxt4eHgA5r3YUv3HG6yY4XTXT-2BpjEpFmt56yR61Gu09ER-2Bq95-2FgFAbN46ClwLMWPZzveVybfat1CKHOKhUUtOIVaFgsR5U28dlEKVouFrV1iSMaKnlWHCANmwKiZ4x1Oy9BDRL5tuTGPXgO91zEc1uo-2FbtPYQFm3y4fMGnbuiV3FEKs9g9uy1l2sL_iW8zc4KBvTUX2z9kws1M6pjQI9DpNNh-2Fk6fgMN4DbaFx-2BL1o5swSv2HtiLB2iGFhqxZ0654f80VOIjakRycDjcrdu1MF6BdTRc4d4wYs0wcxXXPsRygypvnzeOAhjjgiEkGX1jMsv1FD9IiN0mt5TiPA-2F-2FcYbMJqgkOyyeRxcI4izBTlMz4tYAchHCwHneJZvJXH0y9HeVp67XkJynQGH21X32t2y1CeSaYEq0zVO-2BnyLK4mDGipKkH-2FZQCwU2MKfdHIIgVMZzvyz5G5cXFeOFC58YiNyn2cnMPO14gymNMfyWFH-2BHHlC3b47l7V1Qmqxs4es-2BeyjBwNpbTVF3mKTVfvVN8KGLr0cqLDBhDLHrW7KPcTfpWgS5gfvWdAKEPOEmZKoo4k2kAi0PFh6jxFYAV2tXcAZfbY2kx8RXrY81D1SMCEBW0alhXBRKfUMvljxKCVojmlXya75YoxeWm0PKiSpaikvnyQHb1SYVAvooBBGQr8kVTT7gfi2jpYOB7Yz3v8ovwiOQwMF4kMzI4BGg58Stg7NIyaStQsDmhOsSp6GMNA3SG1UPw-2Fljh3rhjS-2BFt0EiGPe9cI33b9n1X0Y0ud-2BOFmeXkp5V9mMyq0eViPM4g6fXMuiRQFG1Lhn1lb5TsAtW9vCVxHdYrOB-2F6cV4-2FiOK5JwicsxDApwdvwvys-3D\" style=\"box-sizing:border-box; text-decoration:underline; color:blue; transition:color 0.3s ease 0s; outline-width:0px\"><span style=\"font-size:14pt\"><span style=\"box-sizing:border-box\"><span style=\"box-sizing:border-box\"><span style=\"box-sizing:border-box\"><span style=\"box-sizing:border-box\"><span style=\"line-height:21.4667px\">Informa&ccedil;&otilde;es<\/span><\/span><\/span><\/span><\/span><\/span><\/a><\/span><\/span><\/span><\/span><\/span><\/span><\/span><\/span><\/span><\/span><\/span><\/span><\/span><\/span><\/span><\/span><\/span><\/span><\/span><\/span><\/span><\/span><\/span><\/span><\/span><\/span><\/span><\/span><\/span><\/span><\/span><\/span><\/span><\/span><\/span><\/span><\/span><\/span><\/span><\/span><\/span><\/span><\/span><\/span><\/span><\/span><\/span><\/p>\r\n\r\n<p style=\"text-align:justify\"><span style=\"font-size:11pt\"><span style=\"line-height:normal\"><span style=\"font-family:Calibri,sans-serif\"><b><span style=\"font-size:18.0pt\"><span style=\"font-variant:small-caps\">Eventos<\/span><\/span><\/b><\/span><\/span><\/span><\/p>\r\n\r\n<p style=\"text-align:justify\">&nbsp;<\/p>\r\n\r\n<p style=\"text-align:justify\"><span style=\"font-size:11pt\"><span style=\"line-height:normal\"><span style=\"font-family:Calibri,sans-serif\"><b><span style=\"font-size:14.0pt\">FIMMA BRASIL - Feira Internacional de Fornecedores da Cadeia Produtiva Madeira e M&oacute;veis<\/span><\/b><span style=\"font-size:14.0pt\">, 28 a 31 de agosto de 2023, das 10h &agrave;s 19h, Bento Gon&ccedil;alves, RS. <\/span><a href=\"https:\/\/fimma.com.br\/\" style=\"color:blue; text-decoration:underline\"><span style=\"font-size:14.0pt\">Informa&ccedil;&otilde;es<\/span><\/a> <\/span><\/span><\/span><\/p>\r\n\r\n<p style=\"text-align:justify\"><span style=\"font-size:11pt\"><span style=\"line-height:normal\"><span style=\"font-family:Calibri,sans-serif\"><b><span style=\"font-size:14.0pt\">NasceCME | 2&ordf; parte da live | A import&acirc;ncia da Pesquisa sobre a CMEs do Brasil e os Profissionais do setor<\/span><\/b><span style=\"font-size:14.0pt\">, 29 de agosto de 2023, <\/span><a href=\"https:\/\/www.youtube.com\/watch?v=h1hGYFamqVU\" style=\"color:blue; text-decoration:underline\"><span style=\"font-size:14.0pt\">YouTube da NasceCME<\/span><\/a><\/span><\/span><\/span><\/p>\r\n\r\n<p style=\"text-align:justify\"><span style=\"font-size:11pt\"><span style=\"line-height:normal\"><span style=\"font-family:Calibri,sans-serif\"><b><span style=\"font-size:14.0pt\">Workshop Abit | Bloco K 2024 - Obrigatoriedade e Implica&ccedil;&otilde;es Operacionais<\/span><\/b><span style=\"font-size:14.0pt\">, 06 de setembro de 2023, 09h30 &agrave;s 11h00, evento online. <\/span><a href=\"https:\/\/app.rdstation.email\/mail\/0fb2830d-08b6-4ae3-81b4-b161ab0c587e?utm_campaign=convite_workshop_bloco_k&amp;utm_medium=email&amp;utm_source=RD+Station\" style=\"color:blue; text-decoration:underline\"><span style=\"font-size:14.0pt\">Informa&ccedil;&otilde;es<\/span><\/a> <\/span><\/span><\/span><\/p>\r\n\r\n<p style=\"text-align:justify\"><span style=\"font-size:11pt\"><span style=\"line-height:normal\"><span style=\"font-family:Calibri,sans-serif\"><b><span style=\"font-size:14.0pt\">22&ordf; FEBRAVA - Feira Internacional de Refrigera&ccedil;&atilde;o, Ar-Condicionado, Ventila&ccedil;&atilde;o, Aquecimento, Tratamento de Ar e de &Aacute;guas<\/span><\/b><span style=\"font-size:14.0pt\">, 12 a 15 de setembro de 2023, S&atilde;o Paulo Expo. <\/span><a href=\"https:\/\/www.febrava.com.br\/pt-br.html\" style=\"color:blue; text-decoration:underline\"><span style=\"font-size:14.0pt\">Informa&ccedil;&otilde;es<\/span><\/a> <\/span><\/span><\/span><\/p>\r\n\r\n<p style=\"text-align:justify\"><span style=\"font-size:11pt\"><span style=\"line-height:normal\"><span style=\"font-family:Calibri,sans-serif\"><b><span style=\"font-size:14.0pt\">18&ordm; CONBRAVA &ndash; Congresso Brasileiro de Refrigera&ccedil;&atilde;o, Ar-Condicionado, Ventila&ccedil;&atilde;o, Aquecimento e Tratamento de Ar | &ldquo;AVACR rumo ao um futuro sustent&aacute;vel e saud&aacute;vel&rdquo;, <\/span><\/b><span style=\"font-size:14.0pt\">13 a 15 de setembro de 2023, S&atilde;o Paulo Expo, SP. <\/span><a href=\"http:\/\/conbrava.comercial.ws\/site\/\" style=\"color:blue; text-decoration:underline\"><span style=\"font-size:14.0pt\">Informa&ccedil;&otilde;es<\/span><\/a> <\/span><\/span><\/span><\/p>\r\n\r\n<p style=\"text-align:justify\"><span style=\"font-size:11pt\"><span style=\"line-height:normal\"><span style=\"font-family:Calibri,sans-serif\"><b><span style=\"font-size:14.0pt\">Workshop Abit | O Seguro como Prote&ccedil;&atilde;o &agrave;s Perdas Patrimoniais<\/span><\/b><span style=\"font-size:14.0pt\">, 19 de setembro de 2023, 09h30 &agrave;s 11h00. <\/span><a href=\"https:\/\/produtos.institutoabit.org.br\/prod\/b43a9ccc-dcf2-40d2-af32-7b0273ceebce?utm_campaign=convite_workshop_seguranca_patrimonial_2809&amp;utm_medium=email&amp;utm_source=RD+Station\" style=\"color:blue; text-decoration:underline\"><span style=\"font-size:14.0pt\">Informa&ccedil;&otilde;es<\/span><\/a> <\/span><\/span><\/span><\/p>\r\n\r\n<p style=\"text-align:justify\"><span style=\"font-size:11pt\"><span style=\"line-height:normal\"><span style=\"font-family:Calibri,sans-serif\"><b><span style=\"font-size:14.0pt\">Abiplast\/Sindiplast &amp; Pl&aacute;sticos em Revista | 13&ordm; Semin&aacute;rio Competitividade<\/span><\/b><span style=\"font-size:14.0pt\">, 19 de setembro de 2023, Hotel Meli&aacute;, Av. Paulista, 2181. <\/span><a href=\"https:\/\/plasticosemrevista.com.br\/competitividade-2023-inscricao\/\" style=\"color:blue; text-decoration:underline\"><span style=\"font-size:14.0pt\">Informa&ccedil;&otilde;es<\/span><\/a> <\/span><\/span><\/span><\/p>\r\n\r\n<p style=\"text-align:justify\"><span style=\"font-size:11pt\"><span style=\"line-height:normal\"><span style=\"font-family:Calibri,sans-serif\"><b><span style=\"font-size:14.0pt\">NasceCME | Conale 2023 - 5&ordf; Edi&ccedil;&atilde;o: Multici&ecirc;ncia e o Estado da Arte nos Processos de Limpeza e Esteriliza&ccedil;&atilde;o<\/span><\/b><span style=\"font-size:14.0pt\">, 23 e 24 de setembro, evento online. <\/span><a href=\"http:\/\/nascecme.com.br\/programa-conale-2023\/\" style=\"color:blue; text-decoration:underline\"><span style=\"font-size:14.0pt\">Programa&ccedil;&atilde;o<\/span><\/a> <\/span><\/span><\/span><\/p>\r\n\r\n<p style=\"text-align:justify\"><span style=\"font-size:11pt\"><span style=\"line-height:normal\"><span style=\"font-family:Calibri,sans-serif\"><b><span style=\"font-size:14.0pt\">CNI\/ SEBRAE | 10&ordm; Congresso Internacional da Inova&ccedil;&atilde;o da Ind&uacute;stria<\/span><\/b><span style=\"font-size:14.0pt\">, 27 e 28 de setembro de 2023, S&atilde;o Paulo Expo.<\/span> <a href=\"https:\/\/www.congressodeinovacao.com.br\/?utm_source=comext&amp;utm_medium=email&amp;utm_campaign=eventos&amp;utm_content=id00053#msdynttrid=gg5jXwSFR7qM4vHH2tKGau3cTwSFDneTjMUhrcPg7vE\" style=\"color:blue; text-decoration:underline\"><span style=\"font-size:14.0pt\">Informa&ccedil;&otilde;es<\/span><\/a> <\/span><\/span><\/span><\/p>\r\n\r\n<p style=\"text-align:justify\"><span style=\"font-size:11pt\"><span style=\"line-height:normal\"><span style=\"font-family:Calibri,sans-serif\"><b><span style=\"font-size:14.0pt\">Semin&aacute;rio Abiquim de Tecnologia e Inova&ccedil;&atilde;o 2023, <\/span><\/b><span style=\"font-size:14.0pt\">05 de outubro de 2023, 08h30 &agrave;s 17h30, evento presencial, S&atilde;o Paulo, SP.<\/span><\/span><\/span><\/span><\/p>\r\n\r\n<p style=\"text-align:justify\"><span style=\"font-size:11pt\"><span style=\"line-height:normal\"><span style=\"font-family:Calibri,sans-serif\"><b><span style=\"font-size:14.0pt\">FiltXPO&trade; 2023<\/span><\/b><span class=\"MsoHyperlink\" style=\"color:blue\"><span style=\"text-decoration:underline\"><span style=\"font-size:14.0pt\"><span style=\"text-decoration:none\"><span style=\"text-underline:none\">, <\/span><\/span><\/span><\/span><\/span><span style=\"font-size:14.0pt\">October 10-12, 2023 at Navy Pier in Chicago, Illinois<\/span><span class=\"MsoHyperlink\" style=\"color:blue\"><span style=\"text-decoration:underline\"><span style=\"font-size:14.0pt\"><span style=\"text-decoration:none\"><span style=\"text-underline:none\">. <\/span><\/span><\/span><\/span><\/span><a href=\"https:\/\/www.filtxpo.com\/\" style=\"color:blue; text-decoration:underline\"><span style=\"font-size:14.0pt\">Informa&ccedil;&otilde;es<\/span><\/a> <\/span><\/span><\/span><\/p>\r\n\r\n<p style=\"text-align:justify\"><span style=\"font-size:11pt\"><span style=\"line-height:normal\"><span style=\"font-family:Calibri,sans-serif\"><b><span style=\"font-size:14.0pt\">CONAHP 2023<\/span><\/b><span style=\"font-size:14.0pt\">, 18 e 19 de outubro, Transamerica Expo Center, S&atilde;o Paulo, SP. <\/span><a href=\"https:\/\/conahp.org.br\/2023\/\" style=\"color:blue; text-decoration:underline\"><span style=\"font-size:14.0pt\">Informa&ccedil;&otilde;es<\/span><\/a> <\/span><\/span><\/span><\/p>\r\n\r\n<p style=\"text-align:justify\"><span style=\"font-size:11pt\"><span style=\"line-height:normal\"><span style=\"font-family:Calibri,sans-serif\"><b><span style=\"font-size:14.0pt\">V Congreso Sudamericano de Composites, Poliuretano y Pl&aacute;sticos de Ingenier&iacute;a, <\/span><\/b><span style=\"font-size:14.0pt\">24 e 25 de outubro de 2023, Bogot&aacute;, Col&ocirc;mbia. <\/span><a href=\"http:\/\/www.congresosudamericano.com\/blog.html\" style=\"color:blue; text-decoration:underline\"><span style=\"font-size:14.0pt\">Informa&ccedil;&otilde;es<\/span><\/a> <\/span><\/span><\/span><\/p>\r\n\r\n<p style=\"text-align:justify\"><span style=\"font-size:11pt\"><span style=\"line-height:normal\"><span style=\"font-family:Calibri,sans-serif\"><b><span style=\"font-size:14.0pt\">FEIPLAR COMPOSITES &amp; FEIPUR | Pain&eacute;is Setoriais 2023<\/span><\/b><span style=\"font-size:14.0pt\">, 24, 25 e 26 de outubro de 2023. <\/span><a href=\"http:\/\/newsletter.feiplar.com.br\/accounts\/184158\/messages\/30?email=abint@abint.org.br&amp;c=1693235815&amp;contact_id=3458&amp;envelope_id=21\" style=\"color:blue; text-decoration:underline\"><span style=\"font-size:14.0pt\">Informa&ccedil;&otilde;es<\/span><\/a> <\/span><\/span><\/span><\/p>\r\n\r\n<p style=\"text-align:justify\"><span style=\"font-size:11pt\"><span style=\"line-height:normal\"><span style=\"font-family:Calibri,sans-serif\"><b><span style=\"font-size:14.0pt\">Abrafiltros | 2&ordm; Semin&aacute;rio Brasileiro de Filtros<\/span><\/b><span style=\"font-size:14.0pt\">, 08 de novembro de 2023.<\/span><\/span><\/span><\/span><\/p>\r\n\r\n<p style=\"text-align:justify\"><span style=\"font-size:11pt\"><span style=\"line-height:normal\"><span style=\"font-family:Calibri,sans-serif\"><b><span style=\"font-size:14.0pt\">Industry CCUS 2023,<\/span><\/b> <span style=\"font-size:14.0pt\">29-30 November, Rotterdam, Netherlands.<\/span> <a href=\"https:\/\/fortesmedia.com\/industry-ccus-conference-2023,4,en,2,1,28.html#register\" style=\"color:blue; text-decoration:underline\"><span style=\"font-size:14.0pt\">Informa&ccedil;&otilde;es<\/span><\/a>  <\/span><\/span><\/span><\/p>\r\n\r\n<p style=\"text-align:justify\"><span style=\"font-size:11pt\"><span style=\"line-height:normal\"><span style=\"font-family:Calibri,sans-serif\"><b><span style=\"font-size:14.0pt\">FEIPLAR COMPOSITES &amp; FEIPUR &ndash; Feira e Congresso Internacionais de Composites, Poliuretano, Pl&aacute;sticos de Engenharia e Compostos Termopl&aacute;sticos<\/span><\/b><span style=\"font-size:14.0pt\">, 20 a 22 de agosto de 2024, S&atilde;o Paulo Expo (Pavilh&atilde;o 5), palestras: das 8h30 &agrave;s 18h, feira: das 13h &agrave;s 20h.<b> <\/b><\/span><a href=\"http:\/\/www.feiplar.com\" style=\"color:blue; text-decoration:underline\"><span style=\"font-size:14.0pt\">www.feiplar.com<\/span><\/a> <\/span><\/span><\/span><\/p>\r\n\r\n<p style=\"text-align:justify\"><span style=\"font-size:28pt\"><span style=\"font-family:Cambria,serif\"><span style=\"letter-spacing:-0.5pt\"><b><span style=\"font-size:18.0pt\"><span style=\"font-family:&quot;Calibri&quot;,sans-serif\"><span style=\"font-variant:small-caps\">Setor<\/span><\/span><\/span><\/b><\/span><\/span><\/span><\/p>\r\n\r\n<p style=\"text-align:justify\"><span style=\"font-size:11pt\"><span style=\"line-height:normal\"><span style=\"font-family:Calibri,sans-serif\"><a href=\"https:\/\/blogdoplastico.wordpress.com\/2023\/08\/25\/demanda-por-resinas-termoplasticas-cresce-18-no-1o-trimestre-de-2023\/\" style=\"color:blue; text-decoration:underline\"><span style=\"font-size:14.0pt\">Demanda por resinas termopl&aacute;sticas cresce 1,8% no 1&ordm; trimestre de 2023<\/span><\/a><\/span><\/span><\/span><\/p>\r\n\r\n<p style=\"text-align:justify\"><span style=\"font-size:11pt\"><span style=\"line-height:normal\"><span style=\"font-family:Calibri,sans-serif\"><a href=\"https:\/\/ojornalextra.com.br\/noticias\/alagoas\/2023\/08\/94737-arabes-sao-favoritos-da-novonor-para-comprar-braskem-diz-site\" style=\"color:blue; text-decoration:underline\"><span style=\"font-size:14.0pt\">&Aacute;rabes s&atilde;o favoritos da Novonor para comprar Braskem, diz site<\/span><\/a><\/span><\/span><\/span><\/p>\r\n\r\n<p style=\"text-align:justify\"><span style=\"font-size:11pt\"><span style=\"line-height:normal\"><span style=\"font-family:Calibri,sans-serif\"><a href=\"https:\/\/www.plastico.com.br\/polipropileno-aplicacoes-e-reciclagem-sao-vantagens-da-resina\/?utm_campaign=newsletter_plastico_-_agosto_2023&amp;utm_medium=email&amp;utm_source=RD+Station\" style=\"color:blue; text-decoration:underline\"><span style=\"font-size:14.0pt\">Polipropileno: Aplica&ccedil;&otilde;es e reciclagem s&atilde;o vantagens da resina<\/span><\/a><\/span><\/span><\/span><\/p>\r\n\r\n<p style=\"text-align:justify\"><span style=\"font-size:11pt\"><span style=\"line-height:normal\"><span style=\"font-family:Calibri,sans-serif\"><a href=\"https:\/\/www.innovationintextiles.com\/nonwovens\/future-focus-for-nonwovens-network\/\" style=\"color:blue; text-decoration:underline\"><span style=\"font-size:14.0pt\">Future focus for Nonwovens Network<\/span><\/a><\/span><\/span><\/span><\/p>\r\n\r\n<p style=\"text-align:justify\"><span style=\"font-size:11pt\"><span style=\"line-height:normal\"><span style=\"font-family:Calibri,sans-serif\"><a href=\"https:\/\/exclusivo.com.br\/_conteudo\/negocios\/2023\/08\/21\/nove-em-cada-dez-pares-de-calcados-produzidos-no-mundo-tem-como-origem-a-asia.html\" style=\"color:blue; text-decoration:underline\"><span style=\"font-size:14.0pt\">Nove em cada dez pares de cal&ccedil;ados produzidos no mundo t&ecirc;m como origem a &Aacute;sia<\/span><\/a><\/span><\/span><\/span><\/p>\r\n\r\n<p style=\"text-align:justify\"><span style=\"font-size:11pt\"><span style=\"line-height:normal\"><span style=\"font-family:Calibri,sans-serif\"><a href=\"https:\/\/exclink.exclusivo.com.br\/cl\/PQQQa\/E6A\/e659\/LCFJkUKAOaB\/BLUJ\/Mf6kkw-ZpCR\/2\/\" style=\"color:blue; text-decoration:underline\"><span style=\"font-size:14.0pt\">Setor coureiro-cal&ccedil;adista mant&eacute;m receio de investir na compra de novas m&aacute;quinas<\/span><\/a><\/span><\/span><\/span><\/p>\r\n\r\n<p style=\"text-align:justify\"><span style=\"font-size:11pt\"><span style=\"line-height:normal\"><span style=\"font-family:Calibri,sans-serif\"><a href=\"https:\/\/plasticosemrevista.com.br\/pvc-mercado-na-expectativa-de-volta-por-cima\/\" style=\"color:blue; text-decoration:underline\"><span style=\"font-size:14.0pt\">PVC: mercado na expectativa de volta por cima<\/span><\/a><\/span><\/span><\/span><\/p>\r\n\r\n<p style=\"text-align:justify\"><span style=\"font-size:11pt\"><span style=\"line-height:normal\"><span style=\"font-family:Calibri,sans-serif\"><a href=\"https:\/\/www.meiofiltrante.com.br\/Artigo\/6059\/tecidos-e-feltros-para-filtracao-industrial-solido-liquido-solido-ar-e-solido-gas--\" style=\"color:blue; text-decoration:underline\"><span style=\"font-size:14.0pt\">Tecidos e feltros para filtra&ccedil;&atilde;o industrial s&oacute;lido-l&iacute;quido, s&oacute;lido-ar e s&oacute;lido-g&aacute;s<\/span><\/a><\/span><\/span><\/span><\/p>\r\n\r\n<p style=\"text-align:justify\"><span style=\"font-size:28pt\"><span style=\"font-family:Cambria,serif\"><span style=\"letter-spacing:-0.5pt\"><b><span style=\"font-size:18.0pt\"><span style=\"font-family:&quot;Calibri&quot;,sans-serif\"><span style=\"font-variant:small-caps\">Ind&uacute;stria<\/span><\/span><\/span><\/b><\/span><\/span><\/span><\/p>\r\n\r\n<p style=\"text-align:justify\"><span style=\"font-size:11pt\"><span style=\"line-height:normal\"><span style=\"font-family:Calibri,sans-serif\"><a href=\"https:\/\/noticias.portaldaindustria.com.br\/noticias\/economia\/12-setores-da-industria-afirmam-que-baixa-demanda-interna-e-o-seu-principal-problema-diz-cni\/\" style=\"color:blue; text-decoration:underline\"><span style=\"font-size:14.0pt\">12 setores da ind&uacute;stria afirmam que baixa demanda interna &eacute; o seu principal problema, diz CNI<\/span><\/a><\/span><\/span><\/span><\/p>\r\n\r\n<p style=\"text-align:justify\"><span style=\"font-size:11pt\"><span style=\"line-height:normal\"><span style=\"font-family:Calibri,sans-serif\"><a href=\"https:\/\/noticias.portaldaindustria.com.br\/noticias\/competitividade\/produtividade-na-industria-cai-e-volta-ao-patamar-de-2014\/\" style=\"color:blue; text-decoration:underline\"><span style=\"font-size:14.0pt\">Produtividade na ind&uacute;stria cai e volta ao patamar de 2014<\/span><\/a><\/span><\/span><\/span><\/p>\r\n\r\n<p style=\"text-align:justify\"><span style=\"font-size:11pt\"><span style=\"line-height:normal\"><span style=\"font-family:Calibri,sans-serif\"><a href=\"https:\/\/noticias.portaldaindustria.com.br\/noticias\/economia\/23-de-29-setores-da-industria-se-dizem-confiantes-em-agosto\/\" style=\"color:blue; text-decoration:underline\"><span style=\"font-size:14.0pt\">23 de 29 setores da ind&uacute;stria se dizem confiantes em agosto<\/span><\/a><\/span><\/span><\/span><\/p>\r\n\r\n<p style=\"text-align:justify\"><span style=\"font-size:11pt\"><span style=\"line-height:normal\"><span style=\"font-family:Calibri,sans-serif\"><a href=\"https:\/\/www.gov.br\/mdic\/pt-br\/assuntos\/noticias\/2023\/agosto\/industria-quimica-brasileira-volta-a-ter-regime-especial-de-tributacao\" style=\"color:blue; text-decoration:underline\"><span style=\"font-size:14.0pt\">Ind&uacute;stria qu&iacute;mica brasileira volta a ter regime especial de tributa&ccedil;&atilde;o<\/span><\/a><\/span><\/span><\/span><\/p>\r\n\r\n<p style=\"text-align:justify\"><span style=\"font-size:11pt\"><span style=\"line-height:normal\"><span style=\"font-family:Calibri,sans-serif\"><a href=\"https:\/\/www.meiofiltrante.com.br\/Artigo\/6057\/abrafiltros-completa-17-anos-de-atividades-voltadas-ao-desenvolvimento-do-setor-de-filtracao\" style=\"color:blue; text-decoration:underline\"><span style=\"font-size:14.0pt\">Abrafiltros completa 17 anos de atividades voltadas ao desenvolvimento do setor de filtra&ccedil;&atilde;o<\/span><\/a><\/span><\/span><\/span><\/p>\r\n\r\n<p style=\"text-align:justify\"><span style=\"font-size:28pt\"><span style=\"font-family:Cambria,serif\"><span style=\"letter-spacing:-0.5pt\"><b><span style=\"font-size:18.0pt\"><span style=\"font-family:&quot;Calibri&quot;,sans-serif\"><span style=\"font-variant:small-caps\">Sustentabilidade<\/span><\/span><\/span><\/b><\/span><\/span><\/span><\/p>\r\n\r\n<p style=\"text-align:justify\"><span style=\"font-size:11pt\"><span style=\"line-height:normal\"><span style=\"font-family:Calibri,sans-serif\"><a href=\"https:\/\/www.inovacaotecnologica.com.br\/noticias\/noticia.php?artigo=copos-canudos-papel-nao-cumprem-promessa-contem-quimicos-perigosos&amp;id=010125230825&amp;ebol=sim\" style=\"color:blue; text-decoration:underline\"><span style=\"font-size:14.0pt\">Copos e canudos de papel s&atilde;o t&atilde;o t&oacute;xicos quanto os de pl&aacute;stico<\/span><\/a><\/span><\/span><\/span><\/p>\r\n\r\n<p style=\"text-align:justify\"><span style=\"font-size:11pt\"><span style=\"line-height:normal\"><span style=\"font-family:Calibri,sans-serif\"><a href=\"https:\/\/www.plastico.com.br\/economia-circular-pressao-exige-avancos-dos-fornecedores\/\" style=\"color:blue; text-decoration:underline\"><span style=\"font-size:14.0pt\">Economia circular: Press&atilde;o exige avan&ccedil;os dos fornecedores<\/span><\/a><\/span><\/span><\/span><\/p>\r\n\r\n<p style=\"text-align:justify\"><span style=\"font-size:11pt\"><span style=\"line-height:normal\"><span style=\"font-family:Calibri,sans-serif\"><a href=\"https:\/\/epbr.com.br\/entenda-o-que-e-o-ajuste-de-fronteira-de-carbono-cbam-da-ue-e-o-impacto-para-o-brasil\/?utm_source=newsletters+epbr&amp;utm_campaign=ca6e593b19-epbr-comece-seu-dia_COPY_01&amp;utm_medium=email&amp;utm_term=0_5931171aac-ca6e593b19-466362780\" style=\"color:blue; text-decoration:underline\"><span style=\"font-size:14.0pt\">Entenda o que &eacute; o CBAM da UE e qual o impacto para o Brasil<\/span><\/a><\/span><\/span><\/span><\/p>\r\n\r\n<p style=\"text-align:justify\"><span style=\"font-size:11pt\"><span style=\"line-height:normal\"><span style=\"font-family:Calibri,sans-serif\"><a href=\"https:\/\/apexbrasil.com.br\/content\/apexbrasil\/br\/pt\/conteudo\/noticias\/Barreiras-Tecnicas-ao-Comercio-Internacional-e-a-Sustentabilidade-Ambiental.html#msdynttrid=-2s6fUD_k2g-LeAIwbo2DpsVp3Dd-HxDnsmZzCc-MYY\" style=\"color:blue; text-decoration:underline\"><span style=\"font-size:14.0pt\">Barreiras T&eacute;cnicas ao Com&eacute;rcio Internacional e a Sustentabilidade Ambiental<\/span><\/a><\/span><\/span><\/span><\/p>\r\n\r\n<p style=\"text-align:justify\"><span style=\"font-size:11pt\"><span style=\"line-height:normal\"><span style=\"font-family:Calibri,sans-serif\"><a href=\"https:\/\/ciclovivo.com.br\/planeta\/meio-ambiente\/mais-de-60-organizacoes-lancam-campanha-contra-poluicao-por-plastico\/\" style=\"color:blue; text-decoration:underline\"><span style=\"font-size:14.0pt\">Mais de 60 organiza&ccedil;&otilde;es lan&ccedil;am campanha contra polui&ccedil;&atilde;o por pl&aacute;stico<\/span><\/a><\/span><\/span><\/span><\/p>\r\n\r\n<p style=\"text-align:justify\"><span style=\"font-size:28pt\"><span style=\"font-family:Cambria,serif\"><span style=\"letter-spacing:-0.5pt\"><b><span style=\"font-size:18.0pt\"><span style=\"font-family:&quot;Calibri&quot;,sans-serif\"><span style=\"font-variant:small-caps\">Inova&ccedil;&atilde;o<\/span><\/span><\/span><\/b><\/span><\/span><\/span><\/p>\r\n\r\n<p style=\"text-align:justify\"><span style=\"font-size:11pt\"><span style=\"line-height:normal\"><span style=\"font-family:Calibri,sans-serif\"><a href=\"https:\/\/www.meiofiltrante.com.br\/Artigo\/6060\/ultrafiltracao-remove-microplasticos-300-vezes-menores-da-agua\" style=\"color:blue; text-decoration:underline\"><span style=\"font-size:14.0pt\">Ultrafiltra&ccedil;&atilde;o remove micropl&aacute;sticos 300 vezes menores da &aacute;gua<\/span><\/a><\/span><\/span><\/span><\/p>\r\n\r\n<p style=\"text-align:justify\"><span style=\"font-size:11pt\"><span style=\"line-height:normal\"><span style=\"font-family:Calibri,sans-serif\"><a href=\"https:\/\/www.inovacaotecnologica.com.br\/noticias\/noticia.php?artigo=filtro-bagaco-cana-consegue-eliminar-agrotoxico-agua-contaminada-glifosato&amp;id=010125230823&amp;ebol=sim\" style=\"color:blue; text-decoration:underline\"><span style=\"font-size:14.0pt\">Filtro de baga&ccedil;o de cana elimina agrot&oacute;xico de &aacute;gua contaminada<\/span><\/a><\/span><\/span><\/span><\/p>\r\n\r\n<p style=\"text-align:justify\"><span style=\"font-size:11pt\"><span style=\"line-height:normal\"><span style=\"font-family:Calibri,sans-serif\"><a href=\"https:\/\/plasticosemrevista.com.br\/inteligencia-artificial-espreita-triagem-previa-de-residuos-reciclaveis\/\" style=\"color:blue; text-decoration:underline\"><span style=\"font-size:14.0pt\">Intelig&ecirc;ncia artificial espreita triagem pr&eacute;via de res&iacute;duos recicl&aacute;veis<\/span><\/a><\/span><\/span><\/span><\/p>\r\n\r\n<p style=\"text-align:justify\"><span style=\"font-size:28pt\"><span style=\"font-family:Cambria,serif\"><span style=\"letter-spacing:-0.5pt\"><b><span style=\"font-size:18.0pt\"><span style=\"font-family:&quot;Calibri&quot;,sans-serif\"><span style=\"font-variant:small-caps\">Com&eacute;rcio Exterior<\/span><\/span><\/span><\/b><\/span><\/span><\/span><\/p>\r\n\r\n<p style=\"text-align:justify\"><span style=\"font-size:11pt\"><span style=\"line-height:normal\"><span style=\"font-family:Calibri,sans-serif\"><a href=\"https:\/\/noticias.portaldaindustria.com.br\/noticias\/leis-e-normas\/brasil-precisa-de-sistema-de-financiamento-a-exportacao-solido-para-retomada-do-crescimento-avalia-cni\/\" style=\"color:blue; text-decoration:underline\"><span style=\"font-size:14.0pt\">Brasil precisa de sistema de financiamento &agrave; exporta&ccedil;&atilde;o s&oacute;lido para retomar crescimento, diz CNI<\/span><\/a><\/span><\/span><\/span><\/p>\r\n\r\n<p style=\"text-align:justify\"><span style=\"font-size:11pt\"><span style=\"line-height:normal\"><span style=\"font-family:Calibri,sans-serif\"><a href=\"https:\/\/static.portaldaindustria.com.br\/media\/filer_public\/00\/61\/00617570-65a0-41c6-9f8a-b763b8800fa0\/ex_ipc_23-037_alteracao-de-regras-procedimentais-para-ex-tarifarios.pdf\" style=\"color:blue; text-decoration:underline\"><span style=\"font-size:14.0pt\">Altera&ccedil;&atilde;o de regras procedimentais para ex-tarif&aacute;rios<\/span><\/a><\/span><\/span><\/span><\/p>\r\n\r\n<p style=\"text-align:justify\"><span style=\"font-size:11pt\"><span style=\"line-height:normal\"><span style=\"font-family:Calibri,sans-serif\"><a href=\"https:\/\/portalibre.fgv.br\/system\/files\/2023-08\/ICOMEX_FGV_Press%20release_Agosto2023.pdf\" style=\"color:blue; text-decoration:underline\"><span style=\"font-size:14.0pt\">O cen&aacute;rio externo para o segundo semestre &eacute; menos favor&aacute;vel para as exporta&ccedil;&otilde;es<\/span><\/a><\/span><\/span><\/span><\/p>\r\n\r\n<p style=\"text-align:justify\"><span style=\"font-size:11pt\"><span style=\"line-height:normal\"><span style=\"font-family:Calibri,sans-serif\"><a href=\"https:\/\/economia.uol.com.br\/noticias\/estadao-conteudo\/2023\/08\/22\/fgv-brasil-tem-superavit-recorde-no-ano-mas-argentina-e-china-afetam-2-semestre-diz-icomex.htm\" style=\"color:blue; text-decoration:underline\"><span style=\"font-size:14.0pt\">FGV: Brasil tem super&aacute;vit recorde no ano, mas Argentina e China afetam 2&ordm; semestre, diz Icomex<\/span><\/a><\/span><\/span><\/span><\/p>\r\n\r\n<p style=\"text-align:justify\"><span style=\"font-size:28pt\"><span style=\"font-family:Cambria,serif\"><span style=\"letter-spacing:-0.5pt\"><b><span style=\"font-size:18.0pt\"><span style=\"font-family:&quot;Calibri&quot;,sans-serif\"><span style=\"font-variant:small-caps\">Economia<\/span><\/span><\/span><\/b><\/span><\/span><\/span><\/p>\r\n\r\n<p style=\"text-align:justify\"><span style=\"font-size:11pt\"><span style=\"line-height:normal\"><span style=\"font-family:Calibri,sans-serif\"><a href=\"https:\/\/www.bcb.gov.br\/content\/focus\/focus\/R20230825.pdf\" style=\"color:blue; text-decoration:underline\"><span style=\"font-size:14.0pt\">Focus &ndash; Relat&oacute;rio de Mercado<\/span><\/a><\/span><\/span><\/span><\/p>\r\n\r\n<p style=\"text-align:justify\"><span style=\"font-size:11pt\"><span style=\"line-height:normal\"><span style=\"font-family:Calibri,sans-serif\"><a href=\"https:\/\/www.businessinsider.com\/china-xi-jinping-hiding-bad-data-economy-debt-real-estate-2023-8?utm_medium=newsletter&amp;email=abint%40abint.org.br&amp;x=50c7dfe42c38ea8f10539f0a167fc763253059e495554a32db7a57f8f237ec4c&amp;utm_source=Sailthru&amp;utm_campaign=Insider%20Today%2C%20August%2029%2C%202023&amp;utm_term=INSIDER%20TODAY%20SEND%20LIST%20-%20ALL%20ENGAGED\" style=\"color:blue; text-decoration:underline\"><span style=\"font-size:14.0pt\">China is doing everything it can to conceal the true extent of its economic turmoil<\/span><\/a><\/span><\/span><\/span><\/p>\r\n\r\n<p style=\"text-align:justify\"><span style=\"font-size:11pt\"><span style=\"line-height:normal\"><span style=\"font-family:Calibri,sans-serif\"><a href=\"https:\/\/portalibre.fgv.br\/noticias\/incerteza-economica-do-brasil-recua-e-esta-entre-dez-menores-dentre-21-paises\" style=\"color:blue; text-decoration:underline\"><span style=\"font-size:14.0pt\">Incerteza Econ&ocirc;mica do Brasil recua e est&aacute; entre as dez menores dentre 21 pa&iacute;ses<\/span><\/a><\/span><\/span><\/span><\/p>\r\n\r\n<p style=\"text-align:justify\"><span style=\"font-size:11pt\"><span style=\"line-height:normal\"><span style=\"font-family:Calibri,sans-serif\"><a href=\"https:\/\/portalibre.fgv.br\/system\/files\/2023-08\/Sondagem%20da%20Am%C3%A9rica%20Latina_FGV_Press%20Release_3%C2%BATri2023.pdf\" style=\"color:blue; text-decoration:underline\"><span style=\"font-size:14.0pt\">O Brasil lidera a melhora do Clima Econ&ocirc;mico na Am&eacute;rica Latina no 3&ordm; Trimestre<\/span><\/a><\/span><\/span><\/span><\/p>\r\n\r\n<p style=\"text-align:justify\"><span style=\"font-size:11pt\"><span style=\"line-height:normal\"><span style=\"font-family:Calibri,sans-serif\"><a href=\"https:\/\/www.moveisdevalor.com.br\/portal\/como-os-argentinos-ja-dolarizam-a-economia-por-conta-propria?source=news\" style=\"color:blue; text-decoration:underline\"><span style=\"font-size:14.0pt\">Como os argentinos j&aacute; dolarizam a economia por conta pr&oacute;pria<\/span><\/a><\/span><\/span><\/span><\/p>\r\n\r\n<p style=\"text-align:justify\"><span style=\"font-size:11pt\"><span style=\"line-height:normal\"><span style=\"font-family:Calibri,sans-serif\"><a href=\"https:\/\/www.fibre2fashion.com\/news\/textile-news\/eurozone-s-pmi-falls-to-47-0-in-aug-2023-lowest-since-nov-2020-289698-newsdetails.htm\" style=\"color:blue; text-decoration:underline\"><span style=\"font-size:14.0pt\">Eurozone&#39;s PMI falls to 47.0 in Aug 2023, lowest since Nov 2020<\/span><\/a><\/span><\/span><\/span><\/p>\r\n\r\n<p style=\"text-align:justify\">&nbsp;<\/p>\r\n","6":"<p style=\"text-align:justify\"><span style=\"font-size:11pt\"><span style=\"line-height:normal\"><span style=\"font-family:Calibri,sans-serif\"><span style=\"font-size:14.0pt\">Esta &eacute; uma compila&ccedil;&atilde;o das not&iacute;cias mais relevantes para o setor, incluindo informa&ccedil;&otilde;es sobre acordos internacionais, economia brasileira, sustentabilidade e mat&eacute;rias primas, al&eacute;m de novidades do setor de N&atilde;otecidos e Tecidos T&eacute;cnicos.<\/span><\/span><\/span><\/span><\/p>\r\n\r\n<p class=\"MsoTitleCxSpFirst\" style=\"text-align:justify\"><span style=\"font-size:28pt\"><span style=\"font-family:Cambria,serif\"><span style=\"letter-spacing:-0.5pt\"><b><span style=\"font-size:18.0pt\"><span style=\"font-family:&quot;Calibri&quot;,sans-serif\"><span style=\"font-variant:small-caps\">Not&iacute;cias das Associadas<\/span><\/span><\/span><\/b><\/span><\/span><\/span><\/p>\r\n\r\n<p style=\"text-align:justify\"><span style=\"font-size:11pt\"><span style=\"line-height:normal\"><span style=\"font-family:Calibri,sans-serif\"><a href=\"https:\/\/tissueonline.com.br\/andritz-e-vencedora-do-premio-destaques-do-setor-2023\/?utm_campaign=newsletter_25082023_novo_modelo&amp;utm_medium=email&amp;utm_source=RD+Station\" style=\"color:blue; text-decoration:underline\"><span style=\"font-size:14.0pt\">ANDRITZ &eacute; vencedora do Pr&ecirc;mio Destaques do Setor 2023<\/span><\/a><\/span><\/span><\/span><\/p>\r\n\r\n<p style=\"text-align:justify\"><span style=\"font-size:11pt\"><span style=\"line-height:normal\"><span style=\"font-family:Calibri,sans-serif\"><a href=\"https:\/\/www.nonwovens-industry.com\/contents\/view_breaking-news\/2023-08-21\/fibertex-personal-care-acheives-ecovadis-gold-medal-in-denmark?utm_campaign=NON+eNewsletter&amp;utm_medium=email&amp;_hsmi=271610954&amp;_hsenc=p2ANqtz--fAYBWecUi94qyXtTwR-nzhpQWZvwq0eo3Z_z6_Qe6YyWJIdXbRPBstxpnolDqy8NCq_T6U1HOgwK0hVL547CIzw-W_Q&amp;utm_content=271610954&amp;utm_source=hs_email\" style=\"color:blue; text-decoration:underline\"><span style=\"font-size:14.0pt\">Fibertex Personal Care Acheives EcoVadis Gold Medal in Denmark<\/span><\/a><\/span><\/span><\/span><\/p>\r\n\r\n<p style=\"text-align:justify\"><span style=\"font-size:11pt\"><span style=\"line-height:normal\"><span style=\"font-family:Calibri,sans-serif\"><a href=\"https:\/\/blogdoplastico.wordpress.com\/2023\/08\/24\/indorama-ventures-expande-unidade-de-reciclagem-de-pet-em-juiz-de-fora\/\" style=\"color:blue; text-decoration:underline\"><span style=\"font-size:14.0pt\">Indorama Ventures expande unidade de reciclagem de PET em Juiz de Fora<\/span><\/a><\/span><\/span><\/span><\/p>\r\n\r\n<p style=\"text-align:justify\"><span style=\"font-size:28pt\"><span style=\"font-family:Cambria,serif\"><span style=\"letter-spacing:-0.5pt\"><b><span style=\"font-size:18.0pt\"><span style=\"font-family:&quot;Calibri&quot;,sans-serif\"><span style=\"font-variant:small-caps\">A&ccedil;&otilde;es da ABINT<\/span><\/span><\/span><\/b><\/span><\/span><\/span><\/p>\r\n\r\n<p class=\"MsoTitle\" style=\"text-align:justify; margin-bottom:20px\"><span style=\"font-size:18px\"><span style=\"box-sizing:border-box\"><span style=\"line-height:1.5\"><span style=\"color:#313f48\"><span style=\"font-family:&quot;Roboto Condensed&quot;, Helvetica, Arial, sans-serif\"><span style=\"font-style:normal\"><span style=\"font-variant-ligatures:normal\"><span style=\"font-weight:400\"><span style=\"white-space:normal\"><span style=\"background-color:#ffffff\"><span style=\"text-decoration-thickness:initial\"><span style=\"text-decoration-style:initial\"><span style=\"text-decoration-color:initial\"><span style=\"font-size:18px\"><span style=\"box-sizing:border-box\"><span style=\"box-sizing:border-box\"><span style=\"box-sizing:border-box\"><span style=\"line-height:1.5\"><span style=\"box-sizing:border-box\"><span style=\"color:#313f48\"><span style=\"box-sizing:border-box\"><span style=\"font-family:&quot;Roboto Condensed&quot;, Helvetica, Arial, sans-serif\"><span style=\"box-sizing:border-box\"><span style=\"font-style:normal\"><span style=\"box-sizing:border-box\"><span style=\"font-variant-ligatures:normal\"><span style=\"box-sizing:border-box\"><span style=\"font-weight:400\"><span style=\"box-sizing:border-box\"><span style=\"white-space:normal\"><span style=\"box-sizing:border-box\"><span style=\"background-color:#ffffff\"><span style=\"box-sizing:border-box\"><span style=\"text-decoration-thickness:initial\"><span style=\"box-sizing:border-box\"><span style=\"text-decoration-style:initial\"><span style=\"box-sizing:border-box\"><span style=\"text-decoration-color:initial\"><span style=\"font-size:11pt\"><span style=\"box-sizing:border-box\"><span style=\"box-sizing:border-box\"><span style=\"box-sizing:border-box\"><span style=\"box-sizing:border-box\"><span style=\"line-height:16.8667px\"><span style=\"box-sizing:border-box\"><span style=\"box-sizing:border-box\"><span style=\"font-family:Calibri, sans-serif\"><b style=\"box-sizing:border-box; font-weight:bolder\"><span style=\"font-size:14pt\"><span style=\"box-sizing:border-box\"><span style=\"box-sizing:border-box\"><span style=\"box-sizing:border-box\"><span style=\"box-sizing:border-box\"><span style=\"line-height:21.4667px\"><span style=\"box-sizing:border-box\"><span style=\"box-sizing:border-box\"><span style=\"color:blue\"><img src=\"https:\/\/www.abint.org.br\/assets\/img\/editor\/capa-live-ic-11092023_20230822145534YV5DJMnz6h.png\" style=\"box-sizing:border-box; border-style:none; width:500px; height:281px\" \/><\/span><\/span><\/span><\/span><\/span><\/span><\/span><\/span><\/span><\/b><\/span><\/span><\/span><\/span><\/span><\/span><\/span><\/span><\/span><\/span><\/span><\/span><\/span><\/span><\/span><\/span><\/span><\/span><\/span><\/span><\/span><\/span><\/span><\/span><\/span><\/span><\/span><\/span><\/span><\/span><\/span><\/span><\/span><\/span><\/span><\/span><\/span><\/span><\/span><\/span><\/span><\/span><\/span><\/span><\/span><\/span><\/span><\/p>\r\n\r\n<p class=\"MsoTitle\" style=\"text-align:justify; margin-bottom:20px\"><span style=\"font-size:18px\"><span style=\"box-sizing:border-box\"><span style=\"line-height:1.5\"><span style=\"color:#313f48\"><span style=\"font-family:&quot;Roboto Condensed&quot;, Helvetica, Arial, sans-serif\"><span style=\"font-style:normal\"><span style=\"font-variant-ligatures:normal\"><span style=\"font-weight:400\"><span style=\"white-space:normal\"><span style=\"background-color:#ffffff\"><span style=\"text-decoration-thickness:initial\"><span style=\"text-decoration-style:initial\"><span style=\"text-decoration-color:initial\"><b style=\"box-sizing:border-box; font-weight:bolder\"><span style=\"font-size:14pt\"><span style=\"box-sizing:border-box\"><span style=\"box-sizing:border-box\"><span style=\"line-height:21.4667px\"><span style=\"box-sizing:border-box\"><span style=\"font-family:Calibri, sans-serif\">Dia 11\/09, &agrave;s 18h, o CTG ABINT e a IGS Brasil&nbsp;<\/span><\/span><\/span><\/span><\/span><\/span><\/b><span style=\"font-size:14pt\"><span style=\"box-sizing:border-box\"><span style=\"box-sizing:border-box\"><span style=\"line-height:21.4667px\"><span style=\"box-sizing:border-box\"><span style=\"font-family:Calibri, sans-serif\">receber&atilde;o, em uma live no YouTube da Geotecnia Brasil,<b style=\"box-sizing:border-box; font-weight:bolder\">&nbsp;os vencedores da Categoria Inicia&ccedil;&atilde;o Cient&iacute;fica da edi&ccedil;&atilde;o 2022\/2023<\/b>&nbsp;do Pr&ecirc;mio TCC\/IC Tecnologia em Geossint&eacute;ticos &ldquo;Benedito de Souza Bueno&rdquo;.<\/span><\/span><\/span><\/span><\/span><\/span><\/span><\/span><\/span><\/span><\/span><\/span><\/span><\/span><\/span><\/span><\/span><\/span><\/span><\/p>\r\n\r\n<p class=\"MsoTitle\" style=\"text-align:justify; margin-bottom:20px\"><span style=\"font-size:18px\"><span style=\"box-sizing:border-box\"><span style=\"line-height:1.5\"><span style=\"color:#313f48\"><span style=\"font-family:&quot;Roboto Condensed&quot;, Helvetica, Arial, sans-serif\"><span style=\"font-style:normal\"><span style=\"font-variant-ligatures:normal\"><span style=\"font-weight:400\"><span style=\"white-space:normal\"><span style=\"background-color:#ffffff\"><span style=\"text-decoration-thickness:initial\"><span style=\"text-decoration-style:initial\"><span style=\"text-decoration-color:initial\">&nbsp;<\/span><\/span><\/span><\/span><\/span><\/span><\/span><\/span><\/span><\/span><\/span><\/span><\/span><span style=\"font-size:18px\"><span style=\"box-sizing:border-box\"><span style=\"line-height:1.5\"><span style=\"color:#313f48\"><span style=\"font-family:&quot;Roboto Condensed&quot;, Helvetica, Arial, sans-serif\"><span style=\"font-style:normal\"><span style=\"font-variant-ligatures:normal\"><span style=\"font-weight:400\"><span style=\"white-space:normal\"><span style=\"background-color:#ffffff\"><span style=\"text-decoration-thickness:initial\"><span style=\"text-decoration-style:initial\"><span style=\"text-decoration-color:initial\"><span style=\"font-size:14pt\"><span style=\"box-sizing:border-box\"><span style=\"box-sizing:border-box\"><span style=\"line-height:21.4667px\"><span style=\"box-sizing:border-box\"><span style=\"font-family:Calibri, sans-serif\"><img src=\"https:\/\/www.abint.org.br\/assets\/img\/editor\/capa-live-tcc-12092023_20230822145608jortReBZK9.png\" style=\"box-sizing:border-box; border-style:none; width:500px; height:281px\" \/><\/span><\/span><\/span><\/span><\/span><\/span><\/span><\/span><\/span><\/span><\/span><\/span><\/span><\/span><\/span><\/span><\/span><\/span><\/span><\/p>\r\n\r\n<p class=\"MsoTitle\" style=\"text-align:justify; margin-bottom:20px\"><span style=\"font-size:18px\"><span style=\"box-sizing:border-box\"><span style=\"line-height:1.5\"><span style=\"color:#313f48\"><span style=\"font-family:&quot;Roboto Condensed&quot;, Helvetica, Arial, sans-serif\"><span style=\"font-style:normal\"><span style=\"font-variant-ligatures:normal\"><span style=\"font-weight:400\"><span style=\"white-space:normal\"><span style=\"background-color:#ffffff\"><span style=\"text-decoration-thickness:initial\"><span style=\"text-decoration-style:initial\"><span style=\"text-decoration-color:initial\"><b style=\"box-sizing:border-box; font-weight:bolder\"><span style=\"font-size:14pt\"><span style=\"box-sizing:border-box\"><span style=\"box-sizing:border-box\"><span style=\"line-height:21.4667px\"><span style=\"box-sizing:border-box\"><span style=\"font-family:Calibri, sans-serif\">E dia 12\/09, &agrave;s 18h, ser&aacute; a vez de CTG ABINT e IGS Brasil&nbsp;<\/span><\/span><\/span><\/span><\/span><\/span><\/b><span style=\"font-size:14pt\"><span style=\"box-sizing:border-box\"><span style=\"box-sizing:border-box\"><span style=\"line-height:21.4667px\"><span style=\"box-sizing:border-box\"><span style=\"font-family:Calibri, sans-serif\">receberem, tamb&eacute;m no YouTube da Geotecnia Brasil,<b style=\"box-sizing:border-box; font-weight:bolder\">&nbsp;os vencedores da Categoria Trabalho de Conclus&atilde;o de Curso da edi&ccedil;&atilde;o 2022\/2023<\/b>&nbsp;do Pr&ecirc;mio TCC\/IC Tecnologia em Geossint&eacute;ticos &ldquo;Benedito de Souza Bueno&rdquo;.<\/span><\/span><\/span><\/span><\/span><\/span><\/span><\/span><\/span><\/span><\/span><\/span><\/span><\/span><\/span><\/span><\/span><\/span><\/span><\/p>\r\n\r\n<p class=\"MsoTitle\" style=\"text-align:justify; margin-bottom:20px\">&nbsp;<\/p>\r\n\r\n<p class=\"MsoTitle\" style=\"text-align:justify; margin-bottom:20px\"><span style=\"font-size:18px\"><span style=\"box-sizing:border-box\"><span style=\"line-height:1.5\"><span style=\"color:#313f48\"><span style=\"font-family:&quot;Roboto Condensed&quot;, Helvetica, Arial, sans-serif\"><span style=\"font-style:normal\"><span style=\"font-variant-ligatures:normal\"><span style=\"font-weight:400\"><span style=\"white-space:normal\"><span style=\"background-color:#ffffff\"><span style=\"text-decoration-thickness:initial\"><span style=\"text-decoration-style:initial\"><span style=\"text-decoration-color:initial\">&nbsp;<\/span><\/span><\/span><\/span><\/span><\/span><\/span><\/span><\/span><\/span><\/span><\/span><\/span><span style=\"font-size:18px\"><span style=\"box-sizing:border-box\"><span style=\"line-height:1.5\"><span style=\"color:#313f48\"><span style=\"font-family:&quot;Roboto Condensed&quot;, Helvetica, Arial, sans-serif\"><span style=\"font-style:normal\"><span style=\"font-variant-ligatures:normal\"><span style=\"font-weight:400\"><span style=\"white-space:normal\"><span style=\"background-color:#ffffff\"><span style=\"text-decoration-thickness:initial\"><span style=\"text-decoration-style:initial\"><span style=\"text-decoration-color:initial\"><span style=\"font-size:18px\"><span style=\"box-sizing:border-box\"><span style=\"box-sizing:border-box\"><span style=\"box-sizing:border-box\"><span style=\"line-height:1.5\"><span style=\"box-sizing:border-box\"><span style=\"color:#313f48\"><span style=\"box-sizing:border-box\"><span style=\"font-family:&quot;Roboto Condensed&quot;, Helvetica, Arial, sans-serif\"><span style=\"box-sizing:border-box\"><span style=\"font-style:normal\"><span style=\"box-sizing:border-box\"><span style=\"font-variant-ligatures:normal\"><span style=\"box-sizing:border-box\"><span style=\"font-weight:400\"><span style=\"box-sizing:border-box\"><span style=\"white-space:normal\"><span style=\"box-sizing:border-box\"><span style=\"background-color:#ffffff\"><span style=\"box-sizing:border-box\"><span style=\"text-decoration-thickness:initial\"><span style=\"box-sizing:border-box\"><span style=\"text-decoration-style:initial\"><span style=\"box-sizing:border-box\"><span style=\"text-decoration-color:initial\"><span style=\"font-size:11pt\"><span style=\"box-sizing:border-box\"><span style=\"box-sizing:border-box\"><span style=\"box-sizing:border-box\"><span style=\"box-sizing:border-box\"><span style=\"line-height:16.8667px\"><span style=\"box-sizing:border-box\"><span style=\"box-sizing:border-box\"><span style=\"font-family:Calibri, sans-serif\"><b style=\"box-sizing:border-box; font-weight:bolder\"><span style=\"font-size:14pt\"><span style=\"box-sizing:border-box\"><span style=\"box-sizing:border-box\"><span style=\"box-sizing:border-box\"><span style=\"box-sizing:border-box\"><span style=\"line-height:21.4667px\"><span style=\"box-sizing:border-box\"><span style=\"box-sizing:border-box\"><span style=\"color:blue\"><img src=\"https:\/\/www.abint.org.br\/assets\/img\/editor\/congresso-internacional-abit-2023_202308151414212LkdNBSzdA.png\" style=\"box-sizing:border-box; border-style:none; width:500px; height:442px\" \/><\/span><\/span><\/span><\/span><\/span><\/span><\/span><\/span><\/span><\/b><\/span><\/span><\/span><\/span><\/span><\/span><\/span><\/span><\/span><\/span><\/span><\/span><\/span><\/span><\/span><\/span><\/span><\/span><\/span><\/span><\/span><\/span><\/span><\/span><\/span><\/span><\/span><\/span><\/span><\/span><\/span><\/span><\/span><\/span><\/span><\/span><\/span><\/span><\/span><\/span><\/span><\/span><\/span><\/span><\/span><\/span><\/span><\/p>\r\n\r\n<p style=\"text-align:justify; margin-bottom:20px\"><span style=\"font-size:18px\"><span style=\"box-sizing:border-box\"><span style=\"line-height:1.5\"><span style=\"color:#313f48\"><span style=\"font-family:&quot;Roboto Condensed&quot;, Helvetica, Arial, sans-serif\"><span style=\"font-style:normal\"><span style=\"font-variant-ligatures:normal\"><span style=\"font-weight:400\"><span style=\"white-space:normal\"><span style=\"background-color:#ffffff\"><span style=\"text-decoration-thickness:initial\"><span style=\"text-decoration-style:initial\"><span style=\"text-decoration-color:initial\"><span style=\"font-size:18px\"><span style=\"box-sizing:border-box\"><span style=\"box-sizing:border-box\"><span style=\"box-sizing:border-box\"><span style=\"line-height:1.5\"><span style=\"box-sizing:border-box\"><span style=\"color:#313f48\"><span style=\"box-sizing:border-box\"><span style=\"font-family:&quot;Roboto Condensed&quot;, Helvetica, Arial, sans-serif\"><span style=\"box-sizing:border-box\"><span style=\"font-style:normal\"><span style=\"box-sizing:border-box\"><span style=\"font-variant-ligatures:normal\"><span style=\"box-sizing:border-box\"><span style=\"font-weight:400\"><span style=\"box-sizing:border-box\"><span style=\"white-space:normal\"><span style=\"box-sizing:border-box\"><span style=\"background-color:#ffffff\"><span style=\"box-sizing:border-box\"><span style=\"text-decoration-thickness:initial\"><span style=\"box-sizing:border-box\"><span style=\"text-decoration-style:initial\"><span style=\"box-sizing:border-box\"><span style=\"text-decoration-color:initial\"><span style=\"font-size:11pt\"><span style=\"box-sizing:border-box\"><span style=\"box-sizing:border-box\"><span style=\"box-sizing:border-box\"><span style=\"box-sizing:border-box\"><span style=\"line-height:normal\"><span style=\"box-sizing:border-box\"><span style=\"box-sizing:border-box\"><span style=\"font-family:Calibri, sans-serif\"><b style=\"box-sizing:border-box; font-weight:bolder\"><span style=\"font-size:14pt\"><span style=\"box-sizing:border-box\"><span style=\"box-sizing:border-box\">A ABINT &eacute; uma das patrocinadoras do Congresso Internacional ABIT 2023,&nbsp;<\/span><\/span><\/span><\/b><span style=\"font-size:14pt\"><span style=\"box-sizing:border-box\"><span style=\"box-sizing:border-box\">que ocorrer&aacute;<b style=\"box-sizing:border-box; font-weight:bolder\">&nbsp;dias 08 e 09 de novembro, na FIESC, Florian&oacute;polis, SC.&nbsp;<\/b><\/span><\/span><\/span><\/span><\/span><\/span><\/span><\/span><\/span><span style=\"box-sizing:border-box\"><span style=\"box-sizing:border-box\"><span style=\"line-height:16.8667px\"><span style=\"box-sizing:border-box\"><span style=\"box-sizing:border-box\"><span style=\"font-family:Calibri, sans-serif\"><a href=\"https:\/\/t.rdsv1.net\/ls\/click?upn=LFSWB5boDXSqxt4eHgA5r3YUv3HG6yY4XTXT-2BpjEpFmt56yR61Gu09ER-2Bq95-2FgFAbN46ClwLMWPZzveVybfat1CKHOKhUUtOIVaFgsR5U28dlEKVouFrV1iSMaKnlWHCANmwKiZ4x1Oy9BDRL5tuTGPXgO91zEc1uo-2FbtPYQFm3y4fMGnbuiV3FEKs9g9uy1l2sL_iW8zc4KBvTUX2z9kws1M6pjQI9DpNNh-2Fk6fgMN4DbaFx-2BL1o5swSv2HtiLB2iGFhqxZ0654f80VOIjakRycDjcrdu1MF6BdTRc4d4wYs0wcxXXPsRygypvnzeOAhjjgiEkGX1jMsv1FD9IiN0mt5TiPA-2F-2FcYbMJqgkOyyeRxcI4izBTlMz4tYAchHCwHneJZvJXH0y9HeVp67XkJynQGH21X32t2y1CeSaYEq0zVO-2BnyLK4mDGipKkH-2FZQCwU2MKfdHIIgVMZzvyz5G5cXFeOFC58YiNyn2cnMPO14gymNMfyWFH-2BHHlC3b47l7V1Qmqxs4es-2BeyjBwNpbTVF3mKTVfvVN8KGLr0cqLDBhDLHrW7KPcTfpWgS5gfvWdAKEPOEmZKoo4k2kAi0PFh6jxFYAV2tXcAZfbY2kx8RXrY81D1SMCEBW0alhXBRKfUMvljxKCVojmlXya75YoxeWm0PKiSpaikvnyQHb1SYVAvooBBGQr8kVTT7gfi2jpYOB7Yz3v8ovwiOQwMF4kMzI4BGg58Stg7NIyaStQsDmhOsSp6GMNA3SG1UPw-2Fljh3rhjS-2BFt0EiGPe9cI33b9n1X0Y0ud-2BOFmeXkp5V9mMyq0eViPM4g6fXMuiRQFG1Lhn1lb5TsAtW9vCVxHdYrOB-2F6cV4-2FiOK5JwicsxDApwdvwvys-3D\" style=\"box-sizing:border-box; text-decoration:underline; color:blue; transition:color 0.3s ease 0s; outline-width:0px\"><span style=\"font-size:14pt\"><span style=\"box-sizing:border-box\"><span style=\"box-sizing:border-box\"><span style=\"box-sizing:border-box\"><span style=\"box-sizing:border-box\"><span style=\"line-height:21.4667px\">Informa&ccedil;&otilde;es<\/span><\/span><\/span><\/span><\/span><\/span><\/a><\/span><\/span><\/span><\/span><\/span><\/span><\/span><\/span><\/span><\/span><\/span><\/span><\/span><\/span><\/span><\/span><\/span><\/span><\/span><\/span><\/span><\/span><\/span><\/span><\/span><\/span><\/span><\/span><\/span><\/span><\/span><\/span><\/span><\/span><\/span><\/span><\/span><\/span><\/span><\/span><\/span><\/span><\/span><\/span><\/span><\/span><\/span><\/p>\r\n\r\n<p style=\"text-align:justify\"><span style=\"font-size:11pt\"><span style=\"line-height:normal\"><span style=\"font-family:Calibri,sans-serif\"><b><span style=\"font-size:18.0pt\"><span style=\"font-variant:small-caps\">Eventos<\/span><\/span><\/b><\/span><\/span><\/span><\/p>\r\n\r\n<p style=\"text-align:justify\">&nbsp;<\/p>\r\n\r\n<p style=\"text-align:justify\"><span style=\"font-size:11pt\"><span style=\"line-height:normal\"><span style=\"font-family:Calibri,sans-serif\"><b><span style=\"font-size:14.0pt\">FIMMA BRASIL - Feira Internacional de Fornecedores da Cadeia Produtiva Madeira e M&oacute;veis<\/span><\/b><span style=\"font-size:14.0pt\">, 28 a 31 de agosto de 2023, das 10h &agrave;s 19h, Bento Gon&ccedil;alves, RS. <\/span><a href=\"https:\/\/fimma.com.br\/\" style=\"color:blue; text-decoration:underline\"><span style=\"font-size:14.0pt\">Informa&ccedil;&otilde;es<\/span><\/a> <\/span><\/span><\/span><\/p>\r\n\r\n<p style=\"text-align:justify\"><span style=\"font-size:11pt\"><span style=\"line-height:normal\"><span style=\"font-family:Calibri,sans-serif\"><b><span style=\"font-size:14.0pt\">NasceCME | 2&ordf; parte da live | A import&acirc;ncia da Pesquisa sobre a CMEs do Brasil e os Profissionais do setor<\/span><\/b><span style=\"font-size:14.0pt\">, 29 de agosto de 2023, <\/span><a href=\"https:\/\/www.youtube.com\/watch?v=h1hGYFamqVU\" style=\"color:blue; text-decoration:underline\"><span style=\"font-size:14.0pt\">YouTube da NasceCME<\/span><\/a><\/span><\/span><\/span><\/p>\r\n\r\n<p style=\"text-align:justify\"><span style=\"font-size:11pt\"><span style=\"line-height:normal\"><span style=\"font-family:Calibri,sans-serif\"><b><span style=\"font-size:14.0pt\">Workshop Abit | Bloco K 2024 - Obrigatoriedade e Implica&ccedil;&otilde;es Operacionais<\/span><\/b><span style=\"font-size:14.0pt\">, 06 de setembro de 2023, 09h30 &agrave;s 11h00, evento online. <\/span><a href=\"https:\/\/app.rdstation.email\/mail\/0fb2830d-08b6-4ae3-81b4-b161ab0c587e?utm_campaign=convite_workshop_bloco_k&amp;utm_medium=email&amp;utm_source=RD+Station\" style=\"color:blue; text-decoration:underline\"><span style=\"font-size:14.0pt\">Informa&ccedil;&otilde;es<\/span><\/a> <\/span><\/span><\/span><\/p>\r\n\r\n<p style=\"text-align:justify\"><span style=\"font-size:11pt\"><span style=\"line-height:normal\"><span style=\"font-family:Calibri,sans-serif\"><b><span style=\"font-size:14.0pt\">22&ordf; FEBRAVA - Feira Internacional de Refrigera&ccedil;&atilde;o, Ar-Condicionado, Ventila&ccedil;&atilde;o, Aquecimento, Tratamento de Ar e de &Aacute;guas<\/span><\/b><span style=\"font-size:14.0pt\">, 12 a 15 de setembro de 2023, S&atilde;o Paulo Expo. <\/span><a href=\"https:\/\/www.febrava.com.br\/pt-br.html\" style=\"color:blue; text-decoration:underline\"><span style=\"font-size:14.0pt\">Informa&ccedil;&otilde;es<\/span><\/a> <\/span><\/span><\/span><\/p>\r\n\r\n<p style=\"text-align:justify\"><span style=\"font-size:11pt\"><span style=\"line-height:normal\"><span style=\"font-family:Calibri,sans-serif\"><b><span style=\"font-size:14.0pt\">18&ordm; CONBRAVA &ndash; Congresso Brasileiro de Refrigera&ccedil;&atilde;o, Ar-Condicionado, Ventila&ccedil;&atilde;o, Aquecimento e Tratamento de Ar | &ldquo;AVACR rumo ao um futuro sustent&aacute;vel e saud&aacute;vel&rdquo;, <\/span><\/b><span style=\"font-size:14.0pt\">13 a 15 de setembro de 2023, S&atilde;o Paulo Expo, SP. <\/span><a href=\"http:\/\/conbrava.comercial.ws\/site\/\" style=\"color:blue; text-decoration:underline\"><span style=\"font-size:14.0pt\">Informa&ccedil;&otilde;es<\/span><\/a> <\/span><\/span><\/span><\/p>\r\n\r\n<p style=\"text-align:justify\"><span style=\"font-size:11pt\"><span style=\"line-height:normal\"><span style=\"font-family:Calibri,sans-serif\"><b><span style=\"font-size:14.0pt\">Workshop Abit | O Seguro como Prote&ccedil;&atilde;o &agrave;s Perdas Patrimoniais<\/span><\/b><span style=\"font-size:14.0pt\">, 19 de setembro de 2023, 09h30 &agrave;s 11h00. <\/span><a href=\"https:\/\/produtos.institutoabit.org.br\/prod\/b43a9ccc-dcf2-40d2-af32-7b0273ceebce?utm_campaign=convite_workshop_seguranca_patrimonial_2809&amp;utm_medium=email&amp;utm_source=RD+Station\" style=\"color:blue; text-decoration:underline\"><span style=\"font-size:14.0pt\">Informa&ccedil;&otilde;es<\/span><\/a> <\/span><\/span><\/span><\/p>\r\n\r\n<p style=\"text-align:justify\"><span style=\"font-size:11pt\"><span style=\"line-height:normal\"><span style=\"font-family:Calibri,sans-serif\"><b><span style=\"font-size:14.0pt\">Abiplast\/Sindiplast &amp; Pl&aacute;sticos em Revista | 13&ordm; Semin&aacute;rio Competitividade<\/span><\/b><span style=\"font-size:14.0pt\">, 19 de setembro de 2023, Hotel Meli&aacute;, Av. Paulista, 2181. <\/span><a href=\"https:\/\/plasticosemrevista.com.br\/competitividade-2023-inscricao\/\" style=\"color:blue; text-decoration:underline\"><span style=\"font-size:14.0pt\">Informa&ccedil;&otilde;es<\/span><\/a> <\/span><\/span><\/span><\/p>\r\n\r\n<p style=\"text-align:justify\"><span style=\"font-size:11pt\"><span style=\"line-height:normal\"><span style=\"font-family:Calibri,sans-serif\"><b><span style=\"font-size:14.0pt\">NasceCME | Conale 2023 - 5&ordf; Edi&ccedil;&atilde;o: Multici&ecirc;ncia e o Estado da Arte nos Processos de Limpeza e Esteriliza&ccedil;&atilde;o<\/span><\/b><span style=\"font-size:14.0pt\">, 23 e 24 de setembro, evento online. <\/span><a href=\"http:\/\/nascecme.com.br\/programa-conale-2023\/\" style=\"color:blue; text-decoration:underline\"><span style=\"font-size:14.0pt\">Programa&ccedil;&atilde;o<\/span><\/a> <\/span><\/span><\/span><\/p>\r\n\r\n<p style=\"text-align:justify\"><span style=\"font-size:11pt\"><span style=\"line-height:normal\"><span style=\"font-family:Calibri,sans-serif\"><b><span style=\"font-size:14.0pt\">CNI\/ SEBRAE | 10&ordm; Congresso Internacional da Inova&ccedil;&atilde;o da Ind&uacute;stria<\/span><\/b><span style=\"font-size:14.0pt\">, 27 e 28 de setembro de 2023, S&atilde;o Paulo Expo.<\/span> <a href=\"https:\/\/www.congressodeinovacao.com.br\/?utm_source=comext&amp;utm_medium=email&amp;utm_campaign=eventos&amp;utm_content=id00053#msdynttrid=gg5jXwSFR7qM4vHH2tKGau3cTwSFDneTjMUhrcPg7vE\" style=\"color:blue; text-decoration:underline\"><span style=\"font-size:14.0pt\">Informa&ccedil;&otilde;es<\/span><\/a> <\/span><\/span><\/span><\/p>\r\n\r\n<p style=\"text-align:justify\"><span style=\"font-size:11pt\"><span style=\"line-height:normal\"><span style=\"font-family:Calibri,sans-serif\"><b><span style=\"font-size:14.0pt\">Semin&aacute;rio Abiquim de Tecnologia e Inova&ccedil;&atilde;o 2023, <\/span><\/b><span style=\"font-size:14.0pt\">05 de outubro de 2023, 08h30 &agrave;s 17h30, evento presencial, S&atilde;o Paulo, SP.<\/span><\/span><\/span><\/span><\/p>\r\n\r\n<p style=\"text-align:justify\"><span style=\"font-size:11pt\"><span style=\"line-height:normal\"><span style=\"font-family:Calibri,sans-serif\"><b><span style=\"font-size:14.0pt\">FiltXPO&trade; 2023<\/span><\/b><span class=\"MsoHyperlink\" style=\"color:blue\"><span style=\"text-decoration:underline\"><span style=\"font-size:14.0pt\"><span style=\"text-decoration:none\"><span style=\"text-underline:none\">, <\/span><\/span><\/span><\/span><\/span><span style=\"font-size:14.0pt\">October 10-12, 2023 at Navy Pier in Chicago, Illinois<\/span><span class=\"MsoHyperlink\" style=\"color:blue\"><span style=\"text-decoration:underline\"><span style=\"font-size:14.0pt\"><span style=\"text-decoration:none\"><span style=\"text-underline:none\">. <\/span><\/span><\/span><\/span><\/span><a href=\"https:\/\/www.filtxpo.com\/\" style=\"color:blue; text-decoration:underline\"><span style=\"font-size:14.0pt\">Informa&ccedil;&otilde;es<\/span><\/a> <\/span><\/span><\/span><\/p>\r\n\r\n<p style=\"text-align:justify\"><span style=\"font-size:11pt\"><span style=\"line-height:normal\"><span style=\"font-family:Calibri,sans-serif\"><b><span style=\"font-size:14.0pt\">CONAHP 2023<\/span><\/b><span style=\"font-size:14.0pt\">, 18 e 19 de outubro, Transamerica Expo Center, S&atilde;o Paulo, SP. <\/span><a href=\"https:\/\/conahp.org.br\/2023\/\" style=\"color:blue; text-decoration:underline\"><span style=\"font-size:14.0pt\">Informa&ccedil;&otilde;es<\/span><\/a> <\/span><\/span><\/span><\/p>\r\n\r\n<p style=\"text-align:justify\"><span style=\"font-size:11pt\"><span style=\"line-height:normal\"><span style=\"font-family:Calibri,sans-serif\"><b><span style=\"font-size:14.0pt\">V Congreso Sudamericano de Composites, Poliuretano y Pl&aacute;sticos de Ingenier&iacute;a, <\/span><\/b><span style=\"font-size:14.0pt\">24 e 25 de outubro de 2023, Bogot&aacute;, Col&ocirc;mbia. <\/span><a href=\"http:\/\/www.congresosudamericano.com\/blog.html\" style=\"color:blue; text-decoration:underline\"><span style=\"font-size:14.0pt\">Informa&ccedil;&otilde;es<\/span><\/a> <\/span><\/span><\/span><\/p>\r\n\r\n<p style=\"text-align:justify\"><span style=\"font-size:11pt\"><span style=\"line-height:normal\"><span style=\"font-family:Calibri,sans-serif\"><b><span style=\"font-size:14.0pt\">FEIPLAR COMPOSITES &amp; FEIPUR | Pain&eacute;is Setoriais 2023<\/span><\/b><span style=\"font-size:14.0pt\">, 24, 25 e 26 de outubro de 2023. <\/span><a href=\"http:\/\/newsletter.feiplar.com.br\/accounts\/184158\/messages\/30?email=abint@abint.org.br&amp;c=1693235815&amp;contact_id=3458&amp;envelope_id=21\" style=\"color:blue; text-decoration:underline\"><span style=\"font-size:14.0pt\">Informa&ccedil;&otilde;es<\/span><\/a> <\/span><\/span><\/span><\/p>\r\n\r\n<p style=\"text-align:justify\"><span style=\"font-size:11pt\"><span style=\"line-height:normal\"><span style=\"font-family:Calibri,sans-serif\"><b><span style=\"font-size:14.0pt\">Abrafiltros | 2&ordm; Semin&aacute;rio Brasileiro de Filtros<\/span><\/b><span style=\"font-size:14.0pt\">, 08 de novembro de 2023.<\/span><\/span><\/span><\/span><\/p>\r\n\r\n<p style=\"text-align:justify\"><span style=\"font-size:11pt\"><span style=\"line-height:normal\"><span style=\"font-family:Calibri,sans-serif\"><b><span style=\"font-size:14.0pt\">Industry CCUS 2023,<\/span><\/b> <span style=\"font-size:14.0pt\">29-30 November, Rotterdam, Netherlands.<\/span> <a href=\"https:\/\/fortesmedia.com\/industry-ccus-conference-2023,4,en,2,1,28.html#register\" style=\"color:blue; text-decoration:underline\"><span style=\"font-size:14.0pt\">Informa&ccedil;&otilde;es<\/span><\/a>  <\/span><\/span><\/span><\/p>\r\n\r\n<p style=\"text-align:justify\"><span style=\"font-size:11pt\"><span style=\"line-height:normal\"><span style=\"font-family:Calibri,sans-serif\"><b><span style=\"font-size:14.0pt\">FEIPLAR COMPOSITES &amp; FEIPUR &ndash; Feira e Congresso Internacionais de Composites, Poliuretano, Pl&aacute;sticos de Engenharia e Compostos Termopl&aacute;sticos<\/span><\/b><span style=\"font-size:14.0pt\">, 20 a 22 de agosto de 2024, S&atilde;o Paulo Expo (Pavilh&atilde;o 5), palestras: das 8h30 &agrave;s 18h, feira: das 13h &agrave;s 20h.<b> <\/b><\/span><a href=\"http:\/\/www.feiplar.com\" style=\"color:blue; text-decoration:underline\"><span style=\"font-size:14.0pt\">www.feiplar.com<\/span><\/a> <\/span><\/span><\/span><\/p>\r\n\r\n<p style=\"text-align:justify\"><span style=\"font-size:28pt\"><span style=\"font-family:Cambria,serif\"><span style=\"letter-spacing:-0.5pt\"><b><span style=\"font-size:18.0pt\"><span style=\"font-family:&quot;Calibri&quot;,sans-serif\"><span style=\"font-variant:small-caps\">Setor<\/span><\/span><\/span><\/b><\/span><\/span><\/span><\/p>\r\n\r\n<p style=\"text-align:justify\"><span style=\"font-size:11pt\"><span style=\"line-height:normal\"><span style=\"font-family:Calibri,sans-serif\"><a href=\"https:\/\/blogdoplastico.wordpress.com\/2023\/08\/25\/demanda-por-resinas-termoplasticas-cresce-18-no-1o-trimestre-de-2023\/\" style=\"color:blue; text-decoration:underline\"><span style=\"font-size:14.0pt\">Demanda por resinas termopl&aacute;sticas cresce 1,8% no 1&ordm; trimestre de 2023<\/span><\/a><\/span><\/span><\/span><\/p>\r\n\r\n<p style=\"text-align:justify\"><span style=\"font-size:11pt\"><span style=\"line-height:normal\"><span style=\"font-family:Calibri,sans-serif\"><a href=\"https:\/\/ojornalextra.com.br\/noticias\/alagoas\/2023\/08\/94737-arabes-sao-favoritos-da-novonor-para-comprar-braskem-diz-site\" style=\"color:blue; text-decoration:underline\"><span style=\"font-size:14.0pt\">&Aacute;rabes s&atilde;o favoritos da Novonor para comprar Braskem, diz site<\/span><\/a><\/span><\/span><\/span><\/p>\r\n\r\n<p style=\"text-align:justify\"><span style=\"font-size:11pt\"><span style=\"line-height:normal\"><span style=\"font-family:Calibri,sans-serif\"><a href=\"https:\/\/www.plastico.com.br\/polipropileno-aplicacoes-e-reciclagem-sao-vantagens-da-resina\/?utm_campaign=newsletter_plastico_-_agosto_2023&amp;utm_medium=email&amp;utm_source=RD+Station\" style=\"color:blue; text-decoration:underline\"><span style=\"font-size:14.0pt\">Polipropileno: Aplica&ccedil;&otilde;es e reciclagem s&atilde;o vantagens da resina<\/span><\/a><\/span><\/span><\/span><\/p>\r\n\r\n<p style=\"text-align:justify\"><span style=\"font-size:11pt\"><span style=\"line-height:normal\"><span style=\"font-family:Calibri,sans-serif\"><a href=\"https:\/\/www.innovationintextiles.com\/nonwovens\/future-focus-for-nonwovens-network\/\" style=\"color:blue; text-decoration:underline\"><span style=\"font-size:14.0pt\">Future focus for Nonwovens Network<\/span><\/a><\/span><\/span><\/span><\/p>\r\n\r\n<p style=\"text-align:justify\"><span style=\"font-size:11pt\"><span style=\"line-height:normal\"><span style=\"font-family:Calibri,sans-serif\"><a href=\"https:\/\/exclusivo.com.br\/_conteudo\/negocios\/2023\/08\/21\/nove-em-cada-dez-pares-de-calcados-produzidos-no-mundo-tem-como-origem-a-asia.html\" style=\"color:blue; text-decoration:underline\"><span style=\"font-size:14.0pt\">Nove em cada dez pares de cal&ccedil;ados produzidos no mundo t&ecirc;m como origem a &Aacute;sia<\/span><\/a><\/span><\/span><\/span><\/p>\r\n\r\n<p style=\"text-align:justify\"><span style=\"font-size:11pt\"><span style=\"line-height:normal\"><span style=\"font-family:Calibri,sans-serif\"><a href=\"https:\/\/exclink.exclusivo.com.br\/cl\/PQQQa\/E6A\/e659\/LCFJkUKAOaB\/BLUJ\/Mf6kkw-ZpCR\/2\/\" style=\"color:blue; text-decoration:underline\"><span style=\"font-size:14.0pt\">Setor coureiro-cal&ccedil;adista mant&eacute;m receio de investir na compra de novas m&aacute;quinas<\/span><\/a><\/span><\/span><\/span><\/p>\r\n\r\n<p style=\"text-align:justify\"><span style=\"font-size:11pt\"><span style=\"line-height:normal\"><span style=\"font-family:Calibri,sans-serif\"><a href=\"https:\/\/plasticosemrevista.com.br\/pvc-mercado-na-expectativa-de-volta-por-cima\/\" style=\"color:blue; text-decoration:underline\"><span style=\"font-size:14.0pt\">PVC: mercado na expectativa de volta por cima<\/span><\/a><\/span><\/span><\/span><\/p>\r\n\r\n<p style=\"text-align:justify\"><span style=\"font-size:11pt\"><span style=\"line-height:normal\"><span style=\"font-family:Calibri,sans-serif\"><a href=\"https:\/\/www.meiofiltrante.com.br\/Artigo\/6059\/tecidos-e-feltros-para-filtracao-industrial-solido-liquido-solido-ar-e-solido-gas--\" style=\"color:blue; text-decoration:underline\"><span style=\"font-size:14.0pt\">Tecidos e feltros para filtra&ccedil;&atilde;o industrial s&oacute;lido-l&iacute;quido, s&oacute;lido-ar e s&oacute;lido-g&aacute;s<\/span><\/a><\/span><\/span><\/span><\/p>\r\n\r\n<p style=\"text-align:justify\"><span style=\"font-size:28pt\"><span style=\"font-family:Cambria,serif\"><span style=\"letter-spacing:-0.5pt\"><b><span style=\"font-size:18.0pt\"><span style=\"font-family:&quot;Calibri&quot;,sans-serif\"><span style=\"font-variant:small-caps\">Ind&uacute;stria<\/span><\/span><\/span><\/b><\/span><\/span><\/span><\/p>\r\n\r\n<p style=\"text-align:justify\"><span style=\"font-size:11pt\"><span style=\"line-height:normal\"><span style=\"font-family:Calibri,sans-serif\"><a href=\"https:\/\/noticias.portaldaindustria.com.br\/noticias\/economia\/12-setores-da-industria-afirmam-que-baixa-demanda-interna-e-o-seu-principal-problema-diz-cni\/\" style=\"color:blue; text-decoration:underline\"><span style=\"font-size:14.0pt\">12 setores da ind&uacute;stria afirmam que baixa demanda interna &eacute; o seu principal problema, diz CNI<\/span><\/a><\/span><\/span><\/span><\/p>\r\n\r\n<p style=\"text-align:justify\"><span style=\"font-size:11pt\"><span style=\"line-height:normal\"><span style=\"font-family:Calibri,sans-serif\"><a href=\"https:\/\/noticias.portaldaindustria.com.br\/noticias\/competitividade\/produtividade-na-industria-cai-e-volta-ao-patamar-de-2014\/\" style=\"color:blue; text-decoration:underline\"><span style=\"font-size:14.0pt\">Produtividade na ind&uacute;stria cai e volta ao patamar de 2014<\/span><\/a><\/span><\/span><\/span><\/p>\r\n\r\n<p style=\"text-align:justify\"><span style=\"font-size:11pt\"><span style=\"line-height:normal\"><span style=\"font-family:Calibri,sans-serif\"><a href=\"https:\/\/noticias.portaldaindustria.com.br\/noticias\/economia\/23-de-29-setores-da-industria-se-dizem-confiantes-em-agosto\/\" style=\"color:blue; text-decoration:underline\"><span style=\"font-size:14.0pt\">23 de 29 setores da ind&uacute;stria se dizem confiantes em agosto<\/span><\/a><\/span><\/span><\/span><\/p>\r\n\r\n<p style=\"text-align:justify\"><span style=\"font-size:11pt\"><span style=\"line-height:normal\"><span style=\"font-family:Calibri,sans-serif\"><a href=\"https:\/\/www.gov.br\/mdic\/pt-br\/assuntos\/noticias\/2023\/agosto\/industria-quimica-brasileira-volta-a-ter-regime-especial-de-tributacao\" style=\"color:blue; text-decoration:underline\"><span style=\"font-size:14.0pt\">Ind&uacute;stria qu&iacute;mica brasileira volta a ter regime especial de tributa&ccedil;&atilde;o<\/span><\/a><\/span><\/span><\/span><\/p>\r\n\r\n<p style=\"text-align:justify\"><span style=\"font-size:11pt\"><span style=\"line-height:normal\"><span style=\"font-family:Calibri,sans-serif\"><a href=\"https:\/\/www.meiofiltrante.com.br\/Artigo\/6057\/abrafiltros-completa-17-anos-de-atividades-voltadas-ao-desenvolvimento-do-setor-de-filtracao\" style=\"color:blue; text-decoration:underline\"><span style=\"font-size:14.0pt\">Abrafiltros completa 17 anos de atividades voltadas ao desenvolvimento do setor de filtra&ccedil;&atilde;o<\/span><\/a><\/span><\/span><\/span><\/p>\r\n\r\n<p style=\"text-align:justify\"><span style=\"font-size:28pt\"><span style=\"font-family:Cambria,serif\"><span style=\"letter-spacing:-0.5pt\"><b><span style=\"font-size:18.0pt\"><span style=\"font-family:&quot;Calibri&quot;,sans-serif\"><span style=\"font-variant:small-caps\">Sustentabilidade<\/span><\/span><\/span><\/b><\/span><\/span><\/span><\/p>\r\n\r\n<p style=\"text-align:justify\"><span style=\"font-size:11pt\"><span style=\"line-height:normal\"><span style=\"font-family:Calibri,sans-serif\"><a href=\"https:\/\/www.inovacaotecnologica.com.br\/noticias\/noticia.php?artigo=copos-canudos-papel-nao-cumprem-promessa-contem-quimicos-perigosos&amp;id=010125230825&amp;ebol=sim\" style=\"color:blue; text-decoration:underline\"><span style=\"font-size:14.0pt\">Copos e canudos de papel s&atilde;o t&atilde;o t&oacute;xicos quanto os de pl&aacute;stico<\/span><\/a><\/span><\/span><\/span><\/p>\r\n\r\n<p style=\"text-align:justify\"><span style=\"font-size:11pt\"><span style=\"line-height:normal\"><span style=\"font-family:Calibri,sans-serif\"><a href=\"https:\/\/www.plastico.com.br\/economia-circular-pressao-exige-avancos-dos-fornecedores\/\" style=\"color:blue; text-decoration:underline\"><span style=\"font-size:14.0pt\">Economia circular: Press&atilde;o exige avan&ccedil;os dos fornecedores<\/span><\/a><\/span><\/span><\/span><\/p>\r\n\r\n<p style=\"text-align:justify\"><span style=\"font-size:11pt\"><span style=\"line-height:normal\"><span style=\"font-family:Calibri,sans-serif\"><a href=\"https:\/\/epbr.com.br\/entenda-o-que-e-o-ajuste-de-fronteira-de-carbono-cbam-da-ue-e-o-impacto-para-o-brasil\/?utm_source=newsletters+epbr&amp;utm_campaign=ca6e593b19-epbr-comece-seu-dia_COPY_01&amp;utm_medium=email&amp;utm_term=0_5931171aac-ca6e593b19-466362780\" style=\"color:blue; text-decoration:underline\"><span style=\"font-size:14.0pt\">Entenda o que &eacute; o CBAM da UE e qual o impacto para o Brasil<\/span><\/a><\/span><\/span><\/span><\/p>\r\n\r\n<p style=\"text-align:justify\"><span style=\"font-size:11pt\"><span style=\"line-height:normal\"><span style=\"font-family:Calibri,sans-serif\"><a href=\"https:\/\/apexbrasil.com.br\/content\/apexbrasil\/br\/pt\/conteudo\/noticias\/Barreiras-Tecnicas-ao-Comercio-Internacional-e-a-Sustentabilidade-Ambiental.html#msdynttrid=-2s6fUD_k2g-LeAIwbo2DpsVp3Dd-HxDnsmZzCc-MYY\" style=\"color:blue; text-decoration:underline\"><span style=\"font-size:14.0pt\">Barreiras T&eacute;cnicas ao Com&eacute;rcio Internacional e a Sustentabilidade Ambiental<\/span><\/a><\/span><\/span><\/span><\/p>\r\n\r\n<p style=\"text-align:justify\"><span style=\"font-size:11pt\"><span style=\"line-height:normal\"><span style=\"font-family:Calibri,sans-serif\"><a href=\"https:\/\/ciclovivo.com.br\/planeta\/meio-ambiente\/mais-de-60-organizacoes-lancam-campanha-contra-poluicao-por-plastico\/\" style=\"color:blue; text-decoration:underline\"><span style=\"font-size:14.0pt\">Mais de 60 organiza&ccedil;&otilde;es lan&ccedil;am campanha contra polui&ccedil;&atilde;o por pl&aacute;stico<\/span><\/a><\/span><\/span><\/span><\/p>\r\n\r\n<p style=\"text-align:justify\"><span style=\"font-size:28pt\"><span style=\"font-family:Cambria,serif\"><span style=\"letter-spacing:-0.5pt\"><b><span style=\"font-size:18.0pt\"><span style=\"font-family:&quot;Calibri&quot;,sans-serif\"><span style=\"font-variant:small-caps\">Inova&ccedil;&atilde;o<\/span><\/span><\/span><\/b><\/span><\/span><\/span><\/p>\r\n\r\n<p style=\"text-align:justify\"><span style=\"font-size:11pt\"><span style=\"line-height:normal\"><span style=\"font-family:Calibri,sans-serif\"><a href=\"https:\/\/www.meiofiltrante.com.br\/Artigo\/6060\/ultrafiltracao-remove-microplasticos-300-vezes-menores-da-agua\" style=\"color:blue; text-decoration:underline\"><span style=\"font-size:14.0pt\">Ultrafiltra&ccedil;&atilde;o remove micropl&aacute;sticos 300 vezes menores da &aacute;gua<\/span><\/a><\/span><\/span><\/span><\/p>\r\n\r\n<p style=\"text-align:justify\"><span style=\"font-size:11pt\"><span style=\"line-height:normal\"><span style=\"font-family:Calibri,sans-serif\"><a href=\"https:\/\/www.inovacaotecnologica.com.br\/noticias\/noticia.php?artigo=filtro-bagaco-cana-consegue-eliminar-agrotoxico-agua-contaminada-glifosato&amp;id=010125230823&amp;ebol=sim\" style=\"color:blue; text-decoration:underline\"><span style=\"font-size:14.0pt\">Filtro de baga&ccedil;o de cana elimina agrot&oacute;xico de &aacute;gua contaminada<\/span><\/a><\/span><\/span><\/span><\/p>\r\n\r\n<p style=\"text-align:justify\"><span style=\"font-size:11pt\"><span style=\"line-height:normal\"><span style=\"font-family:Calibri,sans-serif\"><a href=\"https:\/\/plasticosemrevista.com.br\/inteligencia-artificial-espreita-triagem-previa-de-residuos-reciclaveis\/\" style=\"color:blue; text-decoration:underline\"><span style=\"font-size:14.0pt\">Intelig&ecirc;ncia artificial espreita triagem pr&eacute;via de res&iacute;duos recicl&aacute;veis<\/span><\/a><\/span><\/span><\/span><\/p>\r\n\r\n<p style=\"text-align:justify\"><span style=\"font-size:28pt\"><span style=\"font-family:Cambria,serif\"><span style=\"letter-spacing:-0.5pt\"><b><span style=\"font-size:18.0pt\"><span style=\"font-family:&quot;Calibri&quot;,sans-serif\"><span style=\"font-variant:small-caps\">Com&eacute;rcio Exterior<\/span><\/span><\/span><\/b><\/span><\/span><\/span><\/p>\r\n\r\n<p style=\"text-align:justify\"><span style=\"font-size:11pt\"><span style=\"line-height:normal\"><span style=\"font-family:Calibri,sans-serif\"><a href=\"https:\/\/noticias.portaldaindustria.com.br\/noticias\/leis-e-normas\/brasil-precisa-de-sistema-de-financiamento-a-exportacao-solido-para-retomada-do-crescimento-avalia-cni\/\" style=\"color:blue; text-decoration:underline\"><span style=\"font-size:14.0pt\">Brasil precisa de sistema de financiamento &agrave; exporta&ccedil;&atilde;o s&oacute;lido para retomar crescimento, diz CNI<\/span><\/a><\/span><\/span><\/span><\/p>\r\n\r\n<p style=\"text-align:justify\"><span style=\"font-size:11pt\"><span style=\"line-height:normal\"><span style=\"font-family:Calibri,sans-serif\"><a href=\"https:\/\/static.portaldaindustria.com.br\/media\/filer_public\/00\/61\/00617570-65a0-41c6-9f8a-b763b8800fa0\/ex_ipc_23-037_alteracao-de-regras-procedimentais-para-ex-tarifarios.pdf\" style=\"color:blue; text-decoration:underline\"><span style=\"font-size:14.0pt\">Altera&ccedil;&atilde;o de regras procedimentais para ex-tarif&aacute;rios<\/span><\/a><\/span><\/span><\/span><\/p>\r\n\r\n<p style=\"text-align:justify\"><span style=\"font-size:11pt\"><span style=\"line-height:normal\"><span style=\"font-family:Calibri,sans-serif\"><a href=\"https:\/\/portalibre.fgv.br\/system\/files\/2023-08\/ICOMEX_FGV_Press%20release_Agosto2023.pdf\" style=\"color:blue; text-decoration:underline\"><span style=\"font-size:14.0pt\">O cen&aacute;rio externo para o segundo semestre &eacute; menos favor&aacute;vel para as exporta&ccedil;&otilde;es<\/span><\/a><\/span><\/span><\/span><\/p>\r\n\r\n<p style=\"text-align:justify\"><span style=\"font-size:11pt\"><span style=\"line-height:normal\"><span style=\"font-family:Calibri,sans-serif\"><a href=\"https:\/\/economia.uol.com.br\/noticias\/estadao-conteudo\/2023\/08\/22\/fgv-brasil-tem-superavit-recorde-no-ano-mas-argentina-e-china-afetam-2-semestre-diz-icomex.htm\" style=\"color:blue; text-decoration:underline\"><span style=\"font-size:14.0pt\">FGV: Brasil tem super&aacute;vit recorde no ano, mas Argentina e China afetam 2&ordm; semestre, diz Icomex<\/span><\/a><\/span><\/span><\/span><\/p>\r\n\r\n<p style=\"text-align:justify\"><span style=\"font-size:28pt\"><span style=\"font-family:Cambria,serif\"><span style=\"letter-spacing:-0.5pt\"><b><span style=\"font-size:18.0pt\"><span style=\"font-family:&quot;Calibri&quot;,sans-serif\"><span style=\"font-variant:small-caps\">Economia<\/span><\/span><\/span><\/b><\/span><\/span><\/span><\/p>\r\n\r\n<p style=\"text-align:justify\"><span style=\"font-size:11pt\"><span style=\"line-height:normal\"><span style=\"font-family:Calibri,sans-serif\"><a href=\"https:\/\/www.bcb.gov.br\/content\/focus\/focus\/R20230825.pdf\" style=\"color:blue; text-decoration:underline\"><span style=\"font-size:14.0pt\">Focus &ndash; Relat&oacute;rio de Mercado<\/span><\/a><\/span><\/span><\/span><\/p>\r\n\r\n<p style=\"text-align:justify\"><span style=\"font-size:11pt\"><span style=\"line-height:normal\"><span style=\"font-family:Calibri,sans-serif\"><a href=\"https:\/\/www.businessinsider.com\/china-xi-jinping-hiding-bad-data-economy-debt-real-estate-2023-8?utm_medium=newsletter&amp;email=abint%40abint.org.br&amp;x=50c7dfe42c38ea8f10539f0a167fc763253059e495554a32db7a57f8f237ec4c&amp;utm_source=Sailthru&amp;utm_campaign=Insider%20Today%2C%20August%2029%2C%202023&amp;utm_term=INSIDER%20TODAY%20SEND%20LIST%20-%20ALL%20ENGAGED\" style=\"color:blue; text-decoration:underline\"><span style=\"font-size:14.0pt\">China is doing everything it can to conceal the true extent of its economic turmoil<\/span><\/a><\/span><\/span><\/span><\/p>\r\n\r\n<p style=\"text-align:justify\"><span style=\"font-size:11pt\"><span style=\"line-height:normal\"><span style=\"font-family:Calibri,sans-serif\"><a href=\"https:\/\/portalibre.fgv.br\/noticias\/incerteza-economica-do-brasil-recua-e-esta-entre-dez-menores-dentre-21-paises\" style=\"color:blue; text-decoration:underline\"><span style=\"font-size:14.0pt\">Incerteza Econ&ocirc;mica do Brasil recua e est&aacute; entre as dez menores dentre 21 pa&iacute;ses<\/span><\/a><\/span><\/span><\/span><\/p>\r\n\r\n<p style=\"text-align:justify\"><span style=\"font-size:11pt\"><span style=\"line-height:normal\"><span style=\"font-family:Calibri,sans-serif\"><a href=\"https:\/\/portalibre.fgv.br\/system\/files\/2023-08\/Sondagem%20da%20Am%C3%A9rica%20Latina_FGV_Press%20Release_3%C2%BATri2023.pdf\" style=\"color:blue; text-decoration:underline\"><span style=\"font-size:14.0pt\">O Brasil lidera a melhora do Clima Econ&ocirc;mico na Am&eacute;rica Latina no 3&ordm; Trimestre<\/span><\/a><\/span><\/span><\/span><\/p>\r\n\r\n<p style=\"text-align:justify\"><span style=\"font-size:11pt\"><span style=\"line-height:normal\"><span style=\"font-family:Calibri,sans-serif\"><a href=\"https:\/\/www.moveisdevalor.com.br\/portal\/como-os-argentinos-ja-dolarizam-a-economia-por-conta-propria?source=news\" style=\"color:blue; text-decoration:underline\"><span style=\"font-size:14.0pt\">Como os argentinos j&aacute; dolarizam a economia por conta pr&oacute;pria<\/span><\/a><\/span><\/span><\/span><\/p>\r\n\r\n<p style=\"text-align:justify\"><span style=\"font-size:11pt\"><span style=\"line-height:normal\"><span style=\"font-family:Calibri,sans-serif\"><a href=\"https:\/\/www.fibre2fashion.com\/news\/textile-news\/eurozone-s-pmi-falls-to-47-0-in-aug-2023-lowest-since-nov-2020-289698-newsdetails.htm\" style=\"color:blue; text-decoration:underline\"><span style=\"font-size:14.0pt\">Eurozone&#39;s PMI falls to 47.0 in Aug 2023, lowest since Nov 2020<\/span><\/a><\/span><\/span><\/span><\/p>\r\n\r\n<p style=\"text-align:justify\">&nbsp;<\/p>\r\n","texto_en":"","7":"","imagem":"COMP_banner-padrao-home-destaques-boletim-2023_20230830130842haQUSUefjx.jpeg","8":"COMP_banner-padrao-home-destaques-boletim-2023_20230830130842haQUSUefjx.jpeg","arquivo":"20230829-NOTICIAS-SEMANAIS.PDF","9":"20230829-NOTICIAS-SEMANAIS.PDF","titulo_arquivo":"20230829 Not\u00edcias Semanais ABINT","10":"20230829 Not\u00edcias Semanais ABINT","titulo_arquivo_en":"","11":"","created_at":"2023-08-30 13:08:51","12":"2023-08-30 13:08:51","updated_at":"2023-08-30 13:08:51","13":"2023-08-30 13:08:51"},{"id":79,"0":79,"ordem":144,"1":144,"data":"2023-08-22","2":"2023-08-22","slug":"boletim-de-noticias-semanais-76","3":"boletim-de-noticias-semanais-76","titulo":"Boletim de Not\u00edcias Semanais","4":"Boletim de Not\u00edcias Semanais","titulo_en":"","5":"","texto":"<p style=\"text-align:justify\"><span style=\"font-size:11pt\"><span style=\"line-height:normal\"><span style=\"font-family:Calibri,sans-serif\"><span style=\"font-size:14.0pt\">Esta &eacute; uma compila&ccedil;&atilde;o das not&iacute;cias mais relevantes para o setor, incluindo informa&ccedil;&otilde;es sobre acordos internacionais, economia brasileira, sustentabilidade e mat&eacute;rias primas, al&eacute;m de novidades do setor de N&atilde;otecidos e Tecidos T&eacute;cnicos.<\/span><\/span><\/span><\/span><\/p>\r\n\r\n<p class=\"MsoTitleCxSpFirst\" style=\"text-align:justify\"><span style=\"font-size:28pt\"><span style=\"font-family:Cambria,serif\"><span style=\"letter-spacing:-0.5pt\"><b><span style=\"font-size:18.0pt\"><span style=\"font-family:&quot;Calibri&quot;,sans-serif\"><span style=\"font-variant:small-caps\">Not&iacute;cias das Associadas<\/span><\/span><\/span><\/b><\/span><\/span><\/span><\/p>\r\n\r\n<p style=\"text-align:justify\"><span style=\"font-size:11pt\"><span style=\"line-height:normal\"><span style=\"font-family:Calibri,sans-serif\"><a href=\"https:\/\/www.nonwovens-industry.com\/contents\/view_breaking-news\/2023-08-16\/berry-names-new-ceo\/\" style=\"color:blue; text-decoration:underline\"><span style=\"font-size:14.0pt\">Berry Names New CEO<\/span><\/a><\/span><\/span><\/span><\/p>\r\n\r\n<p style=\"text-align:justify\"><span style=\"font-size:11pt\"><span style=\"line-height:normal\"><span style=\"font-family:Calibri,sans-serif\"><a href=\"https:\/\/www.technicaltextile.net\/news\/thai-firm-indorama-ventures-revenue-at-4-bn-in-q2-fy23-289507.html\" style=\"color:blue; text-decoration:underline\"><span style=\"font-size:14.0pt\">Thai firm Indorama Ventures&#39; revenue at $4 bn in Q2 FY23<\/span><\/a> <\/span><\/span><\/span><\/p>\r\n\r\n<p style=\"text-align:justify\"><span style=\"font-size:11pt\"><span style=\"line-height:normal\"><span style=\"font-family:Calibri,sans-serif\"><a href=\"https:\/\/www.technicaltextile.net\/news\/finnish-firm-suominen-corporation-s-net-sales-at-euro-229-5-mn-in-h1-fy23-289417.html\" style=\"color:blue; text-decoration:underline\"><span style=\"font-size:14.0pt\">Finnish firm Suominen Corporation&#39;s net sales at &euro;229.5 mn in H1 FY23<\/span><\/a><\/span><\/span><\/span><\/p>\r\n\r\n<p style=\"text-align:justify\"><span style=\"font-size:11pt\"><span style=\"line-height:normal\"><span style=\"font-family:Calibri,sans-serif\"><a href=\"https:\/\/www.nonwovens-industry.com\/contents\/view_breaking-news\/2023-08-16\/trutzschler-balkan-form-partnership?utm_campaign=NON+eNewsletter&amp;utm_medium=email&amp;_hsmi=270694511&amp;_hsenc=p2ANqtz--N5D2lWfBryQ5HNdlfo4hfaH_KVxBF8bMHQxKu20p1ziQe5ua_yq4WFkWgAzaWWbpTBtg8yhF5SO8DGyuV9upB7Bed1A&amp;utm_content=270694511&amp;utm_source=hs_email\" style=\"color:blue; text-decoration:underline\"><span style=\"font-size:14.0pt\">Tru\u0308tzschler, Balkan Form Partnership<\/span><\/a><\/span><\/span><\/span><\/p>\r\n\r\n<p style=\"text-align:justify\"><span style=\"font-size:28pt\"><span style=\"font-family:Cambria,serif\"><span style=\"letter-spacing:-0.5pt\"><b><span style=\"font-size:18.0pt\"><span style=\"font-family:&quot;Calibri&quot;,sans-serif\"><span style=\"font-variant:small-caps\">A&ccedil;&otilde;es da ABINT<\/span><\/span><\/span><\/b><\/span><\/span><\/span><\/p>\r\n\r\n<p class=\"MsoTitle\" style=\"text-align:justify; margin-bottom:20px\"><span style=\"font-size:18px\"><span style=\"box-sizing:border-box\"><span style=\"line-height:1.5\"><span style=\"color:#313f48\"><span style=\"font-family:&quot;Roboto Condensed&quot;, Helvetica, Arial, sans-serif\"><span style=\"font-style:normal\"><span style=\"font-variant-ligatures:normal\"><span style=\"font-weight:400\"><span style=\"white-space:normal\"><span style=\"background-color:#ffffff\"><span style=\"text-decoration-thickness:initial\"><span style=\"text-decoration-style:initial\"><span style=\"text-decoration-color:initial\"><img src=\"https:\/\/www.abint.org.br\/assets\/img\/editor\/e-mail-marketing-curso_20230815141055ssfktJt9Ag.jpg\" style=\"box-sizing:border-box; border-style:none; max-width:100%; width:500px; height:700px; object-fit:contain\" \/><\/span><\/span><\/span><\/span><\/span><\/span><\/span><\/span><\/span><\/span><\/span><\/span><\/span><\/p>\r\n\r\n<p class=\"MsoTitle\" style=\"text-align:justify; margin-bottom:20px\"><span style=\"font-size:18px\"><span style=\"box-sizing:border-box\"><span style=\"line-height:1.5\"><span style=\"color:#313f48\"><span style=\"font-family:&quot;Roboto Condensed&quot;, Helvetica, Arial, sans-serif\"><span style=\"font-style:normal\"><span style=\"font-variant-ligatures:normal\"><span style=\"font-weight:400\"><span style=\"white-space:normal\"><span style=\"background-color:#ffffff\"><span style=\"text-decoration-thickness:initial\"><span style=\"text-decoration-style:initial\"><span style=\"text-decoration-color:initial\"><span style=\"font-size:28pt\"><span style=\"box-sizing:border-box\"><span style=\"box-sizing:border-box\"><span style=\"line-height:56px\"><span style=\"box-sizing:border-box\"><span style=\"font-family:Cambria, serif\"><span style=\"box-sizing:border-box\"><span style=\"letter-spacing:-0.5pt\"><a href=\"https:\/\/www.abint.org.br\/informacao\/outros\/programacao-curso-abint-tecnologia-dos-naotecidos\" style=\"box-sizing:border-box; text-decoration:underline; color:blue; transition:color 0.3s ease 0s\"><b style=\"box-sizing:border-box; font-weight:bolder\"><span style=\"font-size:14pt\"><span style=\"box-sizing:border-box\"><span style=\"box-sizing:border-box\"><span style=\"line-height:28px\"><span style=\"box-sizing:border-box\"><span style=\"font-family:Calibri, sans-serif\"><span style=\"box-sizing:border-box\"><span style=\"color:blue\"><span style=\"box-sizing:border-box\"><span style=\"letter-spacing:0pt\">Programa&ccedil;&atilde;o<\/span><\/span><\/span><\/span><\/span><\/span><\/span><\/span><\/span><\/span><\/b><\/a><b style=\"box-sizing:border-box; font-weight:bolder\"><span style=\"font-size:14pt\"><span style=\"box-sizing:border-box\"><span style=\"box-sizing:border-box\"><span style=\"line-height:28px\"><span style=\"box-sizing:border-box\"><span style=\"font-family:Calibri, sans-serif\"><span style=\"box-sizing:border-box\"><span style=\"color:blue\"><span style=\"box-sizing:border-box\"><span style=\"letter-spacing:0pt\">&nbsp;\/&nbsp;<span style=\"font-size:28pt\"><span style=\"box-sizing:border-box\"><span style=\"box-sizing:border-box\"><span style=\"line-height:56px\"><span style=\"box-sizing:border-box\"><span style=\"font-family:Cambria, serif\"><span style=\"box-sizing:border-box\"><span style=\"letter-spacing:-0.5pt\"><a href=\"https:\/\/www.abint.org.br\/informacao\/outros\/informacoes-curso-abint-tecnologia-dos-naotecidos\" style=\"box-sizing:border-box; text-decoration:underline; color:blue; transition:color 0.3s ease 0s\"><b style=\"box-sizing:border-box; font-weight:bolder\"><span style=\"font-size:14pt\"><span style=\"box-sizing:border-box\"><span style=\"box-sizing:border-box\"><span style=\"line-height:28px\"><span style=\"box-sizing:border-box\"><span style=\"font-family:Calibri, sans-serif\"><span style=\"box-sizing:border-box\"><span style=\"color:blue\"><span style=\"box-sizing:border-box\"><span style=\"letter-spacing:0pt\">Informa&ccedil;&otilde;es<\/span><\/span><\/span><\/span><\/span><\/span><\/span><\/span><\/span><\/span><\/b><\/a><b style=\"box-sizing:border-box; font-weight:bolder\"><span style=\"font-size:14pt\"><span style=\"box-sizing:border-box\"><span style=\"box-sizing:border-box\"><span style=\"line-height:28px\"><span style=\"box-sizing:border-box\"><span style=\"font-family:Calibri, sans-serif\"><span style=\"box-sizing:border-box\"><span style=\"color:blue\"><span style=\"box-sizing:border-box\"><span style=\"letter-spacing:0pt\">&nbsp;\/&nbsp;<\/span><\/span><\/span><\/span><\/span><\/span><\/span><\/span><\/span><\/span><\/b><\/span><\/span><\/span><\/span><\/span><\/span><\/span><\/span><\/span><\/span><\/span><\/span><\/span><\/span><\/span><\/span><\/span><\/span><\/b><\/span><\/span><\/span><\/span><\/span><\/span><\/span><\/span><span style=\"font-size:11pt\"><span style=\"box-sizing:border-box\"><span style=\"box-sizing:border-box\"><span style=\"line-height:16.8667px\"><span style=\"box-sizing:border-box\"><span style=\"font-family:Calibri, sans-serif\"><a href=\"https:\/\/forms.gle\/E5bZXpiNh7wZ9kcQ6\" style=\"box-sizing:border-box; text-decoration:underline; color:blue; transition:color 0.3s ease 0s\"><b style=\"box-sizing:border-box; font-weight:bolder\"><span style=\"font-size:14pt\"><span style=\"box-sizing:border-box\"><span style=\"box-sizing:border-box\"><span style=\"line-height:21.4667px\"><span style=\"box-sizing:border-box\"><span style=\"color:blue\">Inscri&ccedil;&otilde;es<\/span><\/span><\/span><\/span><\/span><\/span><\/b><\/a><\/span><\/span><\/span><\/span><\/span><\/span><\/span><\/span><\/span><\/span><\/span><\/span><\/span><\/span><\/span><\/span><\/span><\/span><\/span><\/p>\r\n\r\n<p class=\"MsoTitle\" style=\"text-align:justify; margin-bottom:20px\"><span style=\"font-size:18px\"><span style=\"box-sizing:border-box\"><span style=\"line-height:1.5\"><span style=\"color:#313f48\"><span style=\"font-family:&quot;Roboto Condensed&quot;, Helvetica, Arial, sans-serif\"><span style=\"font-style:normal\"><span style=\"font-variant-ligatures:normal\"><span style=\"font-weight:400\"><span style=\"white-space:normal\"><span style=\"background-color:#ffffff\"><span style=\"text-decoration-thickness:initial\"><span style=\"text-decoration-style:initial\"><span style=\"text-decoration-color:initial\"><span style=\"font-size:11pt\"><span style=\"box-sizing:border-box\"><span style=\"box-sizing:border-box\"><span style=\"line-height:16.8667px\"><span style=\"box-sizing:border-box\"><span style=\"font-family:Calibri, sans-serif\"><b style=\"box-sizing:border-box; font-weight:bolder\"><span style=\"font-size:14pt\"><span style=\"box-sizing:border-box\"><span style=\"box-sizing:border-box\"><span style=\"line-height:21.4667px\"><span style=\"box-sizing:border-box\"><span style=\"color:blue\"><img src=\"https:\/\/www.abint.org.br\/assets\/img\/editor\/capa-live-ic-11092023_20230822145534YV5DJMnz6h.png\" style=\"width: 500px; height: 281px;\" \/><\/span><\/span><\/span><\/span><\/span><\/span><\/b><\/span><\/span><\/span><\/span><\/span><\/span><\/span><\/span><\/span><\/span><\/span><\/span><\/span><\/span><\/span><\/span><\/span><\/span><\/span><\/p>\r\n\r\n<p class=\"MsoTitle\" style=\"text-align:justify; margin-bottom:20px\"><b><span style=\"font-size:14.0pt\"><span style=\"line-height:115%\"><span style=\"font-family:&quot;Calibri&quot;,sans-serif\">Dia 11\/09, &agrave;s 18h, o CTG ABINT e a IGS Brasil <\/span><\/span><\/span><\/b><span style=\"font-size:14.0pt\"><span style=\"line-height:115%\"><span style=\"font-family:&quot;Calibri&quot;,sans-serif\">receber&atilde;o, em uma live no YouTube da Geotecnia Brasil,<b> os vencedores da Categoria Inicia&ccedil;&atilde;o Cient&iacute;fica da edi&ccedil;&atilde;o 2022\/2023<\/b> do Pr&ecirc;mio TCC\/IC Tecnologia em Geossint&eacute;ticos &ldquo;Benedito de Souza Bueno&rdquo;.<\/span><\/span><\/span><\/p>\r\n\r\n<p class=\"MsoTitle\" style=\"text-align:justify; margin-bottom:20px\">&nbsp;<\/p>\r\n\r\n<p class=\"MsoTitle\" style=\"text-align:justify; margin-bottom:20px\"><span style=\"font-size:14.0pt\"><span style=\"line-height:115%\"><span style=\"font-family:&quot;Calibri&quot;,sans-serif\"><img src=\"https:\/\/www.abint.org.br\/assets\/img\/editor\/capa-live-tcc-12092023_20230822145608jortReBZK9.png\" style=\"width: 500px; height: 281px;\" \/><\/span><\/span><\/span><\/p>\r\n\r\n<p class=\"MsoTitle\" style=\"text-align:justify; margin-bottom:20px\"><b><span style=\"font-size:14.0pt\"><span style=\"line-height:115%\"><span style=\"font-family:&quot;Calibri&quot;,sans-serif\">E dia 12\/09, &agrave;s 18h, ser&aacute; a vez de CTG ABINT e IGS Brasil <\/span><\/span><\/span><\/b><span style=\"font-size:14.0pt\"><span style=\"line-height:115%\"><span style=\"font-family:&quot;Calibri&quot;,sans-serif\">receberem, tamb&eacute;m no YouTube da Geotecnia Brasil,<b> os vencedores da Categoria Trabalho de Conclus&atilde;o de Curso da edi&ccedil;&atilde;o 2022\/2023<\/b> do Pr&ecirc;mio TCC\/IC Tecnologia em Geossint&eacute;ticos &ldquo;Benedito de Souza Bueno&rdquo;.<\/span><\/span><\/span><\/p>\r\n\r\n<p class=\"MsoTitle\" style=\"text-align:justify; margin-bottom:20px\">&nbsp;<\/p>\r\n\r\n<p class=\"MsoTitle\" style=\"text-align:justify; margin-bottom:20px\"><span style=\"font-size:18px\"><span style=\"box-sizing:border-box\"><span style=\"line-height:1.5\"><span style=\"color:#313f48\"><span style=\"font-family:&quot;Roboto Condensed&quot;, Helvetica, Arial, sans-serif\"><span style=\"font-style:normal\"><span style=\"font-variant-ligatures:normal\"><span style=\"font-weight:400\"><span style=\"white-space:normal\"><span style=\"background-color:#ffffff\"><span style=\"text-decoration-thickness:initial\"><span style=\"text-decoration-style:initial\"><span style=\"text-decoration-color:initial\"><span style=\"font-size:11pt\"><span style=\"box-sizing:border-box\"><span style=\"box-sizing:border-box\"><span style=\"line-height:16.8667px\"><span style=\"box-sizing:border-box\"><span style=\"font-family:Calibri, sans-serif\"><b style=\"box-sizing:border-box; font-weight:bolder\"><span style=\"font-size:14pt\"><span style=\"box-sizing:border-box\"><span style=\"box-sizing:border-box\"><span style=\"line-height:21.4667px\"><span style=\"box-sizing:border-box\"><span style=\"color:blue\"><img src=\"https:\/\/www.abint.org.br\/assets\/img\/editor\/congresso-internacional-abit-2023_202308151414212LkdNBSzdA.png\" style=\"box-sizing:border-box; border-style:none; width:500px; height:442px\" \/><\/span><\/span><\/span><\/span><\/span><\/span><\/b><\/span><\/span><\/span><\/span><\/span><\/span><\/span><\/span><\/span><\/span><\/span><\/span><\/span><\/span><\/span><\/span><\/span><\/span><\/span><\/p>\r\n\r\n<p style=\"text-align:justify; margin-bottom:20px\"><span style=\"font-size:18px\"><span style=\"box-sizing:border-box\"><span style=\"line-height:1.5\"><span style=\"color:#313f48\"><span style=\"font-family:&quot;Roboto Condensed&quot;, Helvetica, Arial, sans-serif\"><span style=\"font-style:normal\"><span style=\"font-variant-ligatures:normal\"><span style=\"font-weight:400\"><span style=\"white-space:normal\"><span style=\"background-color:#ffffff\"><span style=\"text-decoration-thickness:initial\"><span style=\"text-decoration-style:initial\"><span style=\"text-decoration-color:initial\"><span style=\"font-size:11pt\"><span style=\"box-sizing:border-box\"><span style=\"box-sizing:border-box\"><span style=\"line-height:normal\"><span style=\"box-sizing:border-box\"><span style=\"font-family:Calibri, sans-serif\"><b style=\"box-sizing:border-box; font-weight:bolder\"><span style=\"font-size:14pt\"><span style=\"box-sizing:border-box\">A ABINT &eacute; uma das patrocinadoras do Congresso Internacional ABIT 2023,&nbsp;<\/span><\/span><\/b><span style=\"font-size:14pt\"><span style=\"box-sizing:border-box\">que ocorrer&aacute;<b style=\"box-sizing:border-box; font-weight:bolder\">&nbsp;dias 08 e 09 de novembro, na FIESC, Florian&oacute;polis, SC.&nbsp;<\/b><\/span><\/span><\/span><\/span><\/span><\/span><span style=\"box-sizing:border-box\"><span style=\"line-height:16.8667px\"><span style=\"box-sizing:border-box\"><span style=\"font-family:Calibri, sans-serif\"><a href=\"https:\/\/t.rdsv1.net\/ls\/click?upn=LFSWB5boDXSqxt4eHgA5r3YUv3HG6yY4XTXT-2BpjEpFmt56yR61Gu09ER-2Bq95-2FgFAbN46ClwLMWPZzveVybfat1CKHOKhUUtOIVaFgsR5U28dlEKVouFrV1iSMaKnlWHCANmwKiZ4x1Oy9BDRL5tuTGPXgO91zEc1uo-2FbtPYQFm3y4fMGnbuiV3FEKs9g9uy1l2sL_iW8zc4KBvTUX2z9kws1M6pjQI9DpNNh-2Fk6fgMN4DbaFx-2BL1o5swSv2HtiLB2iGFhqxZ0654f80VOIjakRycDjcrdu1MF6BdTRc4d4wYs0wcxXXPsRygypvnzeOAhjjgiEkGX1jMsv1FD9IiN0mt5TiPA-2F-2FcYbMJqgkOyyeRxcI4izBTlMz4tYAchHCwHneJZvJXH0y9HeVp67XkJynQGH21X32t2y1CeSaYEq0zVO-2BnyLK4mDGipKkH-2FZQCwU2MKfdHIIgVMZzvyz5G5cXFeOFC58YiNyn2cnMPO14gymNMfyWFH-2BHHlC3b47l7V1Qmqxs4es-2BeyjBwNpbTVF3mKTVfvVN8KGLr0cqLDBhDLHrW7KPcTfpWgS5gfvWdAKEPOEmZKoo4k2kAi0PFh6jxFYAV2tXcAZfbY2kx8RXrY81D1SMCEBW0alhXBRKfUMvljxKCVojmlXya75YoxeWm0PKiSpaikvnyQHb1SYVAvooBBGQr8kVTT7gfi2jpYOB7Yz3v8ovwiOQwMF4kMzI4BGg58Stg7NIyaStQsDmhOsSp6GMNA3SG1UPw-2Fljh3rhjS-2BFt0EiGPe9cI33b9n1X0Y0ud-2BOFmeXkp5V9mMyq0eViPM4g6fXMuiRQFG1Lhn1lb5TsAtW9vCVxHdYrOB-2F6cV4-2FiOK5JwicsxDApwdvwvys-3D\" style=\"box-sizing:border-box; text-decoration:underline; color:blue; transition:color 0.3s ease 0s\"><span style=\"font-size:14pt\"><span style=\"box-sizing:border-box\"><span style=\"box-sizing:border-box\"><span style=\"line-height:21.4667px\">Informa&ccedil;&otilde;es<\/span><\/span><\/span><\/span><\/a><\/span><\/span><\/span><\/span><\/span><\/span><\/span><\/span><\/span><\/span><\/span><\/span><\/span><\/span><\/span><\/span><\/span><\/span><\/span><\/p>\r\n\r\n<p style=\"text-align:justify; margin-bottom:20px\">&nbsp;<\/p>\r\n\r\n<p style=\"text-align:justify\"><span style=\"font-size:11pt\"><span style=\"line-height:normal\"><span style=\"font-family:Calibri,sans-serif\"><b><span style=\"font-size:18.0pt\"><span style=\"font-variant:small-caps\">Eventos<\/span><\/span><\/b><\/span><\/span><\/span><\/p>\r\n\r\n<p style=\"text-align:justify\"><span style=\"font-size:11pt\"><span style=\"line-height:normal\"><span style=\"font-family:Calibri,sans-serif\"><b><span style=\"font-size:14.0pt\">2&ordf; FEBRATEX SUMMIT 2023, <\/span><\/b><span style=\"font-size:14.0pt\">dias 23 e 24 de agosto de 2023, no Parque Vila Germ&acirc;nica, Blumenau &ndash; SC. <\/span><a href=\"https:\/\/www.sympla.com.br\/evento\/febratex-summit-2023-2-edicao\/1722288?utm_term=%28PAUTA%29+Falta+menos+de+um+mes+para+a+2%3F%3F%3F%3F+edicao+do+Febratex+Summit&amp;utm_campaign=Vale+do+Itajai&amp;utm_source=e-goi&amp;utm_medium=email\" style=\"color:blue; text-decoration:underline\"><span style=\"font-size:14.0pt\">Informa&ccedil;&otilde;es<\/span><\/a><\/span><\/span><\/span><\/p>\r\n\r\n<p style=\"text-align:justify\"><span style=\"font-size:11pt\"><span style=\"line-height:normal\"><span style=\"font-family:Calibri,sans-serif\"><b><span style=\"font-size:14.0pt\">9&ordm; F&oacute;rum Infraestrutura Grandes Constru&ccedil;&otilde;es | Modais de Transportes: novos caminhos, <\/span><\/b><span style=\"font-size:14.0pt\">24 de agosto de 2023, 15h00, evento online e gratuito. <\/span><a href=\"https:\/\/www.sobratemaforum.com.br\/\" style=\"color:blue; text-decoration:underline\"><span style=\"font-size:14.0pt\">Informa&ccedil;&otilde;es<\/span><\/a><b> <\/b><\/span><\/span><\/span><\/p>\r\n\r\n<p style=\"text-align:justify\"><span style=\"font-size:11pt\"><span style=\"line-height:normal\"><span style=\"font-family:Calibri,sans-serif\"><b><span style=\"font-size:14.0pt\">Webinar Abit | Investimentos na ind&uacute;stria T&amp;C mundial e a Agenda Verde Europeia<\/span><\/b><span style=\"font-size:14.0pt\">, 24 de agosto de 2023, 14h &agrave;s 16h, evento gratuito. <\/span><a href=\"https:\/\/app.rdstation.email\/mail\/d2796237-d948-4293-9d1d-b0d4ca34b41a?utm_campaign=evento_investimento_na_industria_tc_mundial&amp;utm_medium=email&amp;utm_source=RD+Station\" style=\"color:blue; text-decoration:underline\"><span style=\"font-size:14.0pt\">Informa&ccedil;&otilde;es<\/span><\/a> <\/span><\/span><\/span><\/p>\r\n\r\n<p style=\"text-align:justify\"><span style=\"font-size:11pt\"><span style=\"line-height:normal\"><span style=\"font-family:Calibri,sans-serif\"><b><span style=\"font-size:14.0pt\">INDA Webinars | PFAS Use and Elimination in Nonwoven Textile Finishing<\/span><\/b><span class=\"MsoHyperlink\" style=\"color:blue\"><span style=\"text-decoration:underline\"><span style=\"font-size:14.0pt\"><span style=\"text-decoration:none\"><span style=\"text-underline:none\">, <\/span><\/span><\/span><\/span><\/span><span style=\"font-size:14.0pt\">Thursday, August 24th, 11 am EDT. <\/span><a href=\"https:\/\/www.inda.org\/inda-webinars\/\" style=\"color:blue; text-decoration:underline\"><span style=\"font-size:14.0pt\">Full details<\/span><\/a><\/span><\/span><\/span><\/p>\r\n\r\n<p style=\"text-align:justify\"><span style=\"font-size:11pt\"><span style=\"line-height:normal\"><span style=\"font-family:Calibri,sans-serif\"><b><span style=\"font-size:14.0pt\">JEC Composites Talks Brasil,<\/span><\/b><span style=\"font-size:14.0pt\"> 24 de agosto de 2023, 13h, Hotel Renaissance, S&atilde;o Paulo. Confirmar presen&ccedil;a at&eacute; 11\/08 pelo e-mail <\/span><a href=\"mailto:marketing@almaco.org.br\" style=\"color:blue; text-decoration:underline\"><span style=\"font-size:14.0pt\">marketing@almaco.org.br<\/span><\/a><span style=\"font-size:14.0pt\"> . <\/span><a href=\"https:\/\/emailmarketing.locaweb.com.br\/accounts\/116830\/messages\/460?email=abint@abint.org.br&amp;c=1690465349&amp;contact_id=110&amp;envelope_id=352\" style=\"color:blue; text-decoration:underline\"><span style=\"font-size:14.0pt\">Programa&ccedil;&atilde;o<\/span><\/a> <\/span><\/span><\/span><\/p>\r\n\r\n<p style=\"text-align:justify\"><span style=\"font-size:11pt\"><span style=\"line-height:normal\"><span style=\"font-family:Calibri,sans-serif\"><b><span style=\"font-size:14.0pt\">FIMMA BRASIL - Feira Internacional de Fornecedores da Cadeia Produtiva Madeira e M&oacute;veis<\/span><\/b><span style=\"font-size:14.0pt\">, 28 a 31 de agosto de 2023, das 10h &agrave;s 19h, Bento Gon&ccedil;alves, RS. <\/span><a href=\"https:\/\/fimma.com.br\/\" style=\"color:blue; text-decoration:underline\"><span style=\"font-size:14.0pt\">Informa&ccedil;&otilde;es<\/span><\/a> <\/span><\/span><\/span><\/p>\r\n\r\n<p style=\"text-align:justify\"><span style=\"font-size:11pt\"><span style=\"line-height:normal\"><span style=\"font-family:Calibri,sans-serif\"><b><span style=\"font-size:14.0pt\">Workshop Abit | Bloco K 2024 - Obrigatoriedade e Implica&ccedil;&otilde;es Operacionais<\/span><\/b><span style=\"font-size:14.0pt\">, 06 de setembro de 2023, 09h30 &agrave;s 11h00, evento online. <\/span><a href=\"https:\/\/app.rdstation.email\/mail\/0fb2830d-08b6-4ae3-81b4-b161ab0c587e?utm_campaign=convite_workshop_bloco_k&amp;utm_medium=email&amp;utm_source=RD+Station\" style=\"color:blue; text-decoration:underline\"><span style=\"font-size:14.0pt\">Informa&ccedil;&otilde;es<\/span><\/a> <\/span><\/span><\/span><\/p>\r\n\r\n<p style=\"text-align:justify\"><span style=\"font-size:11pt\"><span style=\"line-height:normal\"><span style=\"font-family:Calibri,sans-serif\"><b><span style=\"font-size:14.0pt\">22&ordf; FEBRAVA - Feira Internacional de Refrigera&ccedil;&atilde;o, Ar-Condicionado, Ventila&ccedil;&atilde;o, Aquecimento, Tratamento de Ar e de &Aacute;guas<\/span><\/b><span style=\"font-size:14.0pt\">, 12 a 15 de setembro de 2023, S&atilde;o Paulo Expo. <\/span><a href=\"https:\/\/www.febrava.com.br\/pt-br.html\" style=\"color:blue; text-decoration:underline\"><span style=\"font-size:14.0pt\">Informa&ccedil;&otilde;es<\/span><\/a> <\/span><\/span><\/span><\/p>\r\n\r\n<p style=\"text-align:justify\"><span style=\"font-size:11pt\"><span style=\"line-height:normal\"><span style=\"font-family:Calibri,sans-serif\"><b><span style=\"font-size:14.0pt\">18&ordm; CONBRAVA &ndash; Congresso Brasileiro de Refrigera&ccedil;&atilde;o, Ar-Condicionado, Ventila&ccedil;&atilde;o, Aquecimento e Tratamento de Ar | &ldquo;AVACR rumo ao um futuro sustent&aacute;vel e saud&aacute;vel&rdquo;, <\/span><\/b><span style=\"font-size:14.0pt\">13 a 15 de setembro de 2023, S&atilde;o Paulo Expo, SP. <\/span><a href=\"http:\/\/conbrava.comercial.ws\/site\/\" style=\"color:blue; text-decoration:underline\"><span style=\"font-size:14.0pt\">Informa&ccedil;&otilde;es<\/span><\/a> <\/span><\/span><\/span><\/p>\r\n\r\n<p style=\"text-align:justify\"><span style=\"font-size:11pt\"><span style=\"line-height:normal\"><span style=\"font-family:Calibri,sans-serif\"><b><span style=\"font-size:14.0pt\">Abiplast\/Sindiplast &amp; Pl&aacute;sticos em Revista | 13&ordm; Semin&aacute;rio Competitividade<\/span><\/b><span style=\"font-size:14.0pt\">, 19 de setembro de 2023, Hotel Meli&aacute;, Av. Paulista, 2181. <\/span><a href=\"https:\/\/plasticosemrevista.com.br\/competitividade-2023-inscricao\/\" style=\"color:blue; text-decoration:underline\"><span style=\"font-size:14.0pt\">Informa&ccedil;&otilde;es<\/span><\/a> <\/span><\/span><\/span><\/p>\r\n\r\n<p style=\"text-align:justify\"><span style=\"font-size:11pt\"><span style=\"line-height:normal\"><span style=\"font-family:Calibri,sans-serif\"><b><span style=\"font-size:14.0pt\">NASCE CME | Conale 2023 - 5&ordf; Edi&ccedil;&atilde;o: Multici&ecirc;ncia e o Estado da Arte nos Processos de Limpeza e Esteriliza&ccedil;&atilde;o<\/span><\/b><span style=\"font-size:14.0pt\">, 23 e 24 de setembro, evento online. <\/span><a href=\"http:\/\/nascecme.com.br\/programa-conale-2023\/\" style=\"color:blue; text-decoration:underline\"><span style=\"font-size:14.0pt\">Programa&ccedil;&atilde;o<\/span><\/a> <\/span><\/span><\/span><\/p>\r\n\r\n<p style=\"text-align:justify\"><span style=\"font-size:11pt\"><span style=\"line-height:normal\"><span style=\"font-family:Calibri,sans-serif\"><b><span style=\"font-size:14.0pt\">CNI\/ SEBRAE | 10&ordm; Congresso Internacional da Inova&ccedil;&atilde;o da Ind&uacute;stria<\/span><\/b><span style=\"font-size:14.0pt\">, 27 e 28 de setembro de 2023, S&atilde;o Paulo Expo.<\/span> <a href=\"https:\/\/www.congressodeinovacao.com.br\/?utm_source=comext&amp;utm_medium=email&amp;utm_campaign=eventos&amp;utm_content=id00053#msdynttrid=gg5jXwSFR7qM4vHH2tKGau3cTwSFDneTjMUhrcPg7vE\" style=\"color:blue; text-decoration:underline\"><span style=\"font-size:14.0pt\">Informa&ccedil;&otilde;es<\/span><\/a> <\/span><\/span><\/span><\/p>\r\n\r\n<p style=\"text-align:justify\"><span style=\"font-size:11pt\"><span style=\"line-height:normal\"><span style=\"font-family:Calibri,sans-serif\"><b><span style=\"font-size:14.0pt\">Semin&aacute;rio Abiquim de Tecnologia e Inova&ccedil;&atilde;o 2023, <\/span><\/b><span style=\"font-size:14.0pt\">05 de outubro de 2023, 08h30 &agrave;s 17h30, evento presencial, S&atilde;o Paulo, SP.<\/span><\/span><\/span><\/span><\/p>\r\n\r\n<p style=\"text-align:justify\"><span style=\"font-size:11pt\"><span style=\"line-height:normal\"><span style=\"font-family:Calibri,sans-serif\"><b><span style=\"font-size:14.0pt\">FiltXPO&trade; 2023<\/span><\/b><span class=\"MsoHyperlink\" style=\"color:blue\"><span style=\"text-decoration:underline\"><span style=\"font-size:14.0pt\"><span style=\"text-decoration:none\"><span style=\"text-underline:none\">, <\/span><\/span><\/span><\/span><\/span><span style=\"font-size:14.0pt\">October 10-12, 2023 at Navy Pier in Chicago, Illinois<\/span><span class=\"MsoHyperlink\" style=\"color:blue\"><span style=\"text-decoration:underline\"><span style=\"font-size:14.0pt\"><span style=\"text-decoration:none\"><span style=\"text-underline:none\">. <\/span><\/span><\/span><\/span><\/span><a href=\"https:\/\/www.filtxpo.com\/\" style=\"color:blue; text-decoration:underline\"><span style=\"font-size:14.0pt\">Informa&ccedil;&otilde;es<\/span><\/a> <\/span><\/span><\/span><\/p>\r\n\r\n<p style=\"text-align:justify\"><span style=\"font-size:11pt\"><span style=\"line-height:normal\"><span style=\"font-family:Calibri,sans-serif\"><b><span style=\"font-size:14.0pt\">CONAHP 2023<\/span><\/b><span style=\"font-size:14.0pt\">, 18 e 19 de outubro, Transamerica Expo Center, S&atilde;o Paulo, SP. <\/span><a href=\"https:\/\/conahp.org.br\/2023\/\" style=\"color:blue; text-decoration:underline\"><span style=\"font-size:14.0pt\">Informa&ccedil;&otilde;es<\/span><\/a> <\/span><\/span><\/span><\/p>\r\n\r\n<p style=\"text-align:justify\"><span style=\"font-size:11pt\"><span style=\"line-height:normal\"><span style=\"font-family:Calibri,sans-serif\"><b><span style=\"font-size:14.0pt\">V Congreso Sudamericano de Composites, Poliuretano y Pl&aacute;sticos de Ingenier&iacute;a, <\/span><\/b><span style=\"font-size:14.0pt\">24 e 25 de outubro de 2023, Bogot&aacute;, Col&ocirc;mbia. <\/span><a href=\"http:\/\/www.congresosudamericano.com\/blog.html\" style=\"color:blue; text-decoration:underline\"><span style=\"font-size:14.0pt\">Informa&ccedil;&otilde;es<\/span><\/a> <\/span><\/span><\/span><\/p>\r\n\r\n<p style=\"text-align:justify\"><span style=\"font-size:11pt\"><span style=\"line-height:normal\"><span style=\"font-family:Calibri,sans-serif\"><b><span style=\"font-size:14.0pt\">Abrafiltros | 2&ordm; Semin&aacute;rio Brasileiro de Filtros<\/span><\/b><span style=\"font-size:14.0pt\">, 08 de novembro de 2023.<\/span><\/span><\/span><\/span><\/p>\r\n\r\n<p style=\"text-align:justify\"><span style=\"font-size:11pt\"><span style=\"line-height:normal\"><span style=\"font-family:Calibri,sans-serif\"><b><span style=\"font-size:14.0pt\">FEIPLAR COMPOSITES &amp; FEIPUR &ndash; Feira e Congresso Internacionais de Composites, Poliuretano, Pl&aacute;sticos de Engenharia e Compostos Termopl&aacute;sticos<\/span><\/b><span style=\"font-size:14.0pt\">, 20 a 22 de agosto de 2024, S&atilde;o Paulo Expo (Pavilh&atilde;o 5), palestras: das 8h30 &agrave;s 18h, feira: das 13h &agrave;s 20h.<b> <\/b><\/span><a href=\"http:\/\/www.feiplar.com\" style=\"color:blue; text-decoration:underline\"><span style=\"font-size:14.0pt\">www.feiplar.com<\/span><\/a> <\/span><\/span><\/span><\/p>\r\n\r\n<p style=\"text-align:justify\"><span style=\"font-size:28pt\"><span style=\"font-family:Cambria,serif\"><span style=\"letter-spacing:-0.5pt\"><b><span style=\"font-size:18.0pt\"><span style=\"font-family:&quot;Calibri&quot;,sans-serif\"><span style=\"font-variant:small-caps\">Setor<\/span><\/span><\/span><\/b><\/span><\/span><\/span><\/p>\r\n\r\n<p style=\"text-align:justify\"><span style=\"font-size:11pt\"><span style=\"line-height:normal\"><span style=\"font-family:Calibri,sans-serif\"><a href=\"https:\/\/www.globenewswire.com\/news-release\/2023\/08\/16\/2726101\/0\/en\/Nonwoven-Fabrics-Market-revenue-to-hit-USD-125-99-Billion-by-2035-says-Research-Nester.html\" style=\"color:blue; text-decoration:underline\"><span style=\"font-size:14.0pt\">Nonwoven Fabrics Market revenue to hit USD 125.99 Billion by 2035, says Research Nester<\/span><\/a><\/span><\/span><\/span><\/p>\r\n\r\n<p style=\"text-align:justify\"><span style=\"font-size:11pt\"><span style=\"line-height:normal\"><span style=\"font-family:Calibri,sans-serif\"><a href=\"https:\/\/abiquim.org.br\/comunicacao\/noticia\/10899\" style=\"color:blue; text-decoration:underline\"><span style=\"font-size:14.0pt\">Demanda por resinas termopl&aacute;sticas cresce 1,8% no 1&ordm; trimestre de 2023<\/span><\/a><\/span><\/span><\/span><\/p>\r\n\r\n<p style=\"text-align:justify\"><span style=\"font-size:11pt\"><span style=\"line-height:normal\"><span style=\"font-family:Calibri,sans-serif\"><a href=\"https:\/\/plasticosemrevista.com.br\/cenario-global-tolhe-desempenho-da-braskem\/\" style=\"color:blue; text-decoration:underline\"><span style=\"font-size:14.0pt\">Cen&aacute;rio global tolhe desempenho da Braskem<\/span><\/a><\/span><\/span><\/span><\/p>\r\n\r\n<p style=\"text-align:justify\"><span style=\"font-size:11pt\"><span style=\"line-height:normal\"><span style=\"font-family:Calibri,sans-serif\"><a href=\"https:\/\/www.innovationintextiles.com\/future-focus-for-nonwovens-network\/\" style=\"color:blue; text-decoration:underline\"><span style=\"font-size:14.0pt\">Future focus for Nonwovens Network: Sustainability will be high on the agenda, with the keynote speech addressing the theme of achieving a zero waste future for textiles<\/span><\/a><\/span><\/span><\/span><\/p>\r\n\r\n<p style=\"text-align:justify\"><span style=\"font-size:11pt\"><span style=\"line-height:normal\"><span style=\"font-family:Calibri,sans-serif\"><a href=\"http:\/\/abimovel.com\/varejo-de-moveis-e-colchoes-abimovel-divulga-dados-atualizados-do-1o-semestre\/?utm_campaign=varejo_de_moveis_e_colchoes_abimovel_divulga_dados_atualizados_do_1_semestre&amp;utm_medium=email&amp;utm_source=RD+Station\" style=\"color:blue; text-decoration:underline\"><span style=\"font-size:14.0pt\">Varejo de m&oacute;veis e colch&otilde;es: ABIM&Oacute;VEL divulga dados atualizados do 1&ordm; semestre<\/span><\/a><\/span><\/span><\/span><\/p>\r\n\r\n<p style=\"text-align:justify\"><span style=\"font-size:11pt\"><span style=\"line-height:normal\"><span style=\"font-family:Calibri,sans-serif\"><a href=\"https:\/\/www.cariacica.es.gov.br\/noticias\/72453\/inauguracao-da-geomanta-entre-boa-sorte-e-vale-esperanca-leva-tranquilidade-para-os-moradores\" style=\"color:blue; text-decoration:underline\"><span style=\"font-size:14.0pt\">Cariacica (ES): Inaugura&ccedil;&atilde;o da geomanta entre Boa Sorte e Vale Esperan&ccedil;a leva tranquilidade para os moradores<\/span><\/a><\/span><\/span><\/span><\/p>\r\n\r\n<p style=\"text-align:justify\"><span style=\"font-size:11pt\"><span style=\"line-height:normal\"><span style=\"font-family:Calibri,sans-serif\"><a href=\"https:\/\/www.comprerural.com\/conheca-os-tipos-de-lonas-para-silo-e-seus-cuidados\/\" style=\"color:blue; text-decoration:underline\"><span style=\"font-size:14.0pt\">Conhe&ccedil;a os tipos de lonas para silos<\/span><\/a><\/span><\/span><\/span><\/p>\r\n\r\n<p style=\"text-align:justify\"><span style=\"font-size:28pt\"><span style=\"font-family:Cambria,serif\"><span style=\"letter-spacing:-0.5pt\"><b><span style=\"font-size:18.0pt\"><span style=\"font-family:&quot;Calibri&quot;,sans-serif\"><span style=\"font-variant:small-caps\">Ind&uacute;stria<\/span><\/span><\/span><\/b><\/span><\/span><\/span><\/p>\r\n\r\n<p style=\"text-align:justify\"><span style=\"font-size:11pt\"><span style=\"line-height:normal\"><span style=\"font-family:Calibri,sans-serif\"><a href=\"https:\/\/noticias.portaldaindustria.com.br\/noticias\/economia\/producao-industrial-cai-em-julho-mas-empresarios-seguem-otimistas-avalia-cni\/\" style=\"color:blue; text-decoration:underline\"><span style=\"font-size:14.0pt\">Produ&ccedil;&atilde;o industrial cai em julho, mas empres&aacute;rios seguem otimistas, avalia CNI<\/span><\/a><\/span><\/span><\/span><\/p>\r\n\r\n<p style=\"text-align:justify\"><span style=\"font-size:11pt\"><span style=\"line-height:normal\"><span style=\"font-family:Calibri,sans-serif\"><a href=\"https:\/\/noticias.portaldaindustria.com.br\/noticias\/economia\/agenda-cni-indice-de-confianca-de-29-setores-industriais-em-agosto\/\" style=\"color:blue; text-decoration:underline\"><span style=\"font-size:14.0pt\">Agenda CNI: &Iacute;ndice de Confian&ccedil;a de 29 setores industriais em agosto<\/span><\/a><\/span><\/span><\/span><\/p>\r\n\r\n<p style=\"text-align:justify\"><span style=\"font-size:11pt\"><span style=\"line-height:normal\"><span style=\"font-family:Calibri,sans-serif\"><a href=\"https:\/\/epbr.com.br\/aterros-sanitarios-sao-solucoes-verdes-para-a-transicao-energetica-do-brasil\/?utm_source=newsletters+epbr&amp;utm_campaign=f3f0a5dcd7-vem-pro-potencializee-20220628_COPY_01&amp;utm_medium=email&amp;utm_term=0_5931171aac-f3f0a5dcd7-466362780\" style=\"color:blue; text-decoration:underline\"><span style=\"font-size:14.0pt\">Aterros sanit&aacute;rios s&atilde;o solu&ccedil;&otilde;es verdes para a transi&ccedil;&atilde;o energ&eacute;tica do Brasil<\/span><\/a><\/span><\/span><\/span><\/p>\r\n\r\n<p style=\"text-align:justify\"><span style=\"font-size:11pt\"><span style=\"line-height:normal\"><span style=\"font-family:Calibri,sans-serif\"><a href=\"https:\/\/guaiba.com.br\/2023\/08\/14\/frente-parlamentar-da-quimica-defente-adocao-de-medidas-para-tirar-setor-da-crise\/\" style=\"color:blue; text-decoration:underline\"><span style=\"font-size:14.0pt\">Frente Parlamentar da Qu&iacute;mica defende ado&ccedil;&atilde;o de medidas para tirar setor da crise<\/span><\/a><\/span><\/span><\/span><\/p>\r\n\r\n<p style=\"text-align:justify\"><span style=\"font-size:28pt\"><span style=\"font-family:Cambria,serif\"><span style=\"letter-spacing:-0.5pt\"><b><span style=\"font-size:18.0pt\"><span style=\"font-family:&quot;Calibri&quot;,sans-serif\"><span style=\"font-variant:small-caps\">Sustentabilidade<\/span><\/span><\/span><\/b><\/span><\/span><\/span><\/p>\r\n\r\n<p style=\"text-align:justify\"><span style=\"font-size:11pt\"><span style=\"line-height:normal\"><span style=\"font-family:Calibri,sans-serif\"><a href=\"https:\/\/epbr.com.br\/transicao-energetica-na-cupula-dos-brics\/\" style=\"color:blue; text-decoration:underline\"><span style=\"font-size:14.0pt\">Transi&ccedil;&atilde;o energ&eacute;tica na c&uacute;pula dos Brics<\/span><\/a><\/span><\/span><\/span><\/p>\r\n\r\n<p style=\"text-align:justify\"><span style=\"font-size:11pt\"><span style=\"line-height:normal\"><span style=\"font-family:Calibri,sans-serif\"><a href=\"https:\/\/conectaverde.com.br\/os-principios-da-economia-circular\/?utm_campaign=conecta_verde_news_38&amp;utm_medium=email&amp;utm_source=RD+Station\" style=\"color:blue; text-decoration:underline\"><span style=\"font-size:14.0pt\">Os princ&iacute;pios da Economia Circular<\/span><\/a><\/span><\/span><\/span><\/p>\r\n\r\n<p style=\"text-align:justify\"><span style=\"font-size:11pt\"><span style=\"line-height:normal\"><span style=\"font-family:Calibri,sans-serif\"><a href=\"https:\/\/mercadoeconsumo.com.br\/21\/08\/2023\/economia\/com-parceria-da-braskem-parque-do-ibirapuera-antecipa-em-2-anos-meta-de-lixo-zero\/#:~:text=Uma%20nova%20central%20de%20reciclagem%20foi%20instalada%20pr%C3%B3ximo%20ao%20Port%C3%A3o%203&amp;text=Com%20a%20instala%C3%A7%C3%A3o%20da%20nova,p%C3%BAblico%20que%20frequenta%20o%20espa%C3%A7o.\" style=\"color:blue; text-decoration:underline\"><span style=\"font-size:14.0pt\">Com parceria da Braskem, parque do Ibirapuera antecipa em 2 anos meta de lixo zero<\/span><\/a><\/span><\/span><\/span><\/p>\r\n\r\n<p style=\"text-align:justify\"><span style=\"font-size:11pt\"><span style=\"line-height:normal\"><span style=\"font-family:Calibri,sans-serif\"><a href=\"https:\/\/www.gov.br\/ana\/pt-br\/assuntos\/noticias-e-eventos\/noticias\/faltam-2-semanas-para-o-fim-das-inscricoes-do-desafio-saneamento-do-futuro-rios-sem-plasticos\" style=\"color:blue; text-decoration:underline\"><span style=\"font-size:14.0pt\">Faltam duas semanas para o fim das inscri&ccedil;&otilde;es do Desafio Saneamento do Futuro: Rios sem Pl&aacute;sticos<\/span><\/a><\/span><\/span><\/span><\/p>\r\n\r\n<p style=\"text-align:justify\"><span style=\"font-size:28pt\"><span style=\"font-family:Cambria,serif\"><span style=\"letter-spacing:-0.5pt\"><b><span style=\"font-size:18.0pt\"><span style=\"font-family:&quot;Calibri&quot;,sans-serif\"><span style=\"font-variant:small-caps\">Inova&ccedil;&atilde;o<\/span><\/span><\/span><\/b><\/span><\/span><\/span><\/p>\r\n\r\n<p style=\"text-align:justify\"><span style=\"font-size:11pt\"><span style=\"line-height:normal\"><span style=\"font-family:Calibri,sans-serif\"><a href=\"https:\/\/ciclovivo.com.br\/inovacao\/tecnologia\/cientistas-reciclam-plastico-e-criam-materia-prima-para-sabao\/\" style=\"color:blue; text-decoration:underline\"><span style=\"font-size:14.0pt\">Cientistas reciclam pl&aacute;stico e criam mat&eacute;ria prima para sab&atilde;o<\/span><\/a><\/span><\/span><\/span><\/p>\r\n\r\n<p style=\"text-align:justify\"><span style=\"font-size:11pt\"><span style=\"line-height:normal\"><span style=\"font-family:Calibri,sans-serif\"><a href=\"https:\/\/phys.org\/news\/2023-08-recycling-junk-plastic.html?utm_source=nwletter&amp;utm_medium=email&amp;utm_campaign=daily-nwletter\" style=\"color:blue; text-decoration:underline\"><span style=\"font-size:14.0pt\">New recycling process could find markets for &#39;junk&#39; plastic waste<\/span><\/a><\/span><\/span><\/span><\/p>\r\n\r\n<p style=\"text-align:justify\"><span style=\"font-size:11pt\"><span style=\"line-height:normal\"><span style=\"font-family:Calibri,sans-serif\"><a href=\"https:\/\/techxplore.com\/news\/2023-08-recycled-roads-pave-sustainable-future.html?utm_source=nwletter&amp;utm_medium=email&amp;utm_campaign=daily-nwletter\" style=\"color:blue; text-decoration:underline\"><span style=\"font-size:14.0pt\">Recycled roads pave the way to a sustainable future<\/span><\/a><\/span><\/span><\/span><\/p>\r\n\r\n<p style=\"text-align:justify\"><span style=\"font-size:28pt\"><span style=\"font-family:Cambria,serif\"><span style=\"letter-spacing:-0.5pt\"><b><span style=\"font-size:18.0pt\"><span style=\"font-family:&quot;Calibri&quot;,sans-serif\"><span style=\"font-variant:small-caps\">Com&eacute;rcio Exterior<\/span><\/span><\/span><\/b><\/span><\/span><\/span><\/p>\r\n\r\n<p style=\"text-align:justify\"><span style=\"font-size:11pt\"><span style=\"line-height:normal\"><span style=\"font-family:Calibri,sans-serif\"><a href=\"https:\/\/www12.senado.leg.br\/radio\/1\/noticia\/2023\/08\/15\/senado-aprova-acordos-internacionais-que-envolvem-o-mercosul\" style=\"color:blue; text-decoration:underline\"><span style=\"font-size:14.0pt\">Senado aprova acordos internacionais que envolvem o Mercosul<\/span><\/a><\/span><\/span><\/span><\/p>\r\n\r\n<p style=\"text-align:justify\"><span style=\"font-size:11pt\"><span style=\"line-height:normal\"><span style=\"font-family:Calibri,sans-serif\"><a href=\"https:\/\/noticias.portaldaindustria.com.br\/noticias\/internacional\/industriais-brasileiros-buscam-fortalecer-negocios-com-os-brics\/\" style=\"color:blue; text-decoration:underline\"><span style=\"font-size:14.0pt\">Industriais brasileiros buscam fortalecer neg&oacute;cios com os Brics<\/span><\/a><\/span><\/span><\/span><\/p>\r\n\r\n<p style=\"text-align:justify\"><span style=\"font-size:11pt\"><span style=\"line-height:normal\"><span style=\"font-family:Calibri,sans-serif\"><a href=\"https:\/\/noticias.portaldaindustria.com.br\/noticias\/internacional\/brasil-assume-presidencia-do-g20-e-do-b20-ainda-neste-ano\/\" style=\"color:blue; text-decoration:underline\"><span style=\"font-size:14.0pt\">Brasil assume presid&ecirc;ncia do G20 e do B20 ainda neste ano<\/span><\/a><\/span><\/span><\/span><\/p>\r\n\r\n<p style=\"text-align:justify\"><span style=\"font-size:11pt\"><span style=\"line-height:normal\"><span style=\"font-family:Calibri,sans-serif\"><a href=\"https:\/\/ibre.fgv.br\/blog-da-conjuntura-economica\/artigos\/china-fator-externo-coloca-o-brasil-diante-de-um-semestre-mais\" style=\"color:blue; text-decoration:underline\"><span style=\"font-size:14.0pt\">China: fator externo coloca o Brasil diante de um semestre mais desafiador<\/span><\/a><\/span><\/span><\/span><\/p>\r\n\r\n<p style=\"text-align:justify\"><span style=\"font-size:11pt\"><span style=\"line-height:normal\"><span style=\"font-family:Calibri,sans-serif\"><a href=\"https:\/\/apexbrasil.com.br\/content\/apexbrasil\/br\/pt\/conteudo\/noticias\/apexbrasil-quer-ampliar-relacoes-com-paises-do-brics.html#msdynttrid=sV1426GbST4wgO3w-rfGAxo17Qu6D2M7y-jsEPBe1bk\" style=\"color:blue; text-decoration:underline\"><span style=\"font-size:14.0pt\">ApexBrasil quer ampliar rela&ccedil;&otilde;es com pa&iacute;ses do BRICS<\/span><\/a><\/span><\/span><\/span><\/p>\r\n\r\n<p style=\"text-align:justify\"><span style=\"font-size:11pt\"><span style=\"line-height:normal\"><span style=\"font-family:Calibri,sans-serif\"><a href=\"http:\/\/cueroamerica.info\/wpnews\/2023\/08\/las-exportaciones-mundiales-de-calzado-retomaron-en-el-2022-los-niveles-prepandemia\/?utm_source=email_marketing&amp;utm_admin=28519&amp;utm_medium=email&amp;utm_campaign=NOTICIAS_de_las_Industrias_del_Calzado_Cuero_Marroquinera_y_Moda\" style=\"color:blue; text-decoration:underline\"><span style=\"font-size:14.0pt\">Las exportaciones mundiales de calzado retomaron en el 2022 los niveles prepandemia<\/span><\/a><\/span><\/span><\/span><\/p>\r\n\r\n<p style=\"text-align:justify\"><span style=\"font-size:11pt\"><span style=\"line-height:normal\"><span style=\"font-family:Calibri,sans-serif\"><a href=\"http:\/\/cueroamerica.info\/wpnews\/2023\/08\/preocupa-a-mexico-la-caida-en-la-fabricacion-de-calzado-en-los-primeros-meses-del-ano\/?utm_source=email_marketing&amp;utm_admin=28519&amp;utm_medium=email&amp;utm_campaign=NOTICIAS_de_las_Industrias_del_Calzado_Cuero_Marroquinera_y_Moda\" style=\"color:blue; text-decoration:underline\"><span style=\"font-size:14.0pt\">Preocupa a M&eacute;xico la ca&iacute;da en la fabricaci&oacute;n de calzado en los primeros meses del a&ntilde;o<\/span><\/a><\/span><\/span><\/span><\/p>\r\n\r\n<p style=\"text-align:justify\"><span style=\"font-size:11pt\"><span style=\"line-height:normal\"><span style=\"font-family:Calibri,sans-serif\"><a href=\"https:\/\/liberal.com.br\/cidades\/painel-de-negocios\/setor-textil-comemora-prorrogacao-de-antidumping-bom-senso-prevalece-2010154\/\" style=\"color:blue; text-decoration:underline\"><span style=\"font-size:14.0pt\">Setor t&ecirc;xtil comemora prorroga&ccedil;&atilde;o de antidumping: &lsquo;bom senso prevalece&rsquo;<\/span><\/a><\/span><\/span><\/span><\/p>\r\n\r\n<p style=\"text-align:justify\"><span style=\"font-size:28pt\"><span style=\"font-family:Cambria,serif\"><span style=\"letter-spacing:-0.5pt\"><b><span style=\"font-size:18.0pt\"><span style=\"font-family:&quot;Calibri&quot;,sans-serif\"><span style=\"font-variant:small-caps\">Economia<\/span><\/span><\/span><\/b><\/span><\/span><\/span><\/p>\r\n\r\n<p style=\"text-align:justify\"><span style=\"font-size:11pt\"><span style=\"line-height:normal\"><span style=\"font-family:Calibri,sans-serif\"><a href=\"https:\/\/www.bcb.gov.br\/content\/focus\/focus\/R20230818.pdf\" style=\"color:blue; text-decoration:underline\"><span style=\"font-size:14.0pt\">Focus &ndash; Relat&oacute;rio de Mercado<\/span><\/a><\/span><\/span><\/span><\/p>\r\n\r\n<p style=\"text-align:justify\"><span style=\"font-size:11pt\"><span style=\"line-height:normal\"><span style=\"font-family:Calibri,sans-serif\"><a href=\"https:\/\/portalibre.fgv.br\/system\/files\/2023-08\/Monitor%20do%20PIB-FGV%20-%20Agosto%20de%202023%20-%20Ref.%20de%20junho_0.pdf\" style=\"color:blue; text-decoration:underline\"><span style=\"font-size:14.0pt\">Monitor do PIB-FGV aponta crescimento de 0,2% na atividade econ&ocirc;mica em junho<\/span><\/a><\/span><\/span><\/span><\/p>\r\n\r\n<p style=\"text-align:justify\"><span style=\"font-size:11pt\"><span style=\"line-height:normal\"><span style=\"font-family:Calibri,sans-serif\"><a href=\"https:\/\/portalibre.fgv.br\/noticias\/no-campo-fiscal-o-que-mais-preocupa-no-pac-e-abertura-de-excecoes-regras-da-meta-de\" style=\"color:blue; text-decoration:underline\"><span style=\"font-size:14.0pt\">&ldquo;No campo fiscal, o que mais preocupa no PAC &eacute; a abertura de exce&ccedil;&otilde;es &agrave;s regras da meta de super&aacute;vit&rdquo;<\/span><\/a><\/span><\/span><\/span><\/p>\r\n\r\n<p style=\"text-align:justify\"><span style=\"font-size:11pt\"><span style=\"line-height:normal\"><span style=\"font-family:Calibri,sans-serif\"><a href=\"https:\/\/ibre.fgv.br\/blog-da-conjuntura-economica\/artigos\/em-foco-115\" style=\"color:blue; text-decoration:underline\"><span style=\"font-size:14.0pt\">Um novo olhar sobre o crescimento brasileiro<\/span><\/a><\/span><\/span><\/span><\/p>\r\n\r\n<p style=\"text-align:justify\"><span style=\"font-size:11pt\"><span style=\"line-height:normal\"><span style=\"font-family:Calibri,sans-serif\"><a href=\"https:\/\/blogdoibre.fgv.br\/posts\/uma-analise-abrangente-da-reforma-tributaria\" style=\"color:blue; text-decoration:underline\"><span style=\"font-size:14.0pt\">Uma an&aacute;lise abrangente da reforma tribut&aacute;ria<\/span><\/a><\/span><\/span><\/span><\/p>\r\n\r\n<p style=\"text-align:justify\"><span style=\"font-size:11pt\"><span style=\"line-height:normal\"><span style=\"font-family:Calibri,sans-serif\"><a href=\"https:\/\/www.fibre2fashion.com\/news\/textile-news\/-euro-zone-inflation-may-be-too-high-for-too-long-ecb-289478-newsdetails.htm\" style=\"color:blue; text-decoration:underline\"><span style=\"font-size:14.0pt\">Euro zone inflation may be too high for too long: ECB<\/span><\/a><\/span><\/span><\/span><\/p>\r\n\r\n<p style=\"text-align:justify\">&nbsp;<\/p>\r\n","6":"<p style=\"text-align:justify\"><span style=\"font-size:11pt\"><span style=\"line-height:normal\"><span style=\"font-family:Calibri,sans-serif\"><span style=\"font-size:14.0pt\">Esta &eacute; uma compila&ccedil;&atilde;o das not&iacute;cias mais relevantes para o setor, incluindo informa&ccedil;&otilde;es sobre acordos internacionais, economia brasileira, sustentabilidade e mat&eacute;rias primas, al&eacute;m de novidades do setor de N&atilde;otecidos e Tecidos T&eacute;cnicos.<\/span><\/span><\/span><\/span><\/p>\r\n\r\n<p class=\"MsoTitleCxSpFirst\" style=\"text-align:justify\"><span style=\"font-size:28pt\"><span style=\"font-family:Cambria,serif\"><span style=\"letter-spacing:-0.5pt\"><b><span style=\"font-size:18.0pt\"><span style=\"font-family:&quot;Calibri&quot;,sans-serif\"><span style=\"font-variant:small-caps\">Not&iacute;cias das Associadas<\/span><\/span><\/span><\/b><\/span><\/span><\/span><\/p>\r\n\r\n<p style=\"text-align:justify\"><span style=\"font-size:11pt\"><span style=\"line-height:normal\"><span style=\"font-family:Calibri,sans-serif\"><a href=\"https:\/\/www.nonwovens-industry.com\/contents\/view_breaking-news\/2023-08-16\/berry-names-new-ceo\/\" style=\"color:blue; text-decoration:underline\"><span style=\"font-size:14.0pt\">Berry Names New CEO<\/span><\/a><\/span><\/span><\/span><\/p>\r\n\r\n<p style=\"text-align:justify\"><span style=\"font-size:11pt\"><span style=\"line-height:normal\"><span style=\"font-family:Calibri,sans-serif\"><a href=\"https:\/\/www.technicaltextile.net\/news\/thai-firm-indorama-ventures-revenue-at-4-bn-in-q2-fy23-289507.html\" style=\"color:blue; text-decoration:underline\"><span style=\"font-size:14.0pt\">Thai firm Indorama Ventures&#39; revenue at $4 bn in Q2 FY23<\/span><\/a> <\/span><\/span><\/span><\/p>\r\n\r\n<p style=\"text-align:justify\"><span style=\"font-size:11pt\"><span style=\"line-height:normal\"><span style=\"font-family:Calibri,sans-serif\"><a href=\"https:\/\/www.technicaltextile.net\/news\/finnish-firm-suominen-corporation-s-net-sales-at-euro-229-5-mn-in-h1-fy23-289417.html\" style=\"color:blue; text-decoration:underline\"><span style=\"font-size:14.0pt\">Finnish firm Suominen Corporation&#39;s net sales at &euro;229.5 mn in H1 FY23<\/span><\/a><\/span><\/span><\/span><\/p>\r\n\r\n<p style=\"text-align:justify\"><span style=\"font-size:11pt\"><span style=\"line-height:normal\"><span style=\"font-family:Calibri,sans-serif\"><a href=\"https:\/\/www.nonwovens-industry.com\/contents\/view_breaking-news\/2023-08-16\/trutzschler-balkan-form-partnership?utm_campaign=NON+eNewsletter&amp;utm_medium=email&amp;_hsmi=270694511&amp;_hsenc=p2ANqtz--N5D2lWfBryQ5HNdlfo4hfaH_KVxBF8bMHQxKu20p1ziQe5ua_yq4WFkWgAzaWWbpTBtg8yhF5SO8DGyuV9upB7Bed1A&amp;utm_content=270694511&amp;utm_source=hs_email\" style=\"color:blue; text-decoration:underline\"><span style=\"font-size:14.0pt\">Tru\u0308tzschler, Balkan Form Partnership<\/span><\/a><\/span><\/span><\/span><\/p>\r\n\r\n<p style=\"text-align:justify\"><span style=\"font-size:28pt\"><span style=\"font-family:Cambria,serif\"><span style=\"letter-spacing:-0.5pt\"><b><span style=\"font-size:18.0pt\"><span style=\"font-family:&quot;Calibri&quot;,sans-serif\"><span style=\"font-variant:small-caps\">A&ccedil;&otilde;es da ABINT<\/span><\/span><\/span><\/b><\/span><\/span><\/span><\/p>\r\n\r\n<p class=\"MsoTitle\" style=\"text-align:justify; margin-bottom:20px\"><span style=\"font-size:18px\"><span style=\"box-sizing:border-box\"><span style=\"line-height:1.5\"><span style=\"color:#313f48\"><span style=\"font-family:&quot;Roboto Condensed&quot;, Helvetica, Arial, sans-serif\"><span style=\"font-style:normal\"><span style=\"font-variant-ligatures:normal\"><span style=\"font-weight:400\"><span style=\"white-space:normal\"><span style=\"background-color:#ffffff\"><span style=\"text-decoration-thickness:initial\"><span style=\"text-decoration-style:initial\"><span style=\"text-decoration-color:initial\"><img src=\"https:\/\/www.abint.org.br\/assets\/img\/editor\/e-mail-marketing-curso_20230815141055ssfktJt9Ag.jpg\" style=\"box-sizing:border-box; border-style:none; max-width:100%; width:500px; height:700px; object-fit:contain\" \/><\/span><\/span><\/span><\/span><\/span><\/span><\/span><\/span><\/span><\/span><\/span><\/span><\/span><\/p>\r\n\r\n<p class=\"MsoTitle\" style=\"text-align:justify; margin-bottom:20px\"><span style=\"font-size:18px\"><span style=\"box-sizing:border-box\"><span style=\"line-height:1.5\"><span style=\"color:#313f48\"><span style=\"font-family:&quot;Roboto Condensed&quot;, Helvetica, Arial, sans-serif\"><span style=\"font-style:normal\"><span style=\"font-variant-ligatures:normal\"><span style=\"font-weight:400\"><span style=\"white-space:normal\"><span style=\"background-color:#ffffff\"><span style=\"text-decoration-thickness:initial\"><span style=\"text-decoration-style:initial\"><span style=\"text-decoration-color:initial\"><span style=\"font-size:28pt\"><span style=\"box-sizing:border-box\"><span style=\"box-sizing:border-box\"><span style=\"line-height:56px\"><span style=\"box-sizing:border-box\"><span style=\"font-family:Cambria, serif\"><span style=\"box-sizing:border-box\"><span style=\"letter-spacing:-0.5pt\"><a href=\"https:\/\/www.abint.org.br\/informacao\/outros\/programacao-curso-abint-tecnologia-dos-naotecidos\" style=\"box-sizing:border-box; text-decoration:underline; color:blue; transition:color 0.3s ease 0s\"><b style=\"box-sizing:border-box; font-weight:bolder\"><span style=\"font-size:14pt\"><span style=\"box-sizing:border-box\"><span style=\"box-sizing:border-box\"><span style=\"line-height:28px\"><span style=\"box-sizing:border-box\"><span style=\"font-family:Calibri, sans-serif\"><span style=\"box-sizing:border-box\"><span style=\"color:blue\"><span style=\"box-sizing:border-box\"><span style=\"letter-spacing:0pt\">Programa&ccedil;&atilde;o<\/span><\/span><\/span><\/span><\/span><\/span><\/span><\/span><\/span><\/span><\/b><\/a><b style=\"box-sizing:border-box; font-weight:bolder\"><span style=\"font-size:14pt\"><span style=\"box-sizing:border-box\"><span style=\"box-sizing:border-box\"><span style=\"line-height:28px\"><span style=\"box-sizing:border-box\"><span style=\"font-family:Calibri, sans-serif\"><span style=\"box-sizing:border-box\"><span style=\"color:blue\"><span style=\"box-sizing:border-box\"><span style=\"letter-spacing:0pt\">&nbsp;\/&nbsp;<span style=\"font-size:28pt\"><span style=\"box-sizing:border-box\"><span style=\"box-sizing:border-box\"><span style=\"line-height:56px\"><span style=\"box-sizing:border-box\"><span style=\"font-family:Cambria, serif\"><span style=\"box-sizing:border-box\"><span style=\"letter-spacing:-0.5pt\"><a href=\"https:\/\/www.abint.org.br\/informacao\/outros\/informacoes-curso-abint-tecnologia-dos-naotecidos\" style=\"box-sizing:border-box; text-decoration:underline; color:blue; transition:color 0.3s ease 0s\"><b style=\"box-sizing:border-box; font-weight:bolder\"><span style=\"font-size:14pt\"><span style=\"box-sizing:border-box\"><span style=\"box-sizing:border-box\"><span style=\"line-height:28px\"><span style=\"box-sizing:border-box\"><span style=\"font-family:Calibri, sans-serif\"><span style=\"box-sizing:border-box\"><span style=\"color:blue\"><span style=\"box-sizing:border-box\"><span style=\"letter-spacing:0pt\">Informa&ccedil;&otilde;es<\/span><\/span><\/span><\/span><\/span><\/span><\/span><\/span><\/span><\/span><\/b><\/a><b style=\"box-sizing:border-box; font-weight:bolder\"><span style=\"font-size:14pt\"><span style=\"box-sizing:border-box\"><span style=\"box-sizing:border-box\"><span style=\"line-height:28px\"><span style=\"box-sizing:border-box\"><span style=\"font-family:Calibri, sans-serif\"><span style=\"box-sizing:border-box\"><span style=\"color:blue\"><span style=\"box-sizing:border-box\"><span style=\"letter-spacing:0pt\">&nbsp;\/&nbsp;<\/span><\/span><\/span><\/span><\/span><\/span><\/span><\/span><\/span><\/span><\/b><\/span><\/span><\/span><\/span><\/span><\/span><\/span><\/span><\/span><\/span><\/span><\/span><\/span><\/span><\/span><\/span><\/span><\/span><\/b><\/span><\/span><\/span><\/span><\/span><\/span><\/span><\/span><span style=\"font-size:11pt\"><span style=\"box-sizing:border-box\"><span style=\"box-sizing:border-box\"><span style=\"line-height:16.8667px\"><span style=\"box-sizing:border-box\"><span style=\"font-family:Calibri, sans-serif\"><a href=\"https:\/\/forms.gle\/E5bZXpiNh7wZ9kcQ6\" style=\"box-sizing:border-box; text-decoration:underline; color:blue; transition:color 0.3s ease 0s\"><b style=\"box-sizing:border-box; font-weight:bolder\"><span style=\"font-size:14pt\"><span style=\"box-sizing:border-box\"><span style=\"box-sizing:border-box\"><span style=\"line-height:21.4667px\"><span style=\"box-sizing:border-box\"><span style=\"color:blue\">Inscri&ccedil;&otilde;es<\/span><\/span><\/span><\/span><\/span><\/span><\/b><\/a><\/span><\/span><\/span><\/span><\/span><\/span><\/span><\/span><\/span><\/span><\/span><\/span><\/span><\/span><\/span><\/span><\/span><\/span><\/span><\/p>\r\n\r\n<p class=\"MsoTitle\" style=\"text-align:justify; margin-bottom:20px\"><span style=\"font-size:18px\"><span style=\"box-sizing:border-box\"><span style=\"line-height:1.5\"><span style=\"color:#313f48\"><span style=\"font-family:&quot;Roboto Condensed&quot;, Helvetica, Arial, sans-serif\"><span style=\"font-style:normal\"><span style=\"font-variant-ligatures:normal\"><span style=\"font-weight:400\"><span style=\"white-space:normal\"><span style=\"background-color:#ffffff\"><span style=\"text-decoration-thickness:initial\"><span style=\"text-decoration-style:initial\"><span style=\"text-decoration-color:initial\"><span style=\"font-size:11pt\"><span style=\"box-sizing:border-box\"><span style=\"box-sizing:border-box\"><span style=\"line-height:16.8667px\"><span style=\"box-sizing:border-box\"><span style=\"font-family:Calibri, sans-serif\"><b style=\"box-sizing:border-box; font-weight:bolder\"><span style=\"font-size:14pt\"><span style=\"box-sizing:border-box\"><span style=\"box-sizing:border-box\"><span style=\"line-height:21.4667px\"><span style=\"box-sizing:border-box\"><span style=\"color:blue\"><img src=\"https:\/\/www.abint.org.br\/assets\/img\/editor\/capa-live-ic-11092023_20230822145534YV5DJMnz6h.png\" style=\"width: 500px; height: 281px;\" \/><\/span><\/span><\/span><\/span><\/span><\/span><\/b><\/span><\/span><\/span><\/span><\/span><\/span><\/span><\/span><\/span><\/span><\/span><\/span><\/span><\/span><\/span><\/span><\/span><\/span><\/span><\/p>\r\n\r\n<p class=\"MsoTitle\" style=\"text-align:justify; margin-bottom:20px\"><b><span style=\"font-size:14.0pt\"><span style=\"line-height:115%\"><span style=\"font-family:&quot;Calibri&quot;,sans-serif\">Dia 11\/09, &agrave;s 18h, o CTG ABINT e a IGS Brasil <\/span><\/span><\/span><\/b><span style=\"font-size:14.0pt\"><span style=\"line-height:115%\"><span style=\"font-family:&quot;Calibri&quot;,sans-serif\">receber&atilde;o, em uma live no YouTube da Geotecnia Brasil,<b> os vencedores da Categoria Inicia&ccedil;&atilde;o Cient&iacute;fica da edi&ccedil;&atilde;o 2022\/2023<\/b> do Pr&ecirc;mio TCC\/IC Tecnologia em Geossint&eacute;ticos &ldquo;Benedito de Souza Bueno&rdquo;.<\/span><\/span><\/span><\/p>\r\n\r\n<p class=\"MsoTitle\" style=\"text-align:justify; margin-bottom:20px\">&nbsp;<\/p>\r\n\r\n<p class=\"MsoTitle\" style=\"text-align:justify; margin-bottom:20px\"><span style=\"font-size:14.0pt\"><span style=\"line-height:115%\"><span style=\"font-family:&quot;Calibri&quot;,sans-serif\"><img src=\"https:\/\/www.abint.org.br\/assets\/img\/editor\/capa-live-tcc-12092023_20230822145608jortReBZK9.png\" style=\"width: 500px; height: 281px;\" \/><\/span><\/span><\/span><\/p>\r\n\r\n<p class=\"MsoTitle\" style=\"text-align:justify; margin-bottom:20px\"><b><span style=\"font-size:14.0pt\"><span style=\"line-height:115%\"><span style=\"font-family:&quot;Calibri&quot;,sans-serif\">E dia 12\/09, &agrave;s 18h, ser&aacute; a vez de CTG ABINT e IGS Brasil <\/span><\/span><\/span><\/b><span style=\"font-size:14.0pt\"><span style=\"line-height:115%\"><span style=\"font-family:&quot;Calibri&quot;,sans-serif\">receberem, tamb&eacute;m no YouTube da Geotecnia Brasil,<b> os vencedores da Categoria Trabalho de Conclus&atilde;o de Curso da edi&ccedil;&atilde;o 2022\/2023<\/b> do Pr&ecirc;mio TCC\/IC Tecnologia em Geossint&eacute;ticos &ldquo;Benedito de Souza Bueno&rdquo;.<\/span><\/span><\/span><\/p>\r\n\r\n<p class=\"MsoTitle\" style=\"text-align:justify; margin-bottom:20px\">&nbsp;<\/p>\r\n\r\n<p class=\"MsoTitle\" style=\"text-align:justify; margin-bottom:20px\"><span style=\"font-size:18px\"><span style=\"box-sizing:border-box\"><span style=\"line-height:1.5\"><span style=\"color:#313f48\"><span style=\"font-family:&quot;Roboto Condensed&quot;, Helvetica, Arial, sans-serif\"><span style=\"font-style:normal\"><span style=\"font-variant-ligatures:normal\"><span style=\"font-weight:400\"><span style=\"white-space:normal\"><span style=\"background-color:#ffffff\"><span style=\"text-decoration-thickness:initial\"><span style=\"text-decoration-style:initial\"><span style=\"text-decoration-color:initial\"><span style=\"font-size:11pt\"><span style=\"box-sizing:border-box\"><span style=\"box-sizing:border-box\"><span style=\"line-height:16.8667px\"><span style=\"box-sizing:border-box\"><span style=\"font-family:Calibri, sans-serif\"><b style=\"box-sizing:border-box; font-weight:bolder\"><span style=\"font-size:14pt\"><span style=\"box-sizing:border-box\"><span style=\"box-sizing:border-box\"><span style=\"line-height:21.4667px\"><span style=\"box-sizing:border-box\"><span style=\"color:blue\"><img src=\"https:\/\/www.abint.org.br\/assets\/img\/editor\/congresso-internacional-abit-2023_202308151414212LkdNBSzdA.png\" style=\"box-sizing:border-box; border-style:none; width:500px; height:442px\" \/><\/span><\/span><\/span><\/span><\/span><\/span><\/b><\/span><\/span><\/span><\/span><\/span><\/span><\/span><\/span><\/span><\/span><\/span><\/span><\/span><\/span><\/span><\/span><\/span><\/span><\/span><\/p>\r\n\r\n<p style=\"text-align:justify; margin-bottom:20px\"><span style=\"font-size:18px\"><span style=\"box-sizing:border-box\"><span style=\"line-height:1.5\"><span style=\"color:#313f48\"><span style=\"font-family:&quot;Roboto Condensed&quot;, Helvetica, Arial, sans-serif\"><span style=\"font-style:normal\"><span style=\"font-variant-ligatures:normal\"><span style=\"font-weight:400\"><span style=\"white-space:normal\"><span style=\"background-color:#ffffff\"><span style=\"text-decoration-thickness:initial\"><span style=\"text-decoration-style:initial\"><span style=\"text-decoration-color:initial\"><span style=\"font-size:11pt\"><span style=\"box-sizing:border-box\"><span style=\"box-sizing:border-box\"><span style=\"line-height:normal\"><span style=\"box-sizing:border-box\"><span style=\"font-family:Calibri, sans-serif\"><b style=\"box-sizing:border-box; font-weight:bolder\"><span style=\"font-size:14pt\"><span style=\"box-sizing:border-box\">A ABINT &eacute; uma das patrocinadoras do Congresso Internacional ABIT 2023,&nbsp;<\/span><\/span><\/b><span style=\"font-size:14pt\"><span style=\"box-sizing:border-box\">que ocorrer&aacute;<b style=\"box-sizing:border-box; font-weight:bolder\">&nbsp;dias 08 e 09 de novembro, na FIESC, Florian&oacute;polis, SC.&nbsp;<\/b><\/span><\/span><\/span><\/span><\/span><\/span><span style=\"box-sizing:border-box\"><span style=\"line-height:16.8667px\"><span style=\"box-sizing:border-box\"><span style=\"font-family:Calibri, sans-serif\"><a href=\"https:\/\/t.rdsv1.net\/ls\/click?upn=LFSWB5boDXSqxt4eHgA5r3YUv3HG6yY4XTXT-2BpjEpFmt56yR61Gu09ER-2Bq95-2FgFAbN46ClwLMWPZzveVybfat1CKHOKhUUtOIVaFgsR5U28dlEKVouFrV1iSMaKnlWHCANmwKiZ4x1Oy9BDRL5tuTGPXgO91zEc1uo-2FbtPYQFm3y4fMGnbuiV3FEKs9g9uy1l2sL_iW8zc4KBvTUX2z9kws1M6pjQI9DpNNh-2Fk6fgMN4DbaFx-2BL1o5swSv2HtiLB2iGFhqxZ0654f80VOIjakRycDjcrdu1MF6BdTRc4d4wYs0wcxXXPsRygypvnzeOAhjjgiEkGX1jMsv1FD9IiN0mt5TiPA-2F-2FcYbMJqgkOyyeRxcI4izBTlMz4tYAchHCwHneJZvJXH0y9HeVp67XkJynQGH21X32t2y1CeSaYEq0zVO-2BnyLK4mDGipKkH-2FZQCwU2MKfdHIIgVMZzvyz5G5cXFeOFC58YiNyn2cnMPO14gymNMfyWFH-2BHHlC3b47l7V1Qmqxs4es-2BeyjBwNpbTVF3mKTVfvVN8KGLr0cqLDBhDLHrW7KPcTfpWgS5gfvWdAKEPOEmZKoo4k2kAi0PFh6jxFYAV2tXcAZfbY2kx8RXrY81D1SMCEBW0alhXBRKfUMvljxKCVojmlXya75YoxeWm0PKiSpaikvnyQHb1SYVAvooBBGQr8kVTT7gfi2jpYOB7Yz3v8ovwiOQwMF4kMzI4BGg58Stg7NIyaStQsDmhOsSp6GMNA3SG1UPw-2Fljh3rhjS-2BFt0EiGPe9cI33b9n1X0Y0ud-2BOFmeXkp5V9mMyq0eViPM4g6fXMuiRQFG1Lhn1lb5TsAtW9vCVxHdYrOB-2F6cV4-2FiOK5JwicsxDApwdvwvys-3D\" style=\"box-sizing:border-box; text-decoration:underline; color:blue; transition:color 0.3s ease 0s\"><span style=\"font-size:14pt\"><span style=\"box-sizing:border-box\"><span style=\"box-sizing:border-box\"><span style=\"line-height:21.4667px\">Informa&ccedil;&otilde;es<\/span><\/span><\/span><\/span><\/a><\/span><\/span><\/span><\/span><\/span><\/span><\/span><\/span><\/span><\/span><\/span><\/span><\/span><\/span><\/span><\/span><\/span><\/span><\/span><\/p>\r\n\r\n<p style=\"text-align:justify; margin-bottom:20px\">&nbsp;<\/p>\r\n\r\n<p style=\"text-align:justify\"><span style=\"font-size:11pt\"><span style=\"line-height:normal\"><span style=\"font-family:Calibri,sans-serif\"><b><span style=\"font-size:18.0pt\"><span style=\"font-variant:small-caps\">Eventos<\/span><\/span><\/b><\/span><\/span><\/span><\/p>\r\n\r\n<p style=\"text-align:justify\"><span style=\"font-size:11pt\"><span style=\"line-height:normal\"><span style=\"font-family:Calibri,sans-serif\"><b><span style=\"font-size:14.0pt\">2&ordf; FEBRATEX SUMMIT 2023, <\/span><\/b><span style=\"font-size:14.0pt\">dias 23 e 24 de agosto de 2023, no Parque Vila Germ&acirc;nica, Blumenau &ndash; SC. <\/span><a href=\"https:\/\/www.sympla.com.br\/evento\/febratex-summit-2023-2-edicao\/1722288?utm_term=%28PAUTA%29+Falta+menos+de+um+mes+para+a+2%3F%3F%3F%3F+edicao+do+Febratex+Summit&amp;utm_campaign=Vale+do+Itajai&amp;utm_source=e-goi&amp;utm_medium=email\" style=\"color:blue; text-decoration:underline\"><span style=\"font-size:14.0pt\">Informa&ccedil;&otilde;es<\/span><\/a><\/span><\/span><\/span><\/p>\r\n\r\n<p style=\"text-align:justify\"><span style=\"font-size:11pt\"><span style=\"line-height:normal\"><span style=\"font-family:Calibri,sans-serif\"><b><span style=\"font-size:14.0pt\">9&ordm; F&oacute;rum Infraestrutura Grandes Constru&ccedil;&otilde;es | Modais de Transportes: novos caminhos, <\/span><\/b><span style=\"font-size:14.0pt\">24 de agosto de 2023, 15h00, evento online e gratuito. <\/span><a href=\"https:\/\/www.sobratemaforum.com.br\/\" style=\"color:blue; text-decoration:underline\"><span style=\"font-size:14.0pt\">Informa&ccedil;&otilde;es<\/span><\/a><b> <\/b><\/span><\/span><\/span><\/p>\r\n\r\n<p style=\"text-align:justify\"><span style=\"font-size:11pt\"><span style=\"line-height:normal\"><span style=\"font-family:Calibri,sans-serif\"><b><span style=\"font-size:14.0pt\">Webinar Abit | Investimentos na ind&uacute;stria T&amp;C mundial e a Agenda Verde Europeia<\/span><\/b><span style=\"font-size:14.0pt\">, 24 de agosto de 2023, 14h &agrave;s 16h, evento gratuito. <\/span><a href=\"https:\/\/app.rdstation.email\/mail\/d2796237-d948-4293-9d1d-b0d4ca34b41a?utm_campaign=evento_investimento_na_industria_tc_mundial&amp;utm_medium=email&amp;utm_source=RD+Station\" style=\"color:blue; text-decoration:underline\"><span style=\"font-size:14.0pt\">Informa&ccedil;&otilde;es<\/span><\/a> <\/span><\/span><\/span><\/p>\r\n\r\n<p style=\"text-align:justify\"><span style=\"font-size:11pt\"><span style=\"line-height:normal\"><span style=\"font-family:Calibri,sans-serif\"><b><span style=\"font-size:14.0pt\">INDA Webinars | PFAS Use and Elimination in Nonwoven Textile Finishing<\/span><\/b><span class=\"MsoHyperlink\" style=\"color:blue\"><span style=\"text-decoration:underline\"><span style=\"font-size:14.0pt\"><span style=\"text-decoration:none\"><span style=\"text-underline:none\">, <\/span><\/span><\/span><\/span><\/span><span style=\"font-size:14.0pt\">Thursday, August 24th, 11 am EDT. <\/span><a href=\"https:\/\/www.inda.org\/inda-webinars\/\" style=\"color:blue; text-decoration:underline\"><span style=\"font-size:14.0pt\">Full details<\/span><\/a><\/span><\/span><\/span><\/p>\r\n\r\n<p style=\"text-align:justify\"><span style=\"font-size:11pt\"><span style=\"line-height:normal\"><span style=\"font-family:Calibri,sans-serif\"><b><span style=\"font-size:14.0pt\">JEC Composites Talks Brasil,<\/span><\/b><span style=\"font-size:14.0pt\"> 24 de agosto de 2023, 13h, Hotel Renaissance, S&atilde;o Paulo. Confirmar presen&ccedil;a at&eacute; 11\/08 pelo e-mail <\/span><a href=\"mailto:marketing@almaco.org.br\" style=\"color:blue; text-decoration:underline\"><span style=\"font-size:14.0pt\">marketing@almaco.org.br<\/span><\/a><span style=\"font-size:14.0pt\"> . <\/span><a href=\"https:\/\/emailmarketing.locaweb.com.br\/accounts\/116830\/messages\/460?email=abint@abint.org.br&amp;c=1690465349&amp;contact_id=110&amp;envelope_id=352\" style=\"color:blue; text-decoration:underline\"><span style=\"font-size:14.0pt\">Programa&ccedil;&atilde;o<\/span><\/a> <\/span><\/span><\/span><\/p>\r\n\r\n<p style=\"text-align:justify\"><span style=\"font-size:11pt\"><span style=\"line-height:normal\"><span style=\"font-family:Calibri,sans-serif\"><b><span style=\"font-size:14.0pt\">FIMMA BRASIL - Feira Internacional de Fornecedores da Cadeia Produtiva Madeira e M&oacute;veis<\/span><\/b><span style=\"font-size:14.0pt\">, 28 a 31 de agosto de 2023, das 10h &agrave;s 19h, Bento Gon&ccedil;alves, RS. <\/span><a href=\"https:\/\/fimma.com.br\/\" style=\"color:blue; text-decoration:underline\"><span style=\"font-size:14.0pt\">Informa&ccedil;&otilde;es<\/span><\/a> <\/span><\/span><\/span><\/p>\r\n\r\n<p style=\"text-align:justify\"><span style=\"font-size:11pt\"><span style=\"line-height:normal\"><span style=\"font-family:Calibri,sans-serif\"><b><span style=\"font-size:14.0pt\">Workshop Abit | Bloco K 2024 - Obrigatoriedade e Implica&ccedil;&otilde;es Operacionais<\/span><\/b><span style=\"font-size:14.0pt\">, 06 de setembro de 2023, 09h30 &agrave;s 11h00, evento online. <\/span><a href=\"https:\/\/app.rdstation.email\/mail\/0fb2830d-08b6-4ae3-81b4-b161ab0c587e?utm_campaign=convite_workshop_bloco_k&amp;utm_medium=email&amp;utm_source=RD+Station\" style=\"color:blue; text-decoration:underline\"><span style=\"font-size:14.0pt\">Informa&ccedil;&otilde;es<\/span><\/a> <\/span><\/span><\/span><\/p>\r\n\r\n<p style=\"text-align:justify\"><span style=\"font-size:11pt\"><span style=\"line-height:normal\"><span style=\"font-family:Calibri,sans-serif\"><b><span style=\"font-size:14.0pt\">22&ordf; FEBRAVA - Feira Internacional de Refrigera&ccedil;&atilde;o, Ar-Condicionado, Ventila&ccedil;&atilde;o, Aquecimento, Tratamento de Ar e de &Aacute;guas<\/span><\/b><span style=\"font-size:14.0pt\">, 12 a 15 de setembro de 2023, S&atilde;o Paulo Expo. <\/span><a href=\"https:\/\/www.febrava.com.br\/pt-br.html\" style=\"color:blue; text-decoration:underline\"><span style=\"font-size:14.0pt\">Informa&ccedil;&otilde;es<\/span><\/a> <\/span><\/span><\/span><\/p>\r\n\r\n<p style=\"text-align:justify\"><span style=\"font-size:11pt\"><span style=\"line-height:normal\"><span style=\"font-family:Calibri,sans-serif\"><b><span style=\"font-size:14.0pt\">18&ordm; CONBRAVA &ndash; Congresso Brasileiro de Refrigera&ccedil;&atilde;o, Ar-Condicionado, Ventila&ccedil;&atilde;o, Aquecimento e Tratamento de Ar | &ldquo;AVACR rumo ao um futuro sustent&aacute;vel e saud&aacute;vel&rdquo;, <\/span><\/b><span style=\"font-size:14.0pt\">13 a 15 de setembro de 2023, S&atilde;o Paulo Expo, SP. <\/span><a href=\"http:\/\/conbrava.comercial.ws\/site\/\" style=\"color:blue; text-decoration:underline\"><span style=\"font-size:14.0pt\">Informa&ccedil;&otilde;es<\/span><\/a> <\/span><\/span><\/span><\/p>\r\n\r\n<p style=\"text-align:justify\"><span style=\"font-size:11pt\"><span style=\"line-height:normal\"><span style=\"font-family:Calibri,sans-serif\"><b><span style=\"font-size:14.0pt\">Abiplast\/Sindiplast &amp; Pl&aacute;sticos em Revista | 13&ordm; Semin&aacute;rio Competitividade<\/span><\/b><span style=\"font-size:14.0pt\">, 19 de setembro de 2023, Hotel Meli&aacute;, Av. Paulista, 2181. <\/span><a href=\"https:\/\/plasticosemrevista.com.br\/competitividade-2023-inscricao\/\" style=\"color:blue; text-decoration:underline\"><span style=\"font-size:14.0pt\">Informa&ccedil;&otilde;es<\/span><\/a> <\/span><\/span><\/span><\/p>\r\n\r\n<p style=\"text-align:justify\"><span style=\"font-size:11pt\"><span style=\"line-height:normal\"><span style=\"font-family:Calibri,sans-serif\"><b><span style=\"font-size:14.0pt\">NASCE CME | Conale 2023 - 5&ordf; Edi&ccedil;&atilde;o: Multici&ecirc;ncia e o Estado da Arte nos Processos de Limpeza e Esteriliza&ccedil;&atilde;o<\/span><\/b><span style=\"font-size:14.0pt\">, 23 e 24 de setembro, evento online. <\/span><a href=\"http:\/\/nascecme.com.br\/programa-conale-2023\/\" style=\"color:blue; text-decoration:underline\"><span style=\"font-size:14.0pt\">Programa&ccedil;&atilde;o<\/span><\/a> <\/span><\/span><\/span><\/p>\r\n\r\n<p style=\"text-align:justify\"><span style=\"font-size:11pt\"><span style=\"line-height:normal\"><span style=\"font-family:Calibri,sans-serif\"><b><span style=\"font-size:14.0pt\">CNI\/ SEBRAE | 10&ordm; Congresso Internacional da Inova&ccedil;&atilde;o da Ind&uacute;stria<\/span><\/b><span style=\"font-size:14.0pt\">, 27 e 28 de setembro de 2023, S&atilde;o Paulo Expo.<\/span> <a href=\"https:\/\/www.congressodeinovacao.com.br\/?utm_source=comext&amp;utm_medium=email&amp;utm_campaign=eventos&amp;utm_content=id00053#msdynttrid=gg5jXwSFR7qM4vHH2tKGau3cTwSFDneTjMUhrcPg7vE\" style=\"color:blue; text-decoration:underline\"><span style=\"font-size:14.0pt\">Informa&ccedil;&otilde;es<\/span><\/a> <\/span><\/span><\/span><\/p>\r\n\r\n<p style=\"text-align:justify\"><span style=\"font-size:11pt\"><span style=\"line-height:normal\"><span style=\"font-family:Calibri,sans-serif\"><b><span style=\"font-size:14.0pt\">Semin&aacute;rio Abiquim de Tecnologia e Inova&ccedil;&atilde;o 2023, <\/span><\/b><span style=\"font-size:14.0pt\">05 de outubro de 2023, 08h30 &agrave;s 17h30, evento presencial, S&atilde;o Paulo, SP.<\/span><\/span><\/span><\/span><\/p>\r\n\r\n<p style=\"text-align:justify\"><span style=\"font-size:11pt\"><span style=\"line-height:normal\"><span style=\"font-family:Calibri,sans-serif\"><b><span style=\"font-size:14.0pt\">FiltXPO&trade; 2023<\/span><\/b><span class=\"MsoHyperlink\" style=\"color:blue\"><span style=\"text-decoration:underline\"><span style=\"font-size:14.0pt\"><span style=\"text-decoration:none\"><span style=\"text-underline:none\">, <\/span><\/span><\/span><\/span><\/span><span style=\"font-size:14.0pt\">October 10-12, 2023 at Navy Pier in Chicago, Illinois<\/span><span class=\"MsoHyperlink\" style=\"color:blue\"><span style=\"text-decoration:underline\"><span style=\"font-size:14.0pt\"><span style=\"text-decoration:none\"><span style=\"text-underline:none\">. <\/span><\/span><\/span><\/span><\/span><a href=\"https:\/\/www.filtxpo.com\/\" style=\"color:blue; text-decoration:underline\"><span style=\"font-size:14.0pt\">Informa&ccedil;&otilde;es<\/span><\/a> <\/span><\/span><\/span><\/p>\r\n\r\n<p style=\"text-align:justify\"><span style=\"font-size:11pt\"><span style=\"line-height:normal\"><span style=\"font-family:Calibri,sans-serif\"><b><span style=\"font-size:14.0pt\">CONAHP 2023<\/span><\/b><span style=\"font-size:14.0pt\">, 18 e 19 de outubro, Transamerica Expo Center, S&atilde;o Paulo, SP. <\/span><a href=\"https:\/\/conahp.org.br\/2023\/\" style=\"color:blue; text-decoration:underline\"><span style=\"font-size:14.0pt\">Informa&ccedil;&otilde;es<\/span><\/a> <\/span><\/span><\/span><\/p>\r\n\r\n<p style=\"text-align:justify\"><span style=\"font-size:11pt\"><span style=\"line-height:normal\"><span style=\"font-family:Calibri,sans-serif\"><b><span style=\"font-size:14.0pt\">V Congreso Sudamericano de Composites, Poliuretano y Pl&aacute;sticos de Ingenier&iacute;a, <\/span><\/b><span style=\"font-size:14.0pt\">24 e 25 de outubro de 2023, Bogot&aacute;, Col&ocirc;mbia. <\/span><a href=\"http:\/\/www.congresosudamericano.com\/blog.html\" style=\"color:blue; text-decoration:underline\"><span style=\"font-size:14.0pt\">Informa&ccedil;&otilde;es<\/span><\/a> <\/span><\/span><\/span><\/p>\r\n\r\n<p style=\"text-align:justify\"><span style=\"font-size:11pt\"><span style=\"line-height:normal\"><span style=\"font-family:Calibri,sans-serif\"><b><span style=\"font-size:14.0pt\">Abrafiltros | 2&ordm; Semin&aacute;rio Brasileiro de Filtros<\/span><\/b><span style=\"font-size:14.0pt\">, 08 de novembro de 2023.<\/span><\/span><\/span><\/span><\/p>\r\n\r\n<p style=\"text-align:justify\"><span style=\"font-size:11pt\"><span style=\"line-height:normal\"><span style=\"font-family:Calibri,sans-serif\"><b><span style=\"font-size:14.0pt\">FEIPLAR COMPOSITES &amp; FEIPUR &ndash; Feira e Congresso Internacionais de Composites, Poliuretano, Pl&aacute;sticos de Engenharia e Compostos Termopl&aacute;sticos<\/span><\/b><span style=\"font-size:14.0pt\">, 20 a 22 de agosto de 2024, S&atilde;o Paulo Expo (Pavilh&atilde;o 5), palestras: das 8h30 &agrave;s 18h, feira: das 13h &agrave;s 20h.<b> <\/b><\/span><a href=\"http:\/\/www.feiplar.com\" style=\"color:blue; text-decoration:underline\"><span style=\"font-size:14.0pt\">www.feiplar.com<\/span><\/a> <\/span><\/span><\/span><\/p>\r\n\r\n<p style=\"text-align:justify\"><span style=\"font-size:28pt\"><span style=\"font-family:Cambria,serif\"><span style=\"letter-spacing:-0.5pt\"><b><span style=\"font-size:18.0pt\"><span style=\"font-family:&quot;Calibri&quot;,sans-serif\"><span style=\"font-variant:small-caps\">Setor<\/span><\/span><\/span><\/b><\/span><\/span><\/span><\/p>\r\n\r\n<p style=\"text-align:justify\"><span style=\"font-size:11pt\"><span style=\"line-height:normal\"><span style=\"font-family:Calibri,sans-serif\"><a href=\"https:\/\/www.globenewswire.com\/news-release\/2023\/08\/16\/2726101\/0\/en\/Nonwoven-Fabrics-Market-revenue-to-hit-USD-125-99-Billion-by-2035-says-Research-Nester.html\" style=\"color:blue; text-decoration:underline\"><span style=\"font-size:14.0pt\">Nonwoven Fabrics Market revenue to hit USD 125.99 Billion by 2035, says Research Nester<\/span><\/a><\/span><\/span><\/span><\/p>\r\n\r\n<p style=\"text-align:justify\"><span style=\"font-size:11pt\"><span style=\"line-height:normal\"><span style=\"font-family:Calibri,sans-serif\"><a href=\"https:\/\/abiquim.org.br\/comunicacao\/noticia\/10899\" style=\"color:blue; text-decoration:underline\"><span style=\"font-size:14.0pt\">Demanda por resinas termopl&aacute;sticas cresce 1,8% no 1&ordm; trimestre de 2023<\/span><\/a><\/span><\/span><\/span><\/p>\r\n\r\n<p style=\"text-align:justify\"><span style=\"font-size:11pt\"><span style=\"line-height:normal\"><span style=\"font-family:Calibri,sans-serif\"><a href=\"https:\/\/plasticosemrevista.com.br\/cenario-global-tolhe-desempenho-da-braskem\/\" style=\"color:blue; text-decoration:underline\"><span style=\"font-size:14.0pt\">Cen&aacute;rio global tolhe desempenho da Braskem<\/span><\/a><\/span><\/span><\/span><\/p>\r\n\r\n<p style=\"text-align:justify\"><span style=\"font-size:11pt\"><span style=\"line-height:normal\"><span style=\"font-family:Calibri,sans-serif\"><a href=\"https:\/\/www.innovationintextiles.com\/future-focus-for-nonwovens-network\/\" style=\"color:blue; text-decoration:underline\"><span style=\"font-size:14.0pt\">Future focus for Nonwovens Network: Sustainability will be high on the agenda, with the keynote speech addressing the theme of achieving a zero waste future for textiles<\/span><\/a><\/span><\/span><\/span><\/p>\r\n\r\n<p style=\"text-align:justify\"><span style=\"font-size:11pt\"><span style=\"line-height:normal\"><span style=\"font-family:Calibri,sans-serif\"><a href=\"http:\/\/abimovel.com\/varejo-de-moveis-e-colchoes-abimovel-divulga-dados-atualizados-do-1o-semestre\/?utm_campaign=varejo_de_moveis_e_colchoes_abimovel_divulga_dados_atualizados_do_1_semestre&amp;utm_medium=email&amp;utm_source=RD+Station\" style=\"color:blue; text-decoration:underline\"><span style=\"font-size:14.0pt\">Varejo de m&oacute;veis e colch&otilde;es: ABIM&Oacute;VEL divulga dados atualizados do 1&ordm; semestre<\/span><\/a><\/span><\/span><\/span><\/p>\r\n\r\n<p style=\"text-align:justify\"><span style=\"font-size:11pt\"><span style=\"line-height:normal\"><span style=\"font-family:Calibri,sans-serif\"><a href=\"https:\/\/www.cariacica.es.gov.br\/noticias\/72453\/inauguracao-da-geomanta-entre-boa-sorte-e-vale-esperanca-leva-tranquilidade-para-os-moradores\" style=\"color:blue; text-decoration:underline\"><span style=\"font-size:14.0pt\">Cariacica (ES): Inaugura&ccedil;&atilde;o da geomanta entre Boa Sorte e Vale Esperan&ccedil;a leva tranquilidade para os moradores<\/span><\/a><\/span><\/span><\/span><\/p>\r\n\r\n<p style=\"text-align:justify\"><span style=\"font-size:11pt\"><span style=\"line-height:normal\"><span style=\"font-family:Calibri,sans-serif\"><a href=\"https:\/\/www.comprerural.com\/conheca-os-tipos-de-lonas-para-silo-e-seus-cuidados\/\" style=\"color:blue; text-decoration:underline\"><span style=\"font-size:14.0pt\">Conhe&ccedil;a os tipos de lonas para silos<\/span><\/a><\/span><\/span><\/span><\/p>\r\n\r\n<p style=\"text-align:justify\"><span style=\"font-size:28pt\"><span style=\"font-family:Cambria,serif\"><span style=\"letter-spacing:-0.5pt\"><b><span style=\"font-size:18.0pt\"><span style=\"font-family:&quot;Calibri&quot;,sans-serif\"><span style=\"font-variant:small-caps\">Ind&uacute;stria<\/span><\/span><\/span><\/b><\/span><\/span><\/span><\/p>\r\n\r\n<p style=\"text-align:justify\"><span style=\"font-size:11pt\"><span style=\"line-height:normal\"><span style=\"font-family:Calibri,sans-serif\"><a href=\"https:\/\/noticias.portaldaindustria.com.br\/noticias\/economia\/producao-industrial-cai-em-julho-mas-empresarios-seguem-otimistas-avalia-cni\/\" style=\"color:blue; text-decoration:underline\"><span style=\"font-size:14.0pt\">Produ&ccedil;&atilde;o industrial cai em julho, mas empres&aacute;rios seguem otimistas, avalia CNI<\/span><\/a><\/span><\/span><\/span><\/p>\r\n\r\n<p style=\"text-align:justify\"><span style=\"font-size:11pt\"><span style=\"line-height:normal\"><span style=\"font-family:Calibri,sans-serif\"><a href=\"https:\/\/noticias.portaldaindustria.com.br\/noticias\/economia\/agenda-cni-indice-de-confianca-de-29-setores-industriais-em-agosto\/\" style=\"color:blue; text-decoration:underline\"><span style=\"font-size:14.0pt\">Agenda CNI: &Iacute;ndice de Confian&ccedil;a de 29 setores industriais em agosto<\/span><\/a><\/span><\/span><\/span><\/p>\r\n\r\n<p style=\"text-align:justify\"><span style=\"font-size:11pt\"><span style=\"line-height:normal\"><span style=\"font-family:Calibri,sans-serif\"><a href=\"https:\/\/epbr.com.br\/aterros-sanitarios-sao-solucoes-verdes-para-a-transicao-energetica-do-brasil\/?utm_source=newsletters+epbr&amp;utm_campaign=f3f0a5dcd7-vem-pro-potencializee-20220628_COPY_01&amp;utm_medium=email&amp;utm_term=0_5931171aac-f3f0a5dcd7-466362780\" style=\"color:blue; text-decoration:underline\"><span style=\"font-size:14.0pt\">Aterros sanit&aacute;rios s&atilde;o solu&ccedil;&otilde;es verdes para a transi&ccedil;&atilde;o energ&eacute;tica do Brasil<\/span><\/a><\/span><\/span><\/span><\/p>\r\n\r\n<p style=\"text-align:justify\"><span style=\"font-size:11pt\"><span style=\"line-height:normal\"><span style=\"font-family:Calibri,sans-serif\"><a href=\"https:\/\/guaiba.com.br\/2023\/08\/14\/frente-parlamentar-da-quimica-defente-adocao-de-medidas-para-tirar-setor-da-crise\/\" style=\"color:blue; text-decoration:underline\"><span style=\"font-size:14.0pt\">Frente Parlamentar da Qu&iacute;mica defende ado&ccedil;&atilde;o de medidas para tirar setor da crise<\/span><\/a><\/span><\/span><\/span><\/p>\r\n\r\n<p style=\"text-align:justify\"><span style=\"font-size:28pt\"><span style=\"font-family:Cambria,serif\"><span style=\"letter-spacing:-0.5pt\"><b><span style=\"font-size:18.0pt\"><span style=\"font-family:&quot;Calibri&quot;,sans-serif\"><span style=\"font-variant:small-caps\">Sustentabilidade<\/span><\/span><\/span><\/b><\/span><\/span><\/span><\/p>\r\n\r\n<p style=\"text-align:justify\"><span style=\"font-size:11pt\"><span style=\"line-height:normal\"><span style=\"font-family:Calibri,sans-serif\"><a href=\"https:\/\/epbr.com.br\/transicao-energetica-na-cupula-dos-brics\/\" style=\"color:blue; text-decoration:underline\"><span style=\"font-size:14.0pt\">Transi&ccedil;&atilde;o energ&eacute;tica na c&uacute;pula dos Brics<\/span><\/a><\/span><\/span><\/span><\/p>\r\n\r\n<p style=\"text-align:justify\"><span style=\"font-size:11pt\"><span style=\"line-height:normal\"><span style=\"font-family:Calibri,sans-serif\"><a href=\"https:\/\/conectaverde.com.br\/os-principios-da-economia-circular\/?utm_campaign=conecta_verde_news_38&amp;utm_medium=email&amp;utm_source=RD+Station\" style=\"color:blue; text-decoration:underline\"><span style=\"font-size:14.0pt\">Os princ&iacute;pios da Economia Circular<\/span><\/a><\/span><\/span><\/span><\/p>\r\n\r\n<p style=\"text-align:justify\"><span style=\"font-size:11pt\"><span style=\"line-height:normal\"><span style=\"font-family:Calibri,sans-serif\"><a href=\"https:\/\/mercadoeconsumo.com.br\/21\/08\/2023\/economia\/com-parceria-da-braskem-parque-do-ibirapuera-antecipa-em-2-anos-meta-de-lixo-zero\/#:~:text=Uma%20nova%20central%20de%20reciclagem%20foi%20instalada%20pr%C3%B3ximo%20ao%20Port%C3%A3o%203&amp;text=Com%20a%20instala%C3%A7%C3%A3o%20da%20nova,p%C3%BAblico%20que%20frequenta%20o%20espa%C3%A7o.\" style=\"color:blue; text-decoration:underline\"><span style=\"font-size:14.0pt\">Com parceria da Braskem, parque do Ibirapuera antecipa em 2 anos meta de lixo zero<\/span><\/a><\/span><\/span><\/span><\/p>\r\n\r\n<p style=\"text-align:justify\"><span style=\"font-size:11pt\"><span style=\"line-height:normal\"><span style=\"font-family:Calibri,sans-serif\"><a href=\"https:\/\/www.gov.br\/ana\/pt-br\/assuntos\/noticias-e-eventos\/noticias\/faltam-2-semanas-para-o-fim-das-inscricoes-do-desafio-saneamento-do-futuro-rios-sem-plasticos\" style=\"color:blue; text-decoration:underline\"><span style=\"font-size:14.0pt\">Faltam duas semanas para o fim das inscri&ccedil;&otilde;es do Desafio Saneamento do Futuro: Rios sem Pl&aacute;sticos<\/span><\/a><\/span><\/span><\/span><\/p>\r\n\r\n<p style=\"text-align:justify\"><span style=\"font-size:28pt\"><span style=\"font-family:Cambria,serif\"><span style=\"letter-spacing:-0.5pt\"><b><span style=\"font-size:18.0pt\"><span style=\"font-family:&quot;Calibri&quot;,sans-serif\"><span style=\"font-variant:small-caps\">Inova&ccedil;&atilde;o<\/span><\/span><\/span><\/b><\/span><\/span><\/span><\/p>\r\n\r\n<p style=\"text-align:justify\"><span style=\"font-size:11pt\"><span style=\"line-height:normal\"><span style=\"font-family:Calibri,sans-serif\"><a href=\"https:\/\/ciclovivo.com.br\/inovacao\/tecnologia\/cientistas-reciclam-plastico-e-criam-materia-prima-para-sabao\/\" style=\"color:blue; text-decoration:underline\"><span style=\"font-size:14.0pt\">Cientistas reciclam pl&aacute;stico e criam mat&eacute;ria prima para sab&atilde;o<\/span><\/a><\/span><\/span><\/span><\/p>\r\n\r\n<p style=\"text-align:justify\"><span style=\"font-size:11pt\"><span style=\"line-height:normal\"><span style=\"font-family:Calibri,sans-serif\"><a href=\"https:\/\/phys.org\/news\/2023-08-recycling-junk-plastic.html?utm_source=nwletter&amp;utm_medium=email&amp;utm_campaign=daily-nwletter\" style=\"color:blue; text-decoration:underline\"><span style=\"font-size:14.0pt\">New recycling process could find markets for &#39;junk&#39; plastic waste<\/span><\/a><\/span><\/span><\/span><\/p>\r\n\r\n<p style=\"text-align:justify\"><span style=\"font-size:11pt\"><span style=\"line-height:normal\"><span style=\"font-family:Calibri,sans-serif\"><a href=\"https:\/\/techxplore.com\/news\/2023-08-recycled-roads-pave-sustainable-future.html?utm_source=nwletter&amp;utm_medium=email&amp;utm_campaign=daily-nwletter\" style=\"color:blue; text-decoration:underline\"><span style=\"font-size:14.0pt\">Recycled roads pave the way to a sustainable future<\/span><\/a><\/span><\/span><\/span><\/p>\r\n\r\n<p style=\"text-align:justify\"><span style=\"font-size:28pt\"><span style=\"font-family:Cambria,serif\"><span style=\"letter-spacing:-0.5pt\"><b><span style=\"font-size:18.0pt\"><span style=\"font-family:&quot;Calibri&quot;,sans-serif\"><span style=\"font-variant:small-caps\">Com&eacute;rcio Exterior<\/span><\/span><\/span><\/b><\/span><\/span><\/span><\/p>\r\n\r\n<p style=\"text-align:justify\"><span style=\"font-size:11pt\"><span style=\"line-height:normal\"><span style=\"font-family:Calibri,sans-serif\"><a href=\"https:\/\/www12.senado.leg.br\/radio\/1\/noticia\/2023\/08\/15\/senado-aprova-acordos-internacionais-que-envolvem-o-mercosul\" style=\"color:blue; text-decoration:underline\"><span style=\"font-size:14.0pt\">Senado aprova acordos internacionais que envolvem o Mercosul<\/span><\/a><\/span><\/span><\/span><\/p>\r\n\r\n<p style=\"text-align:justify\"><span style=\"font-size:11pt\"><span style=\"line-height:normal\"><span style=\"font-family:Calibri,sans-serif\"><a href=\"https:\/\/noticias.portaldaindustria.com.br\/noticias\/internacional\/industriais-brasileiros-buscam-fortalecer-negocios-com-os-brics\/\" style=\"color:blue; text-decoration:underline\"><span style=\"font-size:14.0pt\">Industriais brasileiros buscam fortalecer neg&oacute;cios com os Brics<\/span><\/a><\/span><\/span><\/span><\/p>\r\n\r\n<p style=\"text-align:justify\"><span style=\"font-size:11pt\"><span style=\"line-height:normal\"><span style=\"font-family:Calibri,sans-serif\"><a href=\"https:\/\/noticias.portaldaindustria.com.br\/noticias\/internacional\/brasil-assume-presidencia-do-g20-e-do-b20-ainda-neste-ano\/\" style=\"color:blue; text-decoration:underline\"><span style=\"font-size:14.0pt\">Brasil assume presid&ecirc;ncia do G20 e do B20 ainda neste ano<\/span><\/a><\/span><\/span><\/span><\/p>\r\n\r\n<p style=\"text-align:justify\"><span style=\"font-size:11pt\"><span style=\"line-height:normal\"><span style=\"font-family:Calibri,sans-serif\"><a href=\"https:\/\/ibre.fgv.br\/blog-da-conjuntura-economica\/artigos\/china-fator-externo-coloca-o-brasil-diante-de-um-semestre-mais\" style=\"color:blue; text-decoration:underline\"><span style=\"font-size:14.0pt\">China: fator externo coloca o Brasil diante de um semestre mais desafiador<\/span><\/a><\/span><\/span><\/span><\/p>\r\n\r\n<p style=\"text-align:justify\"><span style=\"font-size:11pt\"><span style=\"line-height:normal\"><span style=\"font-family:Calibri,sans-serif\"><a href=\"https:\/\/apexbrasil.com.br\/content\/apexbrasil\/br\/pt\/conteudo\/noticias\/apexbrasil-quer-ampliar-relacoes-com-paises-do-brics.html#msdynttrid=sV1426GbST4wgO3w-rfGAxo17Qu6D2M7y-jsEPBe1bk\" style=\"color:blue; text-decoration:underline\"><span style=\"font-size:14.0pt\">ApexBrasil quer ampliar rela&ccedil;&otilde;es com pa&iacute;ses do BRICS<\/span><\/a><\/span><\/span><\/span><\/p>\r\n\r\n<p style=\"text-align:justify\"><span style=\"font-size:11pt\"><span style=\"line-height:normal\"><span style=\"font-family:Calibri,sans-serif\"><a href=\"http:\/\/cueroamerica.info\/wpnews\/2023\/08\/las-exportaciones-mundiales-de-calzado-retomaron-en-el-2022-los-niveles-prepandemia\/?utm_source=email_marketing&amp;utm_admin=28519&amp;utm_medium=email&amp;utm_campaign=NOTICIAS_de_las_Industrias_del_Calzado_Cuero_Marroquinera_y_Moda\" style=\"color:blue; text-decoration:underline\"><span style=\"font-size:14.0pt\">Las exportaciones mundiales de calzado retomaron en el 2022 los niveles prepandemia<\/span><\/a><\/span><\/span><\/span><\/p>\r\n\r\n<p style=\"text-align:justify\"><span style=\"font-size:11pt\"><span style=\"line-height:normal\"><span style=\"font-family:Calibri,sans-serif\"><a href=\"http:\/\/cueroamerica.info\/wpnews\/2023\/08\/preocupa-a-mexico-la-caida-en-la-fabricacion-de-calzado-en-los-primeros-meses-del-ano\/?utm_source=email_marketing&amp;utm_admin=28519&amp;utm_medium=email&amp;utm_campaign=NOTICIAS_de_las_Industrias_del_Calzado_Cuero_Marroquinera_y_Moda\" style=\"color:blue; text-decoration:underline\"><span style=\"font-size:14.0pt\">Preocupa a M&eacute;xico la ca&iacute;da en la fabricaci&oacute;n de calzado en los primeros meses del a&ntilde;o<\/span><\/a><\/span><\/span><\/span><\/p>\r\n\r\n<p style=\"text-align:justify\"><span style=\"font-size:11pt\"><span style=\"line-height:normal\"><span style=\"font-family:Calibri,sans-serif\"><a href=\"https:\/\/liberal.com.br\/cidades\/painel-de-negocios\/setor-textil-comemora-prorrogacao-de-antidumping-bom-senso-prevalece-2010154\/\" style=\"color:blue; text-decoration:underline\"><span style=\"font-size:14.0pt\">Setor t&ecirc;xtil comemora prorroga&ccedil;&atilde;o de antidumping: &lsquo;bom senso prevalece&rsquo;<\/span><\/a><\/span><\/span><\/span><\/p>\r\n\r\n<p style=\"text-align:justify\"><span style=\"font-size:28pt\"><span style=\"font-family:Cambria,serif\"><span style=\"letter-spacing:-0.5pt\"><b><span style=\"font-size:18.0pt\"><span style=\"font-family:&quot;Calibri&quot;,sans-serif\"><span style=\"font-variant:small-caps\">Economia<\/span><\/span><\/span><\/b><\/span><\/span><\/span><\/p>\r\n\r\n<p style=\"text-align:justify\"><span style=\"font-size:11pt\"><span style=\"line-height:normal\"><span style=\"font-family:Calibri,sans-serif\"><a href=\"https:\/\/www.bcb.gov.br\/content\/focus\/focus\/R20230818.pdf\" style=\"color:blue; text-decoration:underline\"><span style=\"font-size:14.0pt\">Focus &ndash; Relat&oacute;rio de Mercado<\/span><\/a><\/span><\/span><\/span><\/p>\r\n\r\n<p style=\"text-align:justify\"><span style=\"font-size:11pt\"><span style=\"line-height:normal\"><span style=\"font-family:Calibri,sans-serif\"><a href=\"https:\/\/portalibre.fgv.br\/system\/files\/2023-08\/Monitor%20do%20PIB-FGV%20-%20Agosto%20de%202023%20-%20Ref.%20de%20junho_0.pdf\" style=\"color:blue; text-decoration:underline\"><span style=\"font-size:14.0pt\">Monitor do PIB-FGV aponta crescimento de 0,2% na atividade econ&ocirc;mica em junho<\/span><\/a><\/span><\/span><\/span><\/p>\r\n\r\n<p style=\"text-align:justify\"><span style=\"font-size:11pt\"><span style=\"line-height:normal\"><span style=\"font-family:Calibri,sans-serif\"><a href=\"https:\/\/portalibre.fgv.br\/noticias\/no-campo-fiscal-o-que-mais-preocupa-no-pac-e-abertura-de-excecoes-regras-da-meta-de\" style=\"color:blue; text-decoration:underline\"><span style=\"font-size:14.0pt\">&ldquo;No campo fiscal, o que mais preocupa no PAC &eacute; a abertura de exce&ccedil;&otilde;es &agrave;s regras da meta de super&aacute;vit&rdquo;<\/span><\/a><\/span><\/span><\/span><\/p>\r\n\r\n<p style=\"text-align:justify\"><span style=\"font-size:11pt\"><span style=\"line-height:normal\"><span style=\"font-family:Calibri,sans-serif\"><a href=\"https:\/\/ibre.fgv.br\/blog-da-conjuntura-economica\/artigos\/em-foco-115\" style=\"color:blue; text-decoration:underline\"><span style=\"font-size:14.0pt\">Um novo olhar sobre o crescimento brasileiro<\/span><\/a><\/span><\/span><\/span><\/p>\r\n\r\n<p style=\"text-align:justify\"><span style=\"font-size:11pt\"><span style=\"line-height:normal\"><span style=\"font-family:Calibri,sans-serif\"><a href=\"https:\/\/blogdoibre.fgv.br\/posts\/uma-analise-abrangente-da-reforma-tributaria\" style=\"color:blue; text-decoration:underline\"><span style=\"font-size:14.0pt\">Uma an&aacute;lise abrangente da reforma tribut&aacute;ria<\/span><\/a><\/span><\/span><\/span><\/p>\r\n\r\n<p style=\"text-align:justify\"><span style=\"font-size:11pt\"><span style=\"line-height:normal\"><span style=\"font-family:Calibri,sans-serif\"><a href=\"https:\/\/www.fibre2fashion.com\/news\/textile-news\/-euro-zone-inflation-may-be-too-high-for-too-long-ecb-289478-newsdetails.htm\" style=\"color:blue; text-decoration:underline\"><span style=\"font-size:14.0pt\">Euro zone inflation may be too high for too long: ECB<\/span><\/a><\/span><\/span><\/span><\/p>\r\n\r\n<p style=\"text-align:justify\">&nbsp;<\/p>\r\n","texto_en":"","7":"","imagem":"COMP_banner-padrao-home-destaques-boletim-2023_20230822150111s47Qk5kILa.jpeg","8":"COMP_banner-padrao-home-destaques-boletim-2023_20230822150111s47Qk5kILa.jpeg","arquivo":"20230822-NOTICIAS-SEMANAIS.PDF","9":"20230822-NOTICIAS-SEMANAIS.PDF","titulo_arquivo":"20230822 Not\u00edcias Semanais ABINT","10":"20230822 Not\u00edcias Semanais ABINT","titulo_arquivo_en":"","11":"","created_at":"2023-08-22 15:01:20","12":"2023-08-22 15:01:20","updated_at":"2023-08-22 15:01:20","13":"2023-08-22 15:01:20"},{"id":78,"0":78,"ordem":145,"1":145,"data":"2023-08-15","2":"2023-08-15","slug":"boletim-de-noticias-semanais-75","3":"boletim-de-noticias-semanais-75","titulo":"Boletim de Not\u00edcias Semanais","4":"Boletim de Not\u00edcias Semanais","titulo_en":"","5":"","texto":"<p style=\"text-align:justify\"><span style=\"font-size:11pt\"><span style=\"line-height:normal\"><span style=\"font-family:&quot;Calibri&quot;,sans-serif\"><span style=\"font-size:14.0pt\">Esta &eacute; uma compila&ccedil;&atilde;o das not&iacute;cias mais relevantes para o setor, incluindo informa&ccedil;&otilde;es sobre acordos internacionais, economia brasileira, sustentabilidade e mat&eacute;rias primas, al&eacute;m de novidades do setor de N&atilde;otecidos e Tecidos T&eacute;cnicos.<\/span><\/span><\/span><\/span><\/p>\r\n\r\n<p class=\"MsoTitleCxSpLast\" style=\"text-align:justify\"><span style=\"font-size:28pt\"><span style=\"font-family:&quot;Cambria&quot;,serif\"><span style=\"letter-spacing:-0.5pt\"><b><span style=\"font-size:18.0pt\"><span style=\"font-family:&quot;Calibri&quot;,sans-serif\"><span style=\"font-variant:small-caps\">Not&iacute;cias das Associadas<\/span><\/span><\/span><\/b><\/span><\/span><\/span><\/p>\r\n\r\n<p style=\"text-align:justify\"><span style=\"font-size:11pt\"><span style=\"line-height:normal\"><span style=\"font-family:&quot;Calibri&quot;,sans-serif\"><a href=\"https:\/\/portugaltextil.com\/indorama-triplica-reciclagem-de-pet\/?utm_term=Portugal+Textil+-+2023-08-09%3ADATEFORMAT%3Ad.m.Y&amp;utm_campaign=Portugal+Textil+FInal&amp;utm_source=e-goi&amp;utm_medium=email&amp;eg_sub=ef749a4dff&amp;eg_cam=e0053b21767dd101b2f5ac8acb2fee80&amp;eg_list=6\" style=\"color:blue; text-decoration:underline\"><span style=\"font-size:14.0pt\">Indorama triplica reciclagem de PET<\/span><\/a><\/span><\/span><\/span><\/p>\r\n\r\n<p style=\"text-align:justify\"><span style=\"font-size:11pt\"><span style=\"line-height:normal\"><span style=\"font-family:&quot;Calibri&quot;,sans-serif\"><a href=\"https:\/\/www.nonwovens-industry.com\/contents\/view_breaking-news\/2023-08-09\/suominen-announces-results?utm_campaign=NON+eNewsletter&amp;utm_medium=email&amp;_hsmi=269823209&amp;_hsenc=p2ANqtz-__jent_CSnDcmpPmy3ilVxGXCKWKBWbIteWEhhrc5zgEo_0XBm--HphJlwYdNZgpFW9AsfSKbThKkH-ocl5TveG3lYxw&amp;utm_content=269823209&amp;utm_source=hs_email\" style=\"color:blue; text-decoration:underline\"><span style=\"font-size:14.0pt\">Suominen Announces Results<\/span><\/a><\/span><\/span><\/span><\/p>\r\n\r\n<p style=\"text-align:justify\"><span style=\"font-size:11pt\"><span style=\"line-height:normal\"><span style=\"font-family:&quot;Calibri&quot;,sans-serif\"><a href=\"https:\/\/tissueonline.com.br\/eldorado-brasil-reinicia-linha-de-alimentacao-do-digestor-apos-projeto-de-modernizacao-da-andritz\/?utm_campaign=eldorado_brasil_reinicia_linha_de_alimentacao_do_digestor_apos_projeto_de_modernizacao_da_andritz&amp;utm_medium=email&amp;utm_source=RD+Station\" style=\"color:blue; text-decoration:underline\"><span style=\"font-size:14.0pt\">Eldorado Brasil reinicia linha de alimenta&ccedil;&atilde;o do digestor ap&oacute;s projeto de moderniza&ccedil;&atilde;o da ANDRITZ<\/span><\/a><\/span><\/span><\/span><\/p>\r\n\r\n<p class=\"MsoTitle\" style=\"text-align:justify\"><span style=\"font-size:28pt\"><span style=\"font-family:&quot;Cambria&quot;,serif\"><span style=\"letter-spacing:-0.5pt\"><b><span style=\"font-size:18.0pt\"><span style=\"font-family:&quot;Calibri&quot;,sans-serif\"><span style=\"font-variant:small-caps\">A&ccedil;&otilde;es da ABINT<\/span><\/span><\/span><\/b><\/span><\/span><\/span><\/p>\r\n\r\n<p class=\"MsoTitle\" style=\"text-align:justify\"><img src=\"https:\/\/www.abint.org.br\/assets\/img\/editor\/e-mail-marketing-curso_20230815141055ssfktJt9Ag.jpg\" style=\"width: 500px; height: 700px;\" \/><\/p>\r\n\r\n<p class=\"MsoTitle\" style=\"text-align:justify\"><span style=\"font-size:28pt\"><span style=\"line-height:150%\"><span style=\"font-family:&quot;Cambria&quot;,serif\"><span style=\"letter-spacing:-0.5pt\"><a href=\"https:\/\/www.abint.org.br\/informacao\/outros\/programacao-curso-abint-tecnologia-dos-naotecidos\" style=\"color:blue; text-decoration:underline\"><b><span style=\"font-size:14.0pt\"><span style=\"line-height:150%\"><span style=\"font-family:&quot;Calibri&quot;,sans-serif\"><span style=\"color:blue\"><span style=\"letter-spacing:0pt\">Programa&ccedil;&atilde;o<\/span><\/span><\/span><\/span><\/span><\/b><\/a><b><span style=\"font-size:14.0pt\"><span style=\"line-height:150%\"><span style=\"font-family:&quot;Calibri&quot;,sans-serif\"><span style=\"color:blue\"><span style=\"letter-spacing:0pt\"> \/ <span style=\"font-size:28pt\"><span style=\"line-height:150%\"><span style=\"font-family:&quot;Cambria&quot;,serif\"><span style=\"letter-spacing:-0.5pt\"><a href=\"https:\/\/www.abint.org.br\/informacao\/outros\/informacoes-curso-abint-tecnologia-dos-naotecidos\" style=\"color:blue; text-decoration:underline\"><b><span style=\"font-size:14.0pt\"><span style=\"line-height:150%\"><span style=\"font-family:&quot;Calibri&quot;,sans-serif\"><span style=\"color:blue\"><span style=\"letter-spacing:0pt\">Informa&ccedil;&otilde;es<\/span><\/span><\/span><\/span><\/span><\/b><\/a><b><span style=\"font-size:14.0pt\"><span style=\"line-height:150%\"><span style=\"font-family:&quot;Calibri&quot;,sans-serif\"><span style=\"color:blue\"><span style=\"letter-spacing:0pt\"> \/ <\/span><\/span><\/span><\/span><\/span><\/b><\/span><\/span><\/span><\/span><\/span><\/span><\/span><\/span><\/span><\/b><\/span><\/span><\/span><\/span><span style=\"font-size:11.0pt\"><span style=\"line-height:115%\"><span style=\"font-family:&quot;Calibri&quot;,sans-serif\"><a href=\"https:\/\/forms.gle\/E5bZXpiNh7wZ9kcQ6\" style=\"color:blue; text-decoration:underline\"><b><span style=\"font-size:14.0pt\"><span style=\"line-height:115%\"><span style=\"color:blue\">Inscri&ccedil;&otilde;es<\/span><\/span><\/span><\/b><\/a><\/span><\/span><\/span><\/p>\r\n\r\n<p class=\"MsoTitle\" style=\"text-align:justify\">&nbsp;<\/p>\r\n\r\n<p class=\"MsoTitle\" style=\"text-align:justify\"><span style=\"font-size:11.0pt\"><span style=\"line-height:115%\"><span style=\"font-family:&quot;Calibri&quot;,sans-serif\"><b><span style=\"font-size:14.0pt\"><span style=\"line-height:115%\"><span style=\"color:blue\"><img src=\"https:\/\/www.abint.org.br\/assets\/img\/editor\/congresso-internacional-abit-2023_202308151414212LkdNBSzdA.png\" style=\"width: 500px; height: 442px;\" \/><\/span><\/span><\/span><\/b><\/span><\/span><\/span><\/p>\r\n\r\n<p style=\"text-align:justify\"><span style=\"font-size:11pt\"><span style=\"line-height:normal\"><span style=\"font-family:&quot;Calibri&quot;,sans-serif\"><b><span style=\"font-size:14.0pt\">A ABINT &eacute; uma das patrocinadoras do Congresso Internacional ABIT 2023, <\/span><\/b><span style=\"font-size:14.0pt\">que ocorrer&aacute;<b> dias 08 e 09 de novembro, na FIESC, Florian&oacute;polis, SC. <\/b><\/span><\/span><\/span><span style=\"line-height:115%\"><span style=\"font-family:&quot;Calibri&quot;,sans-serif\"><a href=\"https:\/\/t.rdsv1.net\/ls\/click?upn=LFSWB5boDXSqxt4eHgA5r3YUv3HG6yY4XTXT-2BpjEpFmt56yR61Gu09ER-2Bq95-2FgFAbN46ClwLMWPZzveVybfat1CKHOKhUUtOIVaFgsR5U28dlEKVouFrV1iSMaKnlWHCANmwKiZ4x1Oy9BDRL5tuTGPXgO91zEc1uo-2FbtPYQFm3y4fMGnbuiV3FEKs9g9uy1l2sL_iW8zc4KBvTUX2z9kws1M6pjQI9DpNNh-2Fk6fgMN4DbaFx-2BL1o5swSv2HtiLB2iGFhqxZ0654f80VOIjakRycDjcrdu1MF6BdTRc4d4wYs0wcxXXPsRygypvnzeOAhjjgiEkGX1jMsv1FD9IiN0mt5TiPA-2F-2FcYbMJqgkOyyeRxcI4izBTlMz4tYAchHCwHneJZvJXH0y9HeVp67XkJynQGH21X32t2y1CeSaYEq0zVO-2BnyLK4mDGipKkH-2FZQCwU2MKfdHIIgVMZzvyz5G5cXFeOFC58YiNyn2cnMPO14gymNMfyWFH-2BHHlC3b47l7V1Qmqxs4es-2BeyjBwNpbTVF3mKTVfvVN8KGLr0cqLDBhDLHrW7KPcTfpWgS5gfvWdAKEPOEmZKoo4k2kAi0PFh6jxFYAV2tXcAZfbY2kx8RXrY81D1SMCEBW0alhXBRKfUMvljxKCVojmlXya75YoxeWm0PKiSpaikvnyQHb1SYVAvooBBGQr8kVTT7gfi2jpYOB7Yz3v8ovwiOQwMF4kMzI4BGg58Stg7NIyaStQsDmhOsSp6GMNA3SG1UPw-2Fljh3rhjS-2BFt0EiGPe9cI33b9n1X0Y0ud-2BOFmeXkp5V9mMyq0eViPM4g6fXMuiRQFG1Lhn1lb5TsAtW9vCVxHdYrOB-2F6cV4-2FiOK5JwicsxDApwdvwvys-3D\" style=\"color:blue; text-decoration:underline\"><span style=\"font-size:14.0pt\"><span style=\"line-height:115%\">Informa&ccedil;&otilde;es<\/span><\/span><\/a><\/span><\/span><\/span><\/p>\r\n\r\n<p class=\"MsoTitle\" style=\"text-align:justify\">&nbsp;<\/p>\r\n\r\n<p style=\"text-align:justify\"><span style=\"font-size:11pt\"><span style=\"line-height:normal\"><span style=\"font-family:&quot;Calibri&quot;,sans-serif\"><b><span style=\"font-size:18.0pt\"><span style=\"font-variant:small-caps\">Eventos<\/span><\/span><\/b><\/span><\/span><\/span><\/p>\r\n\r\n<p style=\"text-align:justify\"><span style=\"font-size:11pt\"><span style=\"line-height:normal\"><span style=\"font-family:&quot;Calibri&quot;,sans-serif\"><b><span style=\"font-size:14.0pt\">Portal Conecta Verde | Entrevista com Gabriela Otero, Gerente de Economia Circular do Pacto Global da ONU no Brasil<\/span><\/b><span class=\"MsoHyperlink\" style=\"color:blue\"><span style=\"text-decoration:underline\"><span style=\"font-size:14.0pt\"><span style=\"text-decoration:none\"><span style=\"text-underline:none\">, <\/span><\/span><\/span><\/span><\/span><span style=\"font-size:14.0pt\">10 de agosto de 2023, 19h00<\/span><span class=\"MsoHyperlink\" style=\"color:blue\"><span style=\"text-decoration:underline\"><span style=\"font-size:14.0pt\"><span style=\"text-decoration:none\"><span style=\"text-underline:none\">. <\/span><\/span><\/span><\/span><\/span><a href=\"https:\/\/conteudo.conectaverde.com.br\/entrevistapactoglobalonu?_ga=2.250093318.1270704200.1692102027-496221050.1689359574\" style=\"color:blue; text-decoration:underline\"><span style=\"font-size:14.0pt\">Inscreva-se<\/span><\/a> <\/span><\/span><\/span><\/p>\r\n\r\n<p style=\"text-align:justify\"><span style=\"font-size:11pt\"><span style=\"line-height:normal\"><span style=\"font-family:&quot;Calibri&quot;,sans-serif\"><b><span style=\"font-size:14.0pt\">XII Simp&oacute;sio Internacional de Excel&ecirc;ncia em Produ&ccedil;&atilde;o | &quot;Efici&ecirc;ncia de Processos Industriais<\/span><\/b><span style=\"font-size:14.0pt\">, 17 de agosto de 2023, 08h30 &agrave;s 12h00, Centro Universit&aacute;rio FACENS, Sorocaba, SP.<\/span><\/span><\/span><\/span><\/p>\r\n\r\n<p style=\"text-align:justify\"><span style=\"font-size:11pt\"><span style=\"line-height:normal\"><span style=\"font-family:&quot;Calibri&quot;,sans-serif\"><b><span style=\"font-size:14.0pt\">FEIPLAR COMPOSITES &amp; FEIPUR &ndash; Feira e Congresso Internacionais de Composites, Poliuretano, Pl&aacute;sticos de Engenharia e Compostos Termopl&aacute;sticos<\/span><\/b><span style=\"font-size:14.0pt\">, 20 a 22 de agosto de 2024, S&atilde;o Paulo Expo (Pavilh&atilde;o 5), palestras: das 8h30 &agrave;s 18h, feira: das 13h &agrave;s 20h.<b> <\/b><\/span><a href=\"http:\/\/www.feiplar.com\" style=\"color:blue; text-decoration:underline\"><span style=\"font-size:14.0pt\">www.feiplar.com<\/span><\/a> <\/span><\/span><\/span><\/p>\r\n\r\n<p style=\"text-align:justify\"><span style=\"font-size:11pt\"><span style=\"line-height:normal\"><span style=\"font-family:&quot;Calibri&quot;,sans-serif\"><b><span style=\"font-size:14.0pt\">2&ordf; FEBRATEX SUMMIT 2023, <\/span><\/b><span style=\"font-size:14.0pt\">dias 23 e 24 de agosto de 2023, no Parque Vila Germ&acirc;nica, Blumenau &ndash; SC. <\/span><a href=\"https:\/\/www.sympla.com.br\/evento\/febratex-summit-2023-2-edicao\/1722288?utm_term=%28PAUTA%29+Falta+menos+de+um+mes+para+a+2%3F%3F%3F%3F+edicao+do+Febratex+Summit&amp;utm_campaign=Vale+do+Itajai&amp;utm_source=e-goi&amp;utm_medium=email\" style=\"color:blue; text-decoration:underline\"><span style=\"font-size:14.0pt\">Informa&ccedil;&otilde;es<\/span><\/a><\/span><\/span><\/span><\/p>\r\n\r\n<p style=\"text-align:justify\"><span style=\"font-size:11pt\"><span style=\"line-height:normal\"><span style=\"font-family:&quot;Calibri&quot;,sans-serif\"><b><span style=\"font-size:14.0pt\">9&ordm; F&oacute;rum Infraestrutura Grandes Constru&ccedil;&otilde;es | Modais de Transportes: novos caminhos, <\/span><\/b><span style=\"font-size:14.0pt\">24 de agosto de 2023, 15h00, evento online e gratuito. <\/span><a href=\"https:\/\/www.sobratemaforum.com.br\/\" style=\"color:blue; text-decoration:underline\"><span style=\"font-size:14.0pt\">Informa&ccedil;&otilde;es<\/span><\/a><b> <\/b><\/span><\/span><\/span><\/p>\r\n\r\n<p style=\"text-align:justify\"><span style=\"font-size:11pt\"><span style=\"line-height:normal\"><span style=\"font-family:&quot;Calibri&quot;,sans-serif\"><b><span style=\"font-size:14.0pt\">Webinar Abit | Investimentos na ind&uacute;stria T&amp;C mundial e a Agenda Verde Europeia<\/span><\/b><span style=\"font-size:14.0pt\">, 24 de agosto de 2023, 14h &agrave;s 16h, evento gratuito. <\/span><a href=\"https:\/\/app.rdstation.email\/mail\/d2796237-d948-4293-9d1d-b0d4ca34b41a?utm_campaign=evento_investimento_na_industria_tc_mundial&amp;utm_medium=email&amp;utm_source=RD+Station\" style=\"color:blue; text-decoration:underline\"><span style=\"font-size:14.0pt\">Informa&ccedil;&otilde;es<\/span><\/a> <\/span><\/span><\/span><\/p>\r\n\r\n<p style=\"text-align:justify\"><span style=\"font-size:11pt\"><span style=\"line-height:normal\"><span style=\"font-family:&quot;Calibri&quot;,sans-serif\"><b><span style=\"font-size:14.0pt\">INDA Webinars | PFAS Use and Elimination in Nonwoven Textile Finishing<\/span><\/b><span class=\"MsoHyperlink\" style=\"color:blue\"><span style=\"text-decoration:underline\"><span style=\"font-size:14.0pt\"><span style=\"text-decoration:none\"><span style=\"text-underline:none\">, <\/span><\/span><\/span><\/span><\/span><span style=\"font-size:14.0pt\">Thursday, August 24th, 11 am EDT. <\/span><a href=\"https:\/\/www.inda.org\/inda-webinars\/\" style=\"color:blue; text-decoration:underline\"><span style=\"font-size:14.0pt\">Full details<\/span><\/a><\/span><\/span><\/span><\/p>\r\n\r\n<p style=\"text-align:justify\"><span style=\"font-size:11pt\"><span style=\"line-height:normal\"><span style=\"font-family:&quot;Calibri&quot;,sans-serif\"><b><span style=\"font-size:14.0pt\">JEC Composites Talks Brasil,<\/span><\/b><span style=\"font-size:14.0pt\"> 24 de agosto de 2023, 13h, Hotel Renaissance, S&atilde;o Paulo. Confirmar presen&ccedil;a at&eacute; 11\/08 pelo e-mail <\/span><a href=\"mailto:marketing@almaco.org.br\" style=\"color:blue; text-decoration:underline\"><span style=\"font-size:14.0pt\">marketing@almaco.org.br<\/span><\/a><span style=\"font-size:14.0pt\"> . <\/span><a href=\"https:\/\/emailmarketing.locaweb.com.br\/accounts\/116830\/messages\/460?email=abint@abint.org.br&amp;c=1690465349&amp;contact_id=110&amp;envelope_id=352\" style=\"color:blue; text-decoration:underline\"><span style=\"font-size:14.0pt\">Programa&ccedil;&atilde;o<\/span><\/a> <\/span><\/span><\/span><\/p>\r\n\r\n<p style=\"text-align:justify\"><span style=\"font-size:11pt\"><span style=\"line-height:normal\"><span style=\"font-family:&quot;Calibri&quot;,sans-serif\"><b><span style=\"font-size:14.0pt\">FIMMA BRASIL - Feira Internacional de Fornecedores da Cadeia Produtiva Madeira e M&oacute;veis<\/span><\/b><span style=\"font-size:14.0pt\">, 28 a 31 de agosto de 2023, das 10h &agrave;s 19h, Bento Gon&ccedil;alves, RS. <\/span><a href=\"https:\/\/fimma.com.br\/\" style=\"color:blue; text-decoration:underline\"><span style=\"font-size:14.0pt\">Informa&ccedil;&otilde;es<\/span><\/a> <\/span><\/span><\/span><\/p>\r\n\r\n<p style=\"text-align:justify\"><span style=\"font-size:11pt\"><span style=\"line-height:normal\"><span style=\"font-family:&quot;Calibri&quot;,sans-serif\"><b><span style=\"font-size:14.0pt\">Workshop Abit | Bloco K 2024 - Obrigatoriedade e Implica&ccedil;&otilde;es Operacionais<\/span><\/b><span style=\"font-size:14.0pt\">, 06 de setembro de 2023, 09h30 &agrave;s 11h00, evento online. <\/span><a href=\"https:\/\/app.rdstation.email\/mail\/0fb2830d-08b6-4ae3-81b4-b161ab0c587e?utm_campaign=convite_workshop_bloco_k&amp;utm_medium=email&amp;utm_source=RD+Station\" style=\"color:blue; text-decoration:underline\"><span style=\"font-size:14.0pt\">Informa&ccedil;&otilde;es<\/span><\/a> <\/span><\/span><\/span><\/p>\r\n\r\n<p style=\"text-align:justify\"><span style=\"font-size:11pt\"><span style=\"line-height:normal\"><span style=\"font-family:&quot;Calibri&quot;,sans-serif\"><b><span style=\"font-size:14.0pt\">22&ordf; FEBRAVA - Feira Internacional de Refrigera&ccedil;&atilde;o, Ar-Condicionado, Ventila&ccedil;&atilde;o, Aquecimento, Tratamento de Ar e de &Aacute;guas<\/span><\/b><span style=\"font-size:14.0pt\">, 12 a 15 de setembro de 2023, S&atilde;o Paulo Expo. <\/span><a href=\"https:\/\/www.febrava.com.br\/pt-br.html\" style=\"color:blue; text-decoration:underline\"><span style=\"font-size:14.0pt\">Informa&ccedil;&otilde;es<\/span><\/a> <\/span><\/span><\/span><\/p>\r\n\r\n<p style=\"text-align:justify\"><span style=\"font-size:11pt\"><span style=\"line-height:normal\"><span style=\"font-family:&quot;Calibri&quot;,sans-serif\"><b><span style=\"font-size:14.0pt\">18&ordm; CONBRAVA &ndash; Congresso Brasileiro de Refrigera&ccedil;&atilde;o, Ar-Condicionado, Ventila&ccedil;&atilde;o, Aquecimento e Tratamento de Ar | &ldquo;AVACR rumo ao um futuro sustent&aacute;vel e saud&aacute;vel&rdquo;, <\/span><\/b><span style=\"font-size:14.0pt\">13 a 15 de setembro de 2023, S&atilde;o Paulo Expo, SP. <\/span><a href=\"http:\/\/conbrava.comercial.ws\/site\/\" style=\"color:blue; text-decoration:underline\"><span style=\"font-size:14.0pt\">Informa&ccedil;&otilde;es<\/span><\/a> <\/span><\/span><\/span><\/p>\r\n\r\n<p style=\"text-align:justify\"><span style=\"font-size:11pt\"><span style=\"line-height:normal\"><span style=\"font-family:&quot;Calibri&quot;,sans-serif\"><b><span style=\"font-size:14.0pt\">Abiplast\/Sindiplast &amp; Pl&aacute;sticos em Revista | 13&ordm; Semin&aacute;rio Competitividade<\/span><\/b><span style=\"font-size:14.0pt\">, 19 de setembro de 2023, Hotel Meli&aacute;, Av. Paulista, 2181. <\/span><a href=\"https:\/\/plasticosemrevista.com.br\/competitividade-2023-inscricao\/\" style=\"color:blue; text-decoration:underline\"><span style=\"font-size:14.0pt\">Informa&ccedil;&otilde;es<\/span><\/a> <\/span><\/span><\/span><\/p>\r\n\r\n<p style=\"text-align:justify\"><span style=\"font-size:11pt\"><span style=\"line-height:normal\"><span style=\"font-family:&quot;Calibri&quot;,sans-serif\"><b><span style=\"font-size:14.0pt\">NASCE CME | Conale 2023 - 5&ordf; Edi&ccedil;&atilde;o: Multici&ecirc;ncia e o Estado da Arte nos Processos de Limpeza e Esteriliza&ccedil;&atilde;o<\/span><\/b><span style=\"font-size:14.0pt\">, 23 e 24 de setembro, evento online. <\/span><a href=\"http:\/\/nascecme.com.br\/programa-conale-2023\/\" style=\"color:blue; text-decoration:underline\"><span style=\"font-size:14.0pt\">Programa&ccedil;&atilde;o<\/span><\/a> <\/span><\/span><\/span><\/p>\r\n\r\n<p style=\"text-align:justify\"><span style=\"font-size:11pt\"><span style=\"line-height:normal\"><span style=\"font-family:&quot;Calibri&quot;,sans-serif\"><b><span style=\"font-size:14.0pt\">CNI\/ SEBRAE | 10&ordm; Congresso Internacional da Inova&ccedil;&atilde;o da Ind&uacute;stria<\/span><\/b><span style=\"font-size:14.0pt\">, 27 e 28 de setembro de 2023, S&atilde;o Paulo Expo.<\/span> <a href=\"https:\/\/www.congressodeinovacao.com.br\/?utm_source=comext&amp;utm_medium=email&amp;utm_campaign=eventos&amp;utm_content=id00053#msdynttrid=gg5jXwSFR7qM4vHH2tKGau3cTwSFDneTjMUhrcPg7vE\" style=\"color:blue; text-decoration:underline\"><span style=\"font-size:14.0pt\">Informa&ccedil;&otilde;es<\/span><\/a> <\/span><\/span><\/span><\/p>\r\n\r\n<p style=\"text-align:justify\"><span style=\"font-size:11pt\"><span style=\"line-height:normal\"><span style=\"font-family:&quot;Calibri&quot;,sans-serif\"><b><span style=\"font-size:14.0pt\">FiltXPO&trade; 2023<\/span><\/b><span class=\"MsoHyperlink\" style=\"color:blue\"><span style=\"text-decoration:underline\"><span style=\"font-size:14.0pt\"><span style=\"text-decoration:none\"><span style=\"text-underline:none\">, <\/span><\/span><\/span><\/span><\/span><span style=\"font-size:14.0pt\">October 10-12, 2023 at Navy Pier in Chicago, Illinois<\/span><span class=\"MsoHyperlink\" style=\"color:blue\"><span style=\"text-decoration:underline\"><span style=\"font-size:14.0pt\"><span style=\"text-decoration:none\"><span style=\"text-underline:none\">. <\/span><\/span><\/span><\/span><\/span><a href=\"https:\/\/www.filtxpo.com\/\" style=\"color:blue; text-decoration:underline\"><span style=\"font-size:14.0pt\">Informa&ccedil;&otilde;es<\/span><\/a> <\/span><\/span><\/span><\/p>\r\n\r\n<p style=\"text-align:justify\"><span style=\"font-size:11pt\"><span style=\"line-height:normal\"><span style=\"font-family:&quot;Calibri&quot;,sans-serif\"><b><span style=\"font-size:14.0pt\">CONAHP 2023<\/span><\/b><span style=\"font-size:14.0pt\">, 18 e 19 de outubro, Transamerica Expo Center, S&atilde;o Paulo, SP. <\/span><a href=\"https:\/\/conahp.org.br\/2023\/\" style=\"color:blue; text-decoration:underline\"><span style=\"font-size:14.0pt\">Informa&ccedil;&otilde;es<\/span><\/a> <\/span><\/span><\/span><\/p>\r\n\r\n<p style=\"text-align:justify\"><span style=\"font-size:11pt\"><span style=\"line-height:normal\"><span style=\"font-family:&quot;Calibri&quot;,sans-serif\"><b><span style=\"font-size:14.0pt\">V Congreso Sudamericano de Composites, Poliuretano y Pl&aacute;sticos de Ingenier&iacute;a, <\/span><\/b><span style=\"font-size:14.0pt\">24 e 25 de outubro de 2023, Bogot&aacute;, Col&ocirc;mbia. <\/span><a href=\"http:\/\/www.congresosudamericano.com\/blog.html\" style=\"color:blue; text-decoration:underline\"><span style=\"font-size:14.0pt\">Informa&ccedil;&otilde;es<\/span><\/a> <\/span><\/span><\/span><\/p>\r\n\r\n<p style=\"text-align:justify\"><span style=\"font-size:11pt\"><span style=\"line-height:normal\"><span style=\"font-family:&quot;Calibri&quot;,sans-serif\"><b><span style=\"font-size:14.0pt\">Abrafiltros | 2&ordm; Semin&aacute;rio Brasileiro de Filtros<\/span><\/b><span style=\"font-size:14.0pt\">, 08 de novembro de 2023.<\/span><\/span><\/span><\/span><\/p>\r\n\r\n<p class=\"MsoTitle\" style=\"text-align:justify\"><span style=\"font-size:28pt\"><span style=\"font-family:&quot;Cambria&quot;,serif\"><span style=\"letter-spacing:-0.5pt\"><b><span style=\"font-size:18.0pt\"><span style=\"font-family:&quot;Calibri&quot;,sans-serif\"><span style=\"font-variant:small-caps\">Setor<\/span><\/span><\/span><\/b><\/span><\/span><\/span><\/p>\r\n\r\n<p style=\"text-align:justify\"><span style=\"font-size:11pt\"><span style=\"line-height:normal\"><span style=\"font-family:&quot;Calibri&quot;,sans-serif\"><a href=\"https:\/\/www.agrolink.com.br\/noticias\/uso-industrial-da-nanocelulose-impulsiona-estudos-ao-redor-do-mundo_482228.html\" style=\"color:blue; text-decoration:underline\"><span style=\"font-size:14.0pt\">Aplica&ccedil;&atilde;o em n&atilde;otecidos? Uso industrial da nanocelulose impulsiona estudos ao redor do mundo<\/span><\/a><\/span><\/span><\/span><\/p>\r\n\r\n<p style=\"text-align:justify\"><span style=\"font-size:11pt\"><span style=\"line-height:normal\"><span style=\"font-family:&quot;Calibri&quot;,sans-serif\"><a href=\"https:\/\/epbr.com.br\/petrobras-diz-que-nao-pretende-estatizar-braskem\/\" style=\"color:blue; text-decoration:underline\"><span style=\"font-size:14.0pt\">Petrobras diz que n&atilde;o pretende estatizar Braskem<\/span><\/a><\/span><\/span><\/span><\/p>\r\n\r\n<p style=\"text-align:justify\"><span style=\"font-size:11pt\"><span style=\"line-height:normal\"><span style=\"font-family:&quot;Calibri&quot;,sans-serif\"><a href=\"https:\/\/www.umuarama.pr.gov.br\/noticias\/meio-ambiente\/prefeitura-investe-r-2-milhes-em-nova-clula-para-recebimento-de-lixo-orgnico\" style=\"color:blue; text-decoration:underline\"><span style=\"font-size:14.0pt\">Geomembrana: prefeitura de Umuarama (PR) investe R$ 2 milh&otilde;es em nova c&eacute;lula para recebimento de lixo org&acirc;nico<\/span><\/a><\/span><\/span><\/span><\/p>\r\n\r\n<p style=\"text-align:justify\"><span style=\"font-size:11pt\"><span style=\"line-height:normal\"><span style=\"font-family:&quot;Calibri&quot;,sans-serif\"><a href=\"https:\/\/atualfm.com.br\/mpsc-fara-vistoria-no-aterro-sanitario-para-verificar-medidas-adotadas-pela-prefeitura-de-concordia\/\" style=\"color:blue; text-decoration:underline\"><span style=\"font-size:14.0pt\">Licita&ccedil;&atilde;o de empresa para impermeabiliza&ccedil;&atilde;o com geomembrana: vistorias em aterro sanit&aacute;rio de Conc&oacute;rdia (SC)<\/span><\/a><\/span><\/span><\/span><\/p>\r\n\r\n<p style=\"text-align:justify\"><span style=\"font-size:11pt\"><span style=\"line-height:normal\"><span style=\"font-family:&quot;Calibri&quot;,sans-serif\"><a href=\"https:\/\/www.innovationintextiles.com\/nonwovens\/the-rise-of-reusables-for-the-uks-nhs\/\" style=\"color:blue; text-decoration:underline\"><span style=\"font-size:14.0pt\">The rise of reusables for the UK&rsquo;s NHS<\/span><\/a><\/span><\/span><\/span><\/p>\r\n\r\n<p style=\"text-align:justify\"><span style=\"font-size:11pt\"><span style=\"line-height:normal\"><span style=\"font-family:&quot;Calibri&quot;,sans-serif\"><a href=\"https:\/\/blogdoplastico.wordpress.com\/2023\/08\/09\/jose-ricardo-roriz-coelho-e-reconduzido-ao-cargo-de-presidente-do-conselho-da-abiplast\/\" style=\"color:blue; text-decoration:underline\"><span style=\"font-size:14.0pt\">Jos&eacute; Ricardo Roriz Coelho &eacute; reconduzido ao cargo de presidente do Conselho da Abiplast<\/span><\/a><\/span><\/span><\/span><\/p>\r\n\r\n<p style=\"text-align:justify\"><span style=\"font-size:11pt\"><span style=\"line-height:normal\"><span style=\"font-family:&quot;Calibri&quot;,sans-serif\"><a href=\"https:\/\/blogdoplastico.wordpress.com\/2023\/08\/10\/feira-plast-2023-na-italia-amplia-sua-abrangencia-internacional-e-espera-forte-presenca-de-compradores-e-expositores-estrangeiros\/\" style=\"color:blue; text-decoration:underline\"><span style=\"font-size:14.0pt\">Feira PLAST 2023 na It&aacute;lia amplia sua abrang&ecirc;ncia internacional e espera forte presen&ccedil;a de compradores e expositores estrangeiros<\/span><\/a><\/span><\/span><\/span><\/p>\r\n\r\n<p class=\"MsoTitle\" style=\"text-align:justify\"><span style=\"font-size:28pt\"><span style=\"font-family:&quot;Cambria&quot;,serif\"><span style=\"letter-spacing:-0.5pt\"><b><span style=\"font-size:18.0pt\"><span style=\"font-family:&quot;Calibri&quot;,sans-serif\"><span style=\"font-variant:small-caps\">Ind&uacute;stria<\/span><\/span><\/span><\/b><\/span><\/span><\/span><\/p>\r\n\r\n<p style=\"text-align:justify\"><span style=\"font-size:11pt\"><span style=\"line-height:normal\"><span style=\"font-family:&quot;Calibri&quot;,sans-serif\"><a href=\"https:\/\/noticias.portaldaindustria.com.br\/noticias\/economia\/depois-de-queda-da-selic-cresce-a-confianca-da-industria\/\" style=\"color:blue; text-decoration:underline\"><span style=\"font-size:14.0pt\">Depois de queda da Selic, cresce a confian&ccedil;a da ind&uacute;stria<\/span><\/a><\/span><\/span><\/span><\/p>\r\n\r\n<p style=\"text-align:justify\"><span style=\"font-size:11pt\"><span style=\"line-height:normal\"><span style=\"font-family:&quot;Calibri&quot;,sans-serif\"><a href=\"https:\/\/agenciabrasil.ebc.com.br\/economia\/noticia\/2023-08\/confianca-da-pequena-industria-na-economia-aumentou-em-julho\" style=\"color:blue; text-decoration:underline\"><span style=\"font-size:14.0pt\">Confian&ccedil;a da pequena ind&uacute;stria na economia aumentou em junho<\/span><\/a><\/span><\/span><\/span><\/p>\r\n\r\n<p style=\"text-align:justify\"><span style=\"font-size:11pt\"><span style=\"line-height:normal\"><span style=\"font-family:&quot;Calibri&quot;,sans-serif\"><a href=\"https:\/\/noticias.portaldaindustria.com.br\/noticias\/economia\/emprego-na-industria-cresce-08-no-primeiro-semestre-afirma-cni\/\" style=\"color:blue; text-decoration:underline\"><span style=\"font-size:14.0pt\">Emprego na ind&uacute;stria cresce 0,8% no primeiro semestre, afirma CNI<\/span><\/a><\/span><\/span><\/span><\/p>\r\n\r\n<p style=\"text-align:justify\"><span style=\"font-size:11pt\"><span style=\"line-height:normal\"><span style=\"font-family:&quot;Calibri&quot;,sans-serif\"><a href=\"https:\/\/grandesconstrucoes.com.br\/Noticias\/Exibir\/novo-pac-tem-previsao-de-r-1-trilhao-em-quatro-anos?utm_source=akna&amp;utm_medium=email&amp;utm_campaign=Grandes-Construcoes-Informativo-874-10-08-2023&amp;utm_source=akna&amp;utm_medium=email&amp;utm_campaign=Grandes-Construcoes-Informativo-874-10-08-2023\" style=\"color:blue; text-decoration:underline\"><span style=\"font-size:14.0pt\">Novo PAC tem previs&atilde;o de R$ 1 trilh&atilde;o em quatro anos<\/span><\/a><\/span><\/span><\/span><\/p>\r\n\r\n<p style=\"text-align:justify\"><span style=\"font-size:11pt\"><span style=\"line-height:normal\"><span style=\"font-family:&quot;Calibri&quot;,sans-serif\"><a href=\"https:\/\/revistamt.com.br\/Noticias\/Exibir\/julho-tem-recorde-de-vendas-e-producao-estavel-de-autoveiculos?utm_source=akna&amp;utm_medium=email&amp;utm_campaign=Revista-M-T-Informativo-639-08-08-2023&amp;utm_source=akna&amp;utm_medium=email&amp;utm_campaign=Revista-M-T-Informativo-639-08-08-2023\" style=\"color:blue; text-decoration:underline\"><span style=\"font-size:14.0pt\">Julho tem recorde de vendas e produ&ccedil;&atilde;o est&aacute;vel de autove&iacute;culos<\/span><\/a><\/span><\/span><\/span><\/p>\r\n\r\n<p style=\"text-align:justify\"><span style=\"font-size:11pt\"><span style=\"line-height:normal\"><span style=\"font-family:&quot;Calibri&quot;,sans-serif\"><a href=\"https:\/\/www.hojemais.com.br\/aracatuba\/noticia\/politica\/cadeia-do-calcado-pede-fim-da-isencao-fiscal-para-plataformas-internacionais\" style=\"color:blue; text-decoration:underline\"><span style=\"font-size:14.0pt\">Setor cal&ccedil;adista pede fim da isen&ccedil;&atilde;o fiscal para plataformas internacionais<\/span><\/a><\/span><\/span><\/span><\/p>\r\n\r\n<p style=\"text-align:justify\"><span style=\"font-size:11pt\"><span style=\"line-height:normal\"><span style=\"font-family:&quot;Calibri&quot;,sans-serif\"><a href=\"https:\/\/exclusivo.com.br\/_conteudo\/negocios\/2023\/08\/07\/industria-gaucha-tem-a-maior-queda-em-dois-anos-setor-coureiro-calcadista-cresce.html\" style=\"color:blue; text-decoration:underline\"><span style=\"font-size:14.0pt\">Ind&uacute;stria ga&uacute;cha tem a maior queda em dois anos; setor coureiro-cal&ccedil;adista cresce<\/span><\/a> <\/span><\/span><\/span><\/p>\r\n\r\n<p style=\"text-align:justify\"><span style=\"font-size:11pt\"><span style=\"line-height:normal\"><span style=\"font-family:&quot;Calibri&quot;,sans-serif\"><a href=\"http:\/\/abimovel.com\/entre-altos-e-baixos-producao-de-moveis-e-colchoes-em-2023-aponta-leve-avanco-na-comparacao-com-o-ano-passado\/?utm_campaign=entre_altos_e_baixos_producao_de_moveis_e_colchoes_em_2023_aponta_leve_avanco_na_comparacao_com_o_ano_passado&amp;utm_medium=email&amp;utm_source=RD+Station\" style=\"color:blue; text-decoration:underline\"><span style=\"font-size:14.0pt\">Entre altos e baixos, produ&ccedil;&atilde;o de m&oacute;veis e colch&otilde;es em 2023 aponta leve avan&ccedil;o na compara&ccedil;&atilde;o com o ano passado<\/span><\/a><\/span><\/span><\/span><\/p>\r\n\r\n<p style=\"text-align:justify\"><span style=\"font-size:11pt\"><span style=\"line-height:normal\"><span style=\"font-family:&quot;Calibri&quot;,sans-serif\"><a href=\"https:\/\/emobile.com.br\/site\/setor-moveleiro\/exportacoes-de-moveis-e-colchoes-estabilizam-em-maio\/\" style=\"color:blue; text-decoration:underline\"><span style=\"font-size:14.0pt\">Exporta&ccedil;&otilde;es de m&oacute;veis e colch&otilde;es estabilizam em maio<\/span><\/a><\/span><\/span><\/span><\/p>\r\n\r\n<p class=\"MsoTitle\" style=\"text-align:justify\"><span style=\"font-size:28pt\"><span style=\"font-family:&quot;Cambria&quot;,serif\"><span style=\"letter-spacing:-0.5pt\"><b><span style=\"font-size:18.0pt\"><span style=\"font-family:&quot;Calibri&quot;,sans-serif\"><span style=\"font-variant:small-caps\">Sustentabilidade<\/span><\/span><\/span><\/b><\/span><\/span><\/span><\/p>\r\n\r\n<p style=\"text-align:justify\"><span style=\"font-size:11pt\"><span style=\"line-height:normal\"><span style=\"font-family:&quot;Calibri&quot;,sans-serif\"><a href=\"https:\/\/portugaltextil.com\/reciclagem-de-misturas-algodao-poliester-com-nova-solucao\/?utm_term=Portugal+Textil+-+2023-08-10%3ADATEFORMAT%3Ad.m.Y&amp;utm_campaign=Portugal+Textil+FInal&amp;utm_source=e-goi&amp;utm_medium=email&amp;eg_sub=ef749a4dff&amp;eg_cam=68b87cbb0bf48c88217b2674b153bf79&amp;eg_list=6\" style=\"color:blue; text-decoration:underline\"><span style=\"font-size:14.0pt\">Reciclagem de misturas algod&atilde;o\/poli&eacute;ster com nova solu&ccedil;&atilde;o<\/span><\/a><\/span><\/span><\/span><\/p>\r\n\r\n<p style=\"text-align:justify\"><span style=\"font-size:11pt\"><span style=\"line-height:normal\"><span style=\"font-family:&quot;Calibri&quot;,sans-serif\"><a href=\"https:\/\/mundodoplastico.plasticobrasil.com.br\/reciclagem\/saiba-como-realizar-compensacao-ambiental-de-embalagens-plasticas?utm_campaign=BRZ23MDP-LR-Newsletter%2043%20-%20Batch&amp;utm_emailname=BRZ23MDP-LR-Newsletter%2043&amp;utm_medium=email&amp;utm_source=eloqua&amp;utm_MDMContactID=2bb3d23c-a32f-4218-88d5-29f7fb45caee&amp;utm_campaigntype=Newsletter&amp;eM=50c7dfe42c38ea8f10539f0a167fc763253059e495554a32db7a57f8f237ec4c&amp;eventSeriesCode=ES_PLSTCBRZL&amp;eventEditionCode=BRZ00MPD&amp;sessionCode=S_MNDPLSTNWSLTR&amp;sp_eh=50c7dfe42c38ea8f10539f0a167fc763253059e495554a32db7a57f8f237ec4c\" style=\"color:blue; text-decoration:underline\"><span style=\"font-size:14.0pt\">Saiba como realizar a compensa&ccedil;&atilde;o ambiental de embalagens pl&aacute;sticas<\/span><\/a><\/span><\/span><\/span><\/p>\r\n\r\n<p style=\"text-align:justify\"><span style=\"font-size:11pt\"><span style=\"line-height:normal\"><span style=\"font-family:&quot;Calibri&quot;,sans-serif\"><a href=\"https:\/\/phys.org\/news\/2023-08-plastic-litter-oceans-overestimated-persist.html?utm_source=nwletter&amp;utm_medium=email&amp;utm_campaign=daily-nwletter\" style=\"color:blue; text-decoration:underline\"><span style=\"font-size:14.0pt\">Plastic litter in oceans overestimated but could persist longer than expected, study suggests<\/span><\/a><\/span><\/span><\/span><\/p>\r\n\r\n<p class=\"MsoTitle\" style=\"text-align:justify\"><span style=\"font-size:28pt\"><span style=\"font-family:&quot;Cambria&quot;,serif\"><span style=\"letter-spacing:-0.5pt\"><b><span style=\"font-size:18.0pt\"><span style=\"font-family:&quot;Calibri&quot;,sans-serif\"><span style=\"font-variant:small-caps\">Inova&ccedil;&atilde;o<\/span><\/span><\/span><\/b><\/span><\/span><\/span><\/p>\r\n\r\n<p style=\"text-align:justify\"><span style=\"font-size:11pt\"><span style=\"line-height:normal\"><span style=\"font-family:&quot;Calibri&quot;,sans-serif\"><a href=\"https:\/\/phys.org\/news\/2023-08-breakthrough-polymer-revolutionize-recycling.html?utm_source=nwletter&amp;utm_medium=email&amp;utm_campaign=daily-nwletter\" style=\"color:blue; text-decoration:underline\"><span style=\"font-size:14.0pt\">Breakthrough polymer research promises to revolutionize recycling<\/span><\/a><\/span><\/span><\/span><\/p>\r\n\r\n<p style=\"text-align:justify\"><span style=\"font-size:11pt\"><span style=\"line-height:normal\"><span style=\"font-family:&quot;Calibri&quot;,sans-serif\"><a href=\"https:\/\/www.technicaltextile.net\/news\/us-believe-baby-launches-new-line-of-sustainable-bamboo-diapers-289323.html\" style=\"color:blue; text-decoration:underline\"><span style=\"font-size:14.0pt\">US&#39; Believe Baby launches new line of sustainable bamboo diapers<\/span><\/a><\/span><\/span><\/span><\/p>\r\n\r\n<p class=\"MsoTitle\" style=\"text-align:justify\"><span style=\"font-size:28pt\"><span style=\"font-family:&quot;Cambria&quot;,serif\"><span style=\"letter-spacing:-0.5pt\"><b><span style=\"font-size:18.0pt\"><span style=\"font-family:&quot;Calibri&quot;,sans-serif\"><span style=\"font-variant:small-caps\">Com&eacute;rcio Exterior<\/span><\/span><\/span><\/b><\/span><\/span><\/span><\/p>\r\n\r\n<p style=\"text-align:justify\"><span style=\"font-size:11pt\"><span style=\"line-height:normal\"><span style=\"font-family:&quot;Calibri&quot;,sans-serif\"><a href=\"https:\/\/static.portaldaindustria.com.br\/media\/filer_public\/29\/01\/290148fc-0f60-4e09-972d-91e8a6f90aff\/ex_ipc_23-034_mercocosul-reuniao-grelex-ata.pdf\" style=\"color:blue; text-decoration:underline\"><span style=\"font-size:14.0pt\">Mercosul publica ata da reuni&atilde;o do Grelex<\/span><\/a><\/span><\/span><\/span><\/p>\r\n\r\n<p style=\"text-align:justify\"><span style=\"font-size:11pt\"><span style=\"line-height:normal\"><span style=\"font-family:&quot;Calibri&quot;,sans-serif\"><a href=\"https:\/\/static.portaldaindustria.com.br\/media\/filer_public\/42\/f3\/42f38f28-6ae5-4c14-927e-828216f496aa\/informepoliticacomercial_23_35_portariacoana133-23_novosrequisitosoea_1.pdf\" style=\"color:blue; text-decoration:underline\"><span style=\"font-size:14.0pt\">Novos requisitos do Programa OEA s&atilde;o estabelecidos pela Coordena&ccedil;&atilde;o-Geral de Administra&ccedil;&atilde;o Aduaneira<\/span><\/a><\/span><\/span><\/span><\/p>\r\n\r\n<p style=\"text-align:justify\"><span style=\"font-size:11pt\"><span style=\"line-height:normal\"><span style=\"font-family:&quot;Calibri&quot;,sans-serif\"><a href=\"https:\/\/static.portaldaindustria.com.br\/media\/filer_public\/f2\/69\/f269eaff-41b6-46f4-8fd2-af4e5e57bc41\/informepoliticacomercial_23_33_adesaoduimpanvisa.pdf\" style=\"color:blue; text-decoration:underline\"><span style=\"font-size:14.0pt\">Anvisa regulamenta importa&ccedil;&atilde;o de produtos sujeitos &agrave; vigil&acirc;ncia sanit&aacute;ria via Declara&ccedil;&atilde;o &Uacute;nica<\/span><\/a><\/span><\/span><\/span><\/p>\r\n\r\n<p style=\"text-align:justify\"><span style=\"font-size:11pt\"><span style=\"line-height:normal\"><span style=\"font-family:&quot;Calibri&quot;,sans-serif\"><a href=\"https:\/\/apexbrasil.com.br\/content\/apexbrasil\/br\/pt\/conteudo\/noticias\/Para-promover-as-exportacoes-do-cooperativismo-ApexBrasil-renova-acordo-com-a-OCB.html#msdynttrid=cJ8nyQb420NLHLKPYBGZDdKfN9NuL6I3jWI_WKVl_O0\" style=\"color:blue; text-decoration:underline\"><span style=\"font-size:14.0pt\">Para promover as exporta&ccedil;&otilde;es do cooperativismo, ApexBrasil renova acordo com a OCB<\/span><\/a><\/span><\/span><\/span><\/p>\r\n\r\n<p class=\"MsoTitle\" style=\"text-align:justify\"><span style=\"font-size:28pt\"><span style=\"font-family:&quot;Cambria&quot;,serif\"><span style=\"letter-spacing:-0.5pt\"><b><span style=\"font-size:18.0pt\"><span style=\"font-family:&quot;Calibri&quot;,sans-serif\"><span style=\"font-variant:small-caps\">Economia<\/span><\/span><\/span><\/b><\/span><\/span><\/span><\/p>\r\n\r\n<p style=\"text-align:justify\"><span style=\"font-size:11pt\"><span style=\"line-height:normal\"><span style=\"font-family:&quot;Calibri&quot;,sans-serif\"><a href=\"https:\/\/www.bcb.gov.br\/content\/focus\/focus\/R20230811.pdf\" style=\"color:blue; text-decoration:underline\"><span style=\"font-size:14.0pt\">Focus &ndash; Relat&oacute;rio de Mercado<\/span><\/a><\/span><\/span><\/span><\/p>\r\n\r\n<p style=\"text-align:justify\"><span style=\"font-size:11pt\"><span style=\"line-height:normal\"><span style=\"font-family:&quot;Calibri&quot;,sans-serif\"><a href=\"https:\/\/ibre.fgv.br\/blog-da-conjuntura-economica\/artigos\/barometros-globais-registram-melhora-em-agosto-disseminada\" style=\"color:blue; text-decoration:underline\"><span style=\"font-size:14.0pt\">Bar&ocirc;metros Globais registram melhora em agosto, disseminada entre as regi&otilde;es<\/span><\/a><\/span><\/span><\/span><\/p>\r\n\r\n<p style=\"text-align:justify\"><span style=\"font-size:11pt\"><span style=\"line-height:normal\"><span style=\"font-family:&quot;Calibri&quot;,sans-serif\"><a href=\"https:\/\/portalibre.fgv.br\/system\/files\/2023-08\/Bar%C3%B4metros%20Globais%20KOF-FGV_Press%20release_08_2023.pdf\" style=\"color:blue; text-decoration:underline\"><span style=\"font-size:14.0pt\">Bar&ocirc;metro Global Antecedente se aproxima da neutralidade<\/span><\/a><\/span><\/span><\/span><\/p>\r\n\r\n<p style=\"text-align:justify\"><span style=\"font-size:11pt\"><span style=\"line-height:normal\"><span style=\"font-family:&quot;Calibri&quot;,sans-serif\"><a href=\"https:\/\/blogdoibre.fgv.br\/posts\/uma-decisao-acertada-do-copom\" style=\"color:blue; text-decoration:underline\"><span style=\"font-size:14.0pt\">Uma decis&atilde;o acertada do Copom<\/span><\/a><\/span><\/span><\/span><\/p>\r\n\r\n<p style=\"text-align:justify\"><span style=\"font-size:11pt\"><span style=\"line-height:normal\"><span style=\"font-family:&quot;Calibri&quot;,sans-serif\"><a href=\"https:\/\/ibre.fgv.br\/blog-da-conjuntura-economica\/artigos\/em-foco-114\" style=\"color:blue; text-decoration:underline\"><span style=\"font-size:14.0pt\">Os ganhos e riscos da reforma tribut&aacute;ria<\/span><\/a><\/span><\/span><\/span><\/p>\r\n\r\n<p style=\"text-align:justify\"><span style=\"font-size:11pt\"><span style=\"line-height:normal\"><span style=\"font-family:&quot;Calibri&quot;,sans-serif\"><a href=\"https:\/\/ibre.fgv.br\/blog-da-conjuntura-economica\/artigos\/em-foco-113\" style=\"color:blue; text-decoration:underline\"><span style=\"font-size:14.0pt\">Quais as raz&otilde;es para a queda da taxa de desemprego?<\/span><\/a><\/span><\/span><\/span><\/p>\r\n","6":"<p style=\"text-align:justify\"><span style=\"font-size:11pt\"><span style=\"line-height:normal\"><span style=\"font-family:&quot;Calibri&quot;,sans-serif\"><span style=\"font-size:14.0pt\">Esta &eacute; uma compila&ccedil;&atilde;o das not&iacute;cias mais relevantes para o setor, incluindo informa&ccedil;&otilde;es sobre acordos internacionais, economia brasileira, sustentabilidade e mat&eacute;rias primas, al&eacute;m de novidades do setor de N&atilde;otecidos e Tecidos T&eacute;cnicos.<\/span><\/span><\/span><\/span><\/p>\r\n\r\n<p class=\"MsoTitleCxSpLast\" style=\"text-align:justify\"><span style=\"font-size:28pt\"><span style=\"font-family:&quot;Cambria&quot;,serif\"><span style=\"letter-spacing:-0.5pt\"><b><span style=\"font-size:18.0pt\"><span style=\"font-family:&quot;Calibri&quot;,sans-serif\"><span style=\"font-variant:small-caps\">Not&iacute;cias das Associadas<\/span><\/span><\/span><\/b><\/span><\/span><\/span><\/p>\r\n\r\n<p style=\"text-align:justify\"><span style=\"font-size:11pt\"><span style=\"line-height:normal\"><span style=\"font-family:&quot;Calibri&quot;,sans-serif\"><a href=\"https:\/\/portugaltextil.com\/indorama-triplica-reciclagem-de-pet\/?utm_term=Portugal+Textil+-+2023-08-09%3ADATEFORMAT%3Ad.m.Y&amp;utm_campaign=Portugal+Textil+FInal&amp;utm_source=e-goi&amp;utm_medium=email&amp;eg_sub=ef749a4dff&amp;eg_cam=e0053b21767dd101b2f5ac8acb2fee80&amp;eg_list=6\" style=\"color:blue; text-decoration:underline\"><span style=\"font-size:14.0pt\">Indorama triplica reciclagem de PET<\/span><\/a><\/span><\/span><\/span><\/p>\r\n\r\n<p style=\"text-align:justify\"><span style=\"font-size:11pt\"><span style=\"line-height:normal\"><span style=\"font-family:&quot;Calibri&quot;,sans-serif\"><a href=\"https:\/\/www.nonwovens-industry.com\/contents\/view_breaking-news\/2023-08-09\/suominen-announces-results?utm_campaign=NON+eNewsletter&amp;utm_medium=email&amp;_hsmi=269823209&amp;_hsenc=p2ANqtz-__jent_CSnDcmpPmy3ilVxGXCKWKBWbIteWEhhrc5zgEo_0XBm--HphJlwYdNZgpFW9AsfSKbThKkH-ocl5TveG3lYxw&amp;utm_content=269823209&amp;utm_source=hs_email\" style=\"color:blue; text-decoration:underline\"><span style=\"font-size:14.0pt\">Suominen Announces Results<\/span><\/a><\/span><\/span><\/span><\/p>\r\n\r\n<p style=\"text-align:justify\"><span style=\"font-size:11pt\"><span style=\"line-height:normal\"><span style=\"font-family:&quot;Calibri&quot;,sans-serif\"><a href=\"https:\/\/tissueonline.com.br\/eldorado-brasil-reinicia-linha-de-alimentacao-do-digestor-apos-projeto-de-modernizacao-da-andritz\/?utm_campaign=eldorado_brasil_reinicia_linha_de_alimentacao_do_digestor_apos_projeto_de_modernizacao_da_andritz&amp;utm_medium=email&amp;utm_source=RD+Station\" style=\"color:blue; text-decoration:underline\"><span style=\"font-size:14.0pt\">Eldorado Brasil reinicia linha de alimenta&ccedil;&atilde;o do digestor ap&oacute;s projeto de moderniza&ccedil;&atilde;o da ANDRITZ<\/span><\/a><\/span><\/span><\/span><\/p>\r\n\r\n<p class=\"MsoTitle\" style=\"text-align:justify\"><span style=\"font-size:28pt\"><span style=\"font-family:&quot;Cambria&quot;,serif\"><span style=\"letter-spacing:-0.5pt\"><b><span style=\"font-size:18.0pt\"><span style=\"font-family:&quot;Calibri&quot;,sans-serif\"><span style=\"font-variant:small-caps\">A&ccedil;&otilde;es da ABINT<\/span><\/span><\/span><\/b><\/span><\/span><\/span><\/p>\r\n\r\n<p class=\"MsoTitle\" style=\"text-align:justify\"><img src=\"https:\/\/www.abint.org.br\/assets\/img\/editor\/e-mail-marketing-curso_20230815141055ssfktJt9Ag.jpg\" style=\"width: 500px; height: 700px;\" \/><\/p>\r\n\r\n<p class=\"MsoTitle\" style=\"text-align:justify\"><span style=\"font-size:28pt\"><span style=\"line-height:150%\"><span style=\"font-family:&quot;Cambria&quot;,serif\"><span style=\"letter-spacing:-0.5pt\"><a href=\"https:\/\/www.abint.org.br\/informacao\/outros\/programacao-curso-abint-tecnologia-dos-naotecidos\" style=\"color:blue; text-decoration:underline\"><b><span style=\"font-size:14.0pt\"><span style=\"line-height:150%\"><span style=\"font-family:&quot;Calibri&quot;,sans-serif\"><span style=\"color:blue\"><span style=\"letter-spacing:0pt\">Programa&ccedil;&atilde;o<\/span><\/span><\/span><\/span><\/span><\/b><\/a><b><span style=\"font-size:14.0pt\"><span style=\"line-height:150%\"><span style=\"font-family:&quot;Calibri&quot;,sans-serif\"><span style=\"color:blue\"><span style=\"letter-spacing:0pt\"> \/ <span style=\"font-size:28pt\"><span style=\"line-height:150%\"><span style=\"font-family:&quot;Cambria&quot;,serif\"><span style=\"letter-spacing:-0.5pt\"><a href=\"https:\/\/www.abint.org.br\/informacao\/outros\/informacoes-curso-abint-tecnologia-dos-naotecidos\" style=\"color:blue; text-decoration:underline\"><b><span style=\"font-size:14.0pt\"><span style=\"line-height:150%\"><span style=\"font-family:&quot;Calibri&quot;,sans-serif\"><span style=\"color:blue\"><span style=\"letter-spacing:0pt\">Informa&ccedil;&otilde;es<\/span><\/span><\/span><\/span><\/span><\/b><\/a><b><span style=\"font-size:14.0pt\"><span style=\"line-height:150%\"><span style=\"font-family:&quot;Calibri&quot;,sans-serif\"><span style=\"color:blue\"><span style=\"letter-spacing:0pt\"> \/ <\/span><\/span><\/span><\/span><\/span><\/b><\/span><\/span><\/span><\/span><\/span><\/span><\/span><\/span><\/span><\/b><\/span><\/span><\/span><\/span><span style=\"font-size:11.0pt\"><span style=\"line-height:115%\"><span style=\"font-family:&quot;Calibri&quot;,sans-serif\"><a href=\"https:\/\/forms.gle\/E5bZXpiNh7wZ9kcQ6\" style=\"color:blue; text-decoration:underline\"><b><span style=\"font-size:14.0pt\"><span style=\"line-height:115%\"><span style=\"color:blue\">Inscri&ccedil;&otilde;es<\/span><\/span><\/span><\/b><\/a><\/span><\/span><\/span><\/p>\r\n\r\n<p class=\"MsoTitle\" style=\"text-align:justify\">&nbsp;<\/p>\r\n\r\n<p class=\"MsoTitle\" style=\"text-align:justify\"><span style=\"font-size:11.0pt\"><span style=\"line-height:115%\"><span style=\"font-family:&quot;Calibri&quot;,sans-serif\"><b><span style=\"font-size:14.0pt\"><span style=\"line-height:115%\"><span style=\"color:blue\"><img src=\"https:\/\/www.abint.org.br\/assets\/img\/editor\/congresso-internacional-abit-2023_202308151414212LkdNBSzdA.png\" style=\"width: 500px; height: 442px;\" \/><\/span><\/span><\/span><\/b><\/span><\/span><\/span><\/p>\r\n\r\n<p style=\"text-align:justify\"><span style=\"font-size:11pt\"><span style=\"line-height:normal\"><span style=\"font-family:&quot;Calibri&quot;,sans-serif\"><b><span style=\"font-size:14.0pt\">A ABINT &eacute; uma das patrocinadoras do Congresso Internacional ABIT 2023, <\/span><\/b><span style=\"font-size:14.0pt\">que ocorrer&aacute;<b> dias 08 e 09 de novembro, na FIESC, Florian&oacute;polis, SC. <\/b><\/span><\/span><\/span><span style=\"line-height:115%\"><span style=\"font-family:&quot;Calibri&quot;,sans-serif\"><a href=\"https:\/\/t.rdsv1.net\/ls\/click?upn=LFSWB5boDXSqxt4eHgA5r3YUv3HG6yY4XTXT-2BpjEpFmt56yR61Gu09ER-2Bq95-2FgFAbN46ClwLMWPZzveVybfat1CKHOKhUUtOIVaFgsR5U28dlEKVouFrV1iSMaKnlWHCANmwKiZ4x1Oy9BDRL5tuTGPXgO91zEc1uo-2FbtPYQFm3y4fMGnbuiV3FEKs9g9uy1l2sL_iW8zc4KBvTUX2z9kws1M6pjQI9DpNNh-2Fk6fgMN4DbaFx-2BL1o5swSv2HtiLB2iGFhqxZ0654f80VOIjakRycDjcrdu1MF6BdTRc4d4wYs0wcxXXPsRygypvnzeOAhjjgiEkGX1jMsv1FD9IiN0mt5TiPA-2F-2FcYbMJqgkOyyeRxcI4izBTlMz4tYAchHCwHneJZvJXH0y9HeVp67XkJynQGH21X32t2y1CeSaYEq0zVO-2BnyLK4mDGipKkH-2FZQCwU2MKfdHIIgVMZzvyz5G5cXFeOFC58YiNyn2cnMPO14gymNMfyWFH-2BHHlC3b47l7V1Qmqxs4es-2BeyjBwNpbTVF3mKTVfvVN8KGLr0cqLDBhDLHrW7KPcTfpWgS5gfvWdAKEPOEmZKoo4k2kAi0PFh6jxFYAV2tXcAZfbY2kx8RXrY81D1SMCEBW0alhXBRKfUMvljxKCVojmlXya75YoxeWm0PKiSpaikvnyQHb1SYVAvooBBGQr8kVTT7gfi2jpYOB7Yz3v8ovwiOQwMF4kMzI4BGg58Stg7NIyaStQsDmhOsSp6GMNA3SG1UPw-2Fljh3rhjS-2BFt0EiGPe9cI33b9n1X0Y0ud-2BOFmeXkp5V9mMyq0eViPM4g6fXMuiRQFG1Lhn1lb5TsAtW9vCVxHdYrOB-2F6cV4-2FiOK5JwicsxDApwdvwvys-3D\" style=\"color:blue; text-decoration:underline\"><span style=\"font-size:14.0pt\"><span style=\"line-height:115%\">Informa&ccedil;&otilde;es<\/span><\/span><\/a><\/span><\/span><\/span><\/p>\r\n\r\n<p class=\"MsoTitle\" style=\"text-align:justify\">&nbsp;<\/p>\r\n\r\n<p style=\"text-align:justify\"><span style=\"font-size:11pt\"><span style=\"line-height:normal\"><span style=\"font-family:&quot;Calibri&quot;,sans-serif\"><b><span style=\"font-size:18.0pt\"><span style=\"font-variant:small-caps\">Eventos<\/span><\/span><\/b><\/span><\/span><\/span><\/p>\r\n\r\n<p style=\"text-align:justify\"><span style=\"font-size:11pt\"><span style=\"line-height:normal\"><span style=\"font-family:&quot;Calibri&quot;,sans-serif\"><b><span style=\"font-size:14.0pt\">Portal Conecta Verde | Entrevista com Gabriela Otero, Gerente de Economia Circular do Pacto Global da ONU no Brasil<\/span><\/b><span class=\"MsoHyperlink\" style=\"color:blue\"><span style=\"text-decoration:underline\"><span style=\"font-size:14.0pt\"><span style=\"text-decoration:none\"><span style=\"text-underline:none\">, <\/span><\/span><\/span><\/span><\/span><span style=\"font-size:14.0pt\">10 de agosto de 2023, 19h00<\/span><span class=\"MsoHyperlink\" style=\"color:blue\"><span style=\"text-decoration:underline\"><span style=\"font-size:14.0pt\"><span style=\"text-decoration:none\"><span style=\"text-underline:none\">. <\/span><\/span><\/span><\/span><\/span><a href=\"https:\/\/conteudo.conectaverde.com.br\/entrevistapactoglobalonu?_ga=2.250093318.1270704200.1692102027-496221050.1689359574\" style=\"color:blue; text-decoration:underline\"><span style=\"font-size:14.0pt\">Inscreva-se<\/span><\/a> <\/span><\/span><\/span><\/p>\r\n\r\n<p style=\"text-align:justify\"><span style=\"font-size:11pt\"><span style=\"line-height:normal\"><span style=\"font-family:&quot;Calibri&quot;,sans-serif\"><b><span style=\"font-size:14.0pt\">XII Simp&oacute;sio Internacional de Excel&ecirc;ncia em Produ&ccedil;&atilde;o | &quot;Efici&ecirc;ncia de Processos Industriais<\/span><\/b><span style=\"font-size:14.0pt\">, 17 de agosto de 2023, 08h30 &agrave;s 12h00, Centro Universit&aacute;rio FACENS, Sorocaba, SP.<\/span><\/span><\/span><\/span><\/p>\r\n\r\n<p style=\"text-align:justify\"><span style=\"font-size:11pt\"><span style=\"line-height:normal\"><span style=\"font-family:&quot;Calibri&quot;,sans-serif\"><b><span style=\"font-size:14.0pt\">FEIPLAR COMPOSITES &amp; FEIPUR &ndash; Feira e Congresso Internacionais de Composites, Poliuretano, Pl&aacute;sticos de Engenharia e Compostos Termopl&aacute;sticos<\/span><\/b><span style=\"font-size:14.0pt\">, 20 a 22 de agosto de 2024, S&atilde;o Paulo Expo (Pavilh&atilde;o 5), palestras: das 8h30 &agrave;s 18h, feira: das 13h &agrave;s 20h.<b> <\/b><\/span><a href=\"http:\/\/www.feiplar.com\" style=\"color:blue; text-decoration:underline\"><span style=\"font-size:14.0pt\">www.feiplar.com<\/span><\/a> <\/span><\/span><\/span><\/p>\r\n\r\n<p style=\"text-align:justify\"><span style=\"font-size:11pt\"><span style=\"line-height:normal\"><span style=\"font-family:&quot;Calibri&quot;,sans-serif\"><b><span style=\"font-size:14.0pt\">2&ordf; FEBRATEX SUMMIT 2023, <\/span><\/b><span style=\"font-size:14.0pt\">dias 23 e 24 de agosto de 2023, no Parque Vila Germ&acirc;nica, Blumenau &ndash; SC. <\/span><a href=\"https:\/\/www.sympla.com.br\/evento\/febratex-summit-2023-2-edicao\/1722288?utm_term=%28PAUTA%29+Falta+menos+de+um+mes+para+a+2%3F%3F%3F%3F+edicao+do+Febratex+Summit&amp;utm_campaign=Vale+do+Itajai&amp;utm_source=e-goi&amp;utm_medium=email\" style=\"color:blue; text-decoration:underline\"><span style=\"font-size:14.0pt\">Informa&ccedil;&otilde;es<\/span><\/a><\/span><\/span><\/span><\/p>\r\n\r\n<p style=\"text-align:justify\"><span style=\"font-size:11pt\"><span style=\"line-height:normal\"><span style=\"font-family:&quot;Calibri&quot;,sans-serif\"><b><span style=\"font-size:14.0pt\">9&ordm; F&oacute;rum Infraestrutura Grandes Constru&ccedil;&otilde;es | Modais de Transportes: novos caminhos, <\/span><\/b><span style=\"font-size:14.0pt\">24 de agosto de 2023, 15h00, evento online e gratuito. <\/span><a href=\"https:\/\/www.sobratemaforum.com.br\/\" style=\"color:blue; text-decoration:underline\"><span style=\"font-size:14.0pt\">Informa&ccedil;&otilde;es<\/span><\/a><b> <\/b><\/span><\/span><\/span><\/p>\r\n\r\n<p style=\"text-align:justify\"><span style=\"font-size:11pt\"><span style=\"line-height:normal\"><span style=\"font-family:&quot;Calibri&quot;,sans-serif\"><b><span style=\"font-size:14.0pt\">Webinar Abit | Investimentos na ind&uacute;stria T&amp;C mundial e a Agenda Verde Europeia<\/span><\/b><span style=\"font-size:14.0pt\">, 24 de agosto de 2023, 14h &agrave;s 16h, evento gratuito. <\/span><a href=\"https:\/\/app.rdstation.email\/mail\/d2796237-d948-4293-9d1d-b0d4ca34b41a?utm_campaign=evento_investimento_na_industria_tc_mundial&amp;utm_medium=email&amp;utm_source=RD+Station\" style=\"color:blue; text-decoration:underline\"><span style=\"font-size:14.0pt\">Informa&ccedil;&otilde;es<\/span><\/a> <\/span><\/span><\/span><\/p>\r\n\r\n<p style=\"text-align:justify\"><span style=\"font-size:11pt\"><span style=\"line-height:normal\"><span style=\"font-family:&quot;Calibri&quot;,sans-serif\"><b><span style=\"font-size:14.0pt\">INDA Webinars | PFAS Use and Elimination in Nonwoven Textile Finishing<\/span><\/b><span class=\"MsoHyperlink\" style=\"color:blue\"><span style=\"text-decoration:underline\"><span style=\"font-size:14.0pt\"><span style=\"text-decoration:none\"><span style=\"text-underline:none\">, <\/span><\/span><\/span><\/span><\/span><span style=\"font-size:14.0pt\">Thursday, August 24th, 11 am EDT. <\/span><a href=\"https:\/\/www.inda.org\/inda-webinars\/\" style=\"color:blue; text-decoration:underline\"><span style=\"font-size:14.0pt\">Full details<\/span><\/a><\/span><\/span><\/span><\/p>\r\n\r\n<p style=\"text-align:justify\"><span style=\"font-size:11pt\"><span style=\"line-height:normal\"><span style=\"font-family:&quot;Calibri&quot;,sans-serif\"><b><span style=\"font-size:14.0pt\">JEC Composites Talks Brasil,<\/span><\/b><span style=\"font-size:14.0pt\"> 24 de agosto de 2023, 13h, Hotel Renaissance, S&atilde;o Paulo. Confirmar presen&ccedil;a at&eacute; 11\/08 pelo e-mail <\/span><a href=\"mailto:marketing@almaco.org.br\" style=\"color:blue; text-decoration:underline\"><span style=\"font-size:14.0pt\">marketing@almaco.org.br<\/span><\/a><span style=\"font-size:14.0pt\"> . <\/span><a href=\"https:\/\/emailmarketing.locaweb.com.br\/accounts\/116830\/messages\/460?email=abint@abint.org.br&amp;c=1690465349&amp;contact_id=110&amp;envelope_id=352\" style=\"color:blue; text-decoration:underline\"><span style=\"font-size:14.0pt\">Programa&ccedil;&atilde;o<\/span><\/a> <\/span><\/span><\/span><\/p>\r\n\r\n<p style=\"text-align:justify\"><span style=\"font-size:11pt\"><span style=\"line-height:normal\"><span style=\"font-family:&quot;Calibri&quot;,sans-serif\"><b><span style=\"font-size:14.0pt\">FIMMA BRASIL - Feira Internacional de Fornecedores da Cadeia Produtiva Madeira e M&oacute;veis<\/span><\/b><span style=\"font-size:14.0pt\">, 28 a 31 de agosto de 2023, das 10h &agrave;s 19h, Bento Gon&ccedil;alves, RS. <\/span><a href=\"https:\/\/fimma.com.br\/\" style=\"color:blue; text-decoration:underline\"><span style=\"font-size:14.0pt\">Informa&ccedil;&otilde;es<\/span><\/a> <\/span><\/span><\/span><\/p>\r\n\r\n<p style=\"text-align:justify\"><span style=\"font-size:11pt\"><span style=\"line-height:normal\"><span style=\"font-family:&quot;Calibri&quot;,sans-serif\"><b><span style=\"font-size:14.0pt\">Workshop Abit | Bloco K 2024 - Obrigatoriedade e Implica&ccedil;&otilde;es Operacionais<\/span><\/b><span style=\"font-size:14.0pt\">, 06 de setembro de 2023, 09h30 &agrave;s 11h00, evento online. <\/span><a href=\"https:\/\/app.rdstation.email\/mail\/0fb2830d-08b6-4ae3-81b4-b161ab0c587e?utm_campaign=convite_workshop_bloco_k&amp;utm_medium=email&amp;utm_source=RD+Station\" style=\"color:blue; text-decoration:underline\"><span style=\"font-size:14.0pt\">Informa&ccedil;&otilde;es<\/span><\/a> <\/span><\/span><\/span><\/p>\r\n\r\n<p style=\"text-align:justify\"><span style=\"font-size:11pt\"><span style=\"line-height:normal\"><span style=\"font-family:&quot;Calibri&quot;,sans-serif\"><b><span style=\"font-size:14.0pt\">22&ordf; FEBRAVA - Feira Internacional de Refrigera&ccedil;&atilde;o, Ar-Condicionado, Ventila&ccedil;&atilde;o, Aquecimento, Tratamento de Ar e de &Aacute;guas<\/span><\/b><span style=\"font-size:14.0pt\">, 12 a 15 de setembro de 2023, S&atilde;o Paulo Expo. <\/span><a href=\"https:\/\/www.febrava.com.br\/pt-br.html\" style=\"color:blue; text-decoration:underline\"><span style=\"font-size:14.0pt\">Informa&ccedil;&otilde;es<\/span><\/a> <\/span><\/span><\/span><\/p>\r\n\r\n<p style=\"text-align:justify\"><span style=\"font-size:11pt\"><span style=\"line-height:normal\"><span style=\"font-family:&quot;Calibri&quot;,sans-serif\"><b><span style=\"font-size:14.0pt\">18&ordm; CONBRAVA &ndash; Congresso Brasileiro de Refrigera&ccedil;&atilde;o, Ar-Condicionado, Ventila&ccedil;&atilde;o, Aquecimento e Tratamento de Ar | &ldquo;AVACR rumo ao um futuro sustent&aacute;vel e saud&aacute;vel&rdquo;, <\/span><\/b><span style=\"font-size:14.0pt\">13 a 15 de setembro de 2023, S&atilde;o Paulo Expo, SP. <\/span><a href=\"http:\/\/conbrava.comercial.ws\/site\/\" style=\"color:blue; text-decoration:underline\"><span style=\"font-size:14.0pt\">Informa&ccedil;&otilde;es<\/span><\/a> <\/span><\/span><\/span><\/p>\r\n\r\n<p style=\"text-align:justify\"><span style=\"font-size:11pt\"><span style=\"line-height:normal\"><span style=\"font-family:&quot;Calibri&quot;,sans-serif\"><b><span style=\"font-size:14.0pt\">Abiplast\/Sindiplast &amp; Pl&aacute;sticos em Revista | 13&ordm; Semin&aacute;rio Competitividade<\/span><\/b><span style=\"font-size:14.0pt\">, 19 de setembro de 2023, Hotel Meli&aacute;, Av. Paulista, 2181. <\/span><a href=\"https:\/\/plasticosemrevista.com.br\/competitividade-2023-inscricao\/\" style=\"color:blue; text-decoration:underline\"><span style=\"font-size:14.0pt\">Informa&ccedil;&otilde;es<\/span><\/a> <\/span><\/span><\/span><\/p>\r\n\r\n<p style=\"text-align:justify\"><span style=\"font-size:11pt\"><span style=\"line-height:normal\"><span style=\"font-family:&quot;Calibri&quot;,sans-serif\"><b><span style=\"font-size:14.0pt\">NASCE CME | Conale 2023 - 5&ordf; Edi&ccedil;&atilde;o: Multici&ecirc;ncia e o Estado da Arte nos Processos de Limpeza e Esteriliza&ccedil;&atilde;o<\/span><\/b><span style=\"font-size:14.0pt\">, 23 e 24 de setembro, evento online. <\/span><a href=\"http:\/\/nascecme.com.br\/programa-conale-2023\/\" style=\"color:blue; text-decoration:underline\"><span style=\"font-size:14.0pt\">Programa&ccedil;&atilde;o<\/span><\/a> <\/span><\/span><\/span><\/p>\r\n\r\n<p style=\"text-align:justify\"><span style=\"font-size:11pt\"><span style=\"line-height:normal\"><span style=\"font-family:&quot;Calibri&quot;,sans-serif\"><b><span style=\"font-size:14.0pt\">CNI\/ SEBRAE | 10&ordm; Congresso Internacional da Inova&ccedil;&atilde;o da Ind&uacute;stria<\/span><\/b><span style=\"font-size:14.0pt\">, 27 e 28 de setembro de 2023, S&atilde;o Paulo Expo.<\/span> <a href=\"https:\/\/www.congressodeinovacao.com.br\/?utm_source=comext&amp;utm_medium=email&amp;utm_campaign=eventos&amp;utm_content=id00053#msdynttrid=gg5jXwSFR7qM4vHH2tKGau3cTwSFDneTjMUhrcPg7vE\" style=\"color:blue; text-decoration:underline\"><span style=\"font-size:14.0pt\">Informa&ccedil;&otilde;es<\/span><\/a> <\/span><\/span><\/span><\/p>\r\n\r\n<p style=\"text-align:justify\"><span style=\"font-size:11pt\"><span style=\"line-height:normal\"><span style=\"font-family:&quot;Calibri&quot;,sans-serif\"><b><span style=\"font-size:14.0pt\">FiltXPO&trade; 2023<\/span><\/b><span class=\"MsoHyperlink\" style=\"color:blue\"><span style=\"text-decoration:underline\"><span style=\"font-size:14.0pt\"><span style=\"text-decoration:none\"><span style=\"text-underline:none\">, <\/span><\/span><\/span><\/span><\/span><span style=\"font-size:14.0pt\">October 10-12, 2023 at Navy Pier in Chicago, Illinois<\/span><span class=\"MsoHyperlink\" style=\"color:blue\"><span style=\"text-decoration:underline\"><span style=\"font-size:14.0pt\"><span style=\"text-decoration:none\"><span style=\"text-underline:none\">. <\/span><\/span><\/span><\/span><\/span><a href=\"https:\/\/www.filtxpo.com\/\" style=\"color:blue; text-decoration:underline\"><span style=\"font-size:14.0pt\">Informa&ccedil;&otilde;es<\/span><\/a> <\/span><\/span><\/span><\/p>\r\n\r\n<p style=\"text-align:justify\"><span style=\"font-size:11pt\"><span style=\"line-height:normal\"><span style=\"font-family:&quot;Calibri&quot;,sans-serif\"><b><span style=\"font-size:14.0pt\">CONAHP 2023<\/span><\/b><span style=\"font-size:14.0pt\">, 18 e 19 de outubro, Transamerica Expo Center, S&atilde;o Paulo, SP. <\/span><a href=\"https:\/\/conahp.org.br\/2023\/\" style=\"color:blue; text-decoration:underline\"><span style=\"font-size:14.0pt\">Informa&ccedil;&otilde;es<\/span><\/a> <\/span><\/span><\/span><\/p>\r\n\r\n<p style=\"text-align:justify\"><span style=\"font-size:11pt\"><span style=\"line-height:normal\"><span style=\"font-family:&quot;Calibri&quot;,sans-serif\"><b><span style=\"font-size:14.0pt\">V Congreso Sudamericano de Composites, Poliuretano y Pl&aacute;sticos de Ingenier&iacute;a, <\/span><\/b><span style=\"font-size:14.0pt\">24 e 25 de outubro de 2023, Bogot&aacute;, Col&ocirc;mbia. <\/span><a href=\"http:\/\/www.congresosudamericano.com\/blog.html\" style=\"color:blue; text-decoration:underline\"><span style=\"font-size:14.0pt\">Informa&ccedil;&otilde;es<\/span><\/a> <\/span><\/span><\/span><\/p>\r\n\r\n<p style=\"text-align:justify\"><span style=\"font-size:11pt\"><span style=\"line-height:normal\"><span style=\"font-family:&quot;Calibri&quot;,sans-serif\"><b><span style=\"font-size:14.0pt\">Abrafiltros | 2&ordm; Semin&aacute;rio Brasileiro de Filtros<\/span><\/b><span style=\"font-size:14.0pt\">, 08 de novembro de 2023.<\/span><\/span><\/span><\/span><\/p>\r\n\r\n<p class=\"MsoTitle\" style=\"text-align:justify\"><span style=\"font-size:28pt\"><span style=\"font-family:&quot;Cambria&quot;,serif\"><span style=\"letter-spacing:-0.5pt\"><b><span style=\"font-size:18.0pt\"><span style=\"font-family:&quot;Calibri&quot;,sans-serif\"><span style=\"font-variant:small-caps\">Setor<\/span><\/span><\/span><\/b><\/span><\/span><\/span><\/p>\r\n\r\n<p style=\"text-align:justify\"><span style=\"font-size:11pt\"><span style=\"line-height:normal\"><span style=\"font-family:&quot;Calibri&quot;,sans-serif\"><a href=\"https:\/\/www.agrolink.com.br\/noticias\/uso-industrial-da-nanocelulose-impulsiona-estudos-ao-redor-do-mundo_482228.html\" style=\"color:blue; text-decoration:underline\"><span style=\"font-size:14.0pt\">Aplica&ccedil;&atilde;o em n&atilde;otecidos? Uso industrial da nanocelulose impulsiona estudos ao redor do mundo<\/span><\/a><\/span><\/span><\/span><\/p>\r\n\r\n<p style=\"text-align:justify\"><span style=\"font-size:11pt\"><span style=\"line-height:normal\"><span style=\"font-family:&quot;Calibri&quot;,sans-serif\"><a href=\"https:\/\/epbr.com.br\/petrobras-diz-que-nao-pretende-estatizar-braskem\/\" style=\"color:blue; text-decoration:underline\"><span style=\"font-size:14.0pt\">Petrobras diz que n&atilde;o pretende estatizar Braskem<\/span><\/a><\/span><\/span><\/span><\/p>\r\n\r\n<p style=\"text-align:justify\"><span style=\"font-size:11pt\"><span style=\"line-height:normal\"><span style=\"font-family:&quot;Calibri&quot;,sans-serif\"><a href=\"https:\/\/www.umuarama.pr.gov.br\/noticias\/meio-ambiente\/prefeitura-investe-r-2-milhes-em-nova-clula-para-recebimento-de-lixo-orgnico\" style=\"color:blue; text-decoration:underline\"><span style=\"font-size:14.0pt\">Geomembrana: prefeitura de Umuarama (PR) investe R$ 2 milh&otilde;es em nova c&eacute;lula para recebimento de lixo org&acirc;nico<\/span><\/a><\/span><\/span><\/span><\/p>\r\n\r\n<p style=\"text-align:justify\"><span style=\"font-size:11pt\"><span style=\"line-height:normal\"><span style=\"font-family:&quot;Calibri&quot;,sans-serif\"><a href=\"https:\/\/atualfm.com.br\/mpsc-fara-vistoria-no-aterro-sanitario-para-verificar-medidas-adotadas-pela-prefeitura-de-concordia\/\" style=\"color:blue; text-decoration:underline\"><span style=\"font-size:14.0pt\">Licita&ccedil;&atilde;o de empresa para impermeabiliza&ccedil;&atilde;o com geomembrana: vistorias em aterro sanit&aacute;rio de Conc&oacute;rdia (SC)<\/span><\/a><\/span><\/span><\/span><\/p>\r\n\r\n<p style=\"text-align:justify\"><span style=\"font-size:11pt\"><span style=\"line-height:normal\"><span style=\"font-family:&quot;Calibri&quot;,sans-serif\"><a href=\"https:\/\/www.innovationintextiles.com\/nonwovens\/the-rise-of-reusables-for-the-uks-nhs\/\" style=\"color:blue; text-decoration:underline\"><span style=\"font-size:14.0pt\">The rise of reusables for the UK&rsquo;s NHS<\/span><\/a><\/span><\/span><\/span><\/p>\r\n\r\n<p style=\"text-align:justify\"><span style=\"font-size:11pt\"><span style=\"line-height:normal\"><span style=\"font-family:&quot;Calibri&quot;,sans-serif\"><a href=\"https:\/\/blogdoplastico.wordpress.com\/2023\/08\/09\/jose-ricardo-roriz-coelho-e-reconduzido-ao-cargo-de-presidente-do-conselho-da-abiplast\/\" style=\"color:blue; text-decoration:underline\"><span style=\"font-size:14.0pt\">Jos&eacute; Ricardo Roriz Coelho &eacute; reconduzido ao cargo de presidente do Conselho da Abiplast<\/span><\/a><\/span><\/span><\/span><\/p>\r\n\r\n<p style=\"text-align:justify\"><span style=\"font-size:11pt\"><span style=\"line-height:normal\"><span style=\"font-family:&quot;Calibri&quot;,sans-serif\"><a href=\"https:\/\/blogdoplastico.wordpress.com\/2023\/08\/10\/feira-plast-2023-na-italia-amplia-sua-abrangencia-internacional-e-espera-forte-presenca-de-compradores-e-expositores-estrangeiros\/\" style=\"color:blue; text-decoration:underline\"><span style=\"font-size:14.0pt\">Feira PLAST 2023 na It&aacute;lia amplia sua abrang&ecirc;ncia internacional e espera forte presen&ccedil;a de compradores e expositores estrangeiros<\/span><\/a><\/span><\/span><\/span><\/p>\r\n\r\n<p class=\"MsoTitle\" style=\"text-align:justify\"><span style=\"font-size:28pt\"><span style=\"font-family:&quot;Cambria&quot;,serif\"><span style=\"letter-spacing:-0.5pt\"><b><span style=\"font-size:18.0pt\"><span style=\"font-family:&quot;Calibri&quot;,sans-serif\"><span style=\"font-variant:small-caps\">Ind&uacute;stria<\/span><\/span><\/span><\/b><\/span><\/span><\/span><\/p>\r\n\r\n<p style=\"text-align:justify\"><span style=\"font-size:11pt\"><span style=\"line-height:normal\"><span style=\"font-family:&quot;Calibri&quot;,sans-serif\"><a href=\"https:\/\/noticias.portaldaindustria.com.br\/noticias\/economia\/depois-de-queda-da-selic-cresce-a-confianca-da-industria\/\" style=\"color:blue; text-decoration:underline\"><span style=\"font-size:14.0pt\">Depois de queda da Selic, cresce a confian&ccedil;a da ind&uacute;stria<\/span><\/a><\/span><\/span><\/span><\/p>\r\n\r\n<p style=\"text-align:justify\"><span style=\"font-size:11pt\"><span style=\"line-height:normal\"><span style=\"font-family:&quot;Calibri&quot;,sans-serif\"><a href=\"https:\/\/agenciabrasil.ebc.com.br\/economia\/noticia\/2023-08\/confianca-da-pequena-industria-na-economia-aumentou-em-julho\" style=\"color:blue; text-decoration:underline\"><span style=\"font-size:14.0pt\">Confian&ccedil;a da pequena ind&uacute;stria na economia aumentou em junho<\/span><\/a><\/span><\/span><\/span><\/p>\r\n\r\n<p style=\"text-align:justify\"><span style=\"font-size:11pt\"><span style=\"line-height:normal\"><span style=\"font-family:&quot;Calibri&quot;,sans-serif\"><a href=\"https:\/\/noticias.portaldaindustria.com.br\/noticias\/economia\/emprego-na-industria-cresce-08-no-primeiro-semestre-afirma-cni\/\" style=\"color:blue; text-decoration:underline\"><span style=\"font-size:14.0pt\">Emprego na ind&uacute;stria cresce 0,8% no primeiro semestre, afirma CNI<\/span><\/a><\/span><\/span><\/span><\/p>\r\n\r\n<p style=\"text-align:justify\"><span style=\"font-size:11pt\"><span style=\"line-height:normal\"><span style=\"font-family:&quot;Calibri&quot;,sans-serif\"><a href=\"https:\/\/grandesconstrucoes.com.br\/Noticias\/Exibir\/novo-pac-tem-previsao-de-r-1-trilhao-em-quatro-anos?utm_source=akna&amp;utm_medium=email&amp;utm_campaign=Grandes-Construcoes-Informativo-874-10-08-2023&amp;utm_source=akna&amp;utm_medium=email&amp;utm_campaign=Grandes-Construcoes-Informativo-874-10-08-2023\" style=\"color:blue; text-decoration:underline\"><span style=\"font-size:14.0pt\">Novo PAC tem previs&atilde;o de R$ 1 trilh&atilde;o em quatro anos<\/span><\/a><\/span><\/span><\/span><\/p>\r\n\r\n<p style=\"text-align:justify\"><span style=\"font-size:11pt\"><span style=\"line-height:normal\"><span style=\"font-family:&quot;Calibri&quot;,sans-serif\"><a href=\"https:\/\/revistamt.com.br\/Noticias\/Exibir\/julho-tem-recorde-de-vendas-e-producao-estavel-de-autoveiculos?utm_source=akna&amp;utm_medium=email&amp;utm_campaign=Revista-M-T-Informativo-639-08-08-2023&amp;utm_source=akna&amp;utm_medium=email&amp;utm_campaign=Revista-M-T-Informativo-639-08-08-2023\" style=\"color:blue; text-decoration:underline\"><span style=\"font-size:14.0pt\">Julho tem recorde de vendas e produ&ccedil;&atilde;o est&aacute;vel de autove&iacute;culos<\/span><\/a><\/span><\/span><\/span><\/p>\r\n\r\n<p style=\"text-align:justify\"><span style=\"font-size:11pt\"><span style=\"line-height:normal\"><span style=\"font-family:&quot;Calibri&quot;,sans-serif\"><a href=\"https:\/\/www.hojemais.com.br\/aracatuba\/noticia\/politica\/cadeia-do-calcado-pede-fim-da-isencao-fiscal-para-plataformas-internacionais\" style=\"color:blue; text-decoration:underline\"><span style=\"font-size:14.0pt\">Setor cal&ccedil;adista pede fim da isen&ccedil;&atilde;o fiscal para plataformas internacionais<\/span><\/a><\/span><\/span><\/span><\/p>\r\n\r\n<p style=\"text-align:justify\"><span style=\"font-size:11pt\"><span style=\"line-height:normal\"><span style=\"font-family:&quot;Calibri&quot;,sans-serif\"><a href=\"https:\/\/exclusivo.com.br\/_conteudo\/negocios\/2023\/08\/07\/industria-gaucha-tem-a-maior-queda-em-dois-anos-setor-coureiro-calcadista-cresce.html\" style=\"color:blue; text-decoration:underline\"><span style=\"font-size:14.0pt\">Ind&uacute;stria ga&uacute;cha tem a maior queda em dois anos; setor coureiro-cal&ccedil;adista cresce<\/span><\/a> <\/span><\/span><\/span><\/p>\r\n\r\n<p style=\"text-align:justify\"><span style=\"font-size:11pt\"><span style=\"line-height:normal\"><span style=\"font-family:&quot;Calibri&quot;,sans-serif\"><a href=\"http:\/\/abimovel.com\/entre-altos-e-baixos-producao-de-moveis-e-colchoes-em-2023-aponta-leve-avanco-na-comparacao-com-o-ano-passado\/?utm_campaign=entre_altos_e_baixos_producao_de_moveis_e_colchoes_em_2023_aponta_leve_avanco_na_comparacao_com_o_ano_passado&amp;utm_medium=email&amp;utm_source=RD+Station\" style=\"color:blue; text-decoration:underline\"><span style=\"font-size:14.0pt\">Entre altos e baixos, produ&ccedil;&atilde;o de m&oacute;veis e colch&otilde;es em 2023 aponta leve avan&ccedil;o na compara&ccedil;&atilde;o com o ano passado<\/span><\/a><\/span><\/span><\/span><\/p>\r\n\r\n<p style=\"text-align:justify\"><span style=\"font-size:11pt\"><span style=\"line-height:normal\"><span style=\"font-family:&quot;Calibri&quot;,sans-serif\"><a href=\"https:\/\/emobile.com.br\/site\/setor-moveleiro\/exportacoes-de-moveis-e-colchoes-estabilizam-em-maio\/\" style=\"color:blue; text-decoration:underline\"><span style=\"font-size:14.0pt\">Exporta&ccedil;&otilde;es de m&oacute;veis e colch&otilde;es estabilizam em maio<\/span><\/a><\/span><\/span><\/span><\/p>\r\n\r\n<p class=\"MsoTitle\" style=\"text-align:justify\"><span style=\"font-size:28pt\"><span style=\"font-family:&quot;Cambria&quot;,serif\"><span style=\"letter-spacing:-0.5pt\"><b><span style=\"font-size:18.0pt\"><span style=\"font-family:&quot;Calibri&quot;,sans-serif\"><span style=\"font-variant:small-caps\">Sustentabilidade<\/span><\/span><\/span><\/b><\/span><\/span><\/span><\/p>\r\n\r\n<p style=\"text-align:justify\"><span style=\"font-size:11pt\"><span style=\"line-height:normal\"><span style=\"font-family:&quot;Calibri&quot;,sans-serif\"><a href=\"https:\/\/portugaltextil.com\/reciclagem-de-misturas-algodao-poliester-com-nova-solucao\/?utm_term=Portugal+Textil+-+2023-08-10%3ADATEFORMAT%3Ad.m.Y&amp;utm_campaign=Portugal+Textil+FInal&amp;utm_source=e-goi&amp;utm_medium=email&amp;eg_sub=ef749a4dff&amp;eg_cam=68b87cbb0bf48c88217b2674b153bf79&amp;eg_list=6\" style=\"color:blue; text-decoration:underline\"><span style=\"font-size:14.0pt\">Reciclagem de misturas algod&atilde;o\/poli&eacute;ster com nova solu&ccedil;&atilde;o<\/span><\/a><\/span><\/span><\/span><\/p>\r\n\r\n<p style=\"text-align:justify\"><span style=\"font-size:11pt\"><span style=\"line-height:normal\"><span style=\"font-family:&quot;Calibri&quot;,sans-serif\"><a href=\"https:\/\/mundodoplastico.plasticobrasil.com.br\/reciclagem\/saiba-como-realizar-compensacao-ambiental-de-embalagens-plasticas?utm_campaign=BRZ23MDP-LR-Newsletter%2043%20-%20Batch&amp;utm_emailname=BRZ23MDP-LR-Newsletter%2043&amp;utm_medium=email&amp;utm_source=eloqua&amp;utm_MDMContactID=2bb3d23c-a32f-4218-88d5-29f7fb45caee&amp;utm_campaigntype=Newsletter&amp;eM=50c7dfe42c38ea8f10539f0a167fc763253059e495554a32db7a57f8f237ec4c&amp;eventSeriesCode=ES_PLSTCBRZL&amp;eventEditionCode=BRZ00MPD&amp;sessionCode=S_MNDPLSTNWSLTR&amp;sp_eh=50c7dfe42c38ea8f10539f0a167fc763253059e495554a32db7a57f8f237ec4c\" style=\"color:blue; text-decoration:underline\"><span style=\"font-size:14.0pt\">Saiba como realizar a compensa&ccedil;&atilde;o ambiental de embalagens pl&aacute;sticas<\/span><\/a><\/span><\/span><\/span><\/p>\r\n\r\n<p style=\"text-align:justify\"><span style=\"font-size:11pt\"><span style=\"line-height:normal\"><span style=\"font-family:&quot;Calibri&quot;,sans-serif\"><a href=\"https:\/\/phys.org\/news\/2023-08-plastic-litter-oceans-overestimated-persist.html?utm_source=nwletter&amp;utm_medium=email&amp;utm_campaign=daily-nwletter\" style=\"color:blue; text-decoration:underline\"><span style=\"font-size:14.0pt\">Plastic litter in oceans overestimated but could persist longer than expected, study suggests<\/span><\/a><\/span><\/span><\/span><\/p>\r\n\r\n<p class=\"MsoTitle\" style=\"text-align:justify\"><span style=\"font-size:28pt\"><span style=\"font-family:&quot;Cambria&quot;,serif\"><span style=\"letter-spacing:-0.5pt\"><b><span style=\"font-size:18.0pt\"><span style=\"font-family:&quot;Calibri&quot;,sans-serif\"><span style=\"font-variant:small-caps\">Inova&ccedil;&atilde;o<\/span><\/span><\/span><\/b><\/span><\/span><\/span><\/p>\r\n\r\n<p style=\"text-align:justify\"><span style=\"font-size:11pt\"><span style=\"line-height:normal\"><span style=\"font-family:&quot;Calibri&quot;,sans-serif\"><a href=\"https:\/\/phys.org\/news\/2023-08-breakthrough-polymer-revolutionize-recycling.html?utm_source=nwletter&amp;utm_medium=email&amp;utm_campaign=daily-nwletter\" style=\"color:blue; text-decoration:underline\"><span style=\"font-size:14.0pt\">Breakthrough polymer research promises to revolutionize recycling<\/span><\/a><\/span><\/span><\/span><\/p>\r\n\r\n<p style=\"text-align:justify\"><span style=\"font-size:11pt\"><span style=\"line-height:normal\"><span style=\"font-family:&quot;Calibri&quot;,sans-serif\"><a href=\"https:\/\/www.technicaltextile.net\/news\/us-believe-baby-launches-new-line-of-sustainable-bamboo-diapers-289323.html\" style=\"color:blue; text-decoration:underline\"><span style=\"font-size:14.0pt\">US&#39; Believe Baby launches new line of sustainable bamboo diapers<\/span><\/a><\/span><\/span><\/span><\/p>\r\n\r\n<p class=\"MsoTitle\" style=\"text-align:justify\"><span style=\"font-size:28pt\"><span style=\"font-family:&quot;Cambria&quot;,serif\"><span style=\"letter-spacing:-0.5pt\"><b><span style=\"font-size:18.0pt\"><span style=\"font-family:&quot;Calibri&quot;,sans-serif\"><span style=\"font-variant:small-caps\">Com&eacute;rcio Exterior<\/span><\/span><\/span><\/b><\/span><\/span><\/span><\/p>\r\n\r\n<p style=\"text-align:justify\"><span style=\"font-size:11pt\"><span style=\"line-height:normal\"><span style=\"font-family:&quot;Calibri&quot;,sans-serif\"><a href=\"https:\/\/static.portaldaindustria.com.br\/media\/filer_public\/29\/01\/290148fc-0f60-4e09-972d-91e8a6f90aff\/ex_ipc_23-034_mercocosul-reuniao-grelex-ata.pdf\" style=\"color:blue; text-decoration:underline\"><span style=\"font-size:14.0pt\">Mercosul publica ata da reuni&atilde;o do Grelex<\/span><\/a><\/span><\/span><\/span><\/p>\r\n\r\n<p style=\"text-align:justify\"><span style=\"font-size:11pt\"><span style=\"line-height:normal\"><span style=\"font-family:&quot;Calibri&quot;,sans-serif\"><a href=\"https:\/\/static.portaldaindustria.com.br\/media\/filer_public\/42\/f3\/42f38f28-6ae5-4c14-927e-828216f496aa\/informepoliticacomercial_23_35_portariacoana133-23_novosrequisitosoea_1.pdf\" style=\"color:blue; text-decoration:underline\"><span style=\"font-size:14.0pt\">Novos requisitos do Programa OEA s&atilde;o estabelecidos pela Coordena&ccedil;&atilde;o-Geral de Administra&ccedil;&atilde;o Aduaneira<\/span><\/a><\/span><\/span><\/span><\/p>\r\n\r\n<p style=\"text-align:justify\"><span style=\"font-size:11pt\"><span style=\"line-height:normal\"><span style=\"font-family:&quot;Calibri&quot;,sans-serif\"><a href=\"https:\/\/static.portaldaindustria.com.br\/media\/filer_public\/f2\/69\/f269eaff-41b6-46f4-8fd2-af4e5e57bc41\/informepoliticacomercial_23_33_adesaoduimpanvisa.pdf\" style=\"color:blue; text-decoration:underline\"><span style=\"font-size:14.0pt\">Anvisa regulamenta importa&ccedil;&atilde;o de produtos sujeitos &agrave; vigil&acirc;ncia sanit&aacute;ria via Declara&ccedil;&atilde;o &Uacute;nica<\/span><\/a><\/span><\/span><\/span><\/p>\r\n\r\n<p style=\"text-align:justify\"><span style=\"font-size:11pt\"><span style=\"line-height:normal\"><span style=\"font-family:&quot;Calibri&quot;,sans-serif\"><a href=\"https:\/\/apexbrasil.com.br\/content\/apexbrasil\/br\/pt\/conteudo\/noticias\/Para-promover-as-exportacoes-do-cooperativismo-ApexBrasil-renova-acordo-com-a-OCB.html#msdynttrid=cJ8nyQb420NLHLKPYBGZDdKfN9NuL6I3jWI_WKVl_O0\" style=\"color:blue; text-decoration:underline\"><span style=\"font-size:14.0pt\">Para promover as exporta&ccedil;&otilde;es do cooperativismo, ApexBrasil renova acordo com a OCB<\/span><\/a><\/span><\/span><\/span><\/p>\r\n\r\n<p class=\"MsoTitle\" style=\"text-align:justify\"><span style=\"font-size:28pt\"><span style=\"font-family:&quot;Cambria&quot;,serif\"><span style=\"letter-spacing:-0.5pt\"><b><span style=\"font-size:18.0pt\"><span style=\"font-family:&quot;Calibri&quot;,sans-serif\"><span style=\"font-variant:small-caps\">Economia<\/span><\/span><\/span><\/b><\/span><\/span><\/span><\/p>\r\n\r\n<p style=\"text-align:justify\"><span style=\"font-size:11pt\"><span style=\"line-height:normal\"><span style=\"font-family:&quot;Calibri&quot;,sans-serif\"><a href=\"https:\/\/www.bcb.gov.br\/content\/focus\/focus\/R20230811.pdf\" style=\"color:blue; text-decoration:underline\"><span style=\"font-size:14.0pt\">Focus &ndash; Relat&oacute;rio de Mercado<\/span><\/a><\/span><\/span><\/span><\/p>\r\n\r\n<p style=\"text-align:justify\"><span style=\"font-size:11pt\"><span style=\"line-height:normal\"><span style=\"font-family:&quot;Calibri&quot;,sans-serif\"><a href=\"https:\/\/ibre.fgv.br\/blog-da-conjuntura-economica\/artigos\/barometros-globais-registram-melhora-em-agosto-disseminada\" style=\"color:blue; text-decoration:underline\"><span style=\"font-size:14.0pt\">Bar&ocirc;metros Globais registram melhora em agosto, disseminada entre as regi&otilde;es<\/span><\/a><\/span><\/span><\/span><\/p>\r\n\r\n<p style=\"text-align:justify\"><span style=\"font-size:11pt\"><span style=\"line-height:normal\"><span style=\"font-family:&quot;Calibri&quot;,sans-serif\"><a href=\"https:\/\/portalibre.fgv.br\/system\/files\/2023-08\/Bar%C3%B4metros%20Globais%20KOF-FGV_Press%20release_08_2023.pdf\" style=\"color:blue; text-decoration:underline\"><span style=\"font-size:14.0pt\">Bar&ocirc;metro Global Antecedente se aproxima da neutralidade<\/span><\/a><\/span><\/span><\/span><\/p>\r\n\r\n<p style=\"text-align:justify\"><span style=\"font-size:11pt\"><span style=\"line-height:normal\"><span style=\"font-family:&quot;Calibri&quot;,sans-serif\"><a href=\"https:\/\/blogdoibre.fgv.br\/posts\/uma-decisao-acertada-do-copom\" style=\"color:blue; text-decoration:underline\"><span style=\"font-size:14.0pt\">Uma decis&atilde;o acertada do Copom<\/span><\/a><\/span><\/span><\/span><\/p>\r\n\r\n<p style=\"text-align:justify\"><span style=\"font-size:11pt\"><span style=\"line-height:normal\"><span style=\"font-family:&quot;Calibri&quot;,sans-serif\"><a href=\"https:\/\/ibre.fgv.br\/blog-da-conjuntura-economica\/artigos\/em-foco-114\" style=\"color:blue; text-decoration:underline\"><span style=\"font-size:14.0pt\">Os ganhos e riscos da reforma tribut&aacute;ria<\/span><\/a><\/span><\/span><\/span><\/p>\r\n\r\n<p style=\"text-align:justify\"><span style=\"font-size:11pt\"><span style=\"line-height:normal\"><span style=\"font-family:&quot;Calibri&quot;,sans-serif\"><a href=\"https:\/\/ibre.fgv.br\/blog-da-conjuntura-economica\/artigos\/em-foco-113\" style=\"color:blue; text-decoration:underline\"><span style=\"font-size:14.0pt\">Quais as raz&otilde;es para a queda da taxa de desemprego?<\/span><\/a><\/span><\/span><\/span><\/p>\r\n","texto_en":"","7":"","imagem":"COMP_banner-padrao-home-destaques-boletim-2023_202308151418209xcuyS0TC5.jpeg","8":"COMP_banner-padrao-home-destaques-boletim-2023_202308151418209xcuyS0TC5.jpeg","arquivo":"20230815-NOTICIAS-SEMANAIS.PDF","9":"20230815-NOTICIAS-SEMANAIS.PDF","titulo_arquivo":"20230815 Not\u00edcias Semanais ABINT","10":"20230815 Not\u00edcias Semanais ABINT","titulo_arquivo_en":"","11":"","created_at":"2023-08-15 14:18:29","12":"2023-08-15 14:18:29","updated_at":"2023-08-15 14:18:29","13":"2023-08-15 14:18:29"},{"id":77,"0":77,"ordem":146,"1":146,"data":"2023-08-08","2":"2023-08-08","slug":"boletim-de-noticias-semanais-74","3":"boletim-de-noticias-semanais-74","titulo":"Boletim de Not\u00edcias Semanais","4":"Boletim de Not\u00edcias Semanais","titulo_en":"","5":"","texto":"<p style=\"text-align:justify\"><span style=\"font-size:11pt\"><span style=\"line-height:normal\"><span calibri=\"\" style=\"font-family:\"><span style=\"font-size:14.0pt\">Esta &eacute; uma compila&ccedil;&atilde;o das not&iacute;cias mais relevantes para o setor, incluindo informa&ccedil;&otilde;es sobre acordos internacionais, economia brasileira, sustentabilidade e mat&eacute;rias primas, al&eacute;m de novidades do setor de N&atilde;otecidos e Tecidos T&eacute;cnicos.<\/span><\/span><\/span><\/span><\/p>\r\n\r\n<p class=\"MsoTitleCxSpLast\" style=\"text-align:justify\"><span style=\"font-size:28pt\"><span cambria=\"\" style=\"font-family:\"><span style=\"letter-spacing:-0.5pt\"><b><span style=\"font-size:18.0pt\"><span calibri=\"\" style=\"font-family:\"><span style=\"font-variant:small-caps\">Not&iacute;cias das Associadas<\/span><\/span><\/span><\/b><\/span><\/span><\/span><\/p>\r\n\r\n<p style=\"text-align:justify\"><span style=\"font-size:11pt\"><span style=\"line-height:normal\"><span calibri=\"\" style=\"font-family:\"><a href=\"https:\/\/emobile.com.br\/site\/industria\/cipatex-conquista-selo-diamante-de-origem-sustentavel\/\" style=\"color:blue; text-decoration:underline\"><span style=\"font-size:14.0pt\">Cipatex&reg; conquista selo Diamante de Origem Sustent&aacute;vel<\/span><\/a><\/span><\/span><\/span><\/p>\r\n\r\n<p style=\"text-align:justify\"><span style=\"font-size:11pt\"><span style=\"line-height:normal\"><span calibri=\"\" style=\"font-family:\"><a href=\"https:\/\/www.technicaltextile.net\/news\/freudenberg-expands-global-3d-entangled-mat-production-in-china-289172.html\" style=\"color:blue; text-decoration:underline\"><span style=\"font-size:14.0pt\">Freudenberg expands global 3D entangled mat production in China<\/span><\/a><\/span><\/span><\/span><\/p>\r\n\r\n<p class=\"MsoTitle\" style=\"text-align:justify\"><span style=\"font-size:28pt\"><span cambria=\"\" style=\"font-family:\"><span style=\"letter-spacing:-0.5pt\"><b><span style=\"font-size:18.0pt\"><span calibri=\"\" style=\"font-family:\"><span style=\"font-variant:small-caps\">A&ccedil;&otilde;es da ABINT<\/span><\/span><\/span><\/b><\/span><\/span><\/span><\/p>\r\n\r\n<div class=\"conteudo\" id=\"conteudoNovidadeShow\">\r\n<div class=\"texto-novidade\"><img src=\"https:\/\/www.abint.org.br\/assets\/img\/editor\/e-mail-marketing-curso_202308011630356K3m5j6Y3U.jpg\" style=\"width:500px; height:700px\" \/>\r\n<p style=\"text-align:justify\">&nbsp;<\/p>\r\n<\/div>\r\n<\/div>\r\n\r\n<p><span style=\"font-size:28pt\"><span cambria=\"\" style=\"font-family:\"><span style=\"letter-spacing:-0.5pt\"><a href=\"https:\/\/www.abint.org.br\/informacao\/outros\/programacao-curso-abint-tecnologia-dos-naotecidos\" style=\"color:blue; text-decoration:underline\"><b><span style=\"font-size:14.0pt\"><span calibri=\"\" style=\"font-family:\"><span style=\"letter-spacing:0pt\">Programa&ccedil;&atilde;o<\/span><\/span><\/span><\/b><\/a><b><span style=\"font-size:14.0pt\"><span calibri=\"\" style=\"font-family:\"><span style=\"letter-spacing:0pt\"> \/ <\/span><\/span><\/span><\/b><a href=\"https:\/\/www.abint.org.br\/informacao\/outros\/informacoes-curso-abint-tecnologia-dos-naotecidos\" style=\"color:blue; text-decoration:underline\"><b><span style=\"font-size:14.0pt\"><span calibri=\"\" style=\"font-family:\"><span style=\"letter-spacing:0pt\">Informa&ccedil;&otilde;es<\/span><\/span><\/span><\/b><\/a><b><span style=\"font-size:14.0pt\"><span calibri=\"\" style=\"font-family:\"><span style=\"letter-spacing:0pt\"> \/ <\/span><\/span><\/span><\/b><a href=\"https:\/\/forms.gle\/E5bZXpiNh7wZ9kcQ6\" style=\"color:blue; text-decoration:underline\"><b><span style=\"font-size:14.0pt\"><span calibri=\"\" style=\"font-family:\"><span style=\"letter-spacing:0pt\">Inscri&ccedil;&otilde;es<\/span><\/span><\/span><\/b><\/a><\/span><\/span><\/span><\/p>\r\n\r\n<p style=\"text-align:justify\">&nbsp;<\/p>\r\n\r\n<p style=\"text-align:justify\"><span style=\"font-size:11pt\"><span style=\"line-height:normal\"><span calibri=\"\" style=\"font-family:\"><b><span style=\"font-size:18.0pt\"><span style=\"font-variant:small-caps\">Eventos<\/span><\/span><\/b><\/span><\/span><\/span><\/p>\r\n\r\n<p style=\"text-align:justify\"><span style=\"font-size:11pt\"><span style=\"line-height:normal\"><span calibri=\"\" style=\"font-family:\"><b><span style=\"font-size:14.0pt\">IV Congreso Sudamericano de Composites, Poliuretano y Pl&aacute;sticos de Ingenier&iacute;a,<\/span><\/b><span style=\"font-size:14.0pt\"> 8 e 9 de agosto, Buenos Aires, Argentina. <\/span><a href=\"http:\/\/www.congresosudamericano.com\/blog.html\" style=\"color:blue; text-decoration:underline\"><span style=\"font-size:14.0pt\">Informa&ccedil;&otilde;es<\/span><\/a> <\/span><\/span><\/span><\/p>\r\n\r\n<p style=\"text-align:justify\"><span style=\"font-size:11pt\"><span style=\"line-height:normal\"><span calibri=\"\" style=\"font-family:\"><b><span style=\"font-size:14.0pt\">XII Simp&oacute;sio Internacional de Excel&ecirc;ncia em Produ&ccedil;&atilde;o | &quot;Efici&ecirc;ncia de Processos Industriais<\/span><\/b><span style=\"font-size:14.0pt\">, 17 de agosto de 2023, 08h30 &agrave;s 12h00, Centro Universit&aacute;rio FACENS, Sorocaba, SP.<\/span><\/span><\/span><\/span><\/p>\r\n\r\n<p style=\"text-align:justify\"><span style=\"font-size:11pt\"><span style=\"line-height:normal\"><span calibri=\"\" style=\"font-family:\"><b><span style=\"font-size:14.0pt\">CONAHP 2023<\/span><\/b><span style=\"font-size:14.0pt\">, 18 e 19 de outubro, Transamerica Expo Center, S&atilde;o Paulo, SP. <\/span><a href=\"https:\/\/conahp.org.br\/2023\/\" style=\"color:blue; text-decoration:underline\"><span style=\"font-size:14.0pt\">Informa&ccedil;&otilde;es<\/span><\/a> <\/span><\/span><\/span><\/p>\r\n\r\n<p style=\"text-align:justify\"><span style=\"font-size:11pt\"><span style=\"line-height:normal\"><span calibri=\"\" style=\"font-family:\"><b><span style=\"font-size:14.0pt\">2&ordf; FEBRATEX SUMMIT 2023, <\/span><\/b><span style=\"font-size:14.0pt\">dias 23 e 24 de agosto de 2023, no Parque Vila Germ&acirc;nica, Blumenau &ndash; SC. <\/span><a href=\"https:\/\/www.sympla.com.br\/evento\/febratex-summit-2023-2-edicao\/1722288?utm_term=%28PAUTA%29+Falta+menos+de+um+mes+para+a+2%3F%3F%3F%3F+edicao+do+Febratex+Summit&amp;utm_campaign=Vale+do+Itajai&amp;utm_source=e-goi&amp;utm_medium=email\" style=\"color:blue; text-decoration:underline\"><span style=\"font-size:14.0pt\">Informa&ccedil;&otilde;es<\/span><\/a><\/span><\/span><\/span><\/p>\r\n\r\n<p style=\"text-align:justify\"><span style=\"font-size:11pt\"><span style=\"line-height:normal\"><span calibri=\"\" style=\"font-family:\"><b><span style=\"font-size:14.0pt\">JEC Composites Talks Brasil,<\/span><\/b><span style=\"font-size:14.0pt\"> 24 de agosto de 2023, 13h, Hotel Renaissance, S&atilde;o Paulo. Confirmar presen&ccedil;a at&eacute; 11\/08 pelo e-mail <\/span><a href=\"mailto:marketing@almaco.org.br\" style=\"color:blue; text-decoration:underline\"><span style=\"font-size:14.0pt\">marketing@almaco.org.br<\/span><\/a><span style=\"font-size:14.0pt\"> . <\/span><a href=\"https:\/\/emailmarketing.locaweb.com.br\/accounts\/116830\/messages\/460?email=abint@abint.org.br&amp;c=1690465349&amp;contact_id=110&amp;envelope_id=352\" style=\"color:blue; text-decoration:underline\"><span style=\"font-size:14.0pt\">Programa&ccedil;&atilde;o<\/span><\/a> <\/span><\/span><\/span><\/p>\r\n\r\n<p style=\"text-align:justify\"><span style=\"font-size:11pt\"><span style=\"line-height:normal\"><span calibri=\"\" style=\"font-family:\"><b><span style=\"font-size:14.0pt\">FIMMA BRASIL - Feira Internacional de Fornecedores da Cadeia Produtiva Madeira e M&oacute;veis<\/span><\/b><span style=\"font-size:14.0pt\">, 28 a 31 de agosto de 2023, das 10h &agrave;s 19h, Bento Gon&ccedil;alves, RS. <\/span><a href=\"https:\/\/fimma.com.br\/\" style=\"color:blue; text-decoration:underline\"><span style=\"font-size:14.0pt\">Informa&ccedil;&otilde;es<\/span><\/a> <\/span><\/span><\/span><\/p>\r\n\r\n<p style=\"text-align:justify\"><span style=\"font-size:11pt\"><span style=\"line-height:normal\"><span calibri=\"\" style=\"font-family:\"><b><span style=\"font-size:14.0pt\">22&ordf; FEBRAVA - Feira Internacional de Refrigera&ccedil;&atilde;o, Ar-Condicionado, Ventila&ccedil;&atilde;o, Aquecimento, Tratamento de Ar e de &Aacute;guas<\/span><\/b><span style=\"font-size:14.0pt\">, 12 a 15 de setembro de 2023, S&atilde;o Paulo Expo. <\/span><a href=\"https:\/\/www.febrava.com.br\/pt-br.html\" style=\"color:blue; text-decoration:underline\"><span style=\"font-size:14.0pt\">Informa&ccedil;&otilde;es<\/span><\/a> <\/span><\/span><\/span><\/p>\r\n\r\n<p style=\"text-align:justify\"><span style=\"font-size:11pt\"><span style=\"line-height:normal\"><span calibri=\"\" style=\"font-family:\"><b><span style=\"font-size:14.0pt\">18&ordm; CONBRAVA &ndash; Congresso Brasileiro de Refrigera&ccedil;&atilde;o, Ar-Condicionado, Ventila&ccedil;&atilde;o, Aquecimento e Tratamento de Ar | &ldquo;AVACR rumo ao um futuro sustent&aacute;vel e saud&aacute;vel&rdquo;, <\/span><\/b><span style=\"font-size:14.0pt\">13 a 15 de setembro de 2023, S&atilde;o Paulo Expo, SP. <\/span><a href=\"http:\/\/conbrava.comercial.ws\/site\/\" style=\"color:blue; text-decoration:underline\"><span style=\"font-size:14.0pt\">Informa&ccedil;&otilde;es<\/span><\/a> <\/span><\/span><\/span><\/p>\r\n\r\n<p style=\"text-align:justify\"><span style=\"font-size:11pt\"><span style=\"line-height:normal\"><span calibri=\"\" style=\"font-family:\"><b><span style=\"font-size:14.0pt\">CNI\/ SEBRAE | 10&ordm; Congresso Internacional da Inova&ccedil;&atilde;o da Ind&uacute;stria<\/span><\/b><span style=\"font-size:14.0pt\">, 27 e 28 de setembro de 2023, S&atilde;o Paulo Expo.<\/span> <a href=\"https:\/\/www.congressodeinovacao.com.br\/?utm_source=comext&amp;utm_medium=email&amp;utm_campaign=eventos&amp;utm_content=id00053#msdynttrid=gg5jXwSFR7qM4vHH2tKGau3cTwSFDneTjMUhrcPg7vE\" style=\"color:blue; text-decoration:underline\"><span style=\"font-size:14.0pt\">Informa&ccedil;&otilde;es<\/span><\/a> <\/span><\/span><\/span><\/p>\r\n\r\n<p style=\"text-align:justify\"><span style=\"font-size:11pt\"><span style=\"line-height:normal\"><span calibri=\"\" style=\"font-family:\"><b><span style=\"font-size:14.0pt\">FiltXPO&trade; 2023<\/span><\/b><span class=\"MsoHyperlink\" style=\"color:blue\"><span style=\"text-decoration:underline\"><span style=\"font-size:14.0pt\"><span style=\"text-decoration:none\"><span style=\"text-underline:none\">, <\/span><\/span><\/span><\/span><\/span><span style=\"font-size:14.0pt\">October 10-12, 2023 at Navy Pier in Chicago, Illinois<\/span><span class=\"MsoHyperlink\" style=\"color:blue\"><span style=\"text-decoration:underline\"><span style=\"font-size:14.0pt\"><span style=\"text-decoration:none\"><span style=\"text-underline:none\">. <\/span><\/span><\/span><\/span><\/span><a href=\"https:\/\/www.filtxpo.com\/\" style=\"color:blue; text-decoration:underline\"><span style=\"font-size:14.0pt\">Informa&ccedil;&otilde;es<\/span><\/a> <\/span><\/span><\/span><\/p>\r\n\r\n<p style=\"text-align:justify\"><span style=\"font-size:11pt\"><span style=\"line-height:normal\"><span calibri=\"\" style=\"font-family:\"><b><span style=\"font-size:14.0pt\">V Congreso Sudamericano de Composites, Poliuretano y Pl&aacute;sticos de Ingenier&iacute;a, <\/span><\/b><span style=\"font-size:14.0pt\">24 e 25 de outubro de 2023, Bogot&aacute;, Col&ocirc;mbia. <\/span><a href=\"http:\/\/www.congresosudamericano.com\/blog.html\" style=\"color:blue; text-decoration:underline\"><span style=\"font-size:14.0pt\">Informa&ccedil;&otilde;es<\/span><\/a> <\/span><\/span><\/span><\/p>\r\n\r\n<p style=\"text-align:justify\"><span style=\"font-size:11pt\"><span style=\"line-height:normal\"><span calibri=\"\" style=\"font-family:\"><b><span style=\"font-size:14.0pt\">NASCE CME | Conale 2023 - 5&ordf; Edi&ccedil;&atilde;o: Multici&ecirc;ncia e o Estado da Arte nos Processos de Limpeza e Esteriliza&ccedil;&atilde;o<\/span><\/b><span style=\"font-size:14.0pt\">, 23 e 24 de setembro, evento online. <\/span><a href=\"http:\/\/nascecme.com.br\/programa-conale-2023\/\" style=\"color:blue; text-decoration:underline\"><span style=\"font-size:14.0pt\">Programa&ccedil;&atilde;o<\/span><\/a> <\/span><\/span><\/span><\/p>\r\n\r\n<p style=\"text-align:justify\"><span style=\"font-size:11pt\"><span style=\"line-height:normal\"><span calibri=\"\" style=\"font-family:\"><b><span style=\"font-size:14.0pt\">Abrafiltros | 2&ordm; Semin&aacute;rio Brasileiro de Filtros<\/span><\/b><span style=\"font-size:14.0pt\">, 08 de novembro de 2023.<\/span><\/span><\/span><\/span><\/p>\r\n\r\n<p class=\"MsoTitle\" style=\"text-align:justify\"><span style=\"font-size:28pt\"><span cambria=\"\" style=\"font-family:\"><span style=\"letter-spacing:-0.5pt\"><b><span style=\"font-size:18.0pt\"><span calibri=\"\" style=\"font-family:\"><span style=\"font-variant:small-caps\">Setor<\/span><\/span><\/span><\/b><\/span><\/span><\/span><\/p>\r\n\r\n<p style=\"text-align:justify\"><span style=\"font-size:11pt\"><span style=\"line-height:normal\"><span calibri=\"\" style=\"font-family:\"><a href=\"https:\/\/indiantextilejournal.com\/stressors-for-the-global-textile-industry\/\" style=\"color:blue; text-decoration:underline\"><span style=\"font-size:14.0pt\">Nonwovens | Stressors for the global textile industry<\/span><\/a><\/span><\/span><\/span><\/p>\r\n\r\n<p style=\"text-align:justify\"><span style=\"font-size:11pt\"><span style=\"line-height:normal\"><span calibri=\"\" style=\"font-family:\"><a href=\"https:\/\/plasticosemrevista.com.br\/perdemos-muito-a-referencia-dos-precos\/\" style=\"color:blue; text-decoration:underline\"><span style=\"font-size:14.0pt\">&ldquo;Perdemos muito a refer&ecirc;ncia dos pre&ccedil;os&rdquo;<\/span><\/a><\/span><\/span><\/span><\/p>\r\n\r\n<p style=\"text-align:justify\"><span style=\"font-size:11pt\"><span style=\"line-height:normal\"><span calibri=\"\" style=\"font-family:\"><a href=\"https:\/\/www.agrolink.com.br\/noticias\/uso-industrial-da-nanocelulose-impulsiona-estudos-ao-redor-do-mundo_482228.html\" style=\"color:blue; text-decoration:underline\"><span style=\"font-size:14.0pt\">Aplica&ccedil;&atilde;o em n&atilde;otecidos? Uso industrial da nanocelulose impulsiona estudos ao redor do mundo<\/span><\/a><\/span><\/span><\/span><\/p>\r\n\r\n<p style=\"text-align:justify\"><span style=\"font-size:11pt\"><span style=\"line-height:normal\"><span calibri=\"\" style=\"font-family:\"><a href=\"https:\/\/www.nonwovens-industry.com\/issues\/2023-08-01\/view_features\/air-through-bonding-report\/\" style=\"color:blue; text-decoration:underline\"><span style=\"font-size:14.0pt\">Air Through Bonding Report | A look at some of the key nonwovens producers that supply this bonding technology<\/span><\/a><\/span><\/span><\/span><\/p>\r\n\r\n<p style=\"text-align:justify\"><span style=\"font-size:11pt\"><span style=\"line-height:normal\"><span calibri=\"\" style=\"font-family:\"><a href=\"https:\/\/www.nonwovens-industry.com\/issues\/2023-08-01\/view_features\/medical-nonwovens-move-forward\/?widget=listSection\" style=\"color:blue; text-decoration:underline\"><span style=\"font-size:14.0pt\">Medical Nonwovens Move Forward<\/span><\/a><\/span><\/span><\/span><\/p>\r\n\r\n<p style=\"text-align:justify\"><span style=\"font-size:11pt\"><span style=\"line-height:normal\"><span calibri=\"\" style=\"font-family:\"><a href=\"https:\/\/www.nonwovens-industry.com\/contents\/view_editorials\/2023-07-28\/the-medical-market-what-is-normal?utm_campaign=NON+Issue+Alert&amp;utm_medium=email&amp;_hsmi=268653815&amp;_hsenc=p2ANqtz-8IAa0UpnqwiCXafFDXwvXlwXYsHGu_cQWUig73CHoCKytMS6ROhvlXUmiWZ_mDCsqvU-JlYi9-GL6-eICfWfh9eNq6DA&amp;utm_content=268653815&amp;utm_source=hs_email\" style=\"color:blue; text-decoration:underline\"><span style=\"font-size:14.0pt\">The Medical Market&mdash;What Is Normal?<\/span><\/a><\/span><\/span><\/span><\/p>\r\n\r\n<p style=\"text-align:justify\"><span style=\"font-size:11pt\"><span style=\"line-height:normal\"><span calibri=\"\" style=\"font-family:\"><a href=\"https:\/\/tissueonline.com.br\/softys-adquire-fabricante-de-fraldas-por-us-300-milhoes-no-mexico\/?utm_campaign=newsletter_04082023_novo_modelo&amp;utm_medium=email&amp;utm_source=RD+Station\" style=\"color:blue; text-decoration:underline\"><span style=\"font-size:14.0pt\">Softys adquire fabricante de fraldas por US$ 300 milh&otilde;es no M&eacute;xico<\/span><\/a><\/span><\/span><\/span><\/p>\r\n\r\n<p style=\"text-align:justify\"><span style=\"font-size:11pt\"><span style=\"line-height:normal\"><span calibri=\"\" style=\"font-family:\"><a href=\"https:\/\/www.umuarama.pr.gov.br\/noticias\/meio-ambiente\/prefeitura-investe-r-2-milhes-em-nova-clula-para-recebimento-de-lixo-orgnico\" style=\"color:blue; text-decoration:underline\"><span style=\"font-size:14.0pt\">Geomembrana: prefeitura de Umuarama (PR) investe R$ 2 milh&otilde;es em nova c&eacute;lula para recebimento de lixo org&acirc;nico<\/span><\/a><\/span><\/span><\/span><\/p>\r\n\r\n<p style=\"text-align:justify\"><span style=\"font-size:11pt\"><span style=\"line-height:normal\"><span calibri=\"\" style=\"font-family:\"><a href=\"https:\/\/atualfm.com.br\/mpsc-fara-vistoria-no-aterro-sanitario-para-verificar-medidas-adotadas-pela-prefeitura-de-concordia\/\" style=\"color:blue; text-decoration:underline\"><span style=\"font-size:14.0pt\">Licita&ccedil;&atilde;o de empresa para impermeabiliza&ccedil;&atilde;o com geomembrana: vistorias em aterro sanit&aacute;rio de Conc&oacute;rdia (SC)<\/span><\/a><\/span><\/span><\/span><\/p>\r\n\r\n<p class=\"MsoTitle\" style=\"text-align:justify\"><span style=\"font-size:28pt\"><span cambria=\"\" style=\"font-family:\"><span style=\"letter-spacing:-0.5pt\"><b><span style=\"font-size:18.0pt\"><span calibri=\"\" style=\"font-family:\"><span style=\"font-variant:small-caps\">Ind&uacute;stria<\/span><\/span><\/span><\/b><\/span><\/span><\/span><\/p>\r\n\r\n<p style=\"text-align:justify\"><span style=\"font-size:11pt\"><span style=\"line-height:normal\"><span calibri=\"\" style=\"font-family:\"><a href=\"https:\/\/grandesconstrucoes.com.br\/Noticias\/Exibir\/construcao-abre-mais-209-mil-empregos-em-junho-diz-o-sinduscon-sp?utm_source=akna&amp;utm_medium=email&amp;utm_campaign=Grandes-Construcoes-Informativo-873-03-08-2023&amp;utm_source=akna&amp;utm_medium=email&amp;utm_campaign=Grandes-Construcoes-Informativo-873-03-08-2023\" style=\"color:blue; text-decoration:underline\"><span style=\"font-size:14.0pt\">Constru&ccedil;&atilde;o abre mais 20,9 mil empregos em junho, diz o SindusCon-SP<\/span><\/a><\/span><\/span><\/span><\/p>\r\n\r\n<p style=\"text-align:justify\"><span style=\"font-size:11pt\"><span style=\"line-height:normal\"><span calibri=\"\" style=\"font-family:\"><a href=\"https:\/\/ibre.fgv.br\/blog-da-conjuntura-economica\/artigos\/marco-do-saneamento-atenuou-se-o-confronto-mas-restaram\" style=\"color:blue; text-decoration:underline\"><span style=\"font-size:14.0pt\">Marco do Saneamento: atenuou-se o confronto, mas restaram ambiguidades, avaliam especialistas<\/span><\/a><\/span><\/span><\/span><\/p>\r\n\r\n<p style=\"text-align:justify\"><span style=\"font-size:11pt\"><span style=\"line-height:normal\"><span calibri=\"\" style=\"font-family:\"><a href=\"https:\/\/portalibre.fgv.br\/system\/files\/2023-08\/Indicadores%20de%20Mercado%20de%20Trabalho%20FGV_press%20release_Jul23_0.pdf\" style=\"color:blue; text-decoration:underline\"><span style=\"font-size:14.0pt\">IAEmp sobe em julho e atinge o maior n&iacute;vel desde outubro de 2022<\/span><\/a><\/span><\/span><\/span><\/p>\r\n\r\n<p style=\"text-align:justify\"><span style=\"font-size:11pt\"><span style=\"line-height:normal\"><span calibri=\"\" style=\"font-family:\"><a href=\"https:\/\/www.terra.com.br\/carros-motos\/anfavea-mercado-segue-aquecido-mesmo-com-fim-dos-incentivos,4295b0e31d7d4c045560c71e23cf62026e908pbp.html\" style=\"color:blue; text-decoration:underline\"><span style=\"font-size:14.0pt\">Anfavea: mercado segue aquecido mesmo com fim dos incentivos<\/span><\/a><\/span><\/span><\/span><\/p>\r\n\r\n<p style=\"text-align:justify\"><span style=\"font-size:11pt\"><span style=\"line-height:normal\"><span calibri=\"\" style=\"font-family:\"><a href=\"https:\/\/www.hojemais.com.br\/aracatuba\/noticia\/politica\/cadeia-do-calcado-pede-fim-da-isencao-fiscal-para-plataformas-internacionais\" style=\"color:blue; text-decoration:underline\"><span style=\"font-size:14.0pt\">Setor cal&ccedil;adista pede fim da isen&ccedil;&atilde;o fiscal para plataformas internacionais<\/span><\/a><\/span><\/span><\/span><\/p>\r\n\r\n<p style=\"text-align:justify\"><span style=\"font-size:11pt\"><span style=\"line-height:normal\"><span calibri=\"\" style=\"font-family:\"><a href=\"https:\/\/exclusivo.com.br\/_conteudo\/negocios\/2023\/07\/25\/mil-pares-de-calcados-falsificados-sao-apreendidos.html\" style=\"color:blue; text-decoration:underline\"><span style=\"font-size:14.0pt\">Cal&ccedil;ados | Mil pares de cal&ccedil;ados falsificados s&atilde;o apreendidos<\/span><\/a><\/span><\/span><\/span><\/p>\r\n\r\n<p style=\"text-align:justify\"><span style=\"font-size:11pt\"><span style=\"line-height:normal\"><span calibri=\"\" style=\"font-family:\"><a href=\"https:\/\/exclink.exclusivo.com.br\/cl\/PQFpi\/E6A\/5dcc\/LCFJkUKAOaB\/BLUJ\/PoDtvVItN8N\/3\/\" style=\"color:blue; text-decoration:underline\"><span style=\"font-size:14.0pt\">Cal&ccedil;ados | Mudan&ccedil;as nas cadeias de fornecimento fazem ind&uacute;stria seguir repensando modelos de produ&ccedil;&atilde;o<\/span><\/a><\/span><\/span><\/span><\/p>\r\n\r\n<p style=\"text-align:justify\"><span style=\"font-size:11pt\"><span style=\"line-height:normal\"><span calibri=\"\" style=\"font-family:\"><a href=\"https:\/\/www.moveisdevalor.com.br\/portal\/abicol-apresenta-demandas-do-setor-a-geraldo-alckmin?source=news\" style=\"color:blue; text-decoration:underline\"><span style=\"font-size:14.0pt\">Abicol apresenta demandas do setor a Geraldo Alckmin<\/span><\/a><\/span><\/span><\/span><\/p>\r\n\r\n<p style=\"text-align:justify\"><span style=\"font-size:11pt\"><span style=\"line-height:normal\"><span calibri=\"\" style=\"font-family:\"><a href=\"https:\/\/agenciabrasil.ebc.com.br\/economia\/noticia\/2023-08\/confianca-da-pequena-industria-na-economia-aumentou-em-julho\" style=\"color:blue; text-decoration:underline\"><span style=\"font-size:14.0pt\">Confian&ccedil;a da pequena ind&uacute;stria na economia aumentou em junho<\/span><\/a><\/span><\/span><\/span><\/p>\r\n\r\n<p class=\"MsoTitle\" style=\"text-align:justify\"><span style=\"font-size:28pt\"><span cambria=\"\" style=\"font-family:\"><span style=\"letter-spacing:-0.5pt\"><b><span style=\"font-size:18.0pt\"><span calibri=\"\" style=\"font-family:\"><span style=\"font-variant:small-caps\">Sustentabilidade<\/span><\/span><\/span><\/b><\/span><\/span><\/span><\/p>\r\n\r\n<p style=\"text-align:justify\"><span style=\"font-size:11pt\"><span style=\"line-height:normal\"><span calibri=\"\" style=\"font-family:\"><a href=\"https:\/\/portugaltextil.com\/residuos-texteis-sao-materia-prima-para-revestimentos\/?utm_term=Portugal+Textil+-+2023-07-25%3ADATEFORMAT%3Ad.m.Y&amp;utm_campaign=Portugal+Textil+FInal&amp;utm_source=e-goi&amp;utm_medium=email&amp;eg_sub=ef749a4dff&amp;eg_cam=9b9841af317e37a2332078ec91f74877&amp;eg_list=6\" style=\"color:blue; text-decoration:underline\"><span style=\"font-size:14.0pt\">Res&iacute;duos t&ecirc;xteis s&atilde;o mat&eacute;ria-prima para revestimentos<\/span><\/a><\/span><\/span><\/span><\/p>\r\n\r\n<p style=\"text-align:justify\"><span style=\"font-size:11pt\"><span style=\"line-height:normal\"><span calibri=\"\" style=\"font-family:\"><a href=\"https:\/\/conectaverde.com.br\/asfalto-produzido-com-embalagens-plasticas-recicladas-tem-durabilidade-tres-vezes-maior-do-que-o-convencional\/?utm_campaign=conecta_verde_news_37&amp;utm_medium=email&amp;utm_source=RD+Station\" style=\"color:blue; text-decoration:underline\"><span style=\"font-size:14.0pt\">Asfalto produzido com embalagens pl&aacute;sticas recicladas tem durabilidade tr&ecirc;s vezes maior do que o convencional<\/span><\/a><\/span><\/span><\/span><\/p>\r\n\r\n<p style=\"text-align:justify\"><span style=\"font-size:11pt\"><span style=\"line-height:normal\"><span calibri=\"\" style=\"font-family:\"><a href=\"https:\/\/revistamt.com.br\/Noticias\/Exibir\/sustentabilidade-e-seguranca-sao-fundamentais-na-mineracao?utm_source=akna&amp;utm_medium=email&amp;utm_campaign=Revista-M-T-Informativo-637-25-07-2023&amp;utm_source=akna&amp;utm_medium=email&amp;utm_campaign=Revista-M-T-Informativo-\" style=\"color:blue; text-decoration:underline\"><span style=\"font-size:14.0pt\">Sustentabilidade e seguran&ccedil;a s&atilde;o fundamentais na minera&ccedil;&atilde;o<\/span><\/a><\/span><\/span><\/span><\/p>\r\n\r\n<p style=\"text-align:justify\"><span style=\"font-size:11pt\"><span style=\"line-height:normal\"><span calibri=\"\" style=\"font-family:\"><a href=\"https:\/\/epocanegocios.globo.com\/conteudo-de-marca\/dasa\/empresas\/noticia\/2023\/08\/como-a-oxygea-hub-de-inovacao-da-brasken-quer-impulsionar-o-setor-de-deep-tech-no-brasil.ghtml\" style=\"color:blue; text-decoration:underline\"><span style=\"font-size:14.0pt\">Hub de inova&ccedil;&atilde;o da Braskem, quer impulsionar o setor de deep tech no Brasil<\/span><\/a><\/span><\/span><\/span><\/p>\r\n\r\n<p style=\"text-align:justify\"><span style=\"font-size:11pt\"><span style=\"line-height:normal\"><span calibri=\"\" style=\"font-family:\"><a href=\"https:\/\/conectaverde.com.br\/a-nova-norma-abnt-nbr-17100-1-para-gerenciamento-de-residuos\/?utm_campaign=conecta_verde_news_37&amp;utm_medium=email&amp;utm_source=RD+Station\" style=\"color:blue; text-decoration:underline\"><span style=\"font-size:14.0pt\">A nova norma ABNT NBR 17100-1 para gerenciamento de res&iacute;duos<\/span><\/a><\/span><\/span><\/span><\/p>\r\n\r\n<p style=\"text-align:justify\"><span style=\"font-size:11pt\"><span style=\"line-height:normal\"><span calibri=\"\" style=\"font-family:\"><a href=\"https:\/\/8422329.fs1.hubspotusercontent-na1.net\/hubfs\/8422329\/eBooks\/NON\/Heartland\/NON_heartland_ebook_0623.pdf\" style=\"color:blue; text-decoration:underline\"><span style=\"font-size:14.0pt\">Nonwovens Industry | Sustainability Starts with Upstream Production (eBook)<\/span><\/a><\/span><\/span><\/span><\/p>\r\n\r\n<p style=\"text-align:justify\"><span style=\"font-size:11pt\"><span style=\"line-height:normal\"><span calibri=\"\" style=\"font-family:\"><a href=\"https:\/\/phys.org\/news\/2023-07-advancing-chemical-recycling-plastics-approach.html?utm_source=nwletter&amp;utm_medium=email&amp;utm_campaign=daily-nwletter\" style=\"color:blue; text-decoration:underline\"><span style=\"font-size:14.0pt\">Advancing chemical recycling of waste plastics: A computational approach for predicting product distributions<\/span><\/a><\/span><\/span><\/span><\/p>\r\n\r\n<p class=\"MsoTitle\" style=\"text-align:justify\"><span style=\"font-size:28pt\"><span cambria=\"\" style=\"font-family:\"><span style=\"letter-spacing:-0.5pt\"><b><span style=\"font-size:18.0pt\"><span calibri=\"\" style=\"font-family:\"><span style=\"font-variant:small-caps\">Inova&ccedil;&atilde;o<\/span><\/span><\/span><\/b><\/span><\/span><\/span><\/p>\r\n\r\n<p style=\"text-align:justify\"><span style=\"font-size:11pt\"><span style=\"line-height:normal\"><span calibri=\"\" style=\"font-family:\"><a href=\"https:\/\/www.motoo.com.br\/gogoro-muji-scooter-eletrica-viva-mix-plastico-reciclado\/\" style=\"color:blue; text-decoration:underline\"><span style=\"font-size:14.0pt\">Projeto lan&ccedil;a scooter el&eacute;trica feita com pl&aacute;stico reciclado (que roda at&eacute; 140 km)<\/span><\/a><\/span><\/span><\/span><\/p>\r\n\r\n<p style=\"text-align:justify\"><span style=\"font-size:11pt\"><span style=\"line-height:normal\"><span calibri=\"\" style=\"font-family:\"><a href=\"https:\/\/phys.org\/news\/2023-07-chemists-next-generation-self-healing-plastic-biodegradable.html?utm_source=nwletter&amp;utm_medium=email&amp;utm_campaign=daily-nwletter\" style=\"color:blue; text-decoration:underline\"><span style=\"font-size:14.0pt\">Chemists develop next-generation self-healing plastic that&#39;s also biodegradable<\/span><\/a><\/span><\/span><\/span><\/p>\r\n\r\n<p style=\"text-align:justify\"><span style=\"font-size:11pt\"><span style=\"line-height:normal\"><span calibri=\"\" style=\"font-family:\"><a href=\"https:\/\/phys.org\/news\/2023-08-starch-bio-based-polymer-bioplastics-compostable.html?utm_source=nwletter&amp;utm_medium=email&amp;utm_campaign=daily-nwletter\" style=\"color:blue; text-decoration:underline\"><span style=\"font-size:14.0pt\">Putting starch into bio-based polymer makes bioplastics more compostable<\/span><\/a><\/span><\/span><\/span><\/p>\r\n\r\n<p style=\"text-align:justify\"><span style=\"font-size:11pt\"><span style=\"line-height:normal\"><span calibri=\"\" style=\"font-family:\"><a href=\"https:\/\/www.technicaltextile.net\/news\/us-researchers-develop-stretchable-fabric-based-lithium-ion-battery-289177.html\" style=\"color:blue; text-decoration:underline\"><span style=\"font-size:14.0pt\">US researchers develop stretchable fabric-based lithium-ion Battery<\/span><\/a><\/span><\/span><\/span><\/p>\r\n\r\n<p style=\"text-align:justify\"><span style=\"font-size:11pt\"><span style=\"line-height:normal\"><span calibri=\"\" style=\"font-family:\"><a href=\"https:\/\/www.inovacaotecnologica.com.br\/noticias\/noticia.php?artigo=quitina-vira-musculo-artificial-produz-eletricidade&amp;id=010160230804&amp;ebol=sim\" style=\"color:blue; text-decoration:underline\"><span style=\"font-size:14.0pt\">Asas de borboleta inspiram m&uacute;sculos artificiais e produzem eletricidade<\/span><\/a><\/span><\/span><\/span><\/p>\r\n\r\n<p class=\"MsoTitle\" style=\"text-align:justify\"><span style=\"font-size:28pt\"><span cambria=\"\" style=\"font-family:\"><span style=\"letter-spacing:-0.5pt\"><b><span style=\"font-size:18.0pt\"><span calibri=\"\" style=\"font-family:\"><span style=\"font-variant:small-caps\">Com&eacute;rcio Exterior<\/span><\/span><\/span><\/b><\/span><\/span><\/span><\/p>\r\n\r\n<p style=\"text-align:justify\"><span style=\"font-size:11pt\"><span style=\"line-height:normal\"><span calibri=\"\" style=\"font-family:\"><a href=\"https:\/\/app.rdstation.email\/mail\/77838b69-1674-4b59-a2bf-bb048d069c2b\" style=\"color:blue; text-decoration:underline\"><span style=\"font-size:14.0pt\">Aumento de importados preocupa setor t&ecirc;xtil paulista<\/span><\/a><\/span><\/span><\/span><\/p>\r\n\r\n<p style=\"text-align:justify\"><span style=\"font-size:11pt\"><span style=\"line-height:normal\"><span calibri=\"\" style=\"font-family:\"><a href=\"https:\/\/comexdobrasil.com\/as-relacoes-comerciais-sino-brasileiras-uma-previa-dos-seus-50-anos\/\" style=\"color:blue; text-decoration:underline\"><span style=\"font-size:14.0pt\">As rela&ccedil;&otilde;es comerciais sino-brasileiras: uma pr&eacute;via dos seus 50 anos<\/span><\/a><\/span><\/span><\/span><\/p>\r\n\r\n<p style=\"text-align:justify\"><span style=\"font-size:11pt\"><span style=\"line-height:normal\"><span calibri=\"\" style=\"font-family:\"><a href=\"https:\/\/noticias.portaldaindustria.com.br\/noticias\/economia\/acordo-mercosul-ue-pode-trazer-r-500-bilhoes-para-o-pib-diz-oliver-stuenkel\/\" style=\"color:blue; text-decoration:underline\"><span style=\"font-size:14.0pt\">Acordo Mercosul-UE pode trazer R$ 500 bilh&otilde;es para o PIB, diz Oliver Stuenkel<\/span><\/a><\/span><\/span><\/span><\/p>\r\n\r\n<p style=\"text-align:justify\"><span style=\"font-size:11pt\"><span style=\"line-height:normal\"><span calibri=\"\" style=\"font-family:\"><a href=\"https:\/\/comexdobrasil.com\/mercosul-uniao-europeia-acordo-ambicioso-e-abrangente-em-9-perguntas-e-respostas\/\" style=\"color:blue; text-decoration:underline\"><span style=\"font-size:14.0pt\">Mercosul-Uni&atilde;o Europeia: acordo ambicioso e abrangente em 9 perguntas e respostas<\/span><\/a><\/span><\/span><\/span><\/p>\r\n\r\n<p style=\"text-align:justify\"><span style=\"font-size:11pt\"><span style=\"line-height:normal\"><span calibri=\"\" style=\"font-family:\"><a href=\"https:\/\/emobile.com.br\/site\/setor-moveleiro\/exportacoes-de-moveis-e-colchoes-estabilizam-em-maio\/\" style=\"color:blue; text-decoration:underline\"><span style=\"font-size:14.0pt\">Exporta&ccedil;&otilde;es de m&oacute;veis e colch&otilde;es estabilizam em maio<\/span><\/a><\/span><\/span><\/span><\/p>\r\n\r\n<p class=\"MsoTitle\" style=\"text-align:justify\"><span style=\"font-size:28pt\"><span cambria=\"\" style=\"font-family:\"><span style=\"letter-spacing:-0.5pt\"><b><span style=\"font-size:18.0pt\"><span calibri=\"\" style=\"font-family:\"><span style=\"font-variant:small-caps\">Economia<\/span><\/span><\/span><\/b><\/span><\/span><\/span><\/p>\r\n\r\n<p style=\"text-align:justify\"><span style=\"font-size:11pt\"><span style=\"line-height:normal\"><span calibri=\"\" style=\"font-family:\"><a href=\"https:\/\/www.bcb.gov.br\/content\/focus\/focus\/R20230804.pdf\" style=\"color:blue; text-decoration:underline\"><span style=\"font-size:14.0pt\">Focus &ndash; Relat&oacute;rio de Mercado<\/span><\/a><\/span><\/span><\/span><\/p>\r\n\r\n<p style=\"text-align:justify\"><span style=\"font-size:11pt\"><span style=\"line-height:normal\"><span calibri=\"\" style=\"font-family:\"><a href=\"https:\/\/www.bcb.gov.br\/content\/controleinflacao\/focusdistribuicoesfrequencia\/P20230807-Focus-Distribuicoes-de-frequencia.pdf\" style=\"color:blue; text-decoration:underline\"><span style=\"font-size:14.0pt\">Focus &ndash; Distribui&ccedil;&otilde;es de Frequ&ecirc;ncia das Expectativas de Mercado para IPCA, Selic, PIB e C&acirc;mbio.<\/span><\/a><\/span><\/span><\/span><\/p>\r\n\r\n<p style=\"text-align:justify\"><span style=\"font-size:11pt\"><span style=\"line-height:normal\"><span calibri=\"\" style=\"font-family:\"><a href=\"https:\/\/ibre.fgv.br\/blog-da-conjuntura-economica\/artigos\/governo-quer-regime-de-recuperacao-fiscal-de-estados-mais\" style=\"color:blue; text-decoration:underline\"><span style=\"font-size:14.0pt\">Governo quer regime de recupera&ccedil;&atilde;o fiscal de estados mais focado em resultados<\/span><\/a><\/span><\/span><\/span><\/p>\r\n\r\n<p style=\"text-align:justify\"><span style=\"font-size:11pt\"><span style=\"line-height:normal\"><span calibri=\"\" style=\"font-family:\"><a href=\"https:\/\/ibre.fgv.br\/blog-da-conjuntura-economica\/artigos\/e-um-risco-antecipar-agenda-de-elevacao-da-carga-tributaria-sem\" style=\"color:blue; text-decoration:underline\"><span style=\"font-size:14.0pt\">&ldquo;&Eacute; um risco antecipar a agenda de eleva&ccedil;&atilde;o da carga tribut&aacute;ria sem a conclus&atilde;o da reforma tribut&aacute;ria sobre o consumo&rdquo;<\/span><\/a><\/span><\/span><\/span><\/p>\r\n\r\n<p style=\"text-align:justify\"><span style=\"font-size:11pt\"><span style=\"line-height:normal\"><span calibri=\"\" style=\"font-family:\"><a href=\"https:\/\/portalibre.fgv.br\/system\/files\/2023-08\/Apresenta%C3%A7%C3%A3o%20-%20S%C3%ADntese%20das%20Sondagens%20-%20Julho%202023_0.pdf\" style=\"color:blue; text-decoration:underline\"><span style=\"font-size:14.0pt\">FGV IBRE | S&iacute;ntese das Sondagens de julho de 2023<\/span><\/a><\/span><\/span><\/span><\/p>\r\n\r\n<p style=\"text-align:justify\"><span style=\"font-size:11pt\"><span style=\"line-height:normal\"><span calibri=\"\" style=\"font-family:\"><a href=\"https:\/\/www.fibre2fashion.com\/news\/textile-news\/2023-global-growth-to-be-3-amid-pandemic-recovery-ukraine-war-imf-289158-newsdetails.htm\" style=\"color:blue; text-decoration:underline\"><span style=\"font-size:14.0pt\">2023 global growth to be 3% amid pandemic recovery, Ukraine war: IMF<\/span><\/a><\/span><\/span><\/span><\/p>\r\n\r\n<p style=\"text-align:justify\"><span style=\"font-size:11pt\"><span style=\"line-height:normal\"><span calibri=\"\" style=\"font-family:\"><a href=\"https:\/\/portugaltextil.com\/eua-superam-expectativas\/?utm_term=Portugal+Textil+-+2023-08-01%3ADATEFORMAT%3Ad.m.Y&amp;utm_campaign=Portugal+Textil+FInal&amp;utm_source=e-goi&amp;utm_medium=email&amp;eg_sub=ef749a4dff&amp;eg_cam=39929eba5e4f445197ee9f8503184dd8&amp;eg_list=6\" style=\"color:blue; text-decoration:underline\"><span style=\"font-size:14.0pt\">EUA superam expectativas<\/span><\/a><\/span><\/span><\/span><\/p>\r\n\r\n<p>&nbsp;<\/p>\r\n","6":"<p style=\"text-align:justify\"><span style=\"font-size:11pt\"><span style=\"line-height:normal\"><span calibri=\"\" style=\"font-family:\"><span style=\"font-size:14.0pt\">Esta &eacute; uma compila&ccedil;&atilde;o das not&iacute;cias mais relevantes para o setor, incluindo informa&ccedil;&otilde;es sobre acordos internacionais, economia brasileira, sustentabilidade e mat&eacute;rias primas, al&eacute;m de novidades do setor de N&atilde;otecidos e Tecidos T&eacute;cnicos.<\/span><\/span><\/span><\/span><\/p>\r\n\r\n<p class=\"MsoTitleCxSpLast\" style=\"text-align:justify\"><span style=\"font-size:28pt\"><span cambria=\"\" style=\"font-family:\"><span style=\"letter-spacing:-0.5pt\"><b><span style=\"font-size:18.0pt\"><span calibri=\"\" style=\"font-family:\"><span style=\"font-variant:small-caps\">Not&iacute;cias das Associadas<\/span><\/span><\/span><\/b><\/span><\/span><\/span><\/p>\r\n\r\n<p style=\"text-align:justify\"><span style=\"font-size:11pt\"><span style=\"line-height:normal\"><span calibri=\"\" style=\"font-family:\"><a href=\"https:\/\/emobile.com.br\/site\/industria\/cipatex-conquista-selo-diamante-de-origem-sustentavel\/\" style=\"color:blue; text-decoration:underline\"><span style=\"font-size:14.0pt\">Cipatex&reg; conquista selo Diamante de Origem Sustent&aacute;vel<\/span><\/a><\/span><\/span><\/span><\/p>\r\n\r\n<p style=\"text-align:justify\"><span style=\"font-size:11pt\"><span style=\"line-height:normal\"><span calibri=\"\" style=\"font-family:\"><a href=\"https:\/\/www.technicaltextile.net\/news\/freudenberg-expands-global-3d-entangled-mat-production-in-china-289172.html\" style=\"color:blue; text-decoration:underline\"><span style=\"font-size:14.0pt\">Freudenberg expands global 3D entangled mat production in China<\/span><\/a><\/span><\/span><\/span><\/p>\r\n\r\n<p class=\"MsoTitle\" style=\"text-align:justify\"><span style=\"font-size:28pt\"><span cambria=\"\" style=\"font-family:\"><span style=\"letter-spacing:-0.5pt\"><b><span style=\"font-size:18.0pt\"><span calibri=\"\" style=\"font-family:\"><span style=\"font-variant:small-caps\">A&ccedil;&otilde;es da ABINT<\/span><\/span><\/span><\/b><\/span><\/span><\/span><\/p>\r\n\r\n<div class=\"conteudo\" id=\"conteudoNovidadeShow\">\r\n<div class=\"texto-novidade\"><img src=\"https:\/\/www.abint.org.br\/assets\/img\/editor\/e-mail-marketing-curso_202308011630356K3m5j6Y3U.jpg\" style=\"width:500px; height:700px\" \/>\r\n<p style=\"text-align:justify\">&nbsp;<\/p>\r\n<\/div>\r\n<\/div>\r\n\r\n<p><span style=\"font-size:28pt\"><span cambria=\"\" style=\"font-family:\"><span style=\"letter-spacing:-0.5pt\"><a href=\"https:\/\/www.abint.org.br\/informacao\/outros\/programacao-curso-abint-tecnologia-dos-naotecidos\" style=\"color:blue; text-decoration:underline\"><b><span style=\"font-size:14.0pt\"><span calibri=\"\" style=\"font-family:\"><span style=\"letter-spacing:0pt\">Programa&ccedil;&atilde;o<\/span><\/span><\/span><\/b><\/a><b><span style=\"font-size:14.0pt\"><span calibri=\"\" style=\"font-family:\"><span style=\"letter-spacing:0pt\"> \/ <\/span><\/span><\/span><\/b><a href=\"https:\/\/www.abint.org.br\/informacao\/outros\/informacoes-curso-abint-tecnologia-dos-naotecidos\" style=\"color:blue; text-decoration:underline\"><b><span style=\"font-size:14.0pt\"><span calibri=\"\" style=\"font-family:\"><span style=\"letter-spacing:0pt\">Informa&ccedil;&otilde;es<\/span><\/span><\/span><\/b><\/a><b><span style=\"font-size:14.0pt\"><span calibri=\"\" style=\"font-family:\"><span style=\"letter-spacing:0pt\"> \/ <\/span><\/span><\/span><\/b><a href=\"https:\/\/forms.gle\/E5bZXpiNh7wZ9kcQ6\" style=\"color:blue; text-decoration:underline\"><b><span style=\"font-size:14.0pt\"><span calibri=\"\" style=\"font-family:\"><span style=\"letter-spacing:0pt\">Inscri&ccedil;&otilde;es<\/span><\/span><\/span><\/b><\/a><\/span><\/span><\/span><\/p>\r\n\r\n<p style=\"text-align:justify\">&nbsp;<\/p>\r\n\r\n<p style=\"text-align:justify\"><span style=\"font-size:11pt\"><span style=\"line-height:normal\"><span calibri=\"\" style=\"font-family:\"><b><span style=\"font-size:18.0pt\"><span style=\"font-variant:small-caps\">Eventos<\/span><\/span><\/b><\/span><\/span><\/span><\/p>\r\n\r\n<p style=\"text-align:justify\"><span style=\"font-size:11pt\"><span style=\"line-height:normal\"><span calibri=\"\" style=\"font-family:\"><b><span style=\"font-size:14.0pt\">IV Congreso Sudamericano de Composites, Poliuretano y Pl&aacute;sticos de Ingenier&iacute;a,<\/span><\/b><span style=\"font-size:14.0pt\"> 8 e 9 de agosto, Buenos Aires, Argentina. <\/span><a href=\"http:\/\/www.congresosudamericano.com\/blog.html\" style=\"color:blue; text-decoration:underline\"><span style=\"font-size:14.0pt\">Informa&ccedil;&otilde;es<\/span><\/a> <\/span><\/span><\/span><\/p>\r\n\r\n<p style=\"text-align:justify\"><span style=\"font-size:11pt\"><span style=\"line-height:normal\"><span calibri=\"\" style=\"font-family:\"><b><span style=\"font-size:14.0pt\">XII Simp&oacute;sio Internacional de Excel&ecirc;ncia em Produ&ccedil;&atilde;o | &quot;Efici&ecirc;ncia de Processos Industriais<\/span><\/b><span style=\"font-size:14.0pt\">, 17 de agosto de 2023, 08h30 &agrave;s 12h00, Centro Universit&aacute;rio FACENS, Sorocaba, SP.<\/span><\/span><\/span><\/span><\/p>\r\n\r\n<p style=\"text-align:justify\"><span style=\"font-size:11pt\"><span style=\"line-height:normal\"><span calibri=\"\" style=\"font-family:\"><b><span style=\"font-size:14.0pt\">CONAHP 2023<\/span><\/b><span style=\"font-size:14.0pt\">, 18 e 19 de outubro, Transamerica Expo Center, S&atilde;o Paulo, SP. <\/span><a href=\"https:\/\/conahp.org.br\/2023\/\" style=\"color:blue; text-decoration:underline\"><span style=\"font-size:14.0pt\">Informa&ccedil;&otilde;es<\/span><\/a> <\/span><\/span><\/span><\/p>\r\n\r\n<p style=\"text-align:justify\"><span style=\"font-size:11pt\"><span style=\"line-height:normal\"><span calibri=\"\" style=\"font-family:\"><b><span style=\"font-size:14.0pt\">2&ordf; FEBRATEX SUMMIT 2023, <\/span><\/b><span style=\"font-size:14.0pt\">dias 23 e 24 de agosto de 2023, no Parque Vila Germ&acirc;nica, Blumenau &ndash; SC. <\/span><a href=\"https:\/\/www.sympla.com.br\/evento\/febratex-summit-2023-2-edicao\/1722288?utm_term=%28PAUTA%29+Falta+menos+de+um+mes+para+a+2%3F%3F%3F%3F+edicao+do+Febratex+Summit&amp;utm_campaign=Vale+do+Itajai&amp;utm_source=e-goi&amp;utm_medium=email\" style=\"color:blue; text-decoration:underline\"><span style=\"font-size:14.0pt\">Informa&ccedil;&otilde;es<\/span><\/a><\/span><\/span><\/span><\/p>\r\n\r\n<p style=\"text-align:justify\"><span style=\"font-size:11pt\"><span style=\"line-height:normal\"><span calibri=\"\" style=\"font-family:\"><b><span style=\"font-size:14.0pt\">JEC Composites Talks Brasil,<\/span><\/b><span style=\"font-size:14.0pt\"> 24 de agosto de 2023, 13h, Hotel Renaissance, S&atilde;o Paulo. Confirmar presen&ccedil;a at&eacute; 11\/08 pelo e-mail <\/span><a href=\"mailto:marketing@almaco.org.br\" style=\"color:blue; text-decoration:underline\"><span style=\"font-size:14.0pt\">marketing@almaco.org.br<\/span><\/a><span style=\"font-size:14.0pt\"> . <\/span><a href=\"https:\/\/emailmarketing.locaweb.com.br\/accounts\/116830\/messages\/460?email=abint@abint.org.br&amp;c=1690465349&amp;contact_id=110&amp;envelope_id=352\" style=\"color:blue; text-decoration:underline\"><span style=\"font-size:14.0pt\">Programa&ccedil;&atilde;o<\/span><\/a> <\/span><\/span><\/span><\/p>\r\n\r\n<p style=\"text-align:justify\"><span style=\"font-size:11pt\"><span style=\"line-height:normal\"><span calibri=\"\" style=\"font-family:\"><b><span style=\"font-size:14.0pt\">FIMMA BRASIL - Feira Internacional de Fornecedores da Cadeia Produtiva Madeira e M&oacute;veis<\/span><\/b><span style=\"font-size:14.0pt\">, 28 a 31 de agosto de 2023, das 10h &agrave;s 19h, Bento Gon&ccedil;alves, RS. <\/span><a href=\"https:\/\/fimma.com.br\/\" style=\"color:blue; text-decoration:underline\"><span style=\"font-size:14.0pt\">Informa&ccedil;&otilde;es<\/span><\/a> <\/span><\/span><\/span><\/p>\r\n\r\n<p style=\"text-align:justify\"><span style=\"font-size:11pt\"><span style=\"line-height:normal\"><span calibri=\"\" style=\"font-family:\"><b><span style=\"font-size:14.0pt\">22&ordf; FEBRAVA - Feira Internacional de Refrigera&ccedil;&atilde;o, Ar-Condicionado, Ventila&ccedil;&atilde;o, Aquecimento, Tratamento de Ar e de &Aacute;guas<\/span><\/b><span style=\"font-size:14.0pt\">, 12 a 15 de setembro de 2023, S&atilde;o Paulo Expo. <\/span><a href=\"https:\/\/www.febrava.com.br\/pt-br.html\" style=\"color:blue; text-decoration:underline\"><span style=\"font-size:14.0pt\">Informa&ccedil;&otilde;es<\/span><\/a> <\/span><\/span><\/span><\/p>\r\n\r\n<p style=\"text-align:justify\"><span style=\"font-size:11pt\"><span style=\"line-height:normal\"><span calibri=\"\" style=\"font-family:\"><b><span style=\"font-size:14.0pt\">18&ordm; CONBRAVA &ndash; Congresso Brasileiro de Refrigera&ccedil;&atilde;o, Ar-Condicionado, Ventila&ccedil;&atilde;o, Aquecimento e Tratamento de Ar | &ldquo;AVACR rumo ao um futuro sustent&aacute;vel e saud&aacute;vel&rdquo;, <\/span><\/b><span style=\"font-size:14.0pt\">13 a 15 de setembro de 2023, S&atilde;o Paulo Expo, SP. <\/span><a href=\"http:\/\/conbrava.comercial.ws\/site\/\" style=\"color:blue; text-decoration:underline\"><span style=\"font-size:14.0pt\">Informa&ccedil;&otilde;es<\/span><\/a> <\/span><\/span><\/span><\/p>\r\n\r\n<p style=\"text-align:justify\"><span style=\"font-size:11pt\"><span style=\"line-height:normal\"><span calibri=\"\" style=\"font-family:\"><b><span style=\"font-size:14.0pt\">CNI\/ SEBRAE | 10&ordm; Congresso Internacional da Inova&ccedil;&atilde;o da Ind&uacute;stria<\/span><\/b><span style=\"font-size:14.0pt\">, 27 e 28 de setembro de 2023, S&atilde;o Paulo Expo.<\/span> <a href=\"https:\/\/www.congressodeinovacao.com.br\/?utm_source=comext&amp;utm_medium=email&amp;utm_campaign=eventos&amp;utm_content=id00053#msdynttrid=gg5jXwSFR7qM4vHH2tKGau3cTwSFDneTjMUhrcPg7vE\" style=\"color:blue; text-decoration:underline\"><span style=\"font-size:14.0pt\">Informa&ccedil;&otilde;es<\/span><\/a> <\/span><\/span><\/span><\/p>\r\n\r\n<p style=\"text-align:justify\"><span style=\"font-size:11pt\"><span style=\"line-height:normal\"><span calibri=\"\" style=\"font-family:\"><b><span style=\"font-size:14.0pt\">FiltXPO&trade; 2023<\/span><\/b><span class=\"MsoHyperlink\" style=\"color:blue\"><span style=\"text-decoration:underline\"><span style=\"font-size:14.0pt\"><span style=\"text-decoration:none\"><span style=\"text-underline:none\">, <\/span><\/span><\/span><\/span><\/span><span style=\"font-size:14.0pt\">October 10-12, 2023 at Navy Pier in Chicago, Illinois<\/span><span class=\"MsoHyperlink\" style=\"color:blue\"><span style=\"text-decoration:underline\"><span style=\"font-size:14.0pt\"><span style=\"text-decoration:none\"><span style=\"text-underline:none\">. <\/span><\/span><\/span><\/span><\/span><a href=\"https:\/\/www.filtxpo.com\/\" style=\"color:blue; text-decoration:underline\"><span style=\"font-size:14.0pt\">Informa&ccedil;&otilde;es<\/span><\/a> <\/span><\/span><\/span><\/p>\r\n\r\n<p style=\"text-align:justify\"><span style=\"font-size:11pt\"><span style=\"line-height:normal\"><span calibri=\"\" style=\"font-family:\"><b><span style=\"font-size:14.0pt\">V Congreso Sudamericano de Composites, Poliuretano y Pl&aacute;sticos de Ingenier&iacute;a, <\/span><\/b><span style=\"font-size:14.0pt\">24 e 25 de outubro de 2023, Bogot&aacute;, Col&ocirc;mbia. <\/span><a href=\"http:\/\/www.congresosudamericano.com\/blog.html\" style=\"color:blue; text-decoration:underline\"><span style=\"font-size:14.0pt\">Informa&ccedil;&otilde;es<\/span><\/a> <\/span><\/span><\/span><\/p>\r\n\r\n<p style=\"text-align:justify\"><span style=\"font-size:11pt\"><span style=\"line-height:normal\"><span calibri=\"\" style=\"font-family:\"><b><span style=\"font-size:14.0pt\">NASCE CME | Conale 2023 - 5&ordf; Edi&ccedil;&atilde;o: Multici&ecirc;ncia e o Estado da Arte nos Processos de Limpeza e Esteriliza&ccedil;&atilde;o<\/span><\/b><span style=\"font-size:14.0pt\">, 23 e 24 de setembro, evento online. <\/span><a href=\"http:\/\/nascecme.com.br\/programa-conale-2023\/\" style=\"color:blue; text-decoration:underline\"><span style=\"font-size:14.0pt\">Programa&ccedil;&atilde;o<\/span><\/a> <\/span><\/span><\/span><\/p>\r\n\r\n<p style=\"text-align:justify\"><span style=\"font-size:11pt\"><span style=\"line-height:normal\"><span calibri=\"\" style=\"font-family:\"><b><span style=\"font-size:14.0pt\">Abrafiltros | 2&ordm; Semin&aacute;rio Brasileiro de Filtros<\/span><\/b><span style=\"font-size:14.0pt\">, 08 de novembro de 2023.<\/span><\/span><\/span><\/span><\/p>\r\n\r\n<p class=\"MsoTitle\" style=\"text-align:justify\"><span style=\"font-size:28pt\"><span cambria=\"\" style=\"font-family:\"><span style=\"letter-spacing:-0.5pt\"><b><span style=\"font-size:18.0pt\"><span calibri=\"\" style=\"font-family:\"><span style=\"font-variant:small-caps\">Setor<\/span><\/span><\/span><\/b><\/span><\/span><\/span><\/p>\r\n\r\n<p style=\"text-align:justify\"><span style=\"font-size:11pt\"><span style=\"line-height:normal\"><span calibri=\"\" style=\"font-family:\"><a href=\"https:\/\/indiantextilejournal.com\/stressors-for-the-global-textile-industry\/\" style=\"color:blue; text-decoration:underline\"><span style=\"font-size:14.0pt\">Nonwovens | Stressors for the global textile industry<\/span><\/a><\/span><\/span><\/span><\/p>\r\n\r\n<p style=\"text-align:justify\"><span style=\"font-size:11pt\"><span style=\"line-height:normal\"><span calibri=\"\" style=\"font-family:\"><a href=\"https:\/\/plasticosemrevista.com.br\/perdemos-muito-a-referencia-dos-precos\/\" style=\"color:blue; text-decoration:underline\"><span style=\"font-size:14.0pt\">&ldquo;Perdemos muito a refer&ecirc;ncia dos pre&ccedil;os&rdquo;<\/span><\/a><\/span><\/span><\/span><\/p>\r\n\r\n<p style=\"text-align:justify\"><span style=\"font-size:11pt\"><span style=\"line-height:normal\"><span calibri=\"\" style=\"font-family:\"><a href=\"https:\/\/www.agrolink.com.br\/noticias\/uso-industrial-da-nanocelulose-impulsiona-estudos-ao-redor-do-mundo_482228.html\" style=\"color:blue; text-decoration:underline\"><span style=\"font-size:14.0pt\">Aplica&ccedil;&atilde;o em n&atilde;otecidos? Uso industrial da nanocelulose impulsiona estudos ao redor do mundo<\/span><\/a><\/span><\/span><\/span><\/p>\r\n\r\n<p style=\"text-align:justify\"><span style=\"font-size:11pt\"><span style=\"line-height:normal\"><span calibri=\"\" style=\"font-family:\"><a href=\"https:\/\/www.nonwovens-industry.com\/issues\/2023-08-01\/view_features\/air-through-bonding-report\/\" style=\"color:blue; text-decoration:underline\"><span style=\"font-size:14.0pt\">Air Through Bonding Report | A look at some of the key nonwovens producers that supply this bonding technology<\/span><\/a><\/span><\/span><\/span><\/p>\r\n\r\n<p style=\"text-align:justify\"><span style=\"font-size:11pt\"><span style=\"line-height:normal\"><span calibri=\"\" style=\"font-family:\"><a href=\"https:\/\/www.nonwovens-industry.com\/issues\/2023-08-01\/view_features\/medical-nonwovens-move-forward\/?widget=listSection\" style=\"color:blue; text-decoration:underline\"><span style=\"font-size:14.0pt\">Medical Nonwovens Move Forward<\/span><\/a><\/span><\/span><\/span><\/p>\r\n\r\n<p style=\"text-align:justify\"><span style=\"font-size:11pt\"><span style=\"line-height:normal\"><span calibri=\"\" style=\"font-family:\"><a href=\"https:\/\/www.nonwovens-industry.com\/contents\/view_editorials\/2023-07-28\/the-medical-market-what-is-normal?utm_campaign=NON+Issue+Alert&amp;utm_medium=email&amp;_hsmi=268653815&amp;_hsenc=p2ANqtz-8IAa0UpnqwiCXafFDXwvXlwXYsHGu_cQWUig73CHoCKytMS6ROhvlXUmiWZ_mDCsqvU-JlYi9-GL6-eICfWfh9eNq6DA&amp;utm_content=268653815&amp;utm_source=hs_email\" style=\"color:blue; text-decoration:underline\"><span style=\"font-size:14.0pt\">The Medical Market&mdash;What Is Normal?<\/span><\/a><\/span><\/span><\/span><\/p>\r\n\r\n<p style=\"text-align:justify\"><span style=\"font-size:11pt\"><span style=\"line-height:normal\"><span calibri=\"\" style=\"font-family:\"><a href=\"https:\/\/tissueonline.com.br\/softys-adquire-fabricante-de-fraldas-por-us-300-milhoes-no-mexico\/?utm_campaign=newsletter_04082023_novo_modelo&amp;utm_medium=email&amp;utm_source=RD+Station\" style=\"color:blue; text-decoration:underline\"><span style=\"font-size:14.0pt\">Softys adquire fabricante de fraldas por US$ 300 milh&otilde;es no M&eacute;xico<\/span><\/a><\/span><\/span><\/span><\/p>\r\n\r\n<p style=\"text-align:justify\"><span style=\"font-size:11pt\"><span style=\"line-height:normal\"><span calibri=\"\" style=\"font-family:\"><a href=\"https:\/\/www.umuarama.pr.gov.br\/noticias\/meio-ambiente\/prefeitura-investe-r-2-milhes-em-nova-clula-para-recebimento-de-lixo-orgnico\" style=\"color:blue; text-decoration:underline\"><span style=\"font-size:14.0pt\">Geomembrana: prefeitura de Umuarama (PR) investe R$ 2 milh&otilde;es em nova c&eacute;lula para recebimento de lixo org&acirc;nico<\/span><\/a><\/span><\/span><\/span><\/p>\r\n\r\n<p style=\"text-align:justify\"><span style=\"font-size:11pt\"><span style=\"line-height:normal\"><span calibri=\"\" style=\"font-family:\"><a href=\"https:\/\/atualfm.com.br\/mpsc-fara-vistoria-no-aterro-sanitario-para-verificar-medidas-adotadas-pela-prefeitura-de-concordia\/\" style=\"color:blue; text-decoration:underline\"><span style=\"font-size:14.0pt\">Licita&ccedil;&atilde;o de empresa para impermeabiliza&ccedil;&atilde;o com geomembrana: vistorias em aterro sanit&aacute;rio de Conc&oacute;rdia (SC)<\/span><\/a><\/span><\/span><\/span><\/p>\r\n\r\n<p class=\"MsoTitle\" style=\"text-align:justify\"><span style=\"font-size:28pt\"><span cambria=\"\" style=\"font-family:\"><span style=\"letter-spacing:-0.5pt\"><b><span style=\"font-size:18.0pt\"><span calibri=\"\" style=\"font-family:\"><span style=\"font-variant:small-caps\">Ind&uacute;stria<\/span><\/span><\/span><\/b><\/span><\/span><\/span><\/p>\r\n\r\n<p style=\"text-align:justify\"><span style=\"font-size:11pt\"><span style=\"line-height:normal\"><span calibri=\"\" style=\"font-family:\"><a href=\"https:\/\/grandesconstrucoes.com.br\/Noticias\/Exibir\/construcao-abre-mais-209-mil-empregos-em-junho-diz-o-sinduscon-sp?utm_source=akna&amp;utm_medium=email&amp;utm_campaign=Grandes-Construcoes-Informativo-873-03-08-2023&amp;utm_source=akna&amp;utm_medium=email&amp;utm_campaign=Grandes-Construcoes-Informativo-873-03-08-2023\" style=\"color:blue; text-decoration:underline\"><span style=\"font-size:14.0pt\">Constru&ccedil;&atilde;o abre mais 20,9 mil empregos em junho, diz o SindusCon-SP<\/span><\/a><\/span><\/span><\/span><\/p>\r\n\r\n<p style=\"text-align:justify\"><span style=\"font-size:11pt\"><span style=\"line-height:normal\"><span calibri=\"\" style=\"font-family:\"><a href=\"https:\/\/ibre.fgv.br\/blog-da-conjuntura-economica\/artigos\/marco-do-saneamento-atenuou-se-o-confronto-mas-restaram\" style=\"color:blue; text-decoration:underline\"><span style=\"font-size:14.0pt\">Marco do Saneamento: atenuou-se o confronto, mas restaram ambiguidades, avaliam especialistas<\/span><\/a><\/span><\/span><\/span><\/p>\r\n\r\n<p style=\"text-align:justify\"><span style=\"font-size:11pt\"><span style=\"line-height:normal\"><span calibri=\"\" style=\"font-family:\"><a href=\"https:\/\/portalibre.fgv.br\/system\/files\/2023-08\/Indicadores%20de%20Mercado%20de%20Trabalho%20FGV_press%20release_Jul23_0.pdf\" style=\"color:blue; text-decoration:underline\"><span style=\"font-size:14.0pt\">IAEmp sobe em julho e atinge o maior n&iacute;vel desde outubro de 2022<\/span><\/a><\/span><\/span><\/span><\/p>\r\n\r\n<p style=\"text-align:justify\"><span style=\"font-size:11pt\"><span style=\"line-height:normal\"><span calibri=\"\" style=\"font-family:\"><a href=\"https:\/\/www.terra.com.br\/carros-motos\/anfavea-mercado-segue-aquecido-mesmo-com-fim-dos-incentivos,4295b0e31d7d4c045560c71e23cf62026e908pbp.html\" style=\"color:blue; text-decoration:underline\"><span style=\"font-size:14.0pt\">Anfavea: mercado segue aquecido mesmo com fim dos incentivos<\/span><\/a><\/span><\/span><\/span><\/p>\r\n\r\n<p style=\"text-align:justify\"><span style=\"font-size:11pt\"><span style=\"line-height:normal\"><span calibri=\"\" style=\"font-family:\"><a href=\"https:\/\/www.hojemais.com.br\/aracatuba\/noticia\/politica\/cadeia-do-calcado-pede-fim-da-isencao-fiscal-para-plataformas-internacionais\" style=\"color:blue; text-decoration:underline\"><span style=\"font-size:14.0pt\">Setor cal&ccedil;adista pede fim da isen&ccedil;&atilde;o fiscal para plataformas internacionais<\/span><\/a><\/span><\/span><\/span><\/p>\r\n\r\n<p style=\"text-align:justify\"><span style=\"font-size:11pt\"><span style=\"line-height:normal\"><span calibri=\"\" style=\"font-family:\"><a href=\"https:\/\/exclusivo.com.br\/_conteudo\/negocios\/2023\/07\/25\/mil-pares-de-calcados-falsificados-sao-apreendidos.html\" style=\"color:blue; text-decoration:underline\"><span style=\"font-size:14.0pt\">Cal&ccedil;ados | Mil pares de cal&ccedil;ados falsificados s&atilde;o apreendidos<\/span><\/a><\/span><\/span><\/span><\/p>\r\n\r\n<p style=\"text-align:justify\"><span style=\"font-size:11pt\"><span style=\"line-height:normal\"><span calibri=\"\" style=\"font-family:\"><a href=\"https:\/\/exclink.exclusivo.com.br\/cl\/PQFpi\/E6A\/5dcc\/LCFJkUKAOaB\/BLUJ\/PoDtvVItN8N\/3\/\" style=\"color:blue; text-decoration:underline\"><span style=\"font-size:14.0pt\">Cal&ccedil;ados | Mudan&ccedil;as nas cadeias de fornecimento fazem ind&uacute;stria seguir repensando modelos de produ&ccedil;&atilde;o<\/span><\/a><\/span><\/span><\/span><\/p>\r\n\r\n<p style=\"text-align:justify\"><span style=\"font-size:11pt\"><span style=\"line-height:normal\"><span calibri=\"\" style=\"font-family:\"><a href=\"https:\/\/www.moveisdevalor.com.br\/portal\/abicol-apresenta-demandas-do-setor-a-geraldo-alckmin?source=news\" style=\"color:blue; text-decoration:underline\"><span style=\"font-size:14.0pt\">Abicol apresenta demandas do setor a Geraldo Alckmin<\/span><\/a><\/span><\/span><\/span><\/p>\r\n\r\n<p style=\"text-align:justify\"><span style=\"font-size:11pt\"><span style=\"line-height:normal\"><span calibri=\"\" style=\"font-family:\"><a href=\"https:\/\/agenciabrasil.ebc.com.br\/economia\/noticia\/2023-08\/confianca-da-pequena-industria-na-economia-aumentou-em-julho\" style=\"color:blue; text-decoration:underline\"><span style=\"font-size:14.0pt\">Confian&ccedil;a da pequena ind&uacute;stria na economia aumentou em junho<\/span><\/a><\/span><\/span><\/span><\/p>\r\n\r\n<p class=\"MsoTitle\" style=\"text-align:justify\"><span style=\"font-size:28pt\"><span cambria=\"\" style=\"font-family:\"><span style=\"letter-spacing:-0.5pt\"><b><span style=\"font-size:18.0pt\"><span calibri=\"\" style=\"font-family:\"><span style=\"font-variant:small-caps\">Sustentabilidade<\/span><\/span><\/span><\/b><\/span><\/span><\/span><\/p>\r\n\r\n<p style=\"text-align:justify\"><span style=\"font-size:11pt\"><span style=\"line-height:normal\"><span calibri=\"\" style=\"font-family:\"><a href=\"https:\/\/portugaltextil.com\/residuos-texteis-sao-materia-prima-para-revestimentos\/?utm_term=Portugal+Textil+-+2023-07-25%3ADATEFORMAT%3Ad.m.Y&amp;utm_campaign=Portugal+Textil+FInal&amp;utm_source=e-goi&amp;utm_medium=email&amp;eg_sub=ef749a4dff&amp;eg_cam=9b9841af317e37a2332078ec91f74877&amp;eg_list=6\" style=\"color:blue; text-decoration:underline\"><span style=\"font-size:14.0pt\">Res&iacute;duos t&ecirc;xteis s&atilde;o mat&eacute;ria-prima para revestimentos<\/span><\/a><\/span><\/span><\/span><\/p>\r\n\r\n<p style=\"text-align:justify\"><span style=\"font-size:11pt\"><span style=\"line-height:normal\"><span calibri=\"\" style=\"font-family:\"><a href=\"https:\/\/conectaverde.com.br\/asfalto-produzido-com-embalagens-plasticas-recicladas-tem-durabilidade-tres-vezes-maior-do-que-o-convencional\/?utm_campaign=conecta_verde_news_37&amp;utm_medium=email&amp;utm_source=RD+Station\" style=\"color:blue; text-decoration:underline\"><span style=\"font-size:14.0pt\">Asfalto produzido com embalagens pl&aacute;sticas recicladas tem durabilidade tr&ecirc;s vezes maior do que o convencional<\/span><\/a><\/span><\/span><\/span><\/p>\r\n\r\n<p style=\"text-align:justify\"><span style=\"font-size:11pt\"><span style=\"line-height:normal\"><span calibri=\"\" style=\"font-family:\"><a href=\"https:\/\/revistamt.com.br\/Noticias\/Exibir\/sustentabilidade-e-seguranca-sao-fundamentais-na-mineracao?utm_source=akna&amp;utm_medium=email&amp;utm_campaign=Revista-M-T-Informativo-637-25-07-2023&amp;utm_source=akna&amp;utm_medium=email&amp;utm_campaign=Revista-M-T-Informativo-\" style=\"color:blue; text-decoration:underline\"><span style=\"font-size:14.0pt\">Sustentabilidade e seguran&ccedil;a s&atilde;o fundamentais na minera&ccedil;&atilde;o<\/span><\/a><\/span><\/span><\/span><\/p>\r\n\r\n<p style=\"text-align:justify\"><span style=\"font-size:11pt\"><span style=\"line-height:normal\"><span calibri=\"\" style=\"font-family:\"><a href=\"https:\/\/epocanegocios.globo.com\/conteudo-de-marca\/dasa\/empresas\/noticia\/2023\/08\/como-a-oxygea-hub-de-inovacao-da-brasken-quer-impulsionar-o-setor-de-deep-tech-no-brasil.ghtml\" style=\"color:blue; text-decoration:underline\"><span style=\"font-size:14.0pt\">Hub de inova&ccedil;&atilde;o da Braskem, quer impulsionar o setor de deep tech no Brasil<\/span><\/a><\/span><\/span><\/span><\/p>\r\n\r\n<p style=\"text-align:justify\"><span style=\"font-size:11pt\"><span style=\"line-height:normal\"><span calibri=\"\" style=\"font-family:\"><a href=\"https:\/\/conectaverde.com.br\/a-nova-norma-abnt-nbr-17100-1-para-gerenciamento-de-residuos\/?utm_campaign=conecta_verde_news_37&amp;utm_medium=email&amp;utm_source=RD+Station\" style=\"color:blue; text-decoration:underline\"><span style=\"font-size:14.0pt\">A nova norma ABNT NBR 17100-1 para gerenciamento de res&iacute;duos<\/span><\/a><\/span><\/span><\/span><\/p>\r\n\r\n<p style=\"text-align:justify\"><span style=\"font-size:11pt\"><span style=\"line-height:normal\"><span calibri=\"\" style=\"font-family:\"><a href=\"https:\/\/8422329.fs1.hubspotusercontent-na1.net\/hubfs\/8422329\/eBooks\/NON\/Heartland\/NON_heartland_ebook_0623.pdf\" style=\"color:blue; text-decoration:underline\"><span style=\"font-size:14.0pt\">Nonwovens Industry | Sustainability Starts with Upstream Production (eBook)<\/span><\/a><\/span><\/span><\/span><\/p>\r\n\r\n<p style=\"text-align:justify\"><span style=\"font-size:11pt\"><span style=\"line-height:normal\"><span calibri=\"\" style=\"font-family:\"><a href=\"https:\/\/phys.org\/news\/2023-07-advancing-chemical-recycling-plastics-approach.html?utm_source=nwletter&amp;utm_medium=email&amp;utm_campaign=daily-nwletter\" style=\"color:blue; text-decoration:underline\"><span style=\"font-size:14.0pt\">Advancing chemical recycling of waste plastics: A computational approach for predicting product distributions<\/span><\/a><\/span><\/span><\/span><\/p>\r\n\r\n<p class=\"MsoTitle\" style=\"text-align:justify\"><span style=\"font-size:28pt\"><span cambria=\"\" style=\"font-family:\"><span style=\"letter-spacing:-0.5pt\"><b><span style=\"font-size:18.0pt\"><span calibri=\"\" style=\"font-family:\"><span style=\"font-variant:small-caps\">Inova&ccedil;&atilde;o<\/span><\/span><\/span><\/b><\/span><\/span><\/span><\/p>\r\n\r\n<p style=\"text-align:justify\"><span style=\"font-size:11pt\"><span style=\"line-height:normal\"><span calibri=\"\" style=\"font-family:\"><a href=\"https:\/\/www.motoo.com.br\/gogoro-muji-scooter-eletrica-viva-mix-plastico-reciclado\/\" style=\"color:blue; text-decoration:underline\"><span style=\"font-size:14.0pt\">Projeto lan&ccedil;a scooter el&eacute;trica feita com pl&aacute;stico reciclado (que roda at&eacute; 140 km)<\/span><\/a><\/span><\/span><\/span><\/p>\r\n\r\n<p style=\"text-align:justify\"><span style=\"font-size:11pt\"><span style=\"line-height:normal\"><span calibri=\"\" style=\"font-family:\"><a href=\"https:\/\/phys.org\/news\/2023-07-chemists-next-generation-self-healing-plastic-biodegradable.html?utm_source=nwletter&amp;utm_medium=email&amp;utm_campaign=daily-nwletter\" style=\"color:blue; text-decoration:underline\"><span style=\"font-size:14.0pt\">Chemists develop next-generation self-healing plastic that&#39;s also biodegradable<\/span><\/a><\/span><\/span><\/span><\/p>\r\n\r\n<p style=\"text-align:justify\"><span style=\"font-size:11pt\"><span style=\"line-height:normal\"><span calibri=\"\" style=\"font-family:\"><a href=\"https:\/\/phys.org\/news\/2023-08-starch-bio-based-polymer-bioplastics-compostable.html?utm_source=nwletter&amp;utm_medium=email&amp;utm_campaign=daily-nwletter\" style=\"color:blue; text-decoration:underline\"><span style=\"font-size:14.0pt\">Putting starch into bio-based polymer makes bioplastics more compostable<\/span><\/a><\/span><\/span><\/span><\/p>\r\n\r\n<p style=\"text-align:justify\"><span style=\"font-size:11pt\"><span style=\"line-height:normal\"><span calibri=\"\" style=\"font-family:\"><a href=\"https:\/\/www.technicaltextile.net\/news\/us-researchers-develop-stretchable-fabric-based-lithium-ion-battery-289177.html\" style=\"color:blue; text-decoration:underline\"><span style=\"font-size:14.0pt\">US researchers develop stretchable fabric-based lithium-ion Battery<\/span><\/a><\/span><\/span><\/span><\/p>\r\n\r\n<p style=\"text-align:justify\"><span style=\"font-size:11pt\"><span style=\"line-height:normal\"><span calibri=\"\" style=\"font-family:\"><a href=\"https:\/\/www.inovacaotecnologica.com.br\/noticias\/noticia.php?artigo=quitina-vira-musculo-artificial-produz-eletricidade&amp;id=010160230804&amp;ebol=sim\" style=\"color:blue; text-decoration:underline\"><span style=\"font-size:14.0pt\">Asas de borboleta inspiram m&uacute;sculos artificiais e produzem eletricidade<\/span><\/a><\/span><\/span><\/span><\/p>\r\n\r\n<p class=\"MsoTitle\" style=\"text-align:justify\"><span style=\"font-size:28pt\"><span cambria=\"\" style=\"font-family:\"><span style=\"letter-spacing:-0.5pt\"><b><span style=\"font-size:18.0pt\"><span calibri=\"\" style=\"font-family:\"><span style=\"font-variant:small-caps\">Com&eacute;rcio Exterior<\/span><\/span><\/span><\/b><\/span><\/span><\/span><\/p>\r\n\r\n<p style=\"text-align:justify\"><span style=\"font-size:11pt\"><span style=\"line-height:normal\"><span calibri=\"\" style=\"font-family:\"><a href=\"https:\/\/app.rdstation.email\/mail\/77838b69-1674-4b59-a2bf-bb048d069c2b\" style=\"color:blue; text-decoration:underline\"><span style=\"font-size:14.0pt\">Aumento de importados preocupa setor t&ecirc;xtil paulista<\/span><\/a><\/span><\/span><\/span><\/p>\r\n\r\n<p style=\"text-align:justify\"><span style=\"font-size:11pt\"><span style=\"line-height:normal\"><span calibri=\"\" style=\"font-family:\"><a href=\"https:\/\/comexdobrasil.com\/as-relacoes-comerciais-sino-brasileiras-uma-previa-dos-seus-50-anos\/\" style=\"color:blue; text-decoration:underline\"><span style=\"font-size:14.0pt\">As rela&ccedil;&otilde;es comerciais sino-brasileiras: uma pr&eacute;via dos seus 50 anos<\/span><\/a><\/span><\/span><\/span><\/p>\r\n\r\n<p style=\"text-align:justify\"><span style=\"font-size:11pt\"><span style=\"line-height:normal\"><span calibri=\"\" style=\"font-family:\"><a href=\"https:\/\/noticias.portaldaindustria.com.br\/noticias\/economia\/acordo-mercosul-ue-pode-trazer-r-500-bilhoes-para-o-pib-diz-oliver-stuenkel\/\" style=\"color:blue; text-decoration:underline\"><span style=\"font-size:14.0pt\">Acordo Mercosul-UE pode trazer R$ 500 bilh&otilde;es para o PIB, diz Oliver Stuenkel<\/span><\/a><\/span><\/span><\/span><\/p>\r\n\r\n<p style=\"text-align:justify\"><span style=\"font-size:11pt\"><span style=\"line-height:normal\"><span calibri=\"\" style=\"font-family:\"><a href=\"https:\/\/comexdobrasil.com\/mercosul-uniao-europeia-acordo-ambicioso-e-abrangente-em-9-perguntas-e-respostas\/\" style=\"color:blue; text-decoration:underline\"><span style=\"font-size:14.0pt\">Mercosul-Uni&atilde;o Europeia: acordo ambicioso e abrangente em 9 perguntas e respostas<\/span><\/a><\/span><\/span><\/span><\/p>\r\n\r\n<p style=\"text-align:justify\"><span style=\"font-size:11pt\"><span style=\"line-height:normal\"><span calibri=\"\" style=\"font-family:\"><a href=\"https:\/\/emobile.com.br\/site\/setor-moveleiro\/exportacoes-de-moveis-e-colchoes-estabilizam-em-maio\/\" style=\"color:blue; text-decoration:underline\"><span style=\"font-size:14.0pt\">Exporta&ccedil;&otilde;es de m&oacute;veis e colch&otilde;es estabilizam em maio<\/span><\/a><\/span><\/span><\/span><\/p>\r\n\r\n<p class=\"MsoTitle\" style=\"text-align:justify\"><span style=\"font-size:28pt\"><span cambria=\"\" style=\"font-family:\"><span style=\"letter-spacing:-0.5pt\"><b><span style=\"font-size:18.0pt\"><span calibri=\"\" style=\"font-family:\"><span style=\"font-variant:small-caps\">Economia<\/span><\/span><\/span><\/b><\/span><\/span><\/span><\/p>\r\n\r\n<p style=\"text-align:justify\"><span style=\"font-size:11pt\"><span style=\"line-height:normal\"><span calibri=\"\" style=\"font-family:\"><a href=\"https:\/\/www.bcb.gov.br\/content\/focus\/focus\/R20230804.pdf\" style=\"color:blue; text-decoration:underline\"><span style=\"font-size:14.0pt\">Focus &ndash; Relat&oacute;rio de Mercado<\/span><\/a><\/span><\/span><\/span><\/p>\r\n\r\n<p style=\"text-align:justify\"><span style=\"font-size:11pt\"><span style=\"line-height:normal\"><span calibri=\"\" style=\"font-family:\"><a href=\"https:\/\/www.bcb.gov.br\/content\/controleinflacao\/focusdistribuicoesfrequencia\/P20230807-Focus-Distribuicoes-de-frequencia.pdf\" style=\"color:blue; text-decoration:underline\"><span style=\"font-size:14.0pt\">Focus &ndash; Distribui&ccedil;&otilde;es de Frequ&ecirc;ncia das Expectativas de Mercado para IPCA, Selic, PIB e C&acirc;mbio.<\/span><\/a><\/span><\/span><\/span><\/p>\r\n\r\n<p style=\"text-align:justify\"><span style=\"font-size:11pt\"><span style=\"line-height:normal\"><span calibri=\"\" style=\"font-family:\"><a href=\"https:\/\/ibre.fgv.br\/blog-da-conjuntura-economica\/artigos\/governo-quer-regime-de-recuperacao-fiscal-de-estados-mais\" style=\"color:blue; text-decoration:underline\"><span style=\"font-size:14.0pt\">Governo quer regime de recupera&ccedil;&atilde;o fiscal de estados mais focado em resultados<\/span><\/a><\/span><\/span><\/span><\/p>\r\n\r\n<p style=\"text-align:justify\"><span style=\"font-size:11pt\"><span style=\"line-height:normal\"><span calibri=\"\" style=\"font-family:\"><a href=\"https:\/\/ibre.fgv.br\/blog-da-conjuntura-economica\/artigos\/e-um-risco-antecipar-agenda-de-elevacao-da-carga-tributaria-sem\" style=\"color:blue; text-decoration:underline\"><span style=\"font-size:14.0pt\">&ldquo;&Eacute; um risco antecipar a agenda de eleva&ccedil;&atilde;o da carga tribut&aacute;ria sem a conclus&atilde;o da reforma tribut&aacute;ria sobre o consumo&rdquo;<\/span><\/a><\/span><\/span><\/span><\/p>\r\n\r\n<p style=\"text-align:justify\"><span style=\"font-size:11pt\"><span style=\"line-height:normal\"><span calibri=\"\" style=\"font-family:\"><a href=\"https:\/\/portalibre.fgv.br\/system\/files\/2023-08\/Apresenta%C3%A7%C3%A3o%20-%20S%C3%ADntese%20das%20Sondagens%20-%20Julho%202023_0.pdf\" style=\"color:blue; text-decoration:underline\"><span style=\"font-size:14.0pt\">FGV IBRE | S&iacute;ntese das Sondagens de julho de 2023<\/span><\/a><\/span><\/span><\/span><\/p>\r\n\r\n<p style=\"text-align:justify\"><span style=\"font-size:11pt\"><span style=\"line-height:normal\"><span calibri=\"\" style=\"font-family:\"><a href=\"https:\/\/www.fibre2fashion.com\/news\/textile-news\/2023-global-growth-to-be-3-amid-pandemic-recovery-ukraine-war-imf-289158-newsdetails.htm\" style=\"color:blue; text-decoration:underline\"><span style=\"font-size:14.0pt\">2023 global growth to be 3% amid pandemic recovery, Ukraine war: IMF<\/span><\/a><\/span><\/span><\/span><\/p>\r\n\r\n<p style=\"text-align:justify\"><span style=\"font-size:11pt\"><span style=\"line-height:normal\"><span calibri=\"\" style=\"font-family:\"><a href=\"https:\/\/portugaltextil.com\/eua-superam-expectativas\/?utm_term=Portugal+Textil+-+2023-08-01%3ADATEFORMAT%3Ad.m.Y&amp;utm_campaign=Portugal+Textil+FInal&amp;utm_source=e-goi&amp;utm_medium=email&amp;eg_sub=ef749a4dff&amp;eg_cam=39929eba5e4f445197ee9f8503184dd8&amp;eg_list=6\" style=\"color:blue; text-decoration:underline\"><span style=\"font-size:14.0pt\">EUA superam expectativas<\/span><\/a><\/span><\/span><\/span><\/p>\r\n\r\n<p>&nbsp;<\/p>\r\n","texto_en":"","7":"","imagem":"COMP_banner-padrao-home-destaques-boletim-2023_20230808151630UN9KGwvuiw.jpeg","8":"COMP_banner-padrao-home-destaques-boletim-2023_20230808151630UN9KGwvuiw.jpeg","arquivo":"20230808-NOTICIAS-SEMANAIS.PDF","9":"20230808-NOTICIAS-SEMANAIS.PDF","titulo_arquivo":"20230808 Not\u00edcias Semanais ABINT","10":"20230808 Not\u00edcias Semanais ABINT","titulo_arquivo_en":"","11":"","created_at":"2023-08-08 15:16:39","12":"2023-08-08 15:16:39","updated_at":"2023-08-08 15:18:12","13":"2023-08-08 15:18:12"},{"id":76,"0":76,"ordem":147,"1":147,"data":"2023-08-01","2":"2023-08-01","slug":"boletim-de-noticias-semanais-73","3":"boletim-de-noticias-semanais-73","titulo":"Boletim de Not\u00edcias Semanais","4":"Boletim de Not\u00edcias Semanais","titulo_en":"","5":"","texto":"<p style=\"text-align:justify\"><span style=\"font-size:11pt\"><span style=\"line-height:normal\"><span style=\"font-family:&quot;Calibri&quot;,sans-serif\"><span style=\"font-size:14.0pt\">Esta &eacute; uma compila&ccedil;&atilde;o das not&iacute;cias mais relevantes para o setor, incluindo informa&ccedil;&otilde;es sobre acordos internacionais, economia brasileira, sustentabilidade e mat&eacute;rias primas, al&eacute;m de novidades do setor de N&atilde;otecidos e Tecidos T&eacute;cnicos.<\/span><\/span><\/span><\/span><\/p>\r\n\r\n<p class=\"MsoTitleCxSpLast\" style=\"text-align:justify\"><span style=\"font-size:28pt\"><span style=\"font-family:&quot;Cambria&quot;,serif\"><span style=\"letter-spacing:-0.5pt\"><b><span style=\"font-size:18.0pt\"><span style=\"font-family:&quot;Calibri&quot;,sans-serif\"><span style=\"font-variant:small-caps\">Not&iacute;cias das Associadas<\/span><\/span><\/span><\/b><\/span><\/span><\/span><\/p>\r\n\r\n<p style=\"text-align:justify\"><span style=\"font-size:11pt\"><span style=\"line-height:normal\"><span style=\"font-family:&quot;Calibri&quot;,sans-serif\"><a href=\"https:\/\/www.nonwovens-industry.com\/contents\/view_breaking-news\/2023-07-24\/berry-deaconess-midtown-hospital-nexus-circular-partner-to-recycle-healthcare-plastics\/\" style=\"color:blue; text-decoration:underline\"><span style=\"font-size:14.0pt\">Berry Partners to Recycle Healthcare Plastics<\/span><\/a><\/span><\/span><\/span><\/p>\r\n\r\n<p class=\"MsoTitle\" style=\"text-align:justify\"><span style=\"font-size:28pt\"><span style=\"font-family:&quot;Cambria&quot;,serif\"><span style=\"letter-spacing:-0.5pt\"><b><span style=\"font-size:18.0pt\"><span style=\"font-family:&quot;Calibri&quot;,sans-serif\"><span style=\"font-variant:small-caps\">A&ccedil;&otilde;es da ABINT<\/span><\/span><\/span><\/b><\/span><\/span><\/span><\/p>\r\n\r\n<p style=\"text-align:justify\"><img src=\"https:\/\/www.abint.org.br\/assets\/img\/editor\/e-mail-marketing-curso_202308011630356K3m5j6Y3U.jpg\" style=\"width: 500px; height: 700px;\" \/><\/p>\r\n\r\n<p style=\"text-align:justify\">&nbsp;<\/p>\r\n\r\n<p class=\"MsoTitle\" style=\"text-align:justify\"><span style=\"font-size:28pt\"><span style=\"font-family:&quot;Cambria&quot;,serif\"><span style=\"letter-spacing:-0.5pt\"><a href=\"https:\/\/www.abint.org.br\/informacao\/outros\/programacao-curso-abint-tecnologia-dos-naotecidos\" style=\"color:blue; text-decoration:underline\"><b><span style=\"font-size:14.0pt\"><span style=\"font-family:&quot;Calibri&quot;,sans-serif\"><span style=\"letter-spacing:0pt\">Programa&ccedil;&atilde;o<\/span><\/span><\/span><\/b><\/a><b><span style=\"font-size:14.0pt\"><span style=\"font-family:&quot;Calibri&quot;,sans-serif\"><span style=\"letter-spacing:0pt\"> \/ <\/span><\/span><\/span><\/b><a href=\"https:\/\/www.abint.org.br\/informacao\/outros\/informacoes-curso-abint-tecnologia-dos-naotecidos\" style=\"color:blue; text-decoration:underline\"><b><span style=\"font-size:14.0pt\"><span style=\"font-family:&quot;Calibri&quot;,sans-serif\"><span style=\"letter-spacing:0pt\">Informa&ccedil;&otilde;es<\/span><\/span><\/span><\/b><\/a><b><span style=\"font-size:14.0pt\"><span style=\"font-family:&quot;Calibri&quot;,sans-serif\"><span style=\"letter-spacing:0pt\"> \/ <\/span><\/span><\/span><\/b><a href=\"https:\/\/forms.gle\/E5bZXpiNh7wZ9kcQ6\" style=\"color:blue; text-decoration:underline\"><b><span style=\"font-size:14.0pt\"><span style=\"font-family:&quot;Calibri&quot;,sans-serif\"><span style=\"letter-spacing:0pt\">Inscri&ccedil;&otilde;es<\/span><\/span><\/span><\/b><\/a><\/span><\/span><\/span><\/p>\r\n\r\n<p style=\"text-align:justify\">&nbsp;<\/p>\r\n\r\n<p style=\"text-align:justify\"><span style=\"font-size:11pt\"><span style=\"line-height:normal\"><span style=\"font-family:&quot;Calibri&quot;,sans-serif\"><b><span style=\"font-size:18.0pt\"><span style=\"font-variant:small-caps\">Eventos<\/span><\/span><\/b><\/span><\/span><\/span><\/p>\r\n\r\n<p style=\"text-align:justify\"><span style=\"font-size:11pt\"><span style=\"line-height:normal\"><span style=\"font-family:&quot;Calibri&quot;,sans-serif\"><b><span style=\"font-size:14.0pt\">IV Congreso Sudamericano de Composites, Poliuretano y Pl&aacute;sticos de Ingenier&iacute;a,<\/span><\/b><span style=\"font-size:14.0pt\"> 8 e 9 de agosto, Buenos Aires, Argentina. <\/span><a href=\"http:\/\/www.congresosudamericano.com\/blog.html\" style=\"color:blue; text-decoration:underline\"><span style=\"font-size:14.0pt\">Informa&ccedil;&otilde;es<\/span><\/a> <\/span><\/span><\/span><\/p>\r\n\r\n<p style=\"text-align:justify\"><span style=\"font-size:11pt\"><span style=\"line-height:normal\"><span style=\"font-family:&quot;Calibri&quot;,sans-serif\"><b><span style=\"font-size:14.0pt\">XII Simp&oacute;sio Internacional de Excel&ecirc;ncia em Produ&ccedil;&atilde;o | &quot;Efici&ecirc;ncia de Processos Industriais<\/span><\/b><span style=\"font-size:14.0pt\">, 17 de agosto de 2023, 08h30 &agrave;s 12h00, Centro Universit&aacute;rio FACENS, Sorocaba, SP.<\/span><\/span><\/span><\/span><\/p>\r\n\r\n<p style=\"text-align:justify\"><span style=\"font-size:11pt\"><span style=\"line-height:normal\"><span style=\"font-family:&quot;Calibri&quot;,sans-serif\"><b><span style=\"font-size:14.0pt\">CONAHP 2023<\/span><\/b><span style=\"font-size:14.0pt\">, 18 e 19 de outubro, Transamerica Expo Center, S&atilde;o Paulo, SP. <\/span><a href=\"https:\/\/conahp.org.br\/2023\/\" style=\"color:blue; text-decoration:underline\"><span style=\"font-size:14.0pt\">Informa&ccedil;&otilde;es<\/span><\/a> <\/span><\/span><\/span><\/p>\r\n\r\n<p style=\"text-align:justify\"><span style=\"font-size:11pt\"><span style=\"line-height:normal\"><span style=\"font-family:&quot;Calibri&quot;,sans-serif\"><b><span style=\"font-size:14.0pt\">2&ordf; FEBRATEX SUMMIT 2023, <\/span><\/b><span style=\"font-size:14.0pt\">dias 23 e 24 de agosto de 2023, no Parque Vila Germ&acirc;nica, Blumenau &ndash; SC. <\/span><a href=\"https:\/\/www.sympla.com.br\/evento\/febratex-summit-2023-2-edicao\/1722288?utm_term=%28PAUTA%29+Falta+menos+de+um+mes+para+a+2%3F%3F%3F%3F+edicao+do+Febratex+Summit&amp;utm_campaign=Vale+do+Itajai&amp;utm_source=e-goi&amp;utm_medium=email\" style=\"color:blue; text-decoration:underline\"><span style=\"font-size:14.0pt\">Informa&ccedil;&otilde;es<\/span><\/a><\/span><\/span><\/span><\/p>\r\n\r\n<p style=\"text-align:justify\"><span style=\"font-size:11pt\"><span style=\"line-height:normal\"><span style=\"font-family:&quot;Calibri&quot;,sans-serif\"><b><span style=\"font-size:14.0pt\">JEC Composites Talks Brasil,<\/span><\/b><span style=\"font-size:14.0pt\"> 24 de agosto de 2023, 13h, Hotel Renaissance, S&atilde;o Paulo. Confirmar presen&ccedil;a at&eacute; 11\/08 pelo e-mail <\/span><a href=\"mailto:marketing@almaco.org.br\" style=\"color:blue; text-decoration:underline\"><span style=\"font-size:14.0pt\">marketing@almaco.org.br<\/span><\/a><span style=\"font-size:14.0pt\"> . <\/span><a href=\"https:\/\/emailmarketing.locaweb.com.br\/accounts\/116830\/messages\/460?email=abint@abint.org.br&amp;c=1690465349&amp;contact_id=110&amp;envelope_id=352\" style=\"color:blue; text-decoration:underline\"><span style=\"font-size:14.0pt\">Programa&ccedil;&atilde;o<\/span><\/a> <\/span><\/span><\/span><\/p>\r\n\r\n<p style=\"text-align:justify\"><span style=\"font-size:11pt\"><span style=\"line-height:normal\"><span style=\"font-family:&quot;Calibri&quot;,sans-serif\"><b><span style=\"font-size:14.0pt\">FIMMA BRASIL - Feira Internacional de Fornecedores da Cadeia Produtiva Madeira e M&oacute;veis<\/span><\/b><span style=\"font-size:14.0pt\">, 28 a 31 de agosto de 2023, das 10h &agrave;s 19h, Bento Gon&ccedil;alves, RS. <\/span><a href=\"https:\/\/fimma.com.br\/\" style=\"color:blue; text-decoration:underline\"><span style=\"font-size:14.0pt\">Informa&ccedil;&otilde;es<\/span><\/a> <\/span><\/span><\/span><\/p>\r\n\r\n<p style=\"text-align:justify\"><span style=\"font-size:11pt\"><span style=\"line-height:normal\"><span style=\"font-family:&quot;Calibri&quot;,sans-serif\"><b><span style=\"font-size:14.0pt\">22&ordf; FEBRAVA - Feira Internacional de Refrigera&ccedil;&atilde;o, Ar-Condicionado, Ventila&ccedil;&atilde;o, Aquecimento, Tratamento de Ar e de &Aacute;guas<\/span><\/b><span style=\"font-size:14.0pt\">, 12 a 15 de setembro de 2023, S&atilde;o Paulo Expo. <\/span><a href=\"https:\/\/www.febrava.com.br\/pt-br.html\" style=\"color:blue; text-decoration:underline\"><span style=\"font-size:14.0pt\">Informa&ccedil;&otilde;es<\/span><\/a> <\/span><\/span><\/span><\/p>\r\n\r\n<p style=\"text-align:justify\"><span style=\"font-size:11pt\"><span style=\"line-height:normal\"><span style=\"font-family:&quot;Calibri&quot;,sans-serif\"><b><span style=\"font-size:14.0pt\">18&ordm; CONBRAVA &ndash; Congresso Brasileiro de Refrigera&ccedil;&atilde;o, Ar-Condicionado, Ventila&ccedil;&atilde;o, Aquecimento e Tratamento de Ar | &ldquo;AVACR rumo ao um futuro sustent&aacute;vel e saud&aacute;vel&rdquo;, <\/span><\/b><span style=\"font-size:14.0pt\">13 a 15 de setembro de 2023, S&atilde;o Paulo Expo, SP. <\/span><a href=\"http:\/\/conbrava.comercial.ws\/site\/\" style=\"color:blue; text-decoration:underline\"><span style=\"font-size:14.0pt\">Informa&ccedil;&otilde;es<\/span><\/a> <\/span><\/span><\/span><\/p>\r\n\r\n<p style=\"text-align:justify\"><span style=\"font-size:11pt\"><span style=\"line-height:normal\"><span style=\"font-family:&quot;Calibri&quot;,sans-serif\"><b><span style=\"font-size:14.0pt\">CNI\/ SEBRAE | 10&ordm; Congresso Internacional da Inova&ccedil;&atilde;o da Ind&uacute;stria<\/span><\/b><span style=\"font-size:14.0pt\">, 27 e 28 de setembro de 2023, S&atilde;o Paulo Expo.<\/span> <a href=\"https:\/\/www.congressodeinovacao.com.br\/?utm_source=comext&amp;utm_medium=email&amp;utm_campaign=eventos&amp;utm_content=id00053#msdynttrid=gg5jXwSFR7qM4vHH2tKGau3cTwSFDneTjMUhrcPg7vE\" style=\"color:blue; text-decoration:underline\"><span style=\"font-size:14.0pt\">Informa&ccedil;&otilde;es<\/span><\/a> <\/span><\/span><\/span><\/p>\r\n\r\n<p style=\"text-align:justify\"><span style=\"font-size:11pt\"><span style=\"line-height:normal\"><span style=\"font-family:&quot;Calibri&quot;,sans-serif\"><b><span style=\"font-size:14.0pt\">FiltXPO&trade; 2023<\/span><\/b><span class=\"MsoHyperlink\" style=\"color:blue\"><span style=\"text-decoration:underline\"><span style=\"font-size:14.0pt\"><span style=\"text-decoration:none\"><span style=\"text-underline:none\">, <\/span><\/span><\/span><\/span><\/span><span style=\"font-size:14.0pt\">October 10-12, 2023 at Navy Pier in Chicago, Illinois<\/span><span class=\"MsoHyperlink\" style=\"color:blue\"><span style=\"text-decoration:underline\"><span style=\"font-size:14.0pt\"><span style=\"text-decoration:none\"><span style=\"text-underline:none\">. <\/span><\/span><\/span><\/span><\/span><a href=\"https:\/\/www.filtxpo.com\/\" style=\"color:blue; text-decoration:underline\"><span style=\"font-size:14.0pt\">Informa&ccedil;&otilde;es<\/span><\/a> <\/span><\/span><\/span><\/p>\r\n\r\n<p style=\"text-align:justify\"><span style=\"font-size:11pt\"><span style=\"line-height:normal\"><span style=\"font-family:&quot;Calibri&quot;,sans-serif\"><b><span style=\"font-size:14.0pt\">V Congreso Sudamericano de Composites, Poliuretano y Pl&aacute;sticos de Ingenier&iacute;a, <\/span><\/b><span style=\"font-size:14.0pt\">24 e 25 de outubro de 2023, Bogot&aacute;, Col&ocirc;mbia. <\/span><a href=\"http:\/\/www.congresosudamericano.com\/blog.html\" style=\"color:blue; text-decoration:underline\"><span style=\"font-size:14.0pt\">Informa&ccedil;&otilde;es<\/span><\/a> <\/span><\/span><\/span><\/p>\r\n\r\n<p style=\"text-align:justify\"><span style=\"font-size:11pt\"><span style=\"line-height:normal\"><span style=\"font-family:&quot;Calibri&quot;,sans-serif\"><b><span style=\"font-size:14.0pt\">Abrafiltros | 2&ordm; Semin&aacute;rio Brasileiro de Filtros<\/span><\/b><span style=\"font-size:14.0pt\">, 08 de novembro de 2023.<\/span><\/span><\/span><\/span><\/p>\r\n\r\n<p class=\"MsoTitle\" style=\"text-align:justify\"><span style=\"font-size:28pt\"><span style=\"font-family:&quot;Cambria&quot;,serif\"><span style=\"letter-spacing:-0.5pt\"><b><span style=\"font-size:18.0pt\"><span style=\"font-family:&quot;Calibri&quot;,sans-serif\"><span style=\"font-variant:small-caps\">Setor<\/span><\/span><\/span><\/b><\/span><\/span><\/span><\/p>\r\n\r\n<p style=\"text-align:justify\"><span style=\"font-size:11pt\"><span style=\"line-height:normal\"><span style=\"font-family:&quot;Calibri&quot;,sans-serif\"><a href=\"https:\/\/www.radiotaquara.com.br\/novo\/hospital-de-igrejinha-inicia-a-implantacao-de-paramentacao-descartavel\/\" style=\"color:blue; text-decoration:underline\"><span style=\"font-size:14.0pt\">Hospital de Igrejinha (RS) inicia a implanta&ccedil;&atilde;o de paramenta&ccedil;&atilde;o descart&aacute;vel<\/span><\/a><\/span><\/span><\/span><\/p>\r\n\r\n<p style=\"text-align:justify\"><span style=\"font-size:11pt\"><span style=\"line-height:normal\"><span style=\"font-family:&quot;Calibri&quot;,sans-serif\"><a href=\"https:\/\/pt.euronews.com\/next\/2023\/07\/27\/uzbequistao-melhora-gestao-da-agua-usada-para-a-agricultura\" style=\"color:blue; text-decoration:underline\"><span style=\"font-size:14.0pt\">Geomembrana: Uzbequist&atilde;o melhora gest&atilde;o da &aacute;gua usada para a agricultura<\/span><\/a><\/span><\/span><\/span><\/p>\r\n\r\n<p style=\"text-align:justify\"><span style=\"font-size:11pt\"><span style=\"line-height:normal\"><span style=\"font-family:&quot;Calibri&quot;,sans-serif\"><a href=\"https:\/\/www.infomoney.com.br\/mercados\/braskem-brkm5-dados-producao-vendas-2t23-destaque-negativo-brasil-desempenho-acoes\/\" style=\"color:blue; text-decoration:underline\"><span style=\"font-size:14.0pt\">Braskem (BRKM5) divulga dados de produ&ccedil;&atilde;o e vendas, com destaque negativo para o Brasil<\/span><\/a><\/span><\/span><\/span><\/p>\r\n\r\n<p style=\"text-align:justify\"><span style=\"font-size:11pt\"><span style=\"line-height:normal\"><span style=\"font-family:&quot;Calibri&quot;,sans-serif\"><a href=\"https:\/\/blogdoplastico.wordpress.com\/2023\/07\/27\/braskem-amplia-producao-de-biopolimeros-em-30-com-investimento-de-us-87-milhoes\/\" style=\"color:blue; text-decoration:underline\"><span style=\"font-size:14.0pt\">Braskem amplia produ&ccedil;&atilde;o de biopol&iacute;meros em 30% com investimento de US$ 87 milh&otilde;es<\/span><\/a><\/span><\/span><\/span><\/p>\r\n\r\n<p style=\"text-align:justify\"><span style=\"font-size:11pt\"><span style=\"line-height:normal\"><span style=\"font-family:&quot;Calibri&quot;,sans-serif\"><a href=\"https:\/\/plasticosemrevista.com.br\/piora-o-desafio-da-desova-do-excedente-mundial-de-pead\/\" style=\"color:blue; text-decoration:underline\"><span style=\"font-size:14.0pt\">Piora o desafio da desova do excedente mundial de PEAD<\/span><\/a><\/span><\/span><\/span><\/p>\r\n\r\n<p style=\"text-align:justify\"><span style=\"font-size:11pt\"><span style=\"line-height:normal\"><span style=\"font-family:&quot;Calibri&quot;,sans-serif\"><a href=\"https:\/\/www.technicaltextile.net\/news\/inda-announces-successful-conclusion-of-world-of-wipes-2023-conference-289036.html\" style=\"color:blue; text-decoration:underline\"><span style=\"font-size:14.0pt\">INDA announces successful conclusion of World of Wipes 2023 conference<\/span><\/a><\/span><\/span><\/span><\/p>\r\n\r\n<p style=\"text-align:justify\"><span style=\"font-size:11pt\"><span style=\"line-height:normal\"><span style=\"font-family:&quot;Calibri&quot;,sans-serif\"><a href=\"http:\/\/broadcast.com.br\/cadernos\/financeiro\/?id=M0owN0RCWmRpSmxtaitFblkxYWowZz09&amp;utm_source=newsletters+epbr&amp;utm_campaign=23649c0a6f-epbr-comece-seu-dia_20230724_COPY_01&amp;utm_medium=email&amp;utm_term=0_5931171aac-23649c0a6f-466362780\" style=\"color:blue; text-decoration:underline\"><span style=\"font-size:14.0pt\">Governador de Alagoas pede ao TCU suspens&atilde;o da venda da Braskem<\/span><\/a><\/span><\/span><\/span><\/p>\r\n\r\n<p style=\"text-align:justify\"><span style=\"font-size:11pt\"><span style=\"line-height:normal\"><span style=\"font-family:&quot;Calibri&quot;,sans-serif\"><a href=\"https:\/\/br.investing.com\/news\/economy\/petroleo-cai-1-com-alta-de-juros-pelo-fed-e-queda-menor-de-estoques-dos-eua-1136076?utm_source=newsletters+epbr&amp;utm_campaign=23649c0a6f-epbr-comece-seu-dia_20230724_COPY_01&amp;utm_medium=email&amp;utm_term=0_5931171aac-23649c0a6f-466362780\" style=\"color:blue; text-decoration:underline\"><span style=\"font-size:14.0pt\">Petr&oacute;leo cai 1% com alta de juros pelo Fed e queda menor de estoques dos EUA<\/span><\/a><\/span><\/span><\/span><\/p>\r\n\r\n<p class=\"MsoTitle\" style=\"text-align:justify\"><span style=\"font-size:28pt\"><span style=\"font-family:&quot;Cambria&quot;,serif\"><span style=\"letter-spacing:-0.5pt\"><b><span style=\"font-size:18.0pt\"><span style=\"font-family:&quot;Calibri&quot;,sans-serif\"><span style=\"font-variant:small-caps\">Ind&uacute;stria<\/span><\/span><\/span><\/b><\/span><\/span><\/span><\/p>\r\n\r\n<p style=\"text-align:justify\"><span style=\"font-size:11pt\"><span style=\"line-height:normal\"><span style=\"font-family:&quot;Calibri&quot;,sans-serif\"><a href=\"https:\/\/portal27.com.br\/samarco-inicia-sistema-de-filtragem-para-armazenar-as-pilhas-de-rejeitos\/\" style=\"color:blue; text-decoration:underline\"><span style=\"font-size:14.0pt\">Samarco inicia sistema de filtragem para armazenar as pilhas de rejeitos<\/span><\/a><\/span><\/span><\/span><\/p>\r\n\r\n<p style=\"text-align:justify\"><span style=\"font-size:11pt\"><span style=\"line-height:normal\"><span style=\"font-family:&quot;Calibri&quot;,sans-serif\"><a href=\"https:\/\/noticias.portaldaindustria.com.br\/noticias\/economia\/custos-da-industria-cairam-25-no-primeiro-trimestre-calcula-cni\/\" style=\"color:blue; text-decoration:underline\"><span style=\"font-size:14.0pt\">Custos da ind&uacute;stria ca&iacute;ram 2,5% no primeiro trimestre, calcula CNI<\/span><\/a><\/span><\/span><\/span><\/p>\r\n\r\n<p style=\"text-align:justify\"><span style=\"font-size:11pt\"><span style=\"line-height:normal\"><span style=\"font-family:&quot;Calibri&quot;,sans-serif\"><a href=\"https:\/\/noticias.portaldaindustria.com.br\/noticias\/economia\/confianca-da-industria-subiu-em-21-de-29-setores-pesquisados-em-julho-afirma-cni\/\" style=\"color:blue; text-decoration:underline\"><span style=\"font-size:14.0pt\">Confian&ccedil;a da ind&uacute;stria subiu em 21 de 29 setores pesquisados em julho, afirma a CNI<\/span><\/a><\/span><\/span><\/span><\/p>\r\n\r\n<p style=\"text-align:justify\"><span style=\"font-size:11pt\"><span style=\"line-height:normal\"><span style=\"font-family:&quot;Calibri&quot;,sans-serif\"><a href=\"https:\/\/portalibre.fgv.br\/noticias\/confianca-empresarial-recua-e-segue-distante-do-nivel-neutro\" style=\"color:blue; text-decoration:underline\"><span style=\"font-size:14.0pt\">Confian&ccedil;a Empresarial recua e segue distante do n&iacute;vel neutro<\/span><\/a><\/span><\/span><\/span><\/p>\r\n\r\n<p style=\"text-align:justify\"><span style=\"font-size:11pt\"><span style=\"line-height:normal\"><span style=\"font-family:&quot;Calibri&quot;,sans-serif\"><a href=\"https:\/\/www.poder360.com.br\/infraestrutura\/transportes-tera-r-68-bilhoes-no-pac-em-4-anos-diz-ministro\/\" style=\"color:blue; text-decoration:underline\"><span style=\"font-size:14.0pt\">Transportes ter&aacute; R$ 68 bilh&otilde;es no PAC em 4 anos, diz ministro...<\/span><\/a><\/span><\/span><\/span><\/p>\r\n\r\n<p style=\"text-align:justify\"><span style=\"font-size:11pt\"><span style=\"line-height:normal\"><span style=\"font-family:&quot;Calibri&quot;,sans-serif\"><a href=\"https:\/\/eaemaq.com.br\/noticias-do-mercado\/forum-de-infraestrutura-avaliara-as-oportunidades-de-expansao-dos-modais-de-transporte-no-brasil\/\" style=\"color:blue; text-decoration:underline\"><span style=\"font-size:14.0pt\">F&oacute;rum de Infraestrutura avaliar&aacute; as oportunidades de expans&atilde;o dos modais de transporte no Brasil<\/span><\/a><\/span><\/span><\/span><\/p>\r\n\r\n<p style=\"text-align:justify\"><span style=\"font-size:11pt\"><span style=\"line-height:normal\"><span style=\"font-family:&quot;Calibri&quot;,sans-serif\"><a href=\"https:\/\/certi.org.br\/blog\/o-que-e-empreendedorismo-de-impacto\/?utm_campaign=certi_news__julho_2023&amp;utm_medium=email&amp;utm_source=RD+Station\" style=\"color:blue; text-decoration:underline\"><span style=\"font-size:14.0pt\">O que &eacute; empreendedorismo de impacto?<\/span><\/a><\/span><\/span><\/span><\/p>\r\n\r\n<p class=\"MsoTitle\" style=\"text-align:justify\"><span style=\"font-size:28pt\"><span style=\"font-family:&quot;Cambria&quot;,serif\"><span style=\"letter-spacing:-0.5pt\"><b><span style=\"font-size:18.0pt\"><span style=\"font-family:&quot;Calibri&quot;,sans-serif\"><span style=\"font-variant:small-caps\">Sustentabilidade<\/span><\/span><\/span><\/b><\/span><\/span><\/span><\/p>\r\n\r\n<p style=\"text-align:justify\"><span style=\"font-size:11pt\"><span style=\"line-height:normal\"><span style=\"font-family:&quot;Calibri&quot;,sans-serif\"><a href=\"https:\/\/www.plastico.com.br\/regulamentacao-de-creditos-quer-incentivar-a-coleta-de-residuos\/?utm_campaign=newsletter_plastico_-_julho_2023&amp;utm_medium=email&amp;utm_source=RD+Station\" style=\"color:blue; text-decoration:underline\"><span style=\"font-size:14.0pt\">Regulamenta&ccedil;&atilde;o de cr&eacute;ditos quer incentivar a coleta de res&iacute;duos<\/span><\/a><\/span><\/span><\/span><\/p>\r\n\r\n<p style=\"text-align:justify\"><span style=\"font-size:11pt\"><span style=\"line-height:normal\"><span style=\"font-family:&quot;Calibri&quot;,sans-serif\"><a href=\"https:\/\/portugaltextil.com\/reciclagem-de-pet-a-escala-industrial-em-espanha\/?utm_term=Portugal+Textil+-+2023-07-27%3ADATEFORMAT%3Ad.m.Y&amp;utm_campaign=Portugal+Textil+FInal&amp;utm_source=e-goi&amp;utm_medium=email&amp;eg_sub=ef749a4dff&amp;eg_cam=00c33f2a2edcdfa27ba0341e30087cdf&amp;eg_list=6\" style=\"color:blue; text-decoration:underline\"><span style=\"font-size:14.0pt\">Reciclagem de PET &agrave; escala industrial em Espanha<\/span><\/a><\/span><\/span><\/span><\/p>\r\n\r\n<p style=\"text-align:justify\"><span style=\"font-size:11pt\"><span style=\"line-height:normal\"><span style=\"font-family:&quot;Calibri&quot;,sans-serif\"><a href=\"https:\/\/jornalibia.com.br\/destaque\/focado-na-reciclagem-do-plastico-atelie-criativo-tem-inicio-em-triunfo\/\" style=\"color:blue; text-decoration:underline\"><span style=\"font-size:14.0pt\">Focado na reciclagem do pl&aacute;stico, Ateli&ecirc; Criativo tem in&iacute;cio em Triunfo (RS)<\/span><\/a><\/span><\/span><\/span><\/p>\r\n\r\n<p style=\"text-align:justify\"><span style=\"font-size:11pt\"><span style=\"line-height:normal\"><span style=\"font-family:&quot;Calibri&quot;,sans-serif\"><a href=\"https:\/\/www.gov.br\/mdic\/pt-br\/assuntos\/noticias\/2023\/julho\/nordeste-tera-R%24-50-milhoes-para-projetos-de-desenvolvimento-sustentavel\" style=\"color:blue; text-decoration:underline\"><span style=\"font-size:14.0pt\">Nordeste ter&aacute; R$ 50 milh&otilde;es para projetos de desenvolvimento sustent&aacute;vel<\/span><\/a><\/span><\/span><\/span><\/p>\r\n\r\n<p style=\"text-align:justify\"><span style=\"font-size:11pt\"><span style=\"line-height:normal\"><span style=\"font-family:&quot;Calibri&quot;,sans-serif\"><a href=\"https:\/\/www.inovacaotecnologica.com.br\/noticias\/noticia.php?artigo=qual-custo-beneficio-implantar-telhado-verde&amp;id=010125230731&amp;ebol=sim\" style=\"color:blue; text-decoration:underline\"><span style=\"font-size:14.0pt\">Qual &eacute; o custo-benef&iacute;cio de implantar um telhado verde?<\/span><\/a><\/span><\/span><\/span><\/p>\r\n\r\n<p style=\"text-align:justify\"><span style=\"font-size:11pt\"><span style=\"line-height:normal\"><span style=\"font-family:&quot;Calibri&quot;,sans-serif\"><a href=\"https:\/\/certi.org.br\/blog\/hidrogenio-verde-e-o-futuro-da-sustentabilidade\/?utm_campaign=certi_news__julho_2023&amp;utm_medium=email&amp;utm_source=RD+Station\" style=\"color:blue; text-decoration:underline\"><span style=\"font-size:14.0pt\">Saiba o que &eacute; hidrog&ecirc;nio verde e conhe&ccedil;a sua import&acirc;ncia para o mundo<\/span><\/a><\/span><\/span><\/span><\/p>\r\n\r\n<p class=\"MsoTitle\" style=\"text-align:justify\"><span style=\"font-size:28pt\"><span style=\"font-family:&quot;Cambria&quot;,serif\"><span style=\"letter-spacing:-0.5pt\"><b><span style=\"font-size:18.0pt\"><span style=\"font-family:&quot;Calibri&quot;,sans-serif\"><span style=\"font-variant:small-caps\">Inova&ccedil;&atilde;o<\/span><\/span><\/span><\/b><\/span><\/span><\/span><\/p>\r\n\r\n<p style=\"text-align:justify\"><span style=\"font-size:11pt\"><span style=\"line-height:normal\"><span style=\"font-family:&quot;Calibri&quot;,sans-serif\"><a href=\"https:\/\/mundoplast.com\/aimplas-proyecto-forest\/\" style=\"color:blue; text-decoration:underline\"><span style=\"font-size:14.0pt\">Biocomposites para reducir el peso de veh&iacute;culos<\/span><\/a><\/span><\/span><\/span><\/p>\r\n\r\n<p style=\"text-align:justify\"><span style=\"font-size:11pt\"><span style=\"line-height:normal\"><span style=\"font-family:&quot;Calibri&quot;,sans-serif\"><a href=\"https:\/\/portugaltextil.com\/texteis-triboeletricos-abrem-portas-a-melhores-wearables\/?utm_term=Portugal+Textil+-+2023-07-31%3ADATEFORMAT%3Ad.m.Y&amp;utm_campaign=Portugal+Textil+FInal&amp;utm_source=e-goi&amp;utm_medium=email&amp;eg_sub=ef749a4dff&amp;eg_cam=60b03dfec095169895f604a61074075c&amp;eg_list=6\" style=\"color:blue; text-decoration:underline\"><span style=\"font-size:14.0pt\">T&ecirc;xteis triboel&eacute;tricos abrem portas a melhores wearables<\/span><\/a><\/span><\/span><\/span><\/p>\r\n\r\n<p style=\"text-align:justify\"><span style=\"font-size:11pt\"><span style=\"line-height:normal\"><span style=\"font-family:&quot;Calibri&quot;,sans-serif\"><a href=\"https:\/\/mundoplast.com\/csic-material-dispositivos-electronicos\/\" style=\"color:blue; text-decoration:underline\"><span style=\"font-size:14.0pt\">Desarrollan un nuevo material polim&eacute;rico para dispositivos electr&oacute;nicos<\/span><\/a><\/span><\/span><\/span><\/p>\r\n\r\n<p style=\"text-align:justify\"><span style=\"font-size:11pt\"><span style=\"line-height:normal\"><span style=\"font-family:&quot;Calibri&quot;,sans-serif\"><a href=\"https:\/\/portugaltextil.com\/tecnologias-antiodor-viram-se-para-as-plantas\/?utm_term=Portugal+Textil+-+2023-07-28%3ADATEFORMAT%3Ad.m.Y&amp;utm_campaign=Portugal+Textil+FInal&amp;utm_source=e-goi&amp;utm_medium=email&amp;eg_sub=ef749a4dff&amp;eg_cam=9c3d017684f13284bbd0ebb178973e7f&amp;eg_list=6\" style=\"color:blue; text-decoration:underline\"><span style=\"font-size:14.0pt\">Tecnologias antiodor viram-se para as plantas<\/span><\/a><\/span><\/span><\/span><\/p>\r\n\r\n<p class=\"MsoTitle\" style=\"text-align:justify\"><span style=\"font-size:28pt\"><span style=\"font-family:&quot;Cambria&quot;,serif\"><span style=\"letter-spacing:-0.5pt\"><b><span style=\"font-size:18.0pt\"><span style=\"font-family:&quot;Calibri&quot;,sans-serif\"><span style=\"font-variant:small-caps\">Com&eacute;rcio Exterior<\/span><\/span><\/span><\/b><\/span><\/span><\/span><\/p>\r\n\r\n<p style=\"text-align:justify\"><span style=\"font-size:11pt\"><span style=\"line-height:normal\"><span style=\"font-family:&quot;Calibri&quot;,sans-serif\"><a href=\"https:\/\/static.portaldaindustria.com.br\/media\/filer_public\/78\/99\/78990af4-d034-4897-8013-252abe5b3ec2\/apc_regulamento_ue_desmatamento_ano_2_n_10.pdf\" style=\"color:blue; text-decoration:underline\"><span style=\"font-size:14.0pt\">Regulamento da Uni&atilde;o Europeia condiciona importa&ccedil;&atilde;o de determinadas commodities agr&iacute;colas e seus derivados a due diligence de desmatamento<\/span><\/a><\/span><\/span><\/span><\/p>\r\n\r\n<p style=\"text-align:justify\"><span style=\"font-size:11pt\"><span style=\"line-height:normal\"><span style=\"font-family:&quot;Calibri&quot;,sans-serif\"><a href=\"https:\/\/static.portaldaindustria.com.br\/media\/filer_public\/3d\/fc\/3dfc17f2-674e-4874-a715-f17bd2d23385\/informepoliticacomercial_23_31_portariarfb2154-23_programaoea.pdf\" style=\"color:blue; text-decoration:underline\"><span style=\"font-size:14.0pt\">RFB simplifica, atualiza e unifica normas relacionadas ao Programa Brasileiro de Operador Econ&ocirc;mico Autorizado<\/span><\/a><\/span><\/span><\/span><\/p>\r\n\r\n<p style=\"text-align:justify\"><span style=\"font-size:11pt\"><span style=\"line-height:normal\"><span style=\"font-family:&quot;Calibri&quot;,sans-serif\"><a href=\"https:\/\/www.gov.br\/mdic\/pt-br\/assuntos\/noticias\/2023\/julho\/terceira-semana-de-julho-tem-superavit-de-us-1-69-bilhao-na-balanca-comercial-brasileira\" style=\"color:blue; text-decoration:underline\"><span style=\"font-size:14.0pt\">Balan&ccedil;a comercial: terceira semana de julho tem super&aacute;vit de US$ 1,69 bilh&atilde;o<\/span><\/a><\/span><\/span><\/span><\/p>\r\n\r\n<p style=\"text-align:justify\"><span style=\"font-size:11pt\"><span style=\"line-height:normal\"><span style=\"font-family:&quot;Calibri&quot;,sans-serif\"><a href=\"https:\/\/www.jornaldocomercio.com\/cadernos\/jc-logistica\/2023\/07\/1116021-mercosul-ganha-regras-de-origem-para-mercadorias.html\" style=\"color:blue; text-decoration:underline\"><span style=\"font-size:14.0pt\">Mercosul ganha regras de origem para mercadorias<\/span><\/a><\/span><\/span><\/span><\/p>\r\n\r\n<p class=\"MsoTitle\" style=\"text-align:justify\"><span style=\"font-size:28pt\"><span style=\"font-family:&quot;Cambria&quot;,serif\"><span style=\"letter-spacing:-0.5pt\"><b><span style=\"font-size:18.0pt\"><span style=\"font-family:&quot;Calibri&quot;,sans-serif\"><span style=\"font-variant:small-caps\">Economia<\/span><\/span><\/span><\/b><\/span><\/span><\/span><\/p>\r\n\r\n<p style=\"text-align:justify\"><span style=\"font-size:11pt\"><span style=\"line-height:normal\"><span style=\"font-family:&quot;Calibri&quot;,sans-serif\"><a href=\"https:\/\/www.bcb.gov.br\/content\/focus\/focus\/R20230728.pdf\" style=\"color:blue; text-decoration:underline\"><span style=\"font-size:14.0pt\">Focus &ndash; Relat&oacute;rio de Mercado<\/span><\/a><\/span><\/span><\/span><\/p>\r\n\r\n<p style=\"text-align:justify\"><span style=\"font-size:11pt\"><span style=\"line-height:normal\"><span style=\"font-family:&quot;Calibri&quot;,sans-serif\"><a href=\"https:\/\/portalibre.fgv.br\/noticias\/nivel-de-incerteza-economica-e-o-menor-desde-2017\" style=\"color:blue; text-decoration:underline\"><span style=\"font-size:14.0pt\">N&iacute;vel de incerteza econ&ocirc;mica &eacute; o menor desde 2017<\/span><\/a><\/span><\/span><\/span><\/p>\r\n\r\n<p style=\"text-align:justify\"><span style=\"font-size:11pt\"><span style=\"line-height:normal\"><span style=\"font-family:&quot;Calibri&quot;,sans-serif\"><a href=\"https:\/\/www.cnnbrasil.com.br\/economia\/calculos-para-reforma-tributaria-no-senado-vao-passar-por-pente-fino-do-tcu\/\" style=\"color:blue; text-decoration:underline\"><span style=\"font-size:14.0pt\">C&aacute;lculos para reforma tribut&aacute;ria no Senado v&atilde;o passar por pente-fino do TCU<\/span><\/a><\/span><\/span><\/span><\/p>\r\n\r\n<p style=\"text-align:justify\"><span style=\"font-size:11pt\"><span style=\"line-height:normal\"><span style=\"font-family:&quot;Calibri&quot;,sans-serif\"><a href=\"https:\/\/noticias.portaldaindustria.com.br\/noticias\/economia\/mais-simples-e-moderna-a-reforma-que-vai-melhorar-o-pais\/\" style=\"color:blue; text-decoration:underline\"><span style=\"font-size:14.0pt\">Mais simples e moderna: a reforma que vai melhorar o pa&iacute;s<\/span><\/a><\/span><\/span><\/span><\/p>\r\n\r\n<p style=\"text-align:justify\"><span style=\"font-size:11pt\"><span style=\"line-height:normal\"><span style=\"font-family:&quot;Calibri&quot;,sans-serif\"><a href=\"https:\/\/portalibre.fgv.br\/noticias\/recuperacao-do-mercado-de-trabalho-das-regioes-brasileiras-perde-folego-no-inicio-de-2023\" style=\"color:blue; text-decoration:underline\"><span style=\"font-size:14.0pt\">Recupera&ccedil;&atilde;o do mercado de trabalho das regi&otilde;es brasileiras perde f&ocirc;lego no in&iacute;cio de 2023<\/span><\/a><\/span><\/span><\/span><\/p>\r\n","6":"<p style=\"text-align:justify\"><span style=\"font-size:11pt\"><span style=\"line-height:normal\"><span style=\"font-family:&quot;Calibri&quot;,sans-serif\"><span style=\"font-size:14.0pt\">Esta &eacute; uma compila&ccedil;&atilde;o das not&iacute;cias mais relevantes para o setor, incluindo informa&ccedil;&otilde;es sobre acordos internacionais, economia brasileira, sustentabilidade e mat&eacute;rias primas, al&eacute;m de novidades do setor de N&atilde;otecidos e Tecidos T&eacute;cnicos.<\/span><\/span><\/span><\/span><\/p>\r\n\r\n<p class=\"MsoTitleCxSpLast\" style=\"text-align:justify\"><span style=\"font-size:28pt\"><span style=\"font-family:&quot;Cambria&quot;,serif\"><span style=\"letter-spacing:-0.5pt\"><b><span style=\"font-size:18.0pt\"><span style=\"font-family:&quot;Calibri&quot;,sans-serif\"><span style=\"font-variant:small-caps\">Not&iacute;cias das Associadas<\/span><\/span><\/span><\/b><\/span><\/span><\/span><\/p>\r\n\r\n<p style=\"text-align:justify\"><span style=\"font-size:11pt\"><span style=\"line-height:normal\"><span style=\"font-family:&quot;Calibri&quot;,sans-serif\"><a href=\"https:\/\/www.nonwovens-industry.com\/contents\/view_breaking-news\/2023-07-24\/berry-deaconess-midtown-hospital-nexus-circular-partner-to-recycle-healthcare-plastics\/\" style=\"color:blue; text-decoration:underline\"><span style=\"font-size:14.0pt\">Berry Partners to Recycle Healthcare Plastics<\/span><\/a><\/span><\/span><\/span><\/p>\r\n\r\n<p class=\"MsoTitle\" style=\"text-align:justify\"><span style=\"font-size:28pt\"><span style=\"font-family:&quot;Cambria&quot;,serif\"><span style=\"letter-spacing:-0.5pt\"><b><span style=\"font-size:18.0pt\"><span style=\"font-family:&quot;Calibri&quot;,sans-serif\"><span style=\"font-variant:small-caps\">A&ccedil;&otilde;es da ABINT<\/span><\/span><\/span><\/b><\/span><\/span><\/span><\/p>\r\n\r\n<p style=\"text-align:justify\"><img src=\"https:\/\/www.abint.org.br\/assets\/img\/editor\/e-mail-marketing-curso_202308011630356K3m5j6Y3U.jpg\" style=\"width: 500px; height: 700px;\" \/><\/p>\r\n\r\n<p style=\"text-align:justify\">&nbsp;<\/p>\r\n\r\n<p class=\"MsoTitle\" style=\"text-align:justify\"><span style=\"font-size:28pt\"><span style=\"font-family:&quot;Cambria&quot;,serif\"><span style=\"letter-spacing:-0.5pt\"><a href=\"https:\/\/www.abint.org.br\/informacao\/outros\/programacao-curso-abint-tecnologia-dos-naotecidos\" style=\"color:blue; text-decoration:underline\"><b><span style=\"font-size:14.0pt\"><span style=\"font-family:&quot;Calibri&quot;,sans-serif\"><span style=\"letter-spacing:0pt\">Programa&ccedil;&atilde;o<\/span><\/span><\/span><\/b><\/a><b><span style=\"font-size:14.0pt\"><span style=\"font-family:&quot;Calibri&quot;,sans-serif\"><span style=\"letter-spacing:0pt\"> \/ <\/span><\/span><\/span><\/b><a href=\"https:\/\/www.abint.org.br\/informacao\/outros\/informacoes-curso-abint-tecnologia-dos-naotecidos\" style=\"color:blue; text-decoration:underline\"><b><span style=\"font-size:14.0pt\"><span style=\"font-family:&quot;Calibri&quot;,sans-serif\"><span style=\"letter-spacing:0pt\">Informa&ccedil;&otilde;es<\/span><\/span><\/span><\/b><\/a><b><span style=\"font-size:14.0pt\"><span style=\"font-family:&quot;Calibri&quot;,sans-serif\"><span style=\"letter-spacing:0pt\"> \/ <\/span><\/span><\/span><\/b><a href=\"https:\/\/forms.gle\/E5bZXpiNh7wZ9kcQ6\" style=\"color:blue; text-decoration:underline\"><b><span style=\"font-size:14.0pt\"><span style=\"font-family:&quot;Calibri&quot;,sans-serif\"><span style=\"letter-spacing:0pt\">Inscri&ccedil;&otilde;es<\/span><\/span><\/span><\/b><\/a><\/span><\/span><\/span><\/p>\r\n\r\n<p style=\"text-align:justify\">&nbsp;<\/p>\r\n\r\n<p style=\"text-align:justify\"><span style=\"font-size:11pt\"><span style=\"line-height:normal\"><span style=\"font-family:&quot;Calibri&quot;,sans-serif\"><b><span style=\"font-size:18.0pt\"><span style=\"font-variant:small-caps\">Eventos<\/span><\/span><\/b><\/span><\/span><\/span><\/p>\r\n\r\n<p style=\"text-align:justify\"><span style=\"font-size:11pt\"><span style=\"line-height:normal\"><span style=\"font-family:&quot;Calibri&quot;,sans-serif\"><b><span style=\"font-size:14.0pt\">IV Congreso Sudamericano de Composites, Poliuretano y Pl&aacute;sticos de Ingenier&iacute;a,<\/span><\/b><span style=\"font-size:14.0pt\"> 8 e 9 de agosto, Buenos Aires, Argentina. <\/span><a href=\"http:\/\/www.congresosudamericano.com\/blog.html\" style=\"color:blue; text-decoration:underline\"><span style=\"font-size:14.0pt\">Informa&ccedil;&otilde;es<\/span><\/a> <\/span><\/span><\/span><\/p>\r\n\r\n<p style=\"text-align:justify\"><span style=\"font-size:11pt\"><span style=\"line-height:normal\"><span style=\"font-family:&quot;Calibri&quot;,sans-serif\"><b><span style=\"font-size:14.0pt\">XII Simp&oacute;sio Internacional de Excel&ecirc;ncia em Produ&ccedil;&atilde;o | &quot;Efici&ecirc;ncia de Processos Industriais<\/span><\/b><span style=\"font-size:14.0pt\">, 17 de agosto de 2023, 08h30 &agrave;s 12h00, Centro Universit&aacute;rio FACENS, Sorocaba, SP.<\/span><\/span><\/span><\/span><\/p>\r\n\r\n<p style=\"text-align:justify\"><span style=\"font-size:11pt\"><span style=\"line-height:normal\"><span style=\"font-family:&quot;Calibri&quot;,sans-serif\"><b><span style=\"font-size:14.0pt\">CONAHP 2023<\/span><\/b><span style=\"font-size:14.0pt\">, 18 e 19 de outubro, Transamerica Expo Center, S&atilde;o Paulo, SP. <\/span><a href=\"https:\/\/conahp.org.br\/2023\/\" style=\"color:blue; text-decoration:underline\"><span style=\"font-size:14.0pt\">Informa&ccedil;&otilde;es<\/span><\/a> <\/span><\/span><\/span><\/p>\r\n\r\n<p style=\"text-align:justify\"><span style=\"font-size:11pt\"><span style=\"line-height:normal\"><span style=\"font-family:&quot;Calibri&quot;,sans-serif\"><b><span style=\"font-size:14.0pt\">2&ordf; FEBRATEX SUMMIT 2023, <\/span><\/b><span style=\"font-size:14.0pt\">dias 23 e 24 de agosto de 2023, no Parque Vila Germ&acirc;nica, Blumenau &ndash; SC. <\/span><a href=\"https:\/\/www.sympla.com.br\/evento\/febratex-summit-2023-2-edicao\/1722288?utm_term=%28PAUTA%29+Falta+menos+de+um+mes+para+a+2%3F%3F%3F%3F+edicao+do+Febratex+Summit&amp;utm_campaign=Vale+do+Itajai&amp;utm_source=e-goi&amp;utm_medium=email\" style=\"color:blue; text-decoration:underline\"><span style=\"font-size:14.0pt\">Informa&ccedil;&otilde;es<\/span><\/a><\/span><\/span><\/span><\/p>\r\n\r\n<p style=\"text-align:justify\"><span style=\"font-size:11pt\"><span style=\"line-height:normal\"><span style=\"font-family:&quot;Calibri&quot;,sans-serif\"><b><span style=\"font-size:14.0pt\">JEC Composites Talks Brasil,<\/span><\/b><span style=\"font-size:14.0pt\"> 24 de agosto de 2023, 13h, Hotel Renaissance, S&atilde;o Paulo. Confirmar presen&ccedil;a at&eacute; 11\/08 pelo e-mail <\/span><a href=\"mailto:marketing@almaco.org.br\" style=\"color:blue; text-decoration:underline\"><span style=\"font-size:14.0pt\">marketing@almaco.org.br<\/span><\/a><span style=\"font-size:14.0pt\"> . <\/span><a href=\"https:\/\/emailmarketing.locaweb.com.br\/accounts\/116830\/messages\/460?email=abint@abint.org.br&amp;c=1690465349&amp;contact_id=110&amp;envelope_id=352\" style=\"color:blue; text-decoration:underline\"><span style=\"font-size:14.0pt\">Programa&ccedil;&atilde;o<\/span><\/a> <\/span><\/span><\/span><\/p>\r\n\r\n<p style=\"text-align:justify\"><span style=\"font-size:11pt\"><span style=\"line-height:normal\"><span style=\"font-family:&quot;Calibri&quot;,sans-serif\"><b><span style=\"font-size:14.0pt\">FIMMA BRASIL - Feira Internacional de Fornecedores da Cadeia Produtiva Madeira e M&oacute;veis<\/span><\/b><span style=\"font-size:14.0pt\">, 28 a 31 de agosto de 2023, das 10h &agrave;s 19h, Bento Gon&ccedil;alves, RS. <\/span><a href=\"https:\/\/fimma.com.br\/\" style=\"color:blue; text-decoration:underline\"><span style=\"font-size:14.0pt\">Informa&ccedil;&otilde;es<\/span><\/a> <\/span><\/span><\/span><\/p>\r\n\r\n<p style=\"text-align:justify\"><span style=\"font-size:11pt\"><span style=\"line-height:normal\"><span style=\"font-family:&quot;Calibri&quot;,sans-serif\"><b><span style=\"font-size:14.0pt\">22&ordf; FEBRAVA - Feira Internacional de Refrigera&ccedil;&atilde;o, Ar-Condicionado, Ventila&ccedil;&atilde;o, Aquecimento, Tratamento de Ar e de &Aacute;guas<\/span><\/b><span style=\"font-size:14.0pt\">, 12 a 15 de setembro de 2023, S&atilde;o Paulo Expo. <\/span><a href=\"https:\/\/www.febrava.com.br\/pt-br.html\" style=\"color:blue; text-decoration:underline\"><span style=\"font-size:14.0pt\">Informa&ccedil;&otilde;es<\/span><\/a> <\/span><\/span><\/span><\/p>\r\n\r\n<p style=\"text-align:justify\"><span style=\"font-size:11pt\"><span style=\"line-height:normal\"><span style=\"font-family:&quot;Calibri&quot;,sans-serif\"><b><span style=\"font-size:14.0pt\">18&ordm; CONBRAVA &ndash; Congresso Brasileiro de Refrigera&ccedil;&atilde;o, Ar-Condicionado, Ventila&ccedil;&atilde;o, Aquecimento e Tratamento de Ar | &ldquo;AVACR rumo ao um futuro sustent&aacute;vel e saud&aacute;vel&rdquo;, <\/span><\/b><span style=\"font-size:14.0pt\">13 a 15 de setembro de 2023, S&atilde;o Paulo Expo, SP. <\/span><a href=\"http:\/\/conbrava.comercial.ws\/site\/\" style=\"color:blue; text-decoration:underline\"><span style=\"font-size:14.0pt\">Informa&ccedil;&otilde;es<\/span><\/a> <\/span><\/span><\/span><\/p>\r\n\r\n<p style=\"text-align:justify\"><span style=\"font-size:11pt\"><span style=\"line-height:normal\"><span style=\"font-family:&quot;Calibri&quot;,sans-serif\"><b><span style=\"font-size:14.0pt\">CNI\/ SEBRAE | 10&ordm; Congresso Internacional da Inova&ccedil;&atilde;o da Ind&uacute;stria<\/span><\/b><span style=\"font-size:14.0pt\">, 27 e 28 de setembro de 2023, S&atilde;o Paulo Expo.<\/span> <a href=\"https:\/\/www.congressodeinovacao.com.br\/?utm_source=comext&amp;utm_medium=email&amp;utm_campaign=eventos&amp;utm_content=id00053#msdynttrid=gg5jXwSFR7qM4vHH2tKGau3cTwSFDneTjMUhrcPg7vE\" style=\"color:blue; text-decoration:underline\"><span style=\"font-size:14.0pt\">Informa&ccedil;&otilde;es<\/span><\/a> <\/span><\/span><\/span><\/p>\r\n\r\n<p style=\"text-align:justify\"><span style=\"font-size:11pt\"><span style=\"line-height:normal\"><span style=\"font-family:&quot;Calibri&quot;,sans-serif\"><b><span style=\"font-size:14.0pt\">FiltXPO&trade; 2023<\/span><\/b><span class=\"MsoHyperlink\" style=\"color:blue\"><span style=\"text-decoration:underline\"><span style=\"font-size:14.0pt\"><span style=\"text-decoration:none\"><span style=\"text-underline:none\">, <\/span><\/span><\/span><\/span><\/span><span style=\"font-size:14.0pt\">October 10-12, 2023 at Navy Pier in Chicago, Illinois<\/span><span class=\"MsoHyperlink\" style=\"color:blue\"><span style=\"text-decoration:underline\"><span style=\"font-size:14.0pt\"><span style=\"text-decoration:none\"><span style=\"text-underline:none\">. <\/span><\/span><\/span><\/span><\/span><a href=\"https:\/\/www.filtxpo.com\/\" style=\"color:blue; text-decoration:underline\"><span style=\"font-size:14.0pt\">Informa&ccedil;&otilde;es<\/span><\/a> <\/span><\/span><\/span><\/p>\r\n\r\n<p style=\"text-align:justify\"><span style=\"font-size:11pt\"><span style=\"line-height:normal\"><span style=\"font-family:&quot;Calibri&quot;,sans-serif\"><b><span style=\"font-size:14.0pt\">V Congreso Sudamericano de Composites, Poliuretano y Pl&aacute;sticos de Ingenier&iacute;a, <\/span><\/b><span style=\"font-size:14.0pt\">24 e 25 de outubro de 2023, Bogot&aacute;, Col&ocirc;mbia. <\/span><a href=\"http:\/\/www.congresosudamericano.com\/blog.html\" style=\"color:blue; text-decoration:underline\"><span style=\"font-size:14.0pt\">Informa&ccedil;&otilde;es<\/span><\/a> <\/span><\/span><\/span><\/p>\r\n\r\n<p style=\"text-align:justify\"><span style=\"font-size:11pt\"><span style=\"line-height:normal\"><span style=\"font-family:&quot;Calibri&quot;,sans-serif\"><b><span style=\"font-size:14.0pt\">Abrafiltros | 2&ordm; Semin&aacute;rio Brasileiro de Filtros<\/span><\/b><span style=\"font-size:14.0pt\">, 08 de novembro de 2023.<\/span><\/span><\/span><\/span><\/p>\r\n\r\n<p class=\"MsoTitle\" style=\"text-align:justify\"><span style=\"font-size:28pt\"><span style=\"font-family:&quot;Cambria&quot;,serif\"><span style=\"letter-spacing:-0.5pt\"><b><span style=\"font-size:18.0pt\"><span style=\"font-family:&quot;Calibri&quot;,sans-serif\"><span style=\"font-variant:small-caps\">Setor<\/span><\/span><\/span><\/b><\/span><\/span><\/span><\/p>\r\n\r\n<p style=\"text-align:justify\"><span style=\"font-size:11pt\"><span style=\"line-height:normal\"><span style=\"font-family:&quot;Calibri&quot;,sans-serif\"><a href=\"https:\/\/www.radiotaquara.com.br\/novo\/hospital-de-igrejinha-inicia-a-implantacao-de-paramentacao-descartavel\/\" style=\"color:blue; text-decoration:underline\"><span style=\"font-size:14.0pt\">Hospital de Igrejinha (RS) inicia a implanta&ccedil;&atilde;o de paramenta&ccedil;&atilde;o descart&aacute;vel<\/span><\/a><\/span><\/span><\/span><\/p>\r\n\r\n<p style=\"text-align:justify\"><span style=\"font-size:11pt\"><span style=\"line-height:normal\"><span style=\"font-family:&quot;Calibri&quot;,sans-serif\"><a href=\"https:\/\/pt.euronews.com\/next\/2023\/07\/27\/uzbequistao-melhora-gestao-da-agua-usada-para-a-agricultura\" style=\"color:blue; text-decoration:underline\"><span style=\"font-size:14.0pt\">Geomembrana: Uzbequist&atilde;o melhora gest&atilde;o da &aacute;gua usada para a agricultura<\/span><\/a><\/span><\/span><\/span><\/p>\r\n\r\n<p style=\"text-align:justify\"><span style=\"font-size:11pt\"><span style=\"line-height:normal\"><span style=\"font-family:&quot;Calibri&quot;,sans-serif\"><a href=\"https:\/\/www.infomoney.com.br\/mercados\/braskem-brkm5-dados-producao-vendas-2t23-destaque-negativo-brasil-desempenho-acoes\/\" style=\"color:blue; text-decoration:underline\"><span style=\"font-size:14.0pt\">Braskem (BRKM5) divulga dados de produ&ccedil;&atilde;o e vendas, com destaque negativo para o Brasil<\/span><\/a><\/span><\/span><\/span><\/p>\r\n\r\n<p style=\"text-align:justify\"><span style=\"font-size:11pt\"><span style=\"line-height:normal\"><span style=\"font-family:&quot;Calibri&quot;,sans-serif\"><a href=\"https:\/\/blogdoplastico.wordpress.com\/2023\/07\/27\/braskem-amplia-producao-de-biopolimeros-em-30-com-investimento-de-us-87-milhoes\/\" style=\"color:blue; text-decoration:underline\"><span style=\"font-size:14.0pt\">Braskem amplia produ&ccedil;&atilde;o de biopol&iacute;meros em 30% com investimento de US$ 87 milh&otilde;es<\/span><\/a><\/span><\/span><\/span><\/p>\r\n\r\n<p style=\"text-align:justify\"><span style=\"font-size:11pt\"><span style=\"line-height:normal\"><span style=\"font-family:&quot;Calibri&quot;,sans-serif\"><a href=\"https:\/\/plasticosemrevista.com.br\/piora-o-desafio-da-desova-do-excedente-mundial-de-pead\/\" style=\"color:blue; text-decoration:underline\"><span style=\"font-size:14.0pt\">Piora o desafio da desova do excedente mundial de PEAD<\/span><\/a><\/span><\/span><\/span><\/p>\r\n\r\n<p style=\"text-align:justify\"><span style=\"font-size:11pt\"><span style=\"line-height:normal\"><span style=\"font-family:&quot;Calibri&quot;,sans-serif\"><a href=\"https:\/\/www.technicaltextile.net\/news\/inda-announces-successful-conclusion-of-world-of-wipes-2023-conference-289036.html\" style=\"color:blue; text-decoration:underline\"><span style=\"font-size:14.0pt\">INDA announces successful conclusion of World of Wipes 2023 conference<\/span><\/a><\/span><\/span><\/span><\/p>\r\n\r\n<p style=\"text-align:justify\"><span style=\"font-size:11pt\"><span style=\"line-height:normal\"><span style=\"font-family:&quot;Calibri&quot;,sans-serif\"><a href=\"http:\/\/broadcast.com.br\/cadernos\/financeiro\/?id=M0owN0RCWmRpSmxtaitFblkxYWowZz09&amp;utm_source=newsletters+epbr&amp;utm_campaign=23649c0a6f-epbr-comece-seu-dia_20230724_COPY_01&amp;utm_medium=email&amp;utm_term=0_5931171aac-23649c0a6f-466362780\" style=\"color:blue; text-decoration:underline\"><span style=\"font-size:14.0pt\">Governador de Alagoas pede ao TCU suspens&atilde;o da venda da Braskem<\/span><\/a><\/span><\/span><\/span><\/p>\r\n\r\n<p style=\"text-align:justify\"><span style=\"font-size:11pt\"><span style=\"line-height:normal\"><span style=\"font-family:&quot;Calibri&quot;,sans-serif\"><a href=\"https:\/\/br.investing.com\/news\/economy\/petroleo-cai-1-com-alta-de-juros-pelo-fed-e-queda-menor-de-estoques-dos-eua-1136076?utm_source=newsletters+epbr&amp;utm_campaign=23649c0a6f-epbr-comece-seu-dia_20230724_COPY_01&amp;utm_medium=email&amp;utm_term=0_5931171aac-23649c0a6f-466362780\" style=\"color:blue; text-decoration:underline\"><span style=\"font-size:14.0pt\">Petr&oacute;leo cai 1% com alta de juros pelo Fed e queda menor de estoques dos EUA<\/span><\/a><\/span><\/span><\/span><\/p>\r\n\r\n<p class=\"MsoTitle\" style=\"text-align:justify\"><span style=\"font-size:28pt\"><span style=\"font-family:&quot;Cambria&quot;,serif\"><span style=\"letter-spacing:-0.5pt\"><b><span style=\"font-size:18.0pt\"><span style=\"font-family:&quot;Calibri&quot;,sans-serif\"><span style=\"font-variant:small-caps\">Ind&uacute;stria<\/span><\/span><\/span><\/b><\/span><\/span><\/span><\/p>\r\n\r\n<p style=\"text-align:justify\"><span style=\"font-size:11pt\"><span style=\"line-height:normal\"><span style=\"font-family:&quot;Calibri&quot;,sans-serif\"><a href=\"https:\/\/portal27.com.br\/samarco-inicia-sistema-de-filtragem-para-armazenar-as-pilhas-de-rejeitos\/\" style=\"color:blue; text-decoration:underline\"><span style=\"font-size:14.0pt\">Samarco inicia sistema de filtragem para armazenar as pilhas de rejeitos<\/span><\/a><\/span><\/span><\/span><\/p>\r\n\r\n<p style=\"text-align:justify\"><span style=\"font-size:11pt\"><span style=\"line-height:normal\"><span style=\"font-family:&quot;Calibri&quot;,sans-serif\"><a href=\"https:\/\/noticias.portaldaindustria.com.br\/noticias\/economia\/custos-da-industria-cairam-25-no-primeiro-trimestre-calcula-cni\/\" style=\"color:blue; text-decoration:underline\"><span style=\"font-size:14.0pt\">Custos da ind&uacute;stria ca&iacute;ram 2,5% no primeiro trimestre, calcula CNI<\/span><\/a><\/span><\/span><\/span><\/p>\r\n\r\n<p style=\"text-align:justify\"><span style=\"font-size:11pt\"><span style=\"line-height:normal\"><span style=\"font-family:&quot;Calibri&quot;,sans-serif\"><a href=\"https:\/\/noticias.portaldaindustria.com.br\/noticias\/economia\/confianca-da-industria-subiu-em-21-de-29-setores-pesquisados-em-julho-afirma-cni\/\" style=\"color:blue; text-decoration:underline\"><span style=\"font-size:14.0pt\">Confian&ccedil;a da ind&uacute;stria subiu em 21 de 29 setores pesquisados em julho, afirma a CNI<\/span><\/a><\/span><\/span><\/span><\/p>\r\n\r\n<p style=\"text-align:justify\"><span style=\"font-size:11pt\"><span style=\"line-height:normal\"><span style=\"font-family:&quot;Calibri&quot;,sans-serif\"><a href=\"https:\/\/portalibre.fgv.br\/noticias\/confianca-empresarial-recua-e-segue-distante-do-nivel-neutro\" style=\"color:blue; text-decoration:underline\"><span style=\"font-size:14.0pt\">Confian&ccedil;a Empresarial recua e segue distante do n&iacute;vel neutro<\/span><\/a><\/span><\/span><\/span><\/p>\r\n\r\n<p style=\"text-align:justify\"><span style=\"font-size:11pt\"><span style=\"line-height:normal\"><span style=\"font-family:&quot;Calibri&quot;,sans-serif\"><a href=\"https:\/\/www.poder360.com.br\/infraestrutura\/transportes-tera-r-68-bilhoes-no-pac-em-4-anos-diz-ministro\/\" style=\"color:blue; text-decoration:underline\"><span style=\"font-size:14.0pt\">Transportes ter&aacute; R$ 68 bilh&otilde;es no PAC em 4 anos, diz ministro...<\/span><\/a><\/span><\/span><\/span><\/p>\r\n\r\n<p style=\"text-align:justify\"><span style=\"font-size:11pt\"><span style=\"line-height:normal\"><span style=\"font-family:&quot;Calibri&quot;,sans-serif\"><a href=\"https:\/\/eaemaq.com.br\/noticias-do-mercado\/forum-de-infraestrutura-avaliara-as-oportunidades-de-expansao-dos-modais-de-transporte-no-brasil\/\" style=\"color:blue; text-decoration:underline\"><span style=\"font-size:14.0pt\">F&oacute;rum de Infraestrutura avaliar&aacute; as oportunidades de expans&atilde;o dos modais de transporte no Brasil<\/span><\/a><\/span><\/span><\/span><\/p>\r\n\r\n<p style=\"text-align:justify\"><span style=\"font-size:11pt\"><span style=\"line-height:normal\"><span style=\"font-family:&quot;Calibri&quot;,sans-serif\"><a href=\"https:\/\/certi.org.br\/blog\/o-que-e-empreendedorismo-de-impacto\/?utm_campaign=certi_news__julho_2023&amp;utm_medium=email&amp;utm_source=RD+Station\" style=\"color:blue; text-decoration:underline\"><span style=\"font-size:14.0pt\">O que &eacute; empreendedorismo de impacto?<\/span><\/a><\/span><\/span><\/span><\/p>\r\n\r\n<p class=\"MsoTitle\" style=\"text-align:justify\"><span style=\"font-size:28pt\"><span style=\"font-family:&quot;Cambria&quot;,serif\"><span style=\"letter-spacing:-0.5pt\"><b><span style=\"font-size:18.0pt\"><span style=\"font-family:&quot;Calibri&quot;,sans-serif\"><span style=\"font-variant:small-caps\">Sustentabilidade<\/span><\/span><\/span><\/b><\/span><\/span><\/span><\/p>\r\n\r\n<p style=\"text-align:justify\"><span style=\"font-size:11pt\"><span style=\"line-height:normal\"><span style=\"font-family:&quot;Calibri&quot;,sans-serif\"><a href=\"https:\/\/www.plastico.com.br\/regulamentacao-de-creditos-quer-incentivar-a-coleta-de-residuos\/?utm_campaign=newsletter_plastico_-_julho_2023&amp;utm_medium=email&amp;utm_source=RD+Station\" style=\"color:blue; text-decoration:underline\"><span style=\"font-size:14.0pt\">Regulamenta&ccedil;&atilde;o de cr&eacute;ditos quer incentivar a coleta de res&iacute;duos<\/span><\/a><\/span><\/span><\/span><\/p>\r\n\r\n<p style=\"text-align:justify\"><span style=\"font-size:11pt\"><span style=\"line-height:normal\"><span style=\"font-family:&quot;Calibri&quot;,sans-serif\"><a href=\"https:\/\/portugaltextil.com\/reciclagem-de-pet-a-escala-industrial-em-espanha\/?utm_term=Portugal+Textil+-+2023-07-27%3ADATEFORMAT%3Ad.m.Y&amp;utm_campaign=Portugal+Textil+FInal&amp;utm_source=e-goi&amp;utm_medium=email&amp;eg_sub=ef749a4dff&amp;eg_cam=00c33f2a2edcdfa27ba0341e30087cdf&amp;eg_list=6\" style=\"color:blue; text-decoration:underline\"><span style=\"font-size:14.0pt\">Reciclagem de PET &agrave; escala industrial em Espanha<\/span><\/a><\/span><\/span><\/span><\/p>\r\n\r\n<p style=\"text-align:justify\"><span style=\"font-size:11pt\"><span style=\"line-height:normal\"><span style=\"font-family:&quot;Calibri&quot;,sans-serif\"><a href=\"https:\/\/jornalibia.com.br\/destaque\/focado-na-reciclagem-do-plastico-atelie-criativo-tem-inicio-em-triunfo\/\" style=\"color:blue; text-decoration:underline\"><span style=\"font-size:14.0pt\">Focado na reciclagem do pl&aacute;stico, Ateli&ecirc; Criativo tem in&iacute;cio em Triunfo (RS)<\/span><\/a><\/span><\/span><\/span><\/p>\r\n\r\n<p style=\"text-align:justify\"><span style=\"font-size:11pt\"><span style=\"line-height:normal\"><span style=\"font-family:&quot;Calibri&quot;,sans-serif\"><a href=\"https:\/\/www.gov.br\/mdic\/pt-br\/assuntos\/noticias\/2023\/julho\/nordeste-tera-R%24-50-milhoes-para-projetos-de-desenvolvimento-sustentavel\" style=\"color:blue; text-decoration:underline\"><span style=\"font-size:14.0pt\">Nordeste ter&aacute; R$ 50 milh&otilde;es para projetos de desenvolvimento sustent&aacute;vel<\/span><\/a><\/span><\/span><\/span><\/p>\r\n\r\n<p style=\"text-align:justify\"><span style=\"font-size:11pt\"><span style=\"line-height:normal\"><span style=\"font-family:&quot;Calibri&quot;,sans-serif\"><a href=\"https:\/\/www.inovacaotecnologica.com.br\/noticias\/noticia.php?artigo=qual-custo-beneficio-implantar-telhado-verde&amp;id=010125230731&amp;ebol=sim\" style=\"color:blue; text-decoration:underline\"><span style=\"font-size:14.0pt\">Qual &eacute; o custo-benef&iacute;cio de implantar um telhado verde?<\/span><\/a><\/span><\/span><\/span><\/p>\r\n\r\n<p style=\"text-align:justify\"><span style=\"font-size:11pt\"><span style=\"line-height:normal\"><span style=\"font-family:&quot;Calibri&quot;,sans-serif\"><a href=\"https:\/\/certi.org.br\/blog\/hidrogenio-verde-e-o-futuro-da-sustentabilidade\/?utm_campaign=certi_news__julho_2023&amp;utm_medium=email&amp;utm_source=RD+Station\" style=\"color:blue; text-decoration:underline\"><span style=\"font-size:14.0pt\">Saiba o que &eacute; hidrog&ecirc;nio verde e conhe&ccedil;a sua import&acirc;ncia para o mundo<\/span><\/a><\/span><\/span><\/span><\/p>\r\n\r\n<p class=\"MsoTitle\" style=\"text-align:justify\"><span style=\"font-size:28pt\"><span style=\"font-family:&quot;Cambria&quot;,serif\"><span style=\"letter-spacing:-0.5pt\"><b><span style=\"font-size:18.0pt\"><span style=\"font-family:&quot;Calibri&quot;,sans-serif\"><span style=\"font-variant:small-caps\">Inova&ccedil;&atilde;o<\/span><\/span><\/span><\/b><\/span><\/span><\/span><\/p>\r\n\r\n<p style=\"text-align:justify\"><span style=\"font-size:11pt\"><span style=\"line-height:normal\"><span style=\"font-family:&quot;Calibri&quot;,sans-serif\"><a href=\"https:\/\/mundoplast.com\/aimplas-proyecto-forest\/\" style=\"color:blue; text-decoration:underline\"><span style=\"font-size:14.0pt\">Biocomposites para reducir el peso de veh&iacute;culos<\/span><\/a><\/span><\/span><\/span><\/p>\r\n\r\n<p style=\"text-align:justify\"><span style=\"font-size:11pt\"><span style=\"line-height:normal\"><span style=\"font-family:&quot;Calibri&quot;,sans-serif\"><a href=\"https:\/\/portugaltextil.com\/texteis-triboeletricos-abrem-portas-a-melhores-wearables\/?utm_term=Portugal+Textil+-+2023-07-31%3ADATEFORMAT%3Ad.m.Y&amp;utm_campaign=Portugal+Textil+FInal&amp;utm_source=e-goi&amp;utm_medium=email&amp;eg_sub=ef749a4dff&amp;eg_cam=60b03dfec095169895f604a61074075c&amp;eg_list=6\" style=\"color:blue; text-decoration:underline\"><span style=\"font-size:14.0pt\">T&ecirc;xteis triboel&eacute;tricos abrem portas a melhores wearables<\/span><\/a><\/span><\/span><\/span><\/p>\r\n\r\n<p style=\"text-align:justify\"><span style=\"font-size:11pt\"><span style=\"line-height:normal\"><span style=\"font-family:&quot;Calibri&quot;,sans-serif\"><a href=\"https:\/\/mundoplast.com\/csic-material-dispositivos-electronicos\/\" style=\"color:blue; text-decoration:underline\"><span style=\"font-size:14.0pt\">Desarrollan un nuevo material polim&eacute;rico para dispositivos electr&oacute;nicos<\/span><\/a><\/span><\/span><\/span><\/p>\r\n\r\n<p style=\"text-align:justify\"><span style=\"font-size:11pt\"><span style=\"line-height:normal\"><span style=\"font-family:&quot;Calibri&quot;,sans-serif\"><a href=\"https:\/\/portugaltextil.com\/tecnologias-antiodor-viram-se-para-as-plantas\/?utm_term=Portugal+Textil+-+2023-07-28%3ADATEFORMAT%3Ad.m.Y&amp;utm_campaign=Portugal+Textil+FInal&amp;utm_source=e-goi&amp;utm_medium=email&amp;eg_sub=ef749a4dff&amp;eg_cam=9c3d017684f13284bbd0ebb178973e7f&amp;eg_list=6\" style=\"color:blue; text-decoration:underline\"><span style=\"font-size:14.0pt\">Tecnologias antiodor viram-se para as plantas<\/span><\/a><\/span><\/span><\/span><\/p>\r\n\r\n<p class=\"MsoTitle\" style=\"text-align:justify\"><span style=\"font-size:28pt\"><span style=\"font-family:&quot;Cambria&quot;,serif\"><span style=\"letter-spacing:-0.5pt\"><b><span style=\"font-size:18.0pt\"><span style=\"font-family:&quot;Calibri&quot;,sans-serif\"><span style=\"font-variant:small-caps\">Com&eacute;rcio Exterior<\/span><\/span><\/span><\/b><\/span><\/span><\/span><\/p>\r\n\r\n<p style=\"text-align:justify\"><span style=\"font-size:11pt\"><span style=\"line-height:normal\"><span style=\"font-family:&quot;Calibri&quot;,sans-serif\"><a href=\"https:\/\/static.portaldaindustria.com.br\/media\/filer_public\/78\/99\/78990af4-d034-4897-8013-252abe5b3ec2\/apc_regulamento_ue_desmatamento_ano_2_n_10.pdf\" style=\"color:blue; text-decoration:underline\"><span style=\"font-size:14.0pt\">Regulamento da Uni&atilde;o Europeia condiciona importa&ccedil;&atilde;o de determinadas commodities agr&iacute;colas e seus derivados a due diligence de desmatamento<\/span><\/a><\/span><\/span><\/span><\/p>\r\n\r\n<p style=\"text-align:justify\"><span style=\"font-size:11pt\"><span style=\"line-height:normal\"><span style=\"font-family:&quot;Calibri&quot;,sans-serif\"><a href=\"https:\/\/static.portaldaindustria.com.br\/media\/filer_public\/3d\/fc\/3dfc17f2-674e-4874-a715-f17bd2d23385\/informepoliticacomercial_23_31_portariarfb2154-23_programaoea.pdf\" style=\"color:blue; text-decoration:underline\"><span style=\"font-size:14.0pt\">RFB simplifica, atualiza e unifica normas relacionadas ao Programa Brasileiro de Operador Econ&ocirc;mico Autorizado<\/span><\/a><\/span><\/span><\/span><\/p>\r\n\r\n<p style=\"text-align:justify\"><span style=\"font-size:11pt\"><span style=\"line-height:normal\"><span style=\"font-family:&quot;Calibri&quot;,sans-serif\"><a href=\"https:\/\/www.gov.br\/mdic\/pt-br\/assuntos\/noticias\/2023\/julho\/terceira-semana-de-julho-tem-superavit-de-us-1-69-bilhao-na-balanca-comercial-brasileira\" style=\"color:blue; text-decoration:underline\"><span style=\"font-size:14.0pt\">Balan&ccedil;a comercial: terceira semana de julho tem super&aacute;vit de US$ 1,69 bilh&atilde;o<\/span><\/a><\/span><\/span><\/span><\/p>\r\n\r\n<p style=\"text-align:justify\"><span style=\"font-size:11pt\"><span style=\"line-height:normal\"><span style=\"font-family:&quot;Calibri&quot;,sans-serif\"><a href=\"https:\/\/www.jornaldocomercio.com\/cadernos\/jc-logistica\/2023\/07\/1116021-mercosul-ganha-regras-de-origem-para-mercadorias.html\" style=\"color:blue; text-decoration:underline\"><span style=\"font-size:14.0pt\">Mercosul ganha regras de origem para mercadorias<\/span><\/a><\/span><\/span><\/span><\/p>\r\n\r\n<p class=\"MsoTitle\" style=\"text-align:justify\"><span style=\"font-size:28pt\"><span style=\"font-family:&quot;Cambria&quot;,serif\"><span style=\"letter-spacing:-0.5pt\"><b><span style=\"font-size:18.0pt\"><span style=\"font-family:&quot;Calibri&quot;,sans-serif\"><span style=\"font-variant:small-caps\">Economia<\/span><\/span><\/span><\/b><\/span><\/span><\/span><\/p>\r\n\r\n<p style=\"text-align:justify\"><span style=\"font-size:11pt\"><span style=\"line-height:normal\"><span style=\"font-family:&quot;Calibri&quot;,sans-serif\"><a href=\"https:\/\/www.bcb.gov.br\/content\/focus\/focus\/R20230728.pdf\" style=\"color:blue; text-decoration:underline\"><span style=\"font-size:14.0pt\">Focus &ndash; Relat&oacute;rio de Mercado<\/span><\/a><\/span><\/span><\/span><\/p>\r\n\r\n<p style=\"text-align:justify\"><span style=\"font-size:11pt\"><span style=\"line-height:normal\"><span style=\"font-family:&quot;Calibri&quot;,sans-serif\"><a href=\"https:\/\/portalibre.fgv.br\/noticias\/nivel-de-incerteza-economica-e-o-menor-desde-2017\" style=\"color:blue; text-decoration:underline\"><span style=\"font-size:14.0pt\">N&iacute;vel de incerteza econ&ocirc;mica &eacute; o menor desde 2017<\/span><\/a><\/span><\/span><\/span><\/p>\r\n\r\n<p style=\"text-align:justify\"><span style=\"font-size:11pt\"><span style=\"line-height:normal\"><span style=\"font-family:&quot;Calibri&quot;,sans-serif\"><a href=\"https:\/\/www.cnnbrasil.com.br\/economia\/calculos-para-reforma-tributaria-no-senado-vao-passar-por-pente-fino-do-tcu\/\" style=\"color:blue; text-decoration:underline\"><span style=\"font-size:14.0pt\">C&aacute;lculos para reforma tribut&aacute;ria no Senado v&atilde;o passar por pente-fino do TCU<\/span><\/a><\/span><\/span><\/span><\/p>\r\n\r\n<p style=\"text-align:justify\"><span style=\"font-size:11pt\"><span style=\"line-height:normal\"><span style=\"font-family:&quot;Calibri&quot;,sans-serif\"><a href=\"https:\/\/noticias.portaldaindustria.com.br\/noticias\/economia\/mais-simples-e-moderna-a-reforma-que-vai-melhorar-o-pais\/\" style=\"color:blue; text-decoration:underline\"><span style=\"font-size:14.0pt\">Mais simples e moderna: a reforma que vai melhorar o pa&iacute;s<\/span><\/a><\/span><\/span><\/span><\/p>\r\n\r\n<p style=\"text-align:justify\"><span style=\"font-size:11pt\"><span style=\"line-height:normal\"><span style=\"font-family:&quot;Calibri&quot;,sans-serif\"><a href=\"https:\/\/portalibre.fgv.br\/noticias\/recuperacao-do-mercado-de-trabalho-das-regioes-brasileiras-perde-folego-no-inicio-de-2023\" style=\"color:blue; text-decoration:underline\"><span style=\"font-size:14.0pt\">Recupera&ccedil;&atilde;o do mercado de trabalho das regi&otilde;es brasileiras perde f&ocirc;lego no in&iacute;cio de 2023<\/span><\/a><\/span><\/span><\/span><\/p>\r\n","texto_en":"","7":"","imagem":"COMP_banner-padrao-home-destaques-boletim-2023_20230801163423V6YMS8hMY6.jpeg","8":"COMP_banner-padrao-home-destaques-boletim-2023_20230801163423V6YMS8hMY6.jpeg","arquivo":"20230801-NOTICIAS-SEMANAIS.PDF","9":"20230801-NOTICIAS-SEMANAIS.PDF","titulo_arquivo":"20230801 Not\u00edcias Semanais ABINT","10":"20230801 Not\u00edcias Semanais ABINT","titulo_arquivo_en":"","11":"","created_at":"2023-08-01 16:34:31","12":"2023-08-01 16:34:31","updated_at":"2023-08-01 16:34:31","13":"2023-08-01 16:34:31"},{"id":75,"0":75,"ordem":148,"1":148,"data":"2023-07-25","2":"2023-07-25","slug":"boletim-de-noticias-semanais-72","3":"boletim-de-noticias-semanais-72","titulo":"Boletim de Not\u00edcias Semanais","4":"Boletim de Not\u00edcias Semanais","titulo_en":"","5":"","texto":"<p style=\"text-align:justify\"><span style=\"font-size:11pt\"><span style=\"line-height:normal\"><span calibri=\"\" style=\"font-family:\"><span style=\"font-size:14.0pt\">Esta &eacute; uma compila&ccedil;&atilde;o das not&iacute;cias mais relevantes para o setor, incluindo informa&ccedil;&otilde;es sobre acordos internacionais, economia brasileira, sustentabilidade e mat&eacute;rias primas, al&eacute;m de novidades do setor de N&atilde;otecidos e Tecidos T&eacute;cnicos.<\/span><\/span><\/span><\/span><\/p>\r\n\r\n<p class=\"MsoTitleCxSpLast\" style=\"text-align:justify\"><span style=\"font-size:28pt\"><span cambria=\"\" style=\"font-family:\"><span style=\"letter-spacing:-0.5pt\"><b><span style=\"font-size:18.0pt\"><span calibri=\"\" style=\"font-family:\"><span style=\"font-variant:small-caps\">Not&iacute;cias das Associadas<\/span><\/span><\/span><\/b><\/span><\/span><\/span><\/p>\r\n\r\n<p style=\"text-align:justify\"><span style=\"font-size:11pt\"><span style=\"line-height:normal\"><span calibri=\"\" style=\"font-family:\"><a href=\"https:\/\/tissueonline.com.br\/andritz-adquire-a-empresa-italiana-bonetti\/?utm_campaign=andritz_adquire_a_empresa_italiana_bonetti&amp;utm_medium=email&amp;utm_source=RD+Station\" style=\"color:blue; text-decoration:underline\"><span style=\"font-size:14.0pt\">ANDRITZ adquire a empresa italiana Bonetti<\/span><\/a><\/span><\/span><\/span><\/p>\r\n\r\n<p style=\"text-align:justify\"><span style=\"font-size:11pt\"><span style=\"line-height:normal\"><span calibri=\"\" style=\"font-family:\"><a href=\"https:\/\/www.nonwovens-industry.com\/live-from-shows\/world-of-wipes\/2023-07-19\/fibertex-nonwovens-presents-spunlace-needlepunch-nonwovens?utm_campaign=NON+Live+From+Show&amp;utm_medium=email&amp;_hsmi=266932640&amp;_hsenc=p2ANqtz-82AIgU-w-nohJGsS90AJoIXO1a6-frSIJTEQv2VanxqjU3MXnCSyutp6CAlif02jWU9CFLKJ2W3QNxpinb6hIzXSAeVQ&amp;utm_content=266932640&amp;utm_source=hs_email\" style=\"color:blue; text-decoration:underline\"><span style=\"font-size:14.0pt\">Fibertex Nonwovens Presents Spunlace, Needlepunch Nonwovens<\/span><\/a><\/span><\/span><\/span><\/p>\r\n\r\n<p style=\"text-align:justify\"><span style=\"font-size:11pt\"><span style=\"line-height:normal\"><span calibri=\"\" style=\"font-family:\"><a href=\"https:\/\/www.nonwovens-industry.com\/contents\/view_breaking-news\/2023-07-18\/freudenberg-unveils-sustainable-microfiber-solution-for-artificial-leather-applications\/\" style=\"color:blue; text-decoration:underline\"><span style=\"font-size:14.0pt\">Freudenberg Unveils Sustainable Microfiber Solution for Artificial Leather Applications<\/span><\/a><\/span><\/span><\/span><\/p>\r\n\r\n<p style=\"text-align:justify\"><span style=\"font-size:11pt\"><span style=\"line-height:normal\"><span calibri=\"\" style=\"font-family:\"><a href=\"https:\/\/www.nonwovens-industry.com\/contents\/view_breaking-news\/2023-07-20\/indorama-ventures-and-polymateria-win-world-of-wipes-innovation-award?utm_campaign=NON+eNewsletter&amp;utm_medium=email&amp;_hsmi=267139380&amp;_hsenc=p2ANqtz-_XhFgQlUvLN99ZirqngQZIV47rrev-OM2uYpQaWDtX6MC401gzB1wMODeBpMXw3cpBeHRN1GUCrtSz1Yr_yVcQHjkxHQ&amp;utm_content=267139380&amp;utm_source=hs_email\" style=\"color:blue; text-decoration:underline\"><span style=\"font-size:14.0pt\">Indorama Ventures and Polymateria Win World of Wipes Innovation Award<\/span><\/a><\/span><\/span><\/span><\/p>\r\n\r\n<div class=\"conteudo\" id=\"conteudoNovidadeShow\">\r\n<div class=\"texto-novidade\"><span style=\"font-size:28pt\"><span cambria=\"\" style=\"font-family:\"><span style=\"letter-spacing:-0.5pt\"><b><span style=\"font-size:18.0pt\"><span calibri=\"\" style=\"font-family:\"><span style=\"font-variant:small-caps\">A&ccedil;&otilde;es da ABINT<\/span><\/span><\/span><\/b><\/span><\/span><\/span><br type=\"_moz\" \/>\r\n<img src=\"https:\/\/www.abint.org.br\/assets\/img\/editor\/e-mail-marketing-curso_202307171152579vBeBB7qW2.jpg\" style=\"width:400px; height:560px\" \/>\r\n<p class=\"MsoTitle\" style=\"text-align:justify\"><span style=\"font-size:28pt\"><span cambria=\"\" style=\"font-family:\"><span style=\"letter-spacing:-0.5pt\"><a href=\"https:\/\/www.abint.org.br\/informacao\/outros\/programacao-curso-abint-tecnologia-dos-naotecidos\" style=\"color:blue; text-decoration:underline\"><b><span style=\"font-size:14.0pt\"><span calibri=\"\" style=\"font-family:\"><span style=\"letter-spacing:0pt\">Programa&ccedil;&atilde;o<\/span><\/span><\/span><\/b><\/a><b><span style=\"font-size:14.0pt\"><span calibri=\"\" style=\"font-family:\"><span style=\"letter-spacing:0pt\"> \/ <\/span><\/span><\/span><\/b><a href=\"https:\/\/www.abint.org.br\/informacao\/outros\/informacoes-curso-abint-tecnologia-dos-naotecidos\" style=\"color:blue; text-decoration:underline\"><b><span style=\"font-size:14.0pt\"><span calibri=\"\" style=\"font-family:\"><span style=\"letter-spacing:0pt\">Informa&ccedil;&otilde;es<\/span><\/span><\/span><\/b><\/a><b><span style=\"font-size:14.0pt\"><span calibri=\"\" style=\"font-family:\"><span style=\"letter-spacing:0pt\"> \/ <\/span><\/span><\/span><\/b><a href=\"https:\/\/forms.gle\/E5bZXpiNh7wZ9kcQ6\" style=\"color:blue; text-decoration:underline\"><b><span style=\"font-size:14.0pt\"><span calibri=\"\" style=\"font-family:\"><span style=\"letter-spacing:0pt\">Inscri&ccedil;&otilde;es<\/span><\/span><\/span><\/b><\/a><\/span><\/span><\/span><\/p>\r\n\r\n<p style=\"text-align:justify\">&nbsp;<\/p>\r\n\r\n<p style=\"text-align:justify\"><span style=\"font-size:11pt\"><span style=\"line-height:normal\"><span calibri=\"\" style=\"font-family:\"><b><span style=\"font-size:18.0pt\"><span style=\"font-variant:small-caps\">Eventos<\/span><\/span><\/b><\/span><\/span><\/span><\/p>\r\n\r\n<p style=\"text-align:justify\"><span style=\"font-size:11pt\"><span style=\"line-height:normal\"><span calibri=\"\" style=\"font-family:\"><b><span style=\"font-size:14.0pt\">Movimento Pl&aacute;stico Transforma promove a import&acirc;ncia da Economia Circular, <\/span><\/b><span style=\"font-size:14.0pt\">de 25 a 30 de julho, no Espa&ccedil;o Economia Circular do Pl&aacute;stico, no piso superior do Museu Catavento, em S&atilde;o Paulo. <\/span><a href=\"https:\/\/revistalivemarketing.com.br\/movimento-plastico-transforma-promove-a-importancia-da-economia-circular\/\" style=\"color:blue; text-decoration:underline\"><span style=\"font-size:14.0pt\">Saiba mais<\/span><\/a><span style=\"font-size:14.0pt\">. <\/span><\/span><\/span><\/span><\/p>\r\n\r\n<p style=\"text-align:justify\"><span style=\"font-size:11pt\"><span style=\"line-height:normal\"><span calibri=\"\" style=\"font-family:\"><b><span style=\"font-size:14.0pt\">Webinar Sobratema | &quot;Atualiza&ccedil;&atilde;o das Tend&ecirc;ncias no Mercado da Constru&ccedil;&atilde;o&quot;,<\/span><\/b> <span style=\"font-size:14.0pt\">27 de julho de 2023, &agrave;s 15h, transmiss&atilde;o ao vivo e exclusiva pelo<\/span> <a href=\"http:\/\/emkt.sobratemanews.org.br\/emkt\/tracer\/?2,7874383,260ba16a,5491,1\" style=\"color:blue; text-decoration:underline\"><span style=\"font-size:14.0pt\">Canal da Sobratema no YouTube<\/span><\/a><span class=\"MsoHyperlink\" style=\"color:blue\"><span style=\"text-decoration:underline\"><span style=\"font-size:14.0pt\"><span style=\"text-decoration:none\"><span style=\"text-underline:none\">.<\/span><\/span><\/span><\/span><\/span><\/span><\/span><\/span><\/p>\r\n\r\n<p style=\"text-align:justify\"><span style=\"font-size:11pt\"><span style=\"line-height:normal\"><span calibri=\"\" style=\"font-family:\"><b><span style=\"font-size:14.0pt\">IV Congreso Sudamericano de Composites, Poliuretano y Pl&aacute;sticos de Ingenier&iacute;a,<\/span><\/b><span style=\"font-size:14.0pt\"> 8 e 9 de agosto, Buenos Aires, Argentina. <\/span><a href=\"http:\/\/www.congresosudamericano.com\/blog.html\" style=\"color:blue; text-decoration:underline\"><span style=\"font-size:14.0pt\">Informa&ccedil;&otilde;es<\/span><\/a> <\/span><\/span><\/span><\/p>\r\n\r\n<p style=\"text-align:justify\"><span style=\"font-size:11pt\"><span style=\"line-height:normal\"><span calibri=\"\" style=\"font-family:\"><b><span style=\"font-size:14.0pt\">XII Simp&oacute;sio Internacional de Excel&ecirc;ncia em Produ&ccedil;&atilde;o | &quot;Efici&ecirc;ncia de Processos Industriais<\/span><\/b><span style=\"font-size:14.0pt\">, 17 de agosto de 2023, 08h30 &agrave;s 12h00, Centro Universit&aacute;rio FACENS, Sorocaba, SP.<\/span><\/span><\/span><\/span><\/p>\r\n\r\n<p style=\"text-align:justify\"><span style=\"font-size:11pt\"><span style=\"line-height:normal\"><span calibri=\"\" style=\"font-family:\"><b><span style=\"font-size:14.0pt\">CONAHP 2023<\/span><\/b><span style=\"font-size:14.0pt\">, 18 e 19 de outubro, Transamerica Expo Center, S&atilde;o Paulo, SP. <\/span><a href=\"https:\/\/conahp.org.br\/2023\/\" style=\"color:blue; text-decoration:underline\"><span style=\"font-size:14.0pt\">Informa&ccedil;&otilde;es<\/span><\/a> <\/span><\/span><\/span><\/p>\r\n\r\n<p style=\"text-align:justify\"><span style=\"font-size:11pt\"><span style=\"line-height:normal\"><span calibri=\"\" style=\"font-family:\"><b><span style=\"font-size:14.0pt\">FIMMA BRASIL - Feira Internacional de Fornecedores da Cadeia Produtiva Madeira e M&oacute;veis<\/span><\/b><span style=\"font-size:14.0pt\">, 28 a 31 de agosto de 2023, das 10h &agrave;s 19h, Bento Gon&ccedil;alves, RS. <\/span><a href=\"https:\/\/fimma.com.br\/\" style=\"color:blue; text-decoration:underline\"><span style=\"font-size:14.0pt\">Informa&ccedil;&otilde;es<\/span><\/a> <\/span><\/span><\/span><\/p>\r\n\r\n<p style=\"text-align:justify\"><span style=\"font-size:11pt\"><span style=\"line-height:normal\"><span calibri=\"\" style=\"font-family:\"><b><span style=\"font-size:14.0pt\">22&ordf; FEBRAVA - Feira Internacional de Refrigera&ccedil;&atilde;o, Ar-Condicionado, Ventila&ccedil;&atilde;o, Aquecimento, Tratamento de Ar e de &Aacute;guas<\/span><\/b><span style=\"font-size:14.0pt\">, 12 a 15 de setembro de 2023, S&atilde;o Paulo Expo. <\/span><a href=\"https:\/\/www.febrava.com.br\/pt-br.html\" style=\"color:blue; text-decoration:underline\"><span style=\"font-size:14.0pt\">Informa&ccedil;&otilde;es<\/span><\/a> <\/span><\/span><\/span><\/p>\r\n\r\n<p style=\"text-align:justify\"><span style=\"font-size:11pt\"><span style=\"line-height:normal\"><span calibri=\"\" style=\"font-family:\"><b><span style=\"font-size:14.0pt\">18&ordm; CONBRAVA &ndash; Congresso Brasileiro de Refrigera&ccedil;&atilde;o, Ar-Condicionado, Ventila&ccedil;&atilde;o, Aquecimento e Tratamento de Ar | &ldquo;AVACR rumo ao um futuro sustent&aacute;vel e saud&aacute;vel&rdquo;, <\/span><\/b><span style=\"font-size:14.0pt\">13 a 15 de setembro de 2023, S&atilde;o Paulo Expo, SP. <\/span><a href=\"http:\/\/conbrava.comercial.ws\/site\/\" style=\"color:blue; text-decoration:underline\"><span style=\"font-size:14.0pt\">Informa&ccedil;&otilde;es<\/span><\/a> <\/span><\/span><\/span><\/p>\r\n\r\n<p style=\"text-align:justify\"><span style=\"font-size:11pt\"><span style=\"line-height:normal\"><span calibri=\"\" style=\"font-family:\"><b><span style=\"font-size:14.0pt\">CNI\/ SEBRAE | 10&ordm; Congresso Internacional da Inova&ccedil;&atilde;o da Ind&uacute;stria<\/span><\/b><span style=\"font-size:14.0pt\">, 27 e 28 de setembro de 2023, S&atilde;o Paulo Expo.<\/span> <a href=\"https:\/\/www.congressodeinovacao.com.br\/?utm_source=comext&amp;utm_medium=email&amp;utm_campaign=eventos&amp;utm_content=id00053#msdynttrid=gg5jXwSFR7qM4vHH2tKGau3cTwSFDneTjMUhrcPg7vE\" style=\"color:blue; text-decoration:underline\"><span style=\"font-size:14.0pt\">Informa&ccedil;&otilde;es<\/span><\/a> <\/span><\/span><\/span><\/p>\r\n\r\n<p style=\"text-align:justify\"><span style=\"font-size:11pt\"><span style=\"line-height:normal\"><span calibri=\"\" style=\"font-family:\"><b><span style=\"font-size:14.0pt\">FiltXPO&trade; 2023<\/span><\/b><span class=\"MsoHyperlink\" style=\"color:blue\"><span style=\"text-decoration:underline\"><span style=\"font-size:14.0pt\"><span style=\"text-decoration:none\"><span style=\"text-underline:none\">, <\/span><\/span><\/span><\/span><\/span><span style=\"font-size:14.0pt\">October 10-12, 2023 at Navy Pier in Chicago, Illinois<\/span><span class=\"MsoHyperlink\" style=\"color:blue\"><span style=\"text-decoration:underline\"><span style=\"font-size:14.0pt\"><span style=\"text-decoration:none\"><span style=\"text-underline:none\">. <\/span><\/span><\/span><\/span><\/span><a href=\"https:\/\/www.filtxpo.com\/\" style=\"color:blue; text-decoration:underline\"><span style=\"font-size:14.0pt\">Informa&ccedil;&otilde;es<\/span><\/a> <\/span><\/span><\/span><\/p>\r\n\r\n<p style=\"text-align:justify\"><span style=\"font-size:11pt\"><span style=\"line-height:normal\"><span calibri=\"\" style=\"font-family:\"><b><span style=\"font-size:14.0pt\">V Congreso Sudamericano de Composites, Poliuretano y Pl&aacute;sticos de Ingenier&iacute;a, <\/span><\/b><span style=\"font-size:14.0pt\">24 e 25 de outubro de 2023, Bogot&aacute;, Col&ocirc;mbia. <\/span><a href=\"http:\/\/www.congresosudamericano.com\/blog.html\" style=\"color:blue; text-decoration:underline\"><span style=\"font-size:14.0pt\">Informa&ccedil;&otilde;es<\/span><\/a> <\/span><\/span><\/span><\/p>\r\n\r\n<p style=\"text-align:justify\"><span style=\"font-size:11pt\"><span style=\"line-height:normal\"><span calibri=\"\" style=\"font-family:\"><b><span style=\"font-size:14.0pt\">Abrafiltros | 2&ordm; Semin&aacute;rio Brasileiro de Filtros<\/span><\/b><span style=\"font-size:14.0pt\">, 08 de novembro de 2023.<\/span><\/span><\/span><\/span><\/p>\r\n\r\n<p class=\"MsoTitle\" style=\"text-align:justify\"><span style=\"font-size:28pt\"><span cambria=\"\" style=\"font-family:\"><span style=\"letter-spacing:-0.5pt\"><b><span style=\"font-size:18.0pt\"><span calibri=\"\" style=\"font-family:\"><span style=\"font-variant:small-caps\">Setor<\/span><\/span><\/span><\/b><\/span><\/span><\/span><\/p>\r\n\r\n<p style=\"text-align:justify\"><span style=\"font-size:11pt\"><span style=\"line-height:normal\"><span calibri=\"\" style=\"font-family:\"><a href=\"https:\/\/plasticosemrevista.com.br\/america-do-sul-capacidade-limitada-de-poliolefinas\/\" style=\"color:blue; text-decoration:underline\"><span style=\"font-size:14.0pt\">Am&eacute;rica do Sul: capacidade limitada de poliolefinas<\/span><\/a><\/span><\/span><\/span><\/p>\r\n\r\n<p style=\"text-align:justify\"><span style=\"font-size:11pt\"><span style=\"line-height:normal\"><span calibri=\"\" style=\"font-family:\"><a href=\"https:\/\/plasticosemrevista.com.br\/ira-contribui-para-excedente-global-de-poliolefinas\/\" style=\"color:blue; text-decoration:underline\"><span style=\"font-size:14.0pt\">Ir&atilde; contribui para excedente global de poliolefinas<\/span><\/a><\/span><\/span><\/span><\/p>\r\n\r\n<p style=\"text-align:justify\"><span style=\"font-size:11pt\"><span style=\"line-height:normal\"><span calibri=\"\" style=\"font-family:\"><a href=\"https:\/\/bahia.ba\/salvador\/prefeitura-inicia-instalacao-de-geomantas-em-areas-de-risco-da-san-martin-e-de-piraja\/\" style=\"color:blue; text-decoration:underline\"><span style=\"font-size:14.0pt\">Prefeitura inicia instala&ccedil;&atilde;o de geomantas em &aacute;reas de risco da San Martin e de Piraj&aacute;<\/span><\/a><\/span><\/span><\/span><\/p>\r\n\r\n<p style=\"text-align:justify\"><span style=\"font-size:11pt\"><span style=\"line-height:normal\"><span calibri=\"\" style=\"font-family:\"><a href=\"https:\/\/exame.com\/mundo\/o-que-sao-facekinis-mascaras-ficam-famosas-na-china-devido-ao-calor-excessivo\/\" style=\"color:blue; text-decoration:underline\"><span style=\"font-size:14.0pt\">O que s&atilde;o &#39;facekinis&#39;? M&aacute;scaras ficam famosas na China devido ao calor excessivo<\/span><\/a><\/span><\/span><\/span><\/p>\r\n\r\n<p style=\"text-align:justify\"><span style=\"font-size:11pt\"><span style=\"line-height:normal\"><span calibri=\"\" style=\"font-family:\"><a href=\"https:\/\/www.textileworld.com\/textile-world\/nonwovens-technical-textiles\/2023\/07\/world-of-wipes-wow-international-conference-2023-breaks-attendance-records\/\" style=\"color:blue; text-decoration:underline\"><span style=\"font-size:14.0pt\">World of Wipes&reg; (WOW) International Conference 2023 Breaks Attendance Records<\/span><\/a><\/span><\/span><\/span><\/p>\r\n\r\n<p style=\"text-align:justify\"><span style=\"font-size:11pt\"><span style=\"line-height:normal\"><span calibri=\"\" style=\"font-family:\"><a href=\"http:\/\/cueroamerica.info\/wpnews\/2023\/07\/por-la-inflacion-y-la-baja-del-poder-adquisitivo-en-ee-uu-cae-el-consumo-de-calzado\/?utm_source=email_marketing&amp;utm_admin=28519&amp;utm_medium=email&amp;utm_campaign=NOTICIAS_de_las_Industrias_del_Calzado_Cuero_Marroquinera_y_Moda\" style=\"color:blue; text-decoration:underline\"><span style=\"font-size:14.0pt\">Por la inflaci&oacute;n y la baja del poder adquisitivo, en EE.UU. cae el consumo de calzado<\/span><\/a><\/span><\/span><\/span><\/p>\r\n\r\n<p style=\"text-align:justify\"><span style=\"font-size:11pt\"><span style=\"line-height:normal\"><span calibri=\"\" style=\"font-family:\"><a href=\"https:\/\/almaco.org.br\/2023\/07\/20\/na-melhor-das-hipoteses\/\" style=\"color:blue; text-decoration:underline\"><span style=\"font-size:14.0pt\">Comp&oacute;sitos: Na melhor das hip&oacute;teses<\/span><\/a><\/span><\/span><\/span><\/p>\r\n\r\n<p style=\"text-align:justify\"><span style=\"font-size:11pt\"><span style=\"line-height:normal\"><span calibri=\"\" style=\"font-family:\"><a href=\"https:\/\/epbr.com.br\/disputa-pela-braskem-por-que-petroquimica-atrai-investidores-ao-redor-do-mundo\/?utm_source=newsletters+epbr&amp;utm_campaign=0b9091e2f0-mais-lidas_COPY_01&amp;utm_medium=email&amp;utm_term=0_5931171aac-0b9091e2f0-466362780\" style=\"color:blue; text-decoration:underline\"><span style=\"font-size:14.0pt\">Disputa pela Braskem: por que petroqu&iacute;mica atrai investidores ao redor do mundo<\/span><\/a><\/span><\/span><\/span><\/p>\r\n\r\n<p style=\"text-align:justify\"><span style=\"font-size:11pt\"><span style=\"line-height:normal\"><span calibri=\"\" style=\"font-family:\"><a href=\"https:\/\/www.moneytimes.com.br\/gigante-britanica-mostra-interesse-pela-fatia-da-braskem-brkm5-veja\/#amp_tf=De%20%251%24s&amp;aoh=16898938568764&amp;csi=0&amp;referrer=https%3A%2F%2Fwww.google.com&amp;ampshare=https%3A%2F%2Fwww.moneytimes.com.br%2Fgigante-britanica-mostra-interesse-pela-fatia-da-braskem-brkm5-veja%2F\" style=\"color:blue; text-decoration:underline\"><span style=\"font-size:14.0pt\">Gigante brit&acirc;nica mostra interesse pela fatia da Braskem (BRKM5)<\/span><\/a><\/span><\/span><\/span><\/p>\r\n\r\n<p style=\"text-align:justify\"><span style=\"font-size:11pt\"><span style=\"line-height:normal\"><span calibri=\"\" style=\"font-family:\"><a href=\"https:\/\/www.bloomberglinea.com.br\/negocios\/tcu-deve-suspender-temporariamente-a-venda-da-braskem-segundo-fontes\/?utm_source=newsletters+epbr&amp;utm_campaign=ba47574f4b-epbr-comece-seu-dia_20230630_COPY_01&amp;utm_medium=email&amp;utm_term=0_5931171aac-ba47574f4b-466362780\" style=\"color:blue; text-decoration:underline\"><span style=\"font-size:14.0pt\">TCU deve suspender temporariamente processo de venda da Braskem, segundo fontes<\/span><\/a><\/span><\/span><\/span><\/p>\r\n\r\n<p style=\"text-align:justify\"><span style=\"font-size:11pt\"><span style=\"line-height:normal\"><span calibri=\"\" style=\"font-family:\"><a href=\"https:\/\/portugaltextil.com\/avancos-na-legislacao-para-os-texteis-geram-preocupacao\/?utm_term=Portugal+Textil+-+2023-07-17%3ADATEFORMAT%3Ad.m.Y&amp;utm_campaign=Portugal+Textil+FInal&amp;utm_source=e-goi&amp;utm_medium=email&amp;eg_sub=ef749a4dff&amp;eg_cam=1aead579e82425aad99715894ea827cf&amp;eg_list=6\" style=\"color:blue; text-decoration:underline\"><span style=\"font-size:14.0pt\">Avan&ccedil;os na legisla&ccedil;&atilde;o para os t&ecirc;xteis geram preocupa&ccedil;&atilde;o<\/span><\/a><\/span><\/span><\/span><\/p>\r\n\r\n<p style=\"text-align:justify\"><span style=\"font-size:11pt\"><span style=\"line-height:normal\"><span calibri=\"\" style=\"font-family:\"><a href=\"https:\/\/portugaltextil.com\/euratex-pede-apoio-para-financiamento-da-itv\/?utm_term=Portugal+Textil+-+2023-07-20%3ADATEFORMAT%3Ad.m.Y&amp;utm_campaign=Portugal+Textil+FInal&amp;utm_source=e-goi&amp;utm_medium=email&amp;eg_sub=ef749a4dff&amp;eg_cam=1864078762537941903c6192f91f3356&amp;eg_list=6\" style=\"color:blue; text-decoration:underline\"><span style=\"font-size:14.0pt\">Euratex pede apoio para financiamento da ITV<\/span><\/a><\/span><\/span><\/span><\/p>\r\n\r\n<p class=\"MsoTitle\" style=\"text-align:justify\"><span style=\"font-size:28pt\"><span cambria=\"\" style=\"font-family:\"><span style=\"letter-spacing:-0.5pt\"><b><span style=\"font-size:18.0pt\"><span calibri=\"\" style=\"font-family:\"><span style=\"font-variant:small-caps\">Ind&uacute;stria<\/span><\/span><\/span><\/b><\/span><\/span><\/span><\/p>\r\n\r\n<p style=\"text-align:justify\"><span style=\"font-size:11pt\"><span style=\"line-height:normal\"><span calibri=\"\" style=\"font-family:\"><a href=\"https:\/\/noticias.portaldaindustria.com.br\/noticias\/economia\/demanda-fraca-carga-tributaria-e-juros-altos-os-principais-problemas-da-industria-no-2o-trimestre\/\" style=\"color:blue; text-decoration:underline\"><span style=\"font-size:14.0pt\">Demanda fraca, carga tribut&aacute;ria e juros altos: os principais problemas da ind&uacute;stria no 2&ordm; trimestre<\/span><\/a><\/span><\/span><\/span><\/p>\r\n\r\n<p style=\"text-align:justify\"><span style=\"font-size:11pt\"><span style=\"line-height:normal\"><span calibri=\"\" style=\"font-family:\"><a href=\"https:\/\/diariodocomercio.com.br\/economia\/exportacoes-maquinas-avancam-semestre\/#gref\" style=\"color:blue; text-decoration:underline\"><span style=\"font-size:14.0pt\">Exporta&ccedil;&otilde;es de m&aacute;quinas avan&ccedil;am 26% no 1&ordm; semestre<\/span><\/a><\/span><\/span><\/span><\/p>\r\n\r\n<p style=\"text-align:justify\"><span style=\"font-size:11pt\"><span style=\"line-height:normal\"><span calibri=\"\" style=\"font-family:\"><a href=\"https:\/\/sinproquim.org.br\/deficit-na-balanca-comercial-brasileira-de-produtos-quimicos-no-primeiro-semestre-soma-us-237-bilhoes\/\" style=\"color:blue; text-decoration:underline\"><span style=\"font-size:14.0pt\">D&eacute;ficit na balan&ccedil;a comercial brasileira de produtos qu&iacute;micos no primeiro semestre soma US$ 23,7 bilh&otilde;es<\/span><\/a><\/span><\/span><\/span><\/p>\r\n\r\n<p style=\"text-align:justify\"><span style=\"font-size:11pt\"><span style=\"line-height:normal\"><span calibri=\"\" style=\"font-family:\"><a href=\"https:\/\/www.bloomberglinea.com.br\/mercados\/apostar-na-alta-do-petroleo-e-um-erro-alerta-head-de-commodities-do-citi\/?utm_source=newsletters+epbr&amp;utm_campaign=e4058ebc1b-epbr-comece-seu-dia_20230630_COPY_01&amp;utm_medium=email&amp;utm_term=0_5931171aac-e4058ebc1b-466362780\" style=\"color:blue; text-decoration:underline\"><span style=\"font-size:14.0pt\">Apostar na alta do petr&oacute;leo &eacute; um erro, alerta head de commodities do Citi<\/span><\/a><\/span><\/span><\/span><\/p>\r\n\r\n<p style=\"text-align:justify\"><span style=\"font-size:11pt\"><span style=\"line-height:normal\"><span calibri=\"\" style=\"font-family:\"><a href=\"https:\/\/noticias.portaldaindustria.com.br\/noticias\/trabalho\/emprego-na-industria-logistica-construcao-civil-vestuario-e-energia-vao-abrir-540-mil-vagas\/\" style=\"color:blue; text-decoration:underline\"><span style=\"font-size:14.0pt\">Emprego na ind&uacute;stria: log&iacute;stica, constru&ccedil;&atilde;o civil, vestu&aacute;rio e energia v&atilde;o abrir 540 mil vagas<\/span><\/a><\/span><\/span><\/span><\/p>\r\n\r\n<p style=\"text-align:justify\"><span style=\"font-size:11pt\"><span style=\"line-height:normal\"><span calibri=\"\" style=\"font-family:\"><a href=\"https:\/\/www.gov.br\/mdic\/pt-br\/assuntos\/noticias\/2023\/julho\/smart-factory-disponibiliza-r-7-milhoes-para-projetos-de-tecnologia-para-mpme\" style=\"color:blue; text-decoration:underline\"><span style=\"font-size:14.0pt\">Smart Factory disponibiliza R$ 7 milh&otilde;es para projetos de tecnologia para MPME<\/span><\/a><\/span><\/span><\/span><\/p>\r\n\r\n<p style=\"text-align:justify\"><span style=\"font-size:11pt\"><span style=\"line-height:normal\"><span calibri=\"\" style=\"font-family:\"><a href=\"https:\/\/www.jornaldosudoeste.com\/nordeste-brasileiro-apresenta-cenario-em-expansao-na-construcao-civil\/\" style=\"color:blue; text-decoration:underline\"><span style=\"font-size:14.0pt\">Nordeste brasileiro apresenta cen&aacute;rio em expans&atilde;o na constru&ccedil;&atilde;o civil<\/span><\/a><\/span><\/span><\/span><\/p>\r\n\r\n<p class=\"MsoTitle\" style=\"text-align:justify\"><span style=\"font-size:28pt\"><span cambria=\"\" style=\"font-family:\"><span style=\"letter-spacing:-0.5pt\"><b><span style=\"font-size:18.0pt\"><span calibri=\"\" style=\"font-family:\"><span style=\"font-variant:small-caps\">Sustentabilidade<\/span><\/span><\/span><\/b><\/span><\/span><\/span><\/p>\r\n\r\n<p style=\"text-align:justify\"><span style=\"font-size:11pt\"><span style=\"line-height:normal\"><span calibri=\"\" style=\"font-family:\"><a href=\"https:\/\/ciclovivo.com.br\/inovacao\/negocios\/garrafas-pet-retiradas-dos-oceanos-viram-tecidos-para-colchoes\/\" style=\"color:blue; text-decoration:underline\"><span style=\"font-size:14.0pt\">Garrafas PET retiradas dos oceanos viram tecidos para colch&otilde;es<\/span><\/a><\/span><\/span><\/span><\/p>\r\n\r\n<p style=\"text-align:justify\"><span style=\"font-size:11pt\"><span style=\"line-height:normal\"><span calibri=\"\" style=\"font-family:\"><a href=\"https:\/\/tiinside.com.br\/20\/07\/2023\/o-plastico-nao-e-o-vilao\/\" style=\"color:blue; text-decoration:underline\"><span style=\"font-size:14.0pt\">O pl&aacute;stico n&atilde;o &eacute; o vil&atilde;o!<\/span><\/a><\/span><\/span><\/span><\/p>\r\n\r\n<p style=\"text-align:justify\"><span style=\"font-size:11pt\"><span style=\"line-height:normal\"><span calibri=\"\" style=\"font-family:\"><a href=\"https:\/\/www.innovationintextiles.com\/fibres-yarns-fabrics\/recycling-tops-the-agenda-at-dornbirn-2023\/\" style=\"color:blue; text-decoration:underline\"><span style=\"font-size:14.0pt\">Recycling tops the agenda at Dornbirn 2023<\/span><\/a><\/span><\/span><\/span><\/p>\r\n\r\n<p style=\"text-align:justify\"><span style=\"font-size:11pt\"><span style=\"line-height:normal\"><span calibri=\"\" style=\"font-family:\"><a href=\"https:\/\/epbr.com.br\/petrobras-vai-buscar-a-alocacao-de-ate-15-do-capital-em-reducao-da-pegada-de-carbono\/?utm_source=newsletters+epbr&amp;utm_campaign=e4058ebc1b-epbr-comece-seu-dia_20230630_COPY_01&amp;utm_medium=email&amp;utm_term=0_5931171aac-e4058ebc1b-466362780\" style=\"color:blue; text-decoration:underline\"><span style=\"font-size:14.0pt\">Petrobras vai buscar a aloca&ccedil;&atilde;o de at&eacute; 15% do capital em redu&ccedil;&atilde;o da pegada de carbono<\/span><\/a><\/span><\/span><\/span><\/p>\r\n\r\n<p class=\"MsoTitle\" style=\"text-align:justify\"><span style=\"font-size:28pt\"><span cambria=\"\" style=\"font-family:\"><span style=\"letter-spacing:-0.5pt\"><b><span style=\"font-size:18.0pt\"><span calibri=\"\" style=\"font-family:\"><span style=\"font-variant:small-caps\">Inova&ccedil;&atilde;o<\/span><\/span><\/span><\/b><\/span><\/span><\/span><\/p>\r\n\r\n<p style=\"text-align:justify\"><span style=\"font-size:11pt\"><span style=\"line-height:normal\"><span calibri=\"\" style=\"font-family:\"><a href=\"https:\/\/www.gov.br\/mcti\/pt-br\/acompanhe-o-mcti\/noticias\/2023\/07\/desenvolvimento-sustentavel-e-estruturante-precisa-de-inovacao-diz-ministra\" style=\"color:blue; text-decoration:underline\"><span style=\"font-size:14.0pt\">Desenvolvimento sustent&aacute;vel e estruturante precisa de inova&ccedil;&atilde;o, diz ministra<\/span><\/a><\/span><\/span><\/span><\/p>\r\n\r\n<p style=\"text-align:justify\"><span style=\"font-size:11pt\"><span style=\"line-height:normal\"><span calibri=\"\" style=\"font-family:\"><a href=\"https:\/\/valoragregado.com\/ti-pode-melhorar-a-economia-circular\/\" style=\"color:blue; text-decoration:underline\"><span style=\"font-size:14.0pt\">Inova&ccedil;&atilde;o: TI pode melhorar a economia circular<\/span><\/a><\/span><\/span><\/span><\/p>\r\n\r\n<p style=\"text-align:justify\"><span style=\"font-size:11pt\"><span style=\"line-height:normal\"><span calibri=\"\" style=\"font-family:\"><a href=\"https:\/\/www.technicaltextile.net\/news\/uk-researchers-develop-mycocrete-from-mycelium-288915.html\" style=\"color:blue; text-decoration:underline\"><span style=\"font-size:14.0pt\">UK researchers develop mycocrete from mycelium<\/span><\/a><\/span><\/span><\/span><\/p>\r\n\r\n<p class=\"MsoTitle\" style=\"text-align:justify\"><span style=\"font-size:28pt\"><span cambria=\"\" style=\"font-family:\"><span style=\"letter-spacing:-0.5pt\"><b><span style=\"font-size:18.0pt\"><span calibri=\"\" style=\"font-family:\"><span style=\"font-variant:small-caps\">Com&eacute;rcio Exterior<\/span><\/span><\/span><\/b><\/span><\/span><\/span><\/p>\r\n\r\n<p style=\"text-align:justify\"><span style=\"font-size:11pt\"><span style=\"line-height:normal\"><span calibri=\"\" style=\"font-family:\"><a href=\"https:\/\/www.infomoney.com.br\/politica\/acordo-entre-mercosul-e-uniao-europeia-pode-viver-impasse-entre-exigencias-ambientais-e-compras-governamentais\/\" style=\"color:blue; text-decoration:underline\"><span style=\"font-size:14.0pt\">Acordo entre Mercosul e Uni&atilde;o Europeia pode viver impasse entre exig&ecirc;ncias ambientais e compras governamentais<\/span><\/a><\/span><\/span><\/span><\/p>\r\n\r\n<p style=\"text-align:justify\"><span style=\"font-size:11pt\"><span style=\"line-height:normal\"><span calibri=\"\" style=\"font-family:\"><a href=\"https:\/\/www.gov.br\/mdic\/pt-br\/assuntos\/noticias\/2023\/julho\/novo-regime-de-origem-do-mercosul-simplifica-regras-e-fortalece-o-comercio\" style=\"color:blue; text-decoration:underline\"><span style=\"font-size:14.0pt\">Novo regime de origem do Mercosul simplifica regras e fortalece o com&eacute;rcio<\/span><\/a><\/span><\/span><\/span><\/p>\r\n\r\n<p style=\"text-align:justify\"><span style=\"font-size:11pt\"><span style=\"line-height:normal\"><span calibri=\"\" style=\"font-family:\"><a href=\"https:\/\/static.portaldaindustria.com.br\/media\/filer_public\/d6\/54\/d6544c8d-8634-4c86-87da-4f64975e7f0c\/ex_ipc_23-027_cupula_celac_ue.pdf\" style=\"color:blue; text-decoration:underline\"><span style=\"font-size:14.0pt\">Autoridades da Am&eacute;rica Latina e Caribe e da Uni&atilde;o Europeia se Re&uacute;nem na III C&uacute;pula CELAC-UE<\/span><\/a><\/span><\/span><\/span><\/p>\r\n\r\n<p style=\"text-align:justify\"><span style=\"font-size:11pt\"><span style=\"line-height:normal\"><span calibri=\"\" style=\"font-family:\"><a href=\"https:\/\/agenciabrasil.ebc.com.br\/economia\/noticia\/2023-07\/parlamento-britanico-aprova-acordo-de-nao-bitributacao-com-o-brasil\" style=\"color:blue; text-decoration:underline\"><span style=\"font-size:14.0pt\">Parlamento brit&acirc;nico aprova acordo de n&atilde;o-bitributa&ccedil;&atilde;o com o Brasil<\/span><\/a><\/span><\/span><\/span><\/p>\r\n\r\n<p style=\"text-align:justify\"><span style=\"font-size:11pt\"><span style=\"line-height:normal\"><span calibri=\"\" style=\"font-family:\"><a href=\"https:\/\/epbr.com.br\/brasil-e-eua-vao-cooperar-em-hidrogenio-limpo-e-combustivel-sustentavel-de-aviacao\/\" style=\"color:blue; text-decoration:underline\"><span style=\"font-size:14.0pt\">Brasil e EUA v&atilde;o cooperar em hidrog&ecirc;nio limpo e combust&iacute;vel sustent&aacute;vel de avia&ccedil;&atilde;o<\/span><\/a><\/span><\/span><\/span><\/p>\r\n\r\n<p style=\"text-align:justify\"><span style=\"font-size:11pt\"><span style=\"line-height:normal\"><span calibri=\"\" style=\"font-family:\"><a href=\"https:\/\/portugaltextil.com\/paises-asiaticos-registam-queda-nas-exportacoes\/?utm_term=Portugal+Textil+-+2023-07-21%3ADATEFORMAT%3Ad.m.Y&amp;utm_campaign=Portugal+Textil+FInal&amp;utm_source=e-goi&amp;utm_medium=email&amp;eg_sub=ef749a4dff&amp;eg_cam=c9dced5872f9bcdd17f9b79833c907ea&amp;eg_list=6\" style=\"color:blue; text-decoration:underline\"><span style=\"font-size:14.0pt\">Pa&iacute;ses asi&aacute;ticos registam queda nas exporta&ccedil;&otilde;es<\/span><\/a><\/span><\/span><\/span><\/p>\r\n\r\n<p style=\"text-align:justify\"><span style=\"font-size:11pt\"><span style=\"line-height:normal\"><span calibri=\"\" style=\"font-family:\"><a href=\"http:\/\/cueroamerica.info\/wpnews\/2023\/07\/la-industria-de-mexico-pide-una-ley-que-lo-proteja-de-la-importacion-de-calzado-chino\/?utm_source=email_marketing&amp;utm_admin=28519&amp;utm_medium=email&amp;utm_campaign=NOTICIAS_de_las_Industrias_del_Calzado_Cuero_Marroquinera_y_Moda\" style=\"color:blue; text-decoration:underline\"><span style=\"font-size:14.0pt\">La industria de M&eacute;xico pide una ley que lo proteja de la importaci&oacute;n de calzado chino<\/span><\/a><\/span><\/span><\/span><\/p>\r\n\r\n<p class=\"MsoTitle\" style=\"text-align:justify\"><span style=\"font-size:28pt\"><span cambria=\"\" style=\"font-family:\"><span style=\"letter-spacing:-0.5pt\"><b><span style=\"font-size:18.0pt\"><span calibri=\"\" style=\"font-family:\"><span style=\"font-variant:small-caps\">Economia<\/span><\/span><\/span><\/b><\/span><\/span><\/span><\/p>\r\n\r\n<p style=\"text-align:justify\"><span style=\"font-size:11pt\"><span style=\"line-height:normal\"><span calibri=\"\" style=\"font-family:\"><a href=\"https:\/\/www.bcb.gov.br\/content\/focus\/focus\/R20230721.pdf\" style=\"color:blue; text-decoration:underline\"><span style=\"font-size:14.0pt\">Focus &ndash; Relat&oacute;rio de Mercado<\/span><\/a><\/span><\/span><\/span><\/p>\r\n\r\n<p style=\"text-align:justify\"><span style=\"font-size:11pt\"><span style=\"line-height:normal\"><span calibri=\"\" style=\"font-family:\"><a href=\"https:\/\/ibre.fgv.br\/blog-da-conjuntura-economica\/artigos\/previsao-do-fgv-ibre-para-o-pib-de-2023-e-revisada-para\" style=\"color:blue; text-decoration:underline\"><span style=\"font-size:14.0pt\">Previs&atilde;o do FGV IBRE para o PIB de 2023 &eacute; revisada, para crescimento de 1,6%<\/span><\/a><\/span><\/span><\/span><\/p>\r\n\r\n<p style=\"text-align:justify\"><span style=\"font-size:11pt\"><span style=\"line-height:normal\"><span calibri=\"\" style=\"font-family:\"><a href=\"https:\/\/blogdoibre.fgv.br\/posts\/neutralidade-e-nao-cumulatividade-do-iva-ibscbs\" style=\"color:blue; text-decoration:underline\"><span style=\"font-size:14.0pt\">Neutralidade e n&atilde;o-cumulatividade do IVA (IBS\/CBS)<\/span><\/a><\/span><\/span><\/span><\/p>\r\n\r\n<p style=\"text-align:justify\"><span style=\"font-size:11pt\"><span style=\"line-height:normal\"><span calibri=\"\" style=\"font-family:\"><a href=\"https:\/\/blogdoibre.fgv.br\/posts\/reformas-avancam-mas-ainda-ha-desafios\" style=\"color:blue; text-decoration:underline\"><span style=\"font-size:14.0pt\">Reformas avan&ccedil;am, mas ainda h&aacute; desafios<\/span><\/a><\/span><\/span><\/span><\/p>\r\n\r\n<p style=\"text-align:justify\"><span style=\"font-size:11pt\"><span style=\"line-height:normal\"><span calibri=\"\" style=\"font-family:\"><a href=\"https:\/\/www.fibre2fashion.com\/news\/textile-news\/eu-s-annual-inflation-rate-declines-to-6-4-in-june-2023-eurostat-288979-newsdetails.htm\" style=\"color:blue; text-decoration:underline\"><span style=\"font-size:14.0pt\">EU&#39;s annual inflation rate declines to 6.4% in June 2023: Eurostat<\/span><\/a><\/span><\/span><\/span><\/p>\r\n<\/div>\r\n<\/div>\r\n","6":"<p style=\"text-align:justify\"><span style=\"font-size:11pt\"><span style=\"line-height:normal\"><span calibri=\"\" style=\"font-family:\"><span style=\"font-size:14.0pt\">Esta &eacute; uma compila&ccedil;&atilde;o das not&iacute;cias mais relevantes para o setor, incluindo informa&ccedil;&otilde;es sobre acordos internacionais, economia brasileira, sustentabilidade e mat&eacute;rias primas, al&eacute;m de novidades do setor de N&atilde;otecidos e Tecidos T&eacute;cnicos.<\/span><\/span><\/span><\/span><\/p>\r\n\r\n<p class=\"MsoTitleCxSpLast\" style=\"text-align:justify\"><span style=\"font-size:28pt\"><span cambria=\"\" style=\"font-family:\"><span style=\"letter-spacing:-0.5pt\"><b><span style=\"font-size:18.0pt\"><span calibri=\"\" style=\"font-family:\"><span style=\"font-variant:small-caps\">Not&iacute;cias das Associadas<\/span><\/span><\/span><\/b><\/span><\/span><\/span><\/p>\r\n\r\n<p style=\"text-align:justify\"><span style=\"font-size:11pt\"><span style=\"line-height:normal\"><span calibri=\"\" style=\"font-family:\"><a href=\"https:\/\/tissueonline.com.br\/andritz-adquire-a-empresa-italiana-bonetti\/?utm_campaign=andritz_adquire_a_empresa_italiana_bonetti&amp;utm_medium=email&amp;utm_source=RD+Station\" style=\"color:blue; text-decoration:underline\"><span style=\"font-size:14.0pt\">ANDRITZ adquire a empresa italiana Bonetti<\/span><\/a><\/span><\/span><\/span><\/p>\r\n\r\n<p style=\"text-align:justify\"><span style=\"font-size:11pt\"><span style=\"line-height:normal\"><span calibri=\"\" style=\"font-family:\"><a href=\"https:\/\/www.nonwovens-industry.com\/live-from-shows\/world-of-wipes\/2023-07-19\/fibertex-nonwovens-presents-spunlace-needlepunch-nonwovens?utm_campaign=NON+Live+From+Show&amp;utm_medium=email&amp;_hsmi=266932640&amp;_hsenc=p2ANqtz-82AIgU-w-nohJGsS90AJoIXO1a6-frSIJTEQv2VanxqjU3MXnCSyutp6CAlif02jWU9CFLKJ2W3QNxpinb6hIzXSAeVQ&amp;utm_content=266932640&amp;utm_source=hs_email\" style=\"color:blue; text-decoration:underline\"><span style=\"font-size:14.0pt\">Fibertex Nonwovens Presents Spunlace, Needlepunch Nonwovens<\/span><\/a><\/span><\/span><\/span><\/p>\r\n\r\n<p style=\"text-align:justify\"><span style=\"font-size:11pt\"><span style=\"line-height:normal\"><span calibri=\"\" style=\"font-family:\"><a href=\"https:\/\/www.nonwovens-industry.com\/contents\/view_breaking-news\/2023-07-18\/freudenberg-unveils-sustainable-microfiber-solution-for-artificial-leather-applications\/\" style=\"color:blue; text-decoration:underline\"><span style=\"font-size:14.0pt\">Freudenberg Unveils Sustainable Microfiber Solution for Artificial Leather Applications<\/span><\/a><\/span><\/span><\/span><\/p>\r\n\r\n<p style=\"text-align:justify\"><span style=\"font-size:11pt\"><span style=\"line-height:normal\"><span calibri=\"\" style=\"font-family:\"><a href=\"https:\/\/www.nonwovens-industry.com\/contents\/view_breaking-news\/2023-07-20\/indorama-ventures-and-polymateria-win-world-of-wipes-innovation-award?utm_campaign=NON+eNewsletter&amp;utm_medium=email&amp;_hsmi=267139380&amp;_hsenc=p2ANqtz-_XhFgQlUvLN99ZirqngQZIV47rrev-OM2uYpQaWDtX6MC401gzB1wMODeBpMXw3cpBeHRN1GUCrtSz1Yr_yVcQHjkxHQ&amp;utm_content=267139380&amp;utm_source=hs_email\" style=\"color:blue; text-decoration:underline\"><span style=\"font-size:14.0pt\">Indorama Ventures and Polymateria Win World of Wipes Innovation Award<\/span><\/a><\/span><\/span><\/span><\/p>\r\n\r\n<div class=\"conteudo\" id=\"conteudoNovidadeShow\">\r\n<div class=\"texto-novidade\"><span style=\"font-size:28pt\"><span cambria=\"\" style=\"font-family:\"><span style=\"letter-spacing:-0.5pt\"><b><span style=\"font-size:18.0pt\"><span calibri=\"\" style=\"font-family:\"><span style=\"font-variant:small-caps\">A&ccedil;&otilde;es da ABINT<\/span><\/span><\/span><\/b><\/span><\/span><\/span><br type=\"_moz\" \/>\r\n<img src=\"https:\/\/www.abint.org.br\/assets\/img\/editor\/e-mail-marketing-curso_202307171152579vBeBB7qW2.jpg\" style=\"width:400px; height:560px\" \/>\r\n<p class=\"MsoTitle\" style=\"text-align:justify\"><span style=\"font-size:28pt\"><span cambria=\"\" style=\"font-family:\"><span style=\"letter-spacing:-0.5pt\"><a href=\"https:\/\/www.abint.org.br\/informacao\/outros\/programacao-curso-abint-tecnologia-dos-naotecidos\" style=\"color:blue; text-decoration:underline\"><b><span style=\"font-size:14.0pt\"><span calibri=\"\" style=\"font-family:\"><span style=\"letter-spacing:0pt\">Programa&ccedil;&atilde;o<\/span><\/span><\/span><\/b><\/a><b><span style=\"font-size:14.0pt\"><span calibri=\"\" style=\"font-family:\"><span style=\"letter-spacing:0pt\"> \/ <\/span><\/span><\/span><\/b><a href=\"https:\/\/www.abint.org.br\/informacao\/outros\/informacoes-curso-abint-tecnologia-dos-naotecidos\" style=\"color:blue; text-decoration:underline\"><b><span style=\"font-size:14.0pt\"><span calibri=\"\" style=\"font-family:\"><span style=\"letter-spacing:0pt\">Informa&ccedil;&otilde;es<\/span><\/span><\/span><\/b><\/a><b><span style=\"font-size:14.0pt\"><span calibri=\"\" style=\"font-family:\"><span style=\"letter-spacing:0pt\"> \/ <\/span><\/span><\/span><\/b><a href=\"https:\/\/forms.gle\/E5bZXpiNh7wZ9kcQ6\" style=\"color:blue; text-decoration:underline\"><b><span style=\"font-size:14.0pt\"><span calibri=\"\" style=\"font-family:\"><span style=\"letter-spacing:0pt\">Inscri&ccedil;&otilde;es<\/span><\/span><\/span><\/b><\/a><\/span><\/span><\/span><\/p>\r\n\r\n<p style=\"text-align:justify\">&nbsp;<\/p>\r\n\r\n<p style=\"text-align:justify\"><span style=\"font-size:11pt\"><span style=\"line-height:normal\"><span calibri=\"\" style=\"font-family:\"><b><span style=\"font-size:18.0pt\"><span style=\"font-variant:small-caps\">Eventos<\/span><\/span><\/b><\/span><\/span><\/span><\/p>\r\n\r\n<p style=\"text-align:justify\"><span style=\"font-size:11pt\"><span style=\"line-height:normal\"><span calibri=\"\" style=\"font-family:\"><b><span style=\"font-size:14.0pt\">Movimento Pl&aacute;stico Transforma promove a import&acirc;ncia da Economia Circular, <\/span><\/b><span style=\"font-size:14.0pt\">de 25 a 30 de julho, no Espa&ccedil;o Economia Circular do Pl&aacute;stico, no piso superior do Museu Catavento, em S&atilde;o Paulo. <\/span><a href=\"https:\/\/revistalivemarketing.com.br\/movimento-plastico-transforma-promove-a-importancia-da-economia-circular\/\" style=\"color:blue; text-decoration:underline\"><span style=\"font-size:14.0pt\">Saiba mais<\/span><\/a><span style=\"font-size:14.0pt\">. <\/span><\/span><\/span><\/span><\/p>\r\n\r\n<p style=\"text-align:justify\"><span style=\"font-size:11pt\"><span style=\"line-height:normal\"><span calibri=\"\" style=\"font-family:\"><b><span style=\"font-size:14.0pt\">Webinar Sobratema | &quot;Atualiza&ccedil;&atilde;o das Tend&ecirc;ncias no Mercado da Constru&ccedil;&atilde;o&quot;,<\/span><\/b> <span style=\"font-size:14.0pt\">27 de julho de 2023, &agrave;s 15h, transmiss&atilde;o ao vivo e exclusiva pelo<\/span> <a href=\"http:\/\/emkt.sobratemanews.org.br\/emkt\/tracer\/?2,7874383,260ba16a,5491,1\" style=\"color:blue; text-decoration:underline\"><span style=\"font-size:14.0pt\">Canal da Sobratema no YouTube<\/span><\/a><span class=\"MsoHyperlink\" style=\"color:blue\"><span style=\"text-decoration:underline\"><span style=\"font-size:14.0pt\"><span style=\"text-decoration:none\"><span style=\"text-underline:none\">.<\/span><\/span><\/span><\/span><\/span><\/span><\/span><\/span><\/p>\r\n\r\n<p style=\"text-align:justify\"><span style=\"font-size:11pt\"><span style=\"line-height:normal\"><span calibri=\"\" style=\"font-family:\"><b><span style=\"font-size:14.0pt\">IV Congreso Sudamericano de Composites, Poliuretano y Pl&aacute;sticos de Ingenier&iacute;a,<\/span><\/b><span style=\"font-size:14.0pt\"> 8 e 9 de agosto, Buenos Aires, Argentina. <\/span><a href=\"http:\/\/www.congresosudamericano.com\/blog.html\" style=\"color:blue; text-decoration:underline\"><span style=\"font-size:14.0pt\">Informa&ccedil;&otilde;es<\/span><\/a> <\/span><\/span><\/span><\/p>\r\n\r\n<p style=\"text-align:justify\"><span style=\"font-size:11pt\"><span style=\"line-height:normal\"><span calibri=\"\" style=\"font-family:\"><b><span style=\"font-size:14.0pt\">XII Simp&oacute;sio Internacional de Excel&ecirc;ncia em Produ&ccedil;&atilde;o | &quot;Efici&ecirc;ncia de Processos Industriais<\/span><\/b><span style=\"font-size:14.0pt\">, 17 de agosto de 2023, 08h30 &agrave;s 12h00, Centro Universit&aacute;rio FACENS, Sorocaba, SP.<\/span><\/span><\/span><\/span><\/p>\r\n\r\n<p style=\"text-align:justify\"><span style=\"font-size:11pt\"><span style=\"line-height:normal\"><span calibri=\"\" style=\"font-family:\"><b><span style=\"font-size:14.0pt\">CONAHP 2023<\/span><\/b><span style=\"font-size:14.0pt\">, 18 e 19 de outubro, Transamerica Expo Center, S&atilde;o Paulo, SP. <\/span><a href=\"https:\/\/conahp.org.br\/2023\/\" style=\"color:blue; text-decoration:underline\"><span style=\"font-size:14.0pt\">Informa&ccedil;&otilde;es<\/span><\/a> <\/span><\/span><\/span><\/p>\r\n\r\n<p style=\"text-align:justify\"><span style=\"font-size:11pt\"><span style=\"line-height:normal\"><span calibri=\"\" style=\"font-family:\"><b><span style=\"font-size:14.0pt\">FIMMA BRASIL - Feira Internacional de Fornecedores da Cadeia Produtiva Madeira e M&oacute;veis<\/span><\/b><span style=\"font-size:14.0pt\">, 28 a 31 de agosto de 2023, das 10h &agrave;s 19h, Bento Gon&ccedil;alves, RS. <\/span><a href=\"https:\/\/fimma.com.br\/\" style=\"color:blue; text-decoration:underline\"><span style=\"font-size:14.0pt\">Informa&ccedil;&otilde;es<\/span><\/a> <\/span><\/span><\/span><\/p>\r\n\r\n<p style=\"text-align:justify\"><span style=\"font-size:11pt\"><span style=\"line-height:normal\"><span calibri=\"\" style=\"font-family:\"><b><span style=\"font-size:14.0pt\">22&ordf; FEBRAVA - Feira Internacional de Refrigera&ccedil;&atilde;o, Ar-Condicionado, Ventila&ccedil;&atilde;o, Aquecimento, Tratamento de Ar e de &Aacute;guas<\/span><\/b><span style=\"font-size:14.0pt\">, 12 a 15 de setembro de 2023, S&atilde;o Paulo Expo. <\/span><a href=\"https:\/\/www.febrava.com.br\/pt-br.html\" style=\"color:blue; text-decoration:underline\"><span style=\"font-size:14.0pt\">Informa&ccedil;&otilde;es<\/span><\/a> <\/span><\/span><\/span><\/p>\r\n\r\n<p style=\"text-align:justify\"><span style=\"font-size:11pt\"><span style=\"line-height:normal\"><span calibri=\"\" style=\"font-family:\"><b><span style=\"font-size:14.0pt\">18&ordm; CONBRAVA &ndash; Congresso Brasileiro de Refrigera&ccedil;&atilde;o, Ar-Condicionado, Ventila&ccedil;&atilde;o, Aquecimento e Tratamento de Ar | &ldquo;AVACR rumo ao um futuro sustent&aacute;vel e saud&aacute;vel&rdquo;, <\/span><\/b><span style=\"font-size:14.0pt\">13 a 15 de setembro de 2023, S&atilde;o Paulo Expo, SP. <\/span><a href=\"http:\/\/conbrava.comercial.ws\/site\/\" style=\"color:blue; text-decoration:underline\"><span style=\"font-size:14.0pt\">Informa&ccedil;&otilde;es<\/span><\/a> <\/span><\/span><\/span><\/p>\r\n\r\n<p style=\"text-align:justify\"><span style=\"font-size:11pt\"><span style=\"line-height:normal\"><span calibri=\"\" style=\"font-family:\"><b><span style=\"font-size:14.0pt\">CNI\/ SEBRAE | 10&ordm; Congresso Internacional da Inova&ccedil;&atilde;o da Ind&uacute;stria<\/span><\/b><span style=\"font-size:14.0pt\">, 27 e 28 de setembro de 2023, S&atilde;o Paulo Expo.<\/span> <a href=\"https:\/\/www.congressodeinovacao.com.br\/?utm_source=comext&amp;utm_medium=email&amp;utm_campaign=eventos&amp;utm_content=id00053#msdynttrid=gg5jXwSFR7qM4vHH2tKGau3cTwSFDneTjMUhrcPg7vE\" style=\"color:blue; text-decoration:underline\"><span style=\"font-size:14.0pt\">Informa&ccedil;&otilde;es<\/span><\/a> <\/span><\/span><\/span><\/p>\r\n\r\n<p style=\"text-align:justify\"><span style=\"font-size:11pt\"><span style=\"line-height:normal\"><span calibri=\"\" style=\"font-family:\"><b><span style=\"font-size:14.0pt\">FiltXPO&trade; 2023<\/span><\/b><span class=\"MsoHyperlink\" style=\"color:blue\"><span style=\"text-decoration:underline\"><span style=\"font-size:14.0pt\"><span style=\"text-decoration:none\"><span style=\"text-underline:none\">, <\/span><\/span><\/span><\/span><\/span><span style=\"font-size:14.0pt\">October 10-12, 2023 at Navy Pier in Chicago, Illinois<\/span><span class=\"MsoHyperlink\" style=\"color:blue\"><span style=\"text-decoration:underline\"><span style=\"font-size:14.0pt\"><span style=\"text-decoration:none\"><span style=\"text-underline:none\">. <\/span><\/span><\/span><\/span><\/span><a href=\"https:\/\/www.filtxpo.com\/\" style=\"color:blue; text-decoration:underline\"><span style=\"font-size:14.0pt\">Informa&ccedil;&otilde;es<\/span><\/a> <\/span><\/span><\/span><\/p>\r\n\r\n<p style=\"text-align:justify\"><span style=\"font-size:11pt\"><span style=\"line-height:normal\"><span calibri=\"\" style=\"font-family:\"><b><span style=\"font-size:14.0pt\">V Congreso Sudamericano de Composites, Poliuretano y Pl&aacute;sticos de Ingenier&iacute;a, <\/span><\/b><span style=\"font-size:14.0pt\">24 e 25 de outubro de 2023, Bogot&aacute;, Col&ocirc;mbia. <\/span><a href=\"http:\/\/www.congresosudamericano.com\/blog.html\" style=\"color:blue; text-decoration:underline\"><span style=\"font-size:14.0pt\">Informa&ccedil;&otilde;es<\/span><\/a> <\/span><\/span><\/span><\/p>\r\n\r\n<p style=\"text-align:justify\"><span style=\"font-size:11pt\"><span style=\"line-height:normal\"><span calibri=\"\" style=\"font-family:\"><b><span style=\"font-size:14.0pt\">Abrafiltros | 2&ordm; Semin&aacute;rio Brasileiro de Filtros<\/span><\/b><span style=\"font-size:14.0pt\">, 08 de novembro de 2023.<\/span><\/span><\/span><\/span><\/p>\r\n\r\n<p class=\"MsoTitle\" style=\"text-align:justify\"><span style=\"font-size:28pt\"><span cambria=\"\" style=\"font-family:\"><span style=\"letter-spacing:-0.5pt\"><b><span style=\"font-size:18.0pt\"><span calibri=\"\" style=\"font-family:\"><span style=\"font-variant:small-caps\">Setor<\/span><\/span><\/span><\/b><\/span><\/span><\/span><\/p>\r\n\r\n<p style=\"text-align:justify\"><span style=\"font-size:11pt\"><span style=\"line-height:normal\"><span calibri=\"\" style=\"font-family:\"><a href=\"https:\/\/plasticosemrevista.com.br\/america-do-sul-capacidade-limitada-de-poliolefinas\/\" style=\"color:blue; text-decoration:underline\"><span style=\"font-size:14.0pt\">Am&eacute;rica do Sul: capacidade limitada de poliolefinas<\/span><\/a><\/span><\/span><\/span><\/p>\r\n\r\n<p style=\"text-align:justify\"><span style=\"font-size:11pt\"><span style=\"line-height:normal\"><span calibri=\"\" style=\"font-family:\"><a href=\"https:\/\/plasticosemrevista.com.br\/ira-contribui-para-excedente-global-de-poliolefinas\/\" style=\"color:blue; text-decoration:underline\"><span style=\"font-size:14.0pt\">Ir&atilde; contribui para excedente global de poliolefinas<\/span><\/a><\/span><\/span><\/span><\/p>\r\n\r\n<p style=\"text-align:justify\"><span style=\"font-size:11pt\"><span style=\"line-height:normal\"><span calibri=\"\" style=\"font-family:\"><a href=\"https:\/\/bahia.ba\/salvador\/prefeitura-inicia-instalacao-de-geomantas-em-areas-de-risco-da-san-martin-e-de-piraja\/\" style=\"color:blue; text-decoration:underline\"><span style=\"font-size:14.0pt\">Prefeitura inicia instala&ccedil;&atilde;o de geomantas em &aacute;reas de risco da San Martin e de Piraj&aacute;<\/span><\/a><\/span><\/span><\/span><\/p>\r\n\r\n<p style=\"text-align:justify\"><span style=\"font-size:11pt\"><span style=\"line-height:normal\"><span calibri=\"\" style=\"font-family:\"><a href=\"https:\/\/exame.com\/mundo\/o-que-sao-facekinis-mascaras-ficam-famosas-na-china-devido-ao-calor-excessivo\/\" style=\"color:blue; text-decoration:underline\"><span style=\"font-size:14.0pt\">O que s&atilde;o &#39;facekinis&#39;? M&aacute;scaras ficam famosas na China devido ao calor excessivo<\/span><\/a><\/span><\/span><\/span><\/p>\r\n\r\n<p style=\"text-align:justify\"><span style=\"font-size:11pt\"><span style=\"line-height:normal\"><span calibri=\"\" style=\"font-family:\"><a href=\"https:\/\/www.textileworld.com\/textile-world\/nonwovens-technical-textiles\/2023\/07\/world-of-wipes-wow-international-conference-2023-breaks-attendance-records\/\" style=\"color:blue; text-decoration:underline\"><span style=\"font-size:14.0pt\">World of Wipes&reg; (WOW) International Conference 2023 Breaks Attendance Records<\/span><\/a><\/span><\/span><\/span><\/p>\r\n\r\n<p style=\"text-align:justify\"><span style=\"font-size:11pt\"><span style=\"line-height:normal\"><span calibri=\"\" style=\"font-family:\"><a href=\"http:\/\/cueroamerica.info\/wpnews\/2023\/07\/por-la-inflacion-y-la-baja-del-poder-adquisitivo-en-ee-uu-cae-el-consumo-de-calzado\/?utm_source=email_marketing&amp;utm_admin=28519&amp;utm_medium=email&amp;utm_campaign=NOTICIAS_de_las_Industrias_del_Calzado_Cuero_Marroquinera_y_Moda\" style=\"color:blue; text-decoration:underline\"><span style=\"font-size:14.0pt\">Por la inflaci&oacute;n y la baja del poder adquisitivo, en EE.UU. cae el consumo de calzado<\/span><\/a><\/span><\/span><\/span><\/p>\r\n\r\n<p style=\"text-align:justify\"><span style=\"font-size:11pt\"><span style=\"line-height:normal\"><span calibri=\"\" style=\"font-family:\"><a href=\"https:\/\/almaco.org.br\/2023\/07\/20\/na-melhor-das-hipoteses\/\" style=\"color:blue; text-decoration:underline\"><span style=\"font-size:14.0pt\">Comp&oacute;sitos: Na melhor das hip&oacute;teses<\/span><\/a><\/span><\/span><\/span><\/p>\r\n\r\n<p style=\"text-align:justify\"><span style=\"font-size:11pt\"><span style=\"line-height:normal\"><span calibri=\"\" style=\"font-family:\"><a href=\"https:\/\/epbr.com.br\/disputa-pela-braskem-por-que-petroquimica-atrai-investidores-ao-redor-do-mundo\/?utm_source=newsletters+epbr&amp;utm_campaign=0b9091e2f0-mais-lidas_COPY_01&amp;utm_medium=email&amp;utm_term=0_5931171aac-0b9091e2f0-466362780\" style=\"color:blue; text-decoration:underline\"><span style=\"font-size:14.0pt\">Disputa pela Braskem: por que petroqu&iacute;mica atrai investidores ao redor do mundo<\/span><\/a><\/span><\/span><\/span><\/p>\r\n\r\n<p style=\"text-align:justify\"><span style=\"font-size:11pt\"><span style=\"line-height:normal\"><span calibri=\"\" style=\"font-family:\"><a href=\"https:\/\/www.moneytimes.com.br\/gigante-britanica-mostra-interesse-pela-fatia-da-braskem-brkm5-veja\/#amp_tf=De%20%251%24s&amp;aoh=16898938568764&amp;csi=0&amp;referrer=https%3A%2F%2Fwww.google.com&amp;ampshare=https%3A%2F%2Fwww.moneytimes.com.br%2Fgigante-britanica-mostra-interesse-pela-fatia-da-braskem-brkm5-veja%2F\" style=\"color:blue; text-decoration:underline\"><span style=\"font-size:14.0pt\">Gigante brit&acirc;nica mostra interesse pela fatia da Braskem (BRKM5)<\/span><\/a><\/span><\/span><\/span><\/p>\r\n\r\n<p style=\"text-align:justify\"><span style=\"font-size:11pt\"><span style=\"line-height:normal\"><span calibri=\"\" style=\"font-family:\"><a href=\"https:\/\/www.bloomberglinea.com.br\/negocios\/tcu-deve-suspender-temporariamente-a-venda-da-braskem-segundo-fontes\/?utm_source=newsletters+epbr&amp;utm_campaign=ba47574f4b-epbr-comece-seu-dia_20230630_COPY_01&amp;utm_medium=email&amp;utm_term=0_5931171aac-ba47574f4b-466362780\" style=\"color:blue; text-decoration:underline\"><span style=\"font-size:14.0pt\">TCU deve suspender temporariamente processo de venda da Braskem, segundo fontes<\/span><\/a><\/span><\/span><\/span><\/p>\r\n\r\n<p style=\"text-align:justify\"><span style=\"font-size:11pt\"><span style=\"line-height:normal\"><span calibri=\"\" style=\"font-family:\"><a href=\"https:\/\/portugaltextil.com\/avancos-na-legislacao-para-os-texteis-geram-preocupacao\/?utm_term=Portugal+Textil+-+2023-07-17%3ADATEFORMAT%3Ad.m.Y&amp;utm_campaign=Portugal+Textil+FInal&amp;utm_source=e-goi&amp;utm_medium=email&amp;eg_sub=ef749a4dff&amp;eg_cam=1aead579e82425aad99715894ea827cf&amp;eg_list=6\" style=\"color:blue; text-decoration:underline\"><span style=\"font-size:14.0pt\">Avan&ccedil;os na legisla&ccedil;&atilde;o para os t&ecirc;xteis geram preocupa&ccedil;&atilde;o<\/span><\/a><\/span><\/span><\/span><\/p>\r\n\r\n<p style=\"text-align:justify\"><span style=\"font-size:11pt\"><span style=\"line-height:normal\"><span calibri=\"\" style=\"font-family:\"><a href=\"https:\/\/portugaltextil.com\/euratex-pede-apoio-para-financiamento-da-itv\/?utm_term=Portugal+Textil+-+2023-07-20%3ADATEFORMAT%3Ad.m.Y&amp;utm_campaign=Portugal+Textil+FInal&amp;utm_source=e-goi&amp;utm_medium=email&amp;eg_sub=ef749a4dff&amp;eg_cam=1864078762537941903c6192f91f3356&amp;eg_list=6\" style=\"color:blue; text-decoration:underline\"><span style=\"font-size:14.0pt\">Euratex pede apoio para financiamento da ITV<\/span><\/a><\/span><\/span><\/span><\/p>\r\n\r\n<p class=\"MsoTitle\" style=\"text-align:justify\"><span style=\"font-size:28pt\"><span cambria=\"\" style=\"font-family:\"><span style=\"letter-spacing:-0.5pt\"><b><span style=\"font-size:18.0pt\"><span calibri=\"\" style=\"font-family:\"><span style=\"font-variant:small-caps\">Ind&uacute;stria<\/span><\/span><\/span><\/b><\/span><\/span><\/span><\/p>\r\n\r\n<p style=\"text-align:justify\"><span style=\"font-size:11pt\"><span style=\"line-height:normal\"><span calibri=\"\" style=\"font-family:\"><a href=\"https:\/\/noticias.portaldaindustria.com.br\/noticias\/economia\/demanda-fraca-carga-tributaria-e-juros-altos-os-principais-problemas-da-industria-no-2o-trimestre\/\" style=\"color:blue; text-decoration:underline\"><span style=\"font-size:14.0pt\">Demanda fraca, carga tribut&aacute;ria e juros altos: os principais problemas da ind&uacute;stria no 2&ordm; trimestre<\/span><\/a><\/span><\/span><\/span><\/p>\r\n\r\n<p style=\"text-align:justify\"><span style=\"font-size:11pt\"><span style=\"line-height:normal\"><span calibri=\"\" style=\"font-family:\"><a href=\"https:\/\/diariodocomercio.com.br\/economia\/exportacoes-maquinas-avancam-semestre\/#gref\" style=\"color:blue; text-decoration:underline\"><span style=\"font-size:14.0pt\">Exporta&ccedil;&otilde;es de m&aacute;quinas avan&ccedil;am 26% no 1&ordm; semestre<\/span><\/a><\/span><\/span><\/span><\/p>\r\n\r\n<p style=\"text-align:justify\"><span style=\"font-size:11pt\"><span style=\"line-height:normal\"><span calibri=\"\" style=\"font-family:\"><a href=\"https:\/\/sinproquim.org.br\/deficit-na-balanca-comercial-brasileira-de-produtos-quimicos-no-primeiro-semestre-soma-us-237-bilhoes\/\" style=\"color:blue; text-decoration:underline\"><span style=\"font-size:14.0pt\">D&eacute;ficit na balan&ccedil;a comercial brasileira de produtos qu&iacute;micos no primeiro semestre soma US$ 23,7 bilh&otilde;es<\/span><\/a><\/span><\/span><\/span><\/p>\r\n\r\n<p style=\"text-align:justify\"><span style=\"font-size:11pt\"><span style=\"line-height:normal\"><span calibri=\"\" style=\"font-family:\"><a href=\"https:\/\/www.bloomberglinea.com.br\/mercados\/apostar-na-alta-do-petroleo-e-um-erro-alerta-head-de-commodities-do-citi\/?utm_source=newsletters+epbr&amp;utm_campaign=e4058ebc1b-epbr-comece-seu-dia_20230630_COPY_01&amp;utm_medium=email&amp;utm_term=0_5931171aac-e4058ebc1b-466362780\" style=\"color:blue; text-decoration:underline\"><span style=\"font-size:14.0pt\">Apostar na alta do petr&oacute;leo &eacute; um erro, alerta head de commodities do Citi<\/span><\/a><\/span><\/span><\/span><\/p>\r\n\r\n<p style=\"text-align:justify\"><span style=\"font-size:11pt\"><span style=\"line-height:normal\"><span calibri=\"\" style=\"font-family:\"><a href=\"https:\/\/noticias.portaldaindustria.com.br\/noticias\/trabalho\/emprego-na-industria-logistica-construcao-civil-vestuario-e-energia-vao-abrir-540-mil-vagas\/\" style=\"color:blue; text-decoration:underline\"><span style=\"font-size:14.0pt\">Emprego na ind&uacute;stria: log&iacute;stica, constru&ccedil;&atilde;o civil, vestu&aacute;rio e energia v&atilde;o abrir 540 mil vagas<\/span><\/a><\/span><\/span><\/span><\/p>\r\n\r\n<p style=\"text-align:justify\"><span style=\"font-size:11pt\"><span style=\"line-height:normal\"><span calibri=\"\" style=\"font-family:\"><a href=\"https:\/\/www.gov.br\/mdic\/pt-br\/assuntos\/noticias\/2023\/julho\/smart-factory-disponibiliza-r-7-milhoes-para-projetos-de-tecnologia-para-mpme\" style=\"color:blue; text-decoration:underline\"><span style=\"font-size:14.0pt\">Smart Factory disponibiliza R$ 7 milh&otilde;es para projetos de tecnologia para MPME<\/span><\/a><\/span><\/span><\/span><\/p>\r\n\r\n<p style=\"text-align:justify\"><span style=\"font-size:11pt\"><span style=\"line-height:normal\"><span calibri=\"\" style=\"font-family:\"><a href=\"https:\/\/www.jornaldosudoeste.com\/nordeste-brasileiro-apresenta-cenario-em-expansao-na-construcao-civil\/\" style=\"color:blue; text-decoration:underline\"><span style=\"font-size:14.0pt\">Nordeste brasileiro apresenta cen&aacute;rio em expans&atilde;o na constru&ccedil;&atilde;o civil<\/span><\/a><\/span><\/span><\/span><\/p>\r\n\r\n<p class=\"MsoTitle\" style=\"text-align:justify\"><span style=\"font-size:28pt\"><span cambria=\"\" style=\"font-family:\"><span style=\"letter-spacing:-0.5pt\"><b><span style=\"font-size:18.0pt\"><span calibri=\"\" style=\"font-family:\"><span style=\"font-variant:small-caps\">Sustentabilidade<\/span><\/span><\/span><\/b><\/span><\/span><\/span><\/p>\r\n\r\n<p style=\"text-align:justify\"><span style=\"font-size:11pt\"><span style=\"line-height:normal\"><span calibri=\"\" style=\"font-family:\"><a href=\"https:\/\/ciclovivo.com.br\/inovacao\/negocios\/garrafas-pet-retiradas-dos-oceanos-viram-tecidos-para-colchoes\/\" style=\"color:blue; text-decoration:underline\"><span style=\"font-size:14.0pt\">Garrafas PET retiradas dos oceanos viram tecidos para colch&otilde;es<\/span><\/a><\/span><\/span><\/span><\/p>\r\n\r\n<p style=\"text-align:justify\"><span style=\"font-size:11pt\"><span style=\"line-height:normal\"><span calibri=\"\" style=\"font-family:\"><a href=\"https:\/\/tiinside.com.br\/20\/07\/2023\/o-plastico-nao-e-o-vilao\/\" style=\"color:blue; text-decoration:underline\"><span style=\"font-size:14.0pt\">O pl&aacute;stico n&atilde;o &eacute; o vil&atilde;o!<\/span><\/a><\/span><\/span><\/span><\/p>\r\n\r\n<p style=\"text-align:justify\"><span style=\"font-size:11pt\"><span style=\"line-height:normal\"><span calibri=\"\" style=\"font-family:\"><a href=\"https:\/\/www.innovationintextiles.com\/fibres-yarns-fabrics\/recycling-tops-the-agenda-at-dornbirn-2023\/\" style=\"color:blue; text-decoration:underline\"><span style=\"font-size:14.0pt\">Recycling tops the agenda at Dornbirn 2023<\/span><\/a><\/span><\/span><\/span><\/p>\r\n\r\n<p style=\"text-align:justify\"><span style=\"font-size:11pt\"><span style=\"line-height:normal\"><span calibri=\"\" style=\"font-family:\"><a href=\"https:\/\/epbr.com.br\/petrobras-vai-buscar-a-alocacao-de-ate-15-do-capital-em-reducao-da-pegada-de-carbono\/?utm_source=newsletters+epbr&amp;utm_campaign=e4058ebc1b-epbr-comece-seu-dia_20230630_COPY_01&amp;utm_medium=email&amp;utm_term=0_5931171aac-e4058ebc1b-466362780\" style=\"color:blue; text-decoration:underline\"><span style=\"font-size:14.0pt\">Petrobras vai buscar a aloca&ccedil;&atilde;o de at&eacute; 15% do capital em redu&ccedil;&atilde;o da pegada de carbono<\/span><\/a><\/span><\/span><\/span><\/p>\r\n\r\n<p class=\"MsoTitle\" style=\"text-align:justify\"><span style=\"font-size:28pt\"><span cambria=\"\" style=\"font-family:\"><span style=\"letter-spacing:-0.5pt\"><b><span style=\"font-size:18.0pt\"><span calibri=\"\" style=\"font-family:\"><span style=\"font-variant:small-caps\">Inova&ccedil;&atilde;o<\/span><\/span><\/span><\/b><\/span><\/span><\/span><\/p>\r\n\r\n<p style=\"text-align:justify\"><span style=\"font-size:11pt\"><span style=\"line-height:normal\"><span calibri=\"\" style=\"font-family:\"><a href=\"https:\/\/www.gov.br\/mcti\/pt-br\/acompanhe-o-mcti\/noticias\/2023\/07\/desenvolvimento-sustentavel-e-estruturante-precisa-de-inovacao-diz-ministra\" style=\"color:blue; text-decoration:underline\"><span style=\"font-size:14.0pt\">Desenvolvimento sustent&aacute;vel e estruturante precisa de inova&ccedil;&atilde;o, diz ministra<\/span><\/a><\/span><\/span><\/span><\/p>\r\n\r\n<p style=\"text-align:justify\"><span style=\"font-size:11pt\"><span style=\"line-height:normal\"><span calibri=\"\" style=\"font-family:\"><a href=\"https:\/\/valoragregado.com\/ti-pode-melhorar-a-economia-circular\/\" style=\"color:blue; text-decoration:underline\"><span style=\"font-size:14.0pt\">Inova&ccedil;&atilde;o: TI pode melhorar a economia circular<\/span><\/a><\/span><\/span><\/span><\/p>\r\n\r\n<p style=\"text-align:justify\"><span style=\"font-size:11pt\"><span style=\"line-height:normal\"><span calibri=\"\" style=\"font-family:\"><a href=\"https:\/\/www.technicaltextile.net\/news\/uk-researchers-develop-mycocrete-from-mycelium-288915.html\" style=\"color:blue; text-decoration:underline\"><span style=\"font-size:14.0pt\">UK researchers develop mycocrete from mycelium<\/span><\/a><\/span><\/span><\/span><\/p>\r\n\r\n<p class=\"MsoTitle\" style=\"text-align:justify\"><span style=\"font-size:28pt\"><span cambria=\"\" style=\"font-family:\"><span style=\"letter-spacing:-0.5pt\"><b><span style=\"font-size:18.0pt\"><span calibri=\"\" style=\"font-family:\"><span style=\"font-variant:small-caps\">Com&eacute;rcio Exterior<\/span><\/span><\/span><\/b><\/span><\/span><\/span><\/p>\r\n\r\n<p style=\"text-align:justify\"><span style=\"font-size:11pt\"><span style=\"line-height:normal\"><span calibri=\"\" style=\"font-family:\"><a href=\"https:\/\/www.infomoney.com.br\/politica\/acordo-entre-mercosul-e-uniao-europeia-pode-viver-impasse-entre-exigencias-ambientais-e-compras-governamentais\/\" style=\"color:blue; text-decoration:underline\"><span style=\"font-size:14.0pt\">Acordo entre Mercosul e Uni&atilde;o Europeia pode viver impasse entre exig&ecirc;ncias ambientais e compras governamentais<\/span><\/a><\/span><\/span><\/span><\/p>\r\n\r\n<p style=\"text-align:justify\"><span style=\"font-size:11pt\"><span style=\"line-height:normal\"><span calibri=\"\" style=\"font-family:\"><a href=\"https:\/\/www.gov.br\/mdic\/pt-br\/assuntos\/noticias\/2023\/julho\/novo-regime-de-origem-do-mercosul-simplifica-regras-e-fortalece-o-comercio\" style=\"color:blue; text-decoration:underline\"><span style=\"font-size:14.0pt\">Novo regime de origem do Mercosul simplifica regras e fortalece o com&eacute;rcio<\/span><\/a><\/span><\/span><\/span><\/p>\r\n\r\n<p style=\"text-align:justify\"><span style=\"font-size:11pt\"><span style=\"line-height:normal\"><span calibri=\"\" style=\"font-family:\"><a href=\"https:\/\/static.portaldaindustria.com.br\/media\/filer_public\/d6\/54\/d6544c8d-8634-4c86-87da-4f64975e7f0c\/ex_ipc_23-027_cupula_celac_ue.pdf\" style=\"color:blue; text-decoration:underline\"><span style=\"font-size:14.0pt\">Autoridades da Am&eacute;rica Latina e Caribe e da Uni&atilde;o Europeia se Re&uacute;nem na III C&uacute;pula CELAC-UE<\/span><\/a><\/span><\/span><\/span><\/p>\r\n\r\n<p style=\"text-align:justify\"><span style=\"font-size:11pt\"><span style=\"line-height:normal\"><span calibri=\"\" style=\"font-family:\"><a href=\"https:\/\/agenciabrasil.ebc.com.br\/economia\/noticia\/2023-07\/parlamento-britanico-aprova-acordo-de-nao-bitributacao-com-o-brasil\" style=\"color:blue; text-decoration:underline\"><span style=\"font-size:14.0pt\">Parlamento brit&acirc;nico aprova acordo de n&atilde;o-bitributa&ccedil;&atilde;o com o Brasil<\/span><\/a><\/span><\/span><\/span><\/p>\r\n\r\n<p style=\"text-align:justify\"><span style=\"font-size:11pt\"><span style=\"line-height:normal\"><span calibri=\"\" style=\"font-family:\"><a href=\"https:\/\/epbr.com.br\/brasil-e-eua-vao-cooperar-em-hidrogenio-limpo-e-combustivel-sustentavel-de-aviacao\/\" style=\"color:blue; text-decoration:underline\"><span style=\"font-size:14.0pt\">Brasil e EUA v&atilde;o cooperar em hidrog&ecirc;nio limpo e combust&iacute;vel sustent&aacute;vel de avia&ccedil;&atilde;o<\/span><\/a><\/span><\/span><\/span><\/p>\r\n\r\n<p style=\"text-align:justify\"><span style=\"font-size:11pt\"><span style=\"line-height:normal\"><span calibri=\"\" style=\"font-family:\"><a href=\"https:\/\/portugaltextil.com\/paises-asiaticos-registam-queda-nas-exportacoes\/?utm_term=Portugal+Textil+-+2023-07-21%3ADATEFORMAT%3Ad.m.Y&amp;utm_campaign=Portugal+Textil+FInal&amp;utm_source=e-goi&amp;utm_medium=email&amp;eg_sub=ef749a4dff&amp;eg_cam=c9dced5872f9bcdd17f9b79833c907ea&amp;eg_list=6\" style=\"color:blue; text-decoration:underline\"><span style=\"font-size:14.0pt\">Pa&iacute;ses asi&aacute;ticos registam queda nas exporta&ccedil;&otilde;es<\/span><\/a><\/span><\/span><\/span><\/p>\r\n\r\n<p style=\"text-align:justify\"><span style=\"font-size:11pt\"><span style=\"line-height:normal\"><span calibri=\"\" style=\"font-family:\"><a href=\"http:\/\/cueroamerica.info\/wpnews\/2023\/07\/la-industria-de-mexico-pide-una-ley-que-lo-proteja-de-la-importacion-de-calzado-chino\/?utm_source=email_marketing&amp;utm_admin=28519&amp;utm_medium=email&amp;utm_campaign=NOTICIAS_de_las_Industrias_del_Calzado_Cuero_Marroquinera_y_Moda\" style=\"color:blue; text-decoration:underline\"><span style=\"font-size:14.0pt\">La industria de M&eacute;xico pide una ley que lo proteja de la importaci&oacute;n de calzado chino<\/span><\/a><\/span><\/span><\/span><\/p>\r\n\r\n<p class=\"MsoTitle\" style=\"text-align:justify\"><span style=\"font-size:28pt\"><span cambria=\"\" style=\"font-family:\"><span style=\"letter-spacing:-0.5pt\"><b><span style=\"font-size:18.0pt\"><span calibri=\"\" style=\"font-family:\"><span style=\"font-variant:small-caps\">Economia<\/span><\/span><\/span><\/b><\/span><\/span><\/span><\/p>\r\n\r\n<p style=\"text-align:justify\"><span style=\"font-size:11pt\"><span style=\"line-height:normal\"><span calibri=\"\" style=\"font-family:\"><a href=\"https:\/\/www.bcb.gov.br\/content\/focus\/focus\/R20230721.pdf\" style=\"color:blue; text-decoration:underline\"><span style=\"font-size:14.0pt\">Focus &ndash; Relat&oacute;rio de Mercado<\/span><\/a><\/span><\/span><\/span><\/p>\r\n\r\n<p style=\"text-align:justify\"><span style=\"font-size:11pt\"><span style=\"line-height:normal\"><span calibri=\"\" style=\"font-family:\"><a href=\"https:\/\/ibre.fgv.br\/blog-da-conjuntura-economica\/artigos\/previsao-do-fgv-ibre-para-o-pib-de-2023-e-revisada-para\" style=\"color:blue; text-decoration:underline\"><span style=\"font-size:14.0pt\">Previs&atilde;o do FGV IBRE para o PIB de 2023 &eacute; revisada, para crescimento de 1,6%<\/span><\/a><\/span><\/span><\/span><\/p>\r\n\r\n<p style=\"text-align:justify\"><span style=\"font-size:11pt\"><span style=\"line-height:normal\"><span calibri=\"\" style=\"font-family:\"><a href=\"https:\/\/blogdoibre.fgv.br\/posts\/neutralidade-e-nao-cumulatividade-do-iva-ibscbs\" style=\"color:blue; text-decoration:underline\"><span style=\"font-size:14.0pt\">Neutralidade e n&atilde;o-cumulatividade do IVA (IBS\/CBS)<\/span><\/a><\/span><\/span><\/span><\/p>\r\n\r\n<p style=\"text-align:justify\"><span style=\"font-size:11pt\"><span style=\"line-height:normal\"><span calibri=\"\" style=\"font-family:\"><a href=\"https:\/\/blogdoibre.fgv.br\/posts\/reformas-avancam-mas-ainda-ha-desafios\" style=\"color:blue; text-decoration:underline\"><span style=\"font-size:14.0pt\">Reformas avan&ccedil;am, mas ainda h&aacute; desafios<\/span><\/a><\/span><\/span><\/span><\/p>\r\n\r\n<p style=\"text-align:justify\"><span style=\"font-size:11pt\"><span style=\"line-height:normal\"><span calibri=\"\" style=\"font-family:\"><a href=\"https:\/\/www.fibre2fashion.com\/news\/textile-news\/eu-s-annual-inflation-rate-declines-to-6-4-in-june-2023-eurostat-288979-newsdetails.htm\" style=\"color:blue; text-decoration:underline\"><span style=\"font-size:14.0pt\">EU&#39;s annual inflation rate declines to 6.4% in June 2023: Eurostat<\/span><\/a><\/span><\/span><\/span><\/p>\r\n<\/div>\r\n<\/div>\r\n","texto_en":"","7":"","imagem":"COMP_banner-padrao-home-destaques-boletim-2023_20230725190257ou2QlXnzc6.jpeg","8":"COMP_banner-padrao-home-destaques-boletim-2023_20230725190257ou2QlXnzc6.jpeg","arquivo":"20230725-NOTICIAS-SEMANAIS.PDF","9":"20230725-NOTICIAS-SEMANAIS.PDF","titulo_arquivo":"20230725 Not\u00edcias Semanais ABINT","10":"20230725 Not\u00edcias Semanais ABINT","titulo_arquivo_en":"","11":"","created_at":"2023-07-25 19:03:12","12":"2023-07-25 19:03:12","updated_at":"2023-07-25 19:06:06","13":"2023-07-25 19:06:06"},{"id":74,"0":74,"ordem":149,"1":149,"data":"2023-07-18","2":"2023-07-18","slug":"boletim-de-noticias-semanais-71","3":"boletim-de-noticias-semanais-71","titulo":"Boletim de Not\u00edcias Semanais","4":"Boletim de Not\u00edcias Semanais","titulo_en":"","5":"","texto":"<p style=\"text-align:justify\"><span style=\"font-size:11pt\"><span style=\"line-height:normal\"><span style=\"font-family:&quot;Calibri&quot;,sans-serif\"><span style=\"font-size:14.0pt\">Esta &eacute; uma compila&ccedil;&atilde;o das not&iacute;cias mais relevantes para o setor, incluindo informa&ccedil;&otilde;es sobre acordos internacionais, economia brasileira, sustentabilidade e mat&eacute;rias primas, al&eacute;m de novidades do setor de N&atilde;otecidos e Tecidos T&eacute;cnicos.<\/span><\/span><\/span><\/span><\/p>\r\n\r\n<p class=\"MsoTitleCxSpLast\" style=\"text-align:justify\"><span style=\"font-size:28pt\"><span style=\"font-family:&quot;Cambria&quot;,serif\"><span style=\"letter-spacing:-0.5pt\"><b><span style=\"font-size:18.0pt\"><span style=\"font-family:&quot;Calibri&quot;,sans-serif\"><span style=\"font-variant:small-caps\">Not&iacute;cias das Associadas<\/span><\/span><\/span><\/b><\/span><\/span><\/span><\/p>\r\n\r\n<p style=\"text-align:justify\"><span style=\"font-size:11pt\"><span style=\"line-height:normal\"><span style=\"font-family:&quot;Calibri&quot;,sans-serif\"><a href=\"https:\/\/www.nonwovens-industry.com\/live-from-shows\/world-of-wipes\/2023-07-12\/andritz-to-showcase-technologies-for-wipes?utm_campaign=NON+Live+From+Show&amp;utm_medium=email&amp;_hsmi=266256511&amp;_hsenc=p2ANqtz-_0X4mUzxEJpOpvlFR63ABkK3XhbDwCRBiXhxVVh49l3FLVSUxNo2MGZ5eLtzjeKSgnNZHSYXbrHxLLY0VtXlSJyG_ITw&amp;utm_content=266256511&amp;utm_source=hs_email\" style=\"color:blue; text-decoration:underline\"><span style=\"font-size:14.0pt\">Andritz to Showcase Technologies for Wipes<\/span><\/a><\/span><\/span><\/span><\/p>\r\n\r\n<p style=\"text-align:justify\"><span style=\"font-size:11pt\"><span style=\"line-height:normal\"><span style=\"font-family:&quot;Calibri&quot;,sans-serif\"><a href=\"https:\/\/revistanews.com.br\/2023\/07\/12\/cipatex-conquista-selo-diamante-do-programa-origem-sustentavel\/\" style=\"color:blue; text-decoration:underline\"><span style=\"font-size:14.0pt\">Cipatex&reg; conquista selo Diamante do programa Origem Sustent&aacute;vel<\/span><\/a><\/span><\/span><\/span><\/p>\r\n\r\n<p style=\"text-align:justify\"><span style=\"font-size:11pt\"><span style=\"line-height:normal\"><span style=\"font-family:&quot;Calibri&quot;,sans-serif\"><a href=\"https:\/\/www.nonwovens-industry.com\/contents\/view_breaking-news\/2023-07-14\/freudenberg-starts-up-geosynthetics-line-in-china\/15303\" style=\"color:blue; text-decoration:underline\"><span style=\"font-size:14.0pt\">Freudenberg Starts Up Geosynthetics Line In China<\/span><\/a><\/span><\/span><\/span><\/p>\r\n\r\n<p class=\"MsoTitle\" style=\"text-align:justify\"><span style=\"font-size:28pt\"><span style=\"font-family:&quot;Cambria&quot;,serif\"><span style=\"letter-spacing:-0.5pt\"><b><span style=\"font-size:18.0pt\"><span style=\"font-family:&quot;Calibri&quot;,sans-serif\"><span style=\"font-variant:small-caps\">A&ccedil;&otilde;es da ABINT<\/span><\/span><\/span><\/b><\/span><\/span><\/span><\/p>\r\n\r\n<p style=\"text-align:justify\"><span style=\"font-size:11pt\"><span style=\"line-height:normal\"><span calibri=\"\" style=\"font-family:\"><span style=\"font-size:14.0pt\"><img src=\"https:\/\/www.abint.org.br\/assets\/img\/editor\/ctg-patrocinador-regeo-2023_20230620165619xfZZRnNChK.jpeg\" style=\"width: 400px; height: 400px;\" \/><\/span><\/span><\/span><\/span><\/p>\r\n\r\n<p style=\"text-align:justify\"><span style=\"font-size:11pt\"><span style=\"line-height:normal\"><span calibri=\"\" style=\"font-family:\"><b><span style=\"font-size:14.0pt\"><span style=\"font-variant:small-caps\">O CTG ABINT <\/span><\/span><\/b><b><span style=\"font-size:14.0pt\">marcar&aacute; presen&ccedil;a<\/span><\/b><span style=\"font-size:14.0pt\"> nos eventos <b>X Congresso Brasileiro de Geotecnia Ambiental &amp; IX Congresso Brasileiro de Geossint&eacute;ticos - REGEO&rsquo;23 &amp; Geossint&eacute;ticos&rsquo;23<\/b>, que ocorrer&atilde;o de 18 a 21 de julho de 2023, Centro Universit&aacute;rio Jorge Amado &ndash; UNIJORGE, Salvador, BA.<\/span><\/span><\/span><\/span><\/p>\r\n\r\n<p style=\"text-align:justify\"><span style=\"font-size:11.0pt\"><span style=\"line-height:115%\"><span calibri=\"\" style=\"font-family:\"><a href=\"https:\/\/regeogeossinteticos23.com.br\/\" style=\"color:blue; text-decoration:underline\"><span style=\"font-size:14.0pt\"><span style=\"line-height:115%\">Mais informa&ccedil;&otilde;es e inscri&ccedil;&otilde;es<\/span><\/span><\/a><\/span><\/span><\/span><\/p>\r\n\r\n<p style=\"text-align:justify\">&nbsp;<\/p>\r\n\r\n<p style=\"text-align:justify\"><span style=\"font-size:11.0pt\"><span style=\"line-height:115%\"><span calibri=\"\" style=\"font-family:\"><span style=\"font-size:14.0pt\"><span style=\"line-height:115%\"><img src=\"https:\/\/www.abint.org.br\/assets\/img\/editor\/minicurso-fernando-regeo-2023_202306201656511P8LOaKpOZ.jpeg\" style=\"width: 400px; height: 400px;\" \/><\/span><\/span><\/span><\/span><\/span><\/p>\r\n\r\n<p style=\"text-align:justify\"><span style=\"font-size:11pt\"><span style=\"line-height:normal\"><span calibri=\"\" style=\"font-family:\"><b><span style=\"font-size:14.0pt\">O Prof. Dr. Fernando Lavoie, Coordenador do CTG ABINT, ministrar&aacute; Minicurso durante o Regeo&rsquo;23 &amp; Geossint&eacute;ticos&rsquo;23.<\/span><\/b><\/span><\/span><\/span><\/p>\r\n\r\n<p style=\"text-align:justify\"><span style=\"font-size:11.0pt\"><span style=\"line-height:115%\"><span calibri=\"\" style=\"font-family:\"><a href=\"https:\/\/regeogeossinteticos23.com.br\/inscricoes\/\" style=\"color:blue; text-decoration:underline\"><span style=\"font-size:14.0pt\"><span style=\"line-height:115%\">Inscreva-se!<\/span><\/span><\/a><\/span><\/span><\/span><\/p>\r\n\r\n<p style=\"text-align:justify\">&nbsp;<\/p>\r\n\r\n<p style=\"text-align:justify\"><img src=\"https:\/\/www.abint.org.br\/assets\/img\/editor\/e-mail-marketing-curso_202307171152579vBeBB7qW2.jpg\" style=\"width: 400px; height: 560px;\" \/><\/p>\r\n\r\n<p style=\"text-align:justify\">&nbsp;<\/p>\r\n\r\n<p class=\"MsoTitle\" style=\"text-align:justify\"><span style=\"font-size:28pt\"><span style=\"font-family:&quot;Cambria&quot;,serif\"><span style=\"letter-spacing:-0.5pt\"><a href=\"https:\/\/www.abint.org.br\/informacao\/outros\/programacao-curso-abint-tecnologia-dos-naotecidos\" style=\"color:blue; text-decoration:underline\"><b><span style=\"font-size:14.0pt\"><span style=\"font-family:&quot;Calibri&quot;,sans-serif\"><span style=\"letter-spacing:0pt\">Programa&ccedil;&atilde;o<\/span><\/span><\/span><\/b><\/a><b><span style=\"font-size:14.0pt\"><span style=\"font-family:&quot;Calibri&quot;,sans-serif\"><span style=\"letter-spacing:0pt\"> \/ <\/span><\/span><\/span><\/b><a href=\"https:\/\/www.abint.org.br\/informacao\/outros\/informacoes-curso-abint-tecnologia-dos-naotecidos\" style=\"color:blue; text-decoration:underline\"><b><span style=\"font-size:14.0pt\"><span style=\"font-family:&quot;Calibri&quot;,sans-serif\"><span style=\"letter-spacing:0pt\">Informa&ccedil;&otilde;es<\/span><\/span><\/span><\/b><\/a><b><span style=\"font-size:14.0pt\"><span style=\"font-family:&quot;Calibri&quot;,sans-serif\"><span style=\"letter-spacing:0pt\"> \/ <\/span><\/span><\/span><\/b><a href=\"https:\/\/forms.gle\/E5bZXpiNh7wZ9kcQ6\" style=\"color:blue; text-decoration:underline\"><b><span style=\"font-size:14.0pt\"><span style=\"font-family:&quot;Calibri&quot;,sans-serif\"><span style=\"letter-spacing:0pt\">Inscri&ccedil;&otilde;es<\/span><\/span><\/span><\/b><\/a><b> <\/b><\/span><\/span><\/span><\/p>\r\n\r\n<p style=\"text-align:justify\"><span style=\"font-size:11pt\"><span style=\"line-height:normal\"><span style=\"font-family:&quot;Calibri&quot;,sans-serif\"><b><span style=\"font-size:18.0pt\"><span style=\"font-variant:small-caps\">Eventos<\/span><\/span><\/b><\/span><\/span><\/span><\/p>\r\n\r\n<p style=\"text-align:justify\"><span style=\"font-size:11pt\"><span style=\"line-height:normal\"><span style=\"font-family:&quot;Calibri&quot;,sans-serif\"><b><span style=\"font-size:14.0pt\">Webinar FGV IBRE | A evolu&ccedil;&atilde;o dos custos na constru&ccedil;&atilde;o<\/span><\/b><span style=\"font-size:14.0pt\">, 18 de julho de 2023, das 10h &agrave;s 12h GMT-3.<\/span> <a href=\"https:\/\/evento.fgv.br\/custosconstrucao_1807\/\" style=\"color:blue; text-decoration:underline\"><span style=\"font-size:14.0pt\">Informa&ccedil;&otilde;es<\/span><\/a> <\/span><\/span><\/span><\/p>\r\n\r\n<p style=\"text-align:justify\"><span style=\"font-size:11pt\"><span style=\"line-height:normal\"><span style=\"font-family:&quot;Calibri&quot;,sans-serif\"><b><span style=\"font-size:14.0pt\">Abit | Conversa Aberta: &ldquo;O papel do BNDES na retoma da ind&uacute;stria brasileira&rdquo;,<\/span><\/b> <span style=\"font-size:14.0pt\">18 de julho de 2023, 17h.<\/span> <a href=\"https:\/\/t.rdsv1.net\/ls\/click?upn=LFSWB5boDXSqxt4eHgA5r5KdjadVLHsgubb70wZBuCrUaJG8K4sDeMRFCP4MhpnZQQQH4-2F4SmOFKcC9MiGcrCoDu8G86SH-2FDH8J657OExH1Wtspe6rE5LQU2JyRNPmL6XDaQLAKcs3hzrvroOyok54UnE-2F24Dl0-2FUE9rN4hqX2mMRkJUEOcOGnBS6M1Z89mQaGQ9CtTdp26-2FEIZ81yU0-2FA-3D-3DxT-r_iW8zc4KBvTUX2z9kws1M6pjQI9DpNNh-2Fk6fgMN4DbaFx-2BL1o5swSv2HtiLB2iGFhqxZ0654f80VOIjakRycDjcrdu1MF6BdTRc4d4wYs0wcxXXPsRygypvnzeOAhjjgi0DY22Pj9OVhWHGTf9j-2BtliboVpKuBrF-2FWXz9VBzD2n-2B6BTh5s0Tb6cNzuD9B0IDcPG01gnhhtGYY6ohp7jAAt7NfU7Iq8uY9bUOiRQLVkJjHV-2FIFFeeCujsxfCMrgRgpZCQ-2FK4Jkhf9j7qr03setSRPj3pcuHIpr3oHxWa3Q7184HruBaFgT1wnML6I-2B1-2FpJAyoo1Fk0QNXLsS98W1ALLOJfj81ibPTfXq2g8HHT3UowkxZ-2FUC1pz6da-2FpYf93QVgFqZuwJqrVYdqkDXBjsliX4YPsCmgsVEQhD4OHoPvTZ8K1RJ9tNamdzjCqsoFNQ377YvpSimjIifTeYALaQ1kk24KsOrhqgLaSrur81APrBPeGkV122TlNXEN9R5D6xEMBJAU1tsmWajJo5gQorwtAYvRkuDmq1LT6Fcgzijpq6xsTSc2InrDs-2FSCxOwXI-2Fklh5Ae-2FmI0N9p9iaLVLaH3NLZymWhXt4TQ6B8aPlGdS4fnbAhTMw82BHpcADcP-2FKimCuVbX6OJsg9K86IGpyR2mdZdph6QQw4JfiWFJsYRtc-3D\" style=\"color:blue; text-decoration:underline\"><span style=\"font-size:14.0pt\">Informa&ccedil;&otilde;es<\/span><\/a> <\/span><\/span><\/span><\/p>\r\n\r\n<p style=\"text-align:justify\"><span style=\"font-size:11pt\"><span style=\"line-height:normal\"><span style=\"font-family:&quot;Calibri&quot;,sans-serif\"><b><span style=\"font-size:14.0pt\">Webinar Sobratema | &quot;Atualiza&ccedil;&atilde;o das Tend&ecirc;ncias no Mercado da Constru&ccedil;&atilde;o&quot;,<\/span><\/b> <span style=\"font-size:14.0pt\">27 de julho de 2023, &agrave;s 15h, transmiss&atilde;o ao vivo e exclusiva pelo<\/span> <a href=\"http:\/\/emkt.sobratemanews.org.br\/emkt\/tracer\/?2,7874383,260ba16a,5491,1\" style=\"color:blue; text-decoration:underline\"><span style=\"font-size:14.0pt\">Canal da Sobratema no YouTube<\/span><\/a><span class=\"MsoHyperlink\" style=\"color:blue\"><span style=\"text-decoration:underline\"><span style=\"font-size:14.0pt\"><span style=\"text-decoration:none\"><span style=\"text-underline:none\">.<\/span><\/span><\/span><\/span><\/span><\/span><\/span><\/span><\/p>\r\n\r\n<p style=\"text-align:justify\"><span style=\"font-size:11pt\"><span style=\"line-height:normal\"><span style=\"font-family:&quot;Calibri&quot;,sans-serif\"><b><span style=\"font-size:14.0pt\">IV Congreso Sudamericano de Composites, Poliuretano y Pl&aacute;sticos de Ingenier&iacute;a,<\/span><\/b><span style=\"font-size:14.0pt\"> 8 e 9 de agosto, Buenos Aires, Argentina. <\/span><a href=\"http:\/\/www.congresosudamericano.com\/blog.html\" style=\"color:blue; text-decoration:underline\"><span style=\"font-size:14.0pt\">Informa&ccedil;&otilde;es<\/span><\/a> <\/span><\/span><\/span><\/p>\r\n\r\n<p style=\"text-align:justify\"><span style=\"font-size:11pt\"><span style=\"line-height:normal\"><span style=\"font-family:&quot;Calibri&quot;,sans-serif\"><b><span style=\"font-size:14.0pt\">XII Simp&oacute;sio Internacional de Excel&ecirc;ncia em Produ&ccedil;&atilde;o | &quot;Efici&ecirc;ncia de Processos Industriais<\/span><\/b><span style=\"font-size:14.0pt\">, 17 de agosto de 2023, 08h30 &agrave;s 12h00, Centro Universit&aacute;rio FACENS, Sorocaba, SP.<\/span><\/span><\/span><\/span><\/p>\r\n\r\n<p style=\"text-align:justify\"><span style=\"font-size:11pt\"><span style=\"line-height:normal\"><span style=\"font-family:&quot;Calibri&quot;,sans-serif\"><b><span style=\"font-size:14.0pt\">FIMMA BRASIL - Feira Internacional de Fornecedores da Cadeia Produtiva Madeira e M&oacute;veis<\/span><\/b><span style=\"font-size:14.0pt\">, 28 a 31 de agosto de 2023, das 10h &agrave;s 19h, Bento Gon&ccedil;alves, RS. <\/span><a href=\"https:\/\/fimma.com.br\/\" style=\"color:blue; text-decoration:underline\"><span style=\"font-size:14.0pt\">Informa&ccedil;&otilde;es<\/span><\/a> <\/span><\/span><\/span><\/p>\r\n\r\n<p style=\"text-align:justify\"><span style=\"font-size:11pt\"><span style=\"line-height:normal\"><span style=\"font-family:&quot;Calibri&quot;,sans-serif\"><b><span style=\"font-size:14.0pt\">22&ordf; FEBRAVA - Feira Internacional de Refrigera&ccedil;&atilde;o, Ar-Condicionado, Ventila&ccedil;&atilde;o, Aquecimento, Tratamento de Ar e de &Aacute;guas<\/span><\/b><span style=\"font-size:14.0pt\">, 12 a 15 de setembro de 2023, S&atilde;o Paulo Expo. <\/span><a href=\"https:\/\/www.febrava.com.br\/pt-br.html\" style=\"color:blue; text-decoration:underline\"><span style=\"font-size:14.0pt\">Informa&ccedil;&otilde;es<\/span><\/a> <\/span><\/span><\/span><\/p>\r\n\r\n<p style=\"text-align:justify\"><span style=\"font-size:11pt\"><span style=\"line-height:normal\"><span style=\"font-family:&quot;Calibri&quot;,sans-serif\"><b><span style=\"font-size:14.0pt\">18&ordm; CONBRAVA &ndash; Congresso Brasileiro de Refrigera&ccedil;&atilde;o, Ar-Condicionado, Ventila&ccedil;&atilde;o, Aquecimento e Tratamento de Ar | &ldquo;AVACR rumo ao um futuro sustent&aacute;vel e saud&aacute;vel&rdquo;, <\/span><\/b><span style=\"font-size:14.0pt\">13 a 15 de setembro de 2023, S&atilde;o Paulo Expo, SP. <\/span><a href=\"http:\/\/conbrava.comercial.ws\/site\/\" style=\"color:blue; text-decoration:underline\"><span style=\"font-size:14.0pt\">Informa&ccedil;&otilde;es<\/span><\/a> <\/span><\/span><\/span><\/p>\r\n\r\n<p style=\"text-align:justify\"><span style=\"font-size:11pt\"><span style=\"line-height:normal\"><span style=\"font-family:&quot;Calibri&quot;,sans-serif\"><b><span style=\"font-size:14.0pt\">CNI\/ SEBRAE | 10&ordm; Congresso Internacional da Inova&ccedil;&atilde;o da Ind&uacute;stria<\/span><\/b><span style=\"font-size:14.0pt\">, 27 e 28 de setembro de 2023, S&atilde;o Paulo Expo.<\/span> <a href=\"https:\/\/www.congressodeinovacao.com.br\/?utm_source=comext&amp;utm_medium=email&amp;utm_campaign=eventos&amp;utm_content=id00053#msdynttrid=gg5jXwSFR7qM4vHH2tKGau3cTwSFDneTjMUhrcPg7vE\" style=\"color:blue; text-decoration:underline\"><span style=\"font-size:14.0pt\">Informa&ccedil;&otilde;es<\/span><\/a> <\/span><\/span><\/span><\/p>\r\n\r\n<p style=\"text-align:justify\"><span style=\"font-size:11pt\"><span style=\"line-height:normal\"><span style=\"font-family:&quot;Calibri&quot;,sans-serif\"><b><span style=\"font-size:14.0pt\">FiltXPO&trade; 2023<\/span><\/b><span class=\"MsoHyperlink\" style=\"color:blue\"><span style=\"text-decoration:underline\"><span style=\"font-size:14.0pt\"><span style=\"text-decoration:none\"><span style=\"text-underline:none\">, <\/span><\/span><\/span><\/span><\/span><span style=\"font-size:14.0pt\">October 10-12, 2023 at Navy Pier in Chicago, Illinois<\/span><span class=\"MsoHyperlink\" style=\"color:blue\"><span style=\"text-decoration:underline\"><span style=\"font-size:14.0pt\"><span style=\"text-decoration:none\"><span style=\"text-underline:none\">. <\/span><\/span><\/span><\/span><\/span><a href=\"https:\/\/www.filtxpo.com\/\" style=\"color:blue; text-decoration:underline\"><span style=\"font-size:14.0pt\">Informa&ccedil;&otilde;es<\/span><\/a> <\/span><\/span><\/span><\/p>\r\n\r\n<p style=\"text-align:justify\"><span style=\"font-size:11pt\"><span style=\"line-height:normal\"><span style=\"font-family:&quot;Calibri&quot;,sans-serif\"><b><span style=\"font-size:14.0pt\">V Congreso Sudamericano de Composites, Poliuretano y Pl&aacute;sticos de Ingenier&iacute;a, <\/span><\/b><span style=\"font-size:14.0pt\">24 e 25 de outubro de 2023, Bogot&aacute;, Col&ocirc;mbia. <\/span><a href=\"http:\/\/www.congresosudamericano.com\/blog.html\" style=\"color:blue; text-decoration:underline\"><span style=\"font-size:14.0pt\">Informa&ccedil;&otilde;es<\/span><\/a> <\/span><\/span><\/span><\/p>\r\n\r\n<p style=\"text-align:justify\"><span style=\"font-size:11pt\"><span style=\"line-height:normal\"><span style=\"font-family:&quot;Calibri&quot;,sans-serif\"><b><span style=\"font-size:14.0pt\">Abrafiltros | 2&ordm; Semin&aacute;rio Brasileiro de Filtros<\/span><\/b><span style=\"font-size:14.0pt\">, 08 de novembro de 2023.<\/span><\/span><\/span><\/span><\/p>\r\n\r\n<p class=\"MsoTitle\" style=\"text-align:justify\"><span style=\"font-size:28pt\"><span style=\"font-family:&quot;Cambria&quot;,serif\"><span style=\"letter-spacing:-0.5pt\"><b><span style=\"font-size:18.0pt\"><span style=\"font-family:&quot;Calibri&quot;,sans-serif\"><span style=\"font-variant:small-caps\">Setor<\/span><\/span><\/span><\/b><\/span><\/span><\/span><\/p>\r\n\r\n<p style=\"text-align:justify\"><span style=\"font-size:11pt\"><span style=\"line-height:normal\"><span style=\"font-family:&quot;Calibri&quot;,sans-serif\"><a href=\"https:\/\/blogdoplastico.wordpress.com\/2023\/07\/13\/ctg-abint-marcara-presenca-no-regeo23-geossinteticos23\/\" style=\"color:blue; text-decoration:underline\"><span style=\"font-size:14.0pt\">CTG ABINT marcar&aacute; presen&ccedil;a no REGEO&rsquo;23 &amp; Geossint&eacute;ticos&rsquo;23<\/span><\/a><\/span><\/span><\/span><\/p>\r\n\r\n<p style=\"text-align:justify\"><span style=\"font-size:11pt\"><span style=\"line-height:normal\"><span style=\"font-family:&quot;Calibri&quot;,sans-serif\"><a href=\"https:\/\/tissueonline.com.br\/fraldas-e-absorventes-higienicos-entram-na-lista-de-produtos-essenciais-no-mexico\/?utm_campaign=newsletter_14072023_novo_modelo&amp;utm_medium=email&amp;utm_source=RD+Station\" style=\"color:blue; text-decoration:underline\"><span style=\"font-size:14.0pt\">Fraldas e absorventes higi&ecirc;nicos entram na lista de produtos essenciais no M&eacute;xico<\/span><\/a><\/span><\/span><\/span><\/p>\r\n\r\n<p style=\"text-align:justify\"><span style=\"font-size:11pt\"><span style=\"line-height:normal\"><span style=\"font-family:&quot;Calibri&quot;,sans-serif\"><a href=\"https:\/\/summitagro.estadao.com.br\/sustentabilidade\/como-o-agronegocio-pode-contribuir-para-reduzir-a-poluicao\/\" style=\"color:blue; text-decoration:underline\"><span style=\"font-size:14.0pt\">Mulching: como o agroneg&oacute;cio pode contribuir para reduzir a polui&ccedil;&atilde;o?<\/span><\/a><\/span><\/span><\/span><\/p>\r\n\r\n<p style=\"text-align:justify\"><span style=\"font-size:11pt\"><span style=\"line-height:normal\"><span style=\"font-family:&quot;Calibri&quot;,sans-serif\"><a href=\"https:\/\/plasticosemrevista.com.br\/resinas-excedentes-da-china-invadem-uniao-europeia\/\" style=\"color:blue; text-decoration:underline\"><span style=\"font-size:14.0pt\">Resinas: excedentes da China invadem Uni&atilde;o Europeia<\/span><\/a><\/span><\/span><\/span><\/p>\r\n\r\n<p style=\"text-align:justify\"><span style=\"font-size:11pt\"><span style=\"line-height:normal\"><span style=\"font-family:&quot;Calibri&quot;,sans-serif\"><a href=\"https:\/\/portugaltextil.com\/seis-prioridades-para-fechar-o-ciclo-do-poliester\/?utm_term=Portugal+Textil+-+2023-07-13%3ADATEFORMAT%3Ad.m.Y&amp;utm_campaign=Portugal+Textil+FInal&amp;utm_source=e-goi&amp;utm_medium=email&amp;eg_sub=ef749a4dff&amp;eg_cam=38a01bc474f4c0c65058ddb12bd269b9&amp;eg_list=6\" style=\"color:blue; text-decoration:underline\"><span style=\"font-size:14.0pt\">Seis prioridades para fechar o ciclo do poli&eacute;ster<\/span><\/a><\/span><\/span><\/span><\/p>\r\n\r\n<p style=\"text-align:justify\"><span style=\"font-size:11pt\"><span style=\"line-height:normal\"><span style=\"font-family:&quot;Calibri&quot;,sans-serif\"><a href=\"https:\/\/www.nonwovens-industry.com\/live-from-shows\/world-of-wipes\/2023-07-13\/world-of-wipes-conference-to-focus-on-entire-supply-chain?utm_campaign=NON+Live+From+Show&amp;utm_medium=email&amp;_hsmi=266256511&amp;_hsenc=p2ANqtz-_HCSqpbHzjsXphUTVBhzz0sNIitTq7482cVEsGetbL0IuCwmFzKQJombwiuRRVjDD_7GKsNLnY7oys_vdbck8frNDvpQ&amp;utm_content=266256511&amp;utm_source=hs_email\" style=\"color:blue; text-decoration:underline\"><span style=\"font-size:14.0pt\">World of Wipes Conference to Focus on Entire Supply Chain<\/span><\/a><\/span><\/span><\/span><\/p>\r\n\r\n<p style=\"text-align:justify\"><span style=\"font-size:11pt\"><span style=\"line-height:normal\"><span style=\"font-family:&quot;Calibri&quot;,sans-serif\"><a href=\"https:\/\/epbr.com.br\/disputa-pela-braskem-por-que-petroquimica-atrai-investidores-ao-redor-do-mundo\/?utm_source=newsletters+epbr&amp;utm_campaign=f41e243c77-epbr-comece-seu-dia_20230630_COPY_01&amp;utm_medium=email&amp;utm_term=0_5931171aac-f41e243c77-466362780\" style=\"color:blue; text-decoration:underline\"><span style=\"font-size:14.0pt\">Disputa pela Braskem: por que petroqu&iacute;mica atrai investidores ao redor do mundo<\/span><\/a><\/span><\/span><\/span><\/p>\r\n\r\n<p style=\"text-align:justify\"><span style=\"font-size:11pt\"><span style=\"line-height:normal\"><span style=\"font-family:&quot;Calibri&quot;,sans-serif\"><a href=\"http:\/\/comunidadtextil.com\/wpnews\/2023\/06\/el-sector-textil-enfrenta-una-tormenta-perfecta-pero-se-mejoras-para-fines-del-ano\/?utm_source=email_marketing&amp;utm_admin=28519&amp;utm_medium=email&amp;utm_campaign=NOTICIAS_de_la_Industria_Textil_Indumentaria_y_Moda\" style=\"color:blue; text-decoration:underline\"><span style=\"font-size:14.0pt\">El sector textil enfrenta una &lsquo;tormenta perfecta&rsquo; pero se mejoras para fines del a&ntilde;o<\/span><\/a><\/span><\/span><\/span><\/p>\r\n\r\n<p style=\"text-align:justify\"><span style=\"font-size:11pt\"><span style=\"line-height:normal\"><span style=\"font-family:&quot;Calibri&quot;,sans-serif\"><a href=\"https:\/\/www.bloomberglinea.com.br\/mercados\/opep-ve-mercado-de-petroleo-apertado-em-2024-com-demanda-maior-que-o-esperado\/?utm_source=newsletters+epbr&amp;utm_campaign=f41e243c77-epbr-comece-seu-dia_20230630_COPY_01&amp;utm_medium=email&amp;utm_term=0_5931171aac-f41e243c77-466362780\" style=\"color:blue; text-decoration:underline\"><span style=\"font-size:14.0pt\">Opep v&ecirc; mercado de petr&oacute;leo apertado em 2024, com demanda acima do esperado<\/span><\/a><\/span><\/span><\/span><\/p>\r\n\r\n<p style=\"text-align:justify\"><span style=\"font-size:11pt\"><span style=\"line-height:normal\"><span style=\"font-family:&quot;Calibri&quot;,sans-serif\"><a href=\"https:\/\/economia.uol.com.br\/noticias\/reuters\/2023\/07\/13\/agencia-reduz-previsao-de-demanda-global-de-petroleo.htm?utm_source=newsletters+epbr&amp;utm_campaign=f41e243c77-epbr-comece-seu-dia_20230630_COPY_01&amp;utm_medium=email&amp;utm_term=0_5931171aac-f41e243c77-466362780\" style=\"color:blue; text-decoration:underline\"><span style=\"font-size:14.0pt\">Ag&ecirc;ncia reduz previs&atilde;o de demanda global de petr&oacute;leo<\/span><\/a><\/span><\/span><\/span><\/p>\r\n\r\n<p class=\"MsoTitle\" style=\"text-align:justify\"><span style=\"font-size:28pt\"><span style=\"font-family:&quot;Cambria&quot;,serif\"><span style=\"letter-spacing:-0.5pt\"><b><span style=\"font-size:18.0pt\"><span style=\"font-family:&quot;Calibri&quot;,sans-serif\"><span style=\"font-variant:small-caps\">Ind&uacute;stria<\/span><\/span><\/span><\/b><\/span><\/span><\/span><\/p>\r\n\r\n<p style=\"text-align:justify\"><span style=\"font-size:11pt\"><span style=\"line-height:normal\"><span style=\"font-family:&quot;Calibri&quot;,sans-serif\"><a href=\"https:\/\/noticias.portaldaindustria.com.br\/noticias\/economia\/confianca-da-industria-aumentou-mas-condicoes-economicas-ainda-nao-agradam\/\" style=\"color:blue; text-decoration:underline\"><span style=\"font-size:14.0pt\">Confian&ccedil;a da ind&uacute;stria aumentou, mas condi&ccedil;&otilde;es econ&ocirc;micas ainda n&atilde;o agradam<\/span><\/a><\/span><\/span><\/span><\/p>\r\n\r\n<p style=\"text-align:justify\"><span style=\"font-size:11pt\"><span style=\"line-height:normal\"><span style=\"font-family:&quot;Calibri&quot;,sans-serif\"><a href=\"https:\/\/jc.ne10.uol.com.br\/colunas\/jc-negocios\/2023\/07\/15544018-industria-textil-e-de-confeccao-sofre-com-juros-altos-falta-de-credito-e-concorrencia-das-asiaticas.html\" style=\"color:blue; text-decoration:underline\"><span style=\"font-size:14.0pt\">Ind&uacute;stria t&ecirc;xtil e de confec&ccedil;&atilde;o sofre com juros altos, falta de cr&eacute;dito e concorr&ecirc;ncia das asi&aacute;ticas<\/span><\/a><\/span><\/span><\/span><\/p>\r\n\r\n<p style=\"text-align:justify\"><span style=\"font-size:11pt\"><span style=\"line-height:normal\"><span style=\"font-family:&quot;Calibri&quot;,sans-serif\"><a href=\"https:\/\/agenciadenoticias.ibge.gov.br\/agencia-noticias\/2012-agencia-de-noticias\/noticias\/37374-producao-industrial-cresce-em-dez-dos-15-locais-pesquisados-em-maio-frente-a-abril\" style=\"color:blue; text-decoration:underline\"><span style=\"font-size:14.0pt\">Produ&ccedil;&atilde;o industrial cresce em dez dos 15 locais pesquisados em maio frente a abril<\/span><\/a><\/span><\/span><\/span><\/p>\r\n\r\n<p style=\"text-align:justify\"><span style=\"font-size:11pt\"><span style=\"line-height:normal\"><span style=\"font-family:&quot;Calibri&quot;,sans-serif\"><a href=\"https:\/\/autoesporte.globo.com\/industria\/noticia\/2023\/07\/empresas-chinesas-negociam-para-construir-fabricas-no-abc-paulista.ghtml\" style=\"color:blue; text-decoration:underline\"><span style=\"font-size:14.0pt\">Empresas chinesas negociam para construir f&aacute;bricas no ABC Paulista<\/span><\/a><\/span><\/span><\/span><\/p>\r\n\r\n<p style=\"text-align:justify\"><span style=\"font-size:11pt\"><span style=\"line-height:normal\"><span style=\"font-family:&quot;Calibri&quot;,sans-serif\"><a href=\"https:\/\/exclink.exclusivo.com.br\/cl\/PQDC_\/E6A\/343a\/LCFJkUKAOaB\/BLUJ\/wv0dP-UfWn\/3\/\" style=\"color:blue; text-decoration:underline\"><span style=\"font-size:14.0pt\">Atividade da ind&uacute;stria ga&uacute;cha volta a crescer; setor cal&ccedil;adista ajuda a puxar alta<\/span><\/a><\/span><\/span><\/span><\/p>\r\n\r\n<p style=\"text-align:justify\"><span style=\"font-size:11pt\"><span style=\"line-height:normal\"><span style=\"font-family:&quot;Calibri&quot;,sans-serif\"><a href=\"https:\/\/www.abicol.org\/informe-abicol-010-otimismo-moderado-domina-pesquisa-da-abicol\/\" style=\"color:blue; text-decoration:underline\"><span style=\"font-size:14.0pt\">Otimismo moderado domina pesquisa da ABICOL<\/span><\/a><\/span><\/span><\/span><\/p>\r\n\r\n<p style=\"text-align:justify\"><span style=\"font-size:11pt\"><span style=\"line-height:normal\"><span style=\"font-family:&quot;Calibri&quot;,sans-serif\"><a href=\"https:\/\/www12.senado.leg.br\/noticias\/noticias\/materias\/2023\/07\/11\/apos-acordo-com-oposicao-governo-editara-novos-decretos-sobre-saneamento\" style=\"color:blue; text-decoration:underline\"><span style=\"font-size:14.0pt\">Governo fecha acordo sobre decreto do saneamento<\/span><\/a><\/span><\/span><\/span><\/p>\r\n\r\n<p style=\"text-align:justify\"><span style=\"font-size:11pt\"><span style=\"line-height:normal\"><span style=\"font-family:&quot;Calibri&quot;,sans-serif\"><a href=\"https:\/\/revlink.revistaanamaco.com.br\/cl\/PQB7E\/CxP\/d6ba\/LCFJkUKAOaB\/BM-9\/EWCa4K6pHNT\/2\/\" style=\"color:blue; text-decoration:underline\" target=\"_blank\"><span style=\"font-size:14.0pt\">Instituto Brasileiro do PVC divulga desempenho do produto no Brasil<\/span><\/a><\/span><\/span><\/span><\/p>\r\n\r\n<p style=\"text-align:justify\"><span style=\"font-size:11pt\"><span style=\"line-height:normal\"><span style=\"font-family:&quot;Calibri&quot;,sans-serif\"><a href=\"https:\/\/www.eiu.com\/n\/how-should-companies-think-about-supply-chain-shifts\/?utm_source=mkt-newsletter&amp;utm_medium=email&amp;utm_campaign=foce&amp;utm_content=14-july-2023&amp;utm_term=here&amp;mkt_tok=NzUzLVJJUS00MzgAAAGM8-TBIs0bB3o51900Sgp4DpLMfkCgDRMM6V7qfMihJtCDSS9zC3xW7DBVnckYyDcTcxcn3ELDpRWmUbJy4AT7z_Zg5984wbfXZdUiPoy8LD42kA\" style=\"color:blue; text-decoration:underline\"><span style=\"font-size:14.0pt\">How should companies think about supply-chain shifts?<\/span><\/a><\/span><\/span><\/span><\/p>\r\n\r\n<p class=\"MsoTitle\" style=\"text-align:justify\"><span style=\"font-size:28pt\"><span style=\"font-family:&quot;Cambria&quot;,serif\"><span style=\"letter-spacing:-0.5pt\"><b><span style=\"font-size:18.0pt\"><span style=\"font-family:&quot;Calibri&quot;,sans-serif\"><span style=\"font-variant:small-caps\">Sustentabilidade<\/span><\/span><\/span><\/b><\/span><\/span><\/span><\/p>\r\n\r\n<p style=\"text-align:justify\"><span style=\"font-size:11pt\"><span style=\"line-height:normal\"><span style=\"font-family:&quot;Calibri&quot;,sans-serif\"><a href=\"https:\/\/www.inovacaotecnologica.com.br\/noticias\/noticia.php?artigo=plastico-biodegradavel-mesmo-tempo-casca-banana&amp;id=010160230713&amp;ebol=sim\" style=\"color:blue; text-decoration:underline\"><span style=\"font-size:14.0pt\">Novo biopl&aacute;stico degrada-se no mesmo tempo que uma casca de banana<\/span><\/a><\/span><\/span><\/span><\/p>\r\n\r\n<p style=\"text-align:justify\"><span style=\"font-size:11pt\"><span style=\"line-height:normal\"><span style=\"font-family:&quot;Calibri&quot;,sans-serif\"><a href=\"http:\/\/comunidadtextil.com\/wpnews\/2023\/06\/europa-las-empresas-textiles-quieren-que-se-armonicen-las-reglas-de-gestion-de-residuos\/?utm_source=email_marketing&amp;utm_admin=28519&amp;utm_medium=email&amp;utm_campaign=NOTICIAS_de_la_Industria_Textil_Indumentaria_y_Moda\" style=\"color:blue; text-decoration:underline\"><span style=\"font-size:14.0pt\">Europa: las empresas textiles quieren que se armonicen las reglas de gesti&oacute;n de residuos<\/span><\/a><\/span><\/span><\/span><\/p>\r\n\r\n<p style=\"text-align:justify\"><span style=\"font-size:11pt\"><span style=\"line-height:normal\"><span style=\"font-family:&quot;Calibri&quot;,sans-serif\"><a href=\"https:\/\/noticias.portaldaindustria.com.br\/noticias\/infraestrutura\/como-a-modernizacao-do-setor-eletrico-poder-incentivar-a-sustentabilidade\/\" style=\"color:blue; text-decoration:underline\"><span style=\"font-size:14.0pt\">Como a moderniza&ccedil;&atilde;o do setor el&eacute;trico poder incentivar a sustentabilidade<\/span><\/a><\/span><\/span><\/span><\/p>\r\n\r\n<p style=\"text-align:justify\"><span style=\"font-size:11pt\"><span style=\"line-height:normal\"><span style=\"font-family:&quot;Calibri&quot;,sans-serif\"><a href=\"https:\/\/www.estadao.com.br\/economia\/governanca\/brasil-sustentabilidade-sem-fazer-conta-ceo-ambipar\/\" style=\"color:blue; text-decoration:underline\"><span style=\"font-size:14.0pt\">&lsquo;Brasil discute sustentabilidade sem fazer conta&rsquo;, afirma especialista em cr&eacute;dito de carbono<\/span><\/a><\/span><\/span><\/span><\/p>\r\n\r\n<p class=\"MsoTitle\" style=\"text-align:justify\"><span style=\"font-size:28pt\"><span style=\"font-family:&quot;Cambria&quot;,serif\"><span style=\"letter-spacing:-0.5pt\"><b><span style=\"font-size:18.0pt\"><span style=\"font-family:&quot;Calibri&quot;,sans-serif\"><span style=\"font-variant:small-caps\">Inova&ccedil;&atilde;o<\/span><\/span><\/span><\/b><\/span><\/span><\/span><\/p>\r\n\r\n<p style=\"text-align:justify\"><span style=\"font-size:11pt\"><span style=\"line-height:normal\"><span style=\"font-family:&quot;Calibri&quot;,sans-serif\"><a href=\"https:\/\/www.inovacaotecnologica.com.br\/noticias\/noticia.php?artigo=nailon-base-biologica&amp;id=010125230711&amp;ebol=sim\" style=\"color:blue; text-decoration:underline\"><span style=\"font-size:14.0pt\">N&aacute;ilon de base biol&oacute;gica come&ccedil;a a virar realidade<\/span><\/a><\/span><\/span><\/span><\/p>\r\n\r\n<p style=\"text-align:justify\"><span style=\"font-size:11pt\"><span style=\"line-height:normal\"><span style=\"font-family:&quot;Calibri&quot;,sans-serif\"><a href=\"https:\/\/www.moveisdevalor.com.br\/portal\/tecido-de-colchao-pode-virar-bateria-para-veiculos-eletricos\" style=\"color:blue; text-decoration:underline\"><span style=\"font-size:14.0pt\">Tecido de colch&atilde;o pode virar bateria para ve&iacute;culos el&eacute;tricos<\/span><\/a><\/span><\/span><\/span><\/p>\r\n\r\n<p style=\"text-align:justify\"><span style=\"font-size:11pt\"><span style=\"line-height:normal\"><span style=\"font-family:&quot;Calibri&quot;,sans-serif\"><a href=\"https:\/\/www.inovacaotecnologica.com.br\/noticias\/noticia.php?artigo=material-macio-inspirado-lulas-bloqueia-ou-deixa-passar-luz-calor-micro-ondas&amp;id=010160230711&amp;ebol=sim\" style=\"color:blue; text-decoration:underline\"><span style=\"font-size:14.0pt\">Material inspirado em lulas controla passagem de luz, calor e micro-ondas<\/span><\/a><\/span><\/span><\/span><\/p>\r\n\r\n<p style=\"text-align:justify\"><span style=\"font-size:11pt\"><span style=\"line-height:normal\"><span style=\"font-family:&quot;Calibri&quot;,sans-serif\"><a href=\"https:\/\/embalagemmarca.com.br\/2023\/07\/reator-movido-a-energia-solar-transforma-garrafas-pet-e-co2-em-outras-substancias\/\" style=\"color:blue; text-decoration:underline\"><span style=\"font-size:14.0pt\">Reator movido a energia solar transforma garrafas PET e CO2 em outras subst&acirc;ncias<\/span><\/a><\/span><\/span><\/span><\/p>\r\n\r\n<p style=\"text-align:justify\"><span style=\"font-size:11pt\"><span style=\"line-height:normal\"><span style=\"font-family:&quot;Calibri&quot;,sans-serif\"><a href=\"https:\/\/www.gov.br\/mcti\/pt-br\/acompanhe-o-mcti\/noticias\/2023\/07\/plataforma-on-line-reune-e-integra-dados-de-pesquisas-cientificas-brasileiras\" style=\"color:blue; text-decoration:underline\"><span style=\"font-size:14.0pt\">Plataforma on-line re&uacute;ne e integra dados de pesquisas cient&iacute;ficas brasileiras<\/span><\/a> <\/span><\/span><\/span><\/p>\r\n\r\n<p style=\"text-align:justify\"><span style=\"font-size:11pt\"><span style=\"line-height:normal\"><span style=\"font-family:&quot;Calibri&quot;,sans-serif\"><a href=\"https:\/\/www.technicaltextile.net\/news\/singapore-s-researchers-mimic-spiders-to-transform-smart-textile-fibre-288743.html\" style=\"color:blue; text-decoration:underline\"><span style=\"font-size:14.0pt\">Singapore&#39;s researchers mimic spiders to transform smart textile fibre<\/span><\/a><\/span><\/span><\/span><\/p>\r\n\r\n<p style=\"text-align:justify\"><span style=\"font-size:11pt\"><span style=\"line-height:normal\"><span style=\"font-family:&quot;Calibri&quot;,sans-serif\"><a href=\"https:\/\/www.innovationintextiles.com\/composites\/award-for-itas-ultrathin-new-carbon-fibres\/\" style=\"color:blue; text-decoration:underline\"><span style=\"font-size:14.0pt\">Award for ITA&rsquo;s ultra-thin new carbon fibres<\/span><\/a><\/span><\/span><\/span><\/p>\r\n\r\n<p style=\"text-align:justify\"><span style=\"font-size:11pt\"><span style=\"line-height:normal\"><span style=\"font-family:&quot;Calibri&quot;,sans-serif\"><a href=\"https:\/\/phys.org\/news\/2023-07-wearable-biosensor-electrolytes.html?utm_source=nwletter&amp;utm_medium=email&amp;utm_campaign=daily-nwletter\" style=\"color:blue; text-decoration:underline\"><span style=\"font-size:14.0pt\">Sweat it out: Novel wearable biosensor monitors sweat electrolytes<\/span><\/a><\/span><\/span><\/span><\/p>\r\n\r\n<p style=\"text-align:justify\"><span style=\"font-size:11pt\"><span style=\"line-height:normal\"><span style=\"font-family:&quot;Calibri&quot;,sans-serif\"><a href=\"https:\/\/www.gov.br\/mcti\/pt-br\/acompanhe-o-mcti\/noticias\/2023\/07\/para-aproximar-laboratorios-de-nanotecnologia-e-empresas-sibratecnano-abre-ciclo-de-submissao-de-projetos\" style=\"color:blue; text-decoration:underline\"><span style=\"font-size:14.0pt\">Para aproximar laborat&oacute;rios de nanotecnologia e empresas, SibratecNANO abre ciclo de submiss&atilde;o de projetos<\/span><\/a><\/span><\/span><\/span><\/p>\r\n\r\n<p class=\"MsoTitle\" style=\"text-align:justify\"><span style=\"font-size:28pt\"><span style=\"font-family:&quot;Cambria&quot;,serif\"><span style=\"letter-spacing:-0.5pt\"><b><span style=\"font-size:18.0pt\"><span style=\"font-family:&quot;Calibri&quot;,sans-serif\"><span style=\"font-variant:small-caps\">Com&eacute;rcio Exterior<\/span><\/span><\/span><\/b><\/span><\/span><\/span><\/p>\r\n\r\n<p style=\"text-align:justify\"><span style=\"font-size:11pt\"><span style=\"line-height:normal\"><span style=\"font-family:&quot;Calibri&quot;,sans-serif\"><a href=\"https:\/\/www.martinbehrend.com.br\/noticias\/noticia\/id\/13454\/titulo\/exportacoes-de-calcados-no-1-semestre-tem-recuo-mas-resultado-e-um-dos-melhores-da-decada\" style=\"color:blue; text-decoration:underline\"><span style=\"font-size:14.0pt\">Exporta&ccedil;&otilde;es de cal&ccedil;ados no 1&ordm; semestre t&ecirc;m recuo, mas resultado &eacute; um dos melhores da d&eacute;cada<\/span><\/a><\/span><\/span><\/span><\/p>\r\n\r\n<p style=\"text-align:justify\"><span style=\"font-size:11pt\"><span style=\"line-height:normal\"><span style=\"font-family:&quot;Calibri&quot;,sans-serif\"><a href=\"https:\/\/portugaltextil.com\/associacoes-pedem-ratificacao-do-acordo-ue-mercosul\/?utm_term=Portugal+Textil+-+2023-07-12%3ADATEFORMAT%3Ad.m.Y&amp;utm_campaign=Portugal+Textil+FInal&amp;utm_source=e-goi&amp;utm_medium=email&amp;eg_sub=ef749a4dff&amp;eg_cam=db6dfe0f474b9adb6ab5dda93c6472ec&amp;eg_list=6\" style=\"color:blue; text-decoration:underline\"><span style=\"font-size:14.0pt\">Associa&ccedil;&otilde;es pedem ratifica&ccedil;&atilde;o do acordo UE-Mercosul<\/span><\/a><\/span><\/span><\/span><\/p>\r\n\r\n<p style=\"text-align:justify\"><span style=\"font-size:11pt\"><span style=\"line-height:normal\"><span style=\"font-family:&quot;Calibri&quot;,sans-serif\"><a href=\"https:\/\/apexbrasil.com.br\/br\/pt\/conteudo\/noticias\/exportacoes-e-saldo-comercial-do-brasil-batem-recorde-historico-.html#msdynttrid=EyOoBJBdsEBn3j4WGYr2vUhCVAzuEdEuDz07xODHz_Y\" style=\"color:blue; text-decoration:underline\"><span style=\"font-size:14.0pt\">Exporta&ccedil;&otilde;es e saldo comercial do Brasil batem recorde hist&oacute;rico<\/span><\/a><\/span><\/span><\/span><\/p>\r\n\r\n<p style=\"text-align:justify\"><span style=\"font-size:11pt\"><span style=\"line-height:normal\"><span style=\"font-family:&quot;Calibri&quot;,sans-serif\"><a href=\"https:\/\/www.gov.br\/mdic\/pt-br\/assuntos\/noticias\/2023\/julho\/brasil-e-japao-debatem-parcerias-em-energia-verde-transformacao-digital-e-semicondutores\" style=\"color:blue; text-decoration:underline\"><span style=\"font-size:14.0pt\">Brasil e Jap&atilde;o debatem parcerias em energia verde, transforma&ccedil;&atilde;o digital e semicondutores<\/span><\/a><\/span><\/span><\/span><\/p>\r\n\r\n<p style=\"text-align:justify\"><span style=\"font-size:11pt\"><span style=\"line-height:normal\"><span style=\"font-family:&quot;Calibri&quot;,sans-serif\"><a href=\"https:\/\/economia.uol.com.br\/noticias\/estadao-conteudo\/2023\/07\/15\/brasil-envia-a-parceiros-do-mercosul-proposta-a-acordo-com-ue.htm\" style=\"color:blue; text-decoration:underline\"><span style=\"font-size:14.0pt\">Brasil envia a parceiros do Mercosul proposta a acordo com UE<\/span><\/a><\/span><\/span><\/span><\/p>\r\n\r\n<p class=\"MsoTitle\" style=\"text-align:justify\"><span style=\"font-size:28pt\"><span style=\"font-family:&quot;Cambria&quot;,serif\"><span style=\"letter-spacing:-0.5pt\"><b><span style=\"font-size:18.0pt\"><span style=\"font-family:&quot;Calibri&quot;,sans-serif\"><span style=\"font-variant:small-caps\">Economia<\/span><\/span><\/span><\/b><\/span><\/span><\/span><\/p>\r\n\r\n<p style=\"text-align:justify\"><span style=\"font-size:11pt\"><span style=\"line-height:normal\"><span style=\"font-family:&quot;Calibri&quot;,sans-serif\"><a href=\"https:\/\/www.bcb.gov.br\/content\/focus\/focus\/R20230714.pdf\" style=\"color:blue; text-decoration:underline\"><span style=\"font-size:14.0pt\">Focus &ndash; Relat&oacute;rio de Mercado<\/span><\/a><\/span><\/span><\/span><\/p>\r\n\r\n<p style=\"text-align:justify\"><span style=\"font-size:11pt\"><span style=\"line-height:normal\"><span style=\"font-family:&quot;Calibri&quot;,sans-serif\"><span class=\"MsoHyperlink\" style=\"color:blue\"><span style=\"text-decoration:underline\"><span style=\"font-size:14.0pt\"><a href=\"https:\/\/noticias.portaldaindustria.com.br\/noticias\/economia\/cni-projeta-crescimento-de-21-do-pib-em-2023\/\" style=\"color:blue; text-decoration:underline\">CNI projeta crescimento de 2,1% do PIB em 2023<\/a><\/span><\/span><\/span><\/span><\/span><\/span><\/p>\r\n\r\n<p style=\"text-align:justify\"><span style=\"font-size:11pt\"><span style=\"line-height:normal\"><span style=\"font-family:&quot;Calibri&quot;,sans-serif\"><a href=\"https:\/\/apexbrasil.com.br\/content\/apexbrasil\/br\/pt\/conteudo\/noticias\/reforma-tributaria-deve-facilitar-investimentos-no-brasil.html#msdynttrid=ejYTWf9K3iWRFlaTh-LppXRieQciNvQ3ImDZLN4Y_b4\" style=\"color:blue; text-decoration:underline\"><span style=\"font-size:14.0pt\">Reforma tribut&aacute;ria deve facilitar investimentos no Brasil<\/span><\/a><\/span><\/span><\/span><\/p>\r\n\r\n<p style=\"text-align:justify\"><span style=\"font-size:11pt\"><span style=\"line-height:normal\"><span style=\"font-family:&quot;Calibri&quot;,sans-serif\"><a href=\"https:\/\/agenciabrasil.ebc.com.br\/economia\/noticia\/2023-07\/comercio-varejista-tem-queda-de-1-em-maio\" style=\"color:blue; text-decoration:underline\"><span style=\"font-size:14.0pt\">Com&eacute;rcio varejista tem queda de 1% em maio<\/span><\/a><\/span><\/span><\/span><\/p>\r\n\r\n<p style=\"text-align:justify\"><span style=\"font-size:11pt\"><span style=\"line-height:normal\"><span style=\"font-family:&quot;Calibri&quot;,sans-serif\"><a href=\"https:\/\/agenciadenoticias.ibge.gov.br\/agencia-sala-de-imprensa\/2013-agencia-de-noticias\/releases\/37351-em-junho-indice-nacional-da-construcao-civil-e-de-0-39\" style=\"color:blue; text-decoration:underline\"><span style=\"font-size:14.0pt\">Em junho, &Iacute;ndice Nacional da Constru&ccedil;&atilde;o Civil &eacute; de 0,39%<\/span><\/a><\/span><\/span><\/span><\/p>\r\n","6":"<p style=\"text-align:justify\"><span style=\"font-size:11pt\"><span style=\"line-height:normal\"><span style=\"font-family:&quot;Calibri&quot;,sans-serif\"><span style=\"font-size:14.0pt\">Esta &eacute; uma compila&ccedil;&atilde;o das not&iacute;cias mais relevantes para o setor, incluindo informa&ccedil;&otilde;es sobre acordos internacionais, economia brasileira, sustentabilidade e mat&eacute;rias primas, al&eacute;m de novidades do setor de N&atilde;otecidos e Tecidos T&eacute;cnicos.<\/span><\/span><\/span><\/span><\/p>\r\n\r\n<p class=\"MsoTitleCxSpLast\" style=\"text-align:justify\"><span style=\"font-size:28pt\"><span style=\"font-family:&quot;Cambria&quot;,serif\"><span style=\"letter-spacing:-0.5pt\"><b><span style=\"font-size:18.0pt\"><span style=\"font-family:&quot;Calibri&quot;,sans-serif\"><span style=\"font-variant:small-caps\">Not&iacute;cias das Associadas<\/span><\/span><\/span><\/b><\/span><\/span><\/span><\/p>\r\n\r\n<p style=\"text-align:justify\"><span style=\"font-size:11pt\"><span style=\"line-height:normal\"><span style=\"font-family:&quot;Calibri&quot;,sans-serif\"><a href=\"https:\/\/www.nonwovens-industry.com\/live-from-shows\/world-of-wipes\/2023-07-12\/andritz-to-showcase-technologies-for-wipes?utm_campaign=NON+Live+From+Show&amp;utm_medium=email&amp;_hsmi=266256511&amp;_hsenc=p2ANqtz-_0X4mUzxEJpOpvlFR63ABkK3XhbDwCRBiXhxVVh49l3FLVSUxNo2MGZ5eLtzjeKSgnNZHSYXbrHxLLY0VtXlSJyG_ITw&amp;utm_content=266256511&amp;utm_source=hs_email\" style=\"color:blue; text-decoration:underline\"><span style=\"font-size:14.0pt\">Andritz to Showcase Technologies for Wipes<\/span><\/a><\/span><\/span><\/span><\/p>\r\n\r\n<p style=\"text-align:justify\"><span style=\"font-size:11pt\"><span style=\"line-height:normal\"><span style=\"font-family:&quot;Calibri&quot;,sans-serif\"><a href=\"https:\/\/revistanews.com.br\/2023\/07\/12\/cipatex-conquista-selo-diamante-do-programa-origem-sustentavel\/\" style=\"color:blue; text-decoration:underline\"><span style=\"font-size:14.0pt\">Cipatex&reg; conquista selo Diamante do programa Origem Sustent&aacute;vel<\/span><\/a><\/span><\/span><\/span><\/p>\r\n\r\n<p style=\"text-align:justify\"><span style=\"font-size:11pt\"><span style=\"line-height:normal\"><span style=\"font-family:&quot;Calibri&quot;,sans-serif\"><a href=\"https:\/\/www.nonwovens-industry.com\/contents\/view_breaking-news\/2023-07-14\/freudenberg-starts-up-geosynthetics-line-in-china\/15303\" style=\"color:blue; text-decoration:underline\"><span style=\"font-size:14.0pt\">Freudenberg Starts Up Geosynthetics Line In China<\/span><\/a><\/span><\/span><\/span><\/p>\r\n\r\n<p class=\"MsoTitle\" style=\"text-align:justify\"><span style=\"font-size:28pt\"><span style=\"font-family:&quot;Cambria&quot;,serif\"><span style=\"letter-spacing:-0.5pt\"><b><span style=\"font-size:18.0pt\"><span style=\"font-family:&quot;Calibri&quot;,sans-serif\"><span style=\"font-variant:small-caps\">A&ccedil;&otilde;es da ABINT<\/span><\/span><\/span><\/b><\/span><\/span><\/span><\/p>\r\n\r\n<p style=\"text-align:justify\"><span style=\"font-size:11pt\"><span style=\"line-height:normal\"><span calibri=\"\" style=\"font-family:\"><span style=\"font-size:14.0pt\"><img src=\"https:\/\/www.abint.org.br\/assets\/img\/editor\/ctg-patrocinador-regeo-2023_20230620165619xfZZRnNChK.jpeg\" style=\"width: 400px; height: 400px;\" \/><\/span><\/span><\/span><\/span><\/p>\r\n\r\n<p style=\"text-align:justify\"><span style=\"font-size:11pt\"><span style=\"line-height:normal\"><span calibri=\"\" style=\"font-family:\"><b><span style=\"font-size:14.0pt\"><span style=\"font-variant:small-caps\">O CTG ABINT <\/span><\/span><\/b><b><span style=\"font-size:14.0pt\">marcar&aacute; presen&ccedil;a<\/span><\/b><span style=\"font-size:14.0pt\"> nos eventos <b>X Congresso Brasileiro de Geotecnia Ambiental &amp; IX Congresso Brasileiro de Geossint&eacute;ticos - REGEO&rsquo;23 &amp; Geossint&eacute;ticos&rsquo;23<\/b>, que ocorrer&atilde;o de 18 a 21 de julho de 2023, Centro Universit&aacute;rio Jorge Amado &ndash; UNIJORGE, Salvador, BA.<\/span><\/span><\/span><\/span><\/p>\r\n\r\n<p style=\"text-align:justify\"><span style=\"font-size:11.0pt\"><span style=\"line-height:115%\"><span calibri=\"\" style=\"font-family:\"><a href=\"https:\/\/regeogeossinteticos23.com.br\/\" style=\"color:blue; text-decoration:underline\"><span style=\"font-size:14.0pt\"><span style=\"line-height:115%\">Mais informa&ccedil;&otilde;es e inscri&ccedil;&otilde;es<\/span><\/span><\/a><\/span><\/span><\/span><\/p>\r\n\r\n<p style=\"text-align:justify\">&nbsp;<\/p>\r\n\r\n<p style=\"text-align:justify\"><span style=\"font-size:11.0pt\"><span style=\"line-height:115%\"><span calibri=\"\" style=\"font-family:\"><span style=\"font-size:14.0pt\"><span style=\"line-height:115%\"><img src=\"https:\/\/www.abint.org.br\/assets\/img\/editor\/minicurso-fernando-regeo-2023_202306201656511P8LOaKpOZ.jpeg\" style=\"width: 400px; height: 400px;\" \/><\/span><\/span><\/span><\/span><\/span><\/p>\r\n\r\n<p style=\"text-align:justify\"><span style=\"font-size:11pt\"><span style=\"line-height:normal\"><span calibri=\"\" style=\"font-family:\"><b><span style=\"font-size:14.0pt\">O Prof. Dr. Fernando Lavoie, Coordenador do CTG ABINT, ministrar&aacute; Minicurso durante o Regeo&rsquo;23 &amp; Geossint&eacute;ticos&rsquo;23.<\/span><\/b><\/span><\/span><\/span><\/p>\r\n\r\n<p style=\"text-align:justify\"><span style=\"font-size:11.0pt\"><span style=\"line-height:115%\"><span calibri=\"\" style=\"font-family:\"><a href=\"https:\/\/regeogeossinteticos23.com.br\/inscricoes\/\" style=\"color:blue; text-decoration:underline\"><span style=\"font-size:14.0pt\"><span style=\"line-height:115%\">Inscreva-se!<\/span><\/span><\/a><\/span><\/span><\/span><\/p>\r\n\r\n<p style=\"text-align:justify\">&nbsp;<\/p>\r\n\r\n<p style=\"text-align:justify\"><img src=\"https:\/\/www.abint.org.br\/assets\/img\/editor\/e-mail-marketing-curso_202307171152579vBeBB7qW2.jpg\" style=\"width: 400px; height: 560px;\" \/><\/p>\r\n\r\n<p style=\"text-align:justify\">&nbsp;<\/p>\r\n\r\n<p class=\"MsoTitle\" style=\"text-align:justify\"><span style=\"font-size:28pt\"><span style=\"font-family:&quot;Cambria&quot;,serif\"><span style=\"letter-spacing:-0.5pt\"><a href=\"https:\/\/www.abint.org.br\/informacao\/outros\/programacao-curso-abint-tecnologia-dos-naotecidos\" style=\"color:blue; text-decoration:underline\"><b><span style=\"font-size:14.0pt\"><span style=\"font-family:&quot;Calibri&quot;,sans-serif\"><span style=\"letter-spacing:0pt\">Programa&ccedil;&atilde;o<\/span><\/span><\/span><\/b><\/a><b><span style=\"font-size:14.0pt\"><span style=\"font-family:&quot;Calibri&quot;,sans-serif\"><span style=\"letter-spacing:0pt\"> \/ <\/span><\/span><\/span><\/b><a href=\"https:\/\/www.abint.org.br\/informacao\/outros\/informacoes-curso-abint-tecnologia-dos-naotecidos\" style=\"color:blue; text-decoration:underline\"><b><span style=\"font-size:14.0pt\"><span style=\"font-family:&quot;Calibri&quot;,sans-serif\"><span style=\"letter-spacing:0pt\">Informa&ccedil;&otilde;es<\/span><\/span><\/span><\/b><\/a><b><span style=\"font-size:14.0pt\"><span style=\"font-family:&quot;Calibri&quot;,sans-serif\"><span style=\"letter-spacing:0pt\"> \/ <\/span><\/span><\/span><\/b><a href=\"https:\/\/forms.gle\/E5bZXpiNh7wZ9kcQ6\" style=\"color:blue; text-decoration:underline\"><b><span style=\"font-size:14.0pt\"><span style=\"font-family:&quot;Calibri&quot;,sans-serif\"><span style=\"letter-spacing:0pt\">Inscri&ccedil;&otilde;es<\/span><\/span><\/span><\/b><\/a><b> <\/b><\/span><\/span><\/span><\/p>\r\n\r\n<p style=\"text-align:justify\"><span style=\"font-size:11pt\"><span style=\"line-height:normal\"><span style=\"font-family:&quot;Calibri&quot;,sans-serif\"><b><span style=\"font-size:18.0pt\"><span style=\"font-variant:small-caps\">Eventos<\/span><\/span><\/b><\/span><\/span><\/span><\/p>\r\n\r\n<p style=\"text-align:justify\"><span style=\"font-size:11pt\"><span style=\"line-height:normal\"><span style=\"font-family:&quot;Calibri&quot;,sans-serif\"><b><span style=\"font-size:14.0pt\">Webinar FGV IBRE | A evolu&ccedil;&atilde;o dos custos na constru&ccedil;&atilde;o<\/span><\/b><span style=\"font-size:14.0pt\">, 18 de julho de 2023, das 10h &agrave;s 12h GMT-3.<\/span> <a href=\"https:\/\/evento.fgv.br\/custosconstrucao_1807\/\" style=\"color:blue; text-decoration:underline\"><span style=\"font-size:14.0pt\">Informa&ccedil;&otilde;es<\/span><\/a> <\/span><\/span><\/span><\/p>\r\n\r\n<p style=\"text-align:justify\"><span style=\"font-size:11pt\"><span style=\"line-height:normal\"><span style=\"font-family:&quot;Calibri&quot;,sans-serif\"><b><span style=\"font-size:14.0pt\">Abit | Conversa Aberta: &ldquo;O papel do BNDES na retoma da ind&uacute;stria brasileira&rdquo;,<\/span><\/b> <span style=\"font-size:14.0pt\">18 de julho de 2023, 17h.<\/span> <a href=\"https:\/\/t.rdsv1.net\/ls\/click?upn=LFSWB5boDXSqxt4eHgA5r5KdjadVLHsgubb70wZBuCrUaJG8K4sDeMRFCP4MhpnZQQQH4-2F4SmOFKcC9MiGcrCoDu8G86SH-2FDH8J657OExH1Wtspe6rE5LQU2JyRNPmL6XDaQLAKcs3hzrvroOyok54UnE-2F24Dl0-2FUE9rN4hqX2mMRkJUEOcOGnBS6M1Z89mQaGQ9CtTdp26-2FEIZ81yU0-2FA-3D-3DxT-r_iW8zc4KBvTUX2z9kws1M6pjQI9DpNNh-2Fk6fgMN4DbaFx-2BL1o5swSv2HtiLB2iGFhqxZ0654f80VOIjakRycDjcrdu1MF6BdTRc4d4wYs0wcxXXPsRygypvnzeOAhjjgi0DY22Pj9OVhWHGTf9j-2BtliboVpKuBrF-2FWXz9VBzD2n-2B6BTh5s0Tb6cNzuD9B0IDcPG01gnhhtGYY6ohp7jAAt7NfU7Iq8uY9bUOiRQLVkJjHV-2FIFFeeCujsxfCMrgRgpZCQ-2FK4Jkhf9j7qr03setSRPj3pcuHIpr3oHxWa3Q7184HruBaFgT1wnML6I-2B1-2FpJAyoo1Fk0QNXLsS98W1ALLOJfj81ibPTfXq2g8HHT3UowkxZ-2FUC1pz6da-2FpYf93QVgFqZuwJqrVYdqkDXBjsliX4YPsCmgsVEQhD4OHoPvTZ8K1RJ9tNamdzjCqsoFNQ377YvpSimjIifTeYALaQ1kk24KsOrhqgLaSrur81APrBPeGkV122TlNXEN9R5D6xEMBJAU1tsmWajJo5gQorwtAYvRkuDmq1LT6Fcgzijpq6xsTSc2InrDs-2FSCxOwXI-2Fklh5Ae-2FmI0N9p9iaLVLaH3NLZymWhXt4TQ6B8aPlGdS4fnbAhTMw82BHpcADcP-2FKimCuVbX6OJsg9K86IGpyR2mdZdph6QQw4JfiWFJsYRtc-3D\" style=\"color:blue; text-decoration:underline\"><span style=\"font-size:14.0pt\">Informa&ccedil;&otilde;es<\/span><\/a> <\/span><\/span><\/span><\/p>\r\n\r\n<p style=\"text-align:justify\"><span style=\"font-size:11pt\"><span style=\"line-height:normal\"><span style=\"font-family:&quot;Calibri&quot;,sans-serif\"><b><span style=\"font-size:14.0pt\">Webinar Sobratema | &quot;Atualiza&ccedil;&atilde;o das Tend&ecirc;ncias no Mercado da Constru&ccedil;&atilde;o&quot;,<\/span><\/b> <span style=\"font-size:14.0pt\">27 de julho de 2023, &agrave;s 15h, transmiss&atilde;o ao vivo e exclusiva pelo<\/span> <a href=\"http:\/\/emkt.sobratemanews.org.br\/emkt\/tracer\/?2,7874383,260ba16a,5491,1\" style=\"color:blue; text-decoration:underline\"><span style=\"font-size:14.0pt\">Canal da Sobratema no YouTube<\/span><\/a><span class=\"MsoHyperlink\" style=\"color:blue\"><span style=\"text-decoration:underline\"><span style=\"font-size:14.0pt\"><span style=\"text-decoration:none\"><span style=\"text-underline:none\">.<\/span><\/span><\/span><\/span><\/span><\/span><\/span><\/span><\/p>\r\n\r\n<p style=\"text-align:justify\"><span style=\"font-size:11pt\"><span style=\"line-height:normal\"><span style=\"font-family:&quot;Calibri&quot;,sans-serif\"><b><span style=\"font-size:14.0pt\">IV Congreso Sudamericano de Composites, Poliuretano y Pl&aacute;sticos de Ingenier&iacute;a,<\/span><\/b><span style=\"font-size:14.0pt\"> 8 e 9 de agosto, Buenos Aires, Argentina. <\/span><a href=\"http:\/\/www.congresosudamericano.com\/blog.html\" style=\"color:blue; text-decoration:underline\"><span style=\"font-size:14.0pt\">Informa&ccedil;&otilde;es<\/span><\/a> <\/span><\/span><\/span><\/p>\r\n\r\n<p style=\"text-align:justify\"><span style=\"font-size:11pt\"><span style=\"line-height:normal\"><span style=\"font-family:&quot;Calibri&quot;,sans-serif\"><b><span style=\"font-size:14.0pt\">XII Simp&oacute;sio Internacional de Excel&ecirc;ncia em Produ&ccedil;&atilde;o | &quot;Efici&ecirc;ncia de Processos Industriais<\/span><\/b><span style=\"font-size:14.0pt\">, 17 de agosto de 2023, 08h30 &agrave;s 12h00, Centro Universit&aacute;rio FACENS, Sorocaba, SP.<\/span><\/span><\/span><\/span><\/p>\r\n\r\n<p style=\"text-align:justify\"><span style=\"font-size:11pt\"><span style=\"line-height:normal\"><span style=\"font-family:&quot;Calibri&quot;,sans-serif\"><b><span style=\"font-size:14.0pt\">FIMMA BRASIL - Feira Internacional de Fornecedores da Cadeia Produtiva Madeira e M&oacute;veis<\/span><\/b><span style=\"font-size:14.0pt\">, 28 a 31 de agosto de 2023, das 10h &agrave;s 19h, Bento Gon&ccedil;alves, RS. <\/span><a href=\"https:\/\/fimma.com.br\/\" style=\"color:blue; text-decoration:underline\"><span style=\"font-size:14.0pt\">Informa&ccedil;&otilde;es<\/span><\/a> <\/span><\/span><\/span><\/p>\r\n\r\n<p style=\"text-align:justify\"><span style=\"font-size:11pt\"><span style=\"line-height:normal\"><span style=\"font-family:&quot;Calibri&quot;,sans-serif\"><b><span style=\"font-size:14.0pt\">22&ordf; FEBRAVA - Feira Internacional de Refrigera&ccedil;&atilde;o, Ar-Condicionado, Ventila&ccedil;&atilde;o, Aquecimento, Tratamento de Ar e de &Aacute;guas<\/span><\/b><span style=\"font-size:14.0pt\">, 12 a 15 de setembro de 2023, S&atilde;o Paulo Expo. <\/span><a href=\"https:\/\/www.febrava.com.br\/pt-br.html\" style=\"color:blue; text-decoration:underline\"><span style=\"font-size:14.0pt\">Informa&ccedil;&otilde;es<\/span><\/a> <\/span><\/span><\/span><\/p>\r\n\r\n<p style=\"text-align:justify\"><span style=\"font-size:11pt\"><span style=\"line-height:normal\"><span style=\"font-family:&quot;Calibri&quot;,sans-serif\"><b><span style=\"font-size:14.0pt\">18&ordm; CONBRAVA &ndash; Congresso Brasileiro de Refrigera&ccedil;&atilde;o, Ar-Condicionado, Ventila&ccedil;&atilde;o, Aquecimento e Tratamento de Ar | &ldquo;AVACR rumo ao um futuro sustent&aacute;vel e saud&aacute;vel&rdquo;, <\/span><\/b><span style=\"font-size:14.0pt\">13 a 15 de setembro de 2023, S&atilde;o Paulo Expo, SP. <\/span><a href=\"http:\/\/conbrava.comercial.ws\/site\/\" style=\"color:blue; text-decoration:underline\"><span style=\"font-size:14.0pt\">Informa&ccedil;&otilde;es<\/span><\/a> <\/span><\/span><\/span><\/p>\r\n\r\n<p style=\"text-align:justify\"><span style=\"font-size:11pt\"><span style=\"line-height:normal\"><span style=\"font-family:&quot;Calibri&quot;,sans-serif\"><b><span style=\"font-size:14.0pt\">CNI\/ SEBRAE | 10&ordm; Congresso Internacional da Inova&ccedil;&atilde;o da Ind&uacute;stria<\/span><\/b><span style=\"font-size:14.0pt\">, 27 e 28 de setembro de 2023, S&atilde;o Paulo Expo.<\/span> <a href=\"https:\/\/www.congressodeinovacao.com.br\/?utm_source=comext&amp;utm_medium=email&amp;utm_campaign=eventos&amp;utm_content=id00053#msdynttrid=gg5jXwSFR7qM4vHH2tKGau3cTwSFDneTjMUhrcPg7vE\" style=\"color:blue; text-decoration:underline\"><span style=\"font-size:14.0pt\">Informa&ccedil;&otilde;es<\/span><\/a> <\/span><\/span><\/span><\/p>\r\n\r\n<p style=\"text-align:justify\"><span style=\"font-size:11pt\"><span style=\"line-height:normal\"><span style=\"font-family:&quot;Calibri&quot;,sans-serif\"><b><span style=\"font-size:14.0pt\">FiltXPO&trade; 2023<\/span><\/b><span class=\"MsoHyperlink\" style=\"color:blue\"><span style=\"text-decoration:underline\"><span style=\"font-size:14.0pt\"><span style=\"text-decoration:none\"><span style=\"text-underline:none\">, <\/span><\/span><\/span><\/span><\/span><span style=\"font-size:14.0pt\">October 10-12, 2023 at Navy Pier in Chicago, Illinois<\/span><span class=\"MsoHyperlink\" style=\"color:blue\"><span style=\"text-decoration:underline\"><span style=\"font-size:14.0pt\"><span style=\"text-decoration:none\"><span style=\"text-underline:none\">. <\/span><\/span><\/span><\/span><\/span><a href=\"https:\/\/www.filtxpo.com\/\" style=\"color:blue; text-decoration:underline\"><span style=\"font-size:14.0pt\">Informa&ccedil;&otilde;es<\/span><\/a> <\/span><\/span><\/span><\/p>\r\n\r\n<p style=\"text-align:justify\"><span style=\"font-size:11pt\"><span style=\"line-height:normal\"><span style=\"font-family:&quot;Calibri&quot;,sans-serif\"><b><span style=\"font-size:14.0pt\">V Congreso Sudamericano de Composites, Poliuretano y Pl&aacute;sticos de Ingenier&iacute;a, <\/span><\/b><span style=\"font-size:14.0pt\">24 e 25 de outubro de 2023, Bogot&aacute;, Col&ocirc;mbia. <\/span><a href=\"http:\/\/www.congresosudamericano.com\/blog.html\" style=\"color:blue; text-decoration:underline\"><span style=\"font-size:14.0pt\">Informa&ccedil;&otilde;es<\/span><\/a> <\/span><\/span><\/span><\/p>\r\n\r\n<p style=\"text-align:justify\"><span style=\"font-size:11pt\"><span style=\"line-height:normal\"><span style=\"font-family:&quot;Calibri&quot;,sans-serif\"><b><span style=\"font-size:14.0pt\">Abrafiltros | 2&ordm; Semin&aacute;rio Brasileiro de Filtros<\/span><\/b><span style=\"font-size:14.0pt\">, 08 de novembro de 2023.<\/span><\/span><\/span><\/span><\/p>\r\n\r\n<p class=\"MsoTitle\" style=\"text-align:justify\"><span style=\"font-size:28pt\"><span style=\"font-family:&quot;Cambria&quot;,serif\"><span style=\"letter-spacing:-0.5pt\"><b><span style=\"font-size:18.0pt\"><span style=\"font-family:&quot;Calibri&quot;,sans-serif\"><span style=\"font-variant:small-caps\">Setor<\/span><\/span><\/span><\/b><\/span><\/span><\/span><\/p>\r\n\r\n<p style=\"text-align:justify\"><span style=\"font-size:11pt\"><span style=\"line-height:normal\"><span style=\"font-family:&quot;Calibri&quot;,sans-serif\"><a href=\"https:\/\/blogdoplastico.wordpress.com\/2023\/07\/13\/ctg-abint-marcara-presenca-no-regeo23-geossinteticos23\/\" style=\"color:blue; text-decoration:underline\"><span style=\"font-size:14.0pt\">CTG ABINT marcar&aacute; presen&ccedil;a no REGEO&rsquo;23 &amp; Geossint&eacute;ticos&rsquo;23<\/span><\/a><\/span><\/span><\/span><\/p>\r\n\r\n<p style=\"text-align:justify\"><span style=\"font-size:11pt\"><span style=\"line-height:normal\"><span style=\"font-family:&quot;Calibri&quot;,sans-serif\"><a href=\"https:\/\/tissueonline.com.br\/fraldas-e-absorventes-higienicos-entram-na-lista-de-produtos-essenciais-no-mexico\/?utm_campaign=newsletter_14072023_novo_modelo&amp;utm_medium=email&amp;utm_source=RD+Station\" style=\"color:blue; text-decoration:underline\"><span style=\"font-size:14.0pt\">Fraldas e absorventes higi&ecirc;nicos entram na lista de produtos essenciais no M&eacute;xico<\/span><\/a><\/span><\/span><\/span><\/p>\r\n\r\n<p style=\"text-align:justify\"><span style=\"font-size:11pt\"><span style=\"line-height:normal\"><span style=\"font-family:&quot;Calibri&quot;,sans-serif\"><a href=\"https:\/\/summitagro.estadao.com.br\/sustentabilidade\/como-o-agronegocio-pode-contribuir-para-reduzir-a-poluicao\/\" style=\"color:blue; text-decoration:underline\"><span style=\"font-size:14.0pt\">Mulching: como o agroneg&oacute;cio pode contribuir para reduzir a polui&ccedil;&atilde;o?<\/span><\/a><\/span><\/span><\/span><\/p>\r\n\r\n<p style=\"text-align:justify\"><span style=\"font-size:11pt\"><span style=\"line-height:normal\"><span style=\"font-family:&quot;Calibri&quot;,sans-serif\"><a href=\"https:\/\/plasticosemrevista.com.br\/resinas-excedentes-da-china-invadem-uniao-europeia\/\" style=\"color:blue; text-decoration:underline\"><span style=\"font-size:14.0pt\">Resinas: excedentes da China invadem Uni&atilde;o Europeia<\/span><\/a><\/span><\/span><\/span><\/p>\r\n\r\n<p style=\"text-align:justify\"><span style=\"font-size:11pt\"><span style=\"line-height:normal\"><span style=\"font-family:&quot;Calibri&quot;,sans-serif\"><a href=\"https:\/\/portugaltextil.com\/seis-prioridades-para-fechar-o-ciclo-do-poliester\/?utm_term=Portugal+Textil+-+2023-07-13%3ADATEFORMAT%3Ad.m.Y&amp;utm_campaign=Portugal+Textil+FInal&amp;utm_source=e-goi&amp;utm_medium=email&amp;eg_sub=ef749a4dff&amp;eg_cam=38a01bc474f4c0c65058ddb12bd269b9&amp;eg_list=6\" style=\"color:blue; text-decoration:underline\"><span style=\"font-size:14.0pt\">Seis prioridades para fechar o ciclo do poli&eacute;ster<\/span><\/a><\/span><\/span><\/span><\/p>\r\n\r\n<p style=\"text-align:justify\"><span style=\"font-size:11pt\"><span style=\"line-height:normal\"><span style=\"font-family:&quot;Calibri&quot;,sans-serif\"><a href=\"https:\/\/www.nonwovens-industry.com\/live-from-shows\/world-of-wipes\/2023-07-13\/world-of-wipes-conference-to-focus-on-entire-supply-chain?utm_campaign=NON+Live+From+Show&amp;utm_medium=email&amp;_hsmi=266256511&amp;_hsenc=p2ANqtz-_HCSqpbHzjsXphUTVBhzz0sNIitTq7482cVEsGetbL0IuCwmFzKQJombwiuRRVjDD_7GKsNLnY7oys_vdbck8frNDvpQ&amp;utm_content=266256511&amp;utm_source=hs_email\" style=\"color:blue; text-decoration:underline\"><span style=\"font-size:14.0pt\">World of Wipes Conference to Focus on Entire Supply Chain<\/span><\/a><\/span><\/span><\/span><\/p>\r\n\r\n<p style=\"text-align:justify\"><span style=\"font-size:11pt\"><span style=\"line-height:normal\"><span style=\"font-family:&quot;Calibri&quot;,sans-serif\"><a href=\"https:\/\/epbr.com.br\/disputa-pela-braskem-por-que-petroquimica-atrai-investidores-ao-redor-do-mundo\/?utm_source=newsletters+epbr&amp;utm_campaign=f41e243c77-epbr-comece-seu-dia_20230630_COPY_01&amp;utm_medium=email&amp;utm_term=0_5931171aac-f41e243c77-466362780\" style=\"color:blue; text-decoration:underline\"><span style=\"font-size:14.0pt\">Disputa pela Braskem: por que petroqu&iacute;mica atrai investidores ao redor do mundo<\/span><\/a><\/span><\/span><\/span><\/p>\r\n\r\n<p style=\"text-align:justify\"><span style=\"font-size:11pt\"><span style=\"line-height:normal\"><span style=\"font-family:&quot;Calibri&quot;,sans-serif\"><a href=\"http:\/\/comunidadtextil.com\/wpnews\/2023\/06\/el-sector-textil-enfrenta-una-tormenta-perfecta-pero-se-mejoras-para-fines-del-ano\/?utm_source=email_marketing&amp;utm_admin=28519&amp;utm_medium=email&amp;utm_campaign=NOTICIAS_de_la_Industria_Textil_Indumentaria_y_Moda\" style=\"color:blue; text-decoration:underline\"><span style=\"font-size:14.0pt\">El sector textil enfrenta una &lsquo;tormenta perfecta&rsquo; pero se mejoras para fines del a&ntilde;o<\/span><\/a><\/span><\/span><\/span><\/p>\r\n\r\n<p style=\"text-align:justify\"><span style=\"font-size:11pt\"><span style=\"line-height:normal\"><span style=\"font-family:&quot;Calibri&quot;,sans-serif\"><a href=\"https:\/\/www.bloomberglinea.com.br\/mercados\/opep-ve-mercado-de-petroleo-apertado-em-2024-com-demanda-maior-que-o-esperado\/?utm_source=newsletters+epbr&amp;utm_campaign=f41e243c77-epbr-comece-seu-dia_20230630_COPY_01&amp;utm_medium=email&amp;utm_term=0_5931171aac-f41e243c77-466362780\" style=\"color:blue; text-decoration:underline\"><span style=\"font-size:14.0pt\">Opep v&ecirc; mercado de petr&oacute;leo apertado em 2024, com demanda acima do esperado<\/span><\/a><\/span><\/span><\/span><\/p>\r\n\r\n<p style=\"text-align:justify\"><span style=\"font-size:11pt\"><span style=\"line-height:normal\"><span style=\"font-family:&quot;Calibri&quot;,sans-serif\"><a href=\"https:\/\/economia.uol.com.br\/noticias\/reuters\/2023\/07\/13\/agencia-reduz-previsao-de-demanda-global-de-petroleo.htm?utm_source=newsletters+epbr&amp;utm_campaign=f41e243c77-epbr-comece-seu-dia_20230630_COPY_01&amp;utm_medium=email&amp;utm_term=0_5931171aac-f41e243c77-466362780\" style=\"color:blue; text-decoration:underline\"><span style=\"font-size:14.0pt\">Ag&ecirc;ncia reduz previs&atilde;o de demanda global de petr&oacute;leo<\/span><\/a><\/span><\/span><\/span><\/p>\r\n\r\n<p class=\"MsoTitle\" style=\"text-align:justify\"><span style=\"font-size:28pt\"><span style=\"font-family:&quot;Cambria&quot;,serif\"><span style=\"letter-spacing:-0.5pt\"><b><span style=\"font-size:18.0pt\"><span style=\"font-family:&quot;Calibri&quot;,sans-serif\"><span style=\"font-variant:small-caps\">Ind&uacute;stria<\/span><\/span><\/span><\/b><\/span><\/span><\/span><\/p>\r\n\r\n<p style=\"text-align:justify\"><span style=\"font-size:11pt\"><span style=\"line-height:normal\"><span style=\"font-family:&quot;Calibri&quot;,sans-serif\"><a href=\"https:\/\/noticias.portaldaindustria.com.br\/noticias\/economia\/confianca-da-industria-aumentou-mas-condicoes-economicas-ainda-nao-agradam\/\" style=\"color:blue; text-decoration:underline\"><span style=\"font-size:14.0pt\">Confian&ccedil;a da ind&uacute;stria aumentou, mas condi&ccedil;&otilde;es econ&ocirc;micas ainda n&atilde;o agradam<\/span><\/a><\/span><\/span><\/span><\/p>\r\n\r\n<p style=\"text-align:justify\"><span style=\"font-size:11pt\"><span style=\"line-height:normal\"><span style=\"font-family:&quot;Calibri&quot;,sans-serif\"><a href=\"https:\/\/jc.ne10.uol.com.br\/colunas\/jc-negocios\/2023\/07\/15544018-industria-textil-e-de-confeccao-sofre-com-juros-altos-falta-de-credito-e-concorrencia-das-asiaticas.html\" style=\"color:blue; text-decoration:underline\"><span style=\"font-size:14.0pt\">Ind&uacute;stria t&ecirc;xtil e de confec&ccedil;&atilde;o sofre com juros altos, falta de cr&eacute;dito e concorr&ecirc;ncia das asi&aacute;ticas<\/span><\/a><\/span><\/span><\/span><\/p>\r\n\r\n<p style=\"text-align:justify\"><span style=\"font-size:11pt\"><span style=\"line-height:normal\"><span style=\"font-family:&quot;Calibri&quot;,sans-serif\"><a href=\"https:\/\/agenciadenoticias.ibge.gov.br\/agencia-noticias\/2012-agencia-de-noticias\/noticias\/37374-producao-industrial-cresce-em-dez-dos-15-locais-pesquisados-em-maio-frente-a-abril\" style=\"color:blue; text-decoration:underline\"><span style=\"font-size:14.0pt\">Produ&ccedil;&atilde;o industrial cresce em dez dos 15 locais pesquisados em maio frente a abril<\/span><\/a><\/span><\/span><\/span><\/p>\r\n\r\n<p style=\"text-align:justify\"><span style=\"font-size:11pt\"><span style=\"line-height:normal\"><span style=\"font-family:&quot;Calibri&quot;,sans-serif\"><a href=\"https:\/\/autoesporte.globo.com\/industria\/noticia\/2023\/07\/empresas-chinesas-negociam-para-construir-fabricas-no-abc-paulista.ghtml\" style=\"color:blue; text-decoration:underline\"><span style=\"font-size:14.0pt\">Empresas chinesas negociam para construir f&aacute;bricas no ABC Paulista<\/span><\/a><\/span><\/span><\/span><\/p>\r\n\r\n<p style=\"text-align:justify\"><span style=\"font-size:11pt\"><span style=\"line-height:normal\"><span style=\"font-family:&quot;Calibri&quot;,sans-serif\"><a href=\"https:\/\/exclink.exclusivo.com.br\/cl\/PQDC_\/E6A\/343a\/LCFJkUKAOaB\/BLUJ\/wv0dP-UfWn\/3\/\" style=\"color:blue; text-decoration:underline\"><span style=\"font-size:14.0pt\">Atividade da ind&uacute;stria ga&uacute;cha volta a crescer; setor cal&ccedil;adista ajuda a puxar alta<\/span><\/a><\/span><\/span><\/span><\/p>\r\n\r\n<p style=\"text-align:justify\"><span style=\"font-size:11pt\"><span style=\"line-height:normal\"><span style=\"font-family:&quot;Calibri&quot;,sans-serif\"><a href=\"https:\/\/www.abicol.org\/informe-abicol-010-otimismo-moderado-domina-pesquisa-da-abicol\/\" style=\"color:blue; text-decoration:underline\"><span style=\"font-size:14.0pt\">Otimismo moderado domina pesquisa da ABICOL<\/span><\/a><\/span><\/span><\/span><\/p>\r\n\r\n<p style=\"text-align:justify\"><span style=\"font-size:11pt\"><span style=\"line-height:normal\"><span style=\"font-family:&quot;Calibri&quot;,sans-serif\"><a href=\"https:\/\/www12.senado.leg.br\/noticias\/noticias\/materias\/2023\/07\/11\/apos-acordo-com-oposicao-governo-editara-novos-decretos-sobre-saneamento\" style=\"color:blue; text-decoration:underline\"><span style=\"font-size:14.0pt\">Governo fecha acordo sobre decreto do saneamento<\/span><\/a><\/span><\/span><\/span><\/p>\r\n\r\n<p style=\"text-align:justify\"><span style=\"font-size:11pt\"><span style=\"line-height:normal\"><span style=\"font-family:&quot;Calibri&quot;,sans-serif\"><a href=\"https:\/\/revlink.revistaanamaco.com.br\/cl\/PQB7E\/CxP\/d6ba\/LCFJkUKAOaB\/BM-9\/EWCa4K6pHNT\/2\/\" style=\"color:blue; text-decoration:underline\" target=\"_blank\"><span style=\"font-size:14.0pt\">Instituto Brasileiro do PVC divulga desempenho do produto no Brasil<\/span><\/a><\/span><\/span><\/span><\/p>\r\n\r\n<p style=\"text-align:justify\"><span style=\"font-size:11pt\"><span style=\"line-height:normal\"><span style=\"font-family:&quot;Calibri&quot;,sans-serif\"><a href=\"https:\/\/www.eiu.com\/n\/how-should-companies-think-about-supply-chain-shifts\/?utm_source=mkt-newsletter&amp;utm_medium=email&amp;utm_campaign=foce&amp;utm_content=14-july-2023&amp;utm_term=here&amp;mkt_tok=NzUzLVJJUS00MzgAAAGM8-TBIs0bB3o51900Sgp4DpLMfkCgDRMM6V7qfMihJtCDSS9zC3xW7DBVnckYyDcTcxcn3ELDpRWmUbJy4AT7z_Zg5984wbfXZdUiPoy8LD42kA\" style=\"color:blue; text-decoration:underline\"><span style=\"font-size:14.0pt\">How should companies think about supply-chain shifts?<\/span><\/a><\/span><\/span><\/span><\/p>\r\n\r\n<p class=\"MsoTitle\" style=\"text-align:justify\"><span style=\"font-size:28pt\"><span style=\"font-family:&quot;Cambria&quot;,serif\"><span style=\"letter-spacing:-0.5pt\"><b><span style=\"font-size:18.0pt\"><span style=\"font-family:&quot;Calibri&quot;,sans-serif\"><span style=\"font-variant:small-caps\">Sustentabilidade<\/span><\/span><\/span><\/b><\/span><\/span><\/span><\/p>\r\n\r\n<p style=\"text-align:justify\"><span style=\"font-size:11pt\"><span style=\"line-height:normal\"><span style=\"font-family:&quot;Calibri&quot;,sans-serif\"><a href=\"https:\/\/www.inovacaotecnologica.com.br\/noticias\/noticia.php?artigo=plastico-biodegradavel-mesmo-tempo-casca-banana&amp;id=010160230713&amp;ebol=sim\" style=\"color:blue; text-decoration:underline\"><span style=\"font-size:14.0pt\">Novo biopl&aacute;stico degrada-se no mesmo tempo que uma casca de banana<\/span><\/a><\/span><\/span><\/span><\/p>\r\n\r\n<p style=\"text-align:justify\"><span style=\"font-size:11pt\"><span style=\"line-height:normal\"><span style=\"font-family:&quot;Calibri&quot;,sans-serif\"><a href=\"http:\/\/comunidadtextil.com\/wpnews\/2023\/06\/europa-las-empresas-textiles-quieren-que-se-armonicen-las-reglas-de-gestion-de-residuos\/?utm_source=email_marketing&amp;utm_admin=28519&amp;utm_medium=email&amp;utm_campaign=NOTICIAS_de_la_Industria_Textil_Indumentaria_y_Moda\" style=\"color:blue; text-decoration:underline\"><span style=\"font-size:14.0pt\">Europa: las empresas textiles quieren que se armonicen las reglas de gesti&oacute;n de residuos<\/span><\/a><\/span><\/span><\/span><\/p>\r\n\r\n<p style=\"text-align:justify\"><span style=\"font-size:11pt\"><span style=\"line-height:normal\"><span style=\"font-family:&quot;Calibri&quot;,sans-serif\"><a href=\"https:\/\/noticias.portaldaindustria.com.br\/noticias\/infraestrutura\/como-a-modernizacao-do-setor-eletrico-poder-incentivar-a-sustentabilidade\/\" style=\"color:blue; text-decoration:underline\"><span style=\"font-size:14.0pt\">Como a moderniza&ccedil;&atilde;o do setor el&eacute;trico poder incentivar a sustentabilidade<\/span><\/a><\/span><\/span><\/span><\/p>\r\n\r\n<p style=\"text-align:justify\"><span style=\"font-size:11pt\"><span style=\"line-height:normal\"><span style=\"font-family:&quot;Calibri&quot;,sans-serif\"><a href=\"https:\/\/www.estadao.com.br\/economia\/governanca\/brasil-sustentabilidade-sem-fazer-conta-ceo-ambipar\/\" style=\"color:blue; text-decoration:underline\"><span style=\"font-size:14.0pt\">&lsquo;Brasil discute sustentabilidade sem fazer conta&rsquo;, afirma especialista em cr&eacute;dito de carbono<\/span><\/a><\/span><\/span><\/span><\/p>\r\n\r\n<p class=\"MsoTitle\" style=\"text-align:justify\"><span style=\"font-size:28pt\"><span style=\"font-family:&quot;Cambria&quot;,serif\"><span style=\"letter-spacing:-0.5pt\"><b><span style=\"font-size:18.0pt\"><span style=\"font-family:&quot;Calibri&quot;,sans-serif\"><span style=\"font-variant:small-caps\">Inova&ccedil;&atilde;o<\/span><\/span><\/span><\/b><\/span><\/span><\/span><\/p>\r\n\r\n<p style=\"text-align:justify\"><span style=\"font-size:11pt\"><span style=\"line-height:normal\"><span style=\"font-family:&quot;Calibri&quot;,sans-serif\"><a href=\"https:\/\/www.inovacaotecnologica.com.br\/noticias\/noticia.php?artigo=nailon-base-biologica&amp;id=010125230711&amp;ebol=sim\" style=\"color:blue; text-decoration:underline\"><span style=\"font-size:14.0pt\">N&aacute;ilon de base biol&oacute;gica come&ccedil;a a virar realidade<\/span><\/a><\/span><\/span><\/span><\/p>\r\n\r\n<p style=\"text-align:justify\"><span style=\"font-size:11pt\"><span style=\"line-height:normal\"><span style=\"font-family:&quot;Calibri&quot;,sans-serif\"><a href=\"https:\/\/www.moveisdevalor.com.br\/portal\/tecido-de-colchao-pode-virar-bateria-para-veiculos-eletricos\" style=\"color:blue; text-decoration:underline\"><span style=\"font-size:14.0pt\">Tecido de colch&atilde;o pode virar bateria para ve&iacute;culos el&eacute;tricos<\/span><\/a><\/span><\/span><\/span><\/p>\r\n\r\n<p style=\"text-align:justify\"><span style=\"font-size:11pt\"><span style=\"line-height:normal\"><span style=\"font-family:&quot;Calibri&quot;,sans-serif\"><a href=\"https:\/\/www.inovacaotecnologica.com.br\/noticias\/noticia.php?artigo=material-macio-inspirado-lulas-bloqueia-ou-deixa-passar-luz-calor-micro-ondas&amp;id=010160230711&amp;ebol=sim\" style=\"color:blue; text-decoration:underline\"><span style=\"font-size:14.0pt\">Material inspirado em lulas controla passagem de luz, calor e micro-ondas<\/span><\/a><\/span><\/span><\/span><\/p>\r\n\r\n<p style=\"text-align:justify\"><span style=\"font-size:11pt\"><span style=\"line-height:normal\"><span style=\"font-family:&quot;Calibri&quot;,sans-serif\"><a href=\"https:\/\/embalagemmarca.com.br\/2023\/07\/reator-movido-a-energia-solar-transforma-garrafas-pet-e-co2-em-outras-substancias\/\" style=\"color:blue; text-decoration:underline\"><span style=\"font-size:14.0pt\">Reator movido a energia solar transforma garrafas PET e CO2 em outras subst&acirc;ncias<\/span><\/a><\/span><\/span><\/span><\/p>\r\n\r\n<p style=\"text-align:justify\"><span style=\"font-size:11pt\"><span style=\"line-height:normal\"><span style=\"font-family:&quot;Calibri&quot;,sans-serif\"><a href=\"https:\/\/www.gov.br\/mcti\/pt-br\/acompanhe-o-mcti\/noticias\/2023\/07\/plataforma-on-line-reune-e-integra-dados-de-pesquisas-cientificas-brasileiras\" style=\"color:blue; text-decoration:underline\"><span style=\"font-size:14.0pt\">Plataforma on-line re&uacute;ne e integra dados de pesquisas cient&iacute;ficas brasileiras<\/span><\/a> <\/span><\/span><\/span><\/p>\r\n\r\n<p style=\"text-align:justify\"><span style=\"font-size:11pt\"><span style=\"line-height:normal\"><span style=\"font-family:&quot;Calibri&quot;,sans-serif\"><a href=\"https:\/\/www.technicaltextile.net\/news\/singapore-s-researchers-mimic-spiders-to-transform-smart-textile-fibre-288743.html\" style=\"color:blue; text-decoration:underline\"><span style=\"font-size:14.0pt\">Singapore&#39;s researchers mimic spiders to transform smart textile fibre<\/span><\/a><\/span><\/span><\/span><\/p>\r\n\r\n<p style=\"text-align:justify\"><span style=\"font-size:11pt\"><span style=\"line-height:normal\"><span style=\"font-family:&quot;Calibri&quot;,sans-serif\"><a href=\"https:\/\/www.innovationintextiles.com\/composites\/award-for-itas-ultrathin-new-carbon-fibres\/\" style=\"color:blue; text-decoration:underline\"><span style=\"font-size:14.0pt\">Award for ITA&rsquo;s ultra-thin new carbon fibres<\/span><\/a><\/span><\/span><\/span><\/p>\r\n\r\n<p style=\"text-align:justify\"><span style=\"font-size:11pt\"><span style=\"line-height:normal\"><span style=\"font-family:&quot;Calibri&quot;,sans-serif\"><a href=\"https:\/\/phys.org\/news\/2023-07-wearable-biosensor-electrolytes.html?utm_source=nwletter&amp;utm_medium=email&amp;utm_campaign=daily-nwletter\" style=\"color:blue; text-decoration:underline\"><span style=\"font-size:14.0pt\">Sweat it out: Novel wearable biosensor monitors sweat electrolytes<\/span><\/a><\/span><\/span><\/span><\/p>\r\n\r\n<p style=\"text-align:justify\"><span style=\"font-size:11pt\"><span style=\"line-height:normal\"><span style=\"font-family:&quot;Calibri&quot;,sans-serif\"><a href=\"https:\/\/www.gov.br\/mcti\/pt-br\/acompanhe-o-mcti\/noticias\/2023\/07\/para-aproximar-laboratorios-de-nanotecnologia-e-empresas-sibratecnano-abre-ciclo-de-submissao-de-projetos\" style=\"color:blue; text-decoration:underline\"><span style=\"font-size:14.0pt\">Para aproximar laborat&oacute;rios de nanotecnologia e empresas, SibratecNANO abre ciclo de submiss&atilde;o de projetos<\/span><\/a><\/span><\/span><\/span><\/p>\r\n\r\n<p class=\"MsoTitle\" style=\"text-align:justify\"><span style=\"font-size:28pt\"><span style=\"font-family:&quot;Cambria&quot;,serif\"><span style=\"letter-spacing:-0.5pt\"><b><span style=\"font-size:18.0pt\"><span style=\"font-family:&quot;Calibri&quot;,sans-serif\"><span style=\"font-variant:small-caps\">Com&eacute;rcio Exterior<\/span><\/span><\/span><\/b><\/span><\/span><\/span><\/p>\r\n\r\n<p style=\"text-align:justify\"><span style=\"font-size:11pt\"><span style=\"line-height:normal\"><span style=\"font-family:&quot;Calibri&quot;,sans-serif\"><a href=\"https:\/\/www.martinbehrend.com.br\/noticias\/noticia\/id\/13454\/titulo\/exportacoes-de-calcados-no-1-semestre-tem-recuo-mas-resultado-e-um-dos-melhores-da-decada\" style=\"color:blue; text-decoration:underline\"><span style=\"font-size:14.0pt\">Exporta&ccedil;&otilde;es de cal&ccedil;ados no 1&ordm; semestre t&ecirc;m recuo, mas resultado &eacute; um dos melhores da d&eacute;cada<\/span><\/a><\/span><\/span><\/span><\/p>\r\n\r\n<p style=\"text-align:justify\"><span style=\"font-size:11pt\"><span style=\"line-height:normal\"><span style=\"font-family:&quot;Calibri&quot;,sans-serif\"><a href=\"https:\/\/portugaltextil.com\/associacoes-pedem-ratificacao-do-acordo-ue-mercosul\/?utm_term=Portugal+Textil+-+2023-07-12%3ADATEFORMAT%3Ad.m.Y&amp;utm_campaign=Portugal+Textil+FInal&amp;utm_source=e-goi&amp;utm_medium=email&amp;eg_sub=ef749a4dff&amp;eg_cam=db6dfe0f474b9adb6ab5dda93c6472ec&amp;eg_list=6\" style=\"color:blue; text-decoration:underline\"><span style=\"font-size:14.0pt\">Associa&ccedil;&otilde;es pedem ratifica&ccedil;&atilde;o do acordo UE-Mercosul<\/span><\/a><\/span><\/span><\/span><\/p>\r\n\r\n<p style=\"text-align:justify\"><span style=\"font-size:11pt\"><span style=\"line-height:normal\"><span style=\"font-family:&quot;Calibri&quot;,sans-serif\"><a href=\"https:\/\/apexbrasil.com.br\/br\/pt\/conteudo\/noticias\/exportacoes-e-saldo-comercial-do-brasil-batem-recorde-historico-.html#msdynttrid=EyOoBJBdsEBn3j4WGYr2vUhCVAzuEdEuDz07xODHz_Y\" style=\"color:blue; text-decoration:underline\"><span style=\"font-size:14.0pt\">Exporta&ccedil;&otilde;es e saldo comercial do Brasil batem recorde hist&oacute;rico<\/span><\/a><\/span><\/span><\/span><\/p>\r\n\r\n<p style=\"text-align:justify\"><span style=\"font-size:11pt\"><span style=\"line-height:normal\"><span style=\"font-family:&quot;Calibri&quot;,sans-serif\"><a href=\"https:\/\/www.gov.br\/mdic\/pt-br\/assuntos\/noticias\/2023\/julho\/brasil-e-japao-debatem-parcerias-em-energia-verde-transformacao-digital-e-semicondutores\" style=\"color:blue; text-decoration:underline\"><span style=\"font-size:14.0pt\">Brasil e Jap&atilde;o debatem parcerias em energia verde, transforma&ccedil;&atilde;o digital e semicondutores<\/span><\/a><\/span><\/span><\/span><\/p>\r\n\r\n<p style=\"text-align:justify\"><span style=\"font-size:11pt\"><span style=\"line-height:normal\"><span style=\"font-family:&quot;Calibri&quot;,sans-serif\"><a href=\"https:\/\/economia.uol.com.br\/noticias\/estadao-conteudo\/2023\/07\/15\/brasil-envia-a-parceiros-do-mercosul-proposta-a-acordo-com-ue.htm\" style=\"color:blue; text-decoration:underline\"><span style=\"font-size:14.0pt\">Brasil envia a parceiros do Mercosul proposta a acordo com UE<\/span><\/a><\/span><\/span><\/span><\/p>\r\n\r\n<p class=\"MsoTitle\" style=\"text-align:justify\"><span style=\"font-size:28pt\"><span style=\"font-family:&quot;Cambria&quot;,serif\"><span style=\"letter-spacing:-0.5pt\"><b><span style=\"font-size:18.0pt\"><span style=\"font-family:&quot;Calibri&quot;,sans-serif\"><span style=\"font-variant:small-caps\">Economia<\/span><\/span><\/span><\/b><\/span><\/span><\/span><\/p>\r\n\r\n<p style=\"text-align:justify\"><span style=\"font-size:11pt\"><span style=\"line-height:normal\"><span style=\"font-family:&quot;Calibri&quot;,sans-serif\"><a href=\"https:\/\/www.bcb.gov.br\/content\/focus\/focus\/R20230714.pdf\" style=\"color:blue; text-decoration:underline\"><span style=\"font-size:14.0pt\">Focus &ndash; Relat&oacute;rio de Mercado<\/span><\/a><\/span><\/span><\/span><\/p>\r\n\r\n<p style=\"text-align:justify\"><span style=\"font-size:11pt\"><span style=\"line-height:normal\"><span style=\"font-family:&quot;Calibri&quot;,sans-serif\"><span class=\"MsoHyperlink\" style=\"color:blue\"><span style=\"text-decoration:underline\"><span style=\"font-size:14.0pt\"><a href=\"https:\/\/noticias.portaldaindustria.com.br\/noticias\/economia\/cni-projeta-crescimento-de-21-do-pib-em-2023\/\" style=\"color:blue; text-decoration:underline\">CNI projeta crescimento de 2,1% do PIB em 2023<\/a><\/span><\/span><\/span><\/span><\/span><\/span><\/p>\r\n\r\n<p style=\"text-align:justify\"><span style=\"font-size:11pt\"><span style=\"line-height:normal\"><span style=\"font-family:&quot;Calibri&quot;,sans-serif\"><a href=\"https:\/\/apexbrasil.com.br\/content\/apexbrasil\/br\/pt\/conteudo\/noticias\/reforma-tributaria-deve-facilitar-investimentos-no-brasil.html#msdynttrid=ejYTWf9K3iWRFlaTh-LppXRieQciNvQ3ImDZLN4Y_b4\" style=\"color:blue; text-decoration:underline\"><span style=\"font-size:14.0pt\">Reforma tribut&aacute;ria deve facilitar investimentos no Brasil<\/span><\/a><\/span><\/span><\/span><\/p>\r\n\r\n<p style=\"text-align:justify\"><span style=\"font-size:11pt\"><span style=\"line-height:normal\"><span style=\"font-family:&quot;Calibri&quot;,sans-serif\"><a href=\"https:\/\/agenciabrasil.ebc.com.br\/economia\/noticia\/2023-07\/comercio-varejista-tem-queda-de-1-em-maio\" style=\"color:blue; text-decoration:underline\"><span style=\"font-size:14.0pt\">Com&eacute;rcio varejista tem queda de 1% em maio<\/span><\/a><\/span><\/span><\/span><\/p>\r\n\r\n<p style=\"text-align:justify\"><span style=\"font-size:11pt\"><span style=\"line-height:normal\"><span style=\"font-family:&quot;Calibri&quot;,sans-serif\"><a href=\"https:\/\/agenciadenoticias.ibge.gov.br\/agencia-sala-de-imprensa\/2013-agencia-de-noticias\/releases\/37351-em-junho-indice-nacional-da-construcao-civil-e-de-0-39\" style=\"color:blue; text-decoration:underline\"><span style=\"font-size:14.0pt\">Em junho, &Iacute;ndice Nacional da Constru&ccedil;&atilde;o Civil &eacute; de 0,39%<\/span><\/a><\/span><\/span><\/span><\/p>\r\n","texto_en":"","7":"","imagem":"COMP_banner-padrao-home-destaques-boletim-2023_20230717115700xCVugp9sJL.jpeg","8":"COMP_banner-padrao-home-destaques-boletim-2023_20230717115700xCVugp9sJL.jpeg","arquivo":"20230718-NOTICIAS-SEMANAIS.PDF","9":"20230718-NOTICIAS-SEMANAIS.PDF","titulo_arquivo":"20230718 Not\u00edcias Semanais ABINT","10":"20230718 Not\u00edcias Semanais ABINT","titulo_arquivo_en":"","11":"","created_at":"2023-07-17 11:57:08","12":"2023-07-17 11:57:08","updated_at":"2023-07-17 11:57:08","13":"2023-07-17 11:57:08"},{"id":73,"0":73,"ordem":150,"1":150,"data":"2023-07-11","2":"2023-07-11","slug":"boletim-de-noticias-semanais-70","3":"boletim-de-noticias-semanais-70","titulo":"Boletim de Not\u00edcias Semanais","4":"Boletim de Not\u00edcias Semanais","titulo_en":"","5":"","texto":"<p style=\"text-align:justify\"><span style=\"font-size:11pt\"><span style=\"line-height:normal\"><span style=\"font-family:&quot;Calibri&quot;,sans-serif\"><span style=\"font-size:14.0pt\">Esta &eacute; uma compila&ccedil;&atilde;o das not&iacute;cias mais relevantes para o setor, incluindo informa&ccedil;&otilde;es sobre acordos internacionais, economia brasileira, sustentabilidade e mat&eacute;rias primas, al&eacute;m de novidades do setor de N&atilde;otecidos e Tecidos T&eacute;cnicos.<\/span><\/span><\/span><\/span><\/p>\r\n\r\n<p class=\"MsoTitleCxSpLast\" style=\"text-align:justify\"><span style=\"font-size:28pt\"><span style=\"font-family:&quot;Cambria&quot;,serif\"><span style=\"letter-spacing:-0.5pt\"><b><span style=\"font-size:18.0pt\"><span style=\"font-family:&quot;Calibri&quot;,sans-serif\"><span style=\"font-variant:small-caps\">Not&iacute;cias das Associadas<\/span><\/span><\/span><\/b><\/span><\/span><\/span><\/p>\r\n\r\n<p style=\"text-align:justify\"><span style=\"font-size:11pt\"><span style=\"line-height:normal\"><span style=\"font-family:&quot;Calibri&quot;,sans-serif\"><a href=\"https:\/\/www.nonwovens-industry.com\/contents\/view_breaking-news\/2023-06-29\/berry-sets-goal-for-net-zero-emissions-by-2050?utm_campaign=NON+eNewsletter&amp;utm_medium=email&amp;_hsmi=264495686&amp;_hsenc=p2ANqtz-8ye67E_YSeifRlbZVHka61BDJsM_o6vanl_FHNabrWfrYsb2EFMCLy6cOwhXa0JyCsIhCzOnVBFfvK8nHdwbgW7jTp6Q&amp;utm_content=264495686&amp;utm_source=hs_email\" style=\"color:blue; text-decoration:underline\"><span style=\"font-size:14.0pt\">Berry Sets Goal for Net-Zero Emissions by 2050<\/span><\/a><\/span><\/span><\/span><\/p>\r\n\r\n<p style=\"text-align:justify\"><span style=\"font-size:11pt\"><span style=\"line-height:normal\"><span style=\"font-family:&quot;Calibri&quot;,sans-serif\"><a href=\"https:\/\/revistanews.com.br\/2023\/07\/04\/cipatex-inaugura-novo-escritorio-comercial-e-showroom-em-campo-bom\/\" style=\"color:blue; text-decoration:underline\"><span style=\"font-size:14.0pt\">Cipatex inaugura novo escrit&oacute;rio comercial e showroom em Campo Bom<\/span><\/a><\/span><\/span><\/span><\/p>\r\n\r\n<p style=\"text-align:justify\"><span style=\"font-size:11pt\"><span style=\"line-height:normal\"><span style=\"font-family:&quot;Calibri&quot;,sans-serif\"><a href=\"https:\/\/meiosustentavel.com.br\/baia-de-guanabara-recebe-barreira-inovadora-que-ira-coletar-lixo\/\" style=\"color:blue; text-decoration:underline\"><span style=\"font-size:14.0pt\">Huesker: Ba&iacute;a de Guanabara recebe barreira inovadora que ir&aacute; coletar lixo<\/span><\/a><\/span><\/span><\/span><\/p>\r\n\r\n<p class=\"MsoTitle\" style=\"text-align:justify\"><span style=\"font-size:28pt\"><span style=\"font-family:&quot;Cambria&quot;,serif\"><span style=\"letter-spacing:-0.5pt\"><b><span style=\"font-size:18.0pt\"><span style=\"font-family:&quot;Calibri&quot;,sans-serif\"><span style=\"font-variant:small-caps\">A&ccedil;&otilde;es da ABINT<\/span><\/span><\/span><\/b><\/span><\/span><\/span><\/p>\r\n\r\n<p style=\"text-align:justify\"><span style=\"font-size:11pt\"><span style=\"line-height:normal\"><span calibri=\"\" style=\"font-family:\"><span style=\"font-size:14.0pt\"><img src=\"https:\/\/www.abint.org.br\/assets\/img\/editor\/ctg-patrocinador-regeo-2023_20230620165619xfZZRnNChK.jpeg\" style=\"width: 400px; height: 400px;\" \/><\/span><\/span><\/span><\/span><\/p>\r\n\r\n<p style=\"text-align:justify\"><span style=\"font-size:11pt\"><span style=\"line-height:normal\"><span calibri=\"\" style=\"font-family:\"><b><span style=\"font-size:14.0pt\"><span style=\"font-variant:small-caps\">O CTG ABINT <\/span><\/span><\/b><b><span style=\"font-size:14.0pt\">marcar&aacute; presen&ccedil;a<\/span><\/b><span style=\"font-size:14.0pt\"> nos eventos <b>X Congresso Brasileiro de Geotecnia Ambiental &amp; IX Congresso Brasileiro de Geossint&eacute;ticos - REGEO&rsquo;23 &amp; Geossint&eacute;ticos&rsquo;23<\/b>, que ocorrer&atilde;o de 18 a 21 de julho de 2023, Centro Universit&aacute;rio Jorge Amado &ndash; UNIJORGE, Salvador, BA.<\/span><\/span><\/span><\/span><\/p>\r\n\r\n<p style=\"text-align:justify\"><span style=\"font-size:11.0pt\"><span style=\"line-height:115%\"><span calibri=\"\" style=\"font-family:\"><a href=\"https:\/\/regeogeossinteticos23.com.br\/\" style=\"color:blue; text-decoration:underline\"><span style=\"font-size:14.0pt\"><span style=\"line-height:115%\">Mais informa&ccedil;&otilde;es e inscri&ccedil;&otilde;es<\/span><\/span><\/a><\/span><\/span><\/span><\/p>\r\n\r\n<p style=\"text-align:justify\">&nbsp;<\/p>\r\n\r\n<p style=\"text-align:justify\"><span style=\"font-size:11.0pt\"><span style=\"line-height:115%\"><span calibri=\"\" style=\"font-family:\"><span style=\"font-size:14.0pt\"><span style=\"line-height:115%\"><img src=\"https:\/\/www.abint.org.br\/assets\/img\/editor\/minicurso-fernando-regeo-2023_202306201656511P8LOaKpOZ.jpeg\" style=\"width: 400px; height: 400px;\" \/><\/span><\/span><\/span><\/span><\/span><\/p>\r\n\r\n<p style=\"text-align:justify\"><span style=\"font-size:11pt\"><span style=\"line-height:normal\"><span calibri=\"\" style=\"font-family:\"><b><span style=\"font-size:14.0pt\">O Prof. Dr. Fernando Lavoie, Coordenador do CTG ABINT, ministrar&aacute; Minicurso durante o Regeo&rsquo;23 &amp; Geossint&eacute;ticos&rsquo;23.<\/span><\/b><\/span><\/span><\/span><\/p>\r\n\r\n<p style=\"text-align:justify\"><span style=\"font-size:11.0pt\"><span style=\"line-height:115%\"><span calibri=\"\" style=\"font-family:\"><a href=\"https:\/\/regeogeossinteticos23.com.br\/inscricoes\/\" style=\"color:blue; text-decoration:underline\"><span style=\"font-size:14.0pt\"><span style=\"line-height:115%\">Inscreva-se!<\/span><\/span><\/a><\/span><\/span><\/span><\/p>\r\n\r\n<p style=\"text-align:justify\">&nbsp;<\/p>\r\n\r\n<p style=\"text-align:justify\"><span style=\"font-size:11pt\"><span style=\"line-height:normal\"><span style=\"font-family:&quot;Calibri&quot;,sans-serif\"><b><span style=\"font-size:18.0pt\"><span style=\"font-variant:small-caps\">Eventos<\/span><\/span><\/b><\/span><\/span><\/span><\/p>\r\n\r\n<p style=\"text-align:justify\"><span style=\"font-size:11pt\"><span style=\"line-height:normal\"><span style=\"font-family:&quot;Calibri&quot;,sans-serif\"><b><span style=\"font-size:14.0pt\">Webinar FGV IBRE | A evolu&ccedil;&atilde;o dos custos na constru&ccedil;&atilde;o<\/span><\/b><span style=\"font-size:14.0pt\">, 18 de julho de 2023, das 10h &agrave;s 12h GMT-3.<\/span> <a href=\"https:\/\/evento.fgv.br\/custosconstrucao_1807\/\" style=\"color:blue; text-decoration:underline\"><span style=\"font-size:14.0pt\">Informa&ccedil;&otilde;es<\/span><\/a> <\/span><\/span><\/span><\/p>\r\n\r\n<p style=\"text-align:justify\"><span style=\"font-size:11pt\"><span style=\"line-height:normal\"><span style=\"font-family:&quot;Calibri&quot;,sans-serif\"><b><span style=\"font-size:14.0pt\">Abit | Conversa Aberta: &ldquo;O papel do BNDES na retoma da ind&uacute;stria brasileira&rdquo;,<\/span><\/b> <span style=\"font-size:14.0pt\">18 de julho de 2023, 17h.<\/span> <a href=\"https:\/\/t.rdsv1.net\/ls\/click?upn=LFSWB5boDXSqxt4eHgA5r5KdjadVLHsgubb70wZBuCrUaJG8K4sDeMRFCP4MhpnZQQQH4-2F4SmOFKcC9MiGcrCoDu8G86SH-2FDH8J657OExH1Wtspe6rE5LQU2JyRNPmL6XDaQLAKcs3hzrvroOyok54UnE-2F24Dl0-2FUE9rN4hqX2mMRkJUEOcOGnBS6M1Z89mQaGQ9CtTdp26-2FEIZ81yU0-2FA-3D-3DxT-r_iW8zc4KBvTUX2z9kws1M6pjQI9DpNNh-2Fk6fgMN4DbaFx-2BL1o5swSv2HtiLB2iGFhqxZ0654f80VOIjakRycDjcrdu1MF6BdTRc4d4wYs0wcxXXPsRygypvnzeOAhjjgi0DY22Pj9OVhWHGTf9j-2BtliboVpKuBrF-2FWXz9VBzD2n-2B6BTh5s0Tb6cNzuD9B0IDcPG01gnhhtGYY6ohp7jAAt7NfU7Iq8uY9bUOiRQLVkJjHV-2FIFFeeCujsxfCMrgRgpZCQ-2FK4Jkhf9j7qr03setSRPj3pcuHIpr3oHxWa3Q7184HruBaFgT1wnML6I-2B1-2FpJAyoo1Fk0QNXLsS98W1ALLOJfj81ibPTfXq2g8HHT3UowkxZ-2FUC1pz6da-2FpYf93QVgFqZuwJqrVYdqkDXBjsliX4YPsCmgsVEQhD4OHoPvTZ8K1RJ9tNamdzjCqsoFNQ377YvpSimjIifTeYALaQ1kk24KsOrhqgLaSrur81APrBPeGkV122TlNXEN9R5D6xEMBJAU1tsmWajJo5gQorwtAYvRkuDmq1LT6Fcgzijpq6xsTSc2InrDs-2FSCxOwXI-2Fklh5Ae-2FmI0N9p9iaLVLaH3NLZymWhXt4TQ6B8aPlGdS4fnbAhTMw82BHpcADcP-2FKimCuVbX6OJsg9K86IGpyR2mdZdph6QQw4JfiWFJsYRtc-3D\" style=\"color:blue; text-decoration:underline\"><span style=\"font-size:14.0pt\">Informa&ccedil;&otilde;es<\/span><\/a> <\/span><\/span><\/span><\/p>\r\n\r\n<p style=\"text-align:justify\"><span style=\"font-size:11pt\"><span style=\"line-height:normal\"><span style=\"font-family:&quot;Calibri&quot;,sans-serif\"><b><span style=\"font-size:14.0pt\">Webinar Sobratema | &quot;Atualiza&ccedil;&atilde;o das Tend&ecirc;ncias no Mercado da Constru&ccedil;&atilde;o&quot;,<\/span><\/b> <span style=\"font-size:14.0pt\">27 de julho de 2023, &agrave;s 15h, transmiss&atilde;o ao vivo e exclusiva pelo<\/span> <a href=\"http:\/\/emkt.sobratemanews.org.br\/emkt\/tracer\/?2,7874383,260ba16a,5491,1\" style=\"color:blue; text-decoration:underline\"><span style=\"font-size:14.0pt\">Canal da Sobratema no YouTube<\/span><\/a><span class=\"MsoHyperlink\" style=\"color:blue\"><span style=\"text-decoration:underline\"><span style=\"font-size:14.0pt\"><span style=\"text-decoration:none\"><span style=\"text-underline:none\">.<\/span><\/span><\/span><\/span><\/span><\/span><\/span><\/span><\/p>\r\n\r\n<p style=\"text-align:justify\"><span style=\"font-size:11pt\"><span style=\"line-height:normal\"><span style=\"font-family:&quot;Calibri&quot;,sans-serif\"><b><span style=\"font-size:14.0pt\">IV Congreso Sudamericano de Composites, Poliuretano y Pl&aacute;sticos de Ingenier&iacute;a,<\/span><\/b><span style=\"font-size:14.0pt\"> 8 e 9 de agosto, Buenos Aires, Argentina. <\/span><a href=\"http:\/\/www.congresosudamericano.com\/blog.html\" style=\"color:blue; text-decoration:underline\"><span style=\"font-size:14.0pt\">Informa&ccedil;&otilde;es<\/span><\/a> <\/span><\/span><\/span><\/p>\r\n\r\n<p style=\"text-align:justify\"><span style=\"font-size:11pt\"><span style=\"line-height:normal\"><span style=\"font-family:&quot;Calibri&quot;,sans-serif\"><b><span style=\"font-size:14.0pt\">XII Simp&oacute;sio Internacional de Excel&ecirc;ncia em Produ&ccedil;&atilde;o | &quot;Efici&ecirc;ncia de Processos Industriais<\/span><\/b><span style=\"font-size:14.0pt\">, 17 de agosto de 2023, 08h30 &agrave;s 12h00, Centro Universit&aacute;rio FACENS, Sorocaba, SP.<\/span><\/span><\/span><\/span><\/p>\r\n\r\n<p style=\"text-align:justify\"><span style=\"font-size:11pt\"><span style=\"line-height:normal\"><span style=\"font-family:&quot;Calibri&quot;,sans-serif\"><b><span style=\"font-size:14.0pt\">FIMMA BRASIL - Feira Internacional de Fornecedores da Cadeia Produtiva Madeira e M&oacute;veis<\/span><\/b><span style=\"font-size:14.0pt\">, 28 a 31 de agosto de 2023, das 10h &agrave;s 19h, Bento Gon&ccedil;alves, RS. <\/span><a href=\"https:\/\/fimma.com.br\/\" style=\"color:blue; text-decoration:underline\"><span style=\"font-size:14.0pt\">Informa&ccedil;&otilde;es<\/span><\/a> <\/span><\/span><\/span><\/p>\r\n\r\n<p style=\"text-align:justify\"><span style=\"font-size:11pt\"><span style=\"line-height:normal\"><span style=\"font-family:&quot;Calibri&quot;,sans-serif\"><b><span style=\"font-size:14.0pt\">22&ordf; FEBRAVA - Feira Internacional de Refrigera&ccedil;&atilde;o, Ar-Condicionado, Ventila&ccedil;&atilde;o, Aquecimento, Tratamento de Ar e de &Aacute;guas<\/span><\/b><span style=\"font-size:14.0pt\">, 12 a 15 de setembro de 2023, S&atilde;o Paulo Expo. <\/span><a href=\"https:\/\/www.febrava.com.br\/pt-br.html\" style=\"color:blue; text-decoration:underline\"><span style=\"font-size:14.0pt\">Informa&ccedil;&otilde;es<\/span><\/a> <\/span><\/span><\/span><\/p>\r\n\r\n<p style=\"text-align:justify\"><span style=\"font-size:11pt\"><span style=\"line-height:normal\"><span style=\"font-family:&quot;Calibri&quot;,sans-serif\"><b><span style=\"font-size:14.0pt\">18&ordm; CONBRAVA &ndash; Congresso Brasileiro de Refrigera&ccedil;&atilde;o, Ar-Condicionado, Ventila&ccedil;&atilde;o, Aquecimento e Tratamento de Ar | &ldquo;AVACR rumo ao um futuro sustent&aacute;vel e saud&aacute;vel&rdquo;, <\/span><\/b><span style=\"font-size:14.0pt\">13 a 15 de setembro de 2023, S&atilde;o Paulo Expo, SP. <\/span><a href=\"http:\/\/conbrava.comercial.ws\/site\/\" style=\"color:blue; text-decoration:underline\"><span style=\"font-size:14.0pt\">Informa&ccedil;&otilde;es<\/span><\/a> <\/span><\/span><\/span><\/p>\r\n\r\n<p style=\"text-align:justify\"><span style=\"font-size:11pt\"><span style=\"line-height:normal\"><span style=\"font-family:&quot;Calibri&quot;,sans-serif\"><b><span style=\"font-size:14.0pt\">CNI\/ SEBRAE | 10&ordm; Congresso Internacional da Inova&ccedil;&atilde;o da Ind&uacute;stria<\/span><\/b><span style=\"font-size:14.0pt\">, 27 e 28 de setembro de 2023, S&atilde;o Paulo Expo.<\/span> <a href=\"https:\/\/www.congressodeinovacao.com.br\/?utm_source=comext&amp;utm_medium=email&amp;utm_campaign=eventos&amp;utm_content=id00053#msdynttrid=gg5jXwSFR7qM4vHH2tKGau3cTwSFDneTjMUhrcPg7vE\" style=\"color:blue; text-decoration:underline\"><span style=\"font-size:14.0pt\">Informa&ccedil;&otilde;es<\/span><\/a> <\/span><\/span><\/span><\/p>\r\n\r\n<p style=\"text-align:justify\"><span style=\"font-size:11pt\"><span style=\"line-height:normal\"><span style=\"font-family:&quot;Calibri&quot;,sans-serif\"><b><span style=\"font-size:14.0pt\">FiltXPO&trade; 2023<\/span><\/b><span class=\"MsoHyperlink\" style=\"color:blue\"><span style=\"text-decoration:underline\"><span style=\"font-size:14.0pt\"><span style=\"text-decoration:none\"><span style=\"text-underline:none\">, <\/span><\/span><\/span><\/span><\/span><span style=\"font-size:14.0pt\">October 10-12, 2023 at Navy Pier in Chicago, Illinois<\/span><span class=\"MsoHyperlink\" style=\"color:blue\"><span style=\"text-decoration:underline\"><span style=\"font-size:14.0pt\"><span style=\"text-decoration:none\"><span style=\"text-underline:none\">. <\/span><\/span><\/span><\/span><\/span><a href=\"https:\/\/www.filtxpo.com\/\" style=\"color:blue; text-decoration:underline\"><span style=\"font-size:14.0pt\">Informa&ccedil;&otilde;es<\/span><\/a> <\/span><\/span><\/span><\/p>\r\n\r\n<p style=\"text-align:justify\"><span style=\"font-size:11pt\"><span style=\"line-height:normal\"><span style=\"font-family:&quot;Calibri&quot;,sans-serif\"><b><span style=\"font-size:14.0pt\">V Congreso Sudamericano de Composites, Poliuretano y Pl&aacute;sticos de Ingenier&iacute;a, <\/span><\/b><span style=\"font-size:14.0pt\">24 e 25 de outubro de 2023, Bogot&aacute;, Col&ocirc;mbia. <\/span><a href=\"http:\/\/www.congresosudamericano.com\/blog.html\" style=\"color:blue; text-decoration:underline\"><span style=\"font-size:14.0pt\">Informa&ccedil;&otilde;es<\/span><\/a> <\/span><\/span><\/span><\/p>\r\n\r\n<p style=\"text-align:justify\"><span style=\"font-size:11pt\"><span style=\"line-height:normal\"><span style=\"font-family:&quot;Calibri&quot;,sans-serif\"><b><span style=\"font-size:14.0pt\">Abrafiltros | 2&ordm; Semin&aacute;rio Brasileiro de Filtros<\/span><\/b><span style=\"font-size:14.0pt\">, 08 de novembro de 2023.<\/span><\/span><\/span><\/span><\/p>\r\n\r\n<p class=\"MsoTitle\" style=\"text-align:justify\"><span style=\"font-size:28pt\"><span style=\"font-family:&quot;Cambria&quot;,serif\"><span style=\"letter-spacing:-0.5pt\"><b><span style=\"font-size:18.0pt\"><span style=\"font-family:&quot;Calibri&quot;,sans-serif\"><span style=\"font-variant:small-caps\">Setor<\/span><\/span><\/span><\/b><\/span><\/span><\/span><\/p>\r\n\r\n<p style=\"text-align:justify\"><span style=\"font-size:11pt\"><span style=\"line-height:normal\"><span style=\"font-family:&quot;Calibri&quot;,sans-serif\"><a href=\"https:\/\/portugaltextil.com\/nao-tecidos-aceleram-producao-de-celulas-estaminais\/?utm_term=Portugal+Textil+-+2023-06-29%3ADATEFORMAT%3Ad.m.Y&amp;utm_campaign=Portugal+Textil+FInal&amp;utm_source=e-goi&amp;utm_medium=email&amp;eg_sub=ef749a4dff&amp;eg_cam=ec2ca2cda3e483bfcb7d14974280742e&amp;eg_list=6\" style=\"color:blue; text-decoration:underline\"><span style=\"font-size:14.0pt\">N&atilde;o-tecidos aceleram produ&ccedil;&atilde;o de c&eacute;lulas estaminais<\/span><\/a><\/span><\/span><\/span><\/p>\r\n\r\n<p style=\"text-align:justify\"><span style=\"font-size:11pt\"><span style=\"line-height:normal\"><span style=\"font-family:&quot;Calibri&quot;,sans-serif\"><a href=\"https:\/\/portugaltextil.com\/poliester-reciclado-nao-liberta-mais-fibras\/?utm_term=Portugal+Textil+-+2023-07-06%3ADATEFORMAT%3Ad.m.Y&amp;utm_campaign=Portugal+Textil+FInal&amp;utm_source=e-goi&amp;utm_medium=email&amp;eg_sub=ef749a4dff&amp;eg_cam=8d9e67f4da857eeeb974c26474fcc57a&amp;eg_list=6\" style=\"color:blue; text-decoration:underline\"><span style=\"font-size:14.0pt\">Poli&eacute;ster reciclado n&atilde;o liberta mais fibras<\/span><\/a><\/span><\/span><\/span><\/p>\r\n\r\n<p style=\"text-align:justify\"><span style=\"font-size:11pt\"><span style=\"line-height:normal\"><span style=\"font-family:&quot;Calibri&quot;,sans-serif\"><a href=\"https:\/\/plasticosemrevista.com.br\/importacoes-abocanham-mercado-de-pet-europeu\/\" style=\"color:blue; text-decoration:underline\"><span style=\"font-size:14.0pt\">Importa&ccedil;&otilde;es abocanham mercado de PET europeu<\/span><\/a><\/span><\/span><\/span><\/p>\r\n\r\n<p style=\"text-align:justify\"><span style=\"font-size:11pt\"><span style=\"line-height:normal\"><span style=\"font-family:&quot;Calibri&quot;,sans-serif\"><a href=\"https:\/\/plasticosemrevista.com.br\/nada-sera-como-antes-2\/\" style=\"color:blue; text-decoration:underline\"><span style=\"font-size:14.0pt\">Nada ser&aacute; como antes<\/span><\/a><\/span><\/span><\/span><\/p>\r\n\r\n<p style=\"text-align:justify\"><span style=\"font-size:11pt\"><span style=\"line-height:normal\"><span style=\"font-family:&quot;Calibri&quot;,sans-serif\"><a href=\"https:\/\/plasticosemrevista.com.br\/setor-plastico\/\" style=\"color:blue; text-decoration:underline\"><span style=\"font-size:14.0pt\">Brava gente: O setor pl&aacute;stico n&atilde;o &eacute; para quem fica chorando pelos cantos nas crises<\/span><\/a><\/span><\/span><\/span><\/p>\r\n\r\n<p style=\"text-align:justify\"><span style=\"font-size:11pt\"><span style=\"line-height:normal\"><span style=\"font-family:&quot;Calibri&quot;,sans-serif\"><a href=\"https:\/\/www.infomoney.com.br\/mercados\/petrobras-petr4-inicia-due-diligence-na-braskem-brkm5-para-eventual-exercicio-de-preferencia-na-compra-de-acoes\/\" style=\"color:blue; text-decoration:underline\"><span style=\"font-size:14.0pt\">Petrobras (PETR4) inicia due diligence na Braskem (BRKM5) para eventual exerc&iacute;cio de prefer&ecirc;ncia na compra de a&ccedil;&otilde;es<\/span><\/a><\/span><\/span><\/span><\/p>\r\n\r\n<p style=\"text-align:justify\"><span style=\"font-size:11pt\"><span style=\"line-height:normal\"><span style=\"font-family:&quot;Calibri&quot;,sans-serif\"><a href=\"https:\/\/plasticosemrevista.com.br\/china-continua-a-ampliar-producao-de-pvc\/\" style=\"color:blue; text-decoration:underline\"><span style=\"font-size:14.0pt\">China continua a ampliar produ&ccedil;&atilde;o de PVC<\/span><\/a><\/span><\/span><\/span><\/p>\r\n\r\n<p style=\"text-align:justify\"><span style=\"font-size:11pt\"><span style=\"line-height:normal\"><span style=\"font-family:&quot;Calibri&quot;,sans-serif\"><a href=\"https:\/\/blogdoplastico.wordpress.com\/2023\/07\/06\/braskem-apresenta-ao-mercado-novas-solucoes-de-pvc-reciclado\/\" style=\"color:blue; text-decoration:underline\"><span style=\"font-size:14.0pt\">Braskem apresenta ao mercado novas solu&ccedil;&otilde;es de PVC reciclado<\/span><\/a><\/span><\/span><\/span><\/p>\r\n\r\n<p class=\"MsoTitle\" style=\"text-align:justify\"><span style=\"font-size:28pt\"><span style=\"font-family:&quot;Cambria&quot;,serif\"><span style=\"letter-spacing:-0.5pt\"><b><span style=\"font-size:18.0pt\"><span style=\"font-family:&quot;Calibri&quot;,sans-serif\"><span style=\"font-variant:small-caps\">Ind&uacute;stria<\/span><\/span><\/span><\/b><\/span><\/span><\/span><\/p>\r\n\r\n<p style=\"text-align:justify\"><span style=\"font-size:11pt\"><span style=\"line-height:normal\"><span style=\"font-family:&quot;Calibri&quot;,sans-serif\"><a href=\"https:\/\/noticias.portaldaindustria.com.br\/noticias\/politica-industrial\/politica-industrial-tera-injecao-de-r-106-bilhoes-nos-proximos-quatro-anos\/\" style=\"color:blue; text-decoration:underline\"><span style=\"font-size:14.0pt\">Pol&iacute;tica industrial ter&aacute; inje&ccedil;&atilde;o de R$ 106 bilh&otilde;es nos pr&oacute;ximos quatro anos<\/span><\/a><\/span><\/span><\/span><\/p>\r\n\r\n<p style=\"text-align:justify\"><span style=\"font-size:11pt\"><span style=\"line-height:normal\"><span style=\"font-family:&quot;Calibri&quot;,sans-serif\"><a href=\"https:\/\/noticias.portaldaindustria.com.br\/posicionamentos\/aprovacao-da-reforma-tributaria-e-conquista-para-todo-o-pais-diz-cni\/\" style=\"color:blue; text-decoration:underline\"><span style=\"font-size:14.0pt\">Aprova&ccedil;&atilde;o da reforma tribut&aacute;ria &eacute; conquista para todo o pa&iacute;s, diz CNI<\/span><\/a><\/span><\/span><\/span><\/p>\r\n\r\n<p style=\"text-align:justify\"><span style=\"font-size:11pt\"><span style=\"line-height:normal\"><span style=\"font-family:&quot;Calibri&quot;,sans-serif\"><a href=\"https:\/\/agenciabrasil.ebc.com.br\/economia\/noticia\/2023-07\/producao-de-veiculos-aumenta-37-no-primeiro-semestre\" style=\"color:blue; text-decoration:underline\"><span style=\"font-size:14.0pt\">Produ&ccedil;&atilde;o de ve&iacute;culos aumenta 3,7% no primeiro semestre<\/span><\/a><\/span><\/span><\/span><\/p>\r\n\r\n<p style=\"text-align:justify\"><span style=\"font-size:11pt\"><span style=\"line-height:normal\"><span style=\"font-family:&quot;Calibri&quot;,sans-serif\"><a href=\"https:\/\/exclusivo.com.br\/_conteudo\/negocios\/2023\/06\/26\/receita-federal-apreende-rs-1-milhao-em-calcados-contrabandeados.html\" style=\"color:blue; text-decoration:underline\"><span style=\"font-size:14.0pt\">Receita Federal apreende R$ 1 milh&atilde;o em cal&ccedil;ados contrabandeados<\/span><\/a> <\/span><\/span><\/span><\/p>\r\n\r\n<p style=\"text-align:justify\"><span style=\"font-size:11pt\"><span style=\"line-height:normal\"><span style=\"font-family:&quot;Calibri&quot;,sans-serif\"><a href=\"https:\/\/revista.moveisdevalor.com.br\/mv\/227\/18\/\" style=\"color:blue; text-decoration:underline\"><span style=\"font-size:14.0pt\">Setor de colch&otilde;es investe em a&ccedil;&otilde;es ESG<\/span><\/a><\/span><\/span><\/span><\/p>\r\n\r\n<p style=\"text-align:justify\"><span style=\"font-size:11pt\"><span style=\"line-height:normal\"><span style=\"font-family:&quot;Calibri&quot;,sans-serif\"><a href=\"https:\/\/noticias.portaldaindustria.com.br\/noticias\/economia\/bndes-volta-a-protagonizar-fortalecimento-da-industria\/\" style=\"color:blue; text-decoration:underline\"><span style=\"font-size:14.0pt\">BNDES volta a protagonizar fortalecimento da ind&uacute;stria<\/span><\/a><\/span><\/span><\/span><\/p>\r\n\r\n<p style=\"text-align:justify\"><span style=\"font-size:11pt\"><span style=\"line-height:normal\"><span style=\"font-family:&quot;Calibri&quot;,sans-serif\"><a href=\"https:\/\/www.cnnbrasil.com.br\/economia\/governo-pretende-contratar-r-300-bi-em-investimentos-em-rodovias-ate-fim-do-mandato-de-lula-diz-ministerio\/\" style=\"color:blue; text-decoration:underline\"><span style=\"font-size:14.0pt\">Governo prev&ecirc; R$ 300 bilh&otilde;es em investimentos em rodovias at&eacute; 2026<\/span><\/a><\/span><\/span><\/span><\/p>\r\n\r\n<p style=\"text-align:justify\"><span style=\"font-size:11pt\"><span style=\"line-height:normal\"><span style=\"font-family:&quot;Calibri&quot;,sans-serif\"><a href=\"https:\/\/www.moveisdevalor.com.br\/portal\/varejo-reduz-estoque-e-industria-lida-com-excesso-de-produtos?source=news\" style=\"color:blue; text-decoration:underline\"><span style=\"font-size:14.0pt\">Varejo reduz estoque e ind&uacute;stria lida com excesso de produtos<\/span><\/a><\/span><\/span><\/span><\/p>\r\n\r\n<p class=\"MsoTitle\" style=\"text-align:justify\"><span style=\"font-size:28pt\"><span style=\"font-family:&quot;Cambria&quot;,serif\"><span style=\"letter-spacing:-0.5pt\"><b><span style=\"font-size:18.0pt\"><span style=\"font-family:&quot;Calibri&quot;,sans-serif\"><span style=\"font-variant:small-caps\">Sustentabilidade<\/span><\/span><\/span><\/b><\/span><\/span><\/span><\/p>\r\n\r\n<p style=\"text-align:justify\"><span style=\"font-size:11pt\"><span style=\"line-height:normal\"><span style=\"font-family:&quot;Calibri&quot;,sans-serif\"><a href=\"https:\/\/revista.moveisdevalor.com.br\/mv\/227\/16\/\" style=\"color:blue; text-decoration:underline\"><span style=\"font-size:14.0pt\">Moveleiros d&atilde;o exemplos de como descartar res&iacute;duos industriais<\/span><\/a><\/span><\/span><\/span><\/p>\r\n\r\n<p style=\"text-align:justify\"><span style=\"font-size:11pt\"><span style=\"line-height:normal\"><span style=\"font-family:&quot;Calibri&quot;,sans-serif\"><a href=\"https:\/\/tissueonline.com.br\/programa-do-governo-federal-vai-distribuir-absorventes-para-24-milhoes-de-pessoas\/?utm_campaign=newsletter_23062023_novo_modelo&amp;utm_medium=email&amp;utm_source=RD+Station\" style=\"color:blue; text-decoration:underline\"><span style=\"font-size:14.0pt\">Programa do governo federal vai distribuir absorventes para 24 milh&otilde;es de pessoas<\/span><\/a><\/span><\/span><\/span><\/p>\r\n\r\n<p style=\"text-align:justify\"><span style=\"font-size:11pt\"><span style=\"line-height:normal\"><span style=\"font-family:&quot;Calibri&quot;,sans-serif\"><a href=\"https:\/\/www12.senado.leg.br\/noticias\/materias\/2023\/07\/05\/adiada-votacao-de-projeto-que-suspende-decretos-sobre-saneamento-basico\" style=\"color:blue; text-decoration:underline\"><span style=\"font-size:14.0pt\">Adiada vota&ccedil;&atilde;o de projeto que suspende decretos sobre saneamento b&aacute;sico<\/span><\/a><\/span><\/span><\/span><\/p>\r\n\r\n<p style=\"text-align:justify\"><span style=\"font-size:11pt\"><span style=\"line-height:normal\"><span style=\"font-family:&quot;Calibri&quot;,sans-serif\"><a href=\"https:\/\/tissueonline.com.br\/kimberly-clark-australia-e-nomeada-lider-em-sustentabilidade\/\" style=\"color:blue; text-decoration:underline\"><span style=\"font-size:14.0pt\">Reciclagem de fraldas: Kimberly-Clark Austr&aacute;lia &eacute; nomeada l&iacute;der em sustentabilidade<\/span><\/a><\/span><\/span><\/span><\/p>\r\n\r\n<p style=\"text-align:justify\"><span style=\"font-size:11pt\"><span style=\"line-height:normal\"><span style=\"font-family:&quot;Calibri&quot;,sans-serif\"><a href=\"https:\/\/agenciabrasil.ebc.com.br\/economia\/noticia\/2023-07\/sustentabilidade-e-um-dos-pilares-do-investe-mais-brasil\" style=\"color:blue; text-decoration:underline\"><span style=\"font-size:14.0pt\">Sustentabilidade &eacute; um dos pilares do Investe Mais Brasil<\/span><\/a><\/span><\/span><\/span><\/p>\r\n\r\n<p style=\"text-align:justify\"><span style=\"font-size:11pt\"><span style=\"line-height:normal\"><span style=\"font-family:&quot;Calibri&quot;,sans-serif\"><a href=\"https:\/\/anba.com.br\/mercado-de-carbono-pode-dar-ganho-de-5-ao-pib-do-brasil\/\" style=\"color:blue; text-decoration:underline\"><span style=\"font-size:14.0pt\">Mercado de carbono pode dar ganho de 5% ao PIB do Brasil<\/span><\/a><\/span><\/span><\/span><\/p>\r\n\r\n<p style=\"text-align:justify\"><span style=\"font-size:11pt\"><span style=\"line-height:normal\"><span style=\"font-family:&quot;Calibri&quot;,sans-serif\"><a href=\"https:\/\/anba.com.br\/brasil-pretende-emitir-titulos-sustentaveis-no-exterior\/\" style=\"color:blue; text-decoration:underline\"><span style=\"font-size:14.0pt\">Brasil pretende emitir t&iacute;tulos sustent&aacute;veis no exterior<\/span><\/a><\/span><\/span><\/span><\/p>\r\n\r\n<p style=\"text-align:justify\"><span style=\"font-size:11pt\"><span style=\"line-height:normal\"><span style=\"font-family:&quot;Calibri&quot;,sans-serif\"><a href=\"https:\/\/indiantextilejournal.com\/india-excels-in-eco-friendly-textiles-says-piyush-goyal-at-69th-iigf\/\" style=\"color:blue; text-decoration:underline\"><span style=\"font-size:14.0pt\">India excels in eco-friendly textiles, says Piyush Goyal at 69th IIGF<\/span><\/a><\/span><\/span><\/span><\/p>\r\n\r\n<p style=\"text-align:justify\"><span style=\"font-size:11pt\"><span style=\"line-height:normal\"><span style=\"font-family:&quot;Calibri&quot;,sans-serif\"><a href=\"https:\/\/portugaltextil.com\/ue-financia-reciclagem-a-grande-escala\/?utm_term=Portugal+Textil+-+2023-06-30%3ADATEFORMAT%3Ad.m.Y&amp;utm_campaign=Portugal+Textil+FInal&amp;utm_source=e-goi&amp;utm_medium=email&amp;eg_sub=ef749a4dff&amp;eg_cam=d07bc48f803f508120c7256c187983c4&amp;eg_list=6\" style=\"color:blue; text-decoration:underline\"><span style=\"font-size:14.0pt\">UE financia reciclagem a grande escala<\/span><\/a><\/span><\/span><\/span><\/p>\r\n\r\n<p style=\"text-align:justify\"><span style=\"font-size:11pt\"><span style=\"line-height:normal\"><span style=\"font-family:&quot;Calibri&quot;,sans-serif\"><a href=\"https:\/\/portugaltextil.com\/comissao-europeia-revela-regras-para-produtores\/?utm_term=Portugal+Textil+-+2023-07-06%3ADATEFORMAT%3Ad.m.Y&amp;utm_campaign=Portugal+Textil+FInal&amp;utm_source=e-goi&amp;utm_medium=email&amp;eg_sub=ef749a4dff&amp;eg_cam=8d9e67f4da857eeeb974c26474fcc57a&amp;eg_list=6\" style=\"color:blue; text-decoration:underline\"><span style=\"font-size:14.0pt\">Comiss&atilde;o Europeia revela regras para produtores<\/span><\/a><\/span><\/span><\/span><\/p>\r\n\r\n<p class=\"MsoTitle\" style=\"text-align:justify\"><span style=\"font-size:28pt\"><span style=\"font-family:&quot;Cambria&quot;,serif\"><span style=\"letter-spacing:-0.5pt\"><b><span style=\"font-size:18.0pt\"><span style=\"font-family:&quot;Calibri&quot;,sans-serif\"><span style=\"font-variant:small-caps\">Inova&ccedil;&atilde;o<\/span><\/span><\/span><\/b><\/span><\/span><\/span><\/p>\r\n\r\n<p style=\"text-align:justify\"><span style=\"font-size:11pt\"><span style=\"line-height:normal\"><span style=\"font-family:&quot;Calibri&quot;,sans-serif\"><a href=\"https:\/\/www.inovacaotecnologica.com.br\/noticias\/noticia.php?artigo=tecido-regula-ativamente-temperatura-toque-botao&amp;id=010160230627&amp;ebol=sim\" style=\"color:blue; text-decoration:underline\"><span style=\"font-size:14.0pt\">Tecido regula ativamente a temperatura com o toque de um bot&atilde;o<\/span><\/a><\/span><\/span><\/span><\/p>\r\n\r\n<p style=\"text-align:justify\"><span style=\"font-size:11pt\"><span style=\"line-height:normal\"><span style=\"font-family:&quot;Calibri&quot;,sans-serif\"><a href=\"https:\/\/portugaltextil.com\/materiais-de-nova-geracao-mais-valorizados\/?utm_term=Portugal+Textil+-+2023-06-21%3ADATEFORMAT%3Ad.m.Y&amp;utm_campaign=Portugal+Textil+FInal&amp;utm_source=e-goi&amp;utm_medium=email&amp;eg_sub=ef749a4dff&amp;eg_cam=a903b0502c7347fe8e4f1975eee52719&amp;eg_list=6\" style=\"color:blue; text-decoration:underline\"><span style=\"font-size:14.0pt\">Materiais de nova gera&ccedil;&atilde;o mais valorizados<\/span><\/a><\/span><\/span><\/span><\/p>\r\n\r\n<p class=\"MsoTitle\" style=\"text-align:justify\"><span style=\"font-size:28pt\"><span style=\"font-family:&quot;Cambria&quot;,serif\"><span style=\"letter-spacing:-0.5pt\"><b><span style=\"font-size:18.0pt\"><span style=\"font-family:&quot;Calibri&quot;,sans-serif\"><span style=\"font-variant:small-caps\">Com&eacute;rcio Exterior<\/span><\/span><\/span><\/b><\/span><\/span><\/span><\/p>\r\n\r\n<p style=\"text-align:justify\"><span style=\"font-size:11pt\"><span style=\"line-height:normal\"><span style=\"font-family:&quot;Calibri&quot;,sans-serif\"><a href=\"https:\/\/static.portaldaindustria.com.br\/media\/filer_public\/82\/df\/82df9b09-aeb3-4c1a-b5fb-06047c9e3b5b\/ex_ipc_23-022_reunioes_do_cmc_e_de_cupula_do_mercosul___2.pdf\" style=\"color:blue; text-decoration:underline\"><span style=\"font-size:14.0pt\">Reuni&otilde;es do CMC e de C&uacute;pula do Mercosul<\/span><\/a><\/span><\/span><\/span><\/p>\r\n\r\n<p style=\"text-align:justify\"><span style=\"font-size:11pt\"><span style=\"line-height:normal\"><span style=\"font-family:&quot;Calibri&quot;,sans-serif\"><a href=\"https:\/\/noticias.portaldaindustria.com.br\/noticias\/internacional\/cni-lista-recomendacoes-da-industria-para-presidencia-brasileira-do-mercosul\/\" style=\"color:blue; text-decoration:underline\"><span style=\"font-size:14.0pt\">CNI lista recomenda&ccedil;&otilde;es para presid&ecirc;ncia brasileira do Mercosul<\/span><\/a><\/span><\/span><\/span><\/p>\r\n\r\n<p style=\"text-align:justify\"><span style=\"font-size:11pt\"><span style=\"line-height:normal\"><span style=\"font-family:&quot;Calibri&quot;,sans-serif\"><a href=\"https:\/\/static.portaldaindustria.com.br\/media\/filer_public\/11\/01\/11013ad3-6155-4adb-bd5c-9a7c83c017e4\/informepoliticacomercial_23_24_portariasecex249-23_vf_2.pdf\" style=\"color:blue; text-decoration:underline\"><span style=\"font-size:14.0pt\">Secex atualiza medidas e procedimentos administrativos das opera&ccedil;&otilde;es de com&eacute;rcio exterior brasileiro<\/span><\/a><\/span><\/span><\/span><\/p>\r\n\r\n<p style=\"text-align:justify\"><span style=\"font-size:11pt\"><span style=\"line-height:normal\"><span style=\"font-family:&quot;Calibri&quot;,sans-serif\"><a href=\"https:\/\/www.gov.br\/mdic\/pt-br\/assuntos\/noticias\/2023\/junho\/governo-cria-licenca-flex-para-desburocratizar-e-reduzir-custos-de-exportacoes-e-importacoes\" style=\"color:blue; text-decoration:underline\"><span style=\"font-size:14.0pt\">Governo cria Licen&ccedil;a Flex para desburocratizar e reduzir custos de exporta&ccedil;&otilde;es e importa&ccedil;&otilde;es<\/span><\/a><\/span><\/span><\/span><\/p>\r\n\r\n<p style=\"text-align:justify\"><span style=\"font-size:11pt\"><span style=\"line-height:normal\"><span style=\"font-family:&quot;Calibri&quot;,sans-serif\"><a href=\"https:\/\/www.fibre2fashion.com\/news\/textile-news\/zero-emission-fuels-may-spike-global-maritime-trade-costs-unctad-288507-newsdetails.htm\" style=\"color:blue; text-decoration:underline\"><span style=\"font-size:14.0pt\">Zero-emission fuels may spike global maritime trade costs: UNCTAD<\/span><\/a><\/span><\/span><\/span><\/p>\r\n\r\n<p style=\"text-align:justify\"><span style=\"font-size:11pt\"><span style=\"line-height:normal\"><span style=\"font-family:&quot;Calibri&quot;,sans-serif\"><a href=\"https:\/\/anba.com.br\/mudancas-na-china-mudancas-globais\/\" style=\"color:blue; text-decoration:underline\"><span style=\"font-size:14.0pt\">Mudan&ccedil;as na China, mudan&ccedil;as globais<\/span><\/a><\/span><\/span><\/span><\/p>\r\n\r\n<p style=\"text-align:justify\"><span style=\"font-size:11pt\"><span style=\"line-height:normal\"><span style=\"font-family:&quot;Calibri&quot;,sans-serif\"><a href=\"https:\/\/plasticosemrevista.com.br\/europa-baixa-generalizada-nos-precos-de-reciclados-locais\/\" style=\"color:blue; text-decoration:underline\"><span style=\"font-size:14.0pt\">Europa: baixa generalizada nos pre&ccedil;os de reciclados locais<\/span><\/a><\/span><\/span><\/span><\/p>\r\n\r\n<p style=\"text-align:justify\"><span style=\"font-size:11pt\"><span style=\"line-height:normal\"><span style=\"font-family:&quot;Calibri&quot;,sans-serif\"><a href=\"https:\/\/www.iadb.org\/pt\/noticias\/forte-desaceleracao-das-exportacoes-da-regiao-no-primeiro-trimestre-de-2023?utm_source=Email&amp;utm_medium=News&amp;utm_campaign=&amp;utm_term=&amp;j=858239&amp;sfmc_sub=194913938&amp;l=295_HTML&amp;u=15975080&amp;mid=100007543&amp;jb=1\" style=\"color:blue; text-decoration:underline\"><span style=\"font-size:14.0pt\">Forte desacelera&ccedil;&atilde;o das exporta&ccedil;&otilde;es da regi&atilde;o no primeiro trimestre de 2023<\/span><\/a><\/span><\/span><\/span><\/p>\r\n\r\n<p class=\"MsoTitle\" style=\"text-align:justify\"><span style=\"font-size:28pt\"><span style=\"font-family:&quot;Cambria&quot;,serif\"><span style=\"letter-spacing:-0.5pt\"><b><span style=\"font-size:18.0pt\"><span style=\"font-family:&quot;Calibri&quot;,sans-serif\"><span style=\"font-variant:small-caps\">Economia<\/span><\/span><\/span><\/b><\/span><\/span><\/span><\/p>\r\n\r\n<p style=\"text-align:justify\"><span style=\"font-size:11pt\"><span style=\"line-height:normal\"><span style=\"font-family:&quot;Calibri&quot;,sans-serif\"><a href=\"https:\/\/www.bcb.gov.br\/content\/focus\/focus\/R20230707.pdf\" style=\"color:blue; text-decoration:underline\"><span style=\"font-size:14.0pt\">Focus &ndash; Relat&oacute;rio de Mercado<\/span><\/a><\/span><\/span><\/span><\/p>\r\n\r\n<p style=\"text-align:justify\"><span style=\"font-size:11pt\"><span style=\"line-height:normal\"><span style=\"font-family:&quot;Calibri&quot;,sans-serif\"><a href=\"https:\/\/www.bcb.gov.br\/content\/controleinflacao\/focustop5\/T20230711-Institui%C3%A7%C3%B5es%20Top%205%20-%20Junho%20de%202023%20e%202T%202023.pdf\" style=\"color:blue; text-decoration:underline\"><span style=\"font-size:14.0pt\">Focus &ndash; Top 5 &ndash; Expectativas de Mercado.<\/span><\/a><\/span><\/span><\/span><\/p>\r\n\r\n<p style=\"text-align:justify\"><span style=\"font-size:11pt\"><span style=\"line-height:normal\"><span style=\"font-family:&quot;Calibri&quot;,sans-serif\"><a href=\"https:\/\/www.camara.leg.br\/noticias\/978334-camara-aprova-reforma-tributaria-em-dois-turnos-texto-vai-ao-senado\" style=\"color:blue; text-decoration:underline\"><span style=\"font-size:14.0pt\">C&acirc;mara aprova reforma tribut&aacute;ria em dois turnos; texto vai ao Senado<\/span><\/a><\/span><\/span><\/span><\/p>\r\n\r\n<p style=\"text-align:justify\"><span style=\"font-size:11pt\"><span style=\"line-height:normal\"><span style=\"font-family:&quot;Calibri&quot;,sans-serif\"><a href=\"https:\/\/portalibre.fgv.br\/noticias\/erros-e-incertezas-sobre-o-pib\" style=\"color:blue; text-decoration:underline\"><span style=\"font-size:14.0pt\">Erros e incertezas sobre o PIB<\/span><\/a><\/span><\/span><\/span><\/p>\r\n\r\n<p style=\"text-align:justify\"><span style=\"font-size:11pt\"><span style=\"line-height:normal\"><span style=\"font-family:&quot;Calibri&quot;,sans-serif\"><a href=\"https:\/\/portalibre.fgv.br\/system\/files\/2023-07\/Bar%C3%B4metros%20Globais%20KOF-FGV_Press%20release_07_2023_0.pdf\" style=\"color:blue; text-decoration:underline\"><span style=\"font-size:14.0pt\">Bar&ocirc;metros Globais flutuam na zona desfavor&aacute;vel<\/span><\/a><\/span><\/span><\/span><\/p>\r\n\r\n<p style=\"text-align:justify\"><span style=\"font-size:11pt\"><span style=\"line-height:normal\"><span style=\"font-family:&quot;Calibri&quot;,sans-serif\"><a href=\"https:\/\/portalibre.fgv.br\/sites\/default\/files\/2023-07\/07Ce2023%20Carta%20do%20IBRE.pdf\" style=\"color:blue; text-decoration:underline\"><span style=\"font-size:14.0pt\">Choque de renda de commodities explicou surpresas do PIB, mas vento est&aacute; virando<\/span><\/a><\/span><\/span><\/span><\/p>\r\n\r\n<p style=\"text-align:justify\"><span style=\"font-size:11pt\"><span style=\"line-height:normal\"><span style=\"font-family:&quot;Calibri&quot;,sans-serif\"><a href=\"https:\/\/www.eiu.com\/n\/fed-chairman-signals-more-rate-rises-coming\/?utm_source=mkt-newsletter&amp;utm_medium=email&amp;utm_campaign=foce&amp;utm_content=7-july-2023&amp;utm_term=here&amp;mkt_tok=NzUzLVJJUS00MzgAAAGMz9gHeyZ1SNq3Qwxmv52Wz7Yb-UPBYkUVGKlqvRtAhMXHWQ5Y3xWHo1R_dznBXflFKFrS_qAwgzohZFh3OtQ3j7Sm9mYX6aAT9NQ4xEyvaOV0zw\" style=\"color:blue; text-decoration:underline\"><span style=\"font-size:14.0pt\">Fed chairman signals more rate rises coming<\/span><\/a><\/span><\/span><\/span><\/p>\r\n","6":"<p style=\"text-align:justify\"><span style=\"font-size:11pt\"><span style=\"line-height:normal\"><span style=\"font-family:&quot;Calibri&quot;,sans-serif\"><span style=\"font-size:14.0pt\">Esta &eacute; uma compila&ccedil;&atilde;o das not&iacute;cias mais relevantes para o setor, incluindo informa&ccedil;&otilde;es sobre acordos internacionais, economia brasileira, sustentabilidade e mat&eacute;rias primas, al&eacute;m de novidades do setor de N&atilde;otecidos e Tecidos T&eacute;cnicos.<\/span><\/span><\/span><\/span><\/p>\r\n\r\n<p class=\"MsoTitleCxSpLast\" style=\"text-align:justify\"><span style=\"font-size:28pt\"><span style=\"font-family:&quot;Cambria&quot;,serif\"><span style=\"letter-spacing:-0.5pt\"><b><span style=\"font-size:18.0pt\"><span style=\"font-family:&quot;Calibri&quot;,sans-serif\"><span style=\"font-variant:small-caps\">Not&iacute;cias das Associadas<\/span><\/span><\/span><\/b><\/span><\/span><\/span><\/p>\r\n\r\n<p style=\"text-align:justify\"><span style=\"font-size:11pt\"><span style=\"line-height:normal\"><span style=\"font-family:&quot;Calibri&quot;,sans-serif\"><a href=\"https:\/\/www.nonwovens-industry.com\/contents\/view_breaking-news\/2023-06-29\/berry-sets-goal-for-net-zero-emissions-by-2050?utm_campaign=NON+eNewsletter&amp;utm_medium=email&amp;_hsmi=264495686&amp;_hsenc=p2ANqtz-8ye67E_YSeifRlbZVHka61BDJsM_o6vanl_FHNabrWfrYsb2EFMCLy6cOwhXa0JyCsIhCzOnVBFfvK8nHdwbgW7jTp6Q&amp;utm_content=264495686&amp;utm_source=hs_email\" style=\"color:blue; text-decoration:underline\"><span style=\"font-size:14.0pt\">Berry Sets Goal for Net-Zero Emissions by 2050<\/span><\/a><\/span><\/span><\/span><\/p>\r\n\r\n<p style=\"text-align:justify\"><span style=\"font-size:11pt\"><span style=\"line-height:normal\"><span style=\"font-family:&quot;Calibri&quot;,sans-serif\"><a href=\"https:\/\/revistanews.com.br\/2023\/07\/04\/cipatex-inaugura-novo-escritorio-comercial-e-showroom-em-campo-bom\/\" style=\"color:blue; text-decoration:underline\"><span style=\"font-size:14.0pt\">Cipatex inaugura novo escrit&oacute;rio comercial e showroom em Campo Bom<\/span><\/a><\/span><\/span><\/span><\/p>\r\n\r\n<p style=\"text-align:justify\"><span style=\"font-size:11pt\"><span style=\"line-height:normal\"><span style=\"font-family:&quot;Calibri&quot;,sans-serif\"><a href=\"https:\/\/meiosustentavel.com.br\/baia-de-guanabara-recebe-barreira-inovadora-que-ira-coletar-lixo\/\" style=\"color:blue; text-decoration:underline\"><span style=\"font-size:14.0pt\">Huesker: Ba&iacute;a de Guanabara recebe barreira inovadora que ir&aacute; coletar lixo<\/span><\/a><\/span><\/span><\/span><\/p>\r\n\r\n<p class=\"MsoTitle\" style=\"text-align:justify\"><span style=\"font-size:28pt\"><span style=\"font-family:&quot;Cambria&quot;,serif\"><span style=\"letter-spacing:-0.5pt\"><b><span style=\"font-size:18.0pt\"><span style=\"font-family:&quot;Calibri&quot;,sans-serif\"><span style=\"font-variant:small-caps\">A&ccedil;&otilde;es da ABINT<\/span><\/span><\/span><\/b><\/span><\/span><\/span><\/p>\r\n\r\n<p style=\"text-align:justify\"><span style=\"font-size:11pt\"><span style=\"line-height:normal\"><span calibri=\"\" style=\"font-family:\"><span style=\"font-size:14.0pt\"><img src=\"https:\/\/www.abint.org.br\/assets\/img\/editor\/ctg-patrocinador-regeo-2023_20230620165619xfZZRnNChK.jpeg\" style=\"width: 400px; height: 400px;\" \/><\/span><\/span><\/span><\/span><\/p>\r\n\r\n<p style=\"text-align:justify\"><span style=\"font-size:11pt\"><span style=\"line-height:normal\"><span calibri=\"\" style=\"font-family:\"><b><span style=\"font-size:14.0pt\"><span style=\"font-variant:small-caps\">O CTG ABINT <\/span><\/span><\/b><b><span style=\"font-size:14.0pt\">marcar&aacute; presen&ccedil;a<\/span><\/b><span style=\"font-size:14.0pt\"> nos eventos <b>X Congresso Brasileiro de Geotecnia Ambiental &amp; IX Congresso Brasileiro de Geossint&eacute;ticos - REGEO&rsquo;23 &amp; Geossint&eacute;ticos&rsquo;23<\/b>, que ocorrer&atilde;o de 18 a 21 de julho de 2023, Centro Universit&aacute;rio Jorge Amado &ndash; UNIJORGE, Salvador, BA.<\/span><\/span><\/span><\/span><\/p>\r\n\r\n<p style=\"text-align:justify\"><span style=\"font-size:11.0pt\"><span style=\"line-height:115%\"><span calibri=\"\" style=\"font-family:\"><a href=\"https:\/\/regeogeossinteticos23.com.br\/\" style=\"color:blue; text-decoration:underline\"><span style=\"font-size:14.0pt\"><span style=\"line-height:115%\">Mais informa&ccedil;&otilde;es e inscri&ccedil;&otilde;es<\/span><\/span><\/a><\/span><\/span><\/span><\/p>\r\n\r\n<p style=\"text-align:justify\">&nbsp;<\/p>\r\n\r\n<p style=\"text-align:justify\"><span style=\"font-size:11.0pt\"><span style=\"line-height:115%\"><span calibri=\"\" style=\"font-family:\"><span style=\"font-size:14.0pt\"><span style=\"line-height:115%\"><img src=\"https:\/\/www.abint.org.br\/assets\/img\/editor\/minicurso-fernando-regeo-2023_202306201656511P8LOaKpOZ.jpeg\" style=\"width: 400px; height: 400px;\" \/><\/span><\/span><\/span><\/span><\/span><\/p>\r\n\r\n<p style=\"text-align:justify\"><span style=\"font-size:11pt\"><span style=\"line-height:normal\"><span calibri=\"\" style=\"font-family:\"><b><span style=\"font-size:14.0pt\">O Prof. Dr. Fernando Lavoie, Coordenador do CTG ABINT, ministrar&aacute; Minicurso durante o Regeo&rsquo;23 &amp; Geossint&eacute;ticos&rsquo;23.<\/span><\/b><\/span><\/span><\/span><\/p>\r\n\r\n<p style=\"text-align:justify\"><span style=\"font-size:11.0pt\"><span style=\"line-height:115%\"><span calibri=\"\" style=\"font-family:\"><a href=\"https:\/\/regeogeossinteticos23.com.br\/inscricoes\/\" style=\"color:blue; text-decoration:underline\"><span style=\"font-size:14.0pt\"><span style=\"line-height:115%\">Inscreva-se!<\/span><\/span><\/a><\/span><\/span><\/span><\/p>\r\n\r\n<p style=\"text-align:justify\">&nbsp;<\/p>\r\n\r\n<p style=\"text-align:justify\"><span style=\"font-size:11pt\"><span style=\"line-height:normal\"><span style=\"font-family:&quot;Calibri&quot;,sans-serif\"><b><span style=\"font-size:18.0pt\"><span style=\"font-variant:small-caps\">Eventos<\/span><\/span><\/b><\/span><\/span><\/span><\/p>\r\n\r\n<p style=\"text-align:justify\"><span style=\"font-size:11pt\"><span style=\"line-height:normal\"><span style=\"font-family:&quot;Calibri&quot;,sans-serif\"><b><span style=\"font-size:14.0pt\">Webinar FGV IBRE | A evolu&ccedil;&atilde;o dos custos na constru&ccedil;&atilde;o<\/span><\/b><span style=\"font-size:14.0pt\">, 18 de julho de 2023, das 10h &agrave;s 12h GMT-3.<\/span> <a href=\"https:\/\/evento.fgv.br\/custosconstrucao_1807\/\" style=\"color:blue; text-decoration:underline\"><span style=\"font-size:14.0pt\">Informa&ccedil;&otilde;es<\/span><\/a> <\/span><\/span><\/span><\/p>\r\n\r\n<p style=\"text-align:justify\"><span style=\"font-size:11pt\"><span style=\"line-height:normal\"><span style=\"font-family:&quot;Calibri&quot;,sans-serif\"><b><span style=\"font-size:14.0pt\">Abit | Conversa Aberta: &ldquo;O papel do BNDES na retoma da ind&uacute;stria brasileira&rdquo;,<\/span><\/b> <span style=\"font-size:14.0pt\">18 de julho de 2023, 17h.<\/span> <a href=\"https:\/\/t.rdsv1.net\/ls\/click?upn=LFSWB5boDXSqxt4eHgA5r5KdjadVLHsgubb70wZBuCrUaJG8K4sDeMRFCP4MhpnZQQQH4-2F4SmOFKcC9MiGcrCoDu8G86SH-2FDH8J657OExH1Wtspe6rE5LQU2JyRNPmL6XDaQLAKcs3hzrvroOyok54UnE-2F24Dl0-2FUE9rN4hqX2mMRkJUEOcOGnBS6M1Z89mQaGQ9CtTdp26-2FEIZ81yU0-2FA-3D-3DxT-r_iW8zc4KBvTUX2z9kws1M6pjQI9DpNNh-2Fk6fgMN4DbaFx-2BL1o5swSv2HtiLB2iGFhqxZ0654f80VOIjakRycDjcrdu1MF6BdTRc4d4wYs0wcxXXPsRygypvnzeOAhjjgi0DY22Pj9OVhWHGTf9j-2BtliboVpKuBrF-2FWXz9VBzD2n-2B6BTh5s0Tb6cNzuD9B0IDcPG01gnhhtGYY6ohp7jAAt7NfU7Iq8uY9bUOiRQLVkJjHV-2FIFFeeCujsxfCMrgRgpZCQ-2FK4Jkhf9j7qr03setSRPj3pcuHIpr3oHxWa3Q7184HruBaFgT1wnML6I-2B1-2FpJAyoo1Fk0QNXLsS98W1ALLOJfj81ibPTfXq2g8HHT3UowkxZ-2FUC1pz6da-2FpYf93QVgFqZuwJqrVYdqkDXBjsliX4YPsCmgsVEQhD4OHoPvTZ8K1RJ9tNamdzjCqsoFNQ377YvpSimjIifTeYALaQ1kk24KsOrhqgLaSrur81APrBPeGkV122TlNXEN9R5D6xEMBJAU1tsmWajJo5gQorwtAYvRkuDmq1LT6Fcgzijpq6xsTSc2InrDs-2FSCxOwXI-2Fklh5Ae-2FmI0N9p9iaLVLaH3NLZymWhXt4TQ6B8aPlGdS4fnbAhTMw82BHpcADcP-2FKimCuVbX6OJsg9K86IGpyR2mdZdph6QQw4JfiWFJsYRtc-3D\" style=\"color:blue; text-decoration:underline\"><span style=\"font-size:14.0pt\">Informa&ccedil;&otilde;es<\/span><\/a> <\/span><\/span><\/span><\/p>\r\n\r\n<p style=\"text-align:justify\"><span style=\"font-size:11pt\"><span style=\"line-height:normal\"><span style=\"font-family:&quot;Calibri&quot;,sans-serif\"><b><span style=\"font-size:14.0pt\">Webinar Sobratema | &quot;Atualiza&ccedil;&atilde;o das Tend&ecirc;ncias no Mercado da Constru&ccedil;&atilde;o&quot;,<\/span><\/b> <span style=\"font-size:14.0pt\">27 de julho de 2023, &agrave;s 15h, transmiss&atilde;o ao vivo e exclusiva pelo<\/span> <a href=\"http:\/\/emkt.sobratemanews.org.br\/emkt\/tracer\/?2,7874383,260ba16a,5491,1\" style=\"color:blue; text-decoration:underline\"><span style=\"font-size:14.0pt\">Canal da Sobratema no YouTube<\/span><\/a><span class=\"MsoHyperlink\" style=\"color:blue\"><span style=\"text-decoration:underline\"><span style=\"font-size:14.0pt\"><span style=\"text-decoration:none\"><span style=\"text-underline:none\">.<\/span><\/span><\/span><\/span><\/span><\/span><\/span><\/span><\/p>\r\n\r\n<p style=\"text-align:justify\"><span style=\"font-size:11pt\"><span style=\"line-height:normal\"><span style=\"font-family:&quot;Calibri&quot;,sans-serif\"><b><span style=\"font-size:14.0pt\">IV Congreso Sudamericano de Composites, Poliuretano y Pl&aacute;sticos de Ingenier&iacute;a,<\/span><\/b><span style=\"font-size:14.0pt\"> 8 e 9 de agosto, Buenos Aires, Argentina. <\/span><a href=\"http:\/\/www.congresosudamericano.com\/blog.html\" style=\"color:blue; text-decoration:underline\"><span style=\"font-size:14.0pt\">Informa&ccedil;&otilde;es<\/span><\/a> <\/span><\/span><\/span><\/p>\r\n\r\n<p style=\"text-align:justify\"><span style=\"font-size:11pt\"><span style=\"line-height:normal\"><span style=\"font-family:&quot;Calibri&quot;,sans-serif\"><b><span style=\"font-size:14.0pt\">XII Simp&oacute;sio Internacional de Excel&ecirc;ncia em Produ&ccedil;&atilde;o | &quot;Efici&ecirc;ncia de Processos Industriais<\/span><\/b><span style=\"font-size:14.0pt\">, 17 de agosto de 2023, 08h30 &agrave;s 12h00, Centro Universit&aacute;rio FACENS, Sorocaba, SP.<\/span><\/span><\/span><\/span><\/p>\r\n\r\n<p style=\"text-align:justify\"><span style=\"font-size:11pt\"><span style=\"line-height:normal\"><span style=\"font-family:&quot;Calibri&quot;,sans-serif\"><b><span style=\"font-size:14.0pt\">FIMMA BRASIL - Feira Internacional de Fornecedores da Cadeia Produtiva Madeira e M&oacute;veis<\/span><\/b><span style=\"font-size:14.0pt\">, 28 a 31 de agosto de 2023, das 10h &agrave;s 19h, Bento Gon&ccedil;alves, RS. <\/span><a href=\"https:\/\/fimma.com.br\/\" style=\"color:blue; text-decoration:underline\"><span style=\"font-size:14.0pt\">Informa&ccedil;&otilde;es<\/span><\/a> <\/span><\/span><\/span><\/p>\r\n\r\n<p style=\"text-align:justify\"><span style=\"font-size:11pt\"><span style=\"line-height:normal\"><span style=\"font-family:&quot;Calibri&quot;,sans-serif\"><b><span style=\"font-size:14.0pt\">22&ordf; FEBRAVA - Feira Internacional de Refrigera&ccedil;&atilde;o, Ar-Condicionado, Ventila&ccedil;&atilde;o, Aquecimento, Tratamento de Ar e de &Aacute;guas<\/span><\/b><span style=\"font-size:14.0pt\">, 12 a 15 de setembro de 2023, S&atilde;o Paulo Expo. <\/span><a href=\"https:\/\/www.febrava.com.br\/pt-br.html\" style=\"color:blue; text-decoration:underline\"><span style=\"font-size:14.0pt\">Informa&ccedil;&otilde;es<\/span><\/a> <\/span><\/span><\/span><\/p>\r\n\r\n<p style=\"text-align:justify\"><span style=\"font-size:11pt\"><span style=\"line-height:normal\"><span style=\"font-family:&quot;Calibri&quot;,sans-serif\"><b><span style=\"font-size:14.0pt\">18&ordm; CONBRAVA &ndash; Congresso Brasileiro de Refrigera&ccedil;&atilde;o, Ar-Condicionado, Ventila&ccedil;&atilde;o, Aquecimento e Tratamento de Ar | &ldquo;AVACR rumo ao um futuro sustent&aacute;vel e saud&aacute;vel&rdquo;, <\/span><\/b><span style=\"font-size:14.0pt\">13 a 15 de setembro de 2023, S&atilde;o Paulo Expo, SP. <\/span><a href=\"http:\/\/conbrava.comercial.ws\/site\/\" style=\"color:blue; text-decoration:underline\"><span style=\"font-size:14.0pt\">Informa&ccedil;&otilde;es<\/span><\/a> <\/span><\/span><\/span><\/p>\r\n\r\n<p style=\"text-align:justify\"><span style=\"font-size:11pt\"><span style=\"line-height:normal\"><span style=\"font-family:&quot;Calibri&quot;,sans-serif\"><b><span style=\"font-size:14.0pt\">CNI\/ SEBRAE | 10&ordm; Congresso Internacional da Inova&ccedil;&atilde;o da Ind&uacute;stria<\/span><\/b><span style=\"font-size:14.0pt\">, 27 e 28 de setembro de 2023, S&atilde;o Paulo Expo.<\/span> <a href=\"https:\/\/www.congressodeinovacao.com.br\/?utm_source=comext&amp;utm_medium=email&amp;utm_campaign=eventos&amp;utm_content=id00053#msdynttrid=gg5jXwSFR7qM4vHH2tKGau3cTwSFDneTjMUhrcPg7vE\" style=\"color:blue; text-decoration:underline\"><span style=\"font-size:14.0pt\">Informa&ccedil;&otilde;es<\/span><\/a> <\/span><\/span><\/span><\/p>\r\n\r\n<p style=\"text-align:justify\"><span style=\"font-size:11pt\"><span style=\"line-height:normal\"><span style=\"font-family:&quot;Calibri&quot;,sans-serif\"><b><span style=\"font-size:14.0pt\">FiltXPO&trade; 2023<\/span><\/b><span class=\"MsoHyperlink\" style=\"color:blue\"><span style=\"text-decoration:underline\"><span style=\"font-size:14.0pt\"><span style=\"text-decoration:none\"><span style=\"text-underline:none\">, <\/span><\/span><\/span><\/span><\/span><span style=\"font-size:14.0pt\">October 10-12, 2023 at Navy Pier in Chicago, Illinois<\/span><span class=\"MsoHyperlink\" style=\"color:blue\"><span style=\"text-decoration:underline\"><span style=\"font-size:14.0pt\"><span style=\"text-decoration:none\"><span style=\"text-underline:none\">. <\/span><\/span><\/span><\/span><\/span><a href=\"https:\/\/www.filtxpo.com\/\" style=\"color:blue; text-decoration:underline\"><span style=\"font-size:14.0pt\">Informa&ccedil;&otilde;es<\/span><\/a> <\/span><\/span><\/span><\/p>\r\n\r\n<p style=\"text-align:justify\"><span style=\"font-size:11pt\"><span style=\"line-height:normal\"><span style=\"font-family:&quot;Calibri&quot;,sans-serif\"><b><span style=\"font-size:14.0pt\">V Congreso Sudamericano de Composites, Poliuretano y Pl&aacute;sticos de Ingenier&iacute;a, <\/span><\/b><span style=\"font-size:14.0pt\">24 e 25 de outubro de 2023, Bogot&aacute;, Col&ocirc;mbia. <\/span><a href=\"http:\/\/www.congresosudamericano.com\/blog.html\" style=\"color:blue; text-decoration:underline\"><span style=\"font-size:14.0pt\">Informa&ccedil;&otilde;es<\/span><\/a> <\/span><\/span><\/span><\/p>\r\n\r\n<p style=\"text-align:justify\"><span style=\"font-size:11pt\"><span style=\"line-height:normal\"><span style=\"font-family:&quot;Calibri&quot;,sans-serif\"><b><span style=\"font-size:14.0pt\">Abrafiltros | 2&ordm; Semin&aacute;rio Brasileiro de Filtros<\/span><\/b><span style=\"font-size:14.0pt\">, 08 de novembro de 2023.<\/span><\/span><\/span><\/span><\/p>\r\n\r\n<p class=\"MsoTitle\" style=\"text-align:justify\"><span style=\"font-size:28pt\"><span style=\"font-family:&quot;Cambria&quot;,serif\"><span style=\"letter-spacing:-0.5pt\"><b><span style=\"font-size:18.0pt\"><span style=\"font-family:&quot;Calibri&quot;,sans-serif\"><span style=\"font-variant:small-caps\">Setor<\/span><\/span><\/span><\/b><\/span><\/span><\/span><\/p>\r\n\r\n<p style=\"text-align:justify\"><span style=\"font-size:11pt\"><span style=\"line-height:normal\"><span style=\"font-family:&quot;Calibri&quot;,sans-serif\"><a href=\"https:\/\/portugaltextil.com\/nao-tecidos-aceleram-producao-de-celulas-estaminais\/?utm_term=Portugal+Textil+-+2023-06-29%3ADATEFORMAT%3Ad.m.Y&amp;utm_campaign=Portugal+Textil+FInal&amp;utm_source=e-goi&amp;utm_medium=email&amp;eg_sub=ef749a4dff&amp;eg_cam=ec2ca2cda3e483bfcb7d14974280742e&amp;eg_list=6\" style=\"color:blue; text-decoration:underline\"><span style=\"font-size:14.0pt\">N&atilde;o-tecidos aceleram produ&ccedil;&atilde;o de c&eacute;lulas estaminais<\/span><\/a><\/span><\/span><\/span><\/p>\r\n\r\n<p style=\"text-align:justify\"><span style=\"font-size:11pt\"><span style=\"line-height:normal\"><span style=\"font-family:&quot;Calibri&quot;,sans-serif\"><a href=\"https:\/\/portugaltextil.com\/poliester-reciclado-nao-liberta-mais-fibras\/?utm_term=Portugal+Textil+-+2023-07-06%3ADATEFORMAT%3Ad.m.Y&amp;utm_campaign=Portugal+Textil+FInal&amp;utm_source=e-goi&amp;utm_medium=email&amp;eg_sub=ef749a4dff&amp;eg_cam=8d9e67f4da857eeeb974c26474fcc57a&amp;eg_list=6\" style=\"color:blue; text-decoration:underline\"><span style=\"font-size:14.0pt\">Poli&eacute;ster reciclado n&atilde;o liberta mais fibras<\/span><\/a><\/span><\/span><\/span><\/p>\r\n\r\n<p style=\"text-align:justify\"><span style=\"font-size:11pt\"><span style=\"line-height:normal\"><span style=\"font-family:&quot;Calibri&quot;,sans-serif\"><a href=\"https:\/\/plasticosemrevista.com.br\/importacoes-abocanham-mercado-de-pet-europeu\/\" style=\"color:blue; text-decoration:underline\"><span style=\"font-size:14.0pt\">Importa&ccedil;&otilde;es abocanham mercado de PET europeu<\/span><\/a><\/span><\/span><\/span><\/p>\r\n\r\n<p style=\"text-align:justify\"><span style=\"font-size:11pt\"><span style=\"line-height:normal\"><span style=\"font-family:&quot;Calibri&quot;,sans-serif\"><a href=\"https:\/\/plasticosemrevista.com.br\/nada-sera-como-antes-2\/\" style=\"color:blue; text-decoration:underline\"><span style=\"font-size:14.0pt\">Nada ser&aacute; como antes<\/span><\/a><\/span><\/span><\/span><\/p>\r\n\r\n<p style=\"text-align:justify\"><span style=\"font-size:11pt\"><span style=\"line-height:normal\"><span style=\"font-family:&quot;Calibri&quot;,sans-serif\"><a href=\"https:\/\/plasticosemrevista.com.br\/setor-plastico\/\" style=\"color:blue; text-decoration:underline\"><span style=\"font-size:14.0pt\">Brava gente: O setor pl&aacute;stico n&atilde;o &eacute; para quem fica chorando pelos cantos nas crises<\/span><\/a><\/span><\/span><\/span><\/p>\r\n\r\n<p style=\"text-align:justify\"><span style=\"font-size:11pt\"><span style=\"line-height:normal\"><span style=\"font-family:&quot;Calibri&quot;,sans-serif\"><a href=\"https:\/\/www.infomoney.com.br\/mercados\/petrobras-petr4-inicia-due-diligence-na-braskem-brkm5-para-eventual-exercicio-de-preferencia-na-compra-de-acoes\/\" style=\"color:blue; text-decoration:underline\"><span style=\"font-size:14.0pt\">Petrobras (PETR4) inicia due diligence na Braskem (BRKM5) para eventual exerc&iacute;cio de prefer&ecirc;ncia na compra de a&ccedil;&otilde;es<\/span><\/a><\/span><\/span><\/span><\/p>\r\n\r\n<p style=\"text-align:justify\"><span style=\"font-size:11pt\"><span style=\"line-height:normal\"><span style=\"font-family:&quot;Calibri&quot;,sans-serif\"><a href=\"https:\/\/plasticosemrevista.com.br\/china-continua-a-ampliar-producao-de-pvc\/\" style=\"color:blue; text-decoration:underline\"><span style=\"font-size:14.0pt\">China continua a ampliar produ&ccedil;&atilde;o de PVC<\/span><\/a><\/span><\/span><\/span><\/p>\r\n\r\n<p style=\"text-align:justify\"><span style=\"font-size:11pt\"><span style=\"line-height:normal\"><span style=\"font-family:&quot;Calibri&quot;,sans-serif\"><a href=\"https:\/\/blogdoplastico.wordpress.com\/2023\/07\/06\/braskem-apresenta-ao-mercado-novas-solucoes-de-pvc-reciclado\/\" style=\"color:blue; text-decoration:underline\"><span style=\"font-size:14.0pt\">Braskem apresenta ao mercado novas solu&ccedil;&otilde;es de PVC reciclado<\/span><\/a><\/span><\/span><\/span><\/p>\r\n\r\n<p class=\"MsoTitle\" style=\"text-align:justify\"><span style=\"font-size:28pt\"><span style=\"font-family:&quot;Cambria&quot;,serif\"><span style=\"letter-spacing:-0.5pt\"><b><span style=\"font-size:18.0pt\"><span style=\"font-family:&quot;Calibri&quot;,sans-serif\"><span style=\"font-variant:small-caps\">Ind&uacute;stria<\/span><\/span><\/span><\/b><\/span><\/span><\/span><\/p>\r\n\r\n<p style=\"text-align:justify\"><span style=\"font-size:11pt\"><span style=\"line-height:normal\"><span style=\"font-family:&quot;Calibri&quot;,sans-serif\"><a href=\"https:\/\/noticias.portaldaindustria.com.br\/noticias\/politica-industrial\/politica-industrial-tera-injecao-de-r-106-bilhoes-nos-proximos-quatro-anos\/\" style=\"color:blue; text-decoration:underline\"><span style=\"font-size:14.0pt\">Pol&iacute;tica industrial ter&aacute; inje&ccedil;&atilde;o de R$ 106 bilh&otilde;es nos pr&oacute;ximos quatro anos<\/span><\/a><\/span><\/span><\/span><\/p>\r\n\r\n<p style=\"text-align:justify\"><span style=\"font-size:11pt\"><span style=\"line-height:normal\"><span style=\"font-family:&quot;Calibri&quot;,sans-serif\"><a href=\"https:\/\/noticias.portaldaindustria.com.br\/posicionamentos\/aprovacao-da-reforma-tributaria-e-conquista-para-todo-o-pais-diz-cni\/\" style=\"color:blue; text-decoration:underline\"><span style=\"font-size:14.0pt\">Aprova&ccedil;&atilde;o da reforma tribut&aacute;ria &eacute; conquista para todo o pa&iacute;s, diz CNI<\/span><\/a><\/span><\/span><\/span><\/p>\r\n\r\n<p style=\"text-align:justify\"><span style=\"font-size:11pt\"><span style=\"line-height:normal\"><span style=\"font-family:&quot;Calibri&quot;,sans-serif\"><a href=\"https:\/\/agenciabrasil.ebc.com.br\/economia\/noticia\/2023-07\/producao-de-veiculos-aumenta-37-no-primeiro-semestre\" style=\"color:blue; text-decoration:underline\"><span style=\"font-size:14.0pt\">Produ&ccedil;&atilde;o de ve&iacute;culos aumenta 3,7% no primeiro semestre<\/span><\/a><\/span><\/span><\/span><\/p>\r\n\r\n<p style=\"text-align:justify\"><span style=\"font-size:11pt\"><span style=\"line-height:normal\"><span style=\"font-family:&quot;Calibri&quot;,sans-serif\"><a href=\"https:\/\/exclusivo.com.br\/_conteudo\/negocios\/2023\/06\/26\/receita-federal-apreende-rs-1-milhao-em-calcados-contrabandeados.html\" style=\"color:blue; text-decoration:underline\"><span style=\"font-size:14.0pt\">Receita Federal apreende R$ 1 milh&atilde;o em cal&ccedil;ados contrabandeados<\/span><\/a> <\/span><\/span><\/span><\/p>\r\n\r\n<p style=\"text-align:justify\"><span style=\"font-size:11pt\"><span style=\"line-height:normal\"><span style=\"font-family:&quot;Calibri&quot;,sans-serif\"><a href=\"https:\/\/revista.moveisdevalor.com.br\/mv\/227\/18\/\" style=\"color:blue; text-decoration:underline\"><span style=\"font-size:14.0pt\">Setor de colch&otilde;es investe em a&ccedil;&otilde;es ESG<\/span><\/a><\/span><\/span><\/span><\/p>\r\n\r\n<p style=\"text-align:justify\"><span style=\"font-size:11pt\"><span style=\"line-height:normal\"><span style=\"font-family:&quot;Calibri&quot;,sans-serif\"><a href=\"https:\/\/noticias.portaldaindustria.com.br\/noticias\/economia\/bndes-volta-a-protagonizar-fortalecimento-da-industria\/\" style=\"color:blue; text-decoration:underline\"><span style=\"font-size:14.0pt\">BNDES volta a protagonizar fortalecimento da ind&uacute;stria<\/span><\/a><\/span><\/span><\/span><\/p>\r\n\r\n<p style=\"text-align:justify\"><span style=\"font-size:11pt\"><span style=\"line-height:normal\"><span style=\"font-family:&quot;Calibri&quot;,sans-serif\"><a href=\"https:\/\/www.cnnbrasil.com.br\/economia\/governo-pretende-contratar-r-300-bi-em-investimentos-em-rodovias-ate-fim-do-mandato-de-lula-diz-ministerio\/\" style=\"color:blue; text-decoration:underline\"><span style=\"font-size:14.0pt\">Governo prev&ecirc; R$ 300 bilh&otilde;es em investimentos em rodovias at&eacute; 2026<\/span><\/a><\/span><\/span><\/span><\/p>\r\n\r\n<p style=\"text-align:justify\"><span style=\"font-size:11pt\"><span style=\"line-height:normal\"><span style=\"font-family:&quot;Calibri&quot;,sans-serif\"><a href=\"https:\/\/www.moveisdevalor.com.br\/portal\/varejo-reduz-estoque-e-industria-lida-com-excesso-de-produtos?source=news\" style=\"color:blue; text-decoration:underline\"><span style=\"font-size:14.0pt\">Varejo reduz estoque e ind&uacute;stria lida com excesso de produtos<\/span><\/a><\/span><\/span><\/span><\/p>\r\n\r\n<p class=\"MsoTitle\" style=\"text-align:justify\"><span style=\"font-size:28pt\"><span style=\"font-family:&quot;Cambria&quot;,serif\"><span style=\"letter-spacing:-0.5pt\"><b><span style=\"font-size:18.0pt\"><span style=\"font-family:&quot;Calibri&quot;,sans-serif\"><span style=\"font-variant:small-caps\">Sustentabilidade<\/span><\/span><\/span><\/b><\/span><\/span><\/span><\/p>\r\n\r\n<p style=\"text-align:justify\"><span style=\"font-size:11pt\"><span style=\"line-height:normal\"><span style=\"font-family:&quot;Calibri&quot;,sans-serif\"><a href=\"https:\/\/revista.moveisdevalor.com.br\/mv\/227\/16\/\" style=\"color:blue; text-decoration:underline\"><span style=\"font-size:14.0pt\">Moveleiros d&atilde;o exemplos de como descartar res&iacute;duos industriais<\/span><\/a><\/span><\/span><\/span><\/p>\r\n\r\n<p style=\"text-align:justify\"><span style=\"font-size:11pt\"><span style=\"line-height:normal\"><span style=\"font-family:&quot;Calibri&quot;,sans-serif\"><a href=\"https:\/\/tissueonline.com.br\/programa-do-governo-federal-vai-distribuir-absorventes-para-24-milhoes-de-pessoas\/?utm_campaign=newsletter_23062023_novo_modelo&amp;utm_medium=email&amp;utm_source=RD+Station\" style=\"color:blue; text-decoration:underline\"><span style=\"font-size:14.0pt\">Programa do governo federal vai distribuir absorventes para 24 milh&otilde;es de pessoas<\/span><\/a><\/span><\/span><\/span><\/p>\r\n\r\n<p style=\"text-align:justify\"><span style=\"font-size:11pt\"><span style=\"line-height:normal\"><span style=\"font-family:&quot;Calibri&quot;,sans-serif\"><a href=\"https:\/\/www12.senado.leg.br\/noticias\/materias\/2023\/07\/05\/adiada-votacao-de-projeto-que-suspende-decretos-sobre-saneamento-basico\" style=\"color:blue; text-decoration:underline\"><span style=\"font-size:14.0pt\">Adiada vota&ccedil;&atilde;o de projeto que suspende decretos sobre saneamento b&aacute;sico<\/span><\/a><\/span><\/span><\/span><\/p>\r\n\r\n<p style=\"text-align:justify\"><span style=\"font-size:11pt\"><span style=\"line-height:normal\"><span style=\"font-family:&quot;Calibri&quot;,sans-serif\"><a href=\"https:\/\/tissueonline.com.br\/kimberly-clark-australia-e-nomeada-lider-em-sustentabilidade\/\" style=\"color:blue; text-decoration:underline\"><span style=\"font-size:14.0pt\">Reciclagem de fraldas: Kimberly-Clark Austr&aacute;lia &eacute; nomeada l&iacute;der em sustentabilidade<\/span><\/a><\/span><\/span><\/span><\/p>\r\n\r\n<p style=\"text-align:justify\"><span style=\"font-size:11pt\"><span style=\"line-height:normal\"><span style=\"font-family:&quot;Calibri&quot;,sans-serif\"><a href=\"https:\/\/agenciabrasil.ebc.com.br\/economia\/noticia\/2023-07\/sustentabilidade-e-um-dos-pilares-do-investe-mais-brasil\" style=\"color:blue; text-decoration:underline\"><span style=\"font-size:14.0pt\">Sustentabilidade &eacute; um dos pilares do Investe Mais Brasil<\/span><\/a><\/span><\/span><\/span><\/p>\r\n\r\n<p style=\"text-align:justify\"><span style=\"font-size:11pt\"><span style=\"line-height:normal\"><span style=\"font-family:&quot;Calibri&quot;,sans-serif\"><a href=\"https:\/\/anba.com.br\/mercado-de-carbono-pode-dar-ganho-de-5-ao-pib-do-brasil\/\" style=\"color:blue; text-decoration:underline\"><span style=\"font-size:14.0pt\">Mercado de carbono pode dar ganho de 5% ao PIB do Brasil<\/span><\/a><\/span><\/span><\/span><\/p>\r\n\r\n<p style=\"text-align:justify\"><span style=\"font-size:11pt\"><span style=\"line-height:normal\"><span style=\"font-family:&quot;Calibri&quot;,sans-serif\"><a href=\"https:\/\/anba.com.br\/brasil-pretende-emitir-titulos-sustentaveis-no-exterior\/\" style=\"color:blue; text-decoration:underline\"><span style=\"font-size:14.0pt\">Brasil pretende emitir t&iacute;tulos sustent&aacute;veis no exterior<\/span><\/a><\/span><\/span><\/span><\/p>\r\n\r\n<p style=\"text-align:justify\"><span style=\"font-size:11pt\"><span style=\"line-height:normal\"><span style=\"font-family:&quot;Calibri&quot;,sans-serif\"><a href=\"https:\/\/indiantextilejournal.com\/india-excels-in-eco-friendly-textiles-says-piyush-goyal-at-69th-iigf\/\" style=\"color:blue; text-decoration:underline\"><span style=\"font-size:14.0pt\">India excels in eco-friendly textiles, says Piyush Goyal at 69th IIGF<\/span><\/a><\/span><\/span><\/span><\/p>\r\n\r\n<p style=\"text-align:justify\"><span style=\"font-size:11pt\"><span style=\"line-height:normal\"><span style=\"font-family:&quot;Calibri&quot;,sans-serif\"><a href=\"https:\/\/portugaltextil.com\/ue-financia-reciclagem-a-grande-escala\/?utm_term=Portugal+Textil+-+2023-06-30%3ADATEFORMAT%3Ad.m.Y&amp;utm_campaign=Portugal+Textil+FInal&amp;utm_source=e-goi&amp;utm_medium=email&amp;eg_sub=ef749a4dff&amp;eg_cam=d07bc48f803f508120c7256c187983c4&amp;eg_list=6\" style=\"color:blue; text-decoration:underline\"><span style=\"font-size:14.0pt\">UE financia reciclagem a grande escala<\/span><\/a><\/span><\/span><\/span><\/p>\r\n\r\n<p style=\"text-align:justify\"><span style=\"font-size:11pt\"><span style=\"line-height:normal\"><span style=\"font-family:&quot;Calibri&quot;,sans-serif\"><a href=\"https:\/\/portugaltextil.com\/comissao-europeia-revela-regras-para-produtores\/?utm_term=Portugal+Textil+-+2023-07-06%3ADATEFORMAT%3Ad.m.Y&amp;utm_campaign=Portugal+Textil+FInal&amp;utm_source=e-goi&amp;utm_medium=email&amp;eg_sub=ef749a4dff&amp;eg_cam=8d9e67f4da857eeeb974c26474fcc57a&amp;eg_list=6\" style=\"color:blue; text-decoration:underline\"><span style=\"font-size:14.0pt\">Comiss&atilde;o Europeia revela regras para produtores<\/span><\/a><\/span><\/span><\/span><\/p>\r\n\r\n<p class=\"MsoTitle\" style=\"text-align:justify\"><span style=\"font-size:28pt\"><span style=\"font-family:&quot;Cambria&quot;,serif\"><span style=\"letter-spacing:-0.5pt\"><b><span style=\"font-size:18.0pt\"><span style=\"font-family:&quot;Calibri&quot;,sans-serif\"><span style=\"font-variant:small-caps\">Inova&ccedil;&atilde;o<\/span><\/span><\/span><\/b><\/span><\/span><\/span><\/p>\r\n\r\n<p style=\"text-align:justify\"><span style=\"font-size:11pt\"><span style=\"line-height:normal\"><span style=\"font-family:&quot;Calibri&quot;,sans-serif\"><a href=\"https:\/\/www.inovacaotecnologica.com.br\/noticias\/noticia.php?artigo=tecido-regula-ativamente-temperatura-toque-botao&amp;id=010160230627&amp;ebol=sim\" style=\"color:blue; text-decoration:underline\"><span style=\"font-size:14.0pt\">Tecido regula ativamente a temperatura com o toque de um bot&atilde;o<\/span><\/a><\/span><\/span><\/span><\/p>\r\n\r\n<p style=\"text-align:justify\"><span style=\"font-size:11pt\"><span style=\"line-height:normal\"><span style=\"font-family:&quot;Calibri&quot;,sans-serif\"><a href=\"https:\/\/portugaltextil.com\/materiais-de-nova-geracao-mais-valorizados\/?utm_term=Portugal+Textil+-+2023-06-21%3ADATEFORMAT%3Ad.m.Y&amp;utm_campaign=Portugal+Textil+FInal&amp;utm_source=e-goi&amp;utm_medium=email&amp;eg_sub=ef749a4dff&amp;eg_cam=a903b0502c7347fe8e4f1975eee52719&amp;eg_list=6\" style=\"color:blue; text-decoration:underline\"><span style=\"font-size:14.0pt\">Materiais de nova gera&ccedil;&atilde;o mais valorizados<\/span><\/a><\/span><\/span><\/span><\/p>\r\n\r\n<p class=\"MsoTitle\" style=\"text-align:justify\"><span style=\"font-size:28pt\"><span style=\"font-family:&quot;Cambria&quot;,serif\"><span style=\"letter-spacing:-0.5pt\"><b><span style=\"font-size:18.0pt\"><span style=\"font-family:&quot;Calibri&quot;,sans-serif\"><span style=\"font-variant:small-caps\">Com&eacute;rcio Exterior<\/span><\/span><\/span><\/b><\/span><\/span><\/span><\/p>\r\n\r\n<p style=\"text-align:justify\"><span style=\"font-size:11pt\"><span style=\"line-height:normal\"><span style=\"font-family:&quot;Calibri&quot;,sans-serif\"><a href=\"https:\/\/static.portaldaindustria.com.br\/media\/filer_public\/82\/df\/82df9b09-aeb3-4c1a-b5fb-06047c9e3b5b\/ex_ipc_23-022_reunioes_do_cmc_e_de_cupula_do_mercosul___2.pdf\" style=\"color:blue; text-decoration:underline\"><span style=\"font-size:14.0pt\">Reuni&otilde;es do CMC e de C&uacute;pula do Mercosul<\/span><\/a><\/span><\/span><\/span><\/p>\r\n\r\n<p style=\"text-align:justify\"><span style=\"font-size:11pt\"><span style=\"line-height:normal\"><span style=\"font-family:&quot;Calibri&quot;,sans-serif\"><a href=\"https:\/\/noticias.portaldaindustria.com.br\/noticias\/internacional\/cni-lista-recomendacoes-da-industria-para-presidencia-brasileira-do-mercosul\/\" style=\"color:blue; text-decoration:underline\"><span style=\"font-size:14.0pt\">CNI lista recomenda&ccedil;&otilde;es para presid&ecirc;ncia brasileira do Mercosul<\/span><\/a><\/span><\/span><\/span><\/p>\r\n\r\n<p style=\"text-align:justify\"><span style=\"font-size:11pt\"><span style=\"line-height:normal\"><span style=\"font-family:&quot;Calibri&quot;,sans-serif\"><a href=\"https:\/\/static.portaldaindustria.com.br\/media\/filer_public\/11\/01\/11013ad3-6155-4adb-bd5c-9a7c83c017e4\/informepoliticacomercial_23_24_portariasecex249-23_vf_2.pdf\" style=\"color:blue; text-decoration:underline\"><span style=\"font-size:14.0pt\">Secex atualiza medidas e procedimentos administrativos das opera&ccedil;&otilde;es de com&eacute;rcio exterior brasileiro<\/span><\/a><\/span><\/span><\/span><\/p>\r\n\r\n<p style=\"text-align:justify\"><span style=\"font-size:11pt\"><span style=\"line-height:normal\"><span style=\"font-family:&quot;Calibri&quot;,sans-serif\"><a href=\"https:\/\/www.gov.br\/mdic\/pt-br\/assuntos\/noticias\/2023\/junho\/governo-cria-licenca-flex-para-desburocratizar-e-reduzir-custos-de-exportacoes-e-importacoes\" style=\"color:blue; text-decoration:underline\"><span style=\"font-size:14.0pt\">Governo cria Licen&ccedil;a Flex para desburocratizar e reduzir custos de exporta&ccedil;&otilde;es e importa&ccedil;&otilde;es<\/span><\/a><\/span><\/span><\/span><\/p>\r\n\r\n<p style=\"text-align:justify\"><span style=\"font-size:11pt\"><span style=\"line-height:normal\"><span style=\"font-family:&quot;Calibri&quot;,sans-serif\"><a href=\"https:\/\/www.fibre2fashion.com\/news\/textile-news\/zero-emission-fuels-may-spike-global-maritime-trade-costs-unctad-288507-newsdetails.htm\" style=\"color:blue; text-decoration:underline\"><span style=\"font-size:14.0pt\">Zero-emission fuels may spike global maritime trade costs: UNCTAD<\/span><\/a><\/span><\/span><\/span><\/p>\r\n\r\n<p style=\"text-align:justify\"><span style=\"font-size:11pt\"><span style=\"line-height:normal\"><span style=\"font-family:&quot;Calibri&quot;,sans-serif\"><a href=\"https:\/\/anba.com.br\/mudancas-na-china-mudancas-globais\/\" style=\"color:blue; text-decoration:underline\"><span style=\"font-size:14.0pt\">Mudan&ccedil;as na China, mudan&ccedil;as globais<\/span><\/a><\/span><\/span><\/span><\/p>\r\n\r\n<p style=\"text-align:justify\"><span style=\"font-size:11pt\"><span style=\"line-height:normal\"><span style=\"font-family:&quot;Calibri&quot;,sans-serif\"><a href=\"https:\/\/plasticosemrevista.com.br\/europa-baixa-generalizada-nos-precos-de-reciclados-locais\/\" style=\"color:blue; text-decoration:underline\"><span style=\"font-size:14.0pt\">Europa: baixa generalizada nos pre&ccedil;os de reciclados locais<\/span><\/a><\/span><\/span><\/span><\/p>\r\n\r\n<p style=\"text-align:justify\"><span style=\"font-size:11pt\"><span style=\"line-height:normal\"><span style=\"font-family:&quot;Calibri&quot;,sans-serif\"><a href=\"https:\/\/www.iadb.org\/pt\/noticias\/forte-desaceleracao-das-exportacoes-da-regiao-no-primeiro-trimestre-de-2023?utm_source=Email&amp;utm_medium=News&amp;utm_campaign=&amp;utm_term=&amp;j=858239&amp;sfmc_sub=194913938&amp;l=295_HTML&amp;u=15975080&amp;mid=100007543&amp;jb=1\" style=\"color:blue; text-decoration:underline\"><span style=\"font-size:14.0pt\">Forte desacelera&ccedil;&atilde;o das exporta&ccedil;&otilde;es da regi&atilde;o no primeiro trimestre de 2023<\/span><\/a><\/span><\/span><\/span><\/p>\r\n\r\n<p class=\"MsoTitle\" style=\"text-align:justify\"><span style=\"font-size:28pt\"><span style=\"font-family:&quot;Cambria&quot;,serif\"><span style=\"letter-spacing:-0.5pt\"><b><span style=\"font-size:18.0pt\"><span style=\"font-family:&quot;Calibri&quot;,sans-serif\"><span style=\"font-variant:small-caps\">Economia<\/span><\/span><\/span><\/b><\/span><\/span><\/span><\/p>\r\n\r\n<p style=\"text-align:justify\"><span style=\"font-size:11pt\"><span style=\"line-height:normal\"><span style=\"font-family:&quot;Calibri&quot;,sans-serif\"><a href=\"https:\/\/www.bcb.gov.br\/content\/focus\/focus\/R20230707.pdf\" style=\"color:blue; text-decoration:underline\"><span style=\"font-size:14.0pt\">Focus &ndash; Relat&oacute;rio de Mercado<\/span><\/a><\/span><\/span><\/span><\/p>\r\n\r\n<p style=\"text-align:justify\"><span style=\"font-size:11pt\"><span style=\"line-height:normal\"><span style=\"font-family:&quot;Calibri&quot;,sans-serif\"><a href=\"https:\/\/www.bcb.gov.br\/content\/controleinflacao\/focustop5\/T20230711-Institui%C3%A7%C3%B5es%20Top%205%20-%20Junho%20de%202023%20e%202T%202023.pdf\" style=\"color:blue; text-decoration:underline\"><span style=\"font-size:14.0pt\">Focus &ndash; Top 5 &ndash; Expectativas de Mercado.<\/span><\/a><\/span><\/span><\/span><\/p>\r\n\r\n<p style=\"text-align:justify\"><span style=\"font-size:11pt\"><span style=\"line-height:normal\"><span style=\"font-family:&quot;Calibri&quot;,sans-serif\"><a href=\"https:\/\/www.camara.leg.br\/noticias\/978334-camara-aprova-reforma-tributaria-em-dois-turnos-texto-vai-ao-senado\" style=\"color:blue; text-decoration:underline\"><span style=\"font-size:14.0pt\">C&acirc;mara aprova reforma tribut&aacute;ria em dois turnos; texto vai ao Senado<\/span><\/a><\/span><\/span><\/span><\/p>\r\n\r\n<p style=\"text-align:justify\"><span style=\"font-size:11pt\"><span style=\"line-height:normal\"><span style=\"font-family:&quot;Calibri&quot;,sans-serif\"><a href=\"https:\/\/portalibre.fgv.br\/noticias\/erros-e-incertezas-sobre-o-pib\" style=\"color:blue; text-decoration:underline\"><span style=\"font-size:14.0pt\">Erros e incertezas sobre o PIB<\/span><\/a><\/span><\/span><\/span><\/p>\r\n\r\n<p style=\"text-align:justify\"><span style=\"font-size:11pt\"><span style=\"line-height:normal\"><span style=\"font-family:&quot;Calibri&quot;,sans-serif\"><a href=\"https:\/\/portalibre.fgv.br\/system\/files\/2023-07\/Bar%C3%B4metros%20Globais%20KOF-FGV_Press%20release_07_2023_0.pdf\" style=\"color:blue; text-decoration:underline\"><span style=\"font-size:14.0pt\">Bar&ocirc;metros Globais flutuam na zona desfavor&aacute;vel<\/span><\/a><\/span><\/span><\/span><\/p>\r\n\r\n<p style=\"text-align:justify\"><span style=\"font-size:11pt\"><span style=\"line-height:normal\"><span style=\"font-family:&quot;Calibri&quot;,sans-serif\"><a href=\"https:\/\/portalibre.fgv.br\/sites\/default\/files\/2023-07\/07Ce2023%20Carta%20do%20IBRE.pdf\" style=\"color:blue; text-decoration:underline\"><span style=\"font-size:14.0pt\">Choque de renda de commodities explicou surpresas do PIB, mas vento est&aacute; virando<\/span><\/a><\/span><\/span><\/span><\/p>\r\n\r\n<p style=\"text-align:justify\"><span style=\"font-size:11pt\"><span style=\"line-height:normal\"><span style=\"font-family:&quot;Calibri&quot;,sans-serif\"><a href=\"https:\/\/www.eiu.com\/n\/fed-chairman-signals-more-rate-rises-coming\/?utm_source=mkt-newsletter&amp;utm_medium=email&amp;utm_campaign=foce&amp;utm_content=7-july-2023&amp;utm_term=here&amp;mkt_tok=NzUzLVJJUS00MzgAAAGMz9gHeyZ1SNq3Qwxmv52Wz7Yb-UPBYkUVGKlqvRtAhMXHWQ5Y3xWHo1R_dznBXflFKFrS_qAwgzohZFh3OtQ3j7Sm9mYX6aAT9NQ4xEyvaOV0zw\" style=\"color:blue; text-decoration:underline\"><span style=\"font-size:14.0pt\">Fed chairman signals more rate rises coming<\/span><\/a><\/span><\/span><\/span><\/p>\r\n","texto_en":"","7":"","imagem":"COMP_banner-padrao-home-destaques-boletim-2023_202307121447054OokClAWAN.jpeg","8":"COMP_banner-padrao-home-destaques-boletim-2023_202307121447054OokClAWAN.jpeg","arquivo":"20230711-NOTICIAS-SEMANAIS.PDF","9":"20230711-NOTICIAS-SEMANAIS.PDF","titulo_arquivo":"20230711 Not\u00edcias Semanais ABINT","10":"20230711 Not\u00edcias Semanais ABINT","titulo_arquivo_en":"","11":"","created_at":"2023-07-12 14:47:12","12":"2023-07-12 14:47:12","updated_at":"2023-07-12 14:47:12","13":"2023-07-12 14:47:12"},{"id":72,"0":72,"ordem":151,"1":151,"data":"2023-07-04","2":"2023-07-04","slug":"boletim-de-noticias-semanais-69","3":"boletim-de-noticias-semanais-69","titulo":"Boletim de Not\u00edcias Semanais","4":"Boletim de Not\u00edcias Semanais","titulo_en":"","5":"","texto":"<p style=\"text-align:justify\"><span style=\"font-size:11pt\"><span style=\"line-height:normal\"><span style=\"font-family:&quot;Calibri&quot;,sans-serif\"><span style=\"font-size:14.0pt\">Esta &eacute; uma compila&ccedil;&atilde;o das not&iacute;cias mais relevantes para o setor, incluindo informa&ccedil;&otilde;es sobre acordos internacionais, economia brasileira, sustentabilidade e mat&eacute;rias primas, al&eacute;m de novidades do setor de N&atilde;otecidos e Tecidos T&eacute;cnicos.<\/span><\/span><\/span><\/span><\/p>\r\n\r\n<p class=\"MsoTitleCxSpLast\" style=\"text-align:justify\"><span style=\"font-size:28pt\"><span style=\"font-family:&quot;Cambria&quot;,serif\"><span style=\"letter-spacing:-0.5pt\"><b><span style=\"font-size:18.0pt\"><span style=\"font-family:&quot;Calibri&quot;,sans-serif\"><span style=\"font-variant:small-caps\">Not&iacute;cias das Associadas<\/span><\/span><\/span><\/b><\/span><\/span><\/span><\/p>\r\n\r\n<p style=\"text-align:justify\"><span style=\"font-size:11pt\"><span style=\"line-height:normal\"><span style=\"font-family:&quot;Calibri&quot;,sans-serif\"><a href=\"https:\/\/acontecendoaqui.com.br\/inovacao\/iniciativas-sustentaveis-impulsionam-industria-catarinense\/\" style=\"color:blue; text-decoration:underline\"><span style=\"font-size:14.0pt\">Iniciativas sustent&aacute;veis impulsionam ind&uacute;stria catarinense<\/span><\/a><\/span><\/span><\/span><\/p>\r\n\r\n<p class=\"MsoTitle\" style=\"text-align:justify\"><span style=\"font-size:28pt\"><span style=\"font-family:&quot;Cambria&quot;,serif\"><span style=\"letter-spacing:-0.5pt\"><b><span style=\"font-size:18.0pt\"><span style=\"font-family:&quot;Calibri&quot;,sans-serif\"><span style=\"font-variant:small-caps\">A&ccedil;&otilde;es da ABINT<\/span><\/span><\/span><\/b><\/span><\/span><\/span><\/p>\r\n\r\n<p style=\"text-align:justify\"><span style=\"font-size:11pt\"><span style=\"line-height:normal\"><span calibri=\"\" style=\"font-family:\"><b><span style=\"font-size:14.0pt\"><img src=\"https:\/\/www.abint.org.br\/assets\/img\/editor\/e-mail-mkt-1o-curso-geomembranas-qrcode_202307121344353EhrrKSVkt.JPG\" style=\"width: 400px; height: 300px;\" \/><\/span><\/b><\/span><\/span><\/span><\/p>\r\n\r\n<p style=\"text-align:justify\"><span style=\"font-size:11pt\"><span style=\"line-height:normal\"><span calibri=\"\" style=\"font-family:\"><b><span style=\"font-size:14.0pt\">Nos dias 04 a 07 de julho o CTG ABINT realizar&aacute; o 1&ordm; Curso Brasileiro de Instala&ccedil;&atilde;o de Geomembranas, no Instituto Mau&aacute; de Tecnologia.<\/span><\/b><\/span><\/span><\/span><\/p>\r\n\r\n<p style=\"text-align:justify\"><span style=\"font-size:11pt\"><span style=\"line-height:normal\"><span calibri=\"\" style=\"font-family:\"><a href=\"https:\/\/www.eventbrite.com.br\/e\/1o-curso-brasileiro-de-instalacao-de-geomembranas-tickets-645407429997\" style=\"color:blue; text-decoration:underline\"><span style=\"font-size:14.0pt\">Informa&ccedil;&otilde;es<\/span><\/a><\/span><\/span><\/span><\/p>\r\n\r\n<p style=\"text-align:justify\">&nbsp;<\/p>\r\n\r\n<p style=\"text-align:justify\"><span style=\"font-size:11pt\"><span style=\"line-height:normal\"><span calibri=\"\" style=\"font-family:\"><span style=\"font-size:14.0pt\"><img src=\"https:\/\/www.abint.org.br\/assets\/img\/editor\/ctg-patrocinador-regeo-2023_20230620165619xfZZRnNChK.jpeg\" style=\"width: 400px; height: 400px;\" \/><\/span><\/span><\/span><\/span><\/p>\r\n\r\n<p style=\"text-align:justify\"><span style=\"font-size:11pt\"><span style=\"line-height:normal\"><span calibri=\"\" style=\"font-family:\"><b><span style=\"font-size:14.0pt\"><span style=\"font-variant:small-caps\">O CTG ABINT <\/span><\/span><\/b><b><span style=\"font-size:14.0pt\">marcar&aacute; presen&ccedil;a<\/span><\/b><span style=\"font-size:14.0pt\"> nos eventos <b>X Congresso Brasileiro de Geotecnia Ambiental &amp; IX Congresso Brasileiro de Geossint&eacute;ticos - REGEO&rsquo;23 &amp; Geossint&eacute;ticos&rsquo;23<\/b>, que ocorrer&atilde;o de 18 a 21 de julho de 2023, Centro Universit&aacute;rio Jorge Amado &ndash; UNIJORGE, Salvador, BA.<\/span><\/span><\/span><\/span><\/p>\r\n\r\n<p style=\"text-align:justify\"><span style=\"font-size:11.0pt\"><span style=\"line-height:115%\"><span calibri=\"\" style=\"font-family:\"><a href=\"https:\/\/regeogeossinteticos23.com.br\/\" style=\"color:blue; text-decoration:underline\"><span style=\"font-size:14.0pt\"><span style=\"line-height:115%\">Mais informa&ccedil;&otilde;es e inscri&ccedil;&otilde;es<\/span><\/span><\/a><\/span><\/span><\/span><\/p>\r\n\r\n<p style=\"text-align:justify\">&nbsp;<\/p>\r\n\r\n<p style=\"text-align:justify\"><span style=\"font-size:11.0pt\"><span style=\"line-height:115%\"><span calibri=\"\" style=\"font-family:\"><span style=\"font-size:14.0pt\"><span style=\"line-height:115%\"><img src=\"https:\/\/www.abint.org.br\/assets\/img\/editor\/minicurso-fernando-regeo-2023_202306201656511P8LOaKpOZ.jpeg\" style=\"width: 400px; height: 400px;\" \/><\/span><\/span><\/span><\/span><\/span><\/p>\r\n\r\n<p style=\"text-align:justify\"><span style=\"font-size:11pt\"><span style=\"line-height:normal\"><span calibri=\"\" style=\"font-family:\"><b><span style=\"font-size:14.0pt\">O Prof. Dr. Fernando Lavoie, Coordenador do CTG ABINT, ministrar&aacute; Minicurso durante o Regeo&rsquo;23 &amp; Geossint&eacute;ticos&rsquo;23.<\/span><\/b><\/span><\/span><\/span><\/p>\r\n\r\n<p style=\"text-align:justify\"><span style=\"font-size:11.0pt\"><span style=\"line-height:115%\"><span calibri=\"\" style=\"font-family:\"><a href=\"https:\/\/regeogeossinteticos23.com.br\/inscricoes\/\" style=\"color:blue; text-decoration:underline\"><span style=\"font-size:14.0pt\"><span style=\"line-height:115%\">Inscreva-se!<\/span><\/span><\/a><\/span><\/span><\/span><\/p>\r\n\r\n<p style=\"text-align:justify\">&nbsp;<\/p>\r\n\r\n<p style=\"text-align:justify\"><span style=\"font-size:11pt\"><span style=\"line-height:normal\"><span style=\"font-family:&quot;Calibri&quot;,sans-serif\"><b><span style=\"font-size:18.0pt\"><span style=\"font-variant:small-caps\">Eventos<\/span><\/span><\/b><\/span><\/span><\/span><\/p>\r\n\r\n<p style=\"text-align:justify\"><span style=\"font-size:11pt\"><span style=\"line-height:normal\"><span style=\"font-family:&quot;Calibri&quot;,sans-serif\"><b><span style=\"font-size:14.0pt\">The 92nd Textile Institute World Conference: &ldquo;Sustainability of the Textile and Fashion Supply Chain &ndash; Transitioning to Zero Carbon and Zero Waste&rdquo;, <\/span><\/b><span style=\"font-size:14.0pt\">3-6 July 2023, University of Huddersfield, UK. <\/span><a href=\"https:\/\/www.textileinstitute.org\/events\/tiwc\/\" style=\"color:blue; text-decoration:underline\"><span style=\"font-size:14.0pt\">Informa&ccedil;&otilde;es<\/span><\/a> <\/span><\/span><\/span><\/p>\r\n\r\n<p style=\"text-align:justify\"><span style=\"font-size:11pt\"><span style=\"line-height:normal\"><span style=\"font-family:&quot;Calibri&quot;,sans-serif\"><b><span style=\"font-size:14.0pt\">IV Congreso Sudamericano de Composites, Poliuretano y Pl&aacute;sticos de Ingenier&iacute;a,<\/span><\/b><span style=\"font-size:14.0pt\"> 8 e 9 de agosto, Buenos Aires, Argentina. <\/span><a href=\"http:\/\/www.congresosudamericano.com\/blog.html\" style=\"color:blue; text-decoration:underline\"><span style=\"font-size:14.0pt\">Informa&ccedil;&otilde;es<\/span><\/a> <\/span><\/span><\/span><\/p>\r\n\r\n<p style=\"text-align:justify\"><span style=\"font-size:11pt\"><span style=\"line-height:normal\"><span style=\"font-family:&quot;Calibri&quot;,sans-serif\"><b><span style=\"font-size:14.0pt\">FIMMA BRASIL - Feira Internacional de Fornecedores da Cadeia Produtiva Madeira e M&oacute;veis<\/span><\/b><span style=\"font-size:14.0pt\">, 28 a 31 de agosto de 2023, das 10h &agrave;s 19h, Bento Gon&ccedil;alves, RS. <\/span><a href=\"https:\/\/fimma.com.br\/\" style=\"color:blue; text-decoration:underline\"><span style=\"font-size:14.0pt\">Informa&ccedil;&otilde;es<\/span><\/a> <\/span><\/span><\/span><\/p>\r\n\r\n<p style=\"text-align:justify\"><span style=\"font-size:11pt\"><span style=\"line-height:normal\"><span style=\"font-family:&quot;Calibri&quot;,sans-serif\"><b><span style=\"font-size:14.0pt\">22&ordf; FEBRAVA - Feira Internacional de Refrigera&ccedil;&atilde;o, Ar condicionado, Ventila&ccedil;&atilde;o, Aquecimento, Tratamento de Ar e de &Aacute;guas<\/span><\/b><span style=\"font-size:14.0pt\">, 12 a 15 de setembro de 2023, S&atilde;o Paulo Expo. <\/span><a href=\"https:\/\/www.febrava.com.br\/pt-br.html\" style=\"color:blue; text-decoration:underline\"><span style=\"font-size:14.0pt\">Informa&ccedil;&otilde;es<\/span><\/a> <\/span><\/span><\/span><\/p>\r\n\r\n<p style=\"text-align:justify\"><span style=\"font-size:11pt\"><span style=\"line-height:normal\"><span style=\"font-family:&quot;Calibri&quot;,sans-serif\"><b><span style=\"font-size:14.0pt\">CNI\/ SEBRAE | 10&ordm; Congresso Internacional da Inova&ccedil;&atilde;o da Ind&uacute;stria<\/span><\/b><span style=\"font-size:14.0pt\">, 27 e 28 de setembro de 2023, S&atilde;o Paulo Expo.<\/span> <a href=\"https:\/\/www.congressodeinovacao.com.br\/?utm_source=comext&amp;utm_medium=email&amp;utm_campaign=eventos&amp;utm_content=id00053#msdynttrid=gg5jXwSFR7qM4vHH2tKGau3cTwSFDneTjMUhrcPg7vE\" style=\"color:blue; text-decoration:underline\"><span style=\"font-size:14.0pt\">Informa&ccedil;&otilde;es<\/span><\/a> <\/span><\/span><\/span><\/p>\r\n\r\n<p style=\"text-align:justify\"><span style=\"font-size:11pt\"><span style=\"line-height:normal\"><span style=\"font-family:&quot;Calibri&quot;,sans-serif\"><b><span style=\"font-size:14.0pt\">FiltXPO&trade; 2023<\/span><\/b><span class=\"MsoHyperlink\" style=\"color:blue\"><span style=\"text-decoration:underline\"><span style=\"font-size:14.0pt\"><span style=\"text-decoration:none\"><span style=\"text-underline:none\">, <\/span><\/span><\/span><\/span><\/span><span style=\"font-size:14.0pt\">October 10-12, 2023 at Navy Pier in Chicago, Illinois<\/span><span class=\"MsoHyperlink\" style=\"color:blue\"><span style=\"text-decoration:underline\"><span style=\"font-size:14.0pt\"><span style=\"text-decoration:none\"><span style=\"text-underline:none\">. <\/span><\/span><\/span><\/span><\/span><a href=\"https:\/\/www.filtxpo.com\/\" style=\"color:blue; text-decoration:underline\"><span style=\"font-size:14.0pt\">Informa&ccedil;&otilde;es<\/span><\/a> <\/span><\/span><\/span><\/p>\r\n\r\n<p style=\"text-align:justify\"><span style=\"font-size:11pt\"><span style=\"line-height:normal\"><span style=\"font-family:&quot;Calibri&quot;,sans-serif\"><b><span style=\"font-size:14.0pt\">V Congreso Sudamericano de Composites, Poliuretano y Pl&aacute;sticos de Ingenier&iacute;a, <\/span><\/b><span style=\"font-size:14.0pt\">24 e 25 de outubro de 2023, Bogot&aacute;, Col&ocirc;mbia. <\/span><a href=\"http:\/\/www.congresosudamericano.com\/blog.html\" style=\"color:blue; text-decoration:underline\"><span style=\"font-size:14.0pt\">Informa&ccedil;&otilde;es<\/span><\/a> <\/span><\/span><\/span><\/p>\r\n\r\n<p class=\"MsoTitle\" style=\"text-align:justify\"><span style=\"font-size:28pt\"><span style=\"font-family:&quot;Cambria&quot;,serif\"><span style=\"letter-spacing:-0.5pt\"><b><span style=\"font-size:18.0pt\"><span style=\"font-family:&quot;Calibri&quot;,sans-serif\"><span style=\"font-variant:small-caps\">Setor<\/span><\/span><\/span><\/b><\/span><\/span><\/span><\/p>\r\n\r\n<p style=\"text-align:justify\"><span style=\"font-size:11pt\"><span style=\"line-height:normal\"><span style=\"font-family:&quot;Calibri&quot;,sans-serif\"><a href=\"https:\/\/www.ft.com\/content\/9b2b6e80-d079-4724-abad-96cbaca01162\" style=\"color:blue; text-decoration:underline\"><span style=\"font-size:14.0pt\">O humilde toldo est&aacute; pronto para o seu tempo ao sol<\/span><\/a><\/span><\/span><\/span><\/p>\r\n\r\n<p style=\"text-align:justify\"><span style=\"font-size:11pt\"><span style=\"line-height:normal\"><span style=\"font-family:&quot;Calibri&quot;,sans-serif\"><a href=\"https:\/\/www.correiobraziliense.com.br\/cidades-df\/2023\/07\/5105866-cultivo-de-mandioca-melhora-produtividade-com-nova-tecnica-de-plantio.html\" style=\"color:blue; text-decoration:underline\"><span style=\"font-size:14.0pt\">Mulching: Cultivo de mandioca melhora produtividade com nova t&eacute;cnica de plantio<\/span><\/a><\/span><\/span><\/span><\/p>\r\n\r\n<p style=\"text-align:justify\"><span style=\"font-size:11pt\"><span style=\"line-height:normal\"><span style=\"font-family:&quot;Calibri&quot;,sans-serif\"><a href=\"https:\/\/estudio.folha.uol.com.br\/prefeitura-de-saopaulo\/2023\/06\/sao-paulo-ganha-8-miniflorestas-para-recuperar-flora-e-fauna-da-cidade.shtml\" style=\"color:blue; text-decoration:underline\"><span style=\"font-size:14.0pt\">Mulching: S&atilde;o Paulo ganha 8 miniflorestas para recuperar flora e fauna da cidade<\/span><\/a><\/span><\/span><\/span><\/p>\r\n\r\n<p style=\"text-align:justify\"><span style=\"font-size:11pt\"><span style=\"line-height:normal\"><span style=\"font-family:&quot;Calibri&quot;,sans-serif\"><a href=\"https:\/\/www.folhavitoria.com.br\/geral\/noticia\/06\/2023\/mudancas-climaticas-impactos-ja-afetam-dia-a-dia-de-quem-vive-no-es\" style=\"color:blue; text-decoration:underline\"><span style=\"font-size:14.0pt\">Geomantas: Mudan&ccedil;as clim&aacute;ticas: impactos j&aacute; afetam dia a dia de quem vive no ES<\/span><\/a><\/span><\/span><\/span><\/p>\r\n\r\n<p class=\"MsoTitle\" style=\"text-align:justify\"><span style=\"font-size:28pt\"><span style=\"font-family:&quot;Cambria&quot;,serif\"><span style=\"letter-spacing:-0.5pt\"><b><span style=\"font-size:18.0pt\"><span style=\"font-family:&quot;Calibri&quot;,sans-serif\"><span style=\"font-variant:small-caps\">Ind&uacute;stria<\/span><\/span><\/span><\/b><\/span><\/span><\/span><\/p>\r\n\r\n<p style=\"text-align:justify\"><span style=\"font-size:11pt\"><span style=\"line-height:normal\"><span style=\"font-family:&quot;Calibri&quot;,sans-serif\"><a href=\"https:\/\/portalibre.fgv.br\/noticias\/confianca-da-industria-sobe-11-ponto-em-junho\" style=\"color:blue; text-decoration:underline\"><span style=\"font-size:14.0pt\">Confian&ccedil;a da Ind&uacute;stria sobe 1,1 ponto em junho<\/span><\/a><\/span><\/span><\/span><\/p>\r\n\r\n<p style=\"text-align:justify\"><span style=\"font-size:11pt\"><span style=\"line-height:normal\"><span style=\"font-family:&quot;Calibri&quot;,sans-serif\"><a href=\"https:\/\/portalibre.fgv.br\/noticias\/industria-espera-do-corte-de-juros\" style=\"color:blue; text-decoration:underline\"><span style=\"font-size:14.0pt\">Ind&uacute;stria: &agrave; espera do corte de juros<\/span><\/a><\/span><\/span><\/span><\/p>\r\n\r\n<p style=\"text-align:justify\"><span style=\"font-size:11pt\"><span style=\"line-height:normal\"><span style=\"font-family:&quot;Calibri&quot;,sans-serif\"><a href=\"https:\/\/www.pelomundodf.com.br\/noticia\/146746\/anfavea-estima-que-queda-de-impostos-pode-aumentar-venda-em-ate-300-mil-carros\" style=\"color:blue; text-decoration:underline\"><span style=\"font-size:14.0pt\">Anfavea estima que queda de impostos pode aumentar venda em at&eacute; 300 mil carros<\/span><\/a><\/span><\/span><\/span><\/p>\r\n\r\n<p style=\"text-align:justify\"><span style=\"font-size:11pt\"><span style=\"line-height:normal\"><span style=\"font-family:&quot;Calibri&quot;,sans-serif\"><a href=\"https:\/\/portalibre.fgv.br\/noticias\/construcao-retomada-perde-folego\" style=\"color:blue; text-decoration:underline\"><span style=\"font-size:14.0pt\">Constru&ccedil;&atilde;o: retomada perde f&ocirc;lego<\/span><\/a><\/span><\/span><\/span><\/p>\r\n\r\n<p class=\"MsoTitle\" style=\"text-align:justify\"><span style=\"font-size:28pt\"><span style=\"font-family:&quot;Cambria&quot;,serif\"><span style=\"letter-spacing:-0.5pt\"><b><span style=\"font-size:18.0pt\"><span style=\"font-family:&quot;Calibri&quot;,sans-serif\"><span style=\"font-variant:small-caps\">Sustentabilidade<\/span><\/span><\/span><\/b><\/span><\/span><\/span><\/p>\r\n\r\n<p style=\"text-align:justify\"><span style=\"font-size:11pt\"><span style=\"line-height:normal\"><span style=\"font-family:&quot;Calibri&quot;,sans-serif\"><a href=\"https:\/\/g1.globo.com\/pr\/parana\/especial-publicitario\/uniopet\/opet-inovacao-em-rede\/noticia\/2023\/06\/30\/economia-circular-e-muito-mais-do-que-uma-moda.ghtml\" style=\"color:blue; text-decoration:underline\"><span style=\"font-size:14.0pt\">Economia circular &eacute; muito mais do que uma moda<\/span><\/a><\/span><\/span><\/span><\/p>\r\n\r\n<p class=\"MsoTitle\" style=\"text-align:justify\"><span style=\"font-size:28pt\"><span style=\"font-family:&quot;Cambria&quot;,serif\"><span style=\"letter-spacing:-0.5pt\"><b><span style=\"font-size:18.0pt\"><span style=\"font-family:&quot;Calibri&quot;,sans-serif\"><span style=\"font-variant:small-caps\">Inova&ccedil;&atilde;o<\/span><\/span><\/span><\/b><\/span><\/span><\/span><\/p>\r\n\r\n<p style=\"text-align:justify\"><span style=\"font-size:11pt\"><span style=\"line-height:normal\"><span style=\"font-family:&quot;Calibri&quot;,sans-serif\"><a href=\"https:\/\/www.terra.com.br\/economia\/dinheiro-em-dia\/meu-negocio\/economia-azul-como-o-ecossistema-de-inovacao-pode-impulsiona-la,499c821cc549c93fe697f8341fc6c15djyxlu7sj.html\" style=\"color:blue; text-decoration:underline\"><span style=\"font-size:14.0pt\">Economia azul: como o ecossistema de inova&ccedil;&atilde;o pode impulsion&aacute;-la?<\/span><\/a><\/span><\/span><\/span><\/p>\r\n\r\n<p class=\"MsoTitle\" style=\"text-align:justify\"><span style=\"font-size:28pt\"><span style=\"font-family:&quot;Cambria&quot;,serif\"><span style=\"letter-spacing:-0.5pt\"><b><span style=\"font-size:18.0pt\"><span style=\"font-family:&quot;Calibri&quot;,sans-serif\"><span style=\"font-variant:small-caps\">Com&eacute;rcio Exterior<\/span><\/span><\/span><\/b><\/span><\/span><\/span><\/p>\r\n\r\n<p style=\"text-align:justify\"><span style=\"font-size:11pt\"><span style=\"line-height:normal\"><span style=\"font-family:&quot;Calibri&quot;,sans-serif\"><a href=\"https:\/\/g1.globo.com\/politica\/noticia\/2023\/07\/01\/brasil-comandara-mercosul-g20-e-conselho-da-onu-no-segundo-semestre-saiba-o-que-esperar.ghtml\" style=\"color:blue; text-decoration:underline\"><span style=\"font-size:14.0pt\">Brasil comandar&aacute; Mercosul, G20 e Conselho da ONU no segundo semestre; saiba o que esperar<\/span><\/a><\/span><\/span><\/span><\/p>\r\n\r\n<p style=\"text-align:justify\"><span style=\"font-size:11pt\"><span style=\"line-height:normal\"><span style=\"font-family:&quot;Calibri&quot;,sans-serif\"><a href=\"https:\/\/www.gov.br\/planalto\/pt-br\/acompanhe-o-planalto\/noticias\/2023\/06\/presidente-lula-conversa-com-chanceler-canadense-sobre-agendas-ambiental-de-defesa-e-de-comercio-e-investimentos\" style=\"color:blue; text-decoration:underline\"><span style=\"font-size:14.0pt\">Lula conversa com chanceler canadense sobre agendas ambiental, de defesa e de com&eacute;rcio e investimentos<\/span><\/a><\/span><\/span><\/span><\/p>\r\n\r\n<p style=\"text-align:justify\"><span style=\"font-size:11pt\"><span style=\"line-height:normal\"><span style=\"font-family:&quot;Calibri&quot;,sans-serif\"><a href=\"https:\/\/noticias.portaldaindustria.com.br\/noticias\/internacional\/52-acoes-para-aproximar-brasil-e-argentina\/\" style=\"color:blue; text-decoration:underline\"><span style=\"font-size:14.0pt\">52 a&ccedil;&otilde;es para aproximar Brasil e Argentina<\/span><\/a><\/span><\/span><\/span><\/p>\r\n\r\n<p style=\"text-align:justify\"><span style=\"font-size:11pt\"><span style=\"line-height:normal\"><span style=\"font-family:&quot;Calibri&quot;,sans-serif\"><a href=\"https:\/\/noticias.portaldaindustria.com.br\/noticias\/internacional\/brasil-japao-encontro-de-industrias-deve-fortalecer-parceria-estrategica\/\" style=\"color:blue; text-decoration:underline\"><span style=\"font-size:14.0pt\">Brasil-Jap&atilde;o: encontro de ind&uacute;strias deve fortalecer parceria estrat&eacute;gica<\/span><\/a><\/span><\/span><\/span><\/p>\r\n\r\n<p style=\"text-align:justify\"><span style=\"font-size:11pt\"><span style=\"line-height:normal\"><span style=\"font-family:&quot;Calibri&quot;,sans-serif\"><a href=\"https:\/\/www.gov.br\/mdic\/pt-br\/assuntos\/noticias\/2023\/junho\/alckmin-viaja-a-portugal-em-busca-de-investimentos-para-o-brasil\" style=\"color:blue; text-decoration:underline\"><span style=\"font-size:14.0pt\">Alckmin viaja a Portugal em busca de investimentos para o Brasil<\/span><\/a><\/span><\/span><\/span><\/p>\r\n\r\n<p style=\"text-align:justify\"><span style=\"font-size:11pt\"><span style=\"line-height:normal\"><span style=\"font-family:&quot;Calibri&quot;,sans-serif\"><a href=\"https:\/\/comexdobrasil.com\/superavit-brasileiro-no-comercio-com-a-venezuela-pode-dobrar-projeta-cisbra\/\" style=\"color:blue; text-decoration:underline\"><span style=\"font-size:14.0pt\">Super&aacute;vit brasileiro no com&eacute;rcio com a Venezuela pode dobrar, projeta Cisbra<\/span><\/a><\/span><\/span><\/span><\/p>\r\n\r\n<p class=\"MsoTitle\" style=\"text-align:justify\"><span style=\"font-size:28pt\"><span style=\"font-family:&quot;Cambria&quot;,serif\"><span style=\"letter-spacing:-0.5pt\"><b><span style=\"font-size:18.0pt\"><span style=\"font-family:&quot;Calibri&quot;,sans-serif\"><span style=\"font-variant:small-caps\">Economia<\/span><\/span><\/span><\/b><\/span><\/span><\/span><\/p>\r\n\r\n<p style=\"text-align:justify\"><span style=\"font-size:11pt\"><span style=\"line-height:normal\"><span style=\"font-family:&quot;Calibri&quot;,sans-serif\"><a href=\"https:\/\/www.bcb.gov.br\/content\/focus\/focus\/R20230616.pdf\" style=\"color:blue; text-decoration:underline\"><span style=\"font-size:14.0pt\">Focus &ndash; Relat&oacute;rio de Mercado<\/span><\/a><\/span><\/span><\/span><\/p>\r\n\r\n<p style=\"text-align:justify\"><span style=\"font-size:11pt\"><span style=\"line-height:normal\"><span style=\"font-family:&quot;Calibri&quot;,sans-serif\"><a href=\"https:\/\/portalibre.fgv.br\/noticias\/indicador-de-incerteza-economica-retorna-um-nivel-confortavel-pela-primeira-vez-desde-2019\" style=\"color:blue; text-decoration:underline\"><span style=\"font-size:14.0pt\">Indicador de Incerteza Econ&ocirc;mica retorna a um n&iacute;vel confort&aacute;vel pela primeira vez desde 2019<\/span><\/a><\/span><\/span><\/span><\/p>\r\n\r\n<p style=\"text-align:justify\"><span style=\"font-size:11pt\"><span style=\"line-height:normal\"><span style=\"font-family:&quot;Calibri&quot;,sans-serif\"><a href=\"https:\/\/portalibre.fgv.br\/noticias\/igp-m-cai-193-em-junho\" style=\"color:blue; text-decoration:underline\"><span style=\"font-size:14.0pt\">IGP-M cai 1,93% em junho<\/span><\/a><\/span><\/span><\/span><\/p>\r\n\r\n<p style=\"text-align:justify\"><span style=\"font-size:11pt\"><span style=\"line-height:normal\"><span style=\"font-family:&quot;Calibri&quot;,sans-serif\"><a href=\"https:\/\/portalibre.fgv.br\/noticias\/confianca-do-comercio-sobe-69-pontos-em-junho\" style=\"color:blue; text-decoration:underline\"><span style=\"font-size:14.0pt\">Confian&ccedil;a do Com&eacute;rcio sobe 6,9 pontos em junho<\/span><\/a><\/span><\/span><\/span><\/p>\r\n\r\n<p style=\"text-align:justify\"><span style=\"font-size:11pt\"><span style=\"line-height:normal\"><span style=\"font-family:&quot;Calibri&quot;,sans-serif\"><a href=\"https:\/\/portalibre.fgv.br\/noticias\/confianca-de-servicos-sobe-37-pontos-em-junho\" style=\"color:blue; text-decoration:underline\"><span style=\"font-size:14.0pt\">Confian&ccedil;a de servi&ccedil;os sobe 3,7 pontos em junho<\/span><\/a><\/span><\/span><\/span><\/p>\r\n","6":"<p style=\"text-align:justify\"><span style=\"font-size:11pt\"><span style=\"line-height:normal\"><span style=\"font-family:&quot;Calibri&quot;,sans-serif\"><span style=\"font-size:14.0pt\">Esta &eacute; uma compila&ccedil;&atilde;o das not&iacute;cias mais relevantes para o setor, incluindo informa&ccedil;&otilde;es sobre acordos internacionais, economia brasileira, sustentabilidade e mat&eacute;rias primas, al&eacute;m de novidades do setor de N&atilde;otecidos e Tecidos T&eacute;cnicos.<\/span><\/span><\/span><\/span><\/p>\r\n\r\n<p class=\"MsoTitleCxSpLast\" style=\"text-align:justify\"><span style=\"font-size:28pt\"><span style=\"font-family:&quot;Cambria&quot;,serif\"><span style=\"letter-spacing:-0.5pt\"><b><span style=\"font-size:18.0pt\"><span style=\"font-family:&quot;Calibri&quot;,sans-serif\"><span style=\"font-variant:small-caps\">Not&iacute;cias das Associadas<\/span><\/span><\/span><\/b><\/span><\/span><\/span><\/p>\r\n\r\n<p style=\"text-align:justify\"><span style=\"font-size:11pt\"><span style=\"line-height:normal\"><span style=\"font-family:&quot;Calibri&quot;,sans-serif\"><a href=\"https:\/\/acontecendoaqui.com.br\/inovacao\/iniciativas-sustentaveis-impulsionam-industria-catarinense\/\" style=\"color:blue; text-decoration:underline\"><span style=\"font-size:14.0pt\">Iniciativas sustent&aacute;veis impulsionam ind&uacute;stria catarinense<\/span><\/a><\/span><\/span><\/span><\/p>\r\n\r\n<p class=\"MsoTitle\" style=\"text-align:justify\"><span style=\"font-size:28pt\"><span style=\"font-family:&quot;Cambria&quot;,serif\"><span style=\"letter-spacing:-0.5pt\"><b><span style=\"font-size:18.0pt\"><span style=\"font-family:&quot;Calibri&quot;,sans-serif\"><span style=\"font-variant:small-caps\">A&ccedil;&otilde;es da ABINT<\/span><\/span><\/span><\/b><\/span><\/span><\/span><\/p>\r\n\r\n<p style=\"text-align:justify\"><span style=\"font-size:11pt\"><span style=\"line-height:normal\"><span calibri=\"\" style=\"font-family:\"><b><span style=\"font-size:14.0pt\"><img src=\"https:\/\/www.abint.org.br\/assets\/img\/editor\/e-mail-mkt-1o-curso-geomembranas-qrcode_202307121344353EhrrKSVkt.JPG\" style=\"width: 400px; height: 300px;\" \/><\/span><\/b><\/span><\/span><\/span><\/p>\r\n\r\n<p style=\"text-align:justify\"><span style=\"font-size:11pt\"><span style=\"line-height:normal\"><span calibri=\"\" style=\"font-family:\"><b><span style=\"font-size:14.0pt\">Nos dias 04 a 07 de julho o CTG ABINT realizar&aacute; o 1&ordm; Curso Brasileiro de Instala&ccedil;&atilde;o de Geomembranas, no Instituto Mau&aacute; de Tecnologia.<\/span><\/b><\/span><\/span><\/span><\/p>\r\n\r\n<p style=\"text-align:justify\"><span style=\"font-size:11pt\"><span style=\"line-height:normal\"><span calibri=\"\" style=\"font-family:\"><a href=\"https:\/\/www.eventbrite.com.br\/e\/1o-curso-brasileiro-de-instalacao-de-geomembranas-tickets-645407429997\" style=\"color:blue; text-decoration:underline\"><span style=\"font-size:14.0pt\">Informa&ccedil;&otilde;es<\/span><\/a><\/span><\/span><\/span><\/p>\r\n\r\n<p style=\"text-align:justify\">&nbsp;<\/p>\r\n\r\n<p style=\"text-align:justify\"><span style=\"font-size:11pt\"><span style=\"line-height:normal\"><span calibri=\"\" style=\"font-family:\"><span style=\"font-size:14.0pt\"><img src=\"https:\/\/www.abint.org.br\/assets\/img\/editor\/ctg-patrocinador-regeo-2023_20230620165619xfZZRnNChK.jpeg\" style=\"width: 400px; height: 400px;\" \/><\/span><\/span><\/span><\/span><\/p>\r\n\r\n<p style=\"text-align:justify\"><span style=\"font-size:11pt\"><span style=\"line-height:normal\"><span calibri=\"\" style=\"font-family:\"><b><span style=\"font-size:14.0pt\"><span style=\"font-variant:small-caps\">O CTG ABINT <\/span><\/span><\/b><b><span style=\"font-size:14.0pt\">marcar&aacute; presen&ccedil;a<\/span><\/b><span style=\"font-size:14.0pt\"> nos eventos <b>X Congresso Brasileiro de Geotecnia Ambiental &amp; IX Congresso Brasileiro de Geossint&eacute;ticos - REGEO&rsquo;23 &amp; Geossint&eacute;ticos&rsquo;23<\/b>, que ocorrer&atilde;o de 18 a 21 de julho de 2023, Centro Universit&aacute;rio Jorge Amado &ndash; UNIJORGE, Salvador, BA.<\/span><\/span><\/span><\/span><\/p>\r\n\r\n<p style=\"text-align:justify\"><span style=\"font-size:11.0pt\"><span style=\"line-height:115%\"><span calibri=\"\" style=\"font-family:\"><a href=\"https:\/\/regeogeossinteticos23.com.br\/\" style=\"color:blue; text-decoration:underline\"><span style=\"font-size:14.0pt\"><span style=\"line-height:115%\">Mais informa&ccedil;&otilde;es e inscri&ccedil;&otilde;es<\/span><\/span><\/a><\/span><\/span><\/span><\/p>\r\n\r\n<p style=\"text-align:justify\">&nbsp;<\/p>\r\n\r\n<p style=\"text-align:justify\"><span style=\"font-size:11.0pt\"><span style=\"line-height:115%\"><span calibri=\"\" style=\"font-family:\"><span style=\"font-size:14.0pt\"><span style=\"line-height:115%\"><img src=\"https:\/\/www.abint.org.br\/assets\/img\/editor\/minicurso-fernando-regeo-2023_202306201656511P8LOaKpOZ.jpeg\" style=\"width: 400px; height: 400px;\" \/><\/span><\/span><\/span><\/span><\/span><\/p>\r\n\r\n<p style=\"text-align:justify\"><span style=\"font-size:11pt\"><span style=\"line-height:normal\"><span calibri=\"\" style=\"font-family:\"><b><span style=\"font-size:14.0pt\">O Prof. Dr. Fernando Lavoie, Coordenador do CTG ABINT, ministrar&aacute; Minicurso durante o Regeo&rsquo;23 &amp; Geossint&eacute;ticos&rsquo;23.<\/span><\/b><\/span><\/span><\/span><\/p>\r\n\r\n<p style=\"text-align:justify\"><span style=\"font-size:11.0pt\"><span style=\"line-height:115%\"><span calibri=\"\" style=\"font-family:\"><a href=\"https:\/\/regeogeossinteticos23.com.br\/inscricoes\/\" style=\"color:blue; text-decoration:underline\"><span style=\"font-size:14.0pt\"><span style=\"line-height:115%\">Inscreva-se!<\/span><\/span><\/a><\/span><\/span><\/span><\/p>\r\n\r\n<p style=\"text-align:justify\">&nbsp;<\/p>\r\n\r\n<p style=\"text-align:justify\"><span style=\"font-size:11pt\"><span style=\"line-height:normal\"><span style=\"font-family:&quot;Calibri&quot;,sans-serif\"><b><span style=\"font-size:18.0pt\"><span style=\"font-variant:small-caps\">Eventos<\/span><\/span><\/b><\/span><\/span><\/span><\/p>\r\n\r\n<p style=\"text-align:justify\"><span style=\"font-size:11pt\"><span style=\"line-height:normal\"><span style=\"font-family:&quot;Calibri&quot;,sans-serif\"><b><span style=\"font-size:14.0pt\">The 92nd Textile Institute World Conference: &ldquo;Sustainability of the Textile and Fashion Supply Chain &ndash; Transitioning to Zero Carbon and Zero Waste&rdquo;, <\/span><\/b><span style=\"font-size:14.0pt\">3-6 July 2023, University of Huddersfield, UK. <\/span><a href=\"https:\/\/www.textileinstitute.org\/events\/tiwc\/\" style=\"color:blue; text-decoration:underline\"><span style=\"font-size:14.0pt\">Informa&ccedil;&otilde;es<\/span><\/a> <\/span><\/span><\/span><\/p>\r\n\r\n<p style=\"text-align:justify\"><span style=\"font-size:11pt\"><span style=\"line-height:normal\"><span style=\"font-family:&quot;Calibri&quot;,sans-serif\"><b><span style=\"font-size:14.0pt\">IV Congreso Sudamericano de Composites, Poliuretano y Pl&aacute;sticos de Ingenier&iacute;a,<\/span><\/b><span style=\"font-size:14.0pt\"> 8 e 9 de agosto, Buenos Aires, Argentina. <\/span><a href=\"http:\/\/www.congresosudamericano.com\/blog.html\" style=\"color:blue; text-decoration:underline\"><span style=\"font-size:14.0pt\">Informa&ccedil;&otilde;es<\/span><\/a> <\/span><\/span><\/span><\/p>\r\n\r\n<p style=\"text-align:justify\"><span style=\"font-size:11pt\"><span style=\"line-height:normal\"><span style=\"font-family:&quot;Calibri&quot;,sans-serif\"><b><span style=\"font-size:14.0pt\">FIMMA BRASIL - Feira Internacional de Fornecedores da Cadeia Produtiva Madeira e M&oacute;veis<\/span><\/b><span style=\"font-size:14.0pt\">, 28 a 31 de agosto de 2023, das 10h &agrave;s 19h, Bento Gon&ccedil;alves, RS. <\/span><a href=\"https:\/\/fimma.com.br\/\" style=\"color:blue; text-decoration:underline\"><span style=\"font-size:14.0pt\">Informa&ccedil;&otilde;es<\/span><\/a> <\/span><\/span><\/span><\/p>\r\n\r\n<p style=\"text-align:justify\"><span style=\"font-size:11pt\"><span style=\"line-height:normal\"><span style=\"font-family:&quot;Calibri&quot;,sans-serif\"><b><span style=\"font-size:14.0pt\">22&ordf; FEBRAVA - Feira Internacional de Refrigera&ccedil;&atilde;o, Ar condicionado, Ventila&ccedil;&atilde;o, Aquecimento, Tratamento de Ar e de &Aacute;guas<\/span><\/b><span style=\"font-size:14.0pt\">, 12 a 15 de setembro de 2023, S&atilde;o Paulo Expo. <\/span><a href=\"https:\/\/www.febrava.com.br\/pt-br.html\" style=\"color:blue; text-decoration:underline\"><span style=\"font-size:14.0pt\">Informa&ccedil;&otilde;es<\/span><\/a> <\/span><\/span><\/span><\/p>\r\n\r\n<p style=\"text-align:justify\"><span style=\"font-size:11pt\"><span style=\"line-height:normal\"><span style=\"font-family:&quot;Calibri&quot;,sans-serif\"><b><span style=\"font-size:14.0pt\">CNI\/ SEBRAE | 10&ordm; Congresso Internacional da Inova&ccedil;&atilde;o da Ind&uacute;stria<\/span><\/b><span style=\"font-size:14.0pt\">, 27 e 28 de setembro de 2023, S&atilde;o Paulo Expo.<\/span> <a href=\"https:\/\/www.congressodeinovacao.com.br\/?utm_source=comext&amp;utm_medium=email&amp;utm_campaign=eventos&amp;utm_content=id00053#msdynttrid=gg5jXwSFR7qM4vHH2tKGau3cTwSFDneTjMUhrcPg7vE\" style=\"color:blue; text-decoration:underline\"><span style=\"font-size:14.0pt\">Informa&ccedil;&otilde;es<\/span><\/a> <\/span><\/span><\/span><\/p>\r\n\r\n<p style=\"text-align:justify\"><span style=\"font-size:11pt\"><span style=\"line-height:normal\"><span style=\"font-family:&quot;Calibri&quot;,sans-serif\"><b><span style=\"font-size:14.0pt\">FiltXPO&trade; 2023<\/span><\/b><span class=\"MsoHyperlink\" style=\"color:blue\"><span style=\"text-decoration:underline\"><span style=\"font-size:14.0pt\"><span style=\"text-decoration:none\"><span style=\"text-underline:none\">, <\/span><\/span><\/span><\/span><\/span><span style=\"font-size:14.0pt\">October 10-12, 2023 at Navy Pier in Chicago, Illinois<\/span><span class=\"MsoHyperlink\" style=\"color:blue\"><span style=\"text-decoration:underline\"><span style=\"font-size:14.0pt\"><span style=\"text-decoration:none\"><span style=\"text-underline:none\">. <\/span><\/span><\/span><\/span><\/span><a href=\"https:\/\/www.filtxpo.com\/\" style=\"color:blue; text-decoration:underline\"><span style=\"font-size:14.0pt\">Informa&ccedil;&otilde;es<\/span><\/a> <\/span><\/span><\/span><\/p>\r\n\r\n<p style=\"text-align:justify\"><span style=\"font-size:11pt\"><span style=\"line-height:normal\"><span style=\"font-family:&quot;Calibri&quot;,sans-serif\"><b><span style=\"font-size:14.0pt\">V Congreso Sudamericano de Composites, Poliuretano y Pl&aacute;sticos de Ingenier&iacute;a, <\/span><\/b><span style=\"font-size:14.0pt\">24 e 25 de outubro de 2023, Bogot&aacute;, Col&ocirc;mbia. <\/span><a href=\"http:\/\/www.congresosudamericano.com\/blog.html\" style=\"color:blue; text-decoration:underline\"><span style=\"font-size:14.0pt\">Informa&ccedil;&otilde;es<\/span><\/a> <\/span><\/span><\/span><\/p>\r\n\r\n<p class=\"MsoTitle\" style=\"text-align:justify\"><span style=\"font-size:28pt\"><span style=\"font-family:&quot;Cambria&quot;,serif\"><span style=\"letter-spacing:-0.5pt\"><b><span style=\"font-size:18.0pt\"><span style=\"font-family:&quot;Calibri&quot;,sans-serif\"><span style=\"font-variant:small-caps\">Setor<\/span><\/span><\/span><\/b><\/span><\/span><\/span><\/p>\r\n\r\n<p style=\"text-align:justify\"><span style=\"font-size:11pt\"><span style=\"line-height:normal\"><span style=\"font-family:&quot;Calibri&quot;,sans-serif\"><a href=\"https:\/\/www.ft.com\/content\/9b2b6e80-d079-4724-abad-96cbaca01162\" style=\"color:blue; text-decoration:underline\"><span style=\"font-size:14.0pt\">O humilde toldo est&aacute; pronto para o seu tempo ao sol<\/span><\/a><\/span><\/span><\/span><\/p>\r\n\r\n<p style=\"text-align:justify\"><span style=\"font-size:11pt\"><span style=\"line-height:normal\"><span style=\"font-family:&quot;Calibri&quot;,sans-serif\"><a href=\"https:\/\/www.correiobraziliense.com.br\/cidades-df\/2023\/07\/5105866-cultivo-de-mandioca-melhora-produtividade-com-nova-tecnica-de-plantio.html\" style=\"color:blue; text-decoration:underline\"><span style=\"font-size:14.0pt\">Mulching: Cultivo de mandioca melhora produtividade com nova t&eacute;cnica de plantio<\/span><\/a><\/span><\/span><\/span><\/p>\r\n\r\n<p style=\"text-align:justify\"><span style=\"font-size:11pt\"><span style=\"line-height:normal\"><span style=\"font-family:&quot;Calibri&quot;,sans-serif\"><a href=\"https:\/\/estudio.folha.uol.com.br\/prefeitura-de-saopaulo\/2023\/06\/sao-paulo-ganha-8-miniflorestas-para-recuperar-flora-e-fauna-da-cidade.shtml\" style=\"color:blue; text-decoration:underline\"><span style=\"font-size:14.0pt\">Mulching: S&atilde;o Paulo ganha 8 miniflorestas para recuperar flora e fauna da cidade<\/span><\/a><\/span><\/span><\/span><\/p>\r\n\r\n<p style=\"text-align:justify\"><span style=\"font-size:11pt\"><span style=\"line-height:normal\"><span style=\"font-family:&quot;Calibri&quot;,sans-serif\"><a href=\"https:\/\/www.folhavitoria.com.br\/geral\/noticia\/06\/2023\/mudancas-climaticas-impactos-ja-afetam-dia-a-dia-de-quem-vive-no-es\" style=\"color:blue; text-decoration:underline\"><span style=\"font-size:14.0pt\">Geomantas: Mudan&ccedil;as clim&aacute;ticas: impactos j&aacute; afetam dia a dia de quem vive no ES<\/span><\/a><\/span><\/span><\/span><\/p>\r\n\r\n<p class=\"MsoTitle\" style=\"text-align:justify\"><span style=\"font-size:28pt\"><span style=\"font-family:&quot;Cambria&quot;,serif\"><span style=\"letter-spacing:-0.5pt\"><b><span style=\"font-size:18.0pt\"><span style=\"font-family:&quot;Calibri&quot;,sans-serif\"><span style=\"font-variant:small-caps\">Ind&uacute;stria<\/span><\/span><\/span><\/b><\/span><\/span><\/span><\/p>\r\n\r\n<p style=\"text-align:justify\"><span style=\"font-size:11pt\"><span style=\"line-height:normal\"><span style=\"font-family:&quot;Calibri&quot;,sans-serif\"><a href=\"https:\/\/portalibre.fgv.br\/noticias\/confianca-da-industria-sobe-11-ponto-em-junho\" style=\"color:blue; text-decoration:underline\"><span style=\"font-size:14.0pt\">Confian&ccedil;a da Ind&uacute;stria sobe 1,1 ponto em junho<\/span><\/a><\/span><\/span><\/span><\/p>\r\n\r\n<p style=\"text-align:justify\"><span style=\"font-size:11pt\"><span style=\"line-height:normal\"><span style=\"font-family:&quot;Calibri&quot;,sans-serif\"><a href=\"https:\/\/portalibre.fgv.br\/noticias\/industria-espera-do-corte-de-juros\" style=\"color:blue; text-decoration:underline\"><span style=\"font-size:14.0pt\">Ind&uacute;stria: &agrave; espera do corte de juros<\/span><\/a><\/span><\/span><\/span><\/p>\r\n\r\n<p style=\"text-align:justify\"><span style=\"font-size:11pt\"><span style=\"line-height:normal\"><span style=\"font-family:&quot;Calibri&quot;,sans-serif\"><a href=\"https:\/\/www.pelomundodf.com.br\/noticia\/146746\/anfavea-estima-que-queda-de-impostos-pode-aumentar-venda-em-ate-300-mil-carros\" style=\"color:blue; text-decoration:underline\"><span style=\"font-size:14.0pt\">Anfavea estima que queda de impostos pode aumentar venda em at&eacute; 300 mil carros<\/span><\/a><\/span><\/span><\/span><\/p>\r\n\r\n<p style=\"text-align:justify\"><span style=\"font-size:11pt\"><span style=\"line-height:normal\"><span style=\"font-family:&quot;Calibri&quot;,sans-serif\"><a href=\"https:\/\/portalibre.fgv.br\/noticias\/construcao-retomada-perde-folego\" style=\"color:blue; text-decoration:underline\"><span style=\"font-size:14.0pt\">Constru&ccedil;&atilde;o: retomada perde f&ocirc;lego<\/span><\/a><\/span><\/span><\/span><\/p>\r\n\r\n<p class=\"MsoTitle\" style=\"text-align:justify\"><span style=\"font-size:28pt\"><span style=\"font-family:&quot;Cambria&quot;,serif\"><span style=\"letter-spacing:-0.5pt\"><b><span style=\"font-size:18.0pt\"><span style=\"font-family:&quot;Calibri&quot;,sans-serif\"><span style=\"font-variant:small-caps\">Sustentabilidade<\/span><\/span><\/span><\/b><\/span><\/span><\/span><\/p>\r\n\r\n<p style=\"text-align:justify\"><span style=\"font-size:11pt\"><span style=\"line-height:normal\"><span style=\"font-family:&quot;Calibri&quot;,sans-serif\"><a href=\"https:\/\/g1.globo.com\/pr\/parana\/especial-publicitario\/uniopet\/opet-inovacao-em-rede\/noticia\/2023\/06\/30\/economia-circular-e-muito-mais-do-que-uma-moda.ghtml\" style=\"color:blue; text-decoration:underline\"><span style=\"font-size:14.0pt\">Economia circular &eacute; muito mais do que uma moda<\/span><\/a><\/span><\/span><\/span><\/p>\r\n\r\n<p class=\"MsoTitle\" style=\"text-align:justify\"><span style=\"font-size:28pt\"><span style=\"font-family:&quot;Cambria&quot;,serif\"><span style=\"letter-spacing:-0.5pt\"><b><span style=\"font-size:18.0pt\"><span style=\"font-family:&quot;Calibri&quot;,sans-serif\"><span style=\"font-variant:small-caps\">Inova&ccedil;&atilde;o<\/span><\/span><\/span><\/b><\/span><\/span><\/span><\/p>\r\n\r\n<p style=\"text-align:justify\"><span style=\"font-size:11pt\"><span style=\"line-height:normal\"><span style=\"font-family:&quot;Calibri&quot;,sans-serif\"><a href=\"https:\/\/www.terra.com.br\/economia\/dinheiro-em-dia\/meu-negocio\/economia-azul-como-o-ecossistema-de-inovacao-pode-impulsiona-la,499c821cc549c93fe697f8341fc6c15djyxlu7sj.html\" style=\"color:blue; text-decoration:underline\"><span style=\"font-size:14.0pt\">Economia azul: como o ecossistema de inova&ccedil;&atilde;o pode impulsion&aacute;-la?<\/span><\/a><\/span><\/span><\/span><\/p>\r\n\r\n<p class=\"MsoTitle\" style=\"text-align:justify\"><span style=\"font-size:28pt\"><span style=\"font-family:&quot;Cambria&quot;,serif\"><span style=\"letter-spacing:-0.5pt\"><b><span style=\"font-size:18.0pt\"><span style=\"font-family:&quot;Calibri&quot;,sans-serif\"><span style=\"font-variant:small-caps\">Com&eacute;rcio Exterior<\/span><\/span><\/span><\/b><\/span><\/span><\/span><\/p>\r\n\r\n<p style=\"text-align:justify\"><span style=\"font-size:11pt\"><span style=\"line-height:normal\"><span style=\"font-family:&quot;Calibri&quot;,sans-serif\"><a href=\"https:\/\/g1.globo.com\/politica\/noticia\/2023\/07\/01\/brasil-comandara-mercosul-g20-e-conselho-da-onu-no-segundo-semestre-saiba-o-que-esperar.ghtml\" style=\"color:blue; text-decoration:underline\"><span style=\"font-size:14.0pt\">Brasil comandar&aacute; Mercosul, G20 e Conselho da ONU no segundo semestre; saiba o que esperar<\/span><\/a><\/span><\/span><\/span><\/p>\r\n\r\n<p style=\"text-align:justify\"><span style=\"font-size:11pt\"><span style=\"line-height:normal\"><span style=\"font-family:&quot;Calibri&quot;,sans-serif\"><a href=\"https:\/\/www.gov.br\/planalto\/pt-br\/acompanhe-o-planalto\/noticias\/2023\/06\/presidente-lula-conversa-com-chanceler-canadense-sobre-agendas-ambiental-de-defesa-e-de-comercio-e-investimentos\" style=\"color:blue; text-decoration:underline\"><span style=\"font-size:14.0pt\">Lula conversa com chanceler canadense sobre agendas ambiental, de defesa e de com&eacute;rcio e investimentos<\/span><\/a><\/span><\/span><\/span><\/p>\r\n\r\n<p style=\"text-align:justify\"><span style=\"font-size:11pt\"><span style=\"line-height:normal\"><span style=\"font-family:&quot;Calibri&quot;,sans-serif\"><a href=\"https:\/\/noticias.portaldaindustria.com.br\/noticias\/internacional\/52-acoes-para-aproximar-brasil-e-argentina\/\" style=\"color:blue; text-decoration:underline\"><span style=\"font-size:14.0pt\">52 a&ccedil;&otilde;es para aproximar Brasil e Argentina<\/span><\/a><\/span><\/span><\/span><\/p>\r\n\r\n<p style=\"text-align:justify\"><span style=\"font-size:11pt\"><span style=\"line-height:normal\"><span style=\"font-family:&quot;Calibri&quot;,sans-serif\"><a href=\"https:\/\/noticias.portaldaindustria.com.br\/noticias\/internacional\/brasil-japao-encontro-de-industrias-deve-fortalecer-parceria-estrategica\/\" style=\"color:blue; text-decoration:underline\"><span style=\"font-size:14.0pt\">Brasil-Jap&atilde;o: encontro de ind&uacute;strias deve fortalecer parceria estrat&eacute;gica<\/span><\/a><\/span><\/span><\/span><\/p>\r\n\r\n<p style=\"text-align:justify\"><span style=\"font-size:11pt\"><span style=\"line-height:normal\"><span style=\"font-family:&quot;Calibri&quot;,sans-serif\"><a href=\"https:\/\/www.gov.br\/mdic\/pt-br\/assuntos\/noticias\/2023\/junho\/alckmin-viaja-a-portugal-em-busca-de-investimentos-para-o-brasil\" style=\"color:blue; text-decoration:underline\"><span style=\"font-size:14.0pt\">Alckmin viaja a Portugal em busca de investimentos para o Brasil<\/span><\/a><\/span><\/span><\/span><\/p>\r\n\r\n<p style=\"text-align:justify\"><span style=\"font-size:11pt\"><span style=\"line-height:normal\"><span style=\"font-family:&quot;Calibri&quot;,sans-serif\"><a href=\"https:\/\/comexdobrasil.com\/superavit-brasileiro-no-comercio-com-a-venezuela-pode-dobrar-projeta-cisbra\/\" style=\"color:blue; text-decoration:underline\"><span style=\"font-size:14.0pt\">Super&aacute;vit brasileiro no com&eacute;rcio com a Venezuela pode dobrar, projeta Cisbra<\/span><\/a><\/span><\/span><\/span><\/p>\r\n\r\n<p class=\"MsoTitle\" style=\"text-align:justify\"><span style=\"font-size:28pt\"><span style=\"font-family:&quot;Cambria&quot;,serif\"><span style=\"letter-spacing:-0.5pt\"><b><span style=\"font-size:18.0pt\"><span style=\"font-family:&quot;Calibri&quot;,sans-serif\"><span style=\"font-variant:small-caps\">Economia<\/span><\/span><\/span><\/b><\/span><\/span><\/span><\/p>\r\n\r\n<p style=\"text-align:justify\"><span style=\"font-size:11pt\"><span style=\"line-height:normal\"><span style=\"font-family:&quot;Calibri&quot;,sans-serif\"><a href=\"https:\/\/www.bcb.gov.br\/content\/focus\/focus\/R20230616.pdf\" style=\"color:blue; text-decoration:underline\"><span style=\"font-size:14.0pt\">Focus &ndash; Relat&oacute;rio de Mercado<\/span><\/a><\/span><\/span><\/span><\/p>\r\n\r\n<p style=\"text-align:justify\"><span style=\"font-size:11pt\"><span style=\"line-height:normal\"><span style=\"font-family:&quot;Calibri&quot;,sans-serif\"><a href=\"https:\/\/portalibre.fgv.br\/noticias\/indicador-de-incerteza-economica-retorna-um-nivel-confortavel-pela-primeira-vez-desde-2019\" style=\"color:blue; text-decoration:underline\"><span style=\"font-size:14.0pt\">Indicador de Incerteza Econ&ocirc;mica retorna a um n&iacute;vel confort&aacute;vel pela primeira vez desde 2019<\/span><\/a><\/span><\/span><\/span><\/p>\r\n\r\n<p style=\"text-align:justify\"><span style=\"font-size:11pt\"><span style=\"line-height:normal\"><span style=\"font-family:&quot;Calibri&quot;,sans-serif\"><a href=\"https:\/\/portalibre.fgv.br\/noticias\/igp-m-cai-193-em-junho\" style=\"color:blue; text-decoration:underline\"><span style=\"font-size:14.0pt\">IGP-M cai 1,93% em junho<\/span><\/a><\/span><\/span><\/span><\/p>\r\n\r\n<p style=\"text-align:justify\"><span style=\"font-size:11pt\"><span style=\"line-height:normal\"><span style=\"font-family:&quot;Calibri&quot;,sans-serif\"><a href=\"https:\/\/portalibre.fgv.br\/noticias\/confianca-do-comercio-sobe-69-pontos-em-junho\" style=\"color:blue; text-decoration:underline\"><span style=\"font-size:14.0pt\">Confian&ccedil;a do Com&eacute;rcio sobe 6,9 pontos em junho<\/span><\/a><\/span><\/span><\/span><\/p>\r\n\r\n<p style=\"text-align:justify\"><span style=\"font-size:11pt\"><span style=\"line-height:normal\"><span style=\"font-family:&quot;Calibri&quot;,sans-serif\"><a href=\"https:\/\/portalibre.fgv.br\/noticias\/confianca-de-servicos-sobe-37-pontos-em-junho\" style=\"color:blue; text-decoration:underline\"><span style=\"font-size:14.0pt\">Confian&ccedil;a de servi&ccedil;os sobe 3,7 pontos em junho<\/span><\/a><\/span><\/span><\/span><\/p>\r\n","texto_en":"","7":"","imagem":"COMP_banner-padrao-home-destaques-boletim-2023_20230712135623F095UBoDKn.jpeg","8":"COMP_banner-padrao-home-destaques-boletim-2023_20230712135623F095UBoDKn.jpeg","arquivo":"20230703-NOTICIAS-SEMANAIS.PDF","9":"20230703-NOTICIAS-SEMANAIS.PDF","titulo_arquivo":"20230703 Not\u00edcias Semanais","10":"20230703 Not\u00edcias Semanais","titulo_arquivo_en":"","11":"","created_at":"2023-07-12 13:56:29","12":"2023-07-12 13:56:29","updated_at":"2023-07-12 13:56:29","13":"2023-07-12 13:56:29"},{"id":71,"0":71,"ordem":152,"1":152,"data":"2023-06-27","2":"2023-06-27","slug":"boletim-de-noticias-semanais-68","3":"boletim-de-noticias-semanais-68","titulo":"Boletim de Not\u00edcias Semanais","4":"Boletim de Not\u00edcias Semanais","titulo_en":"","5":"","texto":"<p style=\"text-align:justify\"><span style=\"font-size:11pt\"><span style=\"line-height:normal\"><span style=\"font-family:&quot;Calibri&quot;,sans-serif\"><span style=\"font-size:14.0pt\">Esta &eacute; uma compila&ccedil;&atilde;o das not&iacute;cias mais relevantes para o setor, incluindo informa&ccedil;&otilde;es sobre acordos internacionais, economia brasileira, sustentabilidade e mat&eacute;rias primas, al&eacute;m de novidades do setor de N&atilde;otecidos e Tecidos T&eacute;cnicos.<\/span><\/span><\/span><\/span><\/p>\r\n\r\n<p class=\"MsoTitleCxSpLast\" style=\"text-align:justify\"><span style=\"font-size:28pt\"><span style=\"font-family:&quot;Cambria&quot;,serif\"><span style=\"letter-spacing:-0.5pt\"><b><span style=\"font-size:18.0pt\"><span style=\"font-family:&quot;Calibri&quot;,sans-serif\"><span style=\"font-variant:small-caps\">Not&iacute;cias das Associadas<\/span><\/span><\/span><\/b><\/span><\/span><\/span><\/p>\r\n\r\n<p style=\"text-align:justify\"><span style=\"font-size:11pt\"><span style=\"line-height:normal\"><span style=\"font-family:&quot;Calibri&quot;,sans-serif\"><a href=\"https:\/\/www.technicaltextile.net\/news\/austria-s-andritz-partners-with-pellenc-nouvelles-fibres-textiles-288206.html\" style=\"color:blue; text-decoration:underline\"><span style=\"font-size:14.0pt\">Austria&#39;s Andritz partners with Pellenc, Nouvelles Fibres Textiles<\/span><\/a><\/span><\/span><\/span><\/p>\r\n\r\n<p style=\"text-align:justify\"><span style=\"font-size:11pt\"><span style=\"line-height:normal\"><span style=\"font-family:&quot;Calibri&quot;,sans-serif\"><a href=\"https:\/\/www.nonwovens-industry.com\/contents\/view_breaking-news\/2023-06-22\/berry-launches-sustainable-wipes-materials?utm_campaign=NON+eNewsletter&amp;utm_medium=email&amp;_hsmi=263559579&amp;_hsenc=p2ANqtz-_vKMaTXtDHn1KepyjJLScxmX3auzFhfcgGWBCQq2Z6cjIIX8AXywk5GfjVu3bCEV1RmiG3VH4t94S5DLKqWsRr6zmWoA&amp;utm_content=263559579&amp;utm_source=hs_email\" style=\"color:blue; text-decoration:underline\"><span style=\"font-size:14.0pt\">Berry Launches Sustainable Wipes Materials<\/span><\/a><\/span><\/span><\/span><\/p>\r\n\r\n<p style=\"text-align:justify\"><span style=\"font-size:11pt\"><span style=\"line-height:normal\"><span style=\"font-family:&quot;Calibri&quot;,sans-serif\"><a href=\"https:\/\/www.nonwovens-industry.com\/contents\/view_breaking-news\/2023-06-20\/freudenberg-introduces-cotton-like-interlinings?utm_campaign=NON+eNewsletter&amp;utm_medium=email&amp;_hsmi=263559579&amp;_hsenc=p2ANqtz-8ez66HGcNh8gsg_q9RbZS28FQ1v8WSybsHWcIenQpizU8fEFEkqMBe76x_tG4K2pCP-W46VgGtTkkjnC5o-616PfD91Q&amp;utm_content=263559579&amp;utm_source=hs_email\" style=\"color:blue; text-decoration:underline\"><span style=\"font-size:14.0pt\">Freudenberg Introduces Cotton-Like Interlinings<\/span><\/a><\/span><\/span><\/span><\/p>\r\n\r\n<p class=\"MsoTitle\" style=\"text-align:justify\"><span style=\"font-size:28pt\"><span style=\"font-family:&quot;Cambria&quot;,serif\"><span style=\"letter-spacing:-0.5pt\"><b><span style=\"font-size:18.0pt\"><span style=\"font-family:&quot;Calibri&quot;,sans-serif\"><span style=\"font-variant:small-caps\">A&ccedil;&otilde;es da ABINT<\/span><\/span><\/span><\/b><\/span><\/span><\/span><\/p>\r\n\r\n<p style=\"text-align:justify\"><img src=\"https:\/\/www.abint.org.br\/assets\/img\/editor\/redes-sociais_20230712133705Oc7f7Mokgl.png\" style=\"width: 400px; height: 400px;\" \/><\/p>\r\n\r\n<p style=\"text-align:justify\"><span style=\"font-size:12pt\"><span new=\"\" roman=\"\" style=\"font-family:\" times=\"\"><span style=\"font-size:14.0pt\"><span calibri=\"\" style=\"font-family:\">No dia <\/span><\/span><strong><span style=\"font-size:14.0pt\"><span calibri=\"\" style=\"font-family:\">27\/06, &agrave;s 18h<\/span><\/span><\/strong><span style=\"font-size:14.0pt\"><span calibri=\"\" style=\"font-family:\">, o <\/span><\/span><strong><span style=\"font-size:14.0pt\"><span calibri=\"\" style=\"font-family:\">CTG ABINT<\/span><\/span><\/strong><span style=\"font-size:14.0pt\"><span calibri=\"\" style=\"font-family:\"> reunir&aacute; especialistas para debater sobre a <\/span><\/span><a href=\"https:\/\/www.youtube.com\/live\/IIrwQPqRc18?feature=share\" style=\"color:blue; text-decoration:underline\"><span style=\"font-size:14.0pt\"><span calibri=\"\" style=\"font-family:\">Contrata&ccedil;&atilde;o T&eacute;cnica de Servi&ccedil;os de Instala&ccedil;&atilde;o de Geomembranas<\/span><\/span><\/a><span style=\"font-size:14.0pt\"><span calibri=\"\" style=\"font-family:\">.<\/span><\/span><\/span><\/span><\/p>\r\n\r\n<p style=\"text-align:justify\"><span style=\"font-size:11pt\"><span style=\"line-height:normal\"><span calibri=\"\" style=\"font-family:\"><span style=\"font-size:14.0pt\">A transmiss&atilde;o ser&aacute; aberta e gratuita, pelo canal do <b>Youtube da Geotecnia Brasil.<\/b><\/span><\/span><\/span><\/span><\/p>\r\n\r\n<p style=\"text-align:justify\"><span style=\"font-size:11pt\"><span style=\"line-height:normal\"><span calibri=\"\" style=\"font-family:\"><b><span style=\"font-size:14.0pt\">Ative o lembrete!<\/span><\/b><\/span><\/span><\/span><\/p>\r\n\r\n<p style=\"text-align:justify\">&nbsp;<\/p>\r\n\r\n<p style=\"text-align:justify\"><span style=\"font-size:11pt\"><span style=\"line-height:normal\"><span calibri=\"\" style=\"font-family:\"><b><span style=\"font-size:14.0pt\"><img src=\"https:\/\/www.abint.org.br\/assets\/img\/editor\/e-mail-mkt-1o-curso-geomembranas-qrcode_202307121344353EhrrKSVkt.JPG\" style=\"width: 400px; height: 300px;\" \/><\/span><\/b><\/span><\/span><\/span><\/p>\r\n\r\n<p style=\"text-align:justify\"><span style=\"font-size:11pt\"><span style=\"line-height:normal\"><span calibri=\"\" style=\"font-family:\"><b><span style=\"font-size:14.0pt\">Nos dias 04 a 07 de julho o CTG ABINT realizar&aacute; o 1&ordm; Curso Brasileiro de Instala&ccedil;&atilde;o de Geomembranas, no Instituto Mau&aacute; de Tecnologia.<\/span><\/b><\/span><\/span><\/span><\/p>\r\n\r\n<p style=\"text-align:justify\"><span style=\"font-size:11pt\"><span style=\"line-height:normal\"><span calibri=\"\" style=\"font-family:\"><a href=\"https:\/\/www.eventbrite.com.br\/e\/1o-curso-brasileiro-de-instalacao-de-geomembranas-tickets-645407429997\" style=\"color:blue; text-decoration:underline\"><span style=\"font-size:14.0pt\">Informa&ccedil;&otilde;es<\/span><\/a><\/span><\/span><\/span><\/p>\r\n\r\n<p style=\"text-align:justify\">&nbsp;<\/p>\r\n\r\n<p style=\"text-align:justify\"><span style=\"font-size:11pt\"><span style=\"line-height:normal\"><span calibri=\"\" style=\"font-family:\"><span style=\"font-size:14.0pt\"><img src=\"https:\/\/www.abint.org.br\/assets\/img\/editor\/ctg-patrocinador-regeo-2023_20230620165619xfZZRnNChK.jpeg\" style=\"width: 400px; height: 400px;\" \/><\/span><\/span><\/span><\/span><\/p>\r\n\r\n<p style=\"text-align:justify\"><span style=\"font-size:11pt\"><span style=\"line-height:normal\"><span calibri=\"\" style=\"font-family:\"><b><span style=\"font-size:14.0pt\"><span style=\"font-variant:small-caps\">O CTG ABINT <\/span><\/span><\/b><b><span style=\"font-size:14.0pt\">marcar&aacute; presen&ccedil;a<\/span><\/b><span style=\"font-size:14.0pt\"> nos eventos <b>X Congresso Brasileiro de Geotecnia Ambiental &amp; IX Congresso Brasileiro de Geossint&eacute;ticos - REGEO&rsquo;23 &amp; Geossint&eacute;ticos&rsquo;23<\/b>, que ocorrer&atilde;o de 18 a 21 de julho de 2023, Centro Universit&aacute;rio Jorge Amado &ndash; UNIJORGE, Salvador, BA.<\/span><\/span><\/span><\/span><\/p>\r\n\r\n<p style=\"text-align:justify\"><span style=\"font-size:11.0pt\"><span style=\"line-height:115%\"><span calibri=\"\" style=\"font-family:\"><a href=\"https:\/\/regeogeossinteticos23.com.br\/\" style=\"color:blue; text-decoration:underline\"><span style=\"font-size:14.0pt\"><span style=\"line-height:115%\">Mais informa&ccedil;&otilde;es e inscri&ccedil;&otilde;es<\/span><\/span><\/a><\/span><\/span><\/span><\/p>\r\n\r\n<p style=\"text-align:justify\">&nbsp;<\/p>\r\n\r\n<p style=\"text-align:justify\"><span style=\"font-size:11.0pt\"><span style=\"line-height:115%\"><span calibri=\"\" style=\"font-family:\"><span style=\"font-size:14.0pt\"><span style=\"line-height:115%\"><img src=\"https:\/\/www.abint.org.br\/assets\/img\/editor\/minicurso-fernando-regeo-2023_202306201656511P8LOaKpOZ.jpeg\" style=\"width: 400px; height: 400px;\" \/><\/span><\/span><\/span><\/span><\/span><\/p>\r\n\r\n<p style=\"text-align:justify\"><span style=\"font-size:11pt\"><span style=\"line-height:normal\"><span calibri=\"\" style=\"font-family:\"><b><span style=\"font-size:14.0pt\">O Prof. Dr. Fernando Lavoie, Coordenador do CTG ABINT, ministrar&aacute; Minicurso durante o Regeo&rsquo;23 &amp; Geossint&eacute;ticos&rsquo;23.<\/span><\/b><\/span><\/span><\/span><\/p>\r\n\r\n<p style=\"text-align:justify\"><span style=\"font-size:11.0pt\"><span style=\"line-height:115%\"><span calibri=\"\" style=\"font-family:\"><a href=\"https:\/\/regeogeossinteticos23.com.br\/inscricoes\/\" style=\"color:blue; text-decoration:underline\"><span style=\"font-size:14.0pt\"><span style=\"line-height:115%\">Inscreva-se!<\/span><\/span><\/a><\/span><\/span><\/span><\/p>\r\n\r\n<p style=\"text-align:justify\">&nbsp;<\/p>\r\n\r\n<p style=\"text-align:justify\"><span style=\"font-size:11pt\"><span style=\"line-height:normal\"><span style=\"font-family:&quot;Calibri&quot;,sans-serif\"><b><span style=\"font-size:18.0pt\"><span style=\"font-variant:small-caps\">Eventos<\/span><\/span><\/b><\/span><\/span><\/span><\/p>\r\n\r\n<p style=\"text-align:justify\"><span style=\"font-size:11pt\"><span style=\"line-height:normal\"><span style=\"font-family:&quot;Calibri&quot;,sans-serif\"><b><span style=\"font-size:14.0pt\">Abrafiltros | &ldquo;A import&acirc;ncia do Monitoramento de Material Particulado para minimizar as emiss&otilde;es e a otimiza&ccedil;&atilde;o de filtros de manga&rdquo;, <\/span><\/b><span style=\"font-size:14.0pt\">27 e 28 de junho de 2023, das 8h30 &agrave;s 12h, evento online. <\/span><a href=\"https:\/\/cursos.abrafiltros.org.br\/\" style=\"color:blue; text-decoration:underline\"><span style=\"font-size:14.0pt\">Informa&ccedil;&otilde;es<\/span><\/a> <\/span><\/span><\/span><\/p>\r\n\r\n<p style=\"text-align:justify\"><span style=\"font-size:11pt\"><span style=\"line-height:normal\"><span style=\"font-family:&quot;Calibri&quot;,sans-serif\"><b><span style=\"font-size:14.0pt\">INDA | Top Global Consumer Trends and Their Implications in the Wipes Sector<\/span><\/b><span style=\"font-size:14.0pt\">, June 28, 11:00 am &ndash; 11:45 am EDT. <\/span><a href=\"https:\/\/www.worldofwipes.org\/preconference-webinars.html\" style=\"color:blue; text-decoration:underline\"><span style=\"font-size:14.0pt\">Informa&ccedil;&otilde;es<\/span><\/a> <\/span><\/span><\/span><\/p>\r\n\r\n<p style=\"text-align:justify\"><span style=\"font-size:11pt\"><span style=\"line-height:normal\"><span style=\"font-family:&quot;Calibri&quot;,sans-serif\"><b><span style=\"font-size:14.0pt\">Curso ABNT Online | Simbologia de cuidados aplicada a etiquetagem de t&ecirc;xteis, <\/span><\/b><span style=\"font-size:14.0pt\">28 e 29 de junho de 2023, das 08h30 &agrave;s 17h30. <\/span><a href=\"https:\/\/www.abntcatalogo.com.br\/pcs.aspx?Q=ZlgyeVVtT2FtUjZPVlNmVDUrSkpmUWw0a2x2djdpais=\" style=\"color:blue; text-decoration:underline\"><span style=\"font-size:14.0pt\">Informa&ccedil;&otilde;es<\/span><\/a> <\/span><\/span><\/span><\/p>\r\n\r\n<p style=\"text-align:justify\"><span style=\"font-size:11pt\"><span style=\"line-height:normal\"><span style=\"font-family:&quot;Calibri&quot;,sans-serif\"><b><span style=\"font-size:14.0pt\">The 92nd Textile Institute World Conference: &ldquo;Sustainability of the Textile and Fashion Supply Chain &ndash; Transitioning to Zero Carbon and Zero Waste&rdquo;, <\/span><\/b><span style=\"font-size:14.0pt\">3-6 July 2023, University of Huddersfield, UK. <\/span><a href=\"https:\/\/www.textileinstitute.org\/events\/tiwc\/\" style=\"color:blue; text-decoration:underline\"><span style=\"font-size:14.0pt\">Informa&ccedil;&otilde;es<\/span><\/a> <\/span><\/span><\/span><\/p>\r\n\r\n<p style=\"text-align:justify\"><span style=\"font-size:11pt\"><span style=\"line-height:normal\"><span style=\"font-family:&quot;Calibri&quot;,sans-serif\"><b><span style=\"font-size:14.0pt\">IV Congreso Sudamericano de Composites, Poliuretano y Pl&aacute;sticos de Ingenier&iacute;a,<\/span><\/b><span style=\"font-size:14.0pt\"> 8 e 9 de agosto, Buenos Aires, Argentina. <\/span><a href=\"http:\/\/www.congresosudamericano.com\/blog.html\" style=\"color:blue; text-decoration:underline\"><span style=\"font-size:14.0pt\">Informa&ccedil;&otilde;es<\/span><\/a> <\/span><\/span><\/span><\/p>\r\n\r\n<p style=\"text-align:justify\"><span style=\"font-size:11pt\"><span style=\"line-height:normal\"><span style=\"font-family:&quot;Calibri&quot;,sans-serif\"><b><span style=\"font-size:14.0pt\">FIMMA BRASIL - Feira Internacional de Fornecedores da Cadeia Produtiva Madeira e M&oacute;veis<\/span><\/b><span style=\"font-size:14.0pt\">, 28 a 31 de agosto de 2023, das 10h &agrave;s 19h, Bento Gon&ccedil;alves, RS. <\/span><a href=\"https:\/\/fimma.com.br\/\" style=\"color:blue; text-decoration:underline\"><span style=\"font-size:14.0pt\">Informa&ccedil;&otilde;es<\/span><\/a> <\/span><\/span><\/span><\/p>\r\n\r\n<p style=\"text-align:justify\"><span style=\"font-size:11pt\"><span style=\"line-height:normal\"><span style=\"font-family:&quot;Calibri&quot;,sans-serif\"><b><span style=\"font-size:14.0pt\">22&ordf; FEBRAVA - Feira Internacional de Refrigera&ccedil;&atilde;o, Ar condicionado, Ventila&ccedil;&atilde;o, Aquecimento, Tratamento de Ar e de &Aacute;guas<\/span><\/b><span style=\"font-size:14.0pt\">, 12 a 15 de setembro de 2023, S&atilde;o Paulo Expo. <\/span><a href=\"https:\/\/www.febrava.com.br\/pt-br.html\" style=\"color:blue; text-decoration:underline\"><span style=\"font-size:14.0pt\">Informa&ccedil;&otilde;es<\/span><\/a> <\/span><\/span><\/span><\/p>\r\n\r\n<p style=\"text-align:justify\"><span style=\"font-size:11pt\"><span style=\"line-height:normal\"><span style=\"font-family:&quot;Calibri&quot;,sans-serif\"><b><span style=\"font-size:14.0pt\">CNI\/ SEBRAE | 10&ordm; Congresso Internacional da Inova&ccedil;&atilde;o da Ind&uacute;stria<\/span><\/b><span style=\"font-size:14.0pt\">, 27 e 28 de setembro de 2023, S&atilde;o Paulo Expo.<\/span> <a href=\"https:\/\/www.congressodeinovacao.com.br\/?utm_source=comext&amp;utm_medium=email&amp;utm_campaign=eventos&amp;utm_content=id00053#msdynttrid=gg5jXwSFR7qM4vHH2tKGau3cTwSFDneTjMUhrcPg7vE\" style=\"color:blue; text-decoration:underline\"><span style=\"font-size:14.0pt\">Informa&ccedil;&otilde;es<\/span><\/a> <\/span><\/span><\/span><\/p>\r\n\r\n<p style=\"text-align:justify\"><span style=\"font-size:11pt\"><span style=\"line-height:normal\"><span style=\"font-family:&quot;Calibri&quot;,sans-serif\"><b><span style=\"font-size:14.0pt\">FiltXPO&trade; 2023<\/span><\/b><span class=\"MsoHyperlink\" style=\"color:blue\"><span style=\"text-decoration:underline\"><span style=\"font-size:14.0pt\"><span style=\"text-decoration:none\"><span style=\"text-underline:none\">, <\/span><\/span><\/span><\/span><\/span><span style=\"font-size:14.0pt\">October 10-12, 2023 at Navy Pier in Chicago, Illinois<\/span><span class=\"MsoHyperlink\" style=\"color:blue\"><span style=\"text-decoration:underline\"><span style=\"font-size:14.0pt\"><span style=\"text-decoration:none\"><span style=\"text-underline:none\">. <\/span><\/span><\/span><\/span><\/span><a href=\"https:\/\/www.filtxpo.com\/\" style=\"color:blue; text-decoration:underline\"><span style=\"font-size:14.0pt\">Informa&ccedil;&otilde;es<\/span><\/a> <\/span><\/span><\/span><\/p>\r\n\r\n<p style=\"text-align:justify\"><span style=\"font-size:11pt\"><span style=\"line-height:normal\"><span style=\"font-family:&quot;Calibri&quot;,sans-serif\"><b><span style=\"font-size:14.0pt\">V Congreso Sudamericano de Composites, Poliuretano y Pl&aacute;sticos de Ingenier&iacute;a, <\/span><\/b><span style=\"font-size:14.0pt\">24 e 25 de outubro de 2023, Bogot&aacute;, Col&ocirc;mbia. <\/span><a href=\"http:\/\/www.congresosudamericano.com\/blog.html\" style=\"color:blue; text-decoration:underline\"><span style=\"font-size:14.0pt\">Informa&ccedil;&otilde;es<\/span><\/a> <\/span><\/span><\/span><\/p>\r\n\r\n<p class=\"MsoTitle\" style=\"text-align:justify\"><span style=\"font-size:28pt\"><span style=\"font-family:&quot;Cambria&quot;,serif\"><span style=\"letter-spacing:-0.5pt\"><b><span style=\"font-size:18.0pt\"><span style=\"font-family:&quot;Calibri&quot;,sans-serif\"><span style=\"font-variant:small-caps\">Setor<\/span><\/span><\/span><\/b><\/span><\/span><\/span><\/p>\r\n\r\n<p style=\"text-align:justify\"><span style=\"font-size:11pt\"><span style=\"line-height:normal\"><span style=\"font-family:&quot;Calibri&quot;,sans-serif\"><a href=\"https:\/\/engenhariacompartilhada.com.br\/noticia\/exibir\/7291508_ctg-abint-realiza-o-1-curso-brasileiro-de-instalacao-de-geomembrana\" style=\"color:blue; text-decoration:underline\"><span style=\"font-size:14.0pt\">CTG ABINT realiza o 1&ordm; Curso Brasileiro de Instala&ccedil;&atilde;o de Geomembrana<\/span><\/a><\/span><\/span><\/span><\/p>\r\n\r\n<p style=\"text-align:justify\"><span style=\"font-size:11pt\"><span style=\"line-height:normal\"><span style=\"font-family:&quot;Calibri&quot;,sans-serif\"><a href=\"https:\/\/jc.ne10.uol.com.br\/pernambuco\/2023\/06\/15526896-olinda-inicia-aplicacao-de-geomanta-em-aguas-compridas.html\" style=\"color:blue; text-decoration:underline\"><span style=\"font-size:14.0pt\">Olinda inicia aplica&ccedil;&atilde;o de geomanta em &Aacute;guas Compridas<\/span><\/a><\/span><\/span><\/span><\/p>\r\n\r\n<p style=\"text-align:justify\"><span style=\"font-size:11pt\"><span style=\"line-height:normal\"><span style=\"font-family:&quot;Calibri&quot;,sans-serif\"><a href=\"https:\/\/www.fibre2fashion.com\/news\/announcement\/textile-industry-calls-for-eu-mercosur-deal-finalisation-by-2023-288407-newsdetails.htm\" style=\"color:blue; text-decoration:underline\"><span style=\"font-size:14.0pt\">Textile industry calls for EU-Mercosur deal finalisation by 2023<\/span><\/a><\/span><\/span><\/span><\/p>\r\n\r\n<p style=\"text-align:justify\"><span style=\"font-size:11pt\"><span style=\"line-height:normal\"><span style=\"font-family:&quot;Calibri&quot;,sans-serif\"><a href=\"https:\/\/www.folhape.com.br\/noticias\/saude-lanca-nota-recomendando-uso-de-mascaras-em-determinadas\/277134\/\" style=\"color:blue; text-decoration:underline\"><span style=\"font-size:14.0pt\">Atualiza&ccedil;&atilde;o na recomenda&ccedil;&atilde;o ao uso de m&aacute;scaras: Minist&eacute;rio da Sa&uacute;de lan&ccedil;a nota recomendando uso de m&aacute;scaras em determinadas situa&ccedil;&otilde;es<\/span><\/a><\/span><\/span><\/span><\/p>\r\n\r\n<p style=\"text-align:justify\"><span style=\"font-size:11pt\"><span style=\"line-height:normal\"><span style=\"font-family:&quot;Calibri&quot;,sans-serif\"><a href=\"https:\/\/www.technicaltextile.net\/news\/nonwoven-innovation-to-take-centre-stage-at-rise-2023-in-us-288237.html\" style=\"color:blue; text-decoration:underline\"><span style=\"font-size:14.0pt\">Nonwoven innovation to take centre stage at RISE 2023 in US<\/span><\/a><\/span><\/span><\/span><\/p>\r\n\r\n<p class=\"MsoTitle\" style=\"text-align:justify\"><span style=\"font-size:28pt\"><span style=\"font-family:&quot;Cambria&quot;,serif\"><span style=\"letter-spacing:-0.5pt\"><b><span style=\"font-size:18.0pt\"><span style=\"font-family:&quot;Calibri&quot;,sans-serif\"><span style=\"font-variant:small-caps\">Ind&uacute;stria<\/span><\/span><\/span><\/b><\/span><\/span><\/span><\/p>\r\n\r\n<p style=\"text-align:justify\"><span style=\"font-size:11pt\"><span style=\"line-height:normal\"><span style=\"font-family:&quot;Calibri&quot;,sans-serif\"><a href=\"https:\/\/noticias.portaldaindustria.com.br\/noticias\/economia\/industria-registra-confianca-em-17-dos-29-setores-analisados-pela-cni-em-junho\/\" style=\"color:blue; text-decoration:underline\"><span style=\"font-size:14.0pt\">Ind&uacute;stria registra confian&ccedil;a em 17 dos 29 setores analisados pela CNI em junho<\/span><\/a><\/span><\/span><\/span><\/p>\r\n\r\n<p style=\"text-align:justify\"><span style=\"font-size:11pt\"><span style=\"line-height:normal\"><span style=\"font-family:&quot;Calibri&quot;,sans-serif\"><a href=\"http:\/\/www.folhadoabc.com.br\/index.php\/secoes\/negocios\/item\/26872-setor-privado-e-incluido-no-conselho-nacional-de-desenvolvimento-industrial\" style=\"color:blue; text-decoration:underline\"><span style=\"font-size:14.0pt\">Setor privado &eacute; inclu&iacute;do no Conselho Nacional de Desenvolvimento Industrial<\/span><\/a><\/span><\/span><\/span><\/p>\r\n\r\n<p style=\"text-align:justify\"><span style=\"font-size:11pt\"><span style=\"line-height:normal\"><span style=\"font-family:&quot;Calibri&quot;,sans-serif\"><a href=\"https:\/\/www.terra.com.br\/noticias\/industria-da-construcao-civil-aumentou-capacidade-operacional,10892e9082174d062c9b4aafa0abf5f8zpglqqhk.html\" style=\"color:blue; text-decoration:underline\"><span style=\"font-size:14.0pt\">Ind&uacute;stria da constru&ccedil;&atilde;o civil aumentou capacidade operacional<\/span><\/a><\/span><\/span><\/span><\/p>\r\n\r\n<p class=\"MsoTitle\" style=\"text-align:justify\"><span style=\"font-size:28pt\"><span style=\"font-family:&quot;Cambria&quot;,serif\"><span style=\"letter-spacing:-0.5pt\"><b><span style=\"font-size:18.0pt\"><span style=\"font-family:&quot;Calibri&quot;,sans-serif\"><span style=\"font-variant:small-caps\">Sustentabilidade<\/span><\/span><\/span><\/b><\/span><\/span><\/span><\/p>\r\n\r\n<p style=\"text-align:justify\"><span style=\"font-size:11pt\"><span style=\"line-height:normal\"><span style=\"font-family:&quot;Calibri&quot;,sans-serif\"><a href=\"https:\/\/www.technicaltextile.net\/news\/us-dyper-sets-standard-for-environmental-responsibility-in-diapering-288297.html\" style=\"color:blue; text-decoration:underline\"><span style=\"font-size:14.0pt\">US&#39; DYPER sets standard for environmental responsibility in diapering<\/span><\/a><\/span><\/span><\/span><\/p>\r\n\r\n<p style=\"text-align:justify\"><span style=\"font-size:11pt\"><span style=\"line-height:normal\"><span style=\"font-family:&quot;Calibri&quot;,sans-serif\"><a href=\"https:\/\/diariodocomercio.com.br\/negocios\/sme-defende-reciclagem-no-setor-automotivo\/#gref\" style=\"color:blue; text-decoration:underline\"><span style=\"font-size:14.0pt\">SME defende reciclagem no setor automotivo<\/span><\/a><\/span><\/span><\/span><\/p>\r\n\r\n<p style=\"text-align:justify\"><span style=\"font-size:11pt\"><span style=\"line-height:normal\"><span style=\"font-family:&quot;Calibri&quot;,sans-serif\"><a href=\"https:\/\/congressoemfoco.uol.com.br\/area\/governo\/meio-ambiente-comeca-a-regulamentar-lei-de-incentivo-a-reciclagem\/\" style=\"color:blue; text-decoration:underline\"><span style=\"font-size:14.0pt\">Minist&eacute;rio do Meio Ambiente come&ccedil;a a regulamentar lei de incentivo &agrave; reciclagem<\/span><\/a><\/span><\/span><\/span><\/p>\r\n\r\n<p style=\"text-align:justify\"><span style=\"font-size:11pt\"><span style=\"line-height:normal\"><span style=\"font-family:&quot;Calibri&quot;,sans-serif\"><a href=\"https:\/\/www.fibre2fashion.com\/news\/textile-news\/new-eu-sustainability-rules-ban-destructing-unsold-textiles-footwear-288319-newsdetails.htm\" style=\"color:blue; text-decoration:underline\"><span style=\"font-size:14.0pt\">New EU sustainability rules ban destructing unsold textiles, footwear<\/span><\/a><\/span><\/span><\/span><\/p>\r\n\r\n<p class=\"MsoTitle\" style=\"text-align:justify\"><span style=\"font-size:28pt\"><span style=\"font-family:&quot;Cambria&quot;,serif\"><span style=\"letter-spacing:-0.5pt\"><b><span style=\"font-size:18.0pt\"><span style=\"font-family:&quot;Calibri&quot;,sans-serif\"><span style=\"font-variant:small-caps\">Inova&ccedil;&atilde;o<\/span><\/span><\/span><\/b><\/span><\/span><\/span><\/p>\r\n\r\n<p style=\"text-align:justify\"><span style=\"font-size:11pt\"><span style=\"line-height:normal\"><span style=\"font-family:&quot;Calibri&quot;,sans-serif\"><a href=\"https:\/\/www.saude.df.gov.br\/web\/guest\/w\/m%C3%A1scara-vesta-que-inativa-o-coronav%C3%ADrus-mostra-99-de-efic%C3%A1cia-em-testes-no-hran\" style=\"color:blue; text-decoration:underline\"><span style=\"font-size:14.0pt\">M&aacute;scara Vesta, que inativa o coronav&iacute;rus, mostra 99% de efic&aacute;cia em testes no Hran<\/span><\/a><\/span><\/span><\/span><\/p>\r\n\r\n<p style=\"text-align:justify\"><span style=\"font-size:11pt\"><span style=\"line-height:normal\"><span style=\"font-family:&quot;Calibri&quot;,sans-serif\"><a href=\"https:\/\/www.infomoney.com.br\/negocios\/industria-quimica-e-o-segmento-mais-inovador-do-brasil-segundo-relatorio\/\" style=\"color:blue; text-decoration:underline\"><span style=\"font-size:14.0pt\">Ind&uacute;stria qu&iacute;mica &eacute; o segmento mais inovador do Brasil, segundo relat&oacute;rio<\/span><\/a><\/span><\/span><\/span><\/p>\r\n\r\n<p class=\"MsoTitle\" style=\"text-align:justify\"><span style=\"font-size:28pt\"><span style=\"font-family:&quot;Cambria&quot;,serif\"><span style=\"letter-spacing:-0.5pt\"><b><span style=\"font-size:18.0pt\"><span style=\"font-family:&quot;Calibri&quot;,sans-serif\"><span style=\"font-variant:small-caps\">Com&eacute;rcio Exterior<\/span><\/span><\/span><\/b><\/span><\/span><\/span><\/p>\r\n\r\n<p style=\"text-align:justify\"><span style=\"font-size:11pt\"><span style=\"line-height:normal\"><span style=\"font-family:&quot;Calibri&quot;,sans-serif\"><a href=\"https:\/\/economia.uol.com.br\/noticias\/reuters\/2023\/06\/26\/brasil-tem-superavit-em-conta-corrente-de-us649-mi-em-maio-bem-abaixo-do-esperado.htm\" style=\"color:blue; text-decoration:underline\"><span style=\"font-size:14.0pt\">Brasil tem super&aacute;vit em conta corrente de US$649 mi em maio, bem abaixo do esperado<\/span><\/a><\/span><\/span><\/span><\/p>\r\n\r\n<p style=\"text-align:justify\"><span style=\"font-size:11pt\"><span style=\"line-height:normal\"><span style=\"font-family:&quot;Calibri&quot;,sans-serif\"><a href=\"https:\/\/agenciabrasil.ebc.com.br\/economia\/noticia\/2023-06\/acordo-mercosul-ue-inibe-industria-brasileira-alertam-especialistas\" style=\"color:blue; text-decoration:underline\"><span style=\"font-size:14.0pt\">Acordo Mercosul-UE inibe ind&uacute;stria brasileira, alertam especialistas<\/span><\/a><\/span><\/span><\/span><\/p>\r\n\r\n<p style=\"text-align:justify\"><span style=\"font-size:11pt\"><span style=\"line-height:normal\"><span style=\"font-family:&quot;Calibri&quot;,sans-serif\"><a href=\"https:\/\/static.portaldaindustria.com.br\/media\/filer_public\/34\/aa\/34aaf7c9-494a-49d3-8926-cf38d59d437f\/apc_9_cbam.pdf\" style=\"color:blue; text-decoration:underline\"><span style=\"font-size:14.0pt\">Regulamento da Uni&atilde;o Europeia estabelece mecanismo de ajuste de carbono na fronteira (CBAM)<\/span><\/a><\/span><\/span><\/span><\/p>\r\n\r\n<p style=\"text-align:justify\"><span style=\"font-size:11pt\"><span style=\"line-height:normal\"><span style=\"font-family:&quot;Calibri&quot;,sans-serif\"><a href=\"https:\/\/www.fibre2fashion.com\/news\/textile-news\/global-trade-sees-positive-growth-in-q1-but-faces-headwinds-unctad-288409-newsdetails.htm\" style=\"color:blue; text-decoration:underline\"><span style=\"font-size:14.0pt\">Global trade sees positive growth in Q1 but faces headwinds: UNCTAD<\/span><\/a><\/span><\/span><\/span><\/p>\r\n\r\n<p class=\"MsoTitle\" style=\"text-align:justify\"><span style=\"font-size:28pt\"><span style=\"font-family:&quot;Cambria&quot;,serif\"><span style=\"letter-spacing:-0.5pt\"><b><span style=\"font-size:18.0pt\"><span style=\"font-family:&quot;Calibri&quot;,sans-serif\"><span style=\"font-variant:small-caps\">Economia<\/span><\/span><\/span><\/b><\/span><\/span><\/span><\/p>\r\n\r\n<p style=\"text-align:justify\"><span style=\"font-size:11pt\"><span style=\"line-height:normal\"><span style=\"font-family:&quot;Calibri&quot;,sans-serif\"><a href=\"https:\/\/www.bcb.gov.br\/content\/focus\/focus\/R20230616.pdf\" style=\"color:blue; text-decoration:underline\"><span style=\"font-size:14.0pt\">Focus &ndash; Relat&oacute;rio de Mercado<\/span><\/a><\/span><\/span><\/span><\/p>\r\n\r\n<p style=\"text-align:justify\"><span style=\"font-size:11pt\"><span style=\"line-height:normal\"><span style=\"font-family:&quot;Calibri&quot;,sans-serif\"><a href=\"https:\/\/noticias.portaldaindustria.com.br\/noticias\/economia\/nao-e-sobre-pagar-menos-impostos-mas-simplificar-o-sistema-e-desenvolver-o-pais-diz-robson-andrade\/\" style=\"color:blue; text-decoration:underline\"><span style=\"font-size:14.0pt\">N&atilde;o &eacute; sobre pagar menos impostos, mas simplificar o sistema e desenvolver o pa&iacute;s, diz Robson Andrade<\/span><\/a><\/span><\/span><\/span><\/p>\r\n\r\n<p style=\"text-align:justify\"><span style=\"font-size:11.0pt\"><span style=\"line-height:115%\"><span style=\"font-family:&quot;Calibri&quot;,sans-serif\"><a href=\"https:\/\/portalibre.fgv.br\/noticias\/economistas-reunidos-no-ix-seminario-de-politica-monetaria-defendem-manutencao-de-meta-de\" style=\"color:blue; text-decoration:underline\"><span style=\"font-size:14.0pt\"><span style=\"line-height:115%\">Economistas reunidos no IX Semin&aacute;rio de Pol&iacute;tica Monet&aacute;ria defendem manuten&ccedil;&atilde;o de meta de infla&ccedil;&atilde;o e seu intervalo<\/span><\/span><\/a><\/span><\/span><\/span><\/p>\r\n","6":"<p style=\"text-align:justify\"><span style=\"font-size:11pt\"><span style=\"line-height:normal\"><span style=\"font-family:&quot;Calibri&quot;,sans-serif\"><span style=\"font-size:14.0pt\">Esta &eacute; uma compila&ccedil;&atilde;o das not&iacute;cias mais relevantes para o setor, incluindo informa&ccedil;&otilde;es sobre acordos internacionais, economia brasileira, sustentabilidade e mat&eacute;rias primas, al&eacute;m de novidades do setor de N&atilde;otecidos e Tecidos T&eacute;cnicos.<\/span><\/span><\/span><\/span><\/p>\r\n\r\n<p class=\"MsoTitleCxSpLast\" style=\"text-align:justify\"><span style=\"font-size:28pt\"><span style=\"font-family:&quot;Cambria&quot;,serif\"><span style=\"letter-spacing:-0.5pt\"><b><span style=\"font-size:18.0pt\"><span style=\"font-family:&quot;Calibri&quot;,sans-serif\"><span style=\"font-variant:small-caps\">Not&iacute;cias das Associadas<\/span><\/span><\/span><\/b><\/span><\/span><\/span><\/p>\r\n\r\n<p style=\"text-align:justify\"><span style=\"font-size:11pt\"><span style=\"line-height:normal\"><span style=\"font-family:&quot;Calibri&quot;,sans-serif\"><a href=\"https:\/\/www.technicaltextile.net\/news\/austria-s-andritz-partners-with-pellenc-nouvelles-fibres-textiles-288206.html\" style=\"color:blue; text-decoration:underline\"><span style=\"font-size:14.0pt\">Austria&#39;s Andritz partners with Pellenc, Nouvelles Fibres Textiles<\/span><\/a><\/span><\/span><\/span><\/p>\r\n\r\n<p style=\"text-align:justify\"><span style=\"font-size:11pt\"><span style=\"line-height:normal\"><span style=\"font-family:&quot;Calibri&quot;,sans-serif\"><a href=\"https:\/\/www.nonwovens-industry.com\/contents\/view_breaking-news\/2023-06-22\/berry-launches-sustainable-wipes-materials?utm_campaign=NON+eNewsletter&amp;utm_medium=email&amp;_hsmi=263559579&amp;_hsenc=p2ANqtz-_vKMaTXtDHn1KepyjJLScxmX3auzFhfcgGWBCQq2Z6cjIIX8AXywk5GfjVu3bCEV1RmiG3VH4t94S5DLKqWsRr6zmWoA&amp;utm_content=263559579&amp;utm_source=hs_email\" style=\"color:blue; text-decoration:underline\"><span style=\"font-size:14.0pt\">Berry Launches Sustainable Wipes Materials<\/span><\/a><\/span><\/span><\/span><\/p>\r\n\r\n<p style=\"text-align:justify\"><span style=\"font-size:11pt\"><span style=\"line-height:normal\"><span style=\"font-family:&quot;Calibri&quot;,sans-serif\"><a href=\"https:\/\/www.nonwovens-industry.com\/contents\/view_breaking-news\/2023-06-20\/freudenberg-introduces-cotton-like-interlinings?utm_campaign=NON+eNewsletter&amp;utm_medium=email&amp;_hsmi=263559579&amp;_hsenc=p2ANqtz-8ez66HGcNh8gsg_q9RbZS28FQ1v8WSybsHWcIenQpizU8fEFEkqMBe76x_tG4K2pCP-W46VgGtTkkjnC5o-616PfD91Q&amp;utm_content=263559579&amp;utm_source=hs_email\" style=\"color:blue; text-decoration:underline\"><span style=\"font-size:14.0pt\">Freudenberg Introduces Cotton-Like Interlinings<\/span><\/a><\/span><\/span><\/span><\/p>\r\n\r\n<p class=\"MsoTitle\" style=\"text-align:justify\"><span style=\"font-size:28pt\"><span style=\"font-family:&quot;Cambria&quot;,serif\"><span style=\"letter-spacing:-0.5pt\"><b><span style=\"font-size:18.0pt\"><span style=\"font-family:&quot;Calibri&quot;,sans-serif\"><span style=\"font-variant:small-caps\">A&ccedil;&otilde;es da ABINT<\/span><\/span><\/span><\/b><\/span><\/span><\/span><\/p>\r\n\r\n<p style=\"text-align:justify\"><img src=\"https:\/\/www.abint.org.br\/assets\/img\/editor\/redes-sociais_20230712133705Oc7f7Mokgl.png\" style=\"width: 400px; height: 400px;\" \/><\/p>\r\n\r\n<p style=\"text-align:justify\"><span style=\"font-size:12pt\"><span new=\"\" roman=\"\" style=\"font-family:\" times=\"\"><span style=\"font-size:14.0pt\"><span calibri=\"\" style=\"font-family:\">No dia <\/span><\/span><strong><span style=\"font-size:14.0pt\"><span calibri=\"\" style=\"font-family:\">27\/06, &agrave;s 18h<\/span><\/span><\/strong><span style=\"font-size:14.0pt\"><span calibri=\"\" style=\"font-family:\">, o <\/span><\/span><strong><span style=\"font-size:14.0pt\"><span calibri=\"\" style=\"font-family:\">CTG ABINT<\/span><\/span><\/strong><span style=\"font-size:14.0pt\"><span calibri=\"\" style=\"font-family:\"> reunir&aacute; especialistas para debater sobre a <\/span><\/span><a href=\"https:\/\/www.youtube.com\/live\/IIrwQPqRc18?feature=share\" style=\"color:blue; text-decoration:underline\"><span style=\"font-size:14.0pt\"><span calibri=\"\" style=\"font-family:\">Contrata&ccedil;&atilde;o T&eacute;cnica de Servi&ccedil;os de Instala&ccedil;&atilde;o de Geomembranas<\/span><\/span><\/a><span style=\"font-size:14.0pt\"><span calibri=\"\" style=\"font-family:\">.<\/span><\/span><\/span><\/span><\/p>\r\n\r\n<p style=\"text-align:justify\"><span style=\"font-size:11pt\"><span style=\"line-height:normal\"><span calibri=\"\" style=\"font-family:\"><span style=\"font-size:14.0pt\">A transmiss&atilde;o ser&aacute; aberta e gratuita, pelo canal do <b>Youtube da Geotecnia Brasil.<\/b><\/span><\/span><\/span><\/span><\/p>\r\n\r\n<p style=\"text-align:justify\"><span style=\"font-size:11pt\"><span style=\"line-height:normal\"><span calibri=\"\" style=\"font-family:\"><b><span style=\"font-size:14.0pt\">Ative o lembrete!<\/span><\/b><\/span><\/span><\/span><\/p>\r\n\r\n<p style=\"text-align:justify\">&nbsp;<\/p>\r\n\r\n<p style=\"text-align:justify\"><span style=\"font-size:11pt\"><span style=\"line-height:normal\"><span calibri=\"\" style=\"font-family:\"><b><span style=\"font-size:14.0pt\"><img src=\"https:\/\/www.abint.org.br\/assets\/img\/editor\/e-mail-mkt-1o-curso-geomembranas-qrcode_202307121344353EhrrKSVkt.JPG\" style=\"width: 400px; height: 300px;\" \/><\/span><\/b><\/span><\/span><\/span><\/p>\r\n\r\n<p style=\"text-align:justify\"><span style=\"font-size:11pt\"><span style=\"line-height:normal\"><span calibri=\"\" style=\"font-family:\"><b><span style=\"font-size:14.0pt\">Nos dias 04 a 07 de julho o CTG ABINT realizar&aacute; o 1&ordm; Curso Brasileiro de Instala&ccedil;&atilde;o de Geomembranas, no Instituto Mau&aacute; de Tecnologia.<\/span><\/b><\/span><\/span><\/span><\/p>\r\n\r\n<p style=\"text-align:justify\"><span style=\"font-size:11pt\"><span style=\"line-height:normal\"><span calibri=\"\" style=\"font-family:\"><a href=\"https:\/\/www.eventbrite.com.br\/e\/1o-curso-brasileiro-de-instalacao-de-geomembranas-tickets-645407429997\" style=\"color:blue; text-decoration:underline\"><span style=\"font-size:14.0pt\">Informa&ccedil;&otilde;es<\/span><\/a><\/span><\/span><\/span><\/p>\r\n\r\n<p style=\"text-align:justify\">&nbsp;<\/p>\r\n\r\n<p style=\"text-align:justify\"><span style=\"font-size:11pt\"><span style=\"line-height:normal\"><span calibri=\"\" style=\"font-family:\"><span style=\"font-size:14.0pt\"><img src=\"https:\/\/www.abint.org.br\/assets\/img\/editor\/ctg-patrocinador-regeo-2023_20230620165619xfZZRnNChK.jpeg\" style=\"width: 400px; height: 400px;\" \/><\/span><\/span><\/span><\/span><\/p>\r\n\r\n<p style=\"text-align:justify\"><span style=\"font-size:11pt\"><span style=\"line-height:normal\"><span calibri=\"\" style=\"font-family:\"><b><span style=\"font-size:14.0pt\"><span style=\"font-variant:small-caps\">O CTG ABINT <\/span><\/span><\/b><b><span style=\"font-size:14.0pt\">marcar&aacute; presen&ccedil;a<\/span><\/b><span style=\"font-size:14.0pt\"> nos eventos <b>X Congresso Brasileiro de Geotecnia Ambiental &amp; IX Congresso Brasileiro de Geossint&eacute;ticos - REGEO&rsquo;23 &amp; Geossint&eacute;ticos&rsquo;23<\/b>, que ocorrer&atilde;o de 18 a 21 de julho de 2023, Centro Universit&aacute;rio Jorge Amado &ndash; UNIJORGE, Salvador, BA.<\/span><\/span><\/span><\/span><\/p>\r\n\r\n<p style=\"text-align:justify\"><span style=\"font-size:11.0pt\"><span style=\"line-height:115%\"><span calibri=\"\" style=\"font-family:\"><a href=\"https:\/\/regeogeossinteticos23.com.br\/\" style=\"color:blue; text-decoration:underline\"><span style=\"font-size:14.0pt\"><span style=\"line-height:115%\">Mais informa&ccedil;&otilde;es e inscri&ccedil;&otilde;es<\/span><\/span><\/a><\/span><\/span><\/span><\/p>\r\n\r\n<p style=\"text-align:justify\">&nbsp;<\/p>\r\n\r\n<p style=\"text-align:justify\"><span style=\"font-size:11.0pt\"><span style=\"line-height:115%\"><span calibri=\"\" style=\"font-family:\"><span style=\"font-size:14.0pt\"><span style=\"line-height:115%\"><img src=\"https:\/\/www.abint.org.br\/assets\/img\/editor\/minicurso-fernando-regeo-2023_202306201656511P8LOaKpOZ.jpeg\" style=\"width: 400px; height: 400px;\" \/><\/span><\/span><\/span><\/span><\/span><\/p>\r\n\r\n<p style=\"text-align:justify\"><span style=\"font-size:11pt\"><span style=\"line-height:normal\"><span calibri=\"\" style=\"font-family:\"><b><span style=\"font-size:14.0pt\">O Prof. Dr. Fernando Lavoie, Coordenador do CTG ABINT, ministrar&aacute; Minicurso durante o Regeo&rsquo;23 &amp; Geossint&eacute;ticos&rsquo;23.<\/span><\/b><\/span><\/span><\/span><\/p>\r\n\r\n<p style=\"text-align:justify\"><span style=\"font-size:11.0pt\"><span style=\"line-height:115%\"><span calibri=\"\" style=\"font-family:\"><a href=\"https:\/\/regeogeossinteticos23.com.br\/inscricoes\/\" style=\"color:blue; text-decoration:underline\"><span style=\"font-size:14.0pt\"><span style=\"line-height:115%\">Inscreva-se!<\/span><\/span><\/a><\/span><\/span><\/span><\/p>\r\n\r\n<p style=\"text-align:justify\">&nbsp;<\/p>\r\n\r\n<p style=\"text-align:justify\"><span style=\"font-size:11pt\"><span style=\"line-height:normal\"><span style=\"font-family:&quot;Calibri&quot;,sans-serif\"><b><span style=\"font-size:18.0pt\"><span style=\"font-variant:small-caps\">Eventos<\/span><\/span><\/b><\/span><\/span><\/span><\/p>\r\n\r\n<p style=\"text-align:justify\"><span style=\"font-size:11pt\"><span style=\"line-height:normal\"><span style=\"font-family:&quot;Calibri&quot;,sans-serif\"><b><span style=\"font-size:14.0pt\">Abrafiltros | &ldquo;A import&acirc;ncia do Monitoramento de Material Particulado para minimizar as emiss&otilde;es e a otimiza&ccedil;&atilde;o de filtros de manga&rdquo;, <\/span><\/b><span style=\"font-size:14.0pt\">27 e 28 de junho de 2023, das 8h30 &agrave;s 12h, evento online. <\/span><a href=\"https:\/\/cursos.abrafiltros.org.br\/\" style=\"color:blue; text-decoration:underline\"><span style=\"font-size:14.0pt\">Informa&ccedil;&otilde;es<\/span><\/a> <\/span><\/span><\/span><\/p>\r\n\r\n<p style=\"text-align:justify\"><span style=\"font-size:11pt\"><span style=\"line-height:normal\"><span style=\"font-family:&quot;Calibri&quot;,sans-serif\"><b><span style=\"font-size:14.0pt\">INDA | Top Global Consumer Trends and Their Implications in the Wipes Sector<\/span><\/b><span style=\"font-size:14.0pt\">, June 28, 11:00 am &ndash; 11:45 am EDT. <\/span><a href=\"https:\/\/www.worldofwipes.org\/preconference-webinars.html\" style=\"color:blue; text-decoration:underline\"><span style=\"font-size:14.0pt\">Informa&ccedil;&otilde;es<\/span><\/a> <\/span><\/span><\/span><\/p>\r\n\r\n<p style=\"text-align:justify\"><span style=\"font-size:11pt\"><span style=\"line-height:normal\"><span style=\"font-family:&quot;Calibri&quot;,sans-serif\"><b><span style=\"font-size:14.0pt\">Curso ABNT Online | Simbologia de cuidados aplicada a etiquetagem de t&ecirc;xteis, <\/span><\/b><span style=\"font-size:14.0pt\">28 e 29 de junho de 2023, das 08h30 &agrave;s 17h30. <\/span><a href=\"https:\/\/www.abntcatalogo.com.br\/pcs.aspx?Q=ZlgyeVVtT2FtUjZPVlNmVDUrSkpmUWw0a2x2djdpais=\" style=\"color:blue; text-decoration:underline\"><span style=\"font-size:14.0pt\">Informa&ccedil;&otilde;es<\/span><\/a> <\/span><\/span><\/span><\/p>\r\n\r\n<p style=\"text-align:justify\"><span style=\"font-size:11pt\"><span style=\"line-height:normal\"><span style=\"font-family:&quot;Calibri&quot;,sans-serif\"><b><span style=\"font-size:14.0pt\">The 92nd Textile Institute World Conference: &ldquo;Sustainability of the Textile and Fashion Supply Chain &ndash; Transitioning to Zero Carbon and Zero Waste&rdquo;, <\/span><\/b><span style=\"font-size:14.0pt\">3-6 July 2023, University of Huddersfield, UK. <\/span><a href=\"https:\/\/www.textileinstitute.org\/events\/tiwc\/\" style=\"color:blue; text-decoration:underline\"><span style=\"font-size:14.0pt\">Informa&ccedil;&otilde;es<\/span><\/a> <\/span><\/span><\/span><\/p>\r\n\r\n<p style=\"text-align:justify\"><span style=\"font-size:11pt\"><span style=\"line-height:normal\"><span style=\"font-family:&quot;Calibri&quot;,sans-serif\"><b><span style=\"font-size:14.0pt\">IV Congreso Sudamericano de Composites, Poliuretano y Pl&aacute;sticos de Ingenier&iacute;a,<\/span><\/b><span style=\"font-size:14.0pt\"> 8 e 9 de agosto, Buenos Aires, Argentina. <\/span><a href=\"http:\/\/www.congresosudamericano.com\/blog.html\" style=\"color:blue; text-decoration:underline\"><span style=\"font-size:14.0pt\">Informa&ccedil;&otilde;es<\/span><\/a> <\/span><\/span><\/span><\/p>\r\n\r\n<p style=\"text-align:justify\"><span style=\"font-size:11pt\"><span style=\"line-height:normal\"><span style=\"font-family:&quot;Calibri&quot;,sans-serif\"><b><span style=\"font-size:14.0pt\">FIMMA BRASIL - Feira Internacional de Fornecedores da Cadeia Produtiva Madeira e M&oacute;veis<\/span><\/b><span style=\"font-size:14.0pt\">, 28 a 31 de agosto de 2023, das 10h &agrave;s 19h, Bento Gon&ccedil;alves, RS. <\/span><a href=\"https:\/\/fimma.com.br\/\" style=\"color:blue; text-decoration:underline\"><span style=\"font-size:14.0pt\">Informa&ccedil;&otilde;es<\/span><\/a> <\/span><\/span><\/span><\/p>\r\n\r\n<p style=\"text-align:justify\"><span style=\"font-size:11pt\"><span style=\"line-height:normal\"><span style=\"font-family:&quot;Calibri&quot;,sans-serif\"><b><span style=\"font-size:14.0pt\">22&ordf; FEBRAVA - Feira Internacional de Refrigera&ccedil;&atilde;o, Ar condicionado, Ventila&ccedil;&atilde;o, Aquecimento, Tratamento de Ar e de &Aacute;guas<\/span><\/b><span style=\"font-size:14.0pt\">, 12 a 15 de setembro de 2023, S&atilde;o Paulo Expo. <\/span><a href=\"https:\/\/www.febrava.com.br\/pt-br.html\" style=\"color:blue; text-decoration:underline\"><span style=\"font-size:14.0pt\">Informa&ccedil;&otilde;es<\/span><\/a> <\/span><\/span><\/span><\/p>\r\n\r\n<p style=\"text-align:justify\"><span style=\"font-size:11pt\"><span style=\"line-height:normal\"><span style=\"font-family:&quot;Calibri&quot;,sans-serif\"><b><span style=\"font-size:14.0pt\">CNI\/ SEBRAE | 10&ordm; Congresso Internacional da Inova&ccedil;&atilde;o da Ind&uacute;stria<\/span><\/b><span style=\"font-size:14.0pt\">, 27 e 28 de setembro de 2023, S&atilde;o Paulo Expo.<\/span> <a href=\"https:\/\/www.congressodeinovacao.com.br\/?utm_source=comext&amp;utm_medium=email&amp;utm_campaign=eventos&amp;utm_content=id00053#msdynttrid=gg5jXwSFR7qM4vHH2tKGau3cTwSFDneTjMUhrcPg7vE\" style=\"color:blue; text-decoration:underline\"><span style=\"font-size:14.0pt\">Informa&ccedil;&otilde;es<\/span><\/a> <\/span><\/span><\/span><\/p>\r\n\r\n<p style=\"text-align:justify\"><span style=\"font-size:11pt\"><span style=\"line-height:normal\"><span style=\"font-family:&quot;Calibri&quot;,sans-serif\"><b><span style=\"font-size:14.0pt\">FiltXPO&trade; 2023<\/span><\/b><span class=\"MsoHyperlink\" style=\"color:blue\"><span style=\"text-decoration:underline\"><span style=\"font-size:14.0pt\"><span style=\"text-decoration:none\"><span style=\"text-underline:none\">, <\/span><\/span><\/span><\/span><\/span><span style=\"font-size:14.0pt\">October 10-12, 2023 at Navy Pier in Chicago, Illinois<\/span><span class=\"MsoHyperlink\" style=\"color:blue\"><span style=\"text-decoration:underline\"><span style=\"font-size:14.0pt\"><span style=\"text-decoration:none\"><span style=\"text-underline:none\">. <\/span><\/span><\/span><\/span><\/span><a href=\"https:\/\/www.filtxpo.com\/\" style=\"color:blue; text-decoration:underline\"><span style=\"font-size:14.0pt\">Informa&ccedil;&otilde;es<\/span><\/a> <\/span><\/span><\/span><\/p>\r\n\r\n<p style=\"text-align:justify\"><span style=\"font-size:11pt\"><span style=\"line-height:normal\"><span style=\"font-family:&quot;Calibri&quot;,sans-serif\"><b><span style=\"font-size:14.0pt\">V Congreso Sudamericano de Composites, Poliuretano y Pl&aacute;sticos de Ingenier&iacute;a, <\/span><\/b><span style=\"font-size:14.0pt\">24 e 25 de outubro de 2023, Bogot&aacute;, Col&ocirc;mbia. <\/span><a href=\"http:\/\/www.congresosudamericano.com\/blog.html\" style=\"color:blue; text-decoration:underline\"><span style=\"font-size:14.0pt\">Informa&ccedil;&otilde;es<\/span><\/a> <\/span><\/span><\/span><\/p>\r\n\r\n<p class=\"MsoTitle\" style=\"text-align:justify\"><span style=\"font-size:28pt\"><span style=\"font-family:&quot;Cambria&quot;,serif\"><span style=\"letter-spacing:-0.5pt\"><b><span style=\"font-size:18.0pt\"><span style=\"font-family:&quot;Calibri&quot;,sans-serif\"><span style=\"font-variant:small-caps\">Setor<\/span><\/span><\/span><\/b><\/span><\/span><\/span><\/p>\r\n\r\n<p style=\"text-align:justify\"><span style=\"font-size:11pt\"><span style=\"line-height:normal\"><span style=\"font-family:&quot;Calibri&quot;,sans-serif\"><a href=\"https:\/\/engenhariacompartilhada.com.br\/noticia\/exibir\/7291508_ctg-abint-realiza-o-1-curso-brasileiro-de-instalacao-de-geomembrana\" style=\"color:blue; text-decoration:underline\"><span style=\"font-size:14.0pt\">CTG ABINT realiza o 1&ordm; Curso Brasileiro de Instala&ccedil;&atilde;o de Geomembrana<\/span><\/a><\/span><\/span><\/span><\/p>\r\n\r\n<p style=\"text-align:justify\"><span style=\"font-size:11pt\"><span style=\"line-height:normal\"><span style=\"font-family:&quot;Calibri&quot;,sans-serif\"><a href=\"https:\/\/jc.ne10.uol.com.br\/pernambuco\/2023\/06\/15526896-olinda-inicia-aplicacao-de-geomanta-em-aguas-compridas.html\" style=\"color:blue; text-decoration:underline\"><span style=\"font-size:14.0pt\">Olinda inicia aplica&ccedil;&atilde;o de geomanta em &Aacute;guas Compridas<\/span><\/a><\/span><\/span><\/span><\/p>\r\n\r\n<p style=\"text-align:justify\"><span style=\"font-size:11pt\"><span style=\"line-height:normal\"><span style=\"font-family:&quot;Calibri&quot;,sans-serif\"><a href=\"https:\/\/www.fibre2fashion.com\/news\/announcement\/textile-industry-calls-for-eu-mercosur-deal-finalisation-by-2023-288407-newsdetails.htm\" style=\"color:blue; text-decoration:underline\"><span style=\"font-size:14.0pt\">Textile industry calls for EU-Mercosur deal finalisation by 2023<\/span><\/a><\/span><\/span><\/span><\/p>\r\n\r\n<p style=\"text-align:justify\"><span style=\"font-size:11pt\"><span style=\"line-height:normal\"><span style=\"font-family:&quot;Calibri&quot;,sans-serif\"><a href=\"https:\/\/www.folhape.com.br\/noticias\/saude-lanca-nota-recomendando-uso-de-mascaras-em-determinadas\/277134\/\" style=\"color:blue; text-decoration:underline\"><span style=\"font-size:14.0pt\">Atualiza&ccedil;&atilde;o na recomenda&ccedil;&atilde;o ao uso de m&aacute;scaras: Minist&eacute;rio da Sa&uacute;de lan&ccedil;a nota recomendando uso de m&aacute;scaras em determinadas situa&ccedil;&otilde;es<\/span><\/a><\/span><\/span><\/span><\/p>\r\n\r\n<p style=\"text-align:justify\"><span style=\"font-size:11pt\"><span style=\"line-height:normal\"><span style=\"font-family:&quot;Calibri&quot;,sans-serif\"><a href=\"https:\/\/www.technicaltextile.net\/news\/nonwoven-innovation-to-take-centre-stage-at-rise-2023-in-us-288237.html\" style=\"color:blue; text-decoration:underline\"><span style=\"font-size:14.0pt\">Nonwoven innovation to take centre stage at RISE 2023 in US<\/span><\/a><\/span><\/span><\/span><\/p>\r\n\r\n<p class=\"MsoTitle\" style=\"text-align:justify\"><span style=\"font-size:28pt\"><span style=\"font-family:&quot;Cambria&quot;,serif\"><span style=\"letter-spacing:-0.5pt\"><b><span style=\"font-size:18.0pt\"><span style=\"font-family:&quot;Calibri&quot;,sans-serif\"><span style=\"font-variant:small-caps\">Ind&uacute;stria<\/span><\/span><\/span><\/b><\/span><\/span><\/span><\/p>\r\n\r\n<p style=\"text-align:justify\"><span style=\"font-size:11pt\"><span style=\"line-height:normal\"><span style=\"font-family:&quot;Calibri&quot;,sans-serif\"><a href=\"https:\/\/noticias.portaldaindustria.com.br\/noticias\/economia\/industria-registra-confianca-em-17-dos-29-setores-analisados-pela-cni-em-junho\/\" style=\"color:blue; text-decoration:underline\"><span style=\"font-size:14.0pt\">Ind&uacute;stria registra confian&ccedil;a em 17 dos 29 setores analisados pela CNI em junho<\/span><\/a><\/span><\/span><\/span><\/p>\r\n\r\n<p style=\"text-align:justify\"><span style=\"font-size:11pt\"><span style=\"line-height:normal\"><span style=\"font-family:&quot;Calibri&quot;,sans-serif\"><a href=\"http:\/\/www.folhadoabc.com.br\/index.php\/secoes\/negocios\/item\/26872-setor-privado-e-incluido-no-conselho-nacional-de-desenvolvimento-industrial\" style=\"color:blue; text-decoration:underline\"><span style=\"font-size:14.0pt\">Setor privado &eacute; inclu&iacute;do no Conselho Nacional de Desenvolvimento Industrial<\/span><\/a><\/span><\/span><\/span><\/p>\r\n\r\n<p style=\"text-align:justify\"><span style=\"font-size:11pt\"><span style=\"line-height:normal\"><span style=\"font-family:&quot;Calibri&quot;,sans-serif\"><a href=\"https:\/\/www.terra.com.br\/noticias\/industria-da-construcao-civil-aumentou-capacidade-operacional,10892e9082174d062c9b4aafa0abf5f8zpglqqhk.html\" style=\"color:blue; text-decoration:underline\"><span style=\"font-size:14.0pt\">Ind&uacute;stria da constru&ccedil;&atilde;o civil aumentou capacidade operacional<\/span><\/a><\/span><\/span><\/span><\/p>\r\n\r\n<p class=\"MsoTitle\" style=\"text-align:justify\"><span style=\"font-size:28pt\"><span style=\"font-family:&quot;Cambria&quot;,serif\"><span style=\"letter-spacing:-0.5pt\"><b><span style=\"font-size:18.0pt\"><span style=\"font-family:&quot;Calibri&quot;,sans-serif\"><span style=\"font-variant:small-caps\">Sustentabilidade<\/span><\/span><\/span><\/b><\/span><\/span><\/span><\/p>\r\n\r\n<p style=\"text-align:justify\"><span style=\"font-size:11pt\"><span style=\"line-height:normal\"><span style=\"font-family:&quot;Calibri&quot;,sans-serif\"><a href=\"https:\/\/www.technicaltextile.net\/news\/us-dyper-sets-standard-for-environmental-responsibility-in-diapering-288297.html\" style=\"color:blue; text-decoration:underline\"><span style=\"font-size:14.0pt\">US&#39; DYPER sets standard for environmental responsibility in diapering<\/span><\/a><\/span><\/span><\/span><\/p>\r\n\r\n<p style=\"text-align:justify\"><span style=\"font-size:11pt\"><span style=\"line-height:normal\"><span style=\"font-family:&quot;Calibri&quot;,sans-serif\"><a href=\"https:\/\/diariodocomercio.com.br\/negocios\/sme-defende-reciclagem-no-setor-automotivo\/#gref\" style=\"color:blue; text-decoration:underline\"><span style=\"font-size:14.0pt\">SME defende reciclagem no setor automotivo<\/span><\/a><\/span><\/span><\/span><\/p>\r\n\r\n<p style=\"text-align:justify\"><span style=\"font-size:11pt\"><span style=\"line-height:normal\"><span style=\"font-family:&quot;Calibri&quot;,sans-serif\"><a href=\"https:\/\/congressoemfoco.uol.com.br\/area\/governo\/meio-ambiente-comeca-a-regulamentar-lei-de-incentivo-a-reciclagem\/\" style=\"color:blue; text-decoration:underline\"><span style=\"font-size:14.0pt\">Minist&eacute;rio do Meio Ambiente come&ccedil;a a regulamentar lei de incentivo &agrave; reciclagem<\/span><\/a><\/span><\/span><\/span><\/p>\r\n\r\n<p style=\"text-align:justify\"><span style=\"font-size:11pt\"><span style=\"line-height:normal\"><span style=\"font-family:&quot;Calibri&quot;,sans-serif\"><a href=\"https:\/\/www.fibre2fashion.com\/news\/textile-news\/new-eu-sustainability-rules-ban-destructing-unsold-textiles-footwear-288319-newsdetails.htm\" style=\"color:blue; text-decoration:underline\"><span style=\"font-size:14.0pt\">New EU sustainability rules ban destructing unsold textiles, footwear<\/span><\/a><\/span><\/span><\/span><\/p>\r\n\r\n<p class=\"MsoTitle\" style=\"text-align:justify\"><span style=\"font-size:28pt\"><span style=\"font-family:&quot;Cambria&quot;,serif\"><span style=\"letter-spacing:-0.5pt\"><b><span style=\"font-size:18.0pt\"><span style=\"font-family:&quot;Calibri&quot;,sans-serif\"><span style=\"font-variant:small-caps\">Inova&ccedil;&atilde;o<\/span><\/span><\/span><\/b><\/span><\/span><\/span><\/p>\r\n\r\n<p style=\"text-align:justify\"><span style=\"font-size:11pt\"><span style=\"line-height:normal\"><span style=\"font-family:&quot;Calibri&quot;,sans-serif\"><a href=\"https:\/\/www.saude.df.gov.br\/web\/guest\/w\/m%C3%A1scara-vesta-que-inativa-o-coronav%C3%ADrus-mostra-99-de-efic%C3%A1cia-em-testes-no-hran\" style=\"color:blue; text-decoration:underline\"><span style=\"font-size:14.0pt\">M&aacute;scara Vesta, que inativa o coronav&iacute;rus, mostra 99% de efic&aacute;cia em testes no Hran<\/span><\/a><\/span><\/span><\/span><\/p>\r\n\r\n<p style=\"text-align:justify\"><span style=\"font-size:11pt\"><span style=\"line-height:normal\"><span style=\"font-family:&quot;Calibri&quot;,sans-serif\"><a href=\"https:\/\/www.infomoney.com.br\/negocios\/industria-quimica-e-o-segmento-mais-inovador-do-brasil-segundo-relatorio\/\" style=\"color:blue; text-decoration:underline\"><span style=\"font-size:14.0pt\">Ind&uacute;stria qu&iacute;mica &eacute; o segmento mais inovador do Brasil, segundo relat&oacute;rio<\/span><\/a><\/span><\/span><\/span><\/p>\r\n\r\n<p class=\"MsoTitle\" style=\"text-align:justify\"><span style=\"font-size:28pt\"><span style=\"font-family:&quot;Cambria&quot;,serif\"><span style=\"letter-spacing:-0.5pt\"><b><span style=\"font-size:18.0pt\"><span style=\"font-family:&quot;Calibri&quot;,sans-serif\"><span style=\"font-variant:small-caps\">Com&eacute;rcio Exterior<\/span><\/span><\/span><\/b><\/span><\/span><\/span><\/p>\r\n\r\n<p style=\"text-align:justify\"><span style=\"font-size:11pt\"><span style=\"line-height:normal\"><span style=\"font-family:&quot;Calibri&quot;,sans-serif\"><a href=\"https:\/\/economia.uol.com.br\/noticias\/reuters\/2023\/06\/26\/brasil-tem-superavit-em-conta-corrente-de-us649-mi-em-maio-bem-abaixo-do-esperado.htm\" style=\"color:blue; text-decoration:underline\"><span style=\"font-size:14.0pt\">Brasil tem super&aacute;vit em conta corrente de US$649 mi em maio, bem abaixo do esperado<\/span><\/a><\/span><\/span><\/span><\/p>\r\n\r\n<p style=\"text-align:justify\"><span style=\"font-size:11pt\"><span style=\"line-height:normal\"><span style=\"font-family:&quot;Calibri&quot;,sans-serif\"><a href=\"https:\/\/agenciabrasil.ebc.com.br\/economia\/noticia\/2023-06\/acordo-mercosul-ue-inibe-industria-brasileira-alertam-especialistas\" style=\"color:blue; text-decoration:underline\"><span style=\"font-size:14.0pt\">Acordo Mercosul-UE inibe ind&uacute;stria brasileira, alertam especialistas<\/span><\/a><\/span><\/span><\/span><\/p>\r\n\r\n<p style=\"text-align:justify\"><span style=\"font-size:11pt\"><span style=\"line-height:normal\"><span style=\"font-family:&quot;Calibri&quot;,sans-serif\"><a href=\"https:\/\/static.portaldaindustria.com.br\/media\/filer_public\/34\/aa\/34aaf7c9-494a-49d3-8926-cf38d59d437f\/apc_9_cbam.pdf\" style=\"color:blue; text-decoration:underline\"><span style=\"font-size:14.0pt\">Regulamento da Uni&atilde;o Europeia estabelece mecanismo de ajuste de carbono na fronteira (CBAM)<\/span><\/a><\/span><\/span><\/span><\/p>\r\n\r\n<p style=\"text-align:justify\"><span style=\"font-size:11pt\"><span style=\"line-height:normal\"><span style=\"font-family:&quot;Calibri&quot;,sans-serif\"><a href=\"https:\/\/www.fibre2fashion.com\/news\/textile-news\/global-trade-sees-positive-growth-in-q1-but-faces-headwinds-unctad-288409-newsdetails.htm\" style=\"color:blue; text-decoration:underline\"><span style=\"font-size:14.0pt\">Global trade sees positive growth in Q1 but faces headwinds: UNCTAD<\/span><\/a><\/span><\/span><\/span><\/p>\r\n\r\n<p class=\"MsoTitle\" style=\"text-align:justify\"><span style=\"font-size:28pt\"><span style=\"font-family:&quot;Cambria&quot;,serif\"><span style=\"letter-spacing:-0.5pt\"><b><span style=\"font-size:18.0pt\"><span style=\"font-family:&quot;Calibri&quot;,sans-serif\"><span style=\"font-variant:small-caps\">Economia<\/span><\/span><\/span><\/b><\/span><\/span><\/span><\/p>\r\n\r\n<p style=\"text-align:justify\"><span style=\"font-size:11pt\"><span style=\"line-height:normal\"><span style=\"font-family:&quot;Calibri&quot;,sans-serif\"><a href=\"https:\/\/www.bcb.gov.br\/content\/focus\/focus\/R20230616.pdf\" style=\"color:blue; text-decoration:underline\"><span style=\"font-size:14.0pt\">Focus &ndash; Relat&oacute;rio de Mercado<\/span><\/a><\/span><\/span><\/span><\/p>\r\n\r\n<p style=\"text-align:justify\"><span style=\"font-size:11pt\"><span style=\"line-height:normal\"><span style=\"font-family:&quot;Calibri&quot;,sans-serif\"><a href=\"https:\/\/noticias.portaldaindustria.com.br\/noticias\/economia\/nao-e-sobre-pagar-menos-impostos-mas-simplificar-o-sistema-e-desenvolver-o-pais-diz-robson-andrade\/\" style=\"color:blue; text-decoration:underline\"><span style=\"font-size:14.0pt\">N&atilde;o &eacute; sobre pagar menos impostos, mas simplificar o sistema e desenvolver o pa&iacute;s, diz Robson Andrade<\/span><\/a><\/span><\/span><\/span><\/p>\r\n\r\n<p style=\"text-align:justify\"><span style=\"font-size:11.0pt\"><span style=\"line-height:115%\"><span style=\"font-family:&quot;Calibri&quot;,sans-serif\"><a href=\"https:\/\/portalibre.fgv.br\/noticias\/economistas-reunidos-no-ix-seminario-de-politica-monetaria-defendem-manutencao-de-meta-de\" style=\"color:blue; text-decoration:underline\"><span style=\"font-size:14.0pt\"><span style=\"line-height:115%\">Economistas reunidos no IX Semin&aacute;rio de Pol&iacute;tica Monet&aacute;ria defendem manuten&ccedil;&atilde;o de meta de infla&ccedil;&atilde;o e seu intervalo<\/span><\/span><\/a><\/span><\/span><\/span><\/p>\r\n","texto_en":"","7":"","imagem":"COMP_banner-padrao-home-destaques-boletim-2023_20230712134926hJ4H1uQpMH.jpeg","8":"COMP_banner-padrao-home-destaques-boletim-2023_20230712134926hJ4H1uQpMH.jpeg","arquivo":"20230627-NOTICIAS-SEMANAIS.PDF","9":"20230627-NOTICIAS-SEMANAIS.PDF","titulo_arquivo":"20230627 Not\u00edcias Semana ABINT","10":"20230627 Not\u00edcias Semana ABINT","titulo_arquivo_en":"","11":"","created_at":"2023-07-12 13:49:34","12":"2023-07-12 13:49:34","updated_at":"2023-07-12 13:49:34","13":"2023-07-12 13:49:34"},{"id":70,"0":70,"ordem":153,"1":153,"data":"2023-06-20","2":"2023-06-20","slug":"boletim-de-noticias-semanais-67","3":"boletim-de-noticias-semanais-67","titulo":"Boletim de Not\u00edcias Semanais","4":"Boletim de Not\u00edcias Semanais","titulo_en":"","5":"","texto":"<p style=\"text-align:justify\"><span style=\"font-size:11pt\"><span style=\"line-height:normal\"><span calibri=\"\" style=\"font-family:\"><span style=\"font-size:14.0pt\">Esta &eacute; uma compila&ccedil;&atilde;o das not&iacute;cias mais relevantes para o setor, incluindo informa&ccedil;&otilde;es sobre acordos internacionais, economia brasileira, sustentabilidade e mat&eacute;rias primas, al&eacute;m de novidades do setor de N&atilde;otecidos e Tecidos T&eacute;cnicos.<\/span><\/span><\/span><\/span><\/p>\r\n\r\n<p class=\"MsoTitleCxSpLast\" style=\"text-align:justify\"><span style=\"font-size:28pt\"><span cambria=\"\" style=\"font-family:\"><span style=\"letter-spacing:-0.5pt\"><b><span style=\"font-size:18.0pt\"><span calibri=\"\" style=\"font-family:\"><span style=\"font-variant:small-caps\">Not&iacute;cias das Associadas<\/span><\/span><\/span><\/b><\/span><\/span><\/span><\/p>\r\n\r\n<p style=\"text-align:justify\"><span style=\"font-size:11pt\"><span style=\"line-height:normal\"><span calibri=\"\" style=\"font-family:\"><a href=\"https:\/\/www.technicaltextile.net\/news\/austria-s-andritz-introduces-new-pilot-line-for-eco-friendly-nonwovens-288199.html\" style=\"color:blue; text-decoration:underline\"><span style=\"font-size:14.0pt\">Austria&#39;s Andritz introduces new pilot line for eco-friendly nonwovens<\/span><\/a><\/span><\/span><\/span><\/p>\r\n\r\n<p style=\"text-align:justify\"><span style=\"font-size:11pt\"><span style=\"line-height:normal\"><span calibri=\"\" style=\"font-family:\"><a href=\"https:\/\/www.technicaltextile.net\/news\/germany-s-freudenberg-launches-packaging-solution-for-tech-industries-288200.html\" style=\"color:blue; text-decoration:underline\"><span style=\"font-size:14.0pt\">Germany&#39;s Freudenberg launches packaging solution for tech industries<\/span><\/a><\/span><\/span><\/span><\/p>\r\n\r\n<p class=\"MsoTitle\" style=\"text-align:justify\"><span style=\"font-size:28pt\"><span cambria=\"\" style=\"font-family:\"><span style=\"letter-spacing:-0.5pt\"><b><span style=\"font-size:18.0pt\"><span calibri=\"\" style=\"font-family:\"><span style=\"font-variant:small-caps\">A&ccedil;&otilde;es da ABINT<\/span><\/span><\/span><\/b><\/span><\/span><\/span><\/p>\r\n\r\n<p style=\"text-align:justify\"><span style=\"font-size:11pt\"><span style=\"line-height:normal\"><span calibri=\"\" style=\"font-family:\"><a href=\"https:\/\/www.aesabesp.org.br\/2023\/06\/16\/momentos-de-tecnologia-aesabesp-ctg-abint-destaca-importancia-dos-geossinteticos\/\" style=\"color:blue; text-decoration:underline\"><span style=\"font-size:14.0pt\">Momentos de Tecnologia AESabesp: CTG ABINT destaca import&acirc;ncia dos geossint&eacute;ticos<\/span><\/a><\/span><\/span><\/span><\/p>\r\n\r\n<p style=\"text-align:justify\">&nbsp;<\/p>\r\n\r\n<p style=\"text-align:justify\"><img src=\"https:\/\/www.abint.org.br\/assets\/img\/editor\/20230627-live-post-redes_20230620165220rlAZsbywT1.jpeg\" style=\"width: 400px; height: 400px;\" \/><\/p>\r\n\r\n<p style=\"text-align:justify\"><span style=\"font-size:12pt\"><span new=\"\" roman=\"\" style=\"font-family:\" times=\"\"><span style=\"font-size:14.0pt\"><span calibri=\"\" style=\"font-family:\">No dia <\/span><\/span><strong><span style=\"font-size:14.0pt\"><span calibri=\"\" style=\"font-family:\">27\/06, &agrave;s 18h<\/span><\/span><\/strong><span style=\"font-size:14.0pt\"><span calibri=\"\" style=\"font-family:\">, o <\/span><\/span><strong><span style=\"font-size:14.0pt\"><span calibri=\"\" style=\"font-family:\">CTG ABINT<\/span><\/span><\/strong><span style=\"font-size:14.0pt\"><span calibri=\"\" style=\"font-family:\"> reunir&aacute; especialistas para debater sobre a <\/span><\/span><a href=\"https:\/\/www.youtube.com\/live\/IIrwQPqRc18?feature=share\" style=\"color:blue; text-decoration:underline\"><span style=\"font-size:14.0pt\"><span calibri=\"\" style=\"font-family:\">Contrata&ccedil;&atilde;o T&eacute;cnica de Servi&ccedil;os de Instala&ccedil;&atilde;o de Geomembranas<\/span><\/span><\/a><span style=\"font-size:14.0pt\"><span calibri=\"\" style=\"font-family:\">.<\/span><\/span><\/span><\/span><\/p>\r\n\r\n<p style=\"text-align:justify\"><span style=\"font-size:11pt\"><span style=\"line-height:normal\"><span calibri=\"\" style=\"font-family:\"><span style=\"font-size:14.0pt\">A transmiss&atilde;o ser&aacute; aberta e gratuita, pelo canal do <b>Youtube da Geotecnia Brasil.<\/b><\/span><\/span><\/span><\/span><\/p>\r\n\r\n<p style=\"text-align:justify\"><span style=\"font-size:11pt\"><span style=\"line-height:normal\"><span calibri=\"\" style=\"font-family:\"><b><span style=\"font-size:14.0pt\">Ative o lembrete!<\/span><\/b><\/span><\/span><\/span><\/p>\r\n\r\n<p style=\"text-align:justify\">&nbsp;<\/p>\r\n\r\n<p style=\"text-align:justify\"><span style=\"font-size:11pt\"><span style=\"line-height:normal\"><span calibri=\"\" style=\"font-family:\"><b><span style=\"font-size:14.0pt\"><img src=\"https:\/\/www.abint.org.br\/assets\/img\/editor\/e-mail-marketing-curso_20230620165326SazaF5lOTU.jpg\" style=\"width: 400px; height: 560px;\" \/><\/span><\/b><\/span><\/span><\/span><\/p>\r\n\r\n<p style=\"text-align:justify\"><span style=\"font-size:28pt\"><span cambria=\"\" style=\"font-family:\"><span style=\"letter-spacing:-0.5pt\"><b><span style=\"font-size:14.0pt\"><span calibri=\"\" style=\"font-family:\"><span style=\"letter-spacing:0pt\">*** <\/span><\/span><\/span><\/b><\/span><\/span><\/span><span class=\"MsoHyperlink\" style=\"color:blue\"><span style=\"text-decoration:underline\"><b><span style=\"font-size:14.0pt\"><span style=\"line-height:115%\"><span calibri=\"\" style=\"font-family:\"><a href=\"https:\/\/www.abint.org.br\/informacao\/outros\/programacao-curso-abint-tecnologia-dos-naotecidos\" style=\"color:blue; text-decoration:underline\">Programa&ccedil;&atilde;o<\/a><\/span><\/span><\/span><\/b><\/span><\/span><span style=\"font-size:28pt\"><span cambria=\"\" style=\"font-family:\"><span style=\"letter-spacing:-0.5pt\"><b><span style=\"font-size:14.0pt\"><span calibri=\"\" style=\"font-family:\"><span style=\"letter-spacing:0pt\"> *** <\/span><\/span><\/span><\/b><a href=\"https:\/\/www.abint.org.br\/informacao\/outros\/informacoes-curso-abint-tecnologia-dos-naotecidos\" style=\"color:blue; text-decoration:underline\"><b><span style=\"font-size:14.0pt\"><span calibri=\"\" style=\"font-family:\"><span style=\"letter-spacing:0pt\">Informa&ccedil;&otilde;es<\/span><\/span><\/span><\/b><\/a><b><span style=\"font-size:14.0pt\"><span calibri=\"\" style=\"font-family:\"><span style=\"letter-spacing:0pt\"> *** <\/span><\/span><\/span><\/b><\/span><\/span><\/span><span style=\"font-size:11.0pt\"><span style=\"line-height:115%\"><span calibri=\"\" style=\"font-family:\"><a href=\"https:\/\/forms.gle\/E5bZXpiNh7wZ9kcQ6\" style=\"color:blue; text-decoration:underline\"><b><span style=\"font-size:14.0pt\"><span style=\"line-height:115%\">Inscri&ccedil;&otilde;es<\/span><\/span><\/b><\/a><b><span style=\"font-size:14.0pt\"><span style=\"line-height:115%\"> ***<\/span><\/span><\/b><\/span><\/span><\/span><\/p>\r\n\r\n<p style=\"text-align:justify\">&nbsp;<\/p>\r\n\r\n<p style=\"text-align:justify\"><span style=\"font-size:11.0pt\"><span style=\"line-height:115%\"><span calibri=\"\" style=\"font-family:\"><b><span style=\"font-size:14.0pt\"><span style=\"line-height:115%\"><img src=\"https:\/\/www.abint.org.br\/assets\/img\/editor\/e-mail-mkt-curso-geomembranas-qrcodelogos_20230620165529rlKwAieNVI.JPG\" style=\"width: 400px; height: 300px;\" \/><\/span><\/span><\/b><\/span><\/span><\/span><\/p>\r\n\r\n<p style=\"text-align:justify\"><span style=\"font-size:11pt\"><span style=\"line-height:normal\"><span calibri=\"\" style=\"font-family:\"><b><span style=\"font-size:14.0pt\">Nos dias 04 a 07 de julho o CTG ABINT realizar&aacute; o 1&ordm; Curso Brasileiro de Instala&ccedil;&atilde;o de Geomembranas, no Instituto Mau&aacute; de Tecnologia.<\/span><\/b><\/span><\/span><\/span><\/p>\r\n\r\n<p style=\"text-align:justify\"><span style=\"font-size:11pt\"><span style=\"line-height:normal\"><span calibri=\"\" style=\"font-family:\"><a href=\"https:\/\/www.eventbrite.com.br\/e\/1o-curso-brasileiro-de-instalacao-de-geomembranas-tickets-645407429997\" style=\"color:blue; text-decoration:underline\"><span style=\"font-size:14.0pt\">Informa&ccedil;&otilde;es<\/span><\/a><\/span><\/span><\/span><\/p>\r\n\r\n<p style=\"text-align:justify\">&nbsp;<\/p>\r\n\r\n<p style=\"text-align:justify\"><span style=\"font-size:11pt\"><span style=\"line-height:normal\"><span calibri=\"\" style=\"font-family:\"><span style=\"font-size:14.0pt\"><img src=\"https:\/\/www.abint.org.br\/assets\/img\/editor\/ctg-patrocinador-regeo-2023_20230620165619xfZZRnNChK.jpeg\" style=\"width: 400px; height: 400px;\" \/><\/span><\/span><\/span><\/span><\/p>\r\n\r\n<p style=\"text-align:justify\"><span style=\"font-size:11pt\"><span style=\"line-height:normal\"><span calibri=\"\" style=\"font-family:\"><b><span style=\"font-size:14.0pt\"><span style=\"font-variant:small-caps\">O CTG ABINT <\/span><\/span><\/b><b><span style=\"font-size:14.0pt\">marcar&aacute; presen&ccedil;a<\/span><\/b><span style=\"font-size:14.0pt\"> nos eventos <b>X Congresso Brasileiro de Geotecnia Ambiental &amp; IX Congresso Brasileiro de Geossint&eacute;ticos - REGEO&rsquo;23 &amp; Geossint&eacute;ticos&rsquo;23<\/b>, que ocorrer&atilde;o de 18 a 21 de julho de 2023, Centro Universit&aacute;rio Jorge Amado &ndash; UNIJORGE, Salvador, BA.<\/span><\/span><\/span><\/span><\/p>\r\n\r\n<p style=\"text-align:justify\"><span style=\"font-size:11.0pt\"><span style=\"line-height:115%\"><span calibri=\"\" style=\"font-family:\"><a href=\"https:\/\/regeogeossinteticos23.com.br\/\" style=\"color:blue; text-decoration:underline\"><span style=\"font-size:14.0pt\"><span style=\"line-height:115%\">Mais informa&ccedil;&otilde;es e inscri&ccedil;&otilde;es<\/span><\/span><\/a><\/span><\/span><\/span><\/p>\r\n\r\n<p style=\"text-align:justify\">&nbsp;<\/p>\r\n\r\n<p style=\"text-align:justify\"><span style=\"font-size:11.0pt\"><span style=\"line-height:115%\"><span calibri=\"\" style=\"font-family:\"><span style=\"font-size:14.0pt\"><span style=\"line-height:115%\"><img src=\"https:\/\/www.abint.org.br\/assets\/img\/editor\/minicurso-fernando-regeo-2023_202306201656511P8LOaKpOZ.jpeg\" style=\"width: 400px; height: 400px;\" \/><\/span><\/span><\/span><\/span><\/span><\/p>\r\n\r\n<p style=\"text-align:justify\"><span style=\"font-size:11pt\"><span style=\"line-height:normal\"><span calibri=\"\" style=\"font-family:\"><b><span style=\"font-size:14.0pt\">O Prof. Dr. Fernando Lavoie, Coordenador do CTG ABINT, ministrar&aacute; Minicurso durante o Regeo&rsquo;23 &amp; Geossint&eacute;ticos&rsquo;23.<\/span><\/b><\/span><\/span><\/span><\/p>\r\n\r\n<p style=\"text-align:justify\"><span style=\"font-size:11.0pt\"><span style=\"line-height:115%\"><span calibri=\"\" style=\"font-family:\"><a href=\"https:\/\/regeogeossinteticos23.com.br\/inscricoes\/\" style=\"color:blue; text-decoration:underline\"><span style=\"font-size:14.0pt\"><span style=\"line-height:115%\">Inscreva-se!<\/span><\/span><\/a><\/span><\/span><\/span><\/p>\r\n\r\n<p style=\"text-align:justify\">&nbsp;<\/p>\r\n\r\n<p style=\"text-align:justify\"><span style=\"font-size:11pt\"><span style=\"line-height:normal\"><span calibri=\"\" style=\"font-family:\"><b><span style=\"font-size:18.0pt\"><span style=\"font-variant:small-caps\">Eventos<\/span><\/span><\/b><\/span><\/span><\/span><\/p>\r\n\r\n<p style=\"text-align:justify\"><span style=\"font-size:11pt\"><span style=\"line-height:normal\"><span calibri=\"\" style=\"font-family:\"><b><span style=\"font-size:14.0pt\">Webinar Tech Day: Grafeno, Ensaios em Pl&aacute;sticos e Economia Circular,<\/span><\/b><span style=\"font-size:14.0pt\"> 21 de junho de 2023. <\/span><a href=\"https:\/\/www.webcastlive.com.br\/aspen\/\" style=\"color:blue; text-decoration:underline\"><span style=\"font-size:14.0pt\">Informa&ccedil;&otilde;es<\/span><\/a> <\/span><\/span><\/span><\/p>\r\n\r\n<p style=\"text-align:justify\"><span style=\"font-size:11pt\"><span style=\"line-height:normal\"><span calibri=\"\" style=\"font-family:\"><b><span style=\"font-size:14.0pt\">Anahp | Webinar: Estrat&eacute;gias operacionais para reduzir custos nas institui&ccedil;&otilde;es hospitalares | Cases<\/span><\/b><span style=\"font-size:14.0pt\">, 22 de junho de 2023, 10h. <\/span><a href=\"https:\/\/anahp.zoom.us\/webinar\/register\/WN_E32kmAK7Q1GS7A3yPnb74A?utm_campaign=emkt_-_jornada_digital_-_2206_-_estrategias_operacionais&amp;utm_medium=email&amp;utm_source=RD+Station#\/registration\" style=\"color:blue; text-decoration:underline\"><span style=\"font-size:14.0pt\">Informa&ccedil;&otilde;es<\/span><\/a> <\/span><\/span><\/span><\/p>\r\n\r\n<p style=\"text-align:justify\"><span style=\"font-size:11pt\"><span style=\"line-height:normal\"><span calibri=\"\" style=\"font-family:\"><b><span style=\"font-size:14.0pt\">Apex Brasil | Introdu&ccedil;&atilde;o ao e-commerce Internacional<\/span><\/b><span style=\"font-size:14.0pt\">, 22 de junho de 2023, das 8h30 &agrave;s 12h30, evento online. <\/span><a href=\"https:\/\/click.apexbrasil.com.br\/mkt\/OficinadeCompetitividade\/OficinadeCompetitividade_junho2023.pdf#msdynttrid=nE-ALUwLx6zLKXBX1Ob3Todz5RuI7-aS7bUNiQ2Pa9c\" style=\"color:blue; text-decoration:underline\"><span style=\"font-size:14.0pt\">Informa&ccedil;&otilde;es<\/span><\/a> <\/span><\/span><\/span><\/p>\r\n\r\n<p style=\"text-align:justify\"><span style=\"font-size:11pt\"><span style=\"line-height:normal\"><span calibri=\"\" style=\"font-family:\"><b><span style=\"font-size:14.0pt\">FGV IBRE | Inscreva-se no evento IX Semin&aacute;rio Anual de Pol&iacute;tica Monet&aacute;ria<\/span><\/b><span style=\"font-size:14.0pt\">, 23 de junho (sexta-feira), 10h &agrave;s 11h30, transmiss&atilde;o via YouTube. <\/span><a href=\"https:\/\/evento.fgv.br\/ixseminarioanual_2306\/\" style=\"color:blue; text-decoration:underline\"><span style=\"font-size:14.0pt\">Informa&ccedil;&otilde;es<\/span><\/a> <\/span><\/span><\/span><\/p>\r\n\r\n<p style=\"text-align:justify\"><span style=\"font-size:11pt\"><span style=\"line-height:normal\"><span calibri=\"\" style=\"font-family:\"><b><span style=\"font-size:14.0pt\">SOBECC | I Simp&oacute;sio de preven&ccedil;&atilde;o e controle de infec&ccedil;&atilde;o do S&iacute;tio Cir&uacute;rgico APECIH\/SOBECC<\/span><\/b><span style=\"font-size:14.0pt\">, 24 de junho de 2023, das 08h00 &agrave;s 18h30, evento presencial. <\/span><a href=\"https:\/\/sobecc.org.br\/jornada-cientifica\/i-simposio-de-prevencao-e-controle-de-infeccao-do-sitio-cirurgico-apecih-sobecc\" style=\"color:blue; text-decoration:underline\"><span style=\"font-size:14.0pt\">Informa&ccedil;&otilde;es<\/span><\/a> <\/span><\/span><\/span><\/p>\r\n\r\n<p style=\"text-align:justify\"><span style=\"font-size:11pt\"><span style=\"line-height:normal\"><span calibri=\"\" style=\"font-family:\"><b><span style=\"font-size:14.0pt\">Abrafiltros | &ldquo;A import&acirc;ncia do Monitoramento de Material Particulado para minimizar as emiss&otilde;es e a otimiza&ccedil;&atilde;o de filtros de manga&rdquo;, <\/span><\/b><span style=\"font-size:14.0pt\">27 e 28 de junho de 2023, das 8h30 &agrave;s 12h, evento online. <\/span><a href=\"https:\/\/cursos.abrafiltros.org.br\/\" style=\"color:blue; text-decoration:underline\"><span style=\"font-size:14.0pt\">Informa&ccedil;&otilde;es<\/span><\/a> <\/span><\/span><\/span><\/p>\r\n\r\n<p style=\"text-align:justify\"><span style=\"font-size:11pt\"><span style=\"line-height:normal\"><span calibri=\"\" style=\"font-family:\"><b><span style=\"font-size:14.0pt\">INDA | Top Global Consumer Trends and Their Implications in the Wipes Sector<\/span><\/b><span style=\"font-size:14.0pt\">, June 28, 11:00 am &ndash; 11:45 am EDT. <\/span><a href=\"https:\/\/www.worldofwipes.org\/preconference-webinars.html\" style=\"color:blue; text-decoration:underline\"><span style=\"font-size:14.0pt\">Informa&ccedil;&otilde;es<\/span><\/a> <\/span><\/span><\/span><\/p>\r\n\r\n<p style=\"text-align:justify\"><span style=\"font-size:11pt\"><span style=\"line-height:normal\"><span calibri=\"\" style=\"font-family:\"><b><span style=\"font-size:14.0pt\">Curso ABNT Online | Simbologia de cuidados aplicada a etiquetagem de t&ecirc;xteis, <\/span><\/b><span style=\"font-size:14.0pt\">28 e 29 de junho de 2023, das 08h30 &agrave;s 17h30. <\/span><a href=\"https:\/\/www.abntcatalogo.com.br\/pcs.aspx?Q=ZlgyeVVtT2FtUjZPVlNmVDUrSkpmUWw0a2x2djdpais=\" style=\"color:blue; text-decoration:underline\"><span style=\"font-size:14.0pt\">Informa&ccedil;&otilde;es<\/span><\/a> <\/span><\/span><\/span><\/p>\r\n\r\n<p style=\"text-align:justify\"><span style=\"font-size:11pt\"><span style=\"line-height:normal\"><span calibri=\"\" style=\"font-family:\"><b><span style=\"font-size:14.0pt\">The 92nd Textile Institute World Conference: &ldquo;Sustainability of the Textile and Fashion Supply Chain &ndash; Transitioning to Zero Carbon and Zero Waste&rdquo;, <\/span><\/b><span style=\"font-size:14.0pt\">3-6 July 2023, University of Huddersfield, UK. <\/span><a href=\"https:\/\/www.textileinstitute.org\/events\/tiwc\/\" style=\"color:blue; text-decoration:underline\"><span style=\"font-size:14.0pt\">Informa&ccedil;&otilde;es<\/span><\/a> <\/span><\/span><\/span><\/p>\r\n\r\n<p style=\"text-align:justify\"><span style=\"font-size:11pt\"><span style=\"line-height:normal\"><span calibri=\"\" style=\"font-family:\"><b><span style=\"font-size:14.0pt\">IV Congreso Sudamericano de Composites, Poliuretano y Pl&aacute;sticos de Ingenier&iacute;a,<\/span><\/b><span style=\"font-size:14.0pt\"> 8 e 9 de agosto, Buenos Aires, Argentina. <\/span><a href=\"http:\/\/www.congresosudamericano.com\/blog.html\" style=\"color:blue; text-decoration:underline\"><span style=\"font-size:14.0pt\">Informa&ccedil;&otilde;es<\/span><\/a> <\/span><\/span><\/span><\/p>\r\n\r\n<p style=\"text-align:justify\"><span style=\"font-size:11pt\"><span style=\"line-height:normal\"><span calibri=\"\" style=\"font-family:\"><b><span style=\"font-size:14.0pt\">FIMMA BRASIL - Feira Internacional de Fornecedores da Cadeia Produtiva Madeira e M&oacute;veis<\/span><\/b><span style=\"font-size:14.0pt\">, 28 a 31 de agosto de 2023, das 10h &agrave;s 19h, Bento Gon&ccedil;alves, RS. <\/span><a href=\"https:\/\/fimma.com.br\/\" style=\"color:blue; text-decoration:underline\"><span style=\"font-size:14.0pt\">Informa&ccedil;&otilde;es<\/span><\/a> <\/span><\/span><\/span><\/p>\r\n\r\n<p style=\"text-align:justify\"><span style=\"font-size:11pt\"><span style=\"line-height:normal\"><span calibri=\"\" style=\"font-family:\"><b><span style=\"font-size:14.0pt\">22&ordf; FEBRAVA - Feira Internacional de Refrigera&ccedil;&atilde;o, Ar condicionado, Ventila&ccedil;&atilde;o, Aquecimento, Tratamento de Ar e de &Aacute;guas<\/span><\/b><span style=\"font-size:14.0pt\">, 12 a 15 de setembro de 2023, S&atilde;o Paulo Expo. <\/span><a href=\"https:\/\/www.febrava.com.br\/pt-br.html\" style=\"color:blue; text-decoration:underline\"><span style=\"font-size:14.0pt\">Informa&ccedil;&otilde;es<\/span><\/a> <\/span><\/span><\/span><\/p>\r\n\r\n<p style=\"text-align:justify\"><span style=\"font-size:11pt\"><span style=\"line-height:normal\"><span calibri=\"\" style=\"font-family:\"><b><span style=\"font-size:14.0pt\">CNI\/ SEBRAE | 10&ordm; Congresso Internacional da Inova&ccedil;&atilde;o da Ind&uacute;stria<\/span><\/b><span style=\"font-size:14.0pt\">, 27 e 28 de setembro de 2023, S&atilde;o Paulo Expo.<\/span> <a href=\"https:\/\/www.congressodeinovacao.com.br\/?utm_source=comext&amp;utm_medium=email&amp;utm_campaign=eventos&amp;utm_content=id00053#msdynttrid=gg5jXwSFR7qM4vHH2tKGau3cTwSFDneTjMUhrcPg7vE\" style=\"color:blue; text-decoration:underline\"><span style=\"font-size:14.0pt\">Informa&ccedil;&otilde;es<\/span><\/a> <\/span><\/span><\/span><\/p>\r\n\r\n<p style=\"text-align:justify\"><span style=\"font-size:11pt\"><span style=\"line-height:normal\"><span calibri=\"\" style=\"font-family:\"><b><span style=\"font-size:14.0pt\">FiltXPO&trade; 2023<\/span><\/b><span class=\"MsoHyperlink\" style=\"color:blue\"><span style=\"text-decoration:underline\"><span style=\"font-size:14.0pt\"><span style=\"text-decoration:none\"><span style=\"text-underline:none\">, <\/span><\/span><\/span><\/span><\/span><span style=\"font-size:14.0pt\">October 10-12, 2023 at Navy Pier in Chicago, Illinois<\/span><span class=\"MsoHyperlink\" style=\"color:blue\"><span style=\"text-decoration:underline\"><span style=\"font-size:14.0pt\"><span style=\"text-decoration:none\"><span style=\"text-underline:none\">. <\/span><\/span><\/span><\/span><\/span><a href=\"https:\/\/www.filtxpo.com\/\" style=\"color:blue; text-decoration:underline\"><span style=\"font-size:14.0pt\">Informa&ccedil;&otilde;es<\/span><\/a> <\/span><\/span><\/span><\/p>\r\n\r\n<p style=\"text-align:justify\"><span style=\"font-size:11pt\"><span style=\"line-height:normal\"><span calibri=\"\" style=\"font-family:\"><b><span style=\"font-size:14.0pt\">V Congreso Sudamericano de Composites, Poliuretano y Pl&aacute;sticos de Ingenier&iacute;a, <\/span><\/b><span style=\"font-size:14.0pt\">24 e 25 de outubro de 2023, Bogot&aacute;, Col&ocirc;mbia. <\/span><a href=\"http:\/\/www.congresosudamericano.com\/blog.html\" style=\"color:blue; text-decoration:underline\"><span style=\"font-size:14.0pt\">Informa&ccedil;&otilde;es<\/span><\/a> <\/span><\/span><\/span><\/p>\r\n\r\n<p class=\"MsoTitle\" style=\"text-align:justify\"><span style=\"font-size:28pt\"><span cambria=\"\" style=\"font-family:\"><span style=\"letter-spacing:-0.5pt\"><b><span style=\"font-size:18.0pt\"><span calibri=\"\" style=\"font-family:\"><span style=\"font-variant:small-caps\">Setor<\/span><\/span><\/span><\/b><\/span><\/span><\/span><\/p>\r\n\r\n<p style=\"text-align:justify\"><span style=\"font-size:11pt\"><span style=\"line-height:normal\"><span calibri=\"\" style=\"font-family:\"><a href=\"https:\/\/www.fibre2fashion.com\/industry-article\/9677\/global-trade-in-textile-machinery\" style=\"color:blue; text-decoration:underline\"><span style=\"font-size:14.0pt\">Global Trade in Textile Machinery<\/span><\/a><\/span><\/span><\/span><\/p>\r\n\r\n<p style=\"text-align:justify\"><span style=\"font-size:11pt\"><span style=\"line-height:normal\"><span calibri=\"\" style=\"font-family:\"><a href=\"https:\/\/indiantextilejournal.com\/itma-2023-wraps-up-with-resounding-industry-triumph\/\" style=\"color:blue; text-decoration:underline\"><span style=\"font-size:14.0pt\">ITMA 2023 wraps up with resounding industry triumph<\/span><\/a><\/span><\/span><\/span><\/p>\r\n\r\n<p style=\"text-align:justify\"><span style=\"font-size:11pt\"><span style=\"line-height:normal\"><span calibri=\"\" style=\"font-family:\"><a href=\"https:\/\/www.fibre2fashion.com\/industry-article\/9674\/investments-in-new-textile-machinery-since-2000\" style=\"color:blue; text-decoration:underline\"><span style=\"font-size:14.0pt\">Investments in New Textile Machinery Since 2000<\/span><\/a><\/span><\/span><\/span><\/p>\r\n\r\n<p style=\"text-align:justify\"><span style=\"font-size:11pt\"><span style=\"line-height:normal\"><span calibri=\"\" style=\"font-family:\"><a href=\"https:\/\/portugaltextil.com\/fibrenamics-organiza-conferencia-internacional\/?utm_term=Portugal+Textil+-+2023-06-16%3ADATEFORMAT%3Ad.m.Y&amp;utm_campaign=Portugal+Textil+FInal&amp;utm_source=e-goi&amp;utm_medium=email&amp;eg_sub=ef749a4dff&amp;eg_cam=af31349daf58c0bece738232813421ec&amp;eg_list=6\" style=\"color:blue; text-decoration:underline\"><span style=\"font-size:14.0pt\">Fibrenamics organiza confer&ecirc;ncia internacional<\/span><\/a><\/span><\/span><\/span><\/p>\r\n\r\n<p style=\"text-align:justify\"><span style=\"font-size:11pt\"><span style=\"line-height:normal\"><span calibri=\"\" style=\"font-family:\"><a href=\"http:\/\/cueroamerica.info\/wpnews\/2023\/06\/abicalcados-calcula-que-en-2023-brasil-aumentara-un-3-el-consumo-de-calzado\/?utm_source=email_marketing&amp;utm_admin=28519&amp;utm_medium=email&amp;utm_campaign=NOTICIAS_de_las_Industrias_del_Calzado_Cuero_Marroquinera_y_Moda\" style=\"color:blue; text-decoration:underline\"><span style=\"font-size:14.0pt\">Abical&ccedil;ados calcula que en 2023 Brasil aumentar&aacute; un 3% el consumo de calzado<\/span><\/a><\/span><\/span><\/span><\/p>\r\n\r\n<p style=\"text-align:justify\"><span style=\"font-size:11pt\"><span style=\"line-height:normal\"><span calibri=\"\" style=\"font-family:\"><a href=\"https:\/\/www.abrafiltros.org.br\/noticias.asp?noticia=1829\" style=\"color:blue; text-decoration:underline\"><span style=\"font-size:14.0pt\">Abrafiltros promove curso t&eacute;cnico e on-line na &aacute;rea de filtra&ccedil;&atilde;o industrial<\/span><\/a><\/span><\/span><\/span><\/p>\r\n\r\n<p style=\"text-align:justify\"><span style=\"font-size:11pt\"><span style=\"line-height:normal\"><span calibri=\"\" style=\"font-family:\"><a href=\"https:\/\/plasticosemrevista.com.br\/pebd-e-pebdl-o-filme-chines-de-terror\/\" style=\"color:blue; text-decoration:underline\"><span style=\"font-size:14.0pt\">PEBD e PEBDL: o filme chin&ecirc;s de terror<\/span><\/a><\/span><\/span><\/span><\/p>\r\n\r\n<p class=\"MsoTitle\" style=\"text-align:justify\"><span style=\"font-size:28pt\"><span cambria=\"\" style=\"font-family:\"><span style=\"letter-spacing:-0.5pt\"><b><span style=\"font-size:18.0pt\"><span calibri=\"\" style=\"font-family:\"><span style=\"font-variant:small-caps\">Ind&uacute;stria<\/span><\/span><\/span><\/b><\/span><\/span><\/span><\/p>\r\n\r\n<p style=\"text-align:justify\"><span style=\"font-size:11pt\"><span style=\"line-height:normal\"><span calibri=\"\" style=\"font-family:\"><a href=\"https:\/\/noticias.portaldaindustria.com.br\/noticias\/economia\/confianca-da-industria-volta-a-subir-apos-tres-meses-de-queda-diz-cni\/\" style=\"color:blue; text-decoration:underline\"><span style=\"font-size:14.0pt\">Confian&ccedil;a da ind&uacute;stria volta a subir ap&oacute;s tr&ecirc;s meses de queda, diz CNI<\/span><\/a><\/span><\/span><\/span><\/p>\r\n\r\n<p style=\"text-align:justify\"><span style=\"font-size:11pt\"><span style=\"line-height:normal\"><span calibri=\"\" style=\"font-family:\"><a href=\"https:\/\/autoesporte.globo.com\/industria\/noticia\/2023\/06\/programa-para-carros-populares-deve-durar-um-mes-e-contemplar-ate-120-mil-veiculos.ghtml\" style=\"color:blue; text-decoration:underline\"><span style=\"font-size:14.0pt\">Programa para carros populares deve durar um m&ecirc;s. Presidente da Anfavea afirmou que programa &eacute; de curto prazo e n&atilde;o ser&aacute; renovado<\/span><\/a><\/span><\/span><\/span><\/p>\r\n\r\n<p style=\"text-align:justify\"><span style=\"font-size:11pt\"><span style=\"line-height:normal\"><span calibri=\"\" style=\"font-family:\"><a href=\"https:\/\/monitormercantil.com.br\/lula-lancara-novo-pac-a-partir-de-2-de-julho\/\" style=\"color:blue; text-decoration:underline\"><span style=\"font-size:14.0pt\">Lula lan&ccedil;ar&aacute; Novo PAC a partir de 2 de julho<\/span><\/a><\/span><\/span><\/span><\/p>\r\n\r\n<p class=\"MsoTitle\" style=\"text-align:justify\"><span style=\"font-size:28pt\"><span cambria=\"\" style=\"font-family:\"><span style=\"letter-spacing:-0.5pt\"><b><span style=\"font-size:18.0pt\"><span calibri=\"\" style=\"font-family:\"><span style=\"font-variant:small-caps\">Sustentabilidade<\/span><\/span><\/span><\/b><\/span><\/span><\/span><\/p>\r\n\r\n<p style=\"text-align:justify\"><span style=\"font-size:11pt\"><span style=\"line-height:normal\"><span calibri=\"\" style=\"font-family:\"><a href=\"https:\/\/noticias.portaldaindustria.com.br\/noticias\/sustentabilidade\/cni-apresenta-ao-governo-proposta-de-mercado-regulado-de-carbono\/\" style=\"color:blue; text-decoration:underline\"><span style=\"font-size:14.0pt\">CNI apresenta ao governo proposta de mercado regulado de carbono<\/span><\/a><\/span><\/span><\/span><\/p>\r\n\r\n<p style=\"text-align:justify\"><span style=\"font-size:11pt\"><span style=\"line-height:normal\"><span calibri=\"\" style=\"font-family:\"><a href=\"https:\/\/conectaverde.com.br\/os-principios-da-economia-circular\/?utm_campaign=coluna_verde_-_artigo_larissa&amp;utm_medium=email&amp;utm_source=RD+Station\" style=\"color:blue; text-decoration:underline\"><span style=\"font-size:14.0pt\">Os princ&iacute;pios da Economia Circular<\/span><\/a><\/span><\/span><\/span><\/p>\r\n\r\n<p style=\"text-align:justify\"><span style=\"font-size:11pt\"><span style=\"line-height:normal\"><span calibri=\"\" style=\"font-family:\"><a href=\"https:\/\/tissueonline.com.br\/fabricante-chinesa-lanca-absorventes-menstruais-ecologicos-a-base-de-bambu\/?utm_campaign=newsletter_16062023_novo_modelo&amp;utm_medium=email&amp;utm_source=RD+Station\" style=\"color:blue; text-decoration:underline\"><span style=\"font-size:14.0pt\">Fabricante chinesa lan&ccedil;a absorventes menstruais ecol&oacute;gicos &agrave; base de bambu<\/span><\/a><\/span><\/span><\/span><\/p>\r\n\r\n<p style=\"text-align:justify\"><span style=\"font-size:11pt\"><span style=\"line-height:normal\"><span calibri=\"\" style=\"font-family:\"><a href=\"https:\/\/tissueonline.com.br\/kimberly-clark-mexico-lanca-absorventes-menstruais-100-biodegradaveis\/?utm_campaign=newsletter_16062023_novo_modelo&amp;utm_medium=email&amp;utm_source=RD+Station\" style=\"color:blue; text-decoration:underline\"><span style=\"font-size:14.0pt\">Kimberly-Clark M&eacute;xico lan&ccedil;a absorventes menstruais 100% biodegrad&aacute;veis<\/span><\/a><\/span><\/span><\/span><\/p>\r\n\r\n<p class=\"MsoTitle\" style=\"text-align:justify\"><span style=\"font-size:28pt\"><span cambria=\"\" style=\"font-family:\"><span style=\"letter-spacing:-0.5pt\"><b><span style=\"font-size:18.0pt\"><span calibri=\"\" style=\"font-family:\"><span style=\"font-variant:small-caps\">Inova&ccedil;&atilde;o<\/span><\/span><\/span><\/b><\/span><\/span><\/span><\/p>\r\n\r\n<p style=\"text-align:justify\"><span style=\"font-size:11pt\"><span style=\"line-height:normal\"><span calibri=\"\" style=\"font-family:\"><a href=\"https:\/\/olhardigital.com.br\/2023\/06\/14\/ciencia-e-espaco\/como-fraldas-usadas-podem-revolucionar-a-construcao-civil\/\" style=\"color:blue; text-decoration:underline\"><span style=\"font-size:14.0pt\">Como fraldas usadas podem revolucionar a constru&ccedil;&atilde;o civil<\/span><\/a><\/span><\/span><\/span><\/p>\r\n\r\n<p style=\"text-align:justify\"><span style=\"font-size:11pt\"><span style=\"line-height:normal\"><span calibri=\"\" style=\"font-family:\"><a href=\"https:\/\/techxplore.com\/news\/2023-06-fabric-temperature-flip.html?utm_source=nwletter&amp;utm_medium=email&amp;utm_campaign=daily-nwletter\" style=\"color:blue; text-decoration:underline\"><span style=\"font-size:14.0pt\">Researchers design a fabric that actively regulates temperature with the flip of a switch<\/span><\/a><\/span><\/span><\/span><\/p>\r\n\r\n<p style=\"text-align:justify\"><span style=\"font-size:11pt\"><span style=\"line-height:normal\"><span calibri=\"\" style=\"font-family:\"><a href=\"https:\/\/www.gov.br\/ana\/pt-br\/assuntos\/noticias-e-eventos\/noticias\/primeira-jornada-da-inovacao-em-recursos-hidricos-e-saneamento-basico-da-ana-comeca-em-brasilia\" style=\"color:blue; text-decoration:underline\"><span style=\"font-size:14.0pt\">Primeira Jornada da Inova&ccedil;&atilde;o em Recursos H&iacute;dricos e Saneamento B&aacute;sico da ANA come&ccedil;a em Bras&iacute;lia<\/span><\/a><\/span><\/span><\/span><\/p>\r\n\r\n<p class=\"MsoTitle\" style=\"text-align:justify\"><span style=\"font-size:28pt\"><span cambria=\"\" style=\"font-family:\"><span style=\"letter-spacing:-0.5pt\"><b><span style=\"font-size:18.0pt\"><span calibri=\"\" style=\"font-family:\"><span style=\"font-variant:small-caps\">Com&eacute;rcio Exterior<\/span><\/span><\/span><\/b><\/span><\/span><\/span><\/p>\r\n\r\n<p style=\"text-align:justify\"><span style=\"font-size:11pt\"><span style=\"line-height:normal\"><span calibri=\"\" style=\"font-family:\"><a href=\"https:\/\/exclusivo.com.br\/_conteudo\/negocios\/2023\/06\/15\/exportacoes-de-calcados-caem-quase-20--em-volume.html\" style=\"color:blue; text-decoration:underline\"><span style=\"font-size:14.0pt\">Abical&ccedil;ados: exporta&ccedil;&otilde;es de cal&ccedil;ados caem quase 20% em volume<\/span><\/a><\/span><\/span><\/span><\/p>\r\n\r\n<p style=\"text-align:justify\"><span style=\"font-size:11pt\"><span style=\"line-height:normal\"><span calibri=\"\" style=\"font-family:\"><a href=\"https:\/\/www12.senado.leg.br\/noticias\/materias\/2023\/06\/15\/aprovada-cooperacao-consular-no-mercosul\" style=\"color:blue; text-decoration:underline\"><span style=\"font-size:14.0pt\">Aprovada coopera&ccedil;&atilde;o consular no Mercosul<\/span><\/a><\/span><\/span><\/span><\/p>\r\n\r\n<p style=\"text-align:justify\"><span style=\"font-size:11pt\"><span style=\"line-height:normal\"><span calibri=\"\" style=\"font-family:\"><a href=\"https:\/\/www12.senado.leg.br\/noticias\/materias\/2023\/06\/15\/vai-a-promulgacao-acordo-brasil-uruguai-para-fim-de-dupla-tributacao-sobre-renda\" style=\"color:blue; text-decoration:underline\"><span style=\"font-size:14.0pt\">Vai a promulga&ccedil;&atilde;o acordo Brasil-Uruguai para fim de dupla tributa&ccedil;&atilde;o sobre renda<\/span><\/a><\/span><\/span><\/span><\/p>\r\n\r\n<p style=\"text-align:justify\"><span style=\"font-size:11pt\"><span style=\"line-height:normal\"><span calibri=\"\" style=\"font-family:\"><a href=\"https:\/\/epbr.com.br\/uniao-europeia-e-argentina-assinam-acordo-de-materias-primas-com-foco-em-litio\/?utm_source=newsletters+epbr&amp;utm_campaign=a148002f48-mais-lidas_COPY_01&amp;utm_medium=email&amp;utm_term=0_5931171aac-a148002f48-466362780\" style=\"color:blue; text-decoration:underline\"><span style=\"font-size:14.0pt\">Uni&atilde;o Europeia e Argentina assinam acordo de mat&eacute;rias-primas com foco em l&iacute;tio<\/span><\/a><\/span><\/span><\/span><\/p>\r\n\r\n<p style=\"text-align:justify\"><span style=\"font-size:11pt\"><span style=\"line-height:normal\"><span calibri=\"\" style=\"font-family:\"><a href=\"https:\/\/apexbrasil.com.br\/content\/apexbrasil\/br\/pt\/conteudo\/noticias\/painel-comercio-da-apexbrasil-auxilia-empresas-e-governos-a-toma.html#msdynttrid=mV-Jyr4Os8iVNAAeWx8P2mEvQAlUE941oAPdhjQDTw4\" style=\"color:blue; text-decoration:underline\"><span style=\"font-size:14.0pt\">Painel de Com&eacute;rcio da ApexBrasil auxilia empresas e governos a tomarem decis&otilde;es sobre exporta&ccedil;&atilde;o<\/span><\/a><\/span><\/span><\/span><\/p>\r\n\r\n<p style=\"text-align:justify\"><span style=\"font-size:11pt\"><span style=\"line-height:normal\"><span calibri=\"\" style=\"font-family:\"><a href=\"https:\/\/static.portaldaindustria.com.br\/media\/filer_public\/74\/31\/7431fb7a-a341-4eb4-8fb5-5618bfa0b1e7\/apc_8_analise-v4.pdf\" style=\"color:blue; text-decoration:underline\"><span style=\"font-size:14.0pt\">Rela&ccedil;&otilde;es econ&ocirc;micas entre Brasil e Estados Unidos: prioridades da ind&uacute;stria<\/span><\/a><\/span><\/span><\/span><\/p>\r\n\r\n<p class=\"MsoTitle\" style=\"text-align:justify\"><span style=\"font-size:28pt\"><span cambria=\"\" style=\"font-family:\"><span style=\"letter-spacing:-0.5pt\"><b><span style=\"font-size:18.0pt\"><span calibri=\"\" style=\"font-family:\"><span style=\"font-variant:small-caps\">Economia<\/span><\/span><\/span><\/b><\/span><\/span><\/span><\/p>\r\n\r\n<p style=\"text-align:justify\"><span style=\"font-size:11pt\"><span style=\"line-height:normal\"><span calibri=\"\" style=\"font-family:\"><a href=\"https:\/\/www.bcb.gov.br\/content\/focus\/focus\/R20230616.pdf\" style=\"color:blue; text-decoration:underline\"><span style=\"font-size:14.0pt\">Focus &ndash; Relat&oacute;rio de Mercado<\/span><\/a><\/span><\/span><\/span><\/p>\r\n\r\n<p style=\"text-align:justify\"><span style=\"font-size:11pt\"><span style=\"line-height:normal\"><span calibri=\"\" style=\"font-family:\"><a href=\"https:\/\/exclusivo.com.br\/_conteudo\/negocios\/2023\/06\/13\/aprovada-em-comissao-do-senado-prorrogacao-da-desoneracao-da-folha-segue-para-camara.html\" style=\"color:blue; text-decoration:underline\"><span style=\"font-size:14.0pt\">Aprovada em comiss&atilde;o do Senado, prorroga&ccedil;&atilde;o da desonera&ccedil;&atilde;o da folha segue para C&acirc;mara<\/span><\/a><\/span><\/span><\/span><\/p>\r\n\r\n<p style=\"text-align:justify\"><span style=\"font-size:11pt\"><span style=\"line-height:normal\"><span calibri=\"\" style=\"font-family:\"><a href=\"https:\/\/ibre.fgv.br\/blog-da-conjuntura-economica\/artigos\/estudo-do-fgv-ibre-mostra-que-mercado-de-trabalho-pode-estar\" style=\"color:blue; text-decoration:underline\"><span style=\"font-size:14.0pt\">Estudo do FGV IBRE mostra que mercado de trabalho pode estar menos aquecido do que aparenta<\/span><\/a><\/span><\/span><\/span><\/p>\r\n\r\n<p style=\"text-align:justify\"><span style=\"font-size:11pt\"><span style=\"line-height:normal\"><span calibri=\"\" style=\"font-family:\"><a href=\"https:\/\/www.businessinsider.com\/china-debt-economy-implode-stock-market-wall-street-xi-jinping-2023-6?utm_source=Sailthru&amp;utm_medium=email&amp;utm_campaign=Insider%20Today%20-%20Sunday%20-%20June%2018&amp;utm_term=INSIDER%20WEEKLY%20-%20ALL%20ENGAGED\" style=\"color:blue; text-decoration:underline\"><span style=\"font-size:14.0pt\">China&rsquo;s economy is way more screwed than anyone thought<\/span><\/a><\/span><\/span><\/span><\/p>\r\n\r\n<p style=\"text-align:justify\"><span style=\"font-size:11pt\"><span style=\"line-height:normal\"><span calibri=\"\" style=\"font-family:\"><a href=\"https:\/\/www.fibre2fashion.com\/news\/textile-news\/ecb-raises-3-key-interest-rates-by-25-bps-eu-inflation-to-remain-high-288262-newsdetails.htm\" style=\"color:blue; text-decoration:underline\"><span style=\"font-size:14.0pt\">ECB raises 3 key interest rates by 25 bps; EU inflation to remain high<\/span><\/a><\/span><\/span><\/span><\/p>\r\n","6":"<p style=\"text-align:justify\"><span style=\"font-size:11pt\"><span style=\"line-height:normal\"><span calibri=\"\" style=\"font-family:\"><span style=\"font-size:14.0pt\">Esta &eacute; uma compila&ccedil;&atilde;o das not&iacute;cias mais relevantes para o setor, incluindo informa&ccedil;&otilde;es sobre acordos internacionais, economia brasileira, sustentabilidade e mat&eacute;rias primas, al&eacute;m de novidades do setor de N&atilde;otecidos e Tecidos T&eacute;cnicos.<\/span><\/span><\/span><\/span><\/p>\r\n\r\n<p class=\"MsoTitleCxSpLast\" style=\"text-align:justify\"><span style=\"font-size:28pt\"><span cambria=\"\" style=\"font-family:\"><span style=\"letter-spacing:-0.5pt\"><b><span style=\"font-size:18.0pt\"><span calibri=\"\" style=\"font-family:\"><span style=\"font-variant:small-caps\">Not&iacute;cias das Associadas<\/span><\/span><\/span><\/b><\/span><\/span><\/span><\/p>\r\n\r\n<p style=\"text-align:justify\"><span style=\"font-size:11pt\"><span style=\"line-height:normal\"><span calibri=\"\" style=\"font-family:\"><a href=\"https:\/\/www.technicaltextile.net\/news\/austria-s-andritz-introduces-new-pilot-line-for-eco-friendly-nonwovens-288199.html\" style=\"color:blue; text-decoration:underline\"><span style=\"font-size:14.0pt\">Austria&#39;s Andritz introduces new pilot line for eco-friendly nonwovens<\/span><\/a><\/span><\/span><\/span><\/p>\r\n\r\n<p style=\"text-align:justify\"><span style=\"font-size:11pt\"><span style=\"line-height:normal\"><span calibri=\"\" style=\"font-family:\"><a href=\"https:\/\/www.technicaltextile.net\/news\/germany-s-freudenberg-launches-packaging-solution-for-tech-industries-288200.html\" style=\"color:blue; text-decoration:underline\"><span style=\"font-size:14.0pt\">Germany&#39;s Freudenberg launches packaging solution for tech industries<\/span><\/a><\/span><\/span><\/span><\/p>\r\n\r\n<p class=\"MsoTitle\" style=\"text-align:justify\"><span style=\"font-size:28pt\"><span cambria=\"\" style=\"font-family:\"><span style=\"letter-spacing:-0.5pt\"><b><span style=\"font-size:18.0pt\"><span calibri=\"\" style=\"font-family:\"><span style=\"font-variant:small-caps\">A&ccedil;&otilde;es da ABINT<\/span><\/span><\/span><\/b><\/span><\/span><\/span><\/p>\r\n\r\n<p style=\"text-align:justify\"><span style=\"font-size:11pt\"><span style=\"line-height:normal\"><span calibri=\"\" style=\"font-family:\"><a href=\"https:\/\/www.aesabesp.org.br\/2023\/06\/16\/momentos-de-tecnologia-aesabesp-ctg-abint-destaca-importancia-dos-geossinteticos\/\" style=\"color:blue; text-decoration:underline\"><span style=\"font-size:14.0pt\">Momentos de Tecnologia AESabesp: CTG ABINT destaca import&acirc;ncia dos geossint&eacute;ticos<\/span><\/a><\/span><\/span><\/span><\/p>\r\n\r\n<p style=\"text-align:justify\">&nbsp;<\/p>\r\n\r\n<p style=\"text-align:justify\"><img src=\"https:\/\/www.abint.org.br\/assets\/img\/editor\/20230627-live-post-redes_20230620165220rlAZsbywT1.jpeg\" style=\"width: 400px; height: 400px;\" \/><\/p>\r\n\r\n<p style=\"text-align:justify\"><span style=\"font-size:12pt\"><span new=\"\" roman=\"\" style=\"font-family:\" times=\"\"><span style=\"font-size:14.0pt\"><span calibri=\"\" style=\"font-family:\">No dia <\/span><\/span><strong><span style=\"font-size:14.0pt\"><span calibri=\"\" style=\"font-family:\">27\/06, &agrave;s 18h<\/span><\/span><\/strong><span style=\"font-size:14.0pt\"><span calibri=\"\" style=\"font-family:\">, o <\/span><\/span><strong><span style=\"font-size:14.0pt\"><span calibri=\"\" style=\"font-family:\">CTG ABINT<\/span><\/span><\/strong><span style=\"font-size:14.0pt\"><span calibri=\"\" style=\"font-family:\"> reunir&aacute; especialistas para debater sobre a <\/span><\/span><a href=\"https:\/\/www.youtube.com\/live\/IIrwQPqRc18?feature=share\" style=\"color:blue; text-decoration:underline\"><span style=\"font-size:14.0pt\"><span calibri=\"\" style=\"font-family:\">Contrata&ccedil;&atilde;o T&eacute;cnica de Servi&ccedil;os de Instala&ccedil;&atilde;o de Geomembranas<\/span><\/span><\/a><span style=\"font-size:14.0pt\"><span calibri=\"\" style=\"font-family:\">.<\/span><\/span><\/span><\/span><\/p>\r\n\r\n<p style=\"text-align:justify\"><span style=\"font-size:11pt\"><span style=\"line-height:normal\"><span calibri=\"\" style=\"font-family:\"><span style=\"font-size:14.0pt\">A transmiss&atilde;o ser&aacute; aberta e gratuita, pelo canal do <b>Youtube da Geotecnia Brasil.<\/b><\/span><\/span><\/span><\/span><\/p>\r\n\r\n<p style=\"text-align:justify\"><span style=\"font-size:11pt\"><span style=\"line-height:normal\"><span calibri=\"\" style=\"font-family:\"><b><span style=\"font-size:14.0pt\">Ative o lembrete!<\/span><\/b><\/span><\/span><\/span><\/p>\r\n\r\n<p style=\"text-align:justify\">&nbsp;<\/p>\r\n\r\n<p style=\"text-align:justify\"><span style=\"font-size:11pt\"><span style=\"line-height:normal\"><span calibri=\"\" style=\"font-family:\"><b><span style=\"font-size:14.0pt\"><img src=\"https:\/\/www.abint.org.br\/assets\/img\/editor\/e-mail-marketing-curso_20230620165326SazaF5lOTU.jpg\" style=\"width: 400px; height: 560px;\" \/><\/span><\/b><\/span><\/span><\/span><\/p>\r\n\r\n<p style=\"text-align:justify\"><span style=\"font-size:28pt\"><span cambria=\"\" style=\"font-family:\"><span style=\"letter-spacing:-0.5pt\"><b><span style=\"font-size:14.0pt\"><span calibri=\"\" style=\"font-family:\"><span style=\"letter-spacing:0pt\">*** <\/span><\/span><\/span><\/b><\/span><\/span><\/span><span class=\"MsoHyperlink\" style=\"color:blue\"><span style=\"text-decoration:underline\"><b><span style=\"font-size:14.0pt\"><span style=\"line-height:115%\"><span calibri=\"\" style=\"font-family:\"><a href=\"https:\/\/www.abint.org.br\/informacao\/outros\/programacao-curso-abint-tecnologia-dos-naotecidos\" style=\"color:blue; text-decoration:underline\">Programa&ccedil;&atilde;o<\/a><\/span><\/span><\/span><\/b><\/span><\/span><span style=\"font-size:28pt\"><span cambria=\"\" style=\"font-family:\"><span style=\"letter-spacing:-0.5pt\"><b><span style=\"font-size:14.0pt\"><span calibri=\"\" style=\"font-family:\"><span style=\"letter-spacing:0pt\"> *** <\/span><\/span><\/span><\/b><a href=\"https:\/\/www.abint.org.br\/informacao\/outros\/informacoes-curso-abint-tecnologia-dos-naotecidos\" style=\"color:blue; text-decoration:underline\"><b><span style=\"font-size:14.0pt\"><span calibri=\"\" style=\"font-family:\"><span style=\"letter-spacing:0pt\">Informa&ccedil;&otilde;es<\/span><\/span><\/span><\/b><\/a><b><span style=\"font-size:14.0pt\"><span calibri=\"\" style=\"font-family:\"><span style=\"letter-spacing:0pt\"> *** <\/span><\/span><\/span><\/b><\/span><\/span><\/span><span style=\"font-size:11.0pt\"><span style=\"line-height:115%\"><span calibri=\"\" style=\"font-family:\"><a href=\"https:\/\/forms.gle\/E5bZXpiNh7wZ9kcQ6\" style=\"color:blue; text-decoration:underline\"><b><span style=\"font-size:14.0pt\"><span style=\"line-height:115%\">Inscri&ccedil;&otilde;es<\/span><\/span><\/b><\/a><b><span style=\"font-size:14.0pt\"><span style=\"line-height:115%\"> ***<\/span><\/span><\/b><\/span><\/span><\/span><\/p>\r\n\r\n<p style=\"text-align:justify\">&nbsp;<\/p>\r\n\r\n<p style=\"text-align:justify\"><span style=\"font-size:11.0pt\"><span style=\"line-height:115%\"><span calibri=\"\" style=\"font-family:\"><b><span style=\"font-size:14.0pt\"><span style=\"line-height:115%\"><img src=\"https:\/\/www.abint.org.br\/assets\/img\/editor\/e-mail-mkt-curso-geomembranas-qrcodelogos_20230620165529rlKwAieNVI.JPG\" style=\"width: 400px; height: 300px;\" \/><\/span><\/span><\/b><\/span><\/span><\/span><\/p>\r\n\r\n<p style=\"text-align:justify\"><span style=\"font-size:11pt\"><span style=\"line-height:normal\"><span calibri=\"\" style=\"font-family:\"><b><span style=\"font-size:14.0pt\">Nos dias 04 a 07 de julho o CTG ABINT realizar&aacute; o 1&ordm; Curso Brasileiro de Instala&ccedil;&atilde;o de Geomembranas, no Instituto Mau&aacute; de Tecnologia.<\/span><\/b><\/span><\/span><\/span><\/p>\r\n\r\n<p style=\"text-align:justify\"><span style=\"font-size:11pt\"><span style=\"line-height:normal\"><span calibri=\"\" style=\"font-family:\"><a href=\"https:\/\/www.eventbrite.com.br\/e\/1o-curso-brasileiro-de-instalacao-de-geomembranas-tickets-645407429997\" style=\"color:blue; text-decoration:underline\"><span style=\"font-size:14.0pt\">Informa&ccedil;&otilde;es<\/span><\/a><\/span><\/span><\/span><\/p>\r\n\r\n<p style=\"text-align:justify\">&nbsp;<\/p>\r\n\r\n<p style=\"text-align:justify\"><span style=\"font-size:11pt\"><span style=\"line-height:normal\"><span calibri=\"\" style=\"font-family:\"><span style=\"font-size:14.0pt\"><img src=\"https:\/\/www.abint.org.br\/assets\/img\/editor\/ctg-patrocinador-regeo-2023_20230620165619xfZZRnNChK.jpeg\" style=\"width: 400px; height: 400px;\" \/><\/span><\/span><\/span><\/span><\/p>\r\n\r\n<p style=\"text-align:justify\"><span style=\"font-size:11pt\"><span style=\"line-height:normal\"><span calibri=\"\" style=\"font-family:\"><b><span style=\"font-size:14.0pt\"><span style=\"font-variant:small-caps\">O CTG ABINT <\/span><\/span><\/b><b><span style=\"font-size:14.0pt\">marcar&aacute; presen&ccedil;a<\/span><\/b><span style=\"font-size:14.0pt\"> nos eventos <b>X Congresso Brasileiro de Geotecnia Ambiental &amp; IX Congresso Brasileiro de Geossint&eacute;ticos - REGEO&rsquo;23 &amp; Geossint&eacute;ticos&rsquo;23<\/b>, que ocorrer&atilde;o de 18 a 21 de julho de 2023, Centro Universit&aacute;rio Jorge Amado &ndash; UNIJORGE, Salvador, BA.<\/span><\/span><\/span><\/span><\/p>\r\n\r\n<p style=\"text-align:justify\"><span style=\"font-size:11.0pt\"><span style=\"line-height:115%\"><span calibri=\"\" style=\"font-family:\"><a href=\"https:\/\/regeogeossinteticos23.com.br\/\" style=\"color:blue; text-decoration:underline\"><span style=\"font-size:14.0pt\"><span style=\"line-height:115%\">Mais informa&ccedil;&otilde;es e inscri&ccedil;&otilde;es<\/span><\/span><\/a><\/span><\/span><\/span><\/p>\r\n\r\n<p style=\"text-align:justify\">&nbsp;<\/p>\r\n\r\n<p style=\"text-align:justify\"><span style=\"font-size:11.0pt\"><span style=\"line-height:115%\"><span calibri=\"\" style=\"font-family:\"><span style=\"font-size:14.0pt\"><span style=\"line-height:115%\"><img src=\"https:\/\/www.abint.org.br\/assets\/img\/editor\/minicurso-fernando-regeo-2023_202306201656511P8LOaKpOZ.jpeg\" style=\"width: 400px; height: 400px;\" \/><\/span><\/span><\/span><\/span><\/span><\/p>\r\n\r\n<p style=\"text-align:justify\"><span style=\"font-size:11pt\"><span style=\"line-height:normal\"><span calibri=\"\" style=\"font-family:\"><b><span style=\"font-size:14.0pt\">O Prof. Dr. Fernando Lavoie, Coordenador do CTG ABINT, ministrar&aacute; Minicurso durante o Regeo&rsquo;23 &amp; Geossint&eacute;ticos&rsquo;23.<\/span><\/b><\/span><\/span><\/span><\/p>\r\n\r\n<p style=\"text-align:justify\"><span style=\"font-size:11.0pt\"><span style=\"line-height:115%\"><span calibri=\"\" style=\"font-family:\"><a href=\"https:\/\/regeogeossinteticos23.com.br\/inscricoes\/\" style=\"color:blue; text-decoration:underline\"><span style=\"font-size:14.0pt\"><span style=\"line-height:115%\">Inscreva-se!<\/span><\/span><\/a><\/span><\/span><\/span><\/p>\r\n\r\n<p style=\"text-align:justify\">&nbsp;<\/p>\r\n\r\n<p style=\"text-align:justify\"><span style=\"font-size:11pt\"><span style=\"line-height:normal\"><span calibri=\"\" style=\"font-family:\"><b><span style=\"font-size:18.0pt\"><span style=\"font-variant:small-caps\">Eventos<\/span><\/span><\/b><\/span><\/span><\/span><\/p>\r\n\r\n<p style=\"text-align:justify\"><span style=\"font-size:11pt\"><span style=\"line-height:normal\"><span calibri=\"\" style=\"font-family:\"><b><span style=\"font-size:14.0pt\">Webinar Tech Day: Grafeno, Ensaios em Pl&aacute;sticos e Economia Circular,<\/span><\/b><span style=\"font-size:14.0pt\"> 21 de junho de 2023. <\/span><a href=\"https:\/\/www.webcastlive.com.br\/aspen\/\" style=\"color:blue; text-decoration:underline\"><span style=\"font-size:14.0pt\">Informa&ccedil;&otilde;es<\/span><\/a> <\/span><\/span><\/span><\/p>\r\n\r\n<p style=\"text-align:justify\"><span style=\"font-size:11pt\"><span style=\"line-height:normal\"><span calibri=\"\" style=\"font-family:\"><b><span style=\"font-size:14.0pt\">Anahp | Webinar: Estrat&eacute;gias operacionais para reduzir custos nas institui&ccedil;&otilde;es hospitalares | Cases<\/span><\/b><span style=\"font-size:14.0pt\">, 22 de junho de 2023, 10h. <\/span><a href=\"https:\/\/anahp.zoom.us\/webinar\/register\/WN_E32kmAK7Q1GS7A3yPnb74A?utm_campaign=emkt_-_jornada_digital_-_2206_-_estrategias_operacionais&amp;utm_medium=email&amp;utm_source=RD+Station#\/registration\" style=\"color:blue; text-decoration:underline\"><span style=\"font-size:14.0pt\">Informa&ccedil;&otilde;es<\/span><\/a> <\/span><\/span><\/span><\/p>\r\n\r\n<p style=\"text-align:justify\"><span style=\"font-size:11pt\"><span style=\"line-height:normal\"><span calibri=\"\" style=\"font-family:\"><b><span style=\"font-size:14.0pt\">Apex Brasil | Introdu&ccedil;&atilde;o ao e-commerce Internacional<\/span><\/b><span style=\"font-size:14.0pt\">, 22 de junho de 2023, das 8h30 &agrave;s 12h30, evento online. <\/span><a href=\"https:\/\/click.apexbrasil.com.br\/mkt\/OficinadeCompetitividade\/OficinadeCompetitividade_junho2023.pdf#msdynttrid=nE-ALUwLx6zLKXBX1Ob3Todz5RuI7-aS7bUNiQ2Pa9c\" style=\"color:blue; text-decoration:underline\"><span style=\"font-size:14.0pt\">Informa&ccedil;&otilde;es<\/span><\/a> <\/span><\/span><\/span><\/p>\r\n\r\n<p style=\"text-align:justify\"><span style=\"font-size:11pt\"><span style=\"line-height:normal\"><span calibri=\"\" style=\"font-family:\"><b><span style=\"font-size:14.0pt\">FGV IBRE | Inscreva-se no evento IX Semin&aacute;rio Anual de Pol&iacute;tica Monet&aacute;ria<\/span><\/b><span style=\"font-size:14.0pt\">, 23 de junho (sexta-feira), 10h &agrave;s 11h30, transmiss&atilde;o via YouTube. <\/span><a href=\"https:\/\/evento.fgv.br\/ixseminarioanual_2306\/\" style=\"color:blue; text-decoration:underline\"><span style=\"font-size:14.0pt\">Informa&ccedil;&otilde;es<\/span><\/a> <\/span><\/span><\/span><\/p>\r\n\r\n<p style=\"text-align:justify\"><span style=\"font-size:11pt\"><span style=\"line-height:normal\"><span calibri=\"\" style=\"font-family:\"><b><span style=\"font-size:14.0pt\">SOBECC | I Simp&oacute;sio de preven&ccedil;&atilde;o e controle de infec&ccedil;&atilde;o do S&iacute;tio Cir&uacute;rgico APECIH\/SOBECC<\/span><\/b><span style=\"font-size:14.0pt\">, 24 de junho de 2023, das 08h00 &agrave;s 18h30, evento presencial. <\/span><a href=\"https:\/\/sobecc.org.br\/jornada-cientifica\/i-simposio-de-prevencao-e-controle-de-infeccao-do-sitio-cirurgico-apecih-sobecc\" style=\"color:blue; text-decoration:underline\"><span style=\"font-size:14.0pt\">Informa&ccedil;&otilde;es<\/span><\/a> <\/span><\/span><\/span><\/p>\r\n\r\n<p style=\"text-align:justify\"><span style=\"font-size:11pt\"><span style=\"line-height:normal\"><span calibri=\"\" style=\"font-family:\"><b><span style=\"font-size:14.0pt\">Abrafiltros | &ldquo;A import&acirc;ncia do Monitoramento de Material Particulado para minimizar as emiss&otilde;es e a otimiza&ccedil;&atilde;o de filtros de manga&rdquo;, <\/span><\/b><span style=\"font-size:14.0pt\">27 e 28 de junho de 2023, das 8h30 &agrave;s 12h, evento online. <\/span><a href=\"https:\/\/cursos.abrafiltros.org.br\/\" style=\"color:blue; text-decoration:underline\"><span style=\"font-size:14.0pt\">Informa&ccedil;&otilde;es<\/span><\/a> <\/span><\/span><\/span><\/p>\r\n\r\n<p style=\"text-align:justify\"><span style=\"font-size:11pt\"><span style=\"line-height:normal\"><span calibri=\"\" style=\"font-family:\"><b><span style=\"font-size:14.0pt\">INDA | Top Global Consumer Trends and Their Implications in the Wipes Sector<\/span><\/b><span style=\"font-size:14.0pt\">, June 28, 11:00 am &ndash; 11:45 am EDT. <\/span><a href=\"https:\/\/www.worldofwipes.org\/preconference-webinars.html\" style=\"color:blue; text-decoration:underline\"><span style=\"font-size:14.0pt\">Informa&ccedil;&otilde;es<\/span><\/a> <\/span><\/span><\/span><\/p>\r\n\r\n<p style=\"text-align:justify\"><span style=\"font-size:11pt\"><span style=\"line-height:normal\"><span calibri=\"\" style=\"font-family:\"><b><span style=\"font-size:14.0pt\">Curso ABNT Online | Simbologia de cuidados aplicada a etiquetagem de t&ecirc;xteis, <\/span><\/b><span style=\"font-size:14.0pt\">28 e 29 de junho de 2023, das 08h30 &agrave;s 17h30. <\/span><a href=\"https:\/\/www.abntcatalogo.com.br\/pcs.aspx?Q=ZlgyeVVtT2FtUjZPVlNmVDUrSkpmUWw0a2x2djdpais=\" style=\"color:blue; text-decoration:underline\"><span style=\"font-size:14.0pt\">Informa&ccedil;&otilde;es<\/span><\/a> <\/span><\/span><\/span><\/p>\r\n\r\n<p style=\"text-align:justify\"><span style=\"font-size:11pt\"><span style=\"line-height:normal\"><span calibri=\"\" style=\"font-family:\"><b><span style=\"font-size:14.0pt\">The 92nd Textile Institute World Conference: &ldquo;Sustainability of the Textile and Fashion Supply Chain &ndash; Transitioning to Zero Carbon and Zero Waste&rdquo;, <\/span><\/b><span style=\"font-size:14.0pt\">3-6 July 2023, University of Huddersfield, UK. <\/span><a href=\"https:\/\/www.textileinstitute.org\/events\/tiwc\/\" style=\"color:blue; text-decoration:underline\"><span style=\"font-size:14.0pt\">Informa&ccedil;&otilde;es<\/span><\/a> <\/span><\/span><\/span><\/p>\r\n\r\n<p style=\"text-align:justify\"><span style=\"font-size:11pt\"><span style=\"line-height:normal\"><span calibri=\"\" style=\"font-family:\"><b><span style=\"font-size:14.0pt\">IV Congreso Sudamericano de Composites, Poliuretano y Pl&aacute;sticos de Ingenier&iacute;a,<\/span><\/b><span style=\"font-size:14.0pt\"> 8 e 9 de agosto, Buenos Aires, Argentina. <\/span><a href=\"http:\/\/www.congresosudamericano.com\/blog.html\" style=\"color:blue; text-decoration:underline\"><span style=\"font-size:14.0pt\">Informa&ccedil;&otilde;es<\/span><\/a> <\/span><\/span><\/span><\/p>\r\n\r\n<p style=\"text-align:justify\"><span style=\"font-size:11pt\"><span style=\"line-height:normal\"><span calibri=\"\" style=\"font-family:\"><b><span style=\"font-size:14.0pt\">FIMMA BRASIL - Feira Internacional de Fornecedores da Cadeia Produtiva Madeira e M&oacute;veis<\/span><\/b><span style=\"font-size:14.0pt\">, 28 a 31 de agosto de 2023, das 10h &agrave;s 19h, Bento Gon&ccedil;alves, RS. <\/span><a href=\"https:\/\/fimma.com.br\/\" style=\"color:blue; text-decoration:underline\"><span style=\"font-size:14.0pt\">Informa&ccedil;&otilde;es<\/span><\/a> <\/span><\/span><\/span><\/p>\r\n\r\n<p style=\"text-align:justify\"><span style=\"font-size:11pt\"><span style=\"line-height:normal\"><span calibri=\"\" style=\"font-family:\"><b><span style=\"font-size:14.0pt\">22&ordf; FEBRAVA - Feira Internacional de Refrigera&ccedil;&atilde;o, Ar condicionado, Ventila&ccedil;&atilde;o, Aquecimento, Tratamento de Ar e de &Aacute;guas<\/span><\/b><span style=\"font-size:14.0pt\">, 12 a 15 de setembro de 2023, S&atilde;o Paulo Expo. <\/span><a href=\"https:\/\/www.febrava.com.br\/pt-br.html\" style=\"color:blue; text-decoration:underline\"><span style=\"font-size:14.0pt\">Informa&ccedil;&otilde;es<\/span><\/a> <\/span><\/span><\/span><\/p>\r\n\r\n<p style=\"text-align:justify\"><span style=\"font-size:11pt\"><span style=\"line-height:normal\"><span calibri=\"\" style=\"font-family:\"><b><span style=\"font-size:14.0pt\">CNI\/ SEBRAE | 10&ordm; Congresso Internacional da Inova&ccedil;&atilde;o da Ind&uacute;stria<\/span><\/b><span style=\"font-size:14.0pt\">, 27 e 28 de setembro de 2023, S&atilde;o Paulo Expo.<\/span> <a href=\"https:\/\/www.congressodeinovacao.com.br\/?utm_source=comext&amp;utm_medium=email&amp;utm_campaign=eventos&amp;utm_content=id00053#msdynttrid=gg5jXwSFR7qM4vHH2tKGau3cTwSFDneTjMUhrcPg7vE\" style=\"color:blue; text-decoration:underline\"><span style=\"font-size:14.0pt\">Informa&ccedil;&otilde;es<\/span><\/a> <\/span><\/span><\/span><\/p>\r\n\r\n<p style=\"text-align:justify\"><span style=\"font-size:11pt\"><span style=\"line-height:normal\"><span calibri=\"\" style=\"font-family:\"><b><span style=\"font-size:14.0pt\">FiltXPO&trade; 2023<\/span><\/b><span class=\"MsoHyperlink\" style=\"color:blue\"><span style=\"text-decoration:underline\"><span style=\"font-size:14.0pt\"><span style=\"text-decoration:none\"><span style=\"text-underline:none\">, <\/span><\/span><\/span><\/span><\/span><span style=\"font-size:14.0pt\">October 10-12, 2023 at Navy Pier in Chicago, Illinois<\/span><span class=\"MsoHyperlink\" style=\"color:blue\"><span style=\"text-decoration:underline\"><span style=\"font-size:14.0pt\"><span style=\"text-decoration:none\"><span style=\"text-underline:none\">. <\/span><\/span><\/span><\/span><\/span><a href=\"https:\/\/www.filtxpo.com\/\" style=\"color:blue; text-decoration:underline\"><span style=\"font-size:14.0pt\">Informa&ccedil;&otilde;es<\/span><\/a> <\/span><\/span><\/span><\/p>\r\n\r\n<p style=\"text-align:justify\"><span style=\"font-size:11pt\"><span style=\"line-height:normal\"><span calibri=\"\" style=\"font-family:\"><b><span style=\"font-size:14.0pt\">V Congreso Sudamericano de Composites, Poliuretano y Pl&aacute;sticos de Ingenier&iacute;a, <\/span><\/b><span style=\"font-size:14.0pt\">24 e 25 de outubro de 2023, Bogot&aacute;, Col&ocirc;mbia. <\/span><a href=\"http:\/\/www.congresosudamericano.com\/blog.html\" style=\"color:blue; text-decoration:underline\"><span style=\"font-size:14.0pt\">Informa&ccedil;&otilde;es<\/span><\/a> <\/span><\/span><\/span><\/p>\r\n\r\n<p class=\"MsoTitle\" style=\"text-align:justify\"><span style=\"font-size:28pt\"><span cambria=\"\" style=\"font-family:\"><span style=\"letter-spacing:-0.5pt\"><b><span style=\"font-size:18.0pt\"><span calibri=\"\" style=\"font-family:\"><span style=\"font-variant:small-caps\">Setor<\/span><\/span><\/span><\/b><\/span><\/span><\/span><\/p>\r\n\r\n<p style=\"text-align:justify\"><span style=\"font-size:11pt\"><span style=\"line-height:normal\"><span calibri=\"\" style=\"font-family:\"><a href=\"https:\/\/www.fibre2fashion.com\/industry-article\/9677\/global-trade-in-textile-machinery\" style=\"color:blue; text-decoration:underline\"><span style=\"font-size:14.0pt\">Global Trade in Textile Machinery<\/span><\/a><\/span><\/span><\/span><\/p>\r\n\r\n<p style=\"text-align:justify\"><span style=\"font-size:11pt\"><span style=\"line-height:normal\"><span calibri=\"\" style=\"font-family:\"><a href=\"https:\/\/indiantextilejournal.com\/itma-2023-wraps-up-with-resounding-industry-triumph\/\" style=\"color:blue; text-decoration:underline\"><span style=\"font-size:14.0pt\">ITMA 2023 wraps up with resounding industry triumph<\/span><\/a><\/span><\/span><\/span><\/p>\r\n\r\n<p style=\"text-align:justify\"><span style=\"font-size:11pt\"><span style=\"line-height:normal\"><span calibri=\"\" style=\"font-family:\"><a href=\"https:\/\/www.fibre2fashion.com\/industry-article\/9674\/investments-in-new-textile-machinery-since-2000\" style=\"color:blue; text-decoration:underline\"><span style=\"font-size:14.0pt\">Investments in New Textile Machinery Since 2000<\/span><\/a><\/span><\/span><\/span><\/p>\r\n\r\n<p style=\"text-align:justify\"><span style=\"font-size:11pt\"><span style=\"line-height:normal\"><span calibri=\"\" style=\"font-family:\"><a href=\"https:\/\/portugaltextil.com\/fibrenamics-organiza-conferencia-internacional\/?utm_term=Portugal+Textil+-+2023-06-16%3ADATEFORMAT%3Ad.m.Y&amp;utm_campaign=Portugal+Textil+FInal&amp;utm_source=e-goi&amp;utm_medium=email&amp;eg_sub=ef749a4dff&amp;eg_cam=af31349daf58c0bece738232813421ec&amp;eg_list=6\" style=\"color:blue; text-decoration:underline\"><span style=\"font-size:14.0pt\">Fibrenamics organiza confer&ecirc;ncia internacional<\/span><\/a><\/span><\/span><\/span><\/p>\r\n\r\n<p style=\"text-align:justify\"><span style=\"font-size:11pt\"><span style=\"line-height:normal\"><span calibri=\"\" style=\"font-family:\"><a href=\"http:\/\/cueroamerica.info\/wpnews\/2023\/06\/abicalcados-calcula-que-en-2023-brasil-aumentara-un-3-el-consumo-de-calzado\/?utm_source=email_marketing&amp;utm_admin=28519&amp;utm_medium=email&amp;utm_campaign=NOTICIAS_de_las_Industrias_del_Calzado_Cuero_Marroquinera_y_Moda\" style=\"color:blue; text-decoration:underline\"><span style=\"font-size:14.0pt\">Abical&ccedil;ados calcula que en 2023 Brasil aumentar&aacute; un 3% el consumo de calzado<\/span><\/a><\/span><\/span><\/span><\/p>\r\n\r\n<p style=\"text-align:justify\"><span style=\"font-size:11pt\"><span style=\"line-height:normal\"><span calibri=\"\" style=\"font-family:\"><a href=\"https:\/\/www.abrafiltros.org.br\/noticias.asp?noticia=1829\" style=\"color:blue; text-decoration:underline\"><span style=\"font-size:14.0pt\">Abrafiltros promove curso t&eacute;cnico e on-line na &aacute;rea de filtra&ccedil;&atilde;o industrial<\/span><\/a><\/span><\/span><\/span><\/p>\r\n\r\n<p style=\"text-align:justify\"><span style=\"font-size:11pt\"><span style=\"line-height:normal\"><span calibri=\"\" style=\"font-family:\"><a href=\"https:\/\/plasticosemrevista.com.br\/pebd-e-pebdl-o-filme-chines-de-terror\/\" style=\"color:blue; text-decoration:underline\"><span style=\"font-size:14.0pt\">PEBD e PEBDL: o filme chin&ecirc;s de terror<\/span><\/a><\/span><\/span><\/span><\/p>\r\n\r\n<p class=\"MsoTitle\" style=\"text-align:justify\"><span style=\"font-size:28pt\"><span cambria=\"\" style=\"font-family:\"><span style=\"letter-spacing:-0.5pt\"><b><span style=\"font-size:18.0pt\"><span calibri=\"\" style=\"font-family:\"><span style=\"font-variant:small-caps\">Ind&uacute;stria<\/span><\/span><\/span><\/b><\/span><\/span><\/span><\/p>\r\n\r\n<p style=\"text-align:justify\"><span style=\"font-size:11pt\"><span style=\"line-height:normal\"><span calibri=\"\" style=\"font-family:\"><a href=\"https:\/\/noticias.portaldaindustria.com.br\/noticias\/economia\/confianca-da-industria-volta-a-subir-apos-tres-meses-de-queda-diz-cni\/\" style=\"color:blue; text-decoration:underline\"><span style=\"font-size:14.0pt\">Confian&ccedil;a da ind&uacute;stria volta a subir ap&oacute;s tr&ecirc;s meses de queda, diz CNI<\/span><\/a><\/span><\/span><\/span><\/p>\r\n\r\n<p style=\"text-align:justify\"><span style=\"font-size:11pt\"><span style=\"line-height:normal\"><span calibri=\"\" style=\"font-family:\"><a href=\"https:\/\/autoesporte.globo.com\/industria\/noticia\/2023\/06\/programa-para-carros-populares-deve-durar-um-mes-e-contemplar-ate-120-mil-veiculos.ghtml\" style=\"color:blue; text-decoration:underline\"><span style=\"font-size:14.0pt\">Programa para carros populares deve durar um m&ecirc;s. Presidente da Anfavea afirmou que programa &eacute; de curto prazo e n&atilde;o ser&aacute; renovado<\/span><\/a><\/span><\/span><\/span><\/p>\r\n\r\n<p style=\"text-align:justify\"><span style=\"font-size:11pt\"><span style=\"line-height:normal\"><span calibri=\"\" style=\"font-family:\"><a href=\"https:\/\/monitormercantil.com.br\/lula-lancara-novo-pac-a-partir-de-2-de-julho\/\" style=\"color:blue; text-decoration:underline\"><span style=\"font-size:14.0pt\">Lula lan&ccedil;ar&aacute; Novo PAC a partir de 2 de julho<\/span><\/a><\/span><\/span><\/span><\/p>\r\n\r\n<p class=\"MsoTitle\" style=\"text-align:justify\"><span style=\"font-size:28pt\"><span cambria=\"\" style=\"font-family:\"><span style=\"letter-spacing:-0.5pt\"><b><span style=\"font-size:18.0pt\"><span calibri=\"\" style=\"font-family:\"><span style=\"font-variant:small-caps\">Sustentabilidade<\/span><\/span><\/span><\/b><\/span><\/span><\/span><\/p>\r\n\r\n<p style=\"text-align:justify\"><span style=\"font-size:11pt\"><span style=\"line-height:normal\"><span calibri=\"\" style=\"font-family:\"><a href=\"https:\/\/noticias.portaldaindustria.com.br\/noticias\/sustentabilidade\/cni-apresenta-ao-governo-proposta-de-mercado-regulado-de-carbono\/\" style=\"color:blue; text-decoration:underline\"><span style=\"font-size:14.0pt\">CNI apresenta ao governo proposta de mercado regulado de carbono<\/span><\/a><\/span><\/span><\/span><\/p>\r\n\r\n<p style=\"text-align:justify\"><span style=\"font-size:11pt\"><span style=\"line-height:normal\"><span calibri=\"\" style=\"font-family:\"><a href=\"https:\/\/conectaverde.com.br\/os-principios-da-economia-circular\/?utm_campaign=coluna_verde_-_artigo_larissa&amp;utm_medium=email&amp;utm_source=RD+Station\" style=\"color:blue; text-decoration:underline\"><span style=\"font-size:14.0pt\">Os princ&iacute;pios da Economia Circular<\/span><\/a><\/span><\/span><\/span><\/p>\r\n\r\n<p style=\"text-align:justify\"><span style=\"font-size:11pt\"><span style=\"line-height:normal\"><span calibri=\"\" style=\"font-family:\"><a href=\"https:\/\/tissueonline.com.br\/fabricante-chinesa-lanca-absorventes-menstruais-ecologicos-a-base-de-bambu\/?utm_campaign=newsletter_16062023_novo_modelo&amp;utm_medium=email&amp;utm_source=RD+Station\" style=\"color:blue; text-decoration:underline\"><span style=\"font-size:14.0pt\">Fabricante chinesa lan&ccedil;a absorventes menstruais ecol&oacute;gicos &agrave; base de bambu<\/span><\/a><\/span><\/span><\/span><\/p>\r\n\r\n<p style=\"text-align:justify\"><span style=\"font-size:11pt\"><span style=\"line-height:normal\"><span calibri=\"\" style=\"font-family:\"><a href=\"https:\/\/tissueonline.com.br\/kimberly-clark-mexico-lanca-absorventes-menstruais-100-biodegradaveis\/?utm_campaign=newsletter_16062023_novo_modelo&amp;utm_medium=email&amp;utm_source=RD+Station\" style=\"color:blue; text-decoration:underline\"><span style=\"font-size:14.0pt\">Kimberly-Clark M&eacute;xico lan&ccedil;a absorventes menstruais 100% biodegrad&aacute;veis<\/span><\/a><\/span><\/span><\/span><\/p>\r\n\r\n<p class=\"MsoTitle\" style=\"text-align:justify\"><span style=\"font-size:28pt\"><span cambria=\"\" style=\"font-family:\"><span style=\"letter-spacing:-0.5pt\"><b><span style=\"font-size:18.0pt\"><span calibri=\"\" style=\"font-family:\"><span style=\"font-variant:small-caps\">Inova&ccedil;&atilde;o<\/span><\/span><\/span><\/b><\/span><\/span><\/span><\/p>\r\n\r\n<p style=\"text-align:justify\"><span style=\"font-size:11pt\"><span style=\"line-height:normal\"><span calibri=\"\" style=\"font-family:\"><a href=\"https:\/\/olhardigital.com.br\/2023\/06\/14\/ciencia-e-espaco\/como-fraldas-usadas-podem-revolucionar-a-construcao-civil\/\" style=\"color:blue; text-decoration:underline\"><span style=\"font-size:14.0pt\">Como fraldas usadas podem revolucionar a constru&ccedil;&atilde;o civil<\/span><\/a><\/span><\/span><\/span><\/p>\r\n\r\n<p style=\"text-align:justify\"><span style=\"font-size:11pt\"><span style=\"line-height:normal\"><span calibri=\"\" style=\"font-family:\"><a href=\"https:\/\/techxplore.com\/news\/2023-06-fabric-temperature-flip.html?utm_source=nwletter&amp;utm_medium=email&amp;utm_campaign=daily-nwletter\" style=\"color:blue; text-decoration:underline\"><span style=\"font-size:14.0pt\">Researchers design a fabric that actively regulates temperature with the flip of a switch<\/span><\/a><\/span><\/span><\/span><\/p>\r\n\r\n<p style=\"text-align:justify\"><span style=\"font-size:11pt\"><span style=\"line-height:normal\"><span calibri=\"\" style=\"font-family:\"><a href=\"https:\/\/www.gov.br\/ana\/pt-br\/assuntos\/noticias-e-eventos\/noticias\/primeira-jornada-da-inovacao-em-recursos-hidricos-e-saneamento-basico-da-ana-comeca-em-brasilia\" style=\"color:blue; text-decoration:underline\"><span style=\"font-size:14.0pt\">Primeira Jornada da Inova&ccedil;&atilde;o em Recursos H&iacute;dricos e Saneamento B&aacute;sico da ANA come&ccedil;a em Bras&iacute;lia<\/span><\/a><\/span><\/span><\/span><\/p>\r\n\r\n<p class=\"MsoTitle\" style=\"text-align:justify\"><span style=\"font-size:28pt\"><span cambria=\"\" style=\"font-family:\"><span style=\"letter-spacing:-0.5pt\"><b><span style=\"font-size:18.0pt\"><span calibri=\"\" style=\"font-family:\"><span style=\"font-variant:small-caps\">Com&eacute;rcio Exterior<\/span><\/span><\/span><\/b><\/span><\/span><\/span><\/p>\r\n\r\n<p style=\"text-align:justify\"><span style=\"font-size:11pt\"><span style=\"line-height:normal\"><span calibri=\"\" style=\"font-family:\"><a href=\"https:\/\/exclusivo.com.br\/_conteudo\/negocios\/2023\/06\/15\/exportacoes-de-calcados-caem-quase-20--em-volume.html\" style=\"color:blue; text-decoration:underline\"><span style=\"font-size:14.0pt\">Abical&ccedil;ados: exporta&ccedil;&otilde;es de cal&ccedil;ados caem quase 20% em volume<\/span><\/a><\/span><\/span><\/span><\/p>\r\n\r\n<p style=\"text-align:justify\"><span style=\"font-size:11pt\"><span style=\"line-height:normal\"><span calibri=\"\" style=\"font-family:\"><a href=\"https:\/\/www12.senado.leg.br\/noticias\/materias\/2023\/06\/15\/aprovada-cooperacao-consular-no-mercosul\" style=\"color:blue; text-decoration:underline\"><span style=\"font-size:14.0pt\">Aprovada coopera&ccedil;&atilde;o consular no Mercosul<\/span><\/a><\/span><\/span><\/span><\/p>\r\n\r\n<p style=\"text-align:justify\"><span style=\"font-size:11pt\"><span style=\"line-height:normal\"><span calibri=\"\" style=\"font-family:\"><a href=\"https:\/\/www12.senado.leg.br\/noticias\/materias\/2023\/06\/15\/vai-a-promulgacao-acordo-brasil-uruguai-para-fim-de-dupla-tributacao-sobre-renda\" style=\"color:blue; text-decoration:underline\"><span style=\"font-size:14.0pt\">Vai a promulga&ccedil;&atilde;o acordo Brasil-Uruguai para fim de dupla tributa&ccedil;&atilde;o sobre renda<\/span><\/a><\/span><\/span><\/span><\/p>\r\n\r\n<p style=\"text-align:justify\"><span style=\"font-size:11pt\"><span style=\"line-height:normal\"><span calibri=\"\" style=\"font-family:\"><a href=\"https:\/\/epbr.com.br\/uniao-europeia-e-argentina-assinam-acordo-de-materias-primas-com-foco-em-litio\/?utm_source=newsletters+epbr&amp;utm_campaign=a148002f48-mais-lidas_COPY_01&amp;utm_medium=email&amp;utm_term=0_5931171aac-a148002f48-466362780\" style=\"color:blue; text-decoration:underline\"><span style=\"font-size:14.0pt\">Uni&atilde;o Europeia e Argentina assinam acordo de mat&eacute;rias-primas com foco em l&iacute;tio<\/span><\/a><\/span><\/span><\/span><\/p>\r\n\r\n<p style=\"text-align:justify\"><span style=\"font-size:11pt\"><span style=\"line-height:normal\"><span calibri=\"\" style=\"font-family:\"><a href=\"https:\/\/apexbrasil.com.br\/content\/apexbrasil\/br\/pt\/conteudo\/noticias\/painel-comercio-da-apexbrasil-auxilia-empresas-e-governos-a-toma.html#msdynttrid=mV-Jyr4Os8iVNAAeWx8P2mEvQAlUE941oAPdhjQDTw4\" style=\"color:blue; text-decoration:underline\"><span style=\"font-size:14.0pt\">Painel de Com&eacute;rcio da ApexBrasil auxilia empresas e governos a tomarem decis&otilde;es sobre exporta&ccedil;&atilde;o<\/span><\/a><\/span><\/span><\/span><\/p>\r\n\r\n<p style=\"text-align:justify\"><span style=\"font-size:11pt\"><span style=\"line-height:normal\"><span calibri=\"\" style=\"font-family:\"><a href=\"https:\/\/static.portaldaindustria.com.br\/media\/filer_public\/74\/31\/7431fb7a-a341-4eb4-8fb5-5618bfa0b1e7\/apc_8_analise-v4.pdf\" style=\"color:blue; text-decoration:underline\"><span style=\"font-size:14.0pt\">Rela&ccedil;&otilde;es econ&ocirc;micas entre Brasil e Estados Unidos: prioridades da ind&uacute;stria<\/span><\/a><\/span><\/span><\/span><\/p>\r\n\r\n<p class=\"MsoTitle\" style=\"text-align:justify\"><span style=\"font-size:28pt\"><span cambria=\"\" style=\"font-family:\"><span style=\"letter-spacing:-0.5pt\"><b><span style=\"font-size:18.0pt\"><span calibri=\"\" style=\"font-family:\"><span style=\"font-variant:small-caps\">Economia<\/span><\/span><\/span><\/b><\/span><\/span><\/span><\/p>\r\n\r\n<p style=\"text-align:justify\"><span style=\"font-size:11pt\"><span style=\"line-height:normal\"><span calibri=\"\" style=\"font-family:\"><a href=\"https:\/\/www.bcb.gov.br\/content\/focus\/focus\/R20230616.pdf\" style=\"color:blue; text-decoration:underline\"><span style=\"font-size:14.0pt\">Focus &ndash; Relat&oacute;rio de Mercado<\/span><\/a><\/span><\/span><\/span><\/p>\r\n\r\n<p style=\"text-align:justify\"><span style=\"font-size:11pt\"><span style=\"line-height:normal\"><span calibri=\"\" style=\"font-family:\"><a href=\"https:\/\/exclusivo.com.br\/_conteudo\/negocios\/2023\/06\/13\/aprovada-em-comissao-do-senado-prorrogacao-da-desoneracao-da-folha-segue-para-camara.html\" style=\"color:blue; text-decoration:underline\"><span style=\"font-size:14.0pt\">Aprovada em comiss&atilde;o do Senado, prorroga&ccedil;&atilde;o da desonera&ccedil;&atilde;o da folha segue para C&acirc;mara<\/span><\/a><\/span><\/span><\/span><\/p>\r\n\r\n<p style=\"text-align:justify\"><span style=\"font-size:11pt\"><span style=\"line-height:normal\"><span calibri=\"\" style=\"font-family:\"><a href=\"https:\/\/ibre.fgv.br\/blog-da-conjuntura-economica\/artigos\/estudo-do-fgv-ibre-mostra-que-mercado-de-trabalho-pode-estar\" style=\"color:blue; text-decoration:underline\"><span style=\"font-size:14.0pt\">Estudo do FGV IBRE mostra que mercado de trabalho pode estar menos aquecido do que aparenta<\/span><\/a><\/span><\/span><\/span><\/p>\r\n\r\n<p style=\"text-align:justify\"><span style=\"font-size:11pt\"><span style=\"line-height:normal\"><span calibri=\"\" style=\"font-family:\"><a href=\"https:\/\/www.businessinsider.com\/china-debt-economy-implode-stock-market-wall-street-xi-jinping-2023-6?utm_source=Sailthru&amp;utm_medium=email&amp;utm_campaign=Insider%20Today%20-%20Sunday%20-%20June%2018&amp;utm_term=INSIDER%20WEEKLY%20-%20ALL%20ENGAGED\" style=\"color:blue; text-decoration:underline\"><span style=\"font-size:14.0pt\">China&rsquo;s economy is way more screwed than anyone thought<\/span><\/a><\/span><\/span><\/span><\/p>\r\n\r\n<p style=\"text-align:justify\"><span style=\"font-size:11pt\"><span style=\"line-height:normal\"><span calibri=\"\" style=\"font-family:\"><a href=\"https:\/\/www.fibre2fashion.com\/news\/textile-news\/ecb-raises-3-key-interest-rates-by-25-bps-eu-inflation-to-remain-high-288262-newsdetails.htm\" style=\"color:blue; text-decoration:underline\"><span style=\"font-size:14.0pt\">ECB raises 3 key interest rates by 25 bps; EU inflation to remain high<\/span><\/a><\/span><\/span><\/span><\/p>\r\n","texto_en":"","7":"","imagem":"COMP_banner-padrao-home-destaques-boletim-2023_20230620170016yyM1kzOQA2.jpeg","8":"COMP_banner-padrao-home-destaques-boletim-2023_20230620170016yyM1kzOQA2.jpeg","arquivo":"20230620-NOTICIAS-SEMANAIS.PDF","9":"20230620-NOTICIAS-SEMANAIS.PDF","titulo_arquivo":"","10":"","titulo_arquivo_en":"","11":"","created_at":"2023-06-20 17:00:22","12":"2023-06-20 17:00:22","updated_at":"2023-06-20 17:00:44","13":"2023-06-20 17:00:44"},{"id":69,"0":69,"ordem":154,"1":154,"data":"2023-06-13","2":"2023-06-13","slug":"boletim-de-noticias-semanais-66","3":"boletim-de-noticias-semanais-66","titulo":"Boletim de Not\u00edcias Semanais","4":"Boletim de Not\u00edcias Semanais","titulo_en":"","5":"","texto":"<p style=\"text-align:justify\"><span style=\"font-size:11pt\"><span style=\"line-height:normal\"><span style=\"font-family:&quot;Calibri&quot;,sans-serif\"><span style=\"font-size:14.0pt\">Esta &eacute; uma compila&ccedil;&atilde;o das not&iacute;cias mais relevantes para o setor, incluindo informa&ccedil;&otilde;es sobre acordos internacionais, economia brasileira, sustentabilidade e mat&eacute;rias primas, al&eacute;m de novidades do setor de N&atilde;otecidos e Tecidos T&eacute;cnicos.<\/span><\/span><\/span><\/span><\/p>\r\n\r\n<p class=\"MsoTitleCxSpLast\" style=\"text-align:justify\"><span style=\"font-size:28pt\"><span style=\"font-family:&quot;Cambria&quot;,serif\"><span style=\"letter-spacing:-0.5pt\"><b><span style=\"font-size:18.0pt\"><span style=\"font-family:&quot;Calibri&quot;,sans-serif\"><span style=\"font-variant:small-caps\">Not&iacute;cias das Associadas<\/span><\/span><\/span><\/b><\/span><\/span><\/span><\/p>\r\n\r\n<p style=\"text-align:justify\"><span style=\"font-size:11pt\"><span style=\"line-height:normal\"><span style=\"font-family:&quot;Calibri&quot;,sans-serif\"><a href=\"https:\/\/www.nonwovens-industry.com\/contents\/view_breaking-news\/2023-06-07\/andritz-buys-100-stake-in-dan-web?utm_campaign=NON+eNewsletter&amp;utm_medium=email&amp;_hsmi=261685126&amp;_hsenc=p2ANqtz-_bEWtIgkEg8J5Ne6BJ2dp67IBC7taaMwR5aUEn45Bri2DzDYPGxK6OHODiUrP7dihQTAyX1VMqobSMMeWLU_JVtEBYiA&amp;utm_content=261685126&amp;utm_source=hs_email\" style=\"color:blue; text-decoration:underline\"><span style=\"font-size:14.0pt\">Andritz Buys 100% Stake in Dan-Web<\/span><\/a><\/span><\/span><\/span><\/p>\r\n\r\n<p class=\"MsoTitleCxSpLast\" style=\"text-align:justify\"><span style=\"font-size:28pt\"><span style=\"font-family:&quot;Cambria&quot;,serif\"><span style=\"letter-spacing:-0.5pt\"><b><span style=\"font-size:18.0pt\"><span style=\"font-family:&quot;Calibri&quot;,sans-serif\"><span style=\"font-variant:small-caps\">A&ccedil;&otilde;es da ABINT<\/span><\/span><\/span><\/b><\/span><\/span><\/span><\/p>\r\n\r\n<p class=\"MsoTitleCxSpLast\" style=\"text-align:justify\"><span style=\"font-size:28pt\"><span style=\"font-family:&quot;Cambria&quot;,serif\"><span style=\"letter-spacing:-0.5pt\"><b><span style=\"font-size:18.0pt\"><span style=\"font-family:&quot;Calibri&quot;,sans-serif\"><span style=\"font-variant:small-caps\"><img src=\"https:\/\/www.abint.org.br\/assets\/img\/editor\/20230614-momentos-de-tecnologia-aesabesp_20230620160155DRceBOLAti.jpeg\" style=\"width: 300px; height: 375px;\" \/><\/span><\/span><\/span><\/b><\/span><\/span><\/span><\/p>\r\n\r\n<p class=\"MsoTitleCxSpLast\" style=\"text-align:justify\"><b><span style=\"font-size:14.0pt\"><span style=\"line-height:115%\"><span style=\"font-family:&quot;Calibri&quot;,sans-serif\">O CTG ABINT participar&aacute; do espa&ccedil;o &ldquo;Momentos de Tecnologia&rdquo; da AESabesp &ndash; Associa&ccedil;&atilde;o dos Engenheiros da Sabesp. <\/span><\/span><\/span><\/b><span style=\"font-size:14.0pt\"><span style=\"line-height:115%\"><span style=\"font-family:&quot;Calibri&quot;,sans-serif\">A palestra &ldquo;A import&acirc;ncia dos Geossint&eacute;ticos como barreiras imperme&aacute;veis e sua devida fiscaliza&ccedil;&atilde;o&rdquo; ocorrer&aacute; dia 14 de junho, &agrave;s 09h00, na Unidade Ponte Pequena.<\/span><\/span><\/span><\/p>\r\n\r\n<p class=\"MsoTitleCxSpLast\" style=\"text-align:justify\">&nbsp;<\/p>\r\n\r\n<p class=\"MsoTitleCxSpLast\" style=\"text-align:justify\"><span style=\"font-size:14.0pt\"><span style=\"line-height:115%\"><span style=\"font-family:&quot;Calibri&quot;,sans-serif\"><img src=\"https:\/\/www.abint.org.br\/assets\/img\/editor\/20230627-live-post-redes_20230620160253ORIbJre2Fg.jpeg\" style=\"width: 300px; height: 300px;\" \/><\/span><\/span><\/span><\/p>\r\n\r\n<p style=\"text-align:justify\"><span style=\"font-size:11pt\"><span style=\"line-height:normal\"><span style=\"font-family:&quot;Calibri&quot;,sans-serif\"><span style=\"font-size:14.0pt\">No dia <strong>27\/06, &agrave;s 18h<\/strong>, o <strong>CTG ABINT<\/strong> reunir&aacute; especialistas para debater sobre a <a href=\"https:\/\/www.youtube.com\/live\/IIrwQPqRc18?feature=share\" style=\"color:blue; text-decoration:underline\"><span style=\"text-decoration:none\"><span style=\"text-underline:none\">Contrata&ccedil;&atilde;o T&eacute;cnica de Servi&ccedil;os de Instala&ccedil;&atilde;o de Geomembranas<\/span><\/span><\/a>.<\/span><\/span><\/span><\/span><\/p>\r\n\r\n<p style=\"text-align:justify\"><span style=\"font-size:11pt\"><span style=\"line-height:normal\"><span style=\"font-family:&quot;Calibri&quot;,sans-serif\"><span style=\"font-size:14.0pt\">A transmiss&atilde;o ser&aacute; aberta e gratuita, pelo canal do <strong>Youtube da Geotecnia Brasil<\/strong>.<\/span><\/span><\/span><\/span><\/p>\r\n\r\n<p style=\"text-align:justify\"><strong><span style=\"font-size:11pt\"><span style=\"line-height:normal\"><span style=\"font-family:&quot;Calibri&quot;,sans-serif\"><span style=\"font-size:14.0pt\">Ative o lembrete!<\/span><\/span><\/span><\/span><\/strong><\/p>\r\n\r\n<p style=\"text-align:justify\">&nbsp;<\/p>\r\n\r\n<p style=\"text-align:justify\"><img src=\"https:\/\/www.abint.org.br\/assets\/img\/editor\/e-mail-marketing-curso_20230620161243lkfzjFTPY5.jpg\" style=\"width: 300px; height: 420px;\" \/><\/p>\r\n\r\n<p class=\"MsoTitleCxSpLast\" style=\"text-align:justify\"><span style=\"font-size:28pt\"><span style=\"font-family:&quot;Cambria&quot;,serif\"><span style=\"letter-spacing:-0.5pt\"><span style=\"font-family:&quot;Calibri&quot;,sans-serif\"><b><span style=\"font-size:14.0pt\"><span style=\"letter-spacing:0pt\">*** <\/span><\/span><\/b><a href=\"https:\/\/www.abint.org.br\/informacao\/outros\/programacao-curso-abint-tecnologia-dos-naotecidos\" style=\"color:blue; text-decoration:underline\"><b><span style=\"font-size:14.0pt\"><span style=\"letter-spacing:0pt\">Programa&ccedil;&atilde;o<\/span><\/span><\/b><\/a><b><span style=\"font-size:14.0pt\"><span style=\"letter-spacing:0pt\"> *** <\/span><\/span><\/b><a href=\"https:\/\/www.abint.org.br\/informacao\/outros\/informacoes-curso-abint-tecnologia-dos-naotecidos\" style=\"color:blue; text-decoration:underline\"><b><span style=\"font-size:14.0pt\"><span style=\"letter-spacing:0pt\">Informa&ccedil;&otilde;es<\/span><\/span><\/b><\/a><b><span style=\"font-size:14.0pt\"><span style=\"letter-spacing:0pt\"> *** <\/span><\/span><\/b><a href=\"https:\/\/forms.gle\/E5bZXpiNh7wZ9kcQ6\" style=\"color:blue; text-decoration:underline\"><b><span style=\"font-size:14.0pt\"><span style=\"letter-spacing:0pt\">Inscri&ccedil;&otilde;es<\/span><\/span><\/b><\/a><b><span style=\"font-size:14.0pt\"><span style=\"letter-spacing:0pt\"> ***<\/span><\/span><\/b><\/span><b> <\/b><\/span><\/span><\/span><\/p>\r\n\r\n<p class=\"MsoTitleCxSpLast\" style=\"text-align:justify\">&nbsp;<\/p>\r\n\r\n<p class=\"MsoTitleCxSpLast\" style=\"text-align:justify\"><span style=\"font-size:28pt\"><span style=\"font-family:&quot;Cambria&quot;,serif\"><span style=\"letter-spacing:-0.5pt\"><span style=\"font-family:&quot;Calibri&quot;,sans-serif\"><b><span style=\"font-size:14.0pt\"><span style=\"letter-spacing:0pt\"><img src=\"https:\/\/www.abint.org.br\/assets\/img\/editor\/e-mail-mkt-curso-geomembranas-qrcodelogos_20230620161556qxpoUiV6bi.JPG\" style=\"width: 500px; height: 375px;\" \/><\/span><\/span><\/b><\/span><\/span><\/span><\/span><\/p>\r\n\r\n<p style=\"text-align:justify\"><span style=\"font-size:11pt\"><span style=\"line-height:normal\"><span style=\"font-family:&quot;Calibri&quot;,sans-serif\"><b><span style=\"font-size:14.0pt\">Nos dias 04 a 07 de julho o CTG ABINT realizar&aacute; o 1&ordm; Curso Brasileiro de Instala&ccedil;&atilde;o de Geomembranas, no Instituto Mau&aacute; de Tecnologia.<\/span><\/b><\/span><\/span><\/span><\/p>\r\n\r\n<p style=\"text-align:justify\"><span style=\"font-size:11pt\"><span style=\"line-height:normal\"><span style=\"font-family:&quot;Calibri&quot;,sans-serif\"><a href=\"https:\/\/www.eventbrite.com.br\/e\/1o-curso-brasileiro-de-instalacao-de-geomembranas-tickets-645407429997\" style=\"color:blue; text-decoration:underline\"><span style=\"font-size:14.0pt\">Informa&ccedil;&otilde;es<\/span><\/a><\/span><\/span><\/span><\/p>\r\n\r\n<p style=\"text-align:justify\">&nbsp;<\/p>\r\n\r\n<p style=\"text-align:justify\"><img src=\"https:\/\/www.abint.org.br\/assets\/img\/editor\/ctg-patrocinador-regeo-2023_202306201618030nQkPqTMnA.jpeg\" style=\"width: 300px; height: 300px;\" \/><\/p>\r\n\r\n<p style=\"text-align:justify\"><span style=\"font-size:11pt\"><span style=\"line-height:normal\"><span style=\"font-family:&quot;Calibri&quot;,sans-serif\"><b><span style=\"font-size:14.0pt\"><span style=\"font-variant:small-caps\">O CTG ABINT <\/span><\/span><\/b><b><span style=\"font-size:14.0pt\">marcar&aacute; presen&ccedil;a<\/span><\/b><span style=\"font-size:14.0pt\"> nos eventos <b>X Congresso Brasileiro de Geotecnia Ambiental &amp; IX Congresso Brasileiro de Geossint&eacute;ticos - REGEO&rsquo;23 &amp; Geossint&eacute;ticos&rsquo;23<\/b>, que ocorrer&atilde;o de 18 a 21 de julho de 2023, Centro Universit&aacute;rio Jorge Amado &ndash; UNIJORGE, Salvador, BA.<\/span><\/span><\/span><\/span><\/p>\r\n\r\n<p style=\"text-align:justify\"><span style=\"font-size:11pt\"><span style=\"line-height:normal\"><span style=\"font-family:&quot;Calibri&quot;,sans-serif\"><a href=\"https:\/\/regeogeossinteticos23.com.br\/\" style=\"color:blue; text-decoration:underline\"><span style=\"font-size:14.0pt\">Mais informa&ccedil;&otilde;es e inscri&ccedil;&otilde;es<\/span><\/a><\/span><\/span><\/span><\/p>\r\n\r\n<p class=\"MsoTitleCxSpFirst\" style=\"text-align:justify\">&nbsp;<\/p>\r\n\r\n<p class=\"MsoTitleCxSpFirst\" style=\"text-align:justify\"><img src=\"https:\/\/www.abint.org.br\/assets\/img\/editor\/minicurso-fernando-regeo-2023_20230620161840mOOS9meqaq.jpeg\" style=\"width: 300px; height: 300px;\" \/><\/p>\r\n\r\n<p style=\"text-align:justify\"><span style=\"font-size:11pt\"><span style=\"line-height:normal\"><span style=\"font-family:&quot;Calibri&quot;,sans-serif\"><b><span style=\"font-size:14.0pt\">O Prof. Dr. Fernando Lavoie, Coordenador do CTG ABINT, ministrar&aacute; Minicurso durante o Regeo&rsquo;23 &amp; Geossint&eacute;ticos&rsquo;23.<\/span><\/b><\/span><\/span><\/span><\/p>\r\n\r\n<p style=\"text-align:justify\"><span style=\"font-size:11pt\"><span style=\"line-height:normal\"><span style=\"font-family:&quot;Calibri&quot;,sans-serif\"><a href=\"https:\/\/regeogeossinteticos23.com.br\/inscricoes\/\" style=\"color:blue; text-decoration:underline\"><span style=\"font-size:14.0pt\">Inscreva-se!<\/span><\/a><\/span><\/span><\/span><\/p>\r\n\r\n<p class=\"MsoTitleCxSpFirst\" style=\"text-align:justify\">&nbsp;<\/p>\r\n\r\n<p style=\"text-align:justify\"><span style=\"font-size:11pt\"><span style=\"line-height:normal\"><span style=\"font-family:&quot;Calibri&quot;,sans-serif\"><b><span style=\"font-size:18.0pt\"><span style=\"font-variant:small-caps\">Eventos<\/span><\/span><\/b><\/span><\/span><\/span><\/p>\r\n\r\n<p style=\"text-align:justify\"><span style=\"font-size:11pt\"><span style=\"line-height:normal\"><span style=\"font-family:&quot;Calibri&quot;,sans-serif\"><b><span style=\"font-size:14.0pt\">FGV IBRE | Progressividade tribut&aacute;ria e crescimento econ&ocirc;mico<\/span><\/b><span style=\"font-size:14.0pt\">, 13 de junho de 2023, evento presencial, SGAN &ndash; Setor de Grandes &Aacute;reas Norte Quadra 602, M&oacute;dulos A, B, e C, Asa Norte, Bras&iacute;lia. <\/span><a href=\"http:\/\/clickb.e2b.fgv.br\/Redir?43bccd68e92c6e729d8185202bcaa37d&amp;c7923cc802134327b2317fe4541d5bdd\" style=\"color:blue; text-decoration:underline\"><span style=\"font-size:14.0pt\">Informa&ccedil;&otilde;es<\/span><\/a> <\/span><\/span><\/span><\/p>\r\n\r\n<p style=\"text-align:justify\"><span style=\"font-size:11pt\"><span style=\"line-height:normal\"><span style=\"font-family:&quot;Calibri&quot;,sans-serif\"><b><span style=\"font-size:14.0pt\">Workshop Abit | Fazendo a revis&atilde;o do PGR - Plano de Gerenciamento de Riscos<\/span><\/b><span style=\"font-size:14.0pt\">, 14 de junho de 2023, das 14h30 &agrave;s 16h30, evento online. <\/span><a href=\"https:\/\/produtos.institutoabit.org.br\/prod\/2d87652c-d485-4bba-b0e6-5c12db6ebd7c?utm_campaign=workshop_pgr_reenvio_0606&amp;utm_medium=email&amp;utm_source=RD+Station\" style=\"color:blue; text-decoration:underline\"><span style=\"font-size:14.0pt\">Informa&ccedil;&otilde;es<\/span><\/a> <\/span><\/span><\/span><\/p>\r\n\r\n<p style=\"text-align:justify\"><span style=\"font-size:11pt\"><span style=\"line-height:normal\"><span style=\"font-family:&quot;Calibri&quot;,sans-serif\"><b><span style=\"font-size:14.0pt\">FGV IBRE | II Semin&aacute;rio de An&aacute;lise Conjuntural<\/span><\/b><span style=\"font-size:14.0pt\">, 15 de junho de 2023, 10h00 &agrave;s 11h30, transmiss&atilde;o via YouTube. <\/span><a href=\"https:\/\/evento.fgv.br\/analise-conjuntural_1506\/\" style=\"color:blue; text-decoration:underline\"><span style=\"font-size:14.0pt\">Informa&ccedil;&otilde;es<\/span><\/a> <\/span><\/span><\/span><\/p>\r\n\r\n<p style=\"text-align:justify\"><span style=\"font-size:11pt\"><span style=\"line-height:normal\"><span style=\"font-family:&quot;Calibri&quot;,sans-serif\"><b><span style=\"font-size:14.0pt\">Webinar Tech Day: Grafeno, Ensaios em Pl&aacute;sticos e Economia Circular,<\/span><\/b><span style=\"font-size:14.0pt\"> 21 de junho de 2023. <\/span><a href=\"https:\/\/www.webcastlive.com.br\/aspen\/\" style=\"color:blue; text-decoration:underline\"><span style=\"font-size:14.0pt\">Informa&ccedil;&otilde;es<\/span><\/a> <\/span><\/span><\/span><\/p>\r\n\r\n<p style=\"text-align:justify\"><span style=\"font-size:11pt\"><span style=\"line-height:normal\"><span style=\"font-family:&quot;Calibri&quot;,sans-serif\"><b><span style=\"font-size:14.0pt\">Apex Brasil | Introdu&ccedil;&atilde;o ao e-commerce Internacional<\/span><\/b><span style=\"font-size:14.0pt\">, 22 de junho de 2023, das 8h30 &agrave;s 12h30, evento online. <\/span><a href=\"https:\/\/click.apexbrasil.com.br\/mkt\/OficinadeCompetitividade\/OficinadeCompetitividade_junho2023.pdf#msdynttrid=nE-ALUwLx6zLKXBX1Ob3Todz5RuI7-aS7bUNiQ2Pa9c\" style=\"color:blue; text-decoration:underline\"><span style=\"font-size:14.0pt\">Informa&ccedil;&otilde;es<\/span><\/a> <\/span><\/span><\/span><\/p>\r\n\r\n<p style=\"text-align:justify\"><span style=\"font-size:11pt\"><span style=\"line-height:normal\"><span style=\"font-family:&quot;Calibri&quot;,sans-serif\"><b><span style=\"font-size:14.0pt\">FGV IBRE | Inscreva-se no evento IX Semin&aacute;rio Anual de Pol&iacute;tica Monet&aacute;ria<\/span><\/b><span style=\"font-size:14.0pt\">, 23 de junho (sexta-feira), 10h &agrave;s 11h30, transmiss&atilde;o via YouTube. <\/span><a href=\"https:\/\/evento.fgv.br\/ixseminarioanual_2306\/\" style=\"color:blue; text-decoration:underline\"><span style=\"font-size:14.0pt\">Informa&ccedil;&otilde;es<\/span><\/a> <\/span><\/span><\/span><\/p>\r\n\r\n<p style=\"text-align:justify\"><span style=\"font-size:11pt\"><span style=\"line-height:normal\"><span style=\"font-family:&quot;Calibri&quot;,sans-serif\"><b><span style=\"font-size:14.0pt\">SOBECC | I Simp&oacute;sio de preven&ccedil;&atilde;o e controle de infec&ccedil;&atilde;o do S&iacute;tio Cir&uacute;rgico APECIH\/SOBECC<\/span><\/b><span style=\"font-size:14.0pt\">, 24 de junho de 2023, das 08h00 &agrave;s 18h30, evento presencial. <\/span><a href=\"https:\/\/sobecc.org.br\/jornada-cientifica\/i-simposio-de-prevencao-e-controle-de-infeccao-do-sitio-cirurgico-apecih-sobecc\" style=\"color:blue; text-decoration:underline\"><span style=\"font-size:14.0pt\">Informa&ccedil;&otilde;es<\/span><\/a> <\/span><\/span><\/span><\/p>\r\n\r\n<p style=\"text-align:justify\"><span style=\"font-size:11pt\"><span style=\"line-height:normal\"><span style=\"font-family:&quot;Calibri&quot;,sans-serif\"><b><span style=\"font-size:14.0pt\">INDA | Top Global Consumer Trends and Their Implications in the Wipes Sector<\/span><\/b><span style=\"font-size:14.0pt\">, June 28, 11:00 am &ndash; 11:45 am EDT. <\/span><a href=\"https:\/\/www.worldofwipes.org\/preconference-webinars.html\" style=\"color:blue; text-decoration:underline\"><span style=\"font-size:14.0pt\">Informa&ccedil;&otilde;es<\/span><\/a> <\/span><\/span><\/span><\/p>\r\n\r\n<p style=\"text-align:justify\"><span style=\"font-size:11pt\"><span style=\"line-height:normal\"><span style=\"font-family:&quot;Calibri&quot;,sans-serif\"><b><span style=\"font-size:14.0pt\">Curso ABINT Online | Simbologia de cuidados aplicada a etiquetagem de t&ecirc;xteis, <\/span><\/b><span style=\"font-size:14.0pt\">28 e 29 de junho de 2023, das 08h30 &agrave;s 17h30. <\/span><a href=\"https:\/\/www.abntcatalogo.com.br\/pcs.aspx?Q=ZlgyeVVtT2FtUjZPVlNmVDUrSkpmUWw0a2x2djdpais=\" style=\"color:blue; text-decoration:underline\"><span style=\"font-size:14.0pt\">Informa&ccedil;&otilde;es<\/span><\/a> <\/span><\/span><\/span><\/p>\r\n\r\n<p style=\"text-align:justify\"><span style=\"font-size:11pt\"><span style=\"line-height:normal\"><span style=\"font-family:&quot;Calibri&quot;,sans-serif\"><b><span style=\"font-size:14.0pt\">The 92nd Textile Institute World Conference: &ldquo;Sustainability of the Textile and Fashion Supply Chain &ndash; Transitioning to Zero Carbon and Zero Waste&rdquo;, <\/span><\/b><span style=\"font-size:14.0pt\">3-6 July 2023, University of Huddersfield, UK. <\/span><a href=\"https:\/\/www.textileinstitute.org\/events\/tiwc\/\" style=\"color:blue; text-decoration:underline\"><span style=\"font-size:14.0pt\">Informa&ccedil;&otilde;es<\/span><\/a> <\/span><\/span><\/span><\/p>\r\n\r\n<p style=\"text-align:justify\"><span style=\"font-size:11pt\"><span style=\"line-height:normal\"><span style=\"font-family:&quot;Calibri&quot;,sans-serif\"><b><span style=\"font-size:14.0pt\">IV Congreso Sudamericano de Composites, Poliuretano y Pl&aacute;sticos de Ingenier&iacute;a,<\/span><\/b><span style=\"font-size:14.0pt\"> 8 e 9 de agosto, Buenos Aires, Argentina. <\/span><a href=\"http:\/\/www.congresosudamericano.com\/blog.html\" style=\"color:blue; text-decoration:underline\"><span style=\"font-size:14.0pt\">Informa&ccedil;&otilde;es<\/span><\/a> <\/span><\/span><\/span><\/p>\r\n\r\n<p style=\"text-align:justify\"><span style=\"font-size:11pt\"><span style=\"line-height:normal\"><span style=\"font-family:&quot;Calibri&quot;,sans-serif\"><b><span style=\"font-size:14.0pt\">FIMMA BRASIL - Feira Internacional de Fornecedores da Cadeia Produtiva Madeira e M&oacute;veis<\/span><\/b><span style=\"font-size:14.0pt\">, 28 a 31 de agosto de 2023, das 10h &agrave;s 19h, Bento Gon&ccedil;alves, RS. <\/span><a href=\"https:\/\/fimma.com.br\/\" style=\"color:blue; text-decoration:underline\"><span style=\"font-size:14.0pt\">Informa&ccedil;&otilde;es<\/span><\/a> <\/span><\/span><\/span><\/p>\r\n\r\n<p style=\"text-align:justify\"><span style=\"font-size:11pt\"><span style=\"line-height:normal\"><span style=\"font-family:&quot;Calibri&quot;,sans-serif\"><b><span style=\"font-size:14.0pt\">10&ordm; Congresso Internacional da Inova&ccedil;&atilde;o da Ind&uacute;stria<\/span><\/b><span style=\"font-size:14.0pt\">, 27 e 28 de setembro de 2023, S&atilde;o Paulo Expo. <\/span><a href=\"https:\/\/www.congressodeinovacao.com.br\/?utm_source=comext&amp;utm_medium=email&amp;utm_campaign=eventos&amp;utm_content=id00053#msdynttrid=gg5jXwSFR7qM4vHH2tKGau3cTwSFDneTjMUhrcPg7vE\" style=\"color:blue; text-decoration:underline\"><span style=\"font-size:14.0pt\">Informa&ccedil;&otilde;es<\/span><\/a> <\/span><\/span><\/span><\/p>\r\n\r\n<p style=\"text-align:justify\"><span style=\"font-size:11pt\"><span style=\"line-height:normal\"><span style=\"font-family:&quot;Calibri&quot;,sans-serif\"><b><span style=\"font-size:14.0pt\">FiltXPO&trade; 2023<\/span><\/b><span class=\"MsoHyperlink\" style=\"color:blue\"><span style=\"text-decoration:underline\"><span style=\"font-size:14.0pt\"><span style=\"text-decoration:none\"><span style=\"text-underline:none\">, <\/span><\/span><\/span><\/span><\/span><span style=\"font-size:14.0pt\">October 10-12, 2023 at Navy Pier in Chicago, Illinois<span class=\"MsoHyperlink\" style=\"color:blue\"><span style=\"text-decoration:underline\"><span style=\"text-decoration:none\"><span style=\"text-underline:none\">. <\/span><\/span><\/span><\/span><\/span><a href=\"https:\/\/www.filtxpo.com\/\" style=\"color:blue; text-decoration:underline\"><span style=\"font-size:14.0pt\">Informa&ccedil;&otilde;es<\/span><\/a> <\/span><\/span><\/span><\/p>\r\n\r\n<p style=\"text-align:justify\"><span style=\"font-size:11pt\"><span style=\"line-height:normal\"><span style=\"font-family:&quot;Calibri&quot;,sans-serif\"><b><span style=\"font-size:14.0pt\">V Congreso Sudamericano de Composites, Poliuretano y Pl&aacute;sticos de Ingenier&iacute;a, <\/span><\/b><span style=\"font-size:14.0pt\">24 e 25 de outubro de 2023, Bogot&aacute;, Col&ocirc;mbia. <\/span><a href=\"http:\/\/www.congresosudamericano.com\/blog.html\" style=\"color:blue; text-decoration:underline\"><span style=\"font-size:14.0pt\">Informa&ccedil;&otilde;es<\/span><\/a> <\/span><\/span><\/span><\/p>\r\n\r\n<p class=\"MsoTitle\" style=\"text-align:justify\"><span style=\"font-size:28pt\"><span style=\"font-family:&quot;Cambria&quot;,serif\"><span style=\"letter-spacing:-0.5pt\"><b><span style=\"font-size:18.0pt\"><span style=\"font-family:&quot;Calibri&quot;,sans-serif\"><span style=\"font-variant:small-caps\">Setor<\/span><\/span><\/span><\/b><\/span><\/span><\/span><\/p>\r\n\r\n<p style=\"text-align:justify\"><span style=\"font-size:11pt\"><span style=\"line-height:normal\"><span style=\"font-family:&quot;Calibri&quot;,sans-serif\"><a href=\"https:\/\/plasticosemrevista.com.br\/eua-menos-risco-de-furacoes-alarmando-petroquimicas-este-ano\/\" style=\"color:blue; text-decoration:underline\"><span style=\"font-size:14.0pt\">EUA: menos risco de furac&otilde;es alarmando petroqu&iacute;micas este ano<\/span><\/a><\/span><\/span><\/span><\/p>\r\n\r\n<p style=\"text-align:justify\"><span style=\"font-size:11pt\"><span style=\"line-height:normal\"><span style=\"font-family:&quot;Calibri&quot;,sans-serif\"><a href=\"https:\/\/www.fibre2fashion.com\/news\/textile-news\/itma-2023-opens-showcasing-cutting-edge-textile-innovations-in-milan-288102-newsdetails.htm\" style=\"color:blue; text-decoration:underline\"><span style=\"font-size:14.0pt\">ITMA 2023 opens; showcasing cutting-edge textile innovations in Milan<\/span><\/a><\/span><\/span><\/span><\/p>\r\n\r\n<p style=\"text-align:justify\"><span style=\"font-size:11pt\"><span style=\"line-height:normal\"><span style=\"font-family:&quot;Calibri&quot;,sans-serif\"><a href=\"https:\/\/www.nonwovens-industry.com\/contents\/view_features\/2023-06-02\/fiber-companies-take-notice?utm_campaign=NON+Issue+Alert&amp;utm_medium=email&amp;_hsmi=262128639&amp;_hsenc=p2ANqtz-_7jjSZOJYZddF-Wvw1lnWnNZHl1yUeZ0h-kGfyfhLRMxXO-qY7cBXraUEj5d1XjhCQAvnKeljXpeYZ33VMcr6CaViDAg&amp;utm_content=262128639&amp;utm_source=hs_email\" style=\"color:blue; text-decoration:underline\"><span style=\"font-size:14.0pt\">Fiber Companies Take Notice<\/span><\/a><\/span><\/span><\/span><\/p>\r\n\r\n<p style=\"text-align:justify\"><span style=\"font-size:11pt\"><span style=\"line-height:normal\"><span style=\"font-family:&quot;Calibri&quot;,sans-serif\"><a href=\"https:\/\/www.nonwovens-industry.com\/contents\/view_features\/2023-06-02\/natural-hygiene-products-market-keeps-growing?utm_campaign=NON+Issue+Alert&amp;utm_medium=email&amp;_hsmi=262128639&amp;_hsenc=p2ANqtz--hdGqWxZYHhPjENUz3cthZP-Sk5NcxiZU3fMVmwzES63L5C9hOVLcWCOCsJB0u8mdK6lIgwfbKXgf5l3abq8vkuYmtcg&amp;utm_content=262128639&amp;utm_source=hs_email\" style=\"color:blue; text-decoration:underline\"><span style=\"font-size:14.0pt\">Natural Hygiene Products Market Keeps Growing<\/span><\/a><\/span><\/span><\/span><\/p>\r\n\r\n<p style=\"text-align:justify\"><span style=\"font-size:11pt\"><span style=\"line-height:normal\"><span style=\"font-family:&quot;Calibri&quot;,sans-serif\"><a href=\"https:\/\/www.nonwovens-industry.com\/contents\/view_features\/2023-06-01\/household-wipes-report-986282?utm_campaign=NON+Issue+Alert&amp;utm_medium=email&amp;_hsmi=262128639&amp;_hsenc=p2ANqtz-_HSQA8Pd0Gx4j9--lny70XLyZyhHSx5Iy-cP4-CfQ3diieu-3X8Kk4U7wcNiH-L3Ew70FgVQlLjNAlFLxVpOmRIUZpjw&amp;utm_content=262128639&amp;utm_source=hs_email\" style=\"color:blue; text-decoration:underline\"><span style=\"font-size:14.0pt\">Household Wipes Report<\/span><\/a><\/span><\/span><\/span><\/p>\r\n\r\n<p style=\"text-align:justify\"><span style=\"font-size:11pt\"><span style=\"line-height:normal\"><span style=\"font-family:&quot;Calibri&quot;,sans-serif\"><a href=\"https:\/\/forbes.com.br\/forbes-money\/2023\/06\/unipar-oferece-premio-de-43-por-fatia-na-braskem\/\" style=\"color:blue; text-decoration:underline\"><span style=\"font-size:14.0pt\">Unipar oferece pr&ecirc;mio de 43% por fatia na Braskem<\/span><\/a><\/span><\/span><\/span><\/p>\r\n\r\n<p style=\"text-align:justify\"><span style=\"font-size:11pt\"><span style=\"line-height:normal\"><span style=\"font-family:&quot;Calibri&quot;,sans-serif\"><a href=\"https:\/\/epbr.com.br\/para-aonde-vao-os-precos-do-petroleo-apos-novo-acordo-da-opep\/?utm_source=newsletters+epbr&amp;utm_campaign=203aa27f1c-mais-lidas_COPY_02&amp;utm_medium=email&amp;utm_term=0_5931171aac-203aa27f1c-466362780\" style=\"color:blue; text-decoration:underline\"><span style=\"font-size:14.0pt\">Para onde v&atilde;o os pre&ccedil;os do petr&oacute;leo ap&oacute;s novo acordo da Opep?<\/span><\/a><\/span><\/span><\/span><\/p>\r\n\r\n<p style=\"text-align:justify\"><span style=\"font-size:11pt\"><span style=\"line-height:normal\"><span style=\"font-family:&quot;Calibri&quot;,sans-serif\"><a href=\"https:\/\/tissueonline.com.br\/ontex-aposta-em-tecnologia-de-ponta-para-linhas-de-fralda-no-brasil\/?utm_campaign=newsletter_09062023_novo_modelo&amp;utm_medium=email&amp;utm_source=RD+Station\" style=\"color:blue; text-decoration:underline\"><span style=\"font-size:14.0pt\">Ontex aposta em tecnologia de ponta para linhas de fralda no Brasil<\/span><\/a><\/span><\/span><\/span><\/p>\r\n\r\n<p class=\"MsoTitle\" style=\"text-align:justify\"><span style=\"font-size:28pt\"><span style=\"font-family:&quot;Cambria&quot;,serif\"><span style=\"letter-spacing:-0.5pt\"><b><span style=\"font-size:18.0pt\"><span style=\"font-family:&quot;Calibri&quot;,sans-serif\"><span style=\"font-variant:small-caps\">Ind&uacute;stria<\/span><\/span><\/span><\/b><\/span><\/span><\/span><\/p>\r\n\r\n<p style=\"text-align:justify\"><span style=\"font-size:11pt\"><span style=\"line-height:normal\"><span style=\"font-family:&quot;Calibri&quot;,sans-serif\"><a href=\"https:\/\/agenciadenoticias.ibge.gov.br\/agencia-sala-de-imprensa\/2013-agencia-de-noticias\/releases\/37132-em-abril-industria-recua-em-dez-dos-15-locais-pesquisados\" style=\"color:blue; text-decoration:underline\"><span style=\"font-size:14.0pt\">Em abril, ind&uacute;stria recua em dez dos 15 locais pesquisados<\/span><\/a><\/span><\/span><\/span><\/p>\r\n\r\n<p style=\"text-align:justify\"><span style=\"font-size:11pt\"><span style=\"line-height:normal\"><span style=\"font-family:&quot;Calibri&quot;,sans-serif\"><a href=\"https:\/\/www.contabeis.com.br\/noticias\/57249\/pis-cofins-lei-estabelece-exclusao-do-icms\/\" style=\"color:blue; text-decoration:underline\"><span style=\"font-size:14.0pt\">Lei estabelece exclus&atilde;o do ICMS da base de c&aacute;lculo de cr&eacute;ditos PIS\/Cofins<\/span><\/a><\/span><\/span><\/span><\/p>\r\n\r\n<p style=\"text-align:justify\"><span style=\"font-size:11pt\"><span style=\"line-height:normal\"><span style=\"font-family:&quot;Calibri&quot;,sans-serif\"><a href=\"https:\/\/forbes.com.br\/forbeslife\/forbes-motors\/2023\/06\/anfavea-subsidios-para-carros-0-km-vao-se-esgotar-antes-do-fim-do-prazo\/\" style=\"color:blue; text-decoration:underline\"><span style=\"font-size:14.0pt\">Anfavea: subs&iacute;dios para carros 0 km v&atilde;o se esgotar antes do fim do prazo<\/span><\/a><\/span><\/span><\/span><\/p>\r\n\r\n<p style=\"text-align:justify\"><span style=\"font-size:11pt\"><span style=\"line-height:normal\"><span style=\"font-family:&quot;Calibri&quot;,sans-serif\"><a href=\"https:\/\/agenciadenoticias.ibge.gov.br\/agencia-noticias\/2012-agencia-de-noticias\/noticias\/37086-precos-da-construcao-variam-0-36-em-maio-impulsionados-por-alta-na-mao-de-obra\" style=\"color:blue; text-decoration:underline\"><span style=\"font-size:14.0pt\">Pre&ccedil;os da constru&ccedil;&atilde;o variam 0,36% em maio impulsionados por alta na m&atilde;o de obra<\/span><\/a><\/span><\/span><\/span><\/p>\r\n\r\n<p style=\"text-align:justify\"><span style=\"font-size:11pt\"><span style=\"line-height:normal\"><span style=\"font-family:&quot;Calibri&quot;,sans-serif\"><a href=\"https:\/\/www.moveisdevalor.com.br\/portal\/publicada-nova-norma-para-colchoes-de-espuma.-o-que-fazer?source=news\" style=\"color:blue; text-decoration:underline\"><span style=\"font-size:14.0pt\">Publicada nova Norma para colch&otilde;es de espuma. O que fazer?<\/span><\/a><\/span><\/span><\/span><\/p>\r\n\r\n<p class=\"MsoTitle\" style=\"text-align:justify\"><span style=\"font-size:28pt\"><span style=\"font-family:&quot;Cambria&quot;,serif\"><span style=\"letter-spacing:-0.5pt\"><b><span style=\"font-size:18.0pt\"><span style=\"font-family:&quot;Calibri&quot;,sans-serif\"><span style=\"font-variant:small-caps\">Sustentabilidade<\/span><\/span><\/span><\/b><\/span><\/span><\/span><\/p>\r\n\r\n<p style=\"text-align:justify\"><span style=\"font-size:11pt\"><span style=\"line-height:normal\"><span style=\"font-family:&quot;Calibri&quot;,sans-serif\"><a href=\"https:\/\/www.capitalreset.com\/fundo-tem-us-65-milhoes-para-escalar-reciclagem-de-plastico-na-america-latina\/\" style=\"color:blue; text-decoration:underline\"><span style=\"font-size:14.0pt\">Fundo tem US$ 65 milh&otilde;es para escalar reciclagem de pl&aacute;stico na Am&eacute;rica Latina<\/span><\/a><\/span><\/span><\/span><\/p>\r\n\r\n<p style=\"text-align:justify\"><span style=\"font-size:11pt\"><span style=\"line-height:normal\"><span style=\"font-family:&quot;Calibri&quot;,sans-serif\"><a href=\"https:\/\/noticias.portaldaindustria.com.br\/noticias\/sustentabilidade\/cni-debate-solucoes-de-financiamento-para-tornar-empresas-sustentaveis\/\" style=\"color:blue; text-decoration:underline\"><span style=\"font-size:14.0pt\">CNI debate solu&ccedil;&otilde;es de financiamento para tornar empresas sustent&aacute;veis<\/span><\/a><\/span><\/span><\/span><\/p>\r\n\r\n<p style=\"text-align:justify\"><span style=\"font-size:11pt\"><span style=\"line-height:normal\"><span style=\"font-family:&quot;Calibri&quot;,sans-serif\"><a href=\"https:\/\/www.innovationintextiles.com\/industry-talk\/banks-opening-up-for-circular-business\/\" style=\"color:blue; text-decoration:underline\"><span style=\"font-size:14.0pt\">Banks opening up for circular business<\/span><\/a><\/span><\/span><\/span><\/p>\r\n\r\n<p style=\"text-align:justify\"><span style=\"font-size:11pt\"><span style=\"line-height:normal\"><span style=\"font-family:&quot;Calibri&quot;,sans-serif\"><a href=\"https:\/\/medicinasa.com.br\/saneamento-internacoes-dengue\/\" style=\"color:blue; text-decoration:underline\"><span style=\"font-size:14.0pt\">Investir em saneamento pode reduzir em 50% as interna&ccedil;&otilde;es por dengue<\/span><\/a><\/span><\/span><\/span><\/p>\r\n\r\n<p style=\"text-align:justify\"><span style=\"font-size:11pt\"><span style=\"line-height:normal\"><span style=\"font-family:&quot;Calibri&quot;,sans-serif\"><a href=\"https:\/\/www.informacion.es\/medio-ambiente\/2023\/03\/15\/fabrican-ladrillos-aislantes-termicos-acusticos-84670640.html\" style=\"color:blue; text-decoration:underline\"><span style=\"font-size:14.0pt\">Fabrican ladrillos aislantes t&eacute;rmicos y ac&uacute;sticos con ropa reciclada<\/span><\/a><\/span><\/span><\/span><\/p>\r\n\r\n<p style=\"text-align:justify\"><span style=\"font-size:11pt\"><span style=\"line-height:normal\"><span style=\"font-family:&quot;Calibri&quot;,sans-serif\"><a href=\"https:\/\/www.gov.br\/mcti\/pt-br\/acompanhe-o-mcti\/noticias\/2023\/06\/mcti-participa-de-debate-sobre-solucoes-para-reduzir-poluicao-por-plastico\" style=\"color:blue; text-decoration:underline\"><span style=\"font-size:14.0pt\">MCTI participa de debate sobre solu&ccedil;&otilde;es para reduzir polui&ccedil;&atilde;o por pl&aacute;stico<\/span><\/a><\/span><\/span><\/span><\/p>\r\n\r\n<p style=\"text-align:justify\"><span style=\"font-size:11pt\"><span style=\"line-height:normal\"><span style=\"font-family:&quot;Calibri&quot;,sans-serif\"><a href=\"https:\/\/www.technicaltextile.net\/news\/wipes-labelling-law-in-colorado-advances-responsible-flushing-efforts-287918.html\" style=\"color:blue; text-decoration:underline\"><span style=\"font-size:14.0pt\">Wipes labelling law in Colorado advances responsible flushing efforts<\/span><\/a><\/span><\/span><\/span><\/p>\r\n\r\n<p class=\"MsoTitle\" style=\"text-align:justify\"><span style=\"font-size:28pt\"><span style=\"font-family:&quot;Cambria&quot;,serif\"><span style=\"letter-spacing:-0.5pt\"><b><span style=\"font-size:18.0pt\"><span style=\"font-family:&quot;Calibri&quot;,sans-serif\"><span style=\"font-variant:small-caps\">Inova&ccedil;&atilde;o<\/span><\/span><\/span><\/b><\/span><\/span><\/span><\/p>\r\n\r\n<p style=\"text-align:justify\"><span style=\"font-size:11pt\"><span style=\"line-height:normal\"><span style=\"font-family:&quot;Calibri&quot;,sans-serif\"><a href=\"https:\/\/www.meioemensagem.com.br\/opiniao\/inovacao-que-move-a-industria\" style=\"color:blue; text-decoration:underline\"><span style=\"font-size:14.0pt\">Inova&ccedil;&atilde;o que move a ind&uacute;stria<\/span><\/a><\/span><\/span><\/span><\/p>\r\n\r\n<p style=\"text-align:justify\"><span style=\"font-size:11pt\"><span style=\"line-height:normal\"><span style=\"font-family:&quot;Calibri&quot;,sans-serif\"><a href=\"https:\/\/www.innovationintextiles.com\/smart-textiles-nanotechnology\/smart-textiles-promote-mindfulness\/\" style=\"color:blue; text-decoration:underline\"><span style=\"font-size:14.0pt\">Smart textiles promote mindfulness<\/span><\/a><\/span><\/span><\/span><\/p>\r\n\r\n<p class=\"MsoTitleCxSpFirst\" style=\"text-align:justify\"><span style=\"font-size:28pt\"><span style=\"font-family:&quot;Cambria&quot;,serif\"><span style=\"letter-spacing:-0.5pt\"><b><span style=\"font-size:18.0pt\"><span style=\"font-family:&quot;Calibri&quot;,sans-serif\"><span style=\"font-variant:small-caps\">Com&eacute;rcio Exterior<\/span><\/span><\/span><\/b><\/span><\/span><\/span><\/p>\r\n\r\n<p style=\"text-align:justify\"><span style=\"font-size:11pt\"><span style=\"line-height:normal\"><span style=\"font-family:&quot;Calibri&quot;,sans-serif\"><a href=\"https:\/\/static.portaldaindustria.com.br\/media\/filer_public\/39\/c1\/39c17294-a71c-4291-9b75-ad36d821eeca\/consultaempresarial_maio2023.pdf\" style=\"color:blue; text-decoration:underline\"><span style=\"font-size:14.0pt\">Impactos da ado&ccedil;&atilde;o do Sistema de Importa&ccedil;&otilde;es da Rep&uacute;blica da Argentina (SIRA) no setor privado brasileiro<\/span><\/a><\/span><\/span><\/span><\/p>\r\n\r\n<p style=\"text-align:justify\"><span style=\"font-size:11pt\"><span style=\"line-height:normal\"><span style=\"font-family:&quot;Calibri&quot;,sans-serif\"><a href=\"https:\/\/www.infomoney.com.br\/economia\/balanca-comercial-tem-superavit-de-us-3178-bilhoes-na-2a-semana-de-junho\/\" style=\"color:blue; text-decoration:underline\"><span style=\"font-size:14.0pt\">Balan&ccedil;a comercial tem super&aacute;vit de US$ 3,178 bilh&otilde;es na 2&ordf; semana de junho<\/span><\/a><\/span><\/span><\/span><\/p>\r\n\r\n<p style=\"text-align:justify\"><span style=\"font-size:11pt\"><span style=\"line-height:normal\"><span style=\"font-family:&quot;Calibri&quot;,sans-serif\"><a href=\"https:\/\/noticias.portaldaindustria.com.br\/noticias\/internacional\/o-melhor-de-nossa-parceria-ainda-esta-por-vir-afirma-presidente-da-comissao-europeia\/\" style=\"color:blue; text-decoration:underline\"><span style=\"font-size:14.0pt\">O melhor de nossa parceria ainda est&aacute; por vir, afirma presidente da Comiss&atilde;o Europeia<\/span><\/a><\/span><\/span><\/span><\/p>\r\n\r\n<p style=\"text-align:justify\"><span style=\"font-size:11pt\"><span style=\"line-height:normal\"><span style=\"font-family:&quot;Calibri&quot;,sans-serif\"><a href=\"https:\/\/economia.uol.com.br\/noticias\/estadao-conteudo\/2023\/06\/13\/desconfianca-europeia-dificulta-acordo-com-mercosul-diz-lula.htm\" style=\"color:blue; text-decoration:underline\"><span style=\"font-size:14.0pt\">Desconfian&ccedil;a europeia dificulta acordo com Mercosul, diz Lula<\/span><\/a><\/span><\/span><\/span><\/p>\r\n\r\n<p class=\"MsoTitle\" style=\"text-align:justify\"><span style=\"font-size:28pt\"><span style=\"font-family:&quot;Cambria&quot;,serif\"><span style=\"letter-spacing:-0.5pt\"><b><span style=\"font-size:18.0pt\"><span style=\"font-family:&quot;Calibri&quot;,sans-serif\"><span style=\"font-variant:small-caps\">Economia<\/span><\/span><\/span><\/b><\/span><\/span><\/span><\/p>\r\n\r\n<p style=\"text-align:justify\"><span style=\"font-size:11pt\"><span style=\"line-height:normal\"><span style=\"font-family:&quot;Calibri&quot;,sans-serif\"><a href=\"https:\/\/www.bcb.gov.br\/content\/focus\/focus\/R20230512.pdf\" style=\"color:blue; text-decoration:underline\"><span style=\"font-size:14.0pt\">Focus &ndash; Relat&oacute;rio de Mercado<\/span><\/a><\/span><\/span><\/span><\/p>\r\n\r\n<p style=\"text-align:justify\"><span style=\"font-size:11pt\"><span style=\"line-height:normal\"><span style=\"font-family:&quot;Calibri&quot;,sans-serif\"><a href=\"https:\/\/noticias.portaldaindustria.com.br\/posicionamentos\/texto-preliminar-da-reforma-tributaria-aponta-para-modelo-mais-eficiente-e-moderno-diz-presidente-da-cni\/\" style=\"color:blue; text-decoration:underline\"><span style=\"font-size:14.0pt\">Texto preliminar da Reforma Tribut&aacute;ria aponta para modelo mais eficiente e moderno, diz presidente da CNI<\/span><\/a><\/span><\/span><\/span><\/p>\r\n\r\n<p style=\"text-align:justify\"><span style=\"font-size:11pt\"><span style=\"line-height:normal\"><span style=\"font-family:&quot;Calibri&quot;,sans-serif\"><a href=\"https:\/\/www.fibre2fashion.com\/news\/textile-news\/global-economic-growth-forecast-to-slow-to-2-1-in-2023-world-bank-288097-newsdetails.htm\" style=\"color:blue; text-decoration:underline\"><span style=\"font-size:14.0pt\">Global economic growth forecast to slow to 2.1% in 2023: World Bank<\/span><\/a><\/span><\/span><\/span><\/p>\r\n","6":"<p style=\"text-align:justify\"><span style=\"font-size:11pt\"><span style=\"line-height:normal\"><span style=\"font-family:&quot;Calibri&quot;,sans-serif\"><span style=\"font-size:14.0pt\">Esta &eacute; uma compila&ccedil;&atilde;o das not&iacute;cias mais relevantes para o setor, incluindo informa&ccedil;&otilde;es sobre acordos internacionais, economia brasileira, sustentabilidade e mat&eacute;rias primas, al&eacute;m de novidades do setor de N&atilde;otecidos e Tecidos T&eacute;cnicos.<\/span><\/span><\/span><\/span><\/p>\r\n\r\n<p class=\"MsoTitleCxSpLast\" style=\"text-align:justify\"><span style=\"font-size:28pt\"><span style=\"font-family:&quot;Cambria&quot;,serif\"><span style=\"letter-spacing:-0.5pt\"><b><span style=\"font-size:18.0pt\"><span style=\"font-family:&quot;Calibri&quot;,sans-serif\"><span style=\"font-variant:small-caps\">Not&iacute;cias das Associadas<\/span><\/span><\/span><\/b><\/span><\/span><\/span><\/p>\r\n\r\n<p style=\"text-align:justify\"><span style=\"font-size:11pt\"><span style=\"line-height:normal\"><span style=\"font-family:&quot;Calibri&quot;,sans-serif\"><a href=\"https:\/\/www.nonwovens-industry.com\/contents\/view_breaking-news\/2023-06-07\/andritz-buys-100-stake-in-dan-web?utm_campaign=NON+eNewsletter&amp;utm_medium=email&amp;_hsmi=261685126&amp;_hsenc=p2ANqtz-_bEWtIgkEg8J5Ne6BJ2dp67IBC7taaMwR5aUEn45Bri2DzDYPGxK6OHODiUrP7dihQTAyX1VMqobSMMeWLU_JVtEBYiA&amp;utm_content=261685126&amp;utm_source=hs_email\" style=\"color:blue; text-decoration:underline\"><span style=\"font-size:14.0pt\">Andritz Buys 100% Stake in Dan-Web<\/span><\/a><\/span><\/span><\/span><\/p>\r\n\r\n<p class=\"MsoTitleCxSpLast\" style=\"text-align:justify\"><span style=\"font-size:28pt\"><span style=\"font-family:&quot;Cambria&quot;,serif\"><span style=\"letter-spacing:-0.5pt\"><b><span style=\"font-size:18.0pt\"><span style=\"font-family:&quot;Calibri&quot;,sans-serif\"><span style=\"font-variant:small-caps\">A&ccedil;&otilde;es da ABINT<\/span><\/span><\/span><\/b><\/span><\/span><\/span><\/p>\r\n\r\n<p class=\"MsoTitleCxSpLast\" style=\"text-align:justify\"><span style=\"font-size:28pt\"><span style=\"font-family:&quot;Cambria&quot;,serif\"><span style=\"letter-spacing:-0.5pt\"><b><span style=\"font-size:18.0pt\"><span style=\"font-family:&quot;Calibri&quot;,sans-serif\"><span style=\"font-variant:small-caps\"><img src=\"https:\/\/www.abint.org.br\/assets\/img\/editor\/20230614-momentos-de-tecnologia-aesabesp_20230620160155DRceBOLAti.jpeg\" style=\"width: 300px; height: 375px;\" \/><\/span><\/span><\/span><\/b><\/span><\/span><\/span><\/p>\r\n\r\n<p class=\"MsoTitleCxSpLast\" style=\"text-align:justify\"><b><span style=\"font-size:14.0pt\"><span style=\"line-height:115%\"><span style=\"font-family:&quot;Calibri&quot;,sans-serif\">O CTG ABINT participar&aacute; do espa&ccedil;o &ldquo;Momentos de Tecnologia&rdquo; da AESabesp &ndash; Associa&ccedil;&atilde;o dos Engenheiros da Sabesp. <\/span><\/span><\/span><\/b><span style=\"font-size:14.0pt\"><span style=\"line-height:115%\"><span style=\"font-family:&quot;Calibri&quot;,sans-serif\">A palestra &ldquo;A import&acirc;ncia dos Geossint&eacute;ticos como barreiras imperme&aacute;veis e sua devida fiscaliza&ccedil;&atilde;o&rdquo; ocorrer&aacute; dia 14 de junho, &agrave;s 09h00, na Unidade Ponte Pequena.<\/span><\/span><\/span><\/p>\r\n\r\n<p class=\"MsoTitleCxSpLast\" style=\"text-align:justify\">&nbsp;<\/p>\r\n\r\n<p class=\"MsoTitleCxSpLast\" style=\"text-align:justify\"><span style=\"font-size:14.0pt\"><span style=\"line-height:115%\"><span style=\"font-family:&quot;Calibri&quot;,sans-serif\"><img src=\"https:\/\/www.abint.org.br\/assets\/img\/editor\/20230627-live-post-redes_20230620160253ORIbJre2Fg.jpeg\" style=\"width: 300px; height: 300px;\" \/><\/span><\/span><\/span><\/p>\r\n\r\n<p style=\"text-align:justify\"><span style=\"font-size:11pt\"><span style=\"line-height:normal\"><span style=\"font-family:&quot;Calibri&quot;,sans-serif\"><span style=\"font-size:14.0pt\">No dia <strong>27\/06, &agrave;s 18h<\/strong>, o <strong>CTG ABINT<\/strong> reunir&aacute; especialistas para debater sobre a <a href=\"https:\/\/www.youtube.com\/live\/IIrwQPqRc18?feature=share\" style=\"color:blue; text-decoration:underline\"><span style=\"text-decoration:none\"><span style=\"text-underline:none\">Contrata&ccedil;&atilde;o T&eacute;cnica de Servi&ccedil;os de Instala&ccedil;&atilde;o de Geomembranas<\/span><\/span><\/a>.<\/span><\/span><\/span><\/span><\/p>\r\n\r\n<p style=\"text-align:justify\"><span style=\"font-size:11pt\"><span style=\"line-height:normal\"><span style=\"font-family:&quot;Calibri&quot;,sans-serif\"><span style=\"font-size:14.0pt\">A transmiss&atilde;o ser&aacute; aberta e gratuita, pelo canal do <strong>Youtube da Geotecnia Brasil<\/strong>.<\/span><\/span><\/span><\/span><\/p>\r\n\r\n<p style=\"text-align:justify\"><strong><span style=\"font-size:11pt\"><span style=\"line-height:normal\"><span style=\"font-family:&quot;Calibri&quot;,sans-serif\"><span style=\"font-size:14.0pt\">Ative o lembrete!<\/span><\/span><\/span><\/span><\/strong><\/p>\r\n\r\n<p style=\"text-align:justify\">&nbsp;<\/p>\r\n\r\n<p style=\"text-align:justify\"><img src=\"https:\/\/www.abint.org.br\/assets\/img\/editor\/e-mail-marketing-curso_20230620161243lkfzjFTPY5.jpg\" style=\"width: 300px; height: 420px;\" \/><\/p>\r\n\r\n<p class=\"MsoTitleCxSpLast\" style=\"text-align:justify\"><span style=\"font-size:28pt\"><span style=\"font-family:&quot;Cambria&quot;,serif\"><span style=\"letter-spacing:-0.5pt\"><span style=\"font-family:&quot;Calibri&quot;,sans-serif\"><b><span style=\"font-size:14.0pt\"><span style=\"letter-spacing:0pt\">*** <\/span><\/span><\/b><a href=\"https:\/\/www.abint.org.br\/informacao\/outros\/programacao-curso-abint-tecnologia-dos-naotecidos\" style=\"color:blue; text-decoration:underline\"><b><span style=\"font-size:14.0pt\"><span style=\"letter-spacing:0pt\">Programa&ccedil;&atilde;o<\/span><\/span><\/b><\/a><b><span style=\"font-size:14.0pt\"><span style=\"letter-spacing:0pt\"> *** <\/span><\/span><\/b><a href=\"https:\/\/www.abint.org.br\/informacao\/outros\/informacoes-curso-abint-tecnologia-dos-naotecidos\" style=\"color:blue; text-decoration:underline\"><b><span style=\"font-size:14.0pt\"><span style=\"letter-spacing:0pt\">Informa&ccedil;&otilde;es<\/span><\/span><\/b><\/a><b><span style=\"font-size:14.0pt\"><span style=\"letter-spacing:0pt\"> *** <\/span><\/span><\/b><a href=\"https:\/\/forms.gle\/E5bZXpiNh7wZ9kcQ6\" style=\"color:blue; text-decoration:underline\"><b><span style=\"font-size:14.0pt\"><span style=\"letter-spacing:0pt\">Inscri&ccedil;&otilde;es<\/span><\/span><\/b><\/a><b><span style=\"font-size:14.0pt\"><span style=\"letter-spacing:0pt\"> ***<\/span><\/span><\/b><\/span><b> <\/b><\/span><\/span><\/span><\/p>\r\n\r\n<p class=\"MsoTitleCxSpLast\" style=\"text-align:justify\">&nbsp;<\/p>\r\n\r\n<p class=\"MsoTitleCxSpLast\" style=\"text-align:justify\"><span style=\"font-size:28pt\"><span style=\"font-family:&quot;Cambria&quot;,serif\"><span style=\"letter-spacing:-0.5pt\"><span style=\"font-family:&quot;Calibri&quot;,sans-serif\"><b><span style=\"font-size:14.0pt\"><span style=\"letter-spacing:0pt\"><img src=\"https:\/\/www.abint.org.br\/assets\/img\/editor\/e-mail-mkt-curso-geomembranas-qrcodelogos_20230620161556qxpoUiV6bi.JPG\" style=\"width: 500px; height: 375px;\" \/><\/span><\/span><\/b><\/span><\/span><\/span><\/span><\/p>\r\n\r\n<p style=\"text-align:justify\"><span style=\"font-size:11pt\"><span style=\"line-height:normal\"><span style=\"font-family:&quot;Calibri&quot;,sans-serif\"><b><span style=\"font-size:14.0pt\">Nos dias 04 a 07 de julho o CTG ABINT realizar&aacute; o 1&ordm; Curso Brasileiro de Instala&ccedil;&atilde;o de Geomembranas, no Instituto Mau&aacute; de Tecnologia.<\/span><\/b><\/span><\/span><\/span><\/p>\r\n\r\n<p style=\"text-align:justify\"><span style=\"font-size:11pt\"><span style=\"line-height:normal\"><span style=\"font-family:&quot;Calibri&quot;,sans-serif\"><a href=\"https:\/\/www.eventbrite.com.br\/e\/1o-curso-brasileiro-de-instalacao-de-geomembranas-tickets-645407429997\" style=\"color:blue; text-decoration:underline\"><span style=\"font-size:14.0pt\">Informa&ccedil;&otilde;es<\/span><\/a><\/span><\/span><\/span><\/p>\r\n\r\n<p style=\"text-align:justify\">&nbsp;<\/p>\r\n\r\n<p style=\"text-align:justify\"><img src=\"https:\/\/www.abint.org.br\/assets\/img\/editor\/ctg-patrocinador-regeo-2023_202306201618030nQkPqTMnA.jpeg\" style=\"width: 300px; height: 300px;\" \/><\/p>\r\n\r\n<p style=\"text-align:justify\"><span style=\"font-size:11pt\"><span style=\"line-height:normal\"><span style=\"font-family:&quot;Calibri&quot;,sans-serif\"><b><span style=\"font-size:14.0pt\"><span style=\"font-variant:small-caps\">O CTG ABINT <\/span><\/span><\/b><b><span style=\"font-size:14.0pt\">marcar&aacute; presen&ccedil;a<\/span><\/b><span style=\"font-size:14.0pt\"> nos eventos <b>X Congresso Brasileiro de Geotecnia Ambiental &amp; IX Congresso Brasileiro de Geossint&eacute;ticos - REGEO&rsquo;23 &amp; Geossint&eacute;ticos&rsquo;23<\/b>, que ocorrer&atilde;o de 18 a 21 de julho de 2023, Centro Universit&aacute;rio Jorge Amado &ndash; UNIJORGE, Salvador, BA.<\/span><\/span><\/span><\/span><\/p>\r\n\r\n<p style=\"text-align:justify\"><span style=\"font-size:11pt\"><span style=\"line-height:normal\"><span style=\"font-family:&quot;Calibri&quot;,sans-serif\"><a href=\"https:\/\/regeogeossinteticos23.com.br\/\" style=\"color:blue; text-decoration:underline\"><span style=\"font-size:14.0pt\">Mais informa&ccedil;&otilde;es e inscri&ccedil;&otilde;es<\/span><\/a><\/span><\/span><\/span><\/p>\r\n\r\n<p class=\"MsoTitleCxSpFirst\" style=\"text-align:justify\">&nbsp;<\/p>\r\n\r\n<p class=\"MsoTitleCxSpFirst\" style=\"text-align:justify\"><img src=\"https:\/\/www.abint.org.br\/assets\/img\/editor\/minicurso-fernando-regeo-2023_20230620161840mOOS9meqaq.jpeg\" style=\"width: 300px; height: 300px;\" \/><\/p>\r\n\r\n<p style=\"text-align:justify\"><span style=\"font-size:11pt\"><span style=\"line-height:normal\"><span style=\"font-family:&quot;Calibri&quot;,sans-serif\"><b><span style=\"font-size:14.0pt\">O Prof. Dr. Fernando Lavoie, Coordenador do CTG ABINT, ministrar&aacute; Minicurso durante o Regeo&rsquo;23 &amp; Geossint&eacute;ticos&rsquo;23.<\/span><\/b><\/span><\/span><\/span><\/p>\r\n\r\n<p style=\"text-align:justify\"><span style=\"font-size:11pt\"><span style=\"line-height:normal\"><span style=\"font-family:&quot;Calibri&quot;,sans-serif\"><a href=\"https:\/\/regeogeossinteticos23.com.br\/inscricoes\/\" style=\"color:blue; text-decoration:underline\"><span style=\"font-size:14.0pt\">Inscreva-se!<\/span><\/a><\/span><\/span><\/span><\/p>\r\n\r\n<p class=\"MsoTitleCxSpFirst\" style=\"text-align:justify\">&nbsp;<\/p>\r\n\r\n<p style=\"text-align:justify\"><span style=\"font-size:11pt\"><span style=\"line-height:normal\"><span style=\"font-family:&quot;Calibri&quot;,sans-serif\"><b><span style=\"font-size:18.0pt\"><span style=\"font-variant:small-caps\">Eventos<\/span><\/span><\/b><\/span><\/span><\/span><\/p>\r\n\r\n<p style=\"text-align:justify\"><span style=\"font-size:11pt\"><span style=\"line-height:normal\"><span style=\"font-family:&quot;Calibri&quot;,sans-serif\"><b><span style=\"font-size:14.0pt\">FGV IBRE | Progressividade tribut&aacute;ria e crescimento econ&ocirc;mico<\/span><\/b><span style=\"font-size:14.0pt\">, 13 de junho de 2023, evento presencial, SGAN &ndash; Setor de Grandes &Aacute;reas Norte Quadra 602, M&oacute;dulos A, B, e C, Asa Norte, Bras&iacute;lia. <\/span><a href=\"http:\/\/clickb.e2b.fgv.br\/Redir?43bccd68e92c6e729d8185202bcaa37d&amp;c7923cc802134327b2317fe4541d5bdd\" style=\"color:blue; text-decoration:underline\"><span style=\"font-size:14.0pt\">Informa&ccedil;&otilde;es<\/span><\/a> <\/span><\/span><\/span><\/p>\r\n\r\n<p style=\"text-align:justify\"><span style=\"font-size:11pt\"><span style=\"line-height:normal\"><span style=\"font-family:&quot;Calibri&quot;,sans-serif\"><b><span style=\"font-size:14.0pt\">Workshop Abit | Fazendo a revis&atilde;o do PGR - Plano de Gerenciamento de Riscos<\/span><\/b><span style=\"font-size:14.0pt\">, 14 de junho de 2023, das 14h30 &agrave;s 16h30, evento online. <\/span><a href=\"https:\/\/produtos.institutoabit.org.br\/prod\/2d87652c-d485-4bba-b0e6-5c12db6ebd7c?utm_campaign=workshop_pgr_reenvio_0606&amp;utm_medium=email&amp;utm_source=RD+Station\" style=\"color:blue; text-decoration:underline\"><span style=\"font-size:14.0pt\">Informa&ccedil;&otilde;es<\/span><\/a> <\/span><\/span><\/span><\/p>\r\n\r\n<p style=\"text-align:justify\"><span style=\"font-size:11pt\"><span style=\"line-height:normal\"><span style=\"font-family:&quot;Calibri&quot;,sans-serif\"><b><span style=\"font-size:14.0pt\">FGV IBRE | II Semin&aacute;rio de An&aacute;lise Conjuntural<\/span><\/b><span style=\"font-size:14.0pt\">, 15 de junho de 2023, 10h00 &agrave;s 11h30, transmiss&atilde;o via YouTube. <\/span><a href=\"https:\/\/evento.fgv.br\/analise-conjuntural_1506\/\" style=\"color:blue; text-decoration:underline\"><span style=\"font-size:14.0pt\">Informa&ccedil;&otilde;es<\/span><\/a> <\/span><\/span><\/span><\/p>\r\n\r\n<p style=\"text-align:justify\"><span style=\"font-size:11pt\"><span style=\"line-height:normal\"><span style=\"font-family:&quot;Calibri&quot;,sans-serif\"><b><span style=\"font-size:14.0pt\">Webinar Tech Day: Grafeno, Ensaios em Pl&aacute;sticos e Economia Circular,<\/span><\/b><span style=\"font-size:14.0pt\"> 21 de junho de 2023. <\/span><a href=\"https:\/\/www.webcastlive.com.br\/aspen\/\" style=\"color:blue; text-decoration:underline\"><span style=\"font-size:14.0pt\">Informa&ccedil;&otilde;es<\/span><\/a> <\/span><\/span><\/span><\/p>\r\n\r\n<p style=\"text-align:justify\"><span style=\"font-size:11pt\"><span style=\"line-height:normal\"><span style=\"font-family:&quot;Calibri&quot;,sans-serif\"><b><span style=\"font-size:14.0pt\">Apex Brasil | Introdu&ccedil;&atilde;o ao e-commerce Internacional<\/span><\/b><span style=\"font-size:14.0pt\">, 22 de junho de 2023, das 8h30 &agrave;s 12h30, evento online. <\/span><a href=\"https:\/\/click.apexbrasil.com.br\/mkt\/OficinadeCompetitividade\/OficinadeCompetitividade_junho2023.pdf#msdynttrid=nE-ALUwLx6zLKXBX1Ob3Todz5RuI7-aS7bUNiQ2Pa9c\" style=\"color:blue; text-decoration:underline\"><span style=\"font-size:14.0pt\">Informa&ccedil;&otilde;es<\/span><\/a> <\/span><\/span><\/span><\/p>\r\n\r\n<p style=\"text-align:justify\"><span style=\"font-size:11pt\"><span style=\"line-height:normal\"><span style=\"font-family:&quot;Calibri&quot;,sans-serif\"><b><span style=\"font-size:14.0pt\">FGV IBRE | Inscreva-se no evento IX Semin&aacute;rio Anual de Pol&iacute;tica Monet&aacute;ria<\/span><\/b><span style=\"font-size:14.0pt\">, 23 de junho (sexta-feira), 10h &agrave;s 11h30, transmiss&atilde;o via YouTube. <\/span><a href=\"https:\/\/evento.fgv.br\/ixseminarioanual_2306\/\" style=\"color:blue; text-decoration:underline\"><span style=\"font-size:14.0pt\">Informa&ccedil;&otilde;es<\/span><\/a> <\/span><\/span><\/span><\/p>\r\n\r\n<p style=\"text-align:justify\"><span style=\"font-size:11pt\"><span style=\"line-height:normal\"><span style=\"font-family:&quot;Calibri&quot;,sans-serif\"><b><span style=\"font-size:14.0pt\">SOBECC | I Simp&oacute;sio de preven&ccedil;&atilde;o e controle de infec&ccedil;&atilde;o do S&iacute;tio Cir&uacute;rgico APECIH\/SOBECC<\/span><\/b><span style=\"font-size:14.0pt\">, 24 de junho de 2023, das 08h00 &agrave;s 18h30, evento presencial. <\/span><a href=\"https:\/\/sobecc.org.br\/jornada-cientifica\/i-simposio-de-prevencao-e-controle-de-infeccao-do-sitio-cirurgico-apecih-sobecc\" style=\"color:blue; text-decoration:underline\"><span style=\"font-size:14.0pt\">Informa&ccedil;&otilde;es<\/span><\/a> <\/span><\/span><\/span><\/p>\r\n\r\n<p style=\"text-align:justify\"><span style=\"font-size:11pt\"><span style=\"line-height:normal\"><span style=\"font-family:&quot;Calibri&quot;,sans-serif\"><b><span style=\"font-size:14.0pt\">INDA | Top Global Consumer Trends and Their Implications in the Wipes Sector<\/span><\/b><span style=\"font-size:14.0pt\">, June 28, 11:00 am &ndash; 11:45 am EDT. <\/span><a href=\"https:\/\/www.worldofwipes.org\/preconference-webinars.html\" style=\"color:blue; text-decoration:underline\"><span style=\"font-size:14.0pt\">Informa&ccedil;&otilde;es<\/span><\/a> <\/span><\/span><\/span><\/p>\r\n\r\n<p style=\"text-align:justify\"><span style=\"font-size:11pt\"><span style=\"line-height:normal\"><span style=\"font-family:&quot;Calibri&quot;,sans-serif\"><b><span style=\"font-size:14.0pt\">Curso ABINT Online | Simbologia de cuidados aplicada a etiquetagem de t&ecirc;xteis, <\/span><\/b><span style=\"font-size:14.0pt\">28 e 29 de junho de 2023, das 08h30 &agrave;s 17h30. <\/span><a href=\"https:\/\/www.abntcatalogo.com.br\/pcs.aspx?Q=ZlgyeVVtT2FtUjZPVlNmVDUrSkpmUWw0a2x2djdpais=\" style=\"color:blue; text-decoration:underline\"><span style=\"font-size:14.0pt\">Informa&ccedil;&otilde;es<\/span><\/a> <\/span><\/span><\/span><\/p>\r\n\r\n<p style=\"text-align:justify\"><span style=\"font-size:11pt\"><span style=\"line-height:normal\"><span style=\"font-family:&quot;Calibri&quot;,sans-serif\"><b><span style=\"font-size:14.0pt\">The 92nd Textile Institute World Conference: &ldquo;Sustainability of the Textile and Fashion Supply Chain &ndash; Transitioning to Zero Carbon and Zero Waste&rdquo;, <\/span><\/b><span style=\"font-size:14.0pt\">3-6 July 2023, University of Huddersfield, UK. <\/span><a href=\"https:\/\/www.textileinstitute.org\/events\/tiwc\/\" style=\"color:blue; text-decoration:underline\"><span style=\"font-size:14.0pt\">Informa&ccedil;&otilde;es<\/span><\/a> <\/span><\/span><\/span><\/p>\r\n\r\n<p style=\"text-align:justify\"><span style=\"font-size:11pt\"><span style=\"line-height:normal\"><span style=\"font-family:&quot;Calibri&quot;,sans-serif\"><b><span style=\"font-size:14.0pt\">IV Congreso Sudamericano de Composites, Poliuretano y Pl&aacute;sticos de Ingenier&iacute;a,<\/span><\/b><span style=\"font-size:14.0pt\"> 8 e 9 de agosto, Buenos Aires, Argentina. <\/span><a href=\"http:\/\/www.congresosudamericano.com\/blog.html\" style=\"color:blue; text-decoration:underline\"><span style=\"font-size:14.0pt\">Informa&ccedil;&otilde;es<\/span><\/a> <\/span><\/span><\/span><\/p>\r\n\r\n<p style=\"text-align:justify\"><span style=\"font-size:11pt\"><span style=\"line-height:normal\"><span style=\"font-family:&quot;Calibri&quot;,sans-serif\"><b><span style=\"font-size:14.0pt\">FIMMA BRASIL - Feira Internacional de Fornecedores da Cadeia Produtiva Madeira e M&oacute;veis<\/span><\/b><span style=\"font-size:14.0pt\">, 28 a 31 de agosto de 2023, das 10h &agrave;s 19h, Bento Gon&ccedil;alves, RS. <\/span><a href=\"https:\/\/fimma.com.br\/\" style=\"color:blue; text-decoration:underline\"><span style=\"font-size:14.0pt\">Informa&ccedil;&otilde;es<\/span><\/a> <\/span><\/span><\/span><\/p>\r\n\r\n<p style=\"text-align:justify\"><span style=\"font-size:11pt\"><span style=\"line-height:normal\"><span style=\"font-family:&quot;Calibri&quot;,sans-serif\"><b><span style=\"font-size:14.0pt\">10&ordm; Congresso Internacional da Inova&ccedil;&atilde;o da Ind&uacute;stria<\/span><\/b><span style=\"font-size:14.0pt\">, 27 e 28 de setembro de 2023, S&atilde;o Paulo Expo. <\/span><a href=\"https:\/\/www.congressodeinovacao.com.br\/?utm_source=comext&amp;utm_medium=email&amp;utm_campaign=eventos&amp;utm_content=id00053#msdynttrid=gg5jXwSFR7qM4vHH2tKGau3cTwSFDneTjMUhrcPg7vE\" style=\"color:blue; text-decoration:underline\"><span style=\"font-size:14.0pt\">Informa&ccedil;&otilde;es<\/span><\/a> <\/span><\/span><\/span><\/p>\r\n\r\n<p style=\"text-align:justify\"><span style=\"font-size:11pt\"><span style=\"line-height:normal\"><span style=\"font-family:&quot;Calibri&quot;,sans-serif\"><b><span style=\"font-size:14.0pt\">FiltXPO&trade; 2023<\/span><\/b><span class=\"MsoHyperlink\" style=\"color:blue\"><span style=\"text-decoration:underline\"><span style=\"font-size:14.0pt\"><span style=\"text-decoration:none\"><span style=\"text-underline:none\">, <\/span><\/span><\/span><\/span><\/span><span style=\"font-size:14.0pt\">October 10-12, 2023 at Navy Pier in Chicago, Illinois<span class=\"MsoHyperlink\" style=\"color:blue\"><span style=\"text-decoration:underline\"><span style=\"text-decoration:none\"><span style=\"text-underline:none\">. <\/span><\/span><\/span><\/span><\/span><a href=\"https:\/\/www.filtxpo.com\/\" style=\"color:blue; text-decoration:underline\"><span style=\"font-size:14.0pt\">Informa&ccedil;&otilde;es<\/span><\/a> <\/span><\/span><\/span><\/p>\r\n\r\n<p style=\"text-align:justify\"><span style=\"font-size:11pt\"><span style=\"line-height:normal\"><span style=\"font-family:&quot;Calibri&quot;,sans-serif\"><b><span style=\"font-size:14.0pt\">V Congreso Sudamericano de Composites, Poliuretano y Pl&aacute;sticos de Ingenier&iacute;a, <\/span><\/b><span style=\"font-size:14.0pt\">24 e 25 de outubro de 2023, Bogot&aacute;, Col&ocirc;mbia. <\/span><a href=\"http:\/\/www.congresosudamericano.com\/blog.html\" style=\"color:blue; text-decoration:underline\"><span style=\"font-size:14.0pt\">Informa&ccedil;&otilde;es<\/span><\/a> <\/span><\/span><\/span><\/p>\r\n\r\n<p class=\"MsoTitle\" style=\"text-align:justify\"><span style=\"font-size:28pt\"><span style=\"font-family:&quot;Cambria&quot;,serif\"><span style=\"letter-spacing:-0.5pt\"><b><span style=\"font-size:18.0pt\"><span style=\"font-family:&quot;Calibri&quot;,sans-serif\"><span style=\"font-variant:small-caps\">Setor<\/span><\/span><\/span><\/b><\/span><\/span><\/span><\/p>\r\n\r\n<p style=\"text-align:justify\"><span style=\"font-size:11pt\"><span style=\"line-height:normal\"><span style=\"font-family:&quot;Calibri&quot;,sans-serif\"><a href=\"https:\/\/plasticosemrevista.com.br\/eua-menos-risco-de-furacoes-alarmando-petroquimicas-este-ano\/\" style=\"color:blue; text-decoration:underline\"><span style=\"font-size:14.0pt\">EUA: menos risco de furac&otilde;es alarmando petroqu&iacute;micas este ano<\/span><\/a><\/span><\/span><\/span><\/p>\r\n\r\n<p style=\"text-align:justify\"><span style=\"font-size:11pt\"><span style=\"line-height:normal\"><span style=\"font-family:&quot;Calibri&quot;,sans-serif\"><a href=\"https:\/\/www.fibre2fashion.com\/news\/textile-news\/itma-2023-opens-showcasing-cutting-edge-textile-innovations-in-milan-288102-newsdetails.htm\" style=\"color:blue; text-decoration:underline\"><span style=\"font-size:14.0pt\">ITMA 2023 opens; showcasing cutting-edge textile innovations in Milan<\/span><\/a><\/span><\/span><\/span><\/p>\r\n\r\n<p style=\"text-align:justify\"><span style=\"font-size:11pt\"><span style=\"line-height:normal\"><span style=\"font-family:&quot;Calibri&quot;,sans-serif\"><a href=\"https:\/\/www.nonwovens-industry.com\/contents\/view_features\/2023-06-02\/fiber-companies-take-notice?utm_campaign=NON+Issue+Alert&amp;utm_medium=email&amp;_hsmi=262128639&amp;_hsenc=p2ANqtz-_7jjSZOJYZddF-Wvw1lnWnNZHl1yUeZ0h-kGfyfhLRMxXO-qY7cBXraUEj5d1XjhCQAvnKeljXpeYZ33VMcr6CaViDAg&amp;utm_content=262128639&amp;utm_source=hs_email\" style=\"color:blue; text-decoration:underline\"><span style=\"font-size:14.0pt\">Fiber Companies Take Notice<\/span><\/a><\/span><\/span><\/span><\/p>\r\n\r\n<p style=\"text-align:justify\"><span style=\"font-size:11pt\"><span style=\"line-height:normal\"><span style=\"font-family:&quot;Calibri&quot;,sans-serif\"><a href=\"https:\/\/www.nonwovens-industry.com\/contents\/view_features\/2023-06-02\/natural-hygiene-products-market-keeps-growing?utm_campaign=NON+Issue+Alert&amp;utm_medium=email&amp;_hsmi=262128639&amp;_hsenc=p2ANqtz--hdGqWxZYHhPjENUz3cthZP-Sk5NcxiZU3fMVmwzES63L5C9hOVLcWCOCsJB0u8mdK6lIgwfbKXgf5l3abq8vkuYmtcg&amp;utm_content=262128639&amp;utm_source=hs_email\" style=\"color:blue; text-decoration:underline\"><span style=\"font-size:14.0pt\">Natural Hygiene Products Market Keeps Growing<\/span><\/a><\/span><\/span><\/span><\/p>\r\n\r\n<p style=\"text-align:justify\"><span style=\"font-size:11pt\"><span style=\"line-height:normal\"><span style=\"font-family:&quot;Calibri&quot;,sans-serif\"><a href=\"https:\/\/www.nonwovens-industry.com\/contents\/view_features\/2023-06-01\/household-wipes-report-986282?utm_campaign=NON+Issue+Alert&amp;utm_medium=email&amp;_hsmi=262128639&amp;_hsenc=p2ANqtz-_HSQA8Pd0Gx4j9--lny70XLyZyhHSx5Iy-cP4-CfQ3diieu-3X8Kk4U7wcNiH-L3Ew70FgVQlLjNAlFLxVpOmRIUZpjw&amp;utm_content=262128639&amp;utm_source=hs_email\" style=\"color:blue; text-decoration:underline\"><span style=\"font-size:14.0pt\">Household Wipes Report<\/span><\/a><\/span><\/span><\/span><\/p>\r\n\r\n<p style=\"text-align:justify\"><span style=\"font-size:11pt\"><span style=\"line-height:normal\"><span style=\"font-family:&quot;Calibri&quot;,sans-serif\"><a href=\"https:\/\/forbes.com.br\/forbes-money\/2023\/06\/unipar-oferece-premio-de-43-por-fatia-na-braskem\/\" style=\"color:blue; text-decoration:underline\"><span style=\"font-size:14.0pt\">Unipar oferece pr&ecirc;mio de 43% por fatia na Braskem<\/span><\/a><\/span><\/span><\/span><\/p>\r\n\r\n<p style=\"text-align:justify\"><span style=\"font-size:11pt\"><span style=\"line-height:normal\"><span style=\"font-family:&quot;Calibri&quot;,sans-serif\"><a href=\"https:\/\/epbr.com.br\/para-aonde-vao-os-precos-do-petroleo-apos-novo-acordo-da-opep\/?utm_source=newsletters+epbr&amp;utm_campaign=203aa27f1c-mais-lidas_COPY_02&amp;utm_medium=email&amp;utm_term=0_5931171aac-203aa27f1c-466362780\" style=\"color:blue; text-decoration:underline\"><span style=\"font-size:14.0pt\">Para onde v&atilde;o os pre&ccedil;os do petr&oacute;leo ap&oacute;s novo acordo da Opep?<\/span><\/a><\/span><\/span><\/span><\/p>\r\n\r\n<p style=\"text-align:justify\"><span style=\"font-size:11pt\"><span style=\"line-height:normal\"><span style=\"font-family:&quot;Calibri&quot;,sans-serif\"><a href=\"https:\/\/tissueonline.com.br\/ontex-aposta-em-tecnologia-de-ponta-para-linhas-de-fralda-no-brasil\/?utm_campaign=newsletter_09062023_novo_modelo&amp;utm_medium=email&amp;utm_source=RD+Station\" style=\"color:blue; text-decoration:underline\"><span style=\"font-size:14.0pt\">Ontex aposta em tecnologia de ponta para linhas de fralda no Brasil<\/span><\/a><\/span><\/span><\/span><\/p>\r\n\r\n<p class=\"MsoTitle\" style=\"text-align:justify\"><span style=\"font-size:28pt\"><span style=\"font-family:&quot;Cambria&quot;,serif\"><span style=\"letter-spacing:-0.5pt\"><b><span style=\"font-size:18.0pt\"><span style=\"font-family:&quot;Calibri&quot;,sans-serif\"><span style=\"font-variant:small-caps\">Ind&uacute;stria<\/span><\/span><\/span><\/b><\/span><\/span><\/span><\/p>\r\n\r\n<p style=\"text-align:justify\"><span style=\"font-size:11pt\"><span style=\"line-height:normal\"><span style=\"font-family:&quot;Calibri&quot;,sans-serif\"><a href=\"https:\/\/agenciadenoticias.ibge.gov.br\/agencia-sala-de-imprensa\/2013-agencia-de-noticias\/releases\/37132-em-abril-industria-recua-em-dez-dos-15-locais-pesquisados\" style=\"color:blue; text-decoration:underline\"><span style=\"font-size:14.0pt\">Em abril, ind&uacute;stria recua em dez dos 15 locais pesquisados<\/span><\/a><\/span><\/span><\/span><\/p>\r\n\r\n<p style=\"text-align:justify\"><span style=\"font-size:11pt\"><span style=\"line-height:normal\"><span style=\"font-family:&quot;Calibri&quot;,sans-serif\"><a href=\"https:\/\/www.contabeis.com.br\/noticias\/57249\/pis-cofins-lei-estabelece-exclusao-do-icms\/\" style=\"color:blue; text-decoration:underline\"><span style=\"font-size:14.0pt\">Lei estabelece exclus&atilde;o do ICMS da base de c&aacute;lculo de cr&eacute;ditos PIS\/Cofins<\/span><\/a><\/span><\/span><\/span><\/p>\r\n\r\n<p style=\"text-align:justify\"><span style=\"font-size:11pt\"><span style=\"line-height:normal\"><span style=\"font-family:&quot;Calibri&quot;,sans-serif\"><a href=\"https:\/\/forbes.com.br\/forbeslife\/forbes-motors\/2023\/06\/anfavea-subsidios-para-carros-0-km-vao-se-esgotar-antes-do-fim-do-prazo\/\" style=\"color:blue; text-decoration:underline\"><span style=\"font-size:14.0pt\">Anfavea: subs&iacute;dios para carros 0 km v&atilde;o se esgotar antes do fim do prazo<\/span><\/a><\/span><\/span><\/span><\/p>\r\n\r\n<p style=\"text-align:justify\"><span style=\"font-size:11pt\"><span style=\"line-height:normal\"><span style=\"font-family:&quot;Calibri&quot;,sans-serif\"><a href=\"https:\/\/agenciadenoticias.ibge.gov.br\/agencia-noticias\/2012-agencia-de-noticias\/noticias\/37086-precos-da-construcao-variam-0-36-em-maio-impulsionados-por-alta-na-mao-de-obra\" style=\"color:blue; text-decoration:underline\"><span style=\"font-size:14.0pt\">Pre&ccedil;os da constru&ccedil;&atilde;o variam 0,36% em maio impulsionados por alta na m&atilde;o de obra<\/span><\/a><\/span><\/span><\/span><\/p>\r\n\r\n<p style=\"text-align:justify\"><span style=\"font-size:11pt\"><span style=\"line-height:normal\"><span style=\"font-family:&quot;Calibri&quot;,sans-serif\"><a href=\"https:\/\/www.moveisdevalor.com.br\/portal\/publicada-nova-norma-para-colchoes-de-espuma.-o-que-fazer?source=news\" style=\"color:blue; text-decoration:underline\"><span style=\"font-size:14.0pt\">Publicada nova Norma para colch&otilde;es de espuma. O que fazer?<\/span><\/a><\/span><\/span><\/span><\/p>\r\n\r\n<p class=\"MsoTitle\" style=\"text-align:justify\"><span style=\"font-size:28pt\"><span style=\"font-family:&quot;Cambria&quot;,serif\"><span style=\"letter-spacing:-0.5pt\"><b><span style=\"font-size:18.0pt\"><span style=\"font-family:&quot;Calibri&quot;,sans-serif\"><span style=\"font-variant:small-caps\">Sustentabilidade<\/span><\/span><\/span><\/b><\/span><\/span><\/span><\/p>\r\n\r\n<p style=\"text-align:justify\"><span style=\"font-size:11pt\"><span style=\"line-height:normal\"><span style=\"font-family:&quot;Calibri&quot;,sans-serif\"><a href=\"https:\/\/www.capitalreset.com\/fundo-tem-us-65-milhoes-para-escalar-reciclagem-de-plastico-na-america-latina\/\" style=\"color:blue; text-decoration:underline\"><span style=\"font-size:14.0pt\">Fundo tem US$ 65 milh&otilde;es para escalar reciclagem de pl&aacute;stico na Am&eacute;rica Latina<\/span><\/a><\/span><\/span><\/span><\/p>\r\n\r\n<p style=\"text-align:justify\"><span style=\"font-size:11pt\"><span style=\"line-height:normal\"><span style=\"font-family:&quot;Calibri&quot;,sans-serif\"><a href=\"https:\/\/noticias.portaldaindustria.com.br\/noticias\/sustentabilidade\/cni-debate-solucoes-de-financiamento-para-tornar-empresas-sustentaveis\/\" style=\"color:blue; text-decoration:underline\"><span style=\"font-size:14.0pt\">CNI debate solu&ccedil;&otilde;es de financiamento para tornar empresas sustent&aacute;veis<\/span><\/a><\/span><\/span><\/span><\/p>\r\n\r\n<p style=\"text-align:justify\"><span style=\"font-size:11pt\"><span style=\"line-height:normal\"><span style=\"font-family:&quot;Calibri&quot;,sans-serif\"><a href=\"https:\/\/www.innovationintextiles.com\/industry-talk\/banks-opening-up-for-circular-business\/\" style=\"color:blue; text-decoration:underline\"><span style=\"font-size:14.0pt\">Banks opening up for circular business<\/span><\/a><\/span><\/span><\/span><\/p>\r\n\r\n<p style=\"text-align:justify\"><span style=\"font-size:11pt\"><span style=\"line-height:normal\"><span style=\"font-family:&quot;Calibri&quot;,sans-serif\"><a href=\"https:\/\/medicinasa.com.br\/saneamento-internacoes-dengue\/\" style=\"color:blue; text-decoration:underline\"><span style=\"font-size:14.0pt\">Investir em saneamento pode reduzir em 50% as interna&ccedil;&otilde;es por dengue<\/span><\/a><\/span><\/span><\/span><\/p>\r\n\r\n<p style=\"text-align:justify\"><span style=\"font-size:11pt\"><span style=\"line-height:normal\"><span style=\"font-family:&quot;Calibri&quot;,sans-serif\"><a href=\"https:\/\/www.informacion.es\/medio-ambiente\/2023\/03\/15\/fabrican-ladrillos-aislantes-termicos-acusticos-84670640.html\" style=\"color:blue; text-decoration:underline\"><span style=\"font-size:14.0pt\">Fabrican ladrillos aislantes t&eacute;rmicos y ac&uacute;sticos con ropa reciclada<\/span><\/a><\/span><\/span><\/span><\/p>\r\n\r\n<p style=\"text-align:justify\"><span style=\"font-size:11pt\"><span style=\"line-height:normal\"><span style=\"font-family:&quot;Calibri&quot;,sans-serif\"><a href=\"https:\/\/www.gov.br\/mcti\/pt-br\/acompanhe-o-mcti\/noticias\/2023\/06\/mcti-participa-de-debate-sobre-solucoes-para-reduzir-poluicao-por-plastico\" style=\"color:blue; text-decoration:underline\"><span style=\"font-size:14.0pt\">MCTI participa de debate sobre solu&ccedil;&otilde;es para reduzir polui&ccedil;&atilde;o por pl&aacute;stico<\/span><\/a><\/span><\/span><\/span><\/p>\r\n\r\n<p style=\"text-align:justify\"><span style=\"font-size:11pt\"><span style=\"line-height:normal\"><span style=\"font-family:&quot;Calibri&quot;,sans-serif\"><a href=\"https:\/\/www.technicaltextile.net\/news\/wipes-labelling-law-in-colorado-advances-responsible-flushing-efforts-287918.html\" style=\"color:blue; text-decoration:underline\"><span style=\"font-size:14.0pt\">Wipes labelling law in Colorado advances responsible flushing efforts<\/span><\/a><\/span><\/span><\/span><\/p>\r\n\r\n<p class=\"MsoTitle\" style=\"text-align:justify\"><span style=\"font-size:28pt\"><span style=\"font-family:&quot;Cambria&quot;,serif\"><span style=\"letter-spacing:-0.5pt\"><b><span style=\"font-size:18.0pt\"><span style=\"font-family:&quot;Calibri&quot;,sans-serif\"><span style=\"font-variant:small-caps\">Inova&ccedil;&atilde;o<\/span><\/span><\/span><\/b><\/span><\/span><\/span><\/p>\r\n\r\n<p style=\"text-align:justify\"><span style=\"font-size:11pt\"><span style=\"line-height:normal\"><span style=\"font-family:&quot;Calibri&quot;,sans-serif\"><a href=\"https:\/\/www.meioemensagem.com.br\/opiniao\/inovacao-que-move-a-industria\" style=\"color:blue; text-decoration:underline\"><span style=\"font-size:14.0pt\">Inova&ccedil;&atilde;o que move a ind&uacute;stria<\/span><\/a><\/span><\/span><\/span><\/p>\r\n\r\n<p style=\"text-align:justify\"><span style=\"font-size:11pt\"><span style=\"line-height:normal\"><span style=\"font-family:&quot;Calibri&quot;,sans-serif\"><a href=\"https:\/\/www.innovationintextiles.com\/smart-textiles-nanotechnology\/smart-textiles-promote-mindfulness\/\" style=\"color:blue; text-decoration:underline\"><span style=\"font-size:14.0pt\">Smart textiles promote mindfulness<\/span><\/a><\/span><\/span><\/span><\/p>\r\n\r\n<p class=\"MsoTitleCxSpFirst\" style=\"text-align:justify\"><span style=\"font-size:28pt\"><span style=\"font-family:&quot;Cambria&quot;,serif\"><span style=\"letter-spacing:-0.5pt\"><b><span style=\"font-size:18.0pt\"><span style=\"font-family:&quot;Calibri&quot;,sans-serif\"><span style=\"font-variant:small-caps\">Com&eacute;rcio Exterior<\/span><\/span><\/span><\/b><\/span><\/span><\/span><\/p>\r\n\r\n<p style=\"text-align:justify\"><span style=\"font-size:11pt\"><span style=\"line-height:normal\"><span style=\"font-family:&quot;Calibri&quot;,sans-serif\"><a href=\"https:\/\/static.portaldaindustria.com.br\/media\/filer_public\/39\/c1\/39c17294-a71c-4291-9b75-ad36d821eeca\/consultaempresarial_maio2023.pdf\" style=\"color:blue; text-decoration:underline\"><span style=\"font-size:14.0pt\">Impactos da ado&ccedil;&atilde;o do Sistema de Importa&ccedil;&otilde;es da Rep&uacute;blica da Argentina (SIRA) no setor privado brasileiro<\/span><\/a><\/span><\/span><\/span><\/p>\r\n\r\n<p style=\"text-align:justify\"><span style=\"font-size:11pt\"><span style=\"line-height:normal\"><span style=\"font-family:&quot;Calibri&quot;,sans-serif\"><a href=\"https:\/\/www.infomoney.com.br\/economia\/balanca-comercial-tem-superavit-de-us-3178-bilhoes-na-2a-semana-de-junho\/\" style=\"color:blue; text-decoration:underline\"><span style=\"font-size:14.0pt\">Balan&ccedil;a comercial tem super&aacute;vit de US$ 3,178 bilh&otilde;es na 2&ordf; semana de junho<\/span><\/a><\/span><\/span><\/span><\/p>\r\n\r\n<p style=\"text-align:justify\"><span style=\"font-size:11pt\"><span style=\"line-height:normal\"><span style=\"font-family:&quot;Calibri&quot;,sans-serif\"><a href=\"https:\/\/noticias.portaldaindustria.com.br\/noticias\/internacional\/o-melhor-de-nossa-parceria-ainda-esta-por-vir-afirma-presidente-da-comissao-europeia\/\" style=\"color:blue; text-decoration:underline\"><span style=\"font-size:14.0pt\">O melhor de nossa parceria ainda est&aacute; por vir, afirma presidente da Comiss&atilde;o Europeia<\/span><\/a><\/span><\/span><\/span><\/p>\r\n\r\n<p style=\"text-align:justify\"><span style=\"font-size:11pt\"><span style=\"line-height:normal\"><span style=\"font-family:&quot;Calibri&quot;,sans-serif\"><a href=\"https:\/\/economia.uol.com.br\/noticias\/estadao-conteudo\/2023\/06\/13\/desconfianca-europeia-dificulta-acordo-com-mercosul-diz-lula.htm\" style=\"color:blue; text-decoration:underline\"><span style=\"font-size:14.0pt\">Desconfian&ccedil;a europeia dificulta acordo com Mercosul, diz Lula<\/span><\/a><\/span><\/span><\/span><\/p>\r\n\r\n<p class=\"MsoTitle\" style=\"text-align:justify\"><span style=\"font-size:28pt\"><span style=\"font-family:&quot;Cambria&quot;,serif\"><span style=\"letter-spacing:-0.5pt\"><b><span style=\"font-size:18.0pt\"><span style=\"font-family:&quot;Calibri&quot;,sans-serif\"><span style=\"font-variant:small-caps\">Economia<\/span><\/span><\/span><\/b><\/span><\/span><\/span><\/p>\r\n\r\n<p style=\"text-align:justify\"><span style=\"font-size:11pt\"><span style=\"line-height:normal\"><span style=\"font-family:&quot;Calibri&quot;,sans-serif\"><a href=\"https:\/\/www.bcb.gov.br\/content\/focus\/focus\/R20230512.pdf\" style=\"color:blue; text-decoration:underline\"><span style=\"font-size:14.0pt\">Focus &ndash; Relat&oacute;rio de Mercado<\/span><\/a><\/span><\/span><\/span><\/p>\r\n\r\n<p style=\"text-align:justify\"><span style=\"font-size:11pt\"><span style=\"line-height:normal\"><span style=\"font-family:&quot;Calibri&quot;,sans-serif\"><a href=\"https:\/\/noticias.portaldaindustria.com.br\/posicionamentos\/texto-preliminar-da-reforma-tributaria-aponta-para-modelo-mais-eficiente-e-moderno-diz-presidente-da-cni\/\" style=\"color:blue; text-decoration:underline\"><span style=\"font-size:14.0pt\">Texto preliminar da Reforma Tribut&aacute;ria aponta para modelo mais eficiente e moderno, diz presidente da CNI<\/span><\/a><\/span><\/span><\/span><\/p>\r\n\r\n<p style=\"text-align:justify\"><span style=\"font-size:11pt\"><span style=\"line-height:normal\"><span style=\"font-family:&quot;Calibri&quot;,sans-serif\"><a href=\"https:\/\/www.fibre2fashion.com\/news\/textile-news\/global-economic-growth-forecast-to-slow-to-2-1-in-2023-world-bank-288097-newsdetails.htm\" style=\"color:blue; text-decoration:underline\"><span style=\"font-size:14.0pt\">Global economic growth forecast to slow to 2.1% in 2023: World Bank<\/span><\/a><\/span><\/span><\/span><\/p>\r\n","texto_en":"","7":"","imagem":"COMP_banner-padrao-home-destaques-boletim-2023_20230620162113QSWSzXz05e.jpeg","8":"COMP_banner-padrao-home-destaques-boletim-2023_20230620162113QSWSzXz05e.jpeg","arquivo":"20230613-NOTICIAS-SEMANAIS.PDF","9":"20230613-NOTICIAS-SEMANAIS.PDF","titulo_arquivo":"","10":"","titulo_arquivo_en":"","11":"","created_at":"2023-06-20 16:21:22","12":"2023-06-20 16:21:22","updated_at":"2023-06-20 16:21:22","13":"2023-06-20 16:21:22"},{"id":68,"0":68,"ordem":155,"1":155,"data":"2023-06-06","2":"2023-06-06","slug":"boletim-de-noticias-semanais-65","3":"boletim-de-noticias-semanais-65","titulo":"Boletim de Not\u00edcias Semanais","4":"Boletim de Not\u00edcias Semanais","titulo_en":"","5":"","texto":"<p style=\"text-align:justify\"><span style=\"font-size:11pt\"><span style=\"line-height:normal\"><span style=\"font-family:&quot;Calibri&quot;,sans-serif\"><span style=\"font-size:14.0pt\">Esta &eacute; uma compila&ccedil;&atilde;o das not&iacute;cias mais relevantes para o setor, incluindo informa&ccedil;&otilde;es sobre acordos internacionais, economia brasileira, sustentabilidade e mat&eacute;rias primas, al&eacute;m de novidades do setor de N&atilde;otecidos e Tecidos T&eacute;cnicos.<\/span><\/span><\/span><\/span><\/p>\r\n\r\n<p class=\"MsoTitleCxSpLast\" style=\"text-align:justify\"><span style=\"font-size:28pt\"><span style=\"font-family:&quot;Cambria&quot;,serif\"><span style=\"letter-spacing:-0.5pt\"><b><span style=\"font-size:18.0pt\"><span style=\"font-family:&quot;Calibri&quot;,sans-serif\"><span style=\"font-variant:small-caps\">Not&iacute;cias das Associadas<\/span><\/span><\/span><\/b><\/span><\/span><\/span><\/p>\r\n\r\n<p style=\"text-align:justify\"><span style=\"font-size:11pt\"><span style=\"line-height:normal\"><span style=\"font-family:&quot;Calibri&quot;,sans-serif\"><a href=\"https:\/\/cipatex.com.br\/blog\/geomembranas-utilizadas-na-recuperacao-de-cisternas-garantem-acesso-a-agua-no-semiarido\/\" style=\"color:blue; text-decoration:underline\"><span style=\"font-size:14.0pt\">Cipatex | Geomembranas utilizadas na recupera&ccedil;&atilde;o de cisternas garantem acesso &agrave; &aacute;gua no semi&aacute;rido<\/span><\/a><\/span><\/span><\/span><\/p>\r\n\r\n<p style=\"text-align:justify\"><span style=\"font-size:11pt\"><span style=\"line-height:normal\"><span style=\"font-family:&quot;Calibri&quot;,sans-serif\"><a href=\"https:\/\/www.nonwovens-industry.com\/contents\/view_breaking-news\/2023-05-31\/freudenberg-opens-apparel-competence-center-in-italy?utm_campaign=NON+eNewsletter&amp;utm_medium=email&amp;_hsmi=260753216&amp;_hsenc=p2ANqtz-80Kv-rLcTXUQggSWRN0a5EU7WjA520G65h2YLBPvfmrc4iEyY-XLyPZ5E5sTzuM_Qv7Xp3oH7LYyS-njBIbAAf13mD4w&amp;utm_content=260753216&amp;utm_source=hs_email\" style=\"color:blue; text-decoration:underline\"><span style=\"font-size:14.0pt\">Freudenberg Opens Apparel Competence Center in Italy<\/span><\/a><\/span><\/span><\/span><\/p>\r\n\r\n<p class=\"MsoTitleCxSpFirst\" style=\"text-align:justify\"><span style=\"font-size:28pt\"><span style=\"font-family:&quot;Cambria&quot;,serif\"><span style=\"letter-spacing:-0.5pt\"><b><span style=\"font-size:18.0pt\"><span style=\"font-family:&quot;Calibri&quot;,sans-serif\"><span style=\"font-variant:small-caps\">A&ccedil;&otilde;es da ABINT<\/span><\/span><\/span><\/b><\/span><\/span><\/span><\/p>\r\n\r\n<p class=\"MsoTitleCxSpLast\" style=\"text-align:justify\"><img src=\"https:\/\/www.abint.org.br\/assets\/img\/editor\/itma-2023-abint-english-417x250_20230606193122g1UqFMhrCn.jpg\" \/><\/p>\r\n\r\n<p style=\"text-align:justify\"><span style=\"font-size:11pt\"><span style=\"line-height:normal\"><span style=\"font-family:&quot;Calibri&quot;,sans-serif\"><b><span style=\"font-size:14.0pt\">A ABINT apoia a ITMA 2023<\/span><\/b><\/span><\/span><\/span><\/p>\r\n\r\n<p style=\"text-align:justify\"><span style=\"font-size:11pt\"><span style=\"line-height:normal\"><span style=\"font-family:&quot;Calibri&quot;,sans-serif\"><span style=\"font-size:14.0pt\">A 19&ordf; edi&ccedil;&atilde;o da maior exposi&ccedil;&atilde;o internacional de tecnologia t&ecirc;xtil e de vestu&aacute;rio do mundo acontecer&aacute; em Mil&atilde;o, It&aacute;lia, de 08 a 14 de junho de 2023. <\/span><a href=\"https:\/\/itma.com\/\" style=\"color:blue; text-decoration:underline\"><span style=\"font-size:14.0pt\">Informa&ccedil;&otilde;es<\/span><\/a><\/span><\/span><\/span><\/p>\r\n\r\n<p style=\"text-align:justify\"><span style=\"font-size:11pt\"><span style=\"line-height:normal\"><span style=\"font-family:&quot;Calibri&quot;,sans-serif\"><span style=\"font-size:14.0pt\"><img src=\"https:\/\/www.abint.org.br\/assets\/img\/editor\/20230614-momentos-de-tecnologia-aesabesp_202306061932089d1CyFb474.jpeg\" style=\"width: 300px; height: 375px;\" \/><\/span><\/span><\/span><\/span><\/p>\r\n\r\n<p style=\"text-align:justify\"><b><span style=\"font-size:14.0pt\"><span style=\"line-height:115%\"><span style=\"font-family:&quot;Calibri&quot;,sans-serif\">O CTG ABINT participar&aacute; do espa&ccedil;o &ldquo;Momentos de Tecnologia&rdquo; da AESabesp &ndash; Associa&ccedil;&atilde;o dos Engenheiros da Sabesp. <\/span><\/span><\/span><\/b><span style=\"font-size:14.0pt\"><span style=\"line-height:115%\"><span style=\"font-family:&quot;Calibri&quot;,sans-serif\">A palestra &ldquo;A import&acirc;ncia dos Geossint&eacute;ticos como barreiras imperme&aacute;veis e sua devida fiscaliza&ccedil;&atilde;o&rdquo; ocorrer&aacute; dia 14 de junho, &agrave;s 09h00, na Unidade Ponte Pequena.<\/span><\/span><\/span><\/p>\r\n\r\n<p style=\"text-align:justify\"><span style=\"font-size:14.0pt\"><span style=\"line-height:115%\"><span style=\"font-family:&quot;Calibri&quot;,sans-serif\"><img src=\"https:\/\/www.abint.org.br\/assets\/img\/editor\/banner-save-the-date-curso-geomembrana_20230606193611XvC61Uf30x.jpeg\" style=\"width: 300px; height: 300px;\" \/><\/span><\/span><\/span><\/p>\r\n\r\n<p style=\"text-align:justify\"><span style=\"font-size:11pt\"><span style=\"line-height:normal\"><span style=\"font-family:&quot;Calibri&quot;,sans-serif\"><b><span style=\"font-size:14.0pt\">Nos dias 04 a 07 de julho o CTG ABINT realizar&aacute; o 1&ordm; Curso Brasileiro de Instala&ccedil;&atilde;o de Geomembranas, no Instituto Mau&aacute; de Tecnologia.<\/span><\/b><\/span><\/span><\/span><\/p>\r\n\r\n<p style=\"text-align:justify\"><span style=\"font-size:11pt\"><span style=\"line-height:normal\"><span style=\"font-family:&quot;Calibri&quot;,sans-serif\"><span style=\"font-size:14.0pt\"><a href=\"https:\/\/www.eventbrite.com.br\/e\/1o-curso-brasileiro-de-instalacao-de-geomembranas-tickets-645407429997\" style=\"color:blue; text-decoration:underline\">Informa&ccedil;&otilde;es<\/a><\/span><\/span><\/span><\/span><\/p>\r\n\r\n<p style=\"text-align:justify\">&nbsp;<\/p>\r\n\r\n<p style=\"text-align:justify\"><span style=\"font-size:11pt\"><span style=\"line-height:normal\"><span style=\"font-family:&quot;Calibri&quot;,sans-serif\"><span style=\"font-size:14.0pt\"><img src=\"https:\/\/www.abint.org.br\/assets\/img\/editor\/ctg-patrocinador-regeo-2023_20230606194041hugTzHVwYu.jpeg\" style=\"width: 300px; height: 300px;\" \/><\/span><\/span><\/span><\/span><\/p>\r\n\r\n<p style=\"text-align:justify\"><span style=\"font-size:11pt\"><span style=\"line-height:normal\"><span style=\"font-family:&quot;Calibri&quot;,sans-serif\"><b><span style=\"font-size:14.0pt\"><span style=\"font-variant:small-caps\">O CTG ABINT <\/span><\/span><\/b><b><span style=\"font-size:14.0pt\">marcar&aacute; presen&ccedil;a<\/span><\/b><span style=\"font-size:14.0pt\"> nos eventos <b>X Congresso Brasileiro de Geotecnia Ambiental &amp; IX Congresso Brasileiro de Geossint&eacute;ticos - REGEO&rsquo;23 &amp; Geossint&eacute;ticos&rsquo;23<\/b>, que ocorrer&atilde;o de 18 a 21 de julho de 2023, Centro Universit&aacute;rio Jorge Amado &ndash; UNIJORGE, Salvador, BA.<\/span><\/span><\/span><\/span><\/p>\r\n\r\n<p style=\"text-align:justify\"><span style=\"font-size:11pt\"><span style=\"line-height:normal\"><span style=\"font-family:&quot;Calibri&quot;,sans-serif\"><a href=\"https:\/\/regeogeossinteticos23.com.br\/\" style=\"color:blue; text-decoration:underline\"><span style=\"font-size:14.0pt\">Mais informa&ccedil;&otilde;es e inscri&ccedil;&otilde;es<\/span><\/a><\/span><\/span><\/span><\/p>\r\n\r\n<p style=\"text-align:justify\">&nbsp;<\/p>\r\n\r\n<p style=\"text-align:justify\"><span style=\"font-size:11pt\"><span style=\"line-height:normal\"><span style=\"font-family:&quot;Calibri&quot;,sans-serif\"><span style=\"font-size:14.0pt\"><img src=\"https:\/\/www.abint.org.br\/assets\/img\/editor\/minicurso-fernando-regeo-2023_20230606194115Dus07IwkyO.jpeg\" style=\"width: 300px; height: 300px;\" \/><\/span><\/span><\/span><\/span><\/p>\r\n\r\n<p style=\"text-align:justify\"><span style=\"font-size:11pt\"><span style=\"line-height:normal\"><span style=\"font-family:&quot;Calibri&quot;,sans-serif\"><b><span style=\"font-size:14.0pt\">O Prof. Dr. Fernando Lavoie, Coordenador do CTG ABINT, ministrar&aacute; Minicurso durante o Regeo&rsquo;23 &amp; Geossint&eacute;ticos&rsquo;23.<\/span><\/b><\/span><\/span><\/span><\/p>\r\n\r\n<p style=\"text-align:justify\"><span style=\"font-size:11pt\"><span style=\"line-height:normal\"><span style=\"font-family:&quot;Calibri&quot;,sans-serif\"><a href=\"https:\/\/regeogeossinteticos23.com.br\/inscricoes\/\" style=\"color:blue; text-decoration:underline\"><span style=\"font-size:14.0pt\">Inscreva-se!<\/span><\/a><\/span><\/span><\/span><\/p>\r\n\r\n<p style=\"text-align:justify\">&nbsp;<\/p>\r\n\r\n<p style=\"text-align:justify\"><span style=\"font-size:11pt\"><span style=\"line-height:normal\"><span style=\"font-family:&quot;Calibri&quot;,sans-serif\"><b><span style=\"font-size:18.0pt\"><span style=\"font-variant:small-caps\">Eventos<\/span><\/span><\/b><\/span><\/span><\/span><\/p>\r\n\r\n<p style=\"text-align:justify\"><span style=\"font-size:11pt\"><span style=\"line-height:normal\"><span style=\"font-family:&quot;Calibri&quot;,sans-serif\"><b><span style=\"font-size:14.0pt\">FGV IBRE | Progressividade tribut&aacute;ria e crescimento econ&ocirc;mico<\/span><\/b><span style=\"font-size:14.0pt\">, 13 de junho de 2023, evento presencial, SGAN &ndash; Setor de Grandes &Aacute;reas Norte Quadra 602, M&oacute;dulos A, B, e C, Asa Norte, Bras&iacute;lia. <\/span><a href=\"http:\/\/clickb.e2b.fgv.br\/Redir?43bccd68e92c6e729d8185202bcaa37d&amp;c7923cc802134327b2317fe4541d5bdd\" style=\"color:blue; text-decoration:underline\"><span style=\"font-size:14.0pt\">Informa&ccedil;&otilde;es<\/span><\/a> <\/span><\/span><\/span><\/p>\r\n\r\n<p style=\"text-align:justify\"><span style=\"font-size:11pt\"><span style=\"line-height:normal\"><span style=\"font-family:&quot;Calibri&quot;,sans-serif\"><b><span style=\"font-size:14.0pt\">Workshop Abit | Fazendo a revis&atilde;o do PGR - Plano de Gerenciamento de Riscos<\/span><\/b><span style=\"font-size:14.0pt\">, 14 de junho de 2023, das 14h30 &agrave;s 16h30, evento online. <\/span><a href=\"https:\/\/produtos.institutoabit.org.br\/prod\/2d87652c-d485-4bba-b0e6-5c12db6ebd7c?utm_campaign=workshop_pgr_reenvio_0606&amp;utm_medium=email&amp;utm_source=RD+Station\" style=\"color:blue; text-decoration:underline\"><span style=\"font-size:14.0pt\">Informa&ccedil;&otilde;es<\/span><\/a> <\/span><\/span><\/span><\/p>\r\n\r\n<p style=\"text-align:justify\"><span style=\"font-size:11pt\"><span style=\"line-height:normal\"><span style=\"font-family:&quot;Calibri&quot;,sans-serif\"><b><span style=\"font-size:14.0pt\">FGV IBRE | II Semin&aacute;rio de An&aacute;lise Conjuntural<\/span><\/b><span style=\"font-size:14.0pt\">, 15 de junho de 2023, 10h00 &agrave;s 11h30, transmiss&atilde;o via YouTube. <\/span><a href=\"https:\/\/evento.fgv.br\/analise-conjuntural_1506\/\" style=\"color:blue; text-decoration:underline\"><span style=\"font-size:14.0pt\">Informa&ccedil;&otilde;es<\/span><\/a> <\/span><\/span><\/span><\/p>\r\n\r\n<p style=\"text-align:justify\"><span style=\"font-size:11pt\"><span style=\"line-height:normal\"><span style=\"font-family:&quot;Calibri&quot;,sans-serif\"><b><span style=\"font-size:14.0pt\">Webinar Tech Day: Grafeno, Ensaios em Pl&aacute;sticos e Economia Circular,<\/span><\/b><span style=\"font-size:14.0pt\"> 21 de junho de 2023. <\/span><a href=\"https:\/\/www.webcastlive.com.br\/aspen\/\" style=\"color:blue; text-decoration:underline\"><span style=\"font-size:14.0pt\">Informa&ccedil;&otilde;es<\/span><\/a> <\/span><\/span><\/span><\/p>\r\n\r\n<p style=\"text-align:justify\"><span style=\"font-size:11pt\"><span style=\"line-height:normal\"><span style=\"font-family:&quot;Calibri&quot;,sans-serif\"><b><span style=\"font-size:14.0pt\">Apex Brasil | Introdu&ccedil;&atilde;o ao e-commerce Internacional<\/span><\/b><span style=\"font-size:14.0pt\">, 22 de junho de 2023, das 8h30 &agrave;s 12h30, evento online. <\/span><a href=\"https:\/\/click.apexbrasil.com.br\/mkt\/OficinadeCompetitividade\/OficinadeCompetitividade_junho2023.pdf#msdynttrid=nE-ALUwLx6zLKXBX1Ob3Todz5RuI7-aS7bUNiQ2Pa9c\" style=\"color:blue; text-decoration:underline\"><span style=\"font-size:14.0pt\">Informa&ccedil;&otilde;es<\/span><\/a> <\/span><\/span><\/span><\/p>\r\n\r\n<p style=\"text-align:justify\"><span style=\"font-size:11pt\"><span style=\"line-height:normal\"><span style=\"font-family:&quot;Calibri&quot;,sans-serif\"><b><span style=\"font-size:14.0pt\">FGV IBRE | Inscreva-se no evento IX Semin&aacute;rio Anual de Pol&iacute;tica Monet&aacute;ria<\/span><\/b><span style=\"font-size:14.0pt\">, 23 de junho (sexta-feira), 10h &agrave;s 11h30, transmiss&atilde;o via YouTube. <\/span><a href=\"https:\/\/evento.fgv.br\/ixseminarioanual_2306\/\" style=\"color:blue; text-decoration:underline\"><span style=\"font-size:14.0pt\">Informa&ccedil;&otilde;es<\/span><\/a> <\/span><\/span><\/span><\/p>\r\n\r\n<p style=\"text-align:justify\"><span style=\"font-size:11pt\"><span style=\"line-height:normal\"><span style=\"font-family:&quot;Calibri&quot;,sans-serif\"><b><span style=\"font-size:14.0pt\">SOBECC | I Simp&oacute;sio de preven&ccedil;&atilde;o e controle de infec&ccedil;&atilde;o do S&iacute;tio Cir&uacute;rgico APECIH\/SOBECC<\/span><\/b><span style=\"font-size:14.0pt\">, 24 de junho de 2023, das 08h00 &agrave;s 18h30, evento presencial. <\/span><a href=\"https:\/\/sobecc.org.br\/jornada-cientifica\/i-simposio-de-prevencao-e-controle-de-infeccao-do-sitio-cirurgico-apecih-sobecc\" style=\"color:blue; text-decoration:underline\"><span style=\"font-size:14.0pt\">Informa&ccedil;&otilde;es<\/span><\/a> <\/span><\/span><\/span><\/p>\r\n\r\n<p style=\"text-align:justify\"><span style=\"font-size:11pt\"><span style=\"line-height:normal\"><span style=\"font-family:&quot;Calibri&quot;,sans-serif\"><b><span style=\"font-size:14.0pt\">INDA | Top Global Consumer Trends and Their Implications in the Wipes Sector<\/span><\/b><span style=\"font-size:14.0pt\">, June 28, 11:00 am &ndash; 11:45 am EDT. <\/span><a href=\"https:\/\/www.worldofwipes.org\/preconference-webinars.html\" style=\"color:blue; text-decoration:underline\"><span style=\"font-size:14.0pt\">Informa&ccedil;&otilde;es<\/span><\/a> <\/span><\/span><\/span><\/p>\r\n\r\n<p style=\"text-align:justify\"><span style=\"font-size:11pt\"><span style=\"line-height:normal\"><span style=\"font-family:&quot;Calibri&quot;,sans-serif\"><b><span style=\"font-size:14.0pt\">The 92nd Textile Institute World Conference: &ldquo;Sustainability of the Textile and Fashion Supply Chain &ndash; Transitioning to Zero Carbon and Zero Waste&rdquo;, <\/span><\/b><span style=\"font-size:14.0pt\">3-6 July 2023, University of Huddersfield, UK. <\/span><a href=\"https:\/\/www.textileinstitute.org\/events\/tiwc\/\" style=\"color:blue; text-decoration:underline\"><span style=\"font-size:14.0pt\">Informa&ccedil;&otilde;es<\/span><\/a> <\/span><\/span><\/span><\/p>\r\n\r\n<p style=\"text-align:justify\"><span style=\"font-size:11pt\"><span style=\"line-height:normal\"><span style=\"font-family:&quot;Calibri&quot;,sans-serif\"><b><span style=\"font-size:14.0pt\">FIMMA BRASIL - Feira Internacional de Fornecedores da Cadeia Produtiva Madeira e M&oacute;veis<\/span><\/b><span style=\"font-size:14.0pt\">, 28 a 31 de agosto de 2023, das 10h &agrave;s 19h, Bento Gon&ccedil;alves, RS. <\/span><a href=\"https:\/\/fimma.com.br\/\" style=\"color:blue; text-decoration:underline\"><span style=\"font-size:14.0pt\">Informa&ccedil;&otilde;es<\/span><\/a> <\/span><\/span><\/span><\/p>\r\n\r\n<p style=\"text-align:justify\"><span style=\"font-size:11pt\"><span style=\"line-height:normal\"><span style=\"font-family:&quot;Calibri&quot;,sans-serif\"><b><span style=\"font-size:14.0pt\">10&ordm; Congresso Internacional da Inova&ccedil;&atilde;o da Ind&uacute;stria<\/span><\/b><span style=\"font-size:14.0pt\">, 27 e 28 de setembro de 2023, S&atilde;o Paulo Expo.<\/span> <a href=\"https:\/\/www.congressodeinovacao.com.br\/?utm_source=comext&amp;utm_medium=email&amp;utm_campaign=eventos&amp;utm_content=id00053#msdynttrid=gg5jXwSFR7qM4vHH2tKGau3cTwSFDneTjMUhrcPg7vE\" style=\"color:blue; text-decoration:underline\"><span style=\"font-size:14.0pt\">Informa&ccedil;&otilde;es<\/span><\/a> <\/span><\/span><\/span><\/p>\r\n\r\n<p style=\"text-align:justify\"><span style=\"font-size:11pt\"><span style=\"line-height:normal\"><span style=\"font-family:&quot;Calibri&quot;,sans-serif\"><b><span style=\"font-size:14.0pt\">FiltXPO&trade; 2023<\/span><\/b><span class=\"MsoHyperlink\" style=\"color:blue\"><span style=\"text-decoration:underline\"><span style=\"font-size:14.0pt\"><span style=\"text-decoration:none\"><span style=\"text-underline:none\">, <\/span><\/span><\/span><\/span><\/span><span style=\"font-size:14.0pt\">October 10-12, 2023 at Navy Pier in Chicago, Illinois<\/span><span class=\"MsoHyperlink\" style=\"color:blue\"><span style=\"text-decoration:underline\"><span style=\"font-size:14.0pt\"><span style=\"text-decoration:none\"><span style=\"text-underline:none\">. <\/span><\/span><\/span><\/span><\/span><a href=\"https:\/\/www.filtxpo.com\/\" style=\"color:blue; text-decoration:underline\"><span style=\"font-size:14.0pt\">Informa&ccedil;&otilde;es<\/span><\/a> <\/span><\/span><\/span><\/p>\r\n\r\n<p style=\"text-align:justify\"><span style=\"font-size:11pt\"><span style=\"line-height:normal\"><span style=\"font-family:&quot;Calibri&quot;,sans-serif\"><b><span style=\"font-size:14.0pt\">SENAI-CETIQT | P&oacute;s-gradua&ccedil;&atilde;o &ldquo;P&oacute;s-gradua&ccedil;&atilde;o em Economia Circular e Produ&ccedil;&atilde;o Sustent&aacute;vel&rdquo;. <\/span><\/b><a href=\"https:\/\/materiais.senaicetiqt.com\/pos-graduacao-economia-circular-e-producao-sustentavel?utm_campaign=senai_cetiqt___oferta_do_curso_economia_circular&amp;utm_medium=email&amp;utm_source=RD+Station\" style=\"color:blue; text-decoration:underline\"><span style=\"font-size:14.0pt\">Informa&ccedil;&otilde;es<\/span><\/a> <\/span><\/span><\/span><\/p>\r\n\r\n<p style=\"text-align:justify\"><span style=\"font-size:11pt\"><span style=\"line-height:normal\"><span style=\"font-family:&quot;Calibri&quot;,sans-serif\"><b><span style=\"font-size:14.0pt\">SENAI-CETIQT | P&oacute;s-gradua&ccedil;&atilde;o &ldquo;Produtos de Alta Performance &agrave; Base de Materiais Comp&oacute;sitos&rdquo;<\/span><\/b><span style=\"font-size:14.0pt\">. <\/span><a href=\"https:\/\/materiais.senaicetiqt.com\/pos-graduacao-produtos-de-alta-performance-a-base-de-materiais-compositos?utm_campaign=senai_cetiqt___oferta_do_curso_materiais_compositos&amp;utm_medium=email&amp;utm_source=RD+Station\" style=\"color:blue; text-decoration:underline\"><span style=\"font-size:14.0pt\">Informa&ccedil;&otilde;es<\/span><\/a> <\/span><\/span><\/span><\/p>\r\n\r\n<p class=\"MsoTitle\" style=\"text-align:justify\"><span style=\"font-size:28pt\"><span style=\"font-family:&quot;Cambria&quot;,serif\"><span style=\"letter-spacing:-0.5pt\"><b><span style=\"font-size:18.0pt\"><span style=\"font-family:&quot;Calibri&quot;,sans-serif\"><span style=\"font-variant:small-caps\">Setor<\/span><\/span><\/span><\/b><\/span><\/span><\/span><\/p>\r\n\r\n<p style=\"text-align:justify\"><span style=\"font-size:11pt\"><span style=\"line-height:normal\"><span style=\"font-family:&quot;Calibri&quot;,sans-serif\"><a href=\"https:\/\/plasticosemrevista.com.br\/asia-acentua-mega-excedente-mundial-de-pe-e-pp\/\" style=\"color:blue; text-decoration:underline\"><span style=\"font-size:14.0pt\">&Aacute;sia acentua mega excedente mundial de PE e PP<\/span><\/a><\/span><\/span><\/span><\/p>\r\n\r\n<p style=\"text-align:justify\"><span style=\"font-size:11pt\"><span style=\"line-height:normal\"><span style=\"font-family:&quot;Calibri&quot;,sans-serif\"><a href=\"http:\/\/site.oatibaiense.com.br\/2023\/06\/atibaia-e-maior-produtora-de-flores-do-pais-e-esta-em-1o-no-estado-na-producao-de-morangos\/\" style=\"color:blue; text-decoration:underline\"><span style=\"font-size:14.0pt\">Mulching: Atibaia &eacute; maior produtora de flores do pa&iacute;s e est&aacute; em 1&ordm; no Estado na produ&ccedil;&atilde;o de morangos<\/span><\/a><\/span><\/span><\/span><\/p>\r\n\r\n<p style=\"text-align:justify\"><span style=\"font-size:11pt\"><span style=\"line-height:normal\"><span style=\"font-family:&quot;Calibri&quot;,sans-serif\"><a href=\"https:\/\/www.revistatae.com.br\/Noticia\/71144\/seguranca-de-reservatorios-de-agua-no-agro\" style=\"color:blue; text-decoration:underline\"><span style=\"font-size:14.0pt\">Geomembranas: Seguran&ccedil;a de reservat&oacute;rios de &aacute;gua no agro<\/span><\/a><\/span><\/span><\/span><\/p>\r\n\r\n<p style=\"text-align:justify\"><span style=\"font-size:11pt\"><span style=\"line-height:normal\"><span style=\"font-family:&quot;Calibri&quot;,sans-serif\"><a href=\"https:\/\/www.meiofiltrante.com.br\/Noticia\/113191\/braskem-lanca-ao-mercadoupsyde-\" style=\"color:blue; text-decoration:underline\"><span style=\"font-size:14.0pt\">Braskem lan&ccedil;a ao mercado Upsyde<\/span><\/a><\/span><\/span><\/span><\/p>\r\n\r\n<p class=\"MsoTitle\" style=\"text-align:justify\"><span style=\"font-size:28pt\"><span style=\"font-family:&quot;Cambria&quot;,serif\"><span style=\"letter-spacing:-0.5pt\"><b><span style=\"font-size:18.0pt\"><span style=\"font-family:&quot;Calibri&quot;,sans-serif\"><span style=\"font-variant:small-caps\">Ind&uacute;stria<\/span><\/span><\/span><\/b><\/span><\/span><\/span><\/p>\r\n\r\n<p style=\"text-align:justify\"><span style=\"font-size:11pt\"><span style=\"line-height:normal\"><span style=\"font-family:&quot;Calibri&quot;,sans-serif\"><a href=\"https:\/\/noticias.portaldaindustria.com.br\/noticias\/economia\/faturamento-da-industria-cai-em-abril-mostra-cni\/\" style=\"color:blue; text-decoration:underline\"><span style=\"font-size:14.0pt\">Faturamento da ind&uacute;stria cai em abril, mostra CNI<\/span><\/a><\/span><\/span><\/span><\/p>\r\n\r\n<p style=\"text-align:justify\"><span style=\"font-size:11pt\"><span style=\"line-height:normal\"><span style=\"font-family:&quot;Calibri&quot;,sans-serif\"><a href=\"https:\/\/portalibre.fgv.br\/system\/files\/2023-05\/%C3%8Dndice%20de%20Confian%C3%A7a%20Empresarial%20FGV_press%20release_Mai23_0.pdf\" style=\"color:blue; text-decoration:underline\"><span style=\"font-size:14.0pt\">Confian&ccedil;a Empresarial sobe um pouco em maio mas continua baixa<\/span><\/a><\/span><\/span><\/span><\/p>\r\n\r\n<p style=\"text-align:justify\"><span style=\"font-size:11pt\"><span style=\"line-height:normal\"><span style=\"font-family:&quot;Calibri&quot;,sans-serif\"><a href=\"https:\/\/noticias.portaldaindustria.com.br\/entrevistas\/momento-politico-impoe-a-neoindustrializacao-avalia-ricardo-alban\/\" style=\"color:blue; text-decoration:underline\"><span style=\"font-size:14.0pt\">Momento pol&iacute;tico imp&otilde;e a neoindustrializa&ccedil;&atilde;o, avalia Ricardo Alban<\/span><\/a><\/span><\/span><\/span><\/p>\r\n\r\n<p style=\"text-align:justify\"><span style=\"font-size:11pt\"><span style=\"line-height:normal\"><span style=\"font-family:&quot;Calibri&quot;,sans-serif\"><a href=\"https:\/\/www.moveisdevalor.com.br\/portal\/veja-como-a-crise-atual-no-varejo-afeta-a-industria?source=news\" style=\"color:blue; text-decoration:underline\"><span style=\"font-size:14.0pt\">Veja como a crise atual no varejo afeta a ind&uacute;stria<\/span><\/a><\/span><\/span><\/span><\/p>\r\n\r\n<p style=\"text-align:justify\"><span style=\"font-size:11pt\"><span style=\"line-height:normal\"><span style=\"font-family:&quot;Calibri&quot;,sans-serif\"><a href=\"https:\/\/www.noticiasautomotivas.com.br\/anfavea-projeta-300-mil-carros-a-mais-fabricas-suspendem-ferias\/\" style=\"color:blue; text-decoration:underline\"><span style=\"font-size:14.0pt\">Anfavea projeta 300 mil carros a mais; f&aacute;bricas suspendem f&eacute;rias<\/span><\/a><\/span><\/span><\/span><\/p>\r\n\r\n<p style=\"text-align:justify\"><span style=\"font-size:11pt\"><span style=\"line-height:normal\"><span style=\"font-family:&quot;Calibri&quot;,sans-serif\"><a href=\"https:\/\/exclusivo.com.br\/_conteudo\/negocios\/2023\/05\/31\/fabricante-que-produz-calcados-para-nike-e-adidas-vai-demitir-6-mil-funcionarios.html\" style=\"color:blue; text-decoration:underline\"><span style=\"font-size:14.0pt\">Fabricante, que produz cal&ccedil;ados para Nike e Adidas, vai demitir 6 mil funcion&aacute;rios<\/span><\/a><u> <\/u><\/span><\/span><\/span><\/p>\r\n\r\n<p style=\"text-align:justify\"><span style=\"font-size:11pt\"><span style=\"line-height:normal\"><span style=\"font-family:&quot;Calibri&quot;,sans-serif\"><a href=\"https:\/\/www.balcaoautomotivo.com\/2023\/05\/31\/abra-talks-destaca-mercado-e-as-novas-tecnologias-de-filtros-automotivos\/\" style=\"color:blue; text-decoration:underline\"><span style=\"font-size:14.0pt\">Abrafiltros: Abra Talks destaca mercado e as novas tecnologias de filtros automotivos<\/span><\/a><\/span><\/span><\/span><\/p>\r\n\r\n<p class=\"MsoTitle\" style=\"text-align:justify\"><span style=\"font-size:28pt\"><span style=\"font-family:&quot;Cambria&quot;,serif\"><span style=\"letter-spacing:-0.5pt\"><b><span style=\"font-size:18.0pt\"><span style=\"font-family:&quot;Calibri&quot;,sans-serif\"><span style=\"font-variant:small-caps\">Sustentabilidade<\/span><\/span><\/span><\/b><\/span><\/span><\/span><\/p>\r\n\r\n<p style=\"text-align:justify\"><span style=\"font-size:11pt\"><span style=\"line-height:normal\"><span style=\"font-family:&quot;Calibri&quot;,sans-serif\"><a href=\"https:\/\/noticias.portaldaindustria.com.br\/noticias\/sustentabilidade\/dia-do-meio-ambiente-conheca-as-propostas-da-industria-para-combater-a-crise-climatica\/\" style=\"color:blue; text-decoration:underline\"><span style=\"font-size:14.0pt\">Dia do Meio Ambiente: conhe&ccedil;a as propostas da ind&uacute;stria para combater a crise clim&aacute;tica<\/span><\/a><\/span><\/span><\/span><\/p>\r\n\r\n<p style=\"text-align:justify\"><span style=\"font-size:11pt\"><span style=\"line-height:normal\"><span style=\"font-family:&quot;Calibri&quot;,sans-serif\"><a href=\"http:\/\/comunidadtextil.com\/wpnews\/2023\/05\/aseguran-que-el-mercado-global-de-reciclado-llegaria-a-us-8-500-m-en-el-ano-2032\/?utm_source=email_marketing&amp;utm_admin=28519&amp;utm_medium=email&amp;utm_campaign=NOTICIAS_de_las_Industrias_Textil_Indumentaria_y_Moda\" style=\"color:blue; text-decoration:underline\"><span style=\"font-size:14.0pt\">Aseguran que el mercado global de reciclado llegar&iacute;a a US$ 8.500 M en el a&ntilde;o 2032<\/span><\/a><\/span><\/span><\/span><\/p>\r\n\r\n<p style=\"text-align:justify\"><span style=\"font-size:11pt\"><span style=\"line-height:normal\"><span style=\"font-family:&quot;Calibri&quot;,sans-serif\"><a href=\"https:\/\/www.correiobraziliense.com.br\/opiniao\/2023\/06\/5099545-artigo-a-mineracao-brasileira-e-a-agenda-esg.html\" style=\"color:blue; text-decoration:underline\"><span style=\"font-size:14.0pt\">Artigo: A minera&ccedil;&atilde;o brasileira e a Agenda ESG<\/span><\/a><\/span><\/span><\/span><\/p>\r\n\r\n<p style=\"text-align:justify\"><span style=\"font-size:11pt\"><span style=\"line-height:normal\"><span style=\"font-family:&quot;Calibri&quot;,sans-serif\"><a href=\"https:\/\/monitormercantil.com.br\/comissao-de-saude-debatera-saneamento-basico-com-ministro-das-cidades\/\" style=\"color:blue; text-decoration:underline\"><span style=\"font-size:14.0pt\">Comiss&atilde;o de Sa&uacute;de debate saneamento b&aacute;sico com ministro das Cidades<\/span><\/a><\/span><\/span><\/span><\/p>\r\n\r\n<p style=\"text-align:justify\"><span style=\"font-size:11pt\"><span style=\"line-height:normal\"><span style=\"font-family:&quot;Calibri&quot;,sans-serif\"><a href=\"https:\/\/itforum.com.br\/noticias\/smart-building-futuro-construcao-civil\/\" style=\"color:blue; text-decoration:underline\"><span style=\"font-size:14.0pt\">Smart Building: modelo visa minimizar impacto ambiental e aumentar a efici&ecirc;ncia<\/span><\/a><\/span><\/span><\/span><\/p>\r\n\r\n<p style=\"text-align:justify\"><span style=\"font-size:11pt\"><span style=\"line-height:normal\"><span style=\"font-family:&quot;Calibri&quot;,sans-serif\"><a href=\"https:\/\/www.gov.br\/ana\/pt-br\/assuntos\/noticias-e-eventos\/noticias\/ana-e-abdi-lancam-edital-para-solucoes-que-reduzam-a-presenca-de-plastico-nas-aguas-brasileiras\" style=\"color:blue; text-decoration:underline\"><span style=\"font-size:14.0pt\">ANA e ABDI lan&ccedil;am edital para solu&ccedil;&otilde;es que reduzam a presen&ccedil;a de pl&aacute;stico nas &aacute;guas brasileiras<\/span><\/a> <\/span><\/span><\/span><\/p>\r\n\r\n<p style=\"text-align:justify\"><span style=\"font-size:11pt\"><span style=\"line-height:normal\"><span style=\"font-family:&quot;Calibri&quot;,sans-serif\"><a href=\"https:\/\/www.technicaltextile.net\/news\/uk-govt-urges-producers-to-address-flushable-wet-wipes-labelling-287889.html\" style=\"color:blue; text-decoration:underline\"><span style=\"font-size:14.0pt\">UK govt urges producers to address &#39;flushable&#39; wet wipes labelling<\/span><\/a><\/span><\/span><\/span><\/p>\r\n\r\n<p class=\"MsoTitle\" style=\"text-align:justify\"><span style=\"font-size:28pt\"><span style=\"font-family:&quot;Cambria&quot;,serif\"><span style=\"letter-spacing:-0.5pt\"><b><span style=\"font-size:18.0pt\"><span style=\"font-family:&quot;Calibri&quot;,sans-serif\"><span style=\"font-variant:small-caps\">Inova&ccedil;&atilde;o<\/span><\/span><\/span><\/b><\/span><\/span><\/span><\/p>\r\n\r\n<p style=\"text-align:justify\"><span style=\"font-size:11pt\"><span style=\"line-height:normal\"><span style=\"font-family:&quot;Calibri&quot;,sans-serif\"><a href=\"https:\/\/g1.globo.com\/jornal-nacional\/noticia\/2023\/05\/19\/pesquisadores-desenvolvem-fios-para-roupas-a-partir-da-fibra-do-caule-da-bananeira.ghtml?utm_campaign=senai_cetiqt__newsletter_isi_-_maio_2023&amp;utm_medium=email&amp;utm_source=RD+Station\" style=\"color:blue; text-decoration:underline\"><span style=\"font-size:14.0pt\">Do pseudocaule da bananeira ao guarda-roupa: a revolu&ccedil;&atilde;o das fibras naturais<\/span><\/a><\/span><\/span><\/span><\/p>\r\n\r\n<p style=\"text-align:justify\"><span style=\"font-size:11pt\"><span style=\"line-height:normal\"><span style=\"font-family:&quot;Calibri&quot;,sans-serif\"><a href=\"https:\/\/comexdobrasil.com\/industria-textil-investe-em-inovacao-e-sustentabilidade-para-ser-competitiva-2\/\" style=\"color:blue; text-decoration:underline\"><span style=\"font-size:14.0pt\">Ind&uacute;stria t&ecirc;xtil investe em inova&ccedil;&atilde;o<\/span><\/a><\/span><\/span><\/span><\/p>\r\n\r\n<p style=\"text-align:justify\"><span style=\"font-size:11pt\"><span style=\"line-height:normal\"><span style=\"font-family:&quot;Calibri&quot;,sans-serif\"><a href=\"https:\/\/exame.com\/esferabrasil\/abdi-defende-inovacao-transformacao-digital-e-estimulos-a-industria-4-0\/\" style=\"color:blue; text-decoration:underline\"><span style=\"font-size:14.0pt\">ABDI defende inova&ccedil;&atilde;o, transforma&ccedil;&atilde;o digital e est&iacute;mulos &agrave; Ind&uacute;stria 4.0<\/span><\/a><\/span><\/span><\/span><\/p>\r\n\r\n<p style=\"text-align:justify\"><span style=\"font-size:11pt\"><span style=\"line-height:normal\"><span style=\"font-family:&quot;Calibri&quot;,sans-serif\"><a href=\"https:\/\/noticias.portaldaindustria.com.br\/entrevistas\/jose-luis-gordon\/gordon-bndes-vai-intensificar-atuacao-em-inovacao\/\" style=\"color:blue; text-decoration:underline\"><span style=\"font-size:14.0pt\">Gordon: BNDES vai intensificar atua&ccedil;&atilde;o em inova&ccedil;&atilde;o<\/span><\/a><\/span><\/span><\/span><\/p>\r\n\r\n<p class=\"MsoTitleCxSpFirst\" style=\"text-align:justify\"><span style=\"font-size:28pt\"><span style=\"font-family:&quot;Cambria&quot;,serif\"><span style=\"letter-spacing:-0.5pt\"><b><span style=\"font-size:18.0pt\"><span style=\"font-family:&quot;Calibri&quot;,sans-serif\"><span style=\"font-variant:small-caps\">Com&eacute;rcio Exterior<\/span><\/span><\/span><\/b><\/span><\/span><\/span><\/p>\r\n\r\n<p style=\"text-align:justify\"><span style=\"font-size:11pt\"><span style=\"line-height:normal\"><span style=\"font-family:&quot;Calibri&quot;,sans-serif\"><a href=\"https:\/\/ibre.fgv.br\/blog-da-conjuntura-economica\/artigos\/para-o-acordo-mercosul-uniao-europeia-sair-nao-se-pode-reabri\" style=\"color:blue; text-decoration:underline\"><span style=\"font-size:14.0pt\">&ldquo;Para o acordo Mercosul-Uni&atilde;o Europeia sair, n&atilde;o se pode reabri-lo totalmente para negocia&ccedil;&atilde;o&rdquo;<\/span><\/a><\/span><\/span><\/span><\/p>\r\n\r\n<p style=\"text-align:justify\"><span style=\"font-size:11pt\"><span style=\"line-height:normal\"><span style=\"font-family:&quot;Calibri&quot;,sans-serif\"><a href=\"https:\/\/noticias.portaldaindustria.com.br\/noticias\/internacional\/35-mercosul-ue-o-que-a-gente-ganha-com-esse-acordo\/\" style=\"color:blue; text-decoration:underline\"><span style=\"font-size:14.0pt\">Mercosul-UE: o que a gente ganha com esse acordo?<\/span><\/a><\/span><\/span><\/span><\/p>\r\n\r\n<p style=\"text-align:justify\"><span style=\"font-size:11pt\"><span style=\"line-height:normal\"><span style=\"font-family:&quot;Calibri&quot;,sans-serif\"><a href=\"https:\/\/noticias.portaldaindustria.com.br\/noticias\/internacional\/exportadores-brasileiros-relatam-impactos-do-novo-sistema-argentino-de-importacao\/\" style=\"color:blue; text-decoration:underline\"><span style=\"font-size:14.0pt\">Exportadores brasileiros relatam impactos do novo sistema argentino de importa&ccedil;&atilde;o<\/span><\/a><\/span><\/span><\/span><\/p>\r\n\r\n<p style=\"text-align:justify\"><span style=\"font-size:11pt\"><span style=\"line-height:normal\"><span style=\"font-family:&quot;Calibri&quot;,sans-serif\"><a href=\"https:\/\/www.gov.br\/mdic\/pt-br\/assuntos\/noticias\/2023\/junho\/superavit-comercial-cresce-129-5-em-maio-e-e-o-maior-valor-mensal-da-serie-historia\" style=\"color:blue; text-decoration:underline\"><span style=\"font-size:14.0pt\">Super&aacute;vit comercial cresce 129,5% em maio e &eacute; o maior valor mensal da s&eacute;rie hist&oacute;ria<\/span><\/a><\/span><\/span><\/span><\/p>\r\n\r\n<p style=\"text-align:justify\"><span style=\"font-size:11pt\"><span style=\"line-height:normal\"><span style=\"font-family:&quot;Calibri&quot;,sans-serif\"><a href=\"https:\/\/economia.ig.com.br\/2023-06-05\/acordo-ue-mercosul-prioridade.html\" style=\"color:blue; text-decoration:underline\"><span style=\"font-size:14.0pt\">Comiss&atilde;o Europeia classifica acordo UE-Mercosul como &#39;prioridade&#39;<\/span><\/a><\/span><\/span><\/span><\/p>\r\n\r\n<p style=\"text-align:justify\"><span style=\"font-size:11pt\"><span style=\"line-height:normal\"><span style=\"font-family:&quot;Calibri&quot;,sans-serif\"><a href=\"https:\/\/economia.uol.com.br\/noticias\/estadao-conteudo\/2023\/06\/05\/o-custo-brasil-tira-a-nossa-competitividade-para-exportar-diz-industrial.htm\" style=\"color:blue; text-decoration:underline\"><span style=\"font-size:14.0pt\">Abical&ccedil;ados: &#39;O custo Brasil tira a nossa competitividade para exportar&#39;<\/span><\/a><\/span><\/span><\/span><\/p>\r\n\r\n<p style=\"text-align:justify\"><span style=\"font-size:11pt\"><span style=\"line-height:normal\"><span style=\"font-family:&quot;Calibri&quot;,sans-serif\"><a href=\"http:\/\/comunidadtextil.com\/wpnews\/2023\/05\/la-union-europea-aumenta-su-produccion-textil-a-la-par-que-sube-el-deficit-comercial\/?utm_source=email_marketing&amp;utm_admin=28519&amp;utm_medium=email&amp;utm_campaign=NOTICIAS_de_las_Industrias_Textil_Indumentaria_y_Moda\" style=\"color:blue; text-decoration:underline\"><span style=\"font-size:14.0pt\">La Uni&oacute;n Europea aumenta su producci&oacute;n textil a la par que sube el d&eacute;ficit comercial<\/span><\/a><\/span><\/span><\/span><\/p>\r\n\r\n<p class=\"MsoTitle\" style=\"text-align:justify\"><span style=\"font-size:28pt\"><span style=\"font-family:&quot;Cambria&quot;,serif\"><span style=\"letter-spacing:-0.5pt\"><b><span style=\"font-size:18.0pt\"><span style=\"font-family:&quot;Calibri&quot;,sans-serif\"><span style=\"font-variant:small-caps\">Economia<\/span><\/span><\/span><\/b><\/span><\/span><\/span><\/p>\r\n\r\n<p style=\"text-align:justify\"><span style=\"font-size:11pt\"><span style=\"line-height:normal\"><span style=\"font-family:&quot;Calibri&quot;,sans-serif\"><a href=\"https:\/\/www.bcb.gov.br\/content\/focus\/focus\/R20230512.pdf\" style=\"color:blue; text-decoration:underline\"><span style=\"font-size:14.0pt\">Focus &ndash; Relat&oacute;rio de Mercado<\/span><\/a><\/span><\/span><\/span><\/p>\r\n\r\n<p style=\"text-align:justify\"><span style=\"font-size:11pt\"><span style=\"line-height:normal\"><span style=\"font-family:&quot;Calibri&quot;,sans-serif\"><a href=\"https:\/\/www.bcb.gov.br\/content\/controleinflacao\/focusdistribuicoesfrequencia\/P20230605-Focus-Distribuicoes-de-frequencia.pdf\" style=\"color:blue; text-decoration:underline\"><span style=\"font-size:14.0pt\">Focus - Distribui&ccedil;&otilde;es de Frequ&ecirc;ncia Expectativas de Mercado<\/span><\/a><\/span><\/span><\/span><\/p>\r\n\r\n<p style=\"text-align:justify\"><span style=\"font-size:11pt\"><span style=\"line-height:normal\"><span style=\"font-family:&quot;Calibri&quot;,sans-serif\"><a href=\"http:\/\/clickb.e2b.fgv.br\/Redir?cbac42093079049bf26adb53c3b835b5&amp;049ace8ad00a64e14a08375a6026983b\" style=\"color:blue; text-decoration:underline\"><span style=\"font-size:14.0pt\">PIB cresce, e a press&atilde;o sobre juros deve aumentar<\/span><\/a><\/span><\/span><\/span><\/p>\r\n\r\n<p style=\"text-align:justify\"><span style=\"font-size:11pt\"><span style=\"line-height:normal\"><span style=\"font-family:&quot;Calibri&quot;,sans-serif\"><a href=\"https:\/\/portalibre.fgv.br\/system\/files\/2023-06\/Apresenta%C3%A7%C3%A3o%20-%20S%C3%ADntese%20das%20Sondagens%20-%20Maio2023_0.pdf\" style=\"color:blue; text-decoration:underline\"><span style=\"font-size:14.0pt\">Indicadores de Sentimento: Confian&ccedil;a e Incerteza | S&iacute;ntese dos Resultados de Maio de 2023<\/span><\/a><\/span><\/span><\/span><\/p>\r\n\r\n<p style=\"text-align:justify\"><span style=\"font-size:11pt\"><span style=\"line-height:normal\"><span style=\"font-family:&quot;Calibri&quot;,sans-serif\"><a href=\"https:\/\/www.portaldaindustria.com.br\/cni\/canais\/reforma-tributaria\/?utm_source=comext&amp;utm_medium=email&amp;utm_campaign=rt&amp;utm_content=id00092\" style=\"color:blue; text-decoration:underline\"><span style=\"font-size:14.0pt\">CNI | Reforma Tribut&aacute;ria | &Eacute; bom para voc&ecirc;. &Eacute; bom para o Brasil<\/span><\/a><\/span><\/span><\/span><\/p>\r\n\r\n<p style=\"text-align:justify\"><span style=\"font-size:11pt\"><span style=\"line-height:normal\"><span style=\"font-family:&quot;Calibri&quot;,sans-serif\"><a href=\"https:\/\/noticias.portaldaindustria.com.br\/listas\/9-mitos-e-verdades-sobre-a-reforma-tributaria-parte1\/\" style=\"color:blue; text-decoration:underline\"><span style=\"font-size:14.0pt\">9 mitos e verdades sobre a Reforma Tribut&aacute;ria | Parte.1<\/span><\/a><\/span><\/span><\/span><\/p>\r\n\r\n<p style=\"text-align:justify\"><span style=\"font-size:11pt\"><span style=\"line-height:normal\"><span style=\"font-family:&quot;Calibri&quot;,sans-serif\"><a href=\"https:\/\/noticias.portaldaindustria.com.br\/listas\/9-mitos-e-verdades-sobre-a-reforma-tributaria-parte2\/\" style=\"color:blue; text-decoration:underline\"><span style=\"font-size:14.0pt\">9 mitos e verdades sobre a Reforma Tribut&aacute;ria | Parte.2<\/span><\/a><\/span><\/span><\/span><\/p>\r\n","6":"<p style=\"text-align:justify\"><span style=\"font-size:11pt\"><span style=\"line-height:normal\"><span style=\"font-family:&quot;Calibri&quot;,sans-serif\"><span style=\"font-size:14.0pt\">Esta &eacute; uma compila&ccedil;&atilde;o das not&iacute;cias mais relevantes para o setor, incluindo informa&ccedil;&otilde;es sobre acordos internacionais, economia brasileira, sustentabilidade e mat&eacute;rias primas, al&eacute;m de novidades do setor de N&atilde;otecidos e Tecidos T&eacute;cnicos.<\/span><\/span><\/span><\/span><\/p>\r\n\r\n<p class=\"MsoTitleCxSpLast\" style=\"text-align:justify\"><span style=\"font-size:28pt\"><span style=\"font-family:&quot;Cambria&quot;,serif\"><span style=\"letter-spacing:-0.5pt\"><b><span style=\"font-size:18.0pt\"><span style=\"font-family:&quot;Calibri&quot;,sans-serif\"><span style=\"font-variant:small-caps\">Not&iacute;cias das Associadas<\/span><\/span><\/span><\/b><\/span><\/span><\/span><\/p>\r\n\r\n<p style=\"text-align:justify\"><span style=\"font-size:11pt\"><span style=\"line-height:normal\"><span style=\"font-family:&quot;Calibri&quot;,sans-serif\"><a href=\"https:\/\/cipatex.com.br\/blog\/geomembranas-utilizadas-na-recuperacao-de-cisternas-garantem-acesso-a-agua-no-semiarido\/\" style=\"color:blue; text-decoration:underline\"><span style=\"font-size:14.0pt\">Cipatex | Geomembranas utilizadas na recupera&ccedil;&atilde;o de cisternas garantem acesso &agrave; &aacute;gua no semi&aacute;rido<\/span><\/a><\/span><\/span><\/span><\/p>\r\n\r\n<p style=\"text-align:justify\"><span style=\"font-size:11pt\"><span style=\"line-height:normal\"><span style=\"font-family:&quot;Calibri&quot;,sans-serif\"><a href=\"https:\/\/www.nonwovens-industry.com\/contents\/view_breaking-news\/2023-05-31\/freudenberg-opens-apparel-competence-center-in-italy?utm_campaign=NON+eNewsletter&amp;utm_medium=email&amp;_hsmi=260753216&amp;_hsenc=p2ANqtz-80Kv-rLcTXUQggSWRN0a5EU7WjA520G65h2YLBPvfmrc4iEyY-XLyPZ5E5sTzuM_Qv7Xp3oH7LYyS-njBIbAAf13mD4w&amp;utm_content=260753216&amp;utm_source=hs_email\" style=\"color:blue; text-decoration:underline\"><span style=\"font-size:14.0pt\">Freudenberg Opens Apparel Competence Center in Italy<\/span><\/a><\/span><\/span><\/span><\/p>\r\n\r\n<p class=\"MsoTitleCxSpFirst\" style=\"text-align:justify\"><span style=\"font-size:28pt\"><span style=\"font-family:&quot;Cambria&quot;,serif\"><span style=\"letter-spacing:-0.5pt\"><b><span style=\"font-size:18.0pt\"><span style=\"font-family:&quot;Calibri&quot;,sans-serif\"><span style=\"font-variant:small-caps\">A&ccedil;&otilde;es da ABINT<\/span><\/span><\/span><\/b><\/span><\/span><\/span><\/p>\r\n\r\n<p class=\"MsoTitleCxSpLast\" style=\"text-align:justify\"><img src=\"https:\/\/www.abint.org.br\/assets\/img\/editor\/itma-2023-abint-english-417x250_20230606193122g1UqFMhrCn.jpg\" \/><\/p>\r\n\r\n<p style=\"text-align:justify\"><span style=\"font-size:11pt\"><span style=\"line-height:normal\"><span style=\"font-family:&quot;Calibri&quot;,sans-serif\"><b><span style=\"font-size:14.0pt\">A ABINT apoia a ITMA 2023<\/span><\/b><\/span><\/span><\/span><\/p>\r\n\r\n<p style=\"text-align:justify\"><span style=\"font-size:11pt\"><span style=\"line-height:normal\"><span style=\"font-family:&quot;Calibri&quot;,sans-serif\"><span style=\"font-size:14.0pt\">A 19&ordf; edi&ccedil;&atilde;o da maior exposi&ccedil;&atilde;o internacional de tecnologia t&ecirc;xtil e de vestu&aacute;rio do mundo acontecer&aacute; em Mil&atilde;o, It&aacute;lia, de 08 a 14 de junho de 2023. <\/span><a href=\"https:\/\/itma.com\/\" style=\"color:blue; text-decoration:underline\"><span style=\"font-size:14.0pt\">Informa&ccedil;&otilde;es<\/span><\/a><\/span><\/span><\/span><\/p>\r\n\r\n<p style=\"text-align:justify\"><span style=\"font-size:11pt\"><span style=\"line-height:normal\"><span style=\"font-family:&quot;Calibri&quot;,sans-serif\"><span style=\"font-size:14.0pt\"><img src=\"https:\/\/www.abint.org.br\/assets\/img\/editor\/20230614-momentos-de-tecnologia-aesabesp_202306061932089d1CyFb474.jpeg\" style=\"width: 300px; height: 375px;\" \/><\/span><\/span><\/span><\/span><\/p>\r\n\r\n<p style=\"text-align:justify\"><b><span style=\"font-size:14.0pt\"><span style=\"line-height:115%\"><span style=\"font-family:&quot;Calibri&quot;,sans-serif\">O CTG ABINT participar&aacute; do espa&ccedil;o &ldquo;Momentos de Tecnologia&rdquo; da AESabesp &ndash; Associa&ccedil;&atilde;o dos Engenheiros da Sabesp. <\/span><\/span><\/span><\/b><span style=\"font-size:14.0pt\"><span style=\"line-height:115%\"><span style=\"font-family:&quot;Calibri&quot;,sans-serif\">A palestra &ldquo;A import&acirc;ncia dos Geossint&eacute;ticos como barreiras imperme&aacute;veis e sua devida fiscaliza&ccedil;&atilde;o&rdquo; ocorrer&aacute; dia 14 de junho, &agrave;s 09h00, na Unidade Ponte Pequena.<\/span><\/span><\/span><\/p>\r\n\r\n<p style=\"text-align:justify\"><span style=\"font-size:14.0pt\"><span style=\"line-height:115%\"><span style=\"font-family:&quot;Calibri&quot;,sans-serif\"><img src=\"https:\/\/www.abint.org.br\/assets\/img\/editor\/banner-save-the-date-curso-geomembrana_20230606193611XvC61Uf30x.jpeg\" style=\"width: 300px; height: 300px;\" \/><\/span><\/span><\/span><\/p>\r\n\r\n<p style=\"text-align:justify\"><span style=\"font-size:11pt\"><span style=\"line-height:normal\"><span style=\"font-family:&quot;Calibri&quot;,sans-serif\"><b><span style=\"font-size:14.0pt\">Nos dias 04 a 07 de julho o CTG ABINT realizar&aacute; o 1&ordm; Curso Brasileiro de Instala&ccedil;&atilde;o de Geomembranas, no Instituto Mau&aacute; de Tecnologia.<\/span><\/b><\/span><\/span><\/span><\/p>\r\n\r\n<p style=\"text-align:justify\"><span style=\"font-size:11pt\"><span style=\"line-height:normal\"><span style=\"font-family:&quot;Calibri&quot;,sans-serif\"><span style=\"font-size:14.0pt\"><a href=\"https:\/\/www.eventbrite.com.br\/e\/1o-curso-brasileiro-de-instalacao-de-geomembranas-tickets-645407429997\" style=\"color:blue; text-decoration:underline\">Informa&ccedil;&otilde;es<\/a><\/span><\/span><\/span><\/span><\/p>\r\n\r\n<p style=\"text-align:justify\">&nbsp;<\/p>\r\n\r\n<p style=\"text-align:justify\"><span style=\"font-size:11pt\"><span style=\"line-height:normal\"><span style=\"font-family:&quot;Calibri&quot;,sans-serif\"><span style=\"font-size:14.0pt\"><img src=\"https:\/\/www.abint.org.br\/assets\/img\/editor\/ctg-patrocinador-regeo-2023_20230606194041hugTzHVwYu.jpeg\" style=\"width: 300px; height: 300px;\" \/><\/span><\/span><\/span><\/span><\/p>\r\n\r\n<p style=\"text-align:justify\"><span style=\"font-size:11pt\"><span style=\"line-height:normal\"><span style=\"font-family:&quot;Calibri&quot;,sans-serif\"><b><span style=\"font-size:14.0pt\"><span style=\"font-variant:small-caps\">O CTG ABINT <\/span><\/span><\/b><b><span style=\"font-size:14.0pt\">marcar&aacute; presen&ccedil;a<\/span><\/b><span style=\"font-size:14.0pt\"> nos eventos <b>X Congresso Brasileiro de Geotecnia Ambiental &amp; IX Congresso Brasileiro de Geossint&eacute;ticos - REGEO&rsquo;23 &amp; Geossint&eacute;ticos&rsquo;23<\/b>, que ocorrer&atilde;o de 18 a 21 de julho de 2023, Centro Universit&aacute;rio Jorge Amado &ndash; UNIJORGE, Salvador, BA.<\/span><\/span><\/span><\/span><\/p>\r\n\r\n<p style=\"text-align:justify\"><span style=\"font-size:11pt\"><span style=\"line-height:normal\"><span style=\"font-family:&quot;Calibri&quot;,sans-serif\"><a href=\"https:\/\/regeogeossinteticos23.com.br\/\" style=\"color:blue; text-decoration:underline\"><span style=\"font-size:14.0pt\">Mais informa&ccedil;&otilde;es e inscri&ccedil;&otilde;es<\/span><\/a><\/span><\/span><\/span><\/p>\r\n\r\n<p style=\"text-align:justify\">&nbsp;<\/p>\r\n\r\n<p style=\"text-align:justify\"><span style=\"font-size:11pt\"><span style=\"line-height:normal\"><span style=\"font-family:&quot;Calibri&quot;,sans-serif\"><span style=\"font-size:14.0pt\"><img src=\"https:\/\/www.abint.org.br\/assets\/img\/editor\/minicurso-fernando-regeo-2023_20230606194115Dus07IwkyO.jpeg\" style=\"width: 300px; height: 300px;\" \/><\/span><\/span><\/span><\/span><\/p>\r\n\r\n<p style=\"text-align:justify\"><span style=\"font-size:11pt\"><span style=\"line-height:normal\"><span style=\"font-family:&quot;Calibri&quot;,sans-serif\"><b><span style=\"font-size:14.0pt\">O Prof. Dr. Fernando Lavoie, Coordenador do CTG ABINT, ministrar&aacute; Minicurso durante o Regeo&rsquo;23 &amp; Geossint&eacute;ticos&rsquo;23.<\/span><\/b><\/span><\/span><\/span><\/p>\r\n\r\n<p style=\"text-align:justify\"><span style=\"font-size:11pt\"><span style=\"line-height:normal\"><span style=\"font-family:&quot;Calibri&quot;,sans-serif\"><a href=\"https:\/\/regeogeossinteticos23.com.br\/inscricoes\/\" style=\"color:blue; text-decoration:underline\"><span style=\"font-size:14.0pt\">Inscreva-se!<\/span><\/a><\/span><\/span><\/span><\/p>\r\n\r\n<p style=\"text-align:justify\">&nbsp;<\/p>\r\n\r\n<p style=\"text-align:justify\"><span style=\"font-size:11pt\"><span style=\"line-height:normal\"><span style=\"font-family:&quot;Calibri&quot;,sans-serif\"><b><span style=\"font-size:18.0pt\"><span style=\"font-variant:small-caps\">Eventos<\/span><\/span><\/b><\/span><\/span><\/span><\/p>\r\n\r\n<p style=\"text-align:justify\"><span style=\"font-size:11pt\"><span style=\"line-height:normal\"><span style=\"font-family:&quot;Calibri&quot;,sans-serif\"><b><span style=\"font-size:14.0pt\">FGV IBRE | Progressividade tribut&aacute;ria e crescimento econ&ocirc;mico<\/span><\/b><span style=\"font-size:14.0pt\">, 13 de junho de 2023, evento presencial, SGAN &ndash; Setor de Grandes &Aacute;reas Norte Quadra 602, M&oacute;dulos A, B, e C, Asa Norte, Bras&iacute;lia. <\/span><a href=\"http:\/\/clickb.e2b.fgv.br\/Redir?43bccd68e92c6e729d8185202bcaa37d&amp;c7923cc802134327b2317fe4541d5bdd\" style=\"color:blue; text-decoration:underline\"><span style=\"font-size:14.0pt\">Informa&ccedil;&otilde;es<\/span><\/a> <\/span><\/span><\/span><\/p>\r\n\r\n<p style=\"text-align:justify\"><span style=\"font-size:11pt\"><span style=\"line-height:normal\"><span style=\"font-family:&quot;Calibri&quot;,sans-serif\"><b><span style=\"font-size:14.0pt\">Workshop Abit | Fazendo a revis&atilde;o do PGR - Plano de Gerenciamento de Riscos<\/span><\/b><span style=\"font-size:14.0pt\">, 14 de junho de 2023, das 14h30 &agrave;s 16h30, evento online. <\/span><a href=\"https:\/\/produtos.institutoabit.org.br\/prod\/2d87652c-d485-4bba-b0e6-5c12db6ebd7c?utm_campaign=workshop_pgr_reenvio_0606&amp;utm_medium=email&amp;utm_source=RD+Station\" style=\"color:blue; text-decoration:underline\"><span style=\"font-size:14.0pt\">Informa&ccedil;&otilde;es<\/span><\/a> <\/span><\/span><\/span><\/p>\r\n\r\n<p style=\"text-align:justify\"><span style=\"font-size:11pt\"><span style=\"line-height:normal\"><span style=\"font-family:&quot;Calibri&quot;,sans-serif\"><b><span style=\"font-size:14.0pt\">FGV IBRE | II Semin&aacute;rio de An&aacute;lise Conjuntural<\/span><\/b><span style=\"font-size:14.0pt\">, 15 de junho de 2023, 10h00 &agrave;s 11h30, transmiss&atilde;o via YouTube. <\/span><a href=\"https:\/\/evento.fgv.br\/analise-conjuntural_1506\/\" style=\"color:blue; text-decoration:underline\"><span style=\"font-size:14.0pt\">Informa&ccedil;&otilde;es<\/span><\/a> <\/span><\/span><\/span><\/p>\r\n\r\n<p style=\"text-align:justify\"><span style=\"font-size:11pt\"><span style=\"line-height:normal\"><span style=\"font-family:&quot;Calibri&quot;,sans-serif\"><b><span style=\"font-size:14.0pt\">Webinar Tech Day: Grafeno, Ensaios em Pl&aacute;sticos e Economia Circular,<\/span><\/b><span style=\"font-size:14.0pt\"> 21 de junho de 2023. <\/span><a href=\"https:\/\/www.webcastlive.com.br\/aspen\/\" style=\"color:blue; text-decoration:underline\"><span style=\"font-size:14.0pt\">Informa&ccedil;&otilde;es<\/span><\/a> <\/span><\/span><\/span><\/p>\r\n\r\n<p style=\"text-align:justify\"><span style=\"font-size:11pt\"><span style=\"line-height:normal\"><span style=\"font-family:&quot;Calibri&quot;,sans-serif\"><b><span style=\"font-size:14.0pt\">Apex Brasil | Introdu&ccedil;&atilde;o ao e-commerce Internacional<\/span><\/b><span style=\"font-size:14.0pt\">, 22 de junho de 2023, das 8h30 &agrave;s 12h30, evento online. <\/span><a href=\"https:\/\/click.apexbrasil.com.br\/mkt\/OficinadeCompetitividade\/OficinadeCompetitividade_junho2023.pdf#msdynttrid=nE-ALUwLx6zLKXBX1Ob3Todz5RuI7-aS7bUNiQ2Pa9c\" style=\"color:blue; text-decoration:underline\"><span style=\"font-size:14.0pt\">Informa&ccedil;&otilde;es<\/span><\/a> <\/span><\/span><\/span><\/p>\r\n\r\n<p style=\"text-align:justify\"><span style=\"font-size:11pt\"><span style=\"line-height:normal\"><span style=\"font-family:&quot;Calibri&quot;,sans-serif\"><b><span style=\"font-size:14.0pt\">FGV IBRE | Inscreva-se no evento IX Semin&aacute;rio Anual de Pol&iacute;tica Monet&aacute;ria<\/span><\/b><span style=\"font-size:14.0pt\">, 23 de junho (sexta-feira), 10h &agrave;s 11h30, transmiss&atilde;o via YouTube. <\/span><a href=\"https:\/\/evento.fgv.br\/ixseminarioanual_2306\/\" style=\"color:blue; text-decoration:underline\"><span style=\"font-size:14.0pt\">Informa&ccedil;&otilde;es<\/span><\/a> <\/span><\/span><\/span><\/p>\r\n\r\n<p style=\"text-align:justify\"><span style=\"font-size:11pt\"><span style=\"line-height:normal\"><span style=\"font-family:&quot;Calibri&quot;,sans-serif\"><b><span style=\"font-size:14.0pt\">SOBECC | I Simp&oacute;sio de preven&ccedil;&atilde;o e controle de infec&ccedil;&atilde;o do S&iacute;tio Cir&uacute;rgico APECIH\/SOBECC<\/span><\/b><span style=\"font-size:14.0pt\">, 24 de junho de 2023, das 08h00 &agrave;s 18h30, evento presencial. <\/span><a href=\"https:\/\/sobecc.org.br\/jornada-cientifica\/i-simposio-de-prevencao-e-controle-de-infeccao-do-sitio-cirurgico-apecih-sobecc\" style=\"color:blue; text-decoration:underline\"><span style=\"font-size:14.0pt\">Informa&ccedil;&otilde;es<\/span><\/a> <\/span><\/span><\/span><\/p>\r\n\r\n<p style=\"text-align:justify\"><span style=\"font-size:11pt\"><span style=\"line-height:normal\"><span style=\"font-family:&quot;Calibri&quot;,sans-serif\"><b><span style=\"font-size:14.0pt\">INDA | Top Global Consumer Trends and Their Implications in the Wipes Sector<\/span><\/b><span style=\"font-size:14.0pt\">, June 28, 11:00 am &ndash; 11:45 am EDT. <\/span><a href=\"https:\/\/www.worldofwipes.org\/preconference-webinars.html\" style=\"color:blue; text-decoration:underline\"><span style=\"font-size:14.0pt\">Informa&ccedil;&otilde;es<\/span><\/a> <\/span><\/span><\/span><\/p>\r\n\r\n<p style=\"text-align:justify\"><span style=\"font-size:11pt\"><span style=\"line-height:normal\"><span style=\"font-family:&quot;Calibri&quot;,sans-serif\"><b><span style=\"font-size:14.0pt\">The 92nd Textile Institute World Conference: &ldquo;Sustainability of the Textile and Fashion Supply Chain &ndash; Transitioning to Zero Carbon and Zero Waste&rdquo;, <\/span><\/b><span style=\"font-size:14.0pt\">3-6 July 2023, University of Huddersfield, UK. <\/span><a href=\"https:\/\/www.textileinstitute.org\/events\/tiwc\/\" style=\"color:blue; text-decoration:underline\"><span style=\"font-size:14.0pt\">Informa&ccedil;&otilde;es<\/span><\/a> <\/span><\/span><\/span><\/p>\r\n\r\n<p style=\"text-align:justify\"><span style=\"font-size:11pt\"><span style=\"line-height:normal\"><span style=\"font-family:&quot;Calibri&quot;,sans-serif\"><b><span style=\"font-size:14.0pt\">FIMMA BRASIL - Feira Internacional de Fornecedores da Cadeia Produtiva Madeira e M&oacute;veis<\/span><\/b><span style=\"font-size:14.0pt\">, 28 a 31 de agosto de 2023, das 10h &agrave;s 19h, Bento Gon&ccedil;alves, RS. <\/span><a href=\"https:\/\/fimma.com.br\/\" style=\"color:blue; text-decoration:underline\"><span style=\"font-size:14.0pt\">Informa&ccedil;&otilde;es<\/span><\/a> <\/span><\/span><\/span><\/p>\r\n\r\n<p style=\"text-align:justify\"><span style=\"font-size:11pt\"><span style=\"line-height:normal\"><span style=\"font-family:&quot;Calibri&quot;,sans-serif\"><b><span style=\"font-size:14.0pt\">10&ordm; Congresso Internacional da Inova&ccedil;&atilde;o da Ind&uacute;stria<\/span><\/b><span style=\"font-size:14.0pt\">, 27 e 28 de setembro de 2023, S&atilde;o Paulo Expo.<\/span> <a href=\"https:\/\/www.congressodeinovacao.com.br\/?utm_source=comext&amp;utm_medium=email&amp;utm_campaign=eventos&amp;utm_content=id00053#msdynttrid=gg5jXwSFR7qM4vHH2tKGau3cTwSFDneTjMUhrcPg7vE\" style=\"color:blue; text-decoration:underline\"><span style=\"font-size:14.0pt\">Informa&ccedil;&otilde;es<\/span><\/a> <\/span><\/span><\/span><\/p>\r\n\r\n<p style=\"text-align:justify\"><span style=\"font-size:11pt\"><span style=\"line-height:normal\"><span style=\"font-family:&quot;Calibri&quot;,sans-serif\"><b><span style=\"font-size:14.0pt\">FiltXPO&trade; 2023<\/span><\/b><span class=\"MsoHyperlink\" style=\"color:blue\"><span style=\"text-decoration:underline\"><span style=\"font-size:14.0pt\"><span style=\"text-decoration:none\"><span style=\"text-underline:none\">, <\/span><\/span><\/span><\/span><\/span><span style=\"font-size:14.0pt\">October 10-12, 2023 at Navy Pier in Chicago, Illinois<\/span><span class=\"MsoHyperlink\" style=\"color:blue\"><span style=\"text-decoration:underline\"><span style=\"font-size:14.0pt\"><span style=\"text-decoration:none\"><span style=\"text-underline:none\">. <\/span><\/span><\/span><\/span><\/span><a href=\"https:\/\/www.filtxpo.com\/\" style=\"color:blue; text-decoration:underline\"><span style=\"font-size:14.0pt\">Informa&ccedil;&otilde;es<\/span><\/a> <\/span><\/span><\/span><\/p>\r\n\r\n<p style=\"text-align:justify\"><span style=\"font-size:11pt\"><span style=\"line-height:normal\"><span style=\"font-family:&quot;Calibri&quot;,sans-serif\"><b><span style=\"font-size:14.0pt\">SENAI-CETIQT | P&oacute;s-gradua&ccedil;&atilde;o &ldquo;P&oacute;s-gradua&ccedil;&atilde;o em Economia Circular e Produ&ccedil;&atilde;o Sustent&aacute;vel&rdquo;. <\/span><\/b><a href=\"https:\/\/materiais.senaicetiqt.com\/pos-graduacao-economia-circular-e-producao-sustentavel?utm_campaign=senai_cetiqt___oferta_do_curso_economia_circular&amp;utm_medium=email&amp;utm_source=RD+Station\" style=\"color:blue; text-decoration:underline\"><span style=\"font-size:14.0pt\">Informa&ccedil;&otilde;es<\/span><\/a> <\/span><\/span><\/span><\/p>\r\n\r\n<p style=\"text-align:justify\"><span style=\"font-size:11pt\"><span style=\"line-height:normal\"><span style=\"font-family:&quot;Calibri&quot;,sans-serif\"><b><span style=\"font-size:14.0pt\">SENAI-CETIQT | P&oacute;s-gradua&ccedil;&atilde;o &ldquo;Produtos de Alta Performance &agrave; Base de Materiais Comp&oacute;sitos&rdquo;<\/span><\/b><span style=\"font-size:14.0pt\">. <\/span><a href=\"https:\/\/materiais.senaicetiqt.com\/pos-graduacao-produtos-de-alta-performance-a-base-de-materiais-compositos?utm_campaign=senai_cetiqt___oferta_do_curso_materiais_compositos&amp;utm_medium=email&amp;utm_source=RD+Station\" style=\"color:blue; text-decoration:underline\"><span style=\"font-size:14.0pt\">Informa&ccedil;&otilde;es<\/span><\/a> <\/span><\/span><\/span><\/p>\r\n\r\n<p class=\"MsoTitle\" style=\"text-align:justify\"><span style=\"font-size:28pt\"><span style=\"font-family:&quot;Cambria&quot;,serif\"><span style=\"letter-spacing:-0.5pt\"><b><span style=\"font-size:18.0pt\"><span style=\"font-family:&quot;Calibri&quot;,sans-serif\"><span style=\"font-variant:small-caps\">Setor<\/span><\/span><\/span><\/b><\/span><\/span><\/span><\/p>\r\n\r\n<p style=\"text-align:justify\"><span style=\"font-size:11pt\"><span style=\"line-height:normal\"><span style=\"font-family:&quot;Calibri&quot;,sans-serif\"><a href=\"https:\/\/plasticosemrevista.com.br\/asia-acentua-mega-excedente-mundial-de-pe-e-pp\/\" style=\"color:blue; text-decoration:underline\"><span style=\"font-size:14.0pt\">&Aacute;sia acentua mega excedente mundial de PE e PP<\/span><\/a><\/span><\/span><\/span><\/p>\r\n\r\n<p style=\"text-align:justify\"><span style=\"font-size:11pt\"><span style=\"line-height:normal\"><span style=\"font-family:&quot;Calibri&quot;,sans-serif\"><a href=\"http:\/\/site.oatibaiense.com.br\/2023\/06\/atibaia-e-maior-produtora-de-flores-do-pais-e-esta-em-1o-no-estado-na-producao-de-morangos\/\" style=\"color:blue; text-decoration:underline\"><span style=\"font-size:14.0pt\">Mulching: Atibaia &eacute; maior produtora de flores do pa&iacute;s e est&aacute; em 1&ordm; no Estado na produ&ccedil;&atilde;o de morangos<\/span><\/a><\/span><\/span><\/span><\/p>\r\n\r\n<p style=\"text-align:justify\"><span style=\"font-size:11pt\"><span style=\"line-height:normal\"><span style=\"font-family:&quot;Calibri&quot;,sans-serif\"><a href=\"https:\/\/www.revistatae.com.br\/Noticia\/71144\/seguranca-de-reservatorios-de-agua-no-agro\" style=\"color:blue; text-decoration:underline\"><span style=\"font-size:14.0pt\">Geomembranas: Seguran&ccedil;a de reservat&oacute;rios de &aacute;gua no agro<\/span><\/a><\/span><\/span><\/span><\/p>\r\n\r\n<p style=\"text-align:justify\"><span style=\"font-size:11pt\"><span style=\"line-height:normal\"><span style=\"font-family:&quot;Calibri&quot;,sans-serif\"><a href=\"https:\/\/www.meiofiltrante.com.br\/Noticia\/113191\/braskem-lanca-ao-mercadoupsyde-\" style=\"color:blue; text-decoration:underline\"><span style=\"font-size:14.0pt\">Braskem lan&ccedil;a ao mercado Upsyde<\/span><\/a><\/span><\/span><\/span><\/p>\r\n\r\n<p class=\"MsoTitle\" style=\"text-align:justify\"><span style=\"font-size:28pt\"><span style=\"font-family:&quot;Cambria&quot;,serif\"><span style=\"letter-spacing:-0.5pt\"><b><span style=\"font-size:18.0pt\"><span style=\"font-family:&quot;Calibri&quot;,sans-serif\"><span style=\"font-variant:small-caps\">Ind&uacute;stria<\/span><\/span><\/span><\/b><\/span><\/span><\/span><\/p>\r\n\r\n<p style=\"text-align:justify\"><span style=\"font-size:11pt\"><span style=\"line-height:normal\"><span style=\"font-family:&quot;Calibri&quot;,sans-serif\"><a href=\"https:\/\/noticias.portaldaindustria.com.br\/noticias\/economia\/faturamento-da-industria-cai-em-abril-mostra-cni\/\" style=\"color:blue; text-decoration:underline\"><span style=\"font-size:14.0pt\">Faturamento da ind&uacute;stria cai em abril, mostra CNI<\/span><\/a><\/span><\/span><\/span><\/p>\r\n\r\n<p style=\"text-align:justify\"><span style=\"font-size:11pt\"><span style=\"line-height:normal\"><span style=\"font-family:&quot;Calibri&quot;,sans-serif\"><a href=\"https:\/\/portalibre.fgv.br\/system\/files\/2023-05\/%C3%8Dndice%20de%20Confian%C3%A7a%20Empresarial%20FGV_press%20release_Mai23_0.pdf\" style=\"color:blue; text-decoration:underline\"><span style=\"font-size:14.0pt\">Confian&ccedil;a Empresarial sobe um pouco em maio mas continua baixa<\/span><\/a><\/span><\/span><\/span><\/p>\r\n\r\n<p style=\"text-align:justify\"><span style=\"font-size:11pt\"><span style=\"line-height:normal\"><span style=\"font-family:&quot;Calibri&quot;,sans-serif\"><a href=\"https:\/\/noticias.portaldaindustria.com.br\/entrevistas\/momento-politico-impoe-a-neoindustrializacao-avalia-ricardo-alban\/\" style=\"color:blue; text-decoration:underline\"><span style=\"font-size:14.0pt\">Momento pol&iacute;tico imp&otilde;e a neoindustrializa&ccedil;&atilde;o, avalia Ricardo Alban<\/span><\/a><\/span><\/span><\/span><\/p>\r\n\r\n<p style=\"text-align:justify\"><span style=\"font-size:11pt\"><span style=\"line-height:normal\"><span style=\"font-family:&quot;Calibri&quot;,sans-serif\"><a href=\"https:\/\/www.moveisdevalor.com.br\/portal\/veja-como-a-crise-atual-no-varejo-afeta-a-industria?source=news\" style=\"color:blue; text-decoration:underline\"><span style=\"font-size:14.0pt\">Veja como a crise atual no varejo afeta a ind&uacute;stria<\/span><\/a><\/span><\/span><\/span><\/p>\r\n\r\n<p style=\"text-align:justify\"><span style=\"font-size:11pt\"><span style=\"line-height:normal\"><span style=\"font-family:&quot;Calibri&quot;,sans-serif\"><a href=\"https:\/\/www.noticiasautomotivas.com.br\/anfavea-projeta-300-mil-carros-a-mais-fabricas-suspendem-ferias\/\" style=\"color:blue; text-decoration:underline\"><span style=\"font-size:14.0pt\">Anfavea projeta 300 mil carros a mais; f&aacute;bricas suspendem f&eacute;rias<\/span><\/a><\/span><\/span><\/span><\/p>\r\n\r\n<p style=\"text-align:justify\"><span style=\"font-size:11pt\"><span style=\"line-height:normal\"><span style=\"font-family:&quot;Calibri&quot;,sans-serif\"><a href=\"https:\/\/exclusivo.com.br\/_conteudo\/negocios\/2023\/05\/31\/fabricante-que-produz-calcados-para-nike-e-adidas-vai-demitir-6-mil-funcionarios.html\" style=\"color:blue; text-decoration:underline\"><span style=\"font-size:14.0pt\">Fabricante, que produz cal&ccedil;ados para Nike e Adidas, vai demitir 6 mil funcion&aacute;rios<\/span><\/a><u> <\/u><\/span><\/span><\/span><\/p>\r\n\r\n<p style=\"text-align:justify\"><span style=\"font-size:11pt\"><span style=\"line-height:normal\"><span style=\"font-family:&quot;Calibri&quot;,sans-serif\"><a href=\"https:\/\/www.balcaoautomotivo.com\/2023\/05\/31\/abra-talks-destaca-mercado-e-as-novas-tecnologias-de-filtros-automotivos\/\" style=\"color:blue; text-decoration:underline\"><span style=\"font-size:14.0pt\">Abrafiltros: Abra Talks destaca mercado e as novas tecnologias de filtros automotivos<\/span><\/a><\/span><\/span><\/span><\/p>\r\n\r\n<p class=\"MsoTitle\" style=\"text-align:justify\"><span style=\"font-size:28pt\"><span style=\"font-family:&quot;Cambria&quot;,serif\"><span style=\"letter-spacing:-0.5pt\"><b><span style=\"font-size:18.0pt\"><span style=\"font-family:&quot;Calibri&quot;,sans-serif\"><span style=\"font-variant:small-caps\">Sustentabilidade<\/span><\/span><\/span><\/b><\/span><\/span><\/span><\/p>\r\n\r\n<p style=\"text-align:justify\"><span style=\"font-size:11pt\"><span style=\"line-height:normal\"><span style=\"font-family:&quot;Calibri&quot;,sans-serif\"><a href=\"https:\/\/noticias.portaldaindustria.com.br\/noticias\/sustentabilidade\/dia-do-meio-ambiente-conheca-as-propostas-da-industria-para-combater-a-crise-climatica\/\" style=\"color:blue; text-decoration:underline\"><span style=\"font-size:14.0pt\">Dia do Meio Ambiente: conhe&ccedil;a as propostas da ind&uacute;stria para combater a crise clim&aacute;tica<\/span><\/a><\/span><\/span><\/span><\/p>\r\n\r\n<p style=\"text-align:justify\"><span style=\"font-size:11pt\"><span style=\"line-height:normal\"><span style=\"font-family:&quot;Calibri&quot;,sans-serif\"><a href=\"http:\/\/comunidadtextil.com\/wpnews\/2023\/05\/aseguran-que-el-mercado-global-de-reciclado-llegaria-a-us-8-500-m-en-el-ano-2032\/?utm_source=email_marketing&amp;utm_admin=28519&amp;utm_medium=email&amp;utm_campaign=NOTICIAS_de_las_Industrias_Textil_Indumentaria_y_Moda\" style=\"color:blue; text-decoration:underline\"><span style=\"font-size:14.0pt\">Aseguran que el mercado global de reciclado llegar&iacute;a a US$ 8.500 M en el a&ntilde;o 2032<\/span><\/a><\/span><\/span><\/span><\/p>\r\n\r\n<p style=\"text-align:justify\"><span style=\"font-size:11pt\"><span style=\"line-height:normal\"><span style=\"font-family:&quot;Calibri&quot;,sans-serif\"><a href=\"https:\/\/www.correiobraziliense.com.br\/opiniao\/2023\/06\/5099545-artigo-a-mineracao-brasileira-e-a-agenda-esg.html\" style=\"color:blue; text-decoration:underline\"><span style=\"font-size:14.0pt\">Artigo: A minera&ccedil;&atilde;o brasileira e a Agenda ESG<\/span><\/a><\/span><\/span><\/span><\/p>\r\n\r\n<p style=\"text-align:justify\"><span style=\"font-size:11pt\"><span style=\"line-height:normal\"><span style=\"font-family:&quot;Calibri&quot;,sans-serif\"><a href=\"https:\/\/monitormercantil.com.br\/comissao-de-saude-debatera-saneamento-basico-com-ministro-das-cidades\/\" style=\"color:blue; text-decoration:underline\"><span style=\"font-size:14.0pt\">Comiss&atilde;o de Sa&uacute;de debate saneamento b&aacute;sico com ministro das Cidades<\/span><\/a><\/span><\/span><\/span><\/p>\r\n\r\n<p style=\"text-align:justify\"><span style=\"font-size:11pt\"><span style=\"line-height:normal\"><span style=\"font-family:&quot;Calibri&quot;,sans-serif\"><a href=\"https:\/\/itforum.com.br\/noticias\/smart-building-futuro-construcao-civil\/\" style=\"color:blue; text-decoration:underline\"><span style=\"font-size:14.0pt\">Smart Building: modelo visa minimizar impacto ambiental e aumentar a efici&ecirc;ncia<\/span><\/a><\/span><\/span><\/span><\/p>\r\n\r\n<p style=\"text-align:justify\"><span style=\"font-size:11pt\"><span style=\"line-height:normal\"><span style=\"font-family:&quot;Calibri&quot;,sans-serif\"><a href=\"https:\/\/www.gov.br\/ana\/pt-br\/assuntos\/noticias-e-eventos\/noticias\/ana-e-abdi-lancam-edital-para-solucoes-que-reduzam-a-presenca-de-plastico-nas-aguas-brasileiras\" style=\"color:blue; text-decoration:underline\"><span style=\"font-size:14.0pt\">ANA e ABDI lan&ccedil;am edital para solu&ccedil;&otilde;es que reduzam a presen&ccedil;a de pl&aacute;stico nas &aacute;guas brasileiras<\/span><\/a> <\/span><\/span><\/span><\/p>\r\n\r\n<p style=\"text-align:justify\"><span style=\"font-size:11pt\"><span style=\"line-height:normal\"><span style=\"font-family:&quot;Calibri&quot;,sans-serif\"><a href=\"https:\/\/www.technicaltextile.net\/news\/uk-govt-urges-producers-to-address-flushable-wet-wipes-labelling-287889.html\" style=\"color:blue; text-decoration:underline\"><span style=\"font-size:14.0pt\">UK govt urges producers to address &#39;flushable&#39; wet wipes labelling<\/span><\/a><\/span><\/span><\/span><\/p>\r\n\r\n<p class=\"MsoTitle\" style=\"text-align:justify\"><span style=\"font-size:28pt\"><span style=\"font-family:&quot;Cambria&quot;,serif\"><span style=\"letter-spacing:-0.5pt\"><b><span style=\"font-size:18.0pt\"><span style=\"font-family:&quot;Calibri&quot;,sans-serif\"><span style=\"font-variant:small-caps\">Inova&ccedil;&atilde;o<\/span><\/span><\/span><\/b><\/span><\/span><\/span><\/p>\r\n\r\n<p style=\"text-align:justify\"><span style=\"font-size:11pt\"><span style=\"line-height:normal\"><span style=\"font-family:&quot;Calibri&quot;,sans-serif\"><a href=\"https:\/\/g1.globo.com\/jornal-nacional\/noticia\/2023\/05\/19\/pesquisadores-desenvolvem-fios-para-roupas-a-partir-da-fibra-do-caule-da-bananeira.ghtml?utm_campaign=senai_cetiqt__newsletter_isi_-_maio_2023&amp;utm_medium=email&amp;utm_source=RD+Station\" style=\"color:blue; text-decoration:underline\"><span style=\"font-size:14.0pt\">Do pseudocaule da bananeira ao guarda-roupa: a revolu&ccedil;&atilde;o das fibras naturais<\/span><\/a><\/span><\/span><\/span><\/p>\r\n\r\n<p style=\"text-align:justify\"><span style=\"font-size:11pt\"><span style=\"line-height:normal\"><span style=\"font-family:&quot;Calibri&quot;,sans-serif\"><a href=\"https:\/\/comexdobrasil.com\/industria-textil-investe-em-inovacao-e-sustentabilidade-para-ser-competitiva-2\/\" style=\"color:blue; text-decoration:underline\"><span style=\"font-size:14.0pt\">Ind&uacute;stria t&ecirc;xtil investe em inova&ccedil;&atilde;o<\/span><\/a><\/span><\/span><\/span><\/p>\r\n\r\n<p style=\"text-align:justify\"><span style=\"font-size:11pt\"><span style=\"line-height:normal\"><span style=\"font-family:&quot;Calibri&quot;,sans-serif\"><a href=\"https:\/\/exame.com\/esferabrasil\/abdi-defende-inovacao-transformacao-digital-e-estimulos-a-industria-4-0\/\" style=\"color:blue; text-decoration:underline\"><span style=\"font-size:14.0pt\">ABDI defende inova&ccedil;&atilde;o, transforma&ccedil;&atilde;o digital e est&iacute;mulos &agrave; Ind&uacute;stria 4.0<\/span><\/a><\/span><\/span><\/span><\/p>\r\n\r\n<p style=\"text-align:justify\"><span style=\"font-size:11pt\"><span style=\"line-height:normal\"><span style=\"font-family:&quot;Calibri&quot;,sans-serif\"><a href=\"https:\/\/noticias.portaldaindustria.com.br\/entrevistas\/jose-luis-gordon\/gordon-bndes-vai-intensificar-atuacao-em-inovacao\/\" style=\"color:blue; text-decoration:underline\"><span style=\"font-size:14.0pt\">Gordon: BNDES vai intensificar atua&ccedil;&atilde;o em inova&ccedil;&atilde;o<\/span><\/a><\/span><\/span><\/span><\/p>\r\n\r\n<p class=\"MsoTitleCxSpFirst\" style=\"text-align:justify\"><span style=\"font-size:28pt\"><span style=\"font-family:&quot;Cambria&quot;,serif\"><span style=\"letter-spacing:-0.5pt\"><b><span style=\"font-size:18.0pt\"><span style=\"font-family:&quot;Calibri&quot;,sans-serif\"><span style=\"font-variant:small-caps\">Com&eacute;rcio Exterior<\/span><\/span><\/span><\/b><\/span><\/span><\/span><\/p>\r\n\r\n<p style=\"text-align:justify\"><span style=\"font-size:11pt\"><span style=\"line-height:normal\"><span style=\"font-family:&quot;Calibri&quot;,sans-serif\"><a href=\"https:\/\/ibre.fgv.br\/blog-da-conjuntura-economica\/artigos\/para-o-acordo-mercosul-uniao-europeia-sair-nao-se-pode-reabri\" style=\"color:blue; text-decoration:underline\"><span style=\"font-size:14.0pt\">&ldquo;Para o acordo Mercosul-Uni&atilde;o Europeia sair, n&atilde;o se pode reabri-lo totalmente para negocia&ccedil;&atilde;o&rdquo;<\/span><\/a><\/span><\/span><\/span><\/p>\r\n\r\n<p style=\"text-align:justify\"><span style=\"font-size:11pt\"><span style=\"line-height:normal\"><span style=\"font-family:&quot;Calibri&quot;,sans-serif\"><a href=\"https:\/\/noticias.portaldaindustria.com.br\/noticias\/internacional\/35-mercosul-ue-o-que-a-gente-ganha-com-esse-acordo\/\" style=\"color:blue; text-decoration:underline\"><span style=\"font-size:14.0pt\">Mercosul-UE: o que a gente ganha com esse acordo?<\/span><\/a><\/span><\/span><\/span><\/p>\r\n\r\n<p style=\"text-align:justify\"><span style=\"font-size:11pt\"><span style=\"line-height:normal\"><span style=\"font-family:&quot;Calibri&quot;,sans-serif\"><a href=\"https:\/\/noticias.portaldaindustria.com.br\/noticias\/internacional\/exportadores-brasileiros-relatam-impactos-do-novo-sistema-argentino-de-importacao\/\" style=\"color:blue; text-decoration:underline\"><span style=\"font-size:14.0pt\">Exportadores brasileiros relatam impactos do novo sistema argentino de importa&ccedil;&atilde;o<\/span><\/a><\/span><\/span><\/span><\/p>\r\n\r\n<p style=\"text-align:justify\"><span style=\"font-size:11pt\"><span style=\"line-height:normal\"><span style=\"font-family:&quot;Calibri&quot;,sans-serif\"><a href=\"https:\/\/www.gov.br\/mdic\/pt-br\/assuntos\/noticias\/2023\/junho\/superavit-comercial-cresce-129-5-em-maio-e-e-o-maior-valor-mensal-da-serie-historia\" style=\"color:blue; text-decoration:underline\"><span style=\"font-size:14.0pt\">Super&aacute;vit comercial cresce 129,5% em maio e &eacute; o maior valor mensal da s&eacute;rie hist&oacute;ria<\/span><\/a><\/span><\/span><\/span><\/p>\r\n\r\n<p style=\"text-align:justify\"><span style=\"font-size:11pt\"><span style=\"line-height:normal\"><span style=\"font-family:&quot;Calibri&quot;,sans-serif\"><a href=\"https:\/\/economia.ig.com.br\/2023-06-05\/acordo-ue-mercosul-prioridade.html\" style=\"color:blue; text-decoration:underline\"><span style=\"font-size:14.0pt\">Comiss&atilde;o Europeia classifica acordo UE-Mercosul como &#39;prioridade&#39;<\/span><\/a><\/span><\/span><\/span><\/p>\r\n\r\n<p style=\"text-align:justify\"><span style=\"font-size:11pt\"><span style=\"line-height:normal\"><span style=\"font-family:&quot;Calibri&quot;,sans-serif\"><a href=\"https:\/\/economia.uol.com.br\/noticias\/estadao-conteudo\/2023\/06\/05\/o-custo-brasil-tira-a-nossa-competitividade-para-exportar-diz-industrial.htm\" style=\"color:blue; text-decoration:underline\"><span style=\"font-size:14.0pt\">Abical&ccedil;ados: &#39;O custo Brasil tira a nossa competitividade para exportar&#39;<\/span><\/a><\/span><\/span><\/span><\/p>\r\n\r\n<p style=\"text-align:justify\"><span style=\"font-size:11pt\"><span style=\"line-height:normal\"><span style=\"font-family:&quot;Calibri&quot;,sans-serif\"><a href=\"http:\/\/comunidadtextil.com\/wpnews\/2023\/05\/la-union-europea-aumenta-su-produccion-textil-a-la-par-que-sube-el-deficit-comercial\/?utm_source=email_marketing&amp;utm_admin=28519&amp;utm_medium=email&amp;utm_campaign=NOTICIAS_de_las_Industrias_Textil_Indumentaria_y_Moda\" style=\"color:blue; text-decoration:underline\"><span style=\"font-size:14.0pt\">La Uni&oacute;n Europea aumenta su producci&oacute;n textil a la par que sube el d&eacute;ficit comercial<\/span><\/a><\/span><\/span><\/span><\/p>\r\n\r\n<p class=\"MsoTitle\" style=\"text-align:justify\"><span style=\"font-size:28pt\"><span style=\"font-family:&quot;Cambria&quot;,serif\"><span style=\"letter-spacing:-0.5pt\"><b><span style=\"font-size:18.0pt\"><span style=\"font-family:&quot;Calibri&quot;,sans-serif\"><span style=\"font-variant:small-caps\">Economia<\/span><\/span><\/span><\/b><\/span><\/span><\/span><\/p>\r\n\r\n<p style=\"text-align:justify\"><span style=\"font-size:11pt\"><span style=\"line-height:normal\"><span style=\"font-family:&quot;Calibri&quot;,sans-serif\"><a href=\"https:\/\/www.bcb.gov.br\/content\/focus\/focus\/R20230512.pdf\" style=\"color:blue; text-decoration:underline\"><span style=\"font-size:14.0pt\">Focus &ndash; Relat&oacute;rio de Mercado<\/span><\/a><\/span><\/span><\/span><\/p>\r\n\r\n<p style=\"text-align:justify\"><span style=\"font-size:11pt\"><span style=\"line-height:normal\"><span style=\"font-family:&quot;Calibri&quot;,sans-serif\"><a href=\"https:\/\/www.bcb.gov.br\/content\/controleinflacao\/focusdistribuicoesfrequencia\/P20230605-Focus-Distribuicoes-de-frequencia.pdf\" style=\"color:blue; text-decoration:underline\"><span style=\"font-size:14.0pt\">Focus - Distribui&ccedil;&otilde;es de Frequ&ecirc;ncia Expectativas de Mercado<\/span><\/a><\/span><\/span><\/span><\/p>\r\n\r\n<p style=\"text-align:justify\"><span style=\"font-size:11pt\"><span style=\"line-height:normal\"><span style=\"font-family:&quot;Calibri&quot;,sans-serif\"><a href=\"http:\/\/clickb.e2b.fgv.br\/Redir?cbac42093079049bf26adb53c3b835b5&amp;049ace8ad00a64e14a08375a6026983b\" style=\"color:blue; text-decoration:underline\"><span style=\"font-size:14.0pt\">PIB cresce, e a press&atilde;o sobre juros deve aumentar<\/span><\/a><\/span><\/span><\/span><\/p>\r\n\r\n<p style=\"text-align:justify\"><span style=\"font-size:11pt\"><span style=\"line-height:normal\"><span style=\"font-family:&quot;Calibri&quot;,sans-serif\"><a href=\"https:\/\/portalibre.fgv.br\/system\/files\/2023-06\/Apresenta%C3%A7%C3%A3o%20-%20S%C3%ADntese%20das%20Sondagens%20-%20Maio2023_0.pdf\" style=\"color:blue; text-decoration:underline\"><span style=\"font-size:14.0pt\">Indicadores de Sentimento: Confian&ccedil;a e Incerteza | S&iacute;ntese dos Resultados de Maio de 2023<\/span><\/a><\/span><\/span><\/span><\/p>\r\n\r\n<p style=\"text-align:justify\"><span style=\"font-size:11pt\"><span style=\"line-height:normal\"><span style=\"font-family:&quot;Calibri&quot;,sans-serif\"><a href=\"https:\/\/www.portaldaindustria.com.br\/cni\/canais\/reforma-tributaria\/?utm_source=comext&amp;utm_medium=email&amp;utm_campaign=rt&amp;utm_content=id00092\" style=\"color:blue; text-decoration:underline\"><span style=\"font-size:14.0pt\">CNI | Reforma Tribut&aacute;ria | &Eacute; bom para voc&ecirc;. &Eacute; bom para o Brasil<\/span><\/a><\/span><\/span><\/span><\/p>\r\n\r\n<p style=\"text-align:justify\"><span style=\"font-size:11pt\"><span style=\"line-height:normal\"><span style=\"font-family:&quot;Calibri&quot;,sans-serif\"><a href=\"https:\/\/noticias.portaldaindustria.com.br\/listas\/9-mitos-e-verdades-sobre-a-reforma-tributaria-parte1\/\" style=\"color:blue; text-decoration:underline\"><span style=\"font-size:14.0pt\">9 mitos e verdades sobre a Reforma Tribut&aacute;ria | Parte.1<\/span><\/a><\/span><\/span><\/span><\/p>\r\n\r\n<p style=\"text-align:justify\"><span style=\"font-size:11pt\"><span style=\"line-height:normal\"><span style=\"font-family:&quot;Calibri&quot;,sans-serif\"><a href=\"https:\/\/noticias.portaldaindustria.com.br\/listas\/9-mitos-e-verdades-sobre-a-reforma-tributaria-parte2\/\" style=\"color:blue; text-decoration:underline\"><span style=\"font-size:14.0pt\">9 mitos e verdades sobre a Reforma Tribut&aacute;ria | Parte.2<\/span><\/a><\/span><\/span><\/span><\/p>\r\n","texto_en":"","7":"","imagem":"COMP_banner-padrao-home-destaques-boletim-2023_20230606194412Atv7IvwMjP.jpeg","8":"COMP_banner-padrao-home-destaques-boletim-2023_20230606194412Atv7IvwMjP.jpeg","arquivo":"20230606-NOTICIAS-SEMANAIS.PDF","9":"20230606-NOTICIAS-SEMANAIS.PDF","titulo_arquivo":"","10":"","titulo_arquivo_en":"","11":"","created_at":"2023-06-06 19:44:20","12":"2023-06-06 19:44:20","updated_at":"2023-06-06 19:44:20","13":"2023-06-06 19:44:20"},{"id":67,"0":67,"ordem":156,"1":156,"data":"2023-05-30","2":"2023-05-30","slug":"boletim-de-noticias-semanais-64","3":"boletim-de-noticias-semanais-64","titulo":"Boletim de Not\u00edcias Semanais","4":"Boletim de Not\u00edcias Semanais","titulo_en":"","5":"","texto":"<p style=\"text-align:justify\"><span style=\"font-size:11pt\"><span style=\"line-height:normal\"><span style=\"font-family:&quot;Calibri&quot;,sans-serif\"><span style=\"font-size:14.0pt\">Esta &eacute; uma compila&ccedil;&atilde;o das not&iacute;cias mais relevantes para o setor, incluindo informa&ccedil;&otilde;es sobre acordos internacionais, economia brasileira, sustentabilidade e mat&eacute;rias primas, al&eacute;m de novidades do setor de N&atilde;otecidos e Tecidos T&eacute;cnicos.<\/span><\/span><\/span><\/span><\/p>\r\n\r\n<p class=\"MsoTitleCxSpMiddle\" style=\"text-align:justify\"><span style=\"font-size:28pt\"><span style=\"font-family:&quot;Cambria&quot;,serif\"><span style=\"letter-spacing:-0.5pt\"><b><span style=\"font-size:18.0pt\"><span style=\"font-family:&quot;Calibri&quot;,sans-serif\"><span style=\"font-variant:small-caps\">Not&iacute;cias das Associadas<\/span><\/span><\/span><\/b><\/span><\/span><\/span><\/p>\r\n\r\n<p style=\"text-align:justify\"><span style=\"font-size:11pt\"><span style=\"line-height:normal\"><span style=\"font-family:&quot;Calibri&quot;,sans-serif\"><a href=\"https:\/\/www.nonwovens-industry.com\/contents\/view_breaking-news\/2023-05-24\/freudenberg-earns-material-health-certification-for-comfortemp-product-series\/\" style=\"color:blue; text-decoration:underline\"><span style=\"font-size:14.0pt\">Freudenberg Earns Material Health Certification for Comfortemp Product Series<\/span><\/a><\/span><\/span><\/span><\/p>\r\n\r\n<p class=\"MsoTitleCxSpMiddle\" style=\"text-align:justify\"><span style=\"font-size:28pt\"><span style=\"font-family:&quot;Cambria&quot;,serif\"><span style=\"letter-spacing:-0.5pt\"><b><span style=\"font-size:18.0pt\"><span style=\"font-family:&quot;Calibri&quot;,sans-serif\"><span style=\"font-variant:small-caps\">A&ccedil;&otilde;es da ABINT<\/span><\/span><\/span><\/b><\/span><\/span><\/span><\/p>\r\n\r\n<p class=\"MsoTitleCxSpMiddle\" style=\"text-align:justify\"><span style=\"font-size:28pt\"><span style=\"font-family:&quot;Cambria&quot;,serif\"><span style=\"letter-spacing:-0.5pt\"><b><span style=\"font-size:18.0pt\"><span style=\"font-family:&quot;Calibri&quot;,sans-serif\"><span style=\"font-variant:small-caps\"><img src=\"https:\/\/www.abint.org.br\/assets\/img\/editor\/premio-tcc-ic-2023-arte-3_202305301627444Zs0sHpDNj.png\" style=\"width: 300px; height: 300px;\" \/><\/span><\/span><\/span><\/b><\/span><\/span><\/span><\/p>\r\n\r\n<p style=\"text-align:justify\"><span style=\"font-size:11pt\"><span style=\"line-height:115%\"><span style=\"font-family:&quot;Calibri&quot;,sans-serif\"><strong><span style=\"font-size:14.0pt\"><span style=\"line-height:115%\"><span style=\"font-family:&quot;Calibri&quot;,sans-serif\">Inscri&ccedil;&otilde;es prorrogadas at&eacute; 31 de maio!<\/span><\/span><\/span><\/strong><\/span><\/span><\/span><\/p>\r\n\r\n<p style=\"text-align:justify\"><span style=\"font-size:11pt\"><span style=\"line-height:115%\"><span style=\"font-family:&quot;Calibri&quot;,sans-serif\"><strong><span style=\"font-size:14.0pt\"><span style=\"line-height:115%\"><span style=\"font-family:&quot;Calibri&quot;,sans-serif\">O <\/span><\/span><\/span><\/strong><b><span style=\"font-size:14.0pt\"><span style=\"line-height:115%\">CTG ABINT e a IGS BRASIL<\/span><\/span><\/b><span style=\"font-size:14.0pt\"><span style=\"line-height:115%\"> convidam aqueles que desenvolveram trabalhos acad&ecirc;micos relacionados aos geossint&eacute;ticos a participarem&nbsp;de mais uma edi&ccedil;&atilde;o do Pr&ecirc;mio TCC\/IC.<\/span><\/span><\/span><\/span><\/span><\/p>\r\n\r\n<p><span style=\"font-size:11pt\"><span style=\"line-height:normal\"><span style=\"font-family:&quot;Calibri&quot;,sans-serif\"><a href=\"https:\/\/abint.us2.list-manage.com\/track\/click?u=88818ac6bf44316570fc1bc2f&amp;id=46b014bcf1&amp;e=626265ad22\" style=\"color:blue; text-decoration:underline\" target=\"_blank\"><span style=\"font-size:14.0pt\"><span style=\"color:blue\">Mais informa&ccedil;&otilde;es e inscri&ccedil;&otilde;es<\/span><\/span><\/a><\/span><\/span><\/span><\/p>\r\n\r\n<p>&nbsp;<\/p>\r\n\r\n<p><span style=\"font-size:11pt\"><span style=\"line-height:normal\"><span style=\"font-family:&quot;Calibri&quot;,sans-serif\"><span style=\"font-size:14.0pt\"><span style=\"color:blue\"><img src=\"https:\/\/www.abint.org.br\/assets\/img\/editor\/itma-2023-abint-english-417x250_20230530162844j2gZACcUTY.jpg\" \/><\/span><\/span><\/span><\/span><\/span><\/p>\r\n\r\n<p style=\"text-align:justify\"><span style=\"font-size:11pt\"><span style=\"line-height:normal\"><span style=\"font-family:&quot;Calibri&quot;,sans-serif\"><b><span style=\"font-size:14.0pt\">A ABINT apoia a ITMA 2023<\/span><\/b><\/span><\/span><\/span><\/p>\r\n\r\n<p><span style=\"font-size:14.0pt\"><span style=\"line-height:115%\"><span style=\"font-family:&quot;Calibri&quot;,sans-serif\">A 19&ordf; edi&ccedil;&atilde;o da maior exposi&ccedil;&atilde;o internacional de tecnologia t&ecirc;xtil e de vestu&aacute;rio do mundo acontecer&aacute; em Mil&atilde;o, It&aacute;lia, de 08 a 14 de junho de 2023. <\/span><\/span><\/span><span style=\"font-size:11.0pt\"><span style=\"line-height:115%\"><span style=\"font-family:&quot;Calibri&quot;,sans-serif\"><a href=\"https:\/\/itma.com\/\" style=\"color:blue; text-decoration:underline\"><span style=\"font-size:14.0pt\"><span style=\"line-height:115%\">Informa&ccedil;&otilde;es<\/span><\/span><\/a><\/span><\/span><\/span><\/p>\r\n\r\n<p>&nbsp;<\/p>\r\n\r\n<p><span style=\"font-size:11.0pt\"><span style=\"line-height:115%\"><span style=\"font-family:&quot;Calibri&quot;,sans-serif\"><span style=\"font-size:14.0pt\"><span style=\"line-height:115%\"><img src=\"https:\/\/www.abint.org.br\/assets\/img\/editor\/ctg-patrocinador-regeo-2023_20230530162922afPpSgdtPL.jpeg\" style=\"width: 300px; height: 300px;\" \/><\/span><\/span><\/span><\/span><\/span><\/p>\r\n\r\n<p style=\"text-align:justify\"><span style=\"font-size:11pt\"><span style=\"line-height:normal\"><span style=\"font-family:&quot;Calibri&quot;,sans-serif\"><b><span style=\"font-size:14.0pt\"><span style=\"font-variant:small-caps\">O CTG ABINT <\/span><\/span><\/b><b><span style=\"font-size:14.0pt\">marcar&aacute; presen&ccedil;a<\/span><\/b><span style=\"font-size:14.0pt\"> nos eventos <b>X Congresso Brasileiro de Geotecnia Ambiental &amp; IX Congresso Brasileiro de Geossint&eacute;ticos - REGEO&rsquo;23 &amp; Geossint&eacute;ticos&rsquo;23<\/b>, que ocorrer&atilde;o de 18 a 21 de julho de 2023, Centro Universit&aacute;rio Jorge Amado &ndash; UNIJORGE, Salvador, BA.<\/span><\/span><\/span><\/span><\/p>\r\n\r\n<p><span style=\"font-size:11.0pt\"><span style=\"line-height:115%\"><span style=\"font-family:&quot;Calibri&quot;,sans-serif\"><a href=\"https:\/\/regeogeossinteticos23.com.br\/\" style=\"color:blue; text-decoration:underline\"><span style=\"font-size:14.0pt\"><span style=\"line-height:115%\">Mais informa&ccedil;&otilde;es e inscri&ccedil;&otilde;es<\/span><\/span><\/a><\/span><\/span><\/span><\/p>\r\n\r\n<p>&nbsp;<\/p>\r\n\r\n<p><span style=\"font-size:11.0pt\"><span style=\"line-height:115%\"><span style=\"font-family:&quot;Calibri&quot;,sans-serif\"><span style=\"font-size:14.0pt\"><span style=\"line-height:115%\"><img src=\"https:\/\/www.abint.org.br\/assets\/img\/editor\/minicurso-fernando-regeo-2023_20230530162959KkDRO0n48G.jpeg\" style=\"width: 300px; height: 300px;\" \/><\/span><\/span><\/span><\/span><\/span><\/p>\r\n\r\n<p style=\"text-align:justify\"><span style=\"font-size:11pt\"><span style=\"line-height:normal\"><span style=\"font-family:&quot;Calibri&quot;,sans-serif\"><b><span style=\"font-size:14.0pt\">O Prof. Dr. Fernando Lavoie, Coordenador do CTG ABINT, ministrar&aacute; Minicurso durante o Regeo&rsquo;23 &amp; Geossint&eacute;ticos&rsquo;23.<\/span><\/b><\/span><\/span><\/span><\/p>\r\n\r\n<p><span style=\"font-size:11.0pt\"><span style=\"line-height:115%\"><span style=\"font-family:&quot;Calibri&quot;,sans-serif\"><a href=\"https:\/\/regeogeossinteticos23.com.br\/inscricoes\/\" style=\"color:blue; text-decoration:underline\"><span style=\"font-size:14.0pt\"><span style=\"line-height:115%\">Inscreva-se!<\/span><\/span><\/a><\/span><\/span><\/span><\/p>\r\n\r\n<p style=\"text-align:justify\">&nbsp;<\/p>\r\n\r\n<p style=\"text-align:justify\"><span style=\"font-size:11pt\"><span style=\"line-height:normal\"><span style=\"font-family:&quot;Calibri&quot;,sans-serif\"><b><span style=\"font-size:18.0pt\"><span style=\"font-variant:small-caps\">Eventos<\/span><\/span><\/b><\/span><\/span><\/span><\/p>\r\n\r\n<p style=\"text-align:justify\"><span style=\"font-size:11pt\"><span style=\"line-height:normal\"><span style=\"font-family:&quot;Calibri&quot;,sans-serif\"><b><span style=\"font-size:14.0pt\">XVI Semin&aacute;rio Reciclagem e Valoriza&ccedil;&atilde;o de Res&iacute;duos S&oacute;lidos<\/span><\/b><span style=\"font-size:14.0pt\">, 31 de maio de 2023, Instituto de Engenharia - Av. Dr. Dante Pazzanese, 120 - Vila Mariana, S&atilde;o Paulo. <\/span><a href=\"https:\/\/www.reciclagemevalorizacao.com.br\/\" style=\"color:blue; text-decoration:underline\"><span style=\"font-size:14.0pt\">Informa&ccedil;&otilde;es<\/span><\/a> <\/span><\/span><\/span><\/p>\r\n\r\n<p style=\"text-align:justify\"><span style=\"font-size:11pt\"><span style=\"line-height:normal\"><span style=\"font-family:&quot;Calibri&quot;,sans-serif\"><b><span style=\"font-size:14.0pt\">FGV IBRE | Progressividade tribut&aacute;ria e crescimento econ&ocirc;mico<\/span><\/b><span style=\"font-size:14.0pt\">, 13 de junho de 2023, evento presencial, SGAN &ndash; Setor de Grandes &Aacute;reas Norte Quadra 602, M&oacute;dulos A, B, e C, Asa Norte, Bras&iacute;lia. <a href=\"http:\/\/clickb.e2b.fgv.br\/Redir?43bccd68e92c6e729d8185202bcaa37d&amp;c7923cc802134327b2317fe4541d5bdd\" style=\"color:blue; text-decoration:underline\">Informa&ccedil;&otilde;es<\/a> <\/span><\/span><\/span><\/span><\/p>\r\n\r\n<p style=\"text-align:justify\"><span style=\"font-size:11pt\"><span style=\"line-height:normal\"><span style=\"font-family:&quot;Calibri&quot;,sans-serif\"><b><span style=\"font-size:14.0pt\">FGV IBRE | II Semin&aacute;rio de An&aacute;lise Conjuntural<\/span><\/b><span style=\"font-size:14.0pt\">, 15 de junho de 2023, 10h00 &agrave;s 11h30, transmiss&atilde;o via YouTube. <\/span><a href=\"https:\/\/evento.fgv.br\/analise-conjuntural_1506\/\" style=\"color:blue; text-decoration:underline\"><span style=\"font-size:14.0pt\">Informa&ccedil;&otilde;es<\/span><\/a> <\/span><\/span><\/span><\/p>\r\n\r\n<p style=\"text-align:justify\"><span style=\"font-size:11pt\"><span style=\"line-height:normal\"><span style=\"font-family:&quot;Calibri&quot;,sans-serif\"><b><span style=\"font-size:14.0pt\">Webinar Tech Day: Grafeno, Ensaios em Pl&aacute;sticos e Economia Circular,<\/span><\/b><span style=\"font-size:14.0pt\"> 21 de junho de 2023. <a href=\"https:\/\/www.webcastlive.com.br\/aspen\/\" style=\"color:blue; text-decoration:underline\">Informa&ccedil;&otilde;es<\/a> <\/span><\/span><\/span><\/span><\/p>\r\n\r\n<p style=\"text-align:justify\"><span style=\"font-size:11pt\"><span style=\"line-height:normal\"><span style=\"font-family:&quot;Calibri&quot;,sans-serif\"><b><span style=\"font-size:14.0pt\">The 92nd Textile Institute World Conference: &ldquo;Sustainability of the Textile and Fashion Supply Chain &ndash; Transitioning to Zero Carbon and Zero Waste&rdquo;, <\/span><\/b><span style=\"font-size:14.0pt\">3-6 July 2023, University of Huddersfield, UK. <\/span><a href=\"https:\/\/www.textileinstitute.org\/events\/tiwc\/\" style=\"color:blue; text-decoration:underline\"><span style=\"font-size:14.0pt\">Informa&ccedil;&otilde;es<\/span><\/a> <\/span><\/span><\/span><\/p>\r\n\r\n<p style=\"text-align:justify\"><span style=\"font-size:11pt\"><span style=\"line-height:normal\"><span style=\"font-family:&quot;Calibri&quot;,sans-serif\"><b><span style=\"font-size:14.0pt\">FIMMA BRASIL - Feira Internacional de Fornecedores da Cadeia Produtiva Madeira e M&oacute;veis<\/span><\/b><span style=\"font-size:14.0pt\">, 28 a 31 de agosto de 2023, das 10h &agrave;s 19h, Bento Gon&ccedil;alves, RS. <\/span><a href=\"https:\/\/fimma.com.br\/\" style=\"color:blue; text-decoration:underline\"><span style=\"font-size:14.0pt\">Informa&ccedil;&otilde;es<\/span><\/a> <\/span><\/span><\/span><\/p>\r\n\r\n<p style=\"text-align:justify\"><span style=\"font-size:11pt\"><span style=\"line-height:normal\"><span style=\"font-family:&quot;Calibri&quot;,sans-serif\"><b><span style=\"font-size:14.0pt\">10&ordm; Congresso Internacional da Inova&ccedil;&atilde;o da Ind&uacute;stria<\/span><\/b><span style=\"font-size:14.0pt\">, 27 e 28 de setembro de 2023, S&atilde;o Paulo Expo.<\/span> <a href=\"https:\/\/www.congressodeinovacao.com.br\/?utm_source=comext&amp;utm_medium=email&amp;utm_campaign=eventos&amp;utm_content=id00053#msdynttrid=gg5jXwSFR7qM4vHH2tKGau3cTwSFDneTjMUhrcPg7vE\" style=\"color:blue; text-decoration:underline\"><span style=\"font-size:14.0pt\">Informa&ccedil;&otilde;es<\/span><\/a> <\/span><\/span><\/span><\/p>\r\n\r\n<p style=\"text-align:justify\"><span style=\"font-size:11pt\"><span style=\"line-height:normal\"><span style=\"font-family:&quot;Calibri&quot;,sans-serif\"><b><span style=\"font-size:14.0pt\">FiltXPO&trade; 2023<\/span><\/b><span class=\"MsoHyperlink\" style=\"color:blue\"><span style=\"text-decoration:underline\"><span style=\"font-size:14.0pt\"><span style=\"text-decoration:none\"><span style=\"text-underline:none\">, <\/span><\/span><\/span><\/span><\/span><span style=\"font-size:14.0pt\">October 10-12, 2023 at Navy Pier in Chicago, Illinois<\/span><span class=\"MsoHyperlink\" style=\"color:blue\"><span style=\"text-decoration:underline\"><span style=\"font-size:14.0pt\"><span style=\"text-decoration:none\"><span style=\"text-underline:none\">. <\/span><\/span><\/span><\/span><\/span><a href=\"https:\/\/www.filtxpo.com\/\" style=\"color:blue; text-decoration:underline\"><span style=\"font-size:14.0pt\">Informa&ccedil;&otilde;es<\/span><\/a> <\/span><\/span><\/span><\/p>\r\n\r\n<p style=\"text-align:justify\"><span style=\"font-size:11pt\"><span style=\"line-height:normal\"><span style=\"font-family:&quot;Calibri&quot;,sans-serif\"><b><span style=\"font-size:14.0pt\">SENAI-CETIQT | P&oacute;s-gradua&ccedil;&atilde;o &ldquo;P&oacute;s-gradua&ccedil;&atilde;o em Economia Circular e Produ&ccedil;&atilde;o Sustent&aacute;vel&rdquo;. <\/span><\/b><a href=\"https:\/\/materiais.senaicetiqt.com\/pos-graduacao-economia-circular-e-producao-sustentavel?utm_campaign=senai_cetiqt___oferta_do_curso_economia_circular&amp;utm_medium=email&amp;utm_source=RD+Station\" style=\"color:blue; text-decoration:underline\"><span style=\"font-size:14.0pt\">Informa&ccedil;&otilde;es<\/span><\/a> <\/span><\/span><\/span><\/p>\r\n\r\n<p style=\"text-align:justify\"><span style=\"font-size:11pt\"><span style=\"line-height:normal\"><span style=\"font-family:&quot;Calibri&quot;,sans-serif\"><b><span style=\"font-size:14.0pt\">SENAI-CETIQT | P&oacute;s-gradua&ccedil;&atilde;o &ldquo;Produtos de Alta Performance &agrave; Base de Materiais Comp&oacute;sitos&rdquo;<\/span><\/b><span style=\"font-size:14.0pt\">. <\/span><a href=\"https:\/\/materiais.senaicetiqt.com\/pos-graduacao-produtos-de-alta-performance-a-base-de-materiais-compositos?utm_campaign=senai_cetiqt___oferta_do_curso_materiais_compositos&amp;utm_medium=email&amp;utm_source=RD+Station\" style=\"color:blue; text-decoration:underline\"><span style=\"font-size:14.0pt\">Informa&ccedil;&otilde;es<\/span><\/a> <\/span><\/span><\/span><\/p>\r\n\r\n<p class=\"MsoTitle\" style=\"text-align:justify\"><span style=\"font-size:28pt\"><span style=\"font-family:&quot;Cambria&quot;,serif\"><span style=\"letter-spacing:-0.5pt\"><b><span style=\"font-size:18.0pt\"><span style=\"font-family:&quot;Calibri&quot;,sans-serif\"><span style=\"font-variant:small-caps\">Setor<\/span><\/span><\/span><\/b><\/span><\/span><\/span><\/p>\r\n\r\n<p style=\"text-align:justify\"><span style=\"font-size:11pt\"><span style=\"line-height:normal\"><span style=\"font-family:&quot;Calibri&quot;,sans-serif\"><span class=\"MsoHyperlink\" style=\"color:blue\"><span style=\"text-decoration:underline\"><span style=\"font-size:14.0pt\"><span style=\"text-decoration:none\"><span style=\"text-underline:none\"><a href=\"https:\/\/www.innovationintextiles.com\/nonwovens\/steady-growth-for-north-americas-nonwovens-industry\/\" style=\"color:blue; text-decoration:underline\">Steady growth for North America&rsquo;s nonwovens industry<\/a><\/span><\/span><\/span><\/span><\/span><\/span><\/span><\/span><\/p>\r\n\r\n<p style=\"text-align:justify\"><span style=\"font-size:11pt\"><span style=\"line-height:normal\"><span style=\"font-family:&quot;Calibri&quot;,sans-serif\"><a href=\"https:\/\/www.nonwovens-industry.com\/contents\/view_online-exclusives\/2023-05-16\/chinas-nonwovens-production-remains-stable-in-2022?utm_campaign=NON+eNewsletter&amp;utm_medium=email&amp;_hsmi=258915063&amp;_hsenc=p2ANqtz--1-lCvmXh1Si1H7ZQx1qQsiVtxhbGJSsh3pUdaziRLS8tRj0Te6g8o5PTncFdBdwFrEKZ12DK4ANA-Jif0dY5QQcE0uQ&amp;utm_content=258915063&amp;utm_source=hs_email\" style=\"color:blue; text-decoration:underline\"><span style=\"font-size:14.0pt\">China&#39;s Nonwovens Production Remains Stable in 2022<\/span><\/a><\/span><\/span><\/span><\/p>\r\n\r\n<p style=\"text-align:justify\"><span style=\"font-size:11pt\"><span style=\"line-height:normal\"><span style=\"font-family:&quot;Calibri&quot;,sans-serif\"><a href=\"https:\/\/www.agazeta.com.br\/hub-imobi\/decoracao\/quais-as-vantagens-de-utilizar-revestimentos-sinteticos-nos-estofados-0523\" style=\"color:blue; text-decoration:underline\"><span style=\"font-size:14.0pt\">Quais as vantagens de utilizar revestimentos sint&eacute;ticos nos estofados?<\/span><\/a><\/span><\/span><\/span><\/p>\r\n\r\n<p style=\"text-align:justify\"><span style=\"font-size:11pt\"><span style=\"line-height:normal\"><span style=\"font-family:&quot;Calibri&quot;,sans-serif\"><span class=\"MsoHyperlink\" style=\"color:blue\"><span style=\"text-decoration:underline\"><span style=\"font-size:14.0pt\"><span style=\"text-decoration:none\"><span style=\"text-underline:none\"><a href=\"https:\/\/plasticosemrevista.com.br\/pead-na-china-sintetiza-anemia-global-na-petroquimica\/\" style=\"color:blue; text-decoration:underline\">PEAD na China sintetiza anemia global na petroqu&iacute;mica<\/a><\/span><\/span><\/span><\/span><\/span><\/span><\/span><\/span><\/p>\r\n\r\n<p style=\"text-align:justify\"><span style=\"font-size:11pt\"><span style=\"line-height:normal\"><span style=\"font-family:&quot;Calibri&quot;,sans-serif\"><span style=\"font-size:14.0pt\"><a href=\"https:\/\/www.technicaltextile.net\/news\/andritz-converting-line-for-baby-diapers-begins-operation-in-france-287692.html\" style=\"color:blue; text-decoration:underline\">Andritz converting line for baby diapers begins operation in France<\/a><\/span><\/span><\/span><\/span><\/p>\r\n\r\n<p class=\"MsoTitle\" style=\"text-align:justify\"><span style=\"font-size:28pt\"><span style=\"font-family:&quot;Cambria&quot;,serif\"><span style=\"letter-spacing:-0.5pt\"><b><span style=\"font-size:18.0pt\"><span style=\"font-family:&quot;Calibri&quot;,sans-serif\"><span style=\"font-variant:small-caps\">Ind&uacute;stria<\/span><\/span><\/span><\/b><\/span><\/span><\/span><\/p>\r\n\r\n<p style=\"text-align:justify\"><span style=\"font-size:11pt\"><span style=\"line-height:normal\"><span style=\"font-family:&quot;Calibri&quot;,sans-serif\"><span class=\"MsoHyperlink\" style=\"color:blue\"><span style=\"text-decoration:underline\"><span style=\"font-size:14.0pt\"><span style=\"text-decoration:none\"><span style=\"text-underline:none\"><a href=\"https:\/\/ibre.fgv.br\/blog-da-conjuntura-economica\/artigos\/neoindustrializacao-e-o-governo-um-anuncio-diferentes-leituras\" style=\"color:blue; text-decoration:underline\">Neoindustrializa&ccedil;&atilde;o e o governo: um an&uacute;ncio, diferentes leituras<\/a><\/span><\/span><\/span><\/span><\/span><\/span><\/span><\/span><\/p>\r\n\r\n<p style=\"text-align:justify\"><span style=\"font-size:11pt\"><span style=\"line-height:normal\"><span style=\"font-family:&quot;Calibri&quot;,sans-serif\"><span class=\"MsoHyperlink\" style=\"color:blue\"><span style=\"text-decoration:underline\"><span style=\"font-size:14.0pt\"><span style=\"text-decoration:none\"><span style=\"text-underline:none\"><a href=\"https:\/\/noticias.portaldaindustria.com.br\/noticias\/economia\/custo-da-industria-subiu-107-em-2022-em-relacao-a-2021\/\" style=\"color:blue; text-decoration:underline\">Custo da ind&uacute;stria subiu 10,7% em 2022 em rela&ccedil;&atilde;o a 2021<\/a><\/span><\/span><\/span><\/span><\/span><\/span><\/span><\/span><\/p>\r\n\r\n<p style=\"text-align:justify\"><span style=\"font-size:11pt\"><span style=\"line-height:normal\"><span style=\"font-family:&quot;Calibri&quot;,sans-serif\"><span class=\"MsoHyperlink\" style=\"color:blue\"><span style=\"text-decoration:underline\"><span style=\"font-size:14.0pt\"><a href=\"https:\/\/agenciadenoticias.bndes.gov.br\/detalhe\/noticia\/Em-evento-na-FIESP-Mercadante-anuncia-medidas-do-BNDES-para-fortalecer-a-industria-brasileira\/\" style=\"color:blue; text-decoration:underline\">Em evento na FIESP, Mercadante anuncia medidas do BNDES para fortalecer a ind&uacute;stria brasileira<\/a><\/span><\/span><\/span><\/span><\/span><\/span><\/p>\r\n\r\n<p style=\"text-align:justify\"><span style=\"font-size:11pt\"><span style=\"line-height:normal\"><span style=\"font-family:&quot;Calibri&quot;,sans-serif\"><span class=\"MsoHyperlink\" style=\"color:blue\"><span style=\"text-decoration:underline\"><span style=\"font-size:14.0pt\"><span style=\"text-decoration:none\"><span style=\"text-underline:none\"><a href=\"https:\/\/epbr.com.br\/fusao-nuclear-baterias-e-quimica-verde-entram-em-eixos-prioritarios-de-reindustrializacao\/?utm_source=newsletters+epbr&amp;utm_campaign=87bda433ac-epbr-comece-seu-dia_COPY_01&amp;utm_medium=email&amp;utm_term=0_5931171aac-87bda433ac-466362780\" style=\"color:blue; text-decoration:underline\">Fus&atilde;o nuclear, baterias e qu&iacute;mica verde entram em eixos priorit&aacute;rios de reindustrializa&ccedil;&atilde;o<\/a><\/span><\/span><\/span><\/span><\/span><\/span><\/span><\/span><\/p>\r\n\r\n<p style=\"text-align:justify\"><span style=\"font-size:11pt\"><span style=\"line-height:normal\"><span style=\"font-family:&quot;Calibri&quot;,sans-serif\"><a href=\"https:\/\/expansao.co\/abicalcados-participa-de-votacao-que-prorroga-a-desoneracao-para-17-setores-da-economia\/\" style=\"color:blue; text-decoration:underline\"><span style=\"font-size:14.0pt\">Abical&ccedil;ados participa de vota&ccedil;&atilde;o que prorroga a desonera&ccedil;&atilde;o para 17 setores da economia<\/span><\/a><\/span><\/span><\/span><\/p>\r\n\r\n<p style=\"text-align:justify\"><span style=\"font-size:11pt\"><span style=\"line-height:normal\"><span style=\"font-family:&quot;Calibri&quot;,sans-serif\"><a href=\"https:\/\/sampi.net.br\/franca\/noticias\/2762278\/franca-e-regiao\/2023\/05\/abicalcados-preve-aumento-de-3-no-consumo-de-calcados-no-pais-em-2023\" style=\"color:blue; text-decoration:underline\"><span style=\"font-size:14.0pt\">Abical&ccedil;ados prev&ecirc; aumento de 3% no consumo de cal&ccedil;ados no pa&iacute;s em 2023<\/span><\/a><\/span><\/span><\/span><\/p>\r\n\r\n<p style=\"text-align:justify\"><span style=\"font-size:11pt\"><span style=\"line-height:normal\"><span style=\"font-family:&quot;Calibri&quot;,sans-serif\"><u><span style=\"font-size:14.0pt\"><a href=\"https:\/\/phys.org\/news\/2023-05-highlights-carpet-industry-microplastic-guidance.html?utm_source=nwletter&amp;utm_medium=email&amp;utm_campaign=daily-nwletter\" style=\"color:blue; text-decoration:underline\">New report highlights need for carpet industry to roll out microplastic guidance<\/a><\/span><\/u><\/span><\/span><\/span><\/p>\r\n\r\n<p style=\"text-align:justify\"><span style=\"font-size:11pt\"><span style=\"line-height:normal\"><span style=\"font-family:&quot;Calibri&quot;,sans-serif\"><u><span style=\"font-size:14.0pt\"><a href=\"https:\/\/ibre.fgv.br\/blog-da-conjuntura-economica\/artigos\/confianca-da-construcao-registra-piora-espera-de-definicoes-de\" style=\"color:blue; text-decoration:underline\">Confian&ccedil;a da constru&ccedil;&atilde;o registra piora, &agrave; espera de defini&ccedil;&otilde;es de pol&iacute;tica e mercado de cr&eacute;dito mais restritivo<\/a><\/span><\/u><\/span><\/span><\/span><\/p>\r\n\r\n<p style=\"text-align:justify\"><span style=\"font-size:11pt\"><span style=\"line-height:normal\"><span style=\"font-family:&quot;Calibri&quot;,sans-serif\"><u><span style=\"font-size:14.0pt\"><a href=\"https:\/\/podcasters.spotify.com\/pod\/show\/anahp\/episodes\/Reforma-Tributria-e-as-reivindicaes-da-sade-e1s4o4u\/a-a9sq312\" style=\"color:blue; text-decoration:underline\">Podcast Anahp | Reforma Tribut&aacute;ria e seus impactos na Sa&uacute;de<\/a><\/span><\/u><\/span><\/span><\/span><\/p>\r\n\r\n<p class=\"MsoTitle\" style=\"text-align:justify\"><span style=\"font-size:28pt\"><span style=\"font-family:&quot;Cambria&quot;,serif\"><span style=\"letter-spacing:-0.5pt\"><b><span style=\"font-size:18.0pt\"><span style=\"font-family:&quot;Calibri&quot;,sans-serif\"><span style=\"font-variant:small-caps\">Sustentabilidade<\/span><\/span><\/span><\/b><\/span><\/span><\/span><\/p>\r\n\r\n<p style=\"text-align:justify\"><span style=\"font-size:11pt\"><span style=\"line-height:normal\"><span style=\"font-family:&quot;Calibri&quot;,sans-serif\"><a href=\"https:\/\/www.terra.com.br\/byte\/concreto-feito-com-fraldas-usadas-e-testado-na-indonesia,8929b164c194483602d24143385cc78804fyx5mn.html\" style=\"color:blue; text-decoration:underline\"><span style=\"font-size:14.0pt\">Reciclagem: concreto feito com fraldas usadas &eacute; testado na Indon&eacute;sia<\/span><\/a><\/span><\/span><\/span><\/p>\r\n\r\n<p style=\"text-align:justify\"><span style=\"font-size:11pt\"><span style=\"line-height:normal\"><span style=\"font-family:&quot;Calibri&quot;,sans-serif\"><span class=\"MsoHyperlink\" style=\"color:blue\"><span style=\"text-decoration:underline\"><span style=\"font-size:14.0pt\"><span style=\"text-decoration:none\"><span style=\"text-underline:none\"><a href=\"https:\/\/www.plastico.com.br\/economia-circular-metas-fazem-reciclagem-avancar\/?utm_campaign=newsletter_plastico_-_maio_2023&amp;utm_medium=email&amp;utm_source=RD+Station\" style=\"color:blue; text-decoration:underline\">Economia circular: Metas fazem reciclagem avan&ccedil;ar<\/a><\/span><\/span><\/span><\/span><\/span><\/span><\/span><\/span><\/p>\r\n\r\n<p style=\"text-align:justify\"><span style=\"font-size:11pt\"><span style=\"line-height:normal\"><span style=\"font-family:&quot;Calibri&quot;,sans-serif\"><span class=\"MsoHyperlink\" style=\"color:blue\"><span style=\"text-decoration:underline\"><span style=\"font-size:14.0pt\"><span style=\"text-decoration:none\"><span style=\"text-underline:none\"><a href=\"https:\/\/epbr.com.br\/g7-pede-compromissos-net-zero-ate-2050-enquanto-flexibiliza-politicas-fosseis\/?utm_source=newsletters+epbr&amp;utm_campaign=87bda433ac-epbr-comece-seu-dia_COPY_01&amp;utm_medium=email&amp;utm_term=0_5931171aac-87bda433ac-466362780\" style=\"color:blue; text-decoration:underline\">G7 pede compromissos net zero at&eacute; 2050 enquanto flexibiliza pol&iacute;ticas f&oacute;sseis<\/a><\/span><\/span><\/span><\/span><\/span><\/span><\/span><\/span><\/p>\r\n\r\n<p style=\"text-align:justify\"><span style=\"font-size:11pt\"><span style=\"line-height:normal\"><span style=\"font-family:&quot;Calibri&quot;,sans-serif\"><a href=\"https:\/\/oglobo.globo.com\/um-so-planeta\/noticia\/2023\/05\/abusamos-do-plastico-porque-e-muito-barato-alerta-diretora-da-onu-para-o-meio-ambiente.ghtml\" style=\"color:blue; text-decoration:underline\"><span style=\"font-size:14.0pt\">&#39;Abusamos do pl&aacute;stico porque &eacute; muito barato&#39;, alerta diretora da ONU para o Meio Ambiente<\/span><\/a><\/span><\/span><\/span><\/p>\r\n\r\n<p style=\"text-align:justify\"><span style=\"font-size:11pt\"><span style=\"line-height:normal\"><span style=\"font-family:&quot;Calibri&quot;,sans-serif\"><span class=\"MsoHyperlink\" style=\"color:blue\"><span style=\"text-decoration:underline\"><span style=\"font-size:14.0pt\"><span style=\"text-decoration:none\"><span style=\"text-underline:none\"><a href=\"https:\/\/apexbrasil.com.br\/br\/pt\/conteudo\/noticias\/nova-agenda-para-a-apexbrasil.html#msdynttrid=ACLDCxq4szOmiMp1Y_kyGpqVF9Uq_JoIY7p9EZ2xA9Y\" style=\"color:blue; text-decoration:underline\">ESG: Nova agenda para a ApexBrasil<\/a><\/span><\/span><\/span><\/span><\/span><\/span><\/span><\/span><\/p>\r\n\r\n<p style=\"text-align:justify\"><span style=\"font-size:11pt\"><span style=\"line-height:normal\"><span style=\"font-family:&quot;Calibri&quot;,sans-serif\"><a href=\"https:\/\/www.youtube.com\/live\/7kXitjDjy8k?feature=share\" style=\"color:blue; text-decoration:underline\"><span style=\"font-size:14.0pt\">Como andam os projetos de captura de carbono no Brasil?<\/span><\/a><\/span><\/span><\/span><\/p>\r\n\r\n<p style=\"text-align:justify\"><span style=\"font-size:11pt\"><span style=\"line-height:normal\"><span style=\"font-family:&quot;Calibri&quot;,sans-serif\"><a href=\"https:\/\/epbr.com.br\/como-as-empresas-brasileiras-estao-migrando-para-a-economia-verde\/?utm_source=newsletters+epbr&amp;utm_campaign=117b813ca7-epbr-comece-seu-dia_COPY_01&amp;utm_medium=email&amp;utm_term=0_5931171aac-117b813ca7-466362780\" style=\"color:blue; text-decoration:underline\"><span style=\"font-size:14.0pt\">Como as empresas brasileiras est&atilde;o migrando para a economia verde<\/span><\/a><\/span><\/span><\/span><\/p>\r\n\r\n<p style=\"text-align:justify\"><span style=\"font-size:11pt\"><span style=\"line-height:normal\"><span style=\"font-family:&quot;Calibri&quot;,sans-serif\"><a href=\"https:\/\/www.gov.br\/ana\/pt-br\/assuntos\/noticias-e-eventos\/noticias\/ana-discute-saneamento-basico-no-32o-congresso-da-associacao-brasileira-de-engenharia-sanitaria-e-ambiental\" style=\"color:blue; text-decoration:underline\"><span style=\"font-size:14.0pt\">ANA discute saneamento b&aacute;sico no 32&ordm; Congresso da Associa&ccedil;&atilde;o Brasileira de Engenharia Sanit&aacute;ria e Ambiental<\/span><\/a><\/span><\/span><\/span><\/p>\r\n\r\n<p style=\"text-align:justify\"><span style=\"font-size:11pt\"><span style=\"line-height:normal\"><span style=\"font-family:&quot;Calibri&quot;,sans-serif\"><a href=\"http:\/\/www.folhadoabc.com.br\/index.php\/secoes\/negocios\/item\/26553-no-dia-da-industria-braskem-apresenta-a-primeira-planta-de-reciclagem-mecanica-do-brasil\" style=\"color:blue; text-decoration:underline\"><span style=\"font-size:14.0pt\">Braskem apresenta a primeira Planta de Reciclagem Mec&acirc;nica do Brasil<\/span><\/a><\/span><\/span><\/span><\/p>\r\n\r\n<p class=\"MsoTitle\" style=\"text-align:justify\"><span style=\"font-size:28pt\"><span style=\"font-family:&quot;Cambria&quot;,serif\"><span style=\"letter-spacing:-0.5pt\"><b><span style=\"font-size:18.0pt\"><span style=\"font-family:&quot;Calibri&quot;,sans-serif\"><span style=\"font-variant:small-caps\">Inova&ccedil;&atilde;o<\/span><\/span><\/span><\/b><\/span><\/span><\/span><\/p>\r\n\r\n<p style=\"text-align:justify\"><span style=\"font-size:11pt\"><span style=\"line-height:normal\"><span style=\"font-family:&quot;Calibri&quot;,sans-serif\"><span class=\"MsoHyperlink\" style=\"color:blue\"><span style=\"text-decoration:underline\"><span style=\"font-size:14.0pt\"><span style=\"text-decoration:none\"><span style=\"text-underline:none\"><a href=\"https:\/\/www.quimica.com.br\/meio-ambiente-nanofiltracao-garante-remocao-de-contaminantes\/?utm_campaign=newsletter_quimica_-_maio_2023&amp;utm_medium=email&amp;utm_source=RD+Station\" style=\"color:blue; text-decoration:underline\">Meio Ambiente: Nanofiltra&ccedil;&atilde;o garante remo&ccedil;&atilde;o de contaminantes<\/a><\/span><\/span><\/span><\/span><\/span><\/span><\/span><\/span><\/p>\r\n\r\n<p style=\"text-align:justify\"><span style=\"font-size:11pt\"><span style=\"line-height:normal\"><span style=\"font-family:&quot;Calibri&quot;,sans-serif\"><span class=\"MsoHyperlink\" style=\"color:blue\"><span style=\"text-decoration:underline\"><span style=\"font-size:14.0pt\"><span style=\"text-decoration:none\"><span style=\"text-underline:none\"><a href=\"https:\/\/techxplore.com\/news\/2023-05-mechanical-properties-aged-bamboo-fiber-reinforced.html?utm_source=nwletter&amp;utm_medium=email&amp;utm_campaign=daily-nwletter\" style=\"color:blue; text-decoration:underline\">Mechanical properties of aged bamboo fiber-reinforced composites under quasi-static loading<\/a><\/span><\/span><\/span><\/span><\/span><\/span><\/span><\/span><\/p>\r\n\r\n<p style=\"text-align:justify\"><span style=\"font-size:11pt\"><span style=\"line-height:normal\"><span style=\"font-family:&quot;Calibri&quot;,sans-serif\"><a href=\"https:\/\/techxplore.com\/news\/2023-05-technique-soft-functional-fibers-smart.html?utm_source=nwletter&amp;utm_medium=email&amp;utm_campaign=daily-nwletter\" style=\"color:blue; text-decoration:underline\"><span style=\"font-size:14.0pt\">A technique to spin soft functional fibers for smart textiles and wearable devices<\/span><\/a><\/span><\/span><\/span><\/p>\r\n\r\n<p class=\"MsoTitleCxSpFirst\" style=\"text-align:justify\"><span style=\"font-size:28pt\"><span style=\"font-family:&quot;Cambria&quot;,serif\"><span style=\"letter-spacing:-0.5pt\"><b><span style=\"font-size:18.0pt\"><span style=\"font-family:&quot;Calibri&quot;,sans-serif\"><span style=\"font-variant:small-caps\">Com&eacute;rcio Exterior<\/span><\/span><\/span><\/b><\/span><\/span><\/span><\/p>\r\n\r\n<p style=\"text-align:justify\"><span style=\"font-size:11pt\"><span style=\"line-height:normal\"><span style=\"font-family:&quot;Calibri&quot;,sans-serif\"><span class=\"MsoHyperlink\" style=\"color:blue\"><span style=\"text-decoration:underline\"><span style=\"font-size:14.0pt\"><a href=\"https:\/\/ibre.fgv.br\/blog-da-conjuntura-economica\/artigos\/cupula-de-presidentes-da-america-do-sul-acontecera-em-meio\" style=\"color:blue; text-decoration:underline\">C&uacute;pula de presidentes da Am&eacute;rica do Sul acontecer&aacute; em meio a falta de confian&ccedil;a na pol&iacute;tica econ&ocirc;mica dos pa&iacute;ses, aponta Sondagem<\/a><\/span><\/span><\/span><\/span><\/span><\/span><\/p>\r\n\r\n<p style=\"text-align:justify\"><span style=\"font-size:11pt\"><span style=\"line-height:normal\"><span style=\"font-family:&quot;Calibri&quot;,sans-serif\"><span class=\"MsoHyperlink\" style=\"color:blue\"><span style=\"text-decoration:underline\"><span style=\"font-size:14.0pt\"><a href=\"https:\/\/epbr.com.br\/lula-diz-que-nao-vai-ceder-compras-governamentais-em-acordo-comercial-mercosul-ue\/?utm_source=newsletters+epbr&amp;utm_campaign=5ef082e8c6-epbr-comece-seu-dia_COPY_01&amp;utm_medium=email&amp;utm_term=0_5931171aac-5ef082e8c6-466362780\" style=\"color:blue; text-decoration:underline\">Lula diz que n&atilde;o vai ceder compras governamentais em acordo comercial Mercosul-UE<\/a><\/span><\/span><\/span><\/span><\/span><\/span><\/p>\r\n\r\n<p style=\"text-align:justify\"><span style=\"font-size:11pt\"><span style=\"line-height:normal\"><span style=\"font-family:&quot;Calibri&quot;,sans-serif\"><a href=\"https:\/\/economia.uol.com.br\/noticias\/estadao-conteudo\/2023\/05\/22\/balanca-comercial-tem-superavit-de-us-226-bilhoes-na-3-semana-de-maio.htm\" style=\"color:blue; text-decoration:underline\"><span style=\"font-size:14.0pt\">Balan&ccedil;a comercial tem super&aacute;vit de US$ 2,26 bilh&otilde;es na 3&ordf; semana de maio<\/span><\/a><\/span><\/span><\/span><\/p>\r\n\r\n<p style=\"text-align:justify\"><span style=\"font-size:11pt\"><span style=\"line-height:normal\"><span style=\"font-family:&quot;Calibri&quot;,sans-serif\"><span class=\"MsoHyperlink\" style=\"color:blue\"><span style=\"text-decoration:underline\"><span style=\"font-size:14.0pt\"><a href=\"https:\/\/static.portaldaindustria.com.br\/media\/filer_public\/39\/9e\/399e7e51-1947-4436-81d0-21f7e5a18435\/informepoliticacomercial_23_16_bndes.pdf\" style=\"color:blue; text-decoration:underline\">BNDES anuncia redu&ccedil;&atilde;o de at&eacute; 60% do spread da linha Exim Pr&eacute;-Embarque<\/a><\/span><\/span><\/span><\/span><\/span><\/span><\/p>\r\n\r\n<p style=\"text-align:justify\"><span style=\"font-size:11pt\"><span style=\"line-height:normal\"><span style=\"font-family:&quot;Calibri&quot;,sans-serif\"><a href=\"https:\/\/www.fibre2fashion.com\/news\/textile-news\/european-commission-proposes-reforms-to-transform-eu-customs-union-287655-newsdetails.htm\" style=\"color:blue; text-decoration:underline\"><span style=\"font-size:14.0pt\">European Commission proposes reforms to transform EU Customs Union<\/span><\/a><\/span><\/span><\/span><\/p>\r\n\r\n<p style=\"text-align:justify\"><span style=\"font-size:11pt\"><span style=\"line-height:normal\"><span style=\"font-family:&quot;Calibri&quot;,sans-serif\"><a href=\"https:\/\/www.fibre2fashion.com\/news\/textile-news\/eu-s-textile-trade-deficit-grows-amid-record-euro-200-bn-trade-287640-newsdetails.htm\" style=\"color:blue; text-decoration:underline\"><span style=\"font-size:14.0pt\">EU&#39;s textile trade deficit grows amid record &euro;200 bn trade<\/span><\/a><\/span><\/span><\/span><\/p>\r\n\r\n<p class=\"MsoTitle\" style=\"text-align:justify\"><span style=\"font-size:28pt\"><span style=\"font-family:&quot;Cambria&quot;,serif\"><span style=\"letter-spacing:-0.5pt\"><b><span style=\"font-size:18.0pt\"><span style=\"font-family:&quot;Calibri&quot;,sans-serif\"><span style=\"font-variant:small-caps\">Economia<\/span><\/span><\/span><\/b><\/span><\/span><\/span><\/p>\r\n\r\n<p style=\"text-align:justify\"><span style=\"font-size:11pt\"><span style=\"line-height:normal\"><span style=\"font-family:&quot;Calibri&quot;,sans-serif\"><a href=\"https:\/\/www.bcb.gov.br\/content\/focus\/focus\/R20230512.pdf\" style=\"color:blue; text-decoration:underline\"><span style=\"font-size:14.0pt\">Focus &ndash; Relat&oacute;rio de Mercado<\/span><\/a><\/span><\/span><\/span><\/p>\r\n\r\n<p style=\"text-align:justify\"><span style=\"font-size:11pt\"><span style=\"line-height:normal\"><span style=\"font-family:&quot;Calibri&quot;,sans-serif\"><a href=\"https:\/\/www18.fgv.br\/mailing\/2023\/ibre\/Boletim_Macro_Maio\/\" style=\"color:blue; text-decoration:underline\"><span style=\"font-size:14.0pt\">FGV IBRE | Boletim Macro Maio 2023<\/span><\/a><\/span><\/span><\/span><\/p>\r\n\r\n<p style=\"text-align:justify\"><span style=\"font-size:11pt\"><span style=\"line-height:normal\"><span style=\"font-family:&quot;Calibri&quot;,sans-serif\"><span style=\"font-size:14.0pt\"><a href=\"https:\/\/ibre.fgv.br\/blog-da-conjuntura-economica\/artigos\/projecao-do-fgv-ibre-para-o-pib-de-2023-sobe-para-alta-de-08-no\" style=\"color:blue; text-decoration:underline\">Proje&ccedil;&atilde;o do FGV IBRE para o PIB de 2023 sobe, para alta de 0,8%. No primeiro tri, destaca-se o reflexo do agro em com&eacute;rcio e servi&ccedil;os<\/a><\/span><\/span><\/span><\/span><\/p>\r\n\r\n<p style=\"text-align:justify\"><span style=\"font-size:11pt\"><span style=\"line-height:normal\"><span style=\"font-family:&quot;Calibri&quot;,sans-serif\"><span style=\"font-size:14.0pt\"><a href=\"https:\/\/www.infomoney.com.br\/politica\/apesar-de-vitoria-em-arcabouco-fiscal-lula-patina-em-articulacao-politica-no-congresso-e-enfrenta-riscos-com-medidas-provisorias\/\" style=\"color:blue; text-decoration:underline\">Apesar de vit&oacute;ria em arcabou&ccedil;o fiscal, Lula patina em articula&ccedil;&atilde;o pol&iacute;tica no Congresso e enfrenta riscos com Medidas Provis&oacute;rias<\/a><\/span><\/span><\/span><\/span><\/p>\r\n\r\n<p style=\"text-align:justify\"><span style=\"font-size:11pt\"><span style=\"line-height:normal\"><span style=\"font-family:&quot;Calibri&quot;,sans-serif\"><a href=\"https:\/\/sovos.com\/pt-br\/blog\/tributos\/governo-garante-que-reforma-tributaria-sera-mais-benefica-para-estados-do-nordeste\/?utm_source=&amp;utm_medium=&amp;utm_campaign=&amp;utm_term=&amp;utm_content=&amp;mkt_tok=MzM0LUhWTi0yNDkAAAGL1JI-lrgO3zZ8LbaLCUX7ulsvwCgOcvqxNraAqe6n9szrmsm8jQH-_OiFcsd0V9nQQ1bl8A99Ffl-A4mh9n8SjGtWbzJtcKz6B94TaMLRrTQ\" style=\"color:blue; text-decoration:underline\"><span style=\"font-size:14.0pt\">Governo garante que reforma tribut&aacute;ria ser&aacute; mais ben&eacute;fica para estados do Nordeste<\/span><\/a><\/span><\/span><\/span><\/p>\r\n\r\n<p class=\"MsoTitleCxSpLast\" style=\"text-align:justify\">&nbsp;<\/p>\r\n","6":"<p style=\"text-align:justify\"><span style=\"font-size:11pt\"><span style=\"line-height:normal\"><span style=\"font-family:&quot;Calibri&quot;,sans-serif\"><span style=\"font-size:14.0pt\">Esta &eacute; uma compila&ccedil;&atilde;o das not&iacute;cias mais relevantes para o setor, incluindo informa&ccedil;&otilde;es sobre acordos internacionais, economia brasileira, sustentabilidade e mat&eacute;rias primas, al&eacute;m de novidades do setor de N&atilde;otecidos e Tecidos T&eacute;cnicos.<\/span><\/span><\/span><\/span><\/p>\r\n\r\n<p class=\"MsoTitleCxSpMiddle\" style=\"text-align:justify\"><span style=\"font-size:28pt\"><span style=\"font-family:&quot;Cambria&quot;,serif\"><span style=\"letter-spacing:-0.5pt\"><b><span style=\"font-size:18.0pt\"><span style=\"font-family:&quot;Calibri&quot;,sans-serif\"><span style=\"font-variant:small-caps\">Not&iacute;cias das Associadas<\/span><\/span><\/span><\/b><\/span><\/span><\/span><\/p>\r\n\r\n<p style=\"text-align:justify\"><span style=\"font-size:11pt\"><span style=\"line-height:normal\"><span style=\"font-family:&quot;Calibri&quot;,sans-serif\"><a href=\"https:\/\/www.nonwovens-industry.com\/contents\/view_breaking-news\/2023-05-24\/freudenberg-earns-material-health-certification-for-comfortemp-product-series\/\" style=\"color:blue; text-decoration:underline\"><span style=\"font-size:14.0pt\">Freudenberg Earns Material Health Certification for Comfortemp Product Series<\/span><\/a><\/span><\/span><\/span><\/p>\r\n\r\n<p class=\"MsoTitleCxSpMiddle\" style=\"text-align:justify\"><span style=\"font-size:28pt\"><span style=\"font-family:&quot;Cambria&quot;,serif\"><span style=\"letter-spacing:-0.5pt\"><b><span style=\"font-size:18.0pt\"><span style=\"font-family:&quot;Calibri&quot;,sans-serif\"><span style=\"font-variant:small-caps\">A&ccedil;&otilde;es da ABINT<\/span><\/span><\/span><\/b><\/span><\/span><\/span><\/p>\r\n\r\n<p class=\"MsoTitleCxSpMiddle\" style=\"text-align:justify\"><span style=\"font-size:28pt\"><span style=\"font-family:&quot;Cambria&quot;,serif\"><span style=\"letter-spacing:-0.5pt\"><b><span style=\"font-size:18.0pt\"><span style=\"font-family:&quot;Calibri&quot;,sans-serif\"><span style=\"font-variant:small-caps\"><img src=\"https:\/\/www.abint.org.br\/assets\/img\/editor\/premio-tcc-ic-2023-arte-3_202305301627444Zs0sHpDNj.png\" style=\"width: 300px; height: 300px;\" \/><\/span><\/span><\/span><\/b><\/span><\/span><\/span><\/p>\r\n\r\n<p style=\"text-align:justify\"><span style=\"font-size:11pt\"><span style=\"line-height:115%\"><span style=\"font-family:&quot;Calibri&quot;,sans-serif\"><strong><span style=\"font-size:14.0pt\"><span style=\"line-height:115%\"><span style=\"font-family:&quot;Calibri&quot;,sans-serif\">Inscri&ccedil;&otilde;es prorrogadas at&eacute; 31 de maio!<\/span><\/span><\/span><\/strong><\/span><\/span><\/span><\/p>\r\n\r\n<p style=\"text-align:justify\"><span style=\"font-size:11pt\"><span style=\"line-height:115%\"><span style=\"font-family:&quot;Calibri&quot;,sans-serif\"><strong><span style=\"font-size:14.0pt\"><span style=\"line-height:115%\"><span style=\"font-family:&quot;Calibri&quot;,sans-serif\">O <\/span><\/span><\/span><\/strong><b><span style=\"font-size:14.0pt\"><span style=\"line-height:115%\">CTG ABINT e a IGS BRASIL<\/span><\/span><\/b><span style=\"font-size:14.0pt\"><span style=\"line-height:115%\"> convidam aqueles que desenvolveram trabalhos acad&ecirc;micos relacionados aos geossint&eacute;ticos a participarem&nbsp;de mais uma edi&ccedil;&atilde;o do Pr&ecirc;mio TCC\/IC.<\/span><\/span><\/span><\/span><\/span><\/p>\r\n\r\n<p><span style=\"font-size:11pt\"><span style=\"line-height:normal\"><span style=\"font-family:&quot;Calibri&quot;,sans-serif\"><a href=\"https:\/\/abint.us2.list-manage.com\/track\/click?u=88818ac6bf44316570fc1bc2f&amp;id=46b014bcf1&amp;e=626265ad22\" style=\"color:blue; text-decoration:underline\" target=\"_blank\"><span style=\"font-size:14.0pt\"><span style=\"color:blue\">Mais informa&ccedil;&otilde;es e inscri&ccedil;&otilde;es<\/span><\/span><\/a><\/span><\/span><\/span><\/p>\r\n\r\n<p>&nbsp;<\/p>\r\n\r\n<p><span style=\"font-size:11pt\"><span style=\"line-height:normal\"><span style=\"font-family:&quot;Calibri&quot;,sans-serif\"><span style=\"font-size:14.0pt\"><span style=\"color:blue\"><img src=\"https:\/\/www.abint.org.br\/assets\/img\/editor\/itma-2023-abint-english-417x250_20230530162844j2gZACcUTY.jpg\" \/><\/span><\/span><\/span><\/span><\/span><\/p>\r\n\r\n<p style=\"text-align:justify\"><span style=\"font-size:11pt\"><span style=\"line-height:normal\"><span style=\"font-family:&quot;Calibri&quot;,sans-serif\"><b><span style=\"font-size:14.0pt\">A ABINT apoia a ITMA 2023<\/span><\/b><\/span><\/span><\/span><\/p>\r\n\r\n<p><span style=\"font-size:14.0pt\"><span style=\"line-height:115%\"><span style=\"font-family:&quot;Calibri&quot;,sans-serif\">A 19&ordf; edi&ccedil;&atilde;o da maior exposi&ccedil;&atilde;o internacional de tecnologia t&ecirc;xtil e de vestu&aacute;rio do mundo acontecer&aacute; em Mil&atilde;o, It&aacute;lia, de 08 a 14 de junho de 2023. <\/span><\/span><\/span><span style=\"font-size:11.0pt\"><span style=\"line-height:115%\"><span style=\"font-family:&quot;Calibri&quot;,sans-serif\"><a href=\"https:\/\/itma.com\/\" style=\"color:blue; text-decoration:underline\"><span style=\"font-size:14.0pt\"><span style=\"line-height:115%\">Informa&ccedil;&otilde;es<\/span><\/span><\/a><\/span><\/span><\/span><\/p>\r\n\r\n<p>&nbsp;<\/p>\r\n\r\n<p><span style=\"font-size:11.0pt\"><span style=\"line-height:115%\"><span style=\"font-family:&quot;Calibri&quot;,sans-serif\"><span style=\"font-size:14.0pt\"><span style=\"line-height:115%\"><img src=\"https:\/\/www.abint.org.br\/assets\/img\/editor\/ctg-patrocinador-regeo-2023_20230530162922afPpSgdtPL.jpeg\" style=\"width: 300px; height: 300px;\" \/><\/span><\/span><\/span><\/span><\/span><\/p>\r\n\r\n<p style=\"text-align:justify\"><span style=\"font-size:11pt\"><span style=\"line-height:normal\"><span style=\"font-family:&quot;Calibri&quot;,sans-serif\"><b><span style=\"font-size:14.0pt\"><span style=\"font-variant:small-caps\">O CTG ABINT <\/span><\/span><\/b><b><span style=\"font-size:14.0pt\">marcar&aacute; presen&ccedil;a<\/span><\/b><span style=\"font-size:14.0pt\"> nos eventos <b>X Congresso Brasileiro de Geotecnia Ambiental &amp; IX Congresso Brasileiro de Geossint&eacute;ticos - REGEO&rsquo;23 &amp; Geossint&eacute;ticos&rsquo;23<\/b>, que ocorrer&atilde;o de 18 a 21 de julho de 2023, Centro Universit&aacute;rio Jorge Amado &ndash; UNIJORGE, Salvador, BA.<\/span><\/span><\/span><\/span><\/p>\r\n\r\n<p><span style=\"font-size:11.0pt\"><span style=\"line-height:115%\"><span style=\"font-family:&quot;Calibri&quot;,sans-serif\"><a href=\"https:\/\/regeogeossinteticos23.com.br\/\" style=\"color:blue; text-decoration:underline\"><span style=\"font-size:14.0pt\"><span style=\"line-height:115%\">Mais informa&ccedil;&otilde;es e inscri&ccedil;&otilde;es<\/span><\/span><\/a><\/span><\/span><\/span><\/p>\r\n\r\n<p>&nbsp;<\/p>\r\n\r\n<p><span style=\"font-size:11.0pt\"><span style=\"line-height:115%\"><span style=\"font-family:&quot;Calibri&quot;,sans-serif\"><span style=\"font-size:14.0pt\"><span style=\"line-height:115%\"><img src=\"https:\/\/www.abint.org.br\/assets\/img\/editor\/minicurso-fernando-regeo-2023_20230530162959KkDRO0n48G.jpeg\" style=\"width: 300px; height: 300px;\" \/><\/span><\/span><\/span><\/span><\/span><\/p>\r\n\r\n<p style=\"text-align:justify\"><span style=\"font-size:11pt\"><span style=\"line-height:normal\"><span style=\"font-family:&quot;Calibri&quot;,sans-serif\"><b><span style=\"font-size:14.0pt\">O Prof. Dr. Fernando Lavoie, Coordenador do CTG ABINT, ministrar&aacute; Minicurso durante o Regeo&rsquo;23 &amp; Geossint&eacute;ticos&rsquo;23.<\/span><\/b><\/span><\/span><\/span><\/p>\r\n\r\n<p><span style=\"font-size:11.0pt\"><span style=\"line-height:115%\"><span style=\"font-family:&quot;Calibri&quot;,sans-serif\"><a href=\"https:\/\/regeogeossinteticos23.com.br\/inscricoes\/\" style=\"color:blue; text-decoration:underline\"><span style=\"font-size:14.0pt\"><span style=\"line-height:115%\">Inscreva-se!<\/span><\/span><\/a><\/span><\/span><\/span><\/p>\r\n\r\n<p style=\"text-align:justify\">&nbsp;<\/p>\r\n\r\n<p style=\"text-align:justify\"><span style=\"font-size:11pt\"><span style=\"line-height:normal\"><span style=\"font-family:&quot;Calibri&quot;,sans-serif\"><b><span style=\"font-size:18.0pt\"><span style=\"font-variant:small-caps\">Eventos<\/span><\/span><\/b><\/span><\/span><\/span><\/p>\r\n\r\n<p style=\"text-align:justify\"><span style=\"font-size:11pt\"><span style=\"line-height:normal\"><span style=\"font-family:&quot;Calibri&quot;,sans-serif\"><b><span style=\"font-size:14.0pt\">XVI Semin&aacute;rio Reciclagem e Valoriza&ccedil;&atilde;o de Res&iacute;duos S&oacute;lidos<\/span><\/b><span style=\"font-size:14.0pt\">, 31 de maio de 2023, Instituto de Engenharia - Av. Dr. Dante Pazzanese, 120 - Vila Mariana, S&atilde;o Paulo. <\/span><a href=\"https:\/\/www.reciclagemevalorizacao.com.br\/\" style=\"color:blue; text-decoration:underline\"><span style=\"font-size:14.0pt\">Informa&ccedil;&otilde;es<\/span><\/a> <\/span><\/span><\/span><\/p>\r\n\r\n<p style=\"text-align:justify\"><span style=\"font-size:11pt\"><span style=\"line-height:normal\"><span style=\"font-family:&quot;Calibri&quot;,sans-serif\"><b><span style=\"font-size:14.0pt\">FGV IBRE | Progressividade tribut&aacute;ria e crescimento econ&ocirc;mico<\/span><\/b><span style=\"font-size:14.0pt\">, 13 de junho de 2023, evento presencial, SGAN &ndash; Setor de Grandes &Aacute;reas Norte Quadra 602, M&oacute;dulos A, B, e C, Asa Norte, Bras&iacute;lia. <a href=\"http:\/\/clickb.e2b.fgv.br\/Redir?43bccd68e92c6e729d8185202bcaa37d&amp;c7923cc802134327b2317fe4541d5bdd\" style=\"color:blue; text-decoration:underline\">Informa&ccedil;&otilde;es<\/a> <\/span><\/span><\/span><\/span><\/p>\r\n\r\n<p style=\"text-align:justify\"><span style=\"font-size:11pt\"><span style=\"line-height:normal\"><span style=\"font-family:&quot;Calibri&quot;,sans-serif\"><b><span style=\"font-size:14.0pt\">FGV IBRE | II Semin&aacute;rio de An&aacute;lise Conjuntural<\/span><\/b><span style=\"font-size:14.0pt\">, 15 de junho de 2023, 10h00 &agrave;s 11h30, transmiss&atilde;o via YouTube. <\/span><a href=\"https:\/\/evento.fgv.br\/analise-conjuntural_1506\/\" style=\"color:blue; text-decoration:underline\"><span style=\"font-size:14.0pt\">Informa&ccedil;&otilde;es<\/span><\/a> <\/span><\/span><\/span><\/p>\r\n\r\n<p style=\"text-align:justify\"><span style=\"font-size:11pt\"><span style=\"line-height:normal\"><span style=\"font-family:&quot;Calibri&quot;,sans-serif\"><b><span style=\"font-size:14.0pt\">Webinar Tech Day: Grafeno, Ensaios em Pl&aacute;sticos e Economia Circular,<\/span><\/b><span style=\"font-size:14.0pt\"> 21 de junho de 2023. <a href=\"https:\/\/www.webcastlive.com.br\/aspen\/\" style=\"color:blue; text-decoration:underline\">Informa&ccedil;&otilde;es<\/a> <\/span><\/span><\/span><\/span><\/p>\r\n\r\n<p style=\"text-align:justify\"><span style=\"font-size:11pt\"><span style=\"line-height:normal\"><span style=\"font-family:&quot;Calibri&quot;,sans-serif\"><b><span style=\"font-size:14.0pt\">The 92nd Textile Institute World Conference: &ldquo;Sustainability of the Textile and Fashion Supply Chain &ndash; Transitioning to Zero Carbon and Zero Waste&rdquo;, <\/span><\/b><span style=\"font-size:14.0pt\">3-6 July 2023, University of Huddersfield, UK. <\/span><a href=\"https:\/\/www.textileinstitute.org\/events\/tiwc\/\" style=\"color:blue; text-decoration:underline\"><span style=\"font-size:14.0pt\">Informa&ccedil;&otilde;es<\/span><\/a> <\/span><\/span><\/span><\/p>\r\n\r\n<p style=\"text-align:justify\"><span style=\"font-size:11pt\"><span style=\"line-height:normal\"><span style=\"font-family:&quot;Calibri&quot;,sans-serif\"><b><span style=\"font-size:14.0pt\">FIMMA BRASIL - Feira Internacional de Fornecedores da Cadeia Produtiva Madeira e M&oacute;veis<\/span><\/b><span style=\"font-size:14.0pt\">, 28 a 31 de agosto de 2023, das 10h &agrave;s 19h, Bento Gon&ccedil;alves, RS. <\/span><a href=\"https:\/\/fimma.com.br\/\" style=\"color:blue; text-decoration:underline\"><span style=\"font-size:14.0pt\">Informa&ccedil;&otilde;es<\/span><\/a> <\/span><\/span><\/span><\/p>\r\n\r\n<p style=\"text-align:justify\"><span style=\"font-size:11pt\"><span style=\"line-height:normal\"><span style=\"font-family:&quot;Calibri&quot;,sans-serif\"><b><span style=\"font-size:14.0pt\">10&ordm; Congresso Internacional da Inova&ccedil;&atilde;o da Ind&uacute;stria<\/span><\/b><span style=\"font-size:14.0pt\">, 27 e 28 de setembro de 2023, S&atilde;o Paulo Expo.<\/span> <a href=\"https:\/\/www.congressodeinovacao.com.br\/?utm_source=comext&amp;utm_medium=email&amp;utm_campaign=eventos&amp;utm_content=id00053#msdynttrid=gg5jXwSFR7qM4vHH2tKGau3cTwSFDneTjMUhrcPg7vE\" style=\"color:blue; text-decoration:underline\"><span style=\"font-size:14.0pt\">Informa&ccedil;&otilde;es<\/span><\/a> <\/span><\/span><\/span><\/p>\r\n\r\n<p style=\"text-align:justify\"><span style=\"font-size:11pt\"><span style=\"line-height:normal\"><span style=\"font-family:&quot;Calibri&quot;,sans-serif\"><b><span style=\"font-size:14.0pt\">FiltXPO&trade; 2023<\/span><\/b><span class=\"MsoHyperlink\" style=\"color:blue\"><span style=\"text-decoration:underline\"><span style=\"font-size:14.0pt\"><span style=\"text-decoration:none\"><span style=\"text-underline:none\">, <\/span><\/span><\/span><\/span><\/span><span style=\"font-size:14.0pt\">October 10-12, 2023 at Navy Pier in Chicago, Illinois<\/span><span class=\"MsoHyperlink\" style=\"color:blue\"><span style=\"text-decoration:underline\"><span style=\"font-size:14.0pt\"><span style=\"text-decoration:none\"><span style=\"text-underline:none\">. <\/span><\/span><\/span><\/span><\/span><a href=\"https:\/\/www.filtxpo.com\/\" style=\"color:blue; text-decoration:underline\"><span style=\"font-size:14.0pt\">Informa&ccedil;&otilde;es<\/span><\/a> <\/span><\/span><\/span><\/p>\r\n\r\n<p style=\"text-align:justify\"><span style=\"font-size:11pt\"><span style=\"line-height:normal\"><span style=\"font-family:&quot;Calibri&quot;,sans-serif\"><b><span style=\"font-size:14.0pt\">SENAI-CETIQT | P&oacute;s-gradua&ccedil;&atilde;o &ldquo;P&oacute;s-gradua&ccedil;&atilde;o em Economia Circular e Produ&ccedil;&atilde;o Sustent&aacute;vel&rdquo;. <\/span><\/b><a href=\"https:\/\/materiais.senaicetiqt.com\/pos-graduacao-economia-circular-e-producao-sustentavel?utm_campaign=senai_cetiqt___oferta_do_curso_economia_circular&amp;utm_medium=email&amp;utm_source=RD+Station\" style=\"color:blue; text-decoration:underline\"><span style=\"font-size:14.0pt\">Informa&ccedil;&otilde;es<\/span><\/a> <\/span><\/span><\/span><\/p>\r\n\r\n<p style=\"text-align:justify\"><span style=\"font-size:11pt\"><span style=\"line-height:normal\"><span style=\"font-family:&quot;Calibri&quot;,sans-serif\"><b><span style=\"font-size:14.0pt\">SENAI-CETIQT | P&oacute;s-gradua&ccedil;&atilde;o &ldquo;Produtos de Alta Performance &agrave; Base de Materiais Comp&oacute;sitos&rdquo;<\/span><\/b><span style=\"font-size:14.0pt\">. <\/span><a href=\"https:\/\/materiais.senaicetiqt.com\/pos-graduacao-produtos-de-alta-performance-a-base-de-materiais-compositos?utm_campaign=senai_cetiqt___oferta_do_curso_materiais_compositos&amp;utm_medium=email&amp;utm_source=RD+Station\" style=\"color:blue; text-decoration:underline\"><span style=\"font-size:14.0pt\">Informa&ccedil;&otilde;es<\/span><\/a> <\/span><\/span><\/span><\/p>\r\n\r\n<p class=\"MsoTitle\" style=\"text-align:justify\"><span style=\"font-size:28pt\"><span style=\"font-family:&quot;Cambria&quot;,serif\"><span style=\"letter-spacing:-0.5pt\"><b><span style=\"font-size:18.0pt\"><span style=\"font-family:&quot;Calibri&quot;,sans-serif\"><span style=\"font-variant:small-caps\">Setor<\/span><\/span><\/span><\/b><\/span><\/span><\/span><\/p>\r\n\r\n<p style=\"text-align:justify\"><span style=\"font-size:11pt\"><span style=\"line-height:normal\"><span style=\"font-family:&quot;Calibri&quot;,sans-serif\"><span class=\"MsoHyperlink\" style=\"color:blue\"><span style=\"text-decoration:underline\"><span style=\"font-size:14.0pt\"><span style=\"text-decoration:none\"><span style=\"text-underline:none\"><a href=\"https:\/\/www.innovationintextiles.com\/nonwovens\/steady-growth-for-north-americas-nonwovens-industry\/\" style=\"color:blue; text-decoration:underline\">Steady growth for North America&rsquo;s nonwovens industry<\/a><\/span><\/span><\/span><\/span><\/span><\/span><\/span><\/span><\/p>\r\n\r\n<p style=\"text-align:justify\"><span style=\"font-size:11pt\"><span style=\"line-height:normal\"><span style=\"font-family:&quot;Calibri&quot;,sans-serif\"><a href=\"https:\/\/www.nonwovens-industry.com\/contents\/view_online-exclusives\/2023-05-16\/chinas-nonwovens-production-remains-stable-in-2022?utm_campaign=NON+eNewsletter&amp;utm_medium=email&amp;_hsmi=258915063&amp;_hsenc=p2ANqtz--1-lCvmXh1Si1H7ZQx1qQsiVtxhbGJSsh3pUdaziRLS8tRj0Te6g8o5PTncFdBdwFrEKZ12DK4ANA-Jif0dY5QQcE0uQ&amp;utm_content=258915063&amp;utm_source=hs_email\" style=\"color:blue; text-decoration:underline\"><span style=\"font-size:14.0pt\">China&#39;s Nonwovens Production Remains Stable in 2022<\/span><\/a><\/span><\/span><\/span><\/p>\r\n\r\n<p style=\"text-align:justify\"><span style=\"font-size:11pt\"><span style=\"line-height:normal\"><span style=\"font-family:&quot;Calibri&quot;,sans-serif\"><a href=\"https:\/\/www.agazeta.com.br\/hub-imobi\/decoracao\/quais-as-vantagens-de-utilizar-revestimentos-sinteticos-nos-estofados-0523\" style=\"color:blue; text-decoration:underline\"><span style=\"font-size:14.0pt\">Quais as vantagens de utilizar revestimentos sint&eacute;ticos nos estofados?<\/span><\/a><\/span><\/span><\/span><\/p>\r\n\r\n<p style=\"text-align:justify\"><span style=\"font-size:11pt\"><span style=\"line-height:normal\"><span style=\"font-family:&quot;Calibri&quot;,sans-serif\"><span class=\"MsoHyperlink\" style=\"color:blue\"><span style=\"text-decoration:underline\"><span style=\"font-size:14.0pt\"><span style=\"text-decoration:none\"><span style=\"text-underline:none\"><a href=\"https:\/\/plasticosemrevista.com.br\/pead-na-china-sintetiza-anemia-global-na-petroquimica\/\" style=\"color:blue; text-decoration:underline\">PEAD na China sintetiza anemia global na petroqu&iacute;mica<\/a><\/span><\/span><\/span><\/span><\/span><\/span><\/span><\/span><\/p>\r\n\r\n<p style=\"text-align:justify\"><span style=\"font-size:11pt\"><span style=\"line-height:normal\"><span style=\"font-family:&quot;Calibri&quot;,sans-serif\"><span style=\"font-size:14.0pt\"><a href=\"https:\/\/www.technicaltextile.net\/news\/andritz-converting-line-for-baby-diapers-begins-operation-in-france-287692.html\" style=\"color:blue; text-decoration:underline\">Andritz converting line for baby diapers begins operation in France<\/a><\/span><\/span><\/span><\/span><\/p>\r\n\r\n<p class=\"MsoTitle\" style=\"text-align:justify\"><span style=\"font-size:28pt\"><span style=\"font-family:&quot;Cambria&quot;,serif\"><span style=\"letter-spacing:-0.5pt\"><b><span style=\"font-size:18.0pt\"><span style=\"font-family:&quot;Calibri&quot;,sans-serif\"><span style=\"font-variant:small-caps\">Ind&uacute;stria<\/span><\/span><\/span><\/b><\/span><\/span><\/span><\/p>\r\n\r\n<p style=\"text-align:justify\"><span style=\"font-size:11pt\"><span style=\"line-height:normal\"><span style=\"font-family:&quot;Calibri&quot;,sans-serif\"><span class=\"MsoHyperlink\" style=\"color:blue\"><span style=\"text-decoration:underline\"><span style=\"font-size:14.0pt\"><span style=\"text-decoration:none\"><span style=\"text-underline:none\"><a href=\"https:\/\/ibre.fgv.br\/blog-da-conjuntura-economica\/artigos\/neoindustrializacao-e-o-governo-um-anuncio-diferentes-leituras\" style=\"color:blue; text-decoration:underline\">Neoindustrializa&ccedil;&atilde;o e o governo: um an&uacute;ncio, diferentes leituras<\/a><\/span><\/span><\/span><\/span><\/span><\/span><\/span><\/span><\/p>\r\n\r\n<p style=\"text-align:justify\"><span style=\"font-size:11pt\"><span style=\"line-height:normal\"><span style=\"font-family:&quot;Calibri&quot;,sans-serif\"><span class=\"MsoHyperlink\" style=\"color:blue\"><span style=\"text-decoration:underline\"><span style=\"font-size:14.0pt\"><span style=\"text-decoration:none\"><span style=\"text-underline:none\"><a href=\"https:\/\/noticias.portaldaindustria.com.br\/noticias\/economia\/custo-da-industria-subiu-107-em-2022-em-relacao-a-2021\/\" style=\"color:blue; text-decoration:underline\">Custo da ind&uacute;stria subiu 10,7% em 2022 em rela&ccedil;&atilde;o a 2021<\/a><\/span><\/span><\/span><\/span><\/span><\/span><\/span><\/span><\/p>\r\n\r\n<p style=\"text-align:justify\"><span style=\"font-size:11pt\"><span style=\"line-height:normal\"><span style=\"font-family:&quot;Calibri&quot;,sans-serif\"><span class=\"MsoHyperlink\" style=\"color:blue\"><span style=\"text-decoration:underline\"><span style=\"font-size:14.0pt\"><a href=\"https:\/\/agenciadenoticias.bndes.gov.br\/detalhe\/noticia\/Em-evento-na-FIESP-Mercadante-anuncia-medidas-do-BNDES-para-fortalecer-a-industria-brasileira\/\" style=\"color:blue; text-decoration:underline\">Em evento na FIESP, Mercadante anuncia medidas do BNDES para fortalecer a ind&uacute;stria brasileira<\/a><\/span><\/span><\/span><\/span><\/span><\/span><\/p>\r\n\r\n<p style=\"text-align:justify\"><span style=\"font-size:11pt\"><span style=\"line-height:normal\"><span style=\"font-family:&quot;Calibri&quot;,sans-serif\"><span class=\"MsoHyperlink\" style=\"color:blue\"><span style=\"text-decoration:underline\"><span style=\"font-size:14.0pt\"><span style=\"text-decoration:none\"><span style=\"text-underline:none\"><a href=\"https:\/\/epbr.com.br\/fusao-nuclear-baterias-e-quimica-verde-entram-em-eixos-prioritarios-de-reindustrializacao\/?utm_source=newsletters+epbr&amp;utm_campaign=87bda433ac-epbr-comece-seu-dia_COPY_01&amp;utm_medium=email&amp;utm_term=0_5931171aac-87bda433ac-466362780\" style=\"color:blue; text-decoration:underline\">Fus&atilde;o nuclear, baterias e qu&iacute;mica verde entram em eixos priorit&aacute;rios de reindustrializa&ccedil;&atilde;o<\/a><\/span><\/span><\/span><\/span><\/span><\/span><\/span><\/span><\/p>\r\n\r\n<p style=\"text-align:justify\"><span style=\"font-size:11pt\"><span style=\"line-height:normal\"><span style=\"font-family:&quot;Calibri&quot;,sans-serif\"><a href=\"https:\/\/expansao.co\/abicalcados-participa-de-votacao-que-prorroga-a-desoneracao-para-17-setores-da-economia\/\" style=\"color:blue; text-decoration:underline\"><span style=\"font-size:14.0pt\">Abical&ccedil;ados participa de vota&ccedil;&atilde;o que prorroga a desonera&ccedil;&atilde;o para 17 setores da economia<\/span><\/a><\/span><\/span><\/span><\/p>\r\n\r\n<p style=\"text-align:justify\"><span style=\"font-size:11pt\"><span style=\"line-height:normal\"><span style=\"font-family:&quot;Calibri&quot;,sans-serif\"><a href=\"https:\/\/sampi.net.br\/franca\/noticias\/2762278\/franca-e-regiao\/2023\/05\/abicalcados-preve-aumento-de-3-no-consumo-de-calcados-no-pais-em-2023\" style=\"color:blue; text-decoration:underline\"><span style=\"font-size:14.0pt\">Abical&ccedil;ados prev&ecirc; aumento de 3% no consumo de cal&ccedil;ados no pa&iacute;s em 2023<\/span><\/a><\/span><\/span><\/span><\/p>\r\n\r\n<p style=\"text-align:justify\"><span style=\"font-size:11pt\"><span style=\"line-height:normal\"><span style=\"font-family:&quot;Calibri&quot;,sans-serif\"><u><span style=\"font-size:14.0pt\"><a href=\"https:\/\/phys.org\/news\/2023-05-highlights-carpet-industry-microplastic-guidance.html?utm_source=nwletter&amp;utm_medium=email&amp;utm_campaign=daily-nwletter\" style=\"color:blue; text-decoration:underline\">New report highlights need for carpet industry to roll out microplastic guidance<\/a><\/span><\/u><\/span><\/span><\/span><\/p>\r\n\r\n<p style=\"text-align:justify\"><span style=\"font-size:11pt\"><span style=\"line-height:normal\"><span style=\"font-family:&quot;Calibri&quot;,sans-serif\"><u><span style=\"font-size:14.0pt\"><a href=\"https:\/\/ibre.fgv.br\/blog-da-conjuntura-economica\/artigos\/confianca-da-construcao-registra-piora-espera-de-definicoes-de\" style=\"color:blue; text-decoration:underline\">Confian&ccedil;a da constru&ccedil;&atilde;o registra piora, &agrave; espera de defini&ccedil;&otilde;es de pol&iacute;tica e mercado de cr&eacute;dito mais restritivo<\/a><\/span><\/u><\/span><\/span><\/span><\/p>\r\n\r\n<p style=\"text-align:justify\"><span style=\"font-size:11pt\"><span style=\"line-height:normal\"><span style=\"font-family:&quot;Calibri&quot;,sans-serif\"><u><span style=\"font-size:14.0pt\"><a href=\"https:\/\/podcasters.spotify.com\/pod\/show\/anahp\/episodes\/Reforma-Tributria-e-as-reivindicaes-da-sade-e1s4o4u\/a-a9sq312\" style=\"color:blue; text-decoration:underline\">Podcast Anahp | Reforma Tribut&aacute;ria e seus impactos na Sa&uacute;de<\/a><\/span><\/u><\/span><\/span><\/span><\/p>\r\n\r\n<p class=\"MsoTitle\" style=\"text-align:justify\"><span style=\"font-size:28pt\"><span style=\"font-family:&quot;Cambria&quot;,serif\"><span style=\"letter-spacing:-0.5pt\"><b><span style=\"font-size:18.0pt\"><span style=\"font-family:&quot;Calibri&quot;,sans-serif\"><span style=\"font-variant:small-caps\">Sustentabilidade<\/span><\/span><\/span><\/b><\/span><\/span><\/span><\/p>\r\n\r\n<p style=\"text-align:justify\"><span style=\"font-size:11pt\"><span style=\"line-height:normal\"><span style=\"font-family:&quot;Calibri&quot;,sans-serif\"><a href=\"https:\/\/www.terra.com.br\/byte\/concreto-feito-com-fraldas-usadas-e-testado-na-indonesia,8929b164c194483602d24143385cc78804fyx5mn.html\" style=\"color:blue; text-decoration:underline\"><span style=\"font-size:14.0pt\">Reciclagem: concreto feito com fraldas usadas &eacute; testado na Indon&eacute;sia<\/span><\/a><\/span><\/span><\/span><\/p>\r\n\r\n<p style=\"text-align:justify\"><span style=\"font-size:11pt\"><span style=\"line-height:normal\"><span style=\"font-family:&quot;Calibri&quot;,sans-serif\"><span class=\"MsoHyperlink\" style=\"color:blue\"><span style=\"text-decoration:underline\"><span style=\"font-size:14.0pt\"><span style=\"text-decoration:none\"><span style=\"text-underline:none\"><a href=\"https:\/\/www.plastico.com.br\/economia-circular-metas-fazem-reciclagem-avancar\/?utm_campaign=newsletter_plastico_-_maio_2023&amp;utm_medium=email&amp;utm_source=RD+Station\" style=\"color:blue; text-decoration:underline\">Economia circular: Metas fazem reciclagem avan&ccedil;ar<\/a><\/span><\/span><\/span><\/span><\/span><\/span><\/span><\/span><\/p>\r\n\r\n<p style=\"text-align:justify\"><span style=\"font-size:11pt\"><span style=\"line-height:normal\"><span style=\"font-family:&quot;Calibri&quot;,sans-serif\"><span class=\"MsoHyperlink\" style=\"color:blue\"><span style=\"text-decoration:underline\"><span style=\"font-size:14.0pt\"><span style=\"text-decoration:none\"><span style=\"text-underline:none\"><a href=\"https:\/\/epbr.com.br\/g7-pede-compromissos-net-zero-ate-2050-enquanto-flexibiliza-politicas-fosseis\/?utm_source=newsletters+epbr&amp;utm_campaign=87bda433ac-epbr-comece-seu-dia_COPY_01&amp;utm_medium=email&amp;utm_term=0_5931171aac-87bda433ac-466362780\" style=\"color:blue; text-decoration:underline\">G7 pede compromissos net zero at&eacute; 2050 enquanto flexibiliza pol&iacute;ticas f&oacute;sseis<\/a><\/span><\/span><\/span><\/span><\/span><\/span><\/span><\/span><\/p>\r\n\r\n<p style=\"text-align:justify\"><span style=\"font-size:11pt\"><span style=\"line-height:normal\"><span style=\"font-family:&quot;Calibri&quot;,sans-serif\"><a href=\"https:\/\/oglobo.globo.com\/um-so-planeta\/noticia\/2023\/05\/abusamos-do-plastico-porque-e-muito-barato-alerta-diretora-da-onu-para-o-meio-ambiente.ghtml\" style=\"color:blue; text-decoration:underline\"><span style=\"font-size:14.0pt\">&#39;Abusamos do pl&aacute;stico porque &eacute; muito barato&#39;, alerta diretora da ONU para o Meio Ambiente<\/span><\/a><\/span><\/span><\/span><\/p>\r\n\r\n<p style=\"text-align:justify\"><span style=\"font-size:11pt\"><span style=\"line-height:normal\"><span style=\"font-family:&quot;Calibri&quot;,sans-serif\"><span class=\"MsoHyperlink\" style=\"color:blue\"><span style=\"text-decoration:underline\"><span style=\"font-size:14.0pt\"><span style=\"text-decoration:none\"><span style=\"text-underline:none\"><a href=\"https:\/\/apexbrasil.com.br\/br\/pt\/conteudo\/noticias\/nova-agenda-para-a-apexbrasil.html#msdynttrid=ACLDCxq4szOmiMp1Y_kyGpqVF9Uq_JoIY7p9EZ2xA9Y\" style=\"color:blue; text-decoration:underline\">ESG: Nova agenda para a ApexBrasil<\/a><\/span><\/span><\/span><\/span><\/span><\/span><\/span><\/span><\/p>\r\n\r\n<p style=\"text-align:justify\"><span style=\"font-size:11pt\"><span style=\"line-height:normal\"><span style=\"font-family:&quot;Calibri&quot;,sans-serif\"><a href=\"https:\/\/www.youtube.com\/live\/7kXitjDjy8k?feature=share\" style=\"color:blue; text-decoration:underline\"><span style=\"font-size:14.0pt\">Como andam os projetos de captura de carbono no Brasil?<\/span><\/a><\/span><\/span><\/span><\/p>\r\n\r\n<p style=\"text-align:justify\"><span style=\"font-size:11pt\"><span style=\"line-height:normal\"><span style=\"font-family:&quot;Calibri&quot;,sans-serif\"><a href=\"https:\/\/epbr.com.br\/como-as-empresas-brasileiras-estao-migrando-para-a-economia-verde\/?utm_source=newsletters+epbr&amp;utm_campaign=117b813ca7-epbr-comece-seu-dia_COPY_01&amp;utm_medium=email&amp;utm_term=0_5931171aac-117b813ca7-466362780\" style=\"color:blue; text-decoration:underline\"><span style=\"font-size:14.0pt\">Como as empresas brasileiras est&atilde;o migrando para a economia verde<\/span><\/a><\/span><\/span><\/span><\/p>\r\n\r\n<p style=\"text-align:justify\"><span style=\"font-size:11pt\"><span style=\"line-height:normal\"><span style=\"font-family:&quot;Calibri&quot;,sans-serif\"><a href=\"https:\/\/www.gov.br\/ana\/pt-br\/assuntos\/noticias-e-eventos\/noticias\/ana-discute-saneamento-basico-no-32o-congresso-da-associacao-brasileira-de-engenharia-sanitaria-e-ambiental\" style=\"color:blue; text-decoration:underline\"><span style=\"font-size:14.0pt\">ANA discute saneamento b&aacute;sico no 32&ordm; Congresso da Associa&ccedil;&atilde;o Brasileira de Engenharia Sanit&aacute;ria e Ambiental<\/span><\/a><\/span><\/span><\/span><\/p>\r\n\r\n<p style=\"text-align:justify\"><span style=\"font-size:11pt\"><span style=\"line-height:normal\"><span style=\"font-family:&quot;Calibri&quot;,sans-serif\"><a href=\"http:\/\/www.folhadoabc.com.br\/index.php\/secoes\/negocios\/item\/26553-no-dia-da-industria-braskem-apresenta-a-primeira-planta-de-reciclagem-mecanica-do-brasil\" style=\"color:blue; text-decoration:underline\"><span style=\"font-size:14.0pt\">Braskem apresenta a primeira Planta de Reciclagem Mec&acirc;nica do Brasil<\/span><\/a><\/span><\/span><\/span><\/p>\r\n\r\n<p class=\"MsoTitle\" style=\"text-align:justify\"><span style=\"font-size:28pt\"><span style=\"font-family:&quot;Cambria&quot;,serif\"><span style=\"letter-spacing:-0.5pt\"><b><span style=\"font-size:18.0pt\"><span style=\"font-family:&quot;Calibri&quot;,sans-serif\"><span style=\"font-variant:small-caps\">Inova&ccedil;&atilde;o<\/span><\/span><\/span><\/b><\/span><\/span><\/span><\/p>\r\n\r\n<p style=\"text-align:justify\"><span style=\"font-size:11pt\"><span style=\"line-height:normal\"><span style=\"font-family:&quot;Calibri&quot;,sans-serif\"><span class=\"MsoHyperlink\" style=\"color:blue\"><span style=\"text-decoration:underline\"><span style=\"font-size:14.0pt\"><span style=\"text-decoration:none\"><span style=\"text-underline:none\"><a href=\"https:\/\/www.quimica.com.br\/meio-ambiente-nanofiltracao-garante-remocao-de-contaminantes\/?utm_campaign=newsletter_quimica_-_maio_2023&amp;utm_medium=email&amp;utm_source=RD+Station\" style=\"color:blue; text-decoration:underline\">Meio Ambiente: Nanofiltra&ccedil;&atilde;o garante remo&ccedil;&atilde;o de contaminantes<\/a><\/span><\/span><\/span><\/span><\/span><\/span><\/span><\/span><\/p>\r\n\r\n<p style=\"text-align:justify\"><span style=\"font-size:11pt\"><span style=\"line-height:normal\"><span style=\"font-family:&quot;Calibri&quot;,sans-serif\"><span class=\"MsoHyperlink\" style=\"color:blue\"><span style=\"text-decoration:underline\"><span style=\"font-size:14.0pt\"><span style=\"text-decoration:none\"><span style=\"text-underline:none\"><a href=\"https:\/\/techxplore.com\/news\/2023-05-mechanical-properties-aged-bamboo-fiber-reinforced.html?utm_source=nwletter&amp;utm_medium=email&amp;utm_campaign=daily-nwletter\" style=\"color:blue; text-decoration:underline\">Mechanical properties of aged bamboo fiber-reinforced composites under quasi-static loading<\/a><\/span><\/span><\/span><\/span><\/span><\/span><\/span><\/span><\/p>\r\n\r\n<p style=\"text-align:justify\"><span style=\"font-size:11pt\"><span style=\"line-height:normal\"><span style=\"font-family:&quot;Calibri&quot;,sans-serif\"><a href=\"https:\/\/techxplore.com\/news\/2023-05-technique-soft-functional-fibers-smart.html?utm_source=nwletter&amp;utm_medium=email&amp;utm_campaign=daily-nwletter\" style=\"color:blue; text-decoration:underline\"><span style=\"font-size:14.0pt\">A technique to spin soft functional fibers for smart textiles and wearable devices<\/span><\/a><\/span><\/span><\/span><\/p>\r\n\r\n<p class=\"MsoTitleCxSpFirst\" style=\"text-align:justify\"><span style=\"font-size:28pt\"><span style=\"font-family:&quot;Cambria&quot;,serif\"><span style=\"letter-spacing:-0.5pt\"><b><span style=\"font-size:18.0pt\"><span style=\"font-family:&quot;Calibri&quot;,sans-serif\"><span style=\"font-variant:small-caps\">Com&eacute;rcio Exterior<\/span><\/span><\/span><\/b><\/span><\/span><\/span><\/p>\r\n\r\n<p style=\"text-align:justify\"><span style=\"font-size:11pt\"><span style=\"line-height:normal\"><span style=\"font-family:&quot;Calibri&quot;,sans-serif\"><span class=\"MsoHyperlink\" style=\"color:blue\"><span style=\"text-decoration:underline\"><span style=\"font-size:14.0pt\"><a href=\"https:\/\/ibre.fgv.br\/blog-da-conjuntura-economica\/artigos\/cupula-de-presidentes-da-america-do-sul-acontecera-em-meio\" style=\"color:blue; text-decoration:underline\">C&uacute;pula de presidentes da Am&eacute;rica do Sul acontecer&aacute; em meio a falta de confian&ccedil;a na pol&iacute;tica econ&ocirc;mica dos pa&iacute;ses, aponta Sondagem<\/a><\/span><\/span><\/span><\/span><\/span><\/span><\/p>\r\n\r\n<p style=\"text-align:justify\"><span style=\"font-size:11pt\"><span style=\"line-height:normal\"><span style=\"font-family:&quot;Calibri&quot;,sans-serif\"><span class=\"MsoHyperlink\" style=\"color:blue\"><span style=\"text-decoration:underline\"><span style=\"font-size:14.0pt\"><a href=\"https:\/\/epbr.com.br\/lula-diz-que-nao-vai-ceder-compras-governamentais-em-acordo-comercial-mercosul-ue\/?utm_source=newsletters+epbr&amp;utm_campaign=5ef082e8c6-epbr-comece-seu-dia_COPY_01&amp;utm_medium=email&amp;utm_term=0_5931171aac-5ef082e8c6-466362780\" style=\"color:blue; text-decoration:underline\">Lula diz que n&atilde;o vai ceder compras governamentais em acordo comercial Mercosul-UE<\/a><\/span><\/span><\/span><\/span><\/span><\/span><\/p>\r\n\r\n<p style=\"text-align:justify\"><span style=\"font-size:11pt\"><span style=\"line-height:normal\"><span style=\"font-family:&quot;Calibri&quot;,sans-serif\"><a href=\"https:\/\/economia.uol.com.br\/noticias\/estadao-conteudo\/2023\/05\/22\/balanca-comercial-tem-superavit-de-us-226-bilhoes-na-3-semana-de-maio.htm\" style=\"color:blue; text-decoration:underline\"><span style=\"font-size:14.0pt\">Balan&ccedil;a comercial tem super&aacute;vit de US$ 2,26 bilh&otilde;es na 3&ordf; semana de maio<\/span><\/a><\/span><\/span><\/span><\/p>\r\n\r\n<p style=\"text-align:justify\"><span style=\"font-size:11pt\"><span style=\"line-height:normal\"><span style=\"font-family:&quot;Calibri&quot;,sans-serif\"><span class=\"MsoHyperlink\" style=\"color:blue\"><span style=\"text-decoration:underline\"><span style=\"font-size:14.0pt\"><a href=\"https:\/\/static.portaldaindustria.com.br\/media\/filer_public\/39\/9e\/399e7e51-1947-4436-81d0-21f7e5a18435\/informepoliticacomercial_23_16_bndes.pdf\" style=\"color:blue; text-decoration:underline\">BNDES anuncia redu&ccedil;&atilde;o de at&eacute; 60% do spread da linha Exim Pr&eacute;-Embarque<\/a><\/span><\/span><\/span><\/span><\/span><\/span><\/p>\r\n\r\n<p style=\"text-align:justify\"><span style=\"font-size:11pt\"><span style=\"line-height:normal\"><span style=\"font-family:&quot;Calibri&quot;,sans-serif\"><a href=\"https:\/\/www.fibre2fashion.com\/news\/textile-news\/european-commission-proposes-reforms-to-transform-eu-customs-union-287655-newsdetails.htm\" style=\"color:blue; text-decoration:underline\"><span style=\"font-size:14.0pt\">European Commission proposes reforms to transform EU Customs Union<\/span><\/a><\/span><\/span><\/span><\/p>\r\n\r\n<p style=\"text-align:justify\"><span style=\"font-size:11pt\"><span style=\"line-height:normal\"><span style=\"font-family:&quot;Calibri&quot;,sans-serif\"><a href=\"https:\/\/www.fibre2fashion.com\/news\/textile-news\/eu-s-textile-trade-deficit-grows-amid-record-euro-200-bn-trade-287640-newsdetails.htm\" style=\"color:blue; text-decoration:underline\"><span style=\"font-size:14.0pt\">EU&#39;s textile trade deficit grows amid record &euro;200 bn trade<\/span><\/a><\/span><\/span><\/span><\/p>\r\n\r\n<p class=\"MsoTitle\" style=\"text-align:justify\"><span style=\"font-size:28pt\"><span style=\"font-family:&quot;Cambria&quot;,serif\"><span style=\"letter-spacing:-0.5pt\"><b><span style=\"font-size:18.0pt\"><span style=\"font-family:&quot;Calibri&quot;,sans-serif\"><span style=\"font-variant:small-caps\">Economia<\/span><\/span><\/span><\/b><\/span><\/span><\/span><\/p>\r\n\r\n<p style=\"text-align:justify\"><span style=\"font-size:11pt\"><span style=\"line-height:normal\"><span style=\"font-family:&quot;Calibri&quot;,sans-serif\"><a href=\"https:\/\/www.bcb.gov.br\/content\/focus\/focus\/R20230512.pdf\" style=\"color:blue; text-decoration:underline\"><span style=\"font-size:14.0pt\">Focus &ndash; Relat&oacute;rio de Mercado<\/span><\/a><\/span><\/span><\/span><\/p>\r\n\r\n<p style=\"text-align:justify\"><span style=\"font-size:11pt\"><span style=\"line-height:normal\"><span style=\"font-family:&quot;Calibri&quot;,sans-serif\"><a href=\"https:\/\/www18.fgv.br\/mailing\/2023\/ibre\/Boletim_Macro_Maio\/\" style=\"color:blue; text-decoration:underline\"><span style=\"font-size:14.0pt\">FGV IBRE | Boletim Macro Maio 2023<\/span><\/a><\/span><\/span><\/span><\/p>\r\n\r\n<p style=\"text-align:justify\"><span style=\"font-size:11pt\"><span style=\"line-height:normal\"><span style=\"font-family:&quot;Calibri&quot;,sans-serif\"><span style=\"font-size:14.0pt\"><a href=\"https:\/\/ibre.fgv.br\/blog-da-conjuntura-economica\/artigos\/projecao-do-fgv-ibre-para-o-pib-de-2023-sobe-para-alta-de-08-no\" style=\"color:blue; text-decoration:underline\">Proje&ccedil;&atilde;o do FGV IBRE para o PIB de 2023 sobe, para alta de 0,8%. No primeiro tri, destaca-se o reflexo do agro em com&eacute;rcio e servi&ccedil;os<\/a><\/span><\/span><\/span><\/span><\/p>\r\n\r\n<p style=\"text-align:justify\"><span style=\"font-size:11pt\"><span style=\"line-height:normal\"><span style=\"font-family:&quot;Calibri&quot;,sans-serif\"><span style=\"font-size:14.0pt\"><a href=\"https:\/\/www.infomoney.com.br\/politica\/apesar-de-vitoria-em-arcabouco-fiscal-lula-patina-em-articulacao-politica-no-congresso-e-enfrenta-riscos-com-medidas-provisorias\/\" style=\"color:blue; text-decoration:underline\">Apesar de vit&oacute;ria em arcabou&ccedil;o fiscal, Lula patina em articula&ccedil;&atilde;o pol&iacute;tica no Congresso e enfrenta riscos com Medidas Provis&oacute;rias<\/a><\/span><\/span><\/span><\/span><\/p>\r\n\r\n<p style=\"text-align:justify\"><span style=\"font-size:11pt\"><span style=\"line-height:normal\"><span style=\"font-family:&quot;Calibri&quot;,sans-serif\"><a href=\"https:\/\/sovos.com\/pt-br\/blog\/tributos\/governo-garante-que-reforma-tributaria-sera-mais-benefica-para-estados-do-nordeste\/?utm_source=&amp;utm_medium=&amp;utm_campaign=&amp;utm_term=&amp;utm_content=&amp;mkt_tok=MzM0LUhWTi0yNDkAAAGL1JI-lrgO3zZ8LbaLCUX7ulsvwCgOcvqxNraAqe6n9szrmsm8jQH-_OiFcsd0V9nQQ1bl8A99Ffl-A4mh9n8SjGtWbzJtcKz6B94TaMLRrTQ\" style=\"color:blue; text-decoration:underline\"><span style=\"font-size:14.0pt\">Governo garante que reforma tribut&aacute;ria ser&aacute; mais ben&eacute;fica para estados do Nordeste<\/span><\/a><\/span><\/span><\/span><\/p>\r\n\r\n<p class=\"MsoTitleCxSpLast\" style=\"text-align:justify\">&nbsp;<\/p>\r\n","texto_en":"","7":"","imagem":"COMP_banner-padrao-home-destaques-boletim-2023_20230530163424kFa3hwX6Jp.jpeg","8":"COMP_banner-padrao-home-destaques-boletim-2023_20230530163424kFa3hwX6Jp.jpeg","arquivo":"20230530-NOTICIAS-SEMANAIS.PDF","9":"20230530-NOTICIAS-SEMANAIS.PDF","titulo_arquivo":"","10":"","titulo_arquivo_en":"","11":"","created_at":"2023-05-30 16:34:33","12":"2023-05-30 16:34:33","updated_at":"2023-05-30 16:34:33","13":"2023-05-30 16:34:33"},{"id":66,"0":66,"ordem":157,"1":157,"data":"2023-05-23","2":"2023-05-23","slug":"boletim-de-noticias-semanais-63","3":"boletim-de-noticias-semanais-63","titulo":"Boletim de Not\u00edcias Semanais","4":"Boletim de Not\u00edcias Semanais","titulo_en":"","5":"","texto":"<p style=\"text-align:justify\"><span style=\"font-size:11pt\"><span style=\"line-height:normal\"><span style=\"font-family:&quot;Calibri&quot;,sans-serif\"><span style=\"font-size:14.0pt\">Esta &eacute; uma compila&ccedil;&atilde;o das not&iacute;cias mais relevantes para o setor, incluindo informa&ccedil;&otilde;es sobre acordos internacionais, economia brasileira, sustentabilidade e mat&eacute;rias primas, al&eacute;m de novidades do setor de N&atilde;otecidos e Tecidos T&eacute;cnicos.<\/span><\/span><\/span><\/span><\/p>\r\n\r\n<p class=\"MsoTitleCxSpMiddle\" style=\"text-align:justify\"><span style=\"font-size:28pt\"><span style=\"font-family:&quot;Cambria&quot;,serif\"><span style=\"letter-spacing:-0.5pt\"><b><span style=\"font-size:18.0pt\"><span style=\"font-family:&quot;Calibri&quot;,sans-serif\"><span style=\"font-variant:small-caps\">Not&iacute;cias das Associadas <\/span><\/span><\/span><\/b><\/span><\/span><\/span><\/p>\r\n\r\n<p class=\"MsoTitleCxSpMiddle\" style=\"text-align:justify\"><span style=\"font-size:28pt\"><span style=\"font-family:&quot;Cambria&quot;,serif\"><span style=\"letter-spacing:-0.5pt\"><span style=\"font-size:14.0pt\"><span style=\"font-family:&quot;Calibri&quot;,sans-serif\"><a href=\"https:\/\/cipatex.com.br\/blog\/cipatex-leva-solucoes-para-cultivo-de-peixes-e-camaroes-em-cativeiro-na-aquishow\/\" style=\"color:blue; text-decoration:underline\">Cipatex&reg; leva solu&ccedil;&otilde;es para cultivo de peixes e camar&otilde;es em cativeiro na Aquishow<\/a><\/span><\/span><\/span><\/span><\/span><\/p>\r\n\r\n<p class=\"MsoTitleCxSpLast\" style=\"text-align:justify\"><span style=\"font-size:28pt\"><span style=\"font-family:&quot;Cambria&quot;,serif\"><span style=\"letter-spacing:-0.5pt\"><b><span style=\"font-size:18.0pt\"><span style=\"font-family:&quot;Calibri&quot;,sans-serif\"><span style=\"font-variant:small-caps\">A&ccedil;&otilde;es da ABINT<\/span><\/span><\/span><\/b><\/span><\/span><\/span><\/p>\r\n\r\n<p class=\"MsoTitleCxSpLast\" style=\"text-align:justify\"><span style=\"font-size:28pt\"><span style=\"font-family:&quot;Cambria&quot;,serif\"><span style=\"letter-spacing:-0.5pt\"><b><span style=\"font-size:18.0pt\"><span style=\"font-family:&quot;Calibri&quot;,sans-serif\"><span style=\"font-variant:small-caps\"><img src=\"https:\/\/www.abint.org.br\/assets\/img\/editor\/premio-tcc-ic-2023-arte-3_20230525171455jGiPQNX3Rp.png\" style=\"width: 300px; height: 300px;\" \/><\/span><\/span><\/span><\/b><\/span><\/span><\/span><\/p>\r\n\r\n<p style=\"text-align:justify\"><span style=\"font-size:11pt\"><span style=\"line-height:115%\"><span style=\"font-family:&quot;Calibri&quot;,sans-serif\"><v:shape alt=\"Uma imagem contendo Interface gr\u00e1fica do usu\u00e1rio\r\n\r\nDescri\u00e7\u00e3o gerada automaticamente\" href=\"https:\/\/geossinteticos.org.br\/premiotccic\" id=\"Imagem_x0020_2\" o:button=\"t\" strokecolor=\"#d8d8d8 [2732]\" stroked=\"t\" style=\"position:absolute; left:0; text-align:left; margin-top:4px; width:198.4pt; height:198.4pt; z-index:251672576\" type=\"#_x0000_t75\"> <v:fill o:detectmouseclick=\"t\"> <\/v:fill><\/v:shape><strong><span style=\"font-size:14.0pt\"><span style=\"line-height:115%\"><span style=\"font-family:&quot;Calibri&quot;,sans-serif\">Inscri&ccedil;&otilde;es prorrogadas at&eacute; 31 de maio! <\/span><\/span><\/span><\/strong><\/span><\/span><\/span><\/p>\r\n\r\n<p style=\"text-align:justify\"><span style=\"font-size:11pt\"><span style=\"line-height:115%\"><span style=\"font-family:&quot;Calibri&quot;,sans-serif\"><strong><span style=\"font-size:14.0pt\"><span style=\"line-height:115%\"><span style=\"font-family:&quot;Calibri&quot;,sans-serif\">O <\/span><\/span><\/span><\/strong><b><span style=\"font-size:14.0pt\"><span style=\"line-height:115%\">CTG ABINT e a IGS BRASIL<\/span><\/span><\/b><span style=\"font-size:14.0pt\"><span style=\"line-height:115%\"> convidam aqueles que desenvolveram trabalhos acad&ecirc;micos relacionados aos geossint&eacute;ticos a participarem&nbsp;de mais uma edi&ccedil;&atilde;o do Pr&ecirc;mio TCC\/IC. <\/span><\/span><\/span><\/span><\/span><\/p>\r\n\r\n<p><span style=\"font-size:11pt\"><span style=\"line-height:normal\"><span style=\"font-family:&quot;Calibri&quot;,sans-serif\"><a href=\"https:\/\/abint.us2.list-manage.com\/track\/click?u=88818ac6bf44316570fc1bc2f&amp;id=46b014bcf1&amp;e=626265ad22\" style=\"color:blue; text-decoration:underline\" target=\"_blank\"><span style=\"font-size:14.0pt\"><span style=\"color:blue\">Mais informa&ccedil;&otilde;es e inscri&ccedil;&otilde;es<\/span><\/span><\/a><\/span><\/span><\/span><\/p>\r\n\r\n<p><span style=\"font-size:11pt\"><span style=\"line-height:normal\"><span style=\"font-family:&quot;Calibri&quot;,sans-serif\"><span style=\"font-size:14.0pt\"><span style=\"color:blue\"><img src=\"https:\/\/www.abint.org.br\/assets\/img\/editor\/itma-2023-abint-english-417x250_202305251717517XupasSfcN.jpg\" \/><\/span><\/span><\/span><\/span><\/span><\/p>\r\n\r\n<p style=\"text-align:justify\"><span style=\"font-size:11pt\"><span style=\"line-height:normal\"><span style=\"font-family:&quot;Calibri&quot;,sans-serif\"><b><span style=\"font-size:14.0pt\">A ABINT apoia a ITMA 2023<\/span><\/b><\/span><\/span><\/span><\/p>\r\n\r\n<p style=\"text-align:justify\"><span style=\"font-size:11pt\"><span style=\"line-height:normal\"><span style=\"font-family:&quot;Calibri&quot;,sans-serif\"><span style=\"font-size:14.0pt\">A 19&ordf; edi&ccedil;&atilde;o da maior exposi&ccedil;&atilde;o internacional de tecnologia t&ecirc;xtil e de vestu&aacute;rio do mundo acontecer&aacute; em Mil&atilde;o, It&aacute;lia, de 08 a 14 de junho de 2023. <\/span><a href=\"https:\/\/itma.com\/\" style=\"color:blue; text-decoration:underline\"><span style=\"font-size:14.0pt\">Informa&ccedil;&otilde;es<\/span><\/a><\/span><\/span><\/span><\/p>\r\n\r\n<p style=\"text-align:justify\"><span style=\"font-size:11pt\"><span style=\"line-height:normal\"><span style=\"font-family:&quot;Calibri&quot;,sans-serif\"><span style=\"font-size:14.0pt\"><img src=\"https:\/\/www.abint.org.br\/assets\/img\/editor\/ctg-patrocinador-regeo-2023_20230525171835uLU4fEkYgA.jpeg\" style=\"width: 300px; height: 300px;\" \/><\/span><\/span><\/span><\/span><\/p>\r\n\r\n<p style=\"text-align:justify\"><span style=\"font-size:11pt\"><span style=\"line-height:normal\"><span style=\"font-family:&quot;Calibri&quot;,sans-serif\"><b><span style=\"font-size:14.0pt\"><span style=\"font-variant:small-caps\">O CTG ABINT <\/span><\/span><\/b><b><span style=\"font-size:14.0pt\">marcar&aacute; presen&ccedil;a<\/span><\/b><span style=\"font-size:14.0pt\"> nos eventos <b>X Congresso Brasileiro de Geotecnia Ambiental &amp; IX Congresso Brasileiro de Geossint&eacute;ticos - REGEO&rsquo;23 &amp; Geossint&eacute;ticos&rsquo;23<\/b>, que ocorrer&atilde;o de 18 a 21 de julho de 2023, Centro Universit&aacute;rio Jorge Amado &ndash; UNIJORGE, Salvador, BA. <\/span><\/span><\/span><\/span><\/p>\r\n\r\n<p style=\"text-align:justify\"><span style=\"font-size:11pt\"><span style=\"line-height:normal\"><span style=\"font-family:&quot;Calibri&quot;,sans-serif\"><a href=\"https:\/\/regeogeossinteticos23.com.br\/\" style=\"color:blue; text-decoration:underline\"><span style=\"font-size:14.0pt\">Mais informa&ccedil;&otilde;es e inscri&ccedil;&otilde;es<\/span><\/a><\/span><\/span><\/span><\/p>\r\n\r\n<p style=\"text-align:justify\"><span style=\"font-size:11pt\"><span style=\"line-height:normal\"><span style=\"font-family:&quot;Calibri&quot;,sans-serif\"><span style=\"font-size:14.0pt\"><img src=\"https:\/\/www.abint.org.br\/assets\/img\/editor\/minicurso-fernando-regeo-2023_20230525171910g07zsTSxuK.jpeg\" style=\"width: 300px; height: 300px;\" \/><\/span><\/span><\/span><\/span><\/p>\r\n\r\n<p style=\"text-align:justify\"><span style=\"font-size:11pt\"><span style=\"line-height:normal\"><span style=\"font-family:&quot;Calibri&quot;,sans-serif\"><b><span style=\"font-size:14.0pt\">O Eng. Fernando Lavoie, Coordenador do CTG ABINT, ministrar&aacute; Minicurso durante o Regeo&rsquo;23 &amp; Geossint&eacute;ticos&rsquo;23. <\/span><\/b><\/span><\/span><\/span><\/p>\r\n\r\n<p style=\"text-align:justify\"><span style=\"font-size:11.0pt\"><span style=\"line-height:115%\"><span style=\"font-family:&quot;Calibri&quot;,sans-serif\"><a href=\"https:\/\/regeogeossinteticos23.com.br\/inscricoes\/\" style=\"color:blue; text-decoration:underline\"><span style=\"font-size:14.0pt\"><span style=\"line-height:115%\">Inscreva-se!<\/span><\/span><\/a><\/span><\/span><\/span><\/p>\r\n\r\n<p style=\"text-align:justify\">&nbsp;<\/p>\r\n\r\n<p style=\"text-align:justify\"><span style=\"font-size:11pt\"><span style=\"line-height:normal\"><span style=\"font-family:&quot;Calibri&quot;,sans-serif\"><b><span style=\"font-size:18.0pt\"><span style=\"font-variant:small-caps\">Eventos<\/span><\/span><\/b><\/span><\/span><\/span><\/p>\r\n\r\n<p style=\"text-align:justify\"><span style=\"font-size:11pt\"><span style=\"line-height:normal\"><span style=\"font-family:&quot;Calibri&quot;,sans-serif\"><b><span style=\"font-size:14.0pt\">Workshop Abit | As tend&ecirc;ncias e pol&ecirc;micas da terceiriza&ccedil;&atilde;o no Brasil<\/span><\/b><span class=\"MsoHyperlink\" style=\"color:blue\"><span style=\"text-decoration:underline\"><span style=\"font-size:14.0pt\"><span style=\"text-decoration:none\"><span style=\"text-underline:none\">, <\/span><\/span><\/span><\/span><\/span><span style=\"font-size:14.0pt\">23 de maio de 2023, 09h00.<\/span> <a href=\"https:\/\/produtos.institutoabit.org.br\/prod\/557dc497-7bd7-457e-8fac-bf040367466e?utm_campaign=workshop_terceirizacao&amp;utm_medium=email&amp;utm_source=RD+Station\" style=\"color:blue; text-decoration:underline\"><span style=\"font-size:14.0pt\">Informa&ccedil;&otilde;es<\/span><\/a> <\/span><\/span><\/span><\/p>\r\n\r\n<p style=\"text-align:justify\"><span style=\"font-size:11pt\"><span style=\"line-height:normal\"><span style=\"font-family:&quot;Calibri&quot;,sans-serif\"><b><span style=\"font-size:14.0pt\">SENAI-CETIQT | Curso de Defesa e Inova&ccedil;&atilde;o nas Compras das For&ccedil;as Armadas<\/span><\/b><span style=\"font-size:14.0pt\">, in&iacute;cio em 24 de maio de 2023. <\/span><a href=\"https:\/\/materiais.senaicetiqt.com\/curso-de-defesa?utm_campaign=senai_cetiqt__aplicacao_das_leis_de_defesa_-_curso&amp;utm_medium=email&amp;utm_source=RD+Station\" style=\"color:blue; text-decoration:underline\"><span style=\"font-size:14.0pt\">Informa&ccedil;&otilde;es<\/span><\/a> <\/span><\/span><\/span><\/p>\r\n\r\n<p style=\"text-align:justify\"><span style=\"font-size:11pt\"><span style=\"line-height:normal\"><span style=\"font-family:&quot;Calibri&quot;,sans-serif\"><b><span style=\"font-size:14.0pt\">Hospitalar 2023<\/span><\/b><span style=\"font-size:14.0pt\">, 23 a 26 de maio, S&atilde;o Paulo Expo, Rodovia dos Imigrantes, 1,5 km - Vila &Aacute;gua Funda, S&atilde;o Paulo - SP, 04329-900. <\/span><a href=\"https:\/\/www.hospitalar.com\/pt\/home.html\" style=\"color:blue; text-decoration:underline\"><span style=\"font-size:14.0pt\">Informa&ccedil;&otilde;es<\/span><\/a> <\/span><\/span><\/span><\/p>\r\n\r\n<p style=\"text-align:justify\"><span style=\"font-size:11pt\"><span style=\"line-height:normal\"><span style=\"font-family:&quot;Calibri&quot;,sans-serif\"><b><span style=\"font-size:14.0pt\">Paving Expo 2023<\/span><\/b><span style=\"font-size:14.0pt\">, 24 a 26 de maio, 13h &agrave;s 20 h, Pavilh&atilde;o Azul, Expo Center Norte, S&atilde;o Paulo, SP. <\/span><a href=\"https:\/\/paving.com.br\/\" style=\"color:blue; text-decoration:underline\"><span style=\"font-size:14.0pt\">Informa&ccedil;&otilde;es<\/span><\/a> <\/span><\/span><\/span><\/p>\r\n\r\n<p style=\"text-align:justify\"><span style=\"font-size:11pt\"><span style=\"line-height:normal\"><span style=\"font-family:&quot;Calibri&quot;,sans-serif\"><b><span style=\"font-size:14.0pt\">Apex Brasil | Oficina de Competitividade - Marketing e vendas internacionais<\/span><\/b><span style=\"font-size:14.0pt\">, 25 de maio de 2023, online. <\/span><a href=\"https:\/\/click.apexbrasil.com.br\/mkt\/OficinadeCompetitividade\/OficinadeCompetitividade_Maio2023.pdf#msdynttrid=gpggdktCgef8OkHtMu6GOzzT5tB0WmNyOVZZxoHURfw\" style=\"color:blue; text-decoration:underline\"><span style=\"font-size:14.0pt\">Informa&ccedil;&otilde;es<\/span><\/a> <\/span><\/span><\/span><\/p>\r\n\r\n<p style=\"text-align:justify\"><span style=\"font-size:11pt\"><span style=\"line-height:normal\"><span style=\"font-family:&quot;Calibri&quot;,sans-serif\"><b><span style=\"font-size:14.0pt\">XVI Semin&aacute;rio Reciclagem e Valoriza&ccedil;&atilde;o de Res&iacute;duos S&oacute;lidos<\/span><\/b><span style=\"font-size:14.0pt\">, 31 de maio de 2023, Instituto de Engenharia - Av. Dr. Dante Pazzanese, 120 - Vila Mariana, S&atilde;o Paulo. <\/span><a href=\"https:\/\/www.reciclagemevalorizacao.com.br\/\" style=\"color:blue; text-decoration:underline\"><span style=\"font-size:14.0pt\">Informa&ccedil;&otilde;es<\/span><\/a> <\/span><\/span><\/span><\/p>\r\n\r\n<p style=\"text-align:justify\"><span style=\"font-size:11pt\"><span style=\"line-height:normal\"><span style=\"font-family:&quot;Calibri&quot;,sans-serif\"><b><span style=\"font-size:14.0pt\">FGV IBRE | II Semin&aacute;rio de An&aacute;lise Conjuntural<\/span><\/b><span style=\"font-size:14.0pt\">, 15 de junho de 2023, 10h00 &agrave;s 11h30, transmiss&atilde;o via YouTube. <\/span><a href=\"https:\/\/evento.fgv.br\/analise-conjuntural_1506\/\" style=\"color:blue; text-decoration:underline\"><span style=\"font-size:14.0pt\">Informa&ccedil;&otilde;es<\/span><\/a> <\/span><\/span><\/span><\/p>\r\n\r\n<p style=\"text-align:justify\"><span style=\"font-size:11pt\"><span style=\"line-height:normal\"><span style=\"font-family:&quot;Calibri&quot;,sans-serif\"><b><span style=\"font-size:14.0pt\">The 92nd Textile Institute World Conference: &ldquo;Sustainability of the Textile and Fashion Supply Chain &ndash; Transitioning to Zero Carbon and Zero Waste&rdquo;, <\/span><\/b><span style=\"font-size:14.0pt\">3-6 July 2023, University of Huddersfield, UK. <\/span><a href=\"https:\/\/www.textileinstitute.org\/events\/tiwc\/\" style=\"color:blue; text-decoration:underline\"><span style=\"font-size:14.0pt\">Informa&ccedil;&otilde;es<\/span><\/a> <\/span><\/span><\/span><\/p>\r\n\r\n<p style=\"text-align:justify\"><span style=\"font-size:11pt\"><span style=\"line-height:normal\"><span style=\"font-family:&quot;Calibri&quot;,sans-serif\"><b><span style=\"font-size:14.0pt\">FIMMA BRASIL - Feira Internacional de Fornecedores da Cadeia Produtiva Madeira e M&oacute;veis<\/span><\/b><span style=\"font-size:14.0pt\">, 28 a 31 de agosto de 2023, das 10h &agrave;s 19h, Bento Gon&ccedil;alves, RS. <\/span><a href=\"https:\/\/fimma.com.br\/\" style=\"color:blue; text-decoration:underline\"><span style=\"font-size:14.0pt\">Informa&ccedil;&otilde;es<\/span><\/a> <\/span><\/span><\/span><\/p>\r\n\r\n<p style=\"text-align:justify\"><span style=\"font-size:11pt\"><span style=\"line-height:normal\"><span style=\"font-family:&quot;Calibri&quot;,sans-serif\"><b><span style=\"font-size:14.0pt\">10&ordm; Congresso Internacional da Inova&ccedil;&atilde;o da Ind&uacute;stria<\/span><\/b><span style=\"font-size:14.0pt\">, 27 e 28 de setembro de 2023, S&atilde;o Paulo Expo.<\/span> <a href=\"https:\/\/www.congressodeinovacao.com.br\/?utm_source=comext&amp;utm_medium=email&amp;utm_campaign=eventos&amp;utm_content=id00053#msdynttrid=gg5jXwSFR7qM4vHH2tKGau3cTwSFDneTjMUhrcPg7vE\" style=\"color:blue; text-decoration:underline\"><span style=\"font-size:14.0pt\">Informa&ccedil;&otilde;es<\/span><\/a> <\/span><\/span><\/span><\/p>\r\n\r\n<p style=\"text-align:justify\"><span style=\"font-size:11pt\"><span style=\"line-height:normal\"><span style=\"font-family:&quot;Calibri&quot;,sans-serif\"><b><span style=\"font-size:14.0pt\">FiltXPO&trade; 2023<\/span><\/b><span class=\"MsoHyperlink\" style=\"color:blue\"><span style=\"text-decoration:underline\"><span style=\"font-size:14.0pt\"><span style=\"text-decoration:none\"><span style=\"text-underline:none\">, <\/span><\/span><\/span><\/span><\/span><span style=\"font-size:14.0pt\">October 10-12, 2023 at Navy Pier in Chicago, Illinois<\/span><span class=\"MsoHyperlink\" style=\"color:blue\"><span style=\"text-decoration:underline\"><span style=\"font-size:14.0pt\"><span style=\"text-decoration:none\"><span style=\"text-underline:none\">. <\/span><\/span><\/span><\/span><\/span><a href=\"https:\/\/www.filtxpo.com\/\" style=\"color:blue; text-decoration:underline\"><span style=\"font-size:14.0pt\">Informa&ccedil;&otilde;es<\/span><\/a> <\/span><\/span><\/span><\/p>\r\n\r\n<p style=\"text-align:justify\"><span style=\"font-size:11pt\"><span style=\"line-height:normal\"><span style=\"font-family:&quot;Calibri&quot;,sans-serif\"><b><span style=\"font-size:14.0pt\">SENAI-CETIQT | P&oacute;s-gradua&ccedil;&atilde;o &ldquo;P&oacute;s-gradua&ccedil;&atilde;o em Economia Circular e Produ&ccedil;&atilde;o Sustent&aacute;vel&rdquo;. <\/span><\/b><a href=\"https:\/\/materiais.senaicetiqt.com\/pos-graduacao-economia-circular-e-producao-sustentavel?utm_campaign=senai_cetiqt___oferta_do_curso_economia_circular&amp;utm_medium=email&amp;utm_source=RD+Station\" style=\"color:blue; text-decoration:underline\"><span style=\"font-size:14.0pt\">Informa&ccedil;&otilde;es<\/span><\/a> <\/span><\/span><\/span><\/p>\r\n\r\n<p style=\"text-align:justify\"><span style=\"font-size:11pt\"><span style=\"line-height:normal\"><span style=\"font-family:&quot;Calibri&quot;,sans-serif\"><b><span style=\"font-size:14.0pt\">SENAI-CETIQT | P&oacute;s-gradua&ccedil;&atilde;o &ldquo;Produtos de Alta Performance &agrave; Base de Materiais Comp&oacute;sitos&rdquo;<\/span><\/b><span style=\"font-size:14.0pt\">. <\/span><a href=\"https:\/\/materiais.senaicetiqt.com\/pos-graduacao-produtos-de-alta-performance-a-base-de-materiais-compositos?utm_campaign=senai_cetiqt___oferta_do_curso_materiais_compositos&amp;utm_medium=email&amp;utm_source=RD+Station\" style=\"color:blue; text-decoration:underline\"><span style=\"font-size:14.0pt\">Informa&ccedil;&otilde;es<\/span><\/a> <\/span><\/span><\/span><\/p>\r\n\r\n<p class=\"MsoTitle\" style=\"text-align:justify\"><span style=\"font-size:28pt\"><span style=\"font-family:&quot;Cambria&quot;,serif\"><span style=\"letter-spacing:-0.5pt\"><b><span style=\"font-size:18.0pt\"><span style=\"font-family:&quot;Calibri&quot;,sans-serif\"><span style=\"font-variant:small-caps\">Setor<\/span><\/span><\/span><\/b><\/span><\/span><\/span><\/p>\r\n\r\n<p class=\"MsoTitleCxSpFirst\" style=\"text-align:justify\">&nbsp;<\/p>\r\n\r\n<p style=\"text-align:justify\"><span style=\"font-size:11pt\"><span style=\"line-height:normal\"><span style=\"font-family:&quot;Calibri&quot;,sans-serif\"><span class=\"MsoHyperlink\" style=\"color:blue\"><span style=\"text-decoration:underline\"><span style=\"font-size:14.0pt\"><a href=\"https:\/\/sinditextilsp.org.br\/home\/2023\/05\/nova-diretoria-do-sinditextil-sp-toma-posse\/\" style=\"color:blue; text-decoration:underline\">Nova Diretoria do Sindit&ecirc;xtil-SP toma posse<\/a><\/span><\/span><\/span><\/span><\/span><\/span><\/p>\r\n\r\n<p style=\"text-align:justify\"><span style=\"font-size:11pt\"><span style=\"line-height:normal\"><span style=\"font-family:&quot;Calibri&quot;,sans-serif\"><span class=\"MsoHyperlink\" style=\"color:blue\"><span style=\"text-decoration:underline\"><span style=\"font-size:14.0pt\"><a href=\"https:\/\/blogdoplastico.wordpress.com\/2023\/05\/18\/nao-tecidos-sao-excluidos-da-lista-covid\/\" style=\"color:blue; text-decoration:underline\">N&atilde;o-tecidos s&atilde;o exclu&iacute;dos da Lista COVID<\/a><\/span><\/span><\/span><\/span><\/span><\/span><\/p>\r\n\r\n<p style=\"text-align:justify\"><span style=\"font-size:11pt\"><span style=\"line-height:normal\"><span style=\"font-family:&quot;Calibri&quot;,sans-serif\"><span class=\"MsoHyperlink\" style=\"color:blue\"><span style=\"text-decoration:underline\"><span style=\"font-size:14.0pt\"><a href=\"https:\/\/plasticosemrevista.com.br\/poliolefinas-retomada-mundial-depende-da-china\/\" style=\"color:blue; text-decoration:underline\">Poliolefinas: retomada mundial depende da China<\/a><\/span><\/span><\/span><\/span><\/span><\/span><\/p>\r\n\r\n<p style=\"text-align:justify\"><span style=\"font-size:11pt\"><span style=\"line-height:normal\"><span style=\"font-family:&quot;Calibri&quot;,sans-serif\"><span class=\"MsoHyperlink\" style=\"color:blue\"><span style=\"text-decoration:underline\"><span style=\"font-size:14.0pt\"><a href=\"https:\/\/economia.uol.com.br\/noticias\/redacao\/2023\/05\/18\/braskem-sera-vendida-entenda-oferta-de-compra-e-o-que-esta-em-jogo.htm\" style=\"color:blue; text-decoration:underline\">Braskem &agrave; venda? Entenda oferta, fatia da Petrobras e o que est&aacute; em jogo<\/a><\/span><\/span><\/span><\/span><\/span><\/span><\/p>\r\n\r\n<p style=\"text-align:justify\"><span style=\"font-size:11pt\"><span style=\"line-height:normal\"><span style=\"font-family:&quot;Calibri&quot;,sans-serif\"><span class=\"MsoHyperlink\" style=\"color:blue\"><span style=\"text-decoration:underline\"><span style=\"font-size:14.0pt\"><a href=\"https:\/\/revistaoeste.com\/economia\/petrobras-anuncia-fim-da-paridade-internacional-de-precos\/\" style=\"color:blue; text-decoration:underline\">Petrobras anuncia nova pol&iacute;tica de pre&ccedil;os para os combust&iacute;veis<\/a><\/span><\/span><\/span><\/span><\/span><\/span><\/p>\r\n\r\n<p class=\"MsoTitle\" style=\"text-align:justify\"><span style=\"font-size:28pt\"><span style=\"font-family:&quot;Cambria&quot;,serif\"><span style=\"letter-spacing:-0.5pt\"><b><span style=\"font-size:18.0pt\"><span style=\"font-family:&quot;Calibri&quot;,sans-serif\"><span style=\"font-variant:small-caps\">Ind&uacute;stria<\/span><\/span><\/span><\/b><\/span><\/span><\/span><\/p>\r\n\r\n<p style=\"text-align:justify\"><span style=\"font-size:11pt\"><span style=\"line-height:normal\"><span style=\"font-family:&quot;Calibri&quot;,sans-serif\"><a href=\"https:\/\/noticias.portaldaindustria.com.br\/noticias\/economia\/industria-ve-recuperacao-das-condicoes-atuais-em-maio-mas-expectativas-se-retraem\/\" style=\"color:blue; text-decoration:underline\"><span style=\"font-size:14.0pt\">Ind&uacute;stria v&ecirc; recupera&ccedil;&atilde;o das condi&ccedil;&otilde;es atuais em maio, mas expectativas se retraem<\/span><\/a><\/span><\/span><\/span><\/p>\r\n\r\n<p style=\"text-align:justify\"><span style=\"font-size:11pt\"><span style=\"line-height:normal\"><span style=\"font-family:&quot;Calibri&quot;,sans-serif\"><span class=\"MsoHyperlink\" style=\"color:blue\"><span style=\"text-decoration:underline\"><span style=\"font-size:14.0pt\"><a href=\"https:\/\/guaiba.com.br\/2023\/05\/17\/consumo-de-calcados-deve-aumentar-mais-de-3-em-2023-diz-abicalcados\/\" style=\"color:blue; text-decoration:underline\">Consumo de cal&ccedil;ados deve aumentar mais de 3% em 2023, diz Abical&ccedil;ados<\/a><\/span><\/span><\/span><\/span><\/span><\/span><\/p>\r\n\r\n<p style=\"text-align:justify\"><span style=\"font-size:11pt\"><span style=\"line-height:normal\"><span style=\"font-family:&quot;Calibri&quot;,sans-serif\"><span class=\"MsoHyperlink\" style=\"color:blue\"><span style=\"text-decoration:underline\"><span style=\"font-size:14.0pt\"><a href=\"https:\/\/noticias.portaldaindustria.com.br\/noticias\/economia\/empresarios-da-construcao-estao-otimistas-em-relacao-aos-proximos-seis-meses-aponta-cni\/\" style=\"color:blue; text-decoration:underline\">Empres&aacute;rios da constru&ccedil;&atilde;o est&atilde;o otimistas em rela&ccedil;&atilde;o aos pr&oacute;ximos seis meses, aponta CNI<\/a><\/span><\/span><\/span><\/span><\/span><\/span><\/p>\r\n\r\n<p style=\"text-align:justify\"><span style=\"font-size:11pt\"><span style=\"line-height:normal\"><span style=\"font-family:&quot;Calibri&quot;,sans-serif\"><span class=\"MsoHyperlink\" style=\"color:blue\"><span style=\"text-decoration:underline\"><span style=\"font-size:14.0pt\"><a href=\"https:\/\/noticias.portaldaindustria.com.br\/noticias\/infraestrutura\/10-dos-14-indicadores-de-infraestrutura-tem-alta-em-2022-diz-cni\/\" style=\"color:blue; text-decoration:underline\">10 dos 14 indicadores de infraestrutura t&ecirc;m alta em 2022, diz CNI<\/a><\/span><\/span><\/span><\/span><\/span><\/span><\/p>\r\n\r\n<p style=\"text-align:justify\"><span style=\"font-size:11pt\"><span style=\"line-height:normal\"><span style=\"font-family:&quot;Calibri&quot;,sans-serif\"><span class=\"MsoHyperlink\" style=\"color:blue\"><span style=\"text-decoration:underline\"><span style=\"font-size:14.0pt\"><a href=\"https:\/\/exame.com\/bussola\/e-preciso-industrializar-a-construcao-civil-no-brasil\/\" style=\"color:blue; text-decoration:underline\">&Eacute; preciso industrializar a constru&ccedil;&atilde;o civil no Brasil<\/a><\/span><\/span><\/span><\/span><\/span><\/span><\/p>\r\n\r\n<p style=\"text-align:justify\"><span style=\"font-size:11pt\"><span style=\"line-height:normal\"><span style=\"font-family:&quot;Calibri&quot;,sans-serif\"><span class=\"MsoHyperlink\" style=\"color:blue\"><span style=\"text-decoration:underline\"><span style=\"font-size:14.0pt\"><a href=\"https:\/\/app.rdstation.email\/mail\/2795b041-c859-4295-b68e-465325be1e87\" style=\"color:blue; text-decoration:underline\">STJ - exclus&atilde;o de benef&iacute;cios fiscais de ICMS da base de c&aacute;lculo do IRPJ\/CSLL<\/a><\/span><\/span><\/span><\/span><\/span><\/span><\/p>\r\n\r\n<p class=\"MsoTitle\" style=\"text-align:justify\"><span style=\"font-size:28pt\"><span style=\"font-family:&quot;Cambria&quot;,serif\"><span style=\"letter-spacing:-0.5pt\"><b><span style=\"font-size:18.0pt\"><span style=\"font-family:&quot;Calibri&quot;,sans-serif\"><span style=\"font-variant:small-caps\">Sustentabilidade<\/span><\/span><\/span><\/b><\/span><\/span><\/span><\/p>\r\n\r\n<p style=\"text-align:justify\"><span style=\"font-size:11pt\"><span style=\"line-height:normal\"><span style=\"font-family:&quot;Calibri&quot;,sans-serif\"><a href=\"https:\/\/www.dw.com\/pt-br\/enzimas-podem-ajudar-a-resolver-a-crise-do-pl%C3%A1stico\/a-65678119#amp_tf=De%20%251%24s&amp;aoh=16846846127057&amp;csi=0&amp;referrer=https%3A%2F%2Fwww.google.com&amp;ampshare=https%3A%2F%2Fwww.dw.com%2Fpt-br%2Fenzimas-podem-ajudar-a-resolver-a-crise-do-pl%25C3%25A1stico%2Fa-65678119\" style=\"color:blue; text-decoration:underline\"><span style=\"font-size:14.0pt\">Enzimas podem ajudar a resolver a crise do pl&aacute;stico?<\/span><\/a><\/span><\/span><\/span><\/p>\r\n\r\n<p style=\"text-align:justify\"><span style=\"font-size:11pt\"><span style=\"line-height:normal\"><span style=\"font-family:&quot;Calibri&quot;,sans-serif\"><span class=\"MsoHyperlink\" style=\"color:blue\"><span style=\"text-decoration:underline\"><span style=\"font-size:14.0pt\"><a href=\"https:\/\/grandesconstrucoes.com.br\/Noticias\/Exibir\/construcao-civil-investe-cada-vez-mais-em-tecnologia-para-amenizar-geracao-de-residuos\" style=\"color:blue; text-decoration:underline\">Constru&ccedil;&atilde;o Civil investe cada vez mais em tecnologia para amenizar gera&ccedil;&atilde;o de res&iacute;duos<\/a><\/span><\/span><\/span><\/span><\/span><\/span><\/p>\r\n\r\n<p style=\"text-align:justify\"><span style=\"font-size:11pt\"><span style=\"line-height:normal\"><span style=\"font-family:&quot;Calibri&quot;,sans-serif\"><span class=\"MsoHyperlink\" style=\"color:blue\"><span style=\"text-decoration:underline\"><span style=\"font-size:14.0pt\"><a href=\"https:\/\/grandesconstrucoes.com.br\/Noticias\/Exibir\/descarbonizacao-na-construcao-civil-e-um-caminho-possivel?utm_source=akna&amp;utm_medium=email&amp;utm_campaign=Grandes-Construcoes-Informativo-862-18-05-2023&amp;utm_source=akna&amp;utm_medium=email&amp;utm_campaign=Grandes-Construcoes-Informativo-862-18-05-2023\" style=\"color:blue; text-decoration:underline\">Descarboniza&ccedil;&atilde;o na constru&ccedil;&atilde;o civil &eacute; um caminho poss&iacute;vel<\/a><\/span><\/span><\/span><\/span><\/span><\/span><\/p>\r\n\r\n<p style=\"text-align:justify\"><span style=\"font-size:11pt\"><span style=\"line-height:normal\"><span style=\"font-family:&quot;Calibri&quot;,sans-serif\"><span class=\"MsoHyperlink\" style=\"color:blue\"><span style=\"text-decoration:underline\"><span style=\"font-size:14.0pt\"><a href=\"https:\/\/www.prensalatina.com.br\/2023\/05\/21\/reuniao-do-g20-sobre-sustentabilidade-ambiental-e-realizada-na-india\/\" style=\"color:blue; text-decoration:underline\">Reuni&atilde;o do G20 sobre sustentabilidade ambiental &eacute; realizada na &Iacute;ndia<\/a><\/span><\/span><\/span><\/span><\/span><\/span><\/p>\r\n\r\n<p style=\"text-align:justify\"><span style=\"font-size:11pt\"><span style=\"line-height:normal\"><span style=\"font-family:&quot;Calibri&quot;,sans-serif\"><span class=\"MsoHyperlink\" style=\"color:blue\"><span style=\"text-decoration:underline\"><span style=\"font-size:14.0pt\"><a href=\"https:\/\/www.gov.br\/planalto\/pt-br\/acompanhe-o-planalto\/noticias\/2023\/05\/alckmin-destaca-papel-da-sustentabilidade-para-o-brasil-se-tornar-mais-competitivo\" style=\"color:blue; text-decoration:underline\">Alckmin destaca papel da sustentabilidade para o Brasil se tornar mais competitivo<\/a><\/span><\/span><\/span><\/span><\/span><\/span><\/p>\r\n\r\n<p style=\"text-align:justify\"><span style=\"font-size:11pt\"><span style=\"line-height:normal\"><span style=\"font-family:&quot;Calibri&quot;,sans-serif\"><span class=\"MsoHyperlink\" style=\"color:blue\"><span style=\"text-decoration:underline\"><span style=\"font-size:14.0pt\"><a href=\"https:\/\/www.innovationintextiles.com\/fibres-yarns-fabrics\/220-tons-of-ppe-waste-diverted-in-2022\/\" style=\"color:blue; text-decoration:underline\">220 tons of PPE waste diverted in 2022<\/a><\/span><\/span><\/span><\/span><\/span><\/span><\/p>\r\n\r\n<p style=\"text-align:justify\"><span style=\"font-size:11pt\"><span style=\"line-height:normal\"><span style=\"font-family:&quot;Calibri&quot;,sans-serif\"><span class=\"MsoHyperlink\" style=\"color:blue\"><span style=\"text-decoration:underline\"><span style=\"font-size:14.0pt\"><a href=\"https:\/\/www.zerocarbonacademy.com\/posts\/the-textile-sector-is-failing-to-match-other-sectors-in-terms-of-executive-compensation-tied-to-sustainability\" style=\"color:blue; text-decoration:underline\">The textile sector is failing to match other sectors in terms of executive compensation tied to sustainability<\/a><\/span><\/span><\/span><\/span><\/span><\/span><\/p>\r\n\r\n<p style=\"text-align:justify\"><span style=\"font-size:11pt\"><span style=\"line-height:normal\"><span style=\"font-family:&quot;Calibri&quot;,sans-serif\"><span class=\"MsoHyperlink\" style=\"color:blue\"><span style=\"text-decoration:underline\"><span style=\"font-size:14.0pt\"><a href=\"https:\/\/phys.org\/news\/2023-05-plastic-pollution.html?utm_source=nwletter&amp;utm_medium=email&amp;utm_campaign=daily-nwletter\" style=\"color:blue; text-decoration:underline\">Plastic pollution could be cut by 80% by 2040, says UN report<\/a><\/span><\/span><\/span><\/span><\/span><\/span><\/p>\r\n\r\n<p style=\"text-align:justify\"><span style=\"font-size:11pt\"><span style=\"line-height:normal\"><span style=\"font-family:&quot;Calibri&quot;,sans-serif\"><span class=\"MsoHyperlink\" style=\"color:blue\"><span style=\"text-decoration:underline\"><span style=\"font-size:14.0pt\"><a href=\"https:\/\/phys.org\/news\/2023-05-years-critical-slash-plastic-pollution.html?utm_source=nwletter&amp;utm_medium=email&amp;utm_campaign=daily-nwletter\" style=\"color:blue; text-decoration:underline\">Coming years &#39;critical&#39; to slash plastic pollution: UN<\/a><\/span><\/span><\/span><\/span><\/span><\/span><\/p>\r\n\r\n<p class=\"MsoTitleCxSpMiddle\" style=\"text-align:justify\">&nbsp;<\/p>\r\n\r\n<p class=\"MsoTitle\" style=\"text-align:justify\"><span style=\"font-size:28pt\"><span style=\"font-family:&quot;Cambria&quot;,serif\"><span style=\"letter-spacing:-0.5pt\"><b><span style=\"font-size:18.0pt\"><span style=\"font-family:&quot;Calibri&quot;,sans-serif\"><span style=\"font-variant:small-caps\">Inova&ccedil;&atilde;o<\/span><\/span><\/span><\/b><\/span><\/span><\/span><\/p>\r\n\r\n<p style=\"text-align:justify\"><span style=\"font-size:11pt\"><span style=\"line-height:normal\"><span style=\"font-family:&quot;Calibri&quot;,sans-serif\"><span class=\"MsoHyperlink\" style=\"color:blue\"><span style=\"text-decoration:underline\"><span style=\"font-size:14.0pt\"><a href=\"https:\/\/agenciasebrae.com.br\/inovacao\/fundo-nacional-destinado-a-inovacao-tera-r-99-bilhoes-para-investimentos-em-2023\/\" style=\"color:blue; text-decoration:underline\">Fundo nacional destinado &agrave; inova&ccedil;&atilde;o ter&aacute; R$ 9,9 bilh&otilde;es para investimentos em 2023<\/a><\/span><\/span><\/span><\/span><\/span><\/span><\/p>\r\n\r\n<p style=\"text-align:justify\"><span style=\"font-size:11pt\"><span style=\"line-height:normal\"><span style=\"font-family:&quot;Calibri&quot;,sans-serif\"><a href=\"https:\/\/techxplore.com\/news\/2023-05-additively-soft-robots.html?utm_source=nwletter&amp;utm_medium=email&amp;utm_campaign=daily-nwletter\" style=\"color:blue; text-decoration:underline\"><span style=\"font-size:14.0pt\">Additively manufacturing soft robots could reduce waste, increase performance<\/span><\/a><\/span><\/span><\/span><\/p>\r\n\r\n<p class=\"MsoTitleCxSpFirst\" style=\"text-align:justify\"><span style=\"font-size:28pt\"><span style=\"font-family:&quot;Cambria&quot;,serif\"><span style=\"letter-spacing:-0.5pt\"><b><span style=\"font-size:18.0pt\"><span style=\"font-family:&quot;Calibri&quot;,sans-serif\"><span style=\"font-variant:small-caps\">Com&eacute;rcio Exterior<\/span><\/span><\/span><\/b><\/span><\/span><\/span><\/p>\r\n\r\n<p style=\"text-align:justify\"><span style=\"font-size:11pt\"><span style=\"line-height:normal\"><span style=\"font-family:&quot;Calibri&quot;,sans-serif\"><span class=\"MsoHyperlink\" style=\"color:blue\"><span style=\"text-decoration:underline\"><span style=\"font-size:14.0pt\"><a href=\"https:\/\/noticias.portaldaindustria.com.br\/noticias\/internacional\/com-acordo-mercosul-ue-quase-3-mil-produtos-terao-imposto-zerado-ao-entrarem-na-europa\/\" style=\"color:blue; text-decoration:underline\">Com Acordo Mercosul-UE, quase 3 mil produtos ter&atilde;o imposto zerado ao entrarem na Europa<\/a><\/span><\/span><\/span><\/span><\/span><\/span><\/p>\r\n\r\n<p style=\"text-align:justify\"><span style=\"font-size:11pt\"><span style=\"line-height:normal\"><span style=\"font-family:&quot;Calibri&quot;,sans-serif\"><span class=\"MsoHyperlink\" style=\"color:blue\"><span style=\"text-decoration:underline\"><span style=\"font-size:14.0pt\"><a href=\"https:\/\/static.portaldaindustria.com.br\/media\/filer_public\/43\/56\/43564f30-d384-4dea-b913-810138a2e61e\/informepoliticacomercial_23_15_conselhodeministros_camex.pdf\" style=\"color:blue; text-decoration:underline\">Delibera&ccedil;&otilde;es da 1&ordf; Reuni&atilde;o Ordin&aacute;ria do Conselho Estrat&eacute;gico da Camex<\/a><\/span><\/span><\/span><\/span><\/span><\/span><\/p>\r\n\r\n<p style=\"text-align:justify\"><span style=\"font-size:11pt\"><span style=\"line-height:normal\"><span style=\"font-family:&quot;Calibri&quot;,sans-serif\"><span class=\"MsoHyperlink\" style=\"color:blue\"><span style=\"text-decoration:underline\"><span style=\"font-size:14.0pt\"><a href=\"https:\/\/economia.uol.com.br\/noticias\/estadao-conteudo\/2023\/05\/15\/balanca-comercial-tem-superavit-de-us-1899-bilhao-na-2-semana-de-maio.htm\" style=\"color:blue; text-decoration:underline\">Balan&ccedil;a comercial tem super&aacute;vit de US$ 1,899 bi na segunda semana de maio<\/a><\/span><\/span><\/span><\/span><\/span><\/span><\/p>\r\n\r\n<p style=\"text-align:justify\"><span style=\"font-size:11pt\"><span style=\"line-height:normal\"><span style=\"font-family:&quot;Calibri&quot;,sans-serif\"><span class=\"MsoHyperlink\" style=\"color:blue\"><span style=\"text-decoration:underline\"><span style=\"font-size:14.0pt\"><a href=\"https:\/\/economia.uol.com.br\/noticias\/estadao-conteudo\/2023\/05\/18\/agro-deve-manter-dinamismo-da-balanca-comercial-apesar-de-queda-nos-precos-mostra-icomex.htm\" style=\"color:blue; text-decoration:underline\">Agro deve manter dinamismo da balan&ccedil;a comercial, apesar de queda nos pre&ccedil;os, mostra Icomex<\/a><\/span><\/span><\/span><\/span><\/span><\/span><\/p>\r\n\r\n<p style=\"text-align:justify\"><span style=\"font-size:11pt\"><span style=\"line-height:normal\"><span style=\"font-family:&quot;Calibri&quot;,sans-serif\"><span class=\"MsoHyperlink\" style=\"color:blue\"><span style=\"text-decoration:underline\"><span style=\"font-size:14.0pt\"><a href=\"https:\/\/agenciabrasil.ebc.com.br\/internacional\/noticia\/2023-05\/g7-tensao-entre-china-e-taiwan-deve-ser-foco-em-tratativas-com-brasil\" style=\"color:blue; text-decoration:underline\">G7: Tens&atilde;o entre China e Taiwan deve ser foco em tratativas com Brasil<\/a><\/span><\/span><\/span><\/span><\/span><\/span><\/p>\r\n\r\n<p style=\"text-align:justify\"><span style=\"font-size:11pt\"><span style=\"line-height:normal\"><span style=\"font-family:&quot;Calibri&quot;,sans-serif\"><span class=\"MsoHyperlink\" style=\"color:blue\"><span style=\"text-decoration:underline\"><span style=\"font-size:14.0pt\"><a href=\"https:\/\/jornaldebrasilia.com.br\/noticias\/politica-e-poder\/lula-promete-a-vietna-tentar-acordo-comercial-entre-pais-e-mercosul\/\" style=\"color:blue; text-decoration:underline\">Lula promete a Vietn&atilde; tentar acordo comercial entre pa&iacute;s e Mercosul<\/a><\/span><\/span><\/span><\/span><\/span><\/span><\/p>\r\n\r\n<p style=\"text-align:justify\"><span style=\"font-size:11pt\"><span style=\"line-height:normal\"><span style=\"font-family:&quot;Calibri&quot;,sans-serif\"><span class=\"MsoHyperlink\" style=\"color:blue\"><span style=\"text-decoration:underline\"><span style=\"font-size:14.0pt\"><a href=\"https:\/\/apexbrasil.com.br\/content\/apexbrasil\/br\/pt\/conteudo\/noticias\/autodiagnostico--apexbrasil-lanca-ferramenta-para-avaliar-se-sua.html?msdynttrid=LiuOp_1NJsd7zVS9ANSBhOgY8E78YiJslcTcn9lSL5k#msdynttrid=iIZbWNiwrjX5BgN-c9OZl2IINnycgmsvDVtl_WtNrsw\" style=\"color:blue; text-decoration:underline\">Autodiagn&oacute;stico: ApexBrasil lan&ccedil;a ferramenta para avaliar se sua empresa est&aacute; pronta para exportar via e-commerce<\/a><\/span><\/span><\/span><\/span><\/span><\/span><\/p>\r\n\r\n<p style=\"text-align:justify\"><span style=\"font-size:11pt\"><span style=\"line-height:normal\"><span style=\"font-family:&quot;Calibri&quot;,sans-serif\"><span class=\"MsoHyperlink\" style=\"color:blue\"><span style=\"text-decoration:underline\"><span style=\"font-size:14.0pt\"><a href=\"https:\/\/apexbrasil.com.br\/content\/apexbrasil\/br\/pt\/conteudo\/noticias\/ApexBrasil-lanca-Perfil-Pais-sobre-Paises-Baixos-Reino-Unido-Japao.html?msdynttrid=FOR8IYqW9_AFsPFzS5di0-5OHBI4ooau3gaEbIaQY0k#msdynttrid=rwPIrA4cvMA5LH__2Bq-RyAFE6oHKNGrzNaLy4Gc4x0\" style=\"color:blue; text-decoration:underline\">ApexBrasil lan&ccedil;a estudos Perfil Pa&iacute;s sobre Pa&iacute;ses Baixos, Reino Unido e Jap&atilde;o<\/a><\/span><\/span><\/span><\/span><\/span><\/span><\/p>\r\n\r\n<p style=\"text-align:justify\"><span style=\"font-size:11pt\"><span style=\"line-height:normal\"><span style=\"font-family:&quot;Calibri&quot;,sans-serif\"><span class=\"MsoHyperlink\" style=\"color:blue\"><span style=\"text-decoration:underline\"><span style=\"font-size:14.0pt\"><a href=\"https:\/\/www.iadb.org\/pt\/noticias\/america-latina-e-caribe-recuperacao-economica-e-os-precos-mais-altos-das-commodities?utm_source=Email&amp;utm_medium=News&amp;utm_campaign=&amp;utm_term=News&amp;j=849149&amp;sfmc_sub=194913938&amp;l=1678_HTML&amp;u=15846061&amp;mid=100007543&amp;jb=1\" style=\"color:blue; text-decoration:underline\">Am&eacute;rica Latina e Caribe: A recupera&ccedil;&atilde;o econ&ocirc;mica e os pre&ccedil;os mais altos das commodities impulsionam aumento da arrecada&ccedil;&atilde;o<\/a><\/span><\/span><\/span><\/span><\/span><\/span><\/p>\r\n\r\n<p style=\"text-align:justify\"><span style=\"font-size:11pt\"><span style=\"line-height:normal\"><span style=\"font-family:&quot;Calibri&quot;,sans-serif\"><a href=\"https:\/\/www.fibre2fashion.com\/news\/textile-news\/china-s-free-trade-zones-see-robust-growth-in-q1-2023-287589-newsdetails.htm\" style=\"color:blue; text-decoration:underline\"><span style=\"font-size:14.0pt\">China&#39;s free trade zones see robust growth in Q1 2023<\/span><\/a><\/span><\/span><\/span><\/p>\r\n\r\n<p class=\"MsoTitleCxSpLast\" style=\"text-align:justify\"><span style=\"font-size:28pt\"><span style=\"font-family:&quot;Cambria&quot;,serif\"><span style=\"letter-spacing:-0.5pt\"><b><span style=\"font-size:18.0pt\"><span style=\"font-family:&quot;Calibri&quot;,sans-serif\"><span style=\"font-variant:small-caps\">Economia<\/span><\/span><\/span><\/b><\/span><\/span><\/span><\/p>\r\n\r\n<p style=\"text-align:justify\"><span style=\"font-size:11pt\"><span style=\"line-height:normal\"><span style=\"font-family:&quot;Calibri&quot;,sans-serif\"><a href=\"https:\/\/www.bcb.gov.br\/content\/focus\/focus\/R20230512.pdf\" style=\"color:blue; text-decoration:underline\"><span style=\"font-size:14.0pt\">Focus &ndash; Relat&oacute;rio de Mercado<\/span><\/a><\/span><\/span><\/span><\/p>\r\n\r\n<p style=\"text-align:justify\"><span style=\"font-size:11pt\"><span style=\"line-height:normal\"><span style=\"font-family:&quot;Calibri&quot;,sans-serif\"><a href=\"https:\/\/portalibre.fgv.br\/noticias\/projecao-do-fgv-ibre-para-o-pib-de-2023-sobe-para-alta-de-08\" style=\"color:blue; text-decoration:underline\"><span style=\"font-size:14.0pt\">Proje&ccedil;&atilde;o do FGV IBRE para o PIB de 2023 sobe, para alta de 0,8%<\/span><\/a><\/span><\/span><\/span><\/p>\r\n\r\n<p style=\"text-align:justify\"><span style=\"font-size:11pt\"><span style=\"line-height:normal\"><span style=\"font-family:&quot;Calibri&quot;,sans-serif\"><a href=\"https:\/\/portalibre.fgv.br\/system\/files\/2023-05\/Monitor%20do%20PIB-FGV%20-%20Maio%20de%202023%20-%20Ref.%20de%20mar%C3%A7o_0.pdf\" style=\"color:blue; text-decoration:underline\"><span style=\"font-size:14.0pt\">Monitor do PIB-FGV<\/span><\/a><\/span><\/span><\/span><\/p>\r\n\r\n<p style=\"text-align:justify\"><span style=\"font-size:11pt\"><span style=\"line-height:normal\"><span style=\"font-family:&quot;Calibri&quot;,sans-serif\"><a href=\"https:\/\/ibre.fgv.br\/blog-da-conjuntura-economica\/artigos\/limites-da-reforma-tributaria-em-colaborar-com-regra-fiscal\" style=\"color:blue; text-decoration:underline\"><span style=\"font-size:14.0pt\">Limites da reforma tribut&aacute;ria em colaborar com a regra fiscal<\/span><\/a><\/span><\/span><\/span><\/p>\r\n\r\n<p style=\"text-align:justify\"><span style=\"font-size:11pt\"><span style=\"line-height:normal\"><span style=\"font-family:&quot;Calibri&quot;,sans-serif\"><a href=\"https:\/\/www.fibre2fashion.com\/news\/textile-news\/eu-economy-to-grow-1-in-2023-1-7-in-2024-spring-2023-forecast-287581-newsdetails.htm\" style=\"color:blue; text-decoration:underline\"><span style=\"font-size:14.0pt\">EU economy to grow 1% in 2023, 1.7% in 2024: Spring 2023 forecast<\/span><\/a><\/span><\/span><\/span><\/p>\r\n","6":"<p style=\"text-align:justify\"><span style=\"font-size:11pt\"><span style=\"line-height:normal\"><span style=\"font-family:&quot;Calibri&quot;,sans-serif\"><span style=\"font-size:14.0pt\">Esta &eacute; uma compila&ccedil;&atilde;o das not&iacute;cias mais relevantes para o setor, incluindo informa&ccedil;&otilde;es sobre acordos internacionais, economia brasileira, sustentabilidade e mat&eacute;rias primas, al&eacute;m de novidades do setor de N&atilde;otecidos e Tecidos T&eacute;cnicos.<\/span><\/span><\/span><\/span><\/p>\r\n\r\n<p class=\"MsoTitleCxSpMiddle\" style=\"text-align:justify\"><span style=\"font-size:28pt\"><span style=\"font-family:&quot;Cambria&quot;,serif\"><span style=\"letter-spacing:-0.5pt\"><b><span style=\"font-size:18.0pt\"><span style=\"font-family:&quot;Calibri&quot;,sans-serif\"><span style=\"font-variant:small-caps\">Not&iacute;cias das Associadas <\/span><\/span><\/span><\/b><\/span><\/span><\/span><\/p>\r\n\r\n<p class=\"MsoTitleCxSpMiddle\" style=\"text-align:justify\"><span style=\"font-size:28pt\"><span style=\"font-family:&quot;Cambria&quot;,serif\"><span style=\"letter-spacing:-0.5pt\"><span style=\"font-size:14.0pt\"><span style=\"font-family:&quot;Calibri&quot;,sans-serif\"><a href=\"https:\/\/cipatex.com.br\/blog\/cipatex-leva-solucoes-para-cultivo-de-peixes-e-camaroes-em-cativeiro-na-aquishow\/\" style=\"color:blue; text-decoration:underline\">Cipatex&reg; leva solu&ccedil;&otilde;es para cultivo de peixes e camar&otilde;es em cativeiro na Aquishow<\/a><\/span><\/span><\/span><\/span><\/span><\/p>\r\n\r\n<p class=\"MsoTitleCxSpLast\" style=\"text-align:justify\"><span style=\"font-size:28pt\"><span style=\"font-family:&quot;Cambria&quot;,serif\"><span style=\"letter-spacing:-0.5pt\"><b><span style=\"font-size:18.0pt\"><span style=\"font-family:&quot;Calibri&quot;,sans-serif\"><span style=\"font-variant:small-caps\">A&ccedil;&otilde;es da ABINT<\/span><\/span><\/span><\/b><\/span><\/span><\/span><\/p>\r\n\r\n<p class=\"MsoTitleCxSpLast\" style=\"text-align:justify\"><span style=\"font-size:28pt\"><span style=\"font-family:&quot;Cambria&quot;,serif\"><span style=\"letter-spacing:-0.5pt\"><b><span style=\"font-size:18.0pt\"><span style=\"font-family:&quot;Calibri&quot;,sans-serif\"><span style=\"font-variant:small-caps\"><img src=\"https:\/\/www.abint.org.br\/assets\/img\/editor\/premio-tcc-ic-2023-arte-3_20230525171455jGiPQNX3Rp.png\" style=\"width: 300px; height: 300px;\" \/><\/span><\/span><\/span><\/b><\/span><\/span><\/span><\/p>\r\n\r\n<p style=\"text-align:justify\"><span style=\"font-size:11pt\"><span style=\"line-height:115%\"><span style=\"font-family:&quot;Calibri&quot;,sans-serif\"><v:shape alt=\"Uma imagem contendo Interface gr\u00e1fica do usu\u00e1rio\r\n\r\nDescri\u00e7\u00e3o gerada automaticamente\" href=\"https:\/\/geossinteticos.org.br\/premiotccic\" id=\"Imagem_x0020_2\" o:button=\"t\" strokecolor=\"#d8d8d8 [2732]\" stroked=\"t\" style=\"position:absolute; left:0; text-align:left; margin-top:4px; width:198.4pt; height:198.4pt; z-index:251672576\" type=\"#_x0000_t75\"> <v:fill o:detectmouseclick=\"t\"> <\/v:fill><\/v:shape><strong><span style=\"font-size:14.0pt\"><span style=\"line-height:115%\"><span style=\"font-family:&quot;Calibri&quot;,sans-serif\">Inscri&ccedil;&otilde;es prorrogadas at&eacute; 31 de maio! <\/span><\/span><\/span><\/strong><\/span><\/span><\/span><\/p>\r\n\r\n<p style=\"text-align:justify\"><span style=\"font-size:11pt\"><span style=\"line-height:115%\"><span style=\"font-family:&quot;Calibri&quot;,sans-serif\"><strong><span style=\"font-size:14.0pt\"><span style=\"line-height:115%\"><span style=\"font-family:&quot;Calibri&quot;,sans-serif\">O <\/span><\/span><\/span><\/strong><b><span style=\"font-size:14.0pt\"><span style=\"line-height:115%\">CTG ABINT e a IGS BRASIL<\/span><\/span><\/b><span style=\"font-size:14.0pt\"><span style=\"line-height:115%\"> convidam aqueles que desenvolveram trabalhos acad&ecirc;micos relacionados aos geossint&eacute;ticos a participarem&nbsp;de mais uma edi&ccedil;&atilde;o do Pr&ecirc;mio TCC\/IC. <\/span><\/span><\/span><\/span><\/span><\/p>\r\n\r\n<p><span style=\"font-size:11pt\"><span style=\"line-height:normal\"><span style=\"font-family:&quot;Calibri&quot;,sans-serif\"><a href=\"https:\/\/abint.us2.list-manage.com\/track\/click?u=88818ac6bf44316570fc1bc2f&amp;id=46b014bcf1&amp;e=626265ad22\" style=\"color:blue; text-decoration:underline\" target=\"_blank\"><span style=\"font-size:14.0pt\"><span style=\"color:blue\">Mais informa&ccedil;&otilde;es e inscri&ccedil;&otilde;es<\/span><\/span><\/a><\/span><\/span><\/span><\/p>\r\n\r\n<p><span style=\"font-size:11pt\"><span style=\"line-height:normal\"><span style=\"font-family:&quot;Calibri&quot;,sans-serif\"><span style=\"font-size:14.0pt\"><span style=\"color:blue\"><img src=\"https:\/\/www.abint.org.br\/assets\/img\/editor\/itma-2023-abint-english-417x250_202305251717517XupasSfcN.jpg\" \/><\/span><\/span><\/span><\/span><\/span><\/p>\r\n\r\n<p style=\"text-align:justify\"><span style=\"font-size:11pt\"><span style=\"line-height:normal\"><span style=\"font-family:&quot;Calibri&quot;,sans-serif\"><b><span style=\"font-size:14.0pt\">A ABINT apoia a ITMA 2023<\/span><\/b><\/span><\/span><\/span><\/p>\r\n\r\n<p style=\"text-align:justify\"><span style=\"font-size:11pt\"><span style=\"line-height:normal\"><span style=\"font-family:&quot;Calibri&quot;,sans-serif\"><span style=\"font-size:14.0pt\">A 19&ordf; edi&ccedil;&atilde;o da maior exposi&ccedil;&atilde;o internacional de tecnologia t&ecirc;xtil e de vestu&aacute;rio do mundo acontecer&aacute; em Mil&atilde;o, It&aacute;lia, de 08 a 14 de junho de 2023. <\/span><a href=\"https:\/\/itma.com\/\" style=\"color:blue; text-decoration:underline\"><span style=\"font-size:14.0pt\">Informa&ccedil;&otilde;es<\/span><\/a><\/span><\/span><\/span><\/p>\r\n\r\n<p style=\"text-align:justify\"><span style=\"font-size:11pt\"><span style=\"line-height:normal\"><span style=\"font-family:&quot;Calibri&quot;,sans-serif\"><span style=\"font-size:14.0pt\"><img src=\"https:\/\/www.abint.org.br\/assets\/img\/editor\/ctg-patrocinador-regeo-2023_20230525171835uLU4fEkYgA.jpeg\" style=\"width: 300px; height: 300px;\" \/><\/span><\/span><\/span><\/span><\/p>\r\n\r\n<p style=\"text-align:justify\"><span style=\"font-size:11pt\"><span style=\"line-height:normal\"><span style=\"font-family:&quot;Calibri&quot;,sans-serif\"><b><span style=\"font-size:14.0pt\"><span style=\"font-variant:small-caps\">O CTG ABINT <\/span><\/span><\/b><b><span style=\"font-size:14.0pt\">marcar&aacute; presen&ccedil;a<\/span><\/b><span style=\"font-size:14.0pt\"> nos eventos <b>X Congresso Brasileiro de Geotecnia Ambiental &amp; IX Congresso Brasileiro de Geossint&eacute;ticos - REGEO&rsquo;23 &amp; Geossint&eacute;ticos&rsquo;23<\/b>, que ocorrer&atilde;o de 18 a 21 de julho de 2023, Centro Universit&aacute;rio Jorge Amado &ndash; UNIJORGE, Salvador, BA. <\/span><\/span><\/span><\/span><\/p>\r\n\r\n<p style=\"text-align:justify\"><span style=\"font-size:11pt\"><span style=\"line-height:normal\"><span style=\"font-family:&quot;Calibri&quot;,sans-serif\"><a href=\"https:\/\/regeogeossinteticos23.com.br\/\" style=\"color:blue; text-decoration:underline\"><span style=\"font-size:14.0pt\">Mais informa&ccedil;&otilde;es e inscri&ccedil;&otilde;es<\/span><\/a><\/span><\/span><\/span><\/p>\r\n\r\n<p style=\"text-align:justify\"><span style=\"font-size:11pt\"><span style=\"line-height:normal\"><span style=\"font-family:&quot;Calibri&quot;,sans-serif\"><span style=\"font-size:14.0pt\"><img src=\"https:\/\/www.abint.org.br\/assets\/img\/editor\/minicurso-fernando-regeo-2023_20230525171910g07zsTSxuK.jpeg\" style=\"width: 300px; height: 300px;\" \/><\/span><\/span><\/span><\/span><\/p>\r\n\r\n<p style=\"text-align:justify\"><span style=\"font-size:11pt\"><span style=\"line-height:normal\"><span style=\"font-family:&quot;Calibri&quot;,sans-serif\"><b><span style=\"font-size:14.0pt\">O Eng. Fernando Lavoie, Coordenador do CTG ABINT, ministrar&aacute; Minicurso durante o Regeo&rsquo;23 &amp; Geossint&eacute;ticos&rsquo;23. <\/span><\/b><\/span><\/span><\/span><\/p>\r\n\r\n<p style=\"text-align:justify\"><span style=\"font-size:11.0pt\"><span style=\"line-height:115%\"><span style=\"font-family:&quot;Calibri&quot;,sans-serif\"><a href=\"https:\/\/regeogeossinteticos23.com.br\/inscricoes\/\" style=\"color:blue; text-decoration:underline\"><span style=\"font-size:14.0pt\"><span style=\"line-height:115%\">Inscreva-se!<\/span><\/span><\/a><\/span><\/span><\/span><\/p>\r\n\r\n<p style=\"text-align:justify\">&nbsp;<\/p>\r\n\r\n<p style=\"text-align:justify\"><span style=\"font-size:11pt\"><span style=\"line-height:normal\"><span style=\"font-family:&quot;Calibri&quot;,sans-serif\"><b><span style=\"font-size:18.0pt\"><span style=\"font-variant:small-caps\">Eventos<\/span><\/span><\/b><\/span><\/span><\/span><\/p>\r\n\r\n<p style=\"text-align:justify\"><span style=\"font-size:11pt\"><span style=\"line-height:normal\"><span style=\"font-family:&quot;Calibri&quot;,sans-serif\"><b><span style=\"font-size:14.0pt\">Workshop Abit | As tend&ecirc;ncias e pol&ecirc;micas da terceiriza&ccedil;&atilde;o no Brasil<\/span><\/b><span class=\"MsoHyperlink\" style=\"color:blue\"><span style=\"text-decoration:underline\"><span style=\"font-size:14.0pt\"><span style=\"text-decoration:none\"><span style=\"text-underline:none\">, <\/span><\/span><\/span><\/span><\/span><span style=\"font-size:14.0pt\">23 de maio de 2023, 09h00.<\/span> <a href=\"https:\/\/produtos.institutoabit.org.br\/prod\/557dc497-7bd7-457e-8fac-bf040367466e?utm_campaign=workshop_terceirizacao&amp;utm_medium=email&amp;utm_source=RD+Station\" style=\"color:blue; text-decoration:underline\"><span style=\"font-size:14.0pt\">Informa&ccedil;&otilde;es<\/span><\/a> <\/span><\/span><\/span><\/p>\r\n\r\n<p style=\"text-align:justify\"><span style=\"font-size:11pt\"><span style=\"line-height:normal\"><span style=\"font-family:&quot;Calibri&quot;,sans-serif\"><b><span style=\"font-size:14.0pt\">SENAI-CETIQT | Curso de Defesa e Inova&ccedil;&atilde;o nas Compras das For&ccedil;as Armadas<\/span><\/b><span style=\"font-size:14.0pt\">, in&iacute;cio em 24 de maio de 2023. <\/span><a href=\"https:\/\/materiais.senaicetiqt.com\/curso-de-defesa?utm_campaign=senai_cetiqt__aplicacao_das_leis_de_defesa_-_curso&amp;utm_medium=email&amp;utm_source=RD+Station\" style=\"color:blue; text-decoration:underline\"><span style=\"font-size:14.0pt\">Informa&ccedil;&otilde;es<\/span><\/a> <\/span><\/span><\/span><\/p>\r\n\r\n<p style=\"text-align:justify\"><span style=\"font-size:11pt\"><span style=\"line-height:normal\"><span style=\"font-family:&quot;Calibri&quot;,sans-serif\"><b><span style=\"font-size:14.0pt\">Hospitalar 2023<\/span><\/b><span style=\"font-size:14.0pt\">, 23 a 26 de maio, S&atilde;o Paulo Expo, Rodovia dos Imigrantes, 1,5 km - Vila &Aacute;gua Funda, S&atilde;o Paulo - SP, 04329-900. <\/span><a href=\"https:\/\/www.hospitalar.com\/pt\/home.html\" style=\"color:blue; text-decoration:underline\"><span style=\"font-size:14.0pt\">Informa&ccedil;&otilde;es<\/span><\/a> <\/span><\/span><\/span><\/p>\r\n\r\n<p style=\"text-align:justify\"><span style=\"font-size:11pt\"><span style=\"line-height:normal\"><span style=\"font-family:&quot;Calibri&quot;,sans-serif\"><b><span style=\"font-size:14.0pt\">Paving Expo 2023<\/span><\/b><span style=\"font-size:14.0pt\">, 24 a 26 de maio, 13h &agrave;s 20 h, Pavilh&atilde;o Azul, Expo Center Norte, S&atilde;o Paulo, SP. <\/span><a href=\"https:\/\/paving.com.br\/\" style=\"color:blue; text-decoration:underline\"><span style=\"font-size:14.0pt\">Informa&ccedil;&otilde;es<\/span><\/a> <\/span><\/span><\/span><\/p>\r\n\r\n<p style=\"text-align:justify\"><span style=\"font-size:11pt\"><span style=\"line-height:normal\"><span style=\"font-family:&quot;Calibri&quot;,sans-serif\"><b><span style=\"font-size:14.0pt\">Apex Brasil | Oficina de Competitividade - Marketing e vendas internacionais<\/span><\/b><span style=\"font-size:14.0pt\">, 25 de maio de 2023, online. <\/span><a href=\"https:\/\/click.apexbrasil.com.br\/mkt\/OficinadeCompetitividade\/OficinadeCompetitividade_Maio2023.pdf#msdynttrid=gpggdktCgef8OkHtMu6GOzzT5tB0WmNyOVZZxoHURfw\" style=\"color:blue; text-decoration:underline\"><span style=\"font-size:14.0pt\">Informa&ccedil;&otilde;es<\/span><\/a> <\/span><\/span><\/span><\/p>\r\n\r\n<p style=\"text-align:justify\"><span style=\"font-size:11pt\"><span style=\"line-height:normal\"><span style=\"font-family:&quot;Calibri&quot;,sans-serif\"><b><span style=\"font-size:14.0pt\">XVI Semin&aacute;rio Reciclagem e Valoriza&ccedil;&atilde;o de Res&iacute;duos S&oacute;lidos<\/span><\/b><span style=\"font-size:14.0pt\">, 31 de maio de 2023, Instituto de Engenharia - Av. Dr. Dante Pazzanese, 120 - Vila Mariana, S&atilde;o Paulo. <\/span><a href=\"https:\/\/www.reciclagemevalorizacao.com.br\/\" style=\"color:blue; text-decoration:underline\"><span style=\"font-size:14.0pt\">Informa&ccedil;&otilde;es<\/span><\/a> <\/span><\/span><\/span><\/p>\r\n\r\n<p style=\"text-align:justify\"><span style=\"font-size:11pt\"><span style=\"line-height:normal\"><span style=\"font-family:&quot;Calibri&quot;,sans-serif\"><b><span style=\"font-size:14.0pt\">FGV IBRE | II Semin&aacute;rio de An&aacute;lise Conjuntural<\/span><\/b><span style=\"font-size:14.0pt\">, 15 de junho de 2023, 10h00 &agrave;s 11h30, transmiss&atilde;o via YouTube. <\/span><a href=\"https:\/\/evento.fgv.br\/analise-conjuntural_1506\/\" style=\"color:blue; text-decoration:underline\"><span style=\"font-size:14.0pt\">Informa&ccedil;&otilde;es<\/span><\/a> <\/span><\/span><\/span><\/p>\r\n\r\n<p style=\"text-align:justify\"><span style=\"font-size:11pt\"><span style=\"line-height:normal\"><span style=\"font-family:&quot;Calibri&quot;,sans-serif\"><b><span style=\"font-size:14.0pt\">The 92nd Textile Institute World Conference: &ldquo;Sustainability of the Textile and Fashion Supply Chain &ndash; Transitioning to Zero Carbon and Zero Waste&rdquo;, <\/span><\/b><span style=\"font-size:14.0pt\">3-6 July 2023, University of Huddersfield, UK. <\/span><a href=\"https:\/\/www.textileinstitute.org\/events\/tiwc\/\" style=\"color:blue; text-decoration:underline\"><span style=\"font-size:14.0pt\">Informa&ccedil;&otilde;es<\/span><\/a> <\/span><\/span><\/span><\/p>\r\n\r\n<p style=\"text-align:justify\"><span style=\"font-size:11pt\"><span style=\"line-height:normal\"><span style=\"font-family:&quot;Calibri&quot;,sans-serif\"><b><span style=\"font-size:14.0pt\">FIMMA BRASIL - Feira Internacional de Fornecedores da Cadeia Produtiva Madeira e M&oacute;veis<\/span><\/b><span style=\"font-size:14.0pt\">, 28 a 31 de agosto de 2023, das 10h &agrave;s 19h, Bento Gon&ccedil;alves, RS. <\/span><a href=\"https:\/\/fimma.com.br\/\" style=\"color:blue; text-decoration:underline\"><span style=\"font-size:14.0pt\">Informa&ccedil;&otilde;es<\/span><\/a> <\/span><\/span><\/span><\/p>\r\n\r\n<p style=\"text-align:justify\"><span style=\"font-size:11pt\"><span style=\"line-height:normal\"><span style=\"font-family:&quot;Calibri&quot;,sans-serif\"><b><span style=\"font-size:14.0pt\">10&ordm; Congresso Internacional da Inova&ccedil;&atilde;o da Ind&uacute;stria<\/span><\/b><span style=\"font-size:14.0pt\">, 27 e 28 de setembro de 2023, S&atilde;o Paulo Expo.<\/span> <a href=\"https:\/\/www.congressodeinovacao.com.br\/?utm_source=comext&amp;utm_medium=email&amp;utm_campaign=eventos&amp;utm_content=id00053#msdynttrid=gg5jXwSFR7qM4vHH2tKGau3cTwSFDneTjMUhrcPg7vE\" style=\"color:blue; text-decoration:underline\"><span style=\"font-size:14.0pt\">Informa&ccedil;&otilde;es<\/span><\/a> <\/span><\/span><\/span><\/p>\r\n\r\n<p style=\"text-align:justify\"><span style=\"font-size:11pt\"><span style=\"line-height:normal\"><span style=\"font-family:&quot;Calibri&quot;,sans-serif\"><b><span style=\"font-size:14.0pt\">FiltXPO&trade; 2023<\/span><\/b><span class=\"MsoHyperlink\" style=\"color:blue\"><span style=\"text-decoration:underline\"><span style=\"font-size:14.0pt\"><span style=\"text-decoration:none\"><span style=\"text-underline:none\">, <\/span><\/span><\/span><\/span><\/span><span style=\"font-size:14.0pt\">October 10-12, 2023 at Navy Pier in Chicago, Illinois<\/span><span class=\"MsoHyperlink\" style=\"color:blue\"><span style=\"text-decoration:underline\"><span style=\"font-size:14.0pt\"><span style=\"text-decoration:none\"><span style=\"text-underline:none\">. <\/span><\/span><\/span><\/span><\/span><a href=\"https:\/\/www.filtxpo.com\/\" style=\"color:blue; text-decoration:underline\"><span style=\"font-size:14.0pt\">Informa&ccedil;&otilde;es<\/span><\/a> <\/span><\/span><\/span><\/p>\r\n\r\n<p style=\"text-align:justify\"><span style=\"font-size:11pt\"><span style=\"line-height:normal\"><span style=\"font-family:&quot;Calibri&quot;,sans-serif\"><b><span style=\"font-size:14.0pt\">SENAI-CETIQT | P&oacute;s-gradua&ccedil;&atilde;o &ldquo;P&oacute;s-gradua&ccedil;&atilde;o em Economia Circular e Produ&ccedil;&atilde;o Sustent&aacute;vel&rdquo;. <\/span><\/b><a href=\"https:\/\/materiais.senaicetiqt.com\/pos-graduacao-economia-circular-e-producao-sustentavel?utm_campaign=senai_cetiqt___oferta_do_curso_economia_circular&amp;utm_medium=email&amp;utm_source=RD+Station\" style=\"color:blue; text-decoration:underline\"><span style=\"font-size:14.0pt\">Informa&ccedil;&otilde;es<\/span><\/a> <\/span><\/span><\/span><\/p>\r\n\r\n<p style=\"text-align:justify\"><span style=\"font-size:11pt\"><span style=\"line-height:normal\"><span style=\"font-family:&quot;Calibri&quot;,sans-serif\"><b><span style=\"font-size:14.0pt\">SENAI-CETIQT | P&oacute;s-gradua&ccedil;&atilde;o &ldquo;Produtos de Alta Performance &agrave; Base de Materiais Comp&oacute;sitos&rdquo;<\/span><\/b><span style=\"font-size:14.0pt\">. <\/span><a href=\"https:\/\/materiais.senaicetiqt.com\/pos-graduacao-produtos-de-alta-performance-a-base-de-materiais-compositos?utm_campaign=senai_cetiqt___oferta_do_curso_materiais_compositos&amp;utm_medium=email&amp;utm_source=RD+Station\" style=\"color:blue; text-decoration:underline\"><span style=\"font-size:14.0pt\">Informa&ccedil;&otilde;es<\/span><\/a> <\/span><\/span><\/span><\/p>\r\n\r\n<p class=\"MsoTitle\" style=\"text-align:justify\"><span style=\"font-size:28pt\"><span style=\"font-family:&quot;Cambria&quot;,serif\"><span style=\"letter-spacing:-0.5pt\"><b><span style=\"font-size:18.0pt\"><span style=\"font-family:&quot;Calibri&quot;,sans-serif\"><span style=\"font-variant:small-caps\">Setor<\/span><\/span><\/span><\/b><\/span><\/span><\/span><\/p>\r\n\r\n<p class=\"MsoTitleCxSpFirst\" style=\"text-align:justify\">&nbsp;<\/p>\r\n\r\n<p style=\"text-align:justify\"><span style=\"font-size:11pt\"><span style=\"line-height:normal\"><span style=\"font-family:&quot;Calibri&quot;,sans-serif\"><span class=\"MsoHyperlink\" style=\"color:blue\"><span style=\"text-decoration:underline\"><span style=\"font-size:14.0pt\"><a href=\"https:\/\/sinditextilsp.org.br\/home\/2023\/05\/nova-diretoria-do-sinditextil-sp-toma-posse\/\" style=\"color:blue; text-decoration:underline\">Nova Diretoria do Sindit&ecirc;xtil-SP toma posse<\/a><\/span><\/span><\/span><\/span><\/span><\/span><\/p>\r\n\r\n<p style=\"text-align:justify\"><span style=\"font-size:11pt\"><span style=\"line-height:normal\"><span style=\"font-family:&quot;Calibri&quot;,sans-serif\"><span class=\"MsoHyperlink\" style=\"color:blue\"><span style=\"text-decoration:underline\"><span style=\"font-size:14.0pt\"><a href=\"https:\/\/blogdoplastico.wordpress.com\/2023\/05\/18\/nao-tecidos-sao-excluidos-da-lista-covid\/\" style=\"color:blue; text-decoration:underline\">N&atilde;o-tecidos s&atilde;o exclu&iacute;dos da Lista COVID<\/a><\/span><\/span><\/span><\/span><\/span><\/span><\/p>\r\n\r\n<p style=\"text-align:justify\"><span style=\"font-size:11pt\"><span style=\"line-height:normal\"><span style=\"font-family:&quot;Calibri&quot;,sans-serif\"><span class=\"MsoHyperlink\" style=\"color:blue\"><span style=\"text-decoration:underline\"><span style=\"font-size:14.0pt\"><a href=\"https:\/\/plasticosemrevista.com.br\/poliolefinas-retomada-mundial-depende-da-china\/\" style=\"color:blue; text-decoration:underline\">Poliolefinas: retomada mundial depende da China<\/a><\/span><\/span><\/span><\/span><\/span><\/span><\/p>\r\n\r\n<p style=\"text-align:justify\"><span style=\"font-size:11pt\"><span style=\"line-height:normal\"><span style=\"font-family:&quot;Calibri&quot;,sans-serif\"><span class=\"MsoHyperlink\" style=\"color:blue\"><span style=\"text-decoration:underline\"><span style=\"font-size:14.0pt\"><a href=\"https:\/\/economia.uol.com.br\/noticias\/redacao\/2023\/05\/18\/braskem-sera-vendida-entenda-oferta-de-compra-e-o-que-esta-em-jogo.htm\" style=\"color:blue; text-decoration:underline\">Braskem &agrave; venda? Entenda oferta, fatia da Petrobras e o que est&aacute; em jogo<\/a><\/span><\/span><\/span><\/span><\/span><\/span><\/p>\r\n\r\n<p style=\"text-align:justify\"><span style=\"font-size:11pt\"><span style=\"line-height:normal\"><span style=\"font-family:&quot;Calibri&quot;,sans-serif\"><span class=\"MsoHyperlink\" style=\"color:blue\"><span style=\"text-decoration:underline\"><span style=\"font-size:14.0pt\"><a href=\"https:\/\/revistaoeste.com\/economia\/petrobras-anuncia-fim-da-paridade-internacional-de-precos\/\" style=\"color:blue; text-decoration:underline\">Petrobras anuncia nova pol&iacute;tica de pre&ccedil;os para os combust&iacute;veis<\/a><\/span><\/span><\/span><\/span><\/span><\/span><\/p>\r\n\r\n<p class=\"MsoTitle\" style=\"text-align:justify\"><span style=\"font-size:28pt\"><span style=\"font-family:&quot;Cambria&quot;,serif\"><span style=\"letter-spacing:-0.5pt\"><b><span style=\"font-size:18.0pt\"><span style=\"font-family:&quot;Calibri&quot;,sans-serif\"><span style=\"font-variant:small-caps\">Ind&uacute;stria<\/span><\/span><\/span><\/b><\/span><\/span><\/span><\/p>\r\n\r\n<p style=\"text-align:justify\"><span style=\"font-size:11pt\"><span style=\"line-height:normal\"><span style=\"font-family:&quot;Calibri&quot;,sans-serif\"><a href=\"https:\/\/noticias.portaldaindustria.com.br\/noticias\/economia\/industria-ve-recuperacao-das-condicoes-atuais-em-maio-mas-expectativas-se-retraem\/\" style=\"color:blue; text-decoration:underline\"><span style=\"font-size:14.0pt\">Ind&uacute;stria v&ecirc; recupera&ccedil;&atilde;o das condi&ccedil;&otilde;es atuais em maio, mas expectativas se retraem<\/span><\/a><\/span><\/span><\/span><\/p>\r\n\r\n<p style=\"text-align:justify\"><span style=\"font-size:11pt\"><span style=\"line-height:normal\"><span style=\"font-family:&quot;Calibri&quot;,sans-serif\"><span class=\"MsoHyperlink\" style=\"color:blue\"><span style=\"text-decoration:underline\"><span style=\"font-size:14.0pt\"><a href=\"https:\/\/guaiba.com.br\/2023\/05\/17\/consumo-de-calcados-deve-aumentar-mais-de-3-em-2023-diz-abicalcados\/\" style=\"color:blue; text-decoration:underline\">Consumo de cal&ccedil;ados deve aumentar mais de 3% em 2023, diz Abical&ccedil;ados<\/a><\/span><\/span><\/span><\/span><\/span><\/span><\/p>\r\n\r\n<p style=\"text-align:justify\"><span style=\"font-size:11pt\"><span style=\"line-height:normal\"><span style=\"font-family:&quot;Calibri&quot;,sans-serif\"><span class=\"MsoHyperlink\" style=\"color:blue\"><span style=\"text-decoration:underline\"><span style=\"font-size:14.0pt\"><a href=\"https:\/\/noticias.portaldaindustria.com.br\/noticias\/economia\/empresarios-da-construcao-estao-otimistas-em-relacao-aos-proximos-seis-meses-aponta-cni\/\" style=\"color:blue; text-decoration:underline\">Empres&aacute;rios da constru&ccedil;&atilde;o est&atilde;o otimistas em rela&ccedil;&atilde;o aos pr&oacute;ximos seis meses, aponta CNI<\/a><\/span><\/span><\/span><\/span><\/span><\/span><\/p>\r\n\r\n<p style=\"text-align:justify\"><span style=\"font-size:11pt\"><span style=\"line-height:normal\"><span style=\"font-family:&quot;Calibri&quot;,sans-serif\"><span class=\"MsoHyperlink\" style=\"color:blue\"><span style=\"text-decoration:underline\"><span style=\"font-size:14.0pt\"><a href=\"https:\/\/noticias.portaldaindustria.com.br\/noticias\/infraestrutura\/10-dos-14-indicadores-de-infraestrutura-tem-alta-em-2022-diz-cni\/\" style=\"color:blue; text-decoration:underline\">10 dos 14 indicadores de infraestrutura t&ecirc;m alta em 2022, diz CNI<\/a><\/span><\/span><\/span><\/span><\/span><\/span><\/p>\r\n\r\n<p style=\"text-align:justify\"><span style=\"font-size:11pt\"><span style=\"line-height:normal\"><span style=\"font-family:&quot;Calibri&quot;,sans-serif\"><span class=\"MsoHyperlink\" style=\"color:blue\"><span style=\"text-decoration:underline\"><span style=\"font-size:14.0pt\"><a href=\"https:\/\/exame.com\/bussola\/e-preciso-industrializar-a-construcao-civil-no-brasil\/\" style=\"color:blue; text-decoration:underline\">&Eacute; preciso industrializar a constru&ccedil;&atilde;o civil no Brasil<\/a><\/span><\/span><\/span><\/span><\/span><\/span><\/p>\r\n\r\n<p style=\"text-align:justify\"><span style=\"font-size:11pt\"><span style=\"line-height:normal\"><span style=\"font-family:&quot;Calibri&quot;,sans-serif\"><span class=\"MsoHyperlink\" style=\"color:blue\"><span style=\"text-decoration:underline\"><span style=\"font-size:14.0pt\"><a href=\"https:\/\/app.rdstation.email\/mail\/2795b041-c859-4295-b68e-465325be1e87\" style=\"color:blue; text-decoration:underline\">STJ - exclus&atilde;o de benef&iacute;cios fiscais de ICMS da base de c&aacute;lculo do IRPJ\/CSLL<\/a><\/span><\/span><\/span><\/span><\/span><\/span><\/p>\r\n\r\n<p class=\"MsoTitle\" style=\"text-align:justify\"><span style=\"font-size:28pt\"><span style=\"font-family:&quot;Cambria&quot;,serif\"><span style=\"letter-spacing:-0.5pt\"><b><span style=\"font-size:18.0pt\"><span style=\"font-family:&quot;Calibri&quot;,sans-serif\"><span style=\"font-variant:small-caps\">Sustentabilidade<\/span><\/span><\/span><\/b><\/span><\/span><\/span><\/p>\r\n\r\n<p style=\"text-align:justify\"><span style=\"font-size:11pt\"><span style=\"line-height:normal\"><span style=\"font-family:&quot;Calibri&quot;,sans-serif\"><a href=\"https:\/\/www.dw.com\/pt-br\/enzimas-podem-ajudar-a-resolver-a-crise-do-pl%C3%A1stico\/a-65678119#amp_tf=De%20%251%24s&amp;aoh=16846846127057&amp;csi=0&amp;referrer=https%3A%2F%2Fwww.google.com&amp;ampshare=https%3A%2F%2Fwww.dw.com%2Fpt-br%2Fenzimas-podem-ajudar-a-resolver-a-crise-do-pl%25C3%25A1stico%2Fa-65678119\" style=\"color:blue; text-decoration:underline\"><span style=\"font-size:14.0pt\">Enzimas podem ajudar a resolver a crise do pl&aacute;stico?<\/span><\/a><\/span><\/span><\/span><\/p>\r\n\r\n<p style=\"text-align:justify\"><span style=\"font-size:11pt\"><span style=\"line-height:normal\"><span style=\"font-family:&quot;Calibri&quot;,sans-serif\"><span class=\"MsoHyperlink\" style=\"color:blue\"><span style=\"text-decoration:underline\"><span style=\"font-size:14.0pt\"><a href=\"https:\/\/grandesconstrucoes.com.br\/Noticias\/Exibir\/construcao-civil-investe-cada-vez-mais-em-tecnologia-para-amenizar-geracao-de-residuos\" style=\"color:blue; text-decoration:underline\">Constru&ccedil;&atilde;o Civil investe cada vez mais em tecnologia para amenizar gera&ccedil;&atilde;o de res&iacute;duos<\/a><\/span><\/span><\/span><\/span><\/span><\/span><\/p>\r\n\r\n<p style=\"text-align:justify\"><span style=\"font-size:11pt\"><span style=\"line-height:normal\"><span style=\"font-family:&quot;Calibri&quot;,sans-serif\"><span class=\"MsoHyperlink\" style=\"color:blue\"><span style=\"text-decoration:underline\"><span style=\"font-size:14.0pt\"><a href=\"https:\/\/grandesconstrucoes.com.br\/Noticias\/Exibir\/descarbonizacao-na-construcao-civil-e-um-caminho-possivel?utm_source=akna&amp;utm_medium=email&amp;utm_campaign=Grandes-Construcoes-Informativo-862-18-05-2023&amp;utm_source=akna&amp;utm_medium=email&amp;utm_campaign=Grandes-Construcoes-Informativo-862-18-05-2023\" style=\"color:blue; text-decoration:underline\">Descarboniza&ccedil;&atilde;o na constru&ccedil;&atilde;o civil &eacute; um caminho poss&iacute;vel<\/a><\/span><\/span><\/span><\/span><\/span><\/span><\/p>\r\n\r\n<p style=\"text-align:justify\"><span style=\"font-size:11pt\"><span style=\"line-height:normal\"><span style=\"font-family:&quot;Calibri&quot;,sans-serif\"><span class=\"MsoHyperlink\" style=\"color:blue\"><span style=\"text-decoration:underline\"><span style=\"font-size:14.0pt\"><a href=\"https:\/\/www.prensalatina.com.br\/2023\/05\/21\/reuniao-do-g20-sobre-sustentabilidade-ambiental-e-realizada-na-india\/\" style=\"color:blue; text-decoration:underline\">Reuni&atilde;o do G20 sobre sustentabilidade ambiental &eacute; realizada na &Iacute;ndia<\/a><\/span><\/span><\/span><\/span><\/span><\/span><\/p>\r\n\r\n<p style=\"text-align:justify\"><span style=\"font-size:11pt\"><span style=\"line-height:normal\"><span style=\"font-family:&quot;Calibri&quot;,sans-serif\"><span class=\"MsoHyperlink\" style=\"color:blue\"><span style=\"text-decoration:underline\"><span style=\"font-size:14.0pt\"><a href=\"https:\/\/www.gov.br\/planalto\/pt-br\/acompanhe-o-planalto\/noticias\/2023\/05\/alckmin-destaca-papel-da-sustentabilidade-para-o-brasil-se-tornar-mais-competitivo\" style=\"color:blue; text-decoration:underline\">Alckmin destaca papel da sustentabilidade para o Brasil se tornar mais competitivo<\/a><\/span><\/span><\/span><\/span><\/span><\/span><\/p>\r\n\r\n<p style=\"text-align:justify\"><span style=\"font-size:11pt\"><span style=\"line-height:normal\"><span style=\"font-family:&quot;Calibri&quot;,sans-serif\"><span class=\"MsoHyperlink\" style=\"color:blue\"><span style=\"text-decoration:underline\"><span style=\"font-size:14.0pt\"><a href=\"https:\/\/www.innovationintextiles.com\/fibres-yarns-fabrics\/220-tons-of-ppe-waste-diverted-in-2022\/\" style=\"color:blue; text-decoration:underline\">220 tons of PPE waste diverted in 2022<\/a><\/span><\/span><\/span><\/span><\/span><\/span><\/p>\r\n\r\n<p style=\"text-align:justify\"><span style=\"font-size:11pt\"><span style=\"line-height:normal\"><span style=\"font-family:&quot;Calibri&quot;,sans-serif\"><span class=\"MsoHyperlink\" style=\"color:blue\"><span style=\"text-decoration:underline\"><span style=\"font-size:14.0pt\"><a href=\"https:\/\/www.zerocarbonacademy.com\/posts\/the-textile-sector-is-failing-to-match-other-sectors-in-terms-of-executive-compensation-tied-to-sustainability\" style=\"color:blue; text-decoration:underline\">The textile sector is failing to match other sectors in terms of executive compensation tied to sustainability<\/a><\/span><\/span><\/span><\/span><\/span><\/span><\/p>\r\n\r\n<p style=\"text-align:justify\"><span style=\"font-size:11pt\"><span style=\"line-height:normal\"><span style=\"font-family:&quot;Calibri&quot;,sans-serif\"><span class=\"MsoHyperlink\" style=\"color:blue\"><span style=\"text-decoration:underline\"><span style=\"font-size:14.0pt\"><a href=\"https:\/\/phys.org\/news\/2023-05-plastic-pollution.html?utm_source=nwletter&amp;utm_medium=email&amp;utm_campaign=daily-nwletter\" style=\"color:blue; text-decoration:underline\">Plastic pollution could be cut by 80% by 2040, says UN report<\/a><\/span><\/span><\/span><\/span><\/span><\/span><\/p>\r\n\r\n<p style=\"text-align:justify\"><span style=\"font-size:11pt\"><span style=\"line-height:normal\"><span style=\"font-family:&quot;Calibri&quot;,sans-serif\"><span class=\"MsoHyperlink\" style=\"color:blue\"><span style=\"text-decoration:underline\"><span style=\"font-size:14.0pt\"><a href=\"https:\/\/phys.org\/news\/2023-05-years-critical-slash-plastic-pollution.html?utm_source=nwletter&amp;utm_medium=email&amp;utm_campaign=daily-nwletter\" style=\"color:blue; text-decoration:underline\">Coming years &#39;critical&#39; to slash plastic pollution: UN<\/a><\/span><\/span><\/span><\/span><\/span><\/span><\/p>\r\n\r\n<p class=\"MsoTitleCxSpMiddle\" style=\"text-align:justify\">&nbsp;<\/p>\r\n\r\n<p class=\"MsoTitle\" style=\"text-align:justify\"><span style=\"font-size:28pt\"><span style=\"font-family:&quot;Cambria&quot;,serif\"><span style=\"letter-spacing:-0.5pt\"><b><span style=\"font-size:18.0pt\"><span style=\"font-family:&quot;Calibri&quot;,sans-serif\"><span style=\"font-variant:small-caps\">Inova&ccedil;&atilde;o<\/span><\/span><\/span><\/b><\/span><\/span><\/span><\/p>\r\n\r\n<p style=\"text-align:justify\"><span style=\"font-size:11pt\"><span style=\"line-height:normal\"><span style=\"font-family:&quot;Calibri&quot;,sans-serif\"><span class=\"MsoHyperlink\" style=\"color:blue\"><span style=\"text-decoration:underline\"><span style=\"font-size:14.0pt\"><a href=\"https:\/\/agenciasebrae.com.br\/inovacao\/fundo-nacional-destinado-a-inovacao-tera-r-99-bilhoes-para-investimentos-em-2023\/\" style=\"color:blue; text-decoration:underline\">Fundo nacional destinado &agrave; inova&ccedil;&atilde;o ter&aacute; R$ 9,9 bilh&otilde;es para investimentos em 2023<\/a><\/span><\/span><\/span><\/span><\/span><\/span><\/p>\r\n\r\n<p style=\"text-align:justify\"><span style=\"font-size:11pt\"><span style=\"line-height:normal\"><span style=\"font-family:&quot;Calibri&quot;,sans-serif\"><a href=\"https:\/\/techxplore.com\/news\/2023-05-additively-soft-robots.html?utm_source=nwletter&amp;utm_medium=email&amp;utm_campaign=daily-nwletter\" style=\"color:blue; text-decoration:underline\"><span style=\"font-size:14.0pt\">Additively manufacturing soft robots could reduce waste, increase performance<\/span><\/a><\/span><\/span><\/span><\/p>\r\n\r\n<p class=\"MsoTitleCxSpFirst\" style=\"text-align:justify\"><span style=\"font-size:28pt\"><span style=\"font-family:&quot;Cambria&quot;,serif\"><span style=\"letter-spacing:-0.5pt\"><b><span style=\"font-size:18.0pt\"><span style=\"font-family:&quot;Calibri&quot;,sans-serif\"><span style=\"font-variant:small-caps\">Com&eacute;rcio Exterior<\/span><\/span><\/span><\/b><\/span><\/span><\/span><\/p>\r\n\r\n<p style=\"text-align:justify\"><span style=\"font-size:11pt\"><span style=\"line-height:normal\"><span style=\"font-family:&quot;Calibri&quot;,sans-serif\"><span class=\"MsoHyperlink\" style=\"color:blue\"><span style=\"text-decoration:underline\"><span style=\"font-size:14.0pt\"><a href=\"https:\/\/noticias.portaldaindustria.com.br\/noticias\/internacional\/com-acordo-mercosul-ue-quase-3-mil-produtos-terao-imposto-zerado-ao-entrarem-na-europa\/\" style=\"color:blue; text-decoration:underline\">Com Acordo Mercosul-UE, quase 3 mil produtos ter&atilde;o imposto zerado ao entrarem na Europa<\/a><\/span><\/span><\/span><\/span><\/span><\/span><\/p>\r\n\r\n<p style=\"text-align:justify\"><span style=\"font-size:11pt\"><span style=\"line-height:normal\"><span style=\"font-family:&quot;Calibri&quot;,sans-serif\"><span class=\"MsoHyperlink\" style=\"color:blue\"><span style=\"text-decoration:underline\"><span style=\"font-size:14.0pt\"><a href=\"https:\/\/static.portaldaindustria.com.br\/media\/filer_public\/43\/56\/43564f30-d384-4dea-b913-810138a2e61e\/informepoliticacomercial_23_15_conselhodeministros_camex.pdf\" style=\"color:blue; text-decoration:underline\">Delibera&ccedil;&otilde;es da 1&ordf; Reuni&atilde;o Ordin&aacute;ria do Conselho Estrat&eacute;gico da Camex<\/a><\/span><\/span><\/span><\/span><\/span><\/span><\/p>\r\n\r\n<p style=\"text-align:justify\"><span style=\"font-size:11pt\"><span style=\"line-height:normal\"><span style=\"font-family:&quot;Calibri&quot;,sans-serif\"><span class=\"MsoHyperlink\" style=\"color:blue\"><span style=\"text-decoration:underline\"><span style=\"font-size:14.0pt\"><a href=\"https:\/\/economia.uol.com.br\/noticias\/estadao-conteudo\/2023\/05\/15\/balanca-comercial-tem-superavit-de-us-1899-bilhao-na-2-semana-de-maio.htm\" style=\"color:blue; text-decoration:underline\">Balan&ccedil;a comercial tem super&aacute;vit de US$ 1,899 bi na segunda semana de maio<\/a><\/span><\/span><\/span><\/span><\/span><\/span><\/p>\r\n\r\n<p style=\"text-align:justify\"><span style=\"font-size:11pt\"><span style=\"line-height:normal\"><span style=\"font-family:&quot;Calibri&quot;,sans-serif\"><span class=\"MsoHyperlink\" style=\"color:blue\"><span style=\"text-decoration:underline\"><span style=\"font-size:14.0pt\"><a href=\"https:\/\/economia.uol.com.br\/noticias\/estadao-conteudo\/2023\/05\/18\/agro-deve-manter-dinamismo-da-balanca-comercial-apesar-de-queda-nos-precos-mostra-icomex.htm\" style=\"color:blue; text-decoration:underline\">Agro deve manter dinamismo da balan&ccedil;a comercial, apesar de queda nos pre&ccedil;os, mostra Icomex<\/a><\/span><\/span><\/span><\/span><\/span><\/span><\/p>\r\n\r\n<p style=\"text-align:justify\"><span style=\"font-size:11pt\"><span style=\"line-height:normal\"><span style=\"font-family:&quot;Calibri&quot;,sans-serif\"><span class=\"MsoHyperlink\" style=\"color:blue\"><span style=\"text-decoration:underline\"><span style=\"font-size:14.0pt\"><a href=\"https:\/\/agenciabrasil.ebc.com.br\/internacional\/noticia\/2023-05\/g7-tensao-entre-china-e-taiwan-deve-ser-foco-em-tratativas-com-brasil\" style=\"color:blue; text-decoration:underline\">G7: Tens&atilde;o entre China e Taiwan deve ser foco em tratativas com Brasil<\/a><\/span><\/span><\/span><\/span><\/span><\/span><\/p>\r\n\r\n<p style=\"text-align:justify\"><span style=\"font-size:11pt\"><span style=\"line-height:normal\"><span style=\"font-family:&quot;Calibri&quot;,sans-serif\"><span class=\"MsoHyperlink\" style=\"color:blue\"><span style=\"text-decoration:underline\"><span style=\"font-size:14.0pt\"><a href=\"https:\/\/jornaldebrasilia.com.br\/noticias\/politica-e-poder\/lula-promete-a-vietna-tentar-acordo-comercial-entre-pais-e-mercosul\/\" style=\"color:blue; text-decoration:underline\">Lula promete a Vietn&atilde; tentar acordo comercial entre pa&iacute;s e Mercosul<\/a><\/span><\/span><\/span><\/span><\/span><\/span><\/p>\r\n\r\n<p style=\"text-align:justify\"><span style=\"font-size:11pt\"><span style=\"line-height:normal\"><span style=\"font-family:&quot;Calibri&quot;,sans-serif\"><span class=\"MsoHyperlink\" style=\"color:blue\"><span style=\"text-decoration:underline\"><span style=\"font-size:14.0pt\"><a href=\"https:\/\/apexbrasil.com.br\/content\/apexbrasil\/br\/pt\/conteudo\/noticias\/autodiagnostico--apexbrasil-lanca-ferramenta-para-avaliar-se-sua.html?msdynttrid=LiuOp_1NJsd7zVS9ANSBhOgY8E78YiJslcTcn9lSL5k#msdynttrid=iIZbWNiwrjX5BgN-c9OZl2IINnycgmsvDVtl_WtNrsw\" style=\"color:blue; text-decoration:underline\">Autodiagn&oacute;stico: ApexBrasil lan&ccedil;a ferramenta para avaliar se sua empresa est&aacute; pronta para exportar via e-commerce<\/a><\/span><\/span><\/span><\/span><\/span><\/span><\/p>\r\n\r\n<p style=\"text-align:justify\"><span style=\"font-size:11pt\"><span style=\"line-height:normal\"><span style=\"font-family:&quot;Calibri&quot;,sans-serif\"><span class=\"MsoHyperlink\" style=\"color:blue\"><span style=\"text-decoration:underline\"><span style=\"font-size:14.0pt\"><a href=\"https:\/\/apexbrasil.com.br\/content\/apexbrasil\/br\/pt\/conteudo\/noticias\/ApexBrasil-lanca-Perfil-Pais-sobre-Paises-Baixos-Reino-Unido-Japao.html?msdynttrid=FOR8IYqW9_AFsPFzS5di0-5OHBI4ooau3gaEbIaQY0k#msdynttrid=rwPIrA4cvMA5LH__2Bq-RyAFE6oHKNGrzNaLy4Gc4x0\" style=\"color:blue; text-decoration:underline\">ApexBrasil lan&ccedil;a estudos Perfil Pa&iacute;s sobre Pa&iacute;ses Baixos, Reino Unido e Jap&atilde;o<\/a><\/span><\/span><\/span><\/span><\/span><\/span><\/p>\r\n\r\n<p style=\"text-align:justify\"><span style=\"font-size:11pt\"><span style=\"line-height:normal\"><span style=\"font-family:&quot;Calibri&quot;,sans-serif\"><span class=\"MsoHyperlink\" style=\"color:blue\"><span style=\"text-decoration:underline\"><span style=\"font-size:14.0pt\"><a href=\"https:\/\/www.iadb.org\/pt\/noticias\/america-latina-e-caribe-recuperacao-economica-e-os-precos-mais-altos-das-commodities?utm_source=Email&amp;utm_medium=News&amp;utm_campaign=&amp;utm_term=News&amp;j=849149&amp;sfmc_sub=194913938&amp;l=1678_HTML&amp;u=15846061&amp;mid=100007543&amp;jb=1\" style=\"color:blue; text-decoration:underline\">Am&eacute;rica Latina e Caribe: A recupera&ccedil;&atilde;o econ&ocirc;mica e os pre&ccedil;os mais altos das commodities impulsionam aumento da arrecada&ccedil;&atilde;o<\/a><\/span><\/span><\/span><\/span><\/span><\/span><\/p>\r\n\r\n<p style=\"text-align:justify\"><span style=\"font-size:11pt\"><span style=\"line-height:normal\"><span style=\"font-family:&quot;Calibri&quot;,sans-serif\"><a href=\"https:\/\/www.fibre2fashion.com\/news\/textile-news\/china-s-free-trade-zones-see-robust-growth-in-q1-2023-287589-newsdetails.htm\" style=\"color:blue; text-decoration:underline\"><span style=\"font-size:14.0pt\">China&#39;s free trade zones see robust growth in Q1 2023<\/span><\/a><\/span><\/span><\/span><\/p>\r\n\r\n<p class=\"MsoTitleCxSpLast\" style=\"text-align:justify\"><span style=\"font-size:28pt\"><span style=\"font-family:&quot;Cambria&quot;,serif\"><span style=\"letter-spacing:-0.5pt\"><b><span style=\"font-size:18.0pt\"><span style=\"font-family:&quot;Calibri&quot;,sans-serif\"><span style=\"font-variant:small-caps\">Economia<\/span><\/span><\/span><\/b><\/span><\/span><\/span><\/p>\r\n\r\n<p style=\"text-align:justify\"><span style=\"font-size:11pt\"><span style=\"line-height:normal\"><span style=\"font-family:&quot;Calibri&quot;,sans-serif\"><a href=\"https:\/\/www.bcb.gov.br\/content\/focus\/focus\/R20230512.pdf\" style=\"color:blue; text-decoration:underline\"><span style=\"font-size:14.0pt\">Focus &ndash; Relat&oacute;rio de Mercado<\/span><\/a><\/span><\/span><\/span><\/p>\r\n\r\n<p style=\"text-align:justify\"><span style=\"font-size:11pt\"><span style=\"line-height:normal\"><span style=\"font-family:&quot;Calibri&quot;,sans-serif\"><a href=\"https:\/\/portalibre.fgv.br\/noticias\/projecao-do-fgv-ibre-para-o-pib-de-2023-sobe-para-alta-de-08\" style=\"color:blue; text-decoration:underline\"><span style=\"font-size:14.0pt\">Proje&ccedil;&atilde;o do FGV IBRE para o PIB de 2023 sobe, para alta de 0,8%<\/span><\/a><\/span><\/span><\/span><\/p>\r\n\r\n<p style=\"text-align:justify\"><span style=\"font-size:11pt\"><span style=\"line-height:normal\"><span style=\"font-family:&quot;Calibri&quot;,sans-serif\"><a href=\"https:\/\/portalibre.fgv.br\/system\/files\/2023-05\/Monitor%20do%20PIB-FGV%20-%20Maio%20de%202023%20-%20Ref.%20de%20mar%C3%A7o_0.pdf\" style=\"color:blue; text-decoration:underline\"><span style=\"font-size:14.0pt\">Monitor do PIB-FGV<\/span><\/a><\/span><\/span><\/span><\/p>\r\n\r\n<p style=\"text-align:justify\"><span style=\"font-size:11pt\"><span style=\"line-height:normal\"><span style=\"font-family:&quot;Calibri&quot;,sans-serif\"><a href=\"https:\/\/ibre.fgv.br\/blog-da-conjuntura-economica\/artigos\/limites-da-reforma-tributaria-em-colaborar-com-regra-fiscal\" style=\"color:blue; text-decoration:underline\"><span style=\"font-size:14.0pt\">Limites da reforma tribut&aacute;ria em colaborar com a regra fiscal<\/span><\/a><\/span><\/span><\/span><\/p>\r\n\r\n<p style=\"text-align:justify\"><span style=\"font-size:11pt\"><span style=\"line-height:normal\"><span style=\"font-family:&quot;Calibri&quot;,sans-serif\"><a href=\"https:\/\/www.fibre2fashion.com\/news\/textile-news\/eu-economy-to-grow-1-in-2023-1-7-in-2024-spring-2023-forecast-287581-newsdetails.htm\" style=\"color:blue; text-decoration:underline\"><span style=\"font-size:14.0pt\">EU economy to grow 1% in 2023, 1.7% in 2024: Spring 2023 forecast<\/span><\/a><\/span><\/span><\/span><\/p>\r\n","texto_en":"","7":"","imagem":"COMP_banner-padrao-home-destaques-boletim-2023_20230525172530Tv5VlODEm5.jpeg","8":"COMP_banner-padrao-home-destaques-boletim-2023_20230525172530Tv5VlODEm5.jpeg","arquivo":"20230523-NOTICIAS-SEMANAIS.PDF","9":"20230523-NOTICIAS-SEMANAIS.PDF","titulo_arquivo":"","10":"","titulo_arquivo_en":"","11":"","created_at":"2023-05-25 17:25:39","12":"2023-05-25 17:25:39","updated_at":"2023-05-25 17:25:39","13":"2023-05-25 17:25:39"},{"id":65,"0":65,"ordem":158,"1":158,"data":"2023-05-16","2":"2023-05-16","slug":"boletim-de-noticias-semanais-62","3":"boletim-de-noticias-semanais-62","titulo":"Boletim de Not\u00edcias Semanais","4":"Boletim de Not\u00edcias Semanais","titulo_en":"","5":"","texto":"<p style=\"text-align:justify\"><span style=\"font-size:11pt\"><span style=\"line-height:normal\"><span style=\"font-family:&quot;Calibri&quot;,sans-serif\"><span style=\"font-size:14.0pt\">Esta &eacute; uma compila&ccedil;&atilde;o das not&iacute;cias mais relevantes para o setor, incluindo informa&ccedil;&otilde;es sobre acordos internacionais, economia brasileira, sustentabilidade e mat&eacute;rias primas, al&eacute;m de novidades do setor de N&atilde;otecidos e Tecidos T&eacute;cnicos.<\/span><\/span><\/span><\/span><\/p>\r\n\r\n<p class=\"MsoTitleCxSpLast\" style=\"text-align:justify\"><span style=\"font-size:28pt\"><span style=\"font-family:&quot;Cambria&quot;,serif\"><span style=\"letter-spacing:-0.5pt\"><b><span style=\"font-size:18.0pt\"><span style=\"font-family:&quot;Calibri&quot;,sans-serif\"><span style=\"font-variant:small-caps\">A&ccedil;&otilde;es da ABINT<\/span><\/span><\/span><\/b><\/span><\/span><\/span><\/p>\r\n\r\n<p class=\"MsoTitleCxSpLast\" style=\"text-align:justify\"><span style=\"font-size:28pt\"><span style=\"font-family:&quot;Cambria&quot;,serif\"><span style=\"letter-spacing:-0.5pt\"><b><span style=\"font-size:18.0pt\"><span style=\"font-family:&quot;Calibri&quot;,sans-serif\"><span style=\"font-variant:small-caps\"><img src=\"https:\/\/www.abint.org.br\/assets\/img\/editor\/2o-forum-economia-circular-plastico-sul-3_20230516122533soOGc5rP6D.jpg\" style=\"width: 300px; height: 300px;\" \/><\/span><\/span><\/span><\/b><\/span><\/span><\/span><\/p>\r\n\r\n<p style=\"text-align:justify\"><span style=\"font-size:11pt\"><span style=\"line-height:normal\"><span style=\"font-family:&quot;Calibri&quot;,sans-serif\"><b><span style=\"font-size:14.0pt\">A ABINT apoia o 2&ordm; F&oacute;rum Economia Circular Pl&aacute;stico Sul, <\/span><\/b><span style=\"font-size:14.0pt\">que ocorrer&aacute; dias<b> 18 e 19 de maio de 2023, <\/b>Expoagro, Gramado, RS,<b> evento gratuito e h&iacute;brido. <\/b><\/span><a href=\"https:\/\/www.sympla.com.br\/evento\/2-forum-economia-circular-plastico-sul\/1923141\" style=\"color:blue; text-decoration:underline\"><span style=\"font-size:14.0pt\">Informa&ccedil;&otilde;es<\/span><\/a><\/span><\/span><\/span><\/p>\r\n\r\n<p style=\"text-align:justify\">&nbsp;<\/p>\r\n\r\n<p style=\"text-align:justify\"><img src=\"https:\/\/www.abint.org.br\/assets\/img\/editor\/premio-tcc-ic-2023-arte-3_20230516122731CXPlQcMuHI.png\" style=\"width: 300px; height: 300px;\" \/><\/p>\r\n\r\n<p style=\"text-align:justify\"><span style=\"font-size:11pt\"><span style=\"line-height:115%\"><span style=\"font-family:&quot;Calibri&quot;,sans-serif\"><strong><span style=\"font-size:14.0pt\"><span style=\"line-height:115%\"><span style=\"font-family:&quot;Calibri&quot;,sans-serif\">Inscri&ccedil;&otilde;es prorrogadas at&eacute; 31 de maio!<\/span><\/span><\/span><\/strong><\/span><\/span><\/span><\/p>\r\n\r\n<p><span style=\"font-size:11pt\"><span style=\"line-height:115%\"><span style=\"font-family:&quot;Calibri&quot;,sans-serif\"><strong><span style=\"font-size:14.0pt\"><span style=\"line-height:115%\"><span style=\"font-family:&quot;Calibri&quot;,sans-serif\">O <\/span><\/span><\/span><\/strong><b><span style=\"font-size:14.0pt\"><span style=\"line-height:115%\">CTG ABINT e a IGS BRASIL<\/span><\/span><\/b><span style=\"font-size:14.0pt\"><span style=\"line-height:115%\"> convidam aqueles que desenvolveram trabalhos acad&ecirc;micos relacionados aos geossint&eacute;ticos a participarem&nbsp;de mais uma edi&ccedil;&atilde;o do Pr&ecirc;mio TCC\/IC. <\/span><\/span><\/span><\/span><span style=\"line-height:normal\"><span style=\"font-family:&quot;Calibri&quot;,sans-serif\"><a href=\"https:\/\/abint.us2.list-manage.com\/track\/click?u=88818ac6bf44316570fc1bc2f&amp;id=46b014bcf1&amp;e=626265ad22\" style=\"color:blue; text-decoration:underline\" target=\"_blank\"><span style=\"font-size:14.0pt\"><span style=\"color:blue\">Mais informa&ccedil;&otilde;es e inscri&ccedil;&otilde;es<\/span><\/span><\/a><\/span><\/span><\/span><\/p>\r\n\r\n<p>&nbsp;<\/p>\r\n\r\n<p><img src=\"https:\/\/www.abint.org.br\/assets\/img\/editor\/itma-2023-abint-english-417x250_20230516122858nLqV9UjpVN.jpg\" \/><\/p>\r\n\r\n<p style=\"text-align:justify\"><span style=\"font-size:11pt\"><span style=\"line-height:normal\"><span style=\"font-family:&quot;Calibri&quot;,sans-serif\"><b><span style=\"font-size:14.0pt\">A ABINT apoia a ITMA 2023<\/span><\/b><\/span><\/span><\/span><\/p>\r\n\r\n<p style=\"text-align:justify\"><span style=\"font-size:11pt\"><span style=\"line-height:normal\"><span style=\"font-family:&quot;Calibri&quot;,sans-serif\"><span style=\"font-size:14.0pt\">A 19&ordf; edi&ccedil;&atilde;o da maior exposi&ccedil;&atilde;o internacional de tecnologia t&ecirc;xtil e de vestu&aacute;rio do mundo acontecer&aacute; em Mil&atilde;o, It&aacute;lia, de 08 a 14 de junho de 2023. <\/span><a href=\"https:\/\/itma.com\/\" style=\"color:blue; text-decoration:underline\"><span style=\"font-size:14.0pt\">Informa&ccedil;&otilde;es<\/span><\/a><\/span><\/span><\/span><\/p>\r\n\r\n<p style=\"text-align:justify\">&nbsp;<\/p>\r\n\r\n<p style=\"text-align:justify\"><span style=\"font-size:11pt\"><span style=\"line-height:normal\"><span style=\"font-family:&quot;Calibri&quot;,sans-serif\"><span style=\"font-size:14.0pt\"><img src=\"https:\/\/www.abint.org.br\/assets\/img\/editor\/ctg-patrocinador-regeo-2023_20230516123012RCn0JykH8N.jpeg\" style=\"width: 300px; height: 300px;\" \/><\/span><\/span><\/span><\/span><\/p>\r\n\r\n<p style=\"text-align:justify\"><span style=\"font-size:11pt\"><span style=\"line-height:normal\"><span style=\"font-family:&quot;Calibri&quot;,sans-serif\"><b><span style=\"font-size:14.0pt\"><span style=\"font-variant:small-caps\">O CTG ABINT <\/span><\/span><\/b><b><span style=\"font-size:14.0pt\">marcar&aacute; presen&ccedil;a<\/span><\/b><span style=\"font-size:14.0pt\"> nos eventos <b>X Congresso Brasileiro de Geotecnia Ambiental &amp; IX Congresso Brasileiro de Geossint&eacute;ticos - REGEO&rsquo;23 &amp; Geossint&eacute;ticos&rsquo;23<\/b>, que ocorrer&atilde;o de 18 a 21 de julho de 2023, Centro Universit&aacute;rio Jorge Amado &ndash; UNIJORGE, Salvador, BA.<\/span><\/span><\/span><\/span><\/p>\r\n\r\n<p style=\"text-align:justify\"><span style=\"font-size:11.0pt\"><span style=\"line-height:115%\"><span style=\"font-family:&quot;Calibri&quot;,sans-serif\"><a href=\"https:\/\/regeogeossinteticos23.com.br\/\" style=\"color:blue; text-decoration:underline\"><span style=\"font-size:14.0pt\"><span style=\"line-height:115%\">Mais informa&ccedil;&otilde;es e inscri&ccedil;&otilde;es<\/span><\/span><\/a><\/span><\/span><\/span><\/p>\r\n\r\n<p style=\"text-align:justify\">&nbsp;<\/p>\r\n\r\n<p style=\"text-align:justify\"><span style=\"font-size:11.0pt\"><span style=\"line-height:115%\"><span style=\"font-family:&quot;Calibri&quot;,sans-serif\"><span style=\"font-size:14.0pt\"><span style=\"line-height:115%\"><img src=\"https:\/\/www.abint.org.br\/assets\/img\/editor\/minicurso-fernando-regeo-2023_20230516123042WdGUckRlaF.jpeg\" style=\"width: 300px; height: 300px;\" \/><\/span><\/span><\/span><\/span><\/span><\/p>\r\n\r\n<p style=\"text-align:justify\"><span style=\"font-size:11.0pt\"><span style=\"line-height:normal\"><span style=\"font-family:&quot;Calibri&quot;,sans-serif\"><b><span style=\"font-size:14.0pt\">O Eng. Fernando Lavoie, Coordenador do CTG ABINT, ministrar&aacute; Minicurso durante o Regeo&rsquo;23 &amp; Geossint&eacute;ticos&rsquo;23. <\/span><\/b><\/span><\/span><span style=\"line-height:115%\"><span style=\"font-family:&quot;Calibri&quot;,sans-serif\"><a href=\"https:\/\/regeogeossinteticos23.com.br\/inscricoes\/\" style=\"color:blue; text-decoration:underline\"><span style=\"font-size:14.0pt\"><span style=\"line-height:115%\">Inscreva-se!<\/span><\/span><\/a><\/span><\/span><\/span><\/p>\r\n\r\n<p style=\"text-align:justify\">&nbsp;<\/p>\r\n\r\n<p style=\"text-align:justify\"><span style=\"font-size:11pt\"><span style=\"line-height:normal\"><span style=\"font-family:&quot;Calibri&quot;,sans-serif\"><b><span style=\"font-size:18.0pt\"><span style=\"font-variant:small-caps\">Eventos<\/span><\/span><\/b><\/span><\/span><\/span><\/p>\r\n\r\n<p style=\"text-align:justify\"><span style=\"font-size:11pt\"><span style=\"line-height:normal\"><span style=\"font-family:&quot;Calibri&quot;,sans-serif\"><b><span style=\"font-size:14.0pt\">VDMA - Textile Machinery Association | &quot;Way2ITMA: Transforming the World of Textiles: efficient - digital -circular&quot;,<\/span><\/b><span style=\"font-size:14.0pt\"> On 22th May 2023, 2.30 pm &ndash; 3.45 pm (CEST).<\/span> <a href=\"https:\/\/en.industryarena.com\/vdma-textile-machinery\/webinar\/1373899454\" style=\"color:blue; text-decoration:underline\"><span style=\"font-size:14.0pt\">Informa&ccedil;&otilde;es<\/span><\/a>  <\/span><\/span><\/span><\/p>\r\n\r\n<p style=\"text-align:justify\"><span style=\"font-size:11pt\"><span style=\"line-height:normal\"><span style=\"font-family:&quot;Calibri&quot;,sans-serif\"><b><span style=\"font-size:14.0pt\">Workshop Abit | As tend&ecirc;ncias e pol&ecirc;micas da terceiriza&ccedil;&atilde;o no Brasil<\/span><\/b><span class=\"MsoHyperlink\" style=\"color:blue\"><span style=\"text-decoration:underline\"><span style=\"font-size:14.0pt\"><span style=\"text-decoration:none\"><span style=\"text-underline:none\">, <\/span><\/span><\/span><\/span><\/span><span style=\"font-size:14.0pt\">23 de maio de 2023, 09h00.<\/span> <a href=\"https:\/\/produtos.institutoabit.org.br\/prod\/557dc497-7bd7-457e-8fac-bf040367466e?utm_campaign=workshop_terceirizacao&amp;utm_medium=email&amp;utm_source=RD+Station\" style=\"color:blue; text-decoration:underline\"><span style=\"font-size:14.0pt\">Informa&ccedil;&otilde;es<\/span><\/a> <\/span><\/span><\/span><\/p>\r\n\r\n<p style=\"text-align:justify\"><span style=\"font-size:11pt\"><span style=\"line-height:normal\"><span style=\"font-family:&quot;Calibri&quot;,sans-serif\"><b><span style=\"font-size:14.0pt\">SENAI-CETIQT | Curso de Defesa e Inova&ccedil;&atilde;o nas Compras das For&ccedil;as Armadas<\/span><\/b><span style=\"font-size:14.0pt\">, in&iacute;cio em 24 de maio de 2023. <\/span><a href=\"https:\/\/materiais.senaicetiqt.com\/curso-de-defesa?utm_campaign=senai_cetiqt__aplicacao_das_leis_de_defesa_-_curso&amp;utm_medium=email&amp;utm_source=RD+Station\" style=\"color:blue; text-decoration:underline\"><span style=\"font-size:14.0pt\">Informa&ccedil;&otilde;es<\/span><\/a> <\/span><\/span><\/span><\/p>\r\n\r\n<p style=\"text-align:justify\"><span style=\"font-size:11pt\"><span style=\"line-height:normal\"><span style=\"font-family:&quot;Calibri&quot;,sans-serif\"><b><span style=\"font-size:14.0pt\">Hospitalar 2023<\/span><\/b><span style=\"font-size:14.0pt\">, 23 a 26 de maio, S&atilde;o Paulo Expo, Rodovia dos Imigrantes, 1,5 km - Vila &Aacute;gua Funda, S&atilde;o Paulo - SP, 04329-900. <\/span><a href=\"https:\/\/www.hospitalar.com\/pt\/home.html\" style=\"color:blue; text-decoration:underline\"><span style=\"font-size:14.0pt\">Informa&ccedil;&otilde;es<\/span><\/a> <\/span><\/span><\/span><\/p>\r\n\r\n<p style=\"text-align:justify\"><span style=\"font-size:11pt\"><span style=\"line-height:normal\"><span style=\"font-family:&quot;Calibri&quot;,sans-serif\"><b><span style=\"font-size:14.0pt\">Paving Expo 2023<\/span><\/b><span style=\"font-size:14.0pt\">, 24 a 26 de maio, 13h &agrave;s 20 h, Pavilh&atilde;o Azul, Expo Center Norte, S&atilde;o Paulo, SP. <\/span><a href=\"https:\/\/paving.com.br\/\" style=\"color:blue; text-decoration:underline\"><span style=\"font-size:14.0pt\">Informa&ccedil;&otilde;es<\/span><\/a> <\/span><\/span><\/span><\/p>\r\n\r\n<p style=\"text-align:justify\"><span style=\"font-size:11pt\"><span style=\"line-height:normal\"><span style=\"font-family:&quot;Calibri&quot;,sans-serif\"><b><span style=\"font-size:14.0pt\">Apex Brasil | Oficina de Competitividade - Marketing e vendas internacionais<\/span><\/b><span style=\"font-size:14.0pt\">, 25 de maio de 2023, online. <\/span><a href=\"https:\/\/click.apexbrasil.com.br\/mkt\/OficinadeCompetitividade\/OficinadeCompetitividade_Maio2023.pdf#msdynttrid=gpggdktCgef8OkHtMu6GOzzT5tB0WmNyOVZZxoHURfw\" style=\"color:blue; text-decoration:underline\"><span style=\"font-size:14.0pt\">Informa&ccedil;&otilde;es<\/span><\/a> <\/span><\/span><\/span><\/p>\r\n\r\n<p style=\"text-align:justify\"><span style=\"font-size:11pt\"><span style=\"line-height:normal\"><span style=\"font-family:&quot;Calibri&quot;,sans-serif\"><b><span style=\"font-size:14.0pt\">XVI Semin&aacute;rio Reciclagem e Valoriza&ccedil;&atilde;o de Res&iacute;duos S&oacute;lidos<\/span><\/b><span style=\"font-size:14.0pt\">, 31 de maio de 2023, Instituto de Engenharia - Av. Dr. Dante Pazzanese, 120 - Vila Mariana, S&atilde;o Paulo. <\/span><a href=\"https:\/\/www.reciclagemevalorizacao.com.br\/\" style=\"color:blue; text-decoration:underline\"><span style=\"font-size:14.0pt\">Informa&ccedil;&otilde;es<\/span><\/a> <\/span><\/span><\/span><\/p>\r\n\r\n<p style=\"text-align:justify\"><span style=\"font-size:11pt\"><span style=\"line-height:normal\"><span style=\"font-family:&quot;Calibri&quot;,sans-serif\"><b><span style=\"font-size:14.0pt\">The 92nd Textile Institute World Conference: &ldquo;Sustainability of the Textile and Fashion Supply Chain &ndash; Transitioning to Zero Carbon and Zero Waste&rdquo;, <\/span><\/b><span style=\"font-size:14.0pt\">3-6 July 2023, University of Huddersfield, UK. <\/span><a href=\"https:\/\/www.textileinstitute.org\/events\/tiwc\/\" style=\"color:blue; text-decoration:underline\"><span style=\"font-size:14.0pt\">Informa&ccedil;&otilde;es<\/span><\/a> <\/span><\/span><\/span><\/p>\r\n\r\n<p style=\"text-align:justify\"><span style=\"font-size:11pt\"><span style=\"line-height:normal\"><span style=\"font-family:&quot;Calibri&quot;,sans-serif\"><b><span style=\"font-size:14.0pt\">FIMMA BRASIL - Feira Internacional de Fornecedores da Cadeia Produtiva Madeira e M&oacute;veis<\/span><\/b><span style=\"font-size:14.0pt\">, 28 a 31 de agosto de 2023, das 10h &agrave;s 19h, Bento Gon&ccedil;alves, RS. <\/span><a href=\"https:\/\/fimma.com.br\/\" style=\"color:blue; text-decoration:underline\"><span style=\"font-size:14.0pt\">Informa&ccedil;&otilde;es<\/span><\/a> <\/span><\/span><\/span><\/p>\r\n\r\n<p style=\"text-align:justify\"><span style=\"font-size:11pt\"><span style=\"line-height:normal\"><span style=\"font-family:&quot;Calibri&quot;,sans-serif\"><b><span style=\"font-size:14.0pt\">10&ordm; Congresso Internacional da Inova&ccedil;&atilde;o da Ind&uacute;stria<\/span><\/b><span style=\"font-size:14.0pt\">, 27 e 28 de setembro de 2023, S&atilde;o Paulo Expo.<\/span> <a href=\"https:\/\/www.congressodeinovacao.com.br\/?utm_source=comext&amp;utm_medium=email&amp;utm_campaign=eventos&amp;utm_content=id00053#msdynttrid=gg5jXwSFR7qM4vHH2tKGau3cTwSFDneTjMUhrcPg7vE\" style=\"color:blue; text-decoration:underline\"><span style=\"font-size:14.0pt\">Informa&ccedil;&otilde;es<\/span><\/a> <\/span><\/span><\/span><\/p>\r\n\r\n<p style=\"text-align:justify\"><span style=\"font-size:11pt\"><span style=\"line-height:normal\"><span style=\"font-family:&quot;Calibri&quot;,sans-serif\"><b><span style=\"font-size:14.0pt\">FiltXPO&trade; 2023<\/span><\/b><span class=\"MsoHyperlink\" style=\"color:blue\"><span style=\"text-decoration:underline\"><span style=\"font-size:14.0pt\"><span style=\"text-decoration:none\"><span style=\"text-underline:none\">, <\/span><\/span><\/span><\/span><\/span><span style=\"font-size:14.0pt\">October 10-12, 2023 at Navy Pier in Chicago, Illinois<\/span><span class=\"MsoHyperlink\" style=\"color:blue\"><span style=\"text-decoration:underline\"><span style=\"font-size:14.0pt\"><span style=\"text-decoration:none\"><span style=\"text-underline:none\">. <\/span><\/span><\/span><\/span><\/span><a href=\"https:\/\/www.filtxpo.com\/\" style=\"color:blue; text-decoration:underline\"><span style=\"font-size:14.0pt\">Informa&ccedil;&otilde;es<\/span><\/a> <\/span><\/span><\/span><\/p>\r\n\r\n<p style=\"text-align:justify\">&nbsp;<\/p>\r\n\r\n<p style=\"text-align:justify\"><span style=\"font-size:11pt\"><span style=\"line-height:normal\"><span style=\"font-family:&quot;Calibri&quot;,sans-serif\"><b><span style=\"font-size:14.0pt\">SENAI-CETIQT | P&oacute;s-gradua&ccedil;&atilde;o &ldquo;P&oacute;s-gradua&ccedil;&atilde;o em Economia Circular e Produ&ccedil;&atilde;o Sustent&aacute;vel&rdquo;. <\/span><\/b><a href=\"https:\/\/materiais.senaicetiqt.com\/pos-graduacao-economia-circular-e-producao-sustentavel?utm_campaign=senai_cetiqt___oferta_do_curso_economia_circular&amp;utm_medium=email&amp;utm_source=RD+Station\" style=\"color:blue; text-decoration:underline\"><span style=\"font-size:14.0pt\">Informa&ccedil;&otilde;es<\/span><\/a> <\/span><\/span><\/span><\/p>\r\n\r\n<p style=\"text-align:justify\"><span style=\"font-size:11pt\"><span style=\"line-height:normal\"><span style=\"font-family:&quot;Calibri&quot;,sans-serif\"><b><span style=\"font-size:14.0pt\">SENAI-CETIQT | P&oacute;s-gradua&ccedil;&atilde;o &ldquo;Produtos de Alta Performance &agrave; Base de Materiais Comp&oacute;sitos&rdquo;<\/span><\/b><span style=\"font-size:14.0pt\">. <\/span><a href=\"https:\/\/materiais.senaicetiqt.com\/pos-graduacao-produtos-de-alta-performance-a-base-de-materiais-compositos?utm_campaign=senai_cetiqt___oferta_do_curso_materiais_compositos&amp;utm_medium=email&amp;utm_source=RD+Station\" style=\"color:blue; text-decoration:underline\"><span style=\"font-size:14.0pt\">Informa&ccedil;&otilde;es<\/span><\/a> <\/span><\/span><\/span><\/p>\r\n\r\n<p class=\"MsoTitle\" style=\"text-align:justify\"><span style=\"font-size:28pt\"><span style=\"font-family:&quot;Cambria&quot;,serif\"><span style=\"letter-spacing:-0.5pt\"><b><span style=\"font-size:18.0pt\"><span style=\"font-family:&quot;Calibri&quot;,sans-serif\"><span style=\"font-variant:small-caps\">Setor<\/span><\/span><\/span><\/b><\/span><\/span><\/span><\/p>\r\n\r\n<p style=\"text-align:justify\"><span style=\"font-size:11pt\"><span style=\"line-height:normal\"><span style=\"font-family:&quot;Calibri&quot;,sans-serif\"><a href=\"https:\/\/braziljournal.com\/play\/petroquimica-vive-ciclo-de-baixa-recuperacao-so-a-partir-de-2024-diz-ceo-da-braskem\/\" style=\"color:blue; text-decoration:underline\"><span style=\"font-size:14.0pt\">Petroqu&iacute;mica vive ciclo de baixa; recupera&ccedil;&atilde;o s&oacute; a partir de 2024, diz CEO da Braskem<\/span><\/a><\/span><\/span><\/span><\/p>\r\n\r\n<p style=\"text-align:justify\"><span style=\"font-size:11pt\"><span style=\"line-height:normal\"><span style=\"font-family:&quot;Calibri&quot;,sans-serif\"><a href=\"https:\/\/plasticosemrevista.com.br\/canada-industria-reage-a-plasticofobia-do-governo\/\" style=\"color:blue; text-decoration:underline\"><span style=\"font-size:14.0pt\">Canad&aacute;: ind&uacute;stria reage &agrave; &lsquo;plasticofobia&rsquo; do governo<\/span><\/a><\/span><\/span><\/span><\/p>\r\n\r\n<p style=\"text-align:justify\"><span style=\"font-size:11pt\"><span style=\"line-height:normal\"><span style=\"font-family:&quot;Calibri&quot;,sans-serif\"><a href=\"https:\/\/www.moneytimes.com.br\/4-destinos-possiveis-para-braskem-brkm5-segundo-ubs-bb\/\" style=\"color:blue; text-decoration:underline\"><span style=\"font-size:14.0pt\">4 destinos poss&iacute;veis para Braskem (BRKM5), segundo UBS BB<\/span><\/a><\/span><\/span><\/span><\/p>\r\n\r\n<p style=\"text-align:justify\"><span style=\"font-size:11pt\"><span style=\"line-height:normal\"><span style=\"font-family:&quot;Calibri&quot;,sans-serif\"><a href=\"https:\/\/www.nonwovens-industry.com\/contents\/view_features\/2023-05-04\/index-23-nonwovens-industry-gathers-in-geneva-switzerland?utm_campaign=NON+Issue+Alert&amp;utm_medium=email&amp;_hsmi=258367699&amp;_hsenc=p2ANqtz-9zuw9GDMtHcP_V6LNNS4WWuJVrbv9iUgqMI95gRyet956ukX7cYEOV7b1dtDAsFgf5AKnh4tpeZp2pwQUZI4iE5CwgUQ&amp;utm_content=258367699&amp;utm_source=hs_email\" style=\"color:blue; text-decoration:underline\"><span style=\"font-size:14.0pt\">The Plastic Problem<\/span><\/a><\/span><\/span><\/span><\/p>\r\n\r\n<p style=\"text-align:justify\"><span style=\"font-size:11pt\"><span style=\"line-height:normal\"><span style=\"font-family:&quot;Calibri&quot;,sans-serif\"><a href=\"https:\/\/plasticosemrevista.com.br\/polietileno-agruras-da-china-e-sequelas-mundiais\/\" style=\"color:blue; text-decoration:underline\"><span style=\"font-size:14.0pt\">Polietileno: agruras da China e sequelas mundiais<\/span><\/a><\/span><\/span><\/span><\/p>\r\n\r\n<p style=\"text-align:justify\"><span style=\"font-size:11pt\"><span style=\"line-height:normal\"><span style=\"font-family:&quot;Calibri&quot;,sans-serif\"><a href=\"https:\/\/tissueonline.com.br\/setor-de-higiene-pessoal-preve-avanco-da-industria-com-reforma-tributaria\/?utm_campaign=newsletter_12052023_novo_modelo&amp;utm_medium=email&amp;utm_source=RD+Station\" style=\"color:blue; text-decoration:underline\"><span style=\"font-size:14.0pt\">Setor de higiene pessoal prev&ecirc; avan&ccedil;o da ind&uacute;stria com reforma tribut&aacute;ria<\/span><\/a><\/span><\/span><\/span><\/p>\r\n\r\n<p style=\"text-align:justify\"><span style=\"font-size:11pt\"><span style=\"line-height:normal\"><span style=\"font-family:&quot;Calibri&quot;,sans-serif\"><a href=\"https:\/\/www.prensalatina.com.br\/2023\/05\/10\/russia-lanca-producao-de-calcados-ecologicos\/\" style=\"color:blue; text-decoration:underline\"><span style=\"font-size:14.0pt\">N&atilde;otecidos: R&uacute;ssia lan&ccedil;a produ&ccedil;&atilde;o de cal&ccedil;ados ecol&oacute;gicos<\/span><\/a><\/span><\/span><\/span><\/p>\r\n\r\n<p style=\"text-align:justify\"><span style=\"font-size:11pt\"><span style=\"line-height:normal\"><span style=\"font-family:&quot;Calibri&quot;,sans-serif\"><a href=\"https:\/\/exclusivo.com.br\/_conteudo\/negocios\/2023\/05\/10\/nova-fabrica-de-calcados-no-rs-tem-investimento-de-rs-2-milhoes.html\" style=\"color:blue; text-decoration:underline\"><span style=\"font-size:14.0pt\">Nova f&aacute;brica de cal&ccedil;ados no RS tem investimento de R$ 2 milh&otilde;es<\/span><\/a><\/span><\/span><\/span><\/p>\r\n\r\n<p style=\"text-align:justify\"><span style=\"font-size:11pt\"><span style=\"line-height:normal\"><span style=\"font-family:&quot;Calibri&quot;,sans-serif\"><a href=\"https:\/\/www.youtube.com\/watch?v=jm3Mqg1j26o\" style=\"color:blue; text-decoration:underline\"><span style=\"font-size:14.0pt\">ABRAVA | Abra Talks - Epis&oacute;dio 02: Filtros automotivos<\/span><\/a><\/span><\/span><\/span><\/p>\r\n\r\n<p style=\"text-align:justify\"><span style=\"font-size:11pt\"><span style=\"line-height:normal\"><span style=\"font-family:&quot;Calibri&quot;,sans-serif\"><a href=\"https:\/\/www.technicaltextile.net\/news\/andritz-to-exhibit-nonwoven-recycling-tech-at-itma-2023-in-milan-287350.html\" style=\"color:blue; text-decoration:underline\"><span style=\"font-size:14.0pt\">Andritz to exhibit nonwoven &amp; recycling tech at ITMA 2023 in Milan<\/span><\/a><\/span><\/span><\/span><\/p>\r\n\r\n<p style=\"text-align:justify\"><span style=\"font-size:11pt\"><span style=\"line-height:normal\"><span style=\"font-family:&quot;Calibri&quot;,sans-serif\"><a href=\"https:\/\/www.nonwovens-industry.com\/contents\/view_breaking-news\/2023-05-11\/freudenberg-filtration-technologies-implements-sustainability-targets?utm_campaign=NON+eNewsletter&amp;utm_medium=email&amp;_hsmi=257963399&amp;_hsenc=p2ANqtz-_tbibJ_5UedLFN1VkXW1MaFAhjCtpLNxqgr-FEMyjheZ2MUnqEGBwgDVjObaiCdqEMUt-4Uc9sf33LBjMuJUoDOAqtOQ&amp;utm_content=257963399&amp;utm_source=hs_email\" style=\"color:blue; text-decoration:underline\"><span style=\"font-size:14.0pt\">Freudenberg Filtration Technologies Implements Sustainability Targets<\/span><\/a><\/span><\/span><\/span><\/p>\r\n\r\n<p style=\"text-align:justify\"><span style=\"font-size:11pt\"><span style=\"line-height:normal\"><span style=\"font-family:&quot;Calibri&quot;,sans-serif\"><a href=\"https:\/\/youtu.be\/5gRZVIxHpJQ\" style=\"color:blue; text-decoration:underline\"><span style=\"font-size:14.0pt\">View the full presentation &ldquo;&#39;Disruptive Technologies for Nonwoven Treatments&rdquo;, with NIRI&rsquo;s CCO, Dr. Ross Ward on the Index YouTube Channel.<\/span><\/a><\/span><\/span><\/span><\/p>\r\n\r\n<p class=\"MsoTitle\" style=\"text-align:justify\"><span style=\"font-size:28pt\"><span style=\"font-family:&quot;Cambria&quot;,serif\"><span style=\"letter-spacing:-0.5pt\"><b><span style=\"font-size:18.0pt\"><span style=\"font-family:&quot;Calibri&quot;,sans-serif\"><span style=\"font-variant:small-caps\">Ind&uacute;stria<\/span><\/span><\/span><\/b><\/span><\/span><\/span><\/p>\r\n\r\n<p style=\"text-align:justify\"><span style=\"font-size:11pt\"><span style=\"line-height:normal\"><span style=\"font-family:&quot;Calibri&quot;,sans-serif\"><a href=\"https:\/\/noticias.portaldaindustria.com.br\/noticias\/politica-industrial\/cni-propoe-quatro-missoes-de-politica-industrial-para-retomar-crescimento-do-pais-\/\" style=\"color:blue; text-decoration:underline\"><span style=\"font-size:14.0pt\">CNI prop&otilde;e quatro miss&otilde;es de pol&iacute;tica industrial para retomar crescimento do pa&iacute;s<\/span><\/a><\/span><\/span><\/span><\/p>\r\n\r\n<p style=\"text-align:justify\"><span style=\"font-size:11pt\"><span style=\"line-height:normal\"><span style=\"font-family:&quot;Calibri&quot;,sans-serif\"><a href=\"https:\/\/www.meiofiltrante.com.br\/Noticia\/112063\/producao-industrial-brasileira-teve-alta-de-11-em-marco-\" style=\"color:blue; text-decoration:underline\"><span style=\"font-size:14.0pt\">Produ&ccedil;&atilde;o industrial brasileira teve alta de 1,1% em mar&ccedil;o<\/span><\/a><\/span><\/span><\/span><\/p>\r\n\r\n<p style=\"text-align:justify\"><span style=\"font-size:11pt\"><span style=\"line-height:normal\"><span style=\"font-family:&quot;Calibri&quot;,sans-serif\"><a href=\"https:\/\/noticias.portaldaindustria.com.br\/noticias\/economia\/industrial-segue-sem-confianca-na-economia-em-maio-diz-cni\/\" style=\"color:blue; text-decoration:underline\"><span style=\"font-size:14.0pt\">Industrial segue sem confian&ccedil;a na economia em maio, diz CNI<\/span><\/a><\/span><\/span><\/span><\/p>\r\n\r\n<p style=\"text-align:justify\"><span style=\"font-size:11pt\"><span style=\"line-height:normal\"><span style=\"font-family:&quot;Calibri&quot;,sans-serif\"><a href=\"https:\/\/www.infomoney.com.br\/economia\/indice-da-construcao-civil-sobe-027-em-abril-e-acumula-805-em-12-meses-diz-ibge\/\" style=\"color:blue; text-decoration:underline\"><span style=\"font-size:14.0pt\">&Iacute;ndice da constru&ccedil;&atilde;o civil sobe 0,27% em abril e acumula 8,05% em 12 meses, diz IBGE<\/span><\/a><\/span><\/span><\/span><\/p>\r\n\r\n<p style=\"text-align:justify\"><span style=\"font-size:11pt\"><span style=\"line-height:normal\"><span style=\"font-family:&quot;Calibri&quot;,sans-serif\"><a href=\"https:\/\/www.cnnbrasil.com.br\/economia\/producao-de-carros-tem-queda-de-18-em-abril-aponta-anfavea\/\" style=\"color:blue; text-decoration:underline\"><span style=\"font-size:14.0pt\">Produ&ccedil;&atilde;o de carros tem queda de 18% em abril, aponta Anfavea<\/span><\/a><\/span><\/span><\/span><\/p>\r\n\r\n<p style=\"text-align:justify\"><span style=\"font-size:11pt\"><span style=\"line-height:normal\"><span style=\"font-family:&quot;Calibri&quot;,sans-serif\"><a href=\"https:\/\/guaiba.com.br\/2023\/05\/11\/producao-de-calcados-avanca-2-no-trimestre-revela-abicalcados\/\" style=\"color:blue; text-decoration:underline\"><span style=\"font-size:14.0pt\">Produ&ccedil;&atilde;o de cal&ccedil;ados avan&ccedil;a 2% no trimestre, revela Abical&ccedil;ados<\/span><\/a><\/span><\/span><\/span><\/p>\r\n\r\n<p style=\"text-align:justify\"><span style=\"font-size:11pt\"><span style=\"line-height:normal\"><span style=\"font-family:&quot;Calibri&quot;,sans-serif\"><a href=\"https:\/\/www.noticiasagricolas.com.br\/noticias\/agronegocio\/348625-agrishow-2023-bate-recorde-e-fecha-mais-de-r-13-bilhoes-em-negocios-segundo-abimaq.html#.ZGE7UnbMLIU\" style=\"color:blue; text-decoration:underline\"><span style=\"font-size:14.0pt\">Agrishow 2023 bate recorde e fecha mais de R$ 13 bilh&otilde;es em neg&oacute;cios, segundo Abimaq<\/span><\/a><\/span><\/span><\/span><\/p>\r\n\r\n<p class=\"MsoTitle\" style=\"text-align:justify\"><span style=\"font-size:28pt\"><span style=\"font-family:&quot;Cambria&quot;,serif\"><span style=\"letter-spacing:-0.5pt\"><b><span style=\"font-size:18.0pt\"><span style=\"font-family:&quot;Calibri&quot;,sans-serif\"><span style=\"font-variant:small-caps\">Sustentabilidade<\/span><\/span><\/span><\/b><\/span><\/span><\/span><\/p>\r\n\r\n<p style=\"text-align:justify\"><span style=\"font-size:11pt\"><span style=\"line-height:normal\"><span style=\"font-family:&quot;Calibri&quot;,sans-serif\"><a href=\"https:\/\/veja.abril.com.br\/coluna\/radar-economico\/agroindustria-utiliza-97-mil-toneladas-de-plastico-reciclado-diz-estudo\/\" style=\"color:blue; text-decoration:underline\"><span style=\"font-size:14.0pt\">Agroind&uacute;stria utiliza 97 mil toneladas de pl&aacute;stico reciclado, diz estudo<\/span><\/a> <\/span><\/span><\/span><\/p>\r\n\r\n<p style=\"text-align:justify\"><span style=\"font-size:11pt\"><span style=\"line-height:normal\"><span style=\"font-family:&quot;Calibri&quot;,sans-serif\"><a href=\"https:\/\/www.casacivil.go.gov.br\/noticias\/9614-projeto-que-cria-microrregi%C3%B5es-de-saneamento-b%C3%A1sico-passa-na-assembleia.html\" style=\"color:blue; text-decoration:underline\"><span style=\"font-size:14.0pt\">Projeto que cria microrregi&otilde;es de saneamento b&aacute;sico passa na Assembleia<\/span><\/a><\/span><\/span><\/span><\/p>\r\n\r\n<p style=\"text-align:justify\"><span style=\"font-size:11pt\"><span style=\"line-height:normal\"><span style=\"font-family:&quot;Calibri&quot;,sans-serif\"><a href=\"https:\/\/noticias.portaldaindustria.com.br\/noticias\/sustentabilidade\/brasil-e-eua-unidos-pela-sustentabilidade\/\" style=\"color:blue; text-decoration:underline\"><span style=\"font-size:14.0pt\">Brasil e EUA unidos pela sustentabilidade<\/span><\/a><\/span><\/span><\/span><\/p>\r\n\r\n<p class=\"MsoTitle\" style=\"text-align:justify\"><span style=\"font-size:28pt\"><span style=\"font-family:&quot;Cambria&quot;,serif\"><span style=\"letter-spacing:-0.5pt\"><b><span style=\"font-size:18.0pt\"><span style=\"font-family:&quot;Calibri&quot;,sans-serif\"><span style=\"font-variant:small-caps\">Inova&ccedil;&atilde;o<\/span><\/span><\/span><\/b><\/span><\/span><\/span><\/p>\r\n\r\n<p style=\"text-align:justify\"><span style=\"font-size:11pt\"><span style=\"line-height:normal\"><span style=\"font-family:&quot;Calibri&quot;,sans-serif\"><a href=\"https:\/\/tissueonline.com.br\/primeiro-absorvente-menstrual-biodegradavel-do-mundo-e-lancado-no-reino-unido\/?utm_campaign=newsletter_12052023_novo_modelo&amp;utm_medium=email&amp;utm_source=RD+Station\" style=\"color:blue; text-decoration:underline\"><span style=\"font-size:14.0pt\">Primeiro absorvente menstrual biodegrad&aacute;vel do mundo &eacute; lan&ccedil;ado no Reino Unido<\/span><\/a><\/span><\/span><\/span><\/p>\r\n\r\n<p style=\"text-align:justify\"><span style=\"font-size:11pt\"><span style=\"line-height:normal\"><span style=\"font-family:&quot;Calibri&quot;,sans-serif\"><a href=\"https:\/\/phys.org\/news\/2023-05-hemp-based-biomaterial-global-microplastic-pollution.html?utm_source=nwletter&amp;utm_medium=email&amp;utm_campaign=daily-nwletter\" style=\"color:blue; text-decoration:underline\"><span style=\"font-size:14.0pt\">New hemp-based biomaterial to help with global microplastic pollution crisis<\/span><\/a><\/span><\/span><\/span><\/p>\r\n\r\n<p style=\"text-align:justify\"><span style=\"font-size:11pt\"><span style=\"line-height:normal\"><span style=\"font-family:&quot;Calibri&quot;,sans-serif\"><span class=\"MsoHyperlink\" style=\"color:blue\"><span style=\"text-decoration:underline\"><span style=\"font-size:14.0pt\"><a href=\"http:\/\/www.technofashionworld.com\/new-intelligent-fabric-reacts-to-heat-and-electricity\/?utm_term=735191+-+http%3A%2F%2Fwww.technofashionworld.com%2Fnew-intelligent-fabric-reacts-to-heat-and-electricity&amp;utm_campaign=Technofashion+World+-+Technofashion+World+Newsletter+-+May+16%2C+2023&amp;utm_medium=email&amp;utm_source=MagNews&amp;utm_content=146450+-+72059+%282023-05-16%29\" style=\"color:blue; text-decoration:underline\">New intelligent fabric reacts to heat and electricity<\/a><\/span><\/span><\/span><\/span><\/span><\/span><\/p>\r\n\r\n<p class=\"MsoTitleCxSpFirst\" style=\"text-align:justify\"><span style=\"font-size:28pt\"><span style=\"font-family:&quot;Cambria&quot;,serif\"><span style=\"letter-spacing:-0.5pt\"><b><span style=\"font-size:18.0pt\"><span style=\"font-family:&quot;Calibri&quot;,sans-serif\"><span style=\"font-variant:small-caps\">Com&eacute;rcio Exterior<\/span><\/span><\/span><\/b><\/span><\/span><\/span><\/p>\r\n\r\n<p style=\"text-align:justify\"><span style=\"font-size:11pt\"><span style=\"line-height:normal\"><span style=\"font-family:&quot;Calibri&quot;,sans-serif\"><span class=\"MsoHyperlink\" style=\"color:blue\"><span style=\"text-decoration:underline\"><span style=\"font-size:14.0pt\"><a href=\"https:\/\/www.gov.br\/mdic\/pt-br\/assuntos\/noticias\/2023\/maio\/camex-zera-imposto-de-importacao-de-628-maquinas-e-equipamentos-industriais-sem-producao-no-brasil\" style=\"color:blue; text-decoration:underline\">Camex zera imposto de importa&ccedil;&atilde;o de 628 m&aacute;quinas e equipamentos industriais sem produ&ccedil;&atilde;o no Brasil<\/a><\/span><\/span><\/span><\/span><\/span><\/span><\/p>\r\n\r\n<p style=\"text-align:justify\"><span style=\"font-size:11pt\"><span style=\"line-height:normal\"><span style=\"font-family:&quot;Calibri&quot;,sans-serif\"><span class=\"MsoHyperlink\" style=\"color:blue\"><span style=\"text-decoration:underline\"><span style=\"font-size:14.0pt\"><a href=\"https:\/\/www.fibre2fashion.com\/news\/textile-news\/global-textile-trade-surges-14-in-2022-surpasses-pre-covid-levels-287455-newsdetails.htm\" style=\"color:blue; text-decoration:underline\">Global textile trade surges 14% in 2022, surpasses pre-COVID levels<\/a><\/span><\/span><\/span><\/span><\/span><\/span><\/p>\r\n\r\n<p style=\"text-align:justify\"><span style=\"font-size:11pt\"><span style=\"line-height:normal\"><span style=\"font-family:&quot;Calibri&quot;,sans-serif\"><span class=\"MsoHyperlink\" style=\"color:blue\"><span style=\"text-decoration:underline\"><span style=\"font-size:14.0pt\"><a href=\"https:\/\/www.infomoney.com.br\/economia\/balanca-comercial-tem-superavit-de-us-2333-bilhoes-na-1a-semana-de-maio\/\" style=\"color:blue; text-decoration:underline\">Balan&ccedil;a comercial tem super&aacute;vit de US$ 2,333 bilh&otilde;es na 1&ordf; semana de maio<\/a><\/span><\/span><\/span><\/span><\/span><\/span><\/p>\r\n\r\n<p style=\"text-align:justify\"><span style=\"font-size:11pt\"><span style=\"line-height:normal\"><span style=\"font-family:&quot;Calibri&quot;,sans-serif\"><span class=\"MsoHyperlink\" style=\"color:blue\"><span style=\"text-decoration:underline\"><span style=\"font-size:14.0pt\"><a href=\"https:\/\/expansao.co\/assintecal-busca-estreitar-lacos-com-argentina\/\" style=\"color:blue; text-decoration:underline\">Assintecal busca estreitar la&ccedil;os com Argentina<\/a><\/span><\/span><\/span><\/span><\/span><\/span><\/p>\r\n\r\n<p style=\"text-align:justify\"><span style=\"font-size:11pt\"><span style=\"line-height:normal\"><span style=\"font-family:&quot;Calibri&quot;,sans-serif\"><span class=\"MsoHyperlink\" style=\"color:blue\"><span style=\"text-decoration:underline\"><span style=\"font-size:14.0pt\"><a href=\"https:\/\/www.cnnbrasil.com.br\/economia\/entenda-por-que-o-acordo-mercosul-uniao-europeia-sera-reavaliado\/\" style=\"color:blue; text-decoration:underline\">Entenda por que o acordo Mercosul-Uni&atilde;o Europeia ser&aacute; reavaliado<\/a><\/span><\/span><\/span><\/span><\/span><\/span><\/p>\r\n\r\n<p style=\"text-align:justify\"><span style=\"font-size:11pt\"><span style=\"line-height:normal\"><span style=\"font-family:&quot;Calibri&quot;,sans-serif\"><span class=\"MsoHyperlink\" style=\"color:blue\"><span style=\"text-decoration:underline\"><span style=\"font-size:14.0pt\"><a href=\"https:\/\/apexbrasil.com.br\/content\/apexbrasil\/br\/pt\/conteudo\/noticias\/apexbrasil-estudos-perfil-pais-chile-colombia-peru.html#msdynttrid=hGD6m6qUcbL9HEQDqoOhnVyR5JS0Vq2geMER_4dxmHw\" style=\"color:blue; text-decoration:underline\">ApexBrasil lan&ccedil;a estudos &ldquo;Perfil Pa&iacute;s&rdquo; sobre Chile, Col&ocirc;mbia e Peru<\/a><\/span><\/span><\/span><\/span><\/span><\/span><\/p>\r\n\r\n<p class=\"MsoTitleCxSpLast\" style=\"text-align:justify\"><span style=\"font-size:28pt\"><span style=\"font-family:&quot;Cambria&quot;,serif\"><span style=\"letter-spacing:-0.5pt\"><b><span style=\"font-size:18.0pt\"><span style=\"font-family:&quot;Calibri&quot;,sans-serif\"><span style=\"font-variant:small-caps\">Economia<\/span><\/span><\/span><\/b><\/span><\/span><\/span><\/p>\r\n\r\n<p style=\"text-align:justify\"><span style=\"font-size:11pt\"><span style=\"line-height:normal\"><span style=\"font-family:&quot;Calibri&quot;,sans-serif\"><a href=\"https:\/\/www.bcb.gov.br\/content\/focus\/focus\/R20230512.pdf\" style=\"color:blue; text-decoration:underline\"><span style=\"font-size:14.0pt\">Focus &ndash; Relat&oacute;rio de Mercado<\/span><\/a><\/span><\/span><\/span><\/p>\r\n\r\n<p style=\"text-align:justify\"><span style=\"font-size:11pt\"><span style=\"line-height:normal\"><span style=\"font-family:&quot;Calibri&quot;,sans-serif\"><a href=\"https:\/\/www.bcb.gov.br\/detalhenoticia\/17891\/nota\" style=\"color:blue; text-decoration:underline\"><span style=\"font-size:14.0pt\">BC divulga o Relat&oacute;rio de Estabilidade Financeira do segundo semestre de 2022<\/span><\/a><\/span><\/span><\/span><\/p>\r\n\r\n<p style=\"text-align:justify\"><span style=\"font-size:11pt\"><span style=\"line-height:normal\"><span style=\"font-family:&quot;Calibri&quot;,sans-serif\"><span class=\"MsoHyperlink\" style=\"color:blue\"><span style=\"text-decoration:underline\"><span style=\"font-size:14.0pt\"><a href=\"https:\/\/portalibre.fgv.br\/system\/files\/2023-05\/Bar%C3%B4metros%20Globais%20KOF-FGV_Press%20release_05_2023_0.pdf\" style=\"color:blue; text-decoration:underline\">Bar&ocirc;metros Globais sobem, mas continuam em patamar baixo<\/a><\/span><\/span><\/span><\/span><\/span><\/span><\/p>\r\n\r\n<p style=\"text-align:justify\"><span style=\"font-size:11pt\"><span style=\"line-height:normal\"><span style=\"font-family:&quot;Calibri&quot;,sans-serif\"><span class=\"MsoHyperlink\" style=\"color:blue\"><span style=\"text-decoration:underline\"><span style=\"font-size:14.0pt\"><a href=\"https:\/\/www.moveisdevalor.com.br\/portal\/crise-do-varejo-se-espalha-por-construcao-moveis-e-decoracao?source=news\" style=\"color:blue; text-decoration:underline\">Crise do varejo se espalha por constru&ccedil;&atilde;o, m&oacute;veis e decora&ccedil;&atilde;o<\/a><\/span><\/span><\/span><\/span><\/span><\/span><\/p>\r\n","6":"<p style=\"text-align:justify\"><span style=\"font-size:11pt\"><span style=\"line-height:normal\"><span style=\"font-family:&quot;Calibri&quot;,sans-serif\"><span style=\"font-size:14.0pt\">Esta &eacute; uma compila&ccedil;&atilde;o das not&iacute;cias mais relevantes para o setor, incluindo informa&ccedil;&otilde;es sobre acordos internacionais, economia brasileira, sustentabilidade e mat&eacute;rias primas, al&eacute;m de novidades do setor de N&atilde;otecidos e Tecidos T&eacute;cnicos.<\/span><\/span><\/span><\/span><\/p>\r\n\r\n<p class=\"MsoTitleCxSpLast\" style=\"text-align:justify\"><span style=\"font-size:28pt\"><span style=\"font-family:&quot;Cambria&quot;,serif\"><span style=\"letter-spacing:-0.5pt\"><b><span style=\"font-size:18.0pt\"><span style=\"font-family:&quot;Calibri&quot;,sans-serif\"><span style=\"font-variant:small-caps\">A&ccedil;&otilde;es da ABINT<\/span><\/span><\/span><\/b><\/span><\/span><\/span><\/p>\r\n\r\n<p class=\"MsoTitleCxSpLast\" style=\"text-align:justify\"><span style=\"font-size:28pt\"><span style=\"font-family:&quot;Cambria&quot;,serif\"><span style=\"letter-spacing:-0.5pt\"><b><span style=\"font-size:18.0pt\"><span style=\"font-family:&quot;Calibri&quot;,sans-serif\"><span style=\"font-variant:small-caps\"><img src=\"https:\/\/www.abint.org.br\/assets\/img\/editor\/2o-forum-economia-circular-plastico-sul-3_20230516122533soOGc5rP6D.jpg\" style=\"width: 300px; height: 300px;\" \/><\/span><\/span><\/span><\/b><\/span><\/span><\/span><\/p>\r\n\r\n<p style=\"text-align:justify\"><span style=\"font-size:11pt\"><span style=\"line-height:normal\"><span style=\"font-family:&quot;Calibri&quot;,sans-serif\"><b><span style=\"font-size:14.0pt\">A ABINT apoia o 2&ordm; F&oacute;rum Economia Circular Pl&aacute;stico Sul, <\/span><\/b><span style=\"font-size:14.0pt\">que ocorrer&aacute; dias<b> 18 e 19 de maio de 2023, <\/b>Expoagro, Gramado, RS,<b> evento gratuito e h&iacute;brido. <\/b><\/span><a href=\"https:\/\/www.sympla.com.br\/evento\/2-forum-economia-circular-plastico-sul\/1923141\" style=\"color:blue; text-decoration:underline\"><span style=\"font-size:14.0pt\">Informa&ccedil;&otilde;es<\/span><\/a><\/span><\/span><\/span><\/p>\r\n\r\n<p style=\"text-align:justify\">&nbsp;<\/p>\r\n\r\n<p style=\"text-align:justify\"><img src=\"https:\/\/www.abint.org.br\/assets\/img\/editor\/premio-tcc-ic-2023-arte-3_20230516122731CXPlQcMuHI.png\" style=\"width: 300px; height: 300px;\" \/><\/p>\r\n\r\n<p style=\"text-align:justify\"><span style=\"font-size:11pt\"><span style=\"line-height:115%\"><span style=\"font-family:&quot;Calibri&quot;,sans-serif\"><strong><span style=\"font-size:14.0pt\"><span style=\"line-height:115%\"><span style=\"font-family:&quot;Calibri&quot;,sans-serif\">Inscri&ccedil;&otilde;es prorrogadas at&eacute; 31 de maio!<\/span><\/span><\/span><\/strong><\/span><\/span><\/span><\/p>\r\n\r\n<p><span style=\"font-size:11pt\"><span style=\"line-height:115%\"><span style=\"font-family:&quot;Calibri&quot;,sans-serif\"><strong><span style=\"font-size:14.0pt\"><span style=\"line-height:115%\"><span style=\"font-family:&quot;Calibri&quot;,sans-serif\">O <\/span><\/span><\/span><\/strong><b><span style=\"font-size:14.0pt\"><span style=\"line-height:115%\">CTG ABINT e a IGS BRASIL<\/span><\/span><\/b><span style=\"font-size:14.0pt\"><span style=\"line-height:115%\"> convidam aqueles que desenvolveram trabalhos acad&ecirc;micos relacionados aos geossint&eacute;ticos a participarem&nbsp;de mais uma edi&ccedil;&atilde;o do Pr&ecirc;mio TCC\/IC. <\/span><\/span><\/span><\/span><span style=\"line-height:normal\"><span style=\"font-family:&quot;Calibri&quot;,sans-serif\"><a href=\"https:\/\/abint.us2.list-manage.com\/track\/click?u=88818ac6bf44316570fc1bc2f&amp;id=46b014bcf1&amp;e=626265ad22\" style=\"color:blue; text-decoration:underline\" target=\"_blank\"><span style=\"font-size:14.0pt\"><span style=\"color:blue\">Mais informa&ccedil;&otilde;es e inscri&ccedil;&otilde;es<\/span><\/span><\/a><\/span><\/span><\/span><\/p>\r\n\r\n<p>&nbsp;<\/p>\r\n\r\n<p><img src=\"https:\/\/www.abint.org.br\/assets\/img\/editor\/itma-2023-abint-english-417x250_20230516122858nLqV9UjpVN.jpg\" \/><\/p>\r\n\r\n<p style=\"text-align:justify\"><span style=\"font-size:11pt\"><span style=\"line-height:normal\"><span style=\"font-family:&quot;Calibri&quot;,sans-serif\"><b><span style=\"font-size:14.0pt\">A ABINT apoia a ITMA 2023<\/span><\/b><\/span><\/span><\/span><\/p>\r\n\r\n<p style=\"text-align:justify\"><span style=\"font-size:11pt\"><span style=\"line-height:normal\"><span style=\"font-family:&quot;Calibri&quot;,sans-serif\"><span style=\"font-size:14.0pt\">A 19&ordf; edi&ccedil;&atilde;o da maior exposi&ccedil;&atilde;o internacional de tecnologia t&ecirc;xtil e de vestu&aacute;rio do mundo acontecer&aacute; em Mil&atilde;o, It&aacute;lia, de 08 a 14 de junho de 2023. <\/span><a href=\"https:\/\/itma.com\/\" style=\"color:blue; text-decoration:underline\"><span style=\"font-size:14.0pt\">Informa&ccedil;&otilde;es<\/span><\/a><\/span><\/span><\/span><\/p>\r\n\r\n<p style=\"text-align:justify\">&nbsp;<\/p>\r\n\r\n<p style=\"text-align:justify\"><span style=\"font-size:11pt\"><span style=\"line-height:normal\"><span style=\"font-family:&quot;Calibri&quot;,sans-serif\"><span style=\"font-size:14.0pt\"><img src=\"https:\/\/www.abint.org.br\/assets\/img\/editor\/ctg-patrocinador-regeo-2023_20230516123012RCn0JykH8N.jpeg\" style=\"width: 300px; height: 300px;\" \/><\/span><\/span><\/span><\/span><\/p>\r\n\r\n<p style=\"text-align:justify\"><span style=\"font-size:11pt\"><span style=\"line-height:normal\"><span style=\"font-family:&quot;Calibri&quot;,sans-serif\"><b><span style=\"font-size:14.0pt\"><span style=\"font-variant:small-caps\">O CTG ABINT <\/span><\/span><\/b><b><span style=\"font-size:14.0pt\">marcar&aacute; presen&ccedil;a<\/span><\/b><span style=\"font-size:14.0pt\"> nos eventos <b>X Congresso Brasileiro de Geotecnia Ambiental &amp; IX Congresso Brasileiro de Geossint&eacute;ticos - REGEO&rsquo;23 &amp; Geossint&eacute;ticos&rsquo;23<\/b>, que ocorrer&atilde;o de 18 a 21 de julho de 2023, Centro Universit&aacute;rio Jorge Amado &ndash; UNIJORGE, Salvador, BA.<\/span><\/span><\/span><\/span><\/p>\r\n\r\n<p style=\"text-align:justify\"><span style=\"font-size:11.0pt\"><span style=\"line-height:115%\"><span style=\"font-family:&quot;Calibri&quot;,sans-serif\"><a href=\"https:\/\/regeogeossinteticos23.com.br\/\" style=\"color:blue; text-decoration:underline\"><span style=\"font-size:14.0pt\"><span style=\"line-height:115%\">Mais informa&ccedil;&otilde;es e inscri&ccedil;&otilde;es<\/span><\/span><\/a><\/span><\/span><\/span><\/p>\r\n\r\n<p style=\"text-align:justify\">&nbsp;<\/p>\r\n\r\n<p style=\"text-align:justify\"><span style=\"font-size:11.0pt\"><span style=\"line-height:115%\"><span style=\"font-family:&quot;Calibri&quot;,sans-serif\"><span style=\"font-size:14.0pt\"><span style=\"line-height:115%\"><img src=\"https:\/\/www.abint.org.br\/assets\/img\/editor\/minicurso-fernando-regeo-2023_20230516123042WdGUckRlaF.jpeg\" style=\"width: 300px; height: 300px;\" \/><\/span><\/span><\/span><\/span><\/span><\/p>\r\n\r\n<p style=\"text-align:justify\"><span style=\"font-size:11.0pt\"><span style=\"line-height:normal\"><span style=\"font-family:&quot;Calibri&quot;,sans-serif\"><b><span style=\"font-size:14.0pt\">O Eng. Fernando Lavoie, Coordenador do CTG ABINT, ministrar&aacute; Minicurso durante o Regeo&rsquo;23 &amp; Geossint&eacute;ticos&rsquo;23. <\/span><\/b><\/span><\/span><span style=\"line-height:115%\"><span style=\"font-family:&quot;Calibri&quot;,sans-serif\"><a href=\"https:\/\/regeogeossinteticos23.com.br\/inscricoes\/\" style=\"color:blue; text-decoration:underline\"><span style=\"font-size:14.0pt\"><span style=\"line-height:115%\">Inscreva-se!<\/span><\/span><\/a><\/span><\/span><\/span><\/p>\r\n\r\n<p style=\"text-align:justify\">&nbsp;<\/p>\r\n\r\n<p style=\"text-align:justify\"><span style=\"font-size:11pt\"><span style=\"line-height:normal\"><span style=\"font-family:&quot;Calibri&quot;,sans-serif\"><b><span style=\"font-size:18.0pt\"><span style=\"font-variant:small-caps\">Eventos<\/span><\/span><\/b><\/span><\/span><\/span><\/p>\r\n\r\n<p style=\"text-align:justify\"><span style=\"font-size:11pt\"><span style=\"line-height:normal\"><span style=\"font-family:&quot;Calibri&quot;,sans-serif\"><b><span style=\"font-size:14.0pt\">VDMA - Textile Machinery Association | &quot;Way2ITMA: Transforming the World of Textiles: efficient - digital -circular&quot;,<\/span><\/b><span style=\"font-size:14.0pt\"> On 22th May 2023, 2.30 pm &ndash; 3.45 pm (CEST).<\/span> <a href=\"https:\/\/en.industryarena.com\/vdma-textile-machinery\/webinar\/1373899454\" style=\"color:blue; text-decoration:underline\"><span style=\"font-size:14.0pt\">Informa&ccedil;&otilde;es<\/span><\/a>  <\/span><\/span><\/span><\/p>\r\n\r\n<p style=\"text-align:justify\"><span style=\"font-size:11pt\"><span style=\"line-height:normal\"><span style=\"font-family:&quot;Calibri&quot;,sans-serif\"><b><span style=\"font-size:14.0pt\">Workshop Abit | As tend&ecirc;ncias e pol&ecirc;micas da terceiriza&ccedil;&atilde;o no Brasil<\/span><\/b><span class=\"MsoHyperlink\" style=\"color:blue\"><span style=\"text-decoration:underline\"><span style=\"font-size:14.0pt\"><span style=\"text-decoration:none\"><span style=\"text-underline:none\">, <\/span><\/span><\/span><\/span><\/span><span style=\"font-size:14.0pt\">23 de maio de 2023, 09h00.<\/span> <a href=\"https:\/\/produtos.institutoabit.org.br\/prod\/557dc497-7bd7-457e-8fac-bf040367466e?utm_campaign=workshop_terceirizacao&amp;utm_medium=email&amp;utm_source=RD+Station\" style=\"color:blue; text-decoration:underline\"><span style=\"font-size:14.0pt\">Informa&ccedil;&otilde;es<\/span><\/a> <\/span><\/span><\/span><\/p>\r\n\r\n<p style=\"text-align:justify\"><span style=\"font-size:11pt\"><span style=\"line-height:normal\"><span style=\"font-family:&quot;Calibri&quot;,sans-serif\"><b><span style=\"font-size:14.0pt\">SENAI-CETIQT | Curso de Defesa e Inova&ccedil;&atilde;o nas Compras das For&ccedil;as Armadas<\/span><\/b><span style=\"font-size:14.0pt\">, in&iacute;cio em 24 de maio de 2023. <\/span><a href=\"https:\/\/materiais.senaicetiqt.com\/curso-de-defesa?utm_campaign=senai_cetiqt__aplicacao_das_leis_de_defesa_-_curso&amp;utm_medium=email&amp;utm_source=RD+Station\" style=\"color:blue; text-decoration:underline\"><span style=\"font-size:14.0pt\">Informa&ccedil;&otilde;es<\/span><\/a> <\/span><\/span><\/span><\/p>\r\n\r\n<p style=\"text-align:justify\"><span style=\"font-size:11pt\"><span style=\"line-height:normal\"><span style=\"font-family:&quot;Calibri&quot;,sans-serif\"><b><span style=\"font-size:14.0pt\">Hospitalar 2023<\/span><\/b><span style=\"font-size:14.0pt\">, 23 a 26 de maio, S&atilde;o Paulo Expo, Rodovia dos Imigrantes, 1,5 km - Vila &Aacute;gua Funda, S&atilde;o Paulo - SP, 04329-900. <\/span><a href=\"https:\/\/www.hospitalar.com\/pt\/home.html\" style=\"color:blue; text-decoration:underline\"><span style=\"font-size:14.0pt\">Informa&ccedil;&otilde;es<\/span><\/a> <\/span><\/span><\/span><\/p>\r\n\r\n<p style=\"text-align:justify\"><span style=\"font-size:11pt\"><span style=\"line-height:normal\"><span style=\"font-family:&quot;Calibri&quot;,sans-serif\"><b><span style=\"font-size:14.0pt\">Paving Expo 2023<\/span><\/b><span style=\"font-size:14.0pt\">, 24 a 26 de maio, 13h &agrave;s 20 h, Pavilh&atilde;o Azul, Expo Center Norte, S&atilde;o Paulo, SP. <\/span><a href=\"https:\/\/paving.com.br\/\" style=\"color:blue; text-decoration:underline\"><span style=\"font-size:14.0pt\">Informa&ccedil;&otilde;es<\/span><\/a> <\/span><\/span><\/span><\/p>\r\n\r\n<p style=\"text-align:justify\"><span style=\"font-size:11pt\"><span style=\"line-height:normal\"><span style=\"font-family:&quot;Calibri&quot;,sans-serif\"><b><span style=\"font-size:14.0pt\">Apex Brasil | Oficina de Competitividade - Marketing e vendas internacionais<\/span><\/b><span style=\"font-size:14.0pt\">, 25 de maio de 2023, online. <\/span><a href=\"https:\/\/click.apexbrasil.com.br\/mkt\/OficinadeCompetitividade\/OficinadeCompetitividade_Maio2023.pdf#msdynttrid=gpggdktCgef8OkHtMu6GOzzT5tB0WmNyOVZZxoHURfw\" style=\"color:blue; text-decoration:underline\"><span style=\"font-size:14.0pt\">Informa&ccedil;&otilde;es<\/span><\/a> <\/span><\/span><\/span><\/p>\r\n\r\n<p style=\"text-align:justify\"><span style=\"font-size:11pt\"><span style=\"line-height:normal\"><span style=\"font-family:&quot;Calibri&quot;,sans-serif\"><b><span style=\"font-size:14.0pt\">XVI Semin&aacute;rio Reciclagem e Valoriza&ccedil;&atilde;o de Res&iacute;duos S&oacute;lidos<\/span><\/b><span style=\"font-size:14.0pt\">, 31 de maio de 2023, Instituto de Engenharia - Av. Dr. Dante Pazzanese, 120 - Vila Mariana, S&atilde;o Paulo. <\/span><a href=\"https:\/\/www.reciclagemevalorizacao.com.br\/\" style=\"color:blue; text-decoration:underline\"><span style=\"font-size:14.0pt\">Informa&ccedil;&otilde;es<\/span><\/a> <\/span><\/span><\/span><\/p>\r\n\r\n<p style=\"text-align:justify\"><span style=\"font-size:11pt\"><span style=\"line-height:normal\"><span style=\"font-family:&quot;Calibri&quot;,sans-serif\"><b><span style=\"font-size:14.0pt\">The 92nd Textile Institute World Conference: &ldquo;Sustainability of the Textile and Fashion Supply Chain &ndash; Transitioning to Zero Carbon and Zero Waste&rdquo;, <\/span><\/b><span style=\"font-size:14.0pt\">3-6 July 2023, University of Huddersfield, UK. <\/span><a href=\"https:\/\/www.textileinstitute.org\/events\/tiwc\/\" style=\"color:blue; text-decoration:underline\"><span style=\"font-size:14.0pt\">Informa&ccedil;&otilde;es<\/span><\/a> <\/span><\/span><\/span><\/p>\r\n\r\n<p style=\"text-align:justify\"><span style=\"font-size:11pt\"><span style=\"line-height:normal\"><span style=\"font-family:&quot;Calibri&quot;,sans-serif\"><b><span style=\"font-size:14.0pt\">FIMMA BRASIL - Feira Internacional de Fornecedores da Cadeia Produtiva Madeira e M&oacute;veis<\/span><\/b><span style=\"font-size:14.0pt\">, 28 a 31 de agosto de 2023, das 10h &agrave;s 19h, Bento Gon&ccedil;alves, RS. <\/span><a href=\"https:\/\/fimma.com.br\/\" style=\"color:blue; text-decoration:underline\"><span style=\"font-size:14.0pt\">Informa&ccedil;&otilde;es<\/span><\/a> <\/span><\/span><\/span><\/p>\r\n\r\n<p style=\"text-align:justify\"><span style=\"font-size:11pt\"><span style=\"line-height:normal\"><span style=\"font-family:&quot;Calibri&quot;,sans-serif\"><b><span style=\"font-size:14.0pt\">10&ordm; Congresso Internacional da Inova&ccedil;&atilde;o da Ind&uacute;stria<\/span><\/b><span style=\"font-size:14.0pt\">, 27 e 28 de setembro de 2023, S&atilde;o Paulo Expo.<\/span> <a href=\"https:\/\/www.congressodeinovacao.com.br\/?utm_source=comext&amp;utm_medium=email&amp;utm_campaign=eventos&amp;utm_content=id00053#msdynttrid=gg5jXwSFR7qM4vHH2tKGau3cTwSFDneTjMUhrcPg7vE\" style=\"color:blue; text-decoration:underline\"><span style=\"font-size:14.0pt\">Informa&ccedil;&otilde;es<\/span><\/a> <\/span><\/span><\/span><\/p>\r\n\r\n<p style=\"text-align:justify\"><span style=\"font-size:11pt\"><span style=\"line-height:normal\"><span style=\"font-family:&quot;Calibri&quot;,sans-serif\"><b><span style=\"font-size:14.0pt\">FiltXPO&trade; 2023<\/span><\/b><span class=\"MsoHyperlink\" style=\"color:blue\"><span style=\"text-decoration:underline\"><span style=\"font-size:14.0pt\"><span style=\"text-decoration:none\"><span style=\"text-underline:none\">, <\/span><\/span><\/span><\/span><\/span><span style=\"font-size:14.0pt\">October 10-12, 2023 at Navy Pier in Chicago, Illinois<\/span><span class=\"MsoHyperlink\" style=\"color:blue\"><span style=\"text-decoration:underline\"><span style=\"font-size:14.0pt\"><span style=\"text-decoration:none\"><span style=\"text-underline:none\">. <\/span><\/span><\/span><\/span><\/span><a href=\"https:\/\/www.filtxpo.com\/\" style=\"color:blue; text-decoration:underline\"><span style=\"font-size:14.0pt\">Informa&ccedil;&otilde;es<\/span><\/a> <\/span><\/span><\/span><\/p>\r\n\r\n<p style=\"text-align:justify\">&nbsp;<\/p>\r\n\r\n<p style=\"text-align:justify\"><span style=\"font-size:11pt\"><span style=\"line-height:normal\"><span style=\"font-family:&quot;Calibri&quot;,sans-serif\"><b><span style=\"font-size:14.0pt\">SENAI-CETIQT | P&oacute;s-gradua&ccedil;&atilde;o &ldquo;P&oacute;s-gradua&ccedil;&atilde;o em Economia Circular e Produ&ccedil;&atilde;o Sustent&aacute;vel&rdquo;. <\/span><\/b><a href=\"https:\/\/materiais.senaicetiqt.com\/pos-graduacao-economia-circular-e-producao-sustentavel?utm_campaign=senai_cetiqt___oferta_do_curso_economia_circular&amp;utm_medium=email&amp;utm_source=RD+Station\" style=\"color:blue; text-decoration:underline\"><span style=\"font-size:14.0pt\">Informa&ccedil;&otilde;es<\/span><\/a> <\/span><\/span><\/span><\/p>\r\n\r\n<p style=\"text-align:justify\"><span style=\"font-size:11pt\"><span style=\"line-height:normal\"><span style=\"font-family:&quot;Calibri&quot;,sans-serif\"><b><span style=\"font-size:14.0pt\">SENAI-CETIQT | P&oacute;s-gradua&ccedil;&atilde;o &ldquo;Produtos de Alta Performance &agrave; Base de Materiais Comp&oacute;sitos&rdquo;<\/span><\/b><span style=\"font-size:14.0pt\">. <\/span><a href=\"https:\/\/materiais.senaicetiqt.com\/pos-graduacao-produtos-de-alta-performance-a-base-de-materiais-compositos?utm_campaign=senai_cetiqt___oferta_do_curso_materiais_compositos&amp;utm_medium=email&amp;utm_source=RD+Station\" style=\"color:blue; text-decoration:underline\"><span style=\"font-size:14.0pt\">Informa&ccedil;&otilde;es<\/span><\/a> <\/span><\/span><\/span><\/p>\r\n\r\n<p class=\"MsoTitle\" style=\"text-align:justify\"><span style=\"font-size:28pt\"><span style=\"font-family:&quot;Cambria&quot;,serif\"><span style=\"letter-spacing:-0.5pt\"><b><span style=\"font-size:18.0pt\"><span style=\"font-family:&quot;Calibri&quot;,sans-serif\"><span style=\"font-variant:small-caps\">Setor<\/span><\/span><\/span><\/b><\/span><\/span><\/span><\/p>\r\n\r\n<p style=\"text-align:justify\"><span style=\"font-size:11pt\"><span style=\"line-height:normal\"><span style=\"font-family:&quot;Calibri&quot;,sans-serif\"><a href=\"https:\/\/braziljournal.com\/play\/petroquimica-vive-ciclo-de-baixa-recuperacao-so-a-partir-de-2024-diz-ceo-da-braskem\/\" style=\"color:blue; text-decoration:underline\"><span style=\"font-size:14.0pt\">Petroqu&iacute;mica vive ciclo de baixa; recupera&ccedil;&atilde;o s&oacute; a partir de 2024, diz CEO da Braskem<\/span><\/a><\/span><\/span><\/span><\/p>\r\n\r\n<p style=\"text-align:justify\"><span style=\"font-size:11pt\"><span style=\"line-height:normal\"><span style=\"font-family:&quot;Calibri&quot;,sans-serif\"><a href=\"https:\/\/plasticosemrevista.com.br\/canada-industria-reage-a-plasticofobia-do-governo\/\" style=\"color:blue; text-decoration:underline\"><span style=\"font-size:14.0pt\">Canad&aacute;: ind&uacute;stria reage &agrave; &lsquo;plasticofobia&rsquo; do governo<\/span><\/a><\/span><\/span><\/span><\/p>\r\n\r\n<p style=\"text-align:justify\"><span style=\"font-size:11pt\"><span style=\"line-height:normal\"><span style=\"font-family:&quot;Calibri&quot;,sans-serif\"><a href=\"https:\/\/www.moneytimes.com.br\/4-destinos-possiveis-para-braskem-brkm5-segundo-ubs-bb\/\" style=\"color:blue; text-decoration:underline\"><span style=\"font-size:14.0pt\">4 destinos poss&iacute;veis para Braskem (BRKM5), segundo UBS BB<\/span><\/a><\/span><\/span><\/span><\/p>\r\n\r\n<p style=\"text-align:justify\"><span style=\"font-size:11pt\"><span style=\"line-height:normal\"><span style=\"font-family:&quot;Calibri&quot;,sans-serif\"><a href=\"https:\/\/www.nonwovens-industry.com\/contents\/view_features\/2023-05-04\/index-23-nonwovens-industry-gathers-in-geneva-switzerland?utm_campaign=NON+Issue+Alert&amp;utm_medium=email&amp;_hsmi=258367699&amp;_hsenc=p2ANqtz-9zuw9GDMtHcP_V6LNNS4WWuJVrbv9iUgqMI95gRyet956ukX7cYEOV7b1dtDAsFgf5AKnh4tpeZp2pwQUZI4iE5CwgUQ&amp;utm_content=258367699&amp;utm_source=hs_email\" style=\"color:blue; text-decoration:underline\"><span style=\"font-size:14.0pt\">The Plastic Problem<\/span><\/a><\/span><\/span><\/span><\/p>\r\n\r\n<p style=\"text-align:justify\"><span style=\"font-size:11pt\"><span style=\"line-height:normal\"><span style=\"font-family:&quot;Calibri&quot;,sans-serif\"><a href=\"https:\/\/plasticosemrevista.com.br\/polietileno-agruras-da-china-e-sequelas-mundiais\/\" style=\"color:blue; text-decoration:underline\"><span style=\"font-size:14.0pt\">Polietileno: agruras da China e sequelas mundiais<\/span><\/a><\/span><\/span><\/span><\/p>\r\n\r\n<p style=\"text-align:justify\"><span style=\"font-size:11pt\"><span style=\"line-height:normal\"><span style=\"font-family:&quot;Calibri&quot;,sans-serif\"><a href=\"https:\/\/tissueonline.com.br\/setor-de-higiene-pessoal-preve-avanco-da-industria-com-reforma-tributaria\/?utm_campaign=newsletter_12052023_novo_modelo&amp;utm_medium=email&amp;utm_source=RD+Station\" style=\"color:blue; text-decoration:underline\"><span style=\"font-size:14.0pt\">Setor de higiene pessoal prev&ecirc; avan&ccedil;o da ind&uacute;stria com reforma tribut&aacute;ria<\/span><\/a><\/span><\/span><\/span><\/p>\r\n\r\n<p style=\"text-align:justify\"><span style=\"font-size:11pt\"><span style=\"line-height:normal\"><span style=\"font-family:&quot;Calibri&quot;,sans-serif\"><a href=\"https:\/\/www.prensalatina.com.br\/2023\/05\/10\/russia-lanca-producao-de-calcados-ecologicos\/\" style=\"color:blue; text-decoration:underline\"><span style=\"font-size:14.0pt\">N&atilde;otecidos: R&uacute;ssia lan&ccedil;a produ&ccedil;&atilde;o de cal&ccedil;ados ecol&oacute;gicos<\/span><\/a><\/span><\/span><\/span><\/p>\r\n\r\n<p style=\"text-align:justify\"><span style=\"font-size:11pt\"><span style=\"line-height:normal\"><span style=\"font-family:&quot;Calibri&quot;,sans-serif\"><a href=\"https:\/\/exclusivo.com.br\/_conteudo\/negocios\/2023\/05\/10\/nova-fabrica-de-calcados-no-rs-tem-investimento-de-rs-2-milhoes.html\" style=\"color:blue; text-decoration:underline\"><span style=\"font-size:14.0pt\">Nova f&aacute;brica de cal&ccedil;ados no RS tem investimento de R$ 2 milh&otilde;es<\/span><\/a><\/span><\/span><\/span><\/p>\r\n\r\n<p style=\"text-align:justify\"><span style=\"font-size:11pt\"><span style=\"line-height:normal\"><span style=\"font-family:&quot;Calibri&quot;,sans-serif\"><a href=\"https:\/\/www.youtube.com\/watch?v=jm3Mqg1j26o\" style=\"color:blue; text-decoration:underline\"><span style=\"font-size:14.0pt\">ABRAVA | Abra Talks - Epis&oacute;dio 02: Filtros automotivos<\/span><\/a><\/span><\/span><\/span><\/p>\r\n\r\n<p style=\"text-align:justify\"><span style=\"font-size:11pt\"><span style=\"line-height:normal\"><span style=\"font-family:&quot;Calibri&quot;,sans-serif\"><a href=\"https:\/\/www.technicaltextile.net\/news\/andritz-to-exhibit-nonwoven-recycling-tech-at-itma-2023-in-milan-287350.html\" style=\"color:blue; text-decoration:underline\"><span style=\"font-size:14.0pt\">Andritz to exhibit nonwoven &amp; recycling tech at ITMA 2023 in Milan<\/span><\/a><\/span><\/span><\/span><\/p>\r\n\r\n<p style=\"text-align:justify\"><span style=\"font-size:11pt\"><span style=\"line-height:normal\"><span style=\"font-family:&quot;Calibri&quot;,sans-serif\"><a href=\"https:\/\/www.nonwovens-industry.com\/contents\/view_breaking-news\/2023-05-11\/freudenberg-filtration-technologies-implements-sustainability-targets?utm_campaign=NON+eNewsletter&amp;utm_medium=email&amp;_hsmi=257963399&amp;_hsenc=p2ANqtz-_tbibJ_5UedLFN1VkXW1MaFAhjCtpLNxqgr-FEMyjheZ2MUnqEGBwgDVjObaiCdqEMUt-4Uc9sf33LBjMuJUoDOAqtOQ&amp;utm_content=257963399&amp;utm_source=hs_email\" style=\"color:blue; text-decoration:underline\"><span style=\"font-size:14.0pt\">Freudenberg Filtration Technologies Implements Sustainability Targets<\/span><\/a><\/span><\/span><\/span><\/p>\r\n\r\n<p style=\"text-align:justify\"><span style=\"font-size:11pt\"><span style=\"line-height:normal\"><span style=\"font-family:&quot;Calibri&quot;,sans-serif\"><a href=\"https:\/\/youtu.be\/5gRZVIxHpJQ\" style=\"color:blue; text-decoration:underline\"><span style=\"font-size:14.0pt\">View the full presentation &ldquo;&#39;Disruptive Technologies for Nonwoven Treatments&rdquo;, with NIRI&rsquo;s CCO, Dr. Ross Ward on the Index YouTube Channel.<\/span><\/a><\/span><\/span><\/span><\/p>\r\n\r\n<p class=\"MsoTitle\" style=\"text-align:justify\"><span style=\"font-size:28pt\"><span style=\"font-family:&quot;Cambria&quot;,serif\"><span style=\"letter-spacing:-0.5pt\"><b><span style=\"font-size:18.0pt\"><span style=\"font-family:&quot;Calibri&quot;,sans-serif\"><span style=\"font-variant:small-caps\">Ind&uacute;stria<\/span><\/span><\/span><\/b><\/span><\/span><\/span><\/p>\r\n\r\n<p style=\"text-align:justify\"><span style=\"font-size:11pt\"><span style=\"line-height:normal\"><span style=\"font-family:&quot;Calibri&quot;,sans-serif\"><a href=\"https:\/\/noticias.portaldaindustria.com.br\/noticias\/politica-industrial\/cni-propoe-quatro-missoes-de-politica-industrial-para-retomar-crescimento-do-pais-\/\" style=\"color:blue; text-decoration:underline\"><span style=\"font-size:14.0pt\">CNI prop&otilde;e quatro miss&otilde;es de pol&iacute;tica industrial para retomar crescimento do pa&iacute;s<\/span><\/a><\/span><\/span><\/span><\/p>\r\n\r\n<p style=\"text-align:justify\"><span style=\"font-size:11pt\"><span style=\"line-height:normal\"><span style=\"font-family:&quot;Calibri&quot;,sans-serif\"><a href=\"https:\/\/www.meiofiltrante.com.br\/Noticia\/112063\/producao-industrial-brasileira-teve-alta-de-11-em-marco-\" style=\"color:blue; text-decoration:underline\"><span style=\"font-size:14.0pt\">Produ&ccedil;&atilde;o industrial brasileira teve alta de 1,1% em mar&ccedil;o<\/span><\/a><\/span><\/span><\/span><\/p>\r\n\r\n<p style=\"text-align:justify\"><span style=\"font-size:11pt\"><span style=\"line-height:normal\"><span style=\"font-family:&quot;Calibri&quot;,sans-serif\"><a href=\"https:\/\/noticias.portaldaindustria.com.br\/noticias\/economia\/industrial-segue-sem-confianca-na-economia-em-maio-diz-cni\/\" style=\"color:blue; text-decoration:underline\"><span style=\"font-size:14.0pt\">Industrial segue sem confian&ccedil;a na economia em maio, diz CNI<\/span><\/a><\/span><\/span><\/span><\/p>\r\n\r\n<p style=\"text-align:justify\"><span style=\"font-size:11pt\"><span style=\"line-height:normal\"><span style=\"font-family:&quot;Calibri&quot;,sans-serif\"><a href=\"https:\/\/www.infomoney.com.br\/economia\/indice-da-construcao-civil-sobe-027-em-abril-e-acumula-805-em-12-meses-diz-ibge\/\" style=\"color:blue; text-decoration:underline\"><span style=\"font-size:14.0pt\">&Iacute;ndice da constru&ccedil;&atilde;o civil sobe 0,27% em abril e acumula 8,05% em 12 meses, diz IBGE<\/span><\/a><\/span><\/span><\/span><\/p>\r\n\r\n<p style=\"text-align:justify\"><span style=\"font-size:11pt\"><span style=\"line-height:normal\"><span style=\"font-family:&quot;Calibri&quot;,sans-serif\"><a href=\"https:\/\/www.cnnbrasil.com.br\/economia\/producao-de-carros-tem-queda-de-18-em-abril-aponta-anfavea\/\" style=\"color:blue; text-decoration:underline\"><span style=\"font-size:14.0pt\">Produ&ccedil;&atilde;o de carros tem queda de 18% em abril, aponta Anfavea<\/span><\/a><\/span><\/span><\/span><\/p>\r\n\r\n<p style=\"text-align:justify\"><span style=\"font-size:11pt\"><span style=\"line-height:normal\"><span style=\"font-family:&quot;Calibri&quot;,sans-serif\"><a href=\"https:\/\/guaiba.com.br\/2023\/05\/11\/producao-de-calcados-avanca-2-no-trimestre-revela-abicalcados\/\" style=\"color:blue; text-decoration:underline\"><span style=\"font-size:14.0pt\">Produ&ccedil;&atilde;o de cal&ccedil;ados avan&ccedil;a 2% no trimestre, revela Abical&ccedil;ados<\/span><\/a><\/span><\/span><\/span><\/p>\r\n\r\n<p style=\"text-align:justify\"><span style=\"font-size:11pt\"><span style=\"line-height:normal\"><span style=\"font-family:&quot;Calibri&quot;,sans-serif\"><a href=\"https:\/\/www.noticiasagricolas.com.br\/noticias\/agronegocio\/348625-agrishow-2023-bate-recorde-e-fecha-mais-de-r-13-bilhoes-em-negocios-segundo-abimaq.html#.ZGE7UnbMLIU\" style=\"color:blue; text-decoration:underline\"><span style=\"font-size:14.0pt\">Agrishow 2023 bate recorde e fecha mais de R$ 13 bilh&otilde;es em neg&oacute;cios, segundo Abimaq<\/span><\/a><\/span><\/span><\/span><\/p>\r\n\r\n<p class=\"MsoTitle\" style=\"text-align:justify\"><span style=\"font-size:28pt\"><span style=\"font-family:&quot;Cambria&quot;,serif\"><span style=\"letter-spacing:-0.5pt\"><b><span style=\"font-size:18.0pt\"><span style=\"font-family:&quot;Calibri&quot;,sans-serif\"><span style=\"font-variant:small-caps\">Sustentabilidade<\/span><\/span><\/span><\/b><\/span><\/span><\/span><\/p>\r\n\r\n<p style=\"text-align:justify\"><span style=\"font-size:11pt\"><span style=\"line-height:normal\"><span style=\"font-family:&quot;Calibri&quot;,sans-serif\"><a href=\"https:\/\/veja.abril.com.br\/coluna\/radar-economico\/agroindustria-utiliza-97-mil-toneladas-de-plastico-reciclado-diz-estudo\/\" style=\"color:blue; text-decoration:underline\"><span style=\"font-size:14.0pt\">Agroind&uacute;stria utiliza 97 mil toneladas de pl&aacute;stico reciclado, diz estudo<\/span><\/a> <\/span><\/span><\/span><\/p>\r\n\r\n<p style=\"text-align:justify\"><span style=\"font-size:11pt\"><span style=\"line-height:normal\"><span style=\"font-family:&quot;Calibri&quot;,sans-serif\"><a href=\"https:\/\/www.casacivil.go.gov.br\/noticias\/9614-projeto-que-cria-microrregi%C3%B5es-de-saneamento-b%C3%A1sico-passa-na-assembleia.html\" style=\"color:blue; text-decoration:underline\"><span style=\"font-size:14.0pt\">Projeto que cria microrregi&otilde;es de saneamento b&aacute;sico passa na Assembleia<\/span><\/a><\/span><\/span><\/span><\/p>\r\n\r\n<p style=\"text-align:justify\"><span style=\"font-size:11pt\"><span style=\"line-height:normal\"><span style=\"font-family:&quot;Calibri&quot;,sans-serif\"><a href=\"https:\/\/noticias.portaldaindustria.com.br\/noticias\/sustentabilidade\/brasil-e-eua-unidos-pela-sustentabilidade\/\" style=\"color:blue; text-decoration:underline\"><span style=\"font-size:14.0pt\">Brasil e EUA unidos pela sustentabilidade<\/span><\/a><\/span><\/span><\/span><\/p>\r\n\r\n<p class=\"MsoTitle\" style=\"text-align:justify\"><span style=\"font-size:28pt\"><span style=\"font-family:&quot;Cambria&quot;,serif\"><span style=\"letter-spacing:-0.5pt\"><b><span style=\"font-size:18.0pt\"><span style=\"font-family:&quot;Calibri&quot;,sans-serif\"><span style=\"font-variant:small-caps\">Inova&ccedil;&atilde;o<\/span><\/span><\/span><\/b><\/span><\/span><\/span><\/p>\r\n\r\n<p style=\"text-align:justify\"><span style=\"font-size:11pt\"><span style=\"line-height:normal\"><span style=\"font-family:&quot;Calibri&quot;,sans-serif\"><a href=\"https:\/\/tissueonline.com.br\/primeiro-absorvente-menstrual-biodegradavel-do-mundo-e-lancado-no-reino-unido\/?utm_campaign=newsletter_12052023_novo_modelo&amp;utm_medium=email&amp;utm_source=RD+Station\" style=\"color:blue; text-decoration:underline\"><span style=\"font-size:14.0pt\">Primeiro absorvente menstrual biodegrad&aacute;vel do mundo &eacute; lan&ccedil;ado no Reino Unido<\/span><\/a><\/span><\/span><\/span><\/p>\r\n\r\n<p style=\"text-align:justify\"><span style=\"font-size:11pt\"><span style=\"line-height:normal\"><span style=\"font-family:&quot;Calibri&quot;,sans-serif\"><a href=\"https:\/\/phys.org\/news\/2023-05-hemp-based-biomaterial-global-microplastic-pollution.html?utm_source=nwletter&amp;utm_medium=email&amp;utm_campaign=daily-nwletter\" style=\"color:blue; text-decoration:underline\"><span style=\"font-size:14.0pt\">New hemp-based biomaterial to help with global microplastic pollution crisis<\/span><\/a><\/span><\/span><\/span><\/p>\r\n\r\n<p style=\"text-align:justify\"><span style=\"font-size:11pt\"><span style=\"line-height:normal\"><span style=\"font-family:&quot;Calibri&quot;,sans-serif\"><span class=\"MsoHyperlink\" style=\"color:blue\"><span style=\"text-decoration:underline\"><span style=\"font-size:14.0pt\"><a href=\"http:\/\/www.technofashionworld.com\/new-intelligent-fabric-reacts-to-heat-and-electricity\/?utm_term=735191+-+http%3A%2F%2Fwww.technofashionworld.com%2Fnew-intelligent-fabric-reacts-to-heat-and-electricity&amp;utm_campaign=Technofashion+World+-+Technofashion+World+Newsletter+-+May+16%2C+2023&amp;utm_medium=email&amp;utm_source=MagNews&amp;utm_content=146450+-+72059+%282023-05-16%29\" style=\"color:blue; text-decoration:underline\">New intelligent fabric reacts to heat and electricity<\/a><\/span><\/span><\/span><\/span><\/span><\/span><\/p>\r\n\r\n<p class=\"MsoTitleCxSpFirst\" style=\"text-align:justify\"><span style=\"font-size:28pt\"><span style=\"font-family:&quot;Cambria&quot;,serif\"><span style=\"letter-spacing:-0.5pt\"><b><span style=\"font-size:18.0pt\"><span style=\"font-family:&quot;Calibri&quot;,sans-serif\"><span style=\"font-variant:small-caps\">Com&eacute;rcio Exterior<\/span><\/span><\/span><\/b><\/span><\/span><\/span><\/p>\r\n\r\n<p style=\"text-align:justify\"><span style=\"font-size:11pt\"><span style=\"line-height:normal\"><span style=\"font-family:&quot;Calibri&quot;,sans-serif\"><span class=\"MsoHyperlink\" style=\"color:blue\"><span style=\"text-decoration:underline\"><span style=\"font-size:14.0pt\"><a href=\"https:\/\/www.gov.br\/mdic\/pt-br\/assuntos\/noticias\/2023\/maio\/camex-zera-imposto-de-importacao-de-628-maquinas-e-equipamentos-industriais-sem-producao-no-brasil\" style=\"color:blue; text-decoration:underline\">Camex zera imposto de importa&ccedil;&atilde;o de 628 m&aacute;quinas e equipamentos industriais sem produ&ccedil;&atilde;o no Brasil<\/a><\/span><\/span><\/span><\/span><\/span><\/span><\/p>\r\n\r\n<p style=\"text-align:justify\"><span style=\"font-size:11pt\"><span style=\"line-height:normal\"><span style=\"font-family:&quot;Calibri&quot;,sans-serif\"><span class=\"MsoHyperlink\" style=\"color:blue\"><span style=\"text-decoration:underline\"><span style=\"font-size:14.0pt\"><a href=\"https:\/\/www.fibre2fashion.com\/news\/textile-news\/global-textile-trade-surges-14-in-2022-surpasses-pre-covid-levels-287455-newsdetails.htm\" style=\"color:blue; text-decoration:underline\">Global textile trade surges 14% in 2022, surpasses pre-COVID levels<\/a><\/span><\/span><\/span><\/span><\/span><\/span><\/p>\r\n\r\n<p style=\"text-align:justify\"><span style=\"font-size:11pt\"><span style=\"line-height:normal\"><span style=\"font-family:&quot;Calibri&quot;,sans-serif\"><span class=\"MsoHyperlink\" style=\"color:blue\"><span style=\"text-decoration:underline\"><span style=\"font-size:14.0pt\"><a href=\"https:\/\/www.infomoney.com.br\/economia\/balanca-comercial-tem-superavit-de-us-2333-bilhoes-na-1a-semana-de-maio\/\" style=\"color:blue; text-decoration:underline\">Balan&ccedil;a comercial tem super&aacute;vit de US$ 2,333 bilh&otilde;es na 1&ordf; semana de maio<\/a><\/span><\/span><\/span><\/span><\/span><\/span><\/p>\r\n\r\n<p style=\"text-align:justify\"><span style=\"font-size:11pt\"><span style=\"line-height:normal\"><span style=\"font-family:&quot;Calibri&quot;,sans-serif\"><span class=\"MsoHyperlink\" style=\"color:blue\"><span style=\"text-decoration:underline\"><span style=\"font-size:14.0pt\"><a href=\"https:\/\/expansao.co\/assintecal-busca-estreitar-lacos-com-argentina\/\" style=\"color:blue; text-decoration:underline\">Assintecal busca estreitar la&ccedil;os com Argentina<\/a><\/span><\/span><\/span><\/span><\/span><\/span><\/p>\r\n\r\n<p style=\"text-align:justify\"><span style=\"font-size:11pt\"><span style=\"line-height:normal\"><span style=\"font-family:&quot;Calibri&quot;,sans-serif\"><span class=\"MsoHyperlink\" style=\"color:blue\"><span style=\"text-decoration:underline\"><span style=\"font-size:14.0pt\"><a href=\"https:\/\/www.cnnbrasil.com.br\/economia\/entenda-por-que-o-acordo-mercosul-uniao-europeia-sera-reavaliado\/\" style=\"color:blue; text-decoration:underline\">Entenda por que o acordo Mercosul-Uni&atilde;o Europeia ser&aacute; reavaliado<\/a><\/span><\/span><\/span><\/span><\/span><\/span><\/p>\r\n\r\n<p style=\"text-align:justify\"><span style=\"font-size:11pt\"><span style=\"line-height:normal\"><span style=\"font-family:&quot;Calibri&quot;,sans-serif\"><span class=\"MsoHyperlink\" style=\"color:blue\"><span style=\"text-decoration:underline\"><span style=\"font-size:14.0pt\"><a href=\"https:\/\/apexbrasil.com.br\/content\/apexbrasil\/br\/pt\/conteudo\/noticias\/apexbrasil-estudos-perfil-pais-chile-colombia-peru.html#msdynttrid=hGD6m6qUcbL9HEQDqoOhnVyR5JS0Vq2geMER_4dxmHw\" style=\"color:blue; text-decoration:underline\">ApexBrasil lan&ccedil;a estudos &ldquo;Perfil Pa&iacute;s&rdquo; sobre Chile, Col&ocirc;mbia e Peru<\/a><\/span><\/span><\/span><\/span><\/span><\/span><\/p>\r\n\r\n<p class=\"MsoTitleCxSpLast\" style=\"text-align:justify\"><span style=\"font-size:28pt\"><span style=\"font-family:&quot;Cambria&quot;,serif\"><span style=\"letter-spacing:-0.5pt\"><b><span style=\"font-size:18.0pt\"><span style=\"font-family:&quot;Calibri&quot;,sans-serif\"><span style=\"font-variant:small-caps\">Economia<\/span><\/span><\/span><\/b><\/span><\/span><\/span><\/p>\r\n\r\n<p style=\"text-align:justify\"><span style=\"font-size:11pt\"><span style=\"line-height:normal\"><span style=\"font-family:&quot;Calibri&quot;,sans-serif\"><a href=\"https:\/\/www.bcb.gov.br\/content\/focus\/focus\/R20230512.pdf\" style=\"color:blue; text-decoration:underline\"><span style=\"font-size:14.0pt\">Focus &ndash; Relat&oacute;rio de Mercado<\/span><\/a><\/span><\/span><\/span><\/p>\r\n\r\n<p style=\"text-align:justify\"><span style=\"font-size:11pt\"><span style=\"line-height:normal\"><span style=\"font-family:&quot;Calibri&quot;,sans-serif\"><a href=\"https:\/\/www.bcb.gov.br\/detalhenoticia\/17891\/nota\" style=\"color:blue; text-decoration:underline\"><span style=\"font-size:14.0pt\">BC divulga o Relat&oacute;rio de Estabilidade Financeira do segundo semestre de 2022<\/span><\/a><\/span><\/span><\/span><\/p>\r\n\r\n<p style=\"text-align:justify\"><span style=\"font-size:11pt\"><span style=\"line-height:normal\"><span style=\"font-family:&quot;Calibri&quot;,sans-serif\"><span class=\"MsoHyperlink\" style=\"color:blue\"><span style=\"text-decoration:underline\"><span style=\"font-size:14.0pt\"><a href=\"https:\/\/portalibre.fgv.br\/system\/files\/2023-05\/Bar%C3%B4metros%20Globais%20KOF-FGV_Press%20release_05_2023_0.pdf\" style=\"color:blue; text-decoration:underline\">Bar&ocirc;metros Globais sobem, mas continuam em patamar baixo<\/a><\/span><\/span><\/span><\/span><\/span><\/span><\/p>\r\n\r\n<p style=\"text-align:justify\"><span style=\"font-size:11pt\"><span style=\"line-height:normal\"><span style=\"font-family:&quot;Calibri&quot;,sans-serif\"><span class=\"MsoHyperlink\" style=\"color:blue\"><span style=\"text-decoration:underline\"><span style=\"font-size:14.0pt\"><a href=\"https:\/\/www.moveisdevalor.com.br\/portal\/crise-do-varejo-se-espalha-por-construcao-moveis-e-decoracao?source=news\" style=\"color:blue; text-decoration:underline\">Crise do varejo se espalha por constru&ccedil;&atilde;o, m&oacute;veis e decora&ccedil;&atilde;o<\/a><\/span><\/span><\/span><\/span><\/span><\/span><\/p>\r\n","texto_en":"","7":"","imagem":"COMP_banner-padrao-home-destaques-boletim-2023_20230516123731E59du5iXoA.jpeg","8":"COMP_banner-padrao-home-destaques-boletim-2023_20230516123731E59du5iXoA.jpeg","arquivo":"20230516-NOTICIAS-SEMANAIS.PDF","9":"20230516-NOTICIAS-SEMANAIS.PDF","titulo_arquivo":"","10":"","titulo_arquivo_en":"","11":"","created_at":"2023-05-16 12:37:40","12":"2023-05-16 12:37:40","updated_at":"2023-05-16 12:37:40","13":"2023-05-16 12:37:40"},{"id":64,"0":64,"ordem":159,"1":159,"data":"2023-05-09","2":"2023-05-09","slug":"boletim-de-noticias-semanais-61","3":"boletim-de-noticias-semanais-61","titulo":"Boletim de Not\u00edcias Semanais","4":"Boletim de Not\u00edcias Semanais","titulo_en":"","5":"","texto":"<p style=\"text-align:justify\"><span style=\"font-size:11pt\"><span style=\"line-height:normal\"><span style=\"font-family:&quot;Calibri&quot;,sans-serif\"><span style=\"font-size:14.0pt\">Esta &eacute; uma compila&ccedil;&atilde;o das not&iacute;cias mais relevantes para o setor, incluindo informa&ccedil;&otilde;es sobre acordos internacionais, economia brasileira, sustentabilidade e mat&eacute;rias primas, al&eacute;m de novidades do setor de N&atilde;otecidos e Tecidos T&eacute;cnicos.<\/span><\/span><\/span><\/span><\/p>\r\n\r\n<p class=\"MsoTitleCxSpMiddle\" style=\"text-align:justify\"><span style=\"font-size:28pt\"><span style=\"font-family:&quot;Cambria&quot;,serif\"><span style=\"letter-spacing:-0.5pt\"><b><span style=\"font-size:18.0pt\"><span style=\"font-family:&quot;Calibri&quot;,sans-serif\"><span style=\"font-variant:small-caps\">A&ccedil;&otilde;es da ABINT<\/span><\/span><\/span><\/b><\/span><\/span><\/span><\/p>\r\n\r\n<p class=\"MsoTitleCxSpLast\" style=\"text-align:justify\"><img src=\"https:\/\/www.abint.org.br\/assets\/img\/editor\/premio-tcc-ic-2023-arte-5_20230509131908RkpIVGgNDl.png\" style=\"width: 300px; height: 300px;\" \/><\/p>\r\n\r\n<p style=\"text-align:justify\"><span style=\"font-size:11pt\"><span style=\"line-height:115%\"><span style=\"font-family:&quot;Calibri&quot;,sans-serif\"><strong>&nbsp;<\/strong><b><span style=\"font-size:14.0pt\"><span style=\"line-height:115%\">O CTG ABINT e a IGS BRASIL<\/span><\/span><\/b><span style=\"font-size:14.0pt\"><span style=\"line-height:115%\"> convidam aqueles que desenvolveram trabalhos acad&ecirc;micos relacionados aos geossint&eacute;ticos a participarem&nbsp;de mais uma edi&ccedil;&atilde;o do Pr&ecirc;mio TCC\/IC.<\/span><\/span><\/span><\/span><\/span><\/p>\r\n\r\n<p><span style=\"font-size:11pt\"><span style=\"line-height:normal\"><span style=\"font-family:&quot;Calibri&quot;,sans-serif\"><a href=\"https:\/\/abint.us2.list-manage.com\/track\/click?u=88818ac6bf44316570fc1bc2f&amp;id=46b014bcf1&amp;e=626265ad22\" style=\"color:blue; text-decoration:underline\" target=\"_blank\"><span style=\"font-size:14.0pt\"><span style=\"color:blue\">Mais informa&ccedil;&otilde;es e inscri&ccedil;&otilde;es<\/span><\/span><\/a><\/span><\/span><\/span><\/p>\r\n\r\n<p>&nbsp;<\/p>\r\n\r\n<p><span style=\"font-size:11pt\"><span style=\"line-height:normal\"><span style=\"font-family:&quot;Calibri&quot;,sans-serif\"><span style=\"font-size:14.0pt\"><span style=\"color:blue\"><img src=\"https:\/\/www.abint.org.br\/assets\/img\/editor\/2o-forum-economia-circular-plastico-sul-1_20230509132101kQsoI48XGl.jpg\" style=\"width: 300px; height: 300px;\" \/><\/span><\/span><\/span><\/span><\/span><\/p>\r\n\r\n<p style=\"text-align:justify\"><span style=\"font-size:11pt\"><span style=\"line-height:normal\"><span style=\"font-family:&quot;Calibri&quot;,sans-serif\"><b><span style=\"font-size:14.0pt\">A ABINT apoia o 2&ordm; F&oacute;rum Economia Circular Pl&aacute;stico Sul, <\/span><\/b><span style=\"font-size:14.0pt\">que ocorrer&aacute; dias<b> 18 e 19 de maio de 2023, <\/b>Expoagro, Gramado, RS,<b> evento gratuito e h&iacute;brido.<\/b><\/span><\/span><\/span><\/span><\/p>\r\n\r\n<p style=\"text-align:justify\"><span style=\"font-size:11pt\"><span style=\"line-height:normal\"><span style=\"font-family:&quot;Calibri&quot;,sans-serif\"><a href=\"https:\/\/www.sympla.com.br\/evento\/2-forum-economia-circular-plastico-sul\/1923141\" style=\"color:blue; text-decoration:underline\"><span style=\"font-size:14.0pt\">Informa&ccedil;&otilde;es<\/span><\/a><\/span><\/span><\/span><\/p>\r\n\r\n<p style=\"text-align:justify\"><span style=\"font-size:11pt\"><span style=\"line-height:normal\"><span style=\"font-family:&quot;Calibri&quot;,sans-serif\"><span style=\"font-size:14.0pt\"><img src=\"https:\/\/www.abint.org.br\/assets\/img\/editor\/itma-2023-abint-english-417x250_20230509132207pcYmtsLRKu.jpg\" \/><\/span><\/span><\/span><\/span><\/p>\r\n\r\n<p style=\"text-align:justify\"><span style=\"font-size:11pt\"><span style=\"line-height:normal\"><span style=\"font-family:&quot;Calibri&quot;,sans-serif\"><b><span style=\"font-size:14.0pt\">A ABINT apoia a ITMA 2023<\/span><\/b><\/span><\/span><\/span><\/p>\r\n\r\n<p style=\"text-align:justify\"><span style=\"font-size:11pt\"><span style=\"line-height:normal\"><span style=\"font-family:&quot;Calibri&quot;,sans-serif\"><span style=\"font-size:14.0pt\">A 19&ordf; edi&ccedil;&atilde;o da maior exposi&ccedil;&atilde;o internacional de tecnologia t&ecirc;xtil e de vestu&aacute;rio do mundo acontecer&aacute; em Mil&atilde;o, It&aacute;lia, de 08 a 14 de junho de 2023. <\/span><a href=\"https:\/\/itma.com\/\" style=\"color:blue; text-decoration:underline\"><span style=\"font-size:14.0pt\">Informa&ccedil;&otilde;es<\/span><\/a><\/span><\/span><\/span><\/p>\r\n\r\n<p style=\"text-align:justify\">&nbsp;<\/p>\r\n\r\n<p style=\"text-align:justify\"><span style=\"font-size:11pt\"><span style=\"line-height:normal\"><span style=\"font-family:&quot;Calibri&quot;,sans-serif\"><span style=\"font-size:14.0pt\"><img src=\"https:\/\/www.abint.org.br\/assets\/img\/editor\/ctg-patrocinador-regeo-2023_20230509132253vAnh34zahW.jpeg\" style=\"width: 300px; height: 300px;\" \/><\/span><\/span><\/span><\/span><\/p>\r\n\r\n<p style=\"text-align:justify\"><span style=\"font-size:11pt\"><span style=\"line-height:normal\"><span style=\"font-family:&quot;Calibri&quot;,sans-serif\"><b><span style=\"font-size:14.0pt\"><span style=\"font-variant:small-caps\">O CTG ABINT <\/span><\/span><\/b><b><span style=\"font-size:14.0pt\">marcar&aacute; presen&ccedil;a<\/span><\/b><span style=\"font-size:14.0pt\"> nos eventos <b>X Congresso Brasileiro de Geotecnia Ambiental &amp; IX Congresso Brasileiro de Geossint&eacute;ticos - REGEO&rsquo;23 &amp; Geossint&eacute;ticos&rsquo;23<\/b>, que ocorrer&atilde;o de 18 a 21 de julho de 2023, Centro Universit&aacute;rio Jorge Amado &ndash; UNIJORGE, Salvador, BA.<\/span><\/span><\/span><\/span><\/p>\r\n\r\n<p style=\"text-align:justify\"><span style=\"font-size:11pt\"><span style=\"line-height:normal\"><span style=\"font-family:&quot;Calibri&quot;,sans-serif\"><a href=\"https:\/\/regeogeossinteticos23.com.br\/\" style=\"color:blue; text-decoration:underline\"><span style=\"font-size:14.0pt\">Mais informa&ccedil;&otilde;es e inscri&ccedil;&otilde;es<\/span><\/a><\/span><\/span><\/span><\/p>\r\n\r\n<p style=\"text-align:justify\">&nbsp;<\/p>\r\n\r\n<p style=\"text-align:justify\"><span style=\"font-size:11pt\"><span style=\"line-height:normal\"><span style=\"font-family:&quot;Calibri&quot;,sans-serif\"><span style=\"font-size:14.0pt\"><img src=\"https:\/\/www.abint.org.br\/assets\/img\/editor\/minicurso-fernando-regeo-2023_20230509132326gZ8AdI4yB5.jpeg\" style=\"width: 300px; height: 300px;\" \/><\/span><\/span><\/span><\/span><\/p>\r\n\r\n<p style=\"text-align:justify\"><span style=\"font-size:11pt\"><span style=\"line-height:normal\"><span style=\"font-family:&quot;Calibri&quot;,sans-serif\"><b><span style=\"font-size:14.0pt\">O Eng. Fernando Lavoie, Coordenador do CTG ABINT, ministrar&aacute; Minicurso durante o Regeo&rsquo;23 &amp; Geossint&eacute;ticos&rsquo;23.<\/span><\/b><\/span><\/span><\/span><\/p>\r\n\r\n<p style=\"text-align:justify\"><span style=\"font-size:11pt\"><span style=\"line-height:normal\"><span style=\"font-family:&quot;Calibri&quot;,sans-serif\"><a href=\"https:\/\/regeogeossinteticos23.com.br\/inscricoes\/\" style=\"color:blue; text-decoration:underline\"><span style=\"font-size:14.0pt\">Inscreva-se!<\/span><\/a><\/span><\/span><\/span><\/p>\r\n\r\n<p style=\"text-align:justify\">&nbsp;<\/p>\r\n\r\n<p style=\"text-align:justify\">&nbsp;<\/p>\r\n\r\n<p style=\"text-align:justify\"><span style=\"font-size:11pt\"><span style=\"line-height:normal\"><span style=\"font-family:&quot;Calibri&quot;,sans-serif\"><b><span style=\"font-size:18.0pt\"><span style=\"font-variant:small-caps\">Eventos<\/span><\/span><\/b><\/span><\/span><\/span><\/p>\r\n\r\n<p style=\"text-align:justify\">&nbsp;<\/p>\r\n\r\n<p style=\"text-align:justify\"><span style=\"font-size:11pt\"><span style=\"line-height:normal\"><span style=\"font-family:&quot;Calibri&quot;,sans-serif\"><b><span style=\"font-size:14.0pt\">Workshop Abit | As tend&ecirc;ncias e pol&ecirc;micas da terceiriza&ccedil;&atilde;o no Brasil<\/span><\/b><span class=\"MsoHyperlink\" style=\"color:blue\"><span style=\"text-decoration:underline\"><span style=\"font-size:14.0pt\"><span style=\"text-decoration:none\"><span style=\"text-underline:none\">, <\/span><\/span><\/span><\/span><\/span><span style=\"font-size:14.0pt\">23 de maio de 2023, 09h00.<\/span> <a href=\"https:\/\/produtos.institutoabit.org.br\/prod\/557dc497-7bd7-457e-8fac-bf040367466e?utm_campaign=workshop_terceirizacao&amp;utm_medium=email&amp;utm_source=RD+Station\" style=\"color:blue; text-decoration:underline\"><span style=\"font-size:14.0pt\">Informa&ccedil;&otilde;es<\/span><\/a> <\/span><\/span><\/span><\/p>\r\n\r\n<p style=\"text-align:justify\">&nbsp;<\/p>\r\n\r\n<p style=\"text-align:justify\"><span style=\"font-size:11pt\"><span style=\"line-height:normal\"><span style=\"font-family:&quot;Calibri&quot;,sans-serif\"><b><span style=\"font-size:14.0pt\">SENAI-CETIQT | Curso de Defesa e Inova&ccedil;&atilde;o nas Compras das For&ccedil;as Armadas<\/span><\/b><span style=\"font-size:14.0pt\">, in&iacute;cio em 24 de maio de 2023. <\/span><a href=\"https:\/\/materiais.senaicetiqt.com\/curso-de-defesa?utm_campaign=senai_cetiqt__aplicacao_das_leis_de_defesa_-_curso&amp;utm_medium=email&amp;utm_source=RD+Station\" style=\"color:blue; text-decoration:underline\"><span style=\"font-size:14.0pt\">Informa&ccedil;&otilde;es<\/span><\/a> <\/span><\/span><\/span><\/p>\r\n\r\n<p style=\"text-align:justify\">&nbsp;<\/p>\r\n\r\n<p style=\"text-align:justify\"><span style=\"font-size:11pt\"><span style=\"line-height:normal\"><span style=\"font-family:&quot;Calibri&quot;,sans-serif\"><b><span style=\"font-size:14.0pt\">Hospitalar 2023<\/span><\/b><span style=\"font-size:14.0pt\">, 23 a 26 de maio, S&atilde;o Paulo Expo, Rodovia dos Imigrantes, 1,5 km - Vila &Aacute;gua Funda, S&atilde;o Paulo - SP, 04329-900. <\/span><a href=\"https:\/\/www.hospitalar.com\/pt\/home.html\" style=\"color:blue; text-decoration:underline\"><span style=\"font-size:14.0pt\">Informa&ccedil;&otilde;es<\/span><\/a> <\/span><\/span><\/span><\/p>\r\n\r\n<p style=\"text-align:justify\">&nbsp;<\/p>\r\n\r\n<p style=\"text-align:justify\"><span style=\"font-size:11pt\"><span style=\"line-height:normal\"><span style=\"font-family:&quot;Calibri&quot;,sans-serif\"><b><span style=\"font-size:14.0pt\">Paving Expo 2023<\/span><\/b><span style=\"font-size:14.0pt\">, 24 a 26 de maio, 13h &agrave;s 20 h, Pavilh&atilde;o Azul, Expo Center Norte, S&atilde;o Paulo, SP. <\/span><a href=\"https:\/\/paving.com.br\/\" style=\"color:blue; text-decoration:underline\"><span style=\"font-size:14.0pt\">Informa&ccedil;&otilde;es<\/span><\/a> <\/span><\/span><\/span><\/p>\r\n\r\n<p style=\"text-align:justify\">&nbsp;<\/p>\r\n\r\n<p style=\"text-align:justify\"><span style=\"font-size:11pt\"><span style=\"line-height:normal\"><span style=\"font-family:&quot;Calibri&quot;,sans-serif\"><b><span style=\"font-size:14.0pt\">Apex Brasil | Oficina de Competitividade - Marketing e vendas internacionais<\/span><\/b><span style=\"font-size:14.0pt\">, 25 de maio de 2023, online. <\/span><a href=\"https:\/\/click.apexbrasil.com.br\/mkt\/OficinadeCompetitividade\/OficinadeCompetitividade_Maio2023.pdf#msdynttrid=gpggdktCgef8OkHtMu6GOzzT5tB0WmNyOVZZxoHURfw\" style=\"color:blue; text-decoration:underline\"><span style=\"font-size:14.0pt\">Informa&ccedil;&otilde;es<\/span><\/a> <\/span><\/span><\/span><\/p>\r\n\r\n<p style=\"text-align:justify\">&nbsp;<\/p>\r\n\r\n<p style=\"text-align:justify\"><span style=\"font-size:11pt\"><span style=\"line-height:normal\"><span style=\"font-family:&quot;Calibri&quot;,sans-serif\"><b><span style=\"font-size:14.0pt\">XVI Semin&aacute;rio Reciclagem e Valoriza&ccedil;&atilde;o de Res&iacute;duos S&oacute;lidos<\/span><\/b><span style=\"font-size:14.0pt\">, 31 de maio de 2023, Instituto de Engenharia - Av. Dr. Dante Pazzanese, 120 - Vila Mariana, S&atilde;o Paulo. <\/span><a href=\"https:\/\/www.reciclagemevalorizacao.com.br\/\" style=\"color:blue; text-decoration:underline\"><span style=\"font-size:14.0pt\">Informa&ccedil;&otilde;es<\/span><\/a> <\/span><\/span><\/span><\/p>\r\n\r\n<p style=\"text-align:justify\">&nbsp;<\/p>\r\n\r\n<p style=\"text-align:justify\"><span style=\"font-size:11pt\"><span style=\"line-height:normal\"><span style=\"font-family:&quot;Calibri&quot;,sans-serif\"><b><span style=\"font-size:14.0pt\">The 92nd Textile Institute World Conference: &ldquo;Sustainability of the Textile and Fashion Supply Chain &ndash; Transitioning to Zero Carbon and Zero Waste&rdquo;, <\/span><\/b><span style=\"font-size:14.0pt\">3-6 July 2023, University of Huddersfield, UK. <\/span><a href=\"https:\/\/www.textileinstitute.org\/events\/tiwc\/\" style=\"color:blue; text-decoration:underline\"><span style=\"font-size:14.0pt\">Informa&ccedil;&otilde;es<\/span><\/a> <\/span><\/span><\/span><\/p>\r\n\r\n<p style=\"text-align:justify\">&nbsp;<\/p>\r\n\r\n<p style=\"text-align:justify\"><span style=\"font-size:11pt\"><span style=\"line-height:normal\"><span style=\"font-family:&quot;Calibri&quot;,sans-serif\"><b><span style=\"font-size:14.0pt\">FIMMA BRASIL - Feira Internacional de Fornecedores da Cadeia Produtiva Madeira e M&oacute;veis<\/span><\/b><span style=\"font-size:14.0pt\">, 28 a 31 de agosto de 2023, das 10h &agrave;s 19h, Bento Gon&ccedil;alves, RS. <\/span><a href=\"https:\/\/fimma.com.br\/\" style=\"color:blue; text-decoration:underline\"><span style=\"font-size:14.0pt\">Informa&ccedil;&otilde;es<\/span><\/a> <\/span><\/span><\/span><\/p>\r\n\r\n<p style=\"text-align:justify\">&nbsp;<\/p>\r\n\r\n<p style=\"text-align:justify\"><span style=\"font-size:11pt\"><span style=\"line-height:normal\"><span style=\"font-family:&quot;Calibri&quot;,sans-serif\"><span class=\"MsoHyperlink\" style=\"color:blue\"><span style=\"text-decoration:underline\"><b><span style=\"font-size:14.0pt\"><span style=\"text-decoration:none\"><span style=\"text-underline:none\">10&ordm; Congresso Internacional da Inova&ccedil;&atilde;o da Ind&uacute;stria<\/span><\/span><\/span><\/b><\/span><\/span><span class=\"MsoHyperlink\" style=\"color:blue\"><span style=\"text-decoration:underline\"><span style=\"font-size:14.0pt\"><span style=\"text-decoration:none\"><span style=\"text-underline:none\">, 27 e 28 de setembro de 2023, S&atilde;o Paulo Expo. <\/span><\/span><\/span><\/span><\/span><a href=\"https:\/\/www.congressodeinovacao.com.br\/?utm_source=comext&amp;utm_medium=email&amp;utm_campaign=eventos&amp;utm_content=id00053#msdynttrid=gg5jXwSFR7qM4vHH2tKGau3cTwSFDneTjMUhrcPg7vE\" style=\"color:blue; text-decoration:underline\"><span style=\"font-size:14.0pt\">Informa&ccedil;&otilde;es<\/span><\/a> <\/span><\/span><\/span><\/p>\r\n\r\n<p style=\"text-align:justify\">&nbsp;<\/p>\r\n\r\n<p style=\"text-align:justify\"><span style=\"font-size:11pt\"><span style=\"line-height:normal\"><span style=\"font-family:&quot;Calibri&quot;,sans-serif\"><span class=\"MsoHyperlink\" style=\"color:blue\"><span style=\"text-decoration:underline\"><b><span style=\"font-size:14.0pt\"><span style=\"text-decoration:none\"><span style=\"text-underline:none\">FiltXPO&trade; 2023<\/span><\/span><\/span><\/b><\/span><\/span><span class=\"MsoHyperlink\" style=\"color:blue\"><span style=\"text-decoration:underline\"><span style=\"font-size:14.0pt\"><span style=\"text-decoration:none\"><span style=\"text-underline:none\">, October 10-12, 2023 at Navy Pier in Chicago, Illinois. <\/span><\/span><\/span><\/span><\/span><a href=\"https:\/\/www.filtxpo.com\/\" style=\"color:blue; text-decoration:underline\"><span style=\"font-size:14.0pt\">Informa&ccedil;&otilde;es<\/span><\/a> <\/span><\/span><\/span><\/p>\r\n\r\n<p style=\"text-align:justify\">&nbsp;<\/p>\r\n\r\n<p style=\"text-align:justify\"><span style=\"font-size:11pt\"><span style=\"line-height:normal\"><span style=\"font-family:&quot;Calibri&quot;,sans-serif\"><b><span style=\"font-size:14.0pt\">SENAI-CETIQT | P&oacute;s-gradua&ccedil;&atilde;o &ldquo;P&oacute;s-gradua&ccedil;&atilde;o em Economia Circular e Produ&ccedil;&atilde;o Sustent&aacute;vel&rdquo;. <\/span><\/b><a href=\"https:\/\/materiais.senaicetiqt.com\/pos-graduacao-economia-circular-e-producao-sustentavel?utm_campaign=senai_cetiqt___oferta_do_curso_economia_circular&amp;utm_medium=email&amp;utm_source=RD+Station\" style=\"color:blue; text-decoration:underline\"><span style=\"font-size:14.0pt\">Informa&ccedil;&otilde;es<\/span><\/a> <\/span><\/span><\/span><\/p>\r\n\r\n<p style=\"text-align:justify\">&nbsp;<\/p>\r\n\r\n<p style=\"text-align:justify\"><span style=\"font-size:11pt\"><span style=\"line-height:normal\"><span style=\"font-family:&quot;Calibri&quot;,sans-serif\"><b><span style=\"font-size:14.0pt\">SENAI-CETIQT | P&oacute;s-gradua&ccedil;&atilde;o &ldquo;Produtos de Alta Performance &agrave; Base de Materiais Comp&oacute;sitos&rdquo;<\/span><\/b><span style=\"font-size:14.0pt\">. <\/span><a href=\"https:\/\/materiais.senaicetiqt.com\/pos-graduacao-produtos-de-alta-performance-a-base-de-materiais-compositos?utm_campaign=senai_cetiqt___oferta_do_curso_materiais_compositos&amp;utm_medium=email&amp;utm_source=RD+Station\" style=\"color:blue; text-decoration:underline\"><span style=\"font-size:14.0pt\">Informa&ccedil;&otilde;es<\/span><\/a> <\/span><\/span><\/span><\/p>\r\n\r\n<p class=\"MsoTitle\" style=\"text-align:justify\"><span style=\"font-size:28pt\"><span style=\"font-family:&quot;Cambria&quot;,serif\"><span style=\"letter-spacing:-0.5pt\"><b><span style=\"font-size:18.0pt\"><span style=\"font-family:&quot;Calibri&quot;,sans-serif\"><span style=\"font-variant:small-caps\">Setor<\/span><\/span><\/span><\/b><\/span><\/span><\/span><\/p>\r\n\r\n<p style=\"text-align:justify\"><span style=\"font-size:11pt\"><span style=\"line-height:normal\"><span style=\"font-family:&quot;Calibri&quot;,sans-serif\"><a href=\"https:\/\/www.bpmoney.com.br\/noticias\/negocios\/braskem-confirma-recebimento-de-proposta\" style=\"color:blue; text-decoration:underline\"><span style=\"font-size:14.0pt\">Braskem (BRKM5): Novonor confirma proposta por petroqu&iacute;mica<\/span><\/a><\/span><\/span><\/span><\/p>\r\n\r\n<p style=\"text-align:justify\"><span style=\"font-size:11pt\"><span style=\"line-height:normal\"><span style=\"font-family:&quot;Calibri&quot;,sans-serif\"><a href=\"https:\/\/www.innovationintextiles.com\/high-strength-panels-created-from-composite-waste\/\" style=\"color:blue; text-decoration:underline\"><span style=\"font-size:14.0pt\">Composites: High strength panels created from composite waste<\/span><\/a><\/span><\/span><\/span><\/p>\r\n\r\n<p style=\"text-align:justify\"><span style=\"font-size:11pt\"><span style=\"line-height:normal\"><span style=\"font-family:&quot;Calibri&quot;,sans-serif\"><a href=\"https:\/\/www.innovationintextiles.com\/polyamide-recycling-by-microwave\/\" style=\"color:blue; text-decoration:underline\"><span style=\"font-size:14.0pt\">Polyamide recycling by microwave<\/span><\/a><\/span><\/span><\/span><\/p>\r\n\r\n<p style=\"text-align:justify\"><span style=\"font-size:11pt\"><span style=\"line-height:normal\"><span style=\"font-family:&quot;Calibri&quot;,sans-serif\"><a href=\"https:\/\/www.innovationintextiles.com\/deliveries-by-andritz-to-colombia-and-the-usa\/\" style=\"color:blue; text-decoration:underline\"><span style=\"font-size:14.0pt\">Nonwovens\/ Converting: Deliveries by Andritz to Colombia and the USA<\/span><\/a><\/span><\/span><\/span><\/p>\r\n\r\n<p style=\"text-align:justify\"><span style=\"font-size:11pt\"><span style=\"line-height:normal\"><span style=\"font-family:&quot;Calibri&quot;,sans-serif\"><a href=\"https:\/\/www.innovationintextiles.com\/technology-machinery-equipment\/full-portfolio-showcase-for-truetzschler\/\" style=\"color:blue; text-decoration:underline\"><span style=\"font-size:14.0pt\">Full portfolio showcase for Truetzschler<\/span><\/a><\/span><\/span><\/span><\/p>\r\n\r\n<p style=\"text-align:justify\"><span style=\"font-size:11pt\"><span style=\"line-height:normal\"><span style=\"font-family:&quot;Calibri&quot;,sans-serif\"><a href=\"https:\/\/s3.sa-east-1.amazonaws.com\/abit-files.abit.org.br\/site\/revista_abitreview\/ed05\/Revista+Abit+Review+ed05+-+Maio23.pdf\" style=\"color:blue; text-decoration:underline\"><span style=\"font-size:14.0pt\">Revista Abit Review edi&ccedil;&atilde;o 05<\/span><\/a><\/span><\/span><\/span><\/p>\r\n\r\n<p style=\"text-align:justify\"><span style=\"font-size:11pt\"><span style=\"line-height:normal\"><span style=\"font-family:&quot;Calibri&quot;,sans-serif\"><a href=\"https:\/\/www.anahp.com.br\/publicacoes\/painel-saude-em-numeros-2023\/?utm_campaign=emkt_-_painel_2023&amp;utm_medium=email&amp;utm_source=RD+Station\" style=\"color:blue; text-decoration:underline\"><span style=\"font-size:14.0pt\">Painel Anahp | Sa&uacute;de em N&uacute;meros 2023<\/span><\/a><\/span><\/span><\/span><\/p>\r\n\r\n<p class=\"MsoTitle\" style=\"text-align:justify\"><span style=\"font-size:28pt\"><span style=\"font-family:&quot;Cambria&quot;,serif\"><span style=\"letter-spacing:-0.5pt\"><b><span style=\"font-size:18.0pt\"><span style=\"font-family:&quot;Calibri&quot;,sans-serif\"><span style=\"font-variant:small-caps\">Ind&uacute;stria<\/span><\/span><\/span><\/b><\/span><\/span><\/span><\/p>\r\n\r\n<p style=\"text-align:justify\"><span style=\"font-size:11pt\"><span style=\"line-height:normal\"><span style=\"font-family:&quot;Calibri&quot;,sans-serif\"><a href=\"https:\/\/noticias.portaldaindustria.com.br\/noticias\/economia\/indicadores-industriais-apontam-melhora-em-marco\/\" style=\"color:blue; text-decoration:underline\"><span style=\"font-size:14.0pt\">Indicadores industriais apontam melhora em mar&ccedil;o<\/span><\/a><\/span><\/span><\/span><\/p>\r\n\r\n<p style=\"text-align:justify\"><span style=\"font-size:11pt\"><span style=\"line-height:normal\"><span style=\"font-family:&quot;Calibri&quot;,sans-serif\"><a href=\"https:\/\/portalibre.fgv.br\/noticias\/sondagens-de-abril-refletem-percepcao-de-que-ainda-nao-e-momento-de-apostar-em-uma\" style=\"color:blue; text-decoration:underline\"><span style=\"font-size:14.0pt\">Sondagens de abril refletem percep&ccedil;&atilde;o de que ainda n&atilde;o &eacute; momento de apostar em uma acelera&ccedil;&atilde;o<\/span><\/a><\/span><\/span><\/span><\/p>\r\n\r\n<p style=\"text-align:justify\"><span style=\"font-size:11pt\"><span style=\"line-height:normal\"><span style=\"font-family:&quot;Calibri&quot;,sans-serif\"><a href=\"https:\/\/jovempan.com.br\/programas\/jornal-da-manha\/pequenas-industrias-tem-bom-desempenho-mas-situacao-financeira-piora-aponta-cni.html\" style=\"color:blue; text-decoration:underline\"><span style=\"font-size:14.0pt\">Pequenas ind&uacute;strias t&ecirc;m bom desempenho, mas situa&ccedil;&atilde;o financeira piora, aponta CNI<\/span><\/a><\/span><\/span><\/span><\/p>\r\n\r\n<p style=\"text-align:justify\"><span style=\"font-size:11pt\"><span style=\"line-height:normal\"><span style=\"font-family:&quot;Calibri&quot;,sans-serif\"><a href=\"https:\/\/revistaconstrua.com.br\/noticias\/principal\/industria-de-materiais-tem-desempenho-regular-em-abril\/#:~:text=Em%20abril%2C%20a%20taxa%20m%C3%A9dia,rela%C3%A7%C3%A3o%20a%20abril%20de%202022.\" style=\"color:blue; text-decoration:underline\"><span style=\"font-size:14.0pt\">Ind&uacute;stria de materiais tem desempenho regular em abril<\/span><\/a><\/span><\/span><\/span><\/p>\r\n\r\n<p style=\"text-align:justify\"><span style=\"font-size:11pt\"><span style=\"line-height:normal\"><span style=\"font-family:&quot;Calibri&quot;,sans-serif\"><a href=\"https:\/\/www.meiofiltrante.com.br\/Noticia\/112034\/ciesp-e-a-enel-brasil-vao-criar-um-grupo-permanente-de-discussoes\" style=\"color:blue; text-decoration:underline\"><span style=\"font-size:14.0pt\">Ciesp e a Enel Brasil v&atilde;o criar um grupo permanente de discuss&otilde;es sobre oportunidades de melhoria nos servi&ccedil;os prestados &agrave; ind&uacute;stria<\/span><\/a><\/span><\/span><\/span><\/p>\r\n\r\n<p style=\"text-align:justify\"><span style=\"font-size:11pt\"><span style=\"line-height:normal\"><span style=\"font-family:&quot;Calibri&quot;,sans-serif\"><u><span style=\"font-size:14.0pt\"><a href=\"https:\/\/www.meiofiltrante.com.br\/Noticia\/112028\/2023-esta-longe-de-ser-um-ano-facil-na-industria-automotiva-\" style=\"color:blue; text-decoration:underline\">2023 est&aacute; longe de ser um ano f&aacute;cil na ind&uacute;stria automotiva<\/a><\/span><\/u><\/span><\/span><\/span><\/p>\r\n\r\n<p style=\"text-align:justify\"><span style=\"font-size:11pt\"><span style=\"line-height:normal\"><span style=\"font-family:&quot;Calibri&quot;,sans-serif\"><a href=\"https:\/\/www.jornalrepercussao.com.br\/politica\/importante-passo-e-dado-para-tornar-mais-competitivo-o-setor-coureiro-calcadista-no-rs\" style=\"color:blue; text-decoration:underline\"><span style=\"font-size:14.0pt\">Importante passo &eacute; dado para tornar mais competitivo o setor Coureiro-Cal&ccedil;adista no RS<\/span><\/a><\/span><\/span><\/span><\/p>\r\n\r\n<p style=\"text-align:justify\"><span style=\"font-size:11pt\"><span style=\"line-height:normal\"><span style=\"font-family:&quot;Calibri&quot;,sans-serif\"><a href=\"https:\/\/www.folhape.com.br\/politica\/em-derrota-para-o-governo-camara-derruba-trechos-de-decreto-que\/269027\/\" style=\"color:blue; text-decoration:underline\"><span style=\"font-size:14.0pt\">Em derrota para o governo, C&acirc;mara derruba trechos de decreto que mudava as leis do saneamento<\/span><\/a><\/span><\/span><\/span><\/p>\r\n\r\n<p class=\"MsoTitle\" style=\"text-align:justify\"><span style=\"font-size:28pt\"><span style=\"font-family:&quot;Cambria&quot;,serif\"><span style=\"letter-spacing:-0.5pt\"><b><span style=\"font-size:18.0pt\"><span style=\"font-family:&quot;Calibri&quot;,sans-serif\"><span style=\"font-variant:small-caps\">Sustentabilidade<\/span><\/span><\/span><\/b><\/span><\/span><\/span><\/p>\r\n\r\n<p style=\"text-align:justify\"><span style=\"font-size:11pt\"><span style=\"line-height:normal\"><span style=\"font-family:&quot;Calibri&quot;,sans-serif\"><a href=\"https:\/\/jornal.usp.br\/radio-usp\/alteracoes-no-marco-legal-do-saneamento-basico-podem-paralisar-o-setor\/\" style=\"color:blue; text-decoration:underline\"><span style=\"font-size:14.0pt\">Altera&ccedil;&otilde;es no Marco Legal do saneamento b&aacute;sico podem paralisar o setor<\/span><\/a><\/span><\/span><\/span><\/p>\r\n\r\n<p style=\"text-align:justify\"><span style=\"font-size:11pt\"><span style=\"line-height:normal\"><span style=\"font-family:&quot;Calibri&quot;,sans-serif\"><a href=\"https:\/\/www.terra.com.br\/economia\/dinheiro-em-acao\/reindustrializacao-do-brasil-deve-ser-pensada-a-partir-da-economia-circular-leia-artigo,dfad68f1d1b7260fdb6ee92bc2c382f886tf3mjb.html\" style=\"color:blue; text-decoration:underline\"><span style=\"font-size:14.0pt\">Pl&aacute;stico: Reindustrializa&ccedil;&atilde;o do Brasil deve ser pensada a partir da economia circular<\/span><\/a><\/span><\/span><\/span><\/p>\r\n\r\n<p style=\"text-align:justify\"><span style=\"font-size:11pt\"><span style=\"line-height:normal\"><span style=\"font-family:&quot;Calibri&quot;,sans-serif\"><a href=\"https:\/\/plasticosemrevista.com.br\/eua-imagem-dos-descartaveis-plasticos-surpreende\/\" style=\"color:blue; text-decoration:underline\"><span style=\"font-size:14.0pt\">EUA: imagem dos descart&aacute;veis pl&aacute;sticos surpreende<\/span><\/a><\/span><\/span><\/span><\/p>\r\n\r\n<p style=\"text-align:justify\"><span style=\"font-size:11pt\"><span style=\"line-height:normal\"><span style=\"font-family:&quot;Calibri&quot;,sans-serif\"><a href=\"http:\/\/cueroamerica.info\/wpnews\/2023\/05\/segun-un-estudio-el-65-de-la-produccion-de-moda-usa-insumos-derivados-de-fosiles\/?utm_source=email_marketing&amp;utm_admin=28519&amp;utm_medium=email&amp;utm_campaign=NOTICIAS_de_las_Industrias_del_Calzado_Cuero_Marroquinera_y_Moda\" style=\"color:blue; text-decoration:underline\"><span style=\"font-size:14.0pt\">Seg&uacute;n un estudio el 65% de la producci&oacute;n de moda usa insumos derivados de f&oacute;siles<\/span><\/a><\/span><\/span><\/span><\/p>\r\n\r\n<p style=\"text-align:justify\"><span style=\"font-size:11pt\"><span style=\"line-height:normal\"><span style=\"font-family:&quot;Calibri&quot;,sans-serif\"><a href=\"https:\/\/phys.org\/news\/2023-05-upcycling-method-textile-trash-functional.html?utm_source=nwletter&amp;utm_medium=email&amp;utm_campaign=daily-nwletter\" style=\"color:blue; text-decoration:underline\"><span style=\"font-size:14.0pt\">Upcycling method turns textile trash to functional coatings<\/span><\/a><\/span><\/span><\/span><\/p>\r\n\r\n<p style=\"text-align:justify\"><span style=\"font-size:11pt\"><span style=\"line-height:normal\"><span style=\"font-family:&quot;Calibri&quot;,sans-serif\"><a href=\"https:\/\/phys.org\/news\/2023-05-recycling-plastics-worse.html?utm_source=nwletter&amp;utm_medium=email&amp;utm_campaign=daily-nwletter\" style=\"color:blue; text-decoration:underline\"><span style=\"font-size:14.0pt\">Recycling plastics might be making things worse<\/span><\/a><\/span><\/span><\/span><\/p>\r\n\r\n<p style=\"text-align:justify\"><span style=\"font-size:11pt\"><span style=\"line-height:normal\"><span style=\"font-family:&quot;Calibri&quot;,sans-serif\"><a href=\"https:\/\/phys.org\/news\/2023-05-plastic-drift-sea.html?utm_source=nwletter&amp;utm_medium=email&amp;utm_campaign=daily-nwletter\" style=\"color:blue; text-decoration:underline\"><span style=\"font-size:14.0pt\">Modeling study shows plastic can drift far away from its starting point as it sinks into the sea<\/span><\/a><\/span><\/span><\/span><\/p>\r\n\r\n<p class=\"MsoTitle\" style=\"text-align:justify\"><span style=\"font-size:28pt\"><span style=\"font-family:&quot;Cambria&quot;,serif\"><span style=\"letter-spacing:-0.5pt\"><b><span style=\"font-size:18.0pt\"><span style=\"font-family:&quot;Calibri&quot;,sans-serif\"><span style=\"font-variant:small-caps\">Inova&ccedil;&atilde;o<\/span><\/span><\/span><\/b><\/span><\/span><\/span><\/p>\r\n\r\n<p style=\"text-align:justify\"><span style=\"font-size:11pt\"><span style=\"line-height:normal\"><span style=\"font-family:&quot;Calibri&quot;,sans-serif\"><a href=\"https:\/\/www.inovacaotecnologica.com.br\/noticias\/noticia.php?artigo=tecidos-inteligentes-saem-laboratorios-fabricas-tecelagens&amp;id=010110230508&amp;ebol=sim#.ZFowGc7MKUk\" style=\"color:blue; text-decoration:underline\"><span style=\"font-size:14.0pt\">Tecidos inteligentes saem dos laborat&oacute;rios para as f&aacute;bricas de tecelagens<\/span><\/a><\/span><\/span><\/span><\/p>\r\n\r\n<p style=\"text-align:justify\"><span style=\"font-size:11pt\"><span style=\"line-height:normal\"><span style=\"font-family:&quot;Calibri&quot;,sans-serif\"><a href=\"https:\/\/www.redebrasilatual.com.br\/blogs\/blog-na-rede\/fomento-inovacao-mecanismos-publicos\/\" style=\"color:blue; text-decoration:underline\"><span style=\"font-size:14.0pt\">A nova onda de mecanismos p&uacute;blicos que o pa&iacute;s precisa no fomento &agrave; inova&ccedil;&atilde;o<\/span><\/a><\/span><\/span><\/span><\/p>\r\n\r\n<p style=\"text-align:justify\"><span style=\"font-size:11pt\"><span style=\"line-height:normal\"><span style=\"font-family:&quot;Calibri&quot;,sans-serif\"><a href=\"https:\/\/gauchazh.clicrbs.com.br\/economia\/noticia\/2023\/05\/braskem-inaugura-ampliacao-de-centro-de-tecnologia-no-polo-petroquimico-de-triunfo-clh7zhj0k0073016xecqjfpx5.html\" style=\"color:blue; text-decoration:underline\"><span style=\"font-size:14.0pt\">Inova&ccedil;&atilde;o: Braskem inaugura amplia&ccedil;&atilde;o de Centro de Tecnologia no polo petroqu&iacute;mico de Triunfo<\/span><\/a><\/span><\/span><\/span><\/p>\r\n\r\n<p style=\"text-align:justify\"><span style=\"font-size:11pt\"><span style=\"line-height:normal\"><span style=\"font-family:&quot;Calibri&quot;,sans-serif\"><a href=\"https:\/\/www.technicaltextile.net\/news\/scientists-develop-metallic-coating-treatment-for-wearable-textile-287227.html\" style=\"color:blue; text-decoration:underline\"><span style=\"font-size:14.0pt\">Scientists develop metallic coating treatment for wearable textile<\/span><\/a><\/span><\/span><\/span><\/p>\r\n\r\n<p class=\"MsoTitle\" style=\"text-align:justify\"><span style=\"font-size:28pt\"><span style=\"font-family:&quot;Cambria&quot;,serif\"><span style=\"letter-spacing:-0.5pt\"><b><span style=\"font-size:18.0pt\"><span style=\"font-family:&quot;Calibri&quot;,sans-serif\"><span style=\"font-variant:small-caps\">Com&eacute;rcio Exterior<\/span><\/span><\/span><\/b><\/span><\/span><\/span><\/p>\r\n\r\n<p style=\"text-align:justify\"><span style=\"font-size:11pt\"><span style=\"line-height:normal\"><span style=\"font-family:&quot;Calibri&quot;,sans-serif\"><a href=\"https:\/\/www.comexdobrasil.com\/balanca-comercial-de-abril-tem-superavit-de-us-8225-bilhoes-e-exportacoes-superam-us-103-bilhoes\" style=\"color:blue; text-decoration:underline\"><span style=\"font-size:14.0pt\">Balan&ccedil;a comercial de abril tem super&aacute;vit de US$ 8,225 bilh&otilde;es e exporta&ccedil;&otilde;es superam US$ 103 bilh&otilde;es<\/span><\/a><\/span><\/span><\/span><\/p>\r\n\r\n<p style=\"text-align:justify\"><span style=\"font-size:11pt\"><span style=\"line-height:normal\"><span style=\"font-family:&quot;Calibri&quot;,sans-serif\"><a href=\"https:\/\/static.portaldaindustria.com.br\/media\/filer_public\/e9\/60\/e960dc5a-9edd-4840-b8a1-55ed0324b10c\/apc_7_panorama_do_sistema_de_credito_v4_2_1.pdf\" style=\"color:blue; text-decoration:underline\"><span style=\"font-size:14.0pt\">CN\/CEB | Panorama do Sistema Brasileiro de Cr&eacute;dito Oficial &agrave; Exporta&ccedil;&atilde;o<\/span><\/a><\/span><\/span><\/span><\/p>\r\n\r\n<p style=\"text-align:justify\"><span style=\"font-size:11pt\"><span style=\"line-height:normal\"><span style=\"font-family:&quot;Calibri&quot;,sans-serif\"><a href=\"https:\/\/www.comexdobrasil.com\/exportacao-de-maquinas-e-equipamentos-registra-crescimento-de-242-em-marco-no-1o-trimestre-queda-de-46\" style=\"color:blue; text-decoration:underline\"><span style=\"font-size:14.0pt\">Exporta&ccedil;&atilde;o de m&aacute;quinas e equipamentos registra crescimento de 24,2% em mar&ccedil;o. No 1&ordm;. trimestre, queda de 4,6%<\/span><\/a><\/span><\/span><\/span><\/p>\r\n\r\n<p style=\"text-align:justify\"><span style=\"font-size:11pt\"><span style=\"line-height:normal\"><span style=\"font-family:&quot;Calibri&quot;,sans-serif\"><span class=\"MsoHyperlink\" style=\"color:blue\"><span style=\"text-decoration:underline\"><span style=\"font-size:14.0pt\"><a href=\"https:\/\/www.comexdobrasil.com\/aprovado-acordo-de-cooperacao-para-dinamizar-comercio-e-investimentos-entre-brasil-e-emirados-arabes-unidos\" style=\"color:blue; text-decoration:underline\">Aprovado Acordo de Coopera&ccedil;&atilde;o para dinamizar com&eacute;rcio e investimentos entre Brasil e Emirados &Aacute;rabes Unidos<\/a><\/span><\/span><\/span><\/span><\/span><\/span><\/p>\r\n\r\n<p style=\"text-align:justify\"><span style=\"font-size:11pt\"><span style=\"line-height:normal\"><span style=\"font-family:&quot;Calibri&quot;,sans-serif\"><span class=\"MsoHyperlink\" style=\"color:blue\"><span style=\"text-decoration:underline\"><span style=\"font-size:14.0pt\"><a href=\"http:\/\/cueroamerica.info\/wpnews\/2023\/05\/la-mayor-fabricante-mundial-de-calzado-pasa-de-vietnam-a-una-enorme-planta-en-india\/?utm_source=email_marketing&amp;utm_admin=28519&amp;utm_medium=email&amp;utm_campaign=NOTICIAS_de_las_Industrias_del_Calzado_Cuero_Marroquinera_y_Moda\" style=\"color:blue; text-decoration:underline\">La mayor fabricante mundial de calzado pasa de Vietnam a una enorme planta en India<\/a><\/span><\/span><\/span><\/span><\/span><\/span><\/p>\r\n\r\n<p style=\"text-align:justify\"><span style=\"font-size:11pt\"><span style=\"line-height:normal\"><span style=\"font-family:&quot;Calibri&quot;,sans-serif\"><span class=\"MsoHyperlink\" style=\"color:blue\"><span style=\"text-decoration:underline\"><span style=\"font-size:14.0pt\"><a href=\"http:\/\/cueroamerica.info\/wpnews\/2023\/04\/mientras-sus-exportaciones-crecen-el-mercado-mexicano-es-invadido-por-calzado-chino\/\" style=\"color:blue; text-decoration:underline\">Mientras sus exportaciones crecen, el mercado mexicano es invadido por calzado chino<\/a><\/span><\/span><\/span><\/span><\/span><\/span><\/p>\r\n\r\n<p style=\"text-align:justify\"><span style=\"font-size:11pt\"><span style=\"line-height:normal\"><span style=\"font-family:&quot;Calibri&quot;,sans-serif\"><span class=\"MsoHyperlink\" style=\"color:blue\"><span style=\"text-decoration:underline\"><span style=\"font-size:14.0pt\"><a href=\"http:\/\/cueroamerica.info\/wpnews\/2023\/04\/peru-mantiene-los-aranceles-a-la-importacion-de-todas-lasvariedades-de-calzado-chino\/?utm_source=email_marketing&amp;utm_admin=28519&amp;utm_medium=email&amp;utm_campaign=NOTICIAS_de_las_Industrias_del_Calzado_Cuero_Marroquinera_y_Moda\" style=\"color:blue; text-decoration:underline\">Per&uacute; mantiene los aranceles a la importaci&oacute;n de todas lasvariedades de calzado chino<\/a><\/span><\/span><\/span><\/span><\/span><\/span><\/p>\r\n\r\n<p class=\"MsoTitleCxSpLast\" style=\"text-align:justify\"><span style=\"font-size:28pt\"><span style=\"font-family:&quot;Cambria&quot;,serif\"><span style=\"letter-spacing:-0.5pt\"><b><span style=\"font-size:18.0pt\"><span style=\"font-family:&quot;Calibri&quot;,sans-serif\"><span style=\"font-variant:small-caps\">Economia<\/span><\/span><\/span><\/b><\/span><\/span><\/span><\/p>\r\n\r\n<p style=\"text-align:justify\"><span style=\"font-size:11pt\"><span style=\"line-height:normal\"><span style=\"font-family:&quot;Calibri&quot;,sans-serif\"><a href=\"https:\/\/www.bcb.gov.br\/content\/focus\/focus\/R20230428.pdf\" style=\"color:blue; text-decoration:underline\"><span style=\"font-size:14.0pt\">Focus &ndash; Relat&oacute;rio de Mercado<\/span><\/a><\/span><\/span><\/span><\/p>\r\n\r\n<p style=\"text-align:justify\"><span style=\"font-size:11pt\"><span style=\"line-height:normal\"><span style=\"font-family:&quot;Calibri&quot;,sans-serif\"><a href=\"https:\/\/sovos.com\/pt-br\/blog\/tributos\/o-que-e-a-pec-110-2019-e-o-que-ela-propoe-para-a-reforma-tributaria\/?utm_source=&amp;utm_medium=&amp;utm_campaign=&amp;utm_term=&amp;utm_content=&amp;mkt_tok=MzM0LUhWTi0yNDkAAAGLjE_vmyN_TY1pECHsRY8ymQYCCI7RK6eZ5Cvhxp46BkdmTKQdQS3Ndt7x6LRxJzgswBxK8OOWIV-axsv-NgIzB1d2OT7tX-9Ug06CgcEPJ9w\" style=\"color:blue; text-decoration:underline\"><span style=\"font-size:14.0pt\">O que &eacute; a PEC 110\/2019 e o que ela prop&otilde;e para a reforma tribut&aacute;ria?<\/span><\/a><\/span><\/span><\/span><\/p>\r\n\r\n<p style=\"text-align:justify\"><span style=\"font-size:11pt\"><span style=\"line-height:normal\"><span style=\"font-family:&quot;Calibri&quot;,sans-serif\"><a href=\"https:\/\/noticias.portaldaindustria.com.br\/posicionamentos\/selic-em-1375-desacelera-excessivamente-a-economia-avalia-cni\/\" style=\"color:blue; text-decoration:underline\"><span style=\"font-size:14.0pt\">SELIC em 13,75% desacelera excessivamente a economia, avalia CNI<\/span><\/a><\/span><\/span><\/span><\/p>\r\n\r\n<p style=\"text-align:justify\"><span style=\"font-size:11pt\"><span style=\"line-height:normal\"><span style=\"font-family:&quot;Calibri&quot;,sans-serif\"><a href=\"https:\/\/www.moveisdevalor.com.br\/portal\/arcabouco-fiscal-do-governo-e-insuficiente-para-baixar-os-juros?source=news\" style=\"color:blue; text-decoration:underline\"><span style=\"font-size:14.0pt\">Arcabou&ccedil;o fiscal do governo &eacute; insuficiente para baixar os juros<\/span><\/a><\/span><\/span><\/span><\/p>\r\n\r\n<p style=\"text-align:justify\"><span style=\"font-size:11pt\"><span style=\"line-height:normal\"><span style=\"font-family:&quot;Calibri&quot;,sans-serif\"><a href=\"https:\/\/www.anahp.com.br\/podcast\/o-cenario-politico-economico-no-brasil-em-2023-especial-encontro-de-lideres-anahp\/?utm_campaign=podcast_por_dentro_da_saude_-_cenario_politico-economico&amp;utm_medium=email&amp;utm_source=RD+Station\" style=\"color:blue; text-decoration:underline\"><span style=\"font-size:14.0pt\">O cen&aacute;rio pol&iacute;tico-econ&ocirc;mico no Brasil em 2023 &ndash; Especial Encontro de L&iacute;deres Anahp<\/span><\/a><\/span><\/span><\/span><\/p>\r\n\r\n<p style=\"text-align:justify\"><span style=\"font-size:11pt\"><span style=\"line-height:normal\"><span style=\"font-family:&quot;Calibri&quot;,sans-serif\"><a href=\"https:\/\/portalibre.fgv.br\/noticias\/politica-monetaria-trajetorias-paralelas-brasil-e-eua\" style=\"color:blue; text-decoration:underline\"><span style=\"font-size:14.0pt\">Pol&iacute;tica monet&aacute;ria: trajet&oacute;rias paralelas Brasil e EUA<\/span><\/a><\/span><\/span><\/span><\/p>\r\n\r\n<p style=\"text-align:justify\"><span style=\"font-size:11pt\"><span style=\"line-height:normal\"><span style=\"font-family:&quot;Calibri&quot;,sans-serif\"><a href=\"https:\/\/www.fibre2fashion.com\/news\/textile-news\/euro-area-inflation-rate-expected-to-be-7-in-apr-2023-eurostat-287328-newsdetails.htm\" style=\"color:blue; text-decoration:underline\"><span style=\"font-size:14.0pt\">Euro area inflation rate expected to be 7% in Apr 2023: Eurostat<\/span><\/a><\/span><\/span><\/span><\/p>\r\n","6":"<p style=\"text-align:justify\"><span style=\"font-size:11pt\"><span style=\"line-height:normal\"><span style=\"font-family:&quot;Calibri&quot;,sans-serif\"><span style=\"font-size:14.0pt\">Esta &eacute; uma compila&ccedil;&atilde;o das not&iacute;cias mais relevantes para o setor, incluindo informa&ccedil;&otilde;es sobre acordos internacionais, economia brasileira, sustentabilidade e mat&eacute;rias primas, al&eacute;m de novidades do setor de N&atilde;otecidos e Tecidos T&eacute;cnicos.<\/span><\/span><\/span><\/span><\/p>\r\n\r\n<p class=\"MsoTitleCxSpMiddle\" style=\"text-align:justify\"><span style=\"font-size:28pt\"><span style=\"font-family:&quot;Cambria&quot;,serif\"><span style=\"letter-spacing:-0.5pt\"><b><span style=\"font-size:18.0pt\"><span style=\"font-family:&quot;Calibri&quot;,sans-serif\"><span style=\"font-variant:small-caps\">A&ccedil;&otilde;es da ABINT<\/span><\/span><\/span><\/b><\/span><\/span><\/span><\/p>\r\n\r\n<p class=\"MsoTitleCxSpLast\" style=\"text-align:justify\"><img src=\"https:\/\/www.abint.org.br\/assets\/img\/editor\/premio-tcc-ic-2023-arte-5_20230509131908RkpIVGgNDl.png\" style=\"width: 300px; height: 300px;\" \/><\/p>\r\n\r\n<p style=\"text-align:justify\"><span style=\"font-size:11pt\"><span style=\"line-height:115%\"><span style=\"font-family:&quot;Calibri&quot;,sans-serif\"><strong>&nbsp;<\/strong><b><span style=\"font-size:14.0pt\"><span style=\"line-height:115%\">O CTG ABINT e a IGS BRASIL<\/span><\/span><\/b><span style=\"font-size:14.0pt\"><span style=\"line-height:115%\"> convidam aqueles que desenvolveram trabalhos acad&ecirc;micos relacionados aos geossint&eacute;ticos a participarem&nbsp;de mais uma edi&ccedil;&atilde;o do Pr&ecirc;mio TCC\/IC.<\/span><\/span><\/span><\/span><\/span><\/p>\r\n\r\n<p><span style=\"font-size:11pt\"><span style=\"line-height:normal\"><span style=\"font-family:&quot;Calibri&quot;,sans-serif\"><a href=\"https:\/\/abint.us2.list-manage.com\/track\/click?u=88818ac6bf44316570fc1bc2f&amp;id=46b014bcf1&amp;e=626265ad22\" style=\"color:blue; text-decoration:underline\" target=\"_blank\"><span style=\"font-size:14.0pt\"><span style=\"color:blue\">Mais informa&ccedil;&otilde;es e inscri&ccedil;&otilde;es<\/span><\/span><\/a><\/span><\/span><\/span><\/p>\r\n\r\n<p>&nbsp;<\/p>\r\n\r\n<p><span style=\"font-size:11pt\"><span style=\"line-height:normal\"><span style=\"font-family:&quot;Calibri&quot;,sans-serif\"><span style=\"font-size:14.0pt\"><span style=\"color:blue\"><img src=\"https:\/\/www.abint.org.br\/assets\/img\/editor\/2o-forum-economia-circular-plastico-sul-1_20230509132101kQsoI48XGl.jpg\" style=\"width: 300px; height: 300px;\" \/><\/span><\/span><\/span><\/span><\/span><\/p>\r\n\r\n<p style=\"text-align:justify\"><span style=\"font-size:11pt\"><span style=\"line-height:normal\"><span style=\"font-family:&quot;Calibri&quot;,sans-serif\"><b><span style=\"font-size:14.0pt\">A ABINT apoia o 2&ordm; F&oacute;rum Economia Circular Pl&aacute;stico Sul, <\/span><\/b><span style=\"font-size:14.0pt\">que ocorrer&aacute; dias<b> 18 e 19 de maio de 2023, <\/b>Expoagro, Gramado, RS,<b> evento gratuito e h&iacute;brido.<\/b><\/span><\/span><\/span><\/span><\/p>\r\n\r\n<p style=\"text-align:justify\"><span style=\"font-size:11pt\"><span style=\"line-height:normal\"><span style=\"font-family:&quot;Calibri&quot;,sans-serif\"><a href=\"https:\/\/www.sympla.com.br\/evento\/2-forum-economia-circular-plastico-sul\/1923141\" style=\"color:blue; text-decoration:underline\"><span style=\"font-size:14.0pt\">Informa&ccedil;&otilde;es<\/span><\/a><\/span><\/span><\/span><\/p>\r\n\r\n<p style=\"text-align:justify\"><span style=\"font-size:11pt\"><span style=\"line-height:normal\"><span style=\"font-family:&quot;Calibri&quot;,sans-serif\"><span style=\"font-size:14.0pt\"><img src=\"https:\/\/www.abint.org.br\/assets\/img\/editor\/itma-2023-abint-english-417x250_20230509132207pcYmtsLRKu.jpg\" \/><\/span><\/span><\/span><\/span><\/p>\r\n\r\n<p style=\"text-align:justify\"><span style=\"font-size:11pt\"><span style=\"line-height:normal\"><span style=\"font-family:&quot;Calibri&quot;,sans-serif\"><b><span style=\"font-size:14.0pt\">A ABINT apoia a ITMA 2023<\/span><\/b><\/span><\/span><\/span><\/p>\r\n\r\n<p style=\"text-align:justify\"><span style=\"font-size:11pt\"><span style=\"line-height:normal\"><span style=\"font-family:&quot;Calibri&quot;,sans-serif\"><span style=\"font-size:14.0pt\">A 19&ordf; edi&ccedil;&atilde;o da maior exposi&ccedil;&atilde;o internacional de tecnologia t&ecirc;xtil e de vestu&aacute;rio do mundo acontecer&aacute; em Mil&atilde;o, It&aacute;lia, de 08 a 14 de junho de 2023. <\/span><a href=\"https:\/\/itma.com\/\" style=\"color:blue; text-decoration:underline\"><span style=\"font-size:14.0pt\">Informa&ccedil;&otilde;es<\/span><\/a><\/span><\/span><\/span><\/p>\r\n\r\n<p style=\"text-align:justify\">&nbsp;<\/p>\r\n\r\n<p style=\"text-align:justify\"><span style=\"font-size:11pt\"><span style=\"line-height:normal\"><span style=\"font-family:&quot;Calibri&quot;,sans-serif\"><span style=\"font-size:14.0pt\"><img src=\"https:\/\/www.abint.org.br\/assets\/img\/editor\/ctg-patrocinador-regeo-2023_20230509132253vAnh34zahW.jpeg\" style=\"width: 300px; height: 300px;\" \/><\/span><\/span><\/span><\/span><\/p>\r\n\r\n<p style=\"text-align:justify\"><span style=\"font-size:11pt\"><span style=\"line-height:normal\"><span style=\"font-family:&quot;Calibri&quot;,sans-serif\"><b><span style=\"font-size:14.0pt\"><span style=\"font-variant:small-caps\">O CTG ABINT <\/span><\/span><\/b><b><span style=\"font-size:14.0pt\">marcar&aacute; presen&ccedil;a<\/span><\/b><span style=\"font-size:14.0pt\"> nos eventos <b>X Congresso Brasileiro de Geotecnia Ambiental &amp; IX Congresso Brasileiro de Geossint&eacute;ticos - REGEO&rsquo;23 &amp; Geossint&eacute;ticos&rsquo;23<\/b>, que ocorrer&atilde;o de 18 a 21 de julho de 2023, Centro Universit&aacute;rio Jorge Amado &ndash; UNIJORGE, Salvador, BA.<\/span><\/span><\/span><\/span><\/p>\r\n\r\n<p style=\"text-align:justify\"><span style=\"font-size:11pt\"><span style=\"line-height:normal\"><span style=\"font-family:&quot;Calibri&quot;,sans-serif\"><a href=\"https:\/\/regeogeossinteticos23.com.br\/\" style=\"color:blue; text-decoration:underline\"><span style=\"font-size:14.0pt\">Mais informa&ccedil;&otilde;es e inscri&ccedil;&otilde;es<\/span><\/a><\/span><\/span><\/span><\/p>\r\n\r\n<p style=\"text-align:justify\">&nbsp;<\/p>\r\n\r\n<p style=\"text-align:justify\"><span style=\"font-size:11pt\"><span style=\"line-height:normal\"><span style=\"font-family:&quot;Calibri&quot;,sans-serif\"><span style=\"font-size:14.0pt\"><img src=\"https:\/\/www.abint.org.br\/assets\/img\/editor\/minicurso-fernando-regeo-2023_20230509132326gZ8AdI4yB5.jpeg\" style=\"width: 300px; height: 300px;\" \/><\/span><\/span><\/span><\/span><\/p>\r\n\r\n<p style=\"text-align:justify\"><span style=\"font-size:11pt\"><span style=\"line-height:normal\"><span style=\"font-family:&quot;Calibri&quot;,sans-serif\"><b><span style=\"font-size:14.0pt\">O Eng. Fernando Lavoie, Coordenador do CTG ABINT, ministrar&aacute; Minicurso durante o Regeo&rsquo;23 &amp; Geossint&eacute;ticos&rsquo;23.<\/span><\/b><\/span><\/span><\/span><\/p>\r\n\r\n<p style=\"text-align:justify\"><span style=\"font-size:11pt\"><span style=\"line-height:normal\"><span style=\"font-family:&quot;Calibri&quot;,sans-serif\"><a href=\"https:\/\/regeogeossinteticos23.com.br\/inscricoes\/\" style=\"color:blue; text-decoration:underline\"><span style=\"font-size:14.0pt\">Inscreva-se!<\/span><\/a><\/span><\/span><\/span><\/p>\r\n\r\n<p style=\"text-align:justify\">&nbsp;<\/p>\r\n\r\n<p style=\"text-align:justify\">&nbsp;<\/p>\r\n\r\n<p style=\"text-align:justify\"><span style=\"font-size:11pt\"><span style=\"line-height:normal\"><span style=\"font-family:&quot;Calibri&quot;,sans-serif\"><b><span style=\"font-size:18.0pt\"><span style=\"font-variant:small-caps\">Eventos<\/span><\/span><\/b><\/span><\/span><\/span><\/p>\r\n\r\n<p style=\"text-align:justify\">&nbsp;<\/p>\r\n\r\n<p style=\"text-align:justify\"><span style=\"font-size:11pt\"><span style=\"line-height:normal\"><span style=\"font-family:&quot;Calibri&quot;,sans-serif\"><b><span style=\"font-size:14.0pt\">Workshop Abit | As tend&ecirc;ncias e pol&ecirc;micas da terceiriza&ccedil;&atilde;o no Brasil<\/span><\/b><span class=\"MsoHyperlink\" style=\"color:blue\"><span style=\"text-decoration:underline\"><span style=\"font-size:14.0pt\"><span style=\"text-decoration:none\"><span style=\"text-underline:none\">, <\/span><\/span><\/span><\/span><\/span><span style=\"font-size:14.0pt\">23 de maio de 2023, 09h00.<\/span> <a href=\"https:\/\/produtos.institutoabit.org.br\/prod\/557dc497-7bd7-457e-8fac-bf040367466e?utm_campaign=workshop_terceirizacao&amp;utm_medium=email&amp;utm_source=RD+Station\" style=\"color:blue; text-decoration:underline\"><span style=\"font-size:14.0pt\">Informa&ccedil;&otilde;es<\/span><\/a> <\/span><\/span><\/span><\/p>\r\n\r\n<p style=\"text-align:justify\">&nbsp;<\/p>\r\n\r\n<p style=\"text-align:justify\"><span style=\"font-size:11pt\"><span style=\"line-height:normal\"><span style=\"font-family:&quot;Calibri&quot;,sans-serif\"><b><span style=\"font-size:14.0pt\">SENAI-CETIQT | Curso de Defesa e Inova&ccedil;&atilde;o nas Compras das For&ccedil;as Armadas<\/span><\/b><span style=\"font-size:14.0pt\">, in&iacute;cio em 24 de maio de 2023. <\/span><a href=\"https:\/\/materiais.senaicetiqt.com\/curso-de-defesa?utm_campaign=senai_cetiqt__aplicacao_das_leis_de_defesa_-_curso&amp;utm_medium=email&amp;utm_source=RD+Station\" style=\"color:blue; text-decoration:underline\"><span style=\"font-size:14.0pt\">Informa&ccedil;&otilde;es<\/span><\/a> <\/span><\/span><\/span><\/p>\r\n\r\n<p style=\"text-align:justify\">&nbsp;<\/p>\r\n\r\n<p style=\"text-align:justify\"><span style=\"font-size:11pt\"><span style=\"line-height:normal\"><span style=\"font-family:&quot;Calibri&quot;,sans-serif\"><b><span style=\"font-size:14.0pt\">Hospitalar 2023<\/span><\/b><span style=\"font-size:14.0pt\">, 23 a 26 de maio, S&atilde;o Paulo Expo, Rodovia dos Imigrantes, 1,5 km - Vila &Aacute;gua Funda, S&atilde;o Paulo - SP, 04329-900. <\/span><a href=\"https:\/\/www.hospitalar.com\/pt\/home.html\" style=\"color:blue; text-decoration:underline\"><span style=\"font-size:14.0pt\">Informa&ccedil;&otilde;es<\/span><\/a> <\/span><\/span><\/span><\/p>\r\n\r\n<p style=\"text-align:justify\">&nbsp;<\/p>\r\n\r\n<p style=\"text-align:justify\"><span style=\"font-size:11pt\"><span style=\"line-height:normal\"><span style=\"font-family:&quot;Calibri&quot;,sans-serif\"><b><span style=\"font-size:14.0pt\">Paving Expo 2023<\/span><\/b><span style=\"font-size:14.0pt\">, 24 a 26 de maio, 13h &agrave;s 20 h, Pavilh&atilde;o Azul, Expo Center Norte, S&atilde;o Paulo, SP. <\/span><a href=\"https:\/\/paving.com.br\/\" style=\"color:blue; text-decoration:underline\"><span style=\"font-size:14.0pt\">Informa&ccedil;&otilde;es<\/span><\/a> <\/span><\/span><\/span><\/p>\r\n\r\n<p style=\"text-align:justify\">&nbsp;<\/p>\r\n\r\n<p style=\"text-align:justify\"><span style=\"font-size:11pt\"><span style=\"line-height:normal\"><span style=\"font-family:&quot;Calibri&quot;,sans-serif\"><b><span style=\"font-size:14.0pt\">Apex Brasil | Oficina de Competitividade - Marketing e vendas internacionais<\/span><\/b><span style=\"font-size:14.0pt\">, 25 de maio de 2023, online. <\/span><a href=\"https:\/\/click.apexbrasil.com.br\/mkt\/OficinadeCompetitividade\/OficinadeCompetitividade_Maio2023.pdf#msdynttrid=gpggdktCgef8OkHtMu6GOzzT5tB0WmNyOVZZxoHURfw\" style=\"color:blue; text-decoration:underline\"><span style=\"font-size:14.0pt\">Informa&ccedil;&otilde;es<\/span><\/a> <\/span><\/span><\/span><\/p>\r\n\r\n<p style=\"text-align:justify\">&nbsp;<\/p>\r\n\r\n<p style=\"text-align:justify\"><span style=\"font-size:11pt\"><span style=\"line-height:normal\"><span style=\"font-family:&quot;Calibri&quot;,sans-serif\"><b><span style=\"font-size:14.0pt\">XVI Semin&aacute;rio Reciclagem e Valoriza&ccedil;&atilde;o de Res&iacute;duos S&oacute;lidos<\/span><\/b><span style=\"font-size:14.0pt\">, 31 de maio de 2023, Instituto de Engenharia - Av. Dr. Dante Pazzanese, 120 - Vila Mariana, S&atilde;o Paulo. <\/span><a href=\"https:\/\/www.reciclagemevalorizacao.com.br\/\" style=\"color:blue; text-decoration:underline\"><span style=\"font-size:14.0pt\">Informa&ccedil;&otilde;es<\/span><\/a> <\/span><\/span><\/span><\/p>\r\n\r\n<p style=\"text-align:justify\">&nbsp;<\/p>\r\n\r\n<p style=\"text-align:justify\"><span style=\"font-size:11pt\"><span style=\"line-height:normal\"><span style=\"font-family:&quot;Calibri&quot;,sans-serif\"><b><span style=\"font-size:14.0pt\">The 92nd Textile Institute World Conference: &ldquo;Sustainability of the Textile and Fashion Supply Chain &ndash; Transitioning to Zero Carbon and Zero Waste&rdquo;, <\/span><\/b><span style=\"font-size:14.0pt\">3-6 July 2023, University of Huddersfield, UK. <\/span><a href=\"https:\/\/www.textileinstitute.org\/events\/tiwc\/\" style=\"color:blue; text-decoration:underline\"><span style=\"font-size:14.0pt\">Informa&ccedil;&otilde;es<\/span><\/a> <\/span><\/span><\/span><\/p>\r\n\r\n<p style=\"text-align:justify\">&nbsp;<\/p>\r\n\r\n<p style=\"text-align:justify\"><span style=\"font-size:11pt\"><span style=\"line-height:normal\"><span style=\"font-family:&quot;Calibri&quot;,sans-serif\"><b><span style=\"font-size:14.0pt\">FIMMA BRASIL - Feira Internacional de Fornecedores da Cadeia Produtiva Madeira e M&oacute;veis<\/span><\/b><span style=\"font-size:14.0pt\">, 28 a 31 de agosto de 2023, das 10h &agrave;s 19h, Bento Gon&ccedil;alves, RS. <\/span><a href=\"https:\/\/fimma.com.br\/\" style=\"color:blue; text-decoration:underline\"><span style=\"font-size:14.0pt\">Informa&ccedil;&otilde;es<\/span><\/a> <\/span><\/span><\/span><\/p>\r\n\r\n<p style=\"text-align:justify\">&nbsp;<\/p>\r\n\r\n<p style=\"text-align:justify\"><span style=\"font-size:11pt\"><span style=\"line-height:normal\"><span style=\"font-family:&quot;Calibri&quot;,sans-serif\"><span class=\"MsoHyperlink\" style=\"color:blue\"><span style=\"text-decoration:underline\"><b><span style=\"font-size:14.0pt\"><span style=\"text-decoration:none\"><span style=\"text-underline:none\">10&ordm; Congresso Internacional da Inova&ccedil;&atilde;o da Ind&uacute;stria<\/span><\/span><\/span><\/b><\/span><\/span><span class=\"MsoHyperlink\" style=\"color:blue\"><span style=\"text-decoration:underline\"><span style=\"font-size:14.0pt\"><span style=\"text-decoration:none\"><span style=\"text-underline:none\">, 27 e 28 de setembro de 2023, S&atilde;o Paulo Expo. <\/span><\/span><\/span><\/span><\/span><a href=\"https:\/\/www.congressodeinovacao.com.br\/?utm_source=comext&amp;utm_medium=email&amp;utm_campaign=eventos&amp;utm_content=id00053#msdynttrid=gg5jXwSFR7qM4vHH2tKGau3cTwSFDneTjMUhrcPg7vE\" style=\"color:blue; text-decoration:underline\"><span style=\"font-size:14.0pt\">Informa&ccedil;&otilde;es<\/span><\/a> <\/span><\/span><\/span><\/p>\r\n\r\n<p style=\"text-align:justify\">&nbsp;<\/p>\r\n\r\n<p style=\"text-align:justify\"><span style=\"font-size:11pt\"><span style=\"line-height:normal\"><span style=\"font-family:&quot;Calibri&quot;,sans-serif\"><span class=\"MsoHyperlink\" style=\"color:blue\"><span style=\"text-decoration:underline\"><b><span style=\"font-size:14.0pt\"><span style=\"text-decoration:none\"><span style=\"text-underline:none\">FiltXPO&trade; 2023<\/span><\/span><\/span><\/b><\/span><\/span><span class=\"MsoHyperlink\" style=\"color:blue\"><span style=\"text-decoration:underline\"><span style=\"font-size:14.0pt\"><span style=\"text-decoration:none\"><span style=\"text-underline:none\">, October 10-12, 2023 at Navy Pier in Chicago, Illinois. <\/span><\/span><\/span><\/span><\/span><a href=\"https:\/\/www.filtxpo.com\/\" style=\"color:blue; text-decoration:underline\"><span style=\"font-size:14.0pt\">Informa&ccedil;&otilde;es<\/span><\/a> <\/span><\/span><\/span><\/p>\r\n\r\n<p style=\"text-align:justify\">&nbsp;<\/p>\r\n\r\n<p style=\"text-align:justify\"><span style=\"font-size:11pt\"><span style=\"line-height:normal\"><span style=\"font-family:&quot;Calibri&quot;,sans-serif\"><b><span style=\"font-size:14.0pt\">SENAI-CETIQT | P&oacute;s-gradua&ccedil;&atilde;o &ldquo;P&oacute;s-gradua&ccedil;&atilde;o em Economia Circular e Produ&ccedil;&atilde;o Sustent&aacute;vel&rdquo;. <\/span><\/b><a href=\"https:\/\/materiais.senaicetiqt.com\/pos-graduacao-economia-circular-e-producao-sustentavel?utm_campaign=senai_cetiqt___oferta_do_curso_economia_circular&amp;utm_medium=email&amp;utm_source=RD+Station\" style=\"color:blue; text-decoration:underline\"><span style=\"font-size:14.0pt\">Informa&ccedil;&otilde;es<\/span><\/a> <\/span><\/span><\/span><\/p>\r\n\r\n<p style=\"text-align:justify\">&nbsp;<\/p>\r\n\r\n<p style=\"text-align:justify\"><span style=\"font-size:11pt\"><span style=\"line-height:normal\"><span style=\"font-family:&quot;Calibri&quot;,sans-serif\"><b><span style=\"font-size:14.0pt\">SENAI-CETIQT | P&oacute;s-gradua&ccedil;&atilde;o &ldquo;Produtos de Alta Performance &agrave; Base de Materiais Comp&oacute;sitos&rdquo;<\/span><\/b><span style=\"font-size:14.0pt\">. <\/span><a href=\"https:\/\/materiais.senaicetiqt.com\/pos-graduacao-produtos-de-alta-performance-a-base-de-materiais-compositos?utm_campaign=senai_cetiqt___oferta_do_curso_materiais_compositos&amp;utm_medium=email&amp;utm_source=RD+Station\" style=\"color:blue; text-decoration:underline\"><span style=\"font-size:14.0pt\">Informa&ccedil;&otilde;es<\/span><\/a> <\/span><\/span><\/span><\/p>\r\n\r\n<p class=\"MsoTitle\" style=\"text-align:justify\"><span style=\"font-size:28pt\"><span style=\"font-family:&quot;Cambria&quot;,serif\"><span style=\"letter-spacing:-0.5pt\"><b><span style=\"font-size:18.0pt\"><span style=\"font-family:&quot;Calibri&quot;,sans-serif\"><span style=\"font-variant:small-caps\">Setor<\/span><\/span><\/span><\/b><\/span><\/span><\/span><\/p>\r\n\r\n<p style=\"text-align:justify\"><span style=\"font-size:11pt\"><span style=\"line-height:normal\"><span style=\"font-family:&quot;Calibri&quot;,sans-serif\"><a href=\"https:\/\/www.bpmoney.com.br\/noticias\/negocios\/braskem-confirma-recebimento-de-proposta\" style=\"color:blue; text-decoration:underline\"><span style=\"font-size:14.0pt\">Braskem (BRKM5): Novonor confirma proposta por petroqu&iacute;mica<\/span><\/a><\/span><\/span><\/span><\/p>\r\n\r\n<p style=\"text-align:justify\"><span style=\"font-size:11pt\"><span style=\"line-height:normal\"><span style=\"font-family:&quot;Calibri&quot;,sans-serif\"><a href=\"https:\/\/www.innovationintextiles.com\/high-strength-panels-created-from-composite-waste\/\" style=\"color:blue; text-decoration:underline\"><span style=\"font-size:14.0pt\">Composites: High strength panels created from composite waste<\/span><\/a><\/span><\/span><\/span><\/p>\r\n\r\n<p style=\"text-align:justify\"><span style=\"font-size:11pt\"><span style=\"line-height:normal\"><span style=\"font-family:&quot;Calibri&quot;,sans-serif\"><a href=\"https:\/\/www.innovationintextiles.com\/polyamide-recycling-by-microwave\/\" style=\"color:blue; text-decoration:underline\"><span style=\"font-size:14.0pt\">Polyamide recycling by microwave<\/span><\/a><\/span><\/span><\/span><\/p>\r\n\r\n<p style=\"text-align:justify\"><span style=\"font-size:11pt\"><span style=\"line-height:normal\"><span style=\"font-family:&quot;Calibri&quot;,sans-serif\"><a href=\"https:\/\/www.innovationintextiles.com\/deliveries-by-andritz-to-colombia-and-the-usa\/\" style=\"color:blue; text-decoration:underline\"><span style=\"font-size:14.0pt\">Nonwovens\/ Converting: Deliveries by Andritz to Colombia and the USA<\/span><\/a><\/span><\/span><\/span><\/p>\r\n\r\n<p style=\"text-align:justify\"><span style=\"font-size:11pt\"><span style=\"line-height:normal\"><span style=\"font-family:&quot;Calibri&quot;,sans-serif\"><a href=\"https:\/\/www.innovationintextiles.com\/technology-machinery-equipment\/full-portfolio-showcase-for-truetzschler\/\" style=\"color:blue; text-decoration:underline\"><span style=\"font-size:14.0pt\">Full portfolio showcase for Truetzschler<\/span><\/a><\/span><\/span><\/span><\/p>\r\n\r\n<p style=\"text-align:justify\"><span style=\"font-size:11pt\"><span style=\"line-height:normal\"><span style=\"font-family:&quot;Calibri&quot;,sans-serif\"><a href=\"https:\/\/s3.sa-east-1.amazonaws.com\/abit-files.abit.org.br\/site\/revista_abitreview\/ed05\/Revista+Abit+Review+ed05+-+Maio23.pdf\" style=\"color:blue; text-decoration:underline\"><span style=\"font-size:14.0pt\">Revista Abit Review edi&ccedil;&atilde;o 05<\/span><\/a><\/span><\/span><\/span><\/p>\r\n\r\n<p style=\"text-align:justify\"><span style=\"font-size:11pt\"><span style=\"line-height:normal\"><span style=\"font-family:&quot;Calibri&quot;,sans-serif\"><a href=\"https:\/\/www.anahp.com.br\/publicacoes\/painel-saude-em-numeros-2023\/?utm_campaign=emkt_-_painel_2023&amp;utm_medium=email&amp;utm_source=RD+Station\" style=\"color:blue; text-decoration:underline\"><span style=\"font-size:14.0pt\">Painel Anahp | Sa&uacute;de em N&uacute;meros 2023<\/span><\/a><\/span><\/span><\/span><\/p>\r\n\r\n<p class=\"MsoTitle\" style=\"text-align:justify\"><span style=\"font-size:28pt\"><span style=\"font-family:&quot;Cambria&quot;,serif\"><span style=\"letter-spacing:-0.5pt\"><b><span style=\"font-size:18.0pt\"><span style=\"font-family:&quot;Calibri&quot;,sans-serif\"><span style=\"font-variant:small-caps\">Ind&uacute;stria<\/span><\/span><\/span><\/b><\/span><\/span><\/span><\/p>\r\n\r\n<p style=\"text-align:justify\"><span style=\"font-size:11pt\"><span style=\"line-height:normal\"><span style=\"font-family:&quot;Calibri&quot;,sans-serif\"><a href=\"https:\/\/noticias.portaldaindustria.com.br\/noticias\/economia\/indicadores-industriais-apontam-melhora-em-marco\/\" style=\"color:blue; text-decoration:underline\"><span style=\"font-size:14.0pt\">Indicadores industriais apontam melhora em mar&ccedil;o<\/span><\/a><\/span><\/span><\/span><\/p>\r\n\r\n<p style=\"text-align:justify\"><span style=\"font-size:11pt\"><span style=\"line-height:normal\"><span style=\"font-family:&quot;Calibri&quot;,sans-serif\"><a href=\"https:\/\/portalibre.fgv.br\/noticias\/sondagens-de-abril-refletem-percepcao-de-que-ainda-nao-e-momento-de-apostar-em-uma\" style=\"color:blue; text-decoration:underline\"><span style=\"font-size:14.0pt\">Sondagens de abril refletem percep&ccedil;&atilde;o de que ainda n&atilde;o &eacute; momento de apostar em uma acelera&ccedil;&atilde;o<\/span><\/a><\/span><\/span><\/span><\/p>\r\n\r\n<p style=\"text-align:justify\"><span style=\"font-size:11pt\"><span style=\"line-height:normal\"><span style=\"font-family:&quot;Calibri&quot;,sans-serif\"><a href=\"https:\/\/jovempan.com.br\/programas\/jornal-da-manha\/pequenas-industrias-tem-bom-desempenho-mas-situacao-financeira-piora-aponta-cni.html\" style=\"color:blue; text-decoration:underline\"><span style=\"font-size:14.0pt\">Pequenas ind&uacute;strias t&ecirc;m bom desempenho, mas situa&ccedil;&atilde;o financeira piora, aponta CNI<\/span><\/a><\/span><\/span><\/span><\/p>\r\n\r\n<p style=\"text-align:justify\"><span style=\"font-size:11pt\"><span style=\"line-height:normal\"><span style=\"font-family:&quot;Calibri&quot;,sans-serif\"><a href=\"https:\/\/revistaconstrua.com.br\/noticias\/principal\/industria-de-materiais-tem-desempenho-regular-em-abril\/#:~:text=Em%20abril%2C%20a%20taxa%20m%C3%A9dia,rela%C3%A7%C3%A3o%20a%20abril%20de%202022.\" style=\"color:blue; text-decoration:underline\"><span style=\"font-size:14.0pt\">Ind&uacute;stria de materiais tem desempenho regular em abril<\/span><\/a><\/span><\/span><\/span><\/p>\r\n\r\n<p style=\"text-align:justify\"><span style=\"font-size:11pt\"><span style=\"line-height:normal\"><span style=\"font-family:&quot;Calibri&quot;,sans-serif\"><a href=\"https:\/\/www.meiofiltrante.com.br\/Noticia\/112034\/ciesp-e-a-enel-brasil-vao-criar-um-grupo-permanente-de-discussoes\" style=\"color:blue; text-decoration:underline\"><span style=\"font-size:14.0pt\">Ciesp e a Enel Brasil v&atilde;o criar um grupo permanente de discuss&otilde;es sobre oportunidades de melhoria nos servi&ccedil;os prestados &agrave; ind&uacute;stria<\/span><\/a><\/span><\/span><\/span><\/p>\r\n\r\n<p style=\"text-align:justify\"><span style=\"font-size:11pt\"><span style=\"line-height:normal\"><span style=\"font-family:&quot;Calibri&quot;,sans-serif\"><u><span style=\"font-size:14.0pt\"><a href=\"https:\/\/www.meiofiltrante.com.br\/Noticia\/112028\/2023-esta-longe-de-ser-um-ano-facil-na-industria-automotiva-\" style=\"color:blue; text-decoration:underline\">2023 est&aacute; longe de ser um ano f&aacute;cil na ind&uacute;stria automotiva<\/a><\/span><\/u><\/span><\/span><\/span><\/p>\r\n\r\n<p style=\"text-align:justify\"><span style=\"font-size:11pt\"><span style=\"line-height:normal\"><span style=\"font-family:&quot;Calibri&quot;,sans-serif\"><a href=\"https:\/\/www.jornalrepercussao.com.br\/politica\/importante-passo-e-dado-para-tornar-mais-competitivo-o-setor-coureiro-calcadista-no-rs\" style=\"color:blue; text-decoration:underline\"><span style=\"font-size:14.0pt\">Importante passo &eacute; dado para tornar mais competitivo o setor Coureiro-Cal&ccedil;adista no RS<\/span><\/a><\/span><\/span><\/span><\/p>\r\n\r\n<p style=\"text-align:justify\"><span style=\"font-size:11pt\"><span style=\"line-height:normal\"><span style=\"font-family:&quot;Calibri&quot;,sans-serif\"><a href=\"https:\/\/www.folhape.com.br\/politica\/em-derrota-para-o-governo-camara-derruba-trechos-de-decreto-que\/269027\/\" style=\"color:blue; text-decoration:underline\"><span style=\"font-size:14.0pt\">Em derrota para o governo, C&acirc;mara derruba trechos de decreto que mudava as leis do saneamento<\/span><\/a><\/span><\/span><\/span><\/p>\r\n\r\n<p class=\"MsoTitle\" style=\"text-align:justify\"><span style=\"font-size:28pt\"><span style=\"font-family:&quot;Cambria&quot;,serif\"><span style=\"letter-spacing:-0.5pt\"><b><span style=\"font-size:18.0pt\"><span style=\"font-family:&quot;Calibri&quot;,sans-serif\"><span style=\"font-variant:small-caps\">Sustentabilidade<\/span><\/span><\/span><\/b><\/span><\/span><\/span><\/p>\r\n\r\n<p style=\"text-align:justify\"><span style=\"font-size:11pt\"><span style=\"line-height:normal\"><span style=\"font-family:&quot;Calibri&quot;,sans-serif\"><a href=\"https:\/\/jornal.usp.br\/radio-usp\/alteracoes-no-marco-legal-do-saneamento-basico-podem-paralisar-o-setor\/\" style=\"color:blue; text-decoration:underline\"><span style=\"font-size:14.0pt\">Altera&ccedil;&otilde;es no Marco Legal do saneamento b&aacute;sico podem paralisar o setor<\/span><\/a><\/span><\/span><\/span><\/p>\r\n\r\n<p style=\"text-align:justify\"><span style=\"font-size:11pt\"><span style=\"line-height:normal\"><span style=\"font-family:&quot;Calibri&quot;,sans-serif\"><a href=\"https:\/\/www.terra.com.br\/economia\/dinheiro-em-acao\/reindustrializacao-do-brasil-deve-ser-pensada-a-partir-da-economia-circular-leia-artigo,dfad68f1d1b7260fdb6ee92bc2c382f886tf3mjb.html\" style=\"color:blue; text-decoration:underline\"><span style=\"font-size:14.0pt\">Pl&aacute;stico: Reindustrializa&ccedil;&atilde;o do Brasil deve ser pensada a partir da economia circular<\/span><\/a><\/span><\/span><\/span><\/p>\r\n\r\n<p style=\"text-align:justify\"><span style=\"font-size:11pt\"><span style=\"line-height:normal\"><span style=\"font-family:&quot;Calibri&quot;,sans-serif\"><a href=\"https:\/\/plasticosemrevista.com.br\/eua-imagem-dos-descartaveis-plasticos-surpreende\/\" style=\"color:blue; text-decoration:underline\"><span style=\"font-size:14.0pt\">EUA: imagem dos descart&aacute;veis pl&aacute;sticos surpreende<\/span><\/a><\/span><\/span><\/span><\/p>\r\n\r\n<p style=\"text-align:justify\"><span style=\"font-size:11pt\"><span style=\"line-height:normal\"><span style=\"font-family:&quot;Calibri&quot;,sans-serif\"><a href=\"http:\/\/cueroamerica.info\/wpnews\/2023\/05\/segun-un-estudio-el-65-de-la-produccion-de-moda-usa-insumos-derivados-de-fosiles\/?utm_source=email_marketing&amp;utm_admin=28519&amp;utm_medium=email&amp;utm_campaign=NOTICIAS_de_las_Industrias_del_Calzado_Cuero_Marroquinera_y_Moda\" style=\"color:blue; text-decoration:underline\"><span style=\"font-size:14.0pt\">Seg&uacute;n un estudio el 65% de la producci&oacute;n de moda usa insumos derivados de f&oacute;siles<\/span><\/a><\/span><\/span><\/span><\/p>\r\n\r\n<p style=\"text-align:justify\"><span style=\"font-size:11pt\"><span style=\"line-height:normal\"><span style=\"font-family:&quot;Calibri&quot;,sans-serif\"><a href=\"https:\/\/phys.org\/news\/2023-05-upcycling-method-textile-trash-functional.html?utm_source=nwletter&amp;utm_medium=email&amp;utm_campaign=daily-nwletter\" style=\"color:blue; text-decoration:underline\"><span style=\"font-size:14.0pt\">Upcycling method turns textile trash to functional coatings<\/span><\/a><\/span><\/span><\/span><\/p>\r\n\r\n<p style=\"text-align:justify\"><span style=\"font-size:11pt\"><span style=\"line-height:normal\"><span style=\"font-family:&quot;Calibri&quot;,sans-serif\"><a href=\"https:\/\/phys.org\/news\/2023-05-recycling-plastics-worse.html?utm_source=nwletter&amp;utm_medium=email&amp;utm_campaign=daily-nwletter\" style=\"color:blue; text-decoration:underline\"><span style=\"font-size:14.0pt\">Recycling plastics might be making things worse<\/span><\/a><\/span><\/span><\/span><\/p>\r\n\r\n<p style=\"text-align:justify\"><span style=\"font-size:11pt\"><span style=\"line-height:normal\"><span style=\"font-family:&quot;Calibri&quot;,sans-serif\"><a href=\"https:\/\/phys.org\/news\/2023-05-plastic-drift-sea.html?utm_source=nwletter&amp;utm_medium=email&amp;utm_campaign=daily-nwletter\" style=\"color:blue; text-decoration:underline\"><span style=\"font-size:14.0pt\">Modeling study shows plastic can drift far away from its starting point as it sinks into the sea<\/span><\/a><\/span><\/span><\/span><\/p>\r\n\r\n<p class=\"MsoTitle\" style=\"text-align:justify\"><span style=\"font-size:28pt\"><span style=\"font-family:&quot;Cambria&quot;,serif\"><span style=\"letter-spacing:-0.5pt\"><b><span style=\"font-size:18.0pt\"><span style=\"font-family:&quot;Calibri&quot;,sans-serif\"><span style=\"font-variant:small-caps\">Inova&ccedil;&atilde;o<\/span><\/span><\/span><\/b><\/span><\/span><\/span><\/p>\r\n\r\n<p style=\"text-align:justify\"><span style=\"font-size:11pt\"><span style=\"line-height:normal\"><span style=\"font-family:&quot;Calibri&quot;,sans-serif\"><a href=\"https:\/\/www.inovacaotecnologica.com.br\/noticias\/noticia.php?artigo=tecidos-inteligentes-saem-laboratorios-fabricas-tecelagens&amp;id=010110230508&amp;ebol=sim#.ZFowGc7MKUk\" style=\"color:blue; text-decoration:underline\"><span style=\"font-size:14.0pt\">Tecidos inteligentes saem dos laborat&oacute;rios para as f&aacute;bricas de tecelagens<\/span><\/a><\/span><\/span><\/span><\/p>\r\n\r\n<p style=\"text-align:justify\"><span style=\"font-size:11pt\"><span style=\"line-height:normal\"><span style=\"font-family:&quot;Calibri&quot;,sans-serif\"><a href=\"https:\/\/www.redebrasilatual.com.br\/blogs\/blog-na-rede\/fomento-inovacao-mecanismos-publicos\/\" style=\"color:blue; text-decoration:underline\"><span style=\"font-size:14.0pt\">A nova onda de mecanismos p&uacute;blicos que o pa&iacute;s precisa no fomento &agrave; inova&ccedil;&atilde;o<\/span><\/a><\/span><\/span><\/span><\/p>\r\n\r\n<p style=\"text-align:justify\"><span style=\"font-size:11pt\"><span style=\"line-height:normal\"><span style=\"font-family:&quot;Calibri&quot;,sans-serif\"><a href=\"https:\/\/gauchazh.clicrbs.com.br\/economia\/noticia\/2023\/05\/braskem-inaugura-ampliacao-de-centro-de-tecnologia-no-polo-petroquimico-de-triunfo-clh7zhj0k0073016xecqjfpx5.html\" style=\"color:blue; text-decoration:underline\"><span style=\"font-size:14.0pt\">Inova&ccedil;&atilde;o: Braskem inaugura amplia&ccedil;&atilde;o de Centro de Tecnologia no polo petroqu&iacute;mico de Triunfo<\/span><\/a><\/span><\/span><\/span><\/p>\r\n\r\n<p style=\"text-align:justify\"><span style=\"font-size:11pt\"><span style=\"line-height:normal\"><span style=\"font-family:&quot;Calibri&quot;,sans-serif\"><a href=\"https:\/\/www.technicaltextile.net\/news\/scientists-develop-metallic-coating-treatment-for-wearable-textile-287227.html\" style=\"color:blue; text-decoration:underline\"><span style=\"font-size:14.0pt\">Scientists develop metallic coating treatment for wearable textile<\/span><\/a><\/span><\/span><\/span><\/p>\r\n\r\n<p class=\"MsoTitle\" style=\"text-align:justify\"><span style=\"font-size:28pt\"><span style=\"font-family:&quot;Cambria&quot;,serif\"><span style=\"letter-spacing:-0.5pt\"><b><span style=\"font-size:18.0pt\"><span style=\"font-family:&quot;Calibri&quot;,sans-serif\"><span style=\"font-variant:small-caps\">Com&eacute;rcio Exterior<\/span><\/span><\/span><\/b><\/span><\/span><\/span><\/p>\r\n\r\n<p style=\"text-align:justify\"><span style=\"font-size:11pt\"><span style=\"line-height:normal\"><span style=\"font-family:&quot;Calibri&quot;,sans-serif\"><a href=\"https:\/\/www.comexdobrasil.com\/balanca-comercial-de-abril-tem-superavit-de-us-8225-bilhoes-e-exportacoes-superam-us-103-bilhoes\" style=\"color:blue; text-decoration:underline\"><span style=\"font-size:14.0pt\">Balan&ccedil;a comercial de abril tem super&aacute;vit de US$ 8,225 bilh&otilde;es e exporta&ccedil;&otilde;es superam US$ 103 bilh&otilde;es<\/span><\/a><\/span><\/span><\/span><\/p>\r\n\r\n<p style=\"text-align:justify\"><span style=\"font-size:11pt\"><span style=\"line-height:normal\"><span style=\"font-family:&quot;Calibri&quot;,sans-serif\"><a href=\"https:\/\/static.portaldaindustria.com.br\/media\/filer_public\/e9\/60\/e960dc5a-9edd-4840-b8a1-55ed0324b10c\/apc_7_panorama_do_sistema_de_credito_v4_2_1.pdf\" style=\"color:blue; text-decoration:underline\"><span style=\"font-size:14.0pt\">CN\/CEB | Panorama do Sistema Brasileiro de Cr&eacute;dito Oficial &agrave; Exporta&ccedil;&atilde;o<\/span><\/a><\/span><\/span><\/span><\/p>\r\n\r\n<p style=\"text-align:justify\"><span style=\"font-size:11pt\"><span style=\"line-height:normal\"><span style=\"font-family:&quot;Calibri&quot;,sans-serif\"><a href=\"https:\/\/www.comexdobrasil.com\/exportacao-de-maquinas-e-equipamentos-registra-crescimento-de-242-em-marco-no-1o-trimestre-queda-de-46\" style=\"color:blue; text-decoration:underline\"><span style=\"font-size:14.0pt\">Exporta&ccedil;&atilde;o de m&aacute;quinas e equipamentos registra crescimento de 24,2% em mar&ccedil;o. No 1&ordm;. trimestre, queda de 4,6%<\/span><\/a><\/span><\/span><\/span><\/p>\r\n\r\n<p style=\"text-align:justify\"><span style=\"font-size:11pt\"><span style=\"line-height:normal\"><span style=\"font-family:&quot;Calibri&quot;,sans-serif\"><span class=\"MsoHyperlink\" style=\"color:blue\"><span style=\"text-decoration:underline\"><span style=\"font-size:14.0pt\"><a href=\"https:\/\/www.comexdobrasil.com\/aprovado-acordo-de-cooperacao-para-dinamizar-comercio-e-investimentos-entre-brasil-e-emirados-arabes-unidos\" style=\"color:blue; text-decoration:underline\">Aprovado Acordo de Coopera&ccedil;&atilde;o para dinamizar com&eacute;rcio e investimentos entre Brasil e Emirados &Aacute;rabes Unidos<\/a><\/span><\/span><\/span><\/span><\/span><\/span><\/p>\r\n\r\n<p style=\"text-align:justify\"><span style=\"font-size:11pt\"><span style=\"line-height:normal\"><span style=\"font-family:&quot;Calibri&quot;,sans-serif\"><span class=\"MsoHyperlink\" style=\"color:blue\"><span style=\"text-decoration:underline\"><span style=\"font-size:14.0pt\"><a href=\"http:\/\/cueroamerica.info\/wpnews\/2023\/05\/la-mayor-fabricante-mundial-de-calzado-pasa-de-vietnam-a-una-enorme-planta-en-india\/?utm_source=email_marketing&amp;utm_admin=28519&amp;utm_medium=email&amp;utm_campaign=NOTICIAS_de_las_Industrias_del_Calzado_Cuero_Marroquinera_y_Moda\" style=\"color:blue; text-decoration:underline\">La mayor fabricante mundial de calzado pasa de Vietnam a una enorme planta en India<\/a><\/span><\/span><\/span><\/span><\/span><\/span><\/p>\r\n\r\n<p style=\"text-align:justify\"><span style=\"font-size:11pt\"><span style=\"line-height:normal\"><span style=\"font-family:&quot;Calibri&quot;,sans-serif\"><span class=\"MsoHyperlink\" style=\"color:blue\"><span style=\"text-decoration:underline\"><span style=\"font-size:14.0pt\"><a href=\"http:\/\/cueroamerica.info\/wpnews\/2023\/04\/mientras-sus-exportaciones-crecen-el-mercado-mexicano-es-invadido-por-calzado-chino\/\" style=\"color:blue; text-decoration:underline\">Mientras sus exportaciones crecen, el mercado mexicano es invadido por calzado chino<\/a><\/span><\/span><\/span><\/span><\/span><\/span><\/p>\r\n\r\n<p style=\"text-align:justify\"><span style=\"font-size:11pt\"><span style=\"line-height:normal\"><span style=\"font-family:&quot;Calibri&quot;,sans-serif\"><span class=\"MsoHyperlink\" style=\"color:blue\"><span style=\"text-decoration:underline\"><span style=\"font-size:14.0pt\"><a href=\"http:\/\/cueroamerica.info\/wpnews\/2023\/04\/peru-mantiene-los-aranceles-a-la-importacion-de-todas-lasvariedades-de-calzado-chino\/?utm_source=email_marketing&amp;utm_admin=28519&amp;utm_medium=email&amp;utm_campaign=NOTICIAS_de_las_Industrias_del_Calzado_Cuero_Marroquinera_y_Moda\" style=\"color:blue; text-decoration:underline\">Per&uacute; mantiene los aranceles a la importaci&oacute;n de todas lasvariedades de calzado chino<\/a><\/span><\/span><\/span><\/span><\/span><\/span><\/p>\r\n\r\n<p class=\"MsoTitleCxSpLast\" style=\"text-align:justify\"><span style=\"font-size:28pt\"><span style=\"font-family:&quot;Cambria&quot;,serif\"><span style=\"letter-spacing:-0.5pt\"><b><span style=\"font-size:18.0pt\"><span style=\"font-family:&quot;Calibri&quot;,sans-serif\"><span style=\"font-variant:small-caps\">Economia<\/span><\/span><\/span><\/b><\/span><\/span><\/span><\/p>\r\n\r\n<p style=\"text-align:justify\"><span style=\"font-size:11pt\"><span style=\"line-height:normal\"><span style=\"font-family:&quot;Calibri&quot;,sans-serif\"><a href=\"https:\/\/www.bcb.gov.br\/content\/focus\/focus\/R20230428.pdf\" style=\"color:blue; text-decoration:underline\"><span style=\"font-size:14.0pt\">Focus &ndash; Relat&oacute;rio de Mercado<\/span><\/a><\/span><\/span><\/span><\/p>\r\n\r\n<p style=\"text-align:justify\"><span style=\"font-size:11pt\"><span style=\"line-height:normal\"><span style=\"font-family:&quot;Calibri&quot;,sans-serif\"><a href=\"https:\/\/sovos.com\/pt-br\/blog\/tributos\/o-que-e-a-pec-110-2019-e-o-que-ela-propoe-para-a-reforma-tributaria\/?utm_source=&amp;utm_medium=&amp;utm_campaign=&amp;utm_term=&amp;utm_content=&amp;mkt_tok=MzM0LUhWTi0yNDkAAAGLjE_vmyN_TY1pECHsRY8ymQYCCI7RK6eZ5Cvhxp46BkdmTKQdQS3Ndt7x6LRxJzgswBxK8OOWIV-axsv-NgIzB1d2OT7tX-9Ug06CgcEPJ9w\" style=\"color:blue; text-decoration:underline\"><span style=\"font-size:14.0pt\">O que &eacute; a PEC 110\/2019 e o que ela prop&otilde;e para a reforma tribut&aacute;ria?<\/span><\/a><\/span><\/span><\/span><\/p>\r\n\r\n<p style=\"text-align:justify\"><span style=\"font-size:11pt\"><span style=\"line-height:normal\"><span style=\"font-family:&quot;Calibri&quot;,sans-serif\"><a href=\"https:\/\/noticias.portaldaindustria.com.br\/posicionamentos\/selic-em-1375-desacelera-excessivamente-a-economia-avalia-cni\/\" style=\"color:blue; text-decoration:underline\"><span style=\"font-size:14.0pt\">SELIC em 13,75% desacelera excessivamente a economia, avalia CNI<\/span><\/a><\/span><\/span><\/span><\/p>\r\n\r\n<p style=\"text-align:justify\"><span style=\"font-size:11pt\"><span style=\"line-height:normal\"><span style=\"font-family:&quot;Calibri&quot;,sans-serif\"><a href=\"https:\/\/www.moveisdevalor.com.br\/portal\/arcabouco-fiscal-do-governo-e-insuficiente-para-baixar-os-juros?source=news\" style=\"color:blue; text-decoration:underline\"><span style=\"font-size:14.0pt\">Arcabou&ccedil;o fiscal do governo &eacute; insuficiente para baixar os juros<\/span><\/a><\/span><\/span><\/span><\/p>\r\n\r\n<p style=\"text-align:justify\"><span style=\"font-size:11pt\"><span style=\"line-height:normal\"><span style=\"font-family:&quot;Calibri&quot;,sans-serif\"><a href=\"https:\/\/www.anahp.com.br\/podcast\/o-cenario-politico-economico-no-brasil-em-2023-especial-encontro-de-lideres-anahp\/?utm_campaign=podcast_por_dentro_da_saude_-_cenario_politico-economico&amp;utm_medium=email&amp;utm_source=RD+Station\" style=\"color:blue; text-decoration:underline\"><span style=\"font-size:14.0pt\">O cen&aacute;rio pol&iacute;tico-econ&ocirc;mico no Brasil em 2023 &ndash; Especial Encontro de L&iacute;deres Anahp<\/span><\/a><\/span><\/span><\/span><\/p>\r\n\r\n<p style=\"text-align:justify\"><span style=\"font-size:11pt\"><span style=\"line-height:normal\"><span style=\"font-family:&quot;Calibri&quot;,sans-serif\"><a href=\"https:\/\/portalibre.fgv.br\/noticias\/politica-monetaria-trajetorias-paralelas-brasil-e-eua\" style=\"color:blue; text-decoration:underline\"><span style=\"font-size:14.0pt\">Pol&iacute;tica monet&aacute;ria: trajet&oacute;rias paralelas Brasil e EUA<\/span><\/a><\/span><\/span><\/span><\/p>\r\n\r\n<p style=\"text-align:justify\"><span style=\"font-size:11pt\"><span style=\"line-height:normal\"><span style=\"font-family:&quot;Calibri&quot;,sans-serif\"><a href=\"https:\/\/www.fibre2fashion.com\/news\/textile-news\/euro-area-inflation-rate-expected-to-be-7-in-apr-2023-eurostat-287328-newsdetails.htm\" style=\"color:blue; text-decoration:underline\"><span style=\"font-size:14.0pt\">Euro area inflation rate expected to be 7% in Apr 2023: Eurostat<\/span><\/a><\/span><\/span><\/span><\/p>\r\n","texto_en":"","7":"","imagem":"COMP_banner-padrao-home-destaques-boletim-2023_20230509132717vxQHE9oyst.jpeg","8":"COMP_banner-padrao-home-destaques-boletim-2023_20230509132717vxQHE9oyst.jpeg","arquivo":"20230509-NOTICIAS-SEMANAIS.PDF","9":"20230509-NOTICIAS-SEMANAIS.PDF","titulo_arquivo":"","10":"","titulo_arquivo_en":"","11":"","created_at":"2023-05-09 13:27:24","12":"2023-05-09 13:27:24","updated_at":"2023-05-09 13:27:24","13":"2023-05-09 13:27:24"},{"id":63,"0":63,"ordem":160,"1":160,"data":"2023-05-02","2":"2023-05-02","slug":"boletim-de-noticias-semanais-60","3":"boletim-de-noticias-semanais-60","titulo":"Boletim de Not\u00edcias Semanais","4":"Boletim de Not\u00edcias Semanais","titulo_en":"","5":"","texto":"<p style=\"text-align:justify\"><span style=\"font-size:11pt\"><span style=\"line-height:normal\"><span style=\"font-family:&quot;Calibri&quot;,sans-serif\"><span style=\"font-size:14.0pt\">Esta &eacute; uma compila&ccedil;&atilde;o das not&iacute;cias mais relevantes para o setor, incluindo informa&ccedil;&otilde;es sobre acordos internacionais, economia brasileira, sustentabilidade e mat&eacute;rias primas, al&eacute;m de novidades do setor de N&atilde;otecidos e Tecidos T&eacute;cnicos.<\/span><\/span><\/span><\/span><\/p>\r\n\r\n<p class=\"MsoTitleCxSpLast\" style=\"text-align:justify\"><span style=\"font-size:28pt\"><span style=\"font-family:&quot;Cambria&quot;,serif\"><span style=\"letter-spacing:-0.5pt\"><b><span style=\"font-size:18.0pt\"><span style=\"font-family:&quot;Calibri&quot;,sans-serif\"><span style=\"font-variant:small-caps\">A&ccedil;&otilde;es da ABINT<\/span><\/span><\/span><\/b><\/span><\/span><\/span><\/p>\r\n\r\n<p style=\"text-align:justify\"><span style=\"font-size:11pt\"><span style=\"line-height:normal\"><span style=\"font-family:&quot;Calibri&quot;,sans-serif\"><a href=\"https:\/\/www.revistatae.com.br\/Noticia\/70849\/premio-tcc-ic---tecnologia-em-geossinteticos-benedito-de-souza-bueno\" style=\"color:blue; text-decoration:underline\"><span style=\"font-size:14.0pt\">Pr&ecirc;mio TCC\/ IC &ndash; Tecnologia em Geossint&eacute;ticos Benedito de Souza Bueno<\/span><\/a><\/span><\/span><\/span><\/p>\r\n\r\n<p style=\"text-align:justify\"><span style=\"font-size:11pt\"><span style=\"line-height:normal\"><span style=\"font-family:&quot;Calibri&quot;,sans-serif\"><a href=\"https:\/\/www.saudebusiness.com\/legislacao-e-regulamentacao\/anvisa-publica-nota-tecnica-sobre-normas-de-qualidade-para-produtos\" style=\"color:blue; text-decoration:underline\"><span style=\"font-size:14.0pt\">Anvisa publica Nota T&eacute;cnica sobre normas de qualidade para produtos hospitalares<\/span><\/a><\/span><\/span><\/span><\/p>\r\n\r\n<p style=\"text-align:justify\"><span style=\"font-size:11pt\"><span style=\"line-height:normal\"><span style=\"font-family:&quot;Calibri&quot;,sans-serif\"><a href=\"https:\/\/medicinasa.com.br\/nota-cumprimento-normas-qualidade\/\" style=\"color:blue; text-decoration:underline\"><span style=\"font-size:14.0pt\">Nota T&eacute;cnica orienta sobre qualidade de m&aacute;scaras e aventais hospitalares<\/span><\/a><\/span><\/span><\/span><\/p>\r\n\r\n<p style=\"text-align:justify\"><span style=\"font-size:11pt\"><span style=\"line-height:normal\"><span style=\"font-family:&quot;Calibri&quot;,sans-serif\"><a href=\"https:\/\/www.simpro.com.br\/PortalPages\/VisualizadorNoticia.aspx?idNoticia=3600\" style=\"color:blue; text-decoration:underline\"><span style=\"font-size:14.0pt\">Publicada a Nota T&eacute;cnica que orienta o cumprimento das Normas de qualidade para produtos como m&aacute;scaras e aventais hospitalares<\/span><\/a><\/span><\/span><\/span><\/p>\r\n\r\n<p style=\"text-align:justify\">&nbsp;<\/p>\r\n\r\n<p style=\"text-align:justify\"><img src=\"https:\/\/www.abint.org.br\/assets\/img\/editor\/premio-tcc-ic-2023-arte-5_20230509130804F6cq7tHoGL.png\" style=\"width: 300px; height: 300px;\" \/><\/p>\r\n\r\n<p style=\"text-align:justify\"><span style=\"font-size:11pt\"><span style=\"line-height:115%\"><span style=\"font-family:&quot;Calibri&quot;,sans-serif\"><b><span style=\"font-size:14.0pt\"><span style=\"line-height:115%\">O CTG ABINT e a IGS BRASIL<\/span><\/span><\/b><span style=\"font-size:14.0pt\"><span style=\"line-height:115%\"> convidam aqueles que desenvolveram trabalhos acad&ecirc;micos relacionados aos geossint&eacute;ticos a participarem&nbsp;de mais uma edi&ccedil;&atilde;o do Pr&ecirc;mio TCC\/IC.<\/span><\/span><\/span><\/span><\/span><\/p>\r\n\r\n<p style=\"text-align:justify\"><span style=\"font-size:11.0pt\"><span style=\"line-height:115%\"><span style=\"font-family:&quot;Calibri&quot;,sans-serif\"><a href=\"https:\/\/abint.us2.list-manage.com\/track\/click?u=88818ac6bf44316570fc1bc2f&amp;id=46b014bcf1&amp;e=626265ad22\" style=\"color:blue; text-decoration:underline\" target=\"_blank\"><span style=\"font-size:14.0pt\"><span style=\"line-height:115%\"><span style=\"color:blue\">Mais informa&ccedil;&otilde;es e inscri&ccedil;&otilde;es<\/span><\/span><\/span><\/a><\/span><\/span><\/span><\/p>\r\n\r\n<p style=\"text-align:justify\">&nbsp;<\/p>\r\n\r\n<p style=\"text-align:justify\"><span style=\"font-size:11.0pt\"><span style=\"line-height:115%\"><span style=\"font-family:&quot;Calibri&quot;,sans-serif\"><span style=\"font-size:14.0pt\"><span style=\"line-height:115%\"><span style=\"color:blue\"><img src=\"https:\/\/www.abint.org.br\/assets\/img\/editor\/2o-forum-economia-circular-plastico-sul-1_202305091309279V2ky3bu5r.jpg\" style=\"width: 300px; height: 300px;\" \/><\/span><\/span><\/span><\/span><\/span><\/span><\/p>\r\n\r\n<p style=\"text-align:justify\"><span style=\"font-size:11pt\"><span style=\"line-height:normal\"><span style=\"font-family:&quot;Calibri&quot;,sans-serif\"><b><span style=\"font-size:14.0pt\">A ABINT apoia o 2&ordm; F&oacute;rum Economia Circular Pl&aacute;stico Sul, <\/span><\/b><span style=\"font-size:14.0pt\">que ocorrer&aacute; dias<b> 18 e 19 de maio de 2023, <\/b>Expoagro, Gramado, RS,<b> evento gratuito e h&iacute;brido.<\/b><\/span><\/span><\/span><\/span><\/p>\r\n\r\n<p style=\"text-align:justify\"><span style=\"font-size:11pt\"><span style=\"line-height:normal\"><span style=\"font-family:&quot;Calibri&quot;,sans-serif\"><a href=\"https:\/\/www.sympla.com.br\/evento\/2-forum-economia-circular-plastico-sul\/1923141\" style=\"color:blue; text-decoration:underline\"><span style=\"font-size:14.0pt\">Informa&ccedil;&otilde;es<\/span><\/a><\/span><\/span><\/span><\/p>\r\n\r\n<p style=\"text-align:justify\">&nbsp;<\/p>\r\n\r\n<p style=\"text-align:justify\"><span style=\"font-size:11pt\"><span style=\"line-height:normal\"><span style=\"font-family:&quot;Calibri&quot;,sans-serif\"><span style=\"font-size:14.0pt\"><img src=\"https:\/\/www.abint.org.br\/assets\/img\/editor\/ctg-patrocinador-regeo-2023_20230509130509d0rKPI8RWa.jpeg\" style=\"width: 300px; height: 300px;\" \/><\/span><\/span><\/span><\/span><\/p>\r\n\r\n<p style=\"text-align:justify\"><span style=\"font-size:11pt\"><span style=\"line-height:normal\"><span style=\"font-family:&quot;Calibri&quot;,sans-serif\"><b><span style=\"font-size:14.0pt\"><span style=\"font-variant:small-caps\">O CTG ABINT <\/span><\/span><\/b><b><span style=\"font-size:14.0pt\">marcar&aacute; presen&ccedil;a<\/span><\/b><span style=\"font-size:14.0pt\"> nos eventos <b>X Congresso Brasileiro de Geotecnia Ambiental &amp; IX Congresso Brasileiro de Geossint&eacute;ticos - REGEO&rsquo;23 &amp; Geossint&eacute;ticos&rsquo;23<\/b>, que ocorrer&atilde;o de 18 a 21 de julho de 2023, Centro Universit&aacute;rio Jorge Amado &ndash; UNIJORGE, Salvador, BA.<\/span><\/span><\/span><\/span><\/p>\r\n\r\n<p style=\"text-align:justify\"><span style=\"font-size:11pt\"><span style=\"line-height:normal\"><span style=\"font-family:&quot;Calibri&quot;,sans-serif\"><a href=\"https:\/\/regeogeossinteticos23.com.br\/\" style=\"color:blue; text-decoration:underline\"><span style=\"font-size:14.0pt\">Mais informa&ccedil;&otilde;es e inscri&ccedil;&otilde;es<\/span><\/a><\/span><\/span><\/span><\/p>\r\n\r\n<p style=\"text-align:justify\">&nbsp;<\/p>\r\n\r\n<p style=\"text-align:justify\"><span style=\"font-size:11pt\"><span style=\"line-height:normal\"><span style=\"font-family:&quot;Calibri&quot;,sans-serif\"><span style=\"font-size:14.0pt\"><img src=\"https:\/\/www.abint.org.br\/assets\/img\/editor\/minicurso-fernando-regeo-2023_20230509130621J7CNtOs2IN.jpeg\" style=\"width: 300px; height: 300px;\" \/><\/span><\/span><\/span><\/span><\/p>\r\n\r\n<p style=\"text-align:justify\"><span style=\"font-size:11pt\"><span style=\"line-height:normal\"><span style=\"font-family:&quot;Calibri&quot;,sans-serif\"><b><span style=\"font-size:14.0pt\">O Eng. Fernando Lavoie, Coordenador do CTG ABINT, ministrar&aacute; Minicurso durante o Regeo&rsquo;23 &amp; Geossint&eacute;ticos&rsquo;23.<\/span><\/b><\/span><\/span><\/span><\/p>\r\n\r\n<p style=\"text-align:justify\"><span style=\"font-size:11pt\"><span style=\"line-height:normal\"><span style=\"font-family:&quot;Calibri&quot;,sans-serif\"><a href=\"https:\/\/regeogeossinteticos23.com.br\/inscricoes\/\" style=\"color:blue; text-decoration:underline\"><span style=\"font-size:14.0pt\">Inscreva-se!<\/span><\/a><\/span><\/span><\/span><\/p>\r\n\r\n<p style=\"text-align:justify\">&nbsp;<\/p>\r\n\r\n<p style=\"text-align:justify\"><span style=\"font-size:11pt\"><span style=\"line-height:normal\"><span style=\"font-family:&quot;Calibri&quot;,sans-serif\"><b><span style=\"font-size:18.0pt\"><span style=\"font-variant:small-caps\">Eventos<\/span><\/span><\/b><\/span><\/span><\/span><\/p>\r\n\r\n<p style=\"text-align:justify\"><span style=\"font-size:11pt\"><span style=\"line-height:normal\"><span style=\"font-family:&quot;Calibri&quot;,sans-serif\"><b><span style=\"font-size:14.0pt\">BIOTEXFUTURE Spring Forum<\/span><\/b>, <span style=\"font-size:14.0pt\">3rd May 2023, Aachen, Germany<\/span>. <a href=\"https:\/\/campusforum.rwth-campus.com\/en\/events\/event\/?event_id=230224-41332-DG-99998:41332\" style=\"color:blue; text-decoration:underline\"><span style=\"font-size:14.0pt\">Informa&ccedil;&otilde;es<\/span><\/a> <\/span><\/span><\/span><\/p>\r\n\r\n<p style=\"text-align:justify\"><span style=\"font-size:11pt\"><span style=\"line-height:normal\"><span style=\"font-family:&quot;Calibri&quot;,sans-serif\"><b><span style=\"font-size:14.0pt\">Sustainability as a competitive advantage for the textile industry<\/span><\/b><span class=\"MsoHyperlink\" style=\"color:blue\"><span style=\"text-decoration:underline\"><span style=\"font-size:14.0pt\"><span style=\"text-decoration:none\"><span style=\"text-underline:none\">, <\/span><\/span><\/span><\/span><\/span><span style=\"font-size:14.0pt\">Thursday 4 May 2023, 11 am (Brazil), online.<\/span> <a href=\"https:\/\/wtin-summit.zoom.us\/webinar\/register\/4116812878294\/WN_6AEJUN7EQliN6NssEe3Arg#\/registration\" style=\"color:blue; text-decoration:underline\"><span style=\"font-size:14.0pt\">Informa&ccedil;&otilde;es<\/span><\/a> <\/span><\/span><\/span><\/p>\r\n\r\n<p style=\"text-align:justify\"><span style=\"font-size:11pt\"><span style=\"line-height:normal\"><span style=\"font-family:&quot;Calibri&quot;,sans-serif\"><b><span style=\"font-size:14.0pt\">Hospitalar 2023<\/span><\/b><span style=\"font-size:14.0pt\">, 23 a 26 de maio, S&atilde;o Paulo Expo, Rodovia dos Imigrantes, 1,5 km - Vila &Aacute;gua Funda, S&atilde;o Paulo - SP, 04329-900. <\/span><a href=\"https:\/\/www.hospitalar.com\/pt\/home.html\" style=\"color:blue; text-decoration:underline\"><span style=\"font-size:14.0pt\">Informa&ccedil;&otilde;es<\/span><\/a> <\/span><\/span><\/span><\/p>\r\n\r\n<p style=\"text-align:justify\"><span style=\"font-size:11pt\"><span style=\"line-height:normal\"><span style=\"font-family:&quot;Calibri&quot;,sans-serif\"><b><span style=\"font-size:14.0pt\">Paving Expo 2023<\/span><\/b><span style=\"font-size:14.0pt\">, 24 a 26 de maio, 13h &agrave;s 20 h, Pavilh&atilde;o Azul, Expo Center Norte, S&atilde;o Paulo, SP. <\/span><a href=\"https:\/\/paving.com.br\/\" style=\"color:blue; text-decoration:underline\"><span style=\"font-size:14.0pt\">Informa&ccedil;&otilde;es<\/span><\/a> <\/span><\/span><\/span><\/p>\r\n\r\n<p style=\"text-align:justify\"><span style=\"font-size:11pt\"><span style=\"line-height:normal\"><span style=\"font-family:&quot;Calibri&quot;,sans-serif\"><b><span style=\"font-size:14.0pt\">XVI Semin&aacute;rio Reciclagem e Valoriza&ccedil;&atilde;o de Res&iacute;duos S&oacute;lidos<\/span><\/b><span style=\"font-size:14.0pt\">, 31 de maio de 2023, Instituto de Engenharia - Av. Dr. Dante Pazzanese, 120 - Vila Mariana, S&atilde;o Paulo. <\/span><a href=\"https:\/\/www.reciclagemevalorizacao.com.br\/\" style=\"color:blue; text-decoration:underline\"><span style=\"font-size:14.0pt\">Informa&ccedil;&otilde;es<\/span><\/a> <\/span><\/span><\/span><\/p>\r\n\r\n<p style=\"text-align:justify\"><span style=\"font-size:11pt\"><span style=\"line-height:normal\"><span style=\"font-family:&quot;Calibri&quot;,sans-serif\"><b><span style=\"font-size:14.0pt\">The 92nd Textile Institute World Conference: &ldquo;Sustainability of the Textile and Fashion Supply Chain &ndash; Transitioning to Zero Carbon and Zero Waste&rdquo;, <\/span><\/b><span style=\"font-size:14.0pt\">3-6 July 2023, University of Huddersfield, UK. <\/span><a href=\"https:\/\/www.textileinstitute.org\/events\/tiwc\/\" style=\"color:blue; text-decoration:underline\"><span style=\"font-size:14.0pt\">Informa&ccedil;&otilde;es<\/span><\/a> <\/span><\/span><\/span><\/p>\r\n\r\n<p style=\"text-align:justify\"><span style=\"font-size:11pt\"><span style=\"line-height:normal\"><span style=\"font-family:&quot;Calibri&quot;,sans-serif\"><b><span style=\"font-size:14.0pt\">FIMMA BRASIL - Feira Internacional de Fornecedores da Cadeia Produtiva Madeira e M&oacute;veis<\/span><\/b><span style=\"font-size:14.0pt\">, 28 a 31 de agosto de 2023, das 10h &agrave;s 19h, Bento Gon&ccedil;alves, RS. <\/span><a href=\"https:\/\/fimma.com.br\/\" style=\"color:blue; text-decoration:underline\"><span style=\"font-size:14.0pt\">Informa&ccedil;&otilde;es<\/span><\/a> <\/span><\/span><\/span><\/p>\r\n\r\n<p style=\"text-align:justify\"><span style=\"font-size:11pt\"><span style=\"line-height:normal\"><span style=\"font-family:&quot;Calibri&quot;,sans-serif\"><b><span style=\"font-size:14.0pt\">10&ordm; Congresso Internacional da Inova&ccedil;&atilde;o da Ind&uacute;stria<\/span><\/b><span style=\"font-size:14.0pt\">, 27 e 28 de setembro de 2023, S&atilde;o Paulo Expo.<\/span> <a href=\"https:\/\/www.congressodeinovacao.com.br\/?utm_source=comext&amp;utm_medium=email&amp;utm_campaign=eventos&amp;utm_content=id00053#msdynttrid=gg5jXwSFR7qM4vHH2tKGau3cTwSFDneTjMUhrcPg7vE\" style=\"color:blue; text-decoration:underline\"><span style=\"font-size:14.0pt\">Informa&ccedil;&otilde;es<\/span><\/a>  <\/span><\/span><\/span><\/p>\r\n\r\n<p style=\"text-align:justify\"><span style=\"font-size:11pt\"><span style=\"line-height:normal\"><span style=\"font-family:&quot;Calibri&quot;,sans-serif\"><b><span style=\"font-size:14.0pt\">FiltXPO&trade; 2023<\/span><\/b><span style=\"font-size:14.0pt\">, October 10-12, 2023 at Navy Pier in Chicago, Illinois.<\/span> <a href=\"https:\/\/www.filtxpo.com\/\" style=\"color:blue; text-decoration:underline\"><span style=\"font-size:14.0pt\">Informa&ccedil;&otilde;es<\/span><\/a>  <\/span><\/span><\/span><\/p>\r\n\r\n<p style=\"text-align:justify\"><span style=\"font-size:11pt\"><span style=\"line-height:normal\"><span style=\"font-family:&quot;Calibri&quot;,sans-serif\"><b><span style=\"font-size:14.0pt\">SENAI-CETIQT | P&oacute;s-gradua&ccedil;&atilde;o &ldquo;P&oacute;s-gradua&ccedil;&atilde;o em Economia Circular e Produ&ccedil;&atilde;o Sustent&aacute;vel&rdquo;. <\/span><\/b><a href=\"https:\/\/materiais.senaicetiqt.com\/pos-graduacao-economia-circular-e-producao-sustentavel?utm_campaign=senai_cetiqt___oferta_do_curso_economia_circular&amp;utm_medium=email&amp;utm_source=RD+Station\" style=\"color:blue; text-decoration:underline\"><span style=\"font-size:14.0pt\">Informa&ccedil;&otilde;es<\/span><\/a> <\/span><\/span><\/span><\/p>\r\n\r\n<p style=\"text-align:justify\"><span style=\"font-size:11pt\"><span style=\"line-height:normal\"><span style=\"font-family:&quot;Calibri&quot;,sans-serif\"><b><span style=\"font-size:14.0pt\">SENAI-CETIQT | P&oacute;s-gradua&ccedil;&atilde;o &ldquo;Produtos de Alta Performance &agrave; Base de Materiais Comp&oacute;sitos&rdquo;<\/span><\/b><span style=\"font-size:14.0pt\">. <\/span><a href=\"https:\/\/materiais.senaicetiqt.com\/pos-graduacao-produtos-de-alta-performance-a-base-de-materiais-compositos?utm_campaign=senai_cetiqt___oferta_do_curso_materiais_compositos&amp;utm_medium=email&amp;utm_source=RD+Station\" style=\"color:blue; text-decoration:underline\"><span style=\"font-size:14.0pt\">Informa&ccedil;&otilde;es<\/span><\/a> <\/span><\/span><\/span><\/p>\r\n\r\n<p class=\"MsoTitle\" style=\"text-align:justify\"><span style=\"font-size:28pt\"><span style=\"font-family:&quot;Cambria&quot;,serif\"><span style=\"letter-spacing:-0.5pt\"><b><span style=\"font-size:18.0pt\"><span style=\"font-family:&quot;Calibri&quot;,sans-serif\"><span style=\"font-variant:small-caps\">Setor<\/span><\/span><\/span><\/b><\/span><\/span><\/span><\/p>\r\n\r\n<p style=\"text-align:justify\"><span style=\"font-size:11pt\"><span style=\"line-height:normal\"><span style=\"font-family:&quot;Calibri&quot;,sans-serif\"><a href=\"https:\/\/tissueonline.com.br\/index23-debate-inovacoes-e-tendencias-da-industria-de-nao-tecidos\/\" style=\"color:blue; text-decoration:underline\"><span style=\"font-size:14.0pt\">INDEX23 debate inova&ccedil;&otilde;es e tend&ecirc;ncias da ind&uacute;stria de n&atilde;o-tecidos<\/span><\/a><\/span><\/span><\/span><\/p>\r\n\r\n<p style=\"text-align:justify\"><span style=\"font-size:11pt\"><span style=\"line-height:normal\"><span style=\"font-family:&quot;Calibri&quot;,sans-serif\"><a href=\"https:\/\/plasticosemrevista.com.br\/pp-china-atinge-autossuficiencia-em-conjuntura-desfavoravel\/\" style=\"color:blue; text-decoration:underline\"><span style=\"font-size:14.0pt\">PP: China atinge autossufici&ecirc;ncia em conjuntura desfavor&aacute;vel<\/span><\/a><\/span><\/span><\/span><\/p>\r\n\r\n<p style=\"text-align:justify\"><span style=\"font-size:11pt\"><span style=\"line-height:normal\"><span style=\"font-family:&quot;Calibri&quot;,sans-serif\"><a href=\"https:\/\/www.fibre2fashion.com\/news\/textile-news\/most-global-textile-companies-report-avg-inventory-levels-itmf-survey-287150-newsdetails.htm\" style=\"color:blue; text-decoration:underline\"><span style=\"font-size:14.0pt\">Most global textile companies report avg inventory levels: ITMF Survey<\/span><\/a><\/span><\/span><\/span><\/p>\r\n\r\n<p style=\"text-align:justify\"><span style=\"font-size:11pt\"><span style=\"line-height:normal\"><span style=\"font-family:&quot;Calibri&quot;,sans-serif\"><a href=\"https:\/\/www.nonwovens-industry.com\/contents\/view_breaking-news\/2023-04-27\/freudenberg-adds-elastic-variant-of-supberabsorbers?utm_campaign=NON+eNewsletter&amp;utm_medium=email&amp;_hsmi=256072041&amp;_hsenc=p2ANqtz-9YTNc3nMO27Xj3LgVRTIk6sAnw_3N8LtCtmws7fiiyoKDehW_0fJGdVrJCaVUxkAuLKlUOyrf4KnRsKV_LcylKcnK0ww&amp;utm_content=256072041&amp;utm_source=hs_email\" style=\"color:blue; text-decoration:underline\"><span style=\"font-size:14.0pt\">Freudenberg Adds Elastic Variant of Supberabsorbers<\/span><\/a><\/span><\/span><\/span><\/p>\r\n\r\n<p style=\"text-align:justify\"><span style=\"font-size:11pt\"><span style=\"line-height:normal\"><span style=\"font-family:&quot;Calibri&quot;,sans-serif\"><a href=\"https:\/\/tissueonline.com.br\/easylock-parafix-oferece-fecho-sensorial-e-intuitivo-para-embalagens-flexiveis\/?utm_campaign=easylock_parafix_oferece_fecho_sensorial_e_intuitivo_para_embalagens_flexiveis&amp;utm_medium=email&amp;utm_source=RD+Station\" style=\"color:blue; text-decoration:underline\"><span style=\"font-size:14.0pt\">Easylock: PARAFIX oferece fecho sensorial e intuitivo para embalagens flex&iacute;veis<\/span><\/a><\/span><\/span><\/span><\/p>\r\n\r\n<p class=\"MsoTitle\" style=\"text-align:justify\"><span style=\"font-size:28pt\"><span style=\"font-family:&quot;Cambria&quot;,serif\"><span style=\"letter-spacing:-0.5pt\"><b><span style=\"font-size:18.0pt\"><span style=\"font-family:&quot;Calibri&quot;,sans-serif\"><span style=\"font-variant:small-caps\">Ind&uacute;stria<\/span><\/span><\/span><\/b><\/span><\/span><\/span><\/p>\r\n\r\n<p style=\"text-align:justify\"><span style=\"font-size:11pt\"><span style=\"line-height:normal\"><span style=\"font-family:&quot;Calibri&quot;,sans-serif\"><a href=\"https:\/\/portalibre.fgv.br\/system\/files\/2023-05\/indice-de-confianca-empresarial-fgv_press-release_abr23_0.pdf\" style=\"color:blue; text-decoration:underline\"><span style=\"font-size:14.0pt\">Confian&ccedil;a Empresarial cai em abril ap&oacute;s duas altas seguidas<\/span><\/a><\/span><\/span><\/span><\/p>\r\n\r\n<p style=\"text-align:justify\"><span style=\"font-size:11pt\"><span style=\"line-height:normal\"><span style=\"font-family:&quot;Calibri&quot;,sans-serif\"><a href=\"https:\/\/revlink.revistaanamaco.com.br\/cl\/PPoCA\/CxP\/b7cc\/LCFJkUKAOaB\/BM-9\/LLJQED_LIwb\/2\/\" style=\"color:blue; text-decoration:underline\" target=\"_blank\"><span style=\"font-size:14.0pt\">Constru&ccedil;&atilde;o abre 33,6 mil novos empregos em mar&ccedil;o, aponta Caged&nbsp;<\/span><\/a><\/span><\/span><\/span><\/p>\r\n\r\n<p style=\"text-align:justify\"><span style=\"font-size:11pt\"><span style=\"line-height:normal\"><span style=\"font-family:&quot;Calibri&quot;,sans-serif\"><a href=\"https:\/\/www.camara.leg.br\/noticias\/955991-projeto-suspende-decreto-que-regulamenta-marco-legal-do-saneamento-basico\/\" style=\"color:blue; text-decoration:underline\"><span style=\"font-size:14.0pt\">Projeto suspende decreto que regulamenta marco legal do saneamento b&aacute;sico<\/span><\/a><\/span><\/span><\/span><\/p>\r\n\r\n<p style=\"text-align:justify\"><span style=\"font-size:11pt\"><span style=\"line-height:normal\"><span style=\"font-family:&quot;Calibri&quot;,sans-serif\"><a href=\"https:\/\/www.moveisdevalor.com.br\/portal\/queda-na-venda-de-moveis-no-comercio-se-agrava-em-fevereiro?source=news\" style=\"color:blue; text-decoration:underline\"><span style=\"font-size:14.0pt\">Queda na venda de m&oacute;veis no com&eacute;rcio se agrava em fevereiro<\/span><\/a><\/span><\/span><\/span><\/p>\r\n\r\n<p style=\"text-align:justify\"><span style=\"font-size:11pt\"><span style=\"line-height:normal\"><span style=\"font-family:&quot;Calibri&quot;,sans-serif\"><a href=\"https:\/\/blogs.iadb.org\/ideas-matter\/en\/multinationals-and-the-structural-transformations-of-economies\/?j=842908&amp;sfmc_sub=194913938&amp;l=295_HTML&amp;u=15746969&amp;mid=100028582&amp;jb=39\" style=\"color:blue; text-decoration:underline\"><span style=\"font-size:14.0pt\">Multinationals and the Structural Transformations of Economies<\/span><\/a><\/span><\/span><\/span><\/p>\r\n\r\n<p class=\"MsoTitle\" style=\"text-align:justify\"><span style=\"font-size:28pt\"><span style=\"font-family:&quot;Cambria&quot;,serif\"><span style=\"letter-spacing:-0.5pt\"><b><span style=\"font-size:18.0pt\"><span style=\"font-family:&quot;Calibri&quot;,sans-serif\"><span style=\"font-variant:small-caps\">Sustentabilidade<\/span><\/span><\/span><\/b><\/span><\/span><\/span><\/p>\r\n\r\n<p style=\"text-align:justify\"><span style=\"font-size:11pt\"><span style=\"line-height:normal\"><span style=\"font-family:&quot;Calibri&quot;,sans-serif\"><a href=\"https:\/\/t.rdsv1.net\/ls\/click?upn=TQmkYdIVIkzRr7-2Fs21eJ3Az-2F8Zas-2FEsH-2Fcm3UpNg4RVgF-2BtLpmIqbq4zymSCVUG7I9r0wWfJSC4aH5kwW6UlRcJ5FIA3YgFi6Uow0CjJnUwi5qe-2FuqtU-2FNL9xeoeUheQTsNv4CrdYsZKLjz39Tg07KjMWpoKPb9zX6m7jSD0gU9pur7uuksxSRyCST4iu4n5Re81NZ-2Ft0BKmNFCvZPfNfxGICY9JdWscDRCO3oBHCzItS1wDeueVmdXqZP9KnEJgNh9dFpi6v9H6Pimm9pwa4z2EG3wyOXvg-2BeS6JUYDMNqnQJqsAOU-2BDZ3yZN0Yd2lLkwYHguHsLjIKGxYqXQYH20UgmmAsS6U5uTLbL65zNufRCf27sGTFFkxg0GMsTPa1MyaW3nLY0YJS4UpJEpBsRg-3D-3DzbaM_tqHjg6cfaRSg1CBjD1fvQItTx-2FVk7mZ1cKimmosIzOeRe82yTspcq-2BBa7nKmyf1rMNQG-2FeVQ5BBoVU6M5nrLiJ-2B6tvIOaxpJzuhb6DCepEc9q-2BD6vFOtzQL2GlDqsVYgrOGQJWmnov-2FElJ8TUZpqwm4nphufPKHmAV0L7UGr-2F4A-2FKc0btvg1y05MrR7BJu-2FbXr7uP-2Bor7Pt7uXgsv2M1fCJ0pJExW3xXfAfZEYcgKB0dJ-2FQZhp9RD5tDjWSPPQtdlgBWEBXUJrmItCEZ3jMJQ6A9LOHPZ30j-2FTLrS2otKIFKio63i1dPQOGJyVmbqRdmBb-2B7lF-2FVyrxA8d8UPgpnP2sUaSUcIad-2Fr-2FpO1FiJtckEoqnj2dt4QqPHFOlkNqUM4oA5oDZwjZR10anpVbwWYDuxwpGcZySv0Xb2eC6QVC3rSLNnX5ycxYYqIoZLT6t6O96QmplOPr76KuL07dIcYaGXBnKuKjLYttK6wrPrAR3sbvqfA9kWlj-2BZKH7nBIt76olZK1jI0teYFv3bCxR-2FiZtzLl-2BkiuRslJbrrwBz2roULStcxWiYezM1atwL8gmo5WbPPo3h4wL9oBm2DfoJn8o-2BLBjE5vH7ofkga093LwojgtlX16ZHa-2FwqeHxzmmwarUG5DpNngCt06oWFHU-2B-2FNg-3D-3D\" style=\"color:blue; text-decoration:underline\"><span style=\"font-size:14.0pt\">Estudo da ManpowerGroup sobre o cen&aacute;rio ESG no Brasil revela que 33% das empresas ainda est&atilde;o na etapa de planejamento para identificar e desenvolver metas e estrat&eacute;gias de longo prazo<\/span><\/a><\/span><\/span><\/span><\/p>\r\n\r\n<p style=\"text-align:justify\"><span style=\"font-size:11pt\"><span style=\"line-height:normal\"><span style=\"font-family:&quot;Calibri&quot;,sans-serif\"><a href=\"https:\/\/senaicetiqt.com\/desafios-da-descarbonizacao-plugue-e-instituto-senai-de-inovacao-em-biossinteticos-e-fibras-do-senai-cetiqt-identificam-acoes-para-a-transformacao-de-matrizes-energeticas\/?utm_campaign=senai_cetiqt__newsletter_isi_-_abril_2023&amp;utm_medium=email&amp;utm_source=RD+Station\" style=\"color:blue; text-decoration:underline\"><span style=\"font-size:14.0pt\">Desafios da descarboniza&ccedil;&atilde;o: Plugue e Instituto SENAI de Inova&ccedil;&atilde;o em Biossint&eacute;ticos e Fibras, do SENAI CETIQT, identificam a&ccedil;&otilde;es para a transforma&ccedil;&atilde;o de matrizes energ&eacute;ticas<\/span><\/a><\/span><\/span><\/span><\/p>\r\n\r\n<p style=\"text-align:justify\"><span style=\"font-size:11pt\"><span style=\"line-height:normal\"><span style=\"font-family:&quot;Calibri&quot;,sans-serif\"><a href=\"https:\/\/www.inovacaotecnologica.com.br\/noticias\/noticia.php?artigo=capsulas-plasticas-cafe-viram-filamentos-impressoras-3d&amp;id=020160230424&amp;ebol=sim#.ZFEAjM7MKUk\" style=\"color:blue; text-decoration:underline\"><span style=\"font-size:14.0pt\">C&aacute;psulas pl&aacute;sticas de caf&eacute; viram filamentos para impressoras 3D<\/span><\/a><\/span><\/span><\/span><\/p>\r\n\r\n<p style=\"text-align:justify\"><span style=\"font-size:11pt\"><span style=\"line-height:normal\"><span style=\"font-family:&quot;Calibri&quot;,sans-serif\"><a href=\"https:\/\/phys.org\/news\/2023-04-polluted-nanofiber-membranes.html?utm_source=nwletter&amp;utm_medium=email&amp;utm_campaign=daily-nwletter\" style=\"color:blue; text-decoration:underline\"><span style=\"font-size:14.0pt\">Treating polluted water with nanofiber membranes<\/span><\/a><\/span><\/span><\/span><\/p>\r\n\r\n<p class=\"MsoTitle\" style=\"text-align:justify\"><span style=\"font-size:28pt\"><span style=\"font-family:&quot;Cambria&quot;,serif\"><span style=\"letter-spacing:-0.5pt\"><b><span style=\"font-size:18.0pt\"><span style=\"font-family:&quot;Calibri&quot;,sans-serif\"><span style=\"font-variant:small-caps\">Inova&ccedil;&atilde;o<\/span><\/span><\/span><\/b><\/span><\/span><\/span><\/p>\r\n\r\n<p style=\"text-align:justify\"><span style=\"font-size:11pt\"><span style=\"line-height:normal\"><span style=\"font-family:&quot;Calibri&quot;,sans-serif\"><a href=\"https:\/\/almaco.org.br\/2023\/04\/27\/o-som-do-silencio\/\" style=\"color:blue; text-decoration:underline\"><span style=\"font-size:14.0pt\">O som do sil&ecirc;ncio<\/span><\/a><\/span><\/span><\/span><\/p>\r\n\r\n<p style=\"text-align:justify\"><span style=\"font-size:11pt\"><span style=\"line-height:normal\"><span style=\"font-family:&quot;Calibri&quot;,sans-serif\"><a href=\"https:\/\/epocanegocios.globo.com\/tecnologia\/noticia\/2023\/04\/tecido-inteligente-e-o-primeiro-do-mundo-a-mudar-de-cor-e-forma-veja-o-video.ghtml\" style=\"color:blue; text-decoration:underline\"><span style=\"font-size:14.0pt\">Tecido inteligente &eacute; o primeiro do mundo a mudar de cor e forma; veja o v&iacute;deo<\/span><\/a><\/span><\/span><\/span><\/p>\r\n\r\n<p style=\"text-align:justify\"><span style=\"font-size:11pt\"><span style=\"line-height:normal\"><span style=\"font-family:&quot;Calibri&quot;,sans-serif\"><a href=\"https:\/\/www.uol.com.br\/tilt\/noticias\/redacao\/2023\/05\/01\/maior-evento-de-tecnologia-do-mundo-web-summit-chega-ao-rio-veja-atracoes.htm\" style=\"color:blue; text-decoration:underline\"><span style=\"font-size:14.0pt\">Maior evento de inova&ccedil;&atilde;o do mundo, Web Summit chega ao Rio; veja atra&ccedil;&otilde;es<\/span><\/a><\/span><\/span><\/span><\/p>\r\n\r\n<p style=\"text-align:justify\"><span style=\"font-size:11pt\"><span style=\"line-height:normal\"><span style=\"font-family:&quot;Calibri&quot;,sans-serif\"><a href=\"https:\/\/www.technicaltextile.net\/news\/uk-s-researchers-develop-sustainable-smart-textiles-with-leds-sensors-287140.html\" style=\"color:blue; text-decoration:underline\"><span style=\"font-size:14.0pt\">UK&#39;s researchers develop sustainable smart textiles with LEDs, sensors<\/span><\/a><\/span><\/span><\/span><\/p>\r\n\r\n<p style=\"text-align:justify\"><span style=\"font-size:11pt\"><span style=\"line-height:normal\"><span style=\"font-family:&quot;Calibri&quot;,sans-serif\"><a href=\"https:\/\/techxplore.com\/news\/2023-04-scientists-fiber-composite-biopolymers-production.html?utm_source=nwletter&amp;utm_medium=email&amp;utm_campaign=daily-nwletter\" style=\"color:blue; text-decoration:underline\"><span style=\"font-size:14.0pt\">Scientists develop fiber composite from biopolymers for the production of industrial molded parts<\/span><\/a><\/span><\/span><\/span><\/p>\r\n\r\n<p style=\"text-align:justify\"><span style=\"font-size:11pt\"><span style=\"line-height:normal\"><span style=\"font-family:&quot;Calibri&quot;,sans-serif\"><a href=\"https:\/\/phys.org\/news\/2023-04-programmable-smart-fabric-temperature-electricity.html?utm_source=nwletter&amp;utm_medium=email&amp;utm_campaign=daily-nwletter\" style=\"color:blue; text-decoration:underline\"><span style=\"font-size:14.0pt\">New programmable smart fabric responds to temperature and electricity<\/span><\/a><\/span><\/span><\/span><\/p>\r\n\r\n<p class=\"MsoTitle\" style=\"text-align:justify\"><span style=\"font-size:28pt\"><span style=\"font-family:&quot;Cambria&quot;,serif\"><span style=\"letter-spacing:-0.5pt\"><b><span style=\"font-size:18.0pt\"><span style=\"font-family:&quot;Calibri&quot;,sans-serif\"><span style=\"font-variant:small-caps\">Com&eacute;rcio Exterior<\/span><\/span><\/span><\/b><\/span><\/span><\/span><\/p>\r\n\r\n<p style=\"text-align:justify\"><span style=\"font-size:11pt\"><span style=\"line-height:normal\"><span style=\"font-family:&quot;Calibri&quot;,sans-serif\"><a href=\"https:\/\/static.portaldaindustria.com.br\/media\/filer_public\/27\/26\/27261430-72c0-4141-ad9c-db2e5254eb1b\/analise_de_politica_comercial_6-vf.pdf\" style=\"color:blue; text-decoration:underline\"><span style=\"font-size:14.0pt\">CEB\/CNI | An&aacute;lise de Pol&iacute;tica Comercial 6: Rela&ccedil;&otilde;es econ&ocirc;micas entre Brasil e Argentina: prioridades da ind&uacute;stria<\/span><\/a><\/span><\/span><\/span><\/p>\r\n\r\n<p style=\"text-align:justify\"><span style=\"font-size:11pt\"><span style=\"line-height:normal\"><span style=\"font-family:&quot;Calibri&quot;,sans-serif\"><a href=\"https:\/\/www.comexdobrasil.com\/abicalcados-projeta-queda-entre-67-e-91-nas-exportacoes-do-setor-em-2023\" style=\"color:blue; text-decoration:underline\"><span style=\"font-size:14.0pt\">Abical&ccedil;ados projeta queda entre 6,7% e 9,1% nas exporta&ccedil;&otilde;es do setor em 2023<\/span><\/a><\/span><\/span><\/span><\/p>\r\n\r\n<p style=\"text-align:justify\"><span style=\"font-size:11pt\"><span style=\"line-height:normal\"><span style=\"font-family:&quot;Calibri&quot;,sans-serif\"><a href=\"https:\/\/www.technicaltextile.net\/news\/india-notifies-32-new-hsn-codes-for-technical-textile-items--287088.html\" style=\"color:blue; text-decoration:underline\"><span style=\"font-size:14.0pt\">India notifies 32 new HSN codes for technical textile items<\/span><\/a><\/span><\/span><\/span><\/p>\r\n\r\n<p style=\"text-align:justify\"><span style=\"font-size:11pt\"><span style=\"line-height:normal\"><span style=\"font-family:&quot;Calibri&quot;,sans-serif\"><a href=\"https:\/\/apexbrasil.com.br\/br\/pt\/conteudo\/noticias\/ApexBrasil-lanca-estudo-perfil-pais-Angola-Emirados-Arabes-Unidos.html#msdynttrid=6o0cxVBYzPexsgUNlOhDIEbk-OrF2rM_QM0MBXR5AMw\" style=\"color:blue; text-decoration:underline\"><span style=\"font-size:14.0pt\">ApexBrasil lan&ccedil;a estudo Perfil Pa&iacute;s sobre Angola e Emirados &Aacute;rabes Unidos<\/span><\/a><\/span><\/span><\/span><\/p>\r\n\r\n<p class=\"MsoTitle\" style=\"text-align:justify\"><span style=\"font-size:28pt\"><span style=\"font-family:&quot;Cambria&quot;,serif\"><span style=\"letter-spacing:-0.5pt\"><b><span style=\"font-size:18.0pt\"><span style=\"font-family:&quot;Calibri&quot;,sans-serif\"><span style=\"font-variant:small-caps\">Economia<\/span><\/span><\/span><\/b><\/span><\/span><\/span><\/p>\r\n\r\n<p style=\"text-align:justify\"><span style=\"font-size:11pt\"><span style=\"line-height:normal\"><span style=\"font-family:&quot;Calibri&quot;,sans-serif\"><a href=\"https:\/\/www.bcb.gov.br\/content\/focus\/focus\/R20230428.pdf\" style=\"color:blue; text-decoration:underline\"><span style=\"font-size:14.0pt\">Focus &ndash; Relat&oacute;rio de Mercado<\/span><\/a><\/span><\/span><\/span><\/p>\r\n\r\n<p style=\"text-align:justify\"><span style=\"font-size:11pt\"><span style=\"line-height:normal\"><span style=\"font-family:&quot;Calibri&quot;,sans-serif\"><a href=\"https:\/\/www.bcb.gov.br\/content\/controleinflacao\/focusdistribuicoesfrequencia\/P20230502-Focus-Distribuicoes-de-frequencia.pdf\" style=\"color:blue; text-decoration:underline\"><span style=\"font-size:14.0pt\">Focus &ndash; Distribui&ccedil;&otilde;es de Frequ&ecirc;ncia das Expectativas de Mercado para IPCA, Selic, PIB e C&acirc;mbio.<\/span><\/a><\/span><\/span><\/span><\/p>\r\n\r\n<p style=\"text-align:justify\"><span style=\"font-size:11pt\"><span style=\"line-height:normal\"><span style=\"font-family:&quot;Calibri&quot;,sans-serif\"><a href=\"https:\/\/mercadoeconsumo.com.br\/26\/04\/2023\/destaque-do-dia\/brasileiros-ja-pagaram-r-1-trilhao-em-impostos-neste-ano\/?utm_campaign=news_2604_-_geral&amp;utm_medium=email&amp;utm_source=RD+Station\" style=\"color:blue; text-decoration:underline\"><span style=\"font-size:14.0pt\">Brasileiros j&aacute; pagaram R$ 1 trilh&atilde;o em impostos neste ano<\/span><\/a><\/span><\/span><\/span><\/p>\r\n\r\n<p style=\"text-align:justify\"><span style=\"font-size:11pt\"><span style=\"line-height:normal\"><span style=\"font-family:&quot;Calibri&quot;,sans-serif\"><a href=\"https:\/\/noticias.portaldaindustria.com.br\/noticias\/economia\/os-juros-precisam-ser-dosados-para-nao-prejudicar-o-crescimento-diz-presidente-da-cni\/\" style=\"color:blue; text-decoration:underline\"><span style=\"font-size:14.0pt\">Os juros precisam ser dosados para n&atilde;o prejudicar o crescimento, diz presidente da CNI<\/span><\/a><\/span><\/span><\/span><\/p>\r\n\r\n<p style=\"text-align:justify\"><span style=\"font-size:11.0pt\"><span style=\"line-height:115%\"><span style=\"font-family:&quot;Calibri&quot;,sans-serif\"><a href=\"https:\/\/www.fiern.org.br\/preocupacao-com-economia-afeta-confianca-setor-da-construcao-afirma-cni\/\" style=\"color:blue; text-decoration:underline\"><span style=\"font-size:14.0pt\"><span style=\"line-height:115%\">Preocupa&ccedil;&atilde;o com a economia afeta confian&ccedil;a do setor da constru&ccedil;&atilde;o, afirma CNI<\/span><\/span><\/a><\/span><\/span><\/span><\/p>\r\n\r\n<p style=\"text-align:justify\">&nbsp;<\/p>\r\n","6":"<p style=\"text-align:justify\"><span style=\"font-size:11pt\"><span style=\"line-height:normal\"><span style=\"font-family:&quot;Calibri&quot;,sans-serif\"><span style=\"font-size:14.0pt\">Esta &eacute; uma compila&ccedil;&atilde;o das not&iacute;cias mais relevantes para o setor, incluindo informa&ccedil;&otilde;es sobre acordos internacionais, economia brasileira, sustentabilidade e mat&eacute;rias primas, al&eacute;m de novidades do setor de N&atilde;otecidos e Tecidos T&eacute;cnicos.<\/span><\/span><\/span><\/span><\/p>\r\n\r\n<p class=\"MsoTitleCxSpLast\" style=\"text-align:justify\"><span style=\"font-size:28pt\"><span style=\"font-family:&quot;Cambria&quot;,serif\"><span style=\"letter-spacing:-0.5pt\"><b><span style=\"font-size:18.0pt\"><span style=\"font-family:&quot;Calibri&quot;,sans-serif\"><span style=\"font-variant:small-caps\">A&ccedil;&otilde;es da ABINT<\/span><\/span><\/span><\/b><\/span><\/span><\/span><\/p>\r\n\r\n<p style=\"text-align:justify\"><span style=\"font-size:11pt\"><span style=\"line-height:normal\"><span style=\"font-family:&quot;Calibri&quot;,sans-serif\"><a href=\"https:\/\/www.revistatae.com.br\/Noticia\/70849\/premio-tcc-ic---tecnologia-em-geossinteticos-benedito-de-souza-bueno\" style=\"color:blue; text-decoration:underline\"><span style=\"font-size:14.0pt\">Pr&ecirc;mio TCC\/ IC &ndash; Tecnologia em Geossint&eacute;ticos Benedito de Souza Bueno<\/span><\/a><\/span><\/span><\/span><\/p>\r\n\r\n<p style=\"text-align:justify\"><span style=\"font-size:11pt\"><span style=\"line-height:normal\"><span style=\"font-family:&quot;Calibri&quot;,sans-serif\"><a href=\"https:\/\/www.saudebusiness.com\/legislacao-e-regulamentacao\/anvisa-publica-nota-tecnica-sobre-normas-de-qualidade-para-produtos\" style=\"color:blue; text-decoration:underline\"><span style=\"font-size:14.0pt\">Anvisa publica Nota T&eacute;cnica sobre normas de qualidade para produtos hospitalares<\/span><\/a><\/span><\/span><\/span><\/p>\r\n\r\n<p style=\"text-align:justify\"><span style=\"font-size:11pt\"><span style=\"line-height:normal\"><span style=\"font-family:&quot;Calibri&quot;,sans-serif\"><a href=\"https:\/\/medicinasa.com.br\/nota-cumprimento-normas-qualidade\/\" style=\"color:blue; text-decoration:underline\"><span style=\"font-size:14.0pt\">Nota T&eacute;cnica orienta sobre qualidade de m&aacute;scaras e aventais hospitalares<\/span><\/a><\/span><\/span><\/span><\/p>\r\n\r\n<p style=\"text-align:justify\"><span style=\"font-size:11pt\"><span style=\"line-height:normal\"><span style=\"font-family:&quot;Calibri&quot;,sans-serif\"><a href=\"https:\/\/www.simpro.com.br\/PortalPages\/VisualizadorNoticia.aspx?idNoticia=3600\" style=\"color:blue; text-decoration:underline\"><span style=\"font-size:14.0pt\">Publicada a Nota T&eacute;cnica que orienta o cumprimento das Normas de qualidade para produtos como m&aacute;scaras e aventais hospitalares<\/span><\/a><\/span><\/span><\/span><\/p>\r\n\r\n<p style=\"text-align:justify\">&nbsp;<\/p>\r\n\r\n<p style=\"text-align:justify\"><img src=\"https:\/\/www.abint.org.br\/assets\/img\/editor\/premio-tcc-ic-2023-arte-5_20230509130804F6cq7tHoGL.png\" style=\"width: 300px; height: 300px;\" \/><\/p>\r\n\r\n<p style=\"text-align:justify\"><span style=\"font-size:11pt\"><span style=\"line-height:115%\"><span style=\"font-family:&quot;Calibri&quot;,sans-serif\"><b><span style=\"font-size:14.0pt\"><span style=\"line-height:115%\">O CTG ABINT e a IGS BRASIL<\/span><\/span><\/b><span style=\"font-size:14.0pt\"><span style=\"line-height:115%\"> convidam aqueles que desenvolveram trabalhos acad&ecirc;micos relacionados aos geossint&eacute;ticos a participarem&nbsp;de mais uma edi&ccedil;&atilde;o do Pr&ecirc;mio TCC\/IC.<\/span><\/span><\/span><\/span><\/span><\/p>\r\n\r\n<p style=\"text-align:justify\"><span style=\"font-size:11.0pt\"><span style=\"line-height:115%\"><span style=\"font-family:&quot;Calibri&quot;,sans-serif\"><a href=\"https:\/\/abint.us2.list-manage.com\/track\/click?u=88818ac6bf44316570fc1bc2f&amp;id=46b014bcf1&amp;e=626265ad22\" style=\"color:blue; text-decoration:underline\" target=\"_blank\"><span style=\"font-size:14.0pt\"><span style=\"line-height:115%\"><span style=\"color:blue\">Mais informa&ccedil;&otilde;es e inscri&ccedil;&otilde;es<\/span><\/span><\/span><\/a><\/span><\/span><\/span><\/p>\r\n\r\n<p style=\"text-align:justify\">&nbsp;<\/p>\r\n\r\n<p style=\"text-align:justify\"><span style=\"font-size:11.0pt\"><span style=\"line-height:115%\"><span style=\"font-family:&quot;Calibri&quot;,sans-serif\"><span style=\"font-size:14.0pt\"><span style=\"line-height:115%\"><span style=\"color:blue\"><img src=\"https:\/\/www.abint.org.br\/assets\/img\/editor\/2o-forum-economia-circular-plastico-sul-1_202305091309279V2ky3bu5r.jpg\" style=\"width: 300px; height: 300px;\" \/><\/span><\/span><\/span><\/span><\/span><\/span><\/p>\r\n\r\n<p style=\"text-align:justify\"><span style=\"font-size:11pt\"><span style=\"line-height:normal\"><span style=\"font-family:&quot;Calibri&quot;,sans-serif\"><b><span style=\"font-size:14.0pt\">A ABINT apoia o 2&ordm; F&oacute;rum Economia Circular Pl&aacute;stico Sul, <\/span><\/b><span style=\"font-size:14.0pt\">que ocorrer&aacute; dias<b> 18 e 19 de maio de 2023, <\/b>Expoagro, Gramado, RS,<b> evento gratuito e h&iacute;brido.<\/b><\/span><\/span><\/span><\/span><\/p>\r\n\r\n<p style=\"text-align:justify\"><span style=\"font-size:11pt\"><span style=\"line-height:normal\"><span style=\"font-family:&quot;Calibri&quot;,sans-serif\"><a href=\"https:\/\/www.sympla.com.br\/evento\/2-forum-economia-circular-plastico-sul\/1923141\" style=\"color:blue; text-decoration:underline\"><span style=\"font-size:14.0pt\">Informa&ccedil;&otilde;es<\/span><\/a><\/span><\/span><\/span><\/p>\r\n\r\n<p style=\"text-align:justify\">&nbsp;<\/p>\r\n\r\n<p style=\"text-align:justify\"><span style=\"font-size:11pt\"><span style=\"line-height:normal\"><span style=\"font-family:&quot;Calibri&quot;,sans-serif\"><span style=\"font-size:14.0pt\"><img src=\"https:\/\/www.abint.org.br\/assets\/img\/editor\/ctg-patrocinador-regeo-2023_20230509130509d0rKPI8RWa.jpeg\" style=\"width: 300px; height: 300px;\" \/><\/span><\/span><\/span><\/span><\/p>\r\n\r\n<p style=\"text-align:justify\"><span style=\"font-size:11pt\"><span style=\"line-height:normal\"><span style=\"font-family:&quot;Calibri&quot;,sans-serif\"><b><span style=\"font-size:14.0pt\"><span style=\"font-variant:small-caps\">O CTG ABINT <\/span><\/span><\/b><b><span style=\"font-size:14.0pt\">marcar&aacute; presen&ccedil;a<\/span><\/b><span style=\"font-size:14.0pt\"> nos eventos <b>X Congresso Brasileiro de Geotecnia Ambiental &amp; IX Congresso Brasileiro de Geossint&eacute;ticos - REGEO&rsquo;23 &amp; Geossint&eacute;ticos&rsquo;23<\/b>, que ocorrer&atilde;o de 18 a 21 de julho de 2023, Centro Universit&aacute;rio Jorge Amado &ndash; UNIJORGE, Salvador, BA.<\/span><\/span><\/span><\/span><\/p>\r\n\r\n<p style=\"text-align:justify\"><span style=\"font-size:11pt\"><span style=\"line-height:normal\"><span style=\"font-family:&quot;Calibri&quot;,sans-serif\"><a href=\"https:\/\/regeogeossinteticos23.com.br\/\" style=\"color:blue; text-decoration:underline\"><span style=\"font-size:14.0pt\">Mais informa&ccedil;&otilde;es e inscri&ccedil;&otilde;es<\/span><\/a><\/span><\/span><\/span><\/p>\r\n\r\n<p style=\"text-align:justify\">&nbsp;<\/p>\r\n\r\n<p style=\"text-align:justify\"><span style=\"font-size:11pt\"><span style=\"line-height:normal\"><span style=\"font-family:&quot;Calibri&quot;,sans-serif\"><span style=\"font-size:14.0pt\"><img src=\"https:\/\/www.abint.org.br\/assets\/img\/editor\/minicurso-fernando-regeo-2023_20230509130621J7CNtOs2IN.jpeg\" style=\"width: 300px; height: 300px;\" \/><\/span><\/span><\/span><\/span><\/p>\r\n\r\n<p style=\"text-align:justify\"><span style=\"font-size:11pt\"><span style=\"line-height:normal\"><span style=\"font-family:&quot;Calibri&quot;,sans-serif\"><b><span style=\"font-size:14.0pt\">O Eng. Fernando Lavoie, Coordenador do CTG ABINT, ministrar&aacute; Minicurso durante o Regeo&rsquo;23 &amp; Geossint&eacute;ticos&rsquo;23.<\/span><\/b><\/span><\/span><\/span><\/p>\r\n\r\n<p style=\"text-align:justify\"><span style=\"font-size:11pt\"><span style=\"line-height:normal\"><span style=\"font-family:&quot;Calibri&quot;,sans-serif\"><a href=\"https:\/\/regeogeossinteticos23.com.br\/inscricoes\/\" style=\"color:blue; text-decoration:underline\"><span style=\"font-size:14.0pt\">Inscreva-se!<\/span><\/a><\/span><\/span><\/span><\/p>\r\n\r\n<p style=\"text-align:justify\">&nbsp;<\/p>\r\n\r\n<p style=\"text-align:justify\"><span style=\"font-size:11pt\"><span style=\"line-height:normal\"><span style=\"font-family:&quot;Calibri&quot;,sans-serif\"><b><span style=\"font-size:18.0pt\"><span style=\"font-variant:small-caps\">Eventos<\/span><\/span><\/b><\/span><\/span><\/span><\/p>\r\n\r\n<p style=\"text-align:justify\"><span style=\"font-size:11pt\"><span style=\"line-height:normal\"><span style=\"font-family:&quot;Calibri&quot;,sans-serif\"><b><span style=\"font-size:14.0pt\">BIOTEXFUTURE Spring Forum<\/span><\/b>, <span style=\"font-size:14.0pt\">3rd May 2023, Aachen, Germany<\/span>. <a href=\"https:\/\/campusforum.rwth-campus.com\/en\/events\/event\/?event_id=230224-41332-DG-99998:41332\" style=\"color:blue; text-decoration:underline\"><span style=\"font-size:14.0pt\">Informa&ccedil;&otilde;es<\/span><\/a> <\/span><\/span><\/span><\/p>\r\n\r\n<p style=\"text-align:justify\"><span style=\"font-size:11pt\"><span style=\"line-height:normal\"><span style=\"font-family:&quot;Calibri&quot;,sans-serif\"><b><span style=\"font-size:14.0pt\">Sustainability as a competitive advantage for the textile industry<\/span><\/b><span class=\"MsoHyperlink\" style=\"color:blue\"><span style=\"text-decoration:underline\"><span style=\"font-size:14.0pt\"><span style=\"text-decoration:none\"><span style=\"text-underline:none\">, <\/span><\/span><\/span><\/span><\/span><span style=\"font-size:14.0pt\">Thursday 4 May 2023, 11 am (Brazil), online.<\/span> <a href=\"https:\/\/wtin-summit.zoom.us\/webinar\/register\/4116812878294\/WN_6AEJUN7EQliN6NssEe3Arg#\/registration\" style=\"color:blue; text-decoration:underline\"><span style=\"font-size:14.0pt\">Informa&ccedil;&otilde;es<\/span><\/a> <\/span><\/span><\/span><\/p>\r\n\r\n<p style=\"text-align:justify\"><span style=\"font-size:11pt\"><span style=\"line-height:normal\"><span style=\"font-family:&quot;Calibri&quot;,sans-serif\"><b><span style=\"font-size:14.0pt\">Hospitalar 2023<\/span><\/b><span style=\"font-size:14.0pt\">, 23 a 26 de maio, S&atilde;o Paulo Expo, Rodovia dos Imigrantes, 1,5 km - Vila &Aacute;gua Funda, S&atilde;o Paulo - SP, 04329-900. <\/span><a href=\"https:\/\/www.hospitalar.com\/pt\/home.html\" style=\"color:blue; text-decoration:underline\"><span style=\"font-size:14.0pt\">Informa&ccedil;&otilde;es<\/span><\/a> <\/span><\/span><\/span><\/p>\r\n\r\n<p style=\"text-align:justify\"><span style=\"font-size:11pt\"><span style=\"line-height:normal\"><span style=\"font-family:&quot;Calibri&quot;,sans-serif\"><b><span style=\"font-size:14.0pt\">Paving Expo 2023<\/span><\/b><span style=\"font-size:14.0pt\">, 24 a 26 de maio, 13h &agrave;s 20 h, Pavilh&atilde;o Azul, Expo Center Norte, S&atilde;o Paulo, SP. <\/span><a href=\"https:\/\/paving.com.br\/\" style=\"color:blue; text-decoration:underline\"><span style=\"font-size:14.0pt\">Informa&ccedil;&otilde;es<\/span><\/a> <\/span><\/span><\/span><\/p>\r\n\r\n<p style=\"text-align:justify\"><span style=\"font-size:11pt\"><span style=\"line-height:normal\"><span style=\"font-family:&quot;Calibri&quot;,sans-serif\"><b><span style=\"font-size:14.0pt\">XVI Semin&aacute;rio Reciclagem e Valoriza&ccedil;&atilde;o de Res&iacute;duos S&oacute;lidos<\/span><\/b><span style=\"font-size:14.0pt\">, 31 de maio de 2023, Instituto de Engenharia - Av. Dr. Dante Pazzanese, 120 - Vila Mariana, S&atilde;o Paulo. <\/span><a href=\"https:\/\/www.reciclagemevalorizacao.com.br\/\" style=\"color:blue; text-decoration:underline\"><span style=\"font-size:14.0pt\">Informa&ccedil;&otilde;es<\/span><\/a> <\/span><\/span><\/span><\/p>\r\n\r\n<p style=\"text-align:justify\"><span style=\"font-size:11pt\"><span style=\"line-height:normal\"><span style=\"font-family:&quot;Calibri&quot;,sans-serif\"><b><span style=\"font-size:14.0pt\">The 92nd Textile Institute World Conference: &ldquo;Sustainability of the Textile and Fashion Supply Chain &ndash; Transitioning to Zero Carbon and Zero Waste&rdquo;, <\/span><\/b><span style=\"font-size:14.0pt\">3-6 July 2023, University of Huddersfield, UK. <\/span><a href=\"https:\/\/www.textileinstitute.org\/events\/tiwc\/\" style=\"color:blue; text-decoration:underline\"><span style=\"font-size:14.0pt\">Informa&ccedil;&otilde;es<\/span><\/a> <\/span><\/span><\/span><\/p>\r\n\r\n<p style=\"text-align:justify\"><span style=\"font-size:11pt\"><span style=\"line-height:normal\"><span style=\"font-family:&quot;Calibri&quot;,sans-serif\"><b><span style=\"font-size:14.0pt\">FIMMA BRASIL - Feira Internacional de Fornecedores da Cadeia Produtiva Madeira e M&oacute;veis<\/span><\/b><span style=\"font-size:14.0pt\">, 28 a 31 de agosto de 2023, das 10h &agrave;s 19h, Bento Gon&ccedil;alves, RS. <\/span><a href=\"https:\/\/fimma.com.br\/\" style=\"color:blue; text-decoration:underline\"><span style=\"font-size:14.0pt\">Informa&ccedil;&otilde;es<\/span><\/a> <\/span><\/span><\/span><\/p>\r\n\r\n<p style=\"text-align:justify\"><span style=\"font-size:11pt\"><span style=\"line-height:normal\"><span style=\"font-family:&quot;Calibri&quot;,sans-serif\"><b><span style=\"font-size:14.0pt\">10&ordm; Congresso Internacional da Inova&ccedil;&atilde;o da Ind&uacute;stria<\/span><\/b><span style=\"font-size:14.0pt\">, 27 e 28 de setembro de 2023, S&atilde;o Paulo Expo.<\/span> <a href=\"https:\/\/www.congressodeinovacao.com.br\/?utm_source=comext&amp;utm_medium=email&amp;utm_campaign=eventos&amp;utm_content=id00053#msdynttrid=gg5jXwSFR7qM4vHH2tKGau3cTwSFDneTjMUhrcPg7vE\" style=\"color:blue; text-decoration:underline\"><span style=\"font-size:14.0pt\">Informa&ccedil;&otilde;es<\/span><\/a>  <\/span><\/span><\/span><\/p>\r\n\r\n<p style=\"text-align:justify\"><span style=\"font-size:11pt\"><span style=\"line-height:normal\"><span style=\"font-family:&quot;Calibri&quot;,sans-serif\"><b><span style=\"font-size:14.0pt\">FiltXPO&trade; 2023<\/span><\/b><span style=\"font-size:14.0pt\">, October 10-12, 2023 at Navy Pier in Chicago, Illinois.<\/span> <a href=\"https:\/\/www.filtxpo.com\/\" style=\"color:blue; text-decoration:underline\"><span style=\"font-size:14.0pt\">Informa&ccedil;&otilde;es<\/span><\/a>  <\/span><\/span><\/span><\/p>\r\n\r\n<p style=\"text-align:justify\"><span style=\"font-size:11pt\"><span style=\"line-height:normal\"><span style=\"font-family:&quot;Calibri&quot;,sans-serif\"><b><span style=\"font-size:14.0pt\">SENAI-CETIQT | P&oacute;s-gradua&ccedil;&atilde;o &ldquo;P&oacute;s-gradua&ccedil;&atilde;o em Economia Circular e Produ&ccedil;&atilde;o Sustent&aacute;vel&rdquo;. <\/span><\/b><a href=\"https:\/\/materiais.senaicetiqt.com\/pos-graduacao-economia-circular-e-producao-sustentavel?utm_campaign=senai_cetiqt___oferta_do_curso_economia_circular&amp;utm_medium=email&amp;utm_source=RD+Station\" style=\"color:blue; text-decoration:underline\"><span style=\"font-size:14.0pt\">Informa&ccedil;&otilde;es<\/span><\/a> <\/span><\/span><\/span><\/p>\r\n\r\n<p style=\"text-align:justify\"><span style=\"font-size:11pt\"><span style=\"line-height:normal\"><span style=\"font-family:&quot;Calibri&quot;,sans-serif\"><b><span style=\"font-size:14.0pt\">SENAI-CETIQT | P&oacute;s-gradua&ccedil;&atilde;o &ldquo;Produtos de Alta Performance &agrave; Base de Materiais Comp&oacute;sitos&rdquo;<\/span><\/b><span style=\"font-size:14.0pt\">. <\/span><a href=\"https:\/\/materiais.senaicetiqt.com\/pos-graduacao-produtos-de-alta-performance-a-base-de-materiais-compositos?utm_campaign=senai_cetiqt___oferta_do_curso_materiais_compositos&amp;utm_medium=email&amp;utm_source=RD+Station\" style=\"color:blue; text-decoration:underline\"><span style=\"font-size:14.0pt\">Informa&ccedil;&otilde;es<\/span><\/a> <\/span><\/span><\/span><\/p>\r\n\r\n<p class=\"MsoTitle\" style=\"text-align:justify\"><span style=\"font-size:28pt\"><span style=\"font-family:&quot;Cambria&quot;,serif\"><span style=\"letter-spacing:-0.5pt\"><b><span style=\"font-size:18.0pt\"><span style=\"font-family:&quot;Calibri&quot;,sans-serif\"><span style=\"font-variant:small-caps\">Setor<\/span><\/span><\/span><\/b><\/span><\/span><\/span><\/p>\r\n\r\n<p style=\"text-align:justify\"><span style=\"font-size:11pt\"><span style=\"line-height:normal\"><span style=\"font-family:&quot;Calibri&quot;,sans-serif\"><a href=\"https:\/\/tissueonline.com.br\/index23-debate-inovacoes-e-tendencias-da-industria-de-nao-tecidos\/\" style=\"color:blue; text-decoration:underline\"><span style=\"font-size:14.0pt\">INDEX23 debate inova&ccedil;&otilde;es e tend&ecirc;ncias da ind&uacute;stria de n&atilde;o-tecidos<\/span><\/a><\/span><\/span><\/span><\/p>\r\n\r\n<p style=\"text-align:justify\"><span style=\"font-size:11pt\"><span style=\"line-height:normal\"><span style=\"font-family:&quot;Calibri&quot;,sans-serif\"><a href=\"https:\/\/plasticosemrevista.com.br\/pp-china-atinge-autossuficiencia-em-conjuntura-desfavoravel\/\" style=\"color:blue; text-decoration:underline\"><span style=\"font-size:14.0pt\">PP: China atinge autossufici&ecirc;ncia em conjuntura desfavor&aacute;vel<\/span><\/a><\/span><\/span><\/span><\/p>\r\n\r\n<p style=\"text-align:justify\"><span style=\"font-size:11pt\"><span style=\"line-height:normal\"><span style=\"font-family:&quot;Calibri&quot;,sans-serif\"><a href=\"https:\/\/www.fibre2fashion.com\/news\/textile-news\/most-global-textile-companies-report-avg-inventory-levels-itmf-survey-287150-newsdetails.htm\" style=\"color:blue; text-decoration:underline\"><span style=\"font-size:14.0pt\">Most global textile companies report avg inventory levels: ITMF Survey<\/span><\/a><\/span><\/span><\/span><\/p>\r\n\r\n<p style=\"text-align:justify\"><span style=\"font-size:11pt\"><span style=\"line-height:normal\"><span style=\"font-family:&quot;Calibri&quot;,sans-serif\"><a href=\"https:\/\/www.nonwovens-industry.com\/contents\/view_breaking-news\/2023-04-27\/freudenberg-adds-elastic-variant-of-supberabsorbers?utm_campaign=NON+eNewsletter&amp;utm_medium=email&amp;_hsmi=256072041&amp;_hsenc=p2ANqtz-9YTNc3nMO27Xj3LgVRTIk6sAnw_3N8LtCtmws7fiiyoKDehW_0fJGdVrJCaVUxkAuLKlUOyrf4KnRsKV_LcylKcnK0ww&amp;utm_content=256072041&amp;utm_source=hs_email\" style=\"color:blue; text-decoration:underline\"><span style=\"font-size:14.0pt\">Freudenberg Adds Elastic Variant of Supberabsorbers<\/span><\/a><\/span><\/span><\/span><\/p>\r\n\r\n<p style=\"text-align:justify\"><span style=\"font-size:11pt\"><span style=\"line-height:normal\"><span style=\"font-family:&quot;Calibri&quot;,sans-serif\"><a href=\"https:\/\/tissueonline.com.br\/easylock-parafix-oferece-fecho-sensorial-e-intuitivo-para-embalagens-flexiveis\/?utm_campaign=easylock_parafix_oferece_fecho_sensorial_e_intuitivo_para_embalagens_flexiveis&amp;utm_medium=email&amp;utm_source=RD+Station\" style=\"color:blue; text-decoration:underline\"><span style=\"font-size:14.0pt\">Easylock: PARAFIX oferece fecho sensorial e intuitivo para embalagens flex&iacute;veis<\/span><\/a><\/span><\/span><\/span><\/p>\r\n\r\n<p class=\"MsoTitle\" style=\"text-align:justify\"><span style=\"font-size:28pt\"><span style=\"font-family:&quot;Cambria&quot;,serif\"><span style=\"letter-spacing:-0.5pt\"><b><span style=\"font-size:18.0pt\"><span style=\"font-family:&quot;Calibri&quot;,sans-serif\"><span style=\"font-variant:small-caps\">Ind&uacute;stria<\/span><\/span><\/span><\/b><\/span><\/span><\/span><\/p>\r\n\r\n<p style=\"text-align:justify\"><span style=\"font-size:11pt\"><span style=\"line-height:normal\"><span style=\"font-family:&quot;Calibri&quot;,sans-serif\"><a href=\"https:\/\/portalibre.fgv.br\/system\/files\/2023-05\/indice-de-confianca-empresarial-fgv_press-release_abr23_0.pdf\" style=\"color:blue; text-decoration:underline\"><span style=\"font-size:14.0pt\">Confian&ccedil;a Empresarial cai em abril ap&oacute;s duas altas seguidas<\/span><\/a><\/span><\/span><\/span><\/p>\r\n\r\n<p style=\"text-align:justify\"><span style=\"font-size:11pt\"><span style=\"line-height:normal\"><span style=\"font-family:&quot;Calibri&quot;,sans-serif\"><a href=\"https:\/\/revlink.revistaanamaco.com.br\/cl\/PPoCA\/CxP\/b7cc\/LCFJkUKAOaB\/BM-9\/LLJQED_LIwb\/2\/\" style=\"color:blue; text-decoration:underline\" target=\"_blank\"><span style=\"font-size:14.0pt\">Constru&ccedil;&atilde;o abre 33,6 mil novos empregos em mar&ccedil;o, aponta Caged&nbsp;<\/span><\/a><\/span><\/span><\/span><\/p>\r\n\r\n<p style=\"text-align:justify\"><span style=\"font-size:11pt\"><span style=\"line-height:normal\"><span style=\"font-family:&quot;Calibri&quot;,sans-serif\"><a href=\"https:\/\/www.camara.leg.br\/noticias\/955991-projeto-suspende-decreto-que-regulamenta-marco-legal-do-saneamento-basico\/\" style=\"color:blue; text-decoration:underline\"><span style=\"font-size:14.0pt\">Projeto suspende decreto que regulamenta marco legal do saneamento b&aacute;sico<\/span><\/a><\/span><\/span><\/span><\/p>\r\n\r\n<p style=\"text-align:justify\"><span style=\"font-size:11pt\"><span style=\"line-height:normal\"><span style=\"font-family:&quot;Calibri&quot;,sans-serif\"><a href=\"https:\/\/www.moveisdevalor.com.br\/portal\/queda-na-venda-de-moveis-no-comercio-se-agrava-em-fevereiro?source=news\" style=\"color:blue; text-decoration:underline\"><span style=\"font-size:14.0pt\">Queda na venda de m&oacute;veis no com&eacute;rcio se agrava em fevereiro<\/span><\/a><\/span><\/span><\/span><\/p>\r\n\r\n<p style=\"text-align:justify\"><span style=\"font-size:11pt\"><span style=\"line-height:normal\"><span style=\"font-family:&quot;Calibri&quot;,sans-serif\"><a href=\"https:\/\/blogs.iadb.org\/ideas-matter\/en\/multinationals-and-the-structural-transformations-of-economies\/?j=842908&amp;sfmc_sub=194913938&amp;l=295_HTML&amp;u=15746969&amp;mid=100028582&amp;jb=39\" style=\"color:blue; text-decoration:underline\"><span style=\"font-size:14.0pt\">Multinationals and the Structural Transformations of Economies<\/span><\/a><\/span><\/span><\/span><\/p>\r\n\r\n<p class=\"MsoTitle\" style=\"text-align:justify\"><span style=\"font-size:28pt\"><span style=\"font-family:&quot;Cambria&quot;,serif\"><span style=\"letter-spacing:-0.5pt\"><b><span style=\"font-size:18.0pt\"><span style=\"font-family:&quot;Calibri&quot;,sans-serif\"><span style=\"font-variant:small-caps\">Sustentabilidade<\/span><\/span><\/span><\/b><\/span><\/span><\/span><\/p>\r\n\r\n<p style=\"text-align:justify\"><span style=\"font-size:11pt\"><span style=\"line-height:normal\"><span style=\"font-family:&quot;Calibri&quot;,sans-serif\"><a href=\"https:\/\/t.rdsv1.net\/ls\/click?upn=TQmkYdIVIkzRr7-2Fs21eJ3Az-2F8Zas-2FEsH-2Fcm3UpNg4RVgF-2BtLpmIqbq4zymSCVUG7I9r0wWfJSC4aH5kwW6UlRcJ5FIA3YgFi6Uow0CjJnUwi5qe-2FuqtU-2FNL9xeoeUheQTsNv4CrdYsZKLjz39Tg07KjMWpoKPb9zX6m7jSD0gU9pur7uuksxSRyCST4iu4n5Re81NZ-2Ft0BKmNFCvZPfNfxGICY9JdWscDRCO3oBHCzItS1wDeueVmdXqZP9KnEJgNh9dFpi6v9H6Pimm9pwa4z2EG3wyOXvg-2BeS6JUYDMNqnQJqsAOU-2BDZ3yZN0Yd2lLkwYHguHsLjIKGxYqXQYH20UgmmAsS6U5uTLbL65zNufRCf27sGTFFkxg0GMsTPa1MyaW3nLY0YJS4UpJEpBsRg-3D-3DzbaM_tqHjg6cfaRSg1CBjD1fvQItTx-2FVk7mZ1cKimmosIzOeRe82yTspcq-2BBa7nKmyf1rMNQG-2FeVQ5BBoVU6M5nrLiJ-2B6tvIOaxpJzuhb6DCepEc9q-2BD6vFOtzQL2GlDqsVYgrOGQJWmnov-2FElJ8TUZpqwm4nphufPKHmAV0L7UGr-2F4A-2FKc0btvg1y05MrR7BJu-2FbXr7uP-2Bor7Pt7uXgsv2M1fCJ0pJExW3xXfAfZEYcgKB0dJ-2FQZhp9RD5tDjWSPPQtdlgBWEBXUJrmItCEZ3jMJQ6A9LOHPZ30j-2FTLrS2otKIFKio63i1dPQOGJyVmbqRdmBb-2B7lF-2FVyrxA8d8UPgpnP2sUaSUcIad-2Fr-2FpO1FiJtckEoqnj2dt4QqPHFOlkNqUM4oA5oDZwjZR10anpVbwWYDuxwpGcZySv0Xb2eC6QVC3rSLNnX5ycxYYqIoZLT6t6O96QmplOPr76KuL07dIcYaGXBnKuKjLYttK6wrPrAR3sbvqfA9kWlj-2BZKH7nBIt76olZK1jI0teYFv3bCxR-2FiZtzLl-2BkiuRslJbrrwBz2roULStcxWiYezM1atwL8gmo5WbPPo3h4wL9oBm2DfoJn8o-2BLBjE5vH7ofkga093LwojgtlX16ZHa-2FwqeHxzmmwarUG5DpNngCt06oWFHU-2B-2FNg-3D-3D\" style=\"color:blue; text-decoration:underline\"><span style=\"font-size:14.0pt\">Estudo da ManpowerGroup sobre o cen&aacute;rio ESG no Brasil revela que 33% das empresas ainda est&atilde;o na etapa de planejamento para identificar e desenvolver metas e estrat&eacute;gias de longo prazo<\/span><\/a><\/span><\/span><\/span><\/p>\r\n\r\n<p style=\"text-align:justify\"><span style=\"font-size:11pt\"><span style=\"line-height:normal\"><span style=\"font-family:&quot;Calibri&quot;,sans-serif\"><a href=\"https:\/\/senaicetiqt.com\/desafios-da-descarbonizacao-plugue-e-instituto-senai-de-inovacao-em-biossinteticos-e-fibras-do-senai-cetiqt-identificam-acoes-para-a-transformacao-de-matrizes-energeticas\/?utm_campaign=senai_cetiqt__newsletter_isi_-_abril_2023&amp;utm_medium=email&amp;utm_source=RD+Station\" style=\"color:blue; text-decoration:underline\"><span style=\"font-size:14.0pt\">Desafios da descarboniza&ccedil;&atilde;o: Plugue e Instituto SENAI de Inova&ccedil;&atilde;o em Biossint&eacute;ticos e Fibras, do SENAI CETIQT, identificam a&ccedil;&otilde;es para a transforma&ccedil;&atilde;o de matrizes energ&eacute;ticas<\/span><\/a><\/span><\/span><\/span><\/p>\r\n\r\n<p style=\"text-align:justify\"><span style=\"font-size:11pt\"><span style=\"line-height:normal\"><span style=\"font-family:&quot;Calibri&quot;,sans-serif\"><a href=\"https:\/\/www.inovacaotecnologica.com.br\/noticias\/noticia.php?artigo=capsulas-plasticas-cafe-viram-filamentos-impressoras-3d&amp;id=020160230424&amp;ebol=sim#.ZFEAjM7MKUk\" style=\"color:blue; text-decoration:underline\"><span style=\"font-size:14.0pt\">C&aacute;psulas pl&aacute;sticas de caf&eacute; viram filamentos para impressoras 3D<\/span><\/a><\/span><\/span><\/span><\/p>\r\n\r\n<p style=\"text-align:justify\"><span style=\"font-size:11pt\"><span style=\"line-height:normal\"><span style=\"font-family:&quot;Calibri&quot;,sans-serif\"><a href=\"https:\/\/phys.org\/news\/2023-04-polluted-nanofiber-membranes.html?utm_source=nwletter&amp;utm_medium=email&amp;utm_campaign=daily-nwletter\" style=\"color:blue; text-decoration:underline\"><span style=\"font-size:14.0pt\">Treating polluted water with nanofiber membranes<\/span><\/a><\/span><\/span><\/span><\/p>\r\n\r\n<p class=\"MsoTitle\" style=\"text-align:justify\"><span style=\"font-size:28pt\"><span style=\"font-family:&quot;Cambria&quot;,serif\"><span style=\"letter-spacing:-0.5pt\"><b><span style=\"font-size:18.0pt\"><span style=\"font-family:&quot;Calibri&quot;,sans-serif\"><span style=\"font-variant:small-caps\">Inova&ccedil;&atilde;o<\/span><\/span><\/span><\/b><\/span><\/span><\/span><\/p>\r\n\r\n<p style=\"text-align:justify\"><span style=\"font-size:11pt\"><span style=\"line-height:normal\"><span style=\"font-family:&quot;Calibri&quot;,sans-serif\"><a href=\"https:\/\/almaco.org.br\/2023\/04\/27\/o-som-do-silencio\/\" style=\"color:blue; text-decoration:underline\"><span style=\"font-size:14.0pt\">O som do sil&ecirc;ncio<\/span><\/a><\/span><\/span><\/span><\/p>\r\n\r\n<p style=\"text-align:justify\"><span style=\"font-size:11pt\"><span style=\"line-height:normal\"><span style=\"font-family:&quot;Calibri&quot;,sans-serif\"><a href=\"https:\/\/epocanegocios.globo.com\/tecnologia\/noticia\/2023\/04\/tecido-inteligente-e-o-primeiro-do-mundo-a-mudar-de-cor-e-forma-veja-o-video.ghtml\" style=\"color:blue; text-decoration:underline\"><span style=\"font-size:14.0pt\">Tecido inteligente &eacute; o primeiro do mundo a mudar de cor e forma; veja o v&iacute;deo<\/span><\/a><\/span><\/span><\/span><\/p>\r\n\r\n<p style=\"text-align:justify\"><span style=\"font-size:11pt\"><span style=\"line-height:normal\"><span style=\"font-family:&quot;Calibri&quot;,sans-serif\"><a href=\"https:\/\/www.uol.com.br\/tilt\/noticias\/redacao\/2023\/05\/01\/maior-evento-de-tecnologia-do-mundo-web-summit-chega-ao-rio-veja-atracoes.htm\" style=\"color:blue; text-decoration:underline\"><span style=\"font-size:14.0pt\">Maior evento de inova&ccedil;&atilde;o do mundo, Web Summit chega ao Rio; veja atra&ccedil;&otilde;es<\/span><\/a><\/span><\/span><\/span><\/p>\r\n\r\n<p style=\"text-align:justify\"><span style=\"font-size:11pt\"><span style=\"line-height:normal\"><span style=\"font-family:&quot;Calibri&quot;,sans-serif\"><a href=\"https:\/\/www.technicaltextile.net\/news\/uk-s-researchers-develop-sustainable-smart-textiles-with-leds-sensors-287140.html\" style=\"color:blue; text-decoration:underline\"><span style=\"font-size:14.0pt\">UK&#39;s researchers develop sustainable smart textiles with LEDs, sensors<\/span><\/a><\/span><\/span><\/span><\/p>\r\n\r\n<p style=\"text-align:justify\"><span style=\"font-size:11pt\"><span style=\"line-height:normal\"><span style=\"font-family:&quot;Calibri&quot;,sans-serif\"><a href=\"https:\/\/techxplore.com\/news\/2023-04-scientists-fiber-composite-biopolymers-production.html?utm_source=nwletter&amp;utm_medium=email&amp;utm_campaign=daily-nwletter\" style=\"color:blue; text-decoration:underline\"><span style=\"font-size:14.0pt\">Scientists develop fiber composite from biopolymers for the production of industrial molded parts<\/span><\/a><\/span><\/span><\/span><\/p>\r\n\r\n<p style=\"text-align:justify\"><span style=\"font-size:11pt\"><span style=\"line-height:normal\"><span style=\"font-family:&quot;Calibri&quot;,sans-serif\"><a href=\"https:\/\/phys.org\/news\/2023-04-programmable-smart-fabric-temperature-electricity.html?utm_source=nwletter&amp;utm_medium=email&amp;utm_campaign=daily-nwletter\" style=\"color:blue; text-decoration:underline\"><span style=\"font-size:14.0pt\">New programmable smart fabric responds to temperature and electricity<\/span><\/a><\/span><\/span><\/span><\/p>\r\n\r\n<p class=\"MsoTitle\" style=\"text-align:justify\"><span style=\"font-size:28pt\"><span style=\"font-family:&quot;Cambria&quot;,serif\"><span style=\"letter-spacing:-0.5pt\"><b><span style=\"font-size:18.0pt\"><span style=\"font-family:&quot;Calibri&quot;,sans-serif\"><span style=\"font-variant:small-caps\">Com&eacute;rcio Exterior<\/span><\/span><\/span><\/b><\/span><\/span><\/span><\/p>\r\n\r\n<p style=\"text-align:justify\"><span style=\"font-size:11pt\"><span style=\"line-height:normal\"><span style=\"font-family:&quot;Calibri&quot;,sans-serif\"><a href=\"https:\/\/static.portaldaindustria.com.br\/media\/filer_public\/27\/26\/27261430-72c0-4141-ad9c-db2e5254eb1b\/analise_de_politica_comercial_6-vf.pdf\" style=\"color:blue; text-decoration:underline\"><span style=\"font-size:14.0pt\">CEB\/CNI | An&aacute;lise de Pol&iacute;tica Comercial 6: Rela&ccedil;&otilde;es econ&ocirc;micas entre Brasil e Argentina: prioridades da ind&uacute;stria<\/span><\/a><\/span><\/span><\/span><\/p>\r\n\r\n<p style=\"text-align:justify\"><span style=\"font-size:11pt\"><span style=\"line-height:normal\"><span style=\"font-family:&quot;Calibri&quot;,sans-serif\"><a href=\"https:\/\/www.comexdobrasil.com\/abicalcados-projeta-queda-entre-67-e-91-nas-exportacoes-do-setor-em-2023\" style=\"color:blue; text-decoration:underline\"><span style=\"font-size:14.0pt\">Abical&ccedil;ados projeta queda entre 6,7% e 9,1% nas exporta&ccedil;&otilde;es do setor em 2023<\/span><\/a><\/span><\/span><\/span><\/p>\r\n\r\n<p style=\"text-align:justify\"><span style=\"font-size:11pt\"><span style=\"line-height:normal\"><span style=\"font-family:&quot;Calibri&quot;,sans-serif\"><a href=\"https:\/\/www.technicaltextile.net\/news\/india-notifies-32-new-hsn-codes-for-technical-textile-items--287088.html\" style=\"color:blue; text-decoration:underline\"><span style=\"font-size:14.0pt\">India notifies 32 new HSN codes for technical textile items<\/span><\/a><\/span><\/span><\/span><\/p>\r\n\r\n<p style=\"text-align:justify\"><span style=\"font-size:11pt\"><span style=\"line-height:normal\"><span style=\"font-family:&quot;Calibri&quot;,sans-serif\"><a href=\"https:\/\/apexbrasil.com.br\/br\/pt\/conteudo\/noticias\/ApexBrasil-lanca-estudo-perfil-pais-Angola-Emirados-Arabes-Unidos.html#msdynttrid=6o0cxVBYzPexsgUNlOhDIEbk-OrF2rM_QM0MBXR5AMw\" style=\"color:blue; text-decoration:underline\"><span style=\"font-size:14.0pt\">ApexBrasil lan&ccedil;a estudo Perfil Pa&iacute;s sobre Angola e Emirados &Aacute;rabes Unidos<\/span><\/a><\/span><\/span><\/span><\/p>\r\n\r\n<p class=\"MsoTitle\" style=\"text-align:justify\"><span style=\"font-size:28pt\"><span style=\"font-family:&quot;Cambria&quot;,serif\"><span style=\"letter-spacing:-0.5pt\"><b><span style=\"font-size:18.0pt\"><span style=\"font-family:&quot;Calibri&quot;,sans-serif\"><span style=\"font-variant:small-caps\">Economia<\/span><\/span><\/span><\/b><\/span><\/span><\/span><\/p>\r\n\r\n<p style=\"text-align:justify\"><span style=\"font-size:11pt\"><span style=\"line-height:normal\"><span style=\"font-family:&quot;Calibri&quot;,sans-serif\"><a href=\"https:\/\/www.bcb.gov.br\/content\/focus\/focus\/R20230428.pdf\" style=\"color:blue; text-decoration:underline\"><span style=\"font-size:14.0pt\">Focus &ndash; Relat&oacute;rio de Mercado<\/span><\/a><\/span><\/span><\/span><\/p>\r\n\r\n<p style=\"text-align:justify\"><span style=\"font-size:11pt\"><span style=\"line-height:normal\"><span style=\"font-family:&quot;Calibri&quot;,sans-serif\"><a href=\"https:\/\/www.bcb.gov.br\/content\/controleinflacao\/focusdistribuicoesfrequencia\/P20230502-Focus-Distribuicoes-de-frequencia.pdf\" style=\"color:blue; text-decoration:underline\"><span style=\"font-size:14.0pt\">Focus &ndash; Distribui&ccedil;&otilde;es de Frequ&ecirc;ncia das Expectativas de Mercado para IPCA, Selic, PIB e C&acirc;mbio.<\/span><\/a><\/span><\/span><\/span><\/p>\r\n\r\n<p style=\"text-align:justify\"><span style=\"font-size:11pt\"><span style=\"line-height:normal\"><span style=\"font-family:&quot;Calibri&quot;,sans-serif\"><a href=\"https:\/\/mercadoeconsumo.com.br\/26\/04\/2023\/destaque-do-dia\/brasileiros-ja-pagaram-r-1-trilhao-em-impostos-neste-ano\/?utm_campaign=news_2604_-_geral&amp;utm_medium=email&amp;utm_source=RD+Station\" style=\"color:blue; text-decoration:underline\"><span style=\"font-size:14.0pt\">Brasileiros j&aacute; pagaram R$ 1 trilh&atilde;o em impostos neste ano<\/span><\/a><\/span><\/span><\/span><\/p>\r\n\r\n<p style=\"text-align:justify\"><span style=\"font-size:11pt\"><span style=\"line-height:normal\"><span style=\"font-family:&quot;Calibri&quot;,sans-serif\"><a href=\"https:\/\/noticias.portaldaindustria.com.br\/noticias\/economia\/os-juros-precisam-ser-dosados-para-nao-prejudicar-o-crescimento-diz-presidente-da-cni\/\" style=\"color:blue; text-decoration:underline\"><span style=\"font-size:14.0pt\">Os juros precisam ser dosados para n&atilde;o prejudicar o crescimento, diz presidente da CNI<\/span><\/a><\/span><\/span><\/span><\/p>\r\n\r\n<p style=\"text-align:justify\"><span style=\"font-size:11.0pt\"><span style=\"line-height:115%\"><span style=\"font-family:&quot;Calibri&quot;,sans-serif\"><a href=\"https:\/\/www.fiern.org.br\/preocupacao-com-economia-afeta-confianca-setor-da-construcao-afirma-cni\/\" style=\"color:blue; text-decoration:underline\"><span style=\"font-size:14.0pt\"><span style=\"line-height:115%\">Preocupa&ccedil;&atilde;o com a economia afeta confian&ccedil;a do setor da constru&ccedil;&atilde;o, afirma CNI<\/span><\/span><\/a><\/span><\/span><\/span><\/p>\r\n\r\n<p style=\"text-align:justify\">&nbsp;<\/p>\r\n","texto_en":"","7":"","imagem":"COMP_banner-padrao-home-destaques-boletim-2023_20230509131525OtlvY6UPpK.jpeg","8":"COMP_banner-padrao-home-destaques-boletim-2023_20230509131525OtlvY6UPpK.jpeg","arquivo":"20230502-NOTICIAS-SEMANAIS.PDF","9":"20230502-NOTICIAS-SEMANAIS.PDF","titulo_arquivo":"","10":"","titulo_arquivo_en":"","11":"","created_at":"2023-05-09 13:15:34","12":"2023-05-09 13:15:34","updated_at":"2023-05-09 13:15:34","13":"2023-05-09 13:15:34"},{"id":62,"0":62,"ordem":161,"1":161,"data":"2023-04-25","2":"2023-04-25","slug":"boletim-de-noticias-semanais-59","3":"boletim-de-noticias-semanais-59","titulo":"Boletim de Not\u00edcias Semanais","4":"Boletim de Not\u00edcias Semanais","titulo_en":"","5":"","texto":"<p style=\"text-align:justify\"><span style=\"font-size:11pt\"><span style=\"line-height:normal\"><span style=\"font-family:&quot;Calibri&quot;,sans-serif\"><span style=\"font-size:14.0pt\">Esta &eacute; uma compila&ccedil;&atilde;o das not&iacute;cias mais relevantes para o setor, incluindo informa&ccedil;&otilde;es sobre acordos internacionais, economia brasileira, sustentabilidade e mat&eacute;rias primas, al&eacute;m de novidades do setor de N&atilde;otecidos e Tecidos T&eacute;cnicos.<\/span><\/span><\/span><\/span><\/p>\r\n\r\n<p class=\"MsoTitleCxSpLast\" style=\"text-align:justify\"><span style=\"font-size:28pt\"><span style=\"font-family:&quot;Cambria&quot;,serif\"><span style=\"letter-spacing:-0.5pt\"><b><span style=\"font-size:18.0pt\"><span style=\"font-family:&quot;Calibri&quot;,sans-serif\"><span style=\"font-variant:small-caps\">A&ccedil;&otilde;es da ABINT<\/span><\/span><\/span><\/b><\/span><\/span><\/span><\/p>\r\n\r\n<p class=\"MsoTitleCxSpLast\" style=\"text-align:justify\"><span style=\"font-size:28pt\"><span style=\"font-family:&quot;Cambria&quot;,serif\"><span style=\"letter-spacing:-0.5pt\"><b><span style=\"font-size:18.0pt\"><span style=\"font-family:&quot;Calibri&quot;,sans-serif\"><span style=\"font-variant:small-caps\"><img src=\"https:\/\/www.abint.org.br\/assets\/img\/editor\/ctg-patrocinador-regeo-2023_202304271930170ucgN28KMV.jpeg\" style=\"width: 500px; height: 500px;\" \/><\/span><\/span><\/span><\/b><\/span><\/span><\/span><\/p>\r\n\r\n<p style=\"text-align:justify\"><span style=\"font-size:11pt\"><span style=\"line-height:normal\"><span style=\"font-family:&quot;Calibri&quot;,sans-serif\"><b><span style=\"font-size:14.0pt\"><span style=\"font-variant:small-caps\">O CTG ABINT <\/span><\/span><\/b><b><span style=\"font-size:14.0pt\">marcar&aacute; presen&ccedil;a<\/span><\/b><span style=\"font-size:14.0pt\"> nos eventos <b>X Congresso Brasileiro de Geotecnia Ambiental &amp; IX Congresso Brasileiro de Geossint&eacute;ticos - REGEO&rsquo;23 &amp; Geossint&eacute;ticos&rsquo;23<\/b>, que ocorrer&atilde;o de 18 a 21 de julho de 2023, Centro Universit&aacute;rio Jorge Amado &ndash; UNIJORGE, Salvador, BA.<\/span><\/span><\/span><\/span><\/p>\r\n\r\n<p class=\"MsoTitleCxSpLast\" style=\"text-align:justify\"><span style=\"font-size:11.0pt\"><span style=\"line-height:115%\"><span style=\"font-family:&quot;Calibri&quot;,sans-serif\"><a href=\"https:\/\/regeogeossinteticos23.com.br\/\" style=\"color:blue; text-decoration:underline\"><span style=\"font-size:14.0pt\"><span style=\"line-height:115%\">Mais informa&ccedil;&otilde;es e inscri&ccedil;&otilde;es<\/span><\/span><\/a><\/span><\/span><\/span><\/p>\r\n\r\n<p class=\"MsoTitleCxSpLast\" style=\"text-align:justify\">&nbsp;<\/p>\r\n\r\n<p class=\"MsoTitleCxSpLast\" style=\"text-align:justify\"><span style=\"font-size:11.0pt\"><span style=\"line-height:115%\"><span style=\"font-family:&quot;Calibri&quot;,sans-serif\"><span style=\"font-size:14.0pt\"><span style=\"line-height:115%\"><img src=\"https:\/\/www.abint.org.br\/assets\/img\/editor\/minicurso-fernando-regeo-2023_202304271931027CoKdA0sP2.jpeg\" style=\"width: 500px; height: 500px;\" \/><\/span><\/span><\/span><\/span><\/span><\/p>\r\n\r\n<p style=\"text-align:justify\"><span style=\"font-size:11pt\"><span style=\"line-height:normal\"><span style=\"font-family:&quot;Calibri&quot;,sans-serif\"><b><span style=\"font-size:14.0pt\">O Eng. Fernando Lavoie, Coordenador do CTG ABINT, ministrar&aacute; Minicurso durante o Regeo&rsquo;23 &amp; Geossint&eacute;ticos&rsquo;23.<\/span><\/b><\/span><\/span><\/span><\/p>\r\n\r\n<p class=\"MsoTitleCxSpLast\" style=\"text-align:justify\"><span style=\"font-size:11.0pt\"><span style=\"line-height:115%\"><span style=\"font-family:&quot;Calibri&quot;,sans-serif\"><a href=\"https:\/\/regeogeossinteticos23.com.br\/inscricoes\/\" style=\"color:blue; text-decoration:underline\"><span style=\"font-size:14.0pt\"><span style=\"line-height:115%\">Inscreva-se!<\/span><\/span><\/a><\/span><\/span><\/span><\/p>\r\n\r\n<p class=\"MsoTitleCxSpLast\" style=\"text-align:justify\">&nbsp;<\/p>\r\n\r\n<p class=\"MsoTitleCxSpLast\" style=\"text-align:justify\"><span style=\"font-size:11.0pt\"><span style=\"line-height:115%\"><span style=\"font-family:&quot;Calibri&quot;,sans-serif\"><span style=\"font-size:14.0pt\"><span style=\"line-height:115%\"><img src=\"https:\/\/www.abint.org.br\/assets\/img\/editor\/premio-tcc-ic-2023-arte-5_20230427193209OSSD7h2uZ4.png\" style=\"width: 500px; height: 500px;\" \/><\/span><\/span><\/span><\/span><\/span><\/p>\r\n\r\n<p style=\"text-align:justify\"><span style=\"font-size:11pt\"><span style=\"line-height:115%\"><span style=\"font-family:&quot;Calibri&quot;,sans-serif\"><b><span style=\"font-size:14.0pt\"><span style=\"line-height:115%\">O CTG ABINT e a IGS BRASIL<\/span><\/span><\/b><span style=\"font-size:14.0pt\"><span style=\"line-height:115%\"> convidam aqueles que desenvolveram trabalhos acad&ecirc;micos relacionados aos geossint&eacute;ticos a participarem&nbsp;de mais uma edi&ccedil;&atilde;o do Pr&ecirc;mio TCC\/IC.<\/span><\/span><\/span><\/span><\/span><\/p>\r\n\r\n<p><span style=\"font-size:11pt\"><span style=\"line-height:normal\"><span style=\"font-family:&quot;Calibri&quot;,sans-serif\"><a href=\"https:\/\/abint.us2.list-manage.com\/track\/click?u=88818ac6bf44316570fc1bc2f&amp;id=46b014bcf1&amp;e=626265ad22\" style=\"color:blue; text-decoration:underline\" target=\"_blank\"><span style=\"font-size:14.0pt\"><span style=\"color:blue\">Mais informa&ccedil;&otilde;es e inscri&ccedil;&otilde;es<\/span><\/span><\/a><\/span><\/span><\/span><\/p>\r\n\r\n<p>&nbsp;<\/p>\r\n\r\n<p><span style=\"font-size:11pt\"><span style=\"line-height:normal\"><span style=\"font-family:&quot;Calibri&quot;,sans-serif\"><span style=\"font-size:14.0pt\"><span style=\"color:blue\"><img src=\"https:\/\/www.abint.org.br\/assets\/img\/editor\/itma-2023-abint-english-417x250_20230427193348vgq0CzNSEG.jpg\" \/><\/span><\/span><\/span><\/span><\/span><\/p>\r\n\r\n<p style=\"text-align:justify\"><span style=\"font-size:11pt\"><span style=\"line-height:normal\"><span style=\"font-family:&quot;Calibri&quot;,sans-serif\"><b><span style=\"font-size:14.0pt\">A ABINT apoia a ITMA 2023<\/span><\/b><\/span><\/span><\/span><\/p>\r\n\r\n<p><span style=\"font-size:14.0pt\"><span style=\"line-height:115%\"><span style=\"font-family:&quot;Calibri&quot;,sans-serif\">A 19&ordf; edi&ccedil;&atilde;o da maior exposi&ccedil;&atilde;o internacional de tecnologia t&ecirc;xtil e de vestu&aacute;rio do mundo acontecer&aacute; em Mil&atilde;o, It&aacute;lia, de 08 a 14 de junho de 2023. <\/span><\/span><\/span><span style=\"font-size:11.0pt\"><span style=\"line-height:115%\"><span style=\"font-family:&quot;Calibri&quot;,sans-serif\"><a href=\"https:\/\/itma.com\/\" style=\"color:blue; text-decoration:underline\"><span style=\"font-size:14.0pt\"><span style=\"line-height:115%\">Informa&ccedil;&otilde;es<\/span><\/span><\/a><\/span><\/span><\/span><\/p>\r\n\r\n<p>&nbsp;<\/p>\r\n\r\n<p style=\"text-align:justify\"><span style=\"font-size:11pt\"><span style=\"line-height:normal\"><span style=\"font-family:&quot;Calibri&quot;,sans-serif\"><b><span style=\"font-size:18.0pt\"><span style=\"font-variant:small-caps\">Eventos<\/span><\/span><\/b><\/span><\/span><\/span><\/p>\r\n\r\n<p style=\"text-align:justify\"><span style=\"font-size:11pt\"><span style=\"line-height:normal\"><span style=\"font-family:&quot;Calibri&quot;,sans-serif\"><b><span style=\"font-size:14.0pt\">Transi&ccedil;&atilde;o para Nova Lei de Licita&ccedil;&otilde;es<\/span><\/b><span style=\"font-size:14.0pt\">, 25 de abril de 2023, 09h00 &agrave;s 16h00, transmiss&atilde;o via Zoom.<\/span> <a href=\"https:\/\/docs.google.com\/forms\/d\/1CvjDdKsewYazBc6_Kpl9_-iyEPUt2ISmW6sdlSs2N5U\/viewform?edit_requested=true\" style=\"color:blue; text-decoration:underline\"><span style=\"font-size:14.0pt\">Informa&ccedil;&otilde;es<\/span><\/a><\/span><\/span><\/span><\/p>\r\n\r\n<p style=\"text-align:justify\"><span style=\"font-size:11pt\"><span style=\"line-height:normal\"><span style=\"font-family:&quot;Calibri&quot;,sans-serif\"><b><span style=\"font-size:14.0pt\">FGV IBRE | Di&aacute;logos Estrat&eacute;gicos - Economia, Pol&iacute;tica e Energia, <\/span><\/b><span style=\"font-size:14.0pt\">25 de abril de 2023, 10h00 &agrave;s 12h00, evento h&iacute;brido.<\/span> <a href=\"https:\/\/cloud.crm.ibp.org.br\/dialogos-estrategicos-4-edicao?j=117223&amp;sfmc_sub=5553845&amp;l=527_HTML&amp;u=2475566&amp;mid=514012082&amp;jb=0\" style=\"color:blue; text-decoration:underline\"><span style=\"font-size:14.0pt\">Informa&ccedil;&otilde;es<\/span><\/a><span class=\"MsoHyperlink\" style=\"color:blue\"><span style=\"text-decoration:underline\"><span style=\"font-size:14.0pt\"><span style=\"text-decoration:none\"><span style=\"text-underline:none\"> \/ <\/span><\/span><\/span><\/span><\/span><a href=\"https:\/\/www.ibp.org.br\/personalizado\/uploads\/2023\/03\/economia-politica-e-energia-dialogos-estrategicos-3o-edicao.pdf?j=117223&amp;sfmc_sub=4029198&amp;l=527_HTML&amp;u=2475567&amp;mid=514012082&amp;jb=0\" style=\"color:blue; text-decoration:underline\"><span style=\"font-size:14.0pt\">Material<\/span><\/a><\/span><\/span><\/span><\/p>\r\n\r\n<p style=\"text-align:justify\"><span style=\"font-size:11pt\"><span style=\"line-height:normal\"><span style=\"font-family:&quot;Calibri&quot;,sans-serif\"><b><span style=\"font-size:14.0pt\">Abical&ccedil;ados | An&aacute;lise de Cen&aacute;rios de 2023, <\/span><\/b><span style=\"font-size:14.0pt\">25 de abril, 15h30, evento online. <\/span><a href=\"https:\/\/lp.abicalcados.com.br\/lp-analise-de-cenarios-2023?utm_campaign=analise_de_cenarios_de_2023&amp;utm_medium=email&amp;utm_source=RD+Station\" style=\"color:blue; text-decoration:underline\"><span style=\"font-size:14.0pt\">Informa&ccedil;&otilde;es<\/span><\/a> <\/span><\/span><\/span><\/p>\r\n\r\n<p style=\"text-align:justify\"><span style=\"font-size:11pt\"><span style=\"line-height:normal\"><span style=\"font-family:&quot;Calibri&quot;,sans-serif\"><b><span style=\"font-size:14.0pt\">FGV IBRE | &quot;Pol&iacute;tica Fiscal e Infla&ccedil;&atilde;o&quot;<\/span><\/b><span style=\"font-size:14.0pt\">, 26 de abril de 2023, 14h00 &agrave;s 16h00, evento h&iacute;brido: presencial Praia de Botafogo, 190, 12&ordm; andar, Rio de Janeiro, ou transmiss&atilde;o via YouTube. <\/span><a href=\"https:\/\/evento.fgv.br\/monitorfiscal\/\" style=\"color:blue; text-decoration:underline\"><span style=\"font-size:14.0pt\">Informa&ccedil;&otilde;es<\/span><\/a><span style=\"font-size:14.0pt\"> <\/span><\/span><\/span><\/span><\/p>\r\n\r\n<p style=\"text-align:justify\"><span style=\"font-size:11pt\"><span style=\"line-height:normal\"><span style=\"font-family:&quot;Calibri&quot;,sans-serif\"><b><span style=\"font-size:14.0pt\">Bioplastics Brazil 2023 - Congresso cient&iacute;fico internacional sobre biopl&aacute;sticos<\/span><\/b><span class=\"MsoHyperlink\" style=\"color:blue\"><span style=\"text-decoration:underline\"><span style=\"font-size:14.0pt\"><span style=\"text-decoration:none\"><span style=\"text-underline:none\">, <\/span><\/span><\/span><\/span><\/span><span style=\"font-size:14.0pt\">26 e 27 Abril de 2023, Audit&oacute;rio da ABIMAQ<\/span><span class=\"MsoHyperlink\" style=\"color:blue\"><span style=\"text-decoration:underline\"><span style=\"font-size:14.0pt\"><span style=\"text-decoration:none\"><span style=\"text-underline:none\">. <\/span><\/span><\/span><\/span><\/span><a href=\"https:\/\/www.bioplasticsbrazil.com\/\" style=\"color:blue; text-decoration:underline\"><span style=\"font-size:14.0pt\">Informa&ccedil;&otilde;es<\/span><\/a> <\/span><\/span><\/span><\/p>\r\n\r\n<p style=\"text-align:justify\"><span style=\"font-size:11pt\"><span style=\"line-height:normal\"><span style=\"font-family:&quot;Calibri&quot;,sans-serif\"><b><span style=\"font-size:14.0pt\">BIOTEXFUTURE Spring Forum<\/span><\/b>, <span style=\"font-size:14.0pt\">3rd May 2023, Aachen, Germany<\/span>. <a href=\"https:\/\/campusforum.rwth-campus.com\/en\/events\/event\/?event_id=230224-41332-DG-99998:41332\" style=\"color:blue; text-decoration:underline\"><span style=\"font-size:14.0pt\">Informa&ccedil;&otilde;es<\/span><\/a> <\/span><\/span><\/span><\/p>\r\n\r\n<p style=\"text-align:justify\"><span style=\"font-size:11pt\"><span style=\"line-height:normal\"><span style=\"font-family:&quot;Calibri&quot;,sans-serif\"><b><span style=\"font-size:14.0pt\">Sustainability as a competitive advantage for the textile industry<\/span><\/b><span class=\"MsoHyperlink\" style=\"color:blue\"><span style=\"text-decoration:underline\"><span style=\"font-size:14.0pt\"><span style=\"text-decoration:none\"><span style=\"text-underline:none\">, <\/span><\/span><\/span><\/span><\/span><span style=\"font-size:14.0pt\">Thursday 4 May 2023, 11 am (Brazil), online.<\/span> <a href=\"https:\/\/wtin-summit.zoom.us\/webinar\/register\/4116812878294\/WN_6AEJUN7EQliN6NssEe3Arg#\/registration\" style=\"color:blue; text-decoration:underline\"><span style=\"font-size:14.0pt\">Informa&ccedil;&otilde;es<\/span><\/a> <\/span><\/span><\/span><\/p>\r\n\r\n<p style=\"text-align:justify\"><span style=\"font-size:11pt\"><span style=\"line-height:normal\"><span style=\"font-family:&quot;Calibri&quot;,sans-serif\"><b><span style=\"font-size:14.0pt\">2&ordm; F&oacute;rum Economia Circular Pl&aacute;stico Sul<\/span><\/b><span style=\"font-size:14.0pt\">, 18 e 19 de maio de 2023, evento h&iacute;brido, Expoagro, Gramado, RS. <\/span><a href=\"https:\/\/www.sympla.com.br\/evento\/2-forum-economia-circular-plastico-sul\/1923141\" style=\"color:blue; text-decoration:underline\"><span style=\"font-size:14.0pt\">Informa&ccedil;&otilde;es<\/span><\/a> <\/span><\/span><\/span><\/p>\r\n\r\n<p style=\"text-align:justify\"><span style=\"font-size:11pt\"><span style=\"line-height:normal\"><span style=\"font-family:&quot;Calibri&quot;,sans-serif\"><b><span style=\"font-size:14.0pt\">Paving Expo 2023<\/span><\/b><span style=\"font-size:14.0pt\">, 24 a 26 de maio, 13h &agrave;s 20 h, Pavilh&atilde;o Azul, Expo Center Norte, S&atilde;o Paulo, SP. <\/span><a href=\"https:\/\/paving.com.br\/\" style=\"color:blue; text-decoration:underline\"><span style=\"font-size:14.0pt\">Informa&ccedil;&otilde;es<\/span><\/a> <\/span><\/span><\/span><\/p>\r\n\r\n<p style=\"text-align:justify\"><span style=\"font-size:11pt\"><span style=\"line-height:normal\"><span style=\"font-family:&quot;Calibri&quot;,sans-serif\"><b><span style=\"font-size:14.0pt\">The 92nd Textile Institute World Conference: &ldquo;Sustainability of the Textile and Fashion Supply Chain &ndash; Transitioning to Zero Carbon and Zero Waste&rdquo;, <\/span><\/b><span style=\"font-size:14.0pt\">3-6 July 2023, University of Huddersfield, UK. <\/span><a href=\"https:\/\/www.textileinstitute.org\/events\/tiwc\/\" style=\"color:blue; text-decoration:underline\"><span style=\"font-size:14.0pt\">Informa&ccedil;&otilde;es<\/span><\/a> <\/span><\/span><\/span><\/p>\r\n\r\n<p style=\"text-align:justify\"><span style=\"font-size:11pt\"><span style=\"line-height:normal\"><span style=\"font-family:&quot;Calibri&quot;,sans-serif\"><b><span style=\"font-size:14.0pt\">FIMMA BRASIL - Feira Internacional de Fornecedores da Cadeia Produtiva Madeira e M&oacute;veis<\/span><\/b><span style=\"font-size:14.0pt\">, 28 a 31 de agosto de 2023, das 10h &agrave;s 19h, Bento Gon&ccedil;alves, RS. <\/span><a href=\"https:\/\/fimma.com.br\/\" style=\"color:blue; text-decoration:underline\"><span style=\"font-size:14.0pt\">Informa&ccedil;&otilde;es<\/span><\/a> <\/span><\/span><\/span><\/p>\r\n\r\n<p style=\"text-align:justify\"><span style=\"font-size:11pt\"><span style=\"line-height:normal\"><span style=\"font-family:&quot;Calibri&quot;,sans-serif\"><b><span style=\"font-size:14.0pt\">2&ordm; F&oacute;rum Economia Circular Pl&aacute;stico Sul<\/span><\/b><span style=\"font-size:14.0pt\">, 18 e 19 de maio de 2023, evento h&iacute;brido, Expoagro, Gramado, RS. <\/span><a href=\"https:\/\/www.sympla.com.br\/evento\/2-forum-economia-circular-plastico-sul\/1923141\" style=\"color:blue; text-decoration:underline\"><span style=\"font-size:14.0pt\">Informa&ccedil;&otilde;es<\/span><\/a>  <\/span><\/span><\/span><\/p>\r\n\r\n<p style=\"text-align:justify\"><span style=\"font-size:11pt\"><span style=\"line-height:normal\"><span style=\"font-family:&quot;Calibri&quot;,sans-serif\"><b><span style=\"font-size:14.0pt\">SENAI-CETIQT | P&oacute;s-gradua&ccedil;&atilde;o &ldquo;P&oacute;s-gradua&ccedil;&atilde;o em Economia Circular e Produ&ccedil;&atilde;o Sustent&aacute;vel&rdquo;. <\/span><\/b><a href=\"https:\/\/materiais.senaicetiqt.com\/pos-graduacao-economia-circular-e-producao-sustentavel?utm_campaign=senai_cetiqt___oferta_do_curso_economia_circular&amp;utm_medium=email&amp;utm_source=RD+Station\" style=\"color:blue; text-decoration:underline\"><span style=\"font-size:14.0pt\">Informa&ccedil;&otilde;es<\/span><\/a> <\/span><\/span><\/span><\/p>\r\n\r\n<p style=\"text-align:justify\"><span style=\"font-size:11pt\"><span style=\"line-height:normal\"><span style=\"font-family:&quot;Calibri&quot;,sans-serif\"><b><span style=\"font-size:14.0pt\">SENAI-CETIQT | P&oacute;s-gradua&ccedil;&atilde;o &ldquo;Produtos de Alta Performance &agrave; Base de Materiais Comp&oacute;sitos&rdquo;<\/span><\/b><span style=\"font-size:14.0pt\">. <\/span><a href=\"https:\/\/materiais.senaicetiqt.com\/pos-graduacao-produtos-de-alta-performance-a-base-de-materiais-compositos?utm_campaign=senai_cetiqt___oferta_do_curso_materiais_compositos&amp;utm_medium=email&amp;utm_source=RD+Station\" style=\"color:blue; text-decoration:underline\"><span style=\"font-size:14.0pt\">Informa&ccedil;&otilde;es<\/span><\/a> <\/span><\/span><\/span><\/p>\r\n\r\n<p class=\"MsoTitle\" style=\"text-align:justify\"><span style=\"font-size:28pt\"><span style=\"font-family:&quot;Cambria&quot;,serif\"><span style=\"letter-spacing:-0.5pt\"><b><span style=\"font-size:18.0pt\"><span style=\"font-family:&quot;Calibri&quot;,sans-serif\"><span style=\"font-variant:small-caps\">Setor<\/span><\/span><\/span><\/b><\/span><\/span><\/span><\/p>\r\n\r\n<p style=\"text-align:justify\"><span style=\"font-size:11pt\"><span style=\"line-height:normal\"><span style=\"font-family:&quot;Calibri&quot;,sans-serif\"><a href=\"https:\/\/www.innovationintextiles.com\/nonwovens\/robust-growth-potential-for-nonwovens-components\/\" style=\"color:blue; text-decoration:underline\"><span style=\"font-size:14.0pt\">Robust growth potential for nonwovens components<\/span><\/a><\/span><\/span><\/span><\/p>\r\n\r\n<p style=\"text-align:justify\"><span style=\"font-size:11pt\"><span style=\"line-height:normal\"><span style=\"font-family:&quot;Calibri&quot;,sans-serif\"><a href=\"https:\/\/www.nonwovens-industry.com\/live-from-shows\/index-2017\/2023-04-18\/index-award-winners-announced?widget=listSection\" style=\"color:blue; text-decoration:underline\"><span style=\"font-size:14.0pt\">INDEX | Award Winners Announced (Suominen - Nonwoven roll goods)<\/span><\/a><\/span><\/span><\/span><\/p>\r\n\r\n<p style=\"text-align:justify\"><span style=\"font-size:11pt\"><span style=\"line-height:normal\"><span style=\"font-family:&quot;Calibri&quot;,sans-serif\"><a href=\"https:\/\/www.nonwovens-industry.com\/live-from-shows\/index-2017\/2023-04-20\/executive-talks-fitesas-michael-baumgartner-talks-sustainability?widget=listSection\" style=\"color:blue; text-decoration:underline\"><span style=\"font-size:14.0pt\">INDEX | Executive Talks: Fitesa&rsquo;s Michael Baumgartner Talks Sustainability<\/span><\/a><\/span><\/span><\/span><\/p>\r\n\r\n<p style=\"text-align:justify\"><span style=\"font-size:11pt\"><span style=\"line-height:normal\"><span style=\"font-family:&quot;Calibri&quot;,sans-serif\"><a href=\"https:\/\/www.nonwovens-industry.com\/live-from-shows\/index-2017\/2023-04-19\/executive-talks-indas-mark-snider-talks-about-industry-trends?widget=listSection\" style=\"color:blue; text-decoration:underline\"><span style=\"font-size:14.0pt\">INDEX | Executive Talks: INDA&#39;s Mark Snider Talks About Industry Trends<\/span><\/a><\/span><\/span><\/span><\/p>\r\n\r\n<p style=\"text-align:justify\"><span style=\"font-size:11pt\"><span style=\"line-height:normal\"><span style=\"font-family:&quot;Calibri&quot;,sans-serif\"><a href=\"https:\/\/www.indexnonwovens.com\/en\/news\/index23-demonstrates-that-nonwovens-are-back-in-business-1514\" style=\"color:blue; text-decoration:underline\"><span style=\"font-size:14.0pt\">Index&trade;23 demonstrates that nonwovens are back in business<\/span><\/a><\/span><\/span><\/span><\/p>\r\n\r\n<p style=\"text-align:justify\"><span style=\"font-size:11pt\"><span style=\"line-height:normal\"><span style=\"font-family:&quot;Calibri&quot;,sans-serif\"><a href=\"https:\/\/www.chemanager-online.com\/en\/news\/andritz-and-hydrogenpro-partner-electrolyzers\" style=\"color:blue; text-decoration:underline\"><span style=\"font-size:14.0pt\">Andritz and HydrogenPro Partner on Electrolyzers<\/span><\/a><\/span><\/span><\/span><\/p>\r\n\r\n<p style=\"text-align:justify\"><span style=\"font-size:11pt\"><span style=\"line-height:normal\"><span style=\"font-family:&quot;Calibri&quot;,sans-serif\"><a href=\"https:\/\/www.nonwovens-industry.com\/contents\/view_breaking-news\/2023-04-19\/freudenberg-launches-next-generation-sustainable-c\/15303\" style=\"color:blue; text-decoration:underline\"><span style=\"font-size:14.0pt\">Freudenberg Launches Next Generation Sustainable Carpet Backings<\/span><\/a><\/span><\/span><\/span><\/p>\r\n\r\n<p style=\"text-align:justify\"><span style=\"font-size:11pt\"><span style=\"line-height:normal\"><span style=\"font-family:&quot;Calibri&quot;,sans-serif\"><a href=\"https:\/\/www.nonwovens-industry.com\/live-from-shows\/index-2017\/2023-04-19\/indorama-exhibiting-hygiene-fibers-and-nonwovens-at-index?utm_campaign=NON%20Live%20From%20Show&amp;utm_medium=email&amp;_hsmi=255001100&amp;_hsenc=p2ANqtz--waKdVQyDl7dHyHR3pgIw-KxgcJlynmaNyIyVZXXL9v9vm8tgMJ1CfNvPnYw4s1YMxpeXCKlQ6ns7MY43aMJ3atNI_uQ&amp;utm_content=255001100&amp;utm_source=hs_email\" style=\"color:blue; text-decoration:underline\"><span style=\"font-size:14.0pt\">Indorama Exhibiting Hygiene Fibers and Nonwovens at INDEX<\/span><\/a><\/span><\/span><\/span><\/p>\r\n\r\n<p style=\"text-align:justify\"><span style=\"font-size:11pt\"><span style=\"line-height:normal\"><span style=\"font-family:&quot;Calibri&quot;,sans-serif\"><a href=\"https:\/\/www.nonwovens-industry.com\/live-from-shows\/index-2017\/2023-04-20\/trutzschler-presents-efficient-solutions-for-manufacturing-fiber-based-nonwovens?utm_campaign=NON%20Live%20From%20Show&amp;utm_medium=email&amp;_hsmi=255142015&amp;_hsenc=p2ANqtz-_NyMMpSIjOmkGYlS73r9gUBExSVGgSgC2CrYIv-CliAZjJsoNWoWpoGs0JIr0DHQNbfKo1Ya4CS0uQXBYQZln4D-2bOA&amp;utm_content=255142015&amp;utm_source=hs_email\" style=\"color:blue; text-decoration:underline\"><span style=\"font-size:14.0pt\">Tr&uuml;tzschler Presents Efficient Solutions for Manufacturing Fiber-Based Nonwovens<\/span><\/a><\/span><\/span><\/span><\/p>\r\n\r\n<p style=\"text-align:justify\"><span style=\"font-size:11pt\"><span style=\"line-height:normal\"><span style=\"font-family:&quot;Calibri&quot;,sans-serif\"><a href=\"https:\/\/jornaltribuna.com.br\/2023\/04\/transplante-veja-o-passo-a-passo-para-manter-a-sua-planta-vigorosa\/\" style=\"color:blue; text-decoration:underline\"><span style=\"font-size:14.0pt\">N&atilde;otecido: Veja o passo a passo para manter a sua planta vigorosa<\/span><\/a><\/span><\/span><\/span><\/p>\r\n\r\n<p style=\"text-align:justify\"><span style=\"font-size:11pt\"><span style=\"line-height:normal\"><span style=\"font-family:&quot;Calibri&quot;,sans-serif\"><a href=\"https:\/\/textileindustry.ning.com\/forum\/topics\/itv-mundial-ainda-sob-press-o\" style=\"color:blue; text-decoration:underline\"><span style=\"font-size:14.0pt\">ITV mundial ainda sob press&atilde;o<\/span><\/a><\/span><\/span><\/span><\/p>\r\n\r\n<p class=\"MsoTitle\" style=\"text-align:justify\"><span style=\"font-size:28pt\"><span style=\"font-family:&quot;Cambria&quot;,serif\"><span style=\"letter-spacing:-0.5pt\"><b><span style=\"font-size:18.0pt\"><span style=\"font-family:&quot;Calibri&quot;,sans-serif\"><span style=\"font-variant:small-caps\">Ind&uacute;stria<\/span><\/span><\/span><\/b><\/span><\/span><\/span><\/p>\r\n\r\n<p style=\"text-align:justify\"><span style=\"font-size:11pt\"><span style=\"line-height:normal\"><span style=\"font-family:&quot;Calibri&quot;,sans-serif\"><a href=\"https:\/\/agenciabrasil.ebc.com.br\/economia\/noticia\/2023-04\/producao-industrial-caiu-02-em-fevereiro\" style=\"color:blue; text-decoration:underline\"><span style=\"font-size:14.0pt\">Produ&ccedil;&atilde;o industrial caiu 0,2% em fevereiro<\/span><\/a><\/span><\/span><\/span><\/p>\r\n\r\n<p style=\"text-align:justify\"><span style=\"font-size:11pt\"><span style=\"line-height:normal\"><span style=\"font-family:&quot;Calibri&quot;,sans-serif\"><a href=\"https:\/\/agenciabrasil.ebc.com.br\/economia\/noticia\/2023-04\/custos-da-construcao-variam-020-em-marco\" style=\"color:blue; text-decoration:underline\"><span style=\"font-size:14.0pt\">Custos da constru&ccedil;&atilde;o variam 0,20% em mar&ccedil;o<\/span><\/a><\/span><\/span><\/span><\/p>\r\n\r\n<p style=\"text-align:justify\"><span style=\"font-size:11pt\"><span style=\"line-height:normal\"><span style=\"font-family:&quot;Calibri&quot;,sans-serif\"><a href=\"https:\/\/www.cnnbrasil.com.br\/economia\/indice-de-confianca-na-industria-cai-a-pior-nivel-de-todo-o-periodo-pos-pandemia\/\" style=\"color:blue; text-decoration:underline\"><span style=\"font-size:14.0pt\">&Iacute;ndice de confian&ccedil;a na ind&uacute;stria cai a pior n&iacute;vel de todo o per&iacute;odo p&oacute;s-pandemia<\/span><\/a><\/span><\/span><\/span><\/p>\r\n\r\n<p style=\"text-align:justify\"><span style=\"font-size:11pt\"><span style=\"line-height:normal\"><span style=\"font-family:&quot;Calibri&quot;,sans-serif\"><a href=\"https:\/\/noticias.portaldaindustria.com.br\/noticias\/economia\/taxas-de-juros-elevadas-e-dificuldade-para-acessar-credito-marcam-1o-tri-de-2023-na-industria\/\" style=\"color:blue; text-decoration:underline\"><span style=\"font-size:14.0pt\">Taxas de juros elevadas e dificuldade para acessar cr&eacute;dito marcam 1&ordm; tri de 2023 na ind&uacute;stria<\/span><\/a><\/span><\/span><\/span><\/p>\r\n\r\n<p style=\"text-align:justify\"><span style=\"font-size:11pt\"><span style=\"line-height:normal\"><span style=\"font-family:&quot;Calibri&quot;,sans-serif\"><a href=\"https:\/\/tissueonline.com.br\/setor-de-hppc-cresce-em-vendas-mas-ainda-se-recupera-de-efeitos-da-pandemia-diz-abihpec\/?utm_campaign=newsletter_20042023_novo_modelo&amp;utm_medium=email&amp;utm_source=RD+Station\" style=\"color:blue; text-decoration:underline\"><span style=\"font-size:14.0pt\">Setor de HPPC cresce em vendas, mas ainda se recupera de efeitos da pandemia, diz Abihpec<\/span><\/a><\/span><\/span><\/span><\/p>\r\n\r\n<p style=\"text-align:justify\"><span style=\"font-size:11pt\"><span style=\"line-height:normal\"><span style=\"font-family:&quot;Calibri&quot;,sans-serif\"><a href=\"https:\/\/www.fecombustiveis.org.br\/noticia\/governo-quer-conceder-5-mil-km-de-rodovias-para-acelerar-investimentos\/252928\" style=\"color:blue; text-decoration:underline\"><span style=\"font-size:14.0pt\">Governo quer conceder 5 mil km de rodovias para acelerar investimentos<\/span><\/a><\/span><\/span><\/span><\/p>\r\n\r\n<p style=\"text-align:justify\"><span style=\"font-size:11pt\"><span style=\"line-height:normal\"><span style=\"font-family:&quot;Calibri&quot;,sans-serif\"><a href=\"https:\/\/www.infomoney.com.br\/politica\/mudancas-em-marco-do-saneamento-podem-adiar-expansao-de-servicos-diz-entidade\/\" style=\"color:blue; text-decoration:underline\"><span style=\"font-size:14.0pt\">Mudan&ccedil;as em marco do saneamento podem adiar expans&atilde;o de servi&ccedil;os, diz associa&ccedil;&atilde;o<\/span><\/a><\/span><\/span><\/span><\/p>\r\n\r\n<p style=\"text-align:justify\"><span style=\"font-size:11pt\"><span style=\"line-height:normal\"><span style=\"font-family:&quot;Calibri&quot;,sans-serif\"><a href=\"https:\/\/abrava.com.br\/wp-content\/uploads\/2023\/04\/Boletim-economico-abril-23.pdf\" style=\"color:blue; text-decoration:underline\"><span style=\"font-size:14.0pt\">ABRAVA | Boletim Econ&ocirc;mico- Abril de 2023<\/span><\/a><\/span><\/span><\/span><\/p>\r\n\r\n<p class=\"MsoTitle\" style=\"text-align:justify\"><span style=\"font-size:28pt\"><span style=\"font-family:&quot;Cambria&quot;,serif\"><span style=\"letter-spacing:-0.5pt\"><b><span style=\"font-size:18.0pt\"><span style=\"font-family:&quot;Calibri&quot;,sans-serif\"><span style=\"font-variant:small-caps\">Sustentabilidade<\/span><\/span><\/span><\/b><\/span><\/span><\/span><\/p>\r\n\r\n<p style=\"text-align:justify\"><span style=\"font-size:11pt\"><span style=\"line-height:normal\"><span style=\"font-family:&quot;Calibri&quot;,sans-serif\"><a href=\"https:\/\/osaopaulo.org.br\/destaque\/paises-do-g7-prometem-abandonar-energias-fosseis-e-acabar-com-poluicao-plastica\/\" style=\"color:blue; text-decoration:underline\"><span style=\"font-size:14.0pt\">Pa&iacute;ses do G7 prometem abandonar energias f&oacute;sseis e acabar com polui&ccedil;&atilde;o pl&aacute;stica<\/span><\/a><\/span><\/span><\/span><\/p>\r\n\r\n<p style=\"text-align:justify\"><span style=\"font-size:11pt\"><span style=\"line-height:normal\"><span style=\"font-family:&quot;Calibri&quot;,sans-serif\"><a href=\"https:\/\/static.portaldaindustria.com.br\/media\/filer_public\/e4\/db\/e4db29a9-2e07-405d-bf54-b48fd7ed3bdc\/informepoliticacomercial_23_13_cbam.pdf\" style=\"color:blue; text-decoration:underline\"><span style=\"font-size:14.0pt\">Parlamento Europeu adota regras para o mecanismo de ajuste de carbono na fronteira (CBAM)<\/span><\/a><\/span><\/span><\/span><\/p>\r\n\r\n<p style=\"text-align:justify\"><span style=\"font-size:11pt\"><span style=\"line-height:normal\"><span style=\"font-family:&quot;Calibri&quot;,sans-serif\"><a href=\"https:\/\/plasticosemrevista.com.br\/california-aumenta-subsidio-para-recicladores-de-pet\/\" style=\"color:blue; text-decoration:underline\"><span style=\"font-size:14.0pt\">Calif&oacute;rnia aumenta subs&iacute;dio para recicladores de PET<\/span><\/a><\/span><\/span><\/span><\/p>\r\n\r\n<p style=\"text-align:justify\"><span style=\"font-size:11pt\"><span style=\"line-height:normal\"><span style=\"font-family:&quot;Calibri&quot;,sans-serif\"><a href=\"https:\/\/apexbrasil.com.br\/content\/apexbrasil\/br\/pt\/conteudo\/noticias\/apexbrasil-esg-compromisso-desenvolvimento-sustentavel.html#msdynttrid=q06xZRGu1QJ8TI6xrq1cfau--CfVvbjP-FEiKWOcJII\" style=\"color:blue; text-decoration:underline\"><span style=\"font-size:14.0pt\">ApexBrasil institui Comit&ecirc; ESG e reafirma compromisso com os objetivos do desenvolvimento sustent&aacute;vel da ONU<\/span><\/a><\/span><\/span><\/span><\/p>\r\n\r\n<p style=\"text-align:justify\"><span style=\"font-size:11pt\"><span style=\"line-height:normal\"><span style=\"font-family:&quot;Calibri&quot;,sans-serif\"><a href=\"https:\/\/epbr.com.br\/criacao-da-autoridade-climatica-depende-de-espaco-no-orcamento-diz-marina-silva\/?utm_source=newsletters+epbr&amp;utm_campaign=9fb302384c-epbr-comece-seu-dia_20230313_COPY_01&amp;utm_medium=email&amp;utm_term=0_5931171aac-9fb302384c-466362780\" style=\"color:blue; text-decoration:underline\"><span style=\"font-size:14.0pt\">Cria&ccedil;&atilde;o da Autoridade Clim&aacute;tica depende de espa&ccedil;o no or&ccedil;amento, diz Marina Silva<\/span><\/a><\/span><\/span><\/span><\/p>\r\n\r\n<p style=\"text-align:justify\"><span style=\"font-size:11pt\"><span style=\"line-height:normal\"><span style=\"font-family:&quot;Calibri&quot;,sans-serif\"><a href=\"https:\/\/techxplore.com\/news\/2023-04-filtering-pollution-microfluidic-device-microplastics.html?utm_source=nwletter&amp;utm_medium=email&amp;utm_campaign=daily-nwletter\" style=\"color:blue; text-decoration:underline\"><span style=\"font-size:14.0pt\">Filtering pollution: A microfluidic device for collecting microplastics via acoustic focusing<\/span><\/a><\/span><\/span><\/span><\/p>\r\n\r\n<p style=\"text-align:justify\"><span style=\"font-size:11pt\"><span style=\"line-height:normal\"><span style=\"font-family:&quot;Calibri&quot;,sans-serif\"><a href=\"https:\/\/olhardigital.com.br\/2023\/04\/19\/ciencia-e-espaco\/cientistas-descobrem-fungos-capazes-de-decompor-plasticos-em-140-dias\/\" style=\"color:blue; text-decoration:underline\"><span style=\"font-size:14.0pt\">Cientistas descobrem fungos capazes de decompor pl&aacute;sticos em 140 dias<\/span><\/a><\/span><\/span><\/span><\/p>\r\n\r\n<p style=\"text-align:justify\"><span style=\"font-size:11pt\"><span style=\"line-height:normal\"><span style=\"font-family:&quot;Calibri&quot;,sans-serif\"><a href=\"https:\/\/mundodoplastico.plasticobrasil.com.br\/reciclagem\/reciclagem-energetica-voce-ja-ouviu-falar?utm_campaign=BRZ23MDP-LR-Newsletter%2039%20-%20Batch&amp;utm_emailname=BRZ23MDP-LR-Newsletter%2039&amp;utm_medium=email&amp;utm_source=Eloqua&amp;utm_MDMContactID=2bb3d23c-a32f-4218-88d5-29f7fb45caee&amp;utm_campaigntype=Newsletter&amp;eM=50c7dfe42c38ea8f10539f0a167fc763253059e495554a32db7a57f8f237ec4c&amp;eventSeriesCode=ES_PLSTCBRZL&amp;eventEditionCode=BRZ00MPD&amp;sessionCode=S_MNDPLSTNWSLTR&amp;sp_eh=50c7dfe42c38ea8f10539f0a167fc763253059e495554a32db7a57f8f237ec4c\" style=\"color:blue; text-decoration:underline\"><span style=\"font-size:14.0pt\">Reciclagem energ&eacute;tica: voc&ecirc; j&aacute; ouviu falar?<\/span><\/a><\/span><\/span><\/span><\/p>\r\n\r\n<p class=\"MsoTitle\" style=\"text-align:justify\"><span style=\"font-size:28pt\"><span style=\"font-family:&quot;Cambria&quot;,serif\"><span style=\"letter-spacing:-0.5pt\"><b><span style=\"font-size:18.0pt\"><span style=\"font-family:&quot;Calibri&quot;,sans-serif\"><span style=\"font-variant:small-caps\">Inova&ccedil;&atilde;o<\/span><\/span><\/span><\/b><\/span><\/span><\/span><\/p>\r\n\r\n<p style=\"text-align:justify\"><span style=\"font-size:11pt\"><span style=\"line-height:normal\"><span style=\"font-family:&quot;Calibri&quot;,sans-serif\"><a href=\"https:\/\/phys.org\/news\/2023-04-functional-textiles-alternative-antibiotics.html?utm_source=nwletter&amp;utm_medium=email&amp;utm_campaign=daily-nwletter\" style=\"color:blue; text-decoration:underline\"><span style=\"font-size:14.0pt\">Functional textiles: An alternative to antibiotics<\/span><\/a><\/span><\/span><\/span><\/p>\r\n\r\n<p style=\"text-align:justify\"><span style=\"font-size:11pt\"><span style=\"line-height:normal\"><span style=\"font-family:&quot;Calibri&quot;,sans-serif\"><a href=\"https:\/\/mundodoplastico.plasticobrasil.com.br\/inovacao\/inovacao-em-materiais-plasticos-de-alto-desempenho?utm_campaign=BRZ23MDP-LR-Newsletter%2039%20-%20Batch&amp;utm_emailname=BRZ23MDP-LR-Newsletter%2039&amp;utm_medium=email&amp;utm_source=Eloqua&amp;utm_MDMContactID=2bb3d23c-a32f-4218-88d5-29f7fb45caee&amp;utm_campaigntype=Newsletter&amp;eM=50c7dfe42c38ea8f10539f0a167fc763253059e495554a32db7a57f8f237ec4c&amp;eventSeriesCode=ES_PLSTCBRZL&amp;eventEditionCode=BRZ00MPD&amp;sessionCode=S_MNDPLSTNWSLTR&amp;sp_eh=50c7dfe42c38ea8f10539f0a167fc763253059e495554a32db7a57f8f237ec4c\" style=\"color:blue; text-decoration:underline\"><span style=\"font-size:14.0pt\">Inova&ccedil;&atilde;o em materiais pl&aacute;sticos de alto desempenho<\/span><\/a><\/span><\/span><\/span><\/p>\r\n\r\n<p style=\"text-align:justify\"><span style=\"font-size:11pt\"><span style=\"line-height:normal\"><span style=\"font-family:&quot;Calibri&quot;,sans-serif\"><a href=\"https:\/\/phys.org\/news\/2023-04-stab-resistant-fabric-gains-strength-carbon.html?utm_source=nwletter&amp;utm_medium=email&amp;utm_campaign=daily-nwletter\" style=\"color:blue; text-decoration:underline\"><span style=\"font-size:14.0pt\">Stab-resistant fabric gains strength from carbon nanotubes, polyacrylate<\/span><\/a><\/span><\/span><\/span><\/p>\r\n\r\n<p style=\"text-align:justify\"><span style=\"font-size:11pt\"><span style=\"line-height:normal\"><span style=\"font-family:&quot;Calibri&quot;,sans-serif\"><a href=\"https:\/\/techxplore.com\/news\/2023-04-cheaper-method-woven-displays-smart.html?utm_source=nwletter&amp;utm_medium=email&amp;utm_campaign=daily-nwletter\" style=\"color:blue; text-decoration:underline\"><span style=\"font-size:14.0pt\">A cheaper method for making woven displays and smart fabrics of any size or shape<\/span><\/a><\/span><\/span><\/span><\/p>\r\n\r\n<p style=\"text-align:justify\"><span style=\"font-size:11pt\"><span style=\"line-height:normal\"><span style=\"font-family:&quot;Calibri&quot;,sans-serif\"><a href=\"https:\/\/phys.org\/news\/2023-04-synthetic-biology-fashion-silk.html?utm_source=nwletter&amp;utm_medium=email&amp;utm_campaign=daily-nwletter\" style=\"color:blue; text-decoration:underline\"><span style=\"font-size:14.0pt\">Synthetic biology meets fashion in engineered silk<\/span><\/a><\/span><\/span><\/span><\/p>\r\n\r\n<p style=\"text-align:justify\"><span style=\"font-size:11pt\"><span style=\"line-height:normal\"><span style=\"font-family:&quot;Calibri&quot;,sans-serif\"><a href=\"https:\/\/www.meiofiltrante.com.br\/Noticia\/111923\/acordos-bilaterais-entre-brasil-e-alemanha-nos-campos-da-ciencia-tecnologia-e-inovacao-\" style=\"color:blue; text-decoration:underline\"><span style=\"font-size:14.0pt\">Acordos bilaterais entre Brasil e Alemanha nos campos da ci&ecirc;ncia, tecnologia e inova&ccedil;&atilde;o<\/span><\/a><\/span><\/span><\/span><\/p>\r\n\r\n<p class=\"MsoTitle\" style=\"text-align:justify\"><span style=\"font-size:28pt\"><span style=\"font-family:&quot;Cambria&quot;,serif\"><span style=\"letter-spacing:-0.5pt\"><b><span style=\"font-size:18.0pt\"><span style=\"font-family:&quot;Calibri&quot;,sans-serif\"><span style=\"font-variant:small-caps\">Com&eacute;rcio Exterior<\/span><\/span><\/span><\/b><\/span><\/span><\/span><\/p>\r\n\r\n<p style=\"text-align:justify\"><span style=\"font-size:11pt\"><span style=\"line-height:normal\"><span style=\"font-family:&quot;Calibri&quot;,sans-serif\"><a href=\"https:\/\/noticias.portaldaindustria.com.br\/noticias\/internacional\/metade-das-exportacoes-para-china-ue-e-argentina-enfrentam-barreiras\/\" style=\"color:blue; text-decoration:underline\"><span style=\"font-size:14.0pt\">Metade das exporta&ccedil;&otilde;es para China, UE e Argentina enfrentam barreiras<\/span><\/a><\/span><\/span><\/span><\/p>\r\n\r\n<p style=\"text-align:justify\"><span style=\"font-size:11pt\"><span style=\"line-height:normal\"><span style=\"font-family:&quot;Calibri&quot;,sans-serif\"><a href=\"https:\/\/economiaempauta.com\/mercosul-brasil-espera-fechar-acordo-com-uniao-europeia-ainda-este-ano\/\" style=\"color:blue; text-decoration:underline\"><span style=\"font-size:14.0pt\">Mercosul: Brasil espera fechar acordo com Uni&atilde;o Europeia ainda este ano<\/span><\/a><\/span><\/span><\/span><\/p>\r\n\r\n<p style=\"text-align:justify\"><span style=\"font-size:11pt\"><span style=\"line-height:normal\"><span style=\"font-family:&quot;Calibri&quot;,sans-serif\"><a href=\"https:\/\/exclusivo.com.br\/_conteudo\/negocios\/2023\/04\/13\/exportacoes-de-calcados-somam-uss-32844-milhoes-no-trimestre.html\" style=\"color:blue; text-decoration:underline\"><span style=\"font-size:14.0pt\">Exporta&ccedil;&otilde;es de cal&ccedil;ados somam US$ 328,44 milh&otilde;es no trimestre<\/span><\/a><\/span><\/span><\/span><\/p>\r\n\r\n<p style=\"text-align:justify\"><span style=\"font-size:11pt\"><span style=\"line-height:normal\"><span style=\"font-family:&quot;Calibri&quot;,sans-serif\"><a href=\"https:\/\/ndmais.com.br\/politica\/a-industria-textil-e-a-concorrencia-desleal\/\" style=\"color:blue; text-decoration:underline\"><span style=\"font-size:14.0pt\">A ind&uacute;stria t&ecirc;xtil e a concorr&ecirc;ncia desleal<\/span><\/a><\/span><\/span><\/span><\/p>\r\n\r\n<p style=\"text-align:justify\"><span style=\"font-size:11pt\"><span style=\"line-height:normal\"><span style=\"font-family:&quot;Calibri&quot;,sans-serif\"><a href=\"http:\/\/comunidadtextil.com\/wpnews\/2023\/04\/el-aumento-de-la-importacion-de-textiles-chinos-golpea-con-fuerza-a-la-industria-mexicana\/?utm_source=email_marketing&amp;utm_admin=28519&amp;utm_medium=email&amp;utm_campaign=NOTICIAS_de_las_Industrias_Textil_Confecciones_y_Moda\" style=\"color:blue; text-decoration:underline\"><span style=\"font-size:14.0pt\">El aumento de la importaci&oacute;n de textiles chinos golpea con fuerza a la industria mexicana<\/span><\/a><\/span><\/span><\/span><\/p>\r\n\r\n<p style=\"text-align:justify\"><span style=\"font-size:11pt\"><span style=\"line-height:normal\"><span style=\"font-family:&quot;Calibri&quot;,sans-serif\"><a href=\"https:\/\/agenciabrasil.ebc.com.br\/politica\/noticia\/2023-04\/brasil-assinara-13-acordos-com-portugal-e-quatro-com-espanha\" style=\"color:blue; text-decoration:underline\"><span style=\"font-size:14.0pt\">Brasil assinar&aacute; 13 acordos com Portugal e quatro com Espanha<\/span><\/a><\/span><\/span><\/span><\/p>\r\n\r\n<p style=\"text-align:justify\"><span style=\"font-size:11pt\"><span style=\"line-height:normal\"><span style=\"font-family:&quot;Calibri&quot;,sans-serif\"><a href=\"https:\/\/apexbrasil.com.br\/br\/pt\/conteudo\/noticias\/apexbrasil-lanca-estudo-perfil-pais-sobre-espanha-e-italia.html#msdynttrid=hE2WP3_BVqPYeY23KAynO2H2H2DdMIm47udc-R_xdgA\" style=\"color:blue; text-decoration:underline\"><span style=\"font-size:14.0pt\">ApexBrasil lan&ccedil;a estudo Perfil Pa&iacute;s sobre Espanha e It&aacute;lia<\/span><\/a><\/span><\/span><\/span><\/p>\r\n\r\n<p style=\"text-align:justify\"><span style=\"font-size:11pt\"><span style=\"line-height:normal\"><span style=\"font-family:&quot;Calibri&quot;,sans-serif\"><a href=\"https:\/\/www.band.uol.com.br\/noticias\/jornal-da-band\/ultimas\/acordos-assinados-entre-brasil-e-china-somam-r-50-bilhoes-16596833\" style=\"color:blue; text-decoration:underline\"><span style=\"font-size:14.0pt\">Acordos assinados entre Brasil e China somam R$ 50 bilh&otilde;es<\/span><\/a><\/span><\/span><\/span><\/p>\r\n\r\n<p style=\"text-align:justify\"><span style=\"font-size:11pt\"><span style=\"line-height:normal\"><span style=\"font-family:&quot;Calibri&quot;,sans-serif\"><a href=\"https:\/\/www.eiu.com\/n\/global-outlook-eu-relations-with-china\/\" style=\"color:blue; text-decoration:underline\"><span style=\"font-size:14.0pt\">Global Outlook: Europe&rsquo;s relations with China<\/span><\/a><\/span><\/span><\/span><\/p>\r\n\r\n<p class=\"MsoTitle\" style=\"text-align:justify\"><span style=\"font-size:28pt\"><span style=\"font-family:&quot;Cambria&quot;,serif\"><span style=\"letter-spacing:-0.5pt\"><b><span style=\"font-size:18.0pt\"><span style=\"font-family:&quot;Calibri&quot;,sans-serif\"><span style=\"font-variant:small-caps\">Economia<\/span><\/span><\/span><\/b><\/span><\/span><\/span><\/p>\r\n\r\n<p style=\"text-align:justify\"><span style=\"font-size:11pt\"><span style=\"line-height:normal\"><span style=\"font-family:&quot;Calibri&quot;,sans-serif\"><a href=\"https:\/\/www.bcb.gov.br\/content\/focus\/focus\/R20230324.pdf\" style=\"color:blue; text-decoration:underline\"><span style=\"font-size:14.0pt\">Focus &ndash; Relat&oacute;rio de Mercado<\/span><\/a><\/span><\/span><\/span><\/p>\r\n\r\n<p style=\"text-align:justify\"><span style=\"font-size:11pt\"><span style=\"line-height:normal\"><span style=\"font-family:&quot;Calibri&quot;,sans-serif\"><a href=\"https:\/\/www.youtube.com\/watch?v=BdnbtxU4QVk\" style=\"color:blue; text-decoration:underline\"><span style=\"font-size:14.0pt\">Reforma Tribut&aacute;ria: propostas e impactos<\/span><\/a><\/span><\/span><\/span><\/p>\r\n\r\n<p style=\"text-align:justify\"><span style=\"font-size:11pt\"><span style=\"line-height:normal\"><span style=\"font-family:&quot;Calibri&quot;,sans-serif\"><a href=\"https:\/\/www.fibre2fashion.com\/news\/textile-news\/2023-global-growth-projected-to-drop-to-2-1-unctad-report-286937-newsdetails.htm\" style=\"color:blue; text-decoration:underline\"><span style=\"font-size:14.0pt\">2023 global growth projected to drop to 2.1%: UNCTAD report<\/span><\/a><\/span><\/span><\/span><\/p>\r\n\r\n<p style=\"text-align:justify\"><span style=\"font-size:11pt\"><span style=\"line-height:normal\"><span style=\"font-family:&quot;Calibri&quot;,sans-serif\"><a href=\"https:\/\/www.em.com.br\/app\/noticia\/internacional\/2023\/04\/18\/interna_internacional,1482728\/economia-da-china-cresce-4-5-no-primeiro-trimestre-apos-fim-das-medidas-an.shtml\" style=\"color:blue; text-decoration:underline\"><span style=\"font-size:14.0pt\">Economia da China cresce 4,5% no primeiro trimestre ap&oacute;s fim das medidas anticovid<\/span><\/a><\/span><\/span><\/span><\/p>\r\n\r\n<p style=\"text-align:justify\"><span style=\"font-size:11pt\"><span style=\"line-height:normal\"><span style=\"font-family:&quot;Calibri&quot;,sans-serif\"><a href=\"https:\/\/www.fibre2fashion.com\/news\/textile-news\/euro-area-s-annual-inflation-slips-to-6-9-in-mar-2023-eurostat-287070-newsdetails.htm\" style=\"color:blue; text-decoration:underline\"><span style=\"font-size:14.0pt\">Euro area&#39;s annual inflation slips to 6.9% in Mar 2023: Eurostat<\/span><\/a><\/span><\/span><\/span><\/p>\r\n","6":"<p style=\"text-align:justify\"><span style=\"font-size:11pt\"><span style=\"line-height:normal\"><span style=\"font-family:&quot;Calibri&quot;,sans-serif\"><span style=\"font-size:14.0pt\">Esta &eacute; uma compila&ccedil;&atilde;o das not&iacute;cias mais relevantes para o setor, incluindo informa&ccedil;&otilde;es sobre acordos internacionais, economia brasileira, sustentabilidade e mat&eacute;rias primas, al&eacute;m de novidades do setor de N&atilde;otecidos e Tecidos T&eacute;cnicos.<\/span><\/span><\/span><\/span><\/p>\r\n\r\n<p class=\"MsoTitleCxSpLast\" style=\"text-align:justify\"><span style=\"font-size:28pt\"><span style=\"font-family:&quot;Cambria&quot;,serif\"><span style=\"letter-spacing:-0.5pt\"><b><span style=\"font-size:18.0pt\"><span style=\"font-family:&quot;Calibri&quot;,sans-serif\"><span style=\"font-variant:small-caps\">A&ccedil;&otilde;es da ABINT<\/span><\/span><\/span><\/b><\/span><\/span><\/span><\/p>\r\n\r\n<p class=\"MsoTitleCxSpLast\" style=\"text-align:justify\"><span style=\"font-size:28pt\"><span style=\"font-family:&quot;Cambria&quot;,serif\"><span style=\"letter-spacing:-0.5pt\"><b><span style=\"font-size:18.0pt\"><span style=\"font-family:&quot;Calibri&quot;,sans-serif\"><span style=\"font-variant:small-caps\"><img src=\"https:\/\/www.abint.org.br\/assets\/img\/editor\/ctg-patrocinador-regeo-2023_202304271930170ucgN28KMV.jpeg\" style=\"width: 500px; height: 500px;\" \/><\/span><\/span><\/span><\/b><\/span><\/span><\/span><\/p>\r\n\r\n<p style=\"text-align:justify\"><span style=\"font-size:11pt\"><span style=\"line-height:normal\"><span style=\"font-family:&quot;Calibri&quot;,sans-serif\"><b><span style=\"font-size:14.0pt\"><span style=\"font-variant:small-caps\">O CTG ABINT <\/span><\/span><\/b><b><span style=\"font-size:14.0pt\">marcar&aacute; presen&ccedil;a<\/span><\/b><span style=\"font-size:14.0pt\"> nos eventos <b>X Congresso Brasileiro de Geotecnia Ambiental &amp; IX Congresso Brasileiro de Geossint&eacute;ticos - REGEO&rsquo;23 &amp; Geossint&eacute;ticos&rsquo;23<\/b>, que ocorrer&atilde;o de 18 a 21 de julho de 2023, Centro Universit&aacute;rio Jorge Amado &ndash; UNIJORGE, Salvador, BA.<\/span><\/span><\/span><\/span><\/p>\r\n\r\n<p class=\"MsoTitleCxSpLast\" style=\"text-align:justify\"><span style=\"font-size:11.0pt\"><span style=\"line-height:115%\"><span style=\"font-family:&quot;Calibri&quot;,sans-serif\"><a href=\"https:\/\/regeogeossinteticos23.com.br\/\" style=\"color:blue; text-decoration:underline\"><span style=\"font-size:14.0pt\"><span style=\"line-height:115%\">Mais informa&ccedil;&otilde;es e inscri&ccedil;&otilde;es<\/span><\/span><\/a><\/span><\/span><\/span><\/p>\r\n\r\n<p class=\"MsoTitleCxSpLast\" style=\"text-align:justify\">&nbsp;<\/p>\r\n\r\n<p class=\"MsoTitleCxSpLast\" style=\"text-align:justify\"><span style=\"font-size:11.0pt\"><span style=\"line-height:115%\"><span style=\"font-family:&quot;Calibri&quot;,sans-serif\"><span style=\"font-size:14.0pt\"><span style=\"line-height:115%\"><img src=\"https:\/\/www.abint.org.br\/assets\/img\/editor\/minicurso-fernando-regeo-2023_202304271931027CoKdA0sP2.jpeg\" style=\"width: 500px; height: 500px;\" \/><\/span><\/span><\/span><\/span><\/span><\/p>\r\n\r\n<p style=\"text-align:justify\"><span style=\"font-size:11pt\"><span style=\"line-height:normal\"><span style=\"font-family:&quot;Calibri&quot;,sans-serif\"><b><span style=\"font-size:14.0pt\">O Eng. Fernando Lavoie, Coordenador do CTG ABINT, ministrar&aacute; Minicurso durante o Regeo&rsquo;23 &amp; Geossint&eacute;ticos&rsquo;23.<\/span><\/b><\/span><\/span><\/span><\/p>\r\n\r\n<p class=\"MsoTitleCxSpLast\" style=\"text-align:justify\"><span style=\"font-size:11.0pt\"><span style=\"line-height:115%\"><span style=\"font-family:&quot;Calibri&quot;,sans-serif\"><a href=\"https:\/\/regeogeossinteticos23.com.br\/inscricoes\/\" style=\"color:blue; text-decoration:underline\"><span style=\"font-size:14.0pt\"><span style=\"line-height:115%\">Inscreva-se!<\/span><\/span><\/a><\/span><\/span><\/span><\/p>\r\n\r\n<p class=\"MsoTitleCxSpLast\" style=\"text-align:justify\">&nbsp;<\/p>\r\n\r\n<p class=\"MsoTitleCxSpLast\" style=\"text-align:justify\"><span style=\"font-size:11.0pt\"><span style=\"line-height:115%\"><span style=\"font-family:&quot;Calibri&quot;,sans-serif\"><span style=\"font-size:14.0pt\"><span style=\"line-height:115%\"><img src=\"https:\/\/www.abint.org.br\/assets\/img\/editor\/premio-tcc-ic-2023-arte-5_20230427193209OSSD7h2uZ4.png\" style=\"width: 500px; height: 500px;\" \/><\/span><\/span><\/span><\/span><\/span><\/p>\r\n\r\n<p style=\"text-align:justify\"><span style=\"font-size:11pt\"><span style=\"line-height:115%\"><span style=\"font-family:&quot;Calibri&quot;,sans-serif\"><b><span style=\"font-size:14.0pt\"><span style=\"line-height:115%\">O CTG ABINT e a IGS BRASIL<\/span><\/span><\/b><span style=\"font-size:14.0pt\"><span style=\"line-height:115%\"> convidam aqueles que desenvolveram trabalhos acad&ecirc;micos relacionados aos geossint&eacute;ticos a participarem&nbsp;de mais uma edi&ccedil;&atilde;o do Pr&ecirc;mio TCC\/IC.<\/span><\/span><\/span><\/span><\/span><\/p>\r\n\r\n<p><span style=\"font-size:11pt\"><span style=\"line-height:normal\"><span style=\"font-family:&quot;Calibri&quot;,sans-serif\"><a href=\"https:\/\/abint.us2.list-manage.com\/track\/click?u=88818ac6bf44316570fc1bc2f&amp;id=46b014bcf1&amp;e=626265ad22\" style=\"color:blue; text-decoration:underline\" target=\"_blank\"><span style=\"font-size:14.0pt\"><span style=\"color:blue\">Mais informa&ccedil;&otilde;es e inscri&ccedil;&otilde;es<\/span><\/span><\/a><\/span><\/span><\/span><\/p>\r\n\r\n<p>&nbsp;<\/p>\r\n\r\n<p><span style=\"font-size:11pt\"><span style=\"line-height:normal\"><span style=\"font-family:&quot;Calibri&quot;,sans-serif\"><span style=\"font-size:14.0pt\"><span style=\"color:blue\"><img src=\"https:\/\/www.abint.org.br\/assets\/img\/editor\/itma-2023-abint-english-417x250_20230427193348vgq0CzNSEG.jpg\" \/><\/span><\/span><\/span><\/span><\/span><\/p>\r\n\r\n<p style=\"text-align:justify\"><span style=\"font-size:11pt\"><span style=\"line-height:normal\"><span style=\"font-family:&quot;Calibri&quot;,sans-serif\"><b><span style=\"font-size:14.0pt\">A ABINT apoia a ITMA 2023<\/span><\/b><\/span><\/span><\/span><\/p>\r\n\r\n<p><span style=\"font-size:14.0pt\"><span style=\"line-height:115%\"><span style=\"font-family:&quot;Calibri&quot;,sans-serif\">A 19&ordf; edi&ccedil;&atilde;o da maior exposi&ccedil;&atilde;o internacional de tecnologia t&ecirc;xtil e de vestu&aacute;rio do mundo acontecer&aacute; em Mil&atilde;o, It&aacute;lia, de 08 a 14 de junho de 2023. <\/span><\/span><\/span><span style=\"font-size:11.0pt\"><span style=\"line-height:115%\"><span style=\"font-family:&quot;Calibri&quot;,sans-serif\"><a href=\"https:\/\/itma.com\/\" style=\"color:blue; text-decoration:underline\"><span style=\"font-size:14.0pt\"><span style=\"line-height:115%\">Informa&ccedil;&otilde;es<\/span><\/span><\/a><\/span><\/span><\/span><\/p>\r\n\r\n<p>&nbsp;<\/p>\r\n\r\n<p style=\"text-align:justify\"><span style=\"font-size:11pt\"><span style=\"line-height:normal\"><span style=\"font-family:&quot;Calibri&quot;,sans-serif\"><b><span style=\"font-size:18.0pt\"><span style=\"font-variant:small-caps\">Eventos<\/span><\/span><\/b><\/span><\/span><\/span><\/p>\r\n\r\n<p style=\"text-align:justify\"><span style=\"font-size:11pt\"><span style=\"line-height:normal\"><span style=\"font-family:&quot;Calibri&quot;,sans-serif\"><b><span style=\"font-size:14.0pt\">Transi&ccedil;&atilde;o para Nova Lei de Licita&ccedil;&otilde;es<\/span><\/b><span style=\"font-size:14.0pt\">, 25 de abril de 2023, 09h00 &agrave;s 16h00, transmiss&atilde;o via Zoom.<\/span> <a href=\"https:\/\/docs.google.com\/forms\/d\/1CvjDdKsewYazBc6_Kpl9_-iyEPUt2ISmW6sdlSs2N5U\/viewform?edit_requested=true\" style=\"color:blue; text-decoration:underline\"><span style=\"font-size:14.0pt\">Informa&ccedil;&otilde;es<\/span><\/a><\/span><\/span><\/span><\/p>\r\n\r\n<p style=\"text-align:justify\"><span style=\"font-size:11pt\"><span style=\"line-height:normal\"><span style=\"font-family:&quot;Calibri&quot;,sans-serif\"><b><span style=\"font-size:14.0pt\">FGV IBRE | Di&aacute;logos Estrat&eacute;gicos - Economia, Pol&iacute;tica e Energia, <\/span><\/b><span style=\"font-size:14.0pt\">25 de abril de 2023, 10h00 &agrave;s 12h00, evento h&iacute;brido.<\/span> <a href=\"https:\/\/cloud.crm.ibp.org.br\/dialogos-estrategicos-4-edicao?j=117223&amp;sfmc_sub=5553845&amp;l=527_HTML&amp;u=2475566&amp;mid=514012082&amp;jb=0\" style=\"color:blue; text-decoration:underline\"><span style=\"font-size:14.0pt\">Informa&ccedil;&otilde;es<\/span><\/a><span class=\"MsoHyperlink\" style=\"color:blue\"><span style=\"text-decoration:underline\"><span style=\"font-size:14.0pt\"><span style=\"text-decoration:none\"><span style=\"text-underline:none\"> \/ <\/span><\/span><\/span><\/span><\/span><a href=\"https:\/\/www.ibp.org.br\/personalizado\/uploads\/2023\/03\/economia-politica-e-energia-dialogos-estrategicos-3o-edicao.pdf?j=117223&amp;sfmc_sub=4029198&amp;l=527_HTML&amp;u=2475567&amp;mid=514012082&amp;jb=0\" style=\"color:blue; text-decoration:underline\"><span style=\"font-size:14.0pt\">Material<\/span><\/a><\/span><\/span><\/span><\/p>\r\n\r\n<p style=\"text-align:justify\"><span style=\"font-size:11pt\"><span style=\"line-height:normal\"><span style=\"font-family:&quot;Calibri&quot;,sans-serif\"><b><span style=\"font-size:14.0pt\">Abical&ccedil;ados | An&aacute;lise de Cen&aacute;rios de 2023, <\/span><\/b><span style=\"font-size:14.0pt\">25 de abril, 15h30, evento online. <\/span><a href=\"https:\/\/lp.abicalcados.com.br\/lp-analise-de-cenarios-2023?utm_campaign=analise_de_cenarios_de_2023&amp;utm_medium=email&amp;utm_source=RD+Station\" style=\"color:blue; text-decoration:underline\"><span style=\"font-size:14.0pt\">Informa&ccedil;&otilde;es<\/span><\/a> <\/span><\/span><\/span><\/p>\r\n\r\n<p style=\"text-align:justify\"><span style=\"font-size:11pt\"><span style=\"line-height:normal\"><span style=\"font-family:&quot;Calibri&quot;,sans-serif\"><b><span style=\"font-size:14.0pt\">FGV IBRE | &quot;Pol&iacute;tica Fiscal e Infla&ccedil;&atilde;o&quot;<\/span><\/b><span style=\"font-size:14.0pt\">, 26 de abril de 2023, 14h00 &agrave;s 16h00, evento h&iacute;brido: presencial Praia de Botafogo, 190, 12&ordm; andar, Rio de Janeiro, ou transmiss&atilde;o via YouTube. <\/span><a href=\"https:\/\/evento.fgv.br\/monitorfiscal\/\" style=\"color:blue; text-decoration:underline\"><span style=\"font-size:14.0pt\">Informa&ccedil;&otilde;es<\/span><\/a><span style=\"font-size:14.0pt\"> <\/span><\/span><\/span><\/span><\/p>\r\n\r\n<p style=\"text-align:justify\"><span style=\"font-size:11pt\"><span style=\"line-height:normal\"><span style=\"font-family:&quot;Calibri&quot;,sans-serif\"><b><span style=\"font-size:14.0pt\">Bioplastics Brazil 2023 - Congresso cient&iacute;fico internacional sobre biopl&aacute;sticos<\/span><\/b><span class=\"MsoHyperlink\" style=\"color:blue\"><span style=\"text-decoration:underline\"><span style=\"font-size:14.0pt\"><span style=\"text-decoration:none\"><span style=\"text-underline:none\">, <\/span><\/span><\/span><\/span><\/span><span style=\"font-size:14.0pt\">26 e 27 Abril de 2023, Audit&oacute;rio da ABIMAQ<\/span><span class=\"MsoHyperlink\" style=\"color:blue\"><span style=\"text-decoration:underline\"><span style=\"font-size:14.0pt\"><span style=\"text-decoration:none\"><span style=\"text-underline:none\">. <\/span><\/span><\/span><\/span><\/span><a href=\"https:\/\/www.bioplasticsbrazil.com\/\" style=\"color:blue; text-decoration:underline\"><span style=\"font-size:14.0pt\">Informa&ccedil;&otilde;es<\/span><\/a> <\/span><\/span><\/span><\/p>\r\n\r\n<p style=\"text-align:justify\"><span style=\"font-size:11pt\"><span style=\"line-height:normal\"><span style=\"font-family:&quot;Calibri&quot;,sans-serif\"><b><span style=\"font-size:14.0pt\">BIOTEXFUTURE Spring Forum<\/span><\/b>, <span style=\"font-size:14.0pt\">3rd May 2023, Aachen, Germany<\/span>. <a href=\"https:\/\/campusforum.rwth-campus.com\/en\/events\/event\/?event_id=230224-41332-DG-99998:41332\" style=\"color:blue; text-decoration:underline\"><span style=\"font-size:14.0pt\">Informa&ccedil;&otilde;es<\/span><\/a> <\/span><\/span><\/span><\/p>\r\n\r\n<p style=\"text-align:justify\"><span style=\"font-size:11pt\"><span style=\"line-height:normal\"><span style=\"font-family:&quot;Calibri&quot;,sans-serif\"><b><span style=\"font-size:14.0pt\">Sustainability as a competitive advantage for the textile industry<\/span><\/b><span class=\"MsoHyperlink\" style=\"color:blue\"><span style=\"text-decoration:underline\"><span style=\"font-size:14.0pt\"><span style=\"text-decoration:none\"><span style=\"text-underline:none\">, <\/span><\/span><\/span><\/span><\/span><span style=\"font-size:14.0pt\">Thursday 4 May 2023, 11 am (Brazil), online.<\/span> <a href=\"https:\/\/wtin-summit.zoom.us\/webinar\/register\/4116812878294\/WN_6AEJUN7EQliN6NssEe3Arg#\/registration\" style=\"color:blue; text-decoration:underline\"><span style=\"font-size:14.0pt\">Informa&ccedil;&otilde;es<\/span><\/a> <\/span><\/span><\/span><\/p>\r\n\r\n<p style=\"text-align:justify\"><span style=\"font-size:11pt\"><span style=\"line-height:normal\"><span style=\"font-family:&quot;Calibri&quot;,sans-serif\"><b><span style=\"font-size:14.0pt\">2&ordm; F&oacute;rum Economia Circular Pl&aacute;stico Sul<\/span><\/b><span style=\"font-size:14.0pt\">, 18 e 19 de maio de 2023, evento h&iacute;brido, Expoagro, Gramado, RS. <\/span><a href=\"https:\/\/www.sympla.com.br\/evento\/2-forum-economia-circular-plastico-sul\/1923141\" style=\"color:blue; text-decoration:underline\"><span style=\"font-size:14.0pt\">Informa&ccedil;&otilde;es<\/span><\/a> <\/span><\/span><\/span><\/p>\r\n\r\n<p style=\"text-align:justify\"><span style=\"font-size:11pt\"><span style=\"line-height:normal\"><span style=\"font-family:&quot;Calibri&quot;,sans-serif\"><b><span style=\"font-size:14.0pt\">Paving Expo 2023<\/span><\/b><span style=\"font-size:14.0pt\">, 24 a 26 de maio, 13h &agrave;s 20 h, Pavilh&atilde;o Azul, Expo Center Norte, S&atilde;o Paulo, SP. <\/span><a href=\"https:\/\/paving.com.br\/\" style=\"color:blue; text-decoration:underline\"><span style=\"font-size:14.0pt\">Informa&ccedil;&otilde;es<\/span><\/a> <\/span><\/span><\/span><\/p>\r\n\r\n<p style=\"text-align:justify\"><span style=\"font-size:11pt\"><span style=\"line-height:normal\"><span style=\"font-family:&quot;Calibri&quot;,sans-serif\"><b><span style=\"font-size:14.0pt\">The 92nd Textile Institute World Conference: &ldquo;Sustainability of the Textile and Fashion Supply Chain &ndash; Transitioning to Zero Carbon and Zero Waste&rdquo;, <\/span><\/b><span style=\"font-size:14.0pt\">3-6 July 2023, University of Huddersfield, UK. <\/span><a href=\"https:\/\/www.textileinstitute.org\/events\/tiwc\/\" style=\"color:blue; text-decoration:underline\"><span style=\"font-size:14.0pt\">Informa&ccedil;&otilde;es<\/span><\/a> <\/span><\/span><\/span><\/p>\r\n\r\n<p style=\"text-align:justify\"><span style=\"font-size:11pt\"><span style=\"line-height:normal\"><span style=\"font-family:&quot;Calibri&quot;,sans-serif\"><b><span style=\"font-size:14.0pt\">FIMMA BRASIL - Feira Internacional de Fornecedores da Cadeia Produtiva Madeira e M&oacute;veis<\/span><\/b><span style=\"font-size:14.0pt\">, 28 a 31 de agosto de 2023, das 10h &agrave;s 19h, Bento Gon&ccedil;alves, RS. <\/span><a href=\"https:\/\/fimma.com.br\/\" style=\"color:blue; text-decoration:underline\"><span style=\"font-size:14.0pt\">Informa&ccedil;&otilde;es<\/span><\/a> <\/span><\/span><\/span><\/p>\r\n\r\n<p style=\"text-align:justify\"><span style=\"font-size:11pt\"><span style=\"line-height:normal\"><span style=\"font-family:&quot;Calibri&quot;,sans-serif\"><b><span style=\"font-size:14.0pt\">2&ordm; F&oacute;rum Economia Circular Pl&aacute;stico Sul<\/span><\/b><span style=\"font-size:14.0pt\">, 18 e 19 de maio de 2023, evento h&iacute;brido, Expoagro, Gramado, RS. <\/span><a href=\"https:\/\/www.sympla.com.br\/evento\/2-forum-economia-circular-plastico-sul\/1923141\" style=\"color:blue; text-decoration:underline\"><span style=\"font-size:14.0pt\">Informa&ccedil;&otilde;es<\/span><\/a>  <\/span><\/span><\/span><\/p>\r\n\r\n<p style=\"text-align:justify\"><span style=\"font-size:11pt\"><span style=\"line-height:normal\"><span style=\"font-family:&quot;Calibri&quot;,sans-serif\"><b><span style=\"font-size:14.0pt\">SENAI-CETIQT | P&oacute;s-gradua&ccedil;&atilde;o &ldquo;P&oacute;s-gradua&ccedil;&atilde;o em Economia Circular e Produ&ccedil;&atilde;o Sustent&aacute;vel&rdquo;. <\/span><\/b><a href=\"https:\/\/materiais.senaicetiqt.com\/pos-graduacao-economia-circular-e-producao-sustentavel?utm_campaign=senai_cetiqt___oferta_do_curso_economia_circular&amp;utm_medium=email&amp;utm_source=RD+Station\" style=\"color:blue; text-decoration:underline\"><span style=\"font-size:14.0pt\">Informa&ccedil;&otilde;es<\/span><\/a> <\/span><\/span><\/span><\/p>\r\n\r\n<p style=\"text-align:justify\"><span style=\"font-size:11pt\"><span style=\"line-height:normal\"><span style=\"font-family:&quot;Calibri&quot;,sans-serif\"><b><span style=\"font-size:14.0pt\">SENAI-CETIQT | P&oacute;s-gradua&ccedil;&atilde;o &ldquo;Produtos de Alta Performance &agrave; Base de Materiais Comp&oacute;sitos&rdquo;<\/span><\/b><span style=\"font-size:14.0pt\">. <\/span><a href=\"https:\/\/materiais.senaicetiqt.com\/pos-graduacao-produtos-de-alta-performance-a-base-de-materiais-compositos?utm_campaign=senai_cetiqt___oferta_do_curso_materiais_compositos&amp;utm_medium=email&amp;utm_source=RD+Station\" style=\"color:blue; text-decoration:underline\"><span style=\"font-size:14.0pt\">Informa&ccedil;&otilde;es<\/span><\/a> <\/span><\/span><\/span><\/p>\r\n\r\n<p class=\"MsoTitle\" style=\"text-align:justify\"><span style=\"font-size:28pt\"><span style=\"font-family:&quot;Cambria&quot;,serif\"><span style=\"letter-spacing:-0.5pt\"><b><span style=\"font-size:18.0pt\"><span style=\"font-family:&quot;Calibri&quot;,sans-serif\"><span style=\"font-variant:small-caps\">Setor<\/span><\/span><\/span><\/b><\/span><\/span><\/span><\/p>\r\n\r\n<p style=\"text-align:justify\"><span style=\"font-size:11pt\"><span style=\"line-height:normal\"><span style=\"font-family:&quot;Calibri&quot;,sans-serif\"><a href=\"https:\/\/www.innovationintextiles.com\/nonwovens\/robust-growth-potential-for-nonwovens-components\/\" style=\"color:blue; text-decoration:underline\"><span style=\"font-size:14.0pt\">Robust growth potential for nonwovens components<\/span><\/a><\/span><\/span><\/span><\/p>\r\n\r\n<p style=\"text-align:justify\"><span style=\"font-size:11pt\"><span style=\"line-height:normal\"><span style=\"font-family:&quot;Calibri&quot;,sans-serif\"><a href=\"https:\/\/www.nonwovens-industry.com\/live-from-shows\/index-2017\/2023-04-18\/index-award-winners-announced?widget=listSection\" style=\"color:blue; text-decoration:underline\"><span style=\"font-size:14.0pt\">INDEX | Award Winners Announced (Suominen - Nonwoven roll goods)<\/span><\/a><\/span><\/span><\/span><\/p>\r\n\r\n<p style=\"text-align:justify\"><span style=\"font-size:11pt\"><span style=\"line-height:normal\"><span style=\"font-family:&quot;Calibri&quot;,sans-serif\"><a href=\"https:\/\/www.nonwovens-industry.com\/live-from-shows\/index-2017\/2023-04-20\/executive-talks-fitesas-michael-baumgartner-talks-sustainability?widget=listSection\" style=\"color:blue; text-decoration:underline\"><span style=\"font-size:14.0pt\">INDEX | Executive Talks: Fitesa&rsquo;s Michael Baumgartner Talks Sustainability<\/span><\/a><\/span><\/span><\/span><\/p>\r\n\r\n<p style=\"text-align:justify\"><span style=\"font-size:11pt\"><span style=\"line-height:normal\"><span style=\"font-family:&quot;Calibri&quot;,sans-serif\"><a href=\"https:\/\/www.nonwovens-industry.com\/live-from-shows\/index-2017\/2023-04-19\/executive-talks-indas-mark-snider-talks-about-industry-trends?widget=listSection\" style=\"color:blue; text-decoration:underline\"><span style=\"font-size:14.0pt\">INDEX | Executive Talks: INDA&#39;s Mark Snider Talks About Industry Trends<\/span><\/a><\/span><\/span><\/span><\/p>\r\n\r\n<p style=\"text-align:justify\"><span style=\"font-size:11pt\"><span style=\"line-height:normal\"><span style=\"font-family:&quot;Calibri&quot;,sans-serif\"><a href=\"https:\/\/www.indexnonwovens.com\/en\/news\/index23-demonstrates-that-nonwovens-are-back-in-business-1514\" style=\"color:blue; text-decoration:underline\"><span style=\"font-size:14.0pt\">Index&trade;23 demonstrates that nonwovens are back in business<\/span><\/a><\/span><\/span><\/span><\/p>\r\n\r\n<p style=\"text-align:justify\"><span style=\"font-size:11pt\"><span style=\"line-height:normal\"><span style=\"font-family:&quot;Calibri&quot;,sans-serif\"><a href=\"https:\/\/www.chemanager-online.com\/en\/news\/andritz-and-hydrogenpro-partner-electrolyzers\" style=\"color:blue; text-decoration:underline\"><span style=\"font-size:14.0pt\">Andritz and HydrogenPro Partner on Electrolyzers<\/span><\/a><\/span><\/span><\/span><\/p>\r\n\r\n<p style=\"text-align:justify\"><span style=\"font-size:11pt\"><span style=\"line-height:normal\"><span style=\"font-family:&quot;Calibri&quot;,sans-serif\"><a href=\"https:\/\/www.nonwovens-industry.com\/contents\/view_breaking-news\/2023-04-19\/freudenberg-launches-next-generation-sustainable-c\/15303\" style=\"color:blue; text-decoration:underline\"><span style=\"font-size:14.0pt\">Freudenberg Launches Next Generation Sustainable Carpet Backings<\/span><\/a><\/span><\/span><\/span><\/p>\r\n\r\n<p style=\"text-align:justify\"><span style=\"font-size:11pt\"><span style=\"line-height:normal\"><span style=\"font-family:&quot;Calibri&quot;,sans-serif\"><a href=\"https:\/\/www.nonwovens-industry.com\/live-from-shows\/index-2017\/2023-04-19\/indorama-exhibiting-hygiene-fibers-and-nonwovens-at-index?utm_campaign=NON%20Live%20From%20Show&amp;utm_medium=email&amp;_hsmi=255001100&amp;_hsenc=p2ANqtz--waKdVQyDl7dHyHR3pgIw-KxgcJlynmaNyIyVZXXL9v9vm8tgMJ1CfNvPnYw4s1YMxpeXCKlQ6ns7MY43aMJ3atNI_uQ&amp;utm_content=255001100&amp;utm_source=hs_email\" style=\"color:blue; text-decoration:underline\"><span style=\"font-size:14.0pt\">Indorama Exhibiting Hygiene Fibers and Nonwovens at INDEX<\/span><\/a><\/span><\/span><\/span><\/p>\r\n\r\n<p style=\"text-align:justify\"><span style=\"font-size:11pt\"><span style=\"line-height:normal\"><span style=\"font-family:&quot;Calibri&quot;,sans-serif\"><a href=\"https:\/\/www.nonwovens-industry.com\/live-from-shows\/index-2017\/2023-04-20\/trutzschler-presents-efficient-solutions-for-manufacturing-fiber-based-nonwovens?utm_campaign=NON%20Live%20From%20Show&amp;utm_medium=email&amp;_hsmi=255142015&amp;_hsenc=p2ANqtz-_NyMMpSIjOmkGYlS73r9gUBExSVGgSgC2CrYIv-CliAZjJsoNWoWpoGs0JIr0DHQNbfKo1Ya4CS0uQXBYQZln4D-2bOA&amp;utm_content=255142015&amp;utm_source=hs_email\" style=\"color:blue; text-decoration:underline\"><span style=\"font-size:14.0pt\">Tr&uuml;tzschler Presents Efficient Solutions for Manufacturing Fiber-Based Nonwovens<\/span><\/a><\/span><\/span><\/span><\/p>\r\n\r\n<p style=\"text-align:justify\"><span style=\"font-size:11pt\"><span style=\"line-height:normal\"><span style=\"font-family:&quot;Calibri&quot;,sans-serif\"><a href=\"https:\/\/jornaltribuna.com.br\/2023\/04\/transplante-veja-o-passo-a-passo-para-manter-a-sua-planta-vigorosa\/\" style=\"color:blue; text-decoration:underline\"><span style=\"font-size:14.0pt\">N&atilde;otecido: Veja o passo a passo para manter a sua planta vigorosa<\/span><\/a><\/span><\/span><\/span><\/p>\r\n\r\n<p style=\"text-align:justify\"><span style=\"font-size:11pt\"><span style=\"line-height:normal\"><span style=\"font-family:&quot;Calibri&quot;,sans-serif\"><a href=\"https:\/\/textileindustry.ning.com\/forum\/topics\/itv-mundial-ainda-sob-press-o\" style=\"color:blue; text-decoration:underline\"><span style=\"font-size:14.0pt\">ITV mundial ainda sob press&atilde;o<\/span><\/a><\/span><\/span><\/span><\/p>\r\n\r\n<p class=\"MsoTitle\" style=\"text-align:justify\"><span style=\"font-size:28pt\"><span style=\"font-family:&quot;Cambria&quot;,serif\"><span style=\"letter-spacing:-0.5pt\"><b><span style=\"font-size:18.0pt\"><span style=\"font-family:&quot;Calibri&quot;,sans-serif\"><span style=\"font-variant:small-caps\">Ind&uacute;stria<\/span><\/span><\/span><\/b><\/span><\/span><\/span><\/p>\r\n\r\n<p style=\"text-align:justify\"><span style=\"font-size:11pt\"><span style=\"line-height:normal\"><span style=\"font-family:&quot;Calibri&quot;,sans-serif\"><a href=\"https:\/\/agenciabrasil.ebc.com.br\/economia\/noticia\/2023-04\/producao-industrial-caiu-02-em-fevereiro\" style=\"color:blue; text-decoration:underline\"><span style=\"font-size:14.0pt\">Produ&ccedil;&atilde;o industrial caiu 0,2% em fevereiro<\/span><\/a><\/span><\/span><\/span><\/p>\r\n\r\n<p style=\"text-align:justify\"><span style=\"font-size:11pt\"><span style=\"line-height:normal\"><span style=\"font-family:&quot;Calibri&quot;,sans-serif\"><a href=\"https:\/\/agenciabrasil.ebc.com.br\/economia\/noticia\/2023-04\/custos-da-construcao-variam-020-em-marco\" style=\"color:blue; text-decoration:underline\"><span style=\"font-size:14.0pt\">Custos da constru&ccedil;&atilde;o variam 0,20% em mar&ccedil;o<\/span><\/a><\/span><\/span><\/span><\/p>\r\n\r\n<p style=\"text-align:justify\"><span style=\"font-size:11pt\"><span style=\"line-height:normal\"><span style=\"font-family:&quot;Calibri&quot;,sans-serif\"><a href=\"https:\/\/www.cnnbrasil.com.br\/economia\/indice-de-confianca-na-industria-cai-a-pior-nivel-de-todo-o-periodo-pos-pandemia\/\" style=\"color:blue; text-decoration:underline\"><span style=\"font-size:14.0pt\">&Iacute;ndice de confian&ccedil;a na ind&uacute;stria cai a pior n&iacute;vel de todo o per&iacute;odo p&oacute;s-pandemia<\/span><\/a><\/span><\/span><\/span><\/p>\r\n\r\n<p style=\"text-align:justify\"><span style=\"font-size:11pt\"><span style=\"line-height:normal\"><span style=\"font-family:&quot;Calibri&quot;,sans-serif\"><a href=\"https:\/\/noticias.portaldaindustria.com.br\/noticias\/economia\/taxas-de-juros-elevadas-e-dificuldade-para-acessar-credito-marcam-1o-tri-de-2023-na-industria\/\" style=\"color:blue; text-decoration:underline\"><span style=\"font-size:14.0pt\">Taxas de juros elevadas e dificuldade para acessar cr&eacute;dito marcam 1&ordm; tri de 2023 na ind&uacute;stria<\/span><\/a><\/span><\/span><\/span><\/p>\r\n\r\n<p style=\"text-align:justify\"><span style=\"font-size:11pt\"><span style=\"line-height:normal\"><span style=\"font-family:&quot;Calibri&quot;,sans-serif\"><a href=\"https:\/\/tissueonline.com.br\/setor-de-hppc-cresce-em-vendas-mas-ainda-se-recupera-de-efeitos-da-pandemia-diz-abihpec\/?utm_campaign=newsletter_20042023_novo_modelo&amp;utm_medium=email&amp;utm_source=RD+Station\" style=\"color:blue; text-decoration:underline\"><span style=\"font-size:14.0pt\">Setor de HPPC cresce em vendas, mas ainda se recupera de efeitos da pandemia, diz Abihpec<\/span><\/a><\/span><\/span><\/span><\/p>\r\n\r\n<p style=\"text-align:justify\"><span style=\"font-size:11pt\"><span style=\"line-height:normal\"><span style=\"font-family:&quot;Calibri&quot;,sans-serif\"><a href=\"https:\/\/www.fecombustiveis.org.br\/noticia\/governo-quer-conceder-5-mil-km-de-rodovias-para-acelerar-investimentos\/252928\" style=\"color:blue; text-decoration:underline\"><span style=\"font-size:14.0pt\">Governo quer conceder 5 mil km de rodovias para acelerar investimentos<\/span><\/a><\/span><\/span><\/span><\/p>\r\n\r\n<p style=\"text-align:justify\"><span style=\"font-size:11pt\"><span style=\"line-height:normal\"><span style=\"font-family:&quot;Calibri&quot;,sans-serif\"><a href=\"https:\/\/www.infomoney.com.br\/politica\/mudancas-em-marco-do-saneamento-podem-adiar-expansao-de-servicos-diz-entidade\/\" style=\"color:blue; text-decoration:underline\"><span style=\"font-size:14.0pt\">Mudan&ccedil;as em marco do saneamento podem adiar expans&atilde;o de servi&ccedil;os, diz associa&ccedil;&atilde;o<\/span><\/a><\/span><\/span><\/span><\/p>\r\n\r\n<p style=\"text-align:justify\"><span style=\"font-size:11pt\"><span style=\"line-height:normal\"><span style=\"font-family:&quot;Calibri&quot;,sans-serif\"><a href=\"https:\/\/abrava.com.br\/wp-content\/uploads\/2023\/04\/Boletim-economico-abril-23.pdf\" style=\"color:blue; text-decoration:underline\"><span style=\"font-size:14.0pt\">ABRAVA | Boletim Econ&ocirc;mico- Abril de 2023<\/span><\/a><\/span><\/span><\/span><\/p>\r\n\r\n<p class=\"MsoTitle\" style=\"text-align:justify\"><span style=\"font-size:28pt\"><span style=\"font-family:&quot;Cambria&quot;,serif\"><span style=\"letter-spacing:-0.5pt\"><b><span style=\"font-size:18.0pt\"><span style=\"font-family:&quot;Calibri&quot;,sans-serif\"><span style=\"font-variant:small-caps\">Sustentabilidade<\/span><\/span><\/span><\/b><\/span><\/span><\/span><\/p>\r\n\r\n<p style=\"text-align:justify\"><span style=\"font-size:11pt\"><span style=\"line-height:normal\"><span style=\"font-family:&quot;Calibri&quot;,sans-serif\"><a href=\"https:\/\/osaopaulo.org.br\/destaque\/paises-do-g7-prometem-abandonar-energias-fosseis-e-acabar-com-poluicao-plastica\/\" style=\"color:blue; text-decoration:underline\"><span style=\"font-size:14.0pt\">Pa&iacute;ses do G7 prometem abandonar energias f&oacute;sseis e acabar com polui&ccedil;&atilde;o pl&aacute;stica<\/span><\/a><\/span><\/span><\/span><\/p>\r\n\r\n<p style=\"text-align:justify\"><span style=\"font-size:11pt\"><span style=\"line-height:normal\"><span style=\"font-family:&quot;Calibri&quot;,sans-serif\"><a href=\"https:\/\/static.portaldaindustria.com.br\/media\/filer_public\/e4\/db\/e4db29a9-2e07-405d-bf54-b48fd7ed3bdc\/informepoliticacomercial_23_13_cbam.pdf\" style=\"color:blue; text-decoration:underline\"><span style=\"font-size:14.0pt\">Parlamento Europeu adota regras para o mecanismo de ajuste de carbono na fronteira (CBAM)<\/span><\/a><\/span><\/span><\/span><\/p>\r\n\r\n<p style=\"text-align:justify\"><span style=\"font-size:11pt\"><span style=\"line-height:normal\"><span style=\"font-family:&quot;Calibri&quot;,sans-serif\"><a href=\"https:\/\/plasticosemrevista.com.br\/california-aumenta-subsidio-para-recicladores-de-pet\/\" style=\"color:blue; text-decoration:underline\"><span style=\"font-size:14.0pt\">Calif&oacute;rnia aumenta subs&iacute;dio para recicladores de PET<\/span><\/a><\/span><\/span><\/span><\/p>\r\n\r\n<p style=\"text-align:justify\"><span style=\"font-size:11pt\"><span style=\"line-height:normal\"><span style=\"font-family:&quot;Calibri&quot;,sans-serif\"><a href=\"https:\/\/apexbrasil.com.br\/content\/apexbrasil\/br\/pt\/conteudo\/noticias\/apexbrasil-esg-compromisso-desenvolvimento-sustentavel.html#msdynttrid=q06xZRGu1QJ8TI6xrq1cfau--CfVvbjP-FEiKWOcJII\" style=\"color:blue; text-decoration:underline\"><span style=\"font-size:14.0pt\">ApexBrasil institui Comit&ecirc; ESG e reafirma compromisso com os objetivos do desenvolvimento sustent&aacute;vel da ONU<\/span><\/a><\/span><\/span><\/span><\/p>\r\n\r\n<p style=\"text-align:justify\"><span style=\"font-size:11pt\"><span style=\"line-height:normal\"><span style=\"font-family:&quot;Calibri&quot;,sans-serif\"><a href=\"https:\/\/epbr.com.br\/criacao-da-autoridade-climatica-depende-de-espaco-no-orcamento-diz-marina-silva\/?utm_source=newsletters+epbr&amp;utm_campaign=9fb302384c-epbr-comece-seu-dia_20230313_COPY_01&amp;utm_medium=email&amp;utm_term=0_5931171aac-9fb302384c-466362780\" style=\"color:blue; text-decoration:underline\"><span style=\"font-size:14.0pt\">Cria&ccedil;&atilde;o da Autoridade Clim&aacute;tica depende de espa&ccedil;o no or&ccedil;amento, diz Marina Silva<\/span><\/a><\/span><\/span><\/span><\/p>\r\n\r\n<p style=\"text-align:justify\"><span style=\"font-size:11pt\"><span style=\"line-height:normal\"><span style=\"font-family:&quot;Calibri&quot;,sans-serif\"><a href=\"https:\/\/techxplore.com\/news\/2023-04-filtering-pollution-microfluidic-device-microplastics.html?utm_source=nwletter&amp;utm_medium=email&amp;utm_campaign=daily-nwletter\" style=\"color:blue; text-decoration:underline\"><span style=\"font-size:14.0pt\">Filtering pollution: A microfluidic device for collecting microplastics via acoustic focusing<\/span><\/a><\/span><\/span><\/span><\/p>\r\n\r\n<p style=\"text-align:justify\"><span style=\"font-size:11pt\"><span style=\"line-height:normal\"><span style=\"font-family:&quot;Calibri&quot;,sans-serif\"><a href=\"https:\/\/olhardigital.com.br\/2023\/04\/19\/ciencia-e-espaco\/cientistas-descobrem-fungos-capazes-de-decompor-plasticos-em-140-dias\/\" style=\"color:blue; text-decoration:underline\"><span style=\"font-size:14.0pt\">Cientistas descobrem fungos capazes de decompor pl&aacute;sticos em 140 dias<\/span><\/a><\/span><\/span><\/span><\/p>\r\n\r\n<p style=\"text-align:justify\"><span style=\"font-size:11pt\"><span style=\"line-height:normal\"><span style=\"font-family:&quot;Calibri&quot;,sans-serif\"><a href=\"https:\/\/mundodoplastico.plasticobrasil.com.br\/reciclagem\/reciclagem-energetica-voce-ja-ouviu-falar?utm_campaign=BRZ23MDP-LR-Newsletter%2039%20-%20Batch&amp;utm_emailname=BRZ23MDP-LR-Newsletter%2039&amp;utm_medium=email&amp;utm_source=Eloqua&amp;utm_MDMContactID=2bb3d23c-a32f-4218-88d5-29f7fb45caee&amp;utm_campaigntype=Newsletter&amp;eM=50c7dfe42c38ea8f10539f0a167fc763253059e495554a32db7a57f8f237ec4c&amp;eventSeriesCode=ES_PLSTCBRZL&amp;eventEditionCode=BRZ00MPD&amp;sessionCode=S_MNDPLSTNWSLTR&amp;sp_eh=50c7dfe42c38ea8f10539f0a167fc763253059e495554a32db7a57f8f237ec4c\" style=\"color:blue; text-decoration:underline\"><span style=\"font-size:14.0pt\">Reciclagem energ&eacute;tica: voc&ecirc; j&aacute; ouviu falar?<\/span><\/a><\/span><\/span><\/span><\/p>\r\n\r\n<p class=\"MsoTitle\" style=\"text-align:justify\"><span style=\"font-size:28pt\"><span style=\"font-family:&quot;Cambria&quot;,serif\"><span style=\"letter-spacing:-0.5pt\"><b><span style=\"font-size:18.0pt\"><span style=\"font-family:&quot;Calibri&quot;,sans-serif\"><span style=\"font-variant:small-caps\">Inova&ccedil;&atilde;o<\/span><\/span><\/span><\/b><\/span><\/span><\/span><\/p>\r\n\r\n<p style=\"text-align:justify\"><span style=\"font-size:11pt\"><span style=\"line-height:normal\"><span style=\"font-family:&quot;Calibri&quot;,sans-serif\"><a href=\"https:\/\/phys.org\/news\/2023-04-functional-textiles-alternative-antibiotics.html?utm_source=nwletter&amp;utm_medium=email&amp;utm_campaign=daily-nwletter\" style=\"color:blue; text-decoration:underline\"><span style=\"font-size:14.0pt\">Functional textiles: An alternative to antibiotics<\/span><\/a><\/span><\/span><\/span><\/p>\r\n\r\n<p style=\"text-align:justify\"><span style=\"font-size:11pt\"><span style=\"line-height:normal\"><span style=\"font-family:&quot;Calibri&quot;,sans-serif\"><a href=\"https:\/\/mundodoplastico.plasticobrasil.com.br\/inovacao\/inovacao-em-materiais-plasticos-de-alto-desempenho?utm_campaign=BRZ23MDP-LR-Newsletter%2039%20-%20Batch&amp;utm_emailname=BRZ23MDP-LR-Newsletter%2039&amp;utm_medium=email&amp;utm_source=Eloqua&amp;utm_MDMContactID=2bb3d23c-a32f-4218-88d5-29f7fb45caee&amp;utm_campaigntype=Newsletter&amp;eM=50c7dfe42c38ea8f10539f0a167fc763253059e495554a32db7a57f8f237ec4c&amp;eventSeriesCode=ES_PLSTCBRZL&amp;eventEditionCode=BRZ00MPD&amp;sessionCode=S_MNDPLSTNWSLTR&amp;sp_eh=50c7dfe42c38ea8f10539f0a167fc763253059e495554a32db7a57f8f237ec4c\" style=\"color:blue; text-decoration:underline\"><span style=\"font-size:14.0pt\">Inova&ccedil;&atilde;o em materiais pl&aacute;sticos de alto desempenho<\/span><\/a><\/span><\/span><\/span><\/p>\r\n\r\n<p style=\"text-align:justify\"><span style=\"font-size:11pt\"><span style=\"line-height:normal\"><span style=\"font-family:&quot;Calibri&quot;,sans-serif\"><a href=\"https:\/\/phys.org\/news\/2023-04-stab-resistant-fabric-gains-strength-carbon.html?utm_source=nwletter&amp;utm_medium=email&amp;utm_campaign=daily-nwletter\" style=\"color:blue; text-decoration:underline\"><span style=\"font-size:14.0pt\">Stab-resistant fabric gains strength from carbon nanotubes, polyacrylate<\/span><\/a><\/span><\/span><\/span><\/p>\r\n\r\n<p style=\"text-align:justify\"><span style=\"font-size:11pt\"><span style=\"line-height:normal\"><span style=\"font-family:&quot;Calibri&quot;,sans-serif\"><a href=\"https:\/\/techxplore.com\/news\/2023-04-cheaper-method-woven-displays-smart.html?utm_source=nwletter&amp;utm_medium=email&amp;utm_campaign=daily-nwletter\" style=\"color:blue; text-decoration:underline\"><span style=\"font-size:14.0pt\">A cheaper method for making woven displays and smart fabrics of any size or shape<\/span><\/a><\/span><\/span><\/span><\/p>\r\n\r\n<p style=\"text-align:justify\"><span style=\"font-size:11pt\"><span style=\"line-height:normal\"><span style=\"font-family:&quot;Calibri&quot;,sans-serif\"><a href=\"https:\/\/phys.org\/news\/2023-04-synthetic-biology-fashion-silk.html?utm_source=nwletter&amp;utm_medium=email&amp;utm_campaign=daily-nwletter\" style=\"color:blue; text-decoration:underline\"><span style=\"font-size:14.0pt\">Synthetic biology meets fashion in engineered silk<\/span><\/a><\/span><\/span><\/span><\/p>\r\n\r\n<p style=\"text-align:justify\"><span style=\"font-size:11pt\"><span style=\"line-height:normal\"><span style=\"font-family:&quot;Calibri&quot;,sans-serif\"><a href=\"https:\/\/www.meiofiltrante.com.br\/Noticia\/111923\/acordos-bilaterais-entre-brasil-e-alemanha-nos-campos-da-ciencia-tecnologia-e-inovacao-\" style=\"color:blue; text-decoration:underline\"><span style=\"font-size:14.0pt\">Acordos bilaterais entre Brasil e Alemanha nos campos da ci&ecirc;ncia, tecnologia e inova&ccedil;&atilde;o<\/span><\/a><\/span><\/span><\/span><\/p>\r\n\r\n<p class=\"MsoTitle\" style=\"text-align:justify\"><span style=\"font-size:28pt\"><span style=\"font-family:&quot;Cambria&quot;,serif\"><span style=\"letter-spacing:-0.5pt\"><b><span style=\"font-size:18.0pt\"><span style=\"font-family:&quot;Calibri&quot;,sans-serif\"><span style=\"font-variant:small-caps\">Com&eacute;rcio Exterior<\/span><\/span><\/span><\/b><\/span><\/span><\/span><\/p>\r\n\r\n<p style=\"text-align:justify\"><span style=\"font-size:11pt\"><span style=\"line-height:normal\"><span style=\"font-family:&quot;Calibri&quot;,sans-serif\"><a href=\"https:\/\/noticias.portaldaindustria.com.br\/noticias\/internacional\/metade-das-exportacoes-para-china-ue-e-argentina-enfrentam-barreiras\/\" style=\"color:blue; text-decoration:underline\"><span style=\"font-size:14.0pt\">Metade das exporta&ccedil;&otilde;es para China, UE e Argentina enfrentam barreiras<\/span><\/a><\/span><\/span><\/span><\/p>\r\n\r\n<p style=\"text-align:justify\"><span style=\"font-size:11pt\"><span style=\"line-height:normal\"><span style=\"font-family:&quot;Calibri&quot;,sans-serif\"><a href=\"https:\/\/economiaempauta.com\/mercosul-brasil-espera-fechar-acordo-com-uniao-europeia-ainda-este-ano\/\" style=\"color:blue; text-decoration:underline\"><span style=\"font-size:14.0pt\">Mercosul: Brasil espera fechar acordo com Uni&atilde;o Europeia ainda este ano<\/span><\/a><\/span><\/span><\/span><\/p>\r\n\r\n<p style=\"text-align:justify\"><span style=\"font-size:11pt\"><span style=\"line-height:normal\"><span style=\"font-family:&quot;Calibri&quot;,sans-serif\"><a href=\"https:\/\/exclusivo.com.br\/_conteudo\/negocios\/2023\/04\/13\/exportacoes-de-calcados-somam-uss-32844-milhoes-no-trimestre.html\" style=\"color:blue; text-decoration:underline\"><span style=\"font-size:14.0pt\">Exporta&ccedil;&otilde;es de cal&ccedil;ados somam US$ 328,44 milh&otilde;es no trimestre<\/span><\/a><\/span><\/span><\/span><\/p>\r\n\r\n<p style=\"text-align:justify\"><span style=\"font-size:11pt\"><span style=\"line-height:normal\"><span style=\"font-family:&quot;Calibri&quot;,sans-serif\"><a href=\"https:\/\/ndmais.com.br\/politica\/a-industria-textil-e-a-concorrencia-desleal\/\" style=\"color:blue; text-decoration:underline\"><span style=\"font-size:14.0pt\">A ind&uacute;stria t&ecirc;xtil e a concorr&ecirc;ncia desleal<\/span><\/a><\/span><\/span><\/span><\/p>\r\n\r\n<p style=\"text-align:justify\"><span style=\"font-size:11pt\"><span style=\"line-height:normal\"><span style=\"font-family:&quot;Calibri&quot;,sans-serif\"><a href=\"http:\/\/comunidadtextil.com\/wpnews\/2023\/04\/el-aumento-de-la-importacion-de-textiles-chinos-golpea-con-fuerza-a-la-industria-mexicana\/?utm_source=email_marketing&amp;utm_admin=28519&amp;utm_medium=email&amp;utm_campaign=NOTICIAS_de_las_Industrias_Textil_Confecciones_y_Moda\" style=\"color:blue; text-decoration:underline\"><span style=\"font-size:14.0pt\">El aumento de la importaci&oacute;n de textiles chinos golpea con fuerza a la industria mexicana<\/span><\/a><\/span><\/span><\/span><\/p>\r\n\r\n<p style=\"text-align:justify\"><span style=\"font-size:11pt\"><span style=\"line-height:normal\"><span style=\"font-family:&quot;Calibri&quot;,sans-serif\"><a href=\"https:\/\/agenciabrasil.ebc.com.br\/politica\/noticia\/2023-04\/brasil-assinara-13-acordos-com-portugal-e-quatro-com-espanha\" style=\"color:blue; text-decoration:underline\"><span style=\"font-size:14.0pt\">Brasil assinar&aacute; 13 acordos com Portugal e quatro com Espanha<\/span><\/a><\/span><\/span><\/span><\/p>\r\n\r\n<p style=\"text-align:justify\"><span style=\"font-size:11pt\"><span style=\"line-height:normal\"><span style=\"font-family:&quot;Calibri&quot;,sans-serif\"><a href=\"https:\/\/apexbrasil.com.br\/br\/pt\/conteudo\/noticias\/apexbrasil-lanca-estudo-perfil-pais-sobre-espanha-e-italia.html#msdynttrid=hE2WP3_BVqPYeY23KAynO2H2H2DdMIm47udc-R_xdgA\" style=\"color:blue; text-decoration:underline\"><span style=\"font-size:14.0pt\">ApexBrasil lan&ccedil;a estudo Perfil Pa&iacute;s sobre Espanha e It&aacute;lia<\/span><\/a><\/span><\/span><\/span><\/p>\r\n\r\n<p style=\"text-align:justify\"><span style=\"font-size:11pt\"><span style=\"line-height:normal\"><span style=\"font-family:&quot;Calibri&quot;,sans-serif\"><a href=\"https:\/\/www.band.uol.com.br\/noticias\/jornal-da-band\/ultimas\/acordos-assinados-entre-brasil-e-china-somam-r-50-bilhoes-16596833\" style=\"color:blue; text-decoration:underline\"><span style=\"font-size:14.0pt\">Acordos assinados entre Brasil e China somam R$ 50 bilh&otilde;es<\/span><\/a><\/span><\/span><\/span><\/p>\r\n\r\n<p style=\"text-align:justify\"><span style=\"font-size:11pt\"><span style=\"line-height:normal\"><span style=\"font-family:&quot;Calibri&quot;,sans-serif\"><a href=\"https:\/\/www.eiu.com\/n\/global-outlook-eu-relations-with-china\/\" style=\"color:blue; text-decoration:underline\"><span style=\"font-size:14.0pt\">Global Outlook: Europe&rsquo;s relations with China<\/span><\/a><\/span><\/span><\/span><\/p>\r\n\r\n<p class=\"MsoTitle\" style=\"text-align:justify\"><span style=\"font-size:28pt\"><span style=\"font-family:&quot;Cambria&quot;,serif\"><span style=\"letter-spacing:-0.5pt\"><b><span style=\"font-size:18.0pt\"><span style=\"font-family:&quot;Calibri&quot;,sans-serif\"><span style=\"font-variant:small-caps\">Economia<\/span><\/span><\/span><\/b><\/span><\/span><\/span><\/p>\r\n\r\n<p style=\"text-align:justify\"><span style=\"font-size:11pt\"><span style=\"line-height:normal\"><span style=\"font-family:&quot;Calibri&quot;,sans-serif\"><a href=\"https:\/\/www.bcb.gov.br\/content\/focus\/focus\/R20230324.pdf\" style=\"color:blue; text-decoration:underline\"><span style=\"font-size:14.0pt\">Focus &ndash; Relat&oacute;rio de Mercado<\/span><\/a><\/span><\/span><\/span><\/p>\r\n\r\n<p style=\"text-align:justify\"><span style=\"font-size:11pt\"><span style=\"line-height:normal\"><span style=\"font-family:&quot;Calibri&quot;,sans-serif\"><a href=\"https:\/\/www.youtube.com\/watch?v=BdnbtxU4QVk\" style=\"color:blue; text-decoration:underline\"><span style=\"font-size:14.0pt\">Reforma Tribut&aacute;ria: propostas e impactos<\/span><\/a><\/span><\/span><\/span><\/p>\r\n\r\n<p style=\"text-align:justify\"><span style=\"font-size:11pt\"><span style=\"line-height:normal\"><span style=\"font-family:&quot;Calibri&quot;,sans-serif\"><a href=\"https:\/\/www.fibre2fashion.com\/news\/textile-news\/2023-global-growth-projected-to-drop-to-2-1-unctad-report-286937-newsdetails.htm\" style=\"color:blue; text-decoration:underline\"><span style=\"font-size:14.0pt\">2023 global growth projected to drop to 2.1%: UNCTAD report<\/span><\/a><\/span><\/span><\/span><\/p>\r\n\r\n<p style=\"text-align:justify\"><span style=\"font-size:11pt\"><span style=\"line-height:normal\"><span style=\"font-family:&quot;Calibri&quot;,sans-serif\"><a href=\"https:\/\/www.em.com.br\/app\/noticia\/internacional\/2023\/04\/18\/interna_internacional,1482728\/economia-da-china-cresce-4-5-no-primeiro-trimestre-apos-fim-das-medidas-an.shtml\" style=\"color:blue; text-decoration:underline\"><span style=\"font-size:14.0pt\">Economia da China cresce 4,5% no primeiro trimestre ap&oacute;s fim das medidas anticovid<\/span><\/a><\/span><\/span><\/span><\/p>\r\n\r\n<p style=\"text-align:justify\"><span style=\"font-size:11pt\"><span style=\"line-height:normal\"><span style=\"font-family:&quot;Calibri&quot;,sans-serif\"><a href=\"https:\/\/www.fibre2fashion.com\/news\/textile-news\/euro-area-s-annual-inflation-slips-to-6-9-in-mar-2023-eurostat-287070-newsdetails.htm\" style=\"color:blue; text-decoration:underline\"><span style=\"font-size:14.0pt\">Euro area&#39;s annual inflation slips to 6.9% in Mar 2023: Eurostat<\/span><\/a><\/span><\/span><\/span><\/p>\r\n","texto_en":"","7":"","imagem":"COMP_banner-padrao-home-destaques-boletim-2023_202304271937497211KSXcWY.jpeg","8":"COMP_banner-padrao-home-destaques-boletim-2023_202304271937497211KSXcWY.jpeg","arquivo":"20230425-NOTICIAS-SEMANAIS.PDF","9":"20230425-NOTICIAS-SEMANAIS.PDF","titulo_arquivo":"","10":"","titulo_arquivo_en":"","11":"","created_at":"2023-04-27 19:37:58","12":"2023-04-27 19:37:58","updated_at":"2023-04-27 19:37:58","13":"2023-04-27 19:37:58"},{"id":61,"0":61,"ordem":162,"1":162,"data":"2023-04-18","2":"2023-04-18","slug":"boletim-de-noticias-semanais-58","3":"boletim-de-noticias-semanais-58","titulo":"Boletim de Not\u00edcias Semanais","4":"Boletim de Not\u00edcias Semanais","titulo_en":"","5":"","texto":"<p style=\"text-align:justify\"><span style=\"font-size:11pt\"><span style=\"line-height:normal\"><span style=\"font-family:&quot;Calibri&quot;,sans-serif\"><span style=\"font-size:14.0pt\">Esta &eacute; uma compila&ccedil;&atilde;o das not&iacute;cias mais relevantes para o setor, incluindo informa&ccedil;&otilde;es sobre acordos internacionais, economia brasileira, sustentabilidade e mat&eacute;rias primas, al&eacute;m de novidades do setor de N&atilde;otecidos e Tecidos T&eacute;cnicos.<\/span><\/span><\/span><\/span><\/p>\r\n\r\n<p class=\"MsoTitleCxSpLast\" style=\"text-align:justify\"><span style=\"font-size:28pt\"><span style=\"font-family:&quot;Cambria&quot;,serif\"><span style=\"letter-spacing:-0.5pt\"><b><span style=\"font-size:18.0pt\"><span style=\"font-family:&quot;Calibri&quot;,sans-serif\"><span style=\"font-variant:small-caps\">A&ccedil;&otilde;es da ABINT<\/span><\/span><\/span><\/b><\/span><\/span><\/span><\/p>\r\n\r\n<p class=\"MsoTitleCxSpLast\" style=\"text-align:justify\"><span style=\"font-size:28pt\"><span style=\"font-family:&quot;Cambria&quot;,serif\"><span style=\"letter-spacing:-0.5pt\"><b><span style=\"font-size:18.0pt\"><span style=\"font-family:&quot;Calibri&quot;,sans-serif\"><span style=\"font-variant:small-caps\"><img src=\"https:\/\/www.abint.org.br\/assets\/img\/editor\/ctg-patrocinador-regeo-2023_20230418164538JJhZ2Qlyo2.jpeg\" style=\"width: 300px; height: 300px;\" \/><\/span><\/span><\/span><\/b><\/span><\/span><\/span><\/p>\r\n\r\n<p style=\"text-align:justify\"><span style=\"font-size:11pt\"><span style=\"line-height:normal\"><span style=\"font-family:&quot;Calibri&quot;,sans-serif\"><b><span style=\"font-size:14.0pt\"><span style=\"font-variant:small-caps\">O CTG ABINT <\/span><\/span><\/b><b><span style=\"font-size:14.0pt\">marcar&aacute; presen&ccedil;a<\/span><\/b><span style=\"font-size:14.0pt\"> nos eventos <b>X Congresso Brasileiro de Geotecnia Ambiental &amp; IX Congresso Brasileiro de Geossint&eacute;ticos - REGEO&rsquo;23 &amp; Geossint&eacute;ticos&rsquo;23<\/b>, que ocorrer&atilde;o de 18 a 21 de julho de 2023, Centro Universit&aacute;rio Jorge Amado &ndash; UNIJORGE, Salvador, BA.<\/span><\/span><\/span><\/span><\/p>\r\n\r\n<p style=\"text-align:justify\"><span style=\"font-size:11pt\"><span style=\"line-height:normal\"><span style=\"font-family:&quot;Calibri&quot;,sans-serif\"><a href=\"https:\/\/regeogeossinteticos23.com.br\/\" style=\"color:blue; text-decoration:underline\"><span style=\"font-size:14.0pt\">Mais informa&ccedil;&otilde;es e inscri&ccedil;&otilde;es<\/span><\/a><\/span><\/span><\/span><\/p>\r\n\r\n<p style=\"text-align:justify\">&nbsp;<\/p>\r\n\r\n<p style=\"text-align:justify\"><span style=\"font-size:11pt\"><span style=\"line-height:normal\"><span style=\"font-family:&quot;Calibri&quot;,sans-serif\"><span style=\"font-size:14.0pt\"><img src=\"https:\/\/www.abint.org.br\/assets\/img\/editor\/minicurso-fernando-regeo-2023_20230418164614KdF3ffeKtL.jpeg\" style=\"width: 300px; height: 300px;\" \/><\/span><\/span><\/span><\/span><\/p>\r\n\r\n<p style=\"text-align:justify\"><span style=\"font-size:11pt\"><span style=\"line-height:normal\"><span style=\"font-family:&quot;Calibri&quot;,sans-serif\"><b><span style=\"font-size:14.0pt\">O Eng. Fernando Lavoie, Coordenador do CTG ABINT, ministrar&aacute; Minicurso durante o Regeo&rsquo;23 &amp; Geossint&eacute;ticos&rsquo;23. <\/span><\/b><\/span><\/span><\/span><\/p>\r\n\r\n<p style=\"text-align:justify\"><span style=\"font-size:11pt\"><span style=\"line-height:normal\"><span style=\"font-family:&quot;Calibri&quot;,sans-serif\"><span class=\"MsoHyperlink\" style=\"color:blue\"><span style=\"text-decoration:underline\"><span style=\"font-size:14.0pt\"><a href=\"https:\/\/regeogeossinteticos23.com.br\/inscricoes\/\" style=\"color:blue; text-decoration:underline\">Inscreva-se!<\/a><\/span><\/span><\/span><\/span><\/span><\/span><\/p>\r\n\r\n<p class=\"MsoTitleCxSpLast\" style=\"text-align:justify\">&nbsp;<\/p>\r\n\r\n<p class=\"MsoTitleCxSpLast\" style=\"text-align:justify\"><span style=\"font-size:28pt\"><span style=\"font-family:&quot;Cambria&quot;,serif\"><span style=\"letter-spacing:-0.5pt\"><span style=\"font-size:14.0pt\"><span style=\"font-family:&quot;Calibri&quot;,sans-serif\"><span style=\"letter-spacing:0pt\"><img src=\"https:\/\/www.abint.org.br\/assets\/img\/editor\/premio-tcc-ic-2023-arte-5_20230418164905bUyXlTg6Be.png\" style=\"width: 300px; height: 300px;\" \/><\/span><\/span><\/span><\/span><\/span><\/span><\/p>\r\n\r\n<p style=\"text-align:justify\"><span style=\"font-size:11pt\"><span style=\"line-height:115%\"><span style=\"font-family:&quot;Calibri&quot;,sans-serif\"><b><span style=\"font-size:14.0pt\"><span style=\"line-height:115%\">O CTG ABINT e a IGS BRASIL<\/span><\/span><\/b><span style=\"font-size:14.0pt\"><span style=\"line-height:115%\"> convidam aqueles que desenvolveram trabalhos acad&ecirc;micos relacionados aos geossint&eacute;ticos a participarem&nbsp;de mais uma edi&ccedil;&atilde;o do Pr&ecirc;mio TCC\/IC. <\/span><\/span><\/span><\/span><\/span><\/p>\r\n\r\n<p style=\"text-align:justify\"><span style=\"font-size:11.0pt\"><span style=\"line-height:115%\"><span style=\"font-family:&quot;Calibri&quot;,sans-serif\"><a href=\"https:\/\/abint.us2.list-manage.com\/track\/click?u=88818ac6bf44316570fc1bc2f&amp;id=46b014bcf1&amp;e=626265ad22\" style=\"color:blue; text-decoration:underline\" target=\"_blank\"><span style=\"font-size:14.0pt\"><span style=\"line-height:115%\"><span style=\"color:blue\">Mais informa&ccedil;&otilde;es e inscri&ccedil;&otilde;es<\/span><\/span><\/span><\/a><\/span><\/span><\/span><\/p>\r\n\r\n<p style=\"text-align:justify\">&nbsp;<\/p>\r\n\r\n<p style=\"text-align:justify\"><span style=\"font-size:11.0pt\"><span style=\"line-height:115%\"><span style=\"font-family:&quot;Calibri&quot;,sans-serif\"><span style=\"font-size:14.0pt\"><span style=\"line-height:115%\"><span style=\"color:blue\"><img src=\"https:\/\/www.abint.org.br\/assets\/img\/editor\/itma-2023-abint-english-417x250_20230418165740SQjL4ud9vL.jpg\" \/><\/span><\/span><\/span><\/span><\/span><\/span><\/p>\r\n\r\n<p style=\"text-align:justify\"><span style=\"font-size:11pt\"><span style=\"line-height:normal\"><span style=\"font-family:&quot;Calibri&quot;,sans-serif\"><b><span style=\"font-size:14.0pt\">A ABINT apoia a ITMA 2023<\/span><\/b><\/span><\/span><\/span><\/p>\r\n\r\n<p style=\"text-align:justify\"><span style=\"font-size:11pt\"><span style=\"line-height:normal\"><span style=\"font-family:&quot;Calibri&quot;,sans-serif\"><span style=\"font-size:14.0pt\">A 19&ordf; edi&ccedil;&atilde;o da maior exposi&ccedil;&atilde;o internacional de tecnologia t&ecirc;xtil e de vestu&aacute;rio do mundo acontecer&aacute; em Mil&atilde;o, It&aacute;lia, de 08 a 14 de junho de 2023.<\/span><\/span><\/span><\/span><\/p>\r\n\r\n<p style=\"text-align:justify\"><span style=\"font-size:11pt\"><span style=\"line-height:normal\"><span style=\"font-family:&quot;Calibri&quot;,sans-serif\"><a href=\"https:\/\/itma.com\/\" style=\"color:blue; text-decoration:underline\"><span style=\"font-size:14.0pt\">Informa&ccedil;&otilde;es<\/span><\/a><\/span><\/span><\/span><\/p>\r\n\r\n<p style=\"text-align:justify\">&nbsp;<\/p>\r\n\r\n<p style=\"text-align:justify\"><span style=\"font-size:11pt\"><span style=\"line-height:normal\"><span style=\"font-family:&quot;Calibri&quot;,sans-serif\"><b><span style=\"font-size:18.0pt\"><span style=\"font-variant:small-caps\">Eventos<\/span><\/span><\/b><\/span><\/span><\/span><\/p>\r\n\r\n<p style=\"text-align:justify\"><span style=\"font-size:11pt\"><span style=\"line-height:normal\"><span style=\"font-family:&quot;Calibri&quot;,sans-serif\"><b><span style=\"font-size:14.0pt\">SENAI-CETIQT | Webinar: Mercado Global de Comp&oacute;sitos, <\/span><\/b><span style=\"font-size:14.0pt\">19 de abril de 2023, 10h00, online. <\/span><a href=\"https:\/\/app.rdstation.email\/mail\/0bc13dd8-f1f8-424a-bfc3-4c3a46c934a6?utm_campaign=senai_cetiqt___live_mercado_global_de_materiais_compositos&amp;utm_medium=email&amp;utm_source=RD+Station\" style=\"color:blue; text-decoration:underline\"><span style=\"font-size:14.0pt\">Informa&ccedil;&otilde;es<\/span><\/a><\/span><\/span><\/span><\/p>\r\n\r\n<p style=\"text-align:justify\"><span style=\"font-size:11pt\"><span style=\"line-height:normal\"><span style=\"font-family:&quot;Calibri&quot;,sans-serif\"><b><span style=\"font-size:14.0pt\">INDEX 2023<\/span><\/b><span style=\"font-size:14.0pt\">, 18 a 21 de abril, Palexpo, Genebra, Su&iacute;&ccedil;a<b>.<\/b><\/span> <a href=\"https:\/\/www.indexnonwovens.com\/en\/\" style=\"color:blue; text-decoration:underline\"><span style=\"font-size:14.0pt\">Informa&ccedil;&otilde;es<\/span><\/a><\/span><\/span><\/span><\/p>\r\n\r\n<p style=\"text-align:justify\"><span style=\"font-size:11pt\"><span style=\"line-height:normal\"><span style=\"font-family:&quot;Calibri&quot;,sans-serif\"><b><span style=\"font-size:14.0pt\">Instituto Inova Cidade | Transi&ccedil;&atilde;o para nova Lei de Licita&ccedil;&otilde;es - 4a edi&ccedil;&atilde;o<\/span><\/b><span style=\"font-size:14.0pt\">, 24 de abril de 2023, 09h00 &agrave;s 16h00.<\/span> <a href=\"https:\/\/institutoinovacidades.com.br\/cursos\/60\/transicao-para-nova-lei-de-licitacoes\" style=\"color:blue; text-decoration:underline\"><span style=\"font-size:14.0pt\">Informa&ccedil;&otilde;es<\/span><\/a><\/span><\/span><\/span><\/p>\r\n\r\n<p style=\"text-align:justify\"><span style=\"font-size:11pt\"><span style=\"line-height:normal\"><span style=\"font-family:&quot;Calibri&quot;,sans-serif\"><b><span style=\"font-size:14.0pt\">Abical&ccedil;ados | An&aacute;lise de Cen&aacute;rios de 2023, <\/span><\/b><span style=\"font-size:14.0pt\">25 de abril, 15h30, evento online. <\/span><a href=\"https:\/\/lp.abicalcados.com.br\/lp-analise-de-cenarios-2023?utm_campaign=analise_de_cenarios_de_2023&amp;utm_medium=email&amp;utm_source=RD+Station\" style=\"color:blue; text-decoration:underline\"><span style=\"font-size:14.0pt\">Informa&ccedil;&otilde;es<\/span><\/a> <\/span><\/span><\/span><\/p>\r\n\r\n<p style=\"text-align:justify\"><span style=\"font-size:11pt\"><span style=\"line-height:normal\"><span style=\"font-family:&quot;Calibri&quot;,sans-serif\"><b><span style=\"font-size:14.0pt\">Transi&ccedil;&atilde;o para Nova Lei de Licita&ccedil;&otilde;es<\/span><\/b><span style=\"font-size:14.0pt\">, 25 de abril de 2023, 09h00 &agrave;s 16h00, transmiss&atilde;o via Zoom.<\/span> <a href=\"https:\/\/docs.google.com\/forms\/d\/1CvjDdKsewYazBc6_Kpl9_-iyEPUt2ISmW6sdlSs2N5U\/viewform?edit_requested=true\" style=\"color:blue; text-decoration:underline\"><span style=\"font-size:14.0pt\">Informa&ccedil;&otilde;es<\/span><\/a><\/span><\/span><\/span><\/p>\r\n\r\n<p style=\"text-align:justify\"><span style=\"font-size:11pt\"><span style=\"line-height:normal\"><span style=\"font-family:&quot;Calibri&quot;,sans-serif\"><b><span style=\"font-size:14.0pt\">FGV IBRE | Di&aacute;logos Estrat&eacute;gicos - Economia, Pol&iacute;tica e Energia, <\/span><\/b><span style=\"font-size:14.0pt\">25 de abril de 2023, 10h00 &agrave;s 12h00, evento h&iacute;brido.<\/span> <a href=\"https:\/\/cloud.crm.ibp.org.br\/dialogos-estrategicos-4-edicao?j=117223&amp;sfmc_sub=5553845&amp;l=527_HTML&amp;u=2475566&amp;mid=514012082&amp;jb=0\" style=\"color:blue; text-decoration:underline\"><span style=\"font-size:14.0pt\">Informa&ccedil;&otilde;es<\/span><\/a><span class=\"MsoHyperlink\" style=\"color:blue\"><span style=\"text-decoration:underline\"><span style=\"font-size:14.0pt\"><span style=\"text-decoration:none\"><span style=\"text-underline:none\"> \/ <\/span><\/span><\/span><\/span><\/span><a href=\"https:\/\/www.ibp.org.br\/personalizado\/uploads\/2023\/03\/economia-politica-e-energia-dialogos-estrategicos-3o-edicao.pdf?j=117223&amp;sfmc_sub=4029198&amp;l=527_HTML&amp;u=2475567&amp;mid=514012082&amp;jb=0\" style=\"color:blue; text-decoration:underline\"><span style=\"font-size:14.0pt\">Material<\/span><\/a><\/span><\/span><\/span><\/p>\r\n\r\n<p style=\"text-align:justify\"><span style=\"font-size:11pt\"><span style=\"line-height:normal\"><span style=\"font-family:&quot;Calibri&quot;,sans-serif\"><b><span style=\"font-size:14.0pt\">FGV IBRE | &quot;Pol&iacute;tica Fiscal e Infla&ccedil;&atilde;o&quot;<\/span><\/b><span style=\"font-size:14.0pt\">, 26 de abril de 2023, 14h00 &agrave;s 16h00, evento h&iacute;brido: presencial Praia de Botafogo, 190, 12&ordm; andar, Rio de Janeiro, ou transmiss&atilde;o via YouTube. <\/span><a href=\"https:\/\/evento.fgv.br\/monitorfiscal\/\" style=\"color:blue; text-decoration:underline\"><span style=\"font-size:14.0pt\">Informa&ccedil;&otilde;es<\/span><\/a><span style=\"font-size:14.0pt\"> <\/span><\/span><\/span><\/span><\/p>\r\n\r\n<p style=\"text-align:justify\"><span style=\"font-size:11pt\"><span style=\"line-height:normal\"><span style=\"font-family:&quot;Calibri&quot;,sans-serif\"><b><span style=\"font-size:14.0pt\">Bioplastics Brazil 2023 - Congresso cient&iacute;fico internacional sobre biopl&aacute;sticos<\/span><\/b><span class=\"MsoHyperlink\" style=\"color:blue\"><span style=\"text-decoration:underline\"><span style=\"font-size:14.0pt\"><span style=\"text-decoration:none\"><span style=\"text-underline:none\">, <\/span><\/span><\/span><\/span><\/span><span style=\"font-size:14.0pt\">26 e 27 Abril de 2023, Audit&oacute;rio da ABIMAQ<\/span><span class=\"MsoHyperlink\" style=\"color:blue\"><span style=\"text-decoration:underline\"><span style=\"font-size:14.0pt\"><span style=\"text-decoration:none\"><span style=\"text-underline:none\">. <\/span><\/span><\/span><\/span><\/span><a href=\"https:\/\/www.bioplasticsbrazil.com\/\" style=\"color:blue; text-decoration:underline\"><span style=\"font-size:14.0pt\">Informa&ccedil;&otilde;es<\/span><\/a> <\/span><\/span><\/span><\/p>\r\n\r\n<p style=\"text-align:justify\"><span style=\"font-size:11pt\"><span style=\"line-height:normal\"><span style=\"font-family:&quot;Calibri&quot;,sans-serif\"><b><span style=\"font-size:14.0pt\">BIOTEXFUTURE Spring Forum<\/span><\/b><span class=\"MsoHyperlink\" style=\"color:blue\"><span style=\"text-decoration:underline\"><span style=\"font-size:14.0pt\"><span style=\"text-decoration:none\"><span style=\"text-underline:none\">, <\/span><\/span><\/span><\/span><\/span><span style=\"font-size:14.0pt\">3rd May 2023, Aachen, Germany<\/span><span class=\"MsoHyperlink\" style=\"color:blue\"><span style=\"text-decoration:underline\"><span style=\"font-size:14.0pt\"><span style=\"text-decoration:none\"><span style=\"text-underline:none\">. <\/span><\/span><\/span><\/span><\/span><a href=\"https:\/\/campusforum.rwth-campus.com\/en\/events\/event\/?event_id=230224-41332-DG-99998:41332\" style=\"color:blue; text-decoration:underline\"><span style=\"font-size:14.0pt\">Informa&ccedil;&otilde;es<\/span><\/a> <\/span><\/span><\/span><\/p>\r\n\r\n<p style=\"text-align:justify\"><span style=\"font-size:11pt\"><span style=\"line-height:normal\"><span style=\"font-family:&quot;Calibri&quot;,sans-serif\"><b><span style=\"font-size:14.0pt\">Sustainability as a competitive advantage for the textile industry<\/span><\/b><span style=\"font-size:14.0pt\">, Thursday 4 May 2023, 11 am (Brazil), online.<\/span> <a href=\"https:\/\/wtin-summit.zoom.us\/webinar\/register\/4116812878294\/WN_6AEJUN7EQliN6NssEe3Arg#\/registration\" style=\"color:blue; text-decoration:underline\"><span style=\"font-size:14.0pt\">Informa&ccedil;&otilde;es<\/span><\/a>  <\/span><\/span><\/span><\/p>\r\n\r\n<p style=\"text-align:justify\"><span style=\"font-size:11pt\"><span style=\"line-height:normal\"><span style=\"font-family:&quot;Calibri&quot;,sans-serif\"><b><span style=\"font-size:14.0pt\">The 92nd Textile Institute World Conference: &ldquo;Sustainability of the Textile and Fashion Supply Chain &ndash; Transitioning to Zero Carbon and Zero Waste&rdquo;, <\/span><\/b><span style=\"font-size:14.0pt\">3-6 July 2023, University of Huddersfield, UK. <\/span><a href=\"https:\/\/www.textileinstitute.org\/events\/tiwc\/\" style=\"color:blue; text-decoration:underline\"><span style=\"font-size:14.0pt\">Informa&ccedil;&otilde;es<\/span><\/a> <\/span><\/span><\/span><\/p>\r\n\r\n<p class=\"MsoTitle\" style=\"text-align:justify\"><span style=\"font-size:28pt\"><span style=\"font-family:&quot;Cambria&quot;,serif\"><span style=\"letter-spacing:-0.5pt\"><b><span style=\"font-size:18.0pt\"><span style=\"font-family:&quot;Calibri&quot;,sans-serif\"><span style=\"font-variant:small-caps\">Setor<\/span><\/span><\/span><\/b><\/span><\/span><\/span><\/p>\r\n\r\n<p style=\"text-align:justify\"><span style=\"font-size:11pt\"><span style=\"line-height:normal\"><span style=\"font-family:&quot;Calibri&quot;,sans-serif\"><a href=\"https:\/\/ciclovivo.com.br\/arq-urb\/arquitetura\/fibra-de-canhamo-material-revolucionar-construcao-civil\/\" style=\"color:blue; text-decoration:underline\"><span style=\"font-size:14.0pt\">Fibra de c&acirc;nhamo: material pode revolucionar a constru&ccedil;&atilde;o civil<\/span><\/a><\/span><\/span><\/span><\/p>\r\n\r\n<p style=\"text-align:justify\"><span style=\"font-size:11pt\"><span style=\"line-height:normal\"><span style=\"font-family:&quot;Calibri&quot;,sans-serif\"><span class=\"MsoHyperlink\" style=\"color:blue\"><span style=\"text-decoration:underline\"><span style=\"font-size:14.0pt\"><span style=\"text-decoration:none\"><span style=\"text-underline:none\"><a href=\"https:\/\/plasticosemrevista.com.br\/pp-encara-uma-encruzilhada-na-china\/\" style=\"color:blue; text-decoration:underline\">PP encara uma encruzilhada na China<\/a><\/span><\/span><\/span><\/span><\/span><\/span><\/span><\/span><\/p>\r\n\r\n<p style=\"text-align:justify\"><span style=\"font-size:11pt\"><span style=\"line-height:normal\"><span style=\"font-family:&quot;Calibri&quot;,sans-serif\"><a href=\"https:\/\/www.technicaltextile.net\/news\/european-nonwovens-production-higher-than-pre-covid-edana-286818.html\" style=\"color:blue; text-decoration:underline\"><span style=\"font-size:14.0pt\">European nonwovens&#39; production higher than pre-COVID: EDANA<\/span><\/a><\/span><\/span><\/span><\/p>\r\n\r\n<p style=\"text-align:justify\"><span style=\"font-size:11pt\"><span style=\"line-height:normal\"><span style=\"font-family:&quot;Calibri&quot;,sans-serif\"><a href=\"https:\/\/plasticosemrevista.com.br\/rafia-recuo-atipico-no-balanco-de-2022-da-afipol\/\" style=\"color:blue; text-decoration:underline\"><span style=\"font-size:14.0pt\">R&aacute;fia: recuo at&iacute;pico no balan&ccedil;o de 2022 da Afipol<\/span><\/a><\/span><\/span><\/span><\/p>\r\n\r\n<p style=\"text-align:justify\"><span style=\"font-size:11pt\"><span style=\"line-height:normal\"><span style=\"font-family:&quot;Calibri&quot;,sans-serif\"><a href=\"https:\/\/tissueonline.com.br\/com-foco-em-esg-softys-aposta-em-ampliacao-de-portfolio-de-cuidados-pessoais\/?utm_campaign=newsletter_14042023_novo_modelo&amp;utm_medium=email&amp;utm_source=RD+Station\" style=\"color:blue; text-decoration:underline\"><span style=\"font-size:14.0pt\">Com foco em ESG, Softys aposta em amplia&ccedil;&atilde;o de portf&oacute;lio de cuidados pessoais<\/span><\/a><\/span><\/span><\/span><\/p>\r\n\r\n<p style=\"text-align:justify\"><span style=\"font-size:11pt\"><span style=\"line-height:normal\"><span style=\"font-family:&quot;Calibri&quot;,sans-serif\"><a href=\"https:\/\/tissueonline.com.br\/fabricante-de-fraldas-anuncia-nova-fabrica-no-estado-do-rio-de-janeiro\/?utm_campaign=newsletter_14042023_novo_modelo&amp;utm_medium=email&amp;utm_source=RD+Station\" style=\"color:blue; text-decoration:underline\"><span style=\"font-size:14.0pt\">Fabricante de fraldas anuncia nova f&aacute;brica no estado do Rio de Janeiro<\/span><\/a><\/span><\/span><\/span><\/p>\r\n\r\n<p class=\"MsoTitle\" style=\"text-align:justify\"><span style=\"font-size:28pt\"><span style=\"font-family:&quot;Cambria&quot;,serif\"><span style=\"letter-spacing:-0.5pt\"><b><span style=\"font-size:18.0pt\"><span style=\"font-family:&quot;Calibri&quot;,sans-serif\"><span style=\"font-variant:small-caps\">Ind&uacute;stria<\/span><\/span><\/span><\/b><\/span><\/span><\/span><\/p>\r\n\r\n<p style=\"text-align:justify\"><span style=\"font-size:11pt\"><span style=\"line-height:normal\"><span style=\"font-family:&quot;Calibri&quot;,sans-serif\"><a href=\"https:\/\/static.portaldaindustria.com.br\/portaldaindustria\/noticias\/media\/filer_public\/0e\/ce\/0ecea0dc-3ec0-4f74-be91-d1f5b28c4e7b\/icei_abril_2023.pdf\" style=\"color:blue; text-decoration:underline\"><span style=\"font-size:14.0pt\">Ind&uacute;stria v&ecirc; piora da economia em abril e confian&ccedil;a do setor cai<\/span><\/a><\/span><\/span><\/span><\/p>\r\n\r\n<p style=\"text-align:justify\"><span style=\"font-size:11pt\"><span style=\"line-height:normal\"><span style=\"font-family:&quot;Calibri&quot;,sans-serif\"><a href=\"https:\/\/agenciabrasil.ebc.com.br\/economia\/noticia\/2023-04\/producao-de-veiculos-aumenta-8-no-primeiro-trimestre\" style=\"color:blue; text-decoration:underline\"><span style=\"font-size:14.0pt\">Anfavea: Produ&ccedil;&atilde;o de ve&iacute;culos aumenta 8% no primeiro trimestre<\/span><\/a><\/span><\/span><\/span><\/p>\r\n\r\n<p style=\"text-align:justify\"><span style=\"font-size:11pt\"><span style=\"line-height:normal\"><span style=\"font-family:&quot;Calibri&quot;,sans-serif\"><a href=\"https:\/\/mercadoeconsumo.com.br\/12\/04\/2023\/economia\/praticas-esg-inovacao-e-gerenciamento-de-riscos-dominarao-setor-de-construcao-em-2030\/?utm_campaign=news_1204__-_geral&amp;utm_medium=email&amp;utm_source=RD+Station\" style=\"color:blue; text-decoration:underline\"><span style=\"font-size:14.0pt\">Pr&aacute;ticas ESG, inova&ccedil;&atilde;o e gerenciamento de riscos dominar&atilde;o setor de constru&ccedil;&atilde;o em 2030<\/span><\/a><\/span><\/span><\/span><\/p>\r\n\r\n<p style=\"text-align:justify\"><span style=\"font-size:11pt\"><span style=\"line-height:normal\"><span style=\"font-family:&quot;Calibri&quot;,sans-serif\"><a href=\"https:\/\/plasticosemrevista.com.br\/inseguranca-juridica-contribui-para-deficit-das-redes-de-agua-e-esgoto\/\" style=\"color:blue; text-decoration:underline\"><span style=\"font-size:14.0pt\">Inseguran&ccedil;a jur&iacute;dica contribui para d&eacute;ficit das redes de &aacute;gua e esgoto<\/span><\/a><\/span><\/span><\/span><\/p>\r\n\r\n<p style=\"text-align:justify\"><span style=\"font-size:11pt\"><span style=\"line-height:normal\"><span style=\"font-family:&quot;Calibri&quot;,sans-serif\"><a href=\"https:\/\/epbr.com.br\/uma-perspectiva-internacional-da-politica-industrial-no-processo-de-transicao-energetica\/?utm_source=newsletters+epbr&amp;utm_campaign=2c86856974-epbr-comece-seu-dia_20230313_COPY_01&amp;utm_medium=email&amp;utm_term=0_5931171aac-2c86856974-466362780\" style=\"color:blue; text-decoration:underline\"><span style=\"font-size:14.0pt\">Uma perspectiva internacional da pol&iacute;tica industrial no processo de transi&ccedil;&atilde;o energ&eacute;tica<\/span><\/a><\/span><\/span><\/span><\/p>\r\n\r\n<p style=\"text-align:justify\"><span style=\"font-size:11pt\"><span style=\"line-height:normal\"><span style=\"font-family:&quot;Calibri&quot;,sans-serif\"><a href=\"https:\/\/www.fibre2fashion.com\/news\/textile-news\/global-business-situation-shows-downward-trend-gtis-286932-newsdetails.htm\" style=\"color:blue; text-decoration:underline\"><span style=\"font-size:14.0pt\">Global business situation shows downward trend: GTIS<\/span><\/a><\/span><\/span><\/span><\/p>\r\n\r\n<p class=\"MsoTitle\" style=\"text-align:justify\"><span style=\"font-size:28pt\"><span style=\"font-family:&quot;Cambria&quot;,serif\"><span style=\"letter-spacing:-0.5pt\"><b><span style=\"font-size:18.0pt\"><span style=\"font-family:&quot;Calibri&quot;,sans-serif\"><span style=\"font-variant:small-caps\">Sustentabilidade<\/span><\/span><\/span><\/b><\/span><\/span><\/span><\/p>\r\n\r\n<p style=\"text-align:justify\"><span style=\"font-size:11pt\"><span style=\"line-height:normal\"><span style=\"font-family:&quot;Calibri&quot;,sans-serif\"><a href=\"https:\/\/www.balcaoautomotivo.com\/2023\/04\/12\/abrafiltros-supera-meta-de-reciclagem-de-filtros-do-oleo-automotivo-em-2022\/\" style=\"color:blue; text-decoration:underline\"><span style=\"font-size:14.0pt\">Abrafiltros supera meta de reciclagem de filtros do &oacute;leo automotivo em 2022<\/span><\/a><\/span><\/span><\/span><\/p>\r\n\r\n<p style=\"text-align:justify\"><span style=\"font-size:11pt\"><span style=\"line-height:normal\"><span style=\"font-family:&quot;Calibri&quot;,sans-serif\"><a href=\"https:\/\/noticias.uol.com.br\/ultimas-noticias\/rfi\/2023\/04\/16\/japao-paises-do-g7-se-prometem-acelerar-saida-das-energias-fosseis-e-acabar-com-poluicao-plastica.htm\" style=\"color:blue; text-decoration:underline\"><span style=\"font-size:14.0pt\">Jap&atilde;o: pa&iacute;ses do G7 se prometem acelerar sa&iacute;da das energias f&oacute;sseis e acabar com polui&ccedil;&atilde;o pl&aacute;stica<\/span><\/a><\/span><\/span><\/span><\/p>\r\n\r\n<p style=\"text-align:justify\"><span style=\"font-size:11pt\"><span style=\"line-height:normal\"><span style=\"font-family:&quot;Calibri&quot;,sans-serif\"><a href=\"https:\/\/phys.org\/news\/2023-04-microplastics-river-thames-lockdown-due.html?utm_source=nwletter&amp;utm_medium=email&amp;utm_campaign=daily-nwletter\" style=\"color:blue; text-decoration:underline\"><span style=\"font-size:14.0pt\">77% more microplastics found in River Thames during lockdown may be due to discarded face masks and PPE, research shows<\/span><\/a><\/span><\/span><\/span><\/p>\r\n\r\n<p class=\"MsoTitle\" style=\"text-align:justify\"><span style=\"font-size:28pt\"><span style=\"font-family:&quot;Cambria&quot;,serif\"><span style=\"letter-spacing:-0.5pt\"><b><span style=\"font-size:18.0pt\"><span style=\"font-family:&quot;Calibri&quot;,sans-serif\"><span style=\"font-variant:small-caps\">Inova&ccedil;&atilde;o<\/span><\/span><\/span><\/b><\/span><\/span><\/span><\/p>\r\n\r\n<p style=\"text-align:justify\"><span style=\"font-size:11pt\"><span style=\"line-height:normal\"><span style=\"font-family:&quot;Calibri&quot;,sans-serif\"><a href=\"https:\/\/motonewsbrasil.com\/yamaha-incorpora-polipropileno-reciclado-ecologico-de-nova-geracao-em-seus-modelos\/\" style=\"color:blue; text-decoration:underline\"><span style=\"font-size:14.0pt\">Yamaha incorpora polipropileno reciclado ecol&oacute;gico de nova gera&ccedil;&atilde;o em seus modelos<\/span><\/a><\/span><\/span><\/span><\/p>\r\n\r\n<p style=\"text-align:justify\"><span style=\"font-size:11pt\"><span style=\"line-height:normal\"><span style=\"font-family:&quot;Calibri&quot;,sans-serif\"><a href=\"https:\/\/phys.org\/news\/2023-04-natural-washable-antimicrobial.html?utm_source=nwletter&amp;utm_medium=email&amp;utm_campaign=daily-nwletter\" style=\"color:blue; text-decoration:underline\"><span style=\"font-size:14.0pt\">Researchers develop natural, washable antimicrobial cleaning wipes<\/span><\/a><\/span><\/span><\/span><\/p>\r\n\r\n<p style=\"text-align:justify\"><span style=\"font-size:11pt\"><span style=\"line-height:normal\"><span style=\"font-family:&quot;Calibri&quot;,sans-serif\"><a href=\"https:\/\/www.portugaltextil.com\/revestimento-inteligente-desintoxica-atmosfera\/?utm_term=Portugal+Textil+a%3F%3F%3F%3F+14.04.2023&amp;utm_campaign=Portugal+Textil+FInal&amp;utm_source=e-goi&amp;utm_medium=email&amp;eg_sub=ef749a4dff&amp;eg_cam=40aafeca05c6ceada112033a738387aa&amp;eg_list=6\" style=\"color:blue; text-decoration:underline\"><span style=\"font-size:14.0pt\">Revestimento inteligente desintoxica atmosfera<\/span><\/a><\/span><\/span><\/span><\/p>\r\n\r\n<p class=\"MsoTitle\" style=\"text-align:justify\"><span style=\"font-size:28pt\"><span style=\"font-family:&quot;Cambria&quot;,serif\"><span style=\"letter-spacing:-0.5pt\"><b><span style=\"font-size:18.0pt\"><span style=\"font-family:&quot;Calibri&quot;,sans-serif\"><span style=\"font-variant:small-caps\">Com&eacute;rcio Exterior<\/span><\/span><\/span><\/b><\/span><\/span><\/span><\/p>\r\n\r\n<p style=\"text-align:justify\"><span style=\"font-size:11pt\"><span style=\"line-height:normal\"><span style=\"font-family:&quot;Calibri&quot;,sans-serif\"><a href=\"https:\/\/static.portaldaindustria.com.br\/media\/filer_public\/41\/72\/4172e8e8-5f29-484f-a099-516817db0243\/informepoliticacomercial_23_12_visitachina.pdf\" style=\"color:blue; text-decoration:underline\"><span style=\"font-size:14.0pt\">Visita Presidencial &agrave; China: Atos Assinados e Declara&ccedil;&otilde;es Conjuntas<\/span><\/a><\/span><\/span><\/span><\/p>\r\n\r\n<p style=\"text-align:justify\"><span style=\"font-size:11pt\"><span style=\"line-height:normal\"><span style=\"font-family:&quot;Calibri&quot;,sans-serif\"><a href=\"https:\/\/agenciabrasil.ebc.com.br\/economia\/noticia\/2023-04\/receita-quer-intensificar-fiscalizacao-de-impostos-de-importacao\" style=\"color:blue; text-decoration:underline\"><span style=\"font-size:14.0pt\">Receita quer intensificar fiscaliza&ccedil;&atilde;o de impostos de importa&ccedil;&atilde;o<\/span><\/a><\/span><\/span><\/span><\/p>\r\n\r\n<p style=\"text-align:justify\"><span style=\"font-size:11pt\"><span style=\"line-height:normal\"><span style=\"font-family:&quot;Calibri&quot;,sans-serif\"><a href=\"https:\/\/static.portaldaindustria.com.br\/media\/filer_public\/63\/e3\/63e30d84-73a2-4974-bc7f-260adc371cdd\/nota-economica26_mar2023_vf.pdf\" style=\"color:blue; text-decoration:underline\"><span style=\"font-size:14.0pt\">Exporta&ccedil;&otilde;es de bens da ind&uacute;stria de transforma&ccedil;&atilde;o foram recorde em 2022<\/span><\/a><\/span><\/span><\/span><\/p>\r\n\r\n<p style=\"text-align:justify\"><span style=\"font-size:11pt\"><span style=\"line-height:normal\"><span style=\"font-family:&quot;Calibri&quot;,sans-serif\"><a href=\"https:\/\/www.cnnbrasil.com.br\/economia\/balanca-comercial-registra-superavit-de-us-33-bilhoes-na-1a-semana-de-abril-diz-ministerio\/\" style=\"color:blue; text-decoration:underline\"><span style=\"font-size:14.0pt\">Balan&ccedil;a comercial registra super&aacute;vit de US$ 3,3 bilh&otilde;es na 1&ordf; semana de abril, diz minist&eacute;rio<\/span><\/a><\/span><\/span><\/span><\/p>\r\n\r\n<p style=\"text-align:justify\"><span style=\"font-size:11pt\"><span style=\"line-height:normal\"><span style=\"font-family:&quot;Calibri&quot;,sans-serif\"><a href=\"https:\/\/economia.uol.com.br\/noticias\/estadao-conteudo\/2023\/04\/12\/cni-preve-superavit-comercial-de-us-557-bilhoes-da-balanca-comercial-em-2023.htm\" style=\"color:blue; text-decoration:underline\"><span style=\"font-size:14.0pt\">CNI prev&ecirc; super&aacute;vit comercial de US$ 55,7 bilh&otilde;es da balan&ccedil;a comercial em 2023<\/span><\/a><\/span><\/span><\/span><\/p>\r\n\r\n<p style=\"text-align:justify\"><span style=\"font-size:11pt\"><span style=\"line-height:normal\"><span style=\"font-family:&quot;Calibri&quot;,sans-serif\"><a href=\"https:\/\/exclusivo.com.br\/_conteudo\/negocios\/2023\/04\/13\/exportacoes-de-calcados-somam-uss-32844-milhoes-no-trimestre.html\" style=\"color:blue; text-decoration:underline\"><span style=\"font-size:14.0pt\">Abical&ccedil;ados: exporta&ccedil;&otilde;es de calcados somam US$328,44 milh&otilde;es no trimestre<\/span><\/a><\/span><\/span><\/span><\/p>\r\n\r\n<p style=\"text-align:justify\"><span style=\"font-size:11pt\"><span style=\"line-height:normal\"><span style=\"font-family:&quot;Calibri&quot;,sans-serif\"><a href=\"https:\/\/apexbrasil.com.br\/content\/apexbrasil\/br\/pt\/conteudo\/noticias\/apexbrasil-atualiza-mapa-oportunidades-eua-china.html?msdynttrid=mhS4K_0S3PXnVfPyX8cXBi6E-HKrXlRkQPB6yTf2qNQ#msdynttrid=GY2tqN0rsHPJqJntRtsvb7jqyDgQATEzIquAeHRY5fY\" style=\"color:blue; text-decoration:underline\"><span style=\"font-size:14.0pt\">ApexBrasil atualiza Mapas de Oportunidades EUA e China<\/span><\/a><\/span><\/span><\/span><\/p>\r\n\r\n<p class=\"MsoTitle\" style=\"text-align:justify\"><span style=\"font-size:28pt\"><span style=\"font-family:&quot;Cambria&quot;,serif\"><span style=\"letter-spacing:-0.5pt\"><b><span style=\"font-size:18.0pt\"><span style=\"font-family:&quot;Calibri&quot;,sans-serif\"><span style=\"font-variant:small-caps\">Economia<\/span><\/span><\/span><\/b><\/span><\/span><\/span><\/p>\r\n\r\n<p style=\"text-align:justify\"><span style=\"font-size:11pt\"><span style=\"line-height:normal\"><span style=\"font-family:&quot;Calibri&quot;,sans-serif\"><a href=\"https:\/\/www.bcb.gov.br\/content\/focus\/focus\/R20230324.pdf\" style=\"color:blue; text-decoration:underline\"><span style=\"font-size:14.0pt\">Focus &ndash; Relat&oacute;rio de Mercado<\/span><\/a><\/span><\/span><\/span><\/p>\r\n\r\n<p style=\"text-align:justify\"><span style=\"font-size:11pt\"><span style=\"line-height:normal\"><span style=\"font-family:&quot;Calibri&quot;,sans-serif\"><a href=\"https:\/\/sovos.com\/pt-br\/blog\/tributos\/8-medidas-anunciadas-pelo-governo-para-aumentar-a-arrecadacao\/?utm_source=&amp;utm_medium=&amp;utm_campaign=&amp;utm_term=&amp;utm_content=&amp;mkt_tok=MzM0LUhWTi0yNDkAAAGLIBzI-WTAwCWt37P7FYKRWgTVFyoIkpPe9VW-8cYaR0NC2hqMpOjwA7AUoqNJvxC-oV1yjiOd3YvJ6A1IJBpJBE6THRAQH5Q00T367jpmsQE\" style=\"color:blue; text-decoration:underline\"><span style=\"font-size:14.0pt\">8 medidas anunciadas pelo governo para aumentar a arrecada&ccedil;&atilde;o<\/span><\/a><\/span><\/span><\/span><\/p>\r\n\r\n<p style=\"text-align:justify\"><span style=\"font-size:11pt\"><span style=\"line-height:normal\"><span style=\"font-family:&quot;Calibri&quot;,sans-serif\"><a href=\"https:\/\/noticias.portaldaindustria.com.br\/noticias\/economia\/juros-altos-seguem-como-freio-de-mao-da-economia-brasileira-em-2023-avalia-cni\/\" style=\"color:blue; text-decoration:underline\"><span style=\"font-size:14.0pt\">Juros altos seguem como freio de m&atilde;o da economia brasileira em 2023, avalia CNI<\/span><\/a><\/span><\/span><\/span><\/p>\r\n\r\n<p style=\"text-align:justify\"><span style=\"font-size:11pt\"><span style=\"line-height:normal\"><span style=\"font-family:&quot;Calibri&quot;,sans-serif\"><a href=\"https:\/\/www.camara.leg.br\/noticias\/952788-grupo-da-reforma-tributaria-discute-fim-dos-incentivos-fiscais-no-novo-imposto-sobre-consumo\" style=\"color:blue; text-decoration:underline\"><span style=\"font-size:14.0pt\">Grupo da Reforma Tribut&aacute;ria discute fim dos incentivos fiscais no novo imposto sobre consumo<\/span><\/a><\/span><\/span><\/span><\/p>\r\n\r\n<p style=\"text-align:justify\"><span style=\"font-size:11pt\"><span style=\"line-height:normal\"><span style=\"font-family:&quot;Calibri&quot;,sans-serif\"><a href=\"https:\/\/ibre.fgv.br\/blog-da-conjuntura-economica\/artigos\/estamos-nos-dando-conta-de-que-o-mundo-para-o-qual-economia\" style=\"color:blue; text-decoration:underline\"><span style=\"font-size:14.0pt\">&ldquo;Estamos nos dando conta de que o mundo para o qual a economia voltou n&atilde;o &eacute; o mesmo do pr&eacute;-pandemia&rdquo;<\/span><\/a><\/span><\/span><\/span><\/p>\r\n\r\n<p style=\"text-align:justify\"><span style=\"font-size:11pt\"><span style=\"line-height:normal\"><span style=\"font-family:&quot;Calibri&quot;,sans-serif\"><a href=\"https:\/\/blogdoibre.fgv.br\/posts\/ajuste-fiscal-e-os-limites-do-possivel-novamente\" style=\"color:blue; text-decoration:underline\"><span style=\"font-size:14.0pt\">Ajuste fiscal e os limites do poss&iacute;vel, novamente<\/span><\/a><\/span><\/span><\/span><\/p>\r\n\r\n<p style=\"text-align:justify\"><span style=\"font-size:11pt\"><span style=\"line-height:normal\"><span style=\"font-family:&quot;Calibri&quot;,sans-serif\"><a href=\"https:\/\/blogdoibre.fgv.br\/posts\/economia-americana-em-meio-uma-crise-bancaria\" style=\"color:blue; text-decoration:underline\"><span style=\"font-size:14.0pt\">Economia americana em meio a uma crise banc&aacute;ria<\/span><\/a><\/span><\/span><\/span><\/p>\r\n\r\n<p style=\"text-align:justify\">&nbsp;<\/p>\r\n","6":"<p style=\"text-align:justify\"><span style=\"font-size:11pt\"><span style=\"line-height:normal\"><span style=\"font-family:&quot;Calibri&quot;,sans-serif\"><span style=\"font-size:14.0pt\">Esta &eacute; uma compila&ccedil;&atilde;o das not&iacute;cias mais relevantes para o setor, incluindo informa&ccedil;&otilde;es sobre acordos internacionais, economia brasileira, sustentabilidade e mat&eacute;rias primas, al&eacute;m de novidades do setor de N&atilde;otecidos e Tecidos T&eacute;cnicos.<\/span><\/span><\/span><\/span><\/p>\r\n\r\n<p class=\"MsoTitleCxSpLast\" style=\"text-align:justify\"><span style=\"font-size:28pt\"><span style=\"font-family:&quot;Cambria&quot;,serif\"><span style=\"letter-spacing:-0.5pt\"><b><span style=\"font-size:18.0pt\"><span style=\"font-family:&quot;Calibri&quot;,sans-serif\"><span style=\"font-variant:small-caps\">A&ccedil;&otilde;es da ABINT<\/span><\/span><\/span><\/b><\/span><\/span><\/span><\/p>\r\n\r\n<p class=\"MsoTitleCxSpLast\" style=\"text-align:justify\"><span style=\"font-size:28pt\"><span style=\"font-family:&quot;Cambria&quot;,serif\"><span style=\"letter-spacing:-0.5pt\"><b><span style=\"font-size:18.0pt\"><span style=\"font-family:&quot;Calibri&quot;,sans-serif\"><span style=\"font-variant:small-caps\"><img src=\"https:\/\/www.abint.org.br\/assets\/img\/editor\/ctg-patrocinador-regeo-2023_20230418164538JJhZ2Qlyo2.jpeg\" style=\"width: 300px; height: 300px;\" \/><\/span><\/span><\/span><\/b><\/span><\/span><\/span><\/p>\r\n\r\n<p style=\"text-align:justify\"><span style=\"font-size:11pt\"><span style=\"line-height:normal\"><span style=\"font-family:&quot;Calibri&quot;,sans-serif\"><b><span style=\"font-size:14.0pt\"><span style=\"font-variant:small-caps\">O CTG ABINT <\/span><\/span><\/b><b><span style=\"font-size:14.0pt\">marcar&aacute; presen&ccedil;a<\/span><\/b><span style=\"font-size:14.0pt\"> nos eventos <b>X Congresso Brasileiro de Geotecnia Ambiental &amp; IX Congresso Brasileiro de Geossint&eacute;ticos - REGEO&rsquo;23 &amp; Geossint&eacute;ticos&rsquo;23<\/b>, que ocorrer&atilde;o de 18 a 21 de julho de 2023, Centro Universit&aacute;rio Jorge Amado &ndash; UNIJORGE, Salvador, BA.<\/span><\/span><\/span><\/span><\/p>\r\n\r\n<p style=\"text-align:justify\"><span style=\"font-size:11pt\"><span style=\"line-height:normal\"><span style=\"font-family:&quot;Calibri&quot;,sans-serif\"><a href=\"https:\/\/regeogeossinteticos23.com.br\/\" style=\"color:blue; text-decoration:underline\"><span style=\"font-size:14.0pt\">Mais informa&ccedil;&otilde;es e inscri&ccedil;&otilde;es<\/span><\/a><\/span><\/span><\/span><\/p>\r\n\r\n<p style=\"text-align:justify\">&nbsp;<\/p>\r\n\r\n<p style=\"text-align:justify\"><span style=\"font-size:11pt\"><span style=\"line-height:normal\"><span style=\"font-family:&quot;Calibri&quot;,sans-serif\"><span style=\"font-size:14.0pt\"><img src=\"https:\/\/www.abint.org.br\/assets\/img\/editor\/minicurso-fernando-regeo-2023_20230418164614KdF3ffeKtL.jpeg\" style=\"width: 300px; height: 300px;\" \/><\/span><\/span><\/span><\/span><\/p>\r\n\r\n<p style=\"text-align:justify\"><span style=\"font-size:11pt\"><span style=\"line-height:normal\"><span style=\"font-family:&quot;Calibri&quot;,sans-serif\"><b><span style=\"font-size:14.0pt\">O Eng. Fernando Lavoie, Coordenador do CTG ABINT, ministrar&aacute; Minicurso durante o Regeo&rsquo;23 &amp; Geossint&eacute;ticos&rsquo;23. <\/span><\/b><\/span><\/span><\/span><\/p>\r\n\r\n<p style=\"text-align:justify\"><span style=\"font-size:11pt\"><span style=\"line-height:normal\"><span style=\"font-family:&quot;Calibri&quot;,sans-serif\"><span class=\"MsoHyperlink\" style=\"color:blue\"><span style=\"text-decoration:underline\"><span style=\"font-size:14.0pt\"><a href=\"https:\/\/regeogeossinteticos23.com.br\/inscricoes\/\" style=\"color:blue; text-decoration:underline\">Inscreva-se!<\/a><\/span><\/span><\/span><\/span><\/span><\/span><\/p>\r\n\r\n<p class=\"MsoTitleCxSpLast\" style=\"text-align:justify\">&nbsp;<\/p>\r\n\r\n<p class=\"MsoTitleCxSpLast\" style=\"text-align:justify\"><span style=\"font-size:28pt\"><span style=\"font-family:&quot;Cambria&quot;,serif\"><span style=\"letter-spacing:-0.5pt\"><span style=\"font-size:14.0pt\"><span style=\"font-family:&quot;Calibri&quot;,sans-serif\"><span style=\"letter-spacing:0pt\"><img src=\"https:\/\/www.abint.org.br\/assets\/img\/editor\/premio-tcc-ic-2023-arte-5_20230418164905bUyXlTg6Be.png\" style=\"width: 300px; height: 300px;\" \/><\/span><\/span><\/span><\/span><\/span><\/span><\/p>\r\n\r\n<p style=\"text-align:justify\"><span style=\"font-size:11pt\"><span style=\"line-height:115%\"><span style=\"font-family:&quot;Calibri&quot;,sans-serif\"><b><span style=\"font-size:14.0pt\"><span style=\"line-height:115%\">O CTG ABINT e a IGS BRASIL<\/span><\/span><\/b><span style=\"font-size:14.0pt\"><span style=\"line-height:115%\"> convidam aqueles que desenvolveram trabalhos acad&ecirc;micos relacionados aos geossint&eacute;ticos a participarem&nbsp;de mais uma edi&ccedil;&atilde;o do Pr&ecirc;mio TCC\/IC. <\/span><\/span><\/span><\/span><\/span><\/p>\r\n\r\n<p style=\"text-align:justify\"><span style=\"font-size:11.0pt\"><span style=\"line-height:115%\"><span style=\"font-family:&quot;Calibri&quot;,sans-serif\"><a href=\"https:\/\/abint.us2.list-manage.com\/track\/click?u=88818ac6bf44316570fc1bc2f&amp;id=46b014bcf1&amp;e=626265ad22\" style=\"color:blue; text-decoration:underline\" target=\"_blank\"><span style=\"font-size:14.0pt\"><span style=\"line-height:115%\"><span style=\"color:blue\">Mais informa&ccedil;&otilde;es e inscri&ccedil;&otilde;es<\/span><\/span><\/span><\/a><\/span><\/span><\/span><\/p>\r\n\r\n<p style=\"text-align:justify\">&nbsp;<\/p>\r\n\r\n<p style=\"text-align:justify\"><span style=\"font-size:11.0pt\"><span style=\"line-height:115%\"><span style=\"font-family:&quot;Calibri&quot;,sans-serif\"><span style=\"font-size:14.0pt\"><span style=\"line-height:115%\"><span style=\"color:blue\"><img src=\"https:\/\/www.abint.org.br\/assets\/img\/editor\/itma-2023-abint-english-417x250_20230418165740SQjL4ud9vL.jpg\" \/><\/span><\/span><\/span><\/span><\/span><\/span><\/p>\r\n\r\n<p style=\"text-align:justify\"><span style=\"font-size:11pt\"><span style=\"line-height:normal\"><span style=\"font-family:&quot;Calibri&quot;,sans-serif\"><b><span style=\"font-size:14.0pt\">A ABINT apoia a ITMA 2023<\/span><\/b><\/span><\/span><\/span><\/p>\r\n\r\n<p style=\"text-align:justify\"><span style=\"font-size:11pt\"><span style=\"line-height:normal\"><span style=\"font-family:&quot;Calibri&quot;,sans-serif\"><span style=\"font-size:14.0pt\">A 19&ordf; edi&ccedil;&atilde;o da maior exposi&ccedil;&atilde;o internacional de tecnologia t&ecirc;xtil e de vestu&aacute;rio do mundo acontecer&aacute; em Mil&atilde;o, It&aacute;lia, de 08 a 14 de junho de 2023.<\/span><\/span><\/span><\/span><\/p>\r\n\r\n<p style=\"text-align:justify\"><span style=\"font-size:11pt\"><span style=\"line-height:normal\"><span style=\"font-family:&quot;Calibri&quot;,sans-serif\"><a href=\"https:\/\/itma.com\/\" style=\"color:blue; text-decoration:underline\"><span style=\"font-size:14.0pt\">Informa&ccedil;&otilde;es<\/span><\/a><\/span><\/span><\/span><\/p>\r\n\r\n<p style=\"text-align:justify\">&nbsp;<\/p>\r\n\r\n<p style=\"text-align:justify\"><span style=\"font-size:11pt\"><span style=\"line-height:normal\"><span style=\"font-family:&quot;Calibri&quot;,sans-serif\"><b><span style=\"font-size:18.0pt\"><span style=\"font-variant:small-caps\">Eventos<\/span><\/span><\/b><\/span><\/span><\/span><\/p>\r\n\r\n<p style=\"text-align:justify\"><span style=\"font-size:11pt\"><span style=\"line-height:normal\"><span style=\"font-family:&quot;Calibri&quot;,sans-serif\"><b><span style=\"font-size:14.0pt\">SENAI-CETIQT | Webinar: Mercado Global de Comp&oacute;sitos, <\/span><\/b><span style=\"font-size:14.0pt\">19 de abril de 2023, 10h00, online. <\/span><a href=\"https:\/\/app.rdstation.email\/mail\/0bc13dd8-f1f8-424a-bfc3-4c3a46c934a6?utm_campaign=senai_cetiqt___live_mercado_global_de_materiais_compositos&amp;utm_medium=email&amp;utm_source=RD+Station\" style=\"color:blue; text-decoration:underline\"><span style=\"font-size:14.0pt\">Informa&ccedil;&otilde;es<\/span><\/a><\/span><\/span><\/span><\/p>\r\n\r\n<p style=\"text-align:justify\"><span style=\"font-size:11pt\"><span style=\"line-height:normal\"><span style=\"font-family:&quot;Calibri&quot;,sans-serif\"><b><span style=\"font-size:14.0pt\">INDEX 2023<\/span><\/b><span style=\"font-size:14.0pt\">, 18 a 21 de abril, Palexpo, Genebra, Su&iacute;&ccedil;a<b>.<\/b><\/span> <a href=\"https:\/\/www.indexnonwovens.com\/en\/\" style=\"color:blue; text-decoration:underline\"><span style=\"font-size:14.0pt\">Informa&ccedil;&otilde;es<\/span><\/a><\/span><\/span><\/span><\/p>\r\n\r\n<p style=\"text-align:justify\"><span style=\"font-size:11pt\"><span style=\"line-height:normal\"><span style=\"font-family:&quot;Calibri&quot;,sans-serif\"><b><span style=\"font-size:14.0pt\">Instituto Inova Cidade | Transi&ccedil;&atilde;o para nova Lei de Licita&ccedil;&otilde;es - 4a edi&ccedil;&atilde;o<\/span><\/b><span style=\"font-size:14.0pt\">, 24 de abril de 2023, 09h00 &agrave;s 16h00.<\/span> <a href=\"https:\/\/institutoinovacidades.com.br\/cursos\/60\/transicao-para-nova-lei-de-licitacoes\" style=\"color:blue; text-decoration:underline\"><span style=\"font-size:14.0pt\">Informa&ccedil;&otilde;es<\/span><\/a><\/span><\/span><\/span><\/p>\r\n\r\n<p style=\"text-align:justify\"><span style=\"font-size:11pt\"><span style=\"line-height:normal\"><span style=\"font-family:&quot;Calibri&quot;,sans-serif\"><b><span style=\"font-size:14.0pt\">Abical&ccedil;ados | An&aacute;lise de Cen&aacute;rios de 2023, <\/span><\/b><span style=\"font-size:14.0pt\">25 de abril, 15h30, evento online. <\/span><a href=\"https:\/\/lp.abicalcados.com.br\/lp-analise-de-cenarios-2023?utm_campaign=analise_de_cenarios_de_2023&amp;utm_medium=email&amp;utm_source=RD+Station\" style=\"color:blue; text-decoration:underline\"><span style=\"font-size:14.0pt\">Informa&ccedil;&otilde;es<\/span><\/a> <\/span><\/span><\/span><\/p>\r\n\r\n<p style=\"text-align:justify\"><span style=\"font-size:11pt\"><span style=\"line-height:normal\"><span style=\"font-family:&quot;Calibri&quot;,sans-serif\"><b><span style=\"font-size:14.0pt\">Transi&ccedil;&atilde;o para Nova Lei de Licita&ccedil;&otilde;es<\/span><\/b><span style=\"font-size:14.0pt\">, 25 de abril de 2023, 09h00 &agrave;s 16h00, transmiss&atilde;o via Zoom.<\/span> <a href=\"https:\/\/docs.google.com\/forms\/d\/1CvjDdKsewYazBc6_Kpl9_-iyEPUt2ISmW6sdlSs2N5U\/viewform?edit_requested=true\" style=\"color:blue; text-decoration:underline\"><span style=\"font-size:14.0pt\">Informa&ccedil;&otilde;es<\/span><\/a><\/span><\/span><\/span><\/p>\r\n\r\n<p style=\"text-align:justify\"><span style=\"font-size:11pt\"><span style=\"line-height:normal\"><span style=\"font-family:&quot;Calibri&quot;,sans-serif\"><b><span style=\"font-size:14.0pt\">FGV IBRE | Di&aacute;logos Estrat&eacute;gicos - Economia, Pol&iacute;tica e Energia, <\/span><\/b><span style=\"font-size:14.0pt\">25 de abril de 2023, 10h00 &agrave;s 12h00, evento h&iacute;brido.<\/span> <a href=\"https:\/\/cloud.crm.ibp.org.br\/dialogos-estrategicos-4-edicao?j=117223&amp;sfmc_sub=5553845&amp;l=527_HTML&amp;u=2475566&amp;mid=514012082&amp;jb=0\" style=\"color:blue; text-decoration:underline\"><span style=\"font-size:14.0pt\">Informa&ccedil;&otilde;es<\/span><\/a><span class=\"MsoHyperlink\" style=\"color:blue\"><span style=\"text-decoration:underline\"><span style=\"font-size:14.0pt\"><span style=\"text-decoration:none\"><span style=\"text-underline:none\"> \/ <\/span><\/span><\/span><\/span><\/span><a href=\"https:\/\/www.ibp.org.br\/personalizado\/uploads\/2023\/03\/economia-politica-e-energia-dialogos-estrategicos-3o-edicao.pdf?j=117223&amp;sfmc_sub=4029198&amp;l=527_HTML&amp;u=2475567&amp;mid=514012082&amp;jb=0\" style=\"color:blue; text-decoration:underline\"><span style=\"font-size:14.0pt\">Material<\/span><\/a><\/span><\/span><\/span><\/p>\r\n\r\n<p style=\"text-align:justify\"><span style=\"font-size:11pt\"><span style=\"line-height:normal\"><span style=\"font-family:&quot;Calibri&quot;,sans-serif\"><b><span style=\"font-size:14.0pt\">FGV IBRE | &quot;Pol&iacute;tica Fiscal e Infla&ccedil;&atilde;o&quot;<\/span><\/b><span style=\"font-size:14.0pt\">, 26 de abril de 2023, 14h00 &agrave;s 16h00, evento h&iacute;brido: presencial Praia de Botafogo, 190, 12&ordm; andar, Rio de Janeiro, ou transmiss&atilde;o via YouTube. <\/span><a href=\"https:\/\/evento.fgv.br\/monitorfiscal\/\" style=\"color:blue; text-decoration:underline\"><span style=\"font-size:14.0pt\">Informa&ccedil;&otilde;es<\/span><\/a><span style=\"font-size:14.0pt\"> <\/span><\/span><\/span><\/span><\/p>\r\n\r\n<p style=\"text-align:justify\"><span style=\"font-size:11pt\"><span style=\"line-height:normal\"><span style=\"font-family:&quot;Calibri&quot;,sans-serif\"><b><span style=\"font-size:14.0pt\">Bioplastics Brazil 2023 - Congresso cient&iacute;fico internacional sobre biopl&aacute;sticos<\/span><\/b><span class=\"MsoHyperlink\" style=\"color:blue\"><span style=\"text-decoration:underline\"><span style=\"font-size:14.0pt\"><span style=\"text-decoration:none\"><span style=\"text-underline:none\">, <\/span><\/span><\/span><\/span><\/span><span style=\"font-size:14.0pt\">26 e 27 Abril de 2023, Audit&oacute;rio da ABIMAQ<\/span><span class=\"MsoHyperlink\" style=\"color:blue\"><span style=\"text-decoration:underline\"><span style=\"font-size:14.0pt\"><span style=\"text-decoration:none\"><span style=\"text-underline:none\">. <\/span><\/span><\/span><\/span><\/span><a href=\"https:\/\/www.bioplasticsbrazil.com\/\" style=\"color:blue; text-decoration:underline\"><span style=\"font-size:14.0pt\">Informa&ccedil;&otilde;es<\/span><\/a> <\/span><\/span><\/span><\/p>\r\n\r\n<p style=\"text-align:justify\"><span style=\"font-size:11pt\"><span style=\"line-height:normal\"><span style=\"font-family:&quot;Calibri&quot;,sans-serif\"><b><span style=\"font-size:14.0pt\">BIOTEXFUTURE Spring Forum<\/span><\/b><span class=\"MsoHyperlink\" style=\"color:blue\"><span style=\"text-decoration:underline\"><span style=\"font-size:14.0pt\"><span style=\"text-decoration:none\"><span style=\"text-underline:none\">, <\/span><\/span><\/span><\/span><\/span><span style=\"font-size:14.0pt\">3rd May 2023, Aachen, Germany<\/span><span class=\"MsoHyperlink\" style=\"color:blue\"><span style=\"text-decoration:underline\"><span style=\"font-size:14.0pt\"><span style=\"text-decoration:none\"><span style=\"text-underline:none\">. <\/span><\/span><\/span><\/span><\/span><a href=\"https:\/\/campusforum.rwth-campus.com\/en\/events\/event\/?event_id=230224-41332-DG-99998:41332\" style=\"color:blue; text-decoration:underline\"><span style=\"font-size:14.0pt\">Informa&ccedil;&otilde;es<\/span><\/a> <\/span><\/span><\/span><\/p>\r\n\r\n<p style=\"text-align:justify\"><span style=\"font-size:11pt\"><span style=\"line-height:normal\"><span style=\"font-family:&quot;Calibri&quot;,sans-serif\"><b><span style=\"font-size:14.0pt\">Sustainability as a competitive advantage for the textile industry<\/span><\/b><span style=\"font-size:14.0pt\">, Thursday 4 May 2023, 11 am (Brazil), online.<\/span> <a href=\"https:\/\/wtin-summit.zoom.us\/webinar\/register\/4116812878294\/WN_6AEJUN7EQliN6NssEe3Arg#\/registration\" style=\"color:blue; text-decoration:underline\"><span style=\"font-size:14.0pt\">Informa&ccedil;&otilde;es<\/span><\/a>  <\/span><\/span><\/span><\/p>\r\n\r\n<p style=\"text-align:justify\"><span style=\"font-size:11pt\"><span style=\"line-height:normal\"><span style=\"font-family:&quot;Calibri&quot;,sans-serif\"><b><span style=\"font-size:14.0pt\">The 92nd Textile Institute World Conference: &ldquo;Sustainability of the Textile and Fashion Supply Chain &ndash; Transitioning to Zero Carbon and Zero Waste&rdquo;, <\/span><\/b><span style=\"font-size:14.0pt\">3-6 July 2023, University of Huddersfield, UK. <\/span><a href=\"https:\/\/www.textileinstitute.org\/events\/tiwc\/\" style=\"color:blue; text-decoration:underline\"><span style=\"font-size:14.0pt\">Informa&ccedil;&otilde;es<\/span><\/a> <\/span><\/span><\/span><\/p>\r\n\r\n<p class=\"MsoTitle\" style=\"text-align:justify\"><span style=\"font-size:28pt\"><span style=\"font-family:&quot;Cambria&quot;,serif\"><span style=\"letter-spacing:-0.5pt\"><b><span style=\"font-size:18.0pt\"><span style=\"font-family:&quot;Calibri&quot;,sans-serif\"><span style=\"font-variant:small-caps\">Setor<\/span><\/span><\/span><\/b><\/span><\/span><\/span><\/p>\r\n\r\n<p style=\"text-align:justify\"><span style=\"font-size:11pt\"><span style=\"line-height:normal\"><span style=\"font-family:&quot;Calibri&quot;,sans-serif\"><a href=\"https:\/\/ciclovivo.com.br\/arq-urb\/arquitetura\/fibra-de-canhamo-material-revolucionar-construcao-civil\/\" style=\"color:blue; text-decoration:underline\"><span style=\"font-size:14.0pt\">Fibra de c&acirc;nhamo: material pode revolucionar a constru&ccedil;&atilde;o civil<\/span><\/a><\/span><\/span><\/span><\/p>\r\n\r\n<p style=\"text-align:justify\"><span style=\"font-size:11pt\"><span style=\"line-height:normal\"><span style=\"font-family:&quot;Calibri&quot;,sans-serif\"><span class=\"MsoHyperlink\" style=\"color:blue\"><span style=\"text-decoration:underline\"><span style=\"font-size:14.0pt\"><span style=\"text-decoration:none\"><span style=\"text-underline:none\"><a href=\"https:\/\/plasticosemrevista.com.br\/pp-encara-uma-encruzilhada-na-china\/\" style=\"color:blue; text-decoration:underline\">PP encara uma encruzilhada na China<\/a><\/span><\/span><\/span><\/span><\/span><\/span><\/span><\/span><\/p>\r\n\r\n<p style=\"text-align:justify\"><span style=\"font-size:11pt\"><span style=\"line-height:normal\"><span style=\"font-family:&quot;Calibri&quot;,sans-serif\"><a href=\"https:\/\/www.technicaltextile.net\/news\/european-nonwovens-production-higher-than-pre-covid-edana-286818.html\" style=\"color:blue; text-decoration:underline\"><span style=\"font-size:14.0pt\">European nonwovens&#39; production higher than pre-COVID: EDANA<\/span><\/a><\/span><\/span><\/span><\/p>\r\n\r\n<p style=\"text-align:justify\"><span style=\"font-size:11pt\"><span style=\"line-height:normal\"><span style=\"font-family:&quot;Calibri&quot;,sans-serif\"><a href=\"https:\/\/plasticosemrevista.com.br\/rafia-recuo-atipico-no-balanco-de-2022-da-afipol\/\" style=\"color:blue; text-decoration:underline\"><span style=\"font-size:14.0pt\">R&aacute;fia: recuo at&iacute;pico no balan&ccedil;o de 2022 da Afipol<\/span><\/a><\/span><\/span><\/span><\/p>\r\n\r\n<p style=\"text-align:justify\"><span style=\"font-size:11pt\"><span style=\"line-height:normal\"><span style=\"font-family:&quot;Calibri&quot;,sans-serif\"><a href=\"https:\/\/tissueonline.com.br\/com-foco-em-esg-softys-aposta-em-ampliacao-de-portfolio-de-cuidados-pessoais\/?utm_campaign=newsletter_14042023_novo_modelo&amp;utm_medium=email&amp;utm_source=RD+Station\" style=\"color:blue; text-decoration:underline\"><span style=\"font-size:14.0pt\">Com foco em ESG, Softys aposta em amplia&ccedil;&atilde;o de portf&oacute;lio de cuidados pessoais<\/span><\/a><\/span><\/span><\/span><\/p>\r\n\r\n<p style=\"text-align:justify\"><span style=\"font-size:11pt\"><span style=\"line-height:normal\"><span style=\"font-family:&quot;Calibri&quot;,sans-serif\"><a href=\"https:\/\/tissueonline.com.br\/fabricante-de-fraldas-anuncia-nova-fabrica-no-estado-do-rio-de-janeiro\/?utm_campaign=newsletter_14042023_novo_modelo&amp;utm_medium=email&amp;utm_source=RD+Station\" style=\"color:blue; text-decoration:underline\"><span style=\"font-size:14.0pt\">Fabricante de fraldas anuncia nova f&aacute;brica no estado do Rio de Janeiro<\/span><\/a><\/span><\/span><\/span><\/p>\r\n\r\n<p class=\"MsoTitle\" style=\"text-align:justify\"><span style=\"font-size:28pt\"><span style=\"font-family:&quot;Cambria&quot;,serif\"><span style=\"letter-spacing:-0.5pt\"><b><span style=\"font-size:18.0pt\"><span style=\"font-family:&quot;Calibri&quot;,sans-serif\"><span style=\"font-variant:small-caps\">Ind&uacute;stria<\/span><\/span><\/span><\/b><\/span><\/span><\/span><\/p>\r\n\r\n<p style=\"text-align:justify\"><span style=\"font-size:11pt\"><span style=\"line-height:normal\"><span style=\"font-family:&quot;Calibri&quot;,sans-serif\"><a href=\"https:\/\/static.portaldaindustria.com.br\/portaldaindustria\/noticias\/media\/filer_public\/0e\/ce\/0ecea0dc-3ec0-4f74-be91-d1f5b28c4e7b\/icei_abril_2023.pdf\" style=\"color:blue; text-decoration:underline\"><span style=\"font-size:14.0pt\">Ind&uacute;stria v&ecirc; piora da economia em abril e confian&ccedil;a do setor cai<\/span><\/a><\/span><\/span><\/span><\/p>\r\n\r\n<p style=\"text-align:justify\"><span style=\"font-size:11pt\"><span style=\"line-height:normal\"><span style=\"font-family:&quot;Calibri&quot;,sans-serif\"><a href=\"https:\/\/agenciabrasil.ebc.com.br\/economia\/noticia\/2023-04\/producao-de-veiculos-aumenta-8-no-primeiro-trimestre\" style=\"color:blue; text-decoration:underline\"><span style=\"font-size:14.0pt\">Anfavea: Produ&ccedil;&atilde;o de ve&iacute;culos aumenta 8% no primeiro trimestre<\/span><\/a><\/span><\/span><\/span><\/p>\r\n\r\n<p style=\"text-align:justify\"><span style=\"font-size:11pt\"><span style=\"line-height:normal\"><span style=\"font-family:&quot;Calibri&quot;,sans-serif\"><a href=\"https:\/\/mercadoeconsumo.com.br\/12\/04\/2023\/economia\/praticas-esg-inovacao-e-gerenciamento-de-riscos-dominarao-setor-de-construcao-em-2030\/?utm_campaign=news_1204__-_geral&amp;utm_medium=email&amp;utm_source=RD+Station\" style=\"color:blue; text-decoration:underline\"><span style=\"font-size:14.0pt\">Pr&aacute;ticas ESG, inova&ccedil;&atilde;o e gerenciamento de riscos dominar&atilde;o setor de constru&ccedil;&atilde;o em 2030<\/span><\/a><\/span><\/span><\/span><\/p>\r\n\r\n<p style=\"text-align:justify\"><span style=\"font-size:11pt\"><span style=\"line-height:normal\"><span style=\"font-family:&quot;Calibri&quot;,sans-serif\"><a href=\"https:\/\/plasticosemrevista.com.br\/inseguranca-juridica-contribui-para-deficit-das-redes-de-agua-e-esgoto\/\" style=\"color:blue; text-decoration:underline\"><span style=\"font-size:14.0pt\">Inseguran&ccedil;a jur&iacute;dica contribui para d&eacute;ficit das redes de &aacute;gua e esgoto<\/span><\/a><\/span><\/span><\/span><\/p>\r\n\r\n<p style=\"text-align:justify\"><span style=\"font-size:11pt\"><span style=\"line-height:normal\"><span style=\"font-family:&quot;Calibri&quot;,sans-serif\"><a href=\"https:\/\/epbr.com.br\/uma-perspectiva-internacional-da-politica-industrial-no-processo-de-transicao-energetica\/?utm_source=newsletters+epbr&amp;utm_campaign=2c86856974-epbr-comece-seu-dia_20230313_COPY_01&amp;utm_medium=email&amp;utm_term=0_5931171aac-2c86856974-466362780\" style=\"color:blue; text-decoration:underline\"><span style=\"font-size:14.0pt\">Uma perspectiva internacional da pol&iacute;tica industrial no processo de transi&ccedil;&atilde;o energ&eacute;tica<\/span><\/a><\/span><\/span><\/span><\/p>\r\n\r\n<p style=\"text-align:justify\"><span style=\"font-size:11pt\"><span style=\"line-height:normal\"><span style=\"font-family:&quot;Calibri&quot;,sans-serif\"><a href=\"https:\/\/www.fibre2fashion.com\/news\/textile-news\/global-business-situation-shows-downward-trend-gtis-286932-newsdetails.htm\" style=\"color:blue; text-decoration:underline\"><span style=\"font-size:14.0pt\">Global business situation shows downward trend: GTIS<\/span><\/a><\/span><\/span><\/span><\/p>\r\n\r\n<p class=\"MsoTitle\" style=\"text-align:justify\"><span style=\"font-size:28pt\"><span style=\"font-family:&quot;Cambria&quot;,serif\"><span style=\"letter-spacing:-0.5pt\"><b><span style=\"font-size:18.0pt\"><span style=\"font-family:&quot;Calibri&quot;,sans-serif\"><span style=\"font-variant:small-caps\">Sustentabilidade<\/span><\/span><\/span><\/b><\/span><\/span><\/span><\/p>\r\n\r\n<p style=\"text-align:justify\"><span style=\"font-size:11pt\"><span style=\"line-height:normal\"><span style=\"font-family:&quot;Calibri&quot;,sans-serif\"><a href=\"https:\/\/www.balcaoautomotivo.com\/2023\/04\/12\/abrafiltros-supera-meta-de-reciclagem-de-filtros-do-oleo-automotivo-em-2022\/\" style=\"color:blue; text-decoration:underline\"><span style=\"font-size:14.0pt\">Abrafiltros supera meta de reciclagem de filtros do &oacute;leo automotivo em 2022<\/span><\/a><\/span><\/span><\/span><\/p>\r\n\r\n<p style=\"text-align:justify\"><span style=\"font-size:11pt\"><span style=\"line-height:normal\"><span style=\"font-family:&quot;Calibri&quot;,sans-serif\"><a href=\"https:\/\/noticias.uol.com.br\/ultimas-noticias\/rfi\/2023\/04\/16\/japao-paises-do-g7-se-prometem-acelerar-saida-das-energias-fosseis-e-acabar-com-poluicao-plastica.htm\" style=\"color:blue; text-decoration:underline\"><span style=\"font-size:14.0pt\">Jap&atilde;o: pa&iacute;ses do G7 se prometem acelerar sa&iacute;da das energias f&oacute;sseis e acabar com polui&ccedil;&atilde;o pl&aacute;stica<\/span><\/a><\/span><\/span><\/span><\/p>\r\n\r\n<p style=\"text-align:justify\"><span style=\"font-size:11pt\"><span style=\"line-height:normal\"><span style=\"font-family:&quot;Calibri&quot;,sans-serif\"><a href=\"https:\/\/phys.org\/news\/2023-04-microplastics-river-thames-lockdown-due.html?utm_source=nwletter&amp;utm_medium=email&amp;utm_campaign=daily-nwletter\" style=\"color:blue; text-decoration:underline\"><span style=\"font-size:14.0pt\">77% more microplastics found in River Thames during lockdown may be due to discarded face masks and PPE, research shows<\/span><\/a><\/span><\/span><\/span><\/p>\r\n\r\n<p class=\"MsoTitle\" style=\"text-align:justify\"><span style=\"font-size:28pt\"><span style=\"font-family:&quot;Cambria&quot;,serif\"><span style=\"letter-spacing:-0.5pt\"><b><span style=\"font-size:18.0pt\"><span style=\"font-family:&quot;Calibri&quot;,sans-serif\"><span style=\"font-variant:small-caps\">Inova&ccedil;&atilde;o<\/span><\/span><\/span><\/b><\/span><\/span><\/span><\/p>\r\n\r\n<p style=\"text-align:justify\"><span style=\"font-size:11pt\"><span style=\"line-height:normal\"><span style=\"font-family:&quot;Calibri&quot;,sans-serif\"><a href=\"https:\/\/motonewsbrasil.com\/yamaha-incorpora-polipropileno-reciclado-ecologico-de-nova-geracao-em-seus-modelos\/\" style=\"color:blue; text-decoration:underline\"><span style=\"font-size:14.0pt\">Yamaha incorpora polipropileno reciclado ecol&oacute;gico de nova gera&ccedil;&atilde;o em seus modelos<\/span><\/a><\/span><\/span><\/span><\/p>\r\n\r\n<p style=\"text-align:justify\"><span style=\"font-size:11pt\"><span style=\"line-height:normal\"><span style=\"font-family:&quot;Calibri&quot;,sans-serif\"><a href=\"https:\/\/phys.org\/news\/2023-04-natural-washable-antimicrobial.html?utm_source=nwletter&amp;utm_medium=email&amp;utm_campaign=daily-nwletter\" style=\"color:blue; text-decoration:underline\"><span style=\"font-size:14.0pt\">Researchers develop natural, washable antimicrobial cleaning wipes<\/span><\/a><\/span><\/span><\/span><\/p>\r\n\r\n<p style=\"text-align:justify\"><span style=\"font-size:11pt\"><span style=\"line-height:normal\"><span style=\"font-family:&quot;Calibri&quot;,sans-serif\"><a href=\"https:\/\/www.portugaltextil.com\/revestimento-inteligente-desintoxica-atmosfera\/?utm_term=Portugal+Textil+a%3F%3F%3F%3F+14.04.2023&amp;utm_campaign=Portugal+Textil+FInal&amp;utm_source=e-goi&amp;utm_medium=email&amp;eg_sub=ef749a4dff&amp;eg_cam=40aafeca05c6ceada112033a738387aa&amp;eg_list=6\" style=\"color:blue; text-decoration:underline\"><span style=\"font-size:14.0pt\">Revestimento inteligente desintoxica atmosfera<\/span><\/a><\/span><\/span><\/span><\/p>\r\n\r\n<p class=\"MsoTitle\" style=\"text-align:justify\"><span style=\"font-size:28pt\"><span style=\"font-family:&quot;Cambria&quot;,serif\"><span style=\"letter-spacing:-0.5pt\"><b><span style=\"font-size:18.0pt\"><span style=\"font-family:&quot;Calibri&quot;,sans-serif\"><span style=\"font-variant:small-caps\">Com&eacute;rcio Exterior<\/span><\/span><\/span><\/b><\/span><\/span><\/span><\/p>\r\n\r\n<p style=\"text-align:justify\"><span style=\"font-size:11pt\"><span style=\"line-height:normal\"><span style=\"font-family:&quot;Calibri&quot;,sans-serif\"><a href=\"https:\/\/static.portaldaindustria.com.br\/media\/filer_public\/41\/72\/4172e8e8-5f29-484f-a099-516817db0243\/informepoliticacomercial_23_12_visitachina.pdf\" style=\"color:blue; text-decoration:underline\"><span style=\"font-size:14.0pt\">Visita Presidencial &agrave; China: Atos Assinados e Declara&ccedil;&otilde;es Conjuntas<\/span><\/a><\/span><\/span><\/span><\/p>\r\n\r\n<p style=\"text-align:justify\"><span style=\"font-size:11pt\"><span style=\"line-height:normal\"><span style=\"font-family:&quot;Calibri&quot;,sans-serif\"><a href=\"https:\/\/agenciabrasil.ebc.com.br\/economia\/noticia\/2023-04\/receita-quer-intensificar-fiscalizacao-de-impostos-de-importacao\" style=\"color:blue; text-decoration:underline\"><span style=\"font-size:14.0pt\">Receita quer intensificar fiscaliza&ccedil;&atilde;o de impostos de importa&ccedil;&atilde;o<\/span><\/a><\/span><\/span><\/span><\/p>\r\n\r\n<p style=\"text-align:justify\"><span style=\"font-size:11pt\"><span style=\"line-height:normal\"><span style=\"font-family:&quot;Calibri&quot;,sans-serif\"><a href=\"https:\/\/static.portaldaindustria.com.br\/media\/filer_public\/63\/e3\/63e30d84-73a2-4974-bc7f-260adc371cdd\/nota-economica26_mar2023_vf.pdf\" style=\"color:blue; text-decoration:underline\"><span style=\"font-size:14.0pt\">Exporta&ccedil;&otilde;es de bens da ind&uacute;stria de transforma&ccedil;&atilde;o foram recorde em 2022<\/span><\/a><\/span><\/span><\/span><\/p>\r\n\r\n<p style=\"text-align:justify\"><span style=\"font-size:11pt\"><span style=\"line-height:normal\"><span style=\"font-family:&quot;Calibri&quot;,sans-serif\"><a href=\"https:\/\/www.cnnbrasil.com.br\/economia\/balanca-comercial-registra-superavit-de-us-33-bilhoes-na-1a-semana-de-abril-diz-ministerio\/\" style=\"color:blue; text-decoration:underline\"><span style=\"font-size:14.0pt\">Balan&ccedil;a comercial registra super&aacute;vit de US$ 3,3 bilh&otilde;es na 1&ordf; semana de abril, diz minist&eacute;rio<\/span><\/a><\/span><\/span><\/span><\/p>\r\n\r\n<p style=\"text-align:justify\"><span style=\"font-size:11pt\"><span style=\"line-height:normal\"><span style=\"font-family:&quot;Calibri&quot;,sans-serif\"><a href=\"https:\/\/economia.uol.com.br\/noticias\/estadao-conteudo\/2023\/04\/12\/cni-preve-superavit-comercial-de-us-557-bilhoes-da-balanca-comercial-em-2023.htm\" style=\"color:blue; text-decoration:underline\"><span style=\"font-size:14.0pt\">CNI prev&ecirc; super&aacute;vit comercial de US$ 55,7 bilh&otilde;es da balan&ccedil;a comercial em 2023<\/span><\/a><\/span><\/span><\/span><\/p>\r\n\r\n<p style=\"text-align:justify\"><span style=\"font-size:11pt\"><span style=\"line-height:normal\"><span style=\"font-family:&quot;Calibri&quot;,sans-serif\"><a href=\"https:\/\/exclusivo.com.br\/_conteudo\/negocios\/2023\/04\/13\/exportacoes-de-calcados-somam-uss-32844-milhoes-no-trimestre.html\" style=\"color:blue; text-decoration:underline\"><span style=\"font-size:14.0pt\">Abical&ccedil;ados: exporta&ccedil;&otilde;es de calcados somam US$328,44 milh&otilde;es no trimestre<\/span><\/a><\/span><\/span><\/span><\/p>\r\n\r\n<p style=\"text-align:justify\"><span style=\"font-size:11pt\"><span style=\"line-height:normal\"><span style=\"font-family:&quot;Calibri&quot;,sans-serif\"><a href=\"https:\/\/apexbrasil.com.br\/content\/apexbrasil\/br\/pt\/conteudo\/noticias\/apexbrasil-atualiza-mapa-oportunidades-eua-china.html?msdynttrid=mhS4K_0S3PXnVfPyX8cXBi6E-HKrXlRkQPB6yTf2qNQ#msdynttrid=GY2tqN0rsHPJqJntRtsvb7jqyDgQATEzIquAeHRY5fY\" style=\"color:blue; text-decoration:underline\"><span style=\"font-size:14.0pt\">ApexBrasil atualiza Mapas de Oportunidades EUA e China<\/span><\/a><\/span><\/span><\/span><\/p>\r\n\r\n<p class=\"MsoTitle\" style=\"text-align:justify\"><span style=\"font-size:28pt\"><span style=\"font-family:&quot;Cambria&quot;,serif\"><span style=\"letter-spacing:-0.5pt\"><b><span style=\"font-size:18.0pt\"><span style=\"font-family:&quot;Calibri&quot;,sans-serif\"><span style=\"font-variant:small-caps\">Economia<\/span><\/span><\/span><\/b><\/span><\/span><\/span><\/p>\r\n\r\n<p style=\"text-align:justify\"><span style=\"font-size:11pt\"><span style=\"line-height:normal\"><span style=\"font-family:&quot;Calibri&quot;,sans-serif\"><a href=\"https:\/\/www.bcb.gov.br\/content\/focus\/focus\/R20230324.pdf\" style=\"color:blue; text-decoration:underline\"><span style=\"font-size:14.0pt\">Focus &ndash; Relat&oacute;rio de Mercado<\/span><\/a><\/span><\/span><\/span><\/p>\r\n\r\n<p style=\"text-align:justify\"><span style=\"font-size:11pt\"><span style=\"line-height:normal\"><span style=\"font-family:&quot;Calibri&quot;,sans-serif\"><a href=\"https:\/\/sovos.com\/pt-br\/blog\/tributos\/8-medidas-anunciadas-pelo-governo-para-aumentar-a-arrecadacao\/?utm_source=&amp;utm_medium=&amp;utm_campaign=&amp;utm_term=&amp;utm_content=&amp;mkt_tok=MzM0LUhWTi0yNDkAAAGLIBzI-WTAwCWt37P7FYKRWgTVFyoIkpPe9VW-8cYaR0NC2hqMpOjwA7AUoqNJvxC-oV1yjiOd3YvJ6A1IJBpJBE6THRAQH5Q00T367jpmsQE\" style=\"color:blue; text-decoration:underline\"><span style=\"font-size:14.0pt\">8 medidas anunciadas pelo governo para aumentar a arrecada&ccedil;&atilde;o<\/span><\/a><\/span><\/span><\/span><\/p>\r\n\r\n<p style=\"text-align:justify\"><span style=\"font-size:11pt\"><span style=\"line-height:normal\"><span style=\"font-family:&quot;Calibri&quot;,sans-serif\"><a href=\"https:\/\/noticias.portaldaindustria.com.br\/noticias\/economia\/juros-altos-seguem-como-freio-de-mao-da-economia-brasileira-em-2023-avalia-cni\/\" style=\"color:blue; text-decoration:underline\"><span style=\"font-size:14.0pt\">Juros altos seguem como freio de m&atilde;o da economia brasileira em 2023, avalia CNI<\/span><\/a><\/span><\/span><\/span><\/p>\r\n\r\n<p style=\"text-align:justify\"><span style=\"font-size:11pt\"><span style=\"line-height:normal\"><span style=\"font-family:&quot;Calibri&quot;,sans-serif\"><a href=\"https:\/\/www.camara.leg.br\/noticias\/952788-grupo-da-reforma-tributaria-discute-fim-dos-incentivos-fiscais-no-novo-imposto-sobre-consumo\" style=\"color:blue; text-decoration:underline\"><span style=\"font-size:14.0pt\">Grupo da Reforma Tribut&aacute;ria discute fim dos incentivos fiscais no novo imposto sobre consumo<\/span><\/a><\/span><\/span><\/span><\/p>\r\n\r\n<p style=\"text-align:justify\"><span style=\"font-size:11pt\"><span style=\"line-height:normal\"><span style=\"font-family:&quot;Calibri&quot;,sans-serif\"><a href=\"https:\/\/ibre.fgv.br\/blog-da-conjuntura-economica\/artigos\/estamos-nos-dando-conta-de-que-o-mundo-para-o-qual-economia\" style=\"color:blue; text-decoration:underline\"><span style=\"font-size:14.0pt\">&ldquo;Estamos nos dando conta de que o mundo para o qual a economia voltou n&atilde;o &eacute; o mesmo do pr&eacute;-pandemia&rdquo;<\/span><\/a><\/span><\/span><\/span><\/p>\r\n\r\n<p style=\"text-align:justify\"><span style=\"font-size:11pt\"><span style=\"line-height:normal\"><span style=\"font-family:&quot;Calibri&quot;,sans-serif\"><a href=\"https:\/\/blogdoibre.fgv.br\/posts\/ajuste-fiscal-e-os-limites-do-possivel-novamente\" style=\"color:blue; text-decoration:underline\"><span style=\"font-size:14.0pt\">Ajuste fiscal e os limites do poss&iacute;vel, novamente<\/span><\/a><\/span><\/span><\/span><\/p>\r\n\r\n<p style=\"text-align:justify\"><span style=\"font-size:11pt\"><span style=\"line-height:normal\"><span style=\"font-family:&quot;Calibri&quot;,sans-serif\"><a href=\"https:\/\/blogdoibre.fgv.br\/posts\/economia-americana-em-meio-uma-crise-bancaria\" style=\"color:blue; text-decoration:underline\"><span style=\"font-size:14.0pt\">Economia americana em meio a uma crise banc&aacute;ria<\/span><\/a><\/span><\/span><\/span><\/p>\r\n\r\n<p style=\"text-align:justify\">&nbsp;<\/p>\r\n","texto_en":"","7":"","imagem":"COMP_banner-padrao-home-destaques-boletim-2023_20230418170257sdFx6u8ygW.jpeg","8":"COMP_banner-padrao-home-destaques-boletim-2023_20230418170257sdFx6u8ygW.jpeg","arquivo":"20230418-NOTICIAS-SEMANAIS.PDF","9":"20230418-NOTICIAS-SEMANAIS.PDF","titulo_arquivo":"","10":"","titulo_arquivo_en":"","11":"","created_at":"2023-04-18 17:03:05","12":"2023-04-18 17:03:05","updated_at":"2023-04-18 17:03:05","13":"2023-04-18 17:03:05"},{"id":60,"0":60,"ordem":163,"1":163,"data":"2023-04-11","2":"2023-04-11","slug":"boletim-de-noticias-semanais-57","3":"boletim-de-noticias-semanais-57","titulo":"Boletim de Not\u00edcias Semanais","4":"Boletim de Not\u00edcias Semanais","titulo_en":"","5":"","texto":"<p style=\"text-align:justify\"><span style=\"font-size:11pt\"><span style=\"line-height:normal\"><span calibri=\"\" style=\"font-family:\"><span style=\"font-size:14.0pt\">Esta &eacute; uma compila&ccedil;&atilde;o das not&iacute;cias mais relevantes para o setor, incluindo informa&ccedil;&otilde;es sobre acordos internacionais, economia brasileira, sustentabilidade e mat&eacute;rias primas, al&eacute;m de novidades do setor de N&atilde;otecidos e Tecidos T&eacute;cnicos.<\/span><\/span><\/span><\/span><\/p>\r\n\r\n<p class=\"MsoTitleCxSpMiddle\" style=\"text-align:justify\"><span style=\"font-size:28pt\"><span cambria=\"\" style=\"font-family:\"><span style=\"letter-spacing:-0.5pt\"><b><span style=\"font-size:18.0pt\"><span calibri=\"\" style=\"font-family:\"><span style=\"font-variant:small-caps\">A&ccedil;&otilde;es da ABINT<\/span><\/span><\/span><\/b><\/span><\/span><\/span><\/p>\r\n\r\n<p class=\"MsoTitleCxSpLast\" style=\"text-align:justify\"><img src=\"https:\/\/www.abint.org.br\/assets\/img\/editor\/asec-cetesb-arte-palestra-ctg-10o-seminario-internacional-dia-mundial-da-agua_20230411141555QonM46M67X.jpg\" \/><\/p>\r\n\r\n<p style=\"margin-bottom:13px\"><span style=\"font-size:11pt\"><span style=\"line-height:115%\"><span calibri=\"\" style=\"font-family:\"><a href=\"https:\/\/www.aseccetesb.org\/post\/dia-mundial-da-%C3%A1gua\" style=\"color:blue; text-decoration:underline\"><b><span style=\"font-size:14.0pt\"><span style=\"line-height:115%\">Informa&ccedil;&otilde;es<\/span><\/span><\/b><\/a><\/span><\/span><\/span><\/p>\r\n\r\n<p style=\"margin-bottom:13px\">&nbsp;<\/p>\r\n\r\n<p style=\"margin-bottom:13px\"><span style=\"font-size:11pt\"><span style=\"line-height:115%\"><span calibri=\"\" style=\"font-family:\"><b><span style=\"font-size:14.0pt\"><span style=\"line-height:115%\"><img src=\"https:\/\/www.abint.org.br\/assets\/img\/editor\/ctg-patrocinador-regeo-2023_20230411141627I7FCuYJcBp.jpeg\" style=\"width: 300px; height: 300px;\" \/><\/span><\/span><\/b><\/span><\/span><\/span><\/p>\r\n\r\n<p style=\"text-align:justify\"><span style=\"font-size:11pt\"><span style=\"line-height:normal\"><span calibri=\"\" style=\"font-family:\"><b><span style=\"font-size:14.0pt\"><span style=\"font-variant:small-caps\">O CTG ABINT <\/span><\/span><\/b><b><span style=\"font-size:14.0pt\">marcar&aacute; presen&ccedil;a<\/span><\/b><span style=\"font-size:14.0pt\"> nos eventos <b>X Congresso Brasileiro de Geotecnia Ambiental &amp; IX Congresso Brasileiro de Geossint&eacute;ticos - REGEO&rsquo;23 &amp; Geossint&eacute;ticos&rsquo;23<\/b>, que ocorrer&atilde;o de 18 a 21 de julho de 2023, Centro Universit&aacute;rio Jorge Amado &ndash; UNIJORGE, Salvador, BA.<\/span><\/span><\/span><\/span><\/p>\r\n\r\n<p style=\"text-align:justify\"><span style=\"font-size:11pt\"><span style=\"line-height:normal\"><span calibri=\"\" style=\"font-family:\"><a href=\"https:\/\/regeogeossinteticos23.com.br\/\" style=\"color:blue; text-decoration:underline\"><span style=\"font-size:14.0pt\">Mais informa&ccedil;&otilde;es e inscri&ccedil;&otilde;es<\/span><\/a><\/span><\/span><\/span><\/p>\r\n\r\n<p style=\"text-align:justify\">&nbsp;<\/p>\r\n\r\n<p style=\"text-align:justify\"><img alt=\"O Eng. Fernando Lavoie, Coordenador do CTG ABINT, ministrar\u00e1 Minicurso durante o Regeo\u201923 &amp; Geossint\u00e9ticos\u201923.  Inscreva-se!\" src=\"https:\/\/www.abint.org.br\/assets\/img\/editor\/minicurso-fernando-regeo-2023_20230411141719MLmOzT2j05.jpeg\" style=\"width: 300px; height: 300px;\" \/><\/p>\r\n\r\n<p class=\"MsoTitleCxSpLast\" style=\"text-align:justify\"><span style=\"font-size:28pt\"><span cambria=\"\" style=\"font-family:\"><span style=\"letter-spacing:-0.5pt\"><b><span style=\"font-size:14.0pt\"><span calibri=\"\" style=\"font-family:\"><span style=\"letter-spacing:0pt\">O Eng. Fernando Lavoie, Coordenador do CTG ABINT<\/span><\/span><\/span><\/b><span style=\"font-size:14.0pt\"><span calibri=\"\" style=\"font-family:\"><span style=\"letter-spacing:0pt\">, ministrar&aacute; <b>Minicurso<\/b> durante o <b>Regeo&rsquo;23 &amp; Geossint&eacute;ticos&rsquo;23<\/b>. <\/span><\/span><\/span><a href=\"https:\/\/regeogeossinteticos23.com.br\/inscricoes\/\" style=\"color:blue; text-decoration:underline\"><span style=\"font-size:14.0pt\"><span calibri=\"\" style=\"font-family:\"><span style=\"letter-spacing:0pt\">Inscreva-se!<\/span><\/span><\/span><\/a><\/span><\/span><\/span><\/p>\r\n\r\n<p class=\"MsoTitleCxSpLast\" style=\"text-align:justify\"><img src=\"https:\/\/www.abint.org.br\/assets\/img\/editor\/premio-tcc-ic-2023-arte-5_20230411141847JQvY406HMd.png\" style=\"width: 300px; height: 300px;\" \/><\/p>\r\n\r\n<h3><strong>O CTG ABINT e a IGS BRASIL<\/strong> convidam aqueles que desenvolveram trabalhos acad&ecirc;micos relacionados aos geossint&eacute;ticos a participarem&nbsp;de mais uma edi&ccedil;&atilde;o do Pr&ecirc;mio TCC\/IC.<\/h3>\r\n\r\n<p class=\"MsoTitleCxSpLast\" style=\"text-align:justify\"><span style=\"font-size:11.0pt\"><span style=\"line-height:115%\"><span calibri=\"\" style=\"font-family:\"><a href=\"https:\/\/abint.us2.list-manage.com\/track\/click?u=88818ac6bf44316570fc1bc2f&amp;id=46b014bcf1&amp;e=626265ad22\" style=\"color:blue; text-decoration:underline\" target=\"_blank\"><span style=\"font-size:14.0pt\"><span style=\"line-height:115%\"><span style=\"color:blue\">Mais informa&ccedil;&otilde;es e inscri&ccedil;&otilde;es<\/span><\/span><\/span><\/a><\/span><\/span><\/span><\/p>\r\n\r\n<p class=\"MsoTitleCxSpLast\" style=\"text-align:justify\">&nbsp;<\/p>\r\n\r\n<p class=\"MsoTitleCxSpLast\" style=\"text-align:justify\"><span style=\"font-size:11.0pt\"><span style=\"line-height:115%\"><span calibri=\"\" style=\"font-family:\"><span style=\"font-size:14.0pt\"><span style=\"line-height:115%\"><span style=\"color:blue\"><img src=\"https:\/\/www.abint.org.br\/assets\/img\/editor\/itma-2023-abint-english-417x250_20230411142003fY0Vj2DuHS.jpg\" \/><\/span><\/span><\/span><\/span><\/span><\/span><\/p>\r\n\r\n<p style=\"text-align:justify\"><span style=\"font-size:11pt\"><span style=\"line-height:normal\"><span calibri=\"\" style=\"font-family:\"><b><span style=\"font-size:14.0pt\">A ABINT apoia a ITMA 2023<\/span><\/b><\/span><\/span><\/span><\/p>\r\n\r\n<p style=\"text-align:justify\"><span style=\"font-size:11pt\"><span style=\"line-height:normal\"><span calibri=\"\" style=\"font-family:\"><span style=\"font-size:14.0pt\">A 19&ordf; edi&ccedil;&atilde;o da maior exposi&ccedil;&atilde;o internacional de tecnologia t&ecirc;xtil e de vestu&aacute;rio do mundo acontecer&aacute; em Mil&atilde;o, It&aacute;lia, de 08 a 14 de junho de 2023. <\/span><a href=\"https:\/\/itma.com\/\" style=\"color:blue; text-decoration:underline\"><span style=\"font-size:14.0pt\">Informa&ccedil;&otilde;es<\/span><\/a><\/span><\/span><\/span><\/p>\r\n\r\n<p style=\"text-align:justify\"><span style=\"font-size:11pt\"><span style=\"line-height:normal\"><span calibri=\"\" style=\"font-family:\"><b><span style=\"font-size:18.0pt\"><span style=\"font-variant:small-caps\">Eventos<\/span><\/span><\/b><\/span><\/span><\/span><\/p>\r\n\r\n<p style=\"text-align:justify\"><span style=\"font-size:11pt\"><span style=\"line-height:normal\"><span calibri=\"\" style=\"font-family:\"><b><span style=\"font-size:14.0pt\">DI&Aacute;LOGO COM SETOR PRODUTIVO - <\/span><\/b><span style=\"font-size:14.0pt\">Em s&eacute;rie de encontros com empres&aacute;rios, Inmetro discute a&ccedil;&otilde;es para o desenvolvimento do pa&iacute;s. Reuni&otilde;es setoriais acontecem em Bras&iacute;lia e em S&atilde;o Paulo, entre os dias 4 e 12 de abril.<\/span> <a href=\"https:\/\/www.gov.br\/inmetro\/pt-br\/centrais-de-conteudo\/noticias\/em-serie-de-encontros-com-empresarios-inmetro-discute-acoes-para-o-desenvolvimento-do-pais\" style=\"color:blue; text-decoration:underline\"><span style=\"font-size:14.0pt\">Informa&ccedil;&otilde;es<\/span><\/a><\/span><\/span><\/span><\/p>\r\n\r\n<p style=\"text-align:justify\"><span style=\"font-size:11pt\"><span style=\"line-height:normal\"><span calibri=\"\" style=\"font-family:\"><b><span style=\"font-size:14.0pt\">AESabesp | Lei das Estatais &ndash; Novo Regime Licitat&oacute;rio e de Contrata&ccedil;&atilde;o<\/span><\/b><span style=\"font-size:14.0pt\">, 11 a 14 de abril de 2023, das 9h00 &agrave;s 13h00, no formato online<\/span><span class=\"MsoHyperlink\" style=\"color:blue\"><span style=\"text-decoration:underline\"><span style=\"font-size:14.0pt\"><span style=\"text-decoration:none\"><span style=\"text-underline:none\">. <\/span><\/span><\/span><\/span><\/span><a href=\"https:\/\/docs.google.com\/forms\/d\/e\/1FAIpQLScaQhpnrri5yflBpZIruEtaMG8Y_lZVptjF61jEMyb7kZyB_g\/viewform\" style=\"color:blue; text-decoration:underline\"><span style=\"font-size:14.0pt\">Inscri&ccedil;&otilde;es<\/span><\/a> <\/span><\/span><\/span><\/p>\r\n\r\n<p style=\"text-align:justify\"><span style=\"font-size:11pt\"><span style=\"line-height:normal\"><span calibri=\"\" style=\"font-family:\"><b><span style=\"font-size:14.0pt\">NasceCME | Dia Internacional da Ci&ecirc;ncia da Esteriliza&ccedil;&atilde;o &ndash; Equipes t&eacute;cnicas qualificadas e as interfaces com processos e pr&aacute;ticas seguras<\/span><\/b><span style=\"font-size:14.0pt\">, 14 e 15 de abril de 2023, Golden Tulip, S&atilde;o Jos&eacute; dos Campos<\/span><span class=\"MsoHyperlink\" style=\"color:blue\"><span style=\"text-decoration:underline\"><span style=\"font-size:14.0pt\"><span style=\"text-decoration:none\"><span style=\"text-underline:none\">. <\/span><\/span><\/span><\/span><\/span><a href=\"https:\/\/www.sympla.com.br\/evento\/dia-internacional-da-ciencia-da-esterilizacao\/1866685?_gl=1*103ko68*_ga*MTk0NjU1Njc3Ni4xNjc1MTc5Mzkz*_ga_KXH10SQTZF*MTY3NTg3MzM2NS45LjEuMTY3NTg3MzQ0My4wLjAuMA..\" style=\"color:blue; text-decoration:underline\"><span style=\"font-size:14.0pt\">Informa&ccedil;&otilde;es<\/span><\/a> <\/span><\/span><\/span><\/p>\r\n\r\n<p style=\"text-align:justify\"><span style=\"font-size:11pt\"><span style=\"line-height:normal\"><span calibri=\"\" style=\"font-family:\"><b><span style=\"font-size:14.0pt\">FGV-IBRE | &quot;A transi&ccedil;&atilde;o energ&eacute;tica e os impactos na economia&quot;<\/span><\/b><span style=\"font-size:14.0pt\">, 18 de abril de 2023, 10h00 &agrave;s 11h30, transmiss&atilde;o via YouTube.<\/span> <a href=\"https:\/\/evento.fgv.br\/transicaoenergetica_1804\/\" style=\"color:blue; text-decoration:underline\"><span style=\"font-size:14.0pt\">Informa&ccedil;&otilde;es<\/span><\/a> <\/span><\/span><\/span><\/p>\r\n\r\n<p style=\"text-align:justify\"><span style=\"font-size:11pt\"><span style=\"line-height:normal\"><span calibri=\"\" style=\"font-family:\"><b><span style=\"font-size:14.0pt\">INDEX 2023<\/span><\/b><span style=\"font-size:14.0pt\">, 18 a 21 de abril, Palexpo, Genebra, Su&iacute;&ccedil;a<b>.<\/b><\/span> <a href=\"https:\/\/www.indexnonwovens.com\/en\/\" style=\"color:blue; text-decoration:underline\"><span style=\"font-size:14.0pt\">Informa&ccedil;&otilde;es<\/span><\/a><\/span><\/span><\/span><\/p>\r\n\r\n<p style=\"text-align:justify\"><span style=\"font-size:11pt\"><span style=\"line-height:normal\"><span calibri=\"\" style=\"font-family:\"><b><span style=\"font-size:14.0pt\">Instituto Inova Cidade | Transi&ccedil;&atilde;o para nova Lei de Licita&ccedil;&otilde;es - 4a edi&ccedil;&atilde;o<\/span><\/b><span style=\"font-size:14.0pt\">, 24 de abril de 2023, 09h00 &agrave;s 16h00.<\/span> <a href=\"https:\/\/institutoinovacidades.com.br\/cursos\/60\/transicao-para-nova-lei-de-licitacoes\" style=\"color:blue; text-decoration:underline\"><span style=\"font-size:14.0pt\">Informa&ccedil;&otilde;es<\/span><\/a><\/span><\/span><\/span><\/p>\r\n\r\n<p style=\"text-align:justify\"><span style=\"font-size:11pt\"><span style=\"line-height:normal\"><span calibri=\"\" style=\"font-family:\"><b><span style=\"font-size:14.0pt\">Transi&ccedil;&atilde;o para Nova Lei de Licita&ccedil;&otilde;es<\/span><\/b><span style=\"font-size:14.0pt\">, 25 de abril de 2023, 09h00 &agrave;s 16h00, transmiss&atilde;o via Zoom.<\/span> <a href=\"https:\/\/docs.google.com\/forms\/d\/1CvjDdKsewYazBc6_Kpl9_-iyEPUt2ISmW6sdlSs2N5U\/viewform?edit_requested=true\" style=\"color:blue; text-decoration:underline\"><span style=\"font-size:14.0pt\">Informa&ccedil;&otilde;es<\/span><\/a><\/span><\/span><\/span><\/p>\r\n\r\n<p style=\"text-align:justify\"><span style=\"font-size:11pt\"><span style=\"line-height:normal\"><span calibri=\"\" style=\"font-family:\"><b><span style=\"font-size:14.0pt\">FGV IBRE | &quot;Pol&iacute;tica Fiscal e Infla&ccedil;&atilde;o&quot;<\/span><\/b><span style=\"font-size:14.0pt\">, 26 de abril de 2023, 14h00 &agrave;s 16h00, evento h&iacute;brido: presencial Praia de Botafogo, 190, 12&ordm; andar, Rio de Janeiro, ou transmiss&atilde;o via YouTube. <\/span><a href=\"https:\/\/evento.fgv.br\/monitorfiscal\/\" style=\"color:blue; text-decoration:underline\"><span style=\"font-size:14.0pt\">Informa&ccedil;&otilde;es<\/span><\/a><span style=\"font-size:14.0pt\"> <\/span><\/span><\/span><\/span><\/p>\r\n\r\n<p style=\"text-align:justify\"><span style=\"font-size:11pt\"><span style=\"line-height:normal\"><span calibri=\"\" style=\"font-family:\"><b><span style=\"font-size:14.0pt\">Bioplastics Brazil 2023 - Congresso cient&iacute;fico internacional sobre biopl&aacute;sticos<\/span><\/b><span class=\"MsoHyperlink\" style=\"color:blue\"><span style=\"text-decoration:underline\"><span style=\"font-size:14.0pt\"><span style=\"text-decoration:none\"><span style=\"text-underline:none\">, <\/span><\/span><\/span><\/span><\/span><span style=\"font-size:14.0pt\">26 e 27 Abril de 2023, Audit&oacute;rio da ABIMAQ<\/span><span class=\"MsoHyperlink\" style=\"color:blue\"><span style=\"text-decoration:underline\"><span style=\"font-size:14.0pt\"><span style=\"text-decoration:none\"><span style=\"text-underline:none\">. <\/span><\/span><\/span><\/span><\/span><a href=\"https:\/\/www.bioplasticsbrazil.com\/\" style=\"color:blue; text-decoration:underline\"><span style=\"font-size:14.0pt\">Informa&ccedil;&otilde;es<\/span><\/a> <\/span><\/span><\/span><\/p>\r\n\r\n<p style=\"text-align:justify\"><span style=\"font-size:11pt\"><span style=\"line-height:normal\"><span calibri=\"\" style=\"font-family:\"><b><span style=\"font-size:14.0pt\">BIOTEXFUTURE Spring Forum<\/span><\/b><span class=\"MsoHyperlink\" style=\"color:blue\"><span style=\"text-decoration:underline\"><span style=\"font-size:14.0pt\"><span style=\"text-decoration:none\"><span style=\"text-underline:none\">, <\/span><\/span><\/span><\/span><\/span><span style=\"font-size:14.0pt\">3rd May 2023, Aachen, Germany<\/span><span class=\"MsoHyperlink\" style=\"color:blue\"><span style=\"text-decoration:underline\"><span style=\"font-size:14.0pt\"><span style=\"text-decoration:none\"><span style=\"text-underline:none\">. <\/span><\/span><\/span><\/span><\/span><a href=\"https:\/\/campusforum.rwth-campus.com\/en\/events\/event\/?event_id=230224-41332-DG-99998:41332\" style=\"color:blue; text-decoration:underline\"><span style=\"font-size:14.0pt\">Informa&ccedil;&otilde;es<\/span><\/a> <\/span><\/span><\/span><\/p>\r\n\r\n<p class=\"MsoTitle\" style=\"text-align:justify\"><span style=\"font-size:28pt\"><span cambria=\"\" style=\"font-family:\"><span style=\"letter-spacing:-0.5pt\"><b><span style=\"font-size:18.0pt\"><span calibri=\"\" style=\"font-family:\"><span style=\"font-variant:small-caps\">Setor<\/span><\/span><\/span><\/b><\/span><\/span><\/span><\/p>\r\n\r\n<p style=\"text-align:justify\"><span style=\"font-size:11pt\"><span style=\"line-height:normal\"><span calibri=\"\" style=\"font-family:\"><a href=\"https:\/\/textileindustry.ning.com\/forum\/topics\/n-o-tecidos-ganham-for-a\" style=\"color:blue; text-decoration:underline\"><span style=\"font-size:14.0pt\">N&atilde;o-tecidos ganham for&ccedil;a<\/span><\/a><\/span><\/span><\/span><\/p>\r\n\r\n<p style=\"text-align:justify\"><span style=\"font-size:11pt\"><span style=\"line-height:normal\"><span calibri=\"\" style=\"font-family:\"><a href=\"https:\/\/plasticosemrevista.com.br\/poliolefinas-cambaleiam-os-spreads-na-china\/\" style=\"color:blue; text-decoration:underline\"><span style=\"font-size:14.0pt\">Poliolefinas: cambaleiam os spreads na China<\/span><\/a><\/span><\/span><\/span><\/p>\r\n\r\n<p style=\"text-align:justify\"><span style=\"font-size:11pt\"><span style=\"line-height:normal\"><span calibri=\"\" style=\"font-family:\"><a href=\"https:\/\/www.nonwovens-industry.com\/contents\/view_features\/2023-03-30\/sustainability-in-wipes-trends-in-hygiene-and-beauty?utm_campaign=NON+Issue+Alert&amp;utm_medium=email&amp;_hsmi=253722763&amp;_hsenc=p2ANqtz-_m2v6J3-nGz5ysRZocxUW6wc1_j3MaGvgp5WvMj4YkCB7c7k5-v6GwNNdi5WXbreBxnPMFeLd4ZOxa6guwc6Vi1NJJbA&amp;utm_content=253722763&amp;utm_source=hs_email\" style=\"color:blue; text-decoration:underline\"><span style=\"font-size:14.0pt\">Sustainability in Wipes: Trends in Hygiene and Beauty<\/span><\/a><\/span><\/span><\/span><\/p>\r\n\r\n<p style=\"text-align:justify\"><span style=\"font-size:11pt\"><span style=\"line-height:normal\"><span calibri=\"\" style=\"font-family:\"><a href=\"https:\/\/tissueonline.com.br\/setor-de-hppc-tem-superavit-de-us-17-milhao-no-primeiro-bimestre-de-2023\/?utm_campaign=newsletter_06042023_novo_modelo&amp;utm_medium=email&amp;utm_source=RD+Station\" style=\"color:blue; text-decoration:underline\"><span style=\"font-size:14.0pt\">Setor de HPPC tem super&aacute;vit de US$ 1,7 milh&atilde;o no primeiro bimestre de 2023<\/span><\/a><\/span><\/span><\/span><\/p>\r\n\r\n<p style=\"text-align:justify\"><span style=\"font-size:11pt\"><span style=\"line-height:normal\"><span calibri=\"\" style=\"font-family:\"><a href=\"https:\/\/tribunahoje.com\/noticias\/interior\/2023\/04\/06\/118859-mantas-doadas-pela-agreste-saneamento-para-agricultores-de-arapiraca-sao-destaque-em-uma-das-principais-revistas-cientificas-do-mundo\" style=\"color:blue; text-decoration:underline\"><span style=\"font-size:14.0pt\">Geot&ecirc;xteis: Mantas doadas para agricultores de Arapiraca s&atilde;o destaque em uma das principais revistas cient&iacute;ficas do mundo<\/span><\/a><\/span><\/span><\/span><\/p>\r\n\r\n<p style=\"text-align:justify\"><span style=\"font-size:11pt\"><span style=\"line-height:normal\"><span calibri=\"\" style=\"font-family:\"><a href=\"https:\/\/www.tecmundo.com.br\/ciencia\/262493-dispositivo-usa-energia-acucar-do-sangue-ativar-bomba-insulina.htm\" style=\"color:blue; text-decoration:underline\"><span style=\"font-size:14.0pt\">N&atilde;otecido: Dispositivo usa energia do a&ccedil;&uacute;car do sangue para ativar bomba de insulina<\/span><\/a><\/span><\/span><\/span><\/p>\r\n\r\n<p style=\"text-align:justify\"><span style=\"font-size:11pt\"><span style=\"line-height:normal\"><span calibri=\"\" style=\"font-family:\"><a href=\"https:\/\/plasticosemrevista.com.br\/mexico-consumo-de-plastico-mandou-bem-em-2022\/\" style=\"color:blue; text-decoration:underline\"><span style=\"font-size:14.0pt\">M&eacute;xico: consumo de pl&aacute;stico mandou bem em 2022<\/span><\/a><\/span><\/span><\/span><\/p>\r\n\r\n<p style=\"text-align:justify\"><span style=\"font-size:11pt\"><span style=\"line-height:normal\"><span calibri=\"\" style=\"font-family:\"><a href=\"https:\/\/www.technicaltextile.net\/news\/andritz-technical-centre-in-france-fully-equipped-with-pilot-line-286725.html\" style=\"color:blue; text-decoration:underline\"><span style=\"font-size:14.0pt\">Andritz technical centre in France fully equipped with pilot line<\/span><\/a><\/span><\/span><\/span><\/p>\r\n\r\n<p style=\"text-align:justify\"><span style=\"font-size:11pt\"><span style=\"line-height:normal\"><span calibri=\"\" style=\"font-family:\"><a href=\"https:\/\/www.technicaltextile.net\/news\/finland-s-suominen-moves-forward-towards-carbon-neutral-nonwovens-286675.html\" style=\"color:blue; text-decoration:underline\"><span style=\"font-size:14.0pt\">Finland&#39;s Suominen moves forward towards carbon neutral nonwovens<\/span><\/a><\/span><\/span><\/span><\/p>\r\n\r\n<p class=\"MsoTitle\" style=\"text-align:justify\"><span style=\"font-size:28pt\"><span cambria=\"\" style=\"font-family:\"><span style=\"letter-spacing:-0.5pt\"><b><span style=\"font-size:18.0pt\"><span calibri=\"\" style=\"font-family:\"><span style=\"font-variant:small-caps\">Ind&uacute;stria<\/span><\/span><\/span><\/b><\/span><\/span><\/span><\/p>\r\n\r\n<p style=\"text-align:justify\"><span style=\"font-size:11pt\"><span style=\"line-height:normal\"><span calibri=\"\" style=\"font-family:\"><a href=\"https:\/\/diariodocomercio.com.br\/economia\/conselho-nacional-de-desenvolvimento-industrial-e-reativado\/\" style=\"color:blue; text-decoration:underline\"><span style=\"font-size:14.0pt\">Conselho Nacional de Desenvolvimento Industrial &eacute; reativado<\/span><\/a><\/span><\/span><\/span><\/p>\r\n\r\n<p style=\"text-align:justify\"><span style=\"font-size:11pt\"><span style=\"line-height:normal\"><span calibri=\"\" style=\"font-family:\"><a href=\"https:\/\/www.gov.br\/inmetro\/pt-br\/centrais-de-conteudo\/noticias\/inmetro-recebe-setor-produtivo-para-tracar-plano-de-acao-conjunta\" style=\"color:blue; text-decoration:underline\"><span style=\"font-size:14.0pt\">Inmetro recebe setor produtivo para tra&ccedil;ar plano de a&ccedil;&atilde;o conjunta<\/span><\/a><\/span><\/span><\/span><\/p>\r\n\r\n<p style=\"text-align:justify\"><span style=\"font-size:11pt\"><span style=\"line-height:normal\"><span calibri=\"\" style=\"font-family:\"><a href=\"https:\/\/www.infomoney.com.br\/consumo\/vendas-de-veiculos-mostram-forte-recuperacao-e-sobem-35-em-marco\/\" style=\"color:blue; text-decoration:underline\"><span style=\"font-size:14.0pt\">Vendas de ve&iacute;culos mostram forte recupera&ccedil;&atilde;o e sobem 35% em mar&ccedil;o<\/span><\/a><\/span><\/span><\/span><\/p>\r\n\r\n<p style=\"text-align:justify\"><span style=\"font-size:11pt\"><span style=\"line-height:normal\"><span calibri=\"\" style=\"font-family:\"><a href=\"https:\/\/grandesconstrucoes.com.br\/Noticias\/Exibir\/empreiteiras-apostam-novo-pac\" style=\"color:blue; text-decoration:underline\"><span style=\"font-size:14.0pt\">Empreiteiras apostam no novo PAC<\/span><\/a><\/span><\/span><\/span><\/p>\r\n\r\n<p style=\"text-align:justify\"><span style=\"font-size:11pt\"><span style=\"line-height:normal\"><span calibri=\"\" style=\"font-family:\"><a href=\"https:\/\/grandesconstrucoes.com.br\/Noticias\/Exibir\/industria-de-materiais-de-construcao-tem-desempenho-regular-em-marco\" style=\"color:blue; text-decoration:underline\"><span style=\"font-size:14.0pt\">Ind&uacute;stria de materiais de constru&ccedil;&atilde;o tem desempenho regular em mar&ccedil;o<\/span><\/a><\/span><\/span><\/span><\/p>\r\n\r\n<p style=\"text-align:justify\"><span style=\"font-size:11pt\"><span style=\"line-height:normal\"><span calibri=\"\" style=\"font-family:\"><a href=\"https:\/\/www.portaldaindustria.com.br\/cni\/canais\/assuntos-legislativos\/produtos\/agenda-legislativa\/#agenda-legislativa-da-industria-2023%20\" style=\"color:blue; text-decoration:underline\"><span style=\"font-size:14.0pt\">CNI | Agenda Legislativa da Ind&uacute;stria 2023<\/span><\/a><\/span><\/span><\/span><\/p>\r\n\r\n<p style=\"text-align:justify\"><span style=\"font-size:11pt\"><span style=\"line-height:normal\"><span calibri=\"\" style=\"font-family:\"><a href=\"https:\/\/revlink.revistaanamaco.com.br\/cl\/PPfZz\/CxP\/96e9\/LCFJkUKAOaB\/BM-9\/PJqc6IfW3EE\/2\/\" style=\"color:blue; text-decoration:underline\" target=\"_blank\"><span style=\"font-size:14.0pt\">IBI Brasil anuncia data do 17&ordm; Simp&oacute;sio Brasileiro de Impermeabiliza&ccedil;&atilde;o<\/span><\/a><\/span><\/span><\/span><\/p>\r\n\r\n<p class=\"MsoTitle\" style=\"text-align:justify\"><span style=\"font-size:28pt\"><span cambria=\"\" style=\"font-family:\"><span style=\"letter-spacing:-0.5pt\"><b><span style=\"font-size:18.0pt\"><span calibri=\"\" style=\"font-family:\"><span style=\"font-variant:small-caps\">Sustentabilidade<\/span><\/span><\/span><\/b><\/span><\/span><\/span><\/p>\r\n\r\n<p style=\"text-align:justify\"><span style=\"font-size:11pt\"><span style=\"line-height:normal\"><span calibri=\"\" style=\"font-family:\"><a href=\"https:\/\/noticias.portaldaindustria.com.br\/noticias\/sustentabilidade\/industrias-buscam-melhorar-eficiencia-energetica-para-reduzir-gastos-e-emissoes-de-co2\/\" style=\"color:blue; text-decoration:underline\"><span style=\"font-size:14.0pt\">Ind&uacute;strias buscam melhorar efici&ecirc;ncia energ&eacute;tica para reduzir gastos e emiss&otilde;es de CO2<\/span><\/a><\/span><\/span><\/span><\/p>\r\n\r\n<p style=\"text-align:justify\"><span style=\"font-size:11pt\"><span style=\"line-height:normal\"><span calibri=\"\" style=\"font-family:\"><a href=\"https:\/\/grandesconstrucoes.com.br\/Noticias\/Exibir\/decreto-deve-retirar-trava-para-ppps-de-saneamento\" style=\"color:blue; text-decoration:underline\"><span style=\"font-size:14.0pt\">Decreto deve retirar trava para PPPs de saneamento<\/span><\/a><\/span><\/span><\/span><\/p>\r\n\r\n<p style=\"text-align:justify\"><span style=\"font-size:11pt\"><span style=\"line-height:normal\"><span calibri=\"\" style=\"font-family:\"><a href=\"https:\/\/plasticosemrevista.com.br\/eua-reciclagem-insatisfatoria-de-plastico-pos-consumo\/\" style=\"color:blue; text-decoration:underline\"><span style=\"font-size:14.0pt\">EUA: reciclagem insatisfat&oacute;ria de pl&aacute;stico p&oacute;s-consumo<\/span><\/a><\/span><\/span><\/span><\/p>\r\n\r\n<p style=\"text-align:justify\"><span style=\"font-size:11pt\"><span style=\"line-height:normal\"><span calibri=\"\" style=\"font-family:\"><a href=\"https:\/\/monitormercantil.com.br\/petrobras-reduziu-em-51-geracao-de-residuos-solidos\/\" style=\"color:blue; text-decoration:underline\"><span style=\"font-size:14.0pt\">Petrobras reduziu em 51% gera&ccedil;&atilde;o de res&iacute;duos s&oacute;lidos<\/span><\/a><\/span><\/span><\/span><\/p>\r\n\r\n<p style=\"text-align:justify\"><span style=\"font-size:11pt\"><span style=\"line-height:normal\"><span calibri=\"\" style=\"font-family:\"><a href=\"https:\/\/www.fibre2fashion.com\/news\/textile-news\/china-launches-platform-to-identify-sustainable-textile-products-286770-newsdetails.htm\" style=\"color:blue; text-decoration:underline\"><span style=\"font-size:14.0pt\">China launches platform to identify sustainable textile products<\/span><\/a><\/span><\/span><\/span><\/p>\r\n\r\n<p class=\"MsoTitle\" style=\"text-align:justify\"><span style=\"font-size:28pt\"><span cambria=\"\" style=\"font-family:\"><span style=\"letter-spacing:-0.5pt\"><b><span style=\"font-size:18.0pt\"><span calibri=\"\" style=\"font-family:\"><span style=\"font-variant:small-caps\">Inova&ccedil;&atilde;o<\/span><\/span><\/span><\/b><\/span><\/span><\/span><\/p>\r\n\r\n<p style=\"text-align:justify\"><span style=\"font-size:11pt\"><span style=\"line-height:normal\"><span calibri=\"\" style=\"font-family:\"><a href=\"https:\/\/noticias.portaldaindustria.com.br\/noticias\/inovacao-e-tecnologia\/mais-r-160-milhoes-para-projetos-de-pesquisa-e-inovacao-em-2023\/\" style=\"color:blue; text-decoration:underline\"><span style=\"font-size:14.0pt\">Mais R$ 160 milh&otilde;es para projetos de pesquisa e inova&ccedil;&atilde;o em 2023<\/span><\/a><\/span><\/span><\/span><\/p>\r\n\r\n<p style=\"text-align:justify\"><span style=\"font-size:11pt\"><span style=\"line-height:normal\"><span calibri=\"\" style=\"font-family:\"><a href=\"https:\/\/techxplore.com\/news\/2023-04-personal-smart-textiles-aid-communication.html?utm_source=nwletter&amp;utm_medium=email&amp;utm_campaign=daily-nwletter\" style=\"color:blue; text-decoration:underline\"><span style=\"font-size:14.0pt\">Getting up close and personal with a computer: How smart textiles aid communication with virtual worlds<\/span><\/a><\/span><\/span><\/span><\/p>\r\n\r\n<p style=\"text-align:justify\"><span style=\"font-size:11pt\"><span style=\"line-height:normal\"><span calibri=\"\" style=\"font-family:\"><a href=\"https:\/\/www.portugaltextil.com\/como-a-tecnologia-vai-mudar-o-mundo-em-2030\/?utm_term=Portugal+Textil+a%3F%3F%3F%3F+04.04.2023&amp;utm_campaign=Portugal+Textil+FInal&amp;utm_source=e-goi&amp;utm_medium=email\" style=\"color:blue; text-decoration:underline\"><span style=\"font-size:14.0pt\">Como a tecnologia vai mudar o mundo em 2030<\/span><\/a><\/span><\/span><\/span><\/p>\r\n\r\n<p style=\"text-align:justify\"><span style=\"font-size:11pt\"><span style=\"line-height:normal\"><span calibri=\"\" style=\"font-family:\"><span class=\"MsoHyperlink\" style=\"color:blue\"><span style=\"text-decoration:underline\"><span style=\"font-size:14.0pt\"><span style=\"text-decoration:none\"><span style=\"text-underline:none\"><a href=\"https:\/\/phys.org\/news\/2023-04-textile-unravels-warmth-trapping-secrets-polar.html?utm_source=nwletter&amp;utm_medium=email&amp;utm_campaign=daily-nwletter\" style=\"color:blue; text-decoration:underline\">New textile unravels warmth-trapping secrets of polar bear fur<\/a><\/span><\/span><\/span><\/span><\/span><\/span><\/span><\/span><\/p>\r\n\r\n<p class=\"MsoTitle\" style=\"text-align:justify\"><span style=\"font-size:28pt\"><span cambria=\"\" style=\"font-family:\"><span style=\"letter-spacing:-0.5pt\"><b><span style=\"font-size:18.0pt\"><span calibri=\"\" style=\"font-family:\"><span style=\"font-variant:small-caps\">Com&eacute;rcio Exterior<\/span><\/span><\/span><\/b><\/span><\/span><\/span><\/p>\r\n\r\n<p style=\"text-align:justify\"><span style=\"font-size:11pt\"><span style=\"line-height:normal\"><span calibri=\"\" style=\"font-family:\"><a href=\"https:\/\/agenciabrasil.ebc.com.br\/economia\/noticia\/2023-04\/balanca-comercial-registra-maior-superavit-da-historia-para-marco\" style=\"color:blue; text-decoration:underline\"><span style=\"font-size:14.0pt\">Balan&ccedil;a comercial tem super&aacute;vit de US$ 11 bilh&otilde;es, o maior saldo da hist&oacute;ria para mar&ccedil;o<\/span><\/a><\/span><\/span><\/span><\/p>\r\n\r\n<p style=\"text-align:justify\"><span style=\"font-size:11pt\"><span style=\"line-height:normal\"><span calibri=\"\" style=\"font-family:\"><a href=\"https:\/\/agenciabrasil.ebc.com.br\/radioagencia-nacional\/economia\/audio\/2023-04\/brasil-volta-integrar-unasul-partir-de-maio\" style=\"color:blue; text-decoration:underline\"><span style=\"font-size:14.0pt\">Brasil volta a integrar a Unasul a partir de maio<\/span><\/a><\/span><\/span><\/span><\/p>\r\n\r\n<p style=\"text-align:justify\"><span style=\"font-size:11pt\"><span style=\"line-height:normal\"><span calibri=\"\" style=\"font-family:\"><a href=\"https:\/\/www.suno.com.br\/noticias\/mercosul-canada-acordo-livre-comercio\/\" style=\"color:blue; text-decoration:underline\"><span style=\"font-size:14.0pt\">Mercosul e Canad&aacute; devem voltar a negociar acordo de livre com&eacute;rcio<\/span><\/a><\/span><\/span><\/span><\/p>\r\n\r\n<p style=\"text-align:justify\"><span style=\"font-size:11pt\"><span style=\"line-height:normal\"><span calibri=\"\" style=\"font-family:\"><a href=\"https:\/\/apexbrasil.com.br\/br\/pt\/conteudo\/noticias\/apexbrasil-promove-oficina-de-competitividade-sobre-exportacao-de-servicos.html#msdynttrid=mq2qf5Z2ERw31uGk5Q2GamSQaV7_TnDjT-TrauLqAEU\" style=\"color:blue; text-decoration:underline\"><span style=\"font-size:14.0pt\">ApexBrasil promove oficina de competitividade sobre exporta&ccedil;&atilde;o de servi&ccedil;os, inscreva-se<\/span><\/a><\/span><\/span><\/span><\/p>\r\n\r\n<p style=\"text-align:justify\"><span style=\"font-size:11pt\"><span style=\"line-height:normal\"><span calibri=\"\" style=\"font-family:\"><a href=\"https:\/\/www.noticiasaominuto.com\/economia\/2290204\/abertura-da-china-vai-impulsionar-crescimento-de-4-8-na-asia-emergente\" style=\"color:blue; text-decoration:underline\"><span style=\"font-size:14.0pt\">Abertura da China vai impulsionar crescimento de 4,8% na &Aacute;sia emergente<\/span><\/a><\/span><\/span><\/span><\/p>\r\n\r\n<p style=\"text-align:justify\"><span style=\"font-size:11pt\"><span style=\"line-height:normal\"><span calibri=\"\" style=\"font-family:\"><a href=\"https:\/\/static.portaldaindustria.com.br\/media\/filer_public\/17\/ad\/17ad7d98-5162-4616-9a72-a10551ad7468\/informepoliticacomercial_230403_arranjoocde.pdf\" style=\"color:blue; text-decoration:underline\"><span style=\"font-size:14.0pt\">Participantes do Arranjo sobre Apoio Oficial em Cr&eacute;ditos &agrave; Exporta&ccedil;&atilde;o da OCDE anunciam acordo para moderniza&ccedil;&atilde;o<\/span><\/a><\/span><\/span><\/span><\/p>\r\n\r\n<p class=\"MsoTitle\" style=\"text-align:justify\"><span style=\"font-size:28pt\"><span cambria=\"\" style=\"font-family:\"><span style=\"letter-spacing:-0.5pt\"><b><span style=\"font-size:18.0pt\"><span calibri=\"\" style=\"font-family:\"><span style=\"font-variant:small-caps\">Economia<\/span><\/span><\/span><\/b><\/span><\/span><\/span><\/p>\r\n\r\n<p style=\"text-align:justify\"><span style=\"font-size:11pt\"><span style=\"line-height:normal\"><span calibri=\"\" style=\"font-family:\"><a href=\"https:\/\/www.bcb.gov.br\/content\/focus\/focus\/R20230324.pdf\" style=\"color:blue; text-decoration:underline\"><span style=\"font-size:14.0pt\">Focus &ndash; Relat&oacute;rio de Mercado<\/span><\/a><\/span><\/span><\/span><\/p>\r\n\r\n<p style=\"text-align:justify\"><span style=\"font-size:11pt\"><span style=\"line-height:normal\"><span calibri=\"\" style=\"font-family:\"><a href=\"https:\/\/www.bcb.gov.br\/content\/controleinflacao\/focusdistribuicoesfrequencia\/P20230403-Focus-Distribuicoes-de-frequencia.pdf\" style=\"color:blue; text-decoration:underline\"><span style=\"font-size:14.0pt\">Focus &ndash; Distribui&ccedil;&otilde;es de Frequ&ecirc;ncia das Expectativas de Mercado para IPCA, Selic, PIB e C&acirc;mbio<\/span><\/a><\/span><\/span><\/span><\/p>\r\n\r\n<p style=\"text-align:justify\"><span style=\"font-size:11pt\"><span style=\"line-height:normal\"><span calibri=\"\" style=\"font-family:\"><a href=\"https:\/\/portalibre.fgv.br\/system\/files\/2023-04\/apresentacao-sintese-das-sondagens-marco2023.pdf\" style=\"color:blue; text-decoration:underline\"><span style=\"font-size:14.0pt\">FGV-IBRE | Indicadores de Sentimento: Confian&ccedil;a e Incerteza<\/span><\/a><\/span><\/span><\/span><\/p>\r\n\r\n<p style=\"text-align:justify\"><span style=\"font-size:11pt\"><span style=\"line-height:normal\"><span calibri=\"\" style=\"font-family:\"><a href=\"https:\/\/www.noticiasaominuto.com\/economia\/2292456\/fmi-diz-que-economia-global-deve-crescer-abaixo-dos-3-este-ano\" style=\"color:blue; text-decoration:underline\"><span style=\"font-size:14.0pt\">FMI diz que economia global deve crescer abaixo dos 3% este ano<\/span><\/a><\/span><\/span><\/span><\/p>\r\n\r\n<p style=\"text-align:justify\"><span style=\"font-size:11pt\"><span style=\"line-height:normal\"><span calibri=\"\" style=\"font-family:\"><a href=\"https:\/\/www.dinheirovivo.pt\/economia\/internacional\/omc-preve-abrandamento-do-comercio-mundial-em-2023-16126490.html\" style=\"color:blue; text-decoration:underline\"><span style=\"font-size:14.0pt\">OMC prev&ecirc; abrandamento do com&eacute;rcio mundial em 2023<\/span><\/a><\/span><\/span><\/span><\/p>\r\n","6":"<p style=\"text-align:justify\"><span style=\"font-size:11pt\"><span style=\"line-height:normal\"><span calibri=\"\" style=\"font-family:\"><span style=\"font-size:14.0pt\">Esta &eacute; uma compila&ccedil;&atilde;o das not&iacute;cias mais relevantes para o setor, incluindo informa&ccedil;&otilde;es sobre acordos internacionais, economia brasileira, sustentabilidade e mat&eacute;rias primas, al&eacute;m de novidades do setor de N&atilde;otecidos e Tecidos T&eacute;cnicos.<\/span><\/span><\/span><\/span><\/p>\r\n\r\n<p class=\"MsoTitleCxSpMiddle\" style=\"text-align:justify\"><span style=\"font-size:28pt\"><span cambria=\"\" style=\"font-family:\"><span style=\"letter-spacing:-0.5pt\"><b><span style=\"font-size:18.0pt\"><span calibri=\"\" style=\"font-family:\"><span style=\"font-variant:small-caps\">A&ccedil;&otilde;es da ABINT<\/span><\/span><\/span><\/b><\/span><\/span><\/span><\/p>\r\n\r\n<p class=\"MsoTitleCxSpLast\" style=\"text-align:justify\"><img src=\"https:\/\/www.abint.org.br\/assets\/img\/editor\/asec-cetesb-arte-palestra-ctg-10o-seminario-internacional-dia-mundial-da-agua_20230411141555QonM46M67X.jpg\" \/><\/p>\r\n\r\n<p style=\"margin-bottom:13px\"><span style=\"font-size:11pt\"><span style=\"line-height:115%\"><span calibri=\"\" style=\"font-family:\"><a href=\"https:\/\/www.aseccetesb.org\/post\/dia-mundial-da-%C3%A1gua\" style=\"color:blue; text-decoration:underline\"><b><span style=\"font-size:14.0pt\"><span style=\"line-height:115%\">Informa&ccedil;&otilde;es<\/span><\/span><\/b><\/a><\/span><\/span><\/span><\/p>\r\n\r\n<p style=\"margin-bottom:13px\">&nbsp;<\/p>\r\n\r\n<p style=\"margin-bottom:13px\"><span style=\"font-size:11pt\"><span style=\"line-height:115%\"><span calibri=\"\" style=\"font-family:\"><b><span style=\"font-size:14.0pt\"><span style=\"line-height:115%\"><img src=\"https:\/\/www.abint.org.br\/assets\/img\/editor\/ctg-patrocinador-regeo-2023_20230411141627I7FCuYJcBp.jpeg\" style=\"width: 300px; height: 300px;\" \/><\/span><\/span><\/b><\/span><\/span><\/span><\/p>\r\n\r\n<p style=\"text-align:justify\"><span style=\"font-size:11pt\"><span style=\"line-height:normal\"><span calibri=\"\" style=\"font-family:\"><b><span style=\"font-size:14.0pt\"><span style=\"font-variant:small-caps\">O CTG ABINT <\/span><\/span><\/b><b><span style=\"font-size:14.0pt\">marcar&aacute; presen&ccedil;a<\/span><\/b><span style=\"font-size:14.0pt\"> nos eventos <b>X Congresso Brasileiro de Geotecnia Ambiental &amp; IX Congresso Brasileiro de Geossint&eacute;ticos - REGEO&rsquo;23 &amp; Geossint&eacute;ticos&rsquo;23<\/b>, que ocorrer&atilde;o de 18 a 21 de julho de 2023, Centro Universit&aacute;rio Jorge Amado &ndash; UNIJORGE, Salvador, BA.<\/span><\/span><\/span><\/span><\/p>\r\n\r\n<p style=\"text-align:justify\"><span style=\"font-size:11pt\"><span style=\"line-height:normal\"><span calibri=\"\" style=\"font-family:\"><a href=\"https:\/\/regeogeossinteticos23.com.br\/\" style=\"color:blue; text-decoration:underline\"><span style=\"font-size:14.0pt\">Mais informa&ccedil;&otilde;es e inscri&ccedil;&otilde;es<\/span><\/a><\/span><\/span><\/span><\/p>\r\n\r\n<p style=\"text-align:justify\">&nbsp;<\/p>\r\n\r\n<p style=\"text-align:justify\"><img alt=\"O Eng. Fernando Lavoie, Coordenador do CTG ABINT, ministrar\u00e1 Minicurso durante o Regeo\u201923 &amp; Geossint\u00e9ticos\u201923.  Inscreva-se!\" src=\"https:\/\/www.abint.org.br\/assets\/img\/editor\/minicurso-fernando-regeo-2023_20230411141719MLmOzT2j05.jpeg\" style=\"width: 300px; height: 300px;\" \/><\/p>\r\n\r\n<p class=\"MsoTitleCxSpLast\" style=\"text-align:justify\"><span style=\"font-size:28pt\"><span cambria=\"\" style=\"font-family:\"><span style=\"letter-spacing:-0.5pt\"><b><span style=\"font-size:14.0pt\"><span calibri=\"\" style=\"font-family:\"><span style=\"letter-spacing:0pt\">O Eng. Fernando Lavoie, Coordenador do CTG ABINT<\/span><\/span><\/span><\/b><span style=\"font-size:14.0pt\"><span calibri=\"\" style=\"font-family:\"><span style=\"letter-spacing:0pt\">, ministrar&aacute; <b>Minicurso<\/b> durante o <b>Regeo&rsquo;23 &amp; Geossint&eacute;ticos&rsquo;23<\/b>. <\/span><\/span><\/span><a href=\"https:\/\/regeogeossinteticos23.com.br\/inscricoes\/\" style=\"color:blue; text-decoration:underline\"><span style=\"font-size:14.0pt\"><span calibri=\"\" style=\"font-family:\"><span style=\"letter-spacing:0pt\">Inscreva-se!<\/span><\/span><\/span><\/a><\/span><\/span><\/span><\/p>\r\n\r\n<p class=\"MsoTitleCxSpLast\" style=\"text-align:justify\"><img src=\"https:\/\/www.abint.org.br\/assets\/img\/editor\/premio-tcc-ic-2023-arte-5_20230411141847JQvY406HMd.png\" style=\"width: 300px; height: 300px;\" \/><\/p>\r\n\r\n<h3><strong>O CTG ABINT e a IGS BRASIL<\/strong> convidam aqueles que desenvolveram trabalhos acad&ecirc;micos relacionados aos geossint&eacute;ticos a participarem&nbsp;de mais uma edi&ccedil;&atilde;o do Pr&ecirc;mio TCC\/IC.<\/h3>\r\n\r\n<p class=\"MsoTitleCxSpLast\" style=\"text-align:justify\"><span style=\"font-size:11.0pt\"><span style=\"line-height:115%\"><span calibri=\"\" style=\"font-family:\"><a href=\"https:\/\/abint.us2.list-manage.com\/track\/click?u=88818ac6bf44316570fc1bc2f&amp;id=46b014bcf1&amp;e=626265ad22\" style=\"color:blue; text-decoration:underline\" target=\"_blank\"><span style=\"font-size:14.0pt\"><span style=\"line-height:115%\"><span style=\"color:blue\">Mais informa&ccedil;&otilde;es e inscri&ccedil;&otilde;es<\/span><\/span><\/span><\/a><\/span><\/span><\/span><\/p>\r\n\r\n<p class=\"MsoTitleCxSpLast\" style=\"text-align:justify\">&nbsp;<\/p>\r\n\r\n<p class=\"MsoTitleCxSpLast\" style=\"text-align:justify\"><span style=\"font-size:11.0pt\"><span style=\"line-height:115%\"><span calibri=\"\" style=\"font-family:\"><span style=\"font-size:14.0pt\"><span style=\"line-height:115%\"><span style=\"color:blue\"><img src=\"https:\/\/www.abint.org.br\/assets\/img\/editor\/itma-2023-abint-english-417x250_20230411142003fY0Vj2DuHS.jpg\" \/><\/span><\/span><\/span><\/span><\/span><\/span><\/p>\r\n\r\n<p style=\"text-align:justify\"><span style=\"font-size:11pt\"><span style=\"line-height:normal\"><span calibri=\"\" style=\"font-family:\"><b><span style=\"font-size:14.0pt\">A ABINT apoia a ITMA 2023<\/span><\/b><\/span><\/span><\/span><\/p>\r\n\r\n<p style=\"text-align:justify\"><span style=\"font-size:11pt\"><span style=\"line-height:normal\"><span calibri=\"\" style=\"font-family:\"><span style=\"font-size:14.0pt\">A 19&ordf; edi&ccedil;&atilde;o da maior exposi&ccedil;&atilde;o internacional de tecnologia t&ecirc;xtil e de vestu&aacute;rio do mundo acontecer&aacute; em Mil&atilde;o, It&aacute;lia, de 08 a 14 de junho de 2023. <\/span><a href=\"https:\/\/itma.com\/\" style=\"color:blue; text-decoration:underline\"><span style=\"font-size:14.0pt\">Informa&ccedil;&otilde;es<\/span><\/a><\/span><\/span><\/span><\/p>\r\n\r\n<p style=\"text-align:justify\"><span style=\"font-size:11pt\"><span style=\"line-height:normal\"><span calibri=\"\" style=\"font-family:\"><b><span style=\"font-size:18.0pt\"><span style=\"font-variant:small-caps\">Eventos<\/span><\/span><\/b><\/span><\/span><\/span><\/p>\r\n\r\n<p style=\"text-align:justify\"><span style=\"font-size:11pt\"><span style=\"line-height:normal\"><span calibri=\"\" style=\"font-family:\"><b><span style=\"font-size:14.0pt\">DI&Aacute;LOGO COM SETOR PRODUTIVO - <\/span><\/b><span style=\"font-size:14.0pt\">Em s&eacute;rie de encontros com empres&aacute;rios, Inmetro discute a&ccedil;&otilde;es para o desenvolvimento do pa&iacute;s. Reuni&otilde;es setoriais acontecem em Bras&iacute;lia e em S&atilde;o Paulo, entre os dias 4 e 12 de abril.<\/span> <a href=\"https:\/\/www.gov.br\/inmetro\/pt-br\/centrais-de-conteudo\/noticias\/em-serie-de-encontros-com-empresarios-inmetro-discute-acoes-para-o-desenvolvimento-do-pais\" style=\"color:blue; text-decoration:underline\"><span style=\"font-size:14.0pt\">Informa&ccedil;&otilde;es<\/span><\/a><\/span><\/span><\/span><\/p>\r\n\r\n<p style=\"text-align:justify\"><span style=\"font-size:11pt\"><span style=\"line-height:normal\"><span calibri=\"\" style=\"font-family:\"><b><span style=\"font-size:14.0pt\">AESabesp | Lei das Estatais &ndash; Novo Regime Licitat&oacute;rio e de Contrata&ccedil;&atilde;o<\/span><\/b><span style=\"font-size:14.0pt\">, 11 a 14 de abril de 2023, das 9h00 &agrave;s 13h00, no formato online<\/span><span class=\"MsoHyperlink\" style=\"color:blue\"><span style=\"text-decoration:underline\"><span style=\"font-size:14.0pt\"><span style=\"text-decoration:none\"><span style=\"text-underline:none\">. <\/span><\/span><\/span><\/span><\/span><a href=\"https:\/\/docs.google.com\/forms\/d\/e\/1FAIpQLScaQhpnrri5yflBpZIruEtaMG8Y_lZVptjF61jEMyb7kZyB_g\/viewform\" style=\"color:blue; text-decoration:underline\"><span style=\"font-size:14.0pt\">Inscri&ccedil;&otilde;es<\/span><\/a> <\/span><\/span><\/span><\/p>\r\n\r\n<p style=\"text-align:justify\"><span style=\"font-size:11pt\"><span style=\"line-height:normal\"><span calibri=\"\" style=\"font-family:\"><b><span style=\"font-size:14.0pt\">NasceCME | Dia Internacional da Ci&ecirc;ncia da Esteriliza&ccedil;&atilde;o &ndash; Equipes t&eacute;cnicas qualificadas e as interfaces com processos e pr&aacute;ticas seguras<\/span><\/b><span style=\"font-size:14.0pt\">, 14 e 15 de abril de 2023, Golden Tulip, S&atilde;o Jos&eacute; dos Campos<\/span><span class=\"MsoHyperlink\" style=\"color:blue\"><span style=\"text-decoration:underline\"><span style=\"font-size:14.0pt\"><span style=\"text-decoration:none\"><span style=\"text-underline:none\">. <\/span><\/span><\/span><\/span><\/span><a href=\"https:\/\/www.sympla.com.br\/evento\/dia-internacional-da-ciencia-da-esterilizacao\/1866685?_gl=1*103ko68*_ga*MTk0NjU1Njc3Ni4xNjc1MTc5Mzkz*_ga_KXH10SQTZF*MTY3NTg3MzM2NS45LjEuMTY3NTg3MzQ0My4wLjAuMA..\" style=\"color:blue; text-decoration:underline\"><span style=\"font-size:14.0pt\">Informa&ccedil;&otilde;es<\/span><\/a> <\/span><\/span><\/span><\/p>\r\n\r\n<p style=\"text-align:justify\"><span style=\"font-size:11pt\"><span style=\"line-height:normal\"><span calibri=\"\" style=\"font-family:\"><b><span style=\"font-size:14.0pt\">FGV-IBRE | &quot;A transi&ccedil;&atilde;o energ&eacute;tica e os impactos na economia&quot;<\/span><\/b><span style=\"font-size:14.0pt\">, 18 de abril de 2023, 10h00 &agrave;s 11h30, transmiss&atilde;o via YouTube.<\/span> <a href=\"https:\/\/evento.fgv.br\/transicaoenergetica_1804\/\" style=\"color:blue; text-decoration:underline\"><span style=\"font-size:14.0pt\">Informa&ccedil;&otilde;es<\/span><\/a> <\/span><\/span><\/span><\/p>\r\n\r\n<p style=\"text-align:justify\"><span style=\"font-size:11pt\"><span style=\"line-height:normal\"><span calibri=\"\" style=\"font-family:\"><b><span style=\"font-size:14.0pt\">INDEX 2023<\/span><\/b><span style=\"font-size:14.0pt\">, 18 a 21 de abril, Palexpo, Genebra, Su&iacute;&ccedil;a<b>.<\/b><\/span> <a href=\"https:\/\/www.indexnonwovens.com\/en\/\" style=\"color:blue; text-decoration:underline\"><span style=\"font-size:14.0pt\">Informa&ccedil;&otilde;es<\/span><\/a><\/span><\/span><\/span><\/p>\r\n\r\n<p style=\"text-align:justify\"><span style=\"font-size:11pt\"><span style=\"line-height:normal\"><span calibri=\"\" style=\"font-family:\"><b><span style=\"font-size:14.0pt\">Instituto Inova Cidade | Transi&ccedil;&atilde;o para nova Lei de Licita&ccedil;&otilde;es - 4a edi&ccedil;&atilde;o<\/span><\/b><span style=\"font-size:14.0pt\">, 24 de abril de 2023, 09h00 &agrave;s 16h00.<\/span> <a href=\"https:\/\/institutoinovacidades.com.br\/cursos\/60\/transicao-para-nova-lei-de-licitacoes\" style=\"color:blue; text-decoration:underline\"><span style=\"font-size:14.0pt\">Informa&ccedil;&otilde;es<\/span><\/a><\/span><\/span><\/span><\/p>\r\n\r\n<p style=\"text-align:justify\"><span style=\"font-size:11pt\"><span style=\"line-height:normal\"><span calibri=\"\" style=\"font-family:\"><b><span style=\"font-size:14.0pt\">Transi&ccedil;&atilde;o para Nova Lei de Licita&ccedil;&otilde;es<\/span><\/b><span style=\"font-size:14.0pt\">, 25 de abril de 2023, 09h00 &agrave;s 16h00, transmiss&atilde;o via Zoom.<\/span> <a href=\"https:\/\/docs.google.com\/forms\/d\/1CvjDdKsewYazBc6_Kpl9_-iyEPUt2ISmW6sdlSs2N5U\/viewform?edit_requested=true\" style=\"color:blue; text-decoration:underline\"><span style=\"font-size:14.0pt\">Informa&ccedil;&otilde;es<\/span><\/a><\/span><\/span><\/span><\/p>\r\n\r\n<p style=\"text-align:justify\"><span style=\"font-size:11pt\"><span style=\"line-height:normal\"><span calibri=\"\" style=\"font-family:\"><b><span style=\"font-size:14.0pt\">FGV IBRE | &quot;Pol&iacute;tica Fiscal e Infla&ccedil;&atilde;o&quot;<\/span><\/b><span style=\"font-size:14.0pt\">, 26 de abril de 2023, 14h00 &agrave;s 16h00, evento h&iacute;brido: presencial Praia de Botafogo, 190, 12&ordm; andar, Rio de Janeiro, ou transmiss&atilde;o via YouTube. <\/span><a href=\"https:\/\/evento.fgv.br\/monitorfiscal\/\" style=\"color:blue; text-decoration:underline\"><span style=\"font-size:14.0pt\">Informa&ccedil;&otilde;es<\/span><\/a><span style=\"font-size:14.0pt\"> <\/span><\/span><\/span><\/span><\/p>\r\n\r\n<p style=\"text-align:justify\"><span style=\"font-size:11pt\"><span style=\"line-height:normal\"><span calibri=\"\" style=\"font-family:\"><b><span style=\"font-size:14.0pt\">Bioplastics Brazil 2023 - Congresso cient&iacute;fico internacional sobre biopl&aacute;sticos<\/span><\/b><span class=\"MsoHyperlink\" style=\"color:blue\"><span style=\"text-decoration:underline\"><span style=\"font-size:14.0pt\"><span style=\"text-decoration:none\"><span style=\"text-underline:none\">, <\/span><\/span><\/span><\/span><\/span><span style=\"font-size:14.0pt\">26 e 27 Abril de 2023, Audit&oacute;rio da ABIMAQ<\/span><span class=\"MsoHyperlink\" style=\"color:blue\"><span style=\"text-decoration:underline\"><span style=\"font-size:14.0pt\"><span style=\"text-decoration:none\"><span style=\"text-underline:none\">. <\/span><\/span><\/span><\/span><\/span><a href=\"https:\/\/www.bioplasticsbrazil.com\/\" style=\"color:blue; text-decoration:underline\"><span style=\"font-size:14.0pt\">Informa&ccedil;&otilde;es<\/span><\/a> <\/span><\/span><\/span><\/p>\r\n\r\n<p style=\"text-align:justify\"><span style=\"font-size:11pt\"><span style=\"line-height:normal\"><span calibri=\"\" style=\"font-family:\"><b><span style=\"font-size:14.0pt\">BIOTEXFUTURE Spring Forum<\/span><\/b><span class=\"MsoHyperlink\" style=\"color:blue\"><span style=\"text-decoration:underline\"><span style=\"font-size:14.0pt\"><span style=\"text-decoration:none\"><span style=\"text-underline:none\">, <\/span><\/span><\/span><\/span><\/span><span style=\"font-size:14.0pt\">3rd May 2023, Aachen, Germany<\/span><span class=\"MsoHyperlink\" style=\"color:blue\"><span style=\"text-decoration:underline\"><span style=\"font-size:14.0pt\"><span style=\"text-decoration:none\"><span style=\"text-underline:none\">. <\/span><\/span><\/span><\/span><\/span><a href=\"https:\/\/campusforum.rwth-campus.com\/en\/events\/event\/?event_id=230224-41332-DG-99998:41332\" style=\"color:blue; text-decoration:underline\"><span style=\"font-size:14.0pt\">Informa&ccedil;&otilde;es<\/span><\/a> <\/span><\/span><\/span><\/p>\r\n\r\n<p class=\"MsoTitle\" style=\"text-align:justify\"><span style=\"font-size:28pt\"><span cambria=\"\" style=\"font-family:\"><span style=\"letter-spacing:-0.5pt\"><b><span style=\"font-size:18.0pt\"><span calibri=\"\" style=\"font-family:\"><span style=\"font-variant:small-caps\">Setor<\/span><\/span><\/span><\/b><\/span><\/span><\/span><\/p>\r\n\r\n<p style=\"text-align:justify\"><span style=\"font-size:11pt\"><span style=\"line-height:normal\"><span calibri=\"\" style=\"font-family:\"><a href=\"https:\/\/textileindustry.ning.com\/forum\/topics\/n-o-tecidos-ganham-for-a\" style=\"color:blue; text-decoration:underline\"><span style=\"font-size:14.0pt\">N&atilde;o-tecidos ganham for&ccedil;a<\/span><\/a><\/span><\/span><\/span><\/p>\r\n\r\n<p style=\"text-align:justify\"><span style=\"font-size:11pt\"><span style=\"line-height:normal\"><span calibri=\"\" style=\"font-family:\"><a href=\"https:\/\/plasticosemrevista.com.br\/poliolefinas-cambaleiam-os-spreads-na-china\/\" style=\"color:blue; text-decoration:underline\"><span style=\"font-size:14.0pt\">Poliolefinas: cambaleiam os spreads na China<\/span><\/a><\/span><\/span><\/span><\/p>\r\n\r\n<p style=\"text-align:justify\"><span style=\"font-size:11pt\"><span style=\"line-height:normal\"><span calibri=\"\" style=\"font-family:\"><a href=\"https:\/\/www.nonwovens-industry.com\/contents\/view_features\/2023-03-30\/sustainability-in-wipes-trends-in-hygiene-and-beauty?utm_campaign=NON+Issue+Alert&amp;utm_medium=email&amp;_hsmi=253722763&amp;_hsenc=p2ANqtz-_m2v6J3-nGz5ysRZocxUW6wc1_j3MaGvgp5WvMj4YkCB7c7k5-v6GwNNdi5WXbreBxnPMFeLd4ZOxa6guwc6Vi1NJJbA&amp;utm_content=253722763&amp;utm_source=hs_email\" style=\"color:blue; text-decoration:underline\"><span style=\"font-size:14.0pt\">Sustainability in Wipes: Trends in Hygiene and Beauty<\/span><\/a><\/span><\/span><\/span><\/p>\r\n\r\n<p style=\"text-align:justify\"><span style=\"font-size:11pt\"><span style=\"line-height:normal\"><span calibri=\"\" style=\"font-family:\"><a href=\"https:\/\/tissueonline.com.br\/setor-de-hppc-tem-superavit-de-us-17-milhao-no-primeiro-bimestre-de-2023\/?utm_campaign=newsletter_06042023_novo_modelo&amp;utm_medium=email&amp;utm_source=RD+Station\" style=\"color:blue; text-decoration:underline\"><span style=\"font-size:14.0pt\">Setor de HPPC tem super&aacute;vit de US$ 1,7 milh&atilde;o no primeiro bimestre de 2023<\/span><\/a><\/span><\/span><\/span><\/p>\r\n\r\n<p style=\"text-align:justify\"><span style=\"font-size:11pt\"><span style=\"line-height:normal\"><span calibri=\"\" style=\"font-family:\"><a href=\"https:\/\/tribunahoje.com\/noticias\/interior\/2023\/04\/06\/118859-mantas-doadas-pela-agreste-saneamento-para-agricultores-de-arapiraca-sao-destaque-em-uma-das-principais-revistas-cientificas-do-mundo\" style=\"color:blue; text-decoration:underline\"><span style=\"font-size:14.0pt\">Geot&ecirc;xteis: Mantas doadas para agricultores de Arapiraca s&atilde;o destaque em uma das principais revistas cient&iacute;ficas do mundo<\/span><\/a><\/span><\/span><\/span><\/p>\r\n\r\n<p style=\"text-align:justify\"><span style=\"font-size:11pt\"><span style=\"line-height:normal\"><span calibri=\"\" style=\"font-family:\"><a href=\"https:\/\/www.tecmundo.com.br\/ciencia\/262493-dispositivo-usa-energia-acucar-do-sangue-ativar-bomba-insulina.htm\" style=\"color:blue; text-decoration:underline\"><span style=\"font-size:14.0pt\">N&atilde;otecido: Dispositivo usa energia do a&ccedil;&uacute;car do sangue para ativar bomba de insulina<\/span><\/a><\/span><\/span><\/span><\/p>\r\n\r\n<p style=\"text-align:justify\"><span style=\"font-size:11pt\"><span style=\"line-height:normal\"><span calibri=\"\" style=\"font-family:\"><a href=\"https:\/\/plasticosemrevista.com.br\/mexico-consumo-de-plastico-mandou-bem-em-2022\/\" style=\"color:blue; text-decoration:underline\"><span style=\"font-size:14.0pt\">M&eacute;xico: consumo de pl&aacute;stico mandou bem em 2022<\/span><\/a><\/span><\/span><\/span><\/p>\r\n\r\n<p style=\"text-align:justify\"><span style=\"font-size:11pt\"><span style=\"line-height:normal\"><span calibri=\"\" style=\"font-family:\"><a href=\"https:\/\/www.technicaltextile.net\/news\/andritz-technical-centre-in-france-fully-equipped-with-pilot-line-286725.html\" style=\"color:blue; text-decoration:underline\"><span style=\"font-size:14.0pt\">Andritz technical centre in France fully equipped with pilot line<\/span><\/a><\/span><\/span><\/span><\/p>\r\n\r\n<p style=\"text-align:justify\"><span style=\"font-size:11pt\"><span style=\"line-height:normal\"><span calibri=\"\" style=\"font-family:\"><a href=\"https:\/\/www.technicaltextile.net\/news\/finland-s-suominen-moves-forward-towards-carbon-neutral-nonwovens-286675.html\" style=\"color:blue; text-decoration:underline\"><span style=\"font-size:14.0pt\">Finland&#39;s Suominen moves forward towards carbon neutral nonwovens<\/span><\/a><\/span><\/span><\/span><\/p>\r\n\r\n<p class=\"MsoTitle\" style=\"text-align:justify\"><span style=\"font-size:28pt\"><span cambria=\"\" style=\"font-family:\"><span style=\"letter-spacing:-0.5pt\"><b><span style=\"font-size:18.0pt\"><span calibri=\"\" style=\"font-family:\"><span style=\"font-variant:small-caps\">Ind&uacute;stria<\/span><\/span><\/span><\/b><\/span><\/span><\/span><\/p>\r\n\r\n<p style=\"text-align:justify\"><span style=\"font-size:11pt\"><span style=\"line-height:normal\"><span calibri=\"\" style=\"font-family:\"><a href=\"https:\/\/diariodocomercio.com.br\/economia\/conselho-nacional-de-desenvolvimento-industrial-e-reativado\/\" style=\"color:blue; text-decoration:underline\"><span style=\"font-size:14.0pt\">Conselho Nacional de Desenvolvimento Industrial &eacute; reativado<\/span><\/a><\/span><\/span><\/span><\/p>\r\n\r\n<p style=\"text-align:justify\"><span style=\"font-size:11pt\"><span style=\"line-height:normal\"><span calibri=\"\" style=\"font-family:\"><a href=\"https:\/\/www.gov.br\/inmetro\/pt-br\/centrais-de-conteudo\/noticias\/inmetro-recebe-setor-produtivo-para-tracar-plano-de-acao-conjunta\" style=\"color:blue; text-decoration:underline\"><span style=\"font-size:14.0pt\">Inmetro recebe setor produtivo para tra&ccedil;ar plano de a&ccedil;&atilde;o conjunta<\/span><\/a><\/span><\/span><\/span><\/p>\r\n\r\n<p style=\"text-align:justify\"><span style=\"font-size:11pt\"><span style=\"line-height:normal\"><span calibri=\"\" style=\"font-family:\"><a href=\"https:\/\/www.infomoney.com.br\/consumo\/vendas-de-veiculos-mostram-forte-recuperacao-e-sobem-35-em-marco\/\" style=\"color:blue; text-decoration:underline\"><span style=\"font-size:14.0pt\">Vendas de ve&iacute;culos mostram forte recupera&ccedil;&atilde;o e sobem 35% em mar&ccedil;o<\/span><\/a><\/span><\/span><\/span><\/p>\r\n\r\n<p style=\"text-align:justify\"><span style=\"font-size:11pt\"><span style=\"line-height:normal\"><span calibri=\"\" style=\"font-family:\"><a href=\"https:\/\/grandesconstrucoes.com.br\/Noticias\/Exibir\/empreiteiras-apostam-novo-pac\" style=\"color:blue; text-decoration:underline\"><span style=\"font-size:14.0pt\">Empreiteiras apostam no novo PAC<\/span><\/a><\/span><\/span><\/span><\/p>\r\n\r\n<p style=\"text-align:justify\"><span style=\"font-size:11pt\"><span style=\"line-height:normal\"><span calibri=\"\" style=\"font-family:\"><a href=\"https:\/\/grandesconstrucoes.com.br\/Noticias\/Exibir\/industria-de-materiais-de-construcao-tem-desempenho-regular-em-marco\" style=\"color:blue; text-decoration:underline\"><span style=\"font-size:14.0pt\">Ind&uacute;stria de materiais de constru&ccedil;&atilde;o tem desempenho regular em mar&ccedil;o<\/span><\/a><\/span><\/span><\/span><\/p>\r\n\r\n<p style=\"text-align:justify\"><span style=\"font-size:11pt\"><span style=\"line-height:normal\"><span calibri=\"\" style=\"font-family:\"><a href=\"https:\/\/www.portaldaindustria.com.br\/cni\/canais\/assuntos-legislativos\/produtos\/agenda-legislativa\/#agenda-legislativa-da-industria-2023%20\" style=\"color:blue; text-decoration:underline\"><span style=\"font-size:14.0pt\">CNI | Agenda Legislativa da Ind&uacute;stria 2023<\/span><\/a><\/span><\/span><\/span><\/p>\r\n\r\n<p style=\"text-align:justify\"><span style=\"font-size:11pt\"><span style=\"line-height:normal\"><span calibri=\"\" style=\"font-family:\"><a href=\"https:\/\/revlink.revistaanamaco.com.br\/cl\/PPfZz\/CxP\/96e9\/LCFJkUKAOaB\/BM-9\/PJqc6IfW3EE\/2\/\" style=\"color:blue; text-decoration:underline\" target=\"_blank\"><span style=\"font-size:14.0pt\">IBI Brasil anuncia data do 17&ordm; Simp&oacute;sio Brasileiro de Impermeabiliza&ccedil;&atilde;o<\/span><\/a><\/span><\/span><\/span><\/p>\r\n\r\n<p class=\"MsoTitle\" style=\"text-align:justify\"><span style=\"font-size:28pt\"><span cambria=\"\" style=\"font-family:\"><span style=\"letter-spacing:-0.5pt\"><b><span style=\"font-size:18.0pt\"><span calibri=\"\" style=\"font-family:\"><span style=\"font-variant:small-caps\">Sustentabilidade<\/span><\/span><\/span><\/b><\/span><\/span><\/span><\/p>\r\n\r\n<p style=\"text-align:justify\"><span style=\"font-size:11pt\"><span style=\"line-height:normal\"><span calibri=\"\" style=\"font-family:\"><a href=\"https:\/\/noticias.portaldaindustria.com.br\/noticias\/sustentabilidade\/industrias-buscam-melhorar-eficiencia-energetica-para-reduzir-gastos-e-emissoes-de-co2\/\" style=\"color:blue; text-decoration:underline\"><span style=\"font-size:14.0pt\">Ind&uacute;strias buscam melhorar efici&ecirc;ncia energ&eacute;tica para reduzir gastos e emiss&otilde;es de CO2<\/span><\/a><\/span><\/span><\/span><\/p>\r\n\r\n<p style=\"text-align:justify\"><span style=\"font-size:11pt\"><span style=\"line-height:normal\"><span calibri=\"\" style=\"font-family:\"><a href=\"https:\/\/grandesconstrucoes.com.br\/Noticias\/Exibir\/decreto-deve-retirar-trava-para-ppps-de-saneamento\" style=\"color:blue; text-decoration:underline\"><span style=\"font-size:14.0pt\">Decreto deve retirar trava para PPPs de saneamento<\/span><\/a><\/span><\/span><\/span><\/p>\r\n\r\n<p style=\"text-align:justify\"><span style=\"font-size:11pt\"><span style=\"line-height:normal\"><span calibri=\"\" style=\"font-family:\"><a href=\"https:\/\/plasticosemrevista.com.br\/eua-reciclagem-insatisfatoria-de-plastico-pos-consumo\/\" style=\"color:blue; text-decoration:underline\"><span style=\"font-size:14.0pt\">EUA: reciclagem insatisfat&oacute;ria de pl&aacute;stico p&oacute;s-consumo<\/span><\/a><\/span><\/span><\/span><\/p>\r\n\r\n<p style=\"text-align:justify\"><span style=\"font-size:11pt\"><span style=\"line-height:normal\"><span calibri=\"\" style=\"font-family:\"><a href=\"https:\/\/monitormercantil.com.br\/petrobras-reduziu-em-51-geracao-de-residuos-solidos\/\" style=\"color:blue; text-decoration:underline\"><span style=\"font-size:14.0pt\">Petrobras reduziu em 51% gera&ccedil;&atilde;o de res&iacute;duos s&oacute;lidos<\/span><\/a><\/span><\/span><\/span><\/p>\r\n\r\n<p style=\"text-align:justify\"><span style=\"font-size:11pt\"><span style=\"line-height:normal\"><span calibri=\"\" style=\"font-family:\"><a href=\"https:\/\/www.fibre2fashion.com\/news\/textile-news\/china-launches-platform-to-identify-sustainable-textile-products-286770-newsdetails.htm\" style=\"color:blue; text-decoration:underline\"><span style=\"font-size:14.0pt\">China launches platform to identify sustainable textile products<\/span><\/a><\/span><\/span><\/span><\/p>\r\n\r\n<p class=\"MsoTitle\" style=\"text-align:justify\"><span style=\"font-size:28pt\"><span cambria=\"\" style=\"font-family:\"><span style=\"letter-spacing:-0.5pt\"><b><span style=\"font-size:18.0pt\"><span calibri=\"\" style=\"font-family:\"><span style=\"font-variant:small-caps\">Inova&ccedil;&atilde;o<\/span><\/span><\/span><\/b><\/span><\/span><\/span><\/p>\r\n\r\n<p style=\"text-align:justify\"><span style=\"font-size:11pt\"><span style=\"line-height:normal\"><span calibri=\"\" style=\"font-family:\"><a href=\"https:\/\/noticias.portaldaindustria.com.br\/noticias\/inovacao-e-tecnologia\/mais-r-160-milhoes-para-projetos-de-pesquisa-e-inovacao-em-2023\/\" style=\"color:blue; text-decoration:underline\"><span style=\"font-size:14.0pt\">Mais R$ 160 milh&otilde;es para projetos de pesquisa e inova&ccedil;&atilde;o em 2023<\/span><\/a><\/span><\/span><\/span><\/p>\r\n\r\n<p style=\"text-align:justify\"><span style=\"font-size:11pt\"><span style=\"line-height:normal\"><span calibri=\"\" style=\"font-family:\"><a href=\"https:\/\/techxplore.com\/news\/2023-04-personal-smart-textiles-aid-communication.html?utm_source=nwletter&amp;utm_medium=email&amp;utm_campaign=daily-nwletter\" style=\"color:blue; text-decoration:underline\"><span style=\"font-size:14.0pt\">Getting up close and personal with a computer: How smart textiles aid communication with virtual worlds<\/span><\/a><\/span><\/span><\/span><\/p>\r\n\r\n<p style=\"text-align:justify\"><span style=\"font-size:11pt\"><span style=\"line-height:normal\"><span calibri=\"\" style=\"font-family:\"><a href=\"https:\/\/www.portugaltextil.com\/como-a-tecnologia-vai-mudar-o-mundo-em-2030\/?utm_term=Portugal+Textil+a%3F%3F%3F%3F+04.04.2023&amp;utm_campaign=Portugal+Textil+FInal&amp;utm_source=e-goi&amp;utm_medium=email\" style=\"color:blue; text-decoration:underline\"><span style=\"font-size:14.0pt\">Como a tecnologia vai mudar o mundo em 2030<\/span><\/a><\/span><\/span><\/span><\/p>\r\n\r\n<p style=\"text-align:justify\"><span style=\"font-size:11pt\"><span style=\"line-height:normal\"><span calibri=\"\" style=\"font-family:\"><span class=\"MsoHyperlink\" style=\"color:blue\"><span style=\"text-decoration:underline\"><span style=\"font-size:14.0pt\"><span style=\"text-decoration:none\"><span style=\"text-underline:none\"><a href=\"https:\/\/phys.org\/news\/2023-04-textile-unravels-warmth-trapping-secrets-polar.html?utm_source=nwletter&amp;utm_medium=email&amp;utm_campaign=daily-nwletter\" style=\"color:blue; text-decoration:underline\">New textile unravels warmth-trapping secrets of polar bear fur<\/a><\/span><\/span><\/span><\/span><\/span><\/span><\/span><\/span><\/p>\r\n\r\n<p class=\"MsoTitle\" style=\"text-align:justify\"><span style=\"font-size:28pt\"><span cambria=\"\" style=\"font-family:\"><span style=\"letter-spacing:-0.5pt\"><b><span style=\"font-size:18.0pt\"><span calibri=\"\" style=\"font-family:\"><span style=\"font-variant:small-caps\">Com&eacute;rcio Exterior<\/span><\/span><\/span><\/b><\/span><\/span><\/span><\/p>\r\n\r\n<p style=\"text-align:justify\"><span style=\"font-size:11pt\"><span style=\"line-height:normal\"><span calibri=\"\" style=\"font-family:\"><a href=\"https:\/\/agenciabrasil.ebc.com.br\/economia\/noticia\/2023-04\/balanca-comercial-registra-maior-superavit-da-historia-para-marco\" style=\"color:blue; text-decoration:underline\"><span style=\"font-size:14.0pt\">Balan&ccedil;a comercial tem super&aacute;vit de US$ 11 bilh&otilde;es, o maior saldo da hist&oacute;ria para mar&ccedil;o<\/span><\/a><\/span><\/span><\/span><\/p>\r\n\r\n<p style=\"text-align:justify\"><span style=\"font-size:11pt\"><span style=\"line-height:normal\"><span calibri=\"\" style=\"font-family:\"><a href=\"https:\/\/agenciabrasil.ebc.com.br\/radioagencia-nacional\/economia\/audio\/2023-04\/brasil-volta-integrar-unasul-partir-de-maio\" style=\"color:blue; text-decoration:underline\"><span style=\"font-size:14.0pt\">Brasil volta a integrar a Unasul a partir de maio<\/span><\/a><\/span><\/span><\/span><\/p>\r\n\r\n<p style=\"text-align:justify\"><span style=\"font-size:11pt\"><span style=\"line-height:normal\"><span calibri=\"\" style=\"font-family:\"><a href=\"https:\/\/www.suno.com.br\/noticias\/mercosul-canada-acordo-livre-comercio\/\" style=\"color:blue; text-decoration:underline\"><span style=\"font-size:14.0pt\">Mercosul e Canad&aacute; devem voltar a negociar acordo de livre com&eacute;rcio<\/span><\/a><\/span><\/span><\/span><\/p>\r\n\r\n<p style=\"text-align:justify\"><span style=\"font-size:11pt\"><span style=\"line-height:normal\"><span calibri=\"\" style=\"font-family:\"><a href=\"https:\/\/apexbrasil.com.br\/br\/pt\/conteudo\/noticias\/apexbrasil-promove-oficina-de-competitividade-sobre-exportacao-de-servicos.html#msdynttrid=mq2qf5Z2ERw31uGk5Q2GamSQaV7_TnDjT-TrauLqAEU\" style=\"color:blue; text-decoration:underline\"><span style=\"font-size:14.0pt\">ApexBrasil promove oficina de competitividade sobre exporta&ccedil;&atilde;o de servi&ccedil;os, inscreva-se<\/span><\/a><\/span><\/span><\/span><\/p>\r\n\r\n<p style=\"text-align:justify\"><span style=\"font-size:11pt\"><span style=\"line-height:normal\"><span calibri=\"\" style=\"font-family:\"><a href=\"https:\/\/www.noticiasaominuto.com\/economia\/2290204\/abertura-da-china-vai-impulsionar-crescimento-de-4-8-na-asia-emergente\" style=\"color:blue; text-decoration:underline\"><span style=\"font-size:14.0pt\">Abertura da China vai impulsionar crescimento de 4,8% na &Aacute;sia emergente<\/span><\/a><\/span><\/span><\/span><\/p>\r\n\r\n<p style=\"text-align:justify\"><span style=\"font-size:11pt\"><span style=\"line-height:normal\"><span calibri=\"\" style=\"font-family:\"><a href=\"https:\/\/static.portaldaindustria.com.br\/media\/filer_public\/17\/ad\/17ad7d98-5162-4616-9a72-a10551ad7468\/informepoliticacomercial_230403_arranjoocde.pdf\" style=\"color:blue; text-decoration:underline\"><span style=\"font-size:14.0pt\">Participantes do Arranjo sobre Apoio Oficial em Cr&eacute;ditos &agrave; Exporta&ccedil;&atilde;o da OCDE anunciam acordo para moderniza&ccedil;&atilde;o<\/span><\/a><\/span><\/span><\/span><\/p>\r\n\r\n<p class=\"MsoTitle\" style=\"text-align:justify\"><span style=\"font-size:28pt\"><span cambria=\"\" style=\"font-family:\"><span style=\"letter-spacing:-0.5pt\"><b><span style=\"font-size:18.0pt\"><span calibri=\"\" style=\"font-family:\"><span style=\"font-variant:small-caps\">Economia<\/span><\/span><\/span><\/b><\/span><\/span><\/span><\/p>\r\n\r\n<p style=\"text-align:justify\"><span style=\"font-size:11pt\"><span style=\"line-height:normal\"><span calibri=\"\" style=\"font-family:\"><a href=\"https:\/\/www.bcb.gov.br\/content\/focus\/focus\/R20230324.pdf\" style=\"color:blue; text-decoration:underline\"><span style=\"font-size:14.0pt\">Focus &ndash; Relat&oacute;rio de Mercado<\/span><\/a><\/span><\/span><\/span><\/p>\r\n\r\n<p style=\"text-align:justify\"><span style=\"font-size:11pt\"><span style=\"line-height:normal\"><span calibri=\"\" style=\"font-family:\"><a href=\"https:\/\/www.bcb.gov.br\/content\/controleinflacao\/focusdistribuicoesfrequencia\/P20230403-Focus-Distribuicoes-de-frequencia.pdf\" style=\"color:blue; text-decoration:underline\"><span style=\"font-size:14.0pt\">Focus &ndash; Distribui&ccedil;&otilde;es de Frequ&ecirc;ncia das Expectativas de Mercado para IPCA, Selic, PIB e C&acirc;mbio<\/span><\/a><\/span><\/span><\/span><\/p>\r\n\r\n<p style=\"text-align:justify\"><span style=\"font-size:11pt\"><span style=\"line-height:normal\"><span calibri=\"\" style=\"font-family:\"><a href=\"https:\/\/portalibre.fgv.br\/system\/files\/2023-04\/apresentacao-sintese-das-sondagens-marco2023.pdf\" style=\"color:blue; text-decoration:underline\"><span style=\"font-size:14.0pt\">FGV-IBRE | Indicadores de Sentimento: Confian&ccedil;a e Incerteza<\/span><\/a><\/span><\/span><\/span><\/p>\r\n\r\n<p style=\"text-align:justify\"><span style=\"font-size:11pt\"><span style=\"line-height:normal\"><span calibri=\"\" style=\"font-family:\"><a href=\"https:\/\/www.noticiasaominuto.com\/economia\/2292456\/fmi-diz-que-economia-global-deve-crescer-abaixo-dos-3-este-ano\" style=\"color:blue; text-decoration:underline\"><span style=\"font-size:14.0pt\">FMI diz que economia global deve crescer abaixo dos 3% este ano<\/span><\/a><\/span><\/span><\/span><\/p>\r\n\r\n<p style=\"text-align:justify\"><span style=\"font-size:11pt\"><span style=\"line-height:normal\"><span calibri=\"\" style=\"font-family:\"><a href=\"https:\/\/www.dinheirovivo.pt\/economia\/internacional\/omc-preve-abrandamento-do-comercio-mundial-em-2023-16126490.html\" style=\"color:blue; text-decoration:underline\"><span style=\"font-size:14.0pt\">OMC prev&ecirc; abrandamento do com&eacute;rcio mundial em 2023<\/span><\/a><\/span><\/span><\/span><\/p>\r\n","texto_en":"","7":"","imagem":"COMP_banner-padrao-home-destaques-boletim-2023_20230411142516gzYjEvMy99.jpeg","8":"COMP_banner-padrao-home-destaques-boletim-2023_20230411142516gzYjEvMy99.jpeg","arquivo":null,"9":null,"titulo_arquivo":"","10":"","titulo_arquivo_en":"","11":"","created_at":"2023-04-11 14:25:25","12":"2023-04-11 14:25:25","updated_at":"2023-04-11 14:25:25","13":"2023-04-11 14:25:25"},{"id":59,"0":59,"ordem":164,"1":164,"data":"2023-04-04","2":"2023-04-04","slug":"boletim-de-noticias-semanais-56","3":"boletim-de-noticias-semanais-56","titulo":"Boletim de Not\u00edcias Semanais","4":"Boletim de Not\u00edcias Semanais","titulo_en":"","5":"","texto":"<p style=\"text-align:justify\"><span style=\"font-size:11pt\"><span style=\"line-height:normal\"><span style=\"font-family:&quot;Calibri&quot;,sans-serif\"><span style=\"font-size:14.0pt\">Esta &eacute; uma compila&ccedil;&atilde;o das not&iacute;cias mais relevantes para o setor, incluindo informa&ccedil;&otilde;es sobre acordos internacionais, economia brasileira, sustentabilidade e mat&eacute;rias primas, al&eacute;m de novidades do setor de N&atilde;otecidos e Tecidos T&eacute;cnicos.<\/span><\/span><\/span><\/span><\/p>\r\n\r\n<p class=\"MsoTitleCxSpMiddle\" style=\"text-align:justify\"><span style=\"font-size:28pt\"><span style=\"font-family:&quot;Cambria&quot;,serif\"><span style=\"letter-spacing:-0.5pt\"><b><span style=\"font-size:18.0pt\"><span style=\"font-family:&quot;Calibri&quot;,sans-serif\"><span style=\"font-variant:small-caps\">A&ccedil;&otilde;es da ABINT<\/span><\/span><\/span><\/b><\/span><\/span><\/span><\/p>\r\n\r\n<p style=\"text-align:justify\"><span style=\"font-size:11pt\"><span style=\"line-height:normal\"><span style=\"font-family:&quot;Calibri&quot;,sans-serif\"><span style=\"font-size:14.0pt\">Essa semana, o <b>CTG Entrevista recebeu a Engenheira Civil Cristina Schmidt<\/b>, mestre em Mec&acirc;nica dos Solos e Funda&ccedil;&otilde;es pela Poli\/USP. Com uma experi&ecirc;ncia de 25 anos em projetos e consultoria geot&eacute;cnica, atua desde 2008 na Huesker, onde atualmente &eacute; Gerente de Engenharia.<\/span><\/span><\/span><\/span><\/p>\r\n\r\n<h2><span style=\"font-size:14.0pt\"><span style=\"line-height:115%\"><span style=\"font-family:&quot;Calibri&quot;,sans-serif\">Acesse a live um nosso Instagram: <\/span><\/span><\/span><span style=\"font-size:11.0pt\"><span style=\"line-height:115%\"><span style=\"font-family:&quot;Calibri&quot;,sans-serif\"><a href=\"https:\/\/www.instagram.com\/ctg_abint\/\" style=\"color:blue; text-decoration:underline\"><span style=\"font-size:12.0pt\"><span style=\"line-height:115%\">https:\/\/www.instagram.com\/ctg_abint\/<\/span><\/span><\/a><\/span><\/span><\/span><\/h2>\r\n\r\n<p><span style=\"font-size:11.0pt\"><span style=\"line-height:115%\"><span style=\"font-family:&quot;Calibri&quot;,sans-serif\"><span style=\"font-size:12.0pt\"><span style=\"line-height:115%\"><img src=\"https:\/\/www.abint.org.br\/assets\/img\/editor\/ctg-patrocinador-regeo-2023_202304061439048P0p6D9JGo.jpeg\" style=\"width: 500px; height: 500px;\" \/><\/span><\/span><\/span><\/span><\/span><\/p>\r\n\r\n<p style=\"text-align:justify\"><span style=\"font-size:11pt\"><span style=\"line-height:normal\"><span style=\"font-family:&quot;Calibri&quot;,sans-serif\"><b><span style=\"font-size:14.0pt\"><span style=\"font-variant:small-caps\">O CTG ABINT <\/span><\/span><\/b><b><span style=\"font-size:14.0pt\">marcar&aacute; presen&ccedil;a<\/span><\/b><span style=\"font-size:14.0pt\"> nos eventos <b>X Congresso Brasileiro de Geotecnia Ambiental &amp; IX Congresso Brasileiro de Geossint&eacute;ticos - REGEO&rsquo;23 &amp; Geossint&eacute;ticos&rsquo;23<\/b>, que ocorrer&atilde;o de 18 a 21 de julho de 2023, Centro Universit&aacute;rio Jorge Amado &ndash; UNIJORGE, Salvador, BA.<\/span><\/span><\/span><\/span><\/p>\r\n\r\n<p style=\"text-align:justify\"><span style=\"font-size:11pt\"><span style=\"line-height:normal\"><span style=\"font-family:&quot;Calibri&quot;,sans-serif\"><a href=\"https:\/\/regeogeossinteticos23.com.br\/\" style=\"color:blue; text-decoration:underline\"><span style=\"font-size:14.0pt\">Mais informa&ccedil;&otilde;es e inscri&ccedil;&otilde;es<\/span><\/a><\/span><\/span><\/span><\/p>\r\n\r\n<p style=\"text-align:justify\">&nbsp;<\/p>\r\n\r\n<p style=\"text-align:justify\"><span style=\"font-size:11pt\"><span style=\"line-height:normal\"><span style=\"font-family:&quot;Calibri&quot;,sans-serif\"><span style=\"font-size:14.0pt\"><img src=\"https:\/\/www.abint.org.br\/assets\/img\/editor\/minicurso-fernando-regeo-2023_20230406144059BUqmE1valP.jpeg\" style=\"width: 500px; height: 500px;\" \/><\/span><\/span><\/span><\/span><\/p>\r\n\r\n<p style=\"text-align:justify\"><span style=\"font-size:28pt\"><span style=\"font-family:&quot;Cambria&quot;,serif\"><span style=\"letter-spacing:-0.5pt\"><b><span style=\"font-size:14.0pt\"><span style=\"font-family:&quot;Calibri&quot;,sans-serif\"><span style=\"letter-spacing:0pt\">O Eng. Fernando Lavoie, Coordenador do CTG ABINT<\/span><\/span><\/span><\/b><span style=\"font-size:14.0pt\"><span style=\"font-family:&quot;Calibri&quot;,sans-serif\"><span style=\"letter-spacing:0pt\">, ministrar&aacute; <b>Minicurso<\/b> durante o <b>Regeo&rsquo;23 &amp; Geossint&eacute;ticos&rsquo;23<\/b>. <\/span><\/span><\/span><\/span><\/span><\/span><span style=\"font-size:11.0pt\"><span style=\"line-height:115%\"><span style=\"font-family:&quot;Calibri&quot;,sans-serif\"><a href=\"https:\/\/regeogeossinteticos23.com.br\/inscricoes\/\" style=\"color:blue; text-decoration:underline\"><span style=\"font-size:14.0pt\"><span style=\"line-height:115%\">Inscreva-se!<\/span><\/span><\/a><\/span><\/span><\/span><\/p>\r\n\r\n<p style=\"text-align:justify\"><span style=\"font-size:11.0pt\"><span style=\"line-height:115%\"><span style=\"font-family:&quot;Calibri&quot;,sans-serif\"><span style=\"font-size:14.0pt\"><span style=\"line-height:115%\"><img src=\"https:\/\/www.abint.org.br\/assets\/img\/editor\/premio-tcc-ic-2023-arte-5_202304061442121jzmlAhM7h.png\" style=\"width: 500px; height: 500px;\" \/><\/span><\/span><\/span><\/span><\/span><\/p>\r\n\r\n<p style=\"text-align:justify\"><span style=\"font-size:11pt\"><span style=\"line-height:normal\"><span style=\"font-family:&quot;Calibri&quot;,sans-serif\"><strong><span style=\"font-size:14.0pt\"><span style=\"font-family:&quot;Calibri&quot;,sans-serif\">O CTG ABINT e a IGS BRASIL <\/span><\/span><\/strong><span style=\"font-size:14.0pt\">convidam aqueles que desenvolveram trabalhos acad&ecirc;micos relacionados aos geossint&eacute;ticos a participarem&nbsp;de mais uma edi&ccedil;&atilde;o do Pr&ecirc;mio TCC\/IC.<\/span><\/span><\/span><\/span><\/p>\r\n\r\n<p style=\"text-align:justify\"><span style=\"font-size:11pt\"><span style=\"line-height:normal\"><span style=\"font-family:&quot;Calibri&quot;,sans-serif\"><a href=\"https:\/\/abint.us2.list-manage.com\/track\/click?u=88818ac6bf44316570fc1bc2f&amp;id=46b014bcf1&amp;e=626265ad22\" style=\"color:blue; text-decoration:underline\" target=\"_blank\"><span style=\"font-size:14.0pt\"><span style=\"color:blue\">Mais informa&ccedil;&otilde;es e inscri&ccedil;&otilde;es<\/span><\/span><\/a><\/span><\/span><\/span><\/p>\r\n\r\n<p style=\"text-align:justify\">&nbsp;<\/p>\r\n\r\n<p style=\"text-align:justify\"><span style=\"font-size:11pt\"><span style=\"line-height:normal\"><span style=\"font-family:&quot;Calibri&quot;,sans-serif\"><span style=\"font-size:14.0pt\"><span style=\"color:blue\"><img src=\"https:\/\/www.abint.org.br\/assets\/img\/editor\/itma-2023-abint-english-417x250_20230406144318lcncP6Pnqx.jpg\" \/><\/span><\/span><\/span><\/span><\/span><\/p>\r\n\r\n<p style=\"text-align:justify\"><span style=\"font-size:11pt\"><span style=\"line-height:normal\"><span style=\"font-family:&quot;Calibri&quot;,sans-serif\"><b><span style=\"font-size:14.0pt\">A ABINT apoia a ITMA 2023<\/span><\/b><\/span><\/span><\/span><\/p>\r\n\r\n<p style=\"text-align:justify\"><span style=\"font-size:14.0pt\"><span style=\"line-height:115%\"><span style=\"font-family:&quot;Calibri&quot;,sans-serif\">A 19&ordf; edi&ccedil;&atilde;o da maior exposi&ccedil;&atilde;o internacional de tecnologia t&ecirc;xtil e de vestu&aacute;rio do mundo acontecer&aacute; em Mil&atilde;o, It&aacute;lia, de 08 a 14 de junho de 2023. <\/span><\/span><\/span><span style=\"font-size:11.0pt\"><span style=\"line-height:115%\"><span style=\"font-family:&quot;Calibri&quot;,sans-serif\"><a href=\"https:\/\/itma.com\/\" style=\"color:blue; text-decoration:underline\"><span style=\"font-size:14.0pt\"><span style=\"line-height:115%\">Informa&ccedil;&otilde;es<\/span><\/span><\/a><\/span><\/span><\/span><\/p>\r\n\r\n<p style=\"text-align:justify\">&nbsp;<\/p>\r\n\r\n<p style=\"text-align:justify\"><span style=\"font-size:11pt\"><span style=\"line-height:normal\"><span style=\"font-family:&quot;Calibri&quot;,sans-serif\"><b><span style=\"font-size:18.0pt\"><span style=\"font-variant:small-caps\">Eventos<\/span><\/span><\/b><\/span><\/span><\/span><\/p>\r\n\r\n<p style=\"text-align:justify\"><span style=\"font-size:11pt\"><span style=\"line-height:normal\"><span style=\"font-family:&quot;Calibri&quot;,sans-serif\"><b><span style=\"font-size:14.0pt\">AESabesp | Lei das Estatais &ndash; Novo Regime Licitat&oacute;rio e de Contrata&ccedil;&atilde;o<\/span><\/b><span style=\"font-size:14.0pt\">, 11 a 14 de abril de 2023, das 9h00 &agrave;s 13h00, no formato online<\/span><span class=\"MsoHyperlink\" style=\"color:blue\"><span style=\"text-decoration:underline\"><span style=\"font-size:14.0pt\"><span style=\"text-decoration:none\"><span style=\"text-underline:none\">. <\/span><\/span><\/span><\/span><\/span><a href=\"https:\/\/docs.google.com\/forms\/d\/e\/1FAIpQLScaQhpnrri5yflBpZIruEtaMG8Y_lZVptjF61jEMyb7kZyB_g\/viewform\" style=\"color:blue; text-decoration:underline\"><span style=\"font-size:14.0pt\">Inscri&ccedil;&otilde;es<\/span><\/a> <\/span><\/span><\/span><\/p>\r\n\r\n<p style=\"text-align:justify\"><span style=\"font-size:11pt\"><span style=\"line-height:normal\"><span style=\"font-family:&quot;Calibri&quot;,sans-serif\"><b><span style=\"font-size:14.0pt\">NasceCME | Dia Internacional da Ci&ecirc;ncia da Esteriliza&ccedil;&atilde;o &ndash; Equipes t&eacute;cnicas qualificadas e as interfaces com processos e pr&aacute;ticas seguras<\/span><\/b><span style=\"font-size:14.0pt\">, 14 e 15 de abril de 2023, Golden Tulip, S&atilde;o Jos&eacute; dos Campos<\/span><span class=\"MsoHyperlink\" style=\"color:blue\"><span style=\"text-decoration:underline\"><span style=\"font-size:14.0pt\"><span style=\"text-decoration:none\"><span style=\"text-underline:none\">. <\/span><\/span><\/span><\/span><\/span><a href=\"https:\/\/www.sympla.com.br\/evento\/dia-internacional-da-ciencia-da-esterilizacao\/1866685?_gl=1*103ko68*_ga*MTk0NjU1Njc3Ni4xNjc1MTc5Mzkz*_ga_KXH10SQTZF*MTY3NTg3MzM2NS45LjEuMTY3NTg3MzQ0My4wLjAuMA..\" style=\"color:blue; text-decoration:underline\"><span style=\"font-size:14.0pt\">Informa&ccedil;&otilde;es<\/span><\/a> <\/span><\/span><\/span><\/p>\r\n\r\n<p style=\"text-align:justify\"><span style=\"font-size:11pt\"><span style=\"line-height:normal\"><span style=\"font-family:&quot;Calibri&quot;,sans-serif\"><b><span style=\"font-size:14.0pt\">FGV-IBRE | &quot;A transi&ccedil;&atilde;o energ&eacute;tica e os impactos na economia&quot;<\/span><\/b><span style=\"font-size:14.0pt\">, 18 de abril de 2023, 10h00 &agrave;s 11h30, transmiss&atilde;o via YouTube.<\/span> <a href=\"https:\/\/evento.fgv.br\/transicaoenergetica_1804\/\" style=\"color:blue; text-decoration:underline\"><span style=\"font-size:14.0pt\">Informa&ccedil;&otilde;es<\/span><\/a> <\/span><\/span><\/span><\/p>\r\n\r\n<p style=\"text-align:justify\"><span style=\"font-size:11pt\"><span style=\"line-height:normal\"><span style=\"font-family:&quot;Calibri&quot;,sans-serif\"><b><span style=\"font-size:14.0pt\">INDEX 2023<\/span><\/b><span style=\"font-size:14.0pt\">, 18 a 21 de abril, Palexpo, Genebra, Su&iacute;&ccedil;a<b>.<\/b><\/span> <a href=\"https:\/\/www.indexnonwovens.com\/en\/\" style=\"color:blue; text-decoration:underline\"><span style=\"font-size:14.0pt\">Informa&ccedil;&otilde;es<\/span><\/a><\/span><\/span><\/span><\/p>\r\n\r\n<p style=\"text-align:justify\"><span style=\"font-size:11pt\"><span style=\"line-height:normal\"><span style=\"font-family:&quot;Calibri&quot;,sans-serif\"><b><span style=\"font-size:14.0pt\">DI&Aacute;LOGO COM SETOR PRODUTIVO<\/span><\/b><span style=\"font-size:14.0pt\"> - Em s&eacute;rie de encontros com empres&aacute;rios, Inmetro discute a&ccedil;&otilde;es para o desenvolvimento do pa&iacute;s. Reuni&otilde;es setoriais acontecem em Bras&iacute;lia e em S&atilde;o Paulo, entre os dias 4 e 12 de abril<\/span><span class=\"MsoHyperlink\" style=\"color:blue\"><span style=\"text-decoration:underline\"><span style=\"font-size:14.0pt\"><span style=\"text-decoration:none\"><span style=\"text-underline:none\">.<\/span><\/span><\/span><\/span><\/span> <a href=\"https:\/\/www.gov.br\/inmetro\/pt-br\/centrais-de-conteudo\/noticias\/em-serie-de-encontros-com-empresarios-inmetro-discute-acoes-para-o-desenvolvimento-do-pais\" style=\"color:blue; text-decoration:underline\"><span style=\"font-size:14.0pt\">Informa&ccedil;&otilde;es<\/span><\/a><\/span><\/span><\/span><\/p>\r\n\r\n<p style=\"text-align:justify\"><span style=\"font-size:11pt\"><span style=\"line-height:normal\"><span style=\"font-family:&quot;Calibri&quot;,sans-serif\"><b><span style=\"font-size:14.0pt\">Instituto Inova Cidade | Transi&ccedil;&atilde;o para nova Lei de Licita&ccedil;&otilde;es - 4a edi&ccedil;&atilde;o<\/span><\/b><span style=\"font-size:14.0pt\">, 24 de abril de 2023, 09h00 &agrave;s 16h00.<\/span> <a href=\"https:\/\/institutoinovacidades.com.br\/cursos\/60\/transicao-para-nova-lei-de-licitacoes\" style=\"color:blue; text-decoration:underline\"><span style=\"font-size:14.0pt\">Informa&ccedil;&otilde;es<\/span><\/a><\/span><\/span><\/span><\/p>\r\n\r\n<p style=\"text-align:justify\"><span style=\"font-size:11pt\"><span style=\"line-height:normal\"><span style=\"font-family:&quot;Calibri&quot;,sans-serif\"><b><span style=\"font-size:14.0pt\">Transi&ccedil;&atilde;o para Nova Lei de Licita&ccedil;&otilde;es<\/span><\/b><span style=\"font-size:14.0pt\">, 25 de abril de 2023, 09h00 &agrave;s 16h00, transmiss&atilde;o via Zoom.<\/span> <a href=\"https:\/\/docs.google.com\/forms\/d\/1CvjDdKsewYazBc6_Kpl9_-iyEPUt2ISmW6sdlSs2N5U\/viewform?edit_requested=true\" style=\"color:blue; text-decoration:underline\"><span style=\"font-size:14.0pt\">Informa&ccedil;&otilde;es<\/span><\/a><\/span><\/span><\/span><\/p>\r\n\r\n<p style=\"text-align:justify\"><span style=\"font-size:11pt\"><span style=\"line-height:normal\"><span style=\"font-family:&quot;Calibri&quot;,sans-serif\"><b><span style=\"font-size:14.0pt\">Bioplastics Brazil 2023 - Congresso cient&iacute;fico internacional sobre biopl&aacute;sticos<\/span><\/b><span class=\"MsoHyperlink\" style=\"color:blue\"><span style=\"text-decoration:underline\"><span style=\"font-size:14.0pt\"><span style=\"text-decoration:none\"><span style=\"text-underline:none\">, <\/span><\/span><\/span><\/span><\/span><span style=\"font-size:14.0pt\">26 e 27 Abril de 2023, Audit&oacute;rio da ABIMAQ<\/span><span class=\"MsoHyperlink\" style=\"color:blue\"><span style=\"text-decoration:underline\"><span style=\"font-size:14.0pt\"><span style=\"text-decoration:none\"><span style=\"text-underline:none\">. <\/span><\/span><\/span><\/span><\/span><a href=\"https:\/\/www.bioplasticsbrazil.com\/\" style=\"color:blue; text-decoration:underline\"><span style=\"font-size:14.0pt\">Informa&ccedil;&otilde;es<\/span><\/a> <\/span><\/span><\/span><\/p>\r\n\r\n<p style=\"text-align:justify\"><span style=\"font-size:11pt\"><span style=\"line-height:normal\"><span style=\"font-family:&quot;Calibri&quot;,sans-serif\"><b><span style=\"font-size:14.0pt\">BIOTEXFUTURE Spring Forum<\/span><\/b><span class=\"MsoHyperlink\" style=\"color:blue\"><span style=\"text-decoration:underline\"><span style=\"font-size:14.0pt\"><span style=\"text-decoration:none\"><span style=\"text-underline:none\">, <\/span><\/span><\/span><\/span><\/span><span style=\"font-size:14.0pt\">3rd May 2023, Aachen, Germany<\/span><span class=\"MsoHyperlink\" style=\"color:blue\"><span style=\"text-decoration:underline\"><span style=\"font-size:14.0pt\"><span style=\"text-decoration:none\"><span style=\"text-underline:none\">. <\/span><\/span><\/span><\/span><\/span><a href=\"https:\/\/campusforum.rwth-campus.com\/en\/events\/event\/?event_id=230224-41332-DG-99998:41332\" style=\"color:blue; text-decoration:underline\"><span style=\"font-size:14.0pt\">Informa&ccedil;&otilde;es<\/span><\/a> <\/span><\/span><\/span><\/p>\r\n\r\n<p style=\"text-align:justify\"><span style=\"font-size:11pt\"><span style=\"line-height:normal\"><span style=\"font-family:&quot;Calibri&quot;,sans-serif\"><b><span style=\"font-size:14.0pt\">SENAI CETIQT | Programa de Desenvolvimento Setorial T&ecirc;xtil<\/span><\/b><span style=\"font-size:14.0pt\">, acesse <\/span><a href=\"https:\/\/materiais.senaicetiqt.com\/lp_programa-de-desenvolvimento-setorial?utm_campaign=senai_cetiqt_e_abit__pds_textil__2_envio&amp;utm_medium=email&amp;utm_source=RD+Station\" style=\"color:blue; text-decoration:underline\"><span style=\"font-size:14.0pt\">aqui<\/span><\/a><span style=\"font-size:14.0pt\"> para mais informa&ccedil;&otilde;es<\/span><\/span><\/span><\/span><\/p>\r\n\r\n<p style=\"text-align:justify\"><span style=\"font-size:11pt\"><span style=\"line-height:normal\"><span style=\"font-family:&quot;Calibri&quot;,sans-serif\"><b><span style=\"font-size:14.0pt\">SENAI-SP | Jornada da Transforma&ccedil;&atilde;o Digital<\/span><\/b><span style=\"font-size:14.0pt\">, clique <\/span><a href=\"https:\/\/jornadadigital-cadastro.sp.senai.br\/tenho-interesse?utm_source=emkt&amp;utm_medium=emkt&amp;utm_campaign=jornada+de+transformacao+digital+tenho+interesse&amp;utm_id=jornada+de+transformacao+digital+tenho+interesse&amp;\" style=\"color:blue; text-decoration:underline\"><span style=\"font-size:14.0pt\">aqui<\/span><\/a><span style=\"font-size:14.0pt\"> para mais detalhes<\/span><\/span><\/span><\/span><\/p>\r\n\r\n<p style=\"text-align:justify\"><span style=\"font-size:11pt\"><span style=\"line-height:normal\"><span style=\"font-family:&quot;Calibri&quot;,sans-serif\"><a href=\"https:\/\/www.magnetmail.net\/actions\/email_web_version.cfm?ep=nY1qAgSybIYAtXkUlomjGTvozlxP9uwHcN55F0MkytH2RClGE8usJiNt1Arjq6T9h3o4FMnFZvw194A5gVh0cidsrPTck3kKnIiEDOLIT1krQCou4boq3j9g-8jm_6Vc\" style=\"color:blue; text-decoration:underline\"><span style=\"font-size:14.0pt\">INDA | 2023 Calendar of Events<\/span><\/a><\/span><\/span><\/span><\/p>\r\n\r\n<p class=\"MsoTitle\" style=\"text-align:justify\"><span style=\"font-size:28pt\"><span style=\"font-family:&quot;Cambria&quot;,serif\"><span style=\"letter-spacing:-0.5pt\"><b><span style=\"font-size:18.0pt\"><span style=\"font-family:&quot;Calibri&quot;,sans-serif\"><span style=\"font-variant:small-caps\">Setor<\/span><\/span><\/span><\/b><\/span><\/span><\/span><\/p>\r\n\r\n<p style=\"text-align:justify\"><span style=\"font-size:11pt\"><span style=\"line-height:normal\"><span style=\"font-family:&quot;Calibri&quot;,sans-serif\"><a href=\"https:\/\/abiquim.org.br\/comunicacao\/noticia\/10671\" style=\"color:blue; text-decoration:underline\"><span style=\"font-size:14.0pt\">Decis&atilde;o do Governo sobre retomada de al&iacute;quotas de importa&ccedil;&atilde;o de resinas representa um passo rumo &agrave; reindustrializa&ccedil;&atilde;o<\/span><\/a><\/span><\/span><\/span><\/p>\r\n\r\n<p style=\"text-align:justify\"><span style=\"font-size:11pt\"><span style=\"line-height:normal\"><span style=\"font-family:&quot;Calibri&quot;,sans-serif\"><a href=\"https:\/\/www.nonwovens-industry.com\/contents\/view_features\/2023-03-29\/needlepunch-nonwovens-report-19287?utm_campaign=NON+Issue+Alert&amp;utm_medium=email&amp;_hsmi=252877670&amp;_hsenc=p2ANqtz-_FBoV9ObpKQdlmUCWj62N_VrL3Tm4Vv7x5xCNxu-KMe9ozJ3MQx0Hx-TkR-S0CZG46EmGzk-D0ulZPNk0hfp1wa_8Keg&amp;utm_content=252877670&amp;utm_source=hs_email\" style=\"color:blue; text-decoration:underline\"><span style=\"font-size:14.0pt\">Needlepunch Nonwovens Report<\/span><\/a><\/span><\/span><\/span><\/p>\r\n\r\n<p style=\"text-align:justify\"><span style=\"font-size:11pt\"><span style=\"line-height:normal\"><span style=\"font-family:&quot;Calibri&quot;,sans-serif\"><a href=\"https:\/\/www.technicaltextile.net\/news\/us-berry-global-cuts-down-scope-1-2-ghg-emissions-by-21-in-2022-286549.html\" style=\"color:blue; text-decoration:underline\"><span style=\"font-size:14.0pt\">US&#39; Berry Global cuts down Scope 1 &amp; 2 GHG emissions by 21% in 2022<\/span><\/a><\/span><\/span><\/span><\/p>\r\n\r\n<p style=\"text-align:justify\"><span style=\"font-size:11pt\"><span style=\"line-height:normal\"><span style=\"font-family:&quot;Calibri&quot;,sans-serif\"><a href=\"https:\/\/www.golaurens.com\/news\/fibertex-nonwovens-inc-celebrates-expansion-in-gray-court\/article_053501f8-cfe9-11ed-9569-63fca46413b8.html\" style=\"color:blue; text-decoration:underline\"><span style=\"font-size:14.0pt\">Fibertex Nonwovens Inc. celebrates expansion in Gray Court<\/span><\/a><\/span><\/span><\/span><\/p>\r\n\r\n<p style=\"text-align:justify\"><span style=\"font-size:11pt\"><span style=\"line-height:normal\"><span style=\"font-family:&quot;Calibri&quot;,sans-serif\"><a href=\"https:\/\/www.nonwovens-industry.com\/contents\/view_breaking-news\/2023-03-29\/freudenberg-introduces-100-rtpe-base-content-interlining-series?utm_campaign=NON+eNewsletter&amp;utm_medium=email&amp;_hsmi=252421478&amp;_hsenc=p2ANqtz-8piwz6mMf5qx1JtQ9_NkMEJghro_zXJxhnAnDmW94t9NbhUxVlUYjgj2PNpCQiRLrGX1zsMRhubM7i-3dXAV655cJqwQ&amp;utm_content=252421478&amp;utm_source=hs_email\" style=\"color:blue; text-decoration:underline\"><span style=\"font-size:14.0pt\">Freudenberg Introduces 100% rTPE Base Content Interlining Series<\/span><\/a><\/span><\/span><\/span><\/p>\r\n\r\n<p style=\"text-align:justify\"><span style=\"font-size:11pt\"><span style=\"line-height:normal\"><span style=\"font-family:&quot;Calibri&quot;,sans-serif\"><a href=\"https:\/\/eco.sapo.pt\/2023\/03\/30\/cerca-de-ano-e-meio-depois-repsol-arranca-com-obras-expansao-do-complexo-industrial-de-sines\/\" style=\"color:blue; text-decoration:underline\"><span style=\"font-size:14.0pt\">Cerca de ano e meio depois, Repsol arranca com obras expans&atilde;o do Complexo Industrial de Sines<\/span><\/a><\/span><\/span><\/span><\/p>\r\n\r\n<p style=\"text-align:justify\"><span style=\"font-size:11pt\"><span style=\"line-height:normal\"><span style=\"font-family:&quot;Calibri&quot;,sans-serif\"><a href=\"http:\/\/comunidadtextil.com\/wpnews\/2023\/03\/la-industria-textil-global-en-un-momento-de-baja-demanda-pero-con-buenas-perspectivas\/?utm_source=email_marketing&amp;utm_admin=28519&amp;utm_medium=email&amp;utm_campaign=Noticias_de_las_Industrias_Textil_Confecciones_y_Moda\" style=\"color:blue; text-decoration:underline\"><span style=\"font-size:14.0pt\">La industria textil global en un momento de baja demanda pero con buenas perspectivas<\/span><\/a><\/span><\/span><\/span><\/p>\r\n\r\n<p style=\"text-align:justify\"><span style=\"font-size:11pt\"><span style=\"line-height:normal\"><span style=\"font-family:&quot;Calibri&quot;,sans-serif\"><a href=\"https:\/\/www.uol.com.br\/ecoa\/ultimas-noticias\/2023\/04\/02\/couro-ecologico-realmente-existe-quais-as-alternativas.htm\" style=\"color:blue; text-decoration:underline\"><span style=\"font-size:14.0pt\">Couro ecol&oacute;gico realmente existe? Quais as alternativas<\/span><\/a><\/span><\/span><\/span><\/p>\r\n\r\n<p style=\"text-align:justify\"><span style=\"font-size:11pt\"><span style=\"line-height:normal\"><span style=\"font-family:&quot;Calibri&quot;,sans-serif\"><a href=\"https:\/\/plasticosemrevista.com.br\/demanda-interna-de-resinas-da-braskem-caiu-3-em-2022\/\" style=\"color:blue; text-decoration:underline\"><span style=\"font-size:14.0pt\">Demanda interna de resinas da Braskem caiu 3% em 2022<\/span><\/a><\/span><\/span><\/span><\/p>\r\n\r\n<p class=\"MsoTitle\" style=\"text-align:justify\"><span style=\"font-size:28pt\"><span style=\"font-family:&quot;Cambria&quot;,serif\"><span style=\"letter-spacing:-0.5pt\"><b><span style=\"font-size:18.0pt\"><span style=\"font-family:&quot;Calibri&quot;,sans-serif\"><span style=\"font-variant:small-caps\">Ind&uacute;stria<\/span><\/span><\/span><\/b><\/span><\/span><\/span><\/p>\r\n\r\n<p style=\"text-align:justify\"><span style=\"font-size:11pt\"><span style=\"line-height:normal\"><span style=\"font-family:&quot;Calibri&quot;,sans-serif\"><a href=\"https:\/\/agenciabrasil.ebc.com.br\/economia\/noticia\/2023-03\/industria-brasileira-recua-03-em-janeiro\" style=\"color:blue; text-decoration:underline\"><span style=\"font-size:14.0pt\">Ind&uacute;stria brasileira recua 0,3% em janeiro<\/span><\/a><\/span><\/span><\/span><\/p>\r\n\r\n<p style=\"text-align:justify\"><span style=\"font-size:11pt\"><span style=\"line-height:normal\"><span style=\"font-family:&quot;Calibri&quot;,sans-serif\"><a href=\"https:\/\/fiesc.com.br\/pt-br\/imprensa\/1deg-bimestre-do-ano-registra-206-mil-novos-empregos-na-industria-de-sc\" style=\"color:blue; text-decoration:underline\"><span style=\"font-size:14.0pt\">T&ecirc;xtil, confec&ccedil;&atilde;o, couro e cal&ccedil;ados e constru&ccedil;&atilde;o civil: 1&deg; bimestre do ano registra 20,6 mil novos empregos na ind&uacute;stria de SC<\/span><\/a><\/span><\/span><\/span><\/p>\r\n\r\n<p style=\"text-align:justify\"><span style=\"font-size:11pt\"><span style=\"line-height:normal\"><span style=\"font-family:&quot;Calibri&quot;,sans-serif\"><a href=\"https:\/\/plasticosemrevista.com.br\/brasil-vendas-de-veiculos-mantiveram-a-marcha-a-re-em-2022\/\" style=\"color:blue; text-decoration:underline\"><span style=\"font-size:14.0pt\">Brasil: vendas de ve&iacute;culos mantiveram a marcha &agrave; r&eacute; em 2022<\/span><\/a><\/span><\/span><\/span><\/p>\r\n\r\n<p style=\"text-align:justify\"><span style=\"font-size:11pt\"><span style=\"line-height:normal\"><span style=\"font-family:&quot;Calibri&quot;,sans-serif\"><a href=\"https:\/\/www.forbespt.com\/industria-portuguesa-do-calcado-investe-50me-para-ser-a-mais-moderna-do-mundo\/\" style=\"color:blue; text-decoration:underline\"><span style=\"font-size:14.0pt\">Ind&uacute;stria portuguesa do cal&ccedil;ado investe 50M&euro; para ser a mais moderna do mundo<\/span><\/a><\/span><\/span><\/span><\/p>\r\n\r\n<p style=\"text-align:justify\"><span style=\"font-size:11pt\"><span style=\"line-height:normal\"><span style=\"font-family:&quot;Calibri&quot;,sans-serif\"><a href=\"https:\/\/grandesconstrucoes.com.br\/Noticias\/Exibir\/sao-paulo-deve-ser-grande-foco-de-investimentos-em-infraestrutura-nos-proximos-anos\" style=\"color:blue; text-decoration:underline\"><span style=\"font-size:14.0pt\">S&atilde;o Paulo deve ser grande foco de investimentos em infraestrutura nos pr&oacute;ximos anos<\/span><\/a><\/span><\/span><\/span><\/p>\r\n\r\n<p style=\"text-align:justify\"><span style=\"font-size:11pt\"><span style=\"line-height:normal\"><span style=\"font-family:&quot;Calibri&quot;,sans-serif\"><a href=\"https:\/\/grandesconstrucoes.com.br\/Noticias\/Exibir\/integracao-no-transporte-internacional-rodoviario-abrira-portas-para-as-empresas-brasileiras-do-setor\" style=\"color:blue; text-decoration:underline\"><span style=\"font-size:14.0pt\">Integra&ccedil;&atilde;o no transporte internacional rodovi&aacute;rio abrir&aacute; portas para as empresas brasileiras do setor<\/span><\/a><\/span><\/span><\/span><\/p>\r\n\r\n<p class=\"MsoTitle\" style=\"text-align:justify\"><span style=\"font-size:28pt\"><span style=\"font-family:&quot;Cambria&quot;,serif\"><span style=\"letter-spacing:-0.5pt\"><b><span style=\"font-size:18.0pt\"><span style=\"font-family:&quot;Calibri&quot;,sans-serif\"><span style=\"font-variant:small-caps\">Sustentabilidade<\/span><\/span><\/span><\/b><\/span><\/span><\/span><\/p>\r\n\r\n<p style=\"text-align:justify\"><span style=\"font-size:11pt\"><span style=\"line-height:normal\"><span style=\"font-family:&quot;Calibri&quot;,sans-serif\"><a href=\"https:\/\/g1.globo.com\/jornal-nacional\/noticia\/2023\/03\/29\/governo-discute-mudancas-no-marco-do-saneamento-basico.ghtml\" style=\"color:blue; text-decoration:underline\"><span style=\"font-size:14.0pt\">Governo discute mudan&ccedil;as no marco do saneamento b&aacute;sico<\/span><\/a><\/span><\/span><\/span><\/p>\r\n\r\n<p style=\"text-align:justify\"><span style=\"font-size:11pt\"><span style=\"line-height:normal\"><span style=\"font-family:&quot;Calibri&quot;,sans-serif\"><a href=\"http:\/\/textileindustry.ning.com\/forum\/topics\/rastreabilidade-para-evitar-o-greenwashing\" style=\"color:blue; text-decoration:underline\"><span style=\"font-size:14.0pt\">Rastreabilidade para evitar o greenwashing<\/span><\/a><\/span><\/span><\/span><\/p>\r\n\r\n<p style=\"text-align:justify\"><span style=\"font-size:11pt\"><span style=\"line-height:normal\"><span style=\"font-family:&quot;Calibri&quot;,sans-serif\"><a href=\"https:\/\/www.portaldotransito.com.br\/noticias\/mobilidade-e-tecnologia\/mobilidade-urbana\/industria-automotiva-investe-em-sustentabilidade-com-uso-de-plastico-reciclado\/\" style=\"color:blue; text-decoration:underline\"><span style=\"font-size:14.0pt\">Ind&uacute;stria automotiva investe em sustentabilidade com uso de pl&aacute;stico reciclado<\/span><\/a><\/span><\/span><\/span><\/p>\r\n\r\n<p style=\"text-align:justify\"><span style=\"font-size:11pt\"><span style=\"line-height:normal\"><span style=\"font-family:&quot;Calibri&quot;,sans-serif\"><a href=\"https:\/\/br.financas.yahoo.com\/noticias\/lyondellbasell-e-eew-assinam-carta-120000534.html?guccounter=1&amp;guce_referrer=aHR0cHM6Ly93d3cuZ29vZ2xlLmNvbS8&amp;guce_referrer_sig=AQAAAEtwTwDxj_KwZ0QH9nBgrFumpXbXCrxNVc5v1P-srZjLzZp30dCIZFKGqc9XBWky2ZQ2v5HYdPdfeo4q9Tle-1LI76o2XzNajKG2AJ46oaBt13K-65zcqStmJ1UXfJizRuptmcnJ7HYriQzPmkZBqffNst7DUDDlem0YPiXz_kb1\" style=\"color:blue; text-decoration:underline\"><span style=\"font-size:14.0pt\">LyondellBasell e EEW assinam carta de inten&ccedil;&otilde;es para poss&iacute;vel separa&ccedil;&atilde;o avan&ccedil;ada de res&iacute;duos<\/span><\/a><\/span><\/span><\/span><\/p>\r\n\r\n<p class=\"MsoTitle\" style=\"text-align:justify\"><span style=\"font-size:28pt\"><span style=\"font-family:&quot;Cambria&quot;,serif\"><span style=\"letter-spacing:-0.5pt\"><b><span style=\"font-size:18.0pt\"><span style=\"font-family:&quot;Calibri&quot;,sans-serif\"><span style=\"font-variant:small-caps\">Inova&ccedil;&atilde;o<\/span><\/span><\/span><\/b><\/span><\/span><\/span><\/p>\r\n\r\n<p style=\"text-align:justify\"><span style=\"font-size:11pt\"><span style=\"line-height:normal\"><span style=\"font-family:&quot;Calibri&quot;,sans-serif\"><a href=\"https:\/\/gizmodo.uol.com.br\/cientistas-criam-plastico-que-nao-deriva-do-petroleo-bruto\/\" style=\"color:blue; text-decoration:underline\"><span style=\"font-size:14.0pt\">Cientistas criam pl&aacute;stico que n&atilde;o deriva do petr&oacute;leo bruto<\/span><\/a><\/span><\/span><\/span><\/p>\r\n\r\n<p style=\"text-align:justify\"><span style=\"font-size:11pt\"><span style=\"line-height:normal\"><span style=\"font-family:&quot;Calibri&quot;,sans-serif\"><a href=\"https:\/\/phys.org\/news\/2023-03-next-generation-aramid-fiber-electrical.html?utm_source=nwletter&amp;utm_medium=email&amp;utm_campaign=daily-nwletter\" style=\"color:blue; text-decoration:underline\"><span style=\"font-size:14.0pt\">Next-generation aramid fiber with electrical conductivity<\/span><\/a><\/span><\/span><\/span><\/p>\r\n\r\n<p style=\"text-align:justify\"><span style=\"font-size:11pt\"><span style=\"line-height:normal\"><span style=\"font-family:&quot;Calibri&quot;,sans-serif\"><a href=\"https:\/\/techxplore.com\/news\/2023-04-polymer-hybrid-composites-carbon-applications.html?utm_source=nwletter&amp;utm_medium=email&amp;utm_campaign=daily-nwletter\" style=\"color:blue; text-decoration:underline\"><span style=\"font-size:14.0pt\">Reinforced polymer hybrid composites for low carbon applications in the construction and automotive industries<\/span><\/a><\/span><\/span><\/span><\/p>\r\n\r\n<p style=\"text-align:justify\"><span style=\"font-size:11pt\"><span style=\"line-height:normal\"><span style=\"font-family:&quot;Calibri&quot;,sans-serif\"><a href=\"https:\/\/www.inovacaotecnologica.com.br\/noticias\/noticia.php?artigo=pele-eletronica-pele-crocodilo&amp;id=010180230327&amp;ebol=sim#.ZCsuHfbMKUk\" style=\"color:blue; text-decoration:underline\"><span style=\"font-size:14.0pt\">Uma pele eletr&ocirc;nica t&atilde;o sens&iacute;vel quanto pele de crocodilo<\/span><\/a><\/span><\/span><\/span><\/p>\r\n\r\n<p style=\"text-align:justify\"><span style=\"font-size:11pt\"><span style=\"line-height:normal\"><span style=\"font-family:&quot;Calibri&quot;,sans-serif\"><a href=\"https:\/\/www.inovacaotecnologica.com.br\/noticias\/noticia.php?artigo=bombas-formato-fios-simplificam-tecnologias-vestir&amp;id=010180230404&amp;ebol=sim#.ZCwKf_bMKUk\" style=\"color:blue; text-decoration:underline\"><span style=\"font-size:14.0pt\">Bombas sem partes m&oacute;veis simplificam tecnologias de vestir<\/span><\/a><\/span><\/span><\/span><\/p>\r\n\r\n<p style=\"text-align:justify\"><span style=\"font-size:11pt\"><span style=\"line-height:normal\"><span style=\"font-family:&quot;Calibri&quot;,sans-serif\"><a href=\"https:\/\/techxplore.com\/news\/2023-03-green-composite-material-flax-chitosan.html?utm_source=nwletter&amp;utm_medium=email&amp;utm_campaign=daily-nwletter\" style=\"color:blue; text-decoration:underline\"><span style=\"font-size:14.0pt\">Green composite material made from flax and chitosan<\/span><\/a><\/span><\/span><\/span><\/p>\r\n\r\n<p class=\"MsoTitle\" style=\"text-align:justify\"><span style=\"font-size:28pt\"><span style=\"font-family:&quot;Cambria&quot;,serif\"><span style=\"letter-spacing:-0.5pt\"><b><span style=\"font-size:18.0pt\"><span style=\"font-family:&quot;Calibri&quot;,sans-serif\"><span style=\"font-variant:small-caps\">Com&eacute;rcio Exterior<\/span><\/span><\/span><\/b><\/span><\/span><\/span><\/p>\r\n\r\n<p style=\"text-align:justify\"><span style=\"font-size:11pt\"><span style=\"line-height:normal\"><span style=\"font-family:&quot;Calibri&quot;,sans-serif\"><a href=\"https:\/\/www.comexdobrasil.com\/balanca-comercial-tem-superavit-de-us-127-bilhao-na-quarta-semana-de-marco\" style=\"color:blue; text-decoration:underline\"><span style=\"font-size:14.0pt\">Balan&ccedil;a comercial tem super&aacute;vit de US$ 1,270 bi na 4&ordf; semana de mar&ccedil;o<\/span><\/a> <\/span><\/span><\/span><\/p>\r\n\r\n<p style=\"text-align:justify\"><span style=\"font-size:11pt\"><span style=\"line-height:normal\"><span style=\"font-family:&quot;Calibri&quot;,sans-serif\"><a href=\"https:\/\/www.terra.com.br\/noticias\/brasil\/lider-do-executivo-da-ue-quer-acelerar-acordo-com-mercosul,a646e62a44058b4844f538fe38363807gqxvos1v.html\" style=\"color:blue; text-decoration:underline\"><span style=\"font-size:14.0pt\">L&iacute;der do Executivo da UE quer acelerar acordo com Mercosul<\/span><\/a><\/span><\/span><\/span><\/p>\r\n\r\n<p class=\"MsoTitle\" style=\"text-align:justify\"><span style=\"font-size:28pt\"><span style=\"font-family:&quot;Cambria&quot;,serif\"><span style=\"letter-spacing:-0.5pt\"><b><span style=\"font-size:18.0pt\"><span style=\"font-family:&quot;Calibri&quot;,sans-serif\"><span style=\"font-variant:small-caps\">Economia<\/span><\/span><\/span><\/b><\/span><\/span><\/span><\/p>\r\n\r\n<p style=\"text-align:justify\"><span style=\"font-size:11pt\"><span style=\"line-height:normal\"><span style=\"font-family:&quot;Calibri&quot;,sans-serif\"><a href=\"https:\/\/www.bcb.gov.br\/content\/focus\/focus\/R20230324.pdf\" style=\"color:blue; text-decoration:underline\"><span style=\"font-size:14.0pt\">Focus &ndash; Relat&oacute;rio de Mercado<\/span><\/a><\/span><\/span><\/span><\/p>\r\n\r\n<p style=\"text-align:justify\"><span style=\"font-size:11pt\"><span style=\"line-height:normal\"><span style=\"font-family:&quot;Calibri&quot;,sans-serif\"><a href=\"https:\/\/www.bcb.gov.br\/content\/controleinflacao\/focusdistribuicoesfrequencia\/P20230403-Focus-Distribuicoes-de-frequencia.pdf\" style=\"color:blue; text-decoration:underline\"><span style=\"font-size:14.0pt\">Focus &ndash; Distribui&ccedil;&otilde;es de Frequ&ecirc;ncia das Expectativas de Mercado para IPCA, Selic, PIB e C&acirc;mbio<\/span><\/a><\/span><\/span><\/span><\/p>\r\n\r\n<p style=\"text-align:justify\"><span style=\"font-size:11pt\"><span style=\"line-height:normal\"><span style=\"font-family:&quot;Calibri&quot;,sans-serif\"><a href=\"https:\/\/observador.pt\/2023\/03\/27\/banco-mundial-preve-que-crescimento-mundial-abrande-para-22-ate-2030\/\" style=\"color:blue; text-decoration:underline\"><span style=\"font-size:14.0pt\">Banco Mundial prev&ecirc; que crescimento mundial abrande para 2,2% at&eacute; 2030<\/span><\/a><\/span><\/span><\/span><\/p>\r\n\r\n<p style=\"text-align:justify\"><span style=\"font-size:11pt\"><span style=\"line-height:normal\"><span style=\"font-family:&quot;Calibri&quot;,sans-serif\"><a href=\"https:\/\/flagships.iadb.org\/pt\/MacroReport2023\/preparar-o-terreno-macroeconomico-para-um-crescimento-renovado?j=832335&amp;sfmc_sub=194913938&amp;l=295_HTML&amp;u=15581793&amp;mid=100028582&amp;jb=2\" style=\"color:blue; text-decoration:underline\"><span style=\"font-size:14.0pt\">BID | Relat&oacute;rio macroecon&ocirc;mico da Am&eacute;rica Latina e Caribe 2023<\/span><\/a><\/span><\/span><\/span><\/p>\r\n\r\n<p style=\"text-align:justify\"><span style=\"font-size:11pt\"><span style=\"line-height:normal\"><span style=\"font-family:&quot;Calibri&quot;,sans-serif\"><a href=\"https:\/\/portalibre.fgv.br\/noticias\/incerteza-da-economia-alcanca-maior-nivel-desde-julho-de-2022\" style=\"color:blue; text-decoration:underline\"><span style=\"font-size:14.0pt\">Incerteza da Economia alcan&ccedil;a maior n&iacute;vel desde julho de 2022<\/span><\/a><\/span><\/span><\/span><\/p>\r\n\r\n<p style=\"text-align:justify\"><span style=\"font-size:11pt\"><span style=\"line-height:normal\"><span style=\"font-family:&quot;Calibri&quot;,sans-serif\"><a href=\"https:\/\/portalibre.fgv.br\/noticias\/confianca-empresarial-sobe-22-pontos-em-marco\" style=\"color:blue; text-decoration:underline\"><span style=\"font-size:14.0pt\">Confian&ccedil;a Empresarial sobe 2,2 pontos em mar&ccedil;o<\/span><\/a><\/span><\/span><\/span><\/p>\r\n\r\n<p style=\"text-align:justify\"><span style=\"font-size:11pt\"><span style=\"line-height:normal\"><span style=\"font-family:&quot;Calibri&quot;,sans-serif\"><a href=\"https:\/\/noticias.portaldaindustria.com.br\/noticias\/economia\/confianca-oscila-entre-os-setores-industriais-avalia-cni\/\" style=\"color:blue; text-decoration:underline\"><span style=\"font-size:14.0pt\">Confian&ccedil;a oscila entre os setores industriais, avalia CNI<\/span><\/a><\/span><\/span><\/span><\/p>\r\n\r\n<p style=\"text-align:justify\"><span style=\"font-size:11pt\"><span style=\"line-height:normal\"><span style=\"font-family:&quot;Calibri&quot;,sans-serif\"><a href=\"https:\/\/grandesconstrucoes.com.br\/Noticias\/Exibir\/indice-de-confianca-da-construcao-cai-03-ponto-no-pais\" style=\"color:blue; text-decoration:underline\"><span style=\"font-size:14.0pt\">&Iacute;ndice de Confian&ccedil;a da Constru&ccedil;&atilde;o cai 0,3 ponto no pa&iacute;s<\/span><\/a><\/span><\/span><\/span><\/p>\r\n\r\n<p style=\"text-align:justify\"><span style=\"font-size:11pt\"><span style=\"line-height:normal\"><span style=\"font-family:&quot;Calibri&quot;,sans-serif\"><a href=\"https:\/\/agenciadenoticias.ibge.gov.br\/agencia-sala-de-imprensa\/2013-agencia-de-noticias\/releases\/36562-pnad-continua-taxa-de-desocupacao-e-de-8-6-e-taxa-de-subutilizacao-e-de-18-8-no-trimestre-encerrado-em-fevereiro\" style=\"color:blue; text-decoration:underline\"><span style=\"font-size:14.0pt\">PNAD Cont&iacute;nua: taxa de desocupa&ccedil;&atilde;o &eacute; de 8,6% e taxa de subutiliza&ccedil;&atilde;o &eacute; de 18,8% no trimestre encerrado em fevereiro<\/span><\/a><\/span><\/span><\/span><\/p>\r\n","6":"<p style=\"text-align:justify\"><span style=\"font-size:11pt\"><span style=\"line-height:normal\"><span style=\"font-family:&quot;Calibri&quot;,sans-serif\"><span style=\"font-size:14.0pt\">Esta &eacute; uma compila&ccedil;&atilde;o das not&iacute;cias mais relevantes para o setor, incluindo informa&ccedil;&otilde;es sobre acordos internacionais, economia brasileira, sustentabilidade e mat&eacute;rias primas, al&eacute;m de novidades do setor de N&atilde;otecidos e Tecidos T&eacute;cnicos.<\/span><\/span><\/span><\/span><\/p>\r\n\r\n<p class=\"MsoTitleCxSpMiddle\" style=\"text-align:justify\"><span style=\"font-size:28pt\"><span style=\"font-family:&quot;Cambria&quot;,serif\"><span style=\"letter-spacing:-0.5pt\"><b><span style=\"font-size:18.0pt\"><span style=\"font-family:&quot;Calibri&quot;,sans-serif\"><span style=\"font-variant:small-caps\">A&ccedil;&otilde;es da ABINT<\/span><\/span><\/span><\/b><\/span><\/span><\/span><\/p>\r\n\r\n<p style=\"text-align:justify\"><span style=\"font-size:11pt\"><span style=\"line-height:normal\"><span style=\"font-family:&quot;Calibri&quot;,sans-serif\"><span style=\"font-size:14.0pt\">Essa semana, o <b>CTG Entrevista recebeu a Engenheira Civil Cristina Schmidt<\/b>, mestre em Mec&acirc;nica dos Solos e Funda&ccedil;&otilde;es pela Poli\/USP. Com uma experi&ecirc;ncia de 25 anos em projetos e consultoria geot&eacute;cnica, atua desde 2008 na Huesker, onde atualmente &eacute; Gerente de Engenharia.<\/span><\/span><\/span><\/span><\/p>\r\n\r\n<h2><span style=\"font-size:14.0pt\"><span style=\"line-height:115%\"><span style=\"font-family:&quot;Calibri&quot;,sans-serif\">Acesse a live um nosso Instagram: <\/span><\/span><\/span><span style=\"font-size:11.0pt\"><span style=\"line-height:115%\"><span style=\"font-family:&quot;Calibri&quot;,sans-serif\"><a href=\"https:\/\/www.instagram.com\/ctg_abint\/\" style=\"color:blue; text-decoration:underline\"><span style=\"font-size:12.0pt\"><span style=\"line-height:115%\">https:\/\/www.instagram.com\/ctg_abint\/<\/span><\/span><\/a><\/span><\/span><\/span><\/h2>\r\n\r\n<p><span style=\"font-size:11.0pt\"><span style=\"line-height:115%\"><span style=\"font-family:&quot;Calibri&quot;,sans-serif\"><span style=\"font-size:12.0pt\"><span style=\"line-height:115%\"><img src=\"https:\/\/www.abint.org.br\/assets\/img\/editor\/ctg-patrocinador-regeo-2023_202304061439048P0p6D9JGo.jpeg\" style=\"width: 500px; height: 500px;\" \/><\/span><\/span><\/span><\/span><\/span><\/p>\r\n\r\n<p style=\"text-align:justify\"><span style=\"font-size:11pt\"><span style=\"line-height:normal\"><span style=\"font-family:&quot;Calibri&quot;,sans-serif\"><b><span style=\"font-size:14.0pt\"><span style=\"font-variant:small-caps\">O CTG ABINT <\/span><\/span><\/b><b><span style=\"font-size:14.0pt\">marcar&aacute; presen&ccedil;a<\/span><\/b><span style=\"font-size:14.0pt\"> nos eventos <b>X Congresso Brasileiro de Geotecnia Ambiental &amp; IX Congresso Brasileiro de Geossint&eacute;ticos - REGEO&rsquo;23 &amp; Geossint&eacute;ticos&rsquo;23<\/b>, que ocorrer&atilde;o de 18 a 21 de julho de 2023, Centro Universit&aacute;rio Jorge Amado &ndash; UNIJORGE, Salvador, BA.<\/span><\/span><\/span><\/span><\/p>\r\n\r\n<p style=\"text-align:justify\"><span style=\"font-size:11pt\"><span style=\"line-height:normal\"><span style=\"font-family:&quot;Calibri&quot;,sans-serif\"><a href=\"https:\/\/regeogeossinteticos23.com.br\/\" style=\"color:blue; text-decoration:underline\"><span style=\"font-size:14.0pt\">Mais informa&ccedil;&otilde;es e inscri&ccedil;&otilde;es<\/span><\/a><\/span><\/span><\/span><\/p>\r\n\r\n<p style=\"text-align:justify\">&nbsp;<\/p>\r\n\r\n<p style=\"text-align:justify\"><span style=\"font-size:11pt\"><span style=\"line-height:normal\"><span style=\"font-family:&quot;Calibri&quot;,sans-serif\"><span style=\"font-size:14.0pt\"><img src=\"https:\/\/www.abint.org.br\/assets\/img\/editor\/minicurso-fernando-regeo-2023_20230406144059BUqmE1valP.jpeg\" style=\"width: 500px; height: 500px;\" \/><\/span><\/span><\/span><\/span><\/p>\r\n\r\n<p style=\"text-align:justify\"><span style=\"font-size:28pt\"><span style=\"font-family:&quot;Cambria&quot;,serif\"><span style=\"letter-spacing:-0.5pt\"><b><span style=\"font-size:14.0pt\"><span style=\"font-family:&quot;Calibri&quot;,sans-serif\"><span style=\"letter-spacing:0pt\">O Eng. Fernando Lavoie, Coordenador do CTG ABINT<\/span><\/span><\/span><\/b><span style=\"font-size:14.0pt\"><span style=\"font-family:&quot;Calibri&quot;,sans-serif\"><span style=\"letter-spacing:0pt\">, ministrar&aacute; <b>Minicurso<\/b> durante o <b>Regeo&rsquo;23 &amp; Geossint&eacute;ticos&rsquo;23<\/b>. <\/span><\/span><\/span><\/span><\/span><\/span><span style=\"font-size:11.0pt\"><span style=\"line-height:115%\"><span style=\"font-family:&quot;Calibri&quot;,sans-serif\"><a href=\"https:\/\/regeogeossinteticos23.com.br\/inscricoes\/\" style=\"color:blue; text-decoration:underline\"><span style=\"font-size:14.0pt\"><span style=\"line-height:115%\">Inscreva-se!<\/span><\/span><\/a><\/span><\/span><\/span><\/p>\r\n\r\n<p style=\"text-align:justify\"><span style=\"font-size:11.0pt\"><span style=\"line-height:115%\"><span style=\"font-family:&quot;Calibri&quot;,sans-serif\"><span style=\"font-size:14.0pt\"><span style=\"line-height:115%\"><img src=\"https:\/\/www.abint.org.br\/assets\/img\/editor\/premio-tcc-ic-2023-arte-5_202304061442121jzmlAhM7h.png\" style=\"width: 500px; height: 500px;\" \/><\/span><\/span><\/span><\/span><\/span><\/p>\r\n\r\n<p style=\"text-align:justify\"><span style=\"font-size:11pt\"><span style=\"line-height:normal\"><span style=\"font-family:&quot;Calibri&quot;,sans-serif\"><strong><span style=\"font-size:14.0pt\"><span style=\"font-family:&quot;Calibri&quot;,sans-serif\">O CTG ABINT e a IGS BRASIL <\/span><\/span><\/strong><span style=\"font-size:14.0pt\">convidam aqueles que desenvolveram trabalhos acad&ecirc;micos relacionados aos geossint&eacute;ticos a participarem&nbsp;de mais uma edi&ccedil;&atilde;o do Pr&ecirc;mio TCC\/IC.<\/span><\/span><\/span><\/span><\/p>\r\n\r\n<p style=\"text-align:justify\"><span style=\"font-size:11pt\"><span style=\"line-height:normal\"><span style=\"font-family:&quot;Calibri&quot;,sans-serif\"><a href=\"https:\/\/abint.us2.list-manage.com\/track\/click?u=88818ac6bf44316570fc1bc2f&amp;id=46b014bcf1&amp;e=626265ad22\" style=\"color:blue; text-decoration:underline\" target=\"_blank\"><span style=\"font-size:14.0pt\"><span style=\"color:blue\">Mais informa&ccedil;&otilde;es e inscri&ccedil;&otilde;es<\/span><\/span><\/a><\/span><\/span><\/span><\/p>\r\n\r\n<p style=\"text-align:justify\">&nbsp;<\/p>\r\n\r\n<p style=\"text-align:justify\"><span style=\"font-size:11pt\"><span style=\"line-height:normal\"><span style=\"font-family:&quot;Calibri&quot;,sans-serif\"><span style=\"font-size:14.0pt\"><span style=\"color:blue\"><img src=\"https:\/\/www.abint.org.br\/assets\/img\/editor\/itma-2023-abint-english-417x250_20230406144318lcncP6Pnqx.jpg\" \/><\/span><\/span><\/span><\/span><\/span><\/p>\r\n\r\n<p style=\"text-align:justify\"><span style=\"font-size:11pt\"><span style=\"line-height:normal\"><span style=\"font-family:&quot;Calibri&quot;,sans-serif\"><b><span style=\"font-size:14.0pt\">A ABINT apoia a ITMA 2023<\/span><\/b><\/span><\/span><\/span><\/p>\r\n\r\n<p style=\"text-align:justify\"><span style=\"font-size:14.0pt\"><span style=\"line-height:115%\"><span style=\"font-family:&quot;Calibri&quot;,sans-serif\">A 19&ordf; edi&ccedil;&atilde;o da maior exposi&ccedil;&atilde;o internacional de tecnologia t&ecirc;xtil e de vestu&aacute;rio do mundo acontecer&aacute; em Mil&atilde;o, It&aacute;lia, de 08 a 14 de junho de 2023. <\/span><\/span><\/span><span style=\"font-size:11.0pt\"><span style=\"line-height:115%\"><span style=\"font-family:&quot;Calibri&quot;,sans-serif\"><a href=\"https:\/\/itma.com\/\" style=\"color:blue; text-decoration:underline\"><span style=\"font-size:14.0pt\"><span style=\"line-height:115%\">Informa&ccedil;&otilde;es<\/span><\/span><\/a><\/span><\/span><\/span><\/p>\r\n\r\n<p style=\"text-align:justify\">&nbsp;<\/p>\r\n\r\n<p style=\"text-align:justify\"><span style=\"font-size:11pt\"><span style=\"line-height:normal\"><span style=\"font-family:&quot;Calibri&quot;,sans-serif\"><b><span style=\"font-size:18.0pt\"><span style=\"font-variant:small-caps\">Eventos<\/span><\/span><\/b><\/span><\/span><\/span><\/p>\r\n\r\n<p style=\"text-align:justify\"><span style=\"font-size:11pt\"><span style=\"line-height:normal\"><span style=\"font-family:&quot;Calibri&quot;,sans-serif\"><b><span style=\"font-size:14.0pt\">AESabesp | Lei das Estatais &ndash; Novo Regime Licitat&oacute;rio e de Contrata&ccedil;&atilde;o<\/span><\/b><span style=\"font-size:14.0pt\">, 11 a 14 de abril de 2023, das 9h00 &agrave;s 13h00, no formato online<\/span><span class=\"MsoHyperlink\" style=\"color:blue\"><span style=\"text-decoration:underline\"><span style=\"font-size:14.0pt\"><span style=\"text-decoration:none\"><span style=\"text-underline:none\">. <\/span><\/span><\/span><\/span><\/span><a href=\"https:\/\/docs.google.com\/forms\/d\/e\/1FAIpQLScaQhpnrri5yflBpZIruEtaMG8Y_lZVptjF61jEMyb7kZyB_g\/viewform\" style=\"color:blue; text-decoration:underline\"><span style=\"font-size:14.0pt\">Inscri&ccedil;&otilde;es<\/span><\/a> <\/span><\/span><\/span><\/p>\r\n\r\n<p style=\"text-align:justify\"><span style=\"font-size:11pt\"><span style=\"line-height:normal\"><span style=\"font-family:&quot;Calibri&quot;,sans-serif\"><b><span style=\"font-size:14.0pt\">NasceCME | Dia Internacional da Ci&ecirc;ncia da Esteriliza&ccedil;&atilde;o &ndash; Equipes t&eacute;cnicas qualificadas e as interfaces com processos e pr&aacute;ticas seguras<\/span><\/b><span style=\"font-size:14.0pt\">, 14 e 15 de abril de 2023, Golden Tulip, S&atilde;o Jos&eacute; dos Campos<\/span><span class=\"MsoHyperlink\" style=\"color:blue\"><span style=\"text-decoration:underline\"><span style=\"font-size:14.0pt\"><span style=\"text-decoration:none\"><span style=\"text-underline:none\">. <\/span><\/span><\/span><\/span><\/span><a href=\"https:\/\/www.sympla.com.br\/evento\/dia-internacional-da-ciencia-da-esterilizacao\/1866685?_gl=1*103ko68*_ga*MTk0NjU1Njc3Ni4xNjc1MTc5Mzkz*_ga_KXH10SQTZF*MTY3NTg3MzM2NS45LjEuMTY3NTg3MzQ0My4wLjAuMA..\" style=\"color:blue; text-decoration:underline\"><span style=\"font-size:14.0pt\">Informa&ccedil;&otilde;es<\/span><\/a> <\/span><\/span><\/span><\/p>\r\n\r\n<p style=\"text-align:justify\"><span style=\"font-size:11pt\"><span style=\"line-height:normal\"><span style=\"font-family:&quot;Calibri&quot;,sans-serif\"><b><span style=\"font-size:14.0pt\">FGV-IBRE | &quot;A transi&ccedil;&atilde;o energ&eacute;tica e os impactos na economia&quot;<\/span><\/b><span style=\"font-size:14.0pt\">, 18 de abril de 2023, 10h00 &agrave;s 11h30, transmiss&atilde;o via YouTube.<\/span> <a href=\"https:\/\/evento.fgv.br\/transicaoenergetica_1804\/\" style=\"color:blue; text-decoration:underline\"><span style=\"font-size:14.0pt\">Informa&ccedil;&otilde;es<\/span><\/a> <\/span><\/span><\/span><\/p>\r\n\r\n<p style=\"text-align:justify\"><span style=\"font-size:11pt\"><span style=\"line-height:normal\"><span style=\"font-family:&quot;Calibri&quot;,sans-serif\"><b><span style=\"font-size:14.0pt\">INDEX 2023<\/span><\/b><span style=\"font-size:14.0pt\">, 18 a 21 de abril, Palexpo, Genebra, Su&iacute;&ccedil;a<b>.<\/b><\/span> <a href=\"https:\/\/www.indexnonwovens.com\/en\/\" style=\"color:blue; text-decoration:underline\"><span style=\"font-size:14.0pt\">Informa&ccedil;&otilde;es<\/span><\/a><\/span><\/span><\/span><\/p>\r\n\r\n<p style=\"text-align:justify\"><span style=\"font-size:11pt\"><span style=\"line-height:normal\"><span style=\"font-family:&quot;Calibri&quot;,sans-serif\"><b><span style=\"font-size:14.0pt\">DI&Aacute;LOGO COM SETOR PRODUTIVO<\/span><\/b><span style=\"font-size:14.0pt\"> - Em s&eacute;rie de encontros com empres&aacute;rios, Inmetro discute a&ccedil;&otilde;es para o desenvolvimento do pa&iacute;s. Reuni&otilde;es setoriais acontecem em Bras&iacute;lia e em S&atilde;o Paulo, entre os dias 4 e 12 de abril<\/span><span class=\"MsoHyperlink\" style=\"color:blue\"><span style=\"text-decoration:underline\"><span style=\"font-size:14.0pt\"><span style=\"text-decoration:none\"><span style=\"text-underline:none\">.<\/span><\/span><\/span><\/span><\/span> <a href=\"https:\/\/www.gov.br\/inmetro\/pt-br\/centrais-de-conteudo\/noticias\/em-serie-de-encontros-com-empresarios-inmetro-discute-acoes-para-o-desenvolvimento-do-pais\" style=\"color:blue; text-decoration:underline\"><span style=\"font-size:14.0pt\">Informa&ccedil;&otilde;es<\/span><\/a><\/span><\/span><\/span><\/p>\r\n\r\n<p style=\"text-align:justify\"><span style=\"font-size:11pt\"><span style=\"line-height:normal\"><span style=\"font-family:&quot;Calibri&quot;,sans-serif\"><b><span style=\"font-size:14.0pt\">Instituto Inova Cidade | Transi&ccedil;&atilde;o para nova Lei de Licita&ccedil;&otilde;es - 4a edi&ccedil;&atilde;o<\/span><\/b><span style=\"font-size:14.0pt\">, 24 de abril de 2023, 09h00 &agrave;s 16h00.<\/span> <a href=\"https:\/\/institutoinovacidades.com.br\/cursos\/60\/transicao-para-nova-lei-de-licitacoes\" style=\"color:blue; text-decoration:underline\"><span style=\"font-size:14.0pt\">Informa&ccedil;&otilde;es<\/span><\/a><\/span><\/span><\/span><\/p>\r\n\r\n<p style=\"text-align:justify\"><span style=\"font-size:11pt\"><span style=\"line-height:normal\"><span style=\"font-family:&quot;Calibri&quot;,sans-serif\"><b><span style=\"font-size:14.0pt\">Transi&ccedil;&atilde;o para Nova Lei de Licita&ccedil;&otilde;es<\/span><\/b><span style=\"font-size:14.0pt\">, 25 de abril de 2023, 09h00 &agrave;s 16h00, transmiss&atilde;o via Zoom.<\/span> <a href=\"https:\/\/docs.google.com\/forms\/d\/1CvjDdKsewYazBc6_Kpl9_-iyEPUt2ISmW6sdlSs2N5U\/viewform?edit_requested=true\" style=\"color:blue; text-decoration:underline\"><span style=\"font-size:14.0pt\">Informa&ccedil;&otilde;es<\/span><\/a><\/span><\/span><\/span><\/p>\r\n\r\n<p style=\"text-align:justify\"><span style=\"font-size:11pt\"><span style=\"line-height:normal\"><span style=\"font-family:&quot;Calibri&quot;,sans-serif\"><b><span style=\"font-size:14.0pt\">Bioplastics Brazil 2023 - Congresso cient&iacute;fico internacional sobre biopl&aacute;sticos<\/span><\/b><span class=\"MsoHyperlink\" style=\"color:blue\"><span style=\"text-decoration:underline\"><span style=\"font-size:14.0pt\"><span style=\"text-decoration:none\"><span style=\"text-underline:none\">, <\/span><\/span><\/span><\/span><\/span><span style=\"font-size:14.0pt\">26 e 27 Abril de 2023, Audit&oacute;rio da ABIMAQ<\/span><span class=\"MsoHyperlink\" style=\"color:blue\"><span style=\"text-decoration:underline\"><span style=\"font-size:14.0pt\"><span style=\"text-decoration:none\"><span style=\"text-underline:none\">. <\/span><\/span><\/span><\/span><\/span><a href=\"https:\/\/www.bioplasticsbrazil.com\/\" style=\"color:blue; text-decoration:underline\"><span style=\"font-size:14.0pt\">Informa&ccedil;&otilde;es<\/span><\/a> <\/span><\/span><\/span><\/p>\r\n\r\n<p style=\"text-align:justify\"><span style=\"font-size:11pt\"><span style=\"line-height:normal\"><span style=\"font-family:&quot;Calibri&quot;,sans-serif\"><b><span style=\"font-size:14.0pt\">BIOTEXFUTURE Spring Forum<\/span><\/b><span class=\"MsoHyperlink\" style=\"color:blue\"><span style=\"text-decoration:underline\"><span style=\"font-size:14.0pt\"><span style=\"text-decoration:none\"><span style=\"text-underline:none\">, <\/span><\/span><\/span><\/span><\/span><span style=\"font-size:14.0pt\">3rd May 2023, Aachen, Germany<\/span><span class=\"MsoHyperlink\" style=\"color:blue\"><span style=\"text-decoration:underline\"><span style=\"font-size:14.0pt\"><span style=\"text-decoration:none\"><span style=\"text-underline:none\">. <\/span><\/span><\/span><\/span><\/span><a href=\"https:\/\/campusforum.rwth-campus.com\/en\/events\/event\/?event_id=230224-41332-DG-99998:41332\" style=\"color:blue; text-decoration:underline\"><span style=\"font-size:14.0pt\">Informa&ccedil;&otilde;es<\/span><\/a> <\/span><\/span><\/span><\/p>\r\n\r\n<p style=\"text-align:justify\"><span style=\"font-size:11pt\"><span style=\"line-height:normal\"><span style=\"font-family:&quot;Calibri&quot;,sans-serif\"><b><span style=\"font-size:14.0pt\">SENAI CETIQT | Programa de Desenvolvimento Setorial T&ecirc;xtil<\/span><\/b><span style=\"font-size:14.0pt\">, acesse <\/span><a href=\"https:\/\/materiais.senaicetiqt.com\/lp_programa-de-desenvolvimento-setorial?utm_campaign=senai_cetiqt_e_abit__pds_textil__2_envio&amp;utm_medium=email&amp;utm_source=RD+Station\" style=\"color:blue; text-decoration:underline\"><span style=\"font-size:14.0pt\">aqui<\/span><\/a><span style=\"font-size:14.0pt\"> para mais informa&ccedil;&otilde;es<\/span><\/span><\/span><\/span><\/p>\r\n\r\n<p style=\"text-align:justify\"><span style=\"font-size:11pt\"><span style=\"line-height:normal\"><span style=\"font-family:&quot;Calibri&quot;,sans-serif\"><b><span style=\"font-size:14.0pt\">SENAI-SP | Jornada da Transforma&ccedil;&atilde;o Digital<\/span><\/b><span style=\"font-size:14.0pt\">, clique <\/span><a href=\"https:\/\/jornadadigital-cadastro.sp.senai.br\/tenho-interesse?utm_source=emkt&amp;utm_medium=emkt&amp;utm_campaign=jornada+de+transformacao+digital+tenho+interesse&amp;utm_id=jornada+de+transformacao+digital+tenho+interesse&amp;\" style=\"color:blue; text-decoration:underline\"><span style=\"font-size:14.0pt\">aqui<\/span><\/a><span style=\"font-size:14.0pt\"> para mais detalhes<\/span><\/span><\/span><\/span><\/p>\r\n\r\n<p style=\"text-align:justify\"><span style=\"font-size:11pt\"><span style=\"line-height:normal\"><span style=\"font-family:&quot;Calibri&quot;,sans-serif\"><a href=\"https:\/\/www.magnetmail.net\/actions\/email_web_version.cfm?ep=nY1qAgSybIYAtXkUlomjGTvozlxP9uwHcN55F0MkytH2RClGE8usJiNt1Arjq6T9h3o4FMnFZvw194A5gVh0cidsrPTck3kKnIiEDOLIT1krQCou4boq3j9g-8jm_6Vc\" style=\"color:blue; text-decoration:underline\"><span style=\"font-size:14.0pt\">INDA | 2023 Calendar of Events<\/span><\/a><\/span><\/span><\/span><\/p>\r\n\r\n<p class=\"MsoTitle\" style=\"text-align:justify\"><span style=\"font-size:28pt\"><span style=\"font-family:&quot;Cambria&quot;,serif\"><span style=\"letter-spacing:-0.5pt\"><b><span style=\"font-size:18.0pt\"><span style=\"font-family:&quot;Calibri&quot;,sans-serif\"><span style=\"font-variant:small-caps\">Setor<\/span><\/span><\/span><\/b><\/span><\/span><\/span><\/p>\r\n\r\n<p style=\"text-align:justify\"><span style=\"font-size:11pt\"><span style=\"line-height:normal\"><span style=\"font-family:&quot;Calibri&quot;,sans-serif\"><a href=\"https:\/\/abiquim.org.br\/comunicacao\/noticia\/10671\" style=\"color:blue; text-decoration:underline\"><span style=\"font-size:14.0pt\">Decis&atilde;o do Governo sobre retomada de al&iacute;quotas de importa&ccedil;&atilde;o de resinas representa um passo rumo &agrave; reindustrializa&ccedil;&atilde;o<\/span><\/a><\/span><\/span><\/span><\/p>\r\n\r\n<p style=\"text-align:justify\"><span style=\"font-size:11pt\"><span style=\"line-height:normal\"><span style=\"font-family:&quot;Calibri&quot;,sans-serif\"><a href=\"https:\/\/www.nonwovens-industry.com\/contents\/view_features\/2023-03-29\/needlepunch-nonwovens-report-19287?utm_campaign=NON+Issue+Alert&amp;utm_medium=email&amp;_hsmi=252877670&amp;_hsenc=p2ANqtz-_FBoV9ObpKQdlmUCWj62N_VrL3Tm4Vv7x5xCNxu-KMe9ozJ3MQx0Hx-TkR-S0CZG46EmGzk-D0ulZPNk0hfp1wa_8Keg&amp;utm_content=252877670&amp;utm_source=hs_email\" style=\"color:blue; text-decoration:underline\"><span style=\"font-size:14.0pt\">Needlepunch Nonwovens Report<\/span><\/a><\/span><\/span><\/span><\/p>\r\n\r\n<p style=\"text-align:justify\"><span style=\"font-size:11pt\"><span style=\"line-height:normal\"><span style=\"font-family:&quot;Calibri&quot;,sans-serif\"><a href=\"https:\/\/www.technicaltextile.net\/news\/us-berry-global-cuts-down-scope-1-2-ghg-emissions-by-21-in-2022-286549.html\" style=\"color:blue; text-decoration:underline\"><span style=\"font-size:14.0pt\">US&#39; Berry Global cuts down Scope 1 &amp; 2 GHG emissions by 21% in 2022<\/span><\/a><\/span><\/span><\/span><\/p>\r\n\r\n<p style=\"text-align:justify\"><span style=\"font-size:11pt\"><span style=\"line-height:normal\"><span style=\"font-family:&quot;Calibri&quot;,sans-serif\"><a href=\"https:\/\/www.golaurens.com\/news\/fibertex-nonwovens-inc-celebrates-expansion-in-gray-court\/article_053501f8-cfe9-11ed-9569-63fca46413b8.html\" style=\"color:blue; text-decoration:underline\"><span style=\"font-size:14.0pt\">Fibertex Nonwovens Inc. celebrates expansion in Gray Court<\/span><\/a><\/span><\/span><\/span><\/p>\r\n\r\n<p style=\"text-align:justify\"><span style=\"font-size:11pt\"><span style=\"line-height:normal\"><span style=\"font-family:&quot;Calibri&quot;,sans-serif\"><a href=\"https:\/\/www.nonwovens-industry.com\/contents\/view_breaking-news\/2023-03-29\/freudenberg-introduces-100-rtpe-base-content-interlining-series?utm_campaign=NON+eNewsletter&amp;utm_medium=email&amp;_hsmi=252421478&amp;_hsenc=p2ANqtz-8piwz6mMf5qx1JtQ9_NkMEJghro_zXJxhnAnDmW94t9NbhUxVlUYjgj2PNpCQiRLrGX1zsMRhubM7i-3dXAV655cJqwQ&amp;utm_content=252421478&amp;utm_source=hs_email\" style=\"color:blue; text-decoration:underline\"><span style=\"font-size:14.0pt\">Freudenberg Introduces 100% rTPE Base Content Interlining Series<\/span><\/a><\/span><\/span><\/span><\/p>\r\n\r\n<p style=\"text-align:justify\"><span style=\"font-size:11pt\"><span style=\"line-height:normal\"><span style=\"font-family:&quot;Calibri&quot;,sans-serif\"><a href=\"https:\/\/eco.sapo.pt\/2023\/03\/30\/cerca-de-ano-e-meio-depois-repsol-arranca-com-obras-expansao-do-complexo-industrial-de-sines\/\" style=\"color:blue; text-decoration:underline\"><span style=\"font-size:14.0pt\">Cerca de ano e meio depois, Repsol arranca com obras expans&atilde;o do Complexo Industrial de Sines<\/span><\/a><\/span><\/span><\/span><\/p>\r\n\r\n<p style=\"text-align:justify\"><span style=\"font-size:11pt\"><span style=\"line-height:normal\"><span style=\"font-family:&quot;Calibri&quot;,sans-serif\"><a href=\"http:\/\/comunidadtextil.com\/wpnews\/2023\/03\/la-industria-textil-global-en-un-momento-de-baja-demanda-pero-con-buenas-perspectivas\/?utm_source=email_marketing&amp;utm_admin=28519&amp;utm_medium=email&amp;utm_campaign=Noticias_de_las_Industrias_Textil_Confecciones_y_Moda\" style=\"color:blue; text-decoration:underline\"><span style=\"font-size:14.0pt\">La industria textil global en un momento de baja demanda pero con buenas perspectivas<\/span><\/a><\/span><\/span><\/span><\/p>\r\n\r\n<p style=\"text-align:justify\"><span style=\"font-size:11pt\"><span style=\"line-height:normal\"><span style=\"font-family:&quot;Calibri&quot;,sans-serif\"><a href=\"https:\/\/www.uol.com.br\/ecoa\/ultimas-noticias\/2023\/04\/02\/couro-ecologico-realmente-existe-quais-as-alternativas.htm\" style=\"color:blue; text-decoration:underline\"><span style=\"font-size:14.0pt\">Couro ecol&oacute;gico realmente existe? Quais as alternativas<\/span><\/a><\/span><\/span><\/span><\/p>\r\n\r\n<p style=\"text-align:justify\"><span style=\"font-size:11pt\"><span style=\"line-height:normal\"><span style=\"font-family:&quot;Calibri&quot;,sans-serif\"><a href=\"https:\/\/plasticosemrevista.com.br\/demanda-interna-de-resinas-da-braskem-caiu-3-em-2022\/\" style=\"color:blue; text-decoration:underline\"><span style=\"font-size:14.0pt\">Demanda interna de resinas da Braskem caiu 3% em 2022<\/span><\/a><\/span><\/span><\/span><\/p>\r\n\r\n<p class=\"MsoTitle\" style=\"text-align:justify\"><span style=\"font-size:28pt\"><span style=\"font-family:&quot;Cambria&quot;,serif\"><span style=\"letter-spacing:-0.5pt\"><b><span style=\"font-size:18.0pt\"><span style=\"font-family:&quot;Calibri&quot;,sans-serif\"><span style=\"font-variant:small-caps\">Ind&uacute;stria<\/span><\/span><\/span><\/b><\/span><\/span><\/span><\/p>\r\n\r\n<p style=\"text-align:justify\"><span style=\"font-size:11pt\"><span style=\"line-height:normal\"><span style=\"font-family:&quot;Calibri&quot;,sans-serif\"><a href=\"https:\/\/agenciabrasil.ebc.com.br\/economia\/noticia\/2023-03\/industria-brasileira-recua-03-em-janeiro\" style=\"color:blue; text-decoration:underline\"><span style=\"font-size:14.0pt\">Ind&uacute;stria brasileira recua 0,3% em janeiro<\/span><\/a><\/span><\/span><\/span><\/p>\r\n\r\n<p style=\"text-align:justify\"><span style=\"font-size:11pt\"><span style=\"line-height:normal\"><span style=\"font-family:&quot;Calibri&quot;,sans-serif\"><a href=\"https:\/\/fiesc.com.br\/pt-br\/imprensa\/1deg-bimestre-do-ano-registra-206-mil-novos-empregos-na-industria-de-sc\" style=\"color:blue; text-decoration:underline\"><span style=\"font-size:14.0pt\">T&ecirc;xtil, confec&ccedil;&atilde;o, couro e cal&ccedil;ados e constru&ccedil;&atilde;o civil: 1&deg; bimestre do ano registra 20,6 mil novos empregos na ind&uacute;stria de SC<\/span><\/a><\/span><\/span><\/span><\/p>\r\n\r\n<p style=\"text-align:justify\"><span style=\"font-size:11pt\"><span style=\"line-height:normal\"><span style=\"font-family:&quot;Calibri&quot;,sans-serif\"><a href=\"https:\/\/plasticosemrevista.com.br\/brasil-vendas-de-veiculos-mantiveram-a-marcha-a-re-em-2022\/\" style=\"color:blue; text-decoration:underline\"><span style=\"font-size:14.0pt\">Brasil: vendas de ve&iacute;culos mantiveram a marcha &agrave; r&eacute; em 2022<\/span><\/a><\/span><\/span><\/span><\/p>\r\n\r\n<p style=\"text-align:justify\"><span style=\"font-size:11pt\"><span style=\"line-height:normal\"><span style=\"font-family:&quot;Calibri&quot;,sans-serif\"><a href=\"https:\/\/www.forbespt.com\/industria-portuguesa-do-calcado-investe-50me-para-ser-a-mais-moderna-do-mundo\/\" style=\"color:blue; text-decoration:underline\"><span style=\"font-size:14.0pt\">Ind&uacute;stria portuguesa do cal&ccedil;ado investe 50M&euro; para ser a mais moderna do mundo<\/span><\/a><\/span><\/span><\/span><\/p>\r\n\r\n<p style=\"text-align:justify\"><span style=\"font-size:11pt\"><span style=\"line-height:normal\"><span style=\"font-family:&quot;Calibri&quot;,sans-serif\"><a href=\"https:\/\/grandesconstrucoes.com.br\/Noticias\/Exibir\/sao-paulo-deve-ser-grande-foco-de-investimentos-em-infraestrutura-nos-proximos-anos\" style=\"color:blue; text-decoration:underline\"><span style=\"font-size:14.0pt\">S&atilde;o Paulo deve ser grande foco de investimentos em infraestrutura nos pr&oacute;ximos anos<\/span><\/a><\/span><\/span><\/span><\/p>\r\n\r\n<p style=\"text-align:justify\"><span style=\"font-size:11pt\"><span style=\"line-height:normal\"><span style=\"font-family:&quot;Calibri&quot;,sans-serif\"><a href=\"https:\/\/grandesconstrucoes.com.br\/Noticias\/Exibir\/integracao-no-transporte-internacional-rodoviario-abrira-portas-para-as-empresas-brasileiras-do-setor\" style=\"color:blue; text-decoration:underline\"><span style=\"font-size:14.0pt\">Integra&ccedil;&atilde;o no transporte internacional rodovi&aacute;rio abrir&aacute; portas para as empresas brasileiras do setor<\/span><\/a><\/span><\/span><\/span><\/p>\r\n\r\n<p class=\"MsoTitle\" style=\"text-align:justify\"><span style=\"font-size:28pt\"><span style=\"font-family:&quot;Cambria&quot;,serif\"><span style=\"letter-spacing:-0.5pt\"><b><span style=\"font-size:18.0pt\"><span style=\"font-family:&quot;Calibri&quot;,sans-serif\"><span style=\"font-variant:small-caps\">Sustentabilidade<\/span><\/span><\/span><\/b><\/span><\/span><\/span><\/p>\r\n\r\n<p style=\"text-align:justify\"><span style=\"font-size:11pt\"><span style=\"line-height:normal\"><span style=\"font-family:&quot;Calibri&quot;,sans-serif\"><a href=\"https:\/\/g1.globo.com\/jornal-nacional\/noticia\/2023\/03\/29\/governo-discute-mudancas-no-marco-do-saneamento-basico.ghtml\" style=\"color:blue; text-decoration:underline\"><span style=\"font-size:14.0pt\">Governo discute mudan&ccedil;as no marco do saneamento b&aacute;sico<\/span><\/a><\/span><\/span><\/span><\/p>\r\n\r\n<p style=\"text-align:justify\"><span style=\"font-size:11pt\"><span style=\"line-height:normal\"><span style=\"font-family:&quot;Calibri&quot;,sans-serif\"><a href=\"http:\/\/textileindustry.ning.com\/forum\/topics\/rastreabilidade-para-evitar-o-greenwashing\" style=\"color:blue; text-decoration:underline\"><span style=\"font-size:14.0pt\">Rastreabilidade para evitar o greenwashing<\/span><\/a><\/span><\/span><\/span><\/p>\r\n\r\n<p style=\"text-align:justify\"><span style=\"font-size:11pt\"><span style=\"line-height:normal\"><span style=\"font-family:&quot;Calibri&quot;,sans-serif\"><a href=\"https:\/\/www.portaldotransito.com.br\/noticias\/mobilidade-e-tecnologia\/mobilidade-urbana\/industria-automotiva-investe-em-sustentabilidade-com-uso-de-plastico-reciclado\/\" style=\"color:blue; text-decoration:underline\"><span style=\"font-size:14.0pt\">Ind&uacute;stria automotiva investe em sustentabilidade com uso de pl&aacute;stico reciclado<\/span><\/a><\/span><\/span><\/span><\/p>\r\n\r\n<p style=\"text-align:justify\"><span style=\"font-size:11pt\"><span style=\"line-height:normal\"><span style=\"font-family:&quot;Calibri&quot;,sans-serif\"><a href=\"https:\/\/br.financas.yahoo.com\/noticias\/lyondellbasell-e-eew-assinam-carta-120000534.html?guccounter=1&amp;guce_referrer=aHR0cHM6Ly93d3cuZ29vZ2xlLmNvbS8&amp;guce_referrer_sig=AQAAAEtwTwDxj_KwZ0QH9nBgrFumpXbXCrxNVc5v1P-srZjLzZp30dCIZFKGqc9XBWky2ZQ2v5HYdPdfeo4q9Tle-1LI76o2XzNajKG2AJ46oaBt13K-65zcqStmJ1UXfJizRuptmcnJ7HYriQzPmkZBqffNst7DUDDlem0YPiXz_kb1\" style=\"color:blue; text-decoration:underline\"><span style=\"font-size:14.0pt\">LyondellBasell e EEW assinam carta de inten&ccedil;&otilde;es para poss&iacute;vel separa&ccedil;&atilde;o avan&ccedil;ada de res&iacute;duos<\/span><\/a><\/span><\/span><\/span><\/p>\r\n\r\n<p class=\"MsoTitle\" style=\"text-align:justify\"><span style=\"font-size:28pt\"><span style=\"font-family:&quot;Cambria&quot;,serif\"><span style=\"letter-spacing:-0.5pt\"><b><span style=\"font-size:18.0pt\"><span style=\"font-family:&quot;Calibri&quot;,sans-serif\"><span style=\"font-variant:small-caps\">Inova&ccedil;&atilde;o<\/span><\/span><\/span><\/b><\/span><\/span><\/span><\/p>\r\n\r\n<p style=\"text-align:justify\"><span style=\"font-size:11pt\"><span style=\"line-height:normal\"><span style=\"font-family:&quot;Calibri&quot;,sans-serif\"><a href=\"https:\/\/gizmodo.uol.com.br\/cientistas-criam-plastico-que-nao-deriva-do-petroleo-bruto\/\" style=\"color:blue; text-decoration:underline\"><span style=\"font-size:14.0pt\">Cientistas criam pl&aacute;stico que n&atilde;o deriva do petr&oacute;leo bruto<\/span><\/a><\/span><\/span><\/span><\/p>\r\n\r\n<p style=\"text-align:justify\"><span style=\"font-size:11pt\"><span style=\"line-height:normal\"><span style=\"font-family:&quot;Calibri&quot;,sans-serif\"><a href=\"https:\/\/phys.org\/news\/2023-03-next-generation-aramid-fiber-electrical.html?utm_source=nwletter&amp;utm_medium=email&amp;utm_campaign=daily-nwletter\" style=\"color:blue; text-decoration:underline\"><span style=\"font-size:14.0pt\">Next-generation aramid fiber with electrical conductivity<\/span><\/a><\/span><\/span><\/span><\/p>\r\n\r\n<p style=\"text-align:justify\"><span style=\"font-size:11pt\"><span style=\"line-height:normal\"><span style=\"font-family:&quot;Calibri&quot;,sans-serif\"><a href=\"https:\/\/techxplore.com\/news\/2023-04-polymer-hybrid-composites-carbon-applications.html?utm_source=nwletter&amp;utm_medium=email&amp;utm_campaign=daily-nwletter\" style=\"color:blue; text-decoration:underline\"><span style=\"font-size:14.0pt\">Reinforced polymer hybrid composites for low carbon applications in the construction and automotive industries<\/span><\/a><\/span><\/span><\/span><\/p>\r\n\r\n<p style=\"text-align:justify\"><span style=\"font-size:11pt\"><span style=\"line-height:normal\"><span style=\"font-family:&quot;Calibri&quot;,sans-serif\"><a href=\"https:\/\/www.inovacaotecnologica.com.br\/noticias\/noticia.php?artigo=pele-eletronica-pele-crocodilo&amp;id=010180230327&amp;ebol=sim#.ZCsuHfbMKUk\" style=\"color:blue; text-decoration:underline\"><span style=\"font-size:14.0pt\">Uma pele eletr&ocirc;nica t&atilde;o sens&iacute;vel quanto pele de crocodilo<\/span><\/a><\/span><\/span><\/span><\/p>\r\n\r\n<p style=\"text-align:justify\"><span style=\"font-size:11pt\"><span style=\"line-height:normal\"><span style=\"font-family:&quot;Calibri&quot;,sans-serif\"><a href=\"https:\/\/www.inovacaotecnologica.com.br\/noticias\/noticia.php?artigo=bombas-formato-fios-simplificam-tecnologias-vestir&amp;id=010180230404&amp;ebol=sim#.ZCwKf_bMKUk\" style=\"color:blue; text-decoration:underline\"><span style=\"font-size:14.0pt\">Bombas sem partes m&oacute;veis simplificam tecnologias de vestir<\/span><\/a><\/span><\/span><\/span><\/p>\r\n\r\n<p style=\"text-align:justify\"><span style=\"font-size:11pt\"><span style=\"line-height:normal\"><span style=\"font-family:&quot;Calibri&quot;,sans-serif\"><a href=\"https:\/\/techxplore.com\/news\/2023-03-green-composite-material-flax-chitosan.html?utm_source=nwletter&amp;utm_medium=email&amp;utm_campaign=daily-nwletter\" style=\"color:blue; text-decoration:underline\"><span style=\"font-size:14.0pt\">Green composite material made from flax and chitosan<\/span><\/a><\/span><\/span><\/span><\/p>\r\n\r\n<p class=\"MsoTitle\" style=\"text-align:justify\"><span style=\"font-size:28pt\"><span style=\"font-family:&quot;Cambria&quot;,serif\"><span style=\"letter-spacing:-0.5pt\"><b><span style=\"font-size:18.0pt\"><span style=\"font-family:&quot;Calibri&quot;,sans-serif\"><span style=\"font-variant:small-caps\">Com&eacute;rcio Exterior<\/span><\/span><\/span><\/b><\/span><\/span><\/span><\/p>\r\n\r\n<p style=\"text-align:justify\"><span style=\"font-size:11pt\"><span style=\"line-height:normal\"><span style=\"font-family:&quot;Calibri&quot;,sans-serif\"><a href=\"https:\/\/www.comexdobrasil.com\/balanca-comercial-tem-superavit-de-us-127-bilhao-na-quarta-semana-de-marco\" style=\"color:blue; text-decoration:underline\"><span style=\"font-size:14.0pt\">Balan&ccedil;a comercial tem super&aacute;vit de US$ 1,270 bi na 4&ordf; semana de mar&ccedil;o<\/span><\/a> <\/span><\/span><\/span><\/p>\r\n\r\n<p style=\"text-align:justify\"><span style=\"font-size:11pt\"><span style=\"line-height:normal\"><span style=\"font-family:&quot;Calibri&quot;,sans-serif\"><a href=\"https:\/\/www.terra.com.br\/noticias\/brasil\/lider-do-executivo-da-ue-quer-acelerar-acordo-com-mercosul,a646e62a44058b4844f538fe38363807gqxvos1v.html\" style=\"color:blue; text-decoration:underline\"><span style=\"font-size:14.0pt\">L&iacute;der do Executivo da UE quer acelerar acordo com Mercosul<\/span><\/a><\/span><\/span><\/span><\/p>\r\n\r\n<p class=\"MsoTitle\" style=\"text-align:justify\"><span style=\"font-size:28pt\"><span style=\"font-family:&quot;Cambria&quot;,serif\"><span style=\"letter-spacing:-0.5pt\"><b><span style=\"font-size:18.0pt\"><span style=\"font-family:&quot;Calibri&quot;,sans-serif\"><span style=\"font-variant:small-caps\">Economia<\/span><\/span><\/span><\/b><\/span><\/span><\/span><\/p>\r\n\r\n<p style=\"text-align:justify\"><span style=\"font-size:11pt\"><span style=\"line-height:normal\"><span style=\"font-family:&quot;Calibri&quot;,sans-serif\"><a href=\"https:\/\/www.bcb.gov.br\/content\/focus\/focus\/R20230324.pdf\" style=\"color:blue; text-decoration:underline\"><span style=\"font-size:14.0pt\">Focus &ndash; Relat&oacute;rio de Mercado<\/span><\/a><\/span><\/span><\/span><\/p>\r\n\r\n<p style=\"text-align:justify\"><span style=\"font-size:11pt\"><span style=\"line-height:normal\"><span style=\"font-family:&quot;Calibri&quot;,sans-serif\"><a href=\"https:\/\/www.bcb.gov.br\/content\/controleinflacao\/focusdistribuicoesfrequencia\/P20230403-Focus-Distribuicoes-de-frequencia.pdf\" style=\"color:blue; text-decoration:underline\"><span style=\"font-size:14.0pt\">Focus &ndash; Distribui&ccedil;&otilde;es de Frequ&ecirc;ncia das Expectativas de Mercado para IPCA, Selic, PIB e C&acirc;mbio<\/span><\/a><\/span><\/span><\/span><\/p>\r\n\r\n<p style=\"text-align:justify\"><span style=\"font-size:11pt\"><span style=\"line-height:normal\"><span style=\"font-family:&quot;Calibri&quot;,sans-serif\"><a href=\"https:\/\/observador.pt\/2023\/03\/27\/banco-mundial-preve-que-crescimento-mundial-abrande-para-22-ate-2030\/\" style=\"color:blue; text-decoration:underline\"><span style=\"font-size:14.0pt\">Banco Mundial prev&ecirc; que crescimento mundial abrande para 2,2% at&eacute; 2030<\/span><\/a><\/span><\/span><\/span><\/p>\r\n\r\n<p style=\"text-align:justify\"><span style=\"font-size:11pt\"><span style=\"line-height:normal\"><span style=\"font-family:&quot;Calibri&quot;,sans-serif\"><a href=\"https:\/\/flagships.iadb.org\/pt\/MacroReport2023\/preparar-o-terreno-macroeconomico-para-um-crescimento-renovado?j=832335&amp;sfmc_sub=194913938&amp;l=295_HTML&amp;u=15581793&amp;mid=100028582&amp;jb=2\" style=\"color:blue; text-decoration:underline\"><span style=\"font-size:14.0pt\">BID | Relat&oacute;rio macroecon&ocirc;mico da Am&eacute;rica Latina e Caribe 2023<\/span><\/a><\/span><\/span><\/span><\/p>\r\n\r\n<p style=\"text-align:justify\"><span style=\"font-size:11pt\"><span style=\"line-height:normal\"><span style=\"font-family:&quot;Calibri&quot;,sans-serif\"><a href=\"https:\/\/portalibre.fgv.br\/noticias\/incerteza-da-economia-alcanca-maior-nivel-desde-julho-de-2022\" style=\"color:blue; text-decoration:underline\"><span style=\"font-size:14.0pt\">Incerteza da Economia alcan&ccedil;a maior n&iacute;vel desde julho de 2022<\/span><\/a><\/span><\/span><\/span><\/p>\r\n\r\n<p style=\"text-align:justify\"><span style=\"font-size:11pt\"><span style=\"line-height:normal\"><span style=\"font-family:&quot;Calibri&quot;,sans-serif\"><a href=\"https:\/\/portalibre.fgv.br\/noticias\/confianca-empresarial-sobe-22-pontos-em-marco\" style=\"color:blue; text-decoration:underline\"><span style=\"font-size:14.0pt\">Confian&ccedil;a Empresarial sobe 2,2 pontos em mar&ccedil;o<\/span><\/a><\/span><\/span><\/span><\/p>\r\n\r\n<p style=\"text-align:justify\"><span style=\"font-size:11pt\"><span style=\"line-height:normal\"><span style=\"font-family:&quot;Calibri&quot;,sans-serif\"><a href=\"https:\/\/noticias.portaldaindustria.com.br\/noticias\/economia\/confianca-oscila-entre-os-setores-industriais-avalia-cni\/\" style=\"color:blue; text-decoration:underline\"><span style=\"font-size:14.0pt\">Confian&ccedil;a oscila entre os setores industriais, avalia CNI<\/span><\/a><\/span><\/span><\/span><\/p>\r\n\r\n<p style=\"text-align:justify\"><span style=\"font-size:11pt\"><span style=\"line-height:normal\"><span style=\"font-family:&quot;Calibri&quot;,sans-serif\"><a href=\"https:\/\/grandesconstrucoes.com.br\/Noticias\/Exibir\/indice-de-confianca-da-construcao-cai-03-ponto-no-pais\" style=\"color:blue; text-decoration:underline\"><span style=\"font-size:14.0pt\">&Iacute;ndice de Confian&ccedil;a da Constru&ccedil;&atilde;o cai 0,3 ponto no pa&iacute;s<\/span><\/a><\/span><\/span><\/span><\/p>\r\n\r\n<p style=\"text-align:justify\"><span style=\"font-size:11pt\"><span style=\"line-height:normal\"><span style=\"font-family:&quot;Calibri&quot;,sans-serif\"><a href=\"https:\/\/agenciadenoticias.ibge.gov.br\/agencia-sala-de-imprensa\/2013-agencia-de-noticias\/releases\/36562-pnad-continua-taxa-de-desocupacao-e-de-8-6-e-taxa-de-subutilizacao-e-de-18-8-no-trimestre-encerrado-em-fevereiro\" style=\"color:blue; text-decoration:underline\"><span style=\"font-size:14.0pt\">PNAD Cont&iacute;nua: taxa de desocupa&ccedil;&atilde;o &eacute; de 8,6% e taxa de subutiliza&ccedil;&atilde;o &eacute; de 18,8% no trimestre encerrado em fevereiro<\/span><\/a><\/span><\/span><\/span><\/p>\r\n","texto_en":"","7":"","imagem":"COMP_banner-padrao-home-destaques-boletim-2023_202304061448311CvKL6F0CX.jpeg","8":"COMP_banner-padrao-home-destaques-boletim-2023_202304061448311CvKL6F0CX.jpeg","arquivo":"20230404-NOTICIAS-SEMANAIS.PDF","9":"20230404-NOTICIAS-SEMANAIS.PDF","titulo_arquivo":"","10":"","titulo_arquivo_en":"","11":"","created_at":"2023-04-06 14:48:39","12":"2023-04-06 14:48:39","updated_at":"2023-04-06 14:48:39","13":"2023-04-06 14:48:39"},{"id":58,"0":58,"ordem":165,"1":165,"data":"2023-03-28","2":"2023-03-28","slug":"boletim-de-noticias-semanais-55","3":"boletim-de-noticias-semanais-55","titulo":"Boletim de Not\u00edcias Semanais","4":"Boletim de Not\u00edcias Semanais","titulo_en":"","5":"","texto":"<p style=\"text-align:justify\"><span style=\"font-size:11pt\"><span style=\"line-height:normal\"><span style=\"font-family:&quot;Calibri&quot;,sans-serif\"><span style=\"font-size:14.0pt\">Esta &eacute; uma compila&ccedil;&atilde;o das not&iacute;cias mais relevantes para o setor, incluindo informa&ccedil;&otilde;es sobre acordos internacionais, economia brasileira, sustentabilidade e mat&eacute;rias primas, al&eacute;m de novidades do setor de N&atilde;otecidos e Tecidos T&eacute;cnicos.<\/span><\/span><\/span><\/span><\/p>\r\n\r\n<p><b><span style=\"font-size:18.0pt\"><span style=\"line-height:115%\"><span style=\"font-family:&quot;Calibri&quot;,sans-serif\"><span style=\"font-variant:small-caps\">A&ccedil;&otilde;es da ABINT<\/span><\/span><\/span><\/span><\/b><\/p>\r\n\r\n<p><b><span style=\"font-size:18.0pt\"><span style=\"line-height:115%\"><span style=\"font-family:&quot;Calibri&quot;,sans-serif\"><span style=\"font-variant:small-caps\"><img src=\"https:\/\/www.abint.org.br\/assets\/img\/editor\/20230403-live-ctg-instagram-cristina_20230328113259wejeo94CAf.jpeg\" style=\"width: 500px; height: 500px;\" \/><\/span><\/span><\/span><\/span><\/b><\/p>\r\n\r\n<p>O <strong>CTG Entrevista receber&aacute; a Engenheira Civil Cristina Schmidt<\/strong>, mestre em Mec&acirc;nica dos Solos e Funda&ccedil;&otilde;es pela Poli\/USP. Com uma experi&ecirc;ncia de 25 anos em projetos e consultoria geot&eacute;cnica, atua desde 2008 na Huesker, onde atualmente &eacute; Gerente de Engenharia. Anote na agenda! <strong>03\/04, &agrave;s 19hs, em nosso Instagram: <span style=\"font-size:11.0pt\"><span style=\"line-height:115%\"><span style=\"font-family:&quot;Calibri&quot;,sans-serif\"><a href=\"https:\/\/www.instagram.com\/ctg_abint\/\" style=\"color:blue; text-decoration:underline\"><span style=\"font-size:12.0pt\"><span style=\"line-height:115%\">https:\/\/www.instagram.com\/ctg_abint\/<\/span><\/span><\/a><\/span><\/span><\/span><\/strong><\/p>\r\n\r\n<p>&nbsp;<\/p>\r\n\r\n<p style=\"text-align:justify\"><strong><span style=\"font-size:11.0pt\"><span style=\"line-height:115%\"><span style=\"font-family:&quot;Calibri&quot;,sans-serif\"><span style=\"font-size:12.0pt\"><span style=\"line-height:115%\"><img src=\"https:\/\/www.abint.org.br\/assets\/img\/editor\/ctg-patrocinador-regeo-2023_20230328113441TRI6kAXuDT.jpeg\" style=\"width: 500px; height: 500px;\" \/><\/span><\/span><\/span><\/span><\/span><\/strong><\/p>\r\n\r\n<p><span style=\"font-size:11.0pt\"><span style=\"line-height:normal\"><span style=\"font-family:&quot;Calibri&quot;,sans-serif\"><b><span style=\"font-size:14.0pt\"><span style=\"font-variant:small-caps\">O CTG ABINT <\/span><\/span><\/b><b><span style=\"font-size:14.0pt\">marcar&aacute; presen&ccedil;a<\/span><\/b><span style=\"font-size:14.0pt\"> nos eventos <b>X Congresso Brasileiro de Geotecnia Ambiental &amp; IX Congresso Brasileiro de Geossint&eacute;ticos - REGEO&rsquo;23 &amp; Geossint&eacute;ticos&rsquo;23<\/b>, que ocorrer&atilde;o de 18 a 21 de julho de 2023, Centro Universit&aacute;rio Jorge Amado &ndash; UNIJORGE, Salvador, BA.<\/span><\/span><\/span><span style=\"line-height:115%\"><span style=\"font-family:&quot;Calibri&quot;,sans-serif\"><a href=\"https:\/\/regeogeossinteticos23.com.br\/\" style=\"color:blue; text-decoration:underline\"><span style=\"font-size:14.0pt\"><span style=\"line-height:115%\">Mais informa&ccedil;&otilde;es e inscri&ccedil;&otilde;es<\/span><\/span><\/a><\/span><\/span><\/span><\/p>\r\n\r\n<p>&nbsp;<\/p>\r\n\r\n<p><span style=\"font-size:11.0pt\"><span style=\"line-height:115%\"><span style=\"font-family:&quot;Calibri&quot;,sans-serif\"><span style=\"font-size:14.0pt\"><span style=\"line-height:115%\"><img src=\"https:\/\/www.abint.org.br\/assets\/img\/editor\/minicurso-fernando-regeo-2023_202303281136497bWNapqDaz.jpeg\" style=\"width: 500px; height: 500px;\" \/><\/span><\/span><\/span><\/span><\/span><\/p>\r\n\r\n<p><span style=\"font-size:28pt\"><span style=\"font-family:&quot;Cambria&quot;,serif\"><span style=\"letter-spacing:-0.5pt\"><b><span style=\"font-size:14.0pt\"><span style=\"font-family:&quot;Calibri&quot;,sans-serif\"><span style=\"letter-spacing:0pt\">O Eng. Fernando Lavoie, Coordenador do CTG ABINT<\/span><\/span><\/span><\/b><span style=\"font-size:14.0pt\"><span style=\"font-family:&quot;Calibri&quot;,sans-serif\"><span style=\"letter-spacing:0pt\">, ministrar&aacute; <b>Minicurso<\/b> durante o <b>Regeo&rsquo;23 &amp; Geossint&eacute;ticos&rsquo;23<\/b>. <\/span><\/span><\/span><\/span><\/span><\/span><span style=\"font-size:11.0pt\"><span style=\"line-height:115%\"><span style=\"font-family:&quot;Calibri&quot;,sans-serif\"><a href=\"https:\/\/regeogeossinteticos23.com.br\/inscricoes\/\" style=\"color:blue; text-decoration:underline\"><span style=\"font-size:14.0pt\"><span style=\"line-height:115%\">Inscreva-se!<\/span><\/span><\/a><\/span><\/span><\/span><\/p>\r\n\r\n<p><span style=\"font-size:11.0pt\"><span style=\"line-height:115%\"><span style=\"font-family:&quot;Calibri&quot;,sans-serif\"><span style=\"font-size:14.0pt\"><span style=\"line-height:115%\"><img src=\"https:\/\/www.abint.org.br\/assets\/img\/editor\/itma-2023-abint-english-417x250_20230328114250Q8v9mQZZzX.jpg\" \/><\/span><\/span><\/span><\/span><\/span><\/p>\r\n\r\n<p style=\"text-align:justify\"><span style=\"font-size:11pt\"><span style=\"line-height:normal\"><span style=\"font-family:&quot;Calibri&quot;,sans-serif\"><b><span style=\"font-size:14.0pt\">A ABINT apoia a ITMA 2023<\/span><\/b><\/span><\/span><\/span><\/p>\r\n\r\n<p style=\"text-align:justify\"><span style=\"font-size:11pt\"><span style=\"line-height:normal\"><span style=\"font-family:&quot;Calibri&quot;,sans-serif\"><span style=\"font-size:14.0pt\">A 19&ordf; edi&ccedil;&atilde;o da maior exposi&ccedil;&atilde;o internacional de tecnologia t&ecirc;xtil e de vestu&aacute;rio do mundo acontecer&aacute; em Mil&atilde;o, It&aacute;lia, de 08 a 14 de junho de 2023. <\/span><a href=\"https:\/\/itma.com\/\" style=\"color:blue; text-decoration:underline\"><span style=\"font-size:14.0pt\">Informa&ccedil;&otilde;es<\/span><\/a><\/span><\/span><\/span><\/p>\r\n\r\n<p style=\"text-align:justify\">&nbsp;<\/p>\r\n\r\n<p style=\"text-align:justify\"><span style=\"font-size:11pt\"><span style=\"line-height:normal\"><span style=\"font-family:&quot;Calibri&quot;,sans-serif\"><b><span style=\"font-size:18.0pt\"><span style=\"font-variant:small-caps\">Eventos<\/span><\/span><\/b><\/span><\/span><\/span><\/p>\r\n\r\n<p style=\"text-align:justify\"><span style=\"font-size:11pt\"><span style=\"line-height:normal\"><span style=\"font-family:&quot;Calibri&quot;,sans-serif\"><b><span style=\"font-size:14.0pt\">Pl&aacute;stico Brasil &ndash; Feira Internacional do Pl&aacute;stico<\/span><\/b><span style=\"font-size:14.0pt\">, 27 a 31 de mar&ccedil;o de 2023, S&atilde;o Paulo Expo. <\/span><a href=\"https:\/\/www.plasticobrasil.com.br\/pt\/home.html\" style=\"color:blue; text-decoration:underline\"><span style=\"font-size:14.0pt\">Informa&ccedil;&otilde;es<\/span><\/a><\/span><\/span><\/span><\/p>\r\n\r\n<p style=\"text-align:justify\"><span style=\"font-size:11pt\"><span style=\"line-height:normal\"><span style=\"font-family:&quot;Calibri&quot;,sans-serif\"><b><span style=\"font-size:14.0pt\">ANAHP | Observat&oacute;rio 2023<\/span><\/b><span style=\"font-size:14.0pt\">, 30 de mar&ccedil;o de 2023, &agrave;s 18h00, transmiss&atilde;o ao vivo pelo site da Anahp. <\/span><a href=\"https:\/\/conteudo.anahp.com.br\/observatorio-2023?utm_campaign=observatorio_-_participantes&amp;utm_medium=email&amp;utm_source=RD+Station\" style=\"color:blue; text-decoration:underline\"><span style=\"font-size:14.0pt\">Informa&ccedil;&otilde;es<\/span><\/a> <\/span><\/span><\/span><\/p>\r\n\r\n<p style=\"text-align:justify\"><span style=\"font-size:11pt\"><span style=\"line-height:normal\"><span style=\"font-family:&quot;Calibri&quot;,sans-serif\"><b><span style=\"font-size:14.0pt\">FGV-IBRE | &quot;Progressividade tribut&aacute;ria e crescimento econ&ocirc;mico&rdquo;<\/span><\/b><span style=\"font-size:14.0pt\">, 30 de mar&ccedil;o de 2023, 10h00 &agrave;s 11h30, evento presencial<\/span><span class=\"MsoHyperlink\" style=\"color:blue\"><span style=\"text-decoration:underline\"><span style=\"font-size:14.0pt\"><span style=\"text-decoration:none\"><span style=\"text-underline:none\">. <\/span><\/span><\/span><\/span><\/span><a href=\"http:\/\/clickb.e2b.fgv.br\/Redir?50c2eb9b5af80abffcb85520bed355f5&amp;74c414f72bf92cdd222e3eed1ce8d567\" style=\"color:blue; text-decoration:underline\"><span style=\"font-size:14.0pt\">Informa&ccedil;&otilde;es<\/span><\/a> <\/span><\/span><\/span><\/p>\r\n\r\n<p style=\"text-align:justify\"><span style=\"font-size:11pt\"><span style=\"line-height:normal\"><span style=\"font-family:&quot;Calibri&quot;,sans-serif\"><b><span style=\"font-size:14.0pt\">SEBRAE\/ CNI | 8&ordm; Pr&ecirc;mio Nacional de Inova&ccedil;&atilde;o<\/span><\/b><span class=\"MsoHyperlink\" style=\"color:blue\"><span style=\"text-decoration:underline\"><span style=\"font-size:14.0pt\"><span style=\"text-decoration:none\"><span style=\"text-underline:none\">, <\/span><\/span><\/span><\/span><\/span><a href=\"http:\/\/clickemail.certi.org.br\/ls\/click?upn=qf3LyHpl8LeVYtNekkUOHz5Tw-2BYm-2B5wj-2B4B8dGVycnZ3Qry-2B1cN06SmEFsy4JbkKM5iuOGCWlMVru8GFUX8Y-2FytJyfuaJy70PKSSxrMofN1k86c8aNhmZ02nxvM26F-2FVX3aVc8vK9kQXoxSC687Bd0wN0xsExvz7XzPJWt0X3I7at9JnqZlhiCJbX4BsH7XSvear_tqHjg6cfaRSg1CBjD1fvQItTx-2FVk7mZ1cKimmosIzOflDgoI1YEzwT-2B-2FSs4P-2Fhr5dj2N4HBE5-2BMuWW3L5EhzRXHFsK0ghaoEfXZnJcVJvrg5O83r6kAbQaM3GUta6dqR1vb-2F8OTIA1ZZ9CzGwGHVIMYHIOA4L-2Fhxzu3UV68cFWHbtL6815THAuLMlLgmjwicfWn-2BiRwj1RFWn2oQbvdZCvF2XdMjCSbgIHNaT0wT5pohaYB3dkzcKAIzUkB5eBhelpEK6yEUf1iu5gx-2FuAK-2F1aohVNAyqnkNv4YSTXHJ563abUgOP6pbReciPn052-2FWqocPTgLDJbJyYFUbVulRuaPSlVsV02B24TaNRsg34v7q-2BzAqKMBbFAVRw7LGeovyWCWJp2RlbX3YqUWAM2NSnn94mKwTAeAy-2B3oIXH-2FmoRv14rVgp36eslkQRM-2BlncdU3aEXJeE-2FIotzMaYApAcgCGvkejz2jKIv9ba-2FFLDlZGdmsDx8tThkA3zYAaewA2jWt7JP3aSDhtEgHRBHusm3uxdv0VBYHvZz-2BWdPLZ-2FToZ8TYnz2MUpbFYmVOnytf-2BkVbnsVv0Zz1-2BjAIzMcTsId-2FDbO7lNTSSfcOzr-2B4w4BT7BV8ljX3xvhBOQEFvv3igrUxRsfTQJNaByZybRfy4cLRGyL0HrxsQAQNHbuvyj2kcZk-3D\" style=\"color:blue; text-decoration:underline\"><span style=\"font-size:14.0pt\">INSCREVA-SE<\/span><\/a> <span style=\"font-size:14.0pt\">at&eacute; 31 de mar&ccedil;o de 2023<\/span><\/span><\/span><\/span><\/p>\r\n\r\n<p style=\"text-align:justify\"><span style=\"font-size:11pt\"><span style=\"line-height:normal\"><span style=\"font-family:&quot;Calibri&quot;,sans-serif\"><b><span style=\"font-size:14.0pt\">NasceCME | Dia Internacional da Ci&ecirc;ncia da Esteriliza&ccedil;&atilde;o &ndash; Equipes t&eacute;cnicas qualificadas e as interfaces com processos e pr&aacute;ticas seguras<\/span><\/b><span style=\"font-size:14.0pt\">, 14 e 15 de abril de 2023, Golden Tulip, S&atilde;o Jos&eacute; dos Campos<\/span><span class=\"MsoHyperlink\" style=\"color:blue\"><span style=\"text-decoration:underline\"><span style=\"font-size:14.0pt\"><span style=\"text-decoration:none\"><span style=\"text-underline:none\">. <\/span><\/span><\/span><\/span><\/span><a href=\"https:\/\/www.sympla.com.br\/evento\/dia-internacional-da-ciencia-da-esterilizacao\/1866685?_gl=1*103ko68*_ga*MTk0NjU1Njc3Ni4xNjc1MTc5Mzkz*_ga_KXH10SQTZF*MTY3NTg3MzM2NS45LjEuMTY3NTg3MzQ0My4wLjAuMA..\" style=\"color:blue; text-decoration:underline\"><span style=\"font-size:14.0pt\">Informa&ccedil;&otilde;es<\/span><\/a> <\/span><\/span><\/span><\/p>\r\n\r\n<p style=\"text-align:justify\"><span style=\"font-size:11pt\"><span style=\"line-height:normal\"><span style=\"font-family:&quot;Calibri&quot;,sans-serif\"><b><span style=\"font-size:14.0pt\">INDEX 2023<\/span><\/b><span style=\"font-size:14.0pt\">, 18 a 21 de abril, Palexpo, Genebra, Su&iacute;&ccedil;a<b>.<\/b><\/span> <a href=\"https:\/\/www.indexnonwovens.com\/en\/\" style=\"color:blue; text-decoration:underline\"><span style=\"font-size:14.0pt\">Informa&ccedil;&otilde;es<\/span><\/a><\/span><\/span><\/span><\/p>\r\n\r\n<p style=\"text-align:justify\"><span style=\"font-size:11pt\"><span style=\"line-height:normal\"><span style=\"font-family:&quot;Calibri&quot;,sans-serif\"><b><span style=\"font-size:14.0pt\">Instituto Inova Cidade | Transi&ccedil;&atilde;o para nova Lei de Licita&ccedil;&otilde;es - 4a edi&ccedil;&atilde;o<\/span><\/b><span style=\"font-size:14.0pt\">, 24 de abril de 2023, 09h00 &agrave;s 16h00.<\/span> <a href=\"https:\/\/institutoinovacidades.com.br\/cursos\/60\/transicao-para-nova-lei-de-licitacoes\" style=\"color:blue; text-decoration:underline\"><span style=\"font-size:14.0pt\">Informa&ccedil;&otilde;es<\/span><\/a><\/span><\/span><\/span><\/p>\r\n\r\n<p style=\"text-align:justify\"><span style=\"font-size:11pt\"><span style=\"line-height:normal\"><span style=\"font-family:&quot;Calibri&quot;,sans-serif\"><b><span style=\"font-size:14.0pt\">Bioplastics Brazil 2023 - Congresso cient&iacute;fico internacional sobre biopl&aacute;sticos<\/span><\/b><span class=\"MsoHyperlink\" style=\"color:blue\"><span style=\"text-decoration:underline\"><span style=\"font-size:14.0pt\"><span style=\"text-decoration:none\"><span style=\"text-underline:none\">, <\/span><\/span><\/span><\/span><\/span><span style=\"font-size:14.0pt\">26 e 27 Abril de 2023, Audit&oacute;rio da ABIMAQ<\/span><span class=\"MsoHyperlink\" style=\"color:blue\"><span style=\"text-decoration:underline\"><span style=\"font-size:14.0pt\"><span style=\"text-decoration:none\"><span style=\"text-underline:none\">. <\/span><\/span><\/span><\/span><\/span><a href=\"https:\/\/www.bioplasticsbrazil.com\/\" style=\"color:blue; text-decoration:underline\"><span style=\"font-size:14.0pt\">Informa&ccedil;&otilde;es<\/span><\/a> <\/span><\/span><\/span><\/p>\r\n\r\n<p style=\"text-align:justify\"><span style=\"font-size:11pt\"><span style=\"line-height:normal\"><span style=\"font-family:&quot;Calibri&quot;,sans-serif\"><b><span style=\"font-size:14.0pt\">BIOTEXFUTURE Spring Forum<\/span><\/b><span class=\"MsoHyperlink\" style=\"color:blue\"><span style=\"text-decoration:underline\"><span style=\"font-size:14.0pt\"><span style=\"text-decoration:none\"><span style=\"text-underline:none\">, <\/span><\/span><\/span><\/span><\/span><span style=\"font-size:14.0pt\">3rd May 2023, Aachen, Germany<\/span><span class=\"MsoHyperlink\" style=\"color:blue\"><span style=\"text-decoration:underline\"><span style=\"font-size:14.0pt\"><span style=\"text-decoration:none\"><span style=\"text-underline:none\">. <\/span><\/span><\/span><\/span><\/span><a href=\"https:\/\/campusforum.rwth-campus.com\/en\/events\/event\/?event_id=230224-41332-DG-99998:41332\" style=\"color:blue; text-decoration:underline\"><span style=\"font-size:14.0pt\">Informa&ccedil;&otilde;es<\/span><\/a> <\/span><\/span><\/span><\/p>\r\n\r\n<p style=\"text-align:justify\"><span style=\"font-size:11pt\"><span style=\"line-height:normal\"><span style=\"font-family:&quot;Calibri&quot;,sans-serif\"><b><span style=\"font-size:14.0pt\">SENAI CETIQT | Programa de Desenvolvimento Setorial T&ecirc;xtil<\/span><\/b><span style=\"font-size:14.0pt\">, acesse <\/span><a href=\"https:\/\/materiais.senaicetiqt.com\/lp_programa-de-desenvolvimento-setorial?utm_campaign=senai_cetiqt_e_abit__pds_textil__2_envio&amp;utm_medium=email&amp;utm_source=RD+Station\" style=\"color:blue; text-decoration:underline\"><span style=\"font-size:14.0pt\">aqui<\/span><\/a><span style=\"font-size:14.0pt\"> para mais informa&ccedil;&otilde;es<\/span><\/span><\/span><\/span><\/p>\r\n\r\n<p style=\"text-align:justify\"><span style=\"font-size:11pt\"><span style=\"line-height:normal\"><span style=\"font-family:&quot;Calibri&quot;,sans-serif\"><b><span style=\"font-size:14.0pt\">SENAI-SP | Jornada da Transforma&ccedil;&atilde;o Digital<\/span><\/b><span style=\"font-size:14.0pt\">, clique <\/span><a href=\"https:\/\/jornadadigital-cadastro.sp.senai.br\/tenho-interesse?utm_source=emkt&amp;utm_medium=emkt&amp;utm_campaign=jornada+de+transformacao+digital+tenho+interesse&amp;utm_id=jornada+de+transformacao+digital+tenho+interesse&amp;\" style=\"color:blue; text-decoration:underline\"><span style=\"font-size:14.0pt\">aqui<\/span><\/a><span style=\"font-size:14.0pt\"> para mais detalhes<\/span><\/span><\/span><\/span><\/p>\r\n\r\n<p style=\"text-align:justify\"><span style=\"font-size:11pt\"><span style=\"line-height:normal\"><span style=\"font-family:&quot;Calibri&quot;,sans-serif\"><a href=\"https:\/\/www.magnetmail.net\/actions\/email_web_version.cfm?ep=nY1qAgSybIYAtXkUlomjGTvozlxP9uwHcN55F0MkytH2RClGE8usJiNt1Arjq6T9h3o4FMnFZvw194A5gVh0cidsrPTck3kKnIiEDOLIT1krQCou4boq3j9g-8jm_6Vc\" style=\"color:blue; text-decoration:underline\"><span style=\"font-size:14.0pt\">INDA | 2023 Calendar of Events<\/span><\/a><\/span><\/span><\/span><\/p>\r\n\r\n<p class=\"MsoTitle\" style=\"text-align:justify\"><span style=\"font-size:28pt\"><span style=\"font-family:&quot;Cambria&quot;,serif\"><span style=\"letter-spacing:-0.5pt\"><b><span style=\"font-size:18.0pt\"><span style=\"font-family:&quot;Calibri&quot;,sans-serif\"><span style=\"font-variant:small-caps\">Setor<\/span><\/span><\/span><\/b><\/span><\/span><\/span><\/p>\r\n\r\n<p style=\"text-align:justify\"><span style=\"font-size:11pt\"><span style=\"line-height:normal\"><span style=\"font-family:&quot;Calibri&quot;,sans-serif\"><a href=\"https:\/\/plasticosemrevista.com.br\/aumenta-o-consumo-global-de-plasticos-de-uso-unico\/\" style=\"color:blue; text-decoration:underline\"><span style=\"font-size:14.0pt\">Aumenta o consumo global de pl&aacute;sticos de uso &uacute;nico<\/span><\/a><\/span><\/span><\/span><\/p>\r\n\r\n<p style=\"text-align:justify\"><span style=\"font-size:11pt\"><span style=\"line-height:normal\"><span style=\"font-family:&quot;Calibri&quot;,sans-serif\"><a href=\"https:\/\/www.textiletechnology.net\/nonwovens\/news\/smithers-future-of-meltblown-nonwovens-markets-to-2028-33710?utm_source=%2Fmeta%2Fnewsletter%2Fnewsletter&amp;utm_medium=newsletter&amp;utm_campaign=nl1189&amp;utm_term=0801b20e08c3242125d512808cd74302\" style=\"color:blue; text-decoration:underline\"><span style=\"font-size:14.0pt\">Future of meltblown nonwovens markets to 2028<\/span><\/a><\/span><\/span><\/span><\/p>\r\n\r\n<p style=\"text-align:justify\"><span style=\"font-size:11pt\"><span style=\"line-height:normal\"><span style=\"font-family:&quot;Calibri&quot;,sans-serif\"><a href=\"https:\/\/www.indexnonwovens.com\/en\/news\/no-boundaries-for-nonwovens-innovation-1499?utm_campaign=INDEX%20%7C%20Newsletter%20number%20one%20March%20%7C%20March%202023&amp;utm_medium=email&amp;utm_source=Mailjet\" style=\"color:blue; text-decoration:underline\"><span style=\"font-size:14.0pt\">No boundaries for nonwovens innovation<\/span><\/a><\/span><\/span><\/span><\/p>\r\n\r\n<p style=\"text-align:justify\"><span style=\"font-size:11pt\"><span style=\"line-height:normal\"><span style=\"font-family:&quot;Calibri&quot;,sans-serif\"><a href=\"https:\/\/www.innovationintextiles.com\/technology-machinery-equipment\/shaping-the-future-with-acimit\/\" style=\"color:blue; text-decoration:underline\"><span style=\"font-size:14.0pt\">Shaping the future with ACIMIT<\/span><\/a><\/span><\/span><\/span><\/p>\r\n\r\n<p style=\"text-align:justify\"><span style=\"font-size:11pt\"><span style=\"line-height:normal\"><span style=\"font-family:&quot;Calibri&quot;,sans-serif\"><a href=\"https:\/\/www.indexnonwovens.com\/en\/news\/energy-remains-a-top-priority-1500?utm_campaign=INDEX%20%7C%20Newsletter%20number%20one%20March%20%7C%20March%202023&amp;utm_medium=email&amp;utm_source=Mailjet\" style=\"color:blue; text-decoration:underline\"><span style=\"font-size:14.0pt\">Energy remains a top priority<\/span><\/a><\/span><\/span><\/span><\/p>\r\n\r\n<p style=\"text-align:justify\"><span style=\"font-size:11pt\"><span style=\"line-height:normal\"><span style=\"font-family:&quot;Calibri&quot;,sans-serif\"><a href=\"https:\/\/www.textiletechnology.net\/technical-textiles\/news\/freudenberg-pm-next-generation-sustainable-carpet-backings-33733?utm_source=%2Fmeta%2Fnewsletter%2Fnewsletter&amp;utm_medium=newsletter&amp;utm_campaign=nl1190&amp;utm_term=0801b20e08c3242125d512808cd74302\" style=\"color:blue; text-decoration:underline\"><span style=\"font-size:14.0pt\">Freudenberg PM | Next generation sustainable carpet backings<\/span><\/a><\/span><\/span><\/span><\/p>\r\n\r\n<p style=\"text-align:justify\"><span style=\"font-size:11pt\"><span style=\"line-height:normal\"><span style=\"font-family:&quot;Calibri&quot;,sans-serif\"><a href=\"https:\/\/www.portaldenoticias.com.br\/noticia\/27487\/ampliacao-da-unidade-de-plastico-verde-em-triunfo-entra-na-reta-final.html\" style=\"color:blue; text-decoration:underline\"><span style=\"font-size:14.0pt\">Braskem: amplia&ccedil;&atilde;o da unidade de pl&aacute;stico verde em Triunfo entra na reta final<\/span><\/a><\/span><\/span><\/span><\/p>\r\n\r\n<p class=\"MsoTitle\" style=\"text-align:justify\"><span style=\"font-size:28pt\"><span style=\"font-family:&quot;Cambria&quot;,serif\"><span style=\"letter-spacing:-0.5pt\"><b><span style=\"font-size:18.0pt\"><span style=\"font-family:&quot;Calibri&quot;,sans-serif\"><span style=\"font-variant:small-caps\">Ind&uacute;stria<\/span><\/span><\/span><\/b><\/span><\/span><\/span><\/p>\r\n\r\n<p style=\"text-align:justify\"><span style=\"font-size:11pt\"><span style=\"line-height:normal\"><span style=\"font-family:&quot;Calibri&quot;,sans-serif\"><a href=\"https:\/\/www.cnnbrasil.com.br\/economia\/presidente-da-anfavea-diz-nao-acreditar-em-demissoes-em-massa-no-setor-automobilistico\/\" style=\"color:blue; text-decoration:underline\"><span style=\"font-size:14.0pt\">Presidente da Anfavea diz n&atilde;o acreditar em demiss&otilde;es em massa no setor automobil&iacute;stico<\/span><\/a><\/span><\/span><\/span><\/p>\r\n\r\n<p style=\"text-align:justify\"><span style=\"font-size:11pt\"><span style=\"line-height:normal\"><span style=\"font-family:&quot;Calibri&quot;,sans-serif\"><a href=\"https:\/\/exclusivo.com.br\/_conteudo\/negocios\/2023\/03\/21\/industria-de-transformacao-e-um-dos-setores-que-mais-demandam-credito-no-rs.html\" style=\"color:blue; text-decoration:underline\"><span style=\"font-size:14.0pt\">Industria de transforma&ccedil;&atilde;o &eacute; um dos setores que mais demandam cr&eacute;dito no RS<\/span><\/a><\/span><\/span><\/span><\/p>\r\n\r\n<p style=\"text-align:justify\"><span style=\"font-size:11pt\"><span style=\"line-height:normal\"><span style=\"font-family:&quot;Calibri&quot;,sans-serif\"><a href=\"https:\/\/guaiba.com.br\/2023\/03\/21\/feiras-internacionais-do-trimestre-devem-gerar-us-74-milhoes-diz-abicalcados\/\" style=\"color:blue; text-decoration:underline\"><span style=\"font-size:14.0pt\">Feiras internacionais do trimestre devem gerar US$ 74 milh&otilde;es, diz Abical&ccedil;ados<\/span><\/a><\/span><\/span><\/span><\/p>\r\n\r\n<p style=\"text-align:justify\"><span style=\"font-size:11pt\"><span style=\"line-height:normal\"><span style=\"font-family:&quot;Calibri&quot;,sans-serif\"><a href=\"https:\/\/www.meiofiltrante.com.br\/Noticia\/111749\/vendas-de-veiculos-em-todo-o-planeta-cresceram-11-em-fevereiro-\" style=\"color:blue; text-decoration:underline\"><span style=\"font-size:14.0pt\">Vendas de ve&iacute;culos em todo o planeta cresceram 11% em fevereiro<\/span><\/a><\/span><\/span><\/span><\/p>\r\n\r\n<p style=\"text-align:justify\"><span style=\"font-size:11pt\"><span style=\"line-height:normal\"><span style=\"font-family:&quot;Calibri&quot;,sans-serif\"><a href=\"https:\/\/www.fiesp.com.br\/noticias\/reindustrializacao-inova-apresenta-oportunidade-para-a-transformacao-das-empresas\/\" style=\"color:blue; text-decoration:underline\"><span style=\"font-size:14.0pt\">Reindustrializa&ccedil;&atilde;o: Inova+ apresenta oportunidade para a transforma&ccedil;&atilde;o das empresas<\/span><\/a><\/span><\/span><\/span><\/p>\r\n\r\n<p class=\"MsoTitle\" style=\"text-align:justify\"><span style=\"font-size:28pt\"><span style=\"font-family:&quot;Cambria&quot;,serif\"><span style=\"letter-spacing:-0.5pt\"><b><span style=\"font-size:18.0pt\"><span style=\"font-family:&quot;Calibri&quot;,sans-serif\"><span style=\"font-variant:small-caps\">Sustentabilidade<\/span><\/span><\/span><\/b><\/span><\/span><\/span><\/p>\r\n\r\n<p style=\"text-align:justify\"><span style=\"font-size:11pt\"><span style=\"line-height:normal\"><span style=\"font-family:&quot;Calibri&quot;,sans-serif\"><a href=\"https:\/\/conectaverde.com.br\/bioplastics-brazil-2023-discutira-os-avancos-na-cadeia-de-materiais-plasticos-compostaveis-e-de-fonte-renovavel\/?utm_campaign=conecta_verde_news_30&amp;utm_medium=email&amp;utm_source=RD+Station\" style=\"color:blue; text-decoration:underline\"><span style=\"font-size:14.0pt\">Bioplastics Brazil 2023 discutir&aacute; os avan&ccedil;os na cadeia de materiais pl&aacute;sticos compost&aacute;veis e de fonte renov&aacute;vel<\/span><\/a><\/span><\/span><\/span><\/p>\r\n\r\n<p style=\"text-align:justify\"><span style=\"font-size:11pt\"><span style=\"line-height:normal\"><span style=\"font-family:&quot;Calibri&quot;,sans-serif\"><a href=\"https:\/\/exame.com\/bussola\/cni-oferece-solucoes-sustentaveis-para-industria-economizar-agua\/\" style=\"color:blue; text-decoration:underline\"><span style=\"font-size:14.0pt\">Dia Mundial da &Aacute;gua: CNI oferece solu&ccedil;&otilde;es sustent&aacute;veis para ind&uacute;stria economizar &aacute;gua<\/span><\/a><\/span><\/span><\/span><\/p>\r\n\r\n<p style=\"text-align:justify\"><span style=\"font-size:11pt\"><span style=\"line-height:normal\"><span style=\"font-family:&quot;Calibri&quot;,sans-serif\"><a href=\"https:\/\/grandesconstrucoes.com.br\/Noticias\/Exibir\/brasil-vira-oitavo-maior-pais-no-ranking-mundial-de-energia-solar\" style=\"color:blue; text-decoration:underline\"><span style=\"font-size:14.0pt\">Brasil vira oitavo maior pa&iacute;s no ranking mundial de energia solar<\/span><\/a><\/span><\/span><\/span><\/p>\r\n\r\n<p style=\"text-align:justify\"><span style=\"font-size:11pt\"><span style=\"line-height:normal\"><span style=\"font-family:&quot;Calibri&quot;,sans-serif\"><a href=\"https:\/\/grandesconstrucoes.com.br\/Noticias\/Exibir\/ranking-mostra-que-a-regiao-sudeste-tem-melhor-infraestrutura-de-saneamento\" style=\"color:blue; text-decoration:underline\"><span style=\"font-size:14.0pt\">Ranking mostra que a regi&atilde;o Sudeste tem melhor infraestrutura de saneamento<\/span><\/a><\/span><\/span><\/span><\/p>\r\n\r\n<p style=\"text-align:justify\"><span style=\"font-size:11pt\"><span style=\"line-height:normal\"><span style=\"font-family:&quot;Calibri&quot;,sans-serif\"><a href=\"https:\/\/conectaverde.com.br\/pesquisa-do-pacto-global-da-onu-aponta-que-784-das-empresas-brasileiras-ja-inseriram-esg-em-suas-estrategias-de-negocio\/?utm_campaign=conecta_verde_news_30&amp;utm_medium=email&amp;utm_source=RD+Station\" style=\"color:blue; text-decoration:underline\"><span style=\"font-size:14.0pt\">Pesquisa do Pacto Global da ONU aponta que 78,4% das empresas brasileiras j&aacute; inseriram ESG em suas estrat&eacute;gias de neg&oacute;cio<\/span><\/a><\/span><\/span><\/span><\/p>\r\n\r\n<p style=\"text-align:justify\"><span style=\"font-size:11pt\"><span style=\"line-height:normal\"><span style=\"font-family:&quot;Calibri&quot;,sans-serif\"><a href=\"https:\/\/www.technicaltextile.net\/news\/thailand-s-ivl-polymateria-sign-exclusive-10-year-partnership-286443.html\" style=\"color:blue; text-decoration:underline\"><span style=\"font-size:14.0pt\">Thailand&#39;s IVL, Polymateria sign exclusive 10-year partnership<\/span><\/a><\/span><\/span><\/span><\/p>\r\n\r\n<p style=\"text-align:justify\"><span style=\"font-size:11pt\"><span style=\"line-height:normal\"><span style=\"font-family:&quot;Calibri&quot;,sans-serif\"><a href=\"https:\/\/phys.org\/news\/2023-03-automated-analysis-methods-large-microplastics.html?utm_source=nwletter&amp;utm_medium=email&amp;utm_campaign=daily-nwletter\" style=\"color:blue; text-decoration:underline\"><span style=\"font-size:14.0pt\">First comparative study on automated analysis methods of large data sets in microplastics research<\/span><\/a><\/span><\/span><\/span><\/p>\r\n\r\n<p class=\"MsoTitle\" style=\"text-align:justify\"><span style=\"font-size:28pt\"><span style=\"font-family:&quot;Cambria&quot;,serif\"><span style=\"letter-spacing:-0.5pt\"><b><span style=\"font-size:18.0pt\"><span style=\"font-family:&quot;Calibri&quot;,sans-serif\"><span style=\"font-variant:small-caps\">Inova&ccedil;&atilde;o<\/span><\/span><\/span><\/b><\/span><\/span><\/span><\/p>\r\n\r\n<p style=\"text-align:justify\"><span style=\"font-size:11pt\"><span style=\"line-height:normal\"><span style=\"font-family:&quot;Calibri&quot;,sans-serif\"><a href=\"https:\/\/www.inovacaotecnologica.com.br\/noticias\/noticia.php?artigo=pele-espacial-ultraleve-criada-suportar-condicoes-extremas-espaco&amp;id=010165230323&amp;ebol=sim#.ZB2Nv_bMKUk\" style=\"color:blue; text-decoration:underline\"><span style=\"font-size:14.0pt\">Pele espacial ultraleve criada para suportar condi&ccedil;&otilde;es extremas do espa&ccedil;o<\/span><\/a><\/span><\/span><\/span><\/p>\r\n\r\n<p style=\"text-align:justify\"><span style=\"font-size:11pt\"><span style=\"line-height:normal\"><span style=\"font-family:&quot;Calibri&quot;,sans-serif\"><a href=\"https:\/\/www.inovacaotecnologica.com.br\/noticias\/noticia.php?artigo=folha-artificial-bate-recorde-combustiveis-sustentaveis&amp;id=010115230322&amp;ebol=sim#.ZB2P6vbMKUk\" style=\"color:blue; text-decoration:underline\"><span style=\"font-size:14.0pt\">Folha artificial bate recorde na convers&atilde;o de CO2 e H2O em combust&iacute;veis sustent&aacute;veis<\/span><\/a><\/span><\/span><\/span><\/p>\r\n\r\n<p style=\"text-align:justify\"><span style=\"font-size:11pt\"><span style=\"line-height:normal\"><span style=\"font-family:&quot;Calibri&quot;,sans-serif\"><a href=\"http:\/\/ClickC.e2b.moveisdevalor.com.br\/Redir?3ff020a44f02b175bfabd9768e2e39bc&amp;442b5140399220a76017ac6dc10ab7b0\" style=\"color:blue; text-decoration:underline\"><span style=\"font-size:14.0pt\">Conhe&ccedil;a o primeiro m&oacute;vel &agrave; base de cogumelos do Brasil<\/span><\/a><\/span><\/span><\/span><\/p>\r\n\r\n<p style=\"text-align:justify\"><span style=\"font-size:11pt\"><span style=\"line-height:normal\"><span style=\"font-family:&quot;Calibri&quot;,sans-serif\"><a href=\"http:\/\/www.simmepe.org.br\/simmepe\/?p=7055\" style=\"color:blue; text-decoration:underline\"><span style=\"font-size:14.0pt\">BNDES far&aacute; aporte de R$ 145 mi, sem reembolso, em inova&ccedil;&atilde;o na ind&uacute;stria<\/span><\/a><\/span><\/span><\/span><\/p>\r\n\r\n<p style=\"text-align:justify\"><span style=\"font-size:11pt\"><span style=\"line-height:normal\"><span style=\"font-family:&quot;Calibri&quot;,sans-serif\"><a href=\"https:\/\/phys.org\/news\/2023-03-electrospun-short-nylon-nanofibers-resistance.html?utm_source=nwletter&amp;utm_medium=email&amp;utm_campaign=daily-nwletter\" style=\"color:blue; text-decoration:underline\"><span style=\"font-size:14.0pt\">Electrospun short nylon 6 nanofibers to improve damage resistance of carbon composites<\/span><\/a><\/span><\/span><\/span><\/p>\r\n\r\n<p class=\"MsoTitle\" style=\"text-align:justify\"><span style=\"font-size:28pt\"><span style=\"font-family:&quot;Cambria&quot;,serif\"><span style=\"letter-spacing:-0.5pt\"><b><span style=\"font-size:18.0pt\"><span style=\"font-family:&quot;Calibri&quot;,sans-serif\"><span style=\"font-variant:small-caps\">Com&eacute;rcio Exterior<\/span><\/span><\/span><\/b><\/span><\/span><\/span><\/p>\r\n\r\n<p style=\"text-align:justify\"><span style=\"font-size:11pt\"><span style=\"line-height:normal\"><span style=\"font-family:&quot;Calibri&quot;,sans-serif\"><a href=\"https:\/\/www.comexdobrasil.com\/calcado-da-china-chega-ao-brasil-ao-preco-medio-de-us-172-o-par-e-e-forte-ameaca-a-industria-brasileira\" style=\"color:blue; text-decoration:underline\"><span style=\"font-size:14.0pt\">Cal&ccedil;ado da China chega ao Brasil ao pre&ccedil;o m&eacute;dio de US$ 1,72 o par e &eacute; forte amea&ccedil;a &agrave; ind&uacute;stria brasileira<\/span><\/a><\/span><\/span><\/span><\/p>\r\n\r\n<p style=\"text-align:justify\"><span style=\"font-size:11pt\"><span style=\"line-height:normal\"><span style=\"font-family:&quot;Calibri&quot;,sans-serif\"><a href=\"https:\/\/petronoticias.com.br\/abiquim-ve-aumentar-oportunidades-para-industria-com-a-decisao-de-retomar-aliquotas-cheias-na-importacao-de-termoplasticos\/\" style=\"color:blue; text-decoration:underline\"><span style=\"font-size:14.0pt\">ABIQUIM v&ecirc; aumentar oportunidades para ind&uacute;stria com a decis&atilde;o de retomar al&iacute;quotas cheias na importa&ccedil;&atilde;o de termopl&aacute;sticos<\/span><\/a><\/span><\/span><\/span><\/p>\r\n\r\n<p style=\"text-align:justify\"><span style=\"font-size:11pt\"><span style=\"line-height:normal\"><span style=\"font-family:&quot;Calibri&quot;,sans-serif\"><a href=\"https:\/\/www.comexdobrasil.com\/balanca-comercial-tem-superavit-de-us-2816-bilhoes-na-3a-semana-de-marco-no-ano-saldo-e-de-us-12-bilhoes\" style=\"color:blue; text-decoration:underline\"><span style=\"font-size:14.0pt\">Balan&ccedil;a comercial tem super&aacute;vit de US$ 2,816 bilh&otilde;es na 3&ordf; semana de mar&ccedil;o; no ano, saldo &eacute; de US$ 12 bilh&otilde;es<\/span><\/a><\/span><\/span><\/span><\/p>\r\n\r\n<p style=\"text-align:justify\"><span style=\"font-size:11pt\"><span style=\"line-height:normal\"><span style=\"font-family:&quot;Calibri&quot;,sans-serif\"><a href=\"https:\/\/www.fiesp.com.br\/noticias\/brasil-aumentou-corrente-de-comercio-mas-vende-menos-produtos-com-valor-agregado\/\" style=\"color:blue; text-decoration:underline\"><span style=\"font-size:14.0pt\">Brasil aumentou corrente de com&eacute;rcio, mas vende menos produtos com valor agregado<\/span><\/a><\/span><\/span><\/span><\/p>\r\n\r\n<p class=\"MsoTitle\" style=\"text-align:justify\"><span style=\"font-size:28pt\"><span style=\"font-family:&quot;Cambria&quot;,serif\"><span style=\"letter-spacing:-0.5pt\"><b><span style=\"font-size:18.0pt\"><span style=\"font-family:&quot;Calibri&quot;,sans-serif\"><span style=\"font-variant:small-caps\">Economia<\/span><\/span><\/span><\/b><\/span><\/span><\/span><\/p>\r\n\r\n<p style=\"text-align:justify\"><span style=\"font-size:11pt\"><span style=\"line-height:normal\"><span style=\"font-family:&quot;Calibri&quot;,sans-serif\"><a href=\"https:\/\/www.bcb.gov.br\/content\/focus\/focus\/R20230324.pdf\" style=\"color:blue; text-decoration:underline\"><span style=\"font-size:14.0pt\">Focus &ndash; Relat&oacute;rio de Mercado<\/span><\/a><\/span><\/span><\/span><\/p>\r\n\r\n<p style=\"text-align:justify\"><span style=\"font-size:11pt\"><span style=\"line-height:normal\"><span style=\"font-family:&quot;Calibri&quot;,sans-serif\"><a href=\"https:\/\/noticias.portaldaindustria.com.br\/noticias\/economia\/confianca-oscila-entre-os-setores-industriais-avalia-cni\/\" style=\"color:blue; text-decoration:underline\"><span style=\"font-size:14.0pt\">Confian&ccedil;a oscila entre os setores industriais, avalia CNI<\/span><\/a><\/span><\/span><\/span><\/p>\r\n\r\n<p style=\"text-align:justify\"><span style=\"font-size:11pt\"><span style=\"line-height:normal\"><span style=\"font-family:&quot;Calibri&quot;,sans-serif\"><a href=\"http:\/\/www.revistaanamaco.com.br\/desemprego-estavel?utm_campaign=Revista+Anamaco+Online&amp;utm_content=Desemprego+est%C3%A1vel+-+Revista+Anamaco+%286%29&amp;utm_medium=email&amp;utm_source=EmailMarketing&amp;utm_term=Revista+Anamaco+Online-Newsletter%2322-2023\" style=\"color:blue; text-decoration:underline\"><span style=\"font-size:14.0pt\">Desemprego est&aacute;vel<\/span><\/a><\/span><\/span><\/span><\/p>\r\n\r\n<p style=\"text-align:justify\"><span style=\"font-size:11pt\"><span style=\"line-height:normal\"><span style=\"font-family:&quot;Calibri&quot;,sans-serif\"><a href=\"https:\/\/grandesconstrucoes.com.br\/Noticias\/Exibir\/taxa-selic-alta-impacta-a-construcao-civil?utm_source=akna&amp;utm_medium=email&amp;utm_campaign=23-03-23-Grandes-Construcoes-Informativo-854&amp;utm_source=akna&amp;utm_medium=email&amp;utm_campaign=23-03-23-Grandes-Construcoes-Informativo-854\" style=\"color:blue; text-decoration:underline\"><span style=\"font-size:14.0pt\">Taxa Selic alta impacta a constru&ccedil;&atilde;o civil<\/span><\/a><\/span><\/span><\/span><\/p>\r\n","6":"<p style=\"text-align:justify\"><span style=\"font-size:11pt\"><span style=\"line-height:normal\"><span style=\"font-family:&quot;Calibri&quot;,sans-serif\"><span style=\"font-size:14.0pt\">Esta &eacute; uma compila&ccedil;&atilde;o das not&iacute;cias mais relevantes para o setor, incluindo informa&ccedil;&otilde;es sobre acordos internacionais, economia brasileira, sustentabilidade e mat&eacute;rias primas, al&eacute;m de novidades do setor de N&atilde;otecidos e Tecidos T&eacute;cnicos.<\/span><\/span><\/span><\/span><\/p>\r\n\r\n<p><b><span style=\"font-size:18.0pt\"><span style=\"line-height:115%\"><span style=\"font-family:&quot;Calibri&quot;,sans-serif\"><span style=\"font-variant:small-caps\">A&ccedil;&otilde;es da ABINT<\/span><\/span><\/span><\/span><\/b><\/p>\r\n\r\n<p><b><span style=\"font-size:18.0pt\"><span style=\"line-height:115%\"><span style=\"font-family:&quot;Calibri&quot;,sans-serif\"><span style=\"font-variant:small-caps\"><img src=\"https:\/\/www.abint.org.br\/assets\/img\/editor\/20230403-live-ctg-instagram-cristina_20230328113259wejeo94CAf.jpeg\" style=\"width: 500px; height: 500px;\" \/><\/span><\/span><\/span><\/span><\/b><\/p>\r\n\r\n<p>O <strong>CTG Entrevista receber&aacute; a Engenheira Civil Cristina Schmidt<\/strong>, mestre em Mec&acirc;nica dos Solos e Funda&ccedil;&otilde;es pela Poli\/USP. Com uma experi&ecirc;ncia de 25 anos em projetos e consultoria geot&eacute;cnica, atua desde 2008 na Huesker, onde atualmente &eacute; Gerente de Engenharia. Anote na agenda! <strong>03\/04, &agrave;s 19hs, em nosso Instagram: <span style=\"font-size:11.0pt\"><span style=\"line-height:115%\"><span style=\"font-family:&quot;Calibri&quot;,sans-serif\"><a href=\"https:\/\/www.instagram.com\/ctg_abint\/\" style=\"color:blue; text-decoration:underline\"><span style=\"font-size:12.0pt\"><span style=\"line-height:115%\">https:\/\/www.instagram.com\/ctg_abint\/<\/span><\/span><\/a><\/span><\/span><\/span><\/strong><\/p>\r\n\r\n<p>&nbsp;<\/p>\r\n\r\n<p style=\"text-align:justify\"><strong><span style=\"font-size:11.0pt\"><span style=\"line-height:115%\"><span style=\"font-family:&quot;Calibri&quot;,sans-serif\"><span style=\"font-size:12.0pt\"><span style=\"line-height:115%\"><img src=\"https:\/\/www.abint.org.br\/assets\/img\/editor\/ctg-patrocinador-regeo-2023_20230328113441TRI6kAXuDT.jpeg\" style=\"width: 500px; height: 500px;\" \/><\/span><\/span><\/span><\/span><\/span><\/strong><\/p>\r\n\r\n<p><span style=\"font-size:11.0pt\"><span style=\"line-height:normal\"><span style=\"font-family:&quot;Calibri&quot;,sans-serif\"><b><span style=\"font-size:14.0pt\"><span style=\"font-variant:small-caps\">O CTG ABINT <\/span><\/span><\/b><b><span style=\"font-size:14.0pt\">marcar&aacute; presen&ccedil;a<\/span><\/b><span style=\"font-size:14.0pt\"> nos eventos <b>X Congresso Brasileiro de Geotecnia Ambiental &amp; IX Congresso Brasileiro de Geossint&eacute;ticos - REGEO&rsquo;23 &amp; Geossint&eacute;ticos&rsquo;23<\/b>, que ocorrer&atilde;o de 18 a 21 de julho de 2023, Centro Universit&aacute;rio Jorge Amado &ndash; UNIJORGE, Salvador, BA.<\/span><\/span><\/span><span style=\"line-height:115%\"><span style=\"font-family:&quot;Calibri&quot;,sans-serif\"><a href=\"https:\/\/regeogeossinteticos23.com.br\/\" style=\"color:blue; text-decoration:underline\"><span style=\"font-size:14.0pt\"><span style=\"line-height:115%\">Mais informa&ccedil;&otilde;es e inscri&ccedil;&otilde;es<\/span><\/span><\/a><\/span><\/span><\/span><\/p>\r\n\r\n<p>&nbsp;<\/p>\r\n\r\n<p><span style=\"font-size:11.0pt\"><span style=\"line-height:115%\"><span style=\"font-family:&quot;Calibri&quot;,sans-serif\"><span style=\"font-size:14.0pt\"><span style=\"line-height:115%\"><img src=\"https:\/\/www.abint.org.br\/assets\/img\/editor\/minicurso-fernando-regeo-2023_202303281136497bWNapqDaz.jpeg\" style=\"width: 500px; height: 500px;\" \/><\/span><\/span><\/span><\/span><\/span><\/p>\r\n\r\n<p><span style=\"font-size:28pt\"><span style=\"font-family:&quot;Cambria&quot;,serif\"><span style=\"letter-spacing:-0.5pt\"><b><span style=\"font-size:14.0pt\"><span style=\"font-family:&quot;Calibri&quot;,sans-serif\"><span style=\"letter-spacing:0pt\">O Eng. Fernando Lavoie, Coordenador do CTG ABINT<\/span><\/span><\/span><\/b><span style=\"font-size:14.0pt\"><span style=\"font-family:&quot;Calibri&quot;,sans-serif\"><span style=\"letter-spacing:0pt\">, ministrar&aacute; <b>Minicurso<\/b> durante o <b>Regeo&rsquo;23 &amp; Geossint&eacute;ticos&rsquo;23<\/b>. <\/span><\/span><\/span><\/span><\/span><\/span><span style=\"font-size:11.0pt\"><span style=\"line-height:115%\"><span style=\"font-family:&quot;Calibri&quot;,sans-serif\"><a href=\"https:\/\/regeogeossinteticos23.com.br\/inscricoes\/\" style=\"color:blue; text-decoration:underline\"><span style=\"font-size:14.0pt\"><span style=\"line-height:115%\">Inscreva-se!<\/span><\/span><\/a><\/span><\/span><\/span><\/p>\r\n\r\n<p><span style=\"font-size:11.0pt\"><span style=\"line-height:115%\"><span style=\"font-family:&quot;Calibri&quot;,sans-serif\"><span style=\"font-size:14.0pt\"><span style=\"line-height:115%\"><img src=\"https:\/\/www.abint.org.br\/assets\/img\/editor\/itma-2023-abint-english-417x250_20230328114250Q8v9mQZZzX.jpg\" \/><\/span><\/span><\/span><\/span><\/span><\/p>\r\n\r\n<p style=\"text-align:justify\"><span style=\"font-size:11pt\"><span style=\"line-height:normal\"><span style=\"font-family:&quot;Calibri&quot;,sans-serif\"><b><span style=\"font-size:14.0pt\">A ABINT apoia a ITMA 2023<\/span><\/b><\/span><\/span><\/span><\/p>\r\n\r\n<p style=\"text-align:justify\"><span style=\"font-size:11pt\"><span style=\"line-height:normal\"><span style=\"font-family:&quot;Calibri&quot;,sans-serif\"><span style=\"font-size:14.0pt\">A 19&ordf; edi&ccedil;&atilde;o da maior exposi&ccedil;&atilde;o internacional de tecnologia t&ecirc;xtil e de vestu&aacute;rio do mundo acontecer&aacute; em Mil&atilde;o, It&aacute;lia, de 08 a 14 de junho de 2023. <\/span><a href=\"https:\/\/itma.com\/\" style=\"color:blue; text-decoration:underline\"><span style=\"font-size:14.0pt\">Informa&ccedil;&otilde;es<\/span><\/a><\/span><\/span><\/span><\/p>\r\n\r\n<p style=\"text-align:justify\">&nbsp;<\/p>\r\n\r\n<p style=\"text-align:justify\"><span style=\"font-size:11pt\"><span style=\"line-height:normal\"><span style=\"font-family:&quot;Calibri&quot;,sans-serif\"><b><span style=\"font-size:18.0pt\"><span style=\"font-variant:small-caps\">Eventos<\/span><\/span><\/b><\/span><\/span><\/span><\/p>\r\n\r\n<p style=\"text-align:justify\"><span style=\"font-size:11pt\"><span style=\"line-height:normal\"><span style=\"font-family:&quot;Calibri&quot;,sans-serif\"><b><span style=\"font-size:14.0pt\">Pl&aacute;stico Brasil &ndash; Feira Internacional do Pl&aacute;stico<\/span><\/b><span style=\"font-size:14.0pt\">, 27 a 31 de mar&ccedil;o de 2023, S&atilde;o Paulo Expo. <\/span><a href=\"https:\/\/www.plasticobrasil.com.br\/pt\/home.html\" style=\"color:blue; text-decoration:underline\"><span style=\"font-size:14.0pt\">Informa&ccedil;&otilde;es<\/span><\/a><\/span><\/span><\/span><\/p>\r\n\r\n<p style=\"text-align:justify\"><span style=\"font-size:11pt\"><span style=\"line-height:normal\"><span style=\"font-family:&quot;Calibri&quot;,sans-serif\"><b><span style=\"font-size:14.0pt\">ANAHP | Observat&oacute;rio 2023<\/span><\/b><span style=\"font-size:14.0pt\">, 30 de mar&ccedil;o de 2023, &agrave;s 18h00, transmiss&atilde;o ao vivo pelo site da Anahp. <\/span><a href=\"https:\/\/conteudo.anahp.com.br\/observatorio-2023?utm_campaign=observatorio_-_participantes&amp;utm_medium=email&amp;utm_source=RD+Station\" style=\"color:blue; text-decoration:underline\"><span style=\"font-size:14.0pt\">Informa&ccedil;&otilde;es<\/span><\/a> <\/span><\/span><\/span><\/p>\r\n\r\n<p style=\"text-align:justify\"><span style=\"font-size:11pt\"><span style=\"line-height:normal\"><span style=\"font-family:&quot;Calibri&quot;,sans-serif\"><b><span style=\"font-size:14.0pt\">FGV-IBRE | &quot;Progressividade tribut&aacute;ria e crescimento econ&ocirc;mico&rdquo;<\/span><\/b><span style=\"font-size:14.0pt\">, 30 de mar&ccedil;o de 2023, 10h00 &agrave;s 11h30, evento presencial<\/span><span class=\"MsoHyperlink\" style=\"color:blue\"><span style=\"text-decoration:underline\"><span style=\"font-size:14.0pt\"><span style=\"text-decoration:none\"><span style=\"text-underline:none\">. <\/span><\/span><\/span><\/span><\/span><a href=\"http:\/\/clickb.e2b.fgv.br\/Redir?50c2eb9b5af80abffcb85520bed355f5&amp;74c414f72bf92cdd222e3eed1ce8d567\" style=\"color:blue; text-decoration:underline\"><span style=\"font-size:14.0pt\">Informa&ccedil;&otilde;es<\/span><\/a> <\/span><\/span><\/span><\/p>\r\n\r\n<p style=\"text-align:justify\"><span style=\"font-size:11pt\"><span style=\"line-height:normal\"><span style=\"font-family:&quot;Calibri&quot;,sans-serif\"><b><span style=\"font-size:14.0pt\">SEBRAE\/ CNI | 8&ordm; Pr&ecirc;mio Nacional de Inova&ccedil;&atilde;o<\/span><\/b><span class=\"MsoHyperlink\" style=\"color:blue\"><span style=\"text-decoration:underline\"><span style=\"font-size:14.0pt\"><span style=\"text-decoration:none\"><span style=\"text-underline:none\">, <\/span><\/span><\/span><\/span><\/span><a href=\"http:\/\/clickemail.certi.org.br\/ls\/click?upn=qf3LyHpl8LeVYtNekkUOHz5Tw-2BYm-2B5wj-2B4B8dGVycnZ3Qry-2B1cN06SmEFsy4JbkKM5iuOGCWlMVru8GFUX8Y-2FytJyfuaJy70PKSSxrMofN1k86c8aNhmZ02nxvM26F-2FVX3aVc8vK9kQXoxSC687Bd0wN0xsExvz7XzPJWt0X3I7at9JnqZlhiCJbX4BsH7XSvear_tqHjg6cfaRSg1CBjD1fvQItTx-2FVk7mZ1cKimmosIzOflDgoI1YEzwT-2B-2FSs4P-2Fhr5dj2N4HBE5-2BMuWW3L5EhzRXHFsK0ghaoEfXZnJcVJvrg5O83r6kAbQaM3GUta6dqR1vb-2F8OTIA1ZZ9CzGwGHVIMYHIOA4L-2Fhxzu3UV68cFWHbtL6815THAuLMlLgmjwicfWn-2BiRwj1RFWn2oQbvdZCvF2XdMjCSbgIHNaT0wT5pohaYB3dkzcKAIzUkB5eBhelpEK6yEUf1iu5gx-2FuAK-2F1aohVNAyqnkNv4YSTXHJ563abUgOP6pbReciPn052-2FWqocPTgLDJbJyYFUbVulRuaPSlVsV02B24TaNRsg34v7q-2BzAqKMBbFAVRw7LGeovyWCWJp2RlbX3YqUWAM2NSnn94mKwTAeAy-2B3oIXH-2FmoRv14rVgp36eslkQRM-2BlncdU3aEXJeE-2FIotzMaYApAcgCGvkejz2jKIv9ba-2FFLDlZGdmsDx8tThkA3zYAaewA2jWt7JP3aSDhtEgHRBHusm3uxdv0VBYHvZz-2BWdPLZ-2FToZ8TYnz2MUpbFYmVOnytf-2BkVbnsVv0Zz1-2BjAIzMcTsId-2FDbO7lNTSSfcOzr-2B4w4BT7BV8ljX3xvhBOQEFvv3igrUxRsfTQJNaByZybRfy4cLRGyL0HrxsQAQNHbuvyj2kcZk-3D\" style=\"color:blue; text-decoration:underline\"><span style=\"font-size:14.0pt\">INSCREVA-SE<\/span><\/a> <span style=\"font-size:14.0pt\">at&eacute; 31 de mar&ccedil;o de 2023<\/span><\/span><\/span><\/span><\/p>\r\n\r\n<p style=\"text-align:justify\"><span style=\"font-size:11pt\"><span style=\"line-height:normal\"><span style=\"font-family:&quot;Calibri&quot;,sans-serif\"><b><span style=\"font-size:14.0pt\">NasceCME | Dia Internacional da Ci&ecirc;ncia da Esteriliza&ccedil;&atilde;o &ndash; Equipes t&eacute;cnicas qualificadas e as interfaces com processos e pr&aacute;ticas seguras<\/span><\/b><span style=\"font-size:14.0pt\">, 14 e 15 de abril de 2023, Golden Tulip, S&atilde;o Jos&eacute; dos Campos<\/span><span class=\"MsoHyperlink\" style=\"color:blue\"><span style=\"text-decoration:underline\"><span style=\"font-size:14.0pt\"><span style=\"text-decoration:none\"><span style=\"text-underline:none\">. <\/span><\/span><\/span><\/span><\/span><a href=\"https:\/\/www.sympla.com.br\/evento\/dia-internacional-da-ciencia-da-esterilizacao\/1866685?_gl=1*103ko68*_ga*MTk0NjU1Njc3Ni4xNjc1MTc5Mzkz*_ga_KXH10SQTZF*MTY3NTg3MzM2NS45LjEuMTY3NTg3MzQ0My4wLjAuMA..\" style=\"color:blue; text-decoration:underline\"><span style=\"font-size:14.0pt\">Informa&ccedil;&otilde;es<\/span><\/a> <\/span><\/span><\/span><\/p>\r\n\r\n<p style=\"text-align:justify\"><span style=\"font-size:11pt\"><span style=\"line-height:normal\"><span style=\"font-family:&quot;Calibri&quot;,sans-serif\"><b><span style=\"font-size:14.0pt\">INDEX 2023<\/span><\/b><span style=\"font-size:14.0pt\">, 18 a 21 de abril, Palexpo, Genebra, Su&iacute;&ccedil;a<b>.<\/b><\/span> <a href=\"https:\/\/www.indexnonwovens.com\/en\/\" style=\"color:blue; text-decoration:underline\"><span style=\"font-size:14.0pt\">Informa&ccedil;&otilde;es<\/span><\/a><\/span><\/span><\/span><\/p>\r\n\r\n<p style=\"text-align:justify\"><span style=\"font-size:11pt\"><span style=\"line-height:normal\"><span style=\"font-family:&quot;Calibri&quot;,sans-serif\"><b><span style=\"font-size:14.0pt\">Instituto Inova Cidade | Transi&ccedil;&atilde;o para nova Lei de Licita&ccedil;&otilde;es - 4a edi&ccedil;&atilde;o<\/span><\/b><span style=\"font-size:14.0pt\">, 24 de abril de 2023, 09h00 &agrave;s 16h00.<\/span> <a href=\"https:\/\/institutoinovacidades.com.br\/cursos\/60\/transicao-para-nova-lei-de-licitacoes\" style=\"color:blue; text-decoration:underline\"><span style=\"font-size:14.0pt\">Informa&ccedil;&otilde;es<\/span><\/a><\/span><\/span><\/span><\/p>\r\n\r\n<p style=\"text-align:justify\"><span style=\"font-size:11pt\"><span style=\"line-height:normal\"><span style=\"font-family:&quot;Calibri&quot;,sans-serif\"><b><span style=\"font-size:14.0pt\">Bioplastics Brazil 2023 - Congresso cient&iacute;fico internacional sobre biopl&aacute;sticos<\/span><\/b><span class=\"MsoHyperlink\" style=\"color:blue\"><span style=\"text-decoration:underline\"><span style=\"font-size:14.0pt\"><span style=\"text-decoration:none\"><span style=\"text-underline:none\">, <\/span><\/span><\/span><\/span><\/span><span style=\"font-size:14.0pt\">26 e 27 Abril de 2023, Audit&oacute;rio da ABIMAQ<\/span><span class=\"MsoHyperlink\" style=\"color:blue\"><span style=\"text-decoration:underline\"><span style=\"font-size:14.0pt\"><span style=\"text-decoration:none\"><span style=\"text-underline:none\">. <\/span><\/span><\/span><\/span><\/span><a href=\"https:\/\/www.bioplasticsbrazil.com\/\" style=\"color:blue; text-decoration:underline\"><span style=\"font-size:14.0pt\">Informa&ccedil;&otilde;es<\/span><\/a> <\/span><\/span><\/span><\/p>\r\n\r\n<p style=\"text-align:justify\"><span style=\"font-size:11pt\"><span style=\"line-height:normal\"><span style=\"font-family:&quot;Calibri&quot;,sans-serif\"><b><span style=\"font-size:14.0pt\">BIOTEXFUTURE Spring Forum<\/span><\/b><span class=\"MsoHyperlink\" style=\"color:blue\"><span style=\"text-decoration:underline\"><span style=\"font-size:14.0pt\"><span style=\"text-decoration:none\"><span style=\"text-underline:none\">, <\/span><\/span><\/span><\/span><\/span><span style=\"font-size:14.0pt\">3rd May 2023, Aachen, Germany<\/span><span class=\"MsoHyperlink\" style=\"color:blue\"><span style=\"text-decoration:underline\"><span style=\"font-size:14.0pt\"><span style=\"text-decoration:none\"><span style=\"text-underline:none\">. <\/span><\/span><\/span><\/span><\/span><a href=\"https:\/\/campusforum.rwth-campus.com\/en\/events\/event\/?event_id=230224-41332-DG-99998:41332\" style=\"color:blue; text-decoration:underline\"><span style=\"font-size:14.0pt\">Informa&ccedil;&otilde;es<\/span><\/a> <\/span><\/span><\/span><\/p>\r\n\r\n<p style=\"text-align:justify\"><span style=\"font-size:11pt\"><span style=\"line-height:normal\"><span style=\"font-family:&quot;Calibri&quot;,sans-serif\"><b><span style=\"font-size:14.0pt\">SENAI CETIQT | Programa de Desenvolvimento Setorial T&ecirc;xtil<\/span><\/b><span style=\"font-size:14.0pt\">, acesse <\/span><a href=\"https:\/\/materiais.senaicetiqt.com\/lp_programa-de-desenvolvimento-setorial?utm_campaign=senai_cetiqt_e_abit__pds_textil__2_envio&amp;utm_medium=email&amp;utm_source=RD+Station\" style=\"color:blue; text-decoration:underline\"><span style=\"font-size:14.0pt\">aqui<\/span><\/a><span style=\"font-size:14.0pt\"> para mais informa&ccedil;&otilde;es<\/span><\/span><\/span><\/span><\/p>\r\n\r\n<p style=\"text-align:justify\"><span style=\"font-size:11pt\"><span style=\"line-height:normal\"><span style=\"font-family:&quot;Calibri&quot;,sans-serif\"><b><span style=\"font-size:14.0pt\">SENAI-SP | Jornada da Transforma&ccedil;&atilde;o Digital<\/span><\/b><span style=\"font-size:14.0pt\">, clique <\/span><a href=\"https:\/\/jornadadigital-cadastro.sp.senai.br\/tenho-interesse?utm_source=emkt&amp;utm_medium=emkt&amp;utm_campaign=jornada+de+transformacao+digital+tenho+interesse&amp;utm_id=jornada+de+transformacao+digital+tenho+interesse&amp;\" style=\"color:blue; text-decoration:underline\"><span style=\"font-size:14.0pt\">aqui<\/span><\/a><span style=\"font-size:14.0pt\"> para mais detalhes<\/span><\/span><\/span><\/span><\/p>\r\n\r\n<p style=\"text-align:justify\"><span style=\"font-size:11pt\"><span style=\"line-height:normal\"><span style=\"font-family:&quot;Calibri&quot;,sans-serif\"><a href=\"https:\/\/www.magnetmail.net\/actions\/email_web_version.cfm?ep=nY1qAgSybIYAtXkUlomjGTvozlxP9uwHcN55F0MkytH2RClGE8usJiNt1Arjq6T9h3o4FMnFZvw194A5gVh0cidsrPTck3kKnIiEDOLIT1krQCou4boq3j9g-8jm_6Vc\" style=\"color:blue; text-decoration:underline\"><span style=\"font-size:14.0pt\">INDA | 2023 Calendar of Events<\/span><\/a><\/span><\/span><\/span><\/p>\r\n\r\n<p class=\"MsoTitle\" style=\"text-align:justify\"><span style=\"font-size:28pt\"><span style=\"font-family:&quot;Cambria&quot;,serif\"><span style=\"letter-spacing:-0.5pt\"><b><span style=\"font-size:18.0pt\"><span style=\"font-family:&quot;Calibri&quot;,sans-serif\"><span style=\"font-variant:small-caps\">Setor<\/span><\/span><\/span><\/b><\/span><\/span><\/span><\/p>\r\n\r\n<p style=\"text-align:justify\"><span style=\"font-size:11pt\"><span style=\"line-height:normal\"><span style=\"font-family:&quot;Calibri&quot;,sans-serif\"><a href=\"https:\/\/plasticosemrevista.com.br\/aumenta-o-consumo-global-de-plasticos-de-uso-unico\/\" style=\"color:blue; text-decoration:underline\"><span style=\"font-size:14.0pt\">Aumenta o consumo global de pl&aacute;sticos de uso &uacute;nico<\/span><\/a><\/span><\/span><\/span><\/p>\r\n\r\n<p style=\"text-align:justify\"><span style=\"font-size:11pt\"><span style=\"line-height:normal\"><span style=\"font-family:&quot;Calibri&quot;,sans-serif\"><a href=\"https:\/\/www.textiletechnology.net\/nonwovens\/news\/smithers-future-of-meltblown-nonwovens-markets-to-2028-33710?utm_source=%2Fmeta%2Fnewsletter%2Fnewsletter&amp;utm_medium=newsletter&amp;utm_campaign=nl1189&amp;utm_term=0801b20e08c3242125d512808cd74302\" style=\"color:blue; text-decoration:underline\"><span style=\"font-size:14.0pt\">Future of meltblown nonwovens markets to 2028<\/span><\/a><\/span><\/span><\/span><\/p>\r\n\r\n<p style=\"text-align:justify\"><span style=\"font-size:11pt\"><span style=\"line-height:normal\"><span style=\"font-family:&quot;Calibri&quot;,sans-serif\"><a href=\"https:\/\/www.indexnonwovens.com\/en\/news\/no-boundaries-for-nonwovens-innovation-1499?utm_campaign=INDEX%20%7C%20Newsletter%20number%20one%20March%20%7C%20March%202023&amp;utm_medium=email&amp;utm_source=Mailjet\" style=\"color:blue; text-decoration:underline\"><span style=\"font-size:14.0pt\">No boundaries for nonwovens innovation<\/span><\/a><\/span><\/span><\/span><\/p>\r\n\r\n<p style=\"text-align:justify\"><span style=\"font-size:11pt\"><span style=\"line-height:normal\"><span style=\"font-family:&quot;Calibri&quot;,sans-serif\"><a href=\"https:\/\/www.innovationintextiles.com\/technology-machinery-equipment\/shaping-the-future-with-acimit\/\" style=\"color:blue; text-decoration:underline\"><span style=\"font-size:14.0pt\">Shaping the future with ACIMIT<\/span><\/a><\/span><\/span><\/span><\/p>\r\n\r\n<p style=\"text-align:justify\"><span style=\"font-size:11pt\"><span style=\"line-height:normal\"><span style=\"font-family:&quot;Calibri&quot;,sans-serif\"><a href=\"https:\/\/www.indexnonwovens.com\/en\/news\/energy-remains-a-top-priority-1500?utm_campaign=INDEX%20%7C%20Newsletter%20number%20one%20March%20%7C%20March%202023&amp;utm_medium=email&amp;utm_source=Mailjet\" style=\"color:blue; text-decoration:underline\"><span style=\"font-size:14.0pt\">Energy remains a top priority<\/span><\/a><\/span><\/span><\/span><\/p>\r\n\r\n<p style=\"text-align:justify\"><span style=\"font-size:11pt\"><span style=\"line-height:normal\"><span style=\"font-family:&quot;Calibri&quot;,sans-serif\"><a href=\"https:\/\/www.textiletechnology.net\/technical-textiles\/news\/freudenberg-pm-next-generation-sustainable-carpet-backings-33733?utm_source=%2Fmeta%2Fnewsletter%2Fnewsletter&amp;utm_medium=newsletter&amp;utm_campaign=nl1190&amp;utm_term=0801b20e08c3242125d512808cd74302\" style=\"color:blue; text-decoration:underline\"><span style=\"font-size:14.0pt\">Freudenberg PM | Next generation sustainable carpet backings<\/span><\/a><\/span><\/span><\/span><\/p>\r\n\r\n<p style=\"text-align:justify\"><span style=\"font-size:11pt\"><span style=\"line-height:normal\"><span style=\"font-family:&quot;Calibri&quot;,sans-serif\"><a href=\"https:\/\/www.portaldenoticias.com.br\/noticia\/27487\/ampliacao-da-unidade-de-plastico-verde-em-triunfo-entra-na-reta-final.html\" style=\"color:blue; text-decoration:underline\"><span style=\"font-size:14.0pt\">Braskem: amplia&ccedil;&atilde;o da unidade de pl&aacute;stico verde em Triunfo entra na reta final<\/span><\/a><\/span><\/span><\/span><\/p>\r\n\r\n<p class=\"MsoTitle\" style=\"text-align:justify\"><span style=\"font-size:28pt\"><span style=\"font-family:&quot;Cambria&quot;,serif\"><span style=\"letter-spacing:-0.5pt\"><b><span style=\"font-size:18.0pt\"><span style=\"font-family:&quot;Calibri&quot;,sans-serif\"><span style=\"font-variant:small-caps\">Ind&uacute;stria<\/span><\/span><\/span><\/b><\/span><\/span><\/span><\/p>\r\n\r\n<p style=\"text-align:justify\"><span style=\"font-size:11pt\"><span style=\"line-height:normal\"><span style=\"font-family:&quot;Calibri&quot;,sans-serif\"><a href=\"https:\/\/www.cnnbrasil.com.br\/economia\/presidente-da-anfavea-diz-nao-acreditar-em-demissoes-em-massa-no-setor-automobilistico\/\" style=\"color:blue; text-decoration:underline\"><span style=\"font-size:14.0pt\">Presidente da Anfavea diz n&atilde;o acreditar em demiss&otilde;es em massa no setor automobil&iacute;stico<\/span><\/a><\/span><\/span><\/span><\/p>\r\n\r\n<p style=\"text-align:justify\"><span style=\"font-size:11pt\"><span style=\"line-height:normal\"><span style=\"font-family:&quot;Calibri&quot;,sans-serif\"><a href=\"https:\/\/exclusivo.com.br\/_conteudo\/negocios\/2023\/03\/21\/industria-de-transformacao-e-um-dos-setores-que-mais-demandam-credito-no-rs.html\" style=\"color:blue; text-decoration:underline\"><span style=\"font-size:14.0pt\">Industria de transforma&ccedil;&atilde;o &eacute; um dos setores que mais demandam cr&eacute;dito no RS<\/span><\/a><\/span><\/span><\/span><\/p>\r\n\r\n<p style=\"text-align:justify\"><span style=\"font-size:11pt\"><span style=\"line-height:normal\"><span style=\"font-family:&quot;Calibri&quot;,sans-serif\"><a href=\"https:\/\/guaiba.com.br\/2023\/03\/21\/feiras-internacionais-do-trimestre-devem-gerar-us-74-milhoes-diz-abicalcados\/\" style=\"color:blue; text-decoration:underline\"><span style=\"font-size:14.0pt\">Feiras internacionais do trimestre devem gerar US$ 74 milh&otilde;es, diz Abical&ccedil;ados<\/span><\/a><\/span><\/span><\/span><\/p>\r\n\r\n<p style=\"text-align:justify\"><span style=\"font-size:11pt\"><span style=\"line-height:normal\"><span style=\"font-family:&quot;Calibri&quot;,sans-serif\"><a href=\"https:\/\/www.meiofiltrante.com.br\/Noticia\/111749\/vendas-de-veiculos-em-todo-o-planeta-cresceram-11-em-fevereiro-\" style=\"color:blue; text-decoration:underline\"><span style=\"font-size:14.0pt\">Vendas de ve&iacute;culos em todo o planeta cresceram 11% em fevereiro<\/span><\/a><\/span><\/span><\/span><\/p>\r\n\r\n<p style=\"text-align:justify\"><span style=\"font-size:11pt\"><span style=\"line-height:normal\"><span style=\"font-family:&quot;Calibri&quot;,sans-serif\"><a href=\"https:\/\/www.fiesp.com.br\/noticias\/reindustrializacao-inova-apresenta-oportunidade-para-a-transformacao-das-empresas\/\" style=\"color:blue; text-decoration:underline\"><span style=\"font-size:14.0pt\">Reindustrializa&ccedil;&atilde;o: Inova+ apresenta oportunidade para a transforma&ccedil;&atilde;o das empresas<\/span><\/a><\/span><\/span><\/span><\/p>\r\n\r\n<p class=\"MsoTitle\" style=\"text-align:justify\"><span style=\"font-size:28pt\"><span style=\"font-family:&quot;Cambria&quot;,serif\"><span style=\"letter-spacing:-0.5pt\"><b><span style=\"font-size:18.0pt\"><span style=\"font-family:&quot;Calibri&quot;,sans-serif\"><span style=\"font-variant:small-caps\">Sustentabilidade<\/span><\/span><\/span><\/b><\/span><\/span><\/span><\/p>\r\n\r\n<p style=\"text-align:justify\"><span style=\"font-size:11pt\"><span style=\"line-height:normal\"><span style=\"font-family:&quot;Calibri&quot;,sans-serif\"><a href=\"https:\/\/conectaverde.com.br\/bioplastics-brazil-2023-discutira-os-avancos-na-cadeia-de-materiais-plasticos-compostaveis-e-de-fonte-renovavel\/?utm_campaign=conecta_verde_news_30&amp;utm_medium=email&amp;utm_source=RD+Station\" style=\"color:blue; text-decoration:underline\"><span style=\"font-size:14.0pt\">Bioplastics Brazil 2023 discutir&aacute; os avan&ccedil;os na cadeia de materiais pl&aacute;sticos compost&aacute;veis e de fonte renov&aacute;vel<\/span><\/a><\/span><\/span><\/span><\/p>\r\n\r\n<p style=\"text-align:justify\"><span style=\"font-size:11pt\"><span style=\"line-height:normal\"><span style=\"font-family:&quot;Calibri&quot;,sans-serif\"><a href=\"https:\/\/exame.com\/bussola\/cni-oferece-solucoes-sustentaveis-para-industria-economizar-agua\/\" style=\"color:blue; text-decoration:underline\"><span style=\"font-size:14.0pt\">Dia Mundial da &Aacute;gua: CNI oferece solu&ccedil;&otilde;es sustent&aacute;veis para ind&uacute;stria economizar &aacute;gua<\/span><\/a><\/span><\/span><\/span><\/p>\r\n\r\n<p style=\"text-align:justify\"><span style=\"font-size:11pt\"><span style=\"line-height:normal\"><span style=\"font-family:&quot;Calibri&quot;,sans-serif\"><a href=\"https:\/\/grandesconstrucoes.com.br\/Noticias\/Exibir\/brasil-vira-oitavo-maior-pais-no-ranking-mundial-de-energia-solar\" style=\"color:blue; text-decoration:underline\"><span style=\"font-size:14.0pt\">Brasil vira oitavo maior pa&iacute;s no ranking mundial de energia solar<\/span><\/a><\/span><\/span><\/span><\/p>\r\n\r\n<p style=\"text-align:justify\"><span style=\"font-size:11pt\"><span style=\"line-height:normal\"><span style=\"font-family:&quot;Calibri&quot;,sans-serif\"><a href=\"https:\/\/grandesconstrucoes.com.br\/Noticias\/Exibir\/ranking-mostra-que-a-regiao-sudeste-tem-melhor-infraestrutura-de-saneamento\" style=\"color:blue; text-decoration:underline\"><span style=\"font-size:14.0pt\">Ranking mostra que a regi&atilde;o Sudeste tem melhor infraestrutura de saneamento<\/span><\/a><\/span><\/span><\/span><\/p>\r\n\r\n<p style=\"text-align:justify\"><span style=\"font-size:11pt\"><span style=\"line-height:normal\"><span style=\"font-family:&quot;Calibri&quot;,sans-serif\"><a href=\"https:\/\/conectaverde.com.br\/pesquisa-do-pacto-global-da-onu-aponta-que-784-das-empresas-brasileiras-ja-inseriram-esg-em-suas-estrategias-de-negocio\/?utm_campaign=conecta_verde_news_30&amp;utm_medium=email&amp;utm_source=RD+Station\" style=\"color:blue; text-decoration:underline\"><span style=\"font-size:14.0pt\">Pesquisa do Pacto Global da ONU aponta que 78,4% das empresas brasileiras j&aacute; inseriram ESG em suas estrat&eacute;gias de neg&oacute;cio<\/span><\/a><\/span><\/span><\/span><\/p>\r\n\r\n<p style=\"text-align:justify\"><span style=\"font-size:11pt\"><span style=\"line-height:normal\"><span style=\"font-family:&quot;Calibri&quot;,sans-serif\"><a href=\"https:\/\/www.technicaltextile.net\/news\/thailand-s-ivl-polymateria-sign-exclusive-10-year-partnership-286443.html\" style=\"color:blue; text-decoration:underline\"><span style=\"font-size:14.0pt\">Thailand&#39;s IVL, Polymateria sign exclusive 10-year partnership<\/span><\/a><\/span><\/span><\/span><\/p>\r\n\r\n<p style=\"text-align:justify\"><span style=\"font-size:11pt\"><span style=\"line-height:normal\"><span style=\"font-family:&quot;Calibri&quot;,sans-serif\"><a href=\"https:\/\/phys.org\/news\/2023-03-automated-analysis-methods-large-microplastics.html?utm_source=nwletter&amp;utm_medium=email&amp;utm_campaign=daily-nwletter\" style=\"color:blue; text-decoration:underline\"><span style=\"font-size:14.0pt\">First comparative study on automated analysis methods of large data sets in microplastics research<\/span><\/a><\/span><\/span><\/span><\/p>\r\n\r\n<p class=\"MsoTitle\" style=\"text-align:justify\"><span style=\"font-size:28pt\"><span style=\"font-family:&quot;Cambria&quot;,serif\"><span style=\"letter-spacing:-0.5pt\"><b><span style=\"font-size:18.0pt\"><span style=\"font-family:&quot;Calibri&quot;,sans-serif\"><span style=\"font-variant:small-caps\">Inova&ccedil;&atilde;o<\/span><\/span><\/span><\/b><\/span><\/span><\/span><\/p>\r\n\r\n<p style=\"text-align:justify\"><span style=\"font-size:11pt\"><span style=\"line-height:normal\"><span style=\"font-family:&quot;Calibri&quot;,sans-serif\"><a href=\"https:\/\/www.inovacaotecnologica.com.br\/noticias\/noticia.php?artigo=pele-espacial-ultraleve-criada-suportar-condicoes-extremas-espaco&amp;id=010165230323&amp;ebol=sim#.ZB2Nv_bMKUk\" style=\"color:blue; text-decoration:underline\"><span style=\"font-size:14.0pt\">Pele espacial ultraleve criada para suportar condi&ccedil;&otilde;es extremas do espa&ccedil;o<\/span><\/a><\/span><\/span><\/span><\/p>\r\n\r\n<p style=\"text-align:justify\"><span style=\"font-size:11pt\"><span style=\"line-height:normal\"><span style=\"font-family:&quot;Calibri&quot;,sans-serif\"><a href=\"https:\/\/www.inovacaotecnologica.com.br\/noticias\/noticia.php?artigo=folha-artificial-bate-recorde-combustiveis-sustentaveis&amp;id=010115230322&amp;ebol=sim#.ZB2P6vbMKUk\" style=\"color:blue; text-decoration:underline\"><span style=\"font-size:14.0pt\">Folha artificial bate recorde na convers&atilde;o de CO2 e H2O em combust&iacute;veis sustent&aacute;veis<\/span><\/a><\/span><\/span><\/span><\/p>\r\n\r\n<p style=\"text-align:justify\"><span style=\"font-size:11pt\"><span style=\"line-height:normal\"><span style=\"font-family:&quot;Calibri&quot;,sans-serif\"><a href=\"http:\/\/ClickC.e2b.moveisdevalor.com.br\/Redir?3ff020a44f02b175bfabd9768e2e39bc&amp;442b5140399220a76017ac6dc10ab7b0\" style=\"color:blue; text-decoration:underline\"><span style=\"font-size:14.0pt\">Conhe&ccedil;a o primeiro m&oacute;vel &agrave; base de cogumelos do Brasil<\/span><\/a><\/span><\/span><\/span><\/p>\r\n\r\n<p style=\"text-align:justify\"><span style=\"font-size:11pt\"><span style=\"line-height:normal\"><span style=\"font-family:&quot;Calibri&quot;,sans-serif\"><a href=\"http:\/\/www.simmepe.org.br\/simmepe\/?p=7055\" style=\"color:blue; text-decoration:underline\"><span style=\"font-size:14.0pt\">BNDES far&aacute; aporte de R$ 145 mi, sem reembolso, em inova&ccedil;&atilde;o na ind&uacute;stria<\/span><\/a><\/span><\/span><\/span><\/p>\r\n\r\n<p style=\"text-align:justify\"><span style=\"font-size:11pt\"><span style=\"line-height:normal\"><span style=\"font-family:&quot;Calibri&quot;,sans-serif\"><a href=\"https:\/\/phys.org\/news\/2023-03-electrospun-short-nylon-nanofibers-resistance.html?utm_source=nwletter&amp;utm_medium=email&amp;utm_campaign=daily-nwletter\" style=\"color:blue; text-decoration:underline\"><span style=\"font-size:14.0pt\">Electrospun short nylon 6 nanofibers to improve damage resistance of carbon composites<\/span><\/a><\/span><\/span><\/span><\/p>\r\n\r\n<p class=\"MsoTitle\" style=\"text-align:justify\"><span style=\"font-size:28pt\"><span style=\"font-family:&quot;Cambria&quot;,serif\"><span style=\"letter-spacing:-0.5pt\"><b><span style=\"font-size:18.0pt\"><span style=\"font-family:&quot;Calibri&quot;,sans-serif\"><span style=\"font-variant:small-caps\">Com&eacute;rcio Exterior<\/span><\/span><\/span><\/b><\/span><\/span><\/span><\/p>\r\n\r\n<p style=\"text-align:justify\"><span style=\"font-size:11pt\"><span style=\"line-height:normal\"><span style=\"font-family:&quot;Calibri&quot;,sans-serif\"><a href=\"https:\/\/www.comexdobrasil.com\/calcado-da-china-chega-ao-brasil-ao-preco-medio-de-us-172-o-par-e-e-forte-ameaca-a-industria-brasileira\" style=\"color:blue; text-decoration:underline\"><span style=\"font-size:14.0pt\">Cal&ccedil;ado da China chega ao Brasil ao pre&ccedil;o m&eacute;dio de US$ 1,72 o par e &eacute; forte amea&ccedil;a &agrave; ind&uacute;stria brasileira<\/span><\/a><\/span><\/span><\/span><\/p>\r\n\r\n<p style=\"text-align:justify\"><span style=\"font-size:11pt\"><span style=\"line-height:normal\"><span style=\"font-family:&quot;Calibri&quot;,sans-serif\"><a href=\"https:\/\/petronoticias.com.br\/abiquim-ve-aumentar-oportunidades-para-industria-com-a-decisao-de-retomar-aliquotas-cheias-na-importacao-de-termoplasticos\/\" style=\"color:blue; text-decoration:underline\"><span style=\"font-size:14.0pt\">ABIQUIM v&ecirc; aumentar oportunidades para ind&uacute;stria com a decis&atilde;o de retomar al&iacute;quotas cheias na importa&ccedil;&atilde;o de termopl&aacute;sticos<\/span><\/a><\/span><\/span><\/span><\/p>\r\n\r\n<p style=\"text-align:justify\"><span style=\"font-size:11pt\"><span style=\"line-height:normal\"><span style=\"font-family:&quot;Calibri&quot;,sans-serif\"><a href=\"https:\/\/www.comexdobrasil.com\/balanca-comercial-tem-superavit-de-us-2816-bilhoes-na-3a-semana-de-marco-no-ano-saldo-e-de-us-12-bilhoes\" style=\"color:blue; text-decoration:underline\"><span style=\"font-size:14.0pt\">Balan&ccedil;a comercial tem super&aacute;vit de US$ 2,816 bilh&otilde;es na 3&ordf; semana de mar&ccedil;o; no ano, saldo &eacute; de US$ 12 bilh&otilde;es<\/span><\/a><\/span><\/span><\/span><\/p>\r\n\r\n<p style=\"text-align:justify\"><span style=\"font-size:11pt\"><span style=\"line-height:normal\"><span style=\"font-family:&quot;Calibri&quot;,sans-serif\"><a href=\"https:\/\/www.fiesp.com.br\/noticias\/brasil-aumentou-corrente-de-comercio-mas-vende-menos-produtos-com-valor-agregado\/\" style=\"color:blue; text-decoration:underline\"><span style=\"font-size:14.0pt\">Brasil aumentou corrente de com&eacute;rcio, mas vende menos produtos com valor agregado<\/span><\/a><\/span><\/span><\/span><\/p>\r\n\r\n<p class=\"MsoTitle\" style=\"text-align:justify\"><span style=\"font-size:28pt\"><span style=\"font-family:&quot;Cambria&quot;,serif\"><span style=\"letter-spacing:-0.5pt\"><b><span style=\"font-size:18.0pt\"><span style=\"font-family:&quot;Calibri&quot;,sans-serif\"><span style=\"font-variant:small-caps\">Economia<\/span><\/span><\/span><\/b><\/span><\/span><\/span><\/p>\r\n\r\n<p style=\"text-align:justify\"><span style=\"font-size:11pt\"><span style=\"line-height:normal\"><span style=\"font-family:&quot;Calibri&quot;,sans-serif\"><a href=\"https:\/\/www.bcb.gov.br\/content\/focus\/focus\/R20230324.pdf\" style=\"color:blue; text-decoration:underline\"><span style=\"font-size:14.0pt\">Focus &ndash; Relat&oacute;rio de Mercado<\/span><\/a><\/span><\/span><\/span><\/p>\r\n\r\n<p style=\"text-align:justify\"><span style=\"font-size:11pt\"><span style=\"line-height:normal\"><span style=\"font-family:&quot;Calibri&quot;,sans-serif\"><a href=\"https:\/\/noticias.portaldaindustria.com.br\/noticias\/economia\/confianca-oscila-entre-os-setores-industriais-avalia-cni\/\" style=\"color:blue; text-decoration:underline\"><span style=\"font-size:14.0pt\">Confian&ccedil;a oscila entre os setores industriais, avalia CNI<\/span><\/a><\/span><\/span><\/span><\/p>\r\n\r\n<p style=\"text-align:justify\"><span style=\"font-size:11pt\"><span style=\"line-height:normal\"><span style=\"font-family:&quot;Calibri&quot;,sans-serif\"><a href=\"http:\/\/www.revistaanamaco.com.br\/desemprego-estavel?utm_campaign=Revista+Anamaco+Online&amp;utm_content=Desemprego+est%C3%A1vel+-+Revista+Anamaco+%286%29&amp;utm_medium=email&amp;utm_source=EmailMarketing&amp;utm_term=Revista+Anamaco+Online-Newsletter%2322-2023\" style=\"color:blue; text-decoration:underline\"><span style=\"font-size:14.0pt\">Desemprego est&aacute;vel<\/span><\/a><\/span><\/span><\/span><\/p>\r\n\r\n<p style=\"text-align:justify\"><span style=\"font-size:11pt\"><span style=\"line-height:normal\"><span style=\"font-family:&quot;Calibri&quot;,sans-serif\"><a href=\"https:\/\/grandesconstrucoes.com.br\/Noticias\/Exibir\/taxa-selic-alta-impacta-a-construcao-civil?utm_source=akna&amp;utm_medium=email&amp;utm_campaign=23-03-23-Grandes-Construcoes-Informativo-854&amp;utm_source=akna&amp;utm_medium=email&amp;utm_campaign=23-03-23-Grandes-Construcoes-Informativo-854\" style=\"color:blue; text-decoration:underline\"><span style=\"font-size:14.0pt\">Taxa Selic alta impacta a constru&ccedil;&atilde;o civil<\/span><\/a><\/span><\/span><\/span><\/p>\r\n","texto_en":"","7":"","imagem":"COMP_banner-padrao-home-destaques-boletim-2023_202303281146179cDUS436pN.jpeg","8":"COMP_banner-padrao-home-destaques-boletim-2023_202303281146179cDUS436pN.jpeg","arquivo":"20230328-NOTICIAS-SEMANAIS.PDF","9":"20230328-NOTICIAS-SEMANAIS.PDF","titulo_arquivo":"","10":"","titulo_arquivo_en":"","11":"","created_at":"2023-03-28 11:46:26","12":"2023-03-28 11:46:26","updated_at":"2023-03-28 11:46:26","13":"2023-03-28 11:46:26"},{"id":57,"0":57,"ordem":166,"1":166,"data":"2023-03-21","2":"2023-03-21","slug":"boletim-de-noticias-semanais-54","3":"boletim-de-noticias-semanais-54","titulo":"Boletim de Not\u00edcias Semanais","4":"Boletim de Not\u00edcias Semanais","titulo_en":"","5":"","texto":"<p style=\"text-align:justify\"><span style=\"font-size:11pt\"><span style=\"line-height:normal\"><span style=\"font-family:&quot;Calibri&quot;,sans-serif\"><span style=\"font-size:14.0pt\">Esta &eacute; uma compila&ccedil;&atilde;o das not&iacute;cias mais relevantes para o setor, incluindo informa&ccedil;&otilde;es sobre acordos internacionais, economia brasileira, sustentabilidade e mat&eacute;rias primas, al&eacute;m de novidades do setor de N&atilde;otecidos e Tecidos T&eacute;cnicos.<\/span><\/span><\/span><\/span><\/p>\r\n\r\n<p class=\"MsoTitleCxSpMiddle\" style=\"text-align:justify\"><span style=\"font-size:28pt\"><span style=\"font-family:&quot;Cambria&quot;,serif\"><span style=\"letter-spacing:-0.5pt\"><b><span style=\"font-size:18.0pt\"><span style=\"font-family:&quot;Calibri&quot;,sans-serif\"><span style=\"font-variant:small-caps\">A&ccedil;&otilde;es da ABINT<\/span><\/span><\/span><\/b><\/span><\/span><\/span><\/p>\r\n\r\n<p class=\"MsoTitleCxSpLast\" style=\"text-align:justify\"><img src=\"https:\/\/www.abint.org.br\/assets\/img\/editor\/ctg-patrocinador-regeo-2023_20230321182928VDaz856kQ3.jpeg\" style=\"width: 500px; height: 500px;\" \/><\/p>\r\n\r\n<p style=\"text-align:justify\"><span style=\"font-size:11pt\"><span style=\"line-height:normal\"><span style=\"font-family:&quot;Calibri&quot;,sans-serif\"><b><span style=\"font-size:14.0pt\"><span style=\"font-variant:small-caps\">O CTG ABINT <\/span><\/span><\/b><b><span style=\"font-size:14.0pt\">marcar&aacute; presen&ccedil;a<\/span><\/b><span style=\"font-size:14.0pt\"> nos eventos <b>X Congresso Brasileiro de Geotecnia Ambiental &amp; IX Congresso Brasileiro de Geossint&eacute;ticos - REGEO&rsquo;23 &amp; Geossint&eacute;ticos&rsquo;23<\/b>, que ocorrer&atilde;o de 18 a 21 de julho de 2023, Centro Universit&aacute;rio Jorge Amado &ndash; UNIJORGE, Salvador, BA. <\/span><a href=\"https:\/\/regeogeossinteticos23.com.br\/\" style=\"color:blue; text-decoration:underline\"><span style=\"font-size:14.0pt\">Mais informa&ccedil;&otilde;es e inscri&ccedil;&otilde;es<\/span><\/a><\/span><\/span><\/span><\/p>\r\n\r\n<p style=\"text-align:justify\"><img src=\"https:\/\/www.abint.org.br\/assets\/img\/editor\/minicurso-fernando-regeo-2023_20230321183044A3DDyPi1u4.jpeg\" style=\"width: 500px; height: 500px;\" \/><\/p>\r\n\r\n<p style=\"text-align:justify\"><span style=\"font-size:28pt\"><span style=\"font-family:&quot;Cambria&quot;,serif\"><span style=\"letter-spacing:-0.5pt\"><b><span style=\"font-size:14.0pt\"><span style=\"font-family:&quot;Calibri&quot;,sans-serif\"><span style=\"letter-spacing:0pt\">O Eng. Fernando Lavoie, Coordenador do CTG ABINT<\/span><\/span><\/span><\/b><span style=\"font-size:14.0pt\"><span style=\"font-family:&quot;Calibri&quot;,sans-serif\"><span style=\"letter-spacing:0pt\">, ministrar&aacute; <b>Minicurso<\/b> durante o <b>Regeo&rsquo;23 &amp; Geossint&eacute;ticos&rsquo;23<\/b>. <\/span><\/span><\/span><\/span><\/span><\/span><span style=\"font-size:11.0pt\"><span style=\"line-height:115%\"><span style=\"font-family:&quot;Calibri&quot;,sans-serif\"><a href=\"https:\/\/regeogeossinteticos23.com.br\/inscricoes\/\" style=\"color:blue; text-decoration:underline\"><span style=\"font-size:14.0pt\"><span style=\"line-height:115%\">Inscreva-se!<\/span><\/span><\/a><\/span><\/span><\/span><\/p>\r\n\r\n<p style=\"text-align:justify\"><span style=\"font-size:11.0pt\"><span style=\"line-height:115%\"><span style=\"font-family:&quot;Calibri&quot;,sans-serif\"><span style=\"font-size:14.0pt\"><span style=\"line-height:115%\"><img src=\"https:\/\/www.abint.org.br\/assets\/img\/editor\/premio-tcc-ic-2023-arte-5_20230321183150AFnFpTFRL5.png\" style=\"width: 500px; height: 500px;\" \/><\/span><\/span><\/span><\/span><\/span><\/p>\r\n\r\n<p style=\"text-align:justify\"><span style=\"font-size:11.0pt\"><span style=\"line-height:normal\"><span style=\"font-family:&quot;Calibri&quot;,sans-serif\"><strong><span style=\"font-size:14.0pt\"><span style=\"font-family:&quot;Calibri&quot;,sans-serif\">O CTG ABINT e a IGS BRASIL <\/span><\/span><\/strong><span style=\"font-size:14.0pt\">convidam aqueles que desenvolveram trabalhos acad&ecirc;micos relacionados aos geossint&eacute;ticos a participarem&nbsp;de mais uma edi&ccedil;&atilde;o do Pr&ecirc;mio TCC\/IC. <\/span><\/span><\/span><span style=\"line-height:115%\"><span style=\"font-family:&quot;Calibri&quot;,sans-serif\"><a href=\"https:\/\/abint.us2.list-manage.com\/track\/click?u=88818ac6bf44316570fc1bc2f&amp;id=46b014bcf1&amp;e=626265ad22\" style=\"color:blue; text-decoration:underline\" target=\"_blank\"><span style=\"font-size:14.0pt\"><span style=\"line-height:115%\"><span style=\"color:blue\">Mais informa&ccedil;&otilde;es e inscri&ccedil;&otilde;es<\/span><\/span><\/span><\/a><\/span><\/span><\/span><\/p>\r\n\r\n<p style=\"text-align:justify\">&nbsp;<\/p>\r\n\r\n<p style=\"text-align:justify\"><span style=\"font-size:11.0pt\"><span style=\"line-height:115%\"><span style=\"font-family:&quot;Calibri&quot;,sans-serif\"><span style=\"font-size:14.0pt\"><span style=\"line-height:115%\"><span style=\"color:blue\"><img src=\"https:\/\/www.abint.org.br\/assets\/img\/editor\/itma-2023-abint-english-417x250_20230321183241QKUPqaMNCr.jpg\" style=\"width: 500px; height: 300px;\" \/><\/span><\/span><\/span><\/span><\/span><\/span><\/p>\r\n\r\n<p style=\"text-align:justify\"><span style=\"font-size:11pt\"><span style=\"line-height:normal\"><span style=\"font-family:&quot;Calibri&quot;,sans-serif\"><b><span style=\"font-size:14.0pt\">A ABINT apoia a ITMA 2023<\/span><\/b><\/span><\/span><\/span><\/p>\r\n\r\n<p style=\"text-align:justify\"><span style=\"font-size:14.0pt\"><span style=\"line-height:115%\"><span style=\"font-family:&quot;Calibri&quot;,sans-serif\">A 19&ordf; edi&ccedil;&atilde;o da maior exposi&ccedil;&atilde;o internacional de tecnologia t&ecirc;xtil e de vestu&aacute;rio do mundo acontecer&aacute; em Mil&atilde;o, It&aacute;lia, de 08 a 14 de junho de 2023. <\/span><\/span><\/span><span style=\"font-size:11.0pt\"><span style=\"line-height:115%\"><span style=\"font-family:&quot;Calibri&quot;,sans-serif\"><a href=\"https:\/\/itma.com\/\" style=\"color:blue; text-decoration:underline\"><span style=\"font-size:14.0pt\"><span style=\"line-height:115%\">Informa&ccedil;&otilde;es<\/span><\/span><\/a><\/span><\/span><\/span><\/p>\r\n\r\n<p style=\"text-align:justify\"><span style=\"font-size:11pt\"><span style=\"line-height:normal\"><span style=\"font-family:&quot;Calibri&quot;,sans-serif\"><b><span style=\"font-size:18.0pt\"><span style=\"font-variant:small-caps\">Eventos<\/span><\/span><\/b><\/span><\/span><\/span><\/p>\r\n\r\n<p style=\"text-align:justify\"><span style=\"font-size:11pt\"><span style=\"line-height:normal\"><span style=\"font-family:&quot;Calibri&quot;,sans-serif\"><b><span style=\"font-size:14.0pt\">AESabesp | ESG &ndash; Teoria e Pr&aacute;tica no Setor de Saneamento<\/span><\/b><span style=\"font-size:14.0pt\">, 27 de mar&ccedil;o de 2023, 14h00 &agrave;s 17h00.<\/span> <a href=\"https:\/\/www.aesabesp.org.br\/events\/esg-teoria-e-pratica-no-setor-de-saneamento-turma-03\/\" style=\"color:blue; text-decoration:underline\"><span style=\"font-size:14.0pt\">Informa&ccedil;&otilde;es<\/span><\/a> <\/span><\/span><\/span><\/p>\r\n\r\n<p style=\"text-align:justify\"><span style=\"font-size:11pt\"><span style=\"line-height:normal\"><span style=\"font-family:&quot;Calibri&quot;,sans-serif\"><b><span style=\"font-size:14.0pt\">Pl&aacute;stico Brasil &ndash; Feira Internacional do Pl&aacute;stico<\/span><\/b><span style=\"font-size:14.0pt\">, 27 a 31 de mar&ccedil;o de 2023, S&atilde;o Paulo Expo. <\/span><a href=\"https:\/\/www.plasticobrasil.com.br\/pt\/home.html\" style=\"color:blue; text-decoration:underline\"><span style=\"font-size:14.0pt\">Informa&ccedil;&otilde;es<\/span><\/a><\/span><\/span><\/span><\/p>\r\n\r\n<p style=\"text-align:justify\"><span style=\"font-size:11pt\"><span style=\"line-height:normal\"><span style=\"font-family:&quot;Calibri&quot;,sans-serif\"><b><span style=\"font-size:14.0pt\">ANAHP | Observat&oacute;rio 2023<\/span><\/b><span style=\"font-size:14.0pt\">, 30 de mar&ccedil;o de 2023, &agrave;s 18h00, transmiss&atilde;o ao vivo pelo site da Anahp. <\/span><a href=\"https:\/\/conteudo.anahp.com.br\/observatorio-2023?utm_campaign=observatorio_-_participantes&amp;utm_medium=email&amp;utm_source=RD+Station\" style=\"color:blue; text-decoration:underline\"><span style=\"font-size:14.0pt\">Informa&ccedil;&otilde;es<\/span><\/a> <\/span><\/span><\/span><\/p>\r\n\r\n<p style=\"text-align:justify\"><span style=\"font-size:11pt\"><span style=\"line-height:normal\"><span style=\"font-family:&quot;Calibri&quot;,sans-serif\"><b><span style=\"font-size:14.0pt\">FGV IBRE | &quot;Progressividade tribut&aacute;ria e crescimento econ&ocirc;mico<\/span><\/b><span style=\"font-size:14.0pt\">, 30 de mar&ccedil;o de 2023, 10h00 &agrave;s 11h30, evento presencial<\/span><span class=\"MsoHyperlink\" style=\"color:blue\"><span style=\"text-decoration:underline\"><span style=\"font-size:14.0pt\"><span style=\"text-decoration:none\"><span style=\"text-underline:none\">. <\/span><\/span><\/span><\/span><\/span><a href=\"http:\/\/clickb.e2b.fgv.br\/Redir?50c2eb9b5af80abffcb85520bed355f5&amp;74c414f72bf92cdd222e3eed1ce8d567\" style=\"color:blue; text-decoration:underline\"><span style=\"font-size:14.0pt\">Informa&ccedil;&otilde;es<\/span><\/a> <\/span><\/span><\/span><\/p>\r\n\r\n<p style=\"text-align:justify\"><span style=\"font-size:11pt\"><span style=\"line-height:normal\"><span style=\"font-family:&quot;Calibri&quot;,sans-serif\"><b><span style=\"font-size:14.0pt\">SEBRAE\/ CNI | 8&ordm; Pr&ecirc;mio Nacional de Inova&ccedil;&atilde;o<\/span><\/b><span class=\"MsoHyperlink\" style=\"color:blue\"><span style=\"text-decoration:underline\"><span style=\"font-size:14.0pt\"><span style=\"text-decoration:none\"><span style=\"text-underline:none\">, <\/span><\/span><\/span><\/span><\/span><a href=\"http:\/\/clickemail.certi.org.br\/ls\/click?upn=qf3LyHpl8LeVYtNekkUOHz5Tw-2BYm-2B5wj-2B4B8dGVycnZ3Qry-2B1cN06SmEFsy4JbkKM5iuOGCWlMVru8GFUX8Y-2FytJyfuaJy70PKSSxrMofN1k86c8aNhmZ02nxvM26F-2FVX3aVc8vK9kQXoxSC687Bd0wN0xsExvz7XzPJWt0X3I7at9JnqZlhiCJbX4BsH7XSvear_tqHjg6cfaRSg1CBjD1fvQItTx-2FVk7mZ1cKimmosIzOflDgoI1YEzwT-2B-2FSs4P-2Fhr5dj2N4HBE5-2BMuWW3L5EhzRXHFsK0ghaoEfXZnJcVJvrg5O83r6kAbQaM3GUta6dqR1vb-2F8OTIA1ZZ9CzGwGHVIMYHIOA4L-2Fhxzu3UV68cFWHbtL6815THAuLMlLgmjwicfWn-2BiRwj1RFWn2oQbvdZCvF2XdMjCSbgIHNaT0wT5pohaYB3dkzcKAIzUkB5eBhelpEK6yEUf1iu5gx-2FuAK-2F1aohVNAyqnkNv4YSTXHJ563abUgOP6pbReciPn052-2FWqocPTgLDJbJyYFUbVulRuaPSlVsV02B24TaNRsg34v7q-2BzAqKMBbFAVRw7LGeovyWCWJp2RlbX3YqUWAM2NSnn94mKwTAeAy-2B3oIXH-2FmoRv14rVgp36eslkQRM-2BlncdU3aEXJeE-2FIotzMaYApAcgCGvkejz2jKIv9ba-2FFLDlZGdmsDx8tThkA3zYAaewA2jWt7JP3aSDhtEgHRBHusm3uxdv0VBYHvZz-2BWdPLZ-2FToZ8TYnz2MUpbFYmVOnytf-2BkVbnsVv0Zz1-2BjAIzMcTsId-2FDbO7lNTSSfcOzr-2B4w4BT7BV8ljX3xvhBOQEFvv3igrUxRsfTQJNaByZybRfy4cLRGyL0HrxsQAQNHbuvyj2kcZk-3D\" style=\"color:blue; text-decoration:underline\"><span style=\"font-size:14.0pt\">INSCREVA-SE<\/span><\/a> <span style=\"font-size:14.0pt\">at&eacute; 31 de mar&ccedil;o de 2023<\/span><\/span><\/span><\/span><\/p>\r\n\r\n<p style=\"text-align:justify\"><span style=\"font-size:11pt\"><span style=\"line-height:normal\"><span style=\"font-family:&quot;Calibri&quot;,sans-serif\"><b><span style=\"font-size:14.0pt\">NasceCME | Dia Internacional da Ci&ecirc;ncia da Esteriliza&ccedil;&atilde;o &ndash; Equipes t&eacute;cnicas qualificadas e as interfaces com processos e pr&aacute;ticas seguras<\/span><\/b><span style=\"font-size:14.0pt\">, 14 e 15 de abril de 2023, Golden Tulip, S&atilde;o Jos&eacute; dos Campos<\/span><span class=\"MsoHyperlink\" style=\"color:blue\"><span style=\"text-decoration:underline\"><span style=\"font-size:14.0pt\"><span style=\"text-decoration:none\"><span style=\"text-underline:none\">. <\/span><\/span><\/span><\/span><\/span><a href=\"https:\/\/www.sympla.com.br\/evento\/dia-internacional-da-ciencia-da-esterilizacao\/1866685?_gl=1*103ko68*_ga*MTk0NjU1Njc3Ni4xNjc1MTc5Mzkz*_ga_KXH10SQTZF*MTY3NTg3MzM2NS45LjEuMTY3NTg3MzQ0My4wLjAuMA..\" style=\"color:blue; text-decoration:underline\"><span style=\"font-size:14.0pt\">Informa&ccedil;&otilde;es<\/span><\/a> <\/span><\/span><\/span><\/p>\r\n\r\n<p style=\"text-align:justify\"><span style=\"font-size:11pt\"><span style=\"line-height:normal\"><span style=\"font-family:&quot;Calibri&quot;,sans-serif\"><b><span style=\"font-size:14.0pt\">INDEX 2023<\/span><\/b><span style=\"font-size:14.0pt\">, 18 a 21 de abril, Palexpo, Genebra, Su&iacute;&ccedil;a<b>.<\/b><\/span> <a href=\"https:\/\/www.indexnonwovens.com\/en\/\" style=\"color:blue; text-decoration:underline\"><span style=\"font-size:14.0pt\">Informa&ccedil;&otilde;es<\/span><\/a><\/span><\/span><\/span><\/p>\r\n\r\n<p style=\"text-align:justify\"><span style=\"font-size:11pt\"><span style=\"line-height:normal\"><span style=\"font-family:&quot;Calibri&quot;,sans-serif\"><b><span style=\"font-size:14.0pt\">SENAI CETIQT | Programa de Desenvolvimento Setorial T&ecirc;xtil<\/span><\/b><span style=\"font-size:14.0pt\">, acesse <\/span><a href=\"https:\/\/materiais.senaicetiqt.com\/lp_programa-de-desenvolvimento-setorial?utm_campaign=senai_cetiqt_e_abit__pds_textil__2_envio&amp;utm_medium=email&amp;utm_source=RD+Station\" style=\"color:blue; text-decoration:underline\"><span style=\"font-size:14.0pt\">aqui<\/span><\/a><span style=\"font-size:14.0pt\"> para mais informa&ccedil;&otilde;es<\/span><\/span><\/span><\/span><\/p>\r\n\r\n<p style=\"text-align:justify\"><span style=\"font-size:11pt\"><span style=\"line-height:normal\"><span style=\"font-family:&quot;Calibri&quot;,sans-serif\"><b><span style=\"font-size:14.0pt\">SENAI-SP | Jornada da Transforma&ccedil;&atilde;o Digital<\/span><\/b><span style=\"font-size:14.0pt\">, clique <\/span><a href=\"https:\/\/jornadadigital-cadastro.sp.senai.br\/tenho-interesse?utm_source=emkt&amp;utm_medium=emkt&amp;utm_campaign=jornada+de+transformacao+digital+tenho+interesse&amp;utm_id=jornada+de+transformacao+digital+tenho+interesse&amp;\" style=\"color:blue; text-decoration:underline\"><span style=\"font-size:14.0pt\">aqui<\/span><\/a><span style=\"font-size:14.0pt\"> para mais detalhes<\/span><\/span><\/span><\/span><\/p>\r\n\r\n<p style=\"text-align:justify\"><span style=\"font-size:11pt\"><span style=\"line-height:normal\"><span style=\"font-family:&quot;Calibri&quot;,sans-serif\"><a href=\"https:\/\/www.magnetmail.net\/actions\/email_web_version.cfm?ep=nY1qAgSybIYAtXkUlomjGTvozlxP9uwHcN55F0MkytH2RClGE8usJiNt1Arjq6T9h3o4FMnFZvw194A5gVh0cidsrPTck3kKnIiEDOLIT1krQCou4boq3j9g-8jm_6Vc\" style=\"color:blue; text-decoration:underline\"><span style=\"font-size:14.0pt\">INDA | 2023 Calendar of Events<\/span><\/a><\/span><\/span><\/span><\/p>\r\n\r\n<p class=\"MsoTitle\" style=\"text-align:justify\"><span style=\"font-size:28pt\"><span style=\"font-family:&quot;Cambria&quot;,serif\"><span style=\"letter-spacing:-0.5pt\"><b><span style=\"font-size:18.0pt\"><span style=\"font-family:&quot;Calibri&quot;,sans-serif\"><span style=\"font-variant:small-caps\">Setor<\/span><\/span><\/span><\/b><\/span><\/span><\/span><\/p>\r\n\r\n<p style=\"text-align:justify\"><span style=\"font-size:11pt\"><span style=\"line-height:normal\"><span style=\"font-family:&quot;Calibri&quot;,sans-serif\"><a href=\"https:\/\/www.meiofiltrante.com.br\/Noticia\/111684\/abint-abre-duas-novas-turmas-para-o-curso-presencial-sobre-a-tecnologia-de-naotecidos-\" style=\"color:blue; text-decoration:underline\"><span style=\"font-size:14.0pt\">ABINT abre duas novas turmas para o curso presencial sobre a Tecnologia de N&atilde;otecidos<\/span><\/a><\/span><\/span><\/span><\/p>\r\n\r\n<p style=\"text-align:justify\"><span style=\"font-size:11pt\"><span style=\"line-height:normal\"><span style=\"font-family:&quot;Calibri&quot;,sans-serif\"><a href=\"https:\/\/www.baguete.com.br\/noticias\/20\/03\/2023\/porto-alegre-tera-encontro-inedito-de-tecnologia-para-supply-chain\" style=\"color:blue; text-decoration:underline\"><span style=\"font-size:14.0pt\">Porto Alegre ter&aacute; encontro in&eacute;dito de tecnologia para supply chain<\/span><\/a><\/span><\/span><\/span><\/p>\r\n\r\n<p style=\"text-align:justify\"><span style=\"font-size:11pt\"><span style=\"line-height:normal\"><span style=\"font-family:&quot;Calibri&quot;,sans-serif\"><a href=\"https:\/\/www.innovationintextiles.com\/nonwovens\/period-of-readjustment-for-meltblown-nonwovens\/\" style=\"color:blue; text-decoration:underline\"><span style=\"font-size:14.0pt\">Period of readjustment for meltblown nonwovens<\/span><\/a><\/span><\/span><\/span><\/p>\r\n\r\n<p style=\"text-align:justify\"><span style=\"font-size:11pt\"><span style=\"line-height:normal\"><span style=\"font-family:&quot;Calibri&quot;,sans-serif\"><a href=\"https:\/\/www.innovationintextiles.com\/nonwovens\/berry-global-expands-building-wraps-range\/\" style=\"color:blue; text-decoration:underline\"><span style=\"font-size:14.0pt\">Berry Global expands building wraps range<\/span><\/a><\/span><\/span><\/span><\/p>\r\n\r\n<p style=\"text-align:justify\"><span style=\"font-size:11pt\"><span style=\"line-height:normal\"><span style=\"font-family:&quot;Calibri&quot;,sans-serif\"><a href=\"https:\/\/www.technicaltextile.net\/news\/trutzschler-boosts-production-footprint-in-china-286256.html\" style=\"color:blue; text-decoration:underline\"><span style=\"font-size:14.0pt\">Tr&uuml;tzschler boosts production footprint in China<\/span><\/a><\/span><\/span><\/span><\/p>\r\n\r\n<p class=\"MsoTitle\" style=\"text-align:justify\"><span style=\"font-size:28pt\"><span style=\"font-family:&quot;Cambria&quot;,serif\"><span style=\"letter-spacing:-0.5pt\"><b><span style=\"font-size:18.0pt\"><span style=\"font-family:&quot;Calibri&quot;,sans-serif\"><span style=\"font-variant:small-caps\">Ind&uacute;stria<\/span><\/span><\/span><\/b><\/span><\/span><\/span><\/p>\r\n\r\n<p style=\"text-align:justify\"><span style=\"font-size:11pt\"><span style=\"line-height:normal\"><span style=\"font-family:&quot;Calibri&quot;,sans-serif\"><a href=\"https:\/\/noticias.portaldaindustria.com.br\/noticias\/economia\/producao-industrial-apresenta-pior-evolucao-para-o-mes-de-fevereiro-desde-2017-aponta-cni\/\" style=\"color:blue; text-decoration:underline\"><span style=\"font-size:14.0pt\">Produ&ccedil;&atilde;o industrial apresenta pior evolu&ccedil;&atilde;o para o m&ecirc;s de fevereiro desde 2017, aponta CNI<\/span><\/a><\/span><\/span><\/span><\/p>\r\n\r\n<p style=\"text-align:justify\"><span style=\"font-size:11pt\"><span style=\"line-height:normal\"><span style=\"font-family:&quot;Calibri&quot;,sans-serif\"><a href=\"https:\/\/revistaoeste.com\/economia\/com-queda-nas-vendas-tres-montadoras-suspendem-producao\/\" style=\"color:blue; text-decoration:underline\"><span style=\"font-size:14.0pt\">Com queda nas vendas, 3 montadoras suspendem produ&ccedil;&atilde;o<\/span><\/a><\/span><\/span><\/span><\/p>\r\n\r\n<p style=\"text-align:justify\"><span style=\"font-size:11pt\"><span style=\"line-height:normal\"><span style=\"font-family:&quot;Calibri&quot;,sans-serif\"><a href=\"https:\/\/noticias.portaldaindustria.com.br\/noticias\/economia\/industria-da-construcao-voltou-a-apresentar-recuo-em-fevereiro-avalia-cni\/\" style=\"color:blue; text-decoration:underline\"><span style=\"font-size:14.0pt\">Ind&uacute;stria da constru&ccedil;&atilde;o voltou a apresentar recuo em fevereiro, avalia CNI<\/span><\/a><\/span><\/span><\/span><\/p>\r\n\r\n<p style=\"text-align:justify\"><span style=\"font-size:11pt\"><span style=\"line-height:normal\"><span style=\"font-family:&quot;Calibri&quot;,sans-serif\"><a href=\"https:\/\/www.comexdobrasil.com\/calcadistas-projetam-faturar-us-74-milhoes-com-participacao-em-feiras-internacionais-no-1o-trimestre\" style=\"color:blue; text-decoration:underline\"><span style=\"font-size:14.0pt\">Cal&ccedil;adistas projetam faturar US$ 74 milh&otilde;es com participa&ccedil;&atilde;o em feiras internacionais no 1&ordm;. trimestre<\/span><\/a><\/span><\/span><\/span><\/p>\r\n\r\n<p class=\"MsoTitle\" style=\"text-align:justify\"><span style=\"font-size:28pt\"><span style=\"font-family:&quot;Cambria&quot;,serif\"><span style=\"letter-spacing:-0.5pt\"><b><span style=\"font-size:18.0pt\"><span style=\"font-family:&quot;Calibri&quot;,sans-serif\"><span style=\"font-variant:small-caps\">Sustentabilidade<\/span><\/span><\/span><\/b><\/span><\/span><\/span><\/p>\r\n\r\n<p style=\"text-align:justify\"><span style=\"font-size:11pt\"><span style=\"line-height:normal\"><span style=\"font-family:&quot;Calibri&quot;,sans-serif\"><a href=\"http:\/\/textileindustry.ning.com\/forum\/topics\/o-s-culo-xxi-pede-estrat-gias-coordenadas-de-desenvolvimento\" style=\"color:blue; text-decoration:underline\"><span style=\"font-size:14.0pt\">O S&eacute;culo XXI pede estrat&eacute;gias coordenadas de desenvolvimento sustent&aacute;vel<\/span><\/a><\/span><\/span><\/span><\/p>\r\n\r\n<p style=\"text-align:justify\"><span style=\"font-size:11pt\"><span style=\"line-height:normal\"><span style=\"font-family:&quot;Calibri&quot;,sans-serif\"><a href=\"https:\/\/www.gov.br\/ana\/pt-br\/assuntos\/noticias-e-eventos\/noticias\/ana-e-ministerio-do-meio-ambiente-e-mudanca-do-clima-debatem-recursos-hidricos-e-saneamento-basico-em-celebracao-ao-dia-mundial-da-agua\" style=\"color:blue; text-decoration:underline\"><span style=\"font-size:14.0pt\">ANA e MMA debatem recursos h&iacute;dricos e saneamento b&aacute;sico em celebra&ccedil;&atilde;o ao Dia Mundial da &Aacute;gua<\/span><\/a><\/span><\/span><\/span><\/p>\r\n\r\n<p style=\"text-align:justify\"><span style=\"font-size:11pt\"><span style=\"line-height:normal\"><span style=\"font-family:&quot;Calibri&quot;,sans-serif\"><a href=\"http:\/\/textileindustry.ning.com\/forum\/topics\/bioeconomia-uma-das-apostas-do-par-para-aliar-desenvolvimento\" style=\"color:blue; text-decoration:underline\"><span style=\"font-size:14.0pt\">Bioeconomia &eacute; uma das apostas do Par&aacute; para aliar desenvolvimento econ&ocirc;mico com metas de preserva&ccedil;&atilde;o<\/span><\/a><\/span><\/span><\/span><\/p>\r\n\r\n<p class=\"MsoTitle\" style=\"text-align:justify\"><span style=\"font-size:28pt\"><span style=\"font-family:&quot;Cambria&quot;,serif\"><span style=\"letter-spacing:-0.5pt\"><b><span style=\"font-size:18.0pt\"><span style=\"font-family:&quot;Calibri&quot;,sans-serif\"><span style=\"font-variant:small-caps\">Inova&ccedil;&atilde;o<\/span><\/span><\/span><\/b><\/span><\/span><\/span><\/p>\r\n\r\n<p style=\"text-align:justify\"><span style=\"font-size:11pt\"><span style=\"line-height:normal\"><span style=\"font-family:&quot;Calibri&quot;,sans-serif\"><a href=\"https:\/\/www.gov.br\/mcti\/pt-br\/acompanhe-o-mcti\/noticias\/2023\/03\/curativo-umido-tratamento-de-rejeitos-industriais-e-cadeira-de-rodas-conheca-projetos-a-base-de-grafeno-apoiados-pelo-mcti\" style=\"color:blue; text-decoration:underline\"><span style=\"font-size:14.0pt\">Curativo &uacute;mido, tratamento de rejeitos industriais e cadeira de rodas: conhe&ccedil;a projetos a base de grafeno apoiados pelo MCTI<\/span><\/a><\/span><\/span><\/span><\/p>\r\n\r\n<p class=\"MsoTitle\" style=\"text-align:justify\"><span style=\"font-size:28pt\"><span style=\"font-family:&quot;Cambria&quot;,serif\"><span style=\"letter-spacing:-0.5pt\"><b><span style=\"font-size:18.0pt\"><span style=\"font-family:&quot;Calibri&quot;,sans-serif\"><span style=\"font-variant:small-caps\">Com&eacute;rcio Exterior<\/span><\/span><\/span><\/b><\/span><\/span><\/span><\/p>\r\n\r\n<p style=\"text-align:justify\"><span style=\"font-size:11pt\"><span style=\"line-height:normal\"><span style=\"font-family:&quot;Calibri&quot;,sans-serif\"><a href=\"https:\/\/www.comexdobrasil.com\/mdic-traz-de-volta-tarifa-de-16-para-importacao-de-pneu-de-carga-e-resina\" style=\"color:blue; text-decoration:underline\"><span style=\"font-size:14.0pt\">MDIC traz de volta tarifa de 16% para importa&ccedil;&atilde;o de pneu de carga e resina<\/span><\/a><\/span><\/span><\/span><\/p>\r\n\r\n<p style=\"text-align:justify\"><span style=\"font-size:11pt\"><span style=\"line-height:normal\"><span style=\"font-family:&quot;Calibri&quot;,sans-serif\"><a href=\"https:\/\/br.fashionnetwork.com\/news\/Chile-entra-nos-mercados-alvo-da-industria-brasileira-de-calcados,1495843.html\" style=\"color:blue; text-decoration:underline\"><span style=\"font-size:14.0pt\">Chile entra nos mercados-alvo da ind&uacute;stria brasileira de cal&ccedil;ados<\/span><\/a><\/span><\/span><\/span><\/p>\r\n\r\n<p style=\"text-align:justify\"><span style=\"font-size:11pt\"><span style=\"line-height:normal\"><span style=\"font-family:&quot;Calibri&quot;,sans-serif\"><a href=\"https:\/\/portalibre.fgv.br\/system\/files\/2023-03\/icomex_fgv_press-release_marco2023_0.pdf\" style=\"color:blue; text-decoration:underline\"><span style=\"font-size:14.0pt\">FGV-IBRE | Indicador de Com&eacute;rcio Exterior - ICOMEX<\/span><\/a><\/span><\/span><\/span><\/p>\r\n\r\n<p class=\"MsoTitle\" style=\"text-align:justify\"><span style=\"font-size:28pt\"><span style=\"font-family:&quot;Cambria&quot;,serif\"><span style=\"letter-spacing:-0.5pt\"><b><span style=\"font-size:18.0pt\"><span style=\"font-family:&quot;Calibri&quot;,sans-serif\"><span style=\"font-variant:small-caps\">Economia<\/span><\/span><\/span><\/b><\/span><\/span><\/span><\/p>\r\n\r\n<p style=\"text-align:justify\"><span style=\"font-size:11pt\"><span style=\"line-height:normal\"><span style=\"font-family:&quot;Calibri&quot;,sans-serif\"><a href=\"https:\/\/www.bcb.gov.br\/content\/focus\/focus\/R20230317.pdf\" style=\"color:blue; text-decoration:underline\"><span style=\"font-size:14.0pt\">Focus - Relat&oacute;rio de Mercado<\/span><\/a><\/span><\/span><\/span><\/p>\r\n\r\n<p style=\"text-align:justify\"><span style=\"font-size:11pt\"><span style=\"line-height:normal\"><span style=\"font-family:&quot;Calibri&quot;,sans-serif\"><a href=\"https:\/\/agenciabrasil.ebc.com.br\/economia\/noticia\/2023-03\/presidente-da-fiesp-diz-que-taxas-de-juros-no-brasil-sao-pornograficas\" style=\"color:blue; text-decoration:underline\"><span style=\"font-size:14.0pt\">Presidente da Fiesp diz que Selic a 13,75% &eacute; &#39;pornogr&aacute;fica&#39;<\/span><\/a><\/span><\/span><\/span><\/p>\r\n\r\n<p style=\"text-align:justify\"><span style=\"font-size:11pt\"><span style=\"line-height:normal\"><span style=\"font-family:&quot;Calibri&quot;,sans-serif\"><a href=\"https:\/\/www.terra.com.br\/economia\/dinheiro-em-acao\/bndes-desembolso-para-bens-de-capital-salta-45-em-2022-mas-ainda-e-insuficiente-diz-setor,2c9c65b331815a42b4a1efb5156644e2te2xotej.html\" style=\"color:blue; text-decoration:underline\"><span style=\"font-size:14.0pt\">BNDES: desembolso para bens de capital salta 45% em 2022, mas ainda &eacute; insuficiente, diz setor<\/span><\/a><\/span><\/span><\/span><\/p>\r\n","6":"<p style=\"text-align:justify\"><span style=\"font-size:11pt\"><span style=\"line-height:normal\"><span style=\"font-family:&quot;Calibri&quot;,sans-serif\"><span style=\"font-size:14.0pt\">Esta &eacute; uma compila&ccedil;&atilde;o das not&iacute;cias mais relevantes para o setor, incluindo informa&ccedil;&otilde;es sobre acordos internacionais, economia brasileira, sustentabilidade e mat&eacute;rias primas, al&eacute;m de novidades do setor de N&atilde;otecidos e Tecidos T&eacute;cnicos.<\/span><\/span><\/span><\/span><\/p>\r\n\r\n<p class=\"MsoTitleCxSpMiddle\" style=\"text-align:justify\"><span style=\"font-size:28pt\"><span style=\"font-family:&quot;Cambria&quot;,serif\"><span style=\"letter-spacing:-0.5pt\"><b><span style=\"font-size:18.0pt\"><span style=\"font-family:&quot;Calibri&quot;,sans-serif\"><span style=\"font-variant:small-caps\">A&ccedil;&otilde;es da ABINT<\/span><\/span><\/span><\/b><\/span><\/span><\/span><\/p>\r\n\r\n<p class=\"MsoTitleCxSpLast\" style=\"text-align:justify\"><img src=\"https:\/\/www.abint.org.br\/assets\/img\/editor\/ctg-patrocinador-regeo-2023_20230321182928VDaz856kQ3.jpeg\" style=\"width: 500px; height: 500px;\" \/><\/p>\r\n\r\n<p style=\"text-align:justify\"><span style=\"font-size:11pt\"><span style=\"line-height:normal\"><span style=\"font-family:&quot;Calibri&quot;,sans-serif\"><b><span style=\"font-size:14.0pt\"><span style=\"font-variant:small-caps\">O CTG ABINT <\/span><\/span><\/b><b><span style=\"font-size:14.0pt\">marcar&aacute; presen&ccedil;a<\/span><\/b><span style=\"font-size:14.0pt\"> nos eventos <b>X Congresso Brasileiro de Geotecnia Ambiental &amp; IX Congresso Brasileiro de Geossint&eacute;ticos - REGEO&rsquo;23 &amp; Geossint&eacute;ticos&rsquo;23<\/b>, que ocorrer&atilde;o de 18 a 21 de julho de 2023, Centro Universit&aacute;rio Jorge Amado &ndash; UNIJORGE, Salvador, BA. <\/span><a href=\"https:\/\/regeogeossinteticos23.com.br\/\" style=\"color:blue; text-decoration:underline\"><span style=\"font-size:14.0pt\">Mais informa&ccedil;&otilde;es e inscri&ccedil;&otilde;es<\/span><\/a><\/span><\/span><\/span><\/p>\r\n\r\n<p style=\"text-align:justify\"><img src=\"https:\/\/www.abint.org.br\/assets\/img\/editor\/minicurso-fernando-regeo-2023_20230321183044A3DDyPi1u4.jpeg\" style=\"width: 500px; height: 500px;\" \/><\/p>\r\n\r\n<p style=\"text-align:justify\"><span style=\"font-size:28pt\"><span style=\"font-family:&quot;Cambria&quot;,serif\"><span style=\"letter-spacing:-0.5pt\"><b><span style=\"font-size:14.0pt\"><span style=\"font-family:&quot;Calibri&quot;,sans-serif\"><span style=\"letter-spacing:0pt\">O Eng. Fernando Lavoie, Coordenador do CTG ABINT<\/span><\/span><\/span><\/b><span style=\"font-size:14.0pt\"><span style=\"font-family:&quot;Calibri&quot;,sans-serif\"><span style=\"letter-spacing:0pt\">, ministrar&aacute; <b>Minicurso<\/b> durante o <b>Regeo&rsquo;23 &amp; Geossint&eacute;ticos&rsquo;23<\/b>. <\/span><\/span><\/span><\/span><\/span><\/span><span style=\"font-size:11.0pt\"><span style=\"line-height:115%\"><span style=\"font-family:&quot;Calibri&quot;,sans-serif\"><a href=\"https:\/\/regeogeossinteticos23.com.br\/inscricoes\/\" style=\"color:blue; text-decoration:underline\"><span style=\"font-size:14.0pt\"><span style=\"line-height:115%\">Inscreva-se!<\/span><\/span><\/a><\/span><\/span><\/span><\/p>\r\n\r\n<p style=\"text-align:justify\"><span style=\"font-size:11.0pt\"><span style=\"line-height:115%\"><span style=\"font-family:&quot;Calibri&quot;,sans-serif\"><span style=\"font-size:14.0pt\"><span style=\"line-height:115%\"><img src=\"https:\/\/www.abint.org.br\/assets\/img\/editor\/premio-tcc-ic-2023-arte-5_20230321183150AFnFpTFRL5.png\" style=\"width: 500px; height: 500px;\" \/><\/span><\/span><\/span><\/span><\/span><\/p>\r\n\r\n<p style=\"text-align:justify\"><span style=\"font-size:11.0pt\"><span style=\"line-height:normal\"><span style=\"font-family:&quot;Calibri&quot;,sans-serif\"><strong><span style=\"font-size:14.0pt\"><span style=\"font-family:&quot;Calibri&quot;,sans-serif\">O CTG ABINT e a IGS BRASIL <\/span><\/span><\/strong><span style=\"font-size:14.0pt\">convidam aqueles que desenvolveram trabalhos acad&ecirc;micos relacionados aos geossint&eacute;ticos a participarem&nbsp;de mais uma edi&ccedil;&atilde;o do Pr&ecirc;mio TCC\/IC. <\/span><\/span><\/span><span style=\"line-height:115%\"><span style=\"font-family:&quot;Calibri&quot;,sans-serif\"><a href=\"https:\/\/abint.us2.list-manage.com\/track\/click?u=88818ac6bf44316570fc1bc2f&amp;id=46b014bcf1&amp;e=626265ad22\" style=\"color:blue; text-decoration:underline\" target=\"_blank\"><span style=\"font-size:14.0pt\"><span style=\"line-height:115%\"><span style=\"color:blue\">Mais informa&ccedil;&otilde;es e inscri&ccedil;&otilde;es<\/span><\/span><\/span><\/a><\/span><\/span><\/span><\/p>\r\n\r\n<p style=\"text-align:justify\">&nbsp;<\/p>\r\n\r\n<p style=\"text-align:justify\"><span style=\"font-size:11.0pt\"><span style=\"line-height:115%\"><span style=\"font-family:&quot;Calibri&quot;,sans-serif\"><span style=\"font-size:14.0pt\"><span style=\"line-height:115%\"><span style=\"color:blue\"><img src=\"https:\/\/www.abint.org.br\/assets\/img\/editor\/itma-2023-abint-english-417x250_20230321183241QKUPqaMNCr.jpg\" style=\"width: 500px; height: 300px;\" \/><\/span><\/span><\/span><\/span><\/span><\/span><\/p>\r\n\r\n<p style=\"text-align:justify\"><span style=\"font-size:11pt\"><span style=\"line-height:normal\"><span style=\"font-family:&quot;Calibri&quot;,sans-serif\"><b><span style=\"font-size:14.0pt\">A ABINT apoia a ITMA 2023<\/span><\/b><\/span><\/span><\/span><\/p>\r\n\r\n<p style=\"text-align:justify\"><span style=\"font-size:14.0pt\"><span style=\"line-height:115%\"><span style=\"font-family:&quot;Calibri&quot;,sans-serif\">A 19&ordf; edi&ccedil;&atilde;o da maior exposi&ccedil;&atilde;o internacional de tecnologia t&ecirc;xtil e de vestu&aacute;rio do mundo acontecer&aacute; em Mil&atilde;o, It&aacute;lia, de 08 a 14 de junho de 2023. <\/span><\/span><\/span><span style=\"font-size:11.0pt\"><span style=\"line-height:115%\"><span style=\"font-family:&quot;Calibri&quot;,sans-serif\"><a href=\"https:\/\/itma.com\/\" style=\"color:blue; text-decoration:underline\"><span style=\"font-size:14.0pt\"><span style=\"line-height:115%\">Informa&ccedil;&otilde;es<\/span><\/span><\/a><\/span><\/span><\/span><\/p>\r\n\r\n<p style=\"text-align:justify\"><span style=\"font-size:11pt\"><span style=\"line-height:normal\"><span style=\"font-family:&quot;Calibri&quot;,sans-serif\"><b><span style=\"font-size:18.0pt\"><span style=\"font-variant:small-caps\">Eventos<\/span><\/span><\/b><\/span><\/span><\/span><\/p>\r\n\r\n<p style=\"text-align:justify\"><span style=\"font-size:11pt\"><span style=\"line-height:normal\"><span style=\"font-family:&quot;Calibri&quot;,sans-serif\"><b><span style=\"font-size:14.0pt\">AESabesp | ESG &ndash; Teoria e Pr&aacute;tica no Setor de Saneamento<\/span><\/b><span style=\"font-size:14.0pt\">, 27 de mar&ccedil;o de 2023, 14h00 &agrave;s 17h00.<\/span> <a href=\"https:\/\/www.aesabesp.org.br\/events\/esg-teoria-e-pratica-no-setor-de-saneamento-turma-03\/\" style=\"color:blue; text-decoration:underline\"><span style=\"font-size:14.0pt\">Informa&ccedil;&otilde;es<\/span><\/a> <\/span><\/span><\/span><\/p>\r\n\r\n<p style=\"text-align:justify\"><span style=\"font-size:11pt\"><span style=\"line-height:normal\"><span style=\"font-family:&quot;Calibri&quot;,sans-serif\"><b><span style=\"font-size:14.0pt\">Pl&aacute;stico Brasil &ndash; Feira Internacional do Pl&aacute;stico<\/span><\/b><span style=\"font-size:14.0pt\">, 27 a 31 de mar&ccedil;o de 2023, S&atilde;o Paulo Expo. <\/span><a href=\"https:\/\/www.plasticobrasil.com.br\/pt\/home.html\" style=\"color:blue; text-decoration:underline\"><span style=\"font-size:14.0pt\">Informa&ccedil;&otilde;es<\/span><\/a><\/span><\/span><\/span><\/p>\r\n\r\n<p style=\"text-align:justify\"><span style=\"font-size:11pt\"><span style=\"line-height:normal\"><span style=\"font-family:&quot;Calibri&quot;,sans-serif\"><b><span style=\"font-size:14.0pt\">ANAHP | Observat&oacute;rio 2023<\/span><\/b><span style=\"font-size:14.0pt\">, 30 de mar&ccedil;o de 2023, &agrave;s 18h00, transmiss&atilde;o ao vivo pelo site da Anahp. <\/span><a href=\"https:\/\/conteudo.anahp.com.br\/observatorio-2023?utm_campaign=observatorio_-_participantes&amp;utm_medium=email&amp;utm_source=RD+Station\" style=\"color:blue; text-decoration:underline\"><span style=\"font-size:14.0pt\">Informa&ccedil;&otilde;es<\/span><\/a> <\/span><\/span><\/span><\/p>\r\n\r\n<p style=\"text-align:justify\"><span style=\"font-size:11pt\"><span style=\"line-height:normal\"><span style=\"font-family:&quot;Calibri&quot;,sans-serif\"><b><span style=\"font-size:14.0pt\">FGV IBRE | &quot;Progressividade tribut&aacute;ria e crescimento econ&ocirc;mico<\/span><\/b><span style=\"font-size:14.0pt\">, 30 de mar&ccedil;o de 2023, 10h00 &agrave;s 11h30, evento presencial<\/span><span class=\"MsoHyperlink\" style=\"color:blue\"><span style=\"text-decoration:underline\"><span style=\"font-size:14.0pt\"><span style=\"text-decoration:none\"><span style=\"text-underline:none\">. <\/span><\/span><\/span><\/span><\/span><a href=\"http:\/\/clickb.e2b.fgv.br\/Redir?50c2eb9b5af80abffcb85520bed355f5&amp;74c414f72bf92cdd222e3eed1ce8d567\" style=\"color:blue; text-decoration:underline\"><span style=\"font-size:14.0pt\">Informa&ccedil;&otilde;es<\/span><\/a> <\/span><\/span><\/span><\/p>\r\n\r\n<p style=\"text-align:justify\"><span style=\"font-size:11pt\"><span style=\"line-height:normal\"><span style=\"font-family:&quot;Calibri&quot;,sans-serif\"><b><span style=\"font-size:14.0pt\">SEBRAE\/ CNI | 8&ordm; Pr&ecirc;mio Nacional de Inova&ccedil;&atilde;o<\/span><\/b><span class=\"MsoHyperlink\" style=\"color:blue\"><span style=\"text-decoration:underline\"><span style=\"font-size:14.0pt\"><span style=\"text-decoration:none\"><span style=\"text-underline:none\">, <\/span><\/span><\/span><\/span><\/span><a href=\"http:\/\/clickemail.certi.org.br\/ls\/click?upn=qf3LyHpl8LeVYtNekkUOHz5Tw-2BYm-2B5wj-2B4B8dGVycnZ3Qry-2B1cN06SmEFsy4JbkKM5iuOGCWlMVru8GFUX8Y-2FytJyfuaJy70PKSSxrMofN1k86c8aNhmZ02nxvM26F-2FVX3aVc8vK9kQXoxSC687Bd0wN0xsExvz7XzPJWt0X3I7at9JnqZlhiCJbX4BsH7XSvear_tqHjg6cfaRSg1CBjD1fvQItTx-2FVk7mZ1cKimmosIzOflDgoI1YEzwT-2B-2FSs4P-2Fhr5dj2N4HBE5-2BMuWW3L5EhzRXHFsK0ghaoEfXZnJcVJvrg5O83r6kAbQaM3GUta6dqR1vb-2F8OTIA1ZZ9CzGwGHVIMYHIOA4L-2Fhxzu3UV68cFWHbtL6815THAuLMlLgmjwicfWn-2BiRwj1RFWn2oQbvdZCvF2XdMjCSbgIHNaT0wT5pohaYB3dkzcKAIzUkB5eBhelpEK6yEUf1iu5gx-2FuAK-2F1aohVNAyqnkNv4YSTXHJ563abUgOP6pbReciPn052-2FWqocPTgLDJbJyYFUbVulRuaPSlVsV02B24TaNRsg34v7q-2BzAqKMBbFAVRw7LGeovyWCWJp2RlbX3YqUWAM2NSnn94mKwTAeAy-2B3oIXH-2FmoRv14rVgp36eslkQRM-2BlncdU3aEXJeE-2FIotzMaYApAcgCGvkejz2jKIv9ba-2FFLDlZGdmsDx8tThkA3zYAaewA2jWt7JP3aSDhtEgHRBHusm3uxdv0VBYHvZz-2BWdPLZ-2FToZ8TYnz2MUpbFYmVOnytf-2BkVbnsVv0Zz1-2BjAIzMcTsId-2FDbO7lNTSSfcOzr-2B4w4BT7BV8ljX3xvhBOQEFvv3igrUxRsfTQJNaByZybRfy4cLRGyL0HrxsQAQNHbuvyj2kcZk-3D\" style=\"color:blue; text-decoration:underline\"><span style=\"font-size:14.0pt\">INSCREVA-SE<\/span><\/a> <span style=\"font-size:14.0pt\">at&eacute; 31 de mar&ccedil;o de 2023<\/span><\/span><\/span><\/span><\/p>\r\n\r\n<p style=\"text-align:justify\"><span style=\"font-size:11pt\"><span style=\"line-height:normal\"><span style=\"font-family:&quot;Calibri&quot;,sans-serif\"><b><span style=\"font-size:14.0pt\">NasceCME | Dia Internacional da Ci&ecirc;ncia da Esteriliza&ccedil;&atilde;o &ndash; Equipes t&eacute;cnicas qualificadas e as interfaces com processos e pr&aacute;ticas seguras<\/span><\/b><span style=\"font-size:14.0pt\">, 14 e 15 de abril de 2023, Golden Tulip, S&atilde;o Jos&eacute; dos Campos<\/span><span class=\"MsoHyperlink\" style=\"color:blue\"><span style=\"text-decoration:underline\"><span style=\"font-size:14.0pt\"><span style=\"text-decoration:none\"><span style=\"text-underline:none\">. <\/span><\/span><\/span><\/span><\/span><a href=\"https:\/\/www.sympla.com.br\/evento\/dia-internacional-da-ciencia-da-esterilizacao\/1866685?_gl=1*103ko68*_ga*MTk0NjU1Njc3Ni4xNjc1MTc5Mzkz*_ga_KXH10SQTZF*MTY3NTg3MzM2NS45LjEuMTY3NTg3MzQ0My4wLjAuMA..\" style=\"color:blue; text-decoration:underline\"><span style=\"font-size:14.0pt\">Informa&ccedil;&otilde;es<\/span><\/a> <\/span><\/span><\/span><\/p>\r\n\r\n<p style=\"text-align:justify\"><span style=\"font-size:11pt\"><span style=\"line-height:normal\"><span style=\"font-family:&quot;Calibri&quot;,sans-serif\"><b><span style=\"font-size:14.0pt\">INDEX 2023<\/span><\/b><span style=\"font-size:14.0pt\">, 18 a 21 de abril, Palexpo, Genebra, Su&iacute;&ccedil;a<b>.<\/b><\/span> <a href=\"https:\/\/www.indexnonwovens.com\/en\/\" style=\"color:blue; text-decoration:underline\"><span style=\"font-size:14.0pt\">Informa&ccedil;&otilde;es<\/span><\/a><\/span><\/span><\/span><\/p>\r\n\r\n<p style=\"text-align:justify\"><span style=\"font-size:11pt\"><span style=\"line-height:normal\"><span style=\"font-family:&quot;Calibri&quot;,sans-serif\"><b><span style=\"font-size:14.0pt\">SENAI CETIQT | Programa de Desenvolvimento Setorial T&ecirc;xtil<\/span><\/b><span style=\"font-size:14.0pt\">, acesse <\/span><a href=\"https:\/\/materiais.senaicetiqt.com\/lp_programa-de-desenvolvimento-setorial?utm_campaign=senai_cetiqt_e_abit__pds_textil__2_envio&amp;utm_medium=email&amp;utm_source=RD+Station\" style=\"color:blue; text-decoration:underline\"><span style=\"font-size:14.0pt\">aqui<\/span><\/a><span style=\"font-size:14.0pt\"> para mais informa&ccedil;&otilde;es<\/span><\/span><\/span><\/span><\/p>\r\n\r\n<p style=\"text-align:justify\"><span style=\"font-size:11pt\"><span style=\"line-height:normal\"><span style=\"font-family:&quot;Calibri&quot;,sans-serif\"><b><span style=\"font-size:14.0pt\">SENAI-SP | Jornada da Transforma&ccedil;&atilde;o Digital<\/span><\/b><span style=\"font-size:14.0pt\">, clique <\/span><a href=\"https:\/\/jornadadigital-cadastro.sp.senai.br\/tenho-interesse?utm_source=emkt&amp;utm_medium=emkt&amp;utm_campaign=jornada+de+transformacao+digital+tenho+interesse&amp;utm_id=jornada+de+transformacao+digital+tenho+interesse&amp;\" style=\"color:blue; text-decoration:underline\"><span style=\"font-size:14.0pt\">aqui<\/span><\/a><span style=\"font-size:14.0pt\"> para mais detalhes<\/span><\/span><\/span><\/span><\/p>\r\n\r\n<p style=\"text-align:justify\"><span style=\"font-size:11pt\"><span style=\"line-height:normal\"><span style=\"font-family:&quot;Calibri&quot;,sans-serif\"><a href=\"https:\/\/www.magnetmail.net\/actions\/email_web_version.cfm?ep=nY1qAgSybIYAtXkUlomjGTvozlxP9uwHcN55F0MkytH2RClGE8usJiNt1Arjq6T9h3o4FMnFZvw194A5gVh0cidsrPTck3kKnIiEDOLIT1krQCou4boq3j9g-8jm_6Vc\" style=\"color:blue; text-decoration:underline\"><span style=\"font-size:14.0pt\">INDA | 2023 Calendar of Events<\/span><\/a><\/span><\/span><\/span><\/p>\r\n\r\n<p class=\"MsoTitle\" style=\"text-align:justify\"><span style=\"font-size:28pt\"><span style=\"font-family:&quot;Cambria&quot;,serif\"><span style=\"letter-spacing:-0.5pt\"><b><span style=\"font-size:18.0pt\"><span style=\"font-family:&quot;Calibri&quot;,sans-serif\"><span style=\"font-variant:small-caps\">Setor<\/span><\/span><\/span><\/b><\/span><\/span><\/span><\/p>\r\n\r\n<p style=\"text-align:justify\"><span style=\"font-size:11pt\"><span style=\"line-height:normal\"><span style=\"font-family:&quot;Calibri&quot;,sans-serif\"><a href=\"https:\/\/www.meiofiltrante.com.br\/Noticia\/111684\/abint-abre-duas-novas-turmas-para-o-curso-presencial-sobre-a-tecnologia-de-naotecidos-\" style=\"color:blue; text-decoration:underline\"><span style=\"font-size:14.0pt\">ABINT abre duas novas turmas para o curso presencial sobre a Tecnologia de N&atilde;otecidos<\/span><\/a><\/span><\/span><\/span><\/p>\r\n\r\n<p style=\"text-align:justify\"><span style=\"font-size:11pt\"><span style=\"line-height:normal\"><span style=\"font-family:&quot;Calibri&quot;,sans-serif\"><a href=\"https:\/\/www.baguete.com.br\/noticias\/20\/03\/2023\/porto-alegre-tera-encontro-inedito-de-tecnologia-para-supply-chain\" style=\"color:blue; text-decoration:underline\"><span style=\"font-size:14.0pt\">Porto Alegre ter&aacute; encontro in&eacute;dito de tecnologia para supply chain<\/span><\/a><\/span><\/span><\/span><\/p>\r\n\r\n<p style=\"text-align:justify\"><span style=\"font-size:11pt\"><span style=\"line-height:normal\"><span style=\"font-family:&quot;Calibri&quot;,sans-serif\"><a href=\"https:\/\/www.innovationintextiles.com\/nonwovens\/period-of-readjustment-for-meltblown-nonwovens\/\" style=\"color:blue; text-decoration:underline\"><span style=\"font-size:14.0pt\">Period of readjustment for meltblown nonwovens<\/span><\/a><\/span><\/span><\/span><\/p>\r\n\r\n<p style=\"text-align:justify\"><span style=\"font-size:11pt\"><span style=\"line-height:normal\"><span style=\"font-family:&quot;Calibri&quot;,sans-serif\"><a href=\"https:\/\/www.innovationintextiles.com\/nonwovens\/berry-global-expands-building-wraps-range\/\" style=\"color:blue; text-decoration:underline\"><span style=\"font-size:14.0pt\">Berry Global expands building wraps range<\/span><\/a><\/span><\/span><\/span><\/p>\r\n\r\n<p style=\"text-align:justify\"><span style=\"font-size:11pt\"><span style=\"line-height:normal\"><span style=\"font-family:&quot;Calibri&quot;,sans-serif\"><a href=\"https:\/\/www.technicaltextile.net\/news\/trutzschler-boosts-production-footprint-in-china-286256.html\" style=\"color:blue; text-decoration:underline\"><span style=\"font-size:14.0pt\">Tr&uuml;tzschler boosts production footprint in China<\/span><\/a><\/span><\/span><\/span><\/p>\r\n\r\n<p class=\"MsoTitle\" style=\"text-align:justify\"><span style=\"font-size:28pt\"><span style=\"font-family:&quot;Cambria&quot;,serif\"><span style=\"letter-spacing:-0.5pt\"><b><span style=\"font-size:18.0pt\"><span style=\"font-family:&quot;Calibri&quot;,sans-serif\"><span style=\"font-variant:small-caps\">Ind&uacute;stria<\/span><\/span><\/span><\/b><\/span><\/span><\/span><\/p>\r\n\r\n<p style=\"text-align:justify\"><span style=\"font-size:11pt\"><span style=\"line-height:normal\"><span style=\"font-family:&quot;Calibri&quot;,sans-serif\"><a href=\"https:\/\/noticias.portaldaindustria.com.br\/noticias\/economia\/producao-industrial-apresenta-pior-evolucao-para-o-mes-de-fevereiro-desde-2017-aponta-cni\/\" style=\"color:blue; text-decoration:underline\"><span style=\"font-size:14.0pt\">Produ&ccedil;&atilde;o industrial apresenta pior evolu&ccedil;&atilde;o para o m&ecirc;s de fevereiro desde 2017, aponta CNI<\/span><\/a><\/span><\/span><\/span><\/p>\r\n\r\n<p style=\"text-align:justify\"><span style=\"font-size:11pt\"><span style=\"line-height:normal\"><span style=\"font-family:&quot;Calibri&quot;,sans-serif\"><a href=\"https:\/\/revistaoeste.com\/economia\/com-queda-nas-vendas-tres-montadoras-suspendem-producao\/\" style=\"color:blue; text-decoration:underline\"><span style=\"font-size:14.0pt\">Com queda nas vendas, 3 montadoras suspendem produ&ccedil;&atilde;o<\/span><\/a><\/span><\/span><\/span><\/p>\r\n\r\n<p style=\"text-align:justify\"><span style=\"font-size:11pt\"><span style=\"line-height:normal\"><span style=\"font-family:&quot;Calibri&quot;,sans-serif\"><a href=\"https:\/\/noticias.portaldaindustria.com.br\/noticias\/economia\/industria-da-construcao-voltou-a-apresentar-recuo-em-fevereiro-avalia-cni\/\" style=\"color:blue; text-decoration:underline\"><span style=\"font-size:14.0pt\">Ind&uacute;stria da constru&ccedil;&atilde;o voltou a apresentar recuo em fevereiro, avalia CNI<\/span><\/a><\/span><\/span><\/span><\/p>\r\n\r\n<p style=\"text-align:justify\"><span style=\"font-size:11pt\"><span style=\"line-height:normal\"><span style=\"font-family:&quot;Calibri&quot;,sans-serif\"><a href=\"https:\/\/www.comexdobrasil.com\/calcadistas-projetam-faturar-us-74-milhoes-com-participacao-em-feiras-internacionais-no-1o-trimestre\" style=\"color:blue; text-decoration:underline\"><span style=\"font-size:14.0pt\">Cal&ccedil;adistas projetam faturar US$ 74 milh&otilde;es com participa&ccedil;&atilde;o em feiras internacionais no 1&ordm;. trimestre<\/span><\/a><\/span><\/span><\/span><\/p>\r\n\r\n<p class=\"MsoTitle\" style=\"text-align:justify\"><span style=\"font-size:28pt\"><span style=\"font-family:&quot;Cambria&quot;,serif\"><span style=\"letter-spacing:-0.5pt\"><b><span style=\"font-size:18.0pt\"><span style=\"font-family:&quot;Calibri&quot;,sans-serif\"><span style=\"font-variant:small-caps\">Sustentabilidade<\/span><\/span><\/span><\/b><\/span><\/span><\/span><\/p>\r\n\r\n<p style=\"text-align:justify\"><span style=\"font-size:11pt\"><span style=\"line-height:normal\"><span style=\"font-family:&quot;Calibri&quot;,sans-serif\"><a href=\"http:\/\/textileindustry.ning.com\/forum\/topics\/o-s-culo-xxi-pede-estrat-gias-coordenadas-de-desenvolvimento\" style=\"color:blue; text-decoration:underline\"><span style=\"font-size:14.0pt\">O S&eacute;culo XXI pede estrat&eacute;gias coordenadas de desenvolvimento sustent&aacute;vel<\/span><\/a><\/span><\/span><\/span><\/p>\r\n\r\n<p style=\"text-align:justify\"><span style=\"font-size:11pt\"><span style=\"line-height:normal\"><span style=\"font-family:&quot;Calibri&quot;,sans-serif\"><a href=\"https:\/\/www.gov.br\/ana\/pt-br\/assuntos\/noticias-e-eventos\/noticias\/ana-e-ministerio-do-meio-ambiente-e-mudanca-do-clima-debatem-recursos-hidricos-e-saneamento-basico-em-celebracao-ao-dia-mundial-da-agua\" style=\"color:blue; text-decoration:underline\"><span style=\"font-size:14.0pt\">ANA e MMA debatem recursos h&iacute;dricos e saneamento b&aacute;sico em celebra&ccedil;&atilde;o ao Dia Mundial da &Aacute;gua<\/span><\/a><\/span><\/span><\/span><\/p>\r\n\r\n<p style=\"text-align:justify\"><span style=\"font-size:11pt\"><span style=\"line-height:normal\"><span style=\"font-family:&quot;Calibri&quot;,sans-serif\"><a href=\"http:\/\/textileindustry.ning.com\/forum\/topics\/bioeconomia-uma-das-apostas-do-par-para-aliar-desenvolvimento\" style=\"color:blue; text-decoration:underline\"><span style=\"font-size:14.0pt\">Bioeconomia &eacute; uma das apostas do Par&aacute; para aliar desenvolvimento econ&ocirc;mico com metas de preserva&ccedil;&atilde;o<\/span><\/a><\/span><\/span><\/span><\/p>\r\n\r\n<p class=\"MsoTitle\" style=\"text-align:justify\"><span style=\"font-size:28pt\"><span style=\"font-family:&quot;Cambria&quot;,serif\"><span style=\"letter-spacing:-0.5pt\"><b><span style=\"font-size:18.0pt\"><span style=\"font-family:&quot;Calibri&quot;,sans-serif\"><span style=\"font-variant:small-caps\">Inova&ccedil;&atilde;o<\/span><\/span><\/span><\/b><\/span><\/span><\/span><\/p>\r\n\r\n<p style=\"text-align:justify\"><span style=\"font-size:11pt\"><span style=\"line-height:normal\"><span style=\"font-family:&quot;Calibri&quot;,sans-serif\"><a href=\"https:\/\/www.gov.br\/mcti\/pt-br\/acompanhe-o-mcti\/noticias\/2023\/03\/curativo-umido-tratamento-de-rejeitos-industriais-e-cadeira-de-rodas-conheca-projetos-a-base-de-grafeno-apoiados-pelo-mcti\" style=\"color:blue; text-decoration:underline\"><span style=\"font-size:14.0pt\">Curativo &uacute;mido, tratamento de rejeitos industriais e cadeira de rodas: conhe&ccedil;a projetos a base de grafeno apoiados pelo MCTI<\/span><\/a><\/span><\/span><\/span><\/p>\r\n\r\n<p class=\"MsoTitle\" style=\"text-align:justify\"><span style=\"font-size:28pt\"><span style=\"font-family:&quot;Cambria&quot;,serif\"><span style=\"letter-spacing:-0.5pt\"><b><span style=\"font-size:18.0pt\"><span style=\"font-family:&quot;Calibri&quot;,sans-serif\"><span style=\"font-variant:small-caps\">Com&eacute;rcio Exterior<\/span><\/span><\/span><\/b><\/span><\/span><\/span><\/p>\r\n\r\n<p style=\"text-align:justify\"><span style=\"font-size:11pt\"><span style=\"line-height:normal\"><span style=\"font-family:&quot;Calibri&quot;,sans-serif\"><a href=\"https:\/\/www.comexdobrasil.com\/mdic-traz-de-volta-tarifa-de-16-para-importacao-de-pneu-de-carga-e-resina\" style=\"color:blue; text-decoration:underline\"><span style=\"font-size:14.0pt\">MDIC traz de volta tarifa de 16% para importa&ccedil;&atilde;o de pneu de carga e resina<\/span><\/a><\/span><\/span><\/span><\/p>\r\n\r\n<p style=\"text-align:justify\"><span style=\"font-size:11pt\"><span style=\"line-height:normal\"><span style=\"font-family:&quot;Calibri&quot;,sans-serif\"><a href=\"https:\/\/br.fashionnetwork.com\/news\/Chile-entra-nos-mercados-alvo-da-industria-brasileira-de-calcados,1495843.html\" style=\"color:blue; text-decoration:underline\"><span style=\"font-size:14.0pt\">Chile entra nos mercados-alvo da ind&uacute;stria brasileira de cal&ccedil;ados<\/span><\/a><\/span><\/span><\/span><\/p>\r\n\r\n<p style=\"text-align:justify\"><span style=\"font-size:11pt\"><span style=\"line-height:normal\"><span style=\"font-family:&quot;Calibri&quot;,sans-serif\"><a href=\"https:\/\/portalibre.fgv.br\/system\/files\/2023-03\/icomex_fgv_press-release_marco2023_0.pdf\" style=\"color:blue; text-decoration:underline\"><span style=\"font-size:14.0pt\">FGV-IBRE | Indicador de Com&eacute;rcio Exterior - ICOMEX<\/span><\/a><\/span><\/span><\/span><\/p>\r\n\r\n<p class=\"MsoTitle\" style=\"text-align:justify\"><span style=\"font-size:28pt\"><span style=\"font-family:&quot;Cambria&quot;,serif\"><span style=\"letter-spacing:-0.5pt\"><b><span style=\"font-size:18.0pt\"><span style=\"font-family:&quot;Calibri&quot;,sans-serif\"><span style=\"font-variant:small-caps\">Economia<\/span><\/span><\/span><\/b><\/span><\/span><\/span><\/p>\r\n\r\n<p style=\"text-align:justify\"><span style=\"font-size:11pt\"><span style=\"line-height:normal\"><span style=\"font-family:&quot;Calibri&quot;,sans-serif\"><a href=\"https:\/\/www.bcb.gov.br\/content\/focus\/focus\/R20230317.pdf\" style=\"color:blue; text-decoration:underline\"><span style=\"font-size:14.0pt\">Focus - Relat&oacute;rio de Mercado<\/span><\/a><\/span><\/span><\/span><\/p>\r\n\r\n<p style=\"text-align:justify\"><span style=\"font-size:11pt\"><span style=\"line-height:normal\"><span style=\"font-family:&quot;Calibri&quot;,sans-serif\"><a href=\"https:\/\/agenciabrasil.ebc.com.br\/economia\/noticia\/2023-03\/presidente-da-fiesp-diz-que-taxas-de-juros-no-brasil-sao-pornograficas\" style=\"color:blue; text-decoration:underline\"><span style=\"font-size:14.0pt\">Presidente da Fiesp diz que Selic a 13,75% &eacute; &#39;pornogr&aacute;fica&#39;<\/span><\/a><\/span><\/span><\/span><\/p>\r\n\r\n<p style=\"text-align:justify\"><span style=\"font-size:11pt\"><span style=\"line-height:normal\"><span style=\"font-family:&quot;Calibri&quot;,sans-serif\"><a href=\"https:\/\/www.terra.com.br\/economia\/dinheiro-em-acao\/bndes-desembolso-para-bens-de-capital-salta-45-em-2022-mas-ainda-e-insuficiente-diz-setor,2c9c65b331815a42b4a1efb5156644e2te2xotej.html\" style=\"color:blue; text-decoration:underline\"><span style=\"font-size:14.0pt\">BNDES: desembolso para bens de capital salta 45% em 2022, mas ainda &eacute; insuficiente, diz setor<\/span><\/a><\/span><\/span><\/span><\/p>\r\n","texto_en":"","7":"","imagem":"COMP_banner-padrao-home-destaques-boletim-2023_20230321183624GRJrM6VaEY.jpeg","8":"COMP_banner-padrao-home-destaques-boletim-2023_20230321183624GRJrM6VaEY.jpeg","arquivo":"20230321-NOTICIAS-SEMANAIS.PDF","9":"20230321-NOTICIAS-SEMANAIS.PDF","titulo_arquivo":"","10":"","titulo_arquivo_en":"","11":"","created_at":"2023-03-21 18:36:31","12":"2023-03-21 18:36:31","updated_at":"2023-03-21 18:36:31","13":"2023-03-21 18:36:31"},{"id":56,"0":56,"ordem":167,"1":167,"data":"2023-03-14","2":"2023-03-14","slug":"boletim-de-noticias-semanais-53","3":"boletim-de-noticias-semanais-53","titulo":"Boletim de Not\u00edcias Semanais","4":"Boletim de Not\u00edcias Semanais","titulo_en":"","5":"","texto":"<p style=\"text-align:justify\"><span style=\"font-size:11pt\"><span style=\"line-height:normal\"><span style=\"font-family:&quot;Calibri&quot;,sans-serif\"><span style=\"font-size:14.0pt\">Esta &eacute; uma compila&ccedil;&atilde;o das not&iacute;cias mais relevantes para o setor, incluindo informa&ccedil;&otilde;es sobre acordos internacionais, economia brasileira, sustentabilidade e mat&eacute;rias primas, al&eacute;m de novidades do setor de N&atilde;otecidos e Tecidos T&eacute;cnicos.<\/span><\/span><\/span><\/span><\/p>\r\n\r\n<p class=\"MsoTitleCxSpMiddle\" style=\"text-align:justify\"><span style=\"font-size:28pt\"><span style=\"font-family:&quot;Cambria&quot;,serif\"><span style=\"letter-spacing:-0.5pt\"><b><span style=\"font-size:18.0pt\"><span style=\"font-family:&quot;Calibri&quot;,sans-serif\"><span style=\"font-variant:small-caps\">A&ccedil;&otilde;es da ABINT<\/span><\/span><\/span><\/b><\/span><\/span><\/span><\/p>\r\n\r\n<p class=\"MsoTitleCxSpLast\" style=\"text-align:justify\"><img src=\"https:\/\/www.abint.org.br\/assets\/img\/editor\/premio-tcc-ic-2023-arte-5_20230321182324YElldQJvcb.png\" style=\"width: 500px; height: 500px;\" \/><\/p>\r\n\r\n<p style=\"text-align:justify\"><span style=\"font-size:11pt\"><span style=\"line-height:normal\"><span style=\"font-family:&quot;Calibri&quot;,sans-serif\"><strong><span style=\"font-size:14.0pt\"><span style=\"font-family:&quot;Calibri&quot;,sans-serif\">O CTG ABINT e a IGS BRASIL <\/span><\/span><\/strong><span style=\"font-size:14.0pt\">convidam aqueles que desenvolveram trabalhos acad&ecirc;micos relacionados aos geossint&eacute;ticos a participarem&nbsp;de mais uma edi&ccedil;&atilde;o do Pr&ecirc;mio TCC\/IC. <\/span><a href=\"https:\/\/abint.us2.list-manage.com\/track\/click?u=88818ac6bf44316570fc1bc2f&amp;id=46b014bcf1&amp;e=626265ad22\" style=\"color:blue; text-decoration:underline\" target=\"_blank\"><span style=\"font-size:14.0pt\"><span style=\"color:blue\">Mais informa&ccedil;&otilde;es e inscri&ccedil;&otilde;es<\/span><\/span><\/a><\/span><\/span><\/span><\/p>\r\n\r\n<p><img src=\"https:\/\/www.abint.org.br\/assets\/img\/editor\/itma-2023-abint-english-417x250_20230321182529FDyTlTOyxH.jpg\" style=\"width: 500px; height: 300px;\" \/><\/p>\r\n\r\n<p style=\"text-align:justify\"><span style=\"font-size:11pt\"><span style=\"line-height:normal\"><span style=\"font-family:&quot;Calibri&quot;,sans-serif\"><b><span style=\"font-size:14.0pt\">A ABINT apoia a ITMA 2023<\/span><\/b><\/span><\/span><\/span><\/p>\r\n\r\n<p><span style=\"font-size:14.0pt\"><span style=\"line-height:115%\"><span style=\"font-family:&quot;Calibri&quot;,sans-serif\">A 19&ordf; edi&ccedil;&atilde;o da maior exposi&ccedil;&atilde;o internacional de tecnologia t&ecirc;xtil e de vestu&aacute;rio do mundo acontecer&aacute; em Mil&atilde;o, It&aacute;lia, de 08 a 14 de junho de 2023. <\/span><\/span><\/span><span style=\"font-size:11.0pt\"><span style=\"line-height:115%\"><span style=\"font-family:&quot;Calibri&quot;,sans-serif\"><a href=\"https:\/\/itma.com\/\" style=\"color:blue; text-decoration:underline\"><span style=\"font-size:14.0pt\"><span style=\"line-height:115%\">Informa&ccedil;&otilde;es<\/span><\/span><\/a><\/span><\/span><\/span><\/p>\r\n\r\n<p style=\"text-align:justify\">&nbsp;<\/p>\r\n\r\n<p style=\"text-align:justify\"><span style=\"font-size:11pt\"><span style=\"line-height:normal\"><span style=\"font-family:&quot;Calibri&quot;,sans-serif\"><b><span style=\"font-size:18.0pt\"><span style=\"font-variant:small-caps\">Eventos<\/span><\/span><\/b><\/span><\/span><\/span><\/p>\r\n\r\n<p style=\"text-align:justify\"><span style=\"font-size:11pt\"><span style=\"line-height:normal\"><span style=\"font-family:&quot;Calibri&quot;,sans-serif\"><b><span style=\"font-size:14.0pt\">FIESP | Perspectivas para o setor da sa&uacute;de no estado de S&atilde;o Paulo<\/span><\/b><span style=\"font-size:14.0pt\">, 15 de mar&ccedil;o de 2023, 09h30, evento presencial.<\/span> <a href=\"http:\/\/emkt.fiesp.ind.br\/emkt\/tracer\/?1,7328038,460d08b8,52d9\" style=\"color:blue; text-decoration:underline\"><span style=\"font-size:14.0pt\">Informa&ccedil;&otilde;es<\/span><\/a> <\/span><\/span><\/span><\/p>\r\n\r\n<p style=\"text-align:justify\"><span style=\"font-size:11pt\"><span style=\"line-height:normal\"><span style=\"font-family:&quot;Calibri&quot;,sans-serif\"><b><span style=\"font-size:14.0pt\">Workshop Abit | eSocial<\/span><\/b><span style=\"font-size:14.0pt\">, 21 de mar&ccedil;o de 2023, 09h30, evento virtual<b>.<\/b><\/span> <a href=\"https:\/\/app.rdstation.email\/mail\/23861949-a748-49d9-8c94-7f0a684a3329?utm_campaign=convite_workshop_esocial&amp;utm_medium=email&amp;utm_source=RD+Station\" style=\"color:blue; text-decoration:underline\"><span style=\"font-size:14.0pt\">Informa&ccedil;&otilde;es<\/span><\/a> <\/span><\/span><\/span><\/p>\r\n\r\n<p style=\"text-align:justify\"><span style=\"font-size:11pt\"><span style=\"line-height:normal\"><span style=\"font-family:&quot;Calibri&quot;,sans-serif\"><b><span style=\"font-size:14.0pt\">AESabesp | ESG &ndash; Teoria e Pr&aacute;tica no Setor de Saneamento<\/span><\/b><span style=\"font-size:14.0pt\">, 27 de mar&ccedil;o de 2023, 14h00 &agrave;s 17h00.<\/span> <a href=\"https:\/\/www.aesabesp.org.br\/events\/esg-teoria-e-pratica-no-setor-de-saneamento-turma-03\/\" style=\"color:blue; text-decoration:underline\"><span style=\"font-size:14.0pt\">Informa&ccedil;&otilde;es<\/span><\/a> <\/span><\/span><\/span><\/p>\r\n\r\n<p style=\"text-align:justify\"><span style=\"font-size:11pt\"><span style=\"line-height:normal\"><span style=\"font-family:&quot;Calibri&quot;,sans-serif\"><b><span style=\"font-size:14.0pt\">Pl&aacute;stico Brasil &ndash; Feira Internacional do Pl&aacute;stico<\/span><\/b><span style=\"font-size:14.0pt\">, 27 a 31 de mar&ccedil;o de 2023, S&atilde;o Paulo Expo. <\/span><a href=\"https:\/\/www.plasticobrasil.com.br\/pt\/home.html\" style=\"color:blue; text-decoration:underline\"><span style=\"font-size:14.0pt\">Informa&ccedil;&otilde;es<\/span><\/a><\/span><\/span><\/span><\/p>\r\n\r\n<p style=\"text-align:justify\"><span style=\"font-size:11pt\"><span style=\"line-height:normal\"><span style=\"font-family:&quot;Calibri&quot;,sans-serif\"><b><span style=\"font-size:14.0pt\">ANAHP | Observat&oacute;rio 2023<\/span><\/b><span style=\"font-size:14.0pt\">, 30 de mar&ccedil;o de 2023, &agrave;s 18h00, transmiss&atilde;o ao vivo pelo site da Anahp. <\/span><a href=\"https:\/\/conteudo.anahp.com.br\/observatorio-2023?utm_campaign=observatorio_-_participantes&amp;utm_medium=email&amp;utm_source=RD+Station\" style=\"color:blue; text-decoration:underline\"><span style=\"font-size:14.0pt\">Informa&ccedil;&otilde;es<\/span><\/a> <\/span><\/span><\/span><\/p>\r\n\r\n<p style=\"text-align:justify\"><span style=\"font-size:11pt\"><span style=\"line-height:normal\"><span style=\"font-family:&quot;Calibri&quot;,sans-serif\"><b><span style=\"font-size:14.0pt\">NasceCME | Dia Internacional da Ci&ecirc;ncia da Esteriliza&ccedil;&atilde;o &ndash; Equipes t&eacute;cnicas qualificadas e as interfaces com processos e pr&aacute;ticas seguras<\/span><\/b><span style=\"font-size:14.0pt\">, 14 e 15 de abril de 2023, Golden Tulip, S&atilde;o Jos&eacute; dos Campos<\/span><span class=\"MsoHyperlink\" style=\"color:blue\"><span style=\"text-decoration:underline\"><span style=\"font-size:14.0pt\"><span style=\"text-decoration:none\"><span style=\"text-underline:none\">. <\/span><\/span><\/span><\/span><\/span><a href=\"https:\/\/www.sympla.com.br\/evento\/dia-internacional-da-ciencia-da-esterilizacao\/1866685?_gl=1*103ko68*_ga*MTk0NjU1Njc3Ni4xNjc1MTc5Mzkz*_ga_KXH10SQTZF*MTY3NTg3MzM2NS45LjEuMTY3NTg3MzQ0My4wLjAuMA..\" style=\"color:blue; text-decoration:underline\"><span style=\"font-size:14.0pt\">Informa&ccedil;&otilde;es<\/span><\/a> <\/span><\/span><\/span><\/p>\r\n\r\n<p style=\"text-align:justify\"><span style=\"font-size:11pt\"><span style=\"line-height:normal\"><span style=\"font-family:&quot;Calibri&quot;,sans-serif\"><b><span style=\"font-size:14.0pt\">INDEX 2023<\/span><\/b><span style=\"font-size:14.0pt\">, 18 a 21 de abril, Palexpo, Genebra, Su&iacute;&ccedil;a<b>.<\/b><\/span> <a href=\"https:\/\/www.indexnonwovens.com\/en\/\" style=\"color:blue; text-decoration:underline\"><span style=\"font-size:14.0pt\">Informa&ccedil;&otilde;es<\/span><\/a><\/span><\/span><\/span><\/p>\r\n\r\n<p style=\"text-align:justify\"><span style=\"font-size:11pt\"><span style=\"line-height:normal\"><span style=\"font-family:&quot;Calibri&quot;,sans-serif\"><b><span style=\"font-size:14.0pt\">SENAI CETIQT | Programa de Desenvolvimento Setorial T&ecirc;xtil<\/span><\/b><span style=\"font-size:14.0pt\">, acesse <\/span><a href=\"https:\/\/materiais.senaicetiqt.com\/lp_programa-de-desenvolvimento-setorial?utm_campaign=senai_cetiqt_e_abit__pds_textil__2_envio&amp;utm_medium=email&amp;utm_source=RD+Station\" style=\"color:blue; text-decoration:underline\"><span style=\"font-size:14.0pt\">aqui<\/span><\/a><span style=\"font-size:14.0pt\"> para mais informa&ccedil;&otilde;es<\/span><\/span><\/span><\/span><\/p>\r\n\r\n<p style=\"text-align:justify\"><span style=\"font-size:11pt\"><span style=\"line-height:normal\"><span style=\"font-family:&quot;Calibri&quot;,sans-serif\"><b><span style=\"font-size:14.0pt\">SENAI-SP | Jornada da Transforma&ccedil;&atilde;o Digital<\/span><\/b><span style=\"font-size:14.0pt\">, clique <\/span><a href=\"https:\/\/jornadadigital-cadastro.sp.senai.br\/tenho-interesse?utm_source=emkt&amp;utm_medium=emkt&amp;utm_campaign=jornada+de+transformacao+digital+tenho+interesse&amp;utm_id=jornada+de+transformacao+digital+tenho+interesse&amp;\" style=\"color:blue; text-decoration:underline\"><span style=\"font-size:14.0pt\">aqui<\/span><\/a><span style=\"font-size:14.0pt\"> para mais detalhes<\/span><\/span><\/span><\/span><\/p>\r\n\r\n<p style=\"text-align:justify\"><span style=\"font-size:11pt\"><span style=\"line-height:normal\"><span style=\"font-family:&quot;Calibri&quot;,sans-serif\"><a href=\"https:\/\/www.magnetmail.net\/actions\/email_web_version.cfm?ep=nY1qAgSybIYAtXkUlomjGTvozlxP9uwHcN55F0MkytH2RClGE8usJiNt1Arjq6T9h3o4FMnFZvw194A5gVh0cidsrPTck3kKnIiEDOLIT1krQCou4boq3j9g-8jm_6Vc\" style=\"color:blue; text-decoration:underline\"><span style=\"font-size:14.0pt\">INDA | 2023 Calendar of Events<\/span><\/a><\/span><\/span><\/span><\/p>\r\n\r\n<p class=\"MsoTitle\" style=\"text-align:justify\"><span style=\"font-size:28pt\"><span style=\"font-family:&quot;Cambria&quot;,serif\"><span style=\"letter-spacing:-0.5pt\"><b><span style=\"font-size:18.0pt\"><span style=\"font-family:&quot;Calibri&quot;,sans-serif\"><span style=\"font-variant:small-caps\">Setor<\/span><\/span><\/span><\/b><\/span><\/span><\/span><\/p>\r\n\r\n<p style=\"text-align:justify\"><span style=\"font-size:11pt\"><span style=\"line-height:normal\"><span style=\"font-family:&quot;Calibri&quot;,sans-serif\"><a href=\"https:\/\/plasticosemrevista.com.br\/resinas-commodities-a-robustez-das-importacoes-brasileiras-em-2022\/\" style=\"color:blue; text-decoration:underline\"><span style=\"font-size:14.0pt\">Resinas Commodities: a robustez das importa&ccedil;&otilde;es brasileiras em 2022<\/span><\/a><\/span><\/span><\/span><\/p>\r\n\r\n<p style=\"text-align:justify\"><span style=\"font-size:11pt\"><span style=\"line-height:normal\"><span style=\"font-family:&quot;Calibri&quot;,sans-serif\"><a href=\"https:\/\/plasticosemrevista.com.br\/poliolefinas-tem-uma-pedreira-no-meio-do-caminho\/\" style=\"color:blue; text-decoration:underline\"><span style=\"font-size:14.0pt\">Poliolefinas: tem uma pedreira no meio do caminho<\/span><\/a><\/span><\/span><\/span><\/p>\r\n\r\n<p style=\"text-align:justify\"><span style=\"font-size:11pt\"><span style=\"line-height:normal\"><span style=\"font-family:&quot;Calibri&quot;,sans-serif\"><a href=\"https:\/\/exclusivo.com.br\/_conteudo\/feiras\/2023\/03\/07\/fimec-tem-area-comercializada-30--maior.html\" style=\"color:blue; text-decoration:underline\"><span style=\"font-size:14.0pt\">Fimec tem &aacute;rea comercializada 30% maior<\/span><\/a><\/span><\/span><\/span><\/p>\r\n\r\n<p style=\"text-align:justify\"><span style=\"font-size:11pt\"><span style=\"line-height:normal\"><span style=\"font-family:&quot;Calibri&quot;,sans-serif\"><a href=\"https:\/\/www.textiletechnology.net\/technology\/interview\/interview-with-anton-e.-schumann-gherzi-transforming-the-textile-industry-with-blockchain-technology-33647?utm_source=%2Fmeta%2Fnewsletter%2Fnewsletter&amp;utm_medium=newsletter&amp;utm_campaign=nl1167&amp;utm_term=0801b20e08c3242125d512808cd74302\" style=\"color:blue; text-decoration:underline\"><span style=\"font-size:14.0pt\">Transforming the textile industry with blockchain technology<\/span><\/a><\/span><\/span><\/span><\/p>\r\n\r\n<p style=\"text-align:justify\"><span style=\"font-size:11pt\"><span style=\"line-height:normal\"><span style=\"font-family:&quot;Calibri&quot;,sans-serif\"><a href=\"https:\/\/www.textiletechnology.net\/technical-textiles\/news\/future-market-insights-textile-flooring-market-to-expand-at-6.8-33645?utm_source=%2Fmeta%2Fnewsletter%2Fnewsletter&amp;utm_medium=newsletter&amp;utm_campaign=nl1181&amp;utm_term=0801b20e08c3242125d512808cd74302\" style=\"color:blue; text-decoration:underline\"><span style=\"font-size:14.0pt\">Textile flooring market to expand at 6.8%<\/span><\/a><\/span><\/span><\/span><\/p>\r\n\r\n<p style=\"text-align:justify\"><span style=\"font-size:11pt\"><span style=\"line-height:normal\"><span style=\"font-family:&quot;Calibri&quot;,sans-serif\"><a href=\"https:\/\/www.textiletechnology.net\/technology\/news\/aatcc-measuring-condensation-33668?utm_source=%2Fmeta%2Fnewsletter%2Fnewsletter&amp;utm_medium=newsletter&amp;utm_campaign=nl1175&amp;utm_term=0801b20e08c3242125d512808cd74302\" style=\"color:blue; text-decoration:underline\"><span style=\"font-size:14.0pt\">AATCC | Measuring condensation<\/span><\/a><\/span><\/span><\/span><\/p>\r\n\r\n<p style=\"text-align:justify\"><span style=\"font-size:11pt\"><span style=\"line-height:normal\"><span style=\"font-family:&quot;Calibri&quot;,sans-serif\"><a href=\"https:\/\/www.inda.org\/inda-welcomes-six-new-members-to-the-2023-board-of-directors\/\" style=\"color:blue; text-decoration:underline\"><span style=\"font-size:14.0pt\">INDA Welcomes Six New Members to the 2023 Board of Directors<\/span><\/a><\/span><\/span><\/span><\/p>\r\n\r\n<p style=\"text-align:justify\"><span style=\"font-size:11pt\"><span style=\"line-height:normal\"><span style=\"font-family:&quot;Calibri&quot;,sans-serif\"><a href=\"https:\/\/www.technicaltextile.net\/news\/andritz-to-showcase-sustainable-solutions-at-index23-in-geneva-286146.html\" style=\"color:blue; text-decoration:underline\"><span style=\"font-size:14.0pt\">Andritz to showcase sustainable solutions at Index23 in Geneva<\/span><\/a><\/span><\/span><\/span><\/p>\r\n\r\n<p style=\"text-align:justify\"><span style=\"font-size:11pt\"><span style=\"line-height:normal\"><span style=\"font-family:&quot;Calibri&quot;,sans-serif\"><a href=\"https:\/\/www.textiletechnology.net\/fibers\/news\/ivl-name-changes-in-bu-mobility-33642?utm_source=%2Fmeta%2Fnewsletter%2Fnewsletter&amp;utm_medium=newsletter&amp;utm_campaign=nl1167&amp;utm_term=0801b20e08c3242125d512808cd74302\" style=\"color:blue; text-decoration:underline\"><span style=\"font-size:14.0pt\">IVL | Name changes in BU Mobility<\/span><\/a><\/span><\/span><\/span><\/p>\r\n\r\n<p style=\"text-align:justify\"><span style=\"font-size:11pt\"><span style=\"line-height:normal\"><span style=\"font-family:&quot;Calibri&quot;,sans-serif\"><a href=\"https:\/\/www.innovationintextiles.com\/composites\/high-expectations-for-jec-world-2023\/\" style=\"color:blue; text-decoration:underline\"><span style=\"font-size:14.0pt\">High expectations for JEC World 2023<\/span><\/a><\/span><\/span><\/span><\/p>\r\n\r\n<p class=\"MsoTitle\" style=\"text-align:justify\"><span style=\"font-size:28pt\"><span style=\"font-family:&quot;Cambria&quot;,serif\"><span style=\"letter-spacing:-0.5pt\"><b><span style=\"font-size:18.0pt\"><span style=\"font-family:&quot;Calibri&quot;,sans-serif\"><span style=\"font-variant:small-caps\">Ind&uacute;stria<\/span><\/span><\/span><\/b><\/span><\/span><\/span><\/p>\r\n\r\n<p style=\"text-align:justify\"><span style=\"font-size:11pt\"><span style=\"line-height:normal\"><span style=\"font-family:&quot;Calibri&quot;,sans-serif\"><a href=\"https:\/\/capitalist.com.br\/faturamento-da-industria-cai-pelo-quinto-mes-seguido\/\" style=\"color:blue; text-decoration:underline\"><span style=\"font-size:14.0pt\">Faturamento da ind&uacute;stria cai pelo quinto m&ecirc;s seguido<\/span><\/a><\/span><\/span><\/span><\/p>\r\n\r\n<p style=\"text-align:justify\"><span style=\"font-size:11pt\"><span style=\"line-height:normal\"><span style=\"font-family:&quot;Calibri&quot;,sans-serif\"><a href=\"https:\/\/noticias.portaldaindustria.com.br\/noticias\/economia\/confianca-da-industria-cai-em-marco-com-piora-na-percepcao-sobre-a-economia\/\" style=\"color:blue; text-decoration:underline\"><span style=\"font-size:14.0pt\">Confian&ccedil;a da ind&uacute;stria cai em mar&ccedil;o com piora na percep&ccedil;&atilde;o sobre a economia<\/span><\/a><\/span><\/span><\/span><\/p>\r\n\r\n<p style=\"text-align:justify\"><span style=\"font-size:11pt\"><span style=\"line-height:normal\"><span style=\"font-family:&quot;Calibri&quot;,sans-serif\"><a href=\"https:\/\/noticias.portaldaindustria.com.br\/noticias\/economia\/industria-registra-avanco-do-emprego-e-das-horas-trabalhadas-na-producao-diz-cni\/\" style=\"color:blue; text-decoration:underline\"><span style=\"font-size:14.0pt\">Ind&uacute;stria registra avan&ccedil;o do emprego e das horas trabalhadas na produ&ccedil;&atilde;o, diz CNI<\/span><\/a><\/span><\/span><\/span><\/p>\r\n\r\n<p style=\"text-align:justify\"><span style=\"font-size:11pt\"><span style=\"line-height:normal\"><span style=\"font-family:&quot;Calibri&quot;,sans-serif\"><u><span style=\"font-size:14.0pt\"><a href=\"https:\/\/k8t3b3j9.rocketcdn.me\/site\/wp-content\/uploads\/2023\/03\/Release_Marcof.pdf\" style=\"color:blue; text-decoration:underline\">Anfavea | Mercado reage no primeiro bimestre, embora ainda restrito por quest&otilde;es de<\/a> <\/span><\/u><span class=\"MsoHyperlink\" style=\"color:blue\"><span style=\"text-decoration:underline\"><span style=\"font-size:14.0pt\"><a href=\"https:\/\/k8t3b3j9.rocketcdn.me\/site\/wp-content\/uploads\/2023\/03\/Release_Marcof.pdf\" style=\"color:blue; text-decoration:underline\">oferta (falta de componentes) e demanda (cr&eacute;dito limitado)<\/a><\/span><\/span><\/span><\/span><\/span><\/span><\/p>\r\n\r\n<p style=\"text-align:justify\"><span style=\"font-size:11pt\"><span style=\"line-height:normal\"><span style=\"font-family:&quot;Calibri&quot;,sans-serif\"><a href=\"https:\/\/engenhariacompartilhada.com.br\/noticia\/exibir\/7085062_investimentos-para-expandir-a-infraestrutura-logistica-e-social-brasileira\" style=\"color:blue; text-decoration:underline\"><span style=\"font-size:14.0pt\">Investimentos para expandir a infraestrutura log&iacute;stica e social brasileira<\/span><\/a><\/span><\/span><\/span><\/p>\r\n\r\n<p style=\"text-align:justify\"><span style=\"font-size:11pt\"><span style=\"line-height:normal\"><span style=\"font-family:&quot;Calibri&quot;,sans-serif\"><a href=\"https:\/\/www.conjur.com.br\/2023-mar-12\/publico-pragmatico-contrato-eficiencia-lei-licitacoes\" style=\"color:blue; text-decoration:underline\"><span style=\"font-size:14.0pt\">O contrato de efici&ecirc;ncia previsto na nova Lei de Licita&ccedil;&otilde;es<\/span><\/a><\/span><\/span><\/span><\/p>\r\n\r\n<p class=\"MsoTitle\" style=\"text-align:justify\"><span style=\"font-size:28pt\"><span style=\"font-family:&quot;Cambria&quot;,serif\"><span style=\"letter-spacing:-0.5pt\"><b><span style=\"font-size:18.0pt\"><span style=\"font-family:&quot;Calibri&quot;,sans-serif\"><span style=\"font-variant:small-caps\">Sustentabilidade<\/span><\/span><\/span><\/b><\/span><\/span><\/span><\/p>\r\n\r\n<p style=\"text-align:justify\"><span style=\"font-size:11pt\"><span style=\"line-height:normal\"><span style=\"font-family:&quot;Calibri&quot;,sans-serif\"><a href=\"http:\/\/textileindustry.ning.com\/forum\/topics\/sustentabilidade-consolida-import-ncia-1\" style=\"color:blue; text-decoration:underline\"><span style=\"font-size:14.0pt\">Sustentabilidade consolida import&acirc;ncia<\/span><\/a><\/span><\/span><\/span><\/p>\r\n\r\n<p class=\"MsoTitle\" style=\"text-align:justify\"><span style=\"font-size:28pt\"><span style=\"font-family:&quot;Cambria&quot;,serif\"><span style=\"letter-spacing:-0.5pt\"><b><span style=\"font-size:18.0pt\"><span style=\"font-family:&quot;Calibri&quot;,sans-serif\"><span style=\"font-variant:small-caps\">Inova&ccedil;&atilde;o<\/span><\/span><\/span><\/b><\/span><\/span><\/span><\/p>\r\n\r\n<p style=\"text-align:justify\"><span style=\"font-size:11pt\"><span style=\"line-height:normal\"><span style=\"font-family:&quot;Calibri&quot;,sans-serif\"><a href=\"https:\/\/www.technicaltextile.net\/news\/canada-s-roswell-textiles-unveils-viraloc-eco-biodegradable-face-mask-286169.html\" style=\"color:blue; text-decoration:underline\"><span style=\"font-size:14.0pt\">Canada&#39;s Roswell Textiles unveils Viraloc Eco biodegradable face mask<\/span><\/a><\/span><\/span><\/span><\/p>\r\n\r\n<p style=\"text-align:justify\"><span style=\"font-size:11pt\"><span style=\"line-height:normal\"><span style=\"font-family:&quot;Calibri&quot;,sans-serif\"><a href=\"https:\/\/www.inovacaotecnologica.com.br\/noticias\/noticia.php?artigo=tecidos-responsivos-mudam-forma-conforme-temperatura&amp;id=010160230306&amp;ebol=sim#.ZAnZbx_MKUk\" style=\"color:blue; text-decoration:underline\"><span style=\"font-size:14.0pt\">Tecidos responsivos mudam de forma conforme a temperatura<\/span><\/a><\/span><\/span><\/span><\/p>\r\n\r\n<p style=\"text-align:justify\"><span style=\"font-size:11pt\"><span style=\"line-height:normal\"><span style=\"font-family:&quot;Calibri&quot;,sans-serif\"><a href=\"https:\/\/www.inovacaotecnologica.com.br\/noticias\/noticia.php?artigo=eletronica-comestivel-algas-marinhas-viram-sensores-saude&amp;id=010110230307&amp;ebol=sim#.ZAnZFR_MKUk\" style=\"color:blue; text-decoration:underline\"><span style=\"font-size:14.0pt\">Eletr&ocirc;nica comest&iacute;vel: Algas marinhas viram sensores de sa&uacute;de<\/span><\/a><\/span><\/span><\/span><\/p>\r\n\r\n<p style=\"text-align:justify\"><span style=\"font-size:11pt\"><span style=\"line-height:normal\"><span style=\"font-family:&quot;Calibri&quot;,sans-serif\"><a href=\"https:\/\/www.meiofiltrante.com.br\/Noticia\/111636\/abrafiltros-firma-parceria-com-o-ciee---centro-de-integracao-empresa-escola\" style=\"color:blue; text-decoration:underline\"><span style=\"font-size:14.0pt\">ABRAFILTROS firma parceria com o CIEE &ndash; Centro de Integra&ccedil;&atilde;o Empresa-Escola<\/span><\/a><\/span><\/span><\/span><\/p>\r\n\r\n<p class=\"MsoTitle\" style=\"text-align:justify\"><span style=\"font-size:28pt\"><span style=\"font-family:&quot;Cambria&quot;,serif\"><span style=\"letter-spacing:-0.5pt\"><b><span style=\"font-size:18.0pt\"><span style=\"font-family:&quot;Calibri&quot;,sans-serif\"><span style=\"font-variant:small-caps\">Com&eacute;rcio Exterior<\/span><\/span><\/span><\/b><\/span><\/span><\/span><\/p>\r\n\r\n<p style=\"text-align:justify\"><span style=\"font-size:11pt\"><span style=\"line-height:normal\"><span style=\"font-family:&quot;Calibri&quot;,sans-serif\"><a href=\"https:\/\/www.canalrural.com.br\/noticias\/economia\/mercosul-e-ue-fecham-cronograma-de-trabalho-para-1o-semestre\" style=\"color:blue; text-decoration:underline\"><span style=\"font-size:14.0pt\">Mercosul e UE fecham cronograma de trabalho para 1&ordm; semestre<\/span><\/a><\/span><\/span><\/span><\/p>\r\n\r\n<p style=\"text-align:justify\"><span style=\"font-size:11pt\"><span style=\"line-height:normal\"><span style=\"font-family:&quot;Calibri&quot;,sans-serif\"><a href=\"https:\/\/www.publico.pt\/2023\/03\/06\/economia\/noticia\/reducao-meta-crescimento-modera-confianca-retoma-forte-china-2041271\" style=\"color:blue; text-decoration:underline\"><span style=\"font-size:14.0pt\">Redu&ccedil;&atilde;o da meta de crescimento modera confian&ccedil;a em retoma forte da China<\/span><\/a><\/span><\/span><\/span><\/p>\r\n\r\n<p style=\"text-align:justify\"><span style=\"font-size:11pt\"><span style=\"line-height:normal\"><span style=\"font-family:&quot;Calibri&quot;,sans-serif\"><a href=\"https:\/\/sicnoticias.pt\/economia\/2023-03-08-Crescimento-do-PIB-da-zona-euro-abranda-para-35-em-2022-1e008055\" style=\"color:blue; text-decoration:underline\"><span style=\"font-size:14.0pt\">Crescimento do PIB da zona euro abranda para 3,5% em 2022<\/span><\/a><\/span><\/span><\/span><\/p>\r\n\r\n<p style=\"text-align:justify\"><span style=\"font-size:11pt\"><span style=\"line-height:normal\"><span style=\"font-family:&quot;Calibri&quot;,sans-serif\"><a href=\"https:\/\/brasil61.com\/n\/deficit-na-balanca-comercial-em-produtos-quimicos-apresenta-novo-recorde-de-us-63-4-bi-pind233853\" style=\"color:blue; text-decoration:underline\"><span style=\"font-size:14.0pt\">D&eacute;ficit na balan&ccedil;a comercial em produtos qu&iacute;micos apresenta novo recorde de US$ 63,4 bi<\/span><\/a><\/span><\/span><\/span><\/p>\r\n\r\n<p class=\"MsoTitle\" style=\"text-align:justify\"><span style=\"font-size:28pt\"><span style=\"font-family:&quot;Cambria&quot;,serif\"><span style=\"letter-spacing:-0.5pt\"><b><span style=\"font-size:18.0pt\"><span style=\"font-family:&quot;Calibri&quot;,sans-serif\"><span style=\"font-variant:small-caps\">Economia<\/span><\/span><\/span><\/b><\/span><\/span><\/span><\/p>\r\n\r\n<p style=\"text-align:justify\"><span style=\"font-size:11pt\"><span style=\"line-height:normal\"><span style=\"font-family:&quot;Calibri&quot;,sans-serif\"><a href=\"https:\/\/www.bcb.gov.br\/content\/focus\/focus\/R20230310.pdf\" style=\"color:blue; text-decoration:underline\"><span style=\"font-size:14.0pt\">Focus - Relat&oacute;rio de Mercado<\/span><\/a><\/span><\/span><\/span><\/p>\r\n\r\n<p style=\"text-align:justify\"><span style=\"font-size:11pt\"><span style=\"line-height:normal\"><span style=\"font-family:&quot;Calibri&quot;,sans-serif\"><a href=\"https:\/\/revistacapitaleconomico.com.br\/economia-brasileira-perde-r%EF%BC%84-410-bilhoes-para-o-mercado-ilegal\/\" style=\"color:blue; text-decoration:underline\"><span style=\"font-size:14.0pt\">Economia brasileira perde R<\/span><span lang=\"EN-US\" style=\"font-size:14.0pt\"><span style=\"font-family:&quot;MS Gothic&quot;\">\uff04<\/span><\/span><span style=\"font-size:14.0pt\"> 410 bilh&otilde;es para o mercado ilegal<\/span><\/a><\/span><\/span><\/span><\/p>\r\n\r\n<p style=\"text-align:justify\"><span style=\"font-size:11pt\"><span style=\"line-height:normal\"><span style=\"font-family:&quot;Calibri&quot;,sans-serif\"><a href=\"https:\/\/ibre.fgv.br\/blog-da-conjuntura-economica\/artigos\/sintese-das-sondagens-consumidor-mais-confiante-com-o-futuro-do\" style=\"color:blue; text-decoration:underline\"><span style=\"font-size:14.0pt\">S&iacute;ntese das sondagens: consumidor mais confiante com o futuro do que empres&aacute;rios<\/span><\/a><\/span><\/span><\/span><\/p>\r\n\r\n<p style=\"text-align:justify\"><span style=\"font-size:11pt\"><span style=\"line-height:normal\"><span style=\"font-family:&quot;Calibri&quot;,sans-serif\"><a href=\"https:\/\/portalibre.fgv.br\/system\/files\/2023-03\/barometros-globais-kof-fgv_press-release_03_2023.pdf\" style=\"color:blue; text-decoration:underline\"><span style=\"font-size:14.0pt\">Bar&ocirc;metros Globais continuam em alta<\/span><\/a><\/span><\/span><\/span><\/p>\r\n\r\n<p><span style=\"font-size:11.0pt\"><span style=\"line-height:115%\"><span style=\"font-family:&quot;Calibri&quot;,sans-serif\"><a href=\"https:\/\/www.fibre2fashion.com\/news\/textile-news\/euro-area-s-annual-inflation-rate-dips-to-8-5-in-feb-2023-eurostat-286184-newsdetails.htm\" style=\"color:blue; text-decoration:underline\"><span style=\"font-size:14.0pt\"><span style=\"line-height:115%\">Euro area&#39;s annual inflation rate dips to 8.5% in Feb 2023: Eurostat<\/span><\/span><\/a><\/span><\/span><\/span><\/p>\r\n\r\n<p>&nbsp;<\/p>\r\n","6":"<p style=\"text-align:justify\"><span style=\"font-size:11pt\"><span style=\"line-height:normal\"><span style=\"font-family:&quot;Calibri&quot;,sans-serif\"><span style=\"font-size:14.0pt\">Esta &eacute; uma compila&ccedil;&atilde;o das not&iacute;cias mais relevantes para o setor, incluindo informa&ccedil;&otilde;es sobre acordos internacionais, economia brasileira, sustentabilidade e mat&eacute;rias primas, al&eacute;m de novidades do setor de N&atilde;otecidos e Tecidos T&eacute;cnicos.<\/span><\/span><\/span><\/span><\/p>\r\n\r\n<p class=\"MsoTitleCxSpMiddle\" style=\"text-align:justify\"><span style=\"font-size:28pt\"><span style=\"font-family:&quot;Cambria&quot;,serif\"><span style=\"letter-spacing:-0.5pt\"><b><span style=\"font-size:18.0pt\"><span style=\"font-family:&quot;Calibri&quot;,sans-serif\"><span style=\"font-variant:small-caps\">A&ccedil;&otilde;es da ABINT<\/span><\/span><\/span><\/b><\/span><\/span><\/span><\/p>\r\n\r\n<p class=\"MsoTitleCxSpLast\" style=\"text-align:justify\"><img src=\"https:\/\/www.abint.org.br\/assets\/img\/editor\/premio-tcc-ic-2023-arte-5_20230321182324YElldQJvcb.png\" style=\"width: 500px; height: 500px;\" \/><\/p>\r\n\r\n<p style=\"text-align:justify\"><span style=\"font-size:11pt\"><span style=\"line-height:normal\"><span style=\"font-family:&quot;Calibri&quot;,sans-serif\"><strong><span style=\"font-size:14.0pt\"><span style=\"font-family:&quot;Calibri&quot;,sans-serif\">O CTG ABINT e a IGS BRASIL <\/span><\/span><\/strong><span style=\"font-size:14.0pt\">convidam aqueles que desenvolveram trabalhos acad&ecirc;micos relacionados aos geossint&eacute;ticos a participarem&nbsp;de mais uma edi&ccedil;&atilde;o do Pr&ecirc;mio TCC\/IC. <\/span><a href=\"https:\/\/abint.us2.list-manage.com\/track\/click?u=88818ac6bf44316570fc1bc2f&amp;id=46b014bcf1&amp;e=626265ad22\" style=\"color:blue; text-decoration:underline\" target=\"_blank\"><span style=\"font-size:14.0pt\"><span style=\"color:blue\">Mais informa&ccedil;&otilde;es e inscri&ccedil;&otilde;es<\/span><\/span><\/a><\/span><\/span><\/span><\/p>\r\n\r\n<p><img src=\"https:\/\/www.abint.org.br\/assets\/img\/editor\/itma-2023-abint-english-417x250_20230321182529FDyTlTOyxH.jpg\" style=\"width: 500px; height: 300px;\" \/><\/p>\r\n\r\n<p style=\"text-align:justify\"><span style=\"font-size:11pt\"><span style=\"line-height:normal\"><span style=\"font-family:&quot;Calibri&quot;,sans-serif\"><b><span style=\"font-size:14.0pt\">A ABINT apoia a ITMA 2023<\/span><\/b><\/span><\/span><\/span><\/p>\r\n\r\n<p><span style=\"font-size:14.0pt\"><span style=\"line-height:115%\"><span style=\"font-family:&quot;Calibri&quot;,sans-serif\">A 19&ordf; edi&ccedil;&atilde;o da maior exposi&ccedil;&atilde;o internacional de tecnologia t&ecirc;xtil e de vestu&aacute;rio do mundo acontecer&aacute; em Mil&atilde;o, It&aacute;lia, de 08 a 14 de junho de 2023. <\/span><\/span><\/span><span style=\"font-size:11.0pt\"><span style=\"line-height:115%\"><span style=\"font-family:&quot;Calibri&quot;,sans-serif\"><a href=\"https:\/\/itma.com\/\" style=\"color:blue; text-decoration:underline\"><span style=\"font-size:14.0pt\"><span style=\"line-height:115%\">Informa&ccedil;&otilde;es<\/span><\/span><\/a><\/span><\/span><\/span><\/p>\r\n\r\n<p style=\"text-align:justify\">&nbsp;<\/p>\r\n\r\n<p style=\"text-align:justify\"><span style=\"font-size:11pt\"><span style=\"line-height:normal\"><span style=\"font-family:&quot;Calibri&quot;,sans-serif\"><b><span style=\"font-size:18.0pt\"><span style=\"font-variant:small-caps\">Eventos<\/span><\/span><\/b><\/span><\/span><\/span><\/p>\r\n\r\n<p style=\"text-align:justify\"><span style=\"font-size:11pt\"><span style=\"line-height:normal\"><span style=\"font-family:&quot;Calibri&quot;,sans-serif\"><b><span style=\"font-size:14.0pt\">FIESP | Perspectivas para o setor da sa&uacute;de no estado de S&atilde;o Paulo<\/span><\/b><span style=\"font-size:14.0pt\">, 15 de mar&ccedil;o de 2023, 09h30, evento presencial.<\/span> <a href=\"http:\/\/emkt.fiesp.ind.br\/emkt\/tracer\/?1,7328038,460d08b8,52d9\" style=\"color:blue; text-decoration:underline\"><span style=\"font-size:14.0pt\">Informa&ccedil;&otilde;es<\/span><\/a> <\/span><\/span><\/span><\/p>\r\n\r\n<p style=\"text-align:justify\"><span style=\"font-size:11pt\"><span style=\"line-height:normal\"><span style=\"font-family:&quot;Calibri&quot;,sans-serif\"><b><span style=\"font-size:14.0pt\">Workshop Abit | eSocial<\/span><\/b><span style=\"font-size:14.0pt\">, 21 de mar&ccedil;o de 2023, 09h30, evento virtual<b>.<\/b><\/span> <a href=\"https:\/\/app.rdstation.email\/mail\/23861949-a748-49d9-8c94-7f0a684a3329?utm_campaign=convite_workshop_esocial&amp;utm_medium=email&amp;utm_source=RD+Station\" style=\"color:blue; text-decoration:underline\"><span style=\"font-size:14.0pt\">Informa&ccedil;&otilde;es<\/span><\/a> <\/span><\/span><\/span><\/p>\r\n\r\n<p style=\"text-align:justify\"><span style=\"font-size:11pt\"><span style=\"line-height:normal\"><span style=\"font-family:&quot;Calibri&quot;,sans-serif\"><b><span style=\"font-size:14.0pt\">AESabesp | ESG &ndash; Teoria e Pr&aacute;tica no Setor de Saneamento<\/span><\/b><span style=\"font-size:14.0pt\">, 27 de mar&ccedil;o de 2023, 14h00 &agrave;s 17h00.<\/span> <a href=\"https:\/\/www.aesabesp.org.br\/events\/esg-teoria-e-pratica-no-setor-de-saneamento-turma-03\/\" style=\"color:blue; text-decoration:underline\"><span style=\"font-size:14.0pt\">Informa&ccedil;&otilde;es<\/span><\/a> <\/span><\/span><\/span><\/p>\r\n\r\n<p style=\"text-align:justify\"><span style=\"font-size:11pt\"><span style=\"line-height:normal\"><span style=\"font-family:&quot;Calibri&quot;,sans-serif\"><b><span style=\"font-size:14.0pt\">Pl&aacute;stico Brasil &ndash; Feira Internacional do Pl&aacute;stico<\/span><\/b><span style=\"font-size:14.0pt\">, 27 a 31 de mar&ccedil;o de 2023, S&atilde;o Paulo Expo. <\/span><a href=\"https:\/\/www.plasticobrasil.com.br\/pt\/home.html\" style=\"color:blue; text-decoration:underline\"><span style=\"font-size:14.0pt\">Informa&ccedil;&otilde;es<\/span><\/a><\/span><\/span><\/span><\/p>\r\n\r\n<p style=\"text-align:justify\"><span style=\"font-size:11pt\"><span style=\"line-height:normal\"><span style=\"font-family:&quot;Calibri&quot;,sans-serif\"><b><span style=\"font-size:14.0pt\">ANAHP | Observat&oacute;rio 2023<\/span><\/b><span style=\"font-size:14.0pt\">, 30 de mar&ccedil;o de 2023, &agrave;s 18h00, transmiss&atilde;o ao vivo pelo site da Anahp. <\/span><a href=\"https:\/\/conteudo.anahp.com.br\/observatorio-2023?utm_campaign=observatorio_-_participantes&amp;utm_medium=email&amp;utm_source=RD+Station\" style=\"color:blue; text-decoration:underline\"><span style=\"font-size:14.0pt\">Informa&ccedil;&otilde;es<\/span><\/a> <\/span><\/span><\/span><\/p>\r\n\r\n<p style=\"text-align:justify\"><span style=\"font-size:11pt\"><span style=\"line-height:normal\"><span style=\"font-family:&quot;Calibri&quot;,sans-serif\"><b><span style=\"font-size:14.0pt\">NasceCME | Dia Internacional da Ci&ecirc;ncia da Esteriliza&ccedil;&atilde;o &ndash; Equipes t&eacute;cnicas qualificadas e as interfaces com processos e pr&aacute;ticas seguras<\/span><\/b><span style=\"font-size:14.0pt\">, 14 e 15 de abril de 2023, Golden Tulip, S&atilde;o Jos&eacute; dos Campos<\/span><span class=\"MsoHyperlink\" style=\"color:blue\"><span style=\"text-decoration:underline\"><span style=\"font-size:14.0pt\"><span style=\"text-decoration:none\"><span style=\"text-underline:none\">. <\/span><\/span><\/span><\/span><\/span><a href=\"https:\/\/www.sympla.com.br\/evento\/dia-internacional-da-ciencia-da-esterilizacao\/1866685?_gl=1*103ko68*_ga*MTk0NjU1Njc3Ni4xNjc1MTc5Mzkz*_ga_KXH10SQTZF*MTY3NTg3MzM2NS45LjEuMTY3NTg3MzQ0My4wLjAuMA..\" style=\"color:blue; text-decoration:underline\"><span style=\"font-size:14.0pt\">Informa&ccedil;&otilde;es<\/span><\/a> <\/span><\/span><\/span><\/p>\r\n\r\n<p style=\"text-align:justify\"><span style=\"font-size:11pt\"><span style=\"line-height:normal\"><span style=\"font-family:&quot;Calibri&quot;,sans-serif\"><b><span style=\"font-size:14.0pt\">INDEX 2023<\/span><\/b><span style=\"font-size:14.0pt\">, 18 a 21 de abril, Palexpo, Genebra, Su&iacute;&ccedil;a<b>.<\/b><\/span> <a href=\"https:\/\/www.indexnonwovens.com\/en\/\" style=\"color:blue; text-decoration:underline\"><span style=\"font-size:14.0pt\">Informa&ccedil;&otilde;es<\/span><\/a><\/span><\/span><\/span><\/p>\r\n\r\n<p style=\"text-align:justify\"><span style=\"font-size:11pt\"><span style=\"line-height:normal\"><span style=\"font-family:&quot;Calibri&quot;,sans-serif\"><b><span style=\"font-size:14.0pt\">SENAI CETIQT | Programa de Desenvolvimento Setorial T&ecirc;xtil<\/span><\/b><span style=\"font-size:14.0pt\">, acesse <\/span><a href=\"https:\/\/materiais.senaicetiqt.com\/lp_programa-de-desenvolvimento-setorial?utm_campaign=senai_cetiqt_e_abit__pds_textil__2_envio&amp;utm_medium=email&amp;utm_source=RD+Station\" style=\"color:blue; text-decoration:underline\"><span style=\"font-size:14.0pt\">aqui<\/span><\/a><span style=\"font-size:14.0pt\"> para mais informa&ccedil;&otilde;es<\/span><\/span><\/span><\/span><\/p>\r\n\r\n<p style=\"text-align:justify\"><span style=\"font-size:11pt\"><span style=\"line-height:normal\"><span style=\"font-family:&quot;Calibri&quot;,sans-serif\"><b><span style=\"font-size:14.0pt\">SENAI-SP | Jornada da Transforma&ccedil;&atilde;o Digital<\/span><\/b><span style=\"font-size:14.0pt\">, clique <\/span><a href=\"https:\/\/jornadadigital-cadastro.sp.senai.br\/tenho-interesse?utm_source=emkt&amp;utm_medium=emkt&amp;utm_campaign=jornada+de+transformacao+digital+tenho+interesse&amp;utm_id=jornada+de+transformacao+digital+tenho+interesse&amp;\" style=\"color:blue; text-decoration:underline\"><span style=\"font-size:14.0pt\">aqui<\/span><\/a><span style=\"font-size:14.0pt\"> para mais detalhes<\/span><\/span><\/span><\/span><\/p>\r\n\r\n<p style=\"text-align:justify\"><span style=\"font-size:11pt\"><span style=\"line-height:normal\"><span style=\"font-family:&quot;Calibri&quot;,sans-serif\"><a href=\"https:\/\/www.magnetmail.net\/actions\/email_web_version.cfm?ep=nY1qAgSybIYAtXkUlomjGTvozlxP9uwHcN55F0MkytH2RClGE8usJiNt1Arjq6T9h3o4FMnFZvw194A5gVh0cidsrPTck3kKnIiEDOLIT1krQCou4boq3j9g-8jm_6Vc\" style=\"color:blue; text-decoration:underline\"><span style=\"font-size:14.0pt\">INDA | 2023 Calendar of Events<\/span><\/a><\/span><\/span><\/span><\/p>\r\n\r\n<p class=\"MsoTitle\" style=\"text-align:justify\"><span style=\"font-size:28pt\"><span style=\"font-family:&quot;Cambria&quot;,serif\"><span style=\"letter-spacing:-0.5pt\"><b><span style=\"font-size:18.0pt\"><span style=\"font-family:&quot;Calibri&quot;,sans-serif\"><span style=\"font-variant:small-caps\">Setor<\/span><\/span><\/span><\/b><\/span><\/span><\/span><\/p>\r\n\r\n<p style=\"text-align:justify\"><span style=\"font-size:11pt\"><span style=\"line-height:normal\"><span style=\"font-family:&quot;Calibri&quot;,sans-serif\"><a href=\"https:\/\/plasticosemrevista.com.br\/resinas-commodities-a-robustez-das-importacoes-brasileiras-em-2022\/\" style=\"color:blue; text-decoration:underline\"><span style=\"font-size:14.0pt\">Resinas Commodities: a robustez das importa&ccedil;&otilde;es brasileiras em 2022<\/span><\/a><\/span><\/span><\/span><\/p>\r\n\r\n<p style=\"text-align:justify\"><span style=\"font-size:11pt\"><span style=\"line-height:normal\"><span style=\"font-family:&quot;Calibri&quot;,sans-serif\"><a href=\"https:\/\/plasticosemrevista.com.br\/poliolefinas-tem-uma-pedreira-no-meio-do-caminho\/\" style=\"color:blue; text-decoration:underline\"><span style=\"font-size:14.0pt\">Poliolefinas: tem uma pedreira no meio do caminho<\/span><\/a><\/span><\/span><\/span><\/p>\r\n\r\n<p style=\"text-align:justify\"><span style=\"font-size:11pt\"><span style=\"line-height:normal\"><span style=\"font-family:&quot;Calibri&quot;,sans-serif\"><a href=\"https:\/\/exclusivo.com.br\/_conteudo\/feiras\/2023\/03\/07\/fimec-tem-area-comercializada-30--maior.html\" style=\"color:blue; text-decoration:underline\"><span style=\"font-size:14.0pt\">Fimec tem &aacute;rea comercializada 30% maior<\/span><\/a><\/span><\/span><\/span><\/p>\r\n\r\n<p style=\"text-align:justify\"><span style=\"font-size:11pt\"><span style=\"line-height:normal\"><span style=\"font-family:&quot;Calibri&quot;,sans-serif\"><a href=\"https:\/\/www.textiletechnology.net\/technology\/interview\/interview-with-anton-e.-schumann-gherzi-transforming-the-textile-industry-with-blockchain-technology-33647?utm_source=%2Fmeta%2Fnewsletter%2Fnewsletter&amp;utm_medium=newsletter&amp;utm_campaign=nl1167&amp;utm_term=0801b20e08c3242125d512808cd74302\" style=\"color:blue; text-decoration:underline\"><span style=\"font-size:14.0pt\">Transforming the textile industry with blockchain technology<\/span><\/a><\/span><\/span><\/span><\/p>\r\n\r\n<p style=\"text-align:justify\"><span style=\"font-size:11pt\"><span style=\"line-height:normal\"><span style=\"font-family:&quot;Calibri&quot;,sans-serif\"><a href=\"https:\/\/www.textiletechnology.net\/technical-textiles\/news\/future-market-insights-textile-flooring-market-to-expand-at-6.8-33645?utm_source=%2Fmeta%2Fnewsletter%2Fnewsletter&amp;utm_medium=newsletter&amp;utm_campaign=nl1181&amp;utm_term=0801b20e08c3242125d512808cd74302\" style=\"color:blue; text-decoration:underline\"><span style=\"font-size:14.0pt\">Textile flooring market to expand at 6.8%<\/span><\/a><\/span><\/span><\/span><\/p>\r\n\r\n<p style=\"text-align:justify\"><span style=\"font-size:11pt\"><span style=\"line-height:normal\"><span style=\"font-family:&quot;Calibri&quot;,sans-serif\"><a href=\"https:\/\/www.textiletechnology.net\/technology\/news\/aatcc-measuring-condensation-33668?utm_source=%2Fmeta%2Fnewsletter%2Fnewsletter&amp;utm_medium=newsletter&amp;utm_campaign=nl1175&amp;utm_term=0801b20e08c3242125d512808cd74302\" style=\"color:blue; text-decoration:underline\"><span style=\"font-size:14.0pt\">AATCC | Measuring condensation<\/span><\/a><\/span><\/span><\/span><\/p>\r\n\r\n<p style=\"text-align:justify\"><span style=\"font-size:11pt\"><span style=\"line-height:normal\"><span style=\"font-family:&quot;Calibri&quot;,sans-serif\"><a href=\"https:\/\/www.inda.org\/inda-welcomes-six-new-members-to-the-2023-board-of-directors\/\" style=\"color:blue; text-decoration:underline\"><span style=\"font-size:14.0pt\">INDA Welcomes Six New Members to the 2023 Board of Directors<\/span><\/a><\/span><\/span><\/span><\/p>\r\n\r\n<p style=\"text-align:justify\"><span style=\"font-size:11pt\"><span style=\"line-height:normal\"><span style=\"font-family:&quot;Calibri&quot;,sans-serif\"><a href=\"https:\/\/www.technicaltextile.net\/news\/andritz-to-showcase-sustainable-solutions-at-index23-in-geneva-286146.html\" style=\"color:blue; text-decoration:underline\"><span style=\"font-size:14.0pt\">Andritz to showcase sustainable solutions at Index23 in Geneva<\/span><\/a><\/span><\/span><\/span><\/p>\r\n\r\n<p style=\"text-align:justify\"><span style=\"font-size:11pt\"><span style=\"line-height:normal\"><span style=\"font-family:&quot;Calibri&quot;,sans-serif\"><a href=\"https:\/\/www.textiletechnology.net\/fibers\/news\/ivl-name-changes-in-bu-mobility-33642?utm_source=%2Fmeta%2Fnewsletter%2Fnewsletter&amp;utm_medium=newsletter&amp;utm_campaign=nl1167&amp;utm_term=0801b20e08c3242125d512808cd74302\" style=\"color:blue; text-decoration:underline\"><span style=\"font-size:14.0pt\">IVL | Name changes in BU Mobility<\/span><\/a><\/span><\/span><\/span><\/p>\r\n\r\n<p style=\"text-align:justify\"><span style=\"font-size:11pt\"><span style=\"line-height:normal\"><span style=\"font-family:&quot;Calibri&quot;,sans-serif\"><a href=\"https:\/\/www.innovationintextiles.com\/composites\/high-expectations-for-jec-world-2023\/\" style=\"color:blue; text-decoration:underline\"><span style=\"font-size:14.0pt\">High expectations for JEC World 2023<\/span><\/a><\/span><\/span><\/span><\/p>\r\n\r\n<p class=\"MsoTitle\" style=\"text-align:justify\"><span style=\"font-size:28pt\"><span style=\"font-family:&quot;Cambria&quot;,serif\"><span style=\"letter-spacing:-0.5pt\"><b><span style=\"font-size:18.0pt\"><span style=\"font-family:&quot;Calibri&quot;,sans-serif\"><span style=\"font-variant:small-caps\">Ind&uacute;stria<\/span><\/span><\/span><\/b><\/span><\/span><\/span><\/p>\r\n\r\n<p style=\"text-align:justify\"><span style=\"font-size:11pt\"><span style=\"line-height:normal\"><span style=\"font-family:&quot;Calibri&quot;,sans-serif\"><a href=\"https:\/\/capitalist.com.br\/faturamento-da-industria-cai-pelo-quinto-mes-seguido\/\" style=\"color:blue; text-decoration:underline\"><span style=\"font-size:14.0pt\">Faturamento da ind&uacute;stria cai pelo quinto m&ecirc;s seguido<\/span><\/a><\/span><\/span><\/span><\/p>\r\n\r\n<p style=\"text-align:justify\"><span style=\"font-size:11pt\"><span style=\"line-height:normal\"><span style=\"font-family:&quot;Calibri&quot;,sans-serif\"><a href=\"https:\/\/noticias.portaldaindustria.com.br\/noticias\/economia\/confianca-da-industria-cai-em-marco-com-piora-na-percepcao-sobre-a-economia\/\" style=\"color:blue; text-decoration:underline\"><span style=\"font-size:14.0pt\">Confian&ccedil;a da ind&uacute;stria cai em mar&ccedil;o com piora na percep&ccedil;&atilde;o sobre a economia<\/span><\/a><\/span><\/span><\/span><\/p>\r\n\r\n<p style=\"text-align:justify\"><span style=\"font-size:11pt\"><span style=\"line-height:normal\"><span style=\"font-family:&quot;Calibri&quot;,sans-serif\"><a href=\"https:\/\/noticias.portaldaindustria.com.br\/noticias\/economia\/industria-registra-avanco-do-emprego-e-das-horas-trabalhadas-na-producao-diz-cni\/\" style=\"color:blue; text-decoration:underline\"><span style=\"font-size:14.0pt\">Ind&uacute;stria registra avan&ccedil;o do emprego e das horas trabalhadas na produ&ccedil;&atilde;o, diz CNI<\/span><\/a><\/span><\/span><\/span><\/p>\r\n\r\n<p style=\"text-align:justify\"><span style=\"font-size:11pt\"><span style=\"line-height:normal\"><span style=\"font-family:&quot;Calibri&quot;,sans-serif\"><u><span style=\"font-size:14.0pt\"><a href=\"https:\/\/k8t3b3j9.rocketcdn.me\/site\/wp-content\/uploads\/2023\/03\/Release_Marcof.pdf\" style=\"color:blue; text-decoration:underline\">Anfavea | Mercado reage no primeiro bimestre, embora ainda restrito por quest&otilde;es de<\/a> <\/span><\/u><span class=\"MsoHyperlink\" style=\"color:blue\"><span style=\"text-decoration:underline\"><span style=\"font-size:14.0pt\"><a href=\"https:\/\/k8t3b3j9.rocketcdn.me\/site\/wp-content\/uploads\/2023\/03\/Release_Marcof.pdf\" style=\"color:blue; text-decoration:underline\">oferta (falta de componentes) e demanda (cr&eacute;dito limitado)<\/a><\/span><\/span><\/span><\/span><\/span><\/span><\/p>\r\n\r\n<p style=\"text-align:justify\"><span style=\"font-size:11pt\"><span style=\"line-height:normal\"><span style=\"font-family:&quot;Calibri&quot;,sans-serif\"><a href=\"https:\/\/engenhariacompartilhada.com.br\/noticia\/exibir\/7085062_investimentos-para-expandir-a-infraestrutura-logistica-e-social-brasileira\" style=\"color:blue; text-decoration:underline\"><span style=\"font-size:14.0pt\">Investimentos para expandir a infraestrutura log&iacute;stica e social brasileira<\/span><\/a><\/span><\/span><\/span><\/p>\r\n\r\n<p style=\"text-align:justify\"><span style=\"font-size:11pt\"><span style=\"line-height:normal\"><span style=\"font-family:&quot;Calibri&quot;,sans-serif\"><a href=\"https:\/\/www.conjur.com.br\/2023-mar-12\/publico-pragmatico-contrato-eficiencia-lei-licitacoes\" style=\"color:blue; text-decoration:underline\"><span style=\"font-size:14.0pt\">O contrato de efici&ecirc;ncia previsto na nova Lei de Licita&ccedil;&otilde;es<\/span><\/a><\/span><\/span><\/span><\/p>\r\n\r\n<p class=\"MsoTitle\" style=\"text-align:justify\"><span style=\"font-size:28pt\"><span style=\"font-family:&quot;Cambria&quot;,serif\"><span style=\"letter-spacing:-0.5pt\"><b><span style=\"font-size:18.0pt\"><span style=\"font-family:&quot;Calibri&quot;,sans-serif\"><span style=\"font-variant:small-caps\">Sustentabilidade<\/span><\/span><\/span><\/b><\/span><\/span><\/span><\/p>\r\n\r\n<p style=\"text-align:justify\"><span style=\"font-size:11pt\"><span style=\"line-height:normal\"><span style=\"font-family:&quot;Calibri&quot;,sans-serif\"><a href=\"http:\/\/textileindustry.ning.com\/forum\/topics\/sustentabilidade-consolida-import-ncia-1\" style=\"color:blue; text-decoration:underline\"><span style=\"font-size:14.0pt\">Sustentabilidade consolida import&acirc;ncia<\/span><\/a><\/span><\/span><\/span><\/p>\r\n\r\n<p class=\"MsoTitle\" style=\"text-align:justify\"><span style=\"font-size:28pt\"><span style=\"font-family:&quot;Cambria&quot;,serif\"><span style=\"letter-spacing:-0.5pt\"><b><span style=\"font-size:18.0pt\"><span style=\"font-family:&quot;Calibri&quot;,sans-serif\"><span style=\"font-variant:small-caps\">Inova&ccedil;&atilde;o<\/span><\/span><\/span><\/b><\/span><\/span><\/span><\/p>\r\n\r\n<p style=\"text-align:justify\"><span style=\"font-size:11pt\"><span style=\"line-height:normal\"><span style=\"font-family:&quot;Calibri&quot;,sans-serif\"><a href=\"https:\/\/www.technicaltextile.net\/news\/canada-s-roswell-textiles-unveils-viraloc-eco-biodegradable-face-mask-286169.html\" style=\"color:blue; text-decoration:underline\"><span style=\"font-size:14.0pt\">Canada&#39;s Roswell Textiles unveils Viraloc Eco biodegradable face mask<\/span><\/a><\/span><\/span><\/span><\/p>\r\n\r\n<p style=\"text-align:justify\"><span style=\"font-size:11pt\"><span style=\"line-height:normal\"><span style=\"font-family:&quot;Calibri&quot;,sans-serif\"><a href=\"https:\/\/www.inovacaotecnologica.com.br\/noticias\/noticia.php?artigo=tecidos-responsivos-mudam-forma-conforme-temperatura&amp;id=010160230306&amp;ebol=sim#.ZAnZbx_MKUk\" style=\"color:blue; text-decoration:underline\"><span style=\"font-size:14.0pt\">Tecidos responsivos mudam de forma conforme a temperatura<\/span><\/a><\/span><\/span><\/span><\/p>\r\n\r\n<p style=\"text-align:justify\"><span style=\"font-size:11pt\"><span style=\"line-height:normal\"><span style=\"font-family:&quot;Calibri&quot;,sans-serif\"><a href=\"https:\/\/www.inovacaotecnologica.com.br\/noticias\/noticia.php?artigo=eletronica-comestivel-algas-marinhas-viram-sensores-saude&amp;id=010110230307&amp;ebol=sim#.ZAnZFR_MKUk\" style=\"color:blue; text-decoration:underline\"><span style=\"font-size:14.0pt\">Eletr&ocirc;nica comest&iacute;vel: Algas marinhas viram sensores de sa&uacute;de<\/span><\/a><\/span><\/span><\/span><\/p>\r\n\r\n<p style=\"text-align:justify\"><span style=\"font-size:11pt\"><span style=\"line-height:normal\"><span style=\"font-family:&quot;Calibri&quot;,sans-serif\"><a href=\"https:\/\/www.meiofiltrante.com.br\/Noticia\/111636\/abrafiltros-firma-parceria-com-o-ciee---centro-de-integracao-empresa-escola\" style=\"color:blue; text-decoration:underline\"><span style=\"font-size:14.0pt\">ABRAFILTROS firma parceria com o CIEE &ndash; Centro de Integra&ccedil;&atilde;o Empresa-Escola<\/span><\/a><\/span><\/span><\/span><\/p>\r\n\r\n<p class=\"MsoTitle\" style=\"text-align:justify\"><span style=\"font-size:28pt\"><span style=\"font-family:&quot;Cambria&quot;,serif\"><span style=\"letter-spacing:-0.5pt\"><b><span style=\"font-size:18.0pt\"><span style=\"font-family:&quot;Calibri&quot;,sans-serif\"><span style=\"font-variant:small-caps\">Com&eacute;rcio Exterior<\/span><\/span><\/span><\/b><\/span><\/span><\/span><\/p>\r\n\r\n<p style=\"text-align:justify\"><span style=\"font-size:11pt\"><span style=\"line-height:normal\"><span style=\"font-family:&quot;Calibri&quot;,sans-serif\"><a href=\"https:\/\/www.canalrural.com.br\/noticias\/economia\/mercosul-e-ue-fecham-cronograma-de-trabalho-para-1o-semestre\" style=\"color:blue; text-decoration:underline\"><span style=\"font-size:14.0pt\">Mercosul e UE fecham cronograma de trabalho para 1&ordm; semestre<\/span><\/a><\/span><\/span><\/span><\/p>\r\n\r\n<p style=\"text-align:justify\"><span style=\"font-size:11pt\"><span style=\"line-height:normal\"><span style=\"font-family:&quot;Calibri&quot;,sans-serif\"><a href=\"https:\/\/www.publico.pt\/2023\/03\/06\/economia\/noticia\/reducao-meta-crescimento-modera-confianca-retoma-forte-china-2041271\" style=\"color:blue; text-decoration:underline\"><span style=\"font-size:14.0pt\">Redu&ccedil;&atilde;o da meta de crescimento modera confian&ccedil;a em retoma forte da China<\/span><\/a><\/span><\/span><\/span><\/p>\r\n\r\n<p style=\"text-align:justify\"><span style=\"font-size:11pt\"><span style=\"line-height:normal\"><span style=\"font-family:&quot;Calibri&quot;,sans-serif\"><a href=\"https:\/\/sicnoticias.pt\/economia\/2023-03-08-Crescimento-do-PIB-da-zona-euro-abranda-para-35-em-2022-1e008055\" style=\"color:blue; text-decoration:underline\"><span style=\"font-size:14.0pt\">Crescimento do PIB da zona euro abranda para 3,5% em 2022<\/span><\/a><\/span><\/span><\/span><\/p>\r\n\r\n<p style=\"text-align:justify\"><span style=\"font-size:11pt\"><span style=\"line-height:normal\"><span style=\"font-family:&quot;Calibri&quot;,sans-serif\"><a href=\"https:\/\/brasil61.com\/n\/deficit-na-balanca-comercial-em-produtos-quimicos-apresenta-novo-recorde-de-us-63-4-bi-pind233853\" style=\"color:blue; text-decoration:underline\"><span style=\"font-size:14.0pt\">D&eacute;ficit na balan&ccedil;a comercial em produtos qu&iacute;micos apresenta novo recorde de US$ 63,4 bi<\/span><\/a><\/span><\/span><\/span><\/p>\r\n\r\n<p class=\"MsoTitle\" style=\"text-align:justify\"><span style=\"font-size:28pt\"><span style=\"font-family:&quot;Cambria&quot;,serif\"><span style=\"letter-spacing:-0.5pt\"><b><span style=\"font-size:18.0pt\"><span style=\"font-family:&quot;Calibri&quot;,sans-serif\"><span style=\"font-variant:small-caps\">Economia<\/span><\/span><\/span><\/b><\/span><\/span><\/span><\/p>\r\n\r\n<p style=\"text-align:justify\"><span style=\"font-size:11pt\"><span style=\"line-height:normal\"><span style=\"font-family:&quot;Calibri&quot;,sans-serif\"><a href=\"https:\/\/www.bcb.gov.br\/content\/focus\/focus\/R20230310.pdf\" style=\"color:blue; text-decoration:underline\"><span style=\"font-size:14.0pt\">Focus - Relat&oacute;rio de Mercado<\/span><\/a><\/span><\/span><\/span><\/p>\r\n\r\n<p style=\"text-align:justify\"><span style=\"font-size:11pt\"><span style=\"line-height:normal\"><span style=\"font-family:&quot;Calibri&quot;,sans-serif\"><a href=\"https:\/\/revistacapitaleconomico.com.br\/economia-brasileira-perde-r%EF%BC%84-410-bilhoes-para-o-mercado-ilegal\/\" style=\"color:blue; text-decoration:underline\"><span style=\"font-size:14.0pt\">Economia brasileira perde R<\/span><span lang=\"EN-US\" style=\"font-size:14.0pt\"><span style=\"font-family:&quot;MS Gothic&quot;\">\uff04<\/span><\/span><span style=\"font-size:14.0pt\"> 410 bilh&otilde;es para o mercado ilegal<\/span><\/a><\/span><\/span><\/span><\/p>\r\n\r\n<p style=\"text-align:justify\"><span style=\"font-size:11pt\"><span style=\"line-height:normal\"><span style=\"font-family:&quot;Calibri&quot;,sans-serif\"><a href=\"https:\/\/ibre.fgv.br\/blog-da-conjuntura-economica\/artigos\/sintese-das-sondagens-consumidor-mais-confiante-com-o-futuro-do\" style=\"color:blue; text-decoration:underline\"><span style=\"font-size:14.0pt\">S&iacute;ntese das sondagens: consumidor mais confiante com o futuro do que empres&aacute;rios<\/span><\/a><\/span><\/span><\/span><\/p>\r\n\r\n<p style=\"text-align:justify\"><span style=\"font-size:11pt\"><span style=\"line-height:normal\"><span style=\"font-family:&quot;Calibri&quot;,sans-serif\"><a href=\"https:\/\/portalibre.fgv.br\/system\/files\/2023-03\/barometros-globais-kof-fgv_press-release_03_2023.pdf\" style=\"color:blue; text-decoration:underline\"><span style=\"font-size:14.0pt\">Bar&ocirc;metros Globais continuam em alta<\/span><\/a><\/span><\/span><\/span><\/p>\r\n\r\n<p><span style=\"font-size:11.0pt\"><span style=\"line-height:115%\"><span style=\"font-family:&quot;Calibri&quot;,sans-serif\"><a href=\"https:\/\/www.fibre2fashion.com\/news\/textile-news\/euro-area-s-annual-inflation-rate-dips-to-8-5-in-feb-2023-eurostat-286184-newsdetails.htm\" style=\"color:blue; text-decoration:underline\"><span style=\"font-size:14.0pt\"><span style=\"line-height:115%\">Euro area&#39;s annual inflation rate dips to 8.5% in Feb 2023: Eurostat<\/span><\/span><\/a><\/span><\/span><\/span><\/p>\r\n\r\n<p>&nbsp;<\/p>\r\n","texto_en":"","7":"","imagem":"COMP_banner-padrao-home-destaques-boletim-2023_20230321182750LLwSuB4CJb.jpeg","8":"COMP_banner-padrao-home-destaques-boletim-2023_20230321182750LLwSuB4CJb.jpeg","arquivo":"20230314-NOTICIAS-SEMANAIS.PDF","9":"20230314-NOTICIAS-SEMANAIS.PDF","titulo_arquivo":"","10":"","titulo_arquivo_en":"","11":"","created_at":"2023-03-21 18:27:58","12":"2023-03-21 18:27:58","updated_at":"2023-03-21 18:27:58","13":"2023-03-21 18:27:58"},{"id":55,"0":55,"ordem":168,"1":168,"data":"2023-03-07","2":"2023-03-07","slug":"boletim-de-noticias-semanais-52","3":"boletim-de-noticias-semanais-52","titulo":"Boletim de Not\u00edcias Semanais","4":"Boletim de Not\u00edcias Semanais","titulo_en":"","5":"","texto":"<p style=\"text-align:justify\"><span style=\"font-size:11pt\"><span style=\"line-height:normal\"><span style=\"font-family:&quot;Calibri&quot;,sans-serif\"><span style=\"font-size:14.0pt\">Esta &eacute; uma compila&ccedil;&atilde;o das not&iacute;cias mais relevantes para o setor, incluindo informa&ccedil;&otilde;es sobre acordos internacionais, economia brasileira, sustentabilidade e mat&eacute;rias primas, al&eacute;m de novidades do setor de N&atilde;otecidos e Tecidos T&eacute;cnicos.<\/span><\/span><\/span><\/span><\/p>\r\n\r\n<p class=\"MsoTitleCxSpMiddle\" style=\"text-align:justify\"><span style=\"font-size:28pt\"><span style=\"font-family:&quot;Cambria&quot;,serif\"><span style=\"letter-spacing:-0.5pt\"><b><span style=\"font-size:18.0pt\"><span style=\"font-family:&quot;Calibri&quot;,sans-serif\"><span style=\"font-variant:small-caps\">A&ccedil;&otilde;es da ABINT<\/span><\/span><\/span><\/b><\/span><\/span><\/span><\/p>\r\n\r\n<p class=\"MsoTitleCxSpLast\" style=\"text-align:justify\"><img height=\"461\" src=\"https:\/\/www.abint.org.br\/assets\/img\/editor\/premio-tcc-ic-2023-arte-5_20230307122836aD76SI2LgK.png\" width=\"461\" \/><\/p>\r\n\r\n<p style=\"text-align:justify\"><span style=\"font-size:11pt\"><span style=\"line-height:normal\"><span style=\"font-family:&quot;Calibri&quot;,sans-serif\"><strong><span style=\"font-size:14.0pt\"><span style=\"font-family:&quot;Calibri&quot;,sans-serif\">O CTG ABINT e a IGS BRASIL <\/span><\/span><\/strong><span style=\"font-size:14.0pt\">convidam aqueles que desenvolveram trabalhos acad&ecirc;micos relacionados aos geossint&eacute;ticos a participarem&nbsp;de mais uma edi&ccedil;&atilde;o do Pr&ecirc;mio TCC\/IC.<\/span><\/span><\/span><\/span><\/p>\r\n\r\n<p style=\"text-align:justify\"><span style=\"font-size:11pt\"><span style=\"line-height:normal\"><span style=\"font-family:&quot;Calibri&quot;,sans-serif\"><a href=\"https:\/\/abint.us2.list-manage.com\/track\/click?u=88818ac6bf44316570fc1bc2f&amp;id=46b014bcf1&amp;e=626265ad22\" style=\"color:blue; text-decoration:underline\" target=\"_blank\"><span style=\"font-size:14.0pt\"><span style=\"color:blue\">Mais informa&ccedil;&otilde;es e inscri&ccedil;&otilde;es<\/span><\/span><\/a><\/span><\/span><\/span><\/p>\r\n\r\n<p style=\"text-align:justify\"><img height=\"273\" src=\"https:\/\/www.abint.org.br\/assets\/img\/editor\/itma-2023-abint-english-417x250_20230307122927QodidokHgx.jpg\" width=\"458\" \/><\/p>\r\n\r\n<p style=\"text-align:justify\"><span style=\"font-size:11pt\"><span style=\"line-height:normal\"><span style=\"font-family:&quot;Calibri&quot;,sans-serif\"><b><span style=\"font-size:14.0pt\">A ABINT apoia a ITMA 2023<\/span><\/b><\/span><\/span><\/span><\/p>\r\n\r\n<p style=\"text-align:justify\"><span style=\"font-size:11pt\"><span style=\"line-height:normal\"><span style=\"font-family:&quot;Calibri&quot;,sans-serif\"><span style=\"font-size:14.0pt\">A 19&ordf; edi&ccedil;&atilde;o da maior exposi&ccedil;&atilde;o internacional de tecnologia t&ecirc;xtil e de vestu&aacute;rio do mundo acontecer&aacute; em Mil&atilde;o, It&aacute;lia, de 08 a 14 de junho de 2023. <\/span><a href=\"https:\/\/itma.com\/\" style=\"color:blue; text-decoration:underline\"><span style=\"font-size:14.0pt\">Informa&ccedil;&otilde;es<\/span><\/a><\/span><\/span><\/span><\/p>\r\n\r\n<p style=\"text-align:justify\">&nbsp;<\/p>\r\n\r\n<p style=\"text-align:justify\"><span style=\"font-size:11pt\"><span style=\"line-height:normal\"><span style=\"font-family:&quot;Calibri&quot;,sans-serif\"><b><span style=\"font-size:18.0pt\"><span style=\"font-variant:small-caps\">Eventos<\/span><\/span><\/b><\/span><\/span><\/span><\/p>\r\n\r\n<p style=\"text-align:justify\"><span style=\"font-size:11pt\"><span style=\"line-height:normal\"><span style=\"font-family:&quot;Calibri&quot;,sans-serif\"><b><span style=\"font-size:14.0pt\">46&ordf; FIMEC | Feira Internacional de Couros, Produtos Qu&iacute;micos, Componentes, M&aacute;quinas e Equipamentos para Cal&ccedil;ados e Curtumes<\/span><\/b><span style=\"font-size:14.0pt\">, 07 a 09 de mar&ccedil;o de 2023, FENAC, Novo Hamburgo, Rio Grande do Sul.<\/span> <a href=\"https:\/\/www.fimec.com.br\/pt-br\/home\" style=\"color:blue; text-decoration:underline\"><span style=\"font-size:14.0pt\">Informa&ccedil;&otilde;es<\/span><\/a><\/span><\/span><\/span><\/p>\r\n\r\n<p style=\"text-align:justify\"><img height=\"305\" src=\"https:\/\/www.abint.org.br\/assets\/img\/editor\/associadas-na-fimec-2023_20230307123138MOGgN04kMX.jpg\" width=\"611\" \/><\/p>\r\n\r\n<p style=\"text-align:justify\">&nbsp;<\/p>\r\n\r\n<p style=\"text-align:justify\"><span style=\"font-size:11pt\"><span style=\"line-height:normal\"><span style=\"font-family:&quot;Calibri&quot;,sans-serif\"><b><span style=\"font-size:14.0pt\">Workshop Abit | Relativiza&ccedil;&atilde;o da coisa julgada em mat&eacute;ria tribut&aacute;ria e seus impactos<\/span><\/b><span style=\"font-size:14.0pt\">, 08 de mar&ccedil;o de 2023, 09h30, evento virtual.<\/span> <a href=\"https:\/\/app.rdstation.email\/mail\/0c7ccc29-6faa-4098-a774-c3466c4e858f?utm_campaign=convite_workshop_decisao_stf&amp;utm_medium=email&amp;utm_source=RD+Station\" style=\"color:blue; text-decoration:underline\"><span style=\"font-size:14.0pt\">Informa&ccedil;&otilde;es<\/span><\/a> <\/span><\/span><\/span><\/p>\r\n\r\n<p style=\"text-align:justify\"><span style=\"font-size:11pt\"><span style=\"line-height:normal\"><span style=\"font-family:&quot;Calibri&quot;,sans-serif\"><b><span style=\"font-size:14.0pt\">FGV IBRE | I Semin&aacute;rio de An&aacute;lise Conjuntural<\/span><\/b><span style=\"font-size:14.0pt\">, 09 de mar&ccedil;o, das 10h00 &agrave;s 11h30, transmiss&atilde;o via YouTube.<\/span> <a href=\"https:\/\/evento.fgv.br\/seminarioanaliseconjuntural0903\/\" style=\"color:blue; text-decoration:underline\"><span style=\"font-size:14.0pt\">Informa&ccedil;&otilde;es<\/span><\/a> <\/span><\/span><\/span><\/p>\r\n\r\n<p style=\"text-align:justify\"><span style=\"font-size:11pt\"><span style=\"line-height:normal\"><span style=\"font-family:&quot;Calibri&quot;,sans-serif\"><b><span style=\"font-size:14.0pt\">FIESP | Perspectivas para o setor da sa&uacute;de no estado de S&atilde;o Paulo<\/span><\/b><span style=\"font-size:14.0pt\">, 15 de mar&ccedil;o de 2023, 09h30, evento presencial.<\/span> <a href=\"http:\/\/emkt.fiesp.ind.br\/emkt\/tracer\/?1,7328038,460d08b8,52d9\" style=\"color:blue; text-decoration:underline\"><span style=\"font-size:14.0pt\">Informa&ccedil;&otilde;es<\/span><\/a> <\/span><\/span><\/span><\/p>\r\n\r\n<p style=\"text-align:justify\"><span style=\"font-size:11pt\"><span style=\"line-height:normal\"><span style=\"font-family:&quot;Calibri&quot;,sans-serif\"><b><span style=\"font-size:14.0pt\">Workshop Abit | eSocial<\/span><\/b><span style=\"font-size:14.0pt\">, 21 de mar&ccedil;o de 2023, 09h30, evento virtual<b>.<\/b><\/span> <a href=\"https:\/\/app.rdstation.email\/mail\/23861949-a748-49d9-8c94-7f0a684a3329?utm_campaign=convite_workshop_esocial&amp;utm_medium=email&amp;utm_source=RD+Station\" style=\"color:blue; text-decoration:underline\"><span style=\"font-size:14.0pt\">Informa&ccedil;&otilde;es<\/span><\/a> <\/span><\/span><\/span><\/p>\r\n\r\n<p style=\"text-align:justify\"><span style=\"font-size:11pt\"><span style=\"line-height:normal\"><span style=\"font-family:&quot;Calibri&quot;,sans-serif\"><b><span style=\"font-size:14.0pt\">AESabesp | ESG &ndash; Teoria e Pr&aacute;tica no Setor de Saneamento<\/span><\/b><span style=\"font-size:14.0pt\">, 27 de mar&ccedil;o de 2023, 14h00 &agrave;s 17h00.<\/span> <a href=\"https:\/\/www.aesabesp.org.br\/events\/esg-teoria-e-pratica-no-setor-de-saneamento-turma-03\/\" style=\"color:blue; text-decoration:underline\"><span style=\"font-size:14.0pt\">Informa&ccedil;&otilde;es<\/span><\/a> <\/span><\/span><\/span><\/p>\r\n\r\n<p style=\"text-align:justify\"><span style=\"font-size:11pt\"><span style=\"line-height:normal\"><span style=\"font-family:&quot;Calibri&quot;,sans-serif\"><b><span style=\"font-size:14.0pt\">Pl&aacute;stico Brasil &ndash; Feira Internacional do Pl&aacute;stico<\/span><\/b><span style=\"font-size:14.0pt\">, 27 a 31 de mar&ccedil;o de 2023, S&atilde;o Paulo Expo. <\/span><a href=\"https:\/\/www.plasticobrasil.com.br\/pt\/home.html\" style=\"color:blue; text-decoration:underline\"><span style=\"font-size:14.0pt\">Informa&ccedil;&otilde;es<\/span><\/a><\/span><\/span><\/span><\/p>\r\n\r\n<p style=\"text-align:justify\"><span style=\"font-size:11pt\"><span style=\"line-height:normal\"><span style=\"font-family:&quot;Calibri&quot;,sans-serif\"><b><span style=\"font-size:14.0pt\">NasceCME | Dia Internacional da Ci&ecirc;ncia da Esteriliza&ccedil;&atilde;o &ndash; Equipes t&eacute;cnicas qualificadas e as interfaces com processos e pr&aacute;ticas seguras<\/span><\/b><span style=\"font-size:14.0pt\">, 14 e 15 de abril de 2023, Golden Tulip, S&atilde;o Jos&eacute; dos Campos<\/span><span class=\"MsoHyperlink\" style=\"color:blue\"><span style=\"text-decoration:underline\"><span style=\"font-size:14.0pt\"><span style=\"text-decoration:none\"><span style=\"text-underline:none\">. <\/span><\/span><\/span><\/span><\/span><a href=\"https:\/\/www.sympla.com.br\/evento\/dia-internacional-da-ciencia-da-esterilizacao\/1866685?_gl=1*103ko68*_ga*MTk0NjU1Njc3Ni4xNjc1MTc5Mzkz*_ga_KXH10SQTZF*MTY3NTg3MzM2NS45LjEuMTY3NTg3MzQ0My4wLjAuMA..\" style=\"color:blue; text-decoration:underline\"><span style=\"font-size:14.0pt\">Informa&ccedil;&otilde;es<\/span><\/a> <\/span><\/span><\/span><\/p>\r\n\r\n<p style=\"text-align:justify\"><span style=\"font-size:11pt\"><span style=\"line-height:normal\"><span style=\"font-family:&quot;Calibri&quot;,sans-serif\"><b><span style=\"font-size:14.0pt\">INDEX 2023<\/span><\/b><span style=\"font-size:14.0pt\">, 18 a 21 de abril, Palexpo, Genebra, Su&iacute;&ccedil;a<b>.<\/b><\/span> <a href=\"https:\/\/www.indexnonwovens.com\/en\/\" style=\"color:blue; text-decoration:underline\"><span style=\"font-size:14.0pt\">Informa&ccedil;&otilde;es<\/span><\/a><\/span><\/span><\/span><\/p>\r\n\r\n<p style=\"text-align:justify\"><span style=\"font-size:11pt\"><span style=\"line-height:normal\"><span style=\"font-family:&quot;Calibri&quot;,sans-serif\"><b><span style=\"font-size:14.0pt\">SENAI CETIQT | Programa de Desenvolvimento Setorial T&ecirc;xtil<\/span><\/b><span style=\"font-size:14.0pt\">, acesse <a href=\"https:\/\/materiais.senaicetiqt.com\/lp_programa-de-desenvolvimento-setorial?utm_campaign=senai_cetiqt_e_abit__pds_textil__2_envio&amp;utm_medium=email&amp;utm_source=RD+Station\" style=\"color:blue; text-decoration:underline\">aqui<\/a> para mais informa&ccedil;&otilde;es<\/span><\/span><\/span><\/span><\/p>\r\n\r\n<p style=\"text-align:justify\"><span style=\"font-size:11pt\"><span style=\"line-height:normal\"><span style=\"font-family:&quot;Calibri&quot;,sans-serif\"><b><span style=\"font-size:14.0pt\">SENAI-SP | Jornada da Transforma&ccedil;&atilde;o Digital<\/span><\/b><span style=\"font-size:14.0pt\">, clique <\/span><a href=\"https:\/\/jornadadigital-cadastro.sp.senai.br\/tenho-interesse?utm_source=emkt&amp;utm_medium=emkt&amp;utm_campaign=jornada+de+transformacao+digital+tenho+interesse&amp;utm_id=jornada+de+transformacao+digital+tenho+interesse&amp;\" style=\"color:blue; text-decoration:underline\"><span style=\"font-size:14.0pt\">aqui<\/span><\/a><span style=\"font-size:14.0pt\"> para mais detalhes<\/span><\/span><\/span><\/span><\/p>\r\n\r\n<p style=\"text-align:justify\"><span style=\"font-size:11pt\"><span style=\"line-height:normal\"><span style=\"font-family:&quot;Calibri&quot;,sans-serif\"><a href=\"https:\/\/www.magnetmail.net\/actions\/email_web_version.cfm?ep=nY1qAgSybIYAtXkUlomjGTvozlxP9uwHcN55F0MkytH2RClGE8usJiNt1Arjq6T9h3o4FMnFZvw194A5gVh0cidsrPTck3kKnIiEDOLIT1krQCou4boq3j9g-8jm_6Vc\" style=\"color:blue; text-decoration:underline\"><span style=\"font-size:14.0pt\">INDA | 2023 Calendar of Events<\/span><\/a><\/span><\/span><\/span><\/p>\r\n\r\n<p class=\"MsoTitle\" style=\"text-align:justify\"><span style=\"font-size:28pt\"><span style=\"font-family:&quot;Cambria&quot;,serif\"><span style=\"letter-spacing:-0.5pt\"><b><span style=\"font-size:18.0pt\"><span style=\"font-family:&quot;Calibri&quot;,sans-serif\"><span style=\"font-variant:small-caps\">Setor<\/span><\/span><\/span><\/b><\/span><\/span><\/span><\/p>\r\n\r\n<p style=\"text-align:justify\"><span style=\"font-size:11pt\"><span style=\"line-height:normal\"><span style=\"font-family:&quot;Calibri&quot;,sans-serif\"><a href=\"https:\/\/www.meiofiltrante.com.br\/Noticia\/111615\/filtros-ajudam-reduzir-poluicao-e-protegem-nossa-saude\" style=\"color:blue; text-decoration:underline\"><span style=\"font-size:14.0pt\">Filtros ajudam reduzir polui&ccedil;&atilde;o e protegem nossa sa&uacute;de<\/span><\/a><\/span><\/span><\/span><\/p>\r\n\r\n<p style=\"text-align:justify\"><span style=\"font-size:11pt\"><span style=\"line-height:normal\"><span style=\"font-family:&quot;Calibri&quot;,sans-serif\"><a href=\"https:\/\/novocantu.com.br\/noticia\/148680\/criterios-tecnicos-garantem-seguranca-na-construcao-de-reservatorios\" style=\"color:blue; text-decoration:underline\"><span style=\"font-size:14.0pt\">Geossint&eacute;ticos: Crit&eacute;rios t&eacute;cnicos garantem seguran&ccedil;a na constru&ccedil;&atilde;o de reservat&oacute;rios<\/span><\/a><\/span><\/span><\/span><\/p>\r\n\r\n<p style=\"text-align:justify\"><span style=\"font-size:11pt\"><span style=\"line-height:normal\"><span style=\"font-family:&quot;Calibri&quot;,sans-serif\"><a href=\"https:\/\/www.filtxpo.com\/2023\/exhibitor-spotlight.html#spotlight6\" style=\"color:blue; text-decoration:underline\"><span style=\"font-size:14.0pt\">Freudenberg consolidates product portfolio under new Filtura brand<\/span><\/a><\/span><\/span><\/span><\/p>\r\n\r\n<p style=\"text-align:justify\"><span style=\"font-size:11pt\"><span style=\"line-height:normal\"><span style=\"font-family:&quot;Calibri&quot;,sans-serif\"><a href=\"https:\/\/tissueonline.com.br\/lord-tem-presenca-confirmada-no-tissue-summit-brasil-2023\/?utm_campaign=lord_tem_presenca_confirmada_no_tissue_summit_brasil_2023&amp;utm_medium=email&amp;utm_source=RD+Station\" style=\"color:blue; text-decoration:underline\"><span style=\"font-size:14.0pt\">Lord tem presen&ccedil;a confirmada no Tissue Summit Brasil 2023<\/span><\/a><\/span><\/span><\/span><\/p>\r\n\r\n<p style=\"text-align:justify\"><span style=\"font-size:11pt\"><span style=\"line-height:normal\"><span style=\"font-family:&quot;Calibri&quot;,sans-serif\"><a href=\"https:\/\/plasticosemrevista.com.br\/america-latina-surge-entre-os-principais-importadores-de-pp-da-china\/\" style=\"color:blue; text-decoration:underline\"><span style=\"font-size:14.0pt\">Am&eacute;rica Latina surge entre os principais importadores de PP da China<\/span><\/a><\/span><\/span><\/span><\/p>\r\n\r\n<p style=\"text-align:justify\"><span style=\"font-size:11pt\"><span style=\"line-height:normal\"><span style=\"font-family:&quot;Calibri&quot;,sans-serif\"><a href=\"https:\/\/plasticosemrevista.com.br\/polietilenos-eua-exportaram-108-milhoes-de-t-em-2022\/\" style=\"color:blue; text-decoration:underline\"><span style=\"font-size:14.0pt\">Polietilenos: EUA exportaram 10,8 milh&otilde;es de t em 2022<\/span><\/a><\/span><\/span><\/span><\/p>\r\n\r\n<p style=\"text-align:justify\"><span style=\"font-size:11pt\"><span style=\"line-height:normal\"><span style=\"font-family:&quot;Calibri&quot;,sans-serif\"><a href=\"https:\/\/www.infomoney.com.br\/mercados\/braskem-brkm5-tem-queda-na-venda-de-resinas-no-brasil-no-4-trimestre\/\" style=\"color:blue; text-decoration:underline\"><span style=\"font-size:14.0pt\">Braskem (BRKM5) tem queda na venda de resinas no Brasil no 4&deg; trimestre<\/span><\/a><\/span><\/span><\/span><\/p>\r\n\r\n<p style=\"text-align:justify\"><span style=\"font-size:11pt\"><span style=\"line-height:normal\"><span style=\"font-family:&quot;Calibri&quot;,sans-serif\"><a href=\"https:\/\/www.textiletechnology.net\/technology\/trendreports\/composites-germany-optimistic-expectations-for-composites-market-33628?utm_source=%2Fmeta%2Fnewsletter%2Fnewsletter&amp;utm_medium=newsletter&amp;utm_campaign=nl1155&amp;utm_term=0801b20e08c3242125d512808cd74302\" style=\"color:blue; text-decoration:underline\"><span style=\"font-size:14.0pt\">Optimistic expectations for composites market<\/span><\/a><\/span><\/span><\/span><\/p>\r\n\r\n<p class=\"MsoTitle\" style=\"text-align:justify\"><span style=\"font-size:28pt\"><span style=\"font-family:&quot;Cambria&quot;,serif\"><span style=\"letter-spacing:-0.5pt\"><b><span style=\"font-size:18.0pt\"><span style=\"font-family:&quot;Calibri&quot;,sans-serif\"><span style=\"font-variant:small-caps\">Ind&uacute;stria<\/span><\/span><\/span><\/b><\/span><\/span><\/span><\/p>\r\n\r\n<p style=\"text-align:justify\"><span style=\"font-size:11pt\"><span style=\"line-height:normal\"><span style=\"font-family:&quot;Calibri&quot;,sans-serif\"><a href=\"https:\/\/grandesconstrucoes.com.br\/Noticias\/Exibir\/governo-de-sp-prepara-seis-leiloes-de-rodovias?utm_source=akna&amp;utm_medium=email&amp;utm_campaign=Grandes-Construcoes-Informativo-851-02-03-2023&amp;utm_source=akna&amp;utm_medium=email&amp;utm_campaign=Grandes-Construcoes-Informativo-851-02-03-2023\" style=\"color:blue; text-decoration:underline\"><span style=\"font-size:14.0pt\">Governo de SP prepara seis leil&otilde;es de rodovias<\/span><\/a><\/span><\/span><\/span><\/p>\r\n\r\n<p style=\"text-align:justify\"><span style=\"font-size:11pt\"><span style=\"line-height:normal\"><span style=\"font-family:&quot;Calibri&quot;,sans-serif\"><a href=\"https:\/\/grandesconstrucoes.com.br\/Noticias\/Exibir\/crea-sp-e-governo-paulista-tracam-acoes-de-enfrentamento-a-tragedia-no-litoral-norte?utm_source=akna&amp;utm_medium=email&amp;utm_campaign=Grandes-Construcoes-Informativo-851-02-03-2023&amp;utm_source=akna&amp;utm_medium=email&amp;utm_campaign=Grandes-Construcoes-Informativo-851-02-03-2023\" style=\"color:blue; text-decoration:underline\"><span style=\"font-size:14.0pt\">Crea-SP e governo paulista tra&ccedil;am a&ccedil;&otilde;es de enfrentamento &agrave; trag&eacute;dia no Litoral Norte<\/span><\/a><\/span><\/span><\/span><\/p>\r\n\r\n<p style=\"text-align:justify\"><span style=\"font-size:11pt\"><span style=\"line-height:normal\"><span style=\"font-family:&quot;Calibri&quot;,sans-serif\"><a href=\"https:\/\/portalibre.fgv.br\/noticias\/confianca-empresarial-sobe-06-ponto-em-fevereiro\" style=\"color:blue; text-decoration:underline\"><span style=\"font-size:14.0pt\">Confian&ccedil;a Empresarial sobe 0,6 ponto em fevereiro<\/span><\/a><\/span><\/span><\/span><\/p>\r\n\r\n<p style=\"text-align:justify\"><span style=\"font-size:11pt\"><span style=\"line-height:normal\"><span style=\"font-family:&quot;Calibri&quot;,sans-serif\"><a href=\"https:\/\/almaco.org.br\/2023\/03\/02\/pib-da-construcao-cresceu-69-em-2022-aponta-o-sinduscon-sp\/\" style=\"color:blue; text-decoration:underline\"><span style=\"font-size:14.0pt\">PIB da constru&ccedil;&atilde;o cresceu 6,9% em 2022, aponta o SindusCon-SP<\/span><\/a><\/span><\/span><\/span><\/p>\r\n\r\n<p class=\"MsoTitle\" style=\"text-align:justify\"><span style=\"font-size:28pt\"><span style=\"font-family:&quot;Cambria&quot;,serif\"><span style=\"letter-spacing:-0.5pt\"><b><span style=\"font-size:18.0pt\"><span style=\"font-family:&quot;Calibri&quot;,sans-serif\"><span style=\"font-variant:small-caps\">Sustentabilidade<\/span><\/span><\/span><\/b><\/span><\/span><\/span><\/p>\r\n\r\n<p style=\"text-align:justify\"><span style=\"font-size:11pt\"><span style=\"line-height:normal\"><span style=\"font-family:&quot;Calibri&quot;,sans-serif\"><a href=\"https:\/\/exame.com\/esg\/dan-vermeer-por-que-a-reciclagem-nao-resolve-o-desafio-do-uso-excessivo-de-plastico\/\" style=\"color:blue; text-decoration:underline\"><span style=\"font-size:14.0pt\">Dan Vermeer: por que a reciclagem n&atilde;o resolve o desafio do uso excessivo de pl&aacute;stico<\/span><\/a><\/span><\/span><\/span><\/p>\r\n\r\n<p style=\"text-align:justify\"><span style=\"font-size:11pt\"><span style=\"line-height:normal\"><span style=\"font-family:&quot;Calibri&quot;,sans-serif\"><a href=\"https:\/\/www.assintecal.org.br\/noticias\/4349\/mercado-norte-americano-abre-portas-para-a-sustentabilidade-brasileira\" style=\"color:blue; text-decoration:underline\"><span style=\"font-size:14.0pt\">Cal&ccedil;ados | Mercado norte-americano abre portas para a sustentabilidade brasileira<\/span><\/a><\/span><\/span><\/span><\/p>\r\n\r\n<p style=\"text-align:justify\"><span style=\"font-size:11pt\"><span style=\"line-height:normal\"><span style=\"font-family:&quot;Calibri&quot;,sans-serif\"><a href=\"https:\/\/omunicipio.com.br\/andre-groh-empresa-de-brusque-apresenta-case-em-encontro-que-discutiu-sustentabilidade-na-industria-textil-de-santa-catarina\/\" style=\"color:blue; text-decoration:underline\"><span style=\"font-size:14.0pt\">Empresa de Brusque apresenta case em encontro que discutiu sustentabilidade na ind&uacute;stria t&ecirc;xtil de Santa Catarina<\/span><\/a><\/span><\/span><\/span><\/p>\r\n\r\n<p style=\"text-align:justify\"><span style=\"font-size:11pt\"><span style=\"line-height:normal\"><span style=\"font-family:&quot;Calibri&quot;,sans-serif\"><a href=\"https:\/\/conectaverde.com.br\/logistica-reversa-e-reciclagem-ganham-forca-com-novos-decretos\/?utm_campaign=rascunho_conecta_verde_news_28&amp;utm_medium=email&amp;utm_source=RD+Station\" style=\"color:blue; text-decoration:underline\"><span style=\"font-size:14.0pt\">Log&iacute;stica reversa e reciclagem ganham for&ccedil;a com novos decretos<\/span><\/a><\/span><\/span><\/span><\/p>\r\n\r\n<p style=\"text-align:justify\"><span style=\"font-size:11pt\"><span style=\"line-height:normal\"><span style=\"font-family:&quot;Calibri&quot;,sans-serif\"><a href=\"https:\/\/www.innovationintextiles.com\/industry-talk\/europes-textile-waste-exports-a-growing-problem\/\" style=\"color:blue; text-decoration:underline\"><span style=\"font-size:14.0pt\">Europe&rsquo;s textile waste exports a growing problem<\/span><\/a><\/span><\/span><\/span><\/p>\r\n\r\n<p class=\"MsoTitle\" style=\"text-align:justify\"><span style=\"font-size:28pt\"><span style=\"font-family:&quot;Cambria&quot;,serif\"><span style=\"letter-spacing:-0.5pt\"><b><span style=\"font-size:18.0pt\"><span style=\"font-family:&quot;Calibri&quot;,sans-serif\"><span style=\"font-variant:small-caps\">Inova&ccedil;&atilde;o<\/span><\/span><\/span><\/b><\/span><\/span><\/span><\/p>\r\n\r\n<p style=\"text-align:justify\"><span style=\"font-size:11pt\"><span style=\"line-height:normal\"><span style=\"font-family:&quot;Calibri&quot;,sans-serif\"><a href=\"https:\/\/tissueonline.com.br\/empresa-indiana-cria-servico-de-reciclagem-de-absorventes-usados\/\" style=\"color:blue; text-decoration:underline\"><span style=\"font-size:14.0pt\">Empresa indiana cria servi&ccedil;o de reciclagem de absorventes usados<\/span><\/a><\/span><\/span><\/span><\/p>\r\n\r\n<p style=\"text-align:justify\"><span style=\"font-size:11pt\"><span style=\"line-height:normal\"><span style=\"font-family:&quot;Calibri&quot;,sans-serif\"><a href=\"https:\/\/www.saudebusiness.com\/industria\/solvay-e-ostium-na-reciclagem-de-polimeros-especiais-usados-em-instrumentos-cirurgicos\" style=\"color:blue; text-decoration:underline\"><span style=\"font-size:14.0pt\">Solvay e Ostium na reciclagem de pol&iacute;meros especiais usados em instrumentos cir&uacute;rgicos descart&aacute;veis<\/span><\/a><\/span><\/span><\/span><\/p>\r\n\r\n<p style=\"text-align:justify\"><span style=\"font-size:11pt\"><span style=\"line-height:normal\"><span style=\"font-family:&quot;Calibri&quot;,sans-serif\"><a href=\"http:\/\/textileindustry.ning.com\/forum\/topics\/estilista-desenvolve-fibra-t-xtil-usando-algas-vermelhas\" style=\"color:blue; text-decoration:underline\"><span style=\"font-size:14.0pt\">Estilista desenvolve fibra t&ecirc;xtil usando algas vermelhas<\/span><\/a><\/span><\/span><\/span><\/p>\r\n\r\n<p style=\"text-align:justify\"><span style=\"font-size:11pt\"><span style=\"line-height:normal\"><span style=\"font-family:&quot;Calibri&quot;,sans-serif\"><a href=\"https:\/\/www.portugaltextil.com\/estruturas-fibrosas-vivas-agitam-texteis\/?utm_term=Portugal+Textil+a%3F%3F%3F%3F+27.02.2023&amp;utm_campaign=Portugal+Textil+FInal&amp;utm_source=e-goi&amp;utm_medium=email\" style=\"color:blue; text-decoration:underline\"><span style=\"font-size:14.0pt\">Estruturas fibrosas vivas agitam t&ecirc;xteis<\/span><\/a><\/span><\/span><\/span><\/p>\r\n\r\n<p style=\"text-align:justify\"><span style=\"font-size:11pt\"><span style=\"line-height:normal\"><span style=\"font-family:&quot;Calibri&quot;,sans-serif\"><a href=\"https:\/\/www.portugaltextil.com\/alternativas-texteis-sob-investigacao\/?utm_term=Portugal+Textil+a%3F%3F%3F%3F+27.02.2023&amp;utm_campaign=Portugal+Textil+FInal&amp;utm_source=e-goi&amp;utm_medium=email\" style=\"color:blue; text-decoration:underline\"><span style=\"font-size:14.0pt\">Alternativas t&ecirc;xteis sob investiga&ccedil;&atilde;o<\/span><\/a><\/span><\/span><\/span><\/p>\r\n\r\n<p style=\"text-align:justify\"><span style=\"font-size:11pt\"><span style=\"line-height:normal\"><span style=\"font-family:&quot;Calibri&quot;,sans-serif\"><a href=\"https:\/\/www.technicaltextile.net\/news\/finland-s-researchers-develop-smart-fabric-that-reacts-to-temp-changes-286027.html\" style=\"color:blue; text-decoration:underline\"><span style=\"font-size:14.0pt\">Finland&#39;s researchers develop smart fabric that reacts to temp changes<\/span><\/a><\/span><\/span><\/span><\/p>\r\n\r\n<p style=\"text-align:justify\"><span style=\"font-size:11pt\"><span style=\"line-height:normal\"><span style=\"font-family:&quot;Calibri&quot;,sans-serif\"><a href=\"https:\/\/www.textiletechnology.net\/technical-textiles\/news\/polyu-hk-non-contact-gesture-recognition-illuminative-textile-33617?utm_source=%2Fmeta%2Fnewsletter%2Fnewsletter&amp;utm_medium=newsletter&amp;utm_campaign=nl1155&amp;utm_term=0801b20e08c3242125d512808cd74302\" style=\"color:blue; text-decoration:underline\"><span style=\"font-size:14.0pt\">Non-contact gesture recognition illuminative textile<\/span><\/a><\/span><\/span><\/span><\/p>\r\n\r\n<p class=\"MsoTitle\" style=\"text-align:justify\"><span style=\"font-size:28pt\"><span style=\"font-family:&quot;Cambria&quot;,serif\"><span style=\"letter-spacing:-0.5pt\"><b><span style=\"font-size:18.0pt\"><span style=\"font-family:&quot;Calibri&quot;,sans-serif\"><span style=\"font-variant:small-caps\">Com&eacute;rcio Exterior<\/span><\/span><\/span><\/b><\/span><\/span><\/span><\/p>\r\n\r\n<p style=\"text-align:justify\"><span style=\"font-size:11pt\"><span style=\"line-height:normal\"><span style=\"font-family:&quot;Calibri&quot;,sans-serif\"><a href=\"https:\/\/www.cnnbrasil.com.br\/business\/ue-envia-ao-mercosul-condicoes-para-retomada-de-negociacoes-de-acordo\/\" style=\"color:blue; text-decoration:underline\"><span style=\"font-size:14.0pt\">UE envia ao Mercosul condi&ccedil;&otilde;es para retomada de negocia&ccedil;&otilde;es de acordo<\/span><\/a><\/span><\/span><\/span><\/p>\r\n\r\n<p style=\"text-align:justify\"><span style=\"font-size:11pt\"><span style=\"line-height:normal\"><span style=\"font-family:&quot;Calibri&quot;,sans-serif\"><a href=\"https:\/\/www.automotivebusiness.com.br\/pt\/posts\/setor-automotivo\/exportacoes-de-veiculos-encerram-bimestre-em-queda-de-26\/\" style=\"color:blue; text-decoration:underline\"><span style=\"font-size:14.0pt\">Exporta&ccedil;&otilde;es de ve&iacute;culos encerram bimestre com queda de 2,6%<\/span><\/a><\/span><\/span><\/span><\/p>\r\n\r\n<p style=\"text-align:justify\"><span style=\"font-size:11pt\"><span style=\"line-height:normal\"><span style=\"font-family:&quot;Calibri&quot;,sans-serif\"><a href=\"https:\/\/economia.ig.com.br\/2023-02-28\/paises-america-latina-combate-inflacao.html.amp\" style=\"color:blue; text-decoration:underline\"><span style=\"font-size:14.0pt\">Cinco pa&iacute;ses latino-americanos querem lan&ccedil;ar plano contra infla&ccedil;&atilde;o<\/span><\/a><\/span><\/span><\/span><\/p>\r\n\r\n<p style=\"text-align:justify\"><span style=\"font-size:11pt\"><span style=\"line-height:normal\"><span style=\"font-family:&quot;Calibri&quot;,sans-serif\"><a href=\"https:\/\/static.portaldaindustria.com.br\/media\/filer_public\/68\/70\/68700947-e093-4d64-aa14-869f560c4fce\/informepoliticacomercial_23_03_imposto-exportacao-petroleo-cru_20230301.pdf\" style=\"color:blue; text-decoration:underline\"><span style=\"font-size:14.0pt\">CNI | Informe de Pol&iacute;tica Comercial n&ordm;03\/2023<\/span><\/a><\/span><\/span><\/span><\/p>\r\n\r\n<p style=\"text-align:justify\"><span style=\"font-size:11pt\"><span style=\"line-height:normal\"><span style=\"font-family:&quot;Calibri&quot;,sans-serif\"><a href=\"https:\/\/agenciabrasil.ebc.com.br\/economia\/noticia\/2023-03\/balanca-comercial-tem-superavit-de-us-2837-bi-em-fevereiro\" style=\"color:blue; text-decoration:underline\"><span style=\"font-size:14.0pt\">Balan&ccedil;a comercial tem super&aacute;vit de US$ 2,837 bi em fevereiro<\/span><\/a><\/span><\/span><\/span><\/p>\r\n\r\n<p class=\"MsoTitle\" style=\"text-align:justify\"><span style=\"font-size:28pt\"><span style=\"font-family:&quot;Cambria&quot;,serif\"><span style=\"letter-spacing:-0.5pt\"><b><span style=\"font-size:18.0pt\"><span style=\"font-family:&quot;Calibri&quot;,sans-serif\"><span style=\"font-variant:small-caps\">Economia<\/span><\/span><\/span><\/b><\/span><\/span><\/span><\/p>\r\n\r\n<p style=\"text-align:justify\"><span style=\"font-size:11pt\"><span style=\"line-height:normal\"><span style=\"font-family:&quot;Calibri&quot;,sans-serif\"><a href=\"https:\/\/www.bcb.gov.br\/content\/focus\/focus\/R20230303.pdf\" style=\"color:blue; text-decoration:underline\"><span style=\"font-size:14.0pt\">Focus - Relat&oacute;rio de Mercado<\/span><\/a><\/span><\/span><\/span><\/p>\r\n\r\n<p style=\"text-align:justify\"><span style=\"font-size:11pt\"><span style=\"line-height:normal\"><span style=\"font-family:&quot;Calibri&quot;,sans-serif\"><a href=\"https:\/\/www.bcb.gov.br\/content\/controleinflacao\/focusdistribuicoesfrequencia\/P20230306-Focus-Distribuicoes-de-frequencia.pdf\" style=\"color:blue; text-decoration:underline\"><span style=\"font-size:14.0pt\">Focus &ndash; Distribui&ccedil;&otilde;es de Frequ&ecirc;ncia das Expectativas de Mercado para IPCA, Selic, PIB e C&acirc;mbio.<\/span><\/a><\/span><\/span><\/span><\/p>\r\n\r\n<p style=\"text-align:justify\"><span style=\"font-size:11pt\"><span style=\"line-height:normal\"><span style=\"font-family:&quot;Calibri&quot;,sans-serif\"><a href=\"https:\/\/portalibre.fgv.br\/noticias\/incerteza-da-economia-cai-16-ponto-em-fevereiro\" style=\"color:blue; text-decoration:underline\"><span style=\"font-size:14.0pt\">Incerteza da Economia cai 1,6 ponto em fevereiro<\/span><\/a><\/span><\/span><\/span><\/p>\r\n\r\n<p style=\"text-align:justify\"><span style=\"font-size:11pt\"><span style=\"line-height:normal\"><span style=\"font-family:&quot;Calibri&quot;,sans-serif\"><a href=\"https:\/\/www.fiesp.com.br\/noticias\/fiesp-atividade-industrial-cresce-em-janeiro-mas-taxa-de-juros-alta-e-desafio-este-ano\/\" style=\"color:blue; text-decoration:underline\"><span style=\"font-size:14.0pt\">Fiesp | Atividade industrial cresce em janeiro, mas taxa de juros alta &eacute; desafio este ano<\/span><\/a><\/span><\/span><\/span><\/p>\r\n\r\n<p style=\"text-align:justify\"><span style=\"font-size:11pt\"><span style=\"line-height:normal\"><span style=\"font-family:&quot;Calibri&quot;,sans-serif\"><a href=\"https:\/\/www.fiesp.com.br\/noticias\/selic-alta-tem-efeito-devastador-nas-empresas\/\" style=\"color:blue; text-decoration:underline\"><span style=\"font-size:14.0pt\">Selic alta tem efeito devastador nas empresas<\/span><\/a><\/span><\/span><\/span><\/p>\r\n\r\n<p style=\"text-align:justify\"><span style=\"font-size:11pt\"><span style=\"line-height:normal\"><span style=\"font-family:&quot;Calibri&quot;,sans-serif\"><a href=\"https:\/\/portalibre.fgv.br\/system\/files\/2023-03\/apresentacao-sintese-das-sondagens-fevereiro2023.pdf\" style=\"color:blue; text-decoration:underline\"><span style=\"font-size:14.0pt\">FGV-IBRE | S&iacute;ntese das Sondagens de fevereiro de 2023<\/span><\/a><\/span><\/span><\/span><\/p>\r\n","6":"<p style=\"text-align:justify\"><span style=\"font-size:11pt\"><span style=\"line-height:normal\"><span style=\"font-family:&quot;Calibri&quot;,sans-serif\"><span style=\"font-size:14.0pt\">Esta &eacute; uma compila&ccedil;&atilde;o das not&iacute;cias mais relevantes para o setor, incluindo informa&ccedil;&otilde;es sobre acordos internacionais, economia brasileira, sustentabilidade e mat&eacute;rias primas, al&eacute;m de novidades do setor de N&atilde;otecidos e Tecidos T&eacute;cnicos.<\/span><\/span><\/span><\/span><\/p>\r\n\r\n<p class=\"MsoTitleCxSpMiddle\" style=\"text-align:justify\"><span style=\"font-size:28pt\"><span style=\"font-family:&quot;Cambria&quot;,serif\"><span style=\"letter-spacing:-0.5pt\"><b><span style=\"font-size:18.0pt\"><span style=\"font-family:&quot;Calibri&quot;,sans-serif\"><span style=\"font-variant:small-caps\">A&ccedil;&otilde;es da ABINT<\/span><\/span><\/span><\/b><\/span><\/span><\/span><\/p>\r\n\r\n<p class=\"MsoTitleCxSpLast\" style=\"text-align:justify\"><img height=\"461\" src=\"https:\/\/www.abint.org.br\/assets\/img\/editor\/premio-tcc-ic-2023-arte-5_20230307122836aD76SI2LgK.png\" width=\"461\" \/><\/p>\r\n\r\n<p style=\"text-align:justify\"><span style=\"font-size:11pt\"><span style=\"line-height:normal\"><span style=\"font-family:&quot;Calibri&quot;,sans-serif\"><strong><span style=\"font-size:14.0pt\"><span style=\"font-family:&quot;Calibri&quot;,sans-serif\">O CTG ABINT e a IGS BRASIL <\/span><\/span><\/strong><span style=\"font-size:14.0pt\">convidam aqueles que desenvolveram trabalhos acad&ecirc;micos relacionados aos geossint&eacute;ticos a participarem&nbsp;de mais uma edi&ccedil;&atilde;o do Pr&ecirc;mio TCC\/IC.<\/span><\/span><\/span><\/span><\/p>\r\n\r\n<p style=\"text-align:justify\"><span style=\"font-size:11pt\"><span style=\"line-height:normal\"><span style=\"font-family:&quot;Calibri&quot;,sans-serif\"><a href=\"https:\/\/abint.us2.list-manage.com\/track\/click?u=88818ac6bf44316570fc1bc2f&amp;id=46b014bcf1&amp;e=626265ad22\" style=\"color:blue; text-decoration:underline\" target=\"_blank\"><span style=\"font-size:14.0pt\"><span style=\"color:blue\">Mais informa&ccedil;&otilde;es e inscri&ccedil;&otilde;es<\/span><\/span><\/a><\/span><\/span><\/span><\/p>\r\n\r\n<p style=\"text-align:justify\"><img height=\"273\" src=\"https:\/\/www.abint.org.br\/assets\/img\/editor\/itma-2023-abint-english-417x250_20230307122927QodidokHgx.jpg\" width=\"458\" \/><\/p>\r\n\r\n<p style=\"text-align:justify\"><span style=\"font-size:11pt\"><span style=\"line-height:normal\"><span style=\"font-family:&quot;Calibri&quot;,sans-serif\"><b><span style=\"font-size:14.0pt\">A ABINT apoia a ITMA 2023<\/span><\/b><\/span><\/span><\/span><\/p>\r\n\r\n<p style=\"text-align:justify\"><span style=\"font-size:11pt\"><span style=\"line-height:normal\"><span style=\"font-family:&quot;Calibri&quot;,sans-serif\"><span style=\"font-size:14.0pt\">A 19&ordf; edi&ccedil;&atilde;o da maior exposi&ccedil;&atilde;o internacional de tecnologia t&ecirc;xtil e de vestu&aacute;rio do mundo acontecer&aacute; em Mil&atilde;o, It&aacute;lia, de 08 a 14 de junho de 2023. <\/span><a href=\"https:\/\/itma.com\/\" style=\"color:blue; text-decoration:underline\"><span style=\"font-size:14.0pt\">Informa&ccedil;&otilde;es<\/span><\/a><\/span><\/span><\/span><\/p>\r\n\r\n<p style=\"text-align:justify\">&nbsp;<\/p>\r\n\r\n<p style=\"text-align:justify\"><span style=\"font-size:11pt\"><span style=\"line-height:normal\"><span style=\"font-family:&quot;Calibri&quot;,sans-serif\"><b><span style=\"font-size:18.0pt\"><span style=\"font-variant:small-caps\">Eventos<\/span><\/span><\/b><\/span><\/span><\/span><\/p>\r\n\r\n<p style=\"text-align:justify\"><span style=\"font-size:11pt\"><span style=\"line-height:normal\"><span style=\"font-family:&quot;Calibri&quot;,sans-serif\"><b><span style=\"font-size:14.0pt\">46&ordf; FIMEC | Feira Internacional de Couros, Produtos Qu&iacute;micos, Componentes, M&aacute;quinas e Equipamentos para Cal&ccedil;ados e Curtumes<\/span><\/b><span style=\"font-size:14.0pt\">, 07 a 09 de mar&ccedil;o de 2023, FENAC, Novo Hamburgo, Rio Grande do Sul.<\/span> <a href=\"https:\/\/www.fimec.com.br\/pt-br\/home\" style=\"color:blue; text-decoration:underline\"><span style=\"font-size:14.0pt\">Informa&ccedil;&otilde;es<\/span><\/a><\/span><\/span><\/span><\/p>\r\n\r\n<p style=\"text-align:justify\"><img height=\"305\" src=\"https:\/\/www.abint.org.br\/assets\/img\/editor\/associadas-na-fimec-2023_20230307123138MOGgN04kMX.jpg\" width=\"611\" \/><\/p>\r\n\r\n<p style=\"text-align:justify\">&nbsp;<\/p>\r\n\r\n<p style=\"text-align:justify\"><span style=\"font-size:11pt\"><span style=\"line-height:normal\"><span style=\"font-family:&quot;Calibri&quot;,sans-serif\"><b><span style=\"font-size:14.0pt\">Workshop Abit | Relativiza&ccedil;&atilde;o da coisa julgada em mat&eacute;ria tribut&aacute;ria e seus impactos<\/span><\/b><span style=\"font-size:14.0pt\">, 08 de mar&ccedil;o de 2023, 09h30, evento virtual.<\/span> <a href=\"https:\/\/app.rdstation.email\/mail\/0c7ccc29-6faa-4098-a774-c3466c4e858f?utm_campaign=convite_workshop_decisao_stf&amp;utm_medium=email&amp;utm_source=RD+Station\" style=\"color:blue; text-decoration:underline\"><span style=\"font-size:14.0pt\">Informa&ccedil;&otilde;es<\/span><\/a> <\/span><\/span><\/span><\/p>\r\n\r\n<p style=\"text-align:justify\"><span style=\"font-size:11pt\"><span style=\"line-height:normal\"><span style=\"font-family:&quot;Calibri&quot;,sans-serif\"><b><span style=\"font-size:14.0pt\">FGV IBRE | I Semin&aacute;rio de An&aacute;lise Conjuntural<\/span><\/b><span style=\"font-size:14.0pt\">, 09 de mar&ccedil;o, das 10h00 &agrave;s 11h30, transmiss&atilde;o via YouTube.<\/span> <a href=\"https:\/\/evento.fgv.br\/seminarioanaliseconjuntural0903\/\" style=\"color:blue; text-decoration:underline\"><span style=\"font-size:14.0pt\">Informa&ccedil;&otilde;es<\/span><\/a> <\/span><\/span><\/span><\/p>\r\n\r\n<p style=\"text-align:justify\"><span style=\"font-size:11pt\"><span style=\"line-height:normal\"><span style=\"font-family:&quot;Calibri&quot;,sans-serif\"><b><span style=\"font-size:14.0pt\">FIESP | Perspectivas para o setor da sa&uacute;de no estado de S&atilde;o Paulo<\/span><\/b><span style=\"font-size:14.0pt\">, 15 de mar&ccedil;o de 2023, 09h30, evento presencial.<\/span> <a href=\"http:\/\/emkt.fiesp.ind.br\/emkt\/tracer\/?1,7328038,460d08b8,52d9\" style=\"color:blue; text-decoration:underline\"><span style=\"font-size:14.0pt\">Informa&ccedil;&otilde;es<\/span><\/a> <\/span><\/span><\/span><\/p>\r\n\r\n<p style=\"text-align:justify\"><span style=\"font-size:11pt\"><span style=\"line-height:normal\"><span style=\"font-family:&quot;Calibri&quot;,sans-serif\"><b><span style=\"font-size:14.0pt\">Workshop Abit | eSocial<\/span><\/b><span style=\"font-size:14.0pt\">, 21 de mar&ccedil;o de 2023, 09h30, evento virtual<b>.<\/b><\/span> <a href=\"https:\/\/app.rdstation.email\/mail\/23861949-a748-49d9-8c94-7f0a684a3329?utm_campaign=convite_workshop_esocial&amp;utm_medium=email&amp;utm_source=RD+Station\" style=\"color:blue; text-decoration:underline\"><span style=\"font-size:14.0pt\">Informa&ccedil;&otilde;es<\/span><\/a> <\/span><\/span><\/span><\/p>\r\n\r\n<p style=\"text-align:justify\"><span style=\"font-size:11pt\"><span style=\"line-height:normal\"><span style=\"font-family:&quot;Calibri&quot;,sans-serif\"><b><span style=\"font-size:14.0pt\">AESabesp | ESG &ndash; Teoria e Pr&aacute;tica no Setor de Saneamento<\/span><\/b><span style=\"font-size:14.0pt\">, 27 de mar&ccedil;o de 2023, 14h00 &agrave;s 17h00.<\/span> <a href=\"https:\/\/www.aesabesp.org.br\/events\/esg-teoria-e-pratica-no-setor-de-saneamento-turma-03\/\" style=\"color:blue; text-decoration:underline\"><span style=\"font-size:14.0pt\">Informa&ccedil;&otilde;es<\/span><\/a> <\/span><\/span><\/span><\/p>\r\n\r\n<p style=\"text-align:justify\"><span style=\"font-size:11pt\"><span style=\"line-height:normal\"><span style=\"font-family:&quot;Calibri&quot;,sans-serif\"><b><span style=\"font-size:14.0pt\">Pl&aacute;stico Brasil &ndash; Feira Internacional do Pl&aacute;stico<\/span><\/b><span style=\"font-size:14.0pt\">, 27 a 31 de mar&ccedil;o de 2023, S&atilde;o Paulo Expo. <\/span><a href=\"https:\/\/www.plasticobrasil.com.br\/pt\/home.html\" style=\"color:blue; text-decoration:underline\"><span style=\"font-size:14.0pt\">Informa&ccedil;&otilde;es<\/span><\/a><\/span><\/span><\/span><\/p>\r\n\r\n<p style=\"text-align:justify\"><span style=\"font-size:11pt\"><span style=\"line-height:normal\"><span style=\"font-family:&quot;Calibri&quot;,sans-serif\"><b><span style=\"font-size:14.0pt\">NasceCME | Dia Internacional da Ci&ecirc;ncia da Esteriliza&ccedil;&atilde;o &ndash; Equipes t&eacute;cnicas qualificadas e as interfaces com processos e pr&aacute;ticas seguras<\/span><\/b><span style=\"font-size:14.0pt\">, 14 e 15 de abril de 2023, Golden Tulip, S&atilde;o Jos&eacute; dos Campos<\/span><span class=\"MsoHyperlink\" style=\"color:blue\"><span style=\"text-decoration:underline\"><span style=\"font-size:14.0pt\"><span style=\"text-decoration:none\"><span style=\"text-underline:none\">. <\/span><\/span><\/span><\/span><\/span><a href=\"https:\/\/www.sympla.com.br\/evento\/dia-internacional-da-ciencia-da-esterilizacao\/1866685?_gl=1*103ko68*_ga*MTk0NjU1Njc3Ni4xNjc1MTc5Mzkz*_ga_KXH10SQTZF*MTY3NTg3MzM2NS45LjEuMTY3NTg3MzQ0My4wLjAuMA..\" style=\"color:blue; text-decoration:underline\"><span style=\"font-size:14.0pt\">Informa&ccedil;&otilde;es<\/span><\/a> <\/span><\/span><\/span><\/p>\r\n\r\n<p style=\"text-align:justify\"><span style=\"font-size:11pt\"><span style=\"line-height:normal\"><span style=\"font-family:&quot;Calibri&quot;,sans-serif\"><b><span style=\"font-size:14.0pt\">INDEX 2023<\/span><\/b><span style=\"font-size:14.0pt\">, 18 a 21 de abril, Palexpo, Genebra, Su&iacute;&ccedil;a<b>.<\/b><\/span> <a href=\"https:\/\/www.indexnonwovens.com\/en\/\" style=\"color:blue; text-decoration:underline\"><span style=\"font-size:14.0pt\">Informa&ccedil;&otilde;es<\/span><\/a><\/span><\/span><\/span><\/p>\r\n\r\n<p style=\"text-align:justify\"><span style=\"font-size:11pt\"><span style=\"line-height:normal\"><span style=\"font-family:&quot;Calibri&quot;,sans-serif\"><b><span style=\"font-size:14.0pt\">SENAI CETIQT | Programa de Desenvolvimento Setorial T&ecirc;xtil<\/span><\/b><span style=\"font-size:14.0pt\">, acesse <a href=\"https:\/\/materiais.senaicetiqt.com\/lp_programa-de-desenvolvimento-setorial?utm_campaign=senai_cetiqt_e_abit__pds_textil__2_envio&amp;utm_medium=email&amp;utm_source=RD+Station\" style=\"color:blue; text-decoration:underline\">aqui<\/a> para mais informa&ccedil;&otilde;es<\/span><\/span><\/span><\/span><\/p>\r\n\r\n<p style=\"text-align:justify\"><span style=\"font-size:11pt\"><span style=\"line-height:normal\"><span style=\"font-family:&quot;Calibri&quot;,sans-serif\"><b><span style=\"font-size:14.0pt\">SENAI-SP | Jornada da Transforma&ccedil;&atilde;o Digital<\/span><\/b><span style=\"font-size:14.0pt\">, clique <\/span><a href=\"https:\/\/jornadadigital-cadastro.sp.senai.br\/tenho-interesse?utm_source=emkt&amp;utm_medium=emkt&amp;utm_campaign=jornada+de+transformacao+digital+tenho+interesse&amp;utm_id=jornada+de+transformacao+digital+tenho+interesse&amp;\" style=\"color:blue; text-decoration:underline\"><span style=\"font-size:14.0pt\">aqui<\/span><\/a><span style=\"font-size:14.0pt\"> para mais detalhes<\/span><\/span><\/span><\/span><\/p>\r\n\r\n<p style=\"text-align:justify\"><span style=\"font-size:11pt\"><span style=\"line-height:normal\"><span style=\"font-family:&quot;Calibri&quot;,sans-serif\"><a href=\"https:\/\/www.magnetmail.net\/actions\/email_web_version.cfm?ep=nY1qAgSybIYAtXkUlomjGTvozlxP9uwHcN55F0MkytH2RClGE8usJiNt1Arjq6T9h3o4FMnFZvw194A5gVh0cidsrPTck3kKnIiEDOLIT1krQCou4boq3j9g-8jm_6Vc\" style=\"color:blue; text-decoration:underline\"><span style=\"font-size:14.0pt\">INDA | 2023 Calendar of Events<\/span><\/a><\/span><\/span><\/span><\/p>\r\n\r\n<p class=\"MsoTitle\" style=\"text-align:justify\"><span style=\"font-size:28pt\"><span style=\"font-family:&quot;Cambria&quot;,serif\"><span style=\"letter-spacing:-0.5pt\"><b><span style=\"font-size:18.0pt\"><span style=\"font-family:&quot;Calibri&quot;,sans-serif\"><span style=\"font-variant:small-caps\">Setor<\/span><\/span><\/span><\/b><\/span><\/span><\/span><\/p>\r\n\r\n<p style=\"text-align:justify\"><span style=\"font-size:11pt\"><span style=\"line-height:normal\"><span style=\"font-family:&quot;Calibri&quot;,sans-serif\"><a href=\"https:\/\/www.meiofiltrante.com.br\/Noticia\/111615\/filtros-ajudam-reduzir-poluicao-e-protegem-nossa-saude\" style=\"color:blue; text-decoration:underline\"><span style=\"font-size:14.0pt\">Filtros ajudam reduzir polui&ccedil;&atilde;o e protegem nossa sa&uacute;de<\/span><\/a><\/span><\/span><\/span><\/p>\r\n\r\n<p style=\"text-align:justify\"><span style=\"font-size:11pt\"><span style=\"line-height:normal\"><span style=\"font-family:&quot;Calibri&quot;,sans-serif\"><a href=\"https:\/\/novocantu.com.br\/noticia\/148680\/criterios-tecnicos-garantem-seguranca-na-construcao-de-reservatorios\" style=\"color:blue; text-decoration:underline\"><span style=\"font-size:14.0pt\">Geossint&eacute;ticos: Crit&eacute;rios t&eacute;cnicos garantem seguran&ccedil;a na constru&ccedil;&atilde;o de reservat&oacute;rios<\/span><\/a><\/span><\/span><\/span><\/p>\r\n\r\n<p style=\"text-align:justify\"><span style=\"font-size:11pt\"><span style=\"line-height:normal\"><span style=\"font-family:&quot;Calibri&quot;,sans-serif\"><a href=\"https:\/\/www.filtxpo.com\/2023\/exhibitor-spotlight.html#spotlight6\" style=\"color:blue; text-decoration:underline\"><span style=\"font-size:14.0pt\">Freudenberg consolidates product portfolio under new Filtura brand<\/span><\/a><\/span><\/span><\/span><\/p>\r\n\r\n<p style=\"text-align:justify\"><span style=\"font-size:11pt\"><span style=\"line-height:normal\"><span style=\"font-family:&quot;Calibri&quot;,sans-serif\"><a href=\"https:\/\/tissueonline.com.br\/lord-tem-presenca-confirmada-no-tissue-summit-brasil-2023\/?utm_campaign=lord_tem_presenca_confirmada_no_tissue_summit_brasil_2023&amp;utm_medium=email&amp;utm_source=RD+Station\" style=\"color:blue; text-decoration:underline\"><span style=\"font-size:14.0pt\">Lord tem presen&ccedil;a confirmada no Tissue Summit Brasil 2023<\/span><\/a><\/span><\/span><\/span><\/p>\r\n\r\n<p style=\"text-align:justify\"><span style=\"font-size:11pt\"><span style=\"line-height:normal\"><span style=\"font-family:&quot;Calibri&quot;,sans-serif\"><a href=\"https:\/\/plasticosemrevista.com.br\/america-latina-surge-entre-os-principais-importadores-de-pp-da-china\/\" style=\"color:blue; text-decoration:underline\"><span style=\"font-size:14.0pt\">Am&eacute;rica Latina surge entre os principais importadores de PP da China<\/span><\/a><\/span><\/span><\/span><\/p>\r\n\r\n<p style=\"text-align:justify\"><span style=\"font-size:11pt\"><span style=\"line-height:normal\"><span style=\"font-family:&quot;Calibri&quot;,sans-serif\"><a href=\"https:\/\/plasticosemrevista.com.br\/polietilenos-eua-exportaram-108-milhoes-de-t-em-2022\/\" style=\"color:blue; text-decoration:underline\"><span style=\"font-size:14.0pt\">Polietilenos: EUA exportaram 10,8 milh&otilde;es de t em 2022<\/span><\/a><\/span><\/span><\/span><\/p>\r\n\r\n<p style=\"text-align:justify\"><span style=\"font-size:11pt\"><span style=\"line-height:normal\"><span style=\"font-family:&quot;Calibri&quot;,sans-serif\"><a href=\"https:\/\/www.infomoney.com.br\/mercados\/braskem-brkm5-tem-queda-na-venda-de-resinas-no-brasil-no-4-trimestre\/\" style=\"color:blue; text-decoration:underline\"><span style=\"font-size:14.0pt\">Braskem (BRKM5) tem queda na venda de resinas no Brasil no 4&deg; trimestre<\/span><\/a><\/span><\/span><\/span><\/p>\r\n\r\n<p style=\"text-align:justify\"><span style=\"font-size:11pt\"><span style=\"line-height:normal\"><span style=\"font-family:&quot;Calibri&quot;,sans-serif\"><a href=\"https:\/\/www.textiletechnology.net\/technology\/trendreports\/composites-germany-optimistic-expectations-for-composites-market-33628?utm_source=%2Fmeta%2Fnewsletter%2Fnewsletter&amp;utm_medium=newsletter&amp;utm_campaign=nl1155&amp;utm_term=0801b20e08c3242125d512808cd74302\" style=\"color:blue; text-decoration:underline\"><span style=\"font-size:14.0pt\">Optimistic expectations for composites market<\/span><\/a><\/span><\/span><\/span><\/p>\r\n\r\n<p class=\"MsoTitle\" style=\"text-align:justify\"><span style=\"font-size:28pt\"><span style=\"font-family:&quot;Cambria&quot;,serif\"><span style=\"letter-spacing:-0.5pt\"><b><span style=\"font-size:18.0pt\"><span style=\"font-family:&quot;Calibri&quot;,sans-serif\"><span style=\"font-variant:small-caps\">Ind&uacute;stria<\/span><\/span><\/span><\/b><\/span><\/span><\/span><\/p>\r\n\r\n<p style=\"text-align:justify\"><span style=\"font-size:11pt\"><span style=\"line-height:normal\"><span style=\"font-family:&quot;Calibri&quot;,sans-serif\"><a href=\"https:\/\/grandesconstrucoes.com.br\/Noticias\/Exibir\/governo-de-sp-prepara-seis-leiloes-de-rodovias?utm_source=akna&amp;utm_medium=email&amp;utm_campaign=Grandes-Construcoes-Informativo-851-02-03-2023&amp;utm_source=akna&amp;utm_medium=email&amp;utm_campaign=Grandes-Construcoes-Informativo-851-02-03-2023\" style=\"color:blue; text-decoration:underline\"><span style=\"font-size:14.0pt\">Governo de SP prepara seis leil&otilde;es de rodovias<\/span><\/a><\/span><\/span><\/span><\/p>\r\n\r\n<p style=\"text-align:justify\"><span style=\"font-size:11pt\"><span style=\"line-height:normal\"><span style=\"font-family:&quot;Calibri&quot;,sans-serif\"><a href=\"https:\/\/grandesconstrucoes.com.br\/Noticias\/Exibir\/crea-sp-e-governo-paulista-tracam-acoes-de-enfrentamento-a-tragedia-no-litoral-norte?utm_source=akna&amp;utm_medium=email&amp;utm_campaign=Grandes-Construcoes-Informativo-851-02-03-2023&amp;utm_source=akna&amp;utm_medium=email&amp;utm_campaign=Grandes-Construcoes-Informativo-851-02-03-2023\" style=\"color:blue; text-decoration:underline\"><span style=\"font-size:14.0pt\">Crea-SP e governo paulista tra&ccedil;am a&ccedil;&otilde;es de enfrentamento &agrave; trag&eacute;dia no Litoral Norte<\/span><\/a><\/span><\/span><\/span><\/p>\r\n\r\n<p style=\"text-align:justify\"><span style=\"font-size:11pt\"><span style=\"line-height:normal\"><span style=\"font-family:&quot;Calibri&quot;,sans-serif\"><a href=\"https:\/\/portalibre.fgv.br\/noticias\/confianca-empresarial-sobe-06-ponto-em-fevereiro\" style=\"color:blue; text-decoration:underline\"><span style=\"font-size:14.0pt\">Confian&ccedil;a Empresarial sobe 0,6 ponto em fevereiro<\/span><\/a><\/span><\/span><\/span><\/p>\r\n\r\n<p style=\"text-align:justify\"><span style=\"font-size:11pt\"><span style=\"line-height:normal\"><span style=\"font-family:&quot;Calibri&quot;,sans-serif\"><a href=\"https:\/\/almaco.org.br\/2023\/03\/02\/pib-da-construcao-cresceu-69-em-2022-aponta-o-sinduscon-sp\/\" style=\"color:blue; text-decoration:underline\"><span style=\"font-size:14.0pt\">PIB da constru&ccedil;&atilde;o cresceu 6,9% em 2022, aponta o SindusCon-SP<\/span><\/a><\/span><\/span><\/span><\/p>\r\n\r\n<p class=\"MsoTitle\" style=\"text-align:justify\"><span style=\"font-size:28pt\"><span style=\"font-family:&quot;Cambria&quot;,serif\"><span style=\"letter-spacing:-0.5pt\"><b><span style=\"font-size:18.0pt\"><span style=\"font-family:&quot;Calibri&quot;,sans-serif\"><span style=\"font-variant:small-caps\">Sustentabilidade<\/span><\/span><\/span><\/b><\/span><\/span><\/span><\/p>\r\n\r\n<p style=\"text-align:justify\"><span style=\"font-size:11pt\"><span style=\"line-height:normal\"><span style=\"font-family:&quot;Calibri&quot;,sans-serif\"><a href=\"https:\/\/exame.com\/esg\/dan-vermeer-por-que-a-reciclagem-nao-resolve-o-desafio-do-uso-excessivo-de-plastico\/\" style=\"color:blue; text-decoration:underline\"><span style=\"font-size:14.0pt\">Dan Vermeer: por que a reciclagem n&atilde;o resolve o desafio do uso excessivo de pl&aacute;stico<\/span><\/a><\/span><\/span><\/span><\/p>\r\n\r\n<p style=\"text-align:justify\"><span style=\"font-size:11pt\"><span style=\"line-height:normal\"><span style=\"font-family:&quot;Calibri&quot;,sans-serif\"><a href=\"https:\/\/www.assintecal.org.br\/noticias\/4349\/mercado-norte-americano-abre-portas-para-a-sustentabilidade-brasileira\" style=\"color:blue; text-decoration:underline\"><span style=\"font-size:14.0pt\">Cal&ccedil;ados | Mercado norte-americano abre portas para a sustentabilidade brasileira<\/span><\/a><\/span><\/span><\/span><\/p>\r\n\r\n<p style=\"text-align:justify\"><span style=\"font-size:11pt\"><span style=\"line-height:normal\"><span style=\"font-family:&quot;Calibri&quot;,sans-serif\"><a href=\"https:\/\/omunicipio.com.br\/andre-groh-empresa-de-brusque-apresenta-case-em-encontro-que-discutiu-sustentabilidade-na-industria-textil-de-santa-catarina\/\" style=\"color:blue; text-decoration:underline\"><span style=\"font-size:14.0pt\">Empresa de Brusque apresenta case em encontro que discutiu sustentabilidade na ind&uacute;stria t&ecirc;xtil de Santa Catarina<\/span><\/a><\/span><\/span><\/span><\/p>\r\n\r\n<p style=\"text-align:justify\"><span style=\"font-size:11pt\"><span style=\"line-height:normal\"><span style=\"font-family:&quot;Calibri&quot;,sans-serif\"><a href=\"https:\/\/conectaverde.com.br\/logistica-reversa-e-reciclagem-ganham-forca-com-novos-decretos\/?utm_campaign=rascunho_conecta_verde_news_28&amp;utm_medium=email&amp;utm_source=RD+Station\" style=\"color:blue; text-decoration:underline\"><span style=\"font-size:14.0pt\">Log&iacute;stica reversa e reciclagem ganham for&ccedil;a com novos decretos<\/span><\/a><\/span><\/span><\/span><\/p>\r\n\r\n<p style=\"text-align:justify\"><span style=\"font-size:11pt\"><span style=\"line-height:normal\"><span style=\"font-family:&quot;Calibri&quot;,sans-serif\"><a href=\"https:\/\/www.innovationintextiles.com\/industry-talk\/europes-textile-waste-exports-a-growing-problem\/\" style=\"color:blue; text-decoration:underline\"><span style=\"font-size:14.0pt\">Europe&rsquo;s textile waste exports a growing problem<\/span><\/a><\/span><\/span><\/span><\/p>\r\n\r\n<p class=\"MsoTitle\" style=\"text-align:justify\"><span style=\"font-size:28pt\"><span style=\"font-family:&quot;Cambria&quot;,serif\"><span style=\"letter-spacing:-0.5pt\"><b><span style=\"font-size:18.0pt\"><span style=\"font-family:&quot;Calibri&quot;,sans-serif\"><span style=\"font-variant:small-caps\">Inova&ccedil;&atilde;o<\/span><\/span><\/span><\/b><\/span><\/span><\/span><\/p>\r\n\r\n<p style=\"text-align:justify\"><span style=\"font-size:11pt\"><span style=\"line-height:normal\"><span style=\"font-family:&quot;Calibri&quot;,sans-serif\"><a href=\"https:\/\/tissueonline.com.br\/empresa-indiana-cria-servico-de-reciclagem-de-absorventes-usados\/\" style=\"color:blue; text-decoration:underline\"><span style=\"font-size:14.0pt\">Empresa indiana cria servi&ccedil;o de reciclagem de absorventes usados<\/span><\/a><\/span><\/span><\/span><\/p>\r\n\r\n<p style=\"text-align:justify\"><span style=\"font-size:11pt\"><span style=\"line-height:normal\"><span style=\"font-family:&quot;Calibri&quot;,sans-serif\"><a href=\"https:\/\/www.saudebusiness.com\/industria\/solvay-e-ostium-na-reciclagem-de-polimeros-especiais-usados-em-instrumentos-cirurgicos\" style=\"color:blue; text-decoration:underline\"><span style=\"font-size:14.0pt\">Solvay e Ostium na reciclagem de pol&iacute;meros especiais usados em instrumentos cir&uacute;rgicos descart&aacute;veis<\/span><\/a><\/span><\/span><\/span><\/p>\r\n\r\n<p style=\"text-align:justify\"><span style=\"font-size:11pt\"><span style=\"line-height:normal\"><span style=\"font-family:&quot;Calibri&quot;,sans-serif\"><a href=\"http:\/\/textileindustry.ning.com\/forum\/topics\/estilista-desenvolve-fibra-t-xtil-usando-algas-vermelhas\" style=\"color:blue; text-decoration:underline\"><span style=\"font-size:14.0pt\">Estilista desenvolve fibra t&ecirc;xtil usando algas vermelhas<\/span><\/a><\/span><\/span><\/span><\/p>\r\n\r\n<p style=\"text-align:justify\"><span style=\"font-size:11pt\"><span style=\"line-height:normal\"><span style=\"font-family:&quot;Calibri&quot;,sans-serif\"><a href=\"https:\/\/www.portugaltextil.com\/estruturas-fibrosas-vivas-agitam-texteis\/?utm_term=Portugal+Textil+a%3F%3F%3F%3F+27.02.2023&amp;utm_campaign=Portugal+Textil+FInal&amp;utm_source=e-goi&amp;utm_medium=email\" style=\"color:blue; text-decoration:underline\"><span style=\"font-size:14.0pt\">Estruturas fibrosas vivas agitam t&ecirc;xteis<\/span><\/a><\/span><\/span><\/span><\/p>\r\n\r\n<p style=\"text-align:justify\"><span style=\"font-size:11pt\"><span style=\"line-height:normal\"><span style=\"font-family:&quot;Calibri&quot;,sans-serif\"><a href=\"https:\/\/www.portugaltextil.com\/alternativas-texteis-sob-investigacao\/?utm_term=Portugal+Textil+a%3F%3F%3F%3F+27.02.2023&amp;utm_campaign=Portugal+Textil+FInal&amp;utm_source=e-goi&amp;utm_medium=email\" style=\"color:blue; text-decoration:underline\"><span style=\"font-size:14.0pt\">Alternativas t&ecirc;xteis sob investiga&ccedil;&atilde;o<\/span><\/a><\/span><\/span><\/span><\/p>\r\n\r\n<p style=\"text-align:justify\"><span style=\"font-size:11pt\"><span style=\"line-height:normal\"><span style=\"font-family:&quot;Calibri&quot;,sans-serif\"><a href=\"https:\/\/www.technicaltextile.net\/news\/finland-s-researchers-develop-smart-fabric-that-reacts-to-temp-changes-286027.html\" style=\"color:blue; text-decoration:underline\"><span style=\"font-size:14.0pt\">Finland&#39;s researchers develop smart fabric that reacts to temp changes<\/span><\/a><\/span><\/span><\/span><\/p>\r\n\r\n<p style=\"text-align:justify\"><span style=\"font-size:11pt\"><span style=\"line-height:normal\"><span style=\"font-family:&quot;Calibri&quot;,sans-serif\"><a href=\"https:\/\/www.textiletechnology.net\/technical-textiles\/news\/polyu-hk-non-contact-gesture-recognition-illuminative-textile-33617?utm_source=%2Fmeta%2Fnewsletter%2Fnewsletter&amp;utm_medium=newsletter&amp;utm_campaign=nl1155&amp;utm_term=0801b20e08c3242125d512808cd74302\" style=\"color:blue; text-decoration:underline\"><span style=\"font-size:14.0pt\">Non-contact gesture recognition illuminative textile<\/span><\/a><\/span><\/span><\/span><\/p>\r\n\r\n<p class=\"MsoTitle\" style=\"text-align:justify\"><span style=\"font-size:28pt\"><span style=\"font-family:&quot;Cambria&quot;,serif\"><span style=\"letter-spacing:-0.5pt\"><b><span style=\"font-size:18.0pt\"><span style=\"font-family:&quot;Calibri&quot;,sans-serif\"><span style=\"font-variant:small-caps\">Com&eacute;rcio Exterior<\/span><\/span><\/span><\/b><\/span><\/span><\/span><\/p>\r\n\r\n<p style=\"text-align:justify\"><span style=\"font-size:11pt\"><span style=\"line-height:normal\"><span style=\"font-family:&quot;Calibri&quot;,sans-serif\"><a href=\"https:\/\/www.cnnbrasil.com.br\/business\/ue-envia-ao-mercosul-condicoes-para-retomada-de-negociacoes-de-acordo\/\" style=\"color:blue; text-decoration:underline\"><span style=\"font-size:14.0pt\">UE envia ao Mercosul condi&ccedil;&otilde;es para retomada de negocia&ccedil;&otilde;es de acordo<\/span><\/a><\/span><\/span><\/span><\/p>\r\n\r\n<p style=\"text-align:justify\"><span style=\"font-size:11pt\"><span style=\"line-height:normal\"><span style=\"font-family:&quot;Calibri&quot;,sans-serif\"><a href=\"https:\/\/www.automotivebusiness.com.br\/pt\/posts\/setor-automotivo\/exportacoes-de-veiculos-encerram-bimestre-em-queda-de-26\/\" style=\"color:blue; text-decoration:underline\"><span style=\"font-size:14.0pt\">Exporta&ccedil;&otilde;es de ve&iacute;culos encerram bimestre com queda de 2,6%<\/span><\/a><\/span><\/span><\/span><\/p>\r\n\r\n<p style=\"text-align:justify\"><span style=\"font-size:11pt\"><span style=\"line-height:normal\"><span style=\"font-family:&quot;Calibri&quot;,sans-serif\"><a href=\"https:\/\/economia.ig.com.br\/2023-02-28\/paises-america-latina-combate-inflacao.html.amp\" style=\"color:blue; text-decoration:underline\"><span style=\"font-size:14.0pt\">Cinco pa&iacute;ses latino-americanos querem lan&ccedil;ar plano contra infla&ccedil;&atilde;o<\/span><\/a><\/span><\/span><\/span><\/p>\r\n\r\n<p style=\"text-align:justify\"><span style=\"font-size:11pt\"><span style=\"line-height:normal\"><span style=\"font-family:&quot;Calibri&quot;,sans-serif\"><a href=\"https:\/\/static.portaldaindustria.com.br\/media\/filer_public\/68\/70\/68700947-e093-4d64-aa14-869f560c4fce\/informepoliticacomercial_23_03_imposto-exportacao-petroleo-cru_20230301.pdf\" style=\"color:blue; text-decoration:underline\"><span style=\"font-size:14.0pt\">CNI | Informe de Pol&iacute;tica Comercial n&ordm;03\/2023<\/span><\/a><\/span><\/span><\/span><\/p>\r\n\r\n<p style=\"text-align:justify\"><span style=\"font-size:11pt\"><span style=\"line-height:normal\"><span style=\"font-family:&quot;Calibri&quot;,sans-serif\"><a href=\"https:\/\/agenciabrasil.ebc.com.br\/economia\/noticia\/2023-03\/balanca-comercial-tem-superavit-de-us-2837-bi-em-fevereiro\" style=\"color:blue; text-decoration:underline\"><span style=\"font-size:14.0pt\">Balan&ccedil;a comercial tem super&aacute;vit de US$ 2,837 bi em fevereiro<\/span><\/a><\/span><\/span><\/span><\/p>\r\n\r\n<p class=\"MsoTitle\" style=\"text-align:justify\"><span style=\"font-size:28pt\"><span style=\"font-family:&quot;Cambria&quot;,serif\"><span style=\"letter-spacing:-0.5pt\"><b><span style=\"font-size:18.0pt\"><span style=\"font-family:&quot;Calibri&quot;,sans-serif\"><span style=\"font-variant:small-caps\">Economia<\/span><\/span><\/span><\/b><\/span><\/span><\/span><\/p>\r\n\r\n<p style=\"text-align:justify\"><span style=\"font-size:11pt\"><span style=\"line-height:normal\"><span style=\"font-family:&quot;Calibri&quot;,sans-serif\"><a href=\"https:\/\/www.bcb.gov.br\/content\/focus\/focus\/R20230303.pdf\" style=\"color:blue; text-decoration:underline\"><span style=\"font-size:14.0pt\">Focus - Relat&oacute;rio de Mercado<\/span><\/a><\/span><\/span><\/span><\/p>\r\n\r\n<p style=\"text-align:justify\"><span style=\"font-size:11pt\"><span style=\"line-height:normal\"><span style=\"font-family:&quot;Calibri&quot;,sans-serif\"><a href=\"https:\/\/www.bcb.gov.br\/content\/controleinflacao\/focusdistribuicoesfrequencia\/P20230306-Focus-Distribuicoes-de-frequencia.pdf\" style=\"color:blue; text-decoration:underline\"><span style=\"font-size:14.0pt\">Focus &ndash; Distribui&ccedil;&otilde;es de Frequ&ecirc;ncia das Expectativas de Mercado para IPCA, Selic, PIB e C&acirc;mbio.<\/span><\/a><\/span><\/span><\/span><\/p>\r\n\r\n<p style=\"text-align:justify\"><span style=\"font-size:11pt\"><span style=\"line-height:normal\"><span style=\"font-family:&quot;Calibri&quot;,sans-serif\"><a href=\"https:\/\/portalibre.fgv.br\/noticias\/incerteza-da-economia-cai-16-ponto-em-fevereiro\" style=\"color:blue; text-decoration:underline\"><span style=\"font-size:14.0pt\">Incerteza da Economia cai 1,6 ponto em fevereiro<\/span><\/a><\/span><\/span><\/span><\/p>\r\n\r\n<p style=\"text-align:justify\"><span style=\"font-size:11pt\"><span style=\"line-height:normal\"><span style=\"font-family:&quot;Calibri&quot;,sans-serif\"><a href=\"https:\/\/www.fiesp.com.br\/noticias\/fiesp-atividade-industrial-cresce-em-janeiro-mas-taxa-de-juros-alta-e-desafio-este-ano\/\" style=\"color:blue; text-decoration:underline\"><span style=\"font-size:14.0pt\">Fiesp | Atividade industrial cresce em janeiro, mas taxa de juros alta &eacute; desafio este ano<\/span><\/a><\/span><\/span><\/span><\/p>\r\n\r\n<p style=\"text-align:justify\"><span style=\"font-size:11pt\"><span style=\"line-height:normal\"><span style=\"font-family:&quot;Calibri&quot;,sans-serif\"><a href=\"https:\/\/www.fiesp.com.br\/noticias\/selic-alta-tem-efeito-devastador-nas-empresas\/\" style=\"color:blue; text-decoration:underline\"><span style=\"font-size:14.0pt\">Selic alta tem efeito devastador nas empresas<\/span><\/a><\/span><\/span><\/span><\/p>\r\n\r\n<p style=\"text-align:justify\"><span style=\"font-size:11pt\"><span style=\"line-height:normal\"><span style=\"font-family:&quot;Calibri&quot;,sans-serif\"><a href=\"https:\/\/portalibre.fgv.br\/system\/files\/2023-03\/apresentacao-sintese-das-sondagens-fevereiro2023.pdf\" style=\"color:blue; text-decoration:underline\"><span style=\"font-size:14.0pt\">FGV-IBRE | S&iacute;ntese das Sondagens de fevereiro de 2023<\/span><\/a><\/span><\/span><\/span><\/p>\r\n","texto_en":"","7":"","imagem":"COMP_banner-padrao-home-destaques-boletim-2023_20230307123905GiAqxrFFQv.jpeg","8":"COMP_banner-padrao-home-destaques-boletim-2023_20230307123905GiAqxrFFQv.jpeg","arquivo":"20230307-NOTICIAS-SEMANAIS.PDF","9":"20230307-NOTICIAS-SEMANAIS.PDF","titulo_arquivo":"","10":"","titulo_arquivo_en":"","11":"","created_at":"2023-03-07 12:39:13","12":"2023-03-07 12:39:13","updated_at":"2023-03-07 12:39:13","13":"2023-03-07 12:39:13"},{"id":53,"0":53,"ordem":169,"1":169,"data":"2023-02-28","2":"2023-02-28","slug":"boletim-de-noticias-semanais-50","3":"boletim-de-noticias-semanais-50","titulo":"Boletim de Not\u00edcias Semanais","4":"Boletim de Not\u00edcias Semanais","titulo_en":"","5":"","texto":"<p style=\"text-align:justify\"><span style=\"font-size:11pt\"><span style=\"line-height:normal\"><span style=\"font-family:&quot;Calibri&quot;,sans-serif\"><span style=\"font-size:14.0pt\">Esta &eacute; uma compila&ccedil;&atilde;o das not&iacute;cias mais relevantes para o setor, incluindo informa&ccedil;&otilde;es sobre acordos internacionais, economia brasileira, sustentabilidade e mat&eacute;rias primas, al&eacute;m de novidades do setor de N&atilde;otecidos e Tecidos T&eacute;cnicos.<\/span><\/span><\/span><\/span><\/p>\r\n\r\n<p class=\"MsoTitleCxSpLast\" style=\"text-align:justify\"><span style=\"font-size:28pt\"><span style=\"font-family:&quot;Cambria&quot;,serif\"><span style=\"letter-spacing:-0.5pt\"><b><span style=\"font-size:18.0pt\"><span style=\"font-family:&quot;Calibri&quot;,sans-serif\"><span style=\"font-variant:small-caps\">A&ccedil;&otilde;es da ABINT<\/span><\/span><\/span><\/b><\/span><\/span><\/span><\/p>\r\n\r\n<p class=\"MsoTitleCxSpLast\" style=\"text-align:justify\"><span style=\"font-size:28pt\"><span style=\"font-family:&quot;Cambria&quot;,serif\"><span style=\"letter-spacing:-0.5pt\"><b><span style=\"font-size:18.0pt\"><span style=\"font-family:&quot;Calibri&quot;,sans-serif\"><span style=\"font-variant:small-caps\"><img height=\"453\" src=\"https:\/\/www.abint.org.br\/assets\/img\/editor\/premio-tcc-ic-2023-arte-5_20230228190848df3tVxrxGk.png\" width=\"453\" \/><\/span><\/span><\/span><\/b><\/span><\/span><\/span><\/p>\r\n\r\n<p style=\"text-align:justify\"><span style=\"font-size:11pt\"><span style=\"line-height:normal\"><span style=\"font-family:&quot;Calibri&quot;,sans-serif\"><strong><span style=\"font-size:14.0pt\"><span style=\"font-family:&quot;Calibri&quot;,sans-serif\">O CTG ABINT e a IGS BRASIL <\/span><\/span><\/strong><span style=\"font-size:14.0pt\">convidam aqueles que desenvolveram trabalhos acad&ecirc;micos relacionados aos geossint&eacute;ticos a participarem&nbsp;de mais uma edi&ccedil;&atilde;o do Pr&ecirc;mio TCC\/IC.<\/span><\/span><\/span><\/span><\/p>\r\n\r\n<p style=\"text-align:justify\"><span style=\"font-size:11pt\"><span style=\"line-height:normal\"><span style=\"font-family:&quot;Calibri&quot;,sans-serif\"><a href=\"https:\/\/abint.us2.list-manage.com\/track\/click?u=88818ac6bf44316570fc1bc2f&amp;id=46b014bcf1&amp;e=626265ad22\" style=\"color:blue; text-decoration:underline\" target=\"_blank\"><span style=\"font-size:14.0pt\"><span style=\"color:blue\">Mais informa&ccedil;&otilde;es e inscri&ccedil;&otilde;es<\/span><\/span><\/a><\/span><\/span><\/span><\/p>\r\n\r\n<p style=\"text-align:justify\">&nbsp;<\/p>\r\n\r\n<p style=\"text-align:justify\"><span style=\"font-size:11pt\"><span style=\"line-height:normal\"><span style=\"font-family:&quot;Calibri&quot;,sans-serif\"><span style=\"font-size:14.0pt\"><span style=\"color:blue\"><img src=\"https:\/\/www.abint.org.br\/assets\/img\/editor\/itma-2023-abint-english-417x250_20230228191027cDDImMHmOu.jpg\" \/><\/span><\/span><\/span><\/span><\/span><\/p>\r\n\r\n<p style=\"text-align:justify\"><span style=\"font-size:11pt\"><span style=\"line-height:normal\"><span style=\"font-family:&quot;Calibri&quot;,sans-serif\"><b><span style=\"font-size:14.0pt\">A ABINT apoia a ITMA 2023<\/span><\/b><\/span><\/span><\/span><\/p>\r\n\r\n<p style=\"text-align:justify\"><span style=\"font-size:11pt\"><span style=\"line-height:normal\"><span style=\"font-family:&quot;Calibri&quot;,sans-serif\"><span style=\"font-size:14.0pt\">A 19&ordf; edi&ccedil;&atilde;o da maior exposi&ccedil;&atilde;o internacional de tecnologia t&ecirc;xtil e de vestu&aacute;rio do mundo acontecer&aacute; em Mil&atilde;o, It&aacute;lia, de 08 a 14 de junho de 2023. <\/span><a href=\"https:\/\/itma.com\/\" style=\"color:blue; text-decoration:underline\"><span style=\"font-size:14.0pt\">Informa&ccedil;&otilde;es<\/span><\/a><\/span><\/span><\/span><\/p>\r\n\r\n<p style=\"text-align:justify\">&nbsp;<\/p>\r\n\r\n<p style=\"text-align:justify\"><span style=\"font-size:11pt\"><span style=\"line-height:normal\"><span style=\"font-family:&quot;Calibri&quot;,sans-serif\"><b><span style=\"font-size:18.0pt\"><span style=\"font-variant:small-caps\">Eventos<\/span><\/span><\/b><\/span><\/span><\/span><\/p>\r\n\r\n<p style=\"text-align:justify\"><span style=\"font-size:11pt\"><span style=\"line-height:normal\"><span style=\"font-family:&quot;Calibri&quot;,sans-serif\"><span class=\"MsoHyperlink\" style=\"color:blue\"><span style=\"text-decoration:underline\"><b><span style=\"font-size:14.0pt\"><span style=\"text-decoration:none\"><span style=\"text-underline:none\">8&ordm; Encuentro Alianza Latinoamericana Anticontrabando (ALAC)<\/span><\/span><\/span><\/b><\/span><\/span><span class=\"MsoHyperlink\" style=\"color:blue\"><span style=\"text-decoration:underline\"><span style=\"font-size:14.0pt\"><span style=\"text-decoration:none\"><span style=\"text-underline:none\">, 1 e 2 de mar&ccedil;o de 2023, Bogot&aacute;, Col&ocirc;mbia. <\/span><\/span><\/span><\/span><\/span><a href=\"https:\/\/www.andi.com.co\/Home\/Evento\/72-8-encuentro-de-la-alianza-latinoamericana\" style=\"color:blue; text-decoration:underline\"><span style=\"font-size:14.0pt\">Informa&ccedil;&otilde;es<\/span><\/a><\/span><\/span><\/span><\/p>\r\n\r\n<p style=\"text-align:justify\"><span style=\"font-size:11pt\"><span style=\"line-height:normal\"><span style=\"font-family:&quot;Calibri&quot;,sans-serif\"><span class=\"MsoHyperlink\" style=\"color:blue\"><span style=\"text-decoration:underline\"><b><span style=\"font-size:14.0pt\"><span style=\"text-decoration:none\"><span style=\"text-underline:none\">46&ordf; FIMEC<\/span><\/span><\/span><\/b><\/span><\/span><span class=\"MsoHyperlink\" style=\"color:blue\"><span style=\"text-decoration:underline\"><span style=\"font-size:14.0pt\"><span style=\"text-decoration:none\"><span style=\"text-underline:none\"> <b>| Feira Internacional de Couros, Produtos Qu&iacute;micos, Componentes, M&aacute;quinas e Equipamentos para Cal&ccedil;ados e Curtumes<\/b>, 07 a 09 de mar&ccedil;o de 2023, FENAC, Novo Hamburgo, Rio Grande do Sul. <\/span><\/span><\/span><\/span><\/span><a href=\"https:\/\/www.fimec.com.br\/pt-br\/home\" style=\"color:blue; text-decoration:underline\"><span style=\"font-size:14.0pt\">Informa&ccedil;&otilde;es<\/span><\/a> <\/span><\/span><\/span><\/p>\r\n\r\n<p style=\"text-align:justify\"><span style=\"font-size:11pt\"><span style=\"line-height:normal\"><span style=\"font-family:&quot;Calibri&quot;,sans-serif\"><span class=\"MsoHyperlink\" style=\"color:blue\"><span style=\"text-decoration:underline\"><b><span style=\"font-size:14.0pt\"><span style=\"text-decoration:none\"><span style=\"text-underline:none\">Workshop Abit | Relativiza&ccedil;&atilde;o da coisa julgada em mat&eacute;ria tribut&aacute;ria e seus impactos<\/span><\/span><\/span><\/b><\/span><\/span><span class=\"MsoHyperlink\" style=\"color:blue\"><span style=\"text-decoration:underline\"><span style=\"font-size:14.0pt\"><span style=\"text-decoration:none\"><span style=\"text-underline:none\">, 08 de mar&ccedil;o de 2023, 09h30, evento virtual. <\/span><\/span><\/span><\/span><\/span><a href=\"https:\/\/app.rdstation.email\/mail\/0c7ccc29-6faa-4098-a774-c3466c4e858f?utm_campaign=convite_workshop_decisao_stf&amp;utm_medium=email&amp;utm_source=RD+Station\" style=\"color:blue; text-decoration:underline\"><span style=\"font-size:14.0pt\">Informa&ccedil;&otilde;es<\/span><\/a> <\/span><\/span><\/span><\/p>\r\n\r\n<p style=\"text-align:justify\"><span style=\"font-size:11pt\"><span style=\"line-height:normal\"><span style=\"font-family:&quot;Calibri&quot;,sans-serif\"><span class=\"MsoHyperlink\" style=\"color:blue\"><span style=\"text-decoration:underline\"><b><span style=\"font-size:14.0pt\"><span style=\"text-decoration:none\"><span style=\"text-underline:none\">FIESP | Perspectivas para o setor da sa&uacute;de no estado de S&atilde;o Paulo<\/span><\/span><\/span><\/b><\/span><\/span><span class=\"MsoHyperlink\" style=\"color:blue\"><span style=\"text-decoration:underline\"><span style=\"font-size:14.0pt\"><span style=\"text-decoration:none\"><span style=\"text-underline:none\">, 15 de mar&ccedil;o de 2023, 09h30, evento presencial. <\/span><\/span><\/span><\/span><\/span><a href=\"http:\/\/emkt.fiesp.ind.br\/emkt\/tracer\/?1,7328038,460d08b8,52d9\" style=\"color:blue; text-decoration:underline\"><span style=\"font-size:14.0pt\">Informa&ccedil;&otilde;es<\/span><\/a> <\/span><\/span><\/span><\/p>\r\n\r\n<p style=\"text-align:justify\"><span style=\"font-size:11pt\"><span style=\"line-height:normal\"><span style=\"font-family:&quot;Calibri&quot;,sans-serif\"><span class=\"MsoHyperlink\" style=\"color:blue\"><span style=\"text-decoration:underline\"><b><span style=\"font-size:14.0pt\"><span style=\"text-decoration:none\"><span style=\"text-underline:none\">Workshop Abit | eSocial<\/span><\/span><\/span><\/b><\/span><\/span><span class=\"MsoHyperlink\" style=\"color:blue\"><span style=\"text-decoration:underline\"><span style=\"font-size:14.0pt\"><span style=\"text-decoration:none\"><span style=\"text-underline:none\">, 21 de mar&ccedil;o de 2023, 09h30, evento virtual. <\/span><\/span><\/span><\/span><\/span><a href=\"https:\/\/app.rdstation.email\/mail\/23861949-a748-49d9-8c94-7f0a684a3329?utm_campaign=convite_workshop_esocial&amp;utm_medium=email&amp;utm_source=RD+Station\" style=\"color:blue; text-decoration:underline\"><span style=\"font-size:14.0pt\">Informa&ccedil;&otilde;es<\/span><\/a> <\/span><\/span><\/span><\/p>\r\n\r\n<p style=\"text-align:justify\"><span style=\"font-size:11pt\"><span style=\"line-height:normal\"><span style=\"font-family:&quot;Calibri&quot;,sans-serif\"><span class=\"MsoHyperlink\" style=\"color:blue\"><span style=\"text-decoration:underline\"><b><span style=\"font-size:14.0pt\"><span style=\"text-decoration:none\"><span style=\"text-underline:none\">INDA Webinars | New Chemical Regulations &amp; PFAS Impacts to Your Business<\/span><\/span><\/span><\/b><\/span><\/span><span class=\"MsoHyperlink\" style=\"color:blue\"><span style=\"text-decoration:underline\"><span style=\"font-size:14.0pt\"><span style=\"text-decoration:none\"><span style=\"text-underline:none\">, February 22nd, 11 am ET. <\/span><\/span><\/span><\/span><\/span><a href=\"https:\/\/www.inda.org\/inda-webinars\/\" style=\"color:blue; text-decoration:underline\"><span style=\"font-size:14.0pt\">Informa&ccedil;&otilde;es<\/span><\/a> <\/span><\/span><\/span><\/p>\r\n\r\n<p style=\"text-align:justify\"><span style=\"font-size:11pt\"><span style=\"line-height:normal\"><span style=\"font-family:&quot;Calibri&quot;,sans-serif\"><span class=\"MsoHyperlink\" style=\"color:blue\"><span style=\"text-decoration:underline\"><b><span style=\"font-size:14.0pt\"><span style=\"text-decoration:none\"><span style=\"text-underline:none\">AESabesp | ESG &ndash; Teoria e Pr&aacute;tica no Setor de Saneamento<\/span><\/span><\/span><\/b><\/span><\/span><span class=\"MsoHyperlink\" style=\"color:blue\"><span style=\"text-decoration:underline\"><span style=\"font-size:14.0pt\"><span style=\"text-decoration:none\"><span style=\"text-underline:none\">, 27 de mar&ccedil;o de 2023. <\/span><\/span><\/span><\/span><\/span><a href=\"https:\/\/www.aesabesp.org.br\/events\/esg-teoria-e-pratica-no-setor-de-saneamento-turma-03\/\" style=\"color:blue; text-decoration:underline\"><span style=\"font-size:14.0pt\">Informa&ccedil;&otilde;es<\/span><\/a> <\/span><\/span><\/span><\/p>\r\n\r\n<p style=\"text-align:justify\"><span style=\"font-size:11pt\"><span style=\"line-height:normal\"><span style=\"font-family:&quot;Calibri&quot;,sans-serif\"><b><span style=\"font-size:14.0pt\">Pl&aacute;stico Brasil &ndash; Feira Internacional do Pl&aacute;stico<\/span><\/b><span style=\"font-size:14.0pt\">, 27 a 31 de mar&ccedil;o de 2023, S&atilde;o Paulo Expo. <\/span><a href=\"https:\/\/www.plasticobrasil.com.br\/pt\/home.html\" style=\"color:blue; text-decoration:underline\"><span style=\"font-size:14.0pt\">Informa&ccedil;&otilde;es<\/span><\/a><\/span><\/span><\/span><\/p>\r\n\r\n<p style=\"text-align:justify\"><span style=\"font-size:11pt\"><span style=\"line-height:normal\"><span style=\"font-family:&quot;Calibri&quot;,sans-serif\"><span class=\"MsoHyperlink\" style=\"color:blue\"><span style=\"text-decoration:underline\"><b><span style=\"font-size:14.0pt\"><span style=\"text-decoration:none\"><span style=\"text-underline:none\">NasceCME | Dia Internacional da Ci&ecirc;ncia da Esteriliza&ccedil;&atilde;o &ndash; Equipes t&eacute;cnicas qualificadas e as interfaces com processos e pr&aacute;ticas seguras<\/span><\/span><\/span><\/b><\/span><\/span><span class=\"MsoHyperlink\" style=\"color:blue\"><span style=\"text-decoration:underline\"><span style=\"font-size:14.0pt\"><span style=\"text-decoration:none\"><span style=\"text-underline:none\">, 14 e 15 de abril de 2023, Golden Tulip, S&atilde;o Jos&eacute; dos Campos. <\/span><\/span><\/span><\/span><\/span><a href=\"https:\/\/www.sympla.com.br\/evento\/dia-internacional-da-ciencia-da-esterilizacao\/1866685?_gl=1*103ko68*_ga*MTk0NjU1Njc3Ni4xNjc1MTc5Mzkz*_ga_KXH10SQTZF*MTY3NTg3MzM2NS45LjEuMTY3NTg3MzQ0My4wLjAuMA..\" style=\"color:blue; text-decoration:underline\"><span style=\"font-size:14.0pt\">Informa&ccedil;&otilde;es<\/span><\/a> <\/span><\/span><\/span><\/p>\r\n\r\n<p style=\"text-align:justify\"><span style=\"font-size:11pt\"><span style=\"line-height:normal\"><span style=\"font-family:&quot;Calibri&quot;,sans-serif\"><span class=\"MsoHyperlink\" style=\"color:blue\"><span style=\"text-decoration:underline\"><b><span style=\"font-size:14.0pt\"><span style=\"text-decoration:none\"><span style=\"text-underline:none\">INDEX 2023<\/span><\/span><\/span><\/b><\/span><\/span><span class=\"MsoHyperlink\" style=\"color:blue\"><span style=\"text-decoration:underline\"><span style=\"font-size:14.0pt\"><span style=\"text-decoration:none\"><span style=\"text-underline:none\">, 18 a 21 de abril, Palexpo, Genebra, Su&iacute;&ccedil;a. <\/span><\/span><\/span><\/span><\/span><a href=\"https:\/\/www.indexnonwovens.com\/en\/\" style=\"color:blue; text-decoration:underline\"><span style=\"font-size:14.0pt\">Informa&ccedil;&otilde;es<\/span><\/a><\/span><\/span><\/span><\/p>\r\n\r\n<p style=\"text-align:justify\"><span style=\"font-size:11pt\"><span style=\"line-height:normal\"><span style=\"font-family:&quot;Calibri&quot;,sans-serif\"><span class=\"MsoHyperlink\" style=\"color:blue\"><span style=\"text-decoration:underline\"><b><span style=\"font-size:14.0pt\"><span style=\"text-decoration:none\"><span style=\"text-underline:none\">SENAI CETIQT | Programa de Desenvolvimento Setorial T&ecirc;xtil<\/span><\/span><\/span><\/b><\/span><\/span><span class=\"MsoHyperlink\" style=\"color:blue\"><span style=\"text-decoration:underline\"><span style=\"font-size:14.0pt\"><span style=\"text-decoration:none\"><span style=\"text-underline:none\">, acesse <\/span><\/span><\/span><\/span><\/span><a href=\"https:\/\/materiais.senaicetiqt.com\/lp_programa-de-desenvolvimento-setorial?utm_campaign=senai_cetiqt_e_abit__pds_textil__2_envio&amp;utm_medium=email&amp;utm_source=RD+Station\" style=\"color:blue; text-decoration:underline\"><span style=\"font-size:14.0pt\">aqui<\/span><\/a><span class=\"MsoHyperlink\" style=\"color:blue\"><span style=\"text-decoration:underline\"><span style=\"font-size:14.0pt\"><span style=\"text-decoration:none\"><span style=\"text-underline:none\"> para mais informa&ccedil;&otilde;es<\/span><\/span><\/span><\/span><\/span><\/span><\/span><\/span><\/p>\r\n\r\n<p style=\"text-align:justify\"><span style=\"font-size:11pt\"><span style=\"line-height:normal\"><span style=\"font-family:&quot;Calibri&quot;,sans-serif\"><b><span style=\"font-size:14.0pt\">SENAI-SP | Jornada da Transforma&ccedil;&atilde;o Digital<\/span><\/b><span style=\"font-size:14.0pt\">, clique <\/span><a href=\"https:\/\/jornadadigital-cadastro.sp.senai.br\/tenho-interesse?utm_source=emkt&amp;utm_medium=emkt&amp;utm_campaign=jornada+de+transformacao+digital+tenho+interesse&amp;utm_id=jornada+de+transformacao+digital+tenho+interesse&amp;\" style=\"color:blue; text-decoration:underline\"><span style=\"font-size:14.0pt\">aqui<\/span><\/a><span style=\"font-size:14.0pt\"> para mais detalhes<\/span><\/span><\/span><\/span><\/p>\r\n\r\n<p style=\"text-align:justify\"><span style=\"font-size:11pt\"><span style=\"line-height:normal\"><span style=\"font-family:&quot;Calibri&quot;,sans-serif\"><a href=\"https:\/\/www.magnetmail.net\/actions\/email_web_version.cfm?ep=nY1qAgSybIYAtXkUlomjGTvozlxP9uwHcN55F0MkytH2RClGE8usJiNt1Arjq6T9h3o4FMnFZvw194A5gVh0cidsrPTck3kKnIiEDOLIT1krQCou4boq3j9g-8jm_6Vc\" style=\"color:blue; text-decoration:underline\"><span style=\"font-size:14.0pt\">INDA | 2023 Calendar of Events<\/span><\/a><\/span><\/span><\/span><\/p>\r\n\r\n<p class=\"MsoTitle\" style=\"text-align:justify\"><span style=\"font-size:28pt\"><span style=\"font-family:&quot;Cambria&quot;,serif\"><span style=\"letter-spacing:-0.5pt\"><b><span style=\"font-size:18.0pt\"><span style=\"font-family:&quot;Calibri&quot;,sans-serif\"><span style=\"font-variant:small-caps\">Setor<\/span><\/span><\/span><\/b><\/span><\/span><\/span><\/p>\r\n\r\n<p style=\"text-align:justify\"><span style=\"font-size:11pt\"><span style=\"line-height:normal\"><span style=\"font-family:&quot;Calibri&quot;,sans-serif\"><a href=\"https:\/\/sinditextilsp.org.br\/home\/2023\/02\/governo-de-sp-restabelece-credito-outorgado-de-icms\/\" style=\"color:blue; text-decoration:underline\"><span style=\"font-size:14.0pt\">Governo de SP restabelece cr&eacute;dito outorgado de ICMS<\/span><\/a><\/span><\/span><\/span><\/p>\r\n\r\n<p style=\"text-align:justify\"><span style=\"font-size:11pt\"><span style=\"line-height:normal\"><span style=\"font-family:&quot;Calibri&quot;,sans-serif\"><a href=\"https:\/\/plasticosemrevista.com.br\/eua-vies-de-baixa-contamina-precos-de-pp-e-pe-este-ano\/\" style=\"color:blue; text-decoration:underline\"><span style=\"font-size:14.0pt\">EUA: vi&eacute;s de baixa contamina pre&ccedil;os de PP e PE este ano<\/span><\/a><\/span><\/span><\/span><\/p>\r\n\r\n<p style=\"text-align:justify\"><span style=\"font-size:11pt\"><span style=\"line-height:normal\"><span style=\"font-family:&quot;Calibri&quot;,sans-serif\"><a href=\"https:\/\/plasticosemrevista.com.br\/israel-cancela-imposto-sobre-plasticos-de-uso-unico\/\" style=\"color:blue; text-decoration:underline\"><span style=\"font-size:14.0pt\">Israel cancela imposto sobre pl&aacute;sticos de uso &uacute;nico<\/span><\/a><\/span><\/span><\/span><\/p>\r\n\r\n<p style=\"text-align:justify\"><span style=\"font-size:11pt\"><span style=\"line-height:normal\"><span style=\"font-family:&quot;Calibri&quot;,sans-serif\"><a href=\"https:\/\/tissueonline.com.br\/73-dos-brasileiros-estao-mais-exigentes-com-a-limpeza-da-casa-revela-pesquisa-da-kimberly-clark\/?utm_campaign=newsletter_24022023_novo_modelo&amp;utm_medium=email&amp;utm_source=RD+Station\" style=\"color:blue; text-decoration:underline\"><span style=\"font-size:14.0pt\">73% dos brasileiros est&atilde;o mais exigentes com a limpeza da casa, revela pesquisa da Kimberly-Clark<\/span><\/a><\/span><\/span><\/span><\/p>\r\n\r\n<p style=\"text-align:justify\"><span style=\"font-size:11pt\"><span style=\"line-height:normal\"><span style=\"font-family:&quot;Calibri&quot;,sans-serif\"><a href=\"https:\/\/static.fibre2fashion.com\/articleresources\/PdfFiles\/94\/On%20Cover%20Global%20Sourcing_9387.PDF\" style=\"color:blue; text-decoration:underline\"><span style=\"font-size:14.0pt\">The state of textile sourcing<\/span><\/a><\/span><\/span><\/span><\/p>\r\n\r\n<p style=\"text-align:justify\"><span style=\"font-size:11pt\"><span style=\"line-height:normal\"><span style=\"font-family:&quot;Calibri&quot;,sans-serif\"><a href=\"https:\/\/www.fibre2fashion.com\/industry-article\/9572\/pros-and-cons-of-natural-and-synthetic-fibres\" style=\"color:blue; text-decoration:underline\"><span style=\"font-size:14.0pt\">Pros and Cons of Natural and Synthetic Fibres<\/span><\/a><\/span><\/span><\/span><\/p>\r\n\r\n<p style=\"text-align:justify\"><span style=\"font-size:11pt\"><span style=\"line-height:normal\"><span style=\"font-family:&quot;Calibri&quot;,sans-serif\"><a href=\"https:\/\/exclusivo.com.br\/_conteudo\/negocios\/2023\/02\/17\/calcado-chines-chega-ao-brasil-custando-uss-4-o-par.html\" style=\"color:blue; text-decoration:underline\"><span style=\"font-size:14.0pt\">Cal&ccedil;ado chin&ecirc;s chega ao Brasil custando US$ 4 o par<\/span><\/a><\/span><\/span><\/span><\/p>\r\n\r\n<p style=\"text-align:justify\"><span style=\"font-size:11pt\"><span style=\"line-height:normal\"><span style=\"font-family:&quot;Calibri&quot;,sans-serif\"><a href=\"https:\/\/www.textiletechnology.net\/technical-textiles\/commentary\/technical-textiles-12023-energy-efficiency-at-all-stages--coating-without-drying-and-without-by-products-33603?utm_source=%2Fmeta%2Fnewsletter%2Fnewsletter&amp;utm_medium=newsletter&amp;utm_campaign=nl1147&amp;utm_term=0801b20e08c3242125d512808cd74302\" style=\"color:blue; text-decoration:underline\"><span style=\"font-size:14.0pt\">Energy efficiency at all stages &ndash; Coating without drying and without by-products<\/span><\/a><\/span><\/span><\/span><\/p>\r\n\r\n<p style=\"text-align:justify\"><span style=\"font-size:11pt\"><span style=\"line-height:normal\"><span style=\"font-family:&quot;Calibri&quot;,sans-serif\"><a href=\"https:\/\/trademap.com.br\/agencia\/mercados\/bancos-devem-esticar-prazo-para-novonor-vender-fatia-na-braskem-brkm5-e-pagar-divida\" style=\"color:blue; text-decoration:underline\"><span style=\"font-size:14.0pt\">Bancos devem esticar prazo para Novonor vender fatia na Braskem (BRKM5) e pagar d&iacute;vida<\/span><\/a><\/span><\/span><\/span><\/p>\r\n\r\n<p class=\"MsoTitle\" style=\"text-align:justify\"><span style=\"font-size:28pt\"><span style=\"font-family:&quot;Cambria&quot;,serif\"><span style=\"letter-spacing:-0.5pt\"><b><span style=\"font-size:18.0pt\"><span style=\"font-family:&quot;Calibri&quot;,sans-serif\"><span style=\"font-variant:small-caps\">Ind&uacute;stria<\/span><\/span><\/span><\/b><\/span><\/span><\/span><\/p>\r\n\r\n<p style=\"text-align:justify\"><span style=\"font-size:11pt\"><span style=\"line-height:normal\"><span style=\"font-family:&quot;Calibri&quot;,sans-serif\"><a href=\"https:\/\/noticias.portaldaindustria.com.br\/noticias\/leis-e-normas\/cni-lanca-agenda-juridica-da-industria-com-77-acoes-que-tramitam-no-stf\/\" style=\"color:blue; text-decoration:underline\"><span style=\"font-size:14.0pt\">CNI lan&ccedil;a Agenda Jur&iacute;dica da Ind&uacute;stria com 77 a&ccedil;&otilde;es que tramitam no STF<\/span><\/a><\/span><\/span><\/span><\/p>\r\n\r\n<p style=\"text-align:justify\"><span style=\"font-size:11pt\"><span style=\"line-height:normal\"><span style=\"font-family:&quot;Calibri&quot;,sans-serif\"><a href=\"https:\/\/textileindustry.ning.com\/forum\/topics\/setor-produtivo-vive-ressaca-e-calibra-expectativas-com-lula-3\" style=\"color:blue; text-decoration:underline\"><span style=\"font-size:14.0pt\">Setor produtivo vive ressaca e calibra expectativas com Lula 3<\/span><\/a><\/span><\/span><\/span><\/p>\r\n\r\n<p style=\"text-align:justify\"><span style=\"font-size:11pt\"><span style=\"line-height:normal\"><span style=\"font-family:&quot;Calibri&quot;,sans-serif\"><a href=\"https:\/\/grandesconstrucoes.com.br\/Noticias\/Exibir\/solucoes-de-engenharia-podem-amenizar-desastres-naturais?utm_source=akna&amp;utm_medium=email&amp;utm_campaign=Grandes-Construcoes-Informativo-850-23-02-2023&amp;utm_source=akna&amp;utm_medium=email&amp;utm_campaign=Grandes-Construcoes-Informativo-850-23-02-2023\" style=\"color:blue; text-decoration:underline\"><span style=\"font-size:14.0pt\">Solu&ccedil;&otilde;es de engenharia podem amenizar desastres naturais<\/span><\/a><\/span><\/span><\/span><\/p>\r\n\r\n<p style=\"text-align:justify\"><span style=\"font-size:11pt\"><span style=\"line-height:normal\"><span style=\"font-family:&quot;Calibri&quot;,sans-serif\"><a href=\"https:\/\/sovos.com\/pt-br\/blog\/tributos\/stf-mantem-alteracoes-na-cobranca-de-icms-em-operacoes-interestaduais\/?utm_source=&amp;utm_medium=&amp;utm_campaign=&amp;utm_term=&amp;utm_content=&amp;mkt_tok=MzM0LUhWTi0yNDkAAAGJ_8Y-F-pfT1MPqg0AShaL7QiQq1QnVxhmqK344XCs6Uepj4IeBE8WFNrqOv1f2bs1jFZ1Xk5UrdM07JUaCe-SDJksZRC5v8_aFxyjLDSi8Bo\" style=\"color:blue; text-decoration:underline\"><span style=\"font-size:14.0pt\">STF mant&eacute;m altera&ccedil;&otilde;es na cobran&ccedil;a de ICMS em opera&ccedil;&otilde;es interestaduais<\/span><\/a><\/span><\/span><\/span><\/p>\r\n\r\n<p style=\"text-align:justify\"><span style=\"font-size:11pt\"><span style=\"line-height:normal\"><span style=\"font-family:&quot;Calibri&quot;,sans-serif\"><a href=\"https:\/\/grandesconstrucoes.com.br\/Noticias\/Exibir\/verba-federal-prevista-para-prevencao-de-desastres-e-a-menor-em-14-anos?utm_source=akna&amp;utm_medium=email&amp;utm_campaign=Grandes-Construcoes-Informativo-850-23-02-2023&amp;utm_source=akna&amp;utm_medium=email&amp;utm_campaign=Grandes-Construcoes-Informativo-850-23-02-2023\" style=\"color:blue; text-decoration:underline\"><span style=\"font-size:14.0pt\">Verba federal prevista para preven&ccedil;&atilde;o de desastres &eacute; a menor em 14 anos<\/span><\/a><\/span><\/span><\/span><\/p>\r\n\r\n<p class=\"MsoTitle\" style=\"text-align:justify\"><span style=\"font-size:28pt\"><span style=\"font-family:&quot;Cambria&quot;,serif\"><span style=\"letter-spacing:-0.5pt\"><b><span style=\"font-size:18.0pt\"><span style=\"font-family:&quot;Calibri&quot;,sans-serif\"><span style=\"font-variant:small-caps\">Sustentabilidade<\/span><\/span><\/span><\/b><\/span><\/span><\/span><\/p>\r\n\r\n<p style=\"text-align:justify\"><span style=\"font-size:11pt\"><span style=\"line-height:normal\"><span style=\"font-family:&quot;Calibri&quot;,sans-serif\"><a href=\"https:\/\/www.abicalcados.com.br\/noticia\/sustentabilidade-como-protagonista-na-industria-calcadista-brasileira\" style=\"color:blue; text-decoration:underline\"><span style=\"font-size:14.0pt\">Sustentabilidade como protagonista na ind&uacute;stria cal&ccedil;adista brasileira<\/span><\/a><\/span><\/span><\/span><\/p>\r\n\r\n<p style=\"text-align:justify\"><span style=\"font-size:11pt\"><span style=\"line-height:normal\"><span style=\"font-family:&quot;Calibri&quot;,sans-serif\"><a href=\"https:\/\/grandesconstrucoes.com.br\/Noticias\/Exibir\/setor-de-transporte-e-aliado-a-disseminacao-de-acoes-sustentaveis?utm_source=akna&amp;utm_medium=email&amp;utm_campaign=Grandes-Construcoes-Informativo-850-23-02-2023&amp;utm_source=akna&amp;utm_medium=email&amp;utm_campaign=Grandes-Construcoes-Informativo-850-23-02-2023\" style=\"color:blue; text-decoration:underline\"><span style=\"font-size:14.0pt\">Setor de transporte &eacute; aliado &agrave; dissemina&ccedil;&atilde;o de a&ccedil;&otilde;es sustent&aacute;veis<\/span><\/a><\/span><\/span><\/span><\/p>\r\n\r\n<p style=\"text-align:justify\"><span style=\"font-size:11pt\"><span style=\"line-height:normal\"><span style=\"font-family:&quot;Calibri&quot;,sans-serif\"><a href=\"https:\/\/engenhariacompartilhada.com.br\/noticia\/exibir\/7039140_a-importancia-do-esg-para-o-desenvolvimento-do-setor-da-construcao-civil\" style=\"color:blue; text-decoration:underline\"><span style=\"font-size:14.0pt\">A import&acirc;ncia do ESG para o desenvolvimento do setor da constru&ccedil;&atilde;o civil<\/span><\/a><\/span><\/span><\/span><\/p>\r\n\r\n<p style=\"text-align:justify\"><span style=\"font-size:11pt\"><span style=\"line-height:normal\"><span style=\"font-family:&quot;Calibri&quot;,sans-serif\"><a href=\"https:\/\/www.innovationintextiles.com\/industry-talk\/moving-carpet-up-the-waste-hierarchy\/\" style=\"color:blue; text-decoration:underline\"><span style=\"font-size:14.0pt\">Moving carpet up the waste hierarchy<\/span><\/a><\/span><\/span><\/span><\/p>\r\n\r\n<p style=\"text-align:justify\"><span style=\"font-size:11pt\"><span style=\"line-height:normal\"><span style=\"font-family:&quot;Calibri&quot;,sans-serif\"><a href=\"https:\/\/blogs.iadb.org\/sostenibilidad\/en\/managing-environmental-and-social-risks-in-supply-chains\/\" style=\"color:blue; text-decoration:underline\"><span style=\"font-size:14.0pt\">Managing environmental and social risks in supply chains<\/span><\/a><\/span><\/span><\/span><\/p>\r\n\r\n<p class=\"MsoTitle\" style=\"text-align:justify\"><span style=\"font-size:28pt\"><span style=\"font-family:&quot;Cambria&quot;,serif\"><span style=\"letter-spacing:-0.5pt\"><b><span style=\"font-size:18.0pt\"><span style=\"font-family:&quot;Calibri&quot;,sans-serif\"><span style=\"font-variant:small-caps\">Inova&ccedil;&atilde;o<\/span><\/span><\/span><\/b><\/span><\/span><\/span><\/p>\r\n\r\n<p style=\"text-align:justify\"><span style=\"font-size:11pt\"><span style=\"line-height:normal\"><span style=\"font-family:&quot;Calibri&quot;,sans-serif\"><a href=\"https:\/\/www.inovacaotecnologica.com.br\/noticias\/noticia.php?artigo=material-transforma-agua-residual-agua-potavel-gera-eletricidade-simultaneamente&amp;id=010125230224&amp;ebol=sim#.Y_3yVx_MKUk\" style=\"color:blue; text-decoration:underline\"><span style=\"font-size:14.0pt\">Material transforma &aacute;gua residual em &aacute;gua pot&aacute;vel e ainda gera eletricidade<\/span><\/a><\/span><\/span><\/span><\/p>\r\n\r\n<p style=\"text-align:justify\"><span style=\"font-size:11pt\"><span style=\"line-height:normal\"><span style=\"font-family:&quot;Calibri&quot;,sans-serif\"><a href=\"https:\/\/www.textiletechnology.net\/fibers\/news\/performance-days-awards-for-blended-banana-fiber-fabric-33610?utm_source=%2Fmeta%2Fnewsletter%2Fnewsletter&amp;utm_medium=newsletter&amp;utm_campaign=nl1147&amp;utm_term=0801b20e08c3242125d512808cd74302\" style=\"color:blue; text-decoration:underline\"><span style=\"font-size:14.0pt\">Awards for blended banana fiber fabric<\/span><\/a><\/span><\/span><\/span><\/p>\r\n\r\n<p style=\"text-align:justify\"><span style=\"font-size:11pt\"><span style=\"line-height:normal\"><span style=\"font-family:&quot;Calibri&quot;,sans-serif\"><a href=\"https:\/\/www.agoramotor.com.br\/vw-traz-novo-carro-materiais-reciclados\/\" style=\"color:blue; text-decoration:underline\"><span style=\"font-size:14.0pt\">Inova&ccedil;&atilde;o: VW traz Novos Carros Feitos com Materiais Ecologicamente Corretos!<\/span><\/a><\/span><\/span><\/span><\/p>\r\n\r\n<p class=\"MsoTitle\" style=\"text-align:justify\"><span style=\"font-size:28pt\"><span style=\"font-family:&quot;Cambria&quot;,serif\"><span style=\"letter-spacing:-0.5pt\"><b><span style=\"font-size:18.0pt\"><span style=\"font-family:&quot;Calibri&quot;,sans-serif\"><span style=\"font-variant:small-caps\">Com&eacute;rcio Exterior<\/span><\/span><\/span><\/b><\/span><\/span><\/span><\/p>\r\n\r\n<p style=\"text-align:justify\"><span style=\"font-size:11pt\"><span style=\"line-height:normal\"><span style=\"font-family:&quot;Calibri&quot;,sans-serif\"><a href=\"https:\/\/www.assintecal.org.br\/noticias\/4341\/exportacoes-de-componentes-e-quimicos-geraram-us-2787-milhoes-em-janeiro\" style=\"color:blue; text-decoration:underline\"><span style=\"font-size:14.0pt\">Cal&ccedil;ados | Exporta&ccedil;&otilde;es de componentes e qu&iacute;micos geraram US$ 27,87 milh&otilde;es em janeiro<\/span><\/a><\/span><\/span><\/span><\/p>\r\n\r\n<p style=\"text-align:justify\"><span style=\"font-size:11pt\"><span style=\"line-height:normal\"><span style=\"font-family:&quot;Calibri&quot;,sans-serif\"><a href=\"https:\/\/www.comexdobrasil.com\/corrente-de-comercio-soma-us-258-bilhoes-ate-a-terceira-semana-de-fevereiro-superavit-chega-a-us-12-bilhao\" style=\"color:blue; text-decoration:underline\"><span style=\"font-size:14.0pt\">Corrente de com&eacute;rcio soma US$ 25,8 bilh&otilde;es at&eacute; a terceira semana de fevereiro. Super&aacute;vit chega a US$ 1,2 bilh&atilde;o<\/span><\/a><\/span><\/span><\/span><\/p>\r\n\r\n<p style=\"text-align:justify\"><span style=\"font-size:11pt\"><span style=\"line-height:normal\"><span style=\"font-family:&quot;Calibri&quot;,sans-serif\"><a href=\"https:\/\/www.comexdobrasil.com\/brasil-e-china-as-expectativas-do-comercio-bilateral-com-a-abertura-das-fronteiras-chinesas\" style=\"color:blue; text-decoration:underline\"><span style=\"font-size:14.0pt\">Brasil e China: As expectativas do com&eacute;rcio bilateral com a abertura das fronteiras chinesas<\/span><\/a><\/span><\/span><\/span><\/p>\r\n\r\n<p class=\"MsoTitle\" style=\"text-align:justify\"><span style=\"font-size:28pt\"><span style=\"font-family:&quot;Cambria&quot;,serif\"><span style=\"letter-spacing:-0.5pt\"><b><span style=\"font-size:18.0pt\"><span style=\"font-family:&quot;Calibri&quot;,sans-serif\"><span style=\"font-variant:small-caps\">Economia<\/span><\/span><\/span><\/b><\/span><\/span><\/span><\/p>\r\n\r\n<p style=\"text-align:justify\"><span style=\"font-size:11pt\"><span style=\"line-height:normal\"><span style=\"font-family:&quot;Calibri&quot;,sans-serif\"><a href=\"https:\/\/www.bcb.gov.br\/content\/focus\/focus\/R20230224.pdf\" style=\"color:blue; text-decoration:underline\"><span style=\"font-size:14.0pt\">FOCUS &ndash; Relat&oacute;rio de Mercado<\/span><\/a><\/span><\/span><\/span><\/p>\r\n\r\n<p style=\"text-align:justify\"><span style=\"font-size:11pt\"><span style=\"line-height:normal\"><span style=\"font-family:&quot;Calibri&quot;,sans-serif\"><a href=\"https:\/\/noticias.portaldaindustria.com.br\/noticias\/economia\/confianca-da-industria-melhora-entre-os-setores-industriais-em-fevereiro\/\" style=\"color:blue; text-decoration:underline\"><span style=\"font-size:14.0pt\">CNI | Confian&ccedil;a da ind&uacute;stria melhora entre os setores industriais em fevereiro<\/span><\/a><\/span><\/span><\/span><\/p>\r\n\r\n<p style=\"text-align:justify\"><span style=\"font-size:11pt\"><span style=\"line-height:normal\"><span style=\"font-family:&quot;Calibri&quot;,sans-serif\"><a href=\"https:\/\/www.fiesp.com.br\/noticias\/sensor-atividade-industrial-tem-crescimento-moderado\/\" style=\"color:blue; text-decoration:underline\"><span style=\"font-size:14.0pt\">FIESP | Sensor: atividade industrial tem crescimento moderado<\/span><\/a><\/span><\/span><\/span><\/p>\r\n\r\n<p style=\"text-align:justify\"><span style=\"font-size:11pt\"><span style=\"line-height:normal\"><span style=\"font-family:&quot;Calibri&quot;,sans-serif\"><a href=\"https:\/\/portalibre.fgv.br\/noticias\/confianca-da-industria-apresenta-nova-queda-em-fevereiro\" style=\"color:blue; text-decoration:underline\"><span style=\"font-size:14.0pt\">FGV-IBRE | Confian&ccedil;a da ind&uacute;stria apresenta nova queda em fevereiro<\/span><\/a><\/span><\/span><\/span><\/p>\r\n\r\n<p style=\"text-align:justify\"><span style=\"font-size:11pt\"><span style=\"line-height:normal\"><span style=\"font-family:&quot;Calibri&quot;,sans-serif\"><a href=\"https:\/\/portalibre.fgv.br\/noticias\/confianca-da-construcao-sobe-08-ponto-em-fevereiro\" style=\"color:blue; text-decoration:underline\"><span style=\"font-size:14.0pt\">Confian&ccedil;a da Constru&ccedil;&atilde;o sobe 0,8 ponto em fevereiro<\/span><\/a><\/span><\/span><\/span><\/p>\r\n","6":"<p style=\"text-align:justify\"><span style=\"font-size:11pt\"><span style=\"line-height:normal\"><span style=\"font-family:&quot;Calibri&quot;,sans-serif\"><span style=\"font-size:14.0pt\">Esta &eacute; uma compila&ccedil;&atilde;o das not&iacute;cias mais relevantes para o setor, incluindo informa&ccedil;&otilde;es sobre acordos internacionais, economia brasileira, sustentabilidade e mat&eacute;rias primas, al&eacute;m de novidades do setor de N&atilde;otecidos e Tecidos T&eacute;cnicos.<\/span><\/span><\/span><\/span><\/p>\r\n\r\n<p class=\"MsoTitleCxSpLast\" style=\"text-align:justify\"><span style=\"font-size:28pt\"><span style=\"font-family:&quot;Cambria&quot;,serif\"><span style=\"letter-spacing:-0.5pt\"><b><span style=\"font-size:18.0pt\"><span style=\"font-family:&quot;Calibri&quot;,sans-serif\"><span style=\"font-variant:small-caps\">A&ccedil;&otilde;es da ABINT<\/span><\/span><\/span><\/b><\/span><\/span><\/span><\/p>\r\n\r\n<p class=\"MsoTitleCxSpLast\" style=\"text-align:justify\"><span style=\"font-size:28pt\"><span style=\"font-family:&quot;Cambria&quot;,serif\"><span style=\"letter-spacing:-0.5pt\"><b><span style=\"font-size:18.0pt\"><span style=\"font-family:&quot;Calibri&quot;,sans-serif\"><span style=\"font-variant:small-caps\"><img height=\"453\" src=\"https:\/\/www.abint.org.br\/assets\/img\/editor\/premio-tcc-ic-2023-arte-5_20230228190848df3tVxrxGk.png\" width=\"453\" \/><\/span><\/span><\/span><\/b><\/span><\/span><\/span><\/p>\r\n\r\n<p style=\"text-align:justify\"><span style=\"font-size:11pt\"><span style=\"line-height:normal\"><span style=\"font-family:&quot;Calibri&quot;,sans-serif\"><strong><span style=\"font-size:14.0pt\"><span style=\"font-family:&quot;Calibri&quot;,sans-serif\">O CTG ABINT e a IGS BRASIL <\/span><\/span><\/strong><span style=\"font-size:14.0pt\">convidam aqueles que desenvolveram trabalhos acad&ecirc;micos relacionados aos geossint&eacute;ticos a participarem&nbsp;de mais uma edi&ccedil;&atilde;o do Pr&ecirc;mio TCC\/IC.<\/span><\/span><\/span><\/span><\/p>\r\n\r\n<p style=\"text-align:justify\"><span style=\"font-size:11pt\"><span style=\"line-height:normal\"><span style=\"font-family:&quot;Calibri&quot;,sans-serif\"><a href=\"https:\/\/abint.us2.list-manage.com\/track\/click?u=88818ac6bf44316570fc1bc2f&amp;id=46b014bcf1&amp;e=626265ad22\" style=\"color:blue; text-decoration:underline\" target=\"_blank\"><span style=\"font-size:14.0pt\"><span style=\"color:blue\">Mais informa&ccedil;&otilde;es e inscri&ccedil;&otilde;es<\/span><\/span><\/a><\/span><\/span><\/span><\/p>\r\n\r\n<p style=\"text-align:justify\">&nbsp;<\/p>\r\n\r\n<p style=\"text-align:justify\"><span style=\"font-size:11pt\"><span style=\"line-height:normal\"><span style=\"font-family:&quot;Calibri&quot;,sans-serif\"><span style=\"font-size:14.0pt\"><span style=\"color:blue\"><img src=\"https:\/\/www.abint.org.br\/assets\/img\/editor\/itma-2023-abint-english-417x250_20230228191027cDDImMHmOu.jpg\" \/><\/span><\/span><\/span><\/span><\/span><\/p>\r\n\r\n<p style=\"text-align:justify\"><span style=\"font-size:11pt\"><span style=\"line-height:normal\"><span style=\"font-family:&quot;Calibri&quot;,sans-serif\"><b><span style=\"font-size:14.0pt\">A ABINT apoia a ITMA 2023<\/span><\/b><\/span><\/span><\/span><\/p>\r\n\r\n<p style=\"text-align:justify\"><span style=\"font-size:11pt\"><span style=\"line-height:normal\"><span style=\"font-family:&quot;Calibri&quot;,sans-serif\"><span style=\"font-size:14.0pt\">A 19&ordf; edi&ccedil;&atilde;o da maior exposi&ccedil;&atilde;o internacional de tecnologia t&ecirc;xtil e de vestu&aacute;rio do mundo acontecer&aacute; em Mil&atilde;o, It&aacute;lia, de 08 a 14 de junho de 2023. <\/span><a href=\"https:\/\/itma.com\/\" style=\"color:blue; text-decoration:underline\"><span style=\"font-size:14.0pt\">Informa&ccedil;&otilde;es<\/span><\/a><\/span><\/span><\/span><\/p>\r\n\r\n<p style=\"text-align:justify\">&nbsp;<\/p>\r\n\r\n<p style=\"text-align:justify\"><span style=\"font-size:11pt\"><span style=\"line-height:normal\"><span style=\"font-family:&quot;Calibri&quot;,sans-serif\"><b><span style=\"font-size:18.0pt\"><span style=\"font-variant:small-caps\">Eventos<\/span><\/span><\/b><\/span><\/span><\/span><\/p>\r\n\r\n<p style=\"text-align:justify\"><span style=\"font-size:11pt\"><span style=\"line-height:normal\"><span style=\"font-family:&quot;Calibri&quot;,sans-serif\"><span class=\"MsoHyperlink\" style=\"color:blue\"><span style=\"text-decoration:underline\"><b><span style=\"font-size:14.0pt\"><span style=\"text-decoration:none\"><span style=\"text-underline:none\">8&ordm; Encuentro Alianza Latinoamericana Anticontrabando (ALAC)<\/span><\/span><\/span><\/b><\/span><\/span><span class=\"MsoHyperlink\" style=\"color:blue\"><span style=\"text-decoration:underline\"><span style=\"font-size:14.0pt\"><span style=\"text-decoration:none\"><span style=\"text-underline:none\">, 1 e 2 de mar&ccedil;o de 2023, Bogot&aacute;, Col&ocirc;mbia. <\/span><\/span><\/span><\/span><\/span><a href=\"https:\/\/www.andi.com.co\/Home\/Evento\/72-8-encuentro-de-la-alianza-latinoamericana\" style=\"color:blue; text-decoration:underline\"><span style=\"font-size:14.0pt\">Informa&ccedil;&otilde;es<\/span><\/a><\/span><\/span><\/span><\/p>\r\n\r\n<p style=\"text-align:justify\"><span style=\"font-size:11pt\"><span style=\"line-height:normal\"><span style=\"font-family:&quot;Calibri&quot;,sans-serif\"><span class=\"MsoHyperlink\" style=\"color:blue\"><span style=\"text-decoration:underline\"><b><span style=\"font-size:14.0pt\"><span style=\"text-decoration:none\"><span style=\"text-underline:none\">46&ordf; FIMEC<\/span><\/span><\/span><\/b><\/span><\/span><span class=\"MsoHyperlink\" style=\"color:blue\"><span style=\"text-decoration:underline\"><span style=\"font-size:14.0pt\"><span style=\"text-decoration:none\"><span style=\"text-underline:none\"> <b>| Feira Internacional de Couros, Produtos Qu&iacute;micos, Componentes, M&aacute;quinas e Equipamentos para Cal&ccedil;ados e Curtumes<\/b>, 07 a 09 de mar&ccedil;o de 2023, FENAC, Novo Hamburgo, Rio Grande do Sul. <\/span><\/span><\/span><\/span><\/span><a href=\"https:\/\/www.fimec.com.br\/pt-br\/home\" style=\"color:blue; text-decoration:underline\"><span style=\"font-size:14.0pt\">Informa&ccedil;&otilde;es<\/span><\/a> <\/span><\/span><\/span><\/p>\r\n\r\n<p style=\"text-align:justify\"><span style=\"font-size:11pt\"><span style=\"line-height:normal\"><span style=\"font-family:&quot;Calibri&quot;,sans-serif\"><span class=\"MsoHyperlink\" style=\"color:blue\"><span style=\"text-decoration:underline\"><b><span style=\"font-size:14.0pt\"><span style=\"text-decoration:none\"><span style=\"text-underline:none\">Workshop Abit | Relativiza&ccedil;&atilde;o da coisa julgada em mat&eacute;ria tribut&aacute;ria e seus impactos<\/span><\/span><\/span><\/b><\/span><\/span><span class=\"MsoHyperlink\" style=\"color:blue\"><span style=\"text-decoration:underline\"><span style=\"font-size:14.0pt\"><span style=\"text-decoration:none\"><span style=\"text-underline:none\">, 08 de mar&ccedil;o de 2023, 09h30, evento virtual. <\/span><\/span><\/span><\/span><\/span><a href=\"https:\/\/app.rdstation.email\/mail\/0c7ccc29-6faa-4098-a774-c3466c4e858f?utm_campaign=convite_workshop_decisao_stf&amp;utm_medium=email&amp;utm_source=RD+Station\" style=\"color:blue; text-decoration:underline\"><span style=\"font-size:14.0pt\">Informa&ccedil;&otilde;es<\/span><\/a> <\/span><\/span><\/span><\/p>\r\n\r\n<p style=\"text-align:justify\"><span style=\"font-size:11pt\"><span style=\"line-height:normal\"><span style=\"font-family:&quot;Calibri&quot;,sans-serif\"><span class=\"MsoHyperlink\" style=\"color:blue\"><span style=\"text-decoration:underline\"><b><span style=\"font-size:14.0pt\"><span style=\"text-decoration:none\"><span style=\"text-underline:none\">FIESP | Perspectivas para o setor da sa&uacute;de no estado de S&atilde;o Paulo<\/span><\/span><\/span><\/b><\/span><\/span><span class=\"MsoHyperlink\" style=\"color:blue\"><span style=\"text-decoration:underline\"><span style=\"font-size:14.0pt\"><span style=\"text-decoration:none\"><span style=\"text-underline:none\">, 15 de mar&ccedil;o de 2023, 09h30, evento presencial. <\/span><\/span><\/span><\/span><\/span><a href=\"http:\/\/emkt.fiesp.ind.br\/emkt\/tracer\/?1,7328038,460d08b8,52d9\" style=\"color:blue; text-decoration:underline\"><span style=\"font-size:14.0pt\">Informa&ccedil;&otilde;es<\/span><\/a> <\/span><\/span><\/span><\/p>\r\n\r\n<p style=\"text-align:justify\"><span style=\"font-size:11pt\"><span style=\"line-height:normal\"><span style=\"font-family:&quot;Calibri&quot;,sans-serif\"><span class=\"MsoHyperlink\" style=\"color:blue\"><span style=\"text-decoration:underline\"><b><span style=\"font-size:14.0pt\"><span style=\"text-decoration:none\"><span style=\"text-underline:none\">Workshop Abit | eSocial<\/span><\/span><\/span><\/b><\/span><\/span><span class=\"MsoHyperlink\" style=\"color:blue\"><span style=\"text-decoration:underline\"><span style=\"font-size:14.0pt\"><span style=\"text-decoration:none\"><span style=\"text-underline:none\">, 21 de mar&ccedil;o de 2023, 09h30, evento virtual. <\/span><\/span><\/span><\/span><\/span><a href=\"https:\/\/app.rdstation.email\/mail\/23861949-a748-49d9-8c94-7f0a684a3329?utm_campaign=convite_workshop_esocial&amp;utm_medium=email&amp;utm_source=RD+Station\" style=\"color:blue; text-decoration:underline\"><span style=\"font-size:14.0pt\">Informa&ccedil;&otilde;es<\/span><\/a> <\/span><\/span><\/span><\/p>\r\n\r\n<p style=\"text-align:justify\"><span style=\"font-size:11pt\"><span style=\"line-height:normal\"><span style=\"font-family:&quot;Calibri&quot;,sans-serif\"><span class=\"MsoHyperlink\" style=\"color:blue\"><span style=\"text-decoration:underline\"><b><span style=\"font-size:14.0pt\"><span style=\"text-decoration:none\"><span style=\"text-underline:none\">INDA Webinars | New Chemical Regulations &amp; PFAS Impacts to Your Business<\/span><\/span><\/span><\/b><\/span><\/span><span class=\"MsoHyperlink\" style=\"color:blue\"><span style=\"text-decoration:underline\"><span style=\"font-size:14.0pt\"><span style=\"text-decoration:none\"><span style=\"text-underline:none\">, February 22nd, 11 am ET. <\/span><\/span><\/span><\/span><\/span><a href=\"https:\/\/www.inda.org\/inda-webinars\/\" style=\"color:blue; text-decoration:underline\"><span style=\"font-size:14.0pt\">Informa&ccedil;&otilde;es<\/span><\/a> <\/span><\/span><\/span><\/p>\r\n\r\n<p style=\"text-align:justify\"><span style=\"font-size:11pt\"><span style=\"line-height:normal\"><span style=\"font-family:&quot;Calibri&quot;,sans-serif\"><span class=\"MsoHyperlink\" style=\"color:blue\"><span style=\"text-decoration:underline\"><b><span style=\"font-size:14.0pt\"><span style=\"text-decoration:none\"><span style=\"text-underline:none\">AESabesp | ESG &ndash; Teoria e Pr&aacute;tica no Setor de Saneamento<\/span><\/span><\/span><\/b><\/span><\/span><span class=\"MsoHyperlink\" style=\"color:blue\"><span style=\"text-decoration:underline\"><span style=\"font-size:14.0pt\"><span style=\"text-decoration:none\"><span style=\"text-underline:none\">, 27 de mar&ccedil;o de 2023. <\/span><\/span><\/span><\/span><\/span><a href=\"https:\/\/www.aesabesp.org.br\/events\/esg-teoria-e-pratica-no-setor-de-saneamento-turma-03\/\" style=\"color:blue; text-decoration:underline\"><span style=\"font-size:14.0pt\">Informa&ccedil;&otilde;es<\/span><\/a> <\/span><\/span><\/span><\/p>\r\n\r\n<p style=\"text-align:justify\"><span style=\"font-size:11pt\"><span style=\"line-height:normal\"><span style=\"font-family:&quot;Calibri&quot;,sans-serif\"><b><span style=\"font-size:14.0pt\">Pl&aacute;stico Brasil &ndash; Feira Internacional do Pl&aacute;stico<\/span><\/b><span style=\"font-size:14.0pt\">, 27 a 31 de mar&ccedil;o de 2023, S&atilde;o Paulo Expo. <\/span><a href=\"https:\/\/www.plasticobrasil.com.br\/pt\/home.html\" style=\"color:blue; text-decoration:underline\"><span style=\"font-size:14.0pt\">Informa&ccedil;&otilde;es<\/span><\/a><\/span><\/span><\/span><\/p>\r\n\r\n<p style=\"text-align:justify\"><span style=\"font-size:11pt\"><span style=\"line-height:normal\"><span style=\"font-family:&quot;Calibri&quot;,sans-serif\"><span class=\"MsoHyperlink\" style=\"color:blue\"><span style=\"text-decoration:underline\"><b><span style=\"font-size:14.0pt\"><span style=\"text-decoration:none\"><span style=\"text-underline:none\">NasceCME | Dia Internacional da Ci&ecirc;ncia da Esteriliza&ccedil;&atilde;o &ndash; Equipes t&eacute;cnicas qualificadas e as interfaces com processos e pr&aacute;ticas seguras<\/span><\/span><\/span><\/b><\/span><\/span><span class=\"MsoHyperlink\" style=\"color:blue\"><span style=\"text-decoration:underline\"><span style=\"font-size:14.0pt\"><span style=\"text-decoration:none\"><span style=\"text-underline:none\">, 14 e 15 de abril de 2023, Golden Tulip, S&atilde;o Jos&eacute; dos Campos. <\/span><\/span><\/span><\/span><\/span><a href=\"https:\/\/www.sympla.com.br\/evento\/dia-internacional-da-ciencia-da-esterilizacao\/1866685?_gl=1*103ko68*_ga*MTk0NjU1Njc3Ni4xNjc1MTc5Mzkz*_ga_KXH10SQTZF*MTY3NTg3MzM2NS45LjEuMTY3NTg3MzQ0My4wLjAuMA..\" style=\"color:blue; text-decoration:underline\"><span style=\"font-size:14.0pt\">Informa&ccedil;&otilde;es<\/span><\/a> <\/span><\/span><\/span><\/p>\r\n\r\n<p style=\"text-align:justify\"><span style=\"font-size:11pt\"><span style=\"line-height:normal\"><span style=\"font-family:&quot;Calibri&quot;,sans-serif\"><span class=\"MsoHyperlink\" style=\"color:blue\"><span style=\"text-decoration:underline\"><b><span style=\"font-size:14.0pt\"><span style=\"text-decoration:none\"><span style=\"text-underline:none\">INDEX 2023<\/span><\/span><\/span><\/b><\/span><\/span><span class=\"MsoHyperlink\" style=\"color:blue\"><span style=\"text-decoration:underline\"><span style=\"font-size:14.0pt\"><span style=\"text-decoration:none\"><span style=\"text-underline:none\">, 18 a 21 de abril, Palexpo, Genebra, Su&iacute;&ccedil;a. <\/span><\/span><\/span><\/span><\/span><a href=\"https:\/\/www.indexnonwovens.com\/en\/\" style=\"color:blue; text-decoration:underline\"><span style=\"font-size:14.0pt\">Informa&ccedil;&otilde;es<\/span><\/a><\/span><\/span><\/span><\/p>\r\n\r\n<p style=\"text-align:justify\"><span style=\"font-size:11pt\"><span style=\"line-height:normal\"><span style=\"font-family:&quot;Calibri&quot;,sans-serif\"><span class=\"MsoHyperlink\" style=\"color:blue\"><span style=\"text-decoration:underline\"><b><span style=\"font-size:14.0pt\"><span style=\"text-decoration:none\"><span style=\"text-underline:none\">SENAI CETIQT | Programa de Desenvolvimento Setorial T&ecirc;xtil<\/span><\/span><\/span><\/b><\/span><\/span><span class=\"MsoHyperlink\" style=\"color:blue\"><span style=\"text-decoration:underline\"><span style=\"font-size:14.0pt\"><span style=\"text-decoration:none\"><span style=\"text-underline:none\">, acesse <\/span><\/span><\/span><\/span><\/span><a href=\"https:\/\/materiais.senaicetiqt.com\/lp_programa-de-desenvolvimento-setorial?utm_campaign=senai_cetiqt_e_abit__pds_textil__2_envio&amp;utm_medium=email&amp;utm_source=RD+Station\" style=\"color:blue; text-decoration:underline\"><span style=\"font-size:14.0pt\">aqui<\/span><\/a><span class=\"MsoHyperlink\" style=\"color:blue\"><span style=\"text-decoration:underline\"><span style=\"font-size:14.0pt\"><span style=\"text-decoration:none\"><span style=\"text-underline:none\"> para mais informa&ccedil;&otilde;es<\/span><\/span><\/span><\/span><\/span><\/span><\/span><\/span><\/p>\r\n\r\n<p style=\"text-align:justify\"><span style=\"font-size:11pt\"><span style=\"line-height:normal\"><span style=\"font-family:&quot;Calibri&quot;,sans-serif\"><b><span style=\"font-size:14.0pt\">SENAI-SP | Jornada da Transforma&ccedil;&atilde;o Digital<\/span><\/b><span style=\"font-size:14.0pt\">, clique <\/span><a href=\"https:\/\/jornadadigital-cadastro.sp.senai.br\/tenho-interesse?utm_source=emkt&amp;utm_medium=emkt&amp;utm_campaign=jornada+de+transformacao+digital+tenho+interesse&amp;utm_id=jornada+de+transformacao+digital+tenho+interesse&amp;\" style=\"color:blue; text-decoration:underline\"><span style=\"font-size:14.0pt\">aqui<\/span><\/a><span style=\"font-size:14.0pt\"> para mais detalhes<\/span><\/span><\/span><\/span><\/p>\r\n\r\n<p style=\"text-align:justify\"><span style=\"font-size:11pt\"><span style=\"line-height:normal\"><span style=\"font-family:&quot;Calibri&quot;,sans-serif\"><a href=\"https:\/\/www.magnetmail.net\/actions\/email_web_version.cfm?ep=nY1qAgSybIYAtXkUlomjGTvozlxP9uwHcN55F0MkytH2RClGE8usJiNt1Arjq6T9h3o4FMnFZvw194A5gVh0cidsrPTck3kKnIiEDOLIT1krQCou4boq3j9g-8jm_6Vc\" style=\"color:blue; text-decoration:underline\"><span style=\"font-size:14.0pt\">INDA | 2023 Calendar of Events<\/span><\/a><\/span><\/span><\/span><\/p>\r\n\r\n<p class=\"MsoTitle\" style=\"text-align:justify\"><span style=\"font-size:28pt\"><span style=\"font-family:&quot;Cambria&quot;,serif\"><span style=\"letter-spacing:-0.5pt\"><b><span style=\"font-size:18.0pt\"><span style=\"font-family:&quot;Calibri&quot;,sans-serif\"><span style=\"font-variant:small-caps\">Setor<\/span><\/span><\/span><\/b><\/span><\/span><\/span><\/p>\r\n\r\n<p style=\"text-align:justify\"><span style=\"font-size:11pt\"><span style=\"line-height:normal\"><span style=\"font-family:&quot;Calibri&quot;,sans-serif\"><a href=\"https:\/\/sinditextilsp.org.br\/home\/2023\/02\/governo-de-sp-restabelece-credito-outorgado-de-icms\/\" style=\"color:blue; text-decoration:underline\"><span style=\"font-size:14.0pt\">Governo de SP restabelece cr&eacute;dito outorgado de ICMS<\/span><\/a><\/span><\/span><\/span><\/p>\r\n\r\n<p style=\"text-align:justify\"><span style=\"font-size:11pt\"><span style=\"line-height:normal\"><span style=\"font-family:&quot;Calibri&quot;,sans-serif\"><a href=\"https:\/\/plasticosemrevista.com.br\/eua-vies-de-baixa-contamina-precos-de-pp-e-pe-este-ano\/\" style=\"color:blue; text-decoration:underline\"><span style=\"font-size:14.0pt\">EUA: vi&eacute;s de baixa contamina pre&ccedil;os de PP e PE este ano<\/span><\/a><\/span><\/span><\/span><\/p>\r\n\r\n<p style=\"text-align:justify\"><span style=\"font-size:11pt\"><span style=\"line-height:normal\"><span style=\"font-family:&quot;Calibri&quot;,sans-serif\"><a href=\"https:\/\/plasticosemrevista.com.br\/israel-cancela-imposto-sobre-plasticos-de-uso-unico\/\" style=\"color:blue; text-decoration:underline\"><span style=\"font-size:14.0pt\">Israel cancela imposto sobre pl&aacute;sticos de uso &uacute;nico<\/span><\/a><\/span><\/span><\/span><\/p>\r\n\r\n<p style=\"text-align:justify\"><span style=\"font-size:11pt\"><span style=\"line-height:normal\"><span style=\"font-family:&quot;Calibri&quot;,sans-serif\"><a href=\"https:\/\/tissueonline.com.br\/73-dos-brasileiros-estao-mais-exigentes-com-a-limpeza-da-casa-revela-pesquisa-da-kimberly-clark\/?utm_campaign=newsletter_24022023_novo_modelo&amp;utm_medium=email&amp;utm_source=RD+Station\" style=\"color:blue; text-decoration:underline\"><span style=\"font-size:14.0pt\">73% dos brasileiros est&atilde;o mais exigentes com a limpeza da casa, revela pesquisa da Kimberly-Clark<\/span><\/a><\/span><\/span><\/span><\/p>\r\n\r\n<p style=\"text-align:justify\"><span style=\"font-size:11pt\"><span style=\"line-height:normal\"><span style=\"font-family:&quot;Calibri&quot;,sans-serif\"><a href=\"https:\/\/static.fibre2fashion.com\/articleresources\/PdfFiles\/94\/On%20Cover%20Global%20Sourcing_9387.PDF\" style=\"color:blue; text-decoration:underline\"><span style=\"font-size:14.0pt\">The state of textile sourcing<\/span><\/a><\/span><\/span><\/span><\/p>\r\n\r\n<p style=\"text-align:justify\"><span style=\"font-size:11pt\"><span style=\"line-height:normal\"><span style=\"font-family:&quot;Calibri&quot;,sans-serif\"><a href=\"https:\/\/www.fibre2fashion.com\/industry-article\/9572\/pros-and-cons-of-natural-and-synthetic-fibres\" style=\"color:blue; text-decoration:underline\"><span style=\"font-size:14.0pt\">Pros and Cons of Natural and Synthetic Fibres<\/span><\/a><\/span><\/span><\/span><\/p>\r\n\r\n<p style=\"text-align:justify\"><span style=\"font-size:11pt\"><span style=\"line-height:normal\"><span style=\"font-family:&quot;Calibri&quot;,sans-serif\"><a href=\"https:\/\/exclusivo.com.br\/_conteudo\/negocios\/2023\/02\/17\/calcado-chines-chega-ao-brasil-custando-uss-4-o-par.html\" style=\"color:blue; text-decoration:underline\"><span style=\"font-size:14.0pt\">Cal&ccedil;ado chin&ecirc;s chega ao Brasil custando US$ 4 o par<\/span><\/a><\/span><\/span><\/span><\/p>\r\n\r\n<p style=\"text-align:justify\"><span style=\"font-size:11pt\"><span style=\"line-height:normal\"><span style=\"font-family:&quot;Calibri&quot;,sans-serif\"><a href=\"https:\/\/www.textiletechnology.net\/technical-textiles\/commentary\/technical-textiles-12023-energy-efficiency-at-all-stages--coating-without-drying-and-without-by-products-33603?utm_source=%2Fmeta%2Fnewsletter%2Fnewsletter&amp;utm_medium=newsletter&amp;utm_campaign=nl1147&amp;utm_term=0801b20e08c3242125d512808cd74302\" style=\"color:blue; text-decoration:underline\"><span style=\"font-size:14.0pt\">Energy efficiency at all stages &ndash; Coating without drying and without by-products<\/span><\/a><\/span><\/span><\/span><\/p>\r\n\r\n<p style=\"text-align:justify\"><span style=\"font-size:11pt\"><span style=\"line-height:normal\"><span style=\"font-family:&quot;Calibri&quot;,sans-serif\"><a href=\"https:\/\/trademap.com.br\/agencia\/mercados\/bancos-devem-esticar-prazo-para-novonor-vender-fatia-na-braskem-brkm5-e-pagar-divida\" style=\"color:blue; text-decoration:underline\"><span style=\"font-size:14.0pt\">Bancos devem esticar prazo para Novonor vender fatia na Braskem (BRKM5) e pagar d&iacute;vida<\/span><\/a><\/span><\/span><\/span><\/p>\r\n\r\n<p class=\"MsoTitle\" style=\"text-align:justify\"><span style=\"font-size:28pt\"><span style=\"font-family:&quot;Cambria&quot;,serif\"><span style=\"letter-spacing:-0.5pt\"><b><span style=\"font-size:18.0pt\"><span style=\"font-family:&quot;Calibri&quot;,sans-serif\"><span style=\"font-variant:small-caps\">Ind&uacute;stria<\/span><\/span><\/span><\/b><\/span><\/span><\/span><\/p>\r\n\r\n<p style=\"text-align:justify\"><span style=\"font-size:11pt\"><span style=\"line-height:normal\"><span style=\"font-family:&quot;Calibri&quot;,sans-serif\"><a href=\"https:\/\/noticias.portaldaindustria.com.br\/noticias\/leis-e-normas\/cni-lanca-agenda-juridica-da-industria-com-77-acoes-que-tramitam-no-stf\/\" style=\"color:blue; text-decoration:underline\"><span style=\"font-size:14.0pt\">CNI lan&ccedil;a Agenda Jur&iacute;dica da Ind&uacute;stria com 77 a&ccedil;&otilde;es que tramitam no STF<\/span><\/a><\/span><\/span><\/span><\/p>\r\n\r\n<p style=\"text-align:justify\"><span style=\"font-size:11pt\"><span style=\"line-height:normal\"><span style=\"font-family:&quot;Calibri&quot;,sans-serif\"><a href=\"https:\/\/textileindustry.ning.com\/forum\/topics\/setor-produtivo-vive-ressaca-e-calibra-expectativas-com-lula-3\" style=\"color:blue; text-decoration:underline\"><span style=\"font-size:14.0pt\">Setor produtivo vive ressaca e calibra expectativas com Lula 3<\/span><\/a><\/span><\/span><\/span><\/p>\r\n\r\n<p style=\"text-align:justify\"><span style=\"font-size:11pt\"><span style=\"line-height:normal\"><span style=\"font-family:&quot;Calibri&quot;,sans-serif\"><a href=\"https:\/\/grandesconstrucoes.com.br\/Noticias\/Exibir\/solucoes-de-engenharia-podem-amenizar-desastres-naturais?utm_source=akna&amp;utm_medium=email&amp;utm_campaign=Grandes-Construcoes-Informativo-850-23-02-2023&amp;utm_source=akna&amp;utm_medium=email&amp;utm_campaign=Grandes-Construcoes-Informativo-850-23-02-2023\" style=\"color:blue; text-decoration:underline\"><span style=\"font-size:14.0pt\">Solu&ccedil;&otilde;es de engenharia podem amenizar desastres naturais<\/span><\/a><\/span><\/span><\/span><\/p>\r\n\r\n<p style=\"text-align:justify\"><span style=\"font-size:11pt\"><span style=\"line-height:normal\"><span style=\"font-family:&quot;Calibri&quot;,sans-serif\"><a href=\"https:\/\/sovos.com\/pt-br\/blog\/tributos\/stf-mantem-alteracoes-na-cobranca-de-icms-em-operacoes-interestaduais\/?utm_source=&amp;utm_medium=&amp;utm_campaign=&amp;utm_term=&amp;utm_content=&amp;mkt_tok=MzM0LUhWTi0yNDkAAAGJ_8Y-F-pfT1MPqg0AShaL7QiQq1QnVxhmqK344XCs6Uepj4IeBE8WFNrqOv1f2bs1jFZ1Xk5UrdM07JUaCe-SDJksZRC5v8_aFxyjLDSi8Bo\" style=\"color:blue; text-decoration:underline\"><span style=\"font-size:14.0pt\">STF mant&eacute;m altera&ccedil;&otilde;es na cobran&ccedil;a de ICMS em opera&ccedil;&otilde;es interestaduais<\/span><\/a><\/span><\/span><\/span><\/p>\r\n\r\n<p style=\"text-align:justify\"><span style=\"font-size:11pt\"><span style=\"line-height:normal\"><span style=\"font-family:&quot;Calibri&quot;,sans-serif\"><a href=\"https:\/\/grandesconstrucoes.com.br\/Noticias\/Exibir\/verba-federal-prevista-para-prevencao-de-desastres-e-a-menor-em-14-anos?utm_source=akna&amp;utm_medium=email&amp;utm_campaign=Grandes-Construcoes-Informativo-850-23-02-2023&amp;utm_source=akna&amp;utm_medium=email&amp;utm_campaign=Grandes-Construcoes-Informativo-850-23-02-2023\" style=\"color:blue; text-decoration:underline\"><span style=\"font-size:14.0pt\">Verba federal prevista para preven&ccedil;&atilde;o de desastres &eacute; a menor em 14 anos<\/span><\/a><\/span><\/span><\/span><\/p>\r\n\r\n<p class=\"MsoTitle\" style=\"text-align:justify\"><span style=\"font-size:28pt\"><span style=\"font-family:&quot;Cambria&quot;,serif\"><span style=\"letter-spacing:-0.5pt\"><b><span style=\"font-size:18.0pt\"><span style=\"font-family:&quot;Calibri&quot;,sans-serif\"><span style=\"font-variant:small-caps\">Sustentabilidade<\/span><\/span><\/span><\/b><\/span><\/span><\/span><\/p>\r\n\r\n<p style=\"text-align:justify\"><span style=\"font-size:11pt\"><span style=\"line-height:normal\"><span style=\"font-family:&quot;Calibri&quot;,sans-serif\"><a href=\"https:\/\/www.abicalcados.com.br\/noticia\/sustentabilidade-como-protagonista-na-industria-calcadista-brasileira\" style=\"color:blue; text-decoration:underline\"><span style=\"font-size:14.0pt\">Sustentabilidade como protagonista na ind&uacute;stria cal&ccedil;adista brasileira<\/span><\/a><\/span><\/span><\/span><\/p>\r\n\r\n<p style=\"text-align:justify\"><span style=\"font-size:11pt\"><span style=\"line-height:normal\"><span style=\"font-family:&quot;Calibri&quot;,sans-serif\"><a href=\"https:\/\/grandesconstrucoes.com.br\/Noticias\/Exibir\/setor-de-transporte-e-aliado-a-disseminacao-de-acoes-sustentaveis?utm_source=akna&amp;utm_medium=email&amp;utm_campaign=Grandes-Construcoes-Informativo-850-23-02-2023&amp;utm_source=akna&amp;utm_medium=email&amp;utm_campaign=Grandes-Construcoes-Informativo-850-23-02-2023\" style=\"color:blue; text-decoration:underline\"><span style=\"font-size:14.0pt\">Setor de transporte &eacute; aliado &agrave; dissemina&ccedil;&atilde;o de a&ccedil;&otilde;es sustent&aacute;veis<\/span><\/a><\/span><\/span><\/span><\/p>\r\n\r\n<p style=\"text-align:justify\"><span style=\"font-size:11pt\"><span style=\"line-height:normal\"><span style=\"font-family:&quot;Calibri&quot;,sans-serif\"><a href=\"https:\/\/engenhariacompartilhada.com.br\/noticia\/exibir\/7039140_a-importancia-do-esg-para-o-desenvolvimento-do-setor-da-construcao-civil\" style=\"color:blue; text-decoration:underline\"><span style=\"font-size:14.0pt\">A import&acirc;ncia do ESG para o desenvolvimento do setor da constru&ccedil;&atilde;o civil<\/span><\/a><\/span><\/span><\/span><\/p>\r\n\r\n<p style=\"text-align:justify\"><span style=\"font-size:11pt\"><span style=\"line-height:normal\"><span style=\"font-family:&quot;Calibri&quot;,sans-serif\"><a href=\"https:\/\/www.innovationintextiles.com\/industry-talk\/moving-carpet-up-the-waste-hierarchy\/\" style=\"color:blue; text-decoration:underline\"><span style=\"font-size:14.0pt\">Moving carpet up the waste hierarchy<\/span><\/a><\/span><\/span><\/span><\/p>\r\n\r\n<p style=\"text-align:justify\"><span style=\"font-size:11pt\"><span style=\"line-height:normal\"><span style=\"font-family:&quot;Calibri&quot;,sans-serif\"><a href=\"https:\/\/blogs.iadb.org\/sostenibilidad\/en\/managing-environmental-and-social-risks-in-supply-chains\/\" style=\"color:blue; text-decoration:underline\"><span style=\"font-size:14.0pt\">Managing environmental and social risks in supply chains<\/span><\/a><\/span><\/span><\/span><\/p>\r\n\r\n<p class=\"MsoTitle\" style=\"text-align:justify\"><span style=\"font-size:28pt\"><span style=\"font-family:&quot;Cambria&quot;,serif\"><span style=\"letter-spacing:-0.5pt\"><b><span style=\"font-size:18.0pt\"><span style=\"font-family:&quot;Calibri&quot;,sans-serif\"><span style=\"font-variant:small-caps\">Inova&ccedil;&atilde;o<\/span><\/span><\/span><\/b><\/span><\/span><\/span><\/p>\r\n\r\n<p style=\"text-align:justify\"><span style=\"font-size:11pt\"><span style=\"line-height:normal\"><span style=\"font-family:&quot;Calibri&quot;,sans-serif\"><a href=\"https:\/\/www.inovacaotecnologica.com.br\/noticias\/noticia.php?artigo=material-transforma-agua-residual-agua-potavel-gera-eletricidade-simultaneamente&amp;id=010125230224&amp;ebol=sim#.Y_3yVx_MKUk\" style=\"color:blue; text-decoration:underline\"><span style=\"font-size:14.0pt\">Material transforma &aacute;gua residual em &aacute;gua pot&aacute;vel e ainda gera eletricidade<\/span><\/a><\/span><\/span><\/span><\/p>\r\n\r\n<p style=\"text-align:justify\"><span style=\"font-size:11pt\"><span style=\"line-height:normal\"><span style=\"font-family:&quot;Calibri&quot;,sans-serif\"><a href=\"https:\/\/www.textiletechnology.net\/fibers\/news\/performance-days-awards-for-blended-banana-fiber-fabric-33610?utm_source=%2Fmeta%2Fnewsletter%2Fnewsletter&amp;utm_medium=newsletter&amp;utm_campaign=nl1147&amp;utm_term=0801b20e08c3242125d512808cd74302\" style=\"color:blue; text-decoration:underline\"><span style=\"font-size:14.0pt\">Awards for blended banana fiber fabric<\/span><\/a><\/span><\/span><\/span><\/p>\r\n\r\n<p style=\"text-align:justify\"><span style=\"font-size:11pt\"><span style=\"line-height:normal\"><span style=\"font-family:&quot;Calibri&quot;,sans-serif\"><a href=\"https:\/\/www.agoramotor.com.br\/vw-traz-novo-carro-materiais-reciclados\/\" style=\"color:blue; text-decoration:underline\"><span style=\"font-size:14.0pt\">Inova&ccedil;&atilde;o: VW traz Novos Carros Feitos com Materiais Ecologicamente Corretos!<\/span><\/a><\/span><\/span><\/span><\/p>\r\n\r\n<p class=\"MsoTitle\" style=\"text-align:justify\"><span style=\"font-size:28pt\"><span style=\"font-family:&quot;Cambria&quot;,serif\"><span style=\"letter-spacing:-0.5pt\"><b><span style=\"font-size:18.0pt\"><span style=\"font-family:&quot;Calibri&quot;,sans-serif\"><span style=\"font-variant:small-caps\">Com&eacute;rcio Exterior<\/span><\/span><\/span><\/b><\/span><\/span><\/span><\/p>\r\n\r\n<p style=\"text-align:justify\"><span style=\"font-size:11pt\"><span style=\"line-height:normal\"><span style=\"font-family:&quot;Calibri&quot;,sans-serif\"><a href=\"https:\/\/www.assintecal.org.br\/noticias\/4341\/exportacoes-de-componentes-e-quimicos-geraram-us-2787-milhoes-em-janeiro\" style=\"color:blue; text-decoration:underline\"><span style=\"font-size:14.0pt\">Cal&ccedil;ados | Exporta&ccedil;&otilde;es de componentes e qu&iacute;micos geraram US$ 27,87 milh&otilde;es em janeiro<\/span><\/a><\/span><\/span><\/span><\/p>\r\n\r\n<p style=\"text-align:justify\"><span style=\"font-size:11pt\"><span style=\"line-height:normal\"><span style=\"font-family:&quot;Calibri&quot;,sans-serif\"><a href=\"https:\/\/www.comexdobrasil.com\/corrente-de-comercio-soma-us-258-bilhoes-ate-a-terceira-semana-de-fevereiro-superavit-chega-a-us-12-bilhao\" style=\"color:blue; text-decoration:underline\"><span style=\"font-size:14.0pt\">Corrente de com&eacute;rcio soma US$ 25,8 bilh&otilde;es at&eacute; a terceira semana de fevereiro. Super&aacute;vit chega a US$ 1,2 bilh&atilde;o<\/span><\/a><\/span><\/span><\/span><\/p>\r\n\r\n<p style=\"text-align:justify\"><span style=\"font-size:11pt\"><span style=\"line-height:normal\"><span style=\"font-family:&quot;Calibri&quot;,sans-serif\"><a href=\"https:\/\/www.comexdobrasil.com\/brasil-e-china-as-expectativas-do-comercio-bilateral-com-a-abertura-das-fronteiras-chinesas\" style=\"color:blue; text-decoration:underline\"><span style=\"font-size:14.0pt\">Brasil e China: As expectativas do com&eacute;rcio bilateral com a abertura das fronteiras chinesas<\/span><\/a><\/span><\/span><\/span><\/p>\r\n\r\n<p class=\"MsoTitle\" style=\"text-align:justify\"><span style=\"font-size:28pt\"><span style=\"font-family:&quot;Cambria&quot;,serif\"><span style=\"letter-spacing:-0.5pt\"><b><span style=\"font-size:18.0pt\"><span style=\"font-family:&quot;Calibri&quot;,sans-serif\"><span style=\"font-variant:small-caps\">Economia<\/span><\/span><\/span><\/b><\/span><\/span><\/span><\/p>\r\n\r\n<p style=\"text-align:justify\"><span style=\"font-size:11pt\"><span style=\"line-height:normal\"><span style=\"font-family:&quot;Calibri&quot;,sans-serif\"><a href=\"https:\/\/www.bcb.gov.br\/content\/focus\/focus\/R20230224.pdf\" style=\"color:blue; text-decoration:underline\"><span style=\"font-size:14.0pt\">FOCUS &ndash; Relat&oacute;rio de Mercado<\/span><\/a><\/span><\/span><\/span><\/p>\r\n\r\n<p style=\"text-align:justify\"><span style=\"font-size:11pt\"><span style=\"line-height:normal\"><span style=\"font-family:&quot;Calibri&quot;,sans-serif\"><a href=\"https:\/\/noticias.portaldaindustria.com.br\/noticias\/economia\/confianca-da-industria-melhora-entre-os-setores-industriais-em-fevereiro\/\" style=\"color:blue; text-decoration:underline\"><span style=\"font-size:14.0pt\">CNI | Confian&ccedil;a da ind&uacute;stria melhora entre os setores industriais em fevereiro<\/span><\/a><\/span><\/span><\/span><\/p>\r\n\r\n<p style=\"text-align:justify\"><span style=\"font-size:11pt\"><span style=\"line-height:normal\"><span style=\"font-family:&quot;Calibri&quot;,sans-serif\"><a href=\"https:\/\/www.fiesp.com.br\/noticias\/sensor-atividade-industrial-tem-crescimento-moderado\/\" style=\"color:blue; text-decoration:underline\"><span style=\"font-size:14.0pt\">FIESP | Sensor: atividade industrial tem crescimento moderado<\/span><\/a><\/span><\/span><\/span><\/p>\r\n\r\n<p style=\"text-align:justify\"><span style=\"font-size:11pt\"><span style=\"line-height:normal\"><span style=\"font-family:&quot;Calibri&quot;,sans-serif\"><a href=\"https:\/\/portalibre.fgv.br\/noticias\/confianca-da-industria-apresenta-nova-queda-em-fevereiro\" style=\"color:blue; text-decoration:underline\"><span style=\"font-size:14.0pt\">FGV-IBRE | Confian&ccedil;a da ind&uacute;stria apresenta nova queda em fevereiro<\/span><\/a><\/span><\/span><\/span><\/p>\r\n\r\n<p style=\"text-align:justify\"><span style=\"font-size:11pt\"><span style=\"line-height:normal\"><span style=\"font-family:&quot;Calibri&quot;,sans-serif\"><a href=\"https:\/\/portalibre.fgv.br\/noticias\/confianca-da-construcao-sobe-08-ponto-em-fevereiro\" style=\"color:blue; text-decoration:underline\"><span style=\"font-size:14.0pt\">Confian&ccedil;a da Constru&ccedil;&atilde;o sobe 0,8 ponto em fevereiro<\/span><\/a><\/span><\/span><\/span><\/p>\r\n","texto_en":"","7":"","imagem":"COMP_banner-padrao-home-destaques-boletim-2023_20230228191242ggGKTrmGFT.jpeg","8":"COMP_banner-padrao-home-destaques-boletim-2023_20230228191242ggGKTrmGFT.jpeg","arquivo":"20230228-NOTICIAS-SEMANAIS.PDF","9":"20230228-NOTICIAS-SEMANAIS.PDF","titulo_arquivo":"","10":"","titulo_arquivo_en":"","11":"","created_at":"2023-02-28 19:12:50","12":"2023-02-28 19:12:50","updated_at":"2023-02-28 19:12:50","13":"2023-02-28 19:12:50"},{"id":54,"0":54,"ordem":170,"1":170,"data":"2023-02-23","2":"2023-02-23","slug":"boletim-de-noticias-semanais-51","3":"boletim-de-noticias-semanais-51","titulo":"Boletim de Not\u00edcias Semanais","4":"Boletim de Not\u00edcias Semanais","titulo_en":"","5":"","texto":"<p style=\"text-align:justify\"><span style=\"font-size:11pt\"><span style=\"line-height:normal\"><span style=\"font-family:&quot;Calibri&quot;,sans-serif\"><span style=\"font-size:14.0pt\">Esta &eacute; uma compila&ccedil;&atilde;o das not&iacute;cias mais relevantes para o setor, incluindo informa&ccedil;&otilde;es sobre acordos internacionais, economia brasileira, sustentabilidade e mat&eacute;rias primas, al&eacute;m de novidades do setor de N&atilde;otecidos e Tecidos T&eacute;cnicos.<\/span><\/span><\/span><\/span><\/p>\r\n\r\n<p class=\"MsoTitleCxSpMiddle\" style=\"text-align:justify\"><span style=\"font-size:28pt\"><span style=\"font-family:&quot;Cambria&quot;,serif\"><span style=\"letter-spacing:-0.5pt\"><b><span style=\"font-size:18.0pt\"><span style=\"font-family:&quot;Calibri&quot;,sans-serif\"><span style=\"font-variant:small-caps\">A&ccedil;&otilde;es da ABINT<\/span><\/span><\/span><\/b><\/span><\/span><\/span><\/p>\r\n\r\n<p class=\"MsoTitleCxSpLast\" style=\"text-align:justify\"><img height=\"415\" src=\"https:\/\/www.abint.org.br\/assets\/img\/editor\/premio-tcc-ic-2023-arte-5_20230307120730VKy9sAeMnh.png\" width=\"415\" \/><\/p>\r\n\r\n<p style=\"text-align:justify\"><span style=\"font-size:11pt\"><span style=\"line-height:normal\"><span style=\"font-family:&quot;Calibri&quot;,sans-serif\"><strong><span style=\"font-size:14.0pt\"><span style=\"font-family:&quot;Calibri&quot;,sans-serif\">O CTG ABINT e a IGS BRASIL <\/span><\/span><\/strong><span style=\"font-size:14.0pt\">convidam aqueles que desenvolveram trabalhos acad&ecirc;micos relacionados aos geossint&eacute;ticos a participarem&nbsp;de mais uma edi&ccedil;&atilde;o do Pr&ecirc;mio TCC\/IC.<\/span><\/span><\/span><\/span><\/p>\r\n\r\n<p style=\"text-align:justify\"><span style=\"font-size:11pt\"><span style=\"line-height:normal\"><span style=\"font-family:&quot;Calibri&quot;,sans-serif\"><a href=\"https:\/\/abint.us2.list-manage.com\/track\/click?u=88818ac6bf44316570fc1bc2f&amp;id=46b014bcf1&amp;e=626265ad22\" style=\"color:blue; text-decoration:underline\" target=\"_blank\"><span style=\"font-size:14.0pt\"><span style=\"color:blue\">Mais informa&ccedil;&otilde;es e inscri&ccedil;&otilde;es<\/span><\/span><\/a><\/span><\/span><\/span><\/p>\r\n\r\n<p style=\"text-align:justify\">&nbsp;<\/p>\r\n\r\n<p style=\"text-align:justify\"><img src=\"https:\/\/www.abint.org.br\/assets\/img\/editor\/itma-2023-abint-english-417x250_20230307120833aCqIBbm3mn.jpg\" \/><\/p>\r\n\r\n<p style=\"text-align:justify\"><span style=\"font-size:11pt\"><span style=\"line-height:normal\"><span style=\"font-family:&quot;Calibri&quot;,sans-serif\"><b><span style=\"font-size:14.0pt\">A ABINT apoia a ITMA 2023<\/span><\/b><\/span><\/span><\/span><\/p>\r\n\r\n<p style=\"text-align:justify\"><span style=\"font-size:14.0pt\"><span style=\"line-height:115%\"><span style=\"font-family:&quot;Calibri&quot;,sans-serif\">A 19&ordf; edi&ccedil;&atilde;o da maior exposi&ccedil;&atilde;o internacional de tecnologia t&ecirc;xtil e de vestu&aacute;rio do mundo acontecer&aacute; em Mil&atilde;o, It&aacute;lia, de 08 a 14 de junho de 2023. <\/span><\/span><\/span><span style=\"font-size:11.0pt\"><span style=\"line-height:115%\"><span style=\"font-family:&quot;Calibri&quot;,sans-serif\"><a href=\"https:\/\/itma.com\/\" style=\"color:blue; text-decoration:underline\"><span style=\"font-size:14.0pt\"><span style=\"line-height:115%\">Informa&ccedil;&otilde;es<\/span><\/span><\/a><\/span><\/span><\/span><\/p>\r\n\r\n<p style=\"text-align:justify\">&nbsp;<\/p>\r\n\r\n<p style=\"text-align:justify\"><span style=\"font-size:11pt\"><span style=\"line-height:normal\"><span style=\"font-family:&quot;Calibri&quot;,sans-serif\"><b><span style=\"font-size:18.0pt\"><span style=\"font-variant:small-caps\">Eventos<\/span><\/span><\/b><\/span><\/span><\/span><\/p>\r\n\r\n<p style=\"text-align:justify\"><span style=\"font-size:11pt\"><span style=\"line-height:normal\"><span style=\"font-family:&quot;Calibri&quot;,sans-serif\"><span class=\"MsoHyperlink\" style=\"color:blue\"><span style=\"text-decoration:underline\"><b><span style=\"font-size:14.0pt\"><span style=\"text-decoration:none\"><span style=\"text-underline:none\">Curso ABNT | Simbologia de cuidados aplicada a Etiquetagem de T&ecirc;xteis - ABNT NBR NM ISO 3758<\/span><\/span><\/span><\/b><\/span><\/span><span class=\"MsoHyperlink\" style=\"color:blue\"><span style=\"text-decoration:underline\"><span style=\"font-size:14.0pt\"><span style=\"text-decoration:none\"><span style=\"text-underline:none\">, online, 27 e 28 de fevereiro de 2023. <\/span><\/span><\/span><\/span><\/span><a href=\"https:\/\/www.abntcatalogo.com.br\/pcs.aspx?Q=ZlgyeVVtT2FtUjc1WUpTQ0RpanB2VnVDblNMYnFKNVA=\" style=\"color:blue; text-decoration:underline\"><span style=\"font-size:14.0pt\">Informa&ccedil;&otilde;es<\/span><\/a><\/span><\/span><\/span><\/p>\r\n\r\n<p style=\"text-align:justify\"><span style=\"font-size:11pt\"><span style=\"line-height:normal\"><span style=\"font-family:&quot;Calibri&quot;,sans-serif\"><span class=\"MsoHyperlink\" style=\"color:blue\"><span style=\"text-decoration:underline\"><b><span style=\"font-size:14.0pt\"><span style=\"text-decoration:none\"><span style=\"text-underline:none\">8&ordm; Encuentro Alianza Latinoamericana Anticontrabando (ALAC)<\/span><\/span><\/span><\/b><\/span><\/span><span class=\"MsoHyperlink\" style=\"color:blue\"><span style=\"text-decoration:underline\"><span style=\"font-size:14.0pt\"><span style=\"text-decoration:none\"><span style=\"text-underline:none\">, 1 e 2 de mar&ccedil;o de 2023, Bogot&aacute;, Col&ocirc;mbia. <\/span><\/span><\/span><\/span><\/span><a href=\"https:\/\/www.andi.com.co\/Home\/Evento\/72-8-encuentro-de-la-alianza-latinoamericana\" style=\"color:blue; text-decoration:underline\"><span style=\"font-size:14.0pt\">Informa&ccedil;&otilde;es<\/span><\/a><\/span><\/span><\/span><\/p>\r\n\r\n<p style=\"text-align:justify\"><span style=\"font-size:11pt\"><span style=\"line-height:normal\"><span style=\"font-family:&quot;Calibri&quot;,sans-serif\"><span class=\"MsoHyperlink\" style=\"color:blue\"><span style=\"text-decoration:underline\"><b><span style=\"font-size:14.0pt\"><span style=\"text-decoration:none\"><span style=\"text-underline:none\">46&ordf; FIMEC<\/span><\/span><\/span><\/b><\/span><\/span><span class=\"MsoHyperlink\" style=\"color:blue\"><span style=\"text-decoration:underline\"><span style=\"font-size:14.0pt\"><span style=\"text-decoration:none\"><span style=\"text-underline:none\"> <b>| Feira Internacional de Couros, Produtos Qu&iacute;micos, Componentes, M&aacute;quinas e Equipamentos para Cal&ccedil;ados e Curtumes<\/b>, 07 a 09 de mar&ccedil;o de 2023, FENAC, Novo Hamburgo, Rio Grande do Sul. <\/span><\/span><\/span><\/span><\/span><a href=\"https:\/\/www.fimec.com.br\/pt-br\/home\" style=\"color:blue; text-decoration:underline\"><span style=\"font-size:14.0pt\">Informa&ccedil;&otilde;es<\/span><\/a> <\/span><\/span><\/span><\/p>\r\n\r\n<p style=\"text-align:justify\"><span style=\"font-size:11pt\"><span style=\"line-height:normal\"><span style=\"font-family:&quot;Calibri&quot;,sans-serif\"><span class=\"MsoHyperlink\" style=\"color:blue\"><span style=\"text-decoration:underline\"><b><span style=\"font-size:14.0pt\"><span style=\"text-decoration:none\"><span style=\"text-underline:none\">Workshop Abit | Relativiza&ccedil;&atilde;o da coisa julgada em mat&eacute;ria tribut&aacute;ria e seus impactos<\/span><\/span><\/span><\/b><\/span><\/span><span class=\"MsoHyperlink\" style=\"color:blue\"><span style=\"text-decoration:underline\"><span style=\"font-size:14.0pt\"><span style=\"text-decoration:none\"><span style=\"text-underline:none\">, 08 de mar&ccedil;o de 2023, 09h30, evento virtual. <\/span><\/span><\/span><\/span><\/span><a href=\"https:\/\/app.rdstation.email\/mail\/0c7ccc29-6faa-4098-a774-c3466c4e858f?utm_campaign=convite_workshop_decisao_stf&amp;utm_medium=email&amp;utm_source=RD+Station\" style=\"color:blue; text-decoration:underline\"><span style=\"font-size:14.0pt\">Informa&ccedil;&otilde;es<\/span><\/a> <\/span><\/span><\/span><\/p>\r\n\r\n<p style=\"text-align:justify\"><span style=\"font-size:11pt\"><span style=\"line-height:normal\"><span style=\"font-family:&quot;Calibri&quot;,sans-serif\"><span class=\"MsoHyperlink\" style=\"color:blue\"><span style=\"text-decoration:underline\"><b><span style=\"font-size:14.0pt\"><span style=\"text-decoration:none\"><span style=\"text-underline:none\">FIESP | Perspectivas para o setor da sa&uacute;de no estado de S&atilde;o Paulo<\/span><\/span><\/span><\/b><\/span><\/span><span class=\"MsoHyperlink\" style=\"color:blue\"><span style=\"text-decoration:underline\"><span style=\"font-size:14.0pt\"><span style=\"text-decoration:none\"><span style=\"text-underline:none\">, 15 de mar&ccedil;o de 2023, 09h30, evento presencial. <\/span><\/span><\/span><\/span><\/span><a href=\"http:\/\/emkt.fiesp.ind.br\/emkt\/tracer\/?1,7328038,460d08b8,52d9\" style=\"color:blue; text-decoration:underline\"><span style=\"font-size:14.0pt\">Informa&ccedil;&otilde;es<\/span><\/a> <\/span><\/span><\/span><\/p>\r\n\r\n<p style=\"text-align:justify\"><span style=\"font-size:11pt\"><span style=\"line-height:normal\"><span style=\"font-family:&quot;Calibri&quot;,sans-serif\"><span class=\"MsoHyperlink\" style=\"color:blue\"><span style=\"text-decoration:underline\"><b><span style=\"font-size:14.0pt\"><span style=\"text-decoration:none\"><span style=\"text-underline:none\">Workshop Abit | eSocial<\/span><\/span><\/span><\/b><\/span><\/span><span class=\"MsoHyperlink\" style=\"color:blue\"><span style=\"text-decoration:underline\"><span style=\"font-size:14.0pt\"><span style=\"text-decoration:none\"><span style=\"text-underline:none\">, 21 de mar&ccedil;o de 2023, 09h30, evento virtual. <\/span><\/span><\/span><\/span><\/span><a href=\"https:\/\/app.rdstation.email\/mail\/23861949-a748-49d9-8c94-7f0a684a3329?utm_campaign=convite_workshop_esocial&amp;utm_medium=email&amp;utm_source=RD+Station\" style=\"color:blue; text-decoration:underline\"><span style=\"font-size:14.0pt\">Informa&ccedil;&otilde;es<\/span><\/a> <\/span><\/span><\/span><\/p>\r\n\r\n<p style=\"text-align:justify\"><span style=\"font-size:11pt\"><span style=\"line-height:normal\"><span style=\"font-family:&quot;Calibri&quot;,sans-serif\"><span class=\"MsoHyperlink\" style=\"color:blue\"><span style=\"text-decoration:underline\"><b><span style=\"font-size:14.0pt\"><span style=\"text-decoration:none\"><span style=\"text-underline:none\">INDA Webinars | New Chemical Regulations &amp; PFAS Impacts to Your Business<\/span><\/span><\/span><\/b><\/span><\/span><span class=\"MsoHyperlink\" style=\"color:blue\"><span style=\"text-decoration:underline\"><span style=\"font-size:14.0pt\"><span style=\"text-decoration:none\"><span style=\"text-underline:none\">, February 22nd, 11 am ET. <\/span><\/span><\/span><\/span><\/span><a href=\"https:\/\/www.inda.org\/inda-webinars\/\" style=\"color:blue; text-decoration:underline\"><span style=\"font-size:14.0pt\">Informa&ccedil;&otilde;es<\/span><\/a> <\/span><\/span><\/span><\/p>\r\n\r\n<p style=\"text-align:justify\"><span style=\"font-size:11pt\"><span style=\"line-height:normal\"><span style=\"font-family:&quot;Calibri&quot;,sans-serif\"><span class=\"MsoHyperlink\" style=\"color:blue\"><span style=\"text-decoration:underline\"><b><span style=\"font-size:14.0pt\"><span style=\"text-decoration:none\"><span style=\"text-underline:none\">AESabesp | ESG &ndash; Teoria e Pr&aacute;tica no Setor de Saneamento<\/span><\/span><\/span><\/b><\/span><\/span><span class=\"MsoHyperlink\" style=\"color:blue\"><span style=\"text-decoration:underline\"><span style=\"font-size:14.0pt\"><span style=\"text-decoration:none\"><span style=\"text-underline:none\">, 27 de mar&ccedil;o de 2023. <\/span><\/span><\/span><\/span><\/span><a href=\"https:\/\/www.aesabesp.org.br\/events\/esg-teoria-e-pratica-no-setor-de-saneamento-turma-03\/\" style=\"color:blue; text-decoration:underline\"><span style=\"font-size:14.0pt\">Informa&ccedil;&otilde;es<\/span><\/a> <\/span><\/span><\/span><\/p>\r\n\r\n<p style=\"text-align:justify\"><span style=\"font-size:11pt\"><span style=\"line-height:normal\"><span style=\"font-family:&quot;Calibri&quot;,sans-serif\"><b><span style=\"font-size:14.0pt\">Pl&aacute;stico Brasil &ndash; Feira Internacional do Pl&aacute;stico<\/span><\/b><span style=\"font-size:14.0pt\">, 27 a 31 de mar&ccedil;o de 2023, S&atilde;o Paulo Expo. <\/span><a href=\"https:\/\/www.plasticobrasil.com.br\/pt\/home.html\" style=\"color:blue; text-decoration:underline\"><span style=\"font-size:14.0pt\">Informa&ccedil;&otilde;es<\/span><\/a><\/span><\/span><\/span><\/p>\r\n\r\n<p style=\"text-align:justify\"><span style=\"font-size:11pt\"><span style=\"line-height:normal\"><span style=\"font-family:&quot;Calibri&quot;,sans-serif\"><span class=\"MsoHyperlink\" style=\"color:blue\"><span style=\"text-decoration:underline\"><b><span style=\"font-size:14.0pt\"><span style=\"text-decoration:none\"><span style=\"text-underline:none\">NasceCME | Dia Internacional da Ci&ecirc;ncia da Esteriliza&ccedil;&atilde;o &ndash; Equipes t&eacute;cnicas qualificadas e as interfaces com processos e pr&aacute;ticas seguras<\/span><\/span><\/span><\/b><\/span><\/span><span class=\"MsoHyperlink\" style=\"color:blue\"><span style=\"text-decoration:underline\"><span style=\"font-size:14.0pt\"><span style=\"text-decoration:none\"><span style=\"text-underline:none\">, 14 e 15 de abril de 2023, Golden Tulip, S&atilde;o Jos&eacute; dos Campos. <\/span><\/span><\/span><\/span><\/span><a href=\"https:\/\/www.sympla.com.br\/evento\/dia-internacional-da-ciencia-da-esterilizacao\/1866685?_gl=1*103ko68*_ga*MTk0NjU1Njc3Ni4xNjc1MTc5Mzkz*_ga_KXH10SQTZF*MTY3NTg3MzM2NS45LjEuMTY3NTg3MzQ0My4wLjAuMA..\" style=\"color:blue; text-decoration:underline\"><span style=\"font-size:14.0pt\">Informa&ccedil;&otilde;es<\/span><\/a> <\/span><\/span><\/span><\/p>\r\n\r\n<p style=\"text-align:justify\"><span style=\"font-size:11pt\"><span style=\"line-height:normal\"><span style=\"font-family:&quot;Calibri&quot;,sans-serif\"><span class=\"MsoHyperlink\" style=\"color:blue\"><span style=\"text-decoration:underline\"><b><span style=\"font-size:14.0pt\"><span style=\"text-decoration:none\"><span style=\"text-underline:none\">INDEX 2023<\/span><\/span><\/span><\/b><\/span><\/span><span class=\"MsoHyperlink\" style=\"color:blue\"><span style=\"text-decoration:underline\"><span style=\"font-size:14.0pt\"><span style=\"text-decoration:none\"><span style=\"text-underline:none\">, 18 a 21 de abril, Palexpo, Genebra, Su&iacute;&ccedil;a. <\/span><\/span><\/span><\/span><\/span><a href=\"https:\/\/www.indexnonwovens.com\/en\/\" style=\"color:blue; text-decoration:underline\"><span style=\"font-size:14.0pt\">Informa&ccedil;&otilde;es<\/span><\/a><\/span><\/span><\/span><\/p>\r\n\r\n<p style=\"text-align:justify\"><span style=\"font-size:11pt\"><span style=\"line-height:normal\"><span style=\"font-family:&quot;Calibri&quot;,sans-serif\"><span class=\"MsoHyperlink\" style=\"color:blue\"><span style=\"text-decoration:underline\"><b><span style=\"font-size:14.0pt\"><span style=\"text-decoration:none\"><span style=\"text-underline:none\">SENAI CETIQT | Programa de Desenvolvimento Setorial T&ecirc;xtil<\/span><\/span><\/span><\/b><\/span><\/span><span class=\"MsoHyperlink\" style=\"color:blue\"><span style=\"text-decoration:underline\"><span style=\"font-size:14.0pt\"><span style=\"text-decoration:none\"><span style=\"text-underline:none\">, acesse <\/span><\/span><\/span><\/span><\/span><a href=\"https:\/\/materiais.senaicetiqt.com\/lp_programa-de-desenvolvimento-setorial?utm_campaign=senai_cetiqt_e_abit__pds_textil__2_envio&amp;utm_medium=email&amp;utm_source=RD+Station\" style=\"color:blue; text-decoration:underline\"><span style=\"font-size:14.0pt\">aqui<\/span><\/a><span class=\"MsoHyperlink\" style=\"color:blue\"><span style=\"text-decoration:underline\"><span style=\"font-size:14.0pt\"><span style=\"text-decoration:none\"><span style=\"text-underline:none\"> para mais informa&ccedil;&otilde;es<\/span><\/span><\/span><\/span><\/span><\/span><\/span><\/span><\/p>\r\n\r\n<p style=\"text-align:justify\"><span style=\"font-size:11pt\"><span style=\"line-height:normal\"><span style=\"font-family:&quot;Calibri&quot;,sans-serif\"><a href=\"https:\/\/www.magnetmail.net\/actions\/email_web_version.cfm?ep=nY1qAgSybIYAtXkUlomjGTvozlxP9uwHcN55F0MkytH2RClGE8usJiNt1Arjq6T9h3o4FMnFZvw194A5gVh0cidsrPTck3kKnIiEDOLIT1krQCou4boq3j9g-8jm_6Vc\" style=\"color:blue; text-decoration:underline\"><span style=\"font-size:14.0pt\">INDA | 2023 Calendar of Events<\/span><\/a><\/span><\/span><\/span><\/p>\r\n\r\n<p class=\"MsoTitle\" style=\"text-align:justify\"><span style=\"font-size:28pt\"><span style=\"font-family:&quot;Cambria&quot;,serif\"><span style=\"letter-spacing:-0.5pt\"><b><span style=\"font-size:18.0pt\"><span style=\"font-family:&quot;Calibri&quot;,sans-serif\"><span style=\"font-variant:small-caps\">Setor<\/span><\/span><\/span><\/b><\/span><\/span><\/span><\/p>\r\n\r\n<p style=\"text-align:justify\"><span style=\"font-size:11pt\"><span style=\"line-height:normal\"><span style=\"font-family:&quot;Calibri&quot;,sans-serif\"><a href=\"https:\/\/www.laclave.com.py\/2023\/02\/21\/multinacional-producira-1-200-toneladas-de-fibra-sintetica-al-ano\/\" style=\"color:blue; text-decoration:underline\"><span style=\"font-size:14.0pt\">Multinacional producir&aacute; 1.200 toneladas de fibra sint&eacute;tica al a&ntilde;o<\/span><\/a><\/span><\/span><\/span><\/p>\r\n\r\n<p style=\"text-align:justify\"><span style=\"font-size:11pt\"><span style=\"line-height:normal\"><span style=\"font-family:&quot;Calibri&quot;,sans-serif\"><a href=\"https:\/\/www.textiletechnology.net\/fibers\/news\/nova-institute-bio-based-polymers-grow-at-a-cagr-of-14-2022-2027-33533?utm_source=%2Fmeta%2Fnewsletter%2Fnewsletter&amp;utm_medium=newsletter&amp;utm_campaign=nl1124&amp;utm_term=0801b20e08c3242125d512808cd74302\" style=\"color:blue; text-decoration:underline\"><span style=\"font-size:14.0pt\">Bio-based polymers grow at a CAGR of 14% 2022-2027<\/span><\/a><\/span><\/span><\/span><\/p>\r\n\r\n<p style=\"text-align:justify\"><span style=\"font-size:11pt\"><span style=\"line-height:normal\"><span style=\"font-family:&quot;Calibri&quot;,sans-serif\"><a href=\"https:\/\/portalc1.com.br\/geoformas-garantem-tratamento-adequado-do-lodo-gerado-pela-eta-ii-lagoa-da-serra\/\" style=\"color:blue; text-decoration:underline\"><span style=\"font-size:14.0pt\">Geoformas garantem tratamento adequado do lodo gerado pela ETA II Lagoa da Serra<\/span><\/a><\/span><\/span><\/span><\/p>\r\n\r\n<p style=\"text-align:justify\"><span style=\"font-size:11pt\"><span style=\"line-height:normal\"><span style=\"font-family:&quot;Calibri&quot;,sans-serif\"><a href=\"https:\/\/www.meiofiltrante.com.br\/Noticia\/110534\/registration-is-open-for-world-of-wipes-international-conference-2023\" style=\"color:blue; text-decoration:underline\"><span style=\"font-size:14.0pt\">Registration Is Open for World of Wipes&reg; International Conference 2023<\/span><\/a><\/span><\/span><\/span><\/p>\r\n\r\n<p style=\"text-align:justify\"><span style=\"font-size:11pt\"><span style=\"line-height:normal\"><span style=\"font-family:&quot;Calibri&quot;,sans-serif\"><a href=\"https:\/\/www.textiletechnology.net\/nonwovens\/news\/index23-navigating-challenges-in-the-nonwovens-industry-33540?utm_source=%2Fmeta%2Fnewsletter%2Fnewsletter&amp;utm_medium=newsletter&amp;utm_campaign=nl1125&amp;utm_term=0801b20e08c3242125d512808cd74302\" style=\"color:blue; text-decoration:underline\"><span style=\"font-size:14.0pt\">Index23 | Navigating challenges in the nonwovens industry<\/span><\/a><\/span><\/span><\/span><\/p>\r\n\r\n<p style=\"text-align:justify\"><span style=\"font-size:11pt\"><span style=\"line-height:normal\"><span style=\"font-family:&quot;Calibri&quot;,sans-serif\"><a href=\"https:\/\/www.textiletechnology.net\/nonwovens\/management\/inda-new-chief-market-and-industry-analyst-33522?utm_source=%2Fmeta%2Fnewsletter%2Fnewsletter&amp;utm_medium=newsletter&amp;utm_campaign=nl1125&amp;utm_term=0801b20e08c3242125d512808cd74302\" style=\"color:blue; text-decoration:underline\"><span style=\"font-size:14.0pt\">INDA | New Chief Market and Industry Analyst<\/span><\/a><\/span><\/span><\/span><\/p>\r\n\r\n<p style=\"text-align:justify\"><span style=\"font-size:11pt\"><span style=\"line-height:normal\"><span style=\"font-family:&quot;Calibri&quot;,sans-serif\"><a href=\"https:\/\/www.nonwovens-industry.com\/contents\/view_breaking-news\/2023-02-13\/price-hanna-releases-report-focuses-on-absorbent-hygiene-products\/\" style=\"color:blue; text-decoration:underline\"><span style=\"font-size:14.0pt\">Price Hanna Releases Report Focused on Absorbent Hygiene Products<\/span><\/a><\/span><\/span><\/span><\/p>\r\n\r\n<p style=\"text-align:justify\"><span style=\"font-size:11pt\"><span style=\"line-height:normal\"><span style=\"font-family:&quot;Calibri&quot;,sans-serif\"><a href=\"https:\/\/www.nonwovens-industry.com\/contents\/view_breaking-news\/2023-02-21\/berry-global-recognized-by-forbes-as-one-of-americas-best-large-employers\/15303\" style=\"color:blue; text-decoration:underline\"><span style=\"font-size:14.0pt\">Berry Global Recognized by Forbes as One of America&rsquo;s Best Large Employers<\/span><\/a><\/span><\/span><\/span><\/p>\r\n\r\n<p style=\"text-align:justify\"><span style=\"font-size:11pt\"><span style=\"line-height:normal\"><span style=\"font-family:&quot;Calibri&quot;,sans-serif\"><a href=\"https:\/\/www.nonwovens-industry.com\/contents\/view_breaking-news\/2023-02-16\/freudenberg-performnance-materials-launches-evolon-esd\/\" style=\"color:blue; text-decoration:underline\"><span style=\"font-size:14.0pt\">Freudenberg Performance Materials Launches Evolon ESD<\/span><\/a><\/span><\/span><\/span><\/p>\r\n\r\n<p style=\"text-align:justify\"><span style=\"font-size:11pt\"><span style=\"line-height:normal\"><span style=\"font-family:&quot;Calibri&quot;,sans-serif\"><a href=\"https:\/\/www.textiletechnology.net\/technical-textiles\/news\/freudenberg-pm-solutions-for-lightweight-composites-33564?utm_source=%2Fmeta%2Fnewsletter%2Fnewsletter&amp;utm_medium=newsletter&amp;utm_campaign=nl1143&amp;utm_term=0801b20e08c3242125d512808cd74302\" style=\"color:blue; text-decoration:underline\"><span style=\"font-size:14.0pt\">Freudenberg PM Technologies for producing composites at JEC<\/span><\/a><\/span><\/span><\/span><\/p>\r\n\r\n<p style=\"text-align:justify\"><span style=\"font-size:11pt\"><span style=\"line-height:normal\"><span style=\"font-family:&quot;Calibri&quot;,sans-serif\"><a href=\"https:\/\/www.textiletechnology.net\/nonwovens\/news\/suominen-lower-ebita-despite-sales-growth-33503?utm_source=%2Fmeta%2Fnewsletter%2Fnewsletter&amp;utm_medium=newsletter&amp;utm_campaign=nl1125&amp;utm_term=0801b20e08c3242125d512808cd74302\" style=\"color:blue; text-decoration:underline\"><span style=\"font-size:14.0pt\">Suominen Sales growth but less profit<\/span><\/a><\/span><\/span><\/span><\/p>\r\n\r\n<p class=\"MsoTitle\" style=\"text-align:justify\"><span style=\"font-size:28pt\"><span style=\"font-family:&quot;Cambria&quot;,serif\"><span style=\"letter-spacing:-0.5pt\"><b><span style=\"font-size:18.0pt\"><span style=\"font-family:&quot;Calibri&quot;,sans-serif\"><span style=\"font-variant:small-caps\">Ind&uacute;stria<\/span><\/span><\/span><\/b><\/span><\/span><\/span><\/p>\r\n\r\n<p style=\"text-align:justify\"><span style=\"font-size:11pt\"><span style=\"line-height:normal\"><span style=\"font-family:&quot;Calibri&quot;,sans-serif\"><a href=\"https:\/\/www.balcaoautomotivo.com\/2023\/02\/17\/producao-de-veiculos-cresce-5-em-janeiro-e-129-em-unidades-emplacadas\/\" style=\"color:blue; text-decoration:underline\"><span style=\"font-size:14.0pt\">Produ&ccedil;&atilde;o de ve&iacute;culos cresce 5% em janeiro e 12,9% em unidades emplacadas<\/span><\/a><\/span><\/span><\/span><\/p>\r\n\r\n<p style=\"text-align:justify\"><span style=\"font-size:11pt\"><span style=\"line-height:normal\"><span style=\"font-family:&quot;Calibri&quot;,sans-serif\"><a href=\"https:\/\/grandesconstrucoes.com.br\/Noticias\/Exibir\/indice-abramat-preve-leve-crescimento-para-este-ano\" style=\"color:blue; text-decoration:underline\"><span style=\"font-size:14.0pt\">&Iacute;ndice Abramat prev&ecirc; leve crescimento para este ano<\/span><\/a><\/span><\/span><\/span><\/p>\r\n\r\n<p style=\"text-align:justify\"><span style=\"font-size:11pt\"><span style=\"line-height:normal\"><span style=\"font-family:&quot;Calibri&quot;,sans-serif\"><a href=\"https:\/\/noticias.portaldaindustria.com.br\/posicionamentos\/decisao-do-stf-sobre-coisa-julgada-em-materia-tributaria-gera-inseguranca-juridica-diz-cni\/\" style=\"color:blue; text-decoration:underline\"><span style=\"font-size:14.0pt\">Decis&atilde;o do STF sobre coisa julgada em mat&eacute;ria tribut&aacute;ria gera inseguran&ccedil;a jur&iacute;dica, diz CNI<\/span><\/a><\/span><\/span><\/span><\/p>\r\n\r\n<p style=\"text-align:justify\"><span style=\"font-size:11pt\"><span style=\"line-height:normal\"><span style=\"font-family:&quot;Calibri&quot;,sans-serif\"><a href=\"https:\/\/abrava.com.br\/wp-content\/uploads\/2023\/02\/Boletim-economico-fev-2023.pdf\" style=\"color:blue; text-decoration:underline\"><span style=\"font-size:14.0pt\">ABRAVA | Boletim Econ&ocirc;mico- Janeiro de 2023<\/span><\/a><\/span><\/span><\/span><\/p>\r\n\r\n<p style=\"text-align:justify\"><span style=\"font-size:11pt\"><span style=\"line-height:normal\"><span style=\"font-family:&quot;Calibri&quot;,sans-serif\"><a href=\"https:\/\/grandesconstrucoes.com.br\/Noticias\/Exibir\/energia-renovavel-alcanca-marca-de-92-de-toda-energia-eletrica-produzida-no-brasil?utm_source=akna&amp;utm_medium=email&amp;utm_campaign=Grandes-Construcoes-Informativo-849-16-02-2023&amp;utm_source=akna&amp;utm_medium=email&amp;utm_campaign=Grandes-Construcoes-Informativo-849-16-02-2023\" style=\"color:blue; text-decoration:underline\"><span style=\"font-size:14.0pt\">Energia renov&aacute;vel alcan&ccedil;a marca de 92% de toda energia el&eacute;trica produzida no Brasil<\/span><\/a><\/span><\/span><\/span><\/p>\r\n\r\n<p style=\"text-align:justify\"><span style=\"font-size:11pt\"><span style=\"line-height:normal\"><span style=\"font-family:&quot;Calibri&quot;,sans-serif\"><a href=\"https:\/\/www.saneasonline.com.br\/noticias\/brasil-cria-entidade-com-apoio-da-onu-para-discutir-padroes-de-seguranca-na-mineracao\/\" style=\"color:blue; text-decoration:underline\"><span style=\"font-size:14.0pt\">Brasil cria entidade com apoio da ONU para discutir padr&otilde;es de seguran&ccedil;a na minera&ccedil;&atilde;o<\/span><\/a><\/span><\/span><\/span><\/p>\r\n\r\n<p class=\"MsoTitle\" style=\"text-align:justify\"><span style=\"font-size:28pt\"><span style=\"font-family:&quot;Cambria&quot;,serif\"><span style=\"letter-spacing:-0.5pt\"><b><span style=\"font-size:18.0pt\"><span style=\"font-family:&quot;Calibri&quot;,sans-serif\"><span style=\"font-variant:small-caps\">Sustentabilidade<\/span><\/span><\/span><\/b><\/span><\/span><\/span><\/p>\r\n\r\n<p style=\"text-align:justify\"><span style=\"font-size:11pt\"><span style=\"line-height:normal\"><span style=\"font-family:&quot;Calibri&quot;,sans-serif\"><a href=\"https:\/\/sitefiespstorage.blob.core.windows.net\/uploads\/2023\/02\/file-20230216133128-guia-asg-01.pdf\" style=\"color:blue; text-decoration:underline\"><span style=\"font-size:14.0pt\">FIESP | Guia de Cr&eacute;dito ASG (Ambiental, Social e Governan&ccedil;a)<\/span><\/a><\/span><\/span><\/span><\/p>\r\n\r\n<p style=\"text-align:justify\"><span style=\"font-size:11pt\"><span style=\"line-height:normal\"><span style=\"font-family:&quot;Calibri&quot;,sans-serif\"><a href=\"https:\/\/sitefiespstorage.blob.core.windows.net\/uploads\/2023\/02\/file-20230214143355-informe151-fev2023.pdf\" style=\"color:blue; text-decoration:underline\"><span style=\"font-size:14.0pt\">FIESP | Informe Ambiental &ndash; Fevereiro\/2023<\/span><\/a><\/span><\/span><\/span><\/p>\r\n\r\n<p style=\"text-align:justify\"><span style=\"font-size:11pt\"><span style=\"line-height:normal\"><span style=\"font-family:&quot;Calibri&quot;,sans-serif\"><a href=\"https:\/\/www.meiofiltrante.com.br\/Noticia\/110536\/descarte-consciente-abrafiltros-amplia-metas-de-coleta-e-abrangencia-geografica-no-estado-de-sao-paulo-\" style=\"color:blue; text-decoration:underline\"><span style=\"font-size:14.0pt\">Descarte Consciente Abrafiltros amplia metas de coleta e abrang&ecirc;ncia geogr&aacute;fica no Estado de S&atilde;o Paulo<\/span><\/a><\/span><\/span><\/span><\/p>\r\n\r\n<p style=\"text-align:justify\"><span style=\"font-size:11pt\"><span style=\"line-height:normal\"><span style=\"font-family:&quot;Calibri&quot;,sans-serif\"><a href=\"https:\/\/www.meiofiltrante.com.br\/Noticia\/110538\/geracao-de-residuos-no-mundo-vai-aumentar-pelo-menos-70-ate-2050\" style=\"color:blue; text-decoration:underline\"><span style=\"font-size:14.0pt\">Gera&ccedil;&atilde;o de res&iacute;duos no mundo vai aumentar pelo menos 70% at&eacute; 2050<\/span><\/a><\/span><\/span><\/span><\/p>\r\n\r\n<p style=\"text-align:justify\"><span style=\"font-size:11pt\"><span style=\"line-height:normal\"><span style=\"font-family:&quot;Calibri&quot;,sans-serif\"><a href=\"https:\/\/grandesconstrucoes.com.br\/Noticias\/Exibir\/construcao-civil-ainda-responde-por-38-das-emissoes-de-dioxido-de-carbono?utm_source=akna&amp;utm_medium=email&amp;utm_campaign=Grandes-Construcoes-Informativo-849-16-02-2023&amp;utm_source=akna&amp;utm_medium=email&amp;utm_campaign=Grandes-Construcoes-Informativo-849-16-02-2023\" style=\"color:blue; text-decoration:underline\"><span style=\"font-size:14.0pt\">Constru&ccedil;&atilde;o civil ainda responde por 38% das emiss&otilde;es de di&oacute;xido de carbono<\/span><\/a><\/span><\/span><\/span><\/p>\r\n\r\n<p style=\"text-align:justify\"><span style=\"font-size:11pt\"><span style=\"line-height:normal\"><span style=\"font-family:&quot;Calibri&quot;,sans-serif\"><a href=\"https:\/\/www.textiletechnology.net\/technology\/news\/university-of-toronto-coating-prevents-shedding-of-microplastics-in-the-wash-33489?utm_source=%2Fmeta%2Fnewsletter%2Fnewsletter&amp;utm_medium=newsletter&amp;utm_campaign=nl1124&amp;utm_term=0801b20e08c3242125d512808cd74302\" style=\"color:blue; text-decoration:underline\"><span style=\"font-size:14.0pt\">Coating prevents shedding of microplastics during washing<\/span><\/a><\/span><\/span><\/span><\/p>\r\n\r\n<p style=\"text-align:justify\"><span style=\"font-size:11pt\"><span style=\"line-height:normal\"><span style=\"font-family:&quot;Calibri&quot;,sans-serif\"><a href=\"https:\/\/www.textiletechnology.net\/fibers\/interview\/interview-with-dr.-paul-servin-xeros-waste-products-are-valuable-raw-materials-33553?utm_source=%2Fmeta%2Fnewsletter%2Fnewsletter&amp;utm_medium=newsletter&amp;utm_campaign=nl1127&amp;utm_term=0801b20e08c3242125d512808cd74302\" style=\"color:blue; text-decoration:underline\"><span style=\"font-size:14.0pt\">Valuable raw materials from waste<\/span><\/a><\/span><\/span><\/span><\/p>\r\n\r\n<p class=\"MsoTitle\" style=\"text-align:justify\"><span style=\"font-size:28pt\"><span style=\"font-family:&quot;Cambria&quot;,serif\"><span style=\"letter-spacing:-0.5pt\"><b><span style=\"font-size:18.0pt\"><span style=\"font-family:&quot;Calibri&quot;,sans-serif\"><span style=\"font-variant:small-caps\">Inova&ccedil;&atilde;o<\/span><\/span><\/span><\/b><\/span><\/span><\/span><\/p>\r\n\r\n<p style=\"text-align:justify\"><span style=\"font-size:11pt\"><span style=\"line-height:normal\"><span style=\"font-family:&quot;Calibri&quot;,sans-serif\"><span class=\"MsoHyperlink\" style=\"color:blue\"><span style=\"text-decoration:underline\"><span style=\"font-size:14.0pt\"><a href=\"https:\/\/grandesconstrucoes.com.br\/Noticias\/Exibir\/abnt-publica-primeira-norma-sobre-caracterizacao-de-grafeno\" style=\"color:blue; text-decoration:underline\">ABNT publica primeira norma sobre caracteriza&ccedil;&atilde;o de grafeno<\/a><\/span><\/span><\/span><\/span><\/span><\/span><\/p>\r\n\r\n<p style=\"text-align:justify\"><span style=\"font-size:11pt\"><span style=\"line-height:normal\"><span style=\"font-family:&quot;Calibri&quot;,sans-serif\"><a href=\"https:\/\/textileindustry.ning.com\/forum\/topics\/o-que-vamos-vestir-em-2030-novos-materiais-roupa-com-passaporte-e\" style=\"color:blue; text-decoration:underline\"><span style=\"font-size:14.0pt\">O que vamos vestir em 2030? Novos materiais, roupa com passaporte e muito Be@t na ind&uacute;stria t&ecirc;xtil<\/span><\/a><\/span><\/span><\/span><\/p>\r\n\r\n<p style=\"text-align:justify\"><span style=\"font-size:11pt\"><span style=\"line-height:normal\"><span style=\"font-family:&quot;Calibri&quot;,sans-serif\"><a href=\"https:\/\/textileindustry.ning.com\/forum\/topics\/senai-cetiqt-cases-de-inova-o-na-rea-t-xtil-e-a-tecnologia-1\" style=\"color:blue; text-decoration:underline\"><span style=\"font-size:14.0pt\">SENAI CETIQT: cases de inova&ccedil;&atilde;o na &aacute;rea t&ecirc;xtil e a tecnologia possibilitando a aplica&ccedil;&atilde;o em uma pluralidade de setores<\/span><\/a><\/span><\/span><\/span><\/p>\r\n\r\n<p class=\"MsoTitle\" style=\"text-align:justify\"><span style=\"font-size:28pt\"><span style=\"font-family:&quot;Cambria&quot;,serif\"><span style=\"letter-spacing:-0.5pt\"><b><span style=\"font-size:18.0pt\"><span style=\"font-family:&quot;Calibri&quot;,sans-serif\"><span style=\"font-variant:small-caps\">Com&eacute;rcio Exterior<\/span><\/span><\/span><\/b><\/span><\/span><\/span><\/p>\r\n\r\n<p style=\"text-align:justify\"><span style=\"font-size:11pt\"><span style=\"line-height:normal\"><span style=\"font-family:&quot;Calibri&quot;,sans-serif\"><a href=\"https:\/\/static.portaldaindustria.com.br\/media\/filer_public\/b0\/b0\/b0b00061-163c-4e63-8c64-d45579e3d7c3\/informepoliticacomercial_23_01_rts_in_2124-22_remessaexpressa.pdf\" style=\"color:blue; text-decoration:underline\"><span style=\"font-size:14.0pt\">Receita Federal publica instru&ccedil;&atilde;o normativa que atualiza o regime de remessas expressas<\/span><\/a><\/span><\/span><\/span><\/p>\r\n\r\n<p style=\"text-align:justify\"><span style=\"font-size:11pt\"><span style=\"line-height:normal\"><span style=\"font-family:&quot;Calibri&quot;,sans-serif\"><a href=\"https:\/\/grandesconstrucoes.com.br\/Noticias\/Exibir\/setor-portuario-tem-2-maior-movimentacao-da-historia-em-2022-revela-a-antaq\" style=\"color:blue; text-decoration:underline\"><span style=\"font-size:14.0pt\">Setor portu&aacute;rio tem 2&ordf; maior movimenta&ccedil;&atilde;o da hist&oacute;ria em 2022, revela a Antaq<\/span><\/a><\/span><\/span><\/span><\/p>\r\n\r\n<p class=\"MsoTitle\" style=\"text-align:justify\"><span style=\"font-size:28pt\"><span style=\"font-family:&quot;Cambria&quot;,serif\"><span style=\"letter-spacing:-0.5pt\"><b><span style=\"font-size:18.0pt\"><span style=\"font-family:&quot;Calibri&quot;,sans-serif\"><span style=\"font-variant:small-caps\">Economia<\/span><\/span><\/span><\/b><\/span><\/span><\/span><\/p>\r\n\r\n<p style=\"text-align:justify\"><span style=\"font-size:11pt\"><span style=\"line-height:normal\"><span style=\"font-family:&quot;Calibri&quot;,sans-serif\"><a href=\"https:\/\/www.bcb.gov.br\/content\/focus\/focus\/R20230210.pdf\" style=\"color:blue; text-decoration:underline\"><span style=\"font-size:14.0pt\">FOCUS &ndash; Relat&oacute;rio de Mercado<\/span><\/a><\/span><\/span><\/span><\/p>\r\n\r\n<p style=\"text-align:justify\"><span style=\"font-size:11pt\"><span style=\"line-height:normal\"><span style=\"font-family:&quot;Calibri&quot;,sans-serif\"><a href=\"https:\/\/noticias.portaldaindustria.com.br\/noticias\/economia\/atividade-industrial-recua-em-janeiro-com-queda-da-producao-e-do-emprego-mostra-cni\/\" style=\"color:blue; text-decoration:underline\"><span style=\"font-size:14.0pt\">Atividade industrial recua em janeiro com queda da produ&ccedil;&atilde;o e do emprego, mostra CNI<\/span><\/a><\/span><\/span><\/span><\/p>\r\n\r\n<p style=\"text-align:justify\"><span style=\"font-size:11pt\"><span style=\"line-height:normal\"><span style=\"font-family:&quot;Calibri&quot;,sans-serif\"><a href=\"https:\/\/noticias.portaldaindustria.com.br\/noticias\/economia\/industria-da-construcao-avanco-das-expectativas-e-da-intencao-de-investimento-em-fevereiro\/\" style=\"color:blue; text-decoration:underline\"><span style=\"font-size:14.0pt\">Ind&uacute;stria da constru&ccedil;&atilde;o: avan&ccedil;o das expectativas e da inten&ccedil;&atilde;o de investimento em fevereiro<\/span><\/a><\/span><\/span><\/span><\/p>\r\n\r\n<p style=\"text-align:justify\"><span style=\"font-size:11pt\"><span style=\"line-height:normal\"><span style=\"font-family:&quot;Calibri&quot;,sans-serif\"><a href=\"https:\/\/www.fibre2fashion.com\/news\/textile-news\/eu-economy-set-to-avoid-recession-headwinds-remain-strong-285783-newsdetails.htm\" style=\"color:blue; text-decoration:underline\"><span style=\"font-size:14.0pt\">EU economy set to avoid recession; headwinds remain strong<\/span><\/a><\/span><\/span><\/span><\/p>\r\n","6":"<p style=\"text-align:justify\"><span style=\"font-size:11pt\"><span style=\"line-height:normal\"><span style=\"font-family:&quot;Calibri&quot;,sans-serif\"><span style=\"font-size:14.0pt\">Esta &eacute; uma compila&ccedil;&atilde;o das not&iacute;cias mais relevantes para o setor, incluindo informa&ccedil;&otilde;es sobre acordos internacionais, economia brasileira, sustentabilidade e mat&eacute;rias primas, al&eacute;m de novidades do setor de N&atilde;otecidos e Tecidos T&eacute;cnicos.<\/span><\/span><\/span><\/span><\/p>\r\n\r\n<p class=\"MsoTitleCxSpMiddle\" style=\"text-align:justify\"><span style=\"font-size:28pt\"><span style=\"font-family:&quot;Cambria&quot;,serif\"><span style=\"letter-spacing:-0.5pt\"><b><span style=\"font-size:18.0pt\"><span style=\"font-family:&quot;Calibri&quot;,sans-serif\"><span style=\"font-variant:small-caps\">A&ccedil;&otilde;es da ABINT<\/span><\/span><\/span><\/b><\/span><\/span><\/span><\/p>\r\n\r\n<p class=\"MsoTitleCxSpLast\" style=\"text-align:justify\"><img height=\"415\" src=\"https:\/\/www.abint.org.br\/assets\/img\/editor\/premio-tcc-ic-2023-arte-5_20230307120730VKy9sAeMnh.png\" width=\"415\" \/><\/p>\r\n\r\n<p style=\"text-align:justify\"><span style=\"font-size:11pt\"><span style=\"line-height:normal\"><span style=\"font-family:&quot;Calibri&quot;,sans-serif\"><strong><span style=\"font-size:14.0pt\"><span style=\"font-family:&quot;Calibri&quot;,sans-serif\">O CTG ABINT e a IGS BRASIL <\/span><\/span><\/strong><span style=\"font-size:14.0pt\">convidam aqueles que desenvolveram trabalhos acad&ecirc;micos relacionados aos geossint&eacute;ticos a participarem&nbsp;de mais uma edi&ccedil;&atilde;o do Pr&ecirc;mio TCC\/IC.<\/span><\/span><\/span><\/span><\/p>\r\n\r\n<p style=\"text-align:justify\"><span style=\"font-size:11pt\"><span style=\"line-height:normal\"><span style=\"font-family:&quot;Calibri&quot;,sans-serif\"><a href=\"https:\/\/abint.us2.list-manage.com\/track\/click?u=88818ac6bf44316570fc1bc2f&amp;id=46b014bcf1&amp;e=626265ad22\" style=\"color:blue; text-decoration:underline\" target=\"_blank\"><span style=\"font-size:14.0pt\"><span style=\"color:blue\">Mais informa&ccedil;&otilde;es e inscri&ccedil;&otilde;es<\/span><\/span><\/a><\/span><\/span><\/span><\/p>\r\n\r\n<p style=\"text-align:justify\">&nbsp;<\/p>\r\n\r\n<p style=\"text-align:justify\"><img src=\"https:\/\/www.abint.org.br\/assets\/img\/editor\/itma-2023-abint-english-417x250_20230307120833aCqIBbm3mn.jpg\" \/><\/p>\r\n\r\n<p style=\"text-align:justify\"><span style=\"font-size:11pt\"><span style=\"line-height:normal\"><span style=\"font-family:&quot;Calibri&quot;,sans-serif\"><b><span style=\"font-size:14.0pt\">A ABINT apoia a ITMA 2023<\/span><\/b><\/span><\/span><\/span><\/p>\r\n\r\n<p style=\"text-align:justify\"><span style=\"font-size:14.0pt\"><span style=\"line-height:115%\"><span style=\"font-family:&quot;Calibri&quot;,sans-serif\">A 19&ordf; edi&ccedil;&atilde;o da maior exposi&ccedil;&atilde;o internacional de tecnologia t&ecirc;xtil e de vestu&aacute;rio do mundo acontecer&aacute; em Mil&atilde;o, It&aacute;lia, de 08 a 14 de junho de 2023. <\/span><\/span><\/span><span style=\"font-size:11.0pt\"><span style=\"line-height:115%\"><span style=\"font-family:&quot;Calibri&quot;,sans-serif\"><a href=\"https:\/\/itma.com\/\" style=\"color:blue; text-decoration:underline\"><span style=\"font-size:14.0pt\"><span style=\"line-height:115%\">Informa&ccedil;&otilde;es<\/span><\/span><\/a><\/span><\/span><\/span><\/p>\r\n\r\n<p style=\"text-align:justify\">&nbsp;<\/p>\r\n\r\n<p style=\"text-align:justify\"><span style=\"font-size:11pt\"><span style=\"line-height:normal\"><span style=\"font-family:&quot;Calibri&quot;,sans-serif\"><b><span style=\"font-size:18.0pt\"><span style=\"font-variant:small-caps\">Eventos<\/span><\/span><\/b><\/span><\/span><\/span><\/p>\r\n\r\n<p style=\"text-align:justify\"><span style=\"font-size:11pt\"><span style=\"line-height:normal\"><span style=\"font-family:&quot;Calibri&quot;,sans-serif\"><span class=\"MsoHyperlink\" style=\"color:blue\"><span style=\"text-decoration:underline\"><b><span style=\"font-size:14.0pt\"><span style=\"text-decoration:none\"><span style=\"text-underline:none\">Curso ABNT | Simbologia de cuidados aplicada a Etiquetagem de T&ecirc;xteis - ABNT NBR NM ISO 3758<\/span><\/span><\/span><\/b><\/span><\/span><span class=\"MsoHyperlink\" style=\"color:blue\"><span style=\"text-decoration:underline\"><span style=\"font-size:14.0pt\"><span style=\"text-decoration:none\"><span style=\"text-underline:none\">, online, 27 e 28 de fevereiro de 2023. <\/span><\/span><\/span><\/span><\/span><a href=\"https:\/\/www.abntcatalogo.com.br\/pcs.aspx?Q=ZlgyeVVtT2FtUjc1WUpTQ0RpanB2VnVDblNMYnFKNVA=\" style=\"color:blue; text-decoration:underline\"><span style=\"font-size:14.0pt\">Informa&ccedil;&otilde;es<\/span><\/a><\/span><\/span><\/span><\/p>\r\n\r\n<p style=\"text-align:justify\"><span style=\"font-size:11pt\"><span style=\"line-height:normal\"><span style=\"font-family:&quot;Calibri&quot;,sans-serif\"><span class=\"MsoHyperlink\" style=\"color:blue\"><span style=\"text-decoration:underline\"><b><span style=\"font-size:14.0pt\"><span style=\"text-decoration:none\"><span style=\"text-underline:none\">8&ordm; Encuentro Alianza Latinoamericana Anticontrabando (ALAC)<\/span><\/span><\/span><\/b><\/span><\/span><span class=\"MsoHyperlink\" style=\"color:blue\"><span style=\"text-decoration:underline\"><span style=\"font-size:14.0pt\"><span style=\"text-decoration:none\"><span style=\"text-underline:none\">, 1 e 2 de mar&ccedil;o de 2023, Bogot&aacute;, Col&ocirc;mbia. <\/span><\/span><\/span><\/span><\/span><a href=\"https:\/\/www.andi.com.co\/Home\/Evento\/72-8-encuentro-de-la-alianza-latinoamericana\" style=\"color:blue; text-decoration:underline\"><span style=\"font-size:14.0pt\">Informa&ccedil;&otilde;es<\/span><\/a><\/span><\/span><\/span><\/p>\r\n\r\n<p style=\"text-align:justify\"><span style=\"font-size:11pt\"><span style=\"line-height:normal\"><span style=\"font-family:&quot;Calibri&quot;,sans-serif\"><span class=\"MsoHyperlink\" style=\"color:blue\"><span style=\"text-decoration:underline\"><b><span style=\"font-size:14.0pt\"><span style=\"text-decoration:none\"><span style=\"text-underline:none\">46&ordf; FIMEC<\/span><\/span><\/span><\/b><\/span><\/span><span class=\"MsoHyperlink\" style=\"color:blue\"><span style=\"text-decoration:underline\"><span style=\"font-size:14.0pt\"><span style=\"text-decoration:none\"><span style=\"text-underline:none\"> <b>| Feira Internacional de Couros, Produtos Qu&iacute;micos, Componentes, M&aacute;quinas e Equipamentos para Cal&ccedil;ados e Curtumes<\/b>, 07 a 09 de mar&ccedil;o de 2023, FENAC, Novo Hamburgo, Rio Grande do Sul. <\/span><\/span><\/span><\/span><\/span><a href=\"https:\/\/www.fimec.com.br\/pt-br\/home\" style=\"color:blue; text-decoration:underline\"><span style=\"font-size:14.0pt\">Informa&ccedil;&otilde;es<\/span><\/a> <\/span><\/span><\/span><\/p>\r\n\r\n<p style=\"text-align:justify\"><span style=\"font-size:11pt\"><span style=\"line-height:normal\"><span style=\"font-family:&quot;Calibri&quot;,sans-serif\"><span class=\"MsoHyperlink\" style=\"color:blue\"><span style=\"text-decoration:underline\"><b><span style=\"font-size:14.0pt\"><span style=\"text-decoration:none\"><span style=\"text-underline:none\">Workshop Abit | Relativiza&ccedil;&atilde;o da coisa julgada em mat&eacute;ria tribut&aacute;ria e seus impactos<\/span><\/span><\/span><\/b><\/span><\/span><span class=\"MsoHyperlink\" style=\"color:blue\"><span style=\"text-decoration:underline\"><span style=\"font-size:14.0pt\"><span style=\"text-decoration:none\"><span style=\"text-underline:none\">, 08 de mar&ccedil;o de 2023, 09h30, evento virtual. <\/span><\/span><\/span><\/span><\/span><a href=\"https:\/\/app.rdstation.email\/mail\/0c7ccc29-6faa-4098-a774-c3466c4e858f?utm_campaign=convite_workshop_decisao_stf&amp;utm_medium=email&amp;utm_source=RD+Station\" style=\"color:blue; text-decoration:underline\"><span style=\"font-size:14.0pt\">Informa&ccedil;&otilde;es<\/span><\/a> <\/span><\/span><\/span><\/p>\r\n\r\n<p style=\"text-align:justify\"><span style=\"font-size:11pt\"><span style=\"line-height:normal\"><span style=\"font-family:&quot;Calibri&quot;,sans-serif\"><span class=\"MsoHyperlink\" style=\"color:blue\"><span style=\"text-decoration:underline\"><b><span style=\"font-size:14.0pt\"><span style=\"text-decoration:none\"><span style=\"text-underline:none\">FIESP | Perspectivas para o setor da sa&uacute;de no estado de S&atilde;o Paulo<\/span><\/span><\/span><\/b><\/span><\/span><span class=\"MsoHyperlink\" style=\"color:blue\"><span style=\"text-decoration:underline\"><span style=\"font-size:14.0pt\"><span style=\"text-decoration:none\"><span style=\"text-underline:none\">, 15 de mar&ccedil;o de 2023, 09h30, evento presencial. <\/span><\/span><\/span><\/span><\/span><a href=\"http:\/\/emkt.fiesp.ind.br\/emkt\/tracer\/?1,7328038,460d08b8,52d9\" style=\"color:blue; text-decoration:underline\"><span style=\"font-size:14.0pt\">Informa&ccedil;&otilde;es<\/span><\/a> <\/span><\/span><\/span><\/p>\r\n\r\n<p style=\"text-align:justify\"><span style=\"font-size:11pt\"><span style=\"line-height:normal\"><span style=\"font-family:&quot;Calibri&quot;,sans-serif\"><span class=\"MsoHyperlink\" style=\"color:blue\"><span style=\"text-decoration:underline\"><b><span style=\"font-size:14.0pt\"><span style=\"text-decoration:none\"><span style=\"text-underline:none\">Workshop Abit | eSocial<\/span><\/span><\/span><\/b><\/span><\/span><span class=\"MsoHyperlink\" style=\"color:blue\"><span style=\"text-decoration:underline\"><span style=\"font-size:14.0pt\"><span style=\"text-decoration:none\"><span style=\"text-underline:none\">, 21 de mar&ccedil;o de 2023, 09h30, evento virtual. <\/span><\/span><\/span><\/span><\/span><a href=\"https:\/\/app.rdstation.email\/mail\/23861949-a748-49d9-8c94-7f0a684a3329?utm_campaign=convite_workshop_esocial&amp;utm_medium=email&amp;utm_source=RD+Station\" style=\"color:blue; text-decoration:underline\"><span style=\"font-size:14.0pt\">Informa&ccedil;&otilde;es<\/span><\/a> <\/span><\/span><\/span><\/p>\r\n\r\n<p style=\"text-align:justify\"><span style=\"font-size:11pt\"><span style=\"line-height:normal\"><span style=\"font-family:&quot;Calibri&quot;,sans-serif\"><span class=\"MsoHyperlink\" style=\"color:blue\"><span style=\"text-decoration:underline\"><b><span style=\"font-size:14.0pt\"><span style=\"text-decoration:none\"><span style=\"text-underline:none\">INDA Webinars | New Chemical Regulations &amp; PFAS Impacts to Your Business<\/span><\/span><\/span><\/b><\/span><\/span><span class=\"MsoHyperlink\" style=\"color:blue\"><span style=\"text-decoration:underline\"><span style=\"font-size:14.0pt\"><span style=\"text-decoration:none\"><span style=\"text-underline:none\">, February 22nd, 11 am ET. <\/span><\/span><\/span><\/span><\/span><a href=\"https:\/\/www.inda.org\/inda-webinars\/\" style=\"color:blue; text-decoration:underline\"><span style=\"font-size:14.0pt\">Informa&ccedil;&otilde;es<\/span><\/a> <\/span><\/span><\/span><\/p>\r\n\r\n<p style=\"text-align:justify\"><span style=\"font-size:11pt\"><span style=\"line-height:normal\"><span style=\"font-family:&quot;Calibri&quot;,sans-serif\"><span class=\"MsoHyperlink\" style=\"color:blue\"><span style=\"text-decoration:underline\"><b><span style=\"font-size:14.0pt\"><span style=\"text-decoration:none\"><span style=\"text-underline:none\">AESabesp | ESG &ndash; Teoria e Pr&aacute;tica no Setor de Saneamento<\/span><\/span><\/span><\/b><\/span><\/span><span class=\"MsoHyperlink\" style=\"color:blue\"><span style=\"text-decoration:underline\"><span style=\"font-size:14.0pt\"><span style=\"text-decoration:none\"><span style=\"text-underline:none\">, 27 de mar&ccedil;o de 2023. <\/span><\/span><\/span><\/span><\/span><a href=\"https:\/\/www.aesabesp.org.br\/events\/esg-teoria-e-pratica-no-setor-de-saneamento-turma-03\/\" style=\"color:blue; text-decoration:underline\"><span style=\"font-size:14.0pt\">Informa&ccedil;&otilde;es<\/span><\/a> <\/span><\/span><\/span><\/p>\r\n\r\n<p style=\"text-align:justify\"><span style=\"font-size:11pt\"><span style=\"line-height:normal\"><span style=\"font-family:&quot;Calibri&quot;,sans-serif\"><b><span style=\"font-size:14.0pt\">Pl&aacute;stico Brasil &ndash; Feira Internacional do Pl&aacute;stico<\/span><\/b><span style=\"font-size:14.0pt\">, 27 a 31 de mar&ccedil;o de 2023, S&atilde;o Paulo Expo. <\/span><a href=\"https:\/\/www.plasticobrasil.com.br\/pt\/home.html\" style=\"color:blue; text-decoration:underline\"><span style=\"font-size:14.0pt\">Informa&ccedil;&otilde;es<\/span><\/a><\/span><\/span><\/span><\/p>\r\n\r\n<p style=\"text-align:justify\"><span style=\"font-size:11pt\"><span style=\"line-height:normal\"><span style=\"font-family:&quot;Calibri&quot;,sans-serif\"><span class=\"MsoHyperlink\" style=\"color:blue\"><span style=\"text-decoration:underline\"><b><span style=\"font-size:14.0pt\"><span style=\"text-decoration:none\"><span style=\"text-underline:none\">NasceCME | Dia Internacional da Ci&ecirc;ncia da Esteriliza&ccedil;&atilde;o &ndash; Equipes t&eacute;cnicas qualificadas e as interfaces com processos e pr&aacute;ticas seguras<\/span><\/span><\/span><\/b><\/span><\/span><span class=\"MsoHyperlink\" style=\"color:blue\"><span style=\"text-decoration:underline\"><span style=\"font-size:14.0pt\"><span style=\"text-decoration:none\"><span style=\"text-underline:none\">, 14 e 15 de abril de 2023, Golden Tulip, S&atilde;o Jos&eacute; dos Campos. <\/span><\/span><\/span><\/span><\/span><a href=\"https:\/\/www.sympla.com.br\/evento\/dia-internacional-da-ciencia-da-esterilizacao\/1866685?_gl=1*103ko68*_ga*MTk0NjU1Njc3Ni4xNjc1MTc5Mzkz*_ga_KXH10SQTZF*MTY3NTg3MzM2NS45LjEuMTY3NTg3MzQ0My4wLjAuMA..\" style=\"color:blue; text-decoration:underline\"><span style=\"font-size:14.0pt\">Informa&ccedil;&otilde;es<\/span><\/a> <\/span><\/span><\/span><\/p>\r\n\r\n<p style=\"text-align:justify\"><span style=\"font-size:11pt\"><span style=\"line-height:normal\"><span style=\"font-family:&quot;Calibri&quot;,sans-serif\"><span class=\"MsoHyperlink\" style=\"color:blue\"><span style=\"text-decoration:underline\"><b><span style=\"font-size:14.0pt\"><span style=\"text-decoration:none\"><span style=\"text-underline:none\">INDEX 2023<\/span><\/span><\/span><\/b><\/span><\/span><span class=\"MsoHyperlink\" style=\"color:blue\"><span style=\"text-decoration:underline\"><span style=\"font-size:14.0pt\"><span style=\"text-decoration:none\"><span style=\"text-underline:none\">, 18 a 21 de abril, Palexpo, Genebra, Su&iacute;&ccedil;a. <\/span><\/span><\/span><\/span><\/span><a href=\"https:\/\/www.indexnonwovens.com\/en\/\" style=\"color:blue; text-decoration:underline\"><span style=\"font-size:14.0pt\">Informa&ccedil;&otilde;es<\/span><\/a><\/span><\/span><\/span><\/p>\r\n\r\n<p style=\"text-align:justify\"><span style=\"font-size:11pt\"><span style=\"line-height:normal\"><span style=\"font-family:&quot;Calibri&quot;,sans-serif\"><span class=\"MsoHyperlink\" style=\"color:blue\"><span style=\"text-decoration:underline\"><b><span style=\"font-size:14.0pt\"><span style=\"text-decoration:none\"><span style=\"text-underline:none\">SENAI CETIQT | Programa de Desenvolvimento Setorial T&ecirc;xtil<\/span><\/span><\/span><\/b><\/span><\/span><span class=\"MsoHyperlink\" style=\"color:blue\"><span style=\"text-decoration:underline\"><span style=\"font-size:14.0pt\"><span style=\"text-decoration:none\"><span style=\"text-underline:none\">, acesse <\/span><\/span><\/span><\/span><\/span><a href=\"https:\/\/materiais.senaicetiqt.com\/lp_programa-de-desenvolvimento-setorial?utm_campaign=senai_cetiqt_e_abit__pds_textil__2_envio&amp;utm_medium=email&amp;utm_source=RD+Station\" style=\"color:blue; text-decoration:underline\"><span style=\"font-size:14.0pt\">aqui<\/span><\/a><span class=\"MsoHyperlink\" style=\"color:blue\"><span style=\"text-decoration:underline\"><span style=\"font-size:14.0pt\"><span style=\"text-decoration:none\"><span style=\"text-underline:none\"> para mais informa&ccedil;&otilde;es<\/span><\/span><\/span><\/span><\/span><\/span><\/span><\/span><\/p>\r\n\r\n<p style=\"text-align:justify\"><span style=\"font-size:11pt\"><span style=\"line-height:normal\"><span style=\"font-family:&quot;Calibri&quot;,sans-serif\"><a href=\"https:\/\/www.magnetmail.net\/actions\/email_web_version.cfm?ep=nY1qAgSybIYAtXkUlomjGTvozlxP9uwHcN55F0MkytH2RClGE8usJiNt1Arjq6T9h3o4FMnFZvw194A5gVh0cidsrPTck3kKnIiEDOLIT1krQCou4boq3j9g-8jm_6Vc\" style=\"color:blue; text-decoration:underline\"><span style=\"font-size:14.0pt\">INDA | 2023 Calendar of Events<\/span><\/a><\/span><\/span><\/span><\/p>\r\n\r\n<p class=\"MsoTitle\" style=\"text-align:justify\"><span style=\"font-size:28pt\"><span style=\"font-family:&quot;Cambria&quot;,serif\"><span style=\"letter-spacing:-0.5pt\"><b><span style=\"font-size:18.0pt\"><span style=\"font-family:&quot;Calibri&quot;,sans-serif\"><span style=\"font-variant:small-caps\">Setor<\/span><\/span><\/span><\/b><\/span><\/span><\/span><\/p>\r\n\r\n<p style=\"text-align:justify\"><span style=\"font-size:11pt\"><span style=\"line-height:normal\"><span style=\"font-family:&quot;Calibri&quot;,sans-serif\"><a href=\"https:\/\/www.laclave.com.py\/2023\/02\/21\/multinacional-producira-1-200-toneladas-de-fibra-sintetica-al-ano\/\" style=\"color:blue; text-decoration:underline\"><span style=\"font-size:14.0pt\">Multinacional producir&aacute; 1.200 toneladas de fibra sint&eacute;tica al a&ntilde;o<\/span><\/a><\/span><\/span><\/span><\/p>\r\n\r\n<p style=\"text-align:justify\"><span style=\"font-size:11pt\"><span style=\"line-height:normal\"><span style=\"font-family:&quot;Calibri&quot;,sans-serif\"><a href=\"https:\/\/www.textiletechnology.net\/fibers\/news\/nova-institute-bio-based-polymers-grow-at-a-cagr-of-14-2022-2027-33533?utm_source=%2Fmeta%2Fnewsletter%2Fnewsletter&amp;utm_medium=newsletter&amp;utm_campaign=nl1124&amp;utm_term=0801b20e08c3242125d512808cd74302\" style=\"color:blue; text-decoration:underline\"><span style=\"font-size:14.0pt\">Bio-based polymers grow at a CAGR of 14% 2022-2027<\/span><\/a><\/span><\/span><\/span><\/p>\r\n\r\n<p style=\"text-align:justify\"><span style=\"font-size:11pt\"><span style=\"line-height:normal\"><span style=\"font-family:&quot;Calibri&quot;,sans-serif\"><a href=\"https:\/\/portalc1.com.br\/geoformas-garantem-tratamento-adequado-do-lodo-gerado-pela-eta-ii-lagoa-da-serra\/\" style=\"color:blue; text-decoration:underline\"><span style=\"font-size:14.0pt\">Geoformas garantem tratamento adequado do lodo gerado pela ETA II Lagoa da Serra<\/span><\/a><\/span><\/span><\/span><\/p>\r\n\r\n<p style=\"text-align:justify\"><span style=\"font-size:11pt\"><span style=\"line-height:normal\"><span style=\"font-family:&quot;Calibri&quot;,sans-serif\"><a href=\"https:\/\/www.meiofiltrante.com.br\/Noticia\/110534\/registration-is-open-for-world-of-wipes-international-conference-2023\" style=\"color:blue; text-decoration:underline\"><span style=\"font-size:14.0pt\">Registration Is Open for World of Wipes&reg; International Conference 2023<\/span><\/a><\/span><\/span><\/span><\/p>\r\n\r\n<p style=\"text-align:justify\"><span style=\"font-size:11pt\"><span style=\"line-height:normal\"><span style=\"font-family:&quot;Calibri&quot;,sans-serif\"><a href=\"https:\/\/www.textiletechnology.net\/nonwovens\/news\/index23-navigating-challenges-in-the-nonwovens-industry-33540?utm_source=%2Fmeta%2Fnewsletter%2Fnewsletter&amp;utm_medium=newsletter&amp;utm_campaign=nl1125&amp;utm_term=0801b20e08c3242125d512808cd74302\" style=\"color:blue; text-decoration:underline\"><span style=\"font-size:14.0pt\">Index23 | Navigating challenges in the nonwovens industry<\/span><\/a><\/span><\/span><\/span><\/p>\r\n\r\n<p style=\"text-align:justify\"><span style=\"font-size:11pt\"><span style=\"line-height:normal\"><span style=\"font-family:&quot;Calibri&quot;,sans-serif\"><a href=\"https:\/\/www.textiletechnology.net\/nonwovens\/management\/inda-new-chief-market-and-industry-analyst-33522?utm_source=%2Fmeta%2Fnewsletter%2Fnewsletter&amp;utm_medium=newsletter&amp;utm_campaign=nl1125&amp;utm_term=0801b20e08c3242125d512808cd74302\" style=\"color:blue; text-decoration:underline\"><span style=\"font-size:14.0pt\">INDA | New Chief Market and Industry Analyst<\/span><\/a><\/span><\/span><\/span><\/p>\r\n\r\n<p style=\"text-align:justify\"><span style=\"font-size:11pt\"><span style=\"line-height:normal\"><span style=\"font-family:&quot;Calibri&quot;,sans-serif\"><a href=\"https:\/\/www.nonwovens-industry.com\/contents\/view_breaking-news\/2023-02-13\/price-hanna-releases-report-focuses-on-absorbent-hygiene-products\/\" style=\"color:blue; text-decoration:underline\"><span style=\"font-size:14.0pt\">Price Hanna Releases Report Focused on Absorbent Hygiene Products<\/span><\/a><\/span><\/span><\/span><\/p>\r\n\r\n<p style=\"text-align:justify\"><span style=\"font-size:11pt\"><span style=\"line-height:normal\"><span style=\"font-family:&quot;Calibri&quot;,sans-serif\"><a href=\"https:\/\/www.nonwovens-industry.com\/contents\/view_breaking-news\/2023-02-21\/berry-global-recognized-by-forbes-as-one-of-americas-best-large-employers\/15303\" style=\"color:blue; text-decoration:underline\"><span style=\"font-size:14.0pt\">Berry Global Recognized by Forbes as One of America&rsquo;s Best Large Employers<\/span><\/a><\/span><\/span><\/span><\/p>\r\n\r\n<p style=\"text-align:justify\"><span style=\"font-size:11pt\"><span style=\"line-height:normal\"><span style=\"font-family:&quot;Calibri&quot;,sans-serif\"><a href=\"https:\/\/www.nonwovens-industry.com\/contents\/view_breaking-news\/2023-02-16\/freudenberg-performnance-materials-launches-evolon-esd\/\" style=\"color:blue; text-decoration:underline\"><span style=\"font-size:14.0pt\">Freudenberg Performance Materials Launches Evolon ESD<\/span><\/a><\/span><\/span><\/span><\/p>\r\n\r\n<p style=\"text-align:justify\"><span style=\"font-size:11pt\"><span style=\"line-height:normal\"><span style=\"font-family:&quot;Calibri&quot;,sans-serif\"><a href=\"https:\/\/www.textiletechnology.net\/technical-textiles\/news\/freudenberg-pm-solutions-for-lightweight-composites-33564?utm_source=%2Fmeta%2Fnewsletter%2Fnewsletter&amp;utm_medium=newsletter&amp;utm_campaign=nl1143&amp;utm_term=0801b20e08c3242125d512808cd74302\" style=\"color:blue; text-decoration:underline\"><span style=\"font-size:14.0pt\">Freudenberg PM Technologies for producing composites at JEC<\/span><\/a><\/span><\/span><\/span><\/p>\r\n\r\n<p style=\"text-align:justify\"><span style=\"font-size:11pt\"><span style=\"line-height:normal\"><span style=\"font-family:&quot;Calibri&quot;,sans-serif\"><a href=\"https:\/\/www.textiletechnology.net\/nonwovens\/news\/suominen-lower-ebita-despite-sales-growth-33503?utm_source=%2Fmeta%2Fnewsletter%2Fnewsletter&amp;utm_medium=newsletter&amp;utm_campaign=nl1125&amp;utm_term=0801b20e08c3242125d512808cd74302\" style=\"color:blue; text-decoration:underline\"><span style=\"font-size:14.0pt\">Suominen Sales growth but less profit<\/span><\/a><\/span><\/span><\/span><\/p>\r\n\r\n<p class=\"MsoTitle\" style=\"text-align:justify\"><span style=\"font-size:28pt\"><span style=\"font-family:&quot;Cambria&quot;,serif\"><span style=\"letter-spacing:-0.5pt\"><b><span style=\"font-size:18.0pt\"><span style=\"font-family:&quot;Calibri&quot;,sans-serif\"><span style=\"font-variant:small-caps\">Ind&uacute;stria<\/span><\/span><\/span><\/b><\/span><\/span><\/span><\/p>\r\n\r\n<p style=\"text-align:justify\"><span style=\"font-size:11pt\"><span style=\"line-height:normal\"><span style=\"font-family:&quot;Calibri&quot;,sans-serif\"><a href=\"https:\/\/www.balcaoautomotivo.com\/2023\/02\/17\/producao-de-veiculos-cresce-5-em-janeiro-e-129-em-unidades-emplacadas\/\" style=\"color:blue; text-decoration:underline\"><span style=\"font-size:14.0pt\">Produ&ccedil;&atilde;o de ve&iacute;culos cresce 5% em janeiro e 12,9% em unidades emplacadas<\/span><\/a><\/span><\/span><\/span><\/p>\r\n\r\n<p style=\"text-align:justify\"><span style=\"font-size:11pt\"><span style=\"line-height:normal\"><span style=\"font-family:&quot;Calibri&quot;,sans-serif\"><a href=\"https:\/\/grandesconstrucoes.com.br\/Noticias\/Exibir\/indice-abramat-preve-leve-crescimento-para-este-ano\" style=\"color:blue; text-decoration:underline\"><span style=\"font-size:14.0pt\">&Iacute;ndice Abramat prev&ecirc; leve crescimento para este ano<\/span><\/a><\/span><\/span><\/span><\/p>\r\n\r\n<p style=\"text-align:justify\"><span style=\"font-size:11pt\"><span style=\"line-height:normal\"><span style=\"font-family:&quot;Calibri&quot;,sans-serif\"><a href=\"https:\/\/noticias.portaldaindustria.com.br\/posicionamentos\/decisao-do-stf-sobre-coisa-julgada-em-materia-tributaria-gera-inseguranca-juridica-diz-cni\/\" style=\"color:blue; text-decoration:underline\"><span style=\"font-size:14.0pt\">Decis&atilde;o do STF sobre coisa julgada em mat&eacute;ria tribut&aacute;ria gera inseguran&ccedil;a jur&iacute;dica, diz CNI<\/span><\/a><\/span><\/span><\/span><\/p>\r\n\r\n<p style=\"text-align:justify\"><span style=\"font-size:11pt\"><span style=\"line-height:normal\"><span style=\"font-family:&quot;Calibri&quot;,sans-serif\"><a href=\"https:\/\/abrava.com.br\/wp-content\/uploads\/2023\/02\/Boletim-economico-fev-2023.pdf\" style=\"color:blue; text-decoration:underline\"><span style=\"font-size:14.0pt\">ABRAVA | Boletim Econ&ocirc;mico- Janeiro de 2023<\/span><\/a><\/span><\/span><\/span><\/p>\r\n\r\n<p style=\"text-align:justify\"><span style=\"font-size:11pt\"><span style=\"line-height:normal\"><span style=\"font-family:&quot;Calibri&quot;,sans-serif\"><a href=\"https:\/\/grandesconstrucoes.com.br\/Noticias\/Exibir\/energia-renovavel-alcanca-marca-de-92-de-toda-energia-eletrica-produzida-no-brasil?utm_source=akna&amp;utm_medium=email&amp;utm_campaign=Grandes-Construcoes-Informativo-849-16-02-2023&amp;utm_source=akna&amp;utm_medium=email&amp;utm_campaign=Grandes-Construcoes-Informativo-849-16-02-2023\" style=\"color:blue; text-decoration:underline\"><span style=\"font-size:14.0pt\">Energia renov&aacute;vel alcan&ccedil;a marca de 92% de toda energia el&eacute;trica produzida no Brasil<\/span><\/a><\/span><\/span><\/span><\/p>\r\n\r\n<p style=\"text-align:justify\"><span style=\"font-size:11pt\"><span style=\"line-height:normal\"><span style=\"font-family:&quot;Calibri&quot;,sans-serif\"><a href=\"https:\/\/www.saneasonline.com.br\/noticias\/brasil-cria-entidade-com-apoio-da-onu-para-discutir-padroes-de-seguranca-na-mineracao\/\" style=\"color:blue; text-decoration:underline\"><span style=\"font-size:14.0pt\">Brasil cria entidade com apoio da ONU para discutir padr&otilde;es de seguran&ccedil;a na minera&ccedil;&atilde;o<\/span><\/a><\/span><\/span><\/span><\/p>\r\n\r\n<p class=\"MsoTitle\" style=\"text-align:justify\"><span style=\"font-size:28pt\"><span style=\"font-family:&quot;Cambria&quot;,serif\"><span style=\"letter-spacing:-0.5pt\"><b><span style=\"font-size:18.0pt\"><span style=\"font-family:&quot;Calibri&quot;,sans-serif\"><span style=\"font-variant:small-caps\">Sustentabilidade<\/span><\/span><\/span><\/b><\/span><\/span><\/span><\/p>\r\n\r\n<p style=\"text-align:justify\"><span style=\"font-size:11pt\"><span style=\"line-height:normal\"><span style=\"font-family:&quot;Calibri&quot;,sans-serif\"><a href=\"https:\/\/sitefiespstorage.blob.core.windows.net\/uploads\/2023\/02\/file-20230216133128-guia-asg-01.pdf\" style=\"color:blue; text-decoration:underline\"><span style=\"font-size:14.0pt\">FIESP | Guia de Cr&eacute;dito ASG (Ambiental, Social e Governan&ccedil;a)<\/span><\/a><\/span><\/span><\/span><\/p>\r\n\r\n<p style=\"text-align:justify\"><span style=\"font-size:11pt\"><span style=\"line-height:normal\"><span style=\"font-family:&quot;Calibri&quot;,sans-serif\"><a href=\"https:\/\/sitefiespstorage.blob.core.windows.net\/uploads\/2023\/02\/file-20230214143355-informe151-fev2023.pdf\" style=\"color:blue; text-decoration:underline\"><span style=\"font-size:14.0pt\">FIESP | Informe Ambiental &ndash; Fevereiro\/2023<\/span><\/a><\/span><\/span><\/span><\/p>\r\n\r\n<p style=\"text-align:justify\"><span style=\"font-size:11pt\"><span style=\"line-height:normal\"><span style=\"font-family:&quot;Calibri&quot;,sans-serif\"><a href=\"https:\/\/www.meiofiltrante.com.br\/Noticia\/110536\/descarte-consciente-abrafiltros-amplia-metas-de-coleta-e-abrangencia-geografica-no-estado-de-sao-paulo-\" style=\"color:blue; text-decoration:underline\"><span style=\"font-size:14.0pt\">Descarte Consciente Abrafiltros amplia metas de coleta e abrang&ecirc;ncia geogr&aacute;fica no Estado de S&atilde;o Paulo<\/span><\/a><\/span><\/span><\/span><\/p>\r\n\r\n<p style=\"text-align:justify\"><span style=\"font-size:11pt\"><span style=\"line-height:normal\"><span style=\"font-family:&quot;Calibri&quot;,sans-serif\"><a href=\"https:\/\/www.meiofiltrante.com.br\/Noticia\/110538\/geracao-de-residuos-no-mundo-vai-aumentar-pelo-menos-70-ate-2050\" style=\"color:blue; text-decoration:underline\"><span style=\"font-size:14.0pt\">Gera&ccedil;&atilde;o de res&iacute;duos no mundo vai aumentar pelo menos 70% at&eacute; 2050<\/span><\/a><\/span><\/span><\/span><\/p>\r\n\r\n<p style=\"text-align:justify\"><span style=\"font-size:11pt\"><span style=\"line-height:normal\"><span style=\"font-family:&quot;Calibri&quot;,sans-serif\"><a href=\"https:\/\/grandesconstrucoes.com.br\/Noticias\/Exibir\/construcao-civil-ainda-responde-por-38-das-emissoes-de-dioxido-de-carbono?utm_source=akna&amp;utm_medium=email&amp;utm_campaign=Grandes-Construcoes-Informativo-849-16-02-2023&amp;utm_source=akna&amp;utm_medium=email&amp;utm_campaign=Grandes-Construcoes-Informativo-849-16-02-2023\" style=\"color:blue; text-decoration:underline\"><span style=\"font-size:14.0pt\">Constru&ccedil;&atilde;o civil ainda responde por 38% das emiss&otilde;es de di&oacute;xido de carbono<\/span><\/a><\/span><\/span><\/span><\/p>\r\n\r\n<p style=\"text-align:justify\"><span style=\"font-size:11pt\"><span style=\"line-height:normal\"><span style=\"font-family:&quot;Calibri&quot;,sans-serif\"><a href=\"https:\/\/www.textiletechnology.net\/technology\/news\/university-of-toronto-coating-prevents-shedding-of-microplastics-in-the-wash-33489?utm_source=%2Fmeta%2Fnewsletter%2Fnewsletter&amp;utm_medium=newsletter&amp;utm_campaign=nl1124&amp;utm_term=0801b20e08c3242125d512808cd74302\" style=\"color:blue; text-decoration:underline\"><span style=\"font-size:14.0pt\">Coating prevents shedding of microplastics during washing<\/span><\/a><\/span><\/span><\/span><\/p>\r\n\r\n<p style=\"text-align:justify\"><span style=\"font-size:11pt\"><span style=\"line-height:normal\"><span style=\"font-family:&quot;Calibri&quot;,sans-serif\"><a href=\"https:\/\/www.textiletechnology.net\/fibers\/interview\/interview-with-dr.-paul-servin-xeros-waste-products-are-valuable-raw-materials-33553?utm_source=%2Fmeta%2Fnewsletter%2Fnewsletter&amp;utm_medium=newsletter&amp;utm_campaign=nl1127&amp;utm_term=0801b20e08c3242125d512808cd74302\" style=\"color:blue; text-decoration:underline\"><span style=\"font-size:14.0pt\">Valuable raw materials from waste<\/span><\/a><\/span><\/span><\/span><\/p>\r\n\r\n<p class=\"MsoTitle\" style=\"text-align:justify\"><span style=\"font-size:28pt\"><span style=\"font-family:&quot;Cambria&quot;,serif\"><span style=\"letter-spacing:-0.5pt\"><b><span style=\"font-size:18.0pt\"><span style=\"font-family:&quot;Calibri&quot;,sans-serif\"><span style=\"font-variant:small-caps\">Inova&ccedil;&atilde;o<\/span><\/span><\/span><\/b><\/span><\/span><\/span><\/p>\r\n\r\n<p style=\"text-align:justify\"><span style=\"font-size:11pt\"><span style=\"line-height:normal\"><span style=\"font-family:&quot;Calibri&quot;,sans-serif\"><span class=\"MsoHyperlink\" style=\"color:blue\"><span style=\"text-decoration:underline\"><span style=\"font-size:14.0pt\"><a href=\"https:\/\/grandesconstrucoes.com.br\/Noticias\/Exibir\/abnt-publica-primeira-norma-sobre-caracterizacao-de-grafeno\" style=\"color:blue; text-decoration:underline\">ABNT publica primeira norma sobre caracteriza&ccedil;&atilde;o de grafeno<\/a><\/span><\/span><\/span><\/span><\/span><\/span><\/p>\r\n\r\n<p style=\"text-align:justify\"><span style=\"font-size:11pt\"><span style=\"line-height:normal\"><span style=\"font-family:&quot;Calibri&quot;,sans-serif\"><a href=\"https:\/\/textileindustry.ning.com\/forum\/topics\/o-que-vamos-vestir-em-2030-novos-materiais-roupa-com-passaporte-e\" style=\"color:blue; text-decoration:underline\"><span style=\"font-size:14.0pt\">O que vamos vestir em 2030? Novos materiais, roupa com passaporte e muito Be@t na ind&uacute;stria t&ecirc;xtil<\/span><\/a><\/span><\/span><\/span><\/p>\r\n\r\n<p style=\"text-align:justify\"><span style=\"font-size:11pt\"><span style=\"line-height:normal\"><span style=\"font-family:&quot;Calibri&quot;,sans-serif\"><a href=\"https:\/\/textileindustry.ning.com\/forum\/topics\/senai-cetiqt-cases-de-inova-o-na-rea-t-xtil-e-a-tecnologia-1\" style=\"color:blue; text-decoration:underline\"><span style=\"font-size:14.0pt\">SENAI CETIQT: cases de inova&ccedil;&atilde;o na &aacute;rea t&ecirc;xtil e a tecnologia possibilitando a aplica&ccedil;&atilde;o em uma pluralidade de setores<\/span><\/a><\/span><\/span><\/span><\/p>\r\n\r\n<p class=\"MsoTitle\" style=\"text-align:justify\"><span style=\"font-size:28pt\"><span style=\"font-family:&quot;Cambria&quot;,serif\"><span style=\"letter-spacing:-0.5pt\"><b><span style=\"font-size:18.0pt\"><span style=\"font-family:&quot;Calibri&quot;,sans-serif\"><span style=\"font-variant:small-caps\">Com&eacute;rcio Exterior<\/span><\/span><\/span><\/b><\/span><\/span><\/span><\/p>\r\n\r\n<p style=\"text-align:justify\"><span style=\"font-size:11pt\"><span style=\"line-height:normal\"><span style=\"font-family:&quot;Calibri&quot;,sans-serif\"><a href=\"https:\/\/static.portaldaindustria.com.br\/media\/filer_public\/b0\/b0\/b0b00061-163c-4e63-8c64-d45579e3d7c3\/informepoliticacomercial_23_01_rts_in_2124-22_remessaexpressa.pdf\" style=\"color:blue; text-decoration:underline\"><span style=\"font-size:14.0pt\">Receita Federal publica instru&ccedil;&atilde;o normativa que atualiza o regime de remessas expressas<\/span><\/a><\/span><\/span><\/span><\/p>\r\n\r\n<p style=\"text-align:justify\"><span style=\"font-size:11pt\"><span style=\"line-height:normal\"><span style=\"font-family:&quot;Calibri&quot;,sans-serif\"><a href=\"https:\/\/grandesconstrucoes.com.br\/Noticias\/Exibir\/setor-portuario-tem-2-maior-movimentacao-da-historia-em-2022-revela-a-antaq\" style=\"color:blue; text-decoration:underline\"><span style=\"font-size:14.0pt\">Setor portu&aacute;rio tem 2&ordf; maior movimenta&ccedil;&atilde;o da hist&oacute;ria em 2022, revela a Antaq<\/span><\/a><\/span><\/span><\/span><\/p>\r\n\r\n<p class=\"MsoTitle\" style=\"text-align:justify\"><span style=\"font-size:28pt\"><span style=\"font-family:&quot;Cambria&quot;,serif\"><span style=\"letter-spacing:-0.5pt\"><b><span style=\"font-size:18.0pt\"><span style=\"font-family:&quot;Calibri&quot;,sans-serif\"><span style=\"font-variant:small-caps\">Economia<\/span><\/span><\/span><\/b><\/span><\/span><\/span><\/p>\r\n\r\n<p style=\"text-align:justify\"><span style=\"font-size:11pt\"><span style=\"line-height:normal\"><span style=\"font-family:&quot;Calibri&quot;,sans-serif\"><a href=\"https:\/\/www.bcb.gov.br\/content\/focus\/focus\/R20230210.pdf\" style=\"color:blue; text-decoration:underline\"><span style=\"font-size:14.0pt\">FOCUS &ndash; Relat&oacute;rio de Mercado<\/span><\/a><\/span><\/span><\/span><\/p>\r\n\r\n<p style=\"text-align:justify\"><span style=\"font-size:11pt\"><span style=\"line-height:normal\"><span style=\"font-family:&quot;Calibri&quot;,sans-serif\"><a href=\"https:\/\/noticias.portaldaindustria.com.br\/noticias\/economia\/atividade-industrial-recua-em-janeiro-com-queda-da-producao-e-do-emprego-mostra-cni\/\" style=\"color:blue; text-decoration:underline\"><span style=\"font-size:14.0pt\">Atividade industrial recua em janeiro com queda da produ&ccedil;&atilde;o e do emprego, mostra CNI<\/span><\/a><\/span><\/span><\/span><\/p>\r\n\r\n<p style=\"text-align:justify\"><span style=\"font-size:11pt\"><span style=\"line-height:normal\"><span style=\"font-family:&quot;Calibri&quot;,sans-serif\"><a href=\"https:\/\/noticias.portaldaindustria.com.br\/noticias\/economia\/industria-da-construcao-avanco-das-expectativas-e-da-intencao-de-investimento-em-fevereiro\/\" style=\"color:blue; text-decoration:underline\"><span style=\"font-size:14.0pt\">Ind&uacute;stria da constru&ccedil;&atilde;o: avan&ccedil;o das expectativas e da inten&ccedil;&atilde;o de investimento em fevereiro<\/span><\/a><\/span><\/span><\/span><\/p>\r\n\r\n<p style=\"text-align:justify\"><span style=\"font-size:11pt\"><span style=\"line-height:normal\"><span style=\"font-family:&quot;Calibri&quot;,sans-serif\"><a href=\"https:\/\/www.fibre2fashion.com\/news\/textile-news\/eu-economy-set-to-avoid-recession-headwinds-remain-strong-285783-newsdetails.htm\" style=\"color:blue; text-decoration:underline\"><span style=\"font-size:14.0pt\">EU economy set to avoid recession; headwinds remain strong<\/span><\/a><\/span><\/span><\/span><\/p>\r\n","texto_en":"","7":"","imagem":"COMP_banner-padrao-home-destaques-boletim-2023_2023030712180057jhbk5xyQ.jpeg","8":"COMP_banner-padrao-home-destaques-boletim-2023_2023030712180057jhbk5xyQ.jpeg","arquivo":"20230223-NOTICIAS-SEMANAIS.PDF","9":"20230223-NOTICIAS-SEMANAIS.PDF","titulo_arquivo":"","10":"","titulo_arquivo_en":"","11":"","created_at":"2023-03-07 12:18:10","12":"2023-03-07 12:18:10","updated_at":"2023-03-07 12:18:10","13":"2023-03-07 12:18:10"},{"id":52,"0":52,"ordem":171,"1":171,"data":"2023-02-14","2":"2023-02-14","slug":"boletim-de-noticias-semanais-49","3":"boletim-de-noticias-semanais-49","titulo":"Boletim de Not\u00edcias Semanais","4":"Boletim de Not\u00edcias Semanais","titulo_en":"","5":"","texto":"<p style=\"text-align:justify\"><span style=\"font-size:11pt\"><span style=\"line-height:normal\"><span style=\"font-family:&quot;Calibri&quot;,sans-serif\"><span style=\"font-size:14.0pt\">Esta &eacute; uma compila&ccedil;&atilde;o das not&iacute;cias mais relevantes para o setor, incluindo informa&ccedil;&otilde;es sobre acordos internacionais, economia brasileira, sustentabilidade e mat&eacute;rias primas, al&eacute;m de novidades do setor de N&atilde;otecidos e Tecidos T&eacute;cnicos.<\/span><\/span><\/span><\/span><\/p>\r\n\r\n<p class=\"MsoTitleCxSpMiddle\" style=\"text-align:justify\"><span style=\"font-size:28pt\"><span style=\"font-family:&quot;Cambria&quot;,serif\"><span style=\"letter-spacing:-0.5pt\"><b><span style=\"font-size:18.0pt\"><span style=\"font-family:&quot;Calibri&quot;,sans-serif\"><span style=\"font-variant:small-caps\">A&ccedil;&otilde;es da ABINT<\/span><\/span><\/span><\/b><\/span><\/span><\/span><\/p>\r\n\r\n<p style=\"text-align:justify\"><span style=\"font-size:11pt\"><span style=\"line-height:normal\"><span style=\"font-family:&quot;Calibri&quot;,sans-serif\"><strong><span style=\"font-size:14.0pt\"><span style=\"font-family:&quot;Calibri&quot;,sans-serif\">O CTG ABINT e a IGS BRASIL <\/span><\/span><\/strong><span style=\"font-size:14.0pt\">convidam aqueles que desenvolveram trabalhos acad&ecirc;micos relacionados aos geossint&eacute;ticos a participarem&nbsp;de mais uma edi&ccedil;&atilde;o do Pr&ecirc;mio TCC\/IC. <\/span><a href=\"https:\/\/abint.us2.list-manage.com\/track\/click?u=88818ac6bf44316570fc1bc2f&amp;id=46b014bcf1&amp;e=626265ad22\" style=\"color:blue; text-decoration:underline\" target=\"_blank\"><span style=\"font-size:14.0pt\"><span style=\"color:blue\">Mais informa&ccedil;&otilde;es e inscri&ccedil;&otilde;es<\/span><\/span><\/a><\/span><\/span><\/span><\/p>\r\n\r\n<p style=\"text-align:justify\">&nbsp;<\/p>\r\n\r\n<p style=\"text-align:justify\"><span style=\"font-size:11pt\"><span style=\"line-height:normal\"><span style=\"font-family:&quot;Calibri&quot;,sans-serif\"><b><span style=\"font-size:14.0pt\">A ABINT apoia a ITMA 2023<\/span><\/b><\/span><\/span><\/span><\/p>\r\n\r\n<p style=\"text-align:justify\"><span style=\"font-size:11pt\"><span style=\"line-height:normal\"><span style=\"font-family:&quot;Calibri&quot;,sans-serif\"><span style=\"font-size:14.0pt\">A 19&ordf; edi&ccedil;&atilde;o da maior exposi&ccedil;&atilde;o internacional de tecnologia t&ecirc;xtil e de vestu&aacute;rio do mundo acontecer&aacute; em Mil&atilde;o, It&aacute;lia, de 08 a 14 de junho de 2023. <\/span><a href=\"https:\/\/itma.com\/\" style=\"color:blue; text-decoration:underline\"><span style=\"font-size:14.0pt\">Informa&ccedil;&otilde;es<\/span><\/a><\/span><\/span><\/span><\/p>\r\n\r\n<p style=\"text-align:justify\">&nbsp;<\/p>\r\n\r\n<p style=\"text-align:justify\"><span style=\"font-size:11pt\"><span style=\"line-height:normal\"><span style=\"font-family:&quot;Calibri&quot;,sans-serif\"><b><span style=\"font-size:18.0pt\"><span style=\"font-variant:small-caps\">Eventos<\/span><\/span><\/b><\/span><\/span><\/span><\/p>\r\n\r\n<p style=\"text-align:justify\"><span style=\"font-size:11pt\"><span style=\"line-height:normal\"><span style=\"font-family:&quot;Calibri&quot;,sans-serif\"><span class=\"MsoHyperlink\" style=\"color:blue\"><span style=\"text-decoration:underline\"><b><span style=\"font-size:14.0pt\"><span style=\"text-decoration:none\"><span style=\"text-underline:none\">Webinar FGV IBRE | &quot;A quest&atilde;o Fiscal e o Crescimento do Pa&iacute;s&quot;<\/span><\/span><\/span><\/b><\/span><\/span><span class=\"MsoHyperlink\" style=\"color:blue\"><span style=\"text-decoration:underline\"><span style=\"font-size:14.0pt\"><span style=\"text-decoration:none\"><span style=\"text-underline:none\">, 16 de fevereiro de 2023, 10h00 &agrave;s 11h30, transmiss&atilde;o via YouTube. <\/span><\/span><\/span><\/span><\/span><a href=\"https:\/\/evento.fgv.br\/crescimento-fiscal_1602\/\" style=\"color:blue; text-decoration:underline\"><span style=\"font-size:14.0pt\">Informa&ccedil;&otilde;es<\/span><\/a><\/span><\/span><\/span><\/p>\r\n\r\n<p style=\"text-align:justify\"><span style=\"font-size:11pt\"><span style=\"line-height:normal\"><span style=\"font-family:&quot;Calibri&quot;,sans-serif\"><span class=\"MsoHyperlink\" style=\"color:blue\"><span style=\"text-decoration:underline\"><b><span style=\"font-size:14.0pt\"><span style=\"text-decoration:none\"><span style=\"text-underline:none\">Curso ABNT | Simbologia de cuidados aplicada a Etiquetagem de T&ecirc;xteis - ABNT NBR NM ISO 3758<\/span><\/span><\/span><\/b><\/span><\/span><span class=\"MsoHyperlink\" style=\"color:blue\"><span style=\"text-decoration:underline\"><span style=\"font-size:14.0pt\"><span style=\"text-decoration:none\"><span style=\"text-underline:none\">, online, 27 e 28\/02\/2023. <\/span><\/span><\/span><\/span><\/span><a href=\"https:\/\/www.abntcatalogo.com.br\/pcs.aspx?Q=ZlgyeVVtT2FtUjc1WUpTQ0RpanB2VnVDblNMYnFKNVA=\" style=\"color:blue; text-decoration:underline\"><span style=\"font-size:14.0pt\">Informa&ccedil;&otilde;es<\/span><\/a><\/span><\/span><\/span><\/p>\r\n\r\n<p style=\"text-align:justify\"><span style=\"font-size:11pt\"><span style=\"line-height:normal\"><span style=\"font-family:&quot;Calibri&quot;,sans-serif\"><span class=\"MsoHyperlink\" style=\"color:blue\"><span style=\"text-decoration:underline\"><b><span style=\"font-size:14.0pt\"><span style=\"text-decoration:none\"><span style=\"text-underline:none\">8&ordm; Encuentro Alianza Latinoamericana Anticontrabando (ALAC)<\/span><\/span><\/span><\/b><\/span><\/span><span class=\"MsoHyperlink\" style=\"color:blue\"><span style=\"text-decoration:underline\"><span style=\"font-size:14.0pt\"><span style=\"text-decoration:none\"><span style=\"text-underline:none\">, 1 y 2 de marzo de 2023, Bogot&aacute;, Colombia. <\/span><\/span><\/span><\/span><\/span><a href=\"https:\/\/www.andi.com.co\/Home\/Evento\/72-8-encuentro-de-la-alianza-latinoamericana\" style=\"color:blue; text-decoration:underline\"><span style=\"font-size:14.0pt\">Informa&ccedil;&otilde;es<\/span><\/a><\/span><\/span><\/span><\/p>\r\n\r\n<p style=\"text-align:justify\"><span style=\"font-size:11pt\"><span style=\"line-height:normal\"><span style=\"font-family:&quot;Calibri&quot;,sans-serif\"><span class=\"MsoHyperlink\" style=\"color:blue\"><span style=\"text-decoration:underline\"><b><span style=\"font-size:14.0pt\"><span style=\"text-decoration:none\"><span style=\"text-underline:none\">46&ordf; FIMEC<\/span><\/span><\/span><\/b><\/span><\/span><span class=\"MsoHyperlink\" style=\"color:blue\"><span style=\"text-decoration:underline\"><span style=\"font-size:14.0pt\"><span style=\"text-decoration:none\"><span style=\"text-underline:none\"> <b>| Feira Internacional de Couros, Produtos Qu&iacute;micos, Componentes, M&aacute;quinas e Equipamentos para Cal&ccedil;ados e Curtumes<\/b>, 07 a 09 de mar&ccedil;o de 2023, FENAC, Novo Hamburgo, Rio Grande do Sul. <\/span><\/span><\/span><\/span><\/span><a href=\"https:\/\/www.fimec.com.br\/pt-br\/home\" style=\"color:blue; text-decoration:underline\"><span style=\"font-size:14.0pt\">Informa&ccedil;&otilde;es<\/span><\/a><\/span><\/span><\/span><\/p>\r\n\r\n<p style=\"text-align:justify\"><span style=\"font-size:11pt\"><span style=\"line-height:normal\"><span style=\"font-family:&quot;Calibri&quot;,sans-serif\"><span class=\"MsoHyperlink\" style=\"color:blue\"><span style=\"text-decoration:underline\"><b><span style=\"font-size:14.0pt\"><span style=\"text-decoration:none\"><span style=\"text-underline:none\">INDA Webinars | New Chemical Regulations &amp; PFAS Impacts to Your Business<\/span><\/span><\/span><\/b><\/span><\/span><span class=\"MsoHyperlink\" style=\"color:blue\"><span style=\"text-decoration:underline\"><span style=\"font-size:14.0pt\"><span style=\"text-decoration:none\"><span style=\"text-underline:none\">, February 22nd, 11 am ET. <\/span><\/span><\/span><\/span><\/span><a href=\"https:\/\/www.inda.org\/inda-webinars\/\" style=\"color:blue; text-decoration:underline\"><span style=\"font-size:14.0pt\">Informa&ccedil;&otilde;es<\/span><\/a> <\/span><\/span><\/span><\/p>\r\n\r\n<p style=\"text-align:justify\"><span style=\"font-size:11pt\"><span style=\"line-height:normal\"><span style=\"font-family:&quot;Calibri&quot;,sans-serif\"><b><span style=\"font-size:14.0pt\">Pl&aacute;stico Brasil &ndash; Feira Internacional do Pl&aacute;stico<\/span><\/b><span style=\"font-size:14.0pt\">, 27 a 31 de mar&ccedil;o de 2023, S&atilde;o Paulo Expo. <\/span><a href=\"https:\/\/www.plasticobrasil.com.br\/pt\/home.html\" style=\"color:blue; text-decoration:underline\"><span style=\"font-size:14.0pt\">Informa&ccedil;&otilde;es<\/span><\/a><\/span><\/span><\/span><\/p>\r\n\r\n<p style=\"text-align:justify\"><span style=\"font-size:11pt\"><span style=\"line-height:normal\"><span style=\"font-family:&quot;Calibri&quot;,sans-serif\"><span class=\"MsoHyperlink\" style=\"color:blue\"><span style=\"text-decoration:underline\"><b><span style=\"font-size:14.0pt\"><span style=\"text-decoration:none\"><span style=\"text-underline:none\">NasceCME | Dia Internacional da Ci&ecirc;ncia da Esteriliza&ccedil;&atilde;o &ndash; Equipes t&eacute;cnicas qualificadas e as interfaces com processos e pr&aacute;ticas seguras<\/span><\/span><\/span><\/b><\/span><\/span><span class=\"MsoHyperlink\" style=\"color:blue\"><span style=\"text-decoration:underline\"><span style=\"font-size:14.0pt\"><span style=\"text-decoration:none\"><span style=\"text-underline:none\">, 14 e 15 de abril de 2023, Golden Tulip, S&atilde;o Jos&eacute; dos Campos. <\/span><\/span><\/span><\/span><\/span><a href=\"https:\/\/www.sympla.com.br\/evento\/dia-internacional-da-ciencia-da-esterilizacao\/1866685?_gl=1*103ko68*_ga*MTk0NjU1Njc3Ni4xNjc1MTc5Mzkz*_ga_KXH10SQTZF*MTY3NTg3MzM2NS45LjEuMTY3NTg3MzQ0My4wLjAuMA..\" style=\"color:blue; text-decoration:underline\"><span style=\"font-size:14.0pt\">Informa&ccedil;&otilde;es<\/span><\/a> <\/span><\/span><\/span><\/p>\r\n\r\n<p style=\"text-align:justify\"><span style=\"font-size:11pt\"><span style=\"line-height:normal\"><span style=\"font-family:&quot;Calibri&quot;,sans-serif\"><span class=\"MsoHyperlink\" style=\"color:blue\"><span style=\"text-decoration:underline\"><b><span style=\"font-size:14.0pt\"><span style=\"text-decoration:none\"><span style=\"text-underline:none\">INDEX 2023<\/span><\/span><\/span><\/b><\/span><\/span><span class=\"MsoHyperlink\" style=\"color:blue\"><span style=\"text-decoration:underline\"><span style=\"font-size:14.0pt\"><span style=\"text-decoration:none\"><span style=\"text-underline:none\">, 18 a 21 de abril, Palexpo, Genebra, Su&iacute;&ccedil;a. <\/span><\/span><\/span><\/span><\/span><a href=\"https:\/\/www.indexnonwovens.com\/en\/\" style=\"color:blue; text-decoration:underline\"><span style=\"font-size:14.0pt\">Informa&ccedil;&otilde;es<\/span><\/a><\/span><\/span><\/span><\/p>\r\n\r\n<p style=\"text-align:justify\"><span style=\"font-size:11pt\"><span style=\"line-height:normal\"><span style=\"font-family:&quot;Calibri&quot;,sans-serif\"><span class=\"MsoHyperlink\" style=\"color:blue\"><span style=\"text-decoration:underline\"><b><span style=\"font-size:14.0pt\"><span style=\"text-decoration:none\"><span style=\"text-underline:none\">SENAI CETIQT | Programa de Desenvolvimento Setorial T&ecirc;xtil<\/span><\/span><\/span><\/b><\/span><\/span><span class=\"MsoHyperlink\" style=\"color:blue\"><span style=\"text-decoration:underline\"><span style=\"font-size:14.0pt\"><span style=\"text-decoration:none\"><span style=\"text-underline:none\">, acesse <\/span><\/span><\/span><\/span><\/span><a href=\"https:\/\/materiais.senaicetiqt.com\/lp_programa-de-desenvolvimento-setorial?utm_campaign=senai_cetiqt_e_abit__pds_textil__2_envio&amp;utm_medium=email&amp;utm_source=RD+Station\" style=\"color:blue; text-decoration:underline\"><span style=\"font-size:14.0pt\">aqui<\/span><\/a><span class=\"MsoHyperlink\" style=\"color:blue\"><span style=\"text-decoration:underline\"><span style=\"font-size:14.0pt\"><span style=\"text-decoration:none\"><span style=\"text-underline:none\"> para mais informa&ccedil;&otilde;es<\/span><\/span><\/span><\/span><\/span><\/span><\/span><\/span><\/p>\r\n\r\n<p style=\"text-align:justify\"><span style=\"font-size:11pt\"><span style=\"line-height:normal\"><span style=\"font-family:&quot;Calibri&quot;,sans-serif\"><a href=\"https:\/\/www.magnetmail.net\/actions\/email_web_version.cfm?ep=nY1qAgSybIYAtXkUlomjGTvozlxP9uwHcN55F0MkytH2RClGE8usJiNt1Arjq6T9h3o4FMnFZvw194A5gVh0cidsrPTck3kKnIiEDOLIT1krQCou4boq3j9g-8jm_6Vc\" style=\"color:blue; text-decoration:underline\"><span style=\"font-size:14.0pt\">INDA | 2023 Calendar of Events<\/span><\/a><\/span><\/span><\/span><\/p>\r\n\r\n<p class=\"MsoTitle\" style=\"text-align:justify\"><span style=\"font-size:28pt\"><span style=\"font-family:&quot;Cambria&quot;,serif\"><span style=\"letter-spacing:-0.5pt\"><b><span style=\"font-size:18.0pt\"><span style=\"font-family:&quot;Calibri&quot;,sans-serif\"><span style=\"font-variant:small-caps\">Setor<\/span><\/span><\/span><\/b><\/span><\/span><\/span><\/p>\r\n\r\n<p style=\"text-align:justify\"><span style=\"font-size:11pt\"><span style=\"line-height:normal\"><span style=\"font-family:&quot;Calibri&quot;,sans-serif\"><a href=\"https:\/\/www.innovationintextiles.com\/medical-health-hygiene\/robust-growth-potential-for-nonwoven-components-in-hygiene\/\" style=\"color:blue; text-decoration:underline\"><span style=\"font-size:14.0pt\">Robust growth potential for nonwoven components in hygiene<\/span><\/a><\/span><\/span><\/span><\/p>\r\n\r\n<p style=\"text-align:justify\"><span style=\"font-size:11pt\"><span style=\"line-height:normal\"><span style=\"font-family:&quot;Calibri&quot;,sans-serif\"><a href=\"https:\/\/www.portugaltextil.com\/texteis-tecnicos-ganham-forca\/?utm_term=Portugal+Textil+a%3F%3F%3F%3F+08.02.2023&amp;utm_campaign=Portugal+Textil+FInal&amp;utm_source=e-goi&amp;utm_medium=email\" style=\"color:blue; text-decoration:underline\"><span style=\"font-size:14.0pt\">T&ecirc;xteis t&eacute;cnicos ganham for&ccedil;a<\/span><\/a><\/span><\/span><\/span><\/p>\r\n\r\n<p style=\"text-align:justify\"><span style=\"font-size:11pt\"><span style=\"line-height:normal\"><span style=\"font-family:&quot;Calibri&quot;,sans-serif\"><a href=\"https:\/\/www.textiletechnology.net\/technology\/interview\/interview-with-charles-beauduin-cematex-the-transformation-in-the-textile-industry-is-on-going-33485?utm_source=%2Fmeta%2Fnewsletter%2Fnewsletter&amp;utm_medium=newsletter&amp;utm_campaign=nl1114&amp;utm_term=0801b20e08c3242125d512808cd74302\" style=\"color:blue; text-decoration:underline\"><span style=\"font-size:14.0pt\">Interview with Charles Beauduin, CEMATEX | The transformation in the textile industry is on-going<\/span><\/a><\/span><\/span><\/span><\/p>\r\n\r\n<p style=\"text-align:justify\"><span style=\"font-size:11pt\"><span style=\"line-height:normal\"><span style=\"font-family:&quot;Calibri&quot;,sans-serif\"><a href=\"https:\/\/www.fibre2fashion.com\/news\/textile-news\/high-inventories-core-problem-of-global-textile-supply-chain-itmf-285640-newsdetails.htm\" style=\"color:blue; text-decoration:underline\"><span style=\"font-size:14.0pt\">High inventories core problem of global textile supply chain: ITMF<\/span><\/a><\/span><\/span><\/span><\/p>\r\n\r\n<p style=\"text-align:justify\"><span style=\"font-size:11pt\"><span style=\"line-height:normal\"><span style=\"font-family:&quot;Calibri&quot;,sans-serif\"><a href=\"https:\/\/www.meiofiltrante.com.br\/Noticia\/110475\/inda-names-mark-snider-chief-market-and-industry-analyst\" style=\"color:blue; text-decoration:underline\"><span style=\"font-size:14.0pt\">INDA Names Mark Snider Chief Market and Industry Analyst<\/span><\/a><\/span><\/span><\/span><\/p>\r\n\r\n<p style=\"text-align:justify\"><span style=\"font-size:11pt\"><span style=\"line-height:normal\"><span style=\"font-family:&quot;Calibri&quot;,sans-serif\"><a href=\"https:\/\/www.textiletechnology.net\/technology\/news\/itmf-business-expected-to-boom-in-next-6-months-33512?utm_source=%2Fmeta%2Fnewsletter%2Fnewsletter&amp;utm_medium=newsletter&amp;utm_campaign=nl1121&amp;utm_term=0801b20e08c3242125d512808cd74302\" style=\"color:blue; text-decoration:underline\"><span style=\"font-size:14.0pt\">ITMF | Business expected to boom in next 6 months<\/span><\/a><\/span><\/span><\/span><\/p>\r\n\r\n<p style=\"text-align:justify\"><span style=\"font-size:11pt\"><span style=\"line-height:normal\"><span style=\"font-family:&quot;Calibri&quot;,sans-serif\"><a href=\"https:\/\/www.textiletechnology.net\/fibers\/news\/andritz-machine-health-monitoring-solutions-improves-plant-safety-33495?utm_source=%2Fmeta%2Fnewsletter%2Fnewsletter&amp;utm_medium=newsletter&amp;utm_campaign=nl1117&amp;utm_term=0801b20e08c3242125d512808cd74302\" style=\"color:blue; text-decoration:underline\"><span style=\"font-size:14.0pt\">Andritz | Machine health monitoring solutions improves plant safety<\/span><\/a><\/span><\/span><\/span><\/p>\r\n\r\n<p style=\"text-align:justify\"><span style=\"font-size:11pt\"><span style=\"line-height:normal\"><span style=\"font-family:&quot;Calibri&quot;,sans-serif\"><a href=\"https:\/\/tissueonline.com.br\/softys-investe-us-12-milhoes-em-nova-linha-de-fraldas-infantis\/?utm_campaign=newsletter_10022023_novo_modelo&amp;utm_medium=email&amp;utm_source=RD+Station\" style=\"color:blue; text-decoration:underline\"><span style=\"font-size:14.0pt\">Softys investe US$ 12 milh&otilde;es em nova linha de fraldas infantis<\/span><\/a><\/span><\/span><\/span><\/p>\r\n\r\n<p style=\"text-align:justify\"><span style=\"font-size:11pt\"><span style=\"line-height:normal\"><span style=\"font-family:&quot;Calibri&quot;,sans-serif\"><a href=\"https:\/\/biblioteca.ibge.gov.br\/visualizacao\/livros\/liv101928_informativo.pdf\" style=\"color:blue; text-decoration:underline\"><span style=\"font-size:14.0pt\">Estudo Conta-Sat&eacute;lite de Sa&uacute;de 2010-2019<\/span><\/a><\/span><\/span><\/span><\/p>\r\n\r\n<p class=\"MsoTitle\" style=\"text-align:justify\"><span style=\"font-size:28pt\"><span style=\"font-family:&quot;Cambria&quot;,serif\"><span style=\"letter-spacing:-0.5pt\"><b><span style=\"font-size:18.0pt\"><span style=\"font-family:&quot;Calibri&quot;,sans-serif\"><span style=\"font-variant:small-caps\">Ind&uacute;stria<\/span><\/span><\/span><\/b><\/span><\/span><\/span><\/p>\r\n\r\n<p style=\"text-align:justify\"><span style=\"font-size:11pt\"><span style=\"line-height:normal\"><span style=\"font-family:&quot;Calibri&quot;,sans-serif\"><a href=\"https:\/\/www.portugaltextil.com\/obstaculos-de-2022-ainda-perduram\/?utm_term=Portugal+Textil+a%3F%3F%3F%3F+06.02.2023&amp;utm_campaign=Portugal+Textil+FInal&amp;utm_source=e-goi&amp;utm_medium=email\" style=\"color:blue; text-decoration:underline\"><span style=\"font-size:14.0pt\">Obst&aacute;culos de 2022 ainda perduram<\/span><\/a><\/span><\/span><\/span><\/p>\r\n\r\n<p style=\"text-align:justify\"><span style=\"font-size:11pt\"><span style=\"line-height:normal\"><span style=\"font-family:&quot;Calibri&quot;,sans-serif\"><a href=\"https:\/\/www.meiofiltrante.com.br\/Noticia\/110495\/industria-brasileira-de-maquinas-e-equipamentos-para-o-setor-textil-movimenta-us56-milhoes--\" style=\"color:blue; text-decoration:underline\"><span style=\"font-size:14.0pt\">Ind&uacute;stria brasileira de m&aacute;quinas e equipamentos para o setor t&ecirc;xtil movimenta US$5,6 milh&otilde;es<\/span><\/a><\/span><\/span><\/span><\/p>\r\n\r\n<p style=\"text-align:justify\"><span style=\"font-size:11pt\"><span style=\"line-height:normal\"><span style=\"font-family:&quot;Calibri&quot;,sans-serif\"><a href=\"https:\/\/www.cnnbrasil.com.br\/business\/producao-de-veiculos-sobe-5-em-janeiro-diz-anfavea\/\" style=\"color:blue; text-decoration:underline\"><span style=\"font-size:14.0pt\">Produ&ccedil;&atilde;o de ve&iacute;culos sobe 5% em janeiro, diz Anfavea<\/span><\/a><\/span><\/span><\/span><\/p>\r\n\r\n<p style=\"text-align:justify\"><span style=\"font-size:11pt\"><span style=\"line-height:normal\"><span style=\"font-family:&quot;Calibri&quot;,sans-serif\"><a href=\"https:\/\/www.fiesp.com.br\/noticias\/producao-industrial-registra-queda-em-2022-a-sexta-em-10-anos\/?utm_source=emkt&amp;utm_medium=emkt&amp;utm_campaign=economia+Fiesp+projeta+queda+de+0%2C5%25+na+produ%C3%A7%C3%A3o+industrial+em+2023&amp;utm_id=economia+Fiesp+proj\" style=\"color:blue; text-decoration:underline\"><span style=\"font-size:14.0pt\">Produ&ccedil;&atilde;o Industrial registra queda em 2022, a sexta em 10 anos<\/span><\/a><\/span><\/span><\/span><\/p>\r\n\r\n<p style=\"text-align:justify\"><span style=\"font-size:11pt\"><span style=\"line-height:normal\"><span style=\"font-family:&quot;Calibri&quot;,sans-serif\"><a href=\"https:\/\/garagem360.com.br\/industria-automotiva-recuperar-producao-pre-pandemia-2025\/\" style=\"color:blue; text-decoration:underline\"><span style=\"font-size:14.0pt\">Ind&uacute;stria automotiva deve recuperar produ&ccedil;&atilde;o pr&eacute;-pandemia ap&oacute;s 2025<\/span><\/a><\/span><\/span><\/span><\/p>\r\n\r\n<p style=\"text-align:justify\"><span style=\"font-size:11pt\"><span style=\"line-height:normal\"><span style=\"font-family:&quot;Calibri&quot;,sans-serif\"><a href=\"https:\/\/garagem360.com.br\/vendas-sobem-13-decepcionam-industria-automotiva-brasileira\/\" style=\"color:blue; text-decoration:underline\"><span style=\"font-size:14.0pt\">Vendas sobem 13%, mas decepcionam a ind&uacute;stria automotiva brasileira<\/span><\/a><\/span><\/span><\/span><\/p>\r\n\r\n<p style=\"text-align:justify\"><span style=\"font-size:11pt\"><span style=\"line-height:normal\"><span style=\"font-family:&quot;Calibri&quot;,sans-serif\"><a href=\"https:\/\/revistamt.com.br\/Noticias\/Exibir\/vendas-de-caminhoes-em-2023-devem-crescer-no-1-trimestre?utm_source=akna&amp;utm_medium=email&amp;utm_campaign=Revista-M-T-Informativo-613-07-02-2023&amp;utm_source=akna&amp;utm_medium=email&amp;utm_campaign=Revista-M-T-Informativo-613-07-02-2023\" style=\"color:blue; text-decoration:underline\"><span style=\"font-size:14.0pt\">Vendas de caminh&otilde;es em 2023 devem crescer no 1&ordm; trimestre<\/span><\/a><\/span><\/span><\/span><\/p>\r\n\r\n<p style=\"text-align:justify\"><span style=\"font-size:11pt\"><span style=\"line-height:normal\"><span style=\"font-family:&quot;Calibri&quot;,sans-serif\"><a href=\"https:\/\/revistamt.com.br\/Noticias\/Exibir\/venda-de-maquinas-agricolas-bate-recorde-no-brasil-em-2022?utm_source=akna&amp;utm_medium=email&amp;utm_campaign=Revista-M-T-Informativo-613-07-02-2023&amp;utm_source=akna&amp;utm_medium=email&amp;utm_campaign=Revista-M-T-Informativo-613-07-02-2023\" style=\"color:blue; text-decoration:underline\"><span style=\"font-size:14.0pt\">Venda de m&aacute;quinas agr&iacute;colas bate recorde no Brasil em 2022<\/span><\/a><\/span><\/span><\/span><\/p>\r\n\r\n<p style=\"text-align:justify\"><span style=\"font-size:11pt\"><span style=\"line-height:normal\"><span style=\"font-family:&quot;Calibri&quot;,sans-serif\"><a href=\"https:\/\/exclusivo.com.br\/_conteudo\/negocios\/2023\/02\/09\/rio-grande-do-sul-e-o-maior-empregador-do-setor-calcadista-brasileiro.html\" style=\"color:blue; text-decoration:underline\"><span style=\"font-size:14.0pt\">Rio Grande do Sul &eacute; o maior empregador do setor cal&ccedil;adista brasileiro<\/span><\/a> <\/span><\/span><\/span><\/p>\r\n\r\n<p style=\"text-align:justify\"><span style=\"font-size:11pt\"><span style=\"line-height:normal\"><span style=\"font-family:&quot;Calibri&quot;,sans-serif\"><a href=\"https:\/\/www.moveisdevalor.com.br\/portal\/industria-gaucha-ganha-em-faturamento-mas-perde-na-exportacao?source=news\" style=\"color:blue; text-decoration:underline\"><span style=\"font-size:14.0pt\">Ind&uacute;stria ga&uacute;cha ganha em faturamento, mas perde na exporta&ccedil;&atilde;o<\/span><\/a><\/span><\/span><\/span><\/p>\r\n\r\n<p class=\"MsoTitle\" style=\"text-align:justify\"><span style=\"font-size:28pt\"><span style=\"font-family:&quot;Cambria&quot;,serif\"><span style=\"letter-spacing:-0.5pt\"><b><span style=\"font-size:18.0pt\"><span style=\"font-family:&quot;Calibri&quot;,sans-serif\"><span style=\"font-variant:small-caps\">Sustentabilidade<\/span><\/span><\/span><\/b><\/span><\/span><\/span><\/p>\r\n\r\n<p style=\"text-align:justify\"><span style=\"font-size:11pt\"><span style=\"line-height:normal\"><span style=\"font-family:&quot;Calibri&quot;,sans-serif\"><a href=\"https:\/\/grandesconstrucoes.com.br\/Noticias\/Exibir\/construcao-civil-alinhada-as-causas-ambientais?utm_source=akna&amp;utm_medium=email&amp;utm_campaign=Grandes-Construcoes-Informativo-848-09-02-2023&amp;utm_source=akna&amp;utm_medium=email&amp;utm_campaign=Grandes-Construcoes-Informativo-848-09-02-2023\" style=\"color:blue; text-decoration:underline\"><span style=\"font-size:14.0pt\">Constru&ccedil;&atilde;o civil alinhada &agrave;s causas ambientais<\/span><\/a><\/span><\/span><\/span><\/p>\r\n\r\n<p style=\"text-align:justify\"><span style=\"font-size:11pt\"><span style=\"line-height:normal\"><span style=\"font-family:&quot;Calibri&quot;,sans-serif\"><a href=\"https:\/\/fcem.com.br\/noticias\/gestao-de-residuo-solido-na-industria-textil-upcycling-e-reciclagem\/?utm_campaign=febratex_news_090223&amp;utm_medium=email&amp;utm_source=RD+Station\" style=\"color:blue; text-decoration:underline\"><span style=\"font-size:14.0pt\">Gest&atilde;o de res&iacute;duo s&oacute;lido na ind&uacute;stria t&ecirc;xtil: upcycling e reciclagem<\/span><\/a><\/span><\/span><\/span><\/p>\r\n\r\n<p style=\"text-align:justify\"><span style=\"font-size:11pt\"><span style=\"line-height:normal\"><span style=\"font-family:&quot;Calibri&quot;,sans-serif\"><a href=\"https:\/\/www.portugaltextil.com\/marcas-nao-cumprem-promessa-de-eliminar-fibras-sinteticas\/?utm_term=Portugal+Textil+a%3F%3F%3F%3F+06.02.2023&amp;utm_campaign=Portugal+Textil+FInal&amp;utm_source=e-goi&amp;utm_medium=email\" style=\"color:blue; text-decoration:underline\"><span style=\"font-size:14.0pt\">Marcas n&atilde;o cumprem promessa de eliminar fibras sint&eacute;ticas<\/span><\/a><\/span><\/span><\/span><\/p>\r\n\r\n<p class=\"MsoTitle\" style=\"text-align:justify\"><span style=\"font-size:28pt\"><span style=\"font-family:&quot;Cambria&quot;,serif\"><span style=\"letter-spacing:-0.5pt\"><b><span style=\"font-size:18.0pt\"><span style=\"font-family:&quot;Calibri&quot;,sans-serif\"><span style=\"font-variant:small-caps\">Inova&ccedil;&atilde;o<\/span><\/span><\/span><\/b><\/span><\/span><\/span><\/p>\r\n\r\n<p style=\"text-align:justify\"><span style=\"font-size:11pt\"><span style=\"line-height:normal\"><span style=\"font-family:&quot;Calibri&quot;,sans-serif\"><a href=\"https:\/\/www.portugaltextil.com\/investigadores-revelam-solucao-para-os-microplasticos\/?utm_term=Portugal+Textil+a%3F%3F%3F%3F+09.02.2023&amp;utm_campaign=Portugal+Textil+FInal&amp;utm_source=e-goi&amp;utm_medium=email\" style=\"color:blue; text-decoration:underline\"><span style=\"font-size:14.0pt\">Investigadores revelam solu&ccedil;&atilde;o para os micropl&aacute;sticos<\/span><\/a><\/span><\/span><\/span><\/p>\r\n\r\n<p style=\"text-align:justify\"><span style=\"font-size:11pt\"><span style=\"line-height:normal\"><span style=\"font-family:&quot;Calibri&quot;,sans-serif\"><a href=\"https:\/\/www.textiletechnology.net\/fibers\/news\/tohoku-university-non-invasive-health-monitoring-with-microelectronic-fibers-33490?utm_source=%2Fmeta%2Fnewsletter%2Fnewsletter&amp;utm_medium=newsletter&amp;utm_campaign=nl1117&amp;utm_term=0801b20e08c3242125d512808cd74302\" style=\"color:blue; text-decoration:underline\"><span style=\"font-size:14.0pt\">Non-invasive health monitoring with microelectronic fibers<\/span><\/a><\/span><\/span><\/span><\/p>\r\n\r\n<p style=\"text-align:justify\"><span style=\"font-size:11pt\"><span style=\"line-height:normal\"><span style=\"font-family:&quot;Calibri&quot;,sans-serif\"><a href=\"https:\/\/www.fibre2fashion.com\/news\/apparel-news\/us-researchers-develop-woven-in-labels-made-of-photonic-fibres-285639-newsdetails.htm\" style=\"color:blue; text-decoration:underline\"><span style=\"font-size:14.0pt\">US researchers develop woven-in labels made of photonic fibres<\/span><\/a><\/span><\/span><\/span><\/p>\r\n\r\n<p style=\"text-align:justify\"><span style=\"font-size:11pt\"><span style=\"line-height:normal\"><span style=\"font-family:&quot;Calibri&quot;,sans-serif\"><a href=\"https:\/\/www.textiletechnology.net\/technology\/trendreports\/fabricademy-textile-and-food-waste-mixes-biodegradation-for-the-production-of-composite-mycelium-materials-33427?utm_source=%2Fmeta%2Fnewsletter%2Fnewsletter&amp;utm_medium=newsletter&amp;utm_campaign=nl1117&amp;utm_term=0801b20e08c3242125d512808cd74302\" style=\"color:blue; text-decoration:underline\"><span style=\"font-size:14.0pt\">Textile and food waste mixes biodegradation for composite mycelium materials<\/span><\/a><\/span><\/span><\/span><\/p>\r\n\r\n<p class=\"MsoTitle\" style=\"text-align:justify\"><span style=\"font-size:28pt\"><span style=\"font-family:&quot;Cambria&quot;,serif\"><span style=\"letter-spacing:-0.5pt\"><b><span style=\"font-size:18.0pt\"><span style=\"font-family:&quot;Calibri&quot;,sans-serif\"><span style=\"font-variant:small-caps\">Com&eacute;rcio Exterior<\/span><\/span><\/span><\/b><\/span><\/span><\/span><\/p>\r\n\r\n<p style=\"text-align:justify\"><span style=\"font-size:11pt\"><span style=\"line-height:normal\"><span style=\"font-family:&quot;Calibri&quot;,sans-serif\"><a href=\"https:\/\/www.abicalcados.com.br\/noticia\/exportacoes-de-calcados-iniciam-o-ano-em-alta\" style=\"color:blue; text-decoration:underline\"><span style=\"font-size:14.0pt\">Exporta&ccedil;&otilde;es de cal&ccedil;ados iniciam o ano em alta<\/span><\/a><\/span><\/span><\/span><\/p>\r\n\r\n<p style=\"text-align:justify\"><span style=\"font-size:11pt\"><span style=\"line-height:normal\"><span style=\"font-family:&quot;Calibri&quot;,sans-serif\"><a href=\"https:\/\/jornaleconomico.pt\/noticias\/china-fim-da-politica-covid-zero-pode-impulsionar-crescimento-de-volta-aos-5-991091\" style=\"color:blue; text-decoration:underline\"><span style=\"font-size:14.0pt\">China: Fim da pol&iacute;tica &lsquo;Covid zero&rsquo; pode impulsionar crescimento de volta aos 5%<\/span><\/a><\/span><\/span><\/span><\/p>\r\n\r\n<p style=\"text-align:justify\"><span style=\"font-size:11pt\"><span style=\"line-height:normal\"><span style=\"font-family:&quot;Calibri&quot;,sans-serif\"><a href=\"https:\/\/www.portugaltextil.com\/itv-da-turquia-alinha-se-com-as-exigencias-da-ue\/?utm_term=Portugal+Textil+a%3F%3F%3F%3F+06.02.2023&amp;utm_campaign=Portugal+Textil+FInal&amp;utm_source=e-goi&amp;utm_medium=email\" style=\"color:blue; text-decoration:underline\"><span style=\"font-size:14.0pt\">ITV da Turquia alinha-se com as exig&ecirc;ncias da UE<\/span><\/a><\/span><\/span><\/span><\/p>\r\n\r\n<p style=\"text-align:justify\"><span style=\"font-size:11pt\"><span style=\"line-height:normal\"><span style=\"font-family:&quot;Calibri&quot;,sans-serif\"><a href=\"https:\/\/www.fibre2fashion.com\/news\/textile-news\/new-us-textile-investments-sourcing-commitments-for-central-america-285666-newsdetails.htm\" style=\"color:blue; text-decoration:underline\"><span style=\"font-size:14.0pt\">New US textile investments, sourcing commitments for Central America<\/span><\/a><\/span><\/span><\/span><\/p>\r\n\r\n<p class=\"MsoTitle\" style=\"text-align:justify\"><span style=\"font-size:28pt\"><span style=\"font-family:&quot;Cambria&quot;,serif\"><span style=\"letter-spacing:-0.5pt\"><b><span style=\"font-size:18.0pt\"><span style=\"font-family:&quot;Calibri&quot;,sans-serif\"><span style=\"font-variant:small-caps\">Economia<\/span><\/span><\/span><\/b><\/span><\/span><\/span><\/p>\r\n\r\n<p style=\"text-align:justify\"><span style=\"font-size:11pt\"><span style=\"line-height:normal\"><span style=\"font-family:&quot;Calibri&quot;,sans-serif\"><a href=\"https:\/\/www.bcb.gov.br\/content\/focus\/focus\/R20230210.pdf\" style=\"color:blue; text-decoration:underline\"><span style=\"font-size:14.0pt\">FOCUS &ndash; Relat&oacute;rio de Mercado<\/span><\/a><\/span><\/span><\/span><\/p>\r\n\r\n<p style=\"text-align:justify\"><span style=\"font-size:11pt\"><span style=\"line-height:normal\"><span style=\"font-family:&quot;Calibri&quot;,sans-serif\"><a href=\"https:\/\/portalibre.fgv.br\/system\/files\/2023-02\/barometros-globais-kof-fgv_press-release_02_2023.pdf\" style=\"color:blue; text-decoration:underline\"><span style=\"font-size:14.0pt\">Bar&ocirc;metros Globais interrompem sequ&ecirc;ncia de quedas<\/span><\/a><\/span><\/span><\/span><\/p>\r\n\r\n<p style=\"text-align:justify\"><span style=\"font-size:11pt\"><span style=\"line-height:normal\"><span style=\"font-family:&quot;Calibri&quot;,sans-serif\"><a href=\"https:\/\/noticias.portaldaindustria.com.br\/noticias\/economia\/expectativas-dos-empresarios-na-economia-e-na-empresa-elevam-indice-de-confianca\/\" style=\"color:blue; text-decoration:underline\"><span style=\"font-size:14.0pt\">Expectativas dos empres&aacute;rios na economia e na empresa elevam &iacute;ndice de confian&ccedil;a<\/span><\/a><\/span><\/span><\/span><\/p>\r\n\r\n<p style=\"text-align:justify\"><span style=\"font-size:11pt\"><span style=\"line-height:normal\"><span style=\"font-family:&quot;Calibri&quot;,sans-serif\"><a href=\"http:\/\/www.revistaanamaco.com.br\/confianca-dos-empresarios-do-comercio-sofre-segunda-queda-consecutiva?utm_campaign=Revista+Anamaco+Online&amp;utm_content=Confian%C3%A7a+dos+empres%C3%A1rios+do+com%C3%A9rcio+sofre+segunda+queda+consecutiva+-+Revista+Anamaco+%282%29&amp;utm_medium=email&amp;utm_source=EmailMarketing&amp;utm_term=Revista+Anamaco+Online-Newsletter%2311-2023\" style=\"color:blue; text-decoration:underline\"><span style=\"font-size:14.0pt\">Confian&ccedil;a dos empres&aacute;rios do com&eacute;rcio sofre segunda queda consecutiva<\/span><\/a><\/span><\/span><\/span><\/p>\r\n\r\n<p style=\"text-align:justify\"><span style=\"font-size:11pt\"><span style=\"line-height:normal\"><span style=\"font-family:&quot;Calibri&quot;,sans-serif\"><a href=\"https:\/\/expresso.pt\/economia\/2023-02-09-Crescimento-do-PIB-mundial-ira-ultrapassar-comercio-global-pela-primeira-vez-em-25-anos-diz-o-Boston-Consulting-Group-108ede62\" style=\"color:blue; text-decoration:underline\"><span style=\"font-size:14.0pt\">Crescimento do PIB mundial ir&aacute; ultrapassar com&eacute;rcio global pela primeira vez em 25 anos, diz o Boston Consulting Group<\/span><\/a><\/span><\/span><\/span><\/p>\r\n\r\n<p class=\"MsoTitleCxSpLast\" style=\"text-align:justify\">&nbsp;<\/p>\r\n","6":"<p style=\"text-align:justify\"><span style=\"font-size:11pt\"><span style=\"line-height:normal\"><span style=\"font-family:&quot;Calibri&quot;,sans-serif\"><span style=\"font-size:14.0pt\">Esta &eacute; uma compila&ccedil;&atilde;o das not&iacute;cias mais relevantes para o setor, incluindo informa&ccedil;&otilde;es sobre acordos internacionais, economia brasileira, sustentabilidade e mat&eacute;rias primas, al&eacute;m de novidades do setor de N&atilde;otecidos e Tecidos T&eacute;cnicos.<\/span><\/span><\/span><\/span><\/p>\r\n\r\n<p class=\"MsoTitleCxSpMiddle\" style=\"text-align:justify\"><span style=\"font-size:28pt\"><span style=\"font-family:&quot;Cambria&quot;,serif\"><span style=\"letter-spacing:-0.5pt\"><b><span style=\"font-size:18.0pt\"><span style=\"font-family:&quot;Calibri&quot;,sans-serif\"><span style=\"font-variant:small-caps\">A&ccedil;&otilde;es da ABINT<\/span><\/span><\/span><\/b><\/span><\/span><\/span><\/p>\r\n\r\n<p style=\"text-align:justify\"><span style=\"font-size:11pt\"><span style=\"line-height:normal\"><span style=\"font-family:&quot;Calibri&quot;,sans-serif\"><strong><span style=\"font-size:14.0pt\"><span style=\"font-family:&quot;Calibri&quot;,sans-serif\">O CTG ABINT e a IGS BRASIL <\/span><\/span><\/strong><span style=\"font-size:14.0pt\">convidam aqueles que desenvolveram trabalhos acad&ecirc;micos relacionados aos geossint&eacute;ticos a participarem&nbsp;de mais uma edi&ccedil;&atilde;o do Pr&ecirc;mio TCC\/IC. <\/span><a href=\"https:\/\/abint.us2.list-manage.com\/track\/click?u=88818ac6bf44316570fc1bc2f&amp;id=46b014bcf1&amp;e=626265ad22\" style=\"color:blue; text-decoration:underline\" target=\"_blank\"><span style=\"font-size:14.0pt\"><span style=\"color:blue\">Mais informa&ccedil;&otilde;es e inscri&ccedil;&otilde;es<\/span><\/span><\/a><\/span><\/span><\/span><\/p>\r\n\r\n<p style=\"text-align:justify\">&nbsp;<\/p>\r\n\r\n<p style=\"text-align:justify\"><span style=\"font-size:11pt\"><span style=\"line-height:normal\"><span style=\"font-family:&quot;Calibri&quot;,sans-serif\"><b><span style=\"font-size:14.0pt\">A ABINT apoia a ITMA 2023<\/span><\/b><\/span><\/span><\/span><\/p>\r\n\r\n<p style=\"text-align:justify\"><span style=\"font-size:11pt\"><span style=\"line-height:normal\"><span style=\"font-family:&quot;Calibri&quot;,sans-serif\"><span style=\"font-size:14.0pt\">A 19&ordf; edi&ccedil;&atilde;o da maior exposi&ccedil;&atilde;o internacional de tecnologia t&ecirc;xtil e de vestu&aacute;rio do mundo acontecer&aacute; em Mil&atilde;o, It&aacute;lia, de 08 a 14 de junho de 2023. <\/span><a href=\"https:\/\/itma.com\/\" style=\"color:blue; text-decoration:underline\"><span style=\"font-size:14.0pt\">Informa&ccedil;&otilde;es<\/span><\/a><\/span><\/span><\/span><\/p>\r\n\r\n<p style=\"text-align:justify\">&nbsp;<\/p>\r\n\r\n<p style=\"text-align:justify\"><span style=\"font-size:11pt\"><span style=\"line-height:normal\"><span style=\"font-family:&quot;Calibri&quot;,sans-serif\"><b><span style=\"font-size:18.0pt\"><span style=\"font-variant:small-caps\">Eventos<\/span><\/span><\/b><\/span><\/span><\/span><\/p>\r\n\r\n<p style=\"text-align:justify\"><span style=\"font-size:11pt\"><span style=\"line-height:normal\"><span style=\"font-family:&quot;Calibri&quot;,sans-serif\"><span class=\"MsoHyperlink\" style=\"color:blue\"><span style=\"text-decoration:underline\"><b><span style=\"font-size:14.0pt\"><span style=\"text-decoration:none\"><span style=\"text-underline:none\">Webinar FGV IBRE | &quot;A quest&atilde;o Fiscal e o Crescimento do Pa&iacute;s&quot;<\/span><\/span><\/span><\/b><\/span><\/span><span class=\"MsoHyperlink\" style=\"color:blue\"><span style=\"text-decoration:underline\"><span style=\"font-size:14.0pt\"><span style=\"text-decoration:none\"><span style=\"text-underline:none\">, 16 de fevereiro de 2023, 10h00 &agrave;s 11h30, transmiss&atilde;o via YouTube. <\/span><\/span><\/span><\/span><\/span><a href=\"https:\/\/evento.fgv.br\/crescimento-fiscal_1602\/\" style=\"color:blue; text-decoration:underline\"><span style=\"font-size:14.0pt\">Informa&ccedil;&otilde;es<\/span><\/a><\/span><\/span><\/span><\/p>\r\n\r\n<p style=\"text-align:justify\"><span style=\"font-size:11pt\"><span style=\"line-height:normal\"><span style=\"font-family:&quot;Calibri&quot;,sans-serif\"><span class=\"MsoHyperlink\" style=\"color:blue\"><span style=\"text-decoration:underline\"><b><span style=\"font-size:14.0pt\"><span style=\"text-decoration:none\"><span style=\"text-underline:none\">Curso ABNT | Simbologia de cuidados aplicada a Etiquetagem de T&ecirc;xteis - ABNT NBR NM ISO 3758<\/span><\/span><\/span><\/b><\/span><\/span><span class=\"MsoHyperlink\" style=\"color:blue\"><span style=\"text-decoration:underline\"><span style=\"font-size:14.0pt\"><span style=\"text-decoration:none\"><span style=\"text-underline:none\">, online, 27 e 28\/02\/2023. <\/span><\/span><\/span><\/span><\/span><a href=\"https:\/\/www.abntcatalogo.com.br\/pcs.aspx?Q=ZlgyeVVtT2FtUjc1WUpTQ0RpanB2VnVDblNMYnFKNVA=\" style=\"color:blue; text-decoration:underline\"><span style=\"font-size:14.0pt\">Informa&ccedil;&otilde;es<\/span><\/a><\/span><\/span><\/span><\/p>\r\n\r\n<p style=\"text-align:justify\"><span style=\"font-size:11pt\"><span style=\"line-height:normal\"><span style=\"font-family:&quot;Calibri&quot;,sans-serif\"><span class=\"MsoHyperlink\" style=\"color:blue\"><span style=\"text-decoration:underline\"><b><span style=\"font-size:14.0pt\"><span style=\"text-decoration:none\"><span style=\"text-underline:none\">8&ordm; Encuentro Alianza Latinoamericana Anticontrabando (ALAC)<\/span><\/span><\/span><\/b><\/span><\/span><span class=\"MsoHyperlink\" style=\"color:blue\"><span style=\"text-decoration:underline\"><span style=\"font-size:14.0pt\"><span style=\"text-decoration:none\"><span style=\"text-underline:none\">, 1 y 2 de marzo de 2023, Bogot&aacute;, Colombia. <\/span><\/span><\/span><\/span><\/span><a href=\"https:\/\/www.andi.com.co\/Home\/Evento\/72-8-encuentro-de-la-alianza-latinoamericana\" style=\"color:blue; text-decoration:underline\"><span style=\"font-size:14.0pt\">Informa&ccedil;&otilde;es<\/span><\/a><\/span><\/span><\/span><\/p>\r\n\r\n<p style=\"text-align:justify\"><span style=\"font-size:11pt\"><span style=\"line-height:normal\"><span style=\"font-family:&quot;Calibri&quot;,sans-serif\"><span class=\"MsoHyperlink\" style=\"color:blue\"><span style=\"text-decoration:underline\"><b><span style=\"font-size:14.0pt\"><span style=\"text-decoration:none\"><span style=\"text-underline:none\">46&ordf; FIMEC<\/span><\/span><\/span><\/b><\/span><\/span><span class=\"MsoHyperlink\" style=\"color:blue\"><span style=\"text-decoration:underline\"><span style=\"font-size:14.0pt\"><span style=\"text-decoration:none\"><span style=\"text-underline:none\"> <b>| Feira Internacional de Couros, Produtos Qu&iacute;micos, Componentes, M&aacute;quinas e Equipamentos para Cal&ccedil;ados e Curtumes<\/b>, 07 a 09 de mar&ccedil;o de 2023, FENAC, Novo Hamburgo, Rio Grande do Sul. <\/span><\/span><\/span><\/span><\/span><a href=\"https:\/\/www.fimec.com.br\/pt-br\/home\" style=\"color:blue; text-decoration:underline\"><span style=\"font-size:14.0pt\">Informa&ccedil;&otilde;es<\/span><\/a><\/span><\/span><\/span><\/p>\r\n\r\n<p style=\"text-align:justify\"><span style=\"font-size:11pt\"><span style=\"line-height:normal\"><span style=\"font-family:&quot;Calibri&quot;,sans-serif\"><span class=\"MsoHyperlink\" style=\"color:blue\"><span style=\"text-decoration:underline\"><b><span style=\"font-size:14.0pt\"><span style=\"text-decoration:none\"><span style=\"text-underline:none\">INDA Webinars | New Chemical Regulations &amp; PFAS Impacts to Your Business<\/span><\/span><\/span><\/b><\/span><\/span><span class=\"MsoHyperlink\" style=\"color:blue\"><span style=\"text-decoration:underline\"><span style=\"font-size:14.0pt\"><span style=\"text-decoration:none\"><span style=\"text-underline:none\">, February 22nd, 11 am ET. <\/span><\/span><\/span><\/span><\/span><a href=\"https:\/\/www.inda.org\/inda-webinars\/\" style=\"color:blue; text-decoration:underline\"><span style=\"font-size:14.0pt\">Informa&ccedil;&otilde;es<\/span><\/a> <\/span><\/span><\/span><\/p>\r\n\r\n<p style=\"text-align:justify\"><span style=\"font-size:11pt\"><span style=\"line-height:normal\"><span style=\"font-family:&quot;Calibri&quot;,sans-serif\"><b><span style=\"font-size:14.0pt\">Pl&aacute;stico Brasil &ndash; Feira Internacional do Pl&aacute;stico<\/span><\/b><span style=\"font-size:14.0pt\">, 27 a 31 de mar&ccedil;o de 2023, S&atilde;o Paulo Expo. <\/span><a href=\"https:\/\/www.plasticobrasil.com.br\/pt\/home.html\" style=\"color:blue; text-decoration:underline\"><span style=\"font-size:14.0pt\">Informa&ccedil;&otilde;es<\/span><\/a><\/span><\/span><\/span><\/p>\r\n\r\n<p style=\"text-align:justify\"><span style=\"font-size:11pt\"><span style=\"line-height:normal\"><span style=\"font-family:&quot;Calibri&quot;,sans-serif\"><span class=\"MsoHyperlink\" style=\"color:blue\"><span style=\"text-decoration:underline\"><b><span style=\"font-size:14.0pt\"><span style=\"text-decoration:none\"><span style=\"text-underline:none\">NasceCME | Dia Internacional da Ci&ecirc;ncia da Esteriliza&ccedil;&atilde;o &ndash; Equipes t&eacute;cnicas qualificadas e as interfaces com processos e pr&aacute;ticas seguras<\/span><\/span><\/span><\/b><\/span><\/span><span class=\"MsoHyperlink\" style=\"color:blue\"><span style=\"text-decoration:underline\"><span style=\"font-size:14.0pt\"><span style=\"text-decoration:none\"><span style=\"text-underline:none\">, 14 e 15 de abril de 2023, Golden Tulip, S&atilde;o Jos&eacute; dos Campos. <\/span><\/span><\/span><\/span><\/span><a href=\"https:\/\/www.sympla.com.br\/evento\/dia-internacional-da-ciencia-da-esterilizacao\/1866685?_gl=1*103ko68*_ga*MTk0NjU1Njc3Ni4xNjc1MTc5Mzkz*_ga_KXH10SQTZF*MTY3NTg3MzM2NS45LjEuMTY3NTg3MzQ0My4wLjAuMA..\" style=\"color:blue; text-decoration:underline\"><span style=\"font-size:14.0pt\">Informa&ccedil;&otilde;es<\/span><\/a> <\/span><\/span><\/span><\/p>\r\n\r\n<p style=\"text-align:justify\"><span style=\"font-size:11pt\"><span style=\"line-height:normal\"><span style=\"font-family:&quot;Calibri&quot;,sans-serif\"><span class=\"MsoHyperlink\" style=\"color:blue\"><span style=\"text-decoration:underline\"><b><span style=\"font-size:14.0pt\"><span style=\"text-decoration:none\"><span style=\"text-underline:none\">INDEX 2023<\/span><\/span><\/span><\/b><\/span><\/span><span class=\"MsoHyperlink\" style=\"color:blue\"><span style=\"text-decoration:underline\"><span style=\"font-size:14.0pt\"><span style=\"text-decoration:none\"><span style=\"text-underline:none\">, 18 a 21 de abril, Palexpo, Genebra, Su&iacute;&ccedil;a. <\/span><\/span><\/span><\/span><\/span><a href=\"https:\/\/www.indexnonwovens.com\/en\/\" style=\"color:blue; text-decoration:underline\"><span style=\"font-size:14.0pt\">Informa&ccedil;&otilde;es<\/span><\/a><\/span><\/span><\/span><\/p>\r\n\r\n<p style=\"text-align:justify\"><span style=\"font-size:11pt\"><span style=\"line-height:normal\"><span style=\"font-family:&quot;Calibri&quot;,sans-serif\"><span class=\"MsoHyperlink\" style=\"color:blue\"><span style=\"text-decoration:underline\"><b><span style=\"font-size:14.0pt\"><span style=\"text-decoration:none\"><span style=\"text-underline:none\">SENAI CETIQT | Programa de Desenvolvimento Setorial T&ecirc;xtil<\/span><\/span><\/span><\/b><\/span><\/span><span class=\"MsoHyperlink\" style=\"color:blue\"><span style=\"text-decoration:underline\"><span style=\"font-size:14.0pt\"><span style=\"text-decoration:none\"><span style=\"text-underline:none\">, acesse <\/span><\/span><\/span><\/span><\/span><a href=\"https:\/\/materiais.senaicetiqt.com\/lp_programa-de-desenvolvimento-setorial?utm_campaign=senai_cetiqt_e_abit__pds_textil__2_envio&amp;utm_medium=email&amp;utm_source=RD+Station\" style=\"color:blue; text-decoration:underline\"><span style=\"font-size:14.0pt\">aqui<\/span><\/a><span class=\"MsoHyperlink\" style=\"color:blue\"><span style=\"text-decoration:underline\"><span style=\"font-size:14.0pt\"><span style=\"text-decoration:none\"><span style=\"text-underline:none\"> para mais informa&ccedil;&otilde;es<\/span><\/span><\/span><\/span><\/span><\/span><\/span><\/span><\/p>\r\n\r\n<p style=\"text-align:justify\"><span style=\"font-size:11pt\"><span style=\"line-height:normal\"><span style=\"font-family:&quot;Calibri&quot;,sans-serif\"><a href=\"https:\/\/www.magnetmail.net\/actions\/email_web_version.cfm?ep=nY1qAgSybIYAtXkUlomjGTvozlxP9uwHcN55F0MkytH2RClGE8usJiNt1Arjq6T9h3o4FMnFZvw194A5gVh0cidsrPTck3kKnIiEDOLIT1krQCou4boq3j9g-8jm_6Vc\" style=\"color:blue; text-decoration:underline\"><span style=\"font-size:14.0pt\">INDA | 2023 Calendar of Events<\/span><\/a><\/span><\/span><\/span><\/p>\r\n\r\n<p class=\"MsoTitle\" style=\"text-align:justify\"><span style=\"font-size:28pt\"><span style=\"font-family:&quot;Cambria&quot;,serif\"><span style=\"letter-spacing:-0.5pt\"><b><span style=\"font-size:18.0pt\"><span style=\"font-family:&quot;Calibri&quot;,sans-serif\"><span style=\"font-variant:small-caps\">Setor<\/span><\/span><\/span><\/b><\/span><\/span><\/span><\/p>\r\n\r\n<p style=\"text-align:justify\"><span style=\"font-size:11pt\"><span style=\"line-height:normal\"><span style=\"font-family:&quot;Calibri&quot;,sans-serif\"><a href=\"https:\/\/www.innovationintextiles.com\/medical-health-hygiene\/robust-growth-potential-for-nonwoven-components-in-hygiene\/\" style=\"color:blue; text-decoration:underline\"><span style=\"font-size:14.0pt\">Robust growth potential for nonwoven components in hygiene<\/span><\/a><\/span><\/span><\/span><\/p>\r\n\r\n<p style=\"text-align:justify\"><span style=\"font-size:11pt\"><span style=\"line-height:normal\"><span style=\"font-family:&quot;Calibri&quot;,sans-serif\"><a href=\"https:\/\/www.portugaltextil.com\/texteis-tecnicos-ganham-forca\/?utm_term=Portugal+Textil+a%3F%3F%3F%3F+08.02.2023&amp;utm_campaign=Portugal+Textil+FInal&amp;utm_source=e-goi&amp;utm_medium=email\" style=\"color:blue; text-decoration:underline\"><span style=\"font-size:14.0pt\">T&ecirc;xteis t&eacute;cnicos ganham for&ccedil;a<\/span><\/a><\/span><\/span><\/span><\/p>\r\n\r\n<p style=\"text-align:justify\"><span style=\"font-size:11pt\"><span style=\"line-height:normal\"><span style=\"font-family:&quot;Calibri&quot;,sans-serif\"><a href=\"https:\/\/www.textiletechnology.net\/technology\/interview\/interview-with-charles-beauduin-cematex-the-transformation-in-the-textile-industry-is-on-going-33485?utm_source=%2Fmeta%2Fnewsletter%2Fnewsletter&amp;utm_medium=newsletter&amp;utm_campaign=nl1114&amp;utm_term=0801b20e08c3242125d512808cd74302\" style=\"color:blue; text-decoration:underline\"><span style=\"font-size:14.0pt\">Interview with Charles Beauduin, CEMATEX | The transformation in the textile industry is on-going<\/span><\/a><\/span><\/span><\/span><\/p>\r\n\r\n<p style=\"text-align:justify\"><span style=\"font-size:11pt\"><span style=\"line-height:normal\"><span style=\"font-family:&quot;Calibri&quot;,sans-serif\"><a href=\"https:\/\/www.fibre2fashion.com\/news\/textile-news\/high-inventories-core-problem-of-global-textile-supply-chain-itmf-285640-newsdetails.htm\" style=\"color:blue; text-decoration:underline\"><span style=\"font-size:14.0pt\">High inventories core problem of global textile supply chain: ITMF<\/span><\/a><\/span><\/span><\/span><\/p>\r\n\r\n<p style=\"text-align:justify\"><span style=\"font-size:11pt\"><span style=\"line-height:normal\"><span style=\"font-family:&quot;Calibri&quot;,sans-serif\"><a href=\"https:\/\/www.meiofiltrante.com.br\/Noticia\/110475\/inda-names-mark-snider-chief-market-and-industry-analyst\" style=\"color:blue; text-decoration:underline\"><span style=\"font-size:14.0pt\">INDA Names Mark Snider Chief Market and Industry Analyst<\/span><\/a><\/span><\/span><\/span><\/p>\r\n\r\n<p style=\"text-align:justify\"><span style=\"font-size:11pt\"><span style=\"line-height:normal\"><span style=\"font-family:&quot;Calibri&quot;,sans-serif\"><a href=\"https:\/\/www.textiletechnology.net\/technology\/news\/itmf-business-expected-to-boom-in-next-6-months-33512?utm_source=%2Fmeta%2Fnewsletter%2Fnewsletter&amp;utm_medium=newsletter&amp;utm_campaign=nl1121&amp;utm_term=0801b20e08c3242125d512808cd74302\" style=\"color:blue; text-decoration:underline\"><span style=\"font-size:14.0pt\">ITMF | Business expected to boom in next 6 months<\/span><\/a><\/span><\/span><\/span><\/p>\r\n\r\n<p style=\"text-align:justify\"><span style=\"font-size:11pt\"><span style=\"line-height:normal\"><span style=\"font-family:&quot;Calibri&quot;,sans-serif\"><a href=\"https:\/\/www.textiletechnology.net\/fibers\/news\/andritz-machine-health-monitoring-solutions-improves-plant-safety-33495?utm_source=%2Fmeta%2Fnewsletter%2Fnewsletter&amp;utm_medium=newsletter&amp;utm_campaign=nl1117&amp;utm_term=0801b20e08c3242125d512808cd74302\" style=\"color:blue; text-decoration:underline\"><span style=\"font-size:14.0pt\">Andritz | Machine health monitoring solutions improves plant safety<\/span><\/a><\/span><\/span><\/span><\/p>\r\n\r\n<p style=\"text-align:justify\"><span style=\"font-size:11pt\"><span style=\"line-height:normal\"><span style=\"font-family:&quot;Calibri&quot;,sans-serif\"><a href=\"https:\/\/tissueonline.com.br\/softys-investe-us-12-milhoes-em-nova-linha-de-fraldas-infantis\/?utm_campaign=newsletter_10022023_novo_modelo&amp;utm_medium=email&amp;utm_source=RD+Station\" style=\"color:blue; text-decoration:underline\"><span style=\"font-size:14.0pt\">Softys investe US$ 12 milh&otilde;es em nova linha de fraldas infantis<\/span><\/a><\/span><\/span><\/span><\/p>\r\n\r\n<p style=\"text-align:justify\"><span style=\"font-size:11pt\"><span style=\"line-height:normal\"><span style=\"font-family:&quot;Calibri&quot;,sans-serif\"><a href=\"https:\/\/biblioteca.ibge.gov.br\/visualizacao\/livros\/liv101928_informativo.pdf\" style=\"color:blue; text-decoration:underline\"><span style=\"font-size:14.0pt\">Estudo Conta-Sat&eacute;lite de Sa&uacute;de 2010-2019<\/span><\/a><\/span><\/span><\/span><\/p>\r\n\r\n<p class=\"MsoTitle\" style=\"text-align:justify\"><span style=\"font-size:28pt\"><span style=\"font-family:&quot;Cambria&quot;,serif\"><span style=\"letter-spacing:-0.5pt\"><b><span style=\"font-size:18.0pt\"><span style=\"font-family:&quot;Calibri&quot;,sans-serif\"><span style=\"font-variant:small-caps\">Ind&uacute;stria<\/span><\/span><\/span><\/b><\/span><\/span><\/span><\/p>\r\n\r\n<p style=\"text-align:justify\"><span style=\"font-size:11pt\"><span style=\"line-height:normal\"><span style=\"font-family:&quot;Calibri&quot;,sans-serif\"><a href=\"https:\/\/www.portugaltextil.com\/obstaculos-de-2022-ainda-perduram\/?utm_term=Portugal+Textil+a%3F%3F%3F%3F+06.02.2023&amp;utm_campaign=Portugal+Textil+FInal&amp;utm_source=e-goi&amp;utm_medium=email\" style=\"color:blue; text-decoration:underline\"><span style=\"font-size:14.0pt\">Obst&aacute;culos de 2022 ainda perduram<\/span><\/a><\/span><\/span><\/span><\/p>\r\n\r\n<p style=\"text-align:justify\"><span style=\"font-size:11pt\"><span style=\"line-height:normal\"><span style=\"font-family:&quot;Calibri&quot;,sans-serif\"><a href=\"https:\/\/www.meiofiltrante.com.br\/Noticia\/110495\/industria-brasileira-de-maquinas-e-equipamentos-para-o-setor-textil-movimenta-us56-milhoes--\" style=\"color:blue; text-decoration:underline\"><span style=\"font-size:14.0pt\">Ind&uacute;stria brasileira de m&aacute;quinas e equipamentos para o setor t&ecirc;xtil movimenta US$5,6 milh&otilde;es<\/span><\/a><\/span><\/span><\/span><\/p>\r\n\r\n<p style=\"text-align:justify\"><span style=\"font-size:11pt\"><span style=\"line-height:normal\"><span style=\"font-family:&quot;Calibri&quot;,sans-serif\"><a href=\"https:\/\/www.cnnbrasil.com.br\/business\/producao-de-veiculos-sobe-5-em-janeiro-diz-anfavea\/\" style=\"color:blue; text-decoration:underline\"><span style=\"font-size:14.0pt\">Produ&ccedil;&atilde;o de ve&iacute;culos sobe 5% em janeiro, diz Anfavea<\/span><\/a><\/span><\/span><\/span><\/p>\r\n\r\n<p style=\"text-align:justify\"><span style=\"font-size:11pt\"><span style=\"line-height:normal\"><span style=\"font-family:&quot;Calibri&quot;,sans-serif\"><a href=\"https:\/\/www.fiesp.com.br\/noticias\/producao-industrial-registra-queda-em-2022-a-sexta-em-10-anos\/?utm_source=emkt&amp;utm_medium=emkt&amp;utm_campaign=economia+Fiesp+projeta+queda+de+0%2C5%25+na+produ%C3%A7%C3%A3o+industrial+em+2023&amp;utm_id=economia+Fiesp+proj\" style=\"color:blue; text-decoration:underline\"><span style=\"font-size:14.0pt\">Produ&ccedil;&atilde;o Industrial registra queda em 2022, a sexta em 10 anos<\/span><\/a><\/span><\/span><\/span><\/p>\r\n\r\n<p style=\"text-align:justify\"><span style=\"font-size:11pt\"><span style=\"line-height:normal\"><span style=\"font-family:&quot;Calibri&quot;,sans-serif\"><a href=\"https:\/\/garagem360.com.br\/industria-automotiva-recuperar-producao-pre-pandemia-2025\/\" style=\"color:blue; text-decoration:underline\"><span style=\"font-size:14.0pt\">Ind&uacute;stria automotiva deve recuperar produ&ccedil;&atilde;o pr&eacute;-pandemia ap&oacute;s 2025<\/span><\/a><\/span><\/span><\/span><\/p>\r\n\r\n<p style=\"text-align:justify\"><span style=\"font-size:11pt\"><span style=\"line-height:normal\"><span style=\"font-family:&quot;Calibri&quot;,sans-serif\"><a href=\"https:\/\/garagem360.com.br\/vendas-sobem-13-decepcionam-industria-automotiva-brasileira\/\" style=\"color:blue; text-decoration:underline\"><span style=\"font-size:14.0pt\">Vendas sobem 13%, mas decepcionam a ind&uacute;stria automotiva brasileira<\/span><\/a><\/span><\/span><\/span><\/p>\r\n\r\n<p style=\"text-align:justify\"><span style=\"font-size:11pt\"><span style=\"line-height:normal\"><span style=\"font-family:&quot;Calibri&quot;,sans-serif\"><a href=\"https:\/\/revistamt.com.br\/Noticias\/Exibir\/vendas-de-caminhoes-em-2023-devem-crescer-no-1-trimestre?utm_source=akna&amp;utm_medium=email&amp;utm_campaign=Revista-M-T-Informativo-613-07-02-2023&amp;utm_source=akna&amp;utm_medium=email&amp;utm_campaign=Revista-M-T-Informativo-613-07-02-2023\" style=\"color:blue; text-decoration:underline\"><span style=\"font-size:14.0pt\">Vendas de caminh&otilde;es em 2023 devem crescer no 1&ordm; trimestre<\/span><\/a><\/span><\/span><\/span><\/p>\r\n\r\n<p style=\"text-align:justify\"><span style=\"font-size:11pt\"><span style=\"line-height:normal\"><span style=\"font-family:&quot;Calibri&quot;,sans-serif\"><a href=\"https:\/\/revistamt.com.br\/Noticias\/Exibir\/venda-de-maquinas-agricolas-bate-recorde-no-brasil-em-2022?utm_source=akna&amp;utm_medium=email&amp;utm_campaign=Revista-M-T-Informativo-613-07-02-2023&amp;utm_source=akna&amp;utm_medium=email&amp;utm_campaign=Revista-M-T-Informativo-613-07-02-2023\" style=\"color:blue; text-decoration:underline\"><span style=\"font-size:14.0pt\">Venda de m&aacute;quinas agr&iacute;colas bate recorde no Brasil em 2022<\/span><\/a><\/span><\/span><\/span><\/p>\r\n\r\n<p style=\"text-align:justify\"><span style=\"font-size:11pt\"><span style=\"line-height:normal\"><span style=\"font-family:&quot;Calibri&quot;,sans-serif\"><a href=\"https:\/\/exclusivo.com.br\/_conteudo\/negocios\/2023\/02\/09\/rio-grande-do-sul-e-o-maior-empregador-do-setor-calcadista-brasileiro.html\" style=\"color:blue; text-decoration:underline\"><span style=\"font-size:14.0pt\">Rio Grande do Sul &eacute; o maior empregador do setor cal&ccedil;adista brasileiro<\/span><\/a> <\/span><\/span><\/span><\/p>\r\n\r\n<p style=\"text-align:justify\"><span style=\"font-size:11pt\"><span style=\"line-height:normal\"><span style=\"font-family:&quot;Calibri&quot;,sans-serif\"><a href=\"https:\/\/www.moveisdevalor.com.br\/portal\/industria-gaucha-ganha-em-faturamento-mas-perde-na-exportacao?source=news\" style=\"color:blue; text-decoration:underline\"><span style=\"font-size:14.0pt\">Ind&uacute;stria ga&uacute;cha ganha em faturamento, mas perde na exporta&ccedil;&atilde;o<\/span><\/a><\/span><\/span><\/span><\/p>\r\n\r\n<p class=\"MsoTitle\" style=\"text-align:justify\"><span style=\"font-size:28pt\"><span style=\"font-family:&quot;Cambria&quot;,serif\"><span style=\"letter-spacing:-0.5pt\"><b><span style=\"font-size:18.0pt\"><span style=\"font-family:&quot;Calibri&quot;,sans-serif\"><span style=\"font-variant:small-caps\">Sustentabilidade<\/span><\/span><\/span><\/b><\/span><\/span><\/span><\/p>\r\n\r\n<p style=\"text-align:justify\"><span style=\"font-size:11pt\"><span style=\"line-height:normal\"><span style=\"font-family:&quot;Calibri&quot;,sans-serif\"><a href=\"https:\/\/grandesconstrucoes.com.br\/Noticias\/Exibir\/construcao-civil-alinhada-as-causas-ambientais?utm_source=akna&amp;utm_medium=email&amp;utm_campaign=Grandes-Construcoes-Informativo-848-09-02-2023&amp;utm_source=akna&amp;utm_medium=email&amp;utm_campaign=Grandes-Construcoes-Informativo-848-09-02-2023\" style=\"color:blue; text-decoration:underline\"><span style=\"font-size:14.0pt\">Constru&ccedil;&atilde;o civil alinhada &agrave;s causas ambientais<\/span><\/a><\/span><\/span><\/span><\/p>\r\n\r\n<p style=\"text-align:justify\"><span style=\"font-size:11pt\"><span style=\"line-height:normal\"><span style=\"font-family:&quot;Calibri&quot;,sans-serif\"><a href=\"https:\/\/fcem.com.br\/noticias\/gestao-de-residuo-solido-na-industria-textil-upcycling-e-reciclagem\/?utm_campaign=febratex_news_090223&amp;utm_medium=email&amp;utm_source=RD+Station\" style=\"color:blue; text-decoration:underline\"><span style=\"font-size:14.0pt\">Gest&atilde;o de res&iacute;duo s&oacute;lido na ind&uacute;stria t&ecirc;xtil: upcycling e reciclagem<\/span><\/a><\/span><\/span><\/span><\/p>\r\n\r\n<p style=\"text-align:justify\"><span style=\"font-size:11pt\"><span style=\"line-height:normal\"><span style=\"font-family:&quot;Calibri&quot;,sans-serif\"><a href=\"https:\/\/www.portugaltextil.com\/marcas-nao-cumprem-promessa-de-eliminar-fibras-sinteticas\/?utm_term=Portugal+Textil+a%3F%3F%3F%3F+06.02.2023&amp;utm_campaign=Portugal+Textil+FInal&amp;utm_source=e-goi&amp;utm_medium=email\" style=\"color:blue; text-decoration:underline\"><span style=\"font-size:14.0pt\">Marcas n&atilde;o cumprem promessa de eliminar fibras sint&eacute;ticas<\/span><\/a><\/span><\/span><\/span><\/p>\r\n\r\n<p class=\"MsoTitle\" style=\"text-align:justify\"><span style=\"font-size:28pt\"><span style=\"font-family:&quot;Cambria&quot;,serif\"><span style=\"letter-spacing:-0.5pt\"><b><span style=\"font-size:18.0pt\"><span style=\"font-family:&quot;Calibri&quot;,sans-serif\"><span style=\"font-variant:small-caps\">Inova&ccedil;&atilde;o<\/span><\/span><\/span><\/b><\/span><\/span><\/span><\/p>\r\n\r\n<p style=\"text-align:justify\"><span style=\"font-size:11pt\"><span style=\"line-height:normal\"><span style=\"font-family:&quot;Calibri&quot;,sans-serif\"><a href=\"https:\/\/www.portugaltextil.com\/investigadores-revelam-solucao-para-os-microplasticos\/?utm_term=Portugal+Textil+a%3F%3F%3F%3F+09.02.2023&amp;utm_campaign=Portugal+Textil+FInal&amp;utm_source=e-goi&amp;utm_medium=email\" style=\"color:blue; text-decoration:underline\"><span style=\"font-size:14.0pt\">Investigadores revelam solu&ccedil;&atilde;o para os micropl&aacute;sticos<\/span><\/a><\/span><\/span><\/span><\/p>\r\n\r\n<p style=\"text-align:justify\"><span style=\"font-size:11pt\"><span style=\"line-height:normal\"><span style=\"font-family:&quot;Calibri&quot;,sans-serif\"><a href=\"https:\/\/www.textiletechnology.net\/fibers\/news\/tohoku-university-non-invasive-health-monitoring-with-microelectronic-fibers-33490?utm_source=%2Fmeta%2Fnewsletter%2Fnewsletter&amp;utm_medium=newsletter&amp;utm_campaign=nl1117&amp;utm_term=0801b20e08c3242125d512808cd74302\" style=\"color:blue; text-decoration:underline\"><span style=\"font-size:14.0pt\">Non-invasive health monitoring with microelectronic fibers<\/span><\/a><\/span><\/span><\/span><\/p>\r\n\r\n<p style=\"text-align:justify\"><span style=\"font-size:11pt\"><span style=\"line-height:normal\"><span style=\"font-family:&quot;Calibri&quot;,sans-serif\"><a href=\"https:\/\/www.fibre2fashion.com\/news\/apparel-news\/us-researchers-develop-woven-in-labels-made-of-photonic-fibres-285639-newsdetails.htm\" style=\"color:blue; text-decoration:underline\"><span style=\"font-size:14.0pt\">US researchers develop woven-in labels made of photonic fibres<\/span><\/a><\/span><\/span><\/span><\/p>\r\n\r\n<p style=\"text-align:justify\"><span style=\"font-size:11pt\"><span style=\"line-height:normal\"><span style=\"font-family:&quot;Calibri&quot;,sans-serif\"><a href=\"https:\/\/www.textiletechnology.net\/technology\/trendreports\/fabricademy-textile-and-food-waste-mixes-biodegradation-for-the-production-of-composite-mycelium-materials-33427?utm_source=%2Fmeta%2Fnewsletter%2Fnewsletter&amp;utm_medium=newsletter&amp;utm_campaign=nl1117&amp;utm_term=0801b20e08c3242125d512808cd74302\" style=\"color:blue; text-decoration:underline\"><span style=\"font-size:14.0pt\">Textile and food waste mixes biodegradation for composite mycelium materials<\/span><\/a><\/span><\/span><\/span><\/p>\r\n\r\n<p class=\"MsoTitle\" style=\"text-align:justify\"><span style=\"font-size:28pt\"><span style=\"font-family:&quot;Cambria&quot;,serif\"><span style=\"letter-spacing:-0.5pt\"><b><span style=\"font-size:18.0pt\"><span style=\"font-family:&quot;Calibri&quot;,sans-serif\"><span style=\"font-variant:small-caps\">Com&eacute;rcio Exterior<\/span><\/span><\/span><\/b><\/span><\/span><\/span><\/p>\r\n\r\n<p style=\"text-align:justify\"><span style=\"font-size:11pt\"><span style=\"line-height:normal\"><span style=\"font-family:&quot;Calibri&quot;,sans-serif\"><a href=\"https:\/\/www.abicalcados.com.br\/noticia\/exportacoes-de-calcados-iniciam-o-ano-em-alta\" style=\"color:blue; text-decoration:underline\"><span style=\"font-size:14.0pt\">Exporta&ccedil;&otilde;es de cal&ccedil;ados iniciam o ano em alta<\/span><\/a><\/span><\/span><\/span><\/p>\r\n\r\n<p style=\"text-align:justify\"><span style=\"font-size:11pt\"><span style=\"line-height:normal\"><span style=\"font-family:&quot;Calibri&quot;,sans-serif\"><a href=\"https:\/\/jornaleconomico.pt\/noticias\/china-fim-da-politica-covid-zero-pode-impulsionar-crescimento-de-volta-aos-5-991091\" style=\"color:blue; text-decoration:underline\"><span style=\"font-size:14.0pt\">China: Fim da pol&iacute;tica &lsquo;Covid zero&rsquo; pode impulsionar crescimento de volta aos 5%<\/span><\/a><\/span><\/span><\/span><\/p>\r\n\r\n<p style=\"text-align:justify\"><span style=\"font-size:11pt\"><span style=\"line-height:normal\"><span style=\"font-family:&quot;Calibri&quot;,sans-serif\"><a href=\"https:\/\/www.portugaltextil.com\/itv-da-turquia-alinha-se-com-as-exigencias-da-ue\/?utm_term=Portugal+Textil+a%3F%3F%3F%3F+06.02.2023&amp;utm_campaign=Portugal+Textil+FInal&amp;utm_source=e-goi&amp;utm_medium=email\" style=\"color:blue; text-decoration:underline\"><span style=\"font-size:14.0pt\">ITV da Turquia alinha-se com as exig&ecirc;ncias da UE<\/span><\/a><\/span><\/span><\/span><\/p>\r\n\r\n<p style=\"text-align:justify\"><span style=\"font-size:11pt\"><span style=\"line-height:normal\"><span style=\"font-family:&quot;Calibri&quot;,sans-serif\"><a href=\"https:\/\/www.fibre2fashion.com\/news\/textile-news\/new-us-textile-investments-sourcing-commitments-for-central-america-285666-newsdetails.htm\" style=\"color:blue; text-decoration:underline\"><span style=\"font-size:14.0pt\">New US textile investments, sourcing commitments for Central America<\/span><\/a><\/span><\/span><\/span><\/p>\r\n\r\n<p class=\"MsoTitle\" style=\"text-align:justify\"><span style=\"font-size:28pt\"><span style=\"font-family:&quot;Cambria&quot;,serif\"><span style=\"letter-spacing:-0.5pt\"><b><span style=\"font-size:18.0pt\"><span style=\"font-family:&quot;Calibri&quot;,sans-serif\"><span style=\"font-variant:small-caps\">Economia<\/span><\/span><\/span><\/b><\/span><\/span><\/span><\/p>\r\n\r\n<p style=\"text-align:justify\"><span style=\"font-size:11pt\"><span style=\"line-height:normal\"><span style=\"font-family:&quot;Calibri&quot;,sans-serif\"><a href=\"https:\/\/www.bcb.gov.br\/content\/focus\/focus\/R20230210.pdf\" style=\"color:blue; text-decoration:underline\"><span style=\"font-size:14.0pt\">FOCUS &ndash; Relat&oacute;rio de Mercado<\/span><\/a><\/span><\/span><\/span><\/p>\r\n\r\n<p style=\"text-align:justify\"><span style=\"font-size:11pt\"><span style=\"line-height:normal\"><span style=\"font-family:&quot;Calibri&quot;,sans-serif\"><a href=\"https:\/\/portalibre.fgv.br\/system\/files\/2023-02\/barometros-globais-kof-fgv_press-release_02_2023.pdf\" style=\"color:blue; text-decoration:underline\"><span style=\"font-size:14.0pt\">Bar&ocirc;metros Globais interrompem sequ&ecirc;ncia de quedas<\/span><\/a><\/span><\/span><\/span><\/p>\r\n\r\n<p style=\"text-align:justify\"><span style=\"font-size:11pt\"><span style=\"line-height:normal\"><span style=\"font-family:&quot;Calibri&quot;,sans-serif\"><a href=\"https:\/\/noticias.portaldaindustria.com.br\/noticias\/economia\/expectativas-dos-empresarios-na-economia-e-na-empresa-elevam-indice-de-confianca\/\" style=\"color:blue; text-decoration:underline\"><span style=\"font-size:14.0pt\">Expectativas dos empres&aacute;rios na economia e na empresa elevam &iacute;ndice de confian&ccedil;a<\/span><\/a><\/span><\/span><\/span><\/p>\r\n\r\n<p style=\"text-align:justify\"><span style=\"font-size:11pt\"><span style=\"line-height:normal\"><span style=\"font-family:&quot;Calibri&quot;,sans-serif\"><a href=\"http:\/\/www.revistaanamaco.com.br\/confianca-dos-empresarios-do-comercio-sofre-segunda-queda-consecutiva?utm_campaign=Revista+Anamaco+Online&amp;utm_content=Confian%C3%A7a+dos+empres%C3%A1rios+do+com%C3%A9rcio+sofre+segunda+queda+consecutiva+-+Revista+Anamaco+%282%29&amp;utm_medium=email&amp;utm_source=EmailMarketing&amp;utm_term=Revista+Anamaco+Online-Newsletter%2311-2023\" style=\"color:blue; text-decoration:underline\"><span style=\"font-size:14.0pt\">Confian&ccedil;a dos empres&aacute;rios do com&eacute;rcio sofre segunda queda consecutiva<\/span><\/a><\/span><\/span><\/span><\/p>\r\n\r\n<p style=\"text-align:justify\"><span style=\"font-size:11pt\"><span style=\"line-height:normal\"><span style=\"font-family:&quot;Calibri&quot;,sans-serif\"><a href=\"https:\/\/expresso.pt\/economia\/2023-02-09-Crescimento-do-PIB-mundial-ira-ultrapassar-comercio-global-pela-primeira-vez-em-25-anos-diz-o-Boston-Consulting-Group-108ede62\" style=\"color:blue; text-decoration:underline\"><span style=\"font-size:14.0pt\">Crescimento do PIB mundial ir&aacute; ultrapassar com&eacute;rcio global pela primeira vez em 25 anos, diz o Boston Consulting Group<\/span><\/a><\/span><\/span><\/span><\/p>\r\n\r\n<p class=\"MsoTitleCxSpLast\" style=\"text-align:justify\">&nbsp;<\/p>\r\n","texto_en":"","7":"","imagem":"COMP_banner-padrao-home-destaques-boletim-2023_20230216142723xLCxcIsZZn.jpeg","8":"COMP_banner-padrao-home-destaques-boletim-2023_20230216142723xLCxcIsZZn.jpeg","arquivo":"20230214-NOTICIAS-SEMANAIS.PDF","9":"20230214-NOTICIAS-SEMANAIS.PDF","titulo_arquivo":"","10":"","titulo_arquivo_en":"","11":"","created_at":"2023-02-16 14:27:31","12":"2023-02-16 14:27:31","updated_at":"2023-02-16 14:27:31","13":"2023-02-16 14:27:31"},{"id":51,"0":51,"ordem":172,"1":172,"data":"2023-02-07","2":"2023-02-07","slug":"boletim-de-noticias-semanais-48","3":"boletim-de-noticias-semanais-48","titulo":"Boletim de Not\u00edcias Semanais","4":"Boletim de Not\u00edcias Semanais","titulo_en":"","5":"","texto":"<p style=\"text-align:justify\"><span style=\"font-size:11pt\"><span style=\"line-height:normal\"><span style=\"font-family:&quot;Calibri&quot;,sans-serif\"><span style=\"font-size:14.0pt\">Esta &eacute; uma compila&ccedil;&atilde;o das not&iacute;cias mais relevantes para o setor, incluindo informa&ccedil;&otilde;es sobre acordos internacionais, economia brasileira, sustentabilidade e mat&eacute;rias primas, al&eacute;m de novidades do setor de N&atilde;otecidos e Tecidos T&eacute;cnicos.<\/span><\/span><\/span><\/span><\/p>\r\n\r\n<p class=\"MsoTitleCxSpMiddle\" style=\"text-align:justify\"><span style=\"font-size:28pt\"><span style=\"font-family:&quot;Cambria&quot;,serif\"><span style=\"letter-spacing:-0.5pt\"><b><span style=\"font-size:18.0pt\"><span style=\"font-family:&quot;Calibri&quot;,sans-serif\"><span style=\"font-variant:small-caps\">A&ccedil;&otilde;es da ABINT<\/span><\/span><\/span><\/b><\/span><\/span><\/span><\/p>\r\n\r\n<p class=\"MsoTitleCxSpMiddle\" style=\"text-align:justify\"><img height=\"500\" src=\"https:\/\/www.abint.org.br\/assets\/img\/editor\/premio-tcc-ic-2023-arte-5_20230207144027fKR5eOETvE.png\" width=\"500\" \/><\/p>\r\n\r\n<p style=\"text-align:justify\"><span style=\"font-size:11pt\"><span style=\"line-height:normal\"><span style=\"font-family:&quot;Calibri&quot;,sans-serif\"><strong><span style=\"font-size:14.0pt\"><span style=\"font-family:&quot;Calibri&quot;,sans-serif\">O CTG ABINT e a IGS BRASIL <\/span><\/span><\/strong><span style=\"font-size:14.0pt\">convidam aqueles que desenvolveram trabalhos acad&ecirc;micos relacionados aos geossint&eacute;ticos a participarem&nbsp;de mais uma edi&ccedil;&atilde;o do Pr&ecirc;mio TCC\/IC.<\/span><\/span><\/span><\/span><\/p>\r\n\r\n<p style=\"text-align:justify\"><span style=\"font-size:11pt\"><span style=\"line-height:normal\"><span style=\"font-family:&quot;Calibri&quot;,sans-serif\"><a href=\"https:\/\/abint.us2.list-manage.com\/track\/click?u=88818ac6bf44316570fc1bc2f&amp;id=46b014bcf1&amp;e=626265ad22\" style=\"color:blue; text-decoration:underline\" target=\"_blank\"><span style=\"font-size:14.0pt\"><span style=\"color:blue\">Mais informa&ccedil;&otilde;es e inscri&ccedil;&otilde;es<\/span><\/span><\/a><\/span><\/span><\/span><\/p>\r\n\r\n<p style=\"text-align:justify\">&nbsp;<\/p>\r\n\r\n<p style=\"text-align:justify\"><span style=\"font-size:11pt\"><span style=\"line-height:normal\"><span style=\"font-family:&quot;Calibri&quot;,sans-serif\"><span style=\"font-size:14.0pt\"><span style=\"color:blue\"><img src=\"https:\/\/www.abint.org.br\/assets\/img\/editor\/itma-2023-abint-english-417x250_20230207144151Rx4qWG6UfJ.jpg\" \/><\/span><\/span><\/span><\/span><\/span><\/p>\r\n\r\n<p style=\"text-align:justify\"><span style=\"font-size:11pt\"><span style=\"line-height:normal\"><span style=\"font-family:&quot;Calibri&quot;,sans-serif\"><b><span style=\"font-size:14.0pt\">A ABINT apoia a ITMA 2023<\/span><\/b><\/span><\/span><\/span><\/p>\r\n\r\n<p style=\"text-align:justify\"><span style=\"font-size:14.0pt\"><span style=\"line-height:115%\"><span style=\"font-family:&quot;Calibri&quot;,sans-serif\">A 19&ordf; edi&ccedil;&atilde;o da maior exposi&ccedil;&atilde;o internacional de tecnologia t&ecirc;xtil e de vestu&aacute;rio do mundo acontecer&aacute; em Mil&atilde;o, It&aacute;lia, de 08 a 14 de junho de 2023. <\/span><\/span><\/span><span style=\"font-size:11.0pt\"><span style=\"line-height:115%\"><span style=\"font-family:&quot;Calibri&quot;,sans-serif\"><a href=\"https:\/\/itma.com\/\" style=\"color:blue; text-decoration:underline\"><span style=\"font-size:14.0pt\"><span style=\"line-height:115%\">Informa&ccedil;&otilde;es<\/span><\/span><\/a><\/span><\/span><\/span><\/p>\r\n\r\n<p style=\"text-align:justify\">&nbsp;<\/p>\r\n\r\n<p style=\"text-align:justify\"><span style=\"font-size:11pt\"><span style=\"line-height:normal\"><span style=\"font-family:&quot;Calibri&quot;,sans-serif\"><b><span style=\"font-size:18.0pt\"><span style=\"font-variant:small-caps\">Eventos<\/span><\/span><\/b><\/span><\/span><\/span><\/p>\r\n\r\n<p><strong>EIU | Global monetary policy in 2023<\/strong>, on Thursday February 9th<\/p>\r\n\r\n<p>Session 1: 9am GMT | 10am CET | 5pm HKT<\/p>\r\n\r\n<p>Session 2: 10am EST | 3pm GMT | 4pm CET<\/p>\r\n\r\n<p><a href=\"https:\/\/pages.eiu.com\/index.php\/email\/emailWebview?md_id=43705\">Register free<\/a><\/p>\r\n\r\n<p style=\"text-align:justify\"><strong>Webinar FGV IBRE | &quot;A quest&atilde;o Fiscal e o Crescimento do Pa&iacute;s&quot;<\/strong>, 16 de fevereiro de 2023, 10h00 &agrave;s 11h30, transmiss&atilde;o via YouTube<span style=\"font-size:11pt\"><span style=\"line-height:normal\"><span style=\"font-family:&quot;Calibri&quot;,sans-serif\"><span class=\"MsoHyperlink\" style=\"color:blue\"><span style=\"text-decoration:underline\"><span style=\"font-size:14.0pt\"><span style=\"text-decoration:none\"><span style=\"text-underline:none\">. <\/span><\/span><\/span><\/span><\/span><a href=\"https:\/\/evento.fgv.br\/crescimento-fiscal_1602\/\" style=\"color:blue; text-decoration:underline\"><span style=\"font-size:14.0pt\">Informa&ccedil;&otilde;es<\/span><\/a><\/span><\/span><\/span><\/p>\r\n\r\n<p style=\"text-align:justify\"><strong>Curso ABNT | Simbologia de cuidados aplicada a Etiquetagem de T&ecirc;xteis - ABNT NBR NM ISO 3758<\/strong>, online, 27 e 28\/02\/2023.<span style=\"font-size:11pt\"><span style=\"line-height:normal\"><span style=\"font-family:&quot;Calibri&quot;,sans-serif\"><span class=\"MsoHyperlink\" style=\"color:blue\"><span style=\"text-decoration:underline\"><span style=\"font-size:14.0pt\"><span style=\"text-decoration:none\"><span style=\"text-underline:none\"> <\/span><\/span><\/span><\/span><\/span><a href=\"https:\/\/www.abntcatalogo.com.br\/pcs.aspx?Q=ZlgyeVVtT2FtUjc1WUpTQ0RpanB2VnVDblNMYnFKNVA=\" style=\"color:blue; text-decoration:underline\"><span style=\"font-size:14.0pt\">Informa&ccedil;&otilde;es<\/span><\/a><\/span><\/span><\/span><\/p>\r\n\r\n<p style=\"text-align:justify\"><strong>8&ordm; Encuentro Alianza Latinoamericana Anticontrabando (ALAC)<\/strong>, 1 y 2 de marzo de 2023, Bogot&aacute;, Colombia. <span style=\"font-size:11pt\"><span style=\"line-height:normal\"><span style=\"font-family:&quot;Calibri&quot;,sans-serif\"><a href=\"https:\/\/www.andi.com.co\/Home\/Evento\/72-8-encuentro-de-la-alianza-latinoamericana\" style=\"color:blue; text-decoration:underline\"><span style=\"font-size:14.0pt\">Informa&ccedil;&otilde;es<\/span><\/a><\/span><\/span><\/span><\/p>\r\n\r\n<p style=\"text-align:justify\"><strong>46&ordf; FIMEC | Feira Internacional de Couros, Produtos Qu&iacute;micos, Componentes, M&aacute;quinas e Equipamentos para Cal&ccedil;ados e Curtumes<\/strong>, 07 a 09 de mar&ccedil;o de 2023, FENAC, Novo Hamburgo, Rio Grande do Sul. <span style=\"font-size:11pt\"><span style=\"line-height:normal\"><span style=\"font-family:&quot;Calibri&quot;,sans-serif\"><a href=\"https:\/\/www.fimec.com.br\/pt-br\/home\" style=\"color:blue; text-decoration:underline\"><span style=\"font-size:14.0pt\">Informa&ccedil;&otilde;es<\/span><\/a><\/span><\/span><\/span><\/p>\r\n\r\n<p style=\"text-align:justify\"><span style=\"font-size:11pt\"><span style=\"line-height:normal\"><span style=\"font-family:&quot;Calibri&quot;,sans-serif\"><b><span style=\"font-size:14.0pt\">Pl&aacute;stico Brasil &ndash; Feira Internacional do Pl&aacute;stico<\/span><\/b><span style=\"font-size:14.0pt\">, 27 a 31 de mar&ccedil;o de 2023, S&atilde;o Paulo Expo. <\/span><a href=\"https:\/\/www.plasticobrasil.com.br\/pt\/home.html\" style=\"color:blue; text-decoration:underline\"><span style=\"font-size:14.0pt\">Informa&ccedil;&otilde;es<\/span><\/a><\/span><\/span><\/span><\/p>\r\n\r\n<p style=\"text-align:justify\"><strong>INDEX 2023<\/strong>, 18 a 21 de abril, Palexpo, Genebra, Su&iacute;&ccedil;a.<span style=\"font-size:11pt\"><span style=\"line-height:normal\"><span style=\"font-family:&quot;Calibri&quot;,sans-serif\"><span class=\"MsoHyperlink\" style=\"color:blue\"><span style=\"text-decoration:underline\"><span style=\"font-size:14.0pt\"><span style=\"text-decoration:none\"><span style=\"text-underline:none\"> <\/span><\/span><\/span><\/span><\/span><a href=\"https:\/\/www.indexnonwovens.com\/en\/\" style=\"color:blue; text-decoration:underline\"><span style=\"font-size:14.0pt\">Informa&ccedil;&otilde;es<\/span><\/a><\/span><\/span><\/span><\/p>\r\n\r\n<p style=\"text-align:justify\"><strong>SENAI CETIQT | Programa de Desenvolvimento Setorial T&ecirc;xtil<\/strong><span style=\"font-size:11pt\"><span style=\"line-height:normal\"><span style=\"font-family:&quot;Calibri&quot;,sans-serif\"><span class=\"MsoHyperlink\" style=\"color:blue\"><span style=\"text-decoration:underline\"><span style=\"font-size:14.0pt\"><span style=\"text-decoration:none\"><span style=\"text-underline:none\">, acesse <\/span><\/span><\/span><\/span><\/span><a href=\"https:\/\/materiais.senaicetiqt.com\/lp_programa-de-desenvolvimento-setorial?utm_campaign=senai_cetiqt_e_abit__pds_textil__2_envio&amp;utm_medium=email&amp;utm_source=RD+Station\" style=\"color:blue; text-decoration:underline\"><span style=\"font-size:14.0pt\">aqui<\/span><\/a><span class=\"MsoHyperlink\" style=\"color:blue\"><span style=\"text-decoration:underline\"><span style=\"font-size:14.0pt\"><span style=\"text-decoration:none\"><span style=\"text-underline:none\"> para mais informa&ccedil;&otilde;es<\/span><\/span><\/span><\/span><\/span><\/span><\/span><\/span><\/p>\r\n\r\n<p style=\"text-align:justify\"><span style=\"font-size:11pt\"><span style=\"line-height:normal\"><span style=\"font-family:&quot;Calibri&quot;,sans-serif\"><a href=\"https:\/\/www.magnetmail.net\/actions\/email_web_version.cfm?ep=nY1qAgSybIYAtXkUlomjGTvozlxP9uwHcN55F0MkytH2RClGE8usJiNt1Arjq6T9h3o4FMnFZvw194A5gVh0cidsrPTck3kKnIiEDOLIT1krQCou4boq3j9g-8jm_6Vc\" style=\"color:blue; text-decoration:underline\"><span style=\"font-size:14.0pt\">INDA | 2023 Calendar of Events<\/span><\/a><\/span><\/span><\/span><\/p>\r\n\r\n<p class=\"MsoTitle\" style=\"text-align:justify\"><span style=\"font-size:28pt\"><span style=\"font-family:&quot;Cambria&quot;,serif\"><span style=\"letter-spacing:-0.5pt\"><b><span style=\"font-size:18.0pt\"><span style=\"font-family:&quot;Calibri&quot;,sans-serif\"><span style=\"font-variant:small-caps\">Setor<\/span><\/span><\/span><\/b><\/span><\/span><\/span><\/p>\r\n\r\n<p style=\"text-align:justify\"><span style=\"font-size:11pt\"><span style=\"line-height:normal\"><span style=\"font-family:&quot;Calibri&quot;,sans-serif\"><a href=\"https:\/\/www.nonwovens-industry.com\/issues\/2023-02-01\/view_features\/the-face-mask-market-three-years-later\/?widget=listSection?userloggedin=true\" style=\"color:blue; text-decoration:underline\"><span style=\"font-size:14.0pt\">The Face Mask Market&mdash;Three Years Later<\/span><\/a><\/span><\/span><\/span><\/p>\r\n\r\n<p style=\"text-align:justify\"><span style=\"font-size:11pt\"><span style=\"line-height:normal\"><span style=\"font-family:&quot;Calibri&quot;,sans-serif\"><a href=\"https:\/\/www.nonwovens-industry.com\/issues\/2023-02-01\/view_features\/spunlace-nonwovens-a-new-normal\/?widget=listSection\" style=\"color:blue; text-decoration:underline\"><span style=\"font-size:14.0pt\">Spunlace Nonwovens A New Normal<\/span><\/a><\/span><\/span><\/span><\/p>\r\n\r\n<p style=\"text-align:justify\"><span style=\"font-size:11pt\"><span style=\"line-height:normal\"><span style=\"font-family:&quot;Calibri&quot;,sans-serif\"><a href=\"https:\/\/tissueonline.com.br\/setor-dehppc-movimenta-us-15-bilhao-em-2022\/?utm_campaign=newsletter_03022023_novo_modelo&amp;utm_medium=email&amp;utm_source=RD+Station\" style=\"color:blue; text-decoration:underline\"><span style=\"font-size:14.0pt\">Setor de HPPC movimenta US$ 1,5 bilh&atilde;o em 2022<\/span><\/a><\/span><\/span><\/span><\/p>\r\n\r\n<p style=\"text-align:justify\"><span style=\"font-size:11pt\"><span style=\"line-height:normal\"><span style=\"font-family:&quot;Calibri&quot;,sans-serif\"><a href=\"https:\/\/mundodoplastico.plasticobrasil.com.br\/oportunidades\/importancia-do-plastico-na-saude\" style=\"color:blue; text-decoration:underline\"><span style=\"font-size:14.0pt\">A import&acirc;ncia do pl&aacute;stico na sa&uacute;de<\/span><\/a><\/span><\/span><\/span><\/p>\r\n\r\n<p style=\"text-align:justify\"><span style=\"font-size:11pt\"><span style=\"line-height:normal\"><span style=\"font-family:&quot;Calibri&quot;,sans-serif\"><a href=\"https:\/\/www.textiletechnology.net\/technology\/commentary\/statement-by-prof.-goetz-t.-gresser-the-biggest-challenges-for-2023-33335?utm_source=%2Fmeta%2Fnewsletter%2Fnewsletter&amp;utm_medium=newsletter&amp;utm_campaign=nl1109&amp;utm_term=0801b20e08c3242125d512808cd74302\" style=\"color:blue; text-decoration:underline\"><span style=\"font-size:14.0pt\">Statement by Prof. G&ouml;tz T. Gresser | The biggest challenges for 2023?<\/span><\/a><\/span><\/span><\/span><\/p>\r\n\r\n<p style=\"text-align:justify\"><span style=\"font-size:11pt\"><span style=\"line-height:normal\"><span style=\"font-family:&quot;Calibri&quot;,sans-serif\"><a href=\"https:\/\/indiantextilejournal.com\/sustainability-and-innovations-to-shine-in-the-world-textile-conference\/\" style=\"color:blue; text-decoration:underline\"><span style=\"font-size:14.0pt\">Sustainability and innovations to shine in the World Textile Conference<\/span><\/a><\/span><\/span><\/span><\/p>\r\n\r\n<p style=\"text-align:justify\"><span style=\"font-size:11pt\"><span style=\"line-height:normal\"><span style=\"font-family:&quot;Calibri&quot;,sans-serif\"><a href=\"https:\/\/www.textiletechnology.net\/nonwovens\/news\/index23-exploring-new-horizons-with-nonwovens-33463?utm_source=%2Fmeta%2Fnewsletter%2Fnewsletter&amp;utm_medium=newsletter&amp;utm_campaign=nl1110&amp;utm_term=0801b20e08c3242125d512808cd74302\" style=\"color:blue; text-decoration:underline\"><span style=\"font-size:14.0pt\">Index23 | Exploring new horizons with nonwovens<\/span><\/a><\/span><\/span><\/span><\/p>\r\n\r\n<p style=\"text-align:justify\"><span style=\"font-size:11pt\"><span style=\"line-height:normal\"><span style=\"font-family:&quot;Calibri&quot;,sans-serif\"><a href=\"https:\/\/www.portugaltextil.com\/reciclagem-e-etiquetagem-textil-em-debate\/?utm_term=Portugal+Textil+a%3F%3F%3F%3F+01.02.2023&amp;utm_campaign=Portugal+Textil+FInal&amp;utm_source=e-goi&amp;utm_medium=email\" style=\"color:blue; text-decoration:underline\"><span style=\"font-size:14.0pt\">Reciclagem e etiquetagem t&ecirc;xtil em debate<\/span><\/a><\/span><\/span><\/span><\/p>\r\n\r\n<p style=\"text-align:justify\"><span style=\"font-size:11pt\"><span style=\"line-height:normal\"><span style=\"font-family:&quot;Calibri&quot;,sans-serif\"><a href=\"https:\/\/plasticosemrevista.com.br\/braskem-america-compra-fabricante-de-filamentos-taulman3d\/\" style=\"color:blue; text-decoration:underline\"><span style=\"font-size:14.0pt\">Braskem America compra fabricante de filamentos taulman3D<\/span><\/a><\/span><\/span><\/span><\/p>\r\n\r\n<p style=\"text-align:justify\"><span style=\"font-size:11pt\"><span style=\"line-height:normal\"><span style=\"font-family:&quot;Calibri&quot;,sans-serif\"><a href=\"https:\/\/www.anahp.com.br\/publicacoes\/indicadores-hospitalares-anahp-janeiro-2023\/?utm_campaign=indicadores_hospitalares_anahp_-_jan2023&amp;utm_medium=email&amp;utm_source=RD+Station\" style=\"color:blue; text-decoration:underline\"><span style=\"font-size:14.0pt\">Indicadores Hospitalares Anahp &ndash; Janeiro 2023<\/span><\/a><\/span><\/span><\/span><\/p>\r\n\r\n<p style=\"text-align:justify\"><span style=\"font-size:11pt\"><span style=\"line-height:normal\"><span style=\"font-family:&quot;Calibri&quot;,sans-serif\"><a href=\"https:\/\/textileindustry.ning.com\/forum\/topics\/ind-stria-t-xtil-fecha-2022-com-consumo-de-energia-el-trica-3-8\" style=\"color:blue; text-decoration:underline\"><span style=\"font-size:14.0pt\">Ind&uacute;stria t&ecirc;xtil fecha 2022 com consumo de energia el&eacute;trica 3,8% menor<\/span><\/a><\/span><\/span><\/span><\/p>\r\n\r\n<p class=\"MsoTitle\" style=\"text-align:justify\"><span style=\"font-size:28pt\"><span style=\"font-family:&quot;Cambria&quot;,serif\"><span style=\"letter-spacing:-0.5pt\"><b><span style=\"font-size:18.0pt\"><span style=\"font-family:&quot;Calibri&quot;,sans-serif\"><span style=\"font-variant:small-caps\">Ind&uacute;stria<\/span><\/span><\/span><\/b><\/span><\/span><\/span><\/p>\r\n\r\n<p style=\"text-align:justify\"><span style=\"font-size:11pt\"><span style=\"line-height:normal\"><span style=\"font-family:&quot;Calibri&quot;,sans-serif\"><a href=\"https:\/\/grandeconsumo.com\/cadeias-de-abastecimento-e-tecnologia-areas-de-investimento-prioritarias-para-as-empresas-em-2023\/\" style=\"color:blue; text-decoration:underline\"><span style=\"font-size:14.0pt\">Cadeias de abastecimento e tecnologia: &aacute;reas de investimento priorit&aacute;rias para as empresas em 2023<\/span><\/a><\/span><\/span><\/span><\/p>\r\n\r\n<p style=\"text-align:justify\"><span style=\"font-size:11pt\"><span style=\"line-height:normal\"><span style=\"font-family:&quot;Calibri&quot;,sans-serif\"><a href=\"https:\/\/noticias.portaldaindustria.com.br\/noticias\/economia\/industria-de-transformacao-teve-crescimento-em-cinco-de-seis-indicadores-em-2022\/\" style=\"color:blue; text-decoration:underline\"><span style=\"font-size:14.0pt\">Ind&uacute;stria de transforma&ccedil;&atilde;o teve crescimento em cinco de seis indicadores em 2022<\/span><\/a><\/span><\/span><\/span><\/p>\r\n\r\n<p style=\"text-align:justify\"><span style=\"font-size:11pt\"><span style=\"line-height:normal\"><span style=\"font-family:&quot;Calibri&quot;,sans-serif\"><a href=\"https:\/\/www.fiesp.com.br\/noticias\/producao-industrial-registra-queda-em-2022-a-sexta-em-10-anos\/\" style=\"color:blue; text-decoration:underline\"><span style=\"font-size:14.0pt\">Produ&ccedil;&atilde;o Industrial registra queda em 2022, a sexta em 10 anos<\/span><\/a><\/span><\/span><\/span><\/p>\r\n\r\n<p style=\"text-align:justify\"><span style=\"font-size:11pt\"><span style=\"line-height:normal\"><span style=\"font-family:&quot;Calibri&quot;,sans-serif\"><a href=\"https:\/\/abiquim.org.br\/comunicacao\/noticia\/10581\" style=\"color:blue; text-decoration:underline\"><span style=\"font-size:14.0pt\">Manual de Orienta&ccedil;&atilde;o do eSocial tem nova atualiza&ccedil;&atilde;o<\/span><\/a><\/span><\/span><\/span><\/p>\r\n\r\n<p style=\"text-align:justify\"><span style=\"font-size:11pt\"><span style=\"line-height:normal\"><span style=\"font-family:&quot;Calibri&quot;,sans-serif\"><a href=\"https:\/\/www.contabeis.com.br\/noticias\/54494\/multas-por-ausencia-das-obrigacoes-do-esocial-ja-estao-valendo\/\" style=\"color:blue; text-decoration:underline\"><span style=\"font-size:14.0pt\">Penalidades por descumprimento do eSocial SST entram em vigor<\/span><\/a><\/span><\/span><\/span><\/p>\r\n\r\n<p style=\"text-align:justify\"><span style=\"font-size:11pt\"><span style=\"line-height:normal\"><span style=\"font-family:&quot;Calibri&quot;,sans-serif\"><a href=\"https:\/\/www.automotivebusiness.com.br\/pt\/posts\/setor-automotivo\/industria-so-vai-retomar-a-producao-de-veiculos-pre-covid-depois-de-2025\/\" style=\"color:blue; text-decoration:underline\"><span style=\"font-size:14.0pt\">Ind&uacute;stria s&oacute; vai retomar a produ&ccedil;&atilde;o de ve&iacute;culos pr&eacute;-Covid depois de 2025<\/span><\/a><\/span><\/span><\/span><\/p>\r\n\r\n<p style=\"text-align:justify\"><span style=\"font-size:11pt\"><span style=\"line-height:normal\"><span style=\"font-family:&quot;Calibri&quot;,sans-serif\"><a href=\"https:\/\/exclink.exclusivo.com.br\/cl\/PPGhO\/E6A\/30c6\/LCFJkUKAOaB\/BLUJ\/Fv9YiuWYRjy\/2\/\" style=\"color:blue; text-decoration:underline\"><span style=\"font-size:14.0pt\">Varejo de cal&ccedil;ados deve registrar aumento nominal no primeiro trimestre de 2023<\/span><\/a><\/span><\/span><\/span><\/p>\r\n\r\n<p style=\"text-align:justify\"><span style=\"font-size:11pt\"><span style=\"line-height:normal\"><span style=\"font-family:&quot;Calibri&quot;,sans-serif\"><a href=\"https:\/\/grandesconstrucoes.com.br\/Noticias\/Exibir\/construcao-deve-crescer-25-em-2023?utm_source=akna&amp;utm_medium=email&amp;utm_campaign=Grandes-Construcoes-Informativo-847-02-02-2023&amp;utm_source=akna&amp;utm_medium=email&amp;utm_campaign=Grandes-Construcoes-Informativo-847-02-02-2023\" style=\"color:blue; text-decoration:underline\"><span style=\"font-size:14.0pt\">Constru&ccedil;&atilde;o deve crescer 2,5% em 2023<\/span><\/a><\/span><\/span><\/span><\/p>\r\n\r\n<p class=\"MsoTitle\" style=\"text-align:justify\"><span style=\"font-size:28pt\"><span style=\"font-family:&quot;Cambria&quot;,serif\"><span style=\"letter-spacing:-0.5pt\"><b><span style=\"font-size:18.0pt\"><span style=\"font-family:&quot;Calibri&quot;,sans-serif\"><span style=\"font-variant:small-caps\">Sustentabilidade<\/span><\/span><\/span><\/b><\/span><\/span><\/span><\/p>\r\n\r\n<p style=\"text-align:justify\"><span style=\"font-size:11pt\"><span style=\"line-height:normal\"><span style=\"font-family:&quot;Calibri&quot;,sans-serif\"><a href=\"https:\/\/www.fibre2fashion.com\/news\/textile-news\/eu-announces-green-deal-industrial-plan-to-support-climate-neutrality-285530-newsdetails.htm\" style=\"color:blue; text-decoration:underline\"><span style=\"font-size:14.0pt\">EU announces Green Deal Industrial Plan to support climate neutrality<\/span><\/a><\/span><\/span><\/span><\/p>\r\n\r\n<p style=\"text-align:justify\"><span style=\"font-size:11pt\"><span style=\"line-height:normal\"><span style=\"font-family:&quot;Calibri&quot;,sans-serif\"><a href=\"https:\/\/jornaleconomico.pt\/noticias\/taxa-climatica-sobre-os-mais-ricos-geraria-receita-anual-de-56-mil-milhoes-na-europa-989339\" style=\"color:blue; text-decoration:underline\"><span style=\"font-size:14.0pt\">Taxa clim&aacute;tica sobre os mais ricos geraria receita anual de 56 mil milh&otilde;es na Europa<\/span><\/a><\/span><\/span><\/span><\/p>\r\n\r\n<p style=\"text-align:justify\"><span style=\"font-size:11pt\"><span style=\"line-height:normal\"><span style=\"font-family:&quot;Calibri&quot;,sans-serif\"><a href=\"https:\/\/www.textiletechnology.net\/fibers\/news\/fashion-for-good-textile-to-textile-recycling-initiative-in-usa-33487?utm_source=%2Fmeta%2Fnewsletter%2Fnewsletter&amp;utm_medium=newsletter&amp;utm_campaign=nl1111&amp;utm_term=0801b20e08c3242125d512808cd74302\" style=\"color:blue; text-decoration:underline\"><span style=\"font-size:14.0pt\">Textile-to-textile recycling initiative in USA<\/span><\/a><\/span><\/span><\/span><\/p>\r\n\r\n<p class=\"MsoTitle\" style=\"text-align:justify\"><span style=\"font-size:28pt\"><span style=\"font-family:&quot;Cambria&quot;,serif\"><span style=\"letter-spacing:-0.5pt\"><b><span style=\"font-size:18.0pt\"><span style=\"font-family:&quot;Calibri&quot;,sans-serif\"><span style=\"font-variant:small-caps\">Inova&ccedil;&atilde;o<\/span><\/span><\/span><\/b><\/span><\/span><\/span><\/p>\r\n\r\n<p style=\"text-align:justify\"><span style=\"font-size:11pt\"><span style=\"line-height:normal\"><span style=\"font-family:&quot;Calibri&quot;,sans-serif\"><span class=\"MsoHyperlink\" style=\"color:blue\"><span style=\"text-decoration:underline\"><span style=\"font-size:14.0pt\"><a href=\"https:\/\/tissueonline.com.br\/marca-brasileira-cria-primeiro-absorvente-intimo-organico-do-pais\/?utm_campaign=newsletter_03022023_novo_modelo&amp;utm_medium=email&amp;utm_source=RD+Station\" style=\"color:blue; text-decoration:underline\">Marca brasileira cria primeiro absorvente &iacute;ntimo org&acirc;nico do pa&iacute;s<\/a><\/span><\/span><\/span><\/span><\/span><\/span><\/p>\r\n\r\n<p style=\"text-align:justify\"><span style=\"font-size:11pt\"><span style=\"line-height:normal\"><span style=\"font-family:&quot;Calibri&quot;,sans-serif\"><span class=\"MsoHyperlink\" style=\"color:blue\"><span style=\"text-decoration:underline\"><span style=\"font-size:14.0pt\"><a href=\"https:\/\/diariodonordeste.verdesmares.com.br\/opiniao\/colunistas\/egidio-serpa\/inpi-patenteia-invencao-do-senai-ceara-para-industria-de-calcados-1.3331980\" style=\"color:blue; text-decoration:underline\">INPI patenteia inven&ccedil;&atilde;o do Senai-Cear&aacute; para ind&uacute;stria de cal&ccedil;ados<\/a><\/span><\/span><\/span><\/span><\/span><\/span><\/p>\r\n\r\n<p class=\"MsoTitleCxSpLast\" style=\"text-align:justify\"><span style=\"font-size:28pt\"><span style=\"font-family:&quot;Cambria&quot;,serif\"><span style=\"letter-spacing:-0.5pt\"><b><span style=\"font-size:18.0pt\"><span style=\"font-family:&quot;Calibri&quot;,sans-serif\"><span style=\"font-variant:small-caps\">Com&eacute;rcio Exterior<\/span><\/span><\/span><\/b><\/span><\/span><\/span><\/p>\r\n\r\n<p style=\"text-align:justify\"><span style=\"font-size:11pt\"><span style=\"line-height:normal\"><span style=\"font-family:&quot;Calibri&quot;,sans-serif\"><span class=\"MsoHyperlink\" style=\"color:blue\"><span style=\"text-decoration:underline\"><span style=\"font-size:14.0pt\"><span style=\"text-decoration:none\"><span style=\"text-underline:none\"><a href=\"https:\/\/www.cnnbrasil.com.br\/business\/acordo-mercosul-ue-pode-demorar-para-sair-diz-embaixador-do-brasil-em-portugal\/\" style=\"color:blue; text-decoration:underline\">Acordo Mercosul-UE pode demorar para sair, diz embaixador do Brasil em Portugal<\/a><\/span><\/span><\/span><\/span><\/span><\/span><\/span><\/span><\/p>\r\n\r\n<p style=\"text-align:justify\"><span style=\"font-size:11pt\"><span style=\"line-height:normal\"><span style=\"font-family:&quot;Calibri&quot;,sans-serif\"><a href=\"https:\/\/www.comexdobrasil.com\/cebc-lanca-estudo-inedito-destacando-potencial-de-exportacoes-a-china-por-estados-brasileiros\/\" style=\"color:blue; text-decoration:underline\"><span style=\"font-size:14.0pt\">CEBC lan&ccedil;a estudo in&eacute;dito destacando potencial de exporta&ccedil;&otilde;es &agrave; China por estados brasileiros<\/span><\/a><\/span><\/span><\/span><\/p>\r\n\r\n<p style=\"text-align:justify\"><span style=\"font-size:11pt\"><span style=\"line-height:normal\"><span style=\"font-family:&quot;Calibri&quot;,sans-serif\"><a href=\"https:\/\/www.comexdobrasil.com\/o-brasil-nao-tem-a-menor-condicao-de-negociar-um-acordo-de-livre-comercio-com-os-eua-diz-aeb\/\" style=\"color:blue; text-decoration:underline\"><span style=\"font-size:14.0pt\">&ldquo;O Brasil n&atilde;o tem a menor condi&ccedil;&atilde;o de negociar um acordo de livre com&eacute;rcio com os EUA&rdquo;, diz AEB<\/span><\/a><\/span><\/span><\/span><\/p>\r\n\r\n<p style=\"text-align:justify\"><span style=\"font-size:11pt\"><span style=\"line-height:normal\"><span style=\"font-family:&quot;Calibri&quot;,sans-serif\"><a href=\"https:\/\/grandesconstrucoes.com.br\/Noticias\/Exibir\/atividade-industrial-da-china-tem-recuperacao-em-janeiro?utm_source=akna&amp;utm_medium=email&amp;utm_campaign=Grandes-Construcoes-Informativo-847-02-02-2023&amp;utm_source=akna&amp;utm_medium=email&amp;utm_campaign=Grandes-Construcoes-Informativo-847-02-02-2023\" style=\"color:blue; text-decoration:underline\"><span style=\"font-size:14.0pt\">Atividade industrial da China tem recupera&ccedil;&atilde;o em janeiro<\/span><\/a><\/span><\/span><\/span><\/p>\r\n\r\n<p style=\"text-align:justify\"><span style=\"font-size:11pt\"><span style=\"line-height:normal\"><span style=\"font-family:&quot;Calibri&quot;,sans-serif\"><a href=\"https:\/\/textileindustry.ning.com\/forum\/topics\/espionagem-industrial-como-a-china-conseguiu-segredos-tecnol\" style=\"color:blue; text-decoration:underline\"><span style=\"font-size:14.0pt\">Espionagem industrial: como a China conseguiu segredos tecnol&oacute;gicos dos EUA<\/span><\/a><\/span><\/span><\/span><\/p>\r\n\r\n<p style=\"text-align:justify\"><span style=\"font-size:11pt\"><span style=\"line-height:normal\"><span style=\"font-family:&quot;Calibri&quot;,sans-serif\"><a href=\"https:\/\/www.portugaltextil.com\/o-fim-da-globalizacao-o-que-vem-a-seguir\/?utm_term=Portugal+Textil+a%3F%3F%3F%3F+30.01.2023&amp;utm_campaign=Portugal+Textil+FInal&amp;utm_source=e-goi&amp;utm_medium=email\" style=\"color:blue; text-decoration:underline\"><span style=\"font-size:14.0pt\">O fim da globaliza&ccedil;&atilde;o. O que vem a seguir?<\/span><\/a><\/span><\/span><\/span><\/p>\r\n\r\n<p class=\"MsoTitle\" style=\"text-align:justify\"><span style=\"font-size:28pt\"><span style=\"font-family:&quot;Cambria&quot;,serif\"><span style=\"letter-spacing:-0.5pt\"><b><span style=\"font-size:18.0pt\"><span style=\"font-family:&quot;Calibri&quot;,sans-serif\"><span style=\"font-variant:small-caps\">Economia<\/span><\/span><\/span><\/b><\/span><\/span><\/span><\/p>\r\n\r\n<p style=\"text-align:justify\"><span style=\"font-size:11pt\"><span style=\"line-height:normal\"><span style=\"font-family:&quot;Calibri&quot;,sans-serif\"><a href=\"https:\/\/www.bcb.gov.br\/content\/focus\/focus\/R20230203.pdf\" style=\"color:blue; text-decoration:underline\"><span style=\"font-size:14.0pt\">FOCUS &ndash; Relat&oacute;rio de Mercado<\/span><\/a><\/span><\/span><\/span><\/p>\r\n\r\n<p style=\"text-align:justify\"><span style=\"font-size:11pt\"><span style=\"line-height:normal\"><span style=\"font-family:&quot;Calibri&quot;,sans-serif\"><a href=\"https:\/\/sovos.com\/pt-br\/blog\/tributos\/12-estados-aumentam-a-aliquota-do-icms-em-2023\/?utm_source=&amp;utm_medium=&amp;utm_campaign=&amp;utm_term=&amp;utm_content=&amp;mkt_tok=MzM0LUhWTi0yNDkAAAGJt4QB_RjSO1mZ2tEGPx71eBrCGj7OW_2OxDl41w0mmOe4mcVyupomAYoEh9sX-v8S7by-GRCK9tA4MkodFMC2EYfrdtqEGRl9L8c4E209Pmc\" style=\"color:blue; text-decoration:underline\"><span style=\"font-size:14.0pt\">12 estados aumentam a al&iacute;quota do ICMS em 2023<\/span><\/a><\/span><\/span><\/span><\/p>\r\n\r\n<p style=\"text-align:justify\"><span style=\"font-size:11pt\"><span style=\"line-height:normal\"><span style=\"font-family:&quot;Calibri&quot;,sans-serif\"><a href=\"https:\/\/agenciadenoticias.ibge.gov.br\/agencia-sala-de-imprensa\/2013-agencia-de-noticias\/releases\/36173-producao-industrial-fica-estavel-0-0-em-dezembro-e-fecha-2022-com-recuo-de-0-7\" style=\"color:blue; text-decoration:underline\"><span style=\"font-size:14.0pt\">Produ&ccedil;&atilde;o industrial fica est&aacute;vel (0,0%) em dezembro e fecha 2022 com recuo de 0,7%<\/span><\/a><\/span><\/span><\/span><\/p>\r\n\r\n<p style=\"text-align:justify\"><span style=\"font-size:11pt\"><span style=\"line-height:normal\"><span style=\"font-family:&quot;Calibri&quot;,sans-serif\"><a href=\"https:\/\/www.camara.leg.br\/noticias\/936911-reforma-tributaria-deve-ser-encaminhada-ate-abril-diz-lider-do-governo\/\" style=\"color:blue; text-decoration:underline\"><span style=\"font-size:14.0pt\">Reforma tribut&aacute;ria deve ser encaminhada at&eacute; abril, diz l&iacute;der do governo<\/span><\/a><\/span><\/span><\/span><\/p>\r\n\r\n<p style=\"text-align:justify\"><span style=\"font-size:11pt\"><span style=\"line-height:normal\"><span style=\"font-family:&quot;Calibri&quot;,sans-serif\"><a href=\"https:\/\/www12.senado.leg.br\/radio\/1\/noticia\/2023\/01\/30\/senadores-querem-priorizar-pec-de-reforma-tributaria-que-simplifica-icms-e-iss\" style=\"color:blue; text-decoration:underline\"><span style=\"font-size:14.0pt\">Senadores querem priorizar PEC de reforma tribut&aacute;ria que simplifica ICMS e ISS<\/span><\/a><\/span><\/span><\/span><\/p>\r\n\r\n<p style=\"text-align:justify\"><span style=\"font-size:11pt\"><span style=\"line-height:normal\"><span style=\"font-family:&quot;Calibri&quot;,sans-serif\"><a href=\"https:\/\/portalibre.fgv.br\/system\/files\/2023-02\/apresentacao-sintese-das-sondagens-janeiro2023.pdf\" style=\"color:blue; text-decoration:underline\"><span style=\"font-size:14.0pt\">FGV IBRE | S&iacute;ntese das Sondagens de janeiro de 2023<\/span><\/a><\/span><\/span><\/span><\/p>\r\n\r\n<p style=\"text-align:justify\"><span style=\"font-size:11pt\"><span style=\"line-height:normal\"><span style=\"font-family:&quot;Calibri&quot;,sans-serif\"><a href=\"https:\/\/agenciabrasil.ebc.com.br\/economia\/noticia\/2023-01\/confianca-da-construcao-civil-cai-17-ponto-em-janeiro\" style=\"color:blue; text-decoration:underline\"><span style=\"font-size:14.0pt\">Confian&ccedil;a da Constru&ccedil;&atilde;o Civil cai 1,7 ponto em janeiro<\/span><\/a><\/span><\/span><\/span><\/p>\r\n\r\n<p style=\"text-align:justify\"><span style=\"font-size:11pt\"><span style=\"line-height:normal\"><span style=\"font-family:&quot;Calibri&quot;,sans-serif\"><a href=\"https:\/\/www.fibre2fashion.com\/news\/textile-news\/global-growth-projected-to-fall-from-3-4-in-2022-to-2-9-in-2023-imf-285537-newsdetails.htm\" style=\"color:blue; text-decoration:underline\"><span style=\"font-size:14.0pt\">Global growth projected to fall from 3.4% in 2022 to 2.9% in 2023: IMF<\/span><\/a><\/span><\/span><\/span><\/p>\r\n\r\n<p style=\"text-align:justify\"><span style=\"font-size:11pt\"><span style=\"line-height:normal\"><span style=\"font-family:&quot;Calibri&quot;,sans-serif\"><a href=\"https:\/\/www.rtp.pt\/noticias\/economia\/inflacao-da-zona-euro-recua-em-janeiro-pelo-3o-mes-consecutivo-e-fixa-se-em-85_n1464167\" style=\"color:blue; text-decoration:underline\"><span style=\"font-size:14.0pt\">Infla&ccedil;&atilde;o da zona euro recua em janeiro pelo 3.&ordm; m&ecirc;s consecutivo e fixa-se em 8,5%<\/span><\/a><\/span><\/span><\/span><\/p>\r\n","6":"<p style=\"text-align:justify\"><span style=\"font-size:11pt\"><span style=\"line-height:normal\"><span style=\"font-family:&quot;Calibri&quot;,sans-serif\"><span style=\"font-size:14.0pt\">Esta &eacute; uma compila&ccedil;&atilde;o das not&iacute;cias mais relevantes para o setor, incluindo informa&ccedil;&otilde;es sobre acordos internacionais, economia brasileira, sustentabilidade e mat&eacute;rias primas, al&eacute;m de novidades do setor de N&atilde;otecidos e Tecidos T&eacute;cnicos.<\/span><\/span><\/span><\/span><\/p>\r\n\r\n<p class=\"MsoTitleCxSpMiddle\" style=\"text-align:justify\"><span style=\"font-size:28pt\"><span style=\"font-family:&quot;Cambria&quot;,serif\"><span style=\"letter-spacing:-0.5pt\"><b><span style=\"font-size:18.0pt\"><span style=\"font-family:&quot;Calibri&quot;,sans-serif\"><span style=\"font-variant:small-caps\">A&ccedil;&otilde;es da ABINT<\/span><\/span><\/span><\/b><\/span><\/span><\/span><\/p>\r\n\r\n<p class=\"MsoTitleCxSpMiddle\" style=\"text-align:justify\"><img height=\"500\" src=\"https:\/\/www.abint.org.br\/assets\/img\/editor\/premio-tcc-ic-2023-arte-5_20230207144027fKR5eOETvE.png\" width=\"500\" \/><\/p>\r\n\r\n<p style=\"text-align:justify\"><span style=\"font-size:11pt\"><span style=\"line-height:normal\"><span style=\"font-family:&quot;Calibri&quot;,sans-serif\"><strong><span style=\"font-size:14.0pt\"><span style=\"font-family:&quot;Calibri&quot;,sans-serif\">O CTG ABINT e a IGS BRASIL <\/span><\/span><\/strong><span style=\"font-size:14.0pt\">convidam aqueles que desenvolveram trabalhos acad&ecirc;micos relacionados aos geossint&eacute;ticos a participarem&nbsp;de mais uma edi&ccedil;&atilde;o do Pr&ecirc;mio TCC\/IC.<\/span><\/span><\/span><\/span><\/p>\r\n\r\n<p style=\"text-align:justify\"><span style=\"font-size:11pt\"><span style=\"line-height:normal\"><span style=\"font-family:&quot;Calibri&quot;,sans-serif\"><a href=\"https:\/\/abint.us2.list-manage.com\/track\/click?u=88818ac6bf44316570fc1bc2f&amp;id=46b014bcf1&amp;e=626265ad22\" style=\"color:blue; text-decoration:underline\" target=\"_blank\"><span style=\"font-size:14.0pt\"><span style=\"color:blue\">Mais informa&ccedil;&otilde;es e inscri&ccedil;&otilde;es<\/span><\/span><\/a><\/span><\/span><\/span><\/p>\r\n\r\n<p style=\"text-align:justify\">&nbsp;<\/p>\r\n\r\n<p style=\"text-align:justify\"><span style=\"font-size:11pt\"><span style=\"line-height:normal\"><span style=\"font-family:&quot;Calibri&quot;,sans-serif\"><span style=\"font-size:14.0pt\"><span style=\"color:blue\"><img src=\"https:\/\/www.abint.org.br\/assets\/img\/editor\/itma-2023-abint-english-417x250_20230207144151Rx4qWG6UfJ.jpg\" \/><\/span><\/span><\/span><\/span><\/span><\/p>\r\n\r\n<p style=\"text-align:justify\"><span style=\"font-size:11pt\"><span style=\"line-height:normal\"><span style=\"font-family:&quot;Calibri&quot;,sans-serif\"><b><span style=\"font-size:14.0pt\">A ABINT apoia a ITMA 2023<\/span><\/b><\/span><\/span><\/span><\/p>\r\n\r\n<p style=\"text-align:justify\"><span style=\"font-size:14.0pt\"><span style=\"line-height:115%\"><span style=\"font-family:&quot;Calibri&quot;,sans-serif\">A 19&ordf; edi&ccedil;&atilde;o da maior exposi&ccedil;&atilde;o internacional de tecnologia t&ecirc;xtil e de vestu&aacute;rio do mundo acontecer&aacute; em Mil&atilde;o, It&aacute;lia, de 08 a 14 de junho de 2023. <\/span><\/span><\/span><span style=\"font-size:11.0pt\"><span style=\"line-height:115%\"><span style=\"font-family:&quot;Calibri&quot;,sans-serif\"><a href=\"https:\/\/itma.com\/\" style=\"color:blue; text-decoration:underline\"><span style=\"font-size:14.0pt\"><span style=\"line-height:115%\">Informa&ccedil;&otilde;es<\/span><\/span><\/a><\/span><\/span><\/span><\/p>\r\n\r\n<p style=\"text-align:justify\">&nbsp;<\/p>\r\n\r\n<p style=\"text-align:justify\"><span style=\"font-size:11pt\"><span style=\"line-height:normal\"><span style=\"font-family:&quot;Calibri&quot;,sans-serif\"><b><span style=\"font-size:18.0pt\"><span style=\"font-variant:small-caps\">Eventos<\/span><\/span><\/b><\/span><\/span><\/span><\/p>\r\n\r\n<p><strong>EIU | Global monetary policy in 2023<\/strong>, on Thursday February 9th<\/p>\r\n\r\n<p>Session 1: 9am GMT | 10am CET | 5pm HKT<\/p>\r\n\r\n<p>Session 2: 10am EST | 3pm GMT | 4pm CET<\/p>\r\n\r\n<p><a href=\"https:\/\/pages.eiu.com\/index.php\/email\/emailWebview?md_id=43705\">Register free<\/a><\/p>\r\n\r\n<p style=\"text-align:justify\"><strong>Webinar FGV IBRE | &quot;A quest&atilde;o Fiscal e o Crescimento do Pa&iacute;s&quot;<\/strong>, 16 de fevereiro de 2023, 10h00 &agrave;s 11h30, transmiss&atilde;o via YouTube<span style=\"font-size:11pt\"><span style=\"line-height:normal\"><span style=\"font-family:&quot;Calibri&quot;,sans-serif\"><span class=\"MsoHyperlink\" style=\"color:blue\"><span style=\"text-decoration:underline\"><span style=\"font-size:14.0pt\"><span style=\"text-decoration:none\"><span style=\"text-underline:none\">. <\/span><\/span><\/span><\/span><\/span><a href=\"https:\/\/evento.fgv.br\/crescimento-fiscal_1602\/\" style=\"color:blue; text-decoration:underline\"><span style=\"font-size:14.0pt\">Informa&ccedil;&otilde;es<\/span><\/a><\/span><\/span><\/span><\/p>\r\n\r\n<p style=\"text-align:justify\"><strong>Curso ABNT | Simbologia de cuidados aplicada a Etiquetagem de T&ecirc;xteis - ABNT NBR NM ISO 3758<\/strong>, online, 27 e 28\/02\/2023.<span style=\"font-size:11pt\"><span style=\"line-height:normal\"><span style=\"font-family:&quot;Calibri&quot;,sans-serif\"><span class=\"MsoHyperlink\" style=\"color:blue\"><span style=\"text-decoration:underline\"><span style=\"font-size:14.0pt\"><span style=\"text-decoration:none\"><span style=\"text-underline:none\"> <\/span><\/span><\/span><\/span><\/span><a href=\"https:\/\/www.abntcatalogo.com.br\/pcs.aspx?Q=ZlgyeVVtT2FtUjc1WUpTQ0RpanB2VnVDblNMYnFKNVA=\" style=\"color:blue; text-decoration:underline\"><span style=\"font-size:14.0pt\">Informa&ccedil;&otilde;es<\/span><\/a><\/span><\/span><\/span><\/p>\r\n\r\n<p style=\"text-align:justify\"><strong>8&ordm; Encuentro Alianza Latinoamericana Anticontrabando (ALAC)<\/strong>, 1 y 2 de marzo de 2023, Bogot&aacute;, Colombia. <span style=\"font-size:11pt\"><span style=\"line-height:normal\"><span style=\"font-family:&quot;Calibri&quot;,sans-serif\"><a href=\"https:\/\/www.andi.com.co\/Home\/Evento\/72-8-encuentro-de-la-alianza-latinoamericana\" style=\"color:blue; text-decoration:underline\"><span style=\"font-size:14.0pt\">Informa&ccedil;&otilde;es<\/span><\/a><\/span><\/span><\/span><\/p>\r\n\r\n<p style=\"text-align:justify\"><strong>46&ordf; FIMEC | Feira Internacional de Couros, Produtos Qu&iacute;micos, Componentes, M&aacute;quinas e Equipamentos para Cal&ccedil;ados e Curtumes<\/strong>, 07 a 09 de mar&ccedil;o de 2023, FENAC, Novo Hamburgo, Rio Grande do Sul. <span style=\"font-size:11pt\"><span style=\"line-height:normal\"><span style=\"font-family:&quot;Calibri&quot;,sans-serif\"><a href=\"https:\/\/www.fimec.com.br\/pt-br\/home\" style=\"color:blue; text-decoration:underline\"><span style=\"font-size:14.0pt\">Informa&ccedil;&otilde;es<\/span><\/a><\/span><\/span><\/span><\/p>\r\n\r\n<p style=\"text-align:justify\"><span style=\"font-size:11pt\"><span style=\"line-height:normal\"><span style=\"font-family:&quot;Calibri&quot;,sans-serif\"><b><span style=\"font-size:14.0pt\">Pl&aacute;stico Brasil &ndash; Feira Internacional do Pl&aacute;stico<\/span><\/b><span style=\"font-size:14.0pt\">, 27 a 31 de mar&ccedil;o de 2023, S&atilde;o Paulo Expo. <\/span><a href=\"https:\/\/www.plasticobrasil.com.br\/pt\/home.html\" style=\"color:blue; text-decoration:underline\"><span style=\"font-size:14.0pt\">Informa&ccedil;&otilde;es<\/span><\/a><\/span><\/span><\/span><\/p>\r\n\r\n<p style=\"text-align:justify\"><strong>INDEX 2023<\/strong>, 18 a 21 de abril, Palexpo, Genebra, Su&iacute;&ccedil;a.<span style=\"font-size:11pt\"><span style=\"line-height:normal\"><span style=\"font-family:&quot;Calibri&quot;,sans-serif\"><span class=\"MsoHyperlink\" style=\"color:blue\"><span style=\"text-decoration:underline\"><span style=\"font-size:14.0pt\"><span style=\"text-decoration:none\"><span style=\"text-underline:none\"> <\/span><\/span><\/span><\/span><\/span><a href=\"https:\/\/www.indexnonwovens.com\/en\/\" style=\"color:blue; text-decoration:underline\"><span style=\"font-size:14.0pt\">Informa&ccedil;&otilde;es<\/span><\/a><\/span><\/span><\/span><\/p>\r\n\r\n<p style=\"text-align:justify\"><strong>SENAI CETIQT | Programa de Desenvolvimento Setorial T&ecirc;xtil<\/strong><span style=\"font-size:11pt\"><span style=\"line-height:normal\"><span style=\"font-family:&quot;Calibri&quot;,sans-serif\"><span class=\"MsoHyperlink\" style=\"color:blue\"><span style=\"text-decoration:underline\"><span style=\"font-size:14.0pt\"><span style=\"text-decoration:none\"><span style=\"text-underline:none\">, acesse <\/span><\/span><\/span><\/span><\/span><a href=\"https:\/\/materiais.senaicetiqt.com\/lp_programa-de-desenvolvimento-setorial?utm_campaign=senai_cetiqt_e_abit__pds_textil__2_envio&amp;utm_medium=email&amp;utm_source=RD+Station\" style=\"color:blue; text-decoration:underline\"><span style=\"font-size:14.0pt\">aqui<\/span><\/a><span class=\"MsoHyperlink\" style=\"color:blue\"><span style=\"text-decoration:underline\"><span style=\"font-size:14.0pt\"><span style=\"text-decoration:none\"><span style=\"text-underline:none\"> para mais informa&ccedil;&otilde;es<\/span><\/span><\/span><\/span><\/span><\/span><\/span><\/span><\/p>\r\n\r\n<p style=\"text-align:justify\"><span style=\"font-size:11pt\"><span style=\"line-height:normal\"><span style=\"font-family:&quot;Calibri&quot;,sans-serif\"><a href=\"https:\/\/www.magnetmail.net\/actions\/email_web_version.cfm?ep=nY1qAgSybIYAtXkUlomjGTvozlxP9uwHcN55F0MkytH2RClGE8usJiNt1Arjq6T9h3o4FMnFZvw194A5gVh0cidsrPTck3kKnIiEDOLIT1krQCou4boq3j9g-8jm_6Vc\" style=\"color:blue; text-decoration:underline\"><span style=\"font-size:14.0pt\">INDA | 2023 Calendar of Events<\/span><\/a><\/span><\/span><\/span><\/p>\r\n\r\n<p class=\"MsoTitle\" style=\"text-align:justify\"><span style=\"font-size:28pt\"><span style=\"font-family:&quot;Cambria&quot;,serif\"><span style=\"letter-spacing:-0.5pt\"><b><span style=\"font-size:18.0pt\"><span style=\"font-family:&quot;Calibri&quot;,sans-serif\"><span style=\"font-variant:small-caps\">Setor<\/span><\/span><\/span><\/b><\/span><\/span><\/span><\/p>\r\n\r\n<p style=\"text-align:justify\"><span style=\"font-size:11pt\"><span style=\"line-height:normal\"><span style=\"font-family:&quot;Calibri&quot;,sans-serif\"><a href=\"https:\/\/www.nonwovens-industry.com\/issues\/2023-02-01\/view_features\/the-face-mask-market-three-years-later\/?widget=listSection?userloggedin=true\" style=\"color:blue; text-decoration:underline\"><span style=\"font-size:14.0pt\">The Face Mask Market&mdash;Three Years Later<\/span><\/a><\/span><\/span><\/span><\/p>\r\n\r\n<p style=\"text-align:justify\"><span style=\"font-size:11pt\"><span style=\"line-height:normal\"><span style=\"font-family:&quot;Calibri&quot;,sans-serif\"><a href=\"https:\/\/www.nonwovens-industry.com\/issues\/2023-02-01\/view_features\/spunlace-nonwovens-a-new-normal\/?widget=listSection\" style=\"color:blue; text-decoration:underline\"><span style=\"font-size:14.0pt\">Spunlace Nonwovens A New Normal<\/span><\/a><\/span><\/span><\/span><\/p>\r\n\r\n<p style=\"text-align:justify\"><span style=\"font-size:11pt\"><span style=\"line-height:normal\"><span style=\"font-family:&quot;Calibri&quot;,sans-serif\"><a href=\"https:\/\/tissueonline.com.br\/setor-dehppc-movimenta-us-15-bilhao-em-2022\/?utm_campaign=newsletter_03022023_novo_modelo&amp;utm_medium=email&amp;utm_source=RD+Station\" style=\"color:blue; text-decoration:underline\"><span style=\"font-size:14.0pt\">Setor de HPPC movimenta US$ 1,5 bilh&atilde;o em 2022<\/span><\/a><\/span><\/span><\/span><\/p>\r\n\r\n<p style=\"text-align:justify\"><span style=\"font-size:11pt\"><span style=\"line-height:normal\"><span style=\"font-family:&quot;Calibri&quot;,sans-serif\"><a href=\"https:\/\/mundodoplastico.plasticobrasil.com.br\/oportunidades\/importancia-do-plastico-na-saude\" style=\"color:blue; text-decoration:underline\"><span style=\"font-size:14.0pt\">A import&acirc;ncia do pl&aacute;stico na sa&uacute;de<\/span><\/a><\/span><\/span><\/span><\/p>\r\n\r\n<p style=\"text-align:justify\"><span style=\"font-size:11pt\"><span style=\"line-height:normal\"><span style=\"font-family:&quot;Calibri&quot;,sans-serif\"><a href=\"https:\/\/www.textiletechnology.net\/technology\/commentary\/statement-by-prof.-goetz-t.-gresser-the-biggest-challenges-for-2023-33335?utm_source=%2Fmeta%2Fnewsletter%2Fnewsletter&amp;utm_medium=newsletter&amp;utm_campaign=nl1109&amp;utm_term=0801b20e08c3242125d512808cd74302\" style=\"color:blue; text-decoration:underline\"><span style=\"font-size:14.0pt\">Statement by Prof. G&ouml;tz T. Gresser | The biggest challenges for 2023?<\/span><\/a><\/span><\/span><\/span><\/p>\r\n\r\n<p style=\"text-align:justify\"><span style=\"font-size:11pt\"><span style=\"line-height:normal\"><span style=\"font-family:&quot;Calibri&quot;,sans-serif\"><a href=\"https:\/\/indiantextilejournal.com\/sustainability-and-innovations-to-shine-in-the-world-textile-conference\/\" style=\"color:blue; text-decoration:underline\"><span style=\"font-size:14.0pt\">Sustainability and innovations to shine in the World Textile Conference<\/span><\/a><\/span><\/span><\/span><\/p>\r\n\r\n<p style=\"text-align:justify\"><span style=\"font-size:11pt\"><span style=\"line-height:normal\"><span style=\"font-family:&quot;Calibri&quot;,sans-serif\"><a href=\"https:\/\/www.textiletechnology.net\/nonwovens\/news\/index23-exploring-new-horizons-with-nonwovens-33463?utm_source=%2Fmeta%2Fnewsletter%2Fnewsletter&amp;utm_medium=newsletter&amp;utm_campaign=nl1110&amp;utm_term=0801b20e08c3242125d512808cd74302\" style=\"color:blue; text-decoration:underline\"><span style=\"font-size:14.0pt\">Index23 | Exploring new horizons with nonwovens<\/span><\/a><\/span><\/span><\/span><\/p>\r\n\r\n<p style=\"text-align:justify\"><span style=\"font-size:11pt\"><span style=\"line-height:normal\"><span style=\"font-family:&quot;Calibri&quot;,sans-serif\"><a href=\"https:\/\/www.portugaltextil.com\/reciclagem-e-etiquetagem-textil-em-debate\/?utm_term=Portugal+Textil+a%3F%3F%3F%3F+01.02.2023&amp;utm_campaign=Portugal+Textil+FInal&amp;utm_source=e-goi&amp;utm_medium=email\" style=\"color:blue; text-decoration:underline\"><span style=\"font-size:14.0pt\">Reciclagem e etiquetagem t&ecirc;xtil em debate<\/span><\/a><\/span><\/span><\/span><\/p>\r\n\r\n<p style=\"text-align:justify\"><span style=\"font-size:11pt\"><span style=\"line-height:normal\"><span style=\"font-family:&quot;Calibri&quot;,sans-serif\"><a href=\"https:\/\/plasticosemrevista.com.br\/braskem-america-compra-fabricante-de-filamentos-taulman3d\/\" style=\"color:blue; text-decoration:underline\"><span style=\"font-size:14.0pt\">Braskem America compra fabricante de filamentos taulman3D<\/span><\/a><\/span><\/span><\/span><\/p>\r\n\r\n<p style=\"text-align:justify\"><span style=\"font-size:11pt\"><span style=\"line-height:normal\"><span style=\"font-family:&quot;Calibri&quot;,sans-serif\"><a href=\"https:\/\/www.anahp.com.br\/publicacoes\/indicadores-hospitalares-anahp-janeiro-2023\/?utm_campaign=indicadores_hospitalares_anahp_-_jan2023&amp;utm_medium=email&amp;utm_source=RD+Station\" style=\"color:blue; text-decoration:underline\"><span style=\"font-size:14.0pt\">Indicadores Hospitalares Anahp &ndash; Janeiro 2023<\/span><\/a><\/span><\/span><\/span><\/p>\r\n\r\n<p style=\"text-align:justify\"><span style=\"font-size:11pt\"><span style=\"line-height:normal\"><span style=\"font-family:&quot;Calibri&quot;,sans-serif\"><a href=\"https:\/\/textileindustry.ning.com\/forum\/topics\/ind-stria-t-xtil-fecha-2022-com-consumo-de-energia-el-trica-3-8\" style=\"color:blue; text-decoration:underline\"><span style=\"font-size:14.0pt\">Ind&uacute;stria t&ecirc;xtil fecha 2022 com consumo de energia el&eacute;trica 3,8% menor<\/span><\/a><\/span><\/span><\/span><\/p>\r\n\r\n<p class=\"MsoTitle\" style=\"text-align:justify\"><span style=\"font-size:28pt\"><span style=\"font-family:&quot;Cambria&quot;,serif\"><span style=\"letter-spacing:-0.5pt\"><b><span style=\"font-size:18.0pt\"><span style=\"font-family:&quot;Calibri&quot;,sans-serif\"><span style=\"font-variant:small-caps\">Ind&uacute;stria<\/span><\/span><\/span><\/b><\/span><\/span><\/span><\/p>\r\n\r\n<p style=\"text-align:justify\"><span style=\"font-size:11pt\"><span style=\"line-height:normal\"><span style=\"font-family:&quot;Calibri&quot;,sans-serif\"><a href=\"https:\/\/grandeconsumo.com\/cadeias-de-abastecimento-e-tecnologia-areas-de-investimento-prioritarias-para-as-empresas-em-2023\/\" style=\"color:blue; text-decoration:underline\"><span style=\"font-size:14.0pt\">Cadeias de abastecimento e tecnologia: &aacute;reas de investimento priorit&aacute;rias para as empresas em 2023<\/span><\/a><\/span><\/span><\/span><\/p>\r\n\r\n<p style=\"text-align:justify\"><span style=\"font-size:11pt\"><span style=\"line-height:normal\"><span style=\"font-family:&quot;Calibri&quot;,sans-serif\"><a href=\"https:\/\/noticias.portaldaindustria.com.br\/noticias\/economia\/industria-de-transformacao-teve-crescimento-em-cinco-de-seis-indicadores-em-2022\/\" style=\"color:blue; text-decoration:underline\"><span style=\"font-size:14.0pt\">Ind&uacute;stria de transforma&ccedil;&atilde;o teve crescimento em cinco de seis indicadores em 2022<\/span><\/a><\/span><\/span><\/span><\/p>\r\n\r\n<p style=\"text-align:justify\"><span style=\"font-size:11pt\"><span style=\"line-height:normal\"><span style=\"font-family:&quot;Calibri&quot;,sans-serif\"><a href=\"https:\/\/www.fiesp.com.br\/noticias\/producao-industrial-registra-queda-em-2022-a-sexta-em-10-anos\/\" style=\"color:blue; text-decoration:underline\"><span style=\"font-size:14.0pt\">Produ&ccedil;&atilde;o Industrial registra queda em 2022, a sexta em 10 anos<\/span><\/a><\/span><\/span><\/span><\/p>\r\n\r\n<p style=\"text-align:justify\"><span style=\"font-size:11pt\"><span style=\"line-height:normal\"><span style=\"font-family:&quot;Calibri&quot;,sans-serif\"><a href=\"https:\/\/abiquim.org.br\/comunicacao\/noticia\/10581\" style=\"color:blue; text-decoration:underline\"><span style=\"font-size:14.0pt\">Manual de Orienta&ccedil;&atilde;o do eSocial tem nova atualiza&ccedil;&atilde;o<\/span><\/a><\/span><\/span><\/span><\/p>\r\n\r\n<p style=\"text-align:justify\"><span style=\"font-size:11pt\"><span style=\"line-height:normal\"><span style=\"font-family:&quot;Calibri&quot;,sans-serif\"><a href=\"https:\/\/www.contabeis.com.br\/noticias\/54494\/multas-por-ausencia-das-obrigacoes-do-esocial-ja-estao-valendo\/\" style=\"color:blue; text-decoration:underline\"><span style=\"font-size:14.0pt\">Penalidades por descumprimento do eSocial SST entram em vigor<\/span><\/a><\/span><\/span><\/span><\/p>\r\n\r\n<p style=\"text-align:justify\"><span style=\"font-size:11pt\"><span style=\"line-height:normal\"><span style=\"font-family:&quot;Calibri&quot;,sans-serif\"><a href=\"https:\/\/www.automotivebusiness.com.br\/pt\/posts\/setor-automotivo\/industria-so-vai-retomar-a-producao-de-veiculos-pre-covid-depois-de-2025\/\" style=\"color:blue; text-decoration:underline\"><span style=\"font-size:14.0pt\">Ind&uacute;stria s&oacute; vai retomar a produ&ccedil;&atilde;o de ve&iacute;culos pr&eacute;-Covid depois de 2025<\/span><\/a><\/span><\/span><\/span><\/p>\r\n\r\n<p style=\"text-align:justify\"><span style=\"font-size:11pt\"><span style=\"line-height:normal\"><span style=\"font-family:&quot;Calibri&quot;,sans-serif\"><a href=\"https:\/\/exclink.exclusivo.com.br\/cl\/PPGhO\/E6A\/30c6\/LCFJkUKAOaB\/BLUJ\/Fv9YiuWYRjy\/2\/\" style=\"color:blue; text-decoration:underline\"><span style=\"font-size:14.0pt\">Varejo de cal&ccedil;ados deve registrar aumento nominal no primeiro trimestre de 2023<\/span><\/a><\/span><\/span><\/span><\/p>\r\n\r\n<p style=\"text-align:justify\"><span style=\"font-size:11pt\"><span style=\"line-height:normal\"><span style=\"font-family:&quot;Calibri&quot;,sans-serif\"><a href=\"https:\/\/grandesconstrucoes.com.br\/Noticias\/Exibir\/construcao-deve-crescer-25-em-2023?utm_source=akna&amp;utm_medium=email&amp;utm_campaign=Grandes-Construcoes-Informativo-847-02-02-2023&amp;utm_source=akna&amp;utm_medium=email&amp;utm_campaign=Grandes-Construcoes-Informativo-847-02-02-2023\" style=\"color:blue; text-decoration:underline\"><span style=\"font-size:14.0pt\">Constru&ccedil;&atilde;o deve crescer 2,5% em 2023<\/span><\/a><\/span><\/span><\/span><\/p>\r\n\r\n<p class=\"MsoTitle\" style=\"text-align:justify\"><span style=\"font-size:28pt\"><span style=\"font-family:&quot;Cambria&quot;,serif\"><span style=\"letter-spacing:-0.5pt\"><b><span style=\"font-size:18.0pt\"><span style=\"font-family:&quot;Calibri&quot;,sans-serif\"><span style=\"font-variant:small-caps\">Sustentabilidade<\/span><\/span><\/span><\/b><\/span><\/span><\/span><\/p>\r\n\r\n<p style=\"text-align:justify\"><span style=\"font-size:11pt\"><span style=\"line-height:normal\"><span style=\"font-family:&quot;Calibri&quot;,sans-serif\"><a href=\"https:\/\/www.fibre2fashion.com\/news\/textile-news\/eu-announces-green-deal-industrial-plan-to-support-climate-neutrality-285530-newsdetails.htm\" style=\"color:blue; text-decoration:underline\"><span style=\"font-size:14.0pt\">EU announces Green Deal Industrial Plan to support climate neutrality<\/span><\/a><\/span><\/span><\/span><\/p>\r\n\r\n<p style=\"text-align:justify\"><span style=\"font-size:11pt\"><span style=\"line-height:normal\"><span style=\"font-family:&quot;Calibri&quot;,sans-serif\"><a href=\"https:\/\/jornaleconomico.pt\/noticias\/taxa-climatica-sobre-os-mais-ricos-geraria-receita-anual-de-56-mil-milhoes-na-europa-989339\" style=\"color:blue; text-decoration:underline\"><span style=\"font-size:14.0pt\">Taxa clim&aacute;tica sobre os mais ricos geraria receita anual de 56 mil milh&otilde;es na Europa<\/span><\/a><\/span><\/span><\/span><\/p>\r\n\r\n<p style=\"text-align:justify\"><span style=\"font-size:11pt\"><span style=\"line-height:normal\"><span style=\"font-family:&quot;Calibri&quot;,sans-serif\"><a href=\"https:\/\/www.textiletechnology.net\/fibers\/news\/fashion-for-good-textile-to-textile-recycling-initiative-in-usa-33487?utm_source=%2Fmeta%2Fnewsletter%2Fnewsletter&amp;utm_medium=newsletter&amp;utm_campaign=nl1111&amp;utm_term=0801b20e08c3242125d512808cd74302\" style=\"color:blue; text-decoration:underline\"><span style=\"font-size:14.0pt\">Textile-to-textile recycling initiative in USA<\/span><\/a><\/span><\/span><\/span><\/p>\r\n\r\n<p class=\"MsoTitle\" style=\"text-align:justify\"><span style=\"font-size:28pt\"><span style=\"font-family:&quot;Cambria&quot;,serif\"><span style=\"letter-spacing:-0.5pt\"><b><span style=\"font-size:18.0pt\"><span style=\"font-family:&quot;Calibri&quot;,sans-serif\"><span style=\"font-variant:small-caps\">Inova&ccedil;&atilde;o<\/span><\/span><\/span><\/b><\/span><\/span><\/span><\/p>\r\n\r\n<p style=\"text-align:justify\"><span style=\"font-size:11pt\"><span style=\"line-height:normal\"><span style=\"font-family:&quot;Calibri&quot;,sans-serif\"><span class=\"MsoHyperlink\" style=\"color:blue\"><span style=\"text-decoration:underline\"><span style=\"font-size:14.0pt\"><a href=\"https:\/\/tissueonline.com.br\/marca-brasileira-cria-primeiro-absorvente-intimo-organico-do-pais\/?utm_campaign=newsletter_03022023_novo_modelo&amp;utm_medium=email&amp;utm_source=RD+Station\" style=\"color:blue; text-decoration:underline\">Marca brasileira cria primeiro absorvente &iacute;ntimo org&acirc;nico do pa&iacute;s<\/a><\/span><\/span><\/span><\/span><\/span><\/span><\/p>\r\n\r\n<p style=\"text-align:justify\"><span style=\"font-size:11pt\"><span style=\"line-height:normal\"><span style=\"font-family:&quot;Calibri&quot;,sans-serif\"><span class=\"MsoHyperlink\" style=\"color:blue\"><span style=\"text-decoration:underline\"><span style=\"font-size:14.0pt\"><a href=\"https:\/\/diariodonordeste.verdesmares.com.br\/opiniao\/colunistas\/egidio-serpa\/inpi-patenteia-invencao-do-senai-ceara-para-industria-de-calcados-1.3331980\" style=\"color:blue; text-decoration:underline\">INPI patenteia inven&ccedil;&atilde;o do Senai-Cear&aacute; para ind&uacute;stria de cal&ccedil;ados<\/a><\/span><\/span><\/span><\/span><\/span><\/span><\/p>\r\n\r\n<p class=\"MsoTitleCxSpLast\" style=\"text-align:justify\"><span style=\"font-size:28pt\"><span style=\"font-family:&quot;Cambria&quot;,serif\"><span style=\"letter-spacing:-0.5pt\"><b><span style=\"font-size:18.0pt\"><span style=\"font-family:&quot;Calibri&quot;,sans-serif\"><span style=\"font-variant:small-caps\">Com&eacute;rcio Exterior<\/span><\/span><\/span><\/b><\/span><\/span><\/span><\/p>\r\n\r\n<p style=\"text-align:justify\"><span style=\"font-size:11pt\"><span style=\"line-height:normal\"><span style=\"font-family:&quot;Calibri&quot;,sans-serif\"><span class=\"MsoHyperlink\" style=\"color:blue\"><span style=\"text-decoration:underline\"><span style=\"font-size:14.0pt\"><span style=\"text-decoration:none\"><span style=\"text-underline:none\"><a href=\"https:\/\/www.cnnbrasil.com.br\/business\/acordo-mercosul-ue-pode-demorar-para-sair-diz-embaixador-do-brasil-em-portugal\/\" style=\"color:blue; text-decoration:underline\">Acordo Mercosul-UE pode demorar para sair, diz embaixador do Brasil em Portugal<\/a><\/span><\/span><\/span><\/span><\/span><\/span><\/span><\/span><\/p>\r\n\r\n<p style=\"text-align:justify\"><span style=\"font-size:11pt\"><span style=\"line-height:normal\"><span style=\"font-family:&quot;Calibri&quot;,sans-serif\"><a href=\"https:\/\/www.comexdobrasil.com\/cebc-lanca-estudo-inedito-destacando-potencial-de-exportacoes-a-china-por-estados-brasileiros\/\" style=\"color:blue; text-decoration:underline\"><span style=\"font-size:14.0pt\">CEBC lan&ccedil;a estudo in&eacute;dito destacando potencial de exporta&ccedil;&otilde;es &agrave; China por estados brasileiros<\/span><\/a><\/span><\/span><\/span><\/p>\r\n\r\n<p style=\"text-align:justify\"><span style=\"font-size:11pt\"><span style=\"line-height:normal\"><span style=\"font-family:&quot;Calibri&quot;,sans-serif\"><a href=\"https:\/\/www.comexdobrasil.com\/o-brasil-nao-tem-a-menor-condicao-de-negociar-um-acordo-de-livre-comercio-com-os-eua-diz-aeb\/\" style=\"color:blue; text-decoration:underline\"><span style=\"font-size:14.0pt\">&ldquo;O Brasil n&atilde;o tem a menor condi&ccedil;&atilde;o de negociar um acordo de livre com&eacute;rcio com os EUA&rdquo;, diz AEB<\/span><\/a><\/span><\/span><\/span><\/p>\r\n\r\n<p style=\"text-align:justify\"><span style=\"font-size:11pt\"><span style=\"line-height:normal\"><span style=\"font-family:&quot;Calibri&quot;,sans-serif\"><a href=\"https:\/\/grandesconstrucoes.com.br\/Noticias\/Exibir\/atividade-industrial-da-china-tem-recuperacao-em-janeiro?utm_source=akna&amp;utm_medium=email&amp;utm_campaign=Grandes-Construcoes-Informativo-847-02-02-2023&amp;utm_source=akna&amp;utm_medium=email&amp;utm_campaign=Grandes-Construcoes-Informativo-847-02-02-2023\" style=\"color:blue; text-decoration:underline\"><span style=\"font-size:14.0pt\">Atividade industrial da China tem recupera&ccedil;&atilde;o em janeiro<\/span><\/a><\/span><\/span><\/span><\/p>\r\n\r\n<p style=\"text-align:justify\"><span style=\"font-size:11pt\"><span style=\"line-height:normal\"><span style=\"font-family:&quot;Calibri&quot;,sans-serif\"><a href=\"https:\/\/textileindustry.ning.com\/forum\/topics\/espionagem-industrial-como-a-china-conseguiu-segredos-tecnol\" style=\"color:blue; text-decoration:underline\"><span style=\"font-size:14.0pt\">Espionagem industrial: como a China conseguiu segredos tecnol&oacute;gicos dos EUA<\/span><\/a><\/span><\/span><\/span><\/p>\r\n\r\n<p style=\"text-align:justify\"><span style=\"font-size:11pt\"><span style=\"line-height:normal\"><span style=\"font-family:&quot;Calibri&quot;,sans-serif\"><a href=\"https:\/\/www.portugaltextil.com\/o-fim-da-globalizacao-o-que-vem-a-seguir\/?utm_term=Portugal+Textil+a%3F%3F%3F%3F+30.01.2023&amp;utm_campaign=Portugal+Textil+FInal&amp;utm_source=e-goi&amp;utm_medium=email\" style=\"color:blue; text-decoration:underline\"><span style=\"font-size:14.0pt\">O fim da globaliza&ccedil;&atilde;o. O que vem a seguir?<\/span><\/a><\/span><\/span><\/span><\/p>\r\n\r\n<p class=\"MsoTitle\" style=\"text-align:justify\"><span style=\"font-size:28pt\"><span style=\"font-family:&quot;Cambria&quot;,serif\"><span style=\"letter-spacing:-0.5pt\"><b><span style=\"font-size:18.0pt\"><span style=\"font-family:&quot;Calibri&quot;,sans-serif\"><span style=\"font-variant:small-caps\">Economia<\/span><\/span><\/span><\/b><\/span><\/span><\/span><\/p>\r\n\r\n<p style=\"text-align:justify\"><span style=\"font-size:11pt\"><span style=\"line-height:normal\"><span style=\"font-family:&quot;Calibri&quot;,sans-serif\"><a href=\"https:\/\/www.bcb.gov.br\/content\/focus\/focus\/R20230203.pdf\" style=\"color:blue; text-decoration:underline\"><span style=\"font-size:14.0pt\">FOCUS &ndash; Relat&oacute;rio de Mercado<\/span><\/a><\/span><\/span><\/span><\/p>\r\n\r\n<p style=\"text-align:justify\"><span style=\"font-size:11pt\"><span style=\"line-height:normal\"><span style=\"font-family:&quot;Calibri&quot;,sans-serif\"><a href=\"https:\/\/sovos.com\/pt-br\/blog\/tributos\/12-estados-aumentam-a-aliquota-do-icms-em-2023\/?utm_source=&amp;utm_medium=&amp;utm_campaign=&amp;utm_term=&amp;utm_content=&amp;mkt_tok=MzM0LUhWTi0yNDkAAAGJt4QB_RjSO1mZ2tEGPx71eBrCGj7OW_2OxDl41w0mmOe4mcVyupomAYoEh9sX-v8S7by-GRCK9tA4MkodFMC2EYfrdtqEGRl9L8c4E209Pmc\" style=\"color:blue; text-decoration:underline\"><span style=\"font-size:14.0pt\">12 estados aumentam a al&iacute;quota do ICMS em 2023<\/span><\/a><\/span><\/span><\/span><\/p>\r\n\r\n<p style=\"text-align:justify\"><span style=\"font-size:11pt\"><span style=\"line-height:normal\"><span style=\"font-family:&quot;Calibri&quot;,sans-serif\"><a href=\"https:\/\/agenciadenoticias.ibge.gov.br\/agencia-sala-de-imprensa\/2013-agencia-de-noticias\/releases\/36173-producao-industrial-fica-estavel-0-0-em-dezembro-e-fecha-2022-com-recuo-de-0-7\" style=\"color:blue; text-decoration:underline\"><span style=\"font-size:14.0pt\">Produ&ccedil;&atilde;o industrial fica est&aacute;vel (0,0%) em dezembro e fecha 2022 com recuo de 0,7%<\/span><\/a><\/span><\/span><\/span><\/p>\r\n\r\n<p style=\"text-align:justify\"><span style=\"font-size:11pt\"><span style=\"line-height:normal\"><span style=\"font-family:&quot;Calibri&quot;,sans-serif\"><a href=\"https:\/\/www.camara.leg.br\/noticias\/936911-reforma-tributaria-deve-ser-encaminhada-ate-abril-diz-lider-do-governo\/\" style=\"color:blue; text-decoration:underline\"><span style=\"font-size:14.0pt\">Reforma tribut&aacute;ria deve ser encaminhada at&eacute; abril, diz l&iacute;der do governo<\/span><\/a><\/span><\/span><\/span><\/p>\r\n\r\n<p style=\"text-align:justify\"><span style=\"font-size:11pt\"><span style=\"line-height:normal\"><span style=\"font-family:&quot;Calibri&quot;,sans-serif\"><a href=\"https:\/\/www12.senado.leg.br\/radio\/1\/noticia\/2023\/01\/30\/senadores-querem-priorizar-pec-de-reforma-tributaria-que-simplifica-icms-e-iss\" style=\"color:blue; text-decoration:underline\"><span style=\"font-size:14.0pt\">Senadores querem priorizar PEC de reforma tribut&aacute;ria que simplifica ICMS e ISS<\/span><\/a><\/span><\/span><\/span><\/p>\r\n\r\n<p style=\"text-align:justify\"><span style=\"font-size:11pt\"><span style=\"line-height:normal\"><span style=\"font-family:&quot;Calibri&quot;,sans-serif\"><a href=\"https:\/\/portalibre.fgv.br\/system\/files\/2023-02\/apresentacao-sintese-das-sondagens-janeiro2023.pdf\" style=\"color:blue; text-decoration:underline\"><span style=\"font-size:14.0pt\">FGV IBRE | S&iacute;ntese das Sondagens de janeiro de 2023<\/span><\/a><\/span><\/span><\/span><\/p>\r\n\r\n<p style=\"text-align:justify\"><span style=\"font-size:11pt\"><span style=\"line-height:normal\"><span style=\"font-family:&quot;Calibri&quot;,sans-serif\"><a href=\"https:\/\/agenciabrasil.ebc.com.br\/economia\/noticia\/2023-01\/confianca-da-construcao-civil-cai-17-ponto-em-janeiro\" style=\"color:blue; text-decoration:underline\"><span style=\"font-size:14.0pt\">Confian&ccedil;a da Constru&ccedil;&atilde;o Civil cai 1,7 ponto em janeiro<\/span><\/a><\/span><\/span><\/span><\/p>\r\n\r\n<p style=\"text-align:justify\"><span style=\"font-size:11pt\"><span style=\"line-height:normal\"><span style=\"font-family:&quot;Calibri&quot;,sans-serif\"><a href=\"https:\/\/www.fibre2fashion.com\/news\/textile-news\/global-growth-projected-to-fall-from-3-4-in-2022-to-2-9-in-2023-imf-285537-newsdetails.htm\" style=\"color:blue; text-decoration:underline\"><span style=\"font-size:14.0pt\">Global growth projected to fall from 3.4% in 2022 to 2.9% in 2023: IMF<\/span><\/a><\/span><\/span><\/span><\/p>\r\n\r\n<p style=\"text-align:justify\"><span style=\"font-size:11pt\"><span style=\"line-height:normal\"><span style=\"font-family:&quot;Calibri&quot;,sans-serif\"><a href=\"https:\/\/www.rtp.pt\/noticias\/economia\/inflacao-da-zona-euro-recua-em-janeiro-pelo-3o-mes-consecutivo-e-fixa-se-em-85_n1464167\" style=\"color:blue; text-decoration:underline\"><span style=\"font-size:14.0pt\">Infla&ccedil;&atilde;o da zona euro recua em janeiro pelo 3.&ordm; m&ecirc;s consecutivo e fixa-se em 8,5%<\/span><\/a><\/span><\/span><\/span><\/p>\r\n","texto_en":"","7":"","imagem":"COMP_banner-padrao-home-destaques-boletim-2023_20230207145225S3w3Bk5qUl.jpeg","8":"COMP_banner-padrao-home-destaques-boletim-2023_20230207145225S3w3Bk5qUl.jpeg","arquivo":"20230207-NOTICIAS-SEMANAIS.PDF","9":"20230207-NOTICIAS-SEMANAIS.PDF","titulo_arquivo":"","10":"","titulo_arquivo_en":"","11":"","created_at":"2023-02-07 14:52:34","12":"2023-02-07 14:52:34","updated_at":"2023-02-07 14:52:34","13":"2023-02-07 14:52:34"},{"id":50,"0":50,"ordem":173,"1":173,"data":"2023-01-31","2":"2023-01-31","slug":"boletim-de-noticias-semanais-47","3":"boletim-de-noticias-semanais-47","titulo":"Boletim de Not\u00edcias Semanais","4":"Boletim de Not\u00edcias Semanais","titulo_en":"","5":"","texto":"<p style=\"text-align:justify\"><span style=\"font-size:11pt\"><span style=\"line-height:normal\"><span style=\"font-family:&quot;Calibri&quot;,sans-serif\"><span style=\"font-size:14.0pt\">Esta &eacute; uma compila&ccedil;&atilde;o das not&iacute;cias mais relevantes para o setor, incluindo informa&ccedil;&otilde;es sobre acordos internacionais, economia brasileira, sustentabilidade e mat&eacute;rias primas, al&eacute;m de novidades do setor de N&atilde;otecidos e Tecidos T&eacute;cnicos.<\/span><\/span><\/span><\/span><\/p>\r\n\r\n<p class=\"MsoTitleCxSpMiddle\" style=\"text-align:justify\"><span style=\"font-size:28pt\"><span style=\"font-family:&quot;Cambria&quot;,serif\"><span style=\"letter-spacing:-0.5pt\"><b><span style=\"font-size:18.0pt\"><span style=\"font-family:&quot;Calibri&quot;,sans-serif\"><span style=\"font-variant:small-caps\">Novas Associadas ABINT<\/span><\/span><\/span><\/b><\/span><\/span><\/span><\/p>\r\n\r\n<p class=\"MsoTitleCxSpMiddle\" style=\"text-align:justify\"><img height=\"129\" src=\"https:\/\/www.abint.org.br\/assets\/img\/editor\/anadona_20230131163226a2vXVC1LRG.png\" width=\"300\" \/><img height=\"125\" src=\"https:\/\/www.abint.org.br\/assets\/img\/editor\/betel_20230131163249HYhmIrOqwC.jpg\" width=\"246\" \/><img height=\"99\" src=\"https:\/\/www.abint.org.br\/assets\/img\/editor\/geomarcas_20230131163354JicwKETiPI.jpg\" width=\"222\" \/><\/p>\r\n\r\n<p class=\"MsoTitleCxSpMiddle\" style=\"text-align:justify\"><span style=\"font-size:28pt\"><span style=\"font-family:&quot;Cambria&quot;,serif\"><span style=\"letter-spacing:-0.5pt\"><b><span style=\"font-size:18.0pt\"><span style=\"font-family:&quot;Calibri&quot;,sans-serif\"><span style=\"font-variant:small-caps\">A&ccedil;&otilde;es da ABINT<\/span><\/span><\/span><\/b><\/span><\/span><\/span><\/p>\r\n\r\n<p class=\"MsoTitleCxSpMiddle\" style=\"text-align:justify\"><span style=\"font-size:28pt\"><span style=\"font-family:&quot;Cambria&quot;,serif\"><span style=\"letter-spacing:-0.5pt\"><b><span style=\"font-size:18.0pt\"><span style=\"font-family:&quot;Calibri&quot;,sans-serif\"><span style=\"font-variant:small-caps\"><img height=\"414\" src=\"https:\/\/www.abint.org.br\/assets\/img\/editor\/premio-tcc-ic-2023-arte-1_20230131163549N6ZDKAC2kw.png\" width=\"414\" \/><\/span><\/span><\/span><\/b><\/span><\/span><\/span><\/p>\r\n\r\n<p style=\"text-align:justify\"><span style=\"font-size:11pt\"><span style=\"line-height:normal\"><span style=\"font-family:&quot;Calibri&quot;,sans-serif\"><strong><span style=\"font-size:14.0pt\"><span style=\"font-family:&quot;Calibri&quot;,sans-serif\">O CTG ABINT e a IGS BRASIL <\/span><\/span><\/strong><span style=\"font-size:14.0pt\">convidam aqueles que desenvolveram trabalhos acad&ecirc;micos relacionados aos geossint&eacute;ticos a participarem&nbsp;de mais uma edi&ccedil;&atilde;o do Pr&ecirc;mio TCC\/IC.<\/span><\/span><\/span><\/span><\/p>\r\n\r\n<p style=\"text-align:justify\"><span style=\"font-size:11pt\"><span style=\"line-height:normal\"><span style=\"font-family:&quot;Calibri&quot;,sans-serif\"><a href=\"https:\/\/abint.us2.list-manage.com\/track\/click?u=88818ac6bf44316570fc1bc2f&amp;id=46b014bcf1&amp;e=626265ad22\" style=\"color:blue; text-decoration:underline\" target=\"_blank\"><span style=\"font-size:14.0pt\"><span style=\"color:blue\">Mais informa&ccedil;&otilde;es e inscri&ccedil;&otilde;es<\/span><\/span><\/a><\/span><\/span><\/span><\/p>\r\n\r\n<p style=\"text-align:justify\">&nbsp;<\/p>\r\n\r\n<p class=\"MsoTitleCxSpLast\" style=\"text-align:justify\"><img src=\"https:\/\/www.abint.org.br\/assets\/img\/editor\/itma-2023-abint-english-417x250_20230131163456zhQTxplzIn.jpg\" \/><\/p>\r\n\r\n<p style=\"text-align:justify\"><span style=\"font-size:11pt\"><span style=\"line-height:normal\"><span style=\"font-family:&quot;Calibri&quot;,sans-serif\"><b><span style=\"font-size:14.0pt\">A ABINT apoia a ITMA 2023<\/span><\/b><\/span><\/span><\/span><\/p>\r\n\r\n<p style=\"text-align:justify\"><span style=\"font-size:11pt\"><span style=\"line-height:normal\"><span style=\"font-family:&quot;Calibri&quot;,sans-serif\"><span style=\"font-size:14.0pt\">A 19&ordf; edi&ccedil;&atilde;o da maior exposi&ccedil;&atilde;o internacional de tecnologia t&ecirc;xtil e de vestu&aacute;rio do mundo acontecer&aacute; em Mil&atilde;o, It&aacute;lia, de 08 a 14 de junho de 2023. <\/span><a href=\"https:\/\/itma.com\/\" style=\"color:blue; text-decoration:underline\"><span style=\"font-size:14.0pt\">Informa&ccedil;&otilde;es<\/span><\/a><\/span><\/span><\/span><\/p>\r\n\r\n<p style=\"text-align:justify\">&nbsp;<\/p>\r\n\r\n<p style=\"text-align:justify\"><span style=\"font-size:11pt\"><span style=\"line-height:normal\"><span style=\"font-family:&quot;Calibri&quot;,sans-serif\"><b><span style=\"font-size:18.0pt\"><span style=\"font-variant:small-caps\">Eventos<\/span><\/span><\/b><\/span><\/span><\/span><\/p>\r\n\r\n<p style=\"text-align:justify\"><span style=\"font-size:11pt\"><span style=\"line-height:normal\"><span style=\"font-family:&quot;Calibri&quot;,sans-serif\"><span class=\"MsoHyperlink\" style=\"color:blue\"><span style=\"text-decoration:underline\"><b><span style=\"font-size:14.0pt\"><span style=\"text-decoration:none\"><span style=\"text-underline:none\">ABIT Conversa Aberta | Propostas da Ind&uacute;stria para os 100 primeiros dias do novo Governo<\/span><\/span><\/span><\/b><\/span><\/span><span class=\"MsoHyperlink\" style=\"color:blue\"><span style=\"text-decoration:underline\"><span style=\"font-size:14.0pt\"><span style=\"text-decoration:none\"><span style=\"text-underline:none\">, 31 de janeiro de 2023. <\/span><\/span><\/span><\/span><\/span><a href=\"https:\/\/conteudo.abit.org.br\/conversa-aberta-100-dias-governo?utm_campaign=conversa_aberta_31jan_-_100_dias_governo_-_24012023&amp;utm_medium=email&amp;utm_source=RD+Station\" style=\"color:blue; text-decoration:underline\"><span style=\"font-size:14.0pt\">Informa&ccedil;&otilde;es<\/span><\/a><\/span><\/span><\/span><\/p>\r\n\r\n<p style=\"text-align:justify\"><span style=\"font-size:11pt\"><span style=\"line-height:normal\"><span style=\"font-family:&quot;Calibri&quot;,sans-serif\"><b><span style=\"font-size:14.0pt\">ABRAVA de Portas Abertas | &ldquo;Perspectivas e Planejamento para o setor AVACR 2023&rdquo;<\/span><\/b><span style=\"font-size:14.0pt\">, 31 de janeiro de 2023, 08h00, evento h&iacute;brido. <\/span><a href=\"https:\/\/materiais.abrava.com.br\/31-01-abrava-de-portas-abertas?utm_campaign=abrava_portas_abertas_perspectivas_e_planejamento_para_o_setor_avac-r_2023&amp;utm_medium=email&amp;utm_source=RD+Station\" style=\"color:blue; text-decoration:underline\"><span style=\"font-size:14.0pt\">Informa&ccedil;&otilde;es<\/span><\/a><\/span><\/span><\/span><\/p>\r\n\r\n<p style=\"text-align:justify\"><span style=\"font-size:11pt\"><span style=\"line-height:normal\"><span style=\"font-family:&quot;Calibri&quot;,sans-serif\"><span class=\"MsoHyperlink\" style=\"color:blue\"><span style=\"text-decoration:underline\"><b><span style=\"font-size:14.0pt\"><span style=\"text-decoration:none\"><span style=\"text-underline:none\">Webinar eureciclo | Relat&oacute;rio Nacional Recicla+ e mais cinco Estados<\/span><\/span><\/span><\/b><\/span><\/span><span class=\"MsoHyperlink\" style=\"color:blue\"><span style=\"text-decoration:underline\"><span style=\"font-size:14.0pt\"><span style=\"text-decoration:none\"><span style=\"text-underline:none\">, 02 de fevereiro de 2023. <\/span><\/span><\/span><\/span><\/span><a href=\"https:\/\/info.eureciclo.com.br\/relatorios-2023-assoc?utm_campaign=Associa%C3%A7%C3%B5es%20Signat%C3%A1rias&amp;utm_medium=email&amp;_hsmi=242348008&amp;_hsenc=p2ANqtz--tLO3o6kDgub_Fh3SXgOjItC1744U2t_fO-VG-xoYsfjqhndw5gswMEir9CuuCsLIQsM-CdBnrcENgIb-RBzBRbbUChQ&amp;utm_content=242348008&amp;utm_source=hs_email\" style=\"color:blue; text-decoration:underline\"><span style=\"font-size:14.0pt\">Informa&ccedil;&otilde;es<\/span><\/a><\/span><\/span><\/span><\/p>\r\n\r\n<p style=\"text-align:justify\"><span style=\"font-size:11pt\"><span style=\"line-height:normal\"><span style=\"font-family:&quot;Calibri&quot;,sans-serif\"><span class=\"MsoHyperlink\" style=\"color:blue\"><span style=\"text-decoration:underline\"><b><span style=\"font-size:14.0pt\"><span style=\"text-decoration:none\"><span style=\"text-underline:none\">EIU | Global monetary policy in 2023<\/span><\/span><\/span><\/b><\/span><\/span><span class=\"MsoHyperlink\" style=\"color:blue\"><span style=\"text-decoration:underline\"><span style=\"font-size:14.0pt\"><span style=\"text-decoration:none\"><span style=\"text-underline:none\">, <\/span><\/span><\/span><\/span><\/span><span style=\"font-size:13.5pt\"><span style=\"font-family:&quot;Arial&quot;,sans-serif\"><span style=\"color:#121212\">on Thursday February 9th<\/span><\/span><\/span><\/span><\/span><\/span><\/p>\r\n\r\n<p style=\"text-align:justify\"><span style=\"font-size:11pt\"><span style=\"line-height:normal\"><span style=\"font-family:&quot;Calibri&quot;,sans-serif\"><span class=\"MsoHyperlink\" style=\"color:blue\"><span style=\"text-decoration:underline\"><b><span style=\"font-size:14.0pt\"><span style=\"text-decoration:none\"><span style=\"text-underline:none\">Session 1<\/span><\/span><\/span><\/b><\/span><\/span><span class=\"MsoHyperlink\" style=\"color:blue\"><span style=\"text-decoration:underline\"><span style=\"font-size:14.0pt\"><span style=\"text-decoration:none\"><span style=\"text-underline:none\">: 9am GMT | 10am CET | 5pm HKT <\/span><\/span><\/span><\/span><\/span><\/span><\/span><\/span><\/p>\r\n\r\n<p style=\"text-align:justify\"><span style=\"font-size:11pt\"><span style=\"line-height:normal\"><span style=\"font-family:&quot;Calibri&quot;,sans-serif\"><span class=\"MsoHyperlink\" style=\"color:blue\"><span style=\"text-decoration:underline\"><b><span style=\"font-size:14.0pt\"><span style=\"text-decoration:none\"><span style=\"text-underline:none\">Session 2<\/span><\/span><\/span><\/b><\/span><\/span><span class=\"MsoHyperlink\" style=\"color:blue\"><span style=\"text-decoration:underline\"><span style=\"font-size:14.0pt\"><span style=\"text-decoration:none\"><span style=\"text-underline:none\">: 10am EST | 3pm GMT | 4pm CET<\/span><\/span><\/span><\/span><\/span><\/span><\/span><\/span><\/p>\r\n\r\n<p style=\"text-align:justify\"><span style=\"font-size:11pt\"><span style=\"line-height:normal\"><span style=\"font-family:&quot;Calibri&quot;,sans-serif\"><a href=\"https:\/\/pages.eiu.com\/index.php\/email\/emailWebview?md_id=43705\" style=\"color:blue; text-decoration:underline\"><span style=\"font-size:14.0pt\">Register free<\/span><\/a><\/span><\/span><\/span><\/p>\r\n\r\n<p style=\"text-align:justify\"><span style=\"font-size:11pt\"><span style=\"line-height:normal\"><span style=\"font-family:&quot;Calibri&quot;,sans-serif\"><span class=\"MsoHyperlink\" style=\"color:blue\"><span style=\"text-decoration:underline\"><b><span style=\"font-size:14.0pt\"><span style=\"text-decoration:none\"><span style=\"text-underline:none\">8&ordm; Encuentro Alianza Latinoamericana Anticontrabando (ALAC)<\/span><\/span><\/span><\/b><\/span><\/span><span class=\"MsoHyperlink\" style=\"color:blue\"><span style=\"text-decoration:underline\"><span style=\"font-size:14.0pt\"><span style=\"text-decoration:none\"><span style=\"text-underline:none\">, 1 y 2 de marzo de 2023, Bogot&aacute;, Colombia. <\/span><\/span><\/span><\/span><\/span><a href=\"https:\/\/www.andi.com.co\/Home\/Evento\/72-8-encuentro-de-la-alianza-latinoamericana\" style=\"color:blue; text-decoration:underline\"><span style=\"font-size:14.0pt\">Informa&ccedil;&otilde;es<\/span><\/a> <\/span><\/span><\/span><\/p>\r\n\r\n<p style=\"text-align:justify\"><span style=\"font-size:11pt\"><span style=\"line-height:normal\"><span style=\"font-family:&quot;Calibri&quot;,sans-serif\"><span class=\"MsoHyperlink\" style=\"color:blue\"><span style=\"text-decoration:underline\"><b><span style=\"font-size:14.0pt\"><span style=\"text-decoration:none\"><span style=\"text-underline:none\">46&ordf; FIMEC<\/span><\/span><\/span><\/b><\/span><\/span><span class=\"MsoHyperlink\" style=\"color:blue\"><span style=\"text-decoration:underline\"><span style=\"font-size:14.0pt\"><span style=\"text-decoration:none\"><span style=\"text-underline:none\"> <b>| Feira Internacional de Couros, Produtos Qu&iacute;micos, Componentes, M&aacute;quinas e Equipamentos para Cal&ccedil;ados e Curtumes<\/b>, 07 a 09 de mar&ccedil;o de 2023, FENAC, Novo Hamburgo, Rio Grande do Sul. <\/span><\/span><\/span><\/span><\/span><a href=\"https:\/\/www.fimec.com.br\/pt-br\/home\" style=\"color:blue; text-decoration:underline\"><span style=\"font-size:14.0pt\">Informa&ccedil;&otilde;es<\/span><\/a> <\/span><\/span><\/span><\/p>\r\n\r\n<p style=\"text-align:justify\"><span style=\"font-size:11pt\"><span style=\"line-height:normal\"><span style=\"font-family:&quot;Calibri&quot;,sans-serif\"><b><span style=\"font-size:14.0pt\">Pl&aacute;stico Brasil &ndash; Feira Internacional do Pl&aacute;stico<\/span><\/b><span style=\"font-size:14.0pt\">, 27 a 31 de mar&ccedil;o de 2023, S&atilde;o Paulo Expo. <\/span><a href=\"https:\/\/www.plasticobrasil.com.br\/pt\/home.html\" style=\"color:blue; text-decoration:underline\"><span style=\"font-size:14.0pt\">Informa&ccedil;&otilde;es<\/span><\/a><\/span><\/span><\/span><\/p>\r\n\r\n<p style=\"text-align:justify\"><span style=\"font-size:11pt\"><span style=\"line-height:normal\"><span style=\"font-family:&quot;Calibri&quot;,sans-serif\"><span class=\"MsoHyperlink\" style=\"color:blue\"><span style=\"text-decoration:underline\"><b><span style=\"font-size:14.0pt\"><span style=\"text-decoration:none\"><span style=\"text-underline:none\">INDEX 2023<\/span><\/span><\/span><\/b><\/span><\/span><span class=\"MsoHyperlink\" style=\"color:blue\"><span style=\"text-decoration:underline\"><span style=\"font-size:14.0pt\"><span style=\"text-decoration:none\"><span style=\"text-underline:none\">, 18 a 21 de abril, Palexpo, Genebra, Su&iacute;&ccedil;a. <\/span><\/span><\/span><\/span><\/span><a href=\"https:\/\/www.indexnonwovens.com\/en\/\" style=\"color:blue; text-decoration:underline\"><span style=\"font-size:14.0pt\">Informa&ccedil;&otilde;es<\/span><\/a><\/span><\/span><\/span><\/p>\r\n\r\n<p style=\"text-align:justify\"><span style=\"font-size:11pt\"><span style=\"line-height:normal\"><span style=\"font-family:&quot;Calibri&quot;,sans-serif\"><span class=\"MsoHyperlink\" style=\"color:blue\"><span style=\"text-decoration:underline\"><b><span style=\"font-size:14.0pt\"><span style=\"text-decoration:none\"><span style=\"text-underline:none\">SENAI CETIQT | Programa de Desenvolvimento Setorial T&ecirc;xtil<\/span><\/span><\/span><\/b><\/span><\/span><span class=\"MsoHyperlink\" style=\"color:blue\"><span style=\"text-decoration:underline\"><span style=\"font-size:14.0pt\"><span style=\"text-decoration:none\"><span style=\"text-underline:none\">, acesse <\/span><\/span><\/span><\/span><\/span><a href=\"https:\/\/materiais.senaicetiqt.com\/lp_programa-de-desenvolvimento-setorial?utm_campaign=senai_cetiqt_e_abit__pds_textil__2_envio&amp;utm_medium=email&amp;utm_source=RD+Station\" style=\"color:blue; text-decoration:underline\"><span style=\"font-size:14.0pt\">aqui<\/span><\/a><span class=\"MsoHyperlink\" style=\"color:blue\"><span style=\"text-decoration:underline\"><span style=\"font-size:14.0pt\"><span style=\"text-decoration:none\"><span style=\"text-underline:none\"> para mais informa&ccedil;&otilde;es<\/span><\/span><\/span><\/span><\/span><\/span><\/span><\/span><\/p>\r\n\r\n<p style=\"text-align:justify\"><span style=\"font-size:11pt\"><span style=\"line-height:normal\"><span style=\"font-family:&quot;Calibri&quot;,sans-serif\"><a href=\"https:\/\/www.magnetmail.net\/actions\/email_web_version.cfm?ep=nY1qAgSybIYAtXkUlomjGTvozlxP9uwHcN55F0MkytH2RClGE8usJiNt1Arjq6T9h3o4FMnFZvw194A5gVh0cidsrPTck3kKnIiEDOLIT1krQCou4boq3j9g-8jm_6Vc\" style=\"color:blue; text-decoration:underline\"><span style=\"font-size:14.0pt\">INDA | 2023 Calendar of Events<\/span><\/a><\/span><\/span><\/span><\/p>\r\n\r\n<p class=\"MsoTitle\" style=\"text-align:justify\"><span style=\"font-size:28pt\"><span style=\"font-family:&quot;Cambria&quot;,serif\"><span style=\"letter-spacing:-0.5pt\"><b><span style=\"font-size:18.0pt\"><span style=\"font-family:&quot;Calibri&quot;,sans-serif\"><span style=\"font-variant:small-caps\">Setor<\/span><\/span><\/span><\/b><\/span><\/span><\/span><\/p>\r\n\r\n<p style=\"text-align:justify\"><span style=\"font-size:11pt\"><span style=\"line-height:normal\"><span style=\"font-family:&quot;Calibri&quot;,sans-serif\"><a href=\"https:\/\/tissueonline.com.br\/crise-da-americanas-impacta-os-mercados-de-tissue-e-personal-care\/?utm_campaign=newsletter_27012023_novo_modelo&amp;utm_medium=email&amp;utm_source=RD+Station\" style=\"color:blue; text-decoration:underline\"><span style=\"font-size:14.0pt\">Crise da Americanas impacta os mercados de tissue e personal care<\/span><\/a><\/span><\/span><\/span><\/p>\r\n\r\n<p style=\"text-align:justify\"><span style=\"font-size:11pt\"><span style=\"line-height:normal\"><span style=\"font-family:&quot;Calibri&quot;,sans-serif\"><a href=\"https:\/\/www.innovationintextiles.com\/nonwovens\/addressing-data-security-at-index-2023\/\" style=\"color:blue; text-decoration:underline\"><span style=\"font-size:14.0pt\">Addressing data security at INDEX 2023<\/span><\/a><\/span><\/span><\/span><\/p>\r\n\r\n<p style=\"text-align:justify\"><span style=\"font-size:11pt\"><span style=\"line-height:normal\"><span style=\"font-family:&quot;Calibri&quot;,sans-serif\"><a href=\"http:\/\/textileindustry.ning.com\/forum\/topics\/falta-de-mat-ria-prima-roupa-cara-e-guerra-derrubam-consumo-de-1\" style=\"color:blue; text-decoration:underline\"><span style=\"font-size:14.0pt\">Falta de mat&eacute;ria-prima, roupa cara e guerra derrubam consumo de energia na ind&uacute;stria t&ecirc;xtil<\/span><\/a><\/span><\/span><\/span><\/p>\r\n\r\n<p style=\"text-align:justify\"><span style=\"font-size:11pt\"><span style=\"line-height:normal\"><span style=\"font-family:&quot;Calibri&quot;,sans-serif\"><a href=\"https:\/\/www.meiofiltrante.com.br\/Noticia\/110369\/filtros-com-novos-designs-e-materias-primas-ganham-em-performance\" style=\"color:blue; text-decoration:underline\"><span style=\"font-size:14.0pt\">Filtros com novos designs e mat&eacute;rias-primas ganham em performance<\/span><\/a><\/span><\/span><\/span><\/p>\r\n\r\n<p style=\"text-align:justify\"><span style=\"font-size:11pt\"><span style=\"line-height:normal\"><span style=\"font-family:&quot;Calibri&quot;,sans-serif\"><a href=\"https:\/\/www.nonwovens-industry.com\/contents\/view_breaking-news\/2023-01-25\/kimberly-clark-announces-q4-full-year-results\/\" style=\"color:blue; text-decoration:underline\"><span style=\"font-size:14.0pt\">Kimberly-Clark Announces Q4, Full Year Results<\/span><\/a><\/span><\/span><\/span><\/p>\r\n\r\n<p class=\"MsoTitle\" style=\"text-align:justify\"><span style=\"font-size:28pt\"><span style=\"font-family:&quot;Cambria&quot;,serif\"><span style=\"letter-spacing:-0.5pt\"><b><span style=\"font-size:18.0pt\"><span style=\"font-family:&quot;Calibri&quot;,sans-serif\"><span style=\"font-variant:small-caps\">Ind&uacute;stria<\/span><\/span><\/span><\/b><\/span><\/span><\/span><\/p>\r\n\r\n<p style=\"text-align:justify\"><span style=\"font-size:11pt\"><span style=\"line-height:normal\"><span style=\"font-family:&quot;Calibri&quot;,sans-serif\"><a href=\"https:\/\/gauchazh.clicrbs.com.br\/economia\/noticia\/2023\/01\/tarcisio-quer-mexer-em-icms-para-ajudar-produto-exportado-por-sp-cld1m6upq002c01cc34el1wgh.html\" style=\"color:blue; text-decoration:underline\"><span style=\"font-size:14.0pt\">Tarc&iacute;sio quer mexer em ICMS para ajudar produto exportado por SP<\/span><\/a><\/span><\/span><\/span><\/p>\r\n\r\n<p style=\"text-align:justify\"><span style=\"font-size:11pt\"><span style=\"line-height:normal\"><span style=\"font-family:&quot;Calibri&quot;,sans-serif\"><a href=\"https:\/\/sovos.com\/pt-br\/blog\/tributos\/confira-as-6-mudancas-no-cenario-tributario-para-empresas-em-2023\/?utm_source=&amp;utm_medium=&amp;utm_campaign=&amp;utm_term=&amp;utm_content=&amp;mkt_tok=MzM0LUhWTi0yNDkAAAGJk2mo1kMaUBbagkccEuzGHdCSpq5Hm6eM3HvxEDix3CWEZzHVCWIpCPy3URN7dNgGWn__85vTRYGfUfnJLJ5x9B5P3Xza4UyTkG6H4LUnECU\" style=\"color:blue; text-decoration:underline\"><span style=\"font-size:14.0pt\">Confira as 6 mudan&ccedil;as no cen&aacute;rio tribut&aacute;rio para empresas em 2023<\/span><\/a><\/span><\/span><\/span><\/p>\r\n\r\n<p style=\"text-align:justify\"><span style=\"font-size:11pt\"><span style=\"line-height:normal\"><span style=\"font-family:&quot;Calibri&quot;,sans-serif\"><a href=\"https:\/\/grandesconstrucoes.com.br\/Noticias\/Exibir\/governo-federal-investira-r-17-bilhao-para-revitalizar-e-retomar-obras-em-rodovias-e-ferrovias-do-pais?utm_source=akna&amp;utm_medium=email&amp;utm_campaign=Grandes-Construcoes-Informativo-846-26-01-2023&amp;utm_source=akna&amp;utm_medium=email&amp;utm_campaign=Grandes-Construcoes-Informativo-846-26-01-2023\" style=\"color:blue; text-decoration:underline\"><span style=\"font-size:14.0pt\">Governo Federal investir&aacute; R$1,7 bilh&atilde;o em rodovias e ferrovias do pa&iacute;s<\/span><\/a><\/span><\/span><\/span><\/p>\r\n\r\n<p style=\"text-align:justify\"><span style=\"font-size:11pt\"><span style=\"line-height:normal\"><span style=\"font-family:&quot;Calibri&quot;,sans-serif\"><a href=\"https:\/\/grandesconstrucoes.com.br\/Noticias\/Exibir\/taxas-de-juros-altas-sao-apontadas-como-principal-problema-da-industria-da-construcao?utm_source=akna&amp;utm_medium=email&amp;utm_campaign=Grandes-Construcoes-Informativo-846-26-01-2023&amp;utm_source=akna&amp;utm_medium=email&amp;utm_campaign=Grandes-Construcoes-Informativo-846-26-01-2023\" style=\"color:blue; text-decoration:underline\"><span style=\"font-size:14.0pt\">Taxas de juros altas s&atilde;o apontadas como principal problema da ind&uacute;stria da constru&ccedil;&atilde;o<\/span><\/a><\/span><\/span><\/span><\/p>\r\n\r\n<p class=\"MsoTitle\" style=\"text-align:justify\"><span style=\"font-size:28pt\"><span style=\"font-family:&quot;Cambria&quot;,serif\"><span style=\"letter-spacing:-0.5pt\"><b><span style=\"font-size:18.0pt\"><span style=\"font-family:&quot;Calibri&quot;,sans-serif\"><span style=\"font-variant:small-caps\">Sustentabilidade<\/span><\/span><\/span><\/b><\/span><\/span><\/span><\/p>\r\n\r\n<p style=\"text-align:justify\"><span style=\"font-size:11pt\"><span style=\"line-height:normal\"><span style=\"font-family:&quot;Calibri&quot;,sans-serif\"><a href=\"https:\/\/fcem.com.br\/noticias\/green-deal-e-impactos-para-a-industria-textil-na-europa\/?utm_campaign=febratex_news_260123&amp;utm_medium=email&amp;utm_source=RD+Station\" style=\"color:blue; text-decoration:underline\"><span style=\"font-size:14.0pt\">Green deal e impactos para a ind&uacute;stria t&ecirc;xtil na Europa<\/span><\/a><\/span><\/span><\/span><\/p>\r\n\r\n<p style=\"text-align:justify\"><span style=\"font-size:11pt\"><span style=\"line-height:normal\"><span style=\"font-family:&quot;Calibri&quot;,sans-serif\"><a href=\"https:\/\/grandesconstrucoes.com.br\/Noticias\/Exibir\/bioconstrucao-vem-ganhando-destaque-na-construcao-civil?utm_source=akna&amp;utm_medium=email&amp;utm_campaign=Grandes-Construcoes-Informativo-846-26-01-2023&amp;utm_source=akna&amp;utm_medium=email&amp;utm_campaign=Grandes-Construcoes-Informativo-846-26-01-2023\" style=\"color:blue; text-decoration:underline\"><span style=\"font-size:14.0pt\">Bioconstru&ccedil;&atilde;o vem ganhando destaque na constru&ccedil;&atilde;o civil<\/span><\/a><\/span><\/span><\/span><\/p>\r\n\r\n<p style=\"text-align:justify\"><span style=\"font-size:11pt\"><span style=\"line-height:normal\"><span style=\"font-family:&quot;Calibri&quot;,sans-serif\"><a href=\"http:\/\/textileindustry.ning.com\/forum\/topics\/bioeconomia-pode-gerar-faturamento-de-us-284-bilh-es-anuais\" style=\"color:blue; text-decoration:underline\"><span style=\"font-size:14.0pt\">Bioeconomia pode gerar faturamento de US$ 284 bilh&otilde;es anuais<\/span><\/a><\/span><\/span><\/span><\/p>\r\n\r\n<p style=\"text-align:justify\"><span style=\"font-size:11pt\"><span style=\"line-height:normal\"><span style=\"font-family:&quot;Calibri&quot;,sans-serif\"><a href=\"https:\/\/exame.com\/bussola\/economia-circular-impulsiona-a-industria-e-se-torna-parceira-da-sociedade\/\" style=\"color:blue; text-decoration:underline\"><span style=\"font-size:14.0pt\">Economia circular impulsiona a ind&uacute;stria e se torna parceira da sociedade<\/span><\/a><\/span><\/span><\/span><\/p>\r\n\r\n<p style=\"text-align:justify\"><span style=\"font-size:11pt\"><span style=\"line-height:normal\"><span style=\"font-family:&quot;Calibri&quot;,sans-serif\"><a href=\"https:\/\/umsoplaneta.globo.com\/opiniao\/colunas-e-blogs\/andre-castro-santos\/post\/2023\/01\/forum-economico-mundial-de-davos-debateu-sobre-um-mundo-fragmentado-e-cada-vez-mais-quente.ghtml\" style=\"color:blue; text-decoration:underline\"><span style=\"font-size:14.0pt\">F&oacute;rum Econ&ocirc;mico Mundial de Davos debateu sobre um mundo fragmentado e cada vez mais quente<\/span><\/a><\/span><\/span><\/span><\/p>\r\n\r\n<p style=\"text-align:justify\"><span style=\"font-size:11pt\"><span style=\"line-height:normal\"><span style=\"font-family:&quot;Calibri&quot;,sans-serif\"><a href=\"https:\/\/www.fibre2fashion.com\/news\/textile-news\/30-global-firms-develop-guidance-for-net-zero-emissions-in-logistics-285349-newsdetails.htm\" style=\"color:blue; text-decoration:underline\"><span style=\"font-size:14.0pt\">30+ global firms develop guidance for net-zero emissions in logistics<\/span><\/a><\/span><\/span><\/span><\/p>\r\n\r\n<p style=\"text-align:justify\"><span style=\"font-size:11pt\"><span style=\"line-height:normal\"><span style=\"font-family:&quot;Calibri&quot;,sans-serif\"><a href=\"https:\/\/www.textiletechnology.net\/fibers\/commentary\/chemical-fibers-international-42022-5-theses-on-textile-recycling-that-call-for-correction-33167?utm_source=%2Fmeta%2Fnewsletter%2Fnewsletter&amp;utm_medium=newsletter&amp;utm_campaign=nl1104&amp;utm_term=0801b20e08c3242125d512808cd74302\" style=\"color:blue; text-decoration:underline\"><span style=\"font-size:14.0pt\">5 theses on textile recycling that call for correction<\/span><\/a><\/span><\/span><\/span><\/p>\r\n\r\n<p style=\"text-align:justify\"><span style=\"font-size:11pt\"><span style=\"line-height:normal\"><span style=\"font-family:&quot;Calibri&quot;,sans-serif\"><a href=\"https:\/\/www.innovationintextiles.com\/industry-talk\/focus-on-technical-textiles-recycling\/\" style=\"color:blue; text-decoration:underline\"><span style=\"font-size:14.0pt\">Focus on technical textiles recycling<\/span><\/a><\/span><\/span><\/span><\/p>\r\n\r\n<p class=\"MsoTitle\" style=\"text-align:justify\"><span style=\"font-size:28pt\"><span style=\"font-family:&quot;Cambria&quot;,serif\"><span style=\"letter-spacing:-0.5pt\"><b><span style=\"font-size:18.0pt\"><span style=\"font-family:&quot;Calibri&quot;,sans-serif\"><span style=\"font-variant:small-caps\">Inova&ccedil;&atilde;o<\/span><\/span><\/span><\/b><\/span><\/span><\/span><\/p>\r\n\r\n<p style=\"text-align:justify\"><span style=\"font-size:11pt\"><span style=\"line-height:normal\"><span style=\"font-family:&quot;Calibri&quot;,sans-serif\"><a href=\"https:\/\/ibre.fgv.br\/blog-da-conjuntura-economica\/artigos\/observada-partir-da-experiencia-da-embrapii-inovacao-industrial\" style=\"color:blue; text-decoration:underline\"><span style=\"font-size:14.0pt\">Observada a partir da experi&ecirc;ncia da Embrapii, a inova&ccedil;&atilde;o industrial brasileira j&aacute; se alinha &agrave; economia verde<\/span><\/a><\/span><\/span><\/span><\/p>\r\n\r\n<p style=\"text-align:justify\"><span style=\"font-size:11pt\"><span style=\"line-height:normal\"><span style=\"font-family:&quot;Calibri&quot;,sans-serif\"><a href=\"https:\/\/www.fieb.org.br\/noticias\/cni-e-sebrae-abrem-inscricoes-para-o-premio-nacional-de-inovacao\/\" style=\"color:blue; text-decoration:underline\"><span style=\"font-size:14.0pt\">CNI e Sebrae abrem inscri&ccedil;&otilde;es para o Pr&ecirc;mio Nacional de Inova&ccedil;&atilde;o<\/span><\/a><\/span><\/span><\/span><\/p>\r\n\r\n<p style=\"text-align:justify\"><span style=\"font-size:11pt\"><span style=\"line-height:normal\"><span style=\"font-family:&quot;Calibri&quot;,sans-serif\"><a href=\"https:\/\/www.technicaltextile.net\/news\/us-researcher-designs-smart-hat-that-tracks-babies-body-temperature-285386.html\" style=\"color:blue; text-decoration:underline\"><span style=\"font-size:14.0pt\">US researcher designs &#39;smart&#39; hat that tracks babies&#39; body temperature<\/span><\/a><\/span><\/span><\/span><\/p>\r\n\r\n<p class=\"MsoTitleCxSpLast\" style=\"text-align:justify\"><span style=\"font-size:28pt\"><span style=\"font-family:&quot;Cambria&quot;,serif\"><span style=\"letter-spacing:-0.5pt\"><b><span style=\"font-size:18.0pt\"><span style=\"font-family:&quot;Calibri&quot;,sans-serif\"><span style=\"font-variant:small-caps\">Com&eacute;rcio Exterior<\/span><\/span><\/span><\/b><\/span><\/span><\/span><\/p>\r\n\r\n<p style=\"text-align:justify\"><span style=\"font-size:11pt\"><span style=\"line-height:normal\"><span style=\"font-family:&quot;Calibri&quot;,sans-serif\"><a href=\"https:\/\/www.comexdobrasil.com\/abicalcados-defende-reducao-da-burocracia-para-exportacao-e-eliminacao-das-barreiras-no-comercio-com-a-argentina\/\" style=\"color:blue; text-decoration:underline\"><span style=\"font-size:14.0pt\">Abical&ccedil;ados defende redu&ccedil;&atilde;o da burocracia para exporta&ccedil;&atilde;o e elimina&ccedil;&atilde;o das barreiras no com&eacute;rcio com a Argentina<\/span><\/a><\/span><\/span><\/span><\/p>\r\n\r\n<p style=\"text-align:justify\"><span style=\"font-size:11pt\"><span style=\"line-height:normal\"><span style=\"font-family:&quot;Calibri&quot;,sans-serif\"><a href=\"https:\/\/www.ipea.gov.br\/portal\/categorias\/45-todas-as-noticias\/noticias\/13504-estudos-analisam-a-evolucao-do-comercio-entre-a-china-e-os-paises-da-america-latina-e-caribe\" style=\"color:blue; text-decoration:underline\"><span style=\"font-size:14.0pt\">Estudos analisam a evolu&ccedil;&atilde;o do com&eacute;rcio entre a China e os pa&iacute;ses da Am&eacute;rica Latina e Caribe<\/span><\/a><\/span><\/span><\/span><\/p>\r\n\r\n<p style=\"text-align:justify\"><span style=\"font-size:11pt\"><span style=\"line-height:normal\"><span style=\"font-family:&quot;Calibri&quot;,sans-serif\"><a href=\"https:\/\/www.cnnbrasil.com.br\/business\/chanceler-alemao-pede-conclusao-rapida-de-acordo-de-livre-comercio-ue-mercosul\/\" style=\"color:blue; text-decoration:underline\"><span style=\"font-size:14.0pt\">Chanceler alem&atilde;o pede conclus&atilde;o r&aacute;pida de acordo de livre com&eacute;rcio UE-Mercosul<\/span><\/a><\/span><\/span><\/span><\/p>\r\n\r\n<p class=\"MsoTitle\" style=\"text-align:justify\"><span style=\"font-size:28pt\"><span style=\"font-family:&quot;Cambria&quot;,serif\"><span style=\"letter-spacing:-0.5pt\"><b><span style=\"font-size:18.0pt\"><span style=\"font-family:&quot;Calibri&quot;,sans-serif\"><span style=\"font-variant:small-caps\">Economia<\/span><\/span><\/span><\/b><\/span><\/span><\/span><\/p>\r\n\r\n<p style=\"text-align:justify\"><span style=\"font-size:11pt\"><span style=\"line-height:normal\"><span style=\"font-family:&quot;Calibri&quot;,sans-serif\"><a href=\"https:\/\/www.bcb.gov.br\/content\/focus\/focus\/R20230127.pdf\" style=\"color:blue; text-decoration:underline\"><span style=\"font-size:14.0pt\">FOCUS &ndash; Relat&oacute;rio de Mercado<\/span><\/a><\/span><\/span><\/span><\/p>\r\n\r\n<p style=\"text-align:justify\"><span style=\"font-size:11pt\"><span style=\"line-height:normal\"><span style=\"font-family:&quot;Calibri&quot;,sans-serif\"><a href=\"https:\/\/www12.senado.leg.br\/radio\/1\/noticia\/2023\/01\/23\/senadores-concordam-que-reforma-tributaria-seja-prioridade-em-2023\" style=\"color:blue; text-decoration:underline\"><span style=\"font-size:14.0pt\">Senadores concordam que reforma tribut&aacute;ria seja prioridade em 2023<\/span><\/a><\/span><\/span><\/span><\/p>\r\n\r\n<p style=\"text-align:justify\"><span style=\"font-size:11pt\"><span style=\"line-height:normal\"><span style=\"font-family:&quot;Calibri&quot;,sans-serif\"><a href=\"https:\/\/agenciabrasil.ebc.com.br\/economia\/noticia\/2023-01\/mercado-financeiro-eleva-projecao-da-inflacao-de-548-para-574\" style=\"color:blue; text-decoration:underline\"><span style=\"font-size:14.0pt\">Mercado financeiro eleva proje&ccedil;&atilde;o da infla&ccedil;&atilde;o de 5,48% para 5,74%<\/span><\/a><\/span><\/span><\/span><\/p>\r\n\r\n<p style=\"text-align:justify\"><span style=\"font-size:11pt\"><span style=\"line-height:normal\"><span style=\"font-family:&quot;Calibri&quot;,sans-serif\"><a href=\"https:\/\/noticias.portaldaindustria.com.br\/noticias\/economia\/falta-de-confianca-na-economia-atinge-19-de-29-setores-industriais-em-janeiro\/\" style=\"color:blue; text-decoration:underline\"><span style=\"font-size:14.0pt\">Falta de confian&ccedil;a na economia atinge 19 de 29 setores industriais em janeiro<\/span><\/a><\/span><\/span><\/span><\/p>\r\n\r\n<p style=\"text-align:justify\"><span style=\"font-size:11pt\"><span style=\"line-height:normal\"><span style=\"font-family:&quot;Calibri&quot;,sans-serif\"><a href=\"https:\/\/portalibre.fgv.br\/noticias\/confianca-da-industria-se-manteve-relativamente-estavel-ao-variar-02-ponto-em-janeiro\" style=\"color:blue; text-decoration:underline\"><span style=\"font-size:14.0pt\">Confian&ccedil;a da Ind&uacute;stria se manteve relativamente est&aacute;vel ao variar -0,2 ponto em janeiro<\/span><\/a><\/span><\/span><\/span><\/p>\r\n\r\n<p style=\"text-align:justify\"><span style=\"font-size:11pt\"><span style=\"line-height:normal\"><span style=\"font-family:&quot;Calibri&quot;,sans-serif\"><a href=\"https:\/\/agenciabrasil.ebc.com.br\/economia\/noticia\/2023-01\/governo-central-registra-superavit-de-r-54086-bi-em-2022\" style=\"color:blue; text-decoration:underline\"><span style=\"font-size:14.0pt\">Governo Central registra super&aacute;vit de R$ 54,086 bi em 2022<\/span><\/a><\/span><\/span><\/span><\/p>\r\n","6":"<p style=\"text-align:justify\"><span style=\"font-size:11pt\"><span style=\"line-height:normal\"><span style=\"font-family:&quot;Calibri&quot;,sans-serif\"><span style=\"font-size:14.0pt\">Esta &eacute; uma compila&ccedil;&atilde;o das not&iacute;cias mais relevantes para o setor, incluindo informa&ccedil;&otilde;es sobre acordos internacionais, economia brasileira, sustentabilidade e mat&eacute;rias primas, al&eacute;m de novidades do setor de N&atilde;otecidos e Tecidos T&eacute;cnicos.<\/span><\/span><\/span><\/span><\/p>\r\n\r\n<p class=\"MsoTitleCxSpMiddle\" style=\"text-align:justify\"><span style=\"font-size:28pt\"><span style=\"font-family:&quot;Cambria&quot;,serif\"><span style=\"letter-spacing:-0.5pt\"><b><span style=\"font-size:18.0pt\"><span style=\"font-family:&quot;Calibri&quot;,sans-serif\"><span style=\"font-variant:small-caps\">Novas Associadas ABINT<\/span><\/span><\/span><\/b><\/span><\/span><\/span><\/p>\r\n\r\n<p class=\"MsoTitleCxSpMiddle\" style=\"text-align:justify\"><img height=\"129\" src=\"https:\/\/www.abint.org.br\/assets\/img\/editor\/anadona_20230131163226a2vXVC1LRG.png\" width=\"300\" \/><img height=\"125\" src=\"https:\/\/www.abint.org.br\/assets\/img\/editor\/betel_20230131163249HYhmIrOqwC.jpg\" width=\"246\" \/><img height=\"99\" src=\"https:\/\/www.abint.org.br\/assets\/img\/editor\/geomarcas_20230131163354JicwKETiPI.jpg\" width=\"222\" \/><\/p>\r\n\r\n<p class=\"MsoTitleCxSpMiddle\" style=\"text-align:justify\"><span style=\"font-size:28pt\"><span style=\"font-family:&quot;Cambria&quot;,serif\"><span style=\"letter-spacing:-0.5pt\"><b><span style=\"font-size:18.0pt\"><span style=\"font-family:&quot;Calibri&quot;,sans-serif\"><span style=\"font-variant:small-caps\">A&ccedil;&otilde;es da ABINT<\/span><\/span><\/span><\/b><\/span><\/span><\/span><\/p>\r\n\r\n<p class=\"MsoTitleCxSpMiddle\" style=\"text-align:justify\"><span style=\"font-size:28pt\"><span style=\"font-family:&quot;Cambria&quot;,serif\"><span style=\"letter-spacing:-0.5pt\"><b><span style=\"font-size:18.0pt\"><span style=\"font-family:&quot;Calibri&quot;,sans-serif\"><span style=\"font-variant:small-caps\"><img height=\"414\" src=\"https:\/\/www.abint.org.br\/assets\/img\/editor\/premio-tcc-ic-2023-arte-1_20230131163549N6ZDKAC2kw.png\" width=\"414\" \/><\/span><\/span><\/span><\/b><\/span><\/span><\/span><\/p>\r\n\r\n<p style=\"text-align:justify\"><span style=\"font-size:11pt\"><span style=\"line-height:normal\"><span style=\"font-family:&quot;Calibri&quot;,sans-serif\"><strong><span style=\"font-size:14.0pt\"><span style=\"font-family:&quot;Calibri&quot;,sans-serif\">O CTG ABINT e a IGS BRASIL <\/span><\/span><\/strong><span style=\"font-size:14.0pt\">convidam aqueles que desenvolveram trabalhos acad&ecirc;micos relacionados aos geossint&eacute;ticos a participarem&nbsp;de mais uma edi&ccedil;&atilde;o do Pr&ecirc;mio TCC\/IC.<\/span><\/span><\/span><\/span><\/p>\r\n\r\n<p style=\"text-align:justify\"><span style=\"font-size:11pt\"><span style=\"line-height:normal\"><span style=\"font-family:&quot;Calibri&quot;,sans-serif\"><a href=\"https:\/\/abint.us2.list-manage.com\/track\/click?u=88818ac6bf44316570fc1bc2f&amp;id=46b014bcf1&amp;e=626265ad22\" style=\"color:blue; text-decoration:underline\" target=\"_blank\"><span style=\"font-size:14.0pt\"><span style=\"color:blue\">Mais informa&ccedil;&otilde;es e inscri&ccedil;&otilde;es<\/span><\/span><\/a><\/span><\/span><\/span><\/p>\r\n\r\n<p style=\"text-align:justify\">&nbsp;<\/p>\r\n\r\n<p class=\"MsoTitleCxSpLast\" style=\"text-align:justify\"><img src=\"https:\/\/www.abint.org.br\/assets\/img\/editor\/itma-2023-abint-english-417x250_20230131163456zhQTxplzIn.jpg\" \/><\/p>\r\n\r\n<p style=\"text-align:justify\"><span style=\"font-size:11pt\"><span style=\"line-height:normal\"><span style=\"font-family:&quot;Calibri&quot;,sans-serif\"><b><span style=\"font-size:14.0pt\">A ABINT apoia a ITMA 2023<\/span><\/b><\/span><\/span><\/span><\/p>\r\n\r\n<p style=\"text-align:justify\"><span style=\"font-size:11pt\"><span style=\"line-height:normal\"><span style=\"font-family:&quot;Calibri&quot;,sans-serif\"><span style=\"font-size:14.0pt\">A 19&ordf; edi&ccedil;&atilde;o da maior exposi&ccedil;&atilde;o internacional de tecnologia t&ecirc;xtil e de vestu&aacute;rio do mundo acontecer&aacute; em Mil&atilde;o, It&aacute;lia, de 08 a 14 de junho de 2023. <\/span><a href=\"https:\/\/itma.com\/\" style=\"color:blue; text-decoration:underline\"><span style=\"font-size:14.0pt\">Informa&ccedil;&otilde;es<\/span><\/a><\/span><\/span><\/span><\/p>\r\n\r\n<p style=\"text-align:justify\">&nbsp;<\/p>\r\n\r\n<p style=\"text-align:justify\"><span style=\"font-size:11pt\"><span style=\"line-height:normal\"><span style=\"font-family:&quot;Calibri&quot;,sans-serif\"><b><span style=\"font-size:18.0pt\"><span style=\"font-variant:small-caps\">Eventos<\/span><\/span><\/b><\/span><\/span><\/span><\/p>\r\n\r\n<p style=\"text-align:justify\"><span style=\"font-size:11pt\"><span style=\"line-height:normal\"><span style=\"font-family:&quot;Calibri&quot;,sans-serif\"><span class=\"MsoHyperlink\" style=\"color:blue\"><span style=\"text-decoration:underline\"><b><span style=\"font-size:14.0pt\"><span style=\"text-decoration:none\"><span style=\"text-underline:none\">ABIT Conversa Aberta | Propostas da Ind&uacute;stria para os 100 primeiros dias do novo Governo<\/span><\/span><\/span><\/b><\/span><\/span><span class=\"MsoHyperlink\" style=\"color:blue\"><span style=\"text-decoration:underline\"><span style=\"font-size:14.0pt\"><span style=\"text-decoration:none\"><span style=\"text-underline:none\">, 31 de janeiro de 2023. <\/span><\/span><\/span><\/span><\/span><a href=\"https:\/\/conteudo.abit.org.br\/conversa-aberta-100-dias-governo?utm_campaign=conversa_aberta_31jan_-_100_dias_governo_-_24012023&amp;utm_medium=email&amp;utm_source=RD+Station\" style=\"color:blue; text-decoration:underline\"><span style=\"font-size:14.0pt\">Informa&ccedil;&otilde;es<\/span><\/a><\/span><\/span><\/span><\/p>\r\n\r\n<p style=\"text-align:justify\"><span style=\"font-size:11pt\"><span style=\"line-height:normal\"><span style=\"font-family:&quot;Calibri&quot;,sans-serif\"><b><span style=\"font-size:14.0pt\">ABRAVA de Portas Abertas | &ldquo;Perspectivas e Planejamento para o setor AVACR 2023&rdquo;<\/span><\/b><span style=\"font-size:14.0pt\">, 31 de janeiro de 2023, 08h00, evento h&iacute;brido. <\/span><a href=\"https:\/\/materiais.abrava.com.br\/31-01-abrava-de-portas-abertas?utm_campaign=abrava_portas_abertas_perspectivas_e_planejamento_para_o_setor_avac-r_2023&amp;utm_medium=email&amp;utm_source=RD+Station\" style=\"color:blue; text-decoration:underline\"><span style=\"font-size:14.0pt\">Informa&ccedil;&otilde;es<\/span><\/a><\/span><\/span><\/span><\/p>\r\n\r\n<p style=\"text-align:justify\"><span style=\"font-size:11pt\"><span style=\"line-height:normal\"><span style=\"font-family:&quot;Calibri&quot;,sans-serif\"><span class=\"MsoHyperlink\" style=\"color:blue\"><span style=\"text-decoration:underline\"><b><span style=\"font-size:14.0pt\"><span style=\"text-decoration:none\"><span style=\"text-underline:none\">Webinar eureciclo | Relat&oacute;rio Nacional Recicla+ e mais cinco Estados<\/span><\/span><\/span><\/b><\/span><\/span><span class=\"MsoHyperlink\" style=\"color:blue\"><span style=\"text-decoration:underline\"><span style=\"font-size:14.0pt\"><span style=\"text-decoration:none\"><span style=\"text-underline:none\">, 02 de fevereiro de 2023. <\/span><\/span><\/span><\/span><\/span><a href=\"https:\/\/info.eureciclo.com.br\/relatorios-2023-assoc?utm_campaign=Associa%C3%A7%C3%B5es%20Signat%C3%A1rias&amp;utm_medium=email&amp;_hsmi=242348008&amp;_hsenc=p2ANqtz--tLO3o6kDgub_Fh3SXgOjItC1744U2t_fO-VG-xoYsfjqhndw5gswMEir9CuuCsLIQsM-CdBnrcENgIb-RBzBRbbUChQ&amp;utm_content=242348008&amp;utm_source=hs_email\" style=\"color:blue; text-decoration:underline\"><span style=\"font-size:14.0pt\">Informa&ccedil;&otilde;es<\/span><\/a><\/span><\/span><\/span><\/p>\r\n\r\n<p style=\"text-align:justify\"><span style=\"font-size:11pt\"><span style=\"line-height:normal\"><span style=\"font-family:&quot;Calibri&quot;,sans-serif\"><span class=\"MsoHyperlink\" style=\"color:blue\"><span style=\"text-decoration:underline\"><b><span style=\"font-size:14.0pt\"><span style=\"text-decoration:none\"><span style=\"text-underline:none\">EIU | Global monetary policy in 2023<\/span><\/span><\/span><\/b><\/span><\/span><span class=\"MsoHyperlink\" style=\"color:blue\"><span style=\"text-decoration:underline\"><span style=\"font-size:14.0pt\"><span style=\"text-decoration:none\"><span style=\"text-underline:none\">, <\/span><\/span><\/span><\/span><\/span><span style=\"font-size:13.5pt\"><span style=\"font-family:&quot;Arial&quot;,sans-serif\"><span style=\"color:#121212\">on Thursday February 9th<\/span><\/span><\/span><\/span><\/span><\/span><\/p>\r\n\r\n<p style=\"text-align:justify\"><span style=\"font-size:11pt\"><span style=\"line-height:normal\"><span style=\"font-family:&quot;Calibri&quot;,sans-serif\"><span class=\"MsoHyperlink\" style=\"color:blue\"><span style=\"text-decoration:underline\"><b><span style=\"font-size:14.0pt\"><span style=\"text-decoration:none\"><span style=\"text-underline:none\">Session 1<\/span><\/span><\/span><\/b><\/span><\/span><span class=\"MsoHyperlink\" style=\"color:blue\"><span style=\"text-decoration:underline\"><span style=\"font-size:14.0pt\"><span style=\"text-decoration:none\"><span style=\"text-underline:none\">: 9am GMT | 10am CET | 5pm HKT <\/span><\/span><\/span><\/span><\/span><\/span><\/span><\/span><\/p>\r\n\r\n<p style=\"text-align:justify\"><span style=\"font-size:11pt\"><span style=\"line-height:normal\"><span style=\"font-family:&quot;Calibri&quot;,sans-serif\"><span class=\"MsoHyperlink\" style=\"color:blue\"><span style=\"text-decoration:underline\"><b><span style=\"font-size:14.0pt\"><span style=\"text-decoration:none\"><span style=\"text-underline:none\">Session 2<\/span><\/span><\/span><\/b><\/span><\/span><span class=\"MsoHyperlink\" style=\"color:blue\"><span style=\"text-decoration:underline\"><span style=\"font-size:14.0pt\"><span style=\"text-decoration:none\"><span style=\"text-underline:none\">: 10am EST | 3pm GMT | 4pm CET<\/span><\/span><\/span><\/span><\/span><\/span><\/span><\/span><\/p>\r\n\r\n<p style=\"text-align:justify\"><span style=\"font-size:11pt\"><span style=\"line-height:normal\"><span style=\"font-family:&quot;Calibri&quot;,sans-serif\"><a href=\"https:\/\/pages.eiu.com\/index.php\/email\/emailWebview?md_id=43705\" style=\"color:blue; text-decoration:underline\"><span style=\"font-size:14.0pt\">Register free<\/span><\/a><\/span><\/span><\/span><\/p>\r\n\r\n<p style=\"text-align:justify\"><span style=\"font-size:11pt\"><span style=\"line-height:normal\"><span style=\"font-family:&quot;Calibri&quot;,sans-serif\"><span class=\"MsoHyperlink\" style=\"color:blue\"><span style=\"text-decoration:underline\"><b><span style=\"font-size:14.0pt\"><span style=\"text-decoration:none\"><span style=\"text-underline:none\">8&ordm; Encuentro Alianza Latinoamericana Anticontrabando (ALAC)<\/span><\/span><\/span><\/b><\/span><\/span><span class=\"MsoHyperlink\" style=\"color:blue\"><span style=\"text-decoration:underline\"><span style=\"font-size:14.0pt\"><span style=\"text-decoration:none\"><span style=\"text-underline:none\">, 1 y 2 de marzo de 2023, Bogot&aacute;, Colombia. <\/span><\/span><\/span><\/span><\/span><a href=\"https:\/\/www.andi.com.co\/Home\/Evento\/72-8-encuentro-de-la-alianza-latinoamericana\" style=\"color:blue; text-decoration:underline\"><span style=\"font-size:14.0pt\">Informa&ccedil;&otilde;es<\/span><\/a> <\/span><\/span><\/span><\/p>\r\n\r\n<p style=\"text-align:justify\"><span style=\"font-size:11pt\"><span style=\"line-height:normal\"><span style=\"font-family:&quot;Calibri&quot;,sans-serif\"><span class=\"MsoHyperlink\" style=\"color:blue\"><span style=\"text-decoration:underline\"><b><span style=\"font-size:14.0pt\"><span style=\"text-decoration:none\"><span style=\"text-underline:none\">46&ordf; FIMEC<\/span><\/span><\/span><\/b><\/span><\/span><span class=\"MsoHyperlink\" style=\"color:blue\"><span style=\"text-decoration:underline\"><span style=\"font-size:14.0pt\"><span style=\"text-decoration:none\"><span style=\"text-underline:none\"> <b>| Feira Internacional de Couros, Produtos Qu&iacute;micos, Componentes, M&aacute;quinas e Equipamentos para Cal&ccedil;ados e Curtumes<\/b>, 07 a 09 de mar&ccedil;o de 2023, FENAC, Novo Hamburgo, Rio Grande do Sul. <\/span><\/span><\/span><\/span><\/span><a href=\"https:\/\/www.fimec.com.br\/pt-br\/home\" style=\"color:blue; text-decoration:underline\"><span style=\"font-size:14.0pt\">Informa&ccedil;&otilde;es<\/span><\/a> <\/span><\/span><\/span><\/p>\r\n\r\n<p style=\"text-align:justify\"><span style=\"font-size:11pt\"><span style=\"line-height:normal\"><span style=\"font-family:&quot;Calibri&quot;,sans-serif\"><b><span style=\"font-size:14.0pt\">Pl&aacute;stico Brasil &ndash; Feira Internacional do Pl&aacute;stico<\/span><\/b><span style=\"font-size:14.0pt\">, 27 a 31 de mar&ccedil;o de 2023, S&atilde;o Paulo Expo. <\/span><a href=\"https:\/\/www.plasticobrasil.com.br\/pt\/home.html\" style=\"color:blue; text-decoration:underline\"><span style=\"font-size:14.0pt\">Informa&ccedil;&otilde;es<\/span><\/a><\/span><\/span><\/span><\/p>\r\n\r\n<p style=\"text-align:justify\"><span style=\"font-size:11pt\"><span style=\"line-height:normal\"><span style=\"font-family:&quot;Calibri&quot;,sans-serif\"><span class=\"MsoHyperlink\" style=\"color:blue\"><span style=\"text-decoration:underline\"><b><span style=\"font-size:14.0pt\"><span style=\"text-decoration:none\"><span style=\"text-underline:none\">INDEX 2023<\/span><\/span><\/span><\/b><\/span><\/span><span class=\"MsoHyperlink\" style=\"color:blue\"><span style=\"text-decoration:underline\"><span style=\"font-size:14.0pt\"><span style=\"text-decoration:none\"><span style=\"text-underline:none\">, 18 a 21 de abril, Palexpo, Genebra, Su&iacute;&ccedil;a. <\/span><\/span><\/span><\/span><\/span><a href=\"https:\/\/www.indexnonwovens.com\/en\/\" style=\"color:blue; text-decoration:underline\"><span style=\"font-size:14.0pt\">Informa&ccedil;&otilde;es<\/span><\/a><\/span><\/span><\/span><\/p>\r\n\r\n<p style=\"text-align:justify\"><span style=\"font-size:11pt\"><span style=\"line-height:normal\"><span style=\"font-family:&quot;Calibri&quot;,sans-serif\"><span class=\"MsoHyperlink\" style=\"color:blue\"><span style=\"text-decoration:underline\"><b><span style=\"font-size:14.0pt\"><span style=\"text-decoration:none\"><span style=\"text-underline:none\">SENAI CETIQT | Programa de Desenvolvimento Setorial T&ecirc;xtil<\/span><\/span><\/span><\/b><\/span><\/span><span class=\"MsoHyperlink\" style=\"color:blue\"><span style=\"text-decoration:underline\"><span style=\"font-size:14.0pt\"><span style=\"text-decoration:none\"><span style=\"text-underline:none\">, acesse <\/span><\/span><\/span><\/span><\/span><a href=\"https:\/\/materiais.senaicetiqt.com\/lp_programa-de-desenvolvimento-setorial?utm_campaign=senai_cetiqt_e_abit__pds_textil__2_envio&amp;utm_medium=email&amp;utm_source=RD+Station\" style=\"color:blue; text-decoration:underline\"><span style=\"font-size:14.0pt\">aqui<\/span><\/a><span class=\"MsoHyperlink\" style=\"color:blue\"><span style=\"text-decoration:underline\"><span style=\"font-size:14.0pt\"><span style=\"text-decoration:none\"><span style=\"text-underline:none\"> para mais informa&ccedil;&otilde;es<\/span><\/span><\/span><\/span><\/span><\/span><\/span><\/span><\/p>\r\n\r\n<p style=\"text-align:justify\"><span style=\"font-size:11pt\"><span style=\"line-height:normal\"><span style=\"font-family:&quot;Calibri&quot;,sans-serif\"><a href=\"https:\/\/www.magnetmail.net\/actions\/email_web_version.cfm?ep=nY1qAgSybIYAtXkUlomjGTvozlxP9uwHcN55F0MkytH2RClGE8usJiNt1Arjq6T9h3o4FMnFZvw194A5gVh0cidsrPTck3kKnIiEDOLIT1krQCou4boq3j9g-8jm_6Vc\" style=\"color:blue; text-decoration:underline\"><span style=\"font-size:14.0pt\">INDA | 2023 Calendar of Events<\/span><\/a><\/span><\/span><\/span><\/p>\r\n\r\n<p class=\"MsoTitle\" style=\"text-align:justify\"><span style=\"font-size:28pt\"><span style=\"font-family:&quot;Cambria&quot;,serif\"><span style=\"letter-spacing:-0.5pt\"><b><span style=\"font-size:18.0pt\"><span style=\"font-family:&quot;Calibri&quot;,sans-serif\"><span style=\"font-variant:small-caps\">Setor<\/span><\/span><\/span><\/b><\/span><\/span><\/span><\/p>\r\n\r\n<p style=\"text-align:justify\"><span style=\"font-size:11pt\"><span style=\"line-height:normal\"><span style=\"font-family:&quot;Calibri&quot;,sans-serif\"><a href=\"https:\/\/tissueonline.com.br\/crise-da-americanas-impacta-os-mercados-de-tissue-e-personal-care\/?utm_campaign=newsletter_27012023_novo_modelo&amp;utm_medium=email&amp;utm_source=RD+Station\" style=\"color:blue; text-decoration:underline\"><span style=\"font-size:14.0pt\">Crise da Americanas impacta os mercados de tissue e personal care<\/span><\/a><\/span><\/span><\/span><\/p>\r\n\r\n<p style=\"text-align:justify\"><span style=\"font-size:11pt\"><span style=\"line-height:normal\"><span style=\"font-family:&quot;Calibri&quot;,sans-serif\"><a href=\"https:\/\/www.innovationintextiles.com\/nonwovens\/addressing-data-security-at-index-2023\/\" style=\"color:blue; text-decoration:underline\"><span style=\"font-size:14.0pt\">Addressing data security at INDEX 2023<\/span><\/a><\/span><\/span><\/span><\/p>\r\n\r\n<p style=\"text-align:justify\"><span style=\"font-size:11pt\"><span style=\"line-height:normal\"><span style=\"font-family:&quot;Calibri&quot;,sans-serif\"><a href=\"http:\/\/textileindustry.ning.com\/forum\/topics\/falta-de-mat-ria-prima-roupa-cara-e-guerra-derrubam-consumo-de-1\" style=\"color:blue; text-decoration:underline\"><span style=\"font-size:14.0pt\">Falta de mat&eacute;ria-prima, roupa cara e guerra derrubam consumo de energia na ind&uacute;stria t&ecirc;xtil<\/span><\/a><\/span><\/span><\/span><\/p>\r\n\r\n<p style=\"text-align:justify\"><span style=\"font-size:11pt\"><span style=\"line-height:normal\"><span style=\"font-family:&quot;Calibri&quot;,sans-serif\"><a href=\"https:\/\/www.meiofiltrante.com.br\/Noticia\/110369\/filtros-com-novos-designs-e-materias-primas-ganham-em-performance\" style=\"color:blue; text-decoration:underline\"><span style=\"font-size:14.0pt\">Filtros com novos designs e mat&eacute;rias-primas ganham em performance<\/span><\/a><\/span><\/span><\/span><\/p>\r\n\r\n<p style=\"text-align:justify\"><span style=\"font-size:11pt\"><span style=\"line-height:normal\"><span style=\"font-family:&quot;Calibri&quot;,sans-serif\"><a href=\"https:\/\/www.nonwovens-industry.com\/contents\/view_breaking-news\/2023-01-25\/kimberly-clark-announces-q4-full-year-results\/\" style=\"color:blue; text-decoration:underline\"><span style=\"font-size:14.0pt\">Kimberly-Clark Announces Q4, Full Year Results<\/span><\/a><\/span><\/span><\/span><\/p>\r\n\r\n<p class=\"MsoTitle\" style=\"text-align:justify\"><span style=\"font-size:28pt\"><span style=\"font-family:&quot;Cambria&quot;,serif\"><span style=\"letter-spacing:-0.5pt\"><b><span style=\"font-size:18.0pt\"><span style=\"font-family:&quot;Calibri&quot;,sans-serif\"><span style=\"font-variant:small-caps\">Ind&uacute;stria<\/span><\/span><\/span><\/b><\/span><\/span><\/span><\/p>\r\n\r\n<p style=\"text-align:justify\"><span style=\"font-size:11pt\"><span style=\"line-height:normal\"><span style=\"font-family:&quot;Calibri&quot;,sans-serif\"><a href=\"https:\/\/gauchazh.clicrbs.com.br\/economia\/noticia\/2023\/01\/tarcisio-quer-mexer-em-icms-para-ajudar-produto-exportado-por-sp-cld1m6upq002c01cc34el1wgh.html\" style=\"color:blue; text-decoration:underline\"><span style=\"font-size:14.0pt\">Tarc&iacute;sio quer mexer em ICMS para ajudar produto exportado por SP<\/span><\/a><\/span><\/span><\/span><\/p>\r\n\r\n<p style=\"text-align:justify\"><span style=\"font-size:11pt\"><span style=\"line-height:normal\"><span style=\"font-family:&quot;Calibri&quot;,sans-serif\"><a href=\"https:\/\/sovos.com\/pt-br\/blog\/tributos\/confira-as-6-mudancas-no-cenario-tributario-para-empresas-em-2023\/?utm_source=&amp;utm_medium=&amp;utm_campaign=&amp;utm_term=&amp;utm_content=&amp;mkt_tok=MzM0LUhWTi0yNDkAAAGJk2mo1kMaUBbagkccEuzGHdCSpq5Hm6eM3HvxEDix3CWEZzHVCWIpCPy3URN7dNgGWn__85vTRYGfUfnJLJ5x9B5P3Xza4UyTkG6H4LUnECU\" style=\"color:blue; text-decoration:underline\"><span style=\"font-size:14.0pt\">Confira as 6 mudan&ccedil;as no cen&aacute;rio tribut&aacute;rio para empresas em 2023<\/span><\/a><\/span><\/span><\/span><\/p>\r\n\r\n<p style=\"text-align:justify\"><span style=\"font-size:11pt\"><span style=\"line-height:normal\"><span style=\"font-family:&quot;Calibri&quot;,sans-serif\"><a href=\"https:\/\/grandesconstrucoes.com.br\/Noticias\/Exibir\/governo-federal-investira-r-17-bilhao-para-revitalizar-e-retomar-obras-em-rodovias-e-ferrovias-do-pais?utm_source=akna&amp;utm_medium=email&amp;utm_campaign=Grandes-Construcoes-Informativo-846-26-01-2023&amp;utm_source=akna&amp;utm_medium=email&amp;utm_campaign=Grandes-Construcoes-Informativo-846-26-01-2023\" style=\"color:blue; text-decoration:underline\"><span style=\"font-size:14.0pt\">Governo Federal investir&aacute; R$1,7 bilh&atilde;o em rodovias e ferrovias do pa&iacute;s<\/span><\/a><\/span><\/span><\/span><\/p>\r\n\r\n<p style=\"text-align:justify\"><span style=\"font-size:11pt\"><span style=\"line-height:normal\"><span style=\"font-family:&quot;Calibri&quot;,sans-serif\"><a href=\"https:\/\/grandesconstrucoes.com.br\/Noticias\/Exibir\/taxas-de-juros-altas-sao-apontadas-como-principal-problema-da-industria-da-construcao?utm_source=akna&amp;utm_medium=email&amp;utm_campaign=Grandes-Construcoes-Informativo-846-26-01-2023&amp;utm_source=akna&amp;utm_medium=email&amp;utm_campaign=Grandes-Construcoes-Informativo-846-26-01-2023\" style=\"color:blue; text-decoration:underline\"><span style=\"font-size:14.0pt\">Taxas de juros altas s&atilde;o apontadas como principal problema da ind&uacute;stria da constru&ccedil;&atilde;o<\/span><\/a><\/span><\/span><\/span><\/p>\r\n\r\n<p class=\"MsoTitle\" style=\"text-align:justify\"><span style=\"font-size:28pt\"><span style=\"font-family:&quot;Cambria&quot;,serif\"><span style=\"letter-spacing:-0.5pt\"><b><span style=\"font-size:18.0pt\"><span style=\"font-family:&quot;Calibri&quot;,sans-serif\"><span style=\"font-variant:small-caps\">Sustentabilidade<\/span><\/span><\/span><\/b><\/span><\/span><\/span><\/p>\r\n\r\n<p style=\"text-align:justify\"><span style=\"font-size:11pt\"><span style=\"line-height:normal\"><span style=\"font-family:&quot;Calibri&quot;,sans-serif\"><a href=\"https:\/\/fcem.com.br\/noticias\/green-deal-e-impactos-para-a-industria-textil-na-europa\/?utm_campaign=febratex_news_260123&amp;utm_medium=email&amp;utm_source=RD+Station\" style=\"color:blue; text-decoration:underline\"><span style=\"font-size:14.0pt\">Green deal e impactos para a ind&uacute;stria t&ecirc;xtil na Europa<\/span><\/a><\/span><\/span><\/span><\/p>\r\n\r\n<p style=\"text-align:justify\"><span style=\"font-size:11pt\"><span style=\"line-height:normal\"><span style=\"font-family:&quot;Calibri&quot;,sans-serif\"><a href=\"https:\/\/grandesconstrucoes.com.br\/Noticias\/Exibir\/bioconstrucao-vem-ganhando-destaque-na-construcao-civil?utm_source=akna&amp;utm_medium=email&amp;utm_campaign=Grandes-Construcoes-Informativo-846-26-01-2023&amp;utm_source=akna&amp;utm_medium=email&amp;utm_campaign=Grandes-Construcoes-Informativo-846-26-01-2023\" style=\"color:blue; text-decoration:underline\"><span style=\"font-size:14.0pt\">Bioconstru&ccedil;&atilde;o vem ganhando destaque na constru&ccedil;&atilde;o civil<\/span><\/a><\/span><\/span><\/span><\/p>\r\n\r\n<p style=\"text-align:justify\"><span style=\"font-size:11pt\"><span style=\"line-height:normal\"><span style=\"font-family:&quot;Calibri&quot;,sans-serif\"><a href=\"http:\/\/textileindustry.ning.com\/forum\/topics\/bioeconomia-pode-gerar-faturamento-de-us-284-bilh-es-anuais\" style=\"color:blue; text-decoration:underline\"><span style=\"font-size:14.0pt\">Bioeconomia pode gerar faturamento de US$ 284 bilh&otilde;es anuais<\/span><\/a><\/span><\/span><\/span><\/p>\r\n\r\n<p style=\"text-align:justify\"><span style=\"font-size:11pt\"><span style=\"line-height:normal\"><span style=\"font-family:&quot;Calibri&quot;,sans-serif\"><a href=\"https:\/\/exame.com\/bussola\/economia-circular-impulsiona-a-industria-e-se-torna-parceira-da-sociedade\/\" style=\"color:blue; text-decoration:underline\"><span style=\"font-size:14.0pt\">Economia circular impulsiona a ind&uacute;stria e se torna parceira da sociedade<\/span><\/a><\/span><\/span><\/span><\/p>\r\n\r\n<p style=\"text-align:justify\"><span style=\"font-size:11pt\"><span style=\"line-height:normal\"><span style=\"font-family:&quot;Calibri&quot;,sans-serif\"><a href=\"https:\/\/umsoplaneta.globo.com\/opiniao\/colunas-e-blogs\/andre-castro-santos\/post\/2023\/01\/forum-economico-mundial-de-davos-debateu-sobre-um-mundo-fragmentado-e-cada-vez-mais-quente.ghtml\" style=\"color:blue; text-decoration:underline\"><span style=\"font-size:14.0pt\">F&oacute;rum Econ&ocirc;mico Mundial de Davos debateu sobre um mundo fragmentado e cada vez mais quente<\/span><\/a><\/span><\/span><\/span><\/p>\r\n\r\n<p style=\"text-align:justify\"><span style=\"font-size:11pt\"><span style=\"line-height:normal\"><span style=\"font-family:&quot;Calibri&quot;,sans-serif\"><a href=\"https:\/\/www.fibre2fashion.com\/news\/textile-news\/30-global-firms-develop-guidance-for-net-zero-emissions-in-logistics-285349-newsdetails.htm\" style=\"color:blue; text-decoration:underline\"><span style=\"font-size:14.0pt\">30+ global firms develop guidance for net-zero emissions in logistics<\/span><\/a><\/span><\/span><\/span><\/p>\r\n\r\n<p style=\"text-align:justify\"><span style=\"font-size:11pt\"><span style=\"line-height:normal\"><span style=\"font-family:&quot;Calibri&quot;,sans-serif\"><a href=\"https:\/\/www.textiletechnology.net\/fibers\/commentary\/chemical-fibers-international-42022-5-theses-on-textile-recycling-that-call-for-correction-33167?utm_source=%2Fmeta%2Fnewsletter%2Fnewsletter&amp;utm_medium=newsletter&amp;utm_campaign=nl1104&amp;utm_term=0801b20e08c3242125d512808cd74302\" style=\"color:blue; text-decoration:underline\"><span style=\"font-size:14.0pt\">5 theses on textile recycling that call for correction<\/span><\/a><\/span><\/span><\/span><\/p>\r\n\r\n<p style=\"text-align:justify\"><span style=\"font-size:11pt\"><span style=\"line-height:normal\"><span style=\"font-family:&quot;Calibri&quot;,sans-serif\"><a href=\"https:\/\/www.innovationintextiles.com\/industry-talk\/focus-on-technical-textiles-recycling\/\" style=\"color:blue; text-decoration:underline\"><span style=\"font-size:14.0pt\">Focus on technical textiles recycling<\/span><\/a><\/span><\/span><\/span><\/p>\r\n\r\n<p class=\"MsoTitle\" style=\"text-align:justify\"><span style=\"font-size:28pt\"><span style=\"font-family:&quot;Cambria&quot;,serif\"><span style=\"letter-spacing:-0.5pt\"><b><span style=\"font-size:18.0pt\"><span style=\"font-family:&quot;Calibri&quot;,sans-serif\"><span style=\"font-variant:small-caps\">Inova&ccedil;&atilde;o<\/span><\/span><\/span><\/b><\/span><\/span><\/span><\/p>\r\n\r\n<p style=\"text-align:justify\"><span style=\"font-size:11pt\"><span style=\"line-height:normal\"><span style=\"font-family:&quot;Calibri&quot;,sans-serif\"><a href=\"https:\/\/ibre.fgv.br\/blog-da-conjuntura-economica\/artigos\/observada-partir-da-experiencia-da-embrapii-inovacao-industrial\" style=\"color:blue; text-decoration:underline\"><span style=\"font-size:14.0pt\">Observada a partir da experi&ecirc;ncia da Embrapii, a inova&ccedil;&atilde;o industrial brasileira j&aacute; se alinha &agrave; economia verde<\/span><\/a><\/span><\/span><\/span><\/p>\r\n\r\n<p style=\"text-align:justify\"><span style=\"font-size:11pt\"><span style=\"line-height:normal\"><span style=\"font-family:&quot;Calibri&quot;,sans-serif\"><a href=\"https:\/\/www.fieb.org.br\/noticias\/cni-e-sebrae-abrem-inscricoes-para-o-premio-nacional-de-inovacao\/\" style=\"color:blue; text-decoration:underline\"><span style=\"font-size:14.0pt\">CNI e Sebrae abrem inscri&ccedil;&otilde;es para o Pr&ecirc;mio Nacional de Inova&ccedil;&atilde;o<\/span><\/a><\/span><\/span><\/span><\/p>\r\n\r\n<p style=\"text-align:justify\"><span style=\"font-size:11pt\"><span style=\"line-height:normal\"><span style=\"font-family:&quot;Calibri&quot;,sans-serif\"><a href=\"https:\/\/www.technicaltextile.net\/news\/us-researcher-designs-smart-hat-that-tracks-babies-body-temperature-285386.html\" style=\"color:blue; text-decoration:underline\"><span style=\"font-size:14.0pt\">US researcher designs &#39;smart&#39; hat that tracks babies&#39; body temperature<\/span><\/a><\/span><\/span><\/span><\/p>\r\n\r\n<p class=\"MsoTitleCxSpLast\" style=\"text-align:justify\"><span style=\"font-size:28pt\"><span style=\"font-family:&quot;Cambria&quot;,serif\"><span style=\"letter-spacing:-0.5pt\"><b><span style=\"font-size:18.0pt\"><span style=\"font-family:&quot;Calibri&quot;,sans-serif\"><span style=\"font-variant:small-caps\">Com&eacute;rcio Exterior<\/span><\/span><\/span><\/b><\/span><\/span><\/span><\/p>\r\n\r\n<p style=\"text-align:justify\"><span style=\"font-size:11pt\"><span style=\"line-height:normal\"><span style=\"font-family:&quot;Calibri&quot;,sans-serif\"><a href=\"https:\/\/www.comexdobrasil.com\/abicalcados-defende-reducao-da-burocracia-para-exportacao-e-eliminacao-das-barreiras-no-comercio-com-a-argentina\/\" style=\"color:blue; text-decoration:underline\"><span style=\"font-size:14.0pt\">Abical&ccedil;ados defende redu&ccedil;&atilde;o da burocracia para exporta&ccedil;&atilde;o e elimina&ccedil;&atilde;o das barreiras no com&eacute;rcio com a Argentina<\/span><\/a><\/span><\/span><\/span><\/p>\r\n\r\n<p style=\"text-align:justify\"><span style=\"font-size:11pt\"><span style=\"line-height:normal\"><span style=\"font-family:&quot;Calibri&quot;,sans-serif\"><a href=\"https:\/\/www.ipea.gov.br\/portal\/categorias\/45-todas-as-noticias\/noticias\/13504-estudos-analisam-a-evolucao-do-comercio-entre-a-china-e-os-paises-da-america-latina-e-caribe\" style=\"color:blue; text-decoration:underline\"><span style=\"font-size:14.0pt\">Estudos analisam a evolu&ccedil;&atilde;o do com&eacute;rcio entre a China e os pa&iacute;ses da Am&eacute;rica Latina e Caribe<\/span><\/a><\/span><\/span><\/span><\/p>\r\n\r\n<p style=\"text-align:justify\"><span style=\"font-size:11pt\"><span style=\"line-height:normal\"><span style=\"font-family:&quot;Calibri&quot;,sans-serif\"><a href=\"https:\/\/www.cnnbrasil.com.br\/business\/chanceler-alemao-pede-conclusao-rapida-de-acordo-de-livre-comercio-ue-mercosul\/\" style=\"color:blue; text-decoration:underline\"><span style=\"font-size:14.0pt\">Chanceler alem&atilde;o pede conclus&atilde;o r&aacute;pida de acordo de livre com&eacute;rcio UE-Mercosul<\/span><\/a><\/span><\/span><\/span><\/p>\r\n\r\n<p class=\"MsoTitle\" style=\"text-align:justify\"><span style=\"font-size:28pt\"><span style=\"font-family:&quot;Cambria&quot;,serif\"><span style=\"letter-spacing:-0.5pt\"><b><span style=\"font-size:18.0pt\"><span style=\"font-family:&quot;Calibri&quot;,sans-serif\"><span style=\"font-variant:small-caps\">Economia<\/span><\/span><\/span><\/b><\/span><\/span><\/span><\/p>\r\n\r\n<p style=\"text-align:justify\"><span style=\"font-size:11pt\"><span style=\"line-height:normal\"><span style=\"font-family:&quot;Calibri&quot;,sans-serif\"><a href=\"https:\/\/www.bcb.gov.br\/content\/focus\/focus\/R20230127.pdf\" style=\"color:blue; text-decoration:underline\"><span style=\"font-size:14.0pt\">FOCUS &ndash; Relat&oacute;rio de Mercado<\/span><\/a><\/span><\/span><\/span><\/p>\r\n\r\n<p style=\"text-align:justify\"><span style=\"font-size:11pt\"><span style=\"line-height:normal\"><span style=\"font-family:&quot;Calibri&quot;,sans-serif\"><a href=\"https:\/\/www12.senado.leg.br\/radio\/1\/noticia\/2023\/01\/23\/senadores-concordam-que-reforma-tributaria-seja-prioridade-em-2023\" style=\"color:blue; text-decoration:underline\"><span style=\"font-size:14.0pt\">Senadores concordam que reforma tribut&aacute;ria seja prioridade em 2023<\/span><\/a><\/span><\/span><\/span><\/p>\r\n\r\n<p style=\"text-align:justify\"><span style=\"font-size:11pt\"><span style=\"line-height:normal\"><span style=\"font-family:&quot;Calibri&quot;,sans-serif\"><a href=\"https:\/\/agenciabrasil.ebc.com.br\/economia\/noticia\/2023-01\/mercado-financeiro-eleva-projecao-da-inflacao-de-548-para-574\" style=\"color:blue; text-decoration:underline\"><span style=\"font-size:14.0pt\">Mercado financeiro eleva proje&ccedil;&atilde;o da infla&ccedil;&atilde;o de 5,48% para 5,74%<\/span><\/a><\/span><\/span><\/span><\/p>\r\n\r\n<p style=\"text-align:justify\"><span style=\"font-size:11pt\"><span style=\"line-height:normal\"><span style=\"font-family:&quot;Calibri&quot;,sans-serif\"><a href=\"https:\/\/noticias.portaldaindustria.com.br\/noticias\/economia\/falta-de-confianca-na-economia-atinge-19-de-29-setores-industriais-em-janeiro\/\" style=\"color:blue; text-decoration:underline\"><span style=\"font-size:14.0pt\">Falta de confian&ccedil;a na economia atinge 19 de 29 setores industriais em janeiro<\/span><\/a><\/span><\/span><\/span><\/p>\r\n\r\n<p style=\"text-align:justify\"><span style=\"font-size:11pt\"><span style=\"line-height:normal\"><span style=\"font-family:&quot;Calibri&quot;,sans-serif\"><a href=\"https:\/\/portalibre.fgv.br\/noticias\/confianca-da-industria-se-manteve-relativamente-estavel-ao-variar-02-ponto-em-janeiro\" style=\"color:blue; text-decoration:underline\"><span style=\"font-size:14.0pt\">Confian&ccedil;a da Ind&uacute;stria se manteve relativamente est&aacute;vel ao variar -0,2 ponto em janeiro<\/span><\/a><\/span><\/span><\/span><\/p>\r\n\r\n<p style=\"text-align:justify\"><span style=\"font-size:11pt\"><span style=\"line-height:normal\"><span style=\"font-family:&quot;Calibri&quot;,sans-serif\"><a href=\"https:\/\/agenciabrasil.ebc.com.br\/economia\/noticia\/2023-01\/governo-central-registra-superavit-de-r-54086-bi-em-2022\" style=\"color:blue; text-decoration:underline\"><span style=\"font-size:14.0pt\">Governo Central registra super&aacute;vit de R$ 54,086 bi em 2022<\/span><\/a><\/span><\/span><\/span><\/p>\r\n","texto_en":"","7":"","imagem":"COMP_banner-padrao-home-destaques-boletim-2023_20230131163850dvVUF2TDlB.jpeg","8":"COMP_banner-padrao-home-destaques-boletim-2023_20230131163850dvVUF2TDlB.jpeg","arquivo":"20230131-NOTICIAS-SEMANAIS.PDF","9":"20230131-NOTICIAS-SEMANAIS.PDF","titulo_arquivo":"","10":"","titulo_arquivo_en":"","11":"","created_at":"2023-01-31 16:38:58","12":"2023-01-31 16:38:58","updated_at":"2023-01-31 16:38:58","13":"2023-01-31 16:38:58"},{"id":49,"0":49,"ordem":174,"1":174,"data":"2023-01-24","2":"2023-01-24","slug":"boletim-de-noticias-semanais-46","3":"boletim-de-noticias-semanais-46","titulo":"Boletim de Not\u00edcias Semanais","4":"Boletim de Not\u00edcias Semanais","titulo_en":"","5":"","texto":"<p style=\"text-align:justify\"><span style=\"font-size:11pt\"><span style=\"line-height:normal\"><span calibri=\"\" style=\"font-family:\"><span style=\"font-size:14.0pt\">Esta &eacute; uma compila&ccedil;&atilde;o das not&iacute;cias mais relevantes para o setor, incluindo informa&ccedil;&otilde;es sobre acordos internacionais, economia brasileira, sustentabilidade e mat&eacute;rias primas, al&eacute;m de novidades do setor de N&atilde;otecidos e Tecidos T&eacute;cnicos.<\/span><\/span><\/span><\/span><\/p>\r\n\r\n<p class=\"MsoTitleCxSpMiddle\" style=\"text-align:justify\"><span style=\"font-size:28pt\"><span cambria=\"\" style=\"font-family:\"><span style=\"letter-spacing:-0.5pt\"><b><span style=\"font-size:18.0pt\"><span calibri=\"\" style=\"font-family:\"><span style=\"font-variant:small-caps\">A&ccedil;&otilde;es da ABINT<\/span><\/span><\/span><\/b><\/span><\/span><\/span><\/p>\r\n\r\n<p class=\"MsoTitleCxSpMiddle\" style=\"text-align:justify\"><span style=\"font-size:28pt\"><span cambria=\"\" style=\"font-family:\"><span style=\"letter-spacing:-0.5pt\"><b><span style=\"font-size:18.0pt\"><span calibri=\"\" style=\"font-family:\"><span style=\"font-variant:small-caps\"><img height=\"500\" src=\"https:\/\/www.abint.org.br\/assets\/img\/editor\/premio-tcc-ic-2023-arte-1_20230124160617dkTElx9IE8.png\" width=\"500\" \/><\/span><\/span><\/span><\/b><\/span><\/span><\/span><\/p>\r\n\r\n<p style=\"text-align:justify\"><span style=\"font-size:11pt\"><span style=\"line-height:normal\"><span calibri=\"\" style=\"font-family:\"><strong><span style=\"font-size:14.0pt\"><span calibri=\"\" style=\"font-family:\">CTG ABINT e a IGS BRASIL <\/span><\/span><\/strong><span style=\"font-size:14.0pt\">convidam aqueles que desenvolveram trabalhos acad&ecirc;micos relacionados aos geossint&eacute;ticos a participarem&nbsp;de mais uma edi&ccedil;&atilde;o do Pr&ecirc;mio TCC\/IC.<\/span><\/span><\/span><\/span><\/p>\r\n\r\n<p style=\"text-align:justify\"><span style=\"font-size:11pt\"><span style=\"line-height:normal\"><span calibri=\"\" style=\"font-family:\"><a href=\"https:\/\/abint.us2.list-manage.com\/track\/click?u=88818ac6bf44316570fc1bc2f&amp;id=46b014bcf1&amp;e=626265ad22\" style=\"color:blue; text-decoration:underline\" target=\"_blank\"><span style=\"font-size:14.0pt\"><span style=\"color:blue\">Mais informa&ccedil;&otilde;es e inscri&ccedil;&otilde;es<\/span><\/span><\/a><\/span><\/span><\/span><\/p>\r\n\r\n<p style=\"text-align:justify\">&nbsp;<\/p>\r\n\r\n<p style=\"text-align:justify\"><span style=\"font-size:11pt\"><span style=\"line-height:normal\"><span calibri=\"\" style=\"font-family:\"><b><span style=\"font-size:18.0pt\"><span style=\"font-variant:small-caps\">Eventos<\/span><\/span><\/b><\/span><\/span><\/span><\/p>\r\n\r\n<p style=\"text-align:justify\"><span style=\"font-size:11pt\"><span style=\"line-height:normal\"><span calibri=\"\" style=\"font-family:\"><span class=\"MsoHyperlink\" style=\"color:blue\"><span style=\"text-decoration:underline\"><b><span style=\"font-size:14.0pt\"><span style=\"text-decoration:none\"><span style=\"text-underline:none\">ABIT Conversa Aberta | Propostas da Ind&uacute;stria para os 100 primeiros dias do novo Governo<\/span><\/span><\/span><\/b><\/span><\/span><span class=\"MsoHyperlink\" style=\"color:blue\"><span style=\"text-decoration:underline\"><span style=\"font-size:14.0pt\"><span style=\"text-decoration:none\"><span style=\"text-underline:none\">, 31 de janeiro de 2023. <\/span><\/span><\/span><\/span><\/span><a href=\"https:\/\/conteudo.abit.org.br\/conversa-aberta-100-dias-governo?utm_campaign=conversa_aberta_31jan_-_100_dias_governo_-_24012023&amp;utm_medium=email&amp;utm_source=RD+Station\" style=\"color:blue; text-decoration:underline\"><span style=\"font-size:14.0pt\">Informa&ccedil;&otilde;es<\/span><\/a><\/span><\/span><\/span><\/p>\r\n\r\n<p style=\"text-align:justify\"><span style=\"font-size:11pt\"><span style=\"line-height:normal\"><span calibri=\"\" style=\"font-family:\"><span class=\"MsoHyperlink\" style=\"color:blue\"><span style=\"text-decoration:underline\"><b><span style=\"font-size:14.0pt\"><span style=\"text-decoration:none\"><span style=\"text-underline:none\">Webinar eureciclo | Relat&oacute;rio Nacional Recicla+ e mais cinco Estados<\/span><\/span><\/span><\/b><\/span><\/span><span class=\"MsoHyperlink\" style=\"color:blue\"><span style=\"text-decoration:underline\"><span style=\"font-size:14.0pt\"><span style=\"text-decoration:none\"><span style=\"text-underline:none\">, 02 de fevereiro de 2023. <\/span><\/span><\/span><\/span><\/span><a href=\"https:\/\/info.eureciclo.com.br\/relatorios-2023-assoc?utm_campaign=Associa%C3%A7%C3%B5es%20Signat%C3%A1rias&amp;utm_medium=email&amp;_hsmi=242348008&amp;_hsenc=p2ANqtz--tLO3o6kDgub_Fh3SXgOjItC1744U2t_fO-VG-xoYsfjqhndw5gswMEir9CuuCsLIQsM-CdBnrcENgIb-RBzBRbbUChQ&amp;utm_content=242348008&amp;utm_source=hs_email\" style=\"color:blue; text-decoration:underline\"><span style=\"font-size:14.0pt\">Informa&ccedil;&otilde;es<\/span><\/a><\/span><\/span><\/span><\/p>\r\n\r\n<p style=\"text-align:justify\"><span style=\"font-size:11pt\"><span style=\"line-height:normal\"><span calibri=\"\" style=\"font-family:\"><a href=\"https:\/\/www.magnetmail.net\/actions\/email_web_version.cfm?ep=nY1qAgSybIYAtXkUlomjGTvozlxP9uwHcN55F0MkytH2RClGE8usJiNt1Arjq6T9h3o4FMnFZvw194A5gVh0cidsrPTck3kKnIiEDOLIT1krQCou4boq3j9g-8jm_6Vc\" style=\"color:blue; text-decoration:underline\"><span style=\"font-size:14.0pt\">INDA | 2023 Calendar of Events<\/span><\/a><\/span><\/span><\/span><\/p>\r\n\r\n<p style=\"text-align:justify\"><span style=\"font-size:11pt\"><span style=\"line-height:normal\"><span calibri=\"\" style=\"font-family:\"><span class=\"MsoHyperlink\" style=\"color:blue\"><span style=\"text-decoration:underline\"><b><span style=\"font-size:14.0pt\"><span style=\"text-decoration:none\"><span style=\"text-underline:none\">46&ordf; FIMEC<\/span><\/span><\/span><\/b><\/span><\/span><span class=\"MsoHyperlink\" style=\"color:blue\"><span style=\"text-decoration:underline\"><span style=\"font-size:14.0pt\"><span style=\"text-decoration:none\"><span style=\"text-underline:none\"> <b>| Feira Internacional de Couros, Produtos Qu&iacute;micos, Componentes, M&aacute;quinas e Equipamentos para Cal&ccedil;ados e Curtumes<\/b>, 07 a 09 de mar&ccedil;o de 2023, FENAC, Novo Hamburgo, Rio Grande do Sul. <\/span><\/span><\/span><\/span><\/span><a href=\"https:\/\/www.fimec.com.br\/pt-br\/home\" style=\"color:blue; text-decoration:underline\"><span style=\"font-size:14.0pt\">Informa&ccedil;&otilde;es<\/span><\/a> <\/span><\/span><\/span><\/p>\r\n\r\n<p style=\"text-align:justify\"><span style=\"font-size:11pt\"><span style=\"line-height:normal\"><span calibri=\"\" style=\"font-family:\"><span class=\"MsoHyperlink\" style=\"color:blue\"><span style=\"text-decoration:underline\"><b><span style=\"font-size:14.0pt\"><span style=\"text-decoration:none\"><span style=\"text-underline:none\">INDEX 2023<\/span><\/span><\/span><\/b><\/span><\/span><span class=\"MsoHyperlink\" style=\"color:blue\"><span style=\"text-decoration:underline\"><span style=\"font-size:14.0pt\"><span style=\"text-decoration:none\"><span style=\"text-underline:none\">, 18 a 21 de abril, Palexpo, Genebra, Su&iacute;&ccedil;a. <\/span><\/span><\/span><\/span><\/span><a href=\"https:\/\/www.indexnonwovens.com\/en\/\" style=\"color:blue; text-decoration:underline\"><span style=\"font-size:14.0pt\">Informa&ccedil;&otilde;es<\/span><\/a><\/span><\/span><\/span><\/p>\r\n\r\n<p style=\"text-align:justify\"><span style=\"font-size:11pt\"><span style=\"line-height:normal\"><span calibri=\"\" style=\"font-family:\"><span class=\"MsoHyperlink\" style=\"color:blue\"><span style=\"text-decoration:underline\"><b><span style=\"font-size:14.0pt\"><span style=\"text-decoration:none\"><span style=\"text-underline:none\">SENAI CETIQT | Programa de Desenvolvimento Setorial T&ecirc;xtil<\/span><\/span><\/span><\/b><\/span><\/span><span class=\"MsoHyperlink\" style=\"color:blue\"><span style=\"text-decoration:underline\"><span style=\"font-size:14.0pt\"><span style=\"text-decoration:none\"><span style=\"text-underline:none\">, acesse <\/span><\/span><\/span><\/span><\/span><a href=\"https:\/\/materiais.senaicetiqt.com\/lp_programa-de-desenvolvimento-setorial?utm_campaign=senai_cetiqt_e_abit__pds_textil__2_envio&amp;utm_medium=email&amp;utm_source=RD+Station\" style=\"color:blue; text-decoration:underline\"><span style=\"font-size:14.0pt\">aqui<\/span><\/a><span class=\"MsoHyperlink\" style=\"color:blue\"><span style=\"text-decoration:underline\"><span style=\"font-size:14.0pt\"><span style=\"text-decoration:none\"><span style=\"text-underline:none\"> para mais informa&ccedil;&otilde;es<\/span><\/span><\/span><\/span><\/span><\/span><\/span><\/span><\/p>\r\n\r\n<p style=\"text-align:justify\"><span style=\"font-size:11pt\"><span style=\"line-height:normal\"><span calibri=\"\" style=\"font-family:\"><b><span style=\"font-size:14.0pt\">ABRAVA de Portas Abertas | &ldquo;Perspectivas e Planejamento para o setor AVACR 2023&rdquo;<\/span><\/b><span style=\"font-size:14.0pt\">, 31 de janeiro de 2023, 08h00, evento h&iacute;brido. <\/span><a href=\"https:\/\/materiais.abrava.com.br\/31-01-abrava-de-portas-abertas?utm_campaign=abrava_portas_abertas_perspectivas_e_planejamento_para_o_setor_avac-r_2023&amp;utm_medium=email&amp;utm_source=RD+Station\" style=\"color:blue; text-decoration:underline\"><span style=\"font-size:14.0pt\">Informa&ccedil;&otilde;es<\/span><\/a><\/span><\/span><\/span><\/p>\r\n\r\n<p style=\"text-align:justify\"><span style=\"font-size:11pt\"><span style=\"line-height:normal\"><span calibri=\"\" style=\"font-family:\"><b><span style=\"font-size:14.0pt\">Pl&aacute;stico Brasil &ndash; Feira Internacional do Pl&aacute;stico<\/span><\/b><span style=\"font-size:14.0pt\">, 27 a 31 de mar&ccedil;o de 2023, S&atilde;o Paulo Expo. <\/span><a href=\"https:\/\/www.plasticobrasil.com.br\/pt\/home.html\" style=\"color:blue; text-decoration:underline\"><span style=\"font-size:14.0pt\">Informa&ccedil;&otilde;es<\/span><\/a><\/span><\/span><\/span><\/p>\r\n\r\n<p class=\"MsoTitleCxSpLast\" style=\"text-align:justify\"><span style=\"font-size:28pt\"><span cambria=\"\" style=\"font-family:\"><span style=\"letter-spacing:-0.5pt\"><b><span style=\"font-size:18.0pt\"><span calibri=\"\" style=\"font-family:\"><span style=\"font-variant:small-caps\">Setor<\/span><\/span><\/span><\/b><\/span><\/span><\/span><\/p>\r\n\r\n<p style=\"text-align:justify\"><span style=\"font-size:11pt\"><span style=\"line-height:normal\"><span calibri=\"\" style=\"font-family:\"><a href=\"https:\/\/www.textiletechnology.net\/technical-textiles\/commentary\/technische-textilien-52022-ai-in-nonwovens-production--present-or-future-33272?utm_source=%2Fmeta%2Fnewsletter%2Fnewsletter&amp;utm_medium=newsletter&amp;utm_campaign=nl1099&amp;utm_term=0801b20e08c3242125d512808cd74302\" style=\"color:blue; text-decoration:underline\"><span style=\"font-size:14.0pt\">AI in nonwovens production &ndash; present or future?<\/span><\/a><\/span><\/span><\/span><\/p>\r\n\r\n<p style=\"text-align:justify\"><span style=\"font-size:11pt\"><span style=\"line-height:normal\"><span calibri=\"\" style=\"font-family:\"><a href=\"https:\/\/amanha.com.br\/categoria\/500-maiores-do-sul\/para-seguir-crescendo\" style=\"color:blue; text-decoration:underline\"><span style=\"font-size:14.0pt\">Fitesa - Para seguir crescendo<\/span><\/a><\/span><\/span><\/span><\/p>\r\n\r\n<p style=\"text-align:justify\"><span style=\"font-size:11pt\"><span style=\"line-height:normal\"><span calibri=\"\" style=\"font-family:\"><a href=\"https:\/\/www.technicaltextile.net\/news\/germany-s-freudenberg-offers-tech-textiles-with-35-less-co2-emissions-285154.html\" style=\"color:blue; text-decoration:underline\"><span style=\"font-size:14.0pt\">Germany&#39;s Freudenberg offers tech textiles with 35% less CO2 emissions<\/span><\/a><\/span><\/span><\/span><\/p>\r\n\r\n<p style=\"text-align:justify\"><span style=\"font-size:11pt\"><span style=\"line-height:normal\"><span calibri=\"\" style=\"font-family:\"><a href=\"https:\/\/www.textiletechnology.net\/nonwovens\/news\/freudenberg-pm--filtech-new-brand-for-filter-media-33414?utm_source=%2Fmeta%2Fnewsletter%2Fnewsletter&amp;utm_medium=newsletter&amp;utm_campaign=nl1099&amp;utm_term=0801b20e08c3242125d512808cd74302\" style=\"color:blue; text-decoration:underline\"><span style=\"font-size:14.0pt\">Freudenberg PM @ Filtech - New brand for filter media<\/span><\/a><\/span><\/span><\/span><\/p>\r\n\r\n<p style=\"text-align:justify\"><span style=\"font-size:11pt\"><span style=\"line-height:normal\"><span calibri=\"\" style=\"font-family:\"><a href=\"https:\/\/www.textiletechnology.net\/fibers\/news\/fibertex-corp.-acquisition-by-stein-fibers-33362?utm_source=%2Fmeta%2Fnewsletter%2Fnewsletter&amp;utm_medium=newsletter&amp;utm_campaign=nl1099&amp;utm_term=0801b20e08c3242125d512808cd74302\" style=\"color:blue; text-decoration:underline\"><span style=\"font-size:14.0pt\">Stein Fibers acquire the fiber operations of Fibertex Corp<\/span><\/a><\/span><\/span><\/span><\/p>\r\n\r\n<p style=\"text-align:justify\"><span style=\"font-size:11pt\"><span style=\"line-height:normal\"><span calibri=\"\" style=\"font-family:\"><a href=\"https:\/\/tissueonline.com.br\/maqpel-amplia-portfolio-com-nova-solucao-para-o-mercado-de-nonwoven\/\" style=\"color:blue; text-decoration:underline\"><span style=\"font-size:14.0pt\">Maqpel amplia portf&oacute;lio com nova solu&ccedil;&atilde;o para o mercado de nonwoven<\/span><\/a><\/span><\/span><\/span><\/p>\r\n\r\n<p style=\"text-align:justify\"><span style=\"font-size:11pt\"><span style=\"line-height:normal\"><span calibri=\"\" style=\"font-family:\"><a href=\"https:\/\/www.meiofiltrante.com.br\/Noticia\/110351\/filtros-na-irrigacao-viram-solucao-sustentavel-que-potencializa-ate-o-aumento-da-producao\" style=\"color:blue; text-decoration:underline\"><span style=\"font-size:14.0pt\">Filtros na irriga&ccedil;&atilde;o viram solu&ccedil;&atilde;o sustent&aacute;vel que potencializa at&eacute; o aumento da produ&ccedil;&atilde;o<\/span><\/a><\/span><\/span><\/span><\/p>\r\n\r\n<p style=\"text-align:justify\"><span style=\"font-size:11pt\"><span style=\"line-height:normal\"><span calibri=\"\" style=\"font-family:\"><a href=\"file:\/\/\/C:\/Users\/cristiane\/Downloads\/Filtros%20para%20o%20tratamento%20da%20\u00e1gua%20de%20piscinas\" style=\"color:blue; text-decoration:underline\"><span style=\"font-size:14.0pt\">Filtros para o tratamento da &aacute;gua de piscinas<\/span><\/a><\/span><\/span><\/span><\/p>\r\n\r\n<p class=\"MsoTitle\" style=\"text-align:justify\"><span style=\"font-size:28pt\"><span cambria=\"\" style=\"font-family:\"><span style=\"letter-spacing:-0.5pt\"><b><span style=\"font-size:18.0pt\"><span calibri=\"\" style=\"font-family:\"><span style=\"font-variant:small-caps\">Ind&uacute;stria<\/span><\/span><\/span><\/b><\/span><\/span><\/span><\/p>\r\n\r\n<p style=\"text-align:justify\"><span style=\"font-size:11pt\"><span style=\"line-height:normal\"><span calibri=\"\" style=\"font-family:\"><a href=\"https:\/\/static.portaldaindustria.com.br\/portaldaindustria\/noticias\/media\/filer_public\/6f\/d5\/6fd508d9-78fe-417e-a0bf-f1dd378140e2\/sondagem_industrial_-_dezembro_2022.pdf\" style=\"color:blue; text-decoration:underline\"><span style=\"font-size:14.0pt\">CNI | Sondagem Industrial dezembro 2022<\/span><\/a><\/span><\/span><\/span><\/p>\r\n\r\n<p style=\"text-align:justify\"><span style=\"font-size:11pt\"><span style=\"line-height:normal\"><span calibri=\"\" style=\"font-family:\"><a href=\"https:\/\/noticias.portaldaindustria.com.br\/noticias\/economia\/alta-carga-tributaria-lidera-ranking-de-problemas-elencados-por-empresarios\/\" style=\"color:blue; text-decoration:underline\"><span style=\"font-size:14.0pt\">Alta carga tribut&aacute;ria lidera ranking de problemas elencados por empres&aacute;rios<\/span><\/a><\/span><\/span><\/span><\/p>\r\n\r\n<p style=\"text-align:justify\"><span style=\"font-size:11pt\"><span style=\"line-height:normal\"><span calibri=\"\" style=\"font-family:\"><a href=\"https:\/\/administradores.com.br\/noticias\/mercado-automobilistico-termina-2022-com-alta-de-quase-5-na-producao\" style=\"color:blue; text-decoration:underline\"><span style=\"font-size:14.0pt\">Mercado automobil&iacute;stico termina 2022 com alta de quase 5% na produ&ccedil;&atilde;o<\/span><\/a><\/span><\/span><\/span><\/p>\r\n\r\n<p style=\"text-align:justify\"><span style=\"font-size:11pt\"><span style=\"line-height:normal\"><span calibri=\"\" style=\"font-family:\"><a href=\"https:\/\/www.abicalcados.com.br\/noticia\/calcadistas-exportaram-us-1-3-bilhao-em-2022\" style=\"color:blue; text-decoration:underline\"><span style=\"font-size:14.0pt\">Cal&ccedil;adistas exportaram US$ 1,3 bilh&atilde;o em 2022<\/span><\/a><\/span><\/span><\/span><\/p>\r\n\r\n<p style=\"text-align:justify\"><span style=\"font-size:11pt\"><span style=\"line-height:normal\"><span calibri=\"\" style=\"font-family:\"><a href=\"https:\/\/grandesconstrucoes.com.br\/Noticias\/Exibir\/industria-de-materiais-de-construcao-recua-7-em-2022\" style=\"color:blue; text-decoration:underline\"><span style=\"font-size:14.0pt\">Ind&uacute;stria de materiais de constru&ccedil;&atilde;o recua 7% em 2022<\/span><\/a><\/span><\/span><\/span><\/p>\r\n\r\n<p style=\"text-align:justify\"><span style=\"font-size:11pt\"><span style=\"line-height:normal\"><span calibri=\"\" style=\"font-family:\"><a href=\"https:\/\/noticias.portaldaindustria.com.br\/noticias\/economia\/taxas-de-juros-altas-ainda-sao-principal-problema-da-industria-da-construcao\/\" style=\"color:blue; text-decoration:underline\"><span style=\"font-size:14.0pt\">Taxas de juros altas ainda s&atilde;o principal problema da ind&uacute;stria da constru&ccedil;&atilde;o<\/span><\/a><\/span><\/span><\/span><\/p>\r\n\r\n<p style=\"text-align:justify\"><span style=\"font-size:11pt\"><span style=\"line-height:normal\"><span calibri=\"\" style=\"font-family:\"><a href=\"https:\/\/grandesconstrucoes.com.br\/Noticias\/Exibir\/o-horizonte-da-infraestrutura-em-2023\" style=\"color:blue; text-decoration:underline\"><span style=\"font-size:14.0pt\">O horizonte da infraestrutura em 2023<\/span><\/a><\/span><\/span><\/span><\/p>\r\n\r\n<p style=\"text-align:justify\"><span style=\"font-size:11pt\"><span style=\"line-height:normal\"><span calibri=\"\" style=\"font-family:\"><a href=\"https:\/\/grandesconstrucoes.com.br\/Noticias\/Exibir\/transportes-lanca-consulta-para-definir-obras?utm_source=akna&amp;utm_medium=email&amp;utm_campaign=Grandes-Construcoes-Informativo-845-19-01-2023&amp;utm_source=akna&amp;utm_medium=email&amp;utm_campaign=Grandes-Construcoes-Informativo-845-19-01-2023\" style=\"color:blue; text-decoration:underline\"><span style=\"font-size:14.0pt\">Minist&eacute;rio dos Transportes lan&ccedil;a consulta para definir obras<\/span><\/a><\/span><\/span><\/span><\/p>\r\n\r\n<p style=\"text-align:justify\"><span style=\"font-size:11pt\"><span style=\"line-height:normal\"><span calibri=\"\" style=\"font-family:\"><span class=\"MsoHyperlink\" style=\"color:blue\"><span style=\"text-decoration:underline\"><span style=\"font-size:14.0pt\"><a href=\"https:\/\/grandesconstrucoes.com.br\/Noticias\/Exibir\/governo-federal-investira-r-17-bilhao-para-revitalizar-e-retomar-obras-em-rodovias-e-ferrovias-do-pais\" style=\"color:blue; text-decoration:underline\">Governo Federal investir&aacute; R$ 1,7 bilh&atilde;o em rodovias e ferrovias do pa&iacute;s<\/a><\/span><\/span><\/span><\/span><\/span><\/span><\/p>\r\n\r\n<p style=\"text-align:justify\"><span style=\"font-size:11pt\"><span style=\"line-height:normal\"><span calibri=\"\" style=\"font-family:\"><a href=\"https:\/\/almaco.org.br\/2023\/01\/19\/setor-de-construcao-precisa-integrar-a-cadeia-produtiva-para-avancar\/\" style=\"color:blue; text-decoration:underline\"><span style=\"font-size:14.0pt\">Setor de constru&ccedil;&atilde;o precisa integrar a cadeia produtiva para avan&ccedil;ar<\/span><\/a><\/span><\/span><\/span><\/p>\r\n\r\n<p style=\"text-align:justify\"><span style=\"font-size:11pt\"><span style=\"line-height:normal\"><span calibri=\"\" style=\"font-family:\"><a href=\"https:\/\/abimo.org.br\/noticias\/abimo-e-ministerio-da-defesa-assinam-protocolo-de-intencoes\/\" style=\"color:blue; text-decoration:underline\"><span style=\"font-size:14.0pt\">ABIMO e Minist&eacute;rio da Defesa assinam Protocolo de Inten&ccedil;&otilde;es<\/span><\/a><\/span><\/span><\/span><\/p>\r\n\r\n<p class=\"MsoTitle\" style=\"text-align:justify\"><span style=\"font-size:28pt\"><span cambria=\"\" style=\"font-family:\"><span style=\"letter-spacing:-0.5pt\"><b><span style=\"font-size:18.0pt\"><span calibri=\"\" style=\"font-family:\"><span style=\"font-variant:small-caps\">Sustentabilidade<\/span><\/span><\/span><\/b><\/span><\/span><\/span><\/p>\r\n\r\n<p style=\"text-align:justify\"><span style=\"font-size:11pt\"><span style=\"line-height:normal\"><span calibri=\"\" style=\"font-family:\"><a href=\"https:\/\/grandesconstrucoes.com.br\/Noticias\/Exibir\/rumos-do-marco-legal-do-saneamento-devem-ser-mantidos\" style=\"color:blue; text-decoration:underline\"><span style=\"font-size:14.0pt\">Rumos do Marco Legal do saneamento devem ser mantidos<\/span><\/a><\/span><\/span><\/span><\/p>\r\n\r\n<p style=\"text-align:justify\"><span style=\"font-size:11pt\"><span style=\"line-height:normal\"><span calibri=\"\" style=\"font-family:\"><a href=\"https:\/\/grandesconstrucoes.com.br\/Noticias\/Exibir\/praticas-de-esg-ganham-espaco-no-setor-construtivo?utm_source=akna&amp;utm_medium=email&amp;utm_campaign=Grandes-Construcoes-Informativo-845-19-01-2023&amp;utm_source=akna&amp;utm_medium=email&amp;utm_campaign=Grandes-Construcoes-Informativo-845-19-01-2023\" style=\"color:blue; text-decoration:underline\"><span style=\"font-size:14.0pt\">Pr&aacute;ticas de ESG ganham espa&ccedil;o no setor construtivo<\/span><\/a><\/span><\/span><\/span><\/p>\r\n\r\n<p style=\"text-align:justify\"><span style=\"font-size:11pt\"><span style=\"line-height:normal\"><span calibri=\"\" style=\"font-family:\"><a href=\"https:\/\/www.portugaltextil.com\/ue-aperta-cerco-a-poluicao-industrial\/?utm_term=Portugal+Textil+a%3F%3F%3F%3F+20.01.2023&amp;utm_campaign=Portugal+Textil+FInal&amp;utm_source=e-goi&amp;utm_medium=email\" style=\"color:blue; text-decoration:underline\"><span style=\"font-size:14.0pt\">UE aperta cerco &agrave; polui&ccedil;&atilde;o industrial<\/span><\/a><\/span><\/span><\/span><\/p>\r\n\r\n<p style=\"text-align:justify\"><span style=\"font-size:11pt\"><span style=\"line-height:normal\"><span calibri=\"\" style=\"font-family:\"><a href=\"https:\/\/bahia.ba\/economia\/braskem-planeja-produzir-polipropileno-de-origem-biologica\/\" style=\"color:blue; text-decoration:underline\"><span style=\"font-size:14.0pt\">Braskem planeja produzir polipropileno de origem biol&oacute;gica<\/span><\/a><\/span><\/span><\/span><\/p>\r\n\r\n<p style=\"text-align:justify\"><span style=\"font-size:11pt\"><span style=\"line-height:normal\"><span calibri=\"\" style=\"font-family:\"><a href=\"https:\/\/www.textiletechnology.net\/fibers\/news\/xerosuos-microplastic-as-a-resource-33416?utm_source=%2Fmeta%2Fnewsletter%2Fnewsletter&amp;utm_medium=newsletter&amp;utm_campaign=nl1100&amp;utm_term=0801b20e08c3242125d512808cd74302\" style=\"color:blue; text-decoration:underline\"><span style=\"font-size:14.0pt\">Microplastic as a resource<\/span><\/a><\/span><\/span><\/span><\/p>\r\n\r\n<p style=\"text-align:justify\"><span style=\"font-size:11pt\"><span style=\"line-height:normal\"><span calibri=\"\" style=\"font-family:\"><a href=\"https:\/\/exclink.exclusivo.com.br\/cl\/PPBdv\/E6A\/fff5\/LCFJkUKAOaB\/BLUJ\/D7jLi7xeFcq\/3\/\" style=\"color:blue; text-decoration:underline\"><span style=\"font-size:14.0pt\">Grife agrega res&iacute;duos de milho &agrave; produ&ccedil;&atilde;o de t&ecirc;nis<\/span><\/a><\/span><\/span><\/span><\/p>\r\n\r\n<p class=\"MsoTitle\" style=\"text-align:justify\"><span style=\"font-size:28pt\"><span cambria=\"\" style=\"font-family:\"><span style=\"letter-spacing:-0.5pt\"><b><span style=\"font-size:18.0pt\"><span calibri=\"\" style=\"font-family:\"><span style=\"font-variant:small-caps\">Inova&ccedil;&atilde;o<\/span><\/span><\/span><\/b><\/span><\/span><\/span><\/p>\r\n\r\n<p style=\"text-align:justify\"><span style=\"font-size:11pt\"><span style=\"line-height:normal\"><span calibri=\"\" style=\"font-family:\"><a href=\"https:\/\/ciclovivo.com.br\/inovacao\/tecnologia\/sistema-transforma-plastico-e-co2-em-combustiveis\/\" style=\"color:blue; text-decoration:underline\"><span style=\"font-size:14.0pt\">Sistema transforma pl&aacute;stico e CO2 em combust&iacute;veis<\/span><\/a><\/span><\/span><\/span><\/p>\r\n\r\n<p style=\"text-align:justify\"><span style=\"font-size:11pt\"><span style=\"line-height:normal\"><span calibri=\"\" style=\"font-family:\"><a href=\"https:\/\/www.technicaltextile.net\/news\/us-smart-coating-can-integrate-into-fabric-to-create-protective-gear-285274.html\" style=\"color:blue; text-decoration:underline\"><span style=\"font-size:14.0pt\">US smart coating can integrate into fabric to create protective gear<\/span><\/a><\/span><\/span><\/span><\/p>\r\n\r\n<p class=\"MsoTitleCxSpLast\" style=\"text-align:justify\"><span style=\"font-size:28pt\"><span cambria=\"\" style=\"font-family:\"><span style=\"letter-spacing:-0.5pt\"><b><span style=\"font-size:18.0pt\"><span calibri=\"\" style=\"font-family:\"><span style=\"font-variant:small-caps\">Com&eacute;rcio Exterior<\/span><\/span><\/span><\/b><\/span><\/span><\/span><\/p>\r\n\r\n<p style=\"text-align:justify\"><span style=\"font-size:11pt\"><span style=\"line-height:normal\"><span calibri=\"\" style=\"font-family:\"><a href=\"https:\/\/noticias.portaldaindustria.com.br\/noticias\/internacional\/industrias-brasileira-e-argentina-listam-prioridades-para-revitalizar-agenda-de-integracao-bilateral\/\" style=\"color:blue; text-decoration:underline\"><span style=\"font-size:14.0pt\">Ind&uacute;strias brasileira e argentina listam prioridades para revitalizar agenda de integra&ccedil;&atilde;o bilateral<\/span><\/a><\/span><\/span><\/span><\/p>\r\n\r\n<p style=\"text-align:justify\"><span style=\"font-size:11pt\"><span style=\"line-height:normal\"><span calibri=\"\" style=\"font-family:\"><span class=\"MsoHyperlink\" style=\"color:blue\"><span style=\"text-decoration:underline\"><span style=\"font-size:14.0pt\"><a href=\"https:\/\/www.infomoney.com.br\/politica\/lula-e-fernandez-defendem-mercosul-e-integracao-regional-em-artigo-conjunto\/\" style=\"color:blue; text-decoration:underline\">Lula e Fern&aacute;ndez defendem Mercosul e integra&ccedil;&atilde;o regional em artigo conjunto<\/a><\/span><\/span><\/span><\/span><\/span><\/span><\/p>\r\n\r\n<p style=\"text-align:justify\"><span style=\"font-size:11pt\"><span style=\"line-height:normal\"><span calibri=\"\" style=\"font-family:\"><a href=\"https:\/\/www.gov.br\/economia\/pt-br\/assuntos\/noticias\/2023\/superavit-da-balanca-comercial-chega-a-us-2-1-bilhoes-ate-a-terceira-semana-de-janeiro\" style=\"color:blue; text-decoration:underline\"><span style=\"font-size:14.0pt\">Super&aacute;vit da balan&ccedil;a comercial chega a US$ 2,1 bilh&otilde;es at&eacute; a terceira semana de janeiro<\/span><\/a><\/span><\/span><\/span><\/p>\r\n\r\n<p style=\"text-align:justify\"><span style=\"font-size:11pt\"><span style=\"line-height:normal\"><span calibri=\"\" style=\"font-family:\"><a href=\"https:\/\/static.portaldaindustria.com.br\/media\/filer_public\/74\/14\/74147cd3-059e-4b16-ac18-26932e77990a\/coeficientesdeaberturacomercial_numero1_2022.pdf\" style=\"color:blue; text-decoration:underline\"><span style=\"font-size:14.0pt\">Importados aumentam participa&ccedil;&atilde;o no mercado brasileiro<\/span><\/a><\/span><\/span><\/span><\/p>\r\n\r\n<p class=\"MsoTitle\" style=\"text-align:justify\"><span style=\"font-size:28pt\"><span cambria=\"\" style=\"font-family:\"><span style=\"letter-spacing:-0.5pt\"><b><span style=\"font-size:18.0pt\"><span calibri=\"\" style=\"font-family:\"><span style=\"font-variant:small-caps\">Economia<\/span><\/span><\/span><\/b><\/span><\/span><\/span><\/p>\r\n\r\n<p style=\"text-align:justify\"><span style=\"font-size:11pt\"><span style=\"line-height:normal\"><span calibri=\"\" style=\"font-family:\"><a href=\"https:\/\/www.bcb.gov.br\/content\/focus\/focus\/R20230113.pdf\" style=\"color:blue; text-decoration:underline\"><span style=\"font-size:14.0pt\">Focus - Relat&oacute;rio de Mercado<\/span><\/a><\/span><\/span><\/span><\/p>\r\n\r\n<p style=\"text-align:justify\"><span style=\"font-size:11pt\"><span style=\"line-height:normal\"><span calibri=\"\" style=\"font-family:\"><a href=\"https:\/\/sovos.com\/pt-br\/blog\/tributos\/projeto-aprovado-na-camara-e-primeiro-passo-para-reforma-tributaria\/?utm_source=&amp;utm_medium=&amp;utm_campaign=&amp;utm_term=&amp;utm_content=&amp;mkt_tok=MzM0LUhWTi0yNDkAAAGJSwwvMplzLeyBUw28nJFofGbToeVJIFUFUAvG9EPcqbdteom7wFxKX2tTSWirAqhAq7iNSZrnC8VxADRys7rMgCCgSVTJ_UhSOJuxn21c8g0\" style=\"color:blue; text-decoration:underline\"><span style=\"font-size:14.0pt\">Projeto aprovado na C&acirc;mara &eacute; primeiro passo para reforma tribut&aacute;ria<\/span><\/a><\/span><\/span><\/span><\/p>\r\n\r\n<p style=\"text-align:justify\"><span style=\"font-size:11pt\"><span style=\"line-height:normal\"><span calibri=\"\" style=\"font-family:\"><a href=\"https:\/\/www18.fgv.br\/mailing\/2023\/ibre\/Boletim_Macro_Janeiro\/\" style=\"color:blue; text-decoration:underline\"><span style=\"font-size:14.0pt\">FGV-IBRE | Boletim Macro: olho na piora da confian&ccedil;a nas pr&eacute;vias de janeiro<\/span><\/a><\/span><\/span><\/span><\/p>\r\n\r\n<p style=\"text-align:justify\"><span style=\"font-size:11pt\"><span style=\"line-height:normal\"><span calibri=\"\" style=\"font-family:\"><a href=\"https:\/\/expresso.pt\/economia\/2023-01-10-Goldman-Sachs-afasta-recessao-na-zona-euro-este-ano-e-preve-crescimento-de-06-c9765f8f\" style=\"color:blue; text-decoration:underline\"><span style=\"font-size:14.0pt\">Goldman Sachs afasta recess&atilde;o na zona euro este ano e prev&ecirc; crescimento de 0,6%<\/span><\/a><\/span><\/span><\/span><\/p>\r\n\r\n<p style=\"text-align:justify\"><span style=\"font-size:11pt\"><span style=\"line-height:normal\"><span calibri=\"\" style=\"font-family:\"><a href=\"https:\/\/www.publico.pt\/2023\/01\/17\/economia\/noticia\/economia-china-cresce-ritmo-lento-quase-50-anos-2035316\" style=\"color:blue; text-decoration:underline\"><span style=\"font-size:14.0pt\">Economia da China cresce ao ritmo mais lento em quase 50 anos<\/span><\/a><\/span><\/span><\/span><\/p>\r\n\r\n<p style=\"text-align:justify\"><span style=\"font-size:11pt\"><span style=\"line-height:normal\"><span calibri=\"\" style=\"font-family:\"><a href=\"https:\/\/www.fibre2fashion.com\/news\/textile-news\/two-thirds-of-economists-in-wef-survey-expect-global-recession-in-2023-285276-newsdetails.htm\" style=\"color:blue; text-decoration:underline\"><span style=\"font-size:14.0pt\">Two-thirds of economists in WEF survey expect global recession in 2023<\/span><\/a><\/span><\/span><\/span><\/p>\r\n","6":"<p style=\"text-align:justify\"><span style=\"font-size:11pt\"><span style=\"line-height:normal\"><span calibri=\"\" style=\"font-family:\"><span style=\"font-size:14.0pt\">Esta &eacute; uma compila&ccedil;&atilde;o das not&iacute;cias mais relevantes para o setor, incluindo informa&ccedil;&otilde;es sobre acordos internacionais, economia brasileira, sustentabilidade e mat&eacute;rias primas, al&eacute;m de novidades do setor de N&atilde;otecidos e Tecidos T&eacute;cnicos.<\/span><\/span><\/span><\/span><\/p>\r\n\r\n<p class=\"MsoTitleCxSpMiddle\" style=\"text-align:justify\"><span style=\"font-size:28pt\"><span cambria=\"\" style=\"font-family:\"><span style=\"letter-spacing:-0.5pt\"><b><span style=\"font-size:18.0pt\"><span calibri=\"\" style=\"font-family:\"><span style=\"font-variant:small-caps\">A&ccedil;&otilde;es da ABINT<\/span><\/span><\/span><\/b><\/span><\/span><\/span><\/p>\r\n\r\n<p class=\"MsoTitleCxSpMiddle\" style=\"text-align:justify\"><span style=\"font-size:28pt\"><span cambria=\"\" style=\"font-family:\"><span style=\"letter-spacing:-0.5pt\"><b><span style=\"font-size:18.0pt\"><span calibri=\"\" style=\"font-family:\"><span style=\"font-variant:small-caps\"><img height=\"500\" src=\"https:\/\/www.abint.org.br\/assets\/img\/editor\/premio-tcc-ic-2023-arte-1_20230124160617dkTElx9IE8.png\" width=\"500\" \/><\/span><\/span><\/span><\/b><\/span><\/span><\/span><\/p>\r\n\r\n<p style=\"text-align:justify\"><span style=\"font-size:11pt\"><span style=\"line-height:normal\"><span calibri=\"\" style=\"font-family:\"><strong><span style=\"font-size:14.0pt\"><span calibri=\"\" style=\"font-family:\">CTG ABINT e a IGS BRASIL <\/span><\/span><\/strong><span style=\"font-size:14.0pt\">convidam aqueles que desenvolveram trabalhos acad&ecirc;micos relacionados aos geossint&eacute;ticos a participarem&nbsp;de mais uma edi&ccedil;&atilde;o do Pr&ecirc;mio TCC\/IC.<\/span><\/span><\/span><\/span><\/p>\r\n\r\n<p style=\"text-align:justify\"><span style=\"font-size:11pt\"><span style=\"line-height:normal\"><span calibri=\"\" style=\"font-family:\"><a href=\"https:\/\/abint.us2.list-manage.com\/track\/click?u=88818ac6bf44316570fc1bc2f&amp;id=46b014bcf1&amp;e=626265ad22\" style=\"color:blue; text-decoration:underline\" target=\"_blank\"><span style=\"font-size:14.0pt\"><span style=\"color:blue\">Mais informa&ccedil;&otilde;es e inscri&ccedil;&otilde;es<\/span><\/span><\/a><\/span><\/span><\/span><\/p>\r\n\r\n<p style=\"text-align:justify\">&nbsp;<\/p>\r\n\r\n<p style=\"text-align:justify\"><span style=\"font-size:11pt\"><span style=\"line-height:normal\"><span calibri=\"\" style=\"font-family:\"><b><span style=\"font-size:18.0pt\"><span style=\"font-variant:small-caps\">Eventos<\/span><\/span><\/b><\/span><\/span><\/span><\/p>\r\n\r\n<p style=\"text-align:justify\"><span style=\"font-size:11pt\"><span style=\"line-height:normal\"><span calibri=\"\" style=\"font-family:\"><span class=\"MsoHyperlink\" style=\"color:blue\"><span style=\"text-decoration:underline\"><b><span style=\"font-size:14.0pt\"><span style=\"text-decoration:none\"><span style=\"text-underline:none\">ABIT Conversa Aberta | Propostas da Ind&uacute;stria para os 100 primeiros dias do novo Governo<\/span><\/span><\/span><\/b><\/span><\/span><span class=\"MsoHyperlink\" style=\"color:blue\"><span style=\"text-decoration:underline\"><span style=\"font-size:14.0pt\"><span style=\"text-decoration:none\"><span style=\"text-underline:none\">, 31 de janeiro de 2023. <\/span><\/span><\/span><\/span><\/span><a href=\"https:\/\/conteudo.abit.org.br\/conversa-aberta-100-dias-governo?utm_campaign=conversa_aberta_31jan_-_100_dias_governo_-_24012023&amp;utm_medium=email&amp;utm_source=RD+Station\" style=\"color:blue; text-decoration:underline\"><span style=\"font-size:14.0pt\">Informa&ccedil;&otilde;es<\/span><\/a><\/span><\/span><\/span><\/p>\r\n\r\n<p style=\"text-align:justify\"><span style=\"font-size:11pt\"><span style=\"line-height:normal\"><span calibri=\"\" style=\"font-family:\"><span class=\"MsoHyperlink\" style=\"color:blue\"><span style=\"text-decoration:underline\"><b><span style=\"font-size:14.0pt\"><span style=\"text-decoration:none\"><span style=\"text-underline:none\">Webinar eureciclo | Relat&oacute;rio Nacional Recicla+ e mais cinco Estados<\/span><\/span><\/span><\/b><\/span><\/span><span class=\"MsoHyperlink\" style=\"color:blue\"><span style=\"text-decoration:underline\"><span style=\"font-size:14.0pt\"><span style=\"text-decoration:none\"><span style=\"text-underline:none\">, 02 de fevereiro de 2023. <\/span><\/span><\/span><\/span><\/span><a href=\"https:\/\/info.eureciclo.com.br\/relatorios-2023-assoc?utm_campaign=Associa%C3%A7%C3%B5es%20Signat%C3%A1rias&amp;utm_medium=email&amp;_hsmi=242348008&amp;_hsenc=p2ANqtz--tLO3o6kDgub_Fh3SXgOjItC1744U2t_fO-VG-xoYsfjqhndw5gswMEir9CuuCsLIQsM-CdBnrcENgIb-RBzBRbbUChQ&amp;utm_content=242348008&amp;utm_source=hs_email\" style=\"color:blue; text-decoration:underline\"><span style=\"font-size:14.0pt\">Informa&ccedil;&otilde;es<\/span><\/a><\/span><\/span><\/span><\/p>\r\n\r\n<p style=\"text-align:justify\"><span style=\"font-size:11pt\"><span style=\"line-height:normal\"><span calibri=\"\" style=\"font-family:\"><a href=\"https:\/\/www.magnetmail.net\/actions\/email_web_version.cfm?ep=nY1qAgSybIYAtXkUlomjGTvozlxP9uwHcN55F0MkytH2RClGE8usJiNt1Arjq6T9h3o4FMnFZvw194A5gVh0cidsrPTck3kKnIiEDOLIT1krQCou4boq3j9g-8jm_6Vc\" style=\"color:blue; text-decoration:underline\"><span style=\"font-size:14.0pt\">INDA | 2023 Calendar of Events<\/span><\/a><\/span><\/span><\/span><\/p>\r\n\r\n<p style=\"text-align:justify\"><span style=\"font-size:11pt\"><span style=\"line-height:normal\"><span calibri=\"\" style=\"font-family:\"><span class=\"MsoHyperlink\" style=\"color:blue\"><span style=\"text-decoration:underline\"><b><span style=\"font-size:14.0pt\"><span style=\"text-decoration:none\"><span style=\"text-underline:none\">46&ordf; FIMEC<\/span><\/span><\/span><\/b><\/span><\/span><span class=\"MsoHyperlink\" style=\"color:blue\"><span style=\"text-decoration:underline\"><span style=\"font-size:14.0pt\"><span style=\"text-decoration:none\"><span style=\"text-underline:none\"> <b>| Feira Internacional de Couros, Produtos Qu&iacute;micos, Componentes, M&aacute;quinas e Equipamentos para Cal&ccedil;ados e Curtumes<\/b>, 07 a 09 de mar&ccedil;o de 2023, FENAC, Novo Hamburgo, Rio Grande do Sul. <\/span><\/span><\/span><\/span><\/span><a href=\"https:\/\/www.fimec.com.br\/pt-br\/home\" style=\"color:blue; text-decoration:underline\"><span style=\"font-size:14.0pt\">Informa&ccedil;&otilde;es<\/span><\/a> <\/span><\/span><\/span><\/p>\r\n\r\n<p style=\"text-align:justify\"><span style=\"font-size:11pt\"><span style=\"line-height:normal\"><span calibri=\"\" style=\"font-family:\"><span class=\"MsoHyperlink\" style=\"color:blue\"><span style=\"text-decoration:underline\"><b><span style=\"font-size:14.0pt\"><span style=\"text-decoration:none\"><span style=\"text-underline:none\">INDEX 2023<\/span><\/span><\/span><\/b><\/span><\/span><span class=\"MsoHyperlink\" style=\"color:blue\"><span style=\"text-decoration:underline\"><span style=\"font-size:14.0pt\"><span style=\"text-decoration:none\"><span style=\"text-underline:none\">, 18 a 21 de abril, Palexpo, Genebra, Su&iacute;&ccedil;a. <\/span><\/span><\/span><\/span><\/span><a href=\"https:\/\/www.indexnonwovens.com\/en\/\" style=\"color:blue; text-decoration:underline\"><span style=\"font-size:14.0pt\">Informa&ccedil;&otilde;es<\/span><\/a><\/span><\/span><\/span><\/p>\r\n\r\n<p style=\"text-align:justify\"><span style=\"font-size:11pt\"><span style=\"line-height:normal\"><span calibri=\"\" style=\"font-family:\"><span class=\"MsoHyperlink\" style=\"color:blue\"><span style=\"text-decoration:underline\"><b><span style=\"font-size:14.0pt\"><span style=\"text-decoration:none\"><span style=\"text-underline:none\">SENAI CETIQT | Programa de Desenvolvimento Setorial T&ecirc;xtil<\/span><\/span><\/span><\/b><\/span><\/span><span class=\"MsoHyperlink\" style=\"color:blue\"><span style=\"text-decoration:underline\"><span style=\"font-size:14.0pt\"><span style=\"text-decoration:none\"><span style=\"text-underline:none\">, acesse <\/span><\/span><\/span><\/span><\/span><a href=\"https:\/\/materiais.senaicetiqt.com\/lp_programa-de-desenvolvimento-setorial?utm_campaign=senai_cetiqt_e_abit__pds_textil__2_envio&amp;utm_medium=email&amp;utm_source=RD+Station\" style=\"color:blue; text-decoration:underline\"><span style=\"font-size:14.0pt\">aqui<\/span><\/a><span class=\"MsoHyperlink\" style=\"color:blue\"><span style=\"text-decoration:underline\"><span style=\"font-size:14.0pt\"><span style=\"text-decoration:none\"><span style=\"text-underline:none\"> para mais informa&ccedil;&otilde;es<\/span><\/span><\/span><\/span><\/span><\/span><\/span><\/span><\/p>\r\n\r\n<p style=\"text-align:justify\"><span style=\"font-size:11pt\"><span style=\"line-height:normal\"><span calibri=\"\" style=\"font-family:\"><b><span style=\"font-size:14.0pt\">ABRAVA de Portas Abertas | &ldquo;Perspectivas e Planejamento para o setor AVACR 2023&rdquo;<\/span><\/b><span style=\"font-size:14.0pt\">, 31 de janeiro de 2023, 08h00, evento h&iacute;brido. <\/span><a href=\"https:\/\/materiais.abrava.com.br\/31-01-abrava-de-portas-abertas?utm_campaign=abrava_portas_abertas_perspectivas_e_planejamento_para_o_setor_avac-r_2023&amp;utm_medium=email&amp;utm_source=RD+Station\" style=\"color:blue; text-decoration:underline\"><span style=\"font-size:14.0pt\">Informa&ccedil;&otilde;es<\/span><\/a><\/span><\/span><\/span><\/p>\r\n\r\n<p style=\"text-align:justify\"><span style=\"font-size:11pt\"><span style=\"line-height:normal\"><span calibri=\"\" style=\"font-family:\"><b><span style=\"font-size:14.0pt\">Pl&aacute;stico Brasil &ndash; Feira Internacional do Pl&aacute;stico<\/span><\/b><span style=\"font-size:14.0pt\">, 27 a 31 de mar&ccedil;o de 2023, S&atilde;o Paulo Expo. <\/span><a href=\"https:\/\/www.plasticobrasil.com.br\/pt\/home.html\" style=\"color:blue; text-decoration:underline\"><span style=\"font-size:14.0pt\">Informa&ccedil;&otilde;es<\/span><\/a><\/span><\/span><\/span><\/p>\r\n\r\n<p class=\"MsoTitleCxSpLast\" style=\"text-align:justify\"><span style=\"font-size:28pt\"><span cambria=\"\" style=\"font-family:\"><span style=\"letter-spacing:-0.5pt\"><b><span style=\"font-size:18.0pt\"><span calibri=\"\" style=\"font-family:\"><span style=\"font-variant:small-caps\">Setor<\/span><\/span><\/span><\/b><\/span><\/span><\/span><\/p>\r\n\r\n<p style=\"text-align:justify\"><span style=\"font-size:11pt\"><span style=\"line-height:normal\"><span calibri=\"\" style=\"font-family:\"><a href=\"https:\/\/www.textiletechnology.net\/technical-textiles\/commentary\/technische-textilien-52022-ai-in-nonwovens-production--present-or-future-33272?utm_source=%2Fmeta%2Fnewsletter%2Fnewsletter&amp;utm_medium=newsletter&amp;utm_campaign=nl1099&amp;utm_term=0801b20e08c3242125d512808cd74302\" style=\"color:blue; text-decoration:underline\"><span style=\"font-size:14.0pt\">AI in nonwovens production &ndash; present or future?<\/span><\/a><\/span><\/span><\/span><\/p>\r\n\r\n<p style=\"text-align:justify\"><span style=\"font-size:11pt\"><span style=\"line-height:normal\"><span calibri=\"\" style=\"font-family:\"><a href=\"https:\/\/amanha.com.br\/categoria\/500-maiores-do-sul\/para-seguir-crescendo\" style=\"color:blue; text-decoration:underline\"><span style=\"font-size:14.0pt\">Fitesa - Para seguir crescendo<\/span><\/a><\/span><\/span><\/span><\/p>\r\n\r\n<p style=\"text-align:justify\"><span style=\"font-size:11pt\"><span style=\"line-height:normal\"><span calibri=\"\" style=\"font-family:\"><a href=\"https:\/\/www.technicaltextile.net\/news\/germany-s-freudenberg-offers-tech-textiles-with-35-less-co2-emissions-285154.html\" style=\"color:blue; text-decoration:underline\"><span style=\"font-size:14.0pt\">Germany&#39;s Freudenberg offers tech textiles with 35% less CO2 emissions<\/span><\/a><\/span><\/span><\/span><\/p>\r\n\r\n<p style=\"text-align:justify\"><span style=\"font-size:11pt\"><span style=\"line-height:normal\"><span calibri=\"\" style=\"font-family:\"><a href=\"https:\/\/www.textiletechnology.net\/nonwovens\/news\/freudenberg-pm--filtech-new-brand-for-filter-media-33414?utm_source=%2Fmeta%2Fnewsletter%2Fnewsletter&amp;utm_medium=newsletter&amp;utm_campaign=nl1099&amp;utm_term=0801b20e08c3242125d512808cd74302\" style=\"color:blue; text-decoration:underline\"><span style=\"font-size:14.0pt\">Freudenberg PM @ Filtech - New brand for filter media<\/span><\/a><\/span><\/span><\/span><\/p>\r\n\r\n<p style=\"text-align:justify\"><span style=\"font-size:11pt\"><span style=\"line-height:normal\"><span calibri=\"\" style=\"font-family:\"><a href=\"https:\/\/www.textiletechnology.net\/fibers\/news\/fibertex-corp.-acquisition-by-stein-fibers-33362?utm_source=%2Fmeta%2Fnewsletter%2Fnewsletter&amp;utm_medium=newsletter&amp;utm_campaign=nl1099&amp;utm_term=0801b20e08c3242125d512808cd74302\" style=\"color:blue; text-decoration:underline\"><span style=\"font-size:14.0pt\">Stein Fibers acquire the fiber operations of Fibertex Corp<\/span><\/a><\/span><\/span><\/span><\/p>\r\n\r\n<p style=\"text-align:justify\"><span style=\"font-size:11pt\"><span style=\"line-height:normal\"><span calibri=\"\" style=\"font-family:\"><a href=\"https:\/\/tissueonline.com.br\/maqpel-amplia-portfolio-com-nova-solucao-para-o-mercado-de-nonwoven\/\" style=\"color:blue; text-decoration:underline\"><span style=\"font-size:14.0pt\">Maqpel amplia portf&oacute;lio com nova solu&ccedil;&atilde;o para o mercado de nonwoven<\/span><\/a><\/span><\/span><\/span><\/p>\r\n\r\n<p style=\"text-align:justify\"><span style=\"font-size:11pt\"><span style=\"line-height:normal\"><span calibri=\"\" style=\"font-family:\"><a href=\"https:\/\/www.meiofiltrante.com.br\/Noticia\/110351\/filtros-na-irrigacao-viram-solucao-sustentavel-que-potencializa-ate-o-aumento-da-producao\" style=\"color:blue; text-decoration:underline\"><span style=\"font-size:14.0pt\">Filtros na irriga&ccedil;&atilde;o viram solu&ccedil;&atilde;o sustent&aacute;vel que potencializa at&eacute; o aumento da produ&ccedil;&atilde;o<\/span><\/a><\/span><\/span><\/span><\/p>\r\n\r\n<p style=\"text-align:justify\"><span style=\"font-size:11pt\"><span style=\"line-height:normal\"><span calibri=\"\" style=\"font-family:\"><a href=\"file:\/\/\/C:\/Users\/cristiane\/Downloads\/Filtros%20para%20o%20tratamento%20da%20\u00e1gua%20de%20piscinas\" style=\"color:blue; text-decoration:underline\"><span style=\"font-size:14.0pt\">Filtros para o tratamento da &aacute;gua de piscinas<\/span><\/a><\/span><\/span><\/span><\/p>\r\n\r\n<p class=\"MsoTitle\" style=\"text-align:justify\"><span style=\"font-size:28pt\"><span cambria=\"\" style=\"font-family:\"><span style=\"letter-spacing:-0.5pt\"><b><span style=\"font-size:18.0pt\"><span calibri=\"\" style=\"font-family:\"><span style=\"font-variant:small-caps\">Ind&uacute;stria<\/span><\/span><\/span><\/b><\/span><\/span><\/span><\/p>\r\n\r\n<p style=\"text-align:justify\"><span style=\"font-size:11pt\"><span style=\"line-height:normal\"><span calibri=\"\" style=\"font-family:\"><a href=\"https:\/\/static.portaldaindustria.com.br\/portaldaindustria\/noticias\/media\/filer_public\/6f\/d5\/6fd508d9-78fe-417e-a0bf-f1dd378140e2\/sondagem_industrial_-_dezembro_2022.pdf\" style=\"color:blue; text-decoration:underline\"><span style=\"font-size:14.0pt\">CNI | Sondagem Industrial dezembro 2022<\/span><\/a><\/span><\/span><\/span><\/p>\r\n\r\n<p style=\"text-align:justify\"><span style=\"font-size:11pt\"><span style=\"line-height:normal\"><span calibri=\"\" style=\"font-family:\"><a href=\"https:\/\/noticias.portaldaindustria.com.br\/noticias\/economia\/alta-carga-tributaria-lidera-ranking-de-problemas-elencados-por-empresarios\/\" style=\"color:blue; text-decoration:underline\"><span style=\"font-size:14.0pt\">Alta carga tribut&aacute;ria lidera ranking de problemas elencados por empres&aacute;rios<\/span><\/a><\/span><\/span><\/span><\/p>\r\n\r\n<p style=\"text-align:justify\"><span style=\"font-size:11pt\"><span style=\"line-height:normal\"><span calibri=\"\" style=\"font-family:\"><a href=\"https:\/\/administradores.com.br\/noticias\/mercado-automobilistico-termina-2022-com-alta-de-quase-5-na-producao\" style=\"color:blue; text-decoration:underline\"><span style=\"font-size:14.0pt\">Mercado automobil&iacute;stico termina 2022 com alta de quase 5% na produ&ccedil;&atilde;o<\/span><\/a><\/span><\/span><\/span><\/p>\r\n\r\n<p style=\"text-align:justify\"><span style=\"font-size:11pt\"><span style=\"line-height:normal\"><span calibri=\"\" style=\"font-family:\"><a href=\"https:\/\/www.abicalcados.com.br\/noticia\/calcadistas-exportaram-us-1-3-bilhao-em-2022\" style=\"color:blue; text-decoration:underline\"><span style=\"font-size:14.0pt\">Cal&ccedil;adistas exportaram US$ 1,3 bilh&atilde;o em 2022<\/span><\/a><\/span><\/span><\/span><\/p>\r\n\r\n<p style=\"text-align:justify\"><span style=\"font-size:11pt\"><span style=\"line-height:normal\"><span calibri=\"\" style=\"font-family:\"><a href=\"https:\/\/grandesconstrucoes.com.br\/Noticias\/Exibir\/industria-de-materiais-de-construcao-recua-7-em-2022\" style=\"color:blue; text-decoration:underline\"><span style=\"font-size:14.0pt\">Ind&uacute;stria de materiais de constru&ccedil;&atilde;o recua 7% em 2022<\/span><\/a><\/span><\/span><\/span><\/p>\r\n\r\n<p style=\"text-align:justify\"><span style=\"font-size:11pt\"><span style=\"line-height:normal\"><span calibri=\"\" style=\"font-family:\"><a href=\"https:\/\/noticias.portaldaindustria.com.br\/noticias\/economia\/taxas-de-juros-altas-ainda-sao-principal-problema-da-industria-da-construcao\/\" style=\"color:blue; text-decoration:underline\"><span style=\"font-size:14.0pt\">Taxas de juros altas ainda s&atilde;o principal problema da ind&uacute;stria da constru&ccedil;&atilde;o<\/span><\/a><\/span><\/span><\/span><\/p>\r\n\r\n<p style=\"text-align:justify\"><span style=\"font-size:11pt\"><span style=\"line-height:normal\"><span calibri=\"\" style=\"font-family:\"><a href=\"https:\/\/grandesconstrucoes.com.br\/Noticias\/Exibir\/o-horizonte-da-infraestrutura-em-2023\" style=\"color:blue; text-decoration:underline\"><span style=\"font-size:14.0pt\">O horizonte da infraestrutura em 2023<\/span><\/a><\/span><\/span><\/span><\/p>\r\n\r\n<p style=\"text-align:justify\"><span style=\"font-size:11pt\"><span style=\"line-height:normal\"><span calibri=\"\" style=\"font-family:\"><a href=\"https:\/\/grandesconstrucoes.com.br\/Noticias\/Exibir\/transportes-lanca-consulta-para-definir-obras?utm_source=akna&amp;utm_medium=email&amp;utm_campaign=Grandes-Construcoes-Informativo-845-19-01-2023&amp;utm_source=akna&amp;utm_medium=email&amp;utm_campaign=Grandes-Construcoes-Informativo-845-19-01-2023\" style=\"color:blue; text-decoration:underline\"><span style=\"font-size:14.0pt\">Minist&eacute;rio dos Transportes lan&ccedil;a consulta para definir obras<\/span><\/a><\/span><\/span><\/span><\/p>\r\n\r\n<p style=\"text-align:justify\"><span style=\"font-size:11pt\"><span style=\"line-height:normal\"><span calibri=\"\" style=\"font-family:\"><span class=\"MsoHyperlink\" style=\"color:blue\"><span style=\"text-decoration:underline\"><span style=\"font-size:14.0pt\"><a href=\"https:\/\/grandesconstrucoes.com.br\/Noticias\/Exibir\/governo-federal-investira-r-17-bilhao-para-revitalizar-e-retomar-obras-em-rodovias-e-ferrovias-do-pais\" style=\"color:blue; text-decoration:underline\">Governo Federal investir&aacute; R$ 1,7 bilh&atilde;o em rodovias e ferrovias do pa&iacute;s<\/a><\/span><\/span><\/span><\/span><\/span><\/span><\/p>\r\n\r\n<p style=\"text-align:justify\"><span style=\"font-size:11pt\"><span style=\"line-height:normal\"><span calibri=\"\" style=\"font-family:\"><a href=\"https:\/\/almaco.org.br\/2023\/01\/19\/setor-de-construcao-precisa-integrar-a-cadeia-produtiva-para-avancar\/\" style=\"color:blue; text-decoration:underline\"><span style=\"font-size:14.0pt\">Setor de constru&ccedil;&atilde;o precisa integrar a cadeia produtiva para avan&ccedil;ar<\/span><\/a><\/span><\/span><\/span><\/p>\r\n\r\n<p style=\"text-align:justify\"><span style=\"font-size:11pt\"><span style=\"line-height:normal\"><span calibri=\"\" style=\"font-family:\"><a href=\"https:\/\/abimo.org.br\/noticias\/abimo-e-ministerio-da-defesa-assinam-protocolo-de-intencoes\/\" style=\"color:blue; text-decoration:underline\"><span style=\"font-size:14.0pt\">ABIMO e Minist&eacute;rio da Defesa assinam Protocolo de Inten&ccedil;&otilde;es<\/span><\/a><\/span><\/span><\/span><\/p>\r\n\r\n<p class=\"MsoTitle\" style=\"text-align:justify\"><span style=\"font-size:28pt\"><span cambria=\"\" style=\"font-family:\"><span style=\"letter-spacing:-0.5pt\"><b><span style=\"font-size:18.0pt\"><span calibri=\"\" style=\"font-family:\"><span style=\"font-variant:small-caps\">Sustentabilidade<\/span><\/span><\/span><\/b><\/span><\/span><\/span><\/p>\r\n\r\n<p style=\"text-align:justify\"><span style=\"font-size:11pt\"><span style=\"line-height:normal\"><span calibri=\"\" style=\"font-family:\"><a href=\"https:\/\/grandesconstrucoes.com.br\/Noticias\/Exibir\/rumos-do-marco-legal-do-saneamento-devem-ser-mantidos\" style=\"color:blue; text-decoration:underline\"><span style=\"font-size:14.0pt\">Rumos do Marco Legal do saneamento devem ser mantidos<\/span><\/a><\/span><\/span><\/span><\/p>\r\n\r\n<p style=\"text-align:justify\"><span style=\"font-size:11pt\"><span style=\"line-height:normal\"><span calibri=\"\" style=\"font-family:\"><a href=\"https:\/\/grandesconstrucoes.com.br\/Noticias\/Exibir\/praticas-de-esg-ganham-espaco-no-setor-construtivo?utm_source=akna&amp;utm_medium=email&amp;utm_campaign=Grandes-Construcoes-Informativo-845-19-01-2023&amp;utm_source=akna&amp;utm_medium=email&amp;utm_campaign=Grandes-Construcoes-Informativo-845-19-01-2023\" style=\"color:blue; text-decoration:underline\"><span style=\"font-size:14.0pt\">Pr&aacute;ticas de ESG ganham espa&ccedil;o no setor construtivo<\/span><\/a><\/span><\/span><\/span><\/p>\r\n\r\n<p style=\"text-align:justify\"><span style=\"font-size:11pt\"><span style=\"line-height:normal\"><span calibri=\"\" style=\"font-family:\"><a href=\"https:\/\/www.portugaltextil.com\/ue-aperta-cerco-a-poluicao-industrial\/?utm_term=Portugal+Textil+a%3F%3F%3F%3F+20.01.2023&amp;utm_campaign=Portugal+Textil+FInal&amp;utm_source=e-goi&amp;utm_medium=email\" style=\"color:blue; text-decoration:underline\"><span style=\"font-size:14.0pt\">UE aperta cerco &agrave; polui&ccedil;&atilde;o industrial<\/span><\/a><\/span><\/span><\/span><\/p>\r\n\r\n<p style=\"text-align:justify\"><span style=\"font-size:11pt\"><span style=\"line-height:normal\"><span calibri=\"\" style=\"font-family:\"><a href=\"https:\/\/bahia.ba\/economia\/braskem-planeja-produzir-polipropileno-de-origem-biologica\/\" style=\"color:blue; text-decoration:underline\"><span style=\"font-size:14.0pt\">Braskem planeja produzir polipropileno de origem biol&oacute;gica<\/span><\/a><\/span><\/span><\/span><\/p>\r\n\r\n<p style=\"text-align:justify\"><span style=\"font-size:11pt\"><span style=\"line-height:normal\"><span calibri=\"\" style=\"font-family:\"><a href=\"https:\/\/www.textiletechnology.net\/fibers\/news\/xerosuos-microplastic-as-a-resource-33416?utm_source=%2Fmeta%2Fnewsletter%2Fnewsletter&amp;utm_medium=newsletter&amp;utm_campaign=nl1100&amp;utm_term=0801b20e08c3242125d512808cd74302\" style=\"color:blue; text-decoration:underline\"><span style=\"font-size:14.0pt\">Microplastic as a resource<\/span><\/a><\/span><\/span><\/span><\/p>\r\n\r\n<p style=\"text-align:justify\"><span style=\"font-size:11pt\"><span style=\"line-height:normal\"><span calibri=\"\" style=\"font-family:\"><a href=\"https:\/\/exclink.exclusivo.com.br\/cl\/PPBdv\/E6A\/fff5\/LCFJkUKAOaB\/BLUJ\/D7jLi7xeFcq\/3\/\" style=\"color:blue; text-decoration:underline\"><span style=\"font-size:14.0pt\">Grife agrega res&iacute;duos de milho &agrave; produ&ccedil;&atilde;o de t&ecirc;nis<\/span><\/a><\/span><\/span><\/span><\/p>\r\n\r\n<p class=\"MsoTitle\" style=\"text-align:justify\"><span style=\"font-size:28pt\"><span cambria=\"\" style=\"font-family:\"><span style=\"letter-spacing:-0.5pt\"><b><span style=\"font-size:18.0pt\"><span calibri=\"\" style=\"font-family:\"><span style=\"font-variant:small-caps\">Inova&ccedil;&atilde;o<\/span><\/span><\/span><\/b><\/span><\/span><\/span><\/p>\r\n\r\n<p style=\"text-align:justify\"><span style=\"font-size:11pt\"><span style=\"line-height:normal\"><span calibri=\"\" style=\"font-family:\"><a href=\"https:\/\/ciclovivo.com.br\/inovacao\/tecnologia\/sistema-transforma-plastico-e-co2-em-combustiveis\/\" style=\"color:blue; text-decoration:underline\"><span style=\"font-size:14.0pt\">Sistema transforma pl&aacute;stico e CO2 em combust&iacute;veis<\/span><\/a><\/span><\/span><\/span><\/p>\r\n\r\n<p style=\"text-align:justify\"><span style=\"font-size:11pt\"><span style=\"line-height:normal\"><span calibri=\"\" style=\"font-family:\"><a href=\"https:\/\/www.technicaltextile.net\/news\/us-smart-coating-can-integrate-into-fabric-to-create-protective-gear-285274.html\" style=\"color:blue; text-decoration:underline\"><span style=\"font-size:14.0pt\">US smart coating can integrate into fabric to create protective gear<\/span><\/a><\/span><\/span><\/span><\/p>\r\n\r\n<p class=\"MsoTitleCxSpLast\" style=\"text-align:justify\"><span style=\"font-size:28pt\"><span cambria=\"\" style=\"font-family:\"><span style=\"letter-spacing:-0.5pt\"><b><span style=\"font-size:18.0pt\"><span calibri=\"\" style=\"font-family:\"><span style=\"font-variant:small-caps\">Com&eacute;rcio Exterior<\/span><\/span><\/span><\/b><\/span><\/span><\/span><\/p>\r\n\r\n<p style=\"text-align:justify\"><span style=\"font-size:11pt\"><span style=\"line-height:normal\"><span calibri=\"\" style=\"font-family:\"><a href=\"https:\/\/noticias.portaldaindustria.com.br\/noticias\/internacional\/industrias-brasileira-e-argentina-listam-prioridades-para-revitalizar-agenda-de-integracao-bilateral\/\" style=\"color:blue; text-decoration:underline\"><span style=\"font-size:14.0pt\">Ind&uacute;strias brasileira e argentina listam prioridades para revitalizar agenda de integra&ccedil;&atilde;o bilateral<\/span><\/a><\/span><\/span><\/span><\/p>\r\n\r\n<p style=\"text-align:justify\"><span style=\"font-size:11pt\"><span style=\"line-height:normal\"><span calibri=\"\" style=\"font-family:\"><span class=\"MsoHyperlink\" style=\"color:blue\"><span style=\"text-decoration:underline\"><span style=\"font-size:14.0pt\"><a href=\"https:\/\/www.infomoney.com.br\/politica\/lula-e-fernandez-defendem-mercosul-e-integracao-regional-em-artigo-conjunto\/\" style=\"color:blue; text-decoration:underline\">Lula e Fern&aacute;ndez defendem Mercosul e integra&ccedil;&atilde;o regional em artigo conjunto<\/a><\/span><\/span><\/span><\/span><\/span><\/span><\/p>\r\n\r\n<p style=\"text-align:justify\"><span style=\"font-size:11pt\"><span style=\"line-height:normal\"><span calibri=\"\" style=\"font-family:\"><a href=\"https:\/\/www.gov.br\/economia\/pt-br\/assuntos\/noticias\/2023\/superavit-da-balanca-comercial-chega-a-us-2-1-bilhoes-ate-a-terceira-semana-de-janeiro\" style=\"color:blue; text-decoration:underline\"><span style=\"font-size:14.0pt\">Super&aacute;vit da balan&ccedil;a comercial chega a US$ 2,1 bilh&otilde;es at&eacute; a terceira semana de janeiro<\/span><\/a><\/span><\/span><\/span><\/p>\r\n\r\n<p style=\"text-align:justify\"><span style=\"font-size:11pt\"><span style=\"line-height:normal\"><span calibri=\"\" style=\"font-family:\"><a href=\"https:\/\/static.portaldaindustria.com.br\/media\/filer_public\/74\/14\/74147cd3-059e-4b16-ac18-26932e77990a\/coeficientesdeaberturacomercial_numero1_2022.pdf\" style=\"color:blue; text-decoration:underline\"><span style=\"font-size:14.0pt\">Importados aumentam participa&ccedil;&atilde;o no mercado brasileiro<\/span><\/a><\/span><\/span><\/span><\/p>\r\n\r\n<p class=\"MsoTitle\" style=\"text-align:justify\"><span style=\"font-size:28pt\"><span cambria=\"\" style=\"font-family:\"><span style=\"letter-spacing:-0.5pt\"><b><span style=\"font-size:18.0pt\"><span calibri=\"\" style=\"font-family:\"><span style=\"font-variant:small-caps\">Economia<\/span><\/span><\/span><\/b><\/span><\/span><\/span><\/p>\r\n\r\n<p style=\"text-align:justify\"><span style=\"font-size:11pt\"><span style=\"line-height:normal\"><span calibri=\"\" style=\"font-family:\"><a href=\"https:\/\/www.bcb.gov.br\/content\/focus\/focus\/R20230113.pdf\" style=\"color:blue; text-decoration:underline\"><span style=\"font-size:14.0pt\">Focus - Relat&oacute;rio de Mercado<\/span><\/a><\/span><\/span><\/span><\/p>\r\n\r\n<p style=\"text-align:justify\"><span style=\"font-size:11pt\"><span style=\"line-height:normal\"><span calibri=\"\" style=\"font-family:\"><a href=\"https:\/\/sovos.com\/pt-br\/blog\/tributos\/projeto-aprovado-na-camara-e-primeiro-passo-para-reforma-tributaria\/?utm_source=&amp;utm_medium=&amp;utm_campaign=&amp;utm_term=&amp;utm_content=&amp;mkt_tok=MzM0LUhWTi0yNDkAAAGJSwwvMplzLeyBUw28nJFofGbToeVJIFUFUAvG9EPcqbdteom7wFxKX2tTSWirAqhAq7iNSZrnC8VxADRys7rMgCCgSVTJ_UhSOJuxn21c8g0\" style=\"color:blue; text-decoration:underline\"><span style=\"font-size:14.0pt\">Projeto aprovado na C&acirc;mara &eacute; primeiro passo para reforma tribut&aacute;ria<\/span><\/a><\/span><\/span><\/span><\/p>\r\n\r\n<p style=\"text-align:justify\"><span style=\"font-size:11pt\"><span style=\"line-height:normal\"><span calibri=\"\" style=\"font-family:\"><a href=\"https:\/\/www18.fgv.br\/mailing\/2023\/ibre\/Boletim_Macro_Janeiro\/\" style=\"color:blue; text-decoration:underline\"><span style=\"font-size:14.0pt\">FGV-IBRE | Boletim Macro: olho na piora da confian&ccedil;a nas pr&eacute;vias de janeiro<\/span><\/a><\/span><\/span><\/span><\/p>\r\n\r\n<p style=\"text-align:justify\"><span style=\"font-size:11pt\"><span style=\"line-height:normal\"><span calibri=\"\" style=\"font-family:\"><a href=\"https:\/\/expresso.pt\/economia\/2023-01-10-Goldman-Sachs-afasta-recessao-na-zona-euro-este-ano-e-preve-crescimento-de-06-c9765f8f\" style=\"color:blue; text-decoration:underline\"><span style=\"font-size:14.0pt\">Goldman Sachs afasta recess&atilde;o na zona euro este ano e prev&ecirc; crescimento de 0,6%<\/span><\/a><\/span><\/span><\/span><\/p>\r\n\r\n<p style=\"text-align:justify\"><span style=\"font-size:11pt\"><span style=\"line-height:normal\"><span calibri=\"\" style=\"font-family:\"><a href=\"https:\/\/www.publico.pt\/2023\/01\/17\/economia\/noticia\/economia-china-cresce-ritmo-lento-quase-50-anos-2035316\" style=\"color:blue; text-decoration:underline\"><span style=\"font-size:14.0pt\">Economia da China cresce ao ritmo mais lento em quase 50 anos<\/span><\/a><\/span><\/span><\/span><\/p>\r\n\r\n<p style=\"text-align:justify\"><span style=\"font-size:11pt\"><span style=\"line-height:normal\"><span calibri=\"\" style=\"font-family:\"><a href=\"https:\/\/www.fibre2fashion.com\/news\/textile-news\/two-thirds-of-economists-in-wef-survey-expect-global-recession-in-2023-285276-newsdetails.htm\" style=\"color:blue; text-decoration:underline\"><span style=\"font-size:14.0pt\">Two-thirds of economists in WEF survey expect global recession in 2023<\/span><\/a><\/span><\/span><\/span><\/p>\r\n","texto_en":"","7":"","imagem":"COMP_banner-padrao-home-destaques-boletim-2023_20230124173914uMmpu0iB0m.jpeg","8":"COMP_banner-padrao-home-destaques-boletim-2023_20230124173914uMmpu0iB0m.jpeg","arquivo":"20230124-NOTICIAS-SEMANAIS.PDF","9":"20230124-NOTICIAS-SEMANAIS.PDF","titulo_arquivo":"","10":"","titulo_arquivo_en":"","11":"","created_at":"2023-01-24 16:09:27","12":"2023-01-24 16:09:27","updated_at":"2023-01-24 17:39:27","13":"2023-01-24 17:39:27"},{"id":48,"0":48,"ordem":175,"1":175,"data":"2023-01-18","2":"2023-01-18","slug":"boletim-de-noticias-semanais-45","3":"boletim-de-noticias-semanais-45","titulo":"Boletim de Not\u00edcias Semanais","4":"Boletim de Not\u00edcias Semanais","titulo_en":"","5":"","texto":"<p style=\"text-align:justify\"><span style=\"font-size:11pt\"><span style=\"line-height:normal\"><span calibri=\"\" style=\"font-family:\"><span style=\"font-size:14.0pt\">Esta &eacute; uma compila&ccedil;&atilde;o das not&iacute;cias mais relevantes para o setor, incluindo informa&ccedil;&otilde;es sobre acordos internacionais, economia brasileira, sustentabilidade e mat&eacute;rias primas, al&eacute;m de novidades do setor de N&atilde;otecidos e Tecidos T&eacute;cnicos.<\/span><\/span><\/span><\/span><\/p>\r\n\r\n<p style=\"text-align:justify\"><span style=\"font-size:11pt\"><span style=\"line-height:normal\"><span calibri=\"\" style=\"font-family:\"><b><span style=\"font-size:18.0pt\"><span style=\"font-variant:small-caps\">A&ccedil;&otilde;es da ABINT<\/span><\/span><\/b><\/span><\/span><\/span><\/p>\r\n\r\n<p class=\"MsoTitle\" style=\"text-align:justify\"><img height=\"500\" src=\"https:\/\/www.abint.org.br\/assets\/img\/editor\/premio-tcc-ic-2023-arte-1_20230118124456RzKgrG5yTk.png\" width=\"500\" \/><\/p>\r\n\r\n<p style=\"text-align:justify\"><span style=\"font-size:11pt\"><span style=\"line-height:normal\"><span calibri=\"\" style=\"font-family:\"><strong><span style=\"font-size:14.0pt\"><span calibri=\"\" style=\"font-family:\">O CTG ABINT e a IGS BRASIL <\/span><\/span><\/strong><span style=\"font-size:14.0pt\">convidam aqueles que desenvolveram trabalhos acad&ecirc;micos relacionados aos geossint&eacute;ticos a participarem&nbsp;de mais uma edi&ccedil;&atilde;o do Pr&ecirc;mio TCC\/IC.<\/span><\/span><\/span><\/span><\/p>\r\n\r\n<p style=\"text-align:justify\"><span style=\"font-size:11pt\"><span style=\"line-height:normal\"><span calibri=\"\" style=\"font-family:\"><a href=\"https:\/\/abint.us2.list-manage.com\/track\/click?u=88818ac6bf44316570fc1bc2f&amp;id=46b014bcf1&amp;e=626265ad22\" style=\"color:blue; text-decoration:underline\" target=\"_blank\"><span style=\"font-size:14.0pt\"><span style=\"color:blue\">Mais informa&ccedil;&otilde;es e inscri&ccedil;&otilde;es<\/span><\/span><\/a><\/span><\/span><\/span><\/p>\r\n\r\n<p style=\"text-align:justify\">&nbsp;<\/p>\r\n\r\n<p style=\"text-align:justify\"><span style=\"font-size:11pt\"><span style=\"line-height:normal\"><span calibri=\"\" style=\"font-family:\"><b><span style=\"font-size:18.0pt\"><span style=\"font-variant:small-caps\">Eventos<\/span><\/span><\/b><\/span><\/span><\/span><\/p>\r\n\r\n<h3 style=\"text-align: justify;\"><strong>SENAI CETIQT | Programa de Desenvolvimento Setorial T&ecirc;xtil<\/strong>, acesse<span style=\"font-size:11pt\"><span style=\"line-height:normal\"><span calibri=\"\" style=\"font-family:\"><span class=\"MsoHyperlink\" style=\"color:blue\"><span style=\"text-decoration:underline\"><span style=\"font-size:14.0pt\"><span style=\"text-decoration:none\"><span style=\"text-underline:none\"> <\/span><\/span><\/span><\/span><\/span><a href=\"https:\/\/materiais.senaicetiqt.com\/lp_programa-de-desenvolvimento-setorial?utm_campaign=senai_cetiqt_e_abit__pds_textil__2_envio&amp;utm_medium=email&amp;utm_source=RD+Station\" style=\"color:blue; text-decoration:underline\"><span style=\"font-size:14.0pt\">aqui<\/span><\/a><span class=\"MsoHyperlink\" style=\"color:blue\"><span style=\"text-decoration:underline\"><span style=\"font-size:14.0pt\"><span style=\"text-decoration:none\"><span style=\"text-underline:none\"> <\/span><\/span><\/span><\/span><\/span><\/span><\/span><\/span>para mais informa&ccedil;&otilde;es<\/h3>\r\n\r\n<p style=\"text-align:justify\"><span style=\"font-size:11pt\"><span style=\"line-height:normal\"><span calibri=\"\" style=\"font-family:\"><b><span style=\"font-size:14.0pt\">ABRAVA de Portas Abertas | &ldquo;Perspectivas e Planejamento para o setor AVACR 2023&rdquo;<\/span><\/b><span style=\"font-size:14.0pt\">, 31 de janeiro de 2023, 08h00, evento h&iacute;brido. <\/span><a href=\"https:\/\/materiais.abrava.com.br\/31-01-abrava-de-portas-abertas?utm_campaign=abrava_portas_abertas_perspectivas_e_planejamento_para_o_setor_avac-r_2023&amp;utm_medium=email&amp;utm_source=RD+Station\" style=\"color:blue; text-decoration:underline\"><span style=\"font-size:14.0pt\">Informa&ccedil;&otilde;es<\/span><\/a><\/span><\/span><\/span><\/p>\r\n\r\n<p style=\"text-align:justify\"><span style=\"font-size:11pt\"><span style=\"line-height:normal\"><span calibri=\"\" style=\"font-family:\"><b><span style=\"font-size:14.0pt\">Pl&aacute;stico Brasil &ndash; Feira Internacional do Pl&aacute;stico<\/span><\/b><span style=\"font-size:14.0pt\">, 27 a 31 de mar&ccedil;o de 2023, S&atilde;o Paulo Expo. <\/span><a href=\"https:\/\/www.plasticobrasil.com.br\/pt\/home.html\" style=\"color:blue; text-decoration:underline\"><span style=\"font-size:14.0pt\">Informa&ccedil;&otilde;es<\/span><\/a><\/span><\/span><\/span><\/p>\r\n\r\n<p class=\"MsoTitleCxSpLast\" style=\"text-align:justify\"><span style=\"font-size:28pt\"><span cambria=\"\" style=\"font-family:\"><span style=\"letter-spacing:-0.5pt\"><b><span style=\"font-size:18.0pt\"><span calibri=\"\" style=\"font-family:\"><span style=\"font-variant:small-caps\">Setor<\/span><\/span><\/span><\/b><\/span><\/span><\/span><\/p>\r\n\r\n<p style=\"text-align:justify\"><span style=\"font-size:11pt\"><span style=\"line-height:normal\"><span calibri=\"\" style=\"font-family:\"><a href=\"https:\/\/plasticosemrevista.com.br\/resinas-2022-feriu-fundo-os-precos-internacionais\/\" style=\"color:blue; text-decoration:underline\"><span style=\"font-size:14.0pt\">Resinas: 2022 feriu fundo os pre&ccedil;os internacionais<\/span><\/a><\/span><\/span><\/span><\/p>\r\n\r\n<p style=\"text-align:justify\"><span style=\"font-size:11pt\"><span style=\"line-height:normal\"><span calibri=\"\" style=\"font-family:\"><a href=\"https:\/\/financenews.com.br\/2023\/01\/braskem-anuncia-projeto-para-avaliar-investimento-na-producao-de-pp-bio-based\/\" style=\"color:blue; text-decoration:underline\"><span style=\"font-size:14.0pt\">Braskem anuncia projeto para avaliar investimento na produ&ccedil;&atilde;o de PP bio-based<\/span><\/a><\/span><\/span><\/span><\/p>\r\n\r\n<p style=\"text-align:justify\"><span style=\"font-size:11pt\"><span style=\"line-height:normal\"><span calibri=\"\" style=\"font-family:\"><a href=\"https:\/\/www.abicalcados.com.br\/noticia\/producao-de-calcados-deve-crescer-1-6-em-2023\" style=\"color:blue; text-decoration:underline\"><span style=\"font-size:14.0pt\">Produ&ccedil;&atilde;o de cal&ccedil;ados deve crescer 1,6% em 2023<\/span><\/a><\/span><\/span><\/span><\/p>\r\n\r\n<p style=\"text-align:justify\"><span style=\"font-size:11pt\"><span style=\"line-height:normal\"><span calibri=\"\" style=\"font-family:\"><a href=\"https:\/\/emobile.com.br\/site\/setor-moveleiro\/producao-de-moveis-e-colchoes-tem-leve-avanco\/\" style=\"color:blue; text-decoration:underline\"><span style=\"font-size:14.0pt\">Produ&ccedil;&atilde;o de m&oacute;veis e colch&otilde;es tem leve avan&ccedil;o<\/span><\/a><\/span><\/span><\/span><\/p>\r\n\r\n<p style=\"text-align:justify\"><span style=\"font-size:11pt\"><span style=\"line-height:normal\"><span calibri=\"\" style=\"font-family:\"><a href=\"https:\/\/tissueonline.com.br\/setor-de-higiene-pessoal-cresce-86-de-janeiro-a-outubro-de-2022\/?utm_campaign=newsletter_13012023_novo_modelo&amp;utm_medium=email&amp;utm_source=RD+Station\" style=\"color:blue; text-decoration:underline\"><span style=\"font-size:14.0pt\">Setor de higiene pessoal cresce 8,6% de janeiro a outubro de 2022<\/span><\/a><\/span><\/span><\/span><\/p>\r\n\r\n<p style=\"text-align:justify\"><span style=\"font-size:11pt\"><span style=\"line-height:normal\"><span calibri=\"\" style=\"font-family:\"><a href=\"https:\/\/www.anahp.com.br\/pdf\/indicadores-dez22.pdf\" style=\"color:blue; text-decoration:underline\"><span style=\"font-size:14.0pt\">ANAHP | Indicadores Hospitalares dezembro\/2022<\/span><\/a><\/span><\/span><\/span><\/p>\r\n\r\n<p style=\"text-align:justify\"><span style=\"font-size:11pt\"><span style=\"line-height:normal\"><span calibri=\"\" style=\"font-family:\"><a href=\"https:\/\/fcem.com.br\/noticias\/praticas-necessarias-de-esg-na-industria-textil\/?utm_campaign=febratex_news_120123&amp;utm_medium=email&amp;utm_source=RD+Station\" style=\"color:blue; text-decoration:underline\"><span style=\"font-size:14.0pt\">Pr&aacute;ticas necess&aacute;rias de ESG na ind&uacute;stria t&ecirc;xtil<\/span><\/a><\/span><\/span><\/span><\/p>\r\n\r\n<p style=\"text-align:justify\"><span style=\"font-size:11pt\"><span style=\"line-height:normal\"><span calibri=\"\" style=\"font-family:\"><a href=\"https:\/\/indiantextilejournal.com\/global-textile-engineering-firms-bank-on-india-for-growth\/\" style=\"color:blue; text-decoration:underline\"><span style=\"font-size:14.0pt\">Global textile engineering firms bank on India for growth<\/span><\/a><\/span><\/span><\/span><\/p>\r\n\r\n<p style=\"text-align:justify\"><span style=\"font-size:11pt\"><span style=\"line-height:normal\"><span calibri=\"\" style=\"font-family:\"><a href=\"https:\/\/www.technicaltextile.net\/news\/us-braskem-acquires-3d-filament-supplier-taulman3d-285087.html\" style=\"color:blue; text-decoration:underline\"><span style=\"font-size:14.0pt\">US&#39; Braskem acquires 3D filament supplier Taulman3D<\/span><\/a><\/span><\/span><\/span><\/p>\r\n\r\n<p class=\"MsoTitle\" style=\"text-align:justify\"><span style=\"font-size:28pt\"><span cambria=\"\" style=\"font-family:\"><span style=\"letter-spacing:-0.5pt\"><b><span style=\"font-size:18.0pt\"><span calibri=\"\" style=\"font-family:\"><span style=\"font-variant:small-caps\">Ind&uacute;stria<\/span><\/span><\/span><\/b><\/span><\/span><\/span><\/p>\r\n\r\n<p style=\"text-align:justify\"><span style=\"font-size:11pt\"><span style=\"line-height:normal\"><span calibri=\"\" style=\"font-family:\"><a href=\"https:\/\/agenciadenoticias.ibge.gov.br\/agencia-noticias\/2012-agencia-de-noticias\/noticias\/36083-producao-industrial-recua-em-seis-dos-15-locais-pesquisados-em-novembro\" style=\"color:blue; text-decoration:underline\"><span style=\"font-size:14.0pt\">Produ&ccedil;&atilde;o industrial recua em seis dos 15 locais pesquisados em novembro <\/span><\/a><\/span><\/span><\/span><\/p>\r\n\r\n<p style=\"text-align:justify\"><span style=\"font-size:11pt\"><span style=\"line-height:normal\"><span calibri=\"\" style=\"font-family:\"><a href=\"https:\/\/sinditextilsp.org.br\/home\/2022\/12\/empresas-poderao-ser-multadas-pelo-esocial-a-partir-de-2023\/?utm_campaign=news_sindi_90_anos_dezembro_-_23122022&amp;utm_medium=email&amp;utm_source=RD+Station\" style=\"color:blue; text-decoration:underline\"><span style=\"font-size:14.0pt\">Empresas poder&atilde;o ser multadas pelo eSocial a partir de 2023<\/span><\/a><\/span><\/span><\/span><\/p>\r\n\r\n<p style=\"text-align:justify\"><span style=\"font-size:11pt\"><span style=\"line-height:normal\"><span calibri=\"\" style=\"font-family:\"><a href=\"https:\/\/grandesconstrucoes.com.br\/Noticias\/Exibir\/cbic-divulga-previsao-para-o-crescimento-da-construcao-em-2023\" style=\"color:blue; text-decoration:underline\"><span style=\"font-size:14.0pt\">Ind&uacute;stria da constru&ccedil;&atilde;o prev&ecirc; crescimento de 2,5% em 2023<\/span><\/a><\/span><\/span><\/span><\/p>\r\n\r\n<p style=\"text-align:justify\"><span style=\"font-size:11pt\"><span style=\"line-height:normal\"><span calibri=\"\" style=\"font-family:\"><a href=\"https:\/\/opentreinamentos.com.br\/creditos-de-pis-e-cofins\/\" style=\"color:blue; text-decoration:underline\"><span style=\"font-size:14.0pt\">RF publica novas regras sobre cr&eacute;ditos de PIS e Cofins<\/span><\/a><\/span><\/span><\/span><\/p>\r\n\r\n<p style=\"text-align:justify\"><span style=\"font-size:11pt\"><span style=\"line-height:normal\"><span calibri=\"\" style=\"font-family:\"><a href=\"https:\/\/www.camara.leg.br\/noticias\/931411-comissao-aprova-proposta-que-altera-sistema-tributario-brasileiro\/\" style=\"color:blue; text-decoration:underline\"><span style=\"font-size:14.0pt\">Comiss&atilde;o da C&acirc;mara aprova proposta de reforma tribut&aacute;ria<\/span><\/a><\/span><\/span><\/span><\/p>\r\n\r\n<p style=\"text-align:justify\"><span style=\"font-size:11pt\"><span style=\"line-height:normal\"><span calibri=\"\" style=\"font-family:\"><a href=\"https:\/\/grandesconstrucoes.com.br\/Noticias\/Exibir\/governo-federal-estudara-uso-de-ppps-para-ferrovias?utm_source=akna&amp;utm_medium=email&amp;utm_campaign=Grandes-Construcoes-Informativo-844-12-01-2023&amp;utm_source=akna&amp;utm_medium=email&amp;utm_campaign=Grandes-Construcoes-Informativo-844-12-01-2023\" style=\"color:blue; text-decoration:underline\"><span style=\"font-size:14.0pt\">Governo federal estudar&aacute; uso de PPPs para ferrovias<\/span><\/a><\/span><\/span><\/span><\/p>\r\n\r\n<p style=\"text-align:justify\"><span style=\"font-size:11pt\"><span style=\"line-height:normal\"><span calibri=\"\" style=\"font-family:\"><a href=\"https:\/\/noticias.portaldaindustria.com.br\/noticias\/economia\/confianca-do-setor-industrial-registra-nova-queda\/\" style=\"color:blue; text-decoration:underline\"><span style=\"font-size:14.0pt\">Confian&ccedil;a do setor industrial registra nova queda<\/span><\/a><\/span><\/span><\/span><\/p>\r\n\r\n<p style=\"text-align:justify\"><span style=\"font-size:11pt\"><span style=\"line-height:normal\"><span calibri=\"\" style=\"font-family:\"><a href=\"https:\/\/www.meiofiltrante.com.br\/Noticia\/110307\/producao-global-de-veiculos-sera-5-maior-do-que-a-registrada-no-mundo-em-2022\" style=\"color:blue; text-decoration:underline\"><span style=\"font-size:14.0pt\">Produ&ccedil;&atilde;o global de ve&iacute;culos ser&aacute; 5% maior do que a registrada no mundo em 2022<\/span><\/a><\/span><\/span><\/span><\/p>\r\n\r\n<p class=\"MsoTitle\" style=\"text-align:justify\"><span style=\"font-size:28pt\"><span cambria=\"\" style=\"font-family:\"><span style=\"letter-spacing:-0.5pt\"><b><span style=\"font-size:18.0pt\"><span calibri=\"\" style=\"font-family:\"><span style=\"font-variant:small-caps\">Sustentabilidade<\/span><\/span><\/span><\/b><\/span><\/span><\/span><\/p>\r\n\r\n<p style=\"text-align:justify\"><span style=\"font-size:11pt\"><span style=\"line-height:normal\"><span calibri=\"\" style=\"font-family:\"><a href=\"https:\/\/tissueonline.com.br\/kimberly-clark-australia-desenvolve-projeto-piloto-de-compostagem-a-partir-de-fraldas-usadas\/?utm_campaign=newsletter_16122022_novo_modelo&amp;utm_medium=email&amp;utm_source=RD+Station\" style=\"color:blue; text-decoration:underline\"><span style=\"font-size:14.0pt\">Kimberly-Clark Australia desenvolve projeto piloto de compostagem a partir de fraldas usadas<\/span><\/a><\/span><\/span><\/span><\/p>\r\n\r\n<p style=\"text-align:justify\"><span style=\"font-size:11pt\"><span style=\"line-height:normal\"><span calibri=\"\" style=\"font-family:\"><a href=\"https:\/\/plasticosemrevista.com.br\/sao-paulo-aprova-lei-sobre-reciclado-em-garrafas-pet-de-bebidas\/\" style=\"color:blue; text-decoration:underline\"><span style=\"font-size:14.0pt\">S&atilde;o Paulo aprova lei sobre reciclado em garrafas PET de bebidas<\/span><\/a><\/span><\/span><\/span><\/p>\r\n\r\n<p style=\"text-align:justify\"><span style=\"font-size:11pt\"><span style=\"line-height:normal\"><span calibri=\"\" style=\"font-family:\"><a href=\"https:\/\/www.moveisdevalor.com.br\/portal\/a-logistica-reversa-esta-batendo-a-porta?source=news\" style=\"color:blue; text-decoration:underline\"><span style=\"font-size:14.0pt\">A log&iacute;stica reversa est&aacute; batendo &agrave; porta dos colchoeiros<\/span><\/a><\/span><\/span><\/span><\/p>\r\n\r\n<p style=\"text-align:justify\"><span style=\"font-size:11pt\"><span style=\"line-height:normal\"><span calibri=\"\" style=\"font-family:\"><a href=\"https:\/\/grandesconstrucoes.com.br\/Noticias\/Exibir\/petrobras-adere-a-iniciativa-da-onu-com-foco-em-reducao-de-emissoes-de-metano?utm_source=akna&amp;utm_medium=email&amp;utm_campaign=Grandes-Construcoes-Informativo-844-12-01-2023&amp;utm_source=akna&amp;utm_medium=email&amp;utm_campaign=Grandes-Construcoes-Informativo-844-12-01-2023\" style=\"color:blue; text-decoration:underline\"><span style=\"font-size:14.0pt\">Petrobras adere &agrave; iniciativa da ONU com foco em redu&ccedil;&atilde;o de emiss&otilde;es de metano<\/span><\/a><\/span><\/span><\/span><\/p>\r\n\r\n<p style=\"text-align:justify\"><span style=\"font-size:11pt\"><span style=\"line-height:normal\"><span calibri=\"\" style=\"font-family:\"><a href=\"https:\/\/www.quimica.com.br\/incorporacao-de-reciclados-reduz-impacto-ambiental-em-50\/?utm_campaign=newsletter_quimica_-_dezembro_2022&amp;utm_medium=email&amp;utm_source=RD+Station\" style=\"color:blue; text-decoration:underline\"><span style=\"font-size:14.0pt\">Incorpora&ccedil;&atilde;o de reciclados reduz impacto ambiental em 50%<\/span><\/a><\/span><\/span><\/span><\/p>\r\n\r\n<p style=\"text-align:justify\"><span style=\"font-size:11pt\"><span style=\"line-height:normal\"><span calibri=\"\" style=\"font-family:\"><a href=\"https:\/\/cbic.org.br\/concreto-feito-com-pneus-e-alternativa-sustentavel-na-construcao-civil\/\" style=\"color:blue; text-decoration:underline\"><span style=\"font-size:14.0pt\">Concreto feito com pneus: alternativa sustent&aacute;vel na constru&ccedil;&atilde;o civil<\/span><\/a><\/span><\/span><\/span><\/p>\r\n\r\n<p style=\"text-align:justify\"><span style=\"font-size:11pt\"><span style=\"line-height:normal\"><span calibri=\"\" style=\"font-family:\"><a href=\"https:\/\/www.feirainovaplastic.com.br\/pt-br\/blog\/industria-b2b---embalagem\/instrumentos-cirurgicos-poderao-ser-reciclados.html?utm_campaign=newsletter&amp;utm_source=sfmc&amp;utm_medium=email&amp;utm_content=Inovaplastic221128c_PADRAO_VIS_Newsletter&amp;utm_term=\" style=\"color:blue; text-decoration:underline\"><span style=\"font-size:14.0pt\">Instrumentos cir&uacute;rgicos poder&atilde;o ser reciclados<\/span><\/a><\/span><\/span><\/span><\/p>\r\n\r\n<p class=\"MsoTitle\" style=\"text-align:justify\"><span style=\"font-size:28pt\"><span cambria=\"\" style=\"font-family:\"><span style=\"letter-spacing:-0.5pt\"><b><span style=\"font-size:18.0pt\"><span calibri=\"\" style=\"font-family:\"><span style=\"font-variant:small-caps\">Inova&ccedil;&atilde;o<\/span><\/span><\/span><\/b><\/span><\/span><\/span><\/p>\r\n\r\n<p style=\"text-align:justify\"><span style=\"font-size:11pt\"><span style=\"line-height:normal\"><span calibri=\"\" style=\"font-family:\"><a href=\"https:\/\/umsoplaneta.globo.com\/energia\/noticia\/2023\/01\/15\/fibras-vegetais-sao-usadas-para-produzir-pecas-automotivas.ghtml\" style=\"color:blue; text-decoration:underline\"><span style=\"font-size:14.0pt\">Fibras vegetais s&atilde;o usadas para produzir pe&ccedil;as automotivas<\/span><\/a><\/span><\/span><\/span><\/p>\r\n\r\n<p style=\"text-align:justify\"><span style=\"font-size:11pt\"><span style=\"line-height:normal\"><span calibri=\"\" style=\"font-family:\"><a href=\"https:\/\/www.plastico.com.br\/make-it-real-grafeno-na-industria-dos-polimeros-artigo-tecnico\/\" style=\"color:blue; text-decoration:underline\"><span style=\"font-size:14.0pt\">Make it real: Grafeno na Ind&uacute;stria dos Pol&iacute;meros &ndash; Artigo t&eacute;cnico<\/span><\/a><\/span><\/span><\/span><\/p>\r\n\r\n<p style=\"text-align:justify\"><span style=\"font-size:11pt\"><span style=\"line-height:normal\"><span calibri=\"\" style=\"font-family:\"><a href=\"https:\/\/tecnologiademateriais.com.br\/portaltm\/tenis-de-corrida-da-olympikus-tem-placa-de-grafeno\/\" style=\"color:blue; text-decoration:underline\"><span style=\"font-size:14.0pt\">T&ecirc;nis de corrida da Olympikus tem placa de grafeno<\/span><\/a><\/span><\/span><\/span><\/p>\r\n\r\n<p style=\"text-align:justify\"><span style=\"font-size:11pt\"><span style=\"line-height:normal\"><span calibri=\"\" style=\"font-family:\"><a href=\"https:\/\/tissueonline.com.br\/mustela-lanca-toalhas-umedecidas-feitas-com-fibras-naturais\/?utm_campaign=newsletter_13012023_novo_modelo&amp;utm_medium=email&amp;utm_source=RD+Station\" style=\"color:blue; text-decoration:underline\"><span style=\"font-size:14.0pt\">Mustela lan&ccedil;a toalhas umedecidas feitas com fibras naturais<\/span><\/a><\/span><\/span><\/span><\/p>\r\n\r\n<p style=\"text-align:justify\"><span style=\"font-size:11pt\"><span style=\"line-height:normal\"><span calibri=\"\" style=\"font-family:\"><a href=\"https:\/\/www.plastico.com.br\/plasticos-no-automoveis-resinas-com-desempenho-superior\/\" style=\"color:blue; text-decoration:underline\"><span style=\"font-size:14.0pt\">Pl&aacute;sticos no autom&oacute;veis: Resinas com desempenho superior<\/span><\/a><\/span><\/span><\/span><\/p>\r\n\r\n<p style=\"text-align:justify\"><span style=\"font-size:11pt\"><span style=\"line-height:normal\"><span calibri=\"\" style=\"font-family:\"><a href=\"https:\/\/www.feirainovaplastic.com.br\/pt-br\/blog\/industria-de-base-e-transformadores\/uso-do-plastico-na-construcao-civil-cria-solucoes-inovadoras-com.html?utm_campaign=newsletter&amp;utm_source=sfmc&amp;utm_medium=email&amp;utm_content=Inovaplastic221128c_PADRAO_VIS_Newsletter&amp;utm_term=\" style=\"color:blue; text-decoration:underline\"><span style=\"font-size:14.0pt\">Uso do Pl&aacute;stico na Constru&ccedil;&atilde;o Civil cria Solu&ccedil;&otilde;es Inovadoras com Redu&ccedil;&atilde;o dos Custos<\/span><\/a><\/span><\/span><\/span><\/p>\r\n\r\n<p class=\"MsoTitleCxSpLast\" style=\"text-align:justify\"><span style=\"font-size:28pt\"><span cambria=\"\" style=\"font-family:\"><span style=\"letter-spacing:-0.5pt\"><b><span style=\"font-size:18.0pt\"><span calibri=\"\" style=\"font-family:\"><span style=\"font-variant:small-caps\">Com&eacute;rcio Exterior<\/span><\/span><\/span><\/b><\/span><\/span><\/span><\/p>\r\n\r\n<p style=\"text-align:justify\"><span style=\"font-size:11pt\"><span style=\"line-height:normal\"><span calibri=\"\" style=\"font-family:\"><a href=\"https:\/\/emobile.com.br\/site\/industria\/programas-de-exportacao-de-materias-primas-e-de-moveis\/\" style=\"color:blue; text-decoration:underline\"><span style=\"font-size:14.0pt\">Programas de exporta&ccedil;&atilde;o de mat&eacute;rias-primas e de m&oacute;veis<\/span><\/a><\/span><\/span><\/span><\/p>\r\n\r\n<p style=\"text-align:justify\"><span style=\"font-size:11pt\"><span style=\"line-height:normal\"><span calibri=\"\" style=\"font-family:\"><a href=\"https:\/\/portalibre.fgv.br\/noticias\/superavit-comercial-do-brasil-em-2022-fica-ligeiramente-superior-ao-de-2021\" style=\"color:blue; text-decoration:underline\"><span style=\"font-size:14.0pt\">Super&aacute;vit comercial do Brasil em 2022 fica ligeiramente superior ao de 2021<\/span><\/a><\/span><\/span><\/span><\/p>\r\n\r\n<p class=\"MsoTitle\" style=\"text-align:justify\"><span style=\"font-size:28pt\"><span cambria=\"\" style=\"font-family:\"><span style=\"letter-spacing:-0.5pt\"><b><span style=\"font-size:18.0pt\"><span calibri=\"\" style=\"font-family:\"><span style=\"font-variant:small-caps\">Economia<\/span><\/span><\/span><\/b><\/span><\/span><\/span><\/p>\r\n\r\n<p style=\"text-align:justify\"><span style=\"font-size:11pt\"><span style=\"line-height:normal\"><span calibri=\"\" style=\"font-family:\"><a href=\"https:\/\/www.bcb.gov.br\/content\/focus\/focus\/R20230113.pdf\" style=\"color:blue; text-decoration:underline\"><span style=\"font-size:14.0pt\">Focus - Relat&oacute;rio de Mercado<\/span><\/a><\/span><\/span><\/span><\/p>\r\n\r\n<p style=\"text-align:justify\"><span style=\"font-size:11pt\"><span style=\"line-height:normal\"><span calibri=\"\" style=\"font-family:\"><a href=\"https:\/\/portalibre.fgv.br\/system\/files\/2023-01\/barometros-globais-kof-fgv_press-release_01_2023.pdf\" style=\"color:blue; text-decoration:underline\"><span style=\"font-size:14.0pt\">Bar&ocirc;metros Globais continuam em queda<\/span><\/a><\/span><\/span><\/span><\/p>\r\n\r\n<p style=\"text-align:justify\"><span style=\"font-size:11pt\"><span style=\"line-height:normal\"><span calibri=\"\" style=\"font-family:\"><a href=\"https:\/\/economia.uol.com.br\/noticias\/reuters\/2023\/01\/16\/davos-2023-recessao-global-deve-ocorrer-em-2023-mostra-pesquisa-do-forum-economico-mundial.htm\" style=\"color:blue; text-decoration:underline\"><span style=\"font-size:14.0pt\">Davos: F&oacute;rum Econ&ocirc;mico Mundial espera recess&atilde;o global em 2023<\/span><\/a><\/span><\/span><\/span><\/p>\r\n\r\n<p style=\"text-align:justify\"><span style=\"font-size:11pt\"><span style=\"line-height:normal\"><span calibri=\"\" style=\"font-family:\"><a href=\"https:\/\/blogdoibre.fgv.br\/posts\/ainda-nao-sabemos-qual-sera-o-governo-lula\" style=\"color:blue; text-decoration:underline\"><span style=\"font-size:14.0pt\">Ainda n&atilde;o sabemos qual ser&aacute; o governo Lula<\/span><\/a><\/span><\/span><\/span><\/p>\r\n\r\n<p style=\"text-align:justify\"><span style=\"font-size:11pt\"><span style=\"line-height:normal\"><span calibri=\"\" style=\"font-family:\"><a href=\"https:\/\/blogs.iadb.org\/ideas-que-cuentan\/es\/implicancias-del-nuevo-panorama-financiero-global-para-el-cono-sur\/\" style=\"color:blue; text-decoration:underline\"><span style=\"font-size:14.0pt\">Implicancias del nuevo panorama financiero global para el Cono Sur<\/span><\/a><\/span><\/span><\/span><\/p>\r\n","6":"<p style=\"text-align:justify\"><span style=\"font-size:11pt\"><span style=\"line-height:normal\"><span calibri=\"\" style=\"font-family:\"><span style=\"font-size:14.0pt\">Esta &eacute; uma compila&ccedil;&atilde;o das not&iacute;cias mais relevantes para o setor, incluindo informa&ccedil;&otilde;es sobre acordos internacionais, economia brasileira, sustentabilidade e mat&eacute;rias primas, al&eacute;m de novidades do setor de N&atilde;otecidos e Tecidos T&eacute;cnicos.<\/span><\/span><\/span><\/span><\/p>\r\n\r\n<p style=\"text-align:justify\"><span style=\"font-size:11pt\"><span style=\"line-height:normal\"><span calibri=\"\" style=\"font-family:\"><b><span style=\"font-size:18.0pt\"><span style=\"font-variant:small-caps\">A&ccedil;&otilde;es da ABINT<\/span><\/span><\/b><\/span><\/span><\/span><\/p>\r\n\r\n<p class=\"MsoTitle\" style=\"text-align:justify\"><img height=\"500\" src=\"https:\/\/www.abint.org.br\/assets\/img\/editor\/premio-tcc-ic-2023-arte-1_20230118124456RzKgrG5yTk.png\" width=\"500\" \/><\/p>\r\n\r\n<p style=\"text-align:justify\"><span style=\"font-size:11pt\"><span style=\"line-height:normal\"><span calibri=\"\" style=\"font-family:\"><strong><span style=\"font-size:14.0pt\"><span calibri=\"\" style=\"font-family:\">O CTG ABINT e a IGS BRASIL <\/span><\/span><\/strong><span style=\"font-size:14.0pt\">convidam aqueles que desenvolveram trabalhos acad&ecirc;micos relacionados aos geossint&eacute;ticos a participarem&nbsp;de mais uma edi&ccedil;&atilde;o do Pr&ecirc;mio TCC\/IC.<\/span><\/span><\/span><\/span><\/p>\r\n\r\n<p style=\"text-align:justify\"><span style=\"font-size:11pt\"><span style=\"line-height:normal\"><span calibri=\"\" style=\"font-family:\"><a href=\"https:\/\/abint.us2.list-manage.com\/track\/click?u=88818ac6bf44316570fc1bc2f&amp;id=46b014bcf1&amp;e=626265ad22\" style=\"color:blue; text-decoration:underline\" target=\"_blank\"><span style=\"font-size:14.0pt\"><span style=\"color:blue\">Mais informa&ccedil;&otilde;es e inscri&ccedil;&otilde;es<\/span><\/span><\/a><\/span><\/span><\/span><\/p>\r\n\r\n<p style=\"text-align:justify\">&nbsp;<\/p>\r\n\r\n<p style=\"text-align:justify\"><span style=\"font-size:11pt\"><span style=\"line-height:normal\"><span calibri=\"\" style=\"font-family:\"><b><span style=\"font-size:18.0pt\"><span style=\"font-variant:small-caps\">Eventos<\/span><\/span><\/b><\/span><\/span><\/span><\/p>\r\n\r\n<h3 style=\"text-align: justify;\"><strong>SENAI CETIQT | Programa de Desenvolvimento Setorial T&ecirc;xtil<\/strong>, acesse<span style=\"font-size:11pt\"><span style=\"line-height:normal\"><span calibri=\"\" style=\"font-family:\"><span class=\"MsoHyperlink\" style=\"color:blue\"><span style=\"text-decoration:underline\"><span style=\"font-size:14.0pt\"><span style=\"text-decoration:none\"><span style=\"text-underline:none\"> <\/span><\/span><\/span><\/span><\/span><a href=\"https:\/\/materiais.senaicetiqt.com\/lp_programa-de-desenvolvimento-setorial?utm_campaign=senai_cetiqt_e_abit__pds_textil__2_envio&amp;utm_medium=email&amp;utm_source=RD+Station\" style=\"color:blue; text-decoration:underline\"><span style=\"font-size:14.0pt\">aqui<\/span><\/a><span class=\"MsoHyperlink\" style=\"color:blue\"><span style=\"text-decoration:underline\"><span style=\"font-size:14.0pt\"><span style=\"text-decoration:none\"><span style=\"text-underline:none\"> <\/span><\/span><\/span><\/span><\/span><\/span><\/span><\/span>para mais informa&ccedil;&otilde;es<\/h3>\r\n\r\n<p style=\"text-align:justify\"><span style=\"font-size:11pt\"><span style=\"line-height:normal\"><span calibri=\"\" style=\"font-family:\"><b><span style=\"font-size:14.0pt\">ABRAVA de Portas Abertas | &ldquo;Perspectivas e Planejamento para o setor AVACR 2023&rdquo;<\/span><\/b><span style=\"font-size:14.0pt\">, 31 de janeiro de 2023, 08h00, evento h&iacute;brido. <\/span><a href=\"https:\/\/materiais.abrava.com.br\/31-01-abrava-de-portas-abertas?utm_campaign=abrava_portas_abertas_perspectivas_e_planejamento_para_o_setor_avac-r_2023&amp;utm_medium=email&amp;utm_source=RD+Station\" style=\"color:blue; text-decoration:underline\"><span style=\"font-size:14.0pt\">Informa&ccedil;&otilde;es<\/span><\/a><\/span><\/span><\/span><\/p>\r\n\r\n<p style=\"text-align:justify\"><span style=\"font-size:11pt\"><span style=\"line-height:normal\"><span calibri=\"\" style=\"font-family:\"><b><span style=\"font-size:14.0pt\">Pl&aacute;stico Brasil &ndash; Feira Internacional do Pl&aacute;stico<\/span><\/b><span style=\"font-size:14.0pt\">, 27 a 31 de mar&ccedil;o de 2023, S&atilde;o Paulo Expo. <\/span><a href=\"https:\/\/www.plasticobrasil.com.br\/pt\/home.html\" style=\"color:blue; text-decoration:underline\"><span style=\"font-size:14.0pt\">Informa&ccedil;&otilde;es<\/span><\/a><\/span><\/span><\/span><\/p>\r\n\r\n<p class=\"MsoTitleCxSpLast\" style=\"text-align:justify\"><span style=\"font-size:28pt\"><span cambria=\"\" style=\"font-family:\"><span style=\"letter-spacing:-0.5pt\"><b><span style=\"font-size:18.0pt\"><span calibri=\"\" style=\"font-family:\"><span style=\"font-variant:small-caps\">Setor<\/span><\/span><\/span><\/b><\/span><\/span><\/span><\/p>\r\n\r\n<p style=\"text-align:justify\"><span style=\"font-size:11pt\"><span style=\"line-height:normal\"><span calibri=\"\" style=\"font-family:\"><a href=\"https:\/\/plasticosemrevista.com.br\/resinas-2022-feriu-fundo-os-precos-internacionais\/\" style=\"color:blue; text-decoration:underline\"><span style=\"font-size:14.0pt\">Resinas: 2022 feriu fundo os pre&ccedil;os internacionais<\/span><\/a><\/span><\/span><\/span><\/p>\r\n\r\n<p style=\"text-align:justify\"><span style=\"font-size:11pt\"><span style=\"line-height:normal\"><span calibri=\"\" style=\"font-family:\"><a href=\"https:\/\/financenews.com.br\/2023\/01\/braskem-anuncia-projeto-para-avaliar-investimento-na-producao-de-pp-bio-based\/\" style=\"color:blue; text-decoration:underline\"><span style=\"font-size:14.0pt\">Braskem anuncia projeto para avaliar investimento na produ&ccedil;&atilde;o de PP bio-based<\/span><\/a><\/span><\/span><\/span><\/p>\r\n\r\n<p style=\"text-align:justify\"><span style=\"font-size:11pt\"><span style=\"line-height:normal\"><span calibri=\"\" style=\"font-family:\"><a href=\"https:\/\/www.abicalcados.com.br\/noticia\/producao-de-calcados-deve-crescer-1-6-em-2023\" style=\"color:blue; text-decoration:underline\"><span style=\"font-size:14.0pt\">Produ&ccedil;&atilde;o de cal&ccedil;ados deve crescer 1,6% em 2023<\/span><\/a><\/span><\/span><\/span><\/p>\r\n\r\n<p style=\"text-align:justify\"><span style=\"font-size:11pt\"><span style=\"line-height:normal\"><span calibri=\"\" style=\"font-family:\"><a href=\"https:\/\/emobile.com.br\/site\/setor-moveleiro\/producao-de-moveis-e-colchoes-tem-leve-avanco\/\" style=\"color:blue; text-decoration:underline\"><span style=\"font-size:14.0pt\">Produ&ccedil;&atilde;o de m&oacute;veis e colch&otilde;es tem leve avan&ccedil;o<\/span><\/a><\/span><\/span><\/span><\/p>\r\n\r\n<p style=\"text-align:justify\"><span style=\"font-size:11pt\"><span style=\"line-height:normal\"><span calibri=\"\" style=\"font-family:\"><a href=\"https:\/\/tissueonline.com.br\/setor-de-higiene-pessoal-cresce-86-de-janeiro-a-outubro-de-2022\/?utm_campaign=newsletter_13012023_novo_modelo&amp;utm_medium=email&amp;utm_source=RD+Station\" style=\"color:blue; text-decoration:underline\"><span style=\"font-size:14.0pt\">Setor de higiene pessoal cresce 8,6% de janeiro a outubro de 2022<\/span><\/a><\/span><\/span><\/span><\/p>\r\n\r\n<p style=\"text-align:justify\"><span style=\"font-size:11pt\"><span style=\"line-height:normal\"><span calibri=\"\" style=\"font-family:\"><a href=\"https:\/\/www.anahp.com.br\/pdf\/indicadores-dez22.pdf\" style=\"color:blue; text-decoration:underline\"><span style=\"font-size:14.0pt\">ANAHP | Indicadores Hospitalares dezembro\/2022<\/span><\/a><\/span><\/span><\/span><\/p>\r\n\r\n<p style=\"text-align:justify\"><span style=\"font-size:11pt\"><span style=\"line-height:normal\"><span calibri=\"\" style=\"font-family:\"><a href=\"https:\/\/fcem.com.br\/noticias\/praticas-necessarias-de-esg-na-industria-textil\/?utm_campaign=febratex_news_120123&amp;utm_medium=email&amp;utm_source=RD+Station\" style=\"color:blue; text-decoration:underline\"><span style=\"font-size:14.0pt\">Pr&aacute;ticas necess&aacute;rias de ESG na ind&uacute;stria t&ecirc;xtil<\/span><\/a><\/span><\/span><\/span><\/p>\r\n\r\n<p style=\"text-align:justify\"><span style=\"font-size:11pt\"><span style=\"line-height:normal\"><span calibri=\"\" style=\"font-family:\"><a href=\"https:\/\/indiantextilejournal.com\/global-textile-engineering-firms-bank-on-india-for-growth\/\" style=\"color:blue; text-decoration:underline\"><span style=\"font-size:14.0pt\">Global textile engineering firms bank on India for growth<\/span><\/a><\/span><\/span><\/span><\/p>\r\n\r\n<p style=\"text-align:justify\"><span style=\"font-size:11pt\"><span style=\"line-height:normal\"><span calibri=\"\" style=\"font-family:\"><a href=\"https:\/\/www.technicaltextile.net\/news\/us-braskem-acquires-3d-filament-supplier-taulman3d-285087.html\" style=\"color:blue; text-decoration:underline\"><span style=\"font-size:14.0pt\">US&#39; Braskem acquires 3D filament supplier Taulman3D<\/span><\/a><\/span><\/span><\/span><\/p>\r\n\r\n<p class=\"MsoTitle\" style=\"text-align:justify\"><span style=\"font-size:28pt\"><span cambria=\"\" style=\"font-family:\"><span style=\"letter-spacing:-0.5pt\"><b><span style=\"font-size:18.0pt\"><span calibri=\"\" style=\"font-family:\"><span style=\"font-variant:small-caps\">Ind&uacute;stria<\/span><\/span><\/span><\/b><\/span><\/span><\/span><\/p>\r\n\r\n<p style=\"text-align:justify\"><span style=\"font-size:11pt\"><span style=\"line-height:normal\"><span calibri=\"\" style=\"font-family:\"><a href=\"https:\/\/agenciadenoticias.ibge.gov.br\/agencia-noticias\/2012-agencia-de-noticias\/noticias\/36083-producao-industrial-recua-em-seis-dos-15-locais-pesquisados-em-novembro\" style=\"color:blue; text-decoration:underline\"><span style=\"font-size:14.0pt\">Produ&ccedil;&atilde;o industrial recua em seis dos 15 locais pesquisados em novembro <\/span><\/a><\/span><\/span><\/span><\/p>\r\n\r\n<p style=\"text-align:justify\"><span style=\"font-size:11pt\"><span style=\"line-height:normal\"><span calibri=\"\" style=\"font-family:\"><a href=\"https:\/\/sinditextilsp.org.br\/home\/2022\/12\/empresas-poderao-ser-multadas-pelo-esocial-a-partir-de-2023\/?utm_campaign=news_sindi_90_anos_dezembro_-_23122022&amp;utm_medium=email&amp;utm_source=RD+Station\" style=\"color:blue; text-decoration:underline\"><span style=\"font-size:14.0pt\">Empresas poder&atilde;o ser multadas pelo eSocial a partir de 2023<\/span><\/a><\/span><\/span><\/span><\/p>\r\n\r\n<p style=\"text-align:justify\"><span style=\"font-size:11pt\"><span style=\"line-height:normal\"><span calibri=\"\" style=\"font-family:\"><a href=\"https:\/\/grandesconstrucoes.com.br\/Noticias\/Exibir\/cbic-divulga-previsao-para-o-crescimento-da-construcao-em-2023\" style=\"color:blue; text-decoration:underline\"><span style=\"font-size:14.0pt\">Ind&uacute;stria da constru&ccedil;&atilde;o prev&ecirc; crescimento de 2,5% em 2023<\/span><\/a><\/span><\/span><\/span><\/p>\r\n\r\n<p style=\"text-align:justify\"><span style=\"font-size:11pt\"><span style=\"line-height:normal\"><span calibri=\"\" style=\"font-family:\"><a href=\"https:\/\/opentreinamentos.com.br\/creditos-de-pis-e-cofins\/\" style=\"color:blue; text-decoration:underline\"><span style=\"font-size:14.0pt\">RF publica novas regras sobre cr&eacute;ditos de PIS e Cofins<\/span><\/a><\/span><\/span><\/span><\/p>\r\n\r\n<p style=\"text-align:justify\"><span style=\"font-size:11pt\"><span style=\"line-height:normal\"><span calibri=\"\" style=\"font-family:\"><a href=\"https:\/\/www.camara.leg.br\/noticias\/931411-comissao-aprova-proposta-que-altera-sistema-tributario-brasileiro\/\" style=\"color:blue; text-decoration:underline\"><span style=\"font-size:14.0pt\">Comiss&atilde;o da C&acirc;mara aprova proposta de reforma tribut&aacute;ria<\/span><\/a><\/span><\/span><\/span><\/p>\r\n\r\n<p style=\"text-align:justify\"><span style=\"font-size:11pt\"><span style=\"line-height:normal\"><span calibri=\"\" style=\"font-family:\"><a href=\"https:\/\/grandesconstrucoes.com.br\/Noticias\/Exibir\/governo-federal-estudara-uso-de-ppps-para-ferrovias?utm_source=akna&amp;utm_medium=email&amp;utm_campaign=Grandes-Construcoes-Informativo-844-12-01-2023&amp;utm_source=akna&amp;utm_medium=email&amp;utm_campaign=Grandes-Construcoes-Informativo-844-12-01-2023\" style=\"color:blue; text-decoration:underline\"><span style=\"font-size:14.0pt\">Governo federal estudar&aacute; uso de PPPs para ferrovias<\/span><\/a><\/span><\/span><\/span><\/p>\r\n\r\n<p style=\"text-align:justify\"><span style=\"font-size:11pt\"><span style=\"line-height:normal\"><span calibri=\"\" style=\"font-family:\"><a href=\"https:\/\/noticias.portaldaindustria.com.br\/noticias\/economia\/confianca-do-setor-industrial-registra-nova-queda\/\" style=\"color:blue; text-decoration:underline\"><span style=\"font-size:14.0pt\">Confian&ccedil;a do setor industrial registra nova queda<\/span><\/a><\/span><\/span><\/span><\/p>\r\n\r\n<p style=\"text-align:justify\"><span style=\"font-size:11pt\"><span style=\"line-height:normal\"><span calibri=\"\" style=\"font-family:\"><a href=\"https:\/\/www.meiofiltrante.com.br\/Noticia\/110307\/producao-global-de-veiculos-sera-5-maior-do-que-a-registrada-no-mundo-em-2022\" style=\"color:blue; text-decoration:underline\"><span style=\"font-size:14.0pt\">Produ&ccedil;&atilde;o global de ve&iacute;culos ser&aacute; 5% maior do que a registrada no mundo em 2022<\/span><\/a><\/span><\/span><\/span><\/p>\r\n\r\n<p class=\"MsoTitle\" style=\"text-align:justify\"><span style=\"font-size:28pt\"><span cambria=\"\" style=\"font-family:\"><span style=\"letter-spacing:-0.5pt\"><b><span style=\"font-size:18.0pt\"><span calibri=\"\" style=\"font-family:\"><span style=\"font-variant:small-caps\">Sustentabilidade<\/span><\/span><\/span><\/b><\/span><\/span><\/span><\/p>\r\n\r\n<p style=\"text-align:justify\"><span style=\"font-size:11pt\"><span style=\"line-height:normal\"><span calibri=\"\" style=\"font-family:\"><a href=\"https:\/\/tissueonline.com.br\/kimberly-clark-australia-desenvolve-projeto-piloto-de-compostagem-a-partir-de-fraldas-usadas\/?utm_campaign=newsletter_16122022_novo_modelo&amp;utm_medium=email&amp;utm_source=RD+Station\" style=\"color:blue; text-decoration:underline\"><span style=\"font-size:14.0pt\">Kimberly-Clark Australia desenvolve projeto piloto de compostagem a partir de fraldas usadas<\/span><\/a><\/span><\/span><\/span><\/p>\r\n\r\n<p style=\"text-align:justify\"><span style=\"font-size:11pt\"><span style=\"line-height:normal\"><span calibri=\"\" style=\"font-family:\"><a href=\"https:\/\/plasticosemrevista.com.br\/sao-paulo-aprova-lei-sobre-reciclado-em-garrafas-pet-de-bebidas\/\" style=\"color:blue; text-decoration:underline\"><span style=\"font-size:14.0pt\">S&atilde;o Paulo aprova lei sobre reciclado em garrafas PET de bebidas<\/span><\/a><\/span><\/span><\/span><\/p>\r\n\r\n<p style=\"text-align:justify\"><span style=\"font-size:11pt\"><span style=\"line-height:normal\"><span calibri=\"\" style=\"font-family:\"><a href=\"https:\/\/www.moveisdevalor.com.br\/portal\/a-logistica-reversa-esta-batendo-a-porta?source=news\" style=\"color:blue; text-decoration:underline\"><span style=\"font-size:14.0pt\">A log&iacute;stica reversa est&aacute; batendo &agrave; porta dos colchoeiros<\/span><\/a><\/span><\/span><\/span><\/p>\r\n\r\n<p style=\"text-align:justify\"><span style=\"font-size:11pt\"><span style=\"line-height:normal\"><span calibri=\"\" style=\"font-family:\"><a href=\"https:\/\/grandesconstrucoes.com.br\/Noticias\/Exibir\/petrobras-adere-a-iniciativa-da-onu-com-foco-em-reducao-de-emissoes-de-metano?utm_source=akna&amp;utm_medium=email&amp;utm_campaign=Grandes-Construcoes-Informativo-844-12-01-2023&amp;utm_source=akna&amp;utm_medium=email&amp;utm_campaign=Grandes-Construcoes-Informativo-844-12-01-2023\" style=\"color:blue; text-decoration:underline\"><span style=\"font-size:14.0pt\">Petrobras adere &agrave; iniciativa da ONU com foco em redu&ccedil;&atilde;o de emiss&otilde;es de metano<\/span><\/a><\/span><\/span><\/span><\/p>\r\n\r\n<p style=\"text-align:justify\"><span style=\"font-size:11pt\"><span style=\"line-height:normal\"><span calibri=\"\" style=\"font-family:\"><a href=\"https:\/\/www.quimica.com.br\/incorporacao-de-reciclados-reduz-impacto-ambiental-em-50\/?utm_campaign=newsletter_quimica_-_dezembro_2022&amp;utm_medium=email&amp;utm_source=RD+Station\" style=\"color:blue; text-decoration:underline\"><span style=\"font-size:14.0pt\">Incorpora&ccedil;&atilde;o de reciclados reduz impacto ambiental em 50%<\/span><\/a><\/span><\/span><\/span><\/p>\r\n\r\n<p style=\"text-align:justify\"><span style=\"font-size:11pt\"><span style=\"line-height:normal\"><span calibri=\"\" style=\"font-family:\"><a href=\"https:\/\/cbic.org.br\/concreto-feito-com-pneus-e-alternativa-sustentavel-na-construcao-civil\/\" style=\"color:blue; text-decoration:underline\"><span style=\"font-size:14.0pt\">Concreto feito com pneus: alternativa sustent&aacute;vel na constru&ccedil;&atilde;o civil<\/span><\/a><\/span><\/span><\/span><\/p>\r\n\r\n<p style=\"text-align:justify\"><span style=\"font-size:11pt\"><span style=\"line-height:normal\"><span calibri=\"\" style=\"font-family:\"><a href=\"https:\/\/www.feirainovaplastic.com.br\/pt-br\/blog\/industria-b2b---embalagem\/instrumentos-cirurgicos-poderao-ser-reciclados.html?utm_campaign=newsletter&amp;utm_source=sfmc&amp;utm_medium=email&amp;utm_content=Inovaplastic221128c_PADRAO_VIS_Newsletter&amp;utm_term=\" style=\"color:blue; text-decoration:underline\"><span style=\"font-size:14.0pt\">Instrumentos cir&uacute;rgicos poder&atilde;o ser reciclados<\/span><\/a><\/span><\/span><\/span><\/p>\r\n\r\n<p class=\"MsoTitle\" style=\"text-align:justify\"><span style=\"font-size:28pt\"><span cambria=\"\" style=\"font-family:\"><span style=\"letter-spacing:-0.5pt\"><b><span style=\"font-size:18.0pt\"><span calibri=\"\" style=\"font-family:\"><span style=\"font-variant:small-caps\">Inova&ccedil;&atilde;o<\/span><\/span><\/span><\/b><\/span><\/span><\/span><\/p>\r\n\r\n<p style=\"text-align:justify\"><span style=\"font-size:11pt\"><span style=\"line-height:normal\"><span calibri=\"\" style=\"font-family:\"><a href=\"https:\/\/umsoplaneta.globo.com\/energia\/noticia\/2023\/01\/15\/fibras-vegetais-sao-usadas-para-produzir-pecas-automotivas.ghtml\" style=\"color:blue; text-decoration:underline\"><span style=\"font-size:14.0pt\">Fibras vegetais s&atilde;o usadas para produzir pe&ccedil;as automotivas<\/span><\/a><\/span><\/span><\/span><\/p>\r\n\r\n<p style=\"text-align:justify\"><span style=\"font-size:11pt\"><span style=\"line-height:normal\"><span calibri=\"\" style=\"font-family:\"><a href=\"https:\/\/www.plastico.com.br\/make-it-real-grafeno-na-industria-dos-polimeros-artigo-tecnico\/\" style=\"color:blue; text-decoration:underline\"><span style=\"font-size:14.0pt\">Make it real: Grafeno na Ind&uacute;stria dos Pol&iacute;meros &ndash; Artigo t&eacute;cnico<\/span><\/a><\/span><\/span><\/span><\/p>\r\n\r\n<p style=\"text-align:justify\"><span style=\"font-size:11pt\"><span style=\"line-height:normal\"><span calibri=\"\" style=\"font-family:\"><a href=\"https:\/\/tecnologiademateriais.com.br\/portaltm\/tenis-de-corrida-da-olympikus-tem-placa-de-grafeno\/\" style=\"color:blue; text-decoration:underline\"><span style=\"font-size:14.0pt\">T&ecirc;nis de corrida da Olympikus tem placa de grafeno<\/span><\/a><\/span><\/span><\/span><\/p>\r\n\r\n<p style=\"text-align:justify\"><span style=\"font-size:11pt\"><span style=\"line-height:normal\"><span calibri=\"\" style=\"font-family:\"><a href=\"https:\/\/tissueonline.com.br\/mustela-lanca-toalhas-umedecidas-feitas-com-fibras-naturais\/?utm_campaign=newsletter_13012023_novo_modelo&amp;utm_medium=email&amp;utm_source=RD+Station\" style=\"color:blue; text-decoration:underline\"><span style=\"font-size:14.0pt\">Mustela lan&ccedil;a toalhas umedecidas feitas com fibras naturais<\/span><\/a><\/span><\/span><\/span><\/p>\r\n\r\n<p style=\"text-align:justify\"><span style=\"font-size:11pt\"><span style=\"line-height:normal\"><span calibri=\"\" style=\"font-family:\"><a href=\"https:\/\/www.plastico.com.br\/plasticos-no-automoveis-resinas-com-desempenho-superior\/\" style=\"color:blue; text-decoration:underline\"><span style=\"font-size:14.0pt\">Pl&aacute;sticos no autom&oacute;veis: Resinas com desempenho superior<\/span><\/a><\/span><\/span><\/span><\/p>\r\n\r\n<p style=\"text-align:justify\"><span style=\"font-size:11pt\"><span style=\"line-height:normal\"><span calibri=\"\" style=\"font-family:\"><a href=\"https:\/\/www.feirainovaplastic.com.br\/pt-br\/blog\/industria-de-base-e-transformadores\/uso-do-plastico-na-construcao-civil-cria-solucoes-inovadoras-com.html?utm_campaign=newsletter&amp;utm_source=sfmc&amp;utm_medium=email&amp;utm_content=Inovaplastic221128c_PADRAO_VIS_Newsletter&amp;utm_term=\" style=\"color:blue; text-decoration:underline\"><span style=\"font-size:14.0pt\">Uso do Pl&aacute;stico na Constru&ccedil;&atilde;o Civil cria Solu&ccedil;&otilde;es Inovadoras com Redu&ccedil;&atilde;o dos Custos<\/span><\/a><\/span><\/span><\/span><\/p>\r\n\r\n<p class=\"MsoTitleCxSpLast\" style=\"text-align:justify\"><span style=\"font-size:28pt\"><span cambria=\"\" style=\"font-family:\"><span style=\"letter-spacing:-0.5pt\"><b><span style=\"font-size:18.0pt\"><span calibri=\"\" style=\"font-family:\"><span style=\"font-variant:small-caps\">Com&eacute;rcio Exterior<\/span><\/span><\/span><\/b><\/span><\/span><\/span><\/p>\r\n\r\n<p style=\"text-align:justify\"><span style=\"font-size:11pt\"><span style=\"line-height:normal\"><span calibri=\"\" style=\"font-family:\"><a href=\"https:\/\/emobile.com.br\/site\/industria\/programas-de-exportacao-de-materias-primas-e-de-moveis\/\" style=\"color:blue; text-decoration:underline\"><span style=\"font-size:14.0pt\">Programas de exporta&ccedil;&atilde;o de mat&eacute;rias-primas e de m&oacute;veis<\/span><\/a><\/span><\/span><\/span><\/p>\r\n\r\n<p style=\"text-align:justify\"><span style=\"font-size:11pt\"><span style=\"line-height:normal\"><span calibri=\"\" style=\"font-family:\"><a href=\"https:\/\/portalibre.fgv.br\/noticias\/superavit-comercial-do-brasil-em-2022-fica-ligeiramente-superior-ao-de-2021\" style=\"color:blue; text-decoration:underline\"><span style=\"font-size:14.0pt\">Super&aacute;vit comercial do Brasil em 2022 fica ligeiramente superior ao de 2021<\/span><\/a><\/span><\/span><\/span><\/p>\r\n\r\n<p class=\"MsoTitle\" style=\"text-align:justify\"><span style=\"font-size:28pt\"><span cambria=\"\" style=\"font-family:\"><span style=\"letter-spacing:-0.5pt\"><b><span style=\"font-size:18.0pt\"><span calibri=\"\" style=\"font-family:\"><span style=\"font-variant:small-caps\">Economia<\/span><\/span><\/span><\/b><\/span><\/span><\/span><\/p>\r\n\r\n<p style=\"text-align:justify\"><span style=\"font-size:11pt\"><span style=\"line-height:normal\"><span calibri=\"\" style=\"font-family:\"><a href=\"https:\/\/www.bcb.gov.br\/content\/focus\/focus\/R20230113.pdf\" style=\"color:blue; text-decoration:underline\"><span style=\"font-size:14.0pt\">Focus - Relat&oacute;rio de Mercado<\/span><\/a><\/span><\/span><\/span><\/p>\r\n\r\n<p style=\"text-align:justify\"><span style=\"font-size:11pt\"><span style=\"line-height:normal\"><span calibri=\"\" style=\"font-family:\"><a href=\"https:\/\/portalibre.fgv.br\/system\/files\/2023-01\/barometros-globais-kof-fgv_press-release_01_2023.pdf\" style=\"color:blue; text-decoration:underline\"><span style=\"font-size:14.0pt\">Bar&ocirc;metros Globais continuam em queda<\/span><\/a><\/span><\/span><\/span><\/p>\r\n\r\n<p style=\"text-align:justify\"><span style=\"font-size:11pt\"><span style=\"line-height:normal\"><span calibri=\"\" style=\"font-family:\"><a href=\"https:\/\/economia.uol.com.br\/noticias\/reuters\/2023\/01\/16\/davos-2023-recessao-global-deve-ocorrer-em-2023-mostra-pesquisa-do-forum-economico-mundial.htm\" style=\"color:blue; text-decoration:underline\"><span style=\"font-size:14.0pt\">Davos: F&oacute;rum Econ&ocirc;mico Mundial espera recess&atilde;o global em 2023<\/span><\/a><\/span><\/span><\/span><\/p>\r\n\r\n<p style=\"text-align:justify\"><span style=\"font-size:11pt\"><span style=\"line-height:normal\"><span calibri=\"\" style=\"font-family:\"><a href=\"https:\/\/blogdoibre.fgv.br\/posts\/ainda-nao-sabemos-qual-sera-o-governo-lula\" style=\"color:blue; text-decoration:underline\"><span style=\"font-size:14.0pt\">Ainda n&atilde;o sabemos qual ser&aacute; o governo Lula<\/span><\/a><\/span><\/span><\/span><\/p>\r\n\r\n<p style=\"text-align:justify\"><span style=\"font-size:11pt\"><span style=\"line-height:normal\"><span calibri=\"\" style=\"font-family:\"><a href=\"https:\/\/blogs.iadb.org\/ideas-que-cuentan\/es\/implicancias-del-nuevo-panorama-financiero-global-para-el-cono-sur\/\" style=\"color:blue; text-decoration:underline\"><span style=\"font-size:14.0pt\">Implicancias del nuevo panorama financiero global para el Cono Sur<\/span><\/a><\/span><\/span><\/span><\/p>\r\n","texto_en":"","7":"","imagem":"COMP_banner-padrao-home-destaques-boletim-2023_20230124173955HRphR68hUH.jpeg","8":"COMP_banner-padrao-home-destaques-boletim-2023_20230124173955HRphR68hUH.jpeg","arquivo":"20230120-NOTICIAS-SEMANAIS.PDF","9":"20230120-NOTICIAS-SEMANAIS.PDF","titulo_arquivo":"","10":"","titulo_arquivo_en":"","11":"","created_at":"2023-01-18 12:49:17","12":"2023-01-18 12:49:17","updated_at":"2023-01-24 17:40:03","13":"2023-01-24 17:40:03"},{"id":47,"0":47,"ordem":176,"1":176,"data":"2022-12-13","2":"2022-12-13","slug":"boletim-de-noticias-semanais-44","3":"boletim-de-noticias-semanais-44","titulo":"Boletim de Not\u00edcias Semanais","4":"Boletim de Not\u00edcias Semanais","titulo_en":"","5":"","texto":"<p style=\"text-align:justify\"><span style=\"font-size:11pt\"><span style=\"line-height:normal\"><span style=\"font-family:&quot;Calibri&quot;,sans-serif\"><span style=\"font-size:14.0pt\">Esta &eacute; uma compila&ccedil;&atilde;o das not&iacute;cias mais relevantes para o setor, incluindo informa&ccedil;&otilde;es sobre acordos internacionais, economia brasileira, sustentabilidade e mat&eacute;rias primas, al&eacute;m de novidades do setor de N&atilde;otecidos e Tecidos T&eacute;cnicos.<\/span><\/span><\/span><\/span><\/p>\r\n\r\n<p class=\"MsoTitleCxSpMiddle\" style=\"text-align:justify\"><span style=\"font-size:28pt\"><span style=\"font-family:&quot;Cambria&quot;,serif\"><span style=\"letter-spacing:-0.5pt\"><b><span style=\"font-size:18.0pt\"><span style=\"font-family:&quot;Calibri&quot;,sans-serif\"><span style=\"font-variant:small-caps\">A&ccedil;&otilde;es da ABINT<\/span><\/span><\/span><\/b><\/span><\/span><\/span><\/p>\r\n\r\n<p class=\"MsoTitleCxSpLast\" style=\"text-align:justify\"><img height=\"506\" src=\"https:\/\/www.abint.org.br\/assets\/img\/editor\/premio-tcc-ic-2023-arte-1_202301181238491fFAwW96Yu.png\" width=\"506\" \/><\/p>\r\n\r\n<p style=\"text-align:justify\"><span style=\"font-size:11pt\"><span style=\"line-height:normal\"><span style=\"font-family:&quot;Calibri&quot;,sans-serif\"><strong><span style=\"font-size:14.0pt\"><span style=\"font-family:&quot;Calibri&quot;,sans-serif\">O CTG ABINT e a IGS BRASIL <\/span><\/span><\/strong><span style=\"font-size:14.0pt\">convidam aqueles que desenvolveram trabalhos acad&ecirc;micos relacionados aos geossint&eacute;ticos a participarem&nbsp;de mais uma edi&ccedil;&atilde;o do Pr&ecirc;mio TCC\/IC.<\/span><\/span><\/span><\/span><\/p>\r\n\r\n<p style=\"text-align:justify\"><span style=\"font-size:11pt\"><span style=\"line-height:normal\"><span style=\"font-family:&quot;Calibri&quot;,sans-serif\"><a href=\"https:\/\/abint.us2.list-manage.com\/track\/click?u=88818ac6bf44316570fc1bc2f&amp;id=46b014bcf1&amp;e=626265ad22\" style=\"color:blue; text-decoration:underline\" target=\"_blank\"><span style=\"font-size:14.0pt\"><span style=\"color:#007c89\">Mais informa&ccedil;&otilde;es e inscri&ccedil;&otilde;es<\/span><\/span><\/a><\/span><\/span><\/span><\/p>\r\n\r\n<p style=\"text-align:justify\">&nbsp;<\/p>\r\n\r\n<p style=\"text-align:justify\"><span style=\"font-size:11pt\"><span style=\"line-height:normal\"><span style=\"font-family:&quot;Calibri&quot;,sans-serif\"><b><span style=\"font-size:18.0pt\"><span style=\"font-variant:small-caps\">Eventos<\/span><\/span><\/b><\/span><\/span><\/span><\/p>\r\n\r\n<p style=\"text-align:justify\"><span style=\"font-size:11pt\"><span style=\"line-height:normal\"><span style=\"font-family:&quot;Calibri&quot;,sans-serif\"><b><span style=\"font-size:14.0pt\">Webinar ABNT | ESG e Indicadores de Sustentabilidade<\/span><\/b><span style=\"font-size:14.0pt\">, 14 a 16 de dezembro, 8h30 &agrave;s 12h30, online. <\/span><a href=\"https:\/\/abnlink.abnt.org.br\/cl\/POkyC\/FZi\/8195\/LCFJkUKAOaB\/BLNq\/IjtXd4SWxTy\/1\/\" style=\"color:blue; text-decoration:underline\"><span style=\"font-size:14.0pt\">Informa&ccedil;&otilde;es<\/span><\/a><\/span><\/span><\/span><\/p>\r\n\r\n<p style=\"text-align:justify\"><span style=\"font-size:11pt\"><span style=\"line-height:normal\"><span style=\"font-family:&quot;Calibri&quot;,sans-serif\"><b><span style=\"font-size:14.0pt\">FGV-IBRE | Semin&aacute;rio de Produtividade e Mercado de Trabalho<\/span><\/b><span style=\"font-size:14.0pt\">, 15 de dezembro, transmiss&atilde;o via YouTube. <\/span><a href=\"https:\/\/evento.fgv.br\/produtividadeemercadodetrabalho\/\" style=\"color:blue; text-decoration:underline\"><span style=\"font-size:14.0pt\">Informa&ccedil;&otilde;es<\/span><\/a> <\/span><\/span><\/span><\/p>\r\n\r\n<p class=\"MsoTitle\" style=\"text-align:justify\"><span style=\"font-size:28pt\"><span style=\"font-family:&quot;Cambria&quot;,serif\"><span style=\"letter-spacing:-0.5pt\"><b><span style=\"font-size:18.0pt\"><span style=\"font-family:&quot;Calibri&quot;,sans-serif\"><span style=\"font-variant:small-caps\">Setor<\/span><\/span><\/span><\/b><\/span><\/span><\/span><\/p>\r\n\r\n<p style=\"text-align:justify\"><span style=\"font-size:11pt\"><span style=\"line-height:normal\"><span style=\"font-family:&quot;Calibri&quot;,sans-serif\"><a href=\"https:\/\/www.textiletechnology.net\/technology\/news\/itma-2023-online-visitor-registration-opens-33269?utm_source=%2Fmeta%2Fnewsletter%2Fnewsletter&amp;utm_medium=newsletter&amp;utm_campaign=nl1042&amp;utm_term=0801b20e08c3242125d512808cd74302\" style=\"color:blue; text-decoration:underline\"><span style=\"font-size:14.0pt\">ITMA 2023 | Online visitor registration opens<\/span><\/a><\/span><\/span><\/span><\/p>\r\n\r\n<p style=\"text-align:justify\"><span style=\"font-size:11pt\"><span style=\"line-height:normal\"><span style=\"font-family:&quot;Calibri&quot;,sans-serif\"><a href=\"https:\/\/br.advfn.com\/jornal\/2022\/12\/exxonmobil-dobra-producao-de-polipropileno-em-baton-rouge\" style=\"color:blue; text-decoration:underline\"><span style=\"font-size:14.0pt\">ExxonMobil dobra produ&ccedil;&atilde;o de polipropileno em Baton Rouge<\/span><\/a><\/span><\/span><\/span><\/p>\r\n\r\n<p style=\"text-align:justify\"><span style=\"font-size:11pt\"><span style=\"line-height:normal\"><span style=\"font-family:&quot;Calibri&quot;,sans-serif\"><a href=\"https:\/\/www.textiletechnology.net\/technology\/news\/truetzschler-bu-card-clothing-expands-its-production-site-33280?utm_source=%2Fmeta%2Fnewsletter%2Fnewsletter&amp;utm_medium=newsletter&amp;utm_campaign=nl1044&amp;utm_term=0801b20e08c3242125d512808cd74302\" style=\"color:blue; text-decoration:underline\"><span style=\"font-size:14.0pt\">Tr&uuml;tzschler | BU Card Clothing expands its production site<\/span><\/a><\/span><\/span><\/span><\/p>\r\n\r\n<p style=\"text-align:justify\"><span style=\"font-size:11pt\"><span style=\"line-height:normal\"><span style=\"font-family:&quot;Calibri&quot;,sans-serif\"><a href=\"https:\/\/ecoregional.com.br\/destaque\/projetos-das-areas-da-agricultura-e-inovacao-vao-dividir-recursos-da-consulta-popular-no-vale-do-taquari\" style=\"color:blue; text-decoration:underline\"><span style=\"font-size:14.0pt\">Geomembranas: Projetos das &aacute;reas da Agricultura e Inova&ccedil;&atilde;o v&atilde;o dividir recursos da Consulta popular no Vale do Taquari (RS)<\/span><\/a><\/span><\/span><\/span><\/p>\r\n\r\n<p style=\"text-align:justify\"><span style=\"font-size:11pt\"><span style=\"line-height:normal\"><span style=\"font-family:&quot;Calibri&quot;,sans-serif\"><a href=\"https:\/\/www.technicaltextile.net\/news\/german-researchers-develop-solution-for-optimising-nonwoven-production-284517.html\" style=\"color:blue; text-decoration:underline\"><span style=\"font-size:14.0pt\">German researchers develop solution for optimising nonwoven production<\/span><\/a><\/span><\/span><\/span><\/p>\r\n\r\n<p style=\"text-align:justify\"><span style=\"font-size:11pt\"><span style=\"line-height:normal\"><span style=\"font-family:&quot;Calibri&quot;,sans-serif\"><a href=\"https:\/\/tissueonline.com.br\/referencia-na-producao-de-fraldas-de-marca-propria-drylock-quer-consolidar-atuacao-no-brasil\/?utm_campaign=newsletter_09122022_novo_modelo&amp;utm_medium=email&amp;utm_source=RD+Station\" style=\"color:blue; text-decoration:underline\"><span style=\"font-size:14.0pt\">Refer&ecirc;ncia na produ&ccedil;&atilde;o de fraldas de marca pr&oacute;pria, Drylock quer consolidar atua&ccedil;&atilde;o no Brasil<\/span><\/a><\/span><\/span><\/span><\/p>\r\n\r\n<p style=\"text-align:justify\"><span style=\"font-size:11pt\"><span style=\"line-height:normal\"><span style=\"font-family:&quot;Calibri&quot;,sans-serif\"><a href=\"https:\/\/revistatextil.com.br\/dupont-anuncia-um-novo-portfolio-global-de-fios-de-engenharia-kevlar\/\" style=\"color:blue; text-decoration:underline\"><span style=\"font-size:14.0pt\">DuPont anuncia um novo portf&oacute;lio global de fios de engenharia Kevlar&reg;<\/span><\/a><\/span><\/span><\/span><\/p>\r\n\r\n<p style=\"text-align:justify\"><span style=\"font-size:11pt\"><span style=\"line-height:normal\"><span style=\"font-family:&quot;Calibri&quot;,sans-serif\"><a href=\"https:\/\/www.textiletechnology.net\/technology\/news\/itmf-business-situation-worsens-33290?utm_source=%2Fmeta%2Fnewsletter%2Fnewsletter&amp;utm_medium=newsletter&amp;utm_campaign=nl1044&amp;utm_term=0801b20e08c3242125d512808cd74302\" style=\"color:blue; text-decoration:underline\"><span style=\"font-size:14.0pt\">ITMF | Business situation worsens<\/span><\/a><\/span><\/span><\/span><\/p>\r\n\r\n<p style=\"text-align:justify\"><span style=\"font-size:11pt\"><span style=\"line-height:normal\"><span style=\"font-family:&quot;Calibri&quot;,sans-serif\"><a href=\"https:\/\/app.rdstation.email\/mail\/ddc8fad3-6369-4f6f-aa9b-8dbd6359da65?utm_campaign=emkt_potencializee_-_07122022&amp;utm_medium=email&amp;utm_source=RD+Station\" style=\"color:blue; text-decoration:underline\"><span style=\"font-size:14.0pt\">Programa de Efici&ecirc;ncia Energ&eacute;tica recebe empresas do setor T&amp;C<\/span><\/a><\/span><\/span><\/span><\/p>\r\n\r\n<p style=\"text-align:justify\"><span style=\"font-size:11pt\"><span style=\"line-height:normal\"><span style=\"font-family:&quot;Calibri&quot;,sans-serif\"><a href=\"https:\/\/revista.moveisdevalor.com.br\/anuario\/2023\/\" style=\"color:blue; text-decoration:underline\"><span style=\"font-size:14.0pt\">Anu&aacute;rio de Colch&otilde;es Brasil 2023<\/span><\/a><\/span><\/span><\/span><\/p>\r\n\r\n<p class=\"MsoTitle\" style=\"text-align:justify\"><span style=\"font-size:28pt\"><span style=\"font-family:&quot;Cambria&quot;,serif\"><span style=\"letter-spacing:-0.5pt\"><b><span style=\"font-size:18.0pt\"><span style=\"font-family:&quot;Calibri&quot;,sans-serif\"><span style=\"font-variant:small-caps\">Ind&uacute;stria<\/span><\/span><\/span><\/b><\/span><\/span><\/span><\/p>\r\n\r\n<p style=\"text-align:justify\"><span style=\"font-size:11pt\"><span style=\"line-height:normal\"><span style=\"font-family:&quot;Calibri&quot;,sans-serif\"><a href=\"https:\/\/noticias.portaldaindustria.com.br\/noticias\/competitividade\/brasil-tem-primeiro-avanco-no-ranking-de-competitividade-em-12-anos\/\" style=\"color:blue; text-decoration:underline\"><span style=\"font-size:14.0pt\">Brasil tem primeiro avan&ccedil;o no ranking de competitividade em 12 anos<\/span><\/a><\/span><\/span><\/span><\/p>\r\n\r\n<p style=\"text-align:justify\"><span style=\"font-size:11pt\"><span style=\"line-height:normal\"><span style=\"font-family:&quot;Calibri&quot;,sans-serif\"><a href=\"https:\/\/grandesconstrucoes.com.br\/Noticias\/Exibir\/apos-dois-meses-de-queda-industria-cresce-03-revela-ibge?utm_source=akna&amp;utm_medium=email&amp;utm_campaign=Grandes-Construcoes-Informativo-841-08-12-2022&amp;utm_source=akna&amp;utm_medium=email&amp;utm_campaign=Grandes-Construcoes-Informativo-841-08-12-2022\" style=\"color:blue; text-decoration:underline\"><span style=\"font-size:14.0pt\">Ap&oacute;s dois meses de queda, ind&uacute;stria cresce 0,3%, revela IBGE<\/span><\/a><\/span><\/span><\/span><\/p>\r\n\r\n<p style=\"text-align:justify\"><span style=\"font-size:11pt\"><span style=\"line-height:normal\"><span style=\"font-family:&quot;Calibri&quot;,sans-serif\"><a href=\"https:\/\/economia.uol.com.br\/noticias\/estadao-conteudo\/2022\/12\/07\/com-dado-da-1-semana-do-mes-producao-ultrapassa-a-de-2021-diz-anfavea.htm\" style=\"color:blue; text-decoration:underline\"><span style=\"font-size:14.0pt\">Com dado da 1&ordf; semana do m&ecirc;s, produ&ccedil;&atilde;o ultrapassa a de 2021, diz Anfavea<\/span><\/a><\/span><\/span><\/span><\/p>\r\n\r\n<p style=\"text-align:justify\"><span style=\"font-size:11pt\"><span style=\"line-height:normal\"><span style=\"font-family:&quot;Calibri&quot;,sans-serif\"><a href=\"https:\/\/agenciadenoticias.ibge.gov.br\/agencia-sala-de-imprensa\/2013-agencia-de-noticias\/releases\/35812-em-outubro-industria-avanca-em-seis-dos-15-locais-pesquisados\" style=\"color:blue; text-decoration:underline\"><span style=\"font-size:14.0pt\">Em outubro, ind&uacute;stria avan&ccedil;a em seis dos 15 locais pesquisados<\/span><\/a><\/span><\/span><\/span><\/p>\r\n\r\n<p style=\"text-align:justify\"><span style=\"font-size:11pt\"><span style=\"line-height:normal\"><span style=\"font-family:&quot;Calibri&quot;,sans-serif\"><a href=\"https:\/\/noticias.portaldaindustria.com.br\/noticias\/economia\/confianca-da-industria-cai-em-dezembro-pelo-terceiro-mes-seguido\/\" style=\"color:blue; text-decoration:underline\"><span style=\"font-size:14.0pt\">Confian&ccedil;a da ind&uacute;stria cai em dezembro pelo terceiro m&ecirc;s seguido<\/span><\/a><\/span><\/span><\/span><\/p>\r\n\r\n<p style=\"text-align:justify\"><span style=\"font-size:11pt\"><span style=\"line-height:normal\"><span style=\"font-family:&quot;Calibri&quot;,sans-serif\"><span style=\"font-size:14.0pt\"><a href=\"https:\/\/noticias.portaldaindustria.com.br\/noticias\/economia\/as-previsoes-da-industria-para-2023\/\" style=\"color:blue; text-decoration:underline\">CNI: As previs&otilde;es da ind&uacute;stria para 2023<\/a><\/span><\/span><\/span><\/span><\/p>\r\n\r\n<p style=\"text-align:justify\"><span style=\"font-size:11pt\"><span style=\"line-height:normal\"><span style=\"font-family:&quot;Calibri&quot;,sans-serif\"><a href=\"https:\/\/revlink.revistaanamaco.com.br\/cl\/POx3a\/CxP\/4816\/LCFJkUKAOaB\/BM-9\/G4be_mN0-u\/2\/\" style=\"color:blue; text-decoration:underline\" target=\"_blank\"><span style=\"font-size:14.0pt\">Expectativa regular na ind&uacute;stria de matcon<\/span><\/a><\/span><\/span><\/span><\/p>\r\n\r\n<p style=\"text-align:justify\"><span style=\"font-size:11pt\"><span style=\"line-height:normal\"><span style=\"font-family:&quot;Calibri&quot;,sans-serif\"><a href=\"https:\/\/revlink.revistaanamaco.com.br\/cl\/POx3a\/CxP\/4816\/LCFJkUKAOaB\/BM-9\/Lqm5fpUBTQ7\/2\/\" style=\"color:blue; text-decoration:underline\" target=\"_blank\"><span style=\"font-size:14.0pt\">Comerciantes mais confiantes em novembro<\/span><\/a><\/span><\/span><\/span><\/p>\r\n\r\n<p style=\"text-align:justify\"><span style=\"font-size:11pt\"><span style=\"line-height:normal\"><span style=\"font-family:&quot;Calibri&quot;,sans-serif\"><a href=\"https:\/\/www.moveisdevalor.com.br\/portal\/cenario-para-setor-de-moveis-sera-desafiador-em-2023?source=news\" style=\"color:blue; text-decoration:underline\"><span style=\"font-size:14.0pt\">Cen&aacute;rio para setor de m&oacute;veis ser&aacute; desafiador em 2023<\/span><\/a><\/span><\/span><\/span><\/p>\r\n\r\n<p class=\"MsoTitle\" style=\"text-align:justify\"><span style=\"font-size:28pt\"><span style=\"font-family:&quot;Cambria&quot;,serif\"><span style=\"letter-spacing:-0.5pt\"><b><span style=\"font-size:18.0pt\"><span style=\"font-family:&quot;Calibri&quot;,sans-serif\"><span style=\"font-variant:small-caps\">Sustentabilidade<\/span><\/span><\/span><\/b><\/span><\/span><\/span><\/p>\r\n\r\n<p style=\"text-align:justify\"><span style=\"font-size:11pt\"><span style=\"line-height:normal\"><span style=\"font-family:&quot;Calibri&quot;,sans-serif\"><a href=\"http:\/\/www.abiplast.org.br\/noticias\/producao-de-plasticos-reciclados-pos-consumo-cresce-143-no-brasil\/?utm_source=akna&amp;utm_medium=email&amp;utm_campaign=PLASTinforma-Dezembro-2022\" style=\"color:blue; text-decoration:underline\"><span style=\"font-size:14.0pt\">Produ&ccedil;&atilde;o de pl&aacute;sticos reciclados p&oacute;s-consumo cresce 14,3% no Brasil<\/span><\/a><\/span><\/span><\/span><\/p>\r\n\r\n<p style=\"text-align:justify\"><span style=\"font-size:11pt\"><span style=\"line-height:normal\"><span style=\"font-family:&quot;Calibri&quot;,sans-serif\"><a href=\"https:\/\/www.gov.br\/ana\/pt-br\/assuntos\/noticias-e-eventos\/noticias\/ana-publica-resolucao-que-disciplina-a-comprovacao-da-adocao-de-normas-de-referencia-para-o-saneamento-basico\" style=\"color:blue; text-decoration:underline\"><span style=\"font-size:14.0pt\">ANA publica Resolu&ccedil;&atilde;o que disciplina a comprova&ccedil;&atilde;o da ado&ccedil;&atilde;o de normas de refer&ecirc;ncia para o saneamento b&aacute;sico<\/span><\/a><\/span><\/span><\/span><\/p>\r\n\r\n<p style=\"text-align:justify\"><span style=\"font-size:11pt\"><span style=\"line-height:normal\"><span style=\"font-family:&quot;Calibri&quot;,sans-serif\"><a href=\"https:\/\/noticias.portaldaindustria.com.br\/noticias\/sustentabilidade\/industria-brasileira-participa-da-cop15-e-defende-metas-para-a-biodiversidade\/\" style=\"color:blue; text-decoration:underline\"><span style=\"font-size:14.0pt\">Dezembro: Ind&uacute;stria brasileira participa da COP15 e defende metas para a biodiversidade<\/span><\/a><\/span><\/span><\/span><\/p>\r\n\r\n<p style=\"text-align:justify\"><span style=\"font-size:11pt\"><span style=\"line-height:normal\"><span style=\"font-family:&quot;Calibri&quot;,sans-serif\"><a href=\"https:\/\/noticias.portaldaindustria.com.br\/noticias\/sustentabilidade\/saiba-qual-e-a-relacao-entre-as-conferencias-do-clima-e-da-biodiversidade\/\" style=\"color:blue; text-decoration:underline\"><span style=\"font-size:14.0pt\">Saiba qual &eacute; a rela&ccedil;&atilde;o entre as confer&ecirc;ncias do clima e da biodiversidade<\/span><\/a><\/span><\/span><\/span><\/p>\r\n\r\n<p class=\"MsoTitle\" style=\"text-align:justify\"><span style=\"font-size:28pt\"><span style=\"font-family:&quot;Cambria&quot;,serif\"><span style=\"letter-spacing:-0.5pt\"><b><span style=\"font-size:18.0pt\"><span style=\"font-family:&quot;Calibri&quot;,sans-serif\"><span style=\"font-variant:small-caps\">Inova&ccedil;&atilde;o<\/span><\/span><\/span><\/b><\/span><\/span><\/span><\/p>\r\n\r\n<p style=\"text-align:justify\"><span style=\"font-size:11pt\"><span style=\"line-height:normal\"><span style=\"font-family:&quot;Calibri&quot;,sans-serif\"><span class=\"MsoHyperlink\" style=\"color:blue\"><span style=\"text-decoration:underline\"><span style=\"font-size:14.0pt\"><a href=\"https:\/\/www.braskem.com.br\/detalhe-noticia\/braskem-se-une-a-greentown-labs-como-uma-parceira-gigawatt\" style=\"color:blue; text-decoration:underline\">Braskem se une &agrave; Greentown Labs como uma Parceira Gigawatt<\/a><\/span><\/span><\/span><\/span><\/span><\/span><\/p>\r\n\r\n<p style=\"text-align:justify\"><span style=\"font-size:11pt\"><span style=\"line-height:normal\"><span style=\"font-family:&quot;Calibri&quot;,sans-serif\"><span class=\"MsoHyperlink\" style=\"color:blue\"><span style=\"text-decoration:underline\"><span style=\"font-size:14.0pt\"><a href=\"https:\/\/textileindustry.ning.com\/forum\/topics\/senai-cetiqt-promoveu-webinar-de-inova-o-da-ind-stria-t-xtil\" style=\"color:blue; text-decoration:underline\">SENAI CETIQT promoveu webinar de inova&ccedil;&atilde;o da ind&uacute;stria t&ecirc;xtil entre Brasil e Alemanha<\/a><\/span><\/span><\/span><\/span><\/span><\/span><\/p>\r\n\r\n<p class=\"MsoTitleCxSpLast\" style=\"text-align:justify\"><span style=\"font-size:28pt\"><span style=\"font-family:&quot;Cambria&quot;,serif\"><span style=\"letter-spacing:-0.5pt\"><b><span style=\"font-size:18.0pt\"><span style=\"font-family:&quot;Calibri&quot;,sans-serif\"><span style=\"font-variant:small-caps\">Com&eacute;rcio Exterior<\/span><\/span><\/span><\/b><\/span><\/span><\/span><\/p>\r\n\r\n<p style=\"text-align:justify\"><span style=\"font-size:11pt\"><span style=\"line-height:normal\"><span style=\"font-family:&quot;Calibri&quot;,sans-serif\"><a href=\"https:\/\/www12.senado.leg.br\/noticias\/audios\/2022\/12\/parlasul-nelsinho-trad-defende-acordo-entre-mercosul-e-uniao-europeia\" style=\"color:blue; text-decoration:underline\"><span style=\"font-size:14.0pt\">Parlasul: Nelsinho Trad defende acordo entre Mercosul e Uni&atilde;o Europeia<\/span><\/a><\/span><\/span><\/span><\/p>\r\n\r\n<p style=\"text-align:justify\"><span style=\"font-size:11pt\"><span style=\"line-height:normal\"><span style=\"font-family:&quot;Calibri&quot;,sans-serif\"><a href=\"https:\/\/www.brasildefato.com.br\/2022\/12\/06\/argentina-assume-presidencia-do-mercosul-em-momento-de-tensao-com-uruguai\" style=\"color:blue; text-decoration:underline\"><span style=\"font-size:14.0pt\">Argentina assume presid&ecirc;ncia do Mercosul em momento de tens&atilde;o com Uruguai<\/span><\/a><\/span><\/span><\/span><\/p>\r\n\r\n<p style=\"text-align:justify\"><span style=\"font-size:11pt\"><span style=\"line-height:normal\"><span style=\"font-family:&quot;Calibri&quot;,sans-serif\"><a href=\"https:\/\/youtu.be\/9GZSoH3_WZw\" style=\"color:blue; text-decoration:underline\"><span style=\"font-size:14.0pt\">Audi&ecirc;ncia P&uacute;blica | Desenvolvimento Econ&ocirc;mico - Pol&iacute;tica de com&eacute;rcio exterior brasileira - 01\/12\/22<\/span><\/a><\/span><\/span><\/span><\/p>\r\n\r\n<p style=\"text-align:justify\"><span style=\"font-size:11pt\"><span style=\"line-height:normal\"><span style=\"font-family:&quot;Calibri&quot;,sans-serif\"><a href=\"http:\/\/transmail.ftrans01.com\/ZLFABRI?id=29813=JR4CVQVdAAgCGAYCDwBVVg0DUFNTAFwDBFEHClZeUVsHWgZSU1ILCFVSUQYMUFVdWlJNVwQPV0chAARRChIZVhQFHAdFGAkPBlQGBQ1QV1IBXQYFV18MTwkVEkheSRhNFANcFloFUVUfAkdFWQ8SVAlLUlkLSWN\/JyAkai1ZXl0aFAE=&amp;fl=DhZGFUReFxZGE0QZXggDFl1XV1cVDlBcD08FVwlJWVwRER0RUhxMUF0BHlldFhJLWw1YWAdLS1YRDhRMF0sBFF9PSwpOSV9LXhNHXxUID0lMAElCDwpcHgQZFlcWEkQUDwwfD1YKFVZSEB4FCFNTSQpdBQNRUxRdBBYVXAESVlAKERwNQwk=\" style=\"color:blue; text-decoration:underline\" target=\"_blank\"><span style=\"font-size:14.0pt\">China reports 6.9% YoY growth in textile exports in Jan-Oct 2022<\/span><\/a><\/span><\/span><\/span><\/p>\r\n\r\n<p class=\"MsoTitle\" style=\"text-align:justify\"><span style=\"font-size:28pt\"><span style=\"font-family:&quot;Cambria&quot;,serif\"><span style=\"letter-spacing:-0.5pt\"><b><span style=\"font-size:18.0pt\"><span style=\"font-family:&quot;Calibri&quot;,sans-serif\"><span style=\"font-variant:small-caps\">Economia<\/span><\/span><\/span><\/b><\/span><\/span><\/span><\/p>\r\n\r\n<p style=\"text-align:justify\"><span style=\"font-size:11pt\"><span style=\"line-height:normal\"><span style=\"font-family:&quot;Calibri&quot;,sans-serif\"><a href=\"https:\/\/www.bcb.gov.br\/content\/focus\/focus\/R20221125.pdf\" style=\"color:blue; text-decoration:underline\"><span style=\"font-size:14.0pt\">Focus &ndash; Relat&oacute;rio de Mercado<\/span><\/a><\/span><\/span><\/span><\/p>\r\n\r\n<p style=\"text-align:justify\"><span style=\"font-size:11pt\"><span style=\"line-height:normal\"><span style=\"font-family:&quot;Calibri&quot;,sans-serif\"><a href=\"https:\/\/portalibre.fgv.br\/noticias\/barometros-globais-em-2022-desaceleracao-mundial-persiste\" style=\"color:blue; text-decoration:underline\"><span style=\"font-size:14.0pt\">Bar&ocirc;metros Globais em 2022: desacelera&ccedil;&atilde;o mundial persiste<\/span><\/a><\/span><\/span><\/span><\/p>\r\n\r\n<p style=\"text-align:justify\"><span style=\"font-size:11pt\"><span style=\"line-height:normal\"><span style=\"font-family:&quot;Calibri&quot;,sans-serif\"><a href=\"https:\/\/noticias.portaldaindustria.com.br\/noticias\/economia\/cni-preve-crescimento-do-pib-brasileiro-de-16-em-2023\/\" style=\"color:blue; text-decoration:underline\"><span style=\"font-size:14.0pt\">CNI prev&ecirc; crescimento do PIB brasileiro de 1,6% em 2023<\/span><\/a><\/span><\/span><\/span><\/p>\r\n\r\n<p style=\"text-align:justify\"><span style=\"font-size:11pt\"><span style=\"line-height:normal\"><span style=\"font-family:&quot;Calibri&quot;,sans-serif\"><a href=\"https:\/\/grandesconstrucoes.com.br\/Noticias\/Exibir\/sinduscon-sp-projeta-crescimento-de-7-para-o-pib-da-construcao-em-2022\" style=\"color:blue; text-decoration:underline\"><span style=\"font-size:14.0pt\">SindusCon-SP projeta crescimento de 7% para o PIB da constru&ccedil;&atilde;o em 2022<\/span><\/a><\/span><\/span><\/span><\/p>\r\n\r\n<p style=\"text-align:justify\"><span style=\"font-size:11pt\"><span style=\"line-height:normal\"><span style=\"font-family:&quot;Calibri&quot;,sans-serif\"><a href=\"https:\/\/agenciadenoticias.ibge.gov.br\/agencia-noticias\/2012-agencia-de-noticias\/noticias\/35805-custos-da-construcao-civil-desaceleram-para-0-15-em-novembro\" style=\"color:blue; text-decoration:underline\"><span style=\"font-size:14.0pt\">Custos da constru&ccedil;&atilde;o civil desaceleram para 0,15% em novembro<\/span><\/a><\/span><\/span><\/span><\/p>\r\n\r\n<p style=\"text-align:justify\"><span style=\"font-size:11pt\"><span style=\"line-height:normal\"><span style=\"font-family:&quot;Calibri&quot;,sans-serif\"><a href=\"https:\/\/youtu.be\/ND6z3asdWTE\" style=\"color:blue; text-decoration:underline\"><span style=\"font-size:14.0pt\">BID e Receita Federal | Tax Gap - Desafios para as Administra&ccedil;&otilde;es Tribut&aacute;rias no Brasil &ndash; 07\/12\/2022<\/span><\/a><\/span><\/span><\/span><\/p>\r\n\r\n<p style=\"text-align:justify\"><span style=\"font-size:11pt\"><span style=\"line-height:normal\"><span style=\"font-family:&quot;Calibri&quot;,sans-serif\"><a href=\"https:\/\/youtu.be\/mNuafMm-u-g\" style=\"color:blue; text-decoration:underline\"><span style=\"font-size:14.0pt\">BID e Receita Federal | Tax Gap - Desafios para as Administra&ccedil;&otilde;es Tribut&aacute;rias no Brasil &ndash; 08\/12\/2022<\/span><\/a><\/span><\/span><\/span><\/p>\r\n","6":"<p style=\"text-align:justify\"><span style=\"font-size:11pt\"><span style=\"line-height:normal\"><span style=\"font-family:&quot;Calibri&quot;,sans-serif\"><span style=\"font-size:14.0pt\">Esta &eacute; uma compila&ccedil;&atilde;o das not&iacute;cias mais relevantes para o setor, incluindo informa&ccedil;&otilde;es sobre acordos internacionais, economia brasileira, sustentabilidade e mat&eacute;rias primas, al&eacute;m de novidades do setor de N&atilde;otecidos e Tecidos T&eacute;cnicos.<\/span><\/span><\/span><\/span><\/p>\r\n\r\n<p class=\"MsoTitleCxSpMiddle\" style=\"text-align:justify\"><span style=\"font-size:28pt\"><span style=\"font-family:&quot;Cambria&quot;,serif\"><span style=\"letter-spacing:-0.5pt\"><b><span style=\"font-size:18.0pt\"><span style=\"font-family:&quot;Calibri&quot;,sans-serif\"><span style=\"font-variant:small-caps\">A&ccedil;&otilde;es da ABINT<\/span><\/span><\/span><\/b><\/span><\/span><\/span><\/p>\r\n\r\n<p class=\"MsoTitleCxSpLast\" style=\"text-align:justify\"><img height=\"506\" src=\"https:\/\/www.abint.org.br\/assets\/img\/editor\/premio-tcc-ic-2023-arte-1_202301181238491fFAwW96Yu.png\" width=\"506\" \/><\/p>\r\n\r\n<p style=\"text-align:justify\"><span style=\"font-size:11pt\"><span style=\"line-height:normal\"><span style=\"font-family:&quot;Calibri&quot;,sans-serif\"><strong><span style=\"font-size:14.0pt\"><span style=\"font-family:&quot;Calibri&quot;,sans-serif\">O CTG ABINT e a IGS BRASIL <\/span><\/span><\/strong><span style=\"font-size:14.0pt\">convidam aqueles que desenvolveram trabalhos acad&ecirc;micos relacionados aos geossint&eacute;ticos a participarem&nbsp;de mais uma edi&ccedil;&atilde;o do Pr&ecirc;mio TCC\/IC.<\/span><\/span><\/span><\/span><\/p>\r\n\r\n<p style=\"text-align:justify\"><span style=\"font-size:11pt\"><span style=\"line-height:normal\"><span style=\"font-family:&quot;Calibri&quot;,sans-serif\"><a href=\"https:\/\/abint.us2.list-manage.com\/track\/click?u=88818ac6bf44316570fc1bc2f&amp;id=46b014bcf1&amp;e=626265ad22\" style=\"color:blue; text-decoration:underline\" target=\"_blank\"><span style=\"font-size:14.0pt\"><span style=\"color:#007c89\">Mais informa&ccedil;&otilde;es e inscri&ccedil;&otilde;es<\/span><\/span><\/a><\/span><\/span><\/span><\/p>\r\n\r\n<p style=\"text-align:justify\">&nbsp;<\/p>\r\n\r\n<p style=\"text-align:justify\"><span style=\"font-size:11pt\"><span style=\"line-height:normal\"><span style=\"font-family:&quot;Calibri&quot;,sans-serif\"><b><span style=\"font-size:18.0pt\"><span style=\"font-variant:small-caps\">Eventos<\/span><\/span><\/b><\/span><\/span><\/span><\/p>\r\n\r\n<p style=\"text-align:justify\"><span style=\"font-size:11pt\"><span style=\"line-height:normal\"><span style=\"font-family:&quot;Calibri&quot;,sans-serif\"><b><span style=\"font-size:14.0pt\">Webinar ABNT | ESG e Indicadores de Sustentabilidade<\/span><\/b><span style=\"font-size:14.0pt\">, 14 a 16 de dezembro, 8h30 &agrave;s 12h30, online. <\/span><a href=\"https:\/\/abnlink.abnt.org.br\/cl\/POkyC\/FZi\/8195\/LCFJkUKAOaB\/BLNq\/IjtXd4SWxTy\/1\/\" style=\"color:blue; text-decoration:underline\"><span style=\"font-size:14.0pt\">Informa&ccedil;&otilde;es<\/span><\/a><\/span><\/span><\/span><\/p>\r\n\r\n<p style=\"text-align:justify\"><span style=\"font-size:11pt\"><span style=\"line-height:normal\"><span style=\"font-family:&quot;Calibri&quot;,sans-serif\"><b><span style=\"font-size:14.0pt\">FGV-IBRE | Semin&aacute;rio de Produtividade e Mercado de Trabalho<\/span><\/b><span style=\"font-size:14.0pt\">, 15 de dezembro, transmiss&atilde;o via YouTube. <\/span><a href=\"https:\/\/evento.fgv.br\/produtividadeemercadodetrabalho\/\" style=\"color:blue; text-decoration:underline\"><span style=\"font-size:14.0pt\">Informa&ccedil;&otilde;es<\/span><\/a> <\/span><\/span><\/span><\/p>\r\n\r\n<p class=\"MsoTitle\" style=\"text-align:justify\"><span style=\"font-size:28pt\"><span style=\"font-family:&quot;Cambria&quot;,serif\"><span style=\"letter-spacing:-0.5pt\"><b><span style=\"font-size:18.0pt\"><span style=\"font-family:&quot;Calibri&quot;,sans-serif\"><span style=\"font-variant:small-caps\">Setor<\/span><\/span><\/span><\/b><\/span><\/span><\/span><\/p>\r\n\r\n<p style=\"text-align:justify\"><span style=\"font-size:11pt\"><span style=\"line-height:normal\"><span style=\"font-family:&quot;Calibri&quot;,sans-serif\"><a href=\"https:\/\/www.textiletechnology.net\/technology\/news\/itma-2023-online-visitor-registration-opens-33269?utm_source=%2Fmeta%2Fnewsletter%2Fnewsletter&amp;utm_medium=newsletter&amp;utm_campaign=nl1042&amp;utm_term=0801b20e08c3242125d512808cd74302\" style=\"color:blue; text-decoration:underline\"><span style=\"font-size:14.0pt\">ITMA 2023 | Online visitor registration opens<\/span><\/a><\/span><\/span><\/span><\/p>\r\n\r\n<p style=\"text-align:justify\"><span style=\"font-size:11pt\"><span style=\"line-height:normal\"><span style=\"font-family:&quot;Calibri&quot;,sans-serif\"><a href=\"https:\/\/br.advfn.com\/jornal\/2022\/12\/exxonmobil-dobra-producao-de-polipropileno-em-baton-rouge\" style=\"color:blue; text-decoration:underline\"><span style=\"font-size:14.0pt\">ExxonMobil dobra produ&ccedil;&atilde;o de polipropileno em Baton Rouge<\/span><\/a><\/span><\/span><\/span><\/p>\r\n\r\n<p style=\"text-align:justify\"><span style=\"font-size:11pt\"><span style=\"line-height:normal\"><span style=\"font-family:&quot;Calibri&quot;,sans-serif\"><a href=\"https:\/\/www.textiletechnology.net\/technology\/news\/truetzschler-bu-card-clothing-expands-its-production-site-33280?utm_source=%2Fmeta%2Fnewsletter%2Fnewsletter&amp;utm_medium=newsletter&amp;utm_campaign=nl1044&amp;utm_term=0801b20e08c3242125d512808cd74302\" style=\"color:blue; text-decoration:underline\"><span style=\"font-size:14.0pt\">Tr&uuml;tzschler | BU Card Clothing expands its production site<\/span><\/a><\/span><\/span><\/span><\/p>\r\n\r\n<p style=\"text-align:justify\"><span style=\"font-size:11pt\"><span style=\"line-height:normal\"><span style=\"font-family:&quot;Calibri&quot;,sans-serif\"><a href=\"https:\/\/ecoregional.com.br\/destaque\/projetos-das-areas-da-agricultura-e-inovacao-vao-dividir-recursos-da-consulta-popular-no-vale-do-taquari\" style=\"color:blue; text-decoration:underline\"><span style=\"font-size:14.0pt\">Geomembranas: Projetos das &aacute;reas da Agricultura e Inova&ccedil;&atilde;o v&atilde;o dividir recursos da Consulta popular no Vale do Taquari (RS)<\/span><\/a><\/span><\/span><\/span><\/p>\r\n\r\n<p style=\"text-align:justify\"><span style=\"font-size:11pt\"><span style=\"line-height:normal\"><span style=\"font-family:&quot;Calibri&quot;,sans-serif\"><a href=\"https:\/\/www.technicaltextile.net\/news\/german-researchers-develop-solution-for-optimising-nonwoven-production-284517.html\" style=\"color:blue; text-decoration:underline\"><span style=\"font-size:14.0pt\">German researchers develop solution for optimising nonwoven production<\/span><\/a><\/span><\/span><\/span><\/p>\r\n\r\n<p style=\"text-align:justify\"><span style=\"font-size:11pt\"><span style=\"line-height:normal\"><span style=\"font-family:&quot;Calibri&quot;,sans-serif\"><a href=\"https:\/\/tissueonline.com.br\/referencia-na-producao-de-fraldas-de-marca-propria-drylock-quer-consolidar-atuacao-no-brasil\/?utm_campaign=newsletter_09122022_novo_modelo&amp;utm_medium=email&amp;utm_source=RD+Station\" style=\"color:blue; text-decoration:underline\"><span style=\"font-size:14.0pt\">Refer&ecirc;ncia na produ&ccedil;&atilde;o de fraldas de marca pr&oacute;pria, Drylock quer consolidar atua&ccedil;&atilde;o no Brasil<\/span><\/a><\/span><\/span><\/span><\/p>\r\n\r\n<p style=\"text-align:justify\"><span style=\"font-size:11pt\"><span style=\"line-height:normal\"><span style=\"font-family:&quot;Calibri&quot;,sans-serif\"><a href=\"https:\/\/revistatextil.com.br\/dupont-anuncia-um-novo-portfolio-global-de-fios-de-engenharia-kevlar\/\" style=\"color:blue; text-decoration:underline\"><span style=\"font-size:14.0pt\">DuPont anuncia um novo portf&oacute;lio global de fios de engenharia Kevlar&reg;<\/span><\/a><\/span><\/span><\/span><\/p>\r\n\r\n<p style=\"text-align:justify\"><span style=\"font-size:11pt\"><span style=\"line-height:normal\"><span style=\"font-family:&quot;Calibri&quot;,sans-serif\"><a href=\"https:\/\/www.textiletechnology.net\/technology\/news\/itmf-business-situation-worsens-33290?utm_source=%2Fmeta%2Fnewsletter%2Fnewsletter&amp;utm_medium=newsletter&amp;utm_campaign=nl1044&amp;utm_term=0801b20e08c3242125d512808cd74302\" style=\"color:blue; text-decoration:underline\"><span style=\"font-size:14.0pt\">ITMF | Business situation worsens<\/span><\/a><\/span><\/span><\/span><\/p>\r\n\r\n<p style=\"text-align:justify\"><span style=\"font-size:11pt\"><span style=\"line-height:normal\"><span style=\"font-family:&quot;Calibri&quot;,sans-serif\"><a href=\"https:\/\/app.rdstation.email\/mail\/ddc8fad3-6369-4f6f-aa9b-8dbd6359da65?utm_campaign=emkt_potencializee_-_07122022&amp;utm_medium=email&amp;utm_source=RD+Station\" style=\"color:blue; text-decoration:underline\"><span style=\"font-size:14.0pt\">Programa de Efici&ecirc;ncia Energ&eacute;tica recebe empresas do setor T&amp;C<\/span><\/a><\/span><\/span><\/span><\/p>\r\n\r\n<p style=\"text-align:justify\"><span style=\"font-size:11pt\"><span style=\"line-height:normal\"><span style=\"font-family:&quot;Calibri&quot;,sans-serif\"><a href=\"https:\/\/revista.moveisdevalor.com.br\/anuario\/2023\/\" style=\"color:blue; text-decoration:underline\"><span style=\"font-size:14.0pt\">Anu&aacute;rio de Colch&otilde;es Brasil 2023<\/span><\/a><\/span><\/span><\/span><\/p>\r\n\r\n<p class=\"MsoTitle\" style=\"text-align:justify\"><span style=\"font-size:28pt\"><span style=\"font-family:&quot;Cambria&quot;,serif\"><span style=\"letter-spacing:-0.5pt\"><b><span style=\"font-size:18.0pt\"><span style=\"font-family:&quot;Calibri&quot;,sans-serif\"><span style=\"font-variant:small-caps\">Ind&uacute;stria<\/span><\/span><\/span><\/b><\/span><\/span><\/span><\/p>\r\n\r\n<p style=\"text-align:justify\"><span style=\"font-size:11pt\"><span style=\"line-height:normal\"><span style=\"font-family:&quot;Calibri&quot;,sans-serif\"><a href=\"https:\/\/noticias.portaldaindustria.com.br\/noticias\/competitividade\/brasil-tem-primeiro-avanco-no-ranking-de-competitividade-em-12-anos\/\" style=\"color:blue; text-decoration:underline\"><span style=\"font-size:14.0pt\">Brasil tem primeiro avan&ccedil;o no ranking de competitividade em 12 anos<\/span><\/a><\/span><\/span><\/span><\/p>\r\n\r\n<p style=\"text-align:justify\"><span style=\"font-size:11pt\"><span style=\"line-height:normal\"><span style=\"font-family:&quot;Calibri&quot;,sans-serif\"><a href=\"https:\/\/grandesconstrucoes.com.br\/Noticias\/Exibir\/apos-dois-meses-de-queda-industria-cresce-03-revela-ibge?utm_source=akna&amp;utm_medium=email&amp;utm_campaign=Grandes-Construcoes-Informativo-841-08-12-2022&amp;utm_source=akna&amp;utm_medium=email&amp;utm_campaign=Grandes-Construcoes-Informativo-841-08-12-2022\" style=\"color:blue; text-decoration:underline\"><span style=\"font-size:14.0pt\">Ap&oacute;s dois meses de queda, ind&uacute;stria cresce 0,3%, revela IBGE<\/span><\/a><\/span><\/span><\/span><\/p>\r\n\r\n<p style=\"text-align:justify\"><span style=\"font-size:11pt\"><span style=\"line-height:normal\"><span style=\"font-family:&quot;Calibri&quot;,sans-serif\"><a href=\"https:\/\/economia.uol.com.br\/noticias\/estadao-conteudo\/2022\/12\/07\/com-dado-da-1-semana-do-mes-producao-ultrapassa-a-de-2021-diz-anfavea.htm\" style=\"color:blue; text-decoration:underline\"><span style=\"font-size:14.0pt\">Com dado da 1&ordf; semana do m&ecirc;s, produ&ccedil;&atilde;o ultrapassa a de 2021, diz Anfavea<\/span><\/a><\/span><\/span><\/span><\/p>\r\n\r\n<p style=\"text-align:justify\"><span style=\"font-size:11pt\"><span style=\"line-height:normal\"><span style=\"font-family:&quot;Calibri&quot;,sans-serif\"><a href=\"https:\/\/agenciadenoticias.ibge.gov.br\/agencia-sala-de-imprensa\/2013-agencia-de-noticias\/releases\/35812-em-outubro-industria-avanca-em-seis-dos-15-locais-pesquisados\" style=\"color:blue; text-decoration:underline\"><span style=\"font-size:14.0pt\">Em outubro, ind&uacute;stria avan&ccedil;a em seis dos 15 locais pesquisados<\/span><\/a><\/span><\/span><\/span><\/p>\r\n\r\n<p style=\"text-align:justify\"><span style=\"font-size:11pt\"><span style=\"line-height:normal\"><span style=\"font-family:&quot;Calibri&quot;,sans-serif\"><a href=\"https:\/\/noticias.portaldaindustria.com.br\/noticias\/economia\/confianca-da-industria-cai-em-dezembro-pelo-terceiro-mes-seguido\/\" style=\"color:blue; text-decoration:underline\"><span style=\"font-size:14.0pt\">Confian&ccedil;a da ind&uacute;stria cai em dezembro pelo terceiro m&ecirc;s seguido<\/span><\/a><\/span><\/span><\/span><\/p>\r\n\r\n<p style=\"text-align:justify\"><span style=\"font-size:11pt\"><span style=\"line-height:normal\"><span style=\"font-family:&quot;Calibri&quot;,sans-serif\"><span style=\"font-size:14.0pt\"><a href=\"https:\/\/noticias.portaldaindustria.com.br\/noticias\/economia\/as-previsoes-da-industria-para-2023\/\" style=\"color:blue; text-decoration:underline\">CNI: As previs&otilde;es da ind&uacute;stria para 2023<\/a><\/span><\/span><\/span><\/span><\/p>\r\n\r\n<p style=\"text-align:justify\"><span style=\"font-size:11pt\"><span style=\"line-height:normal\"><span style=\"font-family:&quot;Calibri&quot;,sans-serif\"><a href=\"https:\/\/revlink.revistaanamaco.com.br\/cl\/POx3a\/CxP\/4816\/LCFJkUKAOaB\/BM-9\/G4be_mN0-u\/2\/\" style=\"color:blue; text-decoration:underline\" target=\"_blank\"><span style=\"font-size:14.0pt\">Expectativa regular na ind&uacute;stria de matcon<\/span><\/a><\/span><\/span><\/span><\/p>\r\n\r\n<p style=\"text-align:justify\"><span style=\"font-size:11pt\"><span style=\"line-height:normal\"><span style=\"font-family:&quot;Calibri&quot;,sans-serif\"><a href=\"https:\/\/revlink.revistaanamaco.com.br\/cl\/POx3a\/CxP\/4816\/LCFJkUKAOaB\/BM-9\/Lqm5fpUBTQ7\/2\/\" style=\"color:blue; text-decoration:underline\" target=\"_blank\"><span style=\"font-size:14.0pt\">Comerciantes mais confiantes em novembro<\/span><\/a><\/span><\/span><\/span><\/p>\r\n\r\n<p style=\"text-align:justify\"><span style=\"font-size:11pt\"><span style=\"line-height:normal\"><span style=\"font-family:&quot;Calibri&quot;,sans-serif\"><a href=\"https:\/\/www.moveisdevalor.com.br\/portal\/cenario-para-setor-de-moveis-sera-desafiador-em-2023?source=news\" style=\"color:blue; text-decoration:underline\"><span style=\"font-size:14.0pt\">Cen&aacute;rio para setor de m&oacute;veis ser&aacute; desafiador em 2023<\/span><\/a><\/span><\/span><\/span><\/p>\r\n\r\n<p class=\"MsoTitle\" style=\"text-align:justify\"><span style=\"font-size:28pt\"><span style=\"font-family:&quot;Cambria&quot;,serif\"><span style=\"letter-spacing:-0.5pt\"><b><span style=\"font-size:18.0pt\"><span style=\"font-family:&quot;Calibri&quot;,sans-serif\"><span style=\"font-variant:small-caps\">Sustentabilidade<\/span><\/span><\/span><\/b><\/span><\/span><\/span><\/p>\r\n\r\n<p style=\"text-align:justify\"><span style=\"font-size:11pt\"><span style=\"line-height:normal\"><span style=\"font-family:&quot;Calibri&quot;,sans-serif\"><a href=\"http:\/\/www.abiplast.org.br\/noticias\/producao-de-plasticos-reciclados-pos-consumo-cresce-143-no-brasil\/?utm_source=akna&amp;utm_medium=email&amp;utm_campaign=PLASTinforma-Dezembro-2022\" style=\"color:blue; text-decoration:underline\"><span style=\"font-size:14.0pt\">Produ&ccedil;&atilde;o de pl&aacute;sticos reciclados p&oacute;s-consumo cresce 14,3% no Brasil<\/span><\/a><\/span><\/span><\/span><\/p>\r\n\r\n<p style=\"text-align:justify\"><span style=\"font-size:11pt\"><span style=\"line-height:normal\"><span style=\"font-family:&quot;Calibri&quot;,sans-serif\"><a href=\"https:\/\/www.gov.br\/ana\/pt-br\/assuntos\/noticias-e-eventos\/noticias\/ana-publica-resolucao-que-disciplina-a-comprovacao-da-adocao-de-normas-de-referencia-para-o-saneamento-basico\" style=\"color:blue; text-decoration:underline\"><span style=\"font-size:14.0pt\">ANA publica Resolu&ccedil;&atilde;o que disciplina a comprova&ccedil;&atilde;o da ado&ccedil;&atilde;o de normas de refer&ecirc;ncia para o saneamento b&aacute;sico<\/span><\/a><\/span><\/span><\/span><\/p>\r\n\r\n<p style=\"text-align:justify\"><span style=\"font-size:11pt\"><span style=\"line-height:normal\"><span style=\"font-family:&quot;Calibri&quot;,sans-serif\"><a href=\"https:\/\/noticias.portaldaindustria.com.br\/noticias\/sustentabilidade\/industria-brasileira-participa-da-cop15-e-defende-metas-para-a-biodiversidade\/\" style=\"color:blue; text-decoration:underline\"><span style=\"font-size:14.0pt\">Dezembro: Ind&uacute;stria brasileira participa da COP15 e defende metas para a biodiversidade<\/span><\/a><\/span><\/span><\/span><\/p>\r\n\r\n<p style=\"text-align:justify\"><span style=\"font-size:11pt\"><span style=\"line-height:normal\"><span style=\"font-family:&quot;Calibri&quot;,sans-serif\"><a href=\"https:\/\/noticias.portaldaindustria.com.br\/noticias\/sustentabilidade\/saiba-qual-e-a-relacao-entre-as-conferencias-do-clima-e-da-biodiversidade\/\" style=\"color:blue; text-decoration:underline\"><span style=\"font-size:14.0pt\">Saiba qual &eacute; a rela&ccedil;&atilde;o entre as confer&ecirc;ncias do clima e da biodiversidade<\/span><\/a><\/span><\/span><\/span><\/p>\r\n\r\n<p class=\"MsoTitle\" style=\"text-align:justify\"><span style=\"font-size:28pt\"><span style=\"font-family:&quot;Cambria&quot;,serif\"><span style=\"letter-spacing:-0.5pt\"><b><span style=\"font-size:18.0pt\"><span style=\"font-family:&quot;Calibri&quot;,sans-serif\"><span style=\"font-variant:small-caps\">Inova&ccedil;&atilde;o<\/span><\/span><\/span><\/b><\/span><\/span><\/span><\/p>\r\n\r\n<p style=\"text-align:justify\"><span style=\"font-size:11pt\"><span style=\"line-height:normal\"><span style=\"font-family:&quot;Calibri&quot;,sans-serif\"><span class=\"MsoHyperlink\" style=\"color:blue\"><span style=\"text-decoration:underline\"><span style=\"font-size:14.0pt\"><a href=\"https:\/\/www.braskem.com.br\/detalhe-noticia\/braskem-se-une-a-greentown-labs-como-uma-parceira-gigawatt\" style=\"color:blue; text-decoration:underline\">Braskem se une &agrave; Greentown Labs como uma Parceira Gigawatt<\/a><\/span><\/span><\/span><\/span><\/span><\/span><\/p>\r\n\r\n<p style=\"text-align:justify\"><span style=\"font-size:11pt\"><span style=\"line-height:normal\"><span style=\"font-family:&quot;Calibri&quot;,sans-serif\"><span class=\"MsoHyperlink\" style=\"color:blue\"><span style=\"text-decoration:underline\"><span style=\"font-size:14.0pt\"><a href=\"https:\/\/textileindustry.ning.com\/forum\/topics\/senai-cetiqt-promoveu-webinar-de-inova-o-da-ind-stria-t-xtil\" style=\"color:blue; text-decoration:underline\">SENAI CETIQT promoveu webinar de inova&ccedil;&atilde;o da ind&uacute;stria t&ecirc;xtil entre Brasil e Alemanha<\/a><\/span><\/span><\/span><\/span><\/span><\/span><\/p>\r\n\r\n<p class=\"MsoTitleCxSpLast\" style=\"text-align:justify\"><span style=\"font-size:28pt\"><span style=\"font-family:&quot;Cambria&quot;,serif\"><span style=\"letter-spacing:-0.5pt\"><b><span style=\"font-size:18.0pt\"><span style=\"font-family:&quot;Calibri&quot;,sans-serif\"><span style=\"font-variant:small-caps\">Com&eacute;rcio Exterior<\/span><\/span><\/span><\/b><\/span><\/span><\/span><\/p>\r\n\r\n<p style=\"text-align:justify\"><span style=\"font-size:11pt\"><span style=\"line-height:normal\"><span style=\"font-family:&quot;Calibri&quot;,sans-serif\"><a href=\"https:\/\/www12.senado.leg.br\/noticias\/audios\/2022\/12\/parlasul-nelsinho-trad-defende-acordo-entre-mercosul-e-uniao-europeia\" style=\"color:blue; text-decoration:underline\"><span style=\"font-size:14.0pt\">Parlasul: Nelsinho Trad defende acordo entre Mercosul e Uni&atilde;o Europeia<\/span><\/a><\/span><\/span><\/span><\/p>\r\n\r\n<p style=\"text-align:justify\"><span style=\"font-size:11pt\"><span style=\"line-height:normal\"><span style=\"font-family:&quot;Calibri&quot;,sans-serif\"><a href=\"https:\/\/www.brasildefato.com.br\/2022\/12\/06\/argentina-assume-presidencia-do-mercosul-em-momento-de-tensao-com-uruguai\" style=\"color:blue; text-decoration:underline\"><span style=\"font-size:14.0pt\">Argentina assume presid&ecirc;ncia do Mercosul em momento de tens&atilde;o com Uruguai<\/span><\/a><\/span><\/span><\/span><\/p>\r\n\r\n<p style=\"text-align:justify\"><span style=\"font-size:11pt\"><span style=\"line-height:normal\"><span style=\"font-family:&quot;Calibri&quot;,sans-serif\"><a href=\"https:\/\/youtu.be\/9GZSoH3_WZw\" style=\"color:blue; text-decoration:underline\"><span style=\"font-size:14.0pt\">Audi&ecirc;ncia P&uacute;blica | Desenvolvimento Econ&ocirc;mico - Pol&iacute;tica de com&eacute;rcio exterior brasileira - 01\/12\/22<\/span><\/a><\/span><\/span><\/span><\/p>\r\n\r\n<p style=\"text-align:justify\"><span style=\"font-size:11pt\"><span style=\"line-height:normal\"><span style=\"font-family:&quot;Calibri&quot;,sans-serif\"><a href=\"http:\/\/transmail.ftrans01.com\/ZLFABRI?id=29813=JR4CVQVdAAgCGAYCDwBVVg0DUFNTAFwDBFEHClZeUVsHWgZSU1ILCFVSUQYMUFVdWlJNVwQPV0chAARRChIZVhQFHAdFGAkPBlQGBQ1QV1IBXQYFV18MTwkVEkheSRhNFANcFloFUVUfAkdFWQ8SVAlLUlkLSWN\/JyAkai1ZXl0aFAE=&amp;fl=DhZGFUReFxZGE0QZXggDFl1XV1cVDlBcD08FVwlJWVwRER0RUhxMUF0BHlldFhJLWw1YWAdLS1YRDhRMF0sBFF9PSwpOSV9LXhNHXxUID0lMAElCDwpcHgQZFlcWEkQUDwwfD1YKFVZSEB4FCFNTSQpdBQNRUxRdBBYVXAESVlAKERwNQwk=\" style=\"color:blue; text-decoration:underline\" target=\"_blank\"><span style=\"font-size:14.0pt\">China reports 6.9% YoY growth in textile exports in Jan-Oct 2022<\/span><\/a><\/span><\/span><\/span><\/p>\r\n\r\n<p class=\"MsoTitle\" style=\"text-align:justify\"><span style=\"font-size:28pt\"><span style=\"font-family:&quot;Cambria&quot;,serif\"><span style=\"letter-spacing:-0.5pt\"><b><span style=\"font-size:18.0pt\"><span style=\"font-family:&quot;Calibri&quot;,sans-serif\"><span style=\"font-variant:small-caps\">Economia<\/span><\/span><\/span><\/b><\/span><\/span><\/span><\/p>\r\n\r\n<p style=\"text-align:justify\"><span style=\"font-size:11pt\"><span style=\"line-height:normal\"><span style=\"font-family:&quot;Calibri&quot;,sans-serif\"><a href=\"https:\/\/www.bcb.gov.br\/content\/focus\/focus\/R20221125.pdf\" style=\"color:blue; text-decoration:underline\"><span style=\"font-size:14.0pt\">Focus &ndash; Relat&oacute;rio de Mercado<\/span><\/a><\/span><\/span><\/span><\/p>\r\n\r\n<p style=\"text-align:justify\"><span style=\"font-size:11pt\"><span style=\"line-height:normal\"><span style=\"font-family:&quot;Calibri&quot;,sans-serif\"><a href=\"https:\/\/portalibre.fgv.br\/noticias\/barometros-globais-em-2022-desaceleracao-mundial-persiste\" style=\"color:blue; text-decoration:underline\"><span style=\"font-size:14.0pt\">Bar&ocirc;metros Globais em 2022: desacelera&ccedil;&atilde;o mundial persiste<\/span><\/a><\/span><\/span><\/span><\/p>\r\n\r\n<p style=\"text-align:justify\"><span style=\"font-size:11pt\"><span style=\"line-height:normal\"><span style=\"font-family:&quot;Calibri&quot;,sans-serif\"><a href=\"https:\/\/noticias.portaldaindustria.com.br\/noticias\/economia\/cni-preve-crescimento-do-pib-brasileiro-de-16-em-2023\/\" style=\"color:blue; text-decoration:underline\"><span style=\"font-size:14.0pt\">CNI prev&ecirc; crescimento do PIB brasileiro de 1,6% em 2023<\/span><\/a><\/span><\/span><\/span><\/p>\r\n\r\n<p style=\"text-align:justify\"><span style=\"font-size:11pt\"><span style=\"line-height:normal\"><span style=\"font-family:&quot;Calibri&quot;,sans-serif\"><a href=\"https:\/\/grandesconstrucoes.com.br\/Noticias\/Exibir\/sinduscon-sp-projeta-crescimento-de-7-para-o-pib-da-construcao-em-2022\" style=\"color:blue; text-decoration:underline\"><span style=\"font-size:14.0pt\">SindusCon-SP projeta crescimento de 7% para o PIB da constru&ccedil;&atilde;o em 2022<\/span><\/a><\/span><\/span><\/span><\/p>\r\n\r\n<p style=\"text-align:justify\"><span style=\"font-size:11pt\"><span style=\"line-height:normal\"><span style=\"font-family:&quot;Calibri&quot;,sans-serif\"><a href=\"https:\/\/agenciadenoticias.ibge.gov.br\/agencia-noticias\/2012-agencia-de-noticias\/noticias\/35805-custos-da-construcao-civil-desaceleram-para-0-15-em-novembro\" style=\"color:blue; text-decoration:underline\"><span style=\"font-size:14.0pt\">Custos da constru&ccedil;&atilde;o civil desaceleram para 0,15% em novembro<\/span><\/a><\/span><\/span><\/span><\/p>\r\n\r\n<p style=\"text-align:justify\"><span style=\"font-size:11pt\"><span style=\"line-height:normal\"><span style=\"font-family:&quot;Calibri&quot;,sans-serif\"><a href=\"https:\/\/youtu.be\/ND6z3asdWTE\" style=\"color:blue; text-decoration:underline\"><span style=\"font-size:14.0pt\">BID e Receita Federal | Tax Gap - Desafios para as Administra&ccedil;&otilde;es Tribut&aacute;rias no Brasil &ndash; 07\/12\/2022<\/span><\/a><\/span><\/span><\/span><\/p>\r\n\r\n<p style=\"text-align:justify\"><span style=\"font-size:11pt\"><span style=\"line-height:normal\"><span style=\"font-family:&quot;Calibri&quot;,sans-serif\"><a href=\"https:\/\/youtu.be\/mNuafMm-u-g\" style=\"color:blue; text-decoration:underline\"><span style=\"font-size:14.0pt\">BID e Receita Federal | Tax Gap - Desafios para as Administra&ccedil;&otilde;es Tribut&aacute;rias no Brasil &ndash; 08\/12\/2022<\/span><\/a><\/span><\/span><\/span><\/p>\r\n","texto_en":"","7":"","imagem":"COMP_banner-padrao-home-destaques-boletim-2022_20230118124244NboOtUfdMP.jpg","8":"COMP_banner-padrao-home-destaques-boletim-2022_20230118124244NboOtUfdMP.jpg","arquivo":"20221213-NOTICIAS-SEMANAIS.PDF","9":"20221213-NOTICIAS-SEMANAIS.PDF","titulo_arquivo":"","10":"","titulo_arquivo_en":"","11":"","created_at":"2023-01-18 12:42:53","12":"2023-01-18 12:42:53","updated_at":"2023-01-18 12:42:53","13":"2023-01-18 12:42:53"},{"id":46,"0":46,"ordem":177,"1":177,"data":"2022-12-06","2":"2022-12-06","slug":"boletim-de-noticias-semanais-43","3":"boletim-de-noticias-semanais-43","titulo":"Boletim de Not\u00edcias Semanais","4":"Boletim de Not\u00edcias Semanais","titulo_en":"","5":"","texto":"<p style=\"text-align:justify\"><span style=\"font-size:11pt\"><span style=\"line-height:normal\"><span calibri=\"\" style=\"font-family:\"><span style=\"font-size:14.0pt\">Esta &eacute; uma compila&ccedil;&atilde;o das not&iacute;cias mais relevantes para o setor, incluindo informa&ccedil;&otilde;es sobre acordos internacionais, economia brasileira, sustentabilidade e mat&eacute;rias primas, al&eacute;m de novidades do setor de N&atilde;otecidos e Tecidos T&eacute;cnicos.<\/span><\/span><\/span><\/span><\/p>\r\n\r\n<p class=\"MsoTitleCxSpMiddle\" style=\"text-align:justify\"><span style=\"font-size:28pt\"><span cambria=\"\" style=\"font-family:\"><span style=\"letter-spacing:-0.5pt\"><b><span style=\"font-size:18.0pt\"><span calibri=\"\" style=\"font-family:\"><span style=\"font-variant:small-caps\">A&ccedil;&otilde;es da ABINT<\/span><\/span><\/span><\/b><\/span><\/span><\/span><\/p>\r\n\r\n<p class=\"MsoTitleCxSpMiddle\" style=\"text-align:justify\"><img height=\"500\" src=\"https:\/\/www.abint.org.br\/assets\/img\/editor\/live-abms-29-03-2022_20221208200028DcMouozg0O.jpeg\" width=\"500\" \/><\/p>\r\n\r\n<p style=\"text-align:justify\"><span style=\"font-size:11pt\"><span style=\"line-height:normal\"><span calibri=\"\" style=\"font-family:\"><span style=\"font-size:14.0pt\"><span calibri=\"\" style=\"font-family:\">A <\/span><\/span><strong><span style=\"font-size:14.0pt\"><span calibri=\"\" style=\"font-family:\">18&ordf; Palestra Milton Vargas da ABMS<\/span><\/span><\/strong><span style=\"font-size:14.0pt\"> (2022) ser&aacute; ministrada pelo <strong><span calibri=\"\" style=\"font-family:\">Prof. Luis Edmundo Prado de Campos<\/span><\/strong> no dia <strong><span calibri=\"\" style=\"font-family:\">8 de dezembro, &agrave;s 19 horas, no Canal ABMS do YouTube.<\/span><\/strong><\/span><\/span><\/span><\/span><\/p>\r\n\r\n<p style=\"text-align:justify\"><span style=\"font-size:11pt\"><span style=\"line-height:normal\"><span calibri=\"\" style=\"font-family:\"><span style=\"font-size:14.0pt\">Engenheiro civil pela UFBA e mestre em geotecnia pela PUC-Rio, o Prof. Luis Edmundo &eacute; coordenador do Laborat&oacute;rio de Geotecnia da UFBA e diretor da Escola Polit&eacute;cnica, al&eacute;m de presidir o CREA-BA e ocupar o cargo de CEO na LEPC Consultoria Geot&eacute;cnica.<\/span><\/span><\/span><\/span><\/p>\r\n\r\n<p style=\"text-align:justify\"><span style=\"font-size:11pt\"><span style=\"line-height:normal\"><span calibri=\"\" style=\"font-family:\"><span style=\"font-size:14.0pt\">Nesta palestra, falar&aacute; sobre o tema &ldquo;Conten&ccedil;&otilde;es - Tipos e Aplica&ccedil;&otilde;es&rdquo;, no qual &eacute; especialista, abordando os diversos tipos de conten&ccedil;&otilde;es, suas aplica&ccedil;&otilde;es, funcionalidades, conceitos de dimensionamento preliminar e casos de obras.<\/span><\/span><\/span><\/span><\/p>\r\n\r\n<p style=\"text-align:justify\"><span style=\"font-size:11pt\"><span style=\"line-height:normal\"><span calibri=\"\" style=\"font-family:\"><span style=\"font-size:14.0pt\">Desde 2005 a Palestra Milton Vargas &eacute; proferida anualmente por um profissional renomado da comunidade geot&eacute;cnica brasileira, levando temas da pr&aacute;tica da geotecnia a jovens engenheiros, estudantes e pesquisadores.<\/span><\/span><\/span><\/span><\/p>\r\n\r\n<p class=\"MsoTitleCxSpMiddle\" style=\"text-align:justify\"><b><span style=\"font-size:14.0pt\"><span style=\"line-height:115%\"><span calibri=\"\" style=\"font-family:\">Acesse <\/span><\/span><\/span><\/b><span style=\"font-size:11.0pt\"><span style=\"line-height:115%\"><span calibri=\"\" style=\"font-family:\"><a href=\"https:\/\/abint.us2.list-manage.com\/track\/click?u=88818ac6bf44316570fc1bc2f&amp;id=65681aa913&amp;e=626265ad22\" style=\"color:blue; text-decoration:underline\" target=\"_blank\"><b><span style=\"font-size:14.0pt\"><span style=\"line-height:115%\"><span style=\"color:#007c89\">https:\/\/www.youtube.com\/c\/CanalABMS<\/span><\/span><\/span><\/b><\/a><\/span><\/span><\/span><b><span style=\"font-size:14.0pt\"><span style=\"line-height:115%\"><span calibri=\"\" style=\"font-family:\"> e participe!<\/span><\/span><\/span><\/b><\/p>\r\n\r\n<p class=\"MsoTitleCxSpMiddle\" style=\"text-align:justify\">&nbsp;<\/p>\r\n\r\n<p class=\"MsoTitleCxSpMiddle\" style=\"text-align:justify\"><img height=\"500\" src=\"https:\/\/www.abint.org.br\/assets\/img\/editor\/post-ciclo-qualidade-2022_20221208200213Y03ToR3DFj.png\" width=\"500\" \/><\/p>\r\n\r\n<p class=\"MsoTitleCxSpMiddle\" style=\"text-align:justify\">&nbsp;<\/p>\r\n\r\n<p style=\"text-align:justify\"><span style=\"font-size:11pt\"><span style=\"line-height:normal\"><span calibri=\"\" style=\"font-family:\"><span style=\"font-size:14.0pt\">No <\/span><b><span style=\"font-size:14.0pt\">dia12\/12, &agrave;s 18h<\/span><\/b><span style=\"font-size:14.0pt\">, vamos reunir especialistas para debater sobre a &ldquo;<b>Durabilidade dos Geossint&eacute;ticos&rdquo;<\/b>.<\/span><\/span><\/span><\/span><\/p>\r\n\r\n<p style=\"text-align:justify\"><span style=\"font-size:11pt\"><span style=\"line-height:normal\"><span calibri=\"\" style=\"font-family:\"><span style=\"font-size:14.0pt\">O evento &eacute; parte do movimento <b>&ldquo;Ciclo da Qualidade em Geossint&eacute;ticos&rdquo;<\/b>, criado pelo CTG e pelo IGS para enfatizar a import&acirc;ncia da conformidade no que tange aos geossint&eacute;ticos em todos os aspectos: desde a fabrica&ccedil;&atilde;o, passando por normas e as diversas aplica&ccedil;&otilde;es.<\/span><\/span><\/span><\/span><\/p>\r\n\r\n<p style=\"text-align:justify\"><span style=\"font-size:11pt\"><span style=\"line-height:normal\"><span calibri=\"\" style=\"font-family:\"><b><span style=\"font-size:14.0pt\">A transmiss&atilde;o ser&aacute; aberta e gratuita, pelo canal do Youtube da Geotecnia Brasil: <\/span><\/b><a href=\"https:\/\/youtu.be\/5n3El_-Ky88\" style=\"color:blue; text-decoration:underline\"><b><span style=\"font-size:14.0pt\">https:\/\/youtu.be\/5n3El_-Ky88<\/span><\/b><\/a><\/span><\/span><\/span><\/p>\r\n\r\n<p class=\"MsoTitleCxSpLast\" style=\"text-align:justify\">&nbsp;<\/p>\r\n\r\n<p class=\"MsoTitleCxSpLast\" style=\"text-align:justify\"><img height=\"500\" src=\"https:\/\/www.abint.org.br\/assets\/img\/editor\/premio-tcc-ic-2023-arte-1_20221208200350fmyfanz8BD.png\" width=\"500\" \/><\/p>\r\n\r\n<p style=\"text-align:justify\"><span style=\"font-size:11pt\"><span style=\"line-height:normal\"><span calibri=\"\" style=\"font-family:\"><strong><span style=\"font-size:14.0pt\"><span calibri=\"\" style=\"font-family:\">O CTG ABINT e a IGS BRASIL <\/span><\/span><\/strong><span style=\"font-size:14.0pt\">convidam aqueles que desenvolveram trabalhos acad&ecirc;micos relacionados aos geossint&eacute;ticos a participarem&nbsp;de mais uma edi&ccedil;&atilde;o do Pr&ecirc;mio TCC\/IC.<\/span><\/span><\/span><\/span><\/p>\r\n\r\n<p style=\"text-align:justify\"><span style=\"font-size:11pt\"><span style=\"line-height:normal\"><span calibri=\"\" style=\"font-family:\"><a href=\"https:\/\/abint.us2.list-manage.com\/track\/click?u=88818ac6bf44316570fc1bc2f&amp;id=46b014bcf1&amp;e=626265ad22\" style=\"color:blue; text-decoration:underline\" target=\"_blank\"><span style=\"font-size:14.0pt\"><span style=\"color:#007c89\">Mais informa&ccedil;&otilde;es e inscri&ccedil;&otilde;es<\/span><\/span><\/a><\/span><\/span><\/span><\/p>\r\n\r\n<p style=\"text-align:justify\">&nbsp;<\/p>\r\n\r\n<p style=\"text-align:justify\"><span style=\"font-size:11pt\"><span style=\"line-height:normal\"><span calibri=\"\" style=\"font-family:\"><b><span style=\"font-size:18.0pt\"><span style=\"font-variant:small-caps\">Eventos<\/span><\/span><\/b><\/span><\/span><\/span><\/p>\r\n\r\n<p style=\"text-align:justify\"><span style=\"font-size:11pt\"><span style=\"line-height:normal\"><span calibri=\"\" style=\"font-family:\"><b><span style=\"font-size:14.0pt\">GO Wipes Europe Conference<\/span><\/b><span style=\"font-size:14.0pt\">, 7 &amp; 8 December 2022, Amsterdam, The Netherlands. <\/span><a href=\"https:\/\/www.go-wipes.com\/home\" style=\"color:blue; text-decoration:underline\"><span style=\"font-size:14.0pt\">Informa&ccedil;&otilde;es<\/span><\/a><\/span><\/span><\/span><\/p>\r\n\r\n<p style=\"text-align:justify\"><span style=\"font-size:11pt\"><span style=\"line-height:normal\"><span calibri=\"\" style=\"font-family:\"><b><span style=\"font-size:14.0pt\">FGV-IBRE | IV Semin&aacute;rio de An&aacute;lise Conjuntural<\/span><\/b><span style=\"font-size:14.0pt\">, 08 de dezembro, transmiss&atilde;o via YouTube. <\/span><a href=\"https:\/\/evento.fgv.br\/seminariodeanaliseconjuntural_0812\/\" style=\"color:blue; text-decoration:underline\"><span style=\"font-size:14.0pt\">Informa&ccedil;&otilde;es<\/span><\/a><\/span><\/span><\/span><\/p>\r\n\r\n<p style=\"text-align:justify\"><span style=\"font-size:11pt\"><span style=\"line-height:normal\"><span calibri=\"\" style=\"font-family:\"><b><span style=\"font-size:14.0pt\">Webinar ABNT | ESG e Indicadores de Sustentabilidade<\/span><\/b><span style=\"font-size:14.0pt\">, 14 a 16 de dezembro, 8h30 &agrave;s 12h30, online. <\/span><a href=\"https:\/\/abnlink.abnt.org.br\/cl\/POkyC\/FZi\/8195\/LCFJkUKAOaB\/BLNq\/IjtXd4SWxTy\/1\/\" style=\"color:blue; text-decoration:underline\"><span style=\"font-size:14.0pt\">Informa&ccedil;&otilde;es<\/span><\/a><\/span><\/span><\/span><\/p>\r\n\r\n<p style=\"text-align:justify\"><span style=\"font-size:11pt\"><span style=\"line-height:normal\"><span calibri=\"\" style=\"font-family:\"><b><span style=\"font-size:14.0pt\">FGV-IBRE | Semin&aacute;rio de Produtividade e Mercado de Trabalho<\/span><\/b><span style=\"font-size:14.0pt\">, 15 de dezembro, transmiss&atilde;o via YouTube. <\/span><a href=\"https:\/\/evento.fgv.br\/produtividadeemercadodetrabalho\/\" style=\"color:blue; text-decoration:underline\"><span style=\"font-size:14.0pt\">Informa&ccedil;&otilde;es<\/span><\/a> <\/span><\/span><\/span><\/p>\r\n\r\n<p class=\"MsoTitle\" style=\"text-align:justify\"><span style=\"font-size:28pt\"><span cambria=\"\" style=\"font-family:\"><span style=\"letter-spacing:-0.5pt\"><b><span style=\"font-size:18.0pt\"><span calibri=\"\" style=\"font-family:\"><span style=\"font-variant:small-caps\">Setor<\/span><\/span><\/span><\/b><\/span><\/span><\/span><\/p>\r\n\r\n<p style=\"text-align:justify\"><span style=\"font-size:11pt\"><span style=\"line-height:normal\"><span calibri=\"\" style=\"font-family:\"><a href=\"https:\/\/animaseg.com.br\/mercado-de-epi-encerrara-2022-com-aumento-de-11\/?d=96543616&amp;utm_source=leadlovers&amp;utm_medium=email&amp;utm_campaign=&amp;utm_content=CIRCULAR%20I%20Mercado%20de%20EPI%20encerrar%202022%20com%2011%25%20de%20aumento\" style=\"color:blue; text-decoration:underline\"><span style=\"font-size:14.0pt\">Mercado de EPI encerrar&aacute; 2022 com aumento de 11%<\/span><\/a><\/span><\/span><\/span><\/p>\r\n\r\n<p style=\"text-align:justify\"><span style=\"font-size:11pt\"><span style=\"line-height:normal\"><span calibri=\"\" style=\"font-family:\"><a href=\"https:\/\/www.nonwovens-industry.com\/contents\/view_breaking-news\/2022-12-04\/casstevens-joins-fibertex-nonwovens\/\" style=\"color:blue; text-decoration:underline\"><span style=\"font-size:14.0pt\">Casstevens Joins Fibertex Nonwovens<\/span><\/a><\/span><\/span><\/span><\/p>\r\n\r\n<p style=\"text-align:justify\"><span style=\"font-size:11pt\"><span style=\"line-height:normal\"><span calibri=\"\" style=\"font-family:\"><a href=\"https:\/\/www.technicaltextile.net\/news\/freudenberg-installs-photovoltaic-panels-on-nantong-factory-roof-284323.html\" style=\"color:blue; text-decoration:underline\"><span style=\"font-size:14.0pt\">Freudenberg installs photovoltaic panels on Nantong factory roof<\/span><\/a><\/span><\/span><\/span><\/p>\r\n\r\n<p style=\"text-align:justify\"><span style=\"font-size:11pt\"><span style=\"line-height:normal\"><span calibri=\"\" style=\"font-family:\"><a href=\"https:\/\/www.textiletechnology.net\/fibers\/news\/ivl-award-for-best-sustainable-product-33219?utm_source=%2Fmeta%2Fnewsletter%2Fnewsletter&amp;utm_medium=newsletter&amp;utm_campaign=nl1032&amp;utm_term=0801b20e08c3242125d512808cd74302\" style=\"color:blue; text-decoration:underline\"><span style=\"font-size:14.0pt\">IVL | Award for &lsquo;Best Sustainable Product&rsquo;<\/span><\/a><\/span><\/span><\/span><\/p>\r\n\r\n<p style=\"text-align:justify\"><span style=\"font-size:11pt\"><span style=\"line-height:normal\"><span calibri=\"\" style=\"font-family:\"><a href=\"https:\/\/www.textiletechnology.net\/technology\/news\/euratex-disappointment-over-ec-price-cap-on-gas-33200?utm_source=%2Fmeta%2Fnewsletter%2Fnewsletter&amp;utm_medium=newsletter&amp;utm_campaign=nl1032&amp;utm_term=0801b20e08c3242125d512808cd74302\" style=\"color:blue; text-decoration:underline\"><span style=\"font-size:14.0pt\">Euratex | Disappointment over EC price cap on gas<\/span><\/a><\/span><\/span><\/span><\/p>\r\n\r\n<p style=\"text-align:justify\"><span style=\"font-size:11pt\"><span style=\"line-height:normal\"><span calibri=\"\" style=\"font-family:\"><a href=\"https:\/\/www.textiletechnology.net\/technology\/trendreports\/chemical-fibers-international-42022-gasoline-market-disruptions-impact-polyester-chain-33178?utm_source=%2Fmeta%2Fnewsletter%2Fnewsletter&amp;utm_medium=newsletter&amp;utm_campaign=nl1033&amp;utm_term=0801b20e08c3242125d512808cd74302\" style=\"color:blue; text-decoration:underline\"><span style=\"font-size:14.0pt\">Gasoline market disruptions impact polyester chain<\/span><\/a><\/span><\/span><\/span><\/p>\r\n\r\n<p style=\"text-align:justify\"><span style=\"font-size:11pt\"><span style=\"line-height:normal\"><span calibri=\"\" style=\"font-family:\"><a href=\"https:\/\/www.dgabc.com.br\/Noticia\/3898045\/braskem-apresenta-projetos-para-polo-petroquimico\" style=\"color:blue; text-decoration:underline\"><span style=\"font-size:14.0pt\">Braskem apresenta projetos para Polo Petroqu&iacute;mico<\/span><\/a><\/span><\/span><\/span><\/p>\r\n\r\n<p style=\"text-align:justify\"><span style=\"font-size:11pt\"><span style=\"line-height:normal\"><span calibri=\"\" style=\"font-family:\"><a href=\"https:\/\/www.agrolink.com.br\/noticias\/tanque-para-criacao-de-camarao-precisa-ser-de-boa-qualidade_473518.html\" style=\"color:blue; text-decoration:underline\"><span style=\"font-size:14.0pt\">Geomembrana: tanque para cria&ccedil;&atilde;o de camar&atilde;o precisa ser de boa qualidade<\/span><\/a><\/span><\/span><\/span><\/p>\r\n\r\n<p style=\"text-align:justify\"><span style=\"font-size:11pt\"><span style=\"line-height:normal\"><span calibri=\"\" style=\"font-family:\"><a href=\"https:\/\/tribunadaregiao.com.br\/noticias\/artigo\/aterro-sanitario-de-rancho-alegre-do-oeste-recebe-duas-novas-valas\" style=\"color:blue; text-decoration:underline\"><span style=\"font-size:14.0pt\">Geomembrana: aterro Sanit&aacute;rio de Rancho Alegre do Oeste (PR) recebe duas novas valas<\/span><\/a><\/span><\/span><\/span><\/p>\r\n\r\n<p style=\"text-align:justify\"><span style=\"font-size:11pt\"><span style=\"line-height:normal\"><span calibri=\"\" style=\"font-family:\"><a href=\"https:\/\/www.fibre2fashion.com\/news\/textile-news\/itma-2023-to-gather-over-1k-exhibitors-from-42-countries-in-milan-284424-newsdetails.htm\" style=\"color:blue; text-decoration:underline\"><span style=\"font-size:14.0pt\">ITMA 2023 to gather over 1K exhibitors from 42 countries in Milan<\/span><\/a><\/span><\/span><\/span><\/p>\r\n\r\n<p class=\"MsoTitle\" style=\"text-align:justify\"><span style=\"font-size:28pt\"><span cambria=\"\" style=\"font-family:\"><span style=\"letter-spacing:-0.5pt\"><b><span style=\"font-size:18.0pt\"><span calibri=\"\" style=\"font-family:\"><span style=\"font-variant:small-caps\">Ind&uacute;stria<\/span><\/span><\/span><\/b><\/span><\/span><\/span><\/p>\r\n\r\n<p style=\"text-align:justify\"><span style=\"font-size:11pt\"><span style=\"line-height:normal\"><span calibri=\"\" style=\"font-family:\"><a href=\"https:\/\/www.autodata.com.br\/noticias\/2022\/12\/01\/novembro-alcanca-segundo-maior-volume-de-vendas-do-ano\/49229\/\" style=\"color:blue; text-decoration:underline\"><span style=\"font-size:14.0pt\">Anfavea: novembro alcan&ccedil;a segundo maior volume de vendas do ano<\/span><\/a><\/span><\/span><\/span><\/p>\r\n\r\n<p style=\"text-align:justify\"><span style=\"font-size:11pt\"><span style=\"line-height:normal\"><span calibri=\"\" style=\"font-family:\"><a href=\"https:\/\/www.meiofiltrante.com.br\/Noticia\/110095\/abrafiltros-tem-nova-diretoria-para-o-trienio-2023-2025\" style=\"color:blue; text-decoration:underline\"><span style=\"font-size:14.0pt\">ABRAFILTROS tem nova diretoria para o tri&ecirc;nio 2023-2025<\/span><\/a><\/span><\/span><\/span><\/p>\r\n\r\n<p style=\"text-align:justify\"><span style=\"font-size:11pt\"><span style=\"line-height:normal\"><span calibri=\"\" style=\"font-family:\"><a href=\"https:\/\/www.meiofiltrante.com.br\/Noticia\/110100\/eficiencia-do-meio-filtrante-e-o-que-vale-mais-nos-testes-dos-filtros\" style=\"color:blue; text-decoration:underline\"><span style=\"font-size:14.0pt\">Efici&ecirc;ncia do meio filtrante &eacute; o que vale mais nos testes dos filtros<\/span><\/a><\/span><\/span><\/span><\/p>\r\n\r\n<p style=\"text-align:justify\"><span style=\"font-size:11pt\"><span style=\"line-height:normal\"><span calibri=\"\" style=\"font-family:\">&nbsp;<a href=\"https:\/\/grandesconstrucoes.com.br\/Noticias\/Exibir\/mercado-de-trabalho-da-construcao-civil-perdeu-forca-em-outubro-de-2022\" style=\"color:blue; text-decoration:underline\"><span style=\"font-size:14.0pt\">Mercado de trabalho da constru&ccedil;&atilde;o civil perdeu for&ccedil;a em outubro de 2022<\/span><\/a><\/span><\/span><\/span><\/p>\r\n\r\n<p style=\"text-align:justify\"><span style=\"font-size:11pt\"><span style=\"line-height:normal\"><span calibri=\"\" style=\"font-family:\"><a href=\"https:\/\/grandesconstrucoes.com.br\/Noticias\/Exibir\/pib-da-construcao-cresce-11-no-terceiro-trimestre\" style=\"color:blue; text-decoration:underline\"><span style=\"font-size:14.0pt\">PIB da constru&ccedil;&atilde;o cresce 1,1% no terceiro trimestre<\/span><\/a><\/span><\/span><\/span><\/p>\r\n\r\n<p style=\"text-align:justify\"><span style=\"font-size:11pt\"><span style=\"line-height:normal\"><span calibri=\"\" style=\"font-family:\"><a href=\"file:\/\/\/C:\/Users\/cristiane\/Downloads\/Grupos%20de%20infraestrutura%20fundam%20associa\u00e7\u00e3o\" style=\"color:blue; text-decoration:underline\"><span style=\"font-size:14.0pt\">Grupos de infraestrutura fundam associa&ccedil;&atilde;o<\/span><\/a><\/span><\/span><\/span><\/p>\r\n\r\n<p style=\"text-align:justify\"><span style=\"font-size:11pt\"><span style=\"line-height:normal\"><span calibri=\"\" style=\"font-family:\"><a href=\"https:\/\/hospitalmed.com.br\/portal\/2022\/11\/somando-r-20-bi-em-transacoes-setor-de-saude-atrai-investidores\/\" style=\"color:blue; text-decoration:underline\"><span style=\"font-size:14.0pt\">Somando R$ 20 bi em transa&ccedil;&otilde;es, setor de sa&uacute;de atrai investidores<\/span><\/a><\/span><\/span><\/span><\/p>\r\n\r\n<p style=\"text-align:justify\"><span style=\"font-size:11pt\"><span style=\"line-height:normal\"><span calibri=\"\" style=\"font-family:\"><a href=\"https:\/\/www.noticiasaominuto.com\/economia\/2124679\/atividade-da-industria-transformadora-da-china-volta-a-contrair\" style=\"color:blue; text-decoration:underline\"><span style=\"font-size:14.0pt\">Atividade da ind&uacute;stria transformadora da China volta a contrair<\/span><\/a><\/span><\/span><\/span><\/p>\r\n\r\n<p class=\"MsoTitle\" style=\"text-align:justify\"><span style=\"font-size:28pt\"><span cambria=\"\" style=\"font-family:\"><span style=\"letter-spacing:-0.5pt\"><b><span style=\"font-size:18.0pt\"><span calibri=\"\" style=\"font-family:\"><span style=\"font-variant:small-caps\">Sustentabilidade<\/span><\/span><\/span><\/b><\/span><\/span><\/span><\/p>\r\n\r\n<p style=\"text-align:justify\"><span style=\"font-size:11pt\"><span style=\"line-height:normal\"><span calibri=\"\" style=\"font-family:\"><a href=\"https:\/\/grandesconstrucoes.com.br\/Noticias\/Exibir\/esg-na-construcao-civil\" style=\"color:blue; text-decoration:underline\"><span style=\"font-size:14.0pt\">ESG na constru&ccedil;&atilde;o civil<\/span><\/a><\/span><\/span><\/span><\/p>\r\n\r\n<p style=\"text-align:justify\"><span style=\"font-size:11pt\"><span style=\"line-height:normal\"><span calibri=\"\" style=\"font-family:\"><a href=\"https:\/\/fcem.com.br\/noticias\/esg-valor-alem-do-lucro\/?utm_campaign=febratex_news_021222&amp;utm_medium=email&amp;utm_source=RD+Station\" style=\"color:blue; text-decoration:underline\"><span style=\"font-size:14.0pt\">ESG: valor al&eacute;m do lucro<\/span><\/a><\/span><\/span><\/span><\/p>\r\n\r\n<p style=\"text-align:justify\"><span style=\"font-size:11pt\"><span style=\"line-height:normal\"><span calibri=\"\" style=\"font-family:\"><a href=\"https:\/\/www.bloomberglinea.com.br\/2022\/12\/01\/braskem-desenvolve-tecnologia-inedita-para-o-processo-de-reciclagem-avancada\/\" style=\"color:blue; text-decoration:underline\"><span style=\"font-size:14.0pt\">Pl&aacute;sticos: tecnologia in&eacute;dita para o processo de reciclagem avan&ccedil;ada<\/span><\/a><\/span><\/span><\/span><\/p>\r\n\r\n<p style=\"text-align:justify\"><span style=\"font-size:11pt\"><span style=\"line-height:normal\"><span calibri=\"\" style=\"font-family:\"><a href=\"https:\/\/plasticosemrevista.com.br\/pet-infraestrutura-precaria-nao-inibe-crescimento-da-reciclagem\/\" style=\"color:blue; text-decoration:underline\"><span style=\"font-size:14.0pt\">PET: infraestrutura prec&aacute;ria n&atilde;o inibe crescimento da reciclagem<\/span><\/a><\/span><\/span><\/span><\/p>\r\n\r\n<p style=\"text-align:justify\"><span style=\"font-size:11pt\"><span style=\"line-height:normal\"><span calibri=\"\" style=\"font-family:\"><a href=\"https:\/\/www.jornaldenegocios.pt\/sustentabilidade\/ambiental\/detalhe\/ce-propoe-certificacao-de-remocoes-de-carbono-para-atingir-neutralidade-carbonica\" style=\"color:blue; text-decoration:underline\"><span style=\"font-size:14.0pt\">CE prop&otilde;e certifica&ccedil;&atilde;o de remo&ccedil;&otilde;es de carbono para atingir neutralidade carb&oacute;nica<\/span><\/a><\/span><\/span><\/span><\/p>\r\n\r\n<p style=\"text-align:justify\"><span style=\"font-size:11pt\"><span style=\"line-height:normal\"><span calibri=\"\" style=\"font-family:\"><a href=\"https:\/\/www.textiletechnology.net\/technology\/news\/freudenberg-pm-further-step-reducing-the-co2-emissions-at-china-site-33224?utm_source=%2Fmeta%2Fnewsletter%2Fnewsletter&amp;utm_medium=newsletter&amp;utm_campaign=nl1034&amp;utm_term=0801b20e08c3242125d512808cd74302\" style=\"color:blue; text-decoration:underline\"><span style=\"font-size:14.0pt\">Freudenberg PM | Further step reducing the CO2 emissions at China site<\/span><\/a><\/span><\/span><\/span><\/p>\r\n\r\n<p style=\"text-align:justify\"><span style=\"font-size:11pt\"><span style=\"line-height:normal\"><span calibri=\"\" style=\"font-family:\"><a href=\"https:\/\/www.textiletechnology.net\/technology\/news\/truetzschlervalrius-360-high-quality-recycled-yarn-production-drives-circularity-33230?utm_source=%2Fmeta%2Fnewsletter%2Fnewsletter&amp;utm_medium=newsletter&amp;utm_campaign=nl1034&amp;utm_term=0801b20e08c3242125d512808cd74302\" style=\"color:blue; text-decoration:underline\"><span style=\"font-size:14.0pt\">Tr&uuml;tzschler\/Val&eacute;rius 360 | High-quality recycled yarn production drives circularity<\/span><\/a><\/span><\/span><\/span><\/p>\r\n\r\n<p style=\"text-align:justify\"><span style=\"font-size:11pt\"><span style=\"line-height:normal\"><span calibri=\"\" style=\"font-family:\"><a href=\"https:\/\/www.textiletechnology.net\/fibers\/commentary\/chemical-fibers-international-42022-5-theses-on-textile-recycling-that-call-for-correction-33167?utm_source=%2Fmeta%2Fnewsletter%2Fnewsletter&amp;utm_medium=newsletter&amp;utm_campaign=nl1032&amp;utm_term=0801b20e08c3242125d512808cd74302\" style=\"color:blue; text-decoration:underline\"><span style=\"font-size:14.0pt\">5 theses on textile recycling that call for correction<\/span><\/a><\/span><\/span><\/span><\/p>\r\n\r\n<p class=\"MsoTitle\" style=\"text-align:justify\"><span style=\"font-size:28pt\"><span cambria=\"\" style=\"font-family:\"><span style=\"letter-spacing:-0.5pt\"><b><span style=\"font-size:18.0pt\"><span calibri=\"\" style=\"font-family:\"><span style=\"font-variant:small-caps\">Inova&ccedil;&atilde;o<\/span><\/span><\/span><\/b><\/span><\/span><\/span><\/p>\r\n\r\n<p style=\"text-align:justify\"><span style=\"font-size:11pt\"><span style=\"line-height:normal\"><span calibri=\"\" style=\"font-family:\"><a href=\"https:\/\/thenexus.one\/como-os-cientistas-planejam-reciclar-o-lixo-plastico-no-espaco\/\" style=\"color:blue; text-decoration:underline\"><span style=\"font-size:14.0pt\">Como os cientistas planejam reciclar o lixo pl&aacute;stico no espa&ccedil;o<\/span><\/a><\/span><\/span><\/span><\/p>\r\n\r\n<p style=\"text-align:justify\"><span style=\"font-size:11pt\"><span style=\"line-height:normal\"><span calibri=\"\" style=\"font-family:\"><a href=\"https:\/\/www.gov.br\/ana\/pt-br\/assuntos\/noticias-e-eventos\/noticias\/ana-e-abdi-firmam-acordo-de-cooperacao-tecnica-para-premios-de-inovacao\" style=\"color:blue; text-decoration:underline\"><span style=\"font-size:14.0pt\">ANA e ABDI firmam acordo de coopera&ccedil;&atilde;o t&eacute;cnica para pr&ecirc;mios de inova&ccedil;&atilde;o<\/span><\/a><\/span><\/span><\/span><\/p>\r\n\r\n<p style=\"text-align:justify\"><span style=\"font-size:11pt\"><span style=\"line-height:normal\"><span calibri=\"\" style=\"font-family:\"><a href=\"https:\/\/www.innovationintextiles.com\/fibres-yarns-fabrics\/monomaterials-for-auto-interiors\/\" style=\"color:blue; text-decoration:underline\"><span style=\"font-size:14.0pt\">Monomaterials for auto interiors<\/span><\/a><\/span><\/span><\/span><\/p>\r\n\r\n<p class=\"MsoTitleCxSpLast\" style=\"text-align:justify\"><span style=\"font-size:28pt\"><span cambria=\"\" style=\"font-family:\"><span style=\"letter-spacing:-0.5pt\"><b><span style=\"font-size:18.0pt\"><span calibri=\"\" style=\"font-family:\"><span style=\"font-variant:small-caps\">Com&eacute;rcio Exterior<\/span><\/span><\/span><\/b><\/span><\/span><\/span><\/p>\r\n\r\n<p style=\"text-align:justify\"><span style=\"font-size:11pt\"><span style=\"line-height:normal\"><span calibri=\"\" style=\"font-family:\"><a href=\"https:\/\/www.gov.br\/pt-br\/noticias\/financas-impostos-e-gestao-publica\/2022\/12\/balanca-comercial-tem-superavit-de-us-6-675-bilhoes-em-novembro\" style=\"color:blue; text-decoration:underline\"><span style=\"font-size:14.0pt\">Balan&ccedil;a comercial tem super&aacute;vit de US$ 6675 bilh&otilde;es em novembro<\/span><\/a><\/span><\/span><\/span><\/p>\r\n\r\n<p style=\"text-align:justify\"><span style=\"font-size:11pt\"><span style=\"line-height:normal\"><span calibri=\"\" style=\"font-family:\"><a href=\"https:\/\/g1.globo.com\/economia\/noticia\/2022\/11\/30\/mercosul-brasil-argentina-e-paraguai-divulgam-nota-sobre-possivel-pedido-de-adesao-do-uruguai-a-parceria-transpacifica.ghtml\" style=\"color:blue; text-decoration:underline\"><span style=\"font-size:14.0pt\">Mercosul: Brasil, Argentina e Paraguai enviam alerta ao Uruguai ap&oacute;s pa&iacute;s agir individualmente por acordos comerciais<\/span><\/a><\/span><\/span><\/span><\/p>\r\n\r\n<p style=\"text-align:justify\"><span style=\"font-size:11pt\"><span style=\"line-height:normal\"><span calibri=\"\" style=\"font-family:\"><a href=\"https:\/\/exclusivo.com.br\/_conteudo\/negocios\/2022\/11\/29\/assintecal-promove-primeira-missao-de-sustentabilidade-nos-eua.html?utm_campaign=News+30%2F11%2F2022&amp;utm_content=Assintecal+promove+primeira+miss%C3%A3o+de+sustentabilidade+nos+EUA+-+Jornal+Exclusivo+%283%29&amp;utm_medium=email&amp;utm_source=EmailMarketing&amp;utm_term=News+30%2F11%2F2022\" style=\"color:blue; text-decoration:underline\"><span style=\"font-size:14.0pt\">Assintecal promove primeira miss&atilde;o de sustentabilidade nos EUA<\/span><\/a><\/span><\/span><\/span><\/p>\r\n\r\n<p style=\"text-align:justify\"><span style=\"font-size:11pt\"><span style=\"line-height:normal\"><span calibri=\"\" style=\"font-family:\"><a href=\"http:\/\/abimovel.com\/apexbrasil-e-abimovel-renovam-convenio-com-investimento-de-r-336-milhoes-para-promocao-internacional\/?utm_campaign=apexbrasil_e_abimovel_renovam_convenio_com_investimento_de_r_336_milhoes_para_promocao_internacional&amp;utm_medium=email&amp;utm_source=RD+Station\" style=\"color:blue; text-decoration:underline\"><span style=\"font-size:14.0pt\">ApexBrasil e ABIM&Oacute;VEL renovam conv&ecirc;nio com investimento de R$ 33,6 milh&otilde;es para promo&ccedil;&atilde;o internacional<\/span><\/a><\/span><\/span><\/span><\/p>\r\n\r\n<p class=\"MsoTitle\" style=\"text-align:justify\"><span style=\"font-size:28pt\"><span cambria=\"\" style=\"font-family:\"><span style=\"letter-spacing:-0.5pt\"><b><span style=\"font-size:18.0pt\"><span calibri=\"\" style=\"font-family:\"><span style=\"font-variant:small-caps\">Economia<\/span><\/span><\/span><\/b><\/span><\/span><\/span><\/p>\r\n\r\n<p style=\"text-align:justify\"><span style=\"font-size:11pt\"><span style=\"line-height:normal\"><span calibri=\"\" style=\"font-family:\"><a href=\"https:\/\/www.bcb.gov.br\/content\/focus\/focus\/R20221125.pdf\" style=\"color:blue; text-decoration:underline\"><span style=\"font-size:14.0pt\">Focus &ndash; Relat&oacute;rio de Mercado<\/span><\/a><\/span><\/span><\/span><\/p>\r\n\r\n<p style=\"text-align:justify\"><span style=\"font-size:11pt\"><span style=\"line-height:normal\"><span calibri=\"\" style=\"font-family:\"><a href=\"https:\/\/www.fiesp.com.br\/noticias\/pib-cresce-no-3o-trimestre-mas-ja-indica-perda-de-dinamismo\/\" style=\"color:blue; text-decoration:underline\"><span style=\"font-size:14.0pt\">PIB cresce no 3&ordm; trimestre, mas j&aacute; indica perda de dinamismo<\/span><\/a><\/span><\/span><\/span><\/p>\r\n\r\n<p style=\"text-align:justify\"><span style=\"font-size:11pt\"><span style=\"line-height:normal\"><span calibri=\"\" style=\"font-family:\"><a href=\"https:\/\/www.eiu.com\/n\/global-operational-risk-review-are-there-upside-risks\/?utm_source=mkt-newsletter&amp;utm_medium=email&amp;utm_campaign=foce&amp;utm_content=2-december-2022&amp;mkt_tok=NzUzLVJJUS00MzgAAAGIch0LKLWR61CZYTzaFd3Q8YRaqIEOzt9ZCpghVtbY791jRjB-esj14YNiLWmgYJGnJRiA0UNeAPIa0EC7VAPwNlT7a8KxaJfQZaYRHzudDTOeiA\" style=\"color:blue; text-decoration:underline\"><span style=\"font-size:14.0pt\">Global operational risk review&mdash;are there upside risks?<\/span><\/a><\/span><\/span><\/span><\/p>\r\n\r\n<p style=\"text-align:justify\"><span style=\"font-size:11pt\"><span style=\"line-height:normal\"><span calibri=\"\" style=\"font-family:\"><a href=\"https:\/\/ibre.fgv.br\/blog-da-conjuntura-economica\/artigos\/indefinicoes-no-campo-economico-para-2023-levam-queda-da\" style=\"color:blue; text-decoration:underline\"><span style=\"font-size:14.0pt\">Indefini&ccedil;&otilde;es no campo econ&ocirc;mico para 2023 levam a queda da confian&ccedil;a no setor da constru&ccedil;&atilde;o em novembro<\/span><\/a><\/span><\/span><\/span><\/p>\r\n\r\n<p style=\"text-align:justify\"><span style=\"font-size:11pt\"><span style=\"line-height:normal\"><span calibri=\"\" style=\"font-family:\"><a href=\"https:\/\/portalibre.fgv.br\/sites\/default\/files\/2022-11\/apresentacao-sintese-das-sondagens-novembro2022nfkgjs_0.pdf\" style=\"color:blue; text-decoration:underline\"><span style=\"font-size:14.0pt\">FGV-IBRE | Indicadores de Sentimento: Confian&ccedil;a e Incerteza - S&iacute;ntese dos Resultados de Novembro de 2022<\/span><\/a><\/span><\/span><\/span><\/p>\r\n\r\n<p style=\"text-align:justify\"><span style=\"font-size:11pt\"><span style=\"line-height:normal\"><span calibri=\"\" style=\"font-family:\"><a href=\"https:\/\/portalibre.fgv.br\/sites\/default\/files\/2022-12\/indicadores-de-mercado-de-trabalho-fgv_press-release_nov2296803kfn_0.pdf\" style=\"color:blue; text-decoration:underline\"><span style=\"font-size:14.0pt\">Indicador Antecedente de Emprego (IAEmp) do FGV IBRE caiu 6,7 pontos em novembro<\/span><\/a><\/span><\/span><\/span><\/p>\r\n\r\n<p style=\"text-align:justify\"><span style=\"font-size:11pt\"><span style=\"line-height:normal\"><span calibri=\"\" style=\"font-family:\"><a href=\"https:\/\/www.infomoney.com.br\/economia\/sentimento-economico-melhora-na-zona-do-euro-em-novembro-e-tem-primeira-alta-desde-fevereiro\/\" style=\"color:blue; text-decoration:underline\"><span style=\"font-size:14.0pt\">Sentimento econ&ocirc;mico melhora na Zona do Euro em novembro e tem primeira alta desde fevereiro<\/span><\/a><\/span><\/span><\/span><\/p>\r\n\r\n<p style=\"text-align:justify\"><span style=\"font-size:11pt\"><span style=\"line-height:normal\"><span calibri=\"\" style=\"font-family:\"><a href=\"https:\/\/observador.pt\/2022\/12\/02\/precos-na-producao-industrial-sobem-mais-de-30-na-zona-euro-e-na-ue-em-outubro\/\" style=\"color:blue; text-decoration:underline\"><span style=\"font-size:14.0pt\">Pre&ccedil;os na produ&ccedil;&atilde;o industrial sobem mais de 30% na zona euro e na UE em outubro<\/span><\/a><\/span><\/span><\/span><\/p>\r\n\r\n<p style=\"text-align:justify\">&nbsp;<\/p>\r\n","6":"<p style=\"text-align:justify\"><span style=\"font-size:11pt\"><span style=\"line-height:normal\"><span calibri=\"\" style=\"font-family:\"><span style=\"font-size:14.0pt\">Esta &eacute; uma compila&ccedil;&atilde;o das not&iacute;cias mais relevantes para o setor, incluindo informa&ccedil;&otilde;es sobre acordos internacionais, economia brasileira, sustentabilidade e mat&eacute;rias primas, al&eacute;m de novidades do setor de N&atilde;otecidos e Tecidos T&eacute;cnicos.<\/span><\/span><\/span><\/span><\/p>\r\n\r\n<p class=\"MsoTitleCxSpMiddle\" style=\"text-align:justify\"><span style=\"font-size:28pt\"><span cambria=\"\" style=\"font-family:\"><span style=\"letter-spacing:-0.5pt\"><b><span style=\"font-size:18.0pt\"><span calibri=\"\" style=\"font-family:\"><span style=\"font-variant:small-caps\">A&ccedil;&otilde;es da ABINT<\/span><\/span><\/span><\/b><\/span><\/span><\/span><\/p>\r\n\r\n<p class=\"MsoTitleCxSpMiddle\" style=\"text-align:justify\"><img height=\"500\" src=\"https:\/\/www.abint.org.br\/assets\/img\/editor\/live-abms-29-03-2022_20221208200028DcMouozg0O.jpeg\" width=\"500\" \/><\/p>\r\n\r\n<p style=\"text-align:justify\"><span style=\"font-size:11pt\"><span style=\"line-height:normal\"><span calibri=\"\" style=\"font-family:\"><span style=\"font-size:14.0pt\"><span calibri=\"\" style=\"font-family:\">A <\/span><\/span><strong><span style=\"font-size:14.0pt\"><span calibri=\"\" style=\"font-family:\">18&ordf; Palestra Milton Vargas da ABMS<\/span><\/span><\/strong><span style=\"font-size:14.0pt\"> (2022) ser&aacute; ministrada pelo <strong><span calibri=\"\" style=\"font-family:\">Prof. Luis Edmundo Prado de Campos<\/span><\/strong> no dia <strong><span calibri=\"\" style=\"font-family:\">8 de dezembro, &agrave;s 19 horas, no Canal ABMS do YouTube.<\/span><\/strong><\/span><\/span><\/span><\/span><\/p>\r\n\r\n<p style=\"text-align:justify\"><span style=\"font-size:11pt\"><span style=\"line-height:normal\"><span calibri=\"\" style=\"font-family:\"><span style=\"font-size:14.0pt\">Engenheiro civil pela UFBA e mestre em geotecnia pela PUC-Rio, o Prof. Luis Edmundo &eacute; coordenador do Laborat&oacute;rio de Geotecnia da UFBA e diretor da Escola Polit&eacute;cnica, al&eacute;m de presidir o CREA-BA e ocupar o cargo de CEO na LEPC Consultoria Geot&eacute;cnica.<\/span><\/span><\/span><\/span><\/p>\r\n\r\n<p style=\"text-align:justify\"><span style=\"font-size:11pt\"><span style=\"line-height:normal\"><span calibri=\"\" style=\"font-family:\"><span style=\"font-size:14.0pt\">Nesta palestra, falar&aacute; sobre o tema &ldquo;Conten&ccedil;&otilde;es - Tipos e Aplica&ccedil;&otilde;es&rdquo;, no qual &eacute; especialista, abordando os diversos tipos de conten&ccedil;&otilde;es, suas aplica&ccedil;&otilde;es, funcionalidades, conceitos de dimensionamento preliminar e casos de obras.<\/span><\/span><\/span><\/span><\/p>\r\n\r\n<p style=\"text-align:justify\"><span style=\"font-size:11pt\"><span style=\"line-height:normal\"><span calibri=\"\" style=\"font-family:\"><span style=\"font-size:14.0pt\">Desde 2005 a Palestra Milton Vargas &eacute; proferida anualmente por um profissional renomado da comunidade geot&eacute;cnica brasileira, levando temas da pr&aacute;tica da geotecnia a jovens engenheiros, estudantes e pesquisadores.<\/span><\/span><\/span><\/span><\/p>\r\n\r\n<p class=\"MsoTitleCxSpMiddle\" style=\"text-align:justify\"><b><span style=\"font-size:14.0pt\"><span style=\"line-height:115%\"><span calibri=\"\" style=\"font-family:\">Acesse <\/span><\/span><\/span><\/b><span style=\"font-size:11.0pt\"><span style=\"line-height:115%\"><span calibri=\"\" style=\"font-family:\"><a href=\"https:\/\/abint.us2.list-manage.com\/track\/click?u=88818ac6bf44316570fc1bc2f&amp;id=65681aa913&amp;e=626265ad22\" style=\"color:blue; text-decoration:underline\" target=\"_blank\"><b><span style=\"font-size:14.0pt\"><span style=\"line-height:115%\"><span style=\"color:#007c89\">https:\/\/www.youtube.com\/c\/CanalABMS<\/span><\/span><\/span><\/b><\/a><\/span><\/span><\/span><b><span style=\"font-size:14.0pt\"><span style=\"line-height:115%\"><span calibri=\"\" style=\"font-family:\"> e participe!<\/span><\/span><\/span><\/b><\/p>\r\n\r\n<p class=\"MsoTitleCxSpMiddle\" style=\"text-align:justify\">&nbsp;<\/p>\r\n\r\n<p class=\"MsoTitleCxSpMiddle\" style=\"text-align:justify\"><img height=\"500\" src=\"https:\/\/www.abint.org.br\/assets\/img\/editor\/post-ciclo-qualidade-2022_20221208200213Y03ToR3DFj.png\" width=\"500\" \/><\/p>\r\n\r\n<p class=\"MsoTitleCxSpMiddle\" style=\"text-align:justify\">&nbsp;<\/p>\r\n\r\n<p style=\"text-align:justify\"><span style=\"font-size:11pt\"><span style=\"line-height:normal\"><span calibri=\"\" style=\"font-family:\"><span style=\"font-size:14.0pt\">No <\/span><b><span style=\"font-size:14.0pt\">dia12\/12, &agrave;s 18h<\/span><\/b><span style=\"font-size:14.0pt\">, vamos reunir especialistas para debater sobre a &ldquo;<b>Durabilidade dos Geossint&eacute;ticos&rdquo;<\/b>.<\/span><\/span><\/span><\/span><\/p>\r\n\r\n<p style=\"text-align:justify\"><span style=\"font-size:11pt\"><span style=\"line-height:normal\"><span calibri=\"\" style=\"font-family:\"><span style=\"font-size:14.0pt\">O evento &eacute; parte do movimento <b>&ldquo;Ciclo da Qualidade em Geossint&eacute;ticos&rdquo;<\/b>, criado pelo CTG e pelo IGS para enfatizar a import&acirc;ncia da conformidade no que tange aos geossint&eacute;ticos em todos os aspectos: desde a fabrica&ccedil;&atilde;o, passando por normas e as diversas aplica&ccedil;&otilde;es.<\/span><\/span><\/span><\/span><\/p>\r\n\r\n<p style=\"text-align:justify\"><span style=\"font-size:11pt\"><span style=\"line-height:normal\"><span calibri=\"\" style=\"font-family:\"><b><span style=\"font-size:14.0pt\">A transmiss&atilde;o ser&aacute; aberta e gratuita, pelo canal do Youtube da Geotecnia Brasil: <\/span><\/b><a href=\"https:\/\/youtu.be\/5n3El_-Ky88\" style=\"color:blue; text-decoration:underline\"><b><span style=\"font-size:14.0pt\">https:\/\/youtu.be\/5n3El_-Ky88<\/span><\/b><\/a><\/span><\/span><\/span><\/p>\r\n\r\n<p class=\"MsoTitleCxSpLast\" style=\"text-align:justify\">&nbsp;<\/p>\r\n\r\n<p class=\"MsoTitleCxSpLast\" style=\"text-align:justify\"><img height=\"500\" src=\"https:\/\/www.abint.org.br\/assets\/img\/editor\/premio-tcc-ic-2023-arte-1_20221208200350fmyfanz8BD.png\" width=\"500\" \/><\/p>\r\n\r\n<p style=\"text-align:justify\"><span style=\"font-size:11pt\"><span style=\"line-height:normal\"><span calibri=\"\" style=\"font-family:\"><strong><span style=\"font-size:14.0pt\"><span calibri=\"\" style=\"font-family:\">O CTG ABINT e a IGS BRASIL <\/span><\/span><\/strong><span style=\"font-size:14.0pt\">convidam aqueles que desenvolveram trabalhos acad&ecirc;micos relacionados aos geossint&eacute;ticos a participarem&nbsp;de mais uma edi&ccedil;&atilde;o do Pr&ecirc;mio TCC\/IC.<\/span><\/span><\/span><\/span><\/p>\r\n\r\n<p style=\"text-align:justify\"><span style=\"font-size:11pt\"><span style=\"line-height:normal\"><span calibri=\"\" style=\"font-family:\"><a href=\"https:\/\/abint.us2.list-manage.com\/track\/click?u=88818ac6bf44316570fc1bc2f&amp;id=46b014bcf1&amp;e=626265ad22\" style=\"color:blue; text-decoration:underline\" target=\"_blank\"><span style=\"font-size:14.0pt\"><span style=\"color:#007c89\">Mais informa&ccedil;&otilde;es e inscri&ccedil;&otilde;es<\/span><\/span><\/a><\/span><\/span><\/span><\/p>\r\n\r\n<p style=\"text-align:justify\">&nbsp;<\/p>\r\n\r\n<p style=\"text-align:justify\"><span style=\"font-size:11pt\"><span style=\"line-height:normal\"><span calibri=\"\" style=\"font-family:\"><b><span style=\"font-size:18.0pt\"><span style=\"font-variant:small-caps\">Eventos<\/span><\/span><\/b><\/span><\/span><\/span><\/p>\r\n\r\n<p style=\"text-align:justify\"><span style=\"font-size:11pt\"><span style=\"line-height:normal\"><span calibri=\"\" style=\"font-family:\"><b><span style=\"font-size:14.0pt\">GO Wipes Europe Conference<\/span><\/b><span style=\"font-size:14.0pt\">, 7 &amp; 8 December 2022, Amsterdam, The Netherlands. <\/span><a href=\"https:\/\/www.go-wipes.com\/home\" style=\"color:blue; text-decoration:underline\"><span style=\"font-size:14.0pt\">Informa&ccedil;&otilde;es<\/span><\/a><\/span><\/span><\/span><\/p>\r\n\r\n<p style=\"text-align:justify\"><span style=\"font-size:11pt\"><span style=\"line-height:normal\"><span calibri=\"\" style=\"font-family:\"><b><span style=\"font-size:14.0pt\">FGV-IBRE | IV Semin&aacute;rio de An&aacute;lise Conjuntural<\/span><\/b><span style=\"font-size:14.0pt\">, 08 de dezembro, transmiss&atilde;o via YouTube. <\/span><a href=\"https:\/\/evento.fgv.br\/seminariodeanaliseconjuntural_0812\/\" style=\"color:blue; text-decoration:underline\"><span style=\"font-size:14.0pt\">Informa&ccedil;&otilde;es<\/span><\/a><\/span><\/span><\/span><\/p>\r\n\r\n<p style=\"text-align:justify\"><span style=\"font-size:11pt\"><span style=\"line-height:normal\"><span calibri=\"\" style=\"font-family:\"><b><span style=\"font-size:14.0pt\">Webinar ABNT | ESG e Indicadores de Sustentabilidade<\/span><\/b><span style=\"font-size:14.0pt\">, 14 a 16 de dezembro, 8h30 &agrave;s 12h30, online. <\/span><a href=\"https:\/\/abnlink.abnt.org.br\/cl\/POkyC\/FZi\/8195\/LCFJkUKAOaB\/BLNq\/IjtXd4SWxTy\/1\/\" style=\"color:blue; text-decoration:underline\"><span style=\"font-size:14.0pt\">Informa&ccedil;&otilde;es<\/span><\/a><\/span><\/span><\/span><\/p>\r\n\r\n<p style=\"text-align:justify\"><span style=\"font-size:11pt\"><span style=\"line-height:normal\"><span calibri=\"\" style=\"font-family:\"><b><span style=\"font-size:14.0pt\">FGV-IBRE | Semin&aacute;rio de Produtividade e Mercado de Trabalho<\/span><\/b><span style=\"font-size:14.0pt\">, 15 de dezembro, transmiss&atilde;o via YouTube. <\/span><a href=\"https:\/\/evento.fgv.br\/produtividadeemercadodetrabalho\/\" style=\"color:blue; text-decoration:underline\"><span style=\"font-size:14.0pt\">Informa&ccedil;&otilde;es<\/span><\/a> <\/span><\/span><\/span><\/p>\r\n\r\n<p class=\"MsoTitle\" style=\"text-align:justify\"><span style=\"font-size:28pt\"><span cambria=\"\" style=\"font-family:\"><span style=\"letter-spacing:-0.5pt\"><b><span style=\"font-size:18.0pt\"><span calibri=\"\" style=\"font-family:\"><span style=\"font-variant:small-caps\">Setor<\/span><\/span><\/span><\/b><\/span><\/span><\/span><\/p>\r\n\r\n<p style=\"text-align:justify\"><span style=\"font-size:11pt\"><span style=\"line-height:normal\"><span calibri=\"\" style=\"font-family:\"><a href=\"https:\/\/animaseg.com.br\/mercado-de-epi-encerrara-2022-com-aumento-de-11\/?d=96543616&amp;utm_source=leadlovers&amp;utm_medium=email&amp;utm_campaign=&amp;utm_content=CIRCULAR%20I%20Mercado%20de%20EPI%20encerrar%202022%20com%2011%25%20de%20aumento\" style=\"color:blue; text-decoration:underline\"><span style=\"font-size:14.0pt\">Mercado de EPI encerrar&aacute; 2022 com aumento de 11%<\/span><\/a><\/span><\/span><\/span><\/p>\r\n\r\n<p style=\"text-align:justify\"><span style=\"font-size:11pt\"><span style=\"line-height:normal\"><span calibri=\"\" style=\"font-family:\"><a href=\"https:\/\/www.nonwovens-industry.com\/contents\/view_breaking-news\/2022-12-04\/casstevens-joins-fibertex-nonwovens\/\" style=\"color:blue; text-decoration:underline\"><span style=\"font-size:14.0pt\">Casstevens Joins Fibertex Nonwovens<\/span><\/a><\/span><\/span><\/span><\/p>\r\n\r\n<p style=\"text-align:justify\"><span style=\"font-size:11pt\"><span style=\"line-height:normal\"><span calibri=\"\" style=\"font-family:\"><a href=\"https:\/\/www.technicaltextile.net\/news\/freudenberg-installs-photovoltaic-panels-on-nantong-factory-roof-284323.html\" style=\"color:blue; text-decoration:underline\"><span style=\"font-size:14.0pt\">Freudenberg installs photovoltaic panels on Nantong factory roof<\/span><\/a><\/span><\/span><\/span><\/p>\r\n\r\n<p style=\"text-align:justify\"><span style=\"font-size:11pt\"><span style=\"line-height:normal\"><span calibri=\"\" style=\"font-family:\"><a href=\"https:\/\/www.textiletechnology.net\/fibers\/news\/ivl-award-for-best-sustainable-product-33219?utm_source=%2Fmeta%2Fnewsletter%2Fnewsletter&amp;utm_medium=newsletter&amp;utm_campaign=nl1032&amp;utm_term=0801b20e08c3242125d512808cd74302\" style=\"color:blue; text-decoration:underline\"><span style=\"font-size:14.0pt\">IVL | Award for &lsquo;Best Sustainable Product&rsquo;<\/span><\/a><\/span><\/span><\/span><\/p>\r\n\r\n<p style=\"text-align:justify\"><span style=\"font-size:11pt\"><span style=\"line-height:normal\"><span calibri=\"\" style=\"font-family:\"><a href=\"https:\/\/www.textiletechnology.net\/technology\/news\/euratex-disappointment-over-ec-price-cap-on-gas-33200?utm_source=%2Fmeta%2Fnewsletter%2Fnewsletter&amp;utm_medium=newsletter&amp;utm_campaign=nl1032&amp;utm_term=0801b20e08c3242125d512808cd74302\" style=\"color:blue; text-decoration:underline\"><span style=\"font-size:14.0pt\">Euratex | Disappointment over EC price cap on gas<\/span><\/a><\/span><\/span><\/span><\/p>\r\n\r\n<p style=\"text-align:justify\"><span style=\"font-size:11pt\"><span style=\"line-height:normal\"><span calibri=\"\" style=\"font-family:\"><a href=\"https:\/\/www.textiletechnology.net\/technology\/trendreports\/chemical-fibers-international-42022-gasoline-market-disruptions-impact-polyester-chain-33178?utm_source=%2Fmeta%2Fnewsletter%2Fnewsletter&amp;utm_medium=newsletter&amp;utm_campaign=nl1033&amp;utm_term=0801b20e08c3242125d512808cd74302\" style=\"color:blue; text-decoration:underline\"><span style=\"font-size:14.0pt\">Gasoline market disruptions impact polyester chain<\/span><\/a><\/span><\/span><\/span><\/p>\r\n\r\n<p style=\"text-align:justify\"><span style=\"font-size:11pt\"><span style=\"line-height:normal\"><span calibri=\"\" style=\"font-family:\"><a href=\"https:\/\/www.dgabc.com.br\/Noticia\/3898045\/braskem-apresenta-projetos-para-polo-petroquimico\" style=\"color:blue; text-decoration:underline\"><span style=\"font-size:14.0pt\">Braskem apresenta projetos para Polo Petroqu&iacute;mico<\/span><\/a><\/span><\/span><\/span><\/p>\r\n\r\n<p style=\"text-align:justify\"><span style=\"font-size:11pt\"><span style=\"line-height:normal\"><span calibri=\"\" style=\"font-family:\"><a href=\"https:\/\/www.agrolink.com.br\/noticias\/tanque-para-criacao-de-camarao-precisa-ser-de-boa-qualidade_473518.html\" style=\"color:blue; text-decoration:underline\"><span style=\"font-size:14.0pt\">Geomembrana: tanque para cria&ccedil;&atilde;o de camar&atilde;o precisa ser de boa qualidade<\/span><\/a><\/span><\/span><\/span><\/p>\r\n\r\n<p style=\"text-align:justify\"><span style=\"font-size:11pt\"><span style=\"line-height:normal\"><span calibri=\"\" style=\"font-family:\"><a href=\"https:\/\/tribunadaregiao.com.br\/noticias\/artigo\/aterro-sanitario-de-rancho-alegre-do-oeste-recebe-duas-novas-valas\" style=\"color:blue; text-decoration:underline\"><span style=\"font-size:14.0pt\">Geomembrana: aterro Sanit&aacute;rio de Rancho Alegre do Oeste (PR) recebe duas novas valas<\/span><\/a><\/span><\/span><\/span><\/p>\r\n\r\n<p style=\"text-align:justify\"><span style=\"font-size:11pt\"><span style=\"line-height:normal\"><span calibri=\"\" style=\"font-family:\"><a href=\"https:\/\/www.fibre2fashion.com\/news\/textile-news\/itma-2023-to-gather-over-1k-exhibitors-from-42-countries-in-milan-284424-newsdetails.htm\" style=\"color:blue; text-decoration:underline\"><span style=\"font-size:14.0pt\">ITMA 2023 to gather over 1K exhibitors from 42 countries in Milan<\/span><\/a><\/span><\/span><\/span><\/p>\r\n\r\n<p class=\"MsoTitle\" style=\"text-align:justify\"><span style=\"font-size:28pt\"><span cambria=\"\" style=\"font-family:\"><span style=\"letter-spacing:-0.5pt\"><b><span style=\"font-size:18.0pt\"><span calibri=\"\" style=\"font-family:\"><span style=\"font-variant:small-caps\">Ind&uacute;stria<\/span><\/span><\/span><\/b><\/span><\/span><\/span><\/p>\r\n\r\n<p style=\"text-align:justify\"><span style=\"font-size:11pt\"><span style=\"line-height:normal\"><span calibri=\"\" style=\"font-family:\"><a href=\"https:\/\/www.autodata.com.br\/noticias\/2022\/12\/01\/novembro-alcanca-segundo-maior-volume-de-vendas-do-ano\/49229\/\" style=\"color:blue; text-decoration:underline\"><span style=\"font-size:14.0pt\">Anfavea: novembro alcan&ccedil;a segundo maior volume de vendas do ano<\/span><\/a><\/span><\/span><\/span><\/p>\r\n\r\n<p style=\"text-align:justify\"><span style=\"font-size:11pt\"><span style=\"line-height:normal\"><span calibri=\"\" style=\"font-family:\"><a href=\"https:\/\/www.meiofiltrante.com.br\/Noticia\/110095\/abrafiltros-tem-nova-diretoria-para-o-trienio-2023-2025\" style=\"color:blue; text-decoration:underline\"><span style=\"font-size:14.0pt\">ABRAFILTROS tem nova diretoria para o tri&ecirc;nio 2023-2025<\/span><\/a><\/span><\/span><\/span><\/p>\r\n\r\n<p style=\"text-align:justify\"><span style=\"font-size:11pt\"><span style=\"line-height:normal\"><span calibri=\"\" style=\"font-family:\"><a href=\"https:\/\/www.meiofiltrante.com.br\/Noticia\/110100\/eficiencia-do-meio-filtrante-e-o-que-vale-mais-nos-testes-dos-filtros\" style=\"color:blue; text-decoration:underline\"><span style=\"font-size:14.0pt\">Efici&ecirc;ncia do meio filtrante &eacute; o que vale mais nos testes dos filtros<\/span><\/a><\/span><\/span><\/span><\/p>\r\n\r\n<p style=\"text-align:justify\"><span style=\"font-size:11pt\"><span style=\"line-height:normal\"><span calibri=\"\" style=\"font-family:\">&nbsp;<a href=\"https:\/\/grandesconstrucoes.com.br\/Noticias\/Exibir\/mercado-de-trabalho-da-construcao-civil-perdeu-forca-em-outubro-de-2022\" style=\"color:blue; text-decoration:underline\"><span style=\"font-size:14.0pt\">Mercado de trabalho da constru&ccedil;&atilde;o civil perdeu for&ccedil;a em outubro de 2022<\/span><\/a><\/span><\/span><\/span><\/p>\r\n\r\n<p style=\"text-align:justify\"><span style=\"font-size:11pt\"><span style=\"line-height:normal\"><span calibri=\"\" style=\"font-family:\"><a href=\"https:\/\/grandesconstrucoes.com.br\/Noticias\/Exibir\/pib-da-construcao-cresce-11-no-terceiro-trimestre\" style=\"color:blue; text-decoration:underline\"><span style=\"font-size:14.0pt\">PIB da constru&ccedil;&atilde;o cresce 1,1% no terceiro trimestre<\/span><\/a><\/span><\/span><\/span><\/p>\r\n\r\n<p style=\"text-align:justify\"><span style=\"font-size:11pt\"><span style=\"line-height:normal\"><span calibri=\"\" style=\"font-family:\"><a href=\"file:\/\/\/C:\/Users\/cristiane\/Downloads\/Grupos%20de%20infraestrutura%20fundam%20associa\u00e7\u00e3o\" style=\"color:blue; text-decoration:underline\"><span style=\"font-size:14.0pt\">Grupos de infraestrutura fundam associa&ccedil;&atilde;o<\/span><\/a><\/span><\/span><\/span><\/p>\r\n\r\n<p style=\"text-align:justify\"><span style=\"font-size:11pt\"><span style=\"line-height:normal\"><span calibri=\"\" style=\"font-family:\"><a href=\"https:\/\/hospitalmed.com.br\/portal\/2022\/11\/somando-r-20-bi-em-transacoes-setor-de-saude-atrai-investidores\/\" style=\"color:blue; text-decoration:underline\"><span style=\"font-size:14.0pt\">Somando R$ 20 bi em transa&ccedil;&otilde;es, setor de sa&uacute;de atrai investidores<\/span><\/a><\/span><\/span><\/span><\/p>\r\n\r\n<p style=\"text-align:justify\"><span style=\"font-size:11pt\"><span style=\"line-height:normal\"><span calibri=\"\" style=\"font-family:\"><a href=\"https:\/\/www.noticiasaominuto.com\/economia\/2124679\/atividade-da-industria-transformadora-da-china-volta-a-contrair\" style=\"color:blue; text-decoration:underline\"><span style=\"font-size:14.0pt\">Atividade da ind&uacute;stria transformadora da China volta a contrair<\/span><\/a><\/span><\/span><\/span><\/p>\r\n\r\n<p class=\"MsoTitle\" style=\"text-align:justify\"><span style=\"font-size:28pt\"><span cambria=\"\" style=\"font-family:\"><span style=\"letter-spacing:-0.5pt\"><b><span style=\"font-size:18.0pt\"><span calibri=\"\" style=\"font-family:\"><span style=\"font-variant:small-caps\">Sustentabilidade<\/span><\/span><\/span><\/b><\/span><\/span><\/span><\/p>\r\n\r\n<p style=\"text-align:justify\"><span style=\"font-size:11pt\"><span style=\"line-height:normal\"><span calibri=\"\" style=\"font-family:\"><a href=\"https:\/\/grandesconstrucoes.com.br\/Noticias\/Exibir\/esg-na-construcao-civil\" style=\"color:blue; text-decoration:underline\"><span style=\"font-size:14.0pt\">ESG na constru&ccedil;&atilde;o civil<\/span><\/a><\/span><\/span><\/span><\/p>\r\n\r\n<p style=\"text-align:justify\"><span style=\"font-size:11pt\"><span style=\"line-height:normal\"><span calibri=\"\" style=\"font-family:\"><a href=\"https:\/\/fcem.com.br\/noticias\/esg-valor-alem-do-lucro\/?utm_campaign=febratex_news_021222&amp;utm_medium=email&amp;utm_source=RD+Station\" style=\"color:blue; text-decoration:underline\"><span style=\"font-size:14.0pt\">ESG: valor al&eacute;m do lucro<\/span><\/a><\/span><\/span><\/span><\/p>\r\n\r\n<p style=\"text-align:justify\"><span style=\"font-size:11pt\"><span style=\"line-height:normal\"><span calibri=\"\" style=\"font-family:\"><a href=\"https:\/\/www.bloomberglinea.com.br\/2022\/12\/01\/braskem-desenvolve-tecnologia-inedita-para-o-processo-de-reciclagem-avancada\/\" style=\"color:blue; text-decoration:underline\"><span style=\"font-size:14.0pt\">Pl&aacute;sticos: tecnologia in&eacute;dita para o processo de reciclagem avan&ccedil;ada<\/span><\/a><\/span><\/span><\/span><\/p>\r\n\r\n<p style=\"text-align:justify\"><span style=\"font-size:11pt\"><span style=\"line-height:normal\"><span calibri=\"\" style=\"font-family:\"><a href=\"https:\/\/plasticosemrevista.com.br\/pet-infraestrutura-precaria-nao-inibe-crescimento-da-reciclagem\/\" style=\"color:blue; text-decoration:underline\"><span style=\"font-size:14.0pt\">PET: infraestrutura prec&aacute;ria n&atilde;o inibe crescimento da reciclagem<\/span><\/a><\/span><\/span><\/span><\/p>\r\n\r\n<p style=\"text-align:justify\"><span style=\"font-size:11pt\"><span style=\"line-height:normal\"><span calibri=\"\" style=\"font-family:\"><a href=\"https:\/\/www.jornaldenegocios.pt\/sustentabilidade\/ambiental\/detalhe\/ce-propoe-certificacao-de-remocoes-de-carbono-para-atingir-neutralidade-carbonica\" style=\"color:blue; text-decoration:underline\"><span style=\"font-size:14.0pt\">CE prop&otilde;e certifica&ccedil;&atilde;o de remo&ccedil;&otilde;es de carbono para atingir neutralidade carb&oacute;nica<\/span><\/a><\/span><\/span><\/span><\/p>\r\n\r\n<p style=\"text-align:justify\"><span style=\"font-size:11pt\"><span style=\"line-height:normal\"><span calibri=\"\" style=\"font-family:\"><a href=\"https:\/\/www.textiletechnology.net\/technology\/news\/freudenberg-pm-further-step-reducing-the-co2-emissions-at-china-site-33224?utm_source=%2Fmeta%2Fnewsletter%2Fnewsletter&amp;utm_medium=newsletter&amp;utm_campaign=nl1034&amp;utm_term=0801b20e08c3242125d512808cd74302\" style=\"color:blue; text-decoration:underline\"><span style=\"font-size:14.0pt\">Freudenberg PM | Further step reducing the CO2 emissions at China site<\/span><\/a><\/span><\/span><\/span><\/p>\r\n\r\n<p style=\"text-align:justify\"><span style=\"font-size:11pt\"><span style=\"line-height:normal\"><span calibri=\"\" style=\"font-family:\"><a href=\"https:\/\/www.textiletechnology.net\/technology\/news\/truetzschlervalrius-360-high-quality-recycled-yarn-production-drives-circularity-33230?utm_source=%2Fmeta%2Fnewsletter%2Fnewsletter&amp;utm_medium=newsletter&amp;utm_campaign=nl1034&amp;utm_term=0801b20e08c3242125d512808cd74302\" style=\"color:blue; text-decoration:underline\"><span style=\"font-size:14.0pt\">Tr&uuml;tzschler\/Val&eacute;rius 360 | High-quality recycled yarn production drives circularity<\/span><\/a><\/span><\/span><\/span><\/p>\r\n\r\n<p style=\"text-align:justify\"><span style=\"font-size:11pt\"><span style=\"line-height:normal\"><span calibri=\"\" style=\"font-family:\"><a href=\"https:\/\/www.textiletechnology.net\/fibers\/commentary\/chemical-fibers-international-42022-5-theses-on-textile-recycling-that-call-for-correction-33167?utm_source=%2Fmeta%2Fnewsletter%2Fnewsletter&amp;utm_medium=newsletter&amp;utm_campaign=nl1032&amp;utm_term=0801b20e08c3242125d512808cd74302\" style=\"color:blue; text-decoration:underline\"><span style=\"font-size:14.0pt\">5 theses on textile recycling that call for correction<\/span><\/a><\/span><\/span><\/span><\/p>\r\n\r\n<p class=\"MsoTitle\" style=\"text-align:justify\"><span style=\"font-size:28pt\"><span cambria=\"\" style=\"font-family:\"><span style=\"letter-spacing:-0.5pt\"><b><span style=\"font-size:18.0pt\"><span calibri=\"\" style=\"font-family:\"><span style=\"font-variant:small-caps\">Inova&ccedil;&atilde;o<\/span><\/span><\/span><\/b><\/span><\/span><\/span><\/p>\r\n\r\n<p style=\"text-align:justify\"><span style=\"font-size:11pt\"><span style=\"line-height:normal\"><span calibri=\"\" style=\"font-family:\"><a href=\"https:\/\/thenexus.one\/como-os-cientistas-planejam-reciclar-o-lixo-plastico-no-espaco\/\" style=\"color:blue; text-decoration:underline\"><span style=\"font-size:14.0pt\">Como os cientistas planejam reciclar o lixo pl&aacute;stico no espa&ccedil;o<\/span><\/a><\/span><\/span><\/span><\/p>\r\n\r\n<p style=\"text-align:justify\"><span style=\"font-size:11pt\"><span style=\"line-height:normal\"><span calibri=\"\" style=\"font-family:\"><a href=\"https:\/\/www.gov.br\/ana\/pt-br\/assuntos\/noticias-e-eventos\/noticias\/ana-e-abdi-firmam-acordo-de-cooperacao-tecnica-para-premios-de-inovacao\" style=\"color:blue; text-decoration:underline\"><span style=\"font-size:14.0pt\">ANA e ABDI firmam acordo de coopera&ccedil;&atilde;o t&eacute;cnica para pr&ecirc;mios de inova&ccedil;&atilde;o<\/span><\/a><\/span><\/span><\/span><\/p>\r\n\r\n<p style=\"text-align:justify\"><span style=\"font-size:11pt\"><span style=\"line-height:normal\"><span calibri=\"\" style=\"font-family:\"><a href=\"https:\/\/www.innovationintextiles.com\/fibres-yarns-fabrics\/monomaterials-for-auto-interiors\/\" style=\"color:blue; text-decoration:underline\"><span style=\"font-size:14.0pt\">Monomaterials for auto interiors<\/span><\/a><\/span><\/span><\/span><\/p>\r\n\r\n<p class=\"MsoTitleCxSpLast\" style=\"text-align:justify\"><span style=\"font-size:28pt\"><span cambria=\"\" style=\"font-family:\"><span style=\"letter-spacing:-0.5pt\"><b><span style=\"font-size:18.0pt\"><span calibri=\"\" style=\"font-family:\"><span style=\"font-variant:small-caps\">Com&eacute;rcio Exterior<\/span><\/span><\/span><\/b><\/span><\/span><\/span><\/p>\r\n\r\n<p style=\"text-align:justify\"><span style=\"font-size:11pt\"><span style=\"line-height:normal\"><span calibri=\"\" style=\"font-family:\"><a href=\"https:\/\/www.gov.br\/pt-br\/noticias\/financas-impostos-e-gestao-publica\/2022\/12\/balanca-comercial-tem-superavit-de-us-6-675-bilhoes-em-novembro\" style=\"color:blue; text-decoration:underline\"><span style=\"font-size:14.0pt\">Balan&ccedil;a comercial tem super&aacute;vit de US$ 6675 bilh&otilde;es em novembro<\/span><\/a><\/span><\/span><\/span><\/p>\r\n\r\n<p style=\"text-align:justify\"><span style=\"font-size:11pt\"><span style=\"line-height:normal\"><span calibri=\"\" style=\"font-family:\"><a href=\"https:\/\/g1.globo.com\/economia\/noticia\/2022\/11\/30\/mercosul-brasil-argentina-e-paraguai-divulgam-nota-sobre-possivel-pedido-de-adesao-do-uruguai-a-parceria-transpacifica.ghtml\" style=\"color:blue; text-decoration:underline\"><span style=\"font-size:14.0pt\">Mercosul: Brasil, Argentina e Paraguai enviam alerta ao Uruguai ap&oacute;s pa&iacute;s agir individualmente por acordos comerciais<\/span><\/a><\/span><\/span><\/span><\/p>\r\n\r\n<p style=\"text-align:justify\"><span style=\"font-size:11pt\"><span style=\"line-height:normal\"><span calibri=\"\" style=\"font-family:\"><a href=\"https:\/\/exclusivo.com.br\/_conteudo\/negocios\/2022\/11\/29\/assintecal-promove-primeira-missao-de-sustentabilidade-nos-eua.html?utm_campaign=News+30%2F11%2F2022&amp;utm_content=Assintecal+promove+primeira+miss%C3%A3o+de+sustentabilidade+nos+EUA+-+Jornal+Exclusivo+%283%29&amp;utm_medium=email&amp;utm_source=EmailMarketing&amp;utm_term=News+30%2F11%2F2022\" style=\"color:blue; text-decoration:underline\"><span style=\"font-size:14.0pt\">Assintecal promove primeira miss&atilde;o de sustentabilidade nos EUA<\/span><\/a><\/span><\/span><\/span><\/p>\r\n\r\n<p style=\"text-align:justify\"><span style=\"font-size:11pt\"><span style=\"line-height:normal\"><span calibri=\"\" style=\"font-family:\"><a href=\"http:\/\/abimovel.com\/apexbrasil-e-abimovel-renovam-convenio-com-investimento-de-r-336-milhoes-para-promocao-internacional\/?utm_campaign=apexbrasil_e_abimovel_renovam_convenio_com_investimento_de_r_336_milhoes_para_promocao_internacional&amp;utm_medium=email&amp;utm_source=RD+Station\" style=\"color:blue; text-decoration:underline\"><span style=\"font-size:14.0pt\">ApexBrasil e ABIM&Oacute;VEL renovam conv&ecirc;nio com investimento de R$ 33,6 milh&otilde;es para promo&ccedil;&atilde;o internacional<\/span><\/a><\/span><\/span><\/span><\/p>\r\n\r\n<p class=\"MsoTitle\" style=\"text-align:justify\"><span style=\"font-size:28pt\"><span cambria=\"\" style=\"font-family:\"><span style=\"letter-spacing:-0.5pt\"><b><span style=\"font-size:18.0pt\"><span calibri=\"\" style=\"font-family:\"><span style=\"font-variant:small-caps\">Economia<\/span><\/span><\/span><\/b><\/span><\/span><\/span><\/p>\r\n\r\n<p style=\"text-align:justify\"><span style=\"font-size:11pt\"><span style=\"line-height:normal\"><span calibri=\"\" style=\"font-family:\"><a href=\"https:\/\/www.bcb.gov.br\/content\/focus\/focus\/R20221125.pdf\" style=\"color:blue; text-decoration:underline\"><span style=\"font-size:14.0pt\">Focus &ndash; Relat&oacute;rio de Mercado<\/span><\/a><\/span><\/span><\/span><\/p>\r\n\r\n<p style=\"text-align:justify\"><span style=\"font-size:11pt\"><span style=\"line-height:normal\"><span calibri=\"\" style=\"font-family:\"><a href=\"https:\/\/www.fiesp.com.br\/noticias\/pib-cresce-no-3o-trimestre-mas-ja-indica-perda-de-dinamismo\/\" style=\"color:blue; text-decoration:underline\"><span style=\"font-size:14.0pt\">PIB cresce no 3&ordm; trimestre, mas j&aacute; indica perda de dinamismo<\/span><\/a><\/span><\/span><\/span><\/p>\r\n\r\n<p style=\"text-align:justify\"><span style=\"font-size:11pt\"><span style=\"line-height:normal\"><span calibri=\"\" style=\"font-family:\"><a href=\"https:\/\/www.eiu.com\/n\/global-operational-risk-review-are-there-upside-risks\/?utm_source=mkt-newsletter&amp;utm_medium=email&amp;utm_campaign=foce&amp;utm_content=2-december-2022&amp;mkt_tok=NzUzLVJJUS00MzgAAAGIch0LKLWR61CZYTzaFd3Q8YRaqIEOzt9ZCpghVtbY791jRjB-esj14YNiLWmgYJGnJRiA0UNeAPIa0EC7VAPwNlT7a8KxaJfQZaYRHzudDTOeiA\" style=\"color:blue; text-decoration:underline\"><span style=\"font-size:14.0pt\">Global operational risk review&mdash;are there upside risks?<\/span><\/a><\/span><\/span><\/span><\/p>\r\n\r\n<p style=\"text-align:justify\"><span style=\"font-size:11pt\"><span style=\"line-height:normal\"><span calibri=\"\" style=\"font-family:\"><a href=\"https:\/\/ibre.fgv.br\/blog-da-conjuntura-economica\/artigos\/indefinicoes-no-campo-economico-para-2023-levam-queda-da\" style=\"color:blue; text-decoration:underline\"><span style=\"font-size:14.0pt\">Indefini&ccedil;&otilde;es no campo econ&ocirc;mico para 2023 levam a queda da confian&ccedil;a no setor da constru&ccedil;&atilde;o em novembro<\/span><\/a><\/span><\/span><\/span><\/p>\r\n\r\n<p style=\"text-align:justify\"><span style=\"font-size:11pt\"><span style=\"line-height:normal\"><span calibri=\"\" style=\"font-family:\"><a href=\"https:\/\/portalibre.fgv.br\/sites\/default\/files\/2022-11\/apresentacao-sintese-das-sondagens-novembro2022nfkgjs_0.pdf\" style=\"color:blue; text-decoration:underline\"><span style=\"font-size:14.0pt\">FGV-IBRE | Indicadores de Sentimento: Confian&ccedil;a e Incerteza - S&iacute;ntese dos Resultados de Novembro de 2022<\/span><\/a><\/span><\/span><\/span><\/p>\r\n\r\n<p style=\"text-align:justify\"><span style=\"font-size:11pt\"><span style=\"line-height:normal\"><span calibri=\"\" style=\"font-family:\"><a href=\"https:\/\/portalibre.fgv.br\/sites\/default\/files\/2022-12\/indicadores-de-mercado-de-trabalho-fgv_press-release_nov2296803kfn_0.pdf\" style=\"color:blue; text-decoration:underline\"><span style=\"font-size:14.0pt\">Indicador Antecedente de Emprego (IAEmp) do FGV IBRE caiu 6,7 pontos em novembro<\/span><\/a><\/span><\/span><\/span><\/p>\r\n\r\n<p style=\"text-align:justify\"><span style=\"font-size:11pt\"><span style=\"line-height:normal\"><span calibri=\"\" style=\"font-family:\"><a href=\"https:\/\/www.infomoney.com.br\/economia\/sentimento-economico-melhora-na-zona-do-euro-em-novembro-e-tem-primeira-alta-desde-fevereiro\/\" style=\"color:blue; text-decoration:underline\"><span style=\"font-size:14.0pt\">Sentimento econ&ocirc;mico melhora na Zona do Euro em novembro e tem primeira alta desde fevereiro<\/span><\/a><\/span><\/span><\/span><\/p>\r\n\r\n<p style=\"text-align:justify\"><span style=\"font-size:11pt\"><span style=\"line-height:normal\"><span calibri=\"\" style=\"font-family:\"><a href=\"https:\/\/observador.pt\/2022\/12\/02\/precos-na-producao-industrial-sobem-mais-de-30-na-zona-euro-e-na-ue-em-outubro\/\" style=\"color:blue; text-decoration:underline\"><span style=\"font-size:14.0pt\">Pre&ccedil;os na produ&ccedil;&atilde;o industrial sobem mais de 30% na zona euro e na UE em outubro<\/span><\/a><\/span><\/span><\/span><\/p>\r\n\r\n<p style=\"text-align:justify\">&nbsp;<\/p>\r\n","texto_en":"","7":"","imagem":"COMP_banner-padrao-home-destaques-boletim_202212082006510aBZJGsO9r.jpg","8":"COMP_banner-padrao-home-destaques-boletim_202212082006510aBZJGsO9r.jpg","arquivo":"20221206-NOTICIAS-SEMANAIS.PDF","9":"20221206-NOTICIAS-SEMANAIS.PDF","titulo_arquivo":"","10":"","titulo_arquivo_en":"","11":"","created_at":"2022-12-08 20:07:00","12":"2022-12-08 20:07:00","updated_at":"2023-01-18 12:36:57","13":"2023-01-18 12:36:57"},{"id":45,"0":45,"ordem":178,"1":178,"data":"2022-11-29","2":"2022-11-29","slug":"boletim-de-noticias-semanais-42","3":"boletim-de-noticias-semanais-42","titulo":"Boletim de Not\u00edcias Semanais","4":"Boletim de Not\u00edcias Semanais","titulo_en":"","5":"","texto":"<p style=\"text-align:justify\"><span style=\"font-size:11pt\"><span style=\"line-height:normal\"><span style=\"font-family:&quot;Calibri&quot;,sans-serif\"><span style=\"font-size:14.0pt\">Esta &eacute; uma compila&ccedil;&atilde;o das not&iacute;cias mais relevantes para o setor, incluindo informa&ccedil;&otilde;es sobre acordos internacionais, economia brasileira, sustentabilidade e mat&eacute;rias primas, al&eacute;m de novidades do setor de N&atilde;otecidos e Tecidos T&eacute;cnicos.<\/span><\/span><\/span><\/span><\/p>\r\n\r\n<p class=\"MsoTitleCxSpLast\" style=\"text-align:justify\"><span style=\"font-size:28pt\"><span style=\"font-family:&quot;Cambria&quot;,serif\"><span style=\"letter-spacing:-0.5pt\"><b><span style=\"font-size:18.0pt\"><span style=\"font-family:&quot;Calibri&quot;,sans-serif\"><span style=\"font-variant:small-caps\">A&ccedil;&otilde;es da ABINT<\/span><\/span><\/span><\/b><\/span><\/span><\/span><\/p>\r\n\r\n<p class=\"MsoTitleCxSpLast\" style=\"text-align:justify\"><img height=\"450\" src=\"https:\/\/www.abint.org.br\/assets\/img\/editor\/18a-palestra-milton-vargas-08-12-2022_20221129144905i6YrxrxNyx.jpeg\" width=\"450\" \/><\/p>\r\n\r\n<p style=\"text-align:justify\"><span style=\"font-size:11pt\"><span style=\"line-height:normal\"><span style=\"font-family:&quot;Calibri&quot;,sans-serif\"><strong><span style=\"font-size:14.0pt\"><span style=\"font-family:&quot;Calibri&quot;,sans-serif\">18&ordf; Palestra Milton Vargas da ABMS<\/span><\/span><\/strong><span style=\"font-size:14.0pt\"> (2022) ser&aacute; ministrada pelo <strong><span style=\"font-family:&quot;Calibri&quot;,sans-serif\">Prof. Luis Edmundo Prado de Campos<\/span><\/strong> no dia <strong><span style=\"font-family:&quot;Calibri&quot;,sans-serif\">8 de dezembro, &agrave;s 19 horas, no Canal ABMS do YouTube.<\/span><\/strong><\/span><\/span><\/span><\/span><\/p>\r\n\r\n<p style=\"text-align:justify\"><span style=\"font-size:11pt\"><span style=\"line-height:normal\"><span style=\"font-family:&quot;Calibri&quot;,sans-serif\"><span style=\"font-size:14.0pt\">Engenheiro civil pela UFBA e mestre em geotecnia pela PUC-Rio, o Prof. Luis Edmundo &eacute; coordenador do Laborat&oacute;rio de Geotecnia da UFBA e diretor da Escola Polit&eacute;cnica, al&eacute;m de presidir o CREA-BA e ocupar o cargo de CEO na LEPC Consultoria Geot&eacute;cnica.<\/span><\/span><\/span><\/span><\/p>\r\n\r\n<p style=\"text-align:justify\"><span style=\"font-size:11pt\"><span style=\"line-height:normal\"><span style=\"font-family:&quot;Calibri&quot;,sans-serif\"><span style=\"font-size:14.0pt\">Nesta palestra, falar&aacute; sobre o tema &ldquo;Conten&ccedil;&otilde;es - Tipos e Aplica&ccedil;&otilde;es&rdquo;, no qual &eacute; especialista, abordando os diversos tipos de conten&ccedil;&otilde;es, suas aplica&ccedil;&otilde;es, funcionalidades, conceitos de dimensionamento preliminar e casos de obras.<\/span><\/span><\/span><\/span><\/p>\r\n\r\n<p style=\"text-align:justify\"><span style=\"font-size:11pt\"><span style=\"line-height:normal\"><span style=\"font-family:&quot;Calibri&quot;,sans-serif\"><span style=\"font-size:14.0pt\">Desde 2005 a Palestra Milton Vargas &eacute; proferida anualmente por um profissional renomado da comunidade geot&eacute;cnica brasileira, levando temas da pr&aacute;tica da geotecnia a jovens engenheiros, estudantes e pesquisadores.<\/span><\/span><\/span><\/span><\/p>\r\n\r\n<p style=\"text-align:justify\"><span style=\"font-size:11pt\"><span style=\"line-height:normal\"><span style=\"font-family:&quot;Calibri&quot;,sans-serif\"><b><span style=\"font-size:14.0pt\">Acesse <\/span><\/b><a href=\"https:\/\/abint.us2.list-manage.com\/track\/click?u=88818ac6bf44316570fc1bc2f&amp;id=65681aa913&amp;e=626265ad22\" style=\"color:blue; text-decoration:underline\" target=\"_blank\"><b><span style=\"font-size:14.0pt\"><span style=\"color:#007c89\">https:\/\/www.youtube.com\/c\/CanalABMS<\/span><\/span><\/b><\/a><b><span style=\"font-size:14.0pt\"> e participe!<\/span><\/b><\/span><\/span><\/span><\/p>\r\n\r\n<p style=\"text-align:justify\">&nbsp;<\/p>\r\n\r\n<p style=\"text-align:justify\"><span style=\"font-size:11pt\"><span style=\"line-height:normal\"><span style=\"font-family:&quot;Calibri&quot;,sans-serif\"><b><span style=\"font-size:14.0pt\"><img height=\"450\" src=\"https:\/\/www.abint.org.br\/assets\/img\/editor\/20221201-live-ctg-instagram-rafael_20221129145029LRbxzW2aIO.jpg\" width=\"450\" \/><\/span><\/b><\/span><\/span><\/span><\/p>\r\n\r\n<p style=\"text-align:justify\"><span style=\"font-size:11pt\"><span style=\"line-height:normal\"><span style=\"font-family:&quot;Calibri&quot;,sans-serif\"><span style=\"font-size:14.0pt\">O pr&oacute;ximo <strong><span style=\"font-family:&quot;Calibri&quot;,sans-serif\">CTG Entrevista<\/span><\/strong> receber&aacute; o <strong><span style=\"font-family:&quot;Calibri&quot;,sans-serif\">Eng. Rafael Pl&aacute;cido<\/span><\/strong>, Doutor pela Poli-USP, Professor Convidado do Instituto Mau&aacute; de Tecnologia e projetista e consultor na Interact Engenharia e na Solotechnique Consultoria e Engenharia Geot&eacute;cnica. Foi vencedor do Pr&ecirc;mio Petrobras de Tecnologia em 2006, do Pr&ecirc;mio Estudante IGS Brasil em 2019 e do IGS Student Award em 2020.<\/span><\/span><\/span><\/span><\/p>\r\n\r\n<p style=\"text-align:justify\"><span style=\"font-size:11pt\"><span style=\"line-height:normal\"><span style=\"font-family:&quot;Calibri&quot;,sans-serif\"><span style=\"font-size:14.0pt\">Anote na agenda!<\/span><\/span><\/span><\/span><\/p>\r\n\r\n<p style=\"text-align:justify\"><b><span style=\"font-size:14.0pt\"><span style=\"line-height:115%\"><span style=\"font-family:&quot;Calibri&quot;,sans-serif\">01\/12, 18hs, em nosso Instagram<\/span><\/span><\/span><\/b><span style=\"font-size:14.0pt\"><span style=\"line-height:115%\"><span style=\"font-family:&quot;Calibri&quot;,sans-serif\">: <\/span><\/span><\/span><span style=\"font-size:11.0pt\"><span style=\"line-height:115%\"><span style=\"font-family:&quot;Calibri&quot;,sans-serif\"><a href=\"https:\/\/www.instagram.com\/ctg_abint\/\" style=\"color:blue; text-decoration:underline\"><span style=\"font-size:14.0pt\"><span style=\"line-height:115%\">https:\/\/www.instagram.com\/ctg_abint\/<\/span><\/span><\/a><\/span><\/span><\/span><\/p>\r\n\r\n<p style=\"text-align:justify\">&nbsp;<\/p>\r\n\r\n<p style=\"text-align:justify\"><img height=\"450\" src=\"https:\/\/www.abint.org.br\/assets\/img\/editor\/post-ciclo-qualidade-2022_20221129145142qelqONNUTc.png\" width=\"450\" \/><\/p>\r\n\r\n<p style=\"text-align:justify\"><span style=\"font-size:11pt\"><span style=\"line-height:normal\"><span style=\"font-family:&quot;Calibri&quot;,sans-serif\"><b><span style=\"font-size:14.0pt\">No dia12\/12, &agrave;s 18h<\/span><\/b><span style=\"font-size:14.0pt\">, vamos reunir especialistas para debater sobre a &ldquo;<b>Durabilidade dos Geossint&eacute;ticos&rdquo;<\/b>.<\/span><\/span><\/span><\/span><\/p>\r\n\r\n<p style=\"text-align:justify\"><span style=\"font-size:11pt\"><span style=\"line-height:normal\"><span style=\"font-family:&quot;Calibri&quot;,sans-serif\"><span style=\"font-size:14.0pt\">O evento &eacute; parte do movimento <b>&ldquo;Ciclo da Qualidade em Geossint&eacute;ticos&rdquo;<\/b>, criado pelo CTG e pelo IGS para enfatizar a import&acirc;ncia da conformidade no que tange aos geossint&eacute;ticos em todos os aspectos: desde a fabrica&ccedil;&atilde;o, passando por normas e as diversas aplica&ccedil;&otilde;es.<\/span><\/span><\/span><\/span><\/p>\r\n\r\n<p style=\"text-align:justify\"><b><span style=\"font-size:14.0pt\"><span style=\"line-height:115%\"><span style=\"font-family:&quot;Calibri&quot;,sans-serif\">A transmiss&atilde;o ser&aacute; aberta e gratuita, pelo canal do Youtube da Geotecnia Brasil: <\/span><\/span><\/span><\/b><span style=\"font-size:11.0pt\"><span style=\"line-height:115%\"><span style=\"font-family:&quot;Calibri&quot;,sans-serif\"><a href=\"https:\/\/abint.us2.list-manage.com\/track\/click?u=88818ac6bf44316570fc1bc2f&amp;id=4fecfd4b84&amp;e=626265ad22\" style=\"color:blue; text-decoration:underline\" target=\"_blank\"><b><span style=\"font-size:14.0pt\"><span style=\"line-height:115%\"><span style=\"color:#007c89\">https:\/\/youtu.be\/5n3El_-Ky88<\/span><\/span><\/span><\/b><\/a><\/span><\/span><\/span><\/p>\r\n\r\n<p style=\"text-align:justify\">&nbsp;<\/p>\r\n\r\n<p style=\"text-align:justify\"><span style=\"font-size:11.0pt\"><span style=\"line-height:115%\"><span style=\"font-family:&quot;Calibri&quot;,sans-serif\"><b><span style=\"font-size:14.0pt\"><span style=\"line-height:115%\"><span style=\"color:#007c89\"><img height=\"450\" src=\"https:\/\/www.abint.org.br\/assets\/img\/editor\/premio-tcc-ic-2023-arte-1_20221129145259565DEt4Y5u.png\" width=\"450\" \/><\/span><\/span><\/span><\/b><\/span><\/span><\/span><\/p>\r\n\r\n<p style=\"text-align:justify\"><span style=\"font-size:11pt\"><span style=\"line-height:normal\"><span style=\"font-family:&quot;Calibri&quot;,sans-serif\"><strong><span style=\"font-size:14.0pt\"><span style=\"font-family:&quot;Calibri&quot;,sans-serif\">O CTG ABINT e a IGS BRASIL <\/span><\/span><\/strong><span style=\"font-size:14.0pt\">convidam aqueles que desenvolveram trabalhos acad&ecirc;micos relacionados aos geossint&eacute;ticos a participarem&nbsp;de mais uma edi&ccedil;&atilde;o do Pr&ecirc;mio TCC\/IC.<\/span><\/span><\/span><\/span><\/p>\r\n\r\n<p style=\"text-align:justify\"><span style=\"font-size:11.0pt\"><span style=\"line-height:115%\"><span style=\"font-family:&quot;Calibri&quot;,sans-serif\"><a href=\"https:\/\/abint.us2.list-manage.com\/track\/click?u=88818ac6bf44316570fc1bc2f&amp;id=46b014bcf1&amp;e=626265ad22\" style=\"color:blue; text-decoration:underline\" target=\"_blank\"><span style=\"font-size:14.0pt\"><span style=\"line-height:115%\"><span style=\"color:#007c89\">Mais informa&ccedil;&otilde;es e inscri&ccedil;&otilde;es<\/span><\/span><\/span><\/a><\/span><\/span><\/span><\/p>\r\n\r\n<p style=\"text-align:justify\">&nbsp;<\/p>\r\n\r\n<p style=\"text-align:justify\"><span style=\"font-size:11pt\"><span style=\"line-height:normal\"><span style=\"font-family:&quot;Calibri&quot;,sans-serif\"><b><span style=\"font-size:18.0pt\"><span style=\"font-variant:small-caps\">Eventos<\/span><\/span><\/b><\/span><\/span><\/span><\/p>\r\n\r\n<h3 style=\"text-align: justify;\"><strong>Abit | Lan&ccedil;amento Estudo Setorial da Cadeia T&ecirc;xtil e Confeccionista de SP<\/strong>, 06 de dezembro, Audit&oacute;rio FATEC Americana. <span style=\"font-size:11pt\"><span style=\"line-height:normal\"><span style=\"font-family:&quot;Calibri&quot;,sans-serif\"><a href=\"https:\/\/app.rdstation.email\/mail\/a823542d-32ab-4aaf-9673-aa1e5713bba5?utm_campaign=convite_evento_modaind_americana&amp;utm_medium=email&amp;utm_source=RD+Station\" style=\"color:blue; text-decoration:underline\"><span style=\"font-size:14.0pt\">Informa&ccedil;&otilde;es<\/span><\/a> <\/span><\/span><\/span><\/h3>\r\n\r\n<p style=\"text-align:justify\"><span style=\"font-size:11pt\"><span style=\"line-height:normal\"><span style=\"font-family:&quot;Calibri&quot;,sans-serif\"><b><span style=\"font-size:14.0pt\">GO Wipes Europe Conference<\/span><\/b><span style=\"font-size:14.0pt\">, 7 &amp; 8 December 2022, Amsterdam, The Netherlands. <\/span><a href=\"https:\/\/www.go-wipes.com\/home\" style=\"color:blue; text-decoration:underline\"><span style=\"font-size:14.0pt\">Informa&ccedil;&otilde;es<\/span><\/a><\/span><\/span><\/span><\/p>\r\n\r\n<p style=\"text-align:justify\"><span style=\"font-size:11pt\"><span style=\"line-height:normal\"><span style=\"font-family:&quot;Calibri&quot;,sans-serif\"><b><span style=\"font-size:14.0pt\">FGV-IBRE | IV Semin&aacute;rio de An&aacute;lise Conjuntural<\/span><\/b><span style=\"font-size:14.0pt\">, 08 de dezembro, transmiss&atilde;o via YouTube. <\/span><a href=\"https:\/\/evento.fgv.br\/seminariodeanaliseconjuntural_0812\/\" style=\"color:blue; text-decoration:underline\"><span style=\"font-size:14.0pt\">Informa&ccedil;&otilde;es<\/span><\/a><\/span><\/span><\/span><\/p>\r\n\r\n<p style=\"text-align:justify\"><span style=\"font-size:11pt\"><span style=\"line-height:normal\"><span style=\"font-family:&quot;Calibri&quot;,sans-serif\"><b><span style=\"font-size:14.0pt\">Webinar ABNT | ESG e Indicadores de Sustentabilidade<\/span><\/b><span style=\"font-size:14.0pt\">, 14 a 16 de dezembro, 8h30 &agrave;s 12h30, online. <\/span><a href=\"https:\/\/abnlink.abnt.org.br\/cl\/POkyC\/FZi\/8195\/LCFJkUKAOaB\/BLNq\/IjtXd4SWxTy\/1\/\" style=\"color:blue; text-decoration:underline\"><span style=\"font-size:14.0pt\">Informa&ccedil;&otilde;es<\/span><\/a><\/span><\/span><\/span><\/p>\r\n\r\n<p style=\"text-align:justify\"><span style=\"font-size:11pt\"><span style=\"line-height:normal\"><span style=\"font-family:&quot;Calibri&quot;,sans-serif\"><b><span style=\"font-size:14.0pt\">FGV-IBRE | Semin&aacute;rio de Produtividade e Mercado de Trabalho<\/span><\/b><span style=\"font-size:14.0pt\">, 15 de dezembro, transmiss&atilde;o via YouTube. <\/span><a href=\"https:\/\/evento.fgv.br\/produtividadeemercadodetrabalho\/\" style=\"color:blue; text-decoration:underline\"><span style=\"font-size:14.0pt\">Informa&ccedil;&otilde;es<\/span><\/a> <\/span><\/span><\/span><\/p>\r\n\r\n<p class=\"MsoTitle\" style=\"text-align:justify\"><span style=\"font-size:28pt\"><span style=\"font-family:&quot;Cambria&quot;,serif\"><span style=\"letter-spacing:-0.5pt\"><b><span style=\"font-size:18.0pt\"><span style=\"font-family:&quot;Calibri&quot;,sans-serif\"><span style=\"font-variant:small-caps\">Setor<\/span><\/span><\/span><\/b><\/span><\/span><\/span><\/p>\r\n\r\n<p style=\"text-align:justify\"><span style=\"font-size:11pt\"><span style=\"line-height:normal\"><span style=\"font-family:&quot;Calibri&quot;,sans-serif\"><a href=\"https:\/\/www.technicaltextile.net\/news\/austria-s-andritz-to-showcase-nonwovens-textile-tech-at-itme-2022-284203.html\" style=\"color:blue; text-decoration:underline\"><span style=\"font-size:14.0pt\">Austria&#39;s Andritz to showcase nonwovens, textile tech at ITME 2022<\/span><\/a><\/span><\/span><\/span><\/p>\r\n\r\n<p style=\"text-align:justify\"><span style=\"font-size:11pt\"><span style=\"line-height:normal\"><span style=\"font-family:&quot;Calibri&quot;,sans-serif\"><a href=\"https:\/\/www.textiletechnology.net\/technical-textiles\/news\/freudenberg-pm-biodegradable-thermal-insulation-made-from-lyocell-33193?utm_source=%2Fmeta%2Fnewsletter%2Fnewsletter&amp;utm_medium=newsletter&amp;utm_campaign=nl1029&amp;utm_term=0801b20e08c3242125d512808cd74302\" style=\"color:blue; text-decoration:underline\"><span style=\"font-size:14.0pt\">Freudenberg PM: Biodegradable thermal insulation made from lyocell<\/span><\/a><\/span><\/span><\/span><\/p>\r\n\r\n<p style=\"text-align:justify\"><span style=\"font-size:11pt\"><span style=\"line-height:normal\"><span style=\"font-family:&quot;Calibri&quot;,sans-serif\"><a href=\"https:\/\/www.innovationintextiles.com\/fibres-yarns-fabrics\/cutting-emissions-with-solar-power\/\" style=\"color:blue; text-decoration:underline\"><span style=\"font-size:14.0pt\">Freudenberg: Cutting emissions with solar power<\/span><\/a><\/span><\/span><\/span><\/p>\r\n\r\n<p style=\"text-align:justify\"><span style=\"font-size:11pt\"><span style=\"line-height:normal\"><span style=\"font-family:&quot;Calibri&quot;,sans-serif\"><a href=\"https:\/\/www.textiletechnology.net\/fibers\/news\/ivl-275-million-for-financing-program-33166?utm_source=%2Fmeta%2Fnewsletter%2Fnewsletter&amp;utm_medium=newsletter&amp;utm_campaign=nl1027&amp;utm_term=0801b20e08c3242125d512808cd74302\" style=\"color:blue; text-decoration:underline\"><span style=\"font-size:14.0pt\">IVL: &euro;275 million for financing program<\/span><\/a><\/span><\/span><\/span><\/p>\r\n\r\n<p style=\"text-align:justify\"><span style=\"font-size:11pt\"><span style=\"line-height:normal\"><span style=\"font-family:&quot;Calibri&quot;,sans-serif\"><a href=\"https:\/\/www.anahp.com.br\/pdf\/indicadores-nov22.pdf\" style=\"color:blue; text-decoration:underline\"><span style=\"font-size:14.0pt\">Indicadores Hospitalares ANAHP &ndash; novembro\/2022<\/span><\/a><\/span><\/span><\/span><\/p>\r\n\r\n<p style=\"text-align:justify\"><span style=\"font-size:11pt\"><span style=\"line-height:normal\"><span style=\"font-family:&quot;Calibri&quot;,sans-serif\"><a href=\"https:\/\/www.santos.sp.gov.br\/?q=noticia\/morros-santistas-terao-mais-obras-de-contencao-e-drenagem-com-investimento-de-r-49-milhoes\" style=\"color:blue; text-decoration:underline\"><span style=\"font-size:14.0pt\">Geomanta: Morros santistas ter&atilde;o mais obras de conten&ccedil;&atilde;o e drenagem com investimento de R$ 49 milh&otilde;es<\/span><\/a><\/span><\/span><\/span><\/p>\r\n\r\n<p class=\"MsoTitle\" style=\"text-align:justify\"><span style=\"font-size:28pt\"><span style=\"font-family:&quot;Cambria&quot;,serif\"><span style=\"letter-spacing:-0.5pt\"><b><span style=\"font-size:18.0pt\"><span style=\"font-family:&quot;Calibri&quot;,sans-serif\"><span style=\"font-variant:small-caps\">Ind&uacute;stria<\/span><\/span><\/span><\/b><\/span><\/span><\/span><\/p>\r\n\r\n<p style=\"text-align:justify\"><span style=\"font-size:11pt\"><span style=\"line-height:normal\"><span style=\"font-family:&quot;Calibri&quot;,sans-serif\"><a href=\"https:\/\/noticias.portaldaindustria.com.br\/noticias\/economia\/confianca-da-industria-caiu-nos-29-setores-analisados-em-novembro\/\" style=\"color:blue; text-decoration:underline\"><span style=\"font-size:14.0pt\">Confian&ccedil;a da ind&uacute;stria caiu nos 29 setores analisados em novembro<\/span><\/a><\/span><\/span><\/span><\/p>\r\n\r\n<p style=\"text-align:justify\"><span style=\"font-size:11pt\"><span style=\"line-height:normal\"><span style=\"font-family:&quot;Calibri&quot;,sans-serif\"><a href=\"https:\/\/portalibre.fgv.br\/noticias\/confianca-da-industria-cai-36-pontos-em-novembro\" style=\"color:blue; text-decoration:underline\"><span style=\"font-size:14.0pt\">Confian&ccedil;a da Ind&uacute;stria cai 3,6 pontos em novembro<\/span><\/a><\/span><\/span><\/span><\/p>\r\n\r\n<p style=\"text-align:justify\"><span style=\"font-size:11pt\"><span style=\"line-height:normal\"><span style=\"font-family:&quot;Calibri&quot;,sans-serif\"><a href=\"https:\/\/noticias.portaldaindustria.com.br\/noticias\/economia\/industria-da-construcao-registra-queda-no-ritmo-de-crescimento-em-outubro\/\" style=\"color:blue; text-decoration:underline\"><span style=\"font-size:14.0pt\">Ind&uacute;stria da constru&ccedil;&atilde;o registra queda no ritmo de crescimento em outubro<\/span><\/a><\/span><\/span><\/span><\/p>\r\n\r\n<p style=\"text-align:justify\"><span style=\"font-size:11pt\"><span style=\"line-height:normal\"><span style=\"font-family:&quot;Calibri&quot;,sans-serif\"><a href=\"https:\/\/exclusivo.com.br\/_conteudo\/varejo\/2022\/11\/24\/vendas-do-varejo-devem-registrar-aumento-nominal-em-novembro-e-nos-proximos-dois-meses.html?utm_campaign=Feira+Zero+Grau+termina+com+150+marcas+garantidas+na+edi%C3%A7%C3%A3o+de+2023&amp;utm_content=Vendas+do+varejo+devem+registrar+aumento+nominal+em+novembro+e+nos+pr%C3%B3ximos+dois+meses+-+Jornal+Exclusivo+%283%29&amp;utm_medium=email&amp;utm_source=EmailMarketing&amp;utm_term=Feira+Zero+Grau+termina+com+150+marcas+garantidas+na+edi%C3%A7%C3%A3o+de+2023\" style=\"color:blue; text-decoration:underline\"><span style=\"font-size:14.0pt\">Vendas do varejo devem registrar aumento nominal em novembro e nos pr&oacute;ximos dois meses<\/span><\/a><\/span><\/span><\/span><\/p>\r\n\r\n<p style=\"text-align:justify\"><span style=\"font-size:11pt\"><span style=\"line-height:normal\"><span style=\"font-family:&quot;Calibri&quot;,sans-serif\"><a href=\"https:\/\/portalibre.fgv.br\/noticias\/crise-energetica\" style=\"color:blue; text-decoration:underline\"><span style=\"font-size:14.0pt\">Crise energ&eacute;tica<\/span><\/a><\/span><\/span><\/span><\/p>\r\n\r\n<p style=\"text-align:justify\"><span style=\"font-size:11pt\"><span style=\"line-height:normal\"><span style=\"font-family:&quot;Calibri&quot;,sans-serif\"><a href=\"https:\/\/www.textiletechnology.net\/technology\/news\/euratex-disappointment-over-ec-price-cap-on-gas-33200?utm_source=%2Fmeta%2Fnewsletter%2Fnewsletter&amp;utm_medium=newsletter&amp;utm_campaign=nl1030&amp;utm_term=0801b20e08c3242125d512808cd74302\" style=\"color:blue; text-decoration:underline\"><span style=\"font-size:14.0pt\">Euratex: Disappointment over EC price cap on gas<\/span><\/a><\/span><\/span><\/span><\/p>\r\n\r\n<p style=\"text-align:justify\"><span style=\"font-size:11pt\"><span style=\"line-height:normal\"><span style=\"font-family:&quot;Calibri&quot;,sans-serif\"><a href=\"https:\/\/www.ipea.gov.br\/portal\/categorias\/45-todas-as-noticias\/noticias\/13428-estudo-propoe-melhorias-regulatorias-para-investimentos-em-infraestrutura-no-brasil\" style=\"color:blue; text-decoration:underline\"><span style=\"font-size:14.0pt\">Estudo prop&otilde;e melhorias regulat&oacute;rias para investimentos em infraestrutura no Brasil<\/span><\/a><\/span><\/span><\/span><\/p>\r\n\r\n<p class=\"MsoTitle\" style=\"text-align:justify\"><span style=\"font-size:28pt\"><span style=\"font-family:&quot;Cambria&quot;,serif\"><span style=\"letter-spacing:-0.5pt\"><b><span style=\"font-size:18.0pt\"><span style=\"font-family:&quot;Calibri&quot;,sans-serif\"><span style=\"font-variant:small-caps\">Sustentabilidade<\/span><\/span><\/span><\/b><\/span><\/span><\/span><\/p>\r\n\r\n<p style=\"text-align:justify\"><span style=\"font-size:11pt\"><span style=\"line-height:normal\"><span style=\"font-family:&quot;Calibri&quot;,sans-serif\"><a href=\"https:\/\/www.portugaltextil.com\/organizacoes-questionam-planos-da-ue-para-os-texteis-sustentaveis\/?utm_term=Portugal+Textil+a%3F%3F%3F%3F+22.11.2022&amp;utm_campaign=Portugal+Textil+FInal&amp;utm_source=e-goi&amp;utm_medium=email\" style=\"color:blue; text-decoration:underline\"><span style=\"font-size:14.0pt\">Organiza&ccedil;&otilde;es questionam planos da UE para os t&ecirc;xteis sustent&aacute;veis<\/span><\/a><\/span><\/span><\/span><\/p>\r\n\r\n<p style=\"text-align:justify\"><span style=\"font-size:11pt\"><span style=\"line-height:normal\"><span style=\"font-family:&quot;Calibri&quot;,sans-serif\"><a href=\"https:\/\/www.correiobraziliense.com.br\/ciencia-e-saude\/2022\/11\/5054609-uniao-de-forcas-contra-a-poluicao-plastica.html\" style=\"color:blue; text-decoration:underline\"><span style=\"font-size:14.0pt\">ONU realiza encontro para discutir impacto da polui&ccedil;&atilde;o pl&aacute;stica no mundo<\/span><\/a><\/span><\/span><\/span><\/p>\r\n\r\n<p style=\"text-align:justify\"><span style=\"font-size:11pt\"><span style=\"line-height:normal\"><span style=\"font-family:&quot;Calibri&quot;,sans-serif\"><a href=\"https:\/\/www.inovacaotecnologica.com.br\/noticias\/noticia.php?artigo=bioplastico-casca-coco-realmente-bio&amp;id=010125221124&amp;ebol=sim#.Y4D-0H3MKUk\" style=\"color:blue; text-decoration:underline\"><span style=\"font-size:14.0pt\">Biopl&aacute;stico de casca de coco &eacute; realmente bio<\/span><\/a><\/span><\/span><\/span><\/p>\r\n\r\n<p class=\"MsoTitle\" style=\"text-align:justify\"><span style=\"font-size:28pt\"><span style=\"font-family:&quot;Cambria&quot;,serif\"><span style=\"letter-spacing:-0.5pt\"><b><span style=\"font-size:18.0pt\"><span style=\"font-family:&quot;Calibri&quot;,sans-serif\"><span style=\"font-variant:small-caps\">Inova&ccedil;&atilde;o<\/span><\/span><\/span><\/b><\/span><\/span><\/span><\/p>\r\n\r\n<p style=\"text-align:justify\"><span style=\"font-size:11pt\"><span style=\"line-height:normal\"><span style=\"font-family:&quot;Calibri&quot;,sans-serif\"><a href=\"https:\/\/noticias.portaldaindustria.com.br\/noticias\/inovacao-e-tecnologia\/confira-algumas-das-reflexoes-do-encontro-industria-e-academia\/\" style=\"color:blue; text-decoration:underline\"><span style=\"font-size:14.0pt\">Confira algumas das reflex&otilde;es do encontro Ind&uacute;stria e Academia<\/span><\/a><\/span><\/span><\/span><\/p>\r\n\r\n<p style=\"text-align:justify\"><span style=\"font-size:11pt\"><span style=\"line-height:normal\"><span style=\"font-family:&quot;Calibri&quot;,sans-serif\"><a href=\"https:\/\/www.portugaltextil.com\/genetica-abre-novos-horizontes-aos-texteis\/?utm_term=Portugal+Textil+a%3F%3F%3F%3F+23.11.2022&amp;utm_campaign=Portugal+Textil+FInal&amp;utm_source=e-goi&amp;utm_medium=email\" style=\"color:blue; text-decoration:underline\"><span style=\"font-size:14.0pt\">Gen&eacute;tica abre novos horizontes aos t&ecirc;xteis<\/span><\/a><\/span><\/span><\/span><\/p>\r\n\r\n<p style=\"text-align:justify\"><span style=\"font-size:11pt\"><span style=\"line-height:normal\"><span style=\"font-family:&quot;Calibri&quot;,sans-serif\"><span class=\"MsoHyperlink\" style=\"color:blue\"><span style=\"text-decoration:underline\"><span style=\"font-size:14.0pt\"><a href=\"https:\/\/www.portugaltextil.com\/bmw-enaltece-fibras-naturais\/?utm_term=Portugal+Textil+a%3F%3F%3F%3F+24.11.2022&amp;utm_campaign=Portugal+Textil+FInal&amp;utm_source=e-goi&amp;utm_medium=email\" style=\"color:blue; text-decoration:underline\">BMW enaltece fibras naturais<\/a><\/span><\/span><\/span><\/span><\/span><\/span><\/p>\r\n\r\n<p style=\"text-align:justify\"><span style=\"font-size:11pt\"><span style=\"line-height:normal\"><span style=\"font-family:&quot;Calibri&quot;,sans-serif\"><span class=\"MsoHyperlink\" style=\"color:blue\"><span style=\"text-decoration:underline\"><span style=\"font-size:14.0pt\"><a href=\"https:\/\/www.technicaltextile.net\/news\/us-dyper-converts-soiled-diapers-wipes-into-usable-biochar-284277.html\" style=\"color:blue; text-decoration:underline\">US&#39; Dyper converts soiled diapers &amp; wipes into usable biochar<\/a><\/span><\/span><\/span><\/span><\/span><\/span><\/p>\r\n\r\n<p class=\"MsoTitleCxSpLast\" style=\"text-align:justify\"><span style=\"font-size:28pt\"><span style=\"font-family:&quot;Cambria&quot;,serif\"><span style=\"letter-spacing:-0.5pt\"><b><span style=\"font-size:18.0pt\"><span style=\"font-family:&quot;Calibri&quot;,sans-serif\"><span style=\"font-variant:small-caps\">Com&eacute;rcio Exterior<\/span><\/span><\/span><\/b><\/span><\/span><\/span><\/p>\r\n\r\n<p style=\"text-align:justify\"><span style=\"font-size:11pt\"><span style=\"line-height:normal\"><span style=\"font-family:&quot;Calibri&quot;,sans-serif\"><a href=\"https:\/\/www.fibre2fashion.com\/news\/textile-news\/china-s-textiles-apparel-exports-at-273-bn-in-jan-oct-2022--284228-newsdetails.htm\" style=\"color:blue; text-decoration:underline\"><span style=\"font-size:14.0pt\">China&#39;s textiles &amp; apparel exports at $273 bn in Jan-Oct 2022<\/span><\/a><\/span><\/span><\/span><\/p>\r\n\r\n<p style=\"text-align:justify\"><span style=\"font-size:11pt\"><span style=\"line-height:normal\"><span style=\"font-family:&quot;Calibri&quot;,sans-serif\"><a href=\"https:\/\/www.gov.br\/pt-br\/noticias\/financas-impostos-e-gestao-publica\/2022\/11\/superavit-da-balanca-comercial-ja-chega-a-us-54-84-bilhoes-no-ano\" style=\"color:blue; text-decoration:underline\"><span style=\"font-size:14.0pt\">Super&aacute;vit da balan&ccedil;a comercial j&aacute; chega a US$ 54,84 bilh&otilde;es no ano<\/span><\/a><\/span><\/span><\/span><\/p>\r\n\r\n<p class=\"MsoTitle\" style=\"text-align:justify\"><span style=\"font-size:28pt\"><span style=\"font-family:&quot;Cambria&quot;,serif\"><span style=\"letter-spacing:-0.5pt\"><b><span style=\"font-size:18.0pt\"><span style=\"font-family:&quot;Calibri&quot;,sans-serif\"><span style=\"font-variant:small-caps\">Economia<\/span><\/span><\/span><\/b><\/span><\/span><\/span><\/p>\r\n\r\n<p style=\"text-align:justify\"><span style=\"font-size:11pt\"><span style=\"line-height:normal\"><span style=\"font-family:&quot;Calibri&quot;,sans-serif\"><a href=\"https:\/\/www.bcb.gov.br\/content\/focus\/focus\/R20221125.pdf\" style=\"color:blue; text-decoration:underline\"><span style=\"font-size:14.0pt\">Focus &ndash; Relat&oacute;rio de Mercado<\/span><\/a><\/span><\/span><\/span><\/p>\r\n\r\n<p style=\"text-align:justify\"><span style=\"font-size:11pt\"><span style=\"line-height:normal\"><span style=\"font-family:&quot;Calibri&quot;,sans-serif\"><a href=\"https:\/\/agenciabrasil.ebc.com.br\/economia\/noticia\/2022-11\/projecao-de-superavit-primario-em-2022-sobe-para-r-2336-bilhoes\" style=\"color:blue; text-decoration:underline\"><span style=\"font-size:14.0pt\">Proje&ccedil;&atilde;o de super&aacute;vit prim&aacute;rio em 2022 sobe para R$ 23,36 bilh&otilde;es<\/span><\/a><\/span><\/span><\/span><\/p>\r\n\r\n<p style=\"text-align:justify\"><span style=\"font-size:11pt\"><span style=\"line-height:normal\"><span style=\"font-family:&quot;Calibri&quot;,sans-serif\"><a href=\"https:\/\/agenciabrasil.ebc.com.br\/economia\/noticia\/2022-11\/fim-de-desoneracoes-garantiria-superavit-fiscal-em-2023-diz-ministro\" style=\"color:blue; text-decoration:underline\"><span style=\"font-size:14.0pt\">Fim de desonera&ccedil;&otilde;es garantiria super&aacute;vit fiscal em 2023, diz ministro<\/span><\/a><\/span><\/span><\/span><\/p>\r\n\r\n<p style=\"text-align:justify\"><span style=\"font-size:11pt\"><span style=\"line-height:normal\"><span style=\"font-family:&quot;Calibri&quot;,sans-serif\"><a href=\"https:\/\/agenciabrasil.ebc.com.br\/economia\/noticia\/2022-11\/mercado-financeiro-eleva-projecao-da-inflacao-de-588-para-591\" style=\"color:blue; text-decoration:underline\"><span style=\"font-size:14.0pt\">Mercado financeiro eleva proje&ccedil;&atilde;o da infla&ccedil;&atilde;o de 5,88% para 5,91%<\/span><\/a><\/span><\/span><\/span><\/p>\r\n\r\n<p style=\"text-align:justify\"><span style=\"font-size:11pt\"><span style=\"line-height:normal\"><span style=\"font-family:&quot;Calibri&quot;,sans-serif\"><a href=\"https:\/\/agenciabrasil.ebc.com.br\/economia\/noticia\/2022-11\/batalha-da-inflacao-ainda-nao-foi-vencida-diz-presidente-do-bc\" style=\"color:blue; text-decoration:underline\"><span style=\"font-size:14.0pt\">Batalha da infla&ccedil;&atilde;o ainda n&atilde;o foi vencida, diz presidente do BC<\/span><\/a><\/span><\/span><\/span><\/p>\r\n\r\n<p style=\"text-align:justify\"><span style=\"font-size:11pt\"><span style=\"line-height:normal\"><span style=\"font-family:&quot;Calibri&quot;,sans-serif\"><a href=\"https:\/\/portalibre.fgv.br\/noticias\/clima-economico-da-america-latina-melhora-mas-continua-desfavoravel-0\" style=\"color:blue; text-decoration:underline\"><span style=\"font-size:14.0pt\">Clima Econ&ocirc;mico da Am&eacute;rica Latina melhora, mas continua desfavor&aacute;vel<\/span><\/a><\/span><\/span><\/span><\/p>\r\n\r\n<p style=\"text-align:justify\"><span style=\"font-size:11pt\"><span style=\"line-height:normal\"><span style=\"font-family:&quot;Calibri&quot;,sans-serif\"><a href=\"https:\/\/agenciabrasil.ebc.com.br\/economia\/noticia\/2022-11\/clima-economico-do-brasil-cresce-30-pontos-revela-fgv\" style=\"color:blue; text-decoration:underline\"><span style=\"font-size:14.0pt\">Clima econ&ocirc;mico do Brasil cresce 30 pontos, revela FGV<\/span><\/a><\/span><\/span><\/span><\/p>\r\n","6":"<p style=\"text-align:justify\"><span style=\"font-size:11pt\"><span style=\"line-height:normal\"><span style=\"font-family:&quot;Calibri&quot;,sans-serif\"><span style=\"font-size:14.0pt\">Esta &eacute; uma compila&ccedil;&atilde;o das not&iacute;cias mais relevantes para o setor, incluindo informa&ccedil;&otilde;es sobre acordos internacionais, economia brasileira, sustentabilidade e mat&eacute;rias primas, al&eacute;m de novidades do setor de N&atilde;otecidos e Tecidos T&eacute;cnicos.<\/span><\/span><\/span><\/span><\/p>\r\n\r\n<p class=\"MsoTitleCxSpLast\" style=\"text-align:justify\"><span style=\"font-size:28pt\"><span style=\"font-family:&quot;Cambria&quot;,serif\"><span style=\"letter-spacing:-0.5pt\"><b><span style=\"font-size:18.0pt\"><span style=\"font-family:&quot;Calibri&quot;,sans-serif\"><span style=\"font-variant:small-caps\">A&ccedil;&otilde;es da ABINT<\/span><\/span><\/span><\/b><\/span><\/span><\/span><\/p>\r\n\r\n<p class=\"MsoTitleCxSpLast\" style=\"text-align:justify\"><img height=\"450\" src=\"https:\/\/www.abint.org.br\/assets\/img\/editor\/18a-palestra-milton-vargas-08-12-2022_20221129144905i6YrxrxNyx.jpeg\" width=\"450\" \/><\/p>\r\n\r\n<p style=\"text-align:justify\"><span style=\"font-size:11pt\"><span style=\"line-height:normal\"><span style=\"font-family:&quot;Calibri&quot;,sans-serif\"><strong><span style=\"font-size:14.0pt\"><span style=\"font-family:&quot;Calibri&quot;,sans-serif\">18&ordf; Palestra Milton Vargas da ABMS<\/span><\/span><\/strong><span style=\"font-size:14.0pt\"> (2022) ser&aacute; ministrada pelo <strong><span style=\"font-family:&quot;Calibri&quot;,sans-serif\">Prof. Luis Edmundo Prado de Campos<\/span><\/strong> no dia <strong><span style=\"font-family:&quot;Calibri&quot;,sans-serif\">8 de dezembro, &agrave;s 19 horas, no Canal ABMS do YouTube.<\/span><\/strong><\/span><\/span><\/span><\/span><\/p>\r\n\r\n<p style=\"text-align:justify\"><span style=\"font-size:11pt\"><span style=\"line-height:normal\"><span style=\"font-family:&quot;Calibri&quot;,sans-serif\"><span style=\"font-size:14.0pt\">Engenheiro civil pela UFBA e mestre em geotecnia pela PUC-Rio, o Prof. Luis Edmundo &eacute; coordenador do Laborat&oacute;rio de Geotecnia da UFBA e diretor da Escola Polit&eacute;cnica, al&eacute;m de presidir o CREA-BA e ocupar o cargo de CEO na LEPC Consultoria Geot&eacute;cnica.<\/span><\/span><\/span><\/span><\/p>\r\n\r\n<p style=\"text-align:justify\"><span style=\"font-size:11pt\"><span style=\"line-height:normal\"><span style=\"font-family:&quot;Calibri&quot;,sans-serif\"><span style=\"font-size:14.0pt\">Nesta palestra, falar&aacute; sobre o tema &ldquo;Conten&ccedil;&otilde;es - Tipos e Aplica&ccedil;&otilde;es&rdquo;, no qual &eacute; especialista, abordando os diversos tipos de conten&ccedil;&otilde;es, suas aplica&ccedil;&otilde;es, funcionalidades, conceitos de dimensionamento preliminar e casos de obras.<\/span><\/span><\/span><\/span><\/p>\r\n\r\n<p style=\"text-align:justify\"><span style=\"font-size:11pt\"><span style=\"line-height:normal\"><span style=\"font-family:&quot;Calibri&quot;,sans-serif\"><span style=\"font-size:14.0pt\">Desde 2005 a Palestra Milton Vargas &eacute; proferida anualmente por um profissional renomado da comunidade geot&eacute;cnica brasileira, levando temas da pr&aacute;tica da geotecnia a jovens engenheiros, estudantes e pesquisadores.<\/span><\/span><\/span><\/span><\/p>\r\n\r\n<p style=\"text-align:justify\"><span style=\"font-size:11pt\"><span style=\"line-height:normal\"><span style=\"font-family:&quot;Calibri&quot;,sans-serif\"><b><span style=\"font-size:14.0pt\">Acesse <\/span><\/b><a href=\"https:\/\/abint.us2.list-manage.com\/track\/click?u=88818ac6bf44316570fc1bc2f&amp;id=65681aa913&amp;e=626265ad22\" style=\"color:blue; text-decoration:underline\" target=\"_blank\"><b><span style=\"font-size:14.0pt\"><span style=\"color:#007c89\">https:\/\/www.youtube.com\/c\/CanalABMS<\/span><\/span><\/b><\/a><b><span style=\"font-size:14.0pt\"> e participe!<\/span><\/b><\/span><\/span><\/span><\/p>\r\n\r\n<p style=\"text-align:justify\">&nbsp;<\/p>\r\n\r\n<p style=\"text-align:justify\"><span style=\"font-size:11pt\"><span style=\"line-height:normal\"><span style=\"font-family:&quot;Calibri&quot;,sans-serif\"><b><span style=\"font-size:14.0pt\"><img height=\"450\" src=\"https:\/\/www.abint.org.br\/assets\/img\/editor\/20221201-live-ctg-instagram-rafael_20221129145029LRbxzW2aIO.jpg\" width=\"450\" \/><\/span><\/b><\/span><\/span><\/span><\/p>\r\n\r\n<p style=\"text-align:justify\"><span style=\"font-size:11pt\"><span style=\"line-height:normal\"><span style=\"font-family:&quot;Calibri&quot;,sans-serif\"><span style=\"font-size:14.0pt\">O pr&oacute;ximo <strong><span style=\"font-family:&quot;Calibri&quot;,sans-serif\">CTG Entrevista<\/span><\/strong> receber&aacute; o <strong><span style=\"font-family:&quot;Calibri&quot;,sans-serif\">Eng. Rafael Pl&aacute;cido<\/span><\/strong>, Doutor pela Poli-USP, Professor Convidado do Instituto Mau&aacute; de Tecnologia e projetista e consultor na Interact Engenharia e na Solotechnique Consultoria e Engenharia Geot&eacute;cnica. Foi vencedor do Pr&ecirc;mio Petrobras de Tecnologia em 2006, do Pr&ecirc;mio Estudante IGS Brasil em 2019 e do IGS Student Award em 2020.<\/span><\/span><\/span><\/span><\/p>\r\n\r\n<p style=\"text-align:justify\"><span style=\"font-size:11pt\"><span style=\"line-height:normal\"><span style=\"font-family:&quot;Calibri&quot;,sans-serif\"><span style=\"font-size:14.0pt\">Anote na agenda!<\/span><\/span><\/span><\/span><\/p>\r\n\r\n<p style=\"text-align:justify\"><b><span style=\"font-size:14.0pt\"><span style=\"line-height:115%\"><span style=\"font-family:&quot;Calibri&quot;,sans-serif\">01\/12, 18hs, em nosso Instagram<\/span><\/span><\/span><\/b><span style=\"font-size:14.0pt\"><span style=\"line-height:115%\"><span style=\"font-family:&quot;Calibri&quot;,sans-serif\">: <\/span><\/span><\/span><span style=\"font-size:11.0pt\"><span style=\"line-height:115%\"><span style=\"font-family:&quot;Calibri&quot;,sans-serif\"><a href=\"https:\/\/www.instagram.com\/ctg_abint\/\" style=\"color:blue; text-decoration:underline\"><span style=\"font-size:14.0pt\"><span style=\"line-height:115%\">https:\/\/www.instagram.com\/ctg_abint\/<\/span><\/span><\/a><\/span><\/span><\/span><\/p>\r\n\r\n<p style=\"text-align:justify\">&nbsp;<\/p>\r\n\r\n<p style=\"text-align:justify\"><img height=\"450\" src=\"https:\/\/www.abint.org.br\/assets\/img\/editor\/post-ciclo-qualidade-2022_20221129145142qelqONNUTc.png\" width=\"450\" \/><\/p>\r\n\r\n<p style=\"text-align:justify\"><span style=\"font-size:11pt\"><span style=\"line-height:normal\"><span style=\"font-family:&quot;Calibri&quot;,sans-serif\"><b><span style=\"font-size:14.0pt\">No dia12\/12, &agrave;s 18h<\/span><\/b><span style=\"font-size:14.0pt\">, vamos reunir especialistas para debater sobre a &ldquo;<b>Durabilidade dos Geossint&eacute;ticos&rdquo;<\/b>.<\/span><\/span><\/span><\/span><\/p>\r\n\r\n<p style=\"text-align:justify\"><span style=\"font-size:11pt\"><span style=\"line-height:normal\"><span style=\"font-family:&quot;Calibri&quot;,sans-serif\"><span style=\"font-size:14.0pt\">O evento &eacute; parte do movimento <b>&ldquo;Ciclo da Qualidade em Geossint&eacute;ticos&rdquo;<\/b>, criado pelo CTG e pelo IGS para enfatizar a import&acirc;ncia da conformidade no que tange aos geossint&eacute;ticos em todos os aspectos: desde a fabrica&ccedil;&atilde;o, passando por normas e as diversas aplica&ccedil;&otilde;es.<\/span><\/span><\/span><\/span><\/p>\r\n\r\n<p style=\"text-align:justify\"><b><span style=\"font-size:14.0pt\"><span style=\"line-height:115%\"><span style=\"font-family:&quot;Calibri&quot;,sans-serif\">A transmiss&atilde;o ser&aacute; aberta e gratuita, pelo canal do Youtube da Geotecnia Brasil: <\/span><\/span><\/span><\/b><span style=\"font-size:11.0pt\"><span style=\"line-height:115%\"><span style=\"font-family:&quot;Calibri&quot;,sans-serif\"><a href=\"https:\/\/abint.us2.list-manage.com\/track\/click?u=88818ac6bf44316570fc1bc2f&amp;id=4fecfd4b84&amp;e=626265ad22\" style=\"color:blue; text-decoration:underline\" target=\"_blank\"><b><span style=\"font-size:14.0pt\"><span style=\"line-height:115%\"><span style=\"color:#007c89\">https:\/\/youtu.be\/5n3El_-Ky88<\/span><\/span><\/span><\/b><\/a><\/span><\/span><\/span><\/p>\r\n\r\n<p style=\"text-align:justify\">&nbsp;<\/p>\r\n\r\n<p style=\"text-align:justify\"><span style=\"font-size:11.0pt\"><span style=\"line-height:115%\"><span style=\"font-family:&quot;Calibri&quot;,sans-serif\"><b><span style=\"font-size:14.0pt\"><span style=\"line-height:115%\"><span style=\"color:#007c89\"><img height=\"450\" src=\"https:\/\/www.abint.org.br\/assets\/img\/editor\/premio-tcc-ic-2023-arte-1_20221129145259565DEt4Y5u.png\" width=\"450\" \/><\/span><\/span><\/span><\/b><\/span><\/span><\/span><\/p>\r\n\r\n<p style=\"text-align:justify\"><span style=\"font-size:11pt\"><span style=\"line-height:normal\"><span style=\"font-family:&quot;Calibri&quot;,sans-serif\"><strong><span style=\"font-size:14.0pt\"><span style=\"font-family:&quot;Calibri&quot;,sans-serif\">O CTG ABINT e a IGS BRASIL <\/span><\/span><\/strong><span style=\"font-size:14.0pt\">convidam aqueles que desenvolveram trabalhos acad&ecirc;micos relacionados aos geossint&eacute;ticos a participarem&nbsp;de mais uma edi&ccedil;&atilde;o do Pr&ecirc;mio TCC\/IC.<\/span><\/span><\/span><\/span><\/p>\r\n\r\n<p style=\"text-align:justify\"><span style=\"font-size:11.0pt\"><span style=\"line-height:115%\"><span style=\"font-family:&quot;Calibri&quot;,sans-serif\"><a href=\"https:\/\/abint.us2.list-manage.com\/track\/click?u=88818ac6bf44316570fc1bc2f&amp;id=46b014bcf1&amp;e=626265ad22\" style=\"color:blue; text-decoration:underline\" target=\"_blank\"><span style=\"font-size:14.0pt\"><span style=\"line-height:115%\"><span style=\"color:#007c89\">Mais informa&ccedil;&otilde;es e inscri&ccedil;&otilde;es<\/span><\/span><\/span><\/a><\/span><\/span><\/span><\/p>\r\n\r\n<p style=\"text-align:justify\">&nbsp;<\/p>\r\n\r\n<p style=\"text-align:justify\"><span style=\"font-size:11pt\"><span style=\"line-height:normal\"><span style=\"font-family:&quot;Calibri&quot;,sans-serif\"><b><span style=\"font-size:18.0pt\"><span style=\"font-variant:small-caps\">Eventos<\/span><\/span><\/b><\/span><\/span><\/span><\/p>\r\n\r\n<h3 style=\"text-align: justify;\"><strong>Abit | Lan&ccedil;amento Estudo Setorial da Cadeia T&ecirc;xtil e Confeccionista de SP<\/strong>, 06 de dezembro, Audit&oacute;rio FATEC Americana. <span style=\"font-size:11pt\"><span style=\"line-height:normal\"><span style=\"font-family:&quot;Calibri&quot;,sans-serif\"><a href=\"https:\/\/app.rdstation.email\/mail\/a823542d-32ab-4aaf-9673-aa1e5713bba5?utm_campaign=convite_evento_modaind_americana&amp;utm_medium=email&amp;utm_source=RD+Station\" style=\"color:blue; text-decoration:underline\"><span style=\"font-size:14.0pt\">Informa&ccedil;&otilde;es<\/span><\/a> <\/span><\/span><\/span><\/h3>\r\n\r\n<p style=\"text-align:justify\"><span style=\"font-size:11pt\"><span style=\"line-height:normal\"><span style=\"font-family:&quot;Calibri&quot;,sans-serif\"><b><span style=\"font-size:14.0pt\">GO Wipes Europe Conference<\/span><\/b><span style=\"font-size:14.0pt\">, 7 &amp; 8 December 2022, Amsterdam, The Netherlands. <\/span><a href=\"https:\/\/www.go-wipes.com\/home\" style=\"color:blue; text-decoration:underline\"><span style=\"font-size:14.0pt\">Informa&ccedil;&otilde;es<\/span><\/a><\/span><\/span><\/span><\/p>\r\n\r\n<p style=\"text-align:justify\"><span style=\"font-size:11pt\"><span style=\"line-height:normal\"><span style=\"font-family:&quot;Calibri&quot;,sans-serif\"><b><span style=\"font-size:14.0pt\">FGV-IBRE | IV Semin&aacute;rio de An&aacute;lise Conjuntural<\/span><\/b><span style=\"font-size:14.0pt\">, 08 de dezembro, transmiss&atilde;o via YouTube. <\/span><a href=\"https:\/\/evento.fgv.br\/seminariodeanaliseconjuntural_0812\/\" style=\"color:blue; text-decoration:underline\"><span style=\"font-size:14.0pt\">Informa&ccedil;&otilde;es<\/span><\/a><\/span><\/span><\/span><\/p>\r\n\r\n<p style=\"text-align:justify\"><span style=\"font-size:11pt\"><span style=\"line-height:normal\"><span style=\"font-family:&quot;Calibri&quot;,sans-serif\"><b><span style=\"font-size:14.0pt\">Webinar ABNT | ESG e Indicadores de Sustentabilidade<\/span><\/b><span style=\"font-size:14.0pt\">, 14 a 16 de dezembro, 8h30 &agrave;s 12h30, online. <\/span><a href=\"https:\/\/abnlink.abnt.org.br\/cl\/POkyC\/FZi\/8195\/LCFJkUKAOaB\/BLNq\/IjtXd4SWxTy\/1\/\" style=\"color:blue; text-decoration:underline\"><span style=\"font-size:14.0pt\">Informa&ccedil;&otilde;es<\/span><\/a><\/span><\/span><\/span><\/p>\r\n\r\n<p style=\"text-align:justify\"><span style=\"font-size:11pt\"><span style=\"line-height:normal\"><span style=\"font-family:&quot;Calibri&quot;,sans-serif\"><b><span style=\"font-size:14.0pt\">FGV-IBRE | Semin&aacute;rio de Produtividade e Mercado de Trabalho<\/span><\/b><span style=\"font-size:14.0pt\">, 15 de dezembro, transmiss&atilde;o via YouTube. <\/span><a href=\"https:\/\/evento.fgv.br\/produtividadeemercadodetrabalho\/\" style=\"color:blue; text-decoration:underline\"><span style=\"font-size:14.0pt\">Informa&ccedil;&otilde;es<\/span><\/a> <\/span><\/span><\/span><\/p>\r\n\r\n<p class=\"MsoTitle\" style=\"text-align:justify\"><span style=\"font-size:28pt\"><span style=\"font-family:&quot;Cambria&quot;,serif\"><span style=\"letter-spacing:-0.5pt\"><b><span style=\"font-size:18.0pt\"><span style=\"font-family:&quot;Calibri&quot;,sans-serif\"><span style=\"font-variant:small-caps\">Setor<\/span><\/span><\/span><\/b><\/span><\/span><\/span><\/p>\r\n\r\n<p style=\"text-align:justify\"><span style=\"font-size:11pt\"><span style=\"line-height:normal\"><span style=\"font-family:&quot;Calibri&quot;,sans-serif\"><a href=\"https:\/\/www.technicaltextile.net\/news\/austria-s-andritz-to-showcase-nonwovens-textile-tech-at-itme-2022-284203.html\" style=\"color:blue; text-decoration:underline\"><span style=\"font-size:14.0pt\">Austria&#39;s Andritz to showcase nonwovens, textile tech at ITME 2022<\/span><\/a><\/span><\/span><\/span><\/p>\r\n\r\n<p style=\"text-align:justify\"><span style=\"font-size:11pt\"><span style=\"line-height:normal\"><span style=\"font-family:&quot;Calibri&quot;,sans-serif\"><a href=\"https:\/\/www.textiletechnology.net\/technical-textiles\/news\/freudenberg-pm-biodegradable-thermal-insulation-made-from-lyocell-33193?utm_source=%2Fmeta%2Fnewsletter%2Fnewsletter&amp;utm_medium=newsletter&amp;utm_campaign=nl1029&amp;utm_term=0801b20e08c3242125d512808cd74302\" style=\"color:blue; text-decoration:underline\"><span style=\"font-size:14.0pt\">Freudenberg PM: Biodegradable thermal insulation made from lyocell<\/span><\/a><\/span><\/span><\/span><\/p>\r\n\r\n<p style=\"text-align:justify\"><span style=\"font-size:11pt\"><span style=\"line-height:normal\"><span style=\"font-family:&quot;Calibri&quot;,sans-serif\"><a href=\"https:\/\/www.innovationintextiles.com\/fibres-yarns-fabrics\/cutting-emissions-with-solar-power\/\" style=\"color:blue; text-decoration:underline\"><span style=\"font-size:14.0pt\">Freudenberg: Cutting emissions with solar power<\/span><\/a><\/span><\/span><\/span><\/p>\r\n\r\n<p style=\"text-align:justify\"><span style=\"font-size:11pt\"><span style=\"line-height:normal\"><span style=\"font-family:&quot;Calibri&quot;,sans-serif\"><a href=\"https:\/\/www.textiletechnology.net\/fibers\/news\/ivl-275-million-for-financing-program-33166?utm_source=%2Fmeta%2Fnewsletter%2Fnewsletter&amp;utm_medium=newsletter&amp;utm_campaign=nl1027&amp;utm_term=0801b20e08c3242125d512808cd74302\" style=\"color:blue; text-decoration:underline\"><span style=\"font-size:14.0pt\">IVL: &euro;275 million for financing program<\/span><\/a><\/span><\/span><\/span><\/p>\r\n\r\n<p style=\"text-align:justify\"><span style=\"font-size:11pt\"><span style=\"line-height:normal\"><span style=\"font-family:&quot;Calibri&quot;,sans-serif\"><a href=\"https:\/\/www.anahp.com.br\/pdf\/indicadores-nov22.pdf\" style=\"color:blue; text-decoration:underline\"><span style=\"font-size:14.0pt\">Indicadores Hospitalares ANAHP &ndash; novembro\/2022<\/span><\/a><\/span><\/span><\/span><\/p>\r\n\r\n<p style=\"text-align:justify\"><span style=\"font-size:11pt\"><span style=\"line-height:normal\"><span style=\"font-family:&quot;Calibri&quot;,sans-serif\"><a href=\"https:\/\/www.santos.sp.gov.br\/?q=noticia\/morros-santistas-terao-mais-obras-de-contencao-e-drenagem-com-investimento-de-r-49-milhoes\" style=\"color:blue; text-decoration:underline\"><span style=\"font-size:14.0pt\">Geomanta: Morros santistas ter&atilde;o mais obras de conten&ccedil;&atilde;o e drenagem com investimento de R$ 49 milh&otilde;es<\/span><\/a><\/span><\/span><\/span><\/p>\r\n\r\n<p class=\"MsoTitle\" style=\"text-align:justify\"><span style=\"font-size:28pt\"><span style=\"font-family:&quot;Cambria&quot;,serif\"><span style=\"letter-spacing:-0.5pt\"><b><span style=\"font-size:18.0pt\"><span style=\"font-family:&quot;Calibri&quot;,sans-serif\"><span style=\"font-variant:small-caps\">Ind&uacute;stria<\/span><\/span><\/span><\/b><\/span><\/span><\/span><\/p>\r\n\r\n<p style=\"text-align:justify\"><span style=\"font-size:11pt\"><span style=\"line-height:normal\"><span style=\"font-family:&quot;Calibri&quot;,sans-serif\"><a href=\"https:\/\/noticias.portaldaindustria.com.br\/noticias\/economia\/confianca-da-industria-caiu-nos-29-setores-analisados-em-novembro\/\" style=\"color:blue; text-decoration:underline\"><span style=\"font-size:14.0pt\">Confian&ccedil;a da ind&uacute;stria caiu nos 29 setores analisados em novembro<\/span><\/a><\/span><\/span><\/span><\/p>\r\n\r\n<p style=\"text-align:justify\"><span style=\"font-size:11pt\"><span style=\"line-height:normal\"><span style=\"font-family:&quot;Calibri&quot;,sans-serif\"><a href=\"https:\/\/portalibre.fgv.br\/noticias\/confianca-da-industria-cai-36-pontos-em-novembro\" style=\"color:blue; text-decoration:underline\"><span style=\"font-size:14.0pt\">Confian&ccedil;a da Ind&uacute;stria cai 3,6 pontos em novembro<\/span><\/a><\/span><\/span><\/span><\/p>\r\n\r\n<p style=\"text-align:justify\"><span style=\"font-size:11pt\"><span style=\"line-height:normal\"><span style=\"font-family:&quot;Calibri&quot;,sans-serif\"><a href=\"https:\/\/noticias.portaldaindustria.com.br\/noticias\/economia\/industria-da-construcao-registra-queda-no-ritmo-de-crescimento-em-outubro\/\" style=\"color:blue; text-decoration:underline\"><span style=\"font-size:14.0pt\">Ind&uacute;stria da constru&ccedil;&atilde;o registra queda no ritmo de crescimento em outubro<\/span><\/a><\/span><\/span><\/span><\/p>\r\n\r\n<p style=\"text-align:justify\"><span style=\"font-size:11pt\"><span style=\"line-height:normal\"><span style=\"font-family:&quot;Calibri&quot;,sans-serif\"><a href=\"https:\/\/exclusivo.com.br\/_conteudo\/varejo\/2022\/11\/24\/vendas-do-varejo-devem-registrar-aumento-nominal-em-novembro-e-nos-proximos-dois-meses.html?utm_campaign=Feira+Zero+Grau+termina+com+150+marcas+garantidas+na+edi%C3%A7%C3%A3o+de+2023&amp;utm_content=Vendas+do+varejo+devem+registrar+aumento+nominal+em+novembro+e+nos+pr%C3%B3ximos+dois+meses+-+Jornal+Exclusivo+%283%29&amp;utm_medium=email&amp;utm_source=EmailMarketing&amp;utm_term=Feira+Zero+Grau+termina+com+150+marcas+garantidas+na+edi%C3%A7%C3%A3o+de+2023\" style=\"color:blue; text-decoration:underline\"><span style=\"font-size:14.0pt\">Vendas do varejo devem registrar aumento nominal em novembro e nos pr&oacute;ximos dois meses<\/span><\/a><\/span><\/span><\/span><\/p>\r\n\r\n<p style=\"text-align:justify\"><span style=\"font-size:11pt\"><span style=\"line-height:normal\"><span style=\"font-family:&quot;Calibri&quot;,sans-serif\"><a href=\"https:\/\/portalibre.fgv.br\/noticias\/crise-energetica\" style=\"color:blue; text-decoration:underline\"><span style=\"font-size:14.0pt\">Crise energ&eacute;tica<\/span><\/a><\/span><\/span><\/span><\/p>\r\n\r\n<p style=\"text-align:justify\"><span style=\"font-size:11pt\"><span style=\"line-height:normal\"><span style=\"font-family:&quot;Calibri&quot;,sans-serif\"><a href=\"https:\/\/www.textiletechnology.net\/technology\/news\/euratex-disappointment-over-ec-price-cap-on-gas-33200?utm_source=%2Fmeta%2Fnewsletter%2Fnewsletter&amp;utm_medium=newsletter&amp;utm_campaign=nl1030&amp;utm_term=0801b20e08c3242125d512808cd74302\" style=\"color:blue; text-decoration:underline\"><span style=\"font-size:14.0pt\">Euratex: Disappointment over EC price cap on gas<\/span><\/a><\/span><\/span><\/span><\/p>\r\n\r\n<p style=\"text-align:justify\"><span style=\"font-size:11pt\"><span style=\"line-height:normal\"><span style=\"font-family:&quot;Calibri&quot;,sans-serif\"><a href=\"https:\/\/www.ipea.gov.br\/portal\/categorias\/45-todas-as-noticias\/noticias\/13428-estudo-propoe-melhorias-regulatorias-para-investimentos-em-infraestrutura-no-brasil\" style=\"color:blue; text-decoration:underline\"><span style=\"font-size:14.0pt\">Estudo prop&otilde;e melhorias regulat&oacute;rias para investimentos em infraestrutura no Brasil<\/span><\/a><\/span><\/span><\/span><\/p>\r\n\r\n<p class=\"MsoTitle\" style=\"text-align:justify\"><span style=\"font-size:28pt\"><span style=\"font-family:&quot;Cambria&quot;,serif\"><span style=\"letter-spacing:-0.5pt\"><b><span style=\"font-size:18.0pt\"><span style=\"font-family:&quot;Calibri&quot;,sans-serif\"><span style=\"font-variant:small-caps\">Sustentabilidade<\/span><\/span><\/span><\/b><\/span><\/span><\/span><\/p>\r\n\r\n<p style=\"text-align:justify\"><span style=\"font-size:11pt\"><span style=\"line-height:normal\"><span style=\"font-family:&quot;Calibri&quot;,sans-serif\"><a href=\"https:\/\/www.portugaltextil.com\/organizacoes-questionam-planos-da-ue-para-os-texteis-sustentaveis\/?utm_term=Portugal+Textil+a%3F%3F%3F%3F+22.11.2022&amp;utm_campaign=Portugal+Textil+FInal&amp;utm_source=e-goi&amp;utm_medium=email\" style=\"color:blue; text-decoration:underline\"><span style=\"font-size:14.0pt\">Organiza&ccedil;&otilde;es questionam planos da UE para os t&ecirc;xteis sustent&aacute;veis<\/span><\/a><\/span><\/span><\/span><\/p>\r\n\r\n<p style=\"text-align:justify\"><span style=\"font-size:11pt\"><span style=\"line-height:normal\"><span style=\"font-family:&quot;Calibri&quot;,sans-serif\"><a href=\"https:\/\/www.correiobraziliense.com.br\/ciencia-e-saude\/2022\/11\/5054609-uniao-de-forcas-contra-a-poluicao-plastica.html\" style=\"color:blue; text-decoration:underline\"><span style=\"font-size:14.0pt\">ONU realiza encontro para discutir impacto da polui&ccedil;&atilde;o pl&aacute;stica no mundo<\/span><\/a><\/span><\/span><\/span><\/p>\r\n\r\n<p style=\"text-align:justify\"><span style=\"font-size:11pt\"><span style=\"line-height:normal\"><span style=\"font-family:&quot;Calibri&quot;,sans-serif\"><a href=\"https:\/\/www.inovacaotecnologica.com.br\/noticias\/noticia.php?artigo=bioplastico-casca-coco-realmente-bio&amp;id=010125221124&amp;ebol=sim#.Y4D-0H3MKUk\" style=\"color:blue; text-decoration:underline\"><span style=\"font-size:14.0pt\">Biopl&aacute;stico de casca de coco &eacute; realmente bio<\/span><\/a><\/span><\/span><\/span><\/p>\r\n\r\n<p class=\"MsoTitle\" style=\"text-align:justify\"><span style=\"font-size:28pt\"><span style=\"font-family:&quot;Cambria&quot;,serif\"><span style=\"letter-spacing:-0.5pt\"><b><span style=\"font-size:18.0pt\"><span style=\"font-family:&quot;Calibri&quot;,sans-serif\"><span style=\"font-variant:small-caps\">Inova&ccedil;&atilde;o<\/span><\/span><\/span><\/b><\/span><\/span><\/span><\/p>\r\n\r\n<p style=\"text-align:justify\"><span style=\"font-size:11pt\"><span style=\"line-height:normal\"><span style=\"font-family:&quot;Calibri&quot;,sans-serif\"><a href=\"https:\/\/noticias.portaldaindustria.com.br\/noticias\/inovacao-e-tecnologia\/confira-algumas-das-reflexoes-do-encontro-industria-e-academia\/\" style=\"color:blue; text-decoration:underline\"><span style=\"font-size:14.0pt\">Confira algumas das reflex&otilde;es do encontro Ind&uacute;stria e Academia<\/span><\/a><\/span><\/span><\/span><\/p>\r\n\r\n<p style=\"text-align:justify\"><span style=\"font-size:11pt\"><span style=\"line-height:normal\"><span style=\"font-family:&quot;Calibri&quot;,sans-serif\"><a href=\"https:\/\/www.portugaltextil.com\/genetica-abre-novos-horizontes-aos-texteis\/?utm_term=Portugal+Textil+a%3F%3F%3F%3F+23.11.2022&amp;utm_campaign=Portugal+Textil+FInal&amp;utm_source=e-goi&amp;utm_medium=email\" style=\"color:blue; text-decoration:underline\"><span style=\"font-size:14.0pt\">Gen&eacute;tica abre novos horizontes aos t&ecirc;xteis<\/span><\/a><\/span><\/span><\/span><\/p>\r\n\r\n<p style=\"text-align:justify\"><span style=\"font-size:11pt\"><span style=\"line-height:normal\"><span style=\"font-family:&quot;Calibri&quot;,sans-serif\"><span class=\"MsoHyperlink\" style=\"color:blue\"><span style=\"text-decoration:underline\"><span style=\"font-size:14.0pt\"><a href=\"https:\/\/www.portugaltextil.com\/bmw-enaltece-fibras-naturais\/?utm_term=Portugal+Textil+a%3F%3F%3F%3F+24.11.2022&amp;utm_campaign=Portugal+Textil+FInal&amp;utm_source=e-goi&amp;utm_medium=email\" style=\"color:blue; text-decoration:underline\">BMW enaltece fibras naturais<\/a><\/span><\/span><\/span><\/span><\/span><\/span><\/p>\r\n\r\n<p style=\"text-align:justify\"><span style=\"font-size:11pt\"><span style=\"line-height:normal\"><span style=\"font-family:&quot;Calibri&quot;,sans-serif\"><span class=\"MsoHyperlink\" style=\"color:blue\"><span style=\"text-decoration:underline\"><span style=\"font-size:14.0pt\"><a href=\"https:\/\/www.technicaltextile.net\/news\/us-dyper-converts-soiled-diapers-wipes-into-usable-biochar-284277.html\" style=\"color:blue; text-decoration:underline\">US&#39; Dyper converts soiled diapers &amp; wipes into usable biochar<\/a><\/span><\/span><\/span><\/span><\/span><\/span><\/p>\r\n\r\n<p class=\"MsoTitleCxSpLast\" style=\"text-align:justify\"><span style=\"font-size:28pt\"><span style=\"font-family:&quot;Cambria&quot;,serif\"><span style=\"letter-spacing:-0.5pt\"><b><span style=\"font-size:18.0pt\"><span style=\"font-family:&quot;Calibri&quot;,sans-serif\"><span style=\"font-variant:small-caps\">Com&eacute;rcio Exterior<\/span><\/span><\/span><\/b><\/span><\/span><\/span><\/p>\r\n\r\n<p style=\"text-align:justify\"><span style=\"font-size:11pt\"><span style=\"line-height:normal\"><span style=\"font-family:&quot;Calibri&quot;,sans-serif\"><a href=\"https:\/\/www.fibre2fashion.com\/news\/textile-news\/china-s-textiles-apparel-exports-at-273-bn-in-jan-oct-2022--284228-newsdetails.htm\" style=\"color:blue; text-decoration:underline\"><span style=\"font-size:14.0pt\">China&#39;s textiles &amp; apparel exports at $273 bn in Jan-Oct 2022<\/span><\/a><\/span><\/span><\/span><\/p>\r\n\r\n<p style=\"text-align:justify\"><span style=\"font-size:11pt\"><span style=\"line-height:normal\"><span style=\"font-family:&quot;Calibri&quot;,sans-serif\"><a href=\"https:\/\/www.gov.br\/pt-br\/noticias\/financas-impostos-e-gestao-publica\/2022\/11\/superavit-da-balanca-comercial-ja-chega-a-us-54-84-bilhoes-no-ano\" style=\"color:blue; text-decoration:underline\"><span style=\"font-size:14.0pt\">Super&aacute;vit da balan&ccedil;a comercial j&aacute; chega a US$ 54,84 bilh&otilde;es no ano<\/span><\/a><\/span><\/span><\/span><\/p>\r\n\r\n<p class=\"MsoTitle\" style=\"text-align:justify\"><span style=\"font-size:28pt\"><span style=\"font-family:&quot;Cambria&quot;,serif\"><span style=\"letter-spacing:-0.5pt\"><b><span style=\"font-size:18.0pt\"><span style=\"font-family:&quot;Calibri&quot;,sans-serif\"><span style=\"font-variant:small-caps\">Economia<\/span><\/span><\/span><\/b><\/span><\/span><\/span><\/p>\r\n\r\n<p style=\"text-align:justify\"><span style=\"font-size:11pt\"><span style=\"line-height:normal\"><span style=\"font-family:&quot;Calibri&quot;,sans-serif\"><a href=\"https:\/\/www.bcb.gov.br\/content\/focus\/focus\/R20221125.pdf\" style=\"color:blue; text-decoration:underline\"><span style=\"font-size:14.0pt\">Focus &ndash; Relat&oacute;rio de Mercado<\/span><\/a><\/span><\/span><\/span><\/p>\r\n\r\n<p style=\"text-align:justify\"><span style=\"font-size:11pt\"><span style=\"line-height:normal\"><span style=\"font-family:&quot;Calibri&quot;,sans-serif\"><a href=\"https:\/\/agenciabrasil.ebc.com.br\/economia\/noticia\/2022-11\/projecao-de-superavit-primario-em-2022-sobe-para-r-2336-bilhoes\" style=\"color:blue; text-decoration:underline\"><span style=\"font-size:14.0pt\">Proje&ccedil;&atilde;o de super&aacute;vit prim&aacute;rio em 2022 sobe para R$ 23,36 bilh&otilde;es<\/span><\/a><\/span><\/span><\/span><\/p>\r\n\r\n<p style=\"text-align:justify\"><span style=\"font-size:11pt\"><span style=\"line-height:normal\"><span style=\"font-family:&quot;Calibri&quot;,sans-serif\"><a href=\"https:\/\/agenciabrasil.ebc.com.br\/economia\/noticia\/2022-11\/fim-de-desoneracoes-garantiria-superavit-fiscal-em-2023-diz-ministro\" style=\"color:blue; text-decoration:underline\"><span style=\"font-size:14.0pt\">Fim de desonera&ccedil;&otilde;es garantiria super&aacute;vit fiscal em 2023, diz ministro<\/span><\/a><\/span><\/span><\/span><\/p>\r\n\r\n<p style=\"text-align:justify\"><span style=\"font-size:11pt\"><span style=\"line-height:normal\"><span style=\"font-family:&quot;Calibri&quot;,sans-serif\"><a href=\"https:\/\/agenciabrasil.ebc.com.br\/economia\/noticia\/2022-11\/mercado-financeiro-eleva-projecao-da-inflacao-de-588-para-591\" style=\"color:blue; text-decoration:underline\"><span style=\"font-size:14.0pt\">Mercado financeiro eleva proje&ccedil;&atilde;o da infla&ccedil;&atilde;o de 5,88% para 5,91%<\/span><\/a><\/span><\/span><\/span><\/p>\r\n\r\n<p style=\"text-align:justify\"><span style=\"font-size:11pt\"><span style=\"line-height:normal\"><span style=\"font-family:&quot;Calibri&quot;,sans-serif\"><a href=\"https:\/\/agenciabrasil.ebc.com.br\/economia\/noticia\/2022-11\/batalha-da-inflacao-ainda-nao-foi-vencida-diz-presidente-do-bc\" style=\"color:blue; text-decoration:underline\"><span style=\"font-size:14.0pt\">Batalha da infla&ccedil;&atilde;o ainda n&atilde;o foi vencida, diz presidente do BC<\/span><\/a><\/span><\/span><\/span><\/p>\r\n\r\n<p style=\"text-align:justify\"><span style=\"font-size:11pt\"><span style=\"line-height:normal\"><span style=\"font-family:&quot;Calibri&quot;,sans-serif\"><a href=\"https:\/\/portalibre.fgv.br\/noticias\/clima-economico-da-america-latina-melhora-mas-continua-desfavoravel-0\" style=\"color:blue; text-decoration:underline\"><span style=\"font-size:14.0pt\">Clima Econ&ocirc;mico da Am&eacute;rica Latina melhora, mas continua desfavor&aacute;vel<\/span><\/a><\/span><\/span><\/span><\/p>\r\n\r\n<p style=\"text-align:justify\"><span style=\"font-size:11pt\"><span style=\"line-height:normal\"><span style=\"font-family:&quot;Calibri&quot;,sans-serif\"><a href=\"https:\/\/agenciabrasil.ebc.com.br\/economia\/noticia\/2022-11\/clima-economico-do-brasil-cresce-30-pontos-revela-fgv\" style=\"color:blue; text-decoration:underline\"><span style=\"font-size:14.0pt\">Clima econ&ocirc;mico do Brasil cresce 30 pontos, revela FGV<\/span><\/a><\/span><\/span><\/span><\/p>\r\n","texto_en":"","7":"","imagem":"COMP_banner-padrao-home-destaques-boletim_20221129145832lthrVymzSE.jpg","8":"COMP_banner-padrao-home-destaques-boletim_20221129145832lthrVymzSE.jpg","arquivo":"20221129-NOTICIAS-SEMANAIS.PDF","9":"20221129-NOTICIAS-SEMANAIS.PDF","titulo_arquivo":"","10":"","titulo_arquivo_en":"","11":"","created_at":"2022-11-29 14:58:40","12":"2022-11-29 14:58:40","updated_at":"2022-11-29 14:58:40","13":"2022-11-29 14:58:40"},{"id":44,"0":44,"ordem":179,"1":179,"data":"2022-11-22","2":"2022-11-22","slug":"boletim-de-noticias-semanais-41","3":"boletim-de-noticias-semanais-41","titulo":"Boletim de Not\u00edcias Semanais","4":"Boletim de Not\u00edcias Semanais","titulo_en":"","5":"","texto":"<p style=\"text-align:justify\"><span style=\"font-size:11pt\"><span style=\"line-height:normal\"><span style=\"font-family:&quot;Calibri&quot;,sans-serif\"><span style=\"font-size:14.0pt\">Esta &eacute; uma compila&ccedil;&atilde;o das not&iacute;cias mais relevantes para o setor, incluindo informa&ccedil;&otilde;es sobre acordos internacionais, economia brasileira, sustentabilidade e mat&eacute;rias primas, al&eacute;m de novidades do setor de N&atilde;otecidos e Tecidos T&eacute;cnicos.<\/span><\/span><\/span><\/span><\/p>\r\n\r\n<p class=\"MsoTitleCxSpLast\" style=\"text-align:justify\"><span style=\"font-size:28pt\"><span style=\"font-family:&quot;Cambria&quot;,serif\"><span style=\"letter-spacing:-0.5pt\"><b><span style=\"font-size:18.0pt\"><span style=\"font-family:&quot;Calibri&quot;,sans-serif\"><span style=\"font-variant:small-caps\">A&ccedil;&otilde;es da ABINT<\/span><\/span><\/span><\/b><\/span><\/span><\/span><\/p>\r\n\r\n<p style=\"text-align:justify\"><img height=\"450\" src=\"https:\/\/www.abint.org.br\/assets\/img\/editor\/18a-palestra-milton-vargas-08-12-2022_20221129143951WLhACLqkxa.jpeg\" width=\"450\" \/><\/p>\r\n\r\n<p>A 18&ordf; Palestra Milton Vargas da ABMS (2022) ser&aacute; ministrada pelo Prof. Luis Edmundo Prado de Campos no dia 8 de dezembro, &agrave;s 19 horas, no Canal ABMS do YouTube.<\/p>\r\n\r\n<p>Engenheiro civil pela UFBA e mestre em geotecnia pela PUC-Rio, o Prof. Luis Edmundo &eacute; coordenador do Laborat&oacute;rio de Geotecnia da UFBA e diretor da Escola Polit&eacute;cnica, al&eacute;m de presidir o CREA-BA e ocupar o cargo de CEO na LEPC Consultoria Geot&eacute;cnica.<\/p>\r\n\r\n<p>Nesta palestra, falar&aacute; sobre o tema &ldquo;Conten&ccedil;&otilde;es - Tipos e Aplica&ccedil;&otilde;es&rdquo;, no qual &eacute; especialista, abordando os diversos tipos de conten&ccedil;&otilde;es, suas aplica&ccedil;&otilde;es, funcionalidades, conceitos de dimensionamento preliminar e casos de obras.<\/p>\r\n\r\n<p>Desde 2005 a Palestra Milton Vargas &eacute; proferida anualmente por um profissional renomado da comunidade geot&eacute;cnica brasileira, levando temas da pr&aacute;tica da geotecnia a jovens engenheiros, estudantes e pesquisadores.<\/p>\r\n\r\n<p>Acesse <a href=\"https:\/\/www.youtube.com\/c\/CanalABMS\">https:\/\/www.youtube.com\/c\/CanalABMS<\/a> e participe!<\/p>\r\n\r\n<p>&nbsp;<\/p>\r\n\r\n<p><img height=\"450\" src=\"https:\/\/www.abint.org.br\/assets\/img\/editor\/premio-tcc-ic-2023-arte-1_20221129144326fSOk0VYofe.png\" width=\"450\" \/><\/p>\r\n\r\n<p>O CTG ABINT e a IGS BRASIL convidam aqueles que desenvolveram trabalhos acad&ecirc;micos relacionados aos geossint&eacute;ticos a participarem&nbsp;de mais uma edi&ccedil;&atilde;o do Pr&ecirc;mio TCC\/IC.<\/p>\r\n\r\n<p><a href=\"https:\/\/abint.us2.list-manage.com\/track\/click?u=88818ac6bf44316570fc1bc2f&amp;id=46b014bcf1&amp;e=626265ad22\" target=\"_blank\">Mais informa&ccedil;&otilde;es e inscri&ccedil;&otilde;es<\/a><\/p>\r\n\r\n<p>&nbsp;<\/p>\r\n\r\n<p style=\"text-align:justify\"><span style=\"font-size:11pt\"><span style=\"line-height:normal\"><span style=\"font-family:&quot;Calibri&quot;,sans-serif\"><b><span style=\"font-size:18.0pt\"><span style=\"font-variant:small-caps\">Eventos<\/span><\/span><\/b><\/span><\/span><\/span><\/p>\r\n\r\n<p style=\"text-align:justify\"><span style=\"font-size:11pt\"><span style=\"line-height:normal\"><span style=\"font-family:&quot;Calibri&quot;,sans-serif\"><b><span style=\"font-size:14.0pt\">Curso ABNT | Simbologia para a Etiquetagem T&ecirc;xtil - Norma ABNT NBR ISO NM ISO3758<\/span><\/b><span style=\"font-size:14.0pt\">, 21 e 22 de novembro, online, das 08h30 &agrave;s 17h30. <\/span><a href=\"https:\/\/www.abntcatalogo.com.br\/curs.aspx?Q=QjdEb3dsdDZtVXFsUTUxZ0w1ZmpGbm1uVnRRZmRodVc=\" style=\"color:blue; text-decoration:underline\"><span style=\"font-size:14.0pt\">Informa&ccedil;&otilde;es<\/span><\/a><\/span><\/span><\/span><\/p>\r\n\r\n<p style=\"text-align:justify\"><span style=\"font-size:11pt\"><span style=\"line-height:normal\"><span style=\"font-family:&quot;Calibri&quot;,sans-serif\"><b><span style=\"font-size:14.0pt\">Semin&aacute;rio Apex-Brasil: &quot;Como fazer neg&oacute;cios com a ONU&quot;<\/span><\/b><span style=\"font-size:14.0pt\">, 22 de novembro. <\/span><a href=\"https:\/\/crm-apps.apexbrasil.com.br\/orgbdeab873\/inscricao-eventos\/evento\/seminario-como-fazer-negocios-com-a-onu\/fe2ec5b6-8ae7-4b08-90df-832d0dc32a55?utm_campaign=divulgacao_como_fazer_negocios_com_a_onu&amp;utm_medium=email&amp;utm_source=EMarketing\" style=\"color:blue; text-decoration:underline\"><span style=\"font-size:14.0pt\">Informa&ccedil;&otilde;es<\/span><\/a><\/span><\/span><\/span><\/p>\r\n\r\n<p style=\"text-align:justify\"><span style=\"font-size:11pt\"><span style=\"line-height:normal\"><span style=\"font-family:&quot;Calibri&quot;,sans-serif\"><b><span style=\"font-size:14.0pt\">FIESP-DECONCIC | Projeto Construa Brasil<\/span><\/b><span style=\"font-size:14.0pt\">, 25 de novembro. <\/span><a href=\"http:\/\/emkt.fiesp.ind.br\/emkt\/tracer\/?1,7293151,460d08b8,3700\" style=\"color:blue; text-decoration:underline\"><span style=\"font-size:14.0pt\">Informa&ccedil;&otilde;es<\/span><\/a><\/span><\/span><\/span><\/p>\r\n\r\n<p style=\"text-align:justify\"><span style=\"font-size:11pt\"><span style=\"line-height:normal\"><span style=\"font-family:&quot;Calibri&quot;,sans-serif\"><b><span style=\"font-size:14.0pt\">GO Wipes Europe Conference<\/span><\/b><span style=\"font-size:14.0pt\">, 7 &amp; 8 December 2022, Amsterdam, The Netherlands. <\/span><a href=\"https:\/\/www.go-wipes.com\/home\" style=\"color:blue; text-decoration:underline\"><span style=\"font-size:14.0pt\">Informa&ccedil;&otilde;es<\/span><\/a><\/span><\/span><\/span><\/p>\r\n\r\n<p style=\"text-align:justify\"><span style=\"font-size:11pt\"><span style=\"line-height:normal\"><span style=\"font-family:&quot;Calibri&quot;,sans-serif\"><b><span style=\"font-size:14.0pt\">Webinar ABNT | ESG e Indicadores de Sustentabilidade<\/span><\/b><span style=\"font-size:14.0pt\">, 14 a 16 de dezembro, 8h30 &agrave;s 12h30, online. <\/span><a href=\"https:\/\/abnlink.abnt.org.br\/cl\/POkyC\/FZi\/8195\/LCFJkUKAOaB\/BLNq\/IjtXd4SWxTy\/1\/\" style=\"color:blue; text-decoration:underline\"><span style=\"font-size:14.0pt\">Informa&ccedil;&otilde;es<\/span><\/a><\/span><\/span><\/span><\/p>\r\n\r\n<p class=\"MsoTitle\" style=\"text-align:justify\"><span style=\"font-size:28pt\"><span style=\"font-family:&quot;Cambria&quot;,serif\"><span style=\"letter-spacing:-0.5pt\"><b><span style=\"font-size:18.0pt\"><span style=\"font-family:&quot;Calibri&quot;,sans-serif\"><span style=\"font-variant:small-caps\">Setor<\/span><\/span><\/span><\/b><\/span><\/span><\/span><\/p>\r\n\r\n<p style=\"text-align:justify\"><span style=\"font-size:11pt\"><span style=\"line-height:normal\"><span style=\"font-family:&quot;Calibri&quot;,sans-serif\"><a href=\"https:\/\/www.technicaltextile.net\/news\/filtrex-2022-in-germany-addresses-filtration-testing-standardisation-284143.html\" style=\"color:blue; text-decoration:underline\"><span style=\"font-size:14.0pt\">Filtrex 2022 in Germany addresses filtration testing, standardisation<\/span><\/a><\/span><\/span><\/span><\/p>\r\n\r\n<p style=\"text-align:justify\"><span style=\"font-size:11pt\"><span style=\"line-height:normal\"><span style=\"font-family:&quot;Calibri&quot;,sans-serif\"><a href=\"https:\/\/www.innovationintextiles.com\/fibres-yarns-fabrics\/cop-27-commitment-to-new-fibres\/\" style=\"color:blue; text-decoration:underline\"><span style=\"font-size:14.0pt\">COP 27 commitment to new fibres<\/span><\/a><\/span><\/span><\/span><\/p>\r\n\r\n<p style=\"text-align:justify\"><span style=\"font-size:11pt\"><span style=\"line-height:normal\"><span style=\"font-family:&quot;Calibri&quot;,sans-serif\"><a href=\"https:\/\/exclusivo.com.br\/_conteudo\/negocios\/2022\/11\/10\/setor-calcadista-deve-fechar-o-ano-com-quase-4--de-crescimento-na-producao.html?utm_campaign=Feira+Zero+Grau+apresenta+lan%C3%A7amentos+em+cal%C3%A7ados+para+o+inverno+2023&amp;utm_content=Setor+cal%C3%A7adista+deve+fechar+o+ano+com+quase+4%25+de+crescimento+na+produ%C3%A7%C3%A3o+-+Jornal+Exclusivo+%283%29&amp;utm_medium=email&amp;utm_source=EmailMarketing&amp;utm_term=Feira+Zero+Grau+apresenta+lan%C3%A7amentos+em+cal%C3%A7ados+para+o+inverno+2023\" style=\"color:blue; text-decoration:underline\"><span style=\"font-size:14.0pt\">Setor cal&ccedil;adista deve fechar o ano com quase 4% de crescimento na produ&ccedil;&atilde;o<\/span><\/a> <\/span><\/span><\/span><\/p>\r\n\r\n<p style=\"text-align:justify\"><span style=\"font-size:11pt\"><span style=\"line-height:normal\"><span style=\"font-family:&quot;Calibri&quot;,sans-serif\"><a href=\"https:\/\/sudoestepaulista.com.br\/meio-ambiente-aterro-sanitario-de-capao-bonito-recebe-investimento\/\" style=\"color:blue; text-decoration:underline\"><span style=\"font-size:14.0pt\">Geomembranas: Aterro Sanit&aacute;rio de Cap&atilde;o Bonito recebe investimento<\/span><\/a><\/span><\/span><\/span><\/p>\r\n\r\n<p style=\"text-align:justify\"><span style=\"font-size:11pt\"><span style=\"line-height:normal\"><span style=\"font-family:&quot;Calibri&quot;,sans-serif\"><a href=\"https:\/\/indiantextilejournal.com\/indo-united-states-collaboration-shows-the-usefulness-of-face-masks\/\" style=\"color:blue; text-decoration:underline\"><span style=\"font-size:14.0pt\">Indo-United States collaboration shows the usefulness of face masks<\/span><\/a><\/span><\/span><\/span><\/p>\r\n\r\n<p style=\"text-align:justify\"><span style=\"font-size:11pt\"><span style=\"line-height:normal\"><span style=\"font-family:&quot;Calibri&quot;,sans-serif\"><a href=\"https:\/\/orangezero.acemlnc.com\/lt.php?s=03f12e6096e0b90f851b793545ef1564&amp;i=2031A2194A14A86128\" style=\"color:blue; text-decoration:underline\"><span style=\"font-size:14.0pt\">Nanotubes from discarded facemasks<\/span><\/a><\/span><\/span><\/span><\/p>\r\n\r\n<p style=\"text-align:justify\"><span style=\"font-size:11pt\"><span style=\"line-height:normal\"><span style=\"font-family:&quot;Calibri&quot;,sans-serif\"><a href=\"https:\/\/www.meiofiltrante.com.br\/Noticia\/110000\/andritz-desenvolve-a-marca-metris-e-combina-sua-expertise-com-inovacoes-tecnologicas-e-produtos\" style=\"color:blue; text-decoration:underline\"><span style=\"font-size:14.0pt\">ANDRITZ desenvolve a marca Metris e combina sua expertise com inova&ccedil;&otilde;es tecnol&oacute;gicas e produtos<\/span><\/a><\/span><\/span><\/span><\/p>\r\n\r\n<p style=\"text-align:justify\"><span style=\"font-size:11pt\"><span style=\"line-height:normal\"><span style=\"font-family:&quot;Calibri&quot;,sans-serif\"><a href=\"https:\/\/www.innovationintextiles.com\/technology-machinery-equipment\/comprehensive-showcase-for-andritz-technologies\/\" style=\"color:blue; text-decoration:underline\"><span style=\"font-size:14.0pt\">Andritz | PA3000 elliptical cylinder pre-needler among recent developments.<\/span><\/a><\/span><\/span><\/span><\/p>\r\n\r\n<p class=\"MsoTitle\" style=\"text-align:justify\"><span style=\"font-size:28pt\"><span style=\"font-family:&quot;Cambria&quot;,serif\"><span style=\"letter-spacing:-0.5pt\"><b><span style=\"font-size:18.0pt\"><span style=\"font-family:&quot;Calibri&quot;,sans-serif\"><span style=\"font-variant:small-caps\">Ind&uacute;stria<\/span><\/span><\/span><\/b><\/span><\/span><\/span><\/p>\r\n\r\n<p style=\"text-align:justify\"><span style=\"font-size:11pt\"><span style=\"line-height:normal\"><span style=\"font-family:&quot;Calibri&quot;,sans-serif\"><a href=\"https:\/\/noticias.portaldaindustria.com.br\/noticias\/economia\/industria-teve-desempenho-negativo-em-outubro-aponta-pesquisa-da-cni\/\" style=\"color:blue; text-decoration:underline\"><span style=\"font-size:14.0pt\">Ind&uacute;stria teve desempenho negativo em outubro, aponta pesquisa da CNI<\/span><\/a><\/span><\/span><\/span><\/p>\r\n\r\n<p style=\"text-align:justify\"><span style=\"font-size:11pt\"><span style=\"line-height:normal\"><span style=\"font-family:&quot;Calibri&quot;,sans-serif\"><a href=\"https:\/\/www.clicportela.com.br\/noticia\/60285\/producao-de-veiculos-aumenta-15-1-em-outubro\" style=\"color:blue; text-decoration:underline\"><span style=\"font-size:14.0pt\">Produ&ccedil;&atilde;o de ve&iacute;culos aumenta 15,1% em outubro<\/span><\/a><\/span><\/span><\/span><\/p>\r\n\r\n<p style=\"text-align:justify\"><span style=\"font-size:11pt\"><span style=\"line-height:normal\"><span style=\"font-family:&quot;Calibri&quot;,sans-serif\"><a href=\"https:\/\/grandesconstrucoes.com.br\/Noticias\/Exibir\/pesquisa-aponta-regioes-que-mais-necessitam-de-investimento-em-infraestrutura\" style=\"color:blue; text-decoration:underline\"><span style=\"font-size:14.0pt\">Pesquisa aponta regi&otilde;es que mais necessitam de investimento em infraestrutura<\/span><\/a><\/span><\/span><\/span><\/p>\r\n\r\n<p style=\"text-align:justify\"><span style=\"font-size:11pt\"><span style=\"line-height:normal\"><span style=\"font-family:&quot;Calibri&quot;,sans-serif\"><a href=\"http:\/\/abimovel.com\/industria-brasileira-de-moveis-alcanca-o-melhor-resultado-do-ano-em-agosto-341-milhoes-de-pecas-produzidas\/?utm_campaign=industria_brasileira_de_moveis_alcanca_o_melhor_resultado_do_ano_em_agosto_341_milhoes_de_pecas_produzidas&amp;utm_medium=email&amp;utm_source=RD+Station\" style=\"color:blue; text-decoration:underline\"><span style=\"font-size:14.0pt\">Ind&uacute;stria brasileira de m&oacute;veis alcan&ccedil;a o melhor resultado do ano em agosto: 34,1 milh&otilde;es de pe&ccedil;as produzidas<\/span><\/a><\/span><\/span><\/span><\/p>\r\n\r\n<p class=\"MsoTitle\" style=\"text-align:justify\"><span style=\"font-size:28pt\"><span style=\"font-family:&quot;Cambria&quot;,serif\"><span style=\"letter-spacing:-0.5pt\"><b><span style=\"font-size:18.0pt\"><span style=\"font-family:&quot;Calibri&quot;,sans-serif\"><span style=\"font-variant:small-caps\">Sustentabilidade<\/span><\/span><\/span><\/b><\/span><\/span><\/span><\/p>\r\n\r\n<p style=\"text-align:justify\"><span style=\"font-size:11pt\"><span style=\"line-height:normal\"><span style=\"font-family:&quot;Calibri&quot;,sans-serif\"><a href=\"https:\/\/economia.estadao.com.br\/noticias\/geral,economia-circular-impulsiona-esg,70004158821\" style=\"color:blue; text-decoration:underline\"><span style=\"font-size:14.0pt\">Economia Circular impulsiona ESG<\/span><\/a><\/span><\/span><\/span><\/p>\r\n\r\n<p style=\"text-align:justify\"><span style=\"font-size:11pt\"><span style=\"line-height:normal\"><span style=\"font-family:&quot;Calibri&quot;,sans-serif\"><a href=\"https:\/\/fcem.com.br\/noticias\/quais-ods-podem-ser-alcancados-pela-industria-textil\/?utm_campaign=febratex_news_101122&amp;utm_medium=email&amp;utm_source=RD+Station\" style=\"color:blue; text-decoration:underline\"><span style=\"font-size:14.0pt\">Quais ODS podem ser alcan&ccedil;ados pela ind&uacute;stria t&ecirc;xtil?<\/span><\/a><\/span><\/span><\/span><\/p>\r\n\r\n<p style=\"text-align:justify\"><span style=\"font-size:11pt\"><span style=\"line-height:normal\"><span style=\"font-family:&quot;Calibri&quot;,sans-serif\"><a href=\"http:\/\/textileindustry.ning.com\/forum\/topics\/economia-circular-empresa-brasileira-cria-primeiro-tecido-sustent\" style=\"color:blue; text-decoration:underline\"><span style=\"font-size:14.0pt\">Economia circular: empresa brasileira cria primeiro tecido sustent&aacute;vel do mundo<\/span><\/a><\/span><\/span><\/span><\/p>\r\n\r\n<p style=\"text-align:justify\"><span style=\"font-size:11pt\"><span style=\"line-height:normal\"><span style=\"font-family:&quot;Calibri&quot;,sans-serif\"><a href=\"https:\/\/exame.com\/negocios\/industria-brasileira-presenca-cop27\/\" style=\"color:blue; text-decoration:underline\"><span style=\"font-size:14.0pt\">Ind&uacute;stria brasileira marca presen&ccedil;a na COP27<\/span><\/a><\/span><\/span><\/span><\/p>\r\n\r\n<p style=\"text-align:justify\"><span style=\"font-size:11pt\"><span style=\"line-height:normal\"><span style=\"font-family:&quot;Calibri&quot;,sans-serif\"><a href=\"https:\/\/cnnportugal.iol.pt\/cop27\/onu\/cop27-onu-e-ue-desiludidas-com-falta-de-ambicao-do-acordo\/20221120\/6379e2ec0cf27230dc1851a2\" style=\"color:blue; text-decoration:underline\"><span style=\"font-size:14.0pt\">COP27: ONU e UE desiludidas com falta de ambi&ccedil;&atilde;o do acordo<\/span><\/a><\/span><\/span><\/span><\/p>\r\n\r\n<p style=\"text-align:justify\"><span style=\"font-size:11pt\"><span style=\"line-height:normal\"><span style=\"font-family:&quot;Calibri&quot;,sans-serif\"><a href=\"https:\/\/www.portugaltextil.com\/europa-dedica-semana-a-prevencao-de-residuos\/?utm_term=Portugal+Textil+a%3F%3F%3F%3F+21.11.2022&amp;utm_campaign=Portugal+Textil+FInal&amp;utm_source=e-goi&amp;utm_medium=email\" style=\"color:blue; text-decoration:underline\"><span style=\"font-size:14.0pt\">Europa dedica semana &agrave; preven&ccedil;&atilde;o de res&iacute;duos<\/span><\/a><\/span><\/span><\/span><\/p>\r\n\r\n<p style=\"text-align:justify\"><span style=\"font-size:11pt\"><span style=\"line-height:normal\"><span style=\"font-family:&quot;Calibri&quot;,sans-serif\"><a href=\"https:\/\/grandesconstrucoes.com.br\/Noticias\/Exibir\/industria-da-construcao-promove-acoes-para-diminuir-o-impacto-ambiental-do-setor?utm_source=akna&amp;utm_medium=email&amp;utm_campaign=Grandes-Construcoes-Informativo-838-17-11-2022&amp;utm_source=akna&amp;utm_medium=email&amp;utm_campaign=Grandes-Construcoes-Informativo-838-17-11-2022\" style=\"color:blue; text-decoration:underline\"><span style=\"font-size:14.0pt\">Ind&uacute;stria da constru&ccedil;&atilde;o promove a&ccedil;&otilde;es para diminuir o impacto ambiental do setor<\/span><\/a><\/span><\/span><\/span><\/p>\r\n\r\n<p style=\"text-align:justify\"><span style=\"font-size:11pt\"><span style=\"line-height:normal\"><span style=\"font-family:&quot;Calibri&quot;,sans-serif\"><a href=\"https:\/\/petrosolgas.com.br\/dow-e-ambipar-group-anunciam-ampla-parceria-para-expansao-da-economia-circular\/\" style=\"color:blue; text-decoration:underline\"><span style=\"font-size:14.0pt\">Dow e Ambipar Group anunciam ampla parceria para expans&atilde;o da economia circular<\/span><\/a><\/span><\/span><\/span><\/p>\r\n\r\n<p class=\"MsoTitle\" style=\"text-align:justify\"><span style=\"font-size:28pt\"><span style=\"font-family:&quot;Cambria&quot;,serif\"><span style=\"letter-spacing:-0.5pt\"><b><span style=\"font-size:18.0pt\"><span style=\"font-family:&quot;Calibri&quot;,sans-serif\"><span style=\"font-variant:small-caps\">Inova&ccedil;&atilde;o<\/span><\/span><\/span><\/b><\/span><\/span><\/span><\/p>\r\n\r\n<p style=\"text-align:justify\"><span style=\"font-size:11pt\"><span style=\"line-height:normal\"><span style=\"font-family:&quot;Calibri&quot;,sans-serif\"><a href=\"https:\/\/www.portugaltextil.com\/revolucao-nas-fibras-celulosicas-artificiais\/?utm_term=Portugal+Textil+a%3F%3F%3F%3F+21.11.2022&amp;utm_campaign=Portugal+Textil+FInal&amp;utm_source=e-goi&amp;utm_medium=email\" style=\"color:blue; text-decoration:underline\"><span style=\"font-size:14.0pt\">Revolu&ccedil;&atilde;o nas fibras celul&oacute;sicas artificiais<\/span><\/a><\/span><\/span><\/span><\/p>\r\n\r\n<p style=\"text-align:justify\"><span style=\"font-size:11pt\"><span style=\"line-height:normal\"><span style=\"font-family:&quot;Calibri&quot;,sans-serif\"><a href=\"https:\/\/canaltech.com.br\/esportes\/as-bolas-da-copa-do-mundo-e-suas-tecnologias-226454\/\" style=\"color:blue; text-decoration:underline\"><span style=\"font-size:14.0pt\">As bolas da Copa do Mundo e suas tecnologias<\/span><\/a><\/span><\/span><\/span><\/p>\r\n\r\n<p style=\"text-align:justify\"><span style=\"font-size:11pt\"><span style=\"line-height:normal\"><span style=\"font-family:&quot;Calibri&quot;,sans-serif\"><a href=\"https:\/\/revistatextil.com.br\/dupont-anuncia-um-novo-portfolio-global-de-fios-de-engenharia-kevlar\/\" style=\"color:blue; text-decoration:underline\"><span style=\"font-size:14.0pt\">DuPont anuncia um novo portf&oacute;lio global de fios de engenharia Kevlar&reg;<\/span><\/a><\/span><\/span><\/span><\/p>\r\n\r\n<p class=\"MsoTitleCxSpLast\" style=\"text-align:justify\"><span style=\"font-size:28pt\"><span style=\"font-family:&quot;Cambria&quot;,serif\"><span style=\"letter-spacing:-0.5pt\"><b><span style=\"font-size:18.0pt\"><span style=\"font-family:&quot;Calibri&quot;,sans-serif\"><span style=\"font-variant:small-caps\">Com&eacute;rcio Exterior<\/span><\/span><\/span><\/b><\/span><\/span><\/span><\/p>\r\n\r\n<p style=\"text-align:justify\"><span style=\"font-size:11pt\"><span style=\"line-height:normal\"><span style=\"font-family:&quot;Calibri&quot;,sans-serif\"><a href=\"https:\/\/www.moneyreport.com.br\/economia\/balanca-comercial-teve-queda-saldo-mas-superavit-e-mantido\/\" style=\"color:blue; text-decoration:underline\"><span style=\"font-size:14.0pt\">Balan&ccedil;a comercial teve queda no saldo, mas super&aacute;vit &eacute; mantido<\/span><\/a><\/span><\/span><\/span><\/p>\r\n\r\n<p style=\"text-align:justify\"><span style=\"font-size:11pt\"><span style=\"line-height:normal\"><span style=\"font-family:&quot;Calibri&quot;,sans-serif\"><a href=\"https:\/\/portalibre.fgv.br\/noticias\/superavit-no-comercio-de-commodities-e-deficit-no-de-nao-commodities\" style=\"color:blue; text-decoration:underline\"><span style=\"font-size:14.0pt\">Super&aacute;vit no com&eacute;rcio de commodities e d&eacute;ficit no de n&atilde;o commodities<\/span><\/a><\/span><\/span><\/span><\/p>\r\n\r\n<p style=\"text-align:justify\"><span style=\"font-size:11pt\"><span style=\"line-height:normal\"><span style=\"font-family:&quot;Calibri&quot;,sans-serif\"><a href=\"https:\/\/www.prensalatina.com.br\/2022\/11\/18\/uruguai-prepara-cupula-e-transferencia-de-soberania-no-mercosul\/\" style=\"color:blue; text-decoration:underline\"><span style=\"font-size:14.0pt\">Uruguai prepara c&uacute;pula e transfer&ecirc;ncia de soberania no Mercosul<\/span><\/a><\/span><\/span><\/span><\/p>\r\n\r\n<p class=\"MsoTitle\" style=\"text-align:justify\"><span style=\"font-size:28pt\"><span style=\"font-family:&quot;Cambria&quot;,serif\"><span style=\"letter-spacing:-0.5pt\"><b><span style=\"font-size:18.0pt\"><span style=\"font-family:&quot;Calibri&quot;,sans-serif\"><span style=\"font-variant:small-caps\">Economia<\/span><\/span><\/span><\/b><\/span><\/span><\/span><\/p>\r\n\r\n<p style=\"text-align:justify\"><span style=\"font-size:11pt\"><span style=\"line-height:normal\"><span style=\"font-family:&quot;Calibri&quot;,sans-serif\"><a href=\"https:\/\/www.bcb.gov.br\/content\/focus\/focus\/R20221104.pdf\" style=\"color:blue; text-decoration:underline\"><span style=\"font-size:14.0pt\">Focus - Relat&oacute;rio de Mercado<\/span><\/a><\/span><\/span><\/span><\/p>\r\n\r\n<p style=\"text-align:justify\"><span style=\"font-size:11pt\"><span style=\"line-height:normal\"><span style=\"font-family:&quot;Calibri&quot;,sans-serif\"><a href=\"https:\/\/grandesconstrucoes.com.br\/Noticias\/Exibir\/economia-comeca-a-dar-sinais-de-desaceleracao\" style=\"color:blue; text-decoration:underline\"><span style=\"font-size:14.0pt\">Economia come&ccedil;a a dar sinais de desacelera&ccedil;&atilde;o<\/span><\/a><\/span><\/span><\/span><\/p>\r\n\r\n<p style=\"text-align:justify\"><span style=\"font-size:11pt\"><span style=\"line-height:normal\"><span style=\"font-family:&quot;Calibri&quot;,sans-serif\"><a href=\"https:\/\/portalibre.fgv.br\/noticias\/monitor-do-pib-fgv-retraiu-04-em-setembro\" style=\"color:blue; text-decoration:underline\"><span style=\"font-size:14.0pt\">Monitor do PIB-FGV retraiu 0,4% em setembro<\/span><\/a><\/span><\/span><\/span><\/p>\r\n\r\n<p style=\"text-align:justify\"><span style=\"font-size:11pt\"><span style=\"line-height:normal\"><span style=\"font-family:&quot;Calibri&quot;,sans-serif\"><a href=\"https:\/\/agenciabrasil.ebc.com.br\/economia\/noticia\/2022-11\/mercado-financeiro-eleva-projecao-da-inflacao-de-582-para-588\" style=\"color:blue; text-decoration:underline\"><span style=\"font-size:14.0pt\">Mercado financeiro eleva proje&ccedil;&atilde;o da infla&ccedil;&atilde;o de 5,82% para 5,88%<\/span><\/a><\/span><\/span><\/span><\/p>\r\n\r\n<p style=\"text-align:justify\"><span style=\"font-size:11pt\"><span style=\"line-height:normal\"><span style=\"font-family:&quot;Calibri&quot;,sans-serif\"><a href=\"https:\/\/portalibre.fgv.br\/noticias\/surpresas-favoraveis-com-o-crescimento-do-pib-brasileiro-em-2020-22-decorreram-em-boa\" style=\"color:blue; text-decoration:underline\"><span style=\"font-size:14.0pt\">Surpresas favor&aacute;veis com o crescimento do PIB brasileiro em 2020-22 decorreram em boa medida de fatores estruturais, como apontou a SPE?<\/span><\/a><\/span><\/span><\/span><\/p>\r\n","6":"<p style=\"text-align:justify\"><span style=\"font-size:11pt\"><span style=\"line-height:normal\"><span style=\"font-family:&quot;Calibri&quot;,sans-serif\"><span style=\"font-size:14.0pt\">Esta &eacute; uma compila&ccedil;&atilde;o das not&iacute;cias mais relevantes para o setor, incluindo informa&ccedil;&otilde;es sobre acordos internacionais, economia brasileira, sustentabilidade e mat&eacute;rias primas, al&eacute;m de novidades do setor de N&atilde;otecidos e Tecidos T&eacute;cnicos.<\/span><\/span><\/span><\/span><\/p>\r\n\r\n<p class=\"MsoTitleCxSpLast\" style=\"text-align:justify\"><span style=\"font-size:28pt\"><span style=\"font-family:&quot;Cambria&quot;,serif\"><span style=\"letter-spacing:-0.5pt\"><b><span style=\"font-size:18.0pt\"><span style=\"font-family:&quot;Calibri&quot;,sans-serif\"><span style=\"font-variant:small-caps\">A&ccedil;&otilde;es da ABINT<\/span><\/span><\/span><\/b><\/span><\/span><\/span><\/p>\r\n\r\n<p style=\"text-align:justify\"><img height=\"450\" src=\"https:\/\/www.abint.org.br\/assets\/img\/editor\/18a-palestra-milton-vargas-08-12-2022_20221129143951WLhACLqkxa.jpeg\" width=\"450\" \/><\/p>\r\n\r\n<p>A 18&ordf; Palestra Milton Vargas da ABMS (2022) ser&aacute; ministrada pelo Prof. Luis Edmundo Prado de Campos no dia 8 de dezembro, &agrave;s 19 horas, no Canal ABMS do YouTube.<\/p>\r\n\r\n<p>Engenheiro civil pela UFBA e mestre em geotecnia pela PUC-Rio, o Prof. Luis Edmundo &eacute; coordenador do Laborat&oacute;rio de Geotecnia da UFBA e diretor da Escola Polit&eacute;cnica, al&eacute;m de presidir o CREA-BA e ocupar o cargo de CEO na LEPC Consultoria Geot&eacute;cnica.<\/p>\r\n\r\n<p>Nesta palestra, falar&aacute; sobre o tema &ldquo;Conten&ccedil;&otilde;es - Tipos e Aplica&ccedil;&otilde;es&rdquo;, no qual &eacute; especialista, abordando os diversos tipos de conten&ccedil;&otilde;es, suas aplica&ccedil;&otilde;es, funcionalidades, conceitos de dimensionamento preliminar e casos de obras.<\/p>\r\n\r\n<p>Desde 2005 a Palestra Milton Vargas &eacute; proferida anualmente por um profissional renomado da comunidade geot&eacute;cnica brasileira, levando temas da pr&aacute;tica da geotecnia a jovens engenheiros, estudantes e pesquisadores.<\/p>\r\n\r\n<p>Acesse <a href=\"https:\/\/www.youtube.com\/c\/CanalABMS\">https:\/\/www.youtube.com\/c\/CanalABMS<\/a> e participe!<\/p>\r\n\r\n<p>&nbsp;<\/p>\r\n\r\n<p><img height=\"450\" src=\"https:\/\/www.abint.org.br\/assets\/img\/editor\/premio-tcc-ic-2023-arte-1_20221129144326fSOk0VYofe.png\" width=\"450\" \/><\/p>\r\n\r\n<p>O CTG ABINT e a IGS BRASIL convidam aqueles que desenvolveram trabalhos acad&ecirc;micos relacionados aos geossint&eacute;ticos a participarem&nbsp;de mais uma edi&ccedil;&atilde;o do Pr&ecirc;mio TCC\/IC.<\/p>\r\n\r\n<p><a href=\"https:\/\/abint.us2.list-manage.com\/track\/click?u=88818ac6bf44316570fc1bc2f&amp;id=46b014bcf1&amp;e=626265ad22\" target=\"_blank\">Mais informa&ccedil;&otilde;es e inscri&ccedil;&otilde;es<\/a><\/p>\r\n\r\n<p>&nbsp;<\/p>\r\n\r\n<p style=\"text-align:justify\"><span style=\"font-size:11pt\"><span style=\"line-height:normal\"><span style=\"font-family:&quot;Calibri&quot;,sans-serif\"><b><span style=\"font-size:18.0pt\"><span style=\"font-variant:small-caps\">Eventos<\/span><\/span><\/b><\/span><\/span><\/span><\/p>\r\n\r\n<p style=\"text-align:justify\"><span style=\"font-size:11pt\"><span style=\"line-height:normal\"><span style=\"font-family:&quot;Calibri&quot;,sans-serif\"><b><span style=\"font-size:14.0pt\">Curso ABNT | Simbologia para a Etiquetagem T&ecirc;xtil - Norma ABNT NBR ISO NM ISO3758<\/span><\/b><span style=\"font-size:14.0pt\">, 21 e 22 de novembro, online, das 08h30 &agrave;s 17h30. <\/span><a href=\"https:\/\/www.abntcatalogo.com.br\/curs.aspx?Q=QjdEb3dsdDZtVXFsUTUxZ0w1ZmpGbm1uVnRRZmRodVc=\" style=\"color:blue; text-decoration:underline\"><span style=\"font-size:14.0pt\">Informa&ccedil;&otilde;es<\/span><\/a><\/span><\/span><\/span><\/p>\r\n\r\n<p style=\"text-align:justify\"><span style=\"font-size:11pt\"><span style=\"line-height:normal\"><span style=\"font-family:&quot;Calibri&quot;,sans-serif\"><b><span style=\"font-size:14.0pt\">Semin&aacute;rio Apex-Brasil: &quot;Como fazer neg&oacute;cios com a ONU&quot;<\/span><\/b><span style=\"font-size:14.0pt\">, 22 de novembro. <\/span><a href=\"https:\/\/crm-apps.apexbrasil.com.br\/orgbdeab873\/inscricao-eventos\/evento\/seminario-como-fazer-negocios-com-a-onu\/fe2ec5b6-8ae7-4b08-90df-832d0dc32a55?utm_campaign=divulgacao_como_fazer_negocios_com_a_onu&amp;utm_medium=email&amp;utm_source=EMarketing\" style=\"color:blue; text-decoration:underline\"><span style=\"font-size:14.0pt\">Informa&ccedil;&otilde;es<\/span><\/a><\/span><\/span><\/span><\/p>\r\n\r\n<p style=\"text-align:justify\"><span style=\"font-size:11pt\"><span style=\"line-height:normal\"><span style=\"font-family:&quot;Calibri&quot;,sans-serif\"><b><span style=\"font-size:14.0pt\">FIESP-DECONCIC | Projeto Construa Brasil<\/span><\/b><span style=\"font-size:14.0pt\">, 25 de novembro. <\/span><a href=\"http:\/\/emkt.fiesp.ind.br\/emkt\/tracer\/?1,7293151,460d08b8,3700\" style=\"color:blue; text-decoration:underline\"><span style=\"font-size:14.0pt\">Informa&ccedil;&otilde;es<\/span><\/a><\/span><\/span><\/span><\/p>\r\n\r\n<p style=\"text-align:justify\"><span style=\"font-size:11pt\"><span style=\"line-height:normal\"><span style=\"font-family:&quot;Calibri&quot;,sans-serif\"><b><span style=\"font-size:14.0pt\">GO Wipes Europe Conference<\/span><\/b><span style=\"font-size:14.0pt\">, 7 &amp; 8 December 2022, Amsterdam, The Netherlands. <\/span><a href=\"https:\/\/www.go-wipes.com\/home\" style=\"color:blue; text-decoration:underline\"><span style=\"font-size:14.0pt\">Informa&ccedil;&otilde;es<\/span><\/a><\/span><\/span><\/span><\/p>\r\n\r\n<p style=\"text-align:justify\"><span style=\"font-size:11pt\"><span style=\"line-height:normal\"><span style=\"font-family:&quot;Calibri&quot;,sans-serif\"><b><span style=\"font-size:14.0pt\">Webinar ABNT | ESG e Indicadores de Sustentabilidade<\/span><\/b><span style=\"font-size:14.0pt\">, 14 a 16 de dezembro, 8h30 &agrave;s 12h30, online. <\/span><a href=\"https:\/\/abnlink.abnt.org.br\/cl\/POkyC\/FZi\/8195\/LCFJkUKAOaB\/BLNq\/IjtXd4SWxTy\/1\/\" style=\"color:blue; text-decoration:underline\"><span style=\"font-size:14.0pt\">Informa&ccedil;&otilde;es<\/span><\/a><\/span><\/span><\/span><\/p>\r\n\r\n<p class=\"MsoTitle\" style=\"text-align:justify\"><span style=\"font-size:28pt\"><span style=\"font-family:&quot;Cambria&quot;,serif\"><span style=\"letter-spacing:-0.5pt\"><b><span style=\"font-size:18.0pt\"><span style=\"font-family:&quot;Calibri&quot;,sans-serif\"><span style=\"font-variant:small-caps\">Setor<\/span><\/span><\/span><\/b><\/span><\/span><\/span><\/p>\r\n\r\n<p style=\"text-align:justify\"><span style=\"font-size:11pt\"><span style=\"line-height:normal\"><span style=\"font-family:&quot;Calibri&quot;,sans-serif\"><a href=\"https:\/\/www.technicaltextile.net\/news\/filtrex-2022-in-germany-addresses-filtration-testing-standardisation-284143.html\" style=\"color:blue; text-decoration:underline\"><span style=\"font-size:14.0pt\">Filtrex 2022 in Germany addresses filtration testing, standardisation<\/span><\/a><\/span><\/span><\/span><\/p>\r\n\r\n<p style=\"text-align:justify\"><span style=\"font-size:11pt\"><span style=\"line-height:normal\"><span style=\"font-family:&quot;Calibri&quot;,sans-serif\"><a href=\"https:\/\/www.innovationintextiles.com\/fibres-yarns-fabrics\/cop-27-commitment-to-new-fibres\/\" style=\"color:blue; text-decoration:underline\"><span style=\"font-size:14.0pt\">COP 27 commitment to new fibres<\/span><\/a><\/span><\/span><\/span><\/p>\r\n\r\n<p style=\"text-align:justify\"><span style=\"font-size:11pt\"><span style=\"line-height:normal\"><span style=\"font-family:&quot;Calibri&quot;,sans-serif\"><a href=\"https:\/\/exclusivo.com.br\/_conteudo\/negocios\/2022\/11\/10\/setor-calcadista-deve-fechar-o-ano-com-quase-4--de-crescimento-na-producao.html?utm_campaign=Feira+Zero+Grau+apresenta+lan%C3%A7amentos+em+cal%C3%A7ados+para+o+inverno+2023&amp;utm_content=Setor+cal%C3%A7adista+deve+fechar+o+ano+com+quase+4%25+de+crescimento+na+produ%C3%A7%C3%A3o+-+Jornal+Exclusivo+%283%29&amp;utm_medium=email&amp;utm_source=EmailMarketing&amp;utm_term=Feira+Zero+Grau+apresenta+lan%C3%A7amentos+em+cal%C3%A7ados+para+o+inverno+2023\" style=\"color:blue; text-decoration:underline\"><span style=\"font-size:14.0pt\">Setor cal&ccedil;adista deve fechar o ano com quase 4% de crescimento na produ&ccedil;&atilde;o<\/span><\/a> <\/span><\/span><\/span><\/p>\r\n\r\n<p style=\"text-align:justify\"><span style=\"font-size:11pt\"><span style=\"line-height:normal\"><span style=\"font-family:&quot;Calibri&quot;,sans-serif\"><a href=\"https:\/\/sudoestepaulista.com.br\/meio-ambiente-aterro-sanitario-de-capao-bonito-recebe-investimento\/\" style=\"color:blue; text-decoration:underline\"><span style=\"font-size:14.0pt\">Geomembranas: Aterro Sanit&aacute;rio de Cap&atilde;o Bonito recebe investimento<\/span><\/a><\/span><\/span><\/span><\/p>\r\n\r\n<p style=\"text-align:justify\"><span style=\"font-size:11pt\"><span style=\"line-height:normal\"><span style=\"font-family:&quot;Calibri&quot;,sans-serif\"><a href=\"https:\/\/indiantextilejournal.com\/indo-united-states-collaboration-shows-the-usefulness-of-face-masks\/\" style=\"color:blue; text-decoration:underline\"><span style=\"font-size:14.0pt\">Indo-United States collaboration shows the usefulness of face masks<\/span><\/a><\/span><\/span><\/span><\/p>\r\n\r\n<p style=\"text-align:justify\"><span style=\"font-size:11pt\"><span style=\"line-height:normal\"><span style=\"font-family:&quot;Calibri&quot;,sans-serif\"><a href=\"https:\/\/orangezero.acemlnc.com\/lt.php?s=03f12e6096e0b90f851b793545ef1564&amp;i=2031A2194A14A86128\" style=\"color:blue; text-decoration:underline\"><span style=\"font-size:14.0pt\">Nanotubes from discarded facemasks<\/span><\/a><\/span><\/span><\/span><\/p>\r\n\r\n<p style=\"text-align:justify\"><span style=\"font-size:11pt\"><span style=\"line-height:normal\"><span style=\"font-family:&quot;Calibri&quot;,sans-serif\"><a href=\"https:\/\/www.meiofiltrante.com.br\/Noticia\/110000\/andritz-desenvolve-a-marca-metris-e-combina-sua-expertise-com-inovacoes-tecnologicas-e-produtos\" style=\"color:blue; text-decoration:underline\"><span style=\"font-size:14.0pt\">ANDRITZ desenvolve a marca Metris e combina sua expertise com inova&ccedil;&otilde;es tecnol&oacute;gicas e produtos<\/span><\/a><\/span><\/span><\/span><\/p>\r\n\r\n<p style=\"text-align:justify\"><span style=\"font-size:11pt\"><span style=\"line-height:normal\"><span style=\"font-family:&quot;Calibri&quot;,sans-serif\"><a href=\"https:\/\/www.innovationintextiles.com\/technology-machinery-equipment\/comprehensive-showcase-for-andritz-technologies\/\" style=\"color:blue; text-decoration:underline\"><span style=\"font-size:14.0pt\">Andritz | PA3000 elliptical cylinder pre-needler among recent developments.<\/span><\/a><\/span><\/span><\/span><\/p>\r\n\r\n<p class=\"MsoTitle\" style=\"text-align:justify\"><span style=\"font-size:28pt\"><span style=\"font-family:&quot;Cambria&quot;,serif\"><span style=\"letter-spacing:-0.5pt\"><b><span style=\"font-size:18.0pt\"><span style=\"font-family:&quot;Calibri&quot;,sans-serif\"><span style=\"font-variant:small-caps\">Ind&uacute;stria<\/span><\/span><\/span><\/b><\/span><\/span><\/span><\/p>\r\n\r\n<p style=\"text-align:justify\"><span style=\"font-size:11pt\"><span style=\"line-height:normal\"><span style=\"font-family:&quot;Calibri&quot;,sans-serif\"><a href=\"https:\/\/noticias.portaldaindustria.com.br\/noticias\/economia\/industria-teve-desempenho-negativo-em-outubro-aponta-pesquisa-da-cni\/\" style=\"color:blue; text-decoration:underline\"><span style=\"font-size:14.0pt\">Ind&uacute;stria teve desempenho negativo em outubro, aponta pesquisa da CNI<\/span><\/a><\/span><\/span><\/span><\/p>\r\n\r\n<p style=\"text-align:justify\"><span style=\"font-size:11pt\"><span style=\"line-height:normal\"><span style=\"font-family:&quot;Calibri&quot;,sans-serif\"><a href=\"https:\/\/www.clicportela.com.br\/noticia\/60285\/producao-de-veiculos-aumenta-15-1-em-outubro\" style=\"color:blue; text-decoration:underline\"><span style=\"font-size:14.0pt\">Produ&ccedil;&atilde;o de ve&iacute;culos aumenta 15,1% em outubro<\/span><\/a><\/span><\/span><\/span><\/p>\r\n\r\n<p style=\"text-align:justify\"><span style=\"font-size:11pt\"><span style=\"line-height:normal\"><span style=\"font-family:&quot;Calibri&quot;,sans-serif\"><a href=\"https:\/\/grandesconstrucoes.com.br\/Noticias\/Exibir\/pesquisa-aponta-regioes-que-mais-necessitam-de-investimento-em-infraestrutura\" style=\"color:blue; text-decoration:underline\"><span style=\"font-size:14.0pt\">Pesquisa aponta regi&otilde;es que mais necessitam de investimento em infraestrutura<\/span><\/a><\/span><\/span><\/span><\/p>\r\n\r\n<p style=\"text-align:justify\"><span style=\"font-size:11pt\"><span style=\"line-height:normal\"><span style=\"font-family:&quot;Calibri&quot;,sans-serif\"><a href=\"http:\/\/abimovel.com\/industria-brasileira-de-moveis-alcanca-o-melhor-resultado-do-ano-em-agosto-341-milhoes-de-pecas-produzidas\/?utm_campaign=industria_brasileira_de_moveis_alcanca_o_melhor_resultado_do_ano_em_agosto_341_milhoes_de_pecas_produzidas&amp;utm_medium=email&amp;utm_source=RD+Station\" style=\"color:blue; text-decoration:underline\"><span style=\"font-size:14.0pt\">Ind&uacute;stria brasileira de m&oacute;veis alcan&ccedil;a o melhor resultado do ano em agosto: 34,1 milh&otilde;es de pe&ccedil;as produzidas<\/span><\/a><\/span><\/span><\/span><\/p>\r\n\r\n<p class=\"MsoTitle\" style=\"text-align:justify\"><span style=\"font-size:28pt\"><span style=\"font-family:&quot;Cambria&quot;,serif\"><span style=\"letter-spacing:-0.5pt\"><b><span style=\"font-size:18.0pt\"><span style=\"font-family:&quot;Calibri&quot;,sans-serif\"><span style=\"font-variant:small-caps\">Sustentabilidade<\/span><\/span><\/span><\/b><\/span><\/span><\/span><\/p>\r\n\r\n<p style=\"text-align:justify\"><span style=\"font-size:11pt\"><span style=\"line-height:normal\"><span style=\"font-family:&quot;Calibri&quot;,sans-serif\"><a href=\"https:\/\/economia.estadao.com.br\/noticias\/geral,economia-circular-impulsiona-esg,70004158821\" style=\"color:blue; text-decoration:underline\"><span style=\"font-size:14.0pt\">Economia Circular impulsiona ESG<\/span><\/a><\/span><\/span><\/span><\/p>\r\n\r\n<p style=\"text-align:justify\"><span style=\"font-size:11pt\"><span style=\"line-height:normal\"><span style=\"font-family:&quot;Calibri&quot;,sans-serif\"><a href=\"https:\/\/fcem.com.br\/noticias\/quais-ods-podem-ser-alcancados-pela-industria-textil\/?utm_campaign=febratex_news_101122&amp;utm_medium=email&amp;utm_source=RD+Station\" style=\"color:blue; text-decoration:underline\"><span style=\"font-size:14.0pt\">Quais ODS podem ser alcan&ccedil;ados pela ind&uacute;stria t&ecirc;xtil?<\/span><\/a><\/span><\/span><\/span><\/p>\r\n\r\n<p style=\"text-align:justify\"><span style=\"font-size:11pt\"><span style=\"line-height:normal\"><span style=\"font-family:&quot;Calibri&quot;,sans-serif\"><a href=\"http:\/\/textileindustry.ning.com\/forum\/topics\/economia-circular-empresa-brasileira-cria-primeiro-tecido-sustent\" style=\"color:blue; text-decoration:underline\"><span style=\"font-size:14.0pt\">Economia circular: empresa brasileira cria primeiro tecido sustent&aacute;vel do mundo<\/span><\/a><\/span><\/span><\/span><\/p>\r\n\r\n<p style=\"text-align:justify\"><span style=\"font-size:11pt\"><span style=\"line-height:normal\"><span style=\"font-family:&quot;Calibri&quot;,sans-serif\"><a href=\"https:\/\/exame.com\/negocios\/industria-brasileira-presenca-cop27\/\" style=\"color:blue; text-decoration:underline\"><span style=\"font-size:14.0pt\">Ind&uacute;stria brasileira marca presen&ccedil;a na COP27<\/span><\/a><\/span><\/span><\/span><\/p>\r\n\r\n<p style=\"text-align:justify\"><span style=\"font-size:11pt\"><span style=\"line-height:normal\"><span style=\"font-family:&quot;Calibri&quot;,sans-serif\"><a href=\"https:\/\/cnnportugal.iol.pt\/cop27\/onu\/cop27-onu-e-ue-desiludidas-com-falta-de-ambicao-do-acordo\/20221120\/6379e2ec0cf27230dc1851a2\" style=\"color:blue; text-decoration:underline\"><span style=\"font-size:14.0pt\">COP27: ONU e UE desiludidas com falta de ambi&ccedil;&atilde;o do acordo<\/span><\/a><\/span><\/span><\/span><\/p>\r\n\r\n<p style=\"text-align:justify\"><span style=\"font-size:11pt\"><span style=\"line-height:normal\"><span style=\"font-family:&quot;Calibri&quot;,sans-serif\"><a href=\"https:\/\/www.portugaltextil.com\/europa-dedica-semana-a-prevencao-de-residuos\/?utm_term=Portugal+Textil+a%3F%3F%3F%3F+21.11.2022&amp;utm_campaign=Portugal+Textil+FInal&amp;utm_source=e-goi&amp;utm_medium=email\" style=\"color:blue; text-decoration:underline\"><span style=\"font-size:14.0pt\">Europa dedica semana &agrave; preven&ccedil;&atilde;o de res&iacute;duos<\/span><\/a><\/span><\/span><\/span><\/p>\r\n\r\n<p style=\"text-align:justify\"><span style=\"font-size:11pt\"><span style=\"line-height:normal\"><span style=\"font-family:&quot;Calibri&quot;,sans-serif\"><a href=\"https:\/\/grandesconstrucoes.com.br\/Noticias\/Exibir\/industria-da-construcao-promove-acoes-para-diminuir-o-impacto-ambiental-do-setor?utm_source=akna&amp;utm_medium=email&amp;utm_campaign=Grandes-Construcoes-Informativo-838-17-11-2022&amp;utm_source=akna&amp;utm_medium=email&amp;utm_campaign=Grandes-Construcoes-Informativo-838-17-11-2022\" style=\"color:blue; text-decoration:underline\"><span style=\"font-size:14.0pt\">Ind&uacute;stria da constru&ccedil;&atilde;o promove a&ccedil;&otilde;es para diminuir o impacto ambiental do setor<\/span><\/a><\/span><\/span><\/span><\/p>\r\n\r\n<p style=\"text-align:justify\"><span style=\"font-size:11pt\"><span style=\"line-height:normal\"><span style=\"font-family:&quot;Calibri&quot;,sans-serif\"><a href=\"https:\/\/petrosolgas.com.br\/dow-e-ambipar-group-anunciam-ampla-parceria-para-expansao-da-economia-circular\/\" style=\"color:blue; text-decoration:underline\"><span style=\"font-size:14.0pt\">Dow e Ambipar Group anunciam ampla parceria para expans&atilde;o da economia circular<\/span><\/a><\/span><\/span><\/span><\/p>\r\n\r\n<p class=\"MsoTitle\" style=\"text-align:justify\"><span style=\"font-size:28pt\"><span style=\"font-family:&quot;Cambria&quot;,serif\"><span style=\"letter-spacing:-0.5pt\"><b><span style=\"font-size:18.0pt\"><span style=\"font-family:&quot;Calibri&quot;,sans-serif\"><span style=\"font-variant:small-caps\">Inova&ccedil;&atilde;o<\/span><\/span><\/span><\/b><\/span><\/span><\/span><\/p>\r\n\r\n<p style=\"text-align:justify\"><span style=\"font-size:11pt\"><span style=\"line-height:normal\"><span style=\"font-family:&quot;Calibri&quot;,sans-serif\"><a href=\"https:\/\/www.portugaltextil.com\/revolucao-nas-fibras-celulosicas-artificiais\/?utm_term=Portugal+Textil+a%3F%3F%3F%3F+21.11.2022&amp;utm_campaign=Portugal+Textil+FInal&amp;utm_source=e-goi&amp;utm_medium=email\" style=\"color:blue; text-decoration:underline\"><span style=\"font-size:14.0pt\">Revolu&ccedil;&atilde;o nas fibras celul&oacute;sicas artificiais<\/span><\/a><\/span><\/span><\/span><\/p>\r\n\r\n<p style=\"text-align:justify\"><span style=\"font-size:11pt\"><span style=\"line-height:normal\"><span style=\"font-family:&quot;Calibri&quot;,sans-serif\"><a href=\"https:\/\/canaltech.com.br\/esportes\/as-bolas-da-copa-do-mundo-e-suas-tecnologias-226454\/\" style=\"color:blue; text-decoration:underline\"><span style=\"font-size:14.0pt\">As bolas da Copa do Mundo e suas tecnologias<\/span><\/a><\/span><\/span><\/span><\/p>\r\n\r\n<p style=\"text-align:justify\"><span style=\"font-size:11pt\"><span style=\"line-height:normal\"><span style=\"font-family:&quot;Calibri&quot;,sans-serif\"><a href=\"https:\/\/revistatextil.com.br\/dupont-anuncia-um-novo-portfolio-global-de-fios-de-engenharia-kevlar\/\" style=\"color:blue; text-decoration:underline\"><span style=\"font-size:14.0pt\">DuPont anuncia um novo portf&oacute;lio global de fios de engenharia Kevlar&reg;<\/span><\/a><\/span><\/span><\/span><\/p>\r\n\r\n<p class=\"MsoTitleCxSpLast\" style=\"text-align:justify\"><span style=\"font-size:28pt\"><span style=\"font-family:&quot;Cambria&quot;,serif\"><span style=\"letter-spacing:-0.5pt\"><b><span style=\"font-size:18.0pt\"><span style=\"font-family:&quot;Calibri&quot;,sans-serif\"><span style=\"font-variant:small-caps\">Com&eacute;rcio Exterior<\/span><\/span><\/span><\/b><\/span><\/span><\/span><\/p>\r\n\r\n<p style=\"text-align:justify\"><span style=\"font-size:11pt\"><span style=\"line-height:normal\"><span style=\"font-family:&quot;Calibri&quot;,sans-serif\"><a href=\"https:\/\/www.moneyreport.com.br\/economia\/balanca-comercial-teve-queda-saldo-mas-superavit-e-mantido\/\" style=\"color:blue; text-decoration:underline\"><span style=\"font-size:14.0pt\">Balan&ccedil;a comercial teve queda no saldo, mas super&aacute;vit &eacute; mantido<\/span><\/a><\/span><\/span><\/span><\/p>\r\n\r\n<p style=\"text-align:justify\"><span style=\"font-size:11pt\"><span style=\"line-height:normal\"><span style=\"font-family:&quot;Calibri&quot;,sans-serif\"><a href=\"https:\/\/portalibre.fgv.br\/noticias\/superavit-no-comercio-de-commodities-e-deficit-no-de-nao-commodities\" style=\"color:blue; text-decoration:underline\"><span style=\"font-size:14.0pt\">Super&aacute;vit no com&eacute;rcio de commodities e d&eacute;ficit no de n&atilde;o commodities<\/span><\/a><\/span><\/span><\/span><\/p>\r\n\r\n<p style=\"text-align:justify\"><span style=\"font-size:11pt\"><span style=\"line-height:normal\"><span style=\"font-family:&quot;Calibri&quot;,sans-serif\"><a href=\"https:\/\/www.prensalatina.com.br\/2022\/11\/18\/uruguai-prepara-cupula-e-transferencia-de-soberania-no-mercosul\/\" style=\"color:blue; text-decoration:underline\"><span style=\"font-size:14.0pt\">Uruguai prepara c&uacute;pula e transfer&ecirc;ncia de soberania no Mercosul<\/span><\/a><\/span><\/span><\/span><\/p>\r\n\r\n<p class=\"MsoTitle\" style=\"text-align:justify\"><span style=\"font-size:28pt\"><span style=\"font-family:&quot;Cambria&quot;,serif\"><span style=\"letter-spacing:-0.5pt\"><b><span style=\"font-size:18.0pt\"><span style=\"font-family:&quot;Calibri&quot;,sans-serif\"><span style=\"font-variant:small-caps\">Economia<\/span><\/span><\/span><\/b><\/span><\/span><\/span><\/p>\r\n\r\n<p style=\"text-align:justify\"><span style=\"font-size:11pt\"><span style=\"line-height:normal\"><span style=\"font-family:&quot;Calibri&quot;,sans-serif\"><a href=\"https:\/\/www.bcb.gov.br\/content\/focus\/focus\/R20221104.pdf\" style=\"color:blue; text-decoration:underline\"><span style=\"font-size:14.0pt\">Focus - Relat&oacute;rio de Mercado<\/span><\/a><\/span><\/span><\/span><\/p>\r\n\r\n<p style=\"text-align:justify\"><span style=\"font-size:11pt\"><span style=\"line-height:normal\"><span style=\"font-family:&quot;Calibri&quot;,sans-serif\"><a href=\"https:\/\/grandesconstrucoes.com.br\/Noticias\/Exibir\/economia-comeca-a-dar-sinais-de-desaceleracao\" style=\"color:blue; text-decoration:underline\"><span style=\"font-size:14.0pt\">Economia come&ccedil;a a dar sinais de desacelera&ccedil;&atilde;o<\/span><\/a><\/span><\/span><\/span><\/p>\r\n\r\n<p style=\"text-align:justify\"><span style=\"font-size:11pt\"><span style=\"line-height:normal\"><span style=\"font-family:&quot;Calibri&quot;,sans-serif\"><a href=\"https:\/\/portalibre.fgv.br\/noticias\/monitor-do-pib-fgv-retraiu-04-em-setembro\" style=\"color:blue; text-decoration:underline\"><span style=\"font-size:14.0pt\">Monitor do PIB-FGV retraiu 0,4% em setembro<\/span><\/a><\/span><\/span><\/span><\/p>\r\n\r\n<p style=\"text-align:justify\"><span style=\"font-size:11pt\"><span style=\"line-height:normal\"><span style=\"font-family:&quot;Calibri&quot;,sans-serif\"><a href=\"https:\/\/agenciabrasil.ebc.com.br\/economia\/noticia\/2022-11\/mercado-financeiro-eleva-projecao-da-inflacao-de-582-para-588\" style=\"color:blue; text-decoration:underline\"><span style=\"font-size:14.0pt\">Mercado financeiro eleva proje&ccedil;&atilde;o da infla&ccedil;&atilde;o de 5,82% para 5,88%<\/span><\/a><\/span><\/span><\/span><\/p>\r\n\r\n<p style=\"text-align:justify\"><span style=\"font-size:11pt\"><span style=\"line-height:normal\"><span style=\"font-family:&quot;Calibri&quot;,sans-serif\"><a href=\"https:\/\/portalibre.fgv.br\/noticias\/surpresas-favoraveis-com-o-crescimento-do-pib-brasileiro-em-2020-22-decorreram-em-boa\" style=\"color:blue; text-decoration:underline\"><span style=\"font-size:14.0pt\">Surpresas favor&aacute;veis com o crescimento do PIB brasileiro em 2020-22 decorreram em boa medida de fatores estruturais, como apontou a SPE?<\/span><\/a><\/span><\/span><\/span><\/p>\r\n","texto_en":"","7":"","imagem":"COMP_banner-padrao-home-destaques-boletim_20221129144736XMOV6qVOnJ.jpg","8":"COMP_banner-padrao-home-destaques-boletim_20221129144736XMOV6qVOnJ.jpg","arquivo":"20221122-NOTICIAS-SEMANAIS.PDF","9":"20221122-NOTICIAS-SEMANAIS.PDF","titulo_arquivo":"","10":"","titulo_arquivo_en":"","11":"","created_at":"2022-11-29 14:47:47","12":"2022-11-29 14:47:47","updated_at":"2022-11-29 14:47:47","13":"2022-11-29 14:47:47"},{"id":43,"0":43,"ordem":180,"1":180,"data":"2022-11-16","2":"2022-11-16","slug":"boletim-de-noticias-semanais-40","3":"boletim-de-noticias-semanais-40","titulo":"Boletim de Not\u00edcias Semanais","4":"Boletim de Not\u00edcias Semanais","titulo_en":"","5":"","texto":"<p style=\"text-align:justify\"><span style=\"font-size:11pt\"><span style=\"line-height:normal\"><span style=\"font-family:&quot;Calibri&quot;,sans-serif\"><span style=\"font-size:14.0pt\">Esta &eacute; uma compila&ccedil;&atilde;o das not&iacute;cias mais relevantes para o setor, incluindo informa&ccedil;&otilde;es sobre acordos internacionais, economia brasileira, sustentabilidade e mat&eacute;rias primas, al&eacute;m de novidades do setor de N&atilde;otecidos e Tecidos T&eacute;cnicos.<\/span><\/span><\/span><\/span><\/p>\r\n\r\n<p class=\"MsoTitleCxSpLast\" style=\"text-align:justify\"><span style=\"font-size:28pt\"><span style=\"font-family:&quot;Cambria&quot;,serif\"><span style=\"letter-spacing:-0.5pt\"><b><span style=\"font-size:18.0pt\"><span style=\"font-family:&quot;Calibri&quot;,sans-serif\"><span style=\"font-variant:small-caps\">A&ccedil;&otilde;es da ABINT<\/span><\/span><\/span><\/b><\/span><\/span><\/span><\/p>\r\n\r\n<p class=\"MsoTitleCxSpLast\" style=\"text-align:justify\"><img height=\"500\" src=\"https:\/\/www.abint.org.br\/assets\/img\/editor\/20221117-live-ctg-instagram-maua_202211181936577dbVwjoCrp.jpeg\" width=\"500\" \/><\/p>\r\n\r\n<p class=\"MsoTitleCxSpLast\" style=\"text-align:justify\"><span class=\"MsoHyperlink\" style=\"color:blue\"><span style=\"text-decoration:underline\"><span style=\"font-size:14.0pt\"><span style=\"line-height:115%\"><span style=\"font-family:&quot;Calibri&quot;,sans-serif\"><span style=\"text-decoration:none\"><span style=\"text-underline:none\">Para acompanhar a live, siga o <b>CTG ABINT<\/b> no <\/span><\/span><\/span><\/span><\/span><\/span><\/span><span style=\"font-size:11.0pt\"><span style=\"line-height:115%\"><span style=\"font-family:&quot;Calibri&quot;,sans-serif\"><a href=\"https:\/\/www.instagram.com\/ctg_abint\/\" style=\"color:blue; text-decoration:underline\"><span style=\"font-size:14.0pt\"><span style=\"line-height:115%\">Instagram<\/span><\/span><\/a><\/span><\/span><\/span><span class=\"MsoHyperlink\" style=\"color:blue\"><span style=\"text-decoration:underline\"><span style=\"font-size:14.0pt\"><span style=\"line-height:115%\"><span style=\"font-family:&quot;Calibri&quot;,sans-serif\"><span style=\"text-decoration:none\"><span style=\"text-underline:none\">.<\/span><\/span><\/span><\/span><\/span><\/span><\/span><\/p>\r\n\r\n<p class=\"MsoTitleCxSpLast\" style=\"text-align:justify\">&nbsp;<\/p>\r\n\r\n<p class=\"MsoTitleCxSpLast\" style=\"text-align:justify\"><img height=\"500\" src=\"https:\/\/www.abint.org.br\/assets\/img\/editor\/live-abms-29-03-2022_20221118193750AHaDmCTECi.jpeg\" width=\"500\" \/><\/p>\r\n\r\n<p style=\"text-align:justify\"><span style=\"font-size:11pt\"><span style=\"line-height:normal\"><span style=\"font-family:&quot;Calibri&quot;,sans-serif\"><span style=\"font-size:14.0pt\">A 18&ordf; Palestra Milton Vargas da ABMS (2022) ser&aacute; ministrada pelo Prof. Luis Edmundo Prado de Campos no dia 8 de dezembro, &agrave;s 19 horas, no Canal ABMS do YouTube.<\/span><\/span><\/span><\/span><\/p>\r\n\r\n<p style=\"text-align:justify\"><span style=\"font-size:11pt\"><span style=\"line-height:normal\"><span style=\"font-family:&quot;Calibri&quot;,sans-serif\"><span style=\"font-size:14.0pt\">Engenheiro civil pela UFBA e mestre em geotecnia pela PUC-Rio, o Prof. Luis Edmundo &eacute; coordenador do Laborat&oacute;rio de Geotecnia da UFBA e diretor da Escola Polit&eacute;cnica, al&eacute;m de presidir o CREA-BA e ocupar o cargo de CEO na LEPC Consultoria Geot&eacute;cnica. <\/span><\/span><\/span><\/span><\/p>\r\n\r\n<p style=\"text-align:justify\"><span style=\"font-size:11pt\"><span style=\"line-height:normal\"><span style=\"font-family:&quot;Calibri&quot;,sans-serif\"><span style=\"font-size:14.0pt\">Nesta palestra, falar&aacute; sobre o tema &ldquo;Conten&ccedil;&otilde;es - Tipos e Aplica&ccedil;&otilde;es&rdquo;, no qual &eacute; especialista, abordando os diversos tipos de conten&ccedil;&otilde;es, suas aplica&ccedil;&otilde;es, funcionalidades, conceitos de dimensionamento preliminar e casos de obras.<\/span><\/span><\/span><\/span><\/p>\r\n\r\n<p style=\"text-align:justify\"><span style=\"font-size:11pt\"><span style=\"line-height:normal\"><span style=\"font-family:&quot;Calibri&quot;,sans-serif\"><span style=\"font-size:14.0pt\">Desde 2005 a Palestra Milton Vargas &eacute; proferida anualmente por um profissional renomado da comunidade geot&eacute;cnica brasileira, levando temas da pr&aacute;tica da geotecnia a jovens engenheiros, estudantes e pesquisadores.<\/span><\/span><\/span><\/span><\/p>\r\n\r\n<p class=\"MsoTitleCxSpLast\" style=\"text-align:justify\"><span style=\"font-size:14.0pt\"><span style=\"line-height:115%\"><span style=\"font-family:&quot;Calibri&quot;,sans-serif\">Acesse <\/span><\/span><\/span><span style=\"font-size:11.0pt\"><span style=\"line-height:115%\"><span style=\"font-family:&quot;Calibri&quot;,sans-serif\"><a href=\"https:\/\/www.youtube.com\/c\/CanalABMS\" style=\"color:blue; text-decoration:underline\"><span style=\"font-size:14.0pt\"><span style=\"line-height:115%\">https:\/\/www.youtube.com\/c\/CanalABMS<\/span><\/span><\/a><\/span><\/span><\/span><span style=\"font-size:14.0pt\"><span style=\"line-height:115%\"><span style=\"font-family:&quot;Calibri&quot;,sans-serif\"> e participe!<\/span><\/span><\/span><b> <\/b><\/p>\r\n\r\n<p class=\"MsoTitleCxSpLast\" style=\"text-align:justify\">&nbsp;<\/p>\r\n\r\n<p class=\"MsoTitleCxSpLast\" style=\"text-align:justify\"><span style=\"font-size:14.0pt\"><span style=\"line-height:115%\"><span style=\"font-family:&quot;Calibri&quot;,sans-serif\"><img height=\"500\" src=\"https:\/\/www.abint.org.br\/assets\/img\/editor\/premio-tcc-ic-2023-arte-1_20221118193925A8YAvVldeQ.png\" width=\"500\" \/><\/span><\/span><\/span><\/p>\r\n\r\n<p style=\"text-align:justify\"><span style=\"font-size:11pt\"><span style=\"line-height:normal\"><span style=\"font-family:&quot;Calibri&quot;,sans-serif\"><b><span style=\"font-size:18.0pt\"><span style=\"font-variant:small-caps\">Eventos<\/span><\/span><\/b><\/span><\/span><\/span><\/p>\r\n\r\n<p style=\"text-align:justify\"><span style=\"font-size:11pt\"><span style=\"line-height:normal\"><span style=\"font-family:&quot;Calibri&quot;,sans-serif\"><span class=\"MsoHyperlink\" style=\"color:blue\"><span style=\"text-decoration:underline\"><b><span style=\"font-size:14.0pt\"><span style=\"text-decoration:none\"><span style=\"text-underline:none\">Embrapa e Abiquim: Simp&oacute;sio de Cultivo Protegido<\/span><\/span><\/span><\/b><\/span><\/span><span class=\"MsoHyperlink\" style=\"color:blue\"><span style=\"text-decoration:underline\"><span style=\"font-size:14.0pt\"><span style=\"text-decoration:none\"><span style=\"text-underline:none\">, a partir de 17 de novembro, gratuito e 100% online. <\/span><\/span><\/span><\/span><\/span><a href=\"https:\/\/abiquim.org.br\/comunicacao\/noticia\/10476\" style=\"color:blue; text-decoration:underline\"><span style=\"font-size:14.0pt\">Informa&ccedil;&otilde;es<\/span><\/a><\/span><\/span><\/span><\/p>\r\n\r\n<p style=\"text-align:justify\"><span style=\"font-size:11pt\"><span style=\"line-height:normal\"><span style=\"font-family:&quot;Calibri&quot;,sans-serif\"><b><span style=\"font-size:14.0pt\">Curso ABNT | Simbologia para a Etiquetagem T&ecirc;xtil - Norma ABNT NBR ISO NM ISO3758<\/span><\/b><span style=\"font-size:14.0pt\">, 21 e 22 de novembro, online, das 08h30 &agrave;s 17h30. <\/span><a href=\"https:\/\/www.abntcatalogo.com.br\/curs.aspx?Q=QjdEb3dsdDZtVXFsUTUxZ0w1ZmpGbm1uVnRRZmRodVc=\" style=\"color:blue; text-decoration:underline\"><span style=\"font-size:14.0pt\">Informa&ccedil;&otilde;es<\/span><\/a><\/span><\/span><\/span><\/p>\r\n\r\n<p style=\"text-align:justify\"><span style=\"font-size:11pt\"><span style=\"line-height:normal\"><span style=\"font-family:&quot;Calibri&quot;,sans-serif\"><b><span style=\"font-size:14.0pt\">Semin&aacute;rio Apex-Brasil: &quot;Como fazer neg&oacute;cios com a ONU&quot;<\/span><\/b><span style=\"font-size:14.0pt\">, 22 de novembro. <\/span><a href=\"https:\/\/crm-apps.apexbrasil.com.br\/orgbdeab873\/inscricao-eventos\/evento\/seminario-como-fazer-negocios-com-a-onu\/fe2ec5b6-8ae7-4b08-90df-832d0dc32a55?utm_campaign=divulgacao_como_fazer_negocios_com_a_onu&amp;utm_medium=email&amp;utm_source=EMarketing\" style=\"color:blue; text-decoration:underline\"><span style=\"font-size:14.0pt\">Informa&ccedil;&otilde;es<\/span><\/a><\/span><\/span><\/span><\/p>\r\n\r\n<p style=\"text-align:justify\"><span style=\"font-size:11pt\"><span style=\"line-height:normal\"><span style=\"font-family:&quot;Calibri&quot;,sans-serif\"><b><span style=\"font-size:14.0pt\">GO Wipes Europe Conference<\/span><\/b><span style=\"font-size:14.0pt\">, 7 &amp; 8 December 2022, Amsterdam, The Netherlands. <\/span><a href=\"https:\/\/www.go-wipes.com\/home\" style=\"color:blue; text-decoration:underline\"><span style=\"font-size:14.0pt\">Informa&ccedil;&otilde;es<\/span><\/a><\/span><\/span><\/span><\/p>\r\n\r\n<p style=\"text-align:justify\"><span style=\"font-size:11pt\"><span style=\"line-height:normal\"><span style=\"font-family:&quot;Calibri&quot;,sans-serif\"><b><span style=\"font-size:14.0pt\">Webinar ABNT | ESG e Indicadores de Sustentabilidade<\/span><\/b><span style=\"font-size:14.0pt\">, 14 a 16 de dezembro, 8h30 &agrave;s 12h30, online. <\/span><a href=\"https:\/\/abnlink.abnt.org.br\/cl\/POkyC\/FZi\/8195\/LCFJkUKAOaB\/BLNq\/IjtXd4SWxTy\/1\/\" style=\"color:blue; text-decoration:underline\"><span style=\"font-size:14.0pt\">Informa&ccedil;&otilde;es<\/span><\/a><\/span><\/span><\/span><\/p>\r\n\r\n<p class=\"MsoTitle\" style=\"text-align:justify\"><span style=\"font-size:28pt\"><span style=\"font-family:&quot;Cambria&quot;,serif\"><span style=\"letter-spacing:-0.5pt\"><b><span style=\"font-size:18.0pt\"><span style=\"font-family:&quot;Calibri&quot;,sans-serif\"><span style=\"font-variant:small-caps\">Setor<\/span><\/span><\/span><\/b><\/span><\/span><\/span><\/p>\r\n\r\n<p style=\"text-align:justify\"><span style=\"font-size:11pt\"><span style=\"line-height:normal\"><span style=\"font-family:&quot;Calibri&quot;,sans-serif\"><a href=\"https:\/\/www.nonwovens-innovation.com\/news\/shaping-the-future-of-ppe-with-patented-functionalisation-technology\/\" style=\"color:blue; text-decoration:underline\"><span style=\"font-size:14.0pt\">Shaping the future of PPE with patented Functionalisation Technology<\/span><\/a><\/span><\/span><\/span><\/p>\r\n\r\n<p style=\"text-align:justify\"><span style=\"font-size:11pt\"><span style=\"line-height:normal\"><span style=\"font-family:&quot;Calibri&quot;,sans-serif\"><a href=\"https:\/\/www.innovationintextiles.com\/smart-textiles-nanotechnology\/sensors-employed-for-better-fitting-facemasks\/\" style=\"color:blue; text-decoration:underline\"><span style=\"font-size:14.0pt\">Sensors employed for better fitting facemasks<\/span><\/a><\/span><\/span><\/span><\/p>\r\n\r\n<p style=\"text-align:justify\"><span style=\"font-size:11pt\"><span style=\"line-height:normal\"><span style=\"font-family:&quot;Calibri&quot;,sans-serif\"><a href=\"https:\/\/www.textiletechnology.net\/fibers\/news\/andritzlut-university-new-fiber-research-laboratory-33093?utm_source=%2Fmeta%2Fnewsletter%2Fnewsletter&amp;utm_medium=newsletter&amp;utm_campaign=nl1014&amp;utm_term=0801b20e08c3242125d512808cd74302\" style=\"color:blue; text-decoration:underline\"><span style=\"font-size:14.0pt\">Andritz\/LUT University | New fiber research laboratory<\/span><\/a><\/span><\/span><\/span><\/p>\r\n\r\n<p style=\"text-align:justify\"><span style=\"font-size:11pt\"><span style=\"line-height:normal\"><span style=\"font-family:&quot;Calibri&quot;,sans-serif\"><a href=\"https:\/\/www.textiletechnology.net\/technology\/news\/andritz-textile-recycling-line-starts-up-in-france-33140?utm_source=%2Fmeta%2Fnewsletter%2Fnewsletter&amp;utm_medium=newsletter&amp;utm_campaign=nl1019&amp;utm_term=0801b20e08c3242125d512808cd74302\" style=\"color:blue; text-decoration:underline\"><span style=\"font-size:14.0pt\">Andritz | Textile recycling line starts-up in France<\/span><\/a><\/span><\/span><\/span><\/p>\r\n\r\n<p style=\"text-align:justify\"><span style=\"font-size:11pt\"><span style=\"line-height:normal\"><span style=\"font-family:&quot;Calibri&quot;,sans-serif\"><a href=\"https:\/\/www.nonwovens-industry.com\/live-from-shows\/hygienix\/2022-11-07\/fibertex-nonwovens-to-present-sustainable-soutions?utm_medium=email&amp;_hsmi=233196607&amp;_hsenc=p2ANqtz-9lMtzu1Ph-fqtJxd-cN6ds29SdMAedBLL5tMk0jGvYXjobxP1MPXKjscUDsJWq47BG8hdtoemNOa5HoBp2Om0vEx0nJw&amp;utm_content=233196607&amp;utm_source=hs_email\" style=\"color:blue; text-decoration:underline\"><span style=\"font-size:14.0pt\">Fibertex Nonwovens to Present Sustainable Soutions<\/span><\/a><\/span><\/span><\/span><\/p>\r\n\r\n<p style=\"text-align:justify\"><span style=\"font-size:11pt\"><span style=\"line-height:normal\"><span style=\"font-family:&quot;Calibri&quot;,sans-serif\"><a href=\"https:\/\/www.textiletechnology.net\/nonwovens\/news\/niri-new-additions-to-spray-bonding-capabilities-33098?utm_source=%2Fmeta%2Fnewsletter%2Fnewsletter&amp;utm_medium=newsletter&amp;utm_campaign=nl1014&amp;utm_term=0801b20e08c3242125d512808cd74302\" style=\"color:blue; text-decoration:underline\"><span style=\"font-size:14.0pt\">NIRI | New additions to spray bonding capabilities<\/span><\/a><\/span><\/span><\/span><\/p>\r\n\r\n<p style=\"text-align:justify\"><span style=\"font-size:11pt\"><span style=\"line-height:normal\"><span style=\"font-family:&quot;Calibri&quot;,sans-serif\"><a href=\"https:\/\/www.braskem.com.br\/detalhe-noticia\/braskem-anuncia-novo-centro-de-inovacao-renovavel-em-lexington-massachusetts\" style=\"color:blue; text-decoration:underline\"><span style=\"font-size:14.0pt\">Braskem anuncia novo centro de inova&ccedil;&atilde;o renov&aacute;vel em Lexington, Massachusetts<\/span><\/a><\/span><\/span><\/span><\/p>\r\n\r\n<p style=\"text-align:justify\"><span style=\"font-size:11pt\"><span style=\"line-height:normal\"><span style=\"font-family:&quot;Calibri&quot;,sans-serif\"><a href=\"https:\/\/www.agrolink.com.br\/noticias\/criacao-em-cultivo-protegido-alavanca-producao-de-camarao_472714.html\" style=\"color:blue; text-decoration:underline\"><span style=\"font-size:14.0pt\">Cria&ccedil;&atilde;o em cultivo protegido alavanca produ&ccedil;&atilde;o de camar&atilde;o<\/span><\/a><\/span><\/span><\/span><\/p>\r\n\r\n<p style=\"text-align:justify\"><span style=\"font-size:11pt\"><span style=\"line-height:normal\"><span style=\"font-family:&quot;Calibri&quot;,sans-serif\"><a href=\"https:\/\/www.radiocampanario.com\/ultimas\/regional\/infarmed-retira-do-mercado-nacional-compressas-de-gaze-estereis\" style=\"color:blue; text-decoration:underline\"><span style=\"font-size:14.0pt\">N&atilde;otecidos: Infarmed retira do mercado nacional compressas de gaze est&eacute;reis<\/span><\/a><\/span><\/span><\/span><\/p>\r\n\r\n<p style=\"text-align:justify\"><span style=\"font-size:11pt\"><span style=\"line-height:normal\"><span style=\"font-family:&quot;Calibri&quot;,sans-serif\"><a href=\"https:\/\/t.rdsv1.net\/ls\/click?upn=dUXG8cK7gehfgvepwsFkLMFol9SUeSyRX5ZbS4oHzZo5fW0tFxgZ0nsvb8Hpl6DVX08ymtl5ds5oTT-2BUgBU6g9Cu2frZMOmiSJ6-2FuUfVS-2FTSuZFCxSg17EY39edobWZJxW-2BHXoS-2FuizShel0bnGwCFObRd14E9ss5Yyw8KmjsMTvdOZTd8-2F9tcyFtEX0C4QED3d8uCkVZNOs4jOxLrNqYGBd5p9IBnj46CU-2BmUI1dMQC6pt50mY7zriuNwfUB8NHTVdo9296V8Gfg67f07yKiQ-3D-3DXJk0_iW8zc4KBvTUX2z9kws1M6pjQI9DpNNh-2Fk6fgMN4DbaFx-2BL1o5swSv2HtiLB2iGFhri3uCHN6zus2re8T7or9O-2BMMcqv-2FmZBLpBeU2fgsNGvH8Rqoh2WoWZ1oQI3rQY5JYlZqujKEvjbT4vdq-2BWQ6tTbnQeMUVkNhEky9DM4unGJyHe-2BglBRpzI1pQOYYkg6rJr4P6b9HdK1AnPiRVvkeWhD-2BwrCSsEC5iVhEaDPOexiYsODF8U0KWcB8UUq4cvh6aGoUJSGVFhEWPBSvLWLR1bhByBwVARdObF2-2F7CtkQCv5J6jQvijqJ6JOTkKORXvRFV2hg6rZevfR1nGixJsA-2FhjwuaJOEvZLTpua-2FV-2B2ZfzrACk1mKRt860vn6jG1PF1Nfv13pYh4RH7x7lIjkDUAPksp4Z807WK1LBj13dTK9JepxZDQLKuufmDCR2V61JX4hq9RDpRBvFTaPPjlXagCEgyQi5pnn0bEoAW8I9ELHsrlLxXtyxKD9oY0Oj3cVPO6bM1RfA3sUwoJy7dBs3awm-2BO9-2FPDk74-2Be0aObQOd-2BXq9f5ukNcwizWGj21rWjwGJuA9Sg4QhVM7u7-2FUlAEZgzZPQZASXY9vjdaC0XLg0stg8EI9uj1NvsWZyGElWumYgD2Z-2FBkLRcsnOQfHKYdCatkDtOo6YCFMNfQzQWGxcQuk-3D\" style=\"color:blue; text-decoration:underline\" target=\"_blank\" title=\"Kimberly-Clark vai investir US$ 80 milh\u00f5es na Am\u00e9rica Latina na pr\u00f3xima d\u00e9cada\"><span style=\"font-size:14.0pt\">Kimberly-Clark vai investir US$ 80 milh&otilde;es na Am&eacute;rica Latina na pr&oacute;xima d&eacute;cada<\/span><\/a><\/span><\/span><\/span><\/p>\r\n\r\n<p style=\"text-align:justify\"><span style=\"font-size:11pt\"><span style=\"line-height:normal\"><span style=\"font-family:&quot;Calibri&quot;,sans-serif\"><a href=\"https:\/\/manezinhonews.com.br\/noticia\/32134\/klabin-inicia-nova-planta-de-gaseificacao-fornecida-pela-andritz\" style=\"color:blue; text-decoration:underline\"><span style=\"font-size:14.0pt\">Klabin inicia nova planta de gaseifica&ccedil;&atilde;o fornecida pela ANDRITZ<\/span><\/a><\/span><\/span><\/span><\/p>\r\n\r\n<p class=\"MsoTitle\" style=\"text-align:justify\"><span style=\"font-size:28pt\"><span style=\"font-family:&quot;Cambria&quot;,serif\"><span style=\"letter-spacing:-0.5pt\"><b><span style=\"font-size:18.0pt\"><span style=\"font-family:&quot;Calibri&quot;,sans-serif\"><span style=\"font-variant:small-caps\">Ind&uacute;stria<\/span><\/span><\/span><\/b><\/span><\/span><\/span><\/p>\r\n\r\n<p style=\"text-align:justify\"><span style=\"font-size:11pt\"><span style=\"line-height:normal\"><span style=\"font-family:&quot;Calibri&quot;,sans-serif\"><a href=\"https:\/\/noticias.portaldaindustria.com.br\/noticias\/economia\/confianca-da-industria-registra-forte-queda-em-novembro\/\" style=\"color:blue; text-decoration:underline\"><span style=\"font-size:14.0pt\">Confian&ccedil;a da ind&uacute;stria registra forte queda em novembro<\/span><\/a><\/span><\/span><\/span><\/p>\r\n\r\n<p style=\"text-align:justify\"><span style=\"font-size:11pt\"><span style=\"line-height:normal\"><span style=\"font-family:&quot;Calibri&quot;,sans-serif\"><a href=\"https:\/\/ibre.fgv.br\/blog-da-conjuntura-economica\/artigos\/sondagens-do-fgv-ibre-apontam-recuo-das-expectativas-dos\" style=\"color:blue; text-decoration:underline\"><span style=\"font-size:14.0pt\">Sondagens do FGV IBRE apontam recuo das expectativas dos empres&aacute;rios em todos os setores, de olho em uma desacelera&ccedil;&atilde;o da atividade<\/span><\/a><\/span><\/span><\/span><\/p>\r\n\r\n<p style=\"text-align:justify\"><span style=\"font-size:11pt\"><span style=\"line-height:normal\"><span style=\"font-family:&quot;Calibri&quot;,sans-serif\"><a href=\"https:\/\/grandesconstrucoes.com.br\/Noticias\/Exibir\/abertura-de-tuneis-avanca-em-precisao-e-eficiencia\" style=\"color:blue; text-decoration:underline\"><span style=\"font-size:14.0pt\">Geotecnia - Abertura de t&uacute;neis avan&ccedil;a em precis&atilde;o e efici&ecirc;ncia<\/span><\/a><\/span><\/span><\/span><\/p>\r\n\r\n<p style=\"text-align:justify\"><span style=\"font-size:11pt\"><span style=\"line-height:normal\"><span style=\"font-family:&quot;Calibri&quot;,sans-serif\"><a href=\"https:\/\/grandesconstrucoes.com.br\/Noticias\/Exibir\/concessoes-aumentam-expectativa-de-obras-em-rodovias\" style=\"color:blue; text-decoration:underline\"><span style=\"font-size:14.0pt\">Concess&otilde;es aumentam expectativa de obras em rodovias<\/span><\/a><\/span><\/span><\/span><\/p>\r\n\r\n<p style=\"text-align:justify\"><span style=\"font-size:11pt\"><span style=\"line-height:normal\"><span style=\"font-family:&quot;Calibri&quot;,sans-serif\"><a href=\"https:\/\/almaco.org.br\/2022\/11\/04\/ferrovias-autorizadas-somam-r-1317-bi-em-investimentos\/\" style=\"color:blue; text-decoration:underline\"><span style=\"font-size:14.0pt\">Ferrovias autorizadas somam R$ 131,7 bi em investimentos<\/span><\/a><\/span><\/span><\/span><\/p>\r\n\r\n<p style=\"text-align:justify\"><span style=\"font-size:11pt\"><span style=\"line-height:normal\"><span style=\"font-family:&quot;Calibri&quot;,sans-serif\"><a href=\"https:\/\/grandesconstrucoes.com.br\/Noticias\/Exibir\/falta-ou-alto-custo-de-materia-prima-afeta-menos-industrias-de-pequeno-porte\" style=\"color:blue; text-decoration:underline\"><span style=\"font-size:14.0pt\">Falta ou alto custo de mat&eacute;ria-prima afeta menos ind&uacute;strias de pequeno porte<\/span><\/a><\/span><\/span><\/span><\/p>\r\n\r\n<p style=\"text-align:justify\"><span style=\"font-size:11pt\"><span style=\"line-height:normal\"><span style=\"font-family:&quot;Calibri&quot;,sans-serif\"><a href=\"https:\/\/mundodoplastico.plasticobrasil.com.br\/oportunidades\/plastico-esta-presente-em-mais-da-metade-da-producao-de-calcados?utm_campaign=BRZ22MPD-MM-Newsletter%2023&amp;utm_emailname=BRZ22MPD-MM-Newsletter%2023&amp;utm_medium=email&amp;utm_source=Eloqua&amp;utm_MDMContactID=2bb3d23c-a32f-4218-88d5-29f7fb45caee&amp;utm_campaigntype=Newsletter&amp;eM=50c7dfe42c38ea8f10539f0a167fc763253059e495554a32db7a57f8f237ec4c&amp;eventSeriesCode=ES_MDDPLSDGTL&amp;eventEditionCode=BRZ00MPD&amp;sessionCode=S_MNDPLSTNWSLTR&amp;sp_eh=50c7dfe42c38ea8f10539f0a167fc763253059e495554a32db7a57f8f237ec4c\" style=\"color:blue; text-decoration:underline\"><span style=\"font-size:14.0pt\">Pl&aacute;stico est&aacute; presente em mais da metade da produ&ccedil;&atilde;o de cal&ccedil;ados<\/span><\/a><\/span><\/span><\/span><\/p>\r\n\r\n<p style=\"text-align:justify\"><span style=\"font-size:11pt\"><span style=\"line-height:normal\"><span style=\"font-family:&quot;Calibri&quot;,sans-serif\"><a href=\"https:\/\/www.portugaltextil.com\/industria-de-vestuario-lidera-crescimento-nos-eua\/?utm_term=Portugal+Textil+a%3F%3F%3F%3F+09.11.2022&amp;utm_campaign=Portugal+Textil+FInal&amp;utm_source=e-goi&amp;utm_medium=email\" style=\"color:blue; text-decoration:underline\"><span style=\"font-size:14.0pt\">Ind&uacute;stria de vestu&aacute;rio lidera crescimento nos EUA<\/span><\/a><\/span><\/span><\/span><\/p>\r\n\r\n<p style=\"text-align:justify\"><span style=\"font-size:11pt\"><span style=\"line-height:normal\"><span style=\"font-family:&quot;Calibri&quot;,sans-serif\"><a href=\"https:\/\/www.fibre2fashion.com\/news\/textile-news\/china-s-textile-sector-reports-3-1-yoy-revenue-growth-in-jan-sept-284056-newsdetails.htm\" style=\"color:blue; text-decoration:underline\"><span style=\"font-size:12.0pt\"><span style=\"font-family:&quot;Arial&quot;,sans-serif\">China&#39;s textile sector reports 3.1% YoY revenue growth in Jan-Sept<\/span><\/span><\/a><\/span><\/span><\/span><\/p>\r\n\r\n<p style=\"text-align:justify\"><span style=\"font-size:11pt\"><span style=\"line-height:normal\"><span style=\"font-family:&quot;Calibri&quot;,sans-serif\"><a href=\"https:\/\/www.moveisdevalor.com.br\/portal\/venda-de-moveis-no-varejo-fecha-nove-meses-no-vermelho-diz-ibge?source=news\" style=\"color:blue; text-decoration:underline\"><span style=\"font-size:14.0pt\">Venda de m&oacute;veis no varejo fecha nove meses no vermelho, diz IBGE<\/span><\/a><\/span><\/span><\/span><\/p>\r\n\r\n<p class=\"MsoTitle\" style=\"text-align:justify\"><span style=\"font-size:28pt\"><span style=\"font-family:&quot;Cambria&quot;,serif\"><span style=\"letter-spacing:-0.5pt\"><b><span style=\"font-size:18.0pt\"><span style=\"font-family:&quot;Calibri&quot;,sans-serif\"><span style=\"font-variant:small-caps\">Sustentabilidade<\/span><\/span><\/span><\/b><\/span><\/span><\/span><\/p>\r\n\r\n<p style=\"text-align:justify\"><span style=\"font-size:11pt\"><span style=\"line-height:normal\"><span style=\"font-family:&quot;Calibri&quot;,sans-serif\"><a href=\"https:\/\/agenciabrasil.ebc.com.br\/economia\/noticia\/2022-11\/preocupacao-com-sustentabilidade-esta-presente-em-60-das-industrias\" style=\"color:blue; text-decoration:underline\"><span style=\"font-size:14.0pt\">Preocupa&ccedil;&atilde;o com sustentabilidade est&aacute; presente em 60% das ind&uacute;strias<\/span><\/a><\/span><\/span><\/span><\/p>\r\n\r\n<p style=\"text-align:justify\"><span style=\"font-size:11pt\"><span style=\"line-height:normal\"><span style=\"font-family:&quot;Calibri&quot;,sans-serif\"><a href=\"https:\/\/tratabrasil.org.br\/beneficios-economicos-e-sociais-da-expansao-do-saneamento-no-brasil\" style=\"color:blue; text-decoration:underline\"><span style=\"font-size:14.0pt\">Trata Brasil divulga estudo: &ldquo;BENEF&Iacute;CIOS ECON&Ocirc;MICOS E SOCIAIS DA EXPANS&Atilde;O DO SANEAMENTO NO BRASIL<\/span><\/a><\/span><\/span><\/span><\/p>\r\n\r\n<p style=\"text-align:justify\"><span style=\"font-size:11pt\"><span style=\"line-height:normal\"><span style=\"font-family:&quot;Calibri&quot;,sans-serif\"><a href=\"https:\/\/noticias.portaldaindustria.com.br\/noticias\/sustentabilidade\/industria-brasileira-apresenta-na-cop-27-iniciativas-e-projetos-na-agenda-de-sustentabilidade\/\" style=\"color:blue; text-decoration:underline\"><span style=\"font-size:14.0pt\">Ind&uacute;stria brasileira apresenta, na COP 27, iniciativas e projetos na agenda de sustentabilidade<\/span><\/a><\/span><\/span><\/span><\/p>\r\n\r\n<p style=\"text-align:justify\"><span style=\"font-size:11pt\"><span style=\"line-height:normal\"><span style=\"font-family:&quot;Calibri&quot;,sans-serif\"><a href=\"https:\/\/www.plastico.com.br\/economia-circular-reciclados-podem-ter-uso-nobre\/\" style=\"color:blue; text-decoration:underline\"><span style=\"font-size:14.0pt\">Economia circular: Reciclados podem ter uso nobre<\/span><\/a><\/span><\/span><\/span><\/p>\r\n\r\n<p style=\"text-align:justify\"><span style=\"font-size:11pt\"><span style=\"line-height:normal\"><span style=\"font-family:&quot;Calibri&quot;,sans-serif\"><a href=\"https:\/\/plasticosemrevista.com.br\/heineken-considera-sustentavel-rejeitar-pet\/\" style=\"color:blue; text-decoration:underline\"><span style=\"font-size:14.0pt\">Heineken considera sustent&aacute;vel rejeitar PET<\/span><\/a><\/span><\/span><\/span><\/p>\r\n\r\n<p style=\"text-align:justify\"><span style=\"font-size:11pt\"><span style=\"line-height:normal\"><span style=\"font-family:&quot;Calibri&quot;,sans-serif\"><a href=\"https:\/\/grandesconstrucoes.com.br\/Noticias\/Exibir\/aquecimento-global-ja-impacta-infraestruturas-viarias?utm_source=akna&amp;utm_medium=email&amp;utm_campaign=Grandes-Construcoes-Informativo-837-10-11-2022&amp;utm_source=akna&amp;utm_medium=email&amp;utm_campaign=Grandes-Construcoes-Informativo-837-10-11-2022\" style=\"color:blue; text-decoration:underline\"><span style=\"font-size:14.0pt\">Aquecimento global j&aacute; impacta infraestruturas vi&aacute;rias<\/span><\/a><\/span><\/span><\/span><\/p>\r\n\r\n<p class=\"MsoTitle\" style=\"text-align:justify\"><span style=\"font-size:28pt\"><span style=\"font-family:&quot;Cambria&quot;,serif\"><span style=\"letter-spacing:-0.5pt\"><b><span style=\"font-size:18.0pt\"><span style=\"font-family:&quot;Calibri&quot;,sans-serif\"><span style=\"font-variant:small-caps\">Inova&ccedil;&atilde;o<\/span><\/span><\/span><\/b><\/span><\/span><\/span><\/p>\r\n\r\n<p style=\"text-align:justify\"><span style=\"font-size:11pt\"><span style=\"line-height:normal\"><span style=\"font-family:&quot;Calibri&quot;,sans-serif\"><a href=\"https:\/\/www.douradosagora.com.br\/2022\/11\/10\/saiba-como-as-ensacadeiras-big-bag-podem-ajudar-o-seu-negocio\/\" style=\"color:blue; text-decoration:underline\"><span style=\"font-size:14.0pt\">Saiba como as Ensacadeiras Big Bag podem ajudar o seu neg&oacute;cio<\/span><\/a><\/span><\/span><\/span><\/p>\r\n\r\n<p class=\"MsoTitleCxSpLast\" style=\"text-align:justify\"><span style=\"font-size:28pt\"><span style=\"font-family:&quot;Cambria&quot;,serif\"><span style=\"letter-spacing:-0.5pt\"><b><span style=\"font-size:18.0pt\"><span style=\"font-family:&quot;Calibri&quot;,sans-serif\"><span style=\"font-variant:small-caps\">Com&eacute;rcio Exterior<\/span><\/span><\/span><\/b><\/span><\/span><\/span><\/p>\r\n\r\n<p style=\"text-align:justify\"><span style=\"font-size:11pt\"><span style=\"line-height:normal\"><span style=\"font-family:&quot;Calibri&quot;,sans-serif\"><a href=\"https:\/\/www.cnnbrasil.com.br\/business\/balanca-comercial-registra-superavit-de-us-17-bilhao-no-acumulado-de-novembro\/\" style=\"color:blue; text-decoration:underline\"><span style=\"font-size:14.0pt\">Balan&ccedil;a comercial registra super&aacute;vit de US$ 1,7 bilh&atilde;o no acumulado de novembro<\/span><\/a><\/span><\/span><\/span><\/p>\r\n\r\n<p class=\"MsoTitle\" style=\"text-align:justify\"><span style=\"font-size:28pt\"><span style=\"font-family:&quot;Cambria&quot;,serif\"><span style=\"letter-spacing:-0.5pt\"><b><span style=\"font-size:18.0pt\"><span style=\"font-family:&quot;Calibri&quot;,sans-serif\"><span style=\"font-variant:small-caps\">Economia<\/span><\/span><\/span><\/b><\/span><\/span><\/span><\/p>\r\n\r\n<p style=\"text-align:justify\"><span style=\"font-size:11pt\"><span style=\"line-height:normal\"><span style=\"font-family:&quot;Calibri&quot;,sans-serif\"><a href=\"https:\/\/www.bcb.gov.br\/content\/focus\/focus\/R20221104.pdf\" style=\"color:blue; text-decoration:underline\"><span style=\"font-size:14.0pt\">Focus - Relat&oacute;rio de Mercado<\/span><\/a><\/span><\/span><\/span><\/p>\r\n\r\n<p style=\"text-align:justify\"><span style=\"font-size:11pt\"><span style=\"line-height:normal\"><span style=\"font-family:&quot;Calibri&quot;,sans-serif\"><a href=\"https:\/\/www.bcb.gov.br\/content\/controleinflacao\/focustop5\/T20221110-Institui%C3%A7%C3%B5es%20Top%205%20-%20Outubro%20de%202022%20e%203T%202022.pdf\" style=\"color:blue; text-decoration:underline\"><span style=\"font-size:14.0pt\">Focus &ndash; Top 5 &ndash; Expectativas de Mercado.<\/span><\/a><\/span><\/span><\/span><\/p>\r\n\r\n<p style=\"text-align:justify\"><span style=\"font-size:11pt\"><span style=\"line-height:normal\"><span style=\"font-family:&quot;Calibri&quot;,sans-serif\"><a href=\"https:\/\/agenciabrasil.ebc.com.br\/economia\/noticia\/2022-11\/brasil-tera-trajetoria-sustentavel-de-crescimento-diz-campos-neto\" style=\"color:blue; text-decoration:underline\"><span style=\"font-size:14.0pt\">Brasil ter&aacute; trajet&oacute;ria sustent&aacute;vel de crescimento, diz Campos Neto<\/span><\/a><\/span><\/span><\/span><\/p>\r\n\r\n<p style=\"text-align:justify\"><span style=\"font-size:11pt\"><span style=\"line-height:normal\"><span style=\"font-family:&quot;Calibri&quot;,sans-serif\"><a href=\"https:\/\/portalibre.fgv.br\/sites\/default\/files\/2022-11\/barometros-globais-kof-fgv_press-release_11_2022_0.pdf\" style=\"color:blue; text-decoration:underline\"><span style=\"font-size:14.0pt\">Bar&ocirc;metros Globais continuam a sinalizar um cen&aacute;rio de desacelera&ccedil;&atilde;o para os pr&oacute;ximos meses<\/span><\/a><\/span><\/span><\/span><\/p>\r\n\r\n<p style=\"text-align:justify\"><span style=\"font-size:11pt\"><span style=\"line-height:normal\"><span style=\"font-family:&quot;Calibri&quot;,sans-serif\"><a href=\"https:\/\/grandesconstrucoes.com.br\/Noticias\/Exibir\/cbic-eleva-de-35-para-6-a-projecao-de-crescimento-do-pib-da-construcao\" style=\"color:blue; text-decoration:underline\"><span style=\"font-size:14.0pt\">Cbic eleva de 3,5% para 6% a proje&ccedil;&atilde;o de crescimento do PIB da constru&ccedil;&atilde;o<\/span><\/a><\/span><\/span><\/span><\/p>\r\n\r\n<p style=\"text-align:justify\"><span style=\"font-size:11pt\"><span style=\"line-height:normal\"><span style=\"font-family:&quot;Calibri&quot;,sans-serif\"><a href=\"https:\/\/observador.pt\/2022\/11\/15\/pib-da-zona-euro-com-crescimento-anual-de-21-no-3-o-trimestre-portugal-com-2-o-maior\/\" style=\"color:blue; text-decoration:underline\"><span style=\"font-size:14.0pt\">PIB da zona euro com crescimento anual de 2,1% no 3.&ordm; trimestre, Portugal com 2.&ordm; maior<\/span><\/a><\/span><\/span><\/span><\/p>\r\n\r\n<p style=\"text-align:justify\"><span style=\"font-size:11pt\"><span style=\"line-height:normal\"><span style=\"font-family:&quot;Calibri&quot;,sans-serif\"><a href=\"https:\/\/www.businessinsider.com\/inflation-cooling-cpi-report-october-price-growth-2022-11?utm_source=Sailthru&amp;utm_medium=email&amp;utm_campaign=Insider%20Today%2C%20November%2010%2C%202020&amp;utm_term=INSIDER%20TODAY%20SEND%20LIST\" style=\"color:blue; text-decoration:underline\"><span style=\"font-size:14.0pt\">Inflation cools in October as the Fed continues its outsize rate hikes<\/span><\/a><\/span><\/span><\/span><\/p>\r\n\r\n<p style=\"text-align:justify\"><span style=\"font-size:11pt\"><span style=\"line-height:normal\"><span style=\"font-family:&quot;Calibri&quot;,sans-serif\"><a href=\"https:\/\/observador.pt\/2022\/11\/09\/inflacao-desacelera-para-21-na-china-em-outubro\/\" style=\"color:blue; text-decoration:underline\"><span style=\"font-size:14.0pt\">Infla&ccedil;&atilde;o desacelera para 2,1% na China em outubro<\/span><\/a><\/span><\/span><\/span><\/p>\r\n","6":"<p style=\"text-align:justify\"><span style=\"font-size:11pt\"><span style=\"line-height:normal\"><span style=\"font-family:&quot;Calibri&quot;,sans-serif\"><span style=\"font-size:14.0pt\">Esta &eacute; uma compila&ccedil;&atilde;o das not&iacute;cias mais relevantes para o setor, incluindo informa&ccedil;&otilde;es sobre acordos internacionais, economia brasileira, sustentabilidade e mat&eacute;rias primas, al&eacute;m de novidades do setor de N&atilde;otecidos e Tecidos T&eacute;cnicos.<\/span><\/span><\/span><\/span><\/p>\r\n\r\n<p class=\"MsoTitleCxSpLast\" style=\"text-align:justify\"><span style=\"font-size:28pt\"><span style=\"font-family:&quot;Cambria&quot;,serif\"><span style=\"letter-spacing:-0.5pt\"><b><span style=\"font-size:18.0pt\"><span style=\"font-family:&quot;Calibri&quot;,sans-serif\"><span style=\"font-variant:small-caps\">A&ccedil;&otilde;es da ABINT<\/span><\/span><\/span><\/b><\/span><\/span><\/span><\/p>\r\n\r\n<p class=\"MsoTitleCxSpLast\" style=\"text-align:justify\"><img height=\"500\" src=\"https:\/\/www.abint.org.br\/assets\/img\/editor\/20221117-live-ctg-instagram-maua_202211181936577dbVwjoCrp.jpeg\" width=\"500\" \/><\/p>\r\n\r\n<p class=\"MsoTitleCxSpLast\" style=\"text-align:justify\"><span class=\"MsoHyperlink\" style=\"color:blue\"><span style=\"text-decoration:underline\"><span style=\"font-size:14.0pt\"><span style=\"line-height:115%\"><span style=\"font-family:&quot;Calibri&quot;,sans-serif\"><span style=\"text-decoration:none\"><span style=\"text-underline:none\">Para acompanhar a live, siga o <b>CTG ABINT<\/b> no <\/span><\/span><\/span><\/span><\/span><\/span><\/span><span style=\"font-size:11.0pt\"><span style=\"line-height:115%\"><span style=\"font-family:&quot;Calibri&quot;,sans-serif\"><a href=\"https:\/\/www.instagram.com\/ctg_abint\/\" style=\"color:blue; text-decoration:underline\"><span style=\"font-size:14.0pt\"><span style=\"line-height:115%\">Instagram<\/span><\/span><\/a><\/span><\/span><\/span><span class=\"MsoHyperlink\" style=\"color:blue\"><span style=\"text-decoration:underline\"><span style=\"font-size:14.0pt\"><span style=\"line-height:115%\"><span style=\"font-family:&quot;Calibri&quot;,sans-serif\"><span style=\"text-decoration:none\"><span style=\"text-underline:none\">.<\/span><\/span><\/span><\/span><\/span><\/span><\/span><\/p>\r\n\r\n<p class=\"MsoTitleCxSpLast\" style=\"text-align:justify\">&nbsp;<\/p>\r\n\r\n<p class=\"MsoTitleCxSpLast\" style=\"text-align:justify\"><img height=\"500\" src=\"https:\/\/www.abint.org.br\/assets\/img\/editor\/live-abms-29-03-2022_20221118193750AHaDmCTECi.jpeg\" width=\"500\" \/><\/p>\r\n\r\n<p style=\"text-align:justify\"><span style=\"font-size:11pt\"><span style=\"line-height:normal\"><span style=\"font-family:&quot;Calibri&quot;,sans-serif\"><span style=\"font-size:14.0pt\">A 18&ordf; Palestra Milton Vargas da ABMS (2022) ser&aacute; ministrada pelo Prof. Luis Edmundo Prado de Campos no dia 8 de dezembro, &agrave;s 19 horas, no Canal ABMS do YouTube.<\/span><\/span><\/span><\/span><\/p>\r\n\r\n<p style=\"text-align:justify\"><span style=\"font-size:11pt\"><span style=\"line-height:normal\"><span style=\"font-family:&quot;Calibri&quot;,sans-serif\"><span style=\"font-size:14.0pt\">Engenheiro civil pela UFBA e mestre em geotecnia pela PUC-Rio, o Prof. Luis Edmundo &eacute; coordenador do Laborat&oacute;rio de Geotecnia da UFBA e diretor da Escola Polit&eacute;cnica, al&eacute;m de presidir o CREA-BA e ocupar o cargo de CEO na LEPC Consultoria Geot&eacute;cnica. <\/span><\/span><\/span><\/span><\/p>\r\n\r\n<p style=\"text-align:justify\"><span style=\"font-size:11pt\"><span style=\"line-height:normal\"><span style=\"font-family:&quot;Calibri&quot;,sans-serif\"><span style=\"font-size:14.0pt\">Nesta palestra, falar&aacute; sobre o tema &ldquo;Conten&ccedil;&otilde;es - Tipos e Aplica&ccedil;&otilde;es&rdquo;, no qual &eacute; especialista, abordando os diversos tipos de conten&ccedil;&otilde;es, suas aplica&ccedil;&otilde;es, funcionalidades, conceitos de dimensionamento preliminar e casos de obras.<\/span><\/span><\/span><\/span><\/p>\r\n\r\n<p style=\"text-align:justify\"><span style=\"font-size:11pt\"><span style=\"line-height:normal\"><span style=\"font-family:&quot;Calibri&quot;,sans-serif\"><span style=\"font-size:14.0pt\">Desde 2005 a Palestra Milton Vargas &eacute; proferida anualmente por um profissional renomado da comunidade geot&eacute;cnica brasileira, levando temas da pr&aacute;tica da geotecnia a jovens engenheiros, estudantes e pesquisadores.<\/span><\/span><\/span><\/span><\/p>\r\n\r\n<p class=\"MsoTitleCxSpLast\" style=\"text-align:justify\"><span style=\"font-size:14.0pt\"><span style=\"line-height:115%\"><span style=\"font-family:&quot;Calibri&quot;,sans-serif\">Acesse <\/span><\/span><\/span><span style=\"font-size:11.0pt\"><span style=\"line-height:115%\"><span style=\"font-family:&quot;Calibri&quot;,sans-serif\"><a href=\"https:\/\/www.youtube.com\/c\/CanalABMS\" style=\"color:blue; text-decoration:underline\"><span style=\"font-size:14.0pt\"><span style=\"line-height:115%\">https:\/\/www.youtube.com\/c\/CanalABMS<\/span><\/span><\/a><\/span><\/span><\/span><span style=\"font-size:14.0pt\"><span style=\"line-height:115%\"><span style=\"font-family:&quot;Calibri&quot;,sans-serif\"> e participe!<\/span><\/span><\/span><b> <\/b><\/p>\r\n\r\n<p class=\"MsoTitleCxSpLast\" style=\"text-align:justify\">&nbsp;<\/p>\r\n\r\n<p class=\"MsoTitleCxSpLast\" style=\"text-align:justify\"><span style=\"font-size:14.0pt\"><span style=\"line-height:115%\"><span style=\"font-family:&quot;Calibri&quot;,sans-serif\"><img height=\"500\" src=\"https:\/\/www.abint.org.br\/assets\/img\/editor\/premio-tcc-ic-2023-arte-1_20221118193925A8YAvVldeQ.png\" width=\"500\" \/><\/span><\/span><\/span><\/p>\r\n\r\n<p style=\"text-align:justify\"><span style=\"font-size:11pt\"><span style=\"line-height:normal\"><span style=\"font-family:&quot;Calibri&quot;,sans-serif\"><b><span style=\"font-size:18.0pt\"><span style=\"font-variant:small-caps\">Eventos<\/span><\/span><\/b><\/span><\/span><\/span><\/p>\r\n\r\n<p style=\"text-align:justify\"><span style=\"font-size:11pt\"><span style=\"line-height:normal\"><span style=\"font-family:&quot;Calibri&quot;,sans-serif\"><span class=\"MsoHyperlink\" style=\"color:blue\"><span style=\"text-decoration:underline\"><b><span style=\"font-size:14.0pt\"><span style=\"text-decoration:none\"><span style=\"text-underline:none\">Embrapa e Abiquim: Simp&oacute;sio de Cultivo Protegido<\/span><\/span><\/span><\/b><\/span><\/span><span class=\"MsoHyperlink\" style=\"color:blue\"><span style=\"text-decoration:underline\"><span style=\"font-size:14.0pt\"><span style=\"text-decoration:none\"><span style=\"text-underline:none\">, a partir de 17 de novembro, gratuito e 100% online. <\/span><\/span><\/span><\/span><\/span><a href=\"https:\/\/abiquim.org.br\/comunicacao\/noticia\/10476\" style=\"color:blue; text-decoration:underline\"><span style=\"font-size:14.0pt\">Informa&ccedil;&otilde;es<\/span><\/a><\/span><\/span><\/span><\/p>\r\n\r\n<p style=\"text-align:justify\"><span style=\"font-size:11pt\"><span style=\"line-height:normal\"><span style=\"font-family:&quot;Calibri&quot;,sans-serif\"><b><span style=\"font-size:14.0pt\">Curso ABNT | Simbologia para a Etiquetagem T&ecirc;xtil - Norma ABNT NBR ISO NM ISO3758<\/span><\/b><span style=\"font-size:14.0pt\">, 21 e 22 de novembro, online, das 08h30 &agrave;s 17h30. <\/span><a href=\"https:\/\/www.abntcatalogo.com.br\/curs.aspx?Q=QjdEb3dsdDZtVXFsUTUxZ0w1ZmpGbm1uVnRRZmRodVc=\" style=\"color:blue; text-decoration:underline\"><span style=\"font-size:14.0pt\">Informa&ccedil;&otilde;es<\/span><\/a><\/span><\/span><\/span><\/p>\r\n\r\n<p style=\"text-align:justify\"><span style=\"font-size:11pt\"><span style=\"line-height:normal\"><span style=\"font-family:&quot;Calibri&quot;,sans-serif\"><b><span style=\"font-size:14.0pt\">Semin&aacute;rio Apex-Brasil: &quot;Como fazer neg&oacute;cios com a ONU&quot;<\/span><\/b><span style=\"font-size:14.0pt\">, 22 de novembro. <\/span><a href=\"https:\/\/crm-apps.apexbrasil.com.br\/orgbdeab873\/inscricao-eventos\/evento\/seminario-como-fazer-negocios-com-a-onu\/fe2ec5b6-8ae7-4b08-90df-832d0dc32a55?utm_campaign=divulgacao_como_fazer_negocios_com_a_onu&amp;utm_medium=email&amp;utm_source=EMarketing\" style=\"color:blue; text-decoration:underline\"><span style=\"font-size:14.0pt\">Informa&ccedil;&otilde;es<\/span><\/a><\/span><\/span><\/span><\/p>\r\n\r\n<p style=\"text-align:justify\"><span style=\"font-size:11pt\"><span style=\"line-height:normal\"><span style=\"font-family:&quot;Calibri&quot;,sans-serif\"><b><span style=\"font-size:14.0pt\">GO Wipes Europe Conference<\/span><\/b><span style=\"font-size:14.0pt\">, 7 &amp; 8 December 2022, Amsterdam, The Netherlands. <\/span><a href=\"https:\/\/www.go-wipes.com\/home\" style=\"color:blue; text-decoration:underline\"><span style=\"font-size:14.0pt\">Informa&ccedil;&otilde;es<\/span><\/a><\/span><\/span><\/span><\/p>\r\n\r\n<p style=\"text-align:justify\"><span style=\"font-size:11pt\"><span style=\"line-height:normal\"><span style=\"font-family:&quot;Calibri&quot;,sans-serif\"><b><span style=\"font-size:14.0pt\">Webinar ABNT | ESG e Indicadores de Sustentabilidade<\/span><\/b><span style=\"font-size:14.0pt\">, 14 a 16 de dezembro, 8h30 &agrave;s 12h30, online. <\/span><a href=\"https:\/\/abnlink.abnt.org.br\/cl\/POkyC\/FZi\/8195\/LCFJkUKAOaB\/BLNq\/IjtXd4SWxTy\/1\/\" style=\"color:blue; text-decoration:underline\"><span style=\"font-size:14.0pt\">Informa&ccedil;&otilde;es<\/span><\/a><\/span><\/span><\/span><\/p>\r\n\r\n<p class=\"MsoTitle\" style=\"text-align:justify\"><span style=\"font-size:28pt\"><span style=\"font-family:&quot;Cambria&quot;,serif\"><span style=\"letter-spacing:-0.5pt\"><b><span style=\"font-size:18.0pt\"><span style=\"font-family:&quot;Calibri&quot;,sans-serif\"><span style=\"font-variant:small-caps\">Setor<\/span><\/span><\/span><\/b><\/span><\/span><\/span><\/p>\r\n\r\n<p style=\"text-align:justify\"><span style=\"font-size:11pt\"><span style=\"line-height:normal\"><span style=\"font-family:&quot;Calibri&quot;,sans-serif\"><a href=\"https:\/\/www.nonwovens-innovation.com\/news\/shaping-the-future-of-ppe-with-patented-functionalisation-technology\/\" style=\"color:blue; text-decoration:underline\"><span style=\"font-size:14.0pt\">Shaping the future of PPE with patented Functionalisation Technology<\/span><\/a><\/span><\/span><\/span><\/p>\r\n\r\n<p style=\"text-align:justify\"><span style=\"font-size:11pt\"><span style=\"line-height:normal\"><span style=\"font-family:&quot;Calibri&quot;,sans-serif\"><a href=\"https:\/\/www.innovationintextiles.com\/smart-textiles-nanotechnology\/sensors-employed-for-better-fitting-facemasks\/\" style=\"color:blue; text-decoration:underline\"><span style=\"font-size:14.0pt\">Sensors employed for better fitting facemasks<\/span><\/a><\/span><\/span><\/span><\/p>\r\n\r\n<p style=\"text-align:justify\"><span style=\"font-size:11pt\"><span style=\"line-height:normal\"><span style=\"font-family:&quot;Calibri&quot;,sans-serif\"><a href=\"https:\/\/www.textiletechnology.net\/fibers\/news\/andritzlut-university-new-fiber-research-laboratory-33093?utm_source=%2Fmeta%2Fnewsletter%2Fnewsletter&amp;utm_medium=newsletter&amp;utm_campaign=nl1014&amp;utm_term=0801b20e08c3242125d512808cd74302\" style=\"color:blue; text-decoration:underline\"><span style=\"font-size:14.0pt\">Andritz\/LUT University | New fiber research laboratory<\/span><\/a><\/span><\/span><\/span><\/p>\r\n\r\n<p style=\"text-align:justify\"><span style=\"font-size:11pt\"><span style=\"line-height:normal\"><span style=\"font-family:&quot;Calibri&quot;,sans-serif\"><a href=\"https:\/\/www.textiletechnology.net\/technology\/news\/andritz-textile-recycling-line-starts-up-in-france-33140?utm_source=%2Fmeta%2Fnewsletter%2Fnewsletter&amp;utm_medium=newsletter&amp;utm_campaign=nl1019&amp;utm_term=0801b20e08c3242125d512808cd74302\" style=\"color:blue; text-decoration:underline\"><span style=\"font-size:14.0pt\">Andritz | Textile recycling line starts-up in France<\/span><\/a><\/span><\/span><\/span><\/p>\r\n\r\n<p style=\"text-align:justify\"><span style=\"font-size:11pt\"><span style=\"line-height:normal\"><span style=\"font-family:&quot;Calibri&quot;,sans-serif\"><a href=\"https:\/\/www.nonwovens-industry.com\/live-from-shows\/hygienix\/2022-11-07\/fibertex-nonwovens-to-present-sustainable-soutions?utm_medium=email&amp;_hsmi=233196607&amp;_hsenc=p2ANqtz-9lMtzu1Ph-fqtJxd-cN6ds29SdMAedBLL5tMk0jGvYXjobxP1MPXKjscUDsJWq47BG8hdtoemNOa5HoBp2Om0vEx0nJw&amp;utm_content=233196607&amp;utm_source=hs_email\" style=\"color:blue; text-decoration:underline\"><span style=\"font-size:14.0pt\">Fibertex Nonwovens to Present Sustainable Soutions<\/span><\/a><\/span><\/span><\/span><\/p>\r\n\r\n<p style=\"text-align:justify\"><span style=\"font-size:11pt\"><span style=\"line-height:normal\"><span style=\"font-family:&quot;Calibri&quot;,sans-serif\"><a href=\"https:\/\/www.textiletechnology.net\/nonwovens\/news\/niri-new-additions-to-spray-bonding-capabilities-33098?utm_source=%2Fmeta%2Fnewsletter%2Fnewsletter&amp;utm_medium=newsletter&amp;utm_campaign=nl1014&amp;utm_term=0801b20e08c3242125d512808cd74302\" style=\"color:blue; text-decoration:underline\"><span style=\"font-size:14.0pt\">NIRI | New additions to spray bonding capabilities<\/span><\/a><\/span><\/span><\/span><\/p>\r\n\r\n<p style=\"text-align:justify\"><span style=\"font-size:11pt\"><span style=\"line-height:normal\"><span style=\"font-family:&quot;Calibri&quot;,sans-serif\"><a href=\"https:\/\/www.braskem.com.br\/detalhe-noticia\/braskem-anuncia-novo-centro-de-inovacao-renovavel-em-lexington-massachusetts\" style=\"color:blue; text-decoration:underline\"><span style=\"font-size:14.0pt\">Braskem anuncia novo centro de inova&ccedil;&atilde;o renov&aacute;vel em Lexington, Massachusetts<\/span><\/a><\/span><\/span><\/span><\/p>\r\n\r\n<p style=\"text-align:justify\"><span style=\"font-size:11pt\"><span style=\"line-height:normal\"><span style=\"font-family:&quot;Calibri&quot;,sans-serif\"><a href=\"https:\/\/www.agrolink.com.br\/noticias\/criacao-em-cultivo-protegido-alavanca-producao-de-camarao_472714.html\" style=\"color:blue; text-decoration:underline\"><span style=\"font-size:14.0pt\">Cria&ccedil;&atilde;o em cultivo protegido alavanca produ&ccedil;&atilde;o de camar&atilde;o<\/span><\/a><\/span><\/span><\/span><\/p>\r\n\r\n<p style=\"text-align:justify\"><span style=\"font-size:11pt\"><span style=\"line-height:normal\"><span style=\"font-family:&quot;Calibri&quot;,sans-serif\"><a href=\"https:\/\/www.radiocampanario.com\/ultimas\/regional\/infarmed-retira-do-mercado-nacional-compressas-de-gaze-estereis\" style=\"color:blue; text-decoration:underline\"><span style=\"font-size:14.0pt\">N&atilde;otecidos: Infarmed retira do mercado nacional compressas de gaze est&eacute;reis<\/span><\/a><\/span><\/span><\/span><\/p>\r\n\r\n<p style=\"text-align:justify\"><span style=\"font-size:11pt\"><span style=\"line-height:normal\"><span style=\"font-family:&quot;Calibri&quot;,sans-serif\"><a href=\"https:\/\/t.rdsv1.net\/ls\/click?upn=dUXG8cK7gehfgvepwsFkLMFol9SUeSyRX5ZbS4oHzZo5fW0tFxgZ0nsvb8Hpl6DVX08ymtl5ds5oTT-2BUgBU6g9Cu2frZMOmiSJ6-2FuUfVS-2FTSuZFCxSg17EY39edobWZJxW-2BHXoS-2FuizShel0bnGwCFObRd14E9ss5Yyw8KmjsMTvdOZTd8-2F9tcyFtEX0C4QED3d8uCkVZNOs4jOxLrNqYGBd5p9IBnj46CU-2BmUI1dMQC6pt50mY7zriuNwfUB8NHTVdo9296V8Gfg67f07yKiQ-3D-3DXJk0_iW8zc4KBvTUX2z9kws1M6pjQI9DpNNh-2Fk6fgMN4DbaFx-2BL1o5swSv2HtiLB2iGFhri3uCHN6zus2re8T7or9O-2BMMcqv-2FmZBLpBeU2fgsNGvH8Rqoh2WoWZ1oQI3rQY5JYlZqujKEvjbT4vdq-2BWQ6tTbnQeMUVkNhEky9DM4unGJyHe-2BglBRpzI1pQOYYkg6rJr4P6b9HdK1AnPiRVvkeWhD-2BwrCSsEC5iVhEaDPOexiYsODF8U0KWcB8UUq4cvh6aGoUJSGVFhEWPBSvLWLR1bhByBwVARdObF2-2F7CtkQCv5J6jQvijqJ6JOTkKORXvRFV2hg6rZevfR1nGixJsA-2FhjwuaJOEvZLTpua-2FV-2B2ZfzrACk1mKRt860vn6jG1PF1Nfv13pYh4RH7x7lIjkDUAPksp4Z807WK1LBj13dTK9JepxZDQLKuufmDCR2V61JX4hq9RDpRBvFTaPPjlXagCEgyQi5pnn0bEoAW8I9ELHsrlLxXtyxKD9oY0Oj3cVPO6bM1RfA3sUwoJy7dBs3awm-2BO9-2FPDk74-2Be0aObQOd-2BXq9f5ukNcwizWGj21rWjwGJuA9Sg4QhVM7u7-2FUlAEZgzZPQZASXY9vjdaC0XLg0stg8EI9uj1NvsWZyGElWumYgD2Z-2FBkLRcsnOQfHKYdCatkDtOo6YCFMNfQzQWGxcQuk-3D\" style=\"color:blue; text-decoration:underline\" target=\"_blank\" title=\"Kimberly-Clark vai investir US$ 80 milh\u00f5es na Am\u00e9rica Latina na pr\u00f3xima d\u00e9cada\"><span style=\"font-size:14.0pt\">Kimberly-Clark vai investir US$ 80 milh&otilde;es na Am&eacute;rica Latina na pr&oacute;xima d&eacute;cada<\/span><\/a><\/span><\/span><\/span><\/p>\r\n\r\n<p style=\"text-align:justify\"><span style=\"font-size:11pt\"><span style=\"line-height:normal\"><span style=\"font-family:&quot;Calibri&quot;,sans-serif\"><a href=\"https:\/\/manezinhonews.com.br\/noticia\/32134\/klabin-inicia-nova-planta-de-gaseificacao-fornecida-pela-andritz\" style=\"color:blue; text-decoration:underline\"><span style=\"font-size:14.0pt\">Klabin inicia nova planta de gaseifica&ccedil;&atilde;o fornecida pela ANDRITZ<\/span><\/a><\/span><\/span><\/span><\/p>\r\n\r\n<p class=\"MsoTitle\" style=\"text-align:justify\"><span style=\"font-size:28pt\"><span style=\"font-family:&quot;Cambria&quot;,serif\"><span style=\"letter-spacing:-0.5pt\"><b><span style=\"font-size:18.0pt\"><span style=\"font-family:&quot;Calibri&quot;,sans-serif\"><span style=\"font-variant:small-caps\">Ind&uacute;stria<\/span><\/span><\/span><\/b><\/span><\/span><\/span><\/p>\r\n\r\n<p style=\"text-align:justify\"><span style=\"font-size:11pt\"><span style=\"line-height:normal\"><span style=\"font-family:&quot;Calibri&quot;,sans-serif\"><a href=\"https:\/\/noticias.portaldaindustria.com.br\/noticias\/economia\/confianca-da-industria-registra-forte-queda-em-novembro\/\" style=\"color:blue; text-decoration:underline\"><span style=\"font-size:14.0pt\">Confian&ccedil;a da ind&uacute;stria registra forte queda em novembro<\/span><\/a><\/span><\/span><\/span><\/p>\r\n\r\n<p style=\"text-align:justify\"><span style=\"font-size:11pt\"><span style=\"line-height:normal\"><span style=\"font-family:&quot;Calibri&quot;,sans-serif\"><a href=\"https:\/\/ibre.fgv.br\/blog-da-conjuntura-economica\/artigos\/sondagens-do-fgv-ibre-apontam-recuo-das-expectativas-dos\" style=\"color:blue; text-decoration:underline\"><span style=\"font-size:14.0pt\">Sondagens do FGV IBRE apontam recuo das expectativas dos empres&aacute;rios em todos os setores, de olho em uma desacelera&ccedil;&atilde;o da atividade<\/span><\/a><\/span><\/span><\/span><\/p>\r\n\r\n<p style=\"text-align:justify\"><span style=\"font-size:11pt\"><span style=\"line-height:normal\"><span style=\"font-family:&quot;Calibri&quot;,sans-serif\"><a href=\"https:\/\/grandesconstrucoes.com.br\/Noticias\/Exibir\/abertura-de-tuneis-avanca-em-precisao-e-eficiencia\" style=\"color:blue; text-decoration:underline\"><span style=\"font-size:14.0pt\">Geotecnia - Abertura de t&uacute;neis avan&ccedil;a em precis&atilde;o e efici&ecirc;ncia<\/span><\/a><\/span><\/span><\/span><\/p>\r\n\r\n<p style=\"text-align:justify\"><span style=\"font-size:11pt\"><span style=\"line-height:normal\"><span style=\"font-family:&quot;Calibri&quot;,sans-serif\"><a href=\"https:\/\/grandesconstrucoes.com.br\/Noticias\/Exibir\/concessoes-aumentam-expectativa-de-obras-em-rodovias\" style=\"color:blue; text-decoration:underline\"><span style=\"font-size:14.0pt\">Concess&otilde;es aumentam expectativa de obras em rodovias<\/span><\/a><\/span><\/span><\/span><\/p>\r\n\r\n<p style=\"text-align:justify\"><span style=\"font-size:11pt\"><span style=\"line-height:normal\"><span style=\"font-family:&quot;Calibri&quot;,sans-serif\"><a href=\"https:\/\/almaco.org.br\/2022\/11\/04\/ferrovias-autorizadas-somam-r-1317-bi-em-investimentos\/\" style=\"color:blue; text-decoration:underline\"><span style=\"font-size:14.0pt\">Ferrovias autorizadas somam R$ 131,7 bi em investimentos<\/span><\/a><\/span><\/span><\/span><\/p>\r\n\r\n<p style=\"text-align:justify\"><span style=\"font-size:11pt\"><span style=\"line-height:normal\"><span style=\"font-family:&quot;Calibri&quot;,sans-serif\"><a href=\"https:\/\/grandesconstrucoes.com.br\/Noticias\/Exibir\/falta-ou-alto-custo-de-materia-prima-afeta-menos-industrias-de-pequeno-porte\" style=\"color:blue; text-decoration:underline\"><span style=\"font-size:14.0pt\">Falta ou alto custo de mat&eacute;ria-prima afeta menos ind&uacute;strias de pequeno porte<\/span><\/a><\/span><\/span><\/span><\/p>\r\n\r\n<p style=\"text-align:justify\"><span style=\"font-size:11pt\"><span style=\"line-height:normal\"><span style=\"font-family:&quot;Calibri&quot;,sans-serif\"><a href=\"https:\/\/mundodoplastico.plasticobrasil.com.br\/oportunidades\/plastico-esta-presente-em-mais-da-metade-da-producao-de-calcados?utm_campaign=BRZ22MPD-MM-Newsletter%2023&amp;utm_emailname=BRZ22MPD-MM-Newsletter%2023&amp;utm_medium=email&amp;utm_source=Eloqua&amp;utm_MDMContactID=2bb3d23c-a32f-4218-88d5-29f7fb45caee&amp;utm_campaigntype=Newsletter&amp;eM=50c7dfe42c38ea8f10539f0a167fc763253059e495554a32db7a57f8f237ec4c&amp;eventSeriesCode=ES_MDDPLSDGTL&amp;eventEditionCode=BRZ00MPD&amp;sessionCode=S_MNDPLSTNWSLTR&amp;sp_eh=50c7dfe42c38ea8f10539f0a167fc763253059e495554a32db7a57f8f237ec4c\" style=\"color:blue; text-decoration:underline\"><span style=\"font-size:14.0pt\">Pl&aacute;stico est&aacute; presente em mais da metade da produ&ccedil;&atilde;o de cal&ccedil;ados<\/span><\/a><\/span><\/span><\/span><\/p>\r\n\r\n<p style=\"text-align:justify\"><span style=\"font-size:11pt\"><span style=\"line-height:normal\"><span style=\"font-family:&quot;Calibri&quot;,sans-serif\"><a href=\"https:\/\/www.portugaltextil.com\/industria-de-vestuario-lidera-crescimento-nos-eua\/?utm_term=Portugal+Textil+a%3F%3F%3F%3F+09.11.2022&amp;utm_campaign=Portugal+Textil+FInal&amp;utm_source=e-goi&amp;utm_medium=email\" style=\"color:blue; text-decoration:underline\"><span style=\"font-size:14.0pt\">Ind&uacute;stria de vestu&aacute;rio lidera crescimento nos EUA<\/span><\/a><\/span><\/span><\/span><\/p>\r\n\r\n<p style=\"text-align:justify\"><span style=\"font-size:11pt\"><span style=\"line-height:normal\"><span style=\"font-family:&quot;Calibri&quot;,sans-serif\"><a href=\"https:\/\/www.fibre2fashion.com\/news\/textile-news\/china-s-textile-sector-reports-3-1-yoy-revenue-growth-in-jan-sept-284056-newsdetails.htm\" style=\"color:blue; text-decoration:underline\"><span style=\"font-size:12.0pt\"><span style=\"font-family:&quot;Arial&quot;,sans-serif\">China&#39;s textile sector reports 3.1% YoY revenue growth in Jan-Sept<\/span><\/span><\/a><\/span><\/span><\/span><\/p>\r\n\r\n<p style=\"text-align:justify\"><span style=\"font-size:11pt\"><span style=\"line-height:normal\"><span style=\"font-family:&quot;Calibri&quot;,sans-serif\"><a href=\"https:\/\/www.moveisdevalor.com.br\/portal\/venda-de-moveis-no-varejo-fecha-nove-meses-no-vermelho-diz-ibge?source=news\" style=\"color:blue; text-decoration:underline\"><span style=\"font-size:14.0pt\">Venda de m&oacute;veis no varejo fecha nove meses no vermelho, diz IBGE<\/span><\/a><\/span><\/span><\/span><\/p>\r\n\r\n<p class=\"MsoTitle\" style=\"text-align:justify\"><span style=\"font-size:28pt\"><span style=\"font-family:&quot;Cambria&quot;,serif\"><span style=\"letter-spacing:-0.5pt\"><b><span style=\"font-size:18.0pt\"><span style=\"font-family:&quot;Calibri&quot;,sans-serif\"><span style=\"font-variant:small-caps\">Sustentabilidade<\/span><\/span><\/span><\/b><\/span><\/span><\/span><\/p>\r\n\r\n<p style=\"text-align:justify\"><span style=\"font-size:11pt\"><span style=\"line-height:normal\"><span style=\"font-family:&quot;Calibri&quot;,sans-serif\"><a href=\"https:\/\/agenciabrasil.ebc.com.br\/economia\/noticia\/2022-11\/preocupacao-com-sustentabilidade-esta-presente-em-60-das-industrias\" style=\"color:blue; text-decoration:underline\"><span style=\"font-size:14.0pt\">Preocupa&ccedil;&atilde;o com sustentabilidade est&aacute; presente em 60% das ind&uacute;strias<\/span><\/a><\/span><\/span><\/span><\/p>\r\n\r\n<p style=\"text-align:justify\"><span style=\"font-size:11pt\"><span style=\"line-height:normal\"><span style=\"font-family:&quot;Calibri&quot;,sans-serif\"><a href=\"https:\/\/tratabrasil.org.br\/beneficios-economicos-e-sociais-da-expansao-do-saneamento-no-brasil\" style=\"color:blue; text-decoration:underline\"><span style=\"font-size:14.0pt\">Trata Brasil divulga estudo: &ldquo;BENEF&Iacute;CIOS ECON&Ocirc;MICOS E SOCIAIS DA EXPANS&Atilde;O DO SANEAMENTO NO BRASIL<\/span><\/a><\/span><\/span><\/span><\/p>\r\n\r\n<p style=\"text-align:justify\"><span style=\"font-size:11pt\"><span style=\"line-height:normal\"><span style=\"font-family:&quot;Calibri&quot;,sans-serif\"><a href=\"https:\/\/noticias.portaldaindustria.com.br\/noticias\/sustentabilidade\/industria-brasileira-apresenta-na-cop-27-iniciativas-e-projetos-na-agenda-de-sustentabilidade\/\" style=\"color:blue; text-decoration:underline\"><span style=\"font-size:14.0pt\">Ind&uacute;stria brasileira apresenta, na COP 27, iniciativas e projetos na agenda de sustentabilidade<\/span><\/a><\/span><\/span><\/span><\/p>\r\n\r\n<p style=\"text-align:justify\"><span style=\"font-size:11pt\"><span style=\"line-height:normal\"><span style=\"font-family:&quot;Calibri&quot;,sans-serif\"><a href=\"https:\/\/www.plastico.com.br\/economia-circular-reciclados-podem-ter-uso-nobre\/\" style=\"color:blue; text-decoration:underline\"><span style=\"font-size:14.0pt\">Economia circular: Reciclados podem ter uso nobre<\/span><\/a><\/span><\/span><\/span><\/p>\r\n\r\n<p style=\"text-align:justify\"><span style=\"font-size:11pt\"><span style=\"line-height:normal\"><span style=\"font-family:&quot;Calibri&quot;,sans-serif\"><a href=\"https:\/\/plasticosemrevista.com.br\/heineken-considera-sustentavel-rejeitar-pet\/\" style=\"color:blue; text-decoration:underline\"><span style=\"font-size:14.0pt\">Heineken considera sustent&aacute;vel rejeitar PET<\/span><\/a><\/span><\/span><\/span><\/p>\r\n\r\n<p style=\"text-align:justify\"><span style=\"font-size:11pt\"><span style=\"line-height:normal\"><span style=\"font-family:&quot;Calibri&quot;,sans-serif\"><a href=\"https:\/\/grandesconstrucoes.com.br\/Noticias\/Exibir\/aquecimento-global-ja-impacta-infraestruturas-viarias?utm_source=akna&amp;utm_medium=email&amp;utm_campaign=Grandes-Construcoes-Informativo-837-10-11-2022&amp;utm_source=akna&amp;utm_medium=email&amp;utm_campaign=Grandes-Construcoes-Informativo-837-10-11-2022\" style=\"color:blue; text-decoration:underline\"><span style=\"font-size:14.0pt\">Aquecimento global j&aacute; impacta infraestruturas vi&aacute;rias<\/span><\/a><\/span><\/span><\/span><\/p>\r\n\r\n<p class=\"MsoTitle\" style=\"text-align:justify\"><span style=\"font-size:28pt\"><span style=\"font-family:&quot;Cambria&quot;,serif\"><span style=\"letter-spacing:-0.5pt\"><b><span style=\"font-size:18.0pt\"><span style=\"font-family:&quot;Calibri&quot;,sans-serif\"><span style=\"font-variant:small-caps\">Inova&ccedil;&atilde;o<\/span><\/span><\/span><\/b><\/span><\/span><\/span><\/p>\r\n\r\n<p style=\"text-align:justify\"><span style=\"font-size:11pt\"><span style=\"line-height:normal\"><span style=\"font-family:&quot;Calibri&quot;,sans-serif\"><a href=\"https:\/\/www.douradosagora.com.br\/2022\/11\/10\/saiba-como-as-ensacadeiras-big-bag-podem-ajudar-o-seu-negocio\/\" style=\"color:blue; text-decoration:underline\"><span style=\"font-size:14.0pt\">Saiba como as Ensacadeiras Big Bag podem ajudar o seu neg&oacute;cio<\/span><\/a><\/span><\/span><\/span><\/p>\r\n\r\n<p class=\"MsoTitleCxSpLast\" style=\"text-align:justify\"><span style=\"font-size:28pt\"><span style=\"font-family:&quot;Cambria&quot;,serif\"><span style=\"letter-spacing:-0.5pt\"><b><span style=\"font-size:18.0pt\"><span style=\"font-family:&quot;Calibri&quot;,sans-serif\"><span style=\"font-variant:small-caps\">Com&eacute;rcio Exterior<\/span><\/span><\/span><\/b><\/span><\/span><\/span><\/p>\r\n\r\n<p style=\"text-align:justify\"><span style=\"font-size:11pt\"><span style=\"line-height:normal\"><span style=\"font-family:&quot;Calibri&quot;,sans-serif\"><a href=\"https:\/\/www.cnnbrasil.com.br\/business\/balanca-comercial-registra-superavit-de-us-17-bilhao-no-acumulado-de-novembro\/\" style=\"color:blue; text-decoration:underline\"><span style=\"font-size:14.0pt\">Balan&ccedil;a comercial registra super&aacute;vit de US$ 1,7 bilh&atilde;o no acumulado de novembro<\/span><\/a><\/span><\/span><\/span><\/p>\r\n\r\n<p class=\"MsoTitle\" style=\"text-align:justify\"><span style=\"font-size:28pt\"><span style=\"font-family:&quot;Cambria&quot;,serif\"><span style=\"letter-spacing:-0.5pt\"><b><span style=\"font-size:18.0pt\"><span style=\"font-family:&quot;Calibri&quot;,sans-serif\"><span style=\"font-variant:small-caps\">Economia<\/span><\/span><\/span><\/b><\/span><\/span><\/span><\/p>\r\n\r\n<p style=\"text-align:justify\"><span style=\"font-size:11pt\"><span style=\"line-height:normal\"><span style=\"font-family:&quot;Calibri&quot;,sans-serif\"><a href=\"https:\/\/www.bcb.gov.br\/content\/focus\/focus\/R20221104.pdf\" style=\"color:blue; text-decoration:underline\"><span style=\"font-size:14.0pt\">Focus - Relat&oacute;rio de Mercado<\/span><\/a><\/span><\/span><\/span><\/p>\r\n\r\n<p style=\"text-align:justify\"><span style=\"font-size:11pt\"><span style=\"line-height:normal\"><span style=\"font-family:&quot;Calibri&quot;,sans-serif\"><a href=\"https:\/\/www.bcb.gov.br\/content\/controleinflacao\/focustop5\/T20221110-Institui%C3%A7%C3%B5es%20Top%205%20-%20Outubro%20de%202022%20e%203T%202022.pdf\" style=\"color:blue; text-decoration:underline\"><span style=\"font-size:14.0pt\">Focus &ndash; Top 5 &ndash; Expectativas de Mercado.<\/span><\/a><\/span><\/span><\/span><\/p>\r\n\r\n<p style=\"text-align:justify\"><span style=\"font-size:11pt\"><span style=\"line-height:normal\"><span style=\"font-family:&quot;Calibri&quot;,sans-serif\"><a href=\"https:\/\/agenciabrasil.ebc.com.br\/economia\/noticia\/2022-11\/brasil-tera-trajetoria-sustentavel-de-crescimento-diz-campos-neto\" style=\"color:blue; text-decoration:underline\"><span style=\"font-size:14.0pt\">Brasil ter&aacute; trajet&oacute;ria sustent&aacute;vel de crescimento, diz Campos Neto<\/span><\/a><\/span><\/span><\/span><\/p>\r\n\r\n<p style=\"text-align:justify\"><span style=\"font-size:11pt\"><span style=\"line-height:normal\"><span style=\"font-family:&quot;Calibri&quot;,sans-serif\"><a href=\"https:\/\/portalibre.fgv.br\/sites\/default\/files\/2022-11\/barometros-globais-kof-fgv_press-release_11_2022_0.pdf\" style=\"color:blue; text-decoration:underline\"><span style=\"font-size:14.0pt\">Bar&ocirc;metros Globais continuam a sinalizar um cen&aacute;rio de desacelera&ccedil;&atilde;o para os pr&oacute;ximos meses<\/span><\/a><\/span><\/span><\/span><\/p>\r\n\r\n<p style=\"text-align:justify\"><span style=\"font-size:11pt\"><span style=\"line-height:normal\"><span style=\"font-family:&quot;Calibri&quot;,sans-serif\"><a href=\"https:\/\/grandesconstrucoes.com.br\/Noticias\/Exibir\/cbic-eleva-de-35-para-6-a-projecao-de-crescimento-do-pib-da-construcao\" style=\"color:blue; text-decoration:underline\"><span style=\"font-size:14.0pt\">Cbic eleva de 3,5% para 6% a proje&ccedil;&atilde;o de crescimento do PIB da constru&ccedil;&atilde;o<\/span><\/a><\/span><\/span><\/span><\/p>\r\n\r\n<p style=\"text-align:justify\"><span style=\"font-size:11pt\"><span style=\"line-height:normal\"><span style=\"font-family:&quot;Calibri&quot;,sans-serif\"><a href=\"https:\/\/observador.pt\/2022\/11\/15\/pib-da-zona-euro-com-crescimento-anual-de-21-no-3-o-trimestre-portugal-com-2-o-maior\/\" style=\"color:blue; text-decoration:underline\"><span style=\"font-size:14.0pt\">PIB da zona euro com crescimento anual de 2,1% no 3.&ordm; trimestre, Portugal com 2.&ordm; maior<\/span><\/a><\/span><\/span><\/span><\/p>\r\n\r\n<p style=\"text-align:justify\"><span style=\"font-size:11pt\"><span style=\"line-height:normal\"><span style=\"font-family:&quot;Calibri&quot;,sans-serif\"><a href=\"https:\/\/www.businessinsider.com\/inflation-cooling-cpi-report-october-price-growth-2022-11?utm_source=Sailthru&amp;utm_medium=email&amp;utm_campaign=Insider%20Today%2C%20November%2010%2C%202020&amp;utm_term=INSIDER%20TODAY%20SEND%20LIST\" style=\"color:blue; text-decoration:underline\"><span style=\"font-size:14.0pt\">Inflation cools in October as the Fed continues its outsize rate hikes<\/span><\/a><\/span><\/span><\/span><\/p>\r\n\r\n<p style=\"text-align:justify\"><span style=\"font-size:11pt\"><span style=\"line-height:normal\"><span style=\"font-family:&quot;Calibri&quot;,sans-serif\"><a href=\"https:\/\/observador.pt\/2022\/11\/09\/inflacao-desacelera-para-21-na-china-em-outubro\/\" style=\"color:blue; text-decoration:underline\"><span style=\"font-size:14.0pt\">Infla&ccedil;&atilde;o desacelera para 2,1% na China em outubro<\/span><\/a><\/span><\/span><\/span><\/p>\r\n","texto_en":"","7":"","imagem":"COMP_banner-padrao-home-destaques-boletim_20221118194216M76SUuvoJY.jpg","8":"COMP_banner-padrao-home-destaques-boletim_20221118194216M76SUuvoJY.jpg","arquivo":"20221116-NOTICIAS-SEMANAIS.PDF","9":"20221116-NOTICIAS-SEMANAIS.PDF","titulo_arquivo":"","10":"","titulo_arquivo_en":"","11":"","created_at":"2022-11-18 19:42:25","12":"2022-11-18 19:42:25","updated_at":"2022-11-18 19:42:25","13":"2022-11-18 19:42:25"},{"id":42,"0":42,"ordem":181,"1":181,"data":"2022-11-08","2":"2022-11-08","slug":"boletim-de-noticias-semanais-39","3":"boletim-de-noticias-semanais-39","titulo":"Boletim de Not\u00edcias Semanais","4":"Boletim de Not\u00edcias Semanais","titulo_en":"","5":"","texto":"<p style=\"text-align:justify\"><span style=\"font-size:11pt\"><span style=\"line-height:normal\"><span calibri=\"\" style=\"font-family:\"><span style=\"font-size:14.0pt\">Esta &eacute; uma compila&ccedil;&atilde;o das not&iacute;cias mais relevantes para o setor, incluindo informa&ccedil;&otilde;es sobre acordos internacionais, economia brasileira, sustentabilidade e mat&eacute;rias primas, al&eacute;m de novidades do setor de N&atilde;otecidos e Tecidos T&eacute;cnicos.<\/span><\/span><\/span><\/span><\/p>\r\n\r\n<p class=\"MsoTitleCxSpLast\" style=\"text-align:justify\"><span style=\"font-size:28pt\"><span cambria=\"\" style=\"font-family:\"><span style=\"letter-spacing:-0.5pt\"><b><span style=\"font-size:18.0pt\"><span calibri=\"\" style=\"font-family:\"><span style=\"font-variant:small-caps\">A&ccedil;&otilde;es da ABINT<\/span><\/span><\/span><\/b><\/span><\/span><\/span><\/p>\r\n\r\n<p style=\"text-align:justify\"><span style=\"font-size:11pt\"><span style=\"line-height:normal\"><span calibri=\"\" style=\"font-family:\"><a href=\"http:\/\/www.revistaplasticosul.com.br\/transformacao-aplicacoes\/abint-anuncia-nova-diretoria%EF%BF%BC\/\" style=\"color:blue; text-decoration:underline\"><b><span style=\"font-size:14.0pt\">ABINT anuncia nova diretoria<\/span><\/b><\/a><\/span><\/span><\/span><\/p>\r\n\r\n<p style=\"text-align:justify\">&nbsp;<\/p>\r\n\r\n<p style=\"text-align:justify\"><img height=\"320\" src=\"https:\/\/www.abint.org.br\/assets\/img\/editor\/partnerkit-conahp-retangular-cth-abint_20221118193053r4nrWeNdlp.png\" width=\"568\" \/><\/p>\r\n\r\n<p style=\"text-align:justify\"><span class=\"MsoHyperlink\" style=\"color:blue\"><span style=\"text-decoration:underline\"><span style=\"font-size:14.0pt\"><span style=\"line-height:115%\"><span calibri=\"\" style=\"font-family:\"><span style=\"text-decoration:none\"><span style=\"text-underline:none\">O <b>CTH ABINT<\/b> &eacute; patrocinador do <b>CONAHP 2022 - Congresso Nacional de Hospitais Privados<\/b>, evento que ocorrer&aacute; <b>presencialmente nos dias 10 e 11 de novembro, Transam&eacute;rica Expo Center<\/b>, S&atilde;o Paulo, SP. <\/span><\/span><\/span><\/span><\/span><\/span><\/span><span style=\"font-size:11.0pt\"><span style=\"line-height:115%\"><span calibri=\"\" style=\"font-family:\"><a href=\"https:\/\/conahp.org.br\/2022\/\" style=\"color:blue; text-decoration:underline\"><span style=\"font-size:14.0pt\"><span style=\"line-height:115%\">Informa&ccedil;&otilde;es <\/span><\/span><\/a><\/span><\/span><\/span><\/p>\r\n\r\n<p style=\"text-align:justify\">&nbsp;<\/p>\r\n\r\n<p style=\"text-align:justify\"><img height=\"511\" src=\"https:\/\/www.abint.org.br\/assets\/img\/editor\/premio-tcc-ic-2023-arte-1_20221118193151CHgKoiJMVC.png\" width=\"511\" \/><\/p>\r\n\r\n<p style=\"text-align:justify\">&nbsp;<\/p>\r\n\r\n<p style=\"text-align:justify\"><span style=\"font-size:11pt\"><span style=\"line-height:normal\"><span calibri=\"\" style=\"font-family:\"><b><span style=\"font-size:18.0pt\"><span style=\"font-variant:small-caps\">Eventos<\/span><\/span><\/b><\/span><\/span><\/span><\/p>\r\n\r\n<p style=\"text-align:justify\"><span style=\"font-size:11pt\"><span style=\"line-height:normal\"><span calibri=\"\" style=\"font-family:\"><b><span style=\"font-size:14.0pt\">FIESP | Workshop Regionaliza&ccedil;&atilde;o do Saneamento<\/span><\/b><span style=\"font-size:14.0pt\">, 09 de novembro. <\/span><a href=\"https:\/\/www.fiesp.com.br\/agenda\/workshop-regionalizacao-do-saneamento\/?utm_source=EMKT&amp;utm_medium=EMKT&amp;utm_campaign=WORKSHOP+DE+SANEAMENTO+B%C3%81SICO+-+PROGRAMA%C3%87%C3%83O&amp;utm_id=WORKSHOP+DE+SANEAMENTO+B%C3%81SICO+-+PROGRAMA%C3%87%C3%83O\" style=\"color:blue; text-decoration:underline\"><span style=\"font-size:14.0pt\">Informa&ccedil;&otilde;es<\/span><\/a> <\/span><\/span><\/span><\/p>\r\n\r\n<p style=\"text-align:justify\"><span style=\"font-size:11pt\"><span style=\"line-height:normal\"><span calibri=\"\" style=\"font-family:\"><b><span style=\"font-size:14.0pt\">Curso ABNT | Simbologia para a Etiquetagem T&ecirc;xtil - Norma ABNT NBR ISO NM ISO3758<\/span><\/b><span style=\"font-size:14.0pt\">, 21 e 22 de novembro, online, das 08h30 &agrave;s 17h30. <\/span><a href=\"https:\/\/www.abntcatalogo.com.br\/curs.aspx?Q=QjdEb3dsdDZtVXFsUTUxZ0w1ZmpGbm1uVnRRZmRodVc=\" style=\"color:blue; text-decoration:underline\"><span style=\"font-size:14.0pt\">Informa&ccedil;&otilde;es<\/span><\/a><\/span><\/span><\/span><\/p>\r\n\r\n<p style=\"text-align:justify\"><span style=\"font-size:11pt\"><span style=\"line-height:normal\"><span calibri=\"\" style=\"font-family:\"><b><span style=\"font-size:14.0pt\">Semin&aacute;rio Apex-Brasil: &quot;Como fazer neg&oacute;cios com a ONU&quot;<\/span><\/b><span style=\"font-size:14.0pt\">, 22 de novembro. <\/span><a href=\"https:\/\/crm-apps.apexbrasil.com.br\/orgbdeab873\/inscricao-eventos\/evento\/seminario-como-fazer-negocios-com-a-onu\/fe2ec5b6-8ae7-4b08-90df-832d0dc32a55?utm_campaign=divulgacao_como_fazer_negocios_com_a_onu&amp;utm_medium=email&amp;utm_source=EMarketing\" style=\"color:blue; text-decoration:underline\"><span style=\"font-size:14.0pt\">Informa&ccedil;&otilde;es<\/span><\/a><\/span><\/span><\/span><\/p>\r\n\r\n<p class=\"MsoTitle\" style=\"text-align:justify\"><span style=\"font-size:28pt\"><span cambria=\"\" style=\"font-family:\"><span style=\"letter-spacing:-0.5pt\"><b><span style=\"font-size:18.0pt\"><span calibri=\"\" style=\"font-family:\"><span style=\"font-variant:small-caps\">Setor<\/span><\/span><\/span><\/b><\/span><\/span><\/span><\/p>\r\n\r\n<p style=\"text-align:justify\"><span style=\"font-size:11pt\"><span style=\"line-height:normal\"><span calibri=\"\" style=\"font-family:\"><a href=\"https:\/\/www.plastico.com.br\/polipropileno-precos-tendem-a-ficar-mais-baixos\/?utm_campaign=newsletter_plastico_-_outubro_2022&amp;utm_medium=email&amp;utm_source=RD+Station\" style=\"color:blue; text-decoration:underline\"><span style=\"font-size:14.0pt\">Polipropileno &ndash; Pre&ccedil;os tendem a ficar mais baixos<\/span><\/a><\/span><\/span><\/span><\/p>\r\n\r\n<p style=\"text-align:justify\"><span style=\"font-size:11pt\"><span style=\"line-height:normal\"><span calibri=\"\" style=\"font-family:\"><a href=\"https:\/\/plasticosemrevista.com.br\/pe-fim-do-ciclo-de-expansao-na-america-do-norte\/\" style=\"color:blue; text-decoration:underline\"><span style=\"font-size:14.0pt\">PE: fim do ciclo de expans&atilde;o na Am&eacute;rica do Norte<\/span><\/a><\/span><\/span><\/span><\/p>\r\n\r\n<p style=\"text-align:justify\"><span style=\"font-size:11pt\"><span style=\"line-height:normal\"><span calibri=\"\" style=\"font-family:\"><a href=\"http:\/\/textileindustry.ning.com\/forum\/topics\/senai-cetiqt-tem-a-chancela-de-estar-entre-os-primeiros-laborat\" style=\"color:blue; text-decoration:underline\"><span style=\"font-size:14.0pt\">SENAI CETIQT tem a chancela de estar entre os primeiros laborat&oacute;rios acreditados no Brasil pelo Inmetro<\/span><\/a><\/span><\/span><\/span><\/p>\r\n\r\n<p style=\"text-align:justify\"><span style=\"font-size:11pt\"><span style=\"line-height:normal\"><span calibri=\"\" style=\"font-family:\"><a href=\"https:\/\/indiantextilejournal.com\/china-in-the-global-economic-and-textiles-space\/\" style=\"color:blue; text-decoration:underline\"><span style=\"font-size:14.0pt\">China in the global economic and textiles space<\/span><\/a><\/span><\/span><\/span><\/p>\r\n\r\n<p style=\"text-align:justify\"><span style=\"font-size:11pt\"><span style=\"line-height:normal\"><span calibri=\"\" style=\"font-family:\"><a href=\"https:\/\/www.textiletechnology.net\/nonwovens\/news\/edana-outlook-2022--from-the-energy-crisis-to-sustainability-33080?utm_source=%2Fmeta%2Fnewsletter%2Fnewsletter&amp;utm_medium=newsletter&amp;utm_campaign=nl1009&amp;utm_term=0801b20e08c3242125d512808cd74302\" style=\"color:blue; text-decoration:underline\"><span style=\"font-size:14.0pt\">Edana: Outlook 2022 &ndash; from the energy crisis to sustainability<\/span><\/a><\/span><\/span><\/span><\/p>\r\n\r\n<p style=\"text-align:justify\"><span style=\"font-size:11pt\"><span style=\"line-height:normal\"><span calibri=\"\" style=\"font-family:\"><a href=\"https:\/\/www.technicaltextile.net\/news\/inda-to-welcome-over-500-registrants-at-hygienix-in-us-283775.html\" style=\"color:blue; text-decoration:underline\"><span style=\"font-size:14.0pt\">INDA to welcome over 500 registrants at Hygienix in US<\/span><\/a><\/span><\/span><\/span><\/p>\r\n\r\n<p style=\"text-align:justify\"><span style=\"font-size:11pt\"><span style=\"line-height:normal\"><span calibri=\"\" style=\"font-family:\"><a href=\"https:\/\/www.technicaltextile.net\/news\/go-wipes-europe-2022-to-return-as-in-person-conference-this-december-283875.html\" style=\"color:blue; text-decoration:underline\"><span style=\"font-size:14.0pt\">GO Wipes Europe 2022 to return as in-person conference this December<\/span><\/a><\/span><\/span><\/span><\/p>\r\n\r\n<p style=\"text-align:justify\"><span style=\"font-size:11pt\"><span style=\"line-height:normal\"><span calibri=\"\" style=\"font-family:\"><a href=\"https:\/\/www.nonwovens-industry.com\/issues\/2022-11-01\/view_features\/the-feminine-hygiene-market-804784?utm_campaign=NON+eNewsletter&amp;utm_medium=email&amp;_hsmi=232434985&amp;_hsenc=p2ANqtz-_15wedZouDqrKr9Us2x6Ohe6eyUz5XM902_YkKt0ym4sZUPjg-C6QXlUYWYvp2QHi7NSI4aUtsNzXalbOWe8ckPe3ckQ&amp;utm_content=232434985&amp;utm_source=hs_email\" style=\"color:blue; text-decoration:underline\"><span style=\"font-size:14.0pt\">The Feminine Hygiene Market<\/span><\/a><\/span><\/span><\/span><\/p>\r\n\r\n<p style=\"text-align:justify\"><span style=\"font-size:11pt\"><span style=\"line-height:normal\"><span calibri=\"\" style=\"font-family:\"><a href=\"https:\/\/www.textiletechnology.net\/nonwovens\/news\/suominen-recovery-trending-positively-in-q32022-33062?utm_source=%2Fmeta%2Fnewsletter%2Fnewsletter&amp;utm_medium=newsletter&amp;utm_campaign=nl1009&amp;utm_term=0801b20e08c3242125d512808cd74302\" style=\"color:blue; text-decoration:underline\"><span style=\"font-size:14.0pt\">Suominen: Recovery trending positively in Q3\/2022<\/span><\/a><\/span><\/span><\/span><\/p>\r\n\r\n<p style=\"text-align:justify\"><span style=\"font-size:11pt\"><span style=\"line-height:normal\"><span calibri=\"\" style=\"font-family:\"><a href=\"https:\/\/www.digitaljournal.com\/pr\/geotextiles-market-growing-massively-by-fibertex-nonwovens-gse-environmental-koninklijke-ten-cate\" style=\"color:blue; text-decoration:underline\"><span style=\"font-size:14.0pt\">Geotextiles Market Growing Massively by Fibertex Nonwovens, GSE Environmental, Koninklijke Ten Cate<\/span><\/a><\/span><\/span><\/span><\/p>\r\n\r\n<p style=\"text-align:justify\"><span style=\"font-size:11pt\"><span style=\"line-height:normal\"><span calibri=\"\" style=\"font-family:\"><a href=\"https:\/\/www.autodata.com.br\/noticias\/2022\/11\/03\/eagleburgmann-investe-r-20-milhoes-em-nova-fabrica-de-valinhos\/48017\/\" style=\"color:blue; text-decoration:underline\"><span style=\"font-size:14.0pt\">EagleBurgmann investe R$20 milh&otilde;es em nova f&aacute;brica em Valinhos (SP)<\/span><\/a><\/span><\/span><\/span><\/p>\r\n\r\n<p class=\"MsoTitle\" style=\"text-align:justify\"><span style=\"font-size:28pt\"><span cambria=\"\" style=\"font-family:\"><span style=\"letter-spacing:-0.5pt\"><b><span style=\"font-size:18.0pt\"><span calibri=\"\" style=\"font-family:\"><span style=\"font-variant:small-caps\">Ind&uacute;stria<\/span><\/span><\/span><\/b><\/span><\/span><\/span><\/p>\r\n\r\n<p style=\"text-align:justify\"><span style=\"font-size:11pt\"><span style=\"line-height:normal\"><span calibri=\"\" style=\"font-family:\"><a href=\"https:\/\/www.fiesp.com.br\/noticias\/producao-industrial-cai-03-no-3o-trimestre-do-ano\/?utm_source=akna&amp;utm_medium=email&amp;utm_campaign=ECONOMIA-Comunicado-PIM-Setembro\" style=\"color:blue; text-decoration:underline\"><span style=\"font-size:14.0pt\">Produ&ccedil;&atilde;o Industrial cai 0,3% no 3&ordm; trimestre indica IBGE<\/span><\/a><\/span><\/span><\/span><\/p>\r\n\r\n<p style=\"text-align:justify\"><span style=\"font-size:11pt\"><span style=\"line-height:normal\"><span calibri=\"\" style=\"font-family:\"><a href=\"https:\/\/noticias.portaldaindustria.com.br\/noticias\/economia\/industria-desacelera-em-setembro-com-queda-no-emprego-e-faturamento-aponta-cni\/\" style=\"color:blue; text-decoration:underline\"><span style=\"font-size:14.0pt\">Ind&uacute;stria desacelera em setembro com queda no emprego e faturamento, aponta CNI<\/span><\/a><\/span><\/span><\/span><\/p>\r\n\r\n<p style=\"text-align:justify\"><span style=\"font-size:11pt\"><span style=\"line-height:normal\"><span calibri=\"\" style=\"font-family:\"><a href=\"https:\/\/portalibre.fgv.br\/noticias\/confianca-empresarial-cai-33-pontos-em-outubro-para-menor-nivel-desde-maio-deste-ano\" style=\"color:blue; text-decoration:underline\"><span style=\"font-size:14.0pt\">Confian&ccedil;a Empresarial cai 3,3 pontos em outubro para menor n&iacute;vel desde maio deste ano<\/span><\/a><\/span><\/span><\/span><\/p>\r\n\r\n<p style=\"text-align:justify\"><span style=\"font-size:11pt\"><span style=\"line-height:normal\"><span calibri=\"\" style=\"font-family:\"><a href=\"https:\/\/portalibre.fgv.br\/noticias\/sintese-das-sondagens-de-outubro-de-2022\" style=\"color:blue; text-decoration:underline\"><span style=\"font-size:14.0pt\">S&iacute;ntese das Sondagens de outubro de 2022<\/span><\/a><\/span><\/span><\/span><\/p>\r\n\r\n<p style=\"text-align:justify\"><span style=\"font-size:11pt\"><span style=\"line-height:normal\"><span calibri=\"\" style=\"font-family:\"><a href=\"https:\/\/exclink.exclusivo.com.br\/cl\/POhuU\/E6A\/47c9\/LCFJkUKAOaB\/BLUJ\/ES3TpIvmC3P\/2\/\" style=\"color:blue; text-decoration:underline\"><span style=\"font-size:14.0pt\">Gera&ccedil;&atilde;o de empregos no setor cal&ccedil;adista &eacute; a maior em sete anos <\/span><\/a><\/span><\/span><\/span><\/p>\r\n\r\n<p style=\"text-align:justify\"><span style=\"font-size:11pt\"><span style=\"line-height:normal\"><span calibri=\"\" style=\"font-family:\"><a href=\"https:\/\/grandesconstrucoes.com.br\/Noticias\/Exibir\/juros-altos-sao-o-principal-problema-da-industria-da-construcao?utm_source=akna&amp;utm_medium=email&amp;utm_campaign=Grandes-Construcoes-Informativo-836-03-11-2022&amp;utm_source=akna&amp;utm_medium=email&amp;utm_campaign=Grandes-Construcoes-Informativo-836-03-11-2022\" style=\"color:blue; text-decoration:underline\"><span style=\"font-size:14.0pt\">Juros altos s&atilde;o o principal problema da ind&uacute;stria da constru&ccedil;&atilde;o<\/span><\/a><\/span><\/span><\/span><\/p>\r\n\r\n<p style=\"text-align:justify\"><span style=\"font-size:11pt\"><span style=\"line-height:normal\"><span calibri=\"\" style=\"font-family:\"><a href=\"https:\/\/www.moveisdevalor.com.br\/portal\/producao-de-moveis-em-setembro-mostra-queda-menor-no-ano?source=news\" style=\"color:blue; text-decoration:underline\"><span style=\"font-size:14.0pt\">Produ&ccedil;&atilde;o de m&oacute;veis em setembro mostra queda menor no ano<\/span><\/a><\/span><\/span><\/span><\/p>\r\n\r\n<p style=\"text-align:justify\"><span style=\"font-size:11pt\"><span style=\"line-height:normal\"><span calibri=\"\" style=\"font-family:\"><a href=\"http:\/\/www.revistaanamaco.com.br\/desempenho-regular-na-industria-de-matcon2?utm_campaign=Revista+Anamaco+Online&amp;utm_content=Desempenho+regular+na+ind%C3%BAstria+de+matcon+-+Revista+Anamaco+%286%29&amp;utm_medium=email&amp;utm_source=EmailMarketing&amp;utm_term=Revista+Anamaco+Online-Newsletter%2381-2022\" style=\"color:blue; text-decoration:underline\"><span style=\"font-size:14.0pt\">Desempenho regular na ind&uacute;stria de matcon<\/span><\/a><\/span><\/span><\/span><\/p>\r\n\r\n<p style=\"text-align:justify\"><span style=\"font-size:11pt\"><span style=\"line-height:normal\"><span calibri=\"\" style=\"font-family:\"><a href=\"http:\/\/www.folhadoabc.com.br\/index.php\/secoes\/autos\/item\/24434-venda-de-veiculos-novos-cai-6-7-em-outubro\" style=\"color:blue; text-decoration:underline\"><span style=\"font-size:14.0pt\">Venda de ve&iacute;culos novos cai 6,7% em outubro<\/span><\/a><\/span><\/span><\/span><\/p>\r\n\r\n<p style=\"text-align:justify\"><span style=\"font-size:11pt\"><span style=\"line-height:normal\"><span calibri=\"\" style=\"font-family:\"><a href=\"https:\/\/cbic.org.br\/construcao-civil-deve-crescer-6-em-2022-diz-cbic\/\" style=\"color:blue; text-decoration:underline\"><span style=\"font-size:14.0pt\">Constru&ccedil;&atilde;o civil deve crescer 6% em 2022, diz CBIC<\/span><\/a><\/span><\/span><\/span><\/p>\r\n\r\n<p class=\"MsoTitle\" style=\"text-align:justify\"><span style=\"font-size:28pt\"><span cambria=\"\" style=\"font-family:\"><span style=\"letter-spacing:-0.5pt\"><b><span style=\"font-size:18.0pt\"><span calibri=\"\" style=\"font-family:\"><span style=\"font-variant:small-caps\">Sustentabilidade<\/span><\/span><\/span><\/b><\/span><\/span><\/span><\/p>\r\n\r\n<p style=\"text-align:justify\"><span style=\"font-size:11pt\"><span style=\"line-height:normal\"><span calibri=\"\" style=\"font-family:\"><a href=\"https:\/\/grandesconstrucoes.com.br\/Noticias\/Exibir\/economia-de-baixo-carbono-e-retomada-do-crescimento-sao-desafios-do-novo-governo?utm_source=akna&amp;utm_medium=email&amp;utm_campaign=Grandes-Construcoes-Informativo-836-03-11-2022&amp;utm_source=akna&amp;utm_medium=email&amp;utm_campaign=Grandes-Construcoes-Informativo-836-03-11-2022\" style=\"color:blue; text-decoration:underline\"><span style=\"font-size:14.0pt\">Economia de baixo carbono e retomada do crescimento s&atilde;o desafios do novo governo<\/span><\/a><\/span><\/span><\/span><\/p>\r\n\r\n<p style=\"text-align:justify\"><span style=\"font-size:11pt\"><span style=\"line-height:normal\"><span calibri=\"\" style=\"font-family:\"><a href=\"https:\/\/www.plastico.com.br\/tecnologia-de-reciclagem-quimica-converte-plasticos-por-pirolise\/?utm_campaign=newsletter_plastico_-_outubro_2022&amp;utm_medium=email&amp;utm_source=RD+Station\" style=\"color:blue; text-decoration:underline\"><span style=\"font-size:14.0pt\">Tecnologia de reciclagem qu&iacute;mica converte pl&aacute;sticos por pir&oacute;lise<\/span><\/a><\/span><\/span><\/span><\/p>\r\n\r\n<p style=\"text-align:justify\"><span style=\"font-size:11pt\"><span style=\"line-height:normal\"><span calibri=\"\" style=\"font-family:\"><a href=\"https:\/\/www.dw.com\/pt-br\/o-mito-t%C3%B3xico-e-fracassado-da-reciclagem-de-pl%C3%A1stico\/a-63656661\" style=\"color:blue; text-decoration:underline\"><span style=\"font-size:14.0pt\">O mito t&oacute;xico e fracassado da reciclagem de pl&aacute;stico<\/span><\/a><\/span><\/span><\/span><\/p>\r\n\r\n<p class=\"MsoTitle\" style=\"text-align:justify\"><span style=\"font-size:28pt\"><span cambria=\"\" style=\"font-family:\"><span style=\"letter-spacing:-0.5pt\"><b><span style=\"font-size:18.0pt\"><span calibri=\"\" style=\"font-family:\"><span style=\"font-variant:small-caps\">Inova&ccedil;&atilde;o<\/span><\/span><\/span><\/b><\/span><\/span><\/span><\/p>\r\n\r\n<p style=\"text-align:justify\"><span style=\"font-size:11pt\"><span style=\"line-height:normal\"><span calibri=\"\" style=\"font-family:\"><a href=\"https:\/\/noticias.portaldaindustria.com.br\/noticias\/inovacao-e-tecnologia\/inovacao-tecnologica-para-cadeias-de-plasticos-mais-circulares\/\" style=\"color:blue; text-decoration:underline\"><span style=\"font-size:14.0pt\">Inova&ccedil;&atilde;o tecnol&oacute;gica para cadeias de pl&aacute;sticos mais circulares<\/span><\/a><\/span><\/span><\/span><\/p>\r\n\r\n<p style=\"text-align:justify\"><span style=\"font-size:11pt\"><span style=\"line-height:normal\"><span calibri=\"\" style=\"font-family:\"><a href=\"http:\/\/textileindustry.ning.com\/forum\/topics\/conhe-a-setores-que-podem-ser-impactados-pelo-uso-do-c-nhamo\" style=\"color:blue; text-decoration:underline\"><span style=\"font-size:14.0pt\">Conhe&ccedil;a setores que podem ser impactados pelo uso do C&acirc;nhamo Industrial<\/span><\/a><\/span><\/span><\/span><\/p>\r\n\r\n<p style=\"text-align:justify\"><span style=\"font-size:11pt\"><span style=\"line-height:normal\"><span calibri=\"\" style=\"font-family:\"><span class=\"MsoHyperlink\" style=\"color:blue\"><span style=\"text-decoration:underline\"><span style=\"font-size:14.0pt\"><a href=\"https:\/\/www.innovationintextiles.com\/fibres-yarns-fabrics\/new-route-to-multifunctional-textiles-with-graphene-nanotubes\/\" style=\"color:blue; text-decoration:underline\">New route to multifunctional textiles with graphene nanotubes<\/a><\/span><\/span><\/span><\/span><\/span><\/span><\/p>\r\n\r\n<p class=\"MsoTitleCxSpLast\" style=\"text-align:justify\"><span style=\"font-size:28pt\"><span cambria=\"\" style=\"font-family:\"><span style=\"letter-spacing:-0.5pt\"><b><span style=\"font-size:18.0pt\"><span calibri=\"\" style=\"font-family:\"><span style=\"font-variant:small-caps\">Com&eacute;rcio Exterior<\/span><\/span><\/span><\/b><\/span><\/span><\/span><\/p>\r\n\r\n<p style=\"text-align:justify\"><span style=\"font-size:11pt\"><span style=\"line-height:normal\"><span calibri=\"\" style=\"font-family:\"><a href=\"https:\/\/www.martinbehrend.com.br\/noticias\/noticia\/id\/12334\/titulo\/exportacoes-de-calcados-superam-um-bilhao-de-dolares-em-2022-mas-tem-alerta-de-desaceleracao\" style=\"color:blue; text-decoration:underline\"><span style=\"font-size:14.0pt\">Exporta&ccedil;&otilde;es de cal&ccedil;ados superam um bilh&atilde;o de d&oacute;lares em 2022, mas tem alerta de desacelera&ccedil;&atilde;o<\/span><\/a><\/span><\/span><\/span><\/p>\r\n\r\n<p style=\"text-align:justify\"><span style=\"font-size:11pt\"><span style=\"line-height:normal\"><span calibri=\"\" style=\"font-family:\"><a href=\"http:\/\/abimovel.com\/exportacoes-de-moveis-e-colchoes-brasileiros-crescem-acima-da-media-global-nos-ultimos-cinco-anos\/?utm_campaign=exportacoes_de_moveis_e_colchoes_brasileiros_crescem_acima_da_media_global_nos_ultimos_cinco_anos&amp;utm_medium=email&amp;utm_source=RD+Station\" style=\"color:blue; text-decoration:underline\"><span style=\"font-size:14.0pt\">Exporta&ccedil;&otilde;es de m&oacute;veis e colch&otilde;es brasileiros crescem acima da m&eacute;dia global nos &uacute;ltimos cinco anos<\/span><\/a><\/span><\/span><\/span><\/p>\r\n\r\n<p style=\"text-align:justify\"><span style=\"font-size:11pt\"><span style=\"line-height:normal\"><span calibri=\"\" style=\"font-family:\"><a href=\"https:\/\/inteligencia-dados.fiesp.com.br\/defesa-comercial\/index.html?utm_source=EMKT&amp;utm_medium=EMKT&amp;utm_campaign=Lan%C3%A7amento+Painel+Defesa+Comercial&amp;utm_id=Lan%C3%A7amento+Painel+Defesa+Comercial&amp;\" style=\"color:blue; text-decoration:underline\"><span style=\"font-size:14.0pt\">FIESP | Painel Defesa Comercial<\/span><\/a><\/span><\/span><\/span><\/p>\r\n\r\n<p class=\"MsoTitle\" style=\"text-align:justify\"><span style=\"font-size:28pt\"><span cambria=\"\" style=\"font-family:\"><span style=\"letter-spacing:-0.5pt\"><b><span style=\"font-size:18.0pt\"><span calibri=\"\" style=\"font-family:\"><span style=\"font-variant:small-caps\">Economia<\/span><\/span><\/span><\/b><\/span><\/span><\/span><\/p>\r\n\r\n<p style=\"text-align:justify\"><span style=\"font-size:11pt\"><span style=\"line-height:normal\"><span calibri=\"\" style=\"font-family:\"><a href=\"https:\/\/www.bcb.gov.br\/content\/focus\/focus\/R20221104.pdf\" style=\"color:blue; text-decoration:underline\"><span style=\"font-size:14.0pt\">Focus - Relat&oacute;rio de Mercado<\/span><\/a><\/span><\/span><\/span><\/p>\r\n\r\n<p style=\"text-align:justify\"><span style=\"font-size:11pt\"><span style=\"line-height:normal\"><span calibri=\"\" style=\"font-family:\"><a href=\"https:\/\/agenciadenoticias.ibge.gov.br\/agencia-noticias\/2012-agencia-de-noticias\/noticias\/35349-com-servicos-afetados-pela-pandemia-pib-de-2020-cai-3-3\" style=\"color:blue; text-decoration:underline\"><span style=\"font-size:14.0pt\">Com servi&ccedil;os afetados pela pandemia, PIB de 2020 cai 3,3%<\/span><\/a><\/span><\/span><\/span><\/p>\r\n\r\n<p style=\"text-align:justify\"><span style=\"font-size:11pt\"><span style=\"line-height:normal\"><span calibri=\"\" style=\"font-family:\"><a href=\"https:\/\/agenciabrasil.ebc.com.br\/economia\/noticia\/2022-11\/mercado-financeiro-eleva-projecao-da-inflacao-de-561-para-563\" style=\"color:blue; text-decoration:underline\"><span style=\"font-size:14.0pt\">Mercado financeiro eleva proje&ccedil;&atilde;o da infla&ccedil;&atilde;o de 5,61% para 5,63%<\/span><\/a><\/span><\/span><\/span><\/p>\r\n\r\n<p style=\"text-align:justify\"><span style=\"font-size:11pt\"><span style=\"line-height:normal\"><span calibri=\"\" style=\"font-family:\"><a href=\"https:\/\/portalibre.fgv.br\/sites\/default\/files\/2022-11\/apresentacao-sintese-das-sondagens-outubro2022.pdf\" style=\"color:blue; text-decoration:underline\"><span style=\"font-size:14.0pt\">FGV IBRE | Indicadores de Sentimento: Confian&ccedil;a e Incerteza<\/span><\/a><\/span><\/span><\/span><\/p>\r\n\r\n<p style=\"text-align:justify\"><span style=\"font-size:11pt\"><span style=\"line-height:normal\"><span calibri=\"\" style=\"font-family:\"><a href=\"https:\/\/portalibre.fgv.br\/sites\/default\/files\/2022-10\/indice-de-confianca-empresarial-fgv_press-release_out22_0.pdf\" style=\"color:blue; text-decoration:underline\"><span style=\"font-size:14.0pt\">FGV IBRE | &Iacute;ndice de Confian&ccedil;a Empresarial (ICE)<\/span><\/a><\/span><\/span><\/span><\/p>\r\n\r\n<p style=\"text-align:justify\"><span style=\"font-size:11pt\"><span style=\"line-height:normal\"><span calibri=\"\" style=\"font-family:\"><a href=\"https:\/\/portalibre.fgv.br\/sites\/default\/files\/2022-11\/indicadores-de-mercado-de-trabalho-fgv_press-release_out22_0.pdf\" style=\"color:blue; text-decoration:underline\"><span style=\"font-size:14.0pt\">FGV IBRE | Indicador Antecedente de Emprego (IAEmp)<\/span><\/a><\/span><\/span><\/span><\/p>\r\n","6":"<p style=\"text-align:justify\"><span style=\"font-size:11pt\"><span style=\"line-height:normal\"><span calibri=\"\" style=\"font-family:\"><span style=\"font-size:14.0pt\">Esta &eacute; uma compila&ccedil;&atilde;o das not&iacute;cias mais relevantes para o setor, incluindo informa&ccedil;&otilde;es sobre acordos internacionais, economia brasileira, sustentabilidade e mat&eacute;rias primas, al&eacute;m de novidades do setor de N&atilde;otecidos e Tecidos T&eacute;cnicos.<\/span><\/span><\/span><\/span><\/p>\r\n\r\n<p class=\"MsoTitleCxSpLast\" style=\"text-align:justify\"><span style=\"font-size:28pt\"><span cambria=\"\" style=\"font-family:\"><span style=\"letter-spacing:-0.5pt\"><b><span style=\"font-size:18.0pt\"><span calibri=\"\" style=\"font-family:\"><span style=\"font-variant:small-caps\">A&ccedil;&otilde;es da ABINT<\/span><\/span><\/span><\/b><\/span><\/span><\/span><\/p>\r\n\r\n<p style=\"text-align:justify\"><span style=\"font-size:11pt\"><span style=\"line-height:normal\"><span calibri=\"\" style=\"font-family:\"><a href=\"http:\/\/www.revistaplasticosul.com.br\/transformacao-aplicacoes\/abint-anuncia-nova-diretoria%EF%BF%BC\/\" style=\"color:blue; text-decoration:underline\"><b><span style=\"font-size:14.0pt\">ABINT anuncia nova diretoria<\/span><\/b><\/a><\/span><\/span><\/span><\/p>\r\n\r\n<p style=\"text-align:justify\">&nbsp;<\/p>\r\n\r\n<p style=\"text-align:justify\"><img height=\"320\" src=\"https:\/\/www.abint.org.br\/assets\/img\/editor\/partnerkit-conahp-retangular-cth-abint_20221118193053r4nrWeNdlp.png\" width=\"568\" \/><\/p>\r\n\r\n<p style=\"text-align:justify\"><span class=\"MsoHyperlink\" style=\"color:blue\"><span style=\"text-decoration:underline\"><span style=\"font-size:14.0pt\"><span style=\"line-height:115%\"><span calibri=\"\" style=\"font-family:\"><span style=\"text-decoration:none\"><span style=\"text-underline:none\">O <b>CTH ABINT<\/b> &eacute; patrocinador do <b>CONAHP 2022 - Congresso Nacional de Hospitais Privados<\/b>, evento que ocorrer&aacute; <b>presencialmente nos dias 10 e 11 de novembro, Transam&eacute;rica Expo Center<\/b>, S&atilde;o Paulo, SP. <\/span><\/span><\/span><\/span><\/span><\/span><\/span><span style=\"font-size:11.0pt\"><span style=\"line-height:115%\"><span calibri=\"\" style=\"font-family:\"><a href=\"https:\/\/conahp.org.br\/2022\/\" style=\"color:blue; text-decoration:underline\"><span style=\"font-size:14.0pt\"><span style=\"line-height:115%\">Informa&ccedil;&otilde;es <\/span><\/span><\/a><\/span><\/span><\/span><\/p>\r\n\r\n<p style=\"text-align:justify\">&nbsp;<\/p>\r\n\r\n<p style=\"text-align:justify\"><img height=\"511\" src=\"https:\/\/www.abint.org.br\/assets\/img\/editor\/premio-tcc-ic-2023-arte-1_20221118193151CHgKoiJMVC.png\" width=\"511\" \/><\/p>\r\n\r\n<p style=\"text-align:justify\">&nbsp;<\/p>\r\n\r\n<p style=\"text-align:justify\"><span style=\"font-size:11pt\"><span style=\"line-height:normal\"><span calibri=\"\" style=\"font-family:\"><b><span style=\"font-size:18.0pt\"><span style=\"font-variant:small-caps\">Eventos<\/span><\/span><\/b><\/span><\/span><\/span><\/p>\r\n\r\n<p style=\"text-align:justify\"><span style=\"font-size:11pt\"><span style=\"line-height:normal\"><span calibri=\"\" style=\"font-family:\"><b><span style=\"font-size:14.0pt\">FIESP | Workshop Regionaliza&ccedil;&atilde;o do Saneamento<\/span><\/b><span style=\"font-size:14.0pt\">, 09 de novembro. <\/span><a href=\"https:\/\/www.fiesp.com.br\/agenda\/workshop-regionalizacao-do-saneamento\/?utm_source=EMKT&amp;utm_medium=EMKT&amp;utm_campaign=WORKSHOP+DE+SANEAMENTO+B%C3%81SICO+-+PROGRAMA%C3%87%C3%83O&amp;utm_id=WORKSHOP+DE+SANEAMENTO+B%C3%81SICO+-+PROGRAMA%C3%87%C3%83O\" style=\"color:blue; text-decoration:underline\"><span style=\"font-size:14.0pt\">Informa&ccedil;&otilde;es<\/span><\/a> <\/span><\/span><\/span><\/p>\r\n\r\n<p style=\"text-align:justify\"><span style=\"font-size:11pt\"><span style=\"line-height:normal\"><span calibri=\"\" style=\"font-family:\"><b><span style=\"font-size:14.0pt\">Curso ABNT | Simbologia para a Etiquetagem T&ecirc;xtil - Norma ABNT NBR ISO NM ISO3758<\/span><\/b><span style=\"font-size:14.0pt\">, 21 e 22 de novembro, online, das 08h30 &agrave;s 17h30. <\/span><a href=\"https:\/\/www.abntcatalogo.com.br\/curs.aspx?Q=QjdEb3dsdDZtVXFsUTUxZ0w1ZmpGbm1uVnRRZmRodVc=\" style=\"color:blue; text-decoration:underline\"><span style=\"font-size:14.0pt\">Informa&ccedil;&otilde;es<\/span><\/a><\/span><\/span><\/span><\/p>\r\n\r\n<p style=\"text-align:justify\"><span style=\"font-size:11pt\"><span style=\"line-height:normal\"><span calibri=\"\" style=\"font-family:\"><b><span style=\"font-size:14.0pt\">Semin&aacute;rio Apex-Brasil: &quot;Como fazer neg&oacute;cios com a ONU&quot;<\/span><\/b><span style=\"font-size:14.0pt\">, 22 de novembro. <\/span><a href=\"https:\/\/crm-apps.apexbrasil.com.br\/orgbdeab873\/inscricao-eventos\/evento\/seminario-como-fazer-negocios-com-a-onu\/fe2ec5b6-8ae7-4b08-90df-832d0dc32a55?utm_campaign=divulgacao_como_fazer_negocios_com_a_onu&amp;utm_medium=email&amp;utm_source=EMarketing\" style=\"color:blue; text-decoration:underline\"><span style=\"font-size:14.0pt\">Informa&ccedil;&otilde;es<\/span><\/a><\/span><\/span><\/span><\/p>\r\n\r\n<p class=\"MsoTitle\" style=\"text-align:justify\"><span style=\"font-size:28pt\"><span cambria=\"\" style=\"font-family:\"><span style=\"letter-spacing:-0.5pt\"><b><span style=\"font-size:18.0pt\"><span calibri=\"\" style=\"font-family:\"><span style=\"font-variant:small-caps\">Setor<\/span><\/span><\/span><\/b><\/span><\/span><\/span><\/p>\r\n\r\n<p style=\"text-align:justify\"><span style=\"font-size:11pt\"><span style=\"line-height:normal\"><span calibri=\"\" style=\"font-family:\"><a href=\"https:\/\/www.plastico.com.br\/polipropileno-precos-tendem-a-ficar-mais-baixos\/?utm_campaign=newsletter_plastico_-_outubro_2022&amp;utm_medium=email&amp;utm_source=RD+Station\" style=\"color:blue; text-decoration:underline\"><span style=\"font-size:14.0pt\">Polipropileno &ndash; Pre&ccedil;os tendem a ficar mais baixos<\/span><\/a><\/span><\/span><\/span><\/p>\r\n\r\n<p style=\"text-align:justify\"><span style=\"font-size:11pt\"><span style=\"line-height:normal\"><span calibri=\"\" style=\"font-family:\"><a href=\"https:\/\/plasticosemrevista.com.br\/pe-fim-do-ciclo-de-expansao-na-america-do-norte\/\" style=\"color:blue; text-decoration:underline\"><span style=\"font-size:14.0pt\">PE: fim do ciclo de expans&atilde;o na Am&eacute;rica do Norte<\/span><\/a><\/span><\/span><\/span><\/p>\r\n\r\n<p style=\"text-align:justify\"><span style=\"font-size:11pt\"><span style=\"line-height:normal\"><span calibri=\"\" style=\"font-family:\"><a href=\"http:\/\/textileindustry.ning.com\/forum\/topics\/senai-cetiqt-tem-a-chancela-de-estar-entre-os-primeiros-laborat\" style=\"color:blue; text-decoration:underline\"><span style=\"font-size:14.0pt\">SENAI CETIQT tem a chancela de estar entre os primeiros laborat&oacute;rios acreditados no Brasil pelo Inmetro<\/span><\/a><\/span><\/span><\/span><\/p>\r\n\r\n<p style=\"text-align:justify\"><span style=\"font-size:11pt\"><span style=\"line-height:normal\"><span calibri=\"\" style=\"font-family:\"><a href=\"https:\/\/indiantextilejournal.com\/china-in-the-global-economic-and-textiles-space\/\" style=\"color:blue; text-decoration:underline\"><span style=\"font-size:14.0pt\">China in the global economic and textiles space<\/span><\/a><\/span><\/span><\/span><\/p>\r\n\r\n<p style=\"text-align:justify\"><span style=\"font-size:11pt\"><span style=\"line-height:normal\"><span calibri=\"\" style=\"font-family:\"><a href=\"https:\/\/www.textiletechnology.net\/nonwovens\/news\/edana-outlook-2022--from-the-energy-crisis-to-sustainability-33080?utm_source=%2Fmeta%2Fnewsletter%2Fnewsletter&amp;utm_medium=newsletter&amp;utm_campaign=nl1009&amp;utm_term=0801b20e08c3242125d512808cd74302\" style=\"color:blue; text-decoration:underline\"><span style=\"font-size:14.0pt\">Edana: Outlook 2022 &ndash; from the energy crisis to sustainability<\/span><\/a><\/span><\/span><\/span><\/p>\r\n\r\n<p style=\"text-align:justify\"><span style=\"font-size:11pt\"><span style=\"line-height:normal\"><span calibri=\"\" style=\"font-family:\"><a href=\"https:\/\/www.technicaltextile.net\/news\/inda-to-welcome-over-500-registrants-at-hygienix-in-us-283775.html\" style=\"color:blue; text-decoration:underline\"><span style=\"font-size:14.0pt\">INDA to welcome over 500 registrants at Hygienix in US<\/span><\/a><\/span><\/span><\/span><\/p>\r\n\r\n<p style=\"text-align:justify\"><span style=\"font-size:11pt\"><span style=\"line-height:normal\"><span calibri=\"\" style=\"font-family:\"><a href=\"https:\/\/www.technicaltextile.net\/news\/go-wipes-europe-2022-to-return-as-in-person-conference-this-december-283875.html\" style=\"color:blue; text-decoration:underline\"><span style=\"font-size:14.0pt\">GO Wipes Europe 2022 to return as in-person conference this December<\/span><\/a><\/span><\/span><\/span><\/p>\r\n\r\n<p style=\"text-align:justify\"><span style=\"font-size:11pt\"><span style=\"line-height:normal\"><span calibri=\"\" style=\"font-family:\"><a href=\"https:\/\/www.nonwovens-industry.com\/issues\/2022-11-01\/view_features\/the-feminine-hygiene-market-804784?utm_campaign=NON+eNewsletter&amp;utm_medium=email&amp;_hsmi=232434985&amp;_hsenc=p2ANqtz-_15wedZouDqrKr9Us2x6Ohe6eyUz5XM902_YkKt0ym4sZUPjg-C6QXlUYWYvp2QHi7NSI4aUtsNzXalbOWe8ckPe3ckQ&amp;utm_content=232434985&amp;utm_source=hs_email\" style=\"color:blue; text-decoration:underline\"><span style=\"font-size:14.0pt\">The Feminine Hygiene Market<\/span><\/a><\/span><\/span><\/span><\/p>\r\n\r\n<p style=\"text-align:justify\"><span style=\"font-size:11pt\"><span style=\"line-height:normal\"><span calibri=\"\" style=\"font-family:\"><a href=\"https:\/\/www.textiletechnology.net\/nonwovens\/news\/suominen-recovery-trending-positively-in-q32022-33062?utm_source=%2Fmeta%2Fnewsletter%2Fnewsletter&amp;utm_medium=newsletter&amp;utm_campaign=nl1009&amp;utm_term=0801b20e08c3242125d512808cd74302\" style=\"color:blue; text-decoration:underline\"><span style=\"font-size:14.0pt\">Suominen: Recovery trending positively in Q3\/2022<\/span><\/a><\/span><\/span><\/span><\/p>\r\n\r\n<p style=\"text-align:justify\"><span style=\"font-size:11pt\"><span style=\"line-height:normal\"><span calibri=\"\" style=\"font-family:\"><a href=\"https:\/\/www.digitaljournal.com\/pr\/geotextiles-market-growing-massively-by-fibertex-nonwovens-gse-environmental-koninklijke-ten-cate\" style=\"color:blue; text-decoration:underline\"><span style=\"font-size:14.0pt\">Geotextiles Market Growing Massively by Fibertex Nonwovens, GSE Environmental, Koninklijke Ten Cate<\/span><\/a><\/span><\/span><\/span><\/p>\r\n\r\n<p style=\"text-align:justify\"><span style=\"font-size:11pt\"><span style=\"line-height:normal\"><span calibri=\"\" style=\"font-family:\"><a href=\"https:\/\/www.autodata.com.br\/noticias\/2022\/11\/03\/eagleburgmann-investe-r-20-milhoes-em-nova-fabrica-de-valinhos\/48017\/\" style=\"color:blue; text-decoration:underline\"><span style=\"font-size:14.0pt\">EagleBurgmann investe R$20 milh&otilde;es em nova f&aacute;brica em Valinhos (SP)<\/span><\/a><\/span><\/span><\/span><\/p>\r\n\r\n<p class=\"MsoTitle\" style=\"text-align:justify\"><span style=\"font-size:28pt\"><span cambria=\"\" style=\"font-family:\"><span style=\"letter-spacing:-0.5pt\"><b><span style=\"font-size:18.0pt\"><span calibri=\"\" style=\"font-family:\"><span style=\"font-variant:small-caps\">Ind&uacute;stria<\/span><\/span><\/span><\/b><\/span><\/span><\/span><\/p>\r\n\r\n<p style=\"text-align:justify\"><span style=\"font-size:11pt\"><span style=\"line-height:normal\"><span calibri=\"\" style=\"font-family:\"><a href=\"https:\/\/www.fiesp.com.br\/noticias\/producao-industrial-cai-03-no-3o-trimestre-do-ano\/?utm_source=akna&amp;utm_medium=email&amp;utm_campaign=ECONOMIA-Comunicado-PIM-Setembro\" style=\"color:blue; text-decoration:underline\"><span style=\"font-size:14.0pt\">Produ&ccedil;&atilde;o Industrial cai 0,3% no 3&ordm; trimestre indica IBGE<\/span><\/a><\/span><\/span><\/span><\/p>\r\n\r\n<p style=\"text-align:justify\"><span style=\"font-size:11pt\"><span style=\"line-height:normal\"><span calibri=\"\" style=\"font-family:\"><a href=\"https:\/\/noticias.portaldaindustria.com.br\/noticias\/economia\/industria-desacelera-em-setembro-com-queda-no-emprego-e-faturamento-aponta-cni\/\" style=\"color:blue; text-decoration:underline\"><span style=\"font-size:14.0pt\">Ind&uacute;stria desacelera em setembro com queda no emprego e faturamento, aponta CNI<\/span><\/a><\/span><\/span><\/span><\/p>\r\n\r\n<p style=\"text-align:justify\"><span style=\"font-size:11pt\"><span style=\"line-height:normal\"><span calibri=\"\" style=\"font-family:\"><a href=\"https:\/\/portalibre.fgv.br\/noticias\/confianca-empresarial-cai-33-pontos-em-outubro-para-menor-nivel-desde-maio-deste-ano\" style=\"color:blue; text-decoration:underline\"><span style=\"font-size:14.0pt\">Confian&ccedil;a Empresarial cai 3,3 pontos em outubro para menor n&iacute;vel desde maio deste ano<\/span><\/a><\/span><\/span><\/span><\/p>\r\n\r\n<p style=\"text-align:justify\"><span style=\"font-size:11pt\"><span style=\"line-height:normal\"><span calibri=\"\" style=\"font-family:\"><a href=\"https:\/\/portalibre.fgv.br\/noticias\/sintese-das-sondagens-de-outubro-de-2022\" style=\"color:blue; text-decoration:underline\"><span style=\"font-size:14.0pt\">S&iacute;ntese das Sondagens de outubro de 2022<\/span><\/a><\/span><\/span><\/span><\/p>\r\n\r\n<p style=\"text-align:justify\"><span style=\"font-size:11pt\"><span style=\"line-height:normal\"><span calibri=\"\" style=\"font-family:\"><a href=\"https:\/\/exclink.exclusivo.com.br\/cl\/POhuU\/E6A\/47c9\/LCFJkUKAOaB\/BLUJ\/ES3TpIvmC3P\/2\/\" style=\"color:blue; text-decoration:underline\"><span style=\"font-size:14.0pt\">Gera&ccedil;&atilde;o de empregos no setor cal&ccedil;adista &eacute; a maior em sete anos <\/span><\/a><\/span><\/span><\/span><\/p>\r\n\r\n<p style=\"text-align:justify\"><span style=\"font-size:11pt\"><span style=\"line-height:normal\"><span calibri=\"\" style=\"font-family:\"><a href=\"https:\/\/grandesconstrucoes.com.br\/Noticias\/Exibir\/juros-altos-sao-o-principal-problema-da-industria-da-construcao?utm_source=akna&amp;utm_medium=email&amp;utm_campaign=Grandes-Construcoes-Informativo-836-03-11-2022&amp;utm_source=akna&amp;utm_medium=email&amp;utm_campaign=Grandes-Construcoes-Informativo-836-03-11-2022\" style=\"color:blue; text-decoration:underline\"><span style=\"font-size:14.0pt\">Juros altos s&atilde;o o principal problema da ind&uacute;stria da constru&ccedil;&atilde;o<\/span><\/a><\/span><\/span><\/span><\/p>\r\n\r\n<p style=\"text-align:justify\"><span style=\"font-size:11pt\"><span style=\"line-height:normal\"><span calibri=\"\" style=\"font-family:\"><a href=\"https:\/\/www.moveisdevalor.com.br\/portal\/producao-de-moveis-em-setembro-mostra-queda-menor-no-ano?source=news\" style=\"color:blue; text-decoration:underline\"><span style=\"font-size:14.0pt\">Produ&ccedil;&atilde;o de m&oacute;veis em setembro mostra queda menor no ano<\/span><\/a><\/span><\/span><\/span><\/p>\r\n\r\n<p style=\"text-align:justify\"><span style=\"font-size:11pt\"><span style=\"line-height:normal\"><span calibri=\"\" style=\"font-family:\"><a href=\"http:\/\/www.revistaanamaco.com.br\/desempenho-regular-na-industria-de-matcon2?utm_campaign=Revista+Anamaco+Online&amp;utm_content=Desempenho+regular+na+ind%C3%BAstria+de+matcon+-+Revista+Anamaco+%286%29&amp;utm_medium=email&amp;utm_source=EmailMarketing&amp;utm_term=Revista+Anamaco+Online-Newsletter%2381-2022\" style=\"color:blue; text-decoration:underline\"><span style=\"font-size:14.0pt\">Desempenho regular na ind&uacute;stria de matcon<\/span><\/a><\/span><\/span><\/span><\/p>\r\n\r\n<p style=\"text-align:justify\"><span style=\"font-size:11pt\"><span style=\"line-height:normal\"><span calibri=\"\" style=\"font-family:\"><a href=\"http:\/\/www.folhadoabc.com.br\/index.php\/secoes\/autos\/item\/24434-venda-de-veiculos-novos-cai-6-7-em-outubro\" style=\"color:blue; text-decoration:underline\"><span style=\"font-size:14.0pt\">Venda de ve&iacute;culos novos cai 6,7% em outubro<\/span><\/a><\/span><\/span><\/span><\/p>\r\n\r\n<p style=\"text-align:justify\"><span style=\"font-size:11pt\"><span style=\"line-height:normal\"><span calibri=\"\" style=\"font-family:\"><a href=\"https:\/\/cbic.org.br\/construcao-civil-deve-crescer-6-em-2022-diz-cbic\/\" style=\"color:blue; text-decoration:underline\"><span style=\"font-size:14.0pt\">Constru&ccedil;&atilde;o civil deve crescer 6% em 2022, diz CBIC<\/span><\/a><\/span><\/span><\/span><\/p>\r\n\r\n<p class=\"MsoTitle\" style=\"text-align:justify\"><span style=\"font-size:28pt\"><span cambria=\"\" style=\"font-family:\"><span style=\"letter-spacing:-0.5pt\"><b><span style=\"font-size:18.0pt\"><span calibri=\"\" style=\"font-family:\"><span style=\"font-variant:small-caps\">Sustentabilidade<\/span><\/span><\/span><\/b><\/span><\/span><\/span><\/p>\r\n\r\n<p style=\"text-align:justify\"><span style=\"font-size:11pt\"><span style=\"line-height:normal\"><span calibri=\"\" style=\"font-family:\"><a href=\"https:\/\/grandesconstrucoes.com.br\/Noticias\/Exibir\/economia-de-baixo-carbono-e-retomada-do-crescimento-sao-desafios-do-novo-governo?utm_source=akna&amp;utm_medium=email&amp;utm_campaign=Grandes-Construcoes-Informativo-836-03-11-2022&amp;utm_source=akna&amp;utm_medium=email&amp;utm_campaign=Grandes-Construcoes-Informativo-836-03-11-2022\" style=\"color:blue; text-decoration:underline\"><span style=\"font-size:14.0pt\">Economia de baixo carbono e retomada do crescimento s&atilde;o desafios do novo governo<\/span><\/a><\/span><\/span><\/span><\/p>\r\n\r\n<p style=\"text-align:justify\"><span style=\"font-size:11pt\"><span style=\"line-height:normal\"><span calibri=\"\" style=\"font-family:\"><a href=\"https:\/\/www.plastico.com.br\/tecnologia-de-reciclagem-quimica-converte-plasticos-por-pirolise\/?utm_campaign=newsletter_plastico_-_outubro_2022&amp;utm_medium=email&amp;utm_source=RD+Station\" style=\"color:blue; text-decoration:underline\"><span style=\"font-size:14.0pt\">Tecnologia de reciclagem qu&iacute;mica converte pl&aacute;sticos por pir&oacute;lise<\/span><\/a><\/span><\/span><\/span><\/p>\r\n\r\n<p style=\"text-align:justify\"><span style=\"font-size:11pt\"><span style=\"line-height:normal\"><span calibri=\"\" style=\"font-family:\"><a href=\"https:\/\/www.dw.com\/pt-br\/o-mito-t%C3%B3xico-e-fracassado-da-reciclagem-de-pl%C3%A1stico\/a-63656661\" style=\"color:blue; text-decoration:underline\"><span style=\"font-size:14.0pt\">O mito t&oacute;xico e fracassado da reciclagem de pl&aacute;stico<\/span><\/a><\/span><\/span><\/span><\/p>\r\n\r\n<p class=\"MsoTitle\" style=\"text-align:justify\"><span style=\"font-size:28pt\"><span cambria=\"\" style=\"font-family:\"><span style=\"letter-spacing:-0.5pt\"><b><span style=\"font-size:18.0pt\"><span calibri=\"\" style=\"font-family:\"><span style=\"font-variant:small-caps\">Inova&ccedil;&atilde;o<\/span><\/span><\/span><\/b><\/span><\/span><\/span><\/p>\r\n\r\n<p style=\"text-align:justify\"><span style=\"font-size:11pt\"><span style=\"line-height:normal\"><span calibri=\"\" style=\"font-family:\"><a href=\"https:\/\/noticias.portaldaindustria.com.br\/noticias\/inovacao-e-tecnologia\/inovacao-tecnologica-para-cadeias-de-plasticos-mais-circulares\/\" style=\"color:blue; text-decoration:underline\"><span style=\"font-size:14.0pt\">Inova&ccedil;&atilde;o tecnol&oacute;gica para cadeias de pl&aacute;sticos mais circulares<\/span><\/a><\/span><\/span><\/span><\/p>\r\n\r\n<p style=\"text-align:justify\"><span style=\"font-size:11pt\"><span style=\"line-height:normal\"><span calibri=\"\" style=\"font-family:\"><a href=\"http:\/\/textileindustry.ning.com\/forum\/topics\/conhe-a-setores-que-podem-ser-impactados-pelo-uso-do-c-nhamo\" style=\"color:blue; text-decoration:underline\"><span style=\"font-size:14.0pt\">Conhe&ccedil;a setores que podem ser impactados pelo uso do C&acirc;nhamo Industrial<\/span><\/a><\/span><\/span><\/span><\/p>\r\n\r\n<p style=\"text-align:justify\"><span style=\"font-size:11pt\"><span style=\"line-height:normal\"><span calibri=\"\" style=\"font-family:\"><span class=\"MsoHyperlink\" style=\"color:blue\"><span style=\"text-decoration:underline\"><span style=\"font-size:14.0pt\"><a href=\"https:\/\/www.innovationintextiles.com\/fibres-yarns-fabrics\/new-route-to-multifunctional-textiles-with-graphene-nanotubes\/\" style=\"color:blue; text-decoration:underline\">New route to multifunctional textiles with graphene nanotubes<\/a><\/span><\/span><\/span><\/span><\/span><\/span><\/p>\r\n\r\n<p class=\"MsoTitleCxSpLast\" style=\"text-align:justify\"><span style=\"font-size:28pt\"><span cambria=\"\" style=\"font-family:\"><span style=\"letter-spacing:-0.5pt\"><b><span style=\"font-size:18.0pt\"><span calibri=\"\" style=\"font-family:\"><span style=\"font-variant:small-caps\">Com&eacute;rcio Exterior<\/span><\/span><\/span><\/b><\/span><\/span><\/span><\/p>\r\n\r\n<p style=\"text-align:justify\"><span style=\"font-size:11pt\"><span style=\"line-height:normal\"><span calibri=\"\" style=\"font-family:\"><a href=\"https:\/\/www.martinbehrend.com.br\/noticias\/noticia\/id\/12334\/titulo\/exportacoes-de-calcados-superam-um-bilhao-de-dolares-em-2022-mas-tem-alerta-de-desaceleracao\" style=\"color:blue; text-decoration:underline\"><span style=\"font-size:14.0pt\">Exporta&ccedil;&otilde;es de cal&ccedil;ados superam um bilh&atilde;o de d&oacute;lares em 2022, mas tem alerta de desacelera&ccedil;&atilde;o<\/span><\/a><\/span><\/span><\/span><\/p>\r\n\r\n<p style=\"text-align:justify\"><span style=\"font-size:11pt\"><span style=\"line-height:normal\"><span calibri=\"\" style=\"font-family:\"><a href=\"http:\/\/abimovel.com\/exportacoes-de-moveis-e-colchoes-brasileiros-crescem-acima-da-media-global-nos-ultimos-cinco-anos\/?utm_campaign=exportacoes_de_moveis_e_colchoes_brasileiros_crescem_acima_da_media_global_nos_ultimos_cinco_anos&amp;utm_medium=email&amp;utm_source=RD+Station\" style=\"color:blue; text-decoration:underline\"><span style=\"font-size:14.0pt\">Exporta&ccedil;&otilde;es de m&oacute;veis e colch&otilde;es brasileiros crescem acima da m&eacute;dia global nos &uacute;ltimos cinco anos<\/span><\/a><\/span><\/span><\/span><\/p>\r\n\r\n<p style=\"text-align:justify\"><span style=\"font-size:11pt\"><span style=\"line-height:normal\"><span calibri=\"\" style=\"font-family:\"><a href=\"https:\/\/inteligencia-dados.fiesp.com.br\/defesa-comercial\/index.html?utm_source=EMKT&amp;utm_medium=EMKT&amp;utm_campaign=Lan%C3%A7amento+Painel+Defesa+Comercial&amp;utm_id=Lan%C3%A7amento+Painel+Defesa+Comercial&amp;\" style=\"color:blue; text-decoration:underline\"><span style=\"font-size:14.0pt\">FIESP | Painel Defesa Comercial<\/span><\/a><\/span><\/span><\/span><\/p>\r\n\r\n<p class=\"MsoTitle\" style=\"text-align:justify\"><span style=\"font-size:28pt\"><span cambria=\"\" style=\"font-family:\"><span style=\"letter-spacing:-0.5pt\"><b><span style=\"font-size:18.0pt\"><span calibri=\"\" style=\"font-family:\"><span style=\"font-variant:small-caps\">Economia<\/span><\/span><\/span><\/b><\/span><\/span><\/span><\/p>\r\n\r\n<p style=\"text-align:justify\"><span style=\"font-size:11pt\"><span style=\"line-height:normal\"><span calibri=\"\" style=\"font-family:\"><a href=\"https:\/\/www.bcb.gov.br\/content\/focus\/focus\/R20221104.pdf\" style=\"color:blue; text-decoration:underline\"><span style=\"font-size:14.0pt\">Focus - Relat&oacute;rio de Mercado<\/span><\/a><\/span><\/span><\/span><\/p>\r\n\r\n<p style=\"text-align:justify\"><span style=\"font-size:11pt\"><span style=\"line-height:normal\"><span calibri=\"\" style=\"font-family:\"><a href=\"https:\/\/agenciadenoticias.ibge.gov.br\/agencia-noticias\/2012-agencia-de-noticias\/noticias\/35349-com-servicos-afetados-pela-pandemia-pib-de-2020-cai-3-3\" style=\"color:blue; text-decoration:underline\"><span style=\"font-size:14.0pt\">Com servi&ccedil;os afetados pela pandemia, PIB de 2020 cai 3,3%<\/span><\/a><\/span><\/span><\/span><\/p>\r\n\r\n<p style=\"text-align:justify\"><span style=\"font-size:11pt\"><span style=\"line-height:normal\"><span calibri=\"\" style=\"font-family:\"><a href=\"https:\/\/agenciabrasil.ebc.com.br\/economia\/noticia\/2022-11\/mercado-financeiro-eleva-projecao-da-inflacao-de-561-para-563\" style=\"color:blue; text-decoration:underline\"><span style=\"font-size:14.0pt\">Mercado financeiro eleva proje&ccedil;&atilde;o da infla&ccedil;&atilde;o de 5,61% para 5,63%<\/span><\/a><\/span><\/span><\/span><\/p>\r\n\r\n<p style=\"text-align:justify\"><span style=\"font-size:11pt\"><span style=\"line-height:normal\"><span calibri=\"\" style=\"font-family:\"><a href=\"https:\/\/portalibre.fgv.br\/sites\/default\/files\/2022-11\/apresentacao-sintese-das-sondagens-outubro2022.pdf\" style=\"color:blue; text-decoration:underline\"><span style=\"font-size:14.0pt\">FGV IBRE | Indicadores de Sentimento: Confian&ccedil;a e Incerteza<\/span><\/a><\/span><\/span><\/span><\/p>\r\n\r\n<p style=\"text-align:justify\"><span style=\"font-size:11pt\"><span style=\"line-height:normal\"><span calibri=\"\" style=\"font-family:\"><a href=\"https:\/\/portalibre.fgv.br\/sites\/default\/files\/2022-10\/indice-de-confianca-empresarial-fgv_press-release_out22_0.pdf\" style=\"color:blue; text-decoration:underline\"><span style=\"font-size:14.0pt\">FGV IBRE | &Iacute;ndice de Confian&ccedil;a Empresarial (ICE)<\/span><\/a><\/span><\/span><\/span><\/p>\r\n\r\n<p style=\"text-align:justify\"><span style=\"font-size:11pt\"><span style=\"line-height:normal\"><span calibri=\"\" style=\"font-family:\"><a href=\"https:\/\/portalibre.fgv.br\/sites\/default\/files\/2022-11\/indicadores-de-mercado-de-trabalho-fgv_press-release_out22_0.pdf\" style=\"color:blue; text-decoration:underline\"><span style=\"font-size:14.0pt\">FGV IBRE | Indicador Antecedente de Emprego (IAEmp)<\/span><\/a><\/span><\/span><\/span><\/p>\r\n","texto_en":"","7":"","imagem":"COMP_banner-padrao-home-destaques-boletim_202211181934549CMpd7ZFkx.jpg","8":"COMP_banner-padrao-home-destaques-boletim_202211181934549CMpd7ZFkx.jpg","arquivo":"20221108-NOTICIAS-SEMANAIS.PDF","9":"20221108-NOTICIAS-SEMANAIS.PDF","titulo_arquivo":"","10":"","titulo_arquivo_en":"","11":"","created_at":"2022-11-18 19:35:12","12":"2022-11-18 19:35:12","updated_at":"2022-11-18 19:35:12","13":"2022-11-18 19:35:12"},{"id":41,"0":41,"ordem":182,"1":182,"data":"2022-11-01","2":"2022-11-01","slug":"boletim-de-noticias-semanais-38","3":"boletim-de-noticias-semanais-38","titulo":"Boletim de Not\u00edcias Semanais","4":"Boletim de Not\u00edcias Semanais","titulo_en":"","5":"","texto":"<p style=\"text-align:justify\"><span style=\"font-size:11pt\"><span style=\"line-height:normal\"><span style=\"font-family:&quot;Calibri&quot;,sans-serif\"><span style=\"font-size:14.0pt\">Esta &eacute; uma compila&ccedil;&atilde;o das not&iacute;cias mais relevantes para o setor, incluindo informa&ccedil;&otilde;es sobre acordos internacionais, economia brasileira, sustentabilidade e mat&eacute;rias primas, al&eacute;m de novidades do setor de N&atilde;otecidos e Tecidos T&eacute;cnicos.<\/span><\/span><\/span><\/span><\/p>\r\n\r\n<p class=\"MsoTitleCxSpLast\" style=\"text-align:justify\"><span style=\"font-size:28pt\"><span style=\"font-family:&quot;Cambria&quot;,serif\"><span style=\"letter-spacing:-0.5pt\"><b><span style=\"font-size:18.0pt\"><span style=\"font-family:&quot;Calibri&quot;,sans-serif\"><span style=\"font-variant:small-caps\">A&ccedil;&otilde;es da ABINT<\/span><\/span><\/span><\/b><\/span><\/span><\/span><\/p>\r\n\r\n<p style=\"text-align:justify\"><span style=\"font-size:11pt\"><span style=\"line-height:normal\"><span style=\"font-family:&quot;Calibri&quot;,sans-serif\"><a href=\"http:\/\/www.revistaplasticosul.com.br\/transformacao-aplicacoes\/abint-anuncia-nova-diretoria%EF%BF%BC\/\" style=\"color:blue; text-decoration:underline\"><b><span style=\"font-size:14.0pt\">ABINT anuncia nova diretoria<\/span><\/b><\/a><\/span><\/span><\/span><\/p>\r\n\r\n<p style=\"text-align:justify\"><span style=\"font-size:11pt\"><span style=\"line-height:normal\"><span style=\"font-family:&quot;Calibri&quot;,sans-serif\"><b><span style=\"font-size:14.0pt\"><img src=\"https:\/\/www.abint.org.br\/assets\/img\/editor\/congresso-internacional-abit-2022_20221118192231P8qWbExZMz.png\" \/><\/span><\/b><\/span><\/span><\/span><\/p>\r\n\r\n<p style=\"text-align:justify\"><span class=\"MsoHyperlink\" style=\"color:blue\"><span style=\"text-decoration:underline\"><b><span style=\"font-size:14.0pt\"><span style=\"line-height:115%\"><span style=\"font-family:&quot;Calibri&quot;,sans-serif\"><span style=\"text-decoration:none\"><span style=\"text-underline:none\">A ABINT &eacute; uma das patrocinadoras do Congresso Internacional ABIT 2022<\/span><\/span><\/span><\/span><\/span><\/b><\/span><\/span><span class=\"MsoHyperlink\" style=\"color:blue\"><span style=\"text-decoration:underline\"><span style=\"font-size:14.0pt\"><span style=\"line-height:115%\"><span style=\"font-family:&quot;Calibri&quot;,sans-serif\"><span style=\"text-decoration:none\"><span style=\"text-underline:none\">, evento 100% presencial, que ocorrer&aacute; dias <b>03 e 04 de novembro<\/b>, em Belo Horizonte, MG. <\/span><\/span><\/span><\/span><\/span><\/span><\/span><span style=\"font-size:11.0pt\"><span style=\"line-height:115%\"><span style=\"font-family:&quot;Calibri&quot;,sans-serif\"><a href=\"https:\/\/www.congressoabit.com.br\/\" style=\"color:blue; text-decoration:underline\"><span style=\"font-size:14.0pt\"><span style=\"line-height:115%\">Informa&ccedil;&otilde;es<\/span><\/span><\/a><\/span><\/span><\/span><\/p>\r\n\r\n<p style=\"text-align:justify\">&nbsp;<\/p>\r\n\r\n<p style=\"text-align:justify\"><img height=\"319\" src=\"https:\/\/www.abint.org.br\/assets\/img\/editor\/partnerkit-conahp-retangular-cth-abint_20221118192414IoYuNK2bu2.png\" width=\"564\" \/><\/p>\r\n\r\n<p style=\"text-align:justify\"><span class=\"MsoHyperlink\" style=\"color:blue\"><span style=\"text-decoration:underline\"><span style=\"font-size:14.0pt\"><span style=\"line-height:115%\"><span style=\"font-family:&quot;Calibri&quot;,sans-serif\"><span style=\"text-decoration:none\"><span style=\"text-underline:none\">O <b>CTH ABINT<\/b> &eacute; patrocinador do <b>CONAHP 2022 - Congresso Nacional de Hospitais Privados<\/b>, evento que ocorrer&aacute; <b>presencialmente nos dias 10 e 11 de novembro, Transam&eacute;rica Expo Center<\/b>, S&atilde;o Paulo, SP. <\/span><\/span><\/span><\/span><\/span><\/span><\/span><span style=\"font-size:11.0pt\"><span style=\"line-height:115%\"><span style=\"font-family:&quot;Calibri&quot;,sans-serif\"><a href=\"https:\/\/conahp.org.br\/2022\/\" style=\"color:blue; text-decoration:underline\"><span style=\"font-size:14.0pt\"><span style=\"line-height:115%\">Informa&ccedil;&otilde;es <\/span><\/span><\/a><\/span><\/span><\/span><\/p>\r\n\r\n<p style=\"text-align:justify\">&nbsp;<\/p>\r\n\r\n<p style=\"text-align:justify\"><img height=\"570\" src=\"https:\/\/www.abint.org.br\/assets\/img\/editor\/premio-tcc-ic-2023-arte-1_20221118192502rJuUyQXbjH.png\" width=\"570\" \/><\/p>\r\n\r\n<p style=\"text-align:justify\">&nbsp;<\/p>\r\n\r\n<p style=\"text-align:justify\"><span style=\"font-size:11pt\"><span style=\"line-height:normal\"><span style=\"font-family:&quot;Calibri&quot;,sans-serif\"><b><span style=\"font-size:18.0pt\"><span style=\"font-variant:small-caps\">Eventos<\/span><\/span><\/b><\/span><\/span><\/span><\/p>\r\n\r\n<p style=\"text-align:justify\"><span style=\"font-size:11pt\"><span style=\"line-height:normal\"><span style=\"font-family:&quot;Calibri&quot;,sans-serif\"><span class=\"MsoHyperlink\" style=\"color:blue\"><span style=\"text-decoration:underline\"><b><span style=\"font-size:14.0pt\"><span style=\"text-decoration:none\"><span style=\"text-underline:none\">Innovate: Zero Carbon, Textiles&#39; journey to zero carbon<\/span><\/span><\/span><\/b><\/span><\/span><\/span><\/span><\/span><\/p>\r\n\r\n<p style=\"text-align:justify\"><span style=\"font-size:11pt\"><span style=\"line-height:normal\"><span style=\"font-family:&quot;Calibri&quot;,sans-serif\"><span class=\"MsoHyperlink\" style=\"color:blue\"><span style=\"text-decoration:underline\"><span style=\"font-size:14.0pt\"><span style=\"text-decoration:none\"><span style=\"text-underline:none\">When: 1-3 Nov 2022<\/span><\/span><\/span><\/span><\/span><\/span><\/span><\/span><\/p>\r\n\r\n<p style=\"text-align:justify\"><span style=\"font-size:11pt\"><span style=\"line-height:normal\"><span style=\"font-family:&quot;Calibri&quot;,sans-serif\"><span class=\"MsoHyperlink\" style=\"color:blue\"><span style=\"text-decoration:underline\"><span style=\"font-size:14.0pt\"><span style=\"text-decoration:none\"><span style=\"text-underline:none\">What time: 13:00&ndash;17:00 UTC \/ 9:00&ndash;13:00 EDT<\/span><\/span><\/span><\/span><\/span><\/span><\/span><\/span><\/p>\r\n\r\n<p style=\"text-align:justify\"><span style=\"font-size:11pt\"><span style=\"line-height:normal\"><span style=\"font-family:&quot;Calibri&quot;,sans-serif\"><span class=\"MsoHyperlink\" style=\"color:blue\"><span style=\"text-decoration:underline\"><span style=\"font-size:14.0pt\"><span style=\"text-decoration:none\"><span style=\"text-underline:none\">Where: Virtual, <\/span><\/span><\/span><\/span><\/span><a href=\"https:\/\/events.wtin.com\/event\/f5bac4f2-d902-41ba-9153-a4d80622877c\/summary\" style=\"color:blue; text-decoration:underline\"><span style=\"font-size:14.0pt\">events.wtin.com\/innovate<\/span><\/a><\/span><\/span><\/span><\/p>\r\n\r\n<p style=\"text-align:justify\"><span style=\"font-size:11pt\"><span style=\"line-height:normal\"><span style=\"font-family:&quot;Calibri&quot;,sans-serif\"><b><span style=\"font-size:14.0pt\">FIESP | WEBINAR &ndash; Novos procedimentos do IBAMA sobre produtos remediadores destinados a remedia&ccedil;&atilde;o de &aacute;reas contaminadas<\/span><\/b><span style=\"font-size:14.0pt\">, 03 de novembro, 10h00 &agrave;s 12h00. <\/span><a href=\"https:\/\/www.fiesp.com.br\/agenda\/webinar-novos-procedimentos-do-ibama-sobre-produtos-remediadores-destinados-a-remediacao-de-areas-contaminadas\/\" style=\"color:blue; text-decoration:underline\"><span style=\"font-size:14.0pt\">Informa&ccedil;&otilde;es<\/span><\/a><\/span><\/span><\/span><\/p>\r\n\r\n<p style=\"text-align:justify\"><span style=\"font-size:11pt\"><span style=\"line-height:normal\"><span style=\"font-family:&quot;Calibri&quot;,sans-serif\"><b><span style=\"font-size:14.0pt\">FIESP | Encontro Research to Business Brazil-Italy<\/span><\/b><span style=\"font-size:14.0pt\">, 04 de novembro, 08h30 &agrave;s 12h00. <\/span><a href=\"https:\/\/www.fiesp.com.br\/agenda\/encontro-research-to-business-brazil-italy\/\" style=\"color:blue; text-decoration:underline\"><span style=\"font-size:14.0pt\">Informa&ccedil;&otilde;es<\/span><\/a><\/span><\/span><\/span><\/p>\r\n\r\n<p style=\"text-align:justify\"><span style=\"font-size:11pt\"><span style=\"line-height:normal\"><span style=\"font-family:&quot;Calibri&quot;,sans-serif\"><b><span style=\"font-size:14.0pt\">FIESP | Workshop Regionaliza&ccedil;&atilde;o do Saneamento<\/span><\/b><span style=\"font-size:14.0pt\">, 09 de novembro. <\/span><a href=\"https:\/\/www.fiesp.com.br\/agenda\/workshop-regionalizacao-do-saneamento\/?utm_source=EMKT&amp;utm_medium=EMKT&amp;utm_campaign=WORKSHOP+DE+SANEAMENTO+B%C3%81SICO+-+PROGRAMA%C3%87%C3%83O&amp;utm_id=WORKSHOP+DE+SANEAMENTO+B%C3%81SICO+-+PROGRAMA%C3%87%C3%83O\" style=\"color:blue; text-decoration:underline\"><span style=\"font-size:14.0pt\">Informa&ccedil;&otilde;es<\/span><\/a> <\/span><\/span><\/span><\/p>\r\n\r\n<p style=\"text-align:justify\"><span style=\"font-size:11pt\"><span style=\"line-height:normal\"><span style=\"font-family:&quot;Calibri&quot;,sans-serif\"><b><span style=\"font-size:14.0pt\">Semin&aacute;rio Apex-Brasil: &quot;Como fazer neg&oacute;cios com a ONU&quot;<\/span><\/b><span style=\"font-size:14.0pt\">, 22 de novembro. <\/span><a href=\"https:\/\/crm-apps.apexbrasil.com.br\/orgbdeab873\/inscricao-eventos\/evento\/seminario-como-fazer-negocios-com-a-onu\/fe2ec5b6-8ae7-4b08-90df-832d0dc32a55?utm_campaign=divulgacao_como_fazer_negocios_com_a_onu&amp;utm_medium=email&amp;utm_source=EMarketing\" style=\"color:blue; text-decoration:underline\"><span style=\"font-size:14.0pt\">Informa&ccedil;&otilde;es<\/span><\/a><\/span><\/span><\/span><\/p>\r\n\r\n<p class=\"MsoTitle\" style=\"text-align:justify\"><span style=\"font-size:28pt\"><span style=\"font-family:&quot;Cambria&quot;,serif\"><span style=\"letter-spacing:-0.5pt\"><b><span style=\"font-size:18.0pt\"><span style=\"font-family:&quot;Calibri&quot;,sans-serif\"><span style=\"font-variant:small-caps\">Setor<\/span><\/span><\/span><\/b><\/span><\/span><\/span><\/p>\r\n\r\n<p style=\"text-align:justify\"><span style=\"font-size:11pt\"><span style=\"line-height:normal\"><span style=\"font-family:&quot;Calibri&quot;,sans-serif\"><a href=\"https:\/\/agriculturaemar.com\/alltech-crop-science-gonzalez-byass-e-fitesa-firmam-parceria-planet-of-plenty\/\" style=\"color:blue; text-decoration:underline\"><span style=\"font-size:14.0pt\">Alltech Crop Science, Gonz&aacute;lez Byass e Fitesa firmam parceria Planet of Plenty<\/span><\/a><\/span><\/span><\/span><\/p>\r\n\r\n<p style=\"text-align:justify\"><span style=\"font-size:11pt\"><span style=\"line-height:normal\"><span style=\"font-family:&quot;Calibri&quot;,sans-serif\"><a href=\"https:\/\/www.textiletechnology.net\/technical-textiles\/news\/freudenberg-pm-sustainable-apparel-solutions-33044?utm_source=%2Fmeta%2Fnewsletter%2Fnewsletter&amp;utm_medium=newsletter&amp;utm_campaign=nl1000&amp;utm_term=0801b20e08c3242125d512808cd74302\" style=\"color:blue; text-decoration:underline\"><span style=\"font-size:14.0pt\">Freudenberg PM: Sustainable Apparel Solutions<\/span><\/a><\/span><\/span><\/span><\/p>\r\n\r\n<p style=\"text-align:justify\"><span style=\"font-size:11pt\"><span style=\"line-height:normal\"><span style=\"font-family:&quot;Calibri&quot;,sans-serif\"><a href=\"https:\/\/www.nonwovens-industry.com\/contents\/view_breaking-news\/2022-10-27\/freudenberg-launches-elastic-wound-dressing?utm_campaign=NON+eNewsletter&amp;utm_medium=email&amp;_hsmi=231518193&amp;_hsenc=p2ANqtz-_RaaRu_u9cP6surjXLNlW74qaaMBI2ZuLVudkofrldvqbFqm_KTPqQdffqfrlHDPnEB6Zupi4DSuGmgktg-IEcLU6nKA&amp;utm_content=231518193&amp;utm_source=hs_email\" style=\"color:blue; text-decoration:underline\"><span style=\"font-size:14.0pt\">Freudenberg Launches Elastic Wound Dressing<\/span><\/a><\/span><\/span><\/span><\/p>\r\n\r\n<p style=\"text-align:justify\"><span style=\"font-size:11pt\"><span style=\"line-height:normal\"><span style=\"font-family:&quot;Calibri&quot;,sans-serif\"><a href=\"https:\/\/s3.sa-east-1.amazonaws.com\/abit-files.abit.org.br\/site\/revista_abitreview\/ed04\/n2_abit_review_ed04-out2022.pdf\" style=\"color:blue; text-decoration:underline\"><span style=\"font-size:14.0pt\">Abit Review edi&ccedil;&atilde;o 04<\/span><\/a><\/span><\/span><\/span><\/p>\r\n\r\n<p class=\"MsoTitle\" style=\"text-align:justify\"><span style=\"font-size:28pt\"><span style=\"font-family:&quot;Cambria&quot;,serif\"><span style=\"letter-spacing:-0.5pt\"><b><span style=\"font-size:18.0pt\"><span style=\"font-family:&quot;Calibri&quot;,sans-serif\"><span style=\"font-variant:small-caps\">Ind&uacute;stria<\/span><\/span><\/span><\/b><\/span><\/span><\/span><\/p>\r\n\r\n<p style=\"text-align:justify\"><span style=\"font-size:11pt\"><span style=\"line-height:normal\"><span style=\"font-family:&quot;Calibri&quot;,sans-serif\"><a href=\"https:\/\/www.autodata.com.br\/noticias\/2022\/10\/24\/crescer-5-e-o-minimo-projeta-a-anfavea\/47519\/\" style=\"color:blue; text-decoration:underline\"><span style=\"font-size:14.0pt\">Crescer 5% &eacute; o m&iacute;nimo, projeta a Anfavea<\/span><\/a><\/span><\/span><\/span><\/p>\r\n\r\n<p style=\"text-align:justify\"><span style=\"font-size:11pt\"><span style=\"line-height:normal\"><span style=\"font-family:&quot;Calibri&quot;,sans-serif\"><a href=\"https:\/\/grandesconstrucoes.com.br\/Noticias\/Exibir\/custo-da-construcao-civil-desacelera-em-outubro-e-fecha-mes-em-004\" style=\"color:blue; text-decoration:underline\"><span style=\"font-size:14.0pt\">Custo da constru&ccedil;&atilde;o civil desacelera em outubro e fecha m&ecirc;s em 0,04%<\/span><\/a><\/span><\/span><\/span><\/p>\r\n\r\n<p style=\"text-align:justify\"><span style=\"font-size:11pt\"><span style=\"line-height:normal\"><span style=\"font-family:&quot;Calibri&quot;,sans-serif\"><a href=\"https:\/\/grandesconstrucoes.com.br\/Noticias\/Exibir\/concessoes-rodoviarias-podem-ser-ampliadas-em-84-mil-quilometros\" style=\"color:blue; text-decoration:underline\"><span style=\"font-size:14.0pt\">Concess&otilde;es rodovi&aacute;rias podem ser ampliadas em 8,4 mil quil&ocirc;metros<\/span><\/a><\/span><\/span><\/span><\/p>\r\n\r\n<p style=\"text-align:justify\"><span style=\"font-size:11pt\"><span style=\"line-height:normal\"><span style=\"font-family:&quot;Calibri&quot;,sans-serif\"><a href=\"https:\/\/almaco.org.br\/2022\/10\/27\/o-que-esperar-do-setor-industrial-brasileiro-nos-proximos-anos-pos-eleicao\/\" style=\"color:blue; text-decoration:underline\"><span style=\"font-size:14.0pt\">O que esperar do setor industrial brasileiro nos pr&oacute;ximos anos p&oacute;s elei&ccedil;&atilde;o<\/span><\/a><\/span><\/span><\/span><\/p>\r\n\r\n<p style=\"text-align:justify\"><span style=\"font-size:11pt\"><span style=\"line-height:normal\"><span style=\"font-family:&quot;Calibri&quot;,sans-serif\"><a href=\"https:\/\/agenciabrasil.ebc.com.br\/economia\/noticia\/2022-11\/confianca-do-empresario-cai-33-pontos-em-outubro-diz-fgv\" style=\"color:blue; text-decoration:underline\"><span style=\"font-size:14.0pt\">Confian&ccedil;a do empres&aacute;rio cai 3,3 pontos em outubro, diz FGV<\/span><\/a><\/span><\/span><\/span><\/p>\r\n\r\n<p style=\"text-align:justify\"><span style=\"font-size:11pt\"><span style=\"line-height:normal\"><span style=\"font-family:&quot;Calibri&quot;,sans-serif\"><a href=\"https:\/\/agenciabrasil.ebc.com.br\/economia\/noticia\/2022-11\/producao-industrial-cai-07-em-setembro-diz-ibge\" style=\"color:blue; text-decoration:underline\"><span style=\"font-size:14.0pt\">Produ&ccedil;&atilde;o industrial cai 0,7% em setembro, diz IBGE<\/span><\/a><\/span><\/span><\/span><\/p>\r\n\r\n<p class=\"MsoTitle\" style=\"text-align:justify\"><span style=\"font-size:28pt\"><span style=\"font-family:&quot;Cambria&quot;,serif\"><span style=\"letter-spacing:-0.5pt\"><b><span style=\"font-size:18.0pt\"><span style=\"font-family:&quot;Calibri&quot;,sans-serif\"><span style=\"font-variant:small-caps\">Sustentabilidade<\/span><\/span><\/span><\/b><\/span><\/span><\/span><\/p>\r\n\r\n<p style=\"text-align:justify\"><span style=\"font-size:11pt\"><span style=\"line-height:normal\"><span style=\"font-family:&quot;Calibri&quot;,sans-serif\"><a href=\"https:\/\/www.gov.br\/ana\/pt-br\/assuntos\/noticias-e-eventos\/noticias\/ana-assina-acordo-com-instituto-rui-barbosa-para-capacitacao-de-tribunais-de-contas-em-saneamento-basico\" style=\"color:blue; text-decoration:underline\"><span style=\"font-size:14.0pt\">ANA assina acordo com Instituto Rui Barbosa para capacita&ccedil;&atilde;o de tribunais de contas em saneamento b&aacute;sico<\/span><\/a><\/span><\/span><\/span><\/p>\r\n\r\n<p style=\"text-align:justify\"><span style=\"font-size:11pt\"><span style=\"line-height:normal\"><span style=\"font-family:&quot;Calibri&quot;,sans-serif\"><a href=\"https:\/\/grandesconstrucoes.com.br\/Noticias\/Exibir\/brasil-e-argentina-fecham-parceria-para-intercambio-de-boas-praticas-em-saneamento-basico\" style=\"color:blue; text-decoration:underline\"><span style=\"font-size:14.0pt\">Brasil e Argentina fecham parceria para interc&acirc;mbio de boas pr&aacute;ticas em saneamento b&aacute;sico<\/span><\/a><\/span><\/span><\/span><\/p>\r\n\r\n<p style=\"text-align:justify\"><span style=\"font-size:11pt\"><span style=\"line-height:normal\"><span style=\"font-family:&quot;Calibri&quot;,sans-serif\"><a href=\"https:\/\/www.innovationintextiles.com\/industry-talk\/trex-latest-eu-recycling-initiative\/\" style=\"color:blue; text-decoration:underline\"><span style=\"font-size:14.0pt\">T-REX &ndash; latest EU recycling initiative<\/span><\/a><\/span><\/span><\/span><\/p>\r\n\r\n<p class=\"MsoTitle\" style=\"text-align:justify\"><span style=\"font-size:28pt\"><span style=\"font-family:&quot;Cambria&quot;,serif\"><span style=\"letter-spacing:-0.5pt\"><b><span style=\"font-size:18.0pt\"><span style=\"font-family:&quot;Calibri&quot;,sans-serif\"><span style=\"font-variant:small-caps\">Inova&ccedil;&atilde;o<\/span><\/span><\/span><\/b><\/span><\/span><\/span><\/p>\r\n\r\n<p style=\"text-align:justify\"><span style=\"font-size:11pt\"><span style=\"line-height:normal\"><span style=\"font-family:&quot;Calibri&quot;,sans-serif\"><span class=\"MsoHyperlink\" style=\"color:blue\"><span style=\"text-decoration:underline\"><span style=\"font-size:14.0pt\"><a href=\"https:\/\/noticias.portaldaindustria.com.br\/noticias\/inovacao-e-tecnologia\/inovacao-tecnologica-para-cadeias-de-plasticos-mais-circulares\/\" style=\"color:blue; text-decoration:underline\">Inova&ccedil;&atilde;o tecnol&oacute;gica para cadeias de pl&aacute;sticos mais circulares<\/a><\/span><\/span><\/span><\/span><\/span><\/span><\/p>\r\n\r\n<p style=\"text-align:justify\"><span style=\"font-size:11pt\"><span style=\"line-height:normal\"><span style=\"font-family:&quot;Calibri&quot;,sans-serif\"><span class=\"MsoHyperlink\" style=\"color:blue\"><span style=\"text-decoration:underline\"><span style=\"font-size:14.0pt\"><a href=\"https:\/\/veja.abril.com.br\/saude\/brasileiros-desenvolvem-materiais-que-inativam-virus-da-covid\/\" style=\"color:blue; text-decoration:underline\">Brasileiros desenvolvem materiais que inativam v&iacute;rus da Covid<\/a><\/span><\/span><\/span><\/span><\/span><\/span><\/p>\r\n\r\n<p style=\"text-align:justify\"><span style=\"font-size:11pt\"><span style=\"line-height:normal\"><span style=\"font-family:&quot;Calibri&quot;,sans-serif\"><span class=\"MsoHyperlink\" style=\"color:blue\"><span style=\"text-decoration:underline\"><span style=\"font-size:14.0pt\"><a href=\"https:\/\/www.innovationintextiles.com\/coating-laminating-bonding\/project-explores-plantbased-additives-for-ppe\/\" style=\"color:blue; text-decoration:underline\">Project explores plant-based additives for PPE<\/a><\/span><\/span><\/span><\/span><\/span><\/span><\/p>\r\n\r\n<p style=\"text-align:justify\"><span style=\"font-size:11pt\"><span style=\"line-height:normal\"><span style=\"font-family:&quot;Calibri&quot;,sans-serif\"><span class=\"MsoHyperlink\" style=\"color:blue\"><span style=\"text-decoration:underline\"><span style=\"font-size:14.0pt\"><a href=\"https:\/\/www.inovacaotecnologica.com.br\/noticias\/noticia.php?artigo=plastico-inteligente&amp;id=010160221026&amp;ebol=sim\" style=\"color:blue; text-decoration:underline\">Pl&aacute;stico inteligente junta m&uacute;ltiplas propriedades no mesmo material<\/a><\/span><\/span><\/span><\/span><\/span><\/span><\/p>\r\n\r\n<p class=\"MsoTitleCxSpLast\" style=\"text-align:justify\"><span style=\"font-size:28pt\"><span style=\"font-family:&quot;Cambria&quot;,serif\"><span style=\"letter-spacing:-0.5pt\"><b><span style=\"font-size:18.0pt\"><span style=\"font-family:&quot;Calibri&quot;,sans-serif\"><span style=\"font-variant:small-caps\">Com&eacute;rcio Exterior<\/span><\/span><\/span><\/b><\/span><\/span><\/span><\/p>\r\n\r\n<p style=\"text-align:justify\"><span style=\"font-size:11pt\"><span style=\"line-height:normal\"><span style=\"font-family:&quot;Calibri&quot;,sans-serif\"><a href=\"https:\/\/www.infomoney.com.br\/economia\/bens-primarios-representaram-78-das-exportacoes-do-mercosul-para-a-ue-em-2021\/\" style=\"color:blue; text-decoration:underline\"><span style=\"font-size:14.0pt\">Bens prim&aacute;rios representaram 78% das exporta&ccedil;&otilde;es do Mercosul para a UE em 2021<\/span><\/a><\/span><\/span><\/span><\/p>\r\n\r\n<p style=\"text-align:justify\"><span style=\"font-size:11pt\"><span style=\"line-height:normal\"><span style=\"font-family:&quot;Calibri&quot;,sans-serif\"><a href=\"https:\/\/static.portaldaindustria.com.br\/media\/filer_public\/94\/52\/9452f146-eef3-484b-a6e8-6872ab415ec4\/informepoliticacomercial_22_09_bpr_protocolo_br-eua.pdf\" style=\"color:blue; text-decoration:underline\"><span style=\"font-size:14.0pt\">Decreto regulamenta os compromissos sobre Boas Pr&aacute;ticas Regulat&oacute;rias firmados entre Brasil e Estados Unidos<\/span><\/a><\/span><\/span><\/span><\/p>\r\n\r\n<p style=\"text-align:justify\"><span style=\"font-size:11pt\"><span style=\"line-height:normal\"><span style=\"font-family:&quot;Calibri&quot;,sans-serif\"><a href=\"https:\/\/www.fibre2fashion.com\/news\/textile-news\/china-s-new-policies-to-promote-foreign-investment-in-manufacturing-283785-newsdetails.htm\" style=\"color:blue; text-decoration:underline\"><span style=\"font-size:14.0pt\">China&#39;s new policies to promote foreign investment in manufacturing<\/span><\/a><\/span><\/span><\/span><\/p>\r\n\r\n<p class=\"MsoTitle\" style=\"text-align:justify\"><span style=\"font-size:28pt\"><span style=\"font-family:&quot;Cambria&quot;,serif\"><span style=\"letter-spacing:-0.5pt\"><b><span style=\"font-size:18.0pt\"><span style=\"font-family:&quot;Calibri&quot;,sans-serif\"><span style=\"font-variant:small-caps\">Economia<\/span><\/span><\/span><\/b><\/span><\/span><\/span><\/p>\r\n\r\n<p style=\"text-align:justify\"><span style=\"font-size:11pt\"><span style=\"line-height:normal\"><span style=\"font-family:&quot;Calibri&quot;,sans-serif\"><a href=\"https:\/\/www.bcb.gov.br\/content\/focus\/focus\/R20221007.pdf\" style=\"color:blue; text-decoration:underline\"><span style=\"font-size:14.0pt\">Focus - Relat&oacute;rio de Mercado<\/span><\/a><\/span><\/span><\/span><\/p>\r\n\r\n<p style=\"text-align:justify\"><span style=\"font-size:11pt\"><span style=\"line-height:normal\"><span style=\"font-family:&quot;Calibri&quot;,sans-serif\"><a href=\"https:\/\/portalibre.fgv.br\/noticias\/confianca-dos-consumidores-recua-04-ponto-em-outubro\" style=\"color:blue; text-decoration:underline\"><span style=\"font-size:14.0pt\">Confian&ccedil;a dos consumidores recua 0,4 ponto em outubro<\/span><\/a><\/span><\/span><\/span><\/p>\r\n\r\n<p style=\"text-align:justify\"><span style=\"font-size:11pt\"><span style=\"line-height:normal\"><span style=\"font-family:&quot;Calibri&quot;,sans-serif\"><a href=\"http:\/\/emkt.grandesconstrucoes.com.br\/emkt\/tracer\/?2,7282359,260ba16a,a69d,2\" style=\"color:blue; text-decoration:underline\" title=\"Setor de saneamento pode ajudar a criar R$ 1,5 milh\u00e3o de empregos at\u00e9 2033\"><span style=\"font-size:14.0pt\">Setor de saneamento pode ajudar a criar R$ 1,5 milh&atilde;o de empregos at&eacute; 2033<\/span><\/a><\/span><\/span><\/span><\/p>\r\n\r\n<p style=\"text-align:justify\"><span style=\"font-size:11pt\"><span style=\"line-height:normal\"><span style=\"font-family:&quot;Calibri&quot;,sans-serif\"><a href=\"https:\/\/agenciabrasil.ebc.com.br\/economia\/noticia\/2022-10\/projecao-da-inflacao-para-2022-varia-de-560-para-561\" style=\"color:blue; text-decoration:underline\"><span style=\"font-size:14.0pt\">Proje&ccedil;&atilde;o da infla&ccedil;&atilde;o para 2022 varia de 5,60% para 5,61%<\/span><\/a><\/span><\/span><\/span><\/p>\r\n\r\n<p style=\"text-align:justify\"><span style=\"font-size:11pt\"><span style=\"line-height:normal\"><span style=\"font-family:&quot;Calibri&quot;,sans-serif\"><a href=\"https:\/\/plasticosemrevista.com.br\/europa-inflacao-e-oferta-de-alimentos-devem-piorar-em-2023\/\" style=\"color:blue; text-decoration:underline\"><span style=\"font-size:14.0pt\">Europa: infla&ccedil;&atilde;o e oferta de alimentos devem piorar em 2023<\/span><\/a><\/span><\/span><\/span><\/p>\r\n","6":"<p style=\"text-align:justify\"><span style=\"font-size:11pt\"><span style=\"line-height:normal\"><span style=\"font-family:&quot;Calibri&quot;,sans-serif\"><span style=\"font-size:14.0pt\">Esta &eacute; uma compila&ccedil;&atilde;o das not&iacute;cias mais relevantes para o setor, incluindo informa&ccedil;&otilde;es sobre acordos internacionais, economia brasileira, sustentabilidade e mat&eacute;rias primas, al&eacute;m de novidades do setor de N&atilde;otecidos e Tecidos T&eacute;cnicos.<\/span><\/span><\/span><\/span><\/p>\r\n\r\n<p class=\"MsoTitleCxSpLast\" style=\"text-align:justify\"><span style=\"font-size:28pt\"><span style=\"font-family:&quot;Cambria&quot;,serif\"><span style=\"letter-spacing:-0.5pt\"><b><span style=\"font-size:18.0pt\"><span style=\"font-family:&quot;Calibri&quot;,sans-serif\"><span style=\"font-variant:small-caps\">A&ccedil;&otilde;es da ABINT<\/span><\/span><\/span><\/b><\/span><\/span><\/span><\/p>\r\n\r\n<p style=\"text-align:justify\"><span style=\"font-size:11pt\"><span style=\"line-height:normal\"><span style=\"font-family:&quot;Calibri&quot;,sans-serif\"><a href=\"http:\/\/www.revistaplasticosul.com.br\/transformacao-aplicacoes\/abint-anuncia-nova-diretoria%EF%BF%BC\/\" style=\"color:blue; text-decoration:underline\"><b><span style=\"font-size:14.0pt\">ABINT anuncia nova diretoria<\/span><\/b><\/a><\/span><\/span><\/span><\/p>\r\n\r\n<p style=\"text-align:justify\"><span style=\"font-size:11pt\"><span style=\"line-height:normal\"><span style=\"font-family:&quot;Calibri&quot;,sans-serif\"><b><span style=\"font-size:14.0pt\"><img src=\"https:\/\/www.abint.org.br\/assets\/img\/editor\/congresso-internacional-abit-2022_20221118192231P8qWbExZMz.png\" \/><\/span><\/b><\/span><\/span><\/span><\/p>\r\n\r\n<p style=\"text-align:justify\"><span class=\"MsoHyperlink\" style=\"color:blue\"><span style=\"text-decoration:underline\"><b><span style=\"font-size:14.0pt\"><span style=\"line-height:115%\"><span style=\"font-family:&quot;Calibri&quot;,sans-serif\"><span style=\"text-decoration:none\"><span style=\"text-underline:none\">A ABINT &eacute; uma das patrocinadoras do Congresso Internacional ABIT 2022<\/span><\/span><\/span><\/span><\/span><\/b><\/span><\/span><span class=\"MsoHyperlink\" style=\"color:blue\"><span style=\"text-decoration:underline\"><span style=\"font-size:14.0pt\"><span style=\"line-height:115%\"><span style=\"font-family:&quot;Calibri&quot;,sans-serif\"><span style=\"text-decoration:none\"><span style=\"text-underline:none\">, evento 100% presencial, que ocorrer&aacute; dias <b>03 e 04 de novembro<\/b>, em Belo Horizonte, MG. <\/span><\/span><\/span><\/span><\/span><\/span><\/span><span style=\"font-size:11.0pt\"><span style=\"line-height:115%\"><span style=\"font-family:&quot;Calibri&quot;,sans-serif\"><a href=\"https:\/\/www.congressoabit.com.br\/\" style=\"color:blue; text-decoration:underline\"><span style=\"font-size:14.0pt\"><span style=\"line-height:115%\">Informa&ccedil;&otilde;es<\/span><\/span><\/a><\/span><\/span><\/span><\/p>\r\n\r\n<p style=\"text-align:justify\">&nbsp;<\/p>\r\n\r\n<p style=\"text-align:justify\"><img height=\"319\" src=\"https:\/\/www.abint.org.br\/assets\/img\/editor\/partnerkit-conahp-retangular-cth-abint_20221118192414IoYuNK2bu2.png\" width=\"564\" \/><\/p>\r\n\r\n<p style=\"text-align:justify\"><span class=\"MsoHyperlink\" style=\"color:blue\"><span style=\"text-decoration:underline\"><span style=\"font-size:14.0pt\"><span style=\"line-height:115%\"><span style=\"font-family:&quot;Calibri&quot;,sans-serif\"><span style=\"text-decoration:none\"><span style=\"text-underline:none\">O <b>CTH ABINT<\/b> &eacute; patrocinador do <b>CONAHP 2022 - Congresso Nacional de Hospitais Privados<\/b>, evento que ocorrer&aacute; <b>presencialmente nos dias 10 e 11 de novembro, Transam&eacute;rica Expo Center<\/b>, S&atilde;o Paulo, SP. <\/span><\/span><\/span><\/span><\/span><\/span><\/span><span style=\"font-size:11.0pt\"><span style=\"line-height:115%\"><span style=\"font-family:&quot;Calibri&quot;,sans-serif\"><a href=\"https:\/\/conahp.org.br\/2022\/\" style=\"color:blue; text-decoration:underline\"><span style=\"font-size:14.0pt\"><span style=\"line-height:115%\">Informa&ccedil;&otilde;es <\/span><\/span><\/a><\/span><\/span><\/span><\/p>\r\n\r\n<p style=\"text-align:justify\">&nbsp;<\/p>\r\n\r\n<p style=\"text-align:justify\"><img height=\"570\" src=\"https:\/\/www.abint.org.br\/assets\/img\/editor\/premio-tcc-ic-2023-arte-1_20221118192502rJuUyQXbjH.png\" width=\"570\" \/><\/p>\r\n\r\n<p style=\"text-align:justify\">&nbsp;<\/p>\r\n\r\n<p style=\"text-align:justify\"><span style=\"font-size:11pt\"><span style=\"line-height:normal\"><span style=\"font-family:&quot;Calibri&quot;,sans-serif\"><b><span style=\"font-size:18.0pt\"><span style=\"font-variant:small-caps\">Eventos<\/span><\/span><\/b><\/span><\/span><\/span><\/p>\r\n\r\n<p style=\"text-align:justify\"><span style=\"font-size:11pt\"><span style=\"line-height:normal\"><span style=\"font-family:&quot;Calibri&quot;,sans-serif\"><span class=\"MsoHyperlink\" style=\"color:blue\"><span style=\"text-decoration:underline\"><b><span style=\"font-size:14.0pt\"><span style=\"text-decoration:none\"><span style=\"text-underline:none\">Innovate: Zero Carbon, Textiles&#39; journey to zero carbon<\/span><\/span><\/span><\/b><\/span><\/span><\/span><\/span><\/span><\/p>\r\n\r\n<p style=\"text-align:justify\"><span style=\"font-size:11pt\"><span style=\"line-height:normal\"><span style=\"font-family:&quot;Calibri&quot;,sans-serif\"><span class=\"MsoHyperlink\" style=\"color:blue\"><span style=\"text-decoration:underline\"><span style=\"font-size:14.0pt\"><span style=\"text-decoration:none\"><span style=\"text-underline:none\">When: 1-3 Nov 2022<\/span><\/span><\/span><\/span><\/span><\/span><\/span><\/span><\/p>\r\n\r\n<p style=\"text-align:justify\"><span style=\"font-size:11pt\"><span style=\"line-height:normal\"><span style=\"font-family:&quot;Calibri&quot;,sans-serif\"><span class=\"MsoHyperlink\" style=\"color:blue\"><span style=\"text-decoration:underline\"><span style=\"font-size:14.0pt\"><span style=\"text-decoration:none\"><span style=\"text-underline:none\">What time: 13:00&ndash;17:00 UTC \/ 9:00&ndash;13:00 EDT<\/span><\/span><\/span><\/span><\/span><\/span><\/span><\/span><\/p>\r\n\r\n<p style=\"text-align:justify\"><span style=\"font-size:11pt\"><span style=\"line-height:normal\"><span style=\"font-family:&quot;Calibri&quot;,sans-serif\"><span class=\"MsoHyperlink\" style=\"color:blue\"><span style=\"text-decoration:underline\"><span style=\"font-size:14.0pt\"><span style=\"text-decoration:none\"><span style=\"text-underline:none\">Where: Virtual, <\/span><\/span><\/span><\/span><\/span><a href=\"https:\/\/events.wtin.com\/event\/f5bac4f2-d902-41ba-9153-a4d80622877c\/summary\" style=\"color:blue; text-decoration:underline\"><span style=\"font-size:14.0pt\">events.wtin.com\/innovate<\/span><\/a><\/span><\/span><\/span><\/p>\r\n\r\n<p style=\"text-align:justify\"><span style=\"font-size:11pt\"><span style=\"line-height:normal\"><span style=\"font-family:&quot;Calibri&quot;,sans-serif\"><b><span style=\"font-size:14.0pt\">FIESP | WEBINAR &ndash; Novos procedimentos do IBAMA sobre produtos remediadores destinados a remedia&ccedil;&atilde;o de &aacute;reas contaminadas<\/span><\/b><span style=\"font-size:14.0pt\">, 03 de novembro, 10h00 &agrave;s 12h00. <\/span><a href=\"https:\/\/www.fiesp.com.br\/agenda\/webinar-novos-procedimentos-do-ibama-sobre-produtos-remediadores-destinados-a-remediacao-de-areas-contaminadas\/\" style=\"color:blue; text-decoration:underline\"><span style=\"font-size:14.0pt\">Informa&ccedil;&otilde;es<\/span><\/a><\/span><\/span><\/span><\/p>\r\n\r\n<p style=\"text-align:justify\"><span style=\"font-size:11pt\"><span style=\"line-height:normal\"><span style=\"font-family:&quot;Calibri&quot;,sans-serif\"><b><span style=\"font-size:14.0pt\">FIESP | Encontro Research to Business Brazil-Italy<\/span><\/b><span style=\"font-size:14.0pt\">, 04 de novembro, 08h30 &agrave;s 12h00. <\/span><a href=\"https:\/\/www.fiesp.com.br\/agenda\/encontro-research-to-business-brazil-italy\/\" style=\"color:blue; text-decoration:underline\"><span style=\"font-size:14.0pt\">Informa&ccedil;&otilde;es<\/span><\/a><\/span><\/span><\/span><\/p>\r\n\r\n<p style=\"text-align:justify\"><span style=\"font-size:11pt\"><span style=\"line-height:normal\"><span style=\"font-family:&quot;Calibri&quot;,sans-serif\"><b><span style=\"font-size:14.0pt\">FIESP | Workshop Regionaliza&ccedil;&atilde;o do Saneamento<\/span><\/b><span style=\"font-size:14.0pt\">, 09 de novembro. <\/span><a href=\"https:\/\/www.fiesp.com.br\/agenda\/workshop-regionalizacao-do-saneamento\/?utm_source=EMKT&amp;utm_medium=EMKT&amp;utm_campaign=WORKSHOP+DE+SANEAMENTO+B%C3%81SICO+-+PROGRAMA%C3%87%C3%83O&amp;utm_id=WORKSHOP+DE+SANEAMENTO+B%C3%81SICO+-+PROGRAMA%C3%87%C3%83O\" style=\"color:blue; text-decoration:underline\"><span style=\"font-size:14.0pt\">Informa&ccedil;&otilde;es<\/span><\/a> <\/span><\/span><\/span><\/p>\r\n\r\n<p style=\"text-align:justify\"><span style=\"font-size:11pt\"><span style=\"line-height:normal\"><span style=\"font-family:&quot;Calibri&quot;,sans-serif\"><b><span style=\"font-size:14.0pt\">Semin&aacute;rio Apex-Brasil: &quot;Como fazer neg&oacute;cios com a ONU&quot;<\/span><\/b><span style=\"font-size:14.0pt\">, 22 de novembro. <\/span><a href=\"https:\/\/crm-apps.apexbrasil.com.br\/orgbdeab873\/inscricao-eventos\/evento\/seminario-como-fazer-negocios-com-a-onu\/fe2ec5b6-8ae7-4b08-90df-832d0dc32a55?utm_campaign=divulgacao_como_fazer_negocios_com_a_onu&amp;utm_medium=email&amp;utm_source=EMarketing\" style=\"color:blue; text-decoration:underline\"><span style=\"font-size:14.0pt\">Informa&ccedil;&otilde;es<\/span><\/a><\/span><\/span><\/span><\/p>\r\n\r\n<p class=\"MsoTitle\" style=\"text-align:justify\"><span style=\"font-size:28pt\"><span style=\"font-family:&quot;Cambria&quot;,serif\"><span style=\"letter-spacing:-0.5pt\"><b><span style=\"font-size:18.0pt\"><span style=\"font-family:&quot;Calibri&quot;,sans-serif\"><span style=\"font-variant:small-caps\">Setor<\/span><\/span><\/span><\/b><\/span><\/span><\/span><\/p>\r\n\r\n<p style=\"text-align:justify\"><span style=\"font-size:11pt\"><span style=\"line-height:normal\"><span style=\"font-family:&quot;Calibri&quot;,sans-serif\"><a href=\"https:\/\/agriculturaemar.com\/alltech-crop-science-gonzalez-byass-e-fitesa-firmam-parceria-planet-of-plenty\/\" style=\"color:blue; text-decoration:underline\"><span style=\"font-size:14.0pt\">Alltech Crop Science, Gonz&aacute;lez Byass e Fitesa firmam parceria Planet of Plenty<\/span><\/a><\/span><\/span><\/span><\/p>\r\n\r\n<p style=\"text-align:justify\"><span style=\"font-size:11pt\"><span style=\"line-height:normal\"><span style=\"font-family:&quot;Calibri&quot;,sans-serif\"><a href=\"https:\/\/www.textiletechnology.net\/technical-textiles\/news\/freudenberg-pm-sustainable-apparel-solutions-33044?utm_source=%2Fmeta%2Fnewsletter%2Fnewsletter&amp;utm_medium=newsletter&amp;utm_campaign=nl1000&amp;utm_term=0801b20e08c3242125d512808cd74302\" style=\"color:blue; text-decoration:underline\"><span style=\"font-size:14.0pt\">Freudenberg PM: Sustainable Apparel Solutions<\/span><\/a><\/span><\/span><\/span><\/p>\r\n\r\n<p style=\"text-align:justify\"><span style=\"font-size:11pt\"><span style=\"line-height:normal\"><span style=\"font-family:&quot;Calibri&quot;,sans-serif\"><a href=\"https:\/\/www.nonwovens-industry.com\/contents\/view_breaking-news\/2022-10-27\/freudenberg-launches-elastic-wound-dressing?utm_campaign=NON+eNewsletter&amp;utm_medium=email&amp;_hsmi=231518193&amp;_hsenc=p2ANqtz-_RaaRu_u9cP6surjXLNlW74qaaMBI2ZuLVudkofrldvqbFqm_KTPqQdffqfrlHDPnEB6Zupi4DSuGmgktg-IEcLU6nKA&amp;utm_content=231518193&amp;utm_source=hs_email\" style=\"color:blue; text-decoration:underline\"><span style=\"font-size:14.0pt\">Freudenberg Launches Elastic Wound Dressing<\/span><\/a><\/span><\/span><\/span><\/p>\r\n\r\n<p style=\"text-align:justify\"><span style=\"font-size:11pt\"><span style=\"line-height:normal\"><span style=\"font-family:&quot;Calibri&quot;,sans-serif\"><a href=\"https:\/\/s3.sa-east-1.amazonaws.com\/abit-files.abit.org.br\/site\/revista_abitreview\/ed04\/n2_abit_review_ed04-out2022.pdf\" style=\"color:blue; text-decoration:underline\"><span style=\"font-size:14.0pt\">Abit Review edi&ccedil;&atilde;o 04<\/span><\/a><\/span><\/span><\/span><\/p>\r\n\r\n<p class=\"MsoTitle\" style=\"text-align:justify\"><span style=\"font-size:28pt\"><span style=\"font-family:&quot;Cambria&quot;,serif\"><span style=\"letter-spacing:-0.5pt\"><b><span style=\"font-size:18.0pt\"><span style=\"font-family:&quot;Calibri&quot;,sans-serif\"><span style=\"font-variant:small-caps\">Ind&uacute;stria<\/span><\/span><\/span><\/b><\/span><\/span><\/span><\/p>\r\n\r\n<p style=\"text-align:justify\"><span style=\"font-size:11pt\"><span style=\"line-height:normal\"><span style=\"font-family:&quot;Calibri&quot;,sans-serif\"><a href=\"https:\/\/www.autodata.com.br\/noticias\/2022\/10\/24\/crescer-5-e-o-minimo-projeta-a-anfavea\/47519\/\" style=\"color:blue; text-decoration:underline\"><span style=\"font-size:14.0pt\">Crescer 5% &eacute; o m&iacute;nimo, projeta a Anfavea<\/span><\/a><\/span><\/span><\/span><\/p>\r\n\r\n<p style=\"text-align:justify\"><span style=\"font-size:11pt\"><span style=\"line-height:normal\"><span style=\"font-family:&quot;Calibri&quot;,sans-serif\"><a href=\"https:\/\/grandesconstrucoes.com.br\/Noticias\/Exibir\/custo-da-construcao-civil-desacelera-em-outubro-e-fecha-mes-em-004\" style=\"color:blue; text-decoration:underline\"><span style=\"font-size:14.0pt\">Custo da constru&ccedil;&atilde;o civil desacelera em outubro e fecha m&ecirc;s em 0,04%<\/span><\/a><\/span><\/span><\/span><\/p>\r\n\r\n<p style=\"text-align:justify\"><span style=\"font-size:11pt\"><span style=\"line-height:normal\"><span style=\"font-family:&quot;Calibri&quot;,sans-serif\"><a href=\"https:\/\/grandesconstrucoes.com.br\/Noticias\/Exibir\/concessoes-rodoviarias-podem-ser-ampliadas-em-84-mil-quilometros\" style=\"color:blue; text-decoration:underline\"><span style=\"font-size:14.0pt\">Concess&otilde;es rodovi&aacute;rias podem ser ampliadas em 8,4 mil quil&ocirc;metros<\/span><\/a><\/span><\/span><\/span><\/p>\r\n\r\n<p style=\"text-align:justify\"><span style=\"font-size:11pt\"><span style=\"line-height:normal\"><span style=\"font-family:&quot;Calibri&quot;,sans-serif\"><a href=\"https:\/\/almaco.org.br\/2022\/10\/27\/o-que-esperar-do-setor-industrial-brasileiro-nos-proximos-anos-pos-eleicao\/\" style=\"color:blue; text-decoration:underline\"><span style=\"font-size:14.0pt\">O que esperar do setor industrial brasileiro nos pr&oacute;ximos anos p&oacute;s elei&ccedil;&atilde;o<\/span><\/a><\/span><\/span><\/span><\/p>\r\n\r\n<p style=\"text-align:justify\"><span style=\"font-size:11pt\"><span style=\"line-height:normal\"><span style=\"font-family:&quot;Calibri&quot;,sans-serif\"><a href=\"https:\/\/agenciabrasil.ebc.com.br\/economia\/noticia\/2022-11\/confianca-do-empresario-cai-33-pontos-em-outubro-diz-fgv\" style=\"color:blue; text-decoration:underline\"><span style=\"font-size:14.0pt\">Confian&ccedil;a do empres&aacute;rio cai 3,3 pontos em outubro, diz FGV<\/span><\/a><\/span><\/span><\/span><\/p>\r\n\r\n<p style=\"text-align:justify\"><span style=\"font-size:11pt\"><span style=\"line-height:normal\"><span style=\"font-family:&quot;Calibri&quot;,sans-serif\"><a href=\"https:\/\/agenciabrasil.ebc.com.br\/economia\/noticia\/2022-11\/producao-industrial-cai-07-em-setembro-diz-ibge\" style=\"color:blue; text-decoration:underline\"><span style=\"font-size:14.0pt\">Produ&ccedil;&atilde;o industrial cai 0,7% em setembro, diz IBGE<\/span><\/a><\/span><\/span><\/span><\/p>\r\n\r\n<p class=\"MsoTitle\" style=\"text-align:justify\"><span style=\"font-size:28pt\"><span style=\"font-family:&quot;Cambria&quot;,serif\"><span style=\"letter-spacing:-0.5pt\"><b><span style=\"font-size:18.0pt\"><span style=\"font-family:&quot;Calibri&quot;,sans-serif\"><span style=\"font-variant:small-caps\">Sustentabilidade<\/span><\/span><\/span><\/b><\/span><\/span><\/span><\/p>\r\n\r\n<p style=\"text-align:justify\"><span style=\"font-size:11pt\"><span style=\"line-height:normal\"><span style=\"font-family:&quot;Calibri&quot;,sans-serif\"><a href=\"https:\/\/www.gov.br\/ana\/pt-br\/assuntos\/noticias-e-eventos\/noticias\/ana-assina-acordo-com-instituto-rui-barbosa-para-capacitacao-de-tribunais-de-contas-em-saneamento-basico\" style=\"color:blue; text-decoration:underline\"><span style=\"font-size:14.0pt\">ANA assina acordo com Instituto Rui Barbosa para capacita&ccedil;&atilde;o de tribunais de contas em saneamento b&aacute;sico<\/span><\/a><\/span><\/span><\/span><\/p>\r\n\r\n<p style=\"text-align:justify\"><span style=\"font-size:11pt\"><span style=\"line-height:normal\"><span style=\"font-family:&quot;Calibri&quot;,sans-serif\"><a href=\"https:\/\/grandesconstrucoes.com.br\/Noticias\/Exibir\/brasil-e-argentina-fecham-parceria-para-intercambio-de-boas-praticas-em-saneamento-basico\" style=\"color:blue; text-decoration:underline\"><span style=\"font-size:14.0pt\">Brasil e Argentina fecham parceria para interc&acirc;mbio de boas pr&aacute;ticas em saneamento b&aacute;sico<\/span><\/a><\/span><\/span><\/span><\/p>\r\n\r\n<p style=\"text-align:justify\"><span style=\"font-size:11pt\"><span style=\"line-height:normal\"><span style=\"font-family:&quot;Calibri&quot;,sans-serif\"><a href=\"https:\/\/www.innovationintextiles.com\/industry-talk\/trex-latest-eu-recycling-initiative\/\" style=\"color:blue; text-decoration:underline\"><span style=\"font-size:14.0pt\">T-REX &ndash; latest EU recycling initiative<\/span><\/a><\/span><\/span><\/span><\/p>\r\n\r\n<p class=\"MsoTitle\" style=\"text-align:justify\"><span style=\"font-size:28pt\"><span style=\"font-family:&quot;Cambria&quot;,serif\"><span style=\"letter-spacing:-0.5pt\"><b><span style=\"font-size:18.0pt\"><span style=\"font-family:&quot;Calibri&quot;,sans-serif\"><span style=\"font-variant:small-caps\">Inova&ccedil;&atilde;o<\/span><\/span><\/span><\/b><\/span><\/span><\/span><\/p>\r\n\r\n<p style=\"text-align:justify\"><span style=\"font-size:11pt\"><span style=\"line-height:normal\"><span style=\"font-family:&quot;Calibri&quot;,sans-serif\"><span class=\"MsoHyperlink\" style=\"color:blue\"><span style=\"text-decoration:underline\"><span style=\"font-size:14.0pt\"><a href=\"https:\/\/noticias.portaldaindustria.com.br\/noticias\/inovacao-e-tecnologia\/inovacao-tecnologica-para-cadeias-de-plasticos-mais-circulares\/\" style=\"color:blue; text-decoration:underline\">Inova&ccedil;&atilde;o tecnol&oacute;gica para cadeias de pl&aacute;sticos mais circulares<\/a><\/span><\/span><\/span><\/span><\/span><\/span><\/p>\r\n\r\n<p style=\"text-align:justify\"><span style=\"font-size:11pt\"><span style=\"line-height:normal\"><span style=\"font-family:&quot;Calibri&quot;,sans-serif\"><span class=\"MsoHyperlink\" style=\"color:blue\"><span style=\"text-decoration:underline\"><span style=\"font-size:14.0pt\"><a href=\"https:\/\/veja.abril.com.br\/saude\/brasileiros-desenvolvem-materiais-que-inativam-virus-da-covid\/\" style=\"color:blue; text-decoration:underline\">Brasileiros desenvolvem materiais que inativam v&iacute;rus da Covid<\/a><\/span><\/span><\/span><\/span><\/span><\/span><\/p>\r\n\r\n<p style=\"text-align:justify\"><span style=\"font-size:11pt\"><span style=\"line-height:normal\"><span style=\"font-family:&quot;Calibri&quot;,sans-serif\"><span class=\"MsoHyperlink\" style=\"color:blue\"><span style=\"text-decoration:underline\"><span style=\"font-size:14.0pt\"><a href=\"https:\/\/www.innovationintextiles.com\/coating-laminating-bonding\/project-explores-plantbased-additives-for-ppe\/\" style=\"color:blue; text-decoration:underline\">Project explores plant-based additives for PPE<\/a><\/span><\/span><\/span><\/span><\/span><\/span><\/p>\r\n\r\n<p style=\"text-align:justify\"><span style=\"font-size:11pt\"><span style=\"line-height:normal\"><span style=\"font-family:&quot;Calibri&quot;,sans-serif\"><span class=\"MsoHyperlink\" style=\"color:blue\"><span style=\"text-decoration:underline\"><span style=\"font-size:14.0pt\"><a href=\"https:\/\/www.inovacaotecnologica.com.br\/noticias\/noticia.php?artigo=plastico-inteligente&amp;id=010160221026&amp;ebol=sim\" style=\"color:blue; text-decoration:underline\">Pl&aacute;stico inteligente junta m&uacute;ltiplas propriedades no mesmo material<\/a><\/span><\/span><\/span><\/span><\/span><\/span><\/p>\r\n\r\n<p class=\"MsoTitleCxSpLast\" style=\"text-align:justify\"><span style=\"font-size:28pt\"><span style=\"font-family:&quot;Cambria&quot;,serif\"><span style=\"letter-spacing:-0.5pt\"><b><span style=\"font-size:18.0pt\"><span style=\"font-family:&quot;Calibri&quot;,sans-serif\"><span style=\"font-variant:small-caps\">Com&eacute;rcio Exterior<\/span><\/span><\/span><\/b><\/span><\/span><\/span><\/p>\r\n\r\n<p style=\"text-align:justify\"><span style=\"font-size:11pt\"><span style=\"line-height:normal\"><span style=\"font-family:&quot;Calibri&quot;,sans-serif\"><a href=\"https:\/\/www.infomoney.com.br\/economia\/bens-primarios-representaram-78-das-exportacoes-do-mercosul-para-a-ue-em-2021\/\" style=\"color:blue; text-decoration:underline\"><span style=\"font-size:14.0pt\">Bens prim&aacute;rios representaram 78% das exporta&ccedil;&otilde;es do Mercosul para a UE em 2021<\/span><\/a><\/span><\/span><\/span><\/p>\r\n\r\n<p style=\"text-align:justify\"><span style=\"font-size:11pt\"><span style=\"line-height:normal\"><span style=\"font-family:&quot;Calibri&quot;,sans-serif\"><a href=\"https:\/\/static.portaldaindustria.com.br\/media\/filer_public\/94\/52\/9452f146-eef3-484b-a6e8-6872ab415ec4\/informepoliticacomercial_22_09_bpr_protocolo_br-eua.pdf\" style=\"color:blue; text-decoration:underline\"><span style=\"font-size:14.0pt\">Decreto regulamenta os compromissos sobre Boas Pr&aacute;ticas Regulat&oacute;rias firmados entre Brasil e Estados Unidos<\/span><\/a><\/span><\/span><\/span><\/p>\r\n\r\n<p style=\"text-align:justify\"><span style=\"font-size:11pt\"><span style=\"line-height:normal\"><span style=\"font-family:&quot;Calibri&quot;,sans-serif\"><a href=\"https:\/\/www.fibre2fashion.com\/news\/textile-news\/china-s-new-policies-to-promote-foreign-investment-in-manufacturing-283785-newsdetails.htm\" style=\"color:blue; text-decoration:underline\"><span style=\"font-size:14.0pt\">China&#39;s new policies to promote foreign investment in manufacturing<\/span><\/a><\/span><\/span><\/span><\/p>\r\n\r\n<p class=\"MsoTitle\" style=\"text-align:justify\"><span style=\"font-size:28pt\"><span style=\"font-family:&quot;Cambria&quot;,serif\"><span style=\"letter-spacing:-0.5pt\"><b><span style=\"font-size:18.0pt\"><span style=\"font-family:&quot;Calibri&quot;,sans-serif\"><span style=\"font-variant:small-caps\">Economia<\/span><\/span><\/span><\/b><\/span><\/span><\/span><\/p>\r\n\r\n<p style=\"text-align:justify\"><span style=\"font-size:11pt\"><span style=\"line-height:normal\"><span style=\"font-family:&quot;Calibri&quot;,sans-serif\"><a href=\"https:\/\/www.bcb.gov.br\/content\/focus\/focus\/R20221007.pdf\" style=\"color:blue; text-decoration:underline\"><span style=\"font-size:14.0pt\">Focus - Relat&oacute;rio de Mercado<\/span><\/a><\/span><\/span><\/span><\/p>\r\n\r\n<p style=\"text-align:justify\"><span style=\"font-size:11pt\"><span style=\"line-height:normal\"><span style=\"font-family:&quot;Calibri&quot;,sans-serif\"><a href=\"https:\/\/portalibre.fgv.br\/noticias\/confianca-dos-consumidores-recua-04-ponto-em-outubro\" style=\"color:blue; text-decoration:underline\"><span style=\"font-size:14.0pt\">Confian&ccedil;a dos consumidores recua 0,4 ponto em outubro<\/span><\/a><\/span><\/span><\/span><\/p>\r\n\r\n<p style=\"text-align:justify\"><span style=\"font-size:11pt\"><span style=\"line-height:normal\"><span style=\"font-family:&quot;Calibri&quot;,sans-serif\"><a href=\"http:\/\/emkt.grandesconstrucoes.com.br\/emkt\/tracer\/?2,7282359,260ba16a,a69d,2\" style=\"color:blue; text-decoration:underline\" title=\"Setor de saneamento pode ajudar a criar R$ 1,5 milh\u00e3o de empregos at\u00e9 2033\"><span style=\"font-size:14.0pt\">Setor de saneamento pode ajudar a criar R$ 1,5 milh&atilde;o de empregos at&eacute; 2033<\/span><\/a><\/span><\/span><\/span><\/p>\r\n\r\n<p style=\"text-align:justify\"><span style=\"font-size:11pt\"><span style=\"line-height:normal\"><span style=\"font-family:&quot;Calibri&quot;,sans-serif\"><a href=\"https:\/\/agenciabrasil.ebc.com.br\/economia\/noticia\/2022-10\/projecao-da-inflacao-para-2022-varia-de-560-para-561\" style=\"color:blue; text-decoration:underline\"><span style=\"font-size:14.0pt\">Proje&ccedil;&atilde;o da infla&ccedil;&atilde;o para 2022 varia de 5,60% para 5,61%<\/span><\/a><\/span><\/span><\/span><\/p>\r\n\r\n<p style=\"text-align:justify\"><span style=\"font-size:11pt\"><span style=\"line-height:normal\"><span style=\"font-family:&quot;Calibri&quot;,sans-serif\"><a href=\"https:\/\/plasticosemrevista.com.br\/europa-inflacao-e-oferta-de-alimentos-devem-piorar-em-2023\/\" style=\"color:blue; text-decoration:underline\"><span style=\"font-size:14.0pt\">Europa: infla&ccedil;&atilde;o e oferta de alimentos devem piorar em 2023<\/span><\/a><\/span><\/span><\/span><\/p>\r\n","texto_en":"","7":"","imagem":"COMP_banner-padrao-home-destaques-boletim_20221118192914DkS0jtPv0w.jpg","8":"COMP_banner-padrao-home-destaques-boletim_20221118192914DkS0jtPv0w.jpg","arquivo":"20221101-NOTICIAS-SEMANAIS.PDF","9":"20221101-NOTICIAS-SEMANAIS.PDF","titulo_arquivo":"","10":"","titulo_arquivo_en":"","11":"","created_at":"2022-11-18 19:29:24","12":"2022-11-18 19:29:24","updated_at":"2022-11-18 19:29:24","13":"2022-11-18 19:29:24"},{"id":40,"0":40,"ordem":183,"1":183,"data":"2022-10-25","2":"2022-10-25","slug":"boletim-de-noticias-semanais-37","3":"boletim-de-noticias-semanais-37","titulo":"Boletim de Not\u00edcias Semanais","4":"Boletim de Not\u00edcias Semanais","titulo_en":"","5":"","texto":"<p style=\"text-align:justify\"><span style=\"font-size:11pt\"><span style=\"line-height:normal\"><span calibri=\"\" style=\"font-family:\"><span style=\"font-size:14.0pt\">Esta &eacute; uma compila&ccedil;&atilde;o das not&iacute;cias mais relevantes para o setor, incluindo informa&ccedil;&otilde;es sobre acordos internacionais, economia brasileira, sustentabilidade e mat&eacute;rias primas, al&eacute;m de novidades do setor de N&atilde;otecidos e Tecidos T&eacute;cnicos.<\/span><\/span><\/span><\/span><\/p>\r\n\r\n<p class=\"MsoTitleCxSpLast\" style=\"text-align:justify\"><span style=\"font-size:28pt\"><span cambria=\"\" style=\"font-family:\"><span style=\"letter-spacing:-0.5pt\"><b><span style=\"font-size:18.0pt\"><span calibri=\"\" style=\"font-family:\"><span style=\"font-variant:small-caps\">A&ccedil;&otilde;es da ABINT<\/span><\/span><\/span><\/b><\/span><\/span><\/span><\/p>\r\n\r\n<p style=\"text-align:justify\"><span style=\"font-size:11pt\"><span style=\"line-height:normal\"><span calibri=\"\" style=\"font-family:\"><span class=\"MsoHyperlink\" style=\"color:blue\"><span style=\"text-decoration:underline\"><b><span style=\"font-size:14.0pt\"><span style=\"text-decoration:none\"><span style=\"text-underline:none\">Curso ABINT Tecnologia dos N&atilde;otecidos<\/span><\/span><\/span><\/b><\/span><\/span> <a href=\"https:\/\/pt.surveymonkey.com\/r\/inscricaocurso\" style=\"color:blue; text-decoration:underline\"><b><span style=\"font-size:14.0pt\">INSCREVA-SE<\/span><\/b><\/a><span class=\"MsoHyperlink\" style=\"color:blue\"><span style=\"text-decoration:underline\"><span style=\"font-size:14.0pt\"><span style=\"text-decoration:none\"><span style=\"text-underline:none\"> <b>para as pr&oacute;ximas turmas!<\/b><\/span><\/span><\/span><\/span><\/span><\/span><\/span><\/span><\/p>\r\n\r\n<p style=\"text-align:justify\">&nbsp;<\/p>\r\n\r\n<p style=\"text-align:justify\"><span style=\"font-size:11pt\"><span style=\"line-height:normal\"><span calibri=\"\" style=\"font-family:\"><span class=\"MsoHyperlink\" style=\"color:blue\"><span style=\"text-decoration:underline\"><span style=\"font-size:14.0pt\"><span style=\"text-decoration:none\"><span style=\"text-underline:none\"><b><img src=\"https:\/\/www.abint.org.br\/assets\/img\/editor\/congresso-internacional-abit-2022_20221025115913s6dvPhAgj0.png\" \/><\/b><\/span><\/span><\/span><\/span><\/span><\/span><\/span><\/span><\/p>\r\n\r\n<p style=\"text-align:justify\"><span class=\"MsoHyperlink\" style=\"color:blue\"><span style=\"text-decoration:underline\"><b><span style=\"font-size:14.0pt\"><span style=\"line-height:115%\"><span calibri=\"\" style=\"font-family:\"><span style=\"text-decoration:none\"><span style=\"text-underline:none\">A ABINT &eacute; uma das patrocinadoras do Congresso Internacional ABIT 2022<\/span><\/span><\/span><\/span><\/span><\/b><\/span><\/span><span class=\"MsoHyperlink\" style=\"color:blue\"><span style=\"text-decoration:underline\"><span style=\"font-size:14.0pt\"><span style=\"line-height:115%\"><span calibri=\"\" style=\"font-family:\"><span style=\"text-decoration:none\"><span style=\"text-underline:none\">, evento 100% presencial, que ocorrer&aacute; dias <b>03 e 04 de novembro<\/b>, em Belo Horizonte, MG. <\/span><\/span><\/span><\/span><\/span><\/span><\/span><span style=\"font-size:11.0pt\"><span style=\"line-height:115%\"><span calibri=\"\" style=\"font-family:\"><a href=\"https:\/\/www.congressoabit.com.br\/\" style=\"color:blue; text-decoration:underline\"><span style=\"font-size:14.0pt\"><span style=\"line-height:115%\">Informa&ccedil;&otilde;es<\/span><\/span><\/a><\/span><\/span><\/span><\/p>\r\n\r\n<p style=\"text-align:justify\">&nbsp;<\/p>\r\n\r\n<p style=\"text-align:justify\"><span style=\"font-size:11.0pt\"><span style=\"line-height:115%\"><span calibri=\"\" style=\"font-family:\"><span style=\"font-size:14.0pt\"><span style=\"line-height:115%\"><img height=\"566\" src=\"https:\/\/www.abint.org.br\/assets\/img\/editor\/partnerkit-conahp-quad-cth-abint_20221025115950dV6KO9lF4b.png\" width=\"566\" \/><\/span><\/span><\/span><\/span><\/span><\/p>\r\n\r\n<p style=\"text-align:justify\"><span class=\"MsoHyperlink\" style=\"color:blue\"><span style=\"text-decoration:underline\"><span style=\"font-size:14.0pt\"><span style=\"line-height:115%\"><span calibri=\"\" style=\"font-family:\"><span style=\"text-decoration:none\"><span style=\"text-underline:none\">O <b>CTH ABINT<\/b> &eacute; patrocinador do <b>CONAHP 2022 - Congresso Nacional de Hospitais Privados<\/b>, evento que ocorrer&aacute; <b>presencialmente nos dias 10 e 11 de novembro, Transam&eacute;rica Expo Center<\/b>, S&atilde;o Paulo, SP. <\/span><\/span><\/span><\/span><\/span><\/span><\/span><span style=\"font-size:11.0pt\"><span style=\"line-height:115%\"><span calibri=\"\" style=\"font-family:\"><a href=\"https:\/\/conahp.org.br\/2022\/\" style=\"color:blue; text-decoration:underline\"><span style=\"font-size:14.0pt\"><span style=\"line-height:115%\">Informa&ccedil;&otilde;es <\/span><\/span><\/a><\/span><\/span><\/span><\/p>\r\n\r\n<p style=\"text-align:justify\">&nbsp;<\/p>\r\n\r\n<p style=\"text-align:justify\"><a href=\"https:\/\/geossinteticos.org.br\/premiotccic\"><img height=\"559\" src=\"https:\/\/www.abint.org.br\/assets\/img\/editor\/premio-tcc-ic-2023-arte-1_20221025120058zCBxEsUuAr.png\" width=\"559\" \/><\/a><\/p>\r\n\r\n<p style=\"text-align:justify\">&nbsp;<\/p>\r\n\r\n<p style=\"text-align:justify\"><span style=\"font-size:11pt\"><span style=\"line-height:normal\"><span calibri=\"\" style=\"font-family:\"><b><span style=\"font-size:18.0pt\"><span style=\"font-variant:small-caps\">Eventos<\/span><\/span><\/b><\/span><\/span><\/span><\/p>\r\n\r\n<p style=\"text-align:justify\"><span style=\"font-size:11pt\"><span style=\"line-height:normal\"><span calibri=\"\" style=\"font-family:\"><span class=\"MsoHyperlink\" style=\"color:blue\"><span style=\"text-decoration:underline\"><b><span style=\"font-size:14.0pt\"><span style=\"text-decoration:none\"><span style=\"text-underline:none\">THE Congress &ndash; NATURALfiberEXTRACTION<\/span><\/span><\/span><\/b><\/span><\/span><span class=\"MsoHyperlink\" style=\"color:blue\"><span style=\"text-decoration:underline\"><span style=\"font-size:14.0pt\"><span style=\"text-decoration:none\"><span style=\"text-underline:none\">, 26 de outubro de 2022, Stuttgart. <\/span><\/span><\/span><\/span><\/span><a href=\"https:\/\/www.afbw.eu\/aktuelles\/veranstaltungen\/details\/the-congress-naturalfiberpulping\/\" style=\"color:blue; text-decoration:underline\"><span style=\"font-size:14.0pt\">Informa&ccedil;&otilde;es<\/span><\/a><span class=\"MsoHyperlink\" style=\"color:blue\"><span style=\"text-decoration:underline\"><span style=\"font-size:14.0pt\"><span style=\"text-decoration:none\"><span style=\"text-underline:none\">.<\/span><\/span><\/span><\/span><\/span><\/span><\/span><\/span><\/p>\r\n\r\n<p style=\"text-align:justify\"><span style=\"font-size:11pt\"><span style=\"line-height:normal\"><span calibri=\"\" style=\"font-family:\"><span class=\"MsoHyperlink\" style=\"color:blue\"><span style=\"text-decoration:underline\"><b><span style=\"font-size:14.0pt\"><span style=\"text-decoration:none\"><span style=\"text-underline:none\">Innovate: Zero Carbon, Textiles&#39; journey to zero carbon<\/span><\/span><\/span><\/b><\/span><\/span><\/span><\/span><\/span><\/p>\r\n\r\n<p style=\"text-align:justify\"><span style=\"font-size:11pt\"><span style=\"line-height:normal\"><span calibri=\"\" style=\"font-family:\"><span class=\"MsoHyperlink\" style=\"color:blue\"><span style=\"text-decoration:underline\"><span style=\"font-size:14.0pt\"><span style=\"text-decoration:none\"><span style=\"text-underline:none\">When: 1-3 Nov 2022<\/span><\/span><\/span><\/span><\/span><\/span><\/span><\/span><\/p>\r\n\r\n<p style=\"text-align:justify\"><span style=\"font-size:11pt\"><span style=\"line-height:normal\"><span calibri=\"\" style=\"font-family:\"><span class=\"MsoHyperlink\" style=\"color:blue\"><span style=\"text-decoration:underline\"><span style=\"font-size:14.0pt\"><span style=\"text-decoration:none\"><span style=\"text-underline:none\">What time: 13:00&ndash;17:00 UTC \/ 9:00&ndash;13:00 EDT<\/span><\/span><\/span><\/span><\/span><\/span><\/span><\/span><\/p>\r\n\r\n<p style=\"text-align:justify\"><span style=\"font-size:11pt\"><span style=\"line-height:normal\"><span calibri=\"\" style=\"font-family:\"><span class=\"MsoHyperlink\" style=\"color:blue\"><span style=\"text-decoration:underline\"><span style=\"font-size:14.0pt\"><span style=\"text-decoration:none\"><span style=\"text-underline:none\">Where: Virtual, <\/span><\/span><\/span><\/span><\/span><a href=\"https:\/\/events.wtin.com\/event\/f5bac4f2-d902-41ba-9153-a4d80622877c\/summary\" style=\"color:blue; text-decoration:underline\"><span style=\"font-size:14.0pt\">events.wtin.com\/innovate<\/span><\/a><\/span><\/span><\/span><\/p>\r\n\r\n<p style=\"text-align:justify\"><span style=\"font-size:11pt\"><span style=\"line-height:115%\"><span calibri=\"\" style=\"font-family:\"><b><span style=\"font-size:14.0pt\"><span style=\"line-height:115%\">FIESP | Encontro Research to Business Brazil-Italy<\/span><\/span><\/b><span style=\"font-size:14.0pt\"><span style=\"line-height:115%\">, 04 de novembro, 08h30 &agrave;s 12h00. <\/span><\/span><a href=\"https:\/\/www.fiesp.com.br\/agenda\/encontro-research-to-business-brazil-italy\/\" style=\"color:blue; text-decoration:underline\"><span style=\"font-size:14.0pt\"><span style=\"line-height:115%\">Informa&ccedil;&otilde;es<\/span><\/span><\/a><\/span><\/span><\/span><\/p>\r\n\r\n<p class=\"MsoTitle\" style=\"text-align:justify\"><span style=\"font-size:28pt\"><span cambria=\"\" style=\"font-family:\"><span style=\"letter-spacing:-0.5pt\"><b><span style=\"font-size:18.0pt\"><span calibri=\"\" style=\"font-family:\"><span style=\"font-variant:small-caps\">Setor<\/span><\/span><\/span><\/b><\/span><\/span><\/span><\/p>\r\n\r\n<p style=\"text-align:justify\"><span style=\"font-size:11pt\"><span style=\"line-height:normal\"><span calibri=\"\" style=\"font-family:\"><a href=\"https:\/\/app.rdstation.email\/mail\/96ad3b89-ad5c-4d59-be3d-709b3920c80b\" style=\"color:blue; text-decoration:underline\"><span style=\"font-size:14.0pt\">Abit elege presidente para o tri&ecirc;nio 2023-2025<\/span><\/a><\/span><\/span><\/span><\/p>\r\n\r\n<p style=\"text-align:justify\"><span style=\"font-size:11pt\"><span style=\"line-height:normal\"><span calibri=\"\" style=\"font-family:\"><a href=\"https:\/\/www.textiletechnology.net\/technology\/news\/itmf-business-situation-and-expectation-grow-negative-33030?utm_source=%2Fmeta%2Fnewsletter%2Fnewsletter&amp;utm_medium=newsletter&amp;utm_campaign=nl998&amp;utm_term=0801b20e08c3242125d512808cd74302\" style=\"color:blue; text-decoration:underline\"><span style=\"font-size:14.0pt\">Business situation and expectation grow negative<\/span><\/a><\/span><\/span><\/span><\/p>\r\n\r\n<p style=\"text-align:justify\"><span style=\"font-size:11pt\"><span style=\"line-height:normal\"><span calibri=\"\" style=\"font-family:\"><a href=\"https:\/\/revistanews.com.br\/2022\/10\/21\/cipatex-lanca-linha-facto-garden-de-revestimentos-para-ambientes-externos\/\" style=\"color:blue; text-decoration:underline\"><span style=\"font-size:14.0pt\">Cipatex lan&ccedil;a linha Facto Garden de revestimentos para ambientes externos<\/span><\/a><\/span><\/span><\/span><\/p>\r\n\r\n<p style=\"text-align:justify\"><span style=\"font-size:11pt\"><span style=\"line-height:115%\"><span calibri=\"\" style=\"font-family:\"><a href=\"https:\/\/www.nonwovens-industry.com\/contents\/view_breaking-news\/2022-10-20\/freudenberg-complete-fuel-cell-technology-contract?utm_campaign=NON+eNewsletter&amp;utm_medium=email&amp;_hsmi=230553317&amp;_hsenc=p2ANqtz-8RmU9D6XmXnYbd1Klg29FzHPaSyHtswq8652qCyGjro5q5-BfjzKoQMIgERVwOfiEyuHPcVeAdicpkCOnf1HfPZracSg&amp;utm_content=230553317&amp;utm_source=hs_email\" style=\"color:blue; text-decoration:underline\"><span style=\"font-size:14.0pt\"><span style=\"line-height:115%\">Freudenberg Completes Fuel Cell Technology Contract<\/span><\/span><\/a><\/span><\/span><\/span><\/p>\r\n\r\n<p style=\"text-align:justify\"><span style=\"font-size:11pt\"><span style=\"line-height:115%\"><span calibri=\"\" style=\"font-family:\"><a href=\"https:\/\/www.textiletechnology.net\/nonwovens\/news\/suominen-premium-nonwovens-with-a-unique-tri-layer-structure-33001?utm_source=%2Fmeta%2Fnewsletter%2Fnewsletter&amp;utm_medium=newsletter&amp;utm_campaign=nl993&amp;utm_term=0801b20e08c3242125d512808cd74302\" style=\"color:blue; text-decoration:underline\"><span style=\"font-size:14.0pt\"><span style=\"line-height:115%\">Suominen: Premium nonwovens with a unique tri-layer structure<\/span><\/span><\/a><\/span><\/span><\/span><\/p>\r\n\r\n<p style=\"text-align:justify\"><span style=\"font-size:11pt\"><span style=\"line-height:115%\"><span calibri=\"\" style=\"font-family:\"><a href=\"https:\/\/plasticosemrevista.com.br\/rentabilidade-de-pp-e-pe-colapsa-no-mercado-mundial\/\" style=\"color:blue; text-decoration:underline\"><span style=\"font-size:14.0pt\"><span style=\"line-height:115%\">Rentabilidade de PP e PE colapsa no mercado mundial<\/span><\/span><\/a><\/span><\/span><\/span><\/p>\r\n\r\n<p style=\"text-align:justify\"><span style=\"font-size:11pt\"><span style=\"line-height:115%\"><span calibri=\"\" style=\"font-family:\"><a href=\"https:\/\/www.technicaltextile.net\/news\/swiss-nonwoven-fair-index23-to-encourage-innovation-through-challenges-283679.html\" style=\"color:blue; text-decoration:underline\"><span style=\"font-size:14.0pt\"><span style=\"line-height:115%\">Swiss nonwoven fair Index23 to encourage innovation through challenges<\/span><\/span><\/a><\/span><\/span><\/span><\/p>\r\n\r\n<p class=\"MsoTitle\" style=\"text-align:justify\"><span style=\"font-size:28pt\"><span cambria=\"\" style=\"font-family:\"><span style=\"letter-spacing:-0.5pt\"><b><span style=\"font-size:18.0pt\"><span calibri=\"\" style=\"font-family:\"><span style=\"font-variant:small-caps\">Ind&uacute;stria<\/span><\/span><\/span><\/b><\/span><\/span><\/span><\/p>\r\n\r\n<p style=\"text-align:justify\"><span style=\"font-size:11pt\"><span style=\"line-height:normal\"><span calibri=\"\" style=\"font-family:\"><a href=\"https:\/\/www.autodata.com.br\/noticias\/2022\/10\/18\/mercado-perde-folego-na-primeira-quinzena-de-outubro\/47299\/\" style=\"color:blue; text-decoration:underline\"><span style=\"font-size:14.0pt\">Autos: mercado perde f&ocirc;lego na primeira quinzena de outubro<\/span><\/a><\/span><\/span><\/span><\/p>\r\n\r\n<p style=\"text-align:justify\"><span style=\"font-size:11pt\"><span style=\"line-height:normal\"><span calibri=\"\" style=\"font-family:\"><a href=\"https:\/\/www.terra.com.br\/noticias\/bom-momento-da-construcao-civil-deixa-mercado-otimista,ea81a5ff4037d446335bd363c85a5581gb07z7ex.html\" style=\"color:blue; text-decoration:underline\"><span style=\"font-size:14.0pt\">Bom momento da constru&ccedil;&atilde;o civil deixa mercado otimista<\/span><\/a><\/span><\/span><\/span><\/p>\r\n\r\n<p style=\"text-align:justify\"><span style=\"font-size:11pt\"><span style=\"line-height:normal\"><span calibri=\"\" style=\"font-family:\"><a href=\"https:\/\/mercadoeconsumo.com.br\/24\/10\/2022\/artigos\/um-cenario-positivo-para-o-consumo-e-o-varejo-2\/?utm_campaign=news_2410_-_geral&amp;utm_medium=email&amp;utm_source=RD+Station\" style=\"color:blue; text-decoration:underline\"><span style=\"font-size:14.0pt\">Um cen&aacute;rio positivo para o consumo e o varejo<\/span><\/a><\/span><\/span><\/span><\/p>\r\n\r\n<p style=\"text-align:justify\"><span style=\"font-size:11pt\"><span style=\"line-height:115%\"><span calibri=\"\" style=\"font-family:\"><a href=\"https:\/\/noticias.portaldaindustria.com.br\/noticias\/infraestrutura\/38-das-industrias-mudariam-operacao-de-rodovia-para-outro-modal\/\" style=\"color:blue; text-decoration:underline\"><span style=\"font-size:14.0pt\"><span style=\"line-height:115%\">38% das ind&uacute;strias mudariam opera&ccedil;&atilde;o de rodovia para outro modal<\/span><\/span><\/a><\/span><\/span><\/span><\/p>\r\n\r\n<p style=\"text-align:justify\"><span style=\"font-size:11pt\"><span style=\"line-height:115%\"><span calibri=\"\" style=\"font-family:\"><a href=\"https:\/\/noticias.portaldaindustria.com.br\/noticias\/inovacao-e-tecnologia\/a-evolucao-dos-dados-cni-apresenta-observatorio-nacional-da-industria\/\" style=\"color:blue; text-decoration:underline\"><span style=\"font-size:14.0pt\"><span style=\"line-height:115%\">A evolu&ccedil;&atilde;o dos dados: CNI apresenta Observat&oacute;rio Nacional da Ind&uacute;stria<\/span><\/span><\/a><\/span><\/span><\/span><\/p>\r\n\r\n<p style=\"text-align:justify\"><span style=\"font-size:11pt\"><span style=\"line-height:normal\"><span calibri=\"\" style=\"font-family:\"><a href=\"https:\/\/www.eiu.com\/n\/energy-crisis-will-erode-europe-competitiveness-in-2023\/?utm_source=mkt-newsletter&amp;utm_medium=email&amp;utm_campaign=foce&amp;utm_content=14-october-2022&amp;mkt_tok=NzUzLVJJUS00MzgAAAGHdY8Q78vnDa_09iyAFAQP6Cnz5uvRYrP6K4KZ0BNQPY8xfC1ke8R4H6m_Y-T0cBlVH_vRwWmDWxhzLxF43OlgSbakso9z6qstRCyez16hBj3tCQ\" style=\"color:blue; text-decoration:underline\"><span style=\"font-size:14.0pt\">Energy crisis will erode Europe&rsquo;s competitiveness in 2023<\/span><\/a><\/span><\/span><\/span><\/p>\r\n\r\n<p style=\"text-align:justify\"><span style=\"font-size:11pt\"><span style=\"line-height:normal\"><span calibri=\"\" style=\"font-family:\"><a href=\"https:\/\/www.businessinsider.com\/next-recession-forecast-economic-outlook-sugar-high-make-2023-miserable-2022-10?nr_email_referer=1&amp;utm_source=Sailthru&amp;utm_medium=email&amp;utm_content=BIPrime_Sunday&amp;utm_campaign=Post%20Blast%20%20:%20Warehouses%20and%20employers%20like%20Amazon%20bring%20new%20jobs%20and%20higher%20wages%20for%20some%20blue-collar%20workers%2C%20but%20they%20can%20be%20hard%20on%20cities%20%E2%80%94%20and%20on%20the%20human%20body&amp;utm_term=Insider%20Weekly%20for%20delayed%20newsletters\" style=\"color:blue; text-decoration:underline\"><span style=\"font-size:14.0pt\">The US economy is still running on a post-COVID sugar high that&#39;s about to run out and make 2023 feel miserable<\/span><\/a><\/span><\/span><\/span><\/p>\r\n\r\n<p class=\"MsoTitle\" style=\"text-align:justify\"><span style=\"font-size:28pt\"><span cambria=\"\" style=\"font-family:\"><span style=\"letter-spacing:-0.5pt\"><b><span style=\"font-size:18.0pt\"><span calibri=\"\" style=\"font-family:\"><span style=\"font-variant:small-caps\">Sustentabilidade<\/span><\/span><\/span><\/b><\/span><\/span><\/span><\/p>\r\n\r\n<p style=\"text-align:justify\"><span style=\"font-size:11pt\"><span style=\"line-height:normal\"><span calibri=\"\" style=\"font-family:\"><span class=\"MsoHyperlink\" style=\"color:blue\"><span style=\"text-decoration:underline\"><span style=\"font-size:14.0pt\"><a href=\"https:\/\/www.meiofiltrante.com.br\/Noticia\/109859\/somente-2-dos-825-milhoes-de-toneladas-de-residuos-solidos-urbanos--sao-reciclados-por-ano-\" style=\"color:blue; text-decoration:underline\">Somente 2% dos 82,5 milh&otilde;es de toneladas de res&iacute;duos s&oacute;lidos urbanos s&atilde;o reciclados por ano<\/a><\/span><\/span><\/span><\/span><\/span><\/span><\/p>\r\n\r\n<p style=\"text-align:justify\"><span style=\"font-size:11pt\"><span style=\"line-height:normal\"><span calibri=\"\" style=\"font-family:\"><a href=\"https:\/\/grandesconstrucoes.com.br\/Noticias\/Exibir\/praticas-sustentaveis-estao-em-alta-na-construcao-civil?utm_source=akna&amp;utm_medium=email&amp;utm_campaign=Grandes-Construcoes-Informativo-834-20-10-2022&amp;utm_source=akna&amp;utm_medium=email&amp;utm_campaign=Grandes-Construcoes-Informativo-834-20-10-2022\" style=\"color:blue; text-decoration:underline\"><span style=\"font-size:14.0pt\">Pr&aacute;ticas sustent&aacute;veis est&atilde;o em alta na constru&ccedil;&atilde;o civil<\/span><\/a><\/span><\/span><\/span><\/p>\r\n\r\n<p style=\"text-align:justify\"><span style=\"font-size:11pt\"><span style=\"line-height:normal\"><span calibri=\"\" style=\"font-family:\"><a href=\"https:\/\/grandesconstrucoes.com.br\/Noticias\/Exibir\/a-evolucao-do-credito-de-carbono-na-construcao-civil?utm_source=akna&amp;utm_medium=email&amp;utm_campaign=Grandes-Construcoes-Informativo-834-20-10-2022&amp;utm_source=akna&amp;utm_medium=email&amp;utm_campaign=Grandes-Construcoes-Informativo-834-20-10-2022\" style=\"color:blue; text-decoration:underline\"><span style=\"font-size:14.0pt\">A evolu&ccedil;&atilde;o do cr&eacute;dito de carbono na constru&ccedil;&atilde;o civil<\/span><\/a><\/span><\/span><\/span><\/p>\r\n\r\n<p style=\"text-align:justify\"><span style=\"font-size:11pt\"><span style=\"line-height:normal\"><span calibri=\"\" style=\"font-family:\"><a href=\"https:\/\/grandesconstrucoes.com.br\/Noticias\/Exibir\/ferramenta-mede-sustentabilidade-de-obras?utm_source=akna&amp;utm_medium=email&amp;utm_campaign=Grandes-Construcoes-Informativo-834-20-10-2022&amp;utm_source=akna&amp;utm_medium=email&amp;utm_campaign=Grandes-Construcoes-Informativo-834-20-10-2022\" style=\"color:blue; text-decoration:underline\"><span style=\"font-size:14.0pt\">Ferramenta mede sustentabilidade de obras<\/span><\/a><\/span><\/span><\/span><\/p>\r\n\r\n<p style=\"text-align:justify\"><span style=\"font-size:11pt\"><span style=\"line-height:normal\"><span calibri=\"\" style=\"font-family:\"><span class=\"MsoHyperlink\" style=\"color:blue\"><span style=\"text-decoration:underline\"><span style=\"font-size:14.0pt\"><a href=\"https:\/\/www.meiofiltrante.com.br\/Noticia\/109873\/dow-tem-o-compromisso-dereduzir-o-plastico-no-meio-ambiente-e-fornecer-solucoes-de-economia-circular-\" style=\"color:blue; text-decoration:underline\">Dow tem o compromisso de reduzir o pl&aacute;stico no meio ambiente e fornecer solu&ccedil;&otilde;es de economia circular<\/a><\/span><\/span><\/span><\/span><\/span><\/span><\/p>\r\n\r\n<p style=\"text-align:justify\"><span style=\"font-size:11pt\"><span style=\"line-height:normal\"><span calibri=\"\" style=\"font-family:\"><a href=\"https:\/\/www.textiletechnology.net\/fibers\/news\/ditf-development-of-fibers-from-recycled-plastics-33022?utm_source=%2Fmeta%2Fnewsletter%2Fnewsletter&amp;utm_medium=newsletter&amp;utm_campaign=nl998&amp;utm_term=0801b20e08c3242125d512808cd74302\" style=\"color:blue; text-decoration:underline\"><span style=\"font-size:14.0pt\">Development of fibers from recycled plastics<\/span><\/a><\/span><\/span><\/span><\/p>\r\n\r\n<p class=\"MsoTitle\" style=\"text-align:justify\"><span style=\"font-size:28pt\"><span cambria=\"\" style=\"font-family:\"><span style=\"letter-spacing:-0.5pt\"><b><span style=\"font-size:18.0pt\"><span calibri=\"\" style=\"font-family:\"><span style=\"font-variant:small-caps\">Inova&ccedil;&atilde;o<\/span><\/span><\/span><\/b><\/span><\/span><\/span><\/p>\r\n\r\n<p style=\"text-align:justify\"><span style=\"font-size:11pt\"><span style=\"line-height:normal\"><span calibri=\"\" style=\"font-family:\"><span class=\"MsoHyperlink\" style=\"color:blue\"><span style=\"text-decoration:underline\"><span style=\"font-size:14.0pt\"><a href=\"https:\/\/www.ufg.br\/n\/161355-ufg-inaugura-centro-de-estudos-em-hidrologia-e-geotecnia-ambiental\" style=\"color:blue; text-decoration:underline\">UFG inaugura Centro de Estudos em Hidrologia e Geotecnia Ambiental<\/a><\/span><\/span><\/span><\/span><\/span><\/span><\/p>\r\n\r\n<p style=\"text-align:justify\"><span style=\"font-size:11pt\"><span style=\"line-height:normal\"><span calibri=\"\" style=\"font-family:\"><span class=\"MsoHyperlink\" style=\"color:blue\"><span style=\"text-decoration:underline\"><span style=\"font-size:14.0pt\"><a href=\"https:\/\/www.braskem.com.br\/detalhe-noticia\/inovacoes-desenvolvidas-junto-a-startups-conferem-a-braskem-destaque-no-ranking-top-100-open-corps-2022\" style=\"color:blue; text-decoration:underline\">Inova&ccedil;&otilde;es desenvolvidas junto a startups conferem &agrave; Braskem destaque no Ranking Top 100 Open Corps 2022<\/a><\/span><\/span><\/span><\/span><\/span><\/span><\/p>\r\n\r\n<p style=\"text-align:justify\"><span style=\"font-size:11pt\"><span style=\"line-height:normal\"><span calibri=\"\" style=\"font-family:\"><span class=\"MsoHyperlink\" style=\"color:blue\"><span style=\"text-decoration:underline\"><span style=\"font-size:14.0pt\"><a href=\"https:\/\/www.noticiasautomotivas.com.br\/audi-desenvolve-filtragem-do-ar-ambiente-em-eletricos\/\" style=\"color:blue; text-decoration:underline\">Audi desenvolve filtragem do ar ambiente em el&eacute;tricos<\/a><\/span><\/span><\/span><\/span><\/span><\/span><\/p>\r\n\r\n<p style=\"text-align:justify\"><span style=\"font-size:11pt\"><span style=\"line-height:normal\"><span calibri=\"\" style=\"font-family:\"><span class=\"MsoHyperlink\" style=\"color:blue\"><span style=\"text-decoration:underline\"><span style=\"font-size:14.0pt\"><a href=\"https:\/\/motor1.uol.com.br\/news\/617079\/salao-automovel-evento-tecnologia-congresso\/\" style=\"color:blue; text-decoration:underline\">Sal&atilde;o do Autom&oacute;vel pode ser trocado por evento de tecnologia automotiva<\/a><\/span><\/span><\/span><\/span><\/span><\/span><\/p>\r\n\r\n<p style=\"text-align:justify\"><span style=\"font-size:11pt\"><span style=\"line-height:normal\"><span calibri=\"\" style=\"font-family:\"><span class=\"MsoHyperlink\" style=\"color:blue\"><span style=\"text-decoration:underline\"><span style=\"font-size:14.0pt\"><a href=\"https:\/\/tissueonline.com.br\/a-nova-moda-e-sustentavel-ja-imaginou-vestir-celulose\/?utm_campaign=newsletter_14102022_novo_modelo&amp;utm_medium=email&amp;utm_source=RD+Station\" style=\"color:blue; text-decoration:underline\">A nova moda &eacute; sustent&aacute;vel: j&aacute; imaginou vestir celulose?<\/a><\/span><\/span><\/span><\/span><\/span><\/span><\/p>\r\n\r\n<p style=\"text-align:justify\"><span style=\"font-size:11pt\"><span style=\"line-height:normal\"><span calibri=\"\" style=\"font-family:\"><span class=\"MsoHyperlink\" style=\"color:blue\"><span style=\"text-decoration:underline\"><span style=\"font-size:14.0pt\"><a href=\"https:\/\/www.textiletechnology.net\/technical-textiles\/trendreports\/p2lab-creating-biomaterials-from-wool-waste-32973?utm_source=%2Fmeta%2Fnewsletter%2Fnewsletter&amp;utm_medium=newsletter&amp;utm_campaign=nl987&amp;utm_term=0801b20e08c3242125d512808cd74302\" style=\"color:blue; text-decoration:underline\">Creating biomaterials from wool waste<\/a><\/span><\/span><\/span><\/span><\/span><\/span><\/p>\r\n\r\n<p style=\"text-align:justify\"><span style=\"font-size:11pt\"><span style=\"line-height:normal\"><span calibri=\"\" style=\"font-family:\"><span class=\"MsoHyperlink\" style=\"color:blue\"><span style=\"text-decoration:underline\"><span style=\"font-size:14.0pt\"><a href=\"https:\/\/www.inovacaotecnologica.com.br\/noticias\/noticia.php?artigo=tecido-termal-esfria-ou-aquece-dependendo-temperatura-ambiente&amp;id=010160221017&amp;ebol=sim#.Y1amn-TMKUk\" style=\"color:blue; text-decoration:underline\">Roupa com gerenciamento t&eacute;rmico<\/a><\/span><\/span><\/span><\/span><\/span><\/span><\/p>\r\n\r\n<p><span style=\"font-size:28pt\"><span cambria=\"\" style=\"font-family:\"><span style=\"letter-spacing:-0.5pt\"><b><span style=\"font-size:18.0pt\"><span calibri=\"\" style=\"font-family:\"><span style=\"font-variant:small-caps\">Com&eacute;rcio Exterior<\/span><\/span><\/span><\/b><\/span><\/span><\/span><\/p>\r\n\r\n<p style=\"text-align:justify\"><span style=\"font-size:11pt\"><span style=\"line-height:normal\"><span calibri=\"\" style=\"font-family:\"><a href=\"https:\/\/noticias.portaldaindustria.com.br\/noticias\/internacional\/mais-de-60-das-empresas-consultadas-foram-altamente-afetadas-pela-logistica-internacional\/\" style=\"color:blue; text-decoration:underline\"><span style=\"font-size:14.0pt\">Mais de 60% das empresas consultadas foram afetadas pela log&iacute;stica internacional<\/span><\/a><\/span><\/span><\/span><\/p>\r\n\r\n<p style=\"text-align:justify\"><span style=\"font-size:11pt\"><span style=\"line-height:normal\"><span calibri=\"\" style=\"font-family:\"><a href=\"https:\/\/noticias.portaldaindustria.com.br\/noticias\/internacional\/principais-entraves-as-exportacoes-brasileiras-estao-relacionados-a-logistica-mostra-pesquisa-da-cni\/\" style=\"color:blue; text-decoration:underline\"><span style=\"font-size:14.0pt\">Principais entraves &agrave;s exporta&ccedil;&otilde;es brasileiras est&atilde;o relacionados &agrave; log&iacute;stica, mostra pesquisa da CNI<\/span><\/a><\/span><\/span><\/span><\/p>\r\n\r\n<p><span style=\"font-size:11pt\"><span style=\"line-height:115%\"><span calibri=\"\" style=\"font-family:\"><a href=\"https:\/\/economia.uol.com.br\/noticias\/estadao-conteudo\/2022\/10\/24\/deficit-na-industria-de-ponta-sobe-28.htm\" style=\"color:blue; text-decoration:underline\"><span style=\"font-size:14.0pt\"><span style=\"line-height:115%\">D&eacute;ficit comercial da ind&uacute;stria de ponta sobre 28%<\/span><\/span><\/a><\/span><\/span><\/span><\/p>\r\n\r\n<p><span style=\"font-size:11pt\"><span style=\"line-height:115%\"><span calibri=\"\" style=\"font-family:\"><span class=\"MsoHyperlink\" style=\"color:blue\"><span style=\"text-decoration:underline\"><span style=\"font-size:14.0pt\"><span style=\"line-height:115%\"><a href=\"https:\/\/economia.uol.com.br\/noticias\/estadao-conteudo\/2022\/10\/24\/exportacoes-da-china-desaceleram-em-setembro-mas-superam-expectativa.htm\" style=\"color:blue; text-decoration:underline\">Exporta&ccedil;&otilde;es da China desaceleram em setembro, mas superam expectativa<\/a><\/span><\/span><\/span><\/span><\/span><\/span><\/span><\/p>\r\n\r\n<p style=\"text-align:justify\"><span style=\"font-size:11pt\"><span style=\"line-height:normal\"><span calibri=\"\" style=\"font-family:\"><a href=\"https:\/\/exclusivo.com.br\/_conteudo\/negocios\/2022\/10\/06\/exportacoes-de-calcados-ate-setembro-ja-superam-todo-2021.html?utm_campaign=News+14%2F10%2F2022&amp;utm_content=Exporta%C3%A7%C3%B5es+de+cal%C3%A7ados+at%C3%A9+setembro+j%C3%A1+superam+todo+2021+-+Jornal+Exclusivo+%283%29&amp;utm_medium=email&amp;utm_source=EmailMarketing&amp;utm_term=News+14%2F10%2F2022\" style=\"color:blue; text-decoration:underline\"><span style=\"font-size:14.0pt\">Exporta&ccedil;&otilde;es de cal&ccedil;ados at&eacute; setembro j&aacute; superam todo 2021<\/span><\/a><\/span><\/span><\/span><\/p>\r\n\r\n<p class=\"MsoTitle\" style=\"text-align:justify\"><span style=\"font-size:28pt\"><span cambria=\"\" style=\"font-family:\"><span style=\"letter-spacing:-0.5pt\"><b><span style=\"font-size:18.0pt\"><span calibri=\"\" style=\"font-family:\"><span style=\"font-variant:small-caps\">Economia<\/span><\/span><\/span><\/b><\/span><\/span><\/span><\/p>\r\n\r\n<p style=\"text-align:justify\"><span style=\"font-size:11pt\"><span style=\"line-height:normal\"><span calibri=\"\" style=\"font-family:\"><a href=\"https:\/\/www.bcb.gov.br\/content\/focus\/focus\/R20221007.pdf\" style=\"color:blue; text-decoration:underline\"><span style=\"font-size:14.0pt\">Focus - Relat&oacute;rio de Mercado<\/span><\/a><\/span><\/span><\/span><\/p>\r\n\r\n<p style=\"text-align:justify\"><span style=\"font-size:11pt\"><span style=\"line-height:normal\"><span calibri=\"\" style=\"font-family:\"><a href=\"https:\/\/agenciabrasil.ebc.com.br\/economia\/noticia\/2022-10\/mercado-eleva-projecao-para-crescimento-da-economia-em-2022\" style=\"color:blue; text-decoration:underline\"><span style=\"font-size:14.0pt\">Mercado eleva proje&ccedil;&atilde;o para crescimento da economia em 2022<\/span><\/a><\/span><\/span><\/span><\/p>\r\n\r\n<p style=\"text-align:justify\"><span style=\"font-size:11pt\"><span style=\"line-height:normal\"><span calibri=\"\" style=\"font-family:\"><a href=\"https:\/\/www.bcb.gov.br\/conteudo\/relatorioinflacao\/EstudosEspeciais\/EE117_Indice_de_pressao_nas_cadeias_de_suprimentos_brasileiras.pdf\" style=\"color:blue; text-decoration:underline\"><span style=\"font-size:14.0pt\">&Iacute;ndice de press&atilde;o nas cadeias de suprimentos brasileiras<\/span><\/a><\/span><\/span><\/span><\/p>\r\n\r\n<p style=\"text-align:justify\"><span style=\"font-size:11pt\"><span style=\"line-height:normal\"><span calibri=\"\" style=\"font-family:\"><a href=\"https:\/\/www.rtp.pt\/noticias\/economia\/economistas-apontam-para-fim-da-era-de-altas-taxas-de-crescimento-da-china_n1440625\" style=\"color:blue; text-decoration:underline\"><span style=\"font-size:14.0pt\">Economistas apontam para fim da era de altas taxas de crescimento da China<\/span><\/a><\/span><\/span><\/span><\/p>\r\n","6":"<p style=\"text-align:justify\"><span style=\"font-size:11pt\"><span style=\"line-height:normal\"><span calibri=\"\" style=\"font-family:\"><span style=\"font-size:14.0pt\">Esta &eacute; uma compila&ccedil;&atilde;o das not&iacute;cias mais relevantes para o setor, incluindo informa&ccedil;&otilde;es sobre acordos internacionais, economia brasileira, sustentabilidade e mat&eacute;rias primas, al&eacute;m de novidades do setor de N&atilde;otecidos e Tecidos T&eacute;cnicos.<\/span><\/span><\/span><\/span><\/p>\r\n\r\n<p class=\"MsoTitleCxSpLast\" style=\"text-align:justify\"><span style=\"font-size:28pt\"><span cambria=\"\" style=\"font-family:\"><span style=\"letter-spacing:-0.5pt\"><b><span style=\"font-size:18.0pt\"><span calibri=\"\" style=\"font-family:\"><span style=\"font-variant:small-caps\">A&ccedil;&otilde;es da ABINT<\/span><\/span><\/span><\/b><\/span><\/span><\/span><\/p>\r\n\r\n<p style=\"text-align:justify\"><span style=\"font-size:11pt\"><span style=\"line-height:normal\"><span calibri=\"\" style=\"font-family:\"><span class=\"MsoHyperlink\" style=\"color:blue\"><span style=\"text-decoration:underline\"><b><span style=\"font-size:14.0pt\"><span style=\"text-decoration:none\"><span style=\"text-underline:none\">Curso ABINT Tecnologia dos N&atilde;otecidos<\/span><\/span><\/span><\/b><\/span><\/span> <a href=\"https:\/\/pt.surveymonkey.com\/r\/inscricaocurso\" style=\"color:blue; text-decoration:underline\"><b><span style=\"font-size:14.0pt\">INSCREVA-SE<\/span><\/b><\/a><span class=\"MsoHyperlink\" style=\"color:blue\"><span style=\"text-decoration:underline\"><span style=\"font-size:14.0pt\"><span style=\"text-decoration:none\"><span style=\"text-underline:none\"> <b>para as pr&oacute;ximas turmas!<\/b><\/span><\/span><\/span><\/span><\/span><\/span><\/span><\/span><\/p>\r\n\r\n<p style=\"text-align:justify\">&nbsp;<\/p>\r\n\r\n<p style=\"text-align:justify\"><span style=\"font-size:11pt\"><span style=\"line-height:normal\"><span calibri=\"\" style=\"font-family:\"><span class=\"MsoHyperlink\" style=\"color:blue\"><span style=\"text-decoration:underline\"><span style=\"font-size:14.0pt\"><span style=\"text-decoration:none\"><span style=\"text-underline:none\"><b><img src=\"https:\/\/www.abint.org.br\/assets\/img\/editor\/congresso-internacional-abit-2022_20221025115913s6dvPhAgj0.png\" \/><\/b><\/span><\/span><\/span><\/span><\/span><\/span><\/span><\/span><\/p>\r\n\r\n<p style=\"text-align:justify\"><span class=\"MsoHyperlink\" style=\"color:blue\"><span style=\"text-decoration:underline\"><b><span style=\"font-size:14.0pt\"><span style=\"line-height:115%\"><span calibri=\"\" style=\"font-family:\"><span style=\"text-decoration:none\"><span style=\"text-underline:none\">A ABINT &eacute; uma das patrocinadoras do Congresso Internacional ABIT 2022<\/span><\/span><\/span><\/span><\/span><\/b><\/span><\/span><span class=\"MsoHyperlink\" style=\"color:blue\"><span style=\"text-decoration:underline\"><span style=\"font-size:14.0pt\"><span style=\"line-height:115%\"><span calibri=\"\" style=\"font-family:\"><span style=\"text-decoration:none\"><span style=\"text-underline:none\">, evento 100% presencial, que ocorrer&aacute; dias <b>03 e 04 de novembro<\/b>, em Belo Horizonte, MG. <\/span><\/span><\/span><\/span><\/span><\/span><\/span><span style=\"font-size:11.0pt\"><span style=\"line-height:115%\"><span calibri=\"\" style=\"font-family:\"><a href=\"https:\/\/www.congressoabit.com.br\/\" style=\"color:blue; text-decoration:underline\"><span style=\"font-size:14.0pt\"><span style=\"line-height:115%\">Informa&ccedil;&otilde;es<\/span><\/span><\/a><\/span><\/span><\/span><\/p>\r\n\r\n<p style=\"text-align:justify\">&nbsp;<\/p>\r\n\r\n<p style=\"text-align:justify\"><span style=\"font-size:11.0pt\"><span style=\"line-height:115%\"><span calibri=\"\" style=\"font-family:\"><span style=\"font-size:14.0pt\"><span style=\"line-height:115%\"><img height=\"566\" src=\"https:\/\/www.abint.org.br\/assets\/img\/editor\/partnerkit-conahp-quad-cth-abint_20221025115950dV6KO9lF4b.png\" width=\"566\" \/><\/span><\/span><\/span><\/span><\/span><\/p>\r\n\r\n<p style=\"text-align:justify\"><span class=\"MsoHyperlink\" style=\"color:blue\"><span style=\"text-decoration:underline\"><span style=\"font-size:14.0pt\"><span style=\"line-height:115%\"><span calibri=\"\" style=\"font-family:\"><span style=\"text-decoration:none\"><span style=\"text-underline:none\">O <b>CTH ABINT<\/b> &eacute; patrocinador do <b>CONAHP 2022 - Congresso Nacional de Hospitais Privados<\/b>, evento que ocorrer&aacute; <b>presencialmente nos dias 10 e 11 de novembro, Transam&eacute;rica Expo Center<\/b>, S&atilde;o Paulo, SP. <\/span><\/span><\/span><\/span><\/span><\/span><\/span><span style=\"font-size:11.0pt\"><span style=\"line-height:115%\"><span calibri=\"\" style=\"font-family:\"><a href=\"https:\/\/conahp.org.br\/2022\/\" style=\"color:blue; text-decoration:underline\"><span style=\"font-size:14.0pt\"><span style=\"line-height:115%\">Informa&ccedil;&otilde;es <\/span><\/span><\/a><\/span><\/span><\/span><\/p>\r\n\r\n<p style=\"text-align:justify\">&nbsp;<\/p>\r\n\r\n<p style=\"text-align:justify\"><a href=\"https:\/\/geossinteticos.org.br\/premiotccic\"><img height=\"559\" src=\"https:\/\/www.abint.org.br\/assets\/img\/editor\/premio-tcc-ic-2023-arte-1_20221025120058zCBxEsUuAr.png\" width=\"559\" \/><\/a><\/p>\r\n\r\n<p style=\"text-align:justify\">&nbsp;<\/p>\r\n\r\n<p style=\"text-align:justify\"><span style=\"font-size:11pt\"><span style=\"line-height:normal\"><span calibri=\"\" style=\"font-family:\"><b><span style=\"font-size:18.0pt\"><span style=\"font-variant:small-caps\">Eventos<\/span><\/span><\/b><\/span><\/span><\/span><\/p>\r\n\r\n<p style=\"text-align:justify\"><span style=\"font-size:11pt\"><span style=\"line-height:normal\"><span calibri=\"\" style=\"font-family:\"><span class=\"MsoHyperlink\" style=\"color:blue\"><span style=\"text-decoration:underline\"><b><span style=\"font-size:14.0pt\"><span style=\"text-decoration:none\"><span style=\"text-underline:none\">THE Congress &ndash; NATURALfiberEXTRACTION<\/span><\/span><\/span><\/b><\/span><\/span><span class=\"MsoHyperlink\" style=\"color:blue\"><span style=\"text-decoration:underline\"><span style=\"font-size:14.0pt\"><span style=\"text-decoration:none\"><span style=\"text-underline:none\">, 26 de outubro de 2022, Stuttgart. <\/span><\/span><\/span><\/span><\/span><a href=\"https:\/\/www.afbw.eu\/aktuelles\/veranstaltungen\/details\/the-congress-naturalfiberpulping\/\" style=\"color:blue; text-decoration:underline\"><span style=\"font-size:14.0pt\">Informa&ccedil;&otilde;es<\/span><\/a><span class=\"MsoHyperlink\" style=\"color:blue\"><span style=\"text-decoration:underline\"><span style=\"font-size:14.0pt\"><span style=\"text-decoration:none\"><span style=\"text-underline:none\">.<\/span><\/span><\/span><\/span><\/span><\/span><\/span><\/span><\/p>\r\n\r\n<p style=\"text-align:justify\"><span style=\"font-size:11pt\"><span style=\"line-height:normal\"><span calibri=\"\" style=\"font-family:\"><span class=\"MsoHyperlink\" style=\"color:blue\"><span style=\"text-decoration:underline\"><b><span style=\"font-size:14.0pt\"><span style=\"text-decoration:none\"><span style=\"text-underline:none\">Innovate: Zero Carbon, Textiles&#39; journey to zero carbon<\/span><\/span><\/span><\/b><\/span><\/span><\/span><\/span><\/span><\/p>\r\n\r\n<p style=\"text-align:justify\"><span style=\"font-size:11pt\"><span style=\"line-height:normal\"><span calibri=\"\" style=\"font-family:\"><span class=\"MsoHyperlink\" style=\"color:blue\"><span style=\"text-decoration:underline\"><span style=\"font-size:14.0pt\"><span style=\"text-decoration:none\"><span style=\"text-underline:none\">When: 1-3 Nov 2022<\/span><\/span><\/span><\/span><\/span><\/span><\/span><\/span><\/p>\r\n\r\n<p style=\"text-align:justify\"><span style=\"font-size:11pt\"><span style=\"line-height:normal\"><span calibri=\"\" style=\"font-family:\"><span class=\"MsoHyperlink\" style=\"color:blue\"><span style=\"text-decoration:underline\"><span style=\"font-size:14.0pt\"><span style=\"text-decoration:none\"><span style=\"text-underline:none\">What time: 13:00&ndash;17:00 UTC \/ 9:00&ndash;13:00 EDT<\/span><\/span><\/span><\/span><\/span><\/span><\/span><\/span><\/p>\r\n\r\n<p style=\"text-align:justify\"><span style=\"font-size:11pt\"><span style=\"line-height:normal\"><span calibri=\"\" style=\"font-family:\"><span class=\"MsoHyperlink\" style=\"color:blue\"><span style=\"text-decoration:underline\"><span style=\"font-size:14.0pt\"><span style=\"text-decoration:none\"><span style=\"text-underline:none\">Where: Virtual, <\/span><\/span><\/span><\/span><\/span><a href=\"https:\/\/events.wtin.com\/event\/f5bac4f2-d902-41ba-9153-a4d80622877c\/summary\" style=\"color:blue; text-decoration:underline\"><span style=\"font-size:14.0pt\">events.wtin.com\/innovate<\/span><\/a><\/span><\/span><\/span><\/p>\r\n\r\n<p style=\"text-align:justify\"><span style=\"font-size:11pt\"><span style=\"line-height:115%\"><span calibri=\"\" style=\"font-family:\"><b><span style=\"font-size:14.0pt\"><span style=\"line-height:115%\">FIESP | Encontro Research to Business Brazil-Italy<\/span><\/span><\/b><span style=\"font-size:14.0pt\"><span style=\"line-height:115%\">, 04 de novembro, 08h30 &agrave;s 12h00. <\/span><\/span><a href=\"https:\/\/www.fiesp.com.br\/agenda\/encontro-research-to-business-brazil-italy\/\" style=\"color:blue; text-decoration:underline\"><span style=\"font-size:14.0pt\"><span style=\"line-height:115%\">Informa&ccedil;&otilde;es<\/span><\/span><\/a><\/span><\/span><\/span><\/p>\r\n\r\n<p class=\"MsoTitle\" style=\"text-align:justify\"><span style=\"font-size:28pt\"><span cambria=\"\" style=\"font-family:\"><span style=\"letter-spacing:-0.5pt\"><b><span style=\"font-size:18.0pt\"><span calibri=\"\" style=\"font-family:\"><span style=\"font-variant:small-caps\">Setor<\/span><\/span><\/span><\/b><\/span><\/span><\/span><\/p>\r\n\r\n<p style=\"text-align:justify\"><span style=\"font-size:11pt\"><span style=\"line-height:normal\"><span calibri=\"\" style=\"font-family:\"><a href=\"https:\/\/app.rdstation.email\/mail\/96ad3b89-ad5c-4d59-be3d-709b3920c80b\" style=\"color:blue; text-decoration:underline\"><span style=\"font-size:14.0pt\">Abit elege presidente para o tri&ecirc;nio 2023-2025<\/span><\/a><\/span><\/span><\/span><\/p>\r\n\r\n<p style=\"text-align:justify\"><span style=\"font-size:11pt\"><span style=\"line-height:normal\"><span calibri=\"\" style=\"font-family:\"><a href=\"https:\/\/www.textiletechnology.net\/technology\/news\/itmf-business-situation-and-expectation-grow-negative-33030?utm_source=%2Fmeta%2Fnewsletter%2Fnewsletter&amp;utm_medium=newsletter&amp;utm_campaign=nl998&amp;utm_term=0801b20e08c3242125d512808cd74302\" style=\"color:blue; text-decoration:underline\"><span style=\"font-size:14.0pt\">Business situation and expectation grow negative<\/span><\/a><\/span><\/span><\/span><\/p>\r\n\r\n<p style=\"text-align:justify\"><span style=\"font-size:11pt\"><span style=\"line-height:normal\"><span calibri=\"\" style=\"font-family:\"><a href=\"https:\/\/revistanews.com.br\/2022\/10\/21\/cipatex-lanca-linha-facto-garden-de-revestimentos-para-ambientes-externos\/\" style=\"color:blue; text-decoration:underline\"><span style=\"font-size:14.0pt\">Cipatex lan&ccedil;a linha Facto Garden de revestimentos para ambientes externos<\/span><\/a><\/span><\/span><\/span><\/p>\r\n\r\n<p style=\"text-align:justify\"><span style=\"font-size:11pt\"><span style=\"line-height:115%\"><span calibri=\"\" style=\"font-family:\"><a href=\"https:\/\/www.nonwovens-industry.com\/contents\/view_breaking-news\/2022-10-20\/freudenberg-complete-fuel-cell-technology-contract?utm_campaign=NON+eNewsletter&amp;utm_medium=email&amp;_hsmi=230553317&amp;_hsenc=p2ANqtz-8RmU9D6XmXnYbd1Klg29FzHPaSyHtswq8652qCyGjro5q5-BfjzKoQMIgERVwOfiEyuHPcVeAdicpkCOnf1HfPZracSg&amp;utm_content=230553317&amp;utm_source=hs_email\" style=\"color:blue; text-decoration:underline\"><span style=\"font-size:14.0pt\"><span style=\"line-height:115%\">Freudenberg Completes Fuel Cell Technology Contract<\/span><\/span><\/a><\/span><\/span><\/span><\/p>\r\n\r\n<p style=\"text-align:justify\"><span style=\"font-size:11pt\"><span style=\"line-height:115%\"><span calibri=\"\" style=\"font-family:\"><a href=\"https:\/\/www.textiletechnology.net\/nonwovens\/news\/suominen-premium-nonwovens-with-a-unique-tri-layer-structure-33001?utm_source=%2Fmeta%2Fnewsletter%2Fnewsletter&amp;utm_medium=newsletter&amp;utm_campaign=nl993&amp;utm_term=0801b20e08c3242125d512808cd74302\" style=\"color:blue; text-decoration:underline\"><span style=\"font-size:14.0pt\"><span style=\"line-height:115%\">Suominen: Premium nonwovens with a unique tri-layer structure<\/span><\/span><\/a><\/span><\/span><\/span><\/p>\r\n\r\n<p style=\"text-align:justify\"><span style=\"font-size:11pt\"><span style=\"line-height:115%\"><span calibri=\"\" style=\"font-family:\"><a href=\"https:\/\/plasticosemrevista.com.br\/rentabilidade-de-pp-e-pe-colapsa-no-mercado-mundial\/\" style=\"color:blue; text-decoration:underline\"><span style=\"font-size:14.0pt\"><span style=\"line-height:115%\">Rentabilidade de PP e PE colapsa no mercado mundial<\/span><\/span><\/a><\/span><\/span><\/span><\/p>\r\n\r\n<p style=\"text-align:justify\"><span style=\"font-size:11pt\"><span style=\"line-height:115%\"><span calibri=\"\" style=\"font-family:\"><a href=\"https:\/\/www.technicaltextile.net\/news\/swiss-nonwoven-fair-index23-to-encourage-innovation-through-challenges-283679.html\" style=\"color:blue; text-decoration:underline\"><span style=\"font-size:14.0pt\"><span style=\"line-height:115%\">Swiss nonwoven fair Index23 to encourage innovation through challenges<\/span><\/span><\/a><\/span><\/span><\/span><\/p>\r\n\r\n<p class=\"MsoTitle\" style=\"text-align:justify\"><span style=\"font-size:28pt\"><span cambria=\"\" style=\"font-family:\"><span style=\"letter-spacing:-0.5pt\"><b><span style=\"font-size:18.0pt\"><span calibri=\"\" style=\"font-family:\"><span style=\"font-variant:small-caps\">Ind&uacute;stria<\/span><\/span><\/span><\/b><\/span><\/span><\/span><\/p>\r\n\r\n<p style=\"text-align:justify\"><span style=\"font-size:11pt\"><span style=\"line-height:normal\"><span calibri=\"\" style=\"font-family:\"><a href=\"https:\/\/www.autodata.com.br\/noticias\/2022\/10\/18\/mercado-perde-folego-na-primeira-quinzena-de-outubro\/47299\/\" style=\"color:blue; text-decoration:underline\"><span style=\"font-size:14.0pt\">Autos: mercado perde f&ocirc;lego na primeira quinzena de outubro<\/span><\/a><\/span><\/span><\/span><\/p>\r\n\r\n<p style=\"text-align:justify\"><span style=\"font-size:11pt\"><span style=\"line-height:normal\"><span calibri=\"\" style=\"font-family:\"><a href=\"https:\/\/www.terra.com.br\/noticias\/bom-momento-da-construcao-civil-deixa-mercado-otimista,ea81a5ff4037d446335bd363c85a5581gb07z7ex.html\" style=\"color:blue; text-decoration:underline\"><span style=\"font-size:14.0pt\">Bom momento da constru&ccedil;&atilde;o civil deixa mercado otimista<\/span><\/a><\/span><\/span><\/span><\/p>\r\n\r\n<p style=\"text-align:justify\"><span style=\"font-size:11pt\"><span style=\"line-height:normal\"><span calibri=\"\" style=\"font-family:\"><a href=\"https:\/\/mercadoeconsumo.com.br\/24\/10\/2022\/artigos\/um-cenario-positivo-para-o-consumo-e-o-varejo-2\/?utm_campaign=news_2410_-_geral&amp;utm_medium=email&amp;utm_source=RD+Station\" style=\"color:blue; text-decoration:underline\"><span style=\"font-size:14.0pt\">Um cen&aacute;rio positivo para o consumo e o varejo<\/span><\/a><\/span><\/span><\/span><\/p>\r\n\r\n<p style=\"text-align:justify\"><span style=\"font-size:11pt\"><span style=\"line-height:115%\"><span calibri=\"\" style=\"font-family:\"><a href=\"https:\/\/noticias.portaldaindustria.com.br\/noticias\/infraestrutura\/38-das-industrias-mudariam-operacao-de-rodovia-para-outro-modal\/\" style=\"color:blue; text-decoration:underline\"><span style=\"font-size:14.0pt\"><span style=\"line-height:115%\">38% das ind&uacute;strias mudariam opera&ccedil;&atilde;o de rodovia para outro modal<\/span><\/span><\/a><\/span><\/span><\/span><\/p>\r\n\r\n<p style=\"text-align:justify\"><span style=\"font-size:11pt\"><span style=\"line-height:115%\"><span calibri=\"\" style=\"font-family:\"><a href=\"https:\/\/noticias.portaldaindustria.com.br\/noticias\/inovacao-e-tecnologia\/a-evolucao-dos-dados-cni-apresenta-observatorio-nacional-da-industria\/\" style=\"color:blue; text-decoration:underline\"><span style=\"font-size:14.0pt\"><span style=\"line-height:115%\">A evolu&ccedil;&atilde;o dos dados: CNI apresenta Observat&oacute;rio Nacional da Ind&uacute;stria<\/span><\/span><\/a><\/span><\/span><\/span><\/p>\r\n\r\n<p style=\"text-align:justify\"><span style=\"font-size:11pt\"><span style=\"line-height:normal\"><span calibri=\"\" style=\"font-family:\"><a href=\"https:\/\/www.eiu.com\/n\/energy-crisis-will-erode-europe-competitiveness-in-2023\/?utm_source=mkt-newsletter&amp;utm_medium=email&amp;utm_campaign=foce&amp;utm_content=14-october-2022&amp;mkt_tok=NzUzLVJJUS00MzgAAAGHdY8Q78vnDa_09iyAFAQP6Cnz5uvRYrP6K4KZ0BNQPY8xfC1ke8R4H6m_Y-T0cBlVH_vRwWmDWxhzLxF43OlgSbakso9z6qstRCyez16hBj3tCQ\" style=\"color:blue; text-decoration:underline\"><span style=\"font-size:14.0pt\">Energy crisis will erode Europe&rsquo;s competitiveness in 2023<\/span><\/a><\/span><\/span><\/span><\/p>\r\n\r\n<p style=\"text-align:justify\"><span style=\"font-size:11pt\"><span style=\"line-height:normal\"><span calibri=\"\" style=\"font-family:\"><a href=\"https:\/\/www.businessinsider.com\/next-recession-forecast-economic-outlook-sugar-high-make-2023-miserable-2022-10?nr_email_referer=1&amp;utm_source=Sailthru&amp;utm_medium=email&amp;utm_content=BIPrime_Sunday&amp;utm_campaign=Post%20Blast%20%20:%20Warehouses%20and%20employers%20like%20Amazon%20bring%20new%20jobs%20and%20higher%20wages%20for%20some%20blue-collar%20workers%2C%20but%20they%20can%20be%20hard%20on%20cities%20%E2%80%94%20and%20on%20the%20human%20body&amp;utm_term=Insider%20Weekly%20for%20delayed%20newsletters\" style=\"color:blue; text-decoration:underline\"><span style=\"font-size:14.0pt\">The US economy is still running on a post-COVID sugar high that&#39;s about to run out and make 2023 feel miserable<\/span><\/a><\/span><\/span><\/span><\/p>\r\n\r\n<p class=\"MsoTitle\" style=\"text-align:justify\"><span style=\"font-size:28pt\"><span cambria=\"\" style=\"font-family:\"><span style=\"letter-spacing:-0.5pt\"><b><span style=\"font-size:18.0pt\"><span calibri=\"\" style=\"font-family:\"><span style=\"font-variant:small-caps\">Sustentabilidade<\/span><\/span><\/span><\/b><\/span><\/span><\/span><\/p>\r\n\r\n<p style=\"text-align:justify\"><span style=\"font-size:11pt\"><span style=\"line-height:normal\"><span calibri=\"\" style=\"font-family:\"><span class=\"MsoHyperlink\" style=\"color:blue\"><span style=\"text-decoration:underline\"><span style=\"font-size:14.0pt\"><a href=\"https:\/\/www.meiofiltrante.com.br\/Noticia\/109859\/somente-2-dos-825-milhoes-de-toneladas-de-residuos-solidos-urbanos--sao-reciclados-por-ano-\" style=\"color:blue; text-decoration:underline\">Somente 2% dos 82,5 milh&otilde;es de toneladas de res&iacute;duos s&oacute;lidos urbanos s&atilde;o reciclados por ano<\/a><\/span><\/span><\/span><\/span><\/span><\/span><\/p>\r\n\r\n<p style=\"text-align:justify\"><span style=\"font-size:11pt\"><span style=\"line-height:normal\"><span calibri=\"\" style=\"font-family:\"><a href=\"https:\/\/grandesconstrucoes.com.br\/Noticias\/Exibir\/praticas-sustentaveis-estao-em-alta-na-construcao-civil?utm_source=akna&amp;utm_medium=email&amp;utm_campaign=Grandes-Construcoes-Informativo-834-20-10-2022&amp;utm_source=akna&amp;utm_medium=email&amp;utm_campaign=Grandes-Construcoes-Informativo-834-20-10-2022\" style=\"color:blue; text-decoration:underline\"><span style=\"font-size:14.0pt\">Pr&aacute;ticas sustent&aacute;veis est&atilde;o em alta na constru&ccedil;&atilde;o civil<\/span><\/a><\/span><\/span><\/span><\/p>\r\n\r\n<p style=\"text-align:justify\"><span style=\"font-size:11pt\"><span style=\"line-height:normal\"><span calibri=\"\" style=\"font-family:\"><a href=\"https:\/\/grandesconstrucoes.com.br\/Noticias\/Exibir\/a-evolucao-do-credito-de-carbono-na-construcao-civil?utm_source=akna&amp;utm_medium=email&amp;utm_campaign=Grandes-Construcoes-Informativo-834-20-10-2022&amp;utm_source=akna&amp;utm_medium=email&amp;utm_campaign=Grandes-Construcoes-Informativo-834-20-10-2022\" style=\"color:blue; text-decoration:underline\"><span style=\"font-size:14.0pt\">A evolu&ccedil;&atilde;o do cr&eacute;dito de carbono na constru&ccedil;&atilde;o civil<\/span><\/a><\/span><\/span><\/span><\/p>\r\n\r\n<p style=\"text-align:justify\"><span style=\"font-size:11pt\"><span style=\"line-height:normal\"><span calibri=\"\" style=\"font-family:\"><a href=\"https:\/\/grandesconstrucoes.com.br\/Noticias\/Exibir\/ferramenta-mede-sustentabilidade-de-obras?utm_source=akna&amp;utm_medium=email&amp;utm_campaign=Grandes-Construcoes-Informativo-834-20-10-2022&amp;utm_source=akna&amp;utm_medium=email&amp;utm_campaign=Grandes-Construcoes-Informativo-834-20-10-2022\" style=\"color:blue; text-decoration:underline\"><span style=\"font-size:14.0pt\">Ferramenta mede sustentabilidade de obras<\/span><\/a><\/span><\/span><\/span><\/p>\r\n\r\n<p style=\"text-align:justify\"><span style=\"font-size:11pt\"><span style=\"line-height:normal\"><span calibri=\"\" style=\"font-family:\"><span class=\"MsoHyperlink\" style=\"color:blue\"><span style=\"text-decoration:underline\"><span style=\"font-size:14.0pt\"><a href=\"https:\/\/www.meiofiltrante.com.br\/Noticia\/109873\/dow-tem-o-compromisso-dereduzir-o-plastico-no-meio-ambiente-e-fornecer-solucoes-de-economia-circular-\" style=\"color:blue; text-decoration:underline\">Dow tem o compromisso de reduzir o pl&aacute;stico no meio ambiente e fornecer solu&ccedil;&otilde;es de economia circular<\/a><\/span><\/span><\/span><\/span><\/span><\/span><\/p>\r\n\r\n<p style=\"text-align:justify\"><span style=\"font-size:11pt\"><span style=\"line-height:normal\"><span calibri=\"\" style=\"font-family:\"><a href=\"https:\/\/www.textiletechnology.net\/fibers\/news\/ditf-development-of-fibers-from-recycled-plastics-33022?utm_source=%2Fmeta%2Fnewsletter%2Fnewsletter&amp;utm_medium=newsletter&amp;utm_campaign=nl998&amp;utm_term=0801b20e08c3242125d512808cd74302\" style=\"color:blue; text-decoration:underline\"><span style=\"font-size:14.0pt\">Development of fibers from recycled plastics<\/span><\/a><\/span><\/span><\/span><\/p>\r\n\r\n<p class=\"MsoTitle\" style=\"text-align:justify\"><span style=\"font-size:28pt\"><span cambria=\"\" style=\"font-family:\"><span style=\"letter-spacing:-0.5pt\"><b><span style=\"font-size:18.0pt\"><span calibri=\"\" style=\"font-family:\"><span style=\"font-variant:small-caps\">Inova&ccedil;&atilde;o<\/span><\/span><\/span><\/b><\/span><\/span><\/span><\/p>\r\n\r\n<p style=\"text-align:justify\"><span style=\"font-size:11pt\"><span style=\"line-height:normal\"><span calibri=\"\" style=\"font-family:\"><span class=\"MsoHyperlink\" style=\"color:blue\"><span style=\"text-decoration:underline\"><span style=\"font-size:14.0pt\"><a href=\"https:\/\/www.ufg.br\/n\/161355-ufg-inaugura-centro-de-estudos-em-hidrologia-e-geotecnia-ambiental\" style=\"color:blue; text-decoration:underline\">UFG inaugura Centro de Estudos em Hidrologia e Geotecnia Ambiental<\/a><\/span><\/span><\/span><\/span><\/span><\/span><\/p>\r\n\r\n<p style=\"text-align:justify\"><span style=\"font-size:11pt\"><span style=\"line-height:normal\"><span calibri=\"\" style=\"font-family:\"><span class=\"MsoHyperlink\" style=\"color:blue\"><span style=\"text-decoration:underline\"><span style=\"font-size:14.0pt\"><a href=\"https:\/\/www.braskem.com.br\/detalhe-noticia\/inovacoes-desenvolvidas-junto-a-startups-conferem-a-braskem-destaque-no-ranking-top-100-open-corps-2022\" style=\"color:blue; text-decoration:underline\">Inova&ccedil;&otilde;es desenvolvidas junto a startups conferem &agrave; Braskem destaque no Ranking Top 100 Open Corps 2022<\/a><\/span><\/span><\/span><\/span><\/span><\/span><\/p>\r\n\r\n<p style=\"text-align:justify\"><span style=\"font-size:11pt\"><span style=\"line-height:normal\"><span calibri=\"\" style=\"font-family:\"><span class=\"MsoHyperlink\" style=\"color:blue\"><span style=\"text-decoration:underline\"><span style=\"font-size:14.0pt\"><a href=\"https:\/\/www.noticiasautomotivas.com.br\/audi-desenvolve-filtragem-do-ar-ambiente-em-eletricos\/\" style=\"color:blue; text-decoration:underline\">Audi desenvolve filtragem do ar ambiente em el&eacute;tricos<\/a><\/span><\/span><\/span><\/span><\/span><\/span><\/p>\r\n\r\n<p style=\"text-align:justify\"><span style=\"font-size:11pt\"><span style=\"line-height:normal\"><span calibri=\"\" style=\"font-family:\"><span class=\"MsoHyperlink\" style=\"color:blue\"><span style=\"text-decoration:underline\"><span style=\"font-size:14.0pt\"><a href=\"https:\/\/motor1.uol.com.br\/news\/617079\/salao-automovel-evento-tecnologia-congresso\/\" style=\"color:blue; text-decoration:underline\">Sal&atilde;o do Autom&oacute;vel pode ser trocado por evento de tecnologia automotiva<\/a><\/span><\/span><\/span><\/span><\/span><\/span><\/p>\r\n\r\n<p style=\"text-align:justify\"><span style=\"font-size:11pt\"><span style=\"line-height:normal\"><span calibri=\"\" style=\"font-family:\"><span class=\"MsoHyperlink\" style=\"color:blue\"><span style=\"text-decoration:underline\"><span style=\"font-size:14.0pt\"><a href=\"https:\/\/tissueonline.com.br\/a-nova-moda-e-sustentavel-ja-imaginou-vestir-celulose\/?utm_campaign=newsletter_14102022_novo_modelo&amp;utm_medium=email&amp;utm_source=RD+Station\" style=\"color:blue; text-decoration:underline\">A nova moda &eacute; sustent&aacute;vel: j&aacute; imaginou vestir celulose?<\/a><\/span><\/span><\/span><\/span><\/span><\/span><\/p>\r\n\r\n<p style=\"text-align:justify\"><span style=\"font-size:11pt\"><span style=\"line-height:normal\"><span calibri=\"\" style=\"font-family:\"><span class=\"MsoHyperlink\" style=\"color:blue\"><span style=\"text-decoration:underline\"><span style=\"font-size:14.0pt\"><a href=\"https:\/\/www.textiletechnology.net\/technical-textiles\/trendreports\/p2lab-creating-biomaterials-from-wool-waste-32973?utm_source=%2Fmeta%2Fnewsletter%2Fnewsletter&amp;utm_medium=newsletter&amp;utm_campaign=nl987&amp;utm_term=0801b20e08c3242125d512808cd74302\" style=\"color:blue; text-decoration:underline\">Creating biomaterials from wool waste<\/a><\/span><\/span><\/span><\/span><\/span><\/span><\/p>\r\n\r\n<p style=\"text-align:justify\"><span style=\"font-size:11pt\"><span style=\"line-height:normal\"><span calibri=\"\" style=\"font-family:\"><span class=\"MsoHyperlink\" style=\"color:blue\"><span style=\"text-decoration:underline\"><span style=\"font-size:14.0pt\"><a href=\"https:\/\/www.inovacaotecnologica.com.br\/noticias\/noticia.php?artigo=tecido-termal-esfria-ou-aquece-dependendo-temperatura-ambiente&amp;id=010160221017&amp;ebol=sim#.Y1amn-TMKUk\" style=\"color:blue; text-decoration:underline\">Roupa com gerenciamento t&eacute;rmico<\/a><\/span><\/span><\/span><\/span><\/span><\/span><\/p>\r\n\r\n<p><span style=\"font-size:28pt\"><span cambria=\"\" style=\"font-family:\"><span style=\"letter-spacing:-0.5pt\"><b><span style=\"font-size:18.0pt\"><span calibri=\"\" style=\"font-family:\"><span style=\"font-variant:small-caps\">Com&eacute;rcio Exterior<\/span><\/span><\/span><\/b><\/span><\/span><\/span><\/p>\r\n\r\n<p style=\"text-align:justify\"><span style=\"font-size:11pt\"><span style=\"line-height:normal\"><span calibri=\"\" style=\"font-family:\"><a href=\"https:\/\/noticias.portaldaindustria.com.br\/noticias\/internacional\/mais-de-60-das-empresas-consultadas-foram-altamente-afetadas-pela-logistica-internacional\/\" style=\"color:blue; text-decoration:underline\"><span style=\"font-size:14.0pt\">Mais de 60% das empresas consultadas foram afetadas pela log&iacute;stica internacional<\/span><\/a><\/span><\/span><\/span><\/p>\r\n\r\n<p style=\"text-align:justify\"><span style=\"font-size:11pt\"><span style=\"line-height:normal\"><span calibri=\"\" style=\"font-family:\"><a href=\"https:\/\/noticias.portaldaindustria.com.br\/noticias\/internacional\/principais-entraves-as-exportacoes-brasileiras-estao-relacionados-a-logistica-mostra-pesquisa-da-cni\/\" style=\"color:blue; text-decoration:underline\"><span style=\"font-size:14.0pt\">Principais entraves &agrave;s exporta&ccedil;&otilde;es brasileiras est&atilde;o relacionados &agrave; log&iacute;stica, mostra pesquisa da CNI<\/span><\/a><\/span><\/span><\/span><\/p>\r\n\r\n<p><span style=\"font-size:11pt\"><span style=\"line-height:115%\"><span calibri=\"\" style=\"font-family:\"><a href=\"https:\/\/economia.uol.com.br\/noticias\/estadao-conteudo\/2022\/10\/24\/deficit-na-industria-de-ponta-sobe-28.htm\" style=\"color:blue; text-decoration:underline\"><span style=\"font-size:14.0pt\"><span style=\"line-height:115%\">D&eacute;ficit comercial da ind&uacute;stria de ponta sobre 28%<\/span><\/span><\/a><\/span><\/span><\/span><\/p>\r\n\r\n<p><span style=\"font-size:11pt\"><span style=\"line-height:115%\"><span calibri=\"\" style=\"font-family:\"><span class=\"MsoHyperlink\" style=\"color:blue\"><span style=\"text-decoration:underline\"><span style=\"font-size:14.0pt\"><span style=\"line-height:115%\"><a href=\"https:\/\/economia.uol.com.br\/noticias\/estadao-conteudo\/2022\/10\/24\/exportacoes-da-china-desaceleram-em-setembro-mas-superam-expectativa.htm\" style=\"color:blue; text-decoration:underline\">Exporta&ccedil;&otilde;es da China desaceleram em setembro, mas superam expectativa<\/a><\/span><\/span><\/span><\/span><\/span><\/span><\/span><\/p>\r\n\r\n<p style=\"text-align:justify\"><span style=\"font-size:11pt\"><span style=\"line-height:normal\"><span calibri=\"\" style=\"font-family:\"><a href=\"https:\/\/exclusivo.com.br\/_conteudo\/negocios\/2022\/10\/06\/exportacoes-de-calcados-ate-setembro-ja-superam-todo-2021.html?utm_campaign=News+14%2F10%2F2022&amp;utm_content=Exporta%C3%A7%C3%B5es+de+cal%C3%A7ados+at%C3%A9+setembro+j%C3%A1+superam+todo+2021+-+Jornal+Exclusivo+%283%29&amp;utm_medium=email&amp;utm_source=EmailMarketing&amp;utm_term=News+14%2F10%2F2022\" style=\"color:blue; text-decoration:underline\"><span style=\"font-size:14.0pt\">Exporta&ccedil;&otilde;es de cal&ccedil;ados at&eacute; setembro j&aacute; superam todo 2021<\/span><\/a><\/span><\/span><\/span><\/p>\r\n\r\n<p class=\"MsoTitle\" style=\"text-align:justify\"><span style=\"font-size:28pt\"><span cambria=\"\" style=\"font-family:\"><span style=\"letter-spacing:-0.5pt\"><b><span style=\"font-size:18.0pt\"><span calibri=\"\" style=\"font-family:\"><span style=\"font-variant:small-caps\">Economia<\/span><\/span><\/span><\/b><\/span><\/span><\/span><\/p>\r\n\r\n<p style=\"text-align:justify\"><span style=\"font-size:11pt\"><span style=\"line-height:normal\"><span calibri=\"\" style=\"font-family:\"><a href=\"https:\/\/www.bcb.gov.br\/content\/focus\/focus\/R20221007.pdf\" style=\"color:blue; text-decoration:underline\"><span style=\"font-size:14.0pt\">Focus - Relat&oacute;rio de Mercado<\/span><\/a><\/span><\/span><\/span><\/p>\r\n\r\n<p style=\"text-align:justify\"><span style=\"font-size:11pt\"><span style=\"line-height:normal\"><span calibri=\"\" style=\"font-family:\"><a href=\"https:\/\/agenciabrasil.ebc.com.br\/economia\/noticia\/2022-10\/mercado-eleva-projecao-para-crescimento-da-economia-em-2022\" style=\"color:blue; text-decoration:underline\"><span style=\"font-size:14.0pt\">Mercado eleva proje&ccedil;&atilde;o para crescimento da economia em 2022<\/span><\/a><\/span><\/span><\/span><\/p>\r\n\r\n<p style=\"text-align:justify\"><span style=\"font-size:11pt\"><span style=\"line-height:normal\"><span calibri=\"\" style=\"font-family:\"><a href=\"https:\/\/www.bcb.gov.br\/conteudo\/relatorioinflacao\/EstudosEspeciais\/EE117_Indice_de_pressao_nas_cadeias_de_suprimentos_brasileiras.pdf\" style=\"color:blue; text-decoration:underline\"><span style=\"font-size:14.0pt\">&Iacute;ndice de press&atilde;o nas cadeias de suprimentos brasileiras<\/span><\/a><\/span><\/span><\/span><\/p>\r\n\r\n<p style=\"text-align:justify\"><span style=\"font-size:11pt\"><span style=\"line-height:normal\"><span calibri=\"\" style=\"font-family:\"><a href=\"https:\/\/www.rtp.pt\/noticias\/economia\/economistas-apontam-para-fim-da-era-de-altas-taxas-de-crescimento-da-china_n1440625\" style=\"color:blue; text-decoration:underline\"><span style=\"font-size:14.0pt\">Economistas apontam para fim da era de altas taxas de crescimento da China<\/span><\/a><\/span><\/span><\/span><\/p>\r\n","texto_en":"","7":"","imagem":"COMP_banner-padrao-home-destaques-boletim_20221025120836FJlEucQwg9.jpg","8":"COMP_banner-padrao-home-destaques-boletim_20221025120836FJlEucQwg9.jpg","arquivo":"20221026-NOTICIAS-SEMANAIS.PDF","9":"20221026-NOTICIAS-SEMANAIS.PDF","titulo_arquivo":"","10":"","titulo_arquivo_en":"","11":"","created_at":"2022-10-25 12:08:45","12":"2022-10-25 12:08:45","updated_at":"2022-10-25 12:10:37","13":"2022-10-25 12:10:37"},{"id":39,"0":39,"ordem":184,"1":184,"data":"2022-10-18","2":"2022-10-18","slug":"boletim-de-noticias-semanais-36","3":"boletim-de-noticias-semanais-36","titulo":"Boletim de Not\u00edcias Semanais","4":"Boletim de Not\u00edcias Semanais","titulo_en":"","5":"","texto":"<p style=\"text-align:justify\"><span style=\"font-size:11pt\"><span style=\"line-height:normal\"><span style=\"font-family:&quot;Calibri&quot;,sans-serif\"><span style=\"font-size:14.0pt\">Esta &eacute; uma compila&ccedil;&atilde;o das not&iacute;cias mais relevantes para o setor, incluindo informa&ccedil;&otilde;es sobre acordos internacionais, economia brasileira, sustentabilidade e mat&eacute;rias primas, al&eacute;m de novidades do setor de N&atilde;otecidos e Tecidos T&eacute;cnicos.<\/span><\/span><\/span><\/span><\/p>\r\n\r\n<p class=\"MsoTitleCxSpLast\" style=\"text-align:justify\"><span style=\"font-size:28pt\"><span style=\"font-family:&quot;Cambria&quot;,serif\"><span style=\"letter-spacing:-0.5pt\"><b><span style=\"font-size:18.0pt\"><span style=\"font-family:&quot;Calibri&quot;,sans-serif\"><span style=\"font-variant:small-caps\">A&ccedil;&otilde;es da ABINT<\/span><\/span><\/span><\/b><\/span><\/span><\/span><\/p>\r\n\r\n<p style=\"text-align:justify\"><span style=\"font-size:11pt\"><span style=\"line-height:normal\"><span style=\"font-family:&quot;Calibri&quot;,sans-serif\"><span class=\"MsoHyperlink\" style=\"color:blue\"><span style=\"text-decoration:underline\"><b><span style=\"font-size:14.0pt\"><span style=\"text-decoration:none\"><span style=\"text-underline:none\">Curso ABINT Tecnologia dos N&atilde;otecidos<\/span><\/span><\/span><\/b><\/span><\/span> <a href=\"https:\/\/pt.surveymonkey.com\/r\/inscricaocurso\" style=\"color:blue; text-decoration:underline\"><b><span style=\"font-size:14.0pt\">INSCREVA-SE<\/span><\/b><\/a><span class=\"MsoHyperlink\" style=\"color:blue\"><span style=\"text-decoration:underline\"><span style=\"font-size:14.0pt\"><span style=\"text-decoration:none\"><span style=\"text-underline:none\"> <b>para as pr&oacute;ximas turmas!<\/b><\/span><\/span><\/span><\/span><\/span><\/span><\/span><\/span><\/p>\r\n\r\n<p><img src=\"https:\/\/www.abint.org.br\/assets\/img\/editor\/congresso-internacional-abit-2022_20221018130142Q1xaxDuVcU.png\" \/><\/p>\r\n\r\n<p><span class=\"MsoHyperlink\" style=\"color:blue\"><span style=\"text-decoration:underline\"><b><span style=\"font-size:14.0pt\"><span style=\"line-height:115%\"><span style=\"font-family:&quot;Calibri&quot;,sans-serif\"><span style=\"text-decoration:none\"><span style=\"text-underline:none\">A ABINT &eacute; uma das patrocinadoras do Congresso Internacional ABIT 2022<\/span><\/span><\/span><\/span><\/span><\/b><\/span><\/span><span class=\"MsoHyperlink\" style=\"color:blue\"><span style=\"text-decoration:underline\"><span style=\"font-size:14.0pt\"><span style=\"line-height:115%\"><span style=\"font-family:&quot;Calibri&quot;,sans-serif\"><span style=\"text-decoration:none\"><span style=\"text-underline:none\">, evento 100% presencial, que ocorrer&aacute; dias <b>03 e 04 de novembro<\/b>, em Belo Horizonte, MG. <\/span><\/span><\/span><\/span><\/span><\/span><\/span><span style=\"font-size:11.0pt\"><span style=\"line-height:115%\"><span style=\"font-family:&quot;Calibri&quot;,sans-serif\"><a href=\"https:\/\/www.congressoabit.com.br\/\" style=\"color:blue; text-decoration:underline\"><span style=\"font-size:14.0pt\"><span style=\"line-height:115%\">Informa&ccedil;&otilde;es<\/span><\/span><\/a><\/span><\/span><\/span><\/p>\r\n\r\n<p>&nbsp;<\/p>\r\n\r\n<p><span style=\"font-size:11.0pt\"><span style=\"line-height:115%\"><span style=\"font-family:&quot;Calibri&quot;,sans-serif\"><span style=\"font-size:14.0pt\"><span style=\"line-height:115%\"><img height=\"396\" src=\"https:\/\/www.abint.org.br\/assets\/img\/editor\/partnerkit-conahp-retangular-cth-abint_20221018130230GwWtrpWYtF.png\" width=\"700\" \/><\/span><\/span><\/span><\/span><\/span><\/p>\r\n\r\n<p><span class=\"MsoHyperlink\" style=\"color:blue\"><span style=\"text-decoration:underline\"><span style=\"font-size:14.0pt\"><span style=\"line-height:115%\"><span style=\"font-family:&quot;Calibri&quot;,sans-serif\"><span style=\"text-decoration:none\"><span style=\"text-underline:none\">O <b>CTH ABINT<\/b> &eacute; patrocinador do <b>CONAHP 2022 - Congresso Nacional de Hospitais Privados<\/b>, evento que ocorrer&aacute; <b>presencialmente nos dias 10 e 11 de novembro, Transam&eacute;rica Expo Center<\/b>, S&atilde;o Paulo, SP. <\/span><\/span><\/span><\/span><\/span><\/span><\/span><span style=\"font-size:11.0pt\"><span style=\"line-height:115%\"><span style=\"font-family:&quot;Calibri&quot;,sans-serif\"><a href=\"https:\/\/conahp.org.br\/2022\/\" style=\"color:blue; text-decoration:underline\"><span style=\"font-size:14.0pt\"><span style=\"line-height:115%\">Informa&ccedil;&otilde;es <\/span><\/span><\/a><\/span><\/span><\/span><\/p>\r\n\r\n<p class=\"MsoTitleCxSpLast\" style=\"text-align:justify\">&nbsp;<\/p>\r\n\r\n<p style=\"text-align:justify\"><span style=\"font-size:11pt\"><span style=\"line-height:normal\"><span style=\"font-family:&quot;Calibri&quot;,sans-serif\"><b><span style=\"font-size:18.0pt\"><span style=\"font-variant:small-caps\">Eventos<\/span><\/span><\/b><\/span><\/span><\/span><\/p>\r\n\r\n<p style=\"text-align:justify\"><span style=\"font-size:11pt\"><span style=\"line-height:normal\"><span style=\"font-family:&quot;Calibri&quot;,sans-serif\"><span class=\"MsoHyperlink\" style=\"color:blue\"><span style=\"text-decoration:underline\"><b><span style=\"font-size:14.0pt\"><span style=\"text-decoration:none\"><span style=\"text-underline:none\">Webinar eureciclo | Como transformar Certificados de Cr&eacute;dito de Reciclagem em Cr&eacute;ditos Tribut&aacute;rios: Saiba como obter Cr&eacute;ditos PIS\/Cofins com o investimento em Reciclagem<\/span><\/span><\/span><\/b><\/span><\/span><span class=\"MsoHyperlink\" style=\"color:blue\"><span style=\"text-decoration:underline\"><span style=\"font-size:14.0pt\"><span style=\"text-decoration:none\"><span style=\"text-underline:none\">, 20 de outubro, &agrave;s 14h, evento gratuito e online. <\/span><\/span><\/span><\/span><\/span><a href=\"https:\/\/info.eureciclo.com.br\/cdr-em-creditos-tributarios-assoc?utm_campaign=Associa%C3%A7%C3%B5es%20Signat%C3%A1rias&amp;utm_medium=email&amp;_hsmi=229217877&amp;_hsenc=p2ANqtz-_X_7dt9ZpS4wfez1sKVqXa8Mlqqi9AuIBCwr3oNbGMbP21b0sRFkjHUCkLdLJPvqQx0W3UibsaSkdpoq1EV93h980VaA&amp;utm_content=229217877&amp;utm_source=hs_email\" style=\"color:blue; text-decoration:underline\"><span style=\"font-size:14.0pt\">Inscri&ccedil;&otilde;es<\/span><\/a> <\/span><\/span><\/span><\/p>\r\n\r\n<p style=\"text-align:justify\"><span style=\"font-size:11pt\"><span style=\"line-height:normal\"><span style=\"font-family:&quot;Calibri&quot;,sans-serif\"><span class=\"MsoHyperlink\" style=\"color:blue\"><span style=\"text-decoration:underline\"><b><span style=\"font-size:14.0pt\"><span style=\"text-decoration:none\"><span style=\"text-underline:none\">Feira HospitalMed, <\/span><\/span><\/span><\/b><\/span><\/span><span class=\"MsoHyperlink\" style=\"color:blue\"><span style=\"text-decoration:underline\"><span style=\"font-size:14.0pt\"><span style=\"text-decoration:none\"><span style=\"text-underline:none\">19 a 21 de outubro, Centro de Conven&ccedil;&otilde;es de Pernambuco. <\/span><\/span><\/span><\/span><\/span><a href=\"https:\/\/hospitalmed.com.br\/feira\/\" style=\"color:blue; text-decoration:underline\"><span style=\"font-size:14.0pt\">Informa&ccedil;&otilde;es <\/span><\/a><\/span><\/span><\/span><\/p>\r\n\r\n<p style=\"text-align:justify\"><span style=\"font-size:11pt\"><span style=\"line-height:normal\"><span style=\"font-family:&quot;Calibri&quot;,sans-serif\"><span class=\"MsoHyperlink\" style=\"color:blue\"><span style=\"text-decoration:underline\"><b><span style=\"font-size:14.0pt\"><span style=\"text-decoration:none\"><span style=\"text-underline:none\">THE Congress &ndash; NATURALfiberEXTRACTION<\/span><\/span><\/span><\/b><\/span><\/span><span class=\"MsoHyperlink\" style=\"color:blue\"><span style=\"text-decoration:underline\"><span style=\"font-size:14.0pt\"><span style=\"text-decoration:none\"><span style=\"text-underline:none\">, 26 de outubro de 2022, Stuttgart. <\/span><\/span><\/span><\/span><\/span><a href=\"https:\/\/www.afbw.eu\/aktuelles\/veranstaltungen\/details\/the-congress-naturalfiberpulping\/\" style=\"color:blue; text-decoration:underline\"><span style=\"font-size:14.0pt\">Informa&ccedil;&otilde;es<\/span><\/a><span class=\"MsoHyperlink\" style=\"color:blue\"><span style=\"text-decoration:underline\"><span style=\"font-size:14.0pt\"><span style=\"text-decoration:none\"><span style=\"text-underline:none\">.<\/span><\/span><\/span><\/span><\/span><\/span><\/span><\/span><\/p>\r\n\r\n<p style=\"text-align:justify\"><span style=\"font-size:11pt\"><span style=\"line-height:normal\"><span style=\"font-family:&quot;Calibri&quot;,sans-serif\"><span class=\"MsoHyperlink\" style=\"color:blue\"><span style=\"text-decoration:underline\"><b><span style=\"font-size:14.0pt\"><span style=\"text-decoration:none\"><span style=\"text-underline:none\">Innovate: Zero Carbon, Textiles&#39; journey to zero carbon<\/span><\/span><\/span><\/b><\/span><\/span><\/span><\/span><\/span><\/p>\r\n\r\n<p style=\"text-align:justify\"><span style=\"font-size:11pt\"><span style=\"line-height:normal\"><span style=\"font-family:&quot;Calibri&quot;,sans-serif\"><span class=\"MsoHyperlink\" style=\"color:blue\"><span style=\"text-decoration:underline\"><span style=\"font-size:14.0pt\"><span style=\"text-decoration:none\"><span style=\"text-underline:none\">When: 1-3 Nov 2022<\/span><\/span><\/span><\/span><\/span><\/span><\/span><\/span><\/p>\r\n\r\n<p style=\"text-align:justify\"><span style=\"font-size:11pt\"><span style=\"line-height:normal\"><span style=\"font-family:&quot;Calibri&quot;,sans-serif\"><span class=\"MsoHyperlink\" style=\"color:blue\"><span style=\"text-decoration:underline\"><span style=\"font-size:14.0pt\"><span style=\"text-decoration:none\"><span style=\"text-underline:none\">What time: 13:00&ndash;17:00 UTC \/ 9:00&ndash;13:00 EDT<\/span><\/span><\/span><\/span><\/span><\/span><\/span><\/span><\/p>\r\n\r\n<p style=\"text-align:justify\"><span style=\"font-size:11pt\"><span style=\"line-height:normal\"><span style=\"font-family:&quot;Calibri&quot;,sans-serif\"><span class=\"MsoHyperlink\" style=\"color:blue\"><span style=\"text-decoration:underline\"><span style=\"font-size:14.0pt\"><span style=\"text-decoration:none\"><span style=\"text-underline:none\">Where: Virtual, <\/span><\/span><\/span><\/span><\/span><a href=\"https:\/\/events.wtin.com\/event\/f5bac4f2-d902-41ba-9153-a4d80622877c\/summary\" style=\"color:blue; text-decoration:underline\"><span style=\"font-size:14.0pt\">events.wtin.com\/innovate<\/span><\/a><\/span><\/span><\/span><\/p>\r\n\r\n<p class=\"MsoTitleCxSpLast\" style=\"text-align:justify\"><span style=\"font-size:28pt\"><span style=\"font-family:&quot;Cambria&quot;,serif\"><span style=\"letter-spacing:-0.5pt\"><b><span style=\"font-size:18.0pt\"><span style=\"font-family:&quot;Calibri&quot;,sans-serif\"><span style=\"font-variant:small-caps\">Setor<\/span><\/span><\/span><\/b><\/span><\/span><\/span><\/p>\r\n\r\n<p style=\"text-align:justify\"><span style=\"font-size:11pt\"><span style=\"line-height:normal\"><span style=\"font-family:&quot;Calibri&quot;,sans-serif\"><a href=\"https:\/\/tissueonline.com.br\/personal-care-tecnologia-para-promover-cuidado\/?utm_campaign=personal_care_tecnologia_para_promover_cuidado&amp;utm_medium=email&amp;utm_source=RD+Station\" style=\"color:blue; text-decoration:underline\"><span style=\"font-size:14.0pt\">Personal care: tecnologia para promover cuidado<\/span><\/a><\/span><\/span><\/span><\/p>\r\n\r\n<p style=\"text-align:justify\"><span style=\"font-size:11pt\"><span style=\"line-height:normal\"><span style=\"font-family:&quot;Calibri&quot;,sans-serif\"><a href=\"https:\/\/www.braskem.com.br\/detalhe-noticia\/braskem-promove-circularidade-do-plastico-e-inovacao-disruptiva-na-feira-k-2022\" style=\"color:blue; text-decoration:underline\"><span style=\"font-size:14.0pt\">Braskem promove circularidade do pl&aacute;stico e inova&ccedil;&atilde;o disruptiva na Feira K 2022<\/span><\/a><\/span><\/span><\/span><\/p>\r\n\r\n<p style=\"text-align:justify\"><span style=\"font-size:11pt\"><span style=\"line-height:normal\"><span style=\"font-family:&quot;Calibri&quot;,sans-serif\"><a href=\"https:\/\/odia.ig.com.br\/angra-dos-reis\/2022\/10\/6504417-morro-do-carmo-recebe-obras-de-contencao-de-encostas.html\" style=\"color:blue; text-decoration:underline\"><span style=\"font-size:14.0pt\">Geomanta: Morro do Carmo (RJ) recebe obras de conten&ccedil;&atilde;o de encostas<\/span><\/a><\/span><\/span><\/span><\/p>\r\n\r\n<p style=\"text-align:justify\"><span style=\"font-size:11pt\"><span style=\"line-height:normal\"><span style=\"font-family:&quot;Calibri&quot;,sans-serif\"><a href=\"https:\/\/petronoticias.com.br\/sansuy-e-mwm-fazem-acordo-para-produzir-biodigestores-para-producao-de-energia-e-biofertilizantes-no-brasil\/\" style=\"color:blue; text-decoration:underline\"><span style=\"font-size:14.0pt\">Sansuy e MWM fazem acordo para produzir biodigestores para produ&ccedil;&atilde;o de energia e biofertilizantes no Brasil<\/span><\/a><\/span><\/span><\/span><\/p>\r\n\r\n<p style=\"text-align:justify\"><span style=\"font-size:11pt\"><span style=\"line-height:normal\"><span style=\"font-family:&quot;Calibri&quot;,sans-serif\"><a href=\"https:\/\/www.innovationintextiles.com\/nonwovens\/first-andritz-metris-for-spunlace-in-india\/\" style=\"color:blue; text-decoration:underline\"><span style=\"font-size:14.0pt\">First Andritz Metris for spunlace in India<\/span><\/a><\/span><\/span><\/span><\/p>\r\n\r\n<p class=\"MsoTitleCxSpLast\" style=\"text-align:justify\"><span style=\"font-size:28pt\"><span style=\"font-family:&quot;Cambria&quot;,serif\"><span style=\"letter-spacing:-0.5pt\"><b><span style=\"font-size:18.0pt\"><span style=\"font-family:&quot;Calibri&quot;,sans-serif\"><span style=\"font-variant:small-caps\">Ind&uacute;stria<\/span><\/span><\/span><\/b><\/span><\/span><\/span><\/p>\r\n\r\n<p style=\"text-align:justify\"><span style=\"font-size:11pt\"><span style=\"line-height:normal\"><span style=\"font-family:&quot;Calibri&quot;,sans-serif\"><a href=\"https:\/\/noticias.portaldaindustria.com.br\/noticias\/economia\/confianca-da-industria-caiu-em-outubro-afirma-cni\/\" style=\"color:blue; text-decoration:underline\"><span style=\"font-size:14.0pt\">Confian&ccedil;a da ind&uacute;stria caiu em outubro, afirma CNI<\/span><\/a><\/span><\/span><\/span><\/p>\r\n\r\n<p style=\"text-align:justify\"><span style=\"font-size:11pt\"><span style=\"line-height:normal\"><span style=\"font-family:&quot;Calibri&quot;,sans-serif\"><a href=\"https:\/\/noticias.portaldaindustria.com.br\/noticias\/internacional\/industria-brasileira-tem-nova-queda-no-ranking-mundial-de-producao-e-exportacao\/\" style=\"color:blue; text-decoration:underline\"><span style=\"font-size:14.0pt\">Ind&uacute;stria brasileira tem nova queda no ranking mundial de produ&ccedil;&atilde;o e exporta&ccedil;&atilde;o<\/span><\/a><\/span><\/span><\/span><\/p>\r\n\r\n<p style=\"text-align:justify\"><span style=\"font-size:11pt\"><span style=\"line-height:normal\"><span style=\"font-family:&quot;Calibri&quot;,sans-serif\"><a href=\"https:\/\/odebateon.com.br\/producao-de-veiculos-tem-alta-de-193-em-setembro-informa-anfavea\/\" style=\"color:blue; text-decoration:underline\"><span style=\"font-size:14.0pt\">Produ&ccedil;&atilde;o de ve&iacute;culos tem alta de 19,3% em setembro, informa Anfavea<\/span><\/a><\/span><\/span><\/span><\/p>\r\n\r\n<p style=\"text-align:justify\"><span style=\"font-size:11pt\"><span style=\"line-height:normal\"><span style=\"font-family:&quot;Calibri&quot;,sans-serif\"><a href=\"https:\/\/grandesconstrucoes.com.br\/Noticias\/Exibir\/preco-medio-do-frete-por-km-aumenta-11-no-3-trimestre?utm_source=akna&amp;utm_medium=email&amp;utm_campaign=Grandes-Construcoes-Informativo-833-13-10-2022&amp;utm_source=akna&amp;utm_medium=email&amp;utm_campaign=Grandes-Construcoes-Informativo-833-13-10-2022\" style=\"color:blue; text-decoration:underline\"><span style=\"font-size:14.0pt\">Pre&ccedil;o m&eacute;dio do frete por km aumenta 11% no 3&ordm; trimestre<\/span><\/a><\/span><\/span><\/span><\/p>\r\n\r\n<p style=\"text-align:justify\"><span style=\"font-size:11pt\"><span style=\"line-height:normal\"><span style=\"font-family:&quot;Calibri&quot;,sans-serif\"><a href=\"https:\/\/jornaleconomico.pt\/noticias\/producao-industrial-cresceu-25-na-zona-euro-e-35-na-ue-em-agosto-947886\" style=\"color:blue; text-decoration:underline\"><span style=\"font-size:14.0pt\">Produ&ccedil;&atilde;o industrial cresceu 2,5% na zona euro e 3,5% na UE em agosto<\/span><\/a><\/span><\/span><\/span><\/p>\r\n\r\n<p style=\"text-align:justify\"><span style=\"font-size:11pt\"><span style=\"line-height:normal\"><span style=\"font-family:&quot;Calibri&quot;,sans-serif\"><a href=\"https:\/\/grandesconstrucoes.com.br\/Noticias\/Exibir\/construcao-deve-recuar--31-na-america-do-norte-em-2022-news?utm_source=akna&amp;utm_medium=email&amp;utm_campaign=Grandes-Construcoes-Informativo-833-13-10-2022&amp;utm_source=akna&amp;utm_medium=email&amp;utm_campaign=Grandes-Construcoes-Informativo-833-13-10-2022\" style=\"color:blue; text-decoration:underline\"><span style=\"font-size:14.0pt\">Constru&ccedil;&atilde;o deve recuar -3,1% na Am&eacute;rica do Norte em 2022<\/span><\/a><\/span><\/span><\/span><\/p>\r\n\r\n<p class=\"MsoTitleCxSpLast\" style=\"text-align:justify\"><span style=\"font-size:28pt\"><span style=\"font-family:&quot;Cambria&quot;,serif\"><span style=\"letter-spacing:-0.5pt\"><b><span style=\"font-size:18.0pt\"><span style=\"font-family:&quot;Calibri&quot;,sans-serif\"><span style=\"font-variant:small-caps\">Sustentabilidade<\/span><\/span><\/span><\/b><\/span><\/span><\/span><\/p>\r\n\r\n<p style=\"text-align:justify\"><span style=\"font-size:11pt\"><span style=\"line-height:normal\"><span style=\"font-family:&quot;Calibri&quot;,sans-serif\"><a href=\"https:\/\/viuitauna.com.br\/2022\/10\/11\/ampliacao-do-aterro-inaugurada-pelo-saae-plataforma-custou-r-900-mil-e-tem-vida-util-de-ate-seis-anos\/\" style=\"color:blue; text-decoration:underline\"><span style=\"font-size:14.0pt\">Geomembrana: amplia&ccedil;&atilde;o do aterro inaugurada pelo SAAE - plataforma custou R$ 900 mil e tem vida &uacute;til de at&eacute; seis anos<\/span><\/a><\/span><\/span><\/span><\/p>\r\n\r\n<p style=\"text-align:justify\"><span style=\"font-size:11pt\"><span style=\"line-height:normal\"><span style=\"font-family:&quot;Calibri&quot;,sans-serif\"><span class=\"MsoHyperlink\" style=\"color:blue\"><span style=\"text-decoration:underline\"><span style=\"font-size:14.0pt\"><a href=\"https:\/\/plasticosemrevista.com.br\/plasticos-biodegradaveis-xp-nao-explica-investimento-na-ert\/\" style=\"color:blue; text-decoration:underline\">Pl&aacute;sticos biodegrad&aacute;veis: XP n&atilde;o explica investimento na ERT<\/a><\/span><\/span><\/span><\/span><\/span><\/span><\/p>\r\n\r\n<p style=\"text-align:justify\"><span style=\"font-size:11pt\"><span style=\"line-height:normal\"><span style=\"font-family:&quot;Calibri&quot;,sans-serif\"><a href=\"https:\/\/www.technicaltextile.net\/news\/us-inda-lunches-new-site-to-showcase-sustainability-initiatives-283458.html\" style=\"color:blue; text-decoration:underline\"><span style=\"font-size:14.0pt\">US&#39; INDA lunches new site to showcase sustainability initiatives<\/span><\/a><\/span><\/span><\/span><\/p>\r\n\r\n<p class=\"MsoTitleCxSpLast\" style=\"text-align:justify\"><span style=\"font-size:28pt\"><span style=\"font-family:&quot;Cambria&quot;,serif\"><span style=\"letter-spacing:-0.5pt\"><b><span style=\"font-size:18.0pt\"><span style=\"font-family:&quot;Calibri&quot;,sans-serif\"><span style=\"font-variant:small-caps\">Inova&ccedil;&atilde;o<\/span><\/span><\/span><\/b><\/span><\/span><\/span><\/p>\r\n\r\n<p style=\"text-align:justify\"><span style=\"font-size:11pt\"><span style=\"line-height:normal\"><span style=\"font-family:&quot;Calibri&quot;,sans-serif\"><a href=\"https:\/\/www.meiofiltrante.com.br\/Noticia\/109811\/three-absorbent-hygiene-products-featuring-advanced-technology-announced-as-finalists\" style=\"color:blue; text-decoration:underline\"><span style=\"font-size:14.0pt\">Three Absorbent Hygiene Products Featuring Advanced Technology Announced as Finalists<\/span><\/a><\/span><\/span><\/span><\/p>\r\n\r\n<p style=\"text-align:justify\"><span style=\"font-size:11pt\"><span style=\"line-height:normal\"><span style=\"font-family:&quot;Calibri&quot;,sans-serif\"><a href=\"https:\/\/noticias.portaldaindustria.com.br\/noticias\/inovacao-e-tecnologia\/o-que-sao-os-biossinteticos-e-que-moda-e-essa\/\" style=\"color:blue; text-decoration:underline\"><span style=\"font-size:14.0pt\">O que s&atilde;o os biossint&eacute;ticos e que moda &eacute; essa?<\/span><\/a><\/span><\/span><\/span><\/p>\r\n\r\n<p style=\"text-align:justify\"><span style=\"font-size:11pt\"><span style=\"line-height:normal\"><span style=\"font-family:&quot;Calibri&quot;,sans-serif\"><a href=\"https:\/\/www.innovationintextiles.com\/smart-textiles-nanotechnology\/from-step-counting-to-the-clinic-on-the-wrist\/\" style=\"color:blue; text-decoration:underline\"><span style=\"font-size:14.0pt\">Smart Textiles | From step counting to the clinic on the wrist<\/span><\/a><\/span><\/span><\/span><\/p>\r\n\r\n<p style=\"text-align:justify\"><span style=\"font-size:11pt\"><span style=\"line-height:normal\"><span style=\"font-family:&quot;Calibri&quot;,sans-serif\"><a href=\"https:\/\/www.technicaltextile.net\/news\/uk-researchers-embed-sensors-in-clothes-to-monitor-health-283307.html\" style=\"color:blue; text-decoration:underline\"><span style=\"font-size:14.0pt\">UK researchers embed sensors in clothes to monitor health<\/span><\/a><\/span><\/span><\/span><\/p>\r\n\r\n<p class=\"MsoTitleCxSpLast\" style=\"text-align:justify\"><span style=\"font-size:28pt\"><span style=\"font-family:&quot;Cambria&quot;,serif\"><span style=\"letter-spacing:-0.5pt\"><b><span style=\"font-size:18.0pt\"><span style=\"font-family:&quot;Calibri&quot;,sans-serif\"><span style=\"font-variant:small-caps\">Com&eacute;rcio Exterior<\/span><\/span><\/span><\/b><\/span><\/span><\/span><\/p>\r\n\r\n<p style=\"text-align:justify\"><span style=\"font-size:11pt\"><span style=\"line-height:normal\"><span style=\"font-family:&quot;Calibri&quot;,sans-serif\"><a href=\"https:\/\/static.portaldaindustria.com.br\/media\/filer_public\/19\/fd\/19fd6f37-b34e-49d3-9f0f-349f07ac8220\/consultaempresarial_outubro2022.pdf\" style=\"color:blue; text-decoration:underline\"><span style=\"font-size:14.0pt\">Log&iacute;stica internacional impacta negativamente o com&eacute;rcio exterior brasileiro<\/span><\/a><\/span><\/span><\/span><\/p>\r\n\r\n<p style=\"text-align:justify\"><span style=\"font-size:11pt\"><span style=\"line-height:normal\"><span style=\"font-family:&quot;Calibri&quot;,sans-serif\"><a href=\"https:\/\/www.comexdobrasil.com\/setor-textil-e-de-confeccao-registra-aumento-de-2086-nas-exportacoes-de-janeiro-a-agosto\/amp\/\" style=\"color:blue; text-decoration:underline\"><span style=\"font-size:14.0pt\">Setor t&ecirc;xtil e de confec&ccedil;&atilde;o registra aumento de 20,86% nas exporta&ccedil;&otilde;es de janeiro a agosto<\/span><\/a><\/span><\/span><\/span><\/p>\r\n\r\n<p style=\"text-align:justify\"><span style=\"font-size:11pt\"><span style=\"line-height:normal\"><span style=\"font-family:&quot;Calibri&quot;,sans-serif\"><a href=\"https:\/\/noticias.portaldaindustria.com.br\/noticias\/internacional\/industria-brasileira-tem-nova-queda-no-ranking-mundial-de-producao-e-exportacao\/\" style=\"color:blue; text-decoration:underline\"><span style=\"font-size:14.0pt\">Ind&uacute;stria brasileira tem nova queda no ranking mundial de produ&ccedil;&atilde;o e exporta&ccedil;&atilde;o<\/span><\/a><\/span><\/span><\/span><\/p>\r\n\r\n<p style=\"text-align:justify\"><span style=\"font-size:11pt\"><span style=\"line-height:normal\"><span style=\"font-family:&quot;Calibri&quot;,sans-serif\"><a href=\"http:\/\/abimovel.com\/missoes-comerciais-do-brazilian-furniture-alcancaram-resultados-expressivos-nos-ultimos-dois-anos\/?utm_campaign=missoes_comerciais_do_brazilian_furniture_alcancaram_resultados_expressivos_nos_ultimos_dois_anos&amp;utm_medium=email&amp;utm_source=RD+Station\" style=\"color:blue; text-decoration:underline\"><span style=\"font-size:14.0pt\">Miss&otilde;es Comerciais do Brazilian Furniture alcan&ccedil;aram resultados expressivos nos &uacute;ltimos dois anos<\/span><\/a><\/span><\/span><\/span><\/p>\r\n\r\n<p class=\"MsoTitleCxSpLast\" style=\"text-align:justify\"><span style=\"font-size:28pt\"><span style=\"font-family:&quot;Cambria&quot;,serif\"><span style=\"letter-spacing:-0.5pt\"><b><span style=\"font-size:18.0pt\"><span style=\"font-family:&quot;Calibri&quot;,sans-serif\"><span style=\"font-variant:small-caps\">Economia<\/span><\/span><\/span><\/b><\/span><\/span><\/span><\/p>\r\n\r\n<p style=\"text-align:justify\"><span style=\"font-size:11pt\"><span style=\"line-height:normal\"><span style=\"font-family:&quot;Calibri&quot;,sans-serif\"><a href=\"https:\/\/www.bcb.gov.br\/content\/focus\/focus\/R20221007.pdf\" style=\"color:blue; text-decoration:underline\"><span style=\"font-size:14.0pt\">Focus - Relat&oacute;rio de Mercado<\/span><\/a><\/span><\/span><\/span><\/p>\r\n\r\n<p style=\"text-align:justify\"><span style=\"font-size:11pt\"><span style=\"line-height:normal\"><span style=\"font-family:&quot;Calibri&quot;,sans-serif\"><a href=\"https:\/\/noticias.portaldaindustria.com.br\/noticias\/economia\/cni-projeta-crescimento-de-31-para-o-pib-do-brasil-em-2022\/\" style=\"color:blue; text-decoration:underline\"><span style=\"font-size:14.0pt\">CNI projeta crescimento de 3,1%<\/span><\/a><\/span><\/span><\/span><\/p>\r\n\r\n<p style=\"text-align:justify\"><span style=\"font-size:11pt\"><span style=\"line-height:normal\"><span style=\"font-family:&quot;Calibri&quot;,sans-serif\"><a href=\"https:\/\/agenciabrasil.ebc.com.br\/economia\/noticia\/2022-10\/mercado-financeiro-reduz-projecao-da-inflacao-de-571-para-562\" style=\"color:blue; text-decoration:underline\"><span style=\"font-size:14.0pt\">Mercado financeiro reduz proje&ccedil;&atilde;o da infla&ccedil;&atilde;o de 5,71% para 5,62%<\/span><\/a><\/span><\/span><\/span><\/p>\r\n\r\n<p style=\"text-align:justify\"><span style=\"font-size:11pt\"><span style=\"line-height:normal\"><span style=\"font-family:&quot;Calibri&quot;,sans-serif\"><a href=\"https:\/\/www.dw.com\/pt-br\/alemanha-prev%C3%AA-infla%C3%A7%C3%A3o-de-7-e-recess%C3%A3o-em-2023\/a-63417753\" style=\"color:blue; text-decoration:underline\"><span style=\"font-size:14.0pt\">Alemanha prev&ecirc; infla&ccedil;&atilde;o de 7% e recess&atilde;o em 2023<\/span><\/a><\/span><\/span><\/span><\/p>\r\n\r\n<p style=\"text-align:justify\"><span style=\"font-size:11pt\"><span style=\"line-height:normal\"><span style=\"font-family:&quot;Calibri&quot;,sans-serif\"><a href=\"https:\/\/www.dinheirovivo.pt\/economia\/internacional\/europa\/pib-britanico-cai-03-em-agosto-arrastado-pela-industria-transformadora-15246335.html\" style=\"color:blue; text-decoration:underline\"><span style=\"font-size:14.0pt\">PIB brit&acirc;nico cai 0,3% em agosto arrastado pela ind&uacute;stria transformadora<\/span><\/a><\/span><\/span><\/span><\/p>\r\n\r\n<p style=\"text-align:justify\"><span style=\"font-size:11pt\"><span style=\"line-height:normal\"><span style=\"font-family:&quot;Calibri&quot;,sans-serif\"><a href=\"https:\/\/www.fibre2fashion.com\/news\/textile-news\/imf-fiscal-monitor-projects-global-govt-debt-at-91-of-gdp-in-2022-283594-newsdetails.htm\" style=\"color:blue; text-decoration:underline\"><span style=\"font-size:14.0pt\">IMF Fiscal Monitor projects global govt debt at 91% of GDP in 2022<\/span><\/a><\/span><\/span><\/span><\/p>\r\n\r\n<p style=\"text-align:justify\"><span style=\"font-size:11pt\"><span style=\"line-height:normal\"><span style=\"font-family:&quot;Calibri&quot;,sans-serif\"><a href=\"https:\/\/www.businessinsider.com\/inflation-report-cpi-september-prices-rent-fed-rates-recession-outlook-2022-10?utm_source=Sailthru&amp;utm_medium=email&amp;utm_campaign=Insider%20Today%2C%2013%20October%2C%202022&amp;utm_term=INSIDER%20TODAY%20SEND%20LIST\" style=\"color:blue; text-decoration:underline\"><span style=\"font-size:14.0pt\">Key inflation measure climbs to 40-year high as Fed efforts ring futile and shoppers brace for more pain<\/span><\/a><\/span><\/span><\/span><\/p>\r\n\r\n<p style=\"text-align:justify\"><span style=\"font-size:11pt\"><span style=\"line-height:normal\"><span style=\"font-family:&quot;Calibri&quot;,sans-serif\"><a href=\"https:\/\/www.eiu.com\/n\/energy-crisis-will-erode-europe-competitiveness-in-2023\/?utm_source=mkt-newsletter&amp;utm_medium=email&amp;utm_campaign=foce&amp;utm_content=14-october-2022&amp;mkt_tok=NzUzLVJJUS00MzgAAAGHdY8Q7zdcFP2Odnx-ybCX_dK4-gEIK_6RAnUyj1a2WwOEE2SirUisf0bg0jhwMks3QEWvTyRnyfN_DrgpvbpmFrFN8MjU-MYDEwC2CcT65m52Zg\" style=\"color:blue; text-decoration:underline\"><span style=\"font-size:14.0pt\">Energy crisis will erode Europe&rsquo;s competitiveness in 2023<\/span><\/a><\/span><\/span><\/span><\/p>\r\n","6":"<p style=\"text-align:justify\"><span style=\"font-size:11pt\"><span style=\"line-height:normal\"><span style=\"font-family:&quot;Calibri&quot;,sans-serif\"><span style=\"font-size:14.0pt\">Esta &eacute; uma compila&ccedil;&atilde;o das not&iacute;cias mais relevantes para o setor, incluindo informa&ccedil;&otilde;es sobre acordos internacionais, economia brasileira, sustentabilidade e mat&eacute;rias primas, al&eacute;m de novidades do setor de N&atilde;otecidos e Tecidos T&eacute;cnicos.<\/span><\/span><\/span><\/span><\/p>\r\n\r\n<p class=\"MsoTitleCxSpLast\" style=\"text-align:justify\"><span style=\"font-size:28pt\"><span style=\"font-family:&quot;Cambria&quot;,serif\"><span style=\"letter-spacing:-0.5pt\"><b><span style=\"font-size:18.0pt\"><span style=\"font-family:&quot;Calibri&quot;,sans-serif\"><span style=\"font-variant:small-caps\">A&ccedil;&otilde;es da ABINT<\/span><\/span><\/span><\/b><\/span><\/span><\/span><\/p>\r\n\r\n<p style=\"text-align:justify\"><span style=\"font-size:11pt\"><span style=\"line-height:normal\"><span style=\"font-family:&quot;Calibri&quot;,sans-serif\"><span class=\"MsoHyperlink\" style=\"color:blue\"><span style=\"text-decoration:underline\"><b><span style=\"font-size:14.0pt\"><span style=\"text-decoration:none\"><span style=\"text-underline:none\">Curso ABINT Tecnologia dos N&atilde;otecidos<\/span><\/span><\/span><\/b><\/span><\/span> <a href=\"https:\/\/pt.surveymonkey.com\/r\/inscricaocurso\" style=\"color:blue; text-decoration:underline\"><b><span style=\"font-size:14.0pt\">INSCREVA-SE<\/span><\/b><\/a><span class=\"MsoHyperlink\" style=\"color:blue\"><span style=\"text-decoration:underline\"><span style=\"font-size:14.0pt\"><span style=\"text-decoration:none\"><span style=\"text-underline:none\"> <b>para as pr&oacute;ximas turmas!<\/b><\/span><\/span><\/span><\/span><\/span><\/span><\/span><\/span><\/p>\r\n\r\n<p><img src=\"https:\/\/www.abint.org.br\/assets\/img\/editor\/congresso-internacional-abit-2022_20221018130142Q1xaxDuVcU.png\" \/><\/p>\r\n\r\n<p><span class=\"MsoHyperlink\" style=\"color:blue\"><span style=\"text-decoration:underline\"><b><span style=\"font-size:14.0pt\"><span style=\"line-height:115%\"><span style=\"font-family:&quot;Calibri&quot;,sans-serif\"><span style=\"text-decoration:none\"><span style=\"text-underline:none\">A ABINT &eacute; uma das patrocinadoras do Congresso Internacional ABIT 2022<\/span><\/span><\/span><\/span><\/span><\/b><\/span><\/span><span class=\"MsoHyperlink\" style=\"color:blue\"><span style=\"text-decoration:underline\"><span style=\"font-size:14.0pt\"><span style=\"line-height:115%\"><span style=\"font-family:&quot;Calibri&quot;,sans-serif\"><span style=\"text-decoration:none\"><span style=\"text-underline:none\">, evento 100% presencial, que ocorrer&aacute; dias <b>03 e 04 de novembro<\/b>, em Belo Horizonte, MG. <\/span><\/span><\/span><\/span><\/span><\/span><\/span><span style=\"font-size:11.0pt\"><span style=\"line-height:115%\"><span style=\"font-family:&quot;Calibri&quot;,sans-serif\"><a href=\"https:\/\/www.congressoabit.com.br\/\" style=\"color:blue; text-decoration:underline\"><span style=\"font-size:14.0pt\"><span style=\"line-height:115%\">Informa&ccedil;&otilde;es<\/span><\/span><\/a><\/span><\/span><\/span><\/p>\r\n\r\n<p>&nbsp;<\/p>\r\n\r\n<p><span style=\"font-size:11.0pt\"><span style=\"line-height:115%\"><span style=\"font-family:&quot;Calibri&quot;,sans-serif\"><span style=\"font-size:14.0pt\"><span style=\"line-height:115%\"><img height=\"396\" src=\"https:\/\/www.abint.org.br\/assets\/img\/editor\/partnerkit-conahp-retangular-cth-abint_20221018130230GwWtrpWYtF.png\" width=\"700\" \/><\/span><\/span><\/span><\/span><\/span><\/p>\r\n\r\n<p><span class=\"MsoHyperlink\" style=\"color:blue\"><span style=\"text-decoration:underline\"><span style=\"font-size:14.0pt\"><span style=\"line-height:115%\"><span style=\"font-family:&quot;Calibri&quot;,sans-serif\"><span style=\"text-decoration:none\"><span style=\"text-underline:none\">O <b>CTH ABINT<\/b> &eacute; patrocinador do <b>CONAHP 2022 - Congresso Nacional de Hospitais Privados<\/b>, evento que ocorrer&aacute; <b>presencialmente nos dias 10 e 11 de novembro, Transam&eacute;rica Expo Center<\/b>, S&atilde;o Paulo, SP. <\/span><\/span><\/span><\/span><\/span><\/span><\/span><span style=\"font-size:11.0pt\"><span style=\"line-height:115%\"><span style=\"font-family:&quot;Calibri&quot;,sans-serif\"><a href=\"https:\/\/conahp.org.br\/2022\/\" style=\"color:blue; text-decoration:underline\"><span style=\"font-size:14.0pt\"><span style=\"line-height:115%\">Informa&ccedil;&otilde;es <\/span><\/span><\/a><\/span><\/span><\/span><\/p>\r\n\r\n<p class=\"MsoTitleCxSpLast\" style=\"text-align:justify\">&nbsp;<\/p>\r\n\r\n<p style=\"text-align:justify\"><span style=\"font-size:11pt\"><span style=\"line-height:normal\"><span style=\"font-family:&quot;Calibri&quot;,sans-serif\"><b><span style=\"font-size:18.0pt\"><span style=\"font-variant:small-caps\">Eventos<\/span><\/span><\/b><\/span><\/span><\/span><\/p>\r\n\r\n<p style=\"text-align:justify\"><span style=\"font-size:11pt\"><span style=\"line-height:normal\"><span style=\"font-family:&quot;Calibri&quot;,sans-serif\"><span class=\"MsoHyperlink\" style=\"color:blue\"><span style=\"text-decoration:underline\"><b><span style=\"font-size:14.0pt\"><span style=\"text-decoration:none\"><span style=\"text-underline:none\">Webinar eureciclo | Como transformar Certificados de Cr&eacute;dito de Reciclagem em Cr&eacute;ditos Tribut&aacute;rios: Saiba como obter Cr&eacute;ditos PIS\/Cofins com o investimento em Reciclagem<\/span><\/span><\/span><\/b><\/span><\/span><span class=\"MsoHyperlink\" style=\"color:blue\"><span style=\"text-decoration:underline\"><span style=\"font-size:14.0pt\"><span style=\"text-decoration:none\"><span style=\"text-underline:none\">, 20 de outubro, &agrave;s 14h, evento gratuito e online. <\/span><\/span><\/span><\/span><\/span><a href=\"https:\/\/info.eureciclo.com.br\/cdr-em-creditos-tributarios-assoc?utm_campaign=Associa%C3%A7%C3%B5es%20Signat%C3%A1rias&amp;utm_medium=email&amp;_hsmi=229217877&amp;_hsenc=p2ANqtz-_X_7dt9ZpS4wfez1sKVqXa8Mlqqi9AuIBCwr3oNbGMbP21b0sRFkjHUCkLdLJPvqQx0W3UibsaSkdpoq1EV93h980VaA&amp;utm_content=229217877&amp;utm_source=hs_email\" style=\"color:blue; text-decoration:underline\"><span style=\"font-size:14.0pt\">Inscri&ccedil;&otilde;es<\/span><\/a> <\/span><\/span><\/span><\/p>\r\n\r\n<p style=\"text-align:justify\"><span style=\"font-size:11pt\"><span style=\"line-height:normal\"><span style=\"font-family:&quot;Calibri&quot;,sans-serif\"><span class=\"MsoHyperlink\" style=\"color:blue\"><span style=\"text-decoration:underline\"><b><span style=\"font-size:14.0pt\"><span style=\"text-decoration:none\"><span style=\"text-underline:none\">Feira HospitalMed, <\/span><\/span><\/span><\/b><\/span><\/span><span class=\"MsoHyperlink\" style=\"color:blue\"><span style=\"text-decoration:underline\"><span style=\"font-size:14.0pt\"><span style=\"text-decoration:none\"><span style=\"text-underline:none\">19 a 21 de outubro, Centro de Conven&ccedil;&otilde;es de Pernambuco. <\/span><\/span><\/span><\/span><\/span><a href=\"https:\/\/hospitalmed.com.br\/feira\/\" style=\"color:blue; text-decoration:underline\"><span style=\"font-size:14.0pt\">Informa&ccedil;&otilde;es <\/span><\/a><\/span><\/span><\/span><\/p>\r\n\r\n<p style=\"text-align:justify\"><span style=\"font-size:11pt\"><span style=\"line-height:normal\"><span style=\"font-family:&quot;Calibri&quot;,sans-serif\"><span class=\"MsoHyperlink\" style=\"color:blue\"><span style=\"text-decoration:underline\"><b><span style=\"font-size:14.0pt\"><span style=\"text-decoration:none\"><span style=\"text-underline:none\">THE Congress &ndash; NATURALfiberEXTRACTION<\/span><\/span><\/span><\/b><\/span><\/span><span class=\"MsoHyperlink\" style=\"color:blue\"><span style=\"text-decoration:underline\"><span style=\"font-size:14.0pt\"><span style=\"text-decoration:none\"><span style=\"text-underline:none\">, 26 de outubro de 2022, Stuttgart. <\/span><\/span><\/span><\/span><\/span><a href=\"https:\/\/www.afbw.eu\/aktuelles\/veranstaltungen\/details\/the-congress-naturalfiberpulping\/\" style=\"color:blue; text-decoration:underline\"><span style=\"font-size:14.0pt\">Informa&ccedil;&otilde;es<\/span><\/a><span class=\"MsoHyperlink\" style=\"color:blue\"><span style=\"text-decoration:underline\"><span style=\"font-size:14.0pt\"><span style=\"text-decoration:none\"><span style=\"text-underline:none\">.<\/span><\/span><\/span><\/span><\/span><\/span><\/span><\/span><\/p>\r\n\r\n<p style=\"text-align:justify\"><span style=\"font-size:11pt\"><span style=\"line-height:normal\"><span style=\"font-family:&quot;Calibri&quot;,sans-serif\"><span class=\"MsoHyperlink\" style=\"color:blue\"><span style=\"text-decoration:underline\"><b><span style=\"font-size:14.0pt\"><span style=\"text-decoration:none\"><span style=\"text-underline:none\">Innovate: Zero Carbon, Textiles&#39; journey to zero carbon<\/span><\/span><\/span><\/b><\/span><\/span><\/span><\/span><\/span><\/p>\r\n\r\n<p style=\"text-align:justify\"><span style=\"font-size:11pt\"><span style=\"line-height:normal\"><span style=\"font-family:&quot;Calibri&quot;,sans-serif\"><span class=\"MsoHyperlink\" style=\"color:blue\"><span style=\"text-decoration:underline\"><span style=\"font-size:14.0pt\"><span style=\"text-decoration:none\"><span style=\"text-underline:none\">When: 1-3 Nov 2022<\/span><\/span><\/span><\/span><\/span><\/span><\/span><\/span><\/p>\r\n\r\n<p style=\"text-align:justify\"><span style=\"font-size:11pt\"><span style=\"line-height:normal\"><span style=\"font-family:&quot;Calibri&quot;,sans-serif\"><span class=\"MsoHyperlink\" style=\"color:blue\"><span style=\"text-decoration:underline\"><span style=\"font-size:14.0pt\"><span style=\"text-decoration:none\"><span style=\"text-underline:none\">What time: 13:00&ndash;17:00 UTC \/ 9:00&ndash;13:00 EDT<\/span><\/span><\/span><\/span><\/span><\/span><\/span><\/span><\/p>\r\n\r\n<p style=\"text-align:justify\"><span style=\"font-size:11pt\"><span style=\"line-height:normal\"><span style=\"font-family:&quot;Calibri&quot;,sans-serif\"><span class=\"MsoHyperlink\" style=\"color:blue\"><span style=\"text-decoration:underline\"><span style=\"font-size:14.0pt\"><span style=\"text-decoration:none\"><span style=\"text-underline:none\">Where: Virtual, <\/span><\/span><\/span><\/span><\/span><a href=\"https:\/\/events.wtin.com\/event\/f5bac4f2-d902-41ba-9153-a4d80622877c\/summary\" style=\"color:blue; text-decoration:underline\"><span style=\"font-size:14.0pt\">events.wtin.com\/innovate<\/span><\/a><\/span><\/span><\/span><\/p>\r\n\r\n<p class=\"MsoTitleCxSpLast\" style=\"text-align:justify\"><span style=\"font-size:28pt\"><span style=\"font-family:&quot;Cambria&quot;,serif\"><span style=\"letter-spacing:-0.5pt\"><b><span style=\"font-size:18.0pt\"><span style=\"font-family:&quot;Calibri&quot;,sans-serif\"><span style=\"font-variant:small-caps\">Setor<\/span><\/span><\/span><\/b><\/span><\/span><\/span><\/p>\r\n\r\n<p style=\"text-align:justify\"><span style=\"font-size:11pt\"><span style=\"line-height:normal\"><span style=\"font-family:&quot;Calibri&quot;,sans-serif\"><a href=\"https:\/\/tissueonline.com.br\/personal-care-tecnologia-para-promover-cuidado\/?utm_campaign=personal_care_tecnologia_para_promover_cuidado&amp;utm_medium=email&amp;utm_source=RD+Station\" style=\"color:blue; text-decoration:underline\"><span style=\"font-size:14.0pt\">Personal care: tecnologia para promover cuidado<\/span><\/a><\/span><\/span><\/span><\/p>\r\n\r\n<p style=\"text-align:justify\"><span style=\"font-size:11pt\"><span style=\"line-height:normal\"><span style=\"font-family:&quot;Calibri&quot;,sans-serif\"><a href=\"https:\/\/www.braskem.com.br\/detalhe-noticia\/braskem-promove-circularidade-do-plastico-e-inovacao-disruptiva-na-feira-k-2022\" style=\"color:blue; text-decoration:underline\"><span style=\"font-size:14.0pt\">Braskem promove circularidade do pl&aacute;stico e inova&ccedil;&atilde;o disruptiva na Feira K 2022<\/span><\/a><\/span><\/span><\/span><\/p>\r\n\r\n<p style=\"text-align:justify\"><span style=\"font-size:11pt\"><span style=\"line-height:normal\"><span style=\"font-family:&quot;Calibri&quot;,sans-serif\"><a href=\"https:\/\/odia.ig.com.br\/angra-dos-reis\/2022\/10\/6504417-morro-do-carmo-recebe-obras-de-contencao-de-encostas.html\" style=\"color:blue; text-decoration:underline\"><span style=\"font-size:14.0pt\">Geomanta: Morro do Carmo (RJ) recebe obras de conten&ccedil;&atilde;o de encostas<\/span><\/a><\/span><\/span><\/span><\/p>\r\n\r\n<p style=\"text-align:justify\"><span style=\"font-size:11pt\"><span style=\"line-height:normal\"><span style=\"font-family:&quot;Calibri&quot;,sans-serif\"><a href=\"https:\/\/petronoticias.com.br\/sansuy-e-mwm-fazem-acordo-para-produzir-biodigestores-para-producao-de-energia-e-biofertilizantes-no-brasil\/\" style=\"color:blue; text-decoration:underline\"><span style=\"font-size:14.0pt\">Sansuy e MWM fazem acordo para produzir biodigestores para produ&ccedil;&atilde;o de energia e biofertilizantes no Brasil<\/span><\/a><\/span><\/span><\/span><\/p>\r\n\r\n<p style=\"text-align:justify\"><span style=\"font-size:11pt\"><span style=\"line-height:normal\"><span style=\"font-family:&quot;Calibri&quot;,sans-serif\"><a href=\"https:\/\/www.innovationintextiles.com\/nonwovens\/first-andritz-metris-for-spunlace-in-india\/\" style=\"color:blue; text-decoration:underline\"><span style=\"font-size:14.0pt\">First Andritz Metris for spunlace in India<\/span><\/a><\/span><\/span><\/span><\/p>\r\n\r\n<p class=\"MsoTitleCxSpLast\" style=\"text-align:justify\"><span style=\"font-size:28pt\"><span style=\"font-family:&quot;Cambria&quot;,serif\"><span style=\"letter-spacing:-0.5pt\"><b><span style=\"font-size:18.0pt\"><span style=\"font-family:&quot;Calibri&quot;,sans-serif\"><span style=\"font-variant:small-caps\">Ind&uacute;stria<\/span><\/span><\/span><\/b><\/span><\/span><\/span><\/p>\r\n\r\n<p style=\"text-align:justify\"><span style=\"font-size:11pt\"><span style=\"line-height:normal\"><span style=\"font-family:&quot;Calibri&quot;,sans-serif\"><a href=\"https:\/\/noticias.portaldaindustria.com.br\/noticias\/economia\/confianca-da-industria-caiu-em-outubro-afirma-cni\/\" style=\"color:blue; text-decoration:underline\"><span style=\"font-size:14.0pt\">Confian&ccedil;a da ind&uacute;stria caiu em outubro, afirma CNI<\/span><\/a><\/span><\/span><\/span><\/p>\r\n\r\n<p style=\"text-align:justify\"><span style=\"font-size:11pt\"><span style=\"line-height:normal\"><span style=\"font-family:&quot;Calibri&quot;,sans-serif\"><a href=\"https:\/\/noticias.portaldaindustria.com.br\/noticias\/internacional\/industria-brasileira-tem-nova-queda-no-ranking-mundial-de-producao-e-exportacao\/\" style=\"color:blue; text-decoration:underline\"><span style=\"font-size:14.0pt\">Ind&uacute;stria brasileira tem nova queda no ranking mundial de produ&ccedil;&atilde;o e exporta&ccedil;&atilde;o<\/span><\/a><\/span><\/span><\/span><\/p>\r\n\r\n<p style=\"text-align:justify\"><span style=\"font-size:11pt\"><span style=\"line-height:normal\"><span style=\"font-family:&quot;Calibri&quot;,sans-serif\"><a href=\"https:\/\/odebateon.com.br\/producao-de-veiculos-tem-alta-de-193-em-setembro-informa-anfavea\/\" style=\"color:blue; text-decoration:underline\"><span style=\"font-size:14.0pt\">Produ&ccedil;&atilde;o de ve&iacute;culos tem alta de 19,3% em setembro, informa Anfavea<\/span><\/a><\/span><\/span><\/span><\/p>\r\n\r\n<p style=\"text-align:justify\"><span style=\"font-size:11pt\"><span style=\"line-height:normal\"><span style=\"font-family:&quot;Calibri&quot;,sans-serif\"><a href=\"https:\/\/grandesconstrucoes.com.br\/Noticias\/Exibir\/preco-medio-do-frete-por-km-aumenta-11-no-3-trimestre?utm_source=akna&amp;utm_medium=email&amp;utm_campaign=Grandes-Construcoes-Informativo-833-13-10-2022&amp;utm_source=akna&amp;utm_medium=email&amp;utm_campaign=Grandes-Construcoes-Informativo-833-13-10-2022\" style=\"color:blue; text-decoration:underline\"><span style=\"font-size:14.0pt\">Pre&ccedil;o m&eacute;dio do frete por km aumenta 11% no 3&ordm; trimestre<\/span><\/a><\/span><\/span><\/span><\/p>\r\n\r\n<p style=\"text-align:justify\"><span style=\"font-size:11pt\"><span style=\"line-height:normal\"><span style=\"font-family:&quot;Calibri&quot;,sans-serif\"><a href=\"https:\/\/jornaleconomico.pt\/noticias\/producao-industrial-cresceu-25-na-zona-euro-e-35-na-ue-em-agosto-947886\" style=\"color:blue; text-decoration:underline\"><span style=\"font-size:14.0pt\">Produ&ccedil;&atilde;o industrial cresceu 2,5% na zona euro e 3,5% na UE em agosto<\/span><\/a><\/span><\/span><\/span><\/p>\r\n\r\n<p style=\"text-align:justify\"><span style=\"font-size:11pt\"><span style=\"line-height:normal\"><span style=\"font-family:&quot;Calibri&quot;,sans-serif\"><a href=\"https:\/\/grandesconstrucoes.com.br\/Noticias\/Exibir\/construcao-deve-recuar--31-na-america-do-norte-em-2022-news?utm_source=akna&amp;utm_medium=email&amp;utm_campaign=Grandes-Construcoes-Informativo-833-13-10-2022&amp;utm_source=akna&amp;utm_medium=email&amp;utm_campaign=Grandes-Construcoes-Informativo-833-13-10-2022\" style=\"color:blue; text-decoration:underline\"><span style=\"font-size:14.0pt\">Constru&ccedil;&atilde;o deve recuar -3,1% na Am&eacute;rica do Norte em 2022<\/span><\/a><\/span><\/span><\/span><\/p>\r\n\r\n<p class=\"MsoTitleCxSpLast\" style=\"text-align:justify\"><span style=\"font-size:28pt\"><span style=\"font-family:&quot;Cambria&quot;,serif\"><span style=\"letter-spacing:-0.5pt\"><b><span style=\"font-size:18.0pt\"><span style=\"font-family:&quot;Calibri&quot;,sans-serif\"><span style=\"font-variant:small-caps\">Sustentabilidade<\/span><\/span><\/span><\/b><\/span><\/span><\/span><\/p>\r\n\r\n<p style=\"text-align:justify\"><span style=\"font-size:11pt\"><span style=\"line-height:normal\"><span style=\"font-family:&quot;Calibri&quot;,sans-serif\"><a href=\"https:\/\/viuitauna.com.br\/2022\/10\/11\/ampliacao-do-aterro-inaugurada-pelo-saae-plataforma-custou-r-900-mil-e-tem-vida-util-de-ate-seis-anos\/\" style=\"color:blue; text-decoration:underline\"><span style=\"font-size:14.0pt\">Geomembrana: amplia&ccedil;&atilde;o do aterro inaugurada pelo SAAE - plataforma custou R$ 900 mil e tem vida &uacute;til de at&eacute; seis anos<\/span><\/a><\/span><\/span><\/span><\/p>\r\n\r\n<p style=\"text-align:justify\"><span style=\"font-size:11pt\"><span style=\"line-height:normal\"><span style=\"font-family:&quot;Calibri&quot;,sans-serif\"><span class=\"MsoHyperlink\" style=\"color:blue\"><span style=\"text-decoration:underline\"><span style=\"font-size:14.0pt\"><a href=\"https:\/\/plasticosemrevista.com.br\/plasticos-biodegradaveis-xp-nao-explica-investimento-na-ert\/\" style=\"color:blue; text-decoration:underline\">Pl&aacute;sticos biodegrad&aacute;veis: XP n&atilde;o explica investimento na ERT<\/a><\/span><\/span><\/span><\/span><\/span><\/span><\/p>\r\n\r\n<p style=\"text-align:justify\"><span style=\"font-size:11pt\"><span style=\"line-height:normal\"><span style=\"font-family:&quot;Calibri&quot;,sans-serif\"><a href=\"https:\/\/www.technicaltextile.net\/news\/us-inda-lunches-new-site-to-showcase-sustainability-initiatives-283458.html\" style=\"color:blue; text-decoration:underline\"><span style=\"font-size:14.0pt\">US&#39; INDA lunches new site to showcase sustainability initiatives<\/span><\/a><\/span><\/span><\/span><\/p>\r\n\r\n<p class=\"MsoTitleCxSpLast\" style=\"text-align:justify\"><span style=\"font-size:28pt\"><span style=\"font-family:&quot;Cambria&quot;,serif\"><span style=\"letter-spacing:-0.5pt\"><b><span style=\"font-size:18.0pt\"><span style=\"font-family:&quot;Calibri&quot;,sans-serif\"><span style=\"font-variant:small-caps\">Inova&ccedil;&atilde;o<\/span><\/span><\/span><\/b><\/span><\/span><\/span><\/p>\r\n\r\n<p style=\"text-align:justify\"><span style=\"font-size:11pt\"><span style=\"line-height:normal\"><span style=\"font-family:&quot;Calibri&quot;,sans-serif\"><a href=\"https:\/\/www.meiofiltrante.com.br\/Noticia\/109811\/three-absorbent-hygiene-products-featuring-advanced-technology-announced-as-finalists\" style=\"color:blue; text-decoration:underline\"><span style=\"font-size:14.0pt\">Three Absorbent Hygiene Products Featuring Advanced Technology Announced as Finalists<\/span><\/a><\/span><\/span><\/span><\/p>\r\n\r\n<p style=\"text-align:justify\"><span style=\"font-size:11pt\"><span style=\"line-height:normal\"><span style=\"font-family:&quot;Calibri&quot;,sans-serif\"><a href=\"https:\/\/noticias.portaldaindustria.com.br\/noticias\/inovacao-e-tecnologia\/o-que-sao-os-biossinteticos-e-que-moda-e-essa\/\" style=\"color:blue; text-decoration:underline\"><span style=\"font-size:14.0pt\">O que s&atilde;o os biossint&eacute;ticos e que moda &eacute; essa?<\/span><\/a><\/span><\/span><\/span><\/p>\r\n\r\n<p style=\"text-align:justify\"><span style=\"font-size:11pt\"><span style=\"line-height:normal\"><span style=\"font-family:&quot;Calibri&quot;,sans-serif\"><a href=\"https:\/\/www.innovationintextiles.com\/smart-textiles-nanotechnology\/from-step-counting-to-the-clinic-on-the-wrist\/\" style=\"color:blue; text-decoration:underline\"><span style=\"font-size:14.0pt\">Smart Textiles | From step counting to the clinic on the wrist<\/span><\/a><\/span><\/span><\/span><\/p>\r\n\r\n<p style=\"text-align:justify\"><span style=\"font-size:11pt\"><span style=\"line-height:normal\"><span style=\"font-family:&quot;Calibri&quot;,sans-serif\"><a href=\"https:\/\/www.technicaltextile.net\/news\/uk-researchers-embed-sensors-in-clothes-to-monitor-health-283307.html\" style=\"color:blue; text-decoration:underline\"><span style=\"font-size:14.0pt\">UK researchers embed sensors in clothes to monitor health<\/span><\/a><\/span><\/span><\/span><\/p>\r\n\r\n<p class=\"MsoTitleCxSpLast\" style=\"text-align:justify\"><span style=\"font-size:28pt\"><span style=\"font-family:&quot;Cambria&quot;,serif\"><span style=\"letter-spacing:-0.5pt\"><b><span style=\"font-size:18.0pt\"><span style=\"font-family:&quot;Calibri&quot;,sans-serif\"><span style=\"font-variant:small-caps\">Com&eacute;rcio Exterior<\/span><\/span><\/span><\/b><\/span><\/span><\/span><\/p>\r\n\r\n<p style=\"text-align:justify\"><span style=\"font-size:11pt\"><span style=\"line-height:normal\"><span style=\"font-family:&quot;Calibri&quot;,sans-serif\"><a href=\"https:\/\/static.portaldaindustria.com.br\/media\/filer_public\/19\/fd\/19fd6f37-b34e-49d3-9f0f-349f07ac8220\/consultaempresarial_outubro2022.pdf\" style=\"color:blue; text-decoration:underline\"><span style=\"font-size:14.0pt\">Log&iacute;stica internacional impacta negativamente o com&eacute;rcio exterior brasileiro<\/span><\/a><\/span><\/span><\/span><\/p>\r\n\r\n<p style=\"text-align:justify\"><span style=\"font-size:11pt\"><span style=\"line-height:normal\"><span style=\"font-family:&quot;Calibri&quot;,sans-serif\"><a href=\"https:\/\/www.comexdobrasil.com\/setor-textil-e-de-confeccao-registra-aumento-de-2086-nas-exportacoes-de-janeiro-a-agosto\/amp\/\" style=\"color:blue; text-decoration:underline\"><span style=\"font-size:14.0pt\">Setor t&ecirc;xtil e de confec&ccedil;&atilde;o registra aumento de 20,86% nas exporta&ccedil;&otilde;es de janeiro a agosto<\/span><\/a><\/span><\/span><\/span><\/p>\r\n\r\n<p style=\"text-align:justify\"><span style=\"font-size:11pt\"><span style=\"line-height:normal\"><span style=\"font-family:&quot;Calibri&quot;,sans-serif\"><a href=\"https:\/\/noticias.portaldaindustria.com.br\/noticias\/internacional\/industria-brasileira-tem-nova-queda-no-ranking-mundial-de-producao-e-exportacao\/\" style=\"color:blue; text-decoration:underline\"><span style=\"font-size:14.0pt\">Ind&uacute;stria brasileira tem nova queda no ranking mundial de produ&ccedil;&atilde;o e exporta&ccedil;&atilde;o<\/span><\/a><\/span><\/span><\/span><\/p>\r\n\r\n<p style=\"text-align:justify\"><span style=\"font-size:11pt\"><span style=\"line-height:normal\"><span style=\"font-family:&quot;Calibri&quot;,sans-serif\"><a href=\"http:\/\/abimovel.com\/missoes-comerciais-do-brazilian-furniture-alcancaram-resultados-expressivos-nos-ultimos-dois-anos\/?utm_campaign=missoes_comerciais_do_brazilian_furniture_alcancaram_resultados_expressivos_nos_ultimos_dois_anos&amp;utm_medium=email&amp;utm_source=RD+Station\" style=\"color:blue; text-decoration:underline\"><span style=\"font-size:14.0pt\">Miss&otilde;es Comerciais do Brazilian Furniture alcan&ccedil;aram resultados expressivos nos &uacute;ltimos dois anos<\/span><\/a><\/span><\/span><\/span><\/p>\r\n\r\n<p class=\"MsoTitleCxSpLast\" style=\"text-align:justify\"><span style=\"font-size:28pt\"><span style=\"font-family:&quot;Cambria&quot;,serif\"><span style=\"letter-spacing:-0.5pt\"><b><span style=\"font-size:18.0pt\"><span style=\"font-family:&quot;Calibri&quot;,sans-serif\"><span style=\"font-variant:small-caps\">Economia<\/span><\/span><\/span><\/b><\/span><\/span><\/span><\/p>\r\n\r\n<p style=\"text-align:justify\"><span style=\"font-size:11pt\"><span style=\"line-height:normal\"><span style=\"font-family:&quot;Calibri&quot;,sans-serif\"><a href=\"https:\/\/www.bcb.gov.br\/content\/focus\/focus\/R20221007.pdf\" style=\"color:blue; text-decoration:underline\"><span style=\"font-size:14.0pt\">Focus - Relat&oacute;rio de Mercado<\/span><\/a><\/span><\/span><\/span><\/p>\r\n\r\n<p style=\"text-align:justify\"><span style=\"font-size:11pt\"><span style=\"line-height:normal\"><span style=\"font-family:&quot;Calibri&quot;,sans-serif\"><a href=\"https:\/\/noticias.portaldaindustria.com.br\/noticias\/economia\/cni-projeta-crescimento-de-31-para-o-pib-do-brasil-em-2022\/\" style=\"color:blue; text-decoration:underline\"><span style=\"font-size:14.0pt\">CNI projeta crescimento de 3,1%<\/span><\/a><\/span><\/span><\/span><\/p>\r\n\r\n<p style=\"text-align:justify\"><span style=\"font-size:11pt\"><span style=\"line-height:normal\"><span style=\"font-family:&quot;Calibri&quot;,sans-serif\"><a href=\"https:\/\/agenciabrasil.ebc.com.br\/economia\/noticia\/2022-10\/mercado-financeiro-reduz-projecao-da-inflacao-de-571-para-562\" style=\"color:blue; text-decoration:underline\"><span style=\"font-size:14.0pt\">Mercado financeiro reduz proje&ccedil;&atilde;o da infla&ccedil;&atilde;o de 5,71% para 5,62%<\/span><\/a><\/span><\/span><\/span><\/p>\r\n\r\n<p style=\"text-align:justify\"><span style=\"font-size:11pt\"><span style=\"line-height:normal\"><span style=\"font-family:&quot;Calibri&quot;,sans-serif\"><a href=\"https:\/\/www.dw.com\/pt-br\/alemanha-prev%C3%AA-infla%C3%A7%C3%A3o-de-7-e-recess%C3%A3o-em-2023\/a-63417753\" style=\"color:blue; text-decoration:underline\"><span style=\"font-size:14.0pt\">Alemanha prev&ecirc; infla&ccedil;&atilde;o de 7% e recess&atilde;o em 2023<\/span><\/a><\/span><\/span><\/span><\/p>\r\n\r\n<p style=\"text-align:justify\"><span style=\"font-size:11pt\"><span style=\"line-height:normal\"><span style=\"font-family:&quot;Calibri&quot;,sans-serif\"><a href=\"https:\/\/www.dinheirovivo.pt\/economia\/internacional\/europa\/pib-britanico-cai-03-em-agosto-arrastado-pela-industria-transformadora-15246335.html\" style=\"color:blue; text-decoration:underline\"><span style=\"font-size:14.0pt\">PIB brit&acirc;nico cai 0,3% em agosto arrastado pela ind&uacute;stria transformadora<\/span><\/a><\/span><\/span><\/span><\/p>\r\n\r\n<p style=\"text-align:justify\"><span style=\"font-size:11pt\"><span style=\"line-height:normal\"><span style=\"font-family:&quot;Calibri&quot;,sans-serif\"><a href=\"https:\/\/www.fibre2fashion.com\/news\/textile-news\/imf-fiscal-monitor-projects-global-govt-debt-at-91-of-gdp-in-2022-283594-newsdetails.htm\" style=\"color:blue; text-decoration:underline\"><span style=\"font-size:14.0pt\">IMF Fiscal Monitor projects global govt debt at 91% of GDP in 2022<\/span><\/a><\/span><\/span><\/span><\/p>\r\n\r\n<p style=\"text-align:justify\"><span style=\"font-size:11pt\"><span style=\"line-height:normal\"><span style=\"font-family:&quot;Calibri&quot;,sans-serif\"><a href=\"https:\/\/www.businessinsider.com\/inflation-report-cpi-september-prices-rent-fed-rates-recession-outlook-2022-10?utm_source=Sailthru&amp;utm_medium=email&amp;utm_campaign=Insider%20Today%2C%2013%20October%2C%202022&amp;utm_term=INSIDER%20TODAY%20SEND%20LIST\" style=\"color:blue; text-decoration:underline\"><span style=\"font-size:14.0pt\">Key inflation measure climbs to 40-year high as Fed efforts ring futile and shoppers brace for more pain<\/span><\/a><\/span><\/span><\/span><\/p>\r\n\r\n<p style=\"text-align:justify\"><span style=\"font-size:11pt\"><span style=\"line-height:normal\"><span style=\"font-family:&quot;Calibri&quot;,sans-serif\"><a href=\"https:\/\/www.eiu.com\/n\/energy-crisis-will-erode-europe-competitiveness-in-2023\/?utm_source=mkt-newsletter&amp;utm_medium=email&amp;utm_campaign=foce&amp;utm_content=14-october-2022&amp;mkt_tok=NzUzLVJJUS00MzgAAAGHdY8Q7zdcFP2Odnx-ybCX_dK4-gEIK_6RAnUyj1a2WwOEE2SirUisf0bg0jhwMks3QEWvTyRnyfN_DrgpvbpmFrFN8MjU-MYDEwC2CcT65m52Zg\" style=\"color:blue; text-decoration:underline\"><span style=\"font-size:14.0pt\">Energy crisis will erode Europe&rsquo;s competitiveness in 2023<\/span><\/a><\/span><\/span><\/span><\/p>\r\n","texto_en":"","7":"","imagem":"COMP_banner-padrao-home-destaques-boletim_202210181306277SFFqs2eVV.jpg","8":"COMP_banner-padrao-home-destaques-boletim_202210181306277SFFqs2eVV.jpg","arquivo":"20221018-NOTICIAS-SEMANAIS.PDF","9":"20221018-NOTICIAS-SEMANAIS.PDF","titulo_arquivo":"","10":"","titulo_arquivo_en":"","11":"","created_at":"2022-10-18 13:06:35","12":"2022-10-18 13:06:35","updated_at":"2022-10-18 13:06:35","13":"2022-10-18 13:06:35"},{"id":38,"0":38,"ordem":185,"1":185,"data":"2022-10-11","2":"2022-10-11","slug":"boletim-de-noticias-semanais-35","3":"boletim-de-noticias-semanais-35","titulo":"Boletim de Not\u00edcias Semanais","4":"Boletim de Not\u00edcias Semanais","titulo_en":"","5":"","texto":"<p style=\"text-align:justify\"><span style=\"font-size:11pt\"><span style=\"line-height:normal\"><span style=\"font-family:&quot;Calibri&quot;,sans-serif\"><span style=\"font-size:14.0pt\">Esta &eacute; uma compila&ccedil;&atilde;o das not&iacute;cias mais relevantes para o setor, incluindo informa&ccedil;&otilde;es sobre acordos internacionais, economia brasileira, sustentabilidade e mat&eacute;rias primas, al&eacute;m de novidades do setor de N&atilde;otecidos e Tecidos T&eacute;cnicos.<\/span><\/span><\/span><\/span><\/p>\r\n\r\n<p class=\"MsoTitleCxSpLast\" style=\"text-align:justify\"><span style=\"font-size:28pt\"><span style=\"font-family:&quot;Cambria&quot;,serif\"><span style=\"letter-spacing:-0.5pt\"><b><span style=\"font-size:18.0pt\"><span style=\"font-family:&quot;Calibri&quot;,sans-serif\"><span style=\"font-variant:small-caps\">A&ccedil;&otilde;es da ABINT<\/span><\/span><\/span><\/b><\/span><\/span><\/span><\/p>\r\n\r\n<p style=\"text-align:justify\"><span style=\"font-size:11pt\"><span style=\"line-height:normal\"><span style=\"font-family:&quot;Calibri&quot;,sans-serif\"><span class=\"MsoHyperlink\" style=\"color:blue\"><span style=\"text-decoration:underline\"><b><span style=\"font-size:14.0pt\"><span style=\"text-decoration:none\"><span style=\"text-underline:none\">Curso ABINT Tecnologia dos N&atilde;otecidos<\/span><\/span><\/span><\/b><\/span><\/span> <a href=\"https:\/\/pt.surveymonkey.com\/r\/inscricaocurso\" style=\"color:blue; text-decoration:underline\"><b><span style=\"font-size:14.0pt\">INSCREVA-SE<\/span><\/b><\/a><span class=\"MsoHyperlink\" style=\"color:blue\"><span style=\"text-decoration:underline\"><span style=\"font-size:14.0pt\"><span style=\"text-decoration:none\"><span style=\"text-underline:none\"> <b>para as pr&oacute;ximas turmas!<\/b><\/span><\/span><\/span><\/span><\/span><\/span><\/span><\/span><\/p>\r\n\r\n<p style=\"text-align:justify\">&nbsp;<\/p>\r\n\r\n<p style=\"text-align:justify\"><span style=\"font-size:11pt\"><span style=\"line-height:normal\"><span style=\"font-family:&quot;Calibri&quot;,sans-serif\"><span class=\"MsoHyperlink\" style=\"color:blue\"><span style=\"text-decoration:underline\"><span style=\"font-size:14.0pt\"><span style=\"text-decoration:none\"><span style=\"text-underline:none\"><b><img src=\"https:\/\/www.abint.org.br\/assets\/img\/editor\/congresso-internacional-abit-2022_20221011190405B9dMDx72OU.png\" \/><\/b><\/span><\/span><\/span><\/span><\/span><\/span><\/span><\/span><\/p>\r\n\r\n<p style=\"text-align:justify\"><span class=\"MsoHyperlink\" style=\"color:blue\"><span style=\"text-decoration:underline\"><b><span style=\"font-size:14.0pt\"><span style=\"line-height:115%\"><span style=\"font-family:&quot;Calibri&quot;,sans-serif\"><span style=\"text-decoration:none\"><span style=\"text-underline:none\">A ABINT &eacute; uma das patrocinadoras do Congresso Internacional ABIT 2022<\/span><\/span><\/span><\/span><\/span><\/b><\/span><\/span><span class=\"MsoHyperlink\" style=\"color:blue\"><span style=\"text-decoration:underline\"><span style=\"font-size:14.0pt\"><span style=\"line-height:115%\"><span style=\"font-family:&quot;Calibri&quot;,sans-serif\"><span style=\"text-decoration:none\"><span style=\"text-underline:none\">, evento 100% presencial, que ocorrer&aacute; dias <b>03 e 04 de novembro<\/b>, em Belo Horizonte, MG. <\/span><\/span><\/span><\/span><\/span><\/span><\/span><span style=\"font-size:11.0pt\"><span style=\"line-height:115%\"><span style=\"font-family:&quot;Calibri&quot;,sans-serif\"><a href=\"https:\/\/www.congressoabit.com.br\/\" style=\"color:blue; text-decoration:underline\"><span style=\"font-size:14.0pt\"><span style=\"line-height:115%\">Informa&ccedil;&otilde;es<\/span><\/span><\/a><\/span><\/span><\/span><\/p>\r\n\r\n<p style=\"text-align:justify\">&nbsp;<\/p>\r\n\r\n<p style=\"text-align:justify\"><span style=\"font-size:11.0pt\"><span style=\"line-height:115%\"><span style=\"font-family:&quot;Calibri&quot;,sans-serif\"><span style=\"font-size:14.0pt\"><span style=\"line-height:115%\"><img height=\"552\" src=\"https:\/\/www.abint.org.br\/assets\/img\/editor\/partnerkit-conahp-quad-cth-abint_20221011190435ZyodZbLoTy.png\" width=\"552\" \/><\/span><\/span><\/span><\/span><\/span><\/p>\r\n\r\n<p style=\"text-align:justify\"><span class=\"MsoHyperlink\" style=\"color:blue\"><span style=\"text-decoration:underline\"><span style=\"font-size:14.0pt\"><span style=\"line-height:115%\"><span style=\"font-family:&quot;Calibri&quot;,sans-serif\"><span style=\"text-decoration:none\"><span style=\"text-underline:none\">O <b>CTH ABINT<\/b> &eacute; patrocinador do <\/span><\/span><\/span><\/span><\/span><\/span><\/span><span class=\"MsoHyperlink\" style=\"color:blue\"><span style=\"text-decoration:underline\"><b><span style=\"font-size:14.0pt\"><span style=\"line-height:115%\"><span style=\"font-family:&quot;Calibri&quot;,sans-serif\"><span style=\"text-decoration:none\"><span style=\"text-underline:none\">CONAHP 2022 - Congresso Nacional de Hospitais Privados<\/span><\/span><\/span><\/span><\/span><\/b><\/span><\/span><span class=\"MsoHyperlink\" style=\"color:blue\"><span style=\"text-decoration:underline\"><span style=\"font-size:14.0pt\"><span style=\"line-height:115%\"><span style=\"font-family:&quot;Calibri&quot;,sans-serif\"><span style=\"text-decoration:none\"><span style=\"text-underline:none\">, evento que ocorrer&aacute; <b>presencialmente nos dias 10 e 11 de novembro, Transam&eacute;rica Expo Center<\/b>, S&atilde;o Paulo, SP. <\/span><\/span><\/span><\/span><\/span><\/span><\/span><span style=\"font-size:11.0pt\"><span style=\"line-height:115%\"><span style=\"font-family:&quot;Calibri&quot;,sans-serif\"><a href=\"https:\/\/conahp.org.br\/2022\/\" style=\"color:blue; text-decoration:underline\"><span style=\"font-size:14.0pt\"><span style=\"line-height:115%\">Informa&ccedil;&otilde;es <\/span><\/span><\/a><\/span><\/span><\/span><\/p>\r\n\r\n<p class=\"MsoTitleCxSpLast\" style=\"text-align:justify\">&nbsp;<\/p>\r\n\r\n<p style=\"text-align:justify\"><span style=\"font-size:11pt\"><span style=\"line-height:normal\"><span style=\"font-family:&quot;Calibri&quot;,sans-serif\"><b><span style=\"font-size:18.0pt\"><span style=\"font-variant:small-caps\">Eventos<\/span><\/span><\/b><\/span><\/span><\/span><\/p>\r\n\r\n<p style=\"text-align:justify\"><span style=\"font-size:11pt\"><span style=\"line-height:normal\"><span style=\"font-family:&quot;Calibri&quot;,sans-serif\"><span class=\"MsoHyperlink\" style=\"color:blue\"><span style=\"text-decoration:underline\"><b><span style=\"font-size:14.0pt\"><span style=\"text-decoration:none\"><span style=\"text-underline:none\">Webinar gratuito | Normaliza&ccedil;&atilde;o t&eacute;cnica: isonomia competitiva e prote&ccedil;&atilde;o dos consumidores<\/span><\/span><\/span><\/b><\/span><\/span><span class=\"MsoHyperlink\" style=\"color:blue\"><span style=\"text-decoration:underline\"><span style=\"font-size:14.0pt\"><span style=\"text-decoration:none\"><span style=\"text-underline:none\">, 14 de outubro, 11h &agrave;s 12h. <\/span><\/span><\/span><\/span><\/span><a href=\"https:\/\/eventiza.com.br\/evento\/normalizacao-tecnica-isonomia-competitiva-e-protecao-dos-consumidores\" style=\"color:blue; text-decoration:underline\"><span style=\"font-size:14.0pt\">Informa&ccedil;&otilde;es<\/span><\/a><\/span><\/span><\/span><\/p>\r\n\r\n<p style=\"text-align:justify\"><span style=\"font-size:11pt\"><span style=\"line-height:normal\"><span style=\"font-family:&quot;Calibri&quot;,sans-serif\"><span class=\"MsoHyperlink\" style=\"color:blue\"><span style=\"text-decoration:underline\"><b><span style=\"font-size:14.0pt\"><span style=\"text-decoration:none\"><span style=\"text-underline:none\">Feira HospitalMed, <\/span><\/span><\/span><\/b><\/span><\/span><span class=\"MsoHyperlink\" style=\"color:blue\"><span style=\"text-decoration:underline\"><span style=\"font-size:14.0pt\"><span style=\"text-decoration:none\"><span style=\"text-underline:none\">19 a 21 de outubro, Centro de Conven&ccedil;&otilde;es de Pernambuco. <\/span><\/span><\/span><\/span><\/span><a href=\"https:\/\/hospitalmed.com.br\/feira\/\" style=\"color:blue; text-decoration:underline\"><span style=\"font-size:14.0pt\">Informa&ccedil;&otilde;es <\/span><\/a><\/span><\/span><\/span><\/p>\r\n\r\n<p style=\"text-align:justify\"><span style=\"font-size:11pt\"><span style=\"line-height:normal\"><span style=\"font-family:&quot;Calibri&quot;,sans-serif\"><span class=\"MsoHyperlink\" style=\"color:blue\"><span style=\"text-decoration:underline\"><b><span style=\"font-size:14.0pt\"><span style=\"text-decoration:none\"><span style=\"text-underline:none\">THE Congress &ndash; NATURALfiberEXTRACTION<\/span><\/span><\/span><\/b><\/span><\/span><span class=\"MsoHyperlink\" style=\"color:blue\"><span style=\"text-decoration:underline\"><span style=\"font-size:14.0pt\"><span style=\"text-decoration:none\"><span style=\"text-underline:none\">, 26 de outubro de 2022, Stuttgart. <\/span><\/span><\/span><\/span><\/span><a href=\"https:\/\/www.afbw.eu\/aktuelles\/veranstaltungen\/details\/the-congress-naturalfiberpulping\/\" style=\"color:blue; text-decoration:underline\"><span style=\"font-size:14.0pt\">Informa&ccedil;&otilde;es<\/span><\/a><span class=\"MsoHyperlink\" style=\"color:blue\"><span style=\"text-decoration:underline\"><span style=\"font-size:14.0pt\"><span style=\"text-decoration:none\"><span style=\"text-underline:none\">.<\/span><\/span><\/span><\/span><\/span><\/span><\/span><\/span><\/p>\r\n\r\n<p style=\"text-align:justify\"><span style=\"font-size:11pt\"><span style=\"line-height:normal\"><span style=\"font-family:&quot;Calibri&quot;,sans-serif\"><span class=\"MsoHyperlink\" style=\"color:blue\"><span style=\"text-decoration:underline\"><b><span style=\"font-size:14.0pt\"><span style=\"text-decoration:none\"><span style=\"text-underline:none\">Innovate: Zero Carbon, Textiles&#39; journey to zero carbon<\/span><\/span><\/span><\/b><\/span><\/span><\/span><\/span><\/span><\/p>\r\n\r\n<p style=\"text-align:justify\"><span style=\"font-size:11pt\"><span style=\"line-height:normal\"><span style=\"font-family:&quot;Calibri&quot;,sans-serif\"><span class=\"MsoHyperlink\" style=\"color:blue\"><span style=\"text-decoration:underline\"><span style=\"font-size:14.0pt\"><span style=\"text-decoration:none\"><span style=\"text-underline:none\">When: 1-3 Nov 2022<\/span><\/span><\/span><\/span><\/span><\/span><\/span><\/span><\/p>\r\n\r\n<p style=\"text-align:justify\"><span style=\"font-size:11pt\"><span style=\"line-height:normal\"><span style=\"font-family:&quot;Calibri&quot;,sans-serif\"><span class=\"MsoHyperlink\" style=\"color:blue\"><span style=\"text-decoration:underline\"><span style=\"font-size:14.0pt\"><span style=\"text-decoration:none\"><span style=\"text-underline:none\">What time: 13:00&ndash;17:00 UTC \/ 9:00&ndash;13:00 EDT<\/span><\/span><\/span><\/span><\/span><\/span><\/span><\/span><\/p>\r\n\r\n<p style=\"text-align:justify\"><span style=\"font-size:11pt\"><span style=\"line-height:normal\"><span style=\"font-family:&quot;Calibri&quot;,sans-serif\"><span class=\"MsoHyperlink\" style=\"color:blue\"><span style=\"text-decoration:underline\"><span style=\"font-size:14.0pt\"><span style=\"text-decoration:none\"><span style=\"text-underline:none\">Where: Virtual, <\/span><\/span><\/span><\/span><\/span><a href=\"https:\/\/events.wtin.com\/event\/f5bac4f2-d902-41ba-9153-a4d80622877c\/summary\" style=\"color:blue; text-decoration:underline\"><span style=\"font-size:14.0pt\">events.wtin.com\/innovate<\/span><\/a><\/span><\/span><\/span><\/p>\r\n\r\n<p class=\"MsoTitleCxSpLast\" style=\"text-align:justify\"><span style=\"font-size:28pt\"><span style=\"font-family:&quot;Cambria&quot;,serif\"><span style=\"letter-spacing:-0.5pt\"><b><span style=\"font-size:18.0pt\"><span style=\"font-family:&quot;Calibri&quot;,sans-serif\"><span style=\"font-variant:small-caps\">Setor<\/span><\/span><\/span><\/b><\/span><\/span><\/span><\/p>\r\n\r\n<p style=\"text-align:justify\"><span style=\"font-size:11pt\"><span style=\"line-height:normal\"><span style=\"font-family:&quot;Calibri&quot;,sans-serif\"><a href=\"https:\/\/www.technicaltextile.net\/news\/sri-lanka-waives-off-tax-on-raw-materials-for-sanitary-napkins-283439.html\" style=\"color:blue; text-decoration:underline\"><span style=\"font-size:14.0pt\">Sri Lanka waives off tax on raw materials for sanitary napkins<\/span><\/a><\/span><\/span><\/span><\/p>\r\n\r\n<p style=\"text-align:justify\"><span style=\"font-size:11pt\"><span style=\"line-height:normal\"><span style=\"font-family:&quot;Calibri&quot;,sans-serif\"><a href=\"https:\/\/www.textiletechnology.net\/nonwovens\/news\/inda-award-for-technology-that-transforms-used-diapers-into-cat-litter-32936?utm_source=%2Fmeta%2Fnewsletter%2Fnewsletter&amp;utm_medium=newsletter&amp;utm_campaign=nl979&amp;utm_term=0801b20e08c3242125d512808cd74302\" style=\"color:blue; text-decoration:underline\"><span style=\"font-size:14.0pt\">INDA: Transformation of used diapers into cat litter receives award<\/span><\/a><\/span><\/span><\/span><\/p>\r\n\r\n<p style=\"text-align:justify\"><span style=\"font-size:11pt\"><span style=\"line-height:normal\"><span style=\"font-family:&quot;Calibri&quot;,sans-serif\"><a href=\"https:\/\/www.technicaltextile.net\/news\/finland-s-suominen-launches-premium-nonwoven-with-tri-layer-structure-283414.html\" style=\"color:blue; text-decoration:underline\"><span style=\"font-size:14.0pt\">Finland&#39;s Suominen launches premium nonwoven with tri-layer structure<\/span><\/a><\/span><\/span><\/span><\/p>\r\n\r\n<p style=\"text-align:justify\"><span style=\"font-size:11pt\"><span style=\"line-height:normal\"><span style=\"font-family:&quot;Calibri&quot;,sans-serif\"><a href=\"https:\/\/www.textiletechnology.net\/nonwovens\/news\/berry-global-recycling-ecosystem-built-to-provide-recycled-content-32887?utm_source=%2Fmeta%2Fnewsletter%2Fnewsletter&amp;utm_medium=newsletter&amp;utm_campaign=nl979&amp;utm_term=0801b20e08c3242125d512808cd74302\" style=\"color:blue; text-decoration:underline\"><span style=\"font-size:14.0pt\">Berry Global: Recycling ecosystem built to provide recycled content<\/span><\/a><\/span><\/span><\/span><\/p>\r\n\r\n<p style=\"text-align:justify\"><span style=\"font-size:11pt\"><span style=\"line-height:normal\"><span style=\"font-family:&quot;Calibri&quot;,sans-serif\"><a href=\"https:\/\/tissueonline.com.br\/andritz-fornecera-quatro-linhas-de-tissue-de-alta-velocidade-para-a-bracell\/\" style=\"color:blue; text-decoration:underline\"><span style=\"font-size:14.0pt\">ANDRITZ fornecer&aacute; quatro linhas de tissue de alta velocidade para a Bracell<\/span><\/a><\/span><\/span><\/span><\/p>\r\n\r\n<p style=\"text-align:justify\"><span style=\"font-size:11pt\"><span style=\"line-height:normal\"><span style=\"font-family:&quot;Calibri&quot;,sans-serif\"><a href=\"https:\/\/www.nonwovens-industry.com\/contents\/view_online-exclusives\/2022-10-06\/what-are-thermal-bonded-nonwovens\/\" style=\"color:blue; text-decoration:underline\"><span style=\"font-size:14.0pt\">What Are Thermal Bonded Nonwovens?<\/span><\/a><\/span><\/span><\/span><\/p>\r\n\r\n<p style=\"text-align:justify\"><span style=\"font-size:11pt\"><span style=\"line-height:normal\"><span style=\"font-family:&quot;Calibri&quot;,sans-serif\"><a href=\"https:\/\/www.nonwovens-industry.com\/contents\/view_breaking-news\/2022-10-04\/nonwovens-industry-share-advances-in-responsible-sourcing\/\" style=\"color:blue; text-decoration:underline\"><span style=\"font-size:14.0pt\">Nonwovens Industry Shares Advances in Responsible Sourcing<\/span><\/a><\/span><\/span><\/span><\/p>\r\n\r\n<p class=\"MsoTitleCxSpLast\" style=\"text-align:justify\"><span style=\"font-size:28pt\"><span style=\"font-family:&quot;Cambria&quot;,serif\"><span style=\"letter-spacing:-0.5pt\"><b><span style=\"font-size:18.0pt\"><span style=\"font-family:&quot;Calibri&quot;,sans-serif\"><span style=\"font-variant:small-caps\">Ind&uacute;stria<\/span><\/span><\/span><\/b><\/span><\/span><\/span><\/p>\r\n\r\n<p style=\"text-align:justify\"><span style=\"font-size:11pt\"><span style=\"line-height:normal\"><span style=\"font-family:&quot;Calibri&quot;,sans-serif\"><a href=\"https:\/\/exclusivo.com.br\/_conteudo\/negocios\/2022\/10\/04\/industria-calcadista-criou-40-mil-vagas-em-2022.html?utm_campaign=News+06%2F10%2F2022&amp;utm_content=Ind%C3%BAstria+cal%C3%A7adista+criou+40+mil+vagas+em+2022+-+Jornal+Exclusivo+%283%29&amp;utm_medium=email&amp;utm_source=EmailMarketing&amp;utm_term=News+06%2F10%2F2022\" style=\"color:blue; text-decoration:underline\"><span style=\"font-size:14.0pt\">Ind&uacute;stria cal&ccedil;adista criou 40 mil vagas em 2022<\/span><\/a><\/span><\/span><\/span><\/p>\r\n\r\n<p style=\"text-align:justify\"><span style=\"font-size:11pt\"><span style=\"line-height:normal\"><span style=\"font-family:&quot;Calibri&quot;,sans-serif\"><a href=\"https:\/\/exclusivo.com.br\/_conteudo\/negocios\/2022\/10\/04\/quem-inovou-na-pandemia-aumentou-lucro-e-produtividade.html?utm_campaign=News+06%2F10%2F2022&amp;utm_content=Quem+inovou+na+pandemia+aumentou+lucro+e+produtividade+-+Jornal+Exclusivo+%283%29&amp;utm_medium=email&amp;utm_source=EmailMarketing&amp;utm_term=News+06%2F10%2F2022\" style=\"color:blue; text-decoration:underline\"><span style=\"font-size:14.0pt\">Quem inovou na pandemia aumentou lucro e produtividade<\/span><\/a><\/span><\/span><\/span><\/p>\r\n\r\n<p style=\"text-align:justify\"><span style=\"font-size:11pt\"><span style=\"line-height:normal\"><span style=\"font-family:&quot;Calibri&quot;,sans-serif\"><a href=\"https:\/\/agenciabrasil.ebc.com.br\/economia\/noticia\/2022-10\/producao-de-veiculos-tem-alta-de-193-em-setembro-informa-anfavea\" style=\"color:blue; text-decoration:underline\"><span style=\"font-size:14.0pt\">Produ&ccedil;&atilde;o de ve&iacute;culos tem alta de 19,3% em setembro, informa Anfavea<\/span><\/a><\/span><\/span><\/span><\/p>\r\n\r\n<p style=\"text-align:justify\"><span style=\"font-size:11pt\"><span style=\"line-height:normal\"><span style=\"font-family:&quot;Calibri&quot;,sans-serif\"><a href=\"https:\/\/grandesconstrucoes.com.br\/Noticias\/Exibir\/industria-de-materiais-tem-desempenho-regular-em-setembro?utm_source=akna&amp;utm_medium=email&amp;utm_campaign=Grandes-Construcoes-Informativo-832-06-10-2022&amp;utm_source=akna&amp;utm_medium=email&amp;utm_campaign=Grandes-Construcoes-Informativo-832-06-10-2022\" style=\"color:blue; text-decoration:underline\"><span style=\"font-size:14.0pt\">Ind&uacute;stria de Materiais tem desempenho regular em setembro<\/span><\/a><\/span><\/span><\/span><\/p>\r\n\r\n<p style=\"text-align:justify\"><span style=\"font-size:11pt\"><span style=\"line-height:normal\"><span style=\"font-family:&quot;Calibri&quot;,sans-serif\"><a href=\"http:\/\/abimovel.com\/industria-de-moveis-alcanca-o-segundo-melhor-resultado-do-ano-em-julho-de-acordo-com-a-abimovel\/?utm_campaign=industria_de_moveis_alcanca_o_segundo_melhor_resultado_do_ano_em_julho_de_acordo_com_a_abimovel&amp;utm_medium=email&amp;utm_source=RD+Station\" style=\"color:blue; text-decoration:underline\"><span style=\"font-size:14.0pt\">Ind&uacute;stria de m&oacute;veis alcan&ccedil;a o segundo melhor resultado do ano em julho, de acordo com a ABIM&Oacute;VEL<\/span><\/a><\/span><\/span><\/span><\/p>\r\n\r\n<p style=\"text-align:justify\"><span style=\"font-size:11pt\"><span style=\"line-height:normal\"><span style=\"font-family:&quot;Calibri&quot;,sans-serif\"><a href=\"http:\/\/abimovel.com\/painel-do-setor-moveleiro-indicadores-e-perspectivas-no-2o-sedeitec-em-mg\/?utm_campaign=painel_do_setor_moveleiro_indicadores_e_perspectivas_no_2_sedeitec_em_mg&amp;utm_medium=email&amp;utm_source=RD+Station\" style=\"color:blue; text-decoration:underline\"><span style=\"font-size:14.0pt\">Painel do Setor Moveleiro: indicadores e perspectivas no 2&ordm; SEDEITEC em MG<\/span><\/a><\/span><\/span><\/span><\/p>\r\n\r\n<p class=\"MsoTitleCxSpLast\" style=\"text-align:justify\"><span style=\"font-size:28pt\"><span style=\"font-family:&quot;Cambria&quot;,serif\"><span style=\"letter-spacing:-0.5pt\"><b><span style=\"font-size:18.0pt\"><span style=\"font-family:&quot;Calibri&quot;,sans-serif\"><span style=\"font-variant:small-caps\">Sustentabilidade<\/span><\/span><\/span><\/b><\/span><\/span><\/span><\/p>\r\n\r\n<p style=\"text-align:justify\"><span style=\"font-size:11pt\"><span style=\"line-height:normal\"><span style=\"font-family:&quot;Calibri&quot;,sans-serif\"><a href=\"https:\/\/mercadoeconsumo.com.br\/10\/10\/2022\/sustentabilidade\/braskem-lanca-novo-ecossistema-de-economia-circular-de-atuacao-global\/?utm_campaign=news_1010_-_geral&amp;utm_medium=email&amp;utm_source=RD+Station\" style=\"color:blue; text-decoration:underline\"><span style=\"font-size:14.0pt\">Braskem lan&ccedil;a novo ecossistema de economia circular de atua&ccedil;&atilde;o global<\/span><\/a><\/span><\/span><\/span><\/p>\r\n\r\n<p style=\"text-align:justify\"><span style=\"font-size:11pt\"><span style=\"line-height:normal\"><span style=\"font-family:&quot;Calibri&quot;,sans-serif\"><a href=\"https:\/\/www.portugaltextil.com\/potencial-da-reciclagem-textil-aumenta-na-europa\/?utm_term=Portugal+Textil+a%3F%3F%3F%3F+04.10.2022&amp;utm_campaign=Portugal+Textil+FInal&amp;utm_source=e-goi&amp;utm_medium=email\" style=\"color:blue; text-decoration:underline\"><span style=\"font-size:14.0pt\">Potencial da reciclagem t&ecirc;xtil aumenta na Europa<\/span><\/a><\/span><\/span><\/span><\/p>\r\n\r\n<p style=\"text-align:justify\"><span style=\"font-size:11pt\"><span style=\"line-height:normal\"><span style=\"font-family:&quot;Calibri&quot;,sans-serif\"><a href=\"https:\/\/www.textiletechnology.net\/technology\/news\/euratex-sustainability-meets-competitiveness-32907?utm_source=%2Fmeta%2Fnewsletter%2Fnewsletter&amp;utm_medium=newsletter&amp;utm_campaign=nl980&amp;utm_term=0801b20e08c3242125d512808cd74302\" style=\"color:blue; text-decoration:underline\"><span style=\"font-size:14.0pt\">Euratex: Sustainability meets competitiveness<\/span><\/a><\/span><\/span><\/span><\/p>\r\n\r\n<p style=\"text-align:justify\"><span style=\"font-size:11pt\"><span style=\"line-height:normal\"><span style=\"font-family:&quot;Calibri&quot;,sans-serif\"><a href=\"https:\/\/www.nonwovens-industry.com\/contents\/view_breaking-news\/2022-10-04\/nonwovens-industry-share-advances-in-responsible-sourcing?utm_campaign=NON+eNewsletter&amp;utm_medium=email&amp;_hsmi=228706142&amp;_hsenc=p2ANqtz-_Z_Wq7N5nRzXHaI9Coe5F4EM3OQw_s-X32ja1Kj5NuNWM6N8fxE1Xbxz5UCnwHHaAITDiIU00bOl1bwmZdOHMujwnZxw&amp;utm_content=228706142&amp;utm_source=hs_email\" style=\"color:blue; text-decoration:underline\"><span style=\"font-size:14.0pt\">Nonwovens Industry Shares Advances in Responsible Sourcing<\/span><\/a><\/span><\/span><\/span><\/p>\r\n\r\n<p style=\"text-align:justify\"><span style=\"font-size:11pt\"><span style=\"line-height:normal\"><span style=\"font-family:&quot;Calibri&quot;,sans-serif\"><a href=\"https:\/\/www.bemparana.com.br\/bem-estar\/a-nova-moda-e-sustentavel-ja-imaginou-vestir-celulose\/\" style=\"color:blue; text-decoration:underline\"><span style=\"font-size:14.0pt\">A nova moda &eacute; sustent&aacute;vel: j&aacute; imaginou vestir celulose?<\/span><\/a><\/span><\/span><\/span><\/p>\r\n\r\n<p class=\"MsoTitleCxSpLast\" style=\"text-align:justify\"><span style=\"font-size:28pt\"><span style=\"font-family:&quot;Cambria&quot;,serif\"><span style=\"letter-spacing:-0.5pt\"><b><span style=\"font-size:18.0pt\"><span style=\"font-family:&quot;Calibri&quot;,sans-serif\"><span style=\"font-variant:small-caps\">Inova&ccedil;&atilde;o<\/span><\/span><\/span><\/b><\/span><\/span><\/span><\/p>\r\n\r\n<p style=\"text-align:justify\"><span style=\"font-size:11pt\"><span style=\"line-height:normal\"><span style=\"font-family:&quot;Calibri&quot;,sans-serif\"><a href=\"https:\/\/noticias.portaldaindustria.com.br\/noticias\/inovacao-e-tecnologia\/o-que-sao-os-biossinteticos-e-que-moda-e-essa\/\" style=\"color:blue; text-decoration:underline\"><span style=\"font-size:14.0pt\">O que s&atilde;o os biossint&eacute;ticos e que moda &eacute; essa?<\/span><\/a><\/span><\/span><\/span><\/p>\r\n\r\n<p style=\"text-align:justify\"><span style=\"font-size:11pt\"><span style=\"line-height:normal\"><span style=\"font-family:&quot;Calibri&quot;,sans-serif\"><a href=\"https:\/\/www.textiletechnology.net\/nonwovens\/trendreports\/bielefeld-uas-the-stuff-that-artificial-brains-are-made-of-32912?utm_source=%2Fmeta%2Fnewsletter%2Fnewsletter&amp;utm_medium=newsletter&amp;utm_campaign=nl979&amp;utm_term=0801b20e08c3242125d512808cd74302\" style=\"color:blue; text-decoration:underline\"><span style=\"font-size:14.0pt\">The stuff that artificial brains are made of<\/span><\/a><\/span><\/span><\/span><\/p>\r\n\r\n<p class=\"MsoTitleCxSpLast\" style=\"text-align:justify\"><span style=\"font-size:28pt\"><span style=\"font-family:&quot;Cambria&quot;,serif\"><span style=\"letter-spacing:-0.5pt\"><b><span style=\"font-size:18.0pt\"><span style=\"font-family:&quot;Calibri&quot;,sans-serif\"><span style=\"font-variant:small-caps\">Com&eacute;rcio Exterior<\/span><\/span><\/span><\/b><\/span><\/span><\/span><\/p>\r\n\r\n<p style=\"text-align:justify\"><span style=\"font-size:11pt\"><span style=\"line-height:normal\"><span style=\"font-family:&quot;Calibri&quot;,sans-serif\"><a href=\"https:\/\/www.comexdobrasil.com\/brasil-da-mais-um-importante-passo-rumo-a-adesao-da-ocde-com-encaminhamento-do-memorando-inicial-a-organizacao\/\" style=\"color:blue; text-decoration:underline\"><span style=\"font-size:14.0pt\">Brasil da mais um importante passo rumo a ades&atilde;o da OCDE com encaminhamento do memorando inicial a organiza&ccedil;&atilde;o<\/span><\/a><\/span><\/span><\/span><\/p>\r\n\r\n<p style=\"text-align:justify\"><span style=\"font-size:11pt\"><span style=\"line-height:normal\"><span style=\"font-family:&quot;Calibri&quot;,sans-serif\"><a href=\"https:\/\/textileindustry.ning.com\/forum\/topics\/exporta-es-do-setor-t-xtil-e-de-confec-o-cresceram-20-86-de\" style=\"color:blue; text-decoration:underline\"><span style=\"font-size:14.0pt\">Exporta&ccedil;&otilde;es do setor t&ecirc;xtil e de confec&ccedil;&atilde;o cresceram 20,86% de janeiro a agosto<\/span><\/a><\/span><\/span><\/span><\/p>\r\n\r\n<p style=\"text-align:justify\"><span style=\"font-size:11pt\"><span style=\"line-height:normal\"><span style=\"font-family:&quot;Calibri&quot;,sans-serif\"><a href=\"https:\/\/www.comexdobrasil.com\/exportacoes-de-veiculos-crescem-3112-de-janeiro-a-setembro-e-totalizam-3653-mil-unidades-diz-anfavea\/\" style=\"color:blue; text-decoration:underline\"><span style=\"font-size:14.0pt\">Exporta&ccedil;&otilde;es de ve&iacute;culos crescem 31,12% de janeiro a setembro e totalizam 365,3 mil unidades, diz ANFAVEA<\/span><\/a><\/span><\/span><\/span><\/p>\r\n\r\n<p class=\"MsoTitleCxSpLast\" style=\"text-align:justify\"><span style=\"font-size:28pt\"><span style=\"font-family:&quot;Cambria&quot;,serif\"><span style=\"letter-spacing:-0.5pt\"><b><span style=\"font-size:18.0pt\"><span style=\"font-family:&quot;Calibri&quot;,sans-serif\"><span style=\"font-variant:small-caps\">Economia<\/span><\/span><\/span><\/b><\/span><\/span><\/span><\/p>\r\n\r\n<p style=\"text-align:justify\"><span style=\"font-size:11pt\"><span style=\"line-height:normal\"><span style=\"font-family:&quot;Calibri&quot;,sans-serif\"><a href=\"https:\/\/www.bcb.gov.br\/content\/focus\/focus\/R20221007.pdf\" style=\"color:blue; text-decoration:underline\"><span style=\"font-size:14.0pt\">Focus - Relat&oacute;rio de Mercado<\/span><\/a><\/span><\/span><\/span><\/p>\r\n\r\n<p style=\"text-align:justify\"><span style=\"font-size:11pt\"><span style=\"line-height:normal\"><span style=\"font-family:&quot;Calibri&quot;,sans-serif\"><a href=\"https:\/\/agenciabrasil.ebc.com.br\/economia\/noticia\/2022-10\/mercado-financeiro-reduz-projecao-da-inflacao-de-574-para-571\" style=\"color:blue; text-decoration:underline\"><span style=\"font-size:14.0pt\">Mercado financeiro reduz proje&ccedil;&atilde;o da infla&ccedil;&atilde;o de 5,74% para 5,71%<\/span><\/a><\/span><\/span><\/span><\/p>\r\n\r\n<p style=\"text-align:justify\"><span style=\"font-size:11pt\"><span style=\"line-height:normal\"><span style=\"font-family:&quot;Calibri&quot;,sans-serif\"><a href=\"https:\/\/agenciabrasil.ebc.com.br\/economia\/noticia\/2022-10\/juros-altos-e-combustiveis-explicam-queda-da-inflacao\" style=\"color:blue; text-decoration:underline\"><span style=\"font-size:14.0pt\">Juros altos e combust&iacute;veis explicam queda da infla&ccedil;&atilde;o<\/span><\/a><\/span><\/span><\/span><\/p>\r\n\r\n<p style=\"text-align:justify\"><span style=\"font-size:11pt\"><span style=\"line-height:normal\"><span style=\"font-family:&quot;Calibri&quot;,sans-serif\"><a href=\"https:\/\/portalibre.fgv.br\/sites\/default\/files\/2022-10\/barometros-globais-kof-fgv_press-release_10_2022_0.pdf\" style=\"color:blue; text-decoration:underline\"><span style=\"font-size:14.0pt\">Bar&ocirc;metros Globais interrompem sequ&ecirc;ncia de quedas<\/span><\/a><\/span><\/span><\/span><\/p>\r\n\r\n<p style=\"text-align:justify\"><span style=\"font-size:11pt\"><span style=\"line-height:normal\"><span style=\"font-family:&quot;Calibri&quot;,sans-serif\"><a href=\"https:\/\/www.fiesp.com.br\/noticias\/producao-industrial-recua-06-em-agosto-e-fiesp-projeta-queda-de-05-para-2022\/\" style=\"color:blue; text-decoration:underline\"><span style=\"font-size:14.0pt\">Produ&ccedil;&atilde;o industrial recua 0,6% em agosto e Fiesp projeta queda de 0,5% para 2022<\/span><\/a><\/span><\/span><\/span><\/p>\r\n\r\n<p style=\"text-align:justify\"><span style=\"font-size:11pt\"><span style=\"line-height:normal\"><span style=\"font-family:&quot;Calibri&quot;,sans-serif\"><a href=\"https:\/\/br.investing.com\/news\/economy\/blackrock-alerta-havera-recessao-em-2023-nos-eua-e-mais-cedo-na-zona-do-euro-1042746\" style=\"color:blue; text-decoration:underline\"><span style=\"font-size:14.0pt\">BlackRock alerta: haver&aacute; recess&atilde;o em 2023 nos EUA e mais cedo na Zona do Euro<\/span><\/a><\/span><\/span><\/span><\/p>\r\n\r\n<p style=\"text-align:justify\"><span style=\"font-size:11pt\"><span style=\"line-height:normal\"><span style=\"font-family:&quot;Calibri&quot;,sans-serif\"><a href=\"https:\/\/www.fibre2fashion.com\/news\/textile-news\/global-economy-policy-shifts-result-in-asia-s-growth-slowdown-unctad-283447-newsdetails.htm\" style=\"color:blue; text-decoration:underline\"><span style=\"font-size:14.0pt\">Global economy, policy shifts result in Asia&#39;s growth slowdown: UNCTAD<\/span><\/a><\/span><\/span><\/span><\/p>\r\n","6":"<p style=\"text-align:justify\"><span style=\"font-size:11pt\"><span style=\"line-height:normal\"><span style=\"font-family:&quot;Calibri&quot;,sans-serif\"><span style=\"font-size:14.0pt\">Esta &eacute; uma compila&ccedil;&atilde;o das not&iacute;cias mais relevantes para o setor, incluindo informa&ccedil;&otilde;es sobre acordos internacionais, economia brasileira, sustentabilidade e mat&eacute;rias primas, al&eacute;m de novidades do setor de N&atilde;otecidos e Tecidos T&eacute;cnicos.<\/span><\/span><\/span><\/span><\/p>\r\n\r\n<p class=\"MsoTitleCxSpLast\" style=\"text-align:justify\"><span style=\"font-size:28pt\"><span style=\"font-family:&quot;Cambria&quot;,serif\"><span style=\"letter-spacing:-0.5pt\"><b><span style=\"font-size:18.0pt\"><span style=\"font-family:&quot;Calibri&quot;,sans-serif\"><span style=\"font-variant:small-caps\">A&ccedil;&otilde;es da ABINT<\/span><\/span><\/span><\/b><\/span><\/span><\/span><\/p>\r\n\r\n<p style=\"text-align:justify\"><span style=\"font-size:11pt\"><span style=\"line-height:normal\"><span style=\"font-family:&quot;Calibri&quot;,sans-serif\"><span class=\"MsoHyperlink\" style=\"color:blue\"><span style=\"text-decoration:underline\"><b><span style=\"font-size:14.0pt\"><span style=\"text-decoration:none\"><span style=\"text-underline:none\">Curso ABINT Tecnologia dos N&atilde;otecidos<\/span><\/span><\/span><\/b><\/span><\/span> <a href=\"https:\/\/pt.surveymonkey.com\/r\/inscricaocurso\" style=\"color:blue; text-decoration:underline\"><b><span style=\"font-size:14.0pt\">INSCREVA-SE<\/span><\/b><\/a><span class=\"MsoHyperlink\" style=\"color:blue\"><span style=\"text-decoration:underline\"><span style=\"font-size:14.0pt\"><span style=\"text-decoration:none\"><span style=\"text-underline:none\"> <b>para as pr&oacute;ximas turmas!<\/b><\/span><\/span><\/span><\/span><\/span><\/span><\/span><\/span><\/p>\r\n\r\n<p style=\"text-align:justify\">&nbsp;<\/p>\r\n\r\n<p style=\"text-align:justify\"><span style=\"font-size:11pt\"><span style=\"line-height:normal\"><span style=\"font-family:&quot;Calibri&quot;,sans-serif\"><span class=\"MsoHyperlink\" style=\"color:blue\"><span style=\"text-decoration:underline\"><span style=\"font-size:14.0pt\"><span style=\"text-decoration:none\"><span style=\"text-underline:none\"><b><img src=\"https:\/\/www.abint.org.br\/assets\/img\/editor\/congresso-internacional-abit-2022_20221011190405B9dMDx72OU.png\" \/><\/b><\/span><\/span><\/span><\/span><\/span><\/span><\/span><\/span><\/p>\r\n\r\n<p style=\"text-align:justify\"><span class=\"MsoHyperlink\" style=\"color:blue\"><span style=\"text-decoration:underline\"><b><span style=\"font-size:14.0pt\"><span style=\"line-height:115%\"><span style=\"font-family:&quot;Calibri&quot;,sans-serif\"><span style=\"text-decoration:none\"><span style=\"text-underline:none\">A ABINT &eacute; uma das patrocinadoras do Congresso Internacional ABIT 2022<\/span><\/span><\/span><\/span><\/span><\/b><\/span><\/span><span class=\"MsoHyperlink\" style=\"color:blue\"><span style=\"text-decoration:underline\"><span style=\"font-size:14.0pt\"><span style=\"line-height:115%\"><span style=\"font-family:&quot;Calibri&quot;,sans-serif\"><span style=\"text-decoration:none\"><span style=\"text-underline:none\">, evento 100% presencial, que ocorrer&aacute; dias <b>03 e 04 de novembro<\/b>, em Belo Horizonte, MG. <\/span><\/span><\/span><\/span><\/span><\/span><\/span><span style=\"font-size:11.0pt\"><span style=\"line-height:115%\"><span style=\"font-family:&quot;Calibri&quot;,sans-serif\"><a href=\"https:\/\/www.congressoabit.com.br\/\" style=\"color:blue; text-decoration:underline\"><span style=\"font-size:14.0pt\"><span style=\"line-height:115%\">Informa&ccedil;&otilde;es<\/span><\/span><\/a><\/span><\/span><\/span><\/p>\r\n\r\n<p style=\"text-align:justify\">&nbsp;<\/p>\r\n\r\n<p style=\"text-align:justify\"><span style=\"font-size:11.0pt\"><span style=\"line-height:115%\"><span style=\"font-family:&quot;Calibri&quot;,sans-serif\"><span style=\"font-size:14.0pt\"><span style=\"line-height:115%\"><img height=\"552\" src=\"https:\/\/www.abint.org.br\/assets\/img\/editor\/partnerkit-conahp-quad-cth-abint_20221011190435ZyodZbLoTy.png\" width=\"552\" \/><\/span><\/span><\/span><\/span><\/span><\/p>\r\n\r\n<p style=\"text-align:justify\"><span class=\"MsoHyperlink\" style=\"color:blue\"><span style=\"text-decoration:underline\"><span style=\"font-size:14.0pt\"><span style=\"line-height:115%\"><span style=\"font-family:&quot;Calibri&quot;,sans-serif\"><span style=\"text-decoration:none\"><span style=\"text-underline:none\">O <b>CTH ABINT<\/b> &eacute; patrocinador do <\/span><\/span><\/span><\/span><\/span><\/span><\/span><span class=\"MsoHyperlink\" style=\"color:blue\"><span style=\"text-decoration:underline\"><b><span style=\"font-size:14.0pt\"><span style=\"line-height:115%\"><span style=\"font-family:&quot;Calibri&quot;,sans-serif\"><span style=\"text-decoration:none\"><span style=\"text-underline:none\">CONAHP 2022 - Congresso Nacional de Hospitais Privados<\/span><\/span><\/span><\/span><\/span><\/b><\/span><\/span><span class=\"MsoHyperlink\" style=\"color:blue\"><span style=\"text-decoration:underline\"><span style=\"font-size:14.0pt\"><span style=\"line-height:115%\"><span style=\"font-family:&quot;Calibri&quot;,sans-serif\"><span style=\"text-decoration:none\"><span style=\"text-underline:none\">, evento que ocorrer&aacute; <b>presencialmente nos dias 10 e 11 de novembro, Transam&eacute;rica Expo Center<\/b>, S&atilde;o Paulo, SP. <\/span><\/span><\/span><\/span><\/span><\/span><\/span><span style=\"font-size:11.0pt\"><span style=\"line-height:115%\"><span style=\"font-family:&quot;Calibri&quot;,sans-serif\"><a href=\"https:\/\/conahp.org.br\/2022\/\" style=\"color:blue; text-decoration:underline\"><span style=\"font-size:14.0pt\"><span style=\"line-height:115%\">Informa&ccedil;&otilde;es <\/span><\/span><\/a><\/span><\/span><\/span><\/p>\r\n\r\n<p class=\"MsoTitleCxSpLast\" style=\"text-align:justify\">&nbsp;<\/p>\r\n\r\n<p style=\"text-align:justify\"><span style=\"font-size:11pt\"><span style=\"line-height:normal\"><span style=\"font-family:&quot;Calibri&quot;,sans-serif\"><b><span style=\"font-size:18.0pt\"><span style=\"font-variant:small-caps\">Eventos<\/span><\/span><\/b><\/span><\/span><\/span><\/p>\r\n\r\n<p style=\"text-align:justify\"><span style=\"font-size:11pt\"><span style=\"line-height:normal\"><span style=\"font-family:&quot;Calibri&quot;,sans-serif\"><span class=\"MsoHyperlink\" style=\"color:blue\"><span style=\"text-decoration:underline\"><b><span style=\"font-size:14.0pt\"><span style=\"text-decoration:none\"><span style=\"text-underline:none\">Webinar gratuito | Normaliza&ccedil;&atilde;o t&eacute;cnica: isonomia competitiva e prote&ccedil;&atilde;o dos consumidores<\/span><\/span><\/span><\/b><\/span><\/span><span class=\"MsoHyperlink\" style=\"color:blue\"><span style=\"text-decoration:underline\"><span style=\"font-size:14.0pt\"><span style=\"text-decoration:none\"><span style=\"text-underline:none\">, 14 de outubro, 11h &agrave;s 12h. <\/span><\/span><\/span><\/span><\/span><a href=\"https:\/\/eventiza.com.br\/evento\/normalizacao-tecnica-isonomia-competitiva-e-protecao-dos-consumidores\" style=\"color:blue; text-decoration:underline\"><span style=\"font-size:14.0pt\">Informa&ccedil;&otilde;es<\/span><\/a><\/span><\/span><\/span><\/p>\r\n\r\n<p style=\"text-align:justify\"><span style=\"font-size:11pt\"><span style=\"line-height:normal\"><span style=\"font-family:&quot;Calibri&quot;,sans-serif\"><span class=\"MsoHyperlink\" style=\"color:blue\"><span style=\"text-decoration:underline\"><b><span style=\"font-size:14.0pt\"><span style=\"text-decoration:none\"><span style=\"text-underline:none\">Feira HospitalMed, <\/span><\/span><\/span><\/b><\/span><\/span><span class=\"MsoHyperlink\" style=\"color:blue\"><span style=\"text-decoration:underline\"><span style=\"font-size:14.0pt\"><span style=\"text-decoration:none\"><span style=\"text-underline:none\">19 a 21 de outubro, Centro de Conven&ccedil;&otilde;es de Pernambuco. <\/span><\/span><\/span><\/span><\/span><a href=\"https:\/\/hospitalmed.com.br\/feira\/\" style=\"color:blue; text-decoration:underline\"><span style=\"font-size:14.0pt\">Informa&ccedil;&otilde;es <\/span><\/a><\/span><\/span><\/span><\/p>\r\n\r\n<p style=\"text-align:justify\"><span style=\"font-size:11pt\"><span style=\"line-height:normal\"><span style=\"font-family:&quot;Calibri&quot;,sans-serif\"><span class=\"MsoHyperlink\" style=\"color:blue\"><span style=\"text-decoration:underline\"><b><span style=\"font-size:14.0pt\"><span style=\"text-decoration:none\"><span style=\"text-underline:none\">THE Congress &ndash; NATURALfiberEXTRACTION<\/span><\/span><\/span><\/b><\/span><\/span><span class=\"MsoHyperlink\" style=\"color:blue\"><span style=\"text-decoration:underline\"><span style=\"font-size:14.0pt\"><span style=\"text-decoration:none\"><span style=\"text-underline:none\">, 26 de outubro de 2022, Stuttgart. <\/span><\/span><\/span><\/span><\/span><a href=\"https:\/\/www.afbw.eu\/aktuelles\/veranstaltungen\/details\/the-congress-naturalfiberpulping\/\" style=\"color:blue; text-decoration:underline\"><span style=\"font-size:14.0pt\">Informa&ccedil;&otilde;es<\/span><\/a><span class=\"MsoHyperlink\" style=\"color:blue\"><span style=\"text-decoration:underline\"><span style=\"font-size:14.0pt\"><span style=\"text-decoration:none\"><span style=\"text-underline:none\">.<\/span><\/span><\/span><\/span><\/span><\/span><\/span><\/span><\/p>\r\n\r\n<p style=\"text-align:justify\"><span style=\"font-size:11pt\"><span style=\"line-height:normal\"><span style=\"font-family:&quot;Calibri&quot;,sans-serif\"><span class=\"MsoHyperlink\" style=\"color:blue\"><span style=\"text-decoration:underline\"><b><span style=\"font-size:14.0pt\"><span style=\"text-decoration:none\"><span style=\"text-underline:none\">Innovate: Zero Carbon, Textiles&#39; journey to zero carbon<\/span><\/span><\/span><\/b><\/span><\/span><\/span><\/span><\/span><\/p>\r\n\r\n<p style=\"text-align:justify\"><span style=\"font-size:11pt\"><span style=\"line-height:normal\"><span style=\"font-family:&quot;Calibri&quot;,sans-serif\"><span class=\"MsoHyperlink\" style=\"color:blue\"><span style=\"text-decoration:underline\"><span style=\"font-size:14.0pt\"><span style=\"text-decoration:none\"><span style=\"text-underline:none\">When: 1-3 Nov 2022<\/span><\/span><\/span><\/span><\/span><\/span><\/span><\/span><\/p>\r\n\r\n<p style=\"text-align:justify\"><span style=\"font-size:11pt\"><span style=\"line-height:normal\"><span style=\"font-family:&quot;Calibri&quot;,sans-serif\"><span class=\"MsoHyperlink\" style=\"color:blue\"><span style=\"text-decoration:underline\"><span style=\"font-size:14.0pt\"><span style=\"text-decoration:none\"><span style=\"text-underline:none\">What time: 13:00&ndash;17:00 UTC \/ 9:00&ndash;13:00 EDT<\/span><\/span><\/span><\/span><\/span><\/span><\/span><\/span><\/p>\r\n\r\n<p style=\"text-align:justify\"><span style=\"font-size:11pt\"><span style=\"line-height:normal\"><span style=\"font-family:&quot;Calibri&quot;,sans-serif\"><span class=\"MsoHyperlink\" style=\"color:blue\"><span style=\"text-decoration:underline\"><span style=\"font-size:14.0pt\"><span style=\"text-decoration:none\"><span style=\"text-underline:none\">Where: Virtual, <\/span><\/span><\/span><\/span><\/span><a href=\"https:\/\/events.wtin.com\/event\/f5bac4f2-d902-41ba-9153-a4d80622877c\/summary\" style=\"color:blue; text-decoration:underline\"><span style=\"font-size:14.0pt\">events.wtin.com\/innovate<\/span><\/a><\/span><\/span><\/span><\/p>\r\n\r\n<p class=\"MsoTitleCxSpLast\" style=\"text-align:justify\"><span style=\"font-size:28pt\"><span style=\"font-family:&quot;Cambria&quot;,serif\"><span style=\"letter-spacing:-0.5pt\"><b><span style=\"font-size:18.0pt\"><span style=\"font-family:&quot;Calibri&quot;,sans-serif\"><span style=\"font-variant:small-caps\">Setor<\/span><\/span><\/span><\/b><\/span><\/span><\/span><\/p>\r\n\r\n<p style=\"text-align:justify\"><span style=\"font-size:11pt\"><span style=\"line-height:normal\"><span style=\"font-family:&quot;Calibri&quot;,sans-serif\"><a href=\"https:\/\/www.technicaltextile.net\/news\/sri-lanka-waives-off-tax-on-raw-materials-for-sanitary-napkins-283439.html\" style=\"color:blue; text-decoration:underline\"><span style=\"font-size:14.0pt\">Sri Lanka waives off tax on raw materials for sanitary napkins<\/span><\/a><\/span><\/span><\/span><\/p>\r\n\r\n<p style=\"text-align:justify\"><span style=\"font-size:11pt\"><span style=\"line-height:normal\"><span style=\"font-family:&quot;Calibri&quot;,sans-serif\"><a href=\"https:\/\/www.textiletechnology.net\/nonwovens\/news\/inda-award-for-technology-that-transforms-used-diapers-into-cat-litter-32936?utm_source=%2Fmeta%2Fnewsletter%2Fnewsletter&amp;utm_medium=newsletter&amp;utm_campaign=nl979&amp;utm_term=0801b20e08c3242125d512808cd74302\" style=\"color:blue; text-decoration:underline\"><span style=\"font-size:14.0pt\">INDA: Transformation of used diapers into cat litter receives award<\/span><\/a><\/span><\/span><\/span><\/p>\r\n\r\n<p style=\"text-align:justify\"><span style=\"font-size:11pt\"><span style=\"line-height:normal\"><span style=\"font-family:&quot;Calibri&quot;,sans-serif\"><a href=\"https:\/\/www.technicaltextile.net\/news\/finland-s-suominen-launches-premium-nonwoven-with-tri-layer-structure-283414.html\" style=\"color:blue; text-decoration:underline\"><span style=\"font-size:14.0pt\">Finland&#39;s Suominen launches premium nonwoven with tri-layer structure<\/span><\/a><\/span><\/span><\/span><\/p>\r\n\r\n<p style=\"text-align:justify\"><span style=\"font-size:11pt\"><span style=\"line-height:normal\"><span style=\"font-family:&quot;Calibri&quot;,sans-serif\"><a href=\"https:\/\/www.textiletechnology.net\/nonwovens\/news\/berry-global-recycling-ecosystem-built-to-provide-recycled-content-32887?utm_source=%2Fmeta%2Fnewsletter%2Fnewsletter&amp;utm_medium=newsletter&amp;utm_campaign=nl979&amp;utm_term=0801b20e08c3242125d512808cd74302\" style=\"color:blue; text-decoration:underline\"><span style=\"font-size:14.0pt\">Berry Global: Recycling ecosystem built to provide recycled content<\/span><\/a><\/span><\/span><\/span><\/p>\r\n\r\n<p style=\"text-align:justify\"><span style=\"font-size:11pt\"><span style=\"line-height:normal\"><span style=\"font-family:&quot;Calibri&quot;,sans-serif\"><a href=\"https:\/\/tissueonline.com.br\/andritz-fornecera-quatro-linhas-de-tissue-de-alta-velocidade-para-a-bracell\/\" style=\"color:blue; text-decoration:underline\"><span style=\"font-size:14.0pt\">ANDRITZ fornecer&aacute; quatro linhas de tissue de alta velocidade para a Bracell<\/span><\/a><\/span><\/span><\/span><\/p>\r\n\r\n<p style=\"text-align:justify\"><span style=\"font-size:11pt\"><span style=\"line-height:normal\"><span style=\"font-family:&quot;Calibri&quot;,sans-serif\"><a href=\"https:\/\/www.nonwovens-industry.com\/contents\/view_online-exclusives\/2022-10-06\/what-are-thermal-bonded-nonwovens\/\" style=\"color:blue; text-decoration:underline\"><span style=\"font-size:14.0pt\">What Are Thermal Bonded Nonwovens?<\/span><\/a><\/span><\/span><\/span><\/p>\r\n\r\n<p style=\"text-align:justify\"><span style=\"font-size:11pt\"><span style=\"line-height:normal\"><span style=\"font-family:&quot;Calibri&quot;,sans-serif\"><a href=\"https:\/\/www.nonwovens-industry.com\/contents\/view_breaking-news\/2022-10-04\/nonwovens-industry-share-advances-in-responsible-sourcing\/\" style=\"color:blue; text-decoration:underline\"><span style=\"font-size:14.0pt\">Nonwovens Industry Shares Advances in Responsible Sourcing<\/span><\/a><\/span><\/span><\/span><\/p>\r\n\r\n<p class=\"MsoTitleCxSpLast\" style=\"text-align:justify\"><span style=\"font-size:28pt\"><span style=\"font-family:&quot;Cambria&quot;,serif\"><span style=\"letter-spacing:-0.5pt\"><b><span style=\"font-size:18.0pt\"><span style=\"font-family:&quot;Calibri&quot;,sans-serif\"><span style=\"font-variant:small-caps\">Ind&uacute;stria<\/span><\/span><\/span><\/b><\/span><\/span><\/span><\/p>\r\n\r\n<p style=\"text-align:justify\"><span style=\"font-size:11pt\"><span style=\"line-height:normal\"><span style=\"font-family:&quot;Calibri&quot;,sans-serif\"><a href=\"https:\/\/exclusivo.com.br\/_conteudo\/negocios\/2022\/10\/04\/industria-calcadista-criou-40-mil-vagas-em-2022.html?utm_campaign=News+06%2F10%2F2022&amp;utm_content=Ind%C3%BAstria+cal%C3%A7adista+criou+40+mil+vagas+em+2022+-+Jornal+Exclusivo+%283%29&amp;utm_medium=email&amp;utm_source=EmailMarketing&amp;utm_term=News+06%2F10%2F2022\" style=\"color:blue; text-decoration:underline\"><span style=\"font-size:14.0pt\">Ind&uacute;stria cal&ccedil;adista criou 40 mil vagas em 2022<\/span><\/a><\/span><\/span><\/span><\/p>\r\n\r\n<p style=\"text-align:justify\"><span style=\"font-size:11pt\"><span style=\"line-height:normal\"><span style=\"font-family:&quot;Calibri&quot;,sans-serif\"><a href=\"https:\/\/exclusivo.com.br\/_conteudo\/negocios\/2022\/10\/04\/quem-inovou-na-pandemia-aumentou-lucro-e-produtividade.html?utm_campaign=News+06%2F10%2F2022&amp;utm_content=Quem+inovou+na+pandemia+aumentou+lucro+e+produtividade+-+Jornal+Exclusivo+%283%29&amp;utm_medium=email&amp;utm_source=EmailMarketing&amp;utm_term=News+06%2F10%2F2022\" style=\"color:blue; text-decoration:underline\"><span style=\"font-size:14.0pt\">Quem inovou na pandemia aumentou lucro e produtividade<\/span><\/a><\/span><\/span><\/span><\/p>\r\n\r\n<p style=\"text-align:justify\"><span style=\"font-size:11pt\"><span style=\"line-height:normal\"><span style=\"font-family:&quot;Calibri&quot;,sans-serif\"><a href=\"https:\/\/agenciabrasil.ebc.com.br\/economia\/noticia\/2022-10\/producao-de-veiculos-tem-alta-de-193-em-setembro-informa-anfavea\" style=\"color:blue; text-decoration:underline\"><span style=\"font-size:14.0pt\">Produ&ccedil;&atilde;o de ve&iacute;culos tem alta de 19,3% em setembro, informa Anfavea<\/span><\/a><\/span><\/span><\/span><\/p>\r\n\r\n<p style=\"text-align:justify\"><span style=\"font-size:11pt\"><span style=\"line-height:normal\"><span style=\"font-family:&quot;Calibri&quot;,sans-serif\"><a href=\"https:\/\/grandesconstrucoes.com.br\/Noticias\/Exibir\/industria-de-materiais-tem-desempenho-regular-em-setembro?utm_source=akna&amp;utm_medium=email&amp;utm_campaign=Grandes-Construcoes-Informativo-832-06-10-2022&amp;utm_source=akna&amp;utm_medium=email&amp;utm_campaign=Grandes-Construcoes-Informativo-832-06-10-2022\" style=\"color:blue; text-decoration:underline\"><span style=\"font-size:14.0pt\">Ind&uacute;stria de Materiais tem desempenho regular em setembro<\/span><\/a><\/span><\/span><\/span><\/p>\r\n\r\n<p style=\"text-align:justify\"><span style=\"font-size:11pt\"><span style=\"line-height:normal\"><span style=\"font-family:&quot;Calibri&quot;,sans-serif\"><a href=\"http:\/\/abimovel.com\/industria-de-moveis-alcanca-o-segundo-melhor-resultado-do-ano-em-julho-de-acordo-com-a-abimovel\/?utm_campaign=industria_de_moveis_alcanca_o_segundo_melhor_resultado_do_ano_em_julho_de_acordo_com_a_abimovel&amp;utm_medium=email&amp;utm_source=RD+Station\" style=\"color:blue; text-decoration:underline\"><span style=\"font-size:14.0pt\">Ind&uacute;stria de m&oacute;veis alcan&ccedil;a o segundo melhor resultado do ano em julho, de acordo com a ABIM&Oacute;VEL<\/span><\/a><\/span><\/span><\/span><\/p>\r\n\r\n<p style=\"text-align:justify\"><span style=\"font-size:11pt\"><span style=\"line-height:normal\"><span style=\"font-family:&quot;Calibri&quot;,sans-serif\"><a href=\"http:\/\/abimovel.com\/painel-do-setor-moveleiro-indicadores-e-perspectivas-no-2o-sedeitec-em-mg\/?utm_campaign=painel_do_setor_moveleiro_indicadores_e_perspectivas_no_2_sedeitec_em_mg&amp;utm_medium=email&amp;utm_source=RD+Station\" style=\"color:blue; text-decoration:underline\"><span style=\"font-size:14.0pt\">Painel do Setor Moveleiro: indicadores e perspectivas no 2&ordm; SEDEITEC em MG<\/span><\/a><\/span><\/span><\/span><\/p>\r\n\r\n<p class=\"MsoTitleCxSpLast\" style=\"text-align:justify\"><span style=\"font-size:28pt\"><span style=\"font-family:&quot;Cambria&quot;,serif\"><span style=\"letter-spacing:-0.5pt\"><b><span style=\"font-size:18.0pt\"><span style=\"font-family:&quot;Calibri&quot;,sans-serif\"><span style=\"font-variant:small-caps\">Sustentabilidade<\/span><\/span><\/span><\/b><\/span><\/span><\/span><\/p>\r\n\r\n<p style=\"text-align:justify\"><span style=\"font-size:11pt\"><span style=\"line-height:normal\"><span style=\"font-family:&quot;Calibri&quot;,sans-serif\"><a href=\"https:\/\/mercadoeconsumo.com.br\/10\/10\/2022\/sustentabilidade\/braskem-lanca-novo-ecossistema-de-economia-circular-de-atuacao-global\/?utm_campaign=news_1010_-_geral&amp;utm_medium=email&amp;utm_source=RD+Station\" style=\"color:blue; text-decoration:underline\"><span style=\"font-size:14.0pt\">Braskem lan&ccedil;a novo ecossistema de economia circular de atua&ccedil;&atilde;o global<\/span><\/a><\/span><\/span><\/span><\/p>\r\n\r\n<p style=\"text-align:justify\"><span style=\"font-size:11pt\"><span style=\"line-height:normal\"><span style=\"font-family:&quot;Calibri&quot;,sans-serif\"><a href=\"https:\/\/www.portugaltextil.com\/potencial-da-reciclagem-textil-aumenta-na-europa\/?utm_term=Portugal+Textil+a%3F%3F%3F%3F+04.10.2022&amp;utm_campaign=Portugal+Textil+FInal&amp;utm_source=e-goi&amp;utm_medium=email\" style=\"color:blue; text-decoration:underline\"><span style=\"font-size:14.0pt\">Potencial da reciclagem t&ecirc;xtil aumenta na Europa<\/span><\/a><\/span><\/span><\/span><\/p>\r\n\r\n<p style=\"text-align:justify\"><span style=\"font-size:11pt\"><span style=\"line-height:normal\"><span style=\"font-family:&quot;Calibri&quot;,sans-serif\"><a href=\"https:\/\/www.textiletechnology.net\/technology\/news\/euratex-sustainability-meets-competitiveness-32907?utm_source=%2Fmeta%2Fnewsletter%2Fnewsletter&amp;utm_medium=newsletter&amp;utm_campaign=nl980&amp;utm_term=0801b20e08c3242125d512808cd74302\" style=\"color:blue; text-decoration:underline\"><span style=\"font-size:14.0pt\">Euratex: Sustainability meets competitiveness<\/span><\/a><\/span><\/span><\/span><\/p>\r\n\r\n<p style=\"text-align:justify\"><span style=\"font-size:11pt\"><span style=\"line-height:normal\"><span style=\"font-family:&quot;Calibri&quot;,sans-serif\"><a href=\"https:\/\/www.nonwovens-industry.com\/contents\/view_breaking-news\/2022-10-04\/nonwovens-industry-share-advances-in-responsible-sourcing?utm_campaign=NON+eNewsletter&amp;utm_medium=email&amp;_hsmi=228706142&amp;_hsenc=p2ANqtz-_Z_Wq7N5nRzXHaI9Coe5F4EM3OQw_s-X32ja1Kj5NuNWM6N8fxE1Xbxz5UCnwHHaAITDiIU00bOl1bwmZdOHMujwnZxw&amp;utm_content=228706142&amp;utm_source=hs_email\" style=\"color:blue; text-decoration:underline\"><span style=\"font-size:14.0pt\">Nonwovens Industry Shares Advances in Responsible Sourcing<\/span><\/a><\/span><\/span><\/span><\/p>\r\n\r\n<p style=\"text-align:justify\"><span style=\"font-size:11pt\"><span style=\"line-height:normal\"><span style=\"font-family:&quot;Calibri&quot;,sans-serif\"><a href=\"https:\/\/www.bemparana.com.br\/bem-estar\/a-nova-moda-e-sustentavel-ja-imaginou-vestir-celulose\/\" style=\"color:blue; text-decoration:underline\"><span style=\"font-size:14.0pt\">A nova moda &eacute; sustent&aacute;vel: j&aacute; imaginou vestir celulose?<\/span><\/a><\/span><\/span><\/span><\/p>\r\n\r\n<p class=\"MsoTitleCxSpLast\" style=\"text-align:justify\"><span style=\"font-size:28pt\"><span style=\"font-family:&quot;Cambria&quot;,serif\"><span style=\"letter-spacing:-0.5pt\"><b><span style=\"font-size:18.0pt\"><span style=\"font-family:&quot;Calibri&quot;,sans-serif\"><span style=\"font-variant:small-caps\">Inova&ccedil;&atilde;o<\/span><\/span><\/span><\/b><\/span><\/span><\/span><\/p>\r\n\r\n<p style=\"text-align:justify\"><span style=\"font-size:11pt\"><span style=\"line-height:normal\"><span style=\"font-family:&quot;Calibri&quot;,sans-serif\"><a href=\"https:\/\/noticias.portaldaindustria.com.br\/noticias\/inovacao-e-tecnologia\/o-que-sao-os-biossinteticos-e-que-moda-e-essa\/\" style=\"color:blue; text-decoration:underline\"><span style=\"font-size:14.0pt\">O que s&atilde;o os biossint&eacute;ticos e que moda &eacute; essa?<\/span><\/a><\/span><\/span><\/span><\/p>\r\n\r\n<p style=\"text-align:justify\"><span style=\"font-size:11pt\"><span style=\"line-height:normal\"><span style=\"font-family:&quot;Calibri&quot;,sans-serif\"><a href=\"https:\/\/www.textiletechnology.net\/nonwovens\/trendreports\/bielefeld-uas-the-stuff-that-artificial-brains-are-made-of-32912?utm_source=%2Fmeta%2Fnewsletter%2Fnewsletter&amp;utm_medium=newsletter&amp;utm_campaign=nl979&amp;utm_term=0801b20e08c3242125d512808cd74302\" style=\"color:blue; text-decoration:underline\"><span style=\"font-size:14.0pt\">The stuff that artificial brains are made of<\/span><\/a><\/span><\/span><\/span><\/p>\r\n\r\n<p class=\"MsoTitleCxSpLast\" style=\"text-align:justify\"><span style=\"font-size:28pt\"><span style=\"font-family:&quot;Cambria&quot;,serif\"><span style=\"letter-spacing:-0.5pt\"><b><span style=\"font-size:18.0pt\"><span style=\"font-family:&quot;Calibri&quot;,sans-serif\"><span style=\"font-variant:small-caps\">Com&eacute;rcio Exterior<\/span><\/span><\/span><\/b><\/span><\/span><\/span><\/p>\r\n\r\n<p style=\"text-align:justify\"><span style=\"font-size:11pt\"><span style=\"line-height:normal\"><span style=\"font-family:&quot;Calibri&quot;,sans-serif\"><a href=\"https:\/\/www.comexdobrasil.com\/brasil-da-mais-um-importante-passo-rumo-a-adesao-da-ocde-com-encaminhamento-do-memorando-inicial-a-organizacao\/\" style=\"color:blue; text-decoration:underline\"><span style=\"font-size:14.0pt\">Brasil da mais um importante passo rumo a ades&atilde;o da OCDE com encaminhamento do memorando inicial a organiza&ccedil;&atilde;o<\/span><\/a><\/span><\/span><\/span><\/p>\r\n\r\n<p style=\"text-align:justify\"><span style=\"font-size:11pt\"><span style=\"line-height:normal\"><span style=\"font-family:&quot;Calibri&quot;,sans-serif\"><a href=\"https:\/\/textileindustry.ning.com\/forum\/topics\/exporta-es-do-setor-t-xtil-e-de-confec-o-cresceram-20-86-de\" style=\"color:blue; text-decoration:underline\"><span style=\"font-size:14.0pt\">Exporta&ccedil;&otilde;es do setor t&ecirc;xtil e de confec&ccedil;&atilde;o cresceram 20,86% de janeiro a agosto<\/span><\/a><\/span><\/span><\/span><\/p>\r\n\r\n<p style=\"text-align:justify\"><span style=\"font-size:11pt\"><span style=\"line-height:normal\"><span style=\"font-family:&quot;Calibri&quot;,sans-serif\"><a href=\"https:\/\/www.comexdobrasil.com\/exportacoes-de-veiculos-crescem-3112-de-janeiro-a-setembro-e-totalizam-3653-mil-unidades-diz-anfavea\/\" style=\"color:blue; text-decoration:underline\"><span style=\"font-size:14.0pt\">Exporta&ccedil;&otilde;es de ve&iacute;culos crescem 31,12% de janeiro a setembro e totalizam 365,3 mil unidades, diz ANFAVEA<\/span><\/a><\/span><\/span><\/span><\/p>\r\n\r\n<p class=\"MsoTitleCxSpLast\" style=\"text-align:justify\"><span style=\"font-size:28pt\"><span style=\"font-family:&quot;Cambria&quot;,serif\"><span style=\"letter-spacing:-0.5pt\"><b><span style=\"font-size:18.0pt\"><span style=\"font-family:&quot;Calibri&quot;,sans-serif\"><span style=\"font-variant:small-caps\">Economia<\/span><\/span><\/span><\/b><\/span><\/span><\/span><\/p>\r\n\r\n<p style=\"text-align:justify\"><span style=\"font-size:11pt\"><span style=\"line-height:normal\"><span style=\"font-family:&quot;Calibri&quot;,sans-serif\"><a href=\"https:\/\/www.bcb.gov.br\/content\/focus\/focus\/R20221007.pdf\" style=\"color:blue; text-decoration:underline\"><span style=\"font-size:14.0pt\">Focus - Relat&oacute;rio de Mercado<\/span><\/a><\/span><\/span><\/span><\/p>\r\n\r\n<p style=\"text-align:justify\"><span style=\"font-size:11pt\"><span style=\"line-height:normal\"><span style=\"font-family:&quot;Calibri&quot;,sans-serif\"><a href=\"https:\/\/agenciabrasil.ebc.com.br\/economia\/noticia\/2022-10\/mercado-financeiro-reduz-projecao-da-inflacao-de-574-para-571\" style=\"color:blue; text-decoration:underline\"><span style=\"font-size:14.0pt\">Mercado financeiro reduz proje&ccedil;&atilde;o da infla&ccedil;&atilde;o de 5,74% para 5,71%<\/span><\/a><\/span><\/span><\/span><\/p>\r\n\r\n<p style=\"text-align:justify\"><span style=\"font-size:11pt\"><span style=\"line-height:normal\"><span style=\"font-family:&quot;Calibri&quot;,sans-serif\"><a href=\"https:\/\/agenciabrasil.ebc.com.br\/economia\/noticia\/2022-10\/juros-altos-e-combustiveis-explicam-queda-da-inflacao\" style=\"color:blue; text-decoration:underline\"><span style=\"font-size:14.0pt\">Juros altos e combust&iacute;veis explicam queda da infla&ccedil;&atilde;o<\/span><\/a><\/span><\/span><\/span><\/p>\r\n\r\n<p style=\"text-align:justify\"><span style=\"font-size:11pt\"><span style=\"line-height:normal\"><span style=\"font-family:&quot;Calibri&quot;,sans-serif\"><a href=\"https:\/\/portalibre.fgv.br\/sites\/default\/files\/2022-10\/barometros-globais-kof-fgv_press-release_10_2022_0.pdf\" style=\"color:blue; text-decoration:underline\"><span style=\"font-size:14.0pt\">Bar&ocirc;metros Globais interrompem sequ&ecirc;ncia de quedas<\/span><\/a><\/span><\/span><\/span><\/p>\r\n\r\n<p style=\"text-align:justify\"><span style=\"font-size:11pt\"><span style=\"line-height:normal\"><span style=\"font-family:&quot;Calibri&quot;,sans-serif\"><a href=\"https:\/\/www.fiesp.com.br\/noticias\/producao-industrial-recua-06-em-agosto-e-fiesp-projeta-queda-de-05-para-2022\/\" style=\"color:blue; text-decoration:underline\"><span style=\"font-size:14.0pt\">Produ&ccedil;&atilde;o industrial recua 0,6% em agosto e Fiesp projeta queda de 0,5% para 2022<\/span><\/a><\/span><\/span><\/span><\/p>\r\n\r\n<p style=\"text-align:justify\"><span style=\"font-size:11pt\"><span style=\"line-height:normal\"><span style=\"font-family:&quot;Calibri&quot;,sans-serif\"><a href=\"https:\/\/br.investing.com\/news\/economy\/blackrock-alerta-havera-recessao-em-2023-nos-eua-e-mais-cedo-na-zona-do-euro-1042746\" style=\"color:blue; text-decoration:underline\"><span style=\"font-size:14.0pt\">BlackRock alerta: haver&aacute; recess&atilde;o em 2023 nos EUA e mais cedo na Zona do Euro<\/span><\/a><\/span><\/span><\/span><\/p>\r\n\r\n<p style=\"text-align:justify\"><span style=\"font-size:11pt\"><span style=\"line-height:normal\"><span style=\"font-family:&quot;Calibri&quot;,sans-serif\"><a href=\"https:\/\/www.fibre2fashion.com\/news\/textile-news\/global-economy-policy-shifts-result-in-asia-s-growth-slowdown-unctad-283447-newsdetails.htm\" style=\"color:blue; text-decoration:underline\"><span style=\"font-size:14.0pt\">Global economy, policy shifts result in Asia&#39;s growth slowdown: UNCTAD<\/span><\/a><\/span><\/span><\/span><\/p>\r\n","texto_en":"","7":"","imagem":"COMP_banner-padrao-home-destaques-boletim_20221011190653xdA2mI8MEt.jpg","8":"COMP_banner-padrao-home-destaques-boletim_20221011190653xdA2mI8MEt.jpg","arquivo":"20221011-NOTICIAS-SEMANAIS.PDF","9":"20221011-NOTICIAS-SEMANAIS.PDF","titulo_arquivo":"","10":"","titulo_arquivo_en":"","11":"","created_at":"2022-10-11 19:07:03","12":"2022-10-11 19:07:03","updated_at":"2022-10-11 19:07:03","13":"2022-10-11 19:07:03"},{"id":37,"0":37,"ordem":186,"1":186,"data":"2022-10-04","2":"2022-10-04","slug":"boletim-de-noticias-semanais-34","3":"boletim-de-noticias-semanais-34","titulo":"Boletim de Not\u00edcias Semanais","4":"Boletim de Not\u00edcias Semanais","titulo_en":"","5":"","texto":"<p style=\"text-align:justify\"><span style=\"font-size:11pt\"><span style=\"line-height:normal\"><span style=\"font-family:&quot;Calibri&quot;,sans-serif\"><span style=\"font-size:14.0pt\">Esta &eacute; uma compila&ccedil;&atilde;o das not&iacute;cias mais relevantes para o setor, incluindo informa&ccedil;&otilde;es sobre acordos internacionais, economia brasileira, sustentabilidade e mat&eacute;rias primas, al&eacute;m de novidades do setor de N&atilde;otecidos e Tecidos T&eacute;cnicos.<\/span><\/span><\/span><\/span><\/p>\r\n\r\n<p class=\"MsoTitleCxSpLast\" style=\"text-align:justify\"><span style=\"font-size:28pt\"><span style=\"font-family:&quot;Cambria&quot;,serif\"><span style=\"letter-spacing:-0.5pt\"><b><span style=\"font-size:18.0pt\"><span style=\"font-family:&quot;Calibri&quot;,sans-serif\"><span style=\"font-variant:small-caps\">A&ccedil;&otilde;es da ABINT<\/span><\/span><\/span><\/b><\/span><\/span><\/span><\/p>\r\n\r\n<p style=\"text-align:justify\"><span style=\"font-size:11pt\"><span style=\"line-height:normal\"><span style=\"font-family:&quot;Calibri&quot;,sans-serif\"><span class=\"MsoHyperlink\" style=\"color:blue\"><span style=\"text-decoration:underline\"><b><span style=\"font-size:14.0pt\"><span style=\"text-decoration:none\"><span style=\"text-underline:none\">Curso ABINT Tecnologia dos N&atilde;otecidos<\/span><\/span><\/span><\/b><\/span><\/span> <a href=\"https:\/\/pt.surveymonkey.com\/r\/inscricaocurso\" style=\"color:blue; text-decoration:underline\"><b><span style=\"font-size:14.0pt\">INSCREVA-SE<\/span><\/b><\/a><span class=\"MsoHyperlink\" style=\"color:blue\"><span style=\"text-decoration:underline\"><span style=\"font-size:14.0pt\"><span style=\"text-decoration:none\"><span style=\"text-underline:none\"> <b>para as pr&oacute;ximas turmas!<\/b><\/span><\/span><\/span><\/span><\/span><\/span><\/span><\/span><\/p>\r\n\r\n<p style=\"text-align:justify\">&nbsp;<\/p>\r\n\r\n<p><img src=\"https:\/\/www.abint.org.br\/assets\/img\/editor\/congresso-internacional-abit-2022_20221005200023aLkxl1QGm0.png\" \/><\/p>\r\n\r\n<p><span class=\"MsoHyperlink\" style=\"color:blue\"><span style=\"text-decoration:underline\"><b><span style=\"font-size:14.0pt\"><span style=\"line-height:115%\"><span style=\"font-family:&quot;Calibri&quot;,sans-serif\"><span style=\"text-decoration:none\"><span style=\"text-underline:none\">A ABINT &eacute; uma das patrocinadoras do Congresso Internacional ABIT 2022<\/span><\/span><\/span><\/span><\/span><\/b><\/span><\/span><span class=\"MsoHyperlink\" style=\"color:blue\"><span style=\"text-decoration:underline\"><span style=\"font-size:14.0pt\"><span style=\"line-height:115%\"><span style=\"font-family:&quot;Calibri&quot;,sans-serif\"><span style=\"text-decoration:none\"><span style=\"text-underline:none\">, evento 100% presencial, que ocorrer&aacute; dias <b>03 e 04 de novembro<\/b>, em Belo Horizonte, MG. <\/span><\/span><\/span><\/span><\/span><\/span><\/span><span style=\"font-size:11.0pt\"><span style=\"line-height:115%\"><span style=\"font-family:&quot;Calibri&quot;,sans-serif\"><a href=\"https:\/\/www.congressoabit.com.br\/\" style=\"color:blue; text-decoration:underline\"><span style=\"font-size:14.0pt\"><span style=\"line-height:115%\">Informa&ccedil;&otilde;es<\/span><\/span><\/a><\/span><\/span><\/span><\/p>\r\n\r\n<p><span style=\"font-size:11.0pt\"><span style=\"line-height:115%\"><span style=\"font-family:&quot;Calibri&quot;,sans-serif\"><span style=\"font-size:14.0pt\"><span style=\"line-height:115%\"><img height=\"405\" src=\"https:\/\/www.abint.org.br\/assets\/img\/editor\/partnerkit-conahp-retangular-cth-abint_20221005200103VwPTxz54Lq.png\" width=\"716\" \/><\/span><\/span><\/span><\/span><\/span><\/p>\r\n\r\n<p><span class=\"MsoHyperlink\" style=\"color:blue\"><span style=\"text-decoration:underline\"><b><span style=\"font-size:14.0pt\"><span style=\"line-height:115%\"><span style=\"font-family:&quot;Calibri&quot;,sans-serif\"><span style=\"text-decoration:none\"><span style=\"text-underline:none\">A ABINT &eacute; uma das patrocinadoras do Congresso Internacional ABIT 2022<\/span><\/span><\/span><\/span><\/span><\/b><\/span><\/span><span class=\"MsoHyperlink\" style=\"color:blue\"><span style=\"text-decoration:underline\"><span style=\"font-size:14.0pt\"><span style=\"line-height:115%\"><span style=\"font-family:&quot;Calibri&quot;,sans-serif\"><span style=\"text-decoration:none\"><span style=\"text-underline:none\">, evento 100% presencial, que ocorrer&aacute; dias <b>03 e 04 de novembro<\/b>, em Belo Horizonte, MG. <\/span><\/span><\/span><\/span><\/span><\/span><\/span><span style=\"font-size:11.0pt\"><span style=\"line-height:115%\"><span style=\"font-family:&quot;Calibri&quot;,sans-serif\"><a href=\"https:\/\/www.congressoabit.com.br\/\" style=\"color:blue; text-decoration:underline\"><span style=\"font-size:14.0pt\"><span style=\"line-height:115%\">Informa&ccedil;&otilde;es<\/span><\/span><\/a><\/span><\/span><\/span><\/p>\r\n\r\n<p style=\"text-align:justify\">&nbsp;<\/p>\r\n\r\n<p style=\"text-align:justify\"><span style=\"font-size:11pt\"><span style=\"line-height:normal\"><span style=\"font-family:&quot;Calibri&quot;,sans-serif\"><b><span style=\"font-size:18.0pt\"><span style=\"font-variant:small-caps\">Eventos<\/span><\/span><\/b><\/span><\/span><\/span><\/p>\r\n\r\n<p style=\"text-align:justify\"><span style=\"font-size:11pt\"><span style=\"line-height:normal\"><span style=\"font-family:&quot;Calibri&quot;,sans-serif\"><span class=\"MsoHyperlink\" style=\"color:blue\"><span style=\"text-decoration:underline\"><b><span style=\"font-size:14.0pt\"><span style=\"text-decoration:none\"><span style=\"text-underline:none\">Abit | Workshop Etiquetagem de produtos t&ecirc;xteis e confeccionados<\/span><\/span><\/span><\/b><\/span><\/span><span class=\"MsoHyperlink\" style=\"color:blue\"><span style=\"text-decoration:underline\"><span style=\"font-size:14.0pt\"><span style=\"text-decoration:none\"><span style=\"text-underline:none\">, 05 de outubro, evento virtual. <\/span><\/span><\/span><\/span><\/span><a href=\"https:\/\/app.rdstation.email\/mail\/08ca9408-24da-4dbc-9ea7-662ef9d9167e?utm_campaign=convite_workshop_etiquetagem_-_22092022&amp;utm_medium=email&amp;utm_source=RD+Station\" style=\"color:blue; text-decoration:underline\"><span style=\"font-size:14.0pt\">Informa&ccedil;&otilde;es<\/span><\/a><span class=\"MsoHyperlink\" style=\"color:blue\"><span style=\"text-decoration:underline\"><span style=\"font-size:14.0pt\"><span style=\"text-decoration:none\"><span style=\"text-underline:none\">.<\/span><\/span><\/span><\/span><\/span><\/span><\/span><\/span><\/p>\r\n\r\n<p style=\"text-align:justify\"><span style=\"font-size:11pt\"><span style=\"line-height:normal\"><span style=\"font-family:&quot;Calibri&quot;,sans-serif\"><span class=\"MsoHyperlink\" style=\"color:blue\"><span style=\"text-decoration:underline\"><b><span style=\"font-size:14.0pt\"><span style=\"text-decoration:none\"><span style=\"text-underline:none\">Feira HospitalMed, <\/span><\/span><\/span><\/b><\/span><\/span><span class=\"MsoHyperlink\" style=\"color:blue\"><span style=\"text-decoration:underline\"><span style=\"font-size:14.0pt\"><span style=\"text-decoration:none\"><span style=\"text-underline:none\">19 a 21 de outubro, Centro de Conven&ccedil;&otilde;es de Pernambuco. <\/span><\/span><\/span><\/span><\/span><a href=\"https:\/\/hospitalmed.com.br\/feira\/\" style=\"color:blue; text-decoration:underline\"><span style=\"font-size:14.0pt\">Informa&ccedil;&otilde;es <\/span><\/a><\/span><\/span><\/span><\/p>\r\n\r\n<p style=\"text-align:justify\"><span style=\"font-size:11pt\"><span style=\"line-height:normal\"><span style=\"font-family:&quot;Calibri&quot;,sans-serif\"><span class=\"MsoHyperlink\" style=\"color:blue\"><span style=\"text-decoration:underline\"><b><span style=\"font-size:14.0pt\"><span style=\"text-decoration:none\"><span style=\"text-underline:none\">THE Congress &ndash; NATURALfiberEXTRACTION<\/span><\/span><\/span><\/b><\/span><\/span><span class=\"MsoHyperlink\" style=\"color:blue\"><span style=\"text-decoration:underline\"><span style=\"font-size:14.0pt\"><span style=\"text-decoration:none\"><span style=\"text-underline:none\">, 26 de outubro de 2022, Stuttgart. <\/span><\/span><\/span><\/span><\/span><a href=\"https:\/\/www.afbw.eu\/aktuelles\/veranstaltungen\/details\/the-congress-naturalfiberpulping\/\" style=\"color:blue; text-decoration:underline\"><span style=\"font-size:14.0pt\">Informa&ccedil;&otilde;es<\/span><\/a><span class=\"MsoHyperlink\" style=\"color:blue\"><span style=\"text-decoration:underline\"><span style=\"font-size:14.0pt\"><span style=\"text-decoration:none\"><span style=\"text-underline:none\">.<\/span><\/span><\/span><\/span><\/span><\/span><\/span><\/span><\/p>\r\n\r\n<p style=\"text-align:justify\"><span style=\"font-size:11pt\"><span style=\"line-height:normal\"><span style=\"font-family:&quot;Calibri&quot;,sans-serif\"><span class=\"MsoHyperlink\" style=\"color:blue\"><span style=\"text-decoration:underline\"><b><span style=\"font-size:14.0pt\"><span style=\"text-decoration:none\"><span style=\"text-underline:none\">Innovate: Zero Carbon, Textiles&#39; journey to zero carbon<\/span><\/span><\/span><\/b><\/span><\/span><\/span><\/span><\/span><\/p>\r\n\r\n<p style=\"text-align:justify\"><span style=\"font-size:11pt\"><span style=\"line-height:normal\"><span style=\"font-family:&quot;Calibri&quot;,sans-serif\"><span class=\"MsoHyperlink\" style=\"color:blue\"><span style=\"text-decoration:underline\"><span style=\"font-size:14.0pt\"><span style=\"text-decoration:none\"><span style=\"text-underline:none\">When: 1-3 Nov 2022<\/span><\/span><\/span><\/span><\/span><\/span><\/span><\/span><\/p>\r\n\r\n<p style=\"text-align:justify\"><span style=\"font-size:11pt\"><span style=\"line-height:normal\"><span style=\"font-family:&quot;Calibri&quot;,sans-serif\"><span class=\"MsoHyperlink\" style=\"color:blue\"><span style=\"text-decoration:underline\"><span style=\"font-size:14.0pt\"><span style=\"text-decoration:none\"><span style=\"text-underline:none\">What time: 13:00&ndash;17:00 UTC \/ 9:00&ndash;13:00 EDT<\/span><\/span><\/span><\/span><\/span><\/span><\/span><\/span><\/p>\r\n\r\n<p style=\"text-align:justify\"><span style=\"font-size:11pt\"><span style=\"line-height:normal\"><span style=\"font-family:&quot;Calibri&quot;,sans-serif\"><span class=\"MsoHyperlink\" style=\"color:blue\"><span style=\"text-decoration:underline\"><span style=\"font-size:14.0pt\"><span style=\"text-decoration:none\"><span style=\"text-underline:none\">Where: Virtual, <\/span><\/span><\/span><\/span><\/span><a href=\"https:\/\/events.wtin.com\/event\/f5bac4f2-d902-41ba-9153-a4d80622877c\/summary\" style=\"color:blue; text-decoration:underline\"><span style=\"font-size:14.0pt\">events.wtin.com\/innovate<\/span><\/a><\/span><\/span><\/span><\/p>\r\n\r\n<p style=\"text-align:justify\"><span style=\"font-size:28pt\"><span style=\"font-family:&quot;Cambria&quot;,serif\"><span style=\"letter-spacing:-0.5pt\"><b><span style=\"font-size:18.0pt\"><span style=\"font-family:&quot;Calibri&quot;,sans-serif\"><span style=\"font-variant:small-caps\">Setor<\/span><\/span><\/span><\/b><\/span><\/span><\/span><\/p>\r\n\r\n<p style=\"text-align:justify\"><span style=\"font-size:11pt\"><span style=\"line-height:normal\"><span style=\"font-family:&quot;Calibri&quot;,sans-serif\"><u><span style=\"font-size:14.0pt\"><span style=\"color:black\">G<a href=\"https:\/\/www.abcdoabc.com.br\/sao-caetano\/noticia\/brasil-possui-unico-laboratorio-independente-analise-geossinteticos-173099\" style=\"color:blue; text-decoration:underline\">eomembranas: Brasil possui o &uacute;nico laborat&oacute;rio independente para an&aacute;lise de geossint&eacute;ticos<\/a><\/span><\/span><\/u><\/span><\/span><\/span><\/p>\r\n\r\n<p style=\"text-align:justify\"><span style=\"font-size:11pt\"><span style=\"line-height:normal\"><span style=\"font-family:&quot;Calibri&quot;,sans-serif\"><a href=\"https:\/\/www.nonwovens-industry.com\/issues\/2022-10-01\/view_features\/industrial-and-institutional-wipes-market-rebounds?utm_campaign=NON+eNewsletter&amp;utm_medium=email&amp;_hsmi=227783276&amp;_hsenc=p2ANqtz-8NK2XPcynxRVwBnmtkpsGpdr9vAIpazlhqZP7qPhTHBuCETlQoBSkSvHccXcqUzU6camnykNzfsu6sV7G8o6djC7ZXJQ&amp;utm_content=227783276&amp;utm_source=hs_email\" style=\"color:blue; text-decoration:underline\"><span style=\"font-size:14.0pt\">Industrial and Institutional Wipes Market Rebounds<\/span><\/a><\/span><\/span><\/span><\/p>\r\n\r\n<p style=\"text-align:justify\"><span style=\"font-size:11pt\"><span style=\"line-height:normal\"><span style=\"font-family:&quot;Calibri&quot;,sans-serif\"><a href=\"https:\/\/www.technicaltextile.net\/news\/austria-s-andritz-completes-170-years-focuses-on-sustainability-283244.html\" style=\"color:blue; text-decoration:underline\"><span style=\"font-size:14.0pt\">Austria&#39;s Andritz completes 170 years; focuses on sustainability<\/span><\/a><\/span><\/span><\/span><\/p>\r\n\r\n<p style=\"text-align:justify\"><span style=\"font-size:11pt\"><span style=\"line-height:normal\"><span style=\"font-family:&quot;Calibri&quot;,sans-serif\"><a href=\"https:\/\/www.technicaltextile.net\/news\/us-berry-builds-recycling-ecosystem-for-nonwovens-customers-283217.html\" style=\"color:blue; text-decoration:underline\"><span style=\"font-size:14.0pt\">US&#39; Berry builds recycling ecosystem for nonwovens customers<\/span><\/a><\/span><\/span><\/span><\/p>\r\n\r\n<p style=\"text-align:justify\"><span style=\"font-size:11pt\"><span style=\"line-height:normal\"><span style=\"font-family:&quot;Calibri&quot;,sans-serif\"><a href=\"https:\/\/www.meiofiltrante.com.br\/Noticia\/109727\/freudenberg-to-showcase-filtration-media-at-wfc13\" style=\"color:blue; text-decoration:underline\"><span style=\"font-size:14.0pt\">Freudenberg to showcase filtration media at WFC13<\/span><\/a><\/span><\/span><\/span><\/p>\r\n\r\n<p style=\"text-align:justify\"><span style=\"font-size:11pt\"><span style=\"line-height:normal\"><span style=\"font-family:&quot;Calibri&quot;,sans-serif\"><a href=\"https:\/\/www.textiletechnology.net\/technical-textiles\/news\/freudenberg-german-national-hydrogen-council-meeting-32864?utm_source=%2Fmeta%2Fnewsletter%2Fnewsletter&amp;utm_medium=newsletter&amp;utm_campaign=nl975&amp;utm_term=0801b20e08c3242125d512808cd74302\" style=\"color:blue; text-decoration:underline\"><span style=\"font-size:14.0pt\">Freudenberg | German National Hydrogen Council meeting<\/span><\/a><\/span><\/span><\/span><\/p>\r\n\r\n<p style=\"text-align:justify\"><span style=\"font-size:11pt\"><span style=\"line-height:normal\"><span style=\"font-family:&quot;Calibri&quot;,sans-serif\"><a href=\"https:\/\/f5online.com.br\/quais-os-melhores-tipos-de-mascaras-protetoras\/\" style=\"color:blue; text-decoration:underline\"><span style=\"font-size:14.0pt\">Quais os melhores tipos de m&aacute;scaras protetoras?<\/span><\/a><\/span><\/span><\/span><\/p>\r\n\r\n<p style=\"text-align:justify\"><span style=\"font-size:11pt\"><span style=\"line-height:normal\"><span style=\"font-family:&quot;Calibri&quot;,sans-serif\"><a href=\"https:\/\/caxias.ma.gov.br\/2022\/09\/28\/governo-prefeitura-finaliza-processo-para-a-construcao-do-aterro-sanitario-de-caxias-ma\/\" style=\"color:blue; text-decoration:underline\"><span style=\"font-size:14.0pt\">Geomembrana: Prefeitura finaliza processo para a constru&ccedil;&atilde;o do Aterro Sanit&aacute;rio de Caxias (MA)<\/span><\/a><\/span><\/span><\/span><\/p>\r\n\r\n<p style=\"text-align:justify\"><span style=\"font-size:11pt\"><span style=\"line-height:normal\"><span style=\"font-family:&quot;Calibri&quot;,sans-serif\"><a href=\"https:\/\/www.textiletechnology.net\/technical-textiles\/news\/ditf-development-of-recyclable-automotive-components-32908?utm_source=%2Fmeta%2Fnewsletter%2Fnewsletter&amp;utm_medium=newsletter&amp;utm_campaign=nl975&amp;utm_term=0801b20e08c3242125d512808cd74302\" style=\"color:blue; text-decoration:underline\"><span style=\"font-size:14.0pt\">DITF | Development of recyclable automotive components<\/span><\/a><\/span><\/span><\/span><\/p>\r\n\r\n<p style=\"text-align:justify\"><span style=\"font-size:11pt\"><span style=\"line-height:normal\"><span style=\"font-family:&quot;Calibri&quot;,sans-serif\"><a href=\"https:\/\/textilevaluechain.in\/news-insights\/innovations-sustainability-foster-mmf-growth\/\" style=\"color:blue; text-decoration:underline\"><span style=\"font-size:14.0pt\">India | Innovations, Sustainability Foster MMF Growth<\/span><\/a><\/span><\/span><\/span><\/p>\r\n\r\n<p style=\"text-align:justify\"><span style=\"font-size:11pt\"><span style=\"line-height:normal\"><span style=\"font-family:&quot;Calibri&quot;,sans-serif\"><a href=\"https:\/\/www.anahp.com.br\/pdf\/indicadores-set22.pdf\" style=\"color:blue; text-decoration:underline\"><span style=\"font-size:14.0pt\">Indicadores Hospitalares Anahp<\/span><\/a><\/span><\/span><\/span><\/p>\r\n\r\n<p class=\"MsoTitleCxSpLast\" style=\"text-align:justify\"><span style=\"font-size:28pt\"><span style=\"font-family:&quot;Cambria&quot;,serif\"><span style=\"letter-spacing:-0.5pt\"><b><span style=\"font-size:18.0pt\"><span style=\"font-family:&quot;Calibri&quot;,sans-serif\"><span style=\"font-variant:small-caps\">Ind&uacute;stria<\/span><\/span><\/span><\/b><\/span><\/span><\/span><\/p>\r\n\r\n<p style=\"text-align:justify\"><span style=\"font-size:11pt\"><span style=\"line-height:normal\"><span style=\"font-family:&quot;Calibri&quot;,sans-serif\"><a href=\"https:\/\/plasticosemrevista.com.br\/eua-bloomberg-financia-oposicao-publica-a-plantas-petroquimicas\/\" style=\"color:blue; text-decoration:underline\"><span style=\"font-size:14.0pt\">EUA: Bloomberg financia oposi&ccedil;&atilde;o p&uacute;blica a plantas petroqu&iacute;micas<\/span><\/a><\/span><\/span><\/span><\/p>\r\n\r\n<p style=\"text-align:justify\"><span style=\"font-size:11pt\"><span style=\"line-height:normal\"><span style=\"font-family:&quot;Calibri&quot;,sans-serif\"><a href=\"https:\/\/plasticosemrevista.com.br\/em-pane-seca\/\" style=\"color:blue; text-decoration:underline\"><span style=\"font-size:14.0pt\">Em pane seca<\/span><\/a><\/span><\/span><\/span><\/p>\r\n\r\n<p style=\"text-align:justify\"><span style=\"font-size:11pt\"><span style=\"line-height:normal\"><span style=\"font-family:&quot;Calibri&quot;,sans-serif\"><a href=\"https:\/\/grandesconstrucoes.com.br\/Noticias\/Exibir\/indice-da-confianca-da-construcao-cresce-35-pontos-em-setembro\" style=\"color:blue; text-decoration:underline\"><span style=\"font-size:14.0pt\">&Iacute;ndice da Confian&ccedil;a da Constru&ccedil;&atilde;o cresce 3,5 pontos em setembro<\/span><\/a><\/span><\/span><\/span><\/p>\r\n\r\n<p style=\"text-align:justify\"><span style=\"font-size:11pt\"><span style=\"line-height:normal\"><span style=\"font-family:&quot;Calibri&quot;,sans-serif\"><a href=\"https:\/\/portalibre.fgv.br\/noticias\/confianca-empresarial-sobe-08-ponto-em-setembro-atingindo-o-maior-nivel-desde-agosto-de\" style=\"color:blue; text-decoration:underline\"><span style=\"font-size:14.0pt\">Confian&ccedil;a Empresarial sobe 0,8 ponto em setembro, atingindo o maior n&iacute;vel desde agosto de 2021<\/span><\/a><\/span><\/span><\/span><\/p>\r\n\r\n<p style=\"text-align:justify\"><span style=\"font-size:11pt\"><span style=\"line-height:normal\"><span style=\"font-family:&quot;Calibri&quot;,sans-serif\"><a href=\"https:\/\/grandesconstrucoes.com.br\/Noticias\/Exibir\/construcao-civil-projeta-cenario-otimista-para-o-proximo-ano\" style=\"color:blue; text-decoration:underline\"><span style=\"font-size:14.0pt\">Constru&ccedil;&atilde;o civil projeta cen&aacute;rio otimista para o pr&oacute;ximo ano<\/span><\/a><\/span><\/span><\/span><\/p>\r\n\r\n<p style=\"text-align:justify\"><span style=\"font-size:11pt\"><span style=\"line-height:normal\"><span style=\"font-family:&quot;Calibri&quot;,sans-serif\"><a href=\"https:\/\/www.moveisdevalor.com.br\/portal\/indicadores-revelam-piora-da-cadeia-moveleira-neste-ano?source=news\" style=\"color:blue; text-decoration:underline\"><span style=\"font-size:14.0pt\">Indicadores revelam piora da cadeia moveleira neste ano<\/span><\/a><\/span><\/span><\/span><\/p>\r\n\r\n<p class=\"MsoTitleCxSpLast\" style=\"text-align:justify\"><span style=\"font-size:28pt\"><span style=\"font-family:&quot;Cambria&quot;,serif\"><span style=\"letter-spacing:-0.5pt\"><b><span style=\"font-size:18.0pt\"><span style=\"font-family:&quot;Calibri&quot;,sans-serif\"><span style=\"font-variant:small-caps\">Sustentabilidade<\/span><\/span><\/span><\/b><\/span><\/span><\/span><\/p>\r\n\r\n<p style=\"text-align:justify\"><span style=\"font-size:11pt\"><span style=\"line-height:normal\"><span style=\"font-family:&quot;Calibri&quot;,sans-serif\"><a href=\"https:\/\/grandesconstrucoes.com.br\/Noticias\/Exibir\/moveis-de-madeira-plastica-ou-wpc-fazem-parte-das-decoracoes\" style=\"color:blue; text-decoration:underline\"><span style=\"font-size:14.0pt\">M&oacute;veis de madeira pl&aacute;stica ou WPC fazem parte das decora&ccedil;&otilde;es<\/span><\/a><\/span><\/span><\/span><\/p>\r\n\r\n<p style=\"text-align:justify\"><span style=\"font-size:11pt\"><span style=\"line-height:normal\"><span style=\"font-family:&quot;Calibri&quot;,sans-serif\"><a href=\"https:\/\/grandesconstrucoes.com.br\/Noticias\/Exibir\/saneamento-basico-pode-resolver-problema-dos-fertilizantes-no-brasil\" style=\"color:blue; text-decoration:underline\"><span style=\"font-size:14.0pt\">Saneamento b&aacute;sico pode resolver problema dos fertilizantes no Brasil<\/span><\/a><\/span><\/span><\/span><\/p>\r\n\r\n<p style=\"text-align:justify\"><span style=\"font-size:11pt\"><span style=\"line-height:normal\"><span style=\"font-family:&quot;Calibri&quot;,sans-serif\"><a href=\"https:\/\/impactomais.com.br\/artigo\/como-a-pratica-esg-se-torna-uma-chancela-importante-na-industria-do-plastico\/\" style=\"color:blue; text-decoration:underline\"><span style=\"font-size:14.0pt\">Como a pr&aacute;tica ESG se torna uma chancela importante na ind&uacute;stria do pl&aacute;stico?<\/span><\/a><\/span><\/span><\/span><\/p>\r\n\r\n<p style=\"text-align:justify\"><span style=\"font-size:11pt\"><span style=\"line-height:normal\"><span style=\"font-family:&quot;Calibri&quot;,sans-serif\"><a href=\"https:\/\/www.innovationintextiles.com\/dyeing-finishing-printing\/accelerating-waterless-textile-finishing-in-the-usa\/\" style=\"color:blue; text-decoration:underline\"><span style=\"font-size:14.0pt\">Accelerating waterless textile finishing in the USA<\/span><\/a><\/span><\/span><\/span><\/p>\r\n\r\n<p class=\"MsoTitleCxSpLast\" style=\"text-align:justify\"><span style=\"font-size:28pt\"><span style=\"font-family:&quot;Cambria&quot;,serif\"><span style=\"letter-spacing:-0.5pt\"><b><span style=\"font-size:18.0pt\"><span style=\"font-family:&quot;Calibri&quot;,sans-serif\"><span style=\"font-variant:small-caps\">Inova&ccedil;&atilde;o<\/span><\/span><\/span><\/b><\/span><\/span><\/span><\/p>\r\n\r\n<p style=\"text-align:justify\"><span style=\"font-size:11pt\"><span style=\"line-height:normal\"><span style=\"font-family:&quot;Calibri&quot;,sans-serif\"><a href=\"https:\/\/agenciabrasil.ebc.com.br\/economia\/noticia\/2022-09\/brasil-ocupa-54a-posicao-em-ranking-de-inovacao%5d\" style=\"color:blue; text-decoration:underline\"><span style=\"font-size:14.0pt\">Brasil ocupa 54&ordf;. posi&ccedil;&atilde;o no ranking mundial de inova&ccedil;&atilde;o<\/span><\/a><\/span><\/span><\/span><\/p>\r\n\r\n<p style=\"text-align:justify\"><span style=\"font-size:11pt\"><span style=\"line-height:normal\"><span style=\"font-family:&quot;Calibri&quot;,sans-serif\"><a href=\"https:\/\/www.textiletechnology.net\/technology\/news\/euratex-innovation-project-on-circular-and-sustainable-textiles-32915?utm_source=%2Fmeta%2Fnewsletter%2Fnewsletter&amp;utm_medium=newsletter&amp;utm_campaign=nl976&amp;utm_term=0801b20e08c3242125d512808cd74302\" style=\"color:blue; text-decoration:underline\"><span style=\"font-size:14.0pt\">Euratex | Innovation project on circular and sustainable textiles<\/span><\/a><\/span><\/span><\/span><\/p>\r\n\r\n<p class=\"MsoTitleCxSpLast\" style=\"text-align:justify\"><span style=\"font-size:28pt\"><span style=\"font-family:&quot;Cambria&quot;,serif\"><span style=\"letter-spacing:-0.5pt\"><b><span style=\"font-size:18.0pt\"><span style=\"font-family:&quot;Calibri&quot;,sans-serif\"><span style=\"font-variant:small-caps\">Com&eacute;rcio Exterior<\/span><\/span><\/span><\/b><\/span><\/span><\/span><\/p>\r\n\r\n<p style=\"text-align:justify\"><span style=\"font-size:11pt\"><span style=\"line-height:normal\"><span style=\"font-family:&quot;Calibri&quot;,sans-serif\"><a href=\"https:\/\/g1.globo.com\/economia\/noticia\/2022\/10\/03\/balanca-comercial-registra-saldo-positivo-de-us-4-bilhoes-em-setembro-diz-governo.ghtml\" style=\"color:blue; text-decoration:underline\"><span style=\"font-size:14.0pt\">Balan&ccedil;a comercial registra saldo positivo de US$ 4 bilh&otilde;es em setembro, diz governo<\/span><\/a><\/span><\/span><\/span><\/p>\r\n\r\n<p style=\"text-align:justify\"><span style=\"font-size:11pt\"><span style=\"line-height:normal\"><span style=\"font-family:&quot;Calibri&quot;,sans-serif\"><a href=\"https:\/\/www12.senado.leg.br\/noticias\/materias\/2022\/09\/27\/acordo-de-cooperacao-entre-brasil-e-israel-em-c-t-aprovado-na-cre\" style=\"color:blue; text-decoration:underline\"><span style=\"font-size:14.0pt\">Acordos de coopera&ccedil;&atilde;o com Israel e mais tr&ecirc;s pa&iacute;ses s&atilde;o aprovados na CRE<\/span><\/a><\/span><\/span><\/span><\/p>\r\n\r\n<p style=\"text-align:justify\"><span style=\"font-size:11pt\"><span style=\"line-height:normal\"><span style=\"font-family:&quot;Calibri&quot;,sans-serif\"><a href=\"https:\/\/www12.senado.leg.br\/noticias\/materias\/2022\/09\/29\/acordo-com-o-paraguai-para-integracao-de-fronteiras-e-aprovado-pela-cre\" style=\"color:blue; text-decoration:underline\"><span style=\"font-size:14.0pt\">Acordo com o Paraguai para integra&ccedil;&atilde;o de fronteiras &eacute; aprovado pela CRE<\/span><\/a><\/span><\/span><\/span><\/p>\r\n\r\n<p style=\"text-align:justify\"><span style=\"font-size:11pt\"><span style=\"line-height:normal\"><span style=\"font-family:&quot;Calibri&quot;,sans-serif\"><a href=\"https:\/\/maranhaohoje.com\/negocios\/acordo-entre-alfandegas-do-brasil-e-dos-estados-unidos-ira-facilitar-exportacoes\/\" style=\"color:blue; text-decoration:underline\"><span style=\"font-size:14.0pt\">Acordo entre alf&acirc;ndegas do Brasil e dos Estados Unidos ir&aacute; facilitar exporta&ccedil;&otilde;es<\/span><\/a><\/span><\/span><\/span><\/p>\r\n\r\n<p class=\"MsoTitleCxSpLast\" style=\"text-align:justify\"><span style=\"font-size:28pt\"><span style=\"font-family:&quot;Cambria&quot;,serif\"><span style=\"letter-spacing:-0.5pt\"><b><span style=\"font-size:18.0pt\"><span style=\"font-family:&quot;Calibri&quot;,sans-serif\"><span style=\"font-variant:small-caps\">Economia<\/span><\/span><\/span><\/b><\/span><\/span><\/span><\/p>\r\n\r\n<p style=\"text-align:justify\"><span style=\"font-size:11pt\"><span style=\"line-height:normal\"><span style=\"font-family:&quot;Calibri&quot;,sans-serif\"><a href=\"https:\/\/www.bcb.gov.br\/content\/focus\/focus\/R20220909.pdf\" style=\"color:blue; text-decoration:underline\"><span style=\"font-size:14.0pt\">Focus: Relat&oacute;rio de Mercado<\/span><\/a><\/span><\/span><\/span><\/p>\r\n\r\n<p style=\"text-align:justify\"><span style=\"font-size:11pt\"><span style=\"line-height:normal\"><span style=\"font-family:&quot;Calibri&quot;,sans-serif\"><a href=\"https:\/\/portalibre.fgv.br\/noticias\/incerteza-da-economia-cai-49-pontos-em-setembro\" style=\"color:blue; text-decoration:underline\"><span style=\"font-size:14.0pt\">Incerteza da Economia cai 4,9 pontos em setembro<\/span><\/a><\/span><\/span><\/span><\/p>\r\n\r\n<p style=\"text-align:justify\"><span style=\"font-size:11pt\"><span style=\"line-height:normal\"><span style=\"font-family:&quot;Calibri&quot;,sans-serif\"><a href=\"https:\/\/agenciabrasil.ebc.com.br\/economia\/noticia\/2022-10\/mercado-financeiro-reduz-projecao-da-inflacao-de-588-para-574\" style=\"color:blue; text-decoration:underline\"><span style=\"font-size:14.0pt\">Mercado financeiro reduz proje&ccedil;&atilde;o da infla&ccedil;&atilde;o de 5,88% para 5,74%<\/span><\/a><\/span><\/span><\/span><\/p>\r\n\r\n<p style=\"text-align:justify\"><span style=\"font-size:11pt\"><span style=\"line-height:normal\"><span style=\"font-family:&quot;Calibri&quot;,sans-serif\"><a href=\"https:\/\/agenciabrasil.ebc.com.br\/economia\/noticia\/2022-09\/desemprego-cai-para-89-em-trimestre-encerrado-em-agosto-diz-ibge\" style=\"color:blue; text-decoration:underline\"><span style=\"font-size:14.0pt\">Desemprego cai para 8,9% em trimestre encerrado em agosto, diz IBGE<\/span><\/a><\/span><\/span><\/span><\/p>\r\n\r\n<p><span style=\"font-size:11.0pt\"><span style=\"line-height:115%\"><span style=\"font-family:&quot;Calibri&quot;,sans-serif\"><a href=\"https:\/\/portalibre.fgv.br\/sites\/default\/files\/users\/user2195\/apresentacao-sintese-das-sondagens-setembro2022.pdf\" style=\"color:blue; text-decoration:underline\"><span style=\"font-size:14.0pt\"><span style=\"line-height:115%\">S&iacute;ntese das Sondagens de setembro de 2022<\/span><\/span><\/a><\/span><\/span><\/span><\/p>\r\n","6":"<p style=\"text-align:justify\"><span style=\"font-size:11pt\"><span style=\"line-height:normal\"><span style=\"font-family:&quot;Calibri&quot;,sans-serif\"><span style=\"font-size:14.0pt\">Esta &eacute; uma compila&ccedil;&atilde;o das not&iacute;cias mais relevantes para o setor, incluindo informa&ccedil;&otilde;es sobre acordos internacionais, economia brasileira, sustentabilidade e mat&eacute;rias primas, al&eacute;m de novidades do setor de N&atilde;otecidos e Tecidos T&eacute;cnicos.<\/span><\/span><\/span><\/span><\/p>\r\n\r\n<p class=\"MsoTitleCxSpLast\" style=\"text-align:justify\"><span style=\"font-size:28pt\"><span style=\"font-family:&quot;Cambria&quot;,serif\"><span style=\"letter-spacing:-0.5pt\"><b><span style=\"font-size:18.0pt\"><span style=\"font-family:&quot;Calibri&quot;,sans-serif\"><span style=\"font-variant:small-caps\">A&ccedil;&otilde;es da ABINT<\/span><\/span><\/span><\/b><\/span><\/span><\/span><\/p>\r\n\r\n<p style=\"text-align:justify\"><span style=\"font-size:11pt\"><span style=\"line-height:normal\"><span style=\"font-family:&quot;Calibri&quot;,sans-serif\"><span class=\"MsoHyperlink\" style=\"color:blue\"><span style=\"text-decoration:underline\"><b><span style=\"font-size:14.0pt\"><span style=\"text-decoration:none\"><span style=\"text-underline:none\">Curso ABINT Tecnologia dos N&atilde;otecidos<\/span><\/span><\/span><\/b><\/span><\/span> <a href=\"https:\/\/pt.surveymonkey.com\/r\/inscricaocurso\" style=\"color:blue; text-decoration:underline\"><b><span style=\"font-size:14.0pt\">INSCREVA-SE<\/span><\/b><\/a><span class=\"MsoHyperlink\" style=\"color:blue\"><span style=\"text-decoration:underline\"><span style=\"font-size:14.0pt\"><span style=\"text-decoration:none\"><span style=\"text-underline:none\"> <b>para as pr&oacute;ximas turmas!<\/b><\/span><\/span><\/span><\/span><\/span><\/span><\/span><\/span><\/p>\r\n\r\n<p style=\"text-align:justify\">&nbsp;<\/p>\r\n\r\n<p><img src=\"https:\/\/www.abint.org.br\/assets\/img\/editor\/congresso-internacional-abit-2022_20221005200023aLkxl1QGm0.png\" \/><\/p>\r\n\r\n<p><span class=\"MsoHyperlink\" style=\"color:blue\"><span style=\"text-decoration:underline\"><b><span style=\"font-size:14.0pt\"><span style=\"line-height:115%\"><span style=\"font-family:&quot;Calibri&quot;,sans-serif\"><span style=\"text-decoration:none\"><span style=\"text-underline:none\">A ABINT &eacute; uma das patrocinadoras do Congresso Internacional ABIT 2022<\/span><\/span><\/span><\/span><\/span><\/b><\/span><\/span><span class=\"MsoHyperlink\" style=\"color:blue\"><span style=\"text-decoration:underline\"><span style=\"font-size:14.0pt\"><span style=\"line-height:115%\"><span style=\"font-family:&quot;Calibri&quot;,sans-serif\"><span style=\"text-decoration:none\"><span style=\"text-underline:none\">, evento 100% presencial, que ocorrer&aacute; dias <b>03 e 04 de novembro<\/b>, em Belo Horizonte, MG. <\/span><\/span><\/span><\/span><\/span><\/span><\/span><span style=\"font-size:11.0pt\"><span style=\"line-height:115%\"><span style=\"font-family:&quot;Calibri&quot;,sans-serif\"><a href=\"https:\/\/www.congressoabit.com.br\/\" style=\"color:blue; text-decoration:underline\"><span style=\"font-size:14.0pt\"><span style=\"line-height:115%\">Informa&ccedil;&otilde;es<\/span><\/span><\/a><\/span><\/span><\/span><\/p>\r\n\r\n<p><span style=\"font-size:11.0pt\"><span style=\"line-height:115%\"><span style=\"font-family:&quot;Calibri&quot;,sans-serif\"><span style=\"font-size:14.0pt\"><span style=\"line-height:115%\"><img height=\"405\" src=\"https:\/\/www.abint.org.br\/assets\/img\/editor\/partnerkit-conahp-retangular-cth-abint_20221005200103VwPTxz54Lq.png\" width=\"716\" \/><\/span><\/span><\/span><\/span><\/span><\/p>\r\n\r\n<p><span class=\"MsoHyperlink\" style=\"color:blue\"><span style=\"text-decoration:underline\"><b><span style=\"font-size:14.0pt\"><span style=\"line-height:115%\"><span style=\"font-family:&quot;Calibri&quot;,sans-serif\"><span style=\"text-decoration:none\"><span style=\"text-underline:none\">A ABINT &eacute; uma das patrocinadoras do Congresso Internacional ABIT 2022<\/span><\/span><\/span><\/span><\/span><\/b><\/span><\/span><span class=\"MsoHyperlink\" style=\"color:blue\"><span style=\"text-decoration:underline\"><span style=\"font-size:14.0pt\"><span style=\"line-height:115%\"><span style=\"font-family:&quot;Calibri&quot;,sans-serif\"><span style=\"text-decoration:none\"><span style=\"text-underline:none\">, evento 100% presencial, que ocorrer&aacute; dias <b>03 e 04 de novembro<\/b>, em Belo Horizonte, MG. <\/span><\/span><\/span><\/span><\/span><\/span><\/span><span style=\"font-size:11.0pt\"><span style=\"line-height:115%\"><span style=\"font-family:&quot;Calibri&quot;,sans-serif\"><a href=\"https:\/\/www.congressoabit.com.br\/\" style=\"color:blue; text-decoration:underline\"><span style=\"font-size:14.0pt\"><span style=\"line-height:115%\">Informa&ccedil;&otilde;es<\/span><\/span><\/a><\/span><\/span><\/span><\/p>\r\n\r\n<p style=\"text-align:justify\">&nbsp;<\/p>\r\n\r\n<p style=\"text-align:justify\"><span style=\"font-size:11pt\"><span style=\"line-height:normal\"><span style=\"font-family:&quot;Calibri&quot;,sans-serif\"><b><span style=\"font-size:18.0pt\"><span style=\"font-variant:small-caps\">Eventos<\/span><\/span><\/b><\/span><\/span><\/span><\/p>\r\n\r\n<p style=\"text-align:justify\"><span style=\"font-size:11pt\"><span style=\"line-height:normal\"><span style=\"font-family:&quot;Calibri&quot;,sans-serif\"><span class=\"MsoHyperlink\" style=\"color:blue\"><span style=\"text-decoration:underline\"><b><span style=\"font-size:14.0pt\"><span style=\"text-decoration:none\"><span style=\"text-underline:none\">Abit | Workshop Etiquetagem de produtos t&ecirc;xteis e confeccionados<\/span><\/span><\/span><\/b><\/span><\/span><span class=\"MsoHyperlink\" style=\"color:blue\"><span style=\"text-decoration:underline\"><span style=\"font-size:14.0pt\"><span style=\"text-decoration:none\"><span style=\"text-underline:none\">, 05 de outubro, evento virtual. <\/span><\/span><\/span><\/span><\/span><a href=\"https:\/\/app.rdstation.email\/mail\/08ca9408-24da-4dbc-9ea7-662ef9d9167e?utm_campaign=convite_workshop_etiquetagem_-_22092022&amp;utm_medium=email&amp;utm_source=RD+Station\" style=\"color:blue; text-decoration:underline\"><span style=\"font-size:14.0pt\">Informa&ccedil;&otilde;es<\/span><\/a><span class=\"MsoHyperlink\" style=\"color:blue\"><span style=\"text-decoration:underline\"><span style=\"font-size:14.0pt\"><span style=\"text-decoration:none\"><span style=\"text-underline:none\">.<\/span><\/span><\/span><\/span><\/span><\/span><\/span><\/span><\/p>\r\n\r\n<p style=\"text-align:justify\"><span style=\"font-size:11pt\"><span style=\"line-height:normal\"><span style=\"font-family:&quot;Calibri&quot;,sans-serif\"><span class=\"MsoHyperlink\" style=\"color:blue\"><span style=\"text-decoration:underline\"><b><span style=\"font-size:14.0pt\"><span style=\"text-decoration:none\"><span style=\"text-underline:none\">Feira HospitalMed, <\/span><\/span><\/span><\/b><\/span><\/span><span class=\"MsoHyperlink\" style=\"color:blue\"><span style=\"text-decoration:underline\"><span style=\"font-size:14.0pt\"><span style=\"text-decoration:none\"><span style=\"text-underline:none\">19 a 21 de outubro, Centro de Conven&ccedil;&otilde;es de Pernambuco. <\/span><\/span><\/span><\/span><\/span><a href=\"https:\/\/hospitalmed.com.br\/feira\/\" style=\"color:blue; text-decoration:underline\"><span style=\"font-size:14.0pt\">Informa&ccedil;&otilde;es <\/span><\/a><\/span><\/span><\/span><\/p>\r\n\r\n<p style=\"text-align:justify\"><span style=\"font-size:11pt\"><span style=\"line-height:normal\"><span style=\"font-family:&quot;Calibri&quot;,sans-serif\"><span class=\"MsoHyperlink\" style=\"color:blue\"><span style=\"text-decoration:underline\"><b><span style=\"font-size:14.0pt\"><span style=\"text-decoration:none\"><span style=\"text-underline:none\">THE Congress &ndash; NATURALfiberEXTRACTION<\/span><\/span><\/span><\/b><\/span><\/span><span class=\"MsoHyperlink\" style=\"color:blue\"><span style=\"text-decoration:underline\"><span style=\"font-size:14.0pt\"><span style=\"text-decoration:none\"><span style=\"text-underline:none\">, 26 de outubro de 2022, Stuttgart. <\/span><\/span><\/span><\/span><\/span><a href=\"https:\/\/www.afbw.eu\/aktuelles\/veranstaltungen\/details\/the-congress-naturalfiberpulping\/\" style=\"color:blue; text-decoration:underline\"><span style=\"font-size:14.0pt\">Informa&ccedil;&otilde;es<\/span><\/a><span class=\"MsoHyperlink\" style=\"color:blue\"><span style=\"text-decoration:underline\"><span style=\"font-size:14.0pt\"><span style=\"text-decoration:none\"><span style=\"text-underline:none\">.<\/span><\/span><\/span><\/span><\/span><\/span><\/span><\/span><\/p>\r\n\r\n<p style=\"text-align:justify\"><span style=\"font-size:11pt\"><span style=\"line-height:normal\"><span style=\"font-family:&quot;Calibri&quot;,sans-serif\"><span class=\"MsoHyperlink\" style=\"color:blue\"><span style=\"text-decoration:underline\"><b><span style=\"font-size:14.0pt\"><span style=\"text-decoration:none\"><span style=\"text-underline:none\">Innovate: Zero Carbon, Textiles&#39; journey to zero carbon<\/span><\/span><\/span><\/b><\/span><\/span><\/span><\/span><\/span><\/p>\r\n\r\n<p style=\"text-align:justify\"><span style=\"font-size:11pt\"><span style=\"line-height:normal\"><span style=\"font-family:&quot;Calibri&quot;,sans-serif\"><span class=\"MsoHyperlink\" style=\"color:blue\"><span style=\"text-decoration:underline\"><span style=\"font-size:14.0pt\"><span style=\"text-decoration:none\"><span style=\"text-underline:none\">When: 1-3 Nov 2022<\/span><\/span><\/span><\/span><\/span><\/span><\/span><\/span><\/p>\r\n\r\n<p style=\"text-align:justify\"><span style=\"font-size:11pt\"><span style=\"line-height:normal\"><span style=\"font-family:&quot;Calibri&quot;,sans-serif\"><span class=\"MsoHyperlink\" style=\"color:blue\"><span style=\"text-decoration:underline\"><span style=\"font-size:14.0pt\"><span style=\"text-decoration:none\"><span style=\"text-underline:none\">What time: 13:00&ndash;17:00 UTC \/ 9:00&ndash;13:00 EDT<\/span><\/span><\/span><\/span><\/span><\/span><\/span><\/span><\/p>\r\n\r\n<p style=\"text-align:justify\"><span style=\"font-size:11pt\"><span style=\"line-height:normal\"><span style=\"font-family:&quot;Calibri&quot;,sans-serif\"><span class=\"MsoHyperlink\" style=\"color:blue\"><span style=\"text-decoration:underline\"><span style=\"font-size:14.0pt\"><span style=\"text-decoration:none\"><span style=\"text-underline:none\">Where: Virtual, <\/span><\/span><\/span><\/span><\/span><a href=\"https:\/\/events.wtin.com\/event\/f5bac4f2-d902-41ba-9153-a4d80622877c\/summary\" style=\"color:blue; text-decoration:underline\"><span style=\"font-size:14.0pt\">events.wtin.com\/innovate<\/span><\/a><\/span><\/span><\/span><\/p>\r\n\r\n<p style=\"text-align:justify\"><span style=\"font-size:28pt\"><span style=\"font-family:&quot;Cambria&quot;,serif\"><span style=\"letter-spacing:-0.5pt\"><b><span style=\"font-size:18.0pt\"><span style=\"font-family:&quot;Calibri&quot;,sans-serif\"><span style=\"font-variant:small-caps\">Setor<\/span><\/span><\/span><\/b><\/span><\/span><\/span><\/p>\r\n\r\n<p style=\"text-align:justify\"><span style=\"font-size:11pt\"><span style=\"line-height:normal\"><span style=\"font-family:&quot;Calibri&quot;,sans-serif\"><u><span style=\"font-size:14.0pt\"><span style=\"color:black\">G<a href=\"https:\/\/www.abcdoabc.com.br\/sao-caetano\/noticia\/brasil-possui-unico-laboratorio-independente-analise-geossinteticos-173099\" style=\"color:blue; text-decoration:underline\">eomembranas: Brasil possui o &uacute;nico laborat&oacute;rio independente para an&aacute;lise de geossint&eacute;ticos<\/a><\/span><\/span><\/u><\/span><\/span><\/span><\/p>\r\n\r\n<p style=\"text-align:justify\"><span style=\"font-size:11pt\"><span style=\"line-height:normal\"><span style=\"font-family:&quot;Calibri&quot;,sans-serif\"><a href=\"https:\/\/www.nonwovens-industry.com\/issues\/2022-10-01\/view_features\/industrial-and-institutional-wipes-market-rebounds?utm_campaign=NON+eNewsletter&amp;utm_medium=email&amp;_hsmi=227783276&amp;_hsenc=p2ANqtz-8NK2XPcynxRVwBnmtkpsGpdr9vAIpazlhqZP7qPhTHBuCETlQoBSkSvHccXcqUzU6camnykNzfsu6sV7G8o6djC7ZXJQ&amp;utm_content=227783276&amp;utm_source=hs_email\" style=\"color:blue; text-decoration:underline\"><span style=\"font-size:14.0pt\">Industrial and Institutional Wipes Market Rebounds<\/span><\/a><\/span><\/span><\/span><\/p>\r\n\r\n<p style=\"text-align:justify\"><span style=\"font-size:11pt\"><span style=\"line-height:normal\"><span style=\"font-family:&quot;Calibri&quot;,sans-serif\"><a href=\"https:\/\/www.technicaltextile.net\/news\/austria-s-andritz-completes-170-years-focuses-on-sustainability-283244.html\" style=\"color:blue; text-decoration:underline\"><span style=\"font-size:14.0pt\">Austria&#39;s Andritz completes 170 years; focuses on sustainability<\/span><\/a><\/span><\/span><\/span><\/p>\r\n\r\n<p style=\"text-align:justify\"><span style=\"font-size:11pt\"><span style=\"line-height:normal\"><span style=\"font-family:&quot;Calibri&quot;,sans-serif\"><a href=\"https:\/\/www.technicaltextile.net\/news\/us-berry-builds-recycling-ecosystem-for-nonwovens-customers-283217.html\" style=\"color:blue; text-decoration:underline\"><span style=\"font-size:14.0pt\">US&#39; Berry builds recycling ecosystem for nonwovens customers<\/span><\/a><\/span><\/span><\/span><\/p>\r\n\r\n<p style=\"text-align:justify\"><span style=\"font-size:11pt\"><span style=\"line-height:normal\"><span style=\"font-family:&quot;Calibri&quot;,sans-serif\"><a href=\"https:\/\/www.meiofiltrante.com.br\/Noticia\/109727\/freudenberg-to-showcase-filtration-media-at-wfc13\" style=\"color:blue; text-decoration:underline\"><span style=\"font-size:14.0pt\">Freudenberg to showcase filtration media at WFC13<\/span><\/a><\/span><\/span><\/span><\/p>\r\n\r\n<p style=\"text-align:justify\"><span style=\"font-size:11pt\"><span style=\"line-height:normal\"><span style=\"font-family:&quot;Calibri&quot;,sans-serif\"><a href=\"https:\/\/www.textiletechnology.net\/technical-textiles\/news\/freudenberg-german-national-hydrogen-council-meeting-32864?utm_source=%2Fmeta%2Fnewsletter%2Fnewsletter&amp;utm_medium=newsletter&amp;utm_campaign=nl975&amp;utm_term=0801b20e08c3242125d512808cd74302\" style=\"color:blue; text-decoration:underline\"><span style=\"font-size:14.0pt\">Freudenberg | German National Hydrogen Council meeting<\/span><\/a><\/span><\/span><\/span><\/p>\r\n\r\n<p style=\"text-align:justify\"><span style=\"font-size:11pt\"><span style=\"line-height:normal\"><span style=\"font-family:&quot;Calibri&quot;,sans-serif\"><a href=\"https:\/\/f5online.com.br\/quais-os-melhores-tipos-de-mascaras-protetoras\/\" style=\"color:blue; text-decoration:underline\"><span style=\"font-size:14.0pt\">Quais os melhores tipos de m&aacute;scaras protetoras?<\/span><\/a><\/span><\/span><\/span><\/p>\r\n\r\n<p style=\"text-align:justify\"><span style=\"font-size:11pt\"><span style=\"line-height:normal\"><span style=\"font-family:&quot;Calibri&quot;,sans-serif\"><a href=\"https:\/\/caxias.ma.gov.br\/2022\/09\/28\/governo-prefeitura-finaliza-processo-para-a-construcao-do-aterro-sanitario-de-caxias-ma\/\" style=\"color:blue; text-decoration:underline\"><span style=\"font-size:14.0pt\">Geomembrana: Prefeitura finaliza processo para a constru&ccedil;&atilde;o do Aterro Sanit&aacute;rio de Caxias (MA)<\/span><\/a><\/span><\/span><\/span><\/p>\r\n\r\n<p style=\"text-align:justify\"><span style=\"font-size:11pt\"><span style=\"line-height:normal\"><span style=\"font-family:&quot;Calibri&quot;,sans-serif\"><a href=\"https:\/\/www.textiletechnology.net\/technical-textiles\/news\/ditf-development-of-recyclable-automotive-components-32908?utm_source=%2Fmeta%2Fnewsletter%2Fnewsletter&amp;utm_medium=newsletter&amp;utm_campaign=nl975&amp;utm_term=0801b20e08c3242125d512808cd74302\" style=\"color:blue; text-decoration:underline\"><span style=\"font-size:14.0pt\">DITF | Development of recyclable automotive components<\/span><\/a><\/span><\/span><\/span><\/p>\r\n\r\n<p style=\"text-align:justify\"><span style=\"font-size:11pt\"><span style=\"line-height:normal\"><span style=\"font-family:&quot;Calibri&quot;,sans-serif\"><a href=\"https:\/\/textilevaluechain.in\/news-insights\/innovations-sustainability-foster-mmf-growth\/\" style=\"color:blue; text-decoration:underline\"><span style=\"font-size:14.0pt\">India | Innovations, Sustainability Foster MMF Growth<\/span><\/a><\/span><\/span><\/span><\/p>\r\n\r\n<p style=\"text-align:justify\"><span style=\"font-size:11pt\"><span style=\"line-height:normal\"><span style=\"font-family:&quot;Calibri&quot;,sans-serif\"><a href=\"https:\/\/www.anahp.com.br\/pdf\/indicadores-set22.pdf\" style=\"color:blue; text-decoration:underline\"><span style=\"font-size:14.0pt\">Indicadores Hospitalares Anahp<\/span><\/a><\/span><\/span><\/span><\/p>\r\n\r\n<p class=\"MsoTitleCxSpLast\" style=\"text-align:justify\"><span style=\"font-size:28pt\"><span style=\"font-family:&quot;Cambria&quot;,serif\"><span style=\"letter-spacing:-0.5pt\"><b><span style=\"font-size:18.0pt\"><span style=\"font-family:&quot;Calibri&quot;,sans-serif\"><span style=\"font-variant:small-caps\">Ind&uacute;stria<\/span><\/span><\/span><\/b><\/span><\/span><\/span><\/p>\r\n\r\n<p style=\"text-align:justify\"><span style=\"font-size:11pt\"><span style=\"line-height:normal\"><span style=\"font-family:&quot;Calibri&quot;,sans-serif\"><a href=\"https:\/\/plasticosemrevista.com.br\/eua-bloomberg-financia-oposicao-publica-a-plantas-petroquimicas\/\" style=\"color:blue; text-decoration:underline\"><span style=\"font-size:14.0pt\">EUA: Bloomberg financia oposi&ccedil;&atilde;o p&uacute;blica a plantas petroqu&iacute;micas<\/span><\/a><\/span><\/span><\/span><\/p>\r\n\r\n<p style=\"text-align:justify\"><span style=\"font-size:11pt\"><span style=\"line-height:normal\"><span style=\"font-family:&quot;Calibri&quot;,sans-serif\"><a href=\"https:\/\/plasticosemrevista.com.br\/em-pane-seca\/\" style=\"color:blue; text-decoration:underline\"><span style=\"font-size:14.0pt\">Em pane seca<\/span><\/a><\/span><\/span><\/span><\/p>\r\n\r\n<p style=\"text-align:justify\"><span style=\"font-size:11pt\"><span style=\"line-height:normal\"><span style=\"font-family:&quot;Calibri&quot;,sans-serif\"><a href=\"https:\/\/grandesconstrucoes.com.br\/Noticias\/Exibir\/indice-da-confianca-da-construcao-cresce-35-pontos-em-setembro\" style=\"color:blue; text-decoration:underline\"><span style=\"font-size:14.0pt\">&Iacute;ndice da Confian&ccedil;a da Constru&ccedil;&atilde;o cresce 3,5 pontos em setembro<\/span><\/a><\/span><\/span><\/span><\/p>\r\n\r\n<p style=\"text-align:justify\"><span style=\"font-size:11pt\"><span style=\"line-height:normal\"><span style=\"font-family:&quot;Calibri&quot;,sans-serif\"><a href=\"https:\/\/portalibre.fgv.br\/noticias\/confianca-empresarial-sobe-08-ponto-em-setembro-atingindo-o-maior-nivel-desde-agosto-de\" style=\"color:blue; text-decoration:underline\"><span style=\"font-size:14.0pt\">Confian&ccedil;a Empresarial sobe 0,8 ponto em setembro, atingindo o maior n&iacute;vel desde agosto de 2021<\/span><\/a><\/span><\/span><\/span><\/p>\r\n\r\n<p style=\"text-align:justify\"><span style=\"font-size:11pt\"><span style=\"line-height:normal\"><span style=\"font-family:&quot;Calibri&quot;,sans-serif\"><a href=\"https:\/\/grandesconstrucoes.com.br\/Noticias\/Exibir\/construcao-civil-projeta-cenario-otimista-para-o-proximo-ano\" style=\"color:blue; text-decoration:underline\"><span style=\"font-size:14.0pt\">Constru&ccedil;&atilde;o civil projeta cen&aacute;rio otimista para o pr&oacute;ximo ano<\/span><\/a><\/span><\/span><\/span><\/p>\r\n\r\n<p style=\"text-align:justify\"><span style=\"font-size:11pt\"><span style=\"line-height:normal\"><span style=\"font-family:&quot;Calibri&quot;,sans-serif\"><a href=\"https:\/\/www.moveisdevalor.com.br\/portal\/indicadores-revelam-piora-da-cadeia-moveleira-neste-ano?source=news\" style=\"color:blue; text-decoration:underline\"><span style=\"font-size:14.0pt\">Indicadores revelam piora da cadeia moveleira neste ano<\/span><\/a><\/span><\/span><\/span><\/p>\r\n\r\n<p class=\"MsoTitleCxSpLast\" style=\"text-align:justify\"><span style=\"font-size:28pt\"><span style=\"font-family:&quot;Cambria&quot;,serif\"><span style=\"letter-spacing:-0.5pt\"><b><span style=\"font-size:18.0pt\"><span style=\"font-family:&quot;Calibri&quot;,sans-serif\"><span style=\"font-variant:small-caps\">Sustentabilidade<\/span><\/span><\/span><\/b><\/span><\/span><\/span><\/p>\r\n\r\n<p style=\"text-align:justify\"><span style=\"font-size:11pt\"><span style=\"line-height:normal\"><span style=\"font-family:&quot;Calibri&quot;,sans-serif\"><a href=\"https:\/\/grandesconstrucoes.com.br\/Noticias\/Exibir\/moveis-de-madeira-plastica-ou-wpc-fazem-parte-das-decoracoes\" style=\"color:blue; text-decoration:underline\"><span style=\"font-size:14.0pt\">M&oacute;veis de madeira pl&aacute;stica ou WPC fazem parte das decora&ccedil;&otilde;es<\/span><\/a><\/span><\/span><\/span><\/p>\r\n\r\n<p style=\"text-align:justify\"><span style=\"font-size:11pt\"><span style=\"line-height:normal\"><span style=\"font-family:&quot;Calibri&quot;,sans-serif\"><a href=\"https:\/\/grandesconstrucoes.com.br\/Noticias\/Exibir\/saneamento-basico-pode-resolver-problema-dos-fertilizantes-no-brasil\" style=\"color:blue; text-decoration:underline\"><span style=\"font-size:14.0pt\">Saneamento b&aacute;sico pode resolver problema dos fertilizantes no Brasil<\/span><\/a><\/span><\/span><\/span><\/p>\r\n\r\n<p style=\"text-align:justify\"><span style=\"font-size:11pt\"><span style=\"line-height:normal\"><span style=\"font-family:&quot;Calibri&quot;,sans-serif\"><a href=\"https:\/\/impactomais.com.br\/artigo\/como-a-pratica-esg-se-torna-uma-chancela-importante-na-industria-do-plastico\/\" style=\"color:blue; text-decoration:underline\"><span style=\"font-size:14.0pt\">Como a pr&aacute;tica ESG se torna uma chancela importante na ind&uacute;stria do pl&aacute;stico?<\/span><\/a><\/span><\/span><\/span><\/p>\r\n\r\n<p style=\"text-align:justify\"><span style=\"font-size:11pt\"><span style=\"line-height:normal\"><span style=\"font-family:&quot;Calibri&quot;,sans-serif\"><a href=\"https:\/\/www.innovationintextiles.com\/dyeing-finishing-printing\/accelerating-waterless-textile-finishing-in-the-usa\/\" style=\"color:blue; text-decoration:underline\"><span style=\"font-size:14.0pt\">Accelerating waterless textile finishing in the USA<\/span><\/a><\/span><\/span><\/span><\/p>\r\n\r\n<p class=\"MsoTitleCxSpLast\" style=\"text-align:justify\"><span style=\"font-size:28pt\"><span style=\"font-family:&quot;Cambria&quot;,serif\"><span style=\"letter-spacing:-0.5pt\"><b><span style=\"font-size:18.0pt\"><span style=\"font-family:&quot;Calibri&quot;,sans-serif\"><span style=\"font-variant:small-caps\">Inova&ccedil;&atilde;o<\/span><\/span><\/span><\/b><\/span><\/span><\/span><\/p>\r\n\r\n<p style=\"text-align:justify\"><span style=\"font-size:11pt\"><span style=\"line-height:normal\"><span style=\"font-family:&quot;Calibri&quot;,sans-serif\"><a href=\"https:\/\/agenciabrasil.ebc.com.br\/economia\/noticia\/2022-09\/brasil-ocupa-54a-posicao-em-ranking-de-inovacao%5d\" style=\"color:blue; text-decoration:underline\"><span style=\"font-size:14.0pt\">Brasil ocupa 54&ordf;. posi&ccedil;&atilde;o no ranking mundial de inova&ccedil;&atilde;o<\/span><\/a><\/span><\/span><\/span><\/p>\r\n\r\n<p style=\"text-align:justify\"><span style=\"font-size:11pt\"><span style=\"line-height:normal\"><span style=\"font-family:&quot;Calibri&quot;,sans-serif\"><a href=\"https:\/\/www.textiletechnology.net\/technology\/news\/euratex-innovation-project-on-circular-and-sustainable-textiles-32915?utm_source=%2Fmeta%2Fnewsletter%2Fnewsletter&amp;utm_medium=newsletter&amp;utm_campaign=nl976&amp;utm_term=0801b20e08c3242125d512808cd74302\" style=\"color:blue; text-decoration:underline\"><span style=\"font-size:14.0pt\">Euratex | Innovation project on circular and sustainable textiles<\/span><\/a><\/span><\/span><\/span><\/p>\r\n\r\n<p class=\"MsoTitleCxSpLast\" style=\"text-align:justify\"><span style=\"font-size:28pt\"><span style=\"font-family:&quot;Cambria&quot;,serif\"><span style=\"letter-spacing:-0.5pt\"><b><span style=\"font-size:18.0pt\"><span style=\"font-family:&quot;Calibri&quot;,sans-serif\"><span style=\"font-variant:small-caps\">Com&eacute;rcio Exterior<\/span><\/span><\/span><\/b><\/span><\/span><\/span><\/p>\r\n\r\n<p style=\"text-align:justify\"><span style=\"font-size:11pt\"><span style=\"line-height:normal\"><span style=\"font-family:&quot;Calibri&quot;,sans-serif\"><a href=\"https:\/\/g1.globo.com\/economia\/noticia\/2022\/10\/03\/balanca-comercial-registra-saldo-positivo-de-us-4-bilhoes-em-setembro-diz-governo.ghtml\" style=\"color:blue; text-decoration:underline\"><span style=\"font-size:14.0pt\">Balan&ccedil;a comercial registra saldo positivo de US$ 4 bilh&otilde;es em setembro, diz governo<\/span><\/a><\/span><\/span><\/span><\/p>\r\n\r\n<p style=\"text-align:justify\"><span style=\"font-size:11pt\"><span style=\"line-height:normal\"><span style=\"font-family:&quot;Calibri&quot;,sans-serif\"><a href=\"https:\/\/www12.senado.leg.br\/noticias\/materias\/2022\/09\/27\/acordo-de-cooperacao-entre-brasil-e-israel-em-c-t-aprovado-na-cre\" style=\"color:blue; text-decoration:underline\"><span style=\"font-size:14.0pt\">Acordos de coopera&ccedil;&atilde;o com Israel e mais tr&ecirc;s pa&iacute;ses s&atilde;o aprovados na CRE<\/span><\/a><\/span><\/span><\/span><\/p>\r\n\r\n<p style=\"text-align:justify\"><span style=\"font-size:11pt\"><span style=\"line-height:normal\"><span style=\"font-family:&quot;Calibri&quot;,sans-serif\"><a href=\"https:\/\/www12.senado.leg.br\/noticias\/materias\/2022\/09\/29\/acordo-com-o-paraguai-para-integracao-de-fronteiras-e-aprovado-pela-cre\" style=\"color:blue; text-decoration:underline\"><span style=\"font-size:14.0pt\">Acordo com o Paraguai para integra&ccedil;&atilde;o de fronteiras &eacute; aprovado pela CRE<\/span><\/a><\/span><\/span><\/span><\/p>\r\n\r\n<p style=\"text-align:justify\"><span style=\"font-size:11pt\"><span style=\"line-height:normal\"><span style=\"font-family:&quot;Calibri&quot;,sans-serif\"><a href=\"https:\/\/maranhaohoje.com\/negocios\/acordo-entre-alfandegas-do-brasil-e-dos-estados-unidos-ira-facilitar-exportacoes\/\" style=\"color:blue; text-decoration:underline\"><span style=\"font-size:14.0pt\">Acordo entre alf&acirc;ndegas do Brasil e dos Estados Unidos ir&aacute; facilitar exporta&ccedil;&otilde;es<\/span><\/a><\/span><\/span><\/span><\/p>\r\n\r\n<p class=\"MsoTitleCxSpLast\" style=\"text-align:justify\"><span style=\"font-size:28pt\"><span style=\"font-family:&quot;Cambria&quot;,serif\"><span style=\"letter-spacing:-0.5pt\"><b><span style=\"font-size:18.0pt\"><span style=\"font-family:&quot;Calibri&quot;,sans-serif\"><span style=\"font-variant:small-caps\">Economia<\/span><\/span><\/span><\/b><\/span><\/span><\/span><\/p>\r\n\r\n<p style=\"text-align:justify\"><span style=\"font-size:11pt\"><span style=\"line-height:normal\"><span style=\"font-family:&quot;Calibri&quot;,sans-serif\"><a href=\"https:\/\/www.bcb.gov.br\/content\/focus\/focus\/R20220909.pdf\" style=\"color:blue; text-decoration:underline\"><span style=\"font-size:14.0pt\">Focus: Relat&oacute;rio de Mercado<\/span><\/a><\/span><\/span><\/span><\/p>\r\n\r\n<p style=\"text-align:justify\"><span style=\"font-size:11pt\"><span style=\"line-height:normal\"><span style=\"font-family:&quot;Calibri&quot;,sans-serif\"><a href=\"https:\/\/portalibre.fgv.br\/noticias\/incerteza-da-economia-cai-49-pontos-em-setembro\" style=\"color:blue; text-decoration:underline\"><span style=\"font-size:14.0pt\">Incerteza da Economia cai 4,9 pontos em setembro<\/span><\/a><\/span><\/span><\/span><\/p>\r\n\r\n<p style=\"text-align:justify\"><span style=\"font-size:11pt\"><span style=\"line-height:normal\"><span style=\"font-family:&quot;Calibri&quot;,sans-serif\"><a href=\"https:\/\/agenciabrasil.ebc.com.br\/economia\/noticia\/2022-10\/mercado-financeiro-reduz-projecao-da-inflacao-de-588-para-574\" style=\"color:blue; text-decoration:underline\"><span style=\"font-size:14.0pt\">Mercado financeiro reduz proje&ccedil;&atilde;o da infla&ccedil;&atilde;o de 5,88% para 5,74%<\/span><\/a><\/span><\/span><\/span><\/p>\r\n\r\n<p style=\"text-align:justify\"><span style=\"font-size:11pt\"><span style=\"line-height:normal\"><span style=\"font-family:&quot;Calibri&quot;,sans-serif\"><a href=\"https:\/\/agenciabrasil.ebc.com.br\/economia\/noticia\/2022-09\/desemprego-cai-para-89-em-trimestre-encerrado-em-agosto-diz-ibge\" style=\"color:blue; text-decoration:underline\"><span style=\"font-size:14.0pt\">Desemprego cai para 8,9% em trimestre encerrado em agosto, diz IBGE<\/span><\/a><\/span><\/span><\/span><\/p>\r\n\r\n<p><span style=\"font-size:11.0pt\"><span style=\"line-height:115%\"><span style=\"font-family:&quot;Calibri&quot;,sans-serif\"><a href=\"https:\/\/portalibre.fgv.br\/sites\/default\/files\/users\/user2195\/apresentacao-sintese-das-sondagens-setembro2022.pdf\" style=\"color:blue; text-decoration:underline\"><span style=\"font-size:14.0pt\"><span style=\"line-height:115%\">S&iacute;ntese das Sondagens de setembro de 2022<\/span><\/span><\/a><\/span><\/span><\/span><\/p>\r\n","texto_en":"","7":"","imagem":"COMP_banner-padrao-home-destaques-boletim_20221005200332Td7TPnxhYj.jpg","8":"COMP_banner-padrao-home-destaques-boletim_20221005200332Td7TPnxhYj.jpg","arquivo":"20221004-NOTICIAS-SEMANAIS.PDF","9":"20221004-NOTICIAS-SEMANAIS.PDF","titulo_arquivo":"","10":"","titulo_arquivo_en":"","11":"","created_at":"2022-10-05 20:03:41","12":"2022-10-05 20:03:41","updated_at":"2022-10-05 20:03:41","13":"2022-10-05 20:03:41"},{"id":36,"0":36,"ordem":187,"1":187,"data":"2022-09-27","2":"2022-09-27","slug":"boletim-de-noticias-semanais-33","3":"boletim-de-noticias-semanais-33","titulo":"Boletim de Not\u00edcias Semanais","4":"Boletim de Not\u00edcias Semanais","titulo_en":"","5":"","texto":"<p style=\"text-align:justify\"><span style=\"font-size:11pt\"><span style=\"line-height:normal\"><span style=\"font-family:&quot;Calibri&quot;,sans-serif\"><span style=\"font-size:14.0pt\">Esta &eacute; uma compila&ccedil;&atilde;o das not&iacute;cias mais relevantes para o setor, incluindo informa&ccedil;&otilde;es sobre acordos internacionais, economia brasileira, sustentabilidade e mat&eacute;rias primas, al&eacute;m de novidades do setor de N&atilde;otecidos e Tecidos T&eacute;cnicos.<\/span><\/span><\/span><\/span><\/p>\r\n\r\n<p class=\"MsoTitle\" style=\"text-align:justify\"><span style=\"font-size:28pt\"><span style=\"font-family:&quot;Cambria&quot;,serif\"><span style=\"letter-spacing:-0.5pt\"><b><span style=\"font-size:18.0pt\"><span style=\"font-family:&quot;Calibri&quot;,sans-serif\"><span style=\"font-variant:small-caps\">A&ccedil;&otilde;es da ABINT<\/span><\/span><\/span><\/b><\/span><\/span><\/span><\/p>\r\n\r\n<p style=\"text-align:justify\"><span style=\"font-size:11pt\"><span style=\"line-height:normal\"><span style=\"font-family:&quot;Calibri&quot;,sans-serif\"><span class=\"MsoHyperlink\" style=\"color:blue\"><span style=\"text-decoration:underline\"><b><span style=\"font-size:14.0pt\"><span style=\"text-decoration:none\"><span style=\"text-underline:none\">Curso ABINT Tecnologia dos N&atilde;otecidos<\/span><\/span><\/span><\/b><\/span><\/span> <a href=\"https:\/\/pt.surveymonkey.com\/r\/inscricaocurso\" style=\"color:blue; text-decoration:underline\"><b><span style=\"font-size:14.0pt\">INSCREVA-SE<\/span><\/b><\/a><span class=\"MsoHyperlink\" style=\"color:blue\"><span style=\"text-decoration:underline\"><span style=\"font-size:14.0pt\"><span style=\"text-decoration:none\"><span style=\"text-underline:none\"> <b>para as pr&oacute;ximas turmas!<\/b><\/span><\/span><\/span><\/span><\/span><\/span><\/span><\/span><\/p>\r\n\r\n<p style=\"text-align:justify\">&nbsp;<\/p>\r\n\r\n<p style=\"text-align:justify\"><img height=\"593\" src=\"https:\/\/www.abint.org.br\/assets\/img\/editor\/congresso-internacional-abit-2022_20220927122155L5IA9uStB9.png\" width=\"400\" \/><\/p>\r\n\r\n<p style=\"text-align:justify\"><span class=\"MsoHyperlink\" style=\"color:blue\"><span style=\"text-decoration:underline\"><b><span style=\"font-size:14.0pt\"><span style=\"line-height:115%\"><span style=\"font-family:&quot;Calibri&quot;,sans-serif\"><span style=\"text-decoration:none\"><span style=\"text-underline:none\">A ABINT &eacute; uma das patrocinadoras do Congresso Internacional ABIT 2022<\/span><\/span><\/span><\/span><\/span><\/b><\/span><\/span><span class=\"MsoHyperlink\" style=\"color:blue\"><span style=\"text-decoration:underline\"><span style=\"font-size:14.0pt\"><span style=\"line-height:115%\"><span style=\"font-family:&quot;Calibri&quot;,sans-serif\"><span style=\"text-decoration:none\"><span style=\"text-underline:none\">, evento 100% presencial, que ocorrer&aacute; dias <b>03 e 04 de novembro<\/b>, em Belo Horizonte, MG. <\/span><\/span><\/span><\/span><\/span><\/span><\/span><span style=\"font-size:11.0pt\"><span style=\"line-height:115%\"><span style=\"font-family:&quot;Calibri&quot;,sans-serif\"><a href=\"https:\/\/www.congressoabit.com.br\/\" style=\"color:blue; text-decoration:underline\"><span style=\"font-size:14.0pt\"><span style=\"line-height:115%\">Informa&ccedil;&otilde;es<\/span><\/span><\/a><\/span><\/span><\/span><\/p>\r\n\r\n<p style=\"text-align:justify\">&nbsp;<\/p>\r\n\r\n<p style=\"text-align:justify\"><span style=\"font-size:11.0pt\"><span style=\"line-height:115%\"><span style=\"font-family:&quot;Calibri&quot;,sans-serif\"><span style=\"font-size:14.0pt\"><span style=\"line-height:115%\"><img height=\"260\" src=\"https:\/\/www.abint.org.br\/assets\/img\/editor\/partnerkit-conahp-retangular-cth-abint_202209271222421Sso8cM6Gf.png\" width=\"460\" \/><\/span><\/span><\/span><\/span><\/span><\/p>\r\n\r\n<p style=\"text-align:justify\"><span class=\"MsoHyperlink\" style=\"color:blue\"><span style=\"text-decoration:underline\"><span style=\"font-size:14.0pt\"><span style=\"line-height:115%\"><span style=\"font-family:&quot;Calibri&quot;,sans-serif\"><span style=\"text-decoration:none\"><span style=\"text-underline:none\">O <b>CTH ABINT<\/b> &eacute; patrocinador do <\/span><\/span><\/span><\/span><\/span><\/span><\/span><span class=\"MsoHyperlink\" style=\"color:blue\"><span style=\"text-decoration:underline\"><b><span style=\"font-size:14.0pt\"><span style=\"line-height:115%\"><span style=\"font-family:&quot;Calibri&quot;,sans-serif\"><span style=\"text-decoration:none\"><span style=\"text-underline:none\">CONAHP 2022 - Congresso Nacional de Hospitais Privados<\/span><\/span><\/span><\/span><\/span><\/b><\/span><\/span><span class=\"MsoHyperlink\" style=\"color:blue\"><span style=\"text-decoration:underline\"><span style=\"font-size:14.0pt\"><span style=\"line-height:115%\"><span style=\"font-family:&quot;Calibri&quot;,sans-serif\"><span style=\"text-decoration:none\"><span style=\"text-underline:none\">, evento que ocorrer&aacute; <b>presencialmente nos dias 10 e 11 de novembro, Transam&eacute;rica Expo Center<\/b>, S&atilde;o Paulo, SP. <\/span><\/span><\/span><\/span><\/span><\/span><\/span><span style=\"font-size:11.0pt\"><span style=\"line-height:115%\"><span style=\"font-family:&quot;Calibri&quot;,sans-serif\"><a href=\"https:\/\/conahp.org.br\/2022\/\" style=\"color:blue; text-decoration:underline\"><span style=\"font-size:14.0pt\"><span style=\"line-height:115%\">Informa&ccedil;&otilde;es <\/span><\/span><\/a><\/span><\/span><\/span><\/p>\r\n\r\n<p style=\"text-align:justify\">&nbsp;<\/p>\r\n\r\n<p style=\"text-align:justify\"><span style=\"font-size:11pt\"><span style=\"line-height:normal\"><span style=\"font-family:&quot;Calibri&quot;,sans-serif\"><b><span style=\"font-size:18.0pt\"><span style=\"font-variant:small-caps\">Eventos<\/span><\/span><\/b><\/span><\/span><\/span><\/p>\r\n\r\n<p style=\"text-align:justify\"><span style=\"font-size:11pt\"><span style=\"line-height:normal\"><span style=\"font-family:&quot;Calibri&quot;,sans-serif\"><span class=\"MsoHyperlink\" style=\"color:blue\"><span style=\"text-decoration:underline\"><b><span style=\"font-size:14.0pt\"><span style=\"text-decoration:none\"><span style=\"text-underline:none\">20&ordf;. Rio Oil &amp; Gas: um dos maiores eventos mundiais do setor, com transmiss&atilde;o tamb&eacute;m online. <\/span><\/span><\/span><\/b><\/span><\/span><span class=\"MsoHyperlink\" style=\"color:blue\"><span style=\"text-decoration:underline\"><span style=\"font-size:14.0pt\"><span style=\"text-decoration:none\"><span style=\"text-underline:none\">De 26 a 29 de setembro. <\/span><\/span><\/span><\/span><\/span><a href=\"https:\/\/www.riooilgas.com.br\/\" style=\"color:blue; text-decoration:underline\"><span style=\"font-size:14.0pt\">Informa&ccedil;&otilde;es e inscri&ccedil;&otilde;es<\/span><\/a><\/span><\/span><\/span><\/p>\r\n\r\n<p style=\"text-align:justify\"><span style=\"font-size:11pt\"><span style=\"line-height:normal\"><span style=\"font-family:&quot;Calibri&quot;,sans-serif\"><span class=\"MsoHyperlink\" style=\"color:blue\"><span style=\"text-decoration:underline\"><b><span style=\"font-size:14.0pt\"><span style=\"text-decoration:none\"><span style=\"text-underline:none\">Workshop Abit: Novo PGR NR-01: Aspectos t&eacute;cnicos e pr&aacute;ticos para uma boa gest&atilde;o de Sa&uacute;de e Seguran&ccedil;a no Trabalho<\/span><\/span><\/span><\/b><\/span><\/span><span class=\"MsoHyperlink\" style=\"color:blue\"><span style=\"text-decoration:underline\"><span style=\"font-size:14.0pt\"><span style=\"text-decoration:none\"><span style=\"text-underline:none\">, 29 de setembro, 09h00 &agrave;s 11h00. <\/span><\/span><\/span><\/span><\/span><a href=\"https:\/\/app.rdstation.email\/mail\/d4b5c26d-08bb-4ba6-a4f5-3273a068eb81?utm_campaign=workshop_nr01_-_01092022&amp;utm_medium=email&amp;utm_source=RD+Station\" style=\"color:blue; text-decoration:underline\"><span style=\"font-size:14.0pt\">Informa&ccedil;&otilde;es<\/span><\/a> <\/span><\/span><\/span><\/p>\r\n\r\n<p style=\"text-align:justify\"><span style=\"font-size:11pt\"><span style=\"line-height:normal\"><span style=\"font-family:&quot;Calibri&quot;,sans-serif\"><span class=\"MsoHyperlink\" style=\"color:blue\"><span style=\"text-decoration:underline\"><b><span style=\"font-size:14.0pt\"><span style=\"text-decoration:none\"><span style=\"text-underline:none\">Webinar CCBC: ESG e Compliance fiscal e tribut&aacute;rio<\/span><\/span><\/span><\/b><\/span><\/span><span class=\"MsoHyperlink\" style=\"color:blue\"><span style=\"text-decoration:underline\"><span style=\"font-size:14.0pt\"><span style=\"text-decoration:none\"><span style=\"text-underline:none\">, 30 de setembro, 14h00. <\/span><\/span><\/span><\/span><\/span><a href=\"https:\/\/app.rdstation.email\/mail\/f895b5fd-c4a2-41b3-baf3-a645c6ee8351?utm_campaign=caj_esg_e_compliance_fiscal_e_tributario&amp;utm_medium=email&amp;utm_source=RD+Station\" style=\"color:blue; text-decoration:underline\"><span style=\"font-size:14.0pt\">Informa&ccedil;&otilde;es<\/span><\/a> <\/span><\/span><\/span><\/p>\r\n\r\n<p style=\"text-align:justify\"><span style=\"font-size:11pt\"><span style=\"line-height:normal\"><span style=\"font-family:&quot;Calibri&quot;,sans-serif\"><span class=\"MsoHyperlink\" style=\"color:blue\"><span style=\"text-decoration:underline\"><b><span style=\"font-size:14.0pt\"><span style=\"text-decoration:none\"><span style=\"text-underline:none\">Feira HospitalMed, <\/span><\/span><\/span><\/b><\/span><\/span><span class=\"MsoHyperlink\" style=\"color:blue\"><span style=\"text-decoration:underline\"><span style=\"font-size:14.0pt\"><span style=\"text-decoration:none\"><span style=\"text-underline:none\">19 a 21 de outubro, Centro de Conven&ccedil;&otilde;es de Pernambuco. <\/span><\/span><\/span><\/span><\/span><a href=\"https:\/\/hospitalmed.com.br\/feira\/\" style=\"color:blue; text-decoration:underline\"><span style=\"font-size:14.0pt\">Informa&ccedil;&otilde;es <\/span><\/a><\/span><\/span><\/span><\/p>\r\n\r\n<p style=\"text-align:justify\"><span style=\"font-size:11pt\"><span style=\"line-height:normal\"><span style=\"font-family:&quot;Calibri&quot;,sans-serif\"><span class=\"MsoHyperlink\" style=\"color:blue\"><span style=\"text-decoration:underline\"><b><span style=\"font-size:14.0pt\"><span style=\"text-decoration:none\"><span style=\"text-underline:none\">THE Congress &ndash; NATURALfiberEXTRACTION<\/span><\/span><\/span><\/b><\/span><\/span><span class=\"MsoHyperlink\" style=\"color:blue\"><span style=\"text-decoration:underline\"><span style=\"font-size:14.0pt\"><span style=\"text-decoration:none\"><span style=\"text-underline:none\">, 26 de outubro de 2022, Stuttgart. <\/span><\/span><\/span><\/span><\/span><a href=\"https:\/\/www.afbw.eu\/aktuelles\/veranstaltungen\/details\/the-congress-naturalfiberpulping\/\" style=\"color:blue; text-decoration:underline\"><span style=\"font-size:14.0pt\">Informa&ccedil;&otilde;es<\/span><\/a><span class=\"MsoHyperlink\" style=\"color:blue\"><span style=\"text-decoration:underline\"><span style=\"font-size:14.0pt\"><span style=\"text-decoration:none\"><span style=\"text-underline:none\">.<\/span><\/span><\/span><\/span><\/span><\/span><\/span><\/span><\/p>\r\n\r\n<p style=\"text-align:justify\"><span style=\"font-size:11pt\"><span style=\"line-height:normal\"><span style=\"font-family:&quot;Calibri&quot;,sans-serif\"><span class=\"MsoHyperlink\" style=\"color:blue\"><span style=\"text-decoration:underline\"><b><span style=\"font-size:14.0pt\"><span style=\"text-decoration:none\"><span style=\"text-underline:none\">Innovate: Zero Carbon, Textiles&#39; journey to zero carbon<\/span><\/span><\/span><\/b><\/span><\/span><\/span><\/span><\/span><\/p>\r\n\r\n<p style=\"text-align:justify\"><span style=\"font-size:11pt\"><span style=\"line-height:normal\"><span style=\"font-family:&quot;Calibri&quot;,sans-serif\"><span class=\"MsoHyperlink\" style=\"color:blue\"><span style=\"text-decoration:underline\"><span style=\"font-size:14.0pt\"><span style=\"text-decoration:none\"><span style=\"text-underline:none\">When: 1-3 Nov 2022<\/span><\/span><\/span><\/span><\/span><\/span><\/span><\/span><\/p>\r\n\r\n<p style=\"text-align:justify\"><span style=\"font-size:11pt\"><span style=\"line-height:normal\"><span style=\"font-family:&quot;Calibri&quot;,sans-serif\"><span class=\"MsoHyperlink\" style=\"color:blue\"><span style=\"text-decoration:underline\"><span style=\"font-size:14.0pt\"><span style=\"text-decoration:none\"><span style=\"text-underline:none\">What time: 13:00&ndash;17:00 UTC \/ 9:00&ndash;13:00 EDT<\/span><\/span><\/span><\/span><\/span><\/span><\/span><\/span><\/p>\r\n\r\n<p style=\"text-align:justify\"><span style=\"font-size:11pt\"><span style=\"line-height:normal\"><span style=\"font-family:&quot;Calibri&quot;,sans-serif\"><span class=\"MsoHyperlink\" style=\"color:blue\"><span style=\"text-decoration:underline\"><span style=\"font-size:14.0pt\"><span style=\"text-decoration:none\"><span style=\"text-underline:none\">Where: Virtual, <\/span><\/span><\/span><\/span><\/span><a href=\"https:\/\/events.wtin.com\/event\/f5bac4f2-d902-41ba-9153-a4d80622877c\/summary\" style=\"color:blue; text-decoration:underline\"><span style=\"font-size:14.0pt\">events.wtin.com\/innovate<\/span><\/a><\/span><\/span><\/span><\/p>\r\n\r\n<p class=\"MsoTitle\" style=\"text-align:justify\"><span style=\"font-size:28pt\"><span style=\"font-family:&quot;Cambria&quot;,serif\"><span style=\"letter-spacing:-0.5pt\"><b><span style=\"font-size:18.0pt\"><span style=\"font-family:&quot;Calibri&quot;,sans-serif\"><span style=\"font-variant:small-caps\">Setor<\/span><\/span><\/span><\/b><\/span><\/span><\/span><\/p>\r\n\r\n<p style=\"text-align:justify\"><span style=\"font-size:11pt\"><span style=\"line-height:normal\"><span style=\"font-family:&quot;Calibri&quot;,sans-serif\"><a href=\"https:\/\/medicinasa.com.br\/norma-abnt-aventais\/\" style=\"color:blue; text-decoration:underline\"><span style=\"font-size:14.0pt\">Norma ABNT amplia prote&ccedil;&atilde;o de aventais n&atilde;o cir&uacute;rgicos<\/span><\/a><\/span><\/span><\/span><\/p>\r\n\r\n<p style=\"text-align:justify\"><span style=\"font-size:11pt\"><span style=\"line-height:normal\"><span style=\"font-family:&quot;Calibri&quot;,sans-serif\"><a href=\"https:\/\/www.promoview.com.br\/blog\/redacao\/mice-business\/rio-oil-gas-2022-40-mil-visitantes-boulevard-olimpico.html\" style=\"color:blue; text-decoration:underline\"><span style=\"font-size:14.0pt\">Rio Oil &amp; Gas 2022 receber&aacute; 40 mil visitantes no Boulevard Ol&iacute;mpico<\/span><\/a><\/span><\/span><\/span><\/p>\r\n\r\n<p style=\"text-align:justify\"><span style=\"font-size:11pt\"><span style=\"line-height:normal\"><span style=\"font-family:&quot;Calibri&quot;,sans-serif\"><a href=\"https:\/\/www.capitalreset.com\/braskem-lanca-oxygea-com-us-150-milhoes-para-tornar-plastico-sustentavel\/\" style=\"color:blue; text-decoration:underline\"><span style=\"font-size:14.0pt\">Braskem lan&ccedil;a Oxygea, com US$ 150 milh&otilde;es para tornar pl&aacute;stico sustent&aacute;vel<\/span><\/a><\/span><\/span><\/span><\/p>\r\n\r\n<p style=\"text-align:justify\"><span style=\"font-size:11pt\"><span style=\"line-height:normal\"><span style=\"font-family:&quot;Calibri&quot;,sans-serif\"><a href=\"https:\/\/www.nonwovens-industry.com\/contents\/view_breaking-news\/2022-09-20\/berry-offers-nonwovens-with-recycled-content\/\" style=\"color:blue; text-decoration:underline\"><span style=\"font-size:14.0pt\">Berry offers nonwovens with recycled content<\/span><\/a><\/span><\/span><\/span><\/p>\r\n\r\n<p style=\"text-align:justify\"><span style=\"font-size:11pt\"><span style=\"line-height:normal\"><span style=\"font-family:&quot;Calibri&quot;,sans-serif\"><a href=\"https:\/\/www.segs.com.br\/demais\/358952-5-dicas-para-deixar-a-casa-preparada-para-a-primavera\" style=\"color:blue; text-decoration:underline\"><span style=\"font-size:14.0pt\">Cipatex: 5 dicas para deixar a casa preparada para a primavera<\/span><\/a><\/span><\/span><\/span><\/p>\r\n\r\n<p style=\"text-align:justify\"><span style=\"font-size:11pt\"><span style=\"line-height:normal\"><span style=\"font-family:&quot;Calibri&quot;,sans-serif\"><a href=\"https:\/\/www.jamaicaobserver.com\/business\/lifesavers-strikes-deal-to-expand-product-reach\/\" style=\"color:blue; text-decoration:underline\"><span style=\"font-size:14.0pt\">Fitesa: LifeSavers strikes deal to expand product reach<\/span><\/a><\/span><\/span><\/span><\/p>\r\n\r\n<p style=\"text-align:justify\"><span style=\"font-size:11pt\"><span style=\"line-height:normal\"><span style=\"font-family:&quot;Calibri&quot;,sans-serif\"><a href=\"https:\/\/hydrogen-central.com\/freudenberg-hosts-german-national-hydrogen-council-meeting\/\" style=\"color:blue; text-decoration:underline\"><span style=\"font-size:14.0pt\">Freudenberg Hosts German National Hydrogen Council Meeting<\/span><\/a><\/span><\/span><\/span><\/p>\r\n\r\n<p style=\"text-align:justify\"><span style=\"font-size:11pt\"><span style=\"line-height:normal\"><span style=\"font-family:&quot;Calibri&quot;,sans-serif\"><a href=\"https:\/\/segurancadopaciente.com.br\/seguranca-e-gestao\/implementacao-do-programa-nacional-de-seguranca-do-paciente-promoveu-melhorias-na-cultura-de-seguranca\/?utm_campaign=newsletter_semanal_-_20092022&amp;utm_medium=email&amp;utm_source=RD+Station\" style=\"color:blue; text-decoration:underline\"><span style=\"font-size:14.0pt\">Implementa&ccedil;&atilde;o do Programa Nacional de Seguran&ccedil;a do Paciente promoveu melhorias na Cultura de Seguran&ccedil;a<\/span><\/a><\/span><\/span><\/span><\/p>\r\n\r\n<p style=\"text-align:justify\"><span style=\"font-size:11pt\"><span style=\"line-height:normal\"><span style=\"font-family:&quot;Calibri&quot;,sans-serif\"><a href=\"https:\/\/www.textiletechnology.net\/technology\/news\/stfi-collaboration-with-brazilian-institutions-32894?utm_source=%2Fmeta%2Fnewsletter%2Fnewsletter&amp;utm_medium=newsletter&amp;utm_campaign=nl973&amp;utm_term=0801b20e08c3242125d512808cd74302\" style=\"color:blue; text-decoration:underline\"><span style=\"font-size:14.0pt\">Collaboration with Brazilian institutions<\/span><\/a><\/span><\/span><\/span><\/p>\r\n\r\n<p class=\"MsoTitle\" style=\"text-align:justify\"><span style=\"font-size:28pt\"><span style=\"font-family:&quot;Cambria&quot;,serif\"><span style=\"letter-spacing:-0.5pt\"><b><span style=\"font-size:18.0pt\"><span style=\"font-family:&quot;Calibri&quot;,sans-serif\"><span style=\"font-variant:small-caps\">Ind&uacute;stria<\/span><\/span><\/span><\/b><\/span><\/span><\/span><\/p>\r\n\r\n<p style=\"text-align:justify\"><span style=\"font-size:11pt\"><span style=\"line-height:normal\"><span style=\"font-family:&quot;Calibri&quot;,sans-serif\"><a href=\"https:\/\/noticias.portaldaindustria.com.br\/noticias\/competitividade\/produtividade-na-industria-tem-primeira-alta-desde-o-terceiro-trimestre-de-2020\/\" style=\"color:blue; text-decoration:underline\"><span style=\"font-size:14.0pt\">Produtividade na ind&uacute;stria tem primeira alta desde o terceiro trimestre de 2020<\/span><\/a><\/span><\/span><\/span><\/p>\r\n\r\n<p style=\"text-align:justify\"><span style=\"font-size:11pt\"><span style=\"line-height:normal\"><span style=\"font-family:&quot;Calibri&quot;,sans-serif\"><a href=\"https:\/\/grandesconstrucoes.com.br\/Noticias\/Exibir\/atividade-e-emprego-na-construcao-tem-ritmo-mais-elevado-desde-2011\" style=\"color:blue; text-decoration:underline\"><span style=\"font-size:14.0pt\">Atividade e emprego na constru&ccedil;&atilde;o t&ecirc;m ritmo mais elevado desde 2011<\/span><\/a><\/span><\/span><\/span><\/p>\r\n\r\n<p style=\"text-align:justify\"><span style=\"font-size:11pt\"><span style=\"line-height:normal\"><span style=\"font-family:&quot;Calibri&quot;,sans-serif\"><a href=\"https:\/\/noticias.portaldaindustria.com.br\/noticias\/economia\/confianca-da-industria-sobe-em-27-dos-29-setores-analisados-em-setembro-mostra-cni\/\" style=\"color:blue; text-decoration:underline\"><span style=\"font-size:14.0pt\">Confian&ccedil;a da ind&uacute;stria sobe em 27 dos 29 setores analisados em setembro, mostra CNI<\/span><\/a><\/span><\/span><\/span><\/p>\r\n\r\n<p style=\"text-align:justify\"><span style=\"font-size:11pt\"><span style=\"line-height:normal\"><span style=\"font-family:&quot;Calibri&quot;,sans-serif\"><span class=\"MsoHyperlink\" style=\"color:blue\"><span style=\"text-decoration:underline\"><span style=\"font-size:14.0pt\"><span style=\"text-decoration:none\"><span style=\"text-underline:none\"><a href=\"https:\/\/portalibre.fgv.br\/noticias\/confianca-da-construcao-sobe-35-pontos-em-setembro\" style=\"color:blue; text-decoration:underline\">Confian&ccedil;a da Constru&ccedil;&atilde;o sobe 3,5 pontos em setembro<\/a><\/span><\/span><\/span><\/span><\/span><\/span><\/span><\/span><\/p>\r\n\r\n<p style=\"text-align:justify\"><span style=\"font-size:11pt\"><span style=\"line-height:normal\"><span style=\"font-family:&quot;Calibri&quot;,sans-serif\"><a href=\"https:\/\/garagem360.com.br\/com-retorno-do-aumento-das-vendas-de-carros-novos-o-que-esperar-do-futuro-automotivo\/\" style=\"color:blue; text-decoration:underline\"><span style=\"font-size:14.0pt\">Com o retorno do aumento de vendas de carros novos, o que esperar do futuro automotivo?<\/span><\/a><\/span><\/span><\/span><\/p>\r\n\r\n<p style=\"text-align:justify\"><span style=\"font-size:11pt\"><span style=\"line-height:normal\"><span style=\"font-family:&quot;Calibri&quot;,sans-serif\"><a href=\"https:\/\/www.vdibrasil.com\/como-os-diretores-financeiros-estao-se-preparando-para-a-diversificacao-do-supply-chain\/?utm_campaign=news_geral_-_922&amp;utm_medium=email&amp;utm_source=RD+Station\" style=\"color:blue; text-decoration:underline\"><span style=\"font-size:14.0pt\">Como os diretores financeiros est&atilde;o se preparando para a diversifica&ccedil;&atilde;o do supply chain?<\/span><\/a><\/span><\/span><\/span><\/p>\r\n\r\n<p class=\"MsoTitle\" style=\"text-align:justify\"><span style=\"font-size:28pt\"><span style=\"font-family:&quot;Cambria&quot;,serif\"><span style=\"letter-spacing:-0.5pt\"><b><span style=\"font-size:18.0pt\"><span style=\"font-family:&quot;Calibri&quot;,sans-serif\"><span style=\"font-variant:small-caps\">Sustentabilidade<\/span><\/span><\/span><\/b><\/span><\/span><\/span><\/p>\r\n\r\n<p style=\"text-align:justify\"><span style=\"font-size:11pt\"><span style=\"line-height:normal\"><span style=\"font-family:&quot;Calibri&quot;,sans-serif\"><a href=\"https:\/\/exame.com\/esg\/economia-circular-empresas-e-academia-se-unem-em-novo-movimento-do-pacto-global-da-onu-no-brasil\/\" style=\"color:blue; text-decoration:underline\"><span style=\"font-size:14.0pt\">Economia circular: empresas e academia se unem em novo movimento do Pacto Global da ONU no Brasil<\/span><\/a><\/span><\/span><\/span><\/p>\r\n\r\n<p style=\"text-align:justify\"><span style=\"font-size:11pt\"><span style=\"line-height:normal\"><span style=\"font-family:&quot;Calibri&quot;,sans-serif\"><a href=\"https:\/\/www.gov.br\/economia\/pt-br\/assuntos\/noticias\/2022\/setembro\/ministerio-da-economia-apoia-municipios-na-adocao-do-novo-marco-legal-do-saneamento-basico\" style=\"color:blue; text-decoration:underline\"><span style=\"font-size:14.0pt\">Minist&eacute;rio da Economia apoia munic&iacute;pios na ado&ccedil;&atilde;o do Novo Marco Legal do Saneamento B&aacute;sico<\/span><\/a><\/span><\/span><\/span><\/p>\r\n\r\n<p style=\"text-align:justify\"><span style=\"font-size:11pt\"><span style=\"line-height:normal\"><span style=\"font-family:&quot;Calibri&quot;,sans-serif\"><a href=\"https:\/\/grandesconstrucoes.com.br\/Noticias\/Exibir\/marco-do-saneamento-ja-comeca-a-destravar-investimentos\" style=\"color:blue; text-decoration:underline\"><span style=\"font-size:14.0pt\">Marco do saneamento j&aacute; come&ccedil;a a destravar investimentos<\/span><\/a><\/span><\/span><\/span><\/p>\r\n\r\n<p style=\"text-align:justify\"><span style=\"font-size:11pt\"><span style=\"line-height:normal\"><span style=\"font-family:&quot;Calibri&quot;,sans-serif\"><span class=\"MsoHyperlink\" style=\"color:blue\"><span style=\"text-decoration:underline\"><span style=\"font-size:14.0pt\"><span style=\"text-decoration:none\"><span style=\"text-underline:none\"><a href=\"https:\/\/www.textiletechnology.net\/fibers\/trendreports\/ita-sustainability-in-the-field-of-man-made-fibers-32897?utm_source=%2Fmeta%2Fnewsletter%2Fnewsletter&amp;utm_medium=newsletter&amp;utm_campaign=nl974&amp;utm_term=0801b20e08c3242125d512808cd74302\" style=\"color:blue; text-decoration:underline\">ITA: Sustainability in the field of man-made fibers<\/a><\/span><\/span><\/span><\/span><\/span><\/span><\/span><\/span><\/p>\r\n\r\n<p style=\"text-align:justify\"><span style=\"font-size:11pt\"><span style=\"line-height:normal\"><span style=\"font-family:&quot;Calibri&quot;,sans-serif\"><a href=\"https:\/\/plasticosemrevista.com.br\/eua-oposicao-publica-a-novas-plantas-na-petroquimica-e-reciclagem\/\" style=\"color:blue; text-decoration:underline\"><span style=\"font-size:14.0pt\">EUA: oposi&ccedil;&atilde;o p&uacute;blica a novas plantas na petroqu&iacute;mica e reciclagem<\/span><\/a><\/span><\/span><\/span><\/p>\r\n\r\n<p style=\"text-align:justify\"><span style=\"font-size:11pt\"><span style=\"line-height:normal\"><span style=\"font-family:&quot;Calibri&quot;,sans-serif\"><a href=\"https:\/\/www.gov.br\/mcti\/pt-br\/acompanhe-o-mcti\/noticias\/2022\/09\/em-1a-reuniao-da-rede-oceano-sem-plastico-mcti-apresenta-estrategia-para-ciencia-oceanica-e-debate-integracao-de-iniciativas-de-pesquisa\" style=\"color:blue; text-decoration:underline\"><span style=\"font-size:14.0pt\">Em 1&ordf; reuni&atilde;o da Rede Oceano sem Pl&aacute;stico, MCTI apresenta estrat&eacute;gia para ci&ecirc;ncia oce&acirc;nica e debate integra&ccedil;&atilde;o de iniciativas de pesquisa<\/span><\/a><\/span><\/span><\/span><\/p>\r\n\r\n<p style=\"text-align:justify\"><span style=\"font-size:11pt\"><span style=\"line-height:normal\"><span style=\"font-family:&quot;Calibri&quot;,sans-serif\"><a href=\"https:\/\/www.portugaltextil.com\/argumentos-para-a-sustentabilidade\/?utm_term=Portugal+Textil+a%3F%3F%3F%3F+21.09.2022&amp;utm_campaign=Portugal+Textil+FInal&amp;utm_source=e-goi&amp;utm_medium=email\" style=\"color:blue; text-decoration:underline\"><span style=\"font-size:14.0pt\">Argumentos para a sustentabilidade<\/span><\/a><\/span><\/span><\/span><\/p>\r\n\r\n<p class=\"MsoTitle\" style=\"text-align:justify\"><span style=\"font-size:28pt\"><span style=\"font-family:&quot;Cambria&quot;,serif\"><span style=\"letter-spacing:-0.5pt\"><b><span style=\"font-size:18.0pt\"><span style=\"font-family:&quot;Calibri&quot;,sans-serif\"><span style=\"font-variant:small-caps\">Inova&ccedil;&atilde;o<\/span><\/span><\/span><\/b><\/span><\/span><\/span><\/p>\r\n\r\n<p style=\"text-align:justify\"><span style=\"font-size:11pt\"><span style=\"line-height:normal\"><span style=\"font-family:&quot;Calibri&quot;,sans-serif\"><a href=\"https:\/\/noticias.portaldaindustria.com.br\/noticias\/inovacao-e-tecnologia\/investimento-em-inovacao-e-essencial-em-meio-a-reestruturacao-das-cadeias-globais\/\" style=\"color:blue; text-decoration:underline\"><span style=\"font-size:14.0pt\">Investimento em inova&ccedil;&atilde;o &eacute; essencial em meio &agrave; reestrutura&ccedil;&atilde;o de cadeias globais<\/span><\/a><\/span><\/span><\/span><\/p>\r\n\r\n<p style=\"text-align:justify\"><span style=\"font-size:11pt\"><span style=\"line-height:normal\"><span style=\"font-family:&quot;Calibri&quot;,sans-serif\"><a href=\"https:\/\/www.technicaltextile.net\/news\/indian-govt-clears-23-technical-textile-research-projects-under-nttm-283135.html\" style=\"color:blue; text-decoration:underline\"><span style=\"font-size:14.0pt\">Indian govt clears 23 technical textile research projects under NTTM<\/span><\/a><\/span><\/span><\/span><\/p>\r\n\r\n<p style=\"text-align:justify\"><span style=\"font-size:11pt\"><span style=\"line-height:normal\"><span style=\"font-family:&quot;Calibri&quot;,sans-serif\"><a href=\"https:\/\/www.portugaltextil.com\/materiais-revolucionarios\/?utm_term=Portugal+Textil+a%3F%3F%3F%3F+22.09.2022&amp;utm_campaign=Portugal+Textil+FInal&amp;utm_source=e-goi&amp;utm_medium=email\" style=\"color:blue; text-decoration:underline\"><span style=\"font-size:14.0pt\">Materiais revolucion&aacute;rios<\/span><\/a><\/span><\/span><\/span><\/p>\r\n\r\n<p style=\"text-align:justify\"><span style=\"font-size:11pt\"><span style=\"line-height:normal\"><span style=\"font-family:&quot;Calibri&quot;,sans-serif\"><a href=\"https:\/\/ciclovivo.com.br\/inovacao\/negocios\/marca-reaproveita-redes-de-pesca-para-fabricar-pufes\/\" style=\"color:blue; text-decoration:underline\"><span style=\"font-size:14.0pt\">Marca reaproveita redes de pesca para fabricar pufes<\/span><\/a><\/span><\/span><\/span><\/p>\r\n\r\n<p style=\"text-align:justify\"><span style=\"font-size:11pt\"><span style=\"line-height:normal\"><span style=\"font-family:&quot;Calibri&quot;,sans-serif\"><a href=\"https:\/\/www.portugaltextil.com\/consorcio-estuda-stress-em-militares\/?utm_term=Portugal+Textil+a%3F%3F%3F%3F+23.09.2022&amp;utm_campaign=Portugal+Textil+FInal&amp;utm_source=e-goi&amp;utm_medium=email\" style=\"color:blue; text-decoration:underline\"><span style=\"font-size:14.0pt\">Cons&oacute;rcio estuda stress em militares<\/span><\/a><\/span><\/span><\/span><\/p>\r\n\r\n<p style=\"text-align:justify\"><span style=\"font-size:11pt\"><span style=\"line-height:normal\"><span style=\"font-family:&quot;Calibri&quot;,sans-serif\"><span class=\"MsoHyperlink\" style=\"color:blue\"><span style=\"text-decoration:underline\"><span style=\"font-size:14.0pt\"><span style=\"text-decoration:none\"><span style=\"text-underline:none\"><a href=\"http:\/\/textileindustry.ning.com\/forum\/topics\/as-novas-tecnologias-baseadas-em-tecidos-e-a-evolu-o-dos-rob-s\" style=\"color:blue; text-decoration:underline\">As novas tecnologias baseadas em tecidos e a evolu&ccedil;&atilde;o dos &quot;rob&ocirc;s macios&quot;<\/a><\/span><\/span><\/span><\/span><\/span><\/span><\/span><\/span><\/p>\r\n\r\n<p class=\"MsoTitle\" style=\"text-align:justify\"><span style=\"font-size:28pt\"><span style=\"font-family:&quot;Cambria&quot;,serif\"><span style=\"letter-spacing:-0.5pt\"><b><span style=\"font-size:18.0pt\"><span style=\"font-family:&quot;Calibri&quot;,sans-serif\"><span style=\"font-variant:small-caps\">Com&eacute;rcio Exterior<\/span><\/span><\/span><\/b><\/span><\/span><\/span><\/p>\r\n\r\n<p style=\"text-align:justify\"><span style=\"font-size:11pt\"><span style=\"line-height:normal\"><span style=\"font-family:&quot;Calibri&quot;,sans-serif\"><a href=\"https:\/\/www.comexdobrasil.com\/facilitacao-comercial-brasil-e-estados-unidos-firmam-acordo-de-reconhecimento-mutuo-entre-aduanas\/\" style=\"color:blue; text-decoration:underline\"><span style=\"font-size:14.0pt\">Facilita&ccedil;&atilde;o comercial: Brasil e Estados Unidos firmam Acordo de Reconhecimento M&uacute;tuo entre aduanas<\/span><\/a><\/span><\/span><\/span><\/p>\r\n\r\n<p style=\"text-align:justify\"><span style=\"font-size:11pt\"><span style=\"line-height:normal\"><span style=\"font-family:&quot;Calibri&quot;,sans-serif\"><a href=\"http:\/\/abimovel.com\/franca-foi-o-terceiro-maior-destino-das-exportacoes-brasileiras-de-moveis-e-colchoes-em-julho\/?utm_campaign=franca_foi_o_terceiro_maior_destino_das_exportacoes_brasileiras_de_moveis_e_colchoes_em_julho&amp;utm_medium=email&amp;utm_source=RD+Station\" style=\"color:blue; text-decoration:underline\"><span style=\"font-size:14.0pt\">Fran&ccedil;a foi o terceiro maior destino das exporta&ccedil;&otilde;es brasileiras de m&oacute;veis e colch&otilde;es em julho<\/span><\/a><\/span><\/span><\/span><\/p>\r\n\r\n<p style=\"text-align:justify\"><span style=\"font-size:11pt\"><span style=\"line-height:normal\"><span style=\"font-family:&quot;Calibri&quot;,sans-serif\"><span class=\"MsoHyperlink\" style=\"color:blue\"><span style=\"text-decoration:underline\"><span style=\"font-size:14.0pt\"><span style=\"text-decoration:none\"><span style=\"text-underline:none\"><a href=\"https:\/\/www.comexdobrasil.com\/superavit-comercial-registra-queda-de-141-ate-a-quarta-semana-de-setembro-de-acordo-com-dados-da-secex\/\" style=\"color:blue; text-decoration:underline\">Superavit comercial registra queda de 14,1% at&eacute; a quarta semana de setembro de acordo com dados da SECEX<\/a><\/span><\/span><\/span><\/span><\/span><\/span><\/span><\/span><\/p>\r\n\r\n<p style=\"text-align:justify\"><span style=\"font-size:11pt\"><span style=\"line-height:normal\"><span style=\"font-family:&quot;Calibri&quot;,sans-serif\"><span class=\"MsoHyperlink\" style=\"color:blue\"><span style=\"text-decoration:underline\"><span style=\"font-size:14.0pt\"><span style=\"text-decoration:none\"><span style=\"text-underline:none\"><a href=\"https:\/\/www.comexdobrasil.com\/contas-externas-tem-saldo-negativo-de-us-41-bilhoes-em-julho-e-investimentos-diretos-somam-us-77-bilhoes-no-mes\/\" style=\"color:blue; text-decoration:underline\">Contas externas t&ecirc;m saldo negativo de US$ 4,1 bilh&otilde;es em julho e Investimentos Diretos somam US$ 7,7 bilh&otilde;es no m&ecirc;s<\/a><\/span><\/span><\/span><\/span><\/span><\/span><\/span><\/span><\/p>\r\n\r\n<p style=\"text-align:justify\"><span style=\"font-size:11pt\"><span style=\"line-height:normal\"><span style=\"font-family:&quot;Calibri&quot;,sans-serif\"><a href=\"https:\/\/www.fibre2fashion.com\/news\/textile-news\/european-textile-exports-slide-due-to-energy-crisis-amid-ukraine-war-283186-newsdetails.htm\" style=\"color:blue; text-decoration:underline\"><span style=\"font-size:14.0pt\">European textile exports slide due to energy crisis amid Ukraine war<\/span><\/a><\/span><\/span><\/span><\/p>\r\n\r\n<p class=\"MsoTitle\" style=\"text-align:justify\"><span style=\"font-size:28pt\"><span style=\"font-family:&quot;Cambria&quot;,serif\"><span style=\"letter-spacing:-0.5pt\"><b><span style=\"font-size:18.0pt\"><span style=\"font-family:&quot;Calibri&quot;,sans-serif\"><span style=\"font-variant:small-caps\">Economia<\/span><\/span><\/span><\/b><\/span><\/span><\/span><\/p>\r\n\r\n<p style=\"text-align:justify\"><span style=\"font-size:11pt\"><span style=\"line-height:normal\"><span style=\"font-family:&quot;Calibri&quot;,sans-serif\"><a href=\"https:\/\/www.bcb.gov.br\/content\/focus\/focus\/R20220909.pdf\" style=\"color:blue; text-decoration:underline\"><span style=\"font-size:14.0pt\">Focus: Relat&oacute;rio de Mercado<\/span><\/a><\/span><\/span><\/span><\/p>\r\n\r\n<p style=\"text-align:justify\"><span style=\"font-size:11pt\"><span style=\"line-height:normal\"><span style=\"font-family:&quot;Calibri&quot;,sans-serif\"><a href=\"https:\/\/portalibre.fgv.br\/sites\/default\/files\/2022-09\/monitor-do-pib-fgv-setembro-de-2022-ref.-de-julho.pdf\" style=\"color:blue; text-decoration:underline\"><span style=\"font-size:14.0pt\">Monitor do PIB-FGV aponta crescimento de 0,6% na atividade econ&ocirc;mica em julho na compara&ccedil;&atilde;o com junho<\/span><\/a><\/span><\/span><\/span><\/p>\r\n\r\n<p style=\"text-align:justify\"><span style=\"font-size:11pt\"><span style=\"line-height:normal\"><span style=\"font-family:&quot;Calibri&quot;,sans-serif\"><a href=\"https:\/\/blogdoibre.fgv.br\/posts\/o-custo-da-desinflacao\" style=\"color:blue; text-decoration:underline\"><span style=\"font-size:14.0pt\">O custo da desinfla&ccedil;&atilde;o<\/span><\/a><\/span><\/span><\/span><\/p>\r\n\r\n<p style=\"text-align:justify\"><span style=\"font-size:11pt\"><span style=\"line-height:normal\"><span style=\"font-family:&quot;Calibri&quot;,sans-serif\"><a href=\"https:\/\/www.businessinsider.com\/recession-odds-layoffs-federal-reserve-jerome-powell-economic-pain-outlook-2022-9?nr_email_referer=1&amp;utm_source=Sailthru&amp;utm_medium=email&amp;utm_content=Business_Insider_select&amp;pt=385758&amp;ct=Sailthru_BI_Newsletters&amp;mt=8&amp;utm_campaign=Business%20Insider%20-%20Algorithm%20Test%202022-09-22&amp;utm_term=INSIDER%20SELECT%20-%20ENGAGED%2C%20ACTIVE%2C%20PASSIVE%2C%20DISENGAGED%2C%20NEW\" style=\"color:blue; text-decoration:underline\"><span style=\"font-size:14.0pt\">There&rsquo;s a &lsquo;very high likelihood&rsquo; of a growth recession as the Fed&rsquo;s inflation fight ramps up, Powell says. It means the end of the Great Resignation and fewer raises at work<\/span><\/a><\/span><\/span><\/span><\/p>\r\n\r\n<p style=\"text-align:justify\"><span style=\"font-size:11pt\"><span style=\"line-height:normal\"><span style=\"font-family:&quot;Calibri&quot;,sans-serif\"><a href=\"https:\/\/markets.businessinsider.com\/news\/commodities\/european-energy-crisis-russia-putin-natural-gas-pipelines-deutsche-bank-2022-9\" style=\"color:blue; text-decoration:underline\"><span style=\"font-size:14.0pt\">Russia&#39;s ramped-up gas squeeze means an even deeper recession for Europe &mdash; and a sharp winter will pile on the pain, Deutsche Bank warns<\/span><\/a><\/span><\/span><\/span><\/p>\r\n","6":"<p style=\"text-align:justify\"><span style=\"font-size:11pt\"><span style=\"line-height:normal\"><span style=\"font-family:&quot;Calibri&quot;,sans-serif\"><span style=\"font-size:14.0pt\">Esta &eacute; uma compila&ccedil;&atilde;o das not&iacute;cias mais relevantes para o setor, incluindo informa&ccedil;&otilde;es sobre acordos internacionais, economia brasileira, sustentabilidade e mat&eacute;rias primas, al&eacute;m de novidades do setor de N&atilde;otecidos e Tecidos T&eacute;cnicos.<\/span><\/span><\/span><\/span><\/p>\r\n\r\n<p class=\"MsoTitle\" style=\"text-align:justify\"><span style=\"font-size:28pt\"><span style=\"font-family:&quot;Cambria&quot;,serif\"><span style=\"letter-spacing:-0.5pt\"><b><span style=\"font-size:18.0pt\"><span style=\"font-family:&quot;Calibri&quot;,sans-serif\"><span style=\"font-variant:small-caps\">A&ccedil;&otilde;es da ABINT<\/span><\/span><\/span><\/b><\/span><\/span><\/span><\/p>\r\n\r\n<p style=\"text-align:justify\"><span style=\"font-size:11pt\"><span style=\"line-height:normal\"><span style=\"font-family:&quot;Calibri&quot;,sans-serif\"><span class=\"MsoHyperlink\" style=\"color:blue\"><span style=\"text-decoration:underline\"><b><span style=\"font-size:14.0pt\"><span style=\"text-decoration:none\"><span style=\"text-underline:none\">Curso ABINT Tecnologia dos N&atilde;otecidos<\/span><\/span><\/span><\/b><\/span><\/span> <a href=\"https:\/\/pt.surveymonkey.com\/r\/inscricaocurso\" style=\"color:blue; text-decoration:underline\"><b><span style=\"font-size:14.0pt\">INSCREVA-SE<\/span><\/b><\/a><span class=\"MsoHyperlink\" style=\"color:blue\"><span style=\"text-decoration:underline\"><span style=\"font-size:14.0pt\"><span style=\"text-decoration:none\"><span style=\"text-underline:none\"> <b>para as pr&oacute;ximas turmas!<\/b><\/span><\/span><\/span><\/span><\/span><\/span><\/span><\/span><\/p>\r\n\r\n<p style=\"text-align:justify\">&nbsp;<\/p>\r\n\r\n<p style=\"text-align:justify\"><img height=\"593\" src=\"https:\/\/www.abint.org.br\/assets\/img\/editor\/congresso-internacional-abit-2022_20220927122155L5IA9uStB9.png\" width=\"400\" \/><\/p>\r\n\r\n<p style=\"text-align:justify\"><span class=\"MsoHyperlink\" style=\"color:blue\"><span style=\"text-decoration:underline\"><b><span style=\"font-size:14.0pt\"><span style=\"line-height:115%\"><span style=\"font-family:&quot;Calibri&quot;,sans-serif\"><span style=\"text-decoration:none\"><span style=\"text-underline:none\">A ABINT &eacute; uma das patrocinadoras do Congresso Internacional ABIT 2022<\/span><\/span><\/span><\/span><\/span><\/b><\/span><\/span><span class=\"MsoHyperlink\" style=\"color:blue\"><span style=\"text-decoration:underline\"><span style=\"font-size:14.0pt\"><span style=\"line-height:115%\"><span style=\"font-family:&quot;Calibri&quot;,sans-serif\"><span style=\"text-decoration:none\"><span style=\"text-underline:none\">, evento 100% presencial, que ocorrer&aacute; dias <b>03 e 04 de novembro<\/b>, em Belo Horizonte, MG. <\/span><\/span><\/span><\/span><\/span><\/span><\/span><span style=\"font-size:11.0pt\"><span style=\"line-height:115%\"><span style=\"font-family:&quot;Calibri&quot;,sans-serif\"><a href=\"https:\/\/www.congressoabit.com.br\/\" style=\"color:blue; text-decoration:underline\"><span style=\"font-size:14.0pt\"><span style=\"line-height:115%\">Informa&ccedil;&otilde;es<\/span><\/span><\/a><\/span><\/span><\/span><\/p>\r\n\r\n<p style=\"text-align:justify\">&nbsp;<\/p>\r\n\r\n<p style=\"text-align:justify\"><span style=\"font-size:11.0pt\"><span style=\"line-height:115%\"><span style=\"font-family:&quot;Calibri&quot;,sans-serif\"><span style=\"font-size:14.0pt\"><span style=\"line-height:115%\"><img height=\"260\" src=\"https:\/\/www.abint.org.br\/assets\/img\/editor\/partnerkit-conahp-retangular-cth-abint_202209271222421Sso8cM6Gf.png\" width=\"460\" \/><\/span><\/span><\/span><\/span><\/span><\/p>\r\n\r\n<p style=\"text-align:justify\"><span class=\"MsoHyperlink\" style=\"color:blue\"><span style=\"text-decoration:underline\"><span style=\"font-size:14.0pt\"><span style=\"line-height:115%\"><span style=\"font-family:&quot;Calibri&quot;,sans-serif\"><span style=\"text-decoration:none\"><span style=\"text-underline:none\">O <b>CTH ABINT<\/b> &eacute; patrocinador do <\/span><\/span><\/span><\/span><\/span><\/span><\/span><span class=\"MsoHyperlink\" style=\"color:blue\"><span style=\"text-decoration:underline\"><b><span style=\"font-size:14.0pt\"><span style=\"line-height:115%\"><span style=\"font-family:&quot;Calibri&quot;,sans-serif\"><span style=\"text-decoration:none\"><span style=\"text-underline:none\">CONAHP 2022 - Congresso Nacional de Hospitais Privados<\/span><\/span><\/span><\/span><\/span><\/b><\/span><\/span><span class=\"MsoHyperlink\" style=\"color:blue\"><span style=\"text-decoration:underline\"><span style=\"font-size:14.0pt\"><span style=\"line-height:115%\"><span style=\"font-family:&quot;Calibri&quot;,sans-serif\"><span style=\"text-decoration:none\"><span style=\"text-underline:none\">, evento que ocorrer&aacute; <b>presencialmente nos dias 10 e 11 de novembro, Transam&eacute;rica Expo Center<\/b>, S&atilde;o Paulo, SP. <\/span><\/span><\/span><\/span><\/span><\/span><\/span><span style=\"font-size:11.0pt\"><span style=\"line-height:115%\"><span style=\"font-family:&quot;Calibri&quot;,sans-serif\"><a href=\"https:\/\/conahp.org.br\/2022\/\" style=\"color:blue; text-decoration:underline\"><span style=\"font-size:14.0pt\"><span style=\"line-height:115%\">Informa&ccedil;&otilde;es <\/span><\/span><\/a><\/span><\/span><\/span><\/p>\r\n\r\n<p style=\"text-align:justify\">&nbsp;<\/p>\r\n\r\n<p style=\"text-align:justify\"><span style=\"font-size:11pt\"><span style=\"line-height:normal\"><span style=\"font-family:&quot;Calibri&quot;,sans-serif\"><b><span style=\"font-size:18.0pt\"><span style=\"font-variant:small-caps\">Eventos<\/span><\/span><\/b><\/span><\/span><\/span><\/p>\r\n\r\n<p style=\"text-align:justify\"><span style=\"font-size:11pt\"><span style=\"line-height:normal\"><span style=\"font-family:&quot;Calibri&quot;,sans-serif\"><span class=\"MsoHyperlink\" style=\"color:blue\"><span style=\"text-decoration:underline\"><b><span style=\"font-size:14.0pt\"><span style=\"text-decoration:none\"><span style=\"text-underline:none\">20&ordf;. Rio Oil &amp; Gas: um dos maiores eventos mundiais do setor, com transmiss&atilde;o tamb&eacute;m online. <\/span><\/span><\/span><\/b><\/span><\/span><span class=\"MsoHyperlink\" style=\"color:blue\"><span style=\"text-decoration:underline\"><span style=\"font-size:14.0pt\"><span style=\"text-decoration:none\"><span style=\"text-underline:none\">De 26 a 29 de setembro. <\/span><\/span><\/span><\/span><\/span><a href=\"https:\/\/www.riooilgas.com.br\/\" style=\"color:blue; text-decoration:underline\"><span style=\"font-size:14.0pt\">Informa&ccedil;&otilde;es e inscri&ccedil;&otilde;es<\/span><\/a><\/span><\/span><\/span><\/p>\r\n\r\n<p style=\"text-align:justify\"><span style=\"font-size:11pt\"><span style=\"line-height:normal\"><span style=\"font-family:&quot;Calibri&quot;,sans-serif\"><span class=\"MsoHyperlink\" style=\"color:blue\"><span style=\"text-decoration:underline\"><b><span style=\"font-size:14.0pt\"><span style=\"text-decoration:none\"><span style=\"text-underline:none\">Workshop Abit: Novo PGR NR-01: Aspectos t&eacute;cnicos e pr&aacute;ticos para uma boa gest&atilde;o de Sa&uacute;de e Seguran&ccedil;a no Trabalho<\/span><\/span><\/span><\/b><\/span><\/span><span class=\"MsoHyperlink\" style=\"color:blue\"><span style=\"text-decoration:underline\"><span style=\"font-size:14.0pt\"><span style=\"text-decoration:none\"><span style=\"text-underline:none\">, 29 de setembro, 09h00 &agrave;s 11h00. <\/span><\/span><\/span><\/span><\/span><a href=\"https:\/\/app.rdstation.email\/mail\/d4b5c26d-08bb-4ba6-a4f5-3273a068eb81?utm_campaign=workshop_nr01_-_01092022&amp;utm_medium=email&amp;utm_source=RD+Station\" style=\"color:blue; text-decoration:underline\"><span style=\"font-size:14.0pt\">Informa&ccedil;&otilde;es<\/span><\/a> <\/span><\/span><\/span><\/p>\r\n\r\n<p style=\"text-align:justify\"><span style=\"font-size:11pt\"><span style=\"line-height:normal\"><span style=\"font-family:&quot;Calibri&quot;,sans-serif\"><span class=\"MsoHyperlink\" style=\"color:blue\"><span style=\"text-decoration:underline\"><b><span style=\"font-size:14.0pt\"><span style=\"text-decoration:none\"><span style=\"text-underline:none\">Webinar CCBC: ESG e Compliance fiscal e tribut&aacute;rio<\/span><\/span><\/span><\/b><\/span><\/span><span class=\"MsoHyperlink\" style=\"color:blue\"><span style=\"text-decoration:underline\"><span style=\"font-size:14.0pt\"><span style=\"text-decoration:none\"><span style=\"text-underline:none\">, 30 de setembro, 14h00. <\/span><\/span><\/span><\/span><\/span><a href=\"https:\/\/app.rdstation.email\/mail\/f895b5fd-c4a2-41b3-baf3-a645c6ee8351?utm_campaign=caj_esg_e_compliance_fiscal_e_tributario&amp;utm_medium=email&amp;utm_source=RD+Station\" style=\"color:blue; text-decoration:underline\"><span style=\"font-size:14.0pt\">Informa&ccedil;&otilde;es<\/span><\/a> <\/span><\/span><\/span><\/p>\r\n\r\n<p style=\"text-align:justify\"><span style=\"font-size:11pt\"><span style=\"line-height:normal\"><span style=\"font-family:&quot;Calibri&quot;,sans-serif\"><span class=\"MsoHyperlink\" style=\"color:blue\"><span style=\"text-decoration:underline\"><b><span style=\"font-size:14.0pt\"><span style=\"text-decoration:none\"><span style=\"text-underline:none\">Feira HospitalMed, <\/span><\/span><\/span><\/b><\/span><\/span><span class=\"MsoHyperlink\" style=\"color:blue\"><span style=\"text-decoration:underline\"><span style=\"font-size:14.0pt\"><span style=\"text-decoration:none\"><span style=\"text-underline:none\">19 a 21 de outubro, Centro de Conven&ccedil;&otilde;es de Pernambuco. <\/span><\/span><\/span><\/span><\/span><a href=\"https:\/\/hospitalmed.com.br\/feira\/\" style=\"color:blue; text-decoration:underline\"><span style=\"font-size:14.0pt\">Informa&ccedil;&otilde;es <\/span><\/a><\/span><\/span><\/span><\/p>\r\n\r\n<p style=\"text-align:justify\"><span style=\"font-size:11pt\"><span style=\"line-height:normal\"><span style=\"font-family:&quot;Calibri&quot;,sans-serif\"><span class=\"MsoHyperlink\" style=\"color:blue\"><span style=\"text-decoration:underline\"><b><span style=\"font-size:14.0pt\"><span style=\"text-decoration:none\"><span style=\"text-underline:none\">THE Congress &ndash; NATURALfiberEXTRACTION<\/span><\/span><\/span><\/b><\/span><\/span><span class=\"MsoHyperlink\" style=\"color:blue\"><span style=\"text-decoration:underline\"><span style=\"font-size:14.0pt\"><span style=\"text-decoration:none\"><span style=\"text-underline:none\">, 26 de outubro de 2022, Stuttgart. <\/span><\/span><\/span><\/span><\/span><a href=\"https:\/\/www.afbw.eu\/aktuelles\/veranstaltungen\/details\/the-congress-naturalfiberpulping\/\" style=\"color:blue; text-decoration:underline\"><span style=\"font-size:14.0pt\">Informa&ccedil;&otilde;es<\/span><\/a><span class=\"MsoHyperlink\" style=\"color:blue\"><span style=\"text-decoration:underline\"><span style=\"font-size:14.0pt\"><span style=\"text-decoration:none\"><span style=\"text-underline:none\">.<\/span><\/span><\/span><\/span><\/span><\/span><\/span><\/span><\/p>\r\n\r\n<p style=\"text-align:justify\"><span style=\"font-size:11pt\"><span style=\"line-height:normal\"><span style=\"font-family:&quot;Calibri&quot;,sans-serif\"><span class=\"MsoHyperlink\" style=\"color:blue\"><span style=\"text-decoration:underline\"><b><span style=\"font-size:14.0pt\"><span style=\"text-decoration:none\"><span style=\"text-underline:none\">Innovate: Zero Carbon, Textiles&#39; journey to zero carbon<\/span><\/span><\/span><\/b><\/span><\/span><\/span><\/span><\/span><\/p>\r\n\r\n<p style=\"text-align:justify\"><span style=\"font-size:11pt\"><span style=\"line-height:normal\"><span style=\"font-family:&quot;Calibri&quot;,sans-serif\"><span class=\"MsoHyperlink\" style=\"color:blue\"><span style=\"text-decoration:underline\"><span style=\"font-size:14.0pt\"><span style=\"text-decoration:none\"><span style=\"text-underline:none\">When: 1-3 Nov 2022<\/span><\/span><\/span><\/span><\/span><\/span><\/span><\/span><\/p>\r\n\r\n<p style=\"text-align:justify\"><span style=\"font-size:11pt\"><span style=\"line-height:normal\"><span style=\"font-family:&quot;Calibri&quot;,sans-serif\"><span class=\"MsoHyperlink\" style=\"color:blue\"><span style=\"text-decoration:underline\"><span style=\"font-size:14.0pt\"><span style=\"text-decoration:none\"><span style=\"text-underline:none\">What time: 13:00&ndash;17:00 UTC \/ 9:00&ndash;13:00 EDT<\/span><\/span><\/span><\/span><\/span><\/span><\/span><\/span><\/p>\r\n\r\n<p style=\"text-align:justify\"><span style=\"font-size:11pt\"><span style=\"line-height:normal\"><span style=\"font-family:&quot;Calibri&quot;,sans-serif\"><span class=\"MsoHyperlink\" style=\"color:blue\"><span style=\"text-decoration:underline\"><span style=\"font-size:14.0pt\"><span style=\"text-decoration:none\"><span style=\"text-underline:none\">Where: Virtual, <\/span><\/span><\/span><\/span><\/span><a href=\"https:\/\/events.wtin.com\/event\/f5bac4f2-d902-41ba-9153-a4d80622877c\/summary\" style=\"color:blue; text-decoration:underline\"><span style=\"font-size:14.0pt\">events.wtin.com\/innovate<\/span><\/a><\/span><\/span><\/span><\/p>\r\n\r\n<p class=\"MsoTitle\" style=\"text-align:justify\"><span style=\"font-size:28pt\"><span style=\"font-family:&quot;Cambria&quot;,serif\"><span style=\"letter-spacing:-0.5pt\"><b><span style=\"font-size:18.0pt\"><span style=\"font-family:&quot;Calibri&quot;,sans-serif\"><span style=\"font-variant:small-caps\">Setor<\/span><\/span><\/span><\/b><\/span><\/span><\/span><\/p>\r\n\r\n<p style=\"text-align:justify\"><span style=\"font-size:11pt\"><span style=\"line-height:normal\"><span style=\"font-family:&quot;Calibri&quot;,sans-serif\"><a href=\"https:\/\/medicinasa.com.br\/norma-abnt-aventais\/\" style=\"color:blue; text-decoration:underline\"><span style=\"font-size:14.0pt\">Norma ABNT amplia prote&ccedil;&atilde;o de aventais n&atilde;o cir&uacute;rgicos<\/span><\/a><\/span><\/span><\/span><\/p>\r\n\r\n<p style=\"text-align:justify\"><span style=\"font-size:11pt\"><span style=\"line-height:normal\"><span style=\"font-family:&quot;Calibri&quot;,sans-serif\"><a href=\"https:\/\/www.promoview.com.br\/blog\/redacao\/mice-business\/rio-oil-gas-2022-40-mil-visitantes-boulevard-olimpico.html\" style=\"color:blue; text-decoration:underline\"><span style=\"font-size:14.0pt\">Rio Oil &amp; Gas 2022 receber&aacute; 40 mil visitantes no Boulevard Ol&iacute;mpico<\/span><\/a><\/span><\/span><\/span><\/p>\r\n\r\n<p style=\"text-align:justify\"><span style=\"font-size:11pt\"><span style=\"line-height:normal\"><span style=\"font-family:&quot;Calibri&quot;,sans-serif\"><a href=\"https:\/\/www.capitalreset.com\/braskem-lanca-oxygea-com-us-150-milhoes-para-tornar-plastico-sustentavel\/\" style=\"color:blue; text-decoration:underline\"><span style=\"font-size:14.0pt\">Braskem lan&ccedil;a Oxygea, com US$ 150 milh&otilde;es para tornar pl&aacute;stico sustent&aacute;vel<\/span><\/a><\/span><\/span><\/span><\/p>\r\n\r\n<p style=\"text-align:justify\"><span style=\"font-size:11pt\"><span style=\"line-height:normal\"><span style=\"font-family:&quot;Calibri&quot;,sans-serif\"><a href=\"https:\/\/www.nonwovens-industry.com\/contents\/view_breaking-news\/2022-09-20\/berry-offers-nonwovens-with-recycled-content\/\" style=\"color:blue; text-decoration:underline\"><span style=\"font-size:14.0pt\">Berry offers nonwovens with recycled content<\/span><\/a><\/span><\/span><\/span><\/p>\r\n\r\n<p style=\"text-align:justify\"><span style=\"font-size:11pt\"><span style=\"line-height:normal\"><span style=\"font-family:&quot;Calibri&quot;,sans-serif\"><a href=\"https:\/\/www.segs.com.br\/demais\/358952-5-dicas-para-deixar-a-casa-preparada-para-a-primavera\" style=\"color:blue; text-decoration:underline\"><span style=\"font-size:14.0pt\">Cipatex: 5 dicas para deixar a casa preparada para a primavera<\/span><\/a><\/span><\/span><\/span><\/p>\r\n\r\n<p style=\"text-align:justify\"><span style=\"font-size:11pt\"><span style=\"line-height:normal\"><span style=\"font-family:&quot;Calibri&quot;,sans-serif\"><a href=\"https:\/\/www.jamaicaobserver.com\/business\/lifesavers-strikes-deal-to-expand-product-reach\/\" style=\"color:blue; text-decoration:underline\"><span style=\"font-size:14.0pt\">Fitesa: LifeSavers strikes deal to expand product reach<\/span><\/a><\/span><\/span><\/span><\/p>\r\n\r\n<p style=\"text-align:justify\"><span style=\"font-size:11pt\"><span style=\"line-height:normal\"><span style=\"font-family:&quot;Calibri&quot;,sans-serif\"><a href=\"https:\/\/hydrogen-central.com\/freudenberg-hosts-german-national-hydrogen-council-meeting\/\" style=\"color:blue; text-decoration:underline\"><span style=\"font-size:14.0pt\">Freudenberg Hosts German National Hydrogen Council Meeting<\/span><\/a><\/span><\/span><\/span><\/p>\r\n\r\n<p style=\"text-align:justify\"><span style=\"font-size:11pt\"><span style=\"line-height:normal\"><span style=\"font-family:&quot;Calibri&quot;,sans-serif\"><a href=\"https:\/\/segurancadopaciente.com.br\/seguranca-e-gestao\/implementacao-do-programa-nacional-de-seguranca-do-paciente-promoveu-melhorias-na-cultura-de-seguranca\/?utm_campaign=newsletter_semanal_-_20092022&amp;utm_medium=email&amp;utm_source=RD+Station\" style=\"color:blue; text-decoration:underline\"><span style=\"font-size:14.0pt\">Implementa&ccedil;&atilde;o do Programa Nacional de Seguran&ccedil;a do Paciente promoveu melhorias na Cultura de Seguran&ccedil;a<\/span><\/a><\/span><\/span><\/span><\/p>\r\n\r\n<p style=\"text-align:justify\"><span style=\"font-size:11pt\"><span style=\"line-height:normal\"><span style=\"font-family:&quot;Calibri&quot;,sans-serif\"><a href=\"https:\/\/www.textiletechnology.net\/technology\/news\/stfi-collaboration-with-brazilian-institutions-32894?utm_source=%2Fmeta%2Fnewsletter%2Fnewsletter&amp;utm_medium=newsletter&amp;utm_campaign=nl973&amp;utm_term=0801b20e08c3242125d512808cd74302\" style=\"color:blue; text-decoration:underline\"><span style=\"font-size:14.0pt\">Collaboration with Brazilian institutions<\/span><\/a><\/span><\/span><\/span><\/p>\r\n\r\n<p class=\"MsoTitle\" style=\"text-align:justify\"><span style=\"font-size:28pt\"><span style=\"font-family:&quot;Cambria&quot;,serif\"><span style=\"letter-spacing:-0.5pt\"><b><span style=\"font-size:18.0pt\"><span style=\"font-family:&quot;Calibri&quot;,sans-serif\"><span style=\"font-variant:small-caps\">Ind&uacute;stria<\/span><\/span><\/span><\/b><\/span><\/span><\/span><\/p>\r\n\r\n<p style=\"text-align:justify\"><span style=\"font-size:11pt\"><span style=\"line-height:normal\"><span style=\"font-family:&quot;Calibri&quot;,sans-serif\"><a href=\"https:\/\/noticias.portaldaindustria.com.br\/noticias\/competitividade\/produtividade-na-industria-tem-primeira-alta-desde-o-terceiro-trimestre-de-2020\/\" style=\"color:blue; text-decoration:underline\"><span style=\"font-size:14.0pt\">Produtividade na ind&uacute;stria tem primeira alta desde o terceiro trimestre de 2020<\/span><\/a><\/span><\/span><\/span><\/p>\r\n\r\n<p style=\"text-align:justify\"><span style=\"font-size:11pt\"><span style=\"line-height:normal\"><span style=\"font-family:&quot;Calibri&quot;,sans-serif\"><a href=\"https:\/\/grandesconstrucoes.com.br\/Noticias\/Exibir\/atividade-e-emprego-na-construcao-tem-ritmo-mais-elevado-desde-2011\" style=\"color:blue; text-decoration:underline\"><span style=\"font-size:14.0pt\">Atividade e emprego na constru&ccedil;&atilde;o t&ecirc;m ritmo mais elevado desde 2011<\/span><\/a><\/span><\/span><\/span><\/p>\r\n\r\n<p style=\"text-align:justify\"><span style=\"font-size:11pt\"><span style=\"line-height:normal\"><span style=\"font-family:&quot;Calibri&quot;,sans-serif\"><a href=\"https:\/\/noticias.portaldaindustria.com.br\/noticias\/economia\/confianca-da-industria-sobe-em-27-dos-29-setores-analisados-em-setembro-mostra-cni\/\" style=\"color:blue; text-decoration:underline\"><span style=\"font-size:14.0pt\">Confian&ccedil;a da ind&uacute;stria sobe em 27 dos 29 setores analisados em setembro, mostra CNI<\/span><\/a><\/span><\/span><\/span><\/p>\r\n\r\n<p style=\"text-align:justify\"><span style=\"font-size:11pt\"><span style=\"line-height:normal\"><span style=\"font-family:&quot;Calibri&quot;,sans-serif\"><span class=\"MsoHyperlink\" style=\"color:blue\"><span style=\"text-decoration:underline\"><span style=\"font-size:14.0pt\"><span style=\"text-decoration:none\"><span style=\"text-underline:none\"><a href=\"https:\/\/portalibre.fgv.br\/noticias\/confianca-da-construcao-sobe-35-pontos-em-setembro\" style=\"color:blue; text-decoration:underline\">Confian&ccedil;a da Constru&ccedil;&atilde;o sobe 3,5 pontos em setembro<\/a><\/span><\/span><\/span><\/span><\/span><\/span><\/span><\/span><\/p>\r\n\r\n<p style=\"text-align:justify\"><span style=\"font-size:11pt\"><span style=\"line-height:normal\"><span style=\"font-family:&quot;Calibri&quot;,sans-serif\"><a href=\"https:\/\/garagem360.com.br\/com-retorno-do-aumento-das-vendas-de-carros-novos-o-que-esperar-do-futuro-automotivo\/\" style=\"color:blue; text-decoration:underline\"><span style=\"font-size:14.0pt\">Com o retorno do aumento de vendas de carros novos, o que esperar do futuro automotivo?<\/span><\/a><\/span><\/span><\/span><\/p>\r\n\r\n<p style=\"text-align:justify\"><span style=\"font-size:11pt\"><span style=\"line-height:normal\"><span style=\"font-family:&quot;Calibri&quot;,sans-serif\"><a href=\"https:\/\/www.vdibrasil.com\/como-os-diretores-financeiros-estao-se-preparando-para-a-diversificacao-do-supply-chain\/?utm_campaign=news_geral_-_922&amp;utm_medium=email&amp;utm_source=RD+Station\" style=\"color:blue; text-decoration:underline\"><span style=\"font-size:14.0pt\">Como os diretores financeiros est&atilde;o se preparando para a diversifica&ccedil;&atilde;o do supply chain?<\/span><\/a><\/span><\/span><\/span><\/p>\r\n\r\n<p class=\"MsoTitle\" style=\"text-align:justify\"><span style=\"font-size:28pt\"><span style=\"font-family:&quot;Cambria&quot;,serif\"><span style=\"letter-spacing:-0.5pt\"><b><span style=\"font-size:18.0pt\"><span style=\"font-family:&quot;Calibri&quot;,sans-serif\"><span style=\"font-variant:small-caps\">Sustentabilidade<\/span><\/span><\/span><\/b><\/span><\/span><\/span><\/p>\r\n\r\n<p style=\"text-align:justify\"><span style=\"font-size:11pt\"><span style=\"line-height:normal\"><span style=\"font-family:&quot;Calibri&quot;,sans-serif\"><a href=\"https:\/\/exame.com\/esg\/economia-circular-empresas-e-academia-se-unem-em-novo-movimento-do-pacto-global-da-onu-no-brasil\/\" style=\"color:blue; text-decoration:underline\"><span style=\"font-size:14.0pt\">Economia circular: empresas e academia se unem em novo movimento do Pacto Global da ONU no Brasil<\/span><\/a><\/span><\/span><\/span><\/p>\r\n\r\n<p style=\"text-align:justify\"><span style=\"font-size:11pt\"><span style=\"line-height:normal\"><span style=\"font-family:&quot;Calibri&quot;,sans-serif\"><a href=\"https:\/\/www.gov.br\/economia\/pt-br\/assuntos\/noticias\/2022\/setembro\/ministerio-da-economia-apoia-municipios-na-adocao-do-novo-marco-legal-do-saneamento-basico\" style=\"color:blue; text-decoration:underline\"><span style=\"font-size:14.0pt\">Minist&eacute;rio da Economia apoia munic&iacute;pios na ado&ccedil;&atilde;o do Novo Marco Legal do Saneamento B&aacute;sico<\/span><\/a><\/span><\/span><\/span><\/p>\r\n\r\n<p style=\"text-align:justify\"><span style=\"font-size:11pt\"><span style=\"line-height:normal\"><span style=\"font-family:&quot;Calibri&quot;,sans-serif\"><a href=\"https:\/\/grandesconstrucoes.com.br\/Noticias\/Exibir\/marco-do-saneamento-ja-comeca-a-destravar-investimentos\" style=\"color:blue; text-decoration:underline\"><span style=\"font-size:14.0pt\">Marco do saneamento j&aacute; come&ccedil;a a destravar investimentos<\/span><\/a><\/span><\/span><\/span><\/p>\r\n\r\n<p style=\"text-align:justify\"><span style=\"font-size:11pt\"><span style=\"line-height:normal\"><span style=\"font-family:&quot;Calibri&quot;,sans-serif\"><span class=\"MsoHyperlink\" style=\"color:blue\"><span style=\"text-decoration:underline\"><span style=\"font-size:14.0pt\"><span style=\"text-decoration:none\"><span style=\"text-underline:none\"><a href=\"https:\/\/www.textiletechnology.net\/fibers\/trendreports\/ita-sustainability-in-the-field-of-man-made-fibers-32897?utm_source=%2Fmeta%2Fnewsletter%2Fnewsletter&amp;utm_medium=newsletter&amp;utm_campaign=nl974&amp;utm_term=0801b20e08c3242125d512808cd74302\" style=\"color:blue; text-decoration:underline\">ITA: Sustainability in the field of man-made fibers<\/a><\/span><\/span><\/span><\/span><\/span><\/span><\/span><\/span><\/p>\r\n\r\n<p style=\"text-align:justify\"><span style=\"font-size:11pt\"><span style=\"line-height:normal\"><span style=\"font-family:&quot;Calibri&quot;,sans-serif\"><a href=\"https:\/\/plasticosemrevista.com.br\/eua-oposicao-publica-a-novas-plantas-na-petroquimica-e-reciclagem\/\" style=\"color:blue; text-decoration:underline\"><span style=\"font-size:14.0pt\">EUA: oposi&ccedil;&atilde;o p&uacute;blica a novas plantas na petroqu&iacute;mica e reciclagem<\/span><\/a><\/span><\/span><\/span><\/p>\r\n\r\n<p style=\"text-align:justify\"><span style=\"font-size:11pt\"><span style=\"line-height:normal\"><span style=\"font-family:&quot;Calibri&quot;,sans-serif\"><a href=\"https:\/\/www.gov.br\/mcti\/pt-br\/acompanhe-o-mcti\/noticias\/2022\/09\/em-1a-reuniao-da-rede-oceano-sem-plastico-mcti-apresenta-estrategia-para-ciencia-oceanica-e-debate-integracao-de-iniciativas-de-pesquisa\" style=\"color:blue; text-decoration:underline\"><span style=\"font-size:14.0pt\">Em 1&ordf; reuni&atilde;o da Rede Oceano sem Pl&aacute;stico, MCTI apresenta estrat&eacute;gia para ci&ecirc;ncia oce&acirc;nica e debate integra&ccedil;&atilde;o de iniciativas de pesquisa<\/span><\/a><\/span><\/span><\/span><\/p>\r\n\r\n<p style=\"text-align:justify\"><span style=\"font-size:11pt\"><span style=\"line-height:normal\"><span style=\"font-family:&quot;Calibri&quot;,sans-serif\"><a href=\"https:\/\/www.portugaltextil.com\/argumentos-para-a-sustentabilidade\/?utm_term=Portugal+Textil+a%3F%3F%3F%3F+21.09.2022&amp;utm_campaign=Portugal+Textil+FInal&amp;utm_source=e-goi&amp;utm_medium=email\" style=\"color:blue; text-decoration:underline\"><span style=\"font-size:14.0pt\">Argumentos para a sustentabilidade<\/span><\/a><\/span><\/span><\/span><\/p>\r\n\r\n<p class=\"MsoTitle\" style=\"text-align:justify\"><span style=\"font-size:28pt\"><span style=\"font-family:&quot;Cambria&quot;,serif\"><span style=\"letter-spacing:-0.5pt\"><b><span style=\"font-size:18.0pt\"><span style=\"font-family:&quot;Calibri&quot;,sans-serif\"><span style=\"font-variant:small-caps\">Inova&ccedil;&atilde;o<\/span><\/span><\/span><\/b><\/span><\/span><\/span><\/p>\r\n\r\n<p style=\"text-align:justify\"><span style=\"font-size:11pt\"><span style=\"line-height:normal\"><span style=\"font-family:&quot;Calibri&quot;,sans-serif\"><a href=\"https:\/\/noticias.portaldaindustria.com.br\/noticias\/inovacao-e-tecnologia\/investimento-em-inovacao-e-essencial-em-meio-a-reestruturacao-das-cadeias-globais\/\" style=\"color:blue; text-decoration:underline\"><span style=\"font-size:14.0pt\">Investimento em inova&ccedil;&atilde;o &eacute; essencial em meio &agrave; reestrutura&ccedil;&atilde;o de cadeias globais<\/span><\/a><\/span><\/span><\/span><\/p>\r\n\r\n<p style=\"text-align:justify\"><span style=\"font-size:11pt\"><span style=\"line-height:normal\"><span style=\"font-family:&quot;Calibri&quot;,sans-serif\"><a href=\"https:\/\/www.technicaltextile.net\/news\/indian-govt-clears-23-technical-textile-research-projects-under-nttm-283135.html\" style=\"color:blue; text-decoration:underline\"><span style=\"font-size:14.0pt\">Indian govt clears 23 technical textile research projects under NTTM<\/span><\/a><\/span><\/span><\/span><\/p>\r\n\r\n<p style=\"text-align:justify\"><span style=\"font-size:11pt\"><span style=\"line-height:normal\"><span style=\"font-family:&quot;Calibri&quot;,sans-serif\"><a href=\"https:\/\/www.portugaltextil.com\/materiais-revolucionarios\/?utm_term=Portugal+Textil+a%3F%3F%3F%3F+22.09.2022&amp;utm_campaign=Portugal+Textil+FInal&amp;utm_source=e-goi&amp;utm_medium=email\" style=\"color:blue; text-decoration:underline\"><span style=\"font-size:14.0pt\">Materiais revolucion&aacute;rios<\/span><\/a><\/span><\/span><\/span><\/p>\r\n\r\n<p style=\"text-align:justify\"><span style=\"font-size:11pt\"><span style=\"line-height:normal\"><span style=\"font-family:&quot;Calibri&quot;,sans-serif\"><a href=\"https:\/\/ciclovivo.com.br\/inovacao\/negocios\/marca-reaproveita-redes-de-pesca-para-fabricar-pufes\/\" style=\"color:blue; text-decoration:underline\"><span style=\"font-size:14.0pt\">Marca reaproveita redes de pesca para fabricar pufes<\/span><\/a><\/span><\/span><\/span><\/p>\r\n\r\n<p style=\"text-align:justify\"><span style=\"font-size:11pt\"><span style=\"line-height:normal\"><span style=\"font-family:&quot;Calibri&quot;,sans-serif\"><a href=\"https:\/\/www.portugaltextil.com\/consorcio-estuda-stress-em-militares\/?utm_term=Portugal+Textil+a%3F%3F%3F%3F+23.09.2022&amp;utm_campaign=Portugal+Textil+FInal&amp;utm_source=e-goi&amp;utm_medium=email\" style=\"color:blue; text-decoration:underline\"><span style=\"font-size:14.0pt\">Cons&oacute;rcio estuda stress em militares<\/span><\/a><\/span><\/span><\/span><\/p>\r\n\r\n<p style=\"text-align:justify\"><span style=\"font-size:11pt\"><span style=\"line-height:normal\"><span style=\"font-family:&quot;Calibri&quot;,sans-serif\"><span class=\"MsoHyperlink\" style=\"color:blue\"><span style=\"text-decoration:underline\"><span style=\"font-size:14.0pt\"><span style=\"text-decoration:none\"><span style=\"text-underline:none\"><a href=\"http:\/\/textileindustry.ning.com\/forum\/topics\/as-novas-tecnologias-baseadas-em-tecidos-e-a-evolu-o-dos-rob-s\" style=\"color:blue; text-decoration:underline\">As novas tecnologias baseadas em tecidos e a evolu&ccedil;&atilde;o dos &quot;rob&ocirc;s macios&quot;<\/a><\/span><\/span><\/span><\/span><\/span><\/span><\/span><\/span><\/p>\r\n\r\n<p class=\"MsoTitle\" style=\"text-align:justify\"><span style=\"font-size:28pt\"><span style=\"font-family:&quot;Cambria&quot;,serif\"><span style=\"letter-spacing:-0.5pt\"><b><span style=\"font-size:18.0pt\"><span style=\"font-family:&quot;Calibri&quot;,sans-serif\"><span style=\"font-variant:small-caps\">Com&eacute;rcio Exterior<\/span><\/span><\/span><\/b><\/span><\/span><\/span><\/p>\r\n\r\n<p style=\"text-align:justify\"><span style=\"font-size:11pt\"><span style=\"line-height:normal\"><span style=\"font-family:&quot;Calibri&quot;,sans-serif\"><a href=\"https:\/\/www.comexdobrasil.com\/facilitacao-comercial-brasil-e-estados-unidos-firmam-acordo-de-reconhecimento-mutuo-entre-aduanas\/\" style=\"color:blue; text-decoration:underline\"><span style=\"font-size:14.0pt\">Facilita&ccedil;&atilde;o comercial: Brasil e Estados Unidos firmam Acordo de Reconhecimento M&uacute;tuo entre aduanas<\/span><\/a><\/span><\/span><\/span><\/p>\r\n\r\n<p style=\"text-align:justify\"><span style=\"font-size:11pt\"><span style=\"line-height:normal\"><span style=\"font-family:&quot;Calibri&quot;,sans-serif\"><a href=\"http:\/\/abimovel.com\/franca-foi-o-terceiro-maior-destino-das-exportacoes-brasileiras-de-moveis-e-colchoes-em-julho\/?utm_campaign=franca_foi_o_terceiro_maior_destino_das_exportacoes_brasileiras_de_moveis_e_colchoes_em_julho&amp;utm_medium=email&amp;utm_source=RD+Station\" style=\"color:blue; text-decoration:underline\"><span style=\"font-size:14.0pt\">Fran&ccedil;a foi o terceiro maior destino das exporta&ccedil;&otilde;es brasileiras de m&oacute;veis e colch&otilde;es em julho<\/span><\/a><\/span><\/span><\/span><\/p>\r\n\r\n<p style=\"text-align:justify\"><span style=\"font-size:11pt\"><span style=\"line-height:normal\"><span style=\"font-family:&quot;Calibri&quot;,sans-serif\"><span class=\"MsoHyperlink\" style=\"color:blue\"><span style=\"text-decoration:underline\"><span style=\"font-size:14.0pt\"><span style=\"text-decoration:none\"><span style=\"text-underline:none\"><a href=\"https:\/\/www.comexdobrasil.com\/superavit-comercial-registra-queda-de-141-ate-a-quarta-semana-de-setembro-de-acordo-com-dados-da-secex\/\" style=\"color:blue; text-decoration:underline\">Superavit comercial registra queda de 14,1% at&eacute; a quarta semana de setembro de acordo com dados da SECEX<\/a><\/span><\/span><\/span><\/span><\/span><\/span><\/span><\/span><\/p>\r\n\r\n<p style=\"text-align:justify\"><span style=\"font-size:11pt\"><span style=\"line-height:normal\"><span style=\"font-family:&quot;Calibri&quot;,sans-serif\"><span class=\"MsoHyperlink\" style=\"color:blue\"><span style=\"text-decoration:underline\"><span style=\"font-size:14.0pt\"><span style=\"text-decoration:none\"><span style=\"text-underline:none\"><a href=\"https:\/\/www.comexdobrasil.com\/contas-externas-tem-saldo-negativo-de-us-41-bilhoes-em-julho-e-investimentos-diretos-somam-us-77-bilhoes-no-mes\/\" style=\"color:blue; text-decoration:underline\">Contas externas t&ecirc;m saldo negativo de US$ 4,1 bilh&otilde;es em julho e Investimentos Diretos somam US$ 7,7 bilh&otilde;es no m&ecirc;s<\/a><\/span><\/span><\/span><\/span><\/span><\/span><\/span><\/span><\/p>\r\n\r\n<p style=\"text-align:justify\"><span style=\"font-size:11pt\"><span style=\"line-height:normal\"><span style=\"font-family:&quot;Calibri&quot;,sans-serif\"><a href=\"https:\/\/www.fibre2fashion.com\/news\/textile-news\/european-textile-exports-slide-due-to-energy-crisis-amid-ukraine-war-283186-newsdetails.htm\" style=\"color:blue; text-decoration:underline\"><span style=\"font-size:14.0pt\">European textile exports slide due to energy crisis amid Ukraine war<\/span><\/a><\/span><\/span><\/span><\/p>\r\n\r\n<p class=\"MsoTitle\" style=\"text-align:justify\"><span style=\"font-size:28pt\"><span style=\"font-family:&quot;Cambria&quot;,serif\"><span style=\"letter-spacing:-0.5pt\"><b><span style=\"font-size:18.0pt\"><span style=\"font-family:&quot;Calibri&quot;,sans-serif\"><span style=\"font-variant:small-caps\">Economia<\/span><\/span><\/span><\/b><\/span><\/span><\/span><\/p>\r\n\r\n<p style=\"text-align:justify\"><span style=\"font-size:11pt\"><span style=\"line-height:normal\"><span style=\"font-family:&quot;Calibri&quot;,sans-serif\"><a href=\"https:\/\/www.bcb.gov.br\/content\/focus\/focus\/R20220909.pdf\" style=\"color:blue; text-decoration:underline\"><span style=\"font-size:14.0pt\">Focus: Relat&oacute;rio de Mercado<\/span><\/a><\/span><\/span><\/span><\/p>\r\n\r\n<p style=\"text-align:justify\"><span style=\"font-size:11pt\"><span style=\"line-height:normal\"><span style=\"font-family:&quot;Calibri&quot;,sans-serif\"><a href=\"https:\/\/portalibre.fgv.br\/sites\/default\/files\/2022-09\/monitor-do-pib-fgv-setembro-de-2022-ref.-de-julho.pdf\" style=\"color:blue; text-decoration:underline\"><span style=\"font-size:14.0pt\">Monitor do PIB-FGV aponta crescimento de 0,6% na atividade econ&ocirc;mica em julho na compara&ccedil;&atilde;o com junho<\/span><\/a><\/span><\/span><\/span><\/p>\r\n\r\n<p style=\"text-align:justify\"><span style=\"font-size:11pt\"><span style=\"line-height:normal\"><span style=\"font-family:&quot;Calibri&quot;,sans-serif\"><a href=\"https:\/\/blogdoibre.fgv.br\/posts\/o-custo-da-desinflacao\" style=\"color:blue; text-decoration:underline\"><span style=\"font-size:14.0pt\">O custo da desinfla&ccedil;&atilde;o<\/span><\/a><\/span><\/span><\/span><\/p>\r\n\r\n<p style=\"text-align:justify\"><span style=\"font-size:11pt\"><span style=\"line-height:normal\"><span style=\"font-family:&quot;Calibri&quot;,sans-serif\"><a href=\"https:\/\/www.businessinsider.com\/recession-odds-layoffs-federal-reserve-jerome-powell-economic-pain-outlook-2022-9?nr_email_referer=1&amp;utm_source=Sailthru&amp;utm_medium=email&amp;utm_content=Business_Insider_select&amp;pt=385758&amp;ct=Sailthru_BI_Newsletters&amp;mt=8&amp;utm_campaign=Business%20Insider%20-%20Algorithm%20Test%202022-09-22&amp;utm_term=INSIDER%20SELECT%20-%20ENGAGED%2C%20ACTIVE%2C%20PASSIVE%2C%20DISENGAGED%2C%20NEW\" style=\"color:blue; text-decoration:underline\"><span style=\"font-size:14.0pt\">There&rsquo;s a &lsquo;very high likelihood&rsquo; of a growth recession as the Fed&rsquo;s inflation fight ramps up, Powell says. It means the end of the Great Resignation and fewer raises at work<\/span><\/a><\/span><\/span><\/span><\/p>\r\n\r\n<p style=\"text-align:justify\"><span style=\"font-size:11pt\"><span style=\"line-height:normal\"><span style=\"font-family:&quot;Calibri&quot;,sans-serif\"><a href=\"https:\/\/markets.businessinsider.com\/news\/commodities\/european-energy-crisis-russia-putin-natural-gas-pipelines-deutsche-bank-2022-9\" style=\"color:blue; text-decoration:underline\"><span style=\"font-size:14.0pt\">Russia&#39;s ramped-up gas squeeze means an even deeper recession for Europe &mdash; and a sharp winter will pile on the pain, Deutsche Bank warns<\/span><\/a><\/span><\/span><\/span><\/p>\r\n","texto_en":"","7":"","imagem":"COMP_banner-padrao-home-destaques-boletim_20220927122500pxvAmM7ZPb.jpg","8":"COMP_banner-padrao-home-destaques-boletim_20220927122500pxvAmM7ZPb.jpg","arquivo":"20220927-NOTICIAS-SEMANAIS.PDF","9":"20220927-NOTICIAS-SEMANAIS.PDF","titulo_arquivo":"","10":"","titulo_arquivo_en":"","11":"","created_at":"2022-09-27 12:25:09","12":"2022-09-27 12:25:09","updated_at":"2022-09-27 12:25:09","13":"2022-09-27 12:25:09"},{"id":35,"0":35,"ordem":188,"1":188,"data":"2022-09-20","2":"2022-09-20","slug":"boletim-de-noticias-semanais-32","3":"boletim-de-noticias-semanais-32","titulo":"Boletim de Not\u00edcias Semanais","4":"Boletim de Not\u00edcias Semanais","titulo_en":"","5":"","texto":"<p style=\"text-align:justify\"><span style=\"font-size:11pt\"><span style=\"line-height:normal\"><span style=\"font-family:&quot;Calibri&quot;,sans-serif\"><span style=\"font-size:14.0pt\">Esta &eacute; uma compila&ccedil;&atilde;o das not&iacute;cias mais relevantes para o setor, incluindo informa&ccedil;&otilde;es sobre acordos internacionais, economia brasileira, sustentabilidade e mat&eacute;rias primas, al&eacute;m de novidades do setor de N&atilde;otecidos e Tecidos T&eacute;cnicos.<\/span><\/span><\/span><\/span><\/p>\r\n\r\n<p class=\"MsoTitle\" style=\"text-align:justify\"><span style=\"font-size:28pt\"><span style=\"font-family:&quot;Cambria&quot;,serif\"><span style=\"letter-spacing:-0.5pt\"><b><span style=\"font-size:18.0pt\"><span style=\"font-family:&quot;Calibri&quot;,sans-serif\"><span style=\"font-variant:small-caps\">A&ccedil;&otilde;es da ABINT<\/span><\/span><\/span><\/b><\/span><\/span><\/span><\/p>\r\n\r\n<p style=\"text-align:justify\"><span style=\"font-size:11pt\"><span style=\"line-height:normal\"><span style=\"font-family:&quot;Calibri&quot;,sans-serif\"><span class=\"MsoHyperlink\" style=\"color:blue\"><span style=\"text-decoration:underline\"><b><span style=\"font-size:14.0pt\"><span style=\"text-decoration:none\"><span style=\"text-underline:none\">Curso ABINT Tecnologia dos N&atilde;otecidos<\/span><\/span><\/span><\/b><\/span><\/span> <a href=\"https:\/\/pt.surveymonkey.com\/r\/inscricaocurso\" style=\"color:blue; text-decoration:underline\"><b><span style=\"font-size:14.0pt\">INSCREVA-SE<\/span><\/b><\/a><span class=\"MsoHyperlink\" style=\"color:blue\"><span style=\"text-decoration:underline\"><span style=\"font-size:14.0pt\"><span style=\"text-decoration:none\"><span style=\"text-underline:none\"> <b>para as pr&oacute;ximas turmas!<\/b><\/span><\/span><\/span><\/span><\/span><\/span><\/span><\/span><\/p>\r\n\r\n<p style=\"text-align:justify\">&nbsp;<\/p>\r\n\r\n<p style=\"text-align:justify\"><img height=\"665\" src=\"https:\/\/www.abint.org.br\/assets\/img\/editor\/congresso-internacional-abit-2022_20220920114123YOnM7utcuj.png\" width=\"448\" \/><\/p>\r\n\r\n<p style=\"text-align:justify\"><span class=\"MsoHyperlink\" style=\"color:blue\"><span style=\"text-decoration:underline\"><b><span style=\"font-size:14.0pt\"><span style=\"line-height:115%\"><span style=\"font-family:&quot;Calibri&quot;,sans-serif\"><span style=\"text-decoration:none\"><span style=\"text-underline:none\">A ABINT &eacute; uma das patrocinadoras do Congresso Internacional ABIT 2022<\/span><\/span><\/span><\/span><\/span><\/b><\/span><\/span><span class=\"MsoHyperlink\" style=\"color:blue\"><span style=\"text-decoration:underline\"><span style=\"font-size:14.0pt\"><span style=\"line-height:115%\"><span style=\"font-family:&quot;Calibri&quot;,sans-serif\"><span style=\"text-decoration:none\"><span style=\"text-underline:none\">, evento 100% presencial, que ocorrer&aacute; dias <b>03 e 04 de novembro<\/b>, em Belo Horizonte, MG. <\/span><\/span><\/span><\/span><\/span><\/span><\/span><span style=\"font-size:11.0pt\"><span style=\"line-height:115%\"><span style=\"font-family:&quot;Calibri&quot;,sans-serif\"><a href=\"https:\/\/www.congressoabit.com.br\/\" style=\"color:blue; text-decoration:underline\"><span style=\"font-size:14.0pt\"><span style=\"line-height:115%\">Informa&ccedil;&otilde;es<\/span><\/span><\/a><\/span><\/span><\/span><\/p>\r\n\r\n<p style=\"text-align:justify\">&nbsp;<\/p>\r\n\r\n<p style=\"text-align:justify\"><span style=\"font-size:11.0pt\"><span style=\"line-height:115%\"><span style=\"font-family:&quot;Calibri&quot;,sans-serif\"><span style=\"font-size:14.0pt\"><span style=\"line-height:115%\"><img height=\"327\" src=\"https:\/\/www.abint.org.br\/assets\/img\/editor\/partnerkit-conahp-retangular-cth-abint_20220920114205CMd4YLMJF8.png\" width=\"579\" \/><\/span><\/span><\/span><\/span><\/span><\/p>\r\n\r\n<p style=\"text-align:justify\"><span class=\"MsoHyperlink\" style=\"color:blue\"><span style=\"text-decoration:underline\"><span style=\"font-size:14.0pt\"><span style=\"line-height:115%\"><span style=\"font-family:&quot;Calibri&quot;,sans-serif\"><span style=\"text-decoration:none\"><span style=\"text-underline:none\">O <b>CTH ABINT<\/b> &eacute; patrocinador do <\/span><\/span><\/span><\/span><\/span><\/span><\/span><span class=\"MsoHyperlink\" style=\"color:blue\"><span style=\"text-decoration:underline\"><b><span style=\"font-size:14.0pt\"><span style=\"line-height:115%\"><span style=\"font-family:&quot;Calibri&quot;,sans-serif\"><span style=\"text-decoration:none\"><span style=\"text-underline:none\">CONAHP 2022 - Congresso Nacional de Hospitais Privados<\/span><\/span><\/span><\/span><\/span><\/b><\/span><\/span><span class=\"MsoHyperlink\" style=\"color:blue\"><span style=\"text-decoration:underline\"><span style=\"font-size:14.0pt\"><span style=\"line-height:115%\"><span style=\"font-family:&quot;Calibri&quot;,sans-serif\"><span style=\"text-decoration:none\"><span style=\"text-underline:none\">, evento que ocorrer&aacute; <b>presencialmente nos dias 10 e 11 de novembro, Transam&eacute;rica Expo Center<\/b>, S&atilde;o Paulo, SP. <\/span><\/span><\/span><\/span><\/span><\/span><\/span><span style=\"font-size:11.0pt\"><span style=\"line-height:115%\"><span style=\"font-family:&quot;Calibri&quot;,sans-serif\"><a href=\"https:\/\/conahp.org.br\/2022\/\" style=\"color:blue; text-decoration:underline\"><span style=\"font-size:14.0pt\"><span style=\"line-height:115%\">Informa&ccedil;&otilde;es <\/span><\/span><\/a><\/span><\/span><\/span><\/p>\r\n\r\n<p style=\"text-align:justify\">&nbsp;<\/p>\r\n\r\n<p style=\"text-align:justify\"><span style=\"font-size:11pt\"><span style=\"line-height:normal\"><span style=\"font-family:&quot;Calibri&quot;,sans-serif\"><b><span style=\"font-size:18.0pt\"><span style=\"font-variant:small-caps\">Eventos<\/span><\/span><\/b><\/span><\/span><\/span><\/p>\r\n\r\n<p style=\"text-align:justify\"><span style=\"font-size:11pt\"><span style=\"line-height:normal\"><span style=\"font-family:&quot;Calibri&quot;,sans-serif\"><span class=\"MsoHyperlink\" style=\"color:blue\"><span style=\"text-decoration:underline\"><b><span style=\"font-size:14.0pt\"><span style=\"text-decoration:none\"><span style=\"text-underline:none\">Euromonitor Webinar: The New Era of Consumerism<\/span><\/span><\/span><\/b><\/span><\/span><span class=\"MsoHyperlink\" style=\"color:blue\"><span style=\"text-decoration:underline\"><span style=\"font-size:14.0pt\"><span style=\"text-decoration:none\"><span style=\"text-underline:none\">, 20 de setembro, 11h00. <\/span><\/span><\/span><\/span><\/span><a href=\"https:\/\/go.euromonitor.com\/index.php\/email\/emailWebview?md_id=120703\" style=\"color:blue; text-decoration:underline\"><span style=\"font-size:14.0pt\">Informa&ccedil;&otilde;es<\/span><\/a> <\/span><\/span><\/span><\/p>\r\n\r\n<p style=\"text-align:justify\"><span style=\"font-size:11pt\"><span style=\"line-height:normal\"><span style=\"font-family:&quot;Calibri&quot;,sans-serif\"><span class=\"MsoHyperlink\" style=\"color:blue\"><span style=\"text-decoration:underline\"><b><span style=\"font-size:14.0pt\"><span style=\"text-decoration:none\"><span style=\"text-underline:none\">Senai Cetiqt: Inova&ccedil;&atilde;o Aberta Brasil e Alemanha para a Ind&uacute;stria T&ecirc;xtil<\/span><\/span><\/span><\/b><\/span><\/span><span class=\"MsoHyperlink\" style=\"color:blue\"><span style=\"text-decoration:underline\"><span style=\"font-size:14.0pt\"><span style=\"text-decoration:none\"><span style=\"text-underline:none\">, 21 de setembro. <\/span><\/span><\/span><\/span><\/span><a href=\"https:\/\/app.rdstation.email\/mail\/23d068fa-557c-4849-877a-ff7076f4ad9a?utm_campaign=senai_cetiqt__convite_stfi&amp;utm_medium=email&amp;utm_source=RD+Station\" style=\"color:blue; text-decoration:underline\"><span style=\"font-size:14.0pt\">Informa&ccedil;&otilde;es<\/span><\/a><\/span><\/span><\/span><\/p>\r\n\r\n<p style=\"text-align:justify\"><span style=\"font-size:11pt\"><span style=\"line-height:normal\"><span style=\"font-family:&quot;Calibri&quot;,sans-serif\"><span class=\"MsoHyperlink\" style=\"color:blue\"><span style=\"text-decoration:underline\"><b><span style=\"font-size:14.0pt\"><span style=\"text-decoration:none\"><span style=\"text-underline:none\">Workshop Abit: Novo PGR NR-01: Aspectos t&eacute;cnicos e pr&aacute;ticos para uma boa gest&atilde;o de Sa&uacute;de e Seguran&ccedil;a no Trabalho<\/span><\/span><\/span><\/b><\/span><\/span><span class=\"MsoHyperlink\" style=\"color:blue\"><span style=\"text-decoration:underline\"><span style=\"font-size:14.0pt\"><span style=\"text-decoration:none\"><span style=\"text-underline:none\">, 29 de setembro, 09h00 &agrave;s 11h00. <\/span><\/span><\/span><\/span><\/span><a href=\"https:\/\/app.rdstation.email\/mail\/d4b5c26d-08bb-4ba6-a4f5-3273a068eb81?utm_campaign=workshop_nr01_-_01092022&amp;utm_medium=email&amp;utm_source=RD+Station\" style=\"color:blue; text-decoration:underline\"><span style=\"font-size:14.0pt\">Informa&ccedil;&otilde;es<\/span><\/a> <\/span><\/span><\/span><\/p>\r\n\r\n<p style=\"text-align:justify\"><span style=\"font-size:11pt\"><span style=\"line-height:normal\"><span style=\"font-family:&quot;Calibri&quot;,sans-serif\"><span class=\"MsoHyperlink\" style=\"color:blue\"><span style=\"text-decoration:underline\"><b><span style=\"font-size:14.0pt\"><span style=\"text-decoration:none\"><span style=\"text-underline:none\">Webinar CCBC: ESG e Compliance fiscal e tribut&aacute;rio<\/span><\/span><\/span><\/b><\/span><\/span><span class=\"MsoHyperlink\" style=\"color:blue\"><span style=\"text-decoration:underline\"><span style=\"font-size:14.0pt\"><span style=\"text-decoration:none\"><span style=\"text-underline:none\">, 30 de setembro, 14h00. <\/span><\/span><\/span><\/span><\/span><a href=\"https:\/\/app.rdstation.email\/mail\/f895b5fd-c4a2-41b3-baf3-a645c6ee8351?utm_campaign=caj_esg_e_compliance_fiscal_e_tributario&amp;utm_medium=email&amp;utm_source=RD+Station\" style=\"color:blue; text-decoration:underline\"><span style=\"font-size:14.0pt\">Informa&ccedil;&otilde;es<\/span><\/a> <\/span><\/span><\/span><\/p>\r\n\r\n<p style=\"text-align:justify\"><span style=\"font-size:11pt\"><span style=\"line-height:normal\"><span style=\"font-family:&quot;Calibri&quot;,sans-serif\"><span class=\"MsoHyperlink\" style=\"color:blue\"><span style=\"text-decoration:underline\"><b><span style=\"font-size:14.0pt\"><span style=\"text-decoration:none\"><span style=\"text-underline:none\">Feira HospitalMed, <\/span><\/span><\/span><\/b><\/span><\/span><span class=\"MsoHyperlink\" style=\"color:blue\"><span style=\"text-decoration:underline\"><span style=\"font-size:14.0pt\"><span style=\"text-decoration:none\"><span style=\"text-underline:none\">19 a 21 de outubro, Centro de Conven&ccedil;&otilde;es de Pernambuco. <\/span><\/span><\/span><\/span><\/span><a href=\"https:\/\/hospitalmed.com.br\/feira\/\" style=\"color:blue; text-decoration:underline\"><span style=\"font-size:14.0pt\">Informa&ccedil;&otilde;es <\/span><\/a><\/span><\/span><\/span><\/p>\r\n\r\n<p style=\"text-align:justify\"><span style=\"font-size:11pt\"><span style=\"line-height:normal\"><span style=\"font-family:&quot;Calibri&quot;,sans-serif\"><span class=\"MsoHyperlink\" style=\"color:blue\"><span style=\"text-decoration:underline\"><b><span style=\"font-size:14.0pt\"><span style=\"text-decoration:none\"><span style=\"text-underline:none\">THE Congress &ndash; NATURALfiberEXTRACTION<\/span><\/span><\/span><\/b><\/span><\/span><span class=\"MsoHyperlink\" style=\"color:blue\"><span style=\"text-decoration:underline\"><span style=\"font-size:14.0pt\"><span style=\"text-decoration:none\"><span style=\"text-underline:none\">, 26 de outubro de 2022, Stuttgart. <\/span><\/span><\/span><\/span><\/span><a href=\"https:\/\/www.afbw.eu\/aktuelles\/veranstaltungen\/details\/the-congress-naturalfiberpulping\/\" style=\"color:blue; text-decoration:underline\"><span style=\"font-size:14.0pt\">Informa&ccedil;&otilde;es<\/span><\/a><span class=\"MsoHyperlink\" style=\"color:blue\"><span style=\"text-decoration:underline\"><span style=\"font-size:14.0pt\"><span style=\"text-decoration:none\"><span style=\"text-underline:none\">.<\/span><\/span><\/span><\/span><\/span><\/span><\/span><\/span><\/p>\r\n\r\n<p style=\"text-align:justify\"><span style=\"font-size:11pt\"><span style=\"line-height:normal\"><span style=\"font-family:&quot;Calibri&quot;,sans-serif\"><span class=\"MsoHyperlink\" style=\"color:blue\"><span style=\"text-decoration:underline\"><b><span style=\"font-size:14.0pt\"><span style=\"text-decoration:none\"><span style=\"text-underline:none\">Innovate: Zero Carbon, Textiles&#39; journey to zero carbon<\/span><\/span><\/span><\/b><\/span><\/span><\/span><\/span><\/span><\/p>\r\n\r\n<p style=\"text-align:justify\"><span style=\"font-size:11pt\"><span style=\"line-height:normal\"><span style=\"font-family:&quot;Calibri&quot;,sans-serif\"><span class=\"MsoHyperlink\" style=\"color:blue\"><span style=\"text-decoration:underline\"><span style=\"font-size:14.0pt\"><span style=\"text-decoration:none\"><span style=\"text-underline:none\">When: 1-3 Nov 2022<\/span><\/span><\/span><\/span><\/span><\/span><\/span><\/span><\/p>\r\n\r\n<p style=\"text-align:justify\"><span style=\"font-size:11pt\"><span style=\"line-height:normal\"><span style=\"font-family:&quot;Calibri&quot;,sans-serif\"><span class=\"MsoHyperlink\" style=\"color:blue\"><span style=\"text-decoration:underline\"><span style=\"font-size:14.0pt\"><span style=\"text-decoration:none\"><span style=\"text-underline:none\">What time: 13:00&ndash;17:00 UTC \/ 9:00&ndash;13:00 EDT<\/span><\/span><\/span><\/span><\/span><\/span><\/span><\/span><\/p>\r\n\r\n<p style=\"text-align:justify\"><span style=\"font-size:11pt\"><span style=\"line-height:normal\"><span style=\"font-family:&quot;Calibri&quot;,sans-serif\"><span class=\"MsoHyperlink\" style=\"color:blue\"><span style=\"text-decoration:underline\"><span style=\"font-size:14.0pt\"><span style=\"text-decoration:none\"><span style=\"text-underline:none\">Where: Virtual, <\/span><\/span><\/span><\/span><\/span><a href=\"https:\/\/events.wtin.com\/event\/f5bac4f2-d902-41ba-9153-a4d80622877c\/summary\" style=\"color:blue; text-decoration:underline\"><span style=\"font-size:14.0pt\">events.wtin.com\/innovate<\/span><\/a><\/span><\/span><\/span><\/p>\r\n\r\n<p class=\"MsoTitle\" style=\"text-align:justify\"><span style=\"font-size:28pt\"><span style=\"font-family:&quot;Cambria&quot;,serif\"><span style=\"letter-spacing:-0.5pt\"><b><span style=\"font-size:18.0pt\"><span style=\"font-family:&quot;Calibri&quot;,sans-serif\"><span style=\"font-variant:small-caps\">Setor<\/span><\/span><\/span><\/b><\/span><\/span><\/span><\/p>\r\n\r\n<p style=\"text-align:justify\"><span style=\"font-size:11pt\"><span style=\"line-height:normal\"><span style=\"font-family:&quot;Calibri&quot;,sans-serif\"><a href=\"https:\/\/plasticosemrevista.com.br\/a-ciencia-algemada\/\" style=\"color:blue; text-decoration:underline\"><span style=\"font-size:14.0pt\">A ci&ecirc;ncia algemada<\/span><\/a><\/span><\/span><\/span><\/p>\r\n\r\n<p style=\"text-align:justify\"><span style=\"font-size:11pt\"><span style=\"line-height:normal\"><span style=\"font-family:&quot;Calibri&quot;,sans-serif\"><a href=\"https:\/\/petrosolgas.com.br\/braskem-mira-setor-de-energetico-e-cria-voqen-empresa-com-foco-em-energia-e-gas-natural\/\" style=\"color:blue; text-decoration:underline\"><span style=\"font-size:14.0pt\">Braskem mira setor de energ&eacute;tico e cria Voqen, empresa com foco em energia e g&aacute;s natural<\/span><\/a><\/span><\/span><\/span><\/p>\r\n\r\n<p style=\"text-align:justify\"><span style=\"font-size:11pt\"><span style=\"line-height:normal\"><span style=\"font-family:&quot;Calibri&quot;,sans-serif\"><a href=\"https:\/\/tissueonline.com.br\/fibertex-fornece-nonwovens-com-certificacao-iscc-plus-para-uma-producao-de-fraldas-mais-sustentavel\/\" style=\"color:blue; text-decoration:underline\"><span style=\"font-size:14.0pt\">Fibertex fornece nonwovens com certifica&ccedil;&atilde;o ISCC Plus para uma produ&ccedil;&atilde;o de fraldas mais sustent&aacute;vel<\/span><\/a><\/span><\/span><\/span><\/p>\r\n\r\n<p style=\"text-align:justify\"><span style=\"font-size:11pt\"><span style=\"line-height:normal\"><span style=\"font-family:&quot;Calibri&quot;,sans-serif\"><a href=\"https:\/\/www.nonwovens-industry.com\/contents\/view_breaking-news\/2022-09-18\/weekly-recap-fitesa-and-lifesavers-partner-essity-changes-organizational-structure-and-more\/\" style=\"color:blue; text-decoration:underline\"><span style=\"font-size:14.0pt\">Fitesa and LifeSavers Partner, Essity Changes Organizational Structure and More<\/span><\/a><\/span><\/span><\/span><\/p>\r\n\r\n<p style=\"text-align:justify\"><span style=\"font-size:11pt\"><span style=\"line-height:normal\"><span style=\"font-family:&quot;Calibri&quot;,sans-serif\"><a href=\"https:\/\/www.meiofiltrante.com.br\/Noticia\/109602\/zf-anuncia-acordo-de-desenvolvimento-conjunto-com-a-freudenberg-e-power-systems\" style=\"color:blue; text-decoration:underline\"><span style=\"font-size:14.0pt\">ZF anuncia acordo de desenvolvimento conjunto com a Freudenberg e-Power Systems<\/span><\/a><\/span><\/span><\/span><\/p>\r\n\r\n<p style=\"text-align:justify\"><span style=\"font-size:11pt\"><span style=\"line-height:normal\"><span style=\"font-family:&quot;Calibri&quot;,sans-serif\"><a href=\"https:\/\/www.textiletechnology.net\/technical-textiles\/news\/filtrex-2022-focus-on-health-and-mobility-32831?utm_source=%2Fmeta%2Fnewsletter%2Fnewsletter&amp;utm_medium=newsletter&amp;utm_campaign=nl963&amp;utm_term=0801b20e08c3242125d512808cd74302\" style=\"color:blue; text-decoration:underline\"><span style=\"font-size:14.0pt\">Filtrex 2022: Focus on health and mobility<\/span><\/a><\/span><\/span><\/span><\/p>\r\n\r\n<p style=\"text-align:justify\"><span style=\"font-size:11pt\"><span style=\"line-height:normal\"><span style=\"font-family:&quot;Calibri&quot;,sans-serif\"><a href=\"https:\/\/www.innovationintextiles.com\/nonwovens\/reinforcing-the-landscape\/\" style=\"color:blue; text-decoration:underline\"><span style=\"font-size:14.0pt\">Index 2023: Reinforcing the landscape<\/span><\/a><\/span><\/span><\/span><\/p>\r\n\r\n<p class=\"MsoTitle\" style=\"text-align:justify\"><span style=\"font-size:28pt\"><span style=\"font-family:&quot;Cambria&quot;,serif\"><span style=\"letter-spacing:-0.5pt\"><b><span style=\"font-size:18.0pt\"><span style=\"font-family:&quot;Calibri&quot;,sans-serif\"><span style=\"font-variant:small-caps\">Ind&uacute;stria<\/span><\/span><\/span><\/b><\/span><\/span><\/span><\/p>\r\n\r\n<p style=\"text-align:justify\"><span style=\"font-size:11pt\"><span style=\"line-height:normal\"><span style=\"font-family:&quot;Calibri&quot;,sans-serif\"><a href=\"https:\/\/cidadeverde.com\/noticias\/376918\/industria-preve-beneficio-imediato-de-corte-do-ipi-na-economia\" style=\"color:blue; text-decoration:underline\"><span style=\"font-size:14.0pt\">Abiplast: Ind&uacute;stria prev&ecirc; benef&iacute;cio imediato de corte do IPI na economia<\/span><\/a><\/span><\/span><\/span><\/p>\r\n\r\n<p style=\"text-align:justify\"><span style=\"font-size:11pt\"><span style=\"line-height:normal\"><span style=\"font-family:&quot;Calibri&quot;,sans-serif\"><a href=\"https:\/\/noticias.portaldaindustria.com.br\/noticias\/economia\/56-dos-empresarios-apontam-reforma-tributaria-como-principal-medida-para-criar-empregos\/\" style=\"color:blue; text-decoration:underline\"><span style=\"font-size:14.0pt\">56% dos empres&aacute;rios apontam reforma tribut&aacute;ria como principal medida para criar empregos<\/span><\/a><\/span><\/span><\/span><\/p>\r\n\r\n<p style=\"text-align:justify\"><span style=\"font-size:11pt\"><span style=\"line-height:normal\"><span style=\"font-family:&quot;Calibri&quot;,sans-serif\"><a href=\"https:\/\/revistamt.com.br\/Noticias\/Exibir\/media-mensal-de-emplacamentos-de-implementos-rodoviarios-cresce?utm_source=akna&amp;utm_medium=email&amp;utm_campaign=Revista-M-T-Informativo-594-13-09-2022&amp;utm_source=akna&amp;utm_medium=email&amp;utm_campaign=Revista-M-T-Informativo-594-13-09-2022\" style=\"color:blue; text-decoration:underline\"><span style=\"font-size:14.0pt\">M&eacute;dia mensal de emplacamentos de implementos rodovi&aacute;rios cresce<\/span><\/a><\/span><\/span><\/span><\/p>\r\n\r\n<p style=\"text-align:justify\"><span style=\"font-size:11pt\"><span style=\"line-height:normal\"><span style=\"font-family:&quot;Calibri&quot;,sans-serif\"><a href=\"https:\/\/www.automotivebusiness.com.br\/pt\/posts\/setor-automotivo\/stellantis-investimento-brasil-antonio-filosa\/\" style=\"color:blue; text-decoration:underline\"><span style=\"font-size:14.0pt\">Stellantis planeja o maior investimento da ind&uacute;stria automotiva brasileira<\/span><\/a><\/span><\/span><\/span><\/p>\r\n\r\n<p style=\"text-align:justify\"><span style=\"font-size:11pt\"><span style=\"line-height:normal\"><span style=\"font-family:&quot;Calibri&quot;,sans-serif\"><a href=\"https:\/\/www.moveisdevalor.com.br\/portal\/deflacao-de-agosto-nao-chega-aos-moveis-que-continuam-em-alta?source=news\" style=\"color:blue; text-decoration:underline\"><span style=\"font-size:14.0pt\">Defla&ccedil;&atilde;o de agosto n&atilde;o chega aos m&oacute;veis que continuam em alta<\/span><\/a><\/span><\/span><\/span><\/p>\r\n\r\n<p style=\"text-align:justify\"><span style=\"font-size:11pt\"><span style=\"line-height:normal\"><span style=\"font-family:&quot;Calibri&quot;,sans-serif\"><a href=\"https:\/\/www.textiletechnology.net\/technology\/news\/euratex-industry-statement-on-the-energy-package-32851?utm_source=%2Fmeta%2Fnewsletter%2Fnewsletter&amp;utm_medium=newsletter&amp;utm_campaign=nl965&amp;utm_term=0801b20e08c3242125d512808cd74302\" style=\"color:blue; text-decoration:underline\"><span style=\"font-size:14.0pt\">Euratex\/CIRFS\/Edana: Industry statement on the energy package<\/span><\/a><\/span><\/span><\/span><\/p>\r\n\r\n<p class=\"MsoTitle\" style=\"text-align:justify\"><span style=\"font-size:28pt\"><span style=\"font-family:&quot;Cambria&quot;,serif\"><span style=\"letter-spacing:-0.5pt\"><b><span style=\"font-size:18.0pt\"><span style=\"font-family:&quot;Calibri&quot;,sans-serif\"><span style=\"font-variant:small-caps\">Sustentabilidade<\/span><\/span><\/span><\/b><\/span><\/span><\/span><\/p>\r\n\r\n<p style=\"text-align:justify\"><span style=\"font-size:11pt\"><span style=\"line-height:normal\"><span style=\"font-family:&quot;Calibri&quot;,sans-serif\"><a href=\"https:\/\/garagem360.com.br\/pecas-dos-carros-da-bmw-serao-feitas-a-partir-de-redes-de-pesca-recicladas\/\" style=\"color:blue; text-decoration:underline\"><span style=\"font-size:14.0pt\">Redes de pesca recicladas dar&atilde;o origem a pe&ccedil;as internas e externas dos novos carros da BMW<\/span><\/a><\/span><\/span><\/span><\/p>\r\n\r\n<p style=\"text-align:justify\"><span style=\"font-size:11pt\"><span style=\"line-height:normal\"><span style=\"font-family:&quot;Calibri&quot;,sans-serif\"><a href=\"https:\/\/exclusivo.com.br\/_conteudo\/negocios\/2022\/09\/13\/calcadistas-adotam-producao-mais-sustentavel-e-com-menos-residuos.html?utm_campaign=Cal%C3%A7adistas+adotam+produ%C3%A7%C3%A3o+mais+sustent%C3%A1vel+e+com+menos+res%C3%ADduos&amp;utm_content=Cal%C3%A7adistas+adotam+produ%C3%A7%C3%A3o+mais+sustent%C3%A1vel+e+com+menos+res%C3%ADduos+-+Jornal+Exclusivo+%283%29&amp;utm_medium=email&amp;utm_source=EmailMarketing&amp;utm_term=Cal%C3%A7adistas+adotam+produ%C3%A7%C3%A3o+mais+sustent%C3%A1vel+e+com+menos+res%C3%ADduos\" style=\"color:blue; text-decoration:underline\"><span style=\"font-size:14.0pt\">Cal&ccedil;adistas adotam produ&ccedil;&atilde;o mais sustent&aacute;vel e com menos res&iacute;duos<\/span><\/a><\/span><\/span><\/span><\/p>\r\n\r\n<p style=\"text-align:justify\"><span style=\"font-size:11pt\"><span style=\"line-height:normal\"><span style=\"font-family:&quot;Calibri&quot;,sans-serif\"><a href=\"https:\/\/www.agenciainfra.com\/blog\/infradebate-a-hora-e-a-vez-das-ppps-no-saneamento-basico\/\" style=\"color:blue; text-decoration:underline\"><span style=\"font-size:14.0pt\">A hora e a vez das PPPs no saneamento b&aacute;sico<\/span><\/a> <\/span><\/span><\/span><\/p>\r\n\r\n<p style=\"text-align:justify\"><span style=\"font-size:11pt\"><span style=\"line-height:normal\"><span style=\"font-family:&quot;Calibri&quot;,sans-serif\"><a href=\"https:\/\/grandesconstrucoes.com.br\/Noticias\/Exibir\/a-energia-do-lixo?utm_source=akna&amp;utm_medium=email&amp;utm_campaign=Grandes-Construcoes-Informativo-829-15-09-2022&amp;utm_source=akna&amp;utm_medium=email&amp;utm_campaign=Grandes-Construcoes-Informativo-829-15-09-2022\" style=\"color:blue; text-decoration:underline\"><span style=\"font-size:14.0pt\">A energia do lixo<\/span><\/a><\/span><\/span><\/span><\/p>\r\n\r\n<p style=\"text-align:justify\"><span style=\"font-size:11pt\"><span style=\"line-height:normal\"><span style=\"font-family:&quot;Calibri&quot;,sans-serif\"><a href=\"https:\/\/plasticosemrevista.com.br\/auxilio-brasil-da-tiro-no-pe-da-reciclagem\/\" style=\"color:blue; text-decoration:underline\"><span style=\"font-size:14.0pt\">Aux&iacute;lio Brasil d&aacute; tiro no p&eacute; da reciclagem<\/span><\/a><\/span><\/span><\/span><\/p>\r\n\r\n<p style=\"text-align:justify\"><span style=\"font-size:11pt\"><span style=\"line-height:normal\"><span style=\"font-family:&quot;Calibri&quot;,sans-serif\"><a href=\"https:\/\/www.portugaltextil.com\/descarbonizar-nos-materiais-e-na-energia\/?utm_term=Portugal+Textil+a%3F%3F%3F%3F+12.09.2022&amp;utm_campaign=Portugal+Textil+FInal&amp;utm_source=e-goi&amp;utm_medium=email\" style=\"color:blue; text-decoration:underline\"><span style=\"font-size:14.0pt\">Descarbonizar nos materiais e na energia<\/span><\/a><\/span><\/span><\/span><\/p>\r\n\r\n<p style=\"text-align:justify\"><span style=\"font-size:11pt\"><span style=\"line-height:normal\"><span style=\"font-family:&quot;Calibri&quot;,sans-serif\"><a href=\"https:\/\/ciclovivo.com.br\/planeta\/meio-ambiente\/estudo-mostra-caminho-de-nanoplasticos-do-solo-as-plantas-e-animais\/\" style=\"color:blue; text-decoration:underline\"><span style=\"font-size:14.0pt\">Estudo mostra caminho de nanopl&aacute;sticos do solo, &agrave;s plantas e animais<\/span><\/a><\/span><\/span><\/span><\/p>\r\n\r\n<p style=\"text-align:justify\"><span style=\"font-size:11pt\"><span style=\"line-height:normal\"><span style=\"font-family:&quot;Calibri&quot;,sans-serif\"><a href=\"https:\/\/www.portugaltextil.com\/novos-modelos-de-negocio-tem-de-ser-sustentaveis\/?utm_term=Portugal+Textil+a%3F%3F%3F%3F+14.09.2022&amp;utm_campaign=Portugal+Textil+FInal&amp;utm_source=e-goi&amp;utm_medium=email\" style=\"color:blue; text-decoration:underline\"><span style=\"font-size:14.0pt\">Novos modelos de neg&oacute;cio t&ecirc;m de ser sustent&aacute;veis<\/span><\/a><\/span><\/span><\/span><\/p>\r\n\r\n<p class=\"MsoTitle\" style=\"text-align:justify\"><span style=\"font-size:28pt\"><span style=\"font-family:&quot;Cambria&quot;,serif\"><span style=\"letter-spacing:-0.5pt\"><b><span style=\"font-size:18.0pt\"><span style=\"font-family:&quot;Calibri&quot;,sans-serif\"><span style=\"font-variant:small-caps\">Inova&ccedil;&atilde;o<\/span><\/span><\/span><\/b><\/span><\/span><\/span><\/p>\r\n\r\n<p style=\"text-align:justify\"><span style=\"font-size:11pt\"><span style=\"line-height:normal\"><span style=\"font-family:&quot;Calibri&quot;,sans-serif\"><a href=\"https:\/\/www.inovacaotecnologica.com.br\/noticias\/noticia.php?artigo=tecidos-inteligentes-ganham-logica-forca&amp;id=010180220916&amp;ebol=sim#.Yyi2dLTMKUk\" style=\"color:blue; text-decoration:underline\"><span style=\"font-size:14.0pt\">Tecidos inteligentes ganham l&oacute;gica e for&ccedil;a<\/span><\/a><\/span><\/span><\/span><\/p>\r\n\r\n<p style=\"text-align:justify\"><span style=\"font-size:11pt\"><span style=\"line-height:normal\"><span style=\"font-family:&quot;Calibri&quot;,sans-serif\"><a href=\"https:\/\/epocanegocios.globo.com\/Empresa\/noticia\/2022\/09\/senai-lanca-chamada-para-acelerar-solucoes-da-industria-40.html\" style=\"color:blue; text-decoration:underline\"><span style=\"font-size:14.0pt\">Inova&ccedil;&atilde;o: Senai lan&ccedil;a chamada para acelerar solu&ccedil;&otilde;es da Ind&uacute;stria 4.0<\/span><\/a><\/span><\/span><\/span><\/p>\r\n\r\n<p style=\"text-align:justify\"><span style=\"font-size:11pt\"><span style=\"line-height:normal\"><span style=\"font-family:&quot;Calibri&quot;,sans-serif\"><a href=\"https:\/\/sitebarra.com.br\/v7\/industria-e-o-setor-que-mais-investe-em-pesquisa-e-desenvolvimento.html\" style=\"color:blue; text-decoration:underline\"><span style=\"font-size:14.0pt\">Ind&uacute;stria &eacute; o setor que mais investe em pesquisa e desenvolvimento<\/span><\/a><\/span><\/span><\/span><\/p>\r\n\r\n<p style=\"text-align:justify\"><span style=\"font-size:11pt\"><span style=\"line-height:normal\"><span style=\"font-family:&quot;Calibri&quot;,sans-serif\"><span style=\"font-size:14.0pt\"><a href=\"https:\/\/fcem.com.br\/noticias\/estudo-avalia-potencial-da-fibra-da-maconha-na-industria-textil\/?utm_campaign=febratex_news_150922&amp;utm_medium=email&amp;utm_source=RD+Station\" style=\"color:blue; text-decoration:underline\">Estudo avalia potencial da fibra do c&acirc;nhamo na ind&uacute;stria t&ecirc;xtil<\/a><\/span><\/span><\/span><\/span><\/p>\r\n\r\n<p class=\"MsoTitle\" style=\"text-align:justify\"><span style=\"font-size:28pt\"><span style=\"font-family:&quot;Cambria&quot;,serif\"><span style=\"letter-spacing:-0.5pt\"><b><span style=\"font-size:18.0pt\"><span style=\"font-family:&quot;Calibri&quot;,sans-serif\"><span style=\"font-variant:small-caps\">Com&eacute;rcio Exterior<\/span><\/span><\/span><\/b><\/span><\/span><\/span><\/p>\r\n\r\n<p style=\"text-align:justify\"><span style=\"font-size:11pt\"><span style=\"line-height:normal\"><span style=\"font-family:&quot;Calibri&quot;,sans-serif\"><a href=\"https:\/\/ibre.fgv.br\/blog-da-conjuntura-economica\/artigos\/medida-aprovada-pelo-parlamento-europeu-pode-se-converter-em\" style=\"color:blue; text-decoration:underline\"><span style=\"font-size:14.0pt\">Agroneg&oacute;cio: &ldquo;Medida aprovada pelo Parlamento Europeu pode se converter em novo breque ao acordo UE-Mercosul&rdquo;, afirma ex-ministro Roberto Rodrigues<\/span><\/a><\/span><\/span><\/span><\/p>\r\n\r\n<p style=\"text-align:justify\"><span style=\"font-size:11pt\"><span style=\"line-height:normal\"><span style=\"font-family:&quot;Calibri&quot;,sans-serif\"><a href=\"https:\/\/www.cnnbrasil.com.br\/business\/guerra-reforca-importancia-de-acordo-ue-mercosul-diz-embaixador-da-ue-no-brasil\/\" style=\"color:blue; text-decoration:underline\"><span style=\"font-size:14.0pt\">Guerra refor&ccedil;a import&acirc;ncia de acordo UE-Mercosul, diz embaixador da UE no Brasil<\/span><\/a><\/span><\/span><\/span><\/p>\r\n\r\n<p style=\"text-align:justify\"><span style=\"font-size:11pt\"><span style=\"line-height:normal\"><span style=\"font-family:&quot;Calibri&quot;,sans-serif\"><a href=\"https:\/\/www.correiobraziliense.com.br\/economia\/2022\/09\/5037622-instabilidade-economica-na-argentina-deve-prejudicar-exportacoes-no-mercosul.html\" style=\"color:blue; text-decoration:underline\"><span style=\"font-size:14.0pt\">Instabilidade econ&ocirc;mica na Argentina deve prejudicar exporta&ccedil;&otilde;es no Mercosul<\/span><\/a><\/span><\/span><\/span><\/p>\r\n\r\n<p style=\"text-align:justify\"><span style=\"font-size:11pt\"><span style=\"line-height:normal\"><span style=\"font-family:&quot;Calibri&quot;,sans-serif\"><a href=\"https:\/\/noticias.portaldaindustria.com.br\/noticias\/internacional\/cni-e-keidanren-reforcam-importancia-de-acordo-economico-entre-mercosul-e-japao\/\" style=\"color:blue; text-decoration:underline\"><span style=\"font-size:14.0pt\">CNI e Keidanren refor&ccedil;am import&acirc;ncia de acordo econ&ocirc;mico entre Mercosul e Jap&atilde;o<\/span><\/a><\/span><\/span><\/span><\/p>\r\n\r\n<p style=\"text-align:justify\"><span style=\"font-size:11pt\"><span style=\"line-height:normal\"><span style=\"font-family:&quot;Calibri&quot;,sans-serif\"><span class=\"MsoHyperlink\" style=\"color:blue\"><span style=\"text-decoration:underline\"><span style=\"font-size:14.0pt\"><span style=\"text-decoration:none\"><span style=\"text-underline:none\"><a href=\"https:\/\/static.portaldaindustria.com.br\/media\/filer_public\/2c\/a2\/2ca2d85f-3547-40ff-a16f-9c8734cfa582\/informepoliticacomercial_22_06_arm_oea_br-eua.pdf\" style=\"color:blue; text-decoration:underline\">Brasil e Estados Unidos assinam acordo de reconhecimento m&uacute;tuo entre seus Programas de<\/a><\/span><\/span><\/span><\/span><\/span><\/span><\/span><\/span><\/p>\r\n\r\n<p style=\"text-align:justify\"><span style=\"font-size:11pt\"><span style=\"line-height:normal\"><span style=\"font-family:&quot;Calibri&quot;,sans-serif\"><span class=\"MsoHyperlink\" style=\"color:blue\"><span style=\"text-decoration:underline\"><span style=\"font-size:14.0pt\"><a href=\"https:\/\/static.portaldaindustria.com.br\/media\/filer_public\/2c\/a2\/2ca2d85f-3547-40ff-a16f-9c8734cfa582\/informepoliticacomercial_22_06_arm_oea_br-eua.pdf\" style=\"color:blue; text-decoration:underline\">Operador Econ&ocirc;mico Autorizado<\/a><\/span><\/span><\/span><\/span><\/span><\/span><\/p>\r\n\r\n<p style=\"text-align:justify\"><span style=\"font-size:11pt\"><span style=\"line-height:normal\"><span style=\"font-family:&quot;Calibri&quot;,sans-serif\"><a href=\"https:\/\/ibre.fgv.br\/blog-da-conjuntura-economica\/artigos\/comercio-e-inflacao-dois-lados-da-desaceleracao-mundial-e-seus\" style=\"color:blue; text-decoration:underline\"><span style=\"font-size:14.0pt\">Com&eacute;rcio e infla&ccedil;&atilde;o: dois lados da desacelera&ccedil;&atilde;o mundial e seus reflexos no Brasil<\/span><\/a><\/span><\/span><\/span><\/p>\r\n\r\n<p style=\"text-align:justify\"><span style=\"font-size:11pt\"><span style=\"line-height:normal\"><span style=\"font-family:&quot;Calibri&quot;,sans-serif\"><a href=\"https:\/\/www.fibre2fashion.com\/news\/textile-news\/oecd-clis-signal-slowdown-in-major-economies-in-next-6-9-months-283111-newsdetails.htm\" style=\"color:blue; text-decoration:underline\"><span style=\"font-size:14.0pt\">OECD CLIs signal slowdown in major economies in next 6-9 months<\/span><\/a><\/span><\/span><\/span><\/p>\r\n\r\n<p class=\"MsoTitle\" style=\"text-align:justify\"><span style=\"font-size:28pt\"><span style=\"font-family:&quot;Cambria&quot;,serif\"><span style=\"letter-spacing:-0.5pt\"><b><span style=\"font-size:18.0pt\"><span style=\"font-family:&quot;Calibri&quot;,sans-serif\"><span style=\"font-variant:small-caps\">Economia<\/span><\/span><\/span><\/b><\/span><\/span><\/span><\/p>\r\n\r\n<p style=\"text-align:justify\"><span style=\"font-size:11pt\"><span style=\"line-height:normal\"><span style=\"font-family:&quot;Calibri&quot;,sans-serif\"><a href=\"https:\/\/www.bcb.gov.br\/content\/focus\/focus\/R20220909.pdf\" style=\"color:blue; text-decoration:underline\"><span style=\"font-size:14.0pt\">Focus: Relat&oacute;rio de Mercado<\/span><\/a><\/span><\/span><\/span><\/p>\r\n\r\n<p style=\"text-align:justify\"><span style=\"font-size:11pt\"><span style=\"line-height:normal\"><span style=\"font-family:&quot;Calibri&quot;,sans-serif\"><a href=\"https:\/\/br.investing.com\/news\/economic-indicators\/surpresa-positiva-diz-bofa-sobre-previa-do-pib-brasileiro-1036781\" style=\"color:blue; text-decoration:underline\"><span style=\"font-size:14.0pt\">&ldquo;Surpresa positiva&rdquo;, diz BofA sobre pr&eacute;via do PIB brasileiro<\/span><\/a><\/span><\/span><\/span><\/p>\r\n\r\n<p style=\"text-align:justify\"><span style=\"font-size:11pt\"><span style=\"line-height:normal\"><span style=\"font-family:&quot;Calibri&quot;,sans-serif\"><a href=\"https:\/\/blogdoibre.fgv.br\/posts\/completou-se-recuperacao-pos-pandemia\" style=\"color:blue; text-decoration:underline\"><span style=\"font-size:14.0pt\">Completou-se a recupera&ccedil;&atilde;o p&oacute;s-pandemia<\/span><\/a><\/span><\/span><\/span><\/p>\r\n\r\n<p style=\"text-align:justify\"><span style=\"font-size:11pt\"><span style=\"line-height:normal\"><span style=\"font-family:&quot;Calibri&quot;,sans-serif\"><a href=\"https:\/\/braziljournal.com\/fed-reduz-balanco-acelera-aperto-na-liquidez-e-aumenta-risco-de-recessao\/\" style=\"color:blue; text-decoration:underline\"><span style=\"font-size:14.0pt\">Fed reduz balan&ccedil;o, acelera aperto na liquidez e aumenta risco de recess&atilde;o<\/span><\/a><\/span><\/span><\/span><\/p>\r\n\r\n<p style=\"text-align:justify\"><span style=\"font-size:11pt\"><span style=\"line-height:normal\"><span style=\"font-family:&quot;Calibri&quot;,sans-serif\"><a href=\"https:\/\/abrava.com.br\/wp-content\/uploads\/2022\/09\/Diretoria_Guilherme_SET22_vfinal.pdf\" style=\"color:blue; text-decoration:underline\"><span style=\"font-size:14.0pt\">Departamento de Economia e Estat&iacute;stica da ABRAVA divulga Boletim Econ&ocirc;mico Term&ocirc;metro AVAC-R setembro\/22<\/span><\/a><\/span><\/span><\/span><\/p>\r\n\r\n<p style=\"text-align:justify\"><span style=\"font-size:11pt\"><span style=\"line-height:normal\"><span style=\"font-family:&quot;Calibri&quot;,sans-serif\"><span class=\"MsoHyperlink\" style=\"color:blue\"><span style=\"text-decoration:underline\"><span style=\"font-size:14.0pt\"><span style=\"text-decoration:none\"><span style=\"text-underline:none\"><a href=\"https:\/\/www.fibre2fashion.com\/news\/textile-news\/global-recession-risk-up-in-2023-amid-parallel-rate-hikes-world-bank-283142-newsdetails.htm?utm_source=sendinblue&amp;utm_campaign=General%20newsletter%20September22&amp;utm_medium=email\" style=\"color:blue; text-decoration:underline\">Global recession risk up in 2023 amid parallel rate hikes: World Bank<\/a><\/span><\/span><\/span><\/span><\/span><\/span><\/span><\/span><\/p>\r\n","6":"<p style=\"text-align:justify\"><span style=\"font-size:11pt\"><span style=\"line-height:normal\"><span style=\"font-family:&quot;Calibri&quot;,sans-serif\"><span style=\"font-size:14.0pt\">Esta &eacute; uma compila&ccedil;&atilde;o das not&iacute;cias mais relevantes para o setor, incluindo informa&ccedil;&otilde;es sobre acordos internacionais, economia brasileira, sustentabilidade e mat&eacute;rias primas, al&eacute;m de novidades do setor de N&atilde;otecidos e Tecidos T&eacute;cnicos.<\/span><\/span><\/span><\/span><\/p>\r\n\r\n<p class=\"MsoTitle\" style=\"text-align:justify\"><span style=\"font-size:28pt\"><span style=\"font-family:&quot;Cambria&quot;,serif\"><span style=\"letter-spacing:-0.5pt\"><b><span style=\"font-size:18.0pt\"><span style=\"font-family:&quot;Calibri&quot;,sans-serif\"><span style=\"font-variant:small-caps\">A&ccedil;&otilde;es da ABINT<\/span><\/span><\/span><\/b><\/span><\/span><\/span><\/p>\r\n\r\n<p style=\"text-align:justify\"><span style=\"font-size:11pt\"><span style=\"line-height:normal\"><span style=\"font-family:&quot;Calibri&quot;,sans-serif\"><span class=\"MsoHyperlink\" style=\"color:blue\"><span style=\"text-decoration:underline\"><b><span style=\"font-size:14.0pt\"><span style=\"text-decoration:none\"><span style=\"text-underline:none\">Curso ABINT Tecnologia dos N&atilde;otecidos<\/span><\/span><\/span><\/b><\/span><\/span> <a href=\"https:\/\/pt.surveymonkey.com\/r\/inscricaocurso\" style=\"color:blue; text-decoration:underline\"><b><span style=\"font-size:14.0pt\">INSCREVA-SE<\/span><\/b><\/a><span class=\"MsoHyperlink\" style=\"color:blue\"><span style=\"text-decoration:underline\"><span style=\"font-size:14.0pt\"><span style=\"text-decoration:none\"><span style=\"text-underline:none\"> <b>para as pr&oacute;ximas turmas!<\/b><\/span><\/span><\/span><\/span><\/span><\/span><\/span><\/span><\/p>\r\n\r\n<p style=\"text-align:justify\">&nbsp;<\/p>\r\n\r\n<p style=\"text-align:justify\"><img height=\"665\" src=\"https:\/\/www.abint.org.br\/assets\/img\/editor\/congresso-internacional-abit-2022_20220920114123YOnM7utcuj.png\" width=\"448\" \/><\/p>\r\n\r\n<p style=\"text-align:justify\"><span class=\"MsoHyperlink\" style=\"color:blue\"><span style=\"text-decoration:underline\"><b><span style=\"font-size:14.0pt\"><span style=\"line-height:115%\"><span style=\"font-family:&quot;Calibri&quot;,sans-serif\"><span style=\"text-decoration:none\"><span style=\"text-underline:none\">A ABINT &eacute; uma das patrocinadoras do Congresso Internacional ABIT 2022<\/span><\/span><\/span><\/span><\/span><\/b><\/span><\/span><span class=\"MsoHyperlink\" style=\"color:blue\"><span style=\"text-decoration:underline\"><span style=\"font-size:14.0pt\"><span style=\"line-height:115%\"><span style=\"font-family:&quot;Calibri&quot;,sans-serif\"><span style=\"text-decoration:none\"><span style=\"text-underline:none\">, evento 100% presencial, que ocorrer&aacute; dias <b>03 e 04 de novembro<\/b>, em Belo Horizonte, MG. <\/span><\/span><\/span><\/span><\/span><\/span><\/span><span style=\"font-size:11.0pt\"><span style=\"line-height:115%\"><span style=\"font-family:&quot;Calibri&quot;,sans-serif\"><a href=\"https:\/\/www.congressoabit.com.br\/\" style=\"color:blue; text-decoration:underline\"><span style=\"font-size:14.0pt\"><span style=\"line-height:115%\">Informa&ccedil;&otilde;es<\/span><\/span><\/a><\/span><\/span><\/span><\/p>\r\n\r\n<p style=\"text-align:justify\">&nbsp;<\/p>\r\n\r\n<p style=\"text-align:justify\"><span style=\"font-size:11.0pt\"><span style=\"line-height:115%\"><span style=\"font-family:&quot;Calibri&quot;,sans-serif\"><span style=\"font-size:14.0pt\"><span style=\"line-height:115%\"><img height=\"327\" src=\"https:\/\/www.abint.org.br\/assets\/img\/editor\/partnerkit-conahp-retangular-cth-abint_20220920114205CMd4YLMJF8.png\" width=\"579\" \/><\/span><\/span><\/span><\/span><\/span><\/p>\r\n\r\n<p style=\"text-align:justify\"><span class=\"MsoHyperlink\" style=\"color:blue\"><span style=\"text-decoration:underline\"><span style=\"font-size:14.0pt\"><span style=\"line-height:115%\"><span style=\"font-family:&quot;Calibri&quot;,sans-serif\"><span style=\"text-decoration:none\"><span style=\"text-underline:none\">O <b>CTH ABINT<\/b> &eacute; patrocinador do <\/span><\/span><\/span><\/span><\/span><\/span><\/span><span class=\"MsoHyperlink\" style=\"color:blue\"><span style=\"text-decoration:underline\"><b><span style=\"font-size:14.0pt\"><span style=\"line-height:115%\"><span style=\"font-family:&quot;Calibri&quot;,sans-serif\"><span style=\"text-decoration:none\"><span style=\"text-underline:none\">CONAHP 2022 - Congresso Nacional de Hospitais Privados<\/span><\/span><\/span><\/span><\/span><\/b><\/span><\/span><span class=\"MsoHyperlink\" style=\"color:blue\"><span style=\"text-decoration:underline\"><span style=\"font-size:14.0pt\"><span style=\"line-height:115%\"><span style=\"font-family:&quot;Calibri&quot;,sans-serif\"><span style=\"text-decoration:none\"><span style=\"text-underline:none\">, evento que ocorrer&aacute; <b>presencialmente nos dias 10 e 11 de novembro, Transam&eacute;rica Expo Center<\/b>, S&atilde;o Paulo, SP. <\/span><\/span><\/span><\/span><\/span><\/span><\/span><span style=\"font-size:11.0pt\"><span style=\"line-height:115%\"><span style=\"font-family:&quot;Calibri&quot;,sans-serif\"><a href=\"https:\/\/conahp.org.br\/2022\/\" style=\"color:blue; text-decoration:underline\"><span style=\"font-size:14.0pt\"><span style=\"line-height:115%\">Informa&ccedil;&otilde;es <\/span><\/span><\/a><\/span><\/span><\/span><\/p>\r\n\r\n<p style=\"text-align:justify\">&nbsp;<\/p>\r\n\r\n<p style=\"text-align:justify\"><span style=\"font-size:11pt\"><span style=\"line-height:normal\"><span style=\"font-family:&quot;Calibri&quot;,sans-serif\"><b><span style=\"font-size:18.0pt\"><span style=\"font-variant:small-caps\">Eventos<\/span><\/span><\/b><\/span><\/span><\/span><\/p>\r\n\r\n<p style=\"text-align:justify\"><span style=\"font-size:11pt\"><span style=\"line-height:normal\"><span style=\"font-family:&quot;Calibri&quot;,sans-serif\"><span class=\"MsoHyperlink\" style=\"color:blue\"><span style=\"text-decoration:underline\"><b><span style=\"font-size:14.0pt\"><span style=\"text-decoration:none\"><span style=\"text-underline:none\">Euromonitor Webinar: The New Era of Consumerism<\/span><\/span><\/span><\/b><\/span><\/span><span class=\"MsoHyperlink\" style=\"color:blue\"><span style=\"text-decoration:underline\"><span style=\"font-size:14.0pt\"><span style=\"text-decoration:none\"><span style=\"text-underline:none\">, 20 de setembro, 11h00. <\/span><\/span><\/span><\/span><\/span><a href=\"https:\/\/go.euromonitor.com\/index.php\/email\/emailWebview?md_id=120703\" style=\"color:blue; text-decoration:underline\"><span style=\"font-size:14.0pt\">Informa&ccedil;&otilde;es<\/span><\/a> <\/span><\/span><\/span><\/p>\r\n\r\n<p style=\"text-align:justify\"><span style=\"font-size:11pt\"><span style=\"line-height:normal\"><span style=\"font-family:&quot;Calibri&quot;,sans-serif\"><span class=\"MsoHyperlink\" style=\"color:blue\"><span style=\"text-decoration:underline\"><b><span style=\"font-size:14.0pt\"><span style=\"text-decoration:none\"><span style=\"text-underline:none\">Senai Cetiqt: Inova&ccedil;&atilde;o Aberta Brasil e Alemanha para a Ind&uacute;stria T&ecirc;xtil<\/span><\/span><\/span><\/b><\/span><\/span><span class=\"MsoHyperlink\" style=\"color:blue\"><span style=\"text-decoration:underline\"><span style=\"font-size:14.0pt\"><span style=\"text-decoration:none\"><span style=\"text-underline:none\">, 21 de setembro. <\/span><\/span><\/span><\/span><\/span><a href=\"https:\/\/app.rdstation.email\/mail\/23d068fa-557c-4849-877a-ff7076f4ad9a?utm_campaign=senai_cetiqt__convite_stfi&amp;utm_medium=email&amp;utm_source=RD+Station\" style=\"color:blue; text-decoration:underline\"><span style=\"font-size:14.0pt\">Informa&ccedil;&otilde;es<\/span><\/a><\/span><\/span><\/span><\/p>\r\n\r\n<p style=\"text-align:justify\"><span style=\"font-size:11pt\"><span style=\"line-height:normal\"><span style=\"font-family:&quot;Calibri&quot;,sans-serif\"><span class=\"MsoHyperlink\" style=\"color:blue\"><span style=\"text-decoration:underline\"><b><span style=\"font-size:14.0pt\"><span style=\"text-decoration:none\"><span style=\"text-underline:none\">Workshop Abit: Novo PGR NR-01: Aspectos t&eacute;cnicos e pr&aacute;ticos para uma boa gest&atilde;o de Sa&uacute;de e Seguran&ccedil;a no Trabalho<\/span><\/span><\/span><\/b><\/span><\/span><span class=\"MsoHyperlink\" style=\"color:blue\"><span style=\"text-decoration:underline\"><span style=\"font-size:14.0pt\"><span style=\"text-decoration:none\"><span style=\"text-underline:none\">, 29 de setembro, 09h00 &agrave;s 11h00. <\/span><\/span><\/span><\/span><\/span><a href=\"https:\/\/app.rdstation.email\/mail\/d4b5c26d-08bb-4ba6-a4f5-3273a068eb81?utm_campaign=workshop_nr01_-_01092022&amp;utm_medium=email&amp;utm_source=RD+Station\" style=\"color:blue; text-decoration:underline\"><span style=\"font-size:14.0pt\">Informa&ccedil;&otilde;es<\/span><\/a> <\/span><\/span><\/span><\/p>\r\n\r\n<p style=\"text-align:justify\"><span style=\"font-size:11pt\"><span style=\"line-height:normal\"><span style=\"font-family:&quot;Calibri&quot;,sans-serif\"><span class=\"MsoHyperlink\" style=\"color:blue\"><span style=\"text-decoration:underline\"><b><span style=\"font-size:14.0pt\"><span style=\"text-decoration:none\"><span style=\"text-underline:none\">Webinar CCBC: ESG e Compliance fiscal e tribut&aacute;rio<\/span><\/span><\/span><\/b><\/span><\/span><span class=\"MsoHyperlink\" style=\"color:blue\"><span style=\"text-decoration:underline\"><span style=\"font-size:14.0pt\"><span style=\"text-decoration:none\"><span style=\"text-underline:none\">, 30 de setembro, 14h00. <\/span><\/span><\/span><\/span><\/span><a href=\"https:\/\/app.rdstation.email\/mail\/f895b5fd-c4a2-41b3-baf3-a645c6ee8351?utm_campaign=caj_esg_e_compliance_fiscal_e_tributario&amp;utm_medium=email&amp;utm_source=RD+Station\" style=\"color:blue; text-decoration:underline\"><span style=\"font-size:14.0pt\">Informa&ccedil;&otilde;es<\/span><\/a> <\/span><\/span><\/span><\/p>\r\n\r\n<p style=\"text-align:justify\"><span style=\"font-size:11pt\"><span style=\"line-height:normal\"><span style=\"font-family:&quot;Calibri&quot;,sans-serif\"><span class=\"MsoHyperlink\" style=\"color:blue\"><span style=\"text-decoration:underline\"><b><span style=\"font-size:14.0pt\"><span style=\"text-decoration:none\"><span style=\"text-underline:none\">Feira HospitalMed, <\/span><\/span><\/span><\/b><\/span><\/span><span class=\"MsoHyperlink\" style=\"color:blue\"><span style=\"text-decoration:underline\"><span style=\"font-size:14.0pt\"><span style=\"text-decoration:none\"><span style=\"text-underline:none\">19 a 21 de outubro, Centro de Conven&ccedil;&otilde;es de Pernambuco. <\/span><\/span><\/span><\/span><\/span><a href=\"https:\/\/hospitalmed.com.br\/feira\/\" style=\"color:blue; text-decoration:underline\"><span style=\"font-size:14.0pt\">Informa&ccedil;&otilde;es <\/span><\/a><\/span><\/span><\/span><\/p>\r\n\r\n<p style=\"text-align:justify\"><span style=\"font-size:11pt\"><span style=\"line-height:normal\"><span style=\"font-family:&quot;Calibri&quot;,sans-serif\"><span class=\"MsoHyperlink\" style=\"color:blue\"><span style=\"text-decoration:underline\"><b><span style=\"font-size:14.0pt\"><span style=\"text-decoration:none\"><span style=\"text-underline:none\">THE Congress &ndash; NATURALfiberEXTRACTION<\/span><\/span><\/span><\/b><\/span><\/span><span class=\"MsoHyperlink\" style=\"color:blue\"><span style=\"text-decoration:underline\"><span style=\"font-size:14.0pt\"><span style=\"text-decoration:none\"><span style=\"text-underline:none\">, 26 de outubro de 2022, Stuttgart. <\/span><\/span><\/span><\/span><\/span><a href=\"https:\/\/www.afbw.eu\/aktuelles\/veranstaltungen\/details\/the-congress-naturalfiberpulping\/\" style=\"color:blue; text-decoration:underline\"><span style=\"font-size:14.0pt\">Informa&ccedil;&otilde;es<\/span><\/a><span class=\"MsoHyperlink\" style=\"color:blue\"><span style=\"text-decoration:underline\"><span style=\"font-size:14.0pt\"><span style=\"text-decoration:none\"><span style=\"text-underline:none\">.<\/span><\/span><\/span><\/span><\/span><\/span><\/span><\/span><\/p>\r\n\r\n<p style=\"text-align:justify\"><span style=\"font-size:11pt\"><span style=\"line-height:normal\"><span style=\"font-family:&quot;Calibri&quot;,sans-serif\"><span class=\"MsoHyperlink\" style=\"color:blue\"><span style=\"text-decoration:underline\"><b><span style=\"font-size:14.0pt\"><span style=\"text-decoration:none\"><span style=\"text-underline:none\">Innovate: Zero Carbon, Textiles&#39; journey to zero carbon<\/span><\/span><\/span><\/b><\/span><\/span><\/span><\/span><\/span><\/p>\r\n\r\n<p style=\"text-align:justify\"><span style=\"font-size:11pt\"><span style=\"line-height:normal\"><span style=\"font-family:&quot;Calibri&quot;,sans-serif\"><span class=\"MsoHyperlink\" style=\"color:blue\"><span style=\"text-decoration:underline\"><span style=\"font-size:14.0pt\"><span style=\"text-decoration:none\"><span style=\"text-underline:none\">When: 1-3 Nov 2022<\/span><\/span><\/span><\/span><\/span><\/span><\/span><\/span><\/p>\r\n\r\n<p style=\"text-align:justify\"><span style=\"font-size:11pt\"><span style=\"line-height:normal\"><span style=\"font-family:&quot;Calibri&quot;,sans-serif\"><span class=\"MsoHyperlink\" style=\"color:blue\"><span style=\"text-decoration:underline\"><span style=\"font-size:14.0pt\"><span style=\"text-decoration:none\"><span style=\"text-underline:none\">What time: 13:00&ndash;17:00 UTC \/ 9:00&ndash;13:00 EDT<\/span><\/span><\/span><\/span><\/span><\/span><\/span><\/span><\/p>\r\n\r\n<p style=\"text-align:justify\"><span style=\"font-size:11pt\"><span style=\"line-height:normal\"><span style=\"font-family:&quot;Calibri&quot;,sans-serif\"><span class=\"MsoHyperlink\" style=\"color:blue\"><span style=\"text-decoration:underline\"><span style=\"font-size:14.0pt\"><span style=\"text-decoration:none\"><span style=\"text-underline:none\">Where: Virtual, <\/span><\/span><\/span><\/span><\/span><a href=\"https:\/\/events.wtin.com\/event\/f5bac4f2-d902-41ba-9153-a4d80622877c\/summary\" style=\"color:blue; text-decoration:underline\"><span style=\"font-size:14.0pt\">events.wtin.com\/innovate<\/span><\/a><\/span><\/span><\/span><\/p>\r\n\r\n<p class=\"MsoTitle\" style=\"text-align:justify\"><span style=\"font-size:28pt\"><span style=\"font-family:&quot;Cambria&quot;,serif\"><span style=\"letter-spacing:-0.5pt\"><b><span style=\"font-size:18.0pt\"><span style=\"font-family:&quot;Calibri&quot;,sans-serif\"><span style=\"font-variant:small-caps\">Setor<\/span><\/span><\/span><\/b><\/span><\/span><\/span><\/p>\r\n\r\n<p style=\"text-align:justify\"><span style=\"font-size:11pt\"><span style=\"line-height:normal\"><span style=\"font-family:&quot;Calibri&quot;,sans-serif\"><a href=\"https:\/\/plasticosemrevista.com.br\/a-ciencia-algemada\/\" style=\"color:blue; text-decoration:underline\"><span style=\"font-size:14.0pt\">A ci&ecirc;ncia algemada<\/span><\/a><\/span><\/span><\/span><\/p>\r\n\r\n<p style=\"text-align:justify\"><span style=\"font-size:11pt\"><span style=\"line-height:normal\"><span style=\"font-family:&quot;Calibri&quot;,sans-serif\"><a href=\"https:\/\/petrosolgas.com.br\/braskem-mira-setor-de-energetico-e-cria-voqen-empresa-com-foco-em-energia-e-gas-natural\/\" style=\"color:blue; text-decoration:underline\"><span style=\"font-size:14.0pt\">Braskem mira setor de energ&eacute;tico e cria Voqen, empresa com foco em energia e g&aacute;s natural<\/span><\/a><\/span><\/span><\/span><\/p>\r\n\r\n<p style=\"text-align:justify\"><span style=\"font-size:11pt\"><span style=\"line-height:normal\"><span style=\"font-family:&quot;Calibri&quot;,sans-serif\"><a href=\"https:\/\/tissueonline.com.br\/fibertex-fornece-nonwovens-com-certificacao-iscc-plus-para-uma-producao-de-fraldas-mais-sustentavel\/\" style=\"color:blue; text-decoration:underline\"><span style=\"font-size:14.0pt\">Fibertex fornece nonwovens com certifica&ccedil;&atilde;o ISCC Plus para uma produ&ccedil;&atilde;o de fraldas mais sustent&aacute;vel<\/span><\/a><\/span><\/span><\/span><\/p>\r\n\r\n<p style=\"text-align:justify\"><span style=\"font-size:11pt\"><span style=\"line-height:normal\"><span style=\"font-family:&quot;Calibri&quot;,sans-serif\"><a href=\"https:\/\/www.nonwovens-industry.com\/contents\/view_breaking-news\/2022-09-18\/weekly-recap-fitesa-and-lifesavers-partner-essity-changes-organizational-structure-and-more\/\" style=\"color:blue; text-decoration:underline\"><span style=\"font-size:14.0pt\">Fitesa and LifeSavers Partner, Essity Changes Organizational Structure and More<\/span><\/a><\/span><\/span><\/span><\/p>\r\n\r\n<p style=\"text-align:justify\"><span style=\"font-size:11pt\"><span style=\"line-height:normal\"><span style=\"font-family:&quot;Calibri&quot;,sans-serif\"><a href=\"https:\/\/www.meiofiltrante.com.br\/Noticia\/109602\/zf-anuncia-acordo-de-desenvolvimento-conjunto-com-a-freudenberg-e-power-systems\" style=\"color:blue; text-decoration:underline\"><span style=\"font-size:14.0pt\">ZF anuncia acordo de desenvolvimento conjunto com a Freudenberg e-Power Systems<\/span><\/a><\/span><\/span><\/span><\/p>\r\n\r\n<p style=\"text-align:justify\"><span style=\"font-size:11pt\"><span style=\"line-height:normal\"><span style=\"font-family:&quot;Calibri&quot;,sans-serif\"><a href=\"https:\/\/www.textiletechnology.net\/technical-textiles\/news\/filtrex-2022-focus-on-health-and-mobility-32831?utm_source=%2Fmeta%2Fnewsletter%2Fnewsletter&amp;utm_medium=newsletter&amp;utm_campaign=nl963&amp;utm_term=0801b20e08c3242125d512808cd74302\" style=\"color:blue; text-decoration:underline\"><span style=\"font-size:14.0pt\">Filtrex 2022: Focus on health and mobility<\/span><\/a><\/span><\/span><\/span><\/p>\r\n\r\n<p style=\"text-align:justify\"><span style=\"font-size:11pt\"><span style=\"line-height:normal\"><span style=\"font-family:&quot;Calibri&quot;,sans-serif\"><a href=\"https:\/\/www.innovationintextiles.com\/nonwovens\/reinforcing-the-landscape\/\" style=\"color:blue; text-decoration:underline\"><span style=\"font-size:14.0pt\">Index 2023: Reinforcing the landscape<\/span><\/a><\/span><\/span><\/span><\/p>\r\n\r\n<p class=\"MsoTitle\" style=\"text-align:justify\"><span style=\"font-size:28pt\"><span style=\"font-family:&quot;Cambria&quot;,serif\"><span style=\"letter-spacing:-0.5pt\"><b><span style=\"font-size:18.0pt\"><span style=\"font-family:&quot;Calibri&quot;,sans-serif\"><span style=\"font-variant:small-caps\">Ind&uacute;stria<\/span><\/span><\/span><\/b><\/span><\/span><\/span><\/p>\r\n\r\n<p style=\"text-align:justify\"><span style=\"font-size:11pt\"><span style=\"line-height:normal\"><span style=\"font-family:&quot;Calibri&quot;,sans-serif\"><a href=\"https:\/\/cidadeverde.com\/noticias\/376918\/industria-preve-beneficio-imediato-de-corte-do-ipi-na-economia\" style=\"color:blue; text-decoration:underline\"><span style=\"font-size:14.0pt\">Abiplast: Ind&uacute;stria prev&ecirc; benef&iacute;cio imediato de corte do IPI na economia<\/span><\/a><\/span><\/span><\/span><\/p>\r\n\r\n<p style=\"text-align:justify\"><span style=\"font-size:11pt\"><span style=\"line-height:normal\"><span style=\"font-family:&quot;Calibri&quot;,sans-serif\"><a href=\"https:\/\/noticias.portaldaindustria.com.br\/noticias\/economia\/56-dos-empresarios-apontam-reforma-tributaria-como-principal-medida-para-criar-empregos\/\" style=\"color:blue; text-decoration:underline\"><span style=\"font-size:14.0pt\">56% dos empres&aacute;rios apontam reforma tribut&aacute;ria como principal medida para criar empregos<\/span><\/a><\/span><\/span><\/span><\/p>\r\n\r\n<p style=\"text-align:justify\"><span style=\"font-size:11pt\"><span style=\"line-height:normal\"><span style=\"font-family:&quot;Calibri&quot;,sans-serif\"><a href=\"https:\/\/revistamt.com.br\/Noticias\/Exibir\/media-mensal-de-emplacamentos-de-implementos-rodoviarios-cresce?utm_source=akna&amp;utm_medium=email&amp;utm_campaign=Revista-M-T-Informativo-594-13-09-2022&amp;utm_source=akna&amp;utm_medium=email&amp;utm_campaign=Revista-M-T-Informativo-594-13-09-2022\" style=\"color:blue; text-decoration:underline\"><span style=\"font-size:14.0pt\">M&eacute;dia mensal de emplacamentos de implementos rodovi&aacute;rios cresce<\/span><\/a><\/span><\/span><\/span><\/p>\r\n\r\n<p style=\"text-align:justify\"><span style=\"font-size:11pt\"><span style=\"line-height:normal\"><span style=\"font-family:&quot;Calibri&quot;,sans-serif\"><a href=\"https:\/\/www.automotivebusiness.com.br\/pt\/posts\/setor-automotivo\/stellantis-investimento-brasil-antonio-filosa\/\" style=\"color:blue; text-decoration:underline\"><span style=\"font-size:14.0pt\">Stellantis planeja o maior investimento da ind&uacute;stria automotiva brasileira<\/span><\/a><\/span><\/span><\/span><\/p>\r\n\r\n<p style=\"text-align:justify\"><span style=\"font-size:11pt\"><span style=\"line-height:normal\"><span style=\"font-family:&quot;Calibri&quot;,sans-serif\"><a href=\"https:\/\/www.moveisdevalor.com.br\/portal\/deflacao-de-agosto-nao-chega-aos-moveis-que-continuam-em-alta?source=news\" style=\"color:blue; text-decoration:underline\"><span style=\"font-size:14.0pt\">Defla&ccedil;&atilde;o de agosto n&atilde;o chega aos m&oacute;veis que continuam em alta<\/span><\/a><\/span><\/span><\/span><\/p>\r\n\r\n<p style=\"text-align:justify\"><span style=\"font-size:11pt\"><span style=\"line-height:normal\"><span style=\"font-family:&quot;Calibri&quot;,sans-serif\"><a href=\"https:\/\/www.textiletechnology.net\/technology\/news\/euratex-industry-statement-on-the-energy-package-32851?utm_source=%2Fmeta%2Fnewsletter%2Fnewsletter&amp;utm_medium=newsletter&amp;utm_campaign=nl965&amp;utm_term=0801b20e08c3242125d512808cd74302\" style=\"color:blue; text-decoration:underline\"><span style=\"font-size:14.0pt\">Euratex\/CIRFS\/Edana: Industry statement on the energy package<\/span><\/a><\/span><\/span><\/span><\/p>\r\n\r\n<p class=\"MsoTitle\" style=\"text-align:justify\"><span style=\"font-size:28pt\"><span style=\"font-family:&quot;Cambria&quot;,serif\"><span style=\"letter-spacing:-0.5pt\"><b><span style=\"font-size:18.0pt\"><span style=\"font-family:&quot;Calibri&quot;,sans-serif\"><span style=\"font-variant:small-caps\">Sustentabilidade<\/span><\/span><\/span><\/b><\/span><\/span><\/span><\/p>\r\n\r\n<p style=\"text-align:justify\"><span style=\"font-size:11pt\"><span style=\"line-height:normal\"><span style=\"font-family:&quot;Calibri&quot;,sans-serif\"><a href=\"https:\/\/garagem360.com.br\/pecas-dos-carros-da-bmw-serao-feitas-a-partir-de-redes-de-pesca-recicladas\/\" style=\"color:blue; text-decoration:underline\"><span style=\"font-size:14.0pt\">Redes de pesca recicladas dar&atilde;o origem a pe&ccedil;as internas e externas dos novos carros da BMW<\/span><\/a><\/span><\/span><\/span><\/p>\r\n\r\n<p style=\"text-align:justify\"><span style=\"font-size:11pt\"><span style=\"line-height:normal\"><span style=\"font-family:&quot;Calibri&quot;,sans-serif\"><a href=\"https:\/\/exclusivo.com.br\/_conteudo\/negocios\/2022\/09\/13\/calcadistas-adotam-producao-mais-sustentavel-e-com-menos-residuos.html?utm_campaign=Cal%C3%A7adistas+adotam+produ%C3%A7%C3%A3o+mais+sustent%C3%A1vel+e+com+menos+res%C3%ADduos&amp;utm_content=Cal%C3%A7adistas+adotam+produ%C3%A7%C3%A3o+mais+sustent%C3%A1vel+e+com+menos+res%C3%ADduos+-+Jornal+Exclusivo+%283%29&amp;utm_medium=email&amp;utm_source=EmailMarketing&amp;utm_term=Cal%C3%A7adistas+adotam+produ%C3%A7%C3%A3o+mais+sustent%C3%A1vel+e+com+menos+res%C3%ADduos\" style=\"color:blue; text-decoration:underline\"><span style=\"font-size:14.0pt\">Cal&ccedil;adistas adotam produ&ccedil;&atilde;o mais sustent&aacute;vel e com menos res&iacute;duos<\/span><\/a><\/span><\/span><\/span><\/p>\r\n\r\n<p style=\"text-align:justify\"><span style=\"font-size:11pt\"><span style=\"line-height:normal\"><span style=\"font-family:&quot;Calibri&quot;,sans-serif\"><a href=\"https:\/\/www.agenciainfra.com\/blog\/infradebate-a-hora-e-a-vez-das-ppps-no-saneamento-basico\/\" style=\"color:blue; text-decoration:underline\"><span style=\"font-size:14.0pt\">A hora e a vez das PPPs no saneamento b&aacute;sico<\/span><\/a> <\/span><\/span><\/span><\/p>\r\n\r\n<p style=\"text-align:justify\"><span style=\"font-size:11pt\"><span style=\"line-height:normal\"><span style=\"font-family:&quot;Calibri&quot;,sans-serif\"><a href=\"https:\/\/grandesconstrucoes.com.br\/Noticias\/Exibir\/a-energia-do-lixo?utm_source=akna&amp;utm_medium=email&amp;utm_campaign=Grandes-Construcoes-Informativo-829-15-09-2022&amp;utm_source=akna&amp;utm_medium=email&amp;utm_campaign=Grandes-Construcoes-Informativo-829-15-09-2022\" style=\"color:blue; text-decoration:underline\"><span style=\"font-size:14.0pt\">A energia do lixo<\/span><\/a><\/span><\/span><\/span><\/p>\r\n\r\n<p style=\"text-align:justify\"><span style=\"font-size:11pt\"><span style=\"line-height:normal\"><span style=\"font-family:&quot;Calibri&quot;,sans-serif\"><a href=\"https:\/\/plasticosemrevista.com.br\/auxilio-brasil-da-tiro-no-pe-da-reciclagem\/\" style=\"color:blue; text-decoration:underline\"><span style=\"font-size:14.0pt\">Aux&iacute;lio Brasil d&aacute; tiro no p&eacute; da reciclagem<\/span><\/a><\/span><\/span><\/span><\/p>\r\n\r\n<p style=\"text-align:justify\"><span style=\"font-size:11pt\"><span style=\"line-height:normal\"><span style=\"font-family:&quot;Calibri&quot;,sans-serif\"><a href=\"https:\/\/www.portugaltextil.com\/descarbonizar-nos-materiais-e-na-energia\/?utm_term=Portugal+Textil+a%3F%3F%3F%3F+12.09.2022&amp;utm_campaign=Portugal+Textil+FInal&amp;utm_source=e-goi&amp;utm_medium=email\" style=\"color:blue; text-decoration:underline\"><span style=\"font-size:14.0pt\">Descarbonizar nos materiais e na energia<\/span><\/a><\/span><\/span><\/span><\/p>\r\n\r\n<p style=\"text-align:justify\"><span style=\"font-size:11pt\"><span style=\"line-height:normal\"><span style=\"font-family:&quot;Calibri&quot;,sans-serif\"><a href=\"https:\/\/ciclovivo.com.br\/planeta\/meio-ambiente\/estudo-mostra-caminho-de-nanoplasticos-do-solo-as-plantas-e-animais\/\" style=\"color:blue; text-decoration:underline\"><span style=\"font-size:14.0pt\">Estudo mostra caminho de nanopl&aacute;sticos do solo, &agrave;s plantas e animais<\/span><\/a><\/span><\/span><\/span><\/p>\r\n\r\n<p style=\"text-align:justify\"><span style=\"font-size:11pt\"><span style=\"line-height:normal\"><span style=\"font-family:&quot;Calibri&quot;,sans-serif\"><a href=\"https:\/\/www.portugaltextil.com\/novos-modelos-de-negocio-tem-de-ser-sustentaveis\/?utm_term=Portugal+Textil+a%3F%3F%3F%3F+14.09.2022&amp;utm_campaign=Portugal+Textil+FInal&amp;utm_source=e-goi&amp;utm_medium=email\" style=\"color:blue; text-decoration:underline\"><span style=\"font-size:14.0pt\">Novos modelos de neg&oacute;cio t&ecirc;m de ser sustent&aacute;veis<\/span><\/a><\/span><\/span><\/span><\/p>\r\n\r\n<p class=\"MsoTitle\" style=\"text-align:justify\"><span style=\"font-size:28pt\"><span style=\"font-family:&quot;Cambria&quot;,serif\"><span style=\"letter-spacing:-0.5pt\"><b><span style=\"font-size:18.0pt\"><span style=\"font-family:&quot;Calibri&quot;,sans-serif\"><span style=\"font-variant:small-caps\">Inova&ccedil;&atilde;o<\/span><\/span><\/span><\/b><\/span><\/span><\/span><\/p>\r\n\r\n<p style=\"text-align:justify\"><span style=\"font-size:11pt\"><span style=\"line-height:normal\"><span style=\"font-family:&quot;Calibri&quot;,sans-serif\"><a href=\"https:\/\/www.inovacaotecnologica.com.br\/noticias\/noticia.php?artigo=tecidos-inteligentes-ganham-logica-forca&amp;id=010180220916&amp;ebol=sim#.Yyi2dLTMKUk\" style=\"color:blue; text-decoration:underline\"><span style=\"font-size:14.0pt\">Tecidos inteligentes ganham l&oacute;gica e for&ccedil;a<\/span><\/a><\/span><\/span><\/span><\/p>\r\n\r\n<p style=\"text-align:justify\"><span style=\"font-size:11pt\"><span style=\"line-height:normal\"><span style=\"font-family:&quot;Calibri&quot;,sans-serif\"><a href=\"https:\/\/epocanegocios.globo.com\/Empresa\/noticia\/2022\/09\/senai-lanca-chamada-para-acelerar-solucoes-da-industria-40.html\" style=\"color:blue; text-decoration:underline\"><span style=\"font-size:14.0pt\">Inova&ccedil;&atilde;o: Senai lan&ccedil;a chamada para acelerar solu&ccedil;&otilde;es da Ind&uacute;stria 4.0<\/span><\/a><\/span><\/span><\/span><\/p>\r\n\r\n<p style=\"text-align:justify\"><span style=\"font-size:11pt\"><span style=\"line-height:normal\"><span style=\"font-family:&quot;Calibri&quot;,sans-serif\"><a href=\"https:\/\/sitebarra.com.br\/v7\/industria-e-o-setor-que-mais-investe-em-pesquisa-e-desenvolvimento.html\" style=\"color:blue; text-decoration:underline\"><span style=\"font-size:14.0pt\">Ind&uacute;stria &eacute; o setor que mais investe em pesquisa e desenvolvimento<\/span><\/a><\/span><\/span><\/span><\/p>\r\n\r\n<p style=\"text-align:justify\"><span style=\"font-size:11pt\"><span style=\"line-height:normal\"><span style=\"font-family:&quot;Calibri&quot;,sans-serif\"><span style=\"font-size:14.0pt\"><a href=\"https:\/\/fcem.com.br\/noticias\/estudo-avalia-potencial-da-fibra-da-maconha-na-industria-textil\/?utm_campaign=febratex_news_150922&amp;utm_medium=email&amp;utm_source=RD+Station\" style=\"color:blue; text-decoration:underline\">Estudo avalia potencial da fibra do c&acirc;nhamo na ind&uacute;stria t&ecirc;xtil<\/a><\/span><\/span><\/span><\/span><\/p>\r\n\r\n<p class=\"MsoTitle\" style=\"text-align:justify\"><span style=\"font-size:28pt\"><span style=\"font-family:&quot;Cambria&quot;,serif\"><span style=\"letter-spacing:-0.5pt\"><b><span style=\"font-size:18.0pt\"><span style=\"font-family:&quot;Calibri&quot;,sans-serif\"><span style=\"font-variant:small-caps\">Com&eacute;rcio Exterior<\/span><\/span><\/span><\/b><\/span><\/span><\/span><\/p>\r\n\r\n<p style=\"text-align:justify\"><span style=\"font-size:11pt\"><span style=\"line-height:normal\"><span style=\"font-family:&quot;Calibri&quot;,sans-serif\"><a href=\"https:\/\/ibre.fgv.br\/blog-da-conjuntura-economica\/artigos\/medida-aprovada-pelo-parlamento-europeu-pode-se-converter-em\" style=\"color:blue; text-decoration:underline\"><span style=\"font-size:14.0pt\">Agroneg&oacute;cio: &ldquo;Medida aprovada pelo Parlamento Europeu pode se converter em novo breque ao acordo UE-Mercosul&rdquo;, afirma ex-ministro Roberto Rodrigues<\/span><\/a><\/span><\/span><\/span><\/p>\r\n\r\n<p style=\"text-align:justify\"><span style=\"font-size:11pt\"><span style=\"line-height:normal\"><span style=\"font-family:&quot;Calibri&quot;,sans-serif\"><a href=\"https:\/\/www.cnnbrasil.com.br\/business\/guerra-reforca-importancia-de-acordo-ue-mercosul-diz-embaixador-da-ue-no-brasil\/\" style=\"color:blue; text-decoration:underline\"><span style=\"font-size:14.0pt\">Guerra refor&ccedil;a import&acirc;ncia de acordo UE-Mercosul, diz embaixador da UE no Brasil<\/span><\/a><\/span><\/span><\/span><\/p>\r\n\r\n<p style=\"text-align:justify\"><span style=\"font-size:11pt\"><span style=\"line-height:normal\"><span style=\"font-family:&quot;Calibri&quot;,sans-serif\"><a href=\"https:\/\/www.correiobraziliense.com.br\/economia\/2022\/09\/5037622-instabilidade-economica-na-argentina-deve-prejudicar-exportacoes-no-mercosul.html\" style=\"color:blue; text-decoration:underline\"><span style=\"font-size:14.0pt\">Instabilidade econ&ocirc;mica na Argentina deve prejudicar exporta&ccedil;&otilde;es no Mercosul<\/span><\/a><\/span><\/span><\/span><\/p>\r\n\r\n<p style=\"text-align:justify\"><span style=\"font-size:11pt\"><span style=\"line-height:normal\"><span style=\"font-family:&quot;Calibri&quot;,sans-serif\"><a href=\"https:\/\/noticias.portaldaindustria.com.br\/noticias\/internacional\/cni-e-keidanren-reforcam-importancia-de-acordo-economico-entre-mercosul-e-japao\/\" style=\"color:blue; text-decoration:underline\"><span style=\"font-size:14.0pt\">CNI e Keidanren refor&ccedil;am import&acirc;ncia de acordo econ&ocirc;mico entre Mercosul e Jap&atilde;o<\/span><\/a><\/span><\/span><\/span><\/p>\r\n\r\n<p style=\"text-align:justify\"><span style=\"font-size:11pt\"><span style=\"line-height:normal\"><span style=\"font-family:&quot;Calibri&quot;,sans-serif\"><span class=\"MsoHyperlink\" style=\"color:blue\"><span style=\"text-decoration:underline\"><span style=\"font-size:14.0pt\"><span style=\"text-decoration:none\"><span style=\"text-underline:none\"><a href=\"https:\/\/static.portaldaindustria.com.br\/media\/filer_public\/2c\/a2\/2ca2d85f-3547-40ff-a16f-9c8734cfa582\/informepoliticacomercial_22_06_arm_oea_br-eua.pdf\" style=\"color:blue; text-decoration:underline\">Brasil e Estados Unidos assinam acordo de reconhecimento m&uacute;tuo entre seus Programas de<\/a><\/span><\/span><\/span><\/span><\/span><\/span><\/span><\/span><\/p>\r\n\r\n<p style=\"text-align:justify\"><span style=\"font-size:11pt\"><span style=\"line-height:normal\"><span style=\"font-family:&quot;Calibri&quot;,sans-serif\"><span class=\"MsoHyperlink\" style=\"color:blue\"><span style=\"text-decoration:underline\"><span style=\"font-size:14.0pt\"><a href=\"https:\/\/static.portaldaindustria.com.br\/media\/filer_public\/2c\/a2\/2ca2d85f-3547-40ff-a16f-9c8734cfa582\/informepoliticacomercial_22_06_arm_oea_br-eua.pdf\" style=\"color:blue; text-decoration:underline\">Operador Econ&ocirc;mico Autorizado<\/a><\/span><\/span><\/span><\/span><\/span><\/span><\/p>\r\n\r\n<p style=\"text-align:justify\"><span style=\"font-size:11pt\"><span style=\"line-height:normal\"><span style=\"font-family:&quot;Calibri&quot;,sans-serif\"><a href=\"https:\/\/ibre.fgv.br\/blog-da-conjuntura-economica\/artigos\/comercio-e-inflacao-dois-lados-da-desaceleracao-mundial-e-seus\" style=\"color:blue; text-decoration:underline\"><span style=\"font-size:14.0pt\">Com&eacute;rcio e infla&ccedil;&atilde;o: dois lados da desacelera&ccedil;&atilde;o mundial e seus reflexos no Brasil<\/span><\/a><\/span><\/span><\/span><\/p>\r\n\r\n<p style=\"text-align:justify\"><span style=\"font-size:11pt\"><span style=\"line-height:normal\"><span style=\"font-family:&quot;Calibri&quot;,sans-serif\"><a href=\"https:\/\/www.fibre2fashion.com\/news\/textile-news\/oecd-clis-signal-slowdown-in-major-economies-in-next-6-9-months-283111-newsdetails.htm\" style=\"color:blue; text-decoration:underline\"><span style=\"font-size:14.0pt\">OECD CLIs signal slowdown in major economies in next 6-9 months<\/span><\/a><\/span><\/span><\/span><\/p>\r\n\r\n<p class=\"MsoTitle\" style=\"text-align:justify\"><span style=\"font-size:28pt\"><span style=\"font-family:&quot;Cambria&quot;,serif\"><span style=\"letter-spacing:-0.5pt\"><b><span style=\"font-size:18.0pt\"><span style=\"font-family:&quot;Calibri&quot;,sans-serif\"><span style=\"font-variant:small-caps\">Economia<\/span><\/span><\/span><\/b><\/span><\/span><\/span><\/p>\r\n\r\n<p style=\"text-align:justify\"><span style=\"font-size:11pt\"><span style=\"line-height:normal\"><span style=\"font-family:&quot;Calibri&quot;,sans-serif\"><a href=\"https:\/\/www.bcb.gov.br\/content\/focus\/focus\/R20220909.pdf\" style=\"color:blue; text-decoration:underline\"><span style=\"font-size:14.0pt\">Focus: Relat&oacute;rio de Mercado<\/span><\/a><\/span><\/span><\/span><\/p>\r\n\r\n<p style=\"text-align:justify\"><span style=\"font-size:11pt\"><span style=\"line-height:normal\"><span style=\"font-family:&quot;Calibri&quot;,sans-serif\"><a href=\"https:\/\/br.investing.com\/news\/economic-indicators\/surpresa-positiva-diz-bofa-sobre-previa-do-pib-brasileiro-1036781\" style=\"color:blue; text-decoration:underline\"><span style=\"font-size:14.0pt\">&ldquo;Surpresa positiva&rdquo;, diz BofA sobre pr&eacute;via do PIB brasileiro<\/span><\/a><\/span><\/span><\/span><\/p>\r\n\r\n<p style=\"text-align:justify\"><span style=\"font-size:11pt\"><span style=\"line-height:normal\"><span style=\"font-family:&quot;Calibri&quot;,sans-serif\"><a href=\"https:\/\/blogdoibre.fgv.br\/posts\/completou-se-recuperacao-pos-pandemia\" style=\"color:blue; text-decoration:underline\"><span style=\"font-size:14.0pt\">Completou-se a recupera&ccedil;&atilde;o p&oacute;s-pandemia<\/span><\/a><\/span><\/span><\/span><\/p>\r\n\r\n<p style=\"text-align:justify\"><span style=\"font-size:11pt\"><span style=\"line-height:normal\"><span style=\"font-family:&quot;Calibri&quot;,sans-serif\"><a href=\"https:\/\/braziljournal.com\/fed-reduz-balanco-acelera-aperto-na-liquidez-e-aumenta-risco-de-recessao\/\" style=\"color:blue; text-decoration:underline\"><span style=\"font-size:14.0pt\">Fed reduz balan&ccedil;o, acelera aperto na liquidez e aumenta risco de recess&atilde;o<\/span><\/a><\/span><\/span><\/span><\/p>\r\n\r\n<p style=\"text-align:justify\"><span style=\"font-size:11pt\"><span style=\"line-height:normal\"><span style=\"font-family:&quot;Calibri&quot;,sans-serif\"><a href=\"https:\/\/abrava.com.br\/wp-content\/uploads\/2022\/09\/Diretoria_Guilherme_SET22_vfinal.pdf\" style=\"color:blue; text-decoration:underline\"><span style=\"font-size:14.0pt\">Departamento de Economia e Estat&iacute;stica da ABRAVA divulga Boletim Econ&ocirc;mico Term&ocirc;metro AVAC-R setembro\/22<\/span><\/a><\/span><\/span><\/span><\/p>\r\n\r\n<p style=\"text-align:justify\"><span style=\"font-size:11pt\"><span style=\"line-height:normal\"><span style=\"font-family:&quot;Calibri&quot;,sans-serif\"><span class=\"MsoHyperlink\" style=\"color:blue\"><span style=\"text-decoration:underline\"><span style=\"font-size:14.0pt\"><span style=\"text-decoration:none\"><span style=\"text-underline:none\"><a href=\"https:\/\/www.fibre2fashion.com\/news\/textile-news\/global-recession-risk-up-in-2023-amid-parallel-rate-hikes-world-bank-283142-newsdetails.htm?utm_source=sendinblue&amp;utm_campaign=General%20newsletter%20September22&amp;utm_medium=email\" style=\"color:blue; text-decoration:underline\">Global recession risk up in 2023 amid parallel rate hikes: World Bank<\/a><\/span><\/span><\/span><\/span><\/span><\/span><\/span><\/span><\/p>\r\n","texto_en":"","7":"","imagem":"COMP_banner-padrao-home-destaques-boletim_20220920114455q1YL9Po6P9.jpg","8":"COMP_banner-padrao-home-destaques-boletim_20220920114455q1YL9Po6P9.jpg","arquivo":"20220920-NOTICIAS-SEMANAIS.PDF","9":"20220920-NOTICIAS-SEMANAIS.PDF","titulo_arquivo":"","10":"","titulo_arquivo_en":"","11":"","created_at":"2022-09-20 11:45:04","12":"2022-09-20 11:45:04","updated_at":"2022-09-20 11:45:04","13":"2022-09-20 11:45:04"},{"id":34,"0":34,"ordem":189,"1":189,"data":"2022-09-13","2":"2022-09-13","slug":"boletim-de-noticias-semanais-31","3":"boletim-de-noticias-semanais-31","titulo":"Boletim de Not\u00edcias Semanais","4":"Boletim de Not\u00edcias Semanais","titulo_en":"","5":"","texto":"<p style=\"text-align:justify\"><span style=\"font-size:11pt\"><span style=\"line-height:normal\"><span style=\"font-family:&quot;Calibri&quot;,sans-serif\"><span style=\"font-size:14.0pt\">Esta &eacute; uma compila&ccedil;&atilde;o das not&iacute;cias mais relevantes para o setor, incluindo informa&ccedil;&otilde;es sobre acordos internacionais, economia brasileira, sustentabilidade e mat&eacute;rias primas, al&eacute;m de novidades do setor de N&atilde;otecidos e Tecidos T&eacute;cnicos.<\/span><\/span><\/span><\/span><\/p>\r\n\r\n<p class=\"MsoTitle\" style=\"text-align:justify\"><span style=\"font-size:28pt\"><span style=\"font-family:&quot;Cambria&quot;,serif\"><span style=\"letter-spacing:-0.5pt\"><b><span style=\"font-size:18.0pt\"><span style=\"font-family:&quot;Calibri&quot;,sans-serif\"><span style=\"font-variant:small-caps\">A&ccedil;&otilde;es da ABINT<\/span><\/span><\/span><\/b><\/span><\/span><\/span><\/p>\r\n\r\n<p style=\"text-align:justify\"><span style=\"font-size:11pt\"><span style=\"line-height:normal\"><span style=\"font-family:&quot;Calibri&quot;,sans-serif\"><span class=\"MsoHyperlink\" style=\"color:blue\"><span style=\"text-decoration:underline\"><b><span style=\"font-size:14.0pt\"><span style=\"text-decoration:none\"><span style=\"text-underline:none\">Curso ABINT Tecnologia dos N&atilde;otecidos<\/span><\/span><\/span><\/b><\/span><\/span> <a href=\"https:\/\/pt.surveymonkey.com\/r\/inscricaocurso\" style=\"color:blue; text-decoration:underline\"><b><span style=\"font-size:14.0pt\">INSCREVA-SE<\/span><\/b><\/a><span class=\"MsoHyperlink\" style=\"color:blue\"><span style=\"text-decoration:underline\"><span style=\"font-size:14.0pt\"><span style=\"text-decoration:none\"><span style=\"text-underline:none\"> <b>para as pr&oacute;ximas turmas!<\/b><\/span><\/span><\/span><\/span><\/span><\/span><\/span><\/span><\/p>\r\n\r\n<p style=\"text-align:justify\">&nbsp;<\/p>\r\n\r\n<p style=\"text-align:justify\"><img height=\"500\" src=\"https:\/\/www.abint.org.br\/assets\/img\/editor\/20220917-live-ctg-instagram-mateus_20220913185008y62dycrf1N.jpg\" width=\"500\" \/><\/p>\r\n\r\n<p style=\"text-align:justify\"><span style=\"font-size:11pt\"><span style=\"line-height:115%\"><span style=\"font-family:&quot;Calibri&quot;,sans-serif\"><span style=\"font-size:14.0pt\"><span style=\"line-height:115%\">O pr&oacute;ximo CTG Entrevista vai abordar a <\/span><\/span><b><span style=\"font-size:14.0pt\"><span style=\"line-height:115%\">p&oacute;s-gradua&ccedil;&atilde;o em Geossinteticos<\/span><\/span><\/b><span style=\"font-size:14.0pt\"><span style=\"line-height:115%\">. Vamos receber o <\/span><\/span><b><span style=\"font-size:14.0pt\"><span style=\"line-height:115%\">doutorando em Geotecnia Mateus Fleury<\/span><\/span><\/b><span style=\"font-size:14.0pt\"><span style=\"line-height:115%\"> e voc&ecirc; &eacute; nosso convidado. Anote na agenda: <\/span><\/span><b><span style=\"font-size:14.0pt\"><span style=\"line-height:115%\">14\/09, &agrave;s 18h, no Instagram @CTG_ABINT<\/span><\/span><\/b><span style=\"font-size:14.0pt\"><span style=\"line-height:115%\">! At&eacute; l&aacute;!<\/span><\/span><\/span><\/span><\/span><\/p>\r\n\r\n<p style=\"text-align:justify\">&nbsp;<\/p>\r\n\r\n<p style=\"text-align:justify\"><span style=\"font-size:11pt\"><span style=\"line-height:115%\"><span style=\"font-family:&quot;Calibri&quot;,sans-serif\"><span style=\"font-size:14.0pt\"><span style=\"line-height:115%\"><img src=\"https:\/\/www.abint.org.br\/assets\/img\/editor\/fenasan-2022_20220913185117KsaRju5E7B.png\" \/><\/span><\/span><\/span><\/span><\/span><\/p>\r\n\r\n<p style=\"text-align:justify\"><span class=\"MsoHyperlink\" style=\"color:blue\"><span style=\"text-decoration:underline\"><span style=\"font-size:14.0pt\"><span style=\"line-height:115%\"><span style=\"font-family:&quot;Calibri&quot;,sans-serif\"><span style=\"text-decoration:none\"><span style=\"text-underline:none\">O CTG ABINT &eacute; apoiador do <b>33&ordm; Encontro T&eacute;cnico AESabesp \/ Fenasan 2022<\/b>, eventos que ocorrer&atilde;o de <b>13 a 15 de setembro<\/b>, no Pavilh&atilde;o Branco Expo Center Norte. <\/span><\/span><\/span><\/span><\/span><\/span><\/span><span style=\"font-size:11.0pt\"><span style=\"line-height:115%\"><span style=\"font-family:&quot;Calibri&quot;,sans-serif\"><a href=\"https:\/\/fenasan.com.br\/\" style=\"color:blue; text-decoration:underline\"><span style=\"font-size:14.0pt\"><span style=\"line-height:115%\">Informa&ccedil;&otilde;es<\/span><\/span><\/a><\/span><\/span><\/span><\/p>\r\n\r\n<p style=\"text-align:justify\">&nbsp;<\/p>\r\n\r\n<p style=\"text-align:justify\"><span style=\"font-size:11.0pt\"><span style=\"line-height:115%\"><span style=\"font-family:&quot;Calibri&quot;,sans-serif\"><span style=\"font-size:14.0pt\"><span style=\"line-height:115%\"><img src=\"https:\/\/www.abint.org.br\/assets\/img\/editor\/congresso-internacional-abit-2022_20220913185152gUQYL7pE4Z.png\" \/><\/span><\/span><\/span><\/span><\/span><\/p>\r\n\r\n<p style=\"text-align:justify\"><span class=\"MsoHyperlink\" style=\"color:blue\"><span style=\"text-decoration:underline\"><b><span style=\"font-size:14.0pt\"><span style=\"line-height:115%\"><span style=\"font-family:&quot;Calibri&quot;,sans-serif\"><span style=\"text-decoration:none\"><span style=\"text-underline:none\">A ABINT &eacute; uma das patrocinadoras do Congresso Internacional ABIT 2022<\/span><\/span><\/span><\/span><\/span><\/b><\/span><\/span><span class=\"MsoHyperlink\" style=\"color:blue\"><span style=\"text-decoration:underline\"><span style=\"font-size:14.0pt\"><span style=\"line-height:115%\"><span style=\"font-family:&quot;Calibri&quot;,sans-serif\"><span style=\"text-decoration:none\"><span style=\"text-underline:none\">, evento 100% presencial, que ocorrer&aacute; dias <b>03 e 04 de novembro<\/b>, em Belo Horizonte, MG. <\/span><\/span><\/span><\/span><\/span><\/span><\/span><span style=\"font-size:11.0pt\"><span style=\"line-height:115%\"><span style=\"font-family:&quot;Calibri&quot;,sans-serif\"><a href=\"https:\/\/www.congressoabit.com.br\/\" style=\"color:blue; text-decoration:underline\"><span style=\"font-size:14.0pt\"><span style=\"line-height:115%\">Informa&ccedil;&otilde;es<\/span><\/span><\/a><\/span><\/span><\/span><\/p>\r\n\r\n<p style=\"text-align:justify\">&nbsp;<\/p>\r\n\r\n<p style=\"text-align:justify\"><span style=\"font-size:11.0pt\"><span style=\"line-height:115%\"><span style=\"font-family:&quot;Calibri&quot;,sans-serif\"><span style=\"font-size:14.0pt\"><span style=\"line-height:115%\"><img height=\"283\" src=\"https:\/\/www.abint.org.br\/assets\/img\/editor\/partnerkit-conahp-retangular-cth-abint_202209131852335LojnIDBse.png\" width=\"500\" \/><\/span><\/span><\/span><\/span><\/span><\/p>\r\n\r\n<p style=\"text-align:justify\"><span class=\"MsoHyperlink\" style=\"color:blue\"><span style=\"text-decoration:underline\"><span style=\"font-size:14.0pt\"><span style=\"line-height:115%\"><span style=\"font-family:&quot;Calibri&quot;,sans-serif\"><span style=\"text-decoration:none\"><span style=\"text-underline:none\">O <b>CTH ABINT<\/b> &eacute; patrocinador do <\/span><\/span><\/span><\/span><\/span><\/span><\/span><span class=\"MsoHyperlink\" style=\"color:blue\"><span style=\"text-decoration:underline\"><b><span style=\"font-size:14.0pt\"><span style=\"line-height:115%\"><span style=\"font-family:&quot;Calibri&quot;,sans-serif\"><span style=\"text-decoration:none\"><span style=\"text-underline:none\">CONAHP 2022 - Congresso Nacional de Hospitais Privados<\/span><\/span><\/span><\/span><\/span><\/b><\/span><\/span><span class=\"MsoHyperlink\" style=\"color:blue\"><span style=\"text-decoration:underline\"><span style=\"font-size:14.0pt\"><span style=\"line-height:115%\"><span style=\"font-family:&quot;Calibri&quot;,sans-serif\"><span style=\"text-decoration:none\"><span style=\"text-underline:none\">, evento que ocorrer&aacute; <b>presencialmente nos dias 10 e 11 de novembro, Transam&eacute;rica Expo Center<\/b>, S&atilde;o Paulo, SP. <\/span><\/span><\/span><\/span><\/span><\/span><\/span><span style=\"font-size:11.0pt\"><span style=\"line-height:115%\"><span style=\"font-family:&quot;Calibri&quot;,sans-serif\"><a href=\"https:\/\/conahp.org.br\/2022\/\" style=\"color:blue; text-decoration:underline\"><span style=\"font-size:14.0pt\"><span style=\"line-height:115%\">Informa&ccedil;&otilde;es <\/span><\/span><\/a><\/span><\/span><\/span><\/p>\r\n\r\n<p style=\"text-align:justify\">&nbsp;<\/p>\r\n\r\n<p style=\"text-align:justify\"><span style=\"font-size:11pt\"><span style=\"line-height:normal\"><span style=\"font-family:&quot;Calibri&quot;,sans-serif\"><b><span style=\"font-size:18.0pt\"><span style=\"font-variant:small-caps\">Eventos<\/span><\/span><\/b><\/span><\/span><\/span><\/p>\r\n\r\n<p style=\"text-align:justify\"><span style=\"font-size:11pt\"><span style=\"line-height:normal\"><span style=\"font-family:&quot;Calibri&quot;,sans-serif\"><span class=\"MsoHyperlink\" style=\"color:blue\"><span style=\"text-decoration:underline\"><b><span style=\"font-size:14.0pt\"><span style=\"text-decoration:none\"><span style=\"text-underline:none\">12&ordm; Semin&aacute;rio Competitividade: Aprendendo a abrir caminhos - Os atalhos para o pl&aacute;stico se recriar e continuar a criar<\/span><\/span><\/span><\/b><\/span><\/span><span class=\"MsoHyperlink\" style=\"color:blue\"><span style=\"text-decoration:underline\"><span style=\"font-size:14.0pt\"><span style=\"text-decoration:none\"><span style=\"text-underline:none\">, 13 de setembro, 100% presencial, Hotel Meli&aacute;, Av. Paulista, 2181, S&atilde;o Paulo. <\/span><\/span><\/span><\/span><\/span><a href=\"https:\/\/plasticosemrevista.com.br\/competitividade-2022\" style=\"color:blue; text-decoration:underline\"><span style=\"font-size:14.0pt\">Programa&ccedil;&atilde;o<\/span><\/a><span class=\"MsoHyperlink\" style=\"color:blue\"><span style=\"text-decoration:underline\"><span style=\"font-size:14.0pt\"><span style=\"text-decoration:none\"><span style=\"text-underline:none\">. <\/span><\/span><\/span><\/span><\/span><a href=\"https:\/\/plasticosemrevista.com.br\/competitividade-2022-inscricao\" style=\"color:blue; text-decoration:underline\"><span style=\"font-size:14.0pt\">Inscri&ccedil;&otilde;es<\/span><\/a><span class=\"MsoHyperlink\" style=\"color:blue\"><span style=\"text-decoration:underline\"><span style=\"font-size:14.0pt\"><span style=\"text-decoration:none\"><span style=\"text-underline:none\">.<\/span><\/span><\/span><\/span><\/span><\/span><\/span><\/span><\/p>\r\n\r\n<p style=\"text-align:justify\"><span style=\"font-size:11pt\"><span style=\"line-height:normal\"><span style=\"font-family:&quot;Calibri&quot;,sans-serif\"><span class=\"MsoHyperlink\" style=\"color:blue\"><span style=\"text-decoration:underline\"><b><span style=\"font-size:14.0pt\"><span style=\"text-decoration:none\"><span style=\"text-underline:none\">E-Xport Meeting 2022: Semana do E-commerce Internacional<\/span><\/span><\/span><\/b><\/span><\/span><span class=\"MsoHyperlink\" style=\"color:blue\"><span style=\"text-decoration:underline\"><span style=\"font-size:14.0pt\"><span style=\"text-decoration:none\"><span style=\"text-underline:none\">, 13 a 16 de setembro, online e presencial, Campus ESPM, Rua Dr. &Aacute;lvaro Alvim, 123, Vila Mariana, S&atilde;o Paulo. <\/span><\/span><\/span><\/span><\/span><a href=\"https:\/\/apexbrasil.com.br\/e-xportmeeting-2022?msdynttrid=X7GMxImsXJRkjoe2vcUnfu7i7UwZlg7huEoOz1UzBI4&amp;utm_campaign=divulgacao_e-xport_meeting_2022_-_semana_do_e-commerce_internacional&amp;utm_medium=email&amp;utm_source=RD+Station#programmingtab-9085608db7-item-5a463ad13b-tab\" style=\"color:blue; text-decoration:underline\"><span style=\"font-size:14.0pt\">Informa&ccedil;&otilde;es<\/span><\/a> <\/span><\/span><\/span><\/p>\r\n\r\n<p style=\"text-align:justify\"><span style=\"font-size:11pt\"><span style=\"line-height:normal\"><span style=\"font-family:&quot;Calibri&quot;,sans-serif\"><span class=\"MsoHyperlink\" style=\"color:blue\"><span style=\"text-decoration:underline\"><b><span style=\"font-size:14.0pt\"><span style=\"text-decoration:none\"><span style=\"text-underline:none\">VDI-Brasil: 11&ordf; edi&ccedil;&atilde;o do Simp&oacute;sio Internacional de Excel&ecirc;ncia em Produ&ccedil;&atilde;o: tema &#39;Supply Chain&#39;<\/span><\/span><\/span><\/b><\/span><\/span><span class=\"MsoHyperlink\" style=\"color:blue\"><span style=\"text-decoration:underline\"><span style=\"font-size:14.0pt\"><span style=\"text-decoration:none\"><span style=\"text-underline:none\">, 14 de setembro, online e gratuito, <\/span><\/span><\/span><\/span><\/span><\/span><\/span><\/span><\/p>\r\n\r\n<p style=\"text-align:justify\"><span style=\"font-size:11pt\"><span style=\"line-height:normal\"><span style=\"font-family:&quot;Calibri&quot;,sans-serif\"><span class=\"MsoHyperlink\" style=\"color:blue\"><span style=\"text-decoration:underline\"><b><span style=\"font-size:14.0pt\"><span style=\"text-decoration:none\"><span style=\"text-underline:none\">eureciclo: Programa Recicla+: Perguntas e Respostas<\/span><\/span><\/span><\/b><\/span><\/span><span class=\"MsoHyperlink\" style=\"color:blue\"><span style=\"text-decoration:underline\"><span style=\"font-size:14.0pt\"><span style=\"text-decoration:none\"><span style=\"text-underline:none\">, 16 de setembro, &agrave;s 09h, gratuito e online. <\/span><\/span><\/span><\/span><\/span><a href=\"https:\/\/info.eureciclo.com.br\/recicla_mais-assoc?utm_campaign=Associa%C3%A7%C3%B5es%20Signat%C3%A1rias&amp;utm_medium=email&amp;_hsmi=225720421&amp;_hsenc=p2ANqtz-8ZnQtO8Em_7kk1PMJqcijxQtICEoVQn8bQNpuhlhP8iL4MhnVmZtoHKlD_mRI7R42Me_9ZHu8xbwVfFTjR3f8IScsxSA&amp;utm_content=225720421&amp;utm_source=hs_email\" style=\"color:blue; text-decoration:underline\"><span style=\"font-size:14.0pt\">Inscri&ccedil;&otilde;es<\/span><\/a> <\/span><\/span><\/span><\/p>\r\n\r\n<p style=\"text-align:justify\"><span style=\"font-size:11pt\"><span style=\"line-height:normal\"><span style=\"font-family:&quot;Calibri&quot;,sans-serif\"><span class=\"MsoHyperlink\" style=\"color:blue\"><span style=\"text-decoration:underline\"><b><span style=\"font-size:14.0pt\"><span style=\"text-decoration:none\"><span style=\"text-underline:none\">Simp&oacute;sio de Metrologia para &aacute;rea da Nanotecnologia<\/span><\/span><\/span><\/b><\/span><\/span><span class=\"MsoHyperlink\" style=\"color:blue\"><span style=\"text-decoration:underline\"><span style=\"font-size:14.0pt\"><span style=\"text-decoration:none\"><span style=\"text-underline:none\">, 19 a 22 de setembro, evento online. <\/span><\/span><\/span><\/span><\/span><a href=\"https:\/\/www.remesp.org.br\/eventos\/index\/metronano2022\/\" style=\"color:blue; text-decoration:underline\"><span style=\"font-size:14.0pt\">Informa&ccedil;&otilde;es<\/span><\/a><\/span><\/span><\/span><\/p>\r\n\r\n<p style=\"text-align:justify\"><span style=\"font-size:11pt\"><span style=\"line-height:normal\"><span style=\"font-family:&quot;Calibri&quot;,sans-serif\"><span class=\"MsoHyperlink\" style=\"color:blue\"><span style=\"text-decoration:underline\"><b><span style=\"font-size:14.0pt\"><span style=\"text-decoration:none\"><span style=\"text-underline:none\">Euromonitor Webinar: The New Era of Consumerism<\/span><\/span><\/span><\/b><\/span><\/span><span class=\"MsoHyperlink\" style=\"color:blue\"><span style=\"text-decoration:underline\"><span style=\"font-size:14.0pt\"><span style=\"text-decoration:none\"><span style=\"text-underline:none\">, 20 de setembro, 11h00. <\/span><\/span><\/span><\/span><\/span><a href=\"https:\/\/go.euromonitor.com\/index.php\/email\/emailWebview?md_id=120703\" style=\"color:blue; text-decoration:underline\"><span style=\"font-size:14.0pt\">Informa&ccedil;&otilde;es<\/span><\/a> <\/span><\/span><\/span><\/p>\r\n\r\n<p style=\"text-align:justify\"><span style=\"font-size:11pt\"><span style=\"line-height:normal\"><span style=\"font-family:&quot;Calibri&quot;,sans-serif\"><span class=\"MsoHyperlink\" style=\"color:blue\"><span style=\"text-decoration:underline\"><b><span style=\"font-size:14.0pt\"><span style=\"text-decoration:none\"><span style=\"text-underline:none\">Senai Cetiqt: Inova&ccedil;&atilde;o Aberta Brasil e Alemanha para a Ind&uacute;stria T&ecirc;xtil<\/span><\/span><\/span><\/b><\/span><\/span><span class=\"MsoHyperlink\" style=\"color:blue\"><span style=\"text-decoration:underline\"><span style=\"font-size:14.0pt\"><span style=\"text-decoration:none\"><span style=\"text-underline:none\">, 21 de setembro. <\/span><\/span><\/span><\/span><\/span><a href=\"https:\/\/app.rdstation.email\/mail\/23d068fa-557c-4849-877a-ff7076f4ad9a?utm_campaign=senai_cetiqt__convite_stfi&amp;utm_medium=email&amp;utm_source=RD+Station\" style=\"color:blue; text-decoration:underline\"><span style=\"font-size:14.0pt\">Informa&ccedil;&otilde;es<\/span><\/a><\/span><\/span><\/span><\/p>\r\n\r\n<p style=\"text-align:justify\"><span style=\"font-size:11pt\"><span style=\"line-height:normal\"><span style=\"font-family:&quot;Calibri&quot;,sans-serif\"><span class=\"MsoHyperlink\" style=\"color:blue\"><span style=\"text-decoration:underline\"><b><span style=\"font-size:14.0pt\"><span style=\"text-decoration:none\"><span style=\"text-underline:none\">Workshop Abit: Novo PGR NR-01: Aspectos t&eacute;cnicos e pr&aacute;ticos para uma boa gest&atilde;o de Sa&uacute;de e Seguran&ccedil;a no Trabalho<\/span><\/span><\/span><\/b><\/span><\/span><span class=\"MsoHyperlink\" style=\"color:blue\"><span style=\"text-decoration:underline\"><span style=\"font-size:14.0pt\"><span style=\"text-decoration:none\"><span style=\"text-underline:none\">, 29 de setembro, 09h00 &agrave;s 11h00. <\/span><\/span><\/span><\/span><\/span><a href=\"https:\/\/app.rdstation.email\/mail\/d4b5c26d-08bb-4ba6-a4f5-3273a068eb81?utm_campaign=workshop_nr01_-_01092022&amp;utm_medium=email&amp;utm_source=RD+Station\" style=\"color:blue; text-decoration:underline\"><span style=\"font-size:14.0pt\">Informa&ccedil;&otilde;es<\/span><\/a> <\/span><\/span><\/span><\/p>\r\n\r\n<p style=\"text-align:justify\"><span style=\"font-size:11pt\"><span style=\"line-height:normal\"><span style=\"font-family:&quot;Calibri&quot;,sans-serif\"><span class=\"MsoHyperlink\" style=\"color:blue\"><span style=\"text-decoration:underline\"><b><span style=\"font-size:14.0pt\"><span style=\"text-decoration:none\"><span style=\"text-underline:none\">Webinar CCBC: ESG e Compliance fiscal e tribut&aacute;rio<\/span><\/span><\/span><\/b><\/span><\/span><span class=\"MsoHyperlink\" style=\"color:blue\"><span style=\"text-decoration:underline\"><span style=\"font-size:14.0pt\"><span style=\"text-decoration:none\"><span style=\"text-underline:none\">, 30 de setembro, 14h00. <\/span><\/span><\/span><\/span><\/span><a href=\"https:\/\/app.rdstation.email\/mail\/f895b5fd-c4a2-41b3-baf3-a645c6ee8351?utm_campaign=caj_esg_e_compliance_fiscal_e_tributario&amp;utm_medium=email&amp;utm_source=RD+Station\" style=\"color:blue; text-decoration:underline\"><span style=\"font-size:14.0pt\">Informa&ccedil;&otilde;es<\/span><\/a> <\/span><\/span><\/span><\/p>\r\n\r\n<p style=\"text-align:justify\"><span style=\"font-size:11pt\"><span style=\"line-height:normal\"><span style=\"font-family:&quot;Calibri&quot;,sans-serif\"><span class=\"MsoHyperlink\" style=\"color:blue\"><span style=\"text-decoration:underline\"><b><span style=\"font-size:14.0pt\"><span style=\"text-decoration:none\"><span style=\"text-underline:none\">Feira HospitalMed, <\/span><\/span><\/span><\/b><\/span><\/span><span class=\"MsoHyperlink\" style=\"color:blue\"><span style=\"text-decoration:underline\"><span style=\"font-size:14.0pt\"><span style=\"text-decoration:none\"><span style=\"text-underline:none\">19 a 21 de outubro, Centro de Conven&ccedil;&otilde;es de Pernambuco. <\/span><\/span><\/span><\/span><\/span><a href=\"https:\/\/hospitalmed.com.br\/feira\/\" style=\"color:blue; text-decoration:underline\"><span style=\"font-size:14.0pt\">Informa&ccedil;&otilde;es <\/span><\/a><\/span><\/span><\/span><\/p>\r\n\r\n<p style=\"text-align:justify\"><span style=\"font-size:11pt\"><span style=\"line-height:normal\"><span style=\"font-family:&quot;Calibri&quot;,sans-serif\"><span class=\"MsoHyperlink\" style=\"color:blue\"><span style=\"text-decoration:underline\"><b><span style=\"font-size:14.0pt\"><span style=\"text-decoration:none\"><span style=\"text-underline:none\">THE Congress &ndash; NATURALfiberEXTRACTION<\/span><\/span><\/span><\/b><\/span><\/span><span class=\"MsoHyperlink\" style=\"color:blue\"><span style=\"text-decoration:underline\"><span style=\"font-size:14.0pt\"><span style=\"text-decoration:none\"><span style=\"text-underline:none\">, 26 de outubro de 2022, Stuttgart. <\/span><\/span><\/span><\/span><\/span><a href=\"https:\/\/www.afbw.eu\/aktuelles\/veranstaltungen\/details\/the-congress-naturalfiberpulping\/\" style=\"color:blue; text-decoration:underline\"><span style=\"font-size:14.0pt\">Informa&ccedil;&otilde;es<\/span><\/a><span class=\"MsoHyperlink\" style=\"color:blue\"><span style=\"text-decoration:underline\"><span style=\"font-size:14.0pt\"><span style=\"text-decoration:none\"><span style=\"text-underline:none\">.<\/span><\/span><\/span><\/span><\/span><\/span><\/span><\/span><\/p>\r\n\r\n<p style=\"text-align:justify\"><span style=\"font-size:11pt\"><span style=\"line-height:normal\"><span style=\"font-family:&quot;Calibri&quot;,sans-serif\"><span class=\"MsoHyperlink\" style=\"color:blue\"><span style=\"text-decoration:underline\"><b><span style=\"font-size:14.0pt\"><span style=\"text-decoration:none\"><span style=\"text-underline:none\">Innovate: Zero Carbon, Textiles&#39; journey to zero carbon<\/span><\/span><\/span><\/b><\/span><\/span><\/span><\/span><\/span><\/p>\r\n\r\n<p style=\"text-align:justify\"><span style=\"font-size:11pt\"><span style=\"line-height:normal\"><span style=\"font-family:&quot;Calibri&quot;,sans-serif\"><span class=\"MsoHyperlink\" style=\"color:blue\"><span style=\"text-decoration:underline\"><span style=\"font-size:14.0pt\"><span style=\"text-decoration:none\"><span style=\"text-underline:none\">When: 1-3 Nov 2022<\/span><\/span><\/span><\/span><\/span><\/span><\/span><\/span><\/p>\r\n\r\n<p style=\"text-align:justify\"><span style=\"font-size:11pt\"><span style=\"line-height:normal\"><span style=\"font-family:&quot;Calibri&quot;,sans-serif\"><span class=\"MsoHyperlink\" style=\"color:blue\"><span style=\"text-decoration:underline\"><span style=\"font-size:14.0pt\"><span style=\"text-decoration:none\"><span style=\"text-underline:none\">What time: 13:00&ndash;17:00 UTC \/ 9:00&ndash;13:00 EDT<\/span><\/span><\/span><\/span><\/span><\/span><\/span><\/span><\/p>\r\n\r\n<p style=\"text-align:justify\"><span style=\"font-size:11pt\"><span style=\"line-height:normal\"><span style=\"font-family:&quot;Calibri&quot;,sans-serif\"><span class=\"MsoHyperlink\" style=\"color:blue\"><span style=\"text-decoration:underline\"><span style=\"font-size:14.0pt\"><span style=\"text-decoration:none\"><span style=\"text-underline:none\">Where: Virtual, <\/span><\/span><\/span><\/span><\/span><a href=\"https:\/\/events.wtin.com\/event\/f5bac4f2-d902-41ba-9153-a4d80622877c\/summary\" style=\"color:blue; text-decoration:underline\"><span style=\"font-size:14.0pt\">events.wtin.com\/innovate<\/span><\/a><\/span><\/span><\/span><\/p>\r\n\r\n<p class=\"MsoTitle\" style=\"text-align:justify\"><span style=\"font-size:28pt\"><span style=\"font-family:&quot;Cambria&quot;,serif\"><span style=\"letter-spacing:-0.5pt\"><b><span style=\"font-size:18.0pt\"><span style=\"font-family:&quot;Calibri&quot;,sans-serif\"><span style=\"font-variant:small-caps\">Setor<\/span><\/span><\/span><\/b><\/span><\/span><\/span><\/p>\r\n\r\n<p style=\"text-align:justify\"><span style=\"font-size:11pt\"><span style=\"line-height:normal\"><span style=\"font-family:&quot;Calibri&quot;,sans-serif\"><a href=\"https:\/\/gauchazh.clicrbs.com.br\/pioneiro\/geral\/noticia\/2022\/09\/aproveitamento-de-agua-da-chuva-e-alternativa-para-periodos-de-estiagem-na-serra-cl7oti7do003p0153uopy8kyw.html#amp_tf=De%20%251%24s&amp;aoh=16629309072530&amp;referrer=https%3A%2F%2Fwww.google.com&amp;ampshare=https%3A%2F%2Fgauchazh.clicrbs.com.br%2Fpioneiro%2Fgeral%2Fnoticia%2F2022%2F09%2Faproveitamento-de-agua-da-chuva-e-alternativa-para-periodos-de-estiagem-na-serra-cl7oti7do003p0153uopy8kyw.html\" style=\"color:blue; text-decoration:underline\"><span style=\"font-size:14.0pt\">Geomembrana: Aproveitamento de &aacute;gua da chuva &eacute; alternativa para per&iacute;odos de estiagem na Serra<\/span><\/a><\/span><\/span><\/span><\/p>\r\n\r\n<p style=\"text-align:justify\"><span style=\"font-size:11pt\"><span style=\"line-height:normal\"><span style=\"font-family:&quot;Calibri&quot;,sans-serif\"><a href=\"https:\/\/www.moneytimes.com.br\/cai-obrigatoriedade-de-uso-de-mascara-no-transporte-publico-em-sao-paulo\/\" style=\"color:blue; text-decoration:underline\"><span style=\"font-size:14.0pt\">Cai obrigatoriedade de uso de m&aacute;scara no transporte p&uacute;blico em S&atilde;o Paulo<\/span><\/a><\/span><\/span><\/span><\/p>\r\n\r\n<p style=\"text-align:justify\"><span style=\"font-size:11pt\"><span style=\"line-height:normal\"><span style=\"font-family:&quot;Calibri&quot;,sans-serif\"><a href=\"https:\/\/br.fashionnetwork.com\/news\/Usaflex-lanca-sapato-a-base-de-cana-de-acucar-espumas-recicladas-e-reducao-de-residuos,1437211.html\" style=\"color:blue; text-decoration:underline\"><span style=\"font-size:14.0pt\">Feito em n&atilde;otecido: Usaflex lan&ccedil;a sapato &agrave; base de cana-de-a&ccedil;&uacute;car, espumas recicladas e redu&ccedil;&atilde;o de res&iacute;duos<\/span><\/a><\/span><\/span><\/span><\/p>\r\n\r\n<p style=\"text-align:justify\"><span style=\"font-size:11pt\"><span style=\"line-height:normal\"><span style=\"font-family:&quot;Calibri&quot;,sans-serif\"><a href=\"https:\/\/www.innovationintextiles.com\/nonwovens\/the-push-for-less-plastic-in-nonwovens\/\" style=\"color:blue; text-decoration:underline\"><span style=\"font-size:14.0pt\">The push for less plastic in nonwovens<\/span><\/a><\/span><\/span><\/span><\/p>\r\n\r\n<p style=\"text-align:justify\"><span style=\"font-size:11pt\"><span style=\"line-height:normal\"><span style=\"font-family:&quot;Calibri&quot;,sans-serif\"><a href=\"https:\/\/www.nonwovens-industry.com\/contents\/view_breaking-news\/2022-09-08\/nike-uses-needlepunch-technology-for-new-line-of-apparel?utm_campaign=NON+eNewsletter&amp;utm_medium=email&amp;_hsmi=225438908&amp;_hsenc=p2ANqtz-_Y6c5A1SzPv4OG5jSqvMF8_jbR3r4LRkjcW-518daVjDSL3cehl7LNSvg0Ii_Q1Q059hd5eWASDpaY_u4QCXdkLWDBVA&amp;utm_content=225438908&amp;utm_source=hs_email\" style=\"color:blue; text-decoration:underline\"><span style=\"font-size:14.0pt\">Nike Uses Needlepunch Technology for New Line of Apparel<\/span><\/a><\/span><\/span><\/span><\/p>\r\n\r\n<p style=\"text-align:justify\"><span style=\"font-size:11pt\"><span style=\"line-height:normal\"><span style=\"font-family:&quot;Calibri&quot;,sans-serif\"><a href=\"https:\/\/www.indexnonwovens.com\/en\/news\/the-ice-won-t-melt-overnight-1441?utm_campaign=INDEX%20Newsletter%20September%202022&amp;utm_medium=email&amp;utm_source=Mailjet\" style=\"color:blue; text-decoration:underline\"><span style=\"font-size:14.0pt\">Automotive: The ICE won&rsquo;t melt overnight&hellip;<\/span><\/a><\/span><\/span><\/span><\/p>\r\n\r\n<p style=\"text-align:justify\"><span style=\"font-size:11pt\"><span style=\"line-height:normal\"><span style=\"font-family:&quot;Calibri&quot;,sans-serif\"><a href=\"https:\/\/www.fibre2fashion.com\/news\/textile-news\/share-of-polyester-in-global-fibre-market-to-reduce-slightly-by-2025--282889-newsdetails.htm\" style=\"color:blue; text-decoration:underline\"><span style=\"font-size:14.0pt\">Share of polyester in global fibre market to reduce slightly by 2025<\/span><\/a><\/span><\/span><\/span><\/p>\r\n\r\n<p style=\"text-align:justify\"><span style=\"font-size:11pt\"><span style=\"line-height:normal\"><span style=\"font-family:&quot;Calibri&quot;,sans-serif\"><a href=\"https:\/\/www.textiletechnology.net\/fibers\/news\/andritz-engineering-for-textile-recycling-to-ifc-32823?utm_source=%2Fmeta%2Fnewsletter%2Fnewsletter&amp;utm_medium=newsletter&amp;utm_campaign=nl961&amp;utm_term=0801b20e08c3242125d512808cd74302\" style=\"color:blue; text-decoration:underline\"><span style=\"font-size:14.0pt\">Andritz: Engineering for textile recycling to IFC<\/span><\/a><\/span><\/span><\/span><\/p>\r\n\r\n<p style=\"text-align:justify\"><span style=\"font-size:11pt\"><span style=\"line-height:normal\"><span style=\"font-family:&quot;Calibri&quot;,sans-serif\"><a href=\"https:\/\/www.nonwovens-industry.com\/contents\/view_breaking-news\/2022-09-06\/two-berry-nonwovens-plants-earn-iscc-plus-designation?utm_campaign=NON+eNewsletter&amp;utm_medium=email&amp;_hsmi=225438908&amp;_hsenc=p2ANqtz-8LN9225kHQJFA3Nag6v7JY1zqIKyzSspSRyRp3Ao1Y1r5Fy3A8POaNzloJAB2m623zYYXe8H69BcrTQA9yBbfcySQW3Q&amp;utm_content=225438908&amp;utm_source=hs_email\" style=\"color:blue; text-decoration:underline\"><span style=\"font-size:14.0pt\">Two Berry Nonwovens Plants Earn ISCC Plus Designation<\/span><\/a><\/span><\/span><\/span><\/p>\r\n\r\n<p style=\"text-align:justify\"><span style=\"font-size:11pt\"><span style=\"line-height:normal\"><span style=\"font-family:&quot;Calibri&quot;,sans-serif\"><a href=\"https:\/\/www.nonwovens-industry.com\/contents\/view_breaking-news\/2022-09-07\/fibertex-personal-care-supplying-sustainable-nonwovens-for-diapers?utm_campaign=NON+eNewsletter&amp;utm_medium=email&amp;_hsmi=225438908&amp;_hsenc=p2ANqtz-9m3d8R878ApXekBVumM6_an34QAdB5IB2N1AeSpKjp9p75SVCqtqRh3PbDIAtFC5AYmdLJFFrNZpjl_Pq11ruKElbg5g&amp;utm_content=225438908&amp;utm_source=hs_email\" style=\"color:blue; text-decoration:underline\"><span style=\"font-size:14.0pt\">Fibertex Personal Care Supplying Sustainable Nonwovens For Diapers<\/span><\/a><\/span><\/span><\/span><\/p>\r\n\r\n<p style=\"text-align:justify\"><span style=\"font-size:11pt\"><span style=\"line-height:normal\"><span style=\"font-family:&quot;Calibri&quot;,sans-serif\"><a href=\"https:\/\/www.textiletechnology.net\/technology\/news\/freudenberg-apparel-technical-solution-center-opened-in-china-32803?utm_source=%2Fmeta%2Fnewsletter%2Fnewsletter&amp;utm_medium=newsletter&amp;utm_campaign=nl958&amp;utm_term=0801b20e08c3242125d512808cd74302\" style=\"color:blue; text-decoration:underline\"><span style=\"font-size:14.0pt\">Freudenberg: Apparel Technical Solution Center opened in China<\/span><\/a><\/span><\/span><\/span><\/p>\r\n\r\n<p style=\"text-align:justify\"><span style=\"font-size:11pt\"><span style=\"line-height:normal\"><span style=\"font-family:&quot;Calibri&quot;,sans-serif\"><a href=\"https:\/\/www.textiletechnology.net\/nonwovens\/management\/suominen-composition-of-nomination-board-32789?utm_source=%2Fmeta%2Fnewsletter%2Fnewsletter&amp;utm_medium=newsletter&amp;utm_campaign=nl957&amp;utm_term=0801b20e08c3242125d512808cd74302\" style=\"color:blue; text-decoration:underline\"><span style=\"font-size:14.0pt\">Suominen: Composition of Nomination Board<\/span><\/a><\/span><\/span><\/span><\/p>\r\n\r\n<p class=\"MsoTitle\" style=\"text-align:justify\"><span style=\"font-size:28pt\"><span style=\"font-family:&quot;Cambria&quot;,serif\"><span style=\"letter-spacing:-0.5pt\"><b><span style=\"font-size:18.0pt\"><span style=\"font-family:&quot;Calibri&quot;,sans-serif\"><span style=\"font-variant:small-caps\">Ind&uacute;stria<\/span><\/span><\/span><\/b><\/span><\/span><\/span><\/p>\r\n\r\n<p style=\"text-align:justify\"><span style=\"font-size:11pt\"><span style=\"line-height:normal\"><span style=\"font-family:&quot;Calibri&quot;,sans-serif\"><a href=\"https:\/\/noticias.portaldaindustria.com.br\/posicionamentos\/emprego-e-investimentos-puxam-crescimento-da-industria-no-2o-trimestre-de-2022-avalia-cni\/\" style=\"color:blue; text-decoration:underline\"><span style=\"font-size:14.0pt\">Emprego e investimentos puxam crescimento da ind&uacute;stria no 2&ordm; trimestre de 2022, avalia CNI<\/span><\/a><\/span><\/span><\/span><\/p>\r\n\r\n<p style=\"text-align:justify\"><span style=\"font-size:11pt\"><span style=\"line-height:normal\"><span style=\"font-family:&quot;Calibri&quot;,sans-serif\"><a href=\"http:\/\/www.revistaanamaco.com.br\/estudo-sugere-recuperacao-do-mercado-de-trabalho-na-industria?utm_campaign=Revista+Anamaco+Online&amp;utm_content=Estudo+sugere+recupera%C3%A7%C3%A3o+do+mercado+de+trabalho+-+Revista+Anamaco+%286%29&amp;utm_medium=email&amp;utm_source=EmailMarketing&amp;utm_term=Revista+Anamaco+Online-Newsletter%2364-2022\" style=\"color:blue; text-decoration:underline\"><span style=\"font-size:14.0pt\">Estudo sugere recupera&ccedil;&atilde;o do mercado de trabalho na ind&uacute;stria<\/span><\/a><\/span><\/span><\/span><\/p>\r\n\r\n<p style=\"text-align:justify\"><span style=\"font-size:11pt\"><span style=\"line-height:normal\"><span style=\"font-family:&quot;Calibri&quot;,sans-serif\"><a href=\"https:\/\/www.fiesp.com.br\/noticias\/custo-brasil-encarece-os-bens-industriais-brasileiros-em-254\/\" style=\"color:blue; text-decoration:underline\"><span style=\"font-size:14.0pt\">Custo Brasil encarece os bens industriais brasileiros em 25,4%<\/span><\/a><\/span><\/span><\/span><\/p>\r\n\r\n<p style=\"text-align:justify\"><span style=\"font-size:11pt\"><span style=\"line-height:normal\"><span style=\"font-family:&quot;Calibri&quot;,sans-serif\"><a href=\"https:\/\/exclusivo.com.br\/_conteudo\/negocios\/2022\/09\/06\/calcado-registra-alta-na-atividade-industrial-no-rio-grande-do-sul.html?utm_campaign=Cal%C3%A7ado+registra+alta+na+atividade+industrial+no+Rio+Grande+do+Sul&amp;utm_content=Cal%C3%A7ado+registra+alta+na+atividade+industrial+no+Rio+Grande+do+Sul+-+Jornal+Exclusivo+%283%29&amp;utm_medium=email&amp;utm_source=EmailMarketing&amp;utm_term=Cal%C3%A7ado+registra+alta+na+atividade+industrial+no+Rio+Grande+do+Sul\" style=\"color:blue; text-decoration:underline\"><span style=\"font-size:14.0pt\">Cal&ccedil;ado registra alta na atividade industrial no Rio Grande do Sul<\/span><\/a> <\/span><\/span><\/span><\/p>\r\n\r\n<p style=\"text-align:justify\"><span style=\"font-size:11pt\"><span style=\"line-height:normal\"><span style=\"font-family:&quot;Calibri&quot;,sans-serif\"><a href=\"http:\/\/abimovel.com\/conjuntura-de-moveis-abimovel-divulga-desempenho-da-industria-de-moveis-no-1o-semestre-de-2022\/?utm_campaign=conjuntura_de_moveis_abimovel_divulga_desempenho_da_industria_de_moveis_no_1_semestre_de_2022&amp;utm_medium=email&amp;utm_source=RD+Station\" style=\"color:blue; text-decoration:underline\"><span style=\"font-size:14.0pt\">Conjuntura de M&oacute;veis: ABIM&Oacute;VEL divulga desempenho da ind&uacute;stria de m&oacute;veis no 1&ordm; semestre de 2022<\/span><\/a><\/span><\/span><\/span><\/p>\r\n\r\n<p style=\"text-align:justify\"><span style=\"font-size:11pt\"><span style=\"line-height:normal\"><span style=\"font-family:&quot;Calibri&quot;,sans-serif\"><a href=\"https:\/\/almaco.org.br\/2022\/09\/08\/estudo-da-almaco-preve-retracao-de-25-no-consumo-de-compositos-em-2022\/\" style=\"color:blue; text-decoration:underline\"><span style=\"font-size:14.0pt\">Estudo da ALMACO prev&ecirc; retra&ccedil;&atilde;o de 2,5% no consumo de comp&oacute;sitos em 2022<\/span><\/a><\/span><\/span><\/span><\/p>\r\n\r\n<p style=\"text-align:justify\"><span style=\"font-size:11pt\"><span style=\"line-height:normal\"><span style=\"font-family:&quot;Calibri&quot;,sans-serif\"><a href=\"https:\/\/estradas.com.br\/producao-de-veiculos-acumula-alta-de-quase-5-em-relacao-ao-mesmo-periodo-de-2021\/\" style=\"color:blue; text-decoration:underline\"><span style=\"font-size:14.0pt\">Produ&ccedil;&atilde;o de ve&iacute;culos acumula alta de quase 5% em rela&ccedil;&atilde;o ao mesmo per&iacute;odo de 2021<\/span><\/a><\/span><\/span><\/span><\/p>\r\n\r\n<p class=\"MsoTitle\" style=\"text-align:justify\"><span style=\"font-size:28pt\"><span style=\"font-family:&quot;Cambria&quot;,serif\"><span style=\"letter-spacing:-0.5pt\"><b><span style=\"font-size:18.0pt\"><span style=\"font-family:&quot;Calibri&quot;,sans-serif\"><span style=\"font-variant:small-caps\">Sustentabilidade<\/span><\/span><\/span><\/b><\/span><\/span><\/span><\/p>\r\n\r\n<p style=\"text-align:justify\"><span style=\"font-size:11pt\"><span style=\"line-height:normal\"><span style=\"font-family:&quot;Calibri&quot;,sans-serif\"><a href=\"https:\/\/www.textiletechnology.net\/fibers\/commentary\/chemical-fibers-international-32022-scaling-textile-recycling-in-europe-32731?utm_source=%2Fmeta%2Fnewsletter%2Fnewsletter&amp;utm_medium=newsletter&amp;utm_campaign=nl958&amp;utm_term=0801b20e08c3242125d512808cd74302\" style=\"color:blue; text-decoration:underline\"><span style=\"font-size:14.0pt\">Scaling textile recycling in Europe<\/span><\/a><\/span><\/span><\/span><\/p>\r\n\r\n<p style=\"text-align:justify\"><span style=\"font-size:11pt\"><span style=\"line-height:normal\"><span style=\"font-family:&quot;Calibri&quot;,sans-serif\"><a href=\"http:\/\/emkt.fiesp.ind.br\/emkt\/tracer\/?1,7258735,460d08b8,f083\" style=\"color:blue; text-decoration:underline\"><span style=\"font-size:14.0pt\">FIESP: Desenvolve SP reduz taxas do cr&eacute;dito para projetos de inova&ccedil;&atilde;o e ESG<\/span><\/a><\/span><\/span><\/span><\/p>\r\n\r\n<p style=\"text-align:justify\"><span style=\"font-size:11pt\"><span style=\"line-height:normal\"><span style=\"font-family:&quot;Calibri&quot;,sans-serif\"><a href=\"https:\/\/ciclovivo.com.br\/inovacao\/inspiracao\/brasileiras-criam-absorvente-biodegradavel-e-ganham-premio-na-suecia\/\" style=\"color:blue; text-decoration:underline\"><span style=\"font-size:14.0pt\">Brasileiras criam absorvente biodegrad&aacute;vel e ganham pr&ecirc;mio na Su&eacute;cia<\/span><\/a><\/span><\/span><\/span><\/p>\r\n\r\n<p style=\"text-align:justify\"><span style=\"font-size:11pt\"><span style=\"line-height:normal\"><span style=\"font-family:&quot;Calibri&quot;,sans-serif\"><a href=\"https:\/\/canaltech.com.br\/saude\/microplasticos-sao-encontrados-pela-1a-vez-na-agua-acumulada-em-plantas-224989\/\" style=\"color:blue; text-decoration:underline\"><span style=\"font-size:14.0pt\">Micropl&aacute;sticos s&atilde;o encontrados pela 1&ordf; vez na &aacute;gua acumulada em plantas<\/span><\/a><\/span><\/span><\/span><\/p>\r\n\r\n<p class=\"MsoTitle\" style=\"text-align:justify\"><span style=\"font-size:28pt\"><span style=\"font-family:&quot;Cambria&quot;,serif\"><span style=\"letter-spacing:-0.5pt\"><b><span style=\"font-size:18.0pt\"><span style=\"font-family:&quot;Calibri&quot;,sans-serif\"><span style=\"font-variant:small-caps\">Inova&ccedil;&atilde;o<\/span><\/span><\/span><\/b><\/span><\/span><\/span><\/p>\r\n\r\n<p style=\"text-align:justify\"><span style=\"font-size:11pt\"><span style=\"line-height:normal\"><span style=\"font-family:&quot;Calibri&quot;,sans-serif\"><a href=\"https:\/\/senaicetiqt.com\/senai-cetiqt-desempenha-forte-atuacao-na-area-de-defesa\/?utm_campaign=senai_cetiqt__atuacao_cetiqt_area_de_defesa&amp;utm_medium=email&amp;utm_source=RD+Station\" style=\"color:blue; text-decoration:underline\"><span style=\"font-size:14.0pt\">SENAI CETIQT desempenha forte atua&ccedil;&atilde;o na &aacute;rea de Defesa<\/span><\/a><\/span><\/span><\/span><\/p>\r\n\r\n<p style=\"text-align:justify\"><span style=\"font-size:11pt\"><span style=\"line-height:normal\"><span style=\"font-family:&quot;Calibri&quot;,sans-serif\"><a href=\"https:\/\/ciclovivo.com.br\/inovacao\/tecnologia\/plastico-usado-em-embalagens-e-transformado-em-diamantes\/\" style=\"color:blue; text-decoration:underline\"><span style=\"font-size:14.0pt\">Pl&aacute;stico usado em embalagens &eacute; transformado em diamantes<\/span><\/a><\/span><\/span><\/span><\/p>\r\n\r\n<p class=\"MsoTitle\" style=\"text-align:justify\"><span style=\"font-size:28pt\"><span style=\"font-family:&quot;Cambria&quot;,serif\"><span style=\"letter-spacing:-0.5pt\"><b><span style=\"font-size:18.0pt\"><span style=\"font-family:&quot;Calibri&quot;,sans-serif\"><span style=\"font-variant:small-caps\">Com&eacute;rcio Exterior<\/span><\/span><\/span><\/b><\/span><\/span><\/span><\/p>\r\n\r\n<p style=\"text-align:justify\"><span style=\"font-size:11pt\"><span style=\"line-height:normal\"><span style=\"font-family:&quot;Calibri&quot;,sans-serif\"><a href=\"http:\/\/emkt.fiesp.ind.br\/emkt\/tracer\/?1,7259078,460d08b8,f1c2\" style=\"color:blue; text-decoration:underline\"><span style=\"font-size:14.0pt\">Legisla&ccedil;&atilde;o possibilita uso de drawback suspens&atilde;o para compra de servi&ccedil;o<\/span><\/a><\/span><\/span><\/span><\/p>\r\n\r\n<p style=\"text-align:justify\"><span style=\"font-size:11pt\"><span style=\"line-height:normal\"><span style=\"font-family:&quot;Calibri&quot;,sans-serif\"><a href=\"https:\/\/www.comexdobrasil.com\/china-e-eua-superpotencias-sao-principais-fontes-do-superavit-e-deficit-acumulados-pelo-brasil-no-comercio-exterior\/\" style=\"color:blue; text-decoration:underline\"><span style=\"font-size:14.0pt\">China e EUA superpot&ecirc;ncias s&atilde;o principais fontes do superavit e d&eacute;ficit acumulados pelo brasil no com&eacute;rcio exterior<\/span><\/a><\/span><\/span><\/span><\/p>\r\n\r\n<p style=\"text-align:justify\"><span style=\"font-size:11pt\"><span style=\"line-height:normal\"><span style=\"font-family:&quot;Calibri&quot;,sans-serif\"><a href=\"https:\/\/www.comexdobrasil.com\/vendas-externas-do-setor-automotivo-se-recuperam-e-voltam-a-superar-patamares-do-periodo-pre-pandemia\/\" style=\"color:blue; text-decoration:underline\"><span style=\"font-size:14.0pt\">Vendas externas do setor automotivo se recuperam e voltam a superar patamares do per&iacute;odo pr&eacute; pandemia<\/span><\/a><\/span><\/span><\/span><\/p>\r\n\r\n<p style=\"text-align:justify\"><span style=\"font-size:11pt\"><span style=\"line-height:normal\"><span style=\"font-family:&quot;Calibri&quot;,sans-serif\"><a href=\"https:\/\/www.abicalcados.com.br\/noticia\/exportacoes-de-calcados-ja-aumentaram-35-em-relacao-a-pre-pandemia\" style=\"color:blue; text-decoration:underline\"><span style=\"font-size:14.0pt\">Exporta&ccedil;&otilde;es de cal&ccedil;ados j&aacute; aumentaram 35% em rela&ccedil;&atilde;o &agrave; pr&eacute;-pandemia<\/span><\/a><\/span><\/span><\/span><\/p>\r\n\r\n<p class=\"MsoTitle\" style=\"text-align:justify\"><span style=\"font-size:28pt\"><span style=\"font-family:&quot;Cambria&quot;,serif\"><span style=\"letter-spacing:-0.5pt\"><b><span style=\"font-size:18.0pt\"><span style=\"font-family:&quot;Calibri&quot;,sans-serif\"><span style=\"font-variant:small-caps\">Economia<\/span><\/span><\/span><\/b><\/span><\/span><\/span><\/p>\r\n\r\n<p style=\"text-align:justify\"><span style=\"font-size:11pt\"><span style=\"line-height:normal\"><span style=\"font-family:&quot;Calibri&quot;,sans-serif\"><a href=\"https:\/\/www.bcb.gov.br\/content\/focus\/focus\/R20220909.pdf\" style=\"color:blue; text-decoration:underline\"><span style=\"font-size:14.0pt\">Focus: Relat&oacute;rio de Mercado<\/span><\/a><\/span><\/span><\/span><\/p>\r\n\r\n<p style=\"text-align:justify\"><span style=\"font-size:11pt\"><span style=\"line-height:normal\"><span style=\"font-family:&quot;Calibri&quot;,sans-serif\"><a href=\"https:\/\/www.bcb.gov.br\/content\/controleinflacao\/focustop5\/T20220909-Institui%C3%A7%C3%B5es%20Top%205%20-%20Agosto%20de%202022.pdf\" style=\"color:blue; text-decoration:underline\"><span style=\"font-size:14.0pt\">Focus &ndash; Top 5 &ndash; Expectativas de Mercado.<\/span><\/a><\/span><\/span><\/span><\/p>\r\n\r\n<p style=\"text-align:justify\"><span style=\"font-size:11pt\"><span style=\"line-height:normal\"><span style=\"font-family:&quot;Calibri&quot;,sans-serif\"><a href=\"https:\/\/www.conexaopolitica.com.br\/economia\/brasil-deflacao-agosto-aponta-ibge-ipca-inpc\/\" style=\"color:blue; text-decoration:underline\"><span style=\"font-size:14.0pt\">Brasil registra defla&ccedil;&atilde;o de 0,36% em agosto, aponta IBGE<\/span><\/a><\/span><\/span><\/span><\/p>\r\n\r\n<p style=\"text-align:justify\"><span style=\"font-size:11pt\"><span style=\"line-height:normal\"><span style=\"font-family:&quot;Calibri&quot;,sans-serif\"><a href=\"https:\/\/agenciabrasil.ebc.com.br\/economia\/noticia\/2022-09\/mercado-financeiro-reduz-projecao-da-inflacao-de-661-para-64\" style=\"color:blue; text-decoration:underline\"><span style=\"font-size:14.0pt\">Mercado financeiro reduz proje&ccedil;&atilde;o da infla&ccedil;&atilde;o de 6,61% para 6,4%<\/span><\/a><\/span><\/span><\/span><\/p>\r\n\r\n<p style=\"text-align:justify\"><span style=\"font-size:11pt\"><span style=\"line-height:normal\"><span style=\"font-family:&quot;Calibri&quot;,sans-serif\"><a href=\"https:\/\/portalibre.fgv.br\/sites\/default\/files\/2022-09\/09ce2022-carta-do-ibre.pdf\" style=\"color:blue; text-decoration:underline\"><span style=\"font-size:14.0pt\">Riscos fiscais de 2023 est&atilde;o mapeados, mas ainda falta uma solu&ccedil;&atilde;o para o Or&ccedil;amento<\/span><\/a><\/span><\/span><\/span><\/p>\r\n\r\n<p style=\"text-align:justify\"><span style=\"font-size:11pt\"><span style=\"line-height:normal\"><span style=\"font-family:&quot;Calibri&quot;,sans-serif\"><a href=\"https:\/\/portalibre.fgv.br\/noticias\/barometros-globais-sinalizam-continuidade-da-fase-de-desaceleracao-da-economia-mundial-em\" style=\"color:blue; text-decoration:underline\"><span style=\"font-size:14.0pt\">Bar&ocirc;metros Globais sinalizam continuidade da fase de desacelera&ccedil;&atilde;o da economia mundial em setembro<\/span><\/a><\/span><\/span><\/span><\/p>\r\n\r\n<p style=\"text-align:justify\"><span style=\"font-size:11pt\"><span style=\"line-height:normal\"><span style=\"font-family:&quot;Calibri&quot;,sans-serif\"><a href=\"https:\/\/grandesconstrucoes.com.br\/Noticias\/Exibir\/pib-da-construcao-tem-alta-de-95-no-semestre-e-puxa-crescimento-da-economia-brasileira?utm_source=akna&amp;utm_medium=email&amp;utm_campaign=Grandes-Construcoes-Informativo-828-08-09-2022&amp;utm_source=akna&amp;utm_medium=email&amp;utm_campaign=Grandes-Construcoes-Informativo-828-08-09-2022\" style=\"color:blue; text-decoration:underline\"><span style=\"font-size:14.0pt\">PIB da constru&ccedil;&atilde;o tem alta de 9,5% no semestre<\/span><\/a><\/span><\/span><\/span><\/p>\r\n\r\n<p style=\"text-align:justify\"><span style=\"font-size:11pt\"><span style=\"line-height:normal\"><span style=\"font-family:&quot;Calibri&quot;,sans-serif\"><a href=\"https:\/\/go.euromonitor.com\/rs\/805-KOK-719\/images\/GEF_2022Q3_FINAL_KT.pdf\" style=\"color:blue; text-decoration:underline\"><span style=\"font-size:14.0pt\">Euromonitor International: Global Economic Forecasts: Q3 2022<\/span><\/a><\/span><\/span><\/span><\/p>\r\n\r\n<p style=\"text-align:justify\"><span style=\"font-size:11pt\"><span style=\"line-height:normal\"><span style=\"font-family:&quot;Calibri&quot;,sans-serif\"><a href=\"https:\/\/markets.businessinsider.com\/news\/stocks\/mark-mobius-stock-market-outlook-fed-china-europe-energy-crisis-2022-9\" style=\"color:blue; text-decoration:underline\"><span style=\"font-size:14.0pt\">Veteran investor Mark Mobius predicts more pain for US markets - and issues a bleak outlook for China and Europe<\/span><\/a><\/span><\/span><\/span><\/p>\r\n\r\n<p style=\"text-align:justify\"><span style=\"font-size:11pt\"><span style=\"line-height:normal\"><span style=\"font-family:&quot;Calibri&quot;,sans-serif\"><a href=\"https:\/\/markets.businessinsider.com\/news\/commodities\/paul-krugman-europe-energy-crisis-prices-cap-natural-gas-russia-2022-9\" style=\"color:blue; text-decoration:underline\"><span style=\"font-size:14.0pt\">Paul Krugman says Europe&#39;s energy crisis won&#39;t be crippling, but letting prices soar &#39;isn&#39;t really an option&#39;<\/span><\/a><\/span><\/span><\/span><\/p>\r\n\r\n<p style=\"text-align:justify\"><span style=\"font-size:11pt\"><span style=\"line-height:normal\"><span style=\"font-family:&quot;Calibri&quot;,sans-serif\"><a href=\"https:\/\/www.businessinsider.com\/growth-recession-outlook-federal-reserve-inflation-unemployment-hiring-jobs-workers-2022-9?nr_email_referer=1&amp;utm_source=Sailthru&amp;utm_medium=email&amp;utm_content=Business_Insider_select&amp;pt=385758&amp;ct=Sailthru_BI_Newsletters&amp;mt=8&amp;utm_campaign=Business%20Insider%20-%20Algorithm%20Test%202022-09-08&amp;utm_term=INSIDER%20SELECT%20-%20ENGAGED%2C%20ACTIVE%2C%20PASSIVE%2C%20DISENGAGED%2C%20NEW\" style=\"color:blue; text-decoration:underline\"><span style=\"font-size:14.0pt\">The Fed has decided the US will need a &#39;growth recession&#39; to rein in inflation. Here&#39;s why it&#39;s bad news for job seekers.<\/span><\/a><\/span><\/span><\/span><\/p>\r\n","6":"<p style=\"text-align:justify\"><span style=\"font-size:11pt\"><span style=\"line-height:normal\"><span style=\"font-family:&quot;Calibri&quot;,sans-serif\"><span style=\"font-size:14.0pt\">Esta &eacute; uma compila&ccedil;&atilde;o das not&iacute;cias mais relevantes para o setor, incluindo informa&ccedil;&otilde;es sobre acordos internacionais, economia brasileira, sustentabilidade e mat&eacute;rias primas, al&eacute;m de novidades do setor de N&atilde;otecidos e Tecidos T&eacute;cnicos.<\/span><\/span><\/span><\/span><\/p>\r\n\r\n<p class=\"MsoTitle\" style=\"text-align:justify\"><span style=\"font-size:28pt\"><span style=\"font-family:&quot;Cambria&quot;,serif\"><span style=\"letter-spacing:-0.5pt\"><b><span style=\"font-size:18.0pt\"><span style=\"font-family:&quot;Calibri&quot;,sans-serif\"><span style=\"font-variant:small-caps\">A&ccedil;&otilde;es da ABINT<\/span><\/span><\/span><\/b><\/span><\/span><\/span><\/p>\r\n\r\n<p style=\"text-align:justify\"><span style=\"font-size:11pt\"><span style=\"line-height:normal\"><span style=\"font-family:&quot;Calibri&quot;,sans-serif\"><span class=\"MsoHyperlink\" style=\"color:blue\"><span style=\"text-decoration:underline\"><b><span style=\"font-size:14.0pt\"><span style=\"text-decoration:none\"><span style=\"text-underline:none\">Curso ABINT Tecnologia dos N&atilde;otecidos<\/span><\/span><\/span><\/b><\/span><\/span> <a href=\"https:\/\/pt.surveymonkey.com\/r\/inscricaocurso\" style=\"color:blue; text-decoration:underline\"><b><span style=\"font-size:14.0pt\">INSCREVA-SE<\/span><\/b><\/a><span class=\"MsoHyperlink\" style=\"color:blue\"><span style=\"text-decoration:underline\"><span style=\"font-size:14.0pt\"><span style=\"text-decoration:none\"><span style=\"text-underline:none\"> <b>para as pr&oacute;ximas turmas!<\/b><\/span><\/span><\/span><\/span><\/span><\/span><\/span><\/span><\/p>\r\n\r\n<p style=\"text-align:justify\">&nbsp;<\/p>\r\n\r\n<p style=\"text-align:justify\"><img height=\"500\" src=\"https:\/\/www.abint.org.br\/assets\/img\/editor\/20220917-live-ctg-instagram-mateus_20220913185008y62dycrf1N.jpg\" width=\"500\" \/><\/p>\r\n\r\n<p style=\"text-align:justify\"><span style=\"font-size:11pt\"><span style=\"line-height:115%\"><span style=\"font-family:&quot;Calibri&quot;,sans-serif\"><span style=\"font-size:14.0pt\"><span style=\"line-height:115%\">O pr&oacute;ximo CTG Entrevista vai abordar a <\/span><\/span><b><span style=\"font-size:14.0pt\"><span style=\"line-height:115%\">p&oacute;s-gradua&ccedil;&atilde;o em Geossinteticos<\/span><\/span><\/b><span style=\"font-size:14.0pt\"><span style=\"line-height:115%\">. Vamos receber o <\/span><\/span><b><span style=\"font-size:14.0pt\"><span style=\"line-height:115%\">doutorando em Geotecnia Mateus Fleury<\/span><\/span><\/b><span style=\"font-size:14.0pt\"><span style=\"line-height:115%\"> e voc&ecirc; &eacute; nosso convidado. Anote na agenda: <\/span><\/span><b><span style=\"font-size:14.0pt\"><span style=\"line-height:115%\">14\/09, &agrave;s 18h, no Instagram @CTG_ABINT<\/span><\/span><\/b><span style=\"font-size:14.0pt\"><span style=\"line-height:115%\">! At&eacute; l&aacute;!<\/span><\/span><\/span><\/span><\/span><\/p>\r\n\r\n<p style=\"text-align:justify\">&nbsp;<\/p>\r\n\r\n<p style=\"text-align:justify\"><span style=\"font-size:11pt\"><span style=\"line-height:115%\"><span style=\"font-family:&quot;Calibri&quot;,sans-serif\"><span style=\"font-size:14.0pt\"><span style=\"line-height:115%\"><img src=\"https:\/\/www.abint.org.br\/assets\/img\/editor\/fenasan-2022_20220913185117KsaRju5E7B.png\" \/><\/span><\/span><\/span><\/span><\/span><\/p>\r\n\r\n<p style=\"text-align:justify\"><span class=\"MsoHyperlink\" style=\"color:blue\"><span style=\"text-decoration:underline\"><span style=\"font-size:14.0pt\"><span style=\"line-height:115%\"><span style=\"font-family:&quot;Calibri&quot;,sans-serif\"><span style=\"text-decoration:none\"><span style=\"text-underline:none\">O CTG ABINT &eacute; apoiador do <b>33&ordm; Encontro T&eacute;cnico AESabesp \/ Fenasan 2022<\/b>, eventos que ocorrer&atilde;o de <b>13 a 15 de setembro<\/b>, no Pavilh&atilde;o Branco Expo Center Norte. <\/span><\/span><\/span><\/span><\/span><\/span><\/span><span style=\"font-size:11.0pt\"><span style=\"line-height:115%\"><span style=\"font-family:&quot;Calibri&quot;,sans-serif\"><a href=\"https:\/\/fenasan.com.br\/\" style=\"color:blue; text-decoration:underline\"><span style=\"font-size:14.0pt\"><span style=\"line-height:115%\">Informa&ccedil;&otilde;es<\/span><\/span><\/a><\/span><\/span><\/span><\/p>\r\n\r\n<p style=\"text-align:justify\">&nbsp;<\/p>\r\n\r\n<p style=\"text-align:justify\"><span style=\"font-size:11.0pt\"><span style=\"line-height:115%\"><span style=\"font-family:&quot;Calibri&quot;,sans-serif\"><span style=\"font-size:14.0pt\"><span style=\"line-height:115%\"><img src=\"https:\/\/www.abint.org.br\/assets\/img\/editor\/congresso-internacional-abit-2022_20220913185152gUQYL7pE4Z.png\" \/><\/span><\/span><\/span><\/span><\/span><\/p>\r\n\r\n<p style=\"text-align:justify\"><span class=\"MsoHyperlink\" style=\"color:blue\"><span style=\"text-decoration:underline\"><b><span style=\"font-size:14.0pt\"><span style=\"line-height:115%\"><span style=\"font-family:&quot;Calibri&quot;,sans-serif\"><span style=\"text-decoration:none\"><span style=\"text-underline:none\">A ABINT &eacute; uma das patrocinadoras do Congresso Internacional ABIT 2022<\/span><\/span><\/span><\/span><\/span><\/b><\/span><\/span><span class=\"MsoHyperlink\" style=\"color:blue\"><span style=\"text-decoration:underline\"><span style=\"font-size:14.0pt\"><span style=\"line-height:115%\"><span style=\"font-family:&quot;Calibri&quot;,sans-serif\"><span style=\"text-decoration:none\"><span style=\"text-underline:none\">, evento 100% presencial, que ocorrer&aacute; dias <b>03 e 04 de novembro<\/b>, em Belo Horizonte, MG. <\/span><\/span><\/span><\/span><\/span><\/span><\/span><span style=\"font-size:11.0pt\"><span style=\"line-height:115%\"><span style=\"font-family:&quot;Calibri&quot;,sans-serif\"><a href=\"https:\/\/www.congressoabit.com.br\/\" style=\"color:blue; text-decoration:underline\"><span style=\"font-size:14.0pt\"><span style=\"line-height:115%\">Informa&ccedil;&otilde;es<\/span><\/span><\/a><\/span><\/span><\/span><\/p>\r\n\r\n<p style=\"text-align:justify\">&nbsp;<\/p>\r\n\r\n<p style=\"text-align:justify\"><span style=\"font-size:11.0pt\"><span style=\"line-height:115%\"><span style=\"font-family:&quot;Calibri&quot;,sans-serif\"><span style=\"font-size:14.0pt\"><span style=\"line-height:115%\"><img height=\"283\" src=\"https:\/\/www.abint.org.br\/assets\/img\/editor\/partnerkit-conahp-retangular-cth-abint_202209131852335LojnIDBse.png\" width=\"500\" \/><\/span><\/span><\/span><\/span><\/span><\/p>\r\n\r\n<p style=\"text-align:justify\"><span class=\"MsoHyperlink\" style=\"color:blue\"><span style=\"text-decoration:underline\"><span style=\"font-size:14.0pt\"><span style=\"line-height:115%\"><span style=\"font-family:&quot;Calibri&quot;,sans-serif\"><span style=\"text-decoration:none\"><span style=\"text-underline:none\">O <b>CTH ABINT<\/b> &eacute; patrocinador do <\/span><\/span><\/span><\/span><\/span><\/span><\/span><span class=\"MsoHyperlink\" style=\"color:blue\"><span style=\"text-decoration:underline\"><b><span style=\"font-size:14.0pt\"><span style=\"line-height:115%\"><span style=\"font-family:&quot;Calibri&quot;,sans-serif\"><span style=\"text-decoration:none\"><span style=\"text-underline:none\">CONAHP 2022 - Congresso Nacional de Hospitais Privados<\/span><\/span><\/span><\/span><\/span><\/b><\/span><\/span><span class=\"MsoHyperlink\" style=\"color:blue\"><span style=\"text-decoration:underline\"><span style=\"font-size:14.0pt\"><span style=\"line-height:115%\"><span style=\"font-family:&quot;Calibri&quot;,sans-serif\"><span style=\"text-decoration:none\"><span style=\"text-underline:none\">, evento que ocorrer&aacute; <b>presencialmente nos dias 10 e 11 de novembro, Transam&eacute;rica Expo Center<\/b>, S&atilde;o Paulo, SP. <\/span><\/span><\/span><\/span><\/span><\/span><\/span><span style=\"font-size:11.0pt\"><span style=\"line-height:115%\"><span style=\"font-family:&quot;Calibri&quot;,sans-serif\"><a href=\"https:\/\/conahp.org.br\/2022\/\" style=\"color:blue; text-decoration:underline\"><span style=\"font-size:14.0pt\"><span style=\"line-height:115%\">Informa&ccedil;&otilde;es <\/span><\/span><\/a><\/span><\/span><\/span><\/p>\r\n\r\n<p style=\"text-align:justify\">&nbsp;<\/p>\r\n\r\n<p style=\"text-align:justify\"><span style=\"font-size:11pt\"><span style=\"line-height:normal\"><span style=\"font-family:&quot;Calibri&quot;,sans-serif\"><b><span style=\"font-size:18.0pt\"><span style=\"font-variant:small-caps\">Eventos<\/span><\/span><\/b><\/span><\/span><\/span><\/p>\r\n\r\n<p style=\"text-align:justify\"><span style=\"font-size:11pt\"><span style=\"line-height:normal\"><span style=\"font-family:&quot;Calibri&quot;,sans-serif\"><span class=\"MsoHyperlink\" style=\"color:blue\"><span style=\"text-decoration:underline\"><b><span style=\"font-size:14.0pt\"><span style=\"text-decoration:none\"><span style=\"text-underline:none\">12&ordm; Semin&aacute;rio Competitividade: Aprendendo a abrir caminhos - Os atalhos para o pl&aacute;stico se recriar e continuar a criar<\/span><\/span><\/span><\/b><\/span><\/span><span class=\"MsoHyperlink\" style=\"color:blue\"><span style=\"text-decoration:underline\"><span style=\"font-size:14.0pt\"><span style=\"text-decoration:none\"><span style=\"text-underline:none\">, 13 de setembro, 100% presencial, Hotel Meli&aacute;, Av. Paulista, 2181, S&atilde;o Paulo. <\/span><\/span><\/span><\/span><\/span><a href=\"https:\/\/plasticosemrevista.com.br\/competitividade-2022\" style=\"color:blue; text-decoration:underline\"><span style=\"font-size:14.0pt\">Programa&ccedil;&atilde;o<\/span><\/a><span class=\"MsoHyperlink\" style=\"color:blue\"><span style=\"text-decoration:underline\"><span style=\"font-size:14.0pt\"><span style=\"text-decoration:none\"><span style=\"text-underline:none\">. <\/span><\/span><\/span><\/span><\/span><a href=\"https:\/\/plasticosemrevista.com.br\/competitividade-2022-inscricao\" style=\"color:blue; text-decoration:underline\"><span style=\"font-size:14.0pt\">Inscri&ccedil;&otilde;es<\/span><\/a><span class=\"MsoHyperlink\" style=\"color:blue\"><span style=\"text-decoration:underline\"><span style=\"font-size:14.0pt\"><span style=\"text-decoration:none\"><span style=\"text-underline:none\">.<\/span><\/span><\/span><\/span><\/span><\/span><\/span><\/span><\/p>\r\n\r\n<p style=\"text-align:justify\"><span style=\"font-size:11pt\"><span style=\"line-height:normal\"><span style=\"font-family:&quot;Calibri&quot;,sans-serif\"><span class=\"MsoHyperlink\" style=\"color:blue\"><span style=\"text-decoration:underline\"><b><span style=\"font-size:14.0pt\"><span style=\"text-decoration:none\"><span style=\"text-underline:none\">E-Xport Meeting 2022: Semana do E-commerce Internacional<\/span><\/span><\/span><\/b><\/span><\/span><span class=\"MsoHyperlink\" style=\"color:blue\"><span style=\"text-decoration:underline\"><span style=\"font-size:14.0pt\"><span style=\"text-decoration:none\"><span style=\"text-underline:none\">, 13 a 16 de setembro, online e presencial, Campus ESPM, Rua Dr. &Aacute;lvaro Alvim, 123, Vila Mariana, S&atilde;o Paulo. <\/span><\/span><\/span><\/span><\/span><a href=\"https:\/\/apexbrasil.com.br\/e-xportmeeting-2022?msdynttrid=X7GMxImsXJRkjoe2vcUnfu7i7UwZlg7huEoOz1UzBI4&amp;utm_campaign=divulgacao_e-xport_meeting_2022_-_semana_do_e-commerce_internacional&amp;utm_medium=email&amp;utm_source=RD+Station#programmingtab-9085608db7-item-5a463ad13b-tab\" style=\"color:blue; text-decoration:underline\"><span style=\"font-size:14.0pt\">Informa&ccedil;&otilde;es<\/span><\/a> <\/span><\/span><\/span><\/p>\r\n\r\n<p style=\"text-align:justify\"><span style=\"font-size:11pt\"><span style=\"line-height:normal\"><span style=\"font-family:&quot;Calibri&quot;,sans-serif\"><span class=\"MsoHyperlink\" style=\"color:blue\"><span style=\"text-decoration:underline\"><b><span style=\"font-size:14.0pt\"><span style=\"text-decoration:none\"><span style=\"text-underline:none\">VDI-Brasil: 11&ordf; edi&ccedil;&atilde;o do Simp&oacute;sio Internacional de Excel&ecirc;ncia em Produ&ccedil;&atilde;o: tema &#39;Supply Chain&#39;<\/span><\/span><\/span><\/b><\/span><\/span><span class=\"MsoHyperlink\" style=\"color:blue\"><span style=\"text-decoration:underline\"><span style=\"font-size:14.0pt\"><span style=\"text-decoration:none\"><span style=\"text-underline:none\">, 14 de setembro, online e gratuito, <\/span><\/span><\/span><\/span><\/span><\/span><\/span><\/span><\/p>\r\n\r\n<p style=\"text-align:justify\"><span style=\"font-size:11pt\"><span style=\"line-height:normal\"><span style=\"font-family:&quot;Calibri&quot;,sans-serif\"><span class=\"MsoHyperlink\" style=\"color:blue\"><span style=\"text-decoration:underline\"><b><span style=\"font-size:14.0pt\"><span style=\"text-decoration:none\"><span style=\"text-underline:none\">eureciclo: Programa Recicla+: Perguntas e Respostas<\/span><\/span><\/span><\/b><\/span><\/span><span class=\"MsoHyperlink\" style=\"color:blue\"><span style=\"text-decoration:underline\"><span style=\"font-size:14.0pt\"><span style=\"text-decoration:none\"><span style=\"text-underline:none\">, 16 de setembro, &agrave;s 09h, gratuito e online. <\/span><\/span><\/span><\/span><\/span><a href=\"https:\/\/info.eureciclo.com.br\/recicla_mais-assoc?utm_campaign=Associa%C3%A7%C3%B5es%20Signat%C3%A1rias&amp;utm_medium=email&amp;_hsmi=225720421&amp;_hsenc=p2ANqtz-8ZnQtO8Em_7kk1PMJqcijxQtICEoVQn8bQNpuhlhP8iL4MhnVmZtoHKlD_mRI7R42Me_9ZHu8xbwVfFTjR3f8IScsxSA&amp;utm_content=225720421&amp;utm_source=hs_email\" style=\"color:blue; text-decoration:underline\"><span style=\"font-size:14.0pt\">Inscri&ccedil;&otilde;es<\/span><\/a> <\/span><\/span><\/span><\/p>\r\n\r\n<p style=\"text-align:justify\"><span style=\"font-size:11pt\"><span style=\"line-height:normal\"><span style=\"font-family:&quot;Calibri&quot;,sans-serif\"><span class=\"MsoHyperlink\" style=\"color:blue\"><span style=\"text-decoration:underline\"><b><span style=\"font-size:14.0pt\"><span style=\"text-decoration:none\"><span style=\"text-underline:none\">Simp&oacute;sio de Metrologia para &aacute;rea da Nanotecnologia<\/span><\/span><\/span><\/b><\/span><\/span><span class=\"MsoHyperlink\" style=\"color:blue\"><span style=\"text-decoration:underline\"><span style=\"font-size:14.0pt\"><span style=\"text-decoration:none\"><span style=\"text-underline:none\">, 19 a 22 de setembro, evento online. <\/span><\/span><\/span><\/span><\/span><a href=\"https:\/\/www.remesp.org.br\/eventos\/index\/metronano2022\/\" style=\"color:blue; text-decoration:underline\"><span style=\"font-size:14.0pt\">Informa&ccedil;&otilde;es<\/span><\/a><\/span><\/span><\/span><\/p>\r\n\r\n<p style=\"text-align:justify\"><span style=\"font-size:11pt\"><span style=\"line-height:normal\"><span style=\"font-family:&quot;Calibri&quot;,sans-serif\"><span class=\"MsoHyperlink\" style=\"color:blue\"><span style=\"text-decoration:underline\"><b><span style=\"font-size:14.0pt\"><span style=\"text-decoration:none\"><span style=\"text-underline:none\">Euromonitor Webinar: The New Era of Consumerism<\/span><\/span><\/span><\/b><\/span><\/span><span class=\"MsoHyperlink\" style=\"color:blue\"><span style=\"text-decoration:underline\"><span style=\"font-size:14.0pt\"><span style=\"text-decoration:none\"><span style=\"text-underline:none\">, 20 de setembro, 11h00. <\/span><\/span><\/span><\/span><\/span><a href=\"https:\/\/go.euromonitor.com\/index.php\/email\/emailWebview?md_id=120703\" style=\"color:blue; text-decoration:underline\"><span style=\"font-size:14.0pt\">Informa&ccedil;&otilde;es<\/span><\/a> <\/span><\/span><\/span><\/p>\r\n\r\n<p style=\"text-align:justify\"><span style=\"font-size:11pt\"><span style=\"line-height:normal\"><span style=\"font-family:&quot;Calibri&quot;,sans-serif\"><span class=\"MsoHyperlink\" style=\"color:blue\"><span style=\"text-decoration:underline\"><b><span style=\"font-size:14.0pt\"><span style=\"text-decoration:none\"><span style=\"text-underline:none\">Senai Cetiqt: Inova&ccedil;&atilde;o Aberta Brasil e Alemanha para a Ind&uacute;stria T&ecirc;xtil<\/span><\/span><\/span><\/b><\/span><\/span><span class=\"MsoHyperlink\" style=\"color:blue\"><span style=\"text-decoration:underline\"><span style=\"font-size:14.0pt\"><span style=\"text-decoration:none\"><span style=\"text-underline:none\">, 21 de setembro. <\/span><\/span><\/span><\/span><\/span><a href=\"https:\/\/app.rdstation.email\/mail\/23d068fa-557c-4849-877a-ff7076f4ad9a?utm_campaign=senai_cetiqt__convite_stfi&amp;utm_medium=email&amp;utm_source=RD+Station\" style=\"color:blue; text-decoration:underline\"><span style=\"font-size:14.0pt\">Informa&ccedil;&otilde;es<\/span><\/a><\/span><\/span><\/span><\/p>\r\n\r\n<p style=\"text-align:justify\"><span style=\"font-size:11pt\"><span style=\"line-height:normal\"><span style=\"font-family:&quot;Calibri&quot;,sans-serif\"><span class=\"MsoHyperlink\" style=\"color:blue\"><span style=\"text-decoration:underline\"><b><span style=\"font-size:14.0pt\"><span style=\"text-decoration:none\"><span style=\"text-underline:none\">Workshop Abit: Novo PGR NR-01: Aspectos t&eacute;cnicos e pr&aacute;ticos para uma boa gest&atilde;o de Sa&uacute;de e Seguran&ccedil;a no Trabalho<\/span><\/span><\/span><\/b><\/span><\/span><span class=\"MsoHyperlink\" style=\"color:blue\"><span style=\"text-decoration:underline\"><span style=\"font-size:14.0pt\"><span style=\"text-decoration:none\"><span style=\"text-underline:none\">, 29 de setembro, 09h00 &agrave;s 11h00. <\/span><\/span><\/span><\/span><\/span><a href=\"https:\/\/app.rdstation.email\/mail\/d4b5c26d-08bb-4ba6-a4f5-3273a068eb81?utm_campaign=workshop_nr01_-_01092022&amp;utm_medium=email&amp;utm_source=RD+Station\" style=\"color:blue; text-decoration:underline\"><span style=\"font-size:14.0pt\">Informa&ccedil;&otilde;es<\/span><\/a> <\/span><\/span><\/span><\/p>\r\n\r\n<p style=\"text-align:justify\"><span style=\"font-size:11pt\"><span style=\"line-height:normal\"><span style=\"font-family:&quot;Calibri&quot;,sans-serif\"><span class=\"MsoHyperlink\" style=\"color:blue\"><span style=\"text-decoration:underline\"><b><span style=\"font-size:14.0pt\"><span style=\"text-decoration:none\"><span style=\"text-underline:none\">Webinar CCBC: ESG e Compliance fiscal e tribut&aacute;rio<\/span><\/span><\/span><\/b><\/span><\/span><span class=\"MsoHyperlink\" style=\"color:blue\"><span style=\"text-decoration:underline\"><span style=\"font-size:14.0pt\"><span style=\"text-decoration:none\"><span style=\"text-underline:none\">, 30 de setembro, 14h00. <\/span><\/span><\/span><\/span><\/span><a href=\"https:\/\/app.rdstation.email\/mail\/f895b5fd-c4a2-41b3-baf3-a645c6ee8351?utm_campaign=caj_esg_e_compliance_fiscal_e_tributario&amp;utm_medium=email&amp;utm_source=RD+Station\" style=\"color:blue; text-decoration:underline\"><span style=\"font-size:14.0pt\">Informa&ccedil;&otilde;es<\/span><\/a> <\/span><\/span><\/span><\/p>\r\n\r\n<p style=\"text-align:justify\"><span style=\"font-size:11pt\"><span style=\"line-height:normal\"><span style=\"font-family:&quot;Calibri&quot;,sans-serif\"><span class=\"MsoHyperlink\" style=\"color:blue\"><span style=\"text-decoration:underline\"><b><span style=\"font-size:14.0pt\"><span style=\"text-decoration:none\"><span style=\"text-underline:none\">Feira HospitalMed, <\/span><\/span><\/span><\/b><\/span><\/span><span class=\"MsoHyperlink\" style=\"color:blue\"><span style=\"text-decoration:underline\"><span style=\"font-size:14.0pt\"><span style=\"text-decoration:none\"><span style=\"text-underline:none\">19 a 21 de outubro, Centro de Conven&ccedil;&otilde;es de Pernambuco. <\/span><\/span><\/span><\/span><\/span><a href=\"https:\/\/hospitalmed.com.br\/feira\/\" style=\"color:blue; text-decoration:underline\"><span style=\"font-size:14.0pt\">Informa&ccedil;&otilde;es <\/span><\/a><\/span><\/span><\/span><\/p>\r\n\r\n<p style=\"text-align:justify\"><span style=\"font-size:11pt\"><span style=\"line-height:normal\"><span style=\"font-family:&quot;Calibri&quot;,sans-serif\"><span class=\"MsoHyperlink\" style=\"color:blue\"><span style=\"text-decoration:underline\"><b><span style=\"font-size:14.0pt\"><span style=\"text-decoration:none\"><span style=\"text-underline:none\">THE Congress &ndash; NATURALfiberEXTRACTION<\/span><\/span><\/span><\/b><\/span><\/span><span class=\"MsoHyperlink\" style=\"color:blue\"><span style=\"text-decoration:underline\"><span style=\"font-size:14.0pt\"><span style=\"text-decoration:none\"><span style=\"text-underline:none\">, 26 de outubro de 2022, Stuttgart. <\/span><\/span><\/span><\/span><\/span><a href=\"https:\/\/www.afbw.eu\/aktuelles\/veranstaltungen\/details\/the-congress-naturalfiberpulping\/\" style=\"color:blue; text-decoration:underline\"><span style=\"font-size:14.0pt\">Informa&ccedil;&otilde;es<\/span><\/a><span class=\"MsoHyperlink\" style=\"color:blue\"><span style=\"text-decoration:underline\"><span style=\"font-size:14.0pt\"><span style=\"text-decoration:none\"><span style=\"text-underline:none\">.<\/span><\/span><\/span><\/span><\/span><\/span><\/span><\/span><\/p>\r\n\r\n<p style=\"text-align:justify\"><span style=\"font-size:11pt\"><span style=\"line-height:normal\"><span style=\"font-family:&quot;Calibri&quot;,sans-serif\"><span class=\"MsoHyperlink\" style=\"color:blue\"><span style=\"text-decoration:underline\"><b><span style=\"font-size:14.0pt\"><span style=\"text-decoration:none\"><span style=\"text-underline:none\">Innovate: Zero Carbon, Textiles&#39; journey to zero carbon<\/span><\/span><\/span><\/b><\/span><\/span><\/span><\/span><\/span><\/p>\r\n\r\n<p style=\"text-align:justify\"><span style=\"font-size:11pt\"><span style=\"line-height:normal\"><span style=\"font-family:&quot;Calibri&quot;,sans-serif\"><span class=\"MsoHyperlink\" style=\"color:blue\"><span style=\"text-decoration:underline\"><span style=\"font-size:14.0pt\"><span style=\"text-decoration:none\"><span style=\"text-underline:none\">When: 1-3 Nov 2022<\/span><\/span><\/span><\/span><\/span><\/span><\/span><\/span><\/p>\r\n\r\n<p style=\"text-align:justify\"><span style=\"font-size:11pt\"><span style=\"line-height:normal\"><span style=\"font-family:&quot;Calibri&quot;,sans-serif\"><span class=\"MsoHyperlink\" style=\"color:blue\"><span style=\"text-decoration:underline\"><span style=\"font-size:14.0pt\"><span style=\"text-decoration:none\"><span style=\"text-underline:none\">What time: 13:00&ndash;17:00 UTC \/ 9:00&ndash;13:00 EDT<\/span><\/span><\/span><\/span><\/span><\/span><\/span><\/span><\/p>\r\n\r\n<p style=\"text-align:justify\"><span style=\"font-size:11pt\"><span style=\"line-height:normal\"><span style=\"font-family:&quot;Calibri&quot;,sans-serif\"><span class=\"MsoHyperlink\" style=\"color:blue\"><span style=\"text-decoration:underline\"><span style=\"font-size:14.0pt\"><span style=\"text-decoration:none\"><span style=\"text-underline:none\">Where: Virtual, <\/span><\/span><\/span><\/span><\/span><a href=\"https:\/\/events.wtin.com\/event\/f5bac4f2-d902-41ba-9153-a4d80622877c\/summary\" style=\"color:blue; text-decoration:underline\"><span style=\"font-size:14.0pt\">events.wtin.com\/innovate<\/span><\/a><\/span><\/span><\/span><\/p>\r\n\r\n<p class=\"MsoTitle\" style=\"text-align:justify\"><span style=\"font-size:28pt\"><span style=\"font-family:&quot;Cambria&quot;,serif\"><span style=\"letter-spacing:-0.5pt\"><b><span style=\"font-size:18.0pt\"><span style=\"font-family:&quot;Calibri&quot;,sans-serif\"><span style=\"font-variant:small-caps\">Setor<\/span><\/span><\/span><\/b><\/span><\/span><\/span><\/p>\r\n\r\n<p style=\"text-align:justify\"><span style=\"font-size:11pt\"><span style=\"line-height:normal\"><span style=\"font-family:&quot;Calibri&quot;,sans-serif\"><a href=\"https:\/\/gauchazh.clicrbs.com.br\/pioneiro\/geral\/noticia\/2022\/09\/aproveitamento-de-agua-da-chuva-e-alternativa-para-periodos-de-estiagem-na-serra-cl7oti7do003p0153uopy8kyw.html#amp_tf=De%20%251%24s&amp;aoh=16629309072530&amp;referrer=https%3A%2F%2Fwww.google.com&amp;ampshare=https%3A%2F%2Fgauchazh.clicrbs.com.br%2Fpioneiro%2Fgeral%2Fnoticia%2F2022%2F09%2Faproveitamento-de-agua-da-chuva-e-alternativa-para-periodos-de-estiagem-na-serra-cl7oti7do003p0153uopy8kyw.html\" style=\"color:blue; text-decoration:underline\"><span style=\"font-size:14.0pt\">Geomembrana: Aproveitamento de &aacute;gua da chuva &eacute; alternativa para per&iacute;odos de estiagem na Serra<\/span><\/a><\/span><\/span><\/span><\/p>\r\n\r\n<p style=\"text-align:justify\"><span style=\"font-size:11pt\"><span style=\"line-height:normal\"><span style=\"font-family:&quot;Calibri&quot;,sans-serif\"><a href=\"https:\/\/www.moneytimes.com.br\/cai-obrigatoriedade-de-uso-de-mascara-no-transporte-publico-em-sao-paulo\/\" style=\"color:blue; text-decoration:underline\"><span style=\"font-size:14.0pt\">Cai obrigatoriedade de uso de m&aacute;scara no transporte p&uacute;blico em S&atilde;o Paulo<\/span><\/a><\/span><\/span><\/span><\/p>\r\n\r\n<p style=\"text-align:justify\"><span style=\"font-size:11pt\"><span style=\"line-height:normal\"><span style=\"font-family:&quot;Calibri&quot;,sans-serif\"><a href=\"https:\/\/br.fashionnetwork.com\/news\/Usaflex-lanca-sapato-a-base-de-cana-de-acucar-espumas-recicladas-e-reducao-de-residuos,1437211.html\" style=\"color:blue; text-decoration:underline\"><span style=\"font-size:14.0pt\">Feito em n&atilde;otecido: Usaflex lan&ccedil;a sapato &agrave; base de cana-de-a&ccedil;&uacute;car, espumas recicladas e redu&ccedil;&atilde;o de res&iacute;duos<\/span><\/a><\/span><\/span><\/span><\/p>\r\n\r\n<p style=\"text-align:justify\"><span style=\"font-size:11pt\"><span style=\"line-height:normal\"><span style=\"font-family:&quot;Calibri&quot;,sans-serif\"><a href=\"https:\/\/www.innovationintextiles.com\/nonwovens\/the-push-for-less-plastic-in-nonwovens\/\" style=\"color:blue; text-decoration:underline\"><span style=\"font-size:14.0pt\">The push for less plastic in nonwovens<\/span><\/a><\/span><\/span><\/span><\/p>\r\n\r\n<p style=\"text-align:justify\"><span style=\"font-size:11pt\"><span style=\"line-height:normal\"><span style=\"font-family:&quot;Calibri&quot;,sans-serif\"><a href=\"https:\/\/www.nonwovens-industry.com\/contents\/view_breaking-news\/2022-09-08\/nike-uses-needlepunch-technology-for-new-line-of-apparel?utm_campaign=NON+eNewsletter&amp;utm_medium=email&amp;_hsmi=225438908&amp;_hsenc=p2ANqtz-_Y6c5A1SzPv4OG5jSqvMF8_jbR3r4LRkjcW-518daVjDSL3cehl7LNSvg0Ii_Q1Q059hd5eWASDpaY_u4QCXdkLWDBVA&amp;utm_content=225438908&amp;utm_source=hs_email\" style=\"color:blue; text-decoration:underline\"><span style=\"font-size:14.0pt\">Nike Uses Needlepunch Technology for New Line of Apparel<\/span><\/a><\/span><\/span><\/span><\/p>\r\n\r\n<p style=\"text-align:justify\"><span style=\"font-size:11pt\"><span style=\"line-height:normal\"><span style=\"font-family:&quot;Calibri&quot;,sans-serif\"><a href=\"https:\/\/www.indexnonwovens.com\/en\/news\/the-ice-won-t-melt-overnight-1441?utm_campaign=INDEX%20Newsletter%20September%202022&amp;utm_medium=email&amp;utm_source=Mailjet\" style=\"color:blue; text-decoration:underline\"><span style=\"font-size:14.0pt\">Automotive: The ICE won&rsquo;t melt overnight&hellip;<\/span><\/a><\/span><\/span><\/span><\/p>\r\n\r\n<p style=\"text-align:justify\"><span style=\"font-size:11pt\"><span style=\"line-height:normal\"><span style=\"font-family:&quot;Calibri&quot;,sans-serif\"><a href=\"https:\/\/www.fibre2fashion.com\/news\/textile-news\/share-of-polyester-in-global-fibre-market-to-reduce-slightly-by-2025--282889-newsdetails.htm\" style=\"color:blue; text-decoration:underline\"><span style=\"font-size:14.0pt\">Share of polyester in global fibre market to reduce slightly by 2025<\/span><\/a><\/span><\/span><\/span><\/p>\r\n\r\n<p style=\"text-align:justify\"><span style=\"font-size:11pt\"><span style=\"line-height:normal\"><span style=\"font-family:&quot;Calibri&quot;,sans-serif\"><a href=\"https:\/\/www.textiletechnology.net\/fibers\/news\/andritz-engineering-for-textile-recycling-to-ifc-32823?utm_source=%2Fmeta%2Fnewsletter%2Fnewsletter&amp;utm_medium=newsletter&amp;utm_campaign=nl961&amp;utm_term=0801b20e08c3242125d512808cd74302\" style=\"color:blue; text-decoration:underline\"><span style=\"font-size:14.0pt\">Andritz: Engineering for textile recycling to IFC<\/span><\/a><\/span><\/span><\/span><\/p>\r\n\r\n<p style=\"text-align:justify\"><span style=\"font-size:11pt\"><span style=\"line-height:normal\"><span style=\"font-family:&quot;Calibri&quot;,sans-serif\"><a href=\"https:\/\/www.nonwovens-industry.com\/contents\/view_breaking-news\/2022-09-06\/two-berry-nonwovens-plants-earn-iscc-plus-designation?utm_campaign=NON+eNewsletter&amp;utm_medium=email&amp;_hsmi=225438908&amp;_hsenc=p2ANqtz-8LN9225kHQJFA3Nag6v7JY1zqIKyzSspSRyRp3Ao1Y1r5Fy3A8POaNzloJAB2m623zYYXe8H69BcrTQA9yBbfcySQW3Q&amp;utm_content=225438908&amp;utm_source=hs_email\" style=\"color:blue; text-decoration:underline\"><span style=\"font-size:14.0pt\">Two Berry Nonwovens Plants Earn ISCC Plus Designation<\/span><\/a><\/span><\/span><\/span><\/p>\r\n\r\n<p style=\"text-align:justify\"><span style=\"font-size:11pt\"><span style=\"line-height:normal\"><span style=\"font-family:&quot;Calibri&quot;,sans-serif\"><a href=\"https:\/\/www.nonwovens-industry.com\/contents\/view_breaking-news\/2022-09-07\/fibertex-personal-care-supplying-sustainable-nonwovens-for-diapers?utm_campaign=NON+eNewsletter&amp;utm_medium=email&amp;_hsmi=225438908&amp;_hsenc=p2ANqtz-9m3d8R878ApXekBVumM6_an34QAdB5IB2N1AeSpKjp9p75SVCqtqRh3PbDIAtFC5AYmdLJFFrNZpjl_Pq11ruKElbg5g&amp;utm_content=225438908&amp;utm_source=hs_email\" style=\"color:blue; text-decoration:underline\"><span style=\"font-size:14.0pt\">Fibertex Personal Care Supplying Sustainable Nonwovens For Diapers<\/span><\/a><\/span><\/span><\/span><\/p>\r\n\r\n<p style=\"text-align:justify\"><span style=\"font-size:11pt\"><span style=\"line-height:normal\"><span style=\"font-family:&quot;Calibri&quot;,sans-serif\"><a href=\"https:\/\/www.textiletechnology.net\/technology\/news\/freudenberg-apparel-technical-solution-center-opened-in-china-32803?utm_source=%2Fmeta%2Fnewsletter%2Fnewsletter&amp;utm_medium=newsletter&amp;utm_campaign=nl958&amp;utm_term=0801b20e08c3242125d512808cd74302\" style=\"color:blue; text-decoration:underline\"><span style=\"font-size:14.0pt\">Freudenberg: Apparel Technical Solution Center opened in China<\/span><\/a><\/span><\/span><\/span><\/p>\r\n\r\n<p style=\"text-align:justify\"><span style=\"font-size:11pt\"><span style=\"line-height:normal\"><span style=\"font-family:&quot;Calibri&quot;,sans-serif\"><a href=\"https:\/\/www.textiletechnology.net\/nonwovens\/management\/suominen-composition-of-nomination-board-32789?utm_source=%2Fmeta%2Fnewsletter%2Fnewsletter&amp;utm_medium=newsletter&amp;utm_campaign=nl957&amp;utm_term=0801b20e08c3242125d512808cd74302\" style=\"color:blue; text-decoration:underline\"><span style=\"font-size:14.0pt\">Suominen: Composition of Nomination Board<\/span><\/a><\/span><\/span><\/span><\/p>\r\n\r\n<p class=\"MsoTitle\" style=\"text-align:justify\"><span style=\"font-size:28pt\"><span style=\"font-family:&quot;Cambria&quot;,serif\"><span style=\"letter-spacing:-0.5pt\"><b><span style=\"font-size:18.0pt\"><span style=\"font-family:&quot;Calibri&quot;,sans-serif\"><span style=\"font-variant:small-caps\">Ind&uacute;stria<\/span><\/span><\/span><\/b><\/span><\/span><\/span><\/p>\r\n\r\n<p style=\"text-align:justify\"><span style=\"font-size:11pt\"><span style=\"line-height:normal\"><span style=\"font-family:&quot;Calibri&quot;,sans-serif\"><a href=\"https:\/\/noticias.portaldaindustria.com.br\/posicionamentos\/emprego-e-investimentos-puxam-crescimento-da-industria-no-2o-trimestre-de-2022-avalia-cni\/\" style=\"color:blue; text-decoration:underline\"><span style=\"font-size:14.0pt\">Emprego e investimentos puxam crescimento da ind&uacute;stria no 2&ordm; trimestre de 2022, avalia CNI<\/span><\/a><\/span><\/span><\/span><\/p>\r\n\r\n<p style=\"text-align:justify\"><span style=\"font-size:11pt\"><span style=\"line-height:normal\"><span style=\"font-family:&quot;Calibri&quot;,sans-serif\"><a href=\"http:\/\/www.revistaanamaco.com.br\/estudo-sugere-recuperacao-do-mercado-de-trabalho-na-industria?utm_campaign=Revista+Anamaco+Online&amp;utm_content=Estudo+sugere+recupera%C3%A7%C3%A3o+do+mercado+de+trabalho+-+Revista+Anamaco+%286%29&amp;utm_medium=email&amp;utm_source=EmailMarketing&amp;utm_term=Revista+Anamaco+Online-Newsletter%2364-2022\" style=\"color:blue; text-decoration:underline\"><span style=\"font-size:14.0pt\">Estudo sugere recupera&ccedil;&atilde;o do mercado de trabalho na ind&uacute;stria<\/span><\/a><\/span><\/span><\/span><\/p>\r\n\r\n<p style=\"text-align:justify\"><span style=\"font-size:11pt\"><span style=\"line-height:normal\"><span style=\"font-family:&quot;Calibri&quot;,sans-serif\"><a href=\"https:\/\/www.fiesp.com.br\/noticias\/custo-brasil-encarece-os-bens-industriais-brasileiros-em-254\/\" style=\"color:blue; text-decoration:underline\"><span style=\"font-size:14.0pt\">Custo Brasil encarece os bens industriais brasileiros em 25,4%<\/span><\/a><\/span><\/span><\/span><\/p>\r\n\r\n<p style=\"text-align:justify\"><span style=\"font-size:11pt\"><span style=\"line-height:normal\"><span style=\"font-family:&quot;Calibri&quot;,sans-serif\"><a href=\"https:\/\/exclusivo.com.br\/_conteudo\/negocios\/2022\/09\/06\/calcado-registra-alta-na-atividade-industrial-no-rio-grande-do-sul.html?utm_campaign=Cal%C3%A7ado+registra+alta+na+atividade+industrial+no+Rio+Grande+do+Sul&amp;utm_content=Cal%C3%A7ado+registra+alta+na+atividade+industrial+no+Rio+Grande+do+Sul+-+Jornal+Exclusivo+%283%29&amp;utm_medium=email&amp;utm_source=EmailMarketing&amp;utm_term=Cal%C3%A7ado+registra+alta+na+atividade+industrial+no+Rio+Grande+do+Sul\" style=\"color:blue; text-decoration:underline\"><span style=\"font-size:14.0pt\">Cal&ccedil;ado registra alta na atividade industrial no Rio Grande do Sul<\/span><\/a> <\/span><\/span><\/span><\/p>\r\n\r\n<p style=\"text-align:justify\"><span style=\"font-size:11pt\"><span style=\"line-height:normal\"><span style=\"font-family:&quot;Calibri&quot;,sans-serif\"><a href=\"http:\/\/abimovel.com\/conjuntura-de-moveis-abimovel-divulga-desempenho-da-industria-de-moveis-no-1o-semestre-de-2022\/?utm_campaign=conjuntura_de_moveis_abimovel_divulga_desempenho_da_industria_de_moveis_no_1_semestre_de_2022&amp;utm_medium=email&amp;utm_source=RD+Station\" style=\"color:blue; text-decoration:underline\"><span style=\"font-size:14.0pt\">Conjuntura de M&oacute;veis: ABIM&Oacute;VEL divulga desempenho da ind&uacute;stria de m&oacute;veis no 1&ordm; semestre de 2022<\/span><\/a><\/span><\/span><\/span><\/p>\r\n\r\n<p style=\"text-align:justify\"><span style=\"font-size:11pt\"><span style=\"line-height:normal\"><span style=\"font-family:&quot;Calibri&quot;,sans-serif\"><a href=\"https:\/\/almaco.org.br\/2022\/09\/08\/estudo-da-almaco-preve-retracao-de-25-no-consumo-de-compositos-em-2022\/\" style=\"color:blue; text-decoration:underline\"><span style=\"font-size:14.0pt\">Estudo da ALMACO prev&ecirc; retra&ccedil;&atilde;o de 2,5% no consumo de comp&oacute;sitos em 2022<\/span><\/a><\/span><\/span><\/span><\/p>\r\n\r\n<p style=\"text-align:justify\"><span style=\"font-size:11pt\"><span style=\"line-height:normal\"><span style=\"font-family:&quot;Calibri&quot;,sans-serif\"><a href=\"https:\/\/estradas.com.br\/producao-de-veiculos-acumula-alta-de-quase-5-em-relacao-ao-mesmo-periodo-de-2021\/\" style=\"color:blue; text-decoration:underline\"><span style=\"font-size:14.0pt\">Produ&ccedil;&atilde;o de ve&iacute;culos acumula alta de quase 5% em rela&ccedil;&atilde;o ao mesmo per&iacute;odo de 2021<\/span><\/a><\/span><\/span><\/span><\/p>\r\n\r\n<p class=\"MsoTitle\" style=\"text-align:justify\"><span style=\"font-size:28pt\"><span style=\"font-family:&quot;Cambria&quot;,serif\"><span style=\"letter-spacing:-0.5pt\"><b><span style=\"font-size:18.0pt\"><span style=\"font-family:&quot;Calibri&quot;,sans-serif\"><span style=\"font-variant:small-caps\">Sustentabilidade<\/span><\/span><\/span><\/b><\/span><\/span><\/span><\/p>\r\n\r\n<p style=\"text-align:justify\"><span style=\"font-size:11pt\"><span style=\"line-height:normal\"><span style=\"font-family:&quot;Calibri&quot;,sans-serif\"><a href=\"https:\/\/www.textiletechnology.net\/fibers\/commentary\/chemical-fibers-international-32022-scaling-textile-recycling-in-europe-32731?utm_source=%2Fmeta%2Fnewsletter%2Fnewsletter&amp;utm_medium=newsletter&amp;utm_campaign=nl958&amp;utm_term=0801b20e08c3242125d512808cd74302\" style=\"color:blue; text-decoration:underline\"><span style=\"font-size:14.0pt\">Scaling textile recycling in Europe<\/span><\/a><\/span><\/span><\/span><\/p>\r\n\r\n<p style=\"text-align:justify\"><span style=\"font-size:11pt\"><span style=\"line-height:normal\"><span style=\"font-family:&quot;Calibri&quot;,sans-serif\"><a href=\"http:\/\/emkt.fiesp.ind.br\/emkt\/tracer\/?1,7258735,460d08b8,f083\" style=\"color:blue; text-decoration:underline\"><span style=\"font-size:14.0pt\">FIESP: Desenvolve SP reduz taxas do cr&eacute;dito para projetos de inova&ccedil;&atilde;o e ESG<\/span><\/a><\/span><\/span><\/span><\/p>\r\n\r\n<p style=\"text-align:justify\"><span style=\"font-size:11pt\"><span style=\"line-height:normal\"><span style=\"font-family:&quot;Calibri&quot;,sans-serif\"><a href=\"https:\/\/ciclovivo.com.br\/inovacao\/inspiracao\/brasileiras-criam-absorvente-biodegradavel-e-ganham-premio-na-suecia\/\" style=\"color:blue; text-decoration:underline\"><span style=\"font-size:14.0pt\">Brasileiras criam absorvente biodegrad&aacute;vel e ganham pr&ecirc;mio na Su&eacute;cia<\/span><\/a><\/span><\/span><\/span><\/p>\r\n\r\n<p style=\"text-align:justify\"><span style=\"font-size:11pt\"><span style=\"line-height:normal\"><span style=\"font-family:&quot;Calibri&quot;,sans-serif\"><a href=\"https:\/\/canaltech.com.br\/saude\/microplasticos-sao-encontrados-pela-1a-vez-na-agua-acumulada-em-plantas-224989\/\" style=\"color:blue; text-decoration:underline\"><span style=\"font-size:14.0pt\">Micropl&aacute;sticos s&atilde;o encontrados pela 1&ordf; vez na &aacute;gua acumulada em plantas<\/span><\/a><\/span><\/span><\/span><\/p>\r\n\r\n<p class=\"MsoTitle\" style=\"text-align:justify\"><span style=\"font-size:28pt\"><span style=\"font-family:&quot;Cambria&quot;,serif\"><span style=\"letter-spacing:-0.5pt\"><b><span style=\"font-size:18.0pt\"><span style=\"font-family:&quot;Calibri&quot;,sans-serif\"><span style=\"font-variant:small-caps\">Inova&ccedil;&atilde;o<\/span><\/span><\/span><\/b><\/span><\/span><\/span><\/p>\r\n\r\n<p style=\"text-align:justify\"><span style=\"font-size:11pt\"><span style=\"line-height:normal\"><span style=\"font-family:&quot;Calibri&quot;,sans-serif\"><a href=\"https:\/\/senaicetiqt.com\/senai-cetiqt-desempenha-forte-atuacao-na-area-de-defesa\/?utm_campaign=senai_cetiqt__atuacao_cetiqt_area_de_defesa&amp;utm_medium=email&amp;utm_source=RD+Station\" style=\"color:blue; text-decoration:underline\"><span style=\"font-size:14.0pt\">SENAI CETIQT desempenha forte atua&ccedil;&atilde;o na &aacute;rea de Defesa<\/span><\/a><\/span><\/span><\/span><\/p>\r\n\r\n<p style=\"text-align:justify\"><span style=\"font-size:11pt\"><span style=\"line-height:normal\"><span style=\"font-family:&quot;Calibri&quot;,sans-serif\"><a href=\"https:\/\/ciclovivo.com.br\/inovacao\/tecnologia\/plastico-usado-em-embalagens-e-transformado-em-diamantes\/\" style=\"color:blue; text-decoration:underline\"><span style=\"font-size:14.0pt\">Pl&aacute;stico usado em embalagens &eacute; transformado em diamantes<\/span><\/a><\/span><\/span><\/span><\/p>\r\n\r\n<p class=\"MsoTitle\" style=\"text-align:justify\"><span style=\"font-size:28pt\"><span style=\"font-family:&quot;Cambria&quot;,serif\"><span style=\"letter-spacing:-0.5pt\"><b><span style=\"font-size:18.0pt\"><span style=\"font-family:&quot;Calibri&quot;,sans-serif\"><span style=\"font-variant:small-caps\">Com&eacute;rcio Exterior<\/span><\/span><\/span><\/b><\/span><\/span><\/span><\/p>\r\n\r\n<p style=\"text-align:justify\"><span style=\"font-size:11pt\"><span style=\"line-height:normal\"><span style=\"font-family:&quot;Calibri&quot;,sans-serif\"><a href=\"http:\/\/emkt.fiesp.ind.br\/emkt\/tracer\/?1,7259078,460d08b8,f1c2\" style=\"color:blue; text-decoration:underline\"><span style=\"font-size:14.0pt\">Legisla&ccedil;&atilde;o possibilita uso de drawback suspens&atilde;o para compra de servi&ccedil;o<\/span><\/a><\/span><\/span><\/span><\/p>\r\n\r\n<p style=\"text-align:justify\"><span style=\"font-size:11pt\"><span style=\"line-height:normal\"><span style=\"font-family:&quot;Calibri&quot;,sans-serif\"><a href=\"https:\/\/www.comexdobrasil.com\/china-e-eua-superpotencias-sao-principais-fontes-do-superavit-e-deficit-acumulados-pelo-brasil-no-comercio-exterior\/\" style=\"color:blue; text-decoration:underline\"><span style=\"font-size:14.0pt\">China e EUA superpot&ecirc;ncias s&atilde;o principais fontes do superavit e d&eacute;ficit acumulados pelo brasil no com&eacute;rcio exterior<\/span><\/a><\/span><\/span><\/span><\/p>\r\n\r\n<p style=\"text-align:justify\"><span style=\"font-size:11pt\"><span style=\"line-height:normal\"><span style=\"font-family:&quot;Calibri&quot;,sans-serif\"><a href=\"https:\/\/www.comexdobrasil.com\/vendas-externas-do-setor-automotivo-se-recuperam-e-voltam-a-superar-patamares-do-periodo-pre-pandemia\/\" style=\"color:blue; text-decoration:underline\"><span style=\"font-size:14.0pt\">Vendas externas do setor automotivo se recuperam e voltam a superar patamares do per&iacute;odo pr&eacute; pandemia<\/span><\/a><\/span><\/span><\/span><\/p>\r\n\r\n<p style=\"text-align:justify\"><span style=\"font-size:11pt\"><span style=\"line-height:normal\"><span style=\"font-family:&quot;Calibri&quot;,sans-serif\"><a href=\"https:\/\/www.abicalcados.com.br\/noticia\/exportacoes-de-calcados-ja-aumentaram-35-em-relacao-a-pre-pandemia\" style=\"color:blue; text-decoration:underline\"><span style=\"font-size:14.0pt\">Exporta&ccedil;&otilde;es de cal&ccedil;ados j&aacute; aumentaram 35% em rela&ccedil;&atilde;o &agrave; pr&eacute;-pandemia<\/span><\/a><\/span><\/span><\/span><\/p>\r\n\r\n<p class=\"MsoTitle\" style=\"text-align:justify\"><span style=\"font-size:28pt\"><span style=\"font-family:&quot;Cambria&quot;,serif\"><span style=\"letter-spacing:-0.5pt\"><b><span style=\"font-size:18.0pt\"><span style=\"font-family:&quot;Calibri&quot;,sans-serif\"><span style=\"font-variant:small-caps\">Economia<\/span><\/span><\/span><\/b><\/span><\/span><\/span><\/p>\r\n\r\n<p style=\"text-align:justify\"><span style=\"font-size:11pt\"><span style=\"line-height:normal\"><span style=\"font-family:&quot;Calibri&quot;,sans-serif\"><a href=\"https:\/\/www.bcb.gov.br\/content\/focus\/focus\/R20220909.pdf\" style=\"color:blue; text-decoration:underline\"><span style=\"font-size:14.0pt\">Focus: Relat&oacute;rio de Mercado<\/span><\/a><\/span><\/span><\/span><\/p>\r\n\r\n<p style=\"text-align:justify\"><span style=\"font-size:11pt\"><span style=\"line-height:normal\"><span style=\"font-family:&quot;Calibri&quot;,sans-serif\"><a href=\"https:\/\/www.bcb.gov.br\/content\/controleinflacao\/focustop5\/T20220909-Institui%C3%A7%C3%B5es%20Top%205%20-%20Agosto%20de%202022.pdf\" style=\"color:blue; text-decoration:underline\"><span style=\"font-size:14.0pt\">Focus &ndash; Top 5 &ndash; Expectativas de Mercado.<\/span><\/a><\/span><\/span><\/span><\/p>\r\n\r\n<p style=\"text-align:justify\"><span style=\"font-size:11pt\"><span style=\"line-height:normal\"><span style=\"font-family:&quot;Calibri&quot;,sans-serif\"><a href=\"https:\/\/www.conexaopolitica.com.br\/economia\/brasil-deflacao-agosto-aponta-ibge-ipca-inpc\/\" style=\"color:blue; text-decoration:underline\"><span style=\"font-size:14.0pt\">Brasil registra defla&ccedil;&atilde;o de 0,36% em agosto, aponta IBGE<\/span><\/a><\/span><\/span><\/span><\/p>\r\n\r\n<p style=\"text-align:justify\"><span style=\"font-size:11pt\"><span style=\"line-height:normal\"><span style=\"font-family:&quot;Calibri&quot;,sans-serif\"><a href=\"https:\/\/agenciabrasil.ebc.com.br\/economia\/noticia\/2022-09\/mercado-financeiro-reduz-projecao-da-inflacao-de-661-para-64\" style=\"color:blue; text-decoration:underline\"><span style=\"font-size:14.0pt\">Mercado financeiro reduz proje&ccedil;&atilde;o da infla&ccedil;&atilde;o de 6,61% para 6,4%<\/span><\/a><\/span><\/span><\/span><\/p>\r\n\r\n<p style=\"text-align:justify\"><span style=\"font-size:11pt\"><span style=\"line-height:normal\"><span style=\"font-family:&quot;Calibri&quot;,sans-serif\"><a href=\"https:\/\/portalibre.fgv.br\/sites\/default\/files\/2022-09\/09ce2022-carta-do-ibre.pdf\" style=\"color:blue; text-decoration:underline\"><span style=\"font-size:14.0pt\">Riscos fiscais de 2023 est&atilde;o mapeados, mas ainda falta uma solu&ccedil;&atilde;o para o Or&ccedil;amento<\/span><\/a><\/span><\/span><\/span><\/p>\r\n\r\n<p style=\"text-align:justify\"><span style=\"font-size:11pt\"><span style=\"line-height:normal\"><span style=\"font-family:&quot;Calibri&quot;,sans-serif\"><a href=\"https:\/\/portalibre.fgv.br\/noticias\/barometros-globais-sinalizam-continuidade-da-fase-de-desaceleracao-da-economia-mundial-em\" style=\"color:blue; text-decoration:underline\"><span style=\"font-size:14.0pt\">Bar&ocirc;metros Globais sinalizam continuidade da fase de desacelera&ccedil;&atilde;o da economia mundial em setembro<\/span><\/a><\/span><\/span><\/span><\/p>\r\n\r\n<p style=\"text-align:justify\"><span style=\"font-size:11pt\"><span style=\"line-height:normal\"><span style=\"font-family:&quot;Calibri&quot;,sans-serif\"><a href=\"https:\/\/grandesconstrucoes.com.br\/Noticias\/Exibir\/pib-da-construcao-tem-alta-de-95-no-semestre-e-puxa-crescimento-da-economia-brasileira?utm_source=akna&amp;utm_medium=email&amp;utm_campaign=Grandes-Construcoes-Informativo-828-08-09-2022&amp;utm_source=akna&amp;utm_medium=email&amp;utm_campaign=Grandes-Construcoes-Informativo-828-08-09-2022\" style=\"color:blue; text-decoration:underline\"><span style=\"font-size:14.0pt\">PIB da constru&ccedil;&atilde;o tem alta de 9,5% no semestre<\/span><\/a><\/span><\/span><\/span><\/p>\r\n\r\n<p style=\"text-align:justify\"><span style=\"font-size:11pt\"><span style=\"line-height:normal\"><span style=\"font-family:&quot;Calibri&quot;,sans-serif\"><a href=\"https:\/\/go.euromonitor.com\/rs\/805-KOK-719\/images\/GEF_2022Q3_FINAL_KT.pdf\" style=\"color:blue; text-decoration:underline\"><span style=\"font-size:14.0pt\">Euromonitor International: Global Economic Forecasts: Q3 2022<\/span><\/a><\/span><\/span><\/span><\/p>\r\n\r\n<p style=\"text-align:justify\"><span style=\"font-size:11pt\"><span style=\"line-height:normal\"><span style=\"font-family:&quot;Calibri&quot;,sans-serif\"><a href=\"https:\/\/markets.businessinsider.com\/news\/stocks\/mark-mobius-stock-market-outlook-fed-china-europe-energy-crisis-2022-9\" style=\"color:blue; text-decoration:underline\"><span style=\"font-size:14.0pt\">Veteran investor Mark Mobius predicts more pain for US markets - and issues a bleak outlook for China and Europe<\/span><\/a><\/span><\/span><\/span><\/p>\r\n\r\n<p style=\"text-align:justify\"><span style=\"font-size:11pt\"><span style=\"line-height:normal\"><span style=\"font-family:&quot;Calibri&quot;,sans-serif\"><a href=\"https:\/\/markets.businessinsider.com\/news\/commodities\/paul-krugman-europe-energy-crisis-prices-cap-natural-gas-russia-2022-9\" style=\"color:blue; text-decoration:underline\"><span style=\"font-size:14.0pt\">Paul Krugman says Europe&#39;s energy crisis won&#39;t be crippling, but letting prices soar &#39;isn&#39;t really an option&#39;<\/span><\/a><\/span><\/span><\/span><\/p>\r\n\r\n<p style=\"text-align:justify\"><span style=\"font-size:11pt\"><span style=\"line-height:normal\"><span style=\"font-family:&quot;Calibri&quot;,sans-serif\"><a href=\"https:\/\/www.businessinsider.com\/growth-recession-outlook-federal-reserve-inflation-unemployment-hiring-jobs-workers-2022-9?nr_email_referer=1&amp;utm_source=Sailthru&amp;utm_medium=email&amp;utm_content=Business_Insider_select&amp;pt=385758&amp;ct=Sailthru_BI_Newsletters&amp;mt=8&amp;utm_campaign=Business%20Insider%20-%20Algorithm%20Test%202022-09-08&amp;utm_term=INSIDER%20SELECT%20-%20ENGAGED%2C%20ACTIVE%2C%20PASSIVE%2C%20DISENGAGED%2C%20NEW\" style=\"color:blue; text-decoration:underline\"><span style=\"font-size:14.0pt\">The Fed has decided the US will need a &#39;growth recession&#39; to rein in inflation. Here&#39;s why it&#39;s bad news for job seekers.<\/span><\/a><\/span><\/span><\/span><\/p>\r\n","texto_en":"","7":"","imagem":"COMP_banner-padrao-home-destaques-boletim_20220913185720LBcwwEc3p2.jpg","8":"COMP_banner-padrao-home-destaques-boletim_20220913185720LBcwwEc3p2.jpg","arquivo":"20220913-NOTICIAS-SEMANAIS.PDF","9":"20220913-NOTICIAS-SEMANAIS.PDF","titulo_arquivo":"","10":"","titulo_arquivo_en":"","11":"","created_at":"2022-09-13 18:57:31","12":"2022-09-13 18:57:31","updated_at":"2022-09-13 18:57:31","13":"2022-09-13 18:57:31"},{"id":33,"0":33,"ordem":190,"1":190,"data":"2022-09-06","2":"2022-09-06","slug":"boletim-de-noticias-semanais-30","3":"boletim-de-noticias-semanais-30","titulo":"Boletim de Not\u00edcias Semanais","4":"Boletim de Not\u00edcias Semanais","titulo_en":"","5":"","texto":"<p style=\"text-align:justify\"><span style=\"font-size:11pt\"><span style=\"line-height:normal\"><span style=\"font-family:&quot;Calibri&quot;,sans-serif\"><span style=\"font-size:14.0pt\">Esta &eacute; uma compila&ccedil;&atilde;o das not&iacute;cias mais relevantes para o setor, incluindo informa&ccedil;&otilde;es sobre acordos internacionais, economia brasileira, sustentabilidade e mat&eacute;rias primas, al&eacute;m de novidades do setor de N&atilde;otecidos e Tecidos T&eacute;cnicos.<\/span><\/span><\/span><\/span><\/p>\r\n\r\n<p class=\"MsoTitle\" style=\"text-align:justify\"><span style=\"font-size:28pt\"><span style=\"font-family:&quot;Cambria&quot;,serif\"><span style=\"letter-spacing:-0.5pt\"><b><span style=\"font-size:18.0pt\"><span style=\"font-family:&quot;Calibri&quot;,sans-serif\"><span style=\"font-variant:small-caps\">A&ccedil;&otilde;es da ABINT<\/span><\/span><\/span><\/b><\/span><\/span><\/span><\/p>\r\n\r\n<p style=\"text-align:justify\"><span style=\"font-size:11pt\"><span style=\"line-height:normal\"><span style=\"font-family:&quot;Calibri&quot;,sans-serif\"><span class=\"MsoHyperlink\" style=\"color:blue\"><span style=\"text-decoration:underline\"><b><span style=\"font-size:14.0pt\"><span style=\"text-decoration:none\"><span style=\"text-underline:none\">Curso ABINT Tecnologia dos N&atilde;otecidos<\/span><\/span><\/span><\/b><\/span><\/span> <a href=\"https:\/\/www.abint.org.br\/informacao\/cursos-e-eventos\" style=\"color:blue; text-decoration:underline\"><b><span style=\"font-size:14.0pt\">INSCREVA-SE<\/span><\/b><\/a><span class=\"MsoHyperlink\" style=\"color:blue\"><span style=\"text-decoration:underline\"><span style=\"font-size:14.0pt\"><span style=\"text-decoration:none\"><span style=\"text-underline:none\"> <b>para as pr&oacute;ximas turmas!<\/b><\/span><\/span><\/span><\/span><\/span><\/span><\/span><\/span><\/p>\r\n\r\n<p style=\"text-align:justify\">&nbsp;<\/p>\r\n\r\n<p style=\"margin-top:16px; text-align:justify; margin-bottom:13px\"><span style=\"font-size:11pt\"><span style=\"line-height:normal\"><span style=\"font-family:&quot;Calibri&quot;,sans-serif\"><img src=\"https:\/\/www.abint.org.br\/assets\/img\/editor\/fenasan-2022_20220906172444uuMNBg2W4S.png\" \/><\/span><\/span><\/span><\/p>\r\n\r\n<p style=\"margin-top:16px; text-align:justify; margin-bottom:13px\"><span style=\"font-size:11pt\"><span style=\"line-height:normal\"><span style=\"font-family:&quot;Calibri&quot;,sans-serif\"><span class=\"MsoHyperlink\" style=\"color:blue\"><span style=\"text-decoration:underline\"><span style=\"font-size:14.0pt\"><span style=\"text-decoration:none\"><span style=\"text-underline:none\">O CTG ABINT &eacute; apoiador do <b>33&ordm; Encontro T&eacute;cnico AESabesp \/ Fenasan 2022<\/b>, eventos que ocorrer&atilde;o de <b>13 a 15 de setembro<\/b>, no Pavilh&atilde;o Branco Expo Center Norte. <\/span><\/span><\/span><\/span><\/span><a href=\"https:\/\/fenasan.com.br\/\" style=\"color:blue; text-decoration:underline\"><span style=\"font-size:14.0pt\">Informa&ccedil;&otilde;es<\/span><\/a><span style=\"font-size:14.0pt\">.<\/span><\/span><\/span><\/span><br \/>\r\n&nbsp;<\/p>\r\n\r\n<p style=\"text-align:justify\"><img height=\"781\" src=\"https:\/\/www.abint.org.br\/assets\/img\/editor\/congresso-internacional-abit-2022_202209061725171hk9r6GWxp.png\" width=\"526\" \/><\/p>\r\n\r\n<p style=\"text-align:justify\"><span style=\"font-size:11pt\"><span style=\"line-height:normal\"><span style=\"font-family:&quot;Calibri&quot;,sans-serif\"><span class=\"MsoHyperlink\" style=\"color:blue\"><span style=\"text-decoration:underline\"><b><span style=\"font-size:14.0pt\"><span style=\"text-decoration:none\"><span style=\"text-underline:none\">A ABINT &eacute; uma das patrocinadoras do Congresso Internacional ABIT 2022<\/span><\/span><\/span><\/b><\/span><\/span><span class=\"MsoHyperlink\" style=\"color:blue\"><span style=\"text-decoration:underline\"><span style=\"font-size:14.0pt\"><span style=\"text-decoration:none\"><span style=\"text-underline:none\">, evento 100% presencial, que ocorrer&aacute; dias <b>03 e 04 de novembro<\/b>, em Belo Horizonte, MG. <\/span><\/span><\/span><\/span><\/span><a href=\"https:\/\/www.congressoabit.com.br\/\" style=\"color:blue; text-decoration:underline\"><span style=\"font-size:14.0pt\">Informa&ccedil;&otilde;es<\/span><\/a><span class=\"MsoHyperlink\" style=\"color:blue\"><span style=\"text-decoration:underline\"><span style=\"font-size:14.0pt\"><span style=\"text-decoration:none\"><span style=\"text-underline:none\">.<\/span><\/span><\/span><\/span><\/span><\/span><\/span><\/span><\/p>\r\n\r\n<p style=\"text-align:justify\">&nbsp;<\/p>\r\n\r\n<p style=\"text-align:justify\"><img height=\"370\" src=\"https:\/\/www.abint.org.br\/assets\/img\/editor\/partnerkit-conahp-retangular-cth-abint_20220906172619IooP1yfOog.png\" width=\"655\" \/><\/p>\r\n\r\n<p style=\"text-align:justify\"><span style=\"font-size:11pt\"><span style=\"line-height:normal\"><span style=\"font-family:&quot;Calibri&quot;,sans-serif\"><span class=\"MsoHyperlink\" style=\"color:blue\"><span style=\"text-decoration:underline\"><span style=\"font-size:14.0pt\"><span style=\"text-decoration:none\"><span style=\"text-underline:none\">O <b>CTH ABINT<\/b> &eacute; patrocinador do <\/span><\/span><\/span><\/span><\/span><span class=\"MsoHyperlink\" style=\"color:blue\"><span style=\"text-decoration:underline\"><b><span style=\"font-size:14.0pt\"><span style=\"text-decoration:none\"><span style=\"text-underline:none\">CONAHP 2022 - Congresso Nacional de Hospitais Privados<\/span><\/span><\/span><\/b><\/span><\/span><span class=\"MsoHyperlink\" style=\"color:blue\"><span style=\"text-decoration:underline\"><span style=\"font-size:14.0pt\"><span style=\"text-decoration:none\"><span style=\"text-underline:none\">, evento que ocorrer&aacute; <b>presencialmente nos dias 10 e 11 de novembro, Transam&eacute;rica Expo Center<\/b>, S&atilde;o Paulo, SP. <\/span><\/span><\/span><\/span><\/span><a href=\"https:\/\/conahp.org.br\/2022\/\" style=\"color:blue; text-decoration:underline\"><span style=\"font-size:14.0pt\">Informa&ccedil;&otilde;es <\/span><\/a><\/span><\/span><\/span><\/p>\r\n\r\n<p style=\"text-align:justify\">&nbsp;<\/p>\r\n\r\n<p style=\"text-align:justify\"><span style=\"font-size:11pt\"><span style=\"line-height:normal\"><span style=\"font-family:&quot;Calibri&quot;,sans-serif\"><b><span style=\"font-size:18.0pt\"><span style=\"font-variant:small-caps\">Eventos<\/span><\/span><\/b><\/span><\/span><\/span><\/p>\r\n\r\n<p style=\"text-align:justify\"><span style=\"font-size:11pt\"><span style=\"line-height:normal\"><span style=\"font-family:&quot;Calibri&quot;,sans-serif\"><span class=\"MsoHyperlink\" style=\"color:blue\"><span style=\"text-decoration:underline\"><b><span style=\"font-size:14.0pt\"><span style=\"text-decoration:none\"><span style=\"text-underline:none\">Live ABIQUIM: Mecanismos de Incentivo &agrave; Inova&ccedil;&atilde;o para o Desenvolvimento Sustent&aacute;vel<\/span><\/span><\/span><\/b><\/span><\/span><span class=\"MsoHyperlink\" style=\"color:blue\"><span style=\"text-decoration:underline\"><span style=\"font-size:14.0pt\"><span style=\"text-decoration:none\"><span style=\"text-underline:none\">, 08 de setembro, 09h30 &agrave;s 12h00. informa&ccedil;&otilde;es e inscri&ccedil;&otilde;es pelo e-mail <\/span><\/span><\/span><\/span><\/span><a href=\"mailto:eventos@abiquim.org.br\" style=\"color:blue; text-decoration:underline\"><span style=\"font-size:14.0pt\">eventos@abiquim.org.br<\/span><\/a> <\/span><\/span><\/span><\/p>\r\n\r\n<p style=\"text-align:justify\"><span style=\"font-size:11pt\"><span style=\"line-height:normal\"><span style=\"font-family:&quot;Calibri&quot;,sans-serif\"><span class=\"MsoHyperlink\" style=\"color:blue\"><span style=\"text-decoration:underline\"><b><span style=\"font-size:14.0pt\"><span style=\"text-decoration:none\"><span style=\"text-underline:none\">III Semin&aacute;rio de An&aacute;lise Conjuntural<\/span><\/span><\/span><\/b><\/span><\/span><span class=\"MsoHyperlink\" style=\"color:blue\"><span style=\"text-decoration:underline\"><span style=\"font-size:14.0pt\"><span style=\"text-decoration:none\"><span style=\"text-underline:none\">, 08 de setembro, com transmiss&atilde;o via YouTube. <\/span><\/span><\/span><\/span><\/span><a href=\"https:\/\/evento.fgv.br\/analiseconjuntural_0809\/\" style=\"color:blue; text-decoration:underline\"><span style=\"font-size:14.0pt\">Informa&ccedil;&otilde;es<\/span><\/a><span class=\"MsoHyperlink\" style=\"color:blue\"><span style=\"text-decoration:underline\"><span style=\"font-size:14.0pt\"><span style=\"text-decoration:none\"><span style=\"text-underline:none\">.<\/span><\/span><\/span><\/span><\/span><\/span><\/span><\/span><\/p>\r\n\r\n<p style=\"text-align:justify\"><span style=\"font-size:11pt\"><span style=\"line-height:normal\"><span style=\"font-family:&quot;Calibri&quot;,sans-serif\"><span class=\"MsoHyperlink\" style=\"color:blue\"><span style=\"text-decoration:underline\"><b><span style=\"font-size:14.0pt\"><span style=\"text-decoration:none\"><span style=\"text-underline:none\">Automotive Business Experience #ABX22<\/span><\/span><\/span><\/b><\/span><\/span><span class=\"MsoHyperlink\" style=\"color:blue\"><span style=\"text-decoration:underline\"><span style=\"font-size:14.0pt\"><span style=\"text-decoration:none\"><span style=\"text-underline:none\">, 08 de setembro, evento h&iacute;brido. <\/span><\/span><\/span><\/span><\/span><a href=\"http:\/\/abx22.com.br\/\" style=\"color:blue; text-decoration:underline\"><span style=\"font-size:14.0pt\">Informa&ccedil;&otilde;es<\/span><\/a> <\/span><\/span><\/span><\/p>\r\n\r\n<p style=\"text-align:justify\"><span style=\"font-size:11pt\"><span style=\"line-height:normal\"><span style=\"font-family:&quot;Calibri&quot;,sans-serif\"><span class=\"MsoHyperlink\" style=\"color:blue\"><span style=\"text-decoration:underline\"><b><span style=\"font-size:14.0pt\"><span style=\"text-decoration:none\"><span style=\"text-underline:none\">12&ordm; Semin&aacute;rio Competitividade: Aprendendo a abrir caminhos - Os atalhos para o pl&aacute;stico se recriar e continuar a criar<\/span><\/span><\/span><\/b><\/span><\/span><span class=\"MsoHyperlink\" style=\"color:blue\"><span style=\"text-decoration:underline\"><span style=\"font-size:14.0pt\"><span style=\"text-decoration:none\"><span style=\"text-underline:none\">, 13 de setembro, 100% presencial, Hotel Meli&aacute;, Av. Paulista, 2181, S&atilde;o Paulo. <\/span><\/span><\/span><\/span><\/span><a href=\"https:\/\/plasticosemrevista.com.br\/competitividade-2022\" style=\"color:blue; text-decoration:underline\"><span style=\"font-size:14.0pt\">Programa&ccedil;&atilde;o<\/span><\/a><span class=\"MsoHyperlink\" style=\"color:blue\"><span style=\"text-decoration:underline\"><span style=\"font-size:14.0pt\"><span style=\"text-decoration:none\"><span style=\"text-underline:none\">. <\/span><\/span><\/span><\/span><\/span><a href=\"https:\/\/plasticosemrevista.com.br\/competitividade-2022-inscricao\" style=\"color:blue; text-decoration:underline\"><span style=\"font-size:14.0pt\">Inscri&ccedil;&otilde;es<\/span><\/a><span class=\"MsoHyperlink\" style=\"color:blue\"><span style=\"text-decoration:underline\"><span style=\"font-size:14.0pt\"><span style=\"text-decoration:none\"><span style=\"text-underline:none\">.<\/span><\/span><\/span><\/span><\/span><\/span><\/span><\/span><\/p>\r\n\r\n<p style=\"text-align:justify\"><span style=\"font-size:11pt\"><span style=\"line-height:normal\"><span style=\"font-family:&quot;Calibri&quot;,sans-serif\"><span class=\"MsoHyperlink\" style=\"color:blue\"><span style=\"text-decoration:underline\"><b><span style=\"font-size:14.0pt\"><span style=\"text-decoration:none\"><span style=\"text-underline:none\">E-Xport Meeting 2022: Semana do E-commerce Internacional<\/span><\/span><\/span><\/b><\/span><\/span><span class=\"MsoHyperlink\" style=\"color:blue\"><span style=\"text-decoration:underline\"><span style=\"font-size:14.0pt\"><span style=\"text-decoration:none\"><span style=\"text-underline:none\">, 13 a 16 de setembro, online e presencial, Campus ESPM, Rua Dr. &Aacute;lvaro Alvim, 123, Vila Mariana, S&atilde;o Paulo. <\/span><\/span><\/span><\/span><\/span><a href=\"https:\/\/apexbrasil.com.br\/e-xportmeeting-2022?msdynttrid=X7GMxImsXJRkjoe2vcUnfu7i7UwZlg7huEoOz1UzBI4&amp;utm_campaign=divulgacao_e-xport_meeting_2022_-_semana_do_e-commerce_internacional&amp;utm_medium=email&amp;utm_source=RD+Station#programmingtab-9085608db7-item-5a463ad13b-tab\" style=\"color:blue; text-decoration:underline\"><span style=\"font-size:14.0pt\">Informa&ccedil;&otilde;es<\/span><\/a> <\/span><\/span><\/span><\/p>\r\n\r\n<p style=\"text-align:justify\"><span style=\"font-size:11pt\"><span style=\"line-height:normal\"><span style=\"font-family:&quot;Calibri&quot;,sans-serif\"><span class=\"MsoHyperlink\" style=\"color:blue\"><span style=\"text-decoration:underline\"><b><span style=\"font-size:14.0pt\"><span style=\"text-decoration:none\"><span style=\"text-underline:none\">VDI-Brasil: 11&ordf; edi&ccedil;&atilde;o do Simp&oacute;sio Internacional de Excel&ecirc;ncia em Produ&ccedil;&atilde;o: tema &#39;Supply Chain&#39;<\/span><\/span><\/span><\/b><\/span><\/span><span class=\"MsoHyperlink\" style=\"color:blue\"><span style=\"text-decoration:underline\"><span style=\"font-size:14.0pt\"><span style=\"text-decoration:none\"><span style=\"text-underline:none\">, 14 de setembro, online e gratuito, <\/span><\/span><\/span><\/span><\/span><\/span><\/span><\/span><\/p>\r\n\r\n<p style=\"text-align:justify\"><span style=\"font-size:11pt\"><span style=\"line-height:normal\"><span style=\"font-family:&quot;Calibri&quot;,sans-serif\"><span class=\"MsoHyperlink\" style=\"color:blue\"><span style=\"text-decoration:underline\"><b><span style=\"font-size:14.0pt\"><span style=\"text-decoration:none\"><span style=\"text-underline:none\">Euromonitor Webinar: The New Era of Consumerism<\/span><\/span><\/span><\/b><\/span><\/span><span class=\"MsoHyperlink\" style=\"color:blue\"><span style=\"text-decoration:underline\"><span style=\"font-size:14.0pt\"><span style=\"text-decoration:none\"><span style=\"text-underline:none\">, 20 de setembro, 11h00. <\/span><\/span><\/span><\/span><\/span><a href=\"https:\/\/go.euromonitor.com\/index.php\/email\/emailWebview?md_id=120703\" style=\"color:blue; text-decoration:underline\"><span style=\"font-size:14.0pt\">Informa&ccedil;&otilde;es<\/span><\/a> <\/span><\/span><\/span><\/p>\r\n\r\n<p style=\"text-align:justify\"><span style=\"font-size:11pt\"><span style=\"line-height:normal\"><span style=\"font-family:&quot;Calibri&quot;,sans-serif\"><span class=\"MsoHyperlink\" style=\"color:blue\"><span style=\"text-decoration:underline\"><b><span style=\"font-size:14.0pt\"><span style=\"text-decoration:none\"><span style=\"text-underline:none\">Workshop Abit: Novo PGR NR-01: Aspectos t&eacute;cnicos e pr&aacute;ticos para uma boa gest&atilde;o de Sa&uacute;de e Seguran&ccedil;a no Trabalho<\/span><\/span><\/span><\/b><\/span><\/span><span class=\"MsoHyperlink\" style=\"color:blue\"><span style=\"text-decoration:underline\"><span style=\"font-size:14.0pt\"><span style=\"text-decoration:none\"><span style=\"text-underline:none\">, 29 de setembro, 09h00 &agrave;s 11h00. <\/span><\/span><\/span><\/span><\/span><a href=\"https:\/\/app.rdstation.email\/mail\/d4b5c26d-08bb-4ba6-a4f5-3273a068eb81?utm_campaign=workshop_nr01_-_01092022&amp;utm_medium=email&amp;utm_source=RD+Station\" style=\"color:blue; text-decoration:underline\"><span style=\"font-size:14.0pt\">Informa&ccedil;&otilde;es<\/span><\/a> <\/span><\/span><\/span><\/p>\r\n\r\n<p style=\"text-align:justify\"><span style=\"font-size:11pt\"><span style=\"line-height:normal\"><span style=\"font-family:&quot;Calibri&quot;,sans-serif\"><span class=\"MsoHyperlink\" style=\"color:blue\"><span style=\"text-decoration:underline\"><b><span style=\"font-size:14.0pt\"><span style=\"text-decoration:none\"><span style=\"text-underline:none\">Webinar CCBC: ESG e Compliance fiscal e tribut&aacute;rio<\/span><\/span><\/span><\/b><\/span><\/span><span class=\"MsoHyperlink\" style=\"color:blue\"><span style=\"text-decoration:underline\"><span style=\"font-size:14.0pt\"><span style=\"text-decoration:none\"><span style=\"text-underline:none\">, 30 de setembro, 14h00. <\/span><\/span><\/span><\/span><\/span><a href=\"https:\/\/app.rdstation.email\/mail\/f895b5fd-c4a2-41b3-baf3-a645c6ee8351?utm_campaign=caj_esg_e_compliance_fiscal_e_tributario&amp;utm_medium=email&amp;utm_source=RD+Station\" style=\"color:blue; text-decoration:underline\"><span style=\"font-size:14.0pt\">Informa&ccedil;&otilde;es<\/span><\/a> <\/span><\/span><\/span><\/p>\r\n\r\n<p style=\"text-align:justify\"><span style=\"font-size:11pt\"><span style=\"line-height:normal\"><span style=\"font-family:&quot;Calibri&quot;,sans-serif\"><span class=\"MsoHyperlink\" style=\"color:blue\"><span style=\"text-decoration:underline\"><b><span style=\"font-size:14.0pt\"><span style=\"text-decoration:none\"><span style=\"text-underline:none\">Feira HospitalMed, <\/span><\/span><\/span><\/b><\/span><\/span><span class=\"MsoHyperlink\" style=\"color:blue\"><span style=\"text-decoration:underline\"><span style=\"font-size:14.0pt\"><span style=\"text-decoration:none\"><span style=\"text-underline:none\">19 a 21 de outubro, Centro de Conven&ccedil;&otilde;es de Pernambuco. <\/span><\/span><\/span><\/span><\/span><a href=\"https:\/\/hospitalmed.com.br\/feira\/\" style=\"color:blue; text-decoration:underline\"><span style=\"font-size:14.0pt\">Informa&ccedil;&otilde;es <\/span><\/a><\/span><\/span><\/span><\/p>\r\n\r\n<p style=\"text-align:justify\"><span style=\"font-size:11pt\"><span style=\"line-height:normal\"><span style=\"font-family:&quot;Calibri&quot;,sans-serif\"><span class=\"MsoHyperlink\" style=\"color:blue\"><span style=\"text-decoration:underline\"><b><span style=\"font-size:14.0pt\"><span style=\"text-decoration:none\"><span style=\"text-underline:none\">THE Congress &ndash; NATURALfiberEXTRACTION<\/span><\/span><\/span><\/b><\/span><\/span><span class=\"MsoHyperlink\" style=\"color:blue\"><span style=\"text-decoration:underline\"><span style=\"font-size:14.0pt\"><span style=\"text-decoration:none\"><span style=\"text-underline:none\">, 26 de outubro de 2022, Stuttgart. <\/span><\/span><\/span><\/span><\/span><a href=\"https:\/\/www.afbw.eu\/aktuelles\/veranstaltungen\/details\/the-congress-naturalfiberpulping\/\" style=\"color:blue; text-decoration:underline\"><span style=\"font-size:14.0pt\">Informa&ccedil;&otilde;es<\/span><\/a><span class=\"MsoHyperlink\" style=\"color:blue\"><span style=\"text-decoration:underline\"><span style=\"font-size:14.0pt\"><span style=\"text-decoration:none\"><span style=\"text-underline:none\">.<\/span><\/span><\/span><\/span><\/span><\/span><\/span><\/span><\/p>\r\n\r\n<p style=\"text-align:justify\"><span style=\"font-size:11pt\"><span style=\"line-height:normal\"><span style=\"font-family:&quot;Calibri&quot;,sans-serif\"><span class=\"MsoHyperlink\" style=\"color:blue\"><span style=\"text-decoration:underline\"><b><span style=\"font-size:14.0pt\"><span style=\"text-decoration:none\"><span style=\"text-underline:none\">Innovate: Zero Carbon, Textiles&#39; journey to zero carbon<\/span><\/span><\/span><\/b><\/span><\/span><\/span><\/span><\/span><\/p>\r\n\r\n<p style=\"text-align:justify\"><span style=\"font-size:11pt\"><span style=\"line-height:normal\"><span style=\"font-family:&quot;Calibri&quot;,sans-serif\"><span class=\"MsoHyperlink\" style=\"color:blue\"><span style=\"text-decoration:underline\"><span style=\"font-size:14.0pt\"><span style=\"text-decoration:none\"><span style=\"text-underline:none\">When: 1-3 Nov 2022<\/span><\/span><\/span><\/span><\/span><\/span><\/span><\/span><\/p>\r\n\r\n<p style=\"text-align:justify\"><span style=\"font-size:11pt\"><span style=\"line-height:normal\"><span style=\"font-family:&quot;Calibri&quot;,sans-serif\"><span class=\"MsoHyperlink\" style=\"color:blue\"><span style=\"text-decoration:underline\"><span style=\"font-size:14.0pt\"><span style=\"text-decoration:none\"><span style=\"text-underline:none\">What time: 13:00&ndash;17:00 UTC \/ 9:00&ndash;13:00 EDT<\/span><\/span><\/span><\/span><\/span><\/span><\/span><\/span><\/p>\r\n\r\n<p style=\"text-align:justify\"><span style=\"font-size:11pt\"><span style=\"line-height:normal\"><span style=\"font-family:&quot;Calibri&quot;,sans-serif\"><span class=\"MsoHyperlink\" style=\"color:blue\"><span style=\"text-decoration:underline\"><span style=\"font-size:14.0pt\"><span style=\"text-decoration:none\"><span style=\"text-underline:none\">Where: Virtual, <\/span><\/span><\/span><\/span><\/span><a href=\"https:\/\/events.wtin.com\/event\/f5bac4f2-d902-41ba-9153-a4d80622877c\/summary\" style=\"color:blue; text-decoration:underline\"><span style=\"font-size:14.0pt\">events.wtin.com\/innovate<\/span><\/a><\/span><\/span><\/span><\/p>\r\n\r\n<p class=\"MsoTitle\" style=\"text-align:justify\"><span style=\"font-size:28pt\"><span style=\"font-family:&quot;Cambria&quot;,serif\"><span style=\"letter-spacing:-0.5pt\"><b><span style=\"font-size:18.0pt\"><span style=\"font-family:&quot;Calibri&quot;,sans-serif\"><span style=\"font-variant:small-caps\">Setor<\/span><\/span><\/span><\/b><\/span><\/span><\/span><\/p>\r\n\r\n<p style=\"text-align:justify\"><span style=\"font-size:11pt\"><span style=\"line-height:normal\"><span style=\"font-family:&quot;Calibri&quot;,sans-serif\"><a href=\"https:\/\/www.innovationintextiles.com\/industry-talk\/euratex-calls-for-an-euwide-cap-on-gas-prices\/\" style=\"color:blue; text-decoration:underline\"><span style=\"font-size:14.0pt\">Euratex calls for an EU-wide cap on gas prices<\/span><\/a><\/span><\/span><\/span><\/p>\r\n\r\n<p style=\"text-align:justify\"><span style=\"font-size:11pt\"><span style=\"line-height:normal\"><span style=\"font-family:&quot;Calibri&quot;,sans-serif\"><a href=\"https:\/\/textilevaluechain.in\/in-depth-analysis\/nanofibers-a-watchword-in-textile-industry\/\" style=\"color:blue; text-decoration:underline\"><span style=\"font-size:14.0pt\">Nanofibers, a watchword in textile industry<\/span><\/a><\/span><\/span><\/span><\/p>\r\n\r\n<p style=\"text-align:justify\"><span style=\"font-size:11pt\"><span style=\"line-height:normal\"><span style=\"font-family:&quot;Calibri&quot;,sans-serif\"><a href=\"https:\/\/www.textiletechnology.net\/fibers\/news\/nova-institute-cellulose-fibres-conference-will-cover-the-entire-value-chain-32752?utm_source=%2Fmeta%2Fnewsletter%2Fnewsletter&amp;utm_medium=newsletter&amp;utm_campaign=nl952&amp;utm_term=0801b20e08c3242125d512808cd74302\" style=\"color:blue; text-decoration:underline\"><span style=\"font-size:14.0pt\">Cellulose Fibres Conference will cover the entire value chain<\/span><\/a><\/span><\/span><\/span><\/p>\r\n\r\n<p style=\"text-align:justify\"><span style=\"font-size:11pt\"><span style=\"line-height:normal\"><span style=\"font-family:&quot;Calibri&quot;,sans-serif\"><a href=\"https:\/\/t.rdsv1.net\/ls\/click?upn=dUXG8cK7gehfgvepwsFkLMFol9SUeSyRX5ZbS4oHzZqpJh6leDx8h39UtlSOVElGzpyzQIdUM-2BusY3LzHvKzrHgZ4SNAaN-2FGKw-2F-2Fyi3bENym2rZXQSR1hPz9QUy3GRV-2B2W4p7uXHtZf7Uv0bq75q69nebOpDVf63HYGJ-2FOW-2B848xwSNNLR9ZXy-2F8F1js0XFaqLiG6c2Sg86XBmqsc3w07eB-2BBVYq7TCtGZN5a7kHoaE-3D2ToD_iW8zc4KBvTUX2z9kws1M6pjQI9DpNNh-2Fk6fgMN4DbaFx-2BL1o5swSv2HtiLB2iGFhri3uCHN6zus2re8T7or9O-2BMMcqv-2FmZBLpBeU2fgsNGvH8Rqoh2WoWZ1oQI3rQY5J9gI7I83eKivsBe4c6F7zZnq2glU3E9y6c084ZsDGBysLchcQyt5dsp1x7UR0X0XU2NlzEuiMZBGT0hjYUB-2FKet1oiZuQ5GTt8mIYc6y3hRTWhXfh6mXva8-2FzankvdTYW-2FqCwZbRrZ8tg4iaE5uHikg6kgi3-2BlSQcbafXZyd67IEVIgn2R-2BrhJlHacdLGwlnoxNI-2F83QnlLtFHiEIZAKkWDz2lF8l-2BDpOm74Q-2B58riSfjx6EMWuYvOrEpi1CInGx0Ind1aMDJoQ0H9pvUjXNbVlgUeA1FY46ufp2XauUaU0Y1WcGarrHz2o-2BW3GxU22IrSwCZQXSSMvj-2BrAAOP5Xo3Xnc1NFce1tZnvPrGymLvLuBpT9WMQdTf6oMVpm-2FFE9LnvKFSWyyHgI33-2FecFB1oeK9WO19jm-2FaaFvCbNsMeTocOYA2P4YE0YDf8e7arGTjUTb5zr04ds47JMvR9cg0S21L-2BaOtoWFkpnxyX5lu4Ixt3QTbEw6b-2B2ulul-2BQVmj3ODLYMURzhx4UB0A2HIHPjhMo-2FUjDSUh-2BgKDpkCxEz8OQ-3D\" style=\"color:blue; text-decoration:underline\" target=\"_blank\" title=\"ANDRITZ AG celebra seu 170\u00ba anivers\u00e1rio\"><span style=\"font-size:14.0pt\">ANDRITZ AG celebra seu 170&ordm; anivers&aacute;rio<\/span><\/a><\/span><\/span><\/span><\/p>\r\n\r\n<p style=\"text-align:justify\"><span style=\"font-size:11pt\"><span style=\"line-height:normal\"><span style=\"font-family:&quot;Calibri&quot;,sans-serif\"><a href=\"https:\/\/www.nonwovens-industry.com\/contents\/view_breaking-news\/2022-09-01\/berrys-cleanstream-technology-receives-fda-approval?utm_campaign=NON+eNewsletter&amp;utm_medium=email&amp;_hsmi=224750479&amp;_hsenc=p2ANqtz-_xuQOb6jn-n7_IJ_AQhiDVRC92i8Q1onnwVptoGNsFsPwnaSTPzAzme1r2hA467rgtc4cMtR0i92F6Lj9CipT85AesEw&amp;utm_content=224750479&amp;utm_source=hs_email\" style=\"color:blue; text-decoration:underline\"><span style=\"font-size:14.0pt\">Berry&#39;s Cleanstream Technology Receives FDA Approval<\/span><\/a><\/span><\/span><\/span><\/p>\r\n\r\n<p style=\"text-align:justify\"><span style=\"font-size:11pt\"><span style=\"line-height:normal\"><span style=\"font-family:&quot;Calibri&quot;,sans-serif\"><a href=\"https:\/\/www.innovationintextiles.com\/nonwovens\/evolon-benefits-showcased-at-fachpack-2022\/\" style=\"color:blue; text-decoration:underline\"><span style=\"font-size:14.0pt\">Freudenberg: Evolon benefits showcased at Fachpack 2022<\/span><\/a><\/span><\/span><\/span><\/p>\r\n\r\n<p style=\"text-align:justify\"><span style=\"font-size:11pt\"><span style=\"line-height:normal\"><span style=\"font-family:&quot;Calibri&quot;,sans-serif\"><a href=\"https:\/\/ibre.fgv.br\/blog-da-conjuntura-economica\/artigos\/industria-automotiva-inflacao-desacelera-mas-desafios\" style=\"color:blue; text-decoration:underline\"><span style=\"font-size:14.0pt\">Ind&uacute;stria automotiva: infla&ccedil;&atilde;o desacelera, mas desafios permanecem<\/span><\/a><\/span><\/span><\/span><\/p>\r\n\r\n<p style=\"text-align:justify\"><span style=\"font-size:11pt\"><span style=\"line-height:normal\"><span style=\"font-family:&quot;Calibri&quot;,sans-serif\"><a href=\"https:\/\/exclink.exclusivo.com.br\/cl\/POFZg\/E6A\/e47f\/LCFJkUKAOaB\/BLUJ\/L5uYoZTgsjO\/2\/\" style=\"color:blue; text-decoration:underline\"><span style=\"font-size:14.0pt\">Fabricante de cal&ccedil;ados infantis cresce quase 60% no primeiro semestre<\/span><\/a><\/span><\/span><\/span><\/p>\r\n\r\n<p style=\"text-align:justify\"><span style=\"font-size:11pt\"><span style=\"line-height:normal\"><span style=\"font-family:&quot;Calibri&quot;,sans-serif\"><a href=\"https:\/\/www.anahp.com.br\/pdf\/indicadores-ago22.pdf\" style=\"color:blue; text-decoration:underline\"><span style=\"font-size:14.0pt\">Indicadores Hospitalares Anahp - Agosto de 2022<\/span><\/a><\/span><\/span><\/span><\/p>\r\n\r\n<p style=\"text-align:justify\"><span style=\"font-size:11pt\"><span style=\"line-height:normal\"><span style=\"font-family:&quot;Calibri&quot;,sans-serif\"><a href=\"http:\/\/cnsaude.org.br\/publicacoes\/cenario-dos-hospitais-no-brasil-2021-2022\/\" style=\"color:blue; text-decoration:underline\"><span style=\"font-size:14.0pt\">Cen&aacute;rio dos Hospitais no Brasil 2021-2022 &ndash; Confedera&ccedil;&atilde;o Nacional de Sa&uacute;de<\/span><\/a><\/span><\/span><\/span><\/p>\r\n\r\n<p style=\"text-align:justify\"><span style=\"font-size:11pt\"><span style=\"line-height:normal\"><span style=\"font-family:&quot;Calibri&quot;,sans-serif\"><a href=\"https:\/\/www.textiletechnology.net\/technology\/news\/itmf-business-situation-turned-negative-again-32774?utm_source=%2Fmeta%2Fnewsletter%2Fnewsletter&amp;utm_medium=newsletter&amp;utm_campaign=nl954&amp;utm_term=0801b20e08c3242125d512808cd74302\" style=\"color:blue; text-decoration:underline\"><span style=\"font-size:14.0pt\">ITMF: Business situation turned negative again<\/span><\/a><\/span><\/span><\/span><\/p>\r\n\r\n<p class=\"MsoTitle\" style=\"text-align:justify\"><span style=\"font-size:28pt\"><span style=\"font-family:&quot;Cambria&quot;,serif\"><span style=\"letter-spacing:-0.5pt\"><b><span style=\"font-size:18.0pt\"><span style=\"font-family:&quot;Calibri&quot;,sans-serif\"><span style=\"font-variant:small-caps\">Ind&uacute;stria<\/span><\/span><\/span><\/b><\/span><\/span><\/span><\/p>\r\n\r\n<p style=\"text-align:justify\"><span style=\"font-size:11pt\"><span style=\"line-height:normal\"><span style=\"font-family:&quot;Calibri&quot;,sans-serif\"><a href=\"https:\/\/www.portaldaindustria.com.br\/estatisticas\/indicadores-industriais\/\" style=\"color:blue; text-decoration:underline\"><span style=\"font-size:14.0pt\">Estat&iacute;sticas CNI: Indicadores nacionais da ind&uacute;stria<\/span><\/a><\/span><\/span><\/span><\/p>\r\n\r\n<p style=\"text-align:justify\"><span style=\"font-size:11pt\"><span style=\"line-height:normal\"><span style=\"font-family:&quot;Calibri&quot;,sans-serif\"><a href=\"https:\/\/www.fiesp.com.br\/noticias\/producao-industrial-aumenta-06-em-julho\/\" style=\"color:blue; text-decoration:underline\"><span style=\"font-size:14.0pt\">Produ&ccedil;&atilde;o industrial aumenta 0,6% em julho<\/span><\/a><\/span><\/span><\/span><\/p>\r\n\r\n<p style=\"text-align:justify\"><span style=\"font-size:11pt\"><span style=\"line-height:normal\"><span style=\"font-family:&quot;Calibri&quot;,sans-serif\"><a href=\"https:\/\/portalibre.fgv.br\/noticias\/confianca-empresarial-sobe-22-pontos-em-agosto-atingindo-o-maior-nivel-desde-agosto-de\" style=\"color:blue; text-decoration:underline\"><span style=\"font-size:14.0pt\">Confian&ccedil;a Empresarial sobe 2,2 pontos em agosto, atingindo o maior n&iacute;vel desde agosto de 2021<\/span><\/a><\/span><\/span><\/span><\/p>\r\n\r\n<p style=\"text-align:justify\"><span style=\"font-size:11pt\"><span style=\"line-height:normal\"><span style=\"font-family:&quot;Calibri&quot;,sans-serif\"><a href=\"https:\/\/markets.businessinsider.com\/news\/commodities\/energy-crisis-asian-lng-sellers-send-leftover-gas-to-europe-2022-8\" style=\"color:blue; text-decoration:underline\"><span style=\"font-size:14.0pt\">Asian LNG sellers are combining leftover gas into full shipments to help meet European demand ahead of winter, report says<\/span><\/a><\/span><\/span><\/span><\/p>\r\n\r\n<p style=\"text-align:justify\"><span style=\"font-size:11pt\"><span style=\"line-height:normal\"><span style=\"font-family:&quot;Calibri&quot;,sans-serif\"><a href=\"https:\/\/almaco.org.br\/2022\/09\/01\/senado-autoriza-para-a-contratar-emprestimo-de-us-100-milhoes-para-saneamento\/\" style=\"color:blue; text-decoration:underline\"><span style=\"font-size:14.0pt\">Senado autoriza Par&aacute; a contratar empr&eacute;stimo de US$ 100 milh&otilde;es para saneamento<\/span><\/a><\/span><\/span><\/span><\/p>\r\n\r\n<p style=\"text-align:justify\"><span style=\"font-size:11pt\"><span style=\"line-height:normal\"><span style=\"font-family:&quot;Calibri&quot;,sans-serif\"><a href=\"https:\/\/markets.businessinsider.com\/news\/commodities\/european-natural-gas-prices-russia-halts-nord-stream-1-flows-2022-9\" style=\"color:blue; text-decoration:underline\"><span style=\"font-size:14.0pt\">European natural gas prices surge 36% after Russia halts Nord Stream 1 flows indefinitely<\/span><\/a><\/span><\/span><\/span><\/p>\r\n\r\n<p class=\"MsoTitle\" style=\"text-align:justify\"><span style=\"font-size:28pt\"><span style=\"font-family:&quot;Cambria&quot;,serif\"><span style=\"letter-spacing:-0.5pt\"><b><span style=\"font-size:18.0pt\"><span style=\"font-family:&quot;Calibri&quot;,sans-serif\"><span style=\"font-variant:small-caps\">Sustentabilidade<\/span><\/span><\/span><\/b><\/span><\/span><\/span><\/p>\r\n\r\n<p style=\"text-align:justify\"><span style=\"font-size:11pt\"><span style=\"line-height:normal\"><span style=\"font-family:&quot;Calibri&quot;,sans-serif\"><a href=\"https:\/\/plasticosemrevista.com.br\/a-caminho-da-metamorfose\/\" style=\"color:blue; text-decoration:underline\"><span style=\"font-size:14.0pt\">A caminho da metamorfose<\/span><\/a><\/span><\/span><\/span><\/p>\r\n\r\n<p style=\"text-align:justify\"><span style=\"font-size:11pt\"><span style=\"line-height:normal\"><span style=\"font-family:&quot;Calibri&quot;,sans-serif\"><a href=\"https:\/\/www.revistatae.com.br\/Noticia\/68455\/desafios-para-a-regulacao-do-setor-de-saneamento-basico-no-brasil-\" style=\"color:blue; text-decoration:underline\"><span style=\"font-size:14.0pt\">Desafios para a regula&ccedil;&atilde;o do setor de saneamento b&aacute;sico no Brasil<\/span><\/a><\/span><\/span><\/span><\/p>\r\n\r\n<p style=\"text-align:justify\"><span style=\"font-size:11pt\"><span style=\"line-height:normal\"><span style=\"font-family:&quot;Calibri&quot;,sans-serif\"><a href=\"https:\/\/ibre.fgv.br\/blog-da-conjuntura-economica\/artigos\/aprimoramento-de-praticas-esg-tambem-e-preocupacao-do-setor-de\" style=\"color:blue; text-decoration:underline\"><span style=\"font-size:14.0pt\">Aprimoramento de pr&aacute;ticas ESG tamb&eacute;m &eacute; preocupa&ccedil;&atilde;o do setor de saneamento<\/span><\/a><\/span><\/span><\/span><\/p>\r\n\r\n<p style=\"text-align:justify\"><span style=\"font-size:11pt\"><span style=\"line-height:normal\"><span style=\"font-family:&quot;Calibri&quot;,sans-serif\"><a href=\"https:\/\/ciclovivo.com.br\/inovacao\/inspiracao\/projeto-transforma-bitucas-de-praias-em-filamentos-compostaveis\/\" style=\"color:blue; text-decoration:underline\"><span style=\"font-size:14.0pt\">Projeto transforma bitucas de praias em filamentos compost&aacute;veis<\/span><\/a><\/span><\/span><\/span><\/p>\r\n\r\n<p style=\"text-align:justify\"><span style=\"font-size:11pt\"><span style=\"line-height:normal\"><span style=\"font-family:&quot;Calibri&quot;,sans-serif\"><a href=\"https:\/\/www.textiletechnology.net\/technology\/news\/oeko-tex-sustainability-trust-and-transparency-are-becoming-more-important-sustainability-trust-and-transparency-32763?utm_source=%2Fmeta%2Fnewsletter%2Fnewsletter&amp;utm_medium=newsletter&amp;utm_campaign=nl954&amp;utm_term=0801b20e08c3242125d512808cd74302\" style=\"color:blue; text-decoration:underline\"><span style=\"font-size:14.0pt\">Oeko-Tex: Sustainability, trust and transparency<\/span><\/a><\/span><\/span><\/span><\/p>\r\n\r\n<p style=\"text-align:justify\"><span style=\"font-size:11pt\"><span style=\"line-height:normal\"><span style=\"font-family:&quot;Calibri&quot;,sans-serif\"><a href=\"https:\/\/tissueonline.com.br\/um-cartao-de-credito-por-semana-e-o-que-o-ser-humano-ingere-de-microplastico-sem-saber\/?utm_campaign=newsletter_02092022_novo_modelo&amp;utm_medium=email&amp;utm_source=RD+Station\" style=\"color:blue; text-decoration:underline\"><span style=\"font-size:14.0pt\">Um cart&atilde;o de cr&eacute;dito por semana: &eacute; o que o ser humano ingere de micropl&aacute;stico, sem saber<\/span><\/a><\/span><\/span><\/span><\/p>\r\n\r\n<p class=\"MsoTitle\" style=\"text-align:justify\"><span style=\"font-size:28pt\"><span style=\"font-family:&quot;Cambria&quot;,serif\"><span style=\"letter-spacing:-0.5pt\"><b><span style=\"font-size:18.0pt\"><span style=\"font-family:&quot;Calibri&quot;,sans-serif\"><span style=\"font-variant:small-caps\">Inova&ccedil;&atilde;o<\/span><\/span><\/span><\/b><\/span><\/span><\/span><\/p>\r\n\r\n<p style=\"text-align:justify\"><span style=\"font-size:11pt\"><span style=\"line-height:normal\"><span style=\"font-family:&quot;Calibri&quot;,sans-serif\"><a href=\"https:\/\/noticias.portaldaindustria.com.br\/posicionamentos\/cni-alerta-para-o-risco-da-mp-que-retira-recursos-para-pesquisa-e-inovacao\/\" style=\"color:blue; text-decoration:underline\"><span style=\"font-size:14.0pt\">CNI alerta para o risco da MP que retira recursos para pesquisa e inova&ccedil;&atilde;o<\/span><\/a><\/span><\/span><\/span><\/p>\r\n\r\n<p style=\"text-align:justify\"><span style=\"font-size:11pt\"><span style=\"line-height:normal\"><span style=\"font-family:&quot;Calibri&quot;,sans-serif\"><a href=\"https:\/\/www.meiofiltrante.com.br\/Noticia\/109515\/embrapii-e-a-anprotec-assinam-acordo\" style=\"color:blue; text-decoration:underline\"><span style=\"font-size:14.0pt\">EMBRAPII e a ANPROTEC assinam acordo para <span style=\"background:white\">criar um ambiente m&uacute;tuo de est&iacute;mulo &agrave; Pesquisa, Desenvolvimento e Inova&ccedil;&atilde;o<\/span><\/span><\/a><\/span><\/span><\/span><\/p>\r\n\r\n<p style=\"text-align:justify\"><span style=\"font-size:11pt\"><span style=\"line-height:normal\"><span style=\"font-family:&quot;Calibri&quot;,sans-serif\"><a href=\"https:\/\/www.correiodopovo.com.br\/correiomaisconteudo\/trama-f%C3%A1cil-o-pl%C3%A1stico-aliado-do-agroneg%C3%B3cio-1.880550\" style=\"color:blue; text-decoration:underline\"><span style=\"font-size:14.0pt\">Trama F&aacute;cil: o pl&aacute;stico aliado do agroneg&oacute;cio<\/span><\/a><\/span><\/span><\/span><\/p>\r\n\r\n<p style=\"text-align:justify\"><span style=\"font-size:11pt\"><span style=\"line-height:normal\"><span style=\"font-family:&quot;Calibri&quot;,sans-serif\"><a href=\"https:\/\/diariosp.com.br\/blogs\/agroejardim\/jardinagem\/fibra-sintetica-saiba-o-que-e-e-as-vantagens-de-moveis-de-jardim-feitos-nesse-material\/7297\/\" style=\"color:blue; text-decoration:underline\"><span style=\"font-size:14.0pt\">Fibra sint&eacute;tica: saiba o que &eacute; e as vantagens de m&oacute;veis de jardim feitos nesse material<\/span><\/a><\/span><\/span><\/span><\/p>\r\n\r\n<p style=\"text-align:justify\"><span style=\"font-size:11pt\"><span style=\"line-height:normal\"><span style=\"font-family:&quot;Calibri&quot;,sans-serif\"><a href=\"https:\/\/textilevaluechain.in\/in-depth-analysis\/air-permeability-tear-resistance-of-fabrics-for-ppe-protection\/\" style=\"color:blue; text-decoration:underline\"><span style=\"font-size:14.0pt\">Air permeability tear resistance of fabrics for PPE protection<\/span><\/a><\/span><\/span><\/span><\/p>\r\n\r\n<p style=\"text-align:justify\"><span style=\"font-size:11pt\"><span style=\"line-height:normal\"><span style=\"font-family:&quot;Calibri&quot;,sans-serif\"><a href=\"https:\/\/www.technicaltextile.net\/news\/canada-s-researchers-discovery-could-help-protective-wear-last-longer-282761.html\" style=\"color:blue; text-decoration:underline\"><span style=\"font-size:14.0pt\">Canada&#39;s researchers&#39; discovery could help protective wear last longer<\/span><\/a><\/span><\/span><\/span><\/p>\r\n\r\n<p class=\"MsoTitle\" style=\"text-align:justify\"><span style=\"font-size:28pt\"><span style=\"font-family:&quot;Cambria&quot;,serif\"><span style=\"letter-spacing:-0.5pt\"><b><span style=\"font-size:18.0pt\"><span style=\"font-family:&quot;Calibri&quot;,sans-serif\"><span style=\"font-variant:small-caps\">Com&eacute;rcio Exterior<\/span><\/span><\/span><\/b><\/span><\/span><\/span><\/p>\r\n\r\n<p style=\"text-align:justify\"><span style=\"font-size:11pt\"><span style=\"line-height:normal\"><span style=\"font-family:&quot;Calibri&quot;,sans-serif\"><a href=\"https:\/\/www.aquiacontece.com.br\/noticia\/negocios-economia\/04\/09\/2022\/balanca-comercial-exportacoes-em-agosto-superaram-as-importacoes-em-us-416-bilhoes\/186139\" style=\"color:blue; text-decoration:underline\"><span style=\"font-size:14.0pt\">Balan&ccedil;a comercial: exporta&ccedil;&otilde;es em agosto superaram as importa&ccedil;&otilde;es em US$ 4,16 bilh&otilde;es<\/span><\/a><\/span><\/span><\/span><\/p>\r\n\r\n<p style=\"text-align:justify\"><span style=\"font-size:11pt\"><span style=\"line-height:normal\"><span style=\"font-family:&quot;Calibri&quot;,sans-serif\"><a href=\"https:\/\/noticias.uol.com.br\/ultimas-noticias\/deutschewelle\/2022\/08\/31\/ue-espera-que-pleito-no-brasil-favoreca-acordo-com-mercosul.htm\" style=\"color:blue; text-decoration:underline\"><span style=\"font-size:14.0pt\">UE espera que pleito no Brasil favore&ccedil;a acordo com Mercosul<\/span><\/a><\/span><\/span><\/span><\/p>\r\n\r\n<p style=\"text-align:justify\"><span style=\"font-size:11pt\"><span style=\"line-height:normal\"><span style=\"font-family:&quot;Calibri&quot;,sans-serif\"><a href=\"https:\/\/veja.abril.com.br\/economia\/china-entra-em-desaceleracao-e-pode-prejudicar-planos-para-brasil-em-2023\/\" style=\"color:blue; text-decoration:underline\"><span style=\"font-size:14.0pt\">China entra em desacelera&ccedil;&atilde;o e pode prejudicar planos para Brasil em 2023<\/span><\/a><\/span><\/span><\/span><\/p>\r\n\r\n<p style=\"text-align:justify\"><span style=\"font-size:11pt\"><span style=\"line-height:normal\"><span style=\"font-family:&quot;Calibri&quot;,sans-serif\"><a href=\"http:\/\/abimovel.com\/nova-fase-do-programa-de-controle-de-importacao-para-carga-aerea-da-uniao-europeia-ics2-entrara-em-vigor-em-2023\/\" style=\"color:blue; text-decoration:underline\"><span style=\"font-size:14.0pt\">Nova fase do programa de controle de importa&ccedil;&atilde;o para carga a&eacute;rea da Uni&atilde;o Europeia (ICS2) entrar&aacute; em vigor em 2023<\/span><\/a><\/span><\/span><\/span><\/p>\r\n\r\n<p style=\"text-align:justify\"><span style=\"font-size:11pt\"><span style=\"line-height:normal\"><span style=\"font-family:&quot;Calibri&quot;,sans-serif\"><a href=\"https:\/\/www.vrum.com.br\/noticias\/acordo-comercio-automoveis-brasil-argentina\/\" style=\"color:blue; text-decoration:underline\"><span style=\"font-size:14.0pt\">Acordo beneficiar&aacute; com&eacute;rcio de ve&iacute;culos entre Brasil e Argentina<\/span><\/a><\/span><\/span><\/span><\/p>\r\n\r\n<p class=\"MsoTitle\" style=\"text-align:justify\"><span style=\"font-size:28pt\"><span style=\"font-family:&quot;Cambria&quot;,serif\"><span style=\"letter-spacing:-0.5pt\"><b><span style=\"font-size:18.0pt\"><span style=\"font-family:&quot;Calibri&quot;,sans-serif\"><span style=\"font-variant:small-caps\">Economia<\/span><\/span><\/span><\/b><\/span><\/span><\/span><\/p>\r\n\r\n<p style=\"text-align:justify\"><span style=\"font-size:11pt\"><span style=\"line-height:normal\"><span style=\"font-family:&quot;Calibri&quot;,sans-serif\"><a href=\"https:\/\/www.bcb.gov.br\/content\/focus\/focus\/R20220826.pdf\" style=\"color:blue; text-decoration:underline\"><span style=\"font-size:14.0pt\">Focus &ndash; Relat&oacute;rio de Mercado<\/span><\/a><\/span><\/span><\/span><\/p>\r\n\r\n<p style=\"text-align:justify\"><span style=\"font-size:11pt\"><span style=\"line-height:normal\"><span style=\"font-family:&quot;Calibri&quot;,sans-serif\"><a href=\"https:\/\/www.bcb.gov.br\/content\/controleinflacao\/focusdistribuicoesfrequencia\/P20220905-Distribui%C3%A7%C3%B5es%20de%20Frequ%C3%AAncia%20das%20Expectativas%20de%20Mercado%20para%20IPCA%20Selic%20PIB%20C%C3%A2mbio.pdf\" style=\"color:blue; text-decoration:underline\"><span style=\"font-size:14.0pt\">Focus - Expectativas de Mercado<\/span><\/a><\/span><\/span><\/span><\/p>\r\n\r\n<p style=\"text-align:justify\"><span style=\"font-size:11pt\"><span style=\"line-height:normal\"><span style=\"font-family:&quot;Calibri&quot;,sans-serif\"><a href=\"https:\/\/www.fiesp.com.br\/noticias\/pib-mantem-ritmo-de-crescimento-no-2o-trimestre\/\" style=\"color:blue; text-decoration:underline\"><span style=\"font-size:14.0pt\">PIB mant&eacute;m ritmo de crescimento no 2&ordm; trimestre<\/span><\/a><\/span><\/span><\/span><\/p>\r\n\r\n<p style=\"text-align:justify\"><span style=\"font-size:11pt\"><span style=\"line-height:normal\"><span style=\"font-family:&quot;Calibri&quot;,sans-serif\"><a href=\"https:\/\/portalibre.fgv.br\/sites\/default\/files\/2022-08\/indicador_de_incerteza_brasil_fgv_press-release_ago22.pdf\" style=\"color:blue; text-decoration:underline\"><span style=\"font-size:14.0pt\">Indicador de Incerteza da Economia caiu 4,2 pontos em agosto<\/span><\/a><\/span><\/span><\/span><\/p>\r\n\r\n<p style=\"text-align:justify\"><span style=\"font-size:11pt\"><span style=\"line-height:normal\"><span style=\"font-family:&quot;Calibri&quot;,sans-serif\"><a href=\"https:\/\/m.br.investing.com\/news\/economic-indicators\/desemprego-no-brasil-cai-a-91-no-tri-ate-julho-com-recorde-de-ocupados-renda-sobe-1031973\" style=\"color:blue; text-decoration:underline\"><span style=\"font-size:14.0pt\">Desemprego no Brasil cai a 9,1% no tri at&eacute; julho com recorde de ocupados<\/span><\/a><\/span><\/span><\/span><\/p>\r\n\r\n<p style=\"text-align:justify\"><span style=\"font-size:11pt\"><span style=\"line-height:normal\"><span style=\"font-family:&quot;Calibri&quot;,sans-serif\"><a href=\"https:\/\/portalibre.fgv.br\/sites\/default\/files\/2022-09\/apresentacao-sintese-das-sondagens-agosto2022.pdf\" style=\"color:blue; text-decoration:underline\"><span style=\"font-size:14.0pt\">S&iacute;ntese das sondagens de agosto 2022<\/span><\/a><\/span><\/span><\/span><\/p>\r\n\r\n<p style=\"text-align:justify\"><span style=\"font-size:11pt\"><span style=\"line-height:normal\"><span style=\"font-family:&quot;Calibri&quot;,sans-serif\"><a href=\"https:\/\/ibre.fgv.br\/blog-da-conjuntura-economica\/artigos\/em-foco-70\" style=\"color:blue; text-decoration:underline\"><span style=\"font-size:14.0pt\">Com a pandemia sumindo e anabolizantes, economia reage<\/span><\/a><\/span><\/span><\/span><\/p>\r\n\r\n<p style=\"text-align:justify\"><span style=\"font-size:11pt\"><span style=\"line-height:normal\"><span style=\"font-family:&quot;Calibri&quot;,sans-serif\"><a href=\"https:\/\/br.investing.com\/news\/economic-indicators\/bank-of-america-turbina-estimativa-de-crescimento-do-pib-do-brasil-em-2022-para-325-1032508\" style=\"color:blue; text-decoration:underline\"><span style=\"font-size:14.0pt\">Bank of America turbina estimativa de crescimento do PIB do Brasil em 2022 para 3,25%<\/span><\/a><\/span><\/span><\/span><\/p>\r\n\r\n<p style=\"text-align:justify\"><span style=\"font-size:11pt\"><span style=\"line-height:normal\"><span style=\"font-family:&quot;Calibri&quot;,sans-serif\"><a href=\"https:\/\/www.businessinsider.com\/inflation-trends-outlook-fed-recession-painful-hiring-slowdown-wage-growth-2022-8?nr_email_referer=1&amp;utm_source=Sailthru&amp;utm_medium=email&amp;utm_content=Business_Insider_select&amp;pt=385758&amp;ct=Sailthru_BI_Newsletters&amp;mt=8&amp;utm_campaign=Business%20Insider%20-%20Algorithm%20Test%202022-09-05&amp;utm_term=INSIDER%20SELECT%20-%20ENGAGED%2C%20ACTIVE%2C%20PASSIVE%2C%20DISENGAGED%2C%20NEW\" style=\"color:blue; text-decoration:underline\"><span style=\"font-size:14.0pt\">Fighting inflation over the next 18 months could bring the same kind of pain it did in the 1980s: fewer jobs and expensive borrowing<\/span><\/a><\/span><\/span><\/span><\/p>\r\n","6":"<p style=\"text-align:justify\"><span style=\"font-size:11pt\"><span style=\"line-height:normal\"><span style=\"font-family:&quot;Calibri&quot;,sans-serif\"><span style=\"font-size:14.0pt\">Esta &eacute; uma compila&ccedil;&atilde;o das not&iacute;cias mais relevantes para o setor, incluindo informa&ccedil;&otilde;es sobre acordos internacionais, economia brasileira, sustentabilidade e mat&eacute;rias primas, al&eacute;m de novidades do setor de N&atilde;otecidos e Tecidos T&eacute;cnicos.<\/span><\/span><\/span><\/span><\/p>\r\n\r\n<p class=\"MsoTitle\" style=\"text-align:justify\"><span style=\"font-size:28pt\"><span style=\"font-family:&quot;Cambria&quot;,serif\"><span style=\"letter-spacing:-0.5pt\"><b><span style=\"font-size:18.0pt\"><span style=\"font-family:&quot;Calibri&quot;,sans-serif\"><span style=\"font-variant:small-caps\">A&ccedil;&otilde;es da ABINT<\/span><\/span><\/span><\/b><\/span><\/span><\/span><\/p>\r\n\r\n<p style=\"text-align:justify\"><span style=\"font-size:11pt\"><span style=\"line-height:normal\"><span style=\"font-family:&quot;Calibri&quot;,sans-serif\"><span class=\"MsoHyperlink\" style=\"color:blue\"><span style=\"text-decoration:underline\"><b><span style=\"font-size:14.0pt\"><span style=\"text-decoration:none\"><span style=\"text-underline:none\">Curso ABINT Tecnologia dos N&atilde;otecidos<\/span><\/span><\/span><\/b><\/span><\/span> <a href=\"https:\/\/www.abint.org.br\/informacao\/cursos-e-eventos\" style=\"color:blue; text-decoration:underline\"><b><span style=\"font-size:14.0pt\">INSCREVA-SE<\/span><\/b><\/a><span class=\"MsoHyperlink\" style=\"color:blue\"><span style=\"text-decoration:underline\"><span style=\"font-size:14.0pt\"><span style=\"text-decoration:none\"><span style=\"text-underline:none\"> <b>para as pr&oacute;ximas turmas!<\/b><\/span><\/span><\/span><\/span><\/span><\/span><\/span><\/span><\/p>\r\n\r\n<p style=\"text-align:justify\">&nbsp;<\/p>\r\n\r\n<p style=\"margin-top:16px; text-align:justify; margin-bottom:13px\"><span style=\"font-size:11pt\"><span style=\"line-height:normal\"><span style=\"font-family:&quot;Calibri&quot;,sans-serif\"><img src=\"https:\/\/www.abint.org.br\/assets\/img\/editor\/fenasan-2022_20220906172444uuMNBg2W4S.png\" \/><\/span><\/span><\/span><\/p>\r\n\r\n<p style=\"margin-top:16px; text-align:justify; margin-bottom:13px\"><span style=\"font-size:11pt\"><span style=\"line-height:normal\"><span style=\"font-family:&quot;Calibri&quot;,sans-serif\"><span class=\"MsoHyperlink\" style=\"color:blue\"><span style=\"text-decoration:underline\"><span style=\"font-size:14.0pt\"><span style=\"text-decoration:none\"><span style=\"text-underline:none\">O CTG ABINT &eacute; apoiador do <b>33&ordm; Encontro T&eacute;cnico AESabesp \/ Fenasan 2022<\/b>, eventos que ocorrer&atilde;o de <b>13 a 15 de setembro<\/b>, no Pavilh&atilde;o Branco Expo Center Norte. <\/span><\/span><\/span><\/span><\/span><a href=\"https:\/\/fenasan.com.br\/\" style=\"color:blue; text-decoration:underline\"><span style=\"font-size:14.0pt\">Informa&ccedil;&otilde;es<\/span><\/a><span style=\"font-size:14.0pt\">.<\/span><\/span><\/span><\/span><br \/>\r\n&nbsp;<\/p>\r\n\r\n<p style=\"text-align:justify\"><img height=\"781\" src=\"https:\/\/www.abint.org.br\/assets\/img\/editor\/congresso-internacional-abit-2022_202209061725171hk9r6GWxp.png\" width=\"526\" \/><\/p>\r\n\r\n<p style=\"text-align:justify\"><span style=\"font-size:11pt\"><span style=\"line-height:normal\"><span style=\"font-family:&quot;Calibri&quot;,sans-serif\"><span class=\"MsoHyperlink\" style=\"color:blue\"><span style=\"text-decoration:underline\"><b><span style=\"font-size:14.0pt\"><span style=\"text-decoration:none\"><span style=\"text-underline:none\">A ABINT &eacute; uma das patrocinadoras do Congresso Internacional ABIT 2022<\/span><\/span><\/span><\/b><\/span><\/span><span class=\"MsoHyperlink\" style=\"color:blue\"><span style=\"text-decoration:underline\"><span style=\"font-size:14.0pt\"><span style=\"text-decoration:none\"><span style=\"text-underline:none\">, evento 100% presencial, que ocorrer&aacute; dias <b>03 e 04 de novembro<\/b>, em Belo Horizonte, MG. <\/span><\/span><\/span><\/span><\/span><a href=\"https:\/\/www.congressoabit.com.br\/\" style=\"color:blue; text-decoration:underline\"><span style=\"font-size:14.0pt\">Informa&ccedil;&otilde;es<\/span><\/a><span class=\"MsoHyperlink\" style=\"color:blue\"><span style=\"text-decoration:underline\"><span style=\"font-size:14.0pt\"><span style=\"text-decoration:none\"><span style=\"text-underline:none\">.<\/span><\/span><\/span><\/span><\/span><\/span><\/span><\/span><\/p>\r\n\r\n<p style=\"text-align:justify\">&nbsp;<\/p>\r\n\r\n<p style=\"text-align:justify\"><img height=\"370\" src=\"https:\/\/www.abint.org.br\/assets\/img\/editor\/partnerkit-conahp-retangular-cth-abint_20220906172619IooP1yfOog.png\" width=\"655\" \/><\/p>\r\n\r\n<p style=\"text-align:justify\"><span style=\"font-size:11pt\"><span style=\"line-height:normal\"><span style=\"font-family:&quot;Calibri&quot;,sans-serif\"><span class=\"MsoHyperlink\" style=\"color:blue\"><span style=\"text-decoration:underline\"><span style=\"font-size:14.0pt\"><span style=\"text-decoration:none\"><span style=\"text-underline:none\">O <b>CTH ABINT<\/b> &eacute; patrocinador do <\/span><\/span><\/span><\/span><\/span><span class=\"MsoHyperlink\" style=\"color:blue\"><span style=\"text-decoration:underline\"><b><span style=\"font-size:14.0pt\"><span style=\"text-decoration:none\"><span style=\"text-underline:none\">CONAHP 2022 - Congresso Nacional de Hospitais Privados<\/span><\/span><\/span><\/b><\/span><\/span><span class=\"MsoHyperlink\" style=\"color:blue\"><span style=\"text-decoration:underline\"><span style=\"font-size:14.0pt\"><span style=\"text-decoration:none\"><span style=\"text-underline:none\">, evento que ocorrer&aacute; <b>presencialmente nos dias 10 e 11 de novembro, Transam&eacute;rica Expo Center<\/b>, S&atilde;o Paulo, SP. <\/span><\/span><\/span><\/span><\/span><a href=\"https:\/\/conahp.org.br\/2022\/\" style=\"color:blue; text-decoration:underline\"><span style=\"font-size:14.0pt\">Informa&ccedil;&otilde;es <\/span><\/a><\/span><\/span><\/span><\/p>\r\n\r\n<p style=\"text-align:justify\">&nbsp;<\/p>\r\n\r\n<p style=\"text-align:justify\"><span style=\"font-size:11pt\"><span style=\"line-height:normal\"><span style=\"font-family:&quot;Calibri&quot;,sans-serif\"><b><span style=\"font-size:18.0pt\"><span style=\"font-variant:small-caps\">Eventos<\/span><\/span><\/b><\/span><\/span><\/span><\/p>\r\n\r\n<p style=\"text-align:justify\"><span style=\"font-size:11pt\"><span style=\"line-height:normal\"><span style=\"font-family:&quot;Calibri&quot;,sans-serif\"><span class=\"MsoHyperlink\" style=\"color:blue\"><span style=\"text-decoration:underline\"><b><span style=\"font-size:14.0pt\"><span style=\"text-decoration:none\"><span style=\"text-underline:none\">Live ABIQUIM: Mecanismos de Incentivo &agrave; Inova&ccedil;&atilde;o para o Desenvolvimento Sustent&aacute;vel<\/span><\/span><\/span><\/b><\/span><\/span><span class=\"MsoHyperlink\" style=\"color:blue\"><span style=\"text-decoration:underline\"><span style=\"font-size:14.0pt\"><span style=\"text-decoration:none\"><span style=\"text-underline:none\">, 08 de setembro, 09h30 &agrave;s 12h00. informa&ccedil;&otilde;es e inscri&ccedil;&otilde;es pelo e-mail <\/span><\/span><\/span><\/span><\/span><a href=\"mailto:eventos@abiquim.org.br\" style=\"color:blue; text-decoration:underline\"><span style=\"font-size:14.0pt\">eventos@abiquim.org.br<\/span><\/a> <\/span><\/span><\/span><\/p>\r\n\r\n<p style=\"text-align:justify\"><span style=\"font-size:11pt\"><span style=\"line-height:normal\"><span style=\"font-family:&quot;Calibri&quot;,sans-serif\"><span class=\"MsoHyperlink\" style=\"color:blue\"><span style=\"text-decoration:underline\"><b><span style=\"font-size:14.0pt\"><span style=\"text-decoration:none\"><span style=\"text-underline:none\">III Semin&aacute;rio de An&aacute;lise Conjuntural<\/span><\/span><\/span><\/b><\/span><\/span><span class=\"MsoHyperlink\" style=\"color:blue\"><span style=\"text-decoration:underline\"><span style=\"font-size:14.0pt\"><span style=\"text-decoration:none\"><span style=\"text-underline:none\">, 08 de setembro, com transmiss&atilde;o via YouTube. <\/span><\/span><\/span><\/span><\/span><a href=\"https:\/\/evento.fgv.br\/analiseconjuntural_0809\/\" style=\"color:blue; text-decoration:underline\"><span style=\"font-size:14.0pt\">Informa&ccedil;&otilde;es<\/span><\/a><span class=\"MsoHyperlink\" style=\"color:blue\"><span style=\"text-decoration:underline\"><span style=\"font-size:14.0pt\"><span style=\"text-decoration:none\"><span style=\"text-underline:none\">.<\/span><\/span><\/span><\/span><\/span><\/span><\/span><\/span><\/p>\r\n\r\n<p style=\"text-align:justify\"><span style=\"font-size:11pt\"><span style=\"line-height:normal\"><span style=\"font-family:&quot;Calibri&quot;,sans-serif\"><span class=\"MsoHyperlink\" style=\"color:blue\"><span style=\"text-decoration:underline\"><b><span style=\"font-size:14.0pt\"><span style=\"text-decoration:none\"><span style=\"text-underline:none\">Automotive Business Experience #ABX22<\/span><\/span><\/span><\/b><\/span><\/span><span class=\"MsoHyperlink\" style=\"color:blue\"><span style=\"text-decoration:underline\"><span style=\"font-size:14.0pt\"><span style=\"text-decoration:none\"><span style=\"text-underline:none\">, 08 de setembro, evento h&iacute;brido. <\/span><\/span><\/span><\/span><\/span><a href=\"http:\/\/abx22.com.br\/\" style=\"color:blue; text-decoration:underline\"><span style=\"font-size:14.0pt\">Informa&ccedil;&otilde;es<\/span><\/a> <\/span><\/span><\/span><\/p>\r\n\r\n<p style=\"text-align:justify\"><span style=\"font-size:11pt\"><span style=\"line-height:normal\"><span style=\"font-family:&quot;Calibri&quot;,sans-serif\"><span class=\"MsoHyperlink\" style=\"color:blue\"><span style=\"text-decoration:underline\"><b><span style=\"font-size:14.0pt\"><span style=\"text-decoration:none\"><span style=\"text-underline:none\">12&ordm; Semin&aacute;rio Competitividade: Aprendendo a abrir caminhos - Os atalhos para o pl&aacute;stico se recriar e continuar a criar<\/span><\/span><\/span><\/b><\/span><\/span><span class=\"MsoHyperlink\" style=\"color:blue\"><span style=\"text-decoration:underline\"><span style=\"font-size:14.0pt\"><span style=\"text-decoration:none\"><span style=\"text-underline:none\">, 13 de setembro, 100% presencial, Hotel Meli&aacute;, Av. Paulista, 2181, S&atilde;o Paulo. <\/span><\/span><\/span><\/span><\/span><a href=\"https:\/\/plasticosemrevista.com.br\/competitividade-2022\" style=\"color:blue; text-decoration:underline\"><span style=\"font-size:14.0pt\">Programa&ccedil;&atilde;o<\/span><\/a><span class=\"MsoHyperlink\" style=\"color:blue\"><span style=\"text-decoration:underline\"><span style=\"font-size:14.0pt\"><span style=\"text-decoration:none\"><span style=\"text-underline:none\">. <\/span><\/span><\/span><\/span><\/span><a href=\"https:\/\/plasticosemrevista.com.br\/competitividade-2022-inscricao\" style=\"color:blue; text-decoration:underline\"><span style=\"font-size:14.0pt\">Inscri&ccedil;&otilde;es<\/span><\/a><span class=\"MsoHyperlink\" style=\"color:blue\"><span style=\"text-decoration:underline\"><span style=\"font-size:14.0pt\"><span style=\"text-decoration:none\"><span style=\"text-underline:none\">.<\/span><\/span><\/span><\/span><\/span><\/span><\/span><\/span><\/p>\r\n\r\n<p style=\"text-align:justify\"><span style=\"font-size:11pt\"><span style=\"line-height:normal\"><span style=\"font-family:&quot;Calibri&quot;,sans-serif\"><span class=\"MsoHyperlink\" style=\"color:blue\"><span style=\"text-decoration:underline\"><b><span style=\"font-size:14.0pt\"><span style=\"text-decoration:none\"><span style=\"text-underline:none\">E-Xport Meeting 2022: Semana do E-commerce Internacional<\/span><\/span><\/span><\/b><\/span><\/span><span class=\"MsoHyperlink\" style=\"color:blue\"><span style=\"text-decoration:underline\"><span style=\"font-size:14.0pt\"><span style=\"text-decoration:none\"><span style=\"text-underline:none\">, 13 a 16 de setembro, online e presencial, Campus ESPM, Rua Dr. &Aacute;lvaro Alvim, 123, Vila Mariana, S&atilde;o Paulo. <\/span><\/span><\/span><\/span><\/span><a href=\"https:\/\/apexbrasil.com.br\/e-xportmeeting-2022?msdynttrid=X7GMxImsXJRkjoe2vcUnfu7i7UwZlg7huEoOz1UzBI4&amp;utm_campaign=divulgacao_e-xport_meeting_2022_-_semana_do_e-commerce_internacional&amp;utm_medium=email&amp;utm_source=RD+Station#programmingtab-9085608db7-item-5a463ad13b-tab\" style=\"color:blue; text-decoration:underline\"><span style=\"font-size:14.0pt\">Informa&ccedil;&otilde;es<\/span><\/a> <\/span><\/span><\/span><\/p>\r\n\r\n<p style=\"text-align:justify\"><span style=\"font-size:11pt\"><span style=\"line-height:normal\"><span style=\"font-family:&quot;Calibri&quot;,sans-serif\"><span class=\"MsoHyperlink\" style=\"color:blue\"><span style=\"text-decoration:underline\"><b><span style=\"font-size:14.0pt\"><span style=\"text-decoration:none\"><span style=\"text-underline:none\">VDI-Brasil: 11&ordf; edi&ccedil;&atilde;o do Simp&oacute;sio Internacional de Excel&ecirc;ncia em Produ&ccedil;&atilde;o: tema &#39;Supply Chain&#39;<\/span><\/span><\/span><\/b><\/span><\/span><span class=\"MsoHyperlink\" style=\"color:blue\"><span style=\"text-decoration:underline\"><span style=\"font-size:14.0pt\"><span style=\"text-decoration:none\"><span style=\"text-underline:none\">, 14 de setembro, online e gratuito, <\/span><\/span><\/span><\/span><\/span><\/span><\/span><\/span><\/p>\r\n\r\n<p style=\"text-align:justify\"><span style=\"font-size:11pt\"><span style=\"line-height:normal\"><span style=\"font-family:&quot;Calibri&quot;,sans-serif\"><span class=\"MsoHyperlink\" style=\"color:blue\"><span style=\"text-decoration:underline\"><b><span style=\"font-size:14.0pt\"><span style=\"text-decoration:none\"><span style=\"text-underline:none\">Euromonitor Webinar: The New Era of Consumerism<\/span><\/span><\/span><\/b><\/span><\/span><span class=\"MsoHyperlink\" style=\"color:blue\"><span style=\"text-decoration:underline\"><span style=\"font-size:14.0pt\"><span style=\"text-decoration:none\"><span style=\"text-underline:none\">, 20 de setembro, 11h00. <\/span><\/span><\/span><\/span><\/span><a href=\"https:\/\/go.euromonitor.com\/index.php\/email\/emailWebview?md_id=120703\" style=\"color:blue; text-decoration:underline\"><span style=\"font-size:14.0pt\">Informa&ccedil;&otilde;es<\/span><\/a> <\/span><\/span><\/span><\/p>\r\n\r\n<p style=\"text-align:justify\"><span style=\"font-size:11pt\"><span style=\"line-height:normal\"><span style=\"font-family:&quot;Calibri&quot;,sans-serif\"><span class=\"MsoHyperlink\" style=\"color:blue\"><span style=\"text-decoration:underline\"><b><span style=\"font-size:14.0pt\"><span style=\"text-decoration:none\"><span style=\"text-underline:none\">Workshop Abit: Novo PGR NR-01: Aspectos t&eacute;cnicos e pr&aacute;ticos para uma boa gest&atilde;o de Sa&uacute;de e Seguran&ccedil;a no Trabalho<\/span><\/span><\/span><\/b><\/span><\/span><span class=\"MsoHyperlink\" style=\"color:blue\"><span style=\"text-decoration:underline\"><span style=\"font-size:14.0pt\"><span style=\"text-decoration:none\"><span style=\"text-underline:none\">, 29 de setembro, 09h00 &agrave;s 11h00. <\/span><\/span><\/span><\/span><\/span><a href=\"https:\/\/app.rdstation.email\/mail\/d4b5c26d-08bb-4ba6-a4f5-3273a068eb81?utm_campaign=workshop_nr01_-_01092022&amp;utm_medium=email&amp;utm_source=RD+Station\" style=\"color:blue; text-decoration:underline\"><span style=\"font-size:14.0pt\">Informa&ccedil;&otilde;es<\/span><\/a> <\/span><\/span><\/span><\/p>\r\n\r\n<p style=\"text-align:justify\"><span style=\"font-size:11pt\"><span style=\"line-height:normal\"><span style=\"font-family:&quot;Calibri&quot;,sans-serif\"><span class=\"MsoHyperlink\" style=\"color:blue\"><span style=\"text-decoration:underline\"><b><span style=\"font-size:14.0pt\"><span style=\"text-decoration:none\"><span style=\"text-underline:none\">Webinar CCBC: ESG e Compliance fiscal e tribut&aacute;rio<\/span><\/span><\/span><\/b><\/span><\/span><span class=\"MsoHyperlink\" style=\"color:blue\"><span style=\"text-decoration:underline\"><span style=\"font-size:14.0pt\"><span style=\"text-decoration:none\"><span style=\"text-underline:none\">, 30 de setembro, 14h00. <\/span><\/span><\/span><\/span><\/span><a href=\"https:\/\/app.rdstation.email\/mail\/f895b5fd-c4a2-41b3-baf3-a645c6ee8351?utm_campaign=caj_esg_e_compliance_fiscal_e_tributario&amp;utm_medium=email&amp;utm_source=RD+Station\" style=\"color:blue; text-decoration:underline\"><span style=\"font-size:14.0pt\">Informa&ccedil;&otilde;es<\/span><\/a> <\/span><\/span><\/span><\/p>\r\n\r\n<p style=\"text-align:justify\"><span style=\"font-size:11pt\"><span style=\"line-height:normal\"><span style=\"font-family:&quot;Calibri&quot;,sans-serif\"><span class=\"MsoHyperlink\" style=\"color:blue\"><span style=\"text-decoration:underline\"><b><span style=\"font-size:14.0pt\"><span style=\"text-decoration:none\"><span style=\"text-underline:none\">Feira HospitalMed, <\/span><\/span><\/span><\/b><\/span><\/span><span class=\"MsoHyperlink\" style=\"color:blue\"><span style=\"text-decoration:underline\"><span style=\"font-size:14.0pt\"><span style=\"text-decoration:none\"><span style=\"text-underline:none\">19 a 21 de outubro, Centro de Conven&ccedil;&otilde;es de Pernambuco. <\/span><\/span><\/span><\/span><\/span><a href=\"https:\/\/hospitalmed.com.br\/feira\/\" style=\"color:blue; text-decoration:underline\"><span style=\"font-size:14.0pt\">Informa&ccedil;&otilde;es <\/span><\/a><\/span><\/span><\/span><\/p>\r\n\r\n<p style=\"text-align:justify\"><span style=\"font-size:11pt\"><span style=\"line-height:normal\"><span style=\"font-family:&quot;Calibri&quot;,sans-serif\"><span class=\"MsoHyperlink\" style=\"color:blue\"><span style=\"text-decoration:underline\"><b><span style=\"font-size:14.0pt\"><span style=\"text-decoration:none\"><span style=\"text-underline:none\">THE Congress &ndash; NATURALfiberEXTRACTION<\/span><\/span><\/span><\/b><\/span><\/span><span class=\"MsoHyperlink\" style=\"color:blue\"><span style=\"text-decoration:underline\"><span style=\"font-size:14.0pt\"><span style=\"text-decoration:none\"><span style=\"text-underline:none\">, 26 de outubro de 2022, Stuttgart. <\/span><\/span><\/span><\/span><\/span><a href=\"https:\/\/www.afbw.eu\/aktuelles\/veranstaltungen\/details\/the-congress-naturalfiberpulping\/\" style=\"color:blue; text-decoration:underline\"><span style=\"font-size:14.0pt\">Informa&ccedil;&otilde;es<\/span><\/a><span class=\"MsoHyperlink\" style=\"color:blue\"><span style=\"text-decoration:underline\"><span style=\"font-size:14.0pt\"><span style=\"text-decoration:none\"><span style=\"text-underline:none\">.<\/span><\/span><\/span><\/span><\/span><\/span><\/span><\/span><\/p>\r\n\r\n<p style=\"text-align:justify\"><span style=\"font-size:11pt\"><span style=\"line-height:normal\"><span style=\"font-family:&quot;Calibri&quot;,sans-serif\"><span class=\"MsoHyperlink\" style=\"color:blue\"><span style=\"text-decoration:underline\"><b><span style=\"font-size:14.0pt\"><span style=\"text-decoration:none\"><span style=\"text-underline:none\">Innovate: Zero Carbon, Textiles&#39; journey to zero carbon<\/span><\/span><\/span><\/b><\/span><\/span><\/span><\/span><\/span><\/p>\r\n\r\n<p style=\"text-align:justify\"><span style=\"font-size:11pt\"><span style=\"line-height:normal\"><span style=\"font-family:&quot;Calibri&quot;,sans-serif\"><span class=\"MsoHyperlink\" style=\"color:blue\"><span style=\"text-decoration:underline\"><span style=\"font-size:14.0pt\"><span style=\"text-decoration:none\"><span style=\"text-underline:none\">When: 1-3 Nov 2022<\/span><\/span><\/span><\/span><\/span><\/span><\/span><\/span><\/p>\r\n\r\n<p style=\"text-align:justify\"><span style=\"font-size:11pt\"><span style=\"line-height:normal\"><span style=\"font-family:&quot;Calibri&quot;,sans-serif\"><span class=\"MsoHyperlink\" style=\"color:blue\"><span style=\"text-decoration:underline\"><span style=\"font-size:14.0pt\"><span style=\"text-decoration:none\"><span style=\"text-underline:none\">What time: 13:00&ndash;17:00 UTC \/ 9:00&ndash;13:00 EDT<\/span><\/span><\/span><\/span><\/span><\/span><\/span><\/span><\/p>\r\n\r\n<p style=\"text-align:justify\"><span style=\"font-size:11pt\"><span style=\"line-height:normal\"><span style=\"font-family:&quot;Calibri&quot;,sans-serif\"><span class=\"MsoHyperlink\" style=\"color:blue\"><span style=\"text-decoration:underline\"><span style=\"font-size:14.0pt\"><span style=\"text-decoration:none\"><span style=\"text-underline:none\">Where: Virtual, <\/span><\/span><\/span><\/span><\/span><a href=\"https:\/\/events.wtin.com\/event\/f5bac4f2-d902-41ba-9153-a4d80622877c\/summary\" style=\"color:blue; text-decoration:underline\"><span style=\"font-size:14.0pt\">events.wtin.com\/innovate<\/span><\/a><\/span><\/span><\/span><\/p>\r\n\r\n<p class=\"MsoTitle\" style=\"text-align:justify\"><span style=\"font-size:28pt\"><span style=\"font-family:&quot;Cambria&quot;,serif\"><span style=\"letter-spacing:-0.5pt\"><b><span style=\"font-size:18.0pt\"><span style=\"font-family:&quot;Calibri&quot;,sans-serif\"><span style=\"font-variant:small-caps\">Setor<\/span><\/span><\/span><\/b><\/span><\/span><\/span><\/p>\r\n\r\n<p style=\"text-align:justify\"><span style=\"font-size:11pt\"><span style=\"line-height:normal\"><span style=\"font-family:&quot;Calibri&quot;,sans-serif\"><a href=\"https:\/\/www.innovationintextiles.com\/industry-talk\/euratex-calls-for-an-euwide-cap-on-gas-prices\/\" style=\"color:blue; text-decoration:underline\"><span style=\"font-size:14.0pt\">Euratex calls for an EU-wide cap on gas prices<\/span><\/a><\/span><\/span><\/span><\/p>\r\n\r\n<p style=\"text-align:justify\"><span style=\"font-size:11pt\"><span style=\"line-height:normal\"><span style=\"font-family:&quot;Calibri&quot;,sans-serif\"><a href=\"https:\/\/textilevaluechain.in\/in-depth-analysis\/nanofibers-a-watchword-in-textile-industry\/\" style=\"color:blue; text-decoration:underline\"><span style=\"font-size:14.0pt\">Nanofibers, a watchword in textile industry<\/span><\/a><\/span><\/span><\/span><\/p>\r\n\r\n<p style=\"text-align:justify\"><span style=\"font-size:11pt\"><span style=\"line-height:normal\"><span style=\"font-family:&quot;Calibri&quot;,sans-serif\"><a href=\"https:\/\/www.textiletechnology.net\/fibers\/news\/nova-institute-cellulose-fibres-conference-will-cover-the-entire-value-chain-32752?utm_source=%2Fmeta%2Fnewsletter%2Fnewsletter&amp;utm_medium=newsletter&amp;utm_campaign=nl952&amp;utm_term=0801b20e08c3242125d512808cd74302\" style=\"color:blue; text-decoration:underline\"><span style=\"font-size:14.0pt\">Cellulose Fibres Conference will cover the entire value chain<\/span><\/a><\/span><\/span><\/span><\/p>\r\n\r\n<p style=\"text-align:justify\"><span style=\"font-size:11pt\"><span style=\"line-height:normal\"><span style=\"font-family:&quot;Calibri&quot;,sans-serif\"><a href=\"https:\/\/t.rdsv1.net\/ls\/click?upn=dUXG8cK7gehfgvepwsFkLMFol9SUeSyRX5ZbS4oHzZqpJh6leDx8h39UtlSOVElGzpyzQIdUM-2BusY3LzHvKzrHgZ4SNAaN-2FGKw-2F-2Fyi3bENym2rZXQSR1hPz9QUy3GRV-2B2W4p7uXHtZf7Uv0bq75q69nebOpDVf63HYGJ-2FOW-2B848xwSNNLR9ZXy-2F8F1js0XFaqLiG6c2Sg86XBmqsc3w07eB-2BBVYq7TCtGZN5a7kHoaE-3D2ToD_iW8zc4KBvTUX2z9kws1M6pjQI9DpNNh-2Fk6fgMN4DbaFx-2BL1o5swSv2HtiLB2iGFhri3uCHN6zus2re8T7or9O-2BMMcqv-2FmZBLpBeU2fgsNGvH8Rqoh2WoWZ1oQI3rQY5J9gI7I83eKivsBe4c6F7zZnq2glU3E9y6c084ZsDGBysLchcQyt5dsp1x7UR0X0XU2NlzEuiMZBGT0hjYUB-2FKet1oiZuQ5GTt8mIYc6y3hRTWhXfh6mXva8-2FzankvdTYW-2FqCwZbRrZ8tg4iaE5uHikg6kgi3-2BlSQcbafXZyd67IEVIgn2R-2BrhJlHacdLGwlnoxNI-2F83QnlLtFHiEIZAKkWDz2lF8l-2BDpOm74Q-2B58riSfjx6EMWuYvOrEpi1CInGx0Ind1aMDJoQ0H9pvUjXNbVlgUeA1FY46ufp2XauUaU0Y1WcGarrHz2o-2BW3GxU22IrSwCZQXSSMvj-2BrAAOP5Xo3Xnc1NFce1tZnvPrGymLvLuBpT9WMQdTf6oMVpm-2FFE9LnvKFSWyyHgI33-2FecFB1oeK9WO19jm-2FaaFvCbNsMeTocOYA2P4YE0YDf8e7arGTjUTb5zr04ds47JMvR9cg0S21L-2BaOtoWFkpnxyX5lu4Ixt3QTbEw6b-2B2ulul-2BQVmj3ODLYMURzhx4UB0A2HIHPjhMo-2FUjDSUh-2BgKDpkCxEz8OQ-3D\" style=\"color:blue; text-decoration:underline\" target=\"_blank\" title=\"ANDRITZ AG celebra seu 170\u00ba anivers\u00e1rio\"><span style=\"font-size:14.0pt\">ANDRITZ AG celebra seu 170&ordm; anivers&aacute;rio<\/span><\/a><\/span><\/span><\/span><\/p>\r\n\r\n<p style=\"text-align:justify\"><span style=\"font-size:11pt\"><span style=\"line-height:normal\"><span style=\"font-family:&quot;Calibri&quot;,sans-serif\"><a href=\"https:\/\/www.nonwovens-industry.com\/contents\/view_breaking-news\/2022-09-01\/berrys-cleanstream-technology-receives-fda-approval?utm_campaign=NON+eNewsletter&amp;utm_medium=email&amp;_hsmi=224750479&amp;_hsenc=p2ANqtz-_xuQOb6jn-n7_IJ_AQhiDVRC92i8Q1onnwVptoGNsFsPwnaSTPzAzme1r2hA467rgtc4cMtR0i92F6Lj9CipT85AesEw&amp;utm_content=224750479&amp;utm_source=hs_email\" style=\"color:blue; text-decoration:underline\"><span style=\"font-size:14.0pt\">Berry&#39;s Cleanstream Technology Receives FDA Approval<\/span><\/a><\/span><\/span><\/span><\/p>\r\n\r\n<p style=\"text-align:justify\"><span style=\"font-size:11pt\"><span style=\"line-height:normal\"><span style=\"font-family:&quot;Calibri&quot;,sans-serif\"><a href=\"https:\/\/www.innovationintextiles.com\/nonwovens\/evolon-benefits-showcased-at-fachpack-2022\/\" style=\"color:blue; text-decoration:underline\"><span style=\"font-size:14.0pt\">Freudenberg: Evolon benefits showcased at Fachpack 2022<\/span><\/a><\/span><\/span><\/span><\/p>\r\n\r\n<p style=\"text-align:justify\"><span style=\"font-size:11pt\"><span style=\"line-height:normal\"><span style=\"font-family:&quot;Calibri&quot;,sans-serif\"><a href=\"https:\/\/ibre.fgv.br\/blog-da-conjuntura-economica\/artigos\/industria-automotiva-inflacao-desacelera-mas-desafios\" style=\"color:blue; text-decoration:underline\"><span style=\"font-size:14.0pt\">Ind&uacute;stria automotiva: infla&ccedil;&atilde;o desacelera, mas desafios permanecem<\/span><\/a><\/span><\/span><\/span><\/p>\r\n\r\n<p style=\"text-align:justify\"><span style=\"font-size:11pt\"><span style=\"line-height:normal\"><span style=\"font-family:&quot;Calibri&quot;,sans-serif\"><a href=\"https:\/\/exclink.exclusivo.com.br\/cl\/POFZg\/E6A\/e47f\/LCFJkUKAOaB\/BLUJ\/L5uYoZTgsjO\/2\/\" style=\"color:blue; text-decoration:underline\"><span style=\"font-size:14.0pt\">Fabricante de cal&ccedil;ados infantis cresce quase 60% no primeiro semestre<\/span><\/a><\/span><\/span><\/span><\/p>\r\n\r\n<p style=\"text-align:justify\"><span style=\"font-size:11pt\"><span style=\"line-height:normal\"><span style=\"font-family:&quot;Calibri&quot;,sans-serif\"><a href=\"https:\/\/www.anahp.com.br\/pdf\/indicadores-ago22.pdf\" style=\"color:blue; text-decoration:underline\"><span style=\"font-size:14.0pt\">Indicadores Hospitalares Anahp - Agosto de 2022<\/span><\/a><\/span><\/span><\/span><\/p>\r\n\r\n<p style=\"text-align:justify\"><span style=\"font-size:11pt\"><span style=\"line-height:normal\"><span style=\"font-family:&quot;Calibri&quot;,sans-serif\"><a href=\"http:\/\/cnsaude.org.br\/publicacoes\/cenario-dos-hospitais-no-brasil-2021-2022\/\" style=\"color:blue; text-decoration:underline\"><span style=\"font-size:14.0pt\">Cen&aacute;rio dos Hospitais no Brasil 2021-2022 &ndash; Confedera&ccedil;&atilde;o Nacional de Sa&uacute;de<\/span><\/a><\/span><\/span><\/span><\/p>\r\n\r\n<p style=\"text-align:justify\"><span style=\"font-size:11pt\"><span style=\"line-height:normal\"><span style=\"font-family:&quot;Calibri&quot;,sans-serif\"><a href=\"https:\/\/www.textiletechnology.net\/technology\/news\/itmf-business-situation-turned-negative-again-32774?utm_source=%2Fmeta%2Fnewsletter%2Fnewsletter&amp;utm_medium=newsletter&amp;utm_campaign=nl954&amp;utm_term=0801b20e08c3242125d512808cd74302\" style=\"color:blue; text-decoration:underline\"><span style=\"font-size:14.0pt\">ITMF: Business situation turned negative again<\/span><\/a><\/span><\/span><\/span><\/p>\r\n\r\n<p class=\"MsoTitle\" style=\"text-align:justify\"><span style=\"font-size:28pt\"><span style=\"font-family:&quot;Cambria&quot;,serif\"><span style=\"letter-spacing:-0.5pt\"><b><span style=\"font-size:18.0pt\"><span style=\"font-family:&quot;Calibri&quot;,sans-serif\"><span style=\"font-variant:small-caps\">Ind&uacute;stria<\/span><\/span><\/span><\/b><\/span><\/span><\/span><\/p>\r\n\r\n<p style=\"text-align:justify\"><span style=\"font-size:11pt\"><span style=\"line-height:normal\"><span style=\"font-family:&quot;Calibri&quot;,sans-serif\"><a href=\"https:\/\/www.portaldaindustria.com.br\/estatisticas\/indicadores-industriais\/\" style=\"color:blue; text-decoration:underline\"><span style=\"font-size:14.0pt\">Estat&iacute;sticas CNI: Indicadores nacionais da ind&uacute;stria<\/span><\/a><\/span><\/span><\/span><\/p>\r\n\r\n<p style=\"text-align:justify\"><span style=\"font-size:11pt\"><span style=\"line-height:normal\"><span style=\"font-family:&quot;Calibri&quot;,sans-serif\"><a href=\"https:\/\/www.fiesp.com.br\/noticias\/producao-industrial-aumenta-06-em-julho\/\" style=\"color:blue; text-decoration:underline\"><span style=\"font-size:14.0pt\">Produ&ccedil;&atilde;o industrial aumenta 0,6% em julho<\/span><\/a><\/span><\/span><\/span><\/p>\r\n\r\n<p style=\"text-align:justify\"><span style=\"font-size:11pt\"><span style=\"line-height:normal\"><span style=\"font-family:&quot;Calibri&quot;,sans-serif\"><a href=\"https:\/\/portalibre.fgv.br\/noticias\/confianca-empresarial-sobe-22-pontos-em-agosto-atingindo-o-maior-nivel-desde-agosto-de\" style=\"color:blue; text-decoration:underline\"><span style=\"font-size:14.0pt\">Confian&ccedil;a Empresarial sobe 2,2 pontos em agosto, atingindo o maior n&iacute;vel desde agosto de 2021<\/span><\/a><\/span><\/span><\/span><\/p>\r\n\r\n<p style=\"text-align:justify\"><span style=\"font-size:11pt\"><span style=\"line-height:normal\"><span style=\"font-family:&quot;Calibri&quot;,sans-serif\"><a href=\"https:\/\/markets.businessinsider.com\/news\/commodities\/energy-crisis-asian-lng-sellers-send-leftover-gas-to-europe-2022-8\" style=\"color:blue; text-decoration:underline\"><span style=\"font-size:14.0pt\">Asian LNG sellers are combining leftover gas into full shipments to help meet European demand ahead of winter, report says<\/span><\/a><\/span><\/span><\/span><\/p>\r\n\r\n<p style=\"text-align:justify\"><span style=\"font-size:11pt\"><span style=\"line-height:normal\"><span style=\"font-family:&quot;Calibri&quot;,sans-serif\"><a href=\"https:\/\/almaco.org.br\/2022\/09\/01\/senado-autoriza-para-a-contratar-emprestimo-de-us-100-milhoes-para-saneamento\/\" style=\"color:blue; text-decoration:underline\"><span style=\"font-size:14.0pt\">Senado autoriza Par&aacute; a contratar empr&eacute;stimo de US$ 100 milh&otilde;es para saneamento<\/span><\/a><\/span><\/span><\/span><\/p>\r\n\r\n<p style=\"text-align:justify\"><span style=\"font-size:11pt\"><span style=\"line-height:normal\"><span style=\"font-family:&quot;Calibri&quot;,sans-serif\"><a href=\"https:\/\/markets.businessinsider.com\/news\/commodities\/european-natural-gas-prices-russia-halts-nord-stream-1-flows-2022-9\" style=\"color:blue; text-decoration:underline\"><span style=\"font-size:14.0pt\">European natural gas prices surge 36% after Russia halts Nord Stream 1 flows indefinitely<\/span><\/a><\/span><\/span><\/span><\/p>\r\n\r\n<p class=\"MsoTitle\" style=\"text-align:justify\"><span style=\"font-size:28pt\"><span style=\"font-family:&quot;Cambria&quot;,serif\"><span style=\"letter-spacing:-0.5pt\"><b><span style=\"font-size:18.0pt\"><span style=\"font-family:&quot;Calibri&quot;,sans-serif\"><span style=\"font-variant:small-caps\">Sustentabilidade<\/span><\/span><\/span><\/b><\/span><\/span><\/span><\/p>\r\n\r\n<p style=\"text-align:justify\"><span style=\"font-size:11pt\"><span style=\"line-height:normal\"><span style=\"font-family:&quot;Calibri&quot;,sans-serif\"><a href=\"https:\/\/plasticosemrevista.com.br\/a-caminho-da-metamorfose\/\" style=\"color:blue; text-decoration:underline\"><span style=\"font-size:14.0pt\">A caminho da metamorfose<\/span><\/a><\/span><\/span><\/span><\/p>\r\n\r\n<p style=\"text-align:justify\"><span style=\"font-size:11pt\"><span style=\"line-height:normal\"><span style=\"font-family:&quot;Calibri&quot;,sans-serif\"><a href=\"https:\/\/www.revistatae.com.br\/Noticia\/68455\/desafios-para-a-regulacao-do-setor-de-saneamento-basico-no-brasil-\" style=\"color:blue; text-decoration:underline\"><span style=\"font-size:14.0pt\">Desafios para a regula&ccedil;&atilde;o do setor de saneamento b&aacute;sico no Brasil<\/span><\/a><\/span><\/span><\/span><\/p>\r\n\r\n<p style=\"text-align:justify\"><span style=\"font-size:11pt\"><span style=\"line-height:normal\"><span style=\"font-family:&quot;Calibri&quot;,sans-serif\"><a href=\"https:\/\/ibre.fgv.br\/blog-da-conjuntura-economica\/artigos\/aprimoramento-de-praticas-esg-tambem-e-preocupacao-do-setor-de\" style=\"color:blue; text-decoration:underline\"><span style=\"font-size:14.0pt\">Aprimoramento de pr&aacute;ticas ESG tamb&eacute;m &eacute; preocupa&ccedil;&atilde;o do setor de saneamento<\/span><\/a><\/span><\/span><\/span><\/p>\r\n\r\n<p style=\"text-align:justify\"><span style=\"font-size:11pt\"><span style=\"line-height:normal\"><span style=\"font-family:&quot;Calibri&quot;,sans-serif\"><a href=\"https:\/\/ciclovivo.com.br\/inovacao\/inspiracao\/projeto-transforma-bitucas-de-praias-em-filamentos-compostaveis\/\" style=\"color:blue; text-decoration:underline\"><span style=\"font-size:14.0pt\">Projeto transforma bitucas de praias em filamentos compost&aacute;veis<\/span><\/a><\/span><\/span><\/span><\/p>\r\n\r\n<p style=\"text-align:justify\"><span style=\"font-size:11pt\"><span style=\"line-height:normal\"><span style=\"font-family:&quot;Calibri&quot;,sans-serif\"><a href=\"https:\/\/www.textiletechnology.net\/technology\/news\/oeko-tex-sustainability-trust-and-transparency-are-becoming-more-important-sustainability-trust-and-transparency-32763?utm_source=%2Fmeta%2Fnewsletter%2Fnewsletter&amp;utm_medium=newsletter&amp;utm_campaign=nl954&amp;utm_term=0801b20e08c3242125d512808cd74302\" style=\"color:blue; text-decoration:underline\"><span style=\"font-size:14.0pt\">Oeko-Tex: Sustainability, trust and transparency<\/span><\/a><\/span><\/span><\/span><\/p>\r\n\r\n<p style=\"text-align:justify\"><span style=\"font-size:11pt\"><span style=\"line-height:normal\"><span style=\"font-family:&quot;Calibri&quot;,sans-serif\"><a href=\"https:\/\/tissueonline.com.br\/um-cartao-de-credito-por-semana-e-o-que-o-ser-humano-ingere-de-microplastico-sem-saber\/?utm_campaign=newsletter_02092022_novo_modelo&amp;utm_medium=email&amp;utm_source=RD+Station\" style=\"color:blue; text-decoration:underline\"><span style=\"font-size:14.0pt\">Um cart&atilde;o de cr&eacute;dito por semana: &eacute; o que o ser humano ingere de micropl&aacute;stico, sem saber<\/span><\/a><\/span><\/span><\/span><\/p>\r\n\r\n<p class=\"MsoTitle\" style=\"text-align:justify\"><span style=\"font-size:28pt\"><span style=\"font-family:&quot;Cambria&quot;,serif\"><span style=\"letter-spacing:-0.5pt\"><b><span style=\"font-size:18.0pt\"><span style=\"font-family:&quot;Calibri&quot;,sans-serif\"><span style=\"font-variant:small-caps\">Inova&ccedil;&atilde;o<\/span><\/span><\/span><\/b><\/span><\/span><\/span><\/p>\r\n\r\n<p style=\"text-align:justify\"><span style=\"font-size:11pt\"><span style=\"line-height:normal\"><span style=\"font-family:&quot;Calibri&quot;,sans-serif\"><a href=\"https:\/\/noticias.portaldaindustria.com.br\/posicionamentos\/cni-alerta-para-o-risco-da-mp-que-retira-recursos-para-pesquisa-e-inovacao\/\" style=\"color:blue; text-decoration:underline\"><span style=\"font-size:14.0pt\">CNI alerta para o risco da MP que retira recursos para pesquisa e inova&ccedil;&atilde;o<\/span><\/a><\/span><\/span><\/span><\/p>\r\n\r\n<p style=\"text-align:justify\"><span style=\"font-size:11pt\"><span style=\"line-height:normal\"><span style=\"font-family:&quot;Calibri&quot;,sans-serif\"><a href=\"https:\/\/www.meiofiltrante.com.br\/Noticia\/109515\/embrapii-e-a-anprotec-assinam-acordo\" style=\"color:blue; text-decoration:underline\"><span style=\"font-size:14.0pt\">EMBRAPII e a ANPROTEC assinam acordo para <span style=\"background:white\">criar um ambiente m&uacute;tuo de est&iacute;mulo &agrave; Pesquisa, Desenvolvimento e Inova&ccedil;&atilde;o<\/span><\/span><\/a><\/span><\/span><\/span><\/p>\r\n\r\n<p style=\"text-align:justify\"><span style=\"font-size:11pt\"><span style=\"line-height:normal\"><span style=\"font-family:&quot;Calibri&quot;,sans-serif\"><a href=\"https:\/\/www.correiodopovo.com.br\/correiomaisconteudo\/trama-f%C3%A1cil-o-pl%C3%A1stico-aliado-do-agroneg%C3%B3cio-1.880550\" style=\"color:blue; text-decoration:underline\"><span style=\"font-size:14.0pt\">Trama F&aacute;cil: o pl&aacute;stico aliado do agroneg&oacute;cio<\/span><\/a><\/span><\/span><\/span><\/p>\r\n\r\n<p style=\"text-align:justify\"><span style=\"font-size:11pt\"><span style=\"line-height:normal\"><span style=\"font-family:&quot;Calibri&quot;,sans-serif\"><a href=\"https:\/\/diariosp.com.br\/blogs\/agroejardim\/jardinagem\/fibra-sintetica-saiba-o-que-e-e-as-vantagens-de-moveis-de-jardim-feitos-nesse-material\/7297\/\" style=\"color:blue; text-decoration:underline\"><span style=\"font-size:14.0pt\">Fibra sint&eacute;tica: saiba o que &eacute; e as vantagens de m&oacute;veis de jardim feitos nesse material<\/span><\/a><\/span><\/span><\/span><\/p>\r\n\r\n<p style=\"text-align:justify\"><span style=\"font-size:11pt\"><span style=\"line-height:normal\"><span style=\"font-family:&quot;Calibri&quot;,sans-serif\"><a href=\"https:\/\/textilevaluechain.in\/in-depth-analysis\/air-permeability-tear-resistance-of-fabrics-for-ppe-protection\/\" style=\"color:blue; text-decoration:underline\"><span style=\"font-size:14.0pt\">Air permeability tear resistance of fabrics for PPE protection<\/span><\/a><\/span><\/span><\/span><\/p>\r\n\r\n<p style=\"text-align:justify\"><span style=\"font-size:11pt\"><span style=\"line-height:normal\"><span style=\"font-family:&quot;Calibri&quot;,sans-serif\"><a href=\"https:\/\/www.technicaltextile.net\/news\/canada-s-researchers-discovery-could-help-protective-wear-last-longer-282761.html\" style=\"color:blue; text-decoration:underline\"><span style=\"font-size:14.0pt\">Canada&#39;s researchers&#39; discovery could help protective wear last longer<\/span><\/a><\/span><\/span><\/span><\/p>\r\n\r\n<p class=\"MsoTitle\" style=\"text-align:justify\"><span style=\"font-size:28pt\"><span style=\"font-family:&quot;Cambria&quot;,serif\"><span style=\"letter-spacing:-0.5pt\"><b><span style=\"font-size:18.0pt\"><span style=\"font-family:&quot;Calibri&quot;,sans-serif\"><span style=\"font-variant:small-caps\">Com&eacute;rcio Exterior<\/span><\/span><\/span><\/b><\/span><\/span><\/span><\/p>\r\n\r\n<p style=\"text-align:justify\"><span style=\"font-size:11pt\"><span style=\"line-height:normal\"><span style=\"font-family:&quot;Calibri&quot;,sans-serif\"><a href=\"https:\/\/www.aquiacontece.com.br\/noticia\/negocios-economia\/04\/09\/2022\/balanca-comercial-exportacoes-em-agosto-superaram-as-importacoes-em-us-416-bilhoes\/186139\" style=\"color:blue; text-decoration:underline\"><span style=\"font-size:14.0pt\">Balan&ccedil;a comercial: exporta&ccedil;&otilde;es em agosto superaram as importa&ccedil;&otilde;es em US$ 4,16 bilh&otilde;es<\/span><\/a><\/span><\/span><\/span><\/p>\r\n\r\n<p style=\"text-align:justify\"><span style=\"font-size:11pt\"><span style=\"line-height:normal\"><span style=\"font-family:&quot;Calibri&quot;,sans-serif\"><a href=\"https:\/\/noticias.uol.com.br\/ultimas-noticias\/deutschewelle\/2022\/08\/31\/ue-espera-que-pleito-no-brasil-favoreca-acordo-com-mercosul.htm\" style=\"color:blue; text-decoration:underline\"><span style=\"font-size:14.0pt\">UE espera que pleito no Brasil favore&ccedil;a acordo com Mercosul<\/span><\/a><\/span><\/span><\/span><\/p>\r\n\r\n<p style=\"text-align:justify\"><span style=\"font-size:11pt\"><span style=\"line-height:normal\"><span style=\"font-family:&quot;Calibri&quot;,sans-serif\"><a href=\"https:\/\/veja.abril.com.br\/economia\/china-entra-em-desaceleracao-e-pode-prejudicar-planos-para-brasil-em-2023\/\" style=\"color:blue; text-decoration:underline\"><span style=\"font-size:14.0pt\">China entra em desacelera&ccedil;&atilde;o e pode prejudicar planos para Brasil em 2023<\/span><\/a><\/span><\/span><\/span><\/p>\r\n\r\n<p style=\"text-align:justify\"><span style=\"font-size:11pt\"><span style=\"line-height:normal\"><span style=\"font-family:&quot;Calibri&quot;,sans-serif\"><a href=\"http:\/\/abimovel.com\/nova-fase-do-programa-de-controle-de-importacao-para-carga-aerea-da-uniao-europeia-ics2-entrara-em-vigor-em-2023\/\" style=\"color:blue; text-decoration:underline\"><span style=\"font-size:14.0pt\">Nova fase do programa de controle de importa&ccedil;&atilde;o para carga a&eacute;rea da Uni&atilde;o Europeia (ICS2) entrar&aacute; em vigor em 2023<\/span><\/a><\/span><\/span><\/span><\/p>\r\n\r\n<p style=\"text-align:justify\"><span style=\"font-size:11pt\"><span style=\"line-height:normal\"><span style=\"font-family:&quot;Calibri&quot;,sans-serif\"><a href=\"https:\/\/www.vrum.com.br\/noticias\/acordo-comercio-automoveis-brasil-argentina\/\" style=\"color:blue; text-decoration:underline\"><span style=\"font-size:14.0pt\">Acordo beneficiar&aacute; com&eacute;rcio de ve&iacute;culos entre Brasil e Argentina<\/span><\/a><\/span><\/span><\/span><\/p>\r\n\r\n<p class=\"MsoTitle\" style=\"text-align:justify\"><span style=\"font-size:28pt\"><span style=\"font-family:&quot;Cambria&quot;,serif\"><span style=\"letter-spacing:-0.5pt\"><b><span style=\"font-size:18.0pt\"><span style=\"font-family:&quot;Calibri&quot;,sans-serif\"><span style=\"font-variant:small-caps\">Economia<\/span><\/span><\/span><\/b><\/span><\/span><\/span><\/p>\r\n\r\n<p style=\"text-align:justify\"><span style=\"font-size:11pt\"><span style=\"line-height:normal\"><span style=\"font-family:&quot;Calibri&quot;,sans-serif\"><a href=\"https:\/\/www.bcb.gov.br\/content\/focus\/focus\/R20220826.pdf\" style=\"color:blue; text-decoration:underline\"><span style=\"font-size:14.0pt\">Focus &ndash; Relat&oacute;rio de Mercado<\/span><\/a><\/span><\/span><\/span><\/p>\r\n\r\n<p style=\"text-align:justify\"><span style=\"font-size:11pt\"><span style=\"line-height:normal\"><span style=\"font-family:&quot;Calibri&quot;,sans-serif\"><a href=\"https:\/\/www.bcb.gov.br\/content\/controleinflacao\/focusdistribuicoesfrequencia\/P20220905-Distribui%C3%A7%C3%B5es%20de%20Frequ%C3%AAncia%20das%20Expectativas%20de%20Mercado%20para%20IPCA%20Selic%20PIB%20C%C3%A2mbio.pdf\" style=\"color:blue; text-decoration:underline\"><span style=\"font-size:14.0pt\">Focus - Expectativas de Mercado<\/span><\/a><\/span><\/span><\/span><\/p>\r\n\r\n<p style=\"text-align:justify\"><span style=\"font-size:11pt\"><span style=\"line-height:normal\"><span style=\"font-family:&quot;Calibri&quot;,sans-serif\"><a href=\"https:\/\/www.fiesp.com.br\/noticias\/pib-mantem-ritmo-de-crescimento-no-2o-trimestre\/\" style=\"color:blue; text-decoration:underline\"><span style=\"font-size:14.0pt\">PIB mant&eacute;m ritmo de crescimento no 2&ordm; trimestre<\/span><\/a><\/span><\/span><\/span><\/p>\r\n\r\n<p style=\"text-align:justify\"><span style=\"font-size:11pt\"><span style=\"line-height:normal\"><span style=\"font-family:&quot;Calibri&quot;,sans-serif\"><a href=\"https:\/\/portalibre.fgv.br\/sites\/default\/files\/2022-08\/indicador_de_incerteza_brasil_fgv_press-release_ago22.pdf\" style=\"color:blue; text-decoration:underline\"><span style=\"font-size:14.0pt\">Indicador de Incerteza da Economia caiu 4,2 pontos em agosto<\/span><\/a><\/span><\/span><\/span><\/p>\r\n\r\n<p style=\"text-align:justify\"><span style=\"font-size:11pt\"><span style=\"line-height:normal\"><span style=\"font-family:&quot;Calibri&quot;,sans-serif\"><a href=\"https:\/\/m.br.investing.com\/news\/economic-indicators\/desemprego-no-brasil-cai-a-91-no-tri-ate-julho-com-recorde-de-ocupados-renda-sobe-1031973\" style=\"color:blue; text-decoration:underline\"><span style=\"font-size:14.0pt\">Desemprego no Brasil cai a 9,1% no tri at&eacute; julho com recorde de ocupados<\/span><\/a><\/span><\/span><\/span><\/p>\r\n\r\n<p style=\"text-align:justify\"><span style=\"font-size:11pt\"><span style=\"line-height:normal\"><span style=\"font-family:&quot;Calibri&quot;,sans-serif\"><a href=\"https:\/\/portalibre.fgv.br\/sites\/default\/files\/2022-09\/apresentacao-sintese-das-sondagens-agosto2022.pdf\" style=\"color:blue; text-decoration:underline\"><span style=\"font-size:14.0pt\">S&iacute;ntese das sondagens de agosto 2022<\/span><\/a><\/span><\/span><\/span><\/p>\r\n\r\n<p style=\"text-align:justify\"><span style=\"font-size:11pt\"><span style=\"line-height:normal\"><span style=\"font-family:&quot;Calibri&quot;,sans-serif\"><a href=\"https:\/\/ibre.fgv.br\/blog-da-conjuntura-economica\/artigos\/em-foco-70\" style=\"color:blue; text-decoration:underline\"><span style=\"font-size:14.0pt\">Com a pandemia sumindo e anabolizantes, economia reage<\/span><\/a><\/span><\/span><\/span><\/p>\r\n\r\n<p style=\"text-align:justify\"><span style=\"font-size:11pt\"><span style=\"line-height:normal\"><span style=\"font-family:&quot;Calibri&quot;,sans-serif\"><a href=\"https:\/\/br.investing.com\/news\/economic-indicators\/bank-of-america-turbina-estimativa-de-crescimento-do-pib-do-brasil-em-2022-para-325-1032508\" style=\"color:blue; text-decoration:underline\"><span style=\"font-size:14.0pt\">Bank of America turbina estimativa de crescimento do PIB do Brasil em 2022 para 3,25%<\/span><\/a><\/span><\/span><\/span><\/p>\r\n\r\n<p style=\"text-align:justify\"><span style=\"font-size:11pt\"><span style=\"line-height:normal\"><span style=\"font-family:&quot;Calibri&quot;,sans-serif\"><a href=\"https:\/\/www.businessinsider.com\/inflation-trends-outlook-fed-recession-painful-hiring-slowdown-wage-growth-2022-8?nr_email_referer=1&amp;utm_source=Sailthru&amp;utm_medium=email&amp;utm_content=Business_Insider_select&amp;pt=385758&amp;ct=Sailthru_BI_Newsletters&amp;mt=8&amp;utm_campaign=Business%20Insider%20-%20Algorithm%20Test%202022-09-05&amp;utm_term=INSIDER%20SELECT%20-%20ENGAGED%2C%20ACTIVE%2C%20PASSIVE%2C%20DISENGAGED%2C%20NEW\" style=\"color:blue; text-decoration:underline\"><span style=\"font-size:14.0pt\">Fighting inflation over the next 18 months could bring the same kind of pain it did in the 1980s: fewer jobs and expensive borrowing<\/span><\/a><\/span><\/span><\/span><\/p>\r\n","texto_en":"","7":"","imagem":"COMP_banner-padrao-home-destaques-boletim_202209061727162EcDbTC6sg.jpg","8":"COMP_banner-padrao-home-destaques-boletim_202209061727162EcDbTC6sg.jpg","arquivo":"20220906-NOTICIAS-SEMANAIS.PDF","9":"20220906-NOTICIAS-SEMANAIS.PDF","titulo_arquivo":"","10":"","titulo_arquivo_en":"","11":"","created_at":"2022-09-06 17:27:27","12":"2022-09-06 17:27:27","updated_at":"2022-09-06 17:27:27","13":"2022-09-06 17:27:27"},{"id":32,"0":32,"ordem":191,"1":191,"data":"2022-08-30","2":"2022-08-30","slug":"boletim-de-noticias-semanais-29","3":"boletim-de-noticias-semanais-29","titulo":"Boletim de Not\u00edcias Semanais","4":"Boletim de Not\u00edcias Semanais","titulo_en":"","5":"","texto":"<p style=\"text-align:justify\"><span style=\"font-size:11pt\"><span style=\"line-height:normal\"><span style=\"font-family:&quot;Calibri&quot;,sans-serif\"><span style=\"font-size:14.0pt\">Esta &eacute; uma compila&ccedil;&atilde;o das not&iacute;cias mais relevantes para o setor, incluindo informa&ccedil;&otilde;es sobre acordos internacionais, economia brasileira, sustentabilidade e mat&eacute;rias primas, al&eacute;m de novidades do setor de N&atilde;otecidos e Tecidos T&eacute;cnicos.<\/span><\/span><\/span><\/span><\/p>\r\n\r\n<p class=\"MsoTitle\" style=\"text-align:justify\"><span style=\"font-size:28pt\"><span style=\"font-family:&quot;Cambria&quot;,serif\"><span style=\"letter-spacing:-0.5pt\"><b><span style=\"font-size:18.0pt\"><span style=\"font-family:&quot;Calibri&quot;,sans-serif\"><span style=\"font-variant:small-caps\">A&ccedil;&otilde;es da ABINT<\/span><\/span><\/span><\/b><\/span><\/span><\/span><\/p>\r\n\r\n<p style=\"text-align:justify\"><span style=\"font-size:11pt\"><span style=\"line-height:normal\"><span style=\"font-family:&quot;Calibri&quot;,sans-serif\"><span class=\"MsoHyperlink\" style=\"color:blue\"><span style=\"text-decoration:underline\"><b><span style=\"font-size:14.0pt\"><span style=\"text-decoration:none\"><span style=\"text-underline:none\">Curso ABINT Tecnologia dos N&atilde;otecidos<\/span><\/span><\/span><\/b><\/span><\/span> <a href=\"https:\/\/www.abint.org.br\/informacao\/cursos-e-eventos\" style=\"color:blue; text-decoration:underline\"><b><span style=\"font-size:14.0pt\">INSCREVA-SE<\/span><\/b><\/a><span class=\"MsoHyperlink\" style=\"color:blue\"><span style=\"text-decoration:underline\"><span style=\"font-size:14.0pt\"><span style=\"text-decoration:none\"><span style=\"text-underline:none\"> <b>para as pr&oacute;ximas turmas!<\/b><\/span><\/span><\/span><\/span><\/span><\/span><\/span><\/span><\/p>\r\n\r\n<p style=\"text-align:justify\">&nbsp;<\/p>\r\n\r\n<p style=\"text-align:justify\"><span style=\"font-size:11pt\"><span style=\"line-height:normal\"><span style=\"font-family:&quot;Calibri&quot;,sans-serif\"><span class=\"MsoHyperlink\" style=\"color:blue\"><span style=\"text-decoration:underline\"><span style=\"font-size:14.0pt\"><span style=\"text-decoration:none\"><span style=\"text-underline:none\"><b><img src=\"https:\/\/www.abint.org.br\/assets\/img\/editor\/fenasan-2022_20220830130607RNvZ7kkSKb.png\" \/><\/b><\/span><\/span><\/span><\/span><\/span><\/span><\/span><\/span><\/p>\r\n\r\n<p style=\"text-align:justify\"><span class=\"MsoHyperlink\" style=\"color:blue\"><span style=\"text-decoration:underline\"><span style=\"font-size:14.0pt\"><span style=\"line-height:115%\"><span style=\"font-family:&quot;Calibri&quot;,sans-serif\"><span style=\"text-decoration:none\"><span style=\"text-underline:none\">O CTG ABINT &eacute; apoiador do <b>33&ordm; Encontro T&eacute;cnico AESabesp \/ Fenasan 2022<\/b>, eventos que ocorrer&atilde;o de <b>13 a 15 de setembro<\/b>, no Pavilh&atilde;o Branco Expo Center Norte. <\/span><\/span><\/span><\/span><\/span><\/span><\/span><span style=\"font-size:11.0pt\"><span style=\"line-height:115%\"><span style=\"font-family:&quot;Calibri&quot;,sans-serif\"><a href=\"https:\/\/fenasan.com.br\/\" style=\"color:blue; text-decoration:underline\"><span style=\"font-size:14.0pt\"><span style=\"line-height:115%\">Informa&ccedil;&otilde;es<\/span><\/span><\/a><\/span><\/span><\/span><\/p>\r\n\r\n<p style=\"text-align:justify\">&nbsp;<\/p>\r\n\r\n<p style=\"text-align:justify\"><span style=\"font-size:11.0pt\"><span style=\"line-height:115%\"><span style=\"font-family:&quot;Calibri&quot;,sans-serif\"><span style=\"font-size:14.0pt\"><span style=\"line-height:115%\"><img src=\"https:\/\/www.abint.org.br\/assets\/img\/editor\/congresso-internacional-abit-2022_20220830130705q6voYItBBZ.png\" \/><\/span><\/span><\/span><\/span><\/span><\/p>\r\n\r\n<p style=\"text-align:justify\"><span class=\"MsoHyperlink\" style=\"color:blue\"><span style=\"text-decoration:underline\"><b><span style=\"font-size:14.0pt\"><span style=\"line-height:115%\"><span style=\"font-family:&quot;Calibri&quot;,sans-serif\"><span style=\"text-decoration:none\"><span style=\"text-underline:none\">A ABINT &eacute; uma das patrocinadoras do Congresso Internacional ABIT 2022<\/span><\/span><\/span><\/span><\/span><\/b><\/span><\/span><span class=\"MsoHyperlink\" style=\"color:blue\"><span style=\"text-decoration:underline\"><span style=\"font-size:14.0pt\"><span style=\"line-height:115%\"><span style=\"font-family:&quot;Calibri&quot;,sans-serif\"><span style=\"text-decoration:none\"><span style=\"text-underline:none\">, evento 100% presencial, que ocorrer&aacute; dias <b>03 e 04 de novembro<\/b>, em Belo Horizonte, MG. <\/span><\/span><\/span><\/span><\/span><\/span><\/span><span style=\"font-size:11.0pt\"><span style=\"line-height:115%\"><span style=\"font-family:&quot;Calibri&quot;,sans-serif\"><a href=\"https:\/\/www.congressoabit.com.br\/\" style=\"color:blue; text-decoration:underline\"><span style=\"font-size:14.0pt\"><span style=\"line-height:115%\">Informa&ccedil;&otilde;es<\/span><\/span><\/a><\/span><\/span><\/span><\/p>\r\n\r\n<p style=\"text-align:justify\">&nbsp;<\/p>\r\n\r\n<p style=\"text-align:justify\"><img height=\"318\" src=\"https:\/\/www.abint.org.br\/assets\/img\/editor\/partnerkit-conahp-retangular-cth-abint_20220830130757Z8cM15CZv1.png\" width=\"563\" \/><\/p>\r\n\r\n<p style=\"text-align:justify\"><span class=\"MsoHyperlink\" style=\"color:blue\"><span style=\"text-decoration:underline\"><span style=\"font-size:14.0pt\"><span style=\"line-height:115%\"><span style=\"font-family:&quot;Calibri&quot;,sans-serif\"><span style=\"text-decoration:none\"><span style=\"text-underline:none\">O <b>CTH ABINT<\/b> &eacute; patrocinador do <\/span><\/span><\/span><\/span><\/span><\/span><\/span><span class=\"MsoHyperlink\" style=\"color:blue\"><span style=\"text-decoration:underline\"><b><span style=\"font-size:14.0pt\"><span style=\"line-height:115%\"><span style=\"font-family:&quot;Calibri&quot;,sans-serif\"><span style=\"text-decoration:none\"><span style=\"text-underline:none\">CONAHP 2022 - Congresso Nacional de Hospitais Privados<\/span><\/span><\/span><\/span><\/span><\/b><\/span><\/span><span class=\"MsoHyperlink\" style=\"color:blue\"><span style=\"text-decoration:underline\"><span style=\"font-size:14.0pt\"><span style=\"line-height:115%\"><span style=\"font-family:&quot;Calibri&quot;,sans-serif\"><span style=\"text-decoration:none\"><span style=\"text-underline:none\">, evento que ocorrer&aacute; <b>presencialmente nos dias 10 e 11 de novembro, Transam&eacute;rica Expo Center<\/b>, S&atilde;o Paulo, SP. <\/span><\/span><\/span><\/span><\/span><\/span><\/span><span style=\"font-size:11.0pt\"><span style=\"line-height:115%\"><span style=\"font-family:&quot;Calibri&quot;,sans-serif\"><a href=\"https:\/\/conahp.org.br\/2022\/\" style=\"color:blue; text-decoration:underline\"><span style=\"font-size:14.0pt\"><span style=\"line-height:115%\">Informa&ccedil;&otilde;es <\/span><\/span><\/a><\/span><\/span><\/span><\/p>\r\n\r\n<p style=\"text-align:justify\">&nbsp;<\/p>\r\n\r\n<p style=\"text-align:justify\"><span style=\"font-size:11pt\"><span style=\"line-height:normal\"><span style=\"font-family:&quot;Calibri&quot;,sans-serif\"><b><span style=\"font-size:18.0pt\"><span style=\"font-variant:small-caps\">Eventos<\/span><\/span><\/b><\/span><\/span><\/span><\/p>\r\n\r\n<p style=\"text-align:justify\"><span style=\"font-size:11pt\"><span style=\"line-height:normal\"><span style=\"font-family:&quot;Calibri&quot;,sans-serif\"><span class=\"MsoHyperlink\" style=\"color:blue\"><span style=\"text-decoration:underline\"><b><span style=\"font-size:14.0pt\"><span style=\"text-decoration:none\"><span style=\"text-underline:none\">13&ordm; Simp&oacute;sio Internacional de Esteriliza&ccedil;&atilde;o SOBECC<\/span><\/span><\/span><\/b><\/span><\/span><span class=\"MsoHyperlink\" style=\"color:blue\"><span style=\"text-decoration:underline\"><span style=\"font-size:14.0pt\"><span style=\"text-decoration:none\"><span style=\"text-underline:none\">, de 30 de agosto a 02 de setembro, Centro de Conven&ccedil;&otilde;es Anhembi, S&atilde;o Paulo, SP. <\/span><\/span><\/span><\/span><\/span><a href=\"https:\/\/www.congresso-simposio-sobecc.com.br\/sobecc2022\" style=\"color:blue; text-decoration:underline\"><span style=\"font-size:14.0pt\">Informa&ccedil;&otilde;es <\/span><\/a><\/span><\/span><\/span><\/p>\r\n\r\n<p style=\"text-align:justify\"><span style=\"font-size:11pt\"><span style=\"line-height:normal\"><span style=\"font-family:&quot;Calibri&quot;,sans-serif\"><span class=\"MsoHyperlink\" style=\"color:blue\"><span style=\"text-decoration:underline\"><b><span style=\"font-size:14.0pt\"><span style=\"text-decoration:none\"><span style=\"text-underline:none\">Workshop Abit &ldquo;Etiquetagem de Produtos T&ecirc;xteis e Confeccionados&rdquo;<\/span><\/span><\/span><\/b><\/span><\/span><span class=\"MsoHyperlink\" style=\"color:blue\"><span style=\"text-decoration:underline\"><span style=\"font-size:14.0pt\"><span style=\"text-decoration:none\"><span style=\"text-underline:none\">, 31 de agosto. <\/span><\/span><\/span><\/span><\/span><a href=\"https:\/\/eventos.abit.org.br\/Subs.aspx?key=5b52d0cb-703f-4d74-b5c0-db29a5836eff\" style=\"color:blue; text-decoration:underline\"><span style=\"font-size:14.0pt\">Informa&ccedil;&otilde;es <\/span><\/a><\/span><\/span><\/span><\/p>\r\n\r\n<p style=\"text-align:justify\"><span style=\"font-size:11pt\"><span style=\"line-height:normal\"><span style=\"font-family:&quot;Calibri&quot;,sans-serif\"><span class=\"MsoHyperlink\" style=\"color:blue\"><span style=\"text-decoration:underline\"><b><span style=\"font-size:14.0pt\"><span style=\"text-decoration:none\"><span style=\"text-underline:none\">Workshop de Minera&ccedil;&atilde;o promovido pela CSCM da ABIMAQ<\/span><\/span><\/span><\/b><\/span><\/span><span class=\"MsoHyperlink\" style=\"color:blue\"><span style=\"text-decoration:underline\"><span style=\"font-size:14.0pt\"><span style=\"text-decoration:none\"><span style=\"text-underline:none\">, 31 de agosto, Audit&oacute;rio A da M&amp;T Expo. <\/span><\/span><\/span><\/span><\/span><a href=\"https:\/\/www.mtexpo.com.br\/pt\/visitantes\/programacao\/workshop-de-mineracao\" style=\"color:blue; text-decoration:underline\"><span style=\"font-size:14.0pt\">Informa&ccedil;&otilde;es <\/span><\/a><\/span><\/span><\/span><\/p>\r\n\r\n<p style=\"text-align:justify\"><span style=\"font-size:11pt\"><span style=\"line-height:normal\"><span style=\"font-family:&quot;Calibri&quot;,sans-serif\"><span class=\"MsoHyperlink\" style=\"color:blue\"><span style=\"text-decoration:underline\"><b><span style=\"font-size:14.0pt\"><span style=\"text-decoration:none\"><span style=\"text-underline:none\">23&ordm; Semin&aacute;rio Tecnologia de Estruturas e Funda&ccedil;&otilde;es<\/span><\/span><\/span><\/b><\/span><\/span><span class=\"MsoHyperlink\" style=\"color:blue\"><span style=\"text-decoration:underline\"><span style=\"font-size:14.0pt\"><span style=\"text-decoration:none\"><span style=\"text-underline:none\">, 31 de agosto, m&oacute;dulo <\/span><\/span><\/span><\/span><\/span><a href=\"https:\/\/sindusconsp.com.br\/eventos\/23o-seminario-tecnologia-de-estruturas-e-fundacoes\/\" style=\"color:blue; text-decoration:underline\"><span style=\"font-size:14.0pt\">presencial<\/span><\/a><span class=\"MsoHyperlink\" style=\"color:blue\"><span style=\"text-decoration:underline\"><span style=\"font-size:14.0pt\"><span style=\"text-decoration:none\"><span style=\"text-underline:none\"> 13h30 &agrave;s 18h30, m&oacute;dulo <\/span><\/span><\/span><\/span><\/span><a href=\"https:\/\/sindusconsp.com.br\/eventos\/23o-seminario-tecnologia-de-estruturas-e-fundacoes-763\/\" style=\"color:blue; text-decoration:underline\"><span style=\"font-size:14.0pt\">online<\/span><\/a><span class=\"MsoHyperlink\" style=\"color:blue\"><span style=\"text-decoration:underline\"><span style=\"font-size:14.0pt\"><span style=\"text-decoration:none\"><span style=\"text-underline:none\"> 14h &agrave;s 18h30.<\/span><\/span><\/span><\/span><\/span><\/span><\/span><\/span><\/p>\r\n\r\n<p style=\"text-align:justify\"><span style=\"font-size:11pt\"><span style=\"line-height:normal\"><span style=\"font-family:&quot;Calibri&quot;,sans-serif\"><span class=\"MsoHyperlink\" style=\"color:blue\"><span style=\"text-decoration:underline\"><b><span style=\"font-size:14.0pt\"><span style=\"text-decoration:none\"><span style=\"text-underline:none\">FIESP Semin&aacute;rio: Transa&ccedil;&atilde;o Tribut&aacute;ria e os Procedimentos Aplic&aacute;veis<\/span><\/span><\/span><\/b><\/span><\/span><span class=\"MsoHyperlink\" style=\"color:blue\"><span style=\"text-decoration:underline\"><span style=\"font-size:14.0pt\"><span style=\"text-decoration:none\"><span style=\"text-underline:none\">, 02 de setembro, Av. Paulista, 1313, Espa&ccedil;o Nobre, S&atilde;o Paulo, ou via <\/span><\/span><\/span><\/span><\/span><a href=\"https:\/\/www.youtube.com\/watch?v=xhWM3RBxLqI\" style=\"color:blue; text-decoration:underline\"><span style=\"font-size:14.0pt\">YouTube<\/span><\/a><span class=\"MsoHyperlink\" style=\"color:blue\"><span style=\"text-decoration:underline\"><span style=\"font-size:14.0pt\"><span style=\"text-decoration:none\"><span style=\"text-underline:none\">.<\/span><\/span><\/span><\/span><\/span><\/span><\/span><\/span><\/p>\r\n\r\n<p style=\"text-align:justify\"><span style=\"font-size:11pt\"><span style=\"line-height:normal\"><span style=\"font-family:&quot;Calibri&quot;,sans-serif\"><span class=\"MsoHyperlink\" style=\"color:blue\"><span style=\"text-decoration:underline\"><b><span style=\"font-size:14.0pt\"><span style=\"text-decoration:none\"><span style=\"text-underline:none\">III Semin&aacute;rio de An&aacute;lise Conjuntural<\/span><\/span><\/span><\/b><\/span><\/span><span class=\"MsoHyperlink\" style=\"color:blue\"><span style=\"text-decoration:underline\"><span style=\"font-size:14.0pt\"><span style=\"text-decoration:none\"><span style=\"text-underline:none\">, 08 de setembro, com transmiss&atilde;o via YouTube. <\/span><\/span><\/span><\/span><\/span><a href=\"https:\/\/evento.fgv.br\/analiseconjuntural_0809\/\" style=\"color:blue; text-decoration:underline\"><span style=\"font-size:14.0pt\">Informa&ccedil;&otilde;es<\/span><\/a><span class=\"MsoHyperlink\" style=\"color:blue\"><span style=\"text-decoration:underline\"><span style=\"font-size:14.0pt\"><span style=\"text-decoration:none\"><span style=\"text-underline:none\">.<\/span><\/span><\/span><\/span><\/span><\/span><\/span><\/span><\/p>\r\n\r\n<p style=\"text-align:justify\"><span style=\"font-size:11pt\"><span style=\"line-height:normal\"><span style=\"font-family:&quot;Calibri&quot;,sans-serif\"><span class=\"MsoHyperlink\" style=\"color:blue\"><span style=\"text-decoration:underline\"><b><span style=\"font-size:14.0pt\"><span style=\"text-decoration:none\"><span style=\"text-underline:none\">Automotive Business Experience #ABX22<\/span><\/span><\/span><\/b><\/span><\/span><span class=\"MsoHyperlink\" style=\"color:blue\"><span style=\"text-decoration:underline\"><span style=\"font-size:14.0pt\"><span style=\"text-decoration:none\"><span style=\"text-underline:none\">, 08 de setembro, evento h&iacute;brido. <\/span><\/span><\/span><\/span><\/span><a href=\"http:\/\/abx22.com.br\/\" style=\"color:blue; text-decoration:underline\"><span style=\"font-size:14.0pt\">Informa&ccedil;&otilde;es<\/span><\/a> <\/span><\/span><\/span><\/p>\r\n\r\n<p style=\"text-align:justify\"><span style=\"font-size:11pt\"><span style=\"line-height:normal\"><span style=\"font-family:&quot;Calibri&quot;,sans-serif\"><span class=\"MsoHyperlink\" style=\"color:blue\"><span style=\"text-decoration:underline\"><b><span style=\"font-size:14.0pt\"><span style=\"text-decoration:none\"><span style=\"text-underline:none\">12&ordm; Semin&aacute;rio Competitividade: Aprendendo a abrir caminhos - Os atalhos para o pl&aacute;stico se recriar e continuar a criar<\/span><\/span><\/span><\/b><\/span><\/span><span class=\"MsoHyperlink\" style=\"color:blue\"><span style=\"text-decoration:underline\"><span style=\"font-size:14.0pt\"><span style=\"text-decoration:none\"><span style=\"text-underline:none\">, 13 de setembro, 100% presencial, Hotel Meli&aacute;, Av. Paulista, 2181, S&atilde;o Paulo. <\/span><\/span><\/span><\/span><\/span><a href=\"https:\/\/plasticosemrevista.com.br\/competitividade-2022\" style=\"color:blue; text-decoration:underline\"><span style=\"font-size:14.0pt\">Programa&ccedil;&atilde;o<\/span><\/a><span class=\"MsoHyperlink\" style=\"color:blue\"><span style=\"text-decoration:underline\"><span style=\"font-size:14.0pt\"><span style=\"text-decoration:none\"><span style=\"text-underline:none\">. <\/span><\/span><\/span><\/span><\/span><a href=\"https:\/\/plasticosemrevista.com.br\/competitividade-2022-inscricao\" style=\"color:blue; text-decoration:underline\"><span style=\"font-size:14.0pt\">Inscri&ccedil;&otilde;es<\/span><\/a><span class=\"MsoHyperlink\" style=\"color:blue\"><span style=\"text-decoration:underline\"><span style=\"font-size:14.0pt\"><span style=\"text-decoration:none\"><span style=\"text-underline:none\">.<\/span><\/span><\/span><\/span><\/span><\/span><\/span><\/span><\/p>\r\n\r\n<p style=\"text-align:justify\"><span style=\"font-size:11pt\"><span style=\"line-height:normal\"><span style=\"font-family:&quot;Calibri&quot;,sans-serif\"><span class=\"MsoHyperlink\" style=\"color:blue\"><span style=\"text-decoration:underline\"><b><span style=\"font-size:14.0pt\"><span style=\"text-decoration:none\"><span style=\"text-underline:none\">E-Xport Meeting 2022: Semana do E-commerce Internacional<\/span><\/span><\/span><\/b><\/span><\/span><span class=\"MsoHyperlink\" style=\"color:blue\"><span style=\"text-decoration:underline\"><span style=\"font-size:14.0pt\"><span style=\"text-decoration:none\"><span style=\"text-underline:none\">, 13 a 16 de setembro, online e presencial, Campus ESPM, Rua Dr. &Aacute;lvaro Alvim, 123, Vila Mariana, S&atilde;o Paulo. <\/span><\/span><\/span><\/span><\/span><a href=\"https:\/\/apexbrasil.com.br\/e-xportmeeting-2022?msdynttrid=X7GMxImsXJRkjoe2vcUnfu7i7UwZlg7huEoOz1UzBI4&amp;utm_campaign=divulgacao_e-xport_meeting_2022_-_semana_do_e-commerce_internacional&amp;utm_medium=email&amp;utm_source=RD+Station#programmingtab-9085608db7-item-5a463ad13b-tab\" style=\"color:blue; text-decoration:underline\"><span style=\"font-size:14.0pt\">Informa&ccedil;&otilde;es<\/span><\/a> <\/span><\/span><\/span><\/p>\r\n\r\n<p style=\"text-align:justify\"><span style=\"font-size:11pt\"><span style=\"line-height:normal\"><span style=\"font-family:&quot;Calibri&quot;,sans-serif\"><span class=\"MsoHyperlink\" style=\"color:blue\"><span style=\"text-decoration:underline\"><b><span style=\"font-size:14.0pt\"><span style=\"text-decoration:none\"><span style=\"text-underline:none\">Feira HospitalMed, <\/span><\/span><\/span><\/b><\/span><\/span><span class=\"MsoHyperlink\" style=\"color:blue\"><span style=\"text-decoration:underline\"><span style=\"font-size:14.0pt\"><span style=\"text-decoration:none\"><span style=\"text-underline:none\">19 a 21 de outubro, Centro de Conven&ccedil;&otilde;es de Pernambuco. <\/span><\/span><\/span><\/span><\/span><a href=\"https:\/\/hospitalmed.com.br\/feira\/\" style=\"color:blue; text-decoration:underline\"><span style=\"font-size:14.0pt\">Informa&ccedil;&otilde;es <\/span><\/a><\/span><\/span><\/span><\/p>\r\n\r\n<p style=\"text-align:justify\"><span style=\"font-size:11pt\"><span style=\"line-height:normal\"><span style=\"font-family:&quot;Calibri&quot;,sans-serif\"><span class=\"MsoHyperlink\" style=\"color:blue\"><span style=\"text-decoration:underline\"><b><span style=\"font-size:14.0pt\"><span style=\"text-decoration:none\"><span style=\"text-underline:none\">THE Congress &ndash; NATURALfiberEXTRACTION<\/span><\/span><\/span><\/b><\/span><\/span><span class=\"MsoHyperlink\" style=\"color:blue\"><span style=\"text-decoration:underline\"><span style=\"font-size:14.0pt\"><span style=\"text-decoration:none\"><span style=\"text-underline:none\">, 26 de outubro de 2022, Stuttgart. <\/span><\/span><\/span><\/span><\/span><a href=\"https:\/\/www.afbw.eu\/aktuelles\/veranstaltungen\/details\/the-congress-naturalfiberpulping\/\" style=\"color:blue; text-decoration:underline\"><span style=\"font-size:14.0pt\">Informa&ccedil;&otilde;es<\/span><\/a><span class=\"MsoHyperlink\" style=\"color:blue\"><span style=\"text-decoration:underline\"><span style=\"font-size:14.0pt\"><span style=\"text-decoration:none\"><span style=\"text-underline:none\">.<\/span><\/span><\/span><\/span><\/span><\/span><\/span><\/span><\/p>\r\n\r\n<p style=\"text-align:justify\"><span style=\"font-size:11pt\"><span style=\"line-height:normal\"><span style=\"font-family:&quot;Calibri&quot;,sans-serif\"><span class=\"MsoHyperlink\" style=\"color:blue\"><span style=\"text-decoration:underline\"><b><span style=\"font-size:14.0pt\"><span style=\"text-decoration:none\"><span style=\"text-underline:none\">Innovate: Zero Carbon, Textiles&#39; journey to zero carbon<\/span><\/span><\/span><\/b><\/span><\/span><\/span><\/span><\/span><\/p>\r\n\r\n<p style=\"text-align:justify\"><span style=\"font-size:11pt\"><span style=\"line-height:normal\"><span style=\"font-family:&quot;Calibri&quot;,sans-serif\"><span class=\"MsoHyperlink\" style=\"color:blue\"><span style=\"text-decoration:underline\"><span style=\"font-size:14.0pt\"><span style=\"text-decoration:none\"><span style=\"text-underline:none\">When: 1-3 Nov 2022<\/span><\/span><\/span><\/span><\/span><\/span><\/span><\/span><\/p>\r\n\r\n<p style=\"text-align:justify\"><span style=\"font-size:11pt\"><span style=\"line-height:normal\"><span style=\"font-family:&quot;Calibri&quot;,sans-serif\"><span class=\"MsoHyperlink\" style=\"color:blue\"><span style=\"text-decoration:underline\"><span style=\"font-size:14.0pt\"><span style=\"text-decoration:none\"><span style=\"text-underline:none\">What time: 13:00&ndash;17:00 UTC \/ 9:00&ndash;13:00 EDT<\/span><\/span><\/span><\/span><\/span><\/span><\/span><\/span><\/p>\r\n\r\n<p style=\"text-align:justify\"><span style=\"font-size:11pt\"><span style=\"line-height:normal\"><span style=\"font-family:&quot;Calibri&quot;,sans-serif\"><span class=\"MsoHyperlink\" style=\"color:blue\"><span style=\"text-decoration:underline\"><span style=\"font-size:14.0pt\"><span style=\"text-decoration:none\"><span style=\"text-underline:none\">Where: Virtual, <\/span><\/span><\/span><\/span><\/span><a href=\"https:\/\/events.wtin.com\/event\/f5bac4f2-d902-41ba-9153-a4d80622877c\/summary\" style=\"color:blue; text-decoration:underline\"><span style=\"font-size:14.0pt\">events.wtin.com\/innovate<\/span><\/a><\/span><\/span><\/span><\/p>\r\n\r\n<p class=\"MsoTitle\" style=\"text-align:justify\"><span style=\"font-size:28pt\"><span style=\"font-family:&quot;Cambria&quot;,serif\"><span style=\"letter-spacing:-0.5pt\"><b><span style=\"font-size:18.0pt\"><span style=\"font-family:&quot;Calibri&quot;,sans-serif\"><span style=\"font-variant:small-caps\">Setor<\/span><\/span><\/span><\/b><\/span><\/span><\/span><\/p>\r\n\r\n<p style=\"text-align:justify\"><span style=\"font-size:11pt\"><span style=\"line-height:normal\"><span style=\"font-family:&quot;Calibri&quot;,sans-serif\"><a href=\"https:\/\/noticias.portaldaindustria.com.br\/noticias\/saude-e-qualidade-de-vida\/maioria-da-populacao-usa-mascara-no-transporte-publico\/\" style=\"color:blue; text-decoration:underline\"><span style=\"font-size:14.0pt\">Maioria da popula&ccedil;&atilde;o usa m&aacute;scara no transporte p&uacute;blico<\/span><\/a><\/span><\/span><\/span><\/p>\r\n\r\n<p style=\"text-align:justify\"><span style=\"font-size:11pt\"><span style=\"line-height:normal\"><span style=\"font-family:&quot;Calibri&quot;,sans-serif\"><a href=\"https:\/\/textileindustry.ning.com\/forum\/topics\/senai-cetiqt-e-associa-o-fibrenamics-de-portugal-firmam-acordo-de\" style=\"color:blue; text-decoration:underline\"><span style=\"font-size:14.0pt\">SENAI CETIQT e Associa&ccedil;&atilde;o Fibrenamics de Portugal firmam acordo de coopera&ccedil;&atilde;o tecnol&oacute;gica para projetos na &aacute;rea de t&ecirc;xteis t&eacute;cnicos e inteligentes<\/span><\/a><\/span><\/span><\/span><\/p>\r\n\r\n<p style=\"text-align:justify\"><span style=\"font-size:11pt\"><span style=\"line-height:normal\"><span style=\"font-family:&quot;Calibri&quot;,sans-serif\"><span class=\"MsoHyperlink\" style=\"color:blue\"><span style=\"text-decoration:underline\"><span style=\"font-size:14.0pt\"><span style=\"text-decoration:none\"><span style=\"text-underline:none\"><a href=\"https:\/\/www.jornaldepomerode.com.br\/febratex-2022-recebeu-56-mil-visitantes\/\" style=\"color:blue; text-decoration:underline\">Febratex 2022 recebeu 56 mil visitantes<\/a><\/span><\/span><\/span><\/span><\/span><\/span><\/span><\/span><\/p>\r\n\r\n<p><span style=\"font-size:11pt\"><span style=\"line-height:normal\"><span style=\"font-family:&quot;Calibri&quot;,sans-serif\"><span class=\"MsoHyperlink\" style=\"color:blue\"><span style=\"text-decoration:underline\"><span style=\"font-size:14.0pt\"><span style=\"text-decoration:none\"><span style=\"text-underline:none\"><a href=\"https:\/\/app.swapcard.com\/event\/plastico-brasil-xperience\/planning\/UGxhbm5pbmdfOTYyODQ0\" style=\"color:blue; text-decoration:underline\">Pl&aacute;stico Brasil Xperience 2022: O Futuro do Mercado de Pl&aacute;stico no Brasil e no Mundo<\/a><\/span><\/span><\/span><\/span><\/span><\/span><\/span><\/span><\/p>\r\n\r\n<p style=\"text-align:justify\"><span style=\"font-size:11pt\"><span style=\"line-height:normal\"><span style=\"font-family:&quot;Calibri&quot;,sans-serif\"><a href=\"https:\/\/www.nonwovens-industry.com\/contents\/view_breaking-news\/2022-08-22\/fibertex-nonwovens-reorganizes-north-american-business?utm_campaign=NON+eNewsletter&amp;utm_medium=email&amp;_hsmi=223993177&amp;_hsenc=p2ANqtz-_FyamFODEBf-UML7sAxnIyPQu39nfHC9t-8M8kMUPns_R27FFzYhFTCqX2VEkAjb-WFQeSvYH8k4Hwss5hCrmPumjXEA&amp;utm_content=223993177&amp;utm_source=hs_email\" style=\"color:blue; text-decoration:underline\"><span style=\"font-size:14.0pt\">Fibertex Nonwovens Reorganizes North American Business<\/span><\/a><\/span><\/span><\/span><\/p>\r\n\r\n<p style=\"text-align:justify\"><span style=\"font-size:11pt\"><span style=\"line-height:normal\"><span style=\"font-family:&quot;Calibri&quot;,sans-serif\"><a href=\"https:\/\/www.textiletechnology.net\/nonwovens\/news\/freudenberg-pm-sustainable-materials-for-the-leather-and-footwear-industry-32733?utm_source=%2Fmeta%2Fnewsletter%2Fnewsletter&amp;utm_medium=newsletter&amp;utm_campaign=nl946&amp;utm_term=0801b20e08c3242125d512808cd74302\" style=\"color:blue; text-decoration:underline\"><span style=\"font-size:14.0pt\">Freudenberg PM: Sustainable materials for the leather and footwear industry<\/span><\/a><\/span><\/span><\/span><\/p>\r\n\r\n<p style=\"text-align:justify\"><span style=\"font-size:11pt\"><span style=\"line-height:normal\"><span style=\"font-family:&quot;Calibri&quot;,sans-serif\"><a href=\"https:\/\/www.nonwovens-industry.com\/contents\/view_breaking-news\/2022-08-23\/suominen-earns-silver-rating-from-ecovadis?utm_campaign=NON+eNewsletter&amp;utm_medium=email&amp;_hsmi=223993177&amp;_hsenc=p2ANqtz--9QaYCwJCTBvHOoUIvQCHvN-aqZO2OHBsty_7va9M4LLmb52Rn6CP_FSTopQF9dmQBbByuJIpgNwzd29qvKvGFsbs3ow&amp;utm_content=223993177&amp;utm_source=hs_email\" style=\"color:blue; text-decoration:underline\"><span style=\"font-size:14.0pt\">Suominen Earns Silver Rating from EcoVadis<\/span><\/a><\/span><\/span><\/span><\/p>\r\n\r\n<p style=\"text-align:justify\"><span style=\"font-size:11pt\"><span style=\"line-height:normal\"><span style=\"font-family:&quot;Calibri&quot;,sans-serif\"><a href=\"https:\/\/www.technicaltextile.net\/news\/geotextiles-critical-for-infra-projects-in-northeast-india-manipur-cm-282659.html\" style=\"color:blue; text-decoration:underline\"><span style=\"font-size:14.0pt\">Geotextiles critical for infra projects in Northeast India: Manipur CM<\/span><\/a><\/span><\/span><\/span><\/p>\r\n\r\n<p style=\"text-align:justify\"><span style=\"font-size:11pt\"><span style=\"line-height:normal\"><span style=\"font-family:&quot;Calibri&quot;,sans-serif\"><a href=\"https:\/\/www.mrchub.com\/news\/403735-dow-chemical-cuts-global-polyethylene-production-by-15-percent\" style=\"color:blue; text-decoration:underline\"><span style=\"font-size:14.0pt\">Dow Chemical cuts global polyethylene production by 15%<\/span><\/a><\/span><\/span><\/span><\/p>\r\n\r\n<p style=\"text-align:justify\"><span style=\"font-size:11pt\"><span style=\"line-height:normal\"><span style=\"font-family:&quot;Calibri&quot;,sans-serif\"><a href=\"https:\/\/www.businessinsider.com\/sales-increase-heated-blankets-heaters-europe-heatwave-energy-crisis-2022-8?nr_email_referer=1&amp;utm_source=Sailthru&amp;utm_medium=email&amp;utm_content=Business_Insider_select&amp;pt=385758&amp;ct=Sailthru_BI_Newsletters&amp;mt=8&amp;utm_campaign=Business%20Insider%20-%20Algorithm%20Test%202022-08-26&amp;utm_term=INSIDER%20SELECT%20-%20ENGAGED%2C%20ACTIVE%2C%20PASSIVE%2C%20DISENGAGED%2C%20NEW\" style=\"color:blue; text-decoration:underline\"><span style=\"font-size:14.0pt\">Sales of heated blankets and portable heaters are soaring in Europe despite a record heatwave, as people try to avoid sky-high winter fuel bills<\/span><\/a><\/span><\/span><\/span><\/p>\r\n\r\n<p class=\"MsoTitle\" style=\"text-align:justify\"><span style=\"font-size:28pt\"><span style=\"font-family:&quot;Cambria&quot;,serif\"><span style=\"letter-spacing:-0.5pt\"><b><span style=\"font-size:18.0pt\"><span style=\"font-family:&quot;Calibri&quot;,sans-serif\"><span style=\"font-variant:small-caps\">Ind&uacute;stria<\/span><\/span><\/span><\/b><\/span><\/span><\/span><\/p>\r\n\r\n<p style=\"text-align:justify\"><span style=\"font-size:11pt\"><span style=\"line-height:normal\"><span style=\"font-family:&quot;Calibri&quot;,sans-serif\"><a href=\"https:\/\/noticias.portaldaindustria.com.br\/posicionamentos\/novo-decreto-de-reducao-do-ipi-garante-seguranca-juridica-as-industrias-diz-cni\/\" style=\"color:blue; text-decoration:underline\"><span style=\"font-size:14.0pt\">Novo decreto de redu&ccedil;&atilde;o do IPI garante seguran&ccedil;a jur&iacute;dica &agrave;s ind&uacute;strias, diz CNI<\/span><\/a><\/span><\/span><\/span><\/p>\r\n\r\n<p style=\"text-align:justify\"><span style=\"font-size:11pt\"><span style=\"line-height:normal\"><span style=\"font-family:&quot;Calibri&quot;,sans-serif\"><span class=\"MsoHyperlink\" style=\"color:blue\"><span style=\"text-decoration:underline\"><span style=\"font-size:14.0pt\"><span style=\"text-decoration:none\"><span style=\"text-underline:none\"><a href=\"https:\/\/portal.comunique-se.com.br\/producao-de-veiculos-no-mes-de-julho-e-a-maior-desde-novembro-de-2020\/\" style=\"color:blue; text-decoration:underline\">Produ&ccedil;&atilde;o de ve&iacute;culos no m&ecirc;s de julho &eacute; a maior desde novembro de 2020<\/a><\/span><\/span><\/span><\/span><\/span><\/span><\/span><\/span><\/p>\r\n\r\n<p style=\"text-align:justify\"><span style=\"font-size:11pt\"><span style=\"line-height:normal\"><span style=\"font-family:&quot;Calibri&quot;,sans-serif\"><a href=\"https:\/\/plasticosemrevista.com.br\/gazprom-corta-gas-natural-para-europa-em-31-de-agosto\/\" style=\"color:blue; text-decoration:underline\"><span style=\"font-size:14.0pt\">Gazprom corta g&aacute;s natural para Europa em 31 de agosto<\/span><\/a><\/span><\/span><\/span><\/p>\r\n\r\n<p style=\"text-align:justify\"><span style=\"font-size:11pt\"><span style=\"line-height:normal\"><span style=\"font-family:&quot;Calibri&quot;,sans-serif\"><a href=\"https:\/\/www.mobiauto.com.br\/revista\/a-nova-bolha-da-industria-de-carros-que-esta-perto-de-estourar\/2093\" style=\"color:blue; text-decoration:underline\"><span style=\"font-size:14.0pt\">A nova &ldquo;bolha&rdquo; da ind&uacute;stria de carros que est&aacute; perto de estourar<\/span><\/a><\/span><\/span><\/span><\/p>\r\n\r\n<p style=\"text-align:justify\"><span style=\"font-size:11pt\"><span style=\"line-height:normal\"><span style=\"font-family:&quot;Calibri&quot;,sans-serif\"><a href=\"https:\/\/exclusivo.com.br\/_conteudo\/negocios\/2022\/08\/22\/fabricante-brasileira-de-calcados-demite-cem-funcionarios-na-argentina.html?utm_campaign=Francal+est%C3%A1+de+volta+e+com+foco+nos+neg%C3%B3cios+digitais&amp;utm_content=Fabricante+brasileira+de+cal%C3%A7ados+demite+cem+funcion%C3%A1rios+na+Argentina+-+Jornal+Exclusivo+%283%29&amp;utm_medium=email&amp;utm_source=EmailMarketing&amp;utm_term=Francal+est%C3%A1+de+volta+e+com+foco+nos+neg%C3%B3cios+digitais\" style=\"color:blue; text-decoration:underline\"><span style=\"font-size:14.0pt\">Fabricante brasileira de cal&ccedil;ados demite cem funcion&aacute;rios na Argentina<\/span><\/a> <\/span><\/span><\/span><\/p>\r\n\r\n<p style=\"text-align:justify\"><span style=\"font-size:11pt\"><span style=\"line-height:normal\"><span style=\"font-family:&quot;Calibri&quot;,sans-serif\"><a href=\"https:\/\/engenhariacompartilhada.com.br\/noticia\/exibir\/6534058_dificuldades-do-setor-da-construcao-podem-levar-ao-risco-de-paralisacao-de-obras-nos-segmentos-de-obras-viarias-e-de-arte-em-235-e-223-respectivamente\" style=\"color:blue; text-decoration:underline\"><span style=\"font-size:14.0pt\">Dificuldades do setor da constru&ccedil;&atilde;o podem levar ao risco de paralisa&ccedil;&atilde;o de obras nos segmentos de obras vi&aacute;rias e de arte em 23,5% e 22,3%, respectivamente<\/span><\/a><\/span><\/span><\/span><\/p>\r\n\r\n<p style=\"text-align:justify\"><span style=\"font-size:11pt\"><span style=\"line-height:normal\"><span style=\"font-family:&quot;Calibri&quot;,sans-serif\"><a href=\"https:\/\/almaco.org.br\/2022\/08\/25\/consumo-de-compositos-recuou-42-no-primeiro-semestre\/\" style=\"color:blue; text-decoration:underline\"><span style=\"font-size:14.0pt\">Consumo de comp&oacute;sitos recuou 4,2% no primeiro semestre<\/span><\/a><\/span><\/span><\/span><\/p>\r\n\r\n<p class=\"MsoTitle\" style=\"text-align:justify\"><span style=\"font-size:28pt\"><span style=\"font-family:&quot;Cambria&quot;,serif\"><span style=\"letter-spacing:-0.5pt\"><b><span style=\"font-size:18.0pt\"><span style=\"font-family:&quot;Calibri&quot;,sans-serif\"><span style=\"font-variant:small-caps\">Sustentabilidade<\/span><\/span><\/span><\/b><\/span><\/span><\/span><\/p>\r\n\r\n<p style=\"text-align:justify\"><span style=\"font-size:11pt\"><span style=\"line-height:normal\"><span style=\"font-family:&quot;Calibri&quot;,sans-serif\"><a href=\"https:\/\/revistamt.com.br\/Noticias\/Exibir\/brasil-tem-18-anos-para-ampliar-o-indice-de-reciclagem-de-4-para-48?utm_source=akna&amp;utm_medium=email&amp;utm_campaign=Revista-M-T-Informativo-591-23-08-2022&amp;utm_source=akna&amp;utm_medium=email&amp;utm_campaign=Revista-M-T-Informativo-591-23-08-2022\" style=\"color:blue; text-decoration:underline\"><span style=\"font-size:14.0pt\">Brasil tem 18 anos para ampliar o &iacute;ndice de reciclagem de 4% para 48%<\/span><\/a><\/span><\/span><\/span><\/p>\r\n\r\n<p style=\"text-align:justify\"><span style=\"font-size:11pt\"><span style=\"line-height:normal\"><span style=\"font-family:&quot;Calibri&quot;,sans-serif\"><a href=\"https:\/\/plastico.com.br\/revistas\/pm567\/index.html#p=23\" style=\"color:blue; text-decoration:underline\"><span style=\"font-size:14.0pt\">Importantes avan&ccedil;os no combate ao lixo dos mares<\/span><\/a><\/span><\/span><\/span><\/p>\r\n\r\n<p style=\"text-align:justify\"><span style=\"font-size:11pt\"><span style=\"line-height:normal\"><span style=\"font-family:&quot;Calibri&quot;,sans-serif\"><a href=\"https:\/\/ciclovivo.com.br\/arq-urb\/arquitetura\/teto-verde-em-porto-alegre-e-um-dos-maiores-da-america-latina\/\" style=\"color:blue; text-decoration:underline\"><span style=\"font-size:14.0pt\">Teto verde em Porto Alegre &eacute; um dos maiores da Am&eacute;rica Latina<\/span><\/a><\/span><\/span><\/span><\/p>\r\n\r\n<p style=\"text-align:justify\"><span style=\"font-size:11pt\"><span style=\"line-height:normal\"><span style=\"font-family:&quot;Calibri&quot;,sans-serif\"><a href=\"https:\/\/www.innovationintextiles.com\/nonwovens\/biotransformation-hemp-and-cat-litter\/\" style=\"color:blue; text-decoration:underline\"><span style=\"font-size:14.0pt\">Biotransformation, hemp and cat litter&hellip;<\/span><\/a><\/span><\/span><\/span><\/p>\r\n\r\n<p class=\"MsoTitle\" style=\"text-align:justify\"><span style=\"font-size:28pt\"><span style=\"font-family:&quot;Cambria&quot;,serif\"><span style=\"letter-spacing:-0.5pt\"><b><span style=\"font-size:18.0pt\"><span style=\"font-family:&quot;Calibri&quot;,sans-serif\"><span style=\"font-variant:small-caps\">Inova&ccedil;&atilde;o<\/span><\/span><\/span><\/b><\/span><\/span><\/span><\/p>\r\n\r\n<p style=\"text-align:justify\"><span style=\"font-size:11pt\"><span style=\"line-height:normal\"><span style=\"font-family:&quot;Calibri&quot;,sans-serif\"><a href=\"https:\/\/engenhariacompartilhada.com.br\/noticia\/exibir\/6532649_materiais-de-construcao-para-aumentar-a-resiliencia-frente-aos-desastres-naturais\" style=\"color:blue; text-decoration:underline\"><span style=\"font-size:14.0pt\">Materiais de constru&ccedil;&atilde;o para aumentar a resili&ecirc;ncia frente aos desastres naturais<\/span><\/a><\/span><\/span><\/span><\/p>\r\n\r\n<p style=\"text-align:justify\"><span style=\"font-size:11pt\"><span style=\"line-height:normal\"><span style=\"font-family:&quot;Calibri&quot;,sans-serif\"><a href=\"http:\/\/textileindustry.ning.com\/forum\/topics\/rhodia-lan-a-fibra-t-xtil-com-decomposi-o-acelerada-nos-oceanos\" style=\"color:blue; text-decoration:underline\"><span style=\"font-size:14.0pt\">Rhodia lan&ccedil;a fibra t&ecirc;xtil com decomposi&ccedil;&atilde;o acelerada nos oceanos<\/span><\/a><\/span><\/span><\/span><\/p>\r\n\r\n<p style=\"text-align:justify\"><span style=\"font-size:11pt\"><span style=\"line-height:normal\"><span style=\"font-family:&quot;Calibri&quot;,sans-serif\"><a href=\"https:\/\/ciclovivo.com.br\/inovacao\/negocios\/nespresso-lanca-tenis-feito-com-borra-de-cafe\/\" style=\"color:blue; text-decoration:underline\"><span style=\"font-size:14.0pt\">Nespresso lan&ccedil;a t&ecirc;nis feito com borra de caf&eacute;<\/span><\/a><\/span><\/span><\/span><\/p>\r\n\r\n<p style=\"text-align:justify\"><span style=\"font-size:11pt\"><span style=\"line-height:normal\"><span style=\"font-family:&quot;Calibri&quot;,sans-serif\"><a href=\"https:\/\/www.fibre2fashion.com\/news\/textile-news\/chemists-in-us-develop-simple-new-method-to-destroy-forever-chemicals-282629-newsdetails.htm\" style=\"color:blue; text-decoration:underline\"><span style=\"font-size:14.0pt\">Chemists in US develop simple new method to destroy forever chemicals<\/span><\/a><\/span><\/span><\/span><\/p>\r\n\r\n<p class=\"MsoTitle\" style=\"text-align:justify\"><span style=\"font-size:28pt\"><span style=\"font-family:&quot;Cambria&quot;,serif\"><span style=\"letter-spacing:-0.5pt\"><b><span style=\"font-size:18.0pt\"><span style=\"font-family:&quot;Calibri&quot;,sans-serif\"><span style=\"font-variant:small-caps\">Com&eacute;rcio Exterior<\/span><\/span><\/span><\/b><\/span><\/span><\/span><\/p>\r\n\r\n<p style=\"text-align:justify\"><span style=\"font-size:11pt\"><span style=\"line-height:normal\"><span style=\"font-family:&quot;Calibri&quot;,sans-serif\"><a href=\"https:\/\/grandesconstrucoes.com.br\/Noticias\/Exibir\/transporte-de-conteineres-ainda-apresenta-atrasos?utm_source=akna&amp;utm_medium=email&amp;utm_campaign=Grandes-Construcoes-Informativo-826-25-08-2022&amp;utm_source=akna&amp;utm_medium=email&amp;utm_campaign=Grandes-Construcoes-Informativo-826-25-08-2022\" style=\"color:blue; text-decoration:underline\"><span style=\"font-size:14.0pt\">Transporte de cont&ecirc;ineres ainda apresenta atrasos<\/span><\/a><\/span><\/span><\/span><\/p>\r\n\r\n<p style=\"text-align:justify\"><span style=\"font-size:11pt\"><span style=\"line-height:normal\"><span style=\"font-family:&quot;Calibri&quot;,sans-serif\"><a href=\"https:\/\/noticias.r7.com\/economia\/exportacoes-disparam-e-seguram-cotacao-do-dolar-com-debandada-do-mercado-financeiro-29082022\" style=\"color:blue; text-decoration:underline\"><span style=\"font-size:14.0pt\">Exporta&ccedil;&otilde;es disparam e seguram cota&ccedil;&atilde;o do d&oacute;lar com debandada do mercado financeiro<\/span><\/a><\/span><\/span><\/span><\/p>\r\n\r\n<p style=\"text-align:justify\"><span style=\"font-size:11pt\"><span style=\"line-height:normal\"><span style=\"font-family:&quot;Calibri&quot;,sans-serif\"><a href=\"https:\/\/www.portosenavios.com.br\/artigos\/artigos-de-opiniao\/artigo-perspectivas-para-o-comercio-exterior-no-segundo-semestre-de-2022\" style=\"color:blue; text-decoration:underline\"><span style=\"font-size:14.0pt\">Artigo - Perspectivas para o com&eacute;rcio exterior no segundo semestre de 2022<\/span><\/a><\/span><\/span><\/span><\/p>\r\n\r\n<p style=\"text-align:justify\"><span style=\"font-size:11pt\"><span style=\"line-height:normal\"><span style=\"font-family:&quot;Calibri&quot;,sans-serif\"><a href=\"https:\/\/www.comexdobrasil.com\/perxpectivas-comex-2023-reune-time-renomado-do-mercado-para-discutir-o-futuro-do-comercio-exterior\/\" style=\"color:blue; text-decoration:underline\"><span style=\"font-size:14.0pt\">Perxpectivas &ndash; Comex 2023 re&uacute;ne time renomado do mercado para discutir o futuro do com&eacute;rcio exterior<\/span><\/a><\/span><\/span><\/span><\/p>\r\n\r\n<p style=\"text-align:justify\"><span style=\"font-size:11pt\"><span style=\"line-height:normal\"><span style=\"font-family:&quot;Calibri&quot;,sans-serif\"><a href=\"https:\/\/www.gov.br\/economia\/pt-br\/assuntos\/noticias\/2022\/agosto\/secex-publica-portaria-para-simplificar-regras-dos-regimes-de-drawback\" style=\"color:blue; text-decoration:underline\"><span style=\"font-size:14.0pt\">Secex publica portaria para simplificar regras dos regimes de drawback<\/span><\/a><\/span><\/span><\/span><\/p>\r\n\r\n<p class=\"MsoTitle\" style=\"text-align:justify\"><span style=\"font-size:28pt\"><span style=\"font-family:&quot;Cambria&quot;,serif\"><span style=\"letter-spacing:-0.5pt\"><b><span style=\"font-size:18.0pt\"><span style=\"font-family:&quot;Calibri&quot;,sans-serif\"><span style=\"font-variant:small-caps\">Economia<\/span><\/span><\/span><\/b><\/span><\/span><\/span><\/p>\r\n\r\n<p style=\"text-align:justify\"><span style=\"font-size:11pt\"><span style=\"line-height:normal\"><span style=\"font-family:&quot;Calibri&quot;,sans-serif\"><a href=\"https:\/\/www.bcb.gov.br\/content\/focus\/focus\/R20220826.pdf\" style=\"color:blue; text-decoration:underline\"><span style=\"font-size:14.0pt\">Focus &ndash; Relat&oacute;rio de Mercado<\/span><\/a><\/span><\/span><\/span><\/p>\r\n\r\n<p style=\"text-align:justify\"><span style=\"font-size:11pt\"><span style=\"line-height:normal\"><span style=\"font-family:&quot;Calibri&quot;,sans-serif\"><a href=\"https:\/\/portalibre.fgv.br\/sites\/default\/files\/2022-08\/2022-08-boletim-macro.pdf\" style=\"color:blue; text-decoration:underline\"><span style=\"font-size:14.0pt\">Boletim Macro FGV IBRE: Cen&aacute;rio &agrave; frente promete ser desafiador, aqui e l&aacute; fora<\/span><\/a><\/span><\/span><\/span><\/p>\r\n\r\n<p style=\"text-align:justify\"><span style=\"font-size:11pt\"><span style=\"line-height:normal\"><span style=\"font-family:&quot;Calibri&quot;,sans-serif\"><a href=\"https:\/\/www.fibre2fashion.com\/news\/textile-news\/wto-goods-trade-barometer-points-to-stagnating-global-trade-growth-282664-newsdetails.htm\" style=\"color:blue; text-decoration:underline\"><span style=\"font-size:14.0pt\">WTO goods trade barometer points to stagnating global trade growth<\/span><\/a><\/span><\/span><\/span><\/p>\r\n\r\n<p style=\"text-align:justify\"><span style=\"font-size:11pt\"><span style=\"line-height:normal\"><span style=\"font-family:&quot;Calibri&quot;,sans-serif\"><a href=\"https:\/\/portalibre.fgv.br\/sites\/default\/files\/2022-08\/sondagem-da-america-latina_fgv_press-release_3otri2022_0.pdf\" style=\"color:blue; text-decoration:underline\"><span style=\"font-size:14.0pt\">&Iacute;ndice de Clima Econ&ocirc;mico da Am&eacute;rica Latina volta a cair com piora das expectativas<\/span><\/a><\/span><\/span><\/span><\/p>\r\n\r\n<p style=\"text-align:justify\"><span style=\"font-size:11pt\"><span style=\"line-height:normal\"><span style=\"font-family:&quot;Calibri&quot;,sans-serif\"><a href=\"https:\/\/portalibre.fgv.br\/sites\/default\/files\/2022-08\/sondagem-da-industria-fgv_press-release_ago22_0.pdf\" style=\"color:blue; text-decoration:underline\"><span style=\"font-size:14.0pt\">Confian&ccedil;a da Ind&uacute;stria sobe 0,8 ponto em agosto, para 100,3 pontos<\/span><\/a><\/span><\/span><\/span><\/p>\r\n\r\n<p style=\"text-align:justify\"><span style=\"font-size:11pt\"><span style=\"line-height:normal\"><span style=\"font-family:&quot;Calibri&quot;,sans-serif\"><a href=\"https:\/\/portalibre.fgv.br\/sites\/default\/files\/2022-08\/sondagem-da-construcao-fgv_press-release_ago22_0.pdf\" style=\"color:blue; text-decoration:underline\"><span style=\"font-size:14.0pt\">Confian&ccedil;a da Constru&ccedil;&atilde;o sobe 1,4 ponto em agosto<\/span><\/a><\/span><\/span><\/span><\/p>\r\n\r\n<p style=\"text-align:justify\"><span style=\"font-size:11pt\"><span style=\"line-height:normal\"><span style=\"font-family:&quot;Calibri&quot;,sans-serif\"><a href=\"https:\/\/revlink.revistaanamaco.com.br\/cl\/PODO7\/CxP\/c873\/LCFJkUKAOaB\/BM-9\/F3CCtyHsz0l\/2\/\" style=\"color:blue; text-decoration:underline\" target=\"_blank\"><span style=\"font-size:14.0pt\">Confian&ccedil;a do empres&aacute;rio do com&eacute;rcio recua pela primeira vez desde mar&ccedil;o<\/span><\/a><\/span><\/span><\/span><\/p>\r\n\r\n<p style=\"text-align:justify\"><span style=\"font-size:11pt\"><span style=\"line-height:normal\"><span style=\"font-family:&quot;Calibri&quot;,sans-serif\"><a href=\"https:\/\/ibre.fgv.br\/blog-da-conjuntura-economica\/artigos\/confianca-do-consumidor-diferenca-entre-faixas-de-renda-se\" style=\"color:blue; text-decoration:underline\"><span style=\"font-size:14.0pt\">Confian&ccedil;a do consumidor: diferen&ccedil;a entre faixas de renda se mant&eacute;m alta<\/span><\/a><\/span><\/span><\/span><\/p>\r\n\r\n<p style=\"text-align:justify\"><span style=\"font-size:11pt\"><span style=\"line-height:normal\"><span style=\"font-family:&quot;Calibri&quot;,sans-serif\"><a href=\"https:\/\/www.businessinsider.com\/inflation-rising-price-growth-g7-countries-us-uk-economic-recoveries-2022-8\" style=\"color:blue; text-decoration:underline\"><span style=\"font-size:14.0pt\">One chart shows where your spending power is dwindling the fastest in the world&#39;s biggest economies from the US to Japan<\/span><\/a><\/span><\/span><\/span><\/p>\r\n\r\n<p style=\"text-align:justify\"><span style=\"font-size:11pt\"><span style=\"line-height:normal\"><span style=\"font-family:&quot;Calibri&quot;,sans-serif\"><a href=\"https:\/\/www.eiu.com\/n\/chinese-power-problems-affirm-eius-forecast-downgrade\/?utm_source=mkt-newsletter&amp;utm_medium=email&amp;utm_campaign=foce&amp;utm_content=26-august-2022&amp;mkt_tok=NzUzLVJJUS00MzgAAAGGeTcXBvendt6Qxc42dqKrBR_2eF85QRSWqFdvj5NlX2BeL72-YjcfyycdDO1xRv4GkXdFvtSjrkjXhBXlUerwC4ANOVn9Mq9xVBWQUVe2MnLgRQ\" style=\"color:blue; text-decoration:underline\"><span style=\"font-size:14.0pt\">Chinese power problems affirm EIU&rsquo;s forecast downgrade<\/span><\/a><\/span><\/span><\/span><\/p>\r\n\r\n<p style=\"text-align:justify\"><span style=\"font-size:11pt\"><span style=\"line-height:normal\"><span style=\"font-family:&quot;Calibri&quot;,sans-serif\"><a href=\"https:\/\/www.businessinsider.com\/powell-inflation-fight-bring-some-pain-federal-reserve-jackson-hole-2022-8?nr_email_referer=1&amp;utm_source=Sailthru&amp;utm_medium=email&amp;utm_content=Business_Insider_select&amp;pt=385758&amp;ct=Sailthru_BI_Newsletters&amp;mt=8&amp;utm_campaign=Business%20Insider%20-%20Algorithm%20Test%202022-08-29&amp;utm_term=INSIDER%20SELECT%20-%20ENGAGED%2C%20ACTIVE%2C%20PASSIVE%2C%20DISENGAGED%2C%20NEW\" style=\"color:blue; text-decoration:underline\"><span style=\"font-size:14.0pt\">Lowering inflation will &lsquo;bring some pain&rsquo; to Americans through lost jobs and smaller raises, Powell says<\/span><\/a><\/span><\/span><\/span><\/p>\r\n\r\n<p style=\"text-align:justify\"><span style=\"font-size:11.0pt\"><span style=\"line-height:115%\"><span style=\"font-family:&quot;Calibri&quot;,sans-serif\"><a href=\"https:\/\/www.businessinsider.com\/germany-inflation-70-year-high-10-percent-russia-gas-squeeze-2022-8?inline-endstory-related-recommendations=\" style=\"color:blue; text-decoration:underline\"><span style=\"font-size:14.0pt\"><span style=\"line-height:115%\">Inflation in Germany could hit a 70-year high of 10% amid Russia&#39;s natural-gas squeeze, German central bank chief says<\/span><\/span><\/a><\/span><\/span><\/span><\/p>\r\n","6":"<p style=\"text-align:justify\"><span style=\"font-size:11pt\"><span style=\"line-height:normal\"><span style=\"font-family:&quot;Calibri&quot;,sans-serif\"><span style=\"font-size:14.0pt\">Esta &eacute; uma compila&ccedil;&atilde;o das not&iacute;cias mais relevantes para o setor, incluindo informa&ccedil;&otilde;es sobre acordos internacionais, economia brasileira, sustentabilidade e mat&eacute;rias primas, al&eacute;m de novidades do setor de N&atilde;otecidos e Tecidos T&eacute;cnicos.<\/span><\/span><\/span><\/span><\/p>\r\n\r\n<p class=\"MsoTitle\" style=\"text-align:justify\"><span style=\"font-size:28pt\"><span style=\"font-family:&quot;Cambria&quot;,serif\"><span style=\"letter-spacing:-0.5pt\"><b><span style=\"font-size:18.0pt\"><span style=\"font-family:&quot;Calibri&quot;,sans-serif\"><span style=\"font-variant:small-caps\">A&ccedil;&otilde;es da ABINT<\/span><\/span><\/span><\/b><\/span><\/span><\/span><\/p>\r\n\r\n<p style=\"text-align:justify\"><span style=\"font-size:11pt\"><span style=\"line-height:normal\"><span style=\"font-family:&quot;Calibri&quot;,sans-serif\"><span class=\"MsoHyperlink\" style=\"color:blue\"><span style=\"text-decoration:underline\"><b><span style=\"font-size:14.0pt\"><span style=\"text-decoration:none\"><span style=\"text-underline:none\">Curso ABINT Tecnologia dos N&atilde;otecidos<\/span><\/span><\/span><\/b><\/span><\/span> <a href=\"https:\/\/www.abint.org.br\/informacao\/cursos-e-eventos\" style=\"color:blue; text-decoration:underline\"><b><span style=\"font-size:14.0pt\">INSCREVA-SE<\/span><\/b><\/a><span class=\"MsoHyperlink\" style=\"color:blue\"><span style=\"text-decoration:underline\"><span style=\"font-size:14.0pt\"><span style=\"text-decoration:none\"><span style=\"text-underline:none\"> <b>para as pr&oacute;ximas turmas!<\/b><\/span><\/span><\/span><\/span><\/span><\/span><\/span><\/span><\/p>\r\n\r\n<p style=\"text-align:justify\">&nbsp;<\/p>\r\n\r\n<p style=\"text-align:justify\"><span style=\"font-size:11pt\"><span style=\"line-height:normal\"><span style=\"font-family:&quot;Calibri&quot;,sans-serif\"><span class=\"MsoHyperlink\" style=\"color:blue\"><span style=\"text-decoration:underline\"><span style=\"font-size:14.0pt\"><span style=\"text-decoration:none\"><span style=\"text-underline:none\"><b><img src=\"https:\/\/www.abint.org.br\/assets\/img\/editor\/fenasan-2022_20220830130607RNvZ7kkSKb.png\" \/><\/b><\/span><\/span><\/span><\/span><\/span><\/span><\/span><\/span><\/p>\r\n\r\n<p style=\"text-align:justify\"><span class=\"MsoHyperlink\" style=\"color:blue\"><span style=\"text-decoration:underline\"><span style=\"font-size:14.0pt\"><span style=\"line-height:115%\"><span style=\"font-family:&quot;Calibri&quot;,sans-serif\"><span style=\"text-decoration:none\"><span style=\"text-underline:none\">O CTG ABINT &eacute; apoiador do <b>33&ordm; Encontro T&eacute;cnico AESabesp \/ Fenasan 2022<\/b>, eventos que ocorrer&atilde;o de <b>13 a 15 de setembro<\/b>, no Pavilh&atilde;o Branco Expo Center Norte. <\/span><\/span><\/span><\/span><\/span><\/span><\/span><span style=\"font-size:11.0pt\"><span style=\"line-height:115%\"><span style=\"font-family:&quot;Calibri&quot;,sans-serif\"><a href=\"https:\/\/fenasan.com.br\/\" style=\"color:blue; text-decoration:underline\"><span style=\"font-size:14.0pt\"><span style=\"line-height:115%\">Informa&ccedil;&otilde;es<\/span><\/span><\/a><\/span><\/span><\/span><\/p>\r\n\r\n<p style=\"text-align:justify\">&nbsp;<\/p>\r\n\r\n<p style=\"text-align:justify\"><span style=\"font-size:11.0pt\"><span style=\"line-height:115%\"><span style=\"font-family:&quot;Calibri&quot;,sans-serif\"><span style=\"font-size:14.0pt\"><span style=\"line-height:115%\"><img src=\"https:\/\/www.abint.org.br\/assets\/img\/editor\/congresso-internacional-abit-2022_20220830130705q6voYItBBZ.png\" \/><\/span><\/span><\/span><\/span><\/span><\/p>\r\n\r\n<p style=\"text-align:justify\"><span class=\"MsoHyperlink\" style=\"color:blue\"><span style=\"text-decoration:underline\"><b><span style=\"font-size:14.0pt\"><span style=\"line-height:115%\"><span style=\"font-family:&quot;Calibri&quot;,sans-serif\"><span style=\"text-decoration:none\"><span style=\"text-underline:none\">A ABINT &eacute; uma das patrocinadoras do Congresso Internacional ABIT 2022<\/span><\/span><\/span><\/span><\/span><\/b><\/span><\/span><span class=\"MsoHyperlink\" style=\"color:blue\"><span style=\"text-decoration:underline\"><span style=\"font-size:14.0pt\"><span style=\"line-height:115%\"><span style=\"font-family:&quot;Calibri&quot;,sans-serif\"><span style=\"text-decoration:none\"><span style=\"text-underline:none\">, evento 100% presencial, que ocorrer&aacute; dias <b>03 e 04 de novembro<\/b>, em Belo Horizonte, MG. <\/span><\/span><\/span><\/span><\/span><\/span><\/span><span style=\"font-size:11.0pt\"><span style=\"line-height:115%\"><span style=\"font-family:&quot;Calibri&quot;,sans-serif\"><a href=\"https:\/\/www.congressoabit.com.br\/\" style=\"color:blue; text-decoration:underline\"><span style=\"font-size:14.0pt\"><span style=\"line-height:115%\">Informa&ccedil;&otilde;es<\/span><\/span><\/a><\/span><\/span><\/span><\/p>\r\n\r\n<p style=\"text-align:justify\">&nbsp;<\/p>\r\n\r\n<p style=\"text-align:justify\"><img height=\"318\" src=\"https:\/\/www.abint.org.br\/assets\/img\/editor\/partnerkit-conahp-retangular-cth-abint_20220830130757Z8cM15CZv1.png\" width=\"563\" \/><\/p>\r\n\r\n<p style=\"text-align:justify\"><span class=\"MsoHyperlink\" style=\"color:blue\"><span style=\"text-decoration:underline\"><span style=\"font-size:14.0pt\"><span style=\"line-height:115%\"><span style=\"font-family:&quot;Calibri&quot;,sans-serif\"><span style=\"text-decoration:none\"><span style=\"text-underline:none\">O <b>CTH ABINT<\/b> &eacute; patrocinador do <\/span><\/span><\/span><\/span><\/span><\/span><\/span><span class=\"MsoHyperlink\" style=\"color:blue\"><span style=\"text-decoration:underline\"><b><span style=\"font-size:14.0pt\"><span style=\"line-height:115%\"><span style=\"font-family:&quot;Calibri&quot;,sans-serif\"><span style=\"text-decoration:none\"><span style=\"text-underline:none\">CONAHP 2022 - Congresso Nacional de Hospitais Privados<\/span><\/span><\/span><\/span><\/span><\/b><\/span><\/span><span class=\"MsoHyperlink\" style=\"color:blue\"><span style=\"text-decoration:underline\"><span style=\"font-size:14.0pt\"><span style=\"line-height:115%\"><span style=\"font-family:&quot;Calibri&quot;,sans-serif\"><span style=\"text-decoration:none\"><span style=\"text-underline:none\">, evento que ocorrer&aacute; <b>presencialmente nos dias 10 e 11 de novembro, Transam&eacute;rica Expo Center<\/b>, S&atilde;o Paulo, SP. <\/span><\/span><\/span><\/span><\/span><\/span><\/span><span style=\"font-size:11.0pt\"><span style=\"line-height:115%\"><span style=\"font-family:&quot;Calibri&quot;,sans-serif\"><a href=\"https:\/\/conahp.org.br\/2022\/\" style=\"color:blue; text-decoration:underline\"><span style=\"font-size:14.0pt\"><span style=\"line-height:115%\">Informa&ccedil;&otilde;es <\/span><\/span><\/a><\/span><\/span><\/span><\/p>\r\n\r\n<p style=\"text-align:justify\">&nbsp;<\/p>\r\n\r\n<p style=\"text-align:justify\"><span style=\"font-size:11pt\"><span style=\"line-height:normal\"><span style=\"font-family:&quot;Calibri&quot;,sans-serif\"><b><span style=\"font-size:18.0pt\"><span style=\"font-variant:small-caps\">Eventos<\/span><\/span><\/b><\/span><\/span><\/span><\/p>\r\n\r\n<p style=\"text-align:justify\"><span style=\"font-size:11pt\"><span style=\"line-height:normal\"><span style=\"font-family:&quot;Calibri&quot;,sans-serif\"><span class=\"MsoHyperlink\" style=\"color:blue\"><span style=\"text-decoration:underline\"><b><span style=\"font-size:14.0pt\"><span style=\"text-decoration:none\"><span style=\"text-underline:none\">13&ordm; Simp&oacute;sio Internacional de Esteriliza&ccedil;&atilde;o SOBECC<\/span><\/span><\/span><\/b><\/span><\/span><span class=\"MsoHyperlink\" style=\"color:blue\"><span style=\"text-decoration:underline\"><span style=\"font-size:14.0pt\"><span style=\"text-decoration:none\"><span style=\"text-underline:none\">, de 30 de agosto a 02 de setembro, Centro de Conven&ccedil;&otilde;es Anhembi, S&atilde;o Paulo, SP. <\/span><\/span><\/span><\/span><\/span><a href=\"https:\/\/www.congresso-simposio-sobecc.com.br\/sobecc2022\" style=\"color:blue; text-decoration:underline\"><span style=\"font-size:14.0pt\">Informa&ccedil;&otilde;es <\/span><\/a><\/span><\/span><\/span><\/p>\r\n\r\n<p style=\"text-align:justify\"><span style=\"font-size:11pt\"><span style=\"line-height:normal\"><span style=\"font-family:&quot;Calibri&quot;,sans-serif\"><span class=\"MsoHyperlink\" style=\"color:blue\"><span style=\"text-decoration:underline\"><b><span style=\"font-size:14.0pt\"><span style=\"text-decoration:none\"><span style=\"text-underline:none\">Workshop Abit &ldquo;Etiquetagem de Produtos T&ecirc;xteis e Confeccionados&rdquo;<\/span><\/span><\/span><\/b><\/span><\/span><span class=\"MsoHyperlink\" style=\"color:blue\"><span style=\"text-decoration:underline\"><span style=\"font-size:14.0pt\"><span style=\"text-decoration:none\"><span style=\"text-underline:none\">, 31 de agosto. <\/span><\/span><\/span><\/span><\/span><a href=\"https:\/\/eventos.abit.org.br\/Subs.aspx?key=5b52d0cb-703f-4d74-b5c0-db29a5836eff\" style=\"color:blue; text-decoration:underline\"><span style=\"font-size:14.0pt\">Informa&ccedil;&otilde;es <\/span><\/a><\/span><\/span><\/span><\/p>\r\n\r\n<p style=\"text-align:justify\"><span style=\"font-size:11pt\"><span style=\"line-height:normal\"><span style=\"font-family:&quot;Calibri&quot;,sans-serif\"><span class=\"MsoHyperlink\" style=\"color:blue\"><span style=\"text-decoration:underline\"><b><span style=\"font-size:14.0pt\"><span style=\"text-decoration:none\"><span style=\"text-underline:none\">Workshop de Minera&ccedil;&atilde;o promovido pela CSCM da ABIMAQ<\/span><\/span><\/span><\/b><\/span><\/span><span class=\"MsoHyperlink\" style=\"color:blue\"><span style=\"text-decoration:underline\"><span style=\"font-size:14.0pt\"><span style=\"text-decoration:none\"><span style=\"text-underline:none\">, 31 de agosto, Audit&oacute;rio A da M&amp;T Expo. <\/span><\/span><\/span><\/span><\/span><a href=\"https:\/\/www.mtexpo.com.br\/pt\/visitantes\/programacao\/workshop-de-mineracao\" style=\"color:blue; text-decoration:underline\"><span style=\"font-size:14.0pt\">Informa&ccedil;&otilde;es <\/span><\/a><\/span><\/span><\/span><\/p>\r\n\r\n<p style=\"text-align:justify\"><span style=\"font-size:11pt\"><span style=\"line-height:normal\"><span style=\"font-family:&quot;Calibri&quot;,sans-serif\"><span class=\"MsoHyperlink\" style=\"color:blue\"><span style=\"text-decoration:underline\"><b><span style=\"font-size:14.0pt\"><span style=\"text-decoration:none\"><span style=\"text-underline:none\">23&ordm; Semin&aacute;rio Tecnologia de Estruturas e Funda&ccedil;&otilde;es<\/span><\/span><\/span><\/b><\/span><\/span><span class=\"MsoHyperlink\" style=\"color:blue\"><span style=\"text-decoration:underline\"><span style=\"font-size:14.0pt\"><span style=\"text-decoration:none\"><span style=\"text-underline:none\">, 31 de agosto, m&oacute;dulo <\/span><\/span><\/span><\/span><\/span><a href=\"https:\/\/sindusconsp.com.br\/eventos\/23o-seminario-tecnologia-de-estruturas-e-fundacoes\/\" style=\"color:blue; text-decoration:underline\"><span style=\"font-size:14.0pt\">presencial<\/span><\/a><span class=\"MsoHyperlink\" style=\"color:blue\"><span style=\"text-decoration:underline\"><span style=\"font-size:14.0pt\"><span style=\"text-decoration:none\"><span style=\"text-underline:none\"> 13h30 &agrave;s 18h30, m&oacute;dulo <\/span><\/span><\/span><\/span><\/span><a href=\"https:\/\/sindusconsp.com.br\/eventos\/23o-seminario-tecnologia-de-estruturas-e-fundacoes-763\/\" style=\"color:blue; text-decoration:underline\"><span style=\"font-size:14.0pt\">online<\/span><\/a><span class=\"MsoHyperlink\" style=\"color:blue\"><span style=\"text-decoration:underline\"><span style=\"font-size:14.0pt\"><span style=\"text-decoration:none\"><span style=\"text-underline:none\"> 14h &agrave;s 18h30.<\/span><\/span><\/span><\/span><\/span><\/span><\/span><\/span><\/p>\r\n\r\n<p style=\"text-align:justify\"><span style=\"font-size:11pt\"><span style=\"line-height:normal\"><span style=\"font-family:&quot;Calibri&quot;,sans-serif\"><span class=\"MsoHyperlink\" style=\"color:blue\"><span style=\"text-decoration:underline\"><b><span style=\"font-size:14.0pt\"><span style=\"text-decoration:none\"><span style=\"text-underline:none\">FIESP Semin&aacute;rio: Transa&ccedil;&atilde;o Tribut&aacute;ria e os Procedimentos Aplic&aacute;veis<\/span><\/span><\/span><\/b><\/span><\/span><span class=\"MsoHyperlink\" style=\"color:blue\"><span style=\"text-decoration:underline\"><span style=\"font-size:14.0pt\"><span style=\"text-decoration:none\"><span style=\"text-underline:none\">, 02 de setembro, Av. Paulista, 1313, Espa&ccedil;o Nobre, S&atilde;o Paulo, ou via <\/span><\/span><\/span><\/span><\/span><a href=\"https:\/\/www.youtube.com\/watch?v=xhWM3RBxLqI\" style=\"color:blue; text-decoration:underline\"><span style=\"font-size:14.0pt\">YouTube<\/span><\/a><span class=\"MsoHyperlink\" style=\"color:blue\"><span style=\"text-decoration:underline\"><span style=\"font-size:14.0pt\"><span style=\"text-decoration:none\"><span style=\"text-underline:none\">.<\/span><\/span><\/span><\/span><\/span><\/span><\/span><\/span><\/p>\r\n\r\n<p style=\"text-align:justify\"><span style=\"font-size:11pt\"><span style=\"line-height:normal\"><span style=\"font-family:&quot;Calibri&quot;,sans-serif\"><span class=\"MsoHyperlink\" style=\"color:blue\"><span style=\"text-decoration:underline\"><b><span style=\"font-size:14.0pt\"><span style=\"text-decoration:none\"><span style=\"text-underline:none\">III Semin&aacute;rio de An&aacute;lise Conjuntural<\/span><\/span><\/span><\/b><\/span><\/span><span class=\"MsoHyperlink\" style=\"color:blue\"><span style=\"text-decoration:underline\"><span style=\"font-size:14.0pt\"><span style=\"text-decoration:none\"><span style=\"text-underline:none\">, 08 de setembro, com transmiss&atilde;o via YouTube. <\/span><\/span><\/span><\/span><\/span><a href=\"https:\/\/evento.fgv.br\/analiseconjuntural_0809\/\" style=\"color:blue; text-decoration:underline\"><span style=\"font-size:14.0pt\">Informa&ccedil;&otilde;es<\/span><\/a><span class=\"MsoHyperlink\" style=\"color:blue\"><span style=\"text-decoration:underline\"><span style=\"font-size:14.0pt\"><span style=\"text-decoration:none\"><span style=\"text-underline:none\">.<\/span><\/span><\/span><\/span><\/span><\/span><\/span><\/span><\/p>\r\n\r\n<p style=\"text-align:justify\"><span style=\"font-size:11pt\"><span style=\"line-height:normal\"><span style=\"font-family:&quot;Calibri&quot;,sans-serif\"><span class=\"MsoHyperlink\" style=\"color:blue\"><span style=\"text-decoration:underline\"><b><span style=\"font-size:14.0pt\"><span style=\"text-decoration:none\"><span style=\"text-underline:none\">Automotive Business Experience #ABX22<\/span><\/span><\/span><\/b><\/span><\/span><span class=\"MsoHyperlink\" style=\"color:blue\"><span style=\"text-decoration:underline\"><span style=\"font-size:14.0pt\"><span style=\"text-decoration:none\"><span style=\"text-underline:none\">, 08 de setembro, evento h&iacute;brido. <\/span><\/span><\/span><\/span><\/span><a href=\"http:\/\/abx22.com.br\/\" style=\"color:blue; text-decoration:underline\"><span style=\"font-size:14.0pt\">Informa&ccedil;&otilde;es<\/span><\/a> <\/span><\/span><\/span><\/p>\r\n\r\n<p style=\"text-align:justify\"><span style=\"font-size:11pt\"><span style=\"line-height:normal\"><span style=\"font-family:&quot;Calibri&quot;,sans-serif\"><span class=\"MsoHyperlink\" style=\"color:blue\"><span style=\"text-decoration:underline\"><b><span style=\"font-size:14.0pt\"><span style=\"text-decoration:none\"><span style=\"text-underline:none\">12&ordm; Semin&aacute;rio Competitividade: Aprendendo a abrir caminhos - Os atalhos para o pl&aacute;stico se recriar e continuar a criar<\/span><\/span><\/span><\/b><\/span><\/span><span class=\"MsoHyperlink\" style=\"color:blue\"><span style=\"text-decoration:underline\"><span style=\"font-size:14.0pt\"><span style=\"text-decoration:none\"><span style=\"text-underline:none\">, 13 de setembro, 100% presencial, Hotel Meli&aacute;, Av. Paulista, 2181, S&atilde;o Paulo. <\/span><\/span><\/span><\/span><\/span><a href=\"https:\/\/plasticosemrevista.com.br\/competitividade-2022\" style=\"color:blue; text-decoration:underline\"><span style=\"font-size:14.0pt\">Programa&ccedil;&atilde;o<\/span><\/a><span class=\"MsoHyperlink\" style=\"color:blue\"><span style=\"text-decoration:underline\"><span style=\"font-size:14.0pt\"><span style=\"text-decoration:none\"><span style=\"text-underline:none\">. <\/span><\/span><\/span><\/span><\/span><a href=\"https:\/\/plasticosemrevista.com.br\/competitividade-2022-inscricao\" style=\"color:blue; text-decoration:underline\"><span style=\"font-size:14.0pt\">Inscri&ccedil;&otilde;es<\/span><\/a><span class=\"MsoHyperlink\" style=\"color:blue\"><span style=\"text-decoration:underline\"><span style=\"font-size:14.0pt\"><span style=\"text-decoration:none\"><span style=\"text-underline:none\">.<\/span><\/span><\/span><\/span><\/span><\/span><\/span><\/span><\/p>\r\n\r\n<p style=\"text-align:justify\"><span style=\"font-size:11pt\"><span style=\"line-height:normal\"><span style=\"font-family:&quot;Calibri&quot;,sans-serif\"><span class=\"MsoHyperlink\" style=\"color:blue\"><span style=\"text-decoration:underline\"><b><span style=\"font-size:14.0pt\"><span style=\"text-decoration:none\"><span style=\"text-underline:none\">E-Xport Meeting 2022: Semana do E-commerce Internacional<\/span><\/span><\/span><\/b><\/span><\/span><span class=\"MsoHyperlink\" style=\"color:blue\"><span style=\"text-decoration:underline\"><span style=\"font-size:14.0pt\"><span style=\"text-decoration:none\"><span style=\"text-underline:none\">, 13 a 16 de setembro, online e presencial, Campus ESPM, Rua Dr. &Aacute;lvaro Alvim, 123, Vila Mariana, S&atilde;o Paulo. <\/span><\/span><\/span><\/span><\/span><a href=\"https:\/\/apexbrasil.com.br\/e-xportmeeting-2022?msdynttrid=X7GMxImsXJRkjoe2vcUnfu7i7UwZlg7huEoOz1UzBI4&amp;utm_campaign=divulgacao_e-xport_meeting_2022_-_semana_do_e-commerce_internacional&amp;utm_medium=email&amp;utm_source=RD+Station#programmingtab-9085608db7-item-5a463ad13b-tab\" style=\"color:blue; text-decoration:underline\"><span style=\"font-size:14.0pt\">Informa&ccedil;&otilde;es<\/span><\/a> <\/span><\/span><\/span><\/p>\r\n\r\n<p style=\"text-align:justify\"><span style=\"font-size:11pt\"><span style=\"line-height:normal\"><span style=\"font-family:&quot;Calibri&quot;,sans-serif\"><span class=\"MsoHyperlink\" style=\"color:blue\"><span style=\"text-decoration:underline\"><b><span style=\"font-size:14.0pt\"><span style=\"text-decoration:none\"><span style=\"text-underline:none\">Feira HospitalMed, <\/span><\/span><\/span><\/b><\/span><\/span><span class=\"MsoHyperlink\" style=\"color:blue\"><span style=\"text-decoration:underline\"><span style=\"font-size:14.0pt\"><span style=\"text-decoration:none\"><span style=\"text-underline:none\">19 a 21 de outubro, Centro de Conven&ccedil;&otilde;es de Pernambuco. <\/span><\/span><\/span><\/span><\/span><a href=\"https:\/\/hospitalmed.com.br\/feira\/\" style=\"color:blue; text-decoration:underline\"><span style=\"font-size:14.0pt\">Informa&ccedil;&otilde;es <\/span><\/a><\/span><\/span><\/span><\/p>\r\n\r\n<p style=\"text-align:justify\"><span style=\"font-size:11pt\"><span style=\"line-height:normal\"><span style=\"font-family:&quot;Calibri&quot;,sans-serif\"><span class=\"MsoHyperlink\" style=\"color:blue\"><span style=\"text-decoration:underline\"><b><span style=\"font-size:14.0pt\"><span style=\"text-decoration:none\"><span style=\"text-underline:none\">THE Congress &ndash; NATURALfiberEXTRACTION<\/span><\/span><\/span><\/b><\/span><\/span><span class=\"MsoHyperlink\" style=\"color:blue\"><span style=\"text-decoration:underline\"><span style=\"font-size:14.0pt\"><span style=\"text-decoration:none\"><span style=\"text-underline:none\">, 26 de outubro de 2022, Stuttgart. <\/span><\/span><\/span><\/span><\/span><a href=\"https:\/\/www.afbw.eu\/aktuelles\/veranstaltungen\/details\/the-congress-naturalfiberpulping\/\" style=\"color:blue; text-decoration:underline\"><span style=\"font-size:14.0pt\">Informa&ccedil;&otilde;es<\/span><\/a><span class=\"MsoHyperlink\" style=\"color:blue\"><span style=\"text-decoration:underline\"><span style=\"font-size:14.0pt\"><span style=\"text-decoration:none\"><span style=\"text-underline:none\">.<\/span><\/span><\/span><\/span><\/span><\/span><\/span><\/span><\/p>\r\n\r\n<p style=\"text-align:justify\"><span style=\"font-size:11pt\"><span style=\"line-height:normal\"><span style=\"font-family:&quot;Calibri&quot;,sans-serif\"><span class=\"MsoHyperlink\" style=\"color:blue\"><span style=\"text-decoration:underline\"><b><span style=\"font-size:14.0pt\"><span style=\"text-decoration:none\"><span style=\"text-underline:none\">Innovate: Zero Carbon, Textiles&#39; journey to zero carbon<\/span><\/span><\/span><\/b><\/span><\/span><\/span><\/span><\/span><\/p>\r\n\r\n<p style=\"text-align:justify\"><span style=\"font-size:11pt\"><span style=\"line-height:normal\"><span style=\"font-family:&quot;Calibri&quot;,sans-serif\"><span class=\"MsoHyperlink\" style=\"color:blue\"><span style=\"text-decoration:underline\"><span style=\"font-size:14.0pt\"><span style=\"text-decoration:none\"><span style=\"text-underline:none\">When: 1-3 Nov 2022<\/span><\/span><\/span><\/span><\/span><\/span><\/span><\/span><\/p>\r\n\r\n<p style=\"text-align:justify\"><span style=\"font-size:11pt\"><span style=\"line-height:normal\"><span style=\"font-family:&quot;Calibri&quot;,sans-serif\"><span class=\"MsoHyperlink\" style=\"color:blue\"><span style=\"text-decoration:underline\"><span style=\"font-size:14.0pt\"><span style=\"text-decoration:none\"><span style=\"text-underline:none\">What time: 13:00&ndash;17:00 UTC \/ 9:00&ndash;13:00 EDT<\/span><\/span><\/span><\/span><\/span><\/span><\/span><\/span><\/p>\r\n\r\n<p style=\"text-align:justify\"><span style=\"font-size:11pt\"><span style=\"line-height:normal\"><span style=\"font-family:&quot;Calibri&quot;,sans-serif\"><span class=\"MsoHyperlink\" style=\"color:blue\"><span style=\"text-decoration:underline\"><span style=\"font-size:14.0pt\"><span style=\"text-decoration:none\"><span style=\"text-underline:none\">Where: Virtual, <\/span><\/span><\/span><\/span><\/span><a href=\"https:\/\/events.wtin.com\/event\/f5bac4f2-d902-41ba-9153-a4d80622877c\/summary\" style=\"color:blue; text-decoration:underline\"><span style=\"font-size:14.0pt\">events.wtin.com\/innovate<\/span><\/a><\/span><\/span><\/span><\/p>\r\n\r\n<p class=\"MsoTitle\" style=\"text-align:justify\"><span style=\"font-size:28pt\"><span style=\"font-family:&quot;Cambria&quot;,serif\"><span style=\"letter-spacing:-0.5pt\"><b><span style=\"font-size:18.0pt\"><span style=\"font-family:&quot;Calibri&quot;,sans-serif\"><span style=\"font-variant:small-caps\">Setor<\/span><\/span><\/span><\/b><\/span><\/span><\/span><\/p>\r\n\r\n<p style=\"text-align:justify\"><span style=\"font-size:11pt\"><span style=\"line-height:normal\"><span style=\"font-family:&quot;Calibri&quot;,sans-serif\"><a href=\"https:\/\/noticias.portaldaindustria.com.br\/noticias\/saude-e-qualidade-de-vida\/maioria-da-populacao-usa-mascara-no-transporte-publico\/\" style=\"color:blue; text-decoration:underline\"><span style=\"font-size:14.0pt\">Maioria da popula&ccedil;&atilde;o usa m&aacute;scara no transporte p&uacute;blico<\/span><\/a><\/span><\/span><\/span><\/p>\r\n\r\n<p style=\"text-align:justify\"><span style=\"font-size:11pt\"><span style=\"line-height:normal\"><span style=\"font-family:&quot;Calibri&quot;,sans-serif\"><a href=\"https:\/\/textileindustry.ning.com\/forum\/topics\/senai-cetiqt-e-associa-o-fibrenamics-de-portugal-firmam-acordo-de\" style=\"color:blue; text-decoration:underline\"><span style=\"font-size:14.0pt\">SENAI CETIQT e Associa&ccedil;&atilde;o Fibrenamics de Portugal firmam acordo de coopera&ccedil;&atilde;o tecnol&oacute;gica para projetos na &aacute;rea de t&ecirc;xteis t&eacute;cnicos e inteligentes<\/span><\/a><\/span><\/span><\/span><\/p>\r\n\r\n<p style=\"text-align:justify\"><span style=\"font-size:11pt\"><span style=\"line-height:normal\"><span style=\"font-family:&quot;Calibri&quot;,sans-serif\"><span class=\"MsoHyperlink\" style=\"color:blue\"><span style=\"text-decoration:underline\"><span style=\"font-size:14.0pt\"><span style=\"text-decoration:none\"><span style=\"text-underline:none\"><a href=\"https:\/\/www.jornaldepomerode.com.br\/febratex-2022-recebeu-56-mil-visitantes\/\" style=\"color:blue; text-decoration:underline\">Febratex 2022 recebeu 56 mil visitantes<\/a><\/span><\/span><\/span><\/span><\/span><\/span><\/span><\/span><\/p>\r\n\r\n<p><span style=\"font-size:11pt\"><span style=\"line-height:normal\"><span style=\"font-family:&quot;Calibri&quot;,sans-serif\"><span class=\"MsoHyperlink\" style=\"color:blue\"><span style=\"text-decoration:underline\"><span style=\"font-size:14.0pt\"><span style=\"text-decoration:none\"><span style=\"text-underline:none\"><a href=\"https:\/\/app.swapcard.com\/event\/plastico-brasil-xperience\/planning\/UGxhbm5pbmdfOTYyODQ0\" style=\"color:blue; text-decoration:underline\">Pl&aacute;stico Brasil Xperience 2022: O Futuro do Mercado de Pl&aacute;stico no Brasil e no Mundo<\/a><\/span><\/span><\/span><\/span><\/span><\/span><\/span><\/span><\/p>\r\n\r\n<p style=\"text-align:justify\"><span style=\"font-size:11pt\"><span style=\"line-height:normal\"><span style=\"font-family:&quot;Calibri&quot;,sans-serif\"><a href=\"https:\/\/www.nonwovens-industry.com\/contents\/view_breaking-news\/2022-08-22\/fibertex-nonwovens-reorganizes-north-american-business?utm_campaign=NON+eNewsletter&amp;utm_medium=email&amp;_hsmi=223993177&amp;_hsenc=p2ANqtz-_FyamFODEBf-UML7sAxnIyPQu39nfHC9t-8M8kMUPns_R27FFzYhFTCqX2VEkAjb-WFQeSvYH8k4Hwss5hCrmPumjXEA&amp;utm_content=223993177&amp;utm_source=hs_email\" style=\"color:blue; text-decoration:underline\"><span style=\"font-size:14.0pt\">Fibertex Nonwovens Reorganizes North American Business<\/span><\/a><\/span><\/span><\/span><\/p>\r\n\r\n<p style=\"text-align:justify\"><span style=\"font-size:11pt\"><span style=\"line-height:normal\"><span style=\"font-family:&quot;Calibri&quot;,sans-serif\"><a href=\"https:\/\/www.textiletechnology.net\/nonwovens\/news\/freudenberg-pm-sustainable-materials-for-the-leather-and-footwear-industry-32733?utm_source=%2Fmeta%2Fnewsletter%2Fnewsletter&amp;utm_medium=newsletter&amp;utm_campaign=nl946&amp;utm_term=0801b20e08c3242125d512808cd74302\" style=\"color:blue; text-decoration:underline\"><span style=\"font-size:14.0pt\">Freudenberg PM: Sustainable materials for the leather and footwear industry<\/span><\/a><\/span><\/span><\/span><\/p>\r\n\r\n<p style=\"text-align:justify\"><span style=\"font-size:11pt\"><span style=\"line-height:normal\"><span style=\"font-family:&quot;Calibri&quot;,sans-serif\"><a href=\"https:\/\/www.nonwovens-industry.com\/contents\/view_breaking-news\/2022-08-23\/suominen-earns-silver-rating-from-ecovadis?utm_campaign=NON+eNewsletter&amp;utm_medium=email&amp;_hsmi=223993177&amp;_hsenc=p2ANqtz--9QaYCwJCTBvHOoUIvQCHvN-aqZO2OHBsty_7va9M4LLmb52Rn6CP_FSTopQF9dmQBbByuJIpgNwzd29qvKvGFsbs3ow&amp;utm_content=223993177&amp;utm_source=hs_email\" style=\"color:blue; text-decoration:underline\"><span style=\"font-size:14.0pt\">Suominen Earns Silver Rating from EcoVadis<\/span><\/a><\/span><\/span><\/span><\/p>\r\n\r\n<p style=\"text-align:justify\"><span style=\"font-size:11pt\"><span style=\"line-height:normal\"><span style=\"font-family:&quot;Calibri&quot;,sans-serif\"><a href=\"https:\/\/www.technicaltextile.net\/news\/geotextiles-critical-for-infra-projects-in-northeast-india-manipur-cm-282659.html\" style=\"color:blue; text-decoration:underline\"><span style=\"font-size:14.0pt\">Geotextiles critical for infra projects in Northeast India: Manipur CM<\/span><\/a><\/span><\/span><\/span><\/p>\r\n\r\n<p style=\"text-align:justify\"><span style=\"font-size:11pt\"><span style=\"line-height:normal\"><span style=\"font-family:&quot;Calibri&quot;,sans-serif\"><a href=\"https:\/\/www.mrchub.com\/news\/403735-dow-chemical-cuts-global-polyethylene-production-by-15-percent\" style=\"color:blue; text-decoration:underline\"><span style=\"font-size:14.0pt\">Dow Chemical cuts global polyethylene production by 15%<\/span><\/a><\/span><\/span><\/span><\/p>\r\n\r\n<p style=\"text-align:justify\"><span style=\"font-size:11pt\"><span style=\"line-height:normal\"><span style=\"font-family:&quot;Calibri&quot;,sans-serif\"><a href=\"https:\/\/www.businessinsider.com\/sales-increase-heated-blankets-heaters-europe-heatwave-energy-crisis-2022-8?nr_email_referer=1&amp;utm_source=Sailthru&amp;utm_medium=email&amp;utm_content=Business_Insider_select&amp;pt=385758&amp;ct=Sailthru_BI_Newsletters&amp;mt=8&amp;utm_campaign=Business%20Insider%20-%20Algorithm%20Test%202022-08-26&amp;utm_term=INSIDER%20SELECT%20-%20ENGAGED%2C%20ACTIVE%2C%20PASSIVE%2C%20DISENGAGED%2C%20NEW\" style=\"color:blue; text-decoration:underline\"><span style=\"font-size:14.0pt\">Sales of heated blankets and portable heaters are soaring in Europe despite a record heatwave, as people try to avoid sky-high winter fuel bills<\/span><\/a><\/span><\/span><\/span><\/p>\r\n\r\n<p class=\"MsoTitle\" style=\"text-align:justify\"><span style=\"font-size:28pt\"><span style=\"font-family:&quot;Cambria&quot;,serif\"><span style=\"letter-spacing:-0.5pt\"><b><span style=\"font-size:18.0pt\"><span style=\"font-family:&quot;Calibri&quot;,sans-serif\"><span style=\"font-variant:small-caps\">Ind&uacute;stria<\/span><\/span><\/span><\/b><\/span><\/span><\/span><\/p>\r\n\r\n<p style=\"text-align:justify\"><span style=\"font-size:11pt\"><span style=\"line-height:normal\"><span style=\"font-family:&quot;Calibri&quot;,sans-serif\"><a href=\"https:\/\/noticias.portaldaindustria.com.br\/posicionamentos\/novo-decreto-de-reducao-do-ipi-garante-seguranca-juridica-as-industrias-diz-cni\/\" style=\"color:blue; text-decoration:underline\"><span style=\"font-size:14.0pt\">Novo decreto de redu&ccedil;&atilde;o do IPI garante seguran&ccedil;a jur&iacute;dica &agrave;s ind&uacute;strias, diz CNI<\/span><\/a><\/span><\/span><\/span><\/p>\r\n\r\n<p style=\"text-align:justify\"><span style=\"font-size:11pt\"><span style=\"line-height:normal\"><span style=\"font-family:&quot;Calibri&quot;,sans-serif\"><span class=\"MsoHyperlink\" style=\"color:blue\"><span style=\"text-decoration:underline\"><span style=\"font-size:14.0pt\"><span style=\"text-decoration:none\"><span style=\"text-underline:none\"><a href=\"https:\/\/portal.comunique-se.com.br\/producao-de-veiculos-no-mes-de-julho-e-a-maior-desde-novembro-de-2020\/\" style=\"color:blue; text-decoration:underline\">Produ&ccedil;&atilde;o de ve&iacute;culos no m&ecirc;s de julho &eacute; a maior desde novembro de 2020<\/a><\/span><\/span><\/span><\/span><\/span><\/span><\/span><\/span><\/p>\r\n\r\n<p style=\"text-align:justify\"><span style=\"font-size:11pt\"><span style=\"line-height:normal\"><span style=\"font-family:&quot;Calibri&quot;,sans-serif\"><a href=\"https:\/\/plasticosemrevista.com.br\/gazprom-corta-gas-natural-para-europa-em-31-de-agosto\/\" style=\"color:blue; text-decoration:underline\"><span style=\"font-size:14.0pt\">Gazprom corta g&aacute;s natural para Europa em 31 de agosto<\/span><\/a><\/span><\/span><\/span><\/p>\r\n\r\n<p style=\"text-align:justify\"><span style=\"font-size:11pt\"><span style=\"line-height:normal\"><span style=\"font-family:&quot;Calibri&quot;,sans-serif\"><a href=\"https:\/\/www.mobiauto.com.br\/revista\/a-nova-bolha-da-industria-de-carros-que-esta-perto-de-estourar\/2093\" style=\"color:blue; text-decoration:underline\"><span style=\"font-size:14.0pt\">A nova &ldquo;bolha&rdquo; da ind&uacute;stria de carros que est&aacute; perto de estourar<\/span><\/a><\/span><\/span><\/span><\/p>\r\n\r\n<p style=\"text-align:justify\"><span style=\"font-size:11pt\"><span style=\"line-height:normal\"><span style=\"font-family:&quot;Calibri&quot;,sans-serif\"><a href=\"https:\/\/exclusivo.com.br\/_conteudo\/negocios\/2022\/08\/22\/fabricante-brasileira-de-calcados-demite-cem-funcionarios-na-argentina.html?utm_campaign=Francal+est%C3%A1+de+volta+e+com+foco+nos+neg%C3%B3cios+digitais&amp;utm_content=Fabricante+brasileira+de+cal%C3%A7ados+demite+cem+funcion%C3%A1rios+na+Argentina+-+Jornal+Exclusivo+%283%29&amp;utm_medium=email&amp;utm_source=EmailMarketing&amp;utm_term=Francal+est%C3%A1+de+volta+e+com+foco+nos+neg%C3%B3cios+digitais\" style=\"color:blue; text-decoration:underline\"><span style=\"font-size:14.0pt\">Fabricante brasileira de cal&ccedil;ados demite cem funcion&aacute;rios na Argentina<\/span><\/a> <\/span><\/span><\/span><\/p>\r\n\r\n<p style=\"text-align:justify\"><span style=\"font-size:11pt\"><span style=\"line-height:normal\"><span style=\"font-family:&quot;Calibri&quot;,sans-serif\"><a href=\"https:\/\/engenhariacompartilhada.com.br\/noticia\/exibir\/6534058_dificuldades-do-setor-da-construcao-podem-levar-ao-risco-de-paralisacao-de-obras-nos-segmentos-de-obras-viarias-e-de-arte-em-235-e-223-respectivamente\" style=\"color:blue; text-decoration:underline\"><span style=\"font-size:14.0pt\">Dificuldades do setor da constru&ccedil;&atilde;o podem levar ao risco de paralisa&ccedil;&atilde;o de obras nos segmentos de obras vi&aacute;rias e de arte em 23,5% e 22,3%, respectivamente<\/span><\/a><\/span><\/span><\/span><\/p>\r\n\r\n<p style=\"text-align:justify\"><span style=\"font-size:11pt\"><span style=\"line-height:normal\"><span style=\"font-family:&quot;Calibri&quot;,sans-serif\"><a href=\"https:\/\/almaco.org.br\/2022\/08\/25\/consumo-de-compositos-recuou-42-no-primeiro-semestre\/\" style=\"color:blue; text-decoration:underline\"><span style=\"font-size:14.0pt\">Consumo de comp&oacute;sitos recuou 4,2% no primeiro semestre<\/span><\/a><\/span><\/span><\/span><\/p>\r\n\r\n<p class=\"MsoTitle\" style=\"text-align:justify\"><span style=\"font-size:28pt\"><span style=\"font-family:&quot;Cambria&quot;,serif\"><span style=\"letter-spacing:-0.5pt\"><b><span style=\"font-size:18.0pt\"><span style=\"font-family:&quot;Calibri&quot;,sans-serif\"><span style=\"font-variant:small-caps\">Sustentabilidade<\/span><\/span><\/span><\/b><\/span><\/span><\/span><\/p>\r\n\r\n<p style=\"text-align:justify\"><span style=\"font-size:11pt\"><span style=\"line-height:normal\"><span style=\"font-family:&quot;Calibri&quot;,sans-serif\"><a href=\"https:\/\/revistamt.com.br\/Noticias\/Exibir\/brasil-tem-18-anos-para-ampliar-o-indice-de-reciclagem-de-4-para-48?utm_source=akna&amp;utm_medium=email&amp;utm_campaign=Revista-M-T-Informativo-591-23-08-2022&amp;utm_source=akna&amp;utm_medium=email&amp;utm_campaign=Revista-M-T-Informativo-591-23-08-2022\" style=\"color:blue; text-decoration:underline\"><span style=\"font-size:14.0pt\">Brasil tem 18 anos para ampliar o &iacute;ndice de reciclagem de 4% para 48%<\/span><\/a><\/span><\/span><\/span><\/p>\r\n\r\n<p style=\"text-align:justify\"><span style=\"font-size:11pt\"><span style=\"line-height:normal\"><span style=\"font-family:&quot;Calibri&quot;,sans-serif\"><a href=\"https:\/\/plastico.com.br\/revistas\/pm567\/index.html#p=23\" style=\"color:blue; text-decoration:underline\"><span style=\"font-size:14.0pt\">Importantes avan&ccedil;os no combate ao lixo dos mares<\/span><\/a><\/span><\/span><\/span><\/p>\r\n\r\n<p style=\"text-align:justify\"><span style=\"font-size:11pt\"><span style=\"line-height:normal\"><span style=\"font-family:&quot;Calibri&quot;,sans-serif\"><a href=\"https:\/\/ciclovivo.com.br\/arq-urb\/arquitetura\/teto-verde-em-porto-alegre-e-um-dos-maiores-da-america-latina\/\" style=\"color:blue; text-decoration:underline\"><span style=\"font-size:14.0pt\">Teto verde em Porto Alegre &eacute; um dos maiores da Am&eacute;rica Latina<\/span><\/a><\/span><\/span><\/span><\/p>\r\n\r\n<p style=\"text-align:justify\"><span style=\"font-size:11pt\"><span style=\"line-height:normal\"><span style=\"font-family:&quot;Calibri&quot;,sans-serif\"><a href=\"https:\/\/www.innovationintextiles.com\/nonwovens\/biotransformation-hemp-and-cat-litter\/\" style=\"color:blue; text-decoration:underline\"><span style=\"font-size:14.0pt\">Biotransformation, hemp and cat litter&hellip;<\/span><\/a><\/span><\/span><\/span><\/p>\r\n\r\n<p class=\"MsoTitle\" style=\"text-align:justify\"><span style=\"font-size:28pt\"><span style=\"font-family:&quot;Cambria&quot;,serif\"><span style=\"letter-spacing:-0.5pt\"><b><span style=\"font-size:18.0pt\"><span style=\"font-family:&quot;Calibri&quot;,sans-serif\"><span style=\"font-variant:small-caps\">Inova&ccedil;&atilde;o<\/span><\/span><\/span><\/b><\/span><\/span><\/span><\/p>\r\n\r\n<p style=\"text-align:justify\"><span style=\"font-size:11pt\"><span style=\"line-height:normal\"><span style=\"font-family:&quot;Calibri&quot;,sans-serif\"><a href=\"https:\/\/engenhariacompartilhada.com.br\/noticia\/exibir\/6532649_materiais-de-construcao-para-aumentar-a-resiliencia-frente-aos-desastres-naturais\" style=\"color:blue; text-decoration:underline\"><span style=\"font-size:14.0pt\">Materiais de constru&ccedil;&atilde;o para aumentar a resili&ecirc;ncia frente aos desastres naturais<\/span><\/a><\/span><\/span><\/span><\/p>\r\n\r\n<p style=\"text-align:justify\"><span style=\"font-size:11pt\"><span style=\"line-height:normal\"><span style=\"font-family:&quot;Calibri&quot;,sans-serif\"><a href=\"http:\/\/textileindustry.ning.com\/forum\/topics\/rhodia-lan-a-fibra-t-xtil-com-decomposi-o-acelerada-nos-oceanos\" style=\"color:blue; text-decoration:underline\"><span style=\"font-size:14.0pt\">Rhodia lan&ccedil;a fibra t&ecirc;xtil com decomposi&ccedil;&atilde;o acelerada nos oceanos<\/span><\/a><\/span><\/span><\/span><\/p>\r\n\r\n<p style=\"text-align:justify\"><span style=\"font-size:11pt\"><span style=\"line-height:normal\"><span style=\"font-family:&quot;Calibri&quot;,sans-serif\"><a href=\"https:\/\/ciclovivo.com.br\/inovacao\/negocios\/nespresso-lanca-tenis-feito-com-borra-de-cafe\/\" style=\"color:blue; text-decoration:underline\"><span style=\"font-size:14.0pt\">Nespresso lan&ccedil;a t&ecirc;nis feito com borra de caf&eacute;<\/span><\/a><\/span><\/span><\/span><\/p>\r\n\r\n<p style=\"text-align:justify\"><span style=\"font-size:11pt\"><span style=\"line-height:normal\"><span style=\"font-family:&quot;Calibri&quot;,sans-serif\"><a href=\"https:\/\/www.fibre2fashion.com\/news\/textile-news\/chemists-in-us-develop-simple-new-method-to-destroy-forever-chemicals-282629-newsdetails.htm\" style=\"color:blue; text-decoration:underline\"><span style=\"font-size:14.0pt\">Chemists in US develop simple new method to destroy forever chemicals<\/span><\/a><\/span><\/span><\/span><\/p>\r\n\r\n<p class=\"MsoTitle\" style=\"text-align:justify\"><span style=\"font-size:28pt\"><span style=\"font-family:&quot;Cambria&quot;,serif\"><span style=\"letter-spacing:-0.5pt\"><b><span style=\"font-size:18.0pt\"><span style=\"font-family:&quot;Calibri&quot;,sans-serif\"><span style=\"font-variant:small-caps\">Com&eacute;rcio Exterior<\/span><\/span><\/span><\/b><\/span><\/span><\/span><\/p>\r\n\r\n<p style=\"text-align:justify\"><span style=\"font-size:11pt\"><span style=\"line-height:normal\"><span style=\"font-family:&quot;Calibri&quot;,sans-serif\"><a href=\"https:\/\/grandesconstrucoes.com.br\/Noticias\/Exibir\/transporte-de-conteineres-ainda-apresenta-atrasos?utm_source=akna&amp;utm_medium=email&amp;utm_campaign=Grandes-Construcoes-Informativo-826-25-08-2022&amp;utm_source=akna&amp;utm_medium=email&amp;utm_campaign=Grandes-Construcoes-Informativo-826-25-08-2022\" style=\"color:blue; text-decoration:underline\"><span style=\"font-size:14.0pt\">Transporte de cont&ecirc;ineres ainda apresenta atrasos<\/span><\/a><\/span><\/span><\/span><\/p>\r\n\r\n<p style=\"text-align:justify\"><span style=\"font-size:11pt\"><span style=\"line-height:normal\"><span style=\"font-family:&quot;Calibri&quot;,sans-serif\"><a href=\"https:\/\/noticias.r7.com\/economia\/exportacoes-disparam-e-seguram-cotacao-do-dolar-com-debandada-do-mercado-financeiro-29082022\" style=\"color:blue; text-decoration:underline\"><span style=\"font-size:14.0pt\">Exporta&ccedil;&otilde;es disparam e seguram cota&ccedil;&atilde;o do d&oacute;lar com debandada do mercado financeiro<\/span><\/a><\/span><\/span><\/span><\/p>\r\n\r\n<p style=\"text-align:justify\"><span style=\"font-size:11pt\"><span style=\"line-height:normal\"><span style=\"font-family:&quot;Calibri&quot;,sans-serif\"><a href=\"https:\/\/www.portosenavios.com.br\/artigos\/artigos-de-opiniao\/artigo-perspectivas-para-o-comercio-exterior-no-segundo-semestre-de-2022\" style=\"color:blue; text-decoration:underline\"><span style=\"font-size:14.0pt\">Artigo - Perspectivas para o com&eacute;rcio exterior no segundo semestre de 2022<\/span><\/a><\/span><\/span><\/span><\/p>\r\n\r\n<p style=\"text-align:justify\"><span style=\"font-size:11pt\"><span style=\"line-height:normal\"><span style=\"font-family:&quot;Calibri&quot;,sans-serif\"><a href=\"https:\/\/www.comexdobrasil.com\/perxpectivas-comex-2023-reune-time-renomado-do-mercado-para-discutir-o-futuro-do-comercio-exterior\/\" style=\"color:blue; text-decoration:underline\"><span style=\"font-size:14.0pt\">Perxpectivas &ndash; Comex 2023 re&uacute;ne time renomado do mercado para discutir o futuro do com&eacute;rcio exterior<\/span><\/a><\/span><\/span><\/span><\/p>\r\n\r\n<p style=\"text-align:justify\"><span style=\"font-size:11pt\"><span style=\"line-height:normal\"><span style=\"font-family:&quot;Calibri&quot;,sans-serif\"><a href=\"https:\/\/www.gov.br\/economia\/pt-br\/assuntos\/noticias\/2022\/agosto\/secex-publica-portaria-para-simplificar-regras-dos-regimes-de-drawback\" style=\"color:blue; text-decoration:underline\"><span style=\"font-size:14.0pt\">Secex publica portaria para simplificar regras dos regimes de drawback<\/span><\/a><\/span><\/span><\/span><\/p>\r\n\r\n<p class=\"MsoTitle\" style=\"text-align:justify\"><span style=\"font-size:28pt\"><span style=\"font-family:&quot;Cambria&quot;,serif\"><span style=\"letter-spacing:-0.5pt\"><b><span style=\"font-size:18.0pt\"><span style=\"font-family:&quot;Calibri&quot;,sans-serif\"><span style=\"font-variant:small-caps\">Economia<\/span><\/span><\/span><\/b><\/span><\/span><\/span><\/p>\r\n\r\n<p style=\"text-align:justify\"><span style=\"font-size:11pt\"><span style=\"line-height:normal\"><span style=\"font-family:&quot;Calibri&quot;,sans-serif\"><a href=\"https:\/\/www.bcb.gov.br\/content\/focus\/focus\/R20220826.pdf\" style=\"color:blue; text-decoration:underline\"><span style=\"font-size:14.0pt\">Focus &ndash; Relat&oacute;rio de Mercado<\/span><\/a><\/span><\/span><\/span><\/p>\r\n\r\n<p style=\"text-align:justify\"><span style=\"font-size:11pt\"><span style=\"line-height:normal\"><span style=\"font-family:&quot;Calibri&quot;,sans-serif\"><a href=\"https:\/\/portalibre.fgv.br\/sites\/default\/files\/2022-08\/2022-08-boletim-macro.pdf\" style=\"color:blue; text-decoration:underline\"><span style=\"font-size:14.0pt\">Boletim Macro FGV IBRE: Cen&aacute;rio &agrave; frente promete ser desafiador, aqui e l&aacute; fora<\/span><\/a><\/span><\/span><\/span><\/p>\r\n\r\n<p style=\"text-align:justify\"><span style=\"font-size:11pt\"><span style=\"line-height:normal\"><span style=\"font-family:&quot;Calibri&quot;,sans-serif\"><a href=\"https:\/\/www.fibre2fashion.com\/news\/textile-news\/wto-goods-trade-barometer-points-to-stagnating-global-trade-growth-282664-newsdetails.htm\" style=\"color:blue; text-decoration:underline\"><span style=\"font-size:14.0pt\">WTO goods trade barometer points to stagnating global trade growth<\/span><\/a><\/span><\/span><\/span><\/p>\r\n\r\n<p style=\"text-align:justify\"><span style=\"font-size:11pt\"><span style=\"line-height:normal\"><span style=\"font-family:&quot;Calibri&quot;,sans-serif\"><a href=\"https:\/\/portalibre.fgv.br\/sites\/default\/files\/2022-08\/sondagem-da-america-latina_fgv_press-release_3otri2022_0.pdf\" style=\"color:blue; text-decoration:underline\"><span style=\"font-size:14.0pt\">&Iacute;ndice de Clima Econ&ocirc;mico da Am&eacute;rica Latina volta a cair com piora das expectativas<\/span><\/a><\/span><\/span><\/span><\/p>\r\n\r\n<p style=\"text-align:justify\"><span style=\"font-size:11pt\"><span style=\"line-height:normal\"><span style=\"font-family:&quot;Calibri&quot;,sans-serif\"><a href=\"https:\/\/portalibre.fgv.br\/sites\/default\/files\/2022-08\/sondagem-da-industria-fgv_press-release_ago22_0.pdf\" style=\"color:blue; text-decoration:underline\"><span style=\"font-size:14.0pt\">Confian&ccedil;a da Ind&uacute;stria sobe 0,8 ponto em agosto, para 100,3 pontos<\/span><\/a><\/span><\/span><\/span><\/p>\r\n\r\n<p style=\"text-align:justify\"><span style=\"font-size:11pt\"><span style=\"line-height:normal\"><span style=\"font-family:&quot;Calibri&quot;,sans-serif\"><a href=\"https:\/\/portalibre.fgv.br\/sites\/default\/files\/2022-08\/sondagem-da-construcao-fgv_press-release_ago22_0.pdf\" style=\"color:blue; text-decoration:underline\"><span style=\"font-size:14.0pt\">Confian&ccedil;a da Constru&ccedil;&atilde;o sobe 1,4 ponto em agosto<\/span><\/a><\/span><\/span><\/span><\/p>\r\n\r\n<p style=\"text-align:justify\"><span style=\"font-size:11pt\"><span style=\"line-height:normal\"><span style=\"font-family:&quot;Calibri&quot;,sans-serif\"><a href=\"https:\/\/revlink.revistaanamaco.com.br\/cl\/PODO7\/CxP\/c873\/LCFJkUKAOaB\/BM-9\/F3CCtyHsz0l\/2\/\" style=\"color:blue; text-decoration:underline\" target=\"_blank\"><span style=\"font-size:14.0pt\">Confian&ccedil;a do empres&aacute;rio do com&eacute;rcio recua pela primeira vez desde mar&ccedil;o<\/span><\/a><\/span><\/span><\/span><\/p>\r\n\r\n<p style=\"text-align:justify\"><span style=\"font-size:11pt\"><span style=\"line-height:normal\"><span style=\"font-family:&quot;Calibri&quot;,sans-serif\"><a href=\"https:\/\/ibre.fgv.br\/blog-da-conjuntura-economica\/artigos\/confianca-do-consumidor-diferenca-entre-faixas-de-renda-se\" style=\"color:blue; text-decoration:underline\"><span style=\"font-size:14.0pt\">Confian&ccedil;a do consumidor: diferen&ccedil;a entre faixas de renda se mant&eacute;m alta<\/span><\/a><\/span><\/span><\/span><\/p>\r\n\r\n<p style=\"text-align:justify\"><span style=\"font-size:11pt\"><span style=\"line-height:normal\"><span style=\"font-family:&quot;Calibri&quot;,sans-serif\"><a href=\"https:\/\/www.businessinsider.com\/inflation-rising-price-growth-g7-countries-us-uk-economic-recoveries-2022-8\" style=\"color:blue; text-decoration:underline\"><span style=\"font-size:14.0pt\">One chart shows where your spending power is dwindling the fastest in the world&#39;s biggest economies from the US to Japan<\/span><\/a><\/span><\/span><\/span><\/p>\r\n\r\n<p style=\"text-align:justify\"><span style=\"font-size:11pt\"><span style=\"line-height:normal\"><span style=\"font-family:&quot;Calibri&quot;,sans-serif\"><a href=\"https:\/\/www.eiu.com\/n\/chinese-power-problems-affirm-eius-forecast-downgrade\/?utm_source=mkt-newsletter&amp;utm_medium=email&amp;utm_campaign=foce&amp;utm_content=26-august-2022&amp;mkt_tok=NzUzLVJJUS00MzgAAAGGeTcXBvendt6Qxc42dqKrBR_2eF85QRSWqFdvj5NlX2BeL72-YjcfyycdDO1xRv4GkXdFvtSjrkjXhBXlUerwC4ANOVn9Mq9xVBWQUVe2MnLgRQ\" style=\"color:blue; text-decoration:underline\"><span style=\"font-size:14.0pt\">Chinese power problems affirm EIU&rsquo;s forecast downgrade<\/span><\/a><\/span><\/span><\/span><\/p>\r\n\r\n<p style=\"text-align:justify\"><span style=\"font-size:11pt\"><span style=\"line-height:normal\"><span style=\"font-family:&quot;Calibri&quot;,sans-serif\"><a href=\"https:\/\/www.businessinsider.com\/powell-inflation-fight-bring-some-pain-federal-reserve-jackson-hole-2022-8?nr_email_referer=1&amp;utm_source=Sailthru&amp;utm_medium=email&amp;utm_content=Business_Insider_select&amp;pt=385758&amp;ct=Sailthru_BI_Newsletters&amp;mt=8&amp;utm_campaign=Business%20Insider%20-%20Algorithm%20Test%202022-08-29&amp;utm_term=INSIDER%20SELECT%20-%20ENGAGED%2C%20ACTIVE%2C%20PASSIVE%2C%20DISENGAGED%2C%20NEW\" style=\"color:blue; text-decoration:underline\"><span style=\"font-size:14.0pt\">Lowering inflation will &lsquo;bring some pain&rsquo; to Americans through lost jobs and smaller raises, Powell says<\/span><\/a><\/span><\/span><\/span><\/p>\r\n\r\n<p style=\"text-align:justify\"><span style=\"font-size:11.0pt\"><span style=\"line-height:115%\"><span style=\"font-family:&quot;Calibri&quot;,sans-serif\"><a href=\"https:\/\/www.businessinsider.com\/germany-inflation-70-year-high-10-percent-russia-gas-squeeze-2022-8?inline-endstory-related-recommendations=\" style=\"color:blue; text-decoration:underline\"><span style=\"font-size:14.0pt\"><span style=\"line-height:115%\">Inflation in Germany could hit a 70-year high of 10% amid Russia&#39;s natural-gas squeeze, German central bank chief says<\/span><\/span><\/a><\/span><\/span><\/span><\/p>\r\n","texto_en":"","7":"","imagem":"COMP_banner-padrao-home-destaques-boletim_202208301310277qzrEkFZ3p.jpg","8":"COMP_banner-padrao-home-destaques-boletim_202208301310277qzrEkFZ3p.jpg","arquivo":"20220830-NOTICIAS-SEMANAIS.PDF","9":"20220830-NOTICIAS-SEMANAIS.PDF","titulo_arquivo":"","10":"","titulo_arquivo_en":"","11":"","created_at":"2022-08-30 13:10:36","12":"2022-08-30 13:10:36","updated_at":"2022-08-30 13:10:36","13":"2022-08-30 13:10:36"},{"id":31,"0":31,"ordem":192,"1":192,"data":"2022-08-23","2":"2022-08-23","slug":"boletim-de-noticias-semanais-28","3":"boletim-de-noticias-semanais-28","titulo":"Boletim de Not\u00edcias Semanais","4":"Boletim de Not\u00edcias Semanais","titulo_en":"","5":"","texto":"<p style=\"text-align:justify\"><span style=\"font-size:11pt\"><span style=\"line-height:normal\"><span style=\"font-family:&quot;Calibri&quot;,sans-serif\"><span style=\"font-size:14.0pt\">Esta &eacute; uma compila&ccedil;&atilde;o das not&iacute;cias mais relevantes para o setor, incluindo informa&ccedil;&otilde;es sobre acordos internacionais, economia brasileira, sustentabilidade e mat&eacute;rias primas, al&eacute;m de novidades do setor de N&atilde;otecidos e Tecidos T&eacute;cnicos.<\/span><\/span><\/span><\/span><\/p>\r\n\r\n<p class=\"MsoTitle\" style=\"text-align:justify\"><span style=\"font-size:28pt\"><span style=\"font-family:&quot;Cambria&quot;,serif\"><span style=\"letter-spacing:-0.5pt\"><b><span style=\"font-size:18.0pt\"><span style=\"font-family:&quot;Calibri&quot;,sans-serif\"><span style=\"font-variant:small-caps\">A&ccedil;&otilde;es da ABINT<\/span><\/span><\/span><\/b><\/span><\/span><\/span><\/p>\r\n\r\n<h3 style=\"text-align: justify;\">Curso ABINT Tecnologia dos N&atilde;otecidos<span style=\"font-size:11pt\"><span style=\"line-height:normal\"><span style=\"font-family:&quot;Calibri&quot;,sans-serif\"> <a href=\"https:\/\/www.abint.org.br\/informacao\/cursos-e-eventos\" style=\"color:blue; text-decoration:underline\"><b><span style=\"font-size:14.0pt\">INSCREVA-SE<\/span><\/b><\/a><span class=\"MsoHyperlink\" style=\"color:blue\"><span style=\"text-decoration:underline\"><span style=\"font-size:14.0pt\"><span style=\"text-decoration:none\"><span style=\"text-underline:none\"> <\/span><\/span><\/span><\/span><\/span><\/span><\/span><\/span>para as pr&oacute;ximas turmas!<\/h3>\r\n\r\n<p>&nbsp;<\/p>\r\n\r\n<p style=\"text-align:justify\"><img src=\"https:\/\/www.abint.org.br\/assets\/img\/editor\/fenasan-2022_20220824180845QV8ABxhwIl.png\" \/><\/p>\r\n\r\n<p>O CTG ABINT &eacute; apoiador do 33&ordm; Encontro T&eacute;cnico AESabesp \/ Fenasan 2022, eventos que ocorrer&atilde;o de 13 a 15 de setembro, no Pavilh&atilde;o Branco Expo Center Norte. <a href=\"https:\/\/fenasan.com.br\/\">Informa&ccedil;&otilde;es<\/a>.<\/p>\r\n\r\n<p style=\"text-align:justify\">&nbsp;<\/p>\r\n\r\n<p><img height=\"577\" src=\"https:\/\/www.abint.org.br\/assets\/img\/editor\/congresso-internacional-abit-2022_202208241810245HQ34avM0Z.png\" width=\"389\" \/><\/p>\r\n\r\n<p>&nbsp;\r\n<p style=\"text-align:justify\">A ABINT &eacute; uma das patrocinadoras do Congresso Internacional ABIT 2022, evento 100% presencial, que ocorrer&aacute; dias 03 e 04 de novembro, em Belo Horizonte, MG. <span class=\"MsoHyperlink\" style=\"color:blue\"><span style=\"text-decoration:underline\"><span style=\"font-size:14.0pt\"><span style=\"line-height:115%\"><span style=\"font-family:&quot;Calibri&quot;,sans-serif\"><span style=\"text-decoration:none\"><span style=\"text-underline:none\"><a href=\"https:\/\/www.congressoabit.com.br\/\" style=\"color:blue; text-decoration:underline\">Informa&ccedil;&otilde;es<\/a><\/span><\/span><\/span><\/span><\/span><\/span><\/span><\/p>\r\n<\/p>\r\n\r\n<p style=\"text-align:justify\"><span class=\"MsoHyperlink\" style=\"color:blue\"><span style=\"text-decoration:underline\"><span style=\"font-size:14.0pt\"><span style=\"line-height:115%\"><span style=\"font-family:&quot;Calibri&quot;,sans-serif\"><span style=\"text-decoration:none\"><span style=\"text-underline:none\"><img height=\"326\" src=\"https:\/\/www.abint.org.br\/assets\/img\/editor\/partnerkit-conahp-retangular-cth-abint_20220824181519l0mGM7OlcP.png\" width=\"576\" \/><\/span><\/span><\/span><\/span><\/span><\/span><\/span><\/p>\r\n\r\n<p style=\"text-align:justify\">O CTH ABINT &eacute; patrocinador do CONAHP 2022 - Congresso Nacional de Hospitais Privados, evento que ocorrer&aacute; presencialmente nos dias 10 e 11 de novembro, Transam&eacute;rica Expo Center, S&atilde;o Paulo, SP.<span class=\"MsoHyperlink\" style=\"color:blue\"><span style=\"text-decoration:underline\"><span style=\"font-size:14.0pt\"><span style=\"line-height:115%\"><span style=\"font-family:&quot;Calibri&quot;,sans-serif\"><span style=\"text-decoration:none\"><span style=\"text-underline:none\"> <\/span><\/span><\/span><\/span><\/span><\/span><\/span><span style=\"font-size:11.0pt\"><span style=\"line-height:115%\"><span style=\"font-family:&quot;Calibri&quot;,sans-serif\"><a href=\"https:\/\/conahp.org.br\/2022\/\" style=\"color:blue; text-decoration:underline\"><span style=\"font-size:14.0pt\"><span style=\"line-height:115%\">Informa&ccedil;&otilde;es <\/span><\/span><\/a><\/span><\/span><\/span><\/p>\r\n\r\n<p style=\"text-align:justify\">&nbsp;<\/p>\r\n\r\n<p style=\"text-align:justify\"><span style=\"font-size:11pt\"><span style=\"line-height:normal\"><span style=\"font-family:&quot;Calibri&quot;,sans-serif\"><b><span style=\"font-size:18.0pt\"><span style=\"font-variant:small-caps\">Eventos<\/span><\/span><\/b><\/span><\/span><\/span><\/p>\r\n\r\n<p style=\"text-align:justify\"><span style=\"font-size:11pt\"><span style=\"line-height:normal\"><span style=\"font-family:&quot;Calibri&quot;,sans-serif\"><span class=\"MsoHyperlink\" style=\"color:blue\"><span style=\"text-decoration:underline\"><b><span style=\"font-size:14.0pt\"><span style=\"text-decoration:none\"><span style=\"text-underline:none\">6&ordm; F&oacute;rum de Manufatura<\/span><\/span><\/span><\/b><\/span><\/span><span class=\"MsoHyperlink\" style=\"color:blue\"><span style=\"text-decoration:underline\"><span style=\"font-size:14.0pt\"><span style=\"text-decoration:none\"><span style=\"text-underline:none\">, 22 e 23 de agosto de 2022, Hotel Pullman Ibirapuera, S&atilde;o Paulo. <\/span><\/span><\/span><\/span><\/span><a href=\"https:\/\/novo.forumdemanufatura.com.br\/\" style=\"color:blue; text-decoration:underline\"><span style=\"font-size:14.0pt\">Informa&ccedil;&otilde;es<\/span><\/a><\/span><\/span><\/span><\/p>\r\n\r\n<p style=\"text-align:justify\"><span style=\"font-size:11pt\"><span style=\"line-height:normal\"><span style=\"font-family:&quot;Calibri&quot;,sans-serif\"><span class=\"MsoHyperlink\" style=\"color:blue\"><span style=\"text-decoration:underline\"><b><span style=\"font-size:14.0pt\"><span style=\"text-decoration:none\"><span style=\"text-underline:none\">Jornada de Enfermagem em Central de Material e Esteriliza&ccedil;&atilde;o<\/span><\/span><\/span><\/b><\/span><\/span><span class=\"MsoHyperlink\" style=\"color:blue\"><span style=\"text-decoration:underline\"><span style=\"font-size:14.0pt\"><span style=\"text-decoration:none\"><span style=\"text-underline:none\">, 23 de agosto, Expominas, Belo Horizonte. <\/span><\/span><\/span><\/span><\/span><a href=\"https:\/\/nascecme.com.br\/jornada-de-enfermagem-em-central-de-material-e-esterilizacao\/\" style=\"color:blue; text-decoration:underline\"><span style=\"font-size:14.0pt\">Informa&ccedil;&otilde;es<\/span><\/a><\/span><\/span><\/span><\/p>\r\n\r\n<p style=\"text-align:justify\"><span style=\"font-size:11pt\"><span style=\"line-height:normal\"><span style=\"font-family:&quot;Calibri&quot;,sans-serif\"><span class=\"MsoHyperlink\" style=\"color:blue\"><span style=\"text-decoration:underline\"><b><span style=\"font-size:14.0pt\"><span style=\"text-decoration:none\"><span style=\"text-underline:none\">COBRAMSEG 2022<\/span><\/span><\/span><\/b><\/span><\/span><span class=\"MsoHyperlink\" style=\"color:blue\"><span style=\"text-decoration:underline\"><span style=\"font-size:14.0pt\"><span style=\"text-decoration:none\"><span style=\"text-underline:none\">, 23 a 26 de agosto, Expo D. Pedro, Campinas, SP. <\/span><\/span><\/span><\/span><\/span><a href=\"https:\/\/cobramseg2022.com.br\/\" style=\"color:blue; text-decoration:underline\"><span style=\"font-size:14.0pt\">Informa&ccedil;&otilde;es<\/span><\/a><\/span><\/span><\/span><\/p>\r\n\r\n<p style=\"text-align:justify\"><span style=\"font-size:11pt\"><span style=\"line-height:normal\"><span style=\"font-family:&quot;Calibri&quot;,sans-serif\"><span class=\"MsoHyperlink\" style=\"color:blue\"><span style=\"text-decoration:underline\"><b><span style=\"font-size:14.0pt\"><span style=\"text-decoration:none\"><span style=\"text-underline:none\">Curso Almaco &ldquo;Comp&oacute;sitos Avan&ccedil;ados&rdquo;<\/span><\/span><\/span><\/b><\/span><\/span><span class=\"MsoHyperlink\" style=\"color:blue\"><span style=\"text-decoration:underline\"><span style=\"font-size:14.0pt\"><span style=\"text-decoration:none\"><span style=\"text-underline:none\">, 24 e 25 de agosto. <\/span><\/span><\/span><\/span><\/span><a href=\"https:\/\/emailmarketing.locaweb.com.br\/accounts\/116830\/messages\/323\/clicks\/110\/1204?envelope_id=230\" style=\"color:blue; text-decoration:underline\"><span style=\"font-size:14.0pt\">Informa&ccedil;&otilde;es <\/span><\/a><\/span><\/span><\/span><\/p>\r\n\r\n<p style=\"text-align:justify\"><span style=\"font-size:11pt\"><span style=\"line-height:normal\"><span style=\"font-family:&quot;Calibri&quot;,sans-serif\"><span class=\"MsoHyperlink\" style=\"color:blue\"><span style=\"text-decoration:underline\"><b><span style=\"font-size:14.0pt\"><span style=\"text-decoration:none\"><span style=\"text-underline:none\">8&ordm; F&oacute;rum de Infraestrutura Grandes Constru&ccedil;&otilde;es<\/span><\/span><\/span><\/b><\/span><\/span><span class=\"MsoHyperlink\" style=\"color:blue\"><span style=\"text-decoration:underline\"><span style=\"font-size:14.0pt\"><span style=\"text-decoration:none\"><span style=\"text-underline:none\">, 25 de agosto, evento online e gratuito. <\/span><\/span><\/span><\/span><\/span><a href=\"http:\/\/emkt.sobratemanews.org.br\/emkt\/tracer\/?2,7249884,260ba16a,ecc9,1\" style=\"color:blue; text-decoration:underline\"><span style=\"font-size:14.0pt\">Informa&ccedil;&otilde;es<\/span><\/a><\/span><\/span><\/span><\/p>\r\n\r\n<p style=\"text-align:justify\"><span style=\"font-size:11pt\"><span style=\"line-height:normal\"><span style=\"font-family:&quot;Calibri&quot;,sans-serif\"><span class=\"MsoHyperlink\" style=\"color:blue\"><span style=\"text-decoration:underline\"><b><span style=\"font-size:14.0pt\"><span style=\"text-decoration:none\"><span style=\"text-underline:none\">FICONS &ndash; XII Feira Internacional de Materiais, Equipamentos e Servi&ccedil;os da Constru&ccedil;&atilde;o<\/span><\/span><\/span><\/b><\/span><\/span><span class=\"MsoHyperlink\" style=\"color:blue\"><span style=\"text-decoration:underline\"><span style=\"font-size:14.0pt\"><span style=\"text-decoration:none\"><span style=\"text-underline:none\">, 26 de agosto, no Centro de Conven&ccedil;&otilde;es de Pernambuco. <\/span><\/span><\/span><\/span><\/span><a href=\"https:\/\/www.ficons.com.br\/2022\/index\" style=\"color:blue; text-decoration:underline\"><span style=\"font-size:14.0pt\">Informa&ccedil;&otilde;es <\/span><\/a><\/span><\/span><\/span><\/p>\r\n\r\n<p style=\"text-align:justify\"><span style=\"font-size:11pt\"><span style=\"line-height:normal\"><span style=\"font-family:&quot;Calibri&quot;,sans-serif\"><span class=\"MsoHyperlink\" style=\"color:blue\"><span style=\"text-decoration:underline\"><b><span style=\"font-size:14.0pt\"><span style=\"text-decoration:none\"><span style=\"text-underline:none\">Semin&aacute;rio Sindit&ecirc;xtil-SP &ldquo;Efici&ecirc;ncia e Transi&ccedil;&atilde;o Energ&eacute;tica&rdquo;<\/span><\/span><\/span><\/b><\/span><\/span><span class=\"MsoHyperlink\" style=\"color:blue\"><span style=\"text-decoration:underline\"><span style=\"font-size:14.0pt\"><span style=\"text-decoration:none\"><span style=\"text-underline:none\">, 28 de agosto, Rua Marqu&ecirc;s de Itu, 968, S&atilde;o Paulo. <\/span><\/span><\/span><\/span><\/span><a href=\"https:\/\/s3.sa-east-1.amazonaws.com\/sindi-files.sinditextilsp.org.br\/site\/sindi_90anos\/Seminario_eficiencia_energetica\/Programa%C3%A7%C3%A3o+Semin%C3%A1rio+Efici%C3%AAncia+e+Transi%C3%A7%C3%A3o+Energ%C3%A9tica.pdf?utm_campaign=convite_seminario_energia&amp;utm_medium=email&amp;utm_source=RD+Station\" style=\"color:blue; text-decoration:underline\"><span style=\"font-size:14.0pt\">Programa&ccedil;&atilde;o<\/span><\/a><span class=\"MsoHyperlink\" style=\"color:blue\"><span style=\"text-decoration:underline\"><span style=\"font-size:14.0pt\"><span style=\"text-decoration:none\"><span style=\"text-underline:none\">. <\/span><\/span><\/span><\/span><\/span><a href=\"https:\/\/eventos.abit.org.br\/Subs.aspx?key=e76786ff-e0ac-447b-81b1-a7dd2c2c3217&amp;utm_campaign=convite_seminario_energia&amp;utm_medium=email&amp;utm_source=RD+Station\" style=\"color:blue; text-decoration:underline\"><span style=\"font-size:14.0pt\">Inscri&ccedil;&otilde;es<\/span><\/a><span class=\"MsoHyperlink\" style=\"color:blue\"><span style=\"text-decoration:underline\"><span style=\"font-size:14.0pt\"><span style=\"text-decoration:none\"><span style=\"text-underline:none\">.<\/span><\/span><\/span><\/span><\/span><\/span><\/span><\/span><\/p>\r\n\r\n<p style=\"text-align:justify\"><span style=\"font-size:11pt\"><span style=\"line-height:normal\"><span style=\"font-family:&quot;Calibri&quot;,sans-serif\"><span class=\"MsoHyperlink\" style=\"color:blue\"><span style=\"text-decoration:underline\"><b><span style=\"font-size:14.0pt\"><span style=\"text-decoration:none\"><span style=\"text-underline:none\">13&ordm; Simp&oacute;sio Internacional de Esteriliza&ccedil;&atilde;o SOBECC<\/span><\/span><\/span><\/b><\/span><\/span><span class=\"MsoHyperlink\" style=\"color:blue\"><span style=\"text-decoration:underline\"><span style=\"font-size:14.0pt\"><span style=\"text-decoration:none\"><span style=\"text-underline:none\">, de 30 de agosto a 02 de setembro, Centro de Conven&ccedil;&otilde;es Anhembi, S&atilde;o Paulo, SP. <\/span><\/span><\/span><\/span><\/span><a href=\"https:\/\/www.congresso-simposio-sobecc.com.br\/sobecc2022\" style=\"color:blue; text-decoration:underline\"><span style=\"font-size:14.0pt\">Informa&ccedil;&otilde;es <\/span><\/a><\/span><\/span><\/span><\/p>\r\n\r\n<p style=\"text-align:justify\"><span style=\"font-size:11pt\"><span style=\"line-height:normal\"><span style=\"font-family:&quot;Calibri&quot;,sans-serif\"><span class=\"MsoHyperlink\" style=\"color:blue\"><span style=\"text-decoration:underline\"><b><span style=\"font-size:14.0pt\"><span style=\"text-decoration:none\"><span style=\"text-underline:none\">Workshop Abit &ldquo;Etiquetagem de Produtos T&ecirc;xteis e Confeccionados&rdquo;<\/span><\/span><\/span><\/b><\/span><\/span><span class=\"MsoHyperlink\" style=\"color:blue\"><span style=\"text-decoration:underline\"><span style=\"font-size:14.0pt\"><span style=\"text-decoration:none\"><span style=\"text-underline:none\">, 31 de agosto. <\/span><\/span><\/span><\/span><\/span><a href=\"https:\/\/eventos.abit.org.br\/Subs.aspx?key=5b52d0cb-703f-4d74-b5c0-db29a5836eff\" style=\"color:blue; text-decoration:underline\"><span style=\"font-size:14.0pt\">Informa&ccedil;&otilde;es <\/span><\/a><\/span><\/span><\/span><\/p>\r\n\r\n<p style=\"text-align:justify\"><span style=\"font-size:11pt\"><span style=\"line-height:normal\"><span style=\"font-family:&quot;Calibri&quot;,sans-serif\"><span class=\"MsoHyperlink\" style=\"color:blue\"><span style=\"text-decoration:underline\"><b><span style=\"font-size:14.0pt\"><span style=\"text-decoration:none\"><span style=\"text-underline:none\">Workshop de Minera&ccedil;&atilde;o promovido pela CSCM da ABIMAQ<\/span><\/span><\/span><\/b><\/span><\/span><span class=\"MsoHyperlink\" style=\"color:blue\"><span style=\"text-decoration:underline\"><span style=\"font-size:14.0pt\"><span style=\"text-decoration:none\"><span style=\"text-underline:none\">, 31 de agosto, Audit&oacute;rio A da M&amp;T Expo. <\/span><\/span><\/span><\/span><\/span><a href=\"https:\/\/www.mtexpo.com.br\/pt\/visitantes\/programacao\/workshop-de-mineracao\" style=\"color:blue; text-decoration:underline\"><span style=\"font-size:14.0pt\">Informa&ccedil;&otilde;es <\/span><\/a><\/span><\/span><\/span><\/p>\r\n\r\n<p style=\"text-align:justify\"><span style=\"font-size:11pt\"><span style=\"line-height:normal\"><span style=\"font-family:&quot;Calibri&quot;,sans-serif\"><span class=\"MsoHyperlink\" style=\"color:blue\"><span style=\"text-decoration:underline\"><b><span style=\"font-size:14.0pt\"><span style=\"text-decoration:none\"><span style=\"text-underline:none\">23&ordm; Semin&aacute;rio Tecnologia de Estruturas e Funda&ccedil;&otilde;es<\/span><\/span><\/span><\/b><\/span><\/span><span class=\"MsoHyperlink\" style=\"color:blue\"><span style=\"text-decoration:underline\"><span style=\"font-size:14.0pt\"><span style=\"text-decoration:none\"><span style=\"text-underline:none\">, 31 de agosto, m&oacute;dulo <\/span><\/span><\/span><\/span><\/span><a href=\"https:\/\/sindusconsp.com.br\/eventos\/23o-seminario-tecnologia-de-estruturas-e-fundacoes\/\" style=\"color:blue; text-decoration:underline\"><span style=\"font-size:14.0pt\">presencial<\/span><\/a><span class=\"MsoHyperlink\" style=\"color:blue\"><span style=\"text-decoration:underline\"><span style=\"font-size:14.0pt\"><span style=\"text-decoration:none\"><span style=\"text-underline:none\"> 13h30 &agrave;s 18h30, m&oacute;dulo <\/span><\/span><\/span><\/span><\/span><a href=\"https:\/\/sindusconsp.com.br\/eventos\/23o-seminario-tecnologia-de-estruturas-e-fundacoes-763\/\" style=\"color:blue; text-decoration:underline\"><span style=\"font-size:14.0pt\">online<\/span><\/a><span class=\"MsoHyperlink\" style=\"color:blue\"><span style=\"text-decoration:underline\"><span style=\"font-size:14.0pt\"><span style=\"text-decoration:none\"><span style=\"text-underline:none\"> 14h &agrave;s 18h30.<\/span><\/span><\/span><\/span><\/span><\/span><\/span><\/span><\/p>\r\n\r\n<p style=\"text-align:justify\"><span style=\"font-size:11pt\"><span style=\"line-height:normal\"><span style=\"font-family:&quot;Calibri&quot;,sans-serif\"><span class=\"MsoHyperlink\" style=\"color:blue\"><span style=\"text-decoration:underline\"><b><span style=\"font-size:14.0pt\"><span style=\"text-decoration:none\"><span style=\"text-underline:none\">FIESP Semin&aacute;rio: Transa&ccedil;&atilde;o Tribut&aacute;ria e os Procedimentos Aplic&aacute;veis<\/span><\/span><\/span><\/b><\/span><\/span><span class=\"MsoHyperlink\" style=\"color:blue\"><span style=\"text-decoration:underline\"><span style=\"font-size:14.0pt\"><span style=\"text-decoration:none\"><span style=\"text-underline:none\">, 02 de setembro, Av. Paulista, 1313, Espa&ccedil;o Nobre, S&atilde;o Paulo, ou via <\/span><\/span><\/span><\/span><\/span><a href=\"https:\/\/www.youtube.com\/watch?v=xhWM3RBxLqI\" style=\"color:blue; text-decoration:underline\"><span style=\"font-size:14.0pt\">YouTube<\/span><\/a><span class=\"MsoHyperlink\" style=\"color:blue\"><span style=\"text-decoration:underline\"><span style=\"font-size:14.0pt\"><span style=\"text-decoration:none\"><span style=\"text-underline:none\">.<\/span><\/span><\/span><\/span><\/span><\/span><\/span><\/span><\/p>\r\n\r\n<p style=\"text-align:justify\"><span style=\"font-size:11pt\"><span style=\"line-height:normal\"><span style=\"font-family:&quot;Calibri&quot;,sans-serif\"><span class=\"MsoHyperlink\" style=\"color:blue\"><span style=\"text-decoration:underline\"><b><span style=\"font-size:14.0pt\"><span style=\"text-decoration:none\"><span style=\"text-underline:none\">III Semin&aacute;rio de An&aacute;lise Conjuntural<\/span><\/span><\/span><\/b><\/span><\/span><span class=\"MsoHyperlink\" style=\"color:blue\"><span style=\"text-decoration:underline\"><span style=\"font-size:14.0pt\"><span style=\"text-decoration:none\"><span style=\"text-underline:none\">, 08 de setembro, com transmiss&atilde;o via YouTube. <\/span><\/span><\/span><\/span><\/span><a href=\"https:\/\/evento.fgv.br\/analiseconjuntural_0809\/\" style=\"color:blue; text-decoration:underline\"><span style=\"font-size:14.0pt\">Informa&ccedil;&otilde;es<\/span><\/a><span class=\"MsoHyperlink\" style=\"color:blue\"><span style=\"text-decoration:underline\"><span style=\"font-size:14.0pt\"><span style=\"text-decoration:none\"><span style=\"text-underline:none\">.<\/span><\/span><\/span><\/span><\/span><\/span><\/span><\/span><\/p>\r\n\r\n<p style=\"text-align:justify\"><span style=\"font-size:11pt\"><span style=\"line-height:normal\"><span style=\"font-family:&quot;Calibri&quot;,sans-serif\"><span class=\"MsoHyperlink\" style=\"color:blue\"><span style=\"text-decoration:underline\"><b><span style=\"font-size:14.0pt\"><span style=\"text-decoration:none\"><span style=\"text-underline:none\">12&ordm; Semin&aacute;rio Competitividade: Aprendendo a abrir caminhos - Os atalhos para o pl&aacute;stico se recriar e continuar a criar<\/span><\/span><\/span><\/b><\/span><\/span><span class=\"MsoHyperlink\" style=\"color:blue\"><span style=\"text-decoration:underline\"><span style=\"font-size:14.0pt\"><span style=\"text-decoration:none\"><span style=\"text-underline:none\">, 13 de setembro, 100% presencial, Hotel Meli&aacute;, Av. Paulista, 2181, S&atilde;o Paulo. <\/span><\/span><\/span><\/span><\/span><a href=\"https:\/\/plasticosemrevista.com.br\/competitividade-2022\" style=\"color:blue; text-decoration:underline\"><span style=\"font-size:14.0pt\">Programa&ccedil;&atilde;o<\/span><\/a><span class=\"MsoHyperlink\" style=\"color:blue\"><span style=\"text-decoration:underline\"><span style=\"font-size:14.0pt\"><span style=\"text-decoration:none\"><span style=\"text-underline:none\">. <\/span><\/span><\/span><\/span><\/span><a href=\"https:\/\/plasticosemrevista.com.br\/competitividade-2022-inscricao\" style=\"color:blue; text-decoration:underline\"><span style=\"font-size:14.0pt\">Inscri&ccedil;&otilde;es<\/span><\/a><span class=\"MsoHyperlink\" style=\"color:blue\"><span style=\"text-decoration:underline\"><span style=\"font-size:14.0pt\"><span style=\"text-decoration:none\"><span style=\"text-underline:none\">.<\/span><\/span><\/span><\/span><\/span><\/span><\/span><\/span><\/p>\r\n\r\n<p style=\"text-align:justify\"><span style=\"font-size:11pt\"><span style=\"line-height:normal\"><span style=\"font-family:&quot;Calibri&quot;,sans-serif\"><span class=\"MsoHyperlink\" style=\"color:blue\"><span style=\"text-decoration:underline\"><b><span style=\"font-size:14.0pt\"><span style=\"text-decoration:none\"><span style=\"text-underline:none\">Feira HospitalMed, <\/span><\/span><\/span><\/b><\/span><\/span><span class=\"MsoHyperlink\" style=\"color:blue\"><span style=\"text-decoration:underline\"><span style=\"font-size:14.0pt\"><span style=\"text-decoration:none\"><span style=\"text-underline:none\">19 a 21 de outubro, Centro de Conven&ccedil;&otilde;es de Pernambuco. <\/span><\/span><\/span><\/span><\/span><a href=\"https:\/\/hospitalmed.com.br\/feira\/\" style=\"color:blue; text-decoration:underline\"><span style=\"font-size:14.0pt\">Informa&ccedil;&otilde;es <\/span><\/a><\/span><\/span><\/span><\/p>\r\n\r\n<p style=\"text-align:justify\"><span style=\"font-size:11pt\"><span style=\"line-height:normal\"><span style=\"font-family:&quot;Calibri&quot;,sans-serif\"><span class=\"MsoHyperlink\" style=\"color:blue\"><span style=\"text-decoration:underline\"><b><span style=\"font-size:14.0pt\"><span style=\"text-decoration:none\"><span style=\"text-underline:none\">THE Congress &ndash; NATURALfiberEXTRACTION<\/span><\/span><\/span><\/b><\/span><\/span><span class=\"MsoHyperlink\" style=\"color:blue\"><span style=\"text-decoration:underline\"><span style=\"font-size:14.0pt\"><span style=\"text-decoration:none\"><span style=\"text-underline:none\">, 26 de outubro de 2022, Stuttgart. <\/span><\/span><\/span><\/span><\/span><a href=\"https:\/\/www.afbw.eu\/aktuelles\/veranstaltungen\/details\/the-congress-naturalfiberpulping\/\" style=\"color:blue; text-decoration:underline\"><span style=\"font-size:14.0pt\">Informa&ccedil;&otilde;es<\/span><\/a><span class=\"MsoHyperlink\" style=\"color:blue\"><span style=\"text-decoration:underline\"><span style=\"font-size:14.0pt\"><span style=\"text-decoration:none\"><span style=\"text-underline:none\">.<\/span><\/span><\/span><\/span><\/span><\/span><\/span><\/span><\/p>\r\n\r\n<p style=\"text-align:justify\"><span style=\"font-size:11pt\"><span style=\"line-height:normal\"><span style=\"font-family:&quot;Calibri&quot;,sans-serif\"><span class=\"MsoHyperlink\" style=\"color:blue\"><span style=\"text-decoration:underline\"><b><span style=\"font-size:14.0pt\"><span style=\"text-decoration:none\"><span style=\"text-underline:none\">Innovate: Zero Carbon, Textiles&#39; journey to zero carbon<\/span><\/span><\/span><\/b><\/span><\/span><\/span><\/span><\/span><\/p>\r\n\r\n<p style=\"text-align:justify\"><span style=\"font-size:11pt\"><span style=\"line-height:normal\"><span style=\"font-family:&quot;Calibri&quot;,sans-serif\"><span class=\"MsoHyperlink\" style=\"color:blue\"><span style=\"text-decoration:underline\"><span style=\"font-size:14.0pt\"><span style=\"text-decoration:none\"><span style=\"text-underline:none\">When: 1-3 Nov 2022<\/span><\/span><\/span><\/span><\/span><\/span><\/span><\/span><\/p>\r\n\r\n<p style=\"text-align:justify\"><span style=\"font-size:11pt\"><span style=\"line-height:normal\"><span style=\"font-family:&quot;Calibri&quot;,sans-serif\"><span class=\"MsoHyperlink\" style=\"color:blue\"><span style=\"text-decoration:underline\"><span style=\"font-size:14.0pt\"><span style=\"text-decoration:none\"><span style=\"text-underline:none\">What time: 13:00&ndash;17:00 UTC \/ 9:00&ndash;13:00 EDT<\/span><\/span><\/span><\/span><\/span><\/span><\/span><\/span><\/p>\r\n\r\n<p style=\"text-align:justify\"><span style=\"font-size:11pt\"><span style=\"line-height:normal\"><span style=\"font-family:&quot;Calibri&quot;,sans-serif\"><span class=\"MsoHyperlink\" style=\"color:blue\"><span style=\"text-decoration:underline\"><span style=\"font-size:14.0pt\"><span style=\"text-decoration:none\"><span style=\"text-underline:none\">Where: Virtual, <\/span><\/span><\/span><\/span><\/span><a href=\"https:\/\/events.wtin.com\/event\/f5bac4f2-d902-41ba-9153-a4d80622877c\/summary\" style=\"color:blue; text-decoration:underline\"><span style=\"font-size:14.0pt\">events.wtin.com\/innovate<\/span><\/a><\/span><\/span><\/span><\/p>\r\n\r\n<p class=\"MsoTitle\" style=\"text-align:justify\"><span style=\"font-size:28pt\"><span style=\"font-family:&quot;Cambria&quot;,serif\"><span style=\"letter-spacing:-0.5pt\"><b><span style=\"font-size:18.0pt\"><span style=\"font-family:&quot;Calibri&quot;,sans-serif\"><span style=\"font-variant:small-caps\">Setor<\/span><\/span><\/span><\/b><\/span><\/span><\/span><\/p>\r\n\r\n<p style=\"text-align:justify\"><span style=\"font-size:11pt\"><span style=\"line-height:normal\"><span style=\"font-family:&quot;Calibri&quot;,sans-serif\"><a href=\"https:\/\/liberal.com.br\/cidades\/americana\/governo-prorroga-suspensao-de-icms-para-o-setor-textil-1817728\/\" style=\"color:blue; text-decoration:underline\"><span style=\"font-size:14.0pt\">Governo prorroga suspens&atilde;o de ICMS para o setor t&ecirc;xtil<\/span><\/a><\/span><\/span><\/span><\/p>\r\n\r\n<p style=\"text-align:justify\"><span style=\"font-size:11pt\"><span style=\"line-height:normal\"><span style=\"font-family:&quot;Calibri&quot;,sans-serif\"><a href=\"https:\/\/tissueonline.com.br\/fraldas-e-produtos-de-higiene-feminina-passam-a-ser-isentos-de-tributos-no-colorado\/?utm_campaign=newsletter_19082022_novo_modelo&amp;utm_medium=email&amp;utm_source=RD+Station\" style=\"color:blue; text-decoration:underline\"><span style=\"font-size:14.0pt\">Fraldas e produtos de higiene feminina passam a ser isentos de tributos no Colorado<\/span><\/a><\/span><\/span><\/span><\/p>\r\n\r\n<p style=\"text-align:justify\"><span style=\"font-size:11pt\"><span style=\"line-height:normal\"><span style=\"font-family:&quot;Calibri&quot;,sans-serif\"><a href=\"https:\/\/ciclovivo.com.br\/inovacao\/inspiracao\/cobertores-fabricados-com-uniformes-antigos-sao-entregues-para-doacao\/\" style=\"color:blue; text-decoration:underline\"><span style=\"font-size:14.0pt\">Cobertores fabricados com uniformes antigos s&atilde;o entregues para doa&ccedil;&atilde;o<\/span><\/a><\/span><\/span><\/span><\/p>\r\n\r\n<p style=\"text-align:justify\"><span style=\"font-size:11pt\"><span style=\"line-height:normal\"><span style=\"font-family:&quot;Calibri&quot;,sans-serif\"><a href=\"https:\/\/www.plastico.com.br\/geossinteticos-exportacao-tambem-interessa\/\" style=\"color:blue; text-decoration:underline\"><span style=\"font-size:14.0pt\">Geossint&eacute;ticos: Exporta&ccedil;&atilde;o tamb&eacute;m interessa<\/span><\/a><\/span><\/span><\/span><\/p>\r\n\r\n<p style=\"text-align:justify\"><span style=\"font-size:11pt\"><span style=\"line-height:normal\"><span style=\"font-family:&quot;Calibri&quot;,sans-serif\"><a href=\"https:\/\/tissueonline.com.br\/andritz-e-a-grande-vencedora-do-premio-destaques-do-setor-da-abtcp-2022\/?utm_campaign=newsletter_19082022_novo_modelo&amp;utm_medium=email&amp;utm_source=RD+Station\" style=\"color:blue; text-decoration:underline\"><span style=\"font-size:14.0pt\">ANDRITZ &eacute; a grande vencedora do Pr&ecirc;mio Destaques do Setor da ABTCP 2022<\/span><\/a><\/span><\/span><\/span><\/p>\r\n\r\n<p style=\"text-align:justify\"><span style=\"font-size:11pt\"><span style=\"line-height:normal\"><span style=\"font-family:&quot;Calibri&quot;,sans-serif\"><a href=\"https:\/\/www.fibre2fashion.com\/news\/textile-news\/china-s-imports-of-raw-materials-ease-in-june-after-steep-rise-in-may-282452-newsdetails.htm?utm_source=sendinblue&amp;utm_campaign=F2F%20General%20Newsletter%20August%202022&amp;utm_medium=email\" style=\"color:blue; text-decoration:underline\"><span style=\"font-size:14.0pt\">Textiles: China&#39;s imports of raw materials ease in June after steep rise in May<\/span><\/a><\/span><\/span><\/span><\/p>\r\n\r\n<p style=\"text-align:justify\"><span style=\"font-size:11pt\"><span style=\"line-height:normal\"><span style=\"font-family:&quot;Calibri&quot;,sans-serif\"><a href=\"https:\/\/plasticosemrevista.com.br\/braskem-primeiro-semestre-desafiador\/\" style=\"color:blue; text-decoration:underline\"><span style=\"font-size:14.0pt\">Braskem: primeiro semestre desafiador<\/span><\/a><\/span><\/span><\/span><\/p>\r\n\r\n<p style=\"text-align:justify\"><span style=\"font-size:11pt\"><span style=\"line-height:normal\"><span style=\"font-family:&quot;Calibri&quot;,sans-serif\"><a href=\"https:\/\/www.textiletechnology.net\/fibers\/news\/k-2022-focus-on-climate-protection-circular-economy-and-digitalization-32698?utm_source=%2Fmeta%2Fnewsletter%2Fnewsletter&amp;utm_medium=newsletter&amp;utm_campaign=nl942&amp;utm_term=0801b20e08c3242125d512808cd74302\" style=\"color:blue; text-decoration:underline\"><span style=\"font-size:14.0pt\">K 2022: Climate protection, circular economy and digitalization<\/span><\/a><\/span><\/span><\/span><\/p>\r\n\r\n<p style=\"text-align:justify\"><span style=\"font-size:11pt\"><span style=\"line-height:normal\"><span style=\"font-family:&quot;Calibri&quot;,sans-serif\"><a href=\"https:\/\/www.textiletechnology.net\/fibers\/news\/dnfi-stable-world-natural-fiber-production-in-2022-32691?utm_source=%2Fmeta%2Fnewsletter%2Fnewsletter&amp;utm_medium=newsletter&amp;utm_campaign=nl942&amp;utm_term=0801b20e08c3242125d512808cd74302\" style=\"color:blue; text-decoration:underline\"><span style=\"font-size:14.0pt\">Stable world natural fiber production in 2022<\/span><\/a><\/span><\/span><\/span><\/p>\r\n\r\n<p class=\"MsoTitle\" style=\"text-align:justify\"><span style=\"font-size:28pt\"><span style=\"font-family:&quot;Cambria&quot;,serif\"><span style=\"letter-spacing:-0.5pt\"><b><span style=\"font-size:18.0pt\"><span style=\"font-family:&quot;Calibri&quot;,sans-serif\"><span style=\"font-variant:small-caps\">Ind&uacute;stria<\/span><\/span><\/span><\/b><\/span><\/span><\/span><\/p>\r\n\r\n<p style=\"text-align:justify\"><span style=\"font-size:11pt\"><span style=\"line-height:normal\"><span style=\"font-family:&quot;Calibri&quot;,sans-serif\"><a href=\"https:\/\/noticias.portaldaindustria.com.br\/noticias\/economia\/cni-registra-confianca-disseminada-em-26-dos-29-setores-da-industria-em-agosto\/\" style=\"color:blue; text-decoration:underline\"><span style=\"font-size:14.0pt\">CNI registra confian&ccedil;a disseminada em 26 dos 29 setores da ind&uacute;stria em agosto<\/span><\/a><\/span><\/span><\/span><\/p>\r\n\r\n<p style=\"text-align:justify\"><span style=\"font-size:11pt\"><span style=\"line-height:normal\"><span style=\"font-family:&quot;Calibri&quot;,sans-serif\"><a href=\"https:\/\/www.autoindustria.com.br\/2022\/08\/16\/venda-de-veiculos-leves-se-mantem-estavel-em-agosto\/\" style=\"color:blue; text-decoration:underline\"><span style=\"font-size:14.0pt\">Venda de ve&iacute;culos leves se mant&eacute;m est&aacute;vel em agosto<\/span><\/a><\/span><\/span><\/span><\/p>\r\n\r\n<p style=\"text-align:justify\"><span style=\"font-size:11pt\"><span style=\"line-height:normal\"><span style=\"font-family:&quot;Calibri&quot;,sans-serif\"><a href=\"https:\/\/noticias.portaldaindustria.com.br\/noticias\/economia\/construcao-civil-atividade-e-emprego-crescem-em-ritmo-elevado\/\" style=\"color:blue; text-decoration:underline\"><span style=\"font-size:14.0pt\">Constru&ccedil;&atilde;o Civil: atividade e emprego crescem em ritmo elevado<\/span><\/a><\/span><\/span><\/span><\/p>\r\n\r\n<p style=\"text-align:justify\"><span style=\"font-size:11pt\"><span style=\"line-height:normal\"><span style=\"font-family:&quot;Calibri&quot;,sans-serif\"><a href=\"https:\/\/portalibre.fgv.br\/noticias\/construcao-teste-de-forca\" style=\"color:blue; text-decoration:underline\"><span style=\"font-size:14.0pt\">Constru&ccedil;&atilde;o: teste de for&ccedil;a<\/span><\/a><\/span><\/span><\/span><\/p>\r\n\r\n<p style=\"text-align:justify\"><span style=\"font-size:11pt\"><span style=\"line-height:normal\"><span style=\"font-family:&quot;Calibri&quot;,sans-serif\"><a href=\"https:\/\/www.abicalcados.com.br\/noticia\/industrias-de-calcados-gerou-mais-de-27-mil-postos-no-semestre\" style=\"color:blue; text-decoration:underline\"><span style=\"font-size:14.0pt\">Ind&uacute;strias de cal&ccedil;ados gerou mais de 27 mil postos no semestre<\/span><\/a><\/span><\/span><\/span><\/p>\r\n\r\n<p style=\"text-align:justify\"><span style=\"font-size:11pt\"><span style=\"line-height:normal\"><span style=\"font-family:&quot;Calibri&quot;,sans-serif\"><a href=\"https:\/\/www.fibre2fashion.com\/industry-article\/9449\/the-logistics-crisis-causes-and-the-way-out\" style=\"color:blue; text-decoration:underline\"><span style=\"font-size:14.0pt\">The Logistics Crisis: Causes and the Way Out<\/span><\/a><\/span><\/span><\/span><\/p>\r\n\r\n<p style=\"text-align:justify\"><span style=\"font-size:11pt\"><span style=\"line-height:normal\"><span style=\"font-family:&quot;Calibri&quot;,sans-serif\"><a href=\"http:\/\/abimovel.com\/brazilian-furniture-missao-comercial-peru-e-regiao-movimenta-mais-de-us357-milhoes-em-negocios\/?utm_campaign=brazilian_furniture_missao_comercial_peru_e_regiao_movimenta_mais_de_us_357_milhoes_em_negocios&amp;utm_medium=email&amp;utm_source=RD+Station\" style=\"color:blue; text-decoration:underline\"><span style=\"font-size:14.0pt\">Brazilian Furniture: Miss&atilde;o Comercial Peru e regi&atilde;o movimenta mais de US$ 35,7 milh&otilde;es em neg&oacute;cios<\/span><\/a><\/span><\/span><\/span><\/p>\r\n\r\n<p class=\"MsoTitle\" style=\"text-align:justify\"><span style=\"font-size:28pt\"><span style=\"font-family:&quot;Cambria&quot;,serif\"><span style=\"letter-spacing:-0.5pt\"><b><span style=\"font-size:18.0pt\"><span style=\"font-family:&quot;Calibri&quot;,sans-serif\"><span style=\"font-variant:small-caps\">Sustentabilidade<\/span><\/span><\/span><\/b><\/span><\/span><\/span><\/p>\r\n\r\n<p style=\"text-align:justify\"><span style=\"font-size:11pt\"><span style=\"line-height:normal\"><span style=\"font-family:&quot;Calibri&quot;,sans-serif\"><a href=\"https:\/\/dol.com.br\/noticias\/para\/767327\/lixo-da-rmb-passa-por-tratamentos?d=1\" style=\"color:blue; text-decoration:underline\"><span style=\"font-size:14.0pt\">N&atilde;otecidos - Lixo da RMB passa por tratamentos<\/span><\/a><\/span><\/span><\/span><\/p>\r\n\r\n<p style=\"text-align:justify\"><span style=\"font-size:11pt\"><span style=\"line-height:normal\"><span style=\"font-family:&quot;Calibri&quot;,sans-serif\"><a href=\"https:\/\/www.expointer.rs.gov.br\/usos-e-preservacao-da-agua-serao-temas-da-emater-rs-ascar-na-45-expointer\" style=\"color:blue; text-decoration:underline\"><span style=\"font-size:14.0pt\">Mulching &ndash; Fruticultura, usos e preserva&ccedil;&atilde;o da &aacute;gua, entre outros, ser&atilde;o temas da Emater\/RS-Ascar na 45&ordf; Expointer<\/span><\/a><\/span><\/span><\/span><\/p>\r\n\r\n<p style=\"text-align:justify\"><span style=\"font-size:11pt\"><span style=\"line-height:normal\"><span style=\"font-family:&quot;Calibri&quot;,sans-serif\"><a href=\"https:\/\/exame.com\/brasil\/saneamento-basico-universalizacao-vai-exigir-investimentos-de-r-77-bi-por-ano\/\" style=\"color:blue; text-decoration:underline\"><span style=\"font-size:14.0pt\">Saneamento b&aacute;sico: com infla&ccedil;&atilde;o, custo para universaliza&ccedil;&atilde;o &eacute; de quase R$ 900 bi<\/span><\/a><\/span><\/span><\/span><\/p>\r\n\r\n<p style=\"text-align:justify\"><span style=\"font-size:11pt\"><span style=\"line-height:normal\"><span style=\"font-family:&quot;Calibri&quot;,sans-serif\"><a href=\"https:\/\/www.textiletechnology.net\/technology\/news\/ncsu-can-polymers-remove-dyes-from-wastewater-32708?utm_source=%2Fmeta%2Fnewsletter%2Fnewsletter&amp;utm_medium=newsletter&amp;utm_campaign=nl942&amp;utm_term=0801b20e08c3242125d512808cd74302\" style=\"color:blue; text-decoration:underline\"><span style=\"font-size:14.0pt\">Can polymers remove dyes from wastewater?<\/span><\/a><\/span><\/span><\/span><\/p>\r\n\r\n<p style=\"text-align:justify\"><span style=\"font-size:11pt\"><span style=\"line-height:normal\"><span style=\"font-family:&quot;Calibri&quot;,sans-serif\"><a href=\"https:\/\/phys.org\/news\/2022-08-supramolecular-plastic-degradable-highly-recyclable.html\" style=\"color:blue; text-decoration:underline\"><span style=\"font-size:14.0pt\">New supramolecular plastic that is degradable and highly recyclable<\/span><\/a><\/span><\/span><\/span><\/p>\r\n\r\n<p class=\"MsoTitle\" style=\"text-align:justify\"><span style=\"font-size:28pt\"><span style=\"font-family:&quot;Cambria&quot;,serif\"><span style=\"letter-spacing:-0.5pt\"><b><span style=\"font-size:18.0pt\"><span style=\"font-family:&quot;Calibri&quot;,sans-serif\"><span style=\"font-variant:small-caps\">Inova&ccedil;&atilde;o<\/span><\/span><\/span><\/b><\/span><\/span><\/span><\/p>\r\n\r\n<p style=\"text-align:justify\"><span style=\"font-size:11pt\"><span style=\"line-height:normal\"><span style=\"font-family:&quot;Calibri&quot;,sans-serif\"><a href=\"https:\/\/ciclovivo.com.br\/arq-urb\/arquitetura\/com-paredes-de-canhamo-mini-casa-e-solucao-para-fugir-do-aluguel\/\" style=\"color:blue; text-decoration:underline\"><span style=\"font-size:14.0pt\">Com paredes de c&acirc;nhamo, mini casa &eacute; solu&ccedil;&atilde;o para fugir do aluguel<\/span><\/a><\/span><\/span><\/span><\/p>\r\n\r\n<p style=\"text-align:justify\"><span style=\"font-size:11pt\"><span style=\"line-height:normal\"><span style=\"font-family:&quot;Calibri&quot;,sans-serif\"><a href=\"https:\/\/ciclovivo.com.br\/arq-urb\/design\/sapatinhos-de-bebe-se-dissolvem-na-agua-quente-apos-o-uso\/\" style=\"color:blue; text-decoration:underline\"><span style=\"font-size:14.0pt\">Sapatinhos de beb&ecirc; se dissolvem na &aacute;gua quente ap&oacute;s o uso<\/span><\/a><\/span><\/span><\/span><\/p>\r\n\r\n<p style=\"text-align:justify\"><span style=\"font-size:11pt\"><span style=\"line-height:normal\"><span style=\"font-family:&quot;Calibri&quot;,sans-serif\"><a href=\"https:\/\/fatoreal.com.br\/gerais\/startup-da-ufsj-conquista-primeiro-lugar-em-programa-da-usp\" style=\"color:blue; text-decoration:underline\"><span style=\"font-size:14.0pt\">Startup da UFSJ conquista primeiro lugar em programa da USP com inova&ccedil;&atilde;o de filme pl&aacute;stico para estufa<\/span><\/a><\/span><\/span><\/span><\/p>\r\n\r\n<p style=\"text-align:justify\"><span style=\"font-size:11pt\"><span style=\"line-height:normal\"><span style=\"font-family:&quot;Calibri&quot;,sans-serif\"><a href=\"https:\/\/canaltech.com.br\/inovacao\/lixeira-com-inteligencia-artificial-separa-materiais-reciclaveis-sozinha-223465\/\" style=\"color:blue; text-decoration:underline\"><span style=\"font-size:14.0pt\">Lixeira com intelig&ecirc;ncia artificial separa materiais recicl&aacute;veis sozinha<\/span><\/a><\/span><\/span><\/span><\/p>\r\n\r\n<p style=\"text-align:justify\"><span style=\"font-size:11pt\"><span style=\"line-height:normal\"><span style=\"font-family:&quot;Calibri&quot;,sans-serif\"><a href=\"http:\/\/www.textilia.net\/materias\/ler\/textil\/mercado--empresas-e-personalidades\/huvispan_lanca_fio_de_poliamida_reciclado_para_o_mercado_brasileiro\" style=\"color:blue; text-decoration:underline\"><span style=\"font-size:14.0pt\">Huvispan lan&ccedil;a fio de poliamida reciclado para o mercado brasileiro<\/span><\/a><\/span><\/span><\/span><\/p>\r\n\r\n<p style=\"text-align:justify\"><span style=\"font-size:11pt\"><span style=\"line-height:normal\"><span style=\"font-family:&quot;Calibri&quot;,sans-serif\"><a href=\"https:\/\/www.textiletechnology.net\/fibers\/news\/textiles-intelligence-trend-toward-mono-materials-and-cellulosic-fibers-32686?utm_source=%2Fmeta%2Fnewsletter%2Fnewsletter&amp;utm_medium=newsletter&amp;utm_campaign=nl938&amp;utm_term=0801b20e08c3242125d512808cd74302\" style=\"color:blue; text-decoration:underline\"><span style=\"font-size:14.0pt\">Trend toward mono-materials and cellulosic fibers<\/span><\/a><\/span><\/span><\/span><\/p>\r\n\r\n<p style=\"text-align:justify\"><span style=\"font-size:11pt\"><span style=\"line-height:normal\"><span style=\"font-family:&quot;Calibri&quot;,sans-serif\"><a href=\"https:\/\/www.fibre2fashion.com\/news\/textile-news\/us-researchers-develop-polymer-to-remove-dye-from-wastewater-282478-newsdetails.htm?utm_source=sendinblue&amp;utm_campaign=F2F%20General%20Newsletter%20August%202022&amp;utm_medium=email\" style=\"color:blue; text-decoration:underline\"><span style=\"font-size:14.0pt\">Textiles: US researchers develop polymer to remove dye from wastewater<\/span><\/a><\/span><\/span><\/span><\/p>\r\n\r\n<p style=\"text-align:justify\"><span style=\"font-size:11pt\"><span style=\"line-height:normal\"><span style=\"font-family:&quot;Calibri&quot;,sans-serif\"><a href=\"https:\/\/www.innovationintextiles.com\/fibres-yarns-fabrics\/developing-advanced-fibres-in-space\/\" style=\"color:blue; text-decoration:underline\"><span style=\"font-size:14.0pt\">Developing advanced fibres in space<\/span><\/a><\/span><\/span><\/span><\/p>\r\n\r\n<p class=\"MsoTitle\" style=\"text-align:justify\"><span style=\"font-size:28pt\"><span style=\"font-family:&quot;Cambria&quot;,serif\"><span style=\"letter-spacing:-0.5pt\"><b><span style=\"font-size:18.0pt\"><span style=\"font-family:&quot;Calibri&quot;,sans-serif\"><span style=\"font-variant:small-caps\">Com&eacute;rcio Exterior<\/span><\/span><\/span><\/b><\/span><\/span><\/span><\/p>\r\n\r\n<p style=\"text-align:justify\"><span style=\"font-size:11pt\"><span style=\"line-height:normal\"><span style=\"font-family:&quot;Calibri&quot;,sans-serif\"><a href=\"https:\/\/static.portaldaindustria.com.br\/media\/filer_public\/c8\/60\/c860feaa-68d7-4944-ab4b-c8a612fb7669\/informepoliticacomercial_22_02_gecexinternalizareducaotec.pdf\" style=\"color:blue; text-decoration:underline\"><span style=\"font-size:14.0pt\">Gecex internaliza redu&ccedil;&atilde;o permanente da TEC e inclui sete produtos na Letec<\/span><\/a><\/span><\/span><\/span><\/p>\r\n\r\n<p style=\"text-align:justify\"><span style=\"font-size:11pt\"><span style=\"line-height:normal\"><span style=\"font-family:&quot;Calibri&quot;,sans-serif\"><a href=\"https:\/\/www.moneytimes.com.br\/bolsonaro-diz-que-ue-quer-acelerar-acordo-com-mercosul-para-enfrentar-desabastecimento\/?xpromo=XD-ME-SD-NL-NOTMT-AUDSD-X-X-MANHA-X-X&amp;utm_source=MT&amp;utm_medium=NLSD&amp;utm_campaign=XD-ME-SD-NL-NOTMT-AUDSD-X-X-MANHA-X-X&amp;e=YWJpbnRAYWJpbnQub3JnLmJy\" style=\"color:blue; text-decoration:underline\"><span style=\"font-size:14.0pt\">Bolsonaro diz que UE quer acelerar acordo com Mercosul para enfrentar desabastecimento<\/span><\/a><\/span><\/span><\/span><\/p>\r\n\r\n<p style=\"text-align:justify\"><span style=\"font-size:11pt\"><span style=\"line-height:normal\"><span style=\"font-family:&quot;Calibri&quot;,sans-serif\"><a href=\"https:\/\/portalibre.fgv.br\/noticias\/indicadores-de-comercio-exterior-maior-contribuicao-para-o-superavit-da-balanca-comercial\" style=\"color:blue; text-decoration:underline\"><span style=\"font-size:14.0pt\">A maior contribui&ccedil;&atilde;o para o super&aacute;vit da balan&ccedil;a comercial &eacute; da China e a maior contribui&ccedil;&atilde;o para o d&eacute;ficit &eacute; dos Estados Unidos<\/span><\/a><\/span><\/span><\/span><\/p>\r\n\r\n<p style=\"text-align:justify\"><span style=\"font-size:11pt\"><span style=\"line-height:normal\"><span style=\"font-family:&quot;Calibri&quot;,sans-serif\"><a href=\"https:\/\/www.comexdobrasil.com\/vendas-externas-de-produtos-de-higiene-pessoal-perfumaria-e-cosmeticos-cresceram-14-no-semestre-e-somaram-us-445-milhoes-diz-abihpec\/\" style=\"color:blue; text-decoration:underline\"><span style=\"font-size:14.0pt\">Vendas externas de produtos de higiene, perfumaria e cosm&eacute;ticos crescem 14% no semestre, diz ABIHPEC<\/span><\/a> <\/span><\/span><\/span><\/p>\r\n\r\n<p style=\"text-align:justify\"><span style=\"font-size:11pt\"><span style=\"line-height:normal\"><span style=\"font-family:&quot;Calibri&quot;,sans-serif\"><a href=\"https:\/\/www.comexdobrasil.com\/abicalcados-lanca-a-campanha-made-in-brazil-de-apoio-a-internacionalizacao-do-calcado-brasileiro\/\" style=\"color:blue; text-decoration:underline\"><span style=\"font-size:14.0pt\">Abical&ccedil;ados lan&ccedil;a campanha &ldquo;Made In Brazil&rdquo; de internacionaliza&ccedil;&atilde;o do cal&ccedil;ado brasileiro<\/span><\/a><\/span><\/span><\/span><\/p>\r\n\r\n<p style=\"text-align:justify\"><span style=\"font-size:11pt\"><span style=\"line-height:normal\"><span style=\"font-family:&quot;Calibri&quot;,sans-serif\"><a href=\"http:\/\/abimovel.com\/exportacoes-de-moveis-e-colchoes-abimovel-divulga-resultados-preliminares-do-1o-semestre-de-2022\/?utm_campaign=exportacoes_de_moveis_e_colchoes_abimovel_divulga_resultados_preliminares_do_1_semestre_de_2022&amp;utm_medium=email&amp;utm_source=RD+Station\" style=\"color:blue; text-decoration:underline\"><span style=\"font-size:14.0pt\">Exporta&ccedil;&otilde;es de m&oacute;veis e colch&otilde;es: ABIM&Oacute;VEL divulga resultados preliminares do 1&ordm; semestre de 2022<\/span><\/a><\/span><\/span><\/span><\/p>\r\n\r\n<p style=\"text-align:justify\"><span style=\"font-size:11pt\"><span style=\"line-height:normal\"><span style=\"font-family:&quot;Calibri&quot;,sans-serif\"><a href=\"https:\/\/portalibre.fgv.br\/noticias\/indice-de-clima-economico-da-america-latina-volta-cair-com-piora-das-expectativas\" style=\"color:blue; text-decoration:underline\"><span style=\"font-size:14.0pt\">&Iacute;ndice de Clima Econ&ocirc;mico da Am&eacute;rica Latina volta a cair com piora das expectativas <\/span><\/a><\/span><\/span><\/span><\/p>\r\n\r\n<p style=\"text-align:justify\"><span style=\"font-size:11pt\"><span style=\"line-height:normal\"><span style=\"font-family:&quot;Calibri&quot;,sans-serif\"><a href=\"https:\/\/www.freightwaves.com\/news\/despite-billions-in-canceled-orders-container-imports-stay-high\" style=\"color:blue; text-decoration:underline\"><span style=\"font-size:14.0pt\">Despite billions in canceled orders, container imports stay near peak<\/span><\/a><\/span><\/span><\/span><\/p>\r\n\r\n<p style=\"text-align:justify\"><span style=\"font-size:11pt\"><span style=\"line-height:normal\"><span style=\"font-family:&quot;Calibri&quot;,sans-serif\"><a href=\"https:\/\/jovempan.com.br\/noticias\/mundo\/eua-e-taiwan-anunciam-negociacoes-comerciais-em-meio-a-crescente-tensao-com-a-china.html\" style=\"color:blue; text-decoration:underline\"><span style=\"font-size:14.0pt\">EUA e Taiwan anunciam negocia&ccedil;&otilde;es comerciais em meio a crescente tens&atilde;o com a China<\/span><\/a><\/span><\/span><\/span><\/p>\r\n\r\n<p style=\"text-align:justify\"><span style=\"font-size:11pt\"><span style=\"line-height:normal\"><span style=\"font-family:&quot;Calibri&quot;,sans-serif\"><a href=\"https:\/\/static.portaldaindustria.com.br\/media\/filer_public\/92\/6d\/926dc5a8-9fbb-49a3-9880-088bea79bad4\/apc_5_resultados_da_12a_conferencia_ministerial_da_omc_ago2022.pdf\" style=\"color:blue; text-decoration:underline\"><span style=\"font-size:14.0pt\">CNI: An&aacute;lise de Pol&iacute;tica Comercial 5: Resultados da 12&ordf; Confer&ecirc;ncia Ministerial da OMC<\/span><\/a><\/span><\/span><\/span><\/p>\r\n\r\n<p style=\"text-align:justify\"><span style=\"font-size:11pt\"><span style=\"line-height:normal\"><span style=\"font-family:&quot;Calibri&quot;,sans-serif\"><a href=\"https:\/\/www.fibre2fashion.com\/news\/textile-news\/indicators-show-sliding-growth-outlook-in-most-major-oecd-economies-282469-newsdetails.htm?utm_source=sendinblue&amp;utm_campaign=F2F%20General%20Newsletter%20August%202022&amp;utm_medium=email\" style=\"color:blue; text-decoration:underline\"><span style=\"font-size:14.0pt\">Textiles: Indicators show sliding growth outlook in most major OECD economies<\/span><\/a><\/span><\/span><\/span><\/p>\r\n\r\n<p style=\"text-align:justify\"><span style=\"font-size:11pt\"><span style=\"line-height:normal\"><span style=\"font-family:&quot;Calibri&quot;,sans-serif\"><a href=\"https:\/\/www.moveisdevalor.com.br\/portal\/colchoeiros-vencem-batalha-por-importacao-de-fios-de-poliester?source=news\" style=\"color:blue; text-decoration:underline\"><span style=\"font-size:14.0pt\">Colchoeiros vencem batalha por importa&ccedil;&atilde;o de fios de poli&eacute;ster<\/span><\/a><\/span><\/span><\/span><\/p>\r\n\r\n<p class=\"MsoTitle\" style=\"text-align:justify\"><span style=\"font-size:28pt\"><span style=\"font-family:&quot;Cambria&quot;,serif\"><span style=\"letter-spacing:-0.5pt\"><b><span style=\"font-size:18.0pt\"><span style=\"font-family:&quot;Calibri&quot;,sans-serif\"><span style=\"font-variant:small-caps\">Economia<\/span><\/span><\/span><\/b><\/span><\/span><\/span><\/p>\r\n\r\n<p style=\"text-align:justify\"><span style=\"font-size:11pt\"><span style=\"line-height:normal\"><span style=\"font-family:&quot;Calibri&quot;,sans-serif\"><a href=\"https:\/\/www.bcb.gov.br\/content\/focus\/focus\/R20220819.pdf\" style=\"color:blue; text-decoration:underline\"><span style=\"font-size:14.0pt\">Focus &ndash; Relat&oacute;rio de Mercado<\/span><\/a><\/span><\/span><\/span><\/p>\r\n\r\n<p style=\"text-align:justify\"><span style=\"font-size:11pt\"><span style=\"line-height:normal\"><span style=\"font-family:&quot;Calibri&quot;,sans-serif\"><a href=\"https:\/\/portalibre.fgv.br\/noticias\/monitor-do-pib\" style=\"color:blue; text-decoration:underline\"><span style=\"font-size:14.0pt\">Monitor do PIB-FGV aponta crescimento de 1,1% na atividade econ&ocirc;mica em junho <\/span><\/a><\/span><\/span><\/span><\/p>\r\n\r\n<p style=\"text-align:justify\"><span style=\"font-size:11pt\"><span style=\"line-height:normal\"><span style=\"font-family:&quot;Calibri&quot;,sans-serif\"><a href=\"https:\/\/ibre.fgv.br\/blog-da-conjuntura-economica\/artigos\/barometros-globais-registram-queda-em-agosto-refletindo-mundo\" style=\"color:blue; text-decoration:underline\"><span style=\"font-size:14.0pt\">Bar&ocirc;metros Globais registram queda em agosto, refletindo mundo em desacelera&ccedil;&atilde;o. Conjuntura chinesa leva &Aacute;sia a liderar a baixa<\/span><\/a><\/span><\/span><\/span><\/p>\r\n\r\n<p style=\"text-align:justify\"><span style=\"font-size:11pt\"><span style=\"line-height:normal\"><span style=\"font-family:&quot;Calibri&quot;,sans-serif\"><a href=\"https:\/\/agenciadenoticias.ibge.gov.br\/agencia-noticias\/2012-agencia-de-noticias\/noticias\/34643-desemprego-tem-queda-em-22-estados-no-2-trimestre-de-2022\" style=\"color:blue; text-decoration:underline\"><span style=\"font-size:14.0pt\">Desemprego tem queda em 22 estados no 2&ordm; trimestre de 2022<\/span><\/a><\/span><\/span><\/span><\/p>\r\n\r\n<p style=\"text-align:justify\"><span style=\"font-size:11pt\"><span style=\"line-height:normal\"><span style=\"font-family:&quot;Calibri&quot;,sans-serif\"><a href=\"https:\/\/trademap.com.br\/agencia\/internacional\/para-onde-vao-os-juros-nos-eua-para-ex-fed-alta-das-taxas-deve-desacelerar-em-setembro\" style=\"color:blue; text-decoration:underline\"><span style=\"font-size:14.0pt\">Para onde v&atilde;o os juros nos EUA? Para ex-Fed, alta das taxas deve desacelerar em setembro<\/span><\/a><\/span><\/span><\/span><\/p>\r\n\r\n<p style=\"text-align:justify\"><span style=\"font-size:11pt\"><span style=\"line-height:normal\"><span style=\"font-family:&quot;Calibri&quot;,sans-serif\"><a href=\"https:\/\/www.fibre2fashion.com\/industry-article\/9450\/high-commodity-prices-labour-shortages-worsen-supply-chain?utm_source=sendinblue&amp;utm_campaign=F2F%20General%20Newsletter%20August%202022&amp;utm_medium=email\" style=\"color:blue; text-decoration:underline\"><span style=\"font-size:14.0pt\">High Commodity Prices &amp; Labour Shortages Worsen Supply Chain<\/span><\/a><\/span><\/span><\/span><\/p>\r\n\r\n<p style=\"text-align:justify\"><span style=\"font-size:11pt\"><span style=\"line-height:normal\"><span style=\"font-family:&quot;Calibri&quot;,sans-serif\"><a href=\"https:\/\/pages.eiu.com\/rs\/753-RIQ-438\/images\/europe-bleak-midwinter.pdf?mkt_tok=NzUzLVJJUS00MzgAAAGGVpHc8e35mu48cCFV8GUsSeiQIhRZP7gLXduejBVSSOVu3tBK--Mo5S9YjcvO-lvM9capPKFiZgBSydPzqWXkiB5_wjqkwxoRI7A8tQqmVvk\" style=\"color:blue; text-decoration:underline\"><span style=\"font-size:14.0pt\">Europe&rsquo;s bleak midwinter: recession is inevitable<\/span><\/a><\/span><\/span><\/span><\/p>\r\n","6":"<p style=\"text-align:justify\"><span style=\"font-size:11pt\"><span style=\"line-height:normal\"><span style=\"font-family:&quot;Calibri&quot;,sans-serif\"><span style=\"font-size:14.0pt\">Esta &eacute; uma compila&ccedil;&atilde;o das not&iacute;cias mais relevantes para o setor, incluindo informa&ccedil;&otilde;es sobre acordos internacionais, economia brasileira, sustentabilidade e mat&eacute;rias primas, al&eacute;m de novidades do setor de N&atilde;otecidos e Tecidos T&eacute;cnicos.<\/span><\/span><\/span><\/span><\/p>\r\n\r\n<p class=\"MsoTitle\" style=\"text-align:justify\"><span style=\"font-size:28pt\"><span style=\"font-family:&quot;Cambria&quot;,serif\"><span style=\"letter-spacing:-0.5pt\"><b><span style=\"font-size:18.0pt\"><span style=\"font-family:&quot;Calibri&quot;,sans-serif\"><span style=\"font-variant:small-caps\">A&ccedil;&otilde;es da ABINT<\/span><\/span><\/span><\/b><\/span><\/span><\/span><\/p>\r\n\r\n<h3 style=\"text-align: justify;\">Curso ABINT Tecnologia dos N&atilde;otecidos<span style=\"font-size:11pt\"><span style=\"line-height:normal\"><span style=\"font-family:&quot;Calibri&quot;,sans-serif\"> <a href=\"https:\/\/www.abint.org.br\/informacao\/cursos-e-eventos\" style=\"color:blue; text-decoration:underline\"><b><span style=\"font-size:14.0pt\">INSCREVA-SE<\/span><\/b><\/a><span class=\"MsoHyperlink\" style=\"color:blue\"><span style=\"text-decoration:underline\"><span style=\"font-size:14.0pt\"><span style=\"text-decoration:none\"><span style=\"text-underline:none\"> <\/span><\/span><\/span><\/span><\/span><\/span><\/span><\/span>para as pr&oacute;ximas turmas!<\/h3>\r\n\r\n<p>&nbsp;<\/p>\r\n\r\n<p style=\"text-align:justify\"><img src=\"https:\/\/www.abint.org.br\/assets\/img\/editor\/fenasan-2022_20220824180845QV8ABxhwIl.png\" \/><\/p>\r\n\r\n<p>O CTG ABINT &eacute; apoiador do 33&ordm; Encontro T&eacute;cnico AESabesp \/ Fenasan 2022, eventos que ocorrer&atilde;o de 13 a 15 de setembro, no Pavilh&atilde;o Branco Expo Center Norte. <a href=\"https:\/\/fenasan.com.br\/\">Informa&ccedil;&otilde;es<\/a>.<\/p>\r\n\r\n<p style=\"text-align:justify\">&nbsp;<\/p>\r\n\r\n<p><img height=\"577\" src=\"https:\/\/www.abint.org.br\/assets\/img\/editor\/congresso-internacional-abit-2022_202208241810245HQ34avM0Z.png\" width=\"389\" \/><\/p>\r\n\r\n<p>&nbsp;\r\n<p style=\"text-align:justify\">A ABINT &eacute; uma das patrocinadoras do Congresso Internacional ABIT 2022, evento 100% presencial, que ocorrer&aacute; dias 03 e 04 de novembro, em Belo Horizonte, MG. <span class=\"MsoHyperlink\" style=\"color:blue\"><span style=\"text-decoration:underline\"><span style=\"font-size:14.0pt\"><span style=\"line-height:115%\"><span style=\"font-family:&quot;Calibri&quot;,sans-serif\"><span style=\"text-decoration:none\"><span style=\"text-underline:none\"><a href=\"https:\/\/www.congressoabit.com.br\/\" style=\"color:blue; text-decoration:underline\">Informa&ccedil;&otilde;es<\/a><\/span><\/span><\/span><\/span><\/span><\/span><\/span><\/p>\r\n<\/p>\r\n\r\n<p style=\"text-align:justify\"><span class=\"MsoHyperlink\" style=\"color:blue\"><span style=\"text-decoration:underline\"><span style=\"font-size:14.0pt\"><span style=\"line-height:115%\"><span style=\"font-family:&quot;Calibri&quot;,sans-serif\"><span style=\"text-decoration:none\"><span style=\"text-underline:none\"><img height=\"326\" src=\"https:\/\/www.abint.org.br\/assets\/img\/editor\/partnerkit-conahp-retangular-cth-abint_20220824181519l0mGM7OlcP.png\" width=\"576\" \/><\/span><\/span><\/span><\/span><\/span><\/span><\/span><\/p>\r\n\r\n<p style=\"text-align:justify\">O CTH ABINT &eacute; patrocinador do CONAHP 2022 - Congresso Nacional de Hospitais Privados, evento que ocorrer&aacute; presencialmente nos dias 10 e 11 de novembro, Transam&eacute;rica Expo Center, S&atilde;o Paulo, SP.<span class=\"MsoHyperlink\" style=\"color:blue\"><span style=\"text-decoration:underline\"><span style=\"font-size:14.0pt\"><span style=\"line-height:115%\"><span style=\"font-family:&quot;Calibri&quot;,sans-serif\"><span style=\"text-decoration:none\"><span style=\"text-underline:none\"> <\/span><\/span><\/span><\/span><\/span><\/span><\/span><span style=\"font-size:11.0pt\"><span style=\"line-height:115%\"><span style=\"font-family:&quot;Calibri&quot;,sans-serif\"><a href=\"https:\/\/conahp.org.br\/2022\/\" style=\"color:blue; text-decoration:underline\"><span style=\"font-size:14.0pt\"><span style=\"line-height:115%\">Informa&ccedil;&otilde;es <\/span><\/span><\/a><\/span><\/span><\/span><\/p>\r\n\r\n<p style=\"text-align:justify\">&nbsp;<\/p>\r\n\r\n<p style=\"text-align:justify\"><span style=\"font-size:11pt\"><span style=\"line-height:normal\"><span style=\"font-family:&quot;Calibri&quot;,sans-serif\"><b><span style=\"font-size:18.0pt\"><span style=\"font-variant:small-caps\">Eventos<\/span><\/span><\/b><\/span><\/span><\/span><\/p>\r\n\r\n<p style=\"text-align:justify\"><span style=\"font-size:11pt\"><span style=\"line-height:normal\"><span style=\"font-family:&quot;Calibri&quot;,sans-serif\"><span class=\"MsoHyperlink\" style=\"color:blue\"><span style=\"text-decoration:underline\"><b><span style=\"font-size:14.0pt\"><span style=\"text-decoration:none\"><span style=\"text-underline:none\">6&ordm; F&oacute;rum de Manufatura<\/span><\/span><\/span><\/b><\/span><\/span><span class=\"MsoHyperlink\" style=\"color:blue\"><span style=\"text-decoration:underline\"><span style=\"font-size:14.0pt\"><span style=\"text-decoration:none\"><span style=\"text-underline:none\">, 22 e 23 de agosto de 2022, Hotel Pullman Ibirapuera, S&atilde;o Paulo. <\/span><\/span><\/span><\/span><\/span><a href=\"https:\/\/novo.forumdemanufatura.com.br\/\" style=\"color:blue; text-decoration:underline\"><span style=\"font-size:14.0pt\">Informa&ccedil;&otilde;es<\/span><\/a><\/span><\/span><\/span><\/p>\r\n\r\n<p style=\"text-align:justify\"><span style=\"font-size:11pt\"><span style=\"line-height:normal\"><span style=\"font-family:&quot;Calibri&quot;,sans-serif\"><span class=\"MsoHyperlink\" style=\"color:blue\"><span style=\"text-decoration:underline\"><b><span style=\"font-size:14.0pt\"><span style=\"text-decoration:none\"><span style=\"text-underline:none\">Jornada de Enfermagem em Central de Material e Esteriliza&ccedil;&atilde;o<\/span><\/span><\/span><\/b><\/span><\/span><span class=\"MsoHyperlink\" style=\"color:blue\"><span style=\"text-decoration:underline\"><span style=\"font-size:14.0pt\"><span style=\"text-decoration:none\"><span style=\"text-underline:none\">, 23 de agosto, Expominas, Belo Horizonte. <\/span><\/span><\/span><\/span><\/span><a href=\"https:\/\/nascecme.com.br\/jornada-de-enfermagem-em-central-de-material-e-esterilizacao\/\" style=\"color:blue; text-decoration:underline\"><span style=\"font-size:14.0pt\">Informa&ccedil;&otilde;es<\/span><\/a><\/span><\/span><\/span><\/p>\r\n\r\n<p style=\"text-align:justify\"><span style=\"font-size:11pt\"><span style=\"line-height:normal\"><span style=\"font-family:&quot;Calibri&quot;,sans-serif\"><span class=\"MsoHyperlink\" style=\"color:blue\"><span style=\"text-decoration:underline\"><b><span style=\"font-size:14.0pt\"><span style=\"text-decoration:none\"><span style=\"text-underline:none\">COBRAMSEG 2022<\/span><\/span><\/span><\/b><\/span><\/span><span class=\"MsoHyperlink\" style=\"color:blue\"><span style=\"text-decoration:underline\"><span style=\"font-size:14.0pt\"><span style=\"text-decoration:none\"><span style=\"text-underline:none\">, 23 a 26 de agosto, Expo D. Pedro, Campinas, SP. <\/span><\/span><\/span><\/span><\/span><a href=\"https:\/\/cobramseg2022.com.br\/\" style=\"color:blue; text-decoration:underline\"><span style=\"font-size:14.0pt\">Informa&ccedil;&otilde;es<\/span><\/a><\/span><\/span><\/span><\/p>\r\n\r\n<p style=\"text-align:justify\"><span style=\"font-size:11pt\"><span style=\"line-height:normal\"><span style=\"font-family:&quot;Calibri&quot;,sans-serif\"><span class=\"MsoHyperlink\" style=\"color:blue\"><span style=\"text-decoration:underline\"><b><span style=\"font-size:14.0pt\"><span style=\"text-decoration:none\"><span style=\"text-underline:none\">Curso Almaco &ldquo;Comp&oacute;sitos Avan&ccedil;ados&rdquo;<\/span><\/span><\/span><\/b><\/span><\/span><span class=\"MsoHyperlink\" style=\"color:blue\"><span style=\"text-decoration:underline\"><span style=\"font-size:14.0pt\"><span style=\"text-decoration:none\"><span style=\"text-underline:none\">, 24 e 25 de agosto. <\/span><\/span><\/span><\/span><\/span><a href=\"https:\/\/emailmarketing.locaweb.com.br\/accounts\/116830\/messages\/323\/clicks\/110\/1204?envelope_id=230\" style=\"color:blue; text-decoration:underline\"><span style=\"font-size:14.0pt\">Informa&ccedil;&otilde;es <\/span><\/a><\/span><\/span><\/span><\/p>\r\n\r\n<p style=\"text-align:justify\"><span style=\"font-size:11pt\"><span style=\"line-height:normal\"><span style=\"font-family:&quot;Calibri&quot;,sans-serif\"><span class=\"MsoHyperlink\" style=\"color:blue\"><span style=\"text-decoration:underline\"><b><span style=\"font-size:14.0pt\"><span style=\"text-decoration:none\"><span style=\"text-underline:none\">8&ordm; F&oacute;rum de Infraestrutura Grandes Constru&ccedil;&otilde;es<\/span><\/span><\/span><\/b><\/span><\/span><span class=\"MsoHyperlink\" style=\"color:blue\"><span style=\"text-decoration:underline\"><span style=\"font-size:14.0pt\"><span style=\"text-decoration:none\"><span style=\"text-underline:none\">, 25 de agosto, evento online e gratuito. <\/span><\/span><\/span><\/span><\/span><a href=\"http:\/\/emkt.sobratemanews.org.br\/emkt\/tracer\/?2,7249884,260ba16a,ecc9,1\" style=\"color:blue; text-decoration:underline\"><span style=\"font-size:14.0pt\">Informa&ccedil;&otilde;es<\/span><\/a><\/span><\/span><\/span><\/p>\r\n\r\n<p style=\"text-align:justify\"><span style=\"font-size:11pt\"><span style=\"line-height:normal\"><span style=\"font-family:&quot;Calibri&quot;,sans-serif\"><span class=\"MsoHyperlink\" style=\"color:blue\"><span style=\"text-decoration:underline\"><b><span style=\"font-size:14.0pt\"><span style=\"text-decoration:none\"><span style=\"text-underline:none\">FICONS &ndash; XII Feira Internacional de Materiais, Equipamentos e Servi&ccedil;os da Constru&ccedil;&atilde;o<\/span><\/span><\/span><\/b><\/span><\/span><span class=\"MsoHyperlink\" style=\"color:blue\"><span style=\"text-decoration:underline\"><span style=\"font-size:14.0pt\"><span style=\"text-decoration:none\"><span style=\"text-underline:none\">, 26 de agosto, no Centro de Conven&ccedil;&otilde;es de Pernambuco. <\/span><\/span><\/span><\/span><\/span><a href=\"https:\/\/www.ficons.com.br\/2022\/index\" style=\"color:blue; text-decoration:underline\"><span style=\"font-size:14.0pt\">Informa&ccedil;&otilde;es <\/span><\/a><\/span><\/span><\/span><\/p>\r\n\r\n<p style=\"text-align:justify\"><span style=\"font-size:11pt\"><span style=\"line-height:normal\"><span style=\"font-family:&quot;Calibri&quot;,sans-serif\"><span class=\"MsoHyperlink\" style=\"color:blue\"><span style=\"text-decoration:underline\"><b><span style=\"font-size:14.0pt\"><span style=\"text-decoration:none\"><span style=\"text-underline:none\">Semin&aacute;rio Sindit&ecirc;xtil-SP &ldquo;Efici&ecirc;ncia e Transi&ccedil;&atilde;o Energ&eacute;tica&rdquo;<\/span><\/span><\/span><\/b><\/span><\/span><span class=\"MsoHyperlink\" style=\"color:blue\"><span style=\"text-decoration:underline\"><span style=\"font-size:14.0pt\"><span style=\"text-decoration:none\"><span style=\"text-underline:none\">, 28 de agosto, Rua Marqu&ecirc;s de Itu, 968, S&atilde;o Paulo. <\/span><\/span><\/span><\/span><\/span><a href=\"https:\/\/s3.sa-east-1.amazonaws.com\/sindi-files.sinditextilsp.org.br\/site\/sindi_90anos\/Seminario_eficiencia_energetica\/Programa%C3%A7%C3%A3o+Semin%C3%A1rio+Efici%C3%AAncia+e+Transi%C3%A7%C3%A3o+Energ%C3%A9tica.pdf?utm_campaign=convite_seminario_energia&amp;utm_medium=email&amp;utm_source=RD+Station\" style=\"color:blue; text-decoration:underline\"><span style=\"font-size:14.0pt\">Programa&ccedil;&atilde;o<\/span><\/a><span class=\"MsoHyperlink\" style=\"color:blue\"><span style=\"text-decoration:underline\"><span style=\"font-size:14.0pt\"><span style=\"text-decoration:none\"><span style=\"text-underline:none\">. <\/span><\/span><\/span><\/span><\/span><a href=\"https:\/\/eventos.abit.org.br\/Subs.aspx?key=e76786ff-e0ac-447b-81b1-a7dd2c2c3217&amp;utm_campaign=convite_seminario_energia&amp;utm_medium=email&amp;utm_source=RD+Station\" style=\"color:blue; text-decoration:underline\"><span style=\"font-size:14.0pt\">Inscri&ccedil;&otilde;es<\/span><\/a><span class=\"MsoHyperlink\" style=\"color:blue\"><span style=\"text-decoration:underline\"><span style=\"font-size:14.0pt\"><span style=\"text-decoration:none\"><span style=\"text-underline:none\">.<\/span><\/span><\/span><\/span><\/span><\/span><\/span><\/span><\/p>\r\n\r\n<p style=\"text-align:justify\"><span style=\"font-size:11pt\"><span style=\"line-height:normal\"><span style=\"font-family:&quot;Calibri&quot;,sans-serif\"><span class=\"MsoHyperlink\" style=\"color:blue\"><span style=\"text-decoration:underline\"><b><span style=\"font-size:14.0pt\"><span style=\"text-decoration:none\"><span style=\"text-underline:none\">13&ordm; Simp&oacute;sio Internacional de Esteriliza&ccedil;&atilde;o SOBECC<\/span><\/span><\/span><\/b><\/span><\/span><span class=\"MsoHyperlink\" style=\"color:blue\"><span style=\"text-decoration:underline\"><span style=\"font-size:14.0pt\"><span style=\"text-decoration:none\"><span style=\"text-underline:none\">, de 30 de agosto a 02 de setembro, Centro de Conven&ccedil;&otilde;es Anhembi, S&atilde;o Paulo, SP. <\/span><\/span><\/span><\/span><\/span><a href=\"https:\/\/www.congresso-simposio-sobecc.com.br\/sobecc2022\" style=\"color:blue; text-decoration:underline\"><span style=\"font-size:14.0pt\">Informa&ccedil;&otilde;es <\/span><\/a><\/span><\/span><\/span><\/p>\r\n\r\n<p style=\"text-align:justify\"><span style=\"font-size:11pt\"><span style=\"line-height:normal\"><span style=\"font-family:&quot;Calibri&quot;,sans-serif\"><span class=\"MsoHyperlink\" style=\"color:blue\"><span style=\"text-decoration:underline\"><b><span style=\"font-size:14.0pt\"><span style=\"text-decoration:none\"><span style=\"text-underline:none\">Workshop Abit &ldquo;Etiquetagem de Produtos T&ecirc;xteis e Confeccionados&rdquo;<\/span><\/span><\/span><\/b><\/span><\/span><span class=\"MsoHyperlink\" style=\"color:blue\"><span style=\"text-decoration:underline\"><span style=\"font-size:14.0pt\"><span style=\"text-decoration:none\"><span style=\"text-underline:none\">, 31 de agosto. <\/span><\/span><\/span><\/span><\/span><a href=\"https:\/\/eventos.abit.org.br\/Subs.aspx?key=5b52d0cb-703f-4d74-b5c0-db29a5836eff\" style=\"color:blue; text-decoration:underline\"><span style=\"font-size:14.0pt\">Informa&ccedil;&otilde;es <\/span><\/a><\/span><\/span><\/span><\/p>\r\n\r\n<p style=\"text-align:justify\"><span style=\"font-size:11pt\"><span style=\"line-height:normal\"><span style=\"font-family:&quot;Calibri&quot;,sans-serif\"><span class=\"MsoHyperlink\" style=\"color:blue\"><span style=\"text-decoration:underline\"><b><span style=\"font-size:14.0pt\"><span style=\"text-decoration:none\"><span style=\"text-underline:none\">Workshop de Minera&ccedil;&atilde;o promovido pela CSCM da ABIMAQ<\/span><\/span><\/span><\/b><\/span><\/span><span class=\"MsoHyperlink\" style=\"color:blue\"><span style=\"text-decoration:underline\"><span style=\"font-size:14.0pt\"><span style=\"text-decoration:none\"><span style=\"text-underline:none\">, 31 de agosto, Audit&oacute;rio A da M&amp;T Expo. <\/span><\/span><\/span><\/span><\/span><a href=\"https:\/\/www.mtexpo.com.br\/pt\/visitantes\/programacao\/workshop-de-mineracao\" style=\"color:blue; text-decoration:underline\"><span style=\"font-size:14.0pt\">Informa&ccedil;&otilde;es <\/span><\/a><\/span><\/span><\/span><\/p>\r\n\r\n<p style=\"text-align:justify\"><span style=\"font-size:11pt\"><span style=\"line-height:normal\"><span style=\"font-family:&quot;Calibri&quot;,sans-serif\"><span class=\"MsoHyperlink\" style=\"color:blue\"><span style=\"text-decoration:underline\"><b><span style=\"font-size:14.0pt\"><span style=\"text-decoration:none\"><span style=\"text-underline:none\">23&ordm; Semin&aacute;rio Tecnologia de Estruturas e Funda&ccedil;&otilde;es<\/span><\/span><\/span><\/b><\/span><\/span><span class=\"MsoHyperlink\" style=\"color:blue\"><span style=\"text-decoration:underline\"><span style=\"font-size:14.0pt\"><span style=\"text-decoration:none\"><span style=\"text-underline:none\">, 31 de agosto, m&oacute;dulo <\/span><\/span><\/span><\/span><\/span><a href=\"https:\/\/sindusconsp.com.br\/eventos\/23o-seminario-tecnologia-de-estruturas-e-fundacoes\/\" style=\"color:blue; text-decoration:underline\"><span style=\"font-size:14.0pt\">presencial<\/span><\/a><span class=\"MsoHyperlink\" style=\"color:blue\"><span style=\"text-decoration:underline\"><span style=\"font-size:14.0pt\"><span style=\"text-decoration:none\"><span style=\"text-underline:none\"> 13h30 &agrave;s 18h30, m&oacute;dulo <\/span><\/span><\/span><\/span><\/span><a href=\"https:\/\/sindusconsp.com.br\/eventos\/23o-seminario-tecnologia-de-estruturas-e-fundacoes-763\/\" style=\"color:blue; text-decoration:underline\"><span style=\"font-size:14.0pt\">online<\/span><\/a><span class=\"MsoHyperlink\" style=\"color:blue\"><span style=\"text-decoration:underline\"><span style=\"font-size:14.0pt\"><span style=\"text-decoration:none\"><span style=\"text-underline:none\"> 14h &agrave;s 18h30.<\/span><\/span><\/span><\/span><\/span><\/span><\/span><\/span><\/p>\r\n\r\n<p style=\"text-align:justify\"><span style=\"font-size:11pt\"><span style=\"line-height:normal\"><span style=\"font-family:&quot;Calibri&quot;,sans-serif\"><span class=\"MsoHyperlink\" style=\"color:blue\"><span style=\"text-decoration:underline\"><b><span style=\"font-size:14.0pt\"><span style=\"text-decoration:none\"><span style=\"text-underline:none\">FIESP Semin&aacute;rio: Transa&ccedil;&atilde;o Tribut&aacute;ria e os Procedimentos Aplic&aacute;veis<\/span><\/span><\/span><\/b><\/span><\/span><span class=\"MsoHyperlink\" style=\"color:blue\"><span style=\"text-decoration:underline\"><span style=\"font-size:14.0pt\"><span style=\"text-decoration:none\"><span style=\"text-underline:none\">, 02 de setembro, Av. Paulista, 1313, Espa&ccedil;o Nobre, S&atilde;o Paulo, ou via <\/span><\/span><\/span><\/span><\/span><a href=\"https:\/\/www.youtube.com\/watch?v=xhWM3RBxLqI\" style=\"color:blue; text-decoration:underline\"><span style=\"font-size:14.0pt\">YouTube<\/span><\/a><span class=\"MsoHyperlink\" style=\"color:blue\"><span style=\"text-decoration:underline\"><span style=\"font-size:14.0pt\"><span style=\"text-decoration:none\"><span style=\"text-underline:none\">.<\/span><\/span><\/span><\/span><\/span><\/span><\/span><\/span><\/p>\r\n\r\n<p style=\"text-align:justify\"><span style=\"font-size:11pt\"><span style=\"line-height:normal\"><span style=\"font-family:&quot;Calibri&quot;,sans-serif\"><span class=\"MsoHyperlink\" style=\"color:blue\"><span style=\"text-decoration:underline\"><b><span style=\"font-size:14.0pt\"><span style=\"text-decoration:none\"><span style=\"text-underline:none\">III Semin&aacute;rio de An&aacute;lise Conjuntural<\/span><\/span><\/span><\/b><\/span><\/span><span class=\"MsoHyperlink\" style=\"color:blue\"><span style=\"text-decoration:underline\"><span style=\"font-size:14.0pt\"><span style=\"text-decoration:none\"><span style=\"text-underline:none\">, 08 de setembro, com transmiss&atilde;o via YouTube. <\/span><\/span><\/span><\/span><\/span><a href=\"https:\/\/evento.fgv.br\/analiseconjuntural_0809\/\" style=\"color:blue; text-decoration:underline\"><span style=\"font-size:14.0pt\">Informa&ccedil;&otilde;es<\/span><\/a><span class=\"MsoHyperlink\" style=\"color:blue\"><span style=\"text-decoration:underline\"><span style=\"font-size:14.0pt\"><span style=\"text-decoration:none\"><span style=\"text-underline:none\">.<\/span><\/span><\/span><\/span><\/span><\/span><\/span><\/span><\/p>\r\n\r\n<p style=\"text-align:justify\"><span style=\"font-size:11pt\"><span style=\"line-height:normal\"><span style=\"font-family:&quot;Calibri&quot;,sans-serif\"><span class=\"MsoHyperlink\" style=\"color:blue\"><span style=\"text-decoration:underline\"><b><span style=\"font-size:14.0pt\"><span style=\"text-decoration:none\"><span style=\"text-underline:none\">12&ordm; Semin&aacute;rio Competitividade: Aprendendo a abrir caminhos - Os atalhos para o pl&aacute;stico se recriar e continuar a criar<\/span><\/span><\/span><\/b><\/span><\/span><span class=\"MsoHyperlink\" style=\"color:blue\"><span style=\"text-decoration:underline\"><span style=\"font-size:14.0pt\"><span style=\"text-decoration:none\"><span style=\"text-underline:none\">, 13 de setembro, 100% presencial, Hotel Meli&aacute;, Av. Paulista, 2181, S&atilde;o Paulo. <\/span><\/span><\/span><\/span><\/span><a href=\"https:\/\/plasticosemrevista.com.br\/competitividade-2022\" style=\"color:blue; text-decoration:underline\"><span style=\"font-size:14.0pt\">Programa&ccedil;&atilde;o<\/span><\/a><span class=\"MsoHyperlink\" style=\"color:blue\"><span style=\"text-decoration:underline\"><span style=\"font-size:14.0pt\"><span style=\"text-decoration:none\"><span style=\"text-underline:none\">. <\/span><\/span><\/span><\/span><\/span><a href=\"https:\/\/plasticosemrevista.com.br\/competitividade-2022-inscricao\" style=\"color:blue; text-decoration:underline\"><span style=\"font-size:14.0pt\">Inscri&ccedil;&otilde;es<\/span><\/a><span class=\"MsoHyperlink\" style=\"color:blue\"><span style=\"text-decoration:underline\"><span style=\"font-size:14.0pt\"><span style=\"text-decoration:none\"><span style=\"text-underline:none\">.<\/span><\/span><\/span><\/span><\/span><\/span><\/span><\/span><\/p>\r\n\r\n<p style=\"text-align:justify\"><span style=\"font-size:11pt\"><span style=\"line-height:normal\"><span style=\"font-family:&quot;Calibri&quot;,sans-serif\"><span class=\"MsoHyperlink\" style=\"color:blue\"><span style=\"text-decoration:underline\"><b><span style=\"font-size:14.0pt\"><span style=\"text-decoration:none\"><span style=\"text-underline:none\">Feira HospitalMed, <\/span><\/span><\/span><\/b><\/span><\/span><span class=\"MsoHyperlink\" style=\"color:blue\"><span style=\"text-decoration:underline\"><span style=\"font-size:14.0pt\"><span style=\"text-decoration:none\"><span style=\"text-underline:none\">19 a 21 de outubro, Centro de Conven&ccedil;&otilde;es de Pernambuco. <\/span><\/span><\/span><\/span><\/span><a href=\"https:\/\/hospitalmed.com.br\/feira\/\" style=\"color:blue; text-decoration:underline\"><span style=\"font-size:14.0pt\">Informa&ccedil;&otilde;es <\/span><\/a><\/span><\/span><\/span><\/p>\r\n\r\n<p style=\"text-align:justify\"><span style=\"font-size:11pt\"><span style=\"line-height:normal\"><span style=\"font-family:&quot;Calibri&quot;,sans-serif\"><span class=\"MsoHyperlink\" style=\"color:blue\"><span style=\"text-decoration:underline\"><b><span style=\"font-size:14.0pt\"><span style=\"text-decoration:none\"><span style=\"text-underline:none\">THE Congress &ndash; NATURALfiberEXTRACTION<\/span><\/span><\/span><\/b><\/span><\/span><span class=\"MsoHyperlink\" style=\"color:blue\"><span style=\"text-decoration:underline\"><span style=\"font-size:14.0pt\"><span style=\"text-decoration:none\"><span style=\"text-underline:none\">, 26 de outubro de 2022, Stuttgart. <\/span><\/span><\/span><\/span><\/span><a href=\"https:\/\/www.afbw.eu\/aktuelles\/veranstaltungen\/details\/the-congress-naturalfiberpulping\/\" style=\"color:blue; text-decoration:underline\"><span style=\"font-size:14.0pt\">Informa&ccedil;&otilde;es<\/span><\/a><span class=\"MsoHyperlink\" style=\"color:blue\"><span style=\"text-decoration:underline\"><span style=\"font-size:14.0pt\"><span style=\"text-decoration:none\"><span style=\"text-underline:none\">.<\/span><\/span><\/span><\/span><\/span><\/span><\/span><\/span><\/p>\r\n\r\n<p style=\"text-align:justify\"><span style=\"font-size:11pt\"><span style=\"line-height:normal\"><span style=\"font-family:&quot;Calibri&quot;,sans-serif\"><span class=\"MsoHyperlink\" style=\"color:blue\"><span style=\"text-decoration:underline\"><b><span style=\"font-size:14.0pt\"><span style=\"text-decoration:none\"><span style=\"text-underline:none\">Innovate: Zero Carbon, Textiles&#39; journey to zero carbon<\/span><\/span><\/span><\/b><\/span><\/span><\/span><\/span><\/span><\/p>\r\n\r\n<p style=\"text-align:justify\"><span style=\"font-size:11pt\"><span style=\"line-height:normal\"><span style=\"font-family:&quot;Calibri&quot;,sans-serif\"><span class=\"MsoHyperlink\" style=\"color:blue\"><span style=\"text-decoration:underline\"><span style=\"font-size:14.0pt\"><span style=\"text-decoration:none\"><span style=\"text-underline:none\">When: 1-3 Nov 2022<\/span><\/span><\/span><\/span><\/span><\/span><\/span><\/span><\/p>\r\n\r\n<p style=\"text-align:justify\"><span style=\"font-size:11pt\"><span style=\"line-height:normal\"><span style=\"font-family:&quot;Calibri&quot;,sans-serif\"><span class=\"MsoHyperlink\" style=\"color:blue\"><span style=\"text-decoration:underline\"><span style=\"font-size:14.0pt\"><span style=\"text-decoration:none\"><span style=\"text-underline:none\">What time: 13:00&ndash;17:00 UTC \/ 9:00&ndash;13:00 EDT<\/span><\/span><\/span><\/span><\/span><\/span><\/span><\/span><\/p>\r\n\r\n<p style=\"text-align:justify\"><span style=\"font-size:11pt\"><span style=\"line-height:normal\"><span style=\"font-family:&quot;Calibri&quot;,sans-serif\"><span class=\"MsoHyperlink\" style=\"color:blue\"><span style=\"text-decoration:underline\"><span style=\"font-size:14.0pt\"><span style=\"text-decoration:none\"><span style=\"text-underline:none\">Where: Virtual, <\/span><\/span><\/span><\/span><\/span><a href=\"https:\/\/events.wtin.com\/event\/f5bac4f2-d902-41ba-9153-a4d80622877c\/summary\" style=\"color:blue; text-decoration:underline\"><span style=\"font-size:14.0pt\">events.wtin.com\/innovate<\/span><\/a><\/span><\/span><\/span><\/p>\r\n\r\n<p class=\"MsoTitle\" style=\"text-align:justify\"><span style=\"font-size:28pt\"><span style=\"font-family:&quot;Cambria&quot;,serif\"><span style=\"letter-spacing:-0.5pt\"><b><span style=\"font-size:18.0pt\"><span style=\"font-family:&quot;Calibri&quot;,sans-serif\"><span style=\"font-variant:small-caps\">Setor<\/span><\/span><\/span><\/b><\/span><\/span><\/span><\/p>\r\n\r\n<p style=\"text-align:justify\"><span style=\"font-size:11pt\"><span style=\"line-height:normal\"><span style=\"font-family:&quot;Calibri&quot;,sans-serif\"><a href=\"https:\/\/liberal.com.br\/cidades\/americana\/governo-prorroga-suspensao-de-icms-para-o-setor-textil-1817728\/\" style=\"color:blue; text-decoration:underline\"><span style=\"font-size:14.0pt\">Governo prorroga suspens&atilde;o de ICMS para o setor t&ecirc;xtil<\/span><\/a><\/span><\/span><\/span><\/p>\r\n\r\n<p style=\"text-align:justify\"><span style=\"font-size:11pt\"><span style=\"line-height:normal\"><span style=\"font-family:&quot;Calibri&quot;,sans-serif\"><a href=\"https:\/\/tissueonline.com.br\/fraldas-e-produtos-de-higiene-feminina-passam-a-ser-isentos-de-tributos-no-colorado\/?utm_campaign=newsletter_19082022_novo_modelo&amp;utm_medium=email&amp;utm_source=RD+Station\" style=\"color:blue; text-decoration:underline\"><span style=\"font-size:14.0pt\">Fraldas e produtos de higiene feminina passam a ser isentos de tributos no Colorado<\/span><\/a><\/span><\/span><\/span><\/p>\r\n\r\n<p style=\"text-align:justify\"><span style=\"font-size:11pt\"><span style=\"line-height:normal\"><span style=\"font-family:&quot;Calibri&quot;,sans-serif\"><a href=\"https:\/\/ciclovivo.com.br\/inovacao\/inspiracao\/cobertores-fabricados-com-uniformes-antigos-sao-entregues-para-doacao\/\" style=\"color:blue; text-decoration:underline\"><span style=\"font-size:14.0pt\">Cobertores fabricados com uniformes antigos s&atilde;o entregues para doa&ccedil;&atilde;o<\/span><\/a><\/span><\/span><\/span><\/p>\r\n\r\n<p style=\"text-align:justify\"><span style=\"font-size:11pt\"><span style=\"line-height:normal\"><span style=\"font-family:&quot;Calibri&quot;,sans-serif\"><a href=\"https:\/\/www.plastico.com.br\/geossinteticos-exportacao-tambem-interessa\/\" style=\"color:blue; text-decoration:underline\"><span style=\"font-size:14.0pt\">Geossint&eacute;ticos: Exporta&ccedil;&atilde;o tamb&eacute;m interessa<\/span><\/a><\/span><\/span><\/span><\/p>\r\n\r\n<p style=\"text-align:justify\"><span style=\"font-size:11pt\"><span style=\"line-height:normal\"><span style=\"font-family:&quot;Calibri&quot;,sans-serif\"><a href=\"https:\/\/tissueonline.com.br\/andritz-e-a-grande-vencedora-do-premio-destaques-do-setor-da-abtcp-2022\/?utm_campaign=newsletter_19082022_novo_modelo&amp;utm_medium=email&amp;utm_source=RD+Station\" style=\"color:blue; text-decoration:underline\"><span style=\"font-size:14.0pt\">ANDRITZ &eacute; a grande vencedora do Pr&ecirc;mio Destaques do Setor da ABTCP 2022<\/span><\/a><\/span><\/span><\/span><\/p>\r\n\r\n<p style=\"text-align:justify\"><span style=\"font-size:11pt\"><span style=\"line-height:normal\"><span style=\"font-family:&quot;Calibri&quot;,sans-serif\"><a href=\"https:\/\/www.fibre2fashion.com\/news\/textile-news\/china-s-imports-of-raw-materials-ease-in-june-after-steep-rise-in-may-282452-newsdetails.htm?utm_source=sendinblue&amp;utm_campaign=F2F%20General%20Newsletter%20August%202022&amp;utm_medium=email\" style=\"color:blue; text-decoration:underline\"><span style=\"font-size:14.0pt\">Textiles: China&#39;s imports of raw materials ease in June after steep rise in May<\/span><\/a><\/span><\/span><\/span><\/p>\r\n\r\n<p style=\"text-align:justify\"><span style=\"font-size:11pt\"><span style=\"line-height:normal\"><span style=\"font-family:&quot;Calibri&quot;,sans-serif\"><a href=\"https:\/\/plasticosemrevista.com.br\/braskem-primeiro-semestre-desafiador\/\" style=\"color:blue; text-decoration:underline\"><span style=\"font-size:14.0pt\">Braskem: primeiro semestre desafiador<\/span><\/a><\/span><\/span><\/span><\/p>\r\n\r\n<p style=\"text-align:justify\"><span style=\"font-size:11pt\"><span style=\"line-height:normal\"><span style=\"font-family:&quot;Calibri&quot;,sans-serif\"><a href=\"https:\/\/www.textiletechnology.net\/fibers\/news\/k-2022-focus-on-climate-protection-circular-economy-and-digitalization-32698?utm_source=%2Fmeta%2Fnewsletter%2Fnewsletter&amp;utm_medium=newsletter&amp;utm_campaign=nl942&amp;utm_term=0801b20e08c3242125d512808cd74302\" style=\"color:blue; text-decoration:underline\"><span style=\"font-size:14.0pt\">K 2022: Climate protection, circular economy and digitalization<\/span><\/a><\/span><\/span><\/span><\/p>\r\n\r\n<p style=\"text-align:justify\"><span style=\"font-size:11pt\"><span style=\"line-height:normal\"><span style=\"font-family:&quot;Calibri&quot;,sans-serif\"><a href=\"https:\/\/www.textiletechnology.net\/fibers\/news\/dnfi-stable-world-natural-fiber-production-in-2022-32691?utm_source=%2Fmeta%2Fnewsletter%2Fnewsletter&amp;utm_medium=newsletter&amp;utm_campaign=nl942&amp;utm_term=0801b20e08c3242125d512808cd74302\" style=\"color:blue; text-decoration:underline\"><span style=\"font-size:14.0pt\">Stable world natural fiber production in 2022<\/span><\/a><\/span><\/span><\/span><\/p>\r\n\r\n<p class=\"MsoTitle\" style=\"text-align:justify\"><span style=\"font-size:28pt\"><span style=\"font-family:&quot;Cambria&quot;,serif\"><span style=\"letter-spacing:-0.5pt\"><b><span style=\"font-size:18.0pt\"><span style=\"font-family:&quot;Calibri&quot;,sans-serif\"><span style=\"font-variant:small-caps\">Ind&uacute;stria<\/span><\/span><\/span><\/b><\/span><\/span><\/span><\/p>\r\n\r\n<p style=\"text-align:justify\"><span style=\"font-size:11pt\"><span style=\"line-height:normal\"><span style=\"font-family:&quot;Calibri&quot;,sans-serif\"><a href=\"https:\/\/noticias.portaldaindustria.com.br\/noticias\/economia\/cni-registra-confianca-disseminada-em-26-dos-29-setores-da-industria-em-agosto\/\" style=\"color:blue; text-decoration:underline\"><span style=\"font-size:14.0pt\">CNI registra confian&ccedil;a disseminada em 26 dos 29 setores da ind&uacute;stria em agosto<\/span><\/a><\/span><\/span><\/span><\/p>\r\n\r\n<p style=\"text-align:justify\"><span style=\"font-size:11pt\"><span style=\"line-height:normal\"><span style=\"font-family:&quot;Calibri&quot;,sans-serif\"><a href=\"https:\/\/www.autoindustria.com.br\/2022\/08\/16\/venda-de-veiculos-leves-se-mantem-estavel-em-agosto\/\" style=\"color:blue; text-decoration:underline\"><span style=\"font-size:14.0pt\">Venda de ve&iacute;culos leves se mant&eacute;m est&aacute;vel em agosto<\/span><\/a><\/span><\/span><\/span><\/p>\r\n\r\n<p style=\"text-align:justify\"><span style=\"font-size:11pt\"><span style=\"line-height:normal\"><span style=\"font-family:&quot;Calibri&quot;,sans-serif\"><a href=\"https:\/\/noticias.portaldaindustria.com.br\/noticias\/economia\/construcao-civil-atividade-e-emprego-crescem-em-ritmo-elevado\/\" style=\"color:blue; text-decoration:underline\"><span style=\"font-size:14.0pt\">Constru&ccedil;&atilde;o Civil: atividade e emprego crescem em ritmo elevado<\/span><\/a><\/span><\/span><\/span><\/p>\r\n\r\n<p style=\"text-align:justify\"><span style=\"font-size:11pt\"><span style=\"line-height:normal\"><span style=\"font-family:&quot;Calibri&quot;,sans-serif\"><a href=\"https:\/\/portalibre.fgv.br\/noticias\/construcao-teste-de-forca\" style=\"color:blue; text-decoration:underline\"><span style=\"font-size:14.0pt\">Constru&ccedil;&atilde;o: teste de for&ccedil;a<\/span><\/a><\/span><\/span><\/span><\/p>\r\n\r\n<p style=\"text-align:justify\"><span style=\"font-size:11pt\"><span style=\"line-height:normal\"><span style=\"font-family:&quot;Calibri&quot;,sans-serif\"><a href=\"https:\/\/www.abicalcados.com.br\/noticia\/industrias-de-calcados-gerou-mais-de-27-mil-postos-no-semestre\" style=\"color:blue; text-decoration:underline\"><span style=\"font-size:14.0pt\">Ind&uacute;strias de cal&ccedil;ados gerou mais de 27 mil postos no semestre<\/span><\/a><\/span><\/span><\/span><\/p>\r\n\r\n<p style=\"text-align:justify\"><span style=\"font-size:11pt\"><span style=\"line-height:normal\"><span style=\"font-family:&quot;Calibri&quot;,sans-serif\"><a href=\"https:\/\/www.fibre2fashion.com\/industry-article\/9449\/the-logistics-crisis-causes-and-the-way-out\" style=\"color:blue; text-decoration:underline\"><span style=\"font-size:14.0pt\">The Logistics Crisis: Causes and the Way Out<\/span><\/a><\/span><\/span><\/span><\/p>\r\n\r\n<p style=\"text-align:justify\"><span style=\"font-size:11pt\"><span style=\"line-height:normal\"><span style=\"font-family:&quot;Calibri&quot;,sans-serif\"><a href=\"http:\/\/abimovel.com\/brazilian-furniture-missao-comercial-peru-e-regiao-movimenta-mais-de-us357-milhoes-em-negocios\/?utm_campaign=brazilian_furniture_missao_comercial_peru_e_regiao_movimenta_mais_de_us_357_milhoes_em_negocios&amp;utm_medium=email&amp;utm_source=RD+Station\" style=\"color:blue; text-decoration:underline\"><span style=\"font-size:14.0pt\">Brazilian Furniture: Miss&atilde;o Comercial Peru e regi&atilde;o movimenta mais de US$ 35,7 milh&otilde;es em neg&oacute;cios<\/span><\/a><\/span><\/span><\/span><\/p>\r\n\r\n<p class=\"MsoTitle\" style=\"text-align:justify\"><span style=\"font-size:28pt\"><span style=\"font-family:&quot;Cambria&quot;,serif\"><span style=\"letter-spacing:-0.5pt\"><b><span style=\"font-size:18.0pt\"><span style=\"font-family:&quot;Calibri&quot;,sans-serif\"><span style=\"font-variant:small-caps\">Sustentabilidade<\/span><\/span><\/span><\/b><\/span><\/span><\/span><\/p>\r\n\r\n<p style=\"text-align:justify\"><span style=\"font-size:11pt\"><span style=\"line-height:normal\"><span style=\"font-family:&quot;Calibri&quot;,sans-serif\"><a href=\"https:\/\/dol.com.br\/noticias\/para\/767327\/lixo-da-rmb-passa-por-tratamentos?d=1\" style=\"color:blue; text-decoration:underline\"><span style=\"font-size:14.0pt\">N&atilde;otecidos - Lixo da RMB passa por tratamentos<\/span><\/a><\/span><\/span><\/span><\/p>\r\n\r\n<p style=\"text-align:justify\"><span style=\"font-size:11pt\"><span style=\"line-height:normal\"><span style=\"font-family:&quot;Calibri&quot;,sans-serif\"><a href=\"https:\/\/www.expointer.rs.gov.br\/usos-e-preservacao-da-agua-serao-temas-da-emater-rs-ascar-na-45-expointer\" style=\"color:blue; text-decoration:underline\"><span style=\"font-size:14.0pt\">Mulching &ndash; Fruticultura, usos e preserva&ccedil;&atilde;o da &aacute;gua, entre outros, ser&atilde;o temas da Emater\/RS-Ascar na 45&ordf; Expointer<\/span><\/a><\/span><\/span><\/span><\/p>\r\n\r\n<p style=\"text-align:justify\"><span style=\"font-size:11pt\"><span style=\"line-height:normal\"><span style=\"font-family:&quot;Calibri&quot;,sans-serif\"><a href=\"https:\/\/exame.com\/brasil\/saneamento-basico-universalizacao-vai-exigir-investimentos-de-r-77-bi-por-ano\/\" style=\"color:blue; text-decoration:underline\"><span style=\"font-size:14.0pt\">Saneamento b&aacute;sico: com infla&ccedil;&atilde;o, custo para universaliza&ccedil;&atilde;o &eacute; de quase R$ 900 bi<\/span><\/a><\/span><\/span><\/span><\/p>\r\n\r\n<p style=\"text-align:justify\"><span style=\"font-size:11pt\"><span style=\"line-height:normal\"><span style=\"font-family:&quot;Calibri&quot;,sans-serif\"><a href=\"https:\/\/www.textiletechnology.net\/technology\/news\/ncsu-can-polymers-remove-dyes-from-wastewater-32708?utm_source=%2Fmeta%2Fnewsletter%2Fnewsletter&amp;utm_medium=newsletter&amp;utm_campaign=nl942&amp;utm_term=0801b20e08c3242125d512808cd74302\" style=\"color:blue; text-decoration:underline\"><span style=\"font-size:14.0pt\">Can polymers remove dyes from wastewater?<\/span><\/a><\/span><\/span><\/span><\/p>\r\n\r\n<p style=\"text-align:justify\"><span style=\"font-size:11pt\"><span style=\"line-height:normal\"><span style=\"font-family:&quot;Calibri&quot;,sans-serif\"><a href=\"https:\/\/phys.org\/news\/2022-08-supramolecular-plastic-degradable-highly-recyclable.html\" style=\"color:blue; text-decoration:underline\"><span style=\"font-size:14.0pt\">New supramolecular plastic that is degradable and highly recyclable<\/span><\/a><\/span><\/span><\/span><\/p>\r\n\r\n<p class=\"MsoTitle\" style=\"text-align:justify\"><span style=\"font-size:28pt\"><span style=\"font-family:&quot;Cambria&quot;,serif\"><span style=\"letter-spacing:-0.5pt\"><b><span style=\"font-size:18.0pt\"><span style=\"font-family:&quot;Calibri&quot;,sans-serif\"><span style=\"font-variant:small-caps\">Inova&ccedil;&atilde;o<\/span><\/span><\/span><\/b><\/span><\/span><\/span><\/p>\r\n\r\n<p style=\"text-align:justify\"><span style=\"font-size:11pt\"><span style=\"line-height:normal\"><span style=\"font-family:&quot;Calibri&quot;,sans-serif\"><a href=\"https:\/\/ciclovivo.com.br\/arq-urb\/arquitetura\/com-paredes-de-canhamo-mini-casa-e-solucao-para-fugir-do-aluguel\/\" style=\"color:blue; text-decoration:underline\"><span style=\"font-size:14.0pt\">Com paredes de c&acirc;nhamo, mini casa &eacute; solu&ccedil;&atilde;o para fugir do aluguel<\/span><\/a><\/span><\/span><\/span><\/p>\r\n\r\n<p style=\"text-align:justify\"><span style=\"font-size:11pt\"><span style=\"line-height:normal\"><span style=\"font-family:&quot;Calibri&quot;,sans-serif\"><a href=\"https:\/\/ciclovivo.com.br\/arq-urb\/design\/sapatinhos-de-bebe-se-dissolvem-na-agua-quente-apos-o-uso\/\" style=\"color:blue; text-decoration:underline\"><span style=\"font-size:14.0pt\">Sapatinhos de beb&ecirc; se dissolvem na &aacute;gua quente ap&oacute;s o uso<\/span><\/a><\/span><\/span><\/span><\/p>\r\n\r\n<p style=\"text-align:justify\"><span style=\"font-size:11pt\"><span style=\"line-height:normal\"><span style=\"font-family:&quot;Calibri&quot;,sans-serif\"><a href=\"https:\/\/fatoreal.com.br\/gerais\/startup-da-ufsj-conquista-primeiro-lugar-em-programa-da-usp\" style=\"color:blue; text-decoration:underline\"><span style=\"font-size:14.0pt\">Startup da UFSJ conquista primeiro lugar em programa da USP com inova&ccedil;&atilde;o de filme pl&aacute;stico para estufa<\/span><\/a><\/span><\/span><\/span><\/p>\r\n\r\n<p style=\"text-align:justify\"><span style=\"font-size:11pt\"><span style=\"line-height:normal\"><span style=\"font-family:&quot;Calibri&quot;,sans-serif\"><a href=\"https:\/\/canaltech.com.br\/inovacao\/lixeira-com-inteligencia-artificial-separa-materiais-reciclaveis-sozinha-223465\/\" style=\"color:blue; text-decoration:underline\"><span style=\"font-size:14.0pt\">Lixeira com intelig&ecirc;ncia artificial separa materiais recicl&aacute;veis sozinha<\/span><\/a><\/span><\/span><\/span><\/p>\r\n\r\n<p style=\"text-align:justify\"><span style=\"font-size:11pt\"><span style=\"line-height:normal\"><span style=\"font-family:&quot;Calibri&quot;,sans-serif\"><a href=\"http:\/\/www.textilia.net\/materias\/ler\/textil\/mercado--empresas-e-personalidades\/huvispan_lanca_fio_de_poliamida_reciclado_para_o_mercado_brasileiro\" style=\"color:blue; text-decoration:underline\"><span style=\"font-size:14.0pt\">Huvispan lan&ccedil;a fio de poliamida reciclado para o mercado brasileiro<\/span><\/a><\/span><\/span><\/span><\/p>\r\n\r\n<p style=\"text-align:justify\"><span style=\"font-size:11pt\"><span style=\"line-height:normal\"><span style=\"font-family:&quot;Calibri&quot;,sans-serif\"><a href=\"https:\/\/www.textiletechnology.net\/fibers\/news\/textiles-intelligence-trend-toward-mono-materials-and-cellulosic-fibers-32686?utm_source=%2Fmeta%2Fnewsletter%2Fnewsletter&amp;utm_medium=newsletter&amp;utm_campaign=nl938&amp;utm_term=0801b20e08c3242125d512808cd74302\" style=\"color:blue; text-decoration:underline\"><span style=\"font-size:14.0pt\">Trend toward mono-materials and cellulosic fibers<\/span><\/a><\/span><\/span><\/span><\/p>\r\n\r\n<p style=\"text-align:justify\"><span style=\"font-size:11pt\"><span style=\"line-height:normal\"><span style=\"font-family:&quot;Calibri&quot;,sans-serif\"><a href=\"https:\/\/www.fibre2fashion.com\/news\/textile-news\/us-researchers-develop-polymer-to-remove-dye-from-wastewater-282478-newsdetails.htm?utm_source=sendinblue&amp;utm_campaign=F2F%20General%20Newsletter%20August%202022&amp;utm_medium=email\" style=\"color:blue; text-decoration:underline\"><span style=\"font-size:14.0pt\">Textiles: US researchers develop polymer to remove dye from wastewater<\/span><\/a><\/span><\/span><\/span><\/p>\r\n\r\n<p style=\"text-align:justify\"><span style=\"font-size:11pt\"><span style=\"line-height:normal\"><span style=\"font-family:&quot;Calibri&quot;,sans-serif\"><a href=\"https:\/\/www.innovationintextiles.com\/fibres-yarns-fabrics\/developing-advanced-fibres-in-space\/\" style=\"color:blue; text-decoration:underline\"><span style=\"font-size:14.0pt\">Developing advanced fibres in space<\/span><\/a><\/span><\/span><\/span><\/p>\r\n\r\n<p class=\"MsoTitle\" style=\"text-align:justify\"><span style=\"font-size:28pt\"><span style=\"font-family:&quot;Cambria&quot;,serif\"><span style=\"letter-spacing:-0.5pt\"><b><span style=\"font-size:18.0pt\"><span style=\"font-family:&quot;Calibri&quot;,sans-serif\"><span style=\"font-variant:small-caps\">Com&eacute;rcio Exterior<\/span><\/span><\/span><\/b><\/span><\/span><\/span><\/p>\r\n\r\n<p style=\"text-align:justify\"><span style=\"font-size:11pt\"><span style=\"line-height:normal\"><span style=\"font-family:&quot;Calibri&quot;,sans-serif\"><a href=\"https:\/\/static.portaldaindustria.com.br\/media\/filer_public\/c8\/60\/c860feaa-68d7-4944-ab4b-c8a612fb7669\/informepoliticacomercial_22_02_gecexinternalizareducaotec.pdf\" style=\"color:blue; text-decoration:underline\"><span style=\"font-size:14.0pt\">Gecex internaliza redu&ccedil;&atilde;o permanente da TEC e inclui sete produtos na Letec<\/span><\/a><\/span><\/span><\/span><\/p>\r\n\r\n<p style=\"text-align:justify\"><span style=\"font-size:11pt\"><span style=\"line-height:normal\"><span style=\"font-family:&quot;Calibri&quot;,sans-serif\"><a href=\"https:\/\/www.moneytimes.com.br\/bolsonaro-diz-que-ue-quer-acelerar-acordo-com-mercosul-para-enfrentar-desabastecimento\/?xpromo=XD-ME-SD-NL-NOTMT-AUDSD-X-X-MANHA-X-X&amp;utm_source=MT&amp;utm_medium=NLSD&amp;utm_campaign=XD-ME-SD-NL-NOTMT-AUDSD-X-X-MANHA-X-X&amp;e=YWJpbnRAYWJpbnQub3JnLmJy\" style=\"color:blue; text-decoration:underline\"><span style=\"font-size:14.0pt\">Bolsonaro diz que UE quer acelerar acordo com Mercosul para enfrentar desabastecimento<\/span><\/a><\/span><\/span><\/span><\/p>\r\n\r\n<p style=\"text-align:justify\"><span style=\"font-size:11pt\"><span style=\"line-height:normal\"><span style=\"font-family:&quot;Calibri&quot;,sans-serif\"><a href=\"https:\/\/portalibre.fgv.br\/noticias\/indicadores-de-comercio-exterior-maior-contribuicao-para-o-superavit-da-balanca-comercial\" style=\"color:blue; text-decoration:underline\"><span style=\"font-size:14.0pt\">A maior contribui&ccedil;&atilde;o para o super&aacute;vit da balan&ccedil;a comercial &eacute; da China e a maior contribui&ccedil;&atilde;o para o d&eacute;ficit &eacute; dos Estados Unidos<\/span><\/a><\/span><\/span><\/span><\/p>\r\n\r\n<p style=\"text-align:justify\"><span style=\"font-size:11pt\"><span style=\"line-height:normal\"><span style=\"font-family:&quot;Calibri&quot;,sans-serif\"><a href=\"https:\/\/www.comexdobrasil.com\/vendas-externas-de-produtos-de-higiene-pessoal-perfumaria-e-cosmeticos-cresceram-14-no-semestre-e-somaram-us-445-milhoes-diz-abihpec\/\" style=\"color:blue; text-decoration:underline\"><span style=\"font-size:14.0pt\">Vendas externas de produtos de higiene, perfumaria e cosm&eacute;ticos crescem 14% no semestre, diz ABIHPEC<\/span><\/a> <\/span><\/span><\/span><\/p>\r\n\r\n<p style=\"text-align:justify\"><span style=\"font-size:11pt\"><span style=\"line-height:normal\"><span style=\"font-family:&quot;Calibri&quot;,sans-serif\"><a href=\"https:\/\/www.comexdobrasil.com\/abicalcados-lanca-a-campanha-made-in-brazil-de-apoio-a-internacionalizacao-do-calcado-brasileiro\/\" style=\"color:blue; text-decoration:underline\"><span style=\"font-size:14.0pt\">Abical&ccedil;ados lan&ccedil;a campanha &ldquo;Made In Brazil&rdquo; de internacionaliza&ccedil;&atilde;o do cal&ccedil;ado brasileiro<\/span><\/a><\/span><\/span><\/span><\/p>\r\n\r\n<p style=\"text-align:justify\"><span style=\"font-size:11pt\"><span style=\"line-height:normal\"><span style=\"font-family:&quot;Calibri&quot;,sans-serif\"><a href=\"http:\/\/abimovel.com\/exportacoes-de-moveis-e-colchoes-abimovel-divulga-resultados-preliminares-do-1o-semestre-de-2022\/?utm_campaign=exportacoes_de_moveis_e_colchoes_abimovel_divulga_resultados_preliminares_do_1_semestre_de_2022&amp;utm_medium=email&amp;utm_source=RD+Station\" style=\"color:blue; text-decoration:underline\"><span style=\"font-size:14.0pt\">Exporta&ccedil;&otilde;es de m&oacute;veis e colch&otilde;es: ABIM&Oacute;VEL divulga resultados preliminares do 1&ordm; semestre de 2022<\/span><\/a><\/span><\/span><\/span><\/p>\r\n\r\n<p style=\"text-align:justify\"><span style=\"font-size:11pt\"><span style=\"line-height:normal\"><span style=\"font-family:&quot;Calibri&quot;,sans-serif\"><a href=\"https:\/\/portalibre.fgv.br\/noticias\/indice-de-clima-economico-da-america-latina-volta-cair-com-piora-das-expectativas\" style=\"color:blue; text-decoration:underline\"><span style=\"font-size:14.0pt\">&Iacute;ndice de Clima Econ&ocirc;mico da Am&eacute;rica Latina volta a cair com piora das expectativas <\/span><\/a><\/span><\/span><\/span><\/p>\r\n\r\n<p style=\"text-align:justify\"><span style=\"font-size:11pt\"><span style=\"line-height:normal\"><span style=\"font-family:&quot;Calibri&quot;,sans-serif\"><a href=\"https:\/\/www.freightwaves.com\/news\/despite-billions-in-canceled-orders-container-imports-stay-high\" style=\"color:blue; text-decoration:underline\"><span style=\"font-size:14.0pt\">Despite billions in canceled orders, container imports stay near peak<\/span><\/a><\/span><\/span><\/span><\/p>\r\n\r\n<p style=\"text-align:justify\"><span style=\"font-size:11pt\"><span style=\"line-height:normal\"><span style=\"font-family:&quot;Calibri&quot;,sans-serif\"><a href=\"https:\/\/jovempan.com.br\/noticias\/mundo\/eua-e-taiwan-anunciam-negociacoes-comerciais-em-meio-a-crescente-tensao-com-a-china.html\" style=\"color:blue; text-decoration:underline\"><span style=\"font-size:14.0pt\">EUA e Taiwan anunciam negocia&ccedil;&otilde;es comerciais em meio a crescente tens&atilde;o com a China<\/span><\/a><\/span><\/span><\/span><\/p>\r\n\r\n<p style=\"text-align:justify\"><span style=\"font-size:11pt\"><span style=\"line-height:normal\"><span style=\"font-family:&quot;Calibri&quot;,sans-serif\"><a href=\"https:\/\/static.portaldaindustria.com.br\/media\/filer_public\/92\/6d\/926dc5a8-9fbb-49a3-9880-088bea79bad4\/apc_5_resultados_da_12a_conferencia_ministerial_da_omc_ago2022.pdf\" style=\"color:blue; text-decoration:underline\"><span style=\"font-size:14.0pt\">CNI: An&aacute;lise de Pol&iacute;tica Comercial 5: Resultados da 12&ordf; Confer&ecirc;ncia Ministerial da OMC<\/span><\/a><\/span><\/span><\/span><\/p>\r\n\r\n<p style=\"text-align:justify\"><span style=\"font-size:11pt\"><span style=\"line-height:normal\"><span style=\"font-family:&quot;Calibri&quot;,sans-serif\"><a href=\"https:\/\/www.fibre2fashion.com\/news\/textile-news\/indicators-show-sliding-growth-outlook-in-most-major-oecd-economies-282469-newsdetails.htm?utm_source=sendinblue&amp;utm_campaign=F2F%20General%20Newsletter%20August%202022&amp;utm_medium=email\" style=\"color:blue; text-decoration:underline\"><span style=\"font-size:14.0pt\">Textiles: Indicators show sliding growth outlook in most major OECD economies<\/span><\/a><\/span><\/span><\/span><\/p>\r\n\r\n<p style=\"text-align:justify\"><span style=\"font-size:11pt\"><span style=\"line-height:normal\"><span style=\"font-family:&quot;Calibri&quot;,sans-serif\"><a href=\"https:\/\/www.moveisdevalor.com.br\/portal\/colchoeiros-vencem-batalha-por-importacao-de-fios-de-poliester?source=news\" style=\"color:blue; text-decoration:underline\"><span style=\"font-size:14.0pt\">Colchoeiros vencem batalha por importa&ccedil;&atilde;o de fios de poli&eacute;ster<\/span><\/a><\/span><\/span><\/span><\/p>\r\n\r\n<p class=\"MsoTitle\" style=\"text-align:justify\"><span style=\"font-size:28pt\"><span style=\"font-family:&quot;Cambria&quot;,serif\"><span style=\"letter-spacing:-0.5pt\"><b><span style=\"font-size:18.0pt\"><span style=\"font-family:&quot;Calibri&quot;,sans-serif\"><span style=\"font-variant:small-caps\">Economia<\/span><\/span><\/span><\/b><\/span><\/span><\/span><\/p>\r\n\r\n<p style=\"text-align:justify\"><span style=\"font-size:11pt\"><span style=\"line-height:normal\"><span style=\"font-family:&quot;Calibri&quot;,sans-serif\"><a href=\"https:\/\/www.bcb.gov.br\/content\/focus\/focus\/R20220819.pdf\" style=\"color:blue; text-decoration:underline\"><span style=\"font-size:14.0pt\">Focus &ndash; Relat&oacute;rio de Mercado<\/span><\/a><\/span><\/span><\/span><\/p>\r\n\r\n<p style=\"text-align:justify\"><span style=\"font-size:11pt\"><span style=\"line-height:normal\"><span style=\"font-family:&quot;Calibri&quot;,sans-serif\"><a href=\"https:\/\/portalibre.fgv.br\/noticias\/monitor-do-pib\" style=\"color:blue; text-decoration:underline\"><span style=\"font-size:14.0pt\">Monitor do PIB-FGV aponta crescimento de 1,1% na atividade econ&ocirc;mica em junho <\/span><\/a><\/span><\/span><\/span><\/p>\r\n\r\n<p style=\"text-align:justify\"><span style=\"font-size:11pt\"><span style=\"line-height:normal\"><span style=\"font-family:&quot;Calibri&quot;,sans-serif\"><a href=\"https:\/\/ibre.fgv.br\/blog-da-conjuntura-economica\/artigos\/barometros-globais-registram-queda-em-agosto-refletindo-mundo\" style=\"color:blue; text-decoration:underline\"><span style=\"font-size:14.0pt\">Bar&ocirc;metros Globais registram queda em agosto, refletindo mundo em desacelera&ccedil;&atilde;o. Conjuntura chinesa leva &Aacute;sia a liderar a baixa<\/span><\/a><\/span><\/span><\/span><\/p>\r\n\r\n<p style=\"text-align:justify\"><span style=\"font-size:11pt\"><span style=\"line-height:normal\"><span style=\"font-family:&quot;Calibri&quot;,sans-serif\"><a href=\"https:\/\/agenciadenoticias.ibge.gov.br\/agencia-noticias\/2012-agencia-de-noticias\/noticias\/34643-desemprego-tem-queda-em-22-estados-no-2-trimestre-de-2022\" style=\"color:blue; text-decoration:underline\"><span style=\"font-size:14.0pt\">Desemprego tem queda em 22 estados no 2&ordm; trimestre de 2022<\/span><\/a><\/span><\/span><\/span><\/p>\r\n\r\n<p style=\"text-align:justify\"><span style=\"font-size:11pt\"><span style=\"line-height:normal\"><span style=\"font-family:&quot;Calibri&quot;,sans-serif\"><a href=\"https:\/\/trademap.com.br\/agencia\/internacional\/para-onde-vao-os-juros-nos-eua-para-ex-fed-alta-das-taxas-deve-desacelerar-em-setembro\" style=\"color:blue; text-decoration:underline\"><span style=\"font-size:14.0pt\">Para onde v&atilde;o os juros nos EUA? Para ex-Fed, alta das taxas deve desacelerar em setembro<\/span><\/a><\/span><\/span><\/span><\/p>\r\n\r\n<p style=\"text-align:justify\"><span style=\"font-size:11pt\"><span style=\"line-height:normal\"><span style=\"font-family:&quot;Calibri&quot;,sans-serif\"><a href=\"https:\/\/www.fibre2fashion.com\/industry-article\/9450\/high-commodity-prices-labour-shortages-worsen-supply-chain?utm_source=sendinblue&amp;utm_campaign=F2F%20General%20Newsletter%20August%202022&amp;utm_medium=email\" style=\"color:blue; text-decoration:underline\"><span style=\"font-size:14.0pt\">High Commodity Prices &amp; Labour Shortages Worsen Supply Chain<\/span><\/a><\/span><\/span><\/span><\/p>\r\n\r\n<p style=\"text-align:justify\"><span style=\"font-size:11pt\"><span style=\"line-height:normal\"><span style=\"font-family:&quot;Calibri&quot;,sans-serif\"><a href=\"https:\/\/pages.eiu.com\/rs\/753-RIQ-438\/images\/europe-bleak-midwinter.pdf?mkt_tok=NzUzLVJJUS00MzgAAAGGVpHc8e35mu48cCFV8GUsSeiQIhRZP7gLXduejBVSSOVu3tBK--Mo5S9YjcvO-lvM9capPKFiZgBSydPzqWXkiB5_wjqkwxoRI7A8tQqmVvk\" style=\"color:blue; text-decoration:underline\"><span style=\"font-size:14.0pt\">Europe&rsquo;s bleak midwinter: recession is inevitable<\/span><\/a><\/span><\/span><\/span><\/p>\r\n","texto_en":"","7":"","imagem":"COMP_banner-padrao-home-destaques-boletim_2022082418185690wecszQvi.jpg","8":"COMP_banner-padrao-home-destaques-boletim_2022082418185690wecszQvi.jpg","arquivo":"20220823-NOTICIAS-SEMANAIS.PDF","9":"20220823-NOTICIAS-SEMANAIS.PDF","titulo_arquivo":"","10":"","titulo_arquivo_en":"","11":"","created_at":"2022-08-24 18:19:05","12":"2022-08-24 18:19:05","updated_at":"2022-08-24 18:19:05","13":"2022-08-24 18:19:05"},{"id":30,"0":30,"ordem":193,"1":193,"data":"2022-08-16","2":"2022-08-16","slug":"boletim-de-noticias-semanais-27","3":"boletim-de-noticias-semanais-27","titulo":"Boletim de Not\u00edcias Semanais","4":"Boletim de Not\u00edcias Semanais","titulo_en":"","5":"","texto":"<p style=\"text-align:justify\"><span style=\"font-size:11pt\"><span style=\"line-height:normal\"><span style=\"font-family:&quot;Calibri&quot;,sans-serif\"><span style=\"font-size:14.0pt\">Esta &eacute; uma compila&ccedil;&atilde;o das not&iacute;cias mais relevantes para o setor, incluindo informa&ccedil;&otilde;es sobre acordos internacionais, economia brasileira, sustentabilidade e mat&eacute;rias primas, al&eacute;m de novidades do setor de N&atilde;otecidos e Tecidos T&eacute;cnicos.<\/span><\/span><\/span><\/span><\/p>\r\n\r\n<p class=\"MsoTitle\" style=\"text-align:justify\"><span style=\"font-size:28pt\"><span style=\"font-family:&quot;Cambria&quot;,serif\"><span style=\"letter-spacing:-0.5pt\"><b><span style=\"font-size:18.0pt\"><span style=\"font-family:&quot;Calibri&quot;,sans-serif\"><span style=\"font-variant:small-caps\">A&ccedil;&otilde;es da ABINT<\/span><\/span><\/span><\/b><\/span><\/span><\/span><\/p>\r\n\r\n<p style=\"text-align:justify\"><span style=\"font-size:11pt\"><span style=\"line-height:normal\"><span style=\"font-family:&quot;Calibri&quot;,sans-serif\"><span class=\"MsoHyperlink\" style=\"color:blue\"><span style=\"text-decoration:underline\"><b><span style=\"font-size:14.0pt\"><span style=\"text-decoration:none\"><span style=\"text-underline:none\">Curso ABINT Tecnologia dos N&atilde;otecidos<\/span><\/span><\/span><\/b><\/span><\/span> <a href=\"https:\/\/www.abint.org.br\/informacao\/cursos-e-eventos\" style=\"color:blue; text-decoration:underline\"><b><span style=\"font-size:14.0pt\">INSCREVA-SE<\/span><\/b><\/a><span class=\"MsoHyperlink\" style=\"color:blue\"><span style=\"text-decoration:underline\"><span style=\"font-size:14.0pt\"><span style=\"text-decoration:none\"><span style=\"text-underline:none\"> <b>para as pr&oacute;ximas turmas!<\/b><\/span><\/span><\/span><\/span><\/span><\/span><\/span><\/span><\/p>\r\n\r\n<p style=\"text-align:justify\">&nbsp;<\/p>\r\n\r\n<p style=\"text-align:justify\"><img height=\"300\" src=\"https:\/\/www.abint.org.br\/assets\/img\/editor\/logo-feiplar-2_20220817132616NmbfMYjMiu.jpg\" width=\"520\" \/><\/p>\r\n\r\n<p style=\"text-align:justify\"><span class=\"MsoHyperlink\" style=\"color:blue\"><span style=\"text-decoration:underline\"><b><span style=\"font-size:13.0pt\"><span style=\"line-height:115%\"><span style=\"font-family:&quot;Calibri&quot;,sans-serif\"><span style=\"text-decoration:none\"><span style=\"text-underline:none\">A ABINT apoia a FEIPLAR COMPOSITES &amp; FEIPUR 2022<\/span><\/span><\/span><\/span><\/span><\/b><\/span><\/span><span class=\"MsoHyperlink\" style=\"color:blue\"><span style=\"text-decoration:underline\"><span style=\"font-size:13.0pt\"><span style=\"line-height:115%\"><span style=\"font-family:&quot;Calibri&quot;,sans-serif\"><span style=\"text-decoration:none\"><span style=\"text-underline:none\">, evento que ocorrer&aacute; de <b>16 a 18 de agosto<\/b>, no <b>S&atilde;o Paulo Expo<\/b>. A feira visa auxiliar o crescimento e desenvolvimento dos mercados de composites, poliuretano e pl&aacute;sticos de engenharia\/ compostos termopl&aacute;sticos em toda a Am&eacute;rica do Sul. Estes mercados t&ecirc;m registrado importante crescimento nos &uacute;ltimos anos e apontam interessantes perspectivas para os pr&oacute;ximos anos tamb&eacute;m. <\/span><\/span><\/span><\/span><\/span><\/span><\/span><span style=\"font-size:11.0pt\"><span style=\"line-height:115%\"><span style=\"font-family:&quot;Calibri&quot;,sans-serif\"><a href=\"https:\/\/feiplar.com\/\" style=\"color:blue; text-decoration:underline\"><span style=\"font-size:13.0pt\"><span style=\"line-height:115%\">Informa&ccedil;&otilde;es aqui<\/span><\/span><\/a><\/span><\/span><\/span><span class=\"MsoHyperlink\" style=\"color:blue\"><span style=\"text-decoration:underline\"><span style=\"font-size:13.0pt\"><span style=\"line-height:115%\"><span style=\"font-family:&quot;Calibri&quot;,sans-serif\"><span style=\"text-decoration:none\"><span style=\"text-underline:none\">.<\/span><\/span><\/span><\/span><\/span><\/span><\/span><\/p>\r\n\r\n<p style=\"text-align:justify\">&nbsp;<\/p>\r\n\r\n<p style=\"text-align:justify\"><span class=\"MsoHyperlink\" style=\"color:blue\"><span style=\"text-decoration:underline\"><span style=\"font-size:13.0pt\"><span style=\"line-height:115%\"><span style=\"font-family:&quot;Calibri&quot;,sans-serif\"><span style=\"text-decoration:none\"><span style=\"text-underline:none\"><img src=\"https:\/\/www.abint.org.br\/assets\/img\/editor\/ebanner-760x100px_20220817132734mzPg1dl1G7.gif\" \/><\/span><\/span><\/span><\/span><\/span><\/span><\/span><\/p>\r\n\r\n<p style=\"text-align:justify\"><span class=\"MsoHyperlink\" style=\"color:blue\"><span style=\"text-decoration:underline\"><span style=\"font-size:14.0pt\"><span style=\"line-height:115%\"><span style=\"font-family:&quot;Calibri&quot;,sans-serif\"><span style=\"text-decoration:none\"><span style=\"text-underline:none\">O CTG ABINT &eacute; apoiador do <b>33&ordm; Encontro T&eacute;cnico AESabesp \/ Fenasan 2022<\/b>, eventos que ocorrer&atilde;o de <b>13 a 15 de setembro<\/b>, no Pavilh&atilde;o Branco Expo Center Norte. <\/span><\/span><\/span><\/span><\/span><\/span><\/span><span style=\"font-size:11.0pt\"><span style=\"line-height:115%\"><span style=\"font-family:&quot;Calibri&quot;,sans-serif\"><a href=\"https:\/\/fenasan.com.br\/\" style=\"color:blue; text-decoration:underline\"><span style=\"font-size:14.0pt\"><span style=\"line-height:115%\">Informa&ccedil;&otilde;es aqui<\/span><\/span><\/a><\/span><\/span><\/span><span class=\"MsoHyperlink\" style=\"color:blue\"><span style=\"text-decoration:underline\"><span style=\"font-size:14.0pt\"><span style=\"line-height:115%\"><span style=\"font-family:&quot;Calibri&quot;,sans-serif\"><span style=\"text-decoration:none\"><span style=\"text-underline:none\">.<\/span><\/span><\/span><\/span><\/span><\/span><\/span><\/p>\r\n\r\n<p style=\"text-align:justify\"><span class=\"MsoHyperlink\" style=\"color:blue\"><span style=\"text-decoration:underline\"><span style=\"font-size:14.0pt\"><span style=\"line-height:115%\"><span style=\"font-family:&quot;Calibri&quot;,sans-serif\"><span style=\"text-decoration:none\"><span style=\"text-underline:none\"><img height=\"422\" src=\"https:\/\/www.abint.org.br\/assets\/img\/editor\/congresso-internacional-abit-2022_20220817132820IywegFKrwf.png\" width=\"510\" \/><\/span><\/span><\/span><\/span><\/span><\/span><\/span><\/p>\r\n\r\n<p style=\"text-align:justify\"><span class=\"MsoHyperlink\" style=\"color:blue\"><span style=\"text-decoration:underline\"><b><span style=\"font-size:14.0pt\"><span style=\"line-height:115%\"><span style=\"font-family:&quot;Calibri&quot;,sans-serif\"><span style=\"text-decoration:none\"><span style=\"text-underline:none\">A ABINT &eacute; uma das patrocinadoras do Congresso Internacional ABIT 2022<\/span><\/span><\/span><\/span><\/span><\/b><\/span><\/span><span class=\"MsoHyperlink\" style=\"color:blue\"><span style=\"text-decoration:underline\"><span style=\"font-size:14.0pt\"><span style=\"line-height:115%\"><span style=\"font-family:&quot;Calibri&quot;,sans-serif\"><span style=\"text-decoration:none\"><span style=\"text-underline:none\">, evento 100% presencial, que ocorrer&aacute; dias <b>03 e 04 de novembro<\/b>, em Belo Horizonte, MG. Em breve traremos mais detalhes.<\/span><\/span><\/span><\/span><\/span><\/span><\/span><\/p>\r\n\r\n<p style=\"text-align:justify\"><span class=\"MsoHyperlink\" style=\"color:blue\"><span style=\"text-decoration:underline\"><span style=\"font-size:14.0pt\"><span style=\"line-height:115%\"><span style=\"font-family:&quot;Calibri&quot;,sans-serif\"><span style=\"text-decoration:none\"><span style=\"text-underline:none\"><img height=\"300\" src=\"https:\/\/www.abint.org.br\/assets\/img\/editor\/partnerkit-conahp-retangular-cth-abint_20220817132927S1eg9FYZIU.png\" width=\"530\" \/><\/span><\/span><\/span><\/span><\/span><\/span><\/span><\/p>\r\n\r\n<p style=\"text-align:justify\"><span class=\"MsoHyperlink\" style=\"color:blue\"><span style=\"text-decoration:underline\"><span style=\"font-size:14.0pt\"><span style=\"line-height:115%\"><span style=\"font-family:&quot;Calibri&quot;,sans-serif\"><span style=\"text-decoration:none\"><span style=\"text-underline:none\">O <b>CTH ABINT<\/b> &eacute; patrocinador do <\/span><\/span><\/span><\/span><\/span><\/span><\/span><span class=\"MsoHyperlink\" style=\"color:blue\"><span style=\"text-decoration:underline\"><b><span style=\"font-size:14.0pt\"><span style=\"line-height:115%\"><span style=\"font-family:&quot;Calibri&quot;,sans-serif\"><span style=\"text-decoration:none\"><span style=\"text-underline:none\">CONAHP 2022 - Congresso Nacional de Hospitais Privados<\/span><\/span><\/span><\/span><\/span><\/b><\/span><\/span><span class=\"MsoHyperlink\" style=\"color:blue\"><span style=\"text-decoration:underline\"><span style=\"font-size:14.0pt\"><span style=\"line-height:115%\"><span style=\"font-family:&quot;Calibri&quot;,sans-serif\"><span style=\"text-decoration:none\"><span style=\"text-underline:none\">, evento que ocorrer&aacute; <b>presencialmente nos dias 10 e 11 de novembro, Transam&eacute;rica Expo Center<\/b>, S&atilde;o Paulo, SP. <\/span><\/span><\/span><\/span><\/span><\/span><\/span><span style=\"font-size:11.0pt\"><span style=\"line-height:115%\"><span style=\"font-family:&quot;Calibri&quot;,sans-serif\"><a href=\"https:\/\/conahp.org.br\/2022\/\" style=\"color:blue; text-decoration:underline\"><span style=\"font-size:14.0pt\"><span style=\"line-height:115%\">Informa&ccedil;&otilde;es aqui<\/span><\/span><\/a><\/span><\/span><\/span><\/p>\r\n\r\n<p style=\"text-align:justify\">&nbsp;<\/p>\r\n\r\n<p style=\"text-align:justify\"><span style=\"font-size:11pt\"><span style=\"line-height:normal\"><span style=\"font-family:&quot;Calibri&quot;,sans-serif\"><b><span style=\"font-size:18.0pt\"><span style=\"font-variant:small-caps\">Eventos<\/span><\/span><\/b><\/span><\/span><\/span><\/p>\r\n\r\n<p style=\"text-align:justify\"><span style=\"font-size:11pt\"><span style=\"line-height:normal\"><span style=\"font-family:&quot;Calibri&quot;,sans-serif\"><span class=\"MsoHyperlink\" style=\"color:blue\"><span style=\"text-decoration:underline\"><b><span style=\"font-size:14.0pt\"><span style=\"text-decoration:none\"><span style=\"text-underline:none\">6&ordm; F&oacute;rum de Manufatura<\/span><\/span><\/span><\/b><\/span><\/span><span class=\"MsoHyperlink\" style=\"color:blue\"><span style=\"text-decoration:underline\"><span style=\"font-size:14.0pt\"><span style=\"text-decoration:none\"><span style=\"text-underline:none\">, 22 e 23 de agosto de 2022, Hotel Pullman Ibirapuera, S&atilde;o Paulo. <\/span><\/span><\/span><\/span><\/span><a href=\"https:\/\/novo.forumdemanufatura.com.br\/\" style=\"color:blue; text-decoration:underline\"><span style=\"font-size:14.0pt\">Informa&ccedil;&otilde;es aqui<\/span><\/a><span class=\"MsoHyperlink\" style=\"color:blue\"><span style=\"text-decoration:underline\"><span style=\"font-size:14.0pt\"><span style=\"text-decoration:none\"><span style=\"text-underline:none\">.<\/span><\/span><\/span><\/span><\/span><\/span><\/span><\/span><\/p>\r\n\r\n<p style=\"text-align:justify\"><span style=\"font-size:11pt\"><span style=\"line-height:normal\"><span style=\"font-family:&quot;Calibri&quot;,sans-serif\"><span class=\"MsoHyperlink\" style=\"color:blue\"><span style=\"text-decoration:underline\"><b><span style=\"font-size:14.0pt\"><span style=\"text-decoration:none\"><span style=\"text-underline:none\">Jornada de Enfermagem em Central de Material e Esteriliza&ccedil;&atilde;o<\/span><\/span><\/span><\/b><\/span><\/span><span class=\"MsoHyperlink\" style=\"color:blue\"><span style=\"text-decoration:underline\"><span style=\"font-size:14.0pt\"><span style=\"text-decoration:none\"><span style=\"text-underline:none\">, 23 de agosto, Expominas, Belo Horizonte. <\/span><\/span><\/span><\/span><\/span><a href=\"https:\/\/nascecme.com.br\/jornada-de-enfermagem-em-central-de-material-e-esterilizacao\/\" style=\"color:blue; text-decoration:underline\"><span style=\"font-size:14.0pt\">Informa&ccedil;&otilde;es aqui<\/span><\/a><span class=\"MsoHyperlink\" style=\"color:blue\"><span style=\"text-decoration:underline\"><span style=\"font-size:14.0pt\"><span style=\"text-decoration:none\"><span style=\"text-underline:none\">.<\/span><\/span><\/span><\/span><\/span><\/span><\/span><\/span><\/p>\r\n\r\n<p style=\"text-align:justify\"><span style=\"font-size:11pt\"><span style=\"line-height:normal\"><span style=\"font-family:&quot;Calibri&quot;,sans-serif\"><span class=\"MsoHyperlink\" style=\"color:blue\"><span style=\"text-decoration:underline\"><b><span style=\"font-size:14.0pt\"><span style=\"text-decoration:none\"><span style=\"text-underline:none\">COBRAMSEG 2022<\/span><\/span><\/span><\/b><\/span><\/span><span class=\"MsoHyperlink\" style=\"color:blue\"><span style=\"text-decoration:underline\"><span style=\"font-size:14.0pt\"><span style=\"text-decoration:none\"><span style=\"text-underline:none\">, 23 a 26 de agosto, Expo D. Pedro, Campinas, SP. <\/span><\/span><\/span><\/span><\/span><a href=\"https:\/\/cobramseg2022.com.br\/\" style=\"color:blue; text-decoration:underline\"><span style=\"font-size:14.0pt\">Informa&ccedil;&otilde;es aqui<\/span><\/a><span class=\"MsoHyperlink\" style=\"color:blue\"><span style=\"text-decoration:underline\"><span style=\"font-size:14.0pt\"><span style=\"text-decoration:none\"><span style=\"text-underline:none\">.<\/span><\/span><\/span><\/span><\/span><\/span><\/span><\/span><\/p>\r\n\r\n<p style=\"text-align:justify\"><span style=\"font-size:11pt\"><span style=\"line-height:normal\"><span style=\"font-family:&quot;Calibri&quot;,sans-serif\"><span class=\"MsoHyperlink\" style=\"color:blue\"><span style=\"text-decoration:underline\"><b><span style=\"font-size:14.0pt\"><span style=\"text-decoration:none\"><span style=\"text-underline:none\">Curso Almaco &ldquo;Comp&oacute;sitos Avan&ccedil;ados&rdquo;<\/span><\/span><\/span><\/b><\/span><\/span><span class=\"MsoHyperlink\" style=\"color:blue\"><span style=\"text-decoration:underline\"><span style=\"font-size:14.0pt\"><span style=\"text-decoration:none\"><span style=\"text-underline:none\">, 24 e 25 de agosto. <\/span><\/span><\/span><\/span><\/span><a href=\"https:\/\/emailmarketing.locaweb.com.br\/accounts\/116830\/messages\/323\/clicks\/110\/1204?envelope_id=230\" style=\"color:blue; text-decoration:underline\"><span style=\"font-size:14.0pt\">Informa&ccedil;&otilde;es aqui<\/span><\/a><span class=\"MsoHyperlink\" style=\"color:blue\"><span style=\"text-decoration:underline\"><span style=\"font-size:14.0pt\"><span style=\"text-decoration:none\"><span style=\"text-underline:none\">.<\/span><\/span><\/span><\/span><\/span><\/span><\/span><\/span><\/p>\r\n\r\n<p style=\"text-align:justify\"><span style=\"font-size:11pt\"><span style=\"line-height:normal\"><span style=\"font-family:&quot;Calibri&quot;,sans-serif\"><span class=\"MsoHyperlink\" style=\"color:blue\"><span style=\"text-decoration:underline\"><b><span style=\"font-size:14.0pt\"><span style=\"text-decoration:none\"><span style=\"text-underline:none\">FICONS &ndash; XII Feira Internacional de Materiais, Equipamentos e Servi&ccedil;os da Constru&ccedil;&atilde;o<\/span><\/span><\/span><\/b><\/span><\/span><span class=\"MsoHyperlink\" style=\"color:blue\"><span style=\"text-decoration:underline\"><span style=\"font-size:14.0pt\"><span style=\"text-decoration:none\"><span style=\"text-underline:none\">, 26 de agosto, no Centro de Conven&ccedil;&otilde;es de Pernambuco. <\/span><\/span><\/span><\/span><\/span><a href=\"https:\/\/www.ficons.com.br\/2022\/index\" style=\"color:blue; text-decoration:underline\"><span style=\"font-size:14.0pt\">Informa&ccedil;&otilde;es aqui<\/span><\/a><span class=\"MsoHyperlink\" style=\"color:blue\"><span style=\"text-decoration:underline\"><span style=\"font-size:14.0pt\"><span style=\"text-decoration:none\"><span style=\"text-underline:none\">.<\/span><\/span><\/span><\/span><\/span><\/span><\/span><\/span><\/p>\r\n\r\n<p style=\"text-align:justify\"><span style=\"font-size:11pt\"><span style=\"line-height:normal\"><span style=\"font-family:&quot;Calibri&quot;,sans-serif\"><span class=\"MsoHyperlink\" style=\"color:blue\"><span style=\"text-decoration:underline\"><b><span style=\"font-size:14.0pt\"><span style=\"text-decoration:none\"><span style=\"text-underline:none\">Semin&aacute;rio Sindit&ecirc;xtil-SP &ldquo;Efici&ecirc;ncia e Transi&ccedil;&atilde;o Energ&eacute;tica&rdquo;<\/span><\/span><\/span><\/b><\/span><\/span><span class=\"MsoHyperlink\" style=\"color:blue\"><span style=\"text-decoration:underline\"><span style=\"font-size:14.0pt\"><span style=\"text-decoration:none\"><span style=\"text-underline:none\">, 28 de agosto, Rua Marqu&ecirc;s de Itu, 968, S&atilde;o Paulo. <\/span><\/span><\/span><\/span><\/span><a href=\"https:\/\/s3.sa-east-1.amazonaws.com\/sindi-files.sinditextilsp.org.br\/site\/sindi_90anos\/Seminario_eficiencia_energetica\/Programa%C3%A7%C3%A3o+Semin%C3%A1rio+Efici%C3%AAncia+e+Transi%C3%A7%C3%A3o+Energ%C3%A9tica.pdf?utm_campaign=convite_seminario_energia&amp;utm_medium=email&amp;utm_source=RD+Station\" style=\"color:blue; text-decoration:underline\"><span style=\"font-size:14.0pt\">Programa&ccedil;&atilde;o<\/span><\/a><span class=\"MsoHyperlink\" style=\"color:blue\"><span style=\"text-decoration:underline\"><span style=\"font-size:14.0pt\"><span style=\"text-decoration:none\"><span style=\"text-underline:none\">. <\/span><\/span><\/span><\/span><\/span><a href=\"https:\/\/eventos.abit.org.br\/Subs.aspx?key=e76786ff-e0ac-447b-81b1-a7dd2c2c3217&amp;utm_campaign=convite_seminario_energia&amp;utm_medium=email&amp;utm_source=RD+Station\" style=\"color:blue; text-decoration:underline\"><span style=\"font-size:14.0pt\">Inscri&ccedil;&otilde;es<\/span><\/a><span class=\"MsoHyperlink\" style=\"color:blue\"><span style=\"text-decoration:underline\"><span style=\"font-size:14.0pt\"><span style=\"text-decoration:none\"><span style=\"text-underline:none\">.<\/span><\/span><\/span><\/span><\/span><\/span><\/span><\/span><\/p>\r\n\r\n<p style=\"text-align:justify\"><span style=\"font-size:11pt\"><span style=\"line-height:normal\"><span style=\"font-family:&quot;Calibri&quot;,sans-serif\"><span class=\"MsoHyperlink\" style=\"color:blue\"><span style=\"text-decoration:underline\"><b><span style=\"font-size:14.0pt\"><span style=\"text-decoration:none\"><span style=\"text-underline:none\">13&ordm; Simp&oacute;sio Internacional de Esteriliza&ccedil;&atilde;o SOBECC<\/span><\/span><\/span><\/b><\/span><\/span><span class=\"MsoHyperlink\" style=\"color:blue\"><span style=\"text-decoration:underline\"><span style=\"font-size:14.0pt\"><span style=\"text-decoration:none\"><span style=\"text-underline:none\">, de 30 de agosto a 02 de setembro, Centro de Conven&ccedil;&otilde;es Anhembi, S&atilde;o Paulo, SP. <\/span><\/span><\/span><\/span><\/span><a href=\"https:\/\/www.congresso-simposio-sobecc.com.br\/sobecc2022\" style=\"color:blue; text-decoration:underline\"><span style=\"font-size:14.0pt\">Informa&ccedil;&otilde;es aqui<\/span><\/a><span class=\"MsoHyperlink\" style=\"color:blue\"><span style=\"text-decoration:underline\"><span style=\"font-size:14.0pt\"><span style=\"text-decoration:none\"><span style=\"text-underline:none\">.<\/span><\/span><\/span><\/span><\/span><\/span><\/span><\/span><\/p>\r\n\r\n<p style=\"text-align:justify\"><span style=\"font-size:11pt\"><span style=\"line-height:normal\"><span style=\"font-family:&quot;Calibri&quot;,sans-serif\"><span class=\"MsoHyperlink\" style=\"color:blue\"><span style=\"text-decoration:underline\"><b><span style=\"font-size:14.0pt\"><span style=\"text-decoration:none\"><span style=\"text-underline:none\">Workshop Abit &ldquo;Etiquetagem de Produtos T&ecirc;xteis e Confeccionados&rdquo;<\/span><\/span><\/span><\/b><\/span><\/span><span class=\"MsoHyperlink\" style=\"color:blue\"><span style=\"text-decoration:underline\"><span style=\"font-size:14.0pt\"><span style=\"text-decoration:none\"><span style=\"text-underline:none\">, 31 de agosto. <\/span><\/span><\/span><\/span><\/span><a href=\"https:\/\/eventos.abit.org.br\/Subs.aspx?key=5b52d0cb-703f-4d74-b5c0-db29a5836eff\" style=\"color:blue; text-decoration:underline\"><span style=\"font-size:14.0pt\">Informa&ccedil;&otilde;es aqui<\/span><\/a><span class=\"MsoHyperlink\" style=\"color:blue\"><span style=\"text-decoration:underline\"><span style=\"font-size:14.0pt\"><span style=\"text-decoration:none\"><span style=\"text-underline:none\">.<\/span><\/span><\/span><\/span><\/span><\/span><\/span><\/span><\/p>\r\n\r\n<p style=\"text-align:justify\"><span style=\"font-size:11pt\"><span style=\"line-height:normal\"><span style=\"font-family:&quot;Calibri&quot;,sans-serif\"><span class=\"MsoHyperlink\" style=\"color:blue\"><span style=\"text-decoration:underline\"><b><span style=\"font-size:14.0pt\"><span style=\"text-decoration:none\"><span style=\"text-underline:none\">Workshop de Minera&ccedil;&atilde;o promovido pela CSCM da ABIMAQ<\/span><\/span><\/span><\/b><\/span><\/span><span class=\"MsoHyperlink\" style=\"color:blue\"><span style=\"text-decoration:underline\"><span style=\"font-size:14.0pt\"><span style=\"text-decoration:none\"><span style=\"text-underline:none\">, 31 de agosto, Audit&oacute;rio A da M&amp;T Expo. <\/span><\/span><\/span><\/span><\/span><a href=\"https:\/\/www.mtexpo.com.br\/pt\/visitantes\/programacao\/workshop-de-mineracao\" style=\"color:blue; text-decoration:underline\"><span style=\"font-size:14.0pt\">Informa&ccedil;&otilde;es aqui<\/span><\/a><span class=\"MsoHyperlink\" style=\"color:blue\"><span style=\"text-decoration:underline\"><span style=\"font-size:14.0pt\"><span style=\"text-decoration:none\"><span style=\"text-underline:none\">.<\/span><\/span><\/span><\/span><\/span><\/span><\/span><\/span><\/p>\r\n\r\n<p style=\"text-align:justify\"><span style=\"font-size:11pt\"><span style=\"line-height:normal\"><span style=\"font-family:&quot;Calibri&quot;,sans-serif\"><span class=\"MsoHyperlink\" style=\"color:blue\"><span style=\"text-decoration:underline\"><b><span style=\"font-size:14.0pt\"><span style=\"text-decoration:none\"><span style=\"text-underline:none\">12&ordm; Semin&aacute;rio Competitividade: Aprendendo a abrir caminhos - Os atalhos para o pl&aacute;stico se recriar e continuar a criar<\/span><\/span><\/span><\/b><\/span><\/span><span class=\"MsoHyperlink\" style=\"color:blue\"><span style=\"text-decoration:underline\"><span style=\"font-size:14.0pt\"><span style=\"text-decoration:none\"><span style=\"text-underline:none\">, 13 de setembro, 100% presencial, Hotel Meli&aacute;, Av. Paulista, 2181, S&atilde;o Paulo. <\/span><\/span><\/span><\/span><\/span><a href=\"https:\/\/plasticosemrevista.com.br\/competitividade-2022\" style=\"color:blue; text-decoration:underline\"><span style=\"font-size:14.0pt\">Programa&ccedil;&atilde;o<\/span><\/a><span class=\"MsoHyperlink\" style=\"color:blue\"><span style=\"text-decoration:underline\"><span style=\"font-size:14.0pt\"><span style=\"text-decoration:none\"><span style=\"text-underline:none\">. <\/span><\/span><\/span><\/span><\/span><a href=\"https:\/\/plasticosemrevista.com.br\/competitividade-2022-inscricao\" style=\"color:blue; text-decoration:underline\"><span style=\"font-size:14.0pt\">Inscri&ccedil;&otilde;es<\/span><\/a><span class=\"MsoHyperlink\" style=\"color:blue\"><span style=\"text-decoration:underline\"><span style=\"font-size:14.0pt\"><span style=\"text-decoration:none\"><span style=\"text-underline:none\">.<\/span><\/span><\/span><\/span><\/span><\/span><\/span><\/span><\/p>\r\n\r\n<p style=\"text-align:justify\"><span style=\"font-size:11pt\"><span style=\"line-height:normal\"><span style=\"font-family:&quot;Calibri&quot;,sans-serif\"><span class=\"MsoHyperlink\" style=\"color:blue\"><span style=\"text-decoration:underline\"><b><span style=\"font-size:14.0pt\"><span style=\"text-decoration:none\"><span style=\"text-underline:none\">Feira HospitalMed, <\/span><\/span><\/span><\/b><\/span><\/span><span class=\"MsoHyperlink\" style=\"color:blue\"><span style=\"text-decoration:underline\"><span style=\"font-size:14.0pt\"><span style=\"text-decoration:none\"><span style=\"text-underline:none\">19 a 21 de outubro, Centro de Conven&ccedil;&otilde;es de Pernambuco. <\/span><\/span><\/span><\/span><\/span><a href=\"https:\/\/hospitalmed.com.br\/feira\/\" style=\"color:blue; text-decoration:underline\"><span style=\"font-size:14.0pt\">Informa&ccedil;&otilde;es aqui.<\/span><\/a><\/span><\/span><\/span><\/p>\r\n\r\n<p style=\"text-align:justify\"><span style=\"font-size:11pt\"><span style=\"line-height:normal\"><span style=\"font-family:&quot;Calibri&quot;,sans-serif\"><span class=\"MsoHyperlink\" style=\"color:blue\"><span style=\"text-decoration:underline\"><b><span style=\"font-size:14.0pt\"><span style=\"text-decoration:none\"><span style=\"text-underline:none\">Innovate: Zero Carbon, Textiles&#39; journey to zero carbon<\/span><\/span><\/span><\/b><\/span><\/span><\/span><\/span><\/span><\/p>\r\n\r\n<p style=\"text-align:justify\"><span style=\"font-size:11pt\"><span style=\"line-height:normal\"><span style=\"font-family:&quot;Calibri&quot;,sans-serif\"><span class=\"MsoHyperlink\" style=\"color:blue\"><span style=\"text-decoration:underline\"><span style=\"font-size:14.0pt\"><span style=\"text-decoration:none\"><span style=\"text-underline:none\">When: 1-3 Nov 2022<\/span><\/span><\/span><\/span><\/span><\/span><\/span><\/span><\/p>\r\n\r\n<p style=\"text-align:justify\"><span style=\"font-size:11pt\"><span style=\"line-height:normal\"><span style=\"font-family:&quot;Calibri&quot;,sans-serif\"><span class=\"MsoHyperlink\" style=\"color:blue\"><span style=\"text-decoration:underline\"><span style=\"font-size:14.0pt\"><span style=\"text-decoration:none\"><span style=\"text-underline:none\">What time: 13:00&ndash;17:00 UTC \/ 9:00&ndash;13:00 EDT<\/span><\/span><\/span><\/span><\/span><\/span><\/span><\/span><\/p>\r\n\r\n<p style=\"text-align:justify\"><span style=\"font-size:11pt\"><span style=\"line-height:normal\"><span style=\"font-family:&quot;Calibri&quot;,sans-serif\"><span class=\"MsoHyperlink\" style=\"color:blue\"><span style=\"text-decoration:underline\"><span style=\"font-size:14.0pt\"><span style=\"text-decoration:none\"><span style=\"text-underline:none\">Where: Virtual, <\/span><\/span><\/span><\/span><\/span><a href=\"https:\/\/events.wtin.com\/event\/f5bac4f2-d902-41ba-9153-a4d80622877c\/summary\" style=\"color:blue; text-decoration:underline\"><span style=\"font-size:14.0pt\">events.wtin.com\/innovate<\/span><\/a><\/span><\/span><\/span><\/p>\r\n\r\n<p class=\"MsoTitle\" style=\"text-align:justify\"><span style=\"font-size:28pt\"><span style=\"font-family:&quot;Cambria&quot;,serif\"><span style=\"letter-spacing:-0.5pt\"><b><span style=\"font-size:18.0pt\"><span style=\"font-family:&quot;Calibri&quot;,sans-serif\"><span style=\"font-variant:small-caps\">Setor<\/span><\/span><\/span><\/b><\/span><\/span><\/span><\/p>\r\n\r\n<p style=\"text-align:justify\"><span style=\"font-size:11pt\"><span style=\"line-height:normal\"><span style=\"font-family:&quot;Calibri&quot;,sans-serif\"><a href=\"http:\/\/textileindustry.ning.com\/forum\/topics\/impasse-do-ipi-abit-assina-manifesto-contra-decis-es-do-stf\" style=\"color:blue; text-decoration:underline\"><span style=\"font-size:14.0pt\">Impasse do IPI: Abit assina manifesto contra decis&otilde;es do STF<\/span><\/a><\/span><\/span><\/span><\/p>\r\n\r\n<p style=\"text-align:justify\"><span style=\"font-size:11pt\"><span style=\"line-height:normal\"><span style=\"font-family:&quot;Calibri&quot;,sans-serif\"><a href=\"https:\/\/www.segs.com.br\/demais\/355205-estudo-da-abrafiltros-mostra-que-setor-de-filtracao-industrial-tem-boas-perspectivas-para-os-proximos-anos\" style=\"color:blue; text-decoration:underline\"><span style=\"font-size:14.0pt\">Estudo da Abrafiltros mostra que setor de filtra&ccedil;&atilde;o industrial tem boas perspectivas para os pr&oacute;ximos anos<\/span><\/a><\/span><\/span><\/span><\/p>\r\n\r\n<p style=\"text-align:justify\"><span style=\"font-size:11pt\"><span style=\"line-height:normal\"><span style=\"font-family:&quot;Calibri&quot;,sans-serif\"><a href=\"https:\/\/br.investing.com\/news\/commodities-news\/os-precos-do-petroleo-cairam-quase-30-em-2-meses-qual-e-o-proximo-passo-1026068\" style=\"color:blue; text-decoration:underline\"><span style=\"font-size:14.0pt\">Os pre&ccedil;os do petr&oacute;leo ca&iacute;ram quase 30% em 2 meses. Qual &eacute; o pr&oacute;ximo passo?<\/span><\/a><\/span><\/span><\/span><\/p>\r\n\r\n<p style=\"text-align:justify\"><span style=\"font-size:11pt\"><span style=\"line-height:normal\"><span style=\"font-family:&quot;Calibri&quot;,sans-serif\"><a href=\"https:\/\/financenews.com.br\/2022\/08\/braskem-reporta-prejuizo-no-2t22\/\" style=\"color:blue; text-decoration:underline\"><span style=\"font-size:14.0pt\">Braskem reporta preju&iacute;zo no 2T22 - Finance News<\/span><\/a><\/span><\/span><\/span><\/p>\r\n\r\n<p style=\"text-align:justify\"><span style=\"font-size:11pt\"><span style=\"line-height:normal\"><span style=\"font-family:&quot;Calibri&quot;,sans-serif\"><a href=\"https:\/\/www.nonwovens-industry.com\/contents\/view_breaking-news\/2022-08-11\/exports-dominate-chinese-trade-of-tissues-hygiene-products-and-wipes?utm_campaign=NON+eNewsletter&amp;utm_medium=email&amp;_hsmi=222547709&amp;_hsenc=p2ANqtz-9_CNetL9EAOiKa0lZq06xvIgsW-bySS01aj3teYqZLgVZRPf3cf6ZkdT4MaM5RLatkhtrjIfHbo10l53KaoPd--TSjAg&amp;utm_content=222547709&amp;utm_source=hs_email\" style=\"color:blue; text-decoration:underline\"><span style=\"font-size:14.0pt\">Exports Dominate Chinese Trade of Tissues, Hygiene Products and Wipes<\/span><\/a><\/span><\/span><\/span><\/p>\r\n\r\n<p style=\"text-align:justify\"><span style=\"font-size:11pt\"><span style=\"line-height:normal\"><span style=\"font-family:&quot;Calibri&quot;,sans-serif\"><a href=\"https:\/\/www.fibre2fashion.com\/news\/textile-news\/textile-industry-in-china-sees-stable-expansion-in-h1-2022-282493-newsdetails.htm\" style=\"color:blue; text-decoration:underline\"><span style=\"font-size:14.0pt\">Textile industry in China sees stable expansion in H1 2022<\/span><\/a><\/span><\/span><\/span><\/p>\r\n\r\n<p style=\"text-align:justify\"><span style=\"font-size:11pt\"><span style=\"line-height:normal\"><span style=\"font-family:&quot;Calibri&quot;,sans-serif\"><a href=\"https:\/\/www.fibre2fashion.com\/news\/textile-news\/india-needs-more-schemes-to-enhance-production-of-textile-raw-material-282422-newsdetails.htm\" style=\"color:blue; text-decoration:underline\"><span style=\"font-size:14.0pt\">India needs more schemes to enhance production of textile raw material<\/span><\/a><\/span><\/span><\/span><\/p>\r\n\r\n<p style=\"text-align:justify\"><span style=\"font-size:11pt\"><span style=\"line-height:normal\"><span style=\"font-family:&quot;Calibri&quot;,sans-serif\"><a href=\"https:\/\/www.infobae.com\/economia\/2022\/08\/11\/por-primera-vez-en-30-anos-el-indec-registro-aumentos-de-3-digitos-la-ropa-subio-mas-de-un-100-en-el-gran-buenos-aires\/\" style=\"color:blue; text-decoration:underline\"><span style=\"font-size:14.0pt\">Por primera vez en 30 a&ntilde;os el Indec registr&oacute; aumentos de tres d&iacute;gitos: la ropa subi&oacute; m&aacute;s de un 100% en el Gran Buenos Aires - Infobae<\/span><\/a><\/span><\/span><\/span><\/p>\r\n\r\n<p style=\"text-align:justify\"><span style=\"font-size:11pt\"><span style=\"line-height:normal\"><span style=\"font-family:&quot;Calibri&quot;,sans-serif\"><a href=\"https:\/\/t.rdsv1.net\/ls\/click?upn=dUXG8cK7gehfgvepwsFkLMFol9SUeSyRX5ZbS4oHzZrnBHfQuuykge4iO4XnEu0zMtT-2FEajpo1Pbuiq8ULmKgg3mZFBqyCki-2Brp9SOxqA5UOvq0GUPvJknRSerJ2JU-2FIjk7LjtHJXRZv8qudUtVpnxUkovp-2BTdzSdY8pBJhoyLU7-2Fv-2B5gUfBji2MydhdSq4KF0wRsdckw7lFjBQ6XsnSb2HTKdPKMFyTGYFCA-2Bz52ueBeas7uuYt44Hw3N3MfuZGjqM1ZzCW1Z0okgmn1CGDo5ODyioRxLS8RkCwm1wvC2h0VYiA-2BAmpPAhpCyJEkYZR2k7Yh7D5-2B49Wsx31KfHOlKdV0H3FdJucD15OPPgXoJLVAbSeFKx6qJCO-2F4vFIGuHZS3Y_iW8zc4KBvTUX2z9kws1M6pjQI9DpNNh-2Fk6fgMN4DbaFx-2BL1o5swSv2HtiLB2iGFhri3uCHN6zus2re8T7or9O-2BMMcqv-2FmZBLpBeU2fgsNGvH8Rqoh2WoWZ1oQI3rQY5Jhu-2BrIZgypsGlMGtKeJOyR7TR7qQmmMa1vD9CLwrWH36YrL6OBMBdLsTQvr2x7vZF99QVr9jWcSEDiOyQlUnjouclzaAOClqooiUqPY-2BwK6DId-2BtdZGS-2BZX3t8Vgdn26pwh3PdvUaieHi9WM8KTxGwyu-2B-2FFOU2EHNawI2GU-2FEj5MKLTBxaFkUQcPJP-2BnqmDvfhtu8V5aNo4RHQQjGOjPuo3Z61tggt7zST-2B21O36RByZtBo5bzZLHw7iV-2FPAPKbLK63fUSTr53ey-2F7bWBQQMz2PcDoerJ1tiPqe8G6m4wkanM5XznxvUfFjyi2w2aYGULWIVHnce1bms8QBUmt-2Bxn6JA23-2BkxVpLmKRJpelGJm9w810r0EwDFssF5A2gI6TZ0KkAxY3auHmGSXQfEWlvta4J6R-2FwAXLZbjKB60F3HSkPm13hLmG-2Fuu7vgGV0VzU2bycQESnw1rw3A0wSoWvdQI2Lq8FX3QwRPOWQlUOq5IUyIbld38F2HBwKqILhgzYSY5VC0E-2Fwt-2Brh8u4IW-2BlYkg5xjwailQu-2FqqJDP0R8DI7lUyAn-2BeBECROfIhZyNT2KiOCRQUCtRnxVNwdVdqBNHuG0TWZKY-2BxcPwuaje9Pxvxs-3D\" style=\"color:blue; text-decoration:underline\" target=\"_blank\" title=\"ANDRITZ recebe Certificado de Aceita\u00e7\u00e3o Final da Eldorado para planta de manuseio de biomassa\"><span style=\"font-size:14.0pt\">ANDRITZ recebe Certificado de Aceita&ccedil;&atilde;o Final da Eldorado para planta de manuseio de biomassa<\/span><\/a><\/span><\/span><\/span><\/p>\r\n\r\n<p class=\"MsoTitle\" style=\"text-align:justify\"><span style=\"font-size:28pt\"><span style=\"font-family:&quot;Cambria&quot;,serif\"><span style=\"letter-spacing:-0.5pt\"><b><span style=\"font-size:18.0pt\"><span style=\"font-family:&quot;Calibri&quot;,sans-serif\"><span style=\"font-variant:small-caps\">Ind&uacute;stria<\/span><\/span><\/span><\/b><\/span><\/span><\/span><\/p>\r\n\r\n<p style=\"text-align:justify\"><span style=\"font-size:11pt\"><span style=\"line-height:normal\"><span style=\"font-family:&quot;Calibri&quot;,sans-serif\"><a href=\"https:\/\/noticias.portaldaindustria.com.br\/noticias\/economia\/producao-e-emprego-na-industria-crescem-em-julho-aponta-cni\/\" style=\"color:blue; text-decoration:underline\"><span style=\"font-size:14.0pt\">Produ&ccedil;&atilde;o e emprego na ind&uacute;stria crescem em julho, aponta CNI<\/span><\/a><\/span><\/span><\/span><\/p>\r\n\r\n<p style=\"text-align:justify\"><span style=\"font-size:11pt\"><span style=\"line-height:normal\"><span style=\"font-family:&quot;Calibri&quot;,sans-serif\"><a href=\"https:\/\/noticias.portaldaindustria.com.br\/noticias\/economia\/confianca-do-empresario-industrial-atinge-o-maior-patamar-desde-agosto-de-2021\/\" style=\"color:blue; text-decoration:underline\"><span style=\"font-size:14.0pt\">Confian&ccedil;a do empres&aacute;rio industrial atinge o maior patamar desde agosto de 2021<\/span><\/a><\/span><\/span><\/span><\/p>\r\n\r\n<p style=\"text-align:justify\"><span style=\"font-size:11pt\"><span style=\"line-height:normal\"><span style=\"font-family:&quot;Calibri&quot;,sans-serif\"><a href=\"https:\/\/grandesconstrucoes.com.br\/Noticias\/Exibir\/industria-brasileira-encontra-dificuldades-na-producao-de-insumos?utm_source=akna&amp;utm_medium=email&amp;utm_campaign=Grandes-Construcoes-Informativo-824-11-08-2022&amp;utm_source=akna&amp;utm_medium=email&amp;utm_campaign=Grandes-Construcoes-Informativo-824-11-08-2022\" style=\"color:blue; text-decoration:underline\"><span style=\"font-size:14.0pt\">Ind&uacute;stria brasileira encontra dificuldades na produ&ccedil;&atilde;o de insumos<\/span><\/a><\/span><\/span><\/span><\/p>\r\n\r\n<p style=\"text-align:justify\"><span style=\"font-size:11pt\"><span style=\"line-height:normal\"><span style=\"font-family:&quot;Calibri&quot;,sans-serif\"><a href=\"https:\/\/ciclovivo.com.br\/vida-sustentavel\/alimentacao\/projeto-mapeia-542-iniciativas-de-resistencia-aos-agrotoxicos-no-brasil\/\" style=\"color:blue; text-decoration:underline\"><span style=\"font-size:14.0pt\">Projeto mapeia 542 iniciativas de resist&ecirc;ncia aos agrot&oacute;xicos no Brasil<\/span><\/a><\/span><\/span><\/span><\/p>\r\n\r\n<p style=\"text-align:justify\"><span style=\"font-size:11pt\"><span style=\"line-height:normal\"><span style=\"font-family:&quot;Calibri&quot;,sans-serif\"><a href=\"https:\/\/www.agoramotor.com.br\/crescimento-producao-de-veiculos-em-julho\/\" style=\"color:blue; text-decoration:underline\"><span style=\"font-size:14.0pt\">Produ&ccedil;&atilde;o de ve&iacute;culos cresce em julho: veja n&uacute;meros da Anfavea<\/span><\/a><\/span><\/span><\/span><\/p>\r\n\r\n<p style=\"text-align:justify\"><span style=\"font-size:11pt\"><span style=\"line-height:normal\"><span style=\"font-family:&quot;Calibri&quot;,sans-serif\"><a href=\"https:\/\/noticias.portaldaindustria.com.br\/artigos\/ieda-maria-pereira-vasconcelos\/construcao-civil-cenario-atual-e-perspectivas\/\" style=\"color:blue; text-decoration:underline\"><span style=\"font-size:14.0pt\">Constru&ccedil;&atilde;o civil: cen&aacute;rio atual e perspectivas<\/span><\/a><\/span><\/span><\/span><\/p>\r\n\r\n<p style=\"text-align:justify\"><span style=\"font-size:11pt\"><span style=\"line-height:normal\"><span style=\"font-family:&quot;Calibri&quot;,sans-serif\"><a href=\"https:\/\/plasticosemrevista.com.br\/deficit-cronico-na-estocagem-de-graos-e-chamariz-para-silos-bolsa\/\" style=\"color:blue; text-decoration:underline\"><span style=\"font-size:14.0pt\">D&eacute;ficit cr&ocirc;nico na estocagem de gr&atilde;os &eacute; chamariz para silos-bolsa<\/span><\/a><\/span><\/span><\/span><\/p>\r\n\r\n<p style=\"text-align:justify\"><span style=\"font-size:11pt\"><span style=\"line-height:normal\"><span style=\"font-family:&quot;Calibri&quot;,sans-serif\"><a href=\"https:\/\/ibre.fgv.br\/blog-da-conjuntura-economica\/artigos\/ministro-benjamin-zymler-do-tcu-analisa-reequilibrio-de-precos\" style=\"color:blue; text-decoration:underline\"><span style=\"font-size:14.0pt\">Ministro Benjamin Zymler, do TCU, analisa reequil&iacute;brio de pre&ccedil;os em contratos de obras p&uacute;blicas<\/span><\/a><\/span><\/span><\/span><\/p>\r\n\r\n<p style=\"text-align:justify\"><span style=\"font-size:11pt\"><span style=\"line-height:normal\"><span style=\"font-family:&quot;Calibri&quot;,sans-serif\"><a href=\"https:\/\/www.dinheirovivo.pt\/economia\/producao-industrial-sobe-24-na-zona-euro-e-32-na-uniao-europeia-em-junho-face-a-2021-15087738.html\" style=\"color:blue; text-decoration:underline\"><span style=\"font-size:14.0pt\">Produ&ccedil;&atilde;o industrial sobe 2,4% na zona euro e 3,2% na Uni&atilde;o Europeia em junho face a 2021<\/span><\/a><\/span><\/span><\/span><\/p>\r\n\r\n<p class=\"MsoTitle\" style=\"text-align:justify\"><span style=\"font-size:28pt\"><span style=\"font-family:&quot;Cambria&quot;,serif\"><span style=\"letter-spacing:-0.5pt\"><b><span style=\"font-size:18.0pt\"><span style=\"font-family:&quot;Calibri&quot;,sans-serif\"><span style=\"font-variant:small-caps\">Sustentabilidade<\/span><\/span><\/span><\/b><\/span><\/span><\/span><\/p>\r\n\r\n<p style=\"text-align:justify\"><span style=\"font-size:11pt\"><span style=\"line-height:normal\"><span style=\"font-family:&quot;Calibri&quot;,sans-serif\"><a href=\"https:\/\/tissueonline.com.br\/inda-divulga-cronograma-completo-da-conferencia-hygienix\/\" style=\"color:blue; text-decoration:underline\"><span style=\"font-size:14.0pt\">Insumos sustent&aacute;veis, produtos menstruais reutiliz&aacute;veis e fraldas recicl&aacute;veis est&atilde;o entre os principais t&oacute;picos da Confer&ecirc;ncia Hygienix, em novembro<\/span><\/a><\/span><\/span><\/span><\/p>\r\n\r\n<p style=\"text-align:justify\"><span style=\"font-size:11pt\"><span style=\"line-height:normal\"><span style=\"font-family:&quot;Calibri&quot;,sans-serif\"><a href=\"https:\/\/abbi.org.br\/transicao-energetica-bioinovacao-esg\/\" style=\"color:blue; text-decoration:underline\"><span style=\"font-size:14.0pt\">Transi&ccedil;&atilde;o energ&eacute;tica e Bioinova&ccedil;&atilde;o: a import&acirc;ncia do ESG nas estrat&eacute;gias de alinhamento das cadeias produtivas, por Bruno Henrique Maier e Yuki Hamilton Onda Kabe<\/span><\/a><\/span><\/span><\/span><\/p>\r\n\r\n<p style=\"text-align:justify\"><span style=\"font-size:11pt\"><span style=\"line-height:normal\"><span style=\"font-family:&quot;Calibri&quot;,sans-serif\"><a href=\"https:\/\/abbi.org.br\/bioinovacao-esg-cadeias-produtivas\/\" style=\"color:blue; text-decoration:underline\"><span style=\"font-size:14.0pt\">Bioinova&ccedil;&atilde;o e ESG: o papel da governan&ccedil;a ambiental no alinhamento das cadeias produtivas<\/span><\/a><\/span><\/span><\/span><\/p>\r\n\r\n<p style=\"text-align:justify\"><span style=\"font-size:11pt\"><span style=\"line-height:normal\"><span style=\"font-family:&quot;Calibri&quot;,sans-serif\"><a href=\"http:\/\/textileindustry.ning.com\/forum\/topics\/pesquisa-fibras-alternativas-c-nhamo-avalia-a-sustentabilidade-do\" style=\"color:blue; text-decoration:underline\"><span style=\"font-size:14.0pt\">Pesquisa &ldquo;Fibras Alternativas: C&acirc;nhamo&rdquo; Avalia a Sustentabilidade do C&acirc;nhamo T&ecirc;xtil<\/span><\/a><\/span><\/span><\/span><\/p>\r\n\r\n<p style=\"text-align:justify\"><span style=\"font-size:11pt\"><span style=\"line-height:normal\"><span style=\"font-family:&quot;Calibri&quot;,sans-serif\"><a href=\"https:\/\/noticias.portaldaindustria.com.br\/noticias\/competitividade\/rota-2030-em-nova-fase\/\" style=\"color:blue; text-decoration:underline\"><span style=\"font-size:14.0pt\">Rota 2030 em nova fase<\/span><\/a><\/span><\/span><\/span><\/p>\r\n\r\n<p style=\"text-align:justify\"><span style=\"font-size:11pt\"><span style=\"line-height:normal\"><span style=\"font-family:&quot;Calibri&quot;,sans-serif\"><a href=\"https:\/\/engenhariacompartilhada.com.br\/noticia\/exibir\/6502728_medidas-de-descarbonizacao-crescem-no-setor-da-construcao-civil\" style=\"color:blue; text-decoration:underline\"><span style=\"font-size:14.0pt\">Medidas de descarboniza&ccedil;&atilde;o crescem no setor da constru&ccedil;&atilde;o civil<\/span><\/a><\/span><\/span><\/span><\/p>\r\n\r\n<p style=\"text-align:justify\"><span style=\"font-size:11pt\"><span style=\"line-height:normal\"><span style=\"font-family:&quot;Calibri&quot;,sans-serif\"><a href=\"https:\/\/engenhariacompartilhada.com.br\/noticia\/exibir\/6521031_ferrovias-e-estudos-ambientais\" style=\"color:blue; text-decoration:underline\"><span style=\"font-size:14.0pt\">Ferrovias e estudos ambientais<\/span><\/a><\/span><\/span><\/span><\/p>\r\n\r\n<p style=\"text-align:justify\"><span style=\"font-size:11pt\"><span style=\"line-height:normal\"><span style=\"font-family:&quot;Calibri&quot;,sans-serif\"><a href=\"https:\/\/www.textiletechnology.net\/technology\/news\/ntu-singapore-joint-research-center-to-tackle-textile-waste-32678?utm_source=%2Fmeta%2Fnewsletter%2Fnewsletter&amp;utm_medium=newsletter&amp;utm_campaign=nl936&amp;utm_term=0801b20e08c3242125d512808cd74302\" style=\"color:blue; text-decoration:underline\"><span style=\"font-size:14.0pt\">Joint research center to tackle textile waste<\/span><\/a><\/span><\/span><\/span><\/p>\r\n\r\n<p class=\"MsoTitle\" style=\"text-align:justify\"><span style=\"font-size:28pt\"><span style=\"font-family:&quot;Cambria&quot;,serif\"><span style=\"letter-spacing:-0.5pt\"><b><span style=\"font-size:18.0pt\"><span style=\"font-family:&quot;Calibri&quot;,sans-serif\"><span style=\"font-variant:small-caps\">Inova&ccedil;&atilde;o<\/span><\/span><\/span><\/b><\/span><\/span><\/span><\/p>\r\n\r\n<p style=\"text-align:justify\"><span style=\"font-size:11pt\"><span style=\"line-height:normal\"><span style=\"font-family:&quot;Calibri&quot;,sans-serif\"><a href=\"https:\/\/www.motor24.pt\/motores\/continental-ja-vende-em-portugal-primeiros-pneus-feitos-a-partir-de-garrafas-pet\/1569478\/\" style=\"color:blue; text-decoration:underline\"><span style=\"font-size:14.0pt\">Continental j&aacute; vende em Portugal primeiros pneus feitos a partir de garrafas PET<\/span><\/a><\/span><\/span><\/span><\/p>\r\n\r\n<p style=\"text-align:justify\"><span style=\"font-size:11pt\"><span style=\"line-height:normal\"><span style=\"font-family:&quot;Calibri&quot;,sans-serif\"><a href=\"https:\/\/ciclovivo.com.br\/inovacao\/tecnologia\/tela-perfurada-a-laser-filtra-microplasticos-de-aguas-residuais\/\" style=\"color:blue; text-decoration:underline\"><span style=\"font-size:14.0pt\">Engenheiros criam filtro de folhas de a&ccedil;o que filtra micropl&aacute;sticos<\/span><\/a><\/span><\/span><\/span><\/p>\r\n\r\n<p style=\"text-align:justify\"><span style=\"font-size:11pt\"><span style=\"line-height:normal\"><span style=\"font-family:&quot;Calibri&quot;,sans-serif\"><a href=\"https:\/\/www.segs.com.br\/demais\/355204-fio-de-poliamida-reciclado-representa-inovacao-para-o-mercado-brasileiro\" style=\"color:blue; text-decoration:underline\"><span style=\"font-size:14.0pt\">Fio de Poliamida reciclado representa inova&ccedil;&atilde;o para o mercado brasileiro<\/span><\/a><\/span><\/span><\/span><\/p>\r\n\r\n<p style=\"text-align:justify\"><span style=\"font-size:11pt\"><span style=\"line-height:normal\"><span style=\"font-family:&quot;Calibri&quot;,sans-serif\"><a href=\"http:\/\/textileindustry.ning.com\/forum\/topics\/a-quarta-revolu-o-industrial-e-o-hibridismo-no-setor-t-xtil\" style=\"color:blue; text-decoration:underline\"><span style=\"font-size:14.0pt\">A quarta revolu&ccedil;&atilde;o industrial e o hibridismo no setor t&ecirc;xtil<\/span><\/a><\/span><\/span><\/span><\/p>\r\n\r\n<p class=\"MsoTitle\" style=\"text-align:justify\"><span style=\"font-size:28pt\"><span style=\"font-family:&quot;Cambria&quot;,serif\"><span style=\"letter-spacing:-0.5pt\"><b><span style=\"font-size:18.0pt\"><span style=\"font-family:&quot;Calibri&quot;,sans-serif\"><span style=\"font-variant:small-caps\">Com&eacute;rcio Exterior<\/span><\/span><\/span><\/b><\/span><\/span><\/span><\/p>\r\n\r\n<p style=\"text-align:justify\"><span style=\"font-size:11pt\"><span style=\"line-height:normal\"><span style=\"font-family:&quot;Calibri&quot;,sans-serif\"><a href=\"https:\/\/agenciabrasil.ebc.com.br\/economia\/noticia\/2022-08\/ministros-apontam-ingresso-na-ocde-como-prioridade-no-plano-externo\" style=\"color:blue; text-decoration:underline\"><span style=\"font-size:14.0pt\">Ministros apontam ingresso na OCDE como prioridade no plano externo<\/span><\/a><\/span><\/span><\/span><\/p>\r\n\r\n<p style=\"text-align:justify\"><span style=\"font-size:11pt\"><span style=\"line-height:normal\"><span style=\"font-family:&quot;Calibri&quot;,sans-serif\"><a href=\"https:\/\/www.comexdobrasil.com\/exportacoes-chinesas-de-automoveis-crescem-enquanto-montadoras-expandem-negocios-globalmente\/\" style=\"color:blue; text-decoration:underline\"><span style=\"font-size:14.0pt\">Exporta&ccedil;&otilde;es chinesas de autom&oacute;veis crescem enquanto montadoras expandem neg&oacute;cios globalmente<\/span><\/a><\/span><\/span><\/span><\/p>\r\n\r\n<p class=\"MsoTitle\" style=\"text-align:justify\"><span style=\"font-size:28pt\"><span style=\"font-family:&quot;Cambria&quot;,serif\"><span style=\"letter-spacing:-0.5pt\"><b><span style=\"font-size:18.0pt\"><span style=\"font-family:&quot;Calibri&quot;,sans-serif\"><span style=\"font-variant:small-caps\">Economia<\/span><\/span><\/span><\/b><\/span><\/span><\/span><\/p>\r\n\r\n<p style=\"text-align:justify\"><span style=\"font-size:11pt\"><span style=\"line-height:normal\"><span style=\"font-family:&quot;Calibri&quot;,sans-serif\"><a href=\"https:\/\/www.bcb.gov.br\/content\/focus\/focus\/R20220812.pdf\" style=\"color:blue; text-decoration:underline\"><span style=\"font-size:14.0pt\">Focus - Relat&oacute;rio de Mercado<\/span><\/a><\/span><\/span><\/span><\/p>\r\n\r\n<p style=\"text-align:justify\"><span style=\"font-size:11pt\"><span style=\"line-height:normal\"><span style=\"font-family:&quot;Calibri&quot;,sans-serif\"><a href=\"https:\/\/www.eiu.com\/n\/fdi-inflows-to-latin-america-spike\/?utm_source=mkt-newsletter&amp;utm_medium=email&amp;utm_campaign=foce&amp;utm_content=12-august-2022&amp;mkt_tok=NzUzLVJJUS00MzgAAAGGMR7mbnUwPkIROzxfUA7aU4eem_Dn8idgJgfCkQUZVKse0n8bIwbKgx53kP4Sf1dcmDYnKcEWK7V4m6VHo7GndNqX2maMajBYje-zapqkH74eyA\" style=\"color:blue; text-decoration:underline\"><span style=\"font-size:14.0pt\">FDI inflows to Latin America spike<\/span><\/a><\/span><\/span><\/span><\/p>\r\n\r\n<p style=\"text-align:justify\"><span style=\"font-size:11pt\"><span style=\"line-height:normal\"><span style=\"font-family:&quot;Calibri&quot;,sans-serif\"><a href=\"https:\/\/agenciabrasil.ebc.com.br\/economia\/noticia\/2022-08\/mercado-financeiro-reduz-projecao-de-inflacao-de-711-para-702\" style=\"color:blue; text-decoration:underline\"><span style=\"font-size:14.0pt\">Mercado financeiro reduz proje&ccedil;&atilde;o de infla&ccedil;&atilde;o de 7,11% para 7,02%<\/span><\/a><\/span><\/span><\/span><\/p>\r\n\r\n<p style=\"text-align:justify\"><span style=\"font-size:11pt\"><span style=\"line-height:normal\"><span style=\"font-family:&quot;Calibri&quot;,sans-serif\"><a href=\"https:\/\/portalibre.fgv.br\/noticias\/barometros-globais-desaceleracao-da-economia-mundial-segue-seu-curso\" style=\"color:blue; text-decoration:underline\"><span style=\"font-size:14.0pt\">Bar&ocirc;metros Globais | Desacelera&ccedil;&atilde;o da economia mundial segue seu curso<\/span><\/a><\/span><\/span><\/span><\/p>\r\n\r\n<p style=\"text-align:justify\"><span style=\"font-size:11pt\"><span style=\"line-height:normal\"><span style=\"font-family:&quot;Calibri&quot;,sans-serif\"><a href=\"https:\/\/grandesconstrucoes.com.br\/Noticias\/Exibir\/faturamento-da-industria-de-materiais-apresenta-leve-alta-em-julho?utm_source=akna&amp;utm_medium=email&amp;utm_campaign=Grandes-Construcoes-Informativo-824-11-08-2022&amp;utm_source=akna&amp;utm_medium=email&amp;utm_campaign=Grandes-Construcoes-Informativo-824-11-08-2022\" style=\"color:blue; text-decoration:underline\"><span style=\"font-size:14.0pt\">Faturamento da ind&uacute;stria de materiais apresenta leve alta em julho<\/span><\/a><\/span><\/span><\/span><\/p>\r\n\r\n<p style=\"text-align:justify\"><span style=\"font-size:11pt\"><span style=\"line-height:normal\"><span style=\"font-family:&quot;Calibri&quot;,sans-serif\"><a href=\"https:\/\/grandesconstrucoes.com.br\/Noticias\/Exibir\/custo-medio-da-construcao-desacelera-em-junho?utm_source=akna&amp;utm_medium=email&amp;utm_campaign=Grandes-Construcoes-Informativo-824-11-08-2022&amp;utm_source=akna&amp;utm_medium=email&amp;utm_campaign=Grandes-Construcoes-Informativo-824-11-08-2022\" style=\"color:blue; text-decoration:underline\"><span style=\"font-size:14.0pt\">Custo m&eacute;dio da constru&ccedil;&atilde;o desacelera em junho<\/span><\/a><\/span><\/span><\/span><\/p>\r\n\r\n<p style=\"text-align:justify\"><span style=\"font-size:11pt\"><span style=\"line-height:normal\"><span style=\"font-family:&quot;Calibri&quot;,sans-serif\"><a href=\"https:\/\/www.dinheirovivo.pt\/economia\/internacional\/precos-na-producao-caem-nos-eua-pela-primeira-vez-desde-a-pandemia--15085895.html\" style=\"color:blue; text-decoration:underline\"><span style=\"font-size:14.0pt\">Pre&ccedil;os na produ&ccedil;&atilde;o caem nos EUA pela primeira vez desde a pandemia<\/span><\/a><\/span><\/span><\/span><\/p>\r\n\r\n<p style=\"text-align:justify\"><span style=\"font-size:11pt\"><span style=\"line-height:normal\"><span style=\"font-family:&quot;Calibri&quot;,sans-serif\"><a href=\"https:\/\/blogdoibre.fgv.br\/posts\/como-ler-economia-americana\" style=\"color:blue; text-decoration:underline\"><span style=\"font-size:14.0pt\">Como ler a economia americana?<\/span><\/a><\/span><\/span><\/span><\/p>\r\n\r\n<p style=\"text-align:justify\"><span style=\"font-size:11pt\"><span style=\"line-height:normal\"><span style=\"font-family:&quot;Calibri&quot;,sans-serif\"><a href=\"https:\/\/exame.com\/economia\/china-registra-a-maior-inflacao-em-dois-anos\/\" style=\"color:blue; text-decoration:underline\"><span style=\"font-size:14.0pt\">China registra a maior infla&ccedil;&atilde;o em dois anos<\/span><\/a><\/span><\/span><\/span><\/p>\r\n","6":"<p style=\"text-align:justify\"><span style=\"font-size:11pt\"><span style=\"line-height:normal\"><span style=\"font-family:&quot;Calibri&quot;,sans-serif\"><span style=\"font-size:14.0pt\">Esta &eacute; uma compila&ccedil;&atilde;o das not&iacute;cias mais relevantes para o setor, incluindo informa&ccedil;&otilde;es sobre acordos internacionais, economia brasileira, sustentabilidade e mat&eacute;rias primas, al&eacute;m de novidades do setor de N&atilde;otecidos e Tecidos T&eacute;cnicos.<\/span><\/span><\/span><\/span><\/p>\r\n\r\n<p class=\"MsoTitle\" style=\"text-align:justify\"><span style=\"font-size:28pt\"><span style=\"font-family:&quot;Cambria&quot;,serif\"><span style=\"letter-spacing:-0.5pt\"><b><span style=\"font-size:18.0pt\"><span style=\"font-family:&quot;Calibri&quot;,sans-serif\"><span style=\"font-variant:small-caps\">A&ccedil;&otilde;es da ABINT<\/span><\/span><\/span><\/b><\/span><\/span><\/span><\/p>\r\n\r\n<p style=\"text-align:justify\"><span style=\"font-size:11pt\"><span style=\"line-height:normal\"><span style=\"font-family:&quot;Calibri&quot;,sans-serif\"><span class=\"MsoHyperlink\" style=\"color:blue\"><span style=\"text-decoration:underline\"><b><span style=\"font-size:14.0pt\"><span style=\"text-decoration:none\"><span style=\"text-underline:none\">Curso ABINT Tecnologia dos N&atilde;otecidos<\/span><\/span><\/span><\/b><\/span><\/span> <a href=\"https:\/\/www.abint.org.br\/informacao\/cursos-e-eventos\" style=\"color:blue; text-decoration:underline\"><b><span style=\"font-size:14.0pt\">INSCREVA-SE<\/span><\/b><\/a><span class=\"MsoHyperlink\" style=\"color:blue\"><span style=\"text-decoration:underline\"><span style=\"font-size:14.0pt\"><span style=\"text-decoration:none\"><span style=\"text-underline:none\"> <b>para as pr&oacute;ximas turmas!<\/b><\/span><\/span><\/span><\/span><\/span><\/span><\/span><\/span><\/p>\r\n\r\n<p style=\"text-align:justify\">&nbsp;<\/p>\r\n\r\n<p style=\"text-align:justify\"><img height=\"300\" src=\"https:\/\/www.abint.org.br\/assets\/img\/editor\/logo-feiplar-2_20220817132616NmbfMYjMiu.jpg\" width=\"520\" \/><\/p>\r\n\r\n<p style=\"text-align:justify\"><span class=\"MsoHyperlink\" style=\"color:blue\"><span style=\"text-decoration:underline\"><b><span style=\"font-size:13.0pt\"><span style=\"line-height:115%\"><span style=\"font-family:&quot;Calibri&quot;,sans-serif\"><span style=\"text-decoration:none\"><span style=\"text-underline:none\">A ABINT apoia a FEIPLAR COMPOSITES &amp; FEIPUR 2022<\/span><\/span><\/span><\/span><\/span><\/b><\/span><\/span><span class=\"MsoHyperlink\" style=\"color:blue\"><span style=\"text-decoration:underline\"><span style=\"font-size:13.0pt\"><span style=\"line-height:115%\"><span style=\"font-family:&quot;Calibri&quot;,sans-serif\"><span style=\"text-decoration:none\"><span style=\"text-underline:none\">, evento que ocorrer&aacute; de <b>16 a 18 de agosto<\/b>, no <b>S&atilde;o Paulo Expo<\/b>. A feira visa auxiliar o crescimento e desenvolvimento dos mercados de composites, poliuretano e pl&aacute;sticos de engenharia\/ compostos termopl&aacute;sticos em toda a Am&eacute;rica do Sul. Estes mercados t&ecirc;m registrado importante crescimento nos &uacute;ltimos anos e apontam interessantes perspectivas para os pr&oacute;ximos anos tamb&eacute;m. <\/span><\/span><\/span><\/span><\/span><\/span><\/span><span style=\"font-size:11.0pt\"><span style=\"line-height:115%\"><span style=\"font-family:&quot;Calibri&quot;,sans-serif\"><a href=\"https:\/\/feiplar.com\/\" style=\"color:blue; text-decoration:underline\"><span style=\"font-size:13.0pt\"><span style=\"line-height:115%\">Informa&ccedil;&otilde;es aqui<\/span><\/span><\/a><\/span><\/span><\/span><span class=\"MsoHyperlink\" style=\"color:blue\"><span style=\"text-decoration:underline\"><span style=\"font-size:13.0pt\"><span style=\"line-height:115%\"><span style=\"font-family:&quot;Calibri&quot;,sans-serif\"><span style=\"text-decoration:none\"><span style=\"text-underline:none\">.<\/span><\/span><\/span><\/span><\/span><\/span><\/span><\/p>\r\n\r\n<p style=\"text-align:justify\">&nbsp;<\/p>\r\n\r\n<p style=\"text-align:justify\"><span class=\"MsoHyperlink\" style=\"color:blue\"><span style=\"text-decoration:underline\"><span style=\"font-size:13.0pt\"><span style=\"line-height:115%\"><span style=\"font-family:&quot;Calibri&quot;,sans-serif\"><span style=\"text-decoration:none\"><span style=\"text-underline:none\"><img src=\"https:\/\/www.abint.org.br\/assets\/img\/editor\/ebanner-760x100px_20220817132734mzPg1dl1G7.gif\" \/><\/span><\/span><\/span><\/span><\/span><\/span><\/span><\/p>\r\n\r\n<p style=\"text-align:justify\"><span class=\"MsoHyperlink\" style=\"color:blue\"><span style=\"text-decoration:underline\"><span style=\"font-size:14.0pt\"><span style=\"line-height:115%\"><span style=\"font-family:&quot;Calibri&quot;,sans-serif\"><span style=\"text-decoration:none\"><span style=\"text-underline:none\">O CTG ABINT &eacute; apoiador do <b>33&ordm; Encontro T&eacute;cnico AESabesp \/ Fenasan 2022<\/b>, eventos que ocorrer&atilde;o de <b>13 a 15 de setembro<\/b>, no Pavilh&atilde;o Branco Expo Center Norte. <\/span><\/span><\/span><\/span><\/span><\/span><\/span><span style=\"font-size:11.0pt\"><span style=\"line-height:115%\"><span style=\"font-family:&quot;Calibri&quot;,sans-serif\"><a href=\"https:\/\/fenasan.com.br\/\" style=\"color:blue; text-decoration:underline\"><span style=\"font-size:14.0pt\"><span style=\"line-height:115%\">Informa&ccedil;&otilde;es aqui<\/span><\/span><\/a><\/span><\/span><\/span><span class=\"MsoHyperlink\" style=\"color:blue\"><span style=\"text-decoration:underline\"><span style=\"font-size:14.0pt\"><span style=\"line-height:115%\"><span style=\"font-family:&quot;Calibri&quot;,sans-serif\"><span style=\"text-decoration:none\"><span style=\"text-underline:none\">.<\/span><\/span><\/span><\/span><\/span><\/span><\/span><\/p>\r\n\r\n<p style=\"text-align:justify\"><span class=\"MsoHyperlink\" style=\"color:blue\"><span style=\"text-decoration:underline\"><span style=\"font-size:14.0pt\"><span style=\"line-height:115%\"><span style=\"font-family:&quot;Calibri&quot;,sans-serif\"><span style=\"text-decoration:none\"><span style=\"text-underline:none\"><img height=\"422\" src=\"https:\/\/www.abint.org.br\/assets\/img\/editor\/congresso-internacional-abit-2022_20220817132820IywegFKrwf.png\" width=\"510\" \/><\/span><\/span><\/span><\/span><\/span><\/span><\/span><\/p>\r\n\r\n<p style=\"text-align:justify\"><span class=\"MsoHyperlink\" style=\"color:blue\"><span style=\"text-decoration:underline\"><b><span style=\"font-size:14.0pt\"><span style=\"line-height:115%\"><span style=\"font-family:&quot;Calibri&quot;,sans-serif\"><span style=\"text-decoration:none\"><span style=\"text-underline:none\">A ABINT &eacute; uma das patrocinadoras do Congresso Internacional ABIT 2022<\/span><\/span><\/span><\/span><\/span><\/b><\/span><\/span><span class=\"MsoHyperlink\" style=\"color:blue\"><span style=\"text-decoration:underline\"><span style=\"font-size:14.0pt\"><span style=\"line-height:115%\"><span style=\"font-family:&quot;Calibri&quot;,sans-serif\"><span style=\"text-decoration:none\"><span style=\"text-underline:none\">, evento 100% presencial, que ocorrer&aacute; dias <b>03 e 04 de novembro<\/b>, em Belo Horizonte, MG. Em breve traremos mais detalhes.<\/span><\/span><\/span><\/span><\/span><\/span><\/span><\/p>\r\n\r\n<p style=\"text-align:justify\"><span class=\"MsoHyperlink\" style=\"color:blue\"><span style=\"text-decoration:underline\"><span style=\"font-size:14.0pt\"><span style=\"line-height:115%\"><span style=\"font-family:&quot;Calibri&quot;,sans-serif\"><span style=\"text-decoration:none\"><span style=\"text-underline:none\"><img height=\"300\" src=\"https:\/\/www.abint.org.br\/assets\/img\/editor\/partnerkit-conahp-retangular-cth-abint_20220817132927S1eg9FYZIU.png\" width=\"530\" \/><\/span><\/span><\/span><\/span><\/span><\/span><\/span><\/p>\r\n\r\n<p style=\"text-align:justify\"><span class=\"MsoHyperlink\" style=\"color:blue\"><span style=\"text-decoration:underline\"><span style=\"font-size:14.0pt\"><span style=\"line-height:115%\"><span style=\"font-family:&quot;Calibri&quot;,sans-serif\"><span style=\"text-decoration:none\"><span style=\"text-underline:none\">O <b>CTH ABINT<\/b> &eacute; patrocinador do <\/span><\/span><\/span><\/span><\/span><\/span><\/span><span class=\"MsoHyperlink\" style=\"color:blue\"><span style=\"text-decoration:underline\"><b><span style=\"font-size:14.0pt\"><span style=\"line-height:115%\"><span style=\"font-family:&quot;Calibri&quot;,sans-serif\"><span style=\"text-decoration:none\"><span style=\"text-underline:none\">CONAHP 2022 - Congresso Nacional de Hospitais Privados<\/span><\/span><\/span><\/span><\/span><\/b><\/span><\/span><span class=\"MsoHyperlink\" style=\"color:blue\"><span style=\"text-decoration:underline\"><span style=\"font-size:14.0pt\"><span style=\"line-height:115%\"><span style=\"font-family:&quot;Calibri&quot;,sans-serif\"><span style=\"text-decoration:none\"><span style=\"text-underline:none\">, evento que ocorrer&aacute; <b>presencialmente nos dias 10 e 11 de novembro, Transam&eacute;rica Expo Center<\/b>, S&atilde;o Paulo, SP. <\/span><\/span><\/span><\/span><\/span><\/span><\/span><span style=\"font-size:11.0pt\"><span style=\"line-height:115%\"><span style=\"font-family:&quot;Calibri&quot;,sans-serif\"><a href=\"https:\/\/conahp.org.br\/2022\/\" style=\"color:blue; text-decoration:underline\"><span style=\"font-size:14.0pt\"><span style=\"line-height:115%\">Informa&ccedil;&otilde;es aqui<\/span><\/span><\/a><\/span><\/span><\/span><\/p>\r\n\r\n<p style=\"text-align:justify\">&nbsp;<\/p>\r\n\r\n<p style=\"text-align:justify\"><span style=\"font-size:11pt\"><span style=\"line-height:normal\"><span style=\"font-family:&quot;Calibri&quot;,sans-serif\"><b><span style=\"font-size:18.0pt\"><span style=\"font-variant:small-caps\">Eventos<\/span><\/span><\/b><\/span><\/span><\/span><\/p>\r\n\r\n<p style=\"text-align:justify\"><span style=\"font-size:11pt\"><span style=\"line-height:normal\"><span style=\"font-family:&quot;Calibri&quot;,sans-serif\"><span class=\"MsoHyperlink\" style=\"color:blue\"><span style=\"text-decoration:underline\"><b><span style=\"font-size:14.0pt\"><span style=\"text-decoration:none\"><span style=\"text-underline:none\">6&ordm; F&oacute;rum de Manufatura<\/span><\/span><\/span><\/b><\/span><\/span><span class=\"MsoHyperlink\" style=\"color:blue\"><span style=\"text-decoration:underline\"><span style=\"font-size:14.0pt\"><span style=\"text-decoration:none\"><span style=\"text-underline:none\">, 22 e 23 de agosto de 2022, Hotel Pullman Ibirapuera, S&atilde;o Paulo. <\/span><\/span><\/span><\/span><\/span><a href=\"https:\/\/novo.forumdemanufatura.com.br\/\" style=\"color:blue; text-decoration:underline\"><span style=\"font-size:14.0pt\">Informa&ccedil;&otilde;es aqui<\/span><\/a><span class=\"MsoHyperlink\" style=\"color:blue\"><span style=\"text-decoration:underline\"><span style=\"font-size:14.0pt\"><span style=\"text-decoration:none\"><span style=\"text-underline:none\">.<\/span><\/span><\/span><\/span><\/span><\/span><\/span><\/span><\/p>\r\n\r\n<p style=\"text-align:justify\"><span style=\"font-size:11pt\"><span style=\"line-height:normal\"><span style=\"font-family:&quot;Calibri&quot;,sans-serif\"><span class=\"MsoHyperlink\" style=\"color:blue\"><span style=\"text-decoration:underline\"><b><span style=\"font-size:14.0pt\"><span style=\"text-decoration:none\"><span style=\"text-underline:none\">Jornada de Enfermagem em Central de Material e Esteriliza&ccedil;&atilde;o<\/span><\/span><\/span><\/b><\/span><\/span><span class=\"MsoHyperlink\" style=\"color:blue\"><span style=\"text-decoration:underline\"><span style=\"font-size:14.0pt\"><span style=\"text-decoration:none\"><span style=\"text-underline:none\">, 23 de agosto, Expominas, Belo Horizonte. <\/span><\/span><\/span><\/span><\/span><a href=\"https:\/\/nascecme.com.br\/jornada-de-enfermagem-em-central-de-material-e-esterilizacao\/\" style=\"color:blue; text-decoration:underline\"><span style=\"font-size:14.0pt\">Informa&ccedil;&otilde;es aqui<\/span><\/a><span class=\"MsoHyperlink\" style=\"color:blue\"><span style=\"text-decoration:underline\"><span style=\"font-size:14.0pt\"><span style=\"text-decoration:none\"><span style=\"text-underline:none\">.<\/span><\/span><\/span><\/span><\/span><\/span><\/span><\/span><\/p>\r\n\r\n<p style=\"text-align:justify\"><span style=\"font-size:11pt\"><span style=\"line-height:normal\"><span style=\"font-family:&quot;Calibri&quot;,sans-serif\"><span class=\"MsoHyperlink\" style=\"color:blue\"><span style=\"text-decoration:underline\"><b><span style=\"font-size:14.0pt\"><span style=\"text-decoration:none\"><span style=\"text-underline:none\">COBRAMSEG 2022<\/span><\/span><\/span><\/b><\/span><\/span><span class=\"MsoHyperlink\" style=\"color:blue\"><span style=\"text-decoration:underline\"><span style=\"font-size:14.0pt\"><span style=\"text-decoration:none\"><span style=\"text-underline:none\">, 23 a 26 de agosto, Expo D. Pedro, Campinas, SP. <\/span><\/span><\/span><\/span><\/span><a href=\"https:\/\/cobramseg2022.com.br\/\" style=\"color:blue; text-decoration:underline\"><span style=\"font-size:14.0pt\">Informa&ccedil;&otilde;es aqui<\/span><\/a><span class=\"MsoHyperlink\" style=\"color:blue\"><span style=\"text-decoration:underline\"><span style=\"font-size:14.0pt\"><span style=\"text-decoration:none\"><span style=\"text-underline:none\">.<\/span><\/span><\/span><\/span><\/span><\/span><\/span><\/span><\/p>\r\n\r\n<p style=\"text-align:justify\"><span style=\"font-size:11pt\"><span style=\"line-height:normal\"><span style=\"font-family:&quot;Calibri&quot;,sans-serif\"><span class=\"MsoHyperlink\" style=\"color:blue\"><span style=\"text-decoration:underline\"><b><span style=\"font-size:14.0pt\"><span style=\"text-decoration:none\"><span style=\"text-underline:none\">Curso Almaco &ldquo;Comp&oacute;sitos Avan&ccedil;ados&rdquo;<\/span><\/span><\/span><\/b><\/span><\/span><span class=\"MsoHyperlink\" style=\"color:blue\"><span style=\"text-decoration:underline\"><span style=\"font-size:14.0pt\"><span style=\"text-decoration:none\"><span style=\"text-underline:none\">, 24 e 25 de agosto. <\/span><\/span><\/span><\/span><\/span><a href=\"https:\/\/emailmarketing.locaweb.com.br\/accounts\/116830\/messages\/323\/clicks\/110\/1204?envelope_id=230\" style=\"color:blue; text-decoration:underline\"><span style=\"font-size:14.0pt\">Informa&ccedil;&otilde;es aqui<\/span><\/a><span class=\"MsoHyperlink\" style=\"color:blue\"><span style=\"text-decoration:underline\"><span style=\"font-size:14.0pt\"><span style=\"text-decoration:none\"><span style=\"text-underline:none\">.<\/span><\/span><\/span><\/span><\/span><\/span><\/span><\/span><\/p>\r\n\r\n<p style=\"text-align:justify\"><span style=\"font-size:11pt\"><span style=\"line-height:normal\"><span style=\"font-family:&quot;Calibri&quot;,sans-serif\"><span class=\"MsoHyperlink\" style=\"color:blue\"><span style=\"text-decoration:underline\"><b><span style=\"font-size:14.0pt\"><span style=\"text-decoration:none\"><span style=\"text-underline:none\">FICONS &ndash; XII Feira Internacional de Materiais, Equipamentos e Servi&ccedil;os da Constru&ccedil;&atilde;o<\/span><\/span><\/span><\/b><\/span><\/span><span class=\"MsoHyperlink\" style=\"color:blue\"><span style=\"text-decoration:underline\"><span style=\"font-size:14.0pt\"><span style=\"text-decoration:none\"><span style=\"text-underline:none\">, 26 de agosto, no Centro de Conven&ccedil;&otilde;es de Pernambuco. <\/span><\/span><\/span><\/span><\/span><a href=\"https:\/\/www.ficons.com.br\/2022\/index\" style=\"color:blue; text-decoration:underline\"><span style=\"font-size:14.0pt\">Informa&ccedil;&otilde;es aqui<\/span><\/a><span class=\"MsoHyperlink\" style=\"color:blue\"><span style=\"text-decoration:underline\"><span style=\"font-size:14.0pt\"><span style=\"text-decoration:none\"><span style=\"text-underline:none\">.<\/span><\/span><\/span><\/span><\/span><\/span><\/span><\/span><\/p>\r\n\r\n<p style=\"text-align:justify\"><span style=\"font-size:11pt\"><span style=\"line-height:normal\"><span style=\"font-family:&quot;Calibri&quot;,sans-serif\"><span class=\"MsoHyperlink\" style=\"color:blue\"><span style=\"text-decoration:underline\"><b><span style=\"font-size:14.0pt\"><span style=\"text-decoration:none\"><span style=\"text-underline:none\">Semin&aacute;rio Sindit&ecirc;xtil-SP &ldquo;Efici&ecirc;ncia e Transi&ccedil;&atilde;o Energ&eacute;tica&rdquo;<\/span><\/span><\/span><\/b><\/span><\/span><span class=\"MsoHyperlink\" style=\"color:blue\"><span style=\"text-decoration:underline\"><span style=\"font-size:14.0pt\"><span style=\"text-decoration:none\"><span style=\"text-underline:none\">, 28 de agosto, Rua Marqu&ecirc;s de Itu, 968, S&atilde;o Paulo. <\/span><\/span><\/span><\/span><\/span><a href=\"https:\/\/s3.sa-east-1.amazonaws.com\/sindi-files.sinditextilsp.org.br\/site\/sindi_90anos\/Seminario_eficiencia_energetica\/Programa%C3%A7%C3%A3o+Semin%C3%A1rio+Efici%C3%AAncia+e+Transi%C3%A7%C3%A3o+Energ%C3%A9tica.pdf?utm_campaign=convite_seminario_energia&amp;utm_medium=email&amp;utm_source=RD+Station\" style=\"color:blue; text-decoration:underline\"><span style=\"font-size:14.0pt\">Programa&ccedil;&atilde;o<\/span><\/a><span class=\"MsoHyperlink\" style=\"color:blue\"><span style=\"text-decoration:underline\"><span style=\"font-size:14.0pt\"><span style=\"text-decoration:none\"><span style=\"text-underline:none\">. <\/span><\/span><\/span><\/span><\/span><a href=\"https:\/\/eventos.abit.org.br\/Subs.aspx?key=e76786ff-e0ac-447b-81b1-a7dd2c2c3217&amp;utm_campaign=convite_seminario_energia&amp;utm_medium=email&amp;utm_source=RD+Station\" style=\"color:blue; text-decoration:underline\"><span style=\"font-size:14.0pt\">Inscri&ccedil;&otilde;es<\/span><\/a><span class=\"MsoHyperlink\" style=\"color:blue\"><span style=\"text-decoration:underline\"><span style=\"font-size:14.0pt\"><span style=\"text-decoration:none\"><span style=\"text-underline:none\">.<\/span><\/span><\/span><\/span><\/span><\/span><\/span><\/span><\/p>\r\n\r\n<p style=\"text-align:justify\"><span style=\"font-size:11pt\"><span style=\"line-height:normal\"><span style=\"font-family:&quot;Calibri&quot;,sans-serif\"><span class=\"MsoHyperlink\" style=\"color:blue\"><span style=\"text-decoration:underline\"><b><span style=\"font-size:14.0pt\"><span style=\"text-decoration:none\"><span style=\"text-underline:none\">13&ordm; Simp&oacute;sio Internacional de Esteriliza&ccedil;&atilde;o SOBECC<\/span><\/span><\/span><\/b><\/span><\/span><span class=\"MsoHyperlink\" style=\"color:blue\"><span style=\"text-decoration:underline\"><span style=\"font-size:14.0pt\"><span style=\"text-decoration:none\"><span style=\"text-underline:none\">, de 30 de agosto a 02 de setembro, Centro de Conven&ccedil;&otilde;es Anhembi, S&atilde;o Paulo, SP. <\/span><\/span><\/span><\/span><\/span><a href=\"https:\/\/www.congresso-simposio-sobecc.com.br\/sobecc2022\" style=\"color:blue; text-decoration:underline\"><span style=\"font-size:14.0pt\">Informa&ccedil;&otilde;es aqui<\/span><\/a><span class=\"MsoHyperlink\" style=\"color:blue\"><span style=\"text-decoration:underline\"><span style=\"font-size:14.0pt\"><span style=\"text-decoration:none\"><span style=\"text-underline:none\">.<\/span><\/span><\/span><\/span><\/span><\/span><\/span><\/span><\/p>\r\n\r\n<p style=\"text-align:justify\"><span style=\"font-size:11pt\"><span style=\"line-height:normal\"><span style=\"font-family:&quot;Calibri&quot;,sans-serif\"><span class=\"MsoHyperlink\" style=\"color:blue\"><span style=\"text-decoration:underline\"><b><span style=\"font-size:14.0pt\"><span style=\"text-decoration:none\"><span style=\"text-underline:none\">Workshop Abit &ldquo;Etiquetagem de Produtos T&ecirc;xteis e Confeccionados&rdquo;<\/span><\/span><\/span><\/b><\/span><\/span><span class=\"MsoHyperlink\" style=\"color:blue\"><span style=\"text-decoration:underline\"><span style=\"font-size:14.0pt\"><span style=\"text-decoration:none\"><span style=\"text-underline:none\">, 31 de agosto. <\/span><\/span><\/span><\/span><\/span><a href=\"https:\/\/eventos.abit.org.br\/Subs.aspx?key=5b52d0cb-703f-4d74-b5c0-db29a5836eff\" style=\"color:blue; text-decoration:underline\"><span style=\"font-size:14.0pt\">Informa&ccedil;&otilde;es aqui<\/span><\/a><span class=\"MsoHyperlink\" style=\"color:blue\"><span style=\"text-decoration:underline\"><span style=\"font-size:14.0pt\"><span style=\"text-decoration:none\"><span style=\"text-underline:none\">.<\/span><\/span><\/span><\/span><\/span><\/span><\/span><\/span><\/p>\r\n\r\n<p style=\"text-align:justify\"><span style=\"font-size:11pt\"><span style=\"line-height:normal\"><span style=\"font-family:&quot;Calibri&quot;,sans-serif\"><span class=\"MsoHyperlink\" style=\"color:blue\"><span style=\"text-decoration:underline\"><b><span style=\"font-size:14.0pt\"><span style=\"text-decoration:none\"><span style=\"text-underline:none\">Workshop de Minera&ccedil;&atilde;o promovido pela CSCM da ABIMAQ<\/span><\/span><\/span><\/b><\/span><\/span><span class=\"MsoHyperlink\" style=\"color:blue\"><span style=\"text-decoration:underline\"><span style=\"font-size:14.0pt\"><span style=\"text-decoration:none\"><span style=\"text-underline:none\">, 31 de agosto, Audit&oacute;rio A da M&amp;T Expo. <\/span><\/span><\/span><\/span><\/span><a href=\"https:\/\/www.mtexpo.com.br\/pt\/visitantes\/programacao\/workshop-de-mineracao\" style=\"color:blue; text-decoration:underline\"><span style=\"font-size:14.0pt\">Informa&ccedil;&otilde;es aqui<\/span><\/a><span class=\"MsoHyperlink\" style=\"color:blue\"><span style=\"text-decoration:underline\"><span style=\"font-size:14.0pt\"><span style=\"text-decoration:none\"><span style=\"text-underline:none\">.<\/span><\/span><\/span><\/span><\/span><\/span><\/span><\/span><\/p>\r\n\r\n<p style=\"text-align:justify\"><span style=\"font-size:11pt\"><span style=\"line-height:normal\"><span style=\"font-family:&quot;Calibri&quot;,sans-serif\"><span class=\"MsoHyperlink\" style=\"color:blue\"><span style=\"text-decoration:underline\"><b><span style=\"font-size:14.0pt\"><span style=\"text-decoration:none\"><span style=\"text-underline:none\">12&ordm; Semin&aacute;rio Competitividade: Aprendendo a abrir caminhos - Os atalhos para o pl&aacute;stico se recriar e continuar a criar<\/span><\/span><\/span><\/b><\/span><\/span><span class=\"MsoHyperlink\" style=\"color:blue\"><span style=\"text-decoration:underline\"><span style=\"font-size:14.0pt\"><span style=\"text-decoration:none\"><span style=\"text-underline:none\">, 13 de setembro, 100% presencial, Hotel Meli&aacute;, Av. Paulista, 2181, S&atilde;o Paulo. <\/span><\/span><\/span><\/span><\/span><a href=\"https:\/\/plasticosemrevista.com.br\/competitividade-2022\" style=\"color:blue; text-decoration:underline\"><span style=\"font-size:14.0pt\">Programa&ccedil;&atilde;o<\/span><\/a><span class=\"MsoHyperlink\" style=\"color:blue\"><span style=\"text-decoration:underline\"><span style=\"font-size:14.0pt\"><span style=\"text-decoration:none\"><span style=\"text-underline:none\">. <\/span><\/span><\/span><\/span><\/span><a href=\"https:\/\/plasticosemrevista.com.br\/competitividade-2022-inscricao\" style=\"color:blue; text-decoration:underline\"><span style=\"font-size:14.0pt\">Inscri&ccedil;&otilde;es<\/span><\/a><span class=\"MsoHyperlink\" style=\"color:blue\"><span style=\"text-decoration:underline\"><span style=\"font-size:14.0pt\"><span style=\"text-decoration:none\"><span style=\"text-underline:none\">.<\/span><\/span><\/span><\/span><\/span><\/span><\/span><\/span><\/p>\r\n\r\n<p style=\"text-align:justify\"><span style=\"font-size:11pt\"><span style=\"line-height:normal\"><span style=\"font-family:&quot;Calibri&quot;,sans-serif\"><span class=\"MsoHyperlink\" style=\"color:blue\"><span style=\"text-decoration:underline\"><b><span style=\"font-size:14.0pt\"><span style=\"text-decoration:none\"><span style=\"text-underline:none\">Feira HospitalMed, <\/span><\/span><\/span><\/b><\/span><\/span><span class=\"MsoHyperlink\" style=\"color:blue\"><span style=\"text-decoration:underline\"><span style=\"font-size:14.0pt\"><span style=\"text-decoration:none\"><span style=\"text-underline:none\">19 a 21 de outubro, Centro de Conven&ccedil;&otilde;es de Pernambuco. <\/span><\/span><\/span><\/span><\/span><a href=\"https:\/\/hospitalmed.com.br\/feira\/\" style=\"color:blue; text-decoration:underline\"><span style=\"font-size:14.0pt\">Informa&ccedil;&otilde;es aqui.<\/span><\/a><\/span><\/span><\/span><\/p>\r\n\r\n<p style=\"text-align:justify\"><span style=\"font-size:11pt\"><span style=\"line-height:normal\"><span style=\"font-family:&quot;Calibri&quot;,sans-serif\"><span class=\"MsoHyperlink\" style=\"color:blue\"><span style=\"text-decoration:underline\"><b><span style=\"font-size:14.0pt\"><span style=\"text-decoration:none\"><span style=\"text-underline:none\">Innovate: Zero Carbon, Textiles&#39; journey to zero carbon<\/span><\/span><\/span><\/b><\/span><\/span><\/span><\/span><\/span><\/p>\r\n\r\n<p style=\"text-align:justify\"><span style=\"font-size:11pt\"><span style=\"line-height:normal\"><span style=\"font-family:&quot;Calibri&quot;,sans-serif\"><span class=\"MsoHyperlink\" style=\"color:blue\"><span style=\"text-decoration:underline\"><span style=\"font-size:14.0pt\"><span style=\"text-decoration:none\"><span style=\"text-underline:none\">When: 1-3 Nov 2022<\/span><\/span><\/span><\/span><\/span><\/span><\/span><\/span><\/p>\r\n\r\n<p style=\"text-align:justify\"><span style=\"font-size:11pt\"><span style=\"line-height:normal\"><span style=\"font-family:&quot;Calibri&quot;,sans-serif\"><span class=\"MsoHyperlink\" style=\"color:blue\"><span style=\"text-decoration:underline\"><span style=\"font-size:14.0pt\"><span style=\"text-decoration:none\"><span style=\"text-underline:none\">What time: 13:00&ndash;17:00 UTC \/ 9:00&ndash;13:00 EDT<\/span><\/span><\/span><\/span><\/span><\/span><\/span><\/span><\/p>\r\n\r\n<p style=\"text-align:justify\"><span style=\"font-size:11pt\"><span style=\"line-height:normal\"><span style=\"font-family:&quot;Calibri&quot;,sans-serif\"><span class=\"MsoHyperlink\" style=\"color:blue\"><span style=\"text-decoration:underline\"><span style=\"font-size:14.0pt\"><span style=\"text-decoration:none\"><span style=\"text-underline:none\">Where: Virtual, <\/span><\/span><\/span><\/span><\/span><a href=\"https:\/\/events.wtin.com\/event\/f5bac4f2-d902-41ba-9153-a4d80622877c\/summary\" style=\"color:blue; text-decoration:underline\"><span style=\"font-size:14.0pt\">events.wtin.com\/innovate<\/span><\/a><\/span><\/span><\/span><\/p>\r\n\r\n<p class=\"MsoTitle\" style=\"text-align:justify\"><span style=\"font-size:28pt\"><span style=\"font-family:&quot;Cambria&quot;,serif\"><span style=\"letter-spacing:-0.5pt\"><b><span style=\"font-size:18.0pt\"><span style=\"font-family:&quot;Calibri&quot;,sans-serif\"><span style=\"font-variant:small-caps\">Setor<\/span><\/span><\/span><\/b><\/span><\/span><\/span><\/p>\r\n\r\n<p style=\"text-align:justify\"><span style=\"font-size:11pt\"><span style=\"line-height:normal\"><span style=\"font-family:&quot;Calibri&quot;,sans-serif\"><a href=\"http:\/\/textileindustry.ning.com\/forum\/topics\/impasse-do-ipi-abit-assina-manifesto-contra-decis-es-do-stf\" style=\"color:blue; text-decoration:underline\"><span style=\"font-size:14.0pt\">Impasse do IPI: Abit assina manifesto contra decis&otilde;es do STF<\/span><\/a><\/span><\/span><\/span><\/p>\r\n\r\n<p style=\"text-align:justify\"><span style=\"font-size:11pt\"><span style=\"line-height:normal\"><span style=\"font-family:&quot;Calibri&quot;,sans-serif\"><a href=\"https:\/\/www.segs.com.br\/demais\/355205-estudo-da-abrafiltros-mostra-que-setor-de-filtracao-industrial-tem-boas-perspectivas-para-os-proximos-anos\" style=\"color:blue; text-decoration:underline\"><span style=\"font-size:14.0pt\">Estudo da Abrafiltros mostra que setor de filtra&ccedil;&atilde;o industrial tem boas perspectivas para os pr&oacute;ximos anos<\/span><\/a><\/span><\/span><\/span><\/p>\r\n\r\n<p style=\"text-align:justify\"><span style=\"font-size:11pt\"><span style=\"line-height:normal\"><span style=\"font-family:&quot;Calibri&quot;,sans-serif\"><a href=\"https:\/\/br.investing.com\/news\/commodities-news\/os-precos-do-petroleo-cairam-quase-30-em-2-meses-qual-e-o-proximo-passo-1026068\" style=\"color:blue; text-decoration:underline\"><span style=\"font-size:14.0pt\">Os pre&ccedil;os do petr&oacute;leo ca&iacute;ram quase 30% em 2 meses. Qual &eacute; o pr&oacute;ximo passo?<\/span><\/a><\/span><\/span><\/span><\/p>\r\n\r\n<p style=\"text-align:justify\"><span style=\"font-size:11pt\"><span style=\"line-height:normal\"><span style=\"font-family:&quot;Calibri&quot;,sans-serif\"><a href=\"https:\/\/financenews.com.br\/2022\/08\/braskem-reporta-prejuizo-no-2t22\/\" style=\"color:blue; text-decoration:underline\"><span style=\"font-size:14.0pt\">Braskem reporta preju&iacute;zo no 2T22 - Finance News<\/span><\/a><\/span><\/span><\/span><\/p>\r\n\r\n<p style=\"text-align:justify\"><span style=\"font-size:11pt\"><span style=\"line-height:normal\"><span style=\"font-family:&quot;Calibri&quot;,sans-serif\"><a href=\"https:\/\/www.nonwovens-industry.com\/contents\/view_breaking-news\/2022-08-11\/exports-dominate-chinese-trade-of-tissues-hygiene-products-and-wipes?utm_campaign=NON+eNewsletter&amp;utm_medium=email&amp;_hsmi=222547709&amp;_hsenc=p2ANqtz-9_CNetL9EAOiKa0lZq06xvIgsW-bySS01aj3teYqZLgVZRPf3cf6ZkdT4MaM5RLatkhtrjIfHbo10l53KaoPd--TSjAg&amp;utm_content=222547709&amp;utm_source=hs_email\" style=\"color:blue; text-decoration:underline\"><span style=\"font-size:14.0pt\">Exports Dominate Chinese Trade of Tissues, Hygiene Products and Wipes<\/span><\/a><\/span><\/span><\/span><\/p>\r\n\r\n<p style=\"text-align:justify\"><span style=\"font-size:11pt\"><span style=\"line-height:normal\"><span style=\"font-family:&quot;Calibri&quot;,sans-serif\"><a href=\"https:\/\/www.fibre2fashion.com\/news\/textile-news\/textile-industry-in-china-sees-stable-expansion-in-h1-2022-282493-newsdetails.htm\" style=\"color:blue; text-decoration:underline\"><span style=\"font-size:14.0pt\">Textile industry in China sees stable expansion in H1 2022<\/span><\/a><\/span><\/span><\/span><\/p>\r\n\r\n<p style=\"text-align:justify\"><span style=\"font-size:11pt\"><span style=\"line-height:normal\"><span style=\"font-family:&quot;Calibri&quot;,sans-serif\"><a href=\"https:\/\/www.fibre2fashion.com\/news\/textile-news\/india-needs-more-schemes-to-enhance-production-of-textile-raw-material-282422-newsdetails.htm\" style=\"color:blue; text-decoration:underline\"><span style=\"font-size:14.0pt\">India needs more schemes to enhance production of textile raw material<\/span><\/a><\/span><\/span><\/span><\/p>\r\n\r\n<p style=\"text-align:justify\"><span style=\"font-size:11pt\"><span style=\"line-height:normal\"><span style=\"font-family:&quot;Calibri&quot;,sans-serif\"><a href=\"https:\/\/www.infobae.com\/economia\/2022\/08\/11\/por-primera-vez-en-30-anos-el-indec-registro-aumentos-de-3-digitos-la-ropa-subio-mas-de-un-100-en-el-gran-buenos-aires\/\" style=\"color:blue; text-decoration:underline\"><span style=\"font-size:14.0pt\">Por primera vez en 30 a&ntilde;os el Indec registr&oacute; aumentos de tres d&iacute;gitos: la ropa subi&oacute; m&aacute;s de un 100% en el Gran Buenos Aires - Infobae<\/span><\/a><\/span><\/span><\/span><\/p>\r\n\r\n<p style=\"text-align:justify\"><span style=\"font-size:11pt\"><span style=\"line-height:normal\"><span style=\"font-family:&quot;Calibri&quot;,sans-serif\"><a href=\"https:\/\/t.rdsv1.net\/ls\/click?upn=dUXG8cK7gehfgvepwsFkLMFol9SUeSyRX5ZbS4oHzZrnBHfQuuykge4iO4XnEu0zMtT-2FEajpo1Pbuiq8ULmKgg3mZFBqyCki-2Brp9SOxqA5UOvq0GUPvJknRSerJ2JU-2FIjk7LjtHJXRZv8qudUtVpnxUkovp-2BTdzSdY8pBJhoyLU7-2Fv-2B5gUfBji2MydhdSq4KF0wRsdckw7lFjBQ6XsnSb2HTKdPKMFyTGYFCA-2Bz52ueBeas7uuYt44Hw3N3MfuZGjqM1ZzCW1Z0okgmn1CGDo5ODyioRxLS8RkCwm1wvC2h0VYiA-2BAmpPAhpCyJEkYZR2k7Yh7D5-2B49Wsx31KfHOlKdV0H3FdJucD15OPPgXoJLVAbSeFKx6qJCO-2F4vFIGuHZS3Y_iW8zc4KBvTUX2z9kws1M6pjQI9DpNNh-2Fk6fgMN4DbaFx-2BL1o5swSv2HtiLB2iGFhri3uCHN6zus2re8T7or9O-2BMMcqv-2FmZBLpBeU2fgsNGvH8Rqoh2WoWZ1oQI3rQY5Jhu-2BrIZgypsGlMGtKeJOyR7TR7qQmmMa1vD9CLwrWH36YrL6OBMBdLsTQvr2x7vZF99QVr9jWcSEDiOyQlUnjouclzaAOClqooiUqPY-2BwK6DId-2BtdZGS-2BZX3t8Vgdn26pwh3PdvUaieHi9WM8KTxGwyu-2B-2FFOU2EHNawI2GU-2FEj5MKLTBxaFkUQcPJP-2BnqmDvfhtu8V5aNo4RHQQjGOjPuo3Z61tggt7zST-2B21O36RByZtBo5bzZLHw7iV-2FPAPKbLK63fUSTr53ey-2F7bWBQQMz2PcDoerJ1tiPqe8G6m4wkanM5XznxvUfFjyi2w2aYGULWIVHnce1bms8QBUmt-2Bxn6JA23-2BkxVpLmKRJpelGJm9w810r0EwDFssF5A2gI6TZ0KkAxY3auHmGSXQfEWlvta4J6R-2FwAXLZbjKB60F3HSkPm13hLmG-2Fuu7vgGV0VzU2bycQESnw1rw3A0wSoWvdQI2Lq8FX3QwRPOWQlUOq5IUyIbld38F2HBwKqILhgzYSY5VC0E-2Fwt-2Brh8u4IW-2BlYkg5xjwailQu-2FqqJDP0R8DI7lUyAn-2BeBECROfIhZyNT2KiOCRQUCtRnxVNwdVdqBNHuG0TWZKY-2BxcPwuaje9Pxvxs-3D\" style=\"color:blue; text-decoration:underline\" target=\"_blank\" title=\"ANDRITZ recebe Certificado de Aceita\u00e7\u00e3o Final da Eldorado para planta de manuseio de biomassa\"><span style=\"font-size:14.0pt\">ANDRITZ recebe Certificado de Aceita&ccedil;&atilde;o Final da Eldorado para planta de manuseio de biomassa<\/span><\/a><\/span><\/span><\/span><\/p>\r\n\r\n<p class=\"MsoTitle\" style=\"text-align:justify\"><span style=\"font-size:28pt\"><span style=\"font-family:&quot;Cambria&quot;,serif\"><span style=\"letter-spacing:-0.5pt\"><b><span style=\"font-size:18.0pt\"><span style=\"font-family:&quot;Calibri&quot;,sans-serif\"><span style=\"font-variant:small-caps\">Ind&uacute;stria<\/span><\/span><\/span><\/b><\/span><\/span><\/span><\/p>\r\n\r\n<p style=\"text-align:justify\"><span style=\"font-size:11pt\"><span style=\"line-height:normal\"><span style=\"font-family:&quot;Calibri&quot;,sans-serif\"><a href=\"https:\/\/noticias.portaldaindustria.com.br\/noticias\/economia\/producao-e-emprego-na-industria-crescem-em-julho-aponta-cni\/\" style=\"color:blue; text-decoration:underline\"><span style=\"font-size:14.0pt\">Produ&ccedil;&atilde;o e emprego na ind&uacute;stria crescem em julho, aponta CNI<\/span><\/a><\/span><\/span><\/span><\/p>\r\n\r\n<p style=\"text-align:justify\"><span style=\"font-size:11pt\"><span style=\"line-height:normal\"><span style=\"font-family:&quot;Calibri&quot;,sans-serif\"><a href=\"https:\/\/noticias.portaldaindustria.com.br\/noticias\/economia\/confianca-do-empresario-industrial-atinge-o-maior-patamar-desde-agosto-de-2021\/\" style=\"color:blue; text-decoration:underline\"><span style=\"font-size:14.0pt\">Confian&ccedil;a do empres&aacute;rio industrial atinge o maior patamar desde agosto de 2021<\/span><\/a><\/span><\/span><\/span><\/p>\r\n\r\n<p style=\"text-align:justify\"><span style=\"font-size:11pt\"><span style=\"line-height:normal\"><span style=\"font-family:&quot;Calibri&quot;,sans-serif\"><a href=\"https:\/\/grandesconstrucoes.com.br\/Noticias\/Exibir\/industria-brasileira-encontra-dificuldades-na-producao-de-insumos?utm_source=akna&amp;utm_medium=email&amp;utm_campaign=Grandes-Construcoes-Informativo-824-11-08-2022&amp;utm_source=akna&amp;utm_medium=email&amp;utm_campaign=Grandes-Construcoes-Informativo-824-11-08-2022\" style=\"color:blue; text-decoration:underline\"><span style=\"font-size:14.0pt\">Ind&uacute;stria brasileira encontra dificuldades na produ&ccedil;&atilde;o de insumos<\/span><\/a><\/span><\/span><\/span><\/p>\r\n\r\n<p style=\"text-align:justify\"><span style=\"font-size:11pt\"><span style=\"line-height:normal\"><span style=\"font-family:&quot;Calibri&quot;,sans-serif\"><a href=\"https:\/\/ciclovivo.com.br\/vida-sustentavel\/alimentacao\/projeto-mapeia-542-iniciativas-de-resistencia-aos-agrotoxicos-no-brasil\/\" style=\"color:blue; text-decoration:underline\"><span style=\"font-size:14.0pt\">Projeto mapeia 542 iniciativas de resist&ecirc;ncia aos agrot&oacute;xicos no Brasil<\/span><\/a><\/span><\/span><\/span><\/p>\r\n\r\n<p style=\"text-align:justify\"><span style=\"font-size:11pt\"><span style=\"line-height:normal\"><span style=\"font-family:&quot;Calibri&quot;,sans-serif\"><a href=\"https:\/\/www.agoramotor.com.br\/crescimento-producao-de-veiculos-em-julho\/\" style=\"color:blue; text-decoration:underline\"><span style=\"font-size:14.0pt\">Produ&ccedil;&atilde;o de ve&iacute;culos cresce em julho: veja n&uacute;meros da Anfavea<\/span><\/a><\/span><\/span><\/span><\/p>\r\n\r\n<p style=\"text-align:justify\"><span style=\"font-size:11pt\"><span style=\"line-height:normal\"><span style=\"font-family:&quot;Calibri&quot;,sans-serif\"><a href=\"https:\/\/noticias.portaldaindustria.com.br\/artigos\/ieda-maria-pereira-vasconcelos\/construcao-civil-cenario-atual-e-perspectivas\/\" style=\"color:blue; text-decoration:underline\"><span style=\"font-size:14.0pt\">Constru&ccedil;&atilde;o civil: cen&aacute;rio atual e perspectivas<\/span><\/a><\/span><\/span><\/span><\/p>\r\n\r\n<p style=\"text-align:justify\"><span style=\"font-size:11pt\"><span style=\"line-height:normal\"><span style=\"font-family:&quot;Calibri&quot;,sans-serif\"><a href=\"https:\/\/plasticosemrevista.com.br\/deficit-cronico-na-estocagem-de-graos-e-chamariz-para-silos-bolsa\/\" style=\"color:blue; text-decoration:underline\"><span style=\"font-size:14.0pt\">D&eacute;ficit cr&ocirc;nico na estocagem de gr&atilde;os &eacute; chamariz para silos-bolsa<\/span><\/a><\/span><\/span><\/span><\/p>\r\n\r\n<p style=\"text-align:justify\"><span style=\"font-size:11pt\"><span style=\"line-height:normal\"><span style=\"font-family:&quot;Calibri&quot;,sans-serif\"><a href=\"https:\/\/ibre.fgv.br\/blog-da-conjuntura-economica\/artigos\/ministro-benjamin-zymler-do-tcu-analisa-reequilibrio-de-precos\" style=\"color:blue; text-decoration:underline\"><span style=\"font-size:14.0pt\">Ministro Benjamin Zymler, do TCU, analisa reequil&iacute;brio de pre&ccedil;os em contratos de obras p&uacute;blicas<\/span><\/a><\/span><\/span><\/span><\/p>\r\n\r\n<p style=\"text-align:justify\"><span style=\"font-size:11pt\"><span style=\"line-height:normal\"><span style=\"font-family:&quot;Calibri&quot;,sans-serif\"><a href=\"https:\/\/www.dinheirovivo.pt\/economia\/producao-industrial-sobe-24-na-zona-euro-e-32-na-uniao-europeia-em-junho-face-a-2021-15087738.html\" style=\"color:blue; text-decoration:underline\"><span style=\"font-size:14.0pt\">Produ&ccedil;&atilde;o industrial sobe 2,4% na zona euro e 3,2% na Uni&atilde;o Europeia em junho face a 2021<\/span><\/a><\/span><\/span><\/span><\/p>\r\n\r\n<p class=\"MsoTitle\" style=\"text-align:justify\"><span style=\"font-size:28pt\"><span style=\"font-family:&quot;Cambria&quot;,serif\"><span style=\"letter-spacing:-0.5pt\"><b><span style=\"font-size:18.0pt\"><span style=\"font-family:&quot;Calibri&quot;,sans-serif\"><span style=\"font-variant:small-caps\">Sustentabilidade<\/span><\/span><\/span><\/b><\/span><\/span><\/span><\/p>\r\n\r\n<p style=\"text-align:justify\"><span style=\"font-size:11pt\"><span style=\"line-height:normal\"><span style=\"font-family:&quot;Calibri&quot;,sans-serif\"><a href=\"https:\/\/tissueonline.com.br\/inda-divulga-cronograma-completo-da-conferencia-hygienix\/\" style=\"color:blue; text-decoration:underline\"><span style=\"font-size:14.0pt\">Insumos sustent&aacute;veis, produtos menstruais reutiliz&aacute;veis e fraldas recicl&aacute;veis est&atilde;o entre os principais t&oacute;picos da Confer&ecirc;ncia Hygienix, em novembro<\/span><\/a><\/span><\/span><\/span><\/p>\r\n\r\n<p style=\"text-align:justify\"><span style=\"font-size:11pt\"><span style=\"line-height:normal\"><span style=\"font-family:&quot;Calibri&quot;,sans-serif\"><a href=\"https:\/\/abbi.org.br\/transicao-energetica-bioinovacao-esg\/\" style=\"color:blue; text-decoration:underline\"><span style=\"font-size:14.0pt\">Transi&ccedil;&atilde;o energ&eacute;tica e Bioinova&ccedil;&atilde;o: a import&acirc;ncia do ESG nas estrat&eacute;gias de alinhamento das cadeias produtivas, por Bruno Henrique Maier e Yuki Hamilton Onda Kabe<\/span><\/a><\/span><\/span><\/span><\/p>\r\n\r\n<p style=\"text-align:justify\"><span style=\"font-size:11pt\"><span style=\"line-height:normal\"><span style=\"font-family:&quot;Calibri&quot;,sans-serif\"><a href=\"https:\/\/abbi.org.br\/bioinovacao-esg-cadeias-produtivas\/\" style=\"color:blue; text-decoration:underline\"><span style=\"font-size:14.0pt\">Bioinova&ccedil;&atilde;o e ESG: o papel da governan&ccedil;a ambiental no alinhamento das cadeias produtivas<\/span><\/a><\/span><\/span><\/span><\/p>\r\n\r\n<p style=\"text-align:justify\"><span style=\"font-size:11pt\"><span style=\"line-height:normal\"><span style=\"font-family:&quot;Calibri&quot;,sans-serif\"><a href=\"http:\/\/textileindustry.ning.com\/forum\/topics\/pesquisa-fibras-alternativas-c-nhamo-avalia-a-sustentabilidade-do\" style=\"color:blue; text-decoration:underline\"><span style=\"font-size:14.0pt\">Pesquisa &ldquo;Fibras Alternativas: C&acirc;nhamo&rdquo; Avalia a Sustentabilidade do C&acirc;nhamo T&ecirc;xtil<\/span><\/a><\/span><\/span><\/span><\/p>\r\n\r\n<p style=\"text-align:justify\"><span style=\"font-size:11pt\"><span style=\"line-height:normal\"><span style=\"font-family:&quot;Calibri&quot;,sans-serif\"><a href=\"https:\/\/noticias.portaldaindustria.com.br\/noticias\/competitividade\/rota-2030-em-nova-fase\/\" style=\"color:blue; text-decoration:underline\"><span style=\"font-size:14.0pt\">Rota 2030 em nova fase<\/span><\/a><\/span><\/span><\/span><\/p>\r\n\r\n<p style=\"text-align:justify\"><span style=\"font-size:11pt\"><span style=\"line-height:normal\"><span style=\"font-family:&quot;Calibri&quot;,sans-serif\"><a href=\"https:\/\/engenhariacompartilhada.com.br\/noticia\/exibir\/6502728_medidas-de-descarbonizacao-crescem-no-setor-da-construcao-civil\" style=\"color:blue; text-decoration:underline\"><span style=\"font-size:14.0pt\">Medidas de descarboniza&ccedil;&atilde;o crescem no setor da constru&ccedil;&atilde;o civil<\/span><\/a><\/span><\/span><\/span><\/p>\r\n\r\n<p style=\"text-align:justify\"><span style=\"font-size:11pt\"><span style=\"line-height:normal\"><span style=\"font-family:&quot;Calibri&quot;,sans-serif\"><a href=\"https:\/\/engenhariacompartilhada.com.br\/noticia\/exibir\/6521031_ferrovias-e-estudos-ambientais\" style=\"color:blue; text-decoration:underline\"><span style=\"font-size:14.0pt\">Ferrovias e estudos ambientais<\/span><\/a><\/span><\/span><\/span><\/p>\r\n\r\n<p style=\"text-align:justify\"><span style=\"font-size:11pt\"><span style=\"line-height:normal\"><span style=\"font-family:&quot;Calibri&quot;,sans-serif\"><a href=\"https:\/\/www.textiletechnology.net\/technology\/news\/ntu-singapore-joint-research-center-to-tackle-textile-waste-32678?utm_source=%2Fmeta%2Fnewsletter%2Fnewsletter&amp;utm_medium=newsletter&amp;utm_campaign=nl936&amp;utm_term=0801b20e08c3242125d512808cd74302\" style=\"color:blue; text-decoration:underline\"><span style=\"font-size:14.0pt\">Joint research center to tackle textile waste<\/span><\/a><\/span><\/span><\/span><\/p>\r\n\r\n<p class=\"MsoTitle\" style=\"text-align:justify\"><span style=\"font-size:28pt\"><span style=\"font-family:&quot;Cambria&quot;,serif\"><span style=\"letter-spacing:-0.5pt\"><b><span style=\"font-size:18.0pt\"><span style=\"font-family:&quot;Calibri&quot;,sans-serif\"><span style=\"font-variant:small-caps\">Inova&ccedil;&atilde;o<\/span><\/span><\/span><\/b><\/span><\/span><\/span><\/p>\r\n\r\n<p style=\"text-align:justify\"><span style=\"font-size:11pt\"><span style=\"line-height:normal\"><span style=\"font-family:&quot;Calibri&quot;,sans-serif\"><a href=\"https:\/\/www.motor24.pt\/motores\/continental-ja-vende-em-portugal-primeiros-pneus-feitos-a-partir-de-garrafas-pet\/1569478\/\" style=\"color:blue; text-decoration:underline\"><span style=\"font-size:14.0pt\">Continental j&aacute; vende em Portugal primeiros pneus feitos a partir de garrafas PET<\/span><\/a><\/span><\/span><\/span><\/p>\r\n\r\n<p style=\"text-align:justify\"><span style=\"font-size:11pt\"><span style=\"line-height:normal\"><span style=\"font-family:&quot;Calibri&quot;,sans-serif\"><a href=\"https:\/\/ciclovivo.com.br\/inovacao\/tecnologia\/tela-perfurada-a-laser-filtra-microplasticos-de-aguas-residuais\/\" style=\"color:blue; text-decoration:underline\"><span style=\"font-size:14.0pt\">Engenheiros criam filtro de folhas de a&ccedil;o que filtra micropl&aacute;sticos<\/span><\/a><\/span><\/span><\/span><\/p>\r\n\r\n<p style=\"text-align:justify\"><span style=\"font-size:11pt\"><span style=\"line-height:normal\"><span style=\"font-family:&quot;Calibri&quot;,sans-serif\"><a href=\"https:\/\/www.segs.com.br\/demais\/355204-fio-de-poliamida-reciclado-representa-inovacao-para-o-mercado-brasileiro\" style=\"color:blue; text-decoration:underline\"><span style=\"font-size:14.0pt\">Fio de Poliamida reciclado representa inova&ccedil;&atilde;o para o mercado brasileiro<\/span><\/a><\/span><\/span><\/span><\/p>\r\n\r\n<p style=\"text-align:justify\"><span style=\"font-size:11pt\"><span style=\"line-height:normal\"><span style=\"font-family:&quot;Calibri&quot;,sans-serif\"><a href=\"http:\/\/textileindustry.ning.com\/forum\/topics\/a-quarta-revolu-o-industrial-e-o-hibridismo-no-setor-t-xtil\" style=\"color:blue; text-decoration:underline\"><span style=\"font-size:14.0pt\">A quarta revolu&ccedil;&atilde;o industrial e o hibridismo no setor t&ecirc;xtil<\/span><\/a><\/span><\/span><\/span><\/p>\r\n\r\n<p class=\"MsoTitle\" style=\"text-align:justify\"><span style=\"font-size:28pt\"><span style=\"font-family:&quot;Cambria&quot;,serif\"><span style=\"letter-spacing:-0.5pt\"><b><span style=\"font-size:18.0pt\"><span style=\"font-family:&quot;Calibri&quot;,sans-serif\"><span style=\"font-variant:small-caps\">Com&eacute;rcio Exterior<\/span><\/span><\/span><\/b><\/span><\/span><\/span><\/p>\r\n\r\n<p style=\"text-align:justify\"><span style=\"font-size:11pt\"><span style=\"line-height:normal\"><span style=\"font-family:&quot;Calibri&quot;,sans-serif\"><a href=\"https:\/\/agenciabrasil.ebc.com.br\/economia\/noticia\/2022-08\/ministros-apontam-ingresso-na-ocde-como-prioridade-no-plano-externo\" style=\"color:blue; text-decoration:underline\"><span style=\"font-size:14.0pt\">Ministros apontam ingresso na OCDE como prioridade no plano externo<\/span><\/a><\/span><\/span><\/span><\/p>\r\n\r\n<p style=\"text-align:justify\"><span style=\"font-size:11pt\"><span style=\"line-height:normal\"><span style=\"font-family:&quot;Calibri&quot;,sans-serif\"><a href=\"https:\/\/www.comexdobrasil.com\/exportacoes-chinesas-de-automoveis-crescem-enquanto-montadoras-expandem-negocios-globalmente\/\" style=\"color:blue; text-decoration:underline\"><span style=\"font-size:14.0pt\">Exporta&ccedil;&otilde;es chinesas de autom&oacute;veis crescem enquanto montadoras expandem neg&oacute;cios globalmente<\/span><\/a><\/span><\/span><\/span><\/p>\r\n\r\n<p class=\"MsoTitle\" style=\"text-align:justify\"><span style=\"font-size:28pt\"><span style=\"font-family:&quot;Cambria&quot;,serif\"><span style=\"letter-spacing:-0.5pt\"><b><span style=\"font-size:18.0pt\"><span style=\"font-family:&quot;Calibri&quot;,sans-serif\"><span style=\"font-variant:small-caps\">Economia<\/span><\/span><\/span><\/b><\/span><\/span><\/span><\/p>\r\n\r\n<p style=\"text-align:justify\"><span style=\"font-size:11pt\"><span style=\"line-height:normal\"><span style=\"font-family:&quot;Calibri&quot;,sans-serif\"><a href=\"https:\/\/www.bcb.gov.br\/content\/focus\/focus\/R20220812.pdf\" style=\"color:blue; text-decoration:underline\"><span style=\"font-size:14.0pt\">Focus - Relat&oacute;rio de Mercado<\/span><\/a><\/span><\/span><\/span><\/p>\r\n\r\n<p style=\"text-align:justify\"><span style=\"font-size:11pt\"><span style=\"line-height:normal\"><span style=\"font-family:&quot;Calibri&quot;,sans-serif\"><a href=\"https:\/\/www.eiu.com\/n\/fdi-inflows-to-latin-america-spike\/?utm_source=mkt-newsletter&amp;utm_medium=email&amp;utm_campaign=foce&amp;utm_content=12-august-2022&amp;mkt_tok=NzUzLVJJUS00MzgAAAGGMR7mbnUwPkIROzxfUA7aU4eem_Dn8idgJgfCkQUZVKse0n8bIwbKgx53kP4Sf1dcmDYnKcEWK7V4m6VHo7GndNqX2maMajBYje-zapqkH74eyA\" style=\"color:blue; text-decoration:underline\"><span style=\"font-size:14.0pt\">FDI inflows to Latin America spike<\/span><\/a><\/span><\/span><\/span><\/p>\r\n\r\n<p style=\"text-align:justify\"><span style=\"font-size:11pt\"><span style=\"line-height:normal\"><span style=\"font-family:&quot;Calibri&quot;,sans-serif\"><a href=\"https:\/\/agenciabrasil.ebc.com.br\/economia\/noticia\/2022-08\/mercado-financeiro-reduz-projecao-de-inflacao-de-711-para-702\" style=\"color:blue; text-decoration:underline\"><span style=\"font-size:14.0pt\">Mercado financeiro reduz proje&ccedil;&atilde;o de infla&ccedil;&atilde;o de 7,11% para 7,02%<\/span><\/a><\/span><\/span><\/span><\/p>\r\n\r\n<p style=\"text-align:justify\"><span style=\"font-size:11pt\"><span style=\"line-height:normal\"><span style=\"font-family:&quot;Calibri&quot;,sans-serif\"><a href=\"https:\/\/portalibre.fgv.br\/noticias\/barometros-globais-desaceleracao-da-economia-mundial-segue-seu-curso\" style=\"color:blue; text-decoration:underline\"><span style=\"font-size:14.0pt\">Bar&ocirc;metros Globais | Desacelera&ccedil;&atilde;o da economia mundial segue seu curso<\/span><\/a><\/span><\/span><\/span><\/p>\r\n\r\n<p style=\"text-align:justify\"><span style=\"font-size:11pt\"><span style=\"line-height:normal\"><span style=\"font-family:&quot;Calibri&quot;,sans-serif\"><a href=\"https:\/\/grandesconstrucoes.com.br\/Noticias\/Exibir\/faturamento-da-industria-de-materiais-apresenta-leve-alta-em-julho?utm_source=akna&amp;utm_medium=email&amp;utm_campaign=Grandes-Construcoes-Informativo-824-11-08-2022&amp;utm_source=akna&amp;utm_medium=email&amp;utm_campaign=Grandes-Construcoes-Informativo-824-11-08-2022\" style=\"color:blue; text-decoration:underline\"><span style=\"font-size:14.0pt\">Faturamento da ind&uacute;stria de materiais apresenta leve alta em julho<\/span><\/a><\/span><\/span><\/span><\/p>\r\n\r\n<p style=\"text-align:justify\"><span style=\"font-size:11pt\"><span style=\"line-height:normal\"><span style=\"font-family:&quot;Calibri&quot;,sans-serif\"><a href=\"https:\/\/grandesconstrucoes.com.br\/Noticias\/Exibir\/custo-medio-da-construcao-desacelera-em-junho?utm_source=akna&amp;utm_medium=email&amp;utm_campaign=Grandes-Construcoes-Informativo-824-11-08-2022&amp;utm_source=akna&amp;utm_medium=email&amp;utm_campaign=Grandes-Construcoes-Informativo-824-11-08-2022\" style=\"color:blue; text-decoration:underline\"><span style=\"font-size:14.0pt\">Custo m&eacute;dio da constru&ccedil;&atilde;o desacelera em junho<\/span><\/a><\/span><\/span><\/span><\/p>\r\n\r\n<p style=\"text-align:justify\"><span style=\"font-size:11pt\"><span style=\"line-height:normal\"><span style=\"font-family:&quot;Calibri&quot;,sans-serif\"><a href=\"https:\/\/www.dinheirovivo.pt\/economia\/internacional\/precos-na-producao-caem-nos-eua-pela-primeira-vez-desde-a-pandemia--15085895.html\" style=\"color:blue; text-decoration:underline\"><span style=\"font-size:14.0pt\">Pre&ccedil;os na produ&ccedil;&atilde;o caem nos EUA pela primeira vez desde a pandemia<\/span><\/a><\/span><\/span><\/span><\/p>\r\n\r\n<p style=\"text-align:justify\"><span style=\"font-size:11pt\"><span style=\"line-height:normal\"><span style=\"font-family:&quot;Calibri&quot;,sans-serif\"><a href=\"https:\/\/blogdoibre.fgv.br\/posts\/como-ler-economia-americana\" style=\"color:blue; text-decoration:underline\"><span style=\"font-size:14.0pt\">Como ler a economia americana?<\/span><\/a><\/span><\/span><\/span><\/p>\r\n\r\n<p style=\"text-align:justify\"><span style=\"font-size:11pt\"><span style=\"line-height:normal\"><span style=\"font-family:&quot;Calibri&quot;,sans-serif\"><a href=\"https:\/\/exame.com\/economia\/china-registra-a-maior-inflacao-em-dois-anos\/\" style=\"color:blue; text-decoration:underline\"><span style=\"font-size:14.0pt\">China registra a maior infla&ccedil;&atilde;o em dois anos<\/span><\/a><\/span><\/span><\/span><\/p>\r\n","texto_en":"","7":"","imagem":"COMP_banner-padrao-home-destaques-boletim_20220817133345pCNeUCNgqz.jpg","8":"COMP_banner-padrao-home-destaques-boletim_20220817133345pCNeUCNgqz.jpg","arquivo":"20220816-NOTICIAS-SEMANAIS.PDF","9":"20220816-NOTICIAS-SEMANAIS.PDF","titulo_arquivo":"","10":"","titulo_arquivo_en":"","11":"","created_at":"2022-08-17 13:33:55","12":"2022-08-17 13:33:55","updated_at":"2022-08-17 13:33:55","13":"2022-08-17 13:33:55"},{"id":29,"0":29,"ordem":194,"1":194,"data":"2022-08-09","2":"2022-08-09","slug":"boletim-de-noticias-semanais-26","3":"boletim-de-noticias-semanais-26","titulo":"Boletim de Not\u00edcias Semanais","4":"Boletim de Not\u00edcias Semanais","titulo_en":"","5":"","texto":"<p style=\"text-align:justify\"><span style=\"font-size:11pt\"><span style=\"line-height:normal\"><span style=\"font-family:&quot;Calibri&quot;,sans-serif\"><span style=\"font-size:14.0pt\">Esta &eacute; uma compila&ccedil;&atilde;o das not&iacute;cias mais relevantes para o setor, incluindo informa&ccedil;&otilde;es sobre acordos internacionais, economia brasileira, sustentabilidade e mat&eacute;rias primas, al&eacute;m de novidades do setor de N&atilde;otecidos e Tecidos T&eacute;cnicos.<\/span><\/span><\/span><\/span><\/p>\r\n\r\n<p class=\"MsoTitle\" style=\"text-align:justify\"><span style=\"font-size:28pt\"><span style=\"font-family:&quot;Cambria&quot;,serif\"><span style=\"letter-spacing:-0.5pt\"><b><span style=\"font-size:18.0pt\"><span style=\"font-family:&quot;Calibri&quot;,sans-serif\"><span style=\"font-variant:small-caps\">A&ccedil;&otilde;es da ABINT<\/span><\/span><\/span><\/b><\/span><\/span><\/span><\/p>\r\n\r\n<p style=\"text-align:justify\"><span style=\"font-size:11pt\"><span style=\"line-height:normal\"><span style=\"font-family:&quot;Calibri&quot;,sans-serif\"><span class=\"MsoHyperlink\" style=\"color:blue\"><span style=\"text-decoration:underline\"><b><span style=\"font-size:14.0pt\"><span style=\"text-decoration:none\"><span style=\"text-underline:none\">Curso ABINT Tecnologia dos N&atilde;otecidos<\/span><\/span><\/span><\/b><\/span><\/span> <a href=\"https:\/\/www.abint.org.br\/informacao\/cursos-e-eventos\" style=\"color:blue; text-decoration:underline\"><b><span style=\"font-size:14.0pt\">INSCREVA-SE<\/span><\/b><\/a><span class=\"MsoHyperlink\" style=\"color:blue\"><span style=\"text-decoration:underline\"><span style=\"font-size:14.0pt\"><span style=\"text-decoration:none\"><span style=\"text-underline:none\"> <b>para as pr&oacute;ximas turmas!<\/b><\/span><\/span><\/span><\/span><\/span><\/span><\/span><\/span><\/p>\r\n\r\n<p style=\"text-align:justify\"><img height=\"88\" src=\"https:\/\/www.abint.org.br\/assets\/img\/editor\/artigo-ctg-logo_20220809135555ogUIChuGdZ.png\" width=\"383\" \/><\/p>\r\n\r\n<p style=\"text-align:justify\"><span style=\"font-size:11pt\"><span style=\"line-height:normal\"><span style=\"font-family:&quot;Calibri&quot;,sans-serif\"><span class=\"MsoHyperlink\" style=\"color:blue\"><span style=\"text-decoration:underline\"><span style=\"font-size:13.0pt\"><span style=\"text-decoration:none\"><span style=\"text-underline:none\">&ldquo;<b>A import&acirc;ncia da correta identifica&ccedil;&atilde;o da unidade de geossint&eacute;tico e a sua marca&ccedil;&atilde;o na pr&oacute;pria bobina&rdquo;, <\/b><i>por Eng. Laerte Maroni<\/i><b> <\/b><\/span><\/span><\/span><\/span><\/span><a href=\"https:\/\/www.linkedin.com\/pulse\/import%25C3%25A2ncia-da-correta-identifica%25C3%25A7%25C3%25A3o-unidade-de-e-sua-ctg-abint\/?published=t&amp;trackingId=%2Ft%2BLz29IsuX6SlzbRW2lDg%3D%3D\" style=\"color:blue; text-decoration:underline\"><b><span style=\"font-size:13.0pt\">[+]<\/span><\/b><\/a><\/span><\/span><\/span><\/p>\r\n\r\n<p style=\"text-align:justify\">&nbsp;<\/p>\r\n\r\n<p><img height=\"436\" src=\"https:\/\/www.abint.org.br\/assets\/img\/editor\/20220811-live-ctg-instagram-rodrigo_20220809135643Bi7qCtA5Ma.jpeg\" width=\"436\" \/><\/p>\r\n\r\n<p><span class=\"MsoHyperlink\" style=\"color:blue\"><span style=\"text-decoration:underline\"><span style=\"font-size:14.0pt\"><span style=\"line-height:115%\"><span style=\"font-family:&quot;Calibri&quot;,sans-serif\"><span style=\"text-decoration:none\"><span style=\"text-underline:none\">O <b>CTG Entrevista<\/b> recebe o <b>Engenheiro Rodrigo Alves e Silva<\/b>, doutorando na Queens University para falar sobre suas experi&ecirc;ncias com a qualifica&ccedil;&atilde;o de geossint&eacute;ticos no exterior. <b>Dia 11 de agosto, &agrave;s 18:00<\/b>, no <\/span><\/span><\/span><\/span><\/span><\/span><\/span><span style=\"font-size:11.0pt\"><span style=\"line-height:115%\"><span style=\"font-family:&quot;Calibri&quot;,sans-serif\"><a href=\"https:\/\/www.instagram.com\/ctg_abint\/?hl=en\" style=\"color:blue; text-decoration:underline\"><span style=\"font-size:14.0pt\"><span style=\"line-height:115%\">Instagram do CTG<\/span><\/span><\/a><\/span><\/span><\/span><\/p>\r\n\r\n<p>&nbsp;<\/p>\r\n\r\n<p><img height=\"88\" src=\"https:\/\/www.abint.org.br\/assets\/img\/editor\/ebanner-760x100px_20220809135825dKEYCiB6DH.gif\" width=\"672\" \/><\/p>\r\n\r\n<p><span class=\"MsoHyperlink\" style=\"color:blue\"><span style=\"text-decoration:underline\"><span style=\"font-size:14.0pt\"><span style=\"line-height:115%\"><span style=\"font-family:&quot;Calibri&quot;,sans-serif\"><span style=\"text-decoration:none\"><span style=\"text-underline:none\">O CTG ABINT &eacute; apoiador do <b>33&ordm; Encontro T&eacute;cnico AESabesp \/ Fenasan 2022<\/b>, eventos que ocorrer&atilde;o de <b>13 a 15 de setembro<\/b>, no Pavilh&atilde;o Branco Expo Center Norte. <\/span><\/span><\/span><\/span><\/span><\/span><\/span><span style=\"font-size:11.0pt\"><span style=\"line-height:115%\"><span style=\"font-family:&quot;Calibri&quot;,sans-serif\"><a href=\"https:\/\/fenasan.com.br\/\" style=\"color:blue; text-decoration:underline\"><span style=\"font-size:14.0pt\"><span style=\"line-height:115%\">Informa&ccedil;&otilde;es aqui<\/span><\/span><\/a><\/span><\/span><\/span><span class=\"MsoHyperlink\" style=\"color:blue\"><span style=\"text-decoration:underline\"><span style=\"font-size:14.0pt\"><span style=\"line-height:115%\"><span style=\"font-family:&quot;Calibri&quot;,sans-serif\"><span style=\"text-decoration:none\"><span style=\"text-underline:none\">.<\/span><\/span><\/span><\/span><\/span><\/span><\/span><\/p>\r\n\r\n<p>&nbsp;<\/p>\r\n\r\n<p><img height=\"369\" src=\"https:\/\/www.abint.org.br\/assets\/img\/editor\/congresso-internacional-abit-2022_2022080914003078zMqzKHda.png\" width=\"446\" \/><\/p>\r\n\r\n<h2>A ABINT &eacute; uma das patrocinadoras do Congresso Internacional ABIT 2022, evento 100% presencial, que ocorrer&aacute; dias 03 e 04 de novembro, em Belo Horizonte, MG. Em breve traremos mais detalhes.<\/h2>\r\n\r\n<p>&nbsp;<\/p>\r\n\r\n<p><img height=\"261\" src=\"https:\/\/www.abint.org.br\/assets\/img\/editor\/partnerkit-conahp-retangular-cth-abint_20220809140218EHpeaelX0s.png\" width=\"461\" \/><\/p>\r\n\r\n<h2><span class=\"MsoHyperlink\" style=\"color:blue\"><span style=\"text-decoration:underline\"><span style=\"font-size:14.0pt\"><span style=\"line-height:115%\"><span style=\"font-family:&quot;Calibri&quot;,sans-serif\"><span style=\"text-decoration:none\"><span style=\"text-underline:none\">O <b>CTH ABINT<\/b> &eacute; patrocinador do <\/span><\/span><\/span><\/span><\/span><\/span><\/span><span class=\"MsoHyperlink\" style=\"color:blue\"><span style=\"text-decoration:underline\"><b><span style=\"font-size:14.0pt\"><span style=\"line-height:115%\"><span style=\"font-family:&quot;Calibri&quot;,sans-serif\"><span style=\"text-decoration:none\"><span style=\"text-underline:none\">CONAHP 2022 - Congresso Nacional de Hospitais Privados<\/span><\/span><\/span><\/span><\/span><\/b><\/span><\/span><span class=\"MsoHyperlink\" style=\"color:blue\"><span style=\"text-decoration:underline\"><span style=\"font-size:14.0pt\"><span style=\"line-height:115%\"><span style=\"font-family:&quot;Calibri&quot;,sans-serif\"><span style=\"text-decoration:none\"><span style=\"text-underline:none\">, evento que ocorrer&aacute; <b>presencialmente nos dias 10 e 11 de novembro, Transam&eacute;rica Expo Center<\/b>, S&atilde;o Paulo, SP. <\/span><\/span><\/span><\/span><\/span><\/span><\/span><span style=\"font-size:11.0pt\"><span style=\"line-height:115%\"><span style=\"font-family:&quot;Calibri&quot;,sans-serif\"><a href=\"https:\/\/conahp.org.br\/2022\/\" style=\"color:blue; text-decoration:underline\"><span style=\"font-size:14.0pt\"><span style=\"line-height:115%\">Informa&ccedil;&otilde;es aqui<\/span><\/span><\/a><\/span><\/span><\/span><\/h2>\r\n\r\n<p>&nbsp;<\/p>\r\n\r\n<p style=\"text-align:justify\"><span style=\"font-size:11pt\"><span style=\"line-height:normal\"><span style=\"font-family:&quot;Calibri&quot;,sans-serif\"><b><span style=\"font-size:18.0pt\"><span style=\"font-variant:small-caps\">Eventos<\/span><\/span><\/b><\/span><\/span><\/span><\/p>\r\n\r\n<p style=\"text-align:justify\"><span style=\"font-size:11pt\"><span style=\"line-height:normal\"><span style=\"font-family:&quot;Calibri&quot;,sans-serif\"><span class=\"MsoHyperlink\" style=\"color:blue\"><span style=\"text-decoration:underline\"><b><span style=\"font-size:14.0pt\"><span style=\"text-decoration:none\"><span style=\"text-underline:none\">24&ordm; ENACOR &ndash; Encontro Nacional de Conserva&ccedil;&atilde;o Rodovi&aacute;ria e a 47&ordf; RAPv &ndash; Reuni&atilde;o Anual de Pavimenta&ccedil;&atilde;o, <\/span><\/span><\/span><\/b><\/span><\/span><span class=\"MsoHyperlink\" style=\"color:blue\"><span style=\"text-decoration:underline\"><span style=\"font-size:14.0pt\"><span style=\"text-decoration:none\"><span style=\"text-underline:none\">evento 100% presencial, 9 a 12 de agosto, Pavilh&atilde;o E do FUNDAPARQUE, Bento Gon&ccedil;alves\/RS. <\/span><\/span><\/span><\/span><\/span><a href=\"https:\/\/www.rapvenacor.com.br\/\" style=\"color:blue; text-decoration:underline\"><span style=\"font-size:14.0pt\">Informa&ccedil;&otilde;es aqui<\/span><\/a><span class=\"MsoHyperlink\" style=\"color:blue\"><span style=\"text-decoration:underline\"><span style=\"font-size:14.0pt\"><span style=\"text-decoration:none\"><span style=\"text-underline:none\">.<\/span><\/span><\/span><\/span><\/span><\/span><\/span><\/span><\/p>\r\n\r\n<p style=\"text-align:justify\"><span style=\"font-size:11pt\"><span style=\"line-height:normal\"><span style=\"font-family:&quot;Calibri&quot;,sans-serif\"><span class=\"MsoHyperlink\" style=\"color:blue\"><span style=\"text-decoration:underline\"><b><span style=\"font-size:14.0pt\"><span style=\"text-decoration:none\"><span style=\"text-underline:none\">17&ordm; Webinar Think Plastic Brazil:<\/span><\/span><\/span><\/b><\/span><\/span><span class=\"MsoHyperlink\" style=\"color:blue\"><span style=\"text-decoration:underline\"><span style=\"font-size:14.0pt\"><span style=\"text-decoration:none\"><span style=\"text-underline:none\"> <b>Incoterms&reg; 2020 - Regras para o Com&eacute;rcio Internacional<\/b>, 09 de agosto. <\/span><\/span><\/span><\/span><\/span><a href=\"https:\/\/junto.us12.list-manage.com\/track\/click?u=2362c2ef23b5f6f86b32d9fbd&amp;id=71b2e77730&amp;e=674d49841c\" style=\"color:blue; text-decoration:underline\"><span style=\"font-size:14.0pt\">Informa&ccedil;&otilde;es aqui<\/span><\/a><span class=\"MsoHyperlink\" style=\"color:blue\"><span style=\"text-decoration:underline\"><span style=\"font-size:14.0pt\"><span style=\"text-decoration:none\"><span style=\"text-underline:none\">.<\/span><\/span><\/span><\/span><\/span><\/span><\/span><\/span><\/p>\r\n\r\n<p style=\"text-align:justify\"><span style=\"font-size:11pt\"><span style=\"line-height:normal\"><span style=\"font-family:&quot;Calibri&quot;,sans-serif\"><span class=\"MsoHyperlink\" style=\"color:blue\"><span style=\"text-decoration:underline\"><b><span style=\"font-size:14.0pt\"><span style=\"text-decoration:none\"><span style=\"text-underline:none\">Jornada de Enfermagem em Central de Material e Esteriliza&ccedil;&atilde;o<\/span><\/span><\/span><\/b><\/span><\/span><span class=\"MsoHyperlink\" style=\"color:blue\"><span style=\"text-decoration:underline\"><span style=\"font-size:14.0pt\"><span style=\"text-decoration:none\"><span style=\"text-underline:none\">, 23 de agosto, Expominas, Belo Horizonte. <\/span><\/span><\/span><\/span><\/span><a href=\"https:\/\/nascecme.com.br\/jornada-de-enfermagem-em-central-de-material-e-esterilizacao\/\" style=\"color:blue; text-decoration:underline\"><span style=\"font-size:14.0pt\">Informa&ccedil;&otilde;es aqui<\/span><\/a><span class=\"MsoHyperlink\" style=\"color:blue\"><span style=\"text-decoration:underline\"><span style=\"font-size:14.0pt\"><span style=\"text-decoration:none\"><span style=\"text-underline:none\">.<\/span><\/span><\/span><\/span><\/span><\/span><\/span><\/span><\/p>\r\n\r\n<p style=\"text-align:justify\"><span style=\"font-size:11pt\"><span style=\"line-height:normal\"><span style=\"font-family:&quot;Calibri&quot;,sans-serif\"><span class=\"MsoHyperlink\" style=\"color:blue\"><span style=\"text-decoration:underline\"><b><span style=\"font-size:14.0pt\"><span style=\"text-decoration:none\"><span style=\"text-underline:none\">Curso Almaco &ldquo;Comp&oacute;sitos Avan&ccedil;ados&rdquo;<\/span><\/span><\/span><\/b><\/span><\/span><span class=\"MsoHyperlink\" style=\"color:blue\"><span style=\"text-decoration:underline\"><span style=\"font-size:14.0pt\"><span style=\"text-decoration:none\"><span style=\"text-underline:none\">, 24 e 25 de agosto. <\/span><\/span><\/span><\/span><\/span><a href=\"https:\/\/emailmarketing.locaweb.com.br\/accounts\/116830\/messages\/323\/clicks\/110\/1204?envelope_id=230\" style=\"color:blue; text-decoration:underline\"><span style=\"font-size:14.0pt\">Informa&ccedil;&otilde;es aqui<\/span><\/a><span class=\"MsoHyperlink\" style=\"color:blue\"><span style=\"text-decoration:underline\"><span style=\"font-size:14.0pt\"><span style=\"text-decoration:none\"><span style=\"text-underline:none\">.<\/span><\/span><\/span><\/span><\/span><\/span><\/span><\/span><\/p>\r\n\r\n<p style=\"text-align:justify\"><span style=\"font-size:11pt\"><span style=\"line-height:normal\"><span style=\"font-family:&quot;Calibri&quot;,sans-serif\"><span class=\"MsoHyperlink\" style=\"color:blue\"><span style=\"text-decoration:underline\"><b><span style=\"font-size:14.0pt\"><span style=\"text-decoration:none\"><span style=\"text-underline:none\">FICONS &ndash; XII Feira Internacional de Materiais, Equipamentos e Servi&ccedil;os da Constru&ccedil;&atilde;o<\/span><\/span><\/span><\/b><\/span><\/span><span class=\"MsoHyperlink\" style=\"color:blue\"><span style=\"text-decoration:underline\"><span style=\"font-size:14.0pt\"><span style=\"text-decoration:none\"><span style=\"text-underline:none\">, 26 de agosto, no Centro de Conven&ccedil;&otilde;es de Pernambuco. <\/span><\/span><\/span><\/span><\/span><a href=\"https:\/\/www.ficons.com.br\/2022\/index\" style=\"color:blue; text-decoration:underline\"><span style=\"font-size:14.0pt\">Informa&ccedil;&otilde;es aqui<\/span><\/a><span class=\"MsoHyperlink\" style=\"color:blue\"><span style=\"text-decoration:underline\"><span style=\"font-size:14.0pt\"><span style=\"text-decoration:none\"><span style=\"text-underline:none\">.<\/span><\/span><\/span><\/span><\/span><\/span><\/span><\/span><\/p>\r\n\r\n<p style=\"text-align:justify\"><span style=\"font-size:11pt\"><span style=\"line-height:normal\"><span style=\"font-family:&quot;Calibri&quot;,sans-serif\"><span class=\"MsoHyperlink\" style=\"color:blue\"><span style=\"text-decoration:underline\"><b><span style=\"font-size:14.0pt\"><span style=\"text-decoration:none\"><span style=\"text-underline:none\">Semin&aacute;rio Sindit&ecirc;xtil-SP &ldquo;Efici&ecirc;ncia e Transi&ccedil;&atilde;o Energ&eacute;tica&rdquo;<\/span><\/span><\/span><\/b><\/span><\/span><span class=\"MsoHyperlink\" style=\"color:blue\"><span style=\"text-decoration:underline\"><span style=\"font-size:14.0pt\"><span style=\"text-decoration:none\"><span style=\"text-underline:none\">, 28 de agosto, Rua Marqu&ecirc;s de Itu, 968, S&atilde;o Paulo. <\/span><\/span><\/span><\/span><\/span><a href=\"https:\/\/s3.sa-east-1.amazonaws.com\/sindi-files.sinditextilsp.org.br\/site\/sindi_90anos\/Seminario_eficiencia_energetica\/Programa%C3%A7%C3%A3o+Semin%C3%A1rio+Efici%C3%AAncia+e+Transi%C3%A7%C3%A3o+Energ%C3%A9tica.pdf?utm_campaign=convite_seminario_energia&amp;utm_medium=email&amp;utm_source=RD+Station\" style=\"color:blue; text-decoration:underline\"><span style=\"font-size:14.0pt\">Programa&ccedil;&atilde;o<\/span><\/a><span class=\"MsoHyperlink\" style=\"color:blue\"><span style=\"text-decoration:underline\"><span style=\"font-size:14.0pt\"><span style=\"text-decoration:none\"><span style=\"text-underline:none\">. <\/span><\/span><\/span><\/span><\/span><a href=\"https:\/\/eventos.abit.org.br\/Subs.aspx?key=e76786ff-e0ac-447b-81b1-a7dd2c2c3217&amp;utm_campaign=convite_seminario_energia&amp;utm_medium=email&amp;utm_source=RD+Station\" style=\"color:blue; text-decoration:underline\"><span style=\"font-size:14.0pt\">Inscri&ccedil;&otilde;es<\/span><\/a><span class=\"MsoHyperlink\" style=\"color:blue\"><span style=\"text-decoration:underline\"><span style=\"font-size:14.0pt\"><span style=\"text-decoration:none\"><span style=\"text-underline:none\">.<\/span><\/span><\/span><\/span><\/span><\/span><\/span><\/span><\/p>\r\n\r\n<p style=\"text-align:justify\"><span style=\"font-size:11pt\"><span style=\"line-height:normal\"><span style=\"font-family:&quot;Calibri&quot;,sans-serif\"><span class=\"MsoHyperlink\" style=\"color:blue\"><span style=\"text-decoration:underline\"><b><span style=\"font-size:14.0pt\"><span style=\"text-decoration:none\"><span style=\"text-underline:none\">13&ordm; Simp&oacute;sio Internacional de Esteriliza&ccedil;&atilde;o SOBECC<\/span><\/span><\/span><\/b><\/span><\/span><span class=\"MsoHyperlink\" style=\"color:blue\"><span style=\"text-decoration:underline\"><span style=\"font-size:14.0pt\"><span style=\"text-decoration:none\"><span style=\"text-underline:none\">, de 30 de agosto a 02 de setembro, Centro de Conven&ccedil;&otilde;es Anhembi, S&atilde;o Paulo, SP. <\/span><\/span><\/span><\/span><\/span><a href=\"https:\/\/www.congresso-simposio-sobecc.com.br\/sobecc2022\" style=\"color:blue; text-decoration:underline\"><span style=\"font-size:14.0pt\">Informa&ccedil;&otilde;es aqui<\/span><\/a><span class=\"MsoHyperlink\" style=\"color:blue\"><span style=\"text-decoration:underline\"><span style=\"font-size:14.0pt\"><span style=\"text-decoration:none\"><span style=\"text-underline:none\">.<\/span><\/span><\/span><\/span><\/span><\/span><\/span><\/span><\/p>\r\n\r\n<p style=\"text-align:justify\"><span style=\"font-size:11pt\"><span style=\"line-height:normal\"><span style=\"font-family:&quot;Calibri&quot;,sans-serif\"><span class=\"MsoHyperlink\" style=\"color:blue\"><span style=\"text-decoration:underline\"><b><span style=\"font-size:14.0pt\"><span style=\"text-decoration:none\"><span style=\"text-underline:none\">Workshop Abit &ldquo;Etiquetagem de Produtos T&ecirc;xteis e Confeccionados&rdquo;<\/span><\/span><\/span><\/b><\/span><\/span><span class=\"MsoHyperlink\" style=\"color:blue\"><span style=\"text-decoration:underline\"><span style=\"font-size:14.0pt\"><span style=\"text-decoration:none\"><span style=\"text-underline:none\">, 31 de agosto. <\/span><\/span><\/span><\/span><\/span><a href=\"https:\/\/eventos.abit.org.br\/Subs.aspx?key=5b52d0cb-703f-4d74-b5c0-db29a5836eff\" style=\"color:blue; text-decoration:underline\"><span style=\"font-size:14.0pt\">Informa&ccedil;&otilde;es aqui<\/span><\/a><span class=\"MsoHyperlink\" style=\"color:blue\"><span style=\"text-decoration:underline\"><span style=\"font-size:14.0pt\"><span style=\"text-decoration:none\"><span style=\"text-underline:none\">.<\/span><\/span><\/span><\/span><\/span><\/span><\/span><\/span><\/p>\r\n\r\n<p style=\"text-align:justify\"><span style=\"font-size:11pt\"><span style=\"line-height:normal\"><span style=\"font-family:&quot;Calibri&quot;,sans-serif\"><span class=\"MsoHyperlink\" style=\"color:blue\"><span style=\"text-decoration:underline\"><b><span style=\"font-size:14.0pt\"><span style=\"text-decoration:none\"><span style=\"text-underline:none\">COBRAMSEG 2022<\/span><\/span><\/span><\/b><\/span><\/span><span class=\"MsoHyperlink\" style=\"color:blue\"><span style=\"text-decoration:underline\"><span style=\"font-size:14.0pt\"><span style=\"text-decoration:none\"><span style=\"text-underline:none\">, 23 a 26 de agosto, Expo D. Pedro, Campinas, SP. <\/span><\/span><\/span><\/span><\/span><a href=\"https:\/\/cobramseg2022.com.br\/\" style=\"color:blue; text-decoration:underline\"><span style=\"font-size:14.0pt\">Informa&ccedil;&otilde;es aqui<\/span><\/a><span class=\"MsoHyperlink\" style=\"color:blue\"><span style=\"text-decoration:underline\"><span style=\"font-size:14.0pt\"><span style=\"text-decoration:none\"><span style=\"text-underline:none\">.<\/span><\/span><\/span><\/span><\/span><\/span><\/span><\/span><\/p>\r\n\r\n<p style=\"text-align:justify\"><span style=\"font-size:11pt\"><span style=\"line-height:normal\"><span style=\"font-family:&quot;Calibri&quot;,sans-serif\"><span class=\"MsoHyperlink\" style=\"color:blue\"><span style=\"text-decoration:underline\"><b><span style=\"font-size:14.0pt\"><span style=\"text-decoration:none\"><span style=\"text-underline:none\">Feira HospitalMed, <\/span><\/span><\/span><\/b><\/span><\/span><span class=\"MsoHyperlink\" style=\"color:blue\"><span style=\"text-decoration:underline\"><span style=\"font-size:14.0pt\"><span style=\"text-decoration:none\"><span style=\"text-underline:none\">19 a 21 de outubro, Centro de Conven&ccedil;&otilde;es de Pernambuco. <\/span><\/span><\/span><\/span><\/span><a href=\"https:\/\/hospitalmed.com.br\/feira\/\" style=\"color:blue; text-decoration:underline\"><span style=\"font-size:14.0pt\">Informa&ccedil;&otilde;es aqui.<\/span><\/a><\/span><\/span><\/span><\/p>\r\n\r\n<p style=\"text-align:justify\">&nbsp;<\/p>\r\n\r\n<p style=\"text-align:justify\"><span style=\"font-size:11pt\"><span style=\"line-height:normal\"><span style=\"font-family:&quot;Calibri&quot;,sans-serif\"><span class=\"MsoHyperlink\" style=\"color:blue\"><span style=\"text-decoration:underline\"><b><span style=\"font-size:14.0pt\"><span style=\"text-decoration:none\"><span style=\"text-underline:none\">Innovate: Zero Carbon, Textiles&#39; journey to zero carbon<\/span><\/span><\/span><\/b><\/span><\/span><\/span><\/span><\/span><\/p>\r\n\r\n<p style=\"text-align:justify\"><span style=\"font-size:11pt\"><span style=\"line-height:normal\"><span style=\"font-family:&quot;Calibri&quot;,sans-serif\"><span class=\"MsoHyperlink\" style=\"color:blue\"><span style=\"text-decoration:underline\"><span style=\"font-size:14.0pt\"><span style=\"text-decoration:none\"><span style=\"text-underline:none\">When: 1-3 Nov 2022<\/span><\/span><\/span><\/span><\/span><\/span><\/span><\/span><\/p>\r\n\r\n<p style=\"text-align:justify\"><span style=\"font-size:11pt\"><span style=\"line-height:normal\"><span style=\"font-family:&quot;Calibri&quot;,sans-serif\"><span class=\"MsoHyperlink\" style=\"color:blue\"><span style=\"text-decoration:underline\"><span style=\"font-size:14.0pt\"><span style=\"text-decoration:none\"><span style=\"text-underline:none\">What time: 13:00&ndash;17:00 UTC \/ 9:00&ndash;13:00 EDT<\/span><\/span><\/span><\/span><\/span><\/span><\/span><\/span><\/p>\r\n\r\n<p style=\"text-align:justify\"><span style=\"font-size:11pt\"><span style=\"line-height:normal\"><span style=\"font-family:&quot;Calibri&quot;,sans-serif\"><span class=\"MsoHyperlink\" style=\"color:blue\"><span style=\"text-decoration:underline\"><span style=\"font-size:14.0pt\"><span style=\"text-decoration:none\"><span style=\"text-underline:none\">Where: Virtual, <\/span><\/span><\/span><\/span><\/span><a href=\"https:\/\/events.wtin.com\/event\/f5bac4f2-d902-41ba-9153-a4d80622877c\/summary\" style=\"color:blue; text-decoration:underline\"><span style=\"font-size:14.0pt\">events.wtin.com\/innovate<\/span><\/a><\/span><\/span><\/span><\/p>\r\n\r\n<p class=\"MsoTitle\" style=\"text-align:justify\"><span style=\"font-size:28pt\"><span style=\"font-family:&quot;Cambria&quot;,serif\"><span style=\"letter-spacing:-0.5pt\"><b><span style=\"font-size:18.0pt\"><span style=\"font-family:&quot;Calibri&quot;,sans-serif\"><span style=\"font-variant:small-caps\">Setor<\/span><\/span><\/span><\/b><\/span><\/span><\/span><\/p>\r\n\r\n<p style=\"text-align:justify\"><span style=\"font-size:11pt\"><span style=\"line-height:normal\"><span style=\"font-family:&quot;Calibri&quot;,sans-serif\"><a href=\"https:\/\/plasticosemrevista.com.br\/haja-resistencia-ao-impacto-2\/\" style=\"color:blue; text-decoration:underline\"><span style=\"font-size:14.0pt\">Haja resist&ecirc;ncia ao impacto<\/span><\/a><\/span><\/span><\/span><\/p>\r\n\r\n<p style=\"text-align:justify\"><span style=\"font-size:11pt\"><span style=\"line-height:normal\"><span style=\"font-family:&quot;Calibri&quot;,sans-serif\"><a href=\"https:\/\/agenciabrasil.ebc.com.br\/economia\/noticia\/2022-08\/camex-reduz-tarifas-de-glifosato-e-resinas-plasticas\" style=\"color:blue; text-decoration:underline\"><span style=\"font-size:14.0pt\">Camex reduz tarifas de glifosato e resinas pl&aacute;sticas<\/span><\/a><\/span><\/span><\/span><\/p>\r\n\r\n<p style=\"text-align:justify\"><span style=\"font-size:11pt\"><span style=\"line-height:normal\"><span style=\"font-family:&quot;Calibri&quot;,sans-serif\"><a href=\"https:\/\/plasticosemrevista.com.br\/a-caminho-da-metamorfose\/\" style=\"color:blue; text-decoration:underline\"><span style=\"font-size:14.0pt\">A caminho da metamorfose<\/span><\/a><\/span><\/span><\/span><\/p>\r\n\r\n<p style=\"text-align:justify\"><span style=\"font-size:11pt\"><span style=\"line-height:normal\"><span style=\"font-family:&quot;Calibri&quot;,sans-serif\"><a href=\"https:\/\/textileindustry.ning.com\/forum\/topics\/setor-t-xtil-defende-fim-do-ciclo-de-aumentos-da-selic-n-o-hora\" style=\"color:blue; text-decoration:underline\"><span style=\"font-size:14.0pt\">Setor t&ecirc;xtil defende fim do ciclo de aumentos da Selic: &#39;n&atilde;o &eacute; hora de apertar mais o torniquete&#39;<\/span><\/a><\/span><\/span><\/span><\/p>\r\n\r\n<p style=\"text-align:justify\"><span style=\"font-size:11pt\"><span style=\"line-height:normal\"><span style=\"font-family:&quot;Calibri&quot;,sans-serif\"><a href=\"https:\/\/www.textiletechnology.net\/fibers\/news\/ivl-study-covid-19-fight-helped-by-recycled-pet-32614?utm_source=%2Fmeta%2Fnewsletter%2Fnewsletter&amp;utm_medium=newsletter&amp;utm_campaign=nl924&amp;utm_term=0801b20e08c3242125d512808cd74302\" style=\"color:blue; text-decoration:underline\"><span style=\"font-size:14.0pt\">Indorama: <\/span><span style=\"font-size:14.0pt\">Study: Covid-19 fight helped by recycled PET<\/span><\/a><\/span><\/span><\/span><\/p>\r\n\r\n<p style=\"text-align:justify\"><span style=\"font-size:11pt\"><span style=\"line-height:normal\"><span style=\"font-family:&quot;Calibri&quot;,sans-serif\"><a href=\"https:\/\/agenciabrasil.ebc.com.br\/economia\/noticia\/2022-08\/investimentos-em-petroleo-e-gas-alcancarao-r-102-bi-por-ano-ate-2025\" style=\"color:blue; text-decoration:underline\"><span style=\"font-size:14.0pt\">Investimentos em petr&oacute;leo e g&aacute;s alcan&ccedil;ar&atilde;o R$ 102 bi por ano at&eacute; 2025<\/span><\/a><\/span><\/span><\/span><\/p>\r\n\r\n<p style=\"text-align:justify\"><span style=\"font-size:11pt\"><span style=\"line-height:normal\"><span style=\"font-family:&quot;Calibri&quot;,sans-serif\"><a href=\"https:\/\/markets.businessinsider.com\/news\/commodities\/oil-prices-2023-recession-russia-war-ukraine-bofa-crude-brent-2022-7\" style=\"color:blue; text-decoration:underline\"><span style=\"font-size:14.0pt\">Oil prices will trade above $100 in 2023 unless there&#39;s a deepening recession or easing of Russia&#39;s war in Ukraine, BofA says<\/span><\/a><\/span><\/span><\/span><\/p>\r\n\r\n<p style=\"text-align:justify\"><span style=\"font-size:11pt\"><span style=\"line-height:normal\"><span style=\"font-family:&quot;Calibri&quot;,sans-serif\"><a href=\"https:\/\/markets.businessinsider.com\/news\/commodities\/oil-price-crude-futures-lowest-levels-since-russia-ukraine-invasion-2022-8\" style=\"color:blue; text-decoration:underline\"><span style=\"font-size:14.0pt\">Crude oil prices have tanked to their lowest levels since Russia&#39;s invasion of Ukraine<\/span><\/a><\/span><\/span><\/span><\/p>\r\n\r\n<p style=\"text-align:justify\"><span style=\"font-size:11pt\"><span style=\"line-height:normal\"><span style=\"font-family:&quot;Calibri&quot;,sans-serif\"><a href=\"https:\/\/plasticosemrevista.com.br\/inter-pipeline-inicia-no-canada-producao-de-pp-planta-inedita-na-america-do-norte\/\" style=\"color:blue; text-decoration:underline\"><span style=\"font-size:14.0pt\">Inter Pipeline inicia no Canad&aacute; produ&ccedil;&atilde;o de PP planta in&eacute;dita na Am&eacute;rica do Norte<\/span><\/a><\/span><\/span><\/span><\/p>\r\n\r\n<p style=\"text-align:justify\"><span style=\"font-size:11pt\"><span style=\"line-height:normal\"><span style=\"font-family:&quot;Calibri&quot;,sans-serif\"><a href=\"https:\/\/www.capitalreset.com\/braskem-compra-wise-para-escalar-producao-de-plastico-reciclado\/\" style=\"color:blue; text-decoration:underline\"><span style=\"font-size:14.0pt\">Braskem compra Wise para escalar produ&ccedil;&atilde;o de pl&aacute;stico reciclado<\/span><\/a><\/span><\/span><\/span><\/p>\r\n\r\n<p style=\"text-align:justify\"><span style=\"font-size:11pt\"><span style=\"line-height:normal\"><span style=\"font-family:&quot;Calibri&quot;,sans-serif\"><a href=\"https:\/\/www.santos.sp.gov.br\/?q=noticia\/novas-obras-de-drenagem-e-contencao-em-morros-de-santos-comecam-neste-semestre\" style=\"color:blue; text-decoration:underline\"><span style=\"font-size:14.0pt\">Novas obras de drenagem e conten&ccedil;&atilde;o em morros de Santos come&ccedil;am neste semestre<\/span><\/a><\/span><\/span><\/span><\/p>\r\n\r\n<p style=\"text-align:justify\"><span style=\"font-size:11pt\"><span style=\"line-height:normal\"><span style=\"font-family:&quot;Calibri&quot;,sans-serif\"><a href=\"https:\/\/www.technicaltextile.net\/news\/hygienix-us-to-focus-on-sustainable-hygiene-personal-care-products-282313.html\" style=\"color:blue; text-decoration:underline\"><span style=\"font-size:14.0pt\">Hygienix US to focus on sustainable hygiene &amp; personal care products<\/span><\/a><\/span><\/span><\/span><\/p>\r\n\r\n<p class=\"MsoTitle\" style=\"text-align:justify\"><span style=\"font-size:28pt\"><span style=\"font-family:&quot;Cambria&quot;,serif\"><span style=\"letter-spacing:-0.5pt\"><b><span style=\"font-size:18.0pt\"><span style=\"font-family:&quot;Calibri&quot;,sans-serif\"><span style=\"font-variant:small-caps\">Ind&uacute;stria<\/span><\/span><\/span><\/b><\/span><\/span><\/span><\/p>\r\n\r\n<p style=\"text-align:justify\"><span style=\"font-size:11pt\"><span style=\"line-height:normal\"><span style=\"font-family:&quot;Calibri&quot;,sans-serif\"><a href=\"https:\/\/noticias.portaldaindustria.com.br\/noticias\/economia\/industria-tem-alta-no-faturamento-emprego-e-salario-diz-cni\/\" style=\"color:blue; text-decoration:underline\"><span style=\"font-size:14.0pt\">Ind&uacute;stria tem alta no faturamento, emprego e sal&aacute;rio, diz CNI<\/span><\/a><\/span><\/span><\/span><\/p>\r\n\r\n<p style=\"text-align:justify\"><span style=\"font-size:11pt\"><span style=\"line-height:normal\"><span style=\"font-family:&quot;Calibri&quot;,sans-serif\"><a href=\"https:\/\/app.rdstation.email\/mail\/15caf016-d1e9-4898-be1c-b6d99f0f4c06?utm_campaign=conjuntura_industria_de_moveis_aponta_recuperacao_no_mes_de_maio_com_aumento_da_producao_e_do_emprego&amp;utm_medium=email&amp;utm_source=RD+Station\" style=\"color:blue; text-decoration:underline\"><span style=\"font-size:14.0pt\">Conjuntura: ind&uacute;stria de m&oacute;veis aponta recupera&ccedil;&atilde;o no m&ecirc;s de maio com aumento da produ&ccedil;&atilde;o e do emprego<\/span><\/a><\/span><\/span><\/span><\/p>\r\n\r\n<p style=\"text-align:justify\"><span style=\"font-size:11pt\"><span style=\"line-height:normal\"><span style=\"font-family:&quot;Calibri&quot;,sans-serif\"><a href=\"https:\/\/www.fiesp.com.br\/noticias\/producao-industrial-cresce-no-2o-trimestre-mas-mantem-cenario-de-lenta-recuperacao-em-2022\/\" style=\"color:blue; text-decoration:underline\"><span style=\"font-size:14.0pt\">FIESP: Produ&ccedil;&atilde;o industrial cresce no 2&ordm; trimestre, mas mant&eacute;m cen&aacute;rio de lenta recupera&ccedil;&atilde;o em 2022<\/span><\/a><\/span><\/span><\/span><\/p>\r\n\r\n<p style=\"text-align:justify\"><span style=\"font-size:11pt\"><span style=\"line-height:normal\"><span style=\"font-family:&quot;Calibri&quot;,sans-serif\"><a href=\"https:\/\/www.comexdobrasil.com\/vendas-externas-de-veiculos-voltam-a-cair-em-julho-apos-tres-meses-de-alta-afetadas-pela-crise-na-argentina\/\" style=\"color:blue; text-decoration:underline\"><span style=\"font-size:14.0pt\">Vendas externas de ve&iacute;culos voltam a cair em julho ap&oacute;s tr&ecirc;s meses de alta afetadas pela crise na Argentina<\/span><\/a><\/span><\/span><\/span><\/p>\r\n\r\n<p style=\"text-align:justify\"><span style=\"font-size:11pt\"><span style=\"line-height:normal\"><span style=\"font-family:&quot;Calibri&quot;,sans-serif\"><a href=\"https:\/\/grandesconstrucoes.com.br\/Noticias\/Exibir\/industria-de-materiais-de-construcao-tem-mes-foi-regular-diz-a-abramat?utm_source=akna&amp;utm_medium=email&amp;utm_campaign=Grandes-Construcoes-Informativo-823-04-08-2022&amp;utm_source=akna&amp;utm_medium=email&amp;utm_campaign=Grandes-Construcoes-Informativo-823-04-08-2022\" style=\"color:blue; text-decoration:underline\"><span style=\"font-size:14.0pt\">Ind&uacute;stria de materiais de constru&ccedil;&atilde;o tem m&ecirc;s &quot;regular&quot;, diz a Abramat<\/span><\/a><\/span><\/span><\/span><\/p>\r\n\r\n<p style=\"text-align:justify\"><span style=\"font-size:11pt\"><span style=\"line-height:normal\"><span style=\"font-family:&quot;Calibri&quot;,sans-serif\"><a href=\"https:\/\/www.textiletechnology.net\/technical-textiles\/news\/composites-germany-current-crises-burden-composites-industry-32600?utm_source=%2Fmeta%2Fnewsletter%2Fnewsletter&amp;utm_medium=newsletter&amp;utm_campaign=nl925&amp;utm_term=0801b20e08c3242125d512808cd74302\" style=\"color:blue; text-decoration:underline\"><span style=\"font-size:14.0pt\">Composites Germany: Current crises burden composites industry<\/span><\/a><\/span><\/span><\/span><\/p>\r\n\r\n<p style=\"text-align:justify\"><span style=\"font-size:11pt\"><span style=\"line-height:normal\"><span style=\"font-family:&quot;Calibri&quot;,sans-serif\"><a href=\"https:\/\/www.moveisdevalor.com.br\/portal\/producao-de-moveis-recua-20-no-primeiro-semestre-afirma-ibge?source=news\" style=\"color:blue; text-decoration:underline\"><span style=\"font-size:14.0pt\">Produ&ccedil;&atilde;o de m&oacute;veis recua 20% no primeiro semestre, afirma IBGE<\/span><\/a><\/span><\/span><\/span><\/p>\r\n\r\n<p class=\"MsoTitle\" style=\"text-align:justify\"><span style=\"font-size:28pt\"><span style=\"font-family:&quot;Cambria&quot;,serif\"><span style=\"letter-spacing:-0.5pt\"><b><span style=\"font-size:18.0pt\"><span style=\"font-family:&quot;Calibri&quot;,sans-serif\"><span style=\"font-variant:small-caps\">Sustentabilidade<\/span><\/span><\/span><\/b><\/span><\/span><\/span><\/p>\r\n\r\n<p style=\"text-align:justify\"><span style=\"font-size:11pt\"><span style=\"line-height:normal\"><span style=\"font-family:&quot;Calibri&quot;,sans-serif\"><a href=\"https:\/\/textileindustry.ning.com\/forum\/topics\/fibra-sustent-vel-testada-pelo-mercado-t-xtil-brasileiro\" style=\"color:blue; text-decoration:underline\"><span style=\"font-size:14.0pt\">Fibra sustent&aacute;vel &eacute; testada pelo mercado t&ecirc;xtil brasileiro<\/span><\/a><\/span><\/span><\/span><\/p>\r\n\r\n<p style=\"text-align:justify\"><span style=\"font-size:11pt\"><span style=\"line-height:normal\"><span style=\"font-family:&quot;Calibri&quot;,sans-serif\"><a href=\"https:\/\/www.nonwovens-industry.com\/contents\/view_online-exclusives\/2022-08-01\/a-new-day-for-hygiene?utm_campaign=NON+eNewsletter&amp;utm_medium=email&amp;_hsmi=221858423&amp;_hsenc=p2ANqtz--AfEI6kRPfM1CvykDXOzaGW8L8m2ZvIVuurD-meIzlZ7LSR3W3fIU5W539F8npLTEiw4qHvftXZRk_PqSkLItRhV2CeQ&amp;utm_content=221858423&amp;utm_source=hs_email\" style=\"color:blue; text-decoration:underline\"><span style=\"font-size:14.0pt\">A New Day for Hygiene<\/span><\/a><\/span><\/span><\/span><\/p>\r\n\r\n<p style=\"text-align:justify\"><span style=\"font-size:11pt\"><span style=\"line-height:normal\"><span style=\"font-family:&quot;Calibri&quot;,sans-serif\"><a href=\"https:\/\/exame.com\/negocios\/economia-circular-diretamente-relacionada-competitividade\/\" style=\"color:blue; text-decoration:underline\"><span style=\"font-size:14.0pt\">Economia circular est&aacute; diretamente relacionada ao ganho de competitividade<\/span><\/a><\/span><\/span><\/span><\/p>\r\n\r\n<p style=\"text-align:justify\"><span style=\"font-size:11pt\"><span style=\"line-height:normal\"><span style=\"font-family:&quot;Calibri&quot;,sans-serif\"><a href=\"https:\/\/rmai.com.br\/plastivida-lanca-plataforma-para-o-programa-pellet-zero-ocs\/\" style=\"color:blue; text-decoration:underline\"><span style=\"font-size:14.0pt\">Plastivida lan&ccedil;a Plataforma para o Programa Pellet Zero &ndash; OCS&reg;<\/span><\/a><\/span><\/span><\/span><\/p>\r\n\r\n<p style=\"text-align:justify\"><span style=\"font-size:11pt\"><span style=\"line-height:normal\"><span style=\"font-family:&quot;Calibri&quot;,sans-serif\"><a href=\"https:\/\/ciclovivo.com.br\/inovacao\/tecnologia\/sistema-remove-mais-de-100-mil-quilos-de-plastico-no-oceano\/\" style=\"color:blue; text-decoration:underline\"><span style=\"font-size:14.0pt\">Sistema remove mais de 100 mil quilos de pl&aacute;stico no oceano<\/span><\/a><\/span><\/span><\/span><\/p>\r\n\r\n<p style=\"text-align:justify\"><span style=\"font-size:11pt\"><span style=\"line-height:normal\"><span style=\"font-family:&quot;Calibri&quot;,sans-serif\"><a href=\"https:\/\/www.capitalreset.com\/a-on-fez-um-tenis-100-reciclavel-que-so-esta-disponivel-por-assinatura\/?utm_campaign=030822_-_on_tenis__febraban__origo&amp;utm_medium=email&amp;utm_source=RD+Station\" style=\"color:blue; text-decoration:underline\"><span style=\"font-size:14.0pt\">A On fez um t&ecirc;nis 100% recicl&aacute;vel &ndash; que s&oacute; est&aacute; dispon&iacute;vel por assinatura<\/span><\/a><\/span><\/span><\/span><\/p>\r\n\r\n<p class=\"MsoTitle\" style=\"text-align:justify\"><span style=\"font-size:28pt\"><span style=\"font-family:&quot;Cambria&quot;,serif\"><span style=\"letter-spacing:-0.5pt\"><b><span style=\"font-size:18.0pt\"><span style=\"font-family:&quot;Calibri&quot;,sans-serif\"><span style=\"font-variant:small-caps\">Inova&ccedil;&atilde;o<\/span><\/span><\/span><\/b><\/span><\/span><\/span><\/p>\r\n\r\n<p style=\"text-align:justify\"><span style=\"font-size:11pt\"><span style=\"line-height:normal\"><span style=\"font-family:&quot;Calibri&quot;,sans-serif\"><a href=\"https:\/\/www.technicaltextile.net\/news\/researchers-in-germany-invent-high-tech-textile-vest-for-lung-patients-282326.html\" style=\"color:blue; text-decoration:underline\"><span style=\"font-size:14.0pt\">Researchers in Germany invent high-tech textile vest for lung patients<\/span><\/a><\/span><\/span><\/span><\/p>\r\n\r\n<p style=\"text-align:justify\"><span style=\"font-size:11pt\"><span style=\"line-height:normal\"><span style=\"font-family:&quot;Calibri&quot;,sans-serif\"><a href=\"https:\/\/www.inovacaotecnologica.com.br\/noticias\/noticia.php?artigo=isolante-termico-madeira-supera-materiais-base-petroleo&amp;id=010160220801&amp;ebol=sim#.YuwNwhzMKUk\" style=\"color:blue; text-decoration:underline\"><span style=\"font-size:14.0pt\">Isolante t&eacute;rmico de madeira supera materiais &agrave; base de petr&oacute;leo<\/span><\/a><\/span><\/span><\/span><\/p>\r\n\r\n<p style=\"text-align:justify\"><span style=\"font-size:11pt\"><span style=\"line-height:normal\"><span style=\"font-family:&quot;Calibri&quot;,sans-serif\"><a href=\"https:\/\/www.textiletechnology.net\/technical-textiles\/trendreports\/centi-printed-and-flexible-electronics-in-smart-textiles-for-different-industrial-sectors-32601?utm_source=%2Fmeta%2Fnewsletter%2Fnewsletter&amp;utm_medium=newsletter&amp;utm_campaign=nl925&amp;utm_term=0801b20e08c3242125d512808cd74302\" style=\"color:blue; text-decoration:underline\"><span style=\"font-size:14.0pt\">Printed and flexible electronics in smart textiles<\/span><\/a><\/span><\/span><\/span><\/p>\r\n\r\n<p class=\"MsoTitle\" style=\"text-align:justify\"><span style=\"font-size:28pt\"><span style=\"font-family:&quot;Cambria&quot;,serif\"><span style=\"letter-spacing:-0.5pt\"><b><span style=\"font-size:18.0pt\"><span style=\"font-family:&quot;Calibri&quot;,sans-serif\"><span style=\"font-variant:small-caps\">Com&eacute;rcio Exterior<\/span><\/span><\/span><\/b><\/span><\/span><\/span><\/p>\r\n\r\n<p style=\"text-align:justify\"><span style=\"font-size:11pt\"><span style=\"line-height:normal\"><span style=\"font-family:&quot;Calibri&quot;,sans-serif\"><a href=\"https:\/\/www.comexdobrasil.com\/escassez-de-conteineres-eleva-em-ate-427-o-valor-dos-fretes-para-o-brasil-diz-startup-especializada-em-gestao-de-cargas\/\" style=\"color:blue; text-decoration:underline\"><span style=\"font-size:14.0pt\">Escassez de cont&ecirc;ineres eleva em at&eacute; 427% o valor dos fretes para o Brasil diz startup especializada em gest&atilde;o de cargas<\/span><\/a><\/span><\/span><\/span><\/p>\r\n\r\n<p style=\"text-align:justify\"><span style=\"font-size:11pt\"><span style=\"line-height:normal\"><span style=\"font-family:&quot;Calibri&quot;,sans-serif\"><span style=\"font-size:14.0pt\"><a href=\"https:\/\/www.fiesp.com.br\/noticias\/sondagem-da-fiesp-indica-oportunidades-de-superacao-de-barreiras-tecnicas-em-mercados-estrangeiros\/\" style=\"color:blue; text-decoration:underline\">Barreiras T&eacute;cnicas ao Com&eacute;rcio: Estudo de Qualifica&ccedil;&atilde;o dos Principais Desafios Identificados Pela Fiesp e Pelo Ciesp<\/a><\/span><\/span><\/span><\/span><\/p>\r\n\r\n<p style=\"text-align:justify\"><span style=\"font-size:11pt\"><span style=\"line-height:normal\"><span style=\"font-family:&quot;Calibri&quot;,sans-serif\"><a href=\"https:\/\/static.portaldaindustria.com.br\/media\/filer_public\/85\/e0\/85e09994-8f2b-44d3-b06c-0b870587292e\/id_240078_manual_compras_publica_chile_web.pdf\" style=\"color:blue; text-decoration:underline\"><span style=\"font-size:14.0pt\">CNI: Manual de Compras Governamentais no Chile<\/span><\/a><\/span><\/span><\/span><\/p>\r\n\r\n<p style=\"text-align:justify\"><span style=\"font-size:11pt\"><span style=\"line-height:normal\"><span style=\"font-family:&quot;Calibri&quot;,sans-serif\"><span style=\"font-size:14.0pt\"><a href=\"https:\/\/www.textiletechnology.net\/technology\/news\/euratex-eu-india-free-trade-negotiations-32656?utm_source=%2Fmeta%2Fnewsletter%2Fnewsletter&amp;utm_medium=newsletter&amp;utm_campaign=nl927&amp;utm_term=0801b20e08c3242125d512808cd74302\" style=\"color:blue; text-decoration:underline\">EU-India Free Trade negotiations<\/a><\/span><\/span><\/span><\/span><\/p>\r\n\r\n<p style=\"text-align:justify\"><span style=\"font-size:11pt\"><span style=\"line-height:normal\"><span style=\"font-family:&quot;Calibri&quot;,sans-serif\"><a href=\"https:\/\/pages.eiu.com\/rs\/753-RIQ-438\/images\/a-new-horizon-for-africa-china-relations.pdf?mkt_tok=NzUzLVJJUS00MzgAAAGGHQQa2O0OLUzzQZboStlqmhMPwQGn6cj2Pd2_lHt2cCuPv1niMO34pbOIUzatqSI4tN-0kXBEQVc761EiDKZhMqtTc-YgsSjz8y_g96JZbHc\" style=\"color:blue; text-decoration:underline\"><span style=\"font-size:14.0pt\">The Economist Intelligence - A new horizon for Africa-China relations<\/span><\/a><\/span><\/span><\/span><\/p>\r\n\r\n<p class=\"MsoTitle\" style=\"text-align:justify\"><span style=\"font-size:28pt\"><span style=\"font-family:&quot;Cambria&quot;,serif\"><span style=\"letter-spacing:-0.5pt\"><b><span style=\"font-size:18.0pt\"><span style=\"font-family:&quot;Calibri&quot;,sans-serif\"><span style=\"font-variant:small-caps\">Economia<\/span><\/span><\/span><\/b><\/span><\/span><\/span><\/p>\r\n\r\n<p style=\"text-align:justify\"><span style=\"font-size:11pt\"><span style=\"line-height:normal\"><span style=\"font-family:&quot;Calibri&quot;,sans-serif\"><a href=\"https:\/\/www.bcb.gov.br\/content\/focus\/focus\/R20220805.pdf\" style=\"color:blue; text-decoration:underline\"><span style=\"font-size:14.0pt\">Focus - Relat&oacute;rio de Mercado<\/span><\/a><\/span><\/span><\/span><\/p>\r\n\r\n<p style=\"text-align:justify\"><span style=\"font-size:11pt\"><span style=\"line-height:normal\"><span style=\"font-family:&quot;Calibri&quot;,sans-serif\"><a href=\"https:\/\/agenciabrasil.ebc.com.br\/economia\/noticia\/2022-08\/mercado-financeiro-reduz-projecao-da-inflacao-de-715-para-711\" style=\"color:blue; text-decoration:underline\"><span style=\"font-size:14.0pt\">Mercado financeiro reduz proje&ccedil;&atilde;o da infla&ccedil;&atilde;o de 7,15% para 7,11%<\/span><\/a><\/span><\/span><\/span><\/p>\r\n\r\n<p style=\"text-align:justify\"><span style=\"font-size:11pt\"><span style=\"line-height:normal\"><span style=\"font-family:&quot;Calibri&quot;,sans-serif\"><a href=\"https:\/\/www.fibre2fashion.com\/news\/textile-news\/global-manufacturing-price-inflation-cools-to-one-and-a-half-year-low-282311-newsdetails.htm\" style=\"color:blue; text-decoration:underline\"><span style=\"font-size:14.0pt\">Global manufacturing price inflation cools to one-and-a-half-year low<\/span><\/a><\/span><\/span><\/span><\/p>\r\n\r\n<p style=\"text-align:justify\"><span style=\"font-size:11pt\"><span style=\"line-height:normal\"><span style=\"font-family:&quot;Calibri&quot;,sans-serif\"><a href=\"https:\/\/www.noticiasaominuto.com\/economia\/2047325\/risco-de-estagflacao-cresce-na-ue-portugal-entre-os-mais-vulneraveis\" style=\"color:blue; text-decoration:underline\"><span style=\"font-size:14.0pt\">Risco de estagfla&ccedil;&atilde;o cresce na UE. Portugal entre os mais vulner&aacute;veis<\/span><\/a><\/span><\/span><\/span><\/p>\r\n\r\n<p style=\"text-align:justify\"><span style=\"font-size:11pt\"><span style=\"line-height:normal\"><span style=\"font-family:&quot;Calibri&quot;,sans-serif\"><a href=\"https:\/\/jornaleconomico.pt\/noticias\/analistas-apontam-para-indicios-de-fragilidades-no-emprego-da-zona-euro-e-dos-eua-923356\" style=\"color:blue; text-decoration:underline\"><span style=\"font-size:14.0pt\">Analistas apontam para ind&iacute;cios de fragilidades no emprego da zona euro e dos EUA<\/span><\/a><\/span><\/span><\/span><\/p>\r\n\r\n<p style=\"text-align:justify\"><span style=\"font-size:11pt\"><span style=\"line-height:normal\"><span style=\"font-family:&quot;Calibri&quot;,sans-serif\"><a href=\"https:\/\/grandesconstrucoes.com.br\/Noticias\/Exibir\/construcao-cria-30-mil-empregos-em-junho?utm_source=akna&amp;utm_medium=email&amp;utm_campaign=Grandes-Construcoes-Informativo-823-04-08-2022&amp;utm_source=akna&amp;utm_medium=email&amp;utm_campaign=Grandes-Construcoes-Informativo-823-04-08-2022\" style=\"color:blue; text-decoration:underline\"><span style=\"font-size:14.0pt\">Constru&ccedil;&atilde;o cria 30 mil empregos em junho<\/span><\/a><\/span><\/span><\/span><\/p>\r\n","6":"<p style=\"text-align:justify\"><span style=\"font-size:11pt\"><span style=\"line-height:normal\"><span style=\"font-family:&quot;Calibri&quot;,sans-serif\"><span style=\"font-size:14.0pt\">Esta &eacute; uma compila&ccedil;&atilde;o das not&iacute;cias mais relevantes para o setor, incluindo informa&ccedil;&otilde;es sobre acordos internacionais, economia brasileira, sustentabilidade e mat&eacute;rias primas, al&eacute;m de novidades do setor de N&atilde;otecidos e Tecidos T&eacute;cnicos.<\/span><\/span><\/span><\/span><\/p>\r\n\r\n<p class=\"MsoTitle\" style=\"text-align:justify\"><span style=\"font-size:28pt\"><span style=\"font-family:&quot;Cambria&quot;,serif\"><span style=\"letter-spacing:-0.5pt\"><b><span style=\"font-size:18.0pt\"><span style=\"font-family:&quot;Calibri&quot;,sans-serif\"><span style=\"font-variant:small-caps\">A&ccedil;&otilde;es da ABINT<\/span><\/span><\/span><\/b><\/span><\/span><\/span><\/p>\r\n\r\n<p style=\"text-align:justify\"><span style=\"font-size:11pt\"><span style=\"line-height:normal\"><span style=\"font-family:&quot;Calibri&quot;,sans-serif\"><span class=\"MsoHyperlink\" style=\"color:blue\"><span style=\"text-decoration:underline\"><b><span style=\"font-size:14.0pt\"><span style=\"text-decoration:none\"><span style=\"text-underline:none\">Curso ABINT Tecnologia dos N&atilde;otecidos<\/span><\/span><\/span><\/b><\/span><\/span> <a href=\"https:\/\/www.abint.org.br\/informacao\/cursos-e-eventos\" style=\"color:blue; text-decoration:underline\"><b><span style=\"font-size:14.0pt\">INSCREVA-SE<\/span><\/b><\/a><span class=\"MsoHyperlink\" style=\"color:blue\"><span style=\"text-decoration:underline\"><span style=\"font-size:14.0pt\"><span style=\"text-decoration:none\"><span style=\"text-underline:none\"> <b>para as pr&oacute;ximas turmas!<\/b><\/span><\/span><\/span><\/span><\/span><\/span><\/span><\/span><\/p>\r\n\r\n<p style=\"text-align:justify\"><img height=\"88\" src=\"https:\/\/www.abint.org.br\/assets\/img\/editor\/artigo-ctg-logo_20220809135555ogUIChuGdZ.png\" width=\"383\" \/><\/p>\r\n\r\n<p style=\"text-align:justify\"><span style=\"font-size:11pt\"><span style=\"line-height:normal\"><span style=\"font-family:&quot;Calibri&quot;,sans-serif\"><span class=\"MsoHyperlink\" style=\"color:blue\"><span style=\"text-decoration:underline\"><span style=\"font-size:13.0pt\"><span style=\"text-decoration:none\"><span style=\"text-underline:none\">&ldquo;<b>A import&acirc;ncia da correta identifica&ccedil;&atilde;o da unidade de geossint&eacute;tico e a sua marca&ccedil;&atilde;o na pr&oacute;pria bobina&rdquo;, <\/b><i>por Eng. Laerte Maroni<\/i><b> <\/b><\/span><\/span><\/span><\/span><\/span><a href=\"https:\/\/www.linkedin.com\/pulse\/import%25C3%25A2ncia-da-correta-identifica%25C3%25A7%25C3%25A3o-unidade-de-e-sua-ctg-abint\/?published=t&amp;trackingId=%2Ft%2BLz29IsuX6SlzbRW2lDg%3D%3D\" style=\"color:blue; text-decoration:underline\"><b><span style=\"font-size:13.0pt\">[+]<\/span><\/b><\/a><\/span><\/span><\/span><\/p>\r\n\r\n<p style=\"text-align:justify\">&nbsp;<\/p>\r\n\r\n<p><img height=\"436\" src=\"https:\/\/www.abint.org.br\/assets\/img\/editor\/20220811-live-ctg-instagram-rodrigo_20220809135643Bi7qCtA5Ma.jpeg\" width=\"436\" \/><\/p>\r\n\r\n<p><span class=\"MsoHyperlink\" style=\"color:blue\"><span style=\"text-decoration:underline\"><span style=\"font-size:14.0pt\"><span style=\"line-height:115%\"><span style=\"font-family:&quot;Calibri&quot;,sans-serif\"><span style=\"text-decoration:none\"><span style=\"text-underline:none\">O <b>CTG Entrevista<\/b> recebe o <b>Engenheiro Rodrigo Alves e Silva<\/b>, doutorando na Queens University para falar sobre suas experi&ecirc;ncias com a qualifica&ccedil;&atilde;o de geossint&eacute;ticos no exterior. <b>Dia 11 de agosto, &agrave;s 18:00<\/b>, no <\/span><\/span><\/span><\/span><\/span><\/span><\/span><span style=\"font-size:11.0pt\"><span style=\"line-height:115%\"><span style=\"font-family:&quot;Calibri&quot;,sans-serif\"><a href=\"https:\/\/www.instagram.com\/ctg_abint\/?hl=en\" style=\"color:blue; text-decoration:underline\"><span style=\"font-size:14.0pt\"><span style=\"line-height:115%\">Instagram do CTG<\/span><\/span><\/a><\/span><\/span><\/span><\/p>\r\n\r\n<p>&nbsp;<\/p>\r\n\r\n<p><img height=\"88\" src=\"https:\/\/www.abint.org.br\/assets\/img\/editor\/ebanner-760x100px_20220809135825dKEYCiB6DH.gif\" width=\"672\" \/><\/p>\r\n\r\n<p><span class=\"MsoHyperlink\" style=\"color:blue\"><span style=\"text-decoration:underline\"><span style=\"font-size:14.0pt\"><span style=\"line-height:115%\"><span style=\"font-family:&quot;Calibri&quot;,sans-serif\"><span style=\"text-decoration:none\"><span style=\"text-underline:none\">O CTG ABINT &eacute; apoiador do <b>33&ordm; Encontro T&eacute;cnico AESabesp \/ Fenasan 2022<\/b>, eventos que ocorrer&atilde;o de <b>13 a 15 de setembro<\/b>, no Pavilh&atilde;o Branco Expo Center Norte. <\/span><\/span><\/span><\/span><\/span><\/span><\/span><span style=\"font-size:11.0pt\"><span style=\"line-height:115%\"><span style=\"font-family:&quot;Calibri&quot;,sans-serif\"><a href=\"https:\/\/fenasan.com.br\/\" style=\"color:blue; text-decoration:underline\"><span style=\"font-size:14.0pt\"><span style=\"line-height:115%\">Informa&ccedil;&otilde;es aqui<\/span><\/span><\/a><\/span><\/span><\/span><span class=\"MsoHyperlink\" style=\"color:blue\"><span style=\"text-decoration:underline\"><span style=\"font-size:14.0pt\"><span style=\"line-height:115%\"><span style=\"font-family:&quot;Calibri&quot;,sans-serif\"><span style=\"text-decoration:none\"><span style=\"text-underline:none\">.<\/span><\/span><\/span><\/span><\/span><\/span><\/span><\/p>\r\n\r\n<p>&nbsp;<\/p>\r\n\r\n<p><img height=\"369\" src=\"https:\/\/www.abint.org.br\/assets\/img\/editor\/congresso-internacional-abit-2022_2022080914003078zMqzKHda.png\" width=\"446\" \/><\/p>\r\n\r\n<h2>A ABINT &eacute; uma das patrocinadoras do Congresso Internacional ABIT 2022, evento 100% presencial, que ocorrer&aacute; dias 03 e 04 de novembro, em Belo Horizonte, MG. Em breve traremos mais detalhes.<\/h2>\r\n\r\n<p>&nbsp;<\/p>\r\n\r\n<p><img height=\"261\" src=\"https:\/\/www.abint.org.br\/assets\/img\/editor\/partnerkit-conahp-retangular-cth-abint_20220809140218EHpeaelX0s.png\" width=\"461\" \/><\/p>\r\n\r\n<h2><span class=\"MsoHyperlink\" style=\"color:blue\"><span style=\"text-decoration:underline\"><span style=\"font-size:14.0pt\"><span style=\"line-height:115%\"><span style=\"font-family:&quot;Calibri&quot;,sans-serif\"><span style=\"text-decoration:none\"><span style=\"text-underline:none\">O <b>CTH ABINT<\/b> &eacute; patrocinador do <\/span><\/span><\/span><\/span><\/span><\/span><\/span><span class=\"MsoHyperlink\" style=\"color:blue\"><span style=\"text-decoration:underline\"><b><span style=\"font-size:14.0pt\"><span style=\"line-height:115%\"><span style=\"font-family:&quot;Calibri&quot;,sans-serif\"><span style=\"text-decoration:none\"><span style=\"text-underline:none\">CONAHP 2022 - Congresso Nacional de Hospitais Privados<\/span><\/span><\/span><\/span><\/span><\/b><\/span><\/span><span class=\"MsoHyperlink\" style=\"color:blue\"><span style=\"text-decoration:underline\"><span style=\"font-size:14.0pt\"><span style=\"line-height:115%\"><span style=\"font-family:&quot;Calibri&quot;,sans-serif\"><span style=\"text-decoration:none\"><span style=\"text-underline:none\">, evento que ocorrer&aacute; <b>presencialmente nos dias 10 e 11 de novembro, Transam&eacute;rica Expo Center<\/b>, S&atilde;o Paulo, SP. <\/span><\/span><\/span><\/span><\/span><\/span><\/span><span style=\"font-size:11.0pt\"><span style=\"line-height:115%\"><span style=\"font-family:&quot;Calibri&quot;,sans-serif\"><a href=\"https:\/\/conahp.org.br\/2022\/\" style=\"color:blue; text-decoration:underline\"><span style=\"font-size:14.0pt\"><span style=\"line-height:115%\">Informa&ccedil;&otilde;es aqui<\/span><\/span><\/a><\/span><\/span><\/span><\/h2>\r\n\r\n<p>&nbsp;<\/p>\r\n\r\n<p style=\"text-align:justify\"><span style=\"font-size:11pt\"><span style=\"line-height:normal\"><span style=\"font-family:&quot;Calibri&quot;,sans-serif\"><b><span style=\"font-size:18.0pt\"><span style=\"font-variant:small-caps\">Eventos<\/span><\/span><\/b><\/span><\/span><\/span><\/p>\r\n\r\n<p style=\"text-align:justify\"><span style=\"font-size:11pt\"><span style=\"line-height:normal\"><span style=\"font-family:&quot;Calibri&quot;,sans-serif\"><span class=\"MsoHyperlink\" style=\"color:blue\"><span style=\"text-decoration:underline\"><b><span style=\"font-size:14.0pt\"><span style=\"text-decoration:none\"><span style=\"text-underline:none\">24&ordm; ENACOR &ndash; Encontro Nacional de Conserva&ccedil;&atilde;o Rodovi&aacute;ria e a 47&ordf; RAPv &ndash; Reuni&atilde;o Anual de Pavimenta&ccedil;&atilde;o, <\/span><\/span><\/span><\/b><\/span><\/span><span class=\"MsoHyperlink\" style=\"color:blue\"><span style=\"text-decoration:underline\"><span style=\"font-size:14.0pt\"><span style=\"text-decoration:none\"><span style=\"text-underline:none\">evento 100% presencial, 9 a 12 de agosto, Pavilh&atilde;o E do FUNDAPARQUE, Bento Gon&ccedil;alves\/RS. <\/span><\/span><\/span><\/span><\/span><a href=\"https:\/\/www.rapvenacor.com.br\/\" style=\"color:blue; text-decoration:underline\"><span style=\"font-size:14.0pt\">Informa&ccedil;&otilde;es aqui<\/span><\/a><span class=\"MsoHyperlink\" style=\"color:blue\"><span style=\"text-decoration:underline\"><span style=\"font-size:14.0pt\"><span style=\"text-decoration:none\"><span style=\"text-underline:none\">.<\/span><\/span><\/span><\/span><\/span><\/span><\/span><\/span><\/p>\r\n\r\n<p style=\"text-align:justify\"><span style=\"font-size:11pt\"><span style=\"line-height:normal\"><span style=\"font-family:&quot;Calibri&quot;,sans-serif\"><span class=\"MsoHyperlink\" style=\"color:blue\"><span style=\"text-decoration:underline\"><b><span style=\"font-size:14.0pt\"><span style=\"text-decoration:none\"><span style=\"text-underline:none\">17&ordm; Webinar Think Plastic Brazil:<\/span><\/span><\/span><\/b><\/span><\/span><span class=\"MsoHyperlink\" style=\"color:blue\"><span style=\"text-decoration:underline\"><span style=\"font-size:14.0pt\"><span style=\"text-decoration:none\"><span style=\"text-underline:none\"> <b>Incoterms&reg; 2020 - Regras para o Com&eacute;rcio Internacional<\/b>, 09 de agosto. <\/span><\/span><\/span><\/span><\/span><a href=\"https:\/\/junto.us12.list-manage.com\/track\/click?u=2362c2ef23b5f6f86b32d9fbd&amp;id=71b2e77730&amp;e=674d49841c\" style=\"color:blue; text-decoration:underline\"><span style=\"font-size:14.0pt\">Informa&ccedil;&otilde;es aqui<\/span><\/a><span class=\"MsoHyperlink\" style=\"color:blue\"><span style=\"text-decoration:underline\"><span style=\"font-size:14.0pt\"><span style=\"text-decoration:none\"><span style=\"text-underline:none\">.<\/span><\/span><\/span><\/span><\/span><\/span><\/span><\/span><\/p>\r\n\r\n<p style=\"text-align:justify\"><span style=\"font-size:11pt\"><span style=\"line-height:normal\"><span style=\"font-family:&quot;Calibri&quot;,sans-serif\"><span class=\"MsoHyperlink\" style=\"color:blue\"><span style=\"text-decoration:underline\"><b><span style=\"font-size:14.0pt\"><span style=\"text-decoration:none\"><span style=\"text-underline:none\">Jornada de Enfermagem em Central de Material e Esteriliza&ccedil;&atilde;o<\/span><\/span><\/span><\/b><\/span><\/span><span class=\"MsoHyperlink\" style=\"color:blue\"><span style=\"text-decoration:underline\"><span style=\"font-size:14.0pt\"><span style=\"text-decoration:none\"><span style=\"text-underline:none\">, 23 de agosto, Expominas, Belo Horizonte. <\/span><\/span><\/span><\/span><\/span><a href=\"https:\/\/nascecme.com.br\/jornada-de-enfermagem-em-central-de-material-e-esterilizacao\/\" style=\"color:blue; text-decoration:underline\"><span style=\"font-size:14.0pt\">Informa&ccedil;&otilde;es aqui<\/span><\/a><span class=\"MsoHyperlink\" style=\"color:blue\"><span style=\"text-decoration:underline\"><span style=\"font-size:14.0pt\"><span style=\"text-decoration:none\"><span style=\"text-underline:none\">.<\/span><\/span><\/span><\/span><\/span><\/span><\/span><\/span><\/p>\r\n\r\n<p style=\"text-align:justify\"><span style=\"font-size:11pt\"><span style=\"line-height:normal\"><span style=\"font-family:&quot;Calibri&quot;,sans-serif\"><span class=\"MsoHyperlink\" style=\"color:blue\"><span style=\"text-decoration:underline\"><b><span style=\"font-size:14.0pt\"><span style=\"text-decoration:none\"><span style=\"text-underline:none\">Curso Almaco &ldquo;Comp&oacute;sitos Avan&ccedil;ados&rdquo;<\/span><\/span><\/span><\/b><\/span><\/span><span class=\"MsoHyperlink\" style=\"color:blue\"><span style=\"text-decoration:underline\"><span style=\"font-size:14.0pt\"><span style=\"text-decoration:none\"><span style=\"text-underline:none\">, 24 e 25 de agosto. <\/span><\/span><\/span><\/span><\/span><a href=\"https:\/\/emailmarketing.locaweb.com.br\/accounts\/116830\/messages\/323\/clicks\/110\/1204?envelope_id=230\" style=\"color:blue; text-decoration:underline\"><span style=\"font-size:14.0pt\">Informa&ccedil;&otilde;es aqui<\/span><\/a><span class=\"MsoHyperlink\" style=\"color:blue\"><span style=\"text-decoration:underline\"><span style=\"font-size:14.0pt\"><span style=\"text-decoration:none\"><span style=\"text-underline:none\">.<\/span><\/span><\/span><\/span><\/span><\/span><\/span><\/span><\/p>\r\n\r\n<p style=\"text-align:justify\"><span style=\"font-size:11pt\"><span style=\"line-height:normal\"><span style=\"font-family:&quot;Calibri&quot;,sans-serif\"><span class=\"MsoHyperlink\" style=\"color:blue\"><span style=\"text-decoration:underline\"><b><span style=\"font-size:14.0pt\"><span style=\"text-decoration:none\"><span style=\"text-underline:none\">FICONS &ndash; XII Feira Internacional de Materiais, Equipamentos e Servi&ccedil;os da Constru&ccedil;&atilde;o<\/span><\/span><\/span><\/b><\/span><\/span><span class=\"MsoHyperlink\" style=\"color:blue\"><span style=\"text-decoration:underline\"><span style=\"font-size:14.0pt\"><span style=\"text-decoration:none\"><span style=\"text-underline:none\">, 26 de agosto, no Centro de Conven&ccedil;&otilde;es de Pernambuco. <\/span><\/span><\/span><\/span><\/span><a href=\"https:\/\/www.ficons.com.br\/2022\/index\" style=\"color:blue; text-decoration:underline\"><span style=\"font-size:14.0pt\">Informa&ccedil;&otilde;es aqui<\/span><\/a><span class=\"MsoHyperlink\" style=\"color:blue\"><span style=\"text-decoration:underline\"><span style=\"font-size:14.0pt\"><span style=\"text-decoration:none\"><span style=\"text-underline:none\">.<\/span><\/span><\/span><\/span><\/span><\/span><\/span><\/span><\/p>\r\n\r\n<p style=\"text-align:justify\"><span style=\"font-size:11pt\"><span style=\"line-height:normal\"><span style=\"font-family:&quot;Calibri&quot;,sans-serif\"><span class=\"MsoHyperlink\" style=\"color:blue\"><span style=\"text-decoration:underline\"><b><span style=\"font-size:14.0pt\"><span style=\"text-decoration:none\"><span style=\"text-underline:none\">Semin&aacute;rio Sindit&ecirc;xtil-SP &ldquo;Efici&ecirc;ncia e Transi&ccedil;&atilde;o Energ&eacute;tica&rdquo;<\/span><\/span><\/span><\/b><\/span><\/span><span class=\"MsoHyperlink\" style=\"color:blue\"><span style=\"text-decoration:underline\"><span style=\"font-size:14.0pt\"><span style=\"text-decoration:none\"><span style=\"text-underline:none\">, 28 de agosto, Rua Marqu&ecirc;s de Itu, 968, S&atilde;o Paulo. <\/span><\/span><\/span><\/span><\/span><a href=\"https:\/\/s3.sa-east-1.amazonaws.com\/sindi-files.sinditextilsp.org.br\/site\/sindi_90anos\/Seminario_eficiencia_energetica\/Programa%C3%A7%C3%A3o+Semin%C3%A1rio+Efici%C3%AAncia+e+Transi%C3%A7%C3%A3o+Energ%C3%A9tica.pdf?utm_campaign=convite_seminario_energia&amp;utm_medium=email&amp;utm_source=RD+Station\" style=\"color:blue; text-decoration:underline\"><span style=\"font-size:14.0pt\">Programa&ccedil;&atilde;o<\/span><\/a><span class=\"MsoHyperlink\" style=\"color:blue\"><span style=\"text-decoration:underline\"><span style=\"font-size:14.0pt\"><span style=\"text-decoration:none\"><span style=\"text-underline:none\">. <\/span><\/span><\/span><\/span><\/span><a href=\"https:\/\/eventos.abit.org.br\/Subs.aspx?key=e76786ff-e0ac-447b-81b1-a7dd2c2c3217&amp;utm_campaign=convite_seminario_energia&amp;utm_medium=email&amp;utm_source=RD+Station\" style=\"color:blue; text-decoration:underline\"><span style=\"font-size:14.0pt\">Inscri&ccedil;&otilde;es<\/span><\/a><span class=\"MsoHyperlink\" style=\"color:blue\"><span style=\"text-decoration:underline\"><span style=\"font-size:14.0pt\"><span style=\"text-decoration:none\"><span style=\"text-underline:none\">.<\/span><\/span><\/span><\/span><\/span><\/span><\/span><\/span><\/p>\r\n\r\n<p style=\"text-align:justify\"><span style=\"font-size:11pt\"><span style=\"line-height:normal\"><span style=\"font-family:&quot;Calibri&quot;,sans-serif\"><span class=\"MsoHyperlink\" style=\"color:blue\"><span style=\"text-decoration:underline\"><b><span style=\"font-size:14.0pt\"><span style=\"text-decoration:none\"><span style=\"text-underline:none\">13&ordm; Simp&oacute;sio Internacional de Esteriliza&ccedil;&atilde;o SOBECC<\/span><\/span><\/span><\/b><\/span><\/span><span class=\"MsoHyperlink\" style=\"color:blue\"><span style=\"text-decoration:underline\"><span style=\"font-size:14.0pt\"><span style=\"text-decoration:none\"><span style=\"text-underline:none\">, de 30 de agosto a 02 de setembro, Centro de Conven&ccedil;&otilde;es Anhembi, S&atilde;o Paulo, SP. <\/span><\/span><\/span><\/span><\/span><a href=\"https:\/\/www.congresso-simposio-sobecc.com.br\/sobecc2022\" style=\"color:blue; text-decoration:underline\"><span style=\"font-size:14.0pt\">Informa&ccedil;&otilde;es aqui<\/span><\/a><span class=\"MsoHyperlink\" style=\"color:blue\"><span style=\"text-decoration:underline\"><span style=\"font-size:14.0pt\"><span style=\"text-decoration:none\"><span style=\"text-underline:none\">.<\/span><\/span><\/span><\/span><\/span><\/span><\/span><\/span><\/p>\r\n\r\n<p style=\"text-align:justify\"><span style=\"font-size:11pt\"><span style=\"line-height:normal\"><span style=\"font-family:&quot;Calibri&quot;,sans-serif\"><span class=\"MsoHyperlink\" style=\"color:blue\"><span style=\"text-decoration:underline\"><b><span style=\"font-size:14.0pt\"><span style=\"text-decoration:none\"><span style=\"text-underline:none\">Workshop Abit &ldquo;Etiquetagem de Produtos T&ecirc;xteis e Confeccionados&rdquo;<\/span><\/span><\/span><\/b><\/span><\/span><span class=\"MsoHyperlink\" style=\"color:blue\"><span style=\"text-decoration:underline\"><span style=\"font-size:14.0pt\"><span style=\"text-decoration:none\"><span style=\"text-underline:none\">, 31 de agosto. <\/span><\/span><\/span><\/span><\/span><a href=\"https:\/\/eventos.abit.org.br\/Subs.aspx?key=5b52d0cb-703f-4d74-b5c0-db29a5836eff\" style=\"color:blue; text-decoration:underline\"><span style=\"font-size:14.0pt\">Informa&ccedil;&otilde;es aqui<\/span><\/a><span class=\"MsoHyperlink\" style=\"color:blue\"><span style=\"text-decoration:underline\"><span style=\"font-size:14.0pt\"><span style=\"text-decoration:none\"><span style=\"text-underline:none\">.<\/span><\/span><\/span><\/span><\/span><\/span><\/span><\/span><\/p>\r\n\r\n<p style=\"text-align:justify\"><span style=\"font-size:11pt\"><span style=\"line-height:normal\"><span style=\"font-family:&quot;Calibri&quot;,sans-serif\"><span class=\"MsoHyperlink\" style=\"color:blue\"><span style=\"text-decoration:underline\"><b><span style=\"font-size:14.0pt\"><span style=\"text-decoration:none\"><span style=\"text-underline:none\">COBRAMSEG 2022<\/span><\/span><\/span><\/b><\/span><\/span><span class=\"MsoHyperlink\" style=\"color:blue\"><span style=\"text-decoration:underline\"><span style=\"font-size:14.0pt\"><span style=\"text-decoration:none\"><span style=\"text-underline:none\">, 23 a 26 de agosto, Expo D. Pedro, Campinas, SP. <\/span><\/span><\/span><\/span><\/span><a href=\"https:\/\/cobramseg2022.com.br\/\" style=\"color:blue; text-decoration:underline\"><span style=\"font-size:14.0pt\">Informa&ccedil;&otilde;es aqui<\/span><\/a><span class=\"MsoHyperlink\" style=\"color:blue\"><span style=\"text-decoration:underline\"><span style=\"font-size:14.0pt\"><span style=\"text-decoration:none\"><span style=\"text-underline:none\">.<\/span><\/span><\/span><\/span><\/span><\/span><\/span><\/span><\/p>\r\n\r\n<p style=\"text-align:justify\"><span style=\"font-size:11pt\"><span style=\"line-height:normal\"><span style=\"font-family:&quot;Calibri&quot;,sans-serif\"><span class=\"MsoHyperlink\" style=\"color:blue\"><span style=\"text-decoration:underline\"><b><span style=\"font-size:14.0pt\"><span style=\"text-decoration:none\"><span style=\"text-underline:none\">Feira HospitalMed, <\/span><\/span><\/span><\/b><\/span><\/span><span class=\"MsoHyperlink\" style=\"color:blue\"><span style=\"text-decoration:underline\"><span style=\"font-size:14.0pt\"><span style=\"text-decoration:none\"><span style=\"text-underline:none\">19 a 21 de outubro, Centro de Conven&ccedil;&otilde;es de Pernambuco. <\/span><\/span><\/span><\/span><\/span><a href=\"https:\/\/hospitalmed.com.br\/feira\/\" style=\"color:blue; text-decoration:underline\"><span style=\"font-size:14.0pt\">Informa&ccedil;&otilde;es aqui.<\/span><\/a><\/span><\/span><\/span><\/p>\r\n\r\n<p style=\"text-align:justify\">&nbsp;<\/p>\r\n\r\n<p style=\"text-align:justify\"><span style=\"font-size:11pt\"><span style=\"line-height:normal\"><span style=\"font-family:&quot;Calibri&quot;,sans-serif\"><span class=\"MsoHyperlink\" style=\"color:blue\"><span style=\"text-decoration:underline\"><b><span style=\"font-size:14.0pt\"><span style=\"text-decoration:none\"><span style=\"text-underline:none\">Innovate: Zero Carbon, Textiles&#39; journey to zero carbon<\/span><\/span><\/span><\/b><\/span><\/span><\/span><\/span><\/span><\/p>\r\n\r\n<p style=\"text-align:justify\"><span style=\"font-size:11pt\"><span style=\"line-height:normal\"><span style=\"font-family:&quot;Calibri&quot;,sans-serif\"><span class=\"MsoHyperlink\" style=\"color:blue\"><span style=\"text-decoration:underline\"><span style=\"font-size:14.0pt\"><span style=\"text-decoration:none\"><span style=\"text-underline:none\">When: 1-3 Nov 2022<\/span><\/span><\/span><\/span><\/span><\/span><\/span><\/span><\/p>\r\n\r\n<p style=\"text-align:justify\"><span style=\"font-size:11pt\"><span style=\"line-height:normal\"><span style=\"font-family:&quot;Calibri&quot;,sans-serif\"><span class=\"MsoHyperlink\" style=\"color:blue\"><span style=\"text-decoration:underline\"><span style=\"font-size:14.0pt\"><span style=\"text-decoration:none\"><span style=\"text-underline:none\">What time: 13:00&ndash;17:00 UTC \/ 9:00&ndash;13:00 EDT<\/span><\/span><\/span><\/span><\/span><\/span><\/span><\/span><\/p>\r\n\r\n<p style=\"text-align:justify\"><span style=\"font-size:11pt\"><span style=\"line-height:normal\"><span style=\"font-family:&quot;Calibri&quot;,sans-serif\"><span class=\"MsoHyperlink\" style=\"color:blue\"><span style=\"text-decoration:underline\"><span style=\"font-size:14.0pt\"><span style=\"text-decoration:none\"><span style=\"text-underline:none\">Where: Virtual, <\/span><\/span><\/span><\/span><\/span><a href=\"https:\/\/events.wtin.com\/event\/f5bac4f2-d902-41ba-9153-a4d80622877c\/summary\" style=\"color:blue; text-decoration:underline\"><span style=\"font-size:14.0pt\">events.wtin.com\/innovate<\/span><\/a><\/span><\/span><\/span><\/p>\r\n\r\n<p class=\"MsoTitle\" style=\"text-align:justify\"><span style=\"font-size:28pt\"><span style=\"font-family:&quot;Cambria&quot;,serif\"><span style=\"letter-spacing:-0.5pt\"><b><span style=\"font-size:18.0pt\"><span style=\"font-family:&quot;Calibri&quot;,sans-serif\"><span style=\"font-variant:small-caps\">Setor<\/span><\/span><\/span><\/b><\/span><\/span><\/span><\/p>\r\n\r\n<p style=\"text-align:justify\"><span style=\"font-size:11pt\"><span style=\"line-height:normal\"><span style=\"font-family:&quot;Calibri&quot;,sans-serif\"><a href=\"https:\/\/plasticosemrevista.com.br\/haja-resistencia-ao-impacto-2\/\" style=\"color:blue; text-decoration:underline\"><span style=\"font-size:14.0pt\">Haja resist&ecirc;ncia ao impacto<\/span><\/a><\/span><\/span><\/span><\/p>\r\n\r\n<p style=\"text-align:justify\"><span style=\"font-size:11pt\"><span style=\"line-height:normal\"><span style=\"font-family:&quot;Calibri&quot;,sans-serif\"><a href=\"https:\/\/agenciabrasil.ebc.com.br\/economia\/noticia\/2022-08\/camex-reduz-tarifas-de-glifosato-e-resinas-plasticas\" style=\"color:blue; text-decoration:underline\"><span style=\"font-size:14.0pt\">Camex reduz tarifas de glifosato e resinas pl&aacute;sticas<\/span><\/a><\/span><\/span><\/span><\/p>\r\n\r\n<p style=\"text-align:justify\"><span style=\"font-size:11pt\"><span style=\"line-height:normal\"><span style=\"font-family:&quot;Calibri&quot;,sans-serif\"><a href=\"https:\/\/plasticosemrevista.com.br\/a-caminho-da-metamorfose\/\" style=\"color:blue; text-decoration:underline\"><span style=\"font-size:14.0pt\">A caminho da metamorfose<\/span><\/a><\/span><\/span><\/span><\/p>\r\n\r\n<p style=\"text-align:justify\"><span style=\"font-size:11pt\"><span style=\"line-height:normal\"><span style=\"font-family:&quot;Calibri&quot;,sans-serif\"><a href=\"https:\/\/textileindustry.ning.com\/forum\/topics\/setor-t-xtil-defende-fim-do-ciclo-de-aumentos-da-selic-n-o-hora\" style=\"color:blue; text-decoration:underline\"><span style=\"font-size:14.0pt\">Setor t&ecirc;xtil defende fim do ciclo de aumentos da Selic: &#39;n&atilde;o &eacute; hora de apertar mais o torniquete&#39;<\/span><\/a><\/span><\/span><\/span><\/p>\r\n\r\n<p style=\"text-align:justify\"><span style=\"font-size:11pt\"><span style=\"line-height:normal\"><span style=\"font-family:&quot;Calibri&quot;,sans-serif\"><a href=\"https:\/\/www.textiletechnology.net\/fibers\/news\/ivl-study-covid-19-fight-helped-by-recycled-pet-32614?utm_source=%2Fmeta%2Fnewsletter%2Fnewsletter&amp;utm_medium=newsletter&amp;utm_campaign=nl924&amp;utm_term=0801b20e08c3242125d512808cd74302\" style=\"color:blue; text-decoration:underline\"><span style=\"font-size:14.0pt\">Indorama: <\/span><span style=\"font-size:14.0pt\">Study: Covid-19 fight helped by recycled PET<\/span><\/a><\/span><\/span><\/span><\/p>\r\n\r\n<p style=\"text-align:justify\"><span style=\"font-size:11pt\"><span style=\"line-height:normal\"><span style=\"font-family:&quot;Calibri&quot;,sans-serif\"><a href=\"https:\/\/agenciabrasil.ebc.com.br\/economia\/noticia\/2022-08\/investimentos-em-petroleo-e-gas-alcancarao-r-102-bi-por-ano-ate-2025\" style=\"color:blue; text-decoration:underline\"><span style=\"font-size:14.0pt\">Investimentos em petr&oacute;leo e g&aacute;s alcan&ccedil;ar&atilde;o R$ 102 bi por ano at&eacute; 2025<\/span><\/a><\/span><\/span><\/span><\/p>\r\n\r\n<p style=\"text-align:justify\"><span style=\"font-size:11pt\"><span style=\"line-height:normal\"><span style=\"font-family:&quot;Calibri&quot;,sans-serif\"><a href=\"https:\/\/markets.businessinsider.com\/news\/commodities\/oil-prices-2023-recession-russia-war-ukraine-bofa-crude-brent-2022-7\" style=\"color:blue; text-decoration:underline\"><span style=\"font-size:14.0pt\">Oil prices will trade above $100 in 2023 unless there&#39;s a deepening recession or easing of Russia&#39;s war in Ukraine, BofA says<\/span><\/a><\/span><\/span><\/span><\/p>\r\n\r\n<p style=\"text-align:justify\"><span style=\"font-size:11pt\"><span style=\"line-height:normal\"><span style=\"font-family:&quot;Calibri&quot;,sans-serif\"><a href=\"https:\/\/markets.businessinsider.com\/news\/commodities\/oil-price-crude-futures-lowest-levels-since-russia-ukraine-invasion-2022-8\" style=\"color:blue; text-decoration:underline\"><span style=\"font-size:14.0pt\">Crude oil prices have tanked to their lowest levels since Russia&#39;s invasion of Ukraine<\/span><\/a><\/span><\/span><\/span><\/p>\r\n\r\n<p style=\"text-align:justify\"><span style=\"font-size:11pt\"><span style=\"line-height:normal\"><span style=\"font-family:&quot;Calibri&quot;,sans-serif\"><a href=\"https:\/\/plasticosemrevista.com.br\/inter-pipeline-inicia-no-canada-producao-de-pp-planta-inedita-na-america-do-norte\/\" style=\"color:blue; text-decoration:underline\"><span style=\"font-size:14.0pt\">Inter Pipeline inicia no Canad&aacute; produ&ccedil;&atilde;o de PP planta in&eacute;dita na Am&eacute;rica do Norte<\/span><\/a><\/span><\/span><\/span><\/p>\r\n\r\n<p style=\"text-align:justify\"><span style=\"font-size:11pt\"><span style=\"line-height:normal\"><span style=\"font-family:&quot;Calibri&quot;,sans-serif\"><a href=\"https:\/\/www.capitalreset.com\/braskem-compra-wise-para-escalar-producao-de-plastico-reciclado\/\" style=\"color:blue; text-decoration:underline\"><span style=\"font-size:14.0pt\">Braskem compra Wise para escalar produ&ccedil;&atilde;o de pl&aacute;stico reciclado<\/span><\/a><\/span><\/span><\/span><\/p>\r\n\r\n<p style=\"text-align:justify\"><span style=\"font-size:11pt\"><span style=\"line-height:normal\"><span style=\"font-family:&quot;Calibri&quot;,sans-serif\"><a href=\"https:\/\/www.santos.sp.gov.br\/?q=noticia\/novas-obras-de-drenagem-e-contencao-em-morros-de-santos-comecam-neste-semestre\" style=\"color:blue; text-decoration:underline\"><span style=\"font-size:14.0pt\">Novas obras de drenagem e conten&ccedil;&atilde;o em morros de Santos come&ccedil;am neste semestre<\/span><\/a><\/span><\/span><\/span><\/p>\r\n\r\n<p style=\"text-align:justify\"><span style=\"font-size:11pt\"><span style=\"line-height:normal\"><span style=\"font-family:&quot;Calibri&quot;,sans-serif\"><a href=\"https:\/\/www.technicaltextile.net\/news\/hygienix-us-to-focus-on-sustainable-hygiene-personal-care-products-282313.html\" style=\"color:blue; text-decoration:underline\"><span style=\"font-size:14.0pt\">Hygienix US to focus on sustainable hygiene &amp; personal care products<\/span><\/a><\/span><\/span><\/span><\/p>\r\n\r\n<p class=\"MsoTitle\" style=\"text-align:justify\"><span style=\"font-size:28pt\"><span style=\"font-family:&quot;Cambria&quot;,serif\"><span style=\"letter-spacing:-0.5pt\"><b><span style=\"font-size:18.0pt\"><span style=\"font-family:&quot;Calibri&quot;,sans-serif\"><span style=\"font-variant:small-caps\">Ind&uacute;stria<\/span><\/span><\/span><\/b><\/span><\/span><\/span><\/p>\r\n\r\n<p style=\"text-align:justify\"><span style=\"font-size:11pt\"><span style=\"line-height:normal\"><span style=\"font-family:&quot;Calibri&quot;,sans-serif\"><a href=\"https:\/\/noticias.portaldaindustria.com.br\/noticias\/economia\/industria-tem-alta-no-faturamento-emprego-e-salario-diz-cni\/\" style=\"color:blue; text-decoration:underline\"><span style=\"font-size:14.0pt\">Ind&uacute;stria tem alta no faturamento, emprego e sal&aacute;rio, diz CNI<\/span><\/a><\/span><\/span><\/span><\/p>\r\n\r\n<p style=\"text-align:justify\"><span style=\"font-size:11pt\"><span style=\"line-height:normal\"><span style=\"font-family:&quot;Calibri&quot;,sans-serif\"><a href=\"https:\/\/app.rdstation.email\/mail\/15caf016-d1e9-4898-be1c-b6d99f0f4c06?utm_campaign=conjuntura_industria_de_moveis_aponta_recuperacao_no_mes_de_maio_com_aumento_da_producao_e_do_emprego&amp;utm_medium=email&amp;utm_source=RD+Station\" style=\"color:blue; text-decoration:underline\"><span style=\"font-size:14.0pt\">Conjuntura: ind&uacute;stria de m&oacute;veis aponta recupera&ccedil;&atilde;o no m&ecirc;s de maio com aumento da produ&ccedil;&atilde;o e do emprego<\/span><\/a><\/span><\/span><\/span><\/p>\r\n\r\n<p style=\"text-align:justify\"><span style=\"font-size:11pt\"><span style=\"line-height:normal\"><span style=\"font-family:&quot;Calibri&quot;,sans-serif\"><a href=\"https:\/\/www.fiesp.com.br\/noticias\/producao-industrial-cresce-no-2o-trimestre-mas-mantem-cenario-de-lenta-recuperacao-em-2022\/\" style=\"color:blue; text-decoration:underline\"><span style=\"font-size:14.0pt\">FIESP: Produ&ccedil;&atilde;o industrial cresce no 2&ordm; trimestre, mas mant&eacute;m cen&aacute;rio de lenta recupera&ccedil;&atilde;o em 2022<\/span><\/a><\/span><\/span><\/span><\/p>\r\n\r\n<p style=\"text-align:justify\"><span style=\"font-size:11pt\"><span style=\"line-height:normal\"><span style=\"font-family:&quot;Calibri&quot;,sans-serif\"><a href=\"https:\/\/www.comexdobrasil.com\/vendas-externas-de-veiculos-voltam-a-cair-em-julho-apos-tres-meses-de-alta-afetadas-pela-crise-na-argentina\/\" style=\"color:blue; text-decoration:underline\"><span style=\"font-size:14.0pt\">Vendas externas de ve&iacute;culos voltam a cair em julho ap&oacute;s tr&ecirc;s meses de alta afetadas pela crise na Argentina<\/span><\/a><\/span><\/span><\/span><\/p>\r\n\r\n<p style=\"text-align:justify\"><span style=\"font-size:11pt\"><span style=\"line-height:normal\"><span style=\"font-family:&quot;Calibri&quot;,sans-serif\"><a href=\"https:\/\/grandesconstrucoes.com.br\/Noticias\/Exibir\/industria-de-materiais-de-construcao-tem-mes-foi-regular-diz-a-abramat?utm_source=akna&amp;utm_medium=email&amp;utm_campaign=Grandes-Construcoes-Informativo-823-04-08-2022&amp;utm_source=akna&amp;utm_medium=email&amp;utm_campaign=Grandes-Construcoes-Informativo-823-04-08-2022\" style=\"color:blue; text-decoration:underline\"><span style=\"font-size:14.0pt\">Ind&uacute;stria de materiais de constru&ccedil;&atilde;o tem m&ecirc;s &quot;regular&quot;, diz a Abramat<\/span><\/a><\/span><\/span><\/span><\/p>\r\n\r\n<p style=\"text-align:justify\"><span style=\"font-size:11pt\"><span style=\"line-height:normal\"><span style=\"font-family:&quot;Calibri&quot;,sans-serif\"><a href=\"https:\/\/www.textiletechnology.net\/technical-textiles\/news\/composites-germany-current-crises-burden-composites-industry-32600?utm_source=%2Fmeta%2Fnewsletter%2Fnewsletter&amp;utm_medium=newsletter&amp;utm_campaign=nl925&amp;utm_term=0801b20e08c3242125d512808cd74302\" style=\"color:blue; text-decoration:underline\"><span style=\"font-size:14.0pt\">Composites Germany: Current crises burden composites industry<\/span><\/a><\/span><\/span><\/span><\/p>\r\n\r\n<p style=\"text-align:justify\"><span style=\"font-size:11pt\"><span style=\"line-height:normal\"><span style=\"font-family:&quot;Calibri&quot;,sans-serif\"><a href=\"https:\/\/www.moveisdevalor.com.br\/portal\/producao-de-moveis-recua-20-no-primeiro-semestre-afirma-ibge?source=news\" style=\"color:blue; text-decoration:underline\"><span style=\"font-size:14.0pt\">Produ&ccedil;&atilde;o de m&oacute;veis recua 20% no primeiro semestre, afirma IBGE<\/span><\/a><\/span><\/span><\/span><\/p>\r\n\r\n<p class=\"MsoTitle\" style=\"text-align:justify\"><span style=\"font-size:28pt\"><span style=\"font-family:&quot;Cambria&quot;,serif\"><span style=\"letter-spacing:-0.5pt\"><b><span style=\"font-size:18.0pt\"><span style=\"font-family:&quot;Calibri&quot;,sans-serif\"><span style=\"font-variant:small-caps\">Sustentabilidade<\/span><\/span><\/span><\/b><\/span><\/span><\/span><\/p>\r\n\r\n<p style=\"text-align:justify\"><span style=\"font-size:11pt\"><span style=\"line-height:normal\"><span style=\"font-family:&quot;Calibri&quot;,sans-serif\"><a href=\"https:\/\/textileindustry.ning.com\/forum\/topics\/fibra-sustent-vel-testada-pelo-mercado-t-xtil-brasileiro\" style=\"color:blue; text-decoration:underline\"><span style=\"font-size:14.0pt\">Fibra sustent&aacute;vel &eacute; testada pelo mercado t&ecirc;xtil brasileiro<\/span><\/a><\/span><\/span><\/span><\/p>\r\n\r\n<p style=\"text-align:justify\"><span style=\"font-size:11pt\"><span style=\"line-height:normal\"><span style=\"font-family:&quot;Calibri&quot;,sans-serif\"><a href=\"https:\/\/www.nonwovens-industry.com\/contents\/view_online-exclusives\/2022-08-01\/a-new-day-for-hygiene?utm_campaign=NON+eNewsletter&amp;utm_medium=email&amp;_hsmi=221858423&amp;_hsenc=p2ANqtz--AfEI6kRPfM1CvykDXOzaGW8L8m2ZvIVuurD-meIzlZ7LSR3W3fIU5W539F8npLTEiw4qHvftXZRk_PqSkLItRhV2CeQ&amp;utm_content=221858423&amp;utm_source=hs_email\" style=\"color:blue; text-decoration:underline\"><span style=\"font-size:14.0pt\">A New Day for Hygiene<\/span><\/a><\/span><\/span><\/span><\/p>\r\n\r\n<p style=\"text-align:justify\"><span style=\"font-size:11pt\"><span style=\"line-height:normal\"><span style=\"font-family:&quot;Calibri&quot;,sans-serif\"><a href=\"https:\/\/exame.com\/negocios\/economia-circular-diretamente-relacionada-competitividade\/\" style=\"color:blue; text-decoration:underline\"><span style=\"font-size:14.0pt\">Economia circular est&aacute; diretamente relacionada ao ganho de competitividade<\/span><\/a><\/span><\/span><\/span><\/p>\r\n\r\n<p style=\"text-align:justify\"><span style=\"font-size:11pt\"><span style=\"line-height:normal\"><span style=\"font-family:&quot;Calibri&quot;,sans-serif\"><a href=\"https:\/\/rmai.com.br\/plastivida-lanca-plataforma-para-o-programa-pellet-zero-ocs\/\" style=\"color:blue; text-decoration:underline\"><span style=\"font-size:14.0pt\">Plastivida lan&ccedil;a Plataforma para o Programa Pellet Zero &ndash; OCS&reg;<\/span><\/a><\/span><\/span><\/span><\/p>\r\n\r\n<p style=\"text-align:justify\"><span style=\"font-size:11pt\"><span style=\"line-height:normal\"><span style=\"font-family:&quot;Calibri&quot;,sans-serif\"><a href=\"https:\/\/ciclovivo.com.br\/inovacao\/tecnologia\/sistema-remove-mais-de-100-mil-quilos-de-plastico-no-oceano\/\" style=\"color:blue; text-decoration:underline\"><span style=\"font-size:14.0pt\">Sistema remove mais de 100 mil quilos de pl&aacute;stico no oceano<\/span><\/a><\/span><\/span><\/span><\/p>\r\n\r\n<p style=\"text-align:justify\"><span style=\"font-size:11pt\"><span style=\"line-height:normal\"><span style=\"font-family:&quot;Calibri&quot;,sans-serif\"><a href=\"https:\/\/www.capitalreset.com\/a-on-fez-um-tenis-100-reciclavel-que-so-esta-disponivel-por-assinatura\/?utm_campaign=030822_-_on_tenis__febraban__origo&amp;utm_medium=email&amp;utm_source=RD+Station\" style=\"color:blue; text-decoration:underline\"><span style=\"font-size:14.0pt\">A On fez um t&ecirc;nis 100% recicl&aacute;vel &ndash; que s&oacute; est&aacute; dispon&iacute;vel por assinatura<\/span><\/a><\/span><\/span><\/span><\/p>\r\n\r\n<p class=\"MsoTitle\" style=\"text-align:justify\"><span style=\"font-size:28pt\"><span style=\"font-family:&quot;Cambria&quot;,serif\"><span style=\"letter-spacing:-0.5pt\"><b><span style=\"font-size:18.0pt\"><span style=\"font-family:&quot;Calibri&quot;,sans-serif\"><span style=\"font-variant:small-caps\">Inova&ccedil;&atilde;o<\/span><\/span><\/span><\/b><\/span><\/span><\/span><\/p>\r\n\r\n<p style=\"text-align:justify\"><span style=\"font-size:11pt\"><span style=\"line-height:normal\"><span style=\"font-family:&quot;Calibri&quot;,sans-serif\"><a href=\"https:\/\/www.technicaltextile.net\/news\/researchers-in-germany-invent-high-tech-textile-vest-for-lung-patients-282326.html\" style=\"color:blue; text-decoration:underline\"><span style=\"font-size:14.0pt\">Researchers in Germany invent high-tech textile vest for lung patients<\/span><\/a><\/span><\/span><\/span><\/p>\r\n\r\n<p style=\"text-align:justify\"><span style=\"font-size:11pt\"><span style=\"line-height:normal\"><span style=\"font-family:&quot;Calibri&quot;,sans-serif\"><a href=\"https:\/\/www.inovacaotecnologica.com.br\/noticias\/noticia.php?artigo=isolante-termico-madeira-supera-materiais-base-petroleo&amp;id=010160220801&amp;ebol=sim#.YuwNwhzMKUk\" style=\"color:blue; text-decoration:underline\"><span style=\"font-size:14.0pt\">Isolante t&eacute;rmico de madeira supera materiais &agrave; base de petr&oacute;leo<\/span><\/a><\/span><\/span><\/span><\/p>\r\n\r\n<p style=\"text-align:justify\"><span style=\"font-size:11pt\"><span style=\"line-height:normal\"><span style=\"font-family:&quot;Calibri&quot;,sans-serif\"><a href=\"https:\/\/www.textiletechnology.net\/technical-textiles\/trendreports\/centi-printed-and-flexible-electronics-in-smart-textiles-for-different-industrial-sectors-32601?utm_source=%2Fmeta%2Fnewsletter%2Fnewsletter&amp;utm_medium=newsletter&amp;utm_campaign=nl925&amp;utm_term=0801b20e08c3242125d512808cd74302\" style=\"color:blue; text-decoration:underline\"><span style=\"font-size:14.0pt\">Printed and flexible electronics in smart textiles<\/span><\/a><\/span><\/span><\/span><\/p>\r\n\r\n<p class=\"MsoTitle\" style=\"text-align:justify\"><span style=\"font-size:28pt\"><span style=\"font-family:&quot;Cambria&quot;,serif\"><span style=\"letter-spacing:-0.5pt\"><b><span style=\"font-size:18.0pt\"><span style=\"font-family:&quot;Calibri&quot;,sans-serif\"><span style=\"font-variant:small-caps\">Com&eacute;rcio Exterior<\/span><\/span><\/span><\/b><\/span><\/span><\/span><\/p>\r\n\r\n<p style=\"text-align:justify\"><span style=\"font-size:11pt\"><span style=\"line-height:normal\"><span style=\"font-family:&quot;Calibri&quot;,sans-serif\"><a href=\"https:\/\/www.comexdobrasil.com\/escassez-de-conteineres-eleva-em-ate-427-o-valor-dos-fretes-para-o-brasil-diz-startup-especializada-em-gestao-de-cargas\/\" style=\"color:blue; text-decoration:underline\"><span style=\"font-size:14.0pt\">Escassez de cont&ecirc;ineres eleva em at&eacute; 427% o valor dos fretes para o Brasil diz startup especializada em gest&atilde;o de cargas<\/span><\/a><\/span><\/span><\/span><\/p>\r\n\r\n<p style=\"text-align:justify\"><span style=\"font-size:11pt\"><span style=\"line-height:normal\"><span style=\"font-family:&quot;Calibri&quot;,sans-serif\"><span style=\"font-size:14.0pt\"><a href=\"https:\/\/www.fiesp.com.br\/noticias\/sondagem-da-fiesp-indica-oportunidades-de-superacao-de-barreiras-tecnicas-em-mercados-estrangeiros\/\" style=\"color:blue; text-decoration:underline\">Barreiras T&eacute;cnicas ao Com&eacute;rcio: Estudo de Qualifica&ccedil;&atilde;o dos Principais Desafios Identificados Pela Fiesp e Pelo Ciesp<\/a><\/span><\/span><\/span><\/span><\/p>\r\n\r\n<p style=\"text-align:justify\"><span style=\"font-size:11pt\"><span style=\"line-height:normal\"><span style=\"font-family:&quot;Calibri&quot;,sans-serif\"><a href=\"https:\/\/static.portaldaindustria.com.br\/media\/filer_public\/85\/e0\/85e09994-8f2b-44d3-b06c-0b870587292e\/id_240078_manual_compras_publica_chile_web.pdf\" style=\"color:blue; text-decoration:underline\"><span style=\"font-size:14.0pt\">CNI: Manual de Compras Governamentais no Chile<\/span><\/a><\/span><\/span><\/span><\/p>\r\n\r\n<p style=\"text-align:justify\"><span style=\"font-size:11pt\"><span style=\"line-height:normal\"><span style=\"font-family:&quot;Calibri&quot;,sans-serif\"><span style=\"font-size:14.0pt\"><a href=\"https:\/\/www.textiletechnology.net\/technology\/news\/euratex-eu-india-free-trade-negotiations-32656?utm_source=%2Fmeta%2Fnewsletter%2Fnewsletter&amp;utm_medium=newsletter&amp;utm_campaign=nl927&amp;utm_term=0801b20e08c3242125d512808cd74302\" style=\"color:blue; text-decoration:underline\">EU-India Free Trade negotiations<\/a><\/span><\/span><\/span><\/span><\/p>\r\n\r\n<p style=\"text-align:justify\"><span style=\"font-size:11pt\"><span style=\"line-height:normal\"><span style=\"font-family:&quot;Calibri&quot;,sans-serif\"><a href=\"https:\/\/pages.eiu.com\/rs\/753-RIQ-438\/images\/a-new-horizon-for-africa-china-relations.pdf?mkt_tok=NzUzLVJJUS00MzgAAAGGHQQa2O0OLUzzQZboStlqmhMPwQGn6cj2Pd2_lHt2cCuPv1niMO34pbOIUzatqSI4tN-0kXBEQVc761EiDKZhMqtTc-YgsSjz8y_g96JZbHc\" style=\"color:blue; text-decoration:underline\"><span style=\"font-size:14.0pt\">The Economist Intelligence - A new horizon for Africa-China relations<\/span><\/a><\/span><\/span><\/span><\/p>\r\n\r\n<p class=\"MsoTitle\" style=\"text-align:justify\"><span style=\"font-size:28pt\"><span style=\"font-family:&quot;Cambria&quot;,serif\"><span style=\"letter-spacing:-0.5pt\"><b><span style=\"font-size:18.0pt\"><span style=\"font-family:&quot;Calibri&quot;,sans-serif\"><span style=\"font-variant:small-caps\">Economia<\/span><\/span><\/span><\/b><\/span><\/span><\/span><\/p>\r\n\r\n<p style=\"text-align:justify\"><span style=\"font-size:11pt\"><span style=\"line-height:normal\"><span style=\"font-family:&quot;Calibri&quot;,sans-serif\"><a href=\"https:\/\/www.bcb.gov.br\/content\/focus\/focus\/R20220805.pdf\" style=\"color:blue; text-decoration:underline\"><span style=\"font-size:14.0pt\">Focus - Relat&oacute;rio de Mercado<\/span><\/a><\/span><\/span><\/span><\/p>\r\n\r\n<p style=\"text-align:justify\"><span style=\"font-size:11pt\"><span style=\"line-height:normal\"><span style=\"font-family:&quot;Calibri&quot;,sans-serif\"><a href=\"https:\/\/agenciabrasil.ebc.com.br\/economia\/noticia\/2022-08\/mercado-financeiro-reduz-projecao-da-inflacao-de-715-para-711\" style=\"color:blue; text-decoration:underline\"><span style=\"font-size:14.0pt\">Mercado financeiro reduz proje&ccedil;&atilde;o da infla&ccedil;&atilde;o de 7,15% para 7,11%<\/span><\/a><\/span><\/span><\/span><\/p>\r\n\r\n<p style=\"text-align:justify\"><span style=\"font-size:11pt\"><span style=\"line-height:normal\"><span style=\"font-family:&quot;Calibri&quot;,sans-serif\"><a href=\"https:\/\/www.fibre2fashion.com\/news\/textile-news\/global-manufacturing-price-inflation-cools-to-one-and-a-half-year-low-282311-newsdetails.htm\" style=\"color:blue; text-decoration:underline\"><span style=\"font-size:14.0pt\">Global manufacturing price inflation cools to one-and-a-half-year low<\/span><\/a><\/span><\/span><\/span><\/p>\r\n\r\n<p style=\"text-align:justify\"><span style=\"font-size:11pt\"><span style=\"line-height:normal\"><span style=\"font-family:&quot;Calibri&quot;,sans-serif\"><a href=\"https:\/\/www.noticiasaominuto.com\/economia\/2047325\/risco-de-estagflacao-cresce-na-ue-portugal-entre-os-mais-vulneraveis\" style=\"color:blue; text-decoration:underline\"><span style=\"font-size:14.0pt\">Risco de estagfla&ccedil;&atilde;o cresce na UE. Portugal entre os mais vulner&aacute;veis<\/span><\/a><\/span><\/span><\/span><\/p>\r\n\r\n<p style=\"text-align:justify\"><span style=\"font-size:11pt\"><span style=\"line-height:normal\"><span style=\"font-family:&quot;Calibri&quot;,sans-serif\"><a href=\"https:\/\/jornaleconomico.pt\/noticias\/analistas-apontam-para-indicios-de-fragilidades-no-emprego-da-zona-euro-e-dos-eua-923356\" style=\"color:blue; text-decoration:underline\"><span style=\"font-size:14.0pt\">Analistas apontam para ind&iacute;cios de fragilidades no emprego da zona euro e dos EUA<\/span><\/a><\/span><\/span><\/span><\/p>\r\n\r\n<p style=\"text-align:justify\"><span style=\"font-size:11pt\"><span style=\"line-height:normal\"><span style=\"font-family:&quot;Calibri&quot;,sans-serif\"><a href=\"https:\/\/grandesconstrucoes.com.br\/Noticias\/Exibir\/construcao-cria-30-mil-empregos-em-junho?utm_source=akna&amp;utm_medium=email&amp;utm_campaign=Grandes-Construcoes-Informativo-823-04-08-2022&amp;utm_source=akna&amp;utm_medium=email&amp;utm_campaign=Grandes-Construcoes-Informativo-823-04-08-2022\" style=\"color:blue; text-decoration:underline\"><span style=\"font-size:14.0pt\">Constru&ccedil;&atilde;o cria 30 mil empregos em junho<\/span><\/a><\/span><\/span><\/span><\/p>\r\n","texto_en":"","7":"","imagem":"COMP_banner-padrao-home-destaques-boletim_20220809140448YwSaXBzDQL.jpg","8":"COMP_banner-padrao-home-destaques-boletim_20220809140448YwSaXBzDQL.jpg","arquivo":"20220809-NOTICIAS-SEMANAIS.PDF","9":"20220809-NOTICIAS-SEMANAIS.PDF","titulo_arquivo":"","10":"","titulo_arquivo_en":"","11":"","created_at":"2022-08-09 14:04:57","12":"2022-08-09 14:04:57","updated_at":"2022-08-09 14:04:57","13":"2022-08-09 14:04:57"},{"id":28,"0":28,"ordem":195,"1":195,"data":"2022-08-02","2":"2022-08-02","slug":"boletim-de-noticias-semanais-25","3":"boletim-de-noticias-semanais-25","titulo":"Boletim de Not\u00edcias Semanais","4":"Boletim de Not\u00edcias Semanais","titulo_en":"","5":"","texto":"<p style=\"text-align:justify\"><span style=\"font-size:11pt\"><span style=\"line-height:normal\"><span style=\"font-family:&quot;Calibri&quot;,sans-serif\"><span style=\"font-size:14.0pt\">Esta &eacute; uma compila&ccedil;&atilde;o das not&iacute;cias mais relevantes para o setor, incluindo informa&ccedil;&otilde;es sobre acordos internacionais, economia brasileira, sustentabilidade e mat&eacute;rias primas, al&eacute;m de novidades do setor de N&atilde;otecidos e Tecidos T&eacute;cnicos.<\/span><\/span><\/span><\/span><\/p>\r\n\r\n<p class=\"MsoTitle\" style=\"text-align:justify\"><span style=\"font-size:28pt\"><span style=\"font-family:&quot;Cambria&quot;,serif\"><span style=\"letter-spacing:-0.5pt\"><b><span style=\"font-size:18.0pt\"><span style=\"font-family:&quot;Calibri&quot;,sans-serif\"><span style=\"font-variant:small-caps\">A&ccedil;&otilde;es da ABINT<\/span><\/span><\/span><\/b><\/span><\/span><\/span><\/p>\r\n\r\n<p style=\"text-align:justify\"><span style=\"font-size:11pt\"><span style=\"line-height:normal\"><span style=\"font-family:&quot;Calibri&quot;,sans-serif\"><span class=\"MsoHyperlink\" style=\"color:blue\"><span style=\"text-decoration:underline\"><b><span style=\"font-size:14.0pt\"><span style=\"text-decoration:none\"><span style=\"text-underline:none\">Curso ABINT Tecnologia dos N&atilde;otecidos<\/span><\/span><\/span><\/b><\/span><\/span> <a href=\"https:\/\/www.abint.org.br\/informacao\/cursos-e-eventos\" style=\"color:blue; text-decoration:underline\"><b><span style=\"font-size:14.0pt\">INSCREVA-SE<\/span><\/b><\/a><span class=\"MsoHyperlink\" style=\"color:blue\"><span style=\"text-decoration:underline\"><span style=\"font-size:14.0pt\"><span style=\"text-decoration:none\"><span style=\"text-underline:none\"> <b>para as pr&oacute;ximas turmas!<\/b><\/span><\/span><\/span><\/span><\/span><\/span><\/span><\/span><\/p>\r\n\r\n<p style=\"text-align:justify\"><img height=\"318\" src=\"https:\/\/www.abint.org.br\/assets\/img\/editor\/logo-feiplar-2_20220802142834Ha7K1uOlAv.jpg\" width=\"551\" \/><\/p>\r\n\r\n<p style=\"text-align:justify\"><span class=\"MsoHyperlink\" style=\"color:blue\"><span style=\"text-decoration:underline\"><b><span style=\"font-size:14.0pt\"><span style=\"line-height:115%\"><span style=\"font-family:&quot;Calibri&quot;,sans-serif\"><span style=\"text-decoration:none\"><span style=\"text-underline:none\">A ABINT apoia a FEIPLAR COMPOSITES &amp; FEIPUR<\/span><\/span><\/span><\/span><\/span><\/b><\/span><\/span><span class=\"MsoHyperlink\" style=\"color:blue\"><span style=\"text-decoration:underline\"><span style=\"font-size:14.0pt\"><span style=\"line-height:115%\"><span style=\"font-family:&quot;Calibri&quot;,sans-serif\"><span style=\"text-decoration:none\"><span style=\"text-underline:none\">, feira que visa auxiliar o crescimento e desenvolvimento dos mercados de composites, poliuretano e pl&aacute;sticos de engenharia\/ compostos termopl&aacute;sticos em toda a Am&eacute;rica do Sul. Estes mercados t&ecirc;m registrado importante crescimento nos &uacute;ltimos anos e apontam interessantes perspectivas para os pr&oacute;ximos anos tamb&eacute;m. <\/span><\/span><\/span><\/span><\/span><\/span><\/span><span style=\"font-size:11.0pt\"><span style=\"line-height:115%\"><span style=\"font-family:&quot;Calibri&quot;,sans-serif\"><a href=\"https:\/\/feiplar.com\/\" style=\"color:blue; text-decoration:underline\"><span style=\"font-size:14.0pt\"><span style=\"line-height:115%\">Informa&ccedil;&otilde;es aqui<\/span><\/span><\/a><\/span><\/span><\/span><\/p>\r\n\r\n<p style=\"text-align:justify\"><span style=\"font-size:11.0pt\"><span style=\"line-height:115%\"><span style=\"font-family:&quot;Calibri&quot;,sans-serif\"><span style=\"font-size:14.0pt\"><span style=\"line-height:115%\"><img height=\"551\" src=\"https:\/\/www.abint.org.br\/assets\/img\/editor\/partnerkit-conahp-quad-cth-abint_20220802142948AtfwaUBMK5.png\" width=\"551\" \/><\/span><\/span><\/span><\/span><\/span><\/p>\r\n\r\n<p style=\"text-align:justify\"><span class=\"MsoHyperlink\" style=\"color:blue\"><span style=\"text-decoration:underline\"><span style=\"font-size:14.0pt\"><span style=\"line-height:115%\"><span style=\"font-family:&quot;Calibri&quot;,sans-serif\"><span style=\"text-decoration:none\"><span style=\"text-underline:none\">O <b>CTH ABINT<\/b> &eacute; patrocinador do <\/span><\/span><\/span><\/span><\/span><\/span><\/span><span class=\"MsoHyperlink\" style=\"color:blue\"><span style=\"text-decoration:underline\"><b><span style=\"font-size:14.0pt\"><span style=\"line-height:115%\"><span style=\"font-family:&quot;Calibri&quot;,sans-serif\"><span style=\"text-decoration:none\"><span style=\"text-underline:none\">CONAHP 2022 - Congresso Nacional de Hospitais Privados<\/span><\/span><\/span><\/span><\/span><\/b><\/span><\/span><span class=\"MsoHyperlink\" style=\"color:blue\"><span style=\"text-decoration:underline\"><span style=\"font-size:14.0pt\"><span style=\"line-height:115%\"><span style=\"font-family:&quot;Calibri&quot;,sans-serif\"><span style=\"text-decoration:none\"><span style=\"text-underline:none\">, evento que ocorrer&aacute; <b>presencialmente nos dias 10 e 11 de novembro, Transam&eacute;rica Expo Center<\/b>, S&atilde;o Paulo, SP. <\/span><\/span><\/span><\/span><\/span><\/span><\/span><span style=\"font-size:11.0pt\"><span style=\"line-height:115%\"><span style=\"font-family:&quot;Calibri&quot;,sans-serif\"><a href=\"https:\/\/conahp.org.br\/2022\/\" style=\"color:blue; text-decoration:underline\"><span style=\"font-size:14.0pt\"><span style=\"line-height:115%\">Informa&ccedil;&otilde;es aqui<\/span><\/span><\/a><\/span><\/span><\/span><\/p>\r\n\r\n<p style=\"text-align:justify\">&nbsp;<\/p>\r\n\r\n<p style=\"text-align:justify\"><span style=\"font-size:11pt\"><span style=\"line-height:normal\"><span style=\"font-family:&quot;Calibri&quot;,sans-serif\"><b><span style=\"font-size:18.0pt\"><span style=\"font-variant:small-caps\">Eventos<\/span><\/span><\/b><\/span><\/span><\/span><\/p>\r\n\r\n<p style=\"text-align:justify\"><span style=\"font-size:11pt\"><span style=\"line-height:normal\"><span style=\"font-family:&quot;Calibri&quot;,sans-serif\"><span class=\"MsoHyperlink\" style=\"color:blue\"><span style=\"text-decoration:underline\"><b><span style=\"font-size:14.0pt\"><span style=\"text-decoration:none\"><span style=\"text-underline:none\">CNI\/ Apex\/ Sebrae: Semin&aacute;rio Oportunidades de Neg&oacute;cios com o Chile<\/span><\/span><\/span><\/b><\/span><\/span><span class=\"MsoHyperlink\" style=\"color:blue\"><span style=\"text-decoration:underline\"><span style=\"font-size:14.0pt\"><span style=\"text-decoration:none\"><span style=\"text-underline:none\">, 03 de agosto de 2022, online e gratuito. <\/span><\/span><\/span><\/span><\/span><a href=\"https:\/\/www.portaldaindustria.com.br\/eventos\/pt\/edicoes\/seminario-oportunidades-de-negocios-com-o-chile-se?c=CNI&amp;p=2312127&amp;t=publica-base-fluida.html#msdynttrid=5KjSHMsxsuEe0nKio2jL4GBEP9SVTzKKzUQps521bYg\" style=\"color:blue; text-decoration:underline\"><span style=\"font-size:14.0pt\">Informa&ccedil;&otilde;es aqui<\/span><\/a><span class=\"MsoHyperlink\" style=\"color:blue\"><span style=\"text-decoration:underline\"><span style=\"font-size:14.0pt\"><span style=\"text-decoration:none\"><span style=\"text-underline:none\">.<\/span><\/span><\/span><\/span><\/span><\/span><\/span><\/span><\/p>\r\n\r\n<p style=\"text-align:justify\"><span style=\"font-size:11pt\"><span style=\"line-height:normal\"><span style=\"font-family:&quot;Calibri&quot;,sans-serif\"><span class=\"MsoHyperlink\" style=\"color:blue\"><span style=\"text-decoration:underline\"><b><span style=\"font-size:14.0pt\"><span style=\"text-decoration:none\"><span style=\"text-underline:none\">Instituto Avan&ccedil;ado do Pl&aacute;stico: Curso Reciclagem de Pl&aacute;sticos<\/span><\/span><\/span><\/b><\/span><\/span><span class=\"MsoHyperlink\" style=\"color:blue\"><span style=\"text-decoration:underline\"><span style=\"font-size:14.0pt\"><span style=\"text-decoration:none\"><span style=\"text-underline:none\">, 05 e 06 de agosto. <\/span><\/span><\/span><\/span><\/span><a href=\"https:\/\/www.planetaplastico.com.br\/curso-reciclagem-de-plasticos\" style=\"color:blue; text-decoration:underline\"><span style=\"font-size:14.0pt\">Informa&ccedil;&otilde;es aqui<\/span><\/a><span class=\"MsoHyperlink\" style=\"color:blue\"><span style=\"text-decoration:underline\"><span style=\"font-size:14.0pt\"><span style=\"text-decoration:none\"><span style=\"text-underline:none\">.<\/span><\/span><\/span><\/span><\/span><\/span><\/span><\/span><\/p>\r\n\r\n<p style=\"text-align:justify\"><span style=\"font-size:11pt\"><span style=\"line-height:normal\"><span style=\"font-family:&quot;Calibri&quot;,sans-serif\"><span class=\"MsoHyperlink\" style=\"color:blue\"><span style=\"text-decoration:underline\"><b><span style=\"font-size:14.0pt\"><span style=\"text-decoration:none\"><span style=\"text-underline:none\">17&ordm; Webinar Think Plastic Brazil:<\/span><\/span><\/span><\/b><\/span><\/span><span class=\"MsoHyperlink\" style=\"color:blue\"><span style=\"text-decoration:underline\"><span style=\"font-size:14.0pt\"><span style=\"text-decoration:none\"><span style=\"text-underline:none\"> <b>Incoterms&reg; 2020 - Regras para o Com&eacute;rcio Internacional<\/b>, 09 de agosto. <\/span><\/span><\/span><\/span><\/span><a href=\"https:\/\/junto.us12.list-manage.com\/track\/click?u=2362c2ef23b5f6f86b32d9fbd&amp;id=71b2e77730&amp;e=674d49841c\" style=\"color:blue; text-decoration:underline\"><span style=\"font-size:14.0pt\">Informa&ccedil;&otilde;es aqui<\/span><\/a><span class=\"MsoHyperlink\" style=\"color:blue\"><span style=\"text-decoration:underline\"><span style=\"font-size:14.0pt\"><span style=\"text-decoration:none\"><span style=\"text-underline:none\">.<\/span><\/span><\/span><\/span><\/span><\/span><\/span><\/span><\/p>\r\n\r\n<p style=\"text-align:justify\"><span style=\"font-size:11pt\"><span style=\"line-height:normal\"><span style=\"font-family:&quot;Calibri&quot;,sans-serif\"><span class=\"MsoHyperlink\" style=\"color:blue\"><span style=\"text-decoration:underline\"><b><span style=\"font-size:14.0pt\"><span style=\"text-decoration:none\"><span style=\"text-underline:none\">Jornada de Enfermagem em Central de Material e Esteriliza&ccedil;&atilde;o<\/span><\/span><\/span><\/b><\/span><\/span><span class=\"MsoHyperlink\" style=\"color:blue\"><span style=\"text-decoration:underline\"><span style=\"font-size:14.0pt\"><span style=\"text-decoration:none\"><span style=\"text-underline:none\">, 23 de agosto, Expominas, Belo Horizonte. <\/span><\/span><\/span><\/span><\/span><a href=\"https:\/\/nascecme.com.br\/jornada-de-enfermagem-em-central-de-material-e-esterilizacao\/\" style=\"color:blue; text-decoration:underline\"><span style=\"font-size:14.0pt\">Informa&ccedil;&otilde;es aqui<\/span><\/a><span class=\"MsoHyperlink\" style=\"color:blue\"><span style=\"text-decoration:underline\"><span style=\"font-size:14.0pt\"><span style=\"text-decoration:none\"><span style=\"text-underline:none\">.<\/span><\/span><\/span><\/span><\/span><\/span><\/span><\/span><\/p>\r\n\r\n<p style=\"text-align:justify\"><span style=\"font-size:11pt\"><span style=\"line-height:normal\"><span style=\"font-family:&quot;Calibri&quot;,sans-serif\"><span class=\"MsoHyperlink\" style=\"color:blue\"><span style=\"text-decoration:underline\"><b><span style=\"font-size:14.0pt\"><span style=\"text-decoration:none\"><span style=\"text-underline:none\">FICONS &ndash; XII Feira Internacional de Materiais, Equipamentos e Servi&ccedil;os da Constru&ccedil;&atilde;o<\/span><\/span><\/span><\/b><\/span><\/span><span class=\"MsoHyperlink\" style=\"color:blue\"><span style=\"text-decoration:underline\"><span style=\"font-size:14.0pt\"><span style=\"text-decoration:none\"><span style=\"text-underline:none\">, 26 de agosto, no Centro de Conven&ccedil;&otilde;es de Pernambuco. <\/span><\/span><\/span><\/span><\/span><a href=\"https:\/\/www.ficons.com.br\/2022\/index\" style=\"color:blue; text-decoration:underline\"><span style=\"font-size:14.0pt\">Informa&ccedil;&otilde;es aqui<\/span><\/a><span class=\"MsoHyperlink\" style=\"color:blue\"><span style=\"text-decoration:underline\"><span style=\"font-size:14.0pt\"><span style=\"text-decoration:none\"><span style=\"text-underline:none\">.<\/span><\/span><\/span><\/span><\/span><\/span><\/span><\/span><\/p>\r\n\r\n<p style=\"text-align:justify\"><span style=\"font-size:11pt\"><span style=\"line-height:normal\"><span style=\"font-family:&quot;Calibri&quot;,sans-serif\"><span class=\"MsoHyperlink\" style=\"color:blue\"><span style=\"text-decoration:underline\"><b><span style=\"font-size:14.0pt\"><span style=\"text-decoration:none\"><span style=\"text-underline:none\">Semin&aacute;rio Sindit&ecirc;xtil-SP &ldquo;Efici&ecirc;ncia e Transi&ccedil;&atilde;o Energ&eacute;tica&rdquo;<\/span><\/span><\/span><\/b><\/span><\/span><span class=\"MsoHyperlink\" style=\"color:blue\"><span style=\"text-decoration:underline\"><span style=\"font-size:14.0pt\"><span style=\"text-decoration:none\"><span style=\"text-underline:none\">, 28 de agosto, Rua Marqu&ecirc;s de Itu, 968, S&atilde;o Paulo. <\/span><\/span><\/span><\/span><\/span><a href=\"https:\/\/s3.sa-east-1.amazonaws.com\/sindi-files.sinditextilsp.org.br\/site\/sindi_90anos\/Seminario_eficiencia_energetica\/Programa%C3%A7%C3%A3o+Semin%C3%A1rio+Efici%C3%AAncia+e+Transi%C3%A7%C3%A3o+Energ%C3%A9tica.pdf?utm_campaign=convite_seminario_energia&amp;utm_medium=email&amp;utm_source=RD+Station\" style=\"color:blue; text-decoration:underline\"><span style=\"font-size:14.0pt\">Programa&ccedil;&atilde;o<\/span><\/a><span class=\"MsoHyperlink\" style=\"color:blue\"><span style=\"text-decoration:underline\"><span style=\"font-size:14.0pt\"><span style=\"text-decoration:none\"><span style=\"text-underline:none\">. <\/span><\/span><\/span><\/span><\/span><a href=\"https:\/\/eventos.abit.org.br\/Subs.aspx?key=e76786ff-e0ac-447b-81b1-a7dd2c2c3217&amp;utm_campaign=convite_seminario_energia&amp;utm_medium=email&amp;utm_source=RD+Station\" style=\"color:blue; text-decoration:underline\"><span style=\"font-size:14.0pt\">Inscri&ccedil;&otilde;es<\/span><\/a><span class=\"MsoHyperlink\" style=\"color:blue\"><span style=\"text-decoration:underline\"><span style=\"font-size:14.0pt\"><span style=\"text-decoration:none\"><span style=\"text-underline:none\">.<\/span><\/span><\/span><\/span><\/span><\/span><\/span><\/span><\/p>\r\n\r\n<p style=\"text-align:justify\"><span style=\"font-size:11pt\"><span style=\"line-height:normal\"><span style=\"font-family:&quot;Calibri&quot;,sans-serif\"><span class=\"MsoHyperlink\" style=\"color:blue\"><span style=\"text-decoration:underline\"><b><span style=\"font-size:14.0pt\"><span style=\"text-decoration:none\"><span style=\"text-underline:none\">Feira HospitalMed, <\/span><\/span><\/span><\/b><\/span><\/span><span class=\"MsoHyperlink\" style=\"color:blue\"><span style=\"text-decoration:underline\"><span style=\"font-size:14.0pt\"><span style=\"text-decoration:none\"><span style=\"text-underline:none\">19 a 21 de outubro, Centro de Conven&ccedil;&otilde;es de Pernambuco. <\/span><\/span><\/span><\/span><\/span><a href=\"https:\/\/hospitalmed.com.br\/feira\/\" style=\"color:blue; text-decoration:underline\"><span style=\"font-size:14.0pt\">Informa&ccedil;&otilde;es aqui.<\/span><\/a><\/span><\/span><\/span><\/p>\r\n\r\n<p style=\"text-align:justify\"><span style=\"font-size:11pt\"><span style=\"line-height:normal\"><span style=\"font-family:&quot;Calibri&quot;,sans-serif\"><span class=\"MsoHyperlink\" style=\"color:blue\"><span style=\"text-decoration:underline\"><b><span style=\"font-size:14.0pt\"><span style=\"text-decoration:none\"><span style=\"text-underline:none\">Innovate: Zero Carbon, Textiles&#39; journey to zero carbon<\/span><\/span><\/span><\/b><\/span><\/span><\/span><\/span><\/span><\/p>\r\n\r\n<p style=\"text-align:justify\"><span style=\"font-size:11pt\"><span style=\"line-height:normal\"><span style=\"font-family:&quot;Calibri&quot;,sans-serif\"><span class=\"MsoHyperlink\" style=\"color:blue\"><span style=\"text-decoration:underline\"><span style=\"font-size:14.0pt\"><span style=\"text-decoration:none\"><span style=\"text-underline:none\">When: 1-3 Nov 2022<\/span><\/span><\/span><\/span><\/span><\/span><\/span><\/span><\/p>\r\n\r\n<p style=\"text-align:justify\"><span style=\"font-size:11pt\"><span style=\"line-height:normal\"><span style=\"font-family:&quot;Calibri&quot;,sans-serif\"><span class=\"MsoHyperlink\" style=\"color:blue\"><span style=\"text-decoration:underline\"><span style=\"font-size:14.0pt\"><span style=\"text-decoration:none\"><span style=\"text-underline:none\">What time: 13:00&ndash;17:00 UTC \/ 9:00&ndash;13:00 EDT<\/span><\/span><\/span><\/span><\/span><\/span><\/span><\/span><\/p>\r\n\r\n<p style=\"text-align:justify\"><span style=\"font-size:11pt\"><span style=\"line-height:normal\"><span style=\"font-family:&quot;Calibri&quot;,sans-serif\"><span class=\"MsoHyperlink\" style=\"color:blue\"><span style=\"text-decoration:underline\"><span style=\"font-size:14.0pt\"><span style=\"text-decoration:none\"><span style=\"text-underline:none\">Where: Virtual, <\/span><\/span><\/span><\/span><\/span><a href=\"https:\/\/events.wtin.com\/event\/f5bac4f2-d902-41ba-9153-a4d80622877c\/summary\" style=\"color:blue; text-decoration:underline\"><span style=\"font-size:14.0pt\">events.wtin.com\/innovate<\/span><\/a><\/span><\/span><\/span><\/p>\r\n\r\n<p class=\"MsoTitle\" style=\"text-align:justify\"><span style=\"font-size:28pt\"><span style=\"font-family:&quot;Cambria&quot;,serif\"><span style=\"letter-spacing:-0.5pt\"><b><span style=\"font-size:18.0pt\"><span style=\"font-family:&quot;Calibri&quot;,sans-serif\"><span style=\"font-variant:small-caps\">Setor<\/span><\/span><\/span><\/b><\/span><\/span><\/span><\/p>\r\n\r\n<p style=\"text-align:justify\"><span style=\"font-size:11pt\"><span style=\"line-height:normal\"><span style=\"font-family:&quot;Calibri&quot;,sans-serif\"><a href=\"https:\/\/epbr.com.br\/braskem-contrata-us-100-milhoes-em-linha-de-credito-atrelada-a-meta-de-sustentabilidade\/\" style=\"color:blue; text-decoration:underline\"><span style=\"font-size:14.0pt\">Braskem contrata US$ 100 milh&otilde;es em linha de cr&eacute;dito atrelada a meta de sustentabilidade<\/span><\/a><\/span><\/span><\/span><\/p>\r\n\r\n<p style=\"text-align:justify\"><span style=\"font-size:11pt\"><span style=\"line-height:normal\"><span style=\"font-family:&quot;Calibri&quot;,sans-serif\"><a href=\"https:\/\/www.nonwovens-industry.com\/contents\/view_breaking-news\/2022-07-27\/berry-sites-earn-oeko-tex-certification?utm_campaign=NON+eNewsletter&amp;utm_medium=email&amp;_hsmi=221156623&amp;_hsenc=p2ANqtz--dGYV2-7YwyA-8Y7elh2sNjWe-F1TpY9d4ZHe-ickrDibOl65e7pxtomaFcBfMA4YyMUbR8LaFjdnxnB03volwH05X5g&amp;utm_content=221156623&amp;utm_source=hs_email\" style=\"color:blue; text-decoration:underline\"><span style=\"font-size:14.0pt\">Berry Sites Earn Oeko-Tex Certification<\/span><\/a><\/span><\/span><\/span><\/p>\r\n\r\n<p style=\"text-align:justify\"><span style=\"font-size:11pt\"><span style=\"line-height:normal\"><span style=\"font-family:&quot;Calibri&quot;,sans-serif\"><a href=\"https:\/\/www.digitaljournal.com\/pr\/liquid-filtration-market-projected-to-augment-at-a-cagr-6-70-by-2028\" style=\"color:blue; text-decoration:underline\"><span style=\"font-size:14.0pt\">Liquid Filtration Market Projected To Augment At A CAGR 6.70% by 2028<\/span><\/a><\/span><\/span><\/span><\/p>\r\n\r\n<p style=\"text-align:justify\"><span style=\"font-size:11pt\"><span style=\"line-height:normal\"><span style=\"font-family:&quot;Calibri&quot;,sans-serif\"><a href=\"https:\/\/www.diariodepernambuco.com.br\/noticia\/vidaurbana\/2022\/07\/pernambuco-lanca-edital-de-fomento-a-projetos-de-prevencao-e-mitigacao.html\" style=\"color:blue; text-decoration:underline\"><span style=\"font-size:14.0pt\">Geotecnia: Pernambuco lan&ccedil;a edital de fomento a projetos de preven&ccedil;&atilde;o e mitiga&ccedil;&atilde;o de incidentes clim&aacute;ticos<\/span><\/a><\/span><\/span><\/span><\/p>\r\n\r\n<p style=\"text-align:justify\"><span style=\"font-size:11pt\"><span style=\"line-height:normal\"><span style=\"font-family:&quot;Calibri&quot;,sans-serif\"><a href=\"https:\/\/www.textiletechnology.net\/technical-textiles\/news\/composites-germany-current-crises-burden-composites-industry-32600?utm_source=%2Fmeta%2Fnewsletter%2Fnewsletter&amp;utm_medium=newsletter&amp;utm_campaign=nl921&amp;utm_term=0801b20e08c3242125d512808cd74302\" style=\"color:blue; text-decoration:underline\"><span style=\"font-size:14.0pt\">Composites Germany: Current crises burden composites industry<\/span><\/a><\/span><\/span><\/span><\/p>\r\n\r\n<p style=\"text-align:justify\"><span style=\"font-size:11pt\"><span style=\"line-height:normal\"><span style=\"font-family:&quot;Calibri&quot;,sans-serif\"><a href=\"https:\/\/www.anahp.com.br\/pdf\/indicadores-hospitalares-anahp-julho22.pdf\" style=\"color:blue; text-decoration:underline\"><span style=\"font-size:14.0pt\">Indicadores Hospitalares Anahp<\/span><\/a><\/span><\/span><\/span><\/p>\r\n\r\n<p style=\"text-align:justify\"><span style=\"font-size:11pt\"><span style=\"line-height:normal\"><span style=\"font-family:&quot;Calibri&quot;,sans-serif\"><a href=\"http:\/\/app.ibibrasil.org.br\/s\/?21088.751.1361174.0.3.4798.9.211927733.0.10.0.0.225725.0.0.1ac6f\" style=\"color:blue; text-decoration:underline\"><span style=\"font-size:14.0pt\">INFOIBI Fabricantes: escassez de mat&eacute;ria prima e sua substitui&ccedil;&atilde;o<\/span><\/a><\/span><\/span><\/span><\/p>\r\n\r\n<p style=\"text-align:justify\"><span style=\"font-size:11pt\"><span style=\"line-height:normal\"><span style=\"font-family:&quot;Calibri&quot;,sans-serif\"><a href=\"https:\/\/t.rdsv1.net\/ls\/click?upn=dUXG8cK7gehfgvepwsFkLMFol9SUeSyRX5ZbS4oHzZo5fW0tFxgZ0nsvb8Hpl6DVYySmtcFhj5-2FdxJ2eQCsFJmVLD9fbjStAT2zAea0kSVqMZ0RzITeDzXBykl4fU9l14JqNQx9-2FRXG7hRau67lapvRcMBEHFXw4EMnhvJXLsU7IVeCj4-2BOTckKOP0kRGL2oJM9WJzjTtPUYaLcFGr7IFSYIJn68YNoRaaoq-2B7H0yPGS3uE1F7RlNTOHI-2B4IUoK7tRRp_iW8zc4KBvTUX2z9kws1M6pjQI9DpNNh-2Fk6fgMN4DbaFx-2BL1o5swSv2HtiLB2iGFhri3uCHN6zus2re8T7or9O-2BMMcqv-2FmZBLpBeU2fgsNGvH8Rqoh2WoWZ1oQI3rQY5JUTWCrB5Pn0kB4hm8I9ySbVUi-2BLg8Rhg4eVtNTO-2BA15urHGx9U4Rxl0jRYcMamXAGzdXXKI8haCr1p2rkIrBjkBzPG6cLHDfqlBJwcR-2F6pP9b0ixZhlqfLC28PPDCH6n0EQhq-2BTQ3zYLR3mBclUWaX9VB4GFcVal0B8-2BcmR9RAy6U6WI-2Ff68Dx44C93qIoyFB4yvcCxcvJhwmmHp7K5cLz4oJK65qEN2HSfbZTruxz-2BlRMfeKwuE7jZ0V13M03NWu9zICiLkXzkqgFyINLD-2BYsah2-2FteS3A5-2BMH-2F-2ButDxjBcs5BfamWyWkabzDESnGZsfg2tbvtsyTj4VWTx010pXtB4U8E31IeQ6Y7LrdP-2BssnBDrZu6vcLy-2BhzWp0F-2F6AKkTHvwCxiIKdhWMxwgBJALTJtE9hSnSIn9xI-2BC1sWxhJoZLYh3LQaImmYv2hEvveZmYH5qe4NpvXC35fEPl-2BjZIMup-2BTH9JpxkMIOcwfsNm03Hgd4jgpCCPmirln-2BqHL-2BtGigL4BOLj-2BONEvTuD7xHrzr2yqMRR3v-2FKy-2BxnKcuR5k-3D\" style=\"color:blue; text-decoration:underline\"><span style=\"font-size:14.0pt\">Kimberly-Clark tem lucro l&iacute;quido de US$ 437 milh&otilde;es no 2&ordm; trimestre<\/span><\/a><\/span><\/span><\/span><\/p>\r\n\r\n<p style=\"text-align:justify\"><span style=\"font-size:11pt\"><span style=\"line-height:normal\"><span style=\"font-family:&quot;Calibri&quot;,sans-serif\"><a href=\"https:\/\/s3.sa-east-1.amazonaws.com\/abit-files.abit.org.br\/site\/revista_abitreview\/ed03\/n2_abit_review_ed03-jul2022.pdf\" style=\"color:blue; text-decoration:underline\"><span style=\"font-size:14.0pt\">Revista Abit Review #3<\/span><\/a><\/span><\/span><\/span><\/p>\r\n\r\n<p class=\"MsoTitle\" style=\"text-align:justify\"><span style=\"font-size:28pt\"><span style=\"font-family:&quot;Cambria&quot;,serif\"><span style=\"letter-spacing:-0.5pt\"><b><span style=\"font-size:18.0pt\"><span style=\"font-family:&quot;Calibri&quot;,sans-serif\"><span style=\"font-variant:small-caps\">Ind&uacute;stria<\/span><\/span><\/span><\/b><\/span><\/span><\/span><\/p>\r\n\r\n<p style=\"text-align:justify\"><span style=\"font-size:11pt\"><span style=\"line-height:normal\"><span style=\"font-family:&quot;Calibri&quot;,sans-serif\"><a href=\"https:\/\/www.revistaencontro.com.br\/canal\/revista\/2022\/07\/novo-presidente-da-anfavea-fala-de-como-ve-o-futuro-do-automovel.html\" style=\"color:blue; text-decoration:underline\"><span style=\"font-size:14.0pt\">Novo presidente da Anfavea fala de como v&ecirc; o futuro do autom&oacute;vel<\/span><\/a><\/span><\/span><\/span><\/p>\r\n\r\n<p style=\"text-align:justify\"><span style=\"font-size:11pt\"><span style=\"line-height:normal\"><span style=\"font-family:&quot;Calibri&quot;,sans-serif\"><a href=\"https:\/\/grandesconstrucoes.com.br\/Noticias\/Exibir\/industria-de-materiais-de-construcao-tem-mes-foi-regular-diz-a-abramat\" style=\"color:blue; text-decoration:underline\"><span style=\"font-size:14.0pt\">Ind&uacute;stria de materiais de constru&ccedil;&atilde;o tem m&ecirc;s &quot;regular&quot;, diz a Abramat<\/span><\/a><\/span><\/span><\/span><\/p>\r\n\r\n<p style=\"text-align:justify\"><span style=\"font-size:11pt\"><span style=\"line-height:normal\"><span style=\"font-family:&quot;Calibri&quot;,sans-serif\"><a href=\"https:\/\/tissueonline.com.br\/setor-de-hppc-tem-superavit-de-us-32-milhoes-no-primeiro-semestre\/?utm_campaign=newsletter_29072022_novo_modelo&amp;utm_medium=email&amp;utm_source=RD+Station\" style=\"color:blue; text-decoration:underline\"><span style=\"font-size:14.0pt\">Setor de HPPC tem super&aacute;vit de US$ 32 milh&otilde;es no primeiro semestre<\/span><\/a><\/span><\/span><\/span><\/p>\r\n\r\n<p style=\"text-align:justify\"><span style=\"font-size:11pt\"><span style=\"line-height:normal\"><span style=\"font-family:&quot;Calibri&quot;,sans-serif\"><a href=\"https:\/\/noticias.portaldaindustria.com.br\/noticias\/economia\/falta-ou-alto-custo-de-insumos-afeta-22-de-25-setores-industriais-analisados-diz-cni\/\" style=\"color:blue; text-decoration:underline\"><span style=\"font-size:14.0pt\">Falta ou alto custo de insumos afeta 22 de 25 setores industriais analisados, diz CNI<\/span><\/a><\/span><\/span><\/span><\/p>\r\n\r\n<p style=\"text-align:justify\"><span style=\"font-size:11pt\"><span style=\"line-height:normal\"><span style=\"font-family:&quot;Calibri&quot;,sans-serif\"><a href=\"https:\/\/grandesconstrucoes.com.br\/Noticias\/Exibir\/industria-reduz-participacao-na-economia-brasileira?utm_source=akna&amp;utm_medium=email&amp;utm_campaign=Grandes-Construcoes-Informativo-822-28-07-2022&amp;utm_source=akna&amp;utm_medium=email&amp;utm_campaign=Grandes-Construcoes-Informativo-822-28-07-2022\" style=\"color:blue; text-decoration:underline\"><span style=\"font-size:14.0pt\">Ind&uacute;stria reduz participa&ccedil;&atilde;o na economia brasileira<\/span><\/a><\/span><\/span><\/span><\/p>\r\n\r\n<p style=\"text-align:justify\"><span style=\"font-size:11pt\"><span style=\"line-height:normal\"><span style=\"font-family:&quot;Calibri&quot;,sans-serif\"><a href=\"https:\/\/agenciadenoticias.ibge.gov.br\/agencia-noticias\/2012-agencia-de-noticias\/noticias\/34492-inflacao-da-industria-fica-em-1-em-junho\" style=\"color:blue; text-decoration:underline\"><span style=\"font-size:14.0pt\">Infla&ccedil;&atilde;o da ind&uacute;stria fica em 1% em junho<\/span><\/a><\/span><\/span><\/span><\/p>\r\n\r\n<p style=\"text-align:justify\"><span style=\"font-size:11pt\"><span style=\"line-height:normal\"><span style=\"font-family:&quot;Calibri&quot;,sans-serif\"><a href=\"https:\/\/agenciadenoticias.ibge.gov.br\/agencia-noticias\/2012-agencia-de-noticias\/noticias\/34529-producao-industrial-recua-0-4-em-junho-apos-quatro-meses-de-alta\" style=\"color:blue; text-decoration:underline\"><span style=\"font-size:14.0pt\">Produ&ccedil;&atilde;o industrial recua 0,4% em junho ap&oacute;s quatro meses de alta<\/span><\/a><\/span><\/span><\/span><\/p>\r\n\r\n<p style=\"text-align:justify\"><span style=\"font-size:11pt\"><span style=\"line-height:normal\"><span style=\"font-family:&quot;Calibri&quot;,sans-serif\"><a href=\"https:\/\/portalibre.fgv.br\/noticias\/confianca-empresarial-cai-03-ponto-em-julho-apos-quatro-altas-consecutivas\" style=\"color:blue; text-decoration:underline\"><span style=\"font-size:14.0pt\">Confian&ccedil;a Empresarial cai 0,3 ponto em julho, ap&oacute;s quatro altas consecutivas<\/span><\/a><\/span><\/span><\/span><\/p>\r\n\r\n<p style=\"text-align:justify\"><span style=\"font-size:11pt\"><span style=\"line-height:normal\"><span style=\"font-family:&quot;Calibri&quot;,sans-serif\"><a href=\"https:\/\/portalibre.fgv.br\/noticias\/em-julho-empresas-calibram-suas-expectativas\" style=\"color:blue; text-decoration:underline\"><span style=\"font-size:14.0pt\">Em julho, empresas calibram suas expectativas<\/span><\/a><\/span><\/span><\/span><\/p>\r\n\r\n<p class=\"MsoTitle\" style=\"text-align:justify\"><span style=\"font-size:28pt\"><span style=\"font-family:&quot;Cambria&quot;,serif\"><span style=\"letter-spacing:-0.5pt\"><b><span style=\"font-size:18.0pt\"><span style=\"font-family:&quot;Calibri&quot;,sans-serif\"><span style=\"font-variant:small-caps\">Sustentabilidade<\/span><\/span><\/span><\/b><\/span><\/span><\/span><\/p>\r\n\r\n<p style=\"text-align:justify\"><span style=\"font-size:11pt\"><span style=\"line-height:normal\"><span style=\"font-family:&quot;Calibri&quot;,sans-serif\"><a href=\"https:\/\/repense.eco.br\/?utm_source=Plastico+n%C3%A3o+vil%C3%A3o&amp;utm_medium=email&amp;utm_id=Social\" style=\"color:blue; text-decoration:underline\"><span style=\"font-size:14.0pt\">Movimento Repense - O pl&aacute;stico n&atilde;o &eacute; o vil&atilde;o<\/span><\/a><\/span><\/span><\/span><\/p>\r\n\r\n<p style=\"text-align:justify\"><span style=\"font-size:11pt\"><span style=\"line-height:normal\"><span style=\"font-family:&quot;Calibri&quot;,sans-serif\"><a href=\"https:\/\/conectaverde.com.br\/reciclagem-avancada-um-caminho-para-fechar-o-ciclo-da-economia-circular\/?utm_campaign=conecta_verde_news_16&amp;utm_medium=email&amp;utm_source=RD+Station\" style=\"color:blue; text-decoration:underline\"><span style=\"font-size:14.0pt\">Reciclagem Avan&ccedil;ada: um caminho para fechar o ciclo da economia circular<\/span><\/a><\/span><\/span><\/span><\/p>\r\n\r\n<p style=\"text-align:justify\"><span style=\"font-size:11pt\"><span style=\"line-height:normal\"><span style=\"font-family:&quot;Calibri&quot;,sans-serif\"><a href=\"https:\/\/conectaverde.com.br\/abiplast-e-a-abdi-criam-ferramenta-para-rastrear-residuo-plastico\/?utm_campaign=conecta_verde_news_16&amp;utm_medium=email&amp;utm_source=RD+Station\" style=\"color:blue; text-decoration:underline\"><span style=\"font-size:14.0pt\">ABIPLAST e a ABDI criam ferramenta para rastrear res&iacute;duo pl&aacute;stico do descarte &agrave; reintrodu&ccedil;&atilde;o na cadeia<\/span><\/a><\/span><\/span><\/span><\/p>\r\n\r\n<p style=\"text-align:justify\"><span style=\"font-size:11pt\"><span style=\"line-height:normal\"><span style=\"font-family:&quot;Calibri&quot;,sans-serif\"><a href=\"https:\/\/grandesconstrucoes.com.br\/Noticias\/Exibir\/praticas-esg-ganham-protagonismo-nos-canteiros-de-obras?utm_source=akna&amp;utm_medium=email&amp;utm_campaign=Grandes-Construcoes-Informativo-822-28-07-2022&amp;utm_source=akna&amp;utm_medium=email&amp;utm_campaign=Grandes-Construcoes-Informativo-822-28-07-2022\" style=\"color:blue; text-decoration:underline\"><span style=\"font-size:14.0pt\">Pr&aacute;ticas ESG ganham protagonismo nos canteiros de obras<\/span><\/a><\/span><\/span><\/span><\/p>\r\n\r\n<p style=\"text-align:justify\"><span style=\"font-size:11pt\"><span style=\"line-height:normal\"><span style=\"font-family:&quot;Calibri&quot;,sans-serif\"><a href=\"https:\/\/grandesconstrucoes.com.br\/Noticias\/Exibir\/biorremediacao-e-alternativa-sustentavel-para-reabilitar-solos-contaminados?utm_source=akna&amp;utm_medium=email&amp;utm_campaign=Grandes-Construcoes-Informativo-822-28-07-2022&amp;utm_source=akna&amp;utm_medium=email&amp;utm_campaign=Grandes-Construcoes-Informativo-822-28-07-2022\" style=\"color:blue; text-decoration:underline\"><span style=\"font-size:14.0pt\">Biorremedia&ccedil;&atilde;o &eacute; alternativa sustent&aacute;vel para reabilitar solos contaminados<\/span><\/a><\/span><\/span><\/span><\/p>\r\n\r\n<p style=\"text-align:justify\"><span style=\"font-size:11pt\"><span style=\"line-height:normal\"><span style=\"font-family:&quot;Calibri&quot;,sans-serif\"><a href=\"https:\/\/tissueonline.com.br\/kimberly-clark-progride-em-metas-de-sustentabilidade-para-2030\/?utm_campaign=newsletter_29072022_novo_modelo&amp;utm_medium=email&amp;utm_source=RD+Station\" style=\"color:blue; text-decoration:underline\"><span style=\"font-size:14.0pt\">Kimberly-Clark progride em metas de sustentabilidade para 2030<\/span><\/a><\/span><\/span><\/span><\/p>\r\n\r\n<p class=\"MsoTitle\" style=\"text-align:justify\"><span style=\"font-size:28pt\"><span style=\"font-family:&quot;Cambria&quot;,serif\"><span style=\"letter-spacing:-0.5pt\"><b><span style=\"font-size:18.0pt\"><span style=\"font-family:&quot;Calibri&quot;,sans-serif\"><span style=\"font-variant:small-caps\">Inova&ccedil;&atilde;o<\/span><\/span><\/span><\/b><\/span><\/span><\/span><\/p>\r\n\r\n<p style=\"text-align:justify\"><span style=\"font-size:11pt\"><span style=\"line-height:normal\"><span style=\"font-family:&quot;Calibri&quot;,sans-serif\"><a href=\"https:\/\/estradas.com.br\/tecnologia-de-pavimentacao-em-rodovias-paulistas-utiliza-plastico-descartado\/\" style=\"color:blue; text-decoration:underline\"><span style=\"font-size:14.0pt\">Tecnologia de pavimenta&ccedil;&atilde;o em rodovias paulistas utiliza pl&aacute;stico descartado<\/span><\/a><\/span><\/span><\/span><\/p>\r\n\r\n<p style=\"text-align:justify\"><span style=\"font-size:11pt\"><span style=\"line-height:normal\"><span style=\"font-family:&quot;Calibri&quot;,sans-serif\"><a href=\"https:\/\/exclusivo.com.br\/_conteudo\/moda\/2022\/07\/26\/tenis-e-produzido-com-material-derivado-da-cana-de-acucar.html?utm_campaign=T%C3%AAnis+%C3%A9+produzido+com+material+derivado+da+cana-de-a%C3%A7%C3%BAcar&amp;utm_content=T%C3%AAnis+%C3%A9+produzido+com+material+derivado+da+cana-de-a%C3%A7%C3%BAcar+-+Jornal+Exclusivo+%283%29&amp;utm_medium=email&amp;utm_source=EmailMarketing&amp;utm_term=T%C3%AAnis+%C3%A9+produzido+com+material+derivado+da+cana-de-a%C3%A7%C3%BAcar\" style=\"color:blue; text-decoration:underline\"><span style=\"font-size:14.0pt\">T&ecirc;nis &eacute; produzido com material derivado da cana-de-a&ccedil;&uacute;car<\/span><\/a><strong> <\/strong><\/span><\/span><\/span><\/p>\r\n\r\n<p style=\"text-align:justify\"><span style=\"font-size:11pt\"><span style=\"line-height:normal\"><span style=\"font-family:&quot;Calibri&quot;,sans-serif\"><a href=\"https:\/\/www.inovacaotecnologica.com.br\/noticias\/noticia.php?artigo=isolante-termico-madeira-supera-materiais-base-petroleo&amp;id=010160220801&amp;ebol=sim#.Yukp6RzMKUl\" style=\"color:blue; text-decoration:underline\"><span style=\"font-size:14.0pt\">Isolante t&eacute;rmico de madeira supera materiais &agrave; base de petr&oacute;leo<\/span><\/a><\/span><\/span><\/span><\/p>\r\n\r\n<p style=\"text-align:justify\"><span style=\"font-size:11pt\"><span style=\"line-height:normal\"><span style=\"font-family:&quot;Calibri&quot;,sans-serif\"><a href=\"https:\/\/www.textiletechnology.net\/technical-textiles\/trendreports\/centi-printed-and-flexible-electronics-in-smart-textiles-for-different-industrial-sectors-32601?utm_source=%2Fmeta%2Fnewsletter%2Fnewsletter&amp;utm_medium=newsletter&amp;utm_campaign=nl923&amp;utm_term=0801b20e08c3242125d512808cd74302\" style=\"color:blue; text-decoration:underline\"><span style=\"font-size:14.0pt\">Printed and flexible electronics in smart textiles<\/span><\/a><\/span><\/span><\/span><\/p>\r\n\r\n<p class=\"MsoTitle\" style=\"text-align:justify\"><span style=\"font-size:28pt\"><span style=\"font-family:&quot;Cambria&quot;,serif\"><span style=\"letter-spacing:-0.5pt\"><b><span style=\"font-size:18.0pt\"><span style=\"font-family:&quot;Calibri&quot;,sans-serif\"><span style=\"font-variant:small-caps\">Com&eacute;rcio Exterior<\/span><\/span><\/span><\/b><\/span><\/span><\/span><\/p>\r\n\r\n<p style=\"text-align:justify\"><span style=\"font-size:11pt\"><span style=\"line-height:normal\"><span style=\"font-family:&quot;Calibri&quot;,sans-serif\"><a href=\"https:\/\/agenciabrasil.ebc.com.br\/economia\/noticia\/2022-08\/balanca-comercial-registra-superavit-de-us-544-bilhoes-em-julho\" style=\"color:blue; text-decoration:underline\"><span style=\"font-size:14.0pt\">Balan&ccedil;a comercial registra super&aacute;vit de US$ 5,44 bilh&otilde;es em julho<\/span><\/a><\/span><\/span><\/span><\/p>\r\n\r\n<p style=\"text-align:justify\"><span style=\"font-size:11pt\"><span style=\"line-height:normal\"><span style=\"font-family:&quot;Calibri&quot;,sans-serif\"><a href=\"https:\/\/agenciabrasil.ebc.com.br\/economia\/noticia\/2022-08\/china-ameaca-mercado-cativo-do-brasil-na-america-do-sul\" style=\"color:blue; text-decoration:underline\"><span style=\"font-size:14.0pt\">China amea&ccedil;a mercado cativo do Brasil na Am&eacute;rica do Sul<\/span><\/a><\/span><\/span><\/span><\/p>\r\n\r\n<p style=\"text-align:justify\"><span style=\"font-size:11pt\"><span style=\"line-height:normal\"><span style=\"font-family:&quot;Calibri&quot;,sans-serif\"><a href=\"https:\/\/agenciabrasil.ebc.com.br\/economia\/noticia\/2022-07\/transferencias-cambiais-para-exterior-terao-reducao-de-iof\" style=\"color:blue; text-decoration:underline\"><span style=\"font-size:14.0pt\">Transfer&ecirc;ncias cambiais para exterior ter&atilde;o redu&ccedil;&atilde;o de IOF<\/span><\/a><\/span><\/span><\/span><\/p>\r\n\r\n<p class=\"MsoTitle\" style=\"text-align:justify\"><span style=\"font-size:28pt\"><span style=\"font-family:&quot;Cambria&quot;,serif\"><span style=\"letter-spacing:-0.5pt\"><b><span style=\"font-size:18.0pt\"><span style=\"font-family:&quot;Calibri&quot;,sans-serif\"><span style=\"font-variant:small-caps\">Economia<\/span><\/span><\/span><\/b><\/span><\/span><\/span><\/p>\r\n\r\n<p style=\"text-align:justify\"><span style=\"font-size:11pt\"><span style=\"line-height:normal\"><span style=\"font-family:&quot;Calibri&quot;,sans-serif\"><a href=\"https:\/\/www.bcb.gov.br\/content\/focus\/focus\/R20220729.pdf\" style=\"color:blue; text-decoration:underline\"><span style=\"font-size:14.0pt\">Focus - Relat&oacute;rio de Mercado<\/span><\/a><\/span><\/span><\/span><\/p>\r\n\r\n<p style=\"text-align:justify\"><span style=\"font-size:11pt\"><span style=\"line-height:normal\"><span style=\"font-family:&quot;Calibri&quot;,sans-serif\"><a href=\"https:\/\/www4.bcb.gov.br\/pec\/GCI\/PORT\/focus\/DISTFREQ\/P20220801-Distribui%C3%A7%C3%B5es%20de%20Frequ%C3%AAncia%20das%20Expectativas%20de%20Mercado%20para%20IPCA%20Selic%20PIB%20C%C3%A2mbio.pdf\" style=\"color:blue; text-decoration:underline\"><span style=\"font-size:14.0pt\">Focus - Distribui&ccedil;&otilde;es de Frequ&ecirc;ncia das Expectativas de Mercado para IPCA, Selic, PIB e C&acirc;mbio<\/span><\/a><\/span><\/span><\/span><\/p>\r\n\r\n<p style=\"text-align:justify\"><span style=\"font-size:11pt\"><span style=\"line-height:normal\"><span style=\"font-family:&quot;Calibri&quot;,sans-serif\"><a href=\"https:\/\/agenciabrasil.ebc.com.br\/economia\/noticia\/2022-07\/governo-reduz-ipi-de-produtos-fabricados-no-brasil\" style=\"color:blue; text-decoration:underline\"><span style=\"font-size:14.0pt\">Governo reduz IPI de produtos fabricados no Brasil<\/span><\/a><\/span><\/span><\/span><\/p>\r\n\r\n<p style=\"text-align:justify\"><span style=\"font-size:11pt\"><span style=\"line-height:normal\"><span style=\"font-family:&quot;Calibri&quot;,sans-serif\"><a href=\"https:\/\/agenciabrasil.ebc.com.br\/economia\/noticia\/2022-07\/fmi-melhora-projecao-para-crescimento-do-pib-do-brasil-em-2022\" style=\"color:blue; text-decoration:underline\"><span style=\"font-size:14.0pt\">FMI melhora proje&ccedil;&atilde;o para crescimento do PIB do Brasil em 2022<\/span><\/a><\/span><\/span><\/span><\/p>\r\n\r\n<p style=\"text-align:justify\"><span style=\"font-size:11pt\"><span style=\"line-height:normal\"><span style=\"font-family:&quot;Calibri&quot;,sans-serif\"><a href=\"https:\/\/agenciabrasil.ebc.com.br\/internacional\/noticia\/2022-07\/pib-dos-eua-tem-nova-contracao-no-segundo-trimestre\" style=\"color:blue; text-decoration:underline\"><span style=\"font-size:14.0pt\">PIB dos EUA tem nova contra&ccedil;&atilde;o no segundo trimestre<\/span><\/a><\/span><\/span><\/span><\/p>\r\n\r\n<p style=\"text-align:justify\"><span style=\"font-size:11pt\"><span style=\"line-height:normal\"><span style=\"font-family:&quot;Calibri&quot;,sans-serif\"><a href=\"https:\/\/agenciabrasil.ebc.com.br\/economia\/noticia\/2022-08\/mercado-financeiro-reduz-projecao-da-inflacao-de-730-para-715\" style=\"color:blue; text-decoration:underline\"><span style=\"font-size:14.0pt\">Mercado financeiro reduz proje&ccedil;&atilde;o da infla&ccedil;&atilde;o de 7,30% para 7,15%<\/span><\/a><\/span><\/span><\/span><\/p>\r\n\r\n<p style=\"text-align:justify\"><span style=\"font-size:11pt\"><span style=\"line-height:normal\"><span style=\"font-family:&quot;Calibri&quot;,sans-serif\"><span style=\"font-size:14.0pt\"><a href=\"https:\/\/agenciadenoticias.ibge.gov.br\/agencia-noticias\/2012-agencia-de-noticias\/noticias\/34498-taxa-de-desocupacao-cai-para-9-3-no-segundo-trimestre\" style=\"color:blue; text-decoration:underline\">Taxa de desocupa&ccedil;&atilde;o cai para 9,3% no segundo trimestre<\/a><\/span><\/span><\/span><\/span><\/p>\r\n\r\n<p style=\"text-align:justify\"><span style=\"font-size:11pt\"><span style=\"line-height:normal\"><span style=\"font-family:&quot;Calibri&quot;,sans-serif\"><a href=\"https:\/\/agenciabrasil.ebc.com.br\/economia\/noticia\/2022-07\/brasil-cria-quase-278-mil-empregos-formais-em-junho\" style=\"color:blue; text-decoration:underline\"><span style=\"font-size:14.0pt\">Pa&iacute;s cria quase 278 mil empregos formais em junho<\/span><\/a><\/span><\/span><\/span><\/p>\r\n\r\n<p style=\"text-align:justify\"><span style=\"font-size:11pt\"><span style=\"line-height:normal\"><span style=\"font-family:&quot;Calibri&quot;,sans-serif\"><a href=\"https:\/\/agenciabrasil.ebc.com.br\/economia\/noticia\/2022-07\/ibge-aponta-aumento-da-ocupacao-na-atividade-economica-no-2o-trimestre\" style=\"color:blue; text-decoration:underline\"><span style=\"font-size:14.0pt\">IBGE aponta aumento da ocupa&ccedil;&atilde;o na atividade econ&ocirc;mica no 2&ordm; trimestre<\/span><\/a><\/span><\/span><\/span><\/p>\r\n\r\n<p style=\"text-align:justify\"><span style=\"font-size:11pt\"><span style=\"line-height:normal\"><span style=\"font-family:&quot;Calibri&quot;,sans-serif\"><a href=\"https:\/\/exclusivo.com.br\/_conteudo\/varejo\/2022\/07\/22\/atividade-do-comercio-apresenta-a-maior-alta-em-12-meses.html\" style=\"color:blue; text-decoration:underline\"><span style=\"font-size:14.0pt\">Atividade do com&eacute;rcio apresenta a maior alta em 12 meses<\/span><\/a><\/span><\/span><\/span><\/p>\r\n\r\n<p style=\"text-align:justify\"><span style=\"font-size:11pt\"><span style=\"line-height:normal\"><span style=\"font-family:&quot;Calibri&quot;,sans-serif\"><a href=\"https:\/\/portalibre.fgv.br\/noticias\/indicador-de-incerteza-da-economia-sobe-02-ponto-em-julho\" style=\"color:blue; text-decoration:underline\"><span style=\"font-size:14.0pt\">Indicador de Incerteza da Economia sobe 0,2 ponto em julho<\/span><\/a><\/span><\/span><\/span><\/p>\r\n\r\n<p style=\"text-align:justify\"><span style=\"font-size:11pt\"><span style=\"line-height:normal\"><span style=\"font-family:&quot;Calibri&quot;,sans-serif\"><a href=\"https:\/\/portalibre.fgv.br\/noticias\/sintese-das-sondagens-de-julho-de-2022\" style=\"color:blue; text-decoration:underline\"><span style=\"font-size:14.0pt\">S&iacute;ntese das Sondagens de julho de 2022<\/span><\/a><\/span><\/span><\/span><\/p>\r\n\r\n<p style=\"text-align:justify\"><span style=\"font-size:11pt\"><span style=\"line-height:normal\"><span style=\"font-family:&quot;Calibri&quot;,sans-serif\"><a href=\"https:\/\/www.businessinsider.com\/federal-reserve-hikes-interest-rates-july-credit-loans-inflation-recession-2022-7?nr_email_referer=1&amp;utm_source=Sailthru&amp;utm_medium=email&amp;utm_content=Business_Insider_select&amp;pt=385758&amp;ct=Sailthru_BI_Newsletters&amp;mt=8&amp;utm_campaign=Business%20Insider%20-%20Algorithm%20Test%202022-07-28&amp;utm_term=INSIDER%20SELECT%20-%20ENGAGED%2C%20ACTIVE%2C%20PASSIVE%2C%20DISENGAGED%2C%20NEW\" style=\"color:blue; text-decoration:underline\"><span style=\"font-size:14.0pt\">The Federal Reserve just moved to make your credit cards, mortgages, and car loans more expensive in hopes you&#39;ll spend less and help cool inflation<\/span><\/a><\/span><\/span><\/span><\/p>\r\n","6":"<p style=\"text-align:justify\"><span style=\"font-size:11pt\"><span style=\"line-height:normal\"><span style=\"font-family:&quot;Calibri&quot;,sans-serif\"><span style=\"font-size:14.0pt\">Esta &eacute; uma compila&ccedil;&atilde;o das not&iacute;cias mais relevantes para o setor, incluindo informa&ccedil;&otilde;es sobre acordos internacionais, economia brasileira, sustentabilidade e mat&eacute;rias primas, al&eacute;m de novidades do setor de N&atilde;otecidos e Tecidos T&eacute;cnicos.<\/span><\/span><\/span><\/span><\/p>\r\n\r\n<p class=\"MsoTitle\" style=\"text-align:justify\"><span style=\"font-size:28pt\"><span style=\"font-family:&quot;Cambria&quot;,serif\"><span style=\"letter-spacing:-0.5pt\"><b><span style=\"font-size:18.0pt\"><span style=\"font-family:&quot;Calibri&quot;,sans-serif\"><span style=\"font-variant:small-caps\">A&ccedil;&otilde;es da ABINT<\/span><\/span><\/span><\/b><\/span><\/span><\/span><\/p>\r\n\r\n<p style=\"text-align:justify\"><span style=\"font-size:11pt\"><span style=\"line-height:normal\"><span style=\"font-family:&quot;Calibri&quot;,sans-serif\"><span class=\"MsoHyperlink\" style=\"color:blue\"><span style=\"text-decoration:underline\"><b><span style=\"font-size:14.0pt\"><span style=\"text-decoration:none\"><span style=\"text-underline:none\">Curso ABINT Tecnologia dos N&atilde;otecidos<\/span><\/span><\/span><\/b><\/span><\/span> <a href=\"https:\/\/www.abint.org.br\/informacao\/cursos-e-eventos\" style=\"color:blue; text-decoration:underline\"><b><span style=\"font-size:14.0pt\">INSCREVA-SE<\/span><\/b><\/a><span class=\"MsoHyperlink\" style=\"color:blue\"><span style=\"text-decoration:underline\"><span style=\"font-size:14.0pt\"><span style=\"text-decoration:none\"><span style=\"text-underline:none\"> <b>para as pr&oacute;ximas turmas!<\/b><\/span><\/span><\/span><\/span><\/span><\/span><\/span><\/span><\/p>\r\n\r\n<p style=\"text-align:justify\"><img height=\"318\" src=\"https:\/\/www.abint.org.br\/assets\/img\/editor\/logo-feiplar-2_20220802142834Ha7K1uOlAv.jpg\" width=\"551\" \/><\/p>\r\n\r\n<p style=\"text-align:justify\"><span class=\"MsoHyperlink\" style=\"color:blue\"><span style=\"text-decoration:underline\"><b><span style=\"font-size:14.0pt\"><span style=\"line-height:115%\"><span style=\"font-family:&quot;Calibri&quot;,sans-serif\"><span style=\"text-decoration:none\"><span style=\"text-underline:none\">A ABINT apoia a FEIPLAR COMPOSITES &amp; FEIPUR<\/span><\/span><\/span><\/span><\/span><\/b><\/span><\/span><span class=\"MsoHyperlink\" style=\"color:blue\"><span style=\"text-decoration:underline\"><span style=\"font-size:14.0pt\"><span style=\"line-height:115%\"><span style=\"font-family:&quot;Calibri&quot;,sans-serif\"><span style=\"text-decoration:none\"><span style=\"text-underline:none\">, feira que visa auxiliar o crescimento e desenvolvimento dos mercados de composites, poliuretano e pl&aacute;sticos de engenharia\/ compostos termopl&aacute;sticos em toda a Am&eacute;rica do Sul. Estes mercados t&ecirc;m registrado importante crescimento nos &uacute;ltimos anos e apontam interessantes perspectivas para os pr&oacute;ximos anos tamb&eacute;m. <\/span><\/span><\/span><\/span><\/span><\/span><\/span><span style=\"font-size:11.0pt\"><span style=\"line-height:115%\"><span style=\"font-family:&quot;Calibri&quot;,sans-serif\"><a href=\"https:\/\/feiplar.com\/\" style=\"color:blue; text-decoration:underline\"><span style=\"font-size:14.0pt\"><span style=\"line-height:115%\">Informa&ccedil;&otilde;es aqui<\/span><\/span><\/a><\/span><\/span><\/span><\/p>\r\n\r\n<p style=\"text-align:justify\"><span style=\"font-size:11.0pt\"><span style=\"line-height:115%\"><span style=\"font-family:&quot;Calibri&quot;,sans-serif\"><span style=\"font-size:14.0pt\"><span style=\"line-height:115%\"><img height=\"551\" src=\"https:\/\/www.abint.org.br\/assets\/img\/editor\/partnerkit-conahp-quad-cth-abint_20220802142948AtfwaUBMK5.png\" width=\"551\" \/><\/span><\/span><\/span><\/span><\/span><\/p>\r\n\r\n<p style=\"text-align:justify\"><span class=\"MsoHyperlink\" style=\"color:blue\"><span style=\"text-decoration:underline\"><span style=\"font-size:14.0pt\"><span style=\"line-height:115%\"><span style=\"font-family:&quot;Calibri&quot;,sans-serif\"><span style=\"text-decoration:none\"><span style=\"text-underline:none\">O <b>CTH ABINT<\/b> &eacute; patrocinador do <\/span><\/span><\/span><\/span><\/span><\/span><\/span><span class=\"MsoHyperlink\" style=\"color:blue\"><span style=\"text-decoration:underline\"><b><span style=\"font-size:14.0pt\"><span style=\"line-height:115%\"><span style=\"font-family:&quot;Calibri&quot;,sans-serif\"><span style=\"text-decoration:none\"><span style=\"text-underline:none\">CONAHP 2022 - Congresso Nacional de Hospitais Privados<\/span><\/span><\/span><\/span><\/span><\/b><\/span><\/span><span class=\"MsoHyperlink\" style=\"color:blue\"><span style=\"text-decoration:underline\"><span style=\"font-size:14.0pt\"><span style=\"line-height:115%\"><span style=\"font-family:&quot;Calibri&quot;,sans-serif\"><span style=\"text-decoration:none\"><span style=\"text-underline:none\">, evento que ocorrer&aacute; <b>presencialmente nos dias 10 e 11 de novembro, Transam&eacute;rica Expo Center<\/b>, S&atilde;o Paulo, SP. <\/span><\/span><\/span><\/span><\/span><\/span><\/span><span style=\"font-size:11.0pt\"><span style=\"line-height:115%\"><span style=\"font-family:&quot;Calibri&quot;,sans-serif\"><a href=\"https:\/\/conahp.org.br\/2022\/\" style=\"color:blue; text-decoration:underline\"><span style=\"font-size:14.0pt\"><span style=\"line-height:115%\">Informa&ccedil;&otilde;es aqui<\/span><\/span><\/a><\/span><\/span><\/span><\/p>\r\n\r\n<p style=\"text-align:justify\">&nbsp;<\/p>\r\n\r\n<p style=\"text-align:justify\"><span style=\"font-size:11pt\"><span style=\"line-height:normal\"><span style=\"font-family:&quot;Calibri&quot;,sans-serif\"><b><span style=\"font-size:18.0pt\"><span style=\"font-variant:small-caps\">Eventos<\/span><\/span><\/b><\/span><\/span><\/span><\/p>\r\n\r\n<p style=\"text-align:justify\"><span style=\"font-size:11pt\"><span style=\"line-height:normal\"><span style=\"font-family:&quot;Calibri&quot;,sans-serif\"><span class=\"MsoHyperlink\" style=\"color:blue\"><span style=\"text-decoration:underline\"><b><span style=\"font-size:14.0pt\"><span style=\"text-decoration:none\"><span style=\"text-underline:none\">CNI\/ Apex\/ Sebrae: Semin&aacute;rio Oportunidades de Neg&oacute;cios com o Chile<\/span><\/span><\/span><\/b><\/span><\/span><span class=\"MsoHyperlink\" style=\"color:blue\"><span style=\"text-decoration:underline\"><span style=\"font-size:14.0pt\"><span style=\"text-decoration:none\"><span style=\"text-underline:none\">, 03 de agosto de 2022, online e gratuito. <\/span><\/span><\/span><\/span><\/span><a href=\"https:\/\/www.portaldaindustria.com.br\/eventos\/pt\/edicoes\/seminario-oportunidades-de-negocios-com-o-chile-se?c=CNI&amp;p=2312127&amp;t=publica-base-fluida.html#msdynttrid=5KjSHMsxsuEe0nKio2jL4GBEP9SVTzKKzUQps521bYg\" style=\"color:blue; text-decoration:underline\"><span style=\"font-size:14.0pt\">Informa&ccedil;&otilde;es aqui<\/span><\/a><span class=\"MsoHyperlink\" style=\"color:blue\"><span style=\"text-decoration:underline\"><span style=\"font-size:14.0pt\"><span style=\"text-decoration:none\"><span style=\"text-underline:none\">.<\/span><\/span><\/span><\/span><\/span><\/span><\/span><\/span><\/p>\r\n\r\n<p style=\"text-align:justify\"><span style=\"font-size:11pt\"><span style=\"line-height:normal\"><span style=\"font-family:&quot;Calibri&quot;,sans-serif\"><span class=\"MsoHyperlink\" style=\"color:blue\"><span style=\"text-decoration:underline\"><b><span style=\"font-size:14.0pt\"><span style=\"text-decoration:none\"><span style=\"text-underline:none\">Instituto Avan&ccedil;ado do Pl&aacute;stico: Curso Reciclagem de Pl&aacute;sticos<\/span><\/span><\/span><\/b><\/span><\/span><span class=\"MsoHyperlink\" style=\"color:blue\"><span style=\"text-decoration:underline\"><span style=\"font-size:14.0pt\"><span style=\"text-decoration:none\"><span style=\"text-underline:none\">, 05 e 06 de agosto. <\/span><\/span><\/span><\/span><\/span><a href=\"https:\/\/www.planetaplastico.com.br\/curso-reciclagem-de-plasticos\" style=\"color:blue; text-decoration:underline\"><span style=\"font-size:14.0pt\">Informa&ccedil;&otilde;es aqui<\/span><\/a><span class=\"MsoHyperlink\" style=\"color:blue\"><span style=\"text-decoration:underline\"><span style=\"font-size:14.0pt\"><span style=\"text-decoration:none\"><span style=\"text-underline:none\">.<\/span><\/span><\/span><\/span><\/span><\/span><\/span><\/span><\/p>\r\n\r\n<p style=\"text-align:justify\"><span style=\"font-size:11pt\"><span style=\"line-height:normal\"><span style=\"font-family:&quot;Calibri&quot;,sans-serif\"><span class=\"MsoHyperlink\" style=\"color:blue\"><span style=\"text-decoration:underline\"><b><span style=\"font-size:14.0pt\"><span style=\"text-decoration:none\"><span style=\"text-underline:none\">17&ordm; Webinar Think Plastic Brazil:<\/span><\/span><\/span><\/b><\/span><\/span><span class=\"MsoHyperlink\" style=\"color:blue\"><span style=\"text-decoration:underline\"><span style=\"font-size:14.0pt\"><span style=\"text-decoration:none\"><span style=\"text-underline:none\"> <b>Incoterms&reg; 2020 - Regras para o Com&eacute;rcio Internacional<\/b>, 09 de agosto. <\/span><\/span><\/span><\/span><\/span><a href=\"https:\/\/junto.us12.list-manage.com\/track\/click?u=2362c2ef23b5f6f86b32d9fbd&amp;id=71b2e77730&amp;e=674d49841c\" style=\"color:blue; text-decoration:underline\"><span style=\"font-size:14.0pt\">Informa&ccedil;&otilde;es aqui<\/span><\/a><span class=\"MsoHyperlink\" style=\"color:blue\"><span style=\"text-decoration:underline\"><span style=\"font-size:14.0pt\"><span style=\"text-decoration:none\"><span style=\"text-underline:none\">.<\/span><\/span><\/span><\/span><\/span><\/span><\/span><\/span><\/p>\r\n\r\n<p style=\"text-align:justify\"><span style=\"font-size:11pt\"><span style=\"line-height:normal\"><span style=\"font-family:&quot;Calibri&quot;,sans-serif\"><span class=\"MsoHyperlink\" style=\"color:blue\"><span style=\"text-decoration:underline\"><b><span style=\"font-size:14.0pt\"><span style=\"text-decoration:none\"><span style=\"text-underline:none\">Jornada de Enfermagem em Central de Material e Esteriliza&ccedil;&atilde;o<\/span><\/span><\/span><\/b><\/span><\/span><span class=\"MsoHyperlink\" style=\"color:blue\"><span style=\"text-decoration:underline\"><span style=\"font-size:14.0pt\"><span style=\"text-decoration:none\"><span style=\"text-underline:none\">, 23 de agosto, Expominas, Belo Horizonte. <\/span><\/span><\/span><\/span><\/span><a href=\"https:\/\/nascecme.com.br\/jornada-de-enfermagem-em-central-de-material-e-esterilizacao\/\" style=\"color:blue; text-decoration:underline\"><span style=\"font-size:14.0pt\">Informa&ccedil;&otilde;es aqui<\/span><\/a><span class=\"MsoHyperlink\" style=\"color:blue\"><span style=\"text-decoration:underline\"><span style=\"font-size:14.0pt\"><span style=\"text-decoration:none\"><span style=\"text-underline:none\">.<\/span><\/span><\/span><\/span><\/span><\/span><\/span><\/span><\/p>\r\n\r\n<p style=\"text-align:justify\"><span style=\"font-size:11pt\"><span style=\"line-height:normal\"><span style=\"font-family:&quot;Calibri&quot;,sans-serif\"><span class=\"MsoHyperlink\" style=\"color:blue\"><span style=\"text-decoration:underline\"><b><span style=\"font-size:14.0pt\"><span style=\"text-decoration:none\"><span style=\"text-underline:none\">FICONS &ndash; XII Feira Internacional de Materiais, Equipamentos e Servi&ccedil;os da Constru&ccedil;&atilde;o<\/span><\/span><\/span><\/b><\/span><\/span><span class=\"MsoHyperlink\" style=\"color:blue\"><span style=\"text-decoration:underline\"><span style=\"font-size:14.0pt\"><span style=\"text-decoration:none\"><span style=\"text-underline:none\">, 26 de agosto, no Centro de Conven&ccedil;&otilde;es de Pernambuco. <\/span><\/span><\/span><\/span><\/span><a href=\"https:\/\/www.ficons.com.br\/2022\/index\" style=\"color:blue; text-decoration:underline\"><span style=\"font-size:14.0pt\">Informa&ccedil;&otilde;es aqui<\/span><\/a><span class=\"MsoHyperlink\" style=\"color:blue\"><span style=\"text-decoration:underline\"><span style=\"font-size:14.0pt\"><span style=\"text-decoration:none\"><span style=\"text-underline:none\">.<\/span><\/span><\/span><\/span><\/span><\/span><\/span><\/span><\/p>\r\n\r\n<p style=\"text-align:justify\"><span style=\"font-size:11pt\"><span style=\"line-height:normal\"><span style=\"font-family:&quot;Calibri&quot;,sans-serif\"><span class=\"MsoHyperlink\" style=\"color:blue\"><span style=\"text-decoration:underline\"><b><span style=\"font-size:14.0pt\"><span style=\"text-decoration:none\"><span style=\"text-underline:none\">Semin&aacute;rio Sindit&ecirc;xtil-SP &ldquo;Efici&ecirc;ncia e Transi&ccedil;&atilde;o Energ&eacute;tica&rdquo;<\/span><\/span><\/span><\/b><\/span><\/span><span class=\"MsoHyperlink\" style=\"color:blue\"><span style=\"text-decoration:underline\"><span style=\"font-size:14.0pt\"><span style=\"text-decoration:none\"><span style=\"text-underline:none\">, 28 de agosto, Rua Marqu&ecirc;s de Itu, 968, S&atilde;o Paulo. <\/span><\/span><\/span><\/span><\/span><a href=\"https:\/\/s3.sa-east-1.amazonaws.com\/sindi-files.sinditextilsp.org.br\/site\/sindi_90anos\/Seminario_eficiencia_energetica\/Programa%C3%A7%C3%A3o+Semin%C3%A1rio+Efici%C3%AAncia+e+Transi%C3%A7%C3%A3o+Energ%C3%A9tica.pdf?utm_campaign=convite_seminario_energia&amp;utm_medium=email&amp;utm_source=RD+Station\" style=\"color:blue; text-decoration:underline\"><span style=\"font-size:14.0pt\">Programa&ccedil;&atilde;o<\/span><\/a><span class=\"MsoHyperlink\" style=\"color:blue\"><span style=\"text-decoration:underline\"><span style=\"font-size:14.0pt\"><span style=\"text-decoration:none\"><span style=\"text-underline:none\">. <\/span><\/span><\/span><\/span><\/span><a href=\"https:\/\/eventos.abit.org.br\/Subs.aspx?key=e76786ff-e0ac-447b-81b1-a7dd2c2c3217&amp;utm_campaign=convite_seminario_energia&amp;utm_medium=email&amp;utm_source=RD+Station\" style=\"color:blue; text-decoration:underline\"><span style=\"font-size:14.0pt\">Inscri&ccedil;&otilde;es<\/span><\/a><span class=\"MsoHyperlink\" style=\"color:blue\"><span style=\"text-decoration:underline\"><span style=\"font-size:14.0pt\"><span style=\"text-decoration:none\"><span style=\"text-underline:none\">.<\/span><\/span><\/span><\/span><\/span><\/span><\/span><\/span><\/p>\r\n\r\n<p style=\"text-align:justify\"><span style=\"font-size:11pt\"><span style=\"line-height:normal\"><span style=\"font-family:&quot;Calibri&quot;,sans-serif\"><span class=\"MsoHyperlink\" style=\"color:blue\"><span style=\"text-decoration:underline\"><b><span style=\"font-size:14.0pt\"><span style=\"text-decoration:none\"><span style=\"text-underline:none\">Feira HospitalMed, <\/span><\/span><\/span><\/b><\/span><\/span><span class=\"MsoHyperlink\" style=\"color:blue\"><span style=\"text-decoration:underline\"><span style=\"font-size:14.0pt\"><span style=\"text-decoration:none\"><span style=\"text-underline:none\">19 a 21 de outubro, Centro de Conven&ccedil;&otilde;es de Pernambuco. <\/span><\/span><\/span><\/span><\/span><a href=\"https:\/\/hospitalmed.com.br\/feira\/\" style=\"color:blue; text-decoration:underline\"><span style=\"font-size:14.0pt\">Informa&ccedil;&otilde;es aqui.<\/span><\/a><\/span><\/span><\/span><\/p>\r\n\r\n<p style=\"text-align:justify\"><span style=\"font-size:11pt\"><span style=\"line-height:normal\"><span style=\"font-family:&quot;Calibri&quot;,sans-serif\"><span class=\"MsoHyperlink\" style=\"color:blue\"><span style=\"text-decoration:underline\"><b><span style=\"font-size:14.0pt\"><span style=\"text-decoration:none\"><span style=\"text-underline:none\">Innovate: Zero Carbon, Textiles&#39; journey to zero carbon<\/span><\/span><\/span><\/b><\/span><\/span><\/span><\/span><\/span><\/p>\r\n\r\n<p style=\"text-align:justify\"><span style=\"font-size:11pt\"><span style=\"line-height:normal\"><span style=\"font-family:&quot;Calibri&quot;,sans-serif\"><span class=\"MsoHyperlink\" style=\"color:blue\"><span style=\"text-decoration:underline\"><span style=\"font-size:14.0pt\"><span style=\"text-decoration:none\"><span style=\"text-underline:none\">When: 1-3 Nov 2022<\/span><\/span><\/span><\/span><\/span><\/span><\/span><\/span><\/p>\r\n\r\n<p style=\"text-align:justify\"><span style=\"font-size:11pt\"><span style=\"line-height:normal\"><span style=\"font-family:&quot;Calibri&quot;,sans-serif\"><span class=\"MsoHyperlink\" style=\"color:blue\"><span style=\"text-decoration:underline\"><span style=\"font-size:14.0pt\"><span style=\"text-decoration:none\"><span style=\"text-underline:none\">What time: 13:00&ndash;17:00 UTC \/ 9:00&ndash;13:00 EDT<\/span><\/span><\/span><\/span><\/span><\/span><\/span><\/span><\/p>\r\n\r\n<p style=\"text-align:justify\"><span style=\"font-size:11pt\"><span style=\"line-height:normal\"><span style=\"font-family:&quot;Calibri&quot;,sans-serif\"><span class=\"MsoHyperlink\" style=\"color:blue\"><span style=\"text-decoration:underline\"><span style=\"font-size:14.0pt\"><span style=\"text-decoration:none\"><span style=\"text-underline:none\">Where: Virtual, <\/span><\/span><\/span><\/span><\/span><a href=\"https:\/\/events.wtin.com\/event\/f5bac4f2-d902-41ba-9153-a4d80622877c\/summary\" style=\"color:blue; text-decoration:underline\"><span style=\"font-size:14.0pt\">events.wtin.com\/innovate<\/span><\/a><\/span><\/span><\/span><\/p>\r\n\r\n<p class=\"MsoTitle\" style=\"text-align:justify\"><span style=\"font-size:28pt\"><span style=\"font-family:&quot;Cambria&quot;,serif\"><span style=\"letter-spacing:-0.5pt\"><b><span style=\"font-size:18.0pt\"><span style=\"font-family:&quot;Calibri&quot;,sans-serif\"><span style=\"font-variant:small-caps\">Setor<\/span><\/span><\/span><\/b><\/span><\/span><\/span><\/p>\r\n\r\n<p style=\"text-align:justify\"><span style=\"font-size:11pt\"><span style=\"line-height:normal\"><span style=\"font-family:&quot;Calibri&quot;,sans-serif\"><a href=\"https:\/\/epbr.com.br\/braskem-contrata-us-100-milhoes-em-linha-de-credito-atrelada-a-meta-de-sustentabilidade\/\" style=\"color:blue; text-decoration:underline\"><span style=\"font-size:14.0pt\">Braskem contrata US$ 100 milh&otilde;es em linha de cr&eacute;dito atrelada a meta de sustentabilidade<\/span><\/a><\/span><\/span><\/span><\/p>\r\n\r\n<p style=\"text-align:justify\"><span style=\"font-size:11pt\"><span style=\"line-height:normal\"><span style=\"font-family:&quot;Calibri&quot;,sans-serif\"><a href=\"https:\/\/www.nonwovens-industry.com\/contents\/view_breaking-news\/2022-07-27\/berry-sites-earn-oeko-tex-certification?utm_campaign=NON+eNewsletter&amp;utm_medium=email&amp;_hsmi=221156623&amp;_hsenc=p2ANqtz--dGYV2-7YwyA-8Y7elh2sNjWe-F1TpY9d4ZHe-ickrDibOl65e7pxtomaFcBfMA4YyMUbR8LaFjdnxnB03volwH05X5g&amp;utm_content=221156623&amp;utm_source=hs_email\" style=\"color:blue; text-decoration:underline\"><span style=\"font-size:14.0pt\">Berry Sites Earn Oeko-Tex Certification<\/span><\/a><\/span><\/span><\/span><\/p>\r\n\r\n<p style=\"text-align:justify\"><span style=\"font-size:11pt\"><span style=\"line-height:normal\"><span style=\"font-family:&quot;Calibri&quot;,sans-serif\"><a href=\"https:\/\/www.digitaljournal.com\/pr\/liquid-filtration-market-projected-to-augment-at-a-cagr-6-70-by-2028\" style=\"color:blue; text-decoration:underline\"><span style=\"font-size:14.0pt\">Liquid Filtration Market Projected To Augment At A CAGR 6.70% by 2028<\/span><\/a><\/span><\/span><\/span><\/p>\r\n\r\n<p style=\"text-align:justify\"><span style=\"font-size:11pt\"><span style=\"line-height:normal\"><span style=\"font-family:&quot;Calibri&quot;,sans-serif\"><a href=\"https:\/\/www.diariodepernambuco.com.br\/noticia\/vidaurbana\/2022\/07\/pernambuco-lanca-edital-de-fomento-a-projetos-de-prevencao-e-mitigacao.html\" style=\"color:blue; text-decoration:underline\"><span style=\"font-size:14.0pt\">Geotecnia: Pernambuco lan&ccedil;a edital de fomento a projetos de preven&ccedil;&atilde;o e mitiga&ccedil;&atilde;o de incidentes clim&aacute;ticos<\/span><\/a><\/span><\/span><\/span><\/p>\r\n\r\n<p style=\"text-align:justify\"><span style=\"font-size:11pt\"><span style=\"line-height:normal\"><span style=\"font-family:&quot;Calibri&quot;,sans-serif\"><a href=\"https:\/\/www.textiletechnology.net\/technical-textiles\/news\/composites-germany-current-crises-burden-composites-industry-32600?utm_source=%2Fmeta%2Fnewsletter%2Fnewsletter&amp;utm_medium=newsletter&amp;utm_campaign=nl921&amp;utm_term=0801b20e08c3242125d512808cd74302\" style=\"color:blue; text-decoration:underline\"><span style=\"font-size:14.0pt\">Composites Germany: Current crises burden composites industry<\/span><\/a><\/span><\/span><\/span><\/p>\r\n\r\n<p style=\"text-align:justify\"><span style=\"font-size:11pt\"><span style=\"line-height:normal\"><span style=\"font-family:&quot;Calibri&quot;,sans-serif\"><a href=\"https:\/\/www.anahp.com.br\/pdf\/indicadores-hospitalares-anahp-julho22.pdf\" style=\"color:blue; text-decoration:underline\"><span style=\"font-size:14.0pt\">Indicadores Hospitalares Anahp<\/span><\/a><\/span><\/span><\/span><\/p>\r\n\r\n<p style=\"text-align:justify\"><span style=\"font-size:11pt\"><span style=\"line-height:normal\"><span style=\"font-family:&quot;Calibri&quot;,sans-serif\"><a href=\"http:\/\/app.ibibrasil.org.br\/s\/?21088.751.1361174.0.3.4798.9.211927733.0.10.0.0.225725.0.0.1ac6f\" style=\"color:blue; text-decoration:underline\"><span style=\"font-size:14.0pt\">INFOIBI Fabricantes: escassez de mat&eacute;ria prima e sua substitui&ccedil;&atilde;o<\/span><\/a><\/span><\/span><\/span><\/p>\r\n\r\n<p style=\"text-align:justify\"><span style=\"font-size:11pt\"><span style=\"line-height:normal\"><span style=\"font-family:&quot;Calibri&quot;,sans-serif\"><a href=\"https:\/\/t.rdsv1.net\/ls\/click?upn=dUXG8cK7gehfgvepwsFkLMFol9SUeSyRX5ZbS4oHzZo5fW0tFxgZ0nsvb8Hpl6DVYySmtcFhj5-2FdxJ2eQCsFJmVLD9fbjStAT2zAea0kSVqMZ0RzITeDzXBykl4fU9l14JqNQx9-2FRXG7hRau67lapvRcMBEHFXw4EMnhvJXLsU7IVeCj4-2BOTckKOP0kRGL2oJM9WJzjTtPUYaLcFGr7IFSYIJn68YNoRaaoq-2B7H0yPGS3uE1F7RlNTOHI-2B4IUoK7tRRp_iW8zc4KBvTUX2z9kws1M6pjQI9DpNNh-2Fk6fgMN4DbaFx-2BL1o5swSv2HtiLB2iGFhri3uCHN6zus2re8T7or9O-2BMMcqv-2FmZBLpBeU2fgsNGvH8Rqoh2WoWZ1oQI3rQY5JUTWCrB5Pn0kB4hm8I9ySbVUi-2BLg8Rhg4eVtNTO-2BA15urHGx9U4Rxl0jRYcMamXAGzdXXKI8haCr1p2rkIrBjkBzPG6cLHDfqlBJwcR-2F6pP9b0ixZhlqfLC28PPDCH6n0EQhq-2BTQ3zYLR3mBclUWaX9VB4GFcVal0B8-2BcmR9RAy6U6WI-2Ff68Dx44C93qIoyFB4yvcCxcvJhwmmHp7K5cLz4oJK65qEN2HSfbZTruxz-2BlRMfeKwuE7jZ0V13M03NWu9zICiLkXzkqgFyINLD-2BYsah2-2FteS3A5-2BMH-2F-2ButDxjBcs5BfamWyWkabzDESnGZsfg2tbvtsyTj4VWTx010pXtB4U8E31IeQ6Y7LrdP-2BssnBDrZu6vcLy-2BhzWp0F-2F6AKkTHvwCxiIKdhWMxwgBJALTJtE9hSnSIn9xI-2BC1sWxhJoZLYh3LQaImmYv2hEvveZmYH5qe4NpvXC35fEPl-2BjZIMup-2BTH9JpxkMIOcwfsNm03Hgd4jgpCCPmirln-2BqHL-2BtGigL4BOLj-2BONEvTuD7xHrzr2yqMRR3v-2FKy-2BxnKcuR5k-3D\" style=\"color:blue; text-decoration:underline\"><span style=\"font-size:14.0pt\">Kimberly-Clark tem lucro l&iacute;quido de US$ 437 milh&otilde;es no 2&ordm; trimestre<\/span><\/a><\/span><\/span><\/span><\/p>\r\n\r\n<p style=\"text-align:justify\"><span style=\"font-size:11pt\"><span style=\"line-height:normal\"><span style=\"font-family:&quot;Calibri&quot;,sans-serif\"><a href=\"https:\/\/s3.sa-east-1.amazonaws.com\/abit-files.abit.org.br\/site\/revista_abitreview\/ed03\/n2_abit_review_ed03-jul2022.pdf\" style=\"color:blue; text-decoration:underline\"><span style=\"font-size:14.0pt\">Revista Abit Review #3<\/span><\/a><\/span><\/span><\/span><\/p>\r\n\r\n<p class=\"MsoTitle\" style=\"text-align:justify\"><span style=\"font-size:28pt\"><span style=\"font-family:&quot;Cambria&quot;,serif\"><span style=\"letter-spacing:-0.5pt\"><b><span style=\"font-size:18.0pt\"><span style=\"font-family:&quot;Calibri&quot;,sans-serif\"><span style=\"font-variant:small-caps\">Ind&uacute;stria<\/span><\/span><\/span><\/b><\/span><\/span><\/span><\/p>\r\n\r\n<p style=\"text-align:justify\"><span style=\"font-size:11pt\"><span style=\"line-height:normal\"><span style=\"font-family:&quot;Calibri&quot;,sans-serif\"><a href=\"https:\/\/www.revistaencontro.com.br\/canal\/revista\/2022\/07\/novo-presidente-da-anfavea-fala-de-como-ve-o-futuro-do-automovel.html\" style=\"color:blue; text-decoration:underline\"><span style=\"font-size:14.0pt\">Novo presidente da Anfavea fala de como v&ecirc; o futuro do autom&oacute;vel<\/span><\/a><\/span><\/span><\/span><\/p>\r\n\r\n<p style=\"text-align:justify\"><span style=\"font-size:11pt\"><span style=\"line-height:normal\"><span style=\"font-family:&quot;Calibri&quot;,sans-serif\"><a href=\"https:\/\/grandesconstrucoes.com.br\/Noticias\/Exibir\/industria-de-materiais-de-construcao-tem-mes-foi-regular-diz-a-abramat\" style=\"color:blue; text-decoration:underline\"><span style=\"font-size:14.0pt\">Ind&uacute;stria de materiais de constru&ccedil;&atilde;o tem m&ecirc;s &quot;regular&quot;, diz a Abramat<\/span><\/a><\/span><\/span><\/span><\/p>\r\n\r\n<p style=\"text-align:justify\"><span style=\"font-size:11pt\"><span style=\"line-height:normal\"><span style=\"font-family:&quot;Calibri&quot;,sans-serif\"><a href=\"https:\/\/tissueonline.com.br\/setor-de-hppc-tem-superavit-de-us-32-milhoes-no-primeiro-semestre\/?utm_campaign=newsletter_29072022_novo_modelo&amp;utm_medium=email&amp;utm_source=RD+Station\" style=\"color:blue; text-decoration:underline\"><span style=\"font-size:14.0pt\">Setor de HPPC tem super&aacute;vit de US$ 32 milh&otilde;es no primeiro semestre<\/span><\/a><\/span><\/span><\/span><\/p>\r\n\r\n<p style=\"text-align:justify\"><span style=\"font-size:11pt\"><span style=\"line-height:normal\"><span style=\"font-family:&quot;Calibri&quot;,sans-serif\"><a href=\"https:\/\/noticias.portaldaindustria.com.br\/noticias\/economia\/falta-ou-alto-custo-de-insumos-afeta-22-de-25-setores-industriais-analisados-diz-cni\/\" style=\"color:blue; text-decoration:underline\"><span style=\"font-size:14.0pt\">Falta ou alto custo de insumos afeta 22 de 25 setores industriais analisados, diz CNI<\/span><\/a><\/span><\/span><\/span><\/p>\r\n\r\n<p style=\"text-align:justify\"><span style=\"font-size:11pt\"><span style=\"line-height:normal\"><span style=\"font-family:&quot;Calibri&quot;,sans-serif\"><a href=\"https:\/\/grandesconstrucoes.com.br\/Noticias\/Exibir\/industria-reduz-participacao-na-economia-brasileira?utm_source=akna&amp;utm_medium=email&amp;utm_campaign=Grandes-Construcoes-Informativo-822-28-07-2022&amp;utm_source=akna&amp;utm_medium=email&amp;utm_campaign=Grandes-Construcoes-Informativo-822-28-07-2022\" style=\"color:blue; text-decoration:underline\"><span style=\"font-size:14.0pt\">Ind&uacute;stria reduz participa&ccedil;&atilde;o na economia brasileira<\/span><\/a><\/span><\/span><\/span><\/p>\r\n\r\n<p style=\"text-align:justify\"><span style=\"font-size:11pt\"><span style=\"line-height:normal\"><span style=\"font-family:&quot;Calibri&quot;,sans-serif\"><a href=\"https:\/\/agenciadenoticias.ibge.gov.br\/agencia-noticias\/2012-agencia-de-noticias\/noticias\/34492-inflacao-da-industria-fica-em-1-em-junho\" style=\"color:blue; text-decoration:underline\"><span style=\"font-size:14.0pt\">Infla&ccedil;&atilde;o da ind&uacute;stria fica em 1% em junho<\/span><\/a><\/span><\/span><\/span><\/p>\r\n\r\n<p style=\"text-align:justify\"><span style=\"font-size:11pt\"><span style=\"line-height:normal\"><span style=\"font-family:&quot;Calibri&quot;,sans-serif\"><a href=\"https:\/\/agenciadenoticias.ibge.gov.br\/agencia-noticias\/2012-agencia-de-noticias\/noticias\/34529-producao-industrial-recua-0-4-em-junho-apos-quatro-meses-de-alta\" style=\"color:blue; text-decoration:underline\"><span style=\"font-size:14.0pt\">Produ&ccedil;&atilde;o industrial recua 0,4% em junho ap&oacute;s quatro meses de alta<\/span><\/a><\/span><\/span><\/span><\/p>\r\n\r\n<p style=\"text-align:justify\"><span style=\"font-size:11pt\"><span style=\"line-height:normal\"><span style=\"font-family:&quot;Calibri&quot;,sans-serif\"><a href=\"https:\/\/portalibre.fgv.br\/noticias\/confianca-empresarial-cai-03-ponto-em-julho-apos-quatro-altas-consecutivas\" style=\"color:blue; text-decoration:underline\"><span style=\"font-size:14.0pt\">Confian&ccedil;a Empresarial cai 0,3 ponto em julho, ap&oacute;s quatro altas consecutivas<\/span><\/a><\/span><\/span><\/span><\/p>\r\n\r\n<p style=\"text-align:justify\"><span style=\"font-size:11pt\"><span style=\"line-height:normal\"><span style=\"font-family:&quot;Calibri&quot;,sans-serif\"><a href=\"https:\/\/portalibre.fgv.br\/noticias\/em-julho-empresas-calibram-suas-expectativas\" style=\"color:blue; text-decoration:underline\"><span style=\"font-size:14.0pt\">Em julho, empresas calibram suas expectativas<\/span><\/a><\/span><\/span><\/span><\/p>\r\n\r\n<p class=\"MsoTitle\" style=\"text-align:justify\"><span style=\"font-size:28pt\"><span style=\"font-family:&quot;Cambria&quot;,serif\"><span style=\"letter-spacing:-0.5pt\"><b><span style=\"font-size:18.0pt\"><span style=\"font-family:&quot;Calibri&quot;,sans-serif\"><span style=\"font-variant:small-caps\">Sustentabilidade<\/span><\/span><\/span><\/b><\/span><\/span><\/span><\/p>\r\n\r\n<p style=\"text-align:justify\"><span style=\"font-size:11pt\"><span style=\"line-height:normal\"><span style=\"font-family:&quot;Calibri&quot;,sans-serif\"><a href=\"https:\/\/repense.eco.br\/?utm_source=Plastico+n%C3%A3o+vil%C3%A3o&amp;utm_medium=email&amp;utm_id=Social\" style=\"color:blue; text-decoration:underline\"><span style=\"font-size:14.0pt\">Movimento Repense - O pl&aacute;stico n&atilde;o &eacute; o vil&atilde;o<\/span><\/a><\/span><\/span><\/span><\/p>\r\n\r\n<p style=\"text-align:justify\"><span style=\"font-size:11pt\"><span style=\"line-height:normal\"><span style=\"font-family:&quot;Calibri&quot;,sans-serif\"><a href=\"https:\/\/conectaverde.com.br\/reciclagem-avancada-um-caminho-para-fechar-o-ciclo-da-economia-circular\/?utm_campaign=conecta_verde_news_16&amp;utm_medium=email&amp;utm_source=RD+Station\" style=\"color:blue; text-decoration:underline\"><span style=\"font-size:14.0pt\">Reciclagem Avan&ccedil;ada: um caminho para fechar o ciclo da economia circular<\/span><\/a><\/span><\/span><\/span><\/p>\r\n\r\n<p style=\"text-align:justify\"><span style=\"font-size:11pt\"><span style=\"line-height:normal\"><span style=\"font-family:&quot;Calibri&quot;,sans-serif\"><a href=\"https:\/\/conectaverde.com.br\/abiplast-e-a-abdi-criam-ferramenta-para-rastrear-residuo-plastico\/?utm_campaign=conecta_verde_news_16&amp;utm_medium=email&amp;utm_source=RD+Station\" style=\"color:blue; text-decoration:underline\"><span style=\"font-size:14.0pt\">ABIPLAST e a ABDI criam ferramenta para rastrear res&iacute;duo pl&aacute;stico do descarte &agrave; reintrodu&ccedil;&atilde;o na cadeia<\/span><\/a><\/span><\/span><\/span><\/p>\r\n\r\n<p style=\"text-align:justify\"><span style=\"font-size:11pt\"><span style=\"line-height:normal\"><span style=\"font-family:&quot;Calibri&quot;,sans-serif\"><a href=\"https:\/\/grandesconstrucoes.com.br\/Noticias\/Exibir\/praticas-esg-ganham-protagonismo-nos-canteiros-de-obras?utm_source=akna&amp;utm_medium=email&amp;utm_campaign=Grandes-Construcoes-Informativo-822-28-07-2022&amp;utm_source=akna&amp;utm_medium=email&amp;utm_campaign=Grandes-Construcoes-Informativo-822-28-07-2022\" style=\"color:blue; text-decoration:underline\"><span style=\"font-size:14.0pt\">Pr&aacute;ticas ESG ganham protagonismo nos canteiros de obras<\/span><\/a><\/span><\/span><\/span><\/p>\r\n\r\n<p style=\"text-align:justify\"><span style=\"font-size:11pt\"><span style=\"line-height:normal\"><span style=\"font-family:&quot;Calibri&quot;,sans-serif\"><a href=\"https:\/\/grandesconstrucoes.com.br\/Noticias\/Exibir\/biorremediacao-e-alternativa-sustentavel-para-reabilitar-solos-contaminados?utm_source=akna&amp;utm_medium=email&amp;utm_campaign=Grandes-Construcoes-Informativo-822-28-07-2022&amp;utm_source=akna&amp;utm_medium=email&amp;utm_campaign=Grandes-Construcoes-Informativo-822-28-07-2022\" style=\"color:blue; text-decoration:underline\"><span style=\"font-size:14.0pt\">Biorremedia&ccedil;&atilde;o &eacute; alternativa sustent&aacute;vel para reabilitar solos contaminados<\/span><\/a><\/span><\/span><\/span><\/p>\r\n\r\n<p style=\"text-align:justify\"><span style=\"font-size:11pt\"><span style=\"line-height:normal\"><span style=\"font-family:&quot;Calibri&quot;,sans-serif\"><a href=\"https:\/\/tissueonline.com.br\/kimberly-clark-progride-em-metas-de-sustentabilidade-para-2030\/?utm_campaign=newsletter_29072022_novo_modelo&amp;utm_medium=email&amp;utm_source=RD+Station\" style=\"color:blue; text-decoration:underline\"><span style=\"font-size:14.0pt\">Kimberly-Clark progride em metas de sustentabilidade para 2030<\/span><\/a><\/span><\/span><\/span><\/p>\r\n\r\n<p class=\"MsoTitle\" style=\"text-align:justify\"><span style=\"font-size:28pt\"><span style=\"font-family:&quot;Cambria&quot;,serif\"><span style=\"letter-spacing:-0.5pt\"><b><span style=\"font-size:18.0pt\"><span style=\"font-family:&quot;Calibri&quot;,sans-serif\"><span style=\"font-variant:small-caps\">Inova&ccedil;&atilde;o<\/span><\/span><\/span><\/b><\/span><\/span><\/span><\/p>\r\n\r\n<p style=\"text-align:justify\"><span style=\"font-size:11pt\"><span style=\"line-height:normal\"><span style=\"font-family:&quot;Calibri&quot;,sans-serif\"><a href=\"https:\/\/estradas.com.br\/tecnologia-de-pavimentacao-em-rodovias-paulistas-utiliza-plastico-descartado\/\" style=\"color:blue; text-decoration:underline\"><span style=\"font-size:14.0pt\">Tecnologia de pavimenta&ccedil;&atilde;o em rodovias paulistas utiliza pl&aacute;stico descartado<\/span><\/a><\/span><\/span><\/span><\/p>\r\n\r\n<p style=\"text-align:justify\"><span style=\"font-size:11pt\"><span style=\"line-height:normal\"><span style=\"font-family:&quot;Calibri&quot;,sans-serif\"><a href=\"https:\/\/exclusivo.com.br\/_conteudo\/moda\/2022\/07\/26\/tenis-e-produzido-com-material-derivado-da-cana-de-acucar.html?utm_campaign=T%C3%AAnis+%C3%A9+produzido+com+material+derivado+da+cana-de-a%C3%A7%C3%BAcar&amp;utm_content=T%C3%AAnis+%C3%A9+produzido+com+material+derivado+da+cana-de-a%C3%A7%C3%BAcar+-+Jornal+Exclusivo+%283%29&amp;utm_medium=email&amp;utm_source=EmailMarketing&amp;utm_term=T%C3%AAnis+%C3%A9+produzido+com+material+derivado+da+cana-de-a%C3%A7%C3%BAcar\" style=\"color:blue; text-decoration:underline\"><span style=\"font-size:14.0pt\">T&ecirc;nis &eacute; produzido com material derivado da cana-de-a&ccedil;&uacute;car<\/span><\/a><strong> <\/strong><\/span><\/span><\/span><\/p>\r\n\r\n<p style=\"text-align:justify\"><span style=\"font-size:11pt\"><span style=\"line-height:normal\"><span style=\"font-family:&quot;Calibri&quot;,sans-serif\"><a href=\"https:\/\/www.inovacaotecnologica.com.br\/noticias\/noticia.php?artigo=isolante-termico-madeira-supera-materiais-base-petroleo&amp;id=010160220801&amp;ebol=sim#.Yukp6RzMKUl\" style=\"color:blue; text-decoration:underline\"><span style=\"font-size:14.0pt\">Isolante t&eacute;rmico de madeira supera materiais &agrave; base de petr&oacute;leo<\/span><\/a><\/span><\/span><\/span><\/p>\r\n\r\n<p style=\"text-align:justify\"><span style=\"font-size:11pt\"><span style=\"line-height:normal\"><span style=\"font-family:&quot;Calibri&quot;,sans-serif\"><a href=\"https:\/\/www.textiletechnology.net\/technical-textiles\/trendreports\/centi-printed-and-flexible-electronics-in-smart-textiles-for-different-industrial-sectors-32601?utm_source=%2Fmeta%2Fnewsletter%2Fnewsletter&amp;utm_medium=newsletter&amp;utm_campaign=nl923&amp;utm_term=0801b20e08c3242125d512808cd74302\" style=\"color:blue; text-decoration:underline\"><span style=\"font-size:14.0pt\">Printed and flexible electronics in smart textiles<\/span><\/a><\/span><\/span><\/span><\/p>\r\n\r\n<p class=\"MsoTitle\" style=\"text-align:justify\"><span style=\"font-size:28pt\"><span style=\"font-family:&quot;Cambria&quot;,serif\"><span style=\"letter-spacing:-0.5pt\"><b><span style=\"font-size:18.0pt\"><span style=\"font-family:&quot;Calibri&quot;,sans-serif\"><span style=\"font-variant:small-caps\">Com&eacute;rcio Exterior<\/span><\/span><\/span><\/b><\/span><\/span><\/span><\/p>\r\n\r\n<p style=\"text-align:justify\"><span style=\"font-size:11pt\"><span style=\"line-height:normal\"><span style=\"font-family:&quot;Calibri&quot;,sans-serif\"><a href=\"https:\/\/agenciabrasil.ebc.com.br\/economia\/noticia\/2022-08\/balanca-comercial-registra-superavit-de-us-544-bilhoes-em-julho\" style=\"color:blue; text-decoration:underline\"><span style=\"font-size:14.0pt\">Balan&ccedil;a comercial registra super&aacute;vit de US$ 5,44 bilh&otilde;es em julho<\/span><\/a><\/span><\/span><\/span><\/p>\r\n\r\n<p style=\"text-align:justify\"><span style=\"font-size:11pt\"><span style=\"line-height:normal\"><span style=\"font-family:&quot;Calibri&quot;,sans-serif\"><a href=\"https:\/\/agenciabrasil.ebc.com.br\/economia\/noticia\/2022-08\/china-ameaca-mercado-cativo-do-brasil-na-america-do-sul\" style=\"color:blue; text-decoration:underline\"><span style=\"font-size:14.0pt\">China amea&ccedil;a mercado cativo do Brasil na Am&eacute;rica do Sul<\/span><\/a><\/span><\/span><\/span><\/p>\r\n\r\n<p style=\"text-align:justify\"><span style=\"font-size:11pt\"><span style=\"line-height:normal\"><span style=\"font-family:&quot;Calibri&quot;,sans-serif\"><a href=\"https:\/\/agenciabrasil.ebc.com.br\/economia\/noticia\/2022-07\/transferencias-cambiais-para-exterior-terao-reducao-de-iof\" style=\"color:blue; text-decoration:underline\"><span style=\"font-size:14.0pt\">Transfer&ecirc;ncias cambiais para exterior ter&atilde;o redu&ccedil;&atilde;o de IOF<\/span><\/a><\/span><\/span><\/span><\/p>\r\n\r\n<p class=\"MsoTitle\" style=\"text-align:justify\"><span style=\"font-size:28pt\"><span style=\"font-family:&quot;Cambria&quot;,serif\"><span style=\"letter-spacing:-0.5pt\"><b><span style=\"font-size:18.0pt\"><span style=\"font-family:&quot;Calibri&quot;,sans-serif\"><span style=\"font-variant:small-caps\">Economia<\/span><\/span><\/span><\/b><\/span><\/span><\/span><\/p>\r\n\r\n<p style=\"text-align:justify\"><span style=\"font-size:11pt\"><span style=\"line-height:normal\"><span style=\"font-family:&quot;Calibri&quot;,sans-serif\"><a href=\"https:\/\/www.bcb.gov.br\/content\/focus\/focus\/R20220729.pdf\" style=\"color:blue; text-decoration:underline\"><span style=\"font-size:14.0pt\">Focus - Relat&oacute;rio de Mercado<\/span><\/a><\/span><\/span><\/span><\/p>\r\n\r\n<p style=\"text-align:justify\"><span style=\"font-size:11pt\"><span style=\"line-height:normal\"><span style=\"font-family:&quot;Calibri&quot;,sans-serif\"><a href=\"https:\/\/www4.bcb.gov.br\/pec\/GCI\/PORT\/focus\/DISTFREQ\/P20220801-Distribui%C3%A7%C3%B5es%20de%20Frequ%C3%AAncia%20das%20Expectativas%20de%20Mercado%20para%20IPCA%20Selic%20PIB%20C%C3%A2mbio.pdf\" style=\"color:blue; text-decoration:underline\"><span style=\"font-size:14.0pt\">Focus - Distribui&ccedil;&otilde;es de Frequ&ecirc;ncia das Expectativas de Mercado para IPCA, Selic, PIB e C&acirc;mbio<\/span><\/a><\/span><\/span><\/span><\/p>\r\n\r\n<p style=\"text-align:justify\"><span style=\"font-size:11pt\"><span style=\"line-height:normal\"><span style=\"font-family:&quot;Calibri&quot;,sans-serif\"><a href=\"https:\/\/agenciabrasil.ebc.com.br\/economia\/noticia\/2022-07\/governo-reduz-ipi-de-produtos-fabricados-no-brasil\" style=\"color:blue; text-decoration:underline\"><span style=\"font-size:14.0pt\">Governo reduz IPI de produtos fabricados no Brasil<\/span><\/a><\/span><\/span><\/span><\/p>\r\n\r\n<p style=\"text-align:justify\"><span style=\"font-size:11pt\"><span style=\"line-height:normal\"><span style=\"font-family:&quot;Calibri&quot;,sans-serif\"><a href=\"https:\/\/agenciabrasil.ebc.com.br\/economia\/noticia\/2022-07\/fmi-melhora-projecao-para-crescimento-do-pib-do-brasil-em-2022\" style=\"color:blue; text-decoration:underline\"><span style=\"font-size:14.0pt\">FMI melhora proje&ccedil;&atilde;o para crescimento do PIB do Brasil em 2022<\/span><\/a><\/span><\/span><\/span><\/p>\r\n\r\n<p style=\"text-align:justify\"><span style=\"font-size:11pt\"><span style=\"line-height:normal\"><span style=\"font-family:&quot;Calibri&quot;,sans-serif\"><a href=\"https:\/\/agenciabrasil.ebc.com.br\/internacional\/noticia\/2022-07\/pib-dos-eua-tem-nova-contracao-no-segundo-trimestre\" style=\"color:blue; text-decoration:underline\"><span style=\"font-size:14.0pt\">PIB dos EUA tem nova contra&ccedil;&atilde;o no segundo trimestre<\/span><\/a><\/span><\/span><\/span><\/p>\r\n\r\n<p style=\"text-align:justify\"><span style=\"font-size:11pt\"><span style=\"line-height:normal\"><span style=\"font-family:&quot;Calibri&quot;,sans-serif\"><a href=\"https:\/\/agenciabrasil.ebc.com.br\/economia\/noticia\/2022-08\/mercado-financeiro-reduz-projecao-da-inflacao-de-730-para-715\" style=\"color:blue; text-decoration:underline\"><span style=\"font-size:14.0pt\">Mercado financeiro reduz proje&ccedil;&atilde;o da infla&ccedil;&atilde;o de 7,30% para 7,15%<\/span><\/a><\/span><\/span><\/span><\/p>\r\n\r\n<p style=\"text-align:justify\"><span style=\"font-size:11pt\"><span style=\"line-height:normal\"><span style=\"font-family:&quot;Calibri&quot;,sans-serif\"><span style=\"font-size:14.0pt\"><a href=\"https:\/\/agenciadenoticias.ibge.gov.br\/agencia-noticias\/2012-agencia-de-noticias\/noticias\/34498-taxa-de-desocupacao-cai-para-9-3-no-segundo-trimestre\" style=\"color:blue; text-decoration:underline\">Taxa de desocupa&ccedil;&atilde;o cai para 9,3% no segundo trimestre<\/a><\/span><\/span><\/span><\/span><\/p>\r\n\r\n<p style=\"text-align:justify\"><span style=\"font-size:11pt\"><span style=\"line-height:normal\"><span style=\"font-family:&quot;Calibri&quot;,sans-serif\"><a href=\"https:\/\/agenciabrasil.ebc.com.br\/economia\/noticia\/2022-07\/brasil-cria-quase-278-mil-empregos-formais-em-junho\" style=\"color:blue; text-decoration:underline\"><span style=\"font-size:14.0pt\">Pa&iacute;s cria quase 278 mil empregos formais em junho<\/span><\/a><\/span><\/span><\/span><\/p>\r\n\r\n<p style=\"text-align:justify\"><span style=\"font-size:11pt\"><span style=\"line-height:normal\"><span style=\"font-family:&quot;Calibri&quot;,sans-serif\"><a href=\"https:\/\/agenciabrasil.ebc.com.br\/economia\/noticia\/2022-07\/ibge-aponta-aumento-da-ocupacao-na-atividade-economica-no-2o-trimestre\" style=\"color:blue; text-decoration:underline\"><span style=\"font-size:14.0pt\">IBGE aponta aumento da ocupa&ccedil;&atilde;o na atividade econ&ocirc;mica no 2&ordm; trimestre<\/span><\/a><\/span><\/span><\/span><\/p>\r\n\r\n<p style=\"text-align:justify\"><span style=\"font-size:11pt\"><span style=\"line-height:normal\"><span style=\"font-family:&quot;Calibri&quot;,sans-serif\"><a href=\"https:\/\/exclusivo.com.br\/_conteudo\/varejo\/2022\/07\/22\/atividade-do-comercio-apresenta-a-maior-alta-em-12-meses.html\" style=\"color:blue; text-decoration:underline\"><span style=\"font-size:14.0pt\">Atividade do com&eacute;rcio apresenta a maior alta em 12 meses<\/span><\/a><\/span><\/span><\/span><\/p>\r\n\r\n<p style=\"text-align:justify\"><span style=\"font-size:11pt\"><span style=\"line-height:normal\"><span style=\"font-family:&quot;Calibri&quot;,sans-serif\"><a href=\"https:\/\/portalibre.fgv.br\/noticias\/indicador-de-incerteza-da-economia-sobe-02-ponto-em-julho\" style=\"color:blue; text-decoration:underline\"><span style=\"font-size:14.0pt\">Indicador de Incerteza da Economia sobe 0,2 ponto em julho<\/span><\/a><\/span><\/span><\/span><\/p>\r\n\r\n<p style=\"text-align:justify\"><span style=\"font-size:11pt\"><span style=\"line-height:normal\"><span style=\"font-family:&quot;Calibri&quot;,sans-serif\"><a href=\"https:\/\/portalibre.fgv.br\/noticias\/sintese-das-sondagens-de-julho-de-2022\" style=\"color:blue; text-decoration:underline\"><span style=\"font-size:14.0pt\">S&iacute;ntese das Sondagens de julho de 2022<\/span><\/a><\/span><\/span><\/span><\/p>\r\n\r\n<p style=\"text-align:justify\"><span style=\"font-size:11pt\"><span style=\"line-height:normal\"><span style=\"font-family:&quot;Calibri&quot;,sans-serif\"><a href=\"https:\/\/www.businessinsider.com\/federal-reserve-hikes-interest-rates-july-credit-loans-inflation-recession-2022-7?nr_email_referer=1&amp;utm_source=Sailthru&amp;utm_medium=email&amp;utm_content=Business_Insider_select&amp;pt=385758&amp;ct=Sailthru_BI_Newsletters&amp;mt=8&amp;utm_campaign=Business%20Insider%20-%20Algorithm%20Test%202022-07-28&amp;utm_term=INSIDER%20SELECT%20-%20ENGAGED%2C%20ACTIVE%2C%20PASSIVE%2C%20DISENGAGED%2C%20NEW\" style=\"color:blue; text-decoration:underline\"><span style=\"font-size:14.0pt\">The Federal Reserve just moved to make your credit cards, mortgages, and car loans more expensive in hopes you&#39;ll spend less and help cool inflation<\/span><\/a><\/span><\/span><\/span><\/p>\r\n","texto_en":"","7":"","imagem":"COMP_banner-padrao-home-destaques-boletim_20220802143312uCTV3mzpei.jpg","8":"COMP_banner-padrao-home-destaques-boletim_20220802143312uCTV3mzpei.jpg","arquivo":"20220802-NOTICIAS-SEMANAIS.PDF","9":"20220802-NOTICIAS-SEMANAIS.PDF","titulo_arquivo":"","10":"","titulo_arquivo_en":"","11":"","created_at":"2022-08-02 14:33:21","12":"2022-08-02 14:33:21","updated_at":"2022-08-02 14:33:21","13":"2022-08-02 14:33:21"},{"id":27,"0":27,"ordem":196,"1":196,"data":"2022-07-26","2":"2022-07-26","slug":"boletim-de-noticias-semanais-24","3":"boletim-de-noticias-semanais-24","titulo":"Boletim de Not\u00edcias Semanais","4":"Boletim de Not\u00edcias Semanais","titulo_en":"","5":"","texto":"<p style=\"text-align:justify\"><span style=\"font-size:11pt\"><span style=\"line-height:normal\"><span calibri=\"\" style=\"font-family:\"><span style=\"font-size:14.0pt\">Esta &eacute; uma compila&ccedil;&atilde;o das not&iacute;cias mais relevantes para o setor, incluindo informa&ccedil;&otilde;es sobre acordos internacionais, economia brasileira, sustentabilidade e mat&eacute;rias primas, al&eacute;m de novidades do setor de N&atilde;otecidos e Tecidos T&eacute;cnicos.<\/span><\/span><\/span><\/span><\/p>\r\n\r\n<p class=\"MsoTitle\" style=\"text-align:justify\"><span style=\"font-size:28pt\"><span cambria=\"\" style=\"font-family:\"><span style=\"letter-spacing:-0.5pt\"><b><span style=\"font-size:18.0pt\"><span calibri=\"\" style=\"font-family:\"><span style=\"font-variant:small-caps\">A&ccedil;&otilde;es da ABINT<\/span><\/span><\/span><\/b><\/span><\/span><\/span><\/p>\r\n\r\n<p style=\"text-align:justify\"><span style=\"font-size:11pt\"><span style=\"line-height:normal\"><span calibri=\"\" style=\"font-family:\"><span class=\"MsoHyperlink\" style=\"color:blue\"><span style=\"text-decoration:underline\"><b><span style=\"font-size:14.0pt\"><span style=\"text-decoration:none\"><span style=\"text-underline:none\">Curso ABINT Tecnologia dos N&atilde;otecidos<\/span><\/span><\/span><\/b><\/span><\/span> <a href=\"https:\/\/www.abint.org.br\/informacao\/cursos-e-eventos\" style=\"color:blue; text-decoration:underline\"><b><span style=\"font-size:14.0pt\">INSCREVA-SE<\/span><\/b><\/a><span class=\"MsoHyperlink\" style=\"color:blue\"><span style=\"text-decoration:underline\"><span style=\"font-size:14.0pt\"><span style=\"text-decoration:none\"><span style=\"text-underline:none\"> <b>para as pr&oacute;ximas turmas!<\/b><\/span><\/span><\/span><\/span><\/span><\/span><\/span><\/span><\/p>\r\n\r\n<p style=\"text-align:justify\">&nbsp;<\/p>\r\n\r\n<p style=\"text-align:justify\"><img height=\"335\" src=\"https:\/\/www.abint.org.br\/assets\/img\/editor\/logo-feiplar-2_20220726134124RFRtoO4huC.jpg\" width=\"584\" \/><\/p>\r\n\r\n<p style=\"text-align:justify\"><span class=\"MsoHyperlink\" style=\"color:blue\"><span style=\"text-decoration:underline\"><b><span style=\"font-size:14.0pt\"><span style=\"line-height:115%\"><span calibri=\"\" style=\"font-family:\"><span style=\"text-decoration:none\"><span style=\"text-underline:none\">A ABINT apoia a FEIPLAR COMPOSITES &amp; FEIPUR<\/span><\/span><\/span><\/span><\/span><\/b><\/span><\/span><span class=\"MsoHyperlink\" style=\"color:blue\"><span style=\"text-decoration:underline\"><span style=\"font-size:14.0pt\"><span style=\"line-height:115%\"><span calibri=\"\" style=\"font-family:\"><span style=\"text-decoration:none\"><span style=\"text-underline:none\">, feira que visa auxiliar o crescimento e desenvolvimento dos mercados de composites, poliuretano e pl&aacute;sticos de engenharia\/ compostos termopl&aacute;sticos em toda a Am&eacute;rica do Sul. Estes mercados t&ecirc;m registrado importante crescimento nos &uacute;ltimos anos e apontam interessantes perspectivas para os pr&oacute;ximos anos tamb&eacute;m. <\/span><\/span><\/span><\/span><\/span><\/span><\/span><span style=\"font-size:11.0pt\"><span style=\"line-height:115%\"><span calibri=\"\" style=\"font-family:\"><a href=\"https:\/\/feiplar.com\/\" style=\"color:blue; text-decoration:underline\"><span style=\"font-size:14.0pt\"><span style=\"line-height:115%\">Informa&ccedil;&otilde;es aqui<\/span><\/span><\/a><\/span><\/span><\/span><span class=\"MsoHyperlink\" style=\"color:blue\"><span style=\"text-decoration:underline\"><span style=\"font-size:14.0pt\"><span style=\"line-height:115%\"><span calibri=\"\" style=\"font-family:\"><span style=\"text-decoration:none\"><span style=\"text-underline:none\">.<\/span><\/span><\/span><\/span><\/span><\/span><\/span><\/p>\r\n\r\n<p style=\"text-align:justify\">&nbsp;<\/p>\r\n\r\n<p style=\"text-align:justify\"><span class=\"MsoHyperlink\" style=\"color:blue\"><span style=\"text-decoration:underline\"><span style=\"font-size:14.0pt\"><span style=\"line-height:115%\"><span calibri=\"\" style=\"font-family:\"><span style=\"text-decoration:none\"><span style=\"text-underline:none\"><img height=\"330\" src=\"https:\/\/www.abint.org.br\/assets\/img\/editor\/partnerkit-conahp-retangular-cth-abint_20220726134305ToQ3JPuv90.png\" width=\"583\" \/><\/span><\/span><\/span><\/span><\/span><\/span><\/span><\/p>\r\n\r\n<p style=\"text-align:justify\"><span class=\"MsoHyperlink\" style=\"color:blue\"><span style=\"text-decoration:underline\"><span style=\"font-size:14.0pt\"><span style=\"line-height:115%\"><span calibri=\"\" style=\"font-family:\"><span style=\"text-decoration:none\"><span style=\"text-underline:none\">O <b>CTH ABINT<\/b> &eacute; patrocinador do <\/span><\/span><\/span><\/span><\/span><\/span><\/span><span class=\"MsoHyperlink\" style=\"color:blue\"><span style=\"text-decoration:underline\"><b><span style=\"font-size:14.0pt\"><span style=\"line-height:115%\"><span calibri=\"\" style=\"font-family:\"><span style=\"text-decoration:none\"><span style=\"text-underline:none\">CONAHP 2022 - Congresso Nacional de Hospitais Privados<\/span><\/span><\/span><\/span><\/span><\/b><\/span><\/span><span class=\"MsoHyperlink\" style=\"color:blue\"><span style=\"text-decoration:underline\"><span style=\"font-size:14.0pt\"><span style=\"line-height:115%\"><span calibri=\"\" style=\"font-family:\"><span style=\"text-decoration:none\"><span style=\"text-underline:none\">, evento que ocorrer&aacute; <b>presencialmente nos dias 10 e 11 de novembro, Transam&eacute;rica Expo Center<\/b>, S&atilde;o Paulo, SP. <\/span><\/span><\/span><\/span><\/span><\/span><\/span><span style=\"font-size:11.0pt\"><span style=\"line-height:115%\"><span calibri=\"\" style=\"font-family:\"><a href=\"https:\/\/conahp.org.br\/2022\/\" style=\"color:blue; text-decoration:underline\"><span style=\"font-size:14.0pt\"><span style=\"line-height:115%\">Informa&ccedil;&otilde;es aqui<\/span><\/span><\/a><\/span><\/span><\/span><span class=\"MsoHyperlink\" style=\"color:blue\"><span style=\"text-decoration:underline\"><span style=\"font-size:14.0pt\"><span style=\"line-height:115%\"><span calibri=\"\" style=\"font-family:\"><span style=\"text-decoration:none\"><span style=\"text-underline:none\">.<\/span><\/span><\/span><\/span><\/span><\/span><\/span><\/p>\r\n\r\n<p style=\"text-align:justify\">&nbsp;<\/p>\r\n\r\n<p style=\"text-align:justify\"><span style=\"font-size:11pt\"><span style=\"line-height:normal\"><span calibri=\"\" style=\"font-family:\"><b><span style=\"font-size:18.0pt\"><span style=\"font-variant:small-caps\">Eventos<\/span><\/span><\/b><\/span><\/span><\/span><\/p>\r\n\r\n<p style=\"text-align:justify\"><span style=\"font-size:11pt\"><span style=\"line-height:normal\"><span calibri=\"\" style=\"font-family:\"><span class=\"MsoHyperlink\" style=\"color:blue\"><span style=\"text-decoration:underline\"><b><span style=\"font-size:14.0pt\"><span style=\"text-decoration:none\"><span style=\"text-underline:none\">Workshop ABIT | Seguran&ccedil;a do trabalho - A ergonomia na ind&uacute;stria t&ecirc;xtil<\/span><\/span><\/span><\/b><\/span><\/span><span class=\"MsoHyperlink\" style=\"color:blue\"><span style=\"text-decoration:underline\"><span style=\"font-size:14.0pt\"><span style=\"text-decoration:none\"><span style=\"text-underline:none\">, 27 de julho, Rua Marqu&ecirc;s de Itu, 968, S&atilde;o Paulo. <\/span><\/span><\/span><\/span><\/span><a href=\"https:\/\/app.rdstation.email\/mail\/0a901722-a1dc-4ea7-9228-5f0274591810?utm_campaign=convite_workshop_abit_-seguranca_trabalho&amp;utm_medium=email&amp;utm_source=RD+Station\" style=\"color:blue; text-decoration:underline\"><span style=\"font-size:14.0pt\">Informa&ccedil;&otilde;es aqui<\/span><\/a><span class=\"MsoHyperlink\" style=\"color:blue\"><span style=\"text-decoration:underline\"><span style=\"font-size:14.0pt\"><span style=\"text-decoration:none\"><span style=\"text-underline:none\">.<\/span><\/span><\/span><\/span><\/span><\/span><\/span><\/span><\/p>\r\n\r\n<p style=\"text-align:justify\"><span style=\"font-size:11pt\"><span style=\"line-height:normal\"><span calibri=\"\" style=\"font-family:\"><span class=\"MsoHyperlink\" style=\"color:blue\"><span style=\"text-decoration:underline\"><span style=\"font-size:14.0pt\"><span style=\"text-decoration:none\"><span style=\"text-underline:none\">Webinar <b>VDI-Brasil P&iacute;lulas do Conhecimento: 5 Li&ccedil;&otilde;es Aprendidas com a Implementa&ccedil;&atilde;o de Projetos de Ind&uacute;stria 4.0<\/b>, com Professor e Pesquisador Ari Nelson Rodrigues Costa, do IMT - Instituto Mau&aacute; de Tecnologia, 27 de julho, &agrave;s 10h00. <\/span><\/span><\/span><\/span><\/span><a href=\"https:\/\/us02web.zoom.us\/webinar\/register\/WN_bnXrw8oASIiPgg2tpK7Jtg?utm_campaign=engineering_pills_-_ari_117&amp;utm_medium=email&amp;utm_source=RD+Station\" style=\"color:blue; text-decoration:underline\"><span style=\"font-size:14.0pt\">Inscreva-se aqui<\/span><\/a><span class=\"MsoHyperlink\" style=\"color:blue\"><span style=\"text-decoration:underline\"><span style=\"font-size:14.0pt\"><span style=\"text-decoration:none\"><span style=\"text-underline:none\">.<\/span><\/span><\/span><\/span><\/span><\/span><\/span><\/span><\/p>\r\n\r\n<p style=\"text-align:justify\"><span style=\"font-size:11pt\"><span style=\"line-height:normal\"><span calibri=\"\" style=\"font-family:\"><span class=\"MsoHyperlink\" style=\"color:blue\"><span style=\"text-decoration:underline\"><b><span style=\"font-size:14.0pt\"><span style=\"text-decoration:none\"><span style=\"text-underline:none\">CNI\/ Apex\/ Sebrae: Semin&aacute;rio Oportunidades de Neg&oacute;cios com o Chile<\/span><\/span><\/span><\/b><\/span><\/span><span class=\"MsoHyperlink\" style=\"color:blue\"><span style=\"text-decoration:underline\"><span style=\"font-size:14.0pt\"><span style=\"text-decoration:none\"><span style=\"text-underline:none\">, 03 de agosto de 2022, online e gratuito. <\/span><\/span><\/span><\/span><\/span><a href=\"https:\/\/www.portaldaindustria.com.br\/eventos\/pt\/edicoes\/seminario-oportunidades-de-negocios-com-o-chile-se?c=CNI&amp;p=2312127&amp;t=publica-base-fluida.html#msdynttrid=5KjSHMsxsuEe0nKio2jL4GBEP9SVTzKKzUQps521bYg\" style=\"color:blue; text-decoration:underline\"><span style=\"font-size:14.0pt\">Informa&ccedil;&otilde;es aqui<\/span><\/a><span class=\"MsoHyperlink\" style=\"color:blue\"><span style=\"text-decoration:underline\"><span style=\"font-size:14.0pt\"><span style=\"text-decoration:none\"><span style=\"text-underline:none\">.<\/span><\/span><\/span><\/span><\/span><\/span><\/span><\/span><\/p>\r\n\r\n<p style=\"text-align:justify\"><span style=\"font-size:11pt\"><span style=\"line-height:normal\"><span calibri=\"\" style=\"font-family:\"><span class=\"MsoHyperlink\" style=\"color:blue\"><span style=\"text-decoration:underline\"><b><span style=\"font-size:14.0pt\"><span style=\"text-decoration:none\"><span style=\"text-underline:none\">Instituto Avan&ccedil;ado do Pl&aacute;stico: Curso Reciclagem de Pl&aacute;sticos<\/span><\/span><\/span><\/b><\/span><\/span><span class=\"MsoHyperlink\" style=\"color:blue\"><span style=\"text-decoration:underline\"><span style=\"font-size:14.0pt\"><span style=\"text-decoration:none\"><span style=\"text-underline:none\">, 05 e 06 de agosto. <\/span><\/span><\/span><\/span><\/span><a href=\"https:\/\/www.planetaplastico.com.br\/curso-reciclagem-de-plasticos\" style=\"color:blue; text-decoration:underline\"><span style=\"font-size:14.0pt\">Informa&ccedil;&otilde;es aqui<\/span><\/a><span class=\"MsoHyperlink\" style=\"color:blue\"><span style=\"text-decoration:underline\"><span style=\"font-size:14.0pt\"><span style=\"text-decoration:none\"><span style=\"text-underline:none\">.<\/span><\/span><\/span><\/span><\/span><\/span><\/span><\/span><\/p>\r\n\r\n<p style=\"text-align:justify\"><span style=\"font-size:11pt\"><span style=\"line-height:normal\"><span calibri=\"\" style=\"font-family:\"><span class=\"MsoHyperlink\" style=\"color:blue\"><span style=\"text-decoration:underline\"><b><span style=\"font-size:14.0pt\"><span style=\"text-decoration:none\"><span style=\"text-underline:none\">Jornada de Enfermagem em Central de Material e Esteriliza&ccedil;&atilde;o<\/span><\/span><\/span><\/b><\/span><\/span><span class=\"MsoHyperlink\" style=\"color:blue\"><span style=\"text-decoration:underline\"><span style=\"font-size:14.0pt\"><span style=\"text-decoration:none\"><span style=\"text-underline:none\">, 23 de agosto, Expominas, Belo Horizonte. <\/span><\/span><\/span><\/span><\/span><a href=\"https:\/\/nascecme.com.br\/jornada-de-enfermagem-em-central-de-material-e-esterilizacao\/\" style=\"color:blue; text-decoration:underline\"><span style=\"font-size:14.0pt\">Informa&ccedil;&otilde;es aqui<\/span><\/a><span class=\"MsoHyperlink\" style=\"color:blue\"><span style=\"text-decoration:underline\"><span style=\"font-size:14.0pt\"><span style=\"text-decoration:none\"><span style=\"text-underline:none\">.<\/span><\/span><\/span><\/span><\/span><\/span><\/span><\/span><\/p>\r\n\r\n<p style=\"text-align:justify\"><span style=\"font-size:11pt\"><span style=\"line-height:normal\"><span calibri=\"\" style=\"font-family:\"><span class=\"MsoHyperlink\" style=\"color:blue\"><span style=\"text-decoration:underline\"><b><span style=\"font-size:14.0pt\"><span style=\"text-decoration:none\"><span style=\"text-underline:none\">FICONS &ndash; XII Feira Internacional de Materiais, Equipamentos e Servi&ccedil;os da Constru&ccedil;&atilde;o<\/span><\/span><\/span><\/b><\/span><\/span><span class=\"MsoHyperlink\" style=\"color:blue\"><span style=\"text-decoration:underline\"><span style=\"font-size:14.0pt\"><span style=\"text-decoration:none\"><span style=\"text-underline:none\">, 26 de agosto, no Centro de Conven&ccedil;&otilde;es de Pernambuco. <\/span><\/span><\/span><\/span><\/span><a href=\"https:\/\/www.ficons.com.br\/2022\/index\" style=\"color:blue; text-decoration:underline\"><span style=\"font-size:14.0pt\">Informa&ccedil;&otilde;es aqui<\/span><\/a><span class=\"MsoHyperlink\" style=\"color:blue\"><span style=\"text-decoration:underline\"><span style=\"font-size:14.0pt\"><span style=\"text-decoration:none\"><span style=\"text-underline:none\">.<\/span><\/span><\/span><\/span><\/span><\/span><\/span><\/span><\/p>\r\n\r\n<p style=\"text-align:justify\"><span style=\"font-size:11pt\"><span style=\"line-height:normal\"><span calibri=\"\" style=\"font-family:\"><span class=\"MsoHyperlink\" style=\"color:blue\"><span style=\"text-decoration:underline\"><span style=\"font-size:14.0pt\"><span style=\"text-decoration:none\"><span style=\"text-underline:none\"><strong>Semin&aacute;rio Sindit&ecirc;xtil-SP &ldquo;Efici&ecirc;ncia e Transi&ccedil;&atilde;o Energ&eacute;tica&rdquo;<\/strong>, 28 de agosto, Rua Marqu&ecirc;s de Itu, 968, S&atilde;o Paulo. <\/span><\/span><\/span><\/span><\/span><a href=\"https:\/\/s3.sa-east-1.amazonaws.com\/sindi-files.sinditextilsp.org.br\/site\/sindi_90anos\/Seminario_eficiencia_energetica\/Programa%C3%A7%C3%A3o+Semin%C3%A1rio+Efici%C3%AAncia+e+Transi%C3%A7%C3%A3o+Energ%C3%A9tica.pdf?utm_campaign=convite_seminario_energia&amp;utm_medium=email&amp;utm_source=RD+Station\" style=\"color:blue; text-decoration:underline\"><span style=\"font-size:14.0pt\">Programa&ccedil;&atilde;o<\/span><\/a><span class=\"MsoHyperlink\" style=\"color:blue\"><span style=\"text-decoration:underline\"><span style=\"font-size:14.0pt\"><span style=\"text-decoration:none\"><span style=\"text-underline:none\">. <\/span><\/span><\/span><\/span><\/span><a href=\"https:\/\/eventos.abit.org.br\/Subs.aspx?key=e76786ff-e0ac-447b-81b1-a7dd2c2c3217&amp;utm_campaign=convite_seminario_energia&amp;utm_medium=email&amp;utm_source=RD+Station\" style=\"color:blue; text-decoration:underline\"><span style=\"font-size:14.0pt\">Inscri&ccedil;&otilde;es<\/span><\/a><span class=\"MsoHyperlink\" style=\"color:blue\"><span style=\"text-decoration:underline\"><span style=\"font-size:14.0pt\"><span style=\"text-decoration:none\"><span style=\"text-underline:none\">.<\/span><\/span><\/span><\/span><\/span><\/span><\/span><\/span><\/p>\r\n\r\n<p style=\"text-align:justify\"><span style=\"font-size:11pt\"><span style=\"line-height:normal\"><span calibri=\"\" style=\"font-family:\"><span class=\"MsoHyperlink\" style=\"color:blue\"><span style=\"text-decoration:underline\"><b><span style=\"font-size:14.0pt\"><span style=\"text-decoration:none\"><span style=\"text-underline:none\">Feira HospitalMed, <\/span><\/span><\/span><\/b><\/span><\/span><span class=\"MsoHyperlink\" style=\"color:blue\"><span style=\"text-decoration:underline\"><span style=\"font-size:14.0pt\"><span style=\"text-decoration:none\"><span style=\"text-underline:none\">19 a 21 de outubro, Centro de Conven&ccedil;&otilde;es de Pernambuco. <\/span><\/span><\/span><\/span><\/span><a href=\"https:\/\/hospitalmed.com.br\/feira\/\" style=\"color:blue; text-decoration:underline\"><span style=\"font-size:14.0pt\">Informa&ccedil;&otilde;es aqui.<\/span><\/a><\/span><\/span><\/span><\/p>\r\n\r\n<p style=\"text-align:justify\"><span style=\"font-size:11pt\"><span style=\"line-height:normal\"><span calibri=\"\" style=\"font-family:\"><span class=\"MsoHyperlink\" style=\"color:blue\"><span style=\"text-decoration:underline\"><b><span style=\"font-size:14.0pt\"><span style=\"text-decoration:none\"><span style=\"text-underline:none\">Innovate: Zero Carbon, Textiles&#39; journey to zero carbon<\/span><\/span><\/span><\/b><\/span><\/span><\/span><\/span><\/span><\/p>\r\n\r\n<p style=\"text-align:justify\"><span style=\"font-size:11pt\"><span style=\"line-height:normal\"><span calibri=\"\" style=\"font-family:\"><span class=\"MsoHyperlink\" style=\"color:blue\"><span style=\"text-decoration:underline\"><span style=\"font-size:14.0pt\"><span style=\"text-decoration:none\"><span style=\"text-underline:none\">When: 1-3 Nov 2022<\/span><\/span><\/span><\/span><\/span><\/span><\/span><\/span><\/p>\r\n\r\n<p style=\"text-align:justify\"><span style=\"font-size:11pt\"><span style=\"line-height:normal\"><span calibri=\"\" style=\"font-family:\"><span class=\"MsoHyperlink\" style=\"color:blue\"><span style=\"text-decoration:underline\"><span style=\"font-size:14.0pt\"><span style=\"text-decoration:none\"><span style=\"text-underline:none\">What time: 13:00&ndash;17:00 UTC \/ 9:00&ndash;13:00 EDT<\/span><\/span><\/span><\/span><\/span><\/span><\/span><\/span><\/p>\r\n\r\n<p style=\"text-align:justify\"><span style=\"font-size:11pt\"><span style=\"line-height:normal\"><span calibri=\"\" style=\"font-family:\"><span class=\"MsoHyperlink\" style=\"color:blue\"><span style=\"text-decoration:underline\"><span style=\"font-size:14.0pt\"><span style=\"text-decoration:none\"><span style=\"text-underline:none\">Where: Virtual, <\/span><\/span><\/span><\/span><\/span><a href=\"https:\/\/events.wtin.com\/event\/f5bac4f2-d902-41ba-9153-a4d80622877c\/summary\" style=\"color:blue; text-decoration:underline\"><span style=\"font-size:14.0pt\">events.wtin.com\/innovate<\/span><\/a><\/span><\/span><\/span><\/p>\r\n\r\n<p class=\"MsoTitle\" style=\"text-align:justify\"><span style=\"font-size:28pt\"><span cambria=\"\" style=\"font-family:\"><span style=\"letter-spacing:-0.5pt\"><b><span style=\"font-size:18.0pt\"><span calibri=\"\" style=\"font-family:\"><span style=\"font-variant:small-caps\">Setor<\/span><\/span><\/span><\/b><\/span><\/span><\/span><\/p>\r\n\r\n<p style=\"text-align:justify\"><span style=\"font-size:11pt\"><span style=\"line-height:normal\"><span calibri=\"\" style=\"font-family:\"><a href=\"https:\/\/pressroom.ifc.org\/all\/pages\/PressDetail.aspx?ID=27100#:~:text=%E2%80%8BS%C3%A3o%20Paulo%2C%2018%20de,impacto%20para%20o%20meio%20ambiente.\" style=\"color:blue; text-decoration:underline\"><span style=\"font-size:14.0pt\">IFC apoia Fitesa no fortalecimento da capacidade de produ&ccedil;&atilde;o de n&atilde;otecidos de sa&uacute;de, com tecnologia mais sustent&aacute;vel<\/span><\/a><\/span><\/span><\/span><\/p>\r\n\r\n<p style=\"text-align:justify\"><span style=\"font-size:11pt\"><span style=\"line-height:normal\"><span calibri=\"\" style=\"font-family:\"><a href=\"https:\/\/economia.uol.com.br\/noticias\/reuters\/2022\/07\/21\/utilizacao-das-centrais-da-braskem-cai-no-2-tri-com-paradas-e-falta-de-materia-prima.htm\" style=\"color:blue; text-decoration:underline\"><span style=\"font-size:14.0pt\">Utiliza&ccedil;&atilde;o das centrais da Braskem cai no 2&deg; tri com paradas e falta de mat&eacute;ria-prima<\/span><\/a><\/span><\/span><\/span><\/p>\r\n\r\n<p style=\"text-align:justify\"><span style=\"font-size:11pt\"><span style=\"line-height:normal\"><span calibri=\"\" style=\"font-family:\"><a href=\"https:\/\/plasticosemrevista.com.br\/europa-petroquimica-se-previne-contra-racionamento-de-gas-natural\/\" style=\"color:blue; text-decoration:underline\"><span style=\"font-size:14.0pt\">Europa: petroqu&iacute;mica se previne contra racionamento de g&aacute;s natural<\/span><\/a><\/span><\/span><\/span><\/p>\r\n\r\n<p style=\"text-align:justify\"><span style=\"font-size:11pt\"><span style=\"line-height:normal\"><span calibri=\"\" style=\"font-family:\"><a href=\"https:\/\/tissueonline.com.br\/inflacao-em-alta-precos-do-pacote-de-fraldas-ultrapassam-r-100\/?utm_campaign=newsletter_22072022_novo_modelo&amp;utm_medium=email&amp;utm_source=RD+Station\" style=\"color:blue; text-decoration:underline\"><span style=\"font-size:14.0pt\">Infla&ccedil;&atilde;o em alta: pre&ccedil;os do pacote de fraldas ultrapassam R$ 100<\/span><\/a><\/span><\/span><\/span><\/p>\r\n\r\n<p style=\"text-align:justify\"><span style=\"font-size:11pt\"><span style=\"line-height:normal\"><span calibri=\"\" style=\"font-family:\"><a href=\"https:\/\/tissueonline.com.br\/maior-desafio-do-setor-de-incontinencia-urinaria-e-a-quebra-de-tabus-diz-executiva-da-essity\/?utm_campaign=maior_desafio_do_setor_de_incontinencia_urinaria_e_a_quebra_de_tabus_diz_executiva_da_essity&amp;utm_medium=email&amp;utm_source=RD+Station\" style=\"color:blue; text-decoration:underline\"><span style=\"font-size:14.0pt\">Maior desafio do setor de incontin&ecirc;ncia urin&aacute;ria &eacute; a quebra de tabus, diz executiva da Essity<\/span><\/a><\/span><\/span><\/span><\/p>\r\n\r\n<p style=\"text-align:justify\"><span style=\"font-size:11pt\"><span style=\"line-height:normal\"><span calibri=\"\" style=\"font-family:\"><a href=\"http:\/\/www.interempresas.net\/Plastico\/Articulos\/395713-Repsol-invertira-4-5-millones-de-euros-en-esta-nueva-linea-de-Polidux-en-Monzon.html\" style=\"color:blue; text-decoration:underline\"><span style=\"font-size:14.0pt\">Repsol invertir&aacute; 4,5 millones de euros en esta nueva l&iacute;nea de Polidux en Monz&oacute;n<\/span><\/a><\/span><\/span><\/span><\/p>\r\n\r\n<p style=\"text-align:justify\"><span style=\"font-size:11pt\"><span style=\"line-height:normal\"><span calibri=\"\" style=\"font-family:\"><a href=\"https:\/\/bahia.ba\/salvador\/prefeitura-entrega-geomanta-para-a-comunidade-de-pero-vaz\/\" style=\"color:blue; text-decoration:underline\"><span style=\"font-size:14.0pt\">Prefeitura entrega geomanta para a comunidade de Pero Vaz<\/span><\/a><\/span><\/span><\/span><\/p>\r\n\r\n<p style=\"text-align:justify\"><span style=\"font-size:11pt\"><span style=\"line-height:normal\"><span calibri=\"\" style=\"font-family:\"><a href=\"https:\/\/torres.rs.gov.br\/2022\/07\/20\/complexo-esportivo-municipal-do-torrense-recebe-melhorias-na-pista-atletica\/\" style=\"color:blue; text-decoration:underline\"><span style=\"font-size:14.0pt\">Geot&ecirc;xteis: complexo Esportivo Municipal do Torrense recebe melhorias na pista atl&eacute;tica<\/span><\/a><\/span><\/span><\/span><\/p>\r\n\r\n<p style=\"text-align:justify\"><span style=\"font-size:11pt\"><span style=\"line-height:normal\"><span calibri=\"\" style=\"font-family:\"><a href=\"https:\/\/www.technicaltextile.net\/news\/global-automotive-textile-market-to-grow-5-75-by-2023--281872.html\" style=\"color:blue; text-decoration:underline\"><span style=\"font-size:14.0pt\">Global Automotive textile market to grow 5.75% by 2023<\/span><\/a><\/span><\/span><\/span><\/p>\r\n\r\n<p class=\"MsoTitle\" style=\"text-align:justify\"><span style=\"font-size:28pt\"><span cambria=\"\" style=\"font-family:\"><span style=\"letter-spacing:-0.5pt\"><b><span style=\"font-size:18.0pt\"><span calibri=\"\" style=\"font-family:\"><span style=\"font-variant:small-caps\">Ind&uacute;stria<\/span><\/span><\/span><\/b><\/span><\/span><\/span><\/p>\r\n\r\n<p style=\"text-align:justify\"><span style=\"font-size:11pt\"><span style=\"line-height:normal\"><span calibri=\"\" style=\"font-family:\"><a href=\"https:\/\/autoentusiastas.com.br\/2022\/07\/mercado-em-junho-com-os-dois-pes-no-freio\/\" style=\"color:blue; text-decoration:underline\"><span style=\"font-size:14.0pt\">Mercado automotivo em junho: com os dois p&eacute;s no freio<\/span><\/a><\/span><\/span><\/span><\/p>\r\n\r\n<p style=\"text-align:justify\"><span style=\"font-size:11pt\"><span style=\"line-height:normal\"><span calibri=\"\" style=\"font-family:\"><a href=\"https:\/\/www.automotivebusiness.com.br\/pt\/posts\/setor-automotivo\/sem-componentes-vw-dara-ferias-coletivas-em-taubate\/\" style=\"color:blue; text-decoration:underline\"><span style=\"font-size:14.0pt\">Sem componentes, VW dar&aacute; f&eacute;rias coletivas em Taubat&eacute;<\/span><\/a><\/span><\/span><\/span><\/p>\r\n\r\n<p style=\"text-align:justify\"><span style=\"font-size:11pt\"><span style=\"line-height:normal\"><span calibri=\"\" style=\"font-family:\"><a href=\"https:\/\/noticias.portaldaindustria.com.br\/noticias\/economia\/aumento-no-preco-dos-insumos-e-o-maior-problema-da-construcao-ha-24-meses\/\" style=\"color:blue; text-decoration:underline\"><span style=\"font-size:14.0pt\">Aumento no pre&ccedil;o dos insumos &eacute; o maior problema da constru&ccedil;&atilde;o h&aacute; 24 meses<\/span><\/a><\/span><\/span><\/span><\/p>\r\n\r\n<p style=\"text-align:justify\"><span style=\"font-size:11pt\"><span style=\"line-height:normal\"><span calibri=\"\" style=\"font-family:\"><a href=\"https:\/\/almaco.org.br\/2022\/07\/21\/a-transformacao-da-industria-automotiva-nos-proximos-20-anos\/\" style=\"color:blue; text-decoration:underline\"><span style=\"font-size:14.0pt\">A transforma&ccedil;&atilde;o da ind&uacute;stria automotiva nos pr&oacute;ximos 20 anos<\/span><\/a><\/span><\/span><\/span><\/p>\r\n\r\n<p style=\"text-align:justify\"><span style=\"font-size:11pt\"><span style=\"line-height:normal\"><span calibri=\"\" style=\"font-family:\"><a href=\"https:\/\/blogdoibre.fgv.br\/posts\/como-interpretar-evolucao-da-produtividade-dos-estados-unidos-durante-pandemia\" style=\"color:blue; text-decoration:underline\"><span style=\"font-size:14.0pt\">Como interpretar a evolu&ccedil;&atilde;o da produtividade dos Estados Unidos durante a pandemia?<\/span><\/a><\/span><\/span><\/span><\/p>\r\n\r\n<p class=\"MsoTitle\" style=\"text-align:justify\"><span style=\"font-size:28pt\"><span cambria=\"\" style=\"font-family:\"><span style=\"letter-spacing:-0.5pt\"><b><span style=\"font-size:18.0pt\"><span calibri=\"\" style=\"font-family:\"><span style=\"font-variant:small-caps\">Sustentabilidade<\/span><\/span><\/span><\/b><\/span><\/span><\/span><\/p>\r\n\r\n<p style=\"text-align:justify\"><span style=\"font-size:11pt\"><span style=\"line-height:normal\"><span calibri=\"\" style=\"font-family:\"><a href=\"https:\/\/www.bbc.com\/portuguese\/vert-fut-61907270\" style=\"color:blue; text-decoration:underline\"><span style=\"font-size:14.0pt\">&Eacute; poss&iacute;vel viver sem pl&aacute;stico?<\/span><\/a><\/span><\/span><\/span><\/p>\r\n\r\n<p style=\"text-align:justify\"><span style=\"font-size:11pt\"><span style=\"line-height:normal\"><span calibri=\"\" style=\"font-family:\"><a href=\"https:\/\/ciclovivo.com.br\/planeta\/meio-ambiente\/estudo-detecta-microplasticos-em-carne-e-leite-de-animais-de-fazenda\/\" style=\"color:blue; text-decoration:underline\"><span style=\"font-size:14.0pt\">Estudo detecta micropl&aacute;sticos em carne e leite de animais de fazenda<\/span><\/a><\/span><\/span><\/span><\/p>\r\n\r\n<p style=\"text-align:justify\"><span style=\"font-size:11pt\"><span style=\"line-height:normal\"><span calibri=\"\" style=\"font-family:\"><a href=\"https:\/\/portal.comunique-se.com.br\/index.php\/pesquisa-revela-que-nao-havera-universalizacao-do-saneamento-ate-2033-no-pais\/\" style=\"color:blue; text-decoration:underline\"><span style=\"font-size:14.0pt\">Pesquisa revela que n&atilde;o haver&aacute; universaliza&ccedil;&atilde;o do saneamento at&eacute; 2033 no pa&iacute;s<\/span><\/a><\/span><\/span><\/span><\/p>\r\n\r\n<p style=\"text-align:justify\"><span style=\"font-size:11pt\"><span style=\"line-height:normal\"><span calibri=\"\" style=\"font-family:\"><a href=\"https:\/\/www.consumidormoderno.com.br\/2022\/07\/21\/produtos-sustentaveis-mercado-livre\/\" style=\"color:blue; text-decoration:underline\"><span style=\"font-size:14.0pt\">Dispara o consumo online de produtos sustent&aacute;veis no Brasil<\/span><\/a><\/span><\/span><\/span><\/p>\r\n\r\n<p style=\"text-align:justify\"><span style=\"font-size:11pt\"><span style=\"line-height:normal\"><span calibri=\"\" style=\"font-family:\"><a href=\"https:\/\/almaco.org.br\/2022\/07\/21\/construcao-civil-sustentavel-como-estamos-em-relacao-ao-resto-do-mundo\/\" style=\"color:blue; text-decoration:underline\"><span style=\"font-size:14.0pt\">Constru&ccedil;&atilde;o civil sustent&aacute;vel: como estamos em rela&ccedil;&atilde;o ao resto do mundo<\/span><\/a><\/span><\/span><\/span><\/p>\r\n\r\n<p style=\"text-align:justify\"><span style=\"font-size:11pt\"><span style=\"line-height:normal\"><span calibri=\"\" style=\"font-family:\"><a href=\"https:\/\/www.innovationintextiles.com\/industry-talk\/polyester-textiletotextile-trials-in-europe\/\" style=\"color:blue; text-decoration:underline\"><span style=\"font-size:14.0pt\">Polyester textile-to-textile trials in Europe<\/span><\/a><\/span><\/span><\/span><\/p>\r\n\r\n<p style=\"text-align:justify\"><span style=\"font-size:11pt\"><span style=\"line-height:normal\"><span calibri=\"\" style=\"font-family:\"><a href=\"https:\/\/www.capitalreset.com\/europa-ve-fuga-de-investidores-de-fundos-esg\/\" style=\"color:blue; text-decoration:underline\"><span style=\"font-size:14.0pt\">Europa v&ecirc; fuga de investidores de fundos ESG<\/span><\/a><\/span><\/span><\/span><\/p>\r\n\r\n<p class=\"MsoTitle\" style=\"text-align:justify\"><span style=\"font-size:28pt\"><span cambria=\"\" style=\"font-family:\"><span style=\"letter-spacing:-0.5pt\"><b><span style=\"font-size:18.0pt\"><span calibri=\"\" style=\"font-family:\"><span style=\"font-variant:small-caps\">Inova&ccedil;&atilde;o<\/span><\/span><\/span><\/b><\/span><\/span><\/span><\/p>\r\n\r\n<p style=\"text-align:justify\"><span style=\"font-size:11pt\"><span style=\"line-height:normal\"><span calibri=\"\" style=\"font-family:\"><a href=\"https:\/\/jovempan.com.br\/programas\/jornal-da-manha\/criado-no-brasil-sistema-inovador-de-tratamento-de-agua-ganha-destaque-internacional.html\" style=\"color:blue; text-decoration:underline\"><span style=\"font-size:14.0pt\">Criado no Brasil, sistema inovador de tratamento de &aacute;gua ganha destaque internacional<\/span><\/a><\/span><\/span><\/span><\/p>\r\n\r\n<p style=\"text-align:justify\"><span style=\"font-size:11pt\"><span style=\"line-height:normal\"><span calibri=\"\" style=\"font-family:\"><a href=\"https:\/\/www.textiletechnology.net\/technical-textiles\/news\/nova-institute-native-bast-fibers-for-automotive-applications-32548?utm_source=%2Fmeta%2Fnewsletter%2Fnewsletter&amp;utm_medium=newsletter&amp;utm_campaign=nl915&amp;utm_term=0801b20e08c3242125d512808cd74302\" style=\"color:blue; text-decoration:underline\"><span style=\"font-size:14.0pt\">Native bast fibers for automotive applications<\/span><\/a><\/span><\/span><\/span><\/p>\r\n\r\n<p style=\"text-align:justify\"><span style=\"font-size:11pt\"><span style=\"line-height:normal\"><span calibri=\"\" style=\"font-family:\"><a href=\"https:\/\/www.textiletechnology.net\/technical-textiles\/news\/mit-smart-textiles-sense-how-their-users-are-moving-32572?utm_source=%2Fmeta%2Fnewsletter%2Fnewsletter&amp;utm_medium=newsletter&amp;utm_campaign=nl916&amp;utm_term=0801b20e08c3242125d512808cd74302\" style=\"color:blue; text-decoration:underline\"><span style=\"font-size:14.0pt\">Smart textiles sense how their users are moving<\/span><\/a><\/span><\/span><\/span><\/p>\r\n\r\n<p style=\"text-align:justify\"><span style=\"font-size:11pt\"><span style=\"line-height:normal\"><span calibri=\"\" style=\"font-family:\"><a href=\"https:\/\/www.textiletechnology.net\/technical-textiles\/trendreports\/holst-centre-from-printed-electronics-to-smart-clothes-that-reduce-stress-32550?utm_source=%2Fmeta%2Fnewsletter%2Fnewsletter&amp;utm_medium=newsletter&amp;utm_campaign=nl916&amp;utm_term=0801b20e08c3242125d512808cd74302\" style=\"color:blue; text-decoration:underline\"><span style=\"font-size:14.0pt\">From printed electronics to smart clothes that reduce stress<\/span><\/a><\/span><\/span><\/span><\/p>\r\n\r\n<p class=\"MsoTitle\" style=\"text-align:justify\"><span style=\"font-size:28pt\"><span cambria=\"\" style=\"font-family:\"><span style=\"letter-spacing:-0.5pt\"><b><span style=\"font-size:18.0pt\"><span calibri=\"\" style=\"font-family:\"><span style=\"font-variant:small-caps\">Com&eacute;rcio Exterior<\/span><\/span><\/span><\/b><\/span><\/span><\/span><\/p>\r\n\r\n<p style=\"text-align:justify\"><span style=\"font-size:11pt\"><span style=\"line-height:normal\"><span calibri=\"\" style=\"font-family:\"><a href=\"https:\/\/www.assintecal.org.br\/noticias\/4160\/exportacoes-de-componentes-para-calcados-geraram-us-214-milhoes\" style=\"color:blue; text-decoration:underline\"><span style=\"font-size:14.0pt\">Exporta&ccedil;&otilde;es de componentes para cal&ccedil;ados geraram US$ 214 milh&otilde;es<\/span><\/a><\/span><\/span><\/span><\/p>\r\n\r\n<p style=\"text-align:justify\"><span style=\"font-size:11pt\"><span style=\"line-height:normal\"><span calibri=\"\" style=\"font-family:\"><a href=\"https:\/\/www.gov.br\/economia\/pt-br\/assuntos\/noticias\/2022\/julho\/conselho-reduz-em-10-as-aliquotas-da-tarifa-externa-comum-do-mercosul\" style=\"color:blue; text-decoration:underline\"><span style=\"font-size:14.0pt\">Conselho reduz em 10% as al&iacute;quotas da Tarifa Externa Comum do Mercosul<\/span><\/a><\/span><\/span><\/span><\/p>\r\n\r\n<p style=\"text-align:justify\"><span style=\"font-size:11pt\"><span style=\"line-height:normal\"><span calibri=\"\" style=\"font-family:\"><a href=\"https:\/\/www.gov.br\/casacivil\/pt-br\/assuntos\/noticias-2022\/julho\/acordo-de-livre-comercio-entre-o-mercosul-e-singapura-e-concluido\" style=\"color:blue; text-decoration:underline\"><span style=\"font-size:14.0pt\">Acordo de livre com&eacute;rcio entre o Mercosul e Singapura &eacute; conclu&iacute;do<\/span><\/a><\/span><\/span><\/span><\/p>\r\n\r\n<p style=\"text-align:justify\"><span style=\"font-size:11pt\"><span style=\"line-height:normal\"><span calibri=\"\" style=\"font-family:\"><a href=\"https:\/\/agenciabrasil.ebc.com.br\/economia\/noticia\/2022-07\/projecoes-da-aeb-para-balanca-comercial-apontam-para-novos-recordes\" style=\"color:blue; text-decoration:underline\"><span style=\"font-size:14.0pt\">Proje&ccedil;&otilde;es da AEB para balan&ccedil;a comercial apontam para novos recordes<\/span><\/a><\/span><\/span><\/span><\/p>\r\n\r\n<p style=\"text-align:justify\"><span style=\"font-size:11pt\"><span style=\"line-height:normal\"><span calibri=\"\" style=\"font-family:\"><a href=\"https:\/\/noticias.portaldaindustria.com.br\/noticias\/infraestrutura\/frete-com-valor-de-us-10-mil-por-conteiner-e-o-novo-normal-no-mercado-de-navegacao\/\" style=\"color:blue; text-decoration:underline\"><span style=\"font-size:14.0pt\">Frete com valor de US$ 10 mil por cont&ecirc;iner &eacute; o novo normal no mercado de navega&ccedil;&atilde;o<\/span><\/a><\/span><\/span><\/span><\/p>\r\n\r\n<p style=\"text-align:justify\"><span style=\"font-size:11pt\"><span style=\"line-height:normal\"><span calibri=\"\" style=\"font-family:\"><a href=\"https:\/\/www.portugaltextil.com\/reciclagem-textil-pode-criar-15-mil-novos-empregos\/?utm_term=Portugal+Textil+a%3F%3F%3F%3F+19.07.2022&amp;utm_campaign=Portugal+Textil+FInal&amp;utm_source=e-goi&amp;utm_medium=email\" style=\"color:blue; text-decoration:underline\"><span style=\"font-size:14.0pt\">Europa: Reciclagem t&ecirc;xtil pode criar 15 mil novos empregos<\/span><\/a><\/span><\/span><\/span><\/p>\r\n\r\n<p class=\"MsoTitle\" style=\"text-align:justify\"><span style=\"font-size:28pt\"><span cambria=\"\" style=\"font-family:\"><span style=\"letter-spacing:-0.5pt\"><b><span style=\"font-size:18.0pt\"><span calibri=\"\" style=\"font-family:\"><span style=\"font-variant:small-caps\">Economia<\/span><\/span><\/span><\/b><\/span><\/span><\/span><\/p>\r\n\r\n<p style=\"text-align:justify\"><span style=\"font-size:11pt\"><span style=\"line-height:normal\"><span calibri=\"\" style=\"font-family:\"><a href=\"https:\/\/www.bcb.gov.br\/content\/focus\/focus\/R20220722.pdf\" style=\"color:blue; text-decoration:underline\"><span style=\"font-size:14.0pt\">FOCUS - Relat&oacute;rio de Mercado<\/span><\/a><\/span><\/span><\/span><\/p>\r\n\r\n<p style=\"text-align:justify\"><span style=\"font-size:11pt\"><span style=\"line-height:normal\"><span calibri=\"\" style=\"font-family:\"><a href=\"https:\/\/noticias.portaldaindustria.com.br\/noticias\/economia\/18-setores-industriais-registram-confianca-menor-em-julho-mostra-cni\/\" style=\"color:blue; text-decoration:underline\"><span style=\"font-size:14.0pt\">18 setores industriais registram confian&ccedil;a menor em julho, mostra CNI<\/span><\/a><\/span><\/span><\/span><\/p>\r\n\r\n<p style=\"text-align:justify\"><span style=\"font-size:11pt\"><span style=\"line-height:normal\"><span calibri=\"\" style=\"font-family:\"><a href=\"https:\/\/pages.eiu.com\/rs\/753-RIQ-438\/images\/sovereign-debt-challenges-in-asia.pdf?mkt_tok=NzUzLVJJUS00MzgAAAGF2YgWARUeJqxMgqXLuAk8X32aQy6r9O1H8qxhzQY07OgXjDZGd3w5n_Jb2Z7sjoIl5TnO3XoSPNN7aJRywWy-pU-N0qypkf_5C1vOcRFicMY\" style=\"color:blue; text-decoration:underline\"><span style=\"font-size:14.0pt\">The Economist Intelligence Unit - Sovereign debt challenges in Asia<\/span><\/a><\/span><\/span><\/span><\/p>\r\n\r\n<p style=\"text-align:justify\"><span style=\"font-size:11pt\"><span style=\"line-height:normal\"><span calibri=\"\" style=\"font-family:\"><a href=\"https:\/\/www.fibre2fashion.com\/news\/textile-news\/china-sees-positive-economic-growth-in-q2-expands-2-5-yoy-in-h1-2022-281973-newsdetails.htm?utm_source=sendinblue&amp;utm_campaign=F2F%20general%20newsletter%20july%202022&amp;utm_medium=email\" style=\"color:blue; text-decoration:underline\"><span style=\"font-size:14.0pt\">China sees positive economic growth in Q2, expands 2.5% YoY in H1 2022<\/span><\/a><\/span><\/span><\/span><\/p>\r\n\r\n<p style=\"text-align:justify\"><span style=\"font-size:11.0pt\"><span style=\"line-height:115%\"><span calibri=\"\" style=\"font-family:\"><a href=\"https:\/\/www.portugaltextil.com\/atividade-economica-abranda\/?utm_term=Portugal+Textil+a%3F%3F%3F%3F+20.07.2022&amp;utm_campaign=Portugal+Textil+FInal&amp;utm_source=e-goi&amp;utm_medium=email\" style=\"color:blue; text-decoration:underline\"><span style=\"font-size:14.0pt\"><span style=\"line-height:115%\">Portugal: Atividade econ&oacute;mica abranda<\/span><\/span><\/a><\/span><\/span><\/span><\/p>\r\n","6":"<p style=\"text-align:justify\"><span style=\"font-size:11pt\"><span style=\"line-height:normal\"><span calibri=\"\" style=\"font-family:\"><span style=\"font-size:14.0pt\">Esta &eacute; uma compila&ccedil;&atilde;o das not&iacute;cias mais relevantes para o setor, incluindo informa&ccedil;&otilde;es sobre acordos internacionais, economia brasileira, sustentabilidade e mat&eacute;rias primas, al&eacute;m de novidades do setor de N&atilde;otecidos e Tecidos T&eacute;cnicos.<\/span><\/span><\/span><\/span><\/p>\r\n\r\n<p class=\"MsoTitle\" style=\"text-align:justify\"><span style=\"font-size:28pt\"><span cambria=\"\" style=\"font-family:\"><span style=\"letter-spacing:-0.5pt\"><b><span style=\"font-size:18.0pt\"><span calibri=\"\" style=\"font-family:\"><span style=\"font-variant:small-caps\">A&ccedil;&otilde;es da ABINT<\/span><\/span><\/span><\/b><\/span><\/span><\/span><\/p>\r\n\r\n<p style=\"text-align:justify\"><span style=\"font-size:11pt\"><span style=\"line-height:normal\"><span calibri=\"\" style=\"font-family:\"><span class=\"MsoHyperlink\" style=\"color:blue\"><span style=\"text-decoration:underline\"><b><span style=\"font-size:14.0pt\"><span style=\"text-decoration:none\"><span style=\"text-underline:none\">Curso ABINT Tecnologia dos N&atilde;otecidos<\/span><\/span><\/span><\/b><\/span><\/span> <a href=\"https:\/\/www.abint.org.br\/informacao\/cursos-e-eventos\" style=\"color:blue; text-decoration:underline\"><b><span style=\"font-size:14.0pt\">INSCREVA-SE<\/span><\/b><\/a><span class=\"MsoHyperlink\" style=\"color:blue\"><span style=\"text-decoration:underline\"><span style=\"font-size:14.0pt\"><span style=\"text-decoration:none\"><span style=\"text-underline:none\"> <b>para as pr&oacute;ximas turmas!<\/b><\/span><\/span><\/span><\/span><\/span><\/span><\/span><\/span><\/p>\r\n\r\n<p style=\"text-align:justify\">&nbsp;<\/p>\r\n\r\n<p style=\"text-align:justify\"><img height=\"335\" src=\"https:\/\/www.abint.org.br\/assets\/img\/editor\/logo-feiplar-2_20220726134124RFRtoO4huC.jpg\" width=\"584\" \/><\/p>\r\n\r\n<p style=\"text-align:justify\"><span class=\"MsoHyperlink\" style=\"color:blue\"><span style=\"text-decoration:underline\"><b><span style=\"font-size:14.0pt\"><span style=\"line-height:115%\"><span calibri=\"\" style=\"font-family:\"><span style=\"text-decoration:none\"><span style=\"text-underline:none\">A ABINT apoia a FEIPLAR COMPOSITES &amp; FEIPUR<\/span><\/span><\/span><\/span><\/span><\/b><\/span><\/span><span class=\"MsoHyperlink\" style=\"color:blue\"><span style=\"text-decoration:underline\"><span style=\"font-size:14.0pt\"><span style=\"line-height:115%\"><span calibri=\"\" style=\"font-family:\"><span style=\"text-decoration:none\"><span style=\"text-underline:none\">, feira que visa auxiliar o crescimento e desenvolvimento dos mercados de composites, poliuretano e pl&aacute;sticos de engenharia\/ compostos termopl&aacute;sticos em toda a Am&eacute;rica do Sul. Estes mercados t&ecirc;m registrado importante crescimento nos &uacute;ltimos anos e apontam interessantes perspectivas para os pr&oacute;ximos anos tamb&eacute;m. <\/span><\/span><\/span><\/span><\/span><\/span><\/span><span style=\"font-size:11.0pt\"><span style=\"line-height:115%\"><span calibri=\"\" style=\"font-family:\"><a href=\"https:\/\/feiplar.com\/\" style=\"color:blue; text-decoration:underline\"><span style=\"font-size:14.0pt\"><span style=\"line-height:115%\">Informa&ccedil;&otilde;es aqui<\/span><\/span><\/a><\/span><\/span><\/span><span class=\"MsoHyperlink\" style=\"color:blue\"><span style=\"text-decoration:underline\"><span style=\"font-size:14.0pt\"><span style=\"line-height:115%\"><span calibri=\"\" style=\"font-family:\"><span style=\"text-decoration:none\"><span style=\"text-underline:none\">.<\/span><\/span><\/span><\/span><\/span><\/span><\/span><\/p>\r\n\r\n<p style=\"text-align:justify\">&nbsp;<\/p>\r\n\r\n<p style=\"text-align:justify\"><span class=\"MsoHyperlink\" style=\"color:blue\"><span style=\"text-decoration:underline\"><span style=\"font-size:14.0pt\"><span style=\"line-height:115%\"><span calibri=\"\" style=\"font-family:\"><span style=\"text-decoration:none\"><span style=\"text-underline:none\"><img height=\"330\" src=\"https:\/\/www.abint.org.br\/assets\/img\/editor\/partnerkit-conahp-retangular-cth-abint_20220726134305ToQ3JPuv90.png\" width=\"583\" \/><\/span><\/span><\/span><\/span><\/span><\/span><\/span><\/p>\r\n\r\n<p style=\"text-align:justify\"><span class=\"MsoHyperlink\" style=\"color:blue\"><span style=\"text-decoration:underline\"><span style=\"font-size:14.0pt\"><span style=\"line-height:115%\"><span calibri=\"\" style=\"font-family:\"><span style=\"text-decoration:none\"><span style=\"text-underline:none\">O <b>CTH ABINT<\/b> &eacute; patrocinador do <\/span><\/span><\/span><\/span><\/span><\/span><\/span><span class=\"MsoHyperlink\" style=\"color:blue\"><span style=\"text-decoration:underline\"><b><span style=\"font-size:14.0pt\"><span style=\"line-height:115%\"><span calibri=\"\" style=\"font-family:\"><span style=\"text-decoration:none\"><span style=\"text-underline:none\">CONAHP 2022 - Congresso Nacional de Hospitais Privados<\/span><\/span><\/span><\/span><\/span><\/b><\/span><\/span><span class=\"MsoHyperlink\" style=\"color:blue\"><span style=\"text-decoration:underline\"><span style=\"font-size:14.0pt\"><span style=\"line-height:115%\"><span calibri=\"\" style=\"font-family:\"><span style=\"text-decoration:none\"><span style=\"text-underline:none\">, evento que ocorrer&aacute; <b>presencialmente nos dias 10 e 11 de novembro, Transam&eacute;rica Expo Center<\/b>, S&atilde;o Paulo, SP. <\/span><\/span><\/span><\/span><\/span><\/span><\/span><span style=\"font-size:11.0pt\"><span style=\"line-height:115%\"><span calibri=\"\" style=\"font-family:\"><a href=\"https:\/\/conahp.org.br\/2022\/\" style=\"color:blue; text-decoration:underline\"><span style=\"font-size:14.0pt\"><span style=\"line-height:115%\">Informa&ccedil;&otilde;es aqui<\/span><\/span><\/a><\/span><\/span><\/span><span class=\"MsoHyperlink\" style=\"color:blue\"><span style=\"text-decoration:underline\"><span style=\"font-size:14.0pt\"><span style=\"line-height:115%\"><span calibri=\"\" style=\"font-family:\"><span style=\"text-decoration:none\"><span style=\"text-underline:none\">.<\/span><\/span><\/span><\/span><\/span><\/span><\/span><\/p>\r\n\r\n<p style=\"text-align:justify\">&nbsp;<\/p>\r\n\r\n<p style=\"text-align:justify\"><span style=\"font-size:11pt\"><span style=\"line-height:normal\"><span calibri=\"\" style=\"font-family:\"><b><span style=\"font-size:18.0pt\"><span style=\"font-variant:small-caps\">Eventos<\/span><\/span><\/b><\/span><\/span><\/span><\/p>\r\n\r\n<p style=\"text-align:justify\"><span style=\"font-size:11pt\"><span style=\"line-height:normal\"><span calibri=\"\" style=\"font-family:\"><span class=\"MsoHyperlink\" style=\"color:blue\"><span style=\"text-decoration:underline\"><b><span style=\"font-size:14.0pt\"><span style=\"text-decoration:none\"><span style=\"text-underline:none\">Workshop ABIT | Seguran&ccedil;a do trabalho - A ergonomia na ind&uacute;stria t&ecirc;xtil<\/span><\/span><\/span><\/b><\/span><\/span><span class=\"MsoHyperlink\" style=\"color:blue\"><span style=\"text-decoration:underline\"><span style=\"font-size:14.0pt\"><span style=\"text-decoration:none\"><span style=\"text-underline:none\">, 27 de julho, Rua Marqu&ecirc;s de Itu, 968, S&atilde;o Paulo. <\/span><\/span><\/span><\/span><\/span><a href=\"https:\/\/app.rdstation.email\/mail\/0a901722-a1dc-4ea7-9228-5f0274591810?utm_campaign=convite_workshop_abit_-seguranca_trabalho&amp;utm_medium=email&amp;utm_source=RD+Station\" style=\"color:blue; text-decoration:underline\"><span style=\"font-size:14.0pt\">Informa&ccedil;&otilde;es aqui<\/span><\/a><span class=\"MsoHyperlink\" style=\"color:blue\"><span style=\"text-decoration:underline\"><span style=\"font-size:14.0pt\"><span style=\"text-decoration:none\"><span style=\"text-underline:none\">.<\/span><\/span><\/span><\/span><\/span><\/span><\/span><\/span><\/p>\r\n\r\n<p style=\"text-align:justify\"><span style=\"font-size:11pt\"><span style=\"line-height:normal\"><span calibri=\"\" style=\"font-family:\"><span class=\"MsoHyperlink\" style=\"color:blue\"><span style=\"text-decoration:underline\"><span style=\"font-size:14.0pt\"><span style=\"text-decoration:none\"><span style=\"text-underline:none\">Webinar <b>VDI-Brasil P&iacute;lulas do Conhecimento: 5 Li&ccedil;&otilde;es Aprendidas com a Implementa&ccedil;&atilde;o de Projetos de Ind&uacute;stria 4.0<\/b>, com Professor e Pesquisador Ari Nelson Rodrigues Costa, do IMT - Instituto Mau&aacute; de Tecnologia, 27 de julho, &agrave;s 10h00. <\/span><\/span><\/span><\/span><\/span><a href=\"https:\/\/us02web.zoom.us\/webinar\/register\/WN_bnXrw8oASIiPgg2tpK7Jtg?utm_campaign=engineering_pills_-_ari_117&amp;utm_medium=email&amp;utm_source=RD+Station\" style=\"color:blue; text-decoration:underline\"><span style=\"font-size:14.0pt\">Inscreva-se aqui<\/span><\/a><span class=\"MsoHyperlink\" style=\"color:blue\"><span style=\"text-decoration:underline\"><span style=\"font-size:14.0pt\"><span style=\"text-decoration:none\"><span style=\"text-underline:none\">.<\/span><\/span><\/span><\/span><\/span><\/span><\/span><\/span><\/p>\r\n\r\n<p style=\"text-align:justify\"><span style=\"font-size:11pt\"><span style=\"line-height:normal\"><span calibri=\"\" style=\"font-family:\"><span class=\"MsoHyperlink\" style=\"color:blue\"><span style=\"text-decoration:underline\"><b><span style=\"font-size:14.0pt\"><span style=\"text-decoration:none\"><span style=\"text-underline:none\">CNI\/ Apex\/ Sebrae: Semin&aacute;rio Oportunidades de Neg&oacute;cios com o Chile<\/span><\/span><\/span><\/b><\/span><\/span><span class=\"MsoHyperlink\" style=\"color:blue\"><span style=\"text-decoration:underline\"><span style=\"font-size:14.0pt\"><span style=\"text-decoration:none\"><span style=\"text-underline:none\">, 03 de agosto de 2022, online e gratuito. <\/span><\/span><\/span><\/span><\/span><a href=\"https:\/\/www.portaldaindustria.com.br\/eventos\/pt\/edicoes\/seminario-oportunidades-de-negocios-com-o-chile-se?c=CNI&amp;p=2312127&amp;t=publica-base-fluida.html#msdynttrid=5KjSHMsxsuEe0nKio2jL4GBEP9SVTzKKzUQps521bYg\" style=\"color:blue; text-decoration:underline\"><span style=\"font-size:14.0pt\">Informa&ccedil;&otilde;es aqui<\/span><\/a><span class=\"MsoHyperlink\" style=\"color:blue\"><span style=\"text-decoration:underline\"><span style=\"font-size:14.0pt\"><span style=\"text-decoration:none\"><span style=\"text-underline:none\">.<\/span><\/span><\/span><\/span><\/span><\/span><\/span><\/span><\/p>\r\n\r\n<p style=\"text-align:justify\"><span style=\"font-size:11pt\"><span style=\"line-height:normal\"><span calibri=\"\" style=\"font-family:\"><span class=\"MsoHyperlink\" style=\"color:blue\"><span style=\"text-decoration:underline\"><b><span style=\"font-size:14.0pt\"><span style=\"text-decoration:none\"><span style=\"text-underline:none\">Instituto Avan&ccedil;ado do Pl&aacute;stico: Curso Reciclagem de Pl&aacute;sticos<\/span><\/span><\/span><\/b><\/span><\/span><span class=\"MsoHyperlink\" style=\"color:blue\"><span style=\"text-decoration:underline\"><span style=\"font-size:14.0pt\"><span style=\"text-decoration:none\"><span style=\"text-underline:none\">, 05 e 06 de agosto. <\/span><\/span><\/span><\/span><\/span><a href=\"https:\/\/www.planetaplastico.com.br\/curso-reciclagem-de-plasticos\" style=\"color:blue; text-decoration:underline\"><span style=\"font-size:14.0pt\">Informa&ccedil;&otilde;es aqui<\/span><\/a><span class=\"MsoHyperlink\" style=\"color:blue\"><span style=\"text-decoration:underline\"><span style=\"font-size:14.0pt\"><span style=\"text-decoration:none\"><span style=\"text-underline:none\">.<\/span><\/span><\/span><\/span><\/span><\/span><\/span><\/span><\/p>\r\n\r\n<p style=\"text-align:justify\"><span style=\"font-size:11pt\"><span style=\"line-height:normal\"><span calibri=\"\" style=\"font-family:\"><span class=\"MsoHyperlink\" style=\"color:blue\"><span style=\"text-decoration:underline\"><b><span style=\"font-size:14.0pt\"><span style=\"text-decoration:none\"><span style=\"text-underline:none\">Jornada de Enfermagem em Central de Material e Esteriliza&ccedil;&atilde;o<\/span><\/span><\/span><\/b><\/span><\/span><span class=\"MsoHyperlink\" style=\"color:blue\"><span style=\"text-decoration:underline\"><span style=\"font-size:14.0pt\"><span style=\"text-decoration:none\"><span style=\"text-underline:none\">, 23 de agosto, Expominas, Belo Horizonte. <\/span><\/span><\/span><\/span><\/span><a href=\"https:\/\/nascecme.com.br\/jornada-de-enfermagem-em-central-de-material-e-esterilizacao\/\" style=\"color:blue; text-decoration:underline\"><span style=\"font-size:14.0pt\">Informa&ccedil;&otilde;es aqui<\/span><\/a><span class=\"MsoHyperlink\" style=\"color:blue\"><span style=\"text-decoration:underline\"><span style=\"font-size:14.0pt\"><span style=\"text-decoration:none\"><span style=\"text-underline:none\">.<\/span><\/span><\/span><\/span><\/span><\/span><\/span><\/span><\/p>\r\n\r\n<p style=\"text-align:justify\"><span style=\"font-size:11pt\"><span style=\"line-height:normal\"><span calibri=\"\" style=\"font-family:\"><span class=\"MsoHyperlink\" style=\"color:blue\"><span style=\"text-decoration:underline\"><b><span style=\"font-size:14.0pt\"><span style=\"text-decoration:none\"><span style=\"text-underline:none\">FICONS &ndash; XII Feira Internacional de Materiais, Equipamentos e Servi&ccedil;os da Constru&ccedil;&atilde;o<\/span><\/span><\/span><\/b><\/span><\/span><span class=\"MsoHyperlink\" style=\"color:blue\"><span style=\"text-decoration:underline\"><span style=\"font-size:14.0pt\"><span style=\"text-decoration:none\"><span style=\"text-underline:none\">, 26 de agosto, no Centro de Conven&ccedil;&otilde;es de Pernambuco. <\/span><\/span><\/span><\/span><\/span><a href=\"https:\/\/www.ficons.com.br\/2022\/index\" style=\"color:blue; text-decoration:underline\"><span style=\"font-size:14.0pt\">Informa&ccedil;&otilde;es aqui<\/span><\/a><span class=\"MsoHyperlink\" style=\"color:blue\"><span style=\"text-decoration:underline\"><span style=\"font-size:14.0pt\"><span style=\"text-decoration:none\"><span style=\"text-underline:none\">.<\/span><\/span><\/span><\/span><\/span><\/span><\/span><\/span><\/p>\r\n\r\n<p style=\"text-align:justify\"><span style=\"font-size:11pt\"><span style=\"line-height:normal\"><span calibri=\"\" style=\"font-family:\"><span class=\"MsoHyperlink\" style=\"color:blue\"><span style=\"text-decoration:underline\"><span style=\"font-size:14.0pt\"><span style=\"text-decoration:none\"><span style=\"text-underline:none\"><strong>Semin&aacute;rio Sindit&ecirc;xtil-SP &ldquo;Efici&ecirc;ncia e Transi&ccedil;&atilde;o Energ&eacute;tica&rdquo;<\/strong>, 28 de agosto, Rua Marqu&ecirc;s de Itu, 968, S&atilde;o Paulo. <\/span><\/span><\/span><\/span><\/span><a href=\"https:\/\/s3.sa-east-1.amazonaws.com\/sindi-files.sinditextilsp.org.br\/site\/sindi_90anos\/Seminario_eficiencia_energetica\/Programa%C3%A7%C3%A3o+Semin%C3%A1rio+Efici%C3%AAncia+e+Transi%C3%A7%C3%A3o+Energ%C3%A9tica.pdf?utm_campaign=convite_seminario_energia&amp;utm_medium=email&amp;utm_source=RD+Station\" style=\"color:blue; text-decoration:underline\"><span style=\"font-size:14.0pt\">Programa&ccedil;&atilde;o<\/span><\/a><span class=\"MsoHyperlink\" style=\"color:blue\"><span style=\"text-decoration:underline\"><span style=\"font-size:14.0pt\"><span style=\"text-decoration:none\"><span style=\"text-underline:none\">. <\/span><\/span><\/span><\/span><\/span><a href=\"https:\/\/eventos.abit.org.br\/Subs.aspx?key=e76786ff-e0ac-447b-81b1-a7dd2c2c3217&amp;utm_campaign=convite_seminario_energia&amp;utm_medium=email&amp;utm_source=RD+Station\" style=\"color:blue; text-decoration:underline\"><span style=\"font-size:14.0pt\">Inscri&ccedil;&otilde;es<\/span><\/a><span class=\"MsoHyperlink\" style=\"color:blue\"><span style=\"text-decoration:underline\"><span style=\"font-size:14.0pt\"><span style=\"text-decoration:none\"><span style=\"text-underline:none\">.<\/span><\/span><\/span><\/span><\/span><\/span><\/span><\/span><\/p>\r\n\r\n<p style=\"text-align:justify\"><span style=\"font-size:11pt\"><span style=\"line-height:normal\"><span calibri=\"\" style=\"font-family:\"><span class=\"MsoHyperlink\" style=\"color:blue\"><span style=\"text-decoration:underline\"><b><span style=\"font-size:14.0pt\"><span style=\"text-decoration:none\"><span style=\"text-underline:none\">Feira HospitalMed, <\/span><\/span><\/span><\/b><\/span><\/span><span class=\"MsoHyperlink\" style=\"color:blue\"><span style=\"text-decoration:underline\"><span style=\"font-size:14.0pt\"><span style=\"text-decoration:none\"><span style=\"text-underline:none\">19 a 21 de outubro, Centro de Conven&ccedil;&otilde;es de Pernambuco. <\/span><\/span><\/span><\/span><\/span><a href=\"https:\/\/hospitalmed.com.br\/feira\/\" style=\"color:blue; text-decoration:underline\"><span style=\"font-size:14.0pt\">Informa&ccedil;&otilde;es aqui.<\/span><\/a><\/span><\/span><\/span><\/p>\r\n\r\n<p style=\"text-align:justify\"><span style=\"font-size:11pt\"><span style=\"line-height:normal\"><span calibri=\"\" style=\"font-family:\"><span class=\"MsoHyperlink\" style=\"color:blue\"><span style=\"text-decoration:underline\"><b><span style=\"font-size:14.0pt\"><span style=\"text-decoration:none\"><span style=\"text-underline:none\">Innovate: Zero Carbon, Textiles&#39; journey to zero carbon<\/span><\/span><\/span><\/b><\/span><\/span><\/span><\/span><\/span><\/p>\r\n\r\n<p style=\"text-align:justify\"><span style=\"font-size:11pt\"><span style=\"line-height:normal\"><span calibri=\"\" style=\"font-family:\"><span class=\"MsoHyperlink\" style=\"color:blue\"><span style=\"text-decoration:underline\"><span style=\"font-size:14.0pt\"><span style=\"text-decoration:none\"><span style=\"text-underline:none\">When: 1-3 Nov 2022<\/span><\/span><\/span><\/span><\/span><\/span><\/span><\/span><\/p>\r\n\r\n<p style=\"text-align:justify\"><span style=\"font-size:11pt\"><span style=\"line-height:normal\"><span calibri=\"\" style=\"font-family:\"><span class=\"MsoHyperlink\" style=\"color:blue\"><span style=\"text-decoration:underline\"><span style=\"font-size:14.0pt\"><span style=\"text-decoration:none\"><span style=\"text-underline:none\">What time: 13:00&ndash;17:00 UTC \/ 9:00&ndash;13:00 EDT<\/span><\/span><\/span><\/span><\/span><\/span><\/span><\/span><\/p>\r\n\r\n<p style=\"text-align:justify\"><span style=\"font-size:11pt\"><span style=\"line-height:normal\"><span calibri=\"\" style=\"font-family:\"><span class=\"MsoHyperlink\" style=\"color:blue\"><span style=\"text-decoration:underline\"><span style=\"font-size:14.0pt\"><span style=\"text-decoration:none\"><span style=\"text-underline:none\">Where: Virtual, <\/span><\/span><\/span><\/span><\/span><a href=\"https:\/\/events.wtin.com\/event\/f5bac4f2-d902-41ba-9153-a4d80622877c\/summary\" style=\"color:blue; text-decoration:underline\"><span style=\"font-size:14.0pt\">events.wtin.com\/innovate<\/span><\/a><\/span><\/span><\/span><\/p>\r\n\r\n<p class=\"MsoTitle\" style=\"text-align:justify\"><span style=\"font-size:28pt\"><span cambria=\"\" style=\"font-family:\"><span style=\"letter-spacing:-0.5pt\"><b><span style=\"font-size:18.0pt\"><span calibri=\"\" style=\"font-family:\"><span style=\"font-variant:small-caps\">Setor<\/span><\/span><\/span><\/b><\/span><\/span><\/span><\/p>\r\n\r\n<p style=\"text-align:justify\"><span style=\"font-size:11pt\"><span style=\"line-height:normal\"><span calibri=\"\" style=\"font-family:\"><a href=\"https:\/\/pressroom.ifc.org\/all\/pages\/PressDetail.aspx?ID=27100#:~:text=%E2%80%8BS%C3%A3o%20Paulo%2C%2018%20de,impacto%20para%20o%20meio%20ambiente.\" style=\"color:blue; text-decoration:underline\"><span style=\"font-size:14.0pt\">IFC apoia Fitesa no fortalecimento da capacidade de produ&ccedil;&atilde;o de n&atilde;otecidos de sa&uacute;de, com tecnologia mais sustent&aacute;vel<\/span><\/a><\/span><\/span><\/span><\/p>\r\n\r\n<p style=\"text-align:justify\"><span style=\"font-size:11pt\"><span style=\"line-height:normal\"><span calibri=\"\" style=\"font-family:\"><a href=\"https:\/\/economia.uol.com.br\/noticias\/reuters\/2022\/07\/21\/utilizacao-das-centrais-da-braskem-cai-no-2-tri-com-paradas-e-falta-de-materia-prima.htm\" style=\"color:blue; text-decoration:underline\"><span style=\"font-size:14.0pt\">Utiliza&ccedil;&atilde;o das centrais da Braskem cai no 2&deg; tri com paradas e falta de mat&eacute;ria-prima<\/span><\/a><\/span><\/span><\/span><\/p>\r\n\r\n<p style=\"text-align:justify\"><span style=\"font-size:11pt\"><span style=\"line-height:normal\"><span calibri=\"\" style=\"font-family:\"><a href=\"https:\/\/plasticosemrevista.com.br\/europa-petroquimica-se-previne-contra-racionamento-de-gas-natural\/\" style=\"color:blue; text-decoration:underline\"><span style=\"font-size:14.0pt\">Europa: petroqu&iacute;mica se previne contra racionamento de g&aacute;s natural<\/span><\/a><\/span><\/span><\/span><\/p>\r\n\r\n<p style=\"text-align:justify\"><span style=\"font-size:11pt\"><span style=\"line-height:normal\"><span calibri=\"\" style=\"font-family:\"><a href=\"https:\/\/tissueonline.com.br\/inflacao-em-alta-precos-do-pacote-de-fraldas-ultrapassam-r-100\/?utm_campaign=newsletter_22072022_novo_modelo&amp;utm_medium=email&amp;utm_source=RD+Station\" style=\"color:blue; text-decoration:underline\"><span style=\"font-size:14.0pt\">Infla&ccedil;&atilde;o em alta: pre&ccedil;os do pacote de fraldas ultrapassam R$ 100<\/span><\/a><\/span><\/span><\/span><\/p>\r\n\r\n<p style=\"text-align:justify\"><span style=\"font-size:11pt\"><span style=\"line-height:normal\"><span calibri=\"\" style=\"font-family:\"><a href=\"https:\/\/tissueonline.com.br\/maior-desafio-do-setor-de-incontinencia-urinaria-e-a-quebra-de-tabus-diz-executiva-da-essity\/?utm_campaign=maior_desafio_do_setor_de_incontinencia_urinaria_e_a_quebra_de_tabus_diz_executiva_da_essity&amp;utm_medium=email&amp;utm_source=RD+Station\" style=\"color:blue; text-decoration:underline\"><span style=\"font-size:14.0pt\">Maior desafio do setor de incontin&ecirc;ncia urin&aacute;ria &eacute; a quebra de tabus, diz executiva da Essity<\/span><\/a><\/span><\/span><\/span><\/p>\r\n\r\n<p style=\"text-align:justify\"><span style=\"font-size:11pt\"><span style=\"line-height:normal\"><span calibri=\"\" style=\"font-family:\"><a href=\"http:\/\/www.interempresas.net\/Plastico\/Articulos\/395713-Repsol-invertira-4-5-millones-de-euros-en-esta-nueva-linea-de-Polidux-en-Monzon.html\" style=\"color:blue; text-decoration:underline\"><span style=\"font-size:14.0pt\">Repsol invertir&aacute; 4,5 millones de euros en esta nueva l&iacute;nea de Polidux en Monz&oacute;n<\/span><\/a><\/span><\/span><\/span><\/p>\r\n\r\n<p style=\"text-align:justify\"><span style=\"font-size:11pt\"><span style=\"line-height:normal\"><span calibri=\"\" style=\"font-family:\"><a href=\"https:\/\/bahia.ba\/salvador\/prefeitura-entrega-geomanta-para-a-comunidade-de-pero-vaz\/\" style=\"color:blue; text-decoration:underline\"><span style=\"font-size:14.0pt\">Prefeitura entrega geomanta para a comunidade de Pero Vaz<\/span><\/a><\/span><\/span><\/span><\/p>\r\n\r\n<p style=\"text-align:justify\"><span style=\"font-size:11pt\"><span style=\"line-height:normal\"><span calibri=\"\" style=\"font-family:\"><a href=\"https:\/\/torres.rs.gov.br\/2022\/07\/20\/complexo-esportivo-municipal-do-torrense-recebe-melhorias-na-pista-atletica\/\" style=\"color:blue; text-decoration:underline\"><span style=\"font-size:14.0pt\">Geot&ecirc;xteis: complexo Esportivo Municipal do Torrense recebe melhorias na pista atl&eacute;tica<\/span><\/a><\/span><\/span><\/span><\/p>\r\n\r\n<p style=\"text-align:justify\"><span style=\"font-size:11pt\"><span style=\"line-height:normal\"><span calibri=\"\" style=\"font-family:\"><a href=\"https:\/\/www.technicaltextile.net\/news\/global-automotive-textile-market-to-grow-5-75-by-2023--281872.html\" style=\"color:blue; text-decoration:underline\"><span style=\"font-size:14.0pt\">Global Automotive textile market to grow 5.75% by 2023<\/span><\/a><\/span><\/span><\/span><\/p>\r\n\r\n<p class=\"MsoTitle\" style=\"text-align:justify\"><span style=\"font-size:28pt\"><span cambria=\"\" style=\"font-family:\"><span style=\"letter-spacing:-0.5pt\"><b><span style=\"font-size:18.0pt\"><span calibri=\"\" style=\"font-family:\"><span style=\"font-variant:small-caps\">Ind&uacute;stria<\/span><\/span><\/span><\/b><\/span><\/span><\/span><\/p>\r\n\r\n<p style=\"text-align:justify\"><span style=\"font-size:11pt\"><span style=\"line-height:normal\"><span calibri=\"\" style=\"font-family:\"><a href=\"https:\/\/autoentusiastas.com.br\/2022\/07\/mercado-em-junho-com-os-dois-pes-no-freio\/\" style=\"color:blue; text-decoration:underline\"><span style=\"font-size:14.0pt\">Mercado automotivo em junho: com os dois p&eacute;s no freio<\/span><\/a><\/span><\/span><\/span><\/p>\r\n\r\n<p style=\"text-align:justify\"><span style=\"font-size:11pt\"><span style=\"line-height:normal\"><span calibri=\"\" style=\"font-family:\"><a href=\"https:\/\/www.automotivebusiness.com.br\/pt\/posts\/setor-automotivo\/sem-componentes-vw-dara-ferias-coletivas-em-taubate\/\" style=\"color:blue; text-decoration:underline\"><span style=\"font-size:14.0pt\">Sem componentes, VW dar&aacute; f&eacute;rias coletivas em Taubat&eacute;<\/span><\/a><\/span><\/span><\/span><\/p>\r\n\r\n<p style=\"text-align:justify\"><span style=\"font-size:11pt\"><span style=\"line-height:normal\"><span calibri=\"\" style=\"font-family:\"><a href=\"https:\/\/noticias.portaldaindustria.com.br\/noticias\/economia\/aumento-no-preco-dos-insumos-e-o-maior-problema-da-construcao-ha-24-meses\/\" style=\"color:blue; text-decoration:underline\"><span style=\"font-size:14.0pt\">Aumento no pre&ccedil;o dos insumos &eacute; o maior problema da constru&ccedil;&atilde;o h&aacute; 24 meses<\/span><\/a><\/span><\/span><\/span><\/p>\r\n\r\n<p style=\"text-align:justify\"><span style=\"font-size:11pt\"><span style=\"line-height:normal\"><span calibri=\"\" style=\"font-family:\"><a href=\"https:\/\/almaco.org.br\/2022\/07\/21\/a-transformacao-da-industria-automotiva-nos-proximos-20-anos\/\" style=\"color:blue; text-decoration:underline\"><span style=\"font-size:14.0pt\">A transforma&ccedil;&atilde;o da ind&uacute;stria automotiva nos pr&oacute;ximos 20 anos<\/span><\/a><\/span><\/span><\/span><\/p>\r\n\r\n<p style=\"text-align:justify\"><span style=\"font-size:11pt\"><span style=\"line-height:normal\"><span calibri=\"\" style=\"font-family:\"><a href=\"https:\/\/blogdoibre.fgv.br\/posts\/como-interpretar-evolucao-da-produtividade-dos-estados-unidos-durante-pandemia\" style=\"color:blue; text-decoration:underline\"><span style=\"font-size:14.0pt\">Como interpretar a evolu&ccedil;&atilde;o da produtividade dos Estados Unidos durante a pandemia?<\/span><\/a><\/span><\/span><\/span><\/p>\r\n\r\n<p class=\"MsoTitle\" style=\"text-align:justify\"><span style=\"font-size:28pt\"><span cambria=\"\" style=\"font-family:\"><span style=\"letter-spacing:-0.5pt\"><b><span style=\"font-size:18.0pt\"><span calibri=\"\" style=\"font-family:\"><span style=\"font-variant:small-caps\">Sustentabilidade<\/span><\/span><\/span><\/b><\/span><\/span><\/span><\/p>\r\n\r\n<p style=\"text-align:justify\"><span style=\"font-size:11pt\"><span style=\"line-height:normal\"><span calibri=\"\" style=\"font-family:\"><a href=\"https:\/\/www.bbc.com\/portuguese\/vert-fut-61907270\" style=\"color:blue; text-decoration:underline\"><span style=\"font-size:14.0pt\">&Eacute; poss&iacute;vel viver sem pl&aacute;stico?<\/span><\/a><\/span><\/span><\/span><\/p>\r\n\r\n<p style=\"text-align:justify\"><span style=\"font-size:11pt\"><span style=\"line-height:normal\"><span calibri=\"\" style=\"font-family:\"><a href=\"https:\/\/ciclovivo.com.br\/planeta\/meio-ambiente\/estudo-detecta-microplasticos-em-carne-e-leite-de-animais-de-fazenda\/\" style=\"color:blue; text-decoration:underline\"><span style=\"font-size:14.0pt\">Estudo detecta micropl&aacute;sticos em carne e leite de animais de fazenda<\/span><\/a><\/span><\/span><\/span><\/p>\r\n\r\n<p style=\"text-align:justify\"><span style=\"font-size:11pt\"><span style=\"line-height:normal\"><span calibri=\"\" style=\"font-family:\"><a href=\"https:\/\/portal.comunique-se.com.br\/index.php\/pesquisa-revela-que-nao-havera-universalizacao-do-saneamento-ate-2033-no-pais\/\" style=\"color:blue; text-decoration:underline\"><span style=\"font-size:14.0pt\">Pesquisa revela que n&atilde;o haver&aacute; universaliza&ccedil;&atilde;o do saneamento at&eacute; 2033 no pa&iacute;s<\/span><\/a><\/span><\/span><\/span><\/p>\r\n\r\n<p style=\"text-align:justify\"><span style=\"font-size:11pt\"><span style=\"line-height:normal\"><span calibri=\"\" style=\"font-family:\"><a href=\"https:\/\/www.consumidormoderno.com.br\/2022\/07\/21\/produtos-sustentaveis-mercado-livre\/\" style=\"color:blue; text-decoration:underline\"><span style=\"font-size:14.0pt\">Dispara o consumo online de produtos sustent&aacute;veis no Brasil<\/span><\/a><\/span><\/span><\/span><\/p>\r\n\r\n<p style=\"text-align:justify\"><span style=\"font-size:11pt\"><span style=\"line-height:normal\"><span calibri=\"\" style=\"font-family:\"><a href=\"https:\/\/almaco.org.br\/2022\/07\/21\/construcao-civil-sustentavel-como-estamos-em-relacao-ao-resto-do-mundo\/\" style=\"color:blue; text-decoration:underline\"><span style=\"font-size:14.0pt\">Constru&ccedil;&atilde;o civil sustent&aacute;vel: como estamos em rela&ccedil;&atilde;o ao resto do mundo<\/span><\/a><\/span><\/span><\/span><\/p>\r\n\r\n<p style=\"text-align:justify\"><span style=\"font-size:11pt\"><span style=\"line-height:normal\"><span calibri=\"\" style=\"font-family:\"><a href=\"https:\/\/www.innovationintextiles.com\/industry-talk\/polyester-textiletotextile-trials-in-europe\/\" style=\"color:blue; text-decoration:underline\"><span style=\"font-size:14.0pt\">Polyester textile-to-textile trials in Europe<\/span><\/a><\/span><\/span><\/span><\/p>\r\n\r\n<p style=\"text-align:justify\"><span style=\"font-size:11pt\"><span style=\"line-height:normal\"><span calibri=\"\" style=\"font-family:\"><a href=\"https:\/\/www.capitalreset.com\/europa-ve-fuga-de-investidores-de-fundos-esg\/\" style=\"color:blue; text-decoration:underline\"><span style=\"font-size:14.0pt\">Europa v&ecirc; fuga de investidores de fundos ESG<\/span><\/a><\/span><\/span><\/span><\/p>\r\n\r\n<p class=\"MsoTitle\" style=\"text-align:justify\"><span style=\"font-size:28pt\"><span cambria=\"\" style=\"font-family:\"><span style=\"letter-spacing:-0.5pt\"><b><span style=\"font-size:18.0pt\"><span calibri=\"\" style=\"font-family:\"><span style=\"font-variant:small-caps\">Inova&ccedil;&atilde;o<\/span><\/span><\/span><\/b><\/span><\/span><\/span><\/p>\r\n\r\n<p style=\"text-align:justify\"><span style=\"font-size:11pt\"><span style=\"line-height:normal\"><span calibri=\"\" style=\"font-family:\"><a href=\"https:\/\/jovempan.com.br\/programas\/jornal-da-manha\/criado-no-brasil-sistema-inovador-de-tratamento-de-agua-ganha-destaque-internacional.html\" style=\"color:blue; text-decoration:underline\"><span style=\"font-size:14.0pt\">Criado no Brasil, sistema inovador de tratamento de &aacute;gua ganha destaque internacional<\/span><\/a><\/span><\/span><\/span><\/p>\r\n\r\n<p style=\"text-align:justify\"><span style=\"font-size:11pt\"><span style=\"line-height:normal\"><span calibri=\"\" style=\"font-family:\"><a href=\"https:\/\/www.textiletechnology.net\/technical-textiles\/news\/nova-institute-native-bast-fibers-for-automotive-applications-32548?utm_source=%2Fmeta%2Fnewsletter%2Fnewsletter&amp;utm_medium=newsletter&amp;utm_campaign=nl915&amp;utm_term=0801b20e08c3242125d512808cd74302\" style=\"color:blue; text-decoration:underline\"><span style=\"font-size:14.0pt\">Native bast fibers for automotive applications<\/span><\/a><\/span><\/span><\/span><\/p>\r\n\r\n<p style=\"text-align:justify\"><span style=\"font-size:11pt\"><span style=\"line-height:normal\"><span calibri=\"\" style=\"font-family:\"><a href=\"https:\/\/www.textiletechnology.net\/technical-textiles\/news\/mit-smart-textiles-sense-how-their-users-are-moving-32572?utm_source=%2Fmeta%2Fnewsletter%2Fnewsletter&amp;utm_medium=newsletter&amp;utm_campaign=nl916&amp;utm_term=0801b20e08c3242125d512808cd74302\" style=\"color:blue; text-decoration:underline\"><span style=\"font-size:14.0pt\">Smart textiles sense how their users are moving<\/span><\/a><\/span><\/span><\/span><\/p>\r\n\r\n<p style=\"text-align:justify\"><span style=\"font-size:11pt\"><span style=\"line-height:normal\"><span calibri=\"\" style=\"font-family:\"><a href=\"https:\/\/www.textiletechnology.net\/technical-textiles\/trendreports\/holst-centre-from-printed-electronics-to-smart-clothes-that-reduce-stress-32550?utm_source=%2Fmeta%2Fnewsletter%2Fnewsletter&amp;utm_medium=newsletter&amp;utm_campaign=nl916&amp;utm_term=0801b20e08c3242125d512808cd74302\" style=\"color:blue; text-decoration:underline\"><span style=\"font-size:14.0pt\">From printed electronics to smart clothes that reduce stress<\/span><\/a><\/span><\/span><\/span><\/p>\r\n\r\n<p class=\"MsoTitle\" style=\"text-align:justify\"><span style=\"font-size:28pt\"><span cambria=\"\" style=\"font-family:\"><span style=\"letter-spacing:-0.5pt\"><b><span style=\"font-size:18.0pt\"><span calibri=\"\" style=\"font-family:\"><span style=\"font-variant:small-caps\">Com&eacute;rcio Exterior<\/span><\/span><\/span><\/b><\/span><\/span><\/span><\/p>\r\n\r\n<p style=\"text-align:justify\"><span style=\"font-size:11pt\"><span style=\"line-height:normal\"><span calibri=\"\" style=\"font-family:\"><a href=\"https:\/\/www.assintecal.org.br\/noticias\/4160\/exportacoes-de-componentes-para-calcados-geraram-us-214-milhoes\" style=\"color:blue; text-decoration:underline\"><span style=\"font-size:14.0pt\">Exporta&ccedil;&otilde;es de componentes para cal&ccedil;ados geraram US$ 214 milh&otilde;es<\/span><\/a><\/span><\/span><\/span><\/p>\r\n\r\n<p style=\"text-align:justify\"><span style=\"font-size:11pt\"><span style=\"line-height:normal\"><span calibri=\"\" style=\"font-family:\"><a href=\"https:\/\/www.gov.br\/economia\/pt-br\/assuntos\/noticias\/2022\/julho\/conselho-reduz-em-10-as-aliquotas-da-tarifa-externa-comum-do-mercosul\" style=\"color:blue; text-decoration:underline\"><span style=\"font-size:14.0pt\">Conselho reduz em 10% as al&iacute;quotas da Tarifa Externa Comum do Mercosul<\/span><\/a><\/span><\/span><\/span><\/p>\r\n\r\n<p style=\"text-align:justify\"><span style=\"font-size:11pt\"><span style=\"line-height:normal\"><span calibri=\"\" style=\"font-family:\"><a href=\"https:\/\/www.gov.br\/casacivil\/pt-br\/assuntos\/noticias-2022\/julho\/acordo-de-livre-comercio-entre-o-mercosul-e-singapura-e-concluido\" style=\"color:blue; text-decoration:underline\"><span style=\"font-size:14.0pt\">Acordo de livre com&eacute;rcio entre o Mercosul e Singapura &eacute; conclu&iacute;do<\/span><\/a><\/span><\/span><\/span><\/p>\r\n\r\n<p style=\"text-align:justify\"><span style=\"font-size:11pt\"><span style=\"line-height:normal\"><span calibri=\"\" style=\"font-family:\"><a href=\"https:\/\/agenciabrasil.ebc.com.br\/economia\/noticia\/2022-07\/projecoes-da-aeb-para-balanca-comercial-apontam-para-novos-recordes\" style=\"color:blue; text-decoration:underline\"><span style=\"font-size:14.0pt\">Proje&ccedil;&otilde;es da AEB para balan&ccedil;a comercial apontam para novos recordes<\/span><\/a><\/span><\/span><\/span><\/p>\r\n\r\n<p style=\"text-align:justify\"><span style=\"font-size:11pt\"><span style=\"line-height:normal\"><span calibri=\"\" style=\"font-family:\"><a href=\"https:\/\/noticias.portaldaindustria.com.br\/noticias\/infraestrutura\/frete-com-valor-de-us-10-mil-por-conteiner-e-o-novo-normal-no-mercado-de-navegacao\/\" style=\"color:blue; text-decoration:underline\"><span style=\"font-size:14.0pt\">Frete com valor de US$ 10 mil por cont&ecirc;iner &eacute; o novo normal no mercado de navega&ccedil;&atilde;o<\/span><\/a><\/span><\/span><\/span><\/p>\r\n\r\n<p style=\"text-align:justify\"><span style=\"font-size:11pt\"><span style=\"line-height:normal\"><span calibri=\"\" style=\"font-family:\"><a href=\"https:\/\/www.portugaltextil.com\/reciclagem-textil-pode-criar-15-mil-novos-empregos\/?utm_term=Portugal+Textil+a%3F%3F%3F%3F+19.07.2022&amp;utm_campaign=Portugal+Textil+FInal&amp;utm_source=e-goi&amp;utm_medium=email\" style=\"color:blue; text-decoration:underline\"><span style=\"font-size:14.0pt\">Europa: Reciclagem t&ecirc;xtil pode criar 15 mil novos empregos<\/span><\/a><\/span><\/span><\/span><\/p>\r\n\r\n<p class=\"MsoTitle\" style=\"text-align:justify\"><span style=\"font-size:28pt\"><span cambria=\"\" style=\"font-family:\"><span style=\"letter-spacing:-0.5pt\"><b><span style=\"font-size:18.0pt\"><span calibri=\"\" style=\"font-family:\"><span style=\"font-variant:small-caps\">Economia<\/span><\/span><\/span><\/b><\/span><\/span><\/span><\/p>\r\n\r\n<p style=\"text-align:justify\"><span style=\"font-size:11pt\"><span style=\"line-height:normal\"><span calibri=\"\" style=\"font-family:\"><a href=\"https:\/\/www.bcb.gov.br\/content\/focus\/focus\/R20220722.pdf\" style=\"color:blue; text-decoration:underline\"><span style=\"font-size:14.0pt\">FOCUS - Relat&oacute;rio de Mercado<\/span><\/a><\/span><\/span><\/span><\/p>\r\n\r\n<p style=\"text-align:justify\"><span style=\"font-size:11pt\"><span style=\"line-height:normal\"><span calibri=\"\" style=\"font-family:\"><a href=\"https:\/\/noticias.portaldaindustria.com.br\/noticias\/economia\/18-setores-industriais-registram-confianca-menor-em-julho-mostra-cni\/\" style=\"color:blue; text-decoration:underline\"><span style=\"font-size:14.0pt\">18 setores industriais registram confian&ccedil;a menor em julho, mostra CNI<\/span><\/a><\/span><\/span><\/span><\/p>\r\n\r\n<p style=\"text-align:justify\"><span style=\"font-size:11pt\"><span style=\"line-height:normal\"><span calibri=\"\" style=\"font-family:\"><a href=\"https:\/\/pages.eiu.com\/rs\/753-RIQ-438\/images\/sovereign-debt-challenges-in-asia.pdf?mkt_tok=NzUzLVJJUS00MzgAAAGF2YgWARUeJqxMgqXLuAk8X32aQy6r9O1H8qxhzQY07OgXjDZGd3w5n_Jb2Z7sjoIl5TnO3XoSPNN7aJRywWy-pU-N0qypkf_5C1vOcRFicMY\" style=\"color:blue; text-decoration:underline\"><span style=\"font-size:14.0pt\">The Economist Intelligence Unit - Sovereign debt challenges in Asia<\/span><\/a><\/span><\/span><\/span><\/p>\r\n\r\n<p style=\"text-align:justify\"><span style=\"font-size:11pt\"><span style=\"line-height:normal\"><span calibri=\"\" style=\"font-family:\"><a href=\"https:\/\/www.fibre2fashion.com\/news\/textile-news\/china-sees-positive-economic-growth-in-q2-expands-2-5-yoy-in-h1-2022-281973-newsdetails.htm?utm_source=sendinblue&amp;utm_campaign=F2F%20general%20newsletter%20july%202022&amp;utm_medium=email\" style=\"color:blue; text-decoration:underline\"><span style=\"font-size:14.0pt\">China sees positive economic growth in Q2, expands 2.5% YoY in H1 2022<\/span><\/a><\/span><\/span><\/span><\/p>\r\n\r\n<p style=\"text-align:justify\"><span style=\"font-size:11.0pt\"><span style=\"line-height:115%\"><span calibri=\"\" style=\"font-family:\"><a href=\"https:\/\/www.portugaltextil.com\/atividade-economica-abranda\/?utm_term=Portugal+Textil+a%3F%3F%3F%3F+20.07.2022&amp;utm_campaign=Portugal+Textil+FInal&amp;utm_source=e-goi&amp;utm_medium=email\" style=\"color:blue; text-decoration:underline\"><span style=\"font-size:14.0pt\"><span style=\"line-height:115%\">Portugal: Atividade econ&oacute;mica abranda<\/span><\/span><\/a><\/span><\/span><\/span><\/p>\r\n","texto_en":"","7":"","imagem":"COMP_banner-padrao-home-destaques-boletim_20220726134707127zeaKgUr.jpg","8":"COMP_banner-padrao-home-destaques-boletim_20220726134707127zeaKgUr.jpg","arquivo":"20220726-NOTICIAS-SEMANAIS.PDF","9":"20220726-NOTICIAS-SEMANAIS.PDF","titulo_arquivo":"","10":"","titulo_arquivo_en":"","11":"","created_at":"2022-07-26 13:46:39","12":"2022-07-26 13:46:39","updated_at":"2022-07-26 13:47:14","13":"2022-07-26 13:47:14"},{"id":26,"0":26,"ordem":197,"1":197,"data":"2022-07-19","2":"2022-07-19","slug":"boletim-de-noticias-semanais-23","3":"boletim-de-noticias-semanais-23","titulo":"Boletim de Not\u00edcias Semanais","4":"Boletim de Not\u00edcias Semanais","titulo_en":"","5":"","texto":"<p style=\"text-align:justify\"><span style=\"font-size:11pt\"><span style=\"line-height:normal\"><span style=\"font-family:&quot;Calibri&quot;,sans-serif\"><span style=\"font-size:14.0pt\">Esta &eacute; uma compila&ccedil;&atilde;o das not&iacute;cias mais relevantes para o setor, incluindo informa&ccedil;&otilde;es sobre acordos internacionais, economia brasileira, sustentabilidade e mat&eacute;rias primas, al&eacute;m de novidades do setor de N&atilde;otecidos e Tecidos T&eacute;cnicos.<\/span><\/span><\/span><\/span><\/p>\r\n\r\n<p class=\"MsoTitle\" style=\"text-align:justify\"><span style=\"font-size:28pt\"><span style=\"font-family:&quot;Cambria&quot;,serif\"><span style=\"letter-spacing:-0.5pt\"><b><span style=\"font-size:18.0pt\"><span style=\"font-family:&quot;Calibri&quot;,sans-serif\"><span style=\"font-variant:small-caps\">A&ccedil;&otilde;es da ABINT<\/span><\/span><\/span><\/b><\/span><\/span><\/span><\/p>\r\n\r\n<p style=\"text-align:justify\"><span style=\"font-size:11pt\"><span style=\"line-height:normal\"><span style=\"font-family:&quot;Calibri&quot;,sans-serif\"><span class=\"MsoHyperlink\" style=\"color:blue\"><span style=\"text-decoration:underline\"><b><span style=\"font-size:14.0pt\"><span style=\"text-decoration:none\"><span style=\"text-underline:none\">Curso ABINT Tecnologia dos N&atilde;otecidos<\/span><\/span><\/span><\/b><\/span><\/span> <a href=\"https:\/\/www.abint.org.br\/informacao\/cursos-e-eventos\" style=\"color:blue; text-decoration:underline\"><b><span style=\"font-size:14.0pt\">INSCREVA-SE<\/span><\/b><\/a><span class=\"MsoHyperlink\" style=\"color:blue\"><span style=\"text-decoration:underline\"><span style=\"font-size:14.0pt\"><span style=\"text-decoration:none\"><span style=\"text-underline:none\"> <b>para as pr&oacute;ximas turmas!<\/b><\/span><\/span><\/span><\/span><\/span><\/span><\/span><\/span><\/p>\r\n\r\n<p style=\"text-align:justify\">&nbsp;<\/p>\r\n\r\n<p style=\"text-align:justify\"><span style=\"font-size:11pt\"><span style=\"line-height:normal\"><span style=\"font-family:&quot;Calibri&quot;,sans-serif\"><span class=\"MsoHyperlink\" style=\"color:blue\"><span style=\"text-decoration:underline\"><span style=\"font-size:14.0pt\"><span style=\"text-decoration:none\"><span style=\"text-underline:none\"><b><img height=\"458\" src=\"https:\/\/www.abint.org.br\/assets\/img\/editor\/20220719-live-ctg-instagram-daniel_20220725173610DlQo9vevNe.jpeg\" width=\"458\" \/><\/b><\/span><\/span><\/span><\/span><\/span><\/span><\/span><\/span><\/p>\r\n\r\n<p style=\"text-align:justify\"><span class=\"MsoHyperlink\" style=\"color:blue\"><span style=\"text-decoration:underline\"><span style=\"font-size:14.0pt\"><span style=\"line-height:115%\"><span style=\"font-family:&quot;Calibri&quot;,sans-serif\"><span style=\"text-decoration:none\"><span style=\"text-underline:none\">O <b>CTG Entrevista<\/b> recebe o <b>Engenheiro Civil Daniel Moreno Meucci<\/b>, para falar sobre suas experi&ecirc;ncias com os Geossint&eacute;ticos em campo. <b>Dia 19 de julho, &agrave;s 18:00<\/b>, no <\/span><\/span><\/span><\/span><\/span><\/span><\/span><span style=\"font-size:11.0pt\"><span style=\"line-height:115%\"><span style=\"font-family:&quot;Calibri&quot;,sans-serif\"><a href=\"https:\/\/www.instagram.com\/ctg_abint\/?hl=en\" style=\"color:blue; text-decoration:underline\"><span style=\"font-size:14.0pt\"><span style=\"line-height:115%\">Instagram do CTG<\/span><\/span><\/a><\/span><\/span><\/span><span class=\"MsoHyperlink\" style=\"color:blue\"><span style=\"text-decoration:underline\"><span style=\"font-size:14.0pt\"><span style=\"line-height:115%\"><span style=\"font-family:&quot;Calibri&quot;,sans-serif\"><span style=\"text-decoration:none\"><span style=\"text-underline:none\">.<\/span><\/span><\/span><\/span><\/span><\/span><\/span><\/p>\r\n\r\n<p style=\"text-align:justify\"><img height=\"265\" src=\"https:\/\/www.abint.org.br\/assets\/img\/editor\/logo-feiplar-2_20220725173719PSiR7Z2KgV.jpg\" width=\"460\" \/><\/p>\r\n\r\n<p style=\"text-align:justify\"><span class=\"MsoHyperlink\" style=\"color:blue\"><span style=\"text-decoration:underline\"><b><span style=\"font-size:14.0pt\"><span style=\"line-height:115%\"><span style=\"font-family:&quot;Calibri&quot;,sans-serif\"><span style=\"text-decoration:none\"><span style=\"text-underline:none\">A ABINT apoia a FEIPLAR COMPOSITES &amp; FEIPUR<\/span><\/span><\/span><\/span><\/span><\/b><\/span><\/span><span class=\"MsoHyperlink\" style=\"color:blue\"><span style=\"text-decoration:underline\"><span style=\"font-size:14.0pt\"><span style=\"line-height:115%\"><span style=\"font-family:&quot;Calibri&quot;,sans-serif\"><span style=\"text-decoration:none\"><span style=\"text-underline:none\">, feira que visa auxiliar o crescimento e desenvolvimento dos mercados de composites, poliuretano e pl&aacute;sticos de engenharia\/ compostos termopl&aacute;sticos em toda a Am&eacute;rica do Sul. Estes mercados t&ecirc;m registrado importante crescimento nos &uacute;ltimos anos e apontam interessantes perspectivas para os pr&oacute;ximos anos tamb&eacute;m. <\/span><\/span><\/span><\/span><\/span><\/span><\/span><span style=\"font-size:11.0pt\"><span style=\"line-height:115%\"><span style=\"font-family:&quot;Calibri&quot;,sans-serif\"><a href=\"https:\/\/feiplar.com\/\" style=\"color:blue; text-decoration:underline\"><span style=\"font-size:14.0pt\"><span style=\"line-height:115%\">Informa&ccedil;&otilde;es aqui<\/span><\/span><\/a><\/span><\/span><\/span><span class=\"MsoHyperlink\" style=\"color:blue\"><span style=\"text-decoration:underline\"><span style=\"font-size:14.0pt\"><span style=\"line-height:115%\"><span style=\"font-family:&quot;Calibri&quot;,sans-serif\"><span style=\"text-decoration:none\"><span style=\"text-underline:none\">.<\/span><\/span><\/span><\/span><\/span><\/span><\/span><\/p>\r\n\r\n<p style=\"text-align:justify\">&nbsp;<\/p>\r\n\r\n<p style=\"text-align:justify\"><span class=\"MsoHyperlink\" style=\"color:blue\"><span style=\"text-decoration:underline\"><span style=\"font-size:14.0pt\"><span style=\"line-height:115%\"><span style=\"font-family:&quot;Calibri&quot;,sans-serif\"><span style=\"text-decoration:none\"><span style=\"text-underline:none\"><img height=\"280\" src=\"https:\/\/www.abint.org.br\/assets\/img\/editor\/partnerkit-conahp-retangular-cth-abint_20220725173824DVMUpjckBL.png\" width=\"496\" \/><\/span><\/span><\/span><\/span><\/span><\/span><\/span><\/p>\r\n\r\n<p style=\"text-align:justify\"><span class=\"MsoHyperlink\" style=\"color:blue\"><span style=\"text-decoration:underline\"><span style=\"font-size:14.0pt\"><span style=\"line-height:115%\"><span style=\"font-family:&quot;Calibri&quot;,sans-serif\"><span style=\"text-decoration:none\"><span style=\"text-underline:none\">O <b>CTH ABINT<\/b> &eacute; patrocinador do <\/span><\/span><\/span><\/span><\/span><\/span><\/span><span class=\"MsoHyperlink\" style=\"color:blue\"><span style=\"text-decoration:underline\"><b><span style=\"font-size:14.0pt\"><span style=\"line-height:115%\"><span style=\"font-family:&quot;Calibri&quot;,sans-serif\"><span style=\"text-decoration:none\"><span style=\"text-underline:none\">CONAHP 2022 - Congresso Nacional de Hospitais Privados<\/span><\/span><\/span><\/span><\/span><\/b><\/span><\/span><span class=\"MsoHyperlink\" style=\"color:blue\"><span style=\"text-decoration:underline\"><span style=\"font-size:14.0pt\"><span style=\"line-height:115%\"><span style=\"font-family:&quot;Calibri&quot;,sans-serif\"><span style=\"text-decoration:none\"><span style=\"text-underline:none\">, evento que ocorrer&aacute; <b>presencialmente nos dias 10 e 11 de novembro, Transam&eacute;rica Expo Center<\/b>, S&atilde;o Paulo, SP. <\/span><\/span><\/span><\/span><\/span><\/span><\/span><span style=\"font-size:11.0pt\"><span style=\"line-height:115%\"><span style=\"font-family:&quot;Calibri&quot;,sans-serif\"><a href=\"https:\/\/conahp.org.br\/2022\/\" style=\"color:blue; text-decoration:underline\"><span style=\"font-size:14.0pt\"><span style=\"line-height:115%\">Informa&ccedil;&otilde;es aqui<\/span><\/span><\/a><\/span><\/span><\/span><span class=\"MsoHyperlink\" style=\"color:blue\"><span style=\"text-decoration:underline\"><span style=\"font-size:14.0pt\"><span style=\"line-height:115%\"><span style=\"font-family:&quot;Calibri&quot;,sans-serif\"><span style=\"text-decoration:none\"><span style=\"text-underline:none\">.<\/span><\/span><\/span><\/span><\/span><\/span><\/span><\/p>\r\n\r\n<p style=\"text-align:justify\">&nbsp;<\/p>\r\n\r\n<p style=\"text-align:justify\"><span style=\"font-size:11pt\"><span style=\"line-height:normal\"><span style=\"font-family:&quot;Calibri&quot;,sans-serif\"><b><span style=\"font-size:18.0pt\"><span style=\"font-variant:small-caps\">Eventos<\/span><\/span><\/b><\/span><\/span><\/span><\/p>\r\n\r\n<p><span style=\"font-size:11pt\"><span style=\"line-height:115%\"><span style=\"font-family:&quot;Calibri&quot;,sans-serif\"><span style=\"font-size:14.0pt\"><span style=\"line-height:115%\">Webinar <b>The EIU&rsquo;s - Global Economic Outlook 2022<\/b>, <strong><span style=\"font-family:&quot;Calibri&quot;,sans-serif\">Wednesday July 20th, <\/span><\/strong><\/span><\/span><a href=\"https:\/\/www.eiu.com\/n\/webinars\/global-economic-outlook-july-2022\/?utm_source=mkt-webinar&amp;utm_medium=email&amp;utm_campaign=global-outlook-webinar-july-22&amp;utm_term=register-now&amp;utm_content=anchor-1&amp;mkt_tok=NzUzLVJJUS00MzgAAAGFsEMBe1On-XmXIj4QGSAGE-35ouTwv9-pHIt8GxhBnBpwSDGlTtf70ZhX0qu29vlL8i7kg3wWWAHR2PlC0QvsZVN-OkKoM6jl-pKD65yZUzo#mktoForm_anchor\" style=\"color:blue; text-decoration:underline\"><span style=\"font-size:14.0pt\"><span style=\"line-height:115%\">Register here<\/span><\/span><\/a><strong><span style=\"font-size:14.0pt\"><span style=\"line-height:115%\"><span style=\"font-family:&quot;Calibri&quot;,sans-serif\">.<\/span><\/span><\/span><\/strong><\/span><\/span><\/span><\/p>\r\n\r\n<p style=\"text-align:justify\"><span style=\"font-size:11pt\"><span style=\"line-height:normal\"><span style=\"font-family:&quot;Calibri&quot;,sans-serif\"><strong><span style=\"font-size:14.0pt\"><span style=\"font-family:&quot;Calibri&quot;,sans-serif\">Session 1: <\/span><\/span><\/strong><span style=\"font-size:14.0pt\"><span style=\"background:yellow\">9am BST<\/span><\/span><span style=\"font-size:14.0pt\"> | 10am CET | 4pm HKT<\/span><\/span><\/span><\/span><\/p>\r\n\r\n<p style=\"text-align:justify\"><span style=\"font-size:11pt\"><span style=\"line-height:normal\"><span style=\"font-family:&quot;Calibri&quot;,sans-serif\"><strong><span style=\"font-size:14.0pt\"><span style=\"font-family:&quot;Calibri&quot;,sans-serif\">Session 2: <\/span><\/span><\/strong><span style=\"font-size:14.0pt\">10am EDT | 3pm BST | 4pm CET<\/span><\/span><\/span><\/span><\/p>\r\n\r\n<p style=\"text-align:justify\"><span style=\"font-size:11pt\"><span style=\"line-height:normal\"><span style=\"font-family:&quot;Calibri&quot;,sans-serif\"><span class=\"MsoHyperlink\" style=\"color:blue\"><span style=\"text-decoration:underline\"><b><span style=\"font-size:14.0pt\">Workshop ABIT | Seguran&ccedil;a do trabalho - A ergonomia na ind&uacute;stria t&ecirc;xtil<\/span><\/b><\/span><\/span><span class=\"MsoHyperlink\" style=\"color:blue\"><span style=\"text-decoration:underline\"><span style=\"font-size:14.0pt\">, 27 de julho, Rua Marqu&ecirc;s de Itu, 968, S&atilde;o Paulo. <\/span><\/span><\/span><a href=\"https:\/\/app.rdstation.email\/mail\/0a901722-a1dc-4ea7-9228-5f0274591810?utm_campaign=convite_workshop_abit_-seguranca_trabalho&amp;utm_medium=email&amp;utm_source=RD+Station\" style=\"color:blue; text-decoration:underline\"><span style=\"font-size:14.0pt\">Informa&ccedil;&otilde;es aqui<\/span><\/a><span class=\"MsoHyperlink\" style=\"color:blue\"><span style=\"text-decoration:underline\"><span style=\"font-size:14.0pt\">.<\/span><\/span><\/span><\/span><\/span><\/span><\/p>\r\n\r\n<p style=\"text-align:justify\"><span style=\"font-size:11pt\"><span style=\"line-height:normal\"><span style=\"font-family:&quot;Calibri&quot;,sans-serif\"><span class=\"MsoHyperlink\" style=\"color:blue\"><span style=\"text-decoration:underline\"><span style=\"font-size:14.0pt\">Webinar <b>VDI-Brasil P&iacute;lulas do Conhecimento: 5 Li&ccedil;&otilde;es Aprendidas com a Implementa&ccedil;&atilde;o de Projetos de Ind&uacute;stria 4.0<\/b>, com Professor e Pesquisador Ari Nelson Rodrigues Costa, do IMT - Instituto Mau&aacute; de Tecnologia, 27 de julho, &agrave;s 10h00. <\/span><\/span><\/span><a href=\"https:\/\/us02web.zoom.us\/webinar\/register\/WN_bnXrw8oASIiPgg2tpK7Jtg?utm_campaign=engineering_pills_-_ari_117&amp;utm_medium=email&amp;utm_source=RD+Station\" style=\"color:blue; text-decoration:underline\"><span style=\"font-size:14.0pt\">Inscreva-se aqui<\/span><\/a><span class=\"MsoHyperlink\" style=\"color:blue\"><span style=\"text-decoration:underline\"><span style=\"font-size:14.0pt\">.<\/span><\/span><\/span><\/span><\/span><\/span><\/p>\r\n\r\n<p style=\"text-align:justify\"><span style=\"font-size:11pt\"><span style=\"line-height:normal\"><span style=\"font-family:&quot;Calibri&quot;,sans-serif\"><span class=\"MsoHyperlink\" style=\"color:blue\"><span style=\"text-decoration:underline\"><b><span style=\"font-size:14.0pt\">Instituto Avan&ccedil;ado do Pl&aacute;stico: Curso Reciclagem de Pl&aacute;sticos<\/span><\/b><\/span><\/span><span class=\"MsoHyperlink\" style=\"color:blue\"><span style=\"text-decoration:underline\"><span style=\"font-size:14.0pt\">, 05 e 06 de agosto. <\/span><\/span><\/span><a href=\"https:\/\/www.planetaplastico.com.br\/curso-reciclagem-de-plasticos\" style=\"color:blue; text-decoration:underline\"><span style=\"font-size:14.0pt\">Informa&ccedil;&otilde;es aqui<\/span><\/a><span class=\"MsoHyperlink\" style=\"color:blue\"><span style=\"text-decoration:underline\"><span style=\"font-size:14.0pt\">.<\/span><\/span><\/span><\/span><\/span><\/span><\/p>\r\n\r\n<p style=\"text-align:justify\"><span style=\"font-size:11pt\"><span style=\"line-height:normal\"><span style=\"font-family:&quot;Calibri&quot;,sans-serif\"><span class=\"MsoHyperlink\" style=\"color:blue\"><span style=\"text-decoration:underline\"><b><span style=\"font-size:14.0pt\">Jornada de Enfermagem em Central de Material e Esteriliza&ccedil;&atilde;o<\/span><\/b><\/span><\/span><span class=\"MsoHyperlink\" style=\"color:blue\"><span style=\"text-decoration:underline\"><span style=\"font-size:14.0pt\">, 23 de agosto, Expominas, Belo Horizonte. <\/span><\/span><\/span><a href=\"https:\/\/nascecme.com.br\/jornada-de-enfermagem-em-central-de-material-e-esterilizacao\/\" style=\"color:blue; text-decoration:underline\"><span style=\"font-size:14.0pt\">Informa&ccedil;&otilde;es aqui<\/span><\/a><span class=\"MsoHyperlink\" style=\"color:blue\"><span style=\"text-decoration:underline\"><span style=\"font-size:14.0pt\">.<\/span><\/span><\/span><\/span><\/span><\/span><\/p>\r\n\r\n<p style=\"text-align:justify\"><span style=\"font-size:11pt\"><span style=\"line-height:normal\"><span style=\"font-family:&quot;Calibri&quot;,sans-serif\"><span class=\"MsoHyperlink\" style=\"color:blue\"><span style=\"text-decoration:underline\"><b><span style=\"font-size:14.0pt\">FICONS &ndash; XII Feira Internacional de Materiais, Equipamentos e Servi&ccedil;os da Constru&ccedil;&atilde;o<\/span><\/b><\/span><\/span><span class=\"MsoHyperlink\" style=\"color:blue\"><span style=\"text-decoration:underline\"><span style=\"font-size:14.0pt\">, 26 de agosto, no Centro de Conven&ccedil;&otilde;es de Pernambuco. <\/span><\/span><\/span><a href=\"https:\/\/www.ficons.com.br\/2022\/index\" style=\"color:blue; text-decoration:underline\"><span style=\"font-size:14.0pt\">Informa&ccedil;&otilde;es aqui<\/span><\/a><span class=\"MsoHyperlink\" style=\"color:blue\"><span style=\"text-decoration:underline\"><span style=\"font-size:14.0pt\">.<\/span><\/span><\/span><\/span><\/span><\/span><\/p>\r\n\r\n<p style=\"text-align:justify\"><span style=\"font-size:11pt\"><span style=\"line-height:normal\"><span style=\"font-family:&quot;Calibri&quot;,sans-serif\"><span class=\"MsoHyperlink\" style=\"color:blue\"><span style=\"text-decoration:underline\"><span style=\"font-size:14.0pt\">Semin&aacute;rio Sindit&ecirc;xtil-SP &ldquo;Efici&ecirc;ncia e Transi&ccedil;&atilde;o Energ&eacute;tica&rdquo;, 28 de agosto, Rua Marqu&ecirc;s de Itu, 968, S&atilde;o Paulo. <\/span><\/span><\/span><a href=\"https:\/\/s3.sa-east-1.amazonaws.com\/sindi-files.sinditextilsp.org.br\/site\/sindi_90anos\/Seminario_eficiencia_energetica\/Programa%C3%A7%C3%A3o+Semin%C3%A1rio+Efici%C3%AAncia+e+Transi%C3%A7%C3%A3o+Energ%C3%A9tica.pdf?utm_campaign=convite_seminario_energia&amp;utm_medium=email&amp;utm_source=RD+Station\" style=\"color:blue; text-decoration:underline\"><span style=\"font-size:14.0pt\">Programa&ccedil;&atilde;o<\/span><\/a><span class=\"MsoHyperlink\" style=\"color:blue\"><span style=\"text-decoration:underline\"><span style=\"font-size:14.0pt\">. <\/span><\/span><\/span><a href=\"https:\/\/eventos.abit.org.br\/Subs.aspx?key=e76786ff-e0ac-447b-81b1-a7dd2c2c3217&amp;utm_campaign=convite_seminario_energia&amp;utm_medium=email&amp;utm_source=RD+Station\" style=\"color:blue; text-decoration:underline\"><span style=\"font-size:14.0pt\">Inscri&ccedil;&otilde;es<\/span><\/a><span class=\"MsoHyperlink\" style=\"color:blue\"><span style=\"text-decoration:underline\"><span style=\"font-size:14.0pt\">.<\/span><\/span><\/span><\/span><\/span><\/span><\/p>\r\n\r\n<p style=\"text-align:justify\"><span style=\"font-size:11pt\"><span style=\"line-height:normal\"><span style=\"font-family:&quot;Calibri&quot;,sans-serif\"><span class=\"MsoHyperlink\" style=\"color:blue\"><span style=\"text-decoration:underline\"><b><span style=\"font-size:14.0pt\">Feira HospitalMed, <\/span><\/b><\/span><\/span><span class=\"MsoHyperlink\" style=\"color:blue\"><span style=\"text-decoration:underline\"><span style=\"font-size:14.0pt\">19 a 21 de outubro, Centro de Conven&ccedil;&otilde;es de Pernambuco. <\/span><\/span><\/span><a href=\"https:\/\/hospitalmed.com.br\/feira\/\" style=\"color:blue; text-decoration:underline\"><span style=\"font-size:14.0pt\">Informa&ccedil;&otilde;es aqui.<\/span><\/a><\/span><\/span><\/span><\/p>\r\n\r\n<p class=\"MsoTitle\" style=\"text-align:justify\"><span style=\"font-size:28pt\"><span style=\"font-family:&quot;Cambria&quot;,serif\"><span style=\"letter-spacing:-0.5pt\"><b><span style=\"font-size:18.0pt\"><span style=\"font-family:&quot;Calibri&quot;,sans-serif\"><span style=\"font-variant:small-caps\">Setor<\/span><\/span><\/span><\/b><\/span><\/span><\/span><\/p>\r\n\r\n<h4 style=\"margin-top:3px\"><span style=\"font-size:11pt\"><span style=\"line-height:115%\"><span style=\"font-family:&quot;Cambria&quot;,serif\"><span style=\"color:#365f91\"><span style=\"font-weight:normal\"><span style=\"font-style:italic\"><a href=\"https:\/\/agenciabrasil.ebc.com.br\/economia\/noticia\/2022-07\/camex-reduz-imposto-de-importacao-de-13-produtos\" style=\"color:blue; text-decoration:underline\"><span style=\"font-size:14.0pt\"><span style=\"line-height:115%\"><span style=\"font-family:&quot;Calibri&quot;,sans-serif\">Camex reduz Imposto de Importa&ccedil;&atilde;o de 13 produtos<\/span><\/span><\/span><\/a><\/span><\/span><\/span><\/span><\/span><\/span><\/h4>\r\n\r\n<p style=\"text-align:justify\"><span style=\"font-size:11pt\"><span style=\"line-height:normal\"><span style=\"font-family:&quot;Calibri&quot;,sans-serif\"><a href=\"https:\/\/pressroom.ifc.org\/all\/pages\/PressDetail.aspx?ID=27099\" style=\"color:blue; text-decoration:underline\"><span style=\"font-size:14.0pt\">IFC, Fitesa to increase non-woven production capacity in Brazil with sustainable technology<\/span><\/a><\/span><\/span><\/span><\/p>\r\n\r\n<p style=\"text-align:justify\"><span style=\"font-size:11pt\"><span style=\"line-height:normal\"><span style=\"font-family:&quot;Calibri&quot;,sans-serif\"><a href=\"https:\/\/www.kunststoffweb.de\/branchen-news\/perlen_brasilianische_cipatex_liefert_pvc-folie_an_verpackungsherstell_t250743\" style=\"color:blue; text-decoration:underline\"><span style=\"font-size:14.0pt\">Perlen: Brasilianische Cipatex liefert PVC-Folie an Verpackungshersteller<\/span><\/a><\/span><\/span><\/span><\/p>\r\n\r\n<p style=\"text-align:justify\"><span style=\"font-size:11pt\"><span style=\"line-height:normal\"><span style=\"font-family:&quot;Calibri&quot;,sans-serif\"><a href=\"https:\/\/www.cnnbrasil.com.br\/business\/fraldas-apresentam-alta-superior-a-inflacao-nacional-em-duas-capitais-diz-ibge\/\" style=\"color:blue; text-decoration:underline\"><span style=\"font-size:14.0pt\">Fraldas apresentam alta superior &agrave; infla&ccedil;&atilde;o nacional em duas capitais, diz IBGE<\/span><\/a><\/span><\/span><\/span><\/p>\r\n\r\n<p style=\"text-align:justify\"><span style=\"font-size:11pt\"><span style=\"line-height:normal\"><span style=\"font-family:&quot;Calibri&quot;,sans-serif\"><a href=\"https:\/\/tissueonline.com.br\/em-alta-consumo-de-produtos-intimos-deve-crescer-39-ate-2025\/?utm_campaign=newsletter_15072022_novo_modelo&amp;utm_medium=email&amp;utm_source=RD+Station\" style=\"color:blue; text-decoration:underline\"><span style=\"font-size:14.0pt\">Em alta, consumo de produtos &iacute;ntimos deve crescer 39% at&eacute; 2025<\/span><\/a><\/span><\/span><\/span><\/p>\r\n\r\n<p style=\"text-align:justify\"><span style=\"font-size:11pt\"><span style=\"line-height:normal\"><span style=\"font-family:&quot;Calibri&quot;,sans-serif\"><a href=\"https:\/\/www.fibre2fashion.com\/news\/apparel-news\/global-footwear-market-yet-to-recover-from-severe-dent-of-covid-19-281935-newsdetails.htm\" style=\"color:blue; text-decoration:underline\"><span style=\"font-size:14.0pt\">Global footwear market yet to recover from severe dent of COVID-19<\/span><\/a><\/span><\/span><\/span><\/p>\r\n\r\n<p style=\"text-align:justify\"><span style=\"font-size:11pt\"><span style=\"line-height:normal\"><span style=\"font-family:&quot;Calibri&quot;,sans-serif\"><a href=\"https:\/\/www.portugaltextil.com\/portugal-compra-mais-ao-brasil\/?utm_term=Portugal+Textil+a%3F%3F%3F%3F+18.07.2022&amp;utm_campaign=Portugal+Textil+FInal&amp;utm_source=e-goi&amp;utm_medium=email\" style=\"color:blue; text-decoration:underline\"><span style=\"font-size:14.0pt\">Cal&ccedil;ados: Portugal compra mais ao Brasil<\/span><\/a><\/span><\/span><\/span><\/p>\r\n\r\n<p style=\"text-align:justify\"><span style=\"font-size:11pt\"><span style=\"line-height:normal\"><span style=\"font-family:&quot;Calibri&quot;,sans-serif\"><a href=\"https:\/\/www.textiletechnology.net\/nonwovens\/news\/edana-quality-and-audit-program-operational-32532?utm_source=%2Fmeta%2Fnewsletter%2Fnewsletter&amp;utm_medium=newsletter&amp;utm_campaign=nl911&amp;utm_term=0801b20e08c3242125d512808cd74302\" style=\"color:blue; text-decoration:underline\"><span style=\"font-size:14.0pt\">Edana: Quality and audit program operational<\/span><\/a><\/span><\/span><\/span><\/p>\r\n\r\n<p class=\"MsoTitle\" style=\"text-align:justify\"><span style=\"font-size:28pt\"><span style=\"font-family:&quot;Cambria&quot;,serif\"><span style=\"letter-spacing:-0.5pt\"><b><span style=\"font-size:18.0pt\"><span style=\"font-family:&quot;Calibri&quot;,sans-serif\"><span style=\"font-variant:small-caps\">Ind&uacute;stria<\/span><\/span><\/span><\/b><\/span><\/span><\/span><\/p>\r\n\r\n<p style=\"text-align:justify\"><span style=\"font-size:11pt\"><span style=\"line-height:normal\"><span style=\"font-family:&quot;Calibri&quot;,sans-serif\"><a href=\"https:\/\/plasticosemrevista.com.br\/quando-a-bolsa-e-a-vida\/\" style=\"color:blue; text-decoration:underline\"><span style=\"font-size:14.0pt\">Quando a bolsa &eacute; a vida<\/span><\/a><\/span><\/span><\/span><\/p>\r\n\r\n<p style=\"text-align:justify\"><span style=\"font-size:11pt\"><span style=\"line-height:normal\"><span style=\"font-family:&quot;Calibri&quot;,sans-serif\"><a href=\"https:\/\/grandesconstrucoes.com.br\/Noticias\/Exibir\/producao-de-materiais-registra-4-resultado-negativo-consecutivo-em-abril?utm_source=akna&amp;utm_medium=email&amp;utm_campaign=Grandes-Construcoes-Informativo-820-14-07-2022&amp;utm_source=akna&amp;utm_medium=email&amp;utm_campaign=Grandes-Construcoes-Informativo-820-14-07-2022\" style=\"color:blue; text-decoration:underline\"><span style=\"font-size:14.0pt\">Produ&ccedil;&atilde;o de materiais registra 4&deg; resultado negativo consecutivo em abril<\/span><\/a><\/span><\/span><\/span><\/p>\r\n\r\n<p style=\"text-align:justify\"><span style=\"font-size:11pt\"><span style=\"line-height:normal\"><span style=\"font-family:&quot;Calibri&quot;,sans-serif\"><a href=\"https:\/\/revistamt.com.br\/Materias\/Exibir\/o-desafio-da-sustentabilidade\" style=\"color:blue; text-decoration:underline\"><span style=\"font-size:14.0pt\">MINERA&Ccedil;&Atilde;O: O desafio da sustentabilidade<\/span><\/a><\/span><\/span><\/span><\/p>\r\n\r\n<p style=\"text-align:justify\"><span style=\"font-size:11pt\"><span style=\"line-height:normal\"><span style=\"font-family:&quot;Calibri&quot;,sans-serif\"><a href=\"https:\/\/revistamt.com.br\/Materias\/Exibir\/a-estrategia-esg-na-construcao\" style=\"color:blue; text-decoration:underline\"><span style=\"font-size:14.0pt\">ESPECIAL INFRAESTRUTURA: A estrat&eacute;gia ESG na constru&ccedil;&atilde;o<\/span><\/a><\/span><\/span><\/span><\/p>\r\n\r\n<p style=\"text-align:justify\"><span style=\"font-size:11pt\"><span style=\"line-height:normal\"><span style=\"font-family:&quot;Calibri&quot;,sans-serif\"><a href=\"https:\/\/www.moveisdevalor.com.br\/portal\/producao-de-moveis-sobe-pelo-segundo-mes-consecutivo-diz-ibge?source=news\" style=\"color:blue; text-decoration:underline\"><span style=\"font-size:14.0pt\">Produ&ccedil;&atilde;o de m&oacute;veis sobe pelo segundo m&ecirc;s, mas cai forte no ano<\/span><\/a><\/span><\/span><\/span><\/p>\r\n\r\n<p class=\"MsoTitle\" style=\"text-align:justify\"><span style=\"font-size:28pt\"><span style=\"font-family:&quot;Cambria&quot;,serif\"><span style=\"letter-spacing:-0.5pt\"><b><span style=\"font-size:18.0pt\"><span style=\"font-family:&quot;Calibri&quot;,sans-serif\"><span style=\"font-variant:small-caps\">Sustentabilidade<\/span><\/span><\/span><\/b><\/span><\/span><\/span><\/p>\r\n\r\n<p style=\"text-align:justify\"><span style=\"font-size:11pt\"><span style=\"line-height:normal\"><span style=\"font-family:&quot;Calibri&quot;,sans-serif\"><a href=\"https:\/\/plasticosemrevista.com.br\/os-pingos-nos-is\/\" style=\"color:blue; text-decoration:underline\"><span style=\"font-size:14.0pt\">Os pingos nos is - Mentiras repetidas contra os pl&aacute;sticos s&atilde;o aceitas como verdade, mas isso n&atilde;o as torna verdadeiras<\/span><\/a><\/span><\/span><\/span><\/p>\r\n\r\n<p style=\"text-align:justify\"><span style=\"font-size:11pt\"><span style=\"line-height:normal\"><span style=\"font-family:&quot;Calibri&quot;,sans-serif\"><a href=\"https:\/\/www.archdaily.com.br\/br\/984613\/qual-o-impacto-de-cada-material-de-construcao?ad_medium=gallery\" style=\"color:blue; text-decoration:underline\"><span style=\"font-size:14.0pt\">Qual o impacto ambiental de cada material de constru&ccedil;&atilde;o?<\/span><\/a><\/span><\/span><\/span><\/p>\r\n\r\n<p style=\"text-align:justify\"><span style=\"font-size:11pt\"><span style=\"line-height:normal\"><span style=\"font-family:&quot;Calibri&quot;,sans-serif\"><span class=\"MsoHyperlink\" style=\"color:blue\"><span style=\"text-decoration:underline\"><span style=\"font-size:14.0pt\">Detalhes da ferramenta <\/span><\/span><\/span><a href=\"https:\/\/www.materialepyramiden.dk\/\" style=\"color:blue; text-decoration:underline\"><span style=\"font-size:14.0pt\">The Construction Material Pyramid<\/span><\/a><\/span><\/span><\/span><\/p>\r\n\r\n<p style=\"text-align:justify\"><span style=\"font-size:11pt\"><span style=\"line-height:normal\"><span style=\"font-family:&quot;Calibri&quot;,sans-serif\"><a href=\"https:\/\/conectaverde.com.br\/estudo-do-pacto-global-da-onu-revela-que-brasileiro-descartara-ate-16-kg-de-plastico-no-mar-por-ano\/?utm_campaign=conecta_verde_news_15&amp;utm_medium=email&amp;utm_source=RD+Station\" style=\"color:blue; text-decoration:underline\"><span style=\"font-size:14.0pt\">Estudo do Pacto Global da ONU revela que brasileiro descartar&aacute; at&eacute; 16 kg de pl&aacute;stico no mar por ano<\/span><\/a><\/span><\/span><\/span><\/p>\r\n\r\n<p style=\"text-align:justify\"><span style=\"font-size:11pt\"><span style=\"line-height:normal\"><span style=\"font-family:&quot;Calibri&quot;,sans-serif\"><a href=\"https:\/\/www.fibre2fashion.com\/news\/textile-news\/europe-can-achieve-fibre-to-fibre-recycling-at-scale-by-2030-mckinsey-281917-newsdetails.htm\" style=\"color:blue; text-decoration:underline\"><span style=\"font-size:14.0pt\">Europe can achieve fibre-to-fibre recycling at scale by 2030: McKinsey<\/span><\/a><\/span><\/span><\/span><\/p>\r\n\r\n<p style=\"text-align:justify\"><span style=\"font-size:11pt\"><span style=\"line-height:normal\"><span style=\"font-family:&quot;Calibri&quot;,sans-serif\"><a href=\"https:\/\/www.textiletechnology.net\/nonwovens\/news\/ifg-sustainable-plastic-free-tea-bags-32537?utm_source=%2Fmeta%2Fnewsletter%2Fnewsletter&amp;utm_medium=newsletter&amp;utm_campaign=nl911&amp;utm_term=0801b20e08c3242125d512808cd74302\" style=\"color:blue; text-decoration:underline\"><span style=\"font-size:14.0pt\">Sustainable plastic-free tea bags<\/span><\/a><\/span><\/span><\/span><\/p>\r\n\r\n<p style=\"text-align:justify\"><span style=\"font-size:11pt\"><span style=\"line-height:normal\"><span style=\"font-family:&quot;Calibri&quot;,sans-serif\"><a href=\"https:\/\/ciclovivo-com-br.cdn.ampproject.org\/c\/s\/ciclovivo.com.br\/arq-urb\/design\/calcas-jeans-recicladas-viram-vasos-para-o-jardim-e-varanda\/amp\/\" style=\"color:blue; text-decoration:underline\"><span style=\"font-size:14.0pt\">Cal&ccedil;as jeans recicladas viram vasos para o jardim e varanda<\/span><\/a><\/span><\/span><\/span><\/p>\r\n\r\n<p style=\"text-align:justify\"><span style=\"font-size:11pt\"><span style=\"line-height:normal\"><span style=\"font-family:&quot;Calibri&quot;,sans-serif\"><a href=\"https:\/\/www.gov.br\/mdr\/pt-br\/ultimas-noticias\/marco-legal-do-saneamento-completa-dois-anos-nesta-sexta-feira-15\" style=\"color:blue; text-decoration:underline\"><span style=\"font-size:14.0pt\">Marco Legal do Saneamento completou dois anos no dia 15 de julho<\/span><\/a><\/span><\/span><\/span><\/p>\r\n\r\n<p style=\"text-align:justify\"><span style=\"font-size:11pt\"><span style=\"line-height:normal\"><span style=\"font-family:&quot;Calibri&quot;,sans-serif\"><a href=\"https:\/\/noticias.r7.com\/cidades\/folha-vitoria\/pesquisa-revela-que-nao-havera-universalizacao-do-saneamento-ate-2033-no-pais-18072022\" style=\"color:blue; text-decoration:underline\"><span style=\"font-size:14.0pt\">Pesquisa revela que n&atilde;o haver&aacute; universaliza&ccedil;&atilde;o do saneamento at&eacute; 2033 no pa&iacute;s<\/span><\/a><\/span><\/span><\/span><\/p>\r\n\r\n<p style=\"text-align:justify\"><span style=\"font-size:11pt\"><span style=\"line-height:normal\"><span style=\"font-family:&quot;Calibri&quot;,sans-serif\"><a href=\"https:\/\/revistadospneus.com\/pt\/2022\/07\/12\/michelin-lidera-consorcio-reciclagem-residuos-plasticos\/\" style=\"color:blue; text-decoration:underline\"><span style=\"font-size:14.0pt\">Michelin lidera cons&oacute;rcio reciclagem res&iacute;duos pl&aacute;sticos comp&oacute;sitos &agrave; base de t&ecirc;xtil<\/span><\/a><\/span><\/span><\/span><\/p>\r\n\r\n<p style=\"text-align:justify\"><span style=\"font-size:11pt\"><span style=\"line-height:normal\"><span style=\"font-family:&quot;Calibri&quot;,sans-serif\"><a href=\"https:\/\/www.gov.br\/mma\/pt-br\/noticias\/brasil-e-japao-assinam-primeiro-acordo-bilateral-para-fomento-do-mercado-regulado-de-carbono-entre-os-dois-paises\" style=\"color:blue; text-decoration:underline\"><span style=\"font-size:14.0pt\">Brasil e Jap&atilde;o assinam primeiro acordo bilateral para fomento do mercado regulado de carbono entre os dois pa&iacute;ses<\/span><\/a><\/span><\/span><\/span><\/p>\r\n\r\n<p class=\"MsoTitle\" style=\"text-align:justify\"><span style=\"font-size:28pt\"><span style=\"font-family:&quot;Cambria&quot;,serif\"><span style=\"letter-spacing:-0.5pt\"><b><span style=\"font-size:18.0pt\"><span style=\"font-family:&quot;Calibri&quot;,sans-serif\"><span style=\"font-variant:small-caps\">Inova&ccedil;&atilde;o<\/span><\/span><\/span><\/b><\/span><\/span><\/span><\/p>\r\n\r\n<p style=\"text-align:justify\"><span style=\"font-size:11pt\"><span style=\"line-height:normal\"><span style=\"font-family:&quot;Calibri&quot;,sans-serif\"><a href=\"https:\/\/www.tempo.com\/noticias\/ciencia\/metodo-inovador-de-reciclagem-pode-transformar-lixo-em-plastico-meio-ambiente-microplastico.html\" style=\"color:blue; text-decoration:underline\"><span style=\"font-size:14.0pt\">M&eacute;todo inovador de reciclagem pode transformar lixo em pl&aacute;stico<\/span><\/a><\/span><\/span><\/span><\/p>\r\n\r\n<p style=\"text-align:justify\"><span style=\"font-size:11pt\"><span style=\"line-height:normal\"><span style=\"font-family:&quot;Calibri&quot;,sans-serif\"><a href=\"https:\/\/www.technicaltextile.net\/news\/new-york-researchers-develop-n95-masks-that-kill-viruses-on-contact-281757.html\" style=\"color:blue; text-decoration:underline\"><span style=\"font-size:14.0pt\">New York researchers develop N95 masks that kill viruses on contact<\/span><\/a><\/span><\/span><\/span><\/p>\r\n\r\n<p style=\"text-align:justify\"><span style=\"font-size:11pt\"><span style=\"line-height:normal\"><span style=\"font-family:&quot;Calibri&quot;,sans-serif\"><a href=\"http:\/\/textileindustry.ning.com\/forum\/topics\/microsoft-desenvolve-tecido-inteligente-que-identifica-objetos\" style=\"color:blue; text-decoration:underline\"><span style=\"font-size:14.0pt\">Microsoft desenvolve tecido inteligente que identifica objetos<\/span><\/a><\/span><\/span><\/span><\/p>\r\n\r\n<p style=\"text-align:justify\"><span style=\"font-size:11pt\"><span style=\"line-height:normal\"><span style=\"font-family:&quot;Calibri&quot;,sans-serif\"><a href=\"https:\/\/www.technicaltextile.net\/news\/us-researchers-develop-fabric-that-senses-wearers-movements--281796.html\" style=\"color:blue; text-decoration:underline\"><span style=\"font-size:14.0pt\">US researchers develop fabric that senses wearers&#39; movements<\/span><\/a><\/span><\/span><\/span><\/p>\r\n\r\n<p style=\"text-align:justify\"><span style=\"font-size:11pt\"><span style=\"line-height:normal\"><span style=\"font-family:&quot;Calibri&quot;,sans-serif\"><a href=\"https:\/\/www.textiletechnology.net\/technology\/news\/acimit-digitalization-and-sustainability-are-key-to-resiliency-32546?utm_source=%2Fmeta%2Fnewsletter%2Fnewsletter&amp;utm_medium=newsletter&amp;utm_campaign=nl912&amp;utm_term=0801b20e08c3242125d512808cd74302\" style=\"color:blue; text-decoration:underline\"><span style=\"font-size:14.0pt\">ACIMIT: Digitalization and sustainability are key to resiliency<\/span><\/a><\/span><\/span><\/span><\/p>\r\n\r\n<p class=\"MsoTitle\" style=\"text-align:justify\"><span style=\"font-size:28pt\"><span style=\"font-family:&quot;Cambria&quot;,serif\"><span style=\"letter-spacing:-0.5pt\"><b><span style=\"font-size:18.0pt\"><span style=\"font-family:&quot;Calibri&quot;,sans-serif\"><span style=\"font-variant:small-caps\">Com&eacute;rcio Exterior<\/span><\/span><\/span><\/b><\/span><\/span><\/span><\/p>\r\n\r\n<p style=\"text-align:justify\"><span style=\"font-size:11pt\"><span style=\"line-height:normal\"><span style=\"font-family:&quot;Calibri&quot;,sans-serif\"><a href=\"https:\/\/noticias.portaldaindustria.com.br\/noticias\/internacional\/cni-apresenta-agenda-de-prioridades-da-industria-a-corpo-diplomatico\/\" style=\"color:blue; text-decoration:underline\"><span style=\"font-size:14.0pt\">CNI apresenta agenda de prioridades da ind&uacute;stria a corpo diplom&aacute;tico<\/span><\/a><\/span><\/span><\/span><\/p>\r\n\r\n<p style=\"text-align:justify\"><span style=\"font-size:11pt\"><span style=\"line-height:normal\"><span style=\"font-family:&quot;Calibri&quot;,sans-serif\"><a href=\"https:\/\/sovos.com\/pt-br\/blog\/tributos\/revisao-de-imposto-global-deve-entrar-em-vigor-em-2024-diz-ocde\/?utm_source=&amp;utm_medium=&amp;utm_campaign=&amp;utm_term=&amp;utm_content=&amp;mkt_tok=MzM0LUhWTi0yNDkAAAGFoe_9go5aDaWSSQ-BIBykgKrfRShPR7xKqKL4VH53qjDCczVCpldN1H9QudLyU65cuYcLu7hZgvDcaBym5y66DPjpkJTW46-Rvi074rZ_GiA\" style=\"color:blue; text-decoration:underline\"><span style=\"font-size:14.0pt\">Revis&atilde;o de imposto global deve entrar em vigor em 2024, diz OCDE<\/span><\/a><\/span><\/span><\/span><\/p>\r\n\r\n<p style=\"text-align:justify\"><span style=\"font-size:11pt\"><span style=\"line-height:normal\"><span style=\"font-family:&quot;Calibri&quot;,sans-serif\"><a href=\"https:\/\/www.fibre2fashion.com\/news\/textile-news\/us-economy-shows-slowdown-signs-concerns-of-recession-rising-fed-281913-newsdetails.htm\" style=\"color:blue; text-decoration:underline\"><span style=\"font-size:14.0pt\">US economy shows slowdown signs, concerns of recession rising: Fed<\/span><\/a><\/span><\/span><\/span><\/p>\r\n\r\n<p style=\"text-align:justify\"><span style=\"font-size:11pt\"><span style=\"line-height:normal\"><span style=\"font-family:&quot;Calibri&quot;,sans-serif\"><a href=\"https:\/\/portalibre.fgv.br\/noticias\/indicadores-de-comercio-exterior-crescimento-em-valor-dos-fluxos-de-comercio-no-1o-sem22\" style=\"color:blue; text-decoration:underline\"><span style=\"font-size:14.0pt\">Indicadores de Com&eacute;rcio Exterior | Crescimento, em valor, dos fluxos de com&eacute;rcio no 1&ordm; sem.\/22 foi liderado pelos pre&ccedil;os<\/span><\/a><\/span><\/span><\/span><\/p>\r\n\r\n<p class=\"MsoTitle\" style=\"text-align:justify\"><span style=\"font-size:28pt\"><span style=\"font-family:&quot;Cambria&quot;,serif\"><span style=\"letter-spacing:-0.5pt\"><b><span style=\"font-size:18.0pt\"><span style=\"font-family:&quot;Calibri&quot;,sans-serif\"><span style=\"font-variant:small-caps\">Economia<\/span><\/span><\/span><\/b><\/span><\/span><\/span><\/p>\r\n\r\n<p style=\"text-align:justify\"><span style=\"font-size:11pt\"><span style=\"line-height:normal\"><span style=\"font-family:&quot;Calibri&quot;,sans-serif\"><a href=\"https:\/\/www.bcb.gov.br\/content\/focus\/focus\/R20220715.pdf\" style=\"color:blue; text-decoration:underline\"><span style=\"font-size:14.0pt\">Focus - Relat&oacute;rio de Mercado<\/span><\/a><\/span><\/span><\/span><\/p>\r\n\r\n<p style=\"text-align:justify\"><span style=\"font-size:11pt\"><span style=\"line-height:normal\"><span style=\"font-family:&quot;Calibri&quot;,sans-serif\"><a href=\"https:\/\/pages.eiu.com\/rs\/753-RIQ-438\/images\/global-economic-outlook-july-22.pdf?mkt_tok=NzUzLVJJUS00MzgAAAGFsKUPjhwDm39asGdYETGXHFVUwOOz2kOzeVo6MGi95r94qSNxjyv1Kr2Ny1LHXq1YNNpAM1T6hN-Ogm2Ht5eS_MH8hhZv-rdAaOc-YRVv_RY\" style=\"color:blue; text-decoration:underline\"><span style=\"font-size:14.0pt\">The Economist Intelligence Unit - Global Economic Outlook: July 2022 - Assessing the global economic impact of war in Ukraine and China&rsquo;s &ldquo;zero-covid&rdquo; policy<\/span><\/a><\/span><\/span><\/span><\/p>\r\n\r\n<p style=\"text-align:justify\"><span style=\"font-size:11pt\"><span style=\"line-height:normal\"><span style=\"font-family:&quot;Calibri&quot;,sans-serif\"><a href=\"https:\/\/portalibre.fgv.br\/noticias\/monitor-do-pib-fgv-aponta-retracao-de-08-na-atividade-economica-em-maio\" style=\"color:blue; text-decoration:underline\"><span style=\"font-size:14.0pt\">Monitor do PIB-FGV aponta retra&ccedil;&atilde;o de 0,8% na atividade econ&ocirc;mica em maio<\/span><\/a><\/span><\/span><\/span><\/p>\r\n\r\n<p style=\"text-align:justify\"><span style=\"font-size:11pt\"><span style=\"line-height:normal\"><span style=\"font-family:&quot;Calibri&quot;,sans-serif\"><a href=\"https:\/\/agenciabrasil.ebc.com.br\/economia\/noticia\/2022-07\/mercado-financeiro-preve-inflacao-de-754-em-2022\" style=\"color:blue; text-decoration:underline\"><span style=\"font-size:14.0pt\">Mercado financeiro prev&ecirc; infla&ccedil;&atilde;o de 7,54% em 2022<\/span><\/a><\/span><\/span><\/span><\/p>\r\n\r\n<p style=\"text-align:justify\"><span style=\"font-size:11pt\"><span style=\"line-height:normal\"><span style=\"font-family:&quot;Calibri&quot;,sans-serif\"><a href=\"https:\/\/noticias.portaldaindustria.com.br\/noticias\/economia\/indice-de-confianca-do-empresario-industrial-fica-em-578-pontos-em-julho\/\" style=\"color:blue; text-decoration:underline\"><span style=\"font-size:14.0pt\">&Iacute;ndice de Confian&ccedil;a do Empres&aacute;rio Industrial fica em 57,8 pontos em julho<\/span><\/a><\/span><\/span><\/span><\/p>\r\n","6":"<p style=\"text-align:justify\"><span style=\"font-size:11pt\"><span style=\"line-height:normal\"><span style=\"font-family:&quot;Calibri&quot;,sans-serif\"><span style=\"font-size:14.0pt\">Esta &eacute; uma compila&ccedil;&atilde;o das not&iacute;cias mais relevantes para o setor, incluindo informa&ccedil;&otilde;es sobre acordos internacionais, economia brasileira, sustentabilidade e mat&eacute;rias primas, al&eacute;m de novidades do setor de N&atilde;otecidos e Tecidos T&eacute;cnicos.<\/span><\/span><\/span><\/span><\/p>\r\n\r\n<p class=\"MsoTitle\" style=\"text-align:justify\"><span style=\"font-size:28pt\"><span style=\"font-family:&quot;Cambria&quot;,serif\"><span style=\"letter-spacing:-0.5pt\"><b><span style=\"font-size:18.0pt\"><span style=\"font-family:&quot;Calibri&quot;,sans-serif\"><span style=\"font-variant:small-caps\">A&ccedil;&otilde;es da ABINT<\/span><\/span><\/span><\/b><\/span><\/span><\/span><\/p>\r\n\r\n<p style=\"text-align:justify\"><span style=\"font-size:11pt\"><span style=\"line-height:normal\"><span style=\"font-family:&quot;Calibri&quot;,sans-serif\"><span class=\"MsoHyperlink\" style=\"color:blue\"><span style=\"text-decoration:underline\"><b><span style=\"font-size:14.0pt\"><span style=\"text-decoration:none\"><span style=\"text-underline:none\">Curso ABINT Tecnologia dos N&atilde;otecidos<\/span><\/span><\/span><\/b><\/span><\/span> <a href=\"https:\/\/www.abint.org.br\/informacao\/cursos-e-eventos\" style=\"color:blue; text-decoration:underline\"><b><span style=\"font-size:14.0pt\">INSCREVA-SE<\/span><\/b><\/a><span class=\"MsoHyperlink\" style=\"color:blue\"><span style=\"text-decoration:underline\"><span style=\"font-size:14.0pt\"><span style=\"text-decoration:none\"><span style=\"text-underline:none\"> <b>para as pr&oacute;ximas turmas!<\/b><\/span><\/span><\/span><\/span><\/span><\/span><\/span><\/span><\/p>\r\n\r\n<p style=\"text-align:justify\">&nbsp;<\/p>\r\n\r\n<p style=\"text-align:justify\"><span style=\"font-size:11pt\"><span style=\"line-height:normal\"><span style=\"font-family:&quot;Calibri&quot;,sans-serif\"><span class=\"MsoHyperlink\" style=\"color:blue\"><span style=\"text-decoration:underline\"><span style=\"font-size:14.0pt\"><span style=\"text-decoration:none\"><span style=\"text-underline:none\"><b><img height=\"458\" src=\"https:\/\/www.abint.org.br\/assets\/img\/editor\/20220719-live-ctg-instagram-daniel_20220725173610DlQo9vevNe.jpeg\" width=\"458\" \/><\/b><\/span><\/span><\/span><\/span><\/span><\/span><\/span><\/span><\/p>\r\n\r\n<p style=\"text-align:justify\"><span class=\"MsoHyperlink\" style=\"color:blue\"><span style=\"text-decoration:underline\"><span style=\"font-size:14.0pt\"><span style=\"line-height:115%\"><span style=\"font-family:&quot;Calibri&quot;,sans-serif\"><span style=\"text-decoration:none\"><span style=\"text-underline:none\">O <b>CTG Entrevista<\/b> recebe o <b>Engenheiro Civil Daniel Moreno Meucci<\/b>, para falar sobre suas experi&ecirc;ncias com os Geossint&eacute;ticos em campo. <b>Dia 19 de julho, &agrave;s 18:00<\/b>, no <\/span><\/span><\/span><\/span><\/span><\/span><\/span><span style=\"font-size:11.0pt\"><span style=\"line-height:115%\"><span style=\"font-family:&quot;Calibri&quot;,sans-serif\"><a href=\"https:\/\/www.instagram.com\/ctg_abint\/?hl=en\" style=\"color:blue; text-decoration:underline\"><span style=\"font-size:14.0pt\"><span style=\"line-height:115%\">Instagram do CTG<\/span><\/span><\/a><\/span><\/span><\/span><span class=\"MsoHyperlink\" style=\"color:blue\"><span style=\"text-decoration:underline\"><span style=\"font-size:14.0pt\"><span style=\"line-height:115%\"><span style=\"font-family:&quot;Calibri&quot;,sans-serif\"><span style=\"text-decoration:none\"><span style=\"text-underline:none\">.<\/span><\/span><\/span><\/span><\/span><\/span><\/span><\/p>\r\n\r\n<p style=\"text-align:justify\"><img height=\"265\" src=\"https:\/\/www.abint.org.br\/assets\/img\/editor\/logo-feiplar-2_20220725173719PSiR7Z2KgV.jpg\" width=\"460\" \/><\/p>\r\n\r\n<p style=\"text-align:justify\"><span class=\"MsoHyperlink\" style=\"color:blue\"><span style=\"text-decoration:underline\"><b><span style=\"font-size:14.0pt\"><span style=\"line-height:115%\"><span style=\"font-family:&quot;Calibri&quot;,sans-serif\"><span style=\"text-decoration:none\"><span style=\"text-underline:none\">A ABINT apoia a FEIPLAR COMPOSITES &amp; FEIPUR<\/span><\/span><\/span><\/span><\/span><\/b><\/span><\/span><span class=\"MsoHyperlink\" style=\"color:blue\"><span style=\"text-decoration:underline\"><span style=\"font-size:14.0pt\"><span style=\"line-height:115%\"><span style=\"font-family:&quot;Calibri&quot;,sans-serif\"><span style=\"text-decoration:none\"><span style=\"text-underline:none\">, feira que visa auxiliar o crescimento e desenvolvimento dos mercados de composites, poliuretano e pl&aacute;sticos de engenharia\/ compostos termopl&aacute;sticos em toda a Am&eacute;rica do Sul. Estes mercados t&ecirc;m registrado importante crescimento nos &uacute;ltimos anos e apontam interessantes perspectivas para os pr&oacute;ximos anos tamb&eacute;m. <\/span><\/span><\/span><\/span><\/span><\/span><\/span><span style=\"font-size:11.0pt\"><span style=\"line-height:115%\"><span style=\"font-family:&quot;Calibri&quot;,sans-serif\"><a href=\"https:\/\/feiplar.com\/\" style=\"color:blue; text-decoration:underline\"><span style=\"font-size:14.0pt\"><span style=\"line-height:115%\">Informa&ccedil;&otilde;es aqui<\/span><\/span><\/a><\/span><\/span><\/span><span class=\"MsoHyperlink\" style=\"color:blue\"><span style=\"text-decoration:underline\"><span style=\"font-size:14.0pt\"><span style=\"line-height:115%\"><span style=\"font-family:&quot;Calibri&quot;,sans-serif\"><span style=\"text-decoration:none\"><span style=\"text-underline:none\">.<\/span><\/span><\/span><\/span><\/span><\/span><\/span><\/p>\r\n\r\n<p style=\"text-align:justify\">&nbsp;<\/p>\r\n\r\n<p style=\"text-align:justify\"><span class=\"MsoHyperlink\" style=\"color:blue\"><span style=\"text-decoration:underline\"><span style=\"font-size:14.0pt\"><span style=\"line-height:115%\"><span style=\"font-family:&quot;Calibri&quot;,sans-serif\"><span style=\"text-decoration:none\"><span style=\"text-underline:none\"><img height=\"280\" src=\"https:\/\/www.abint.org.br\/assets\/img\/editor\/partnerkit-conahp-retangular-cth-abint_20220725173824DVMUpjckBL.png\" width=\"496\" \/><\/span><\/span><\/span><\/span><\/span><\/span><\/span><\/p>\r\n\r\n<p style=\"text-align:justify\"><span class=\"MsoHyperlink\" style=\"color:blue\"><span style=\"text-decoration:underline\"><span style=\"font-size:14.0pt\"><span style=\"line-height:115%\"><span style=\"font-family:&quot;Calibri&quot;,sans-serif\"><span style=\"text-decoration:none\"><span style=\"text-underline:none\">O <b>CTH ABINT<\/b> &eacute; patrocinador do <\/span><\/span><\/span><\/span><\/span><\/span><\/span><span class=\"MsoHyperlink\" style=\"color:blue\"><span style=\"text-decoration:underline\"><b><span style=\"font-size:14.0pt\"><span style=\"line-height:115%\"><span style=\"font-family:&quot;Calibri&quot;,sans-serif\"><span style=\"text-decoration:none\"><span style=\"text-underline:none\">CONAHP 2022 - Congresso Nacional de Hospitais Privados<\/span><\/span><\/span><\/span><\/span><\/b><\/span><\/span><span class=\"MsoHyperlink\" style=\"color:blue\"><span style=\"text-decoration:underline\"><span style=\"font-size:14.0pt\"><span style=\"line-height:115%\"><span style=\"font-family:&quot;Calibri&quot;,sans-serif\"><span style=\"text-decoration:none\"><span style=\"text-underline:none\">, evento que ocorrer&aacute; <b>presencialmente nos dias 10 e 11 de novembro, Transam&eacute;rica Expo Center<\/b>, S&atilde;o Paulo, SP. <\/span><\/span><\/span><\/span><\/span><\/span><\/span><span style=\"font-size:11.0pt\"><span style=\"line-height:115%\"><span style=\"font-family:&quot;Calibri&quot;,sans-serif\"><a href=\"https:\/\/conahp.org.br\/2022\/\" style=\"color:blue; text-decoration:underline\"><span style=\"font-size:14.0pt\"><span style=\"line-height:115%\">Informa&ccedil;&otilde;es aqui<\/span><\/span><\/a><\/span><\/span><\/span><span class=\"MsoHyperlink\" style=\"color:blue\"><span style=\"text-decoration:underline\"><span style=\"font-size:14.0pt\"><span style=\"line-height:115%\"><span style=\"font-family:&quot;Calibri&quot;,sans-serif\"><span style=\"text-decoration:none\"><span style=\"text-underline:none\">.<\/span><\/span><\/span><\/span><\/span><\/span><\/span><\/p>\r\n\r\n<p style=\"text-align:justify\">&nbsp;<\/p>\r\n\r\n<p style=\"text-align:justify\"><span style=\"font-size:11pt\"><span style=\"line-height:normal\"><span style=\"font-family:&quot;Calibri&quot;,sans-serif\"><b><span style=\"font-size:18.0pt\"><span style=\"font-variant:small-caps\">Eventos<\/span><\/span><\/b><\/span><\/span><\/span><\/p>\r\n\r\n<p><span style=\"font-size:11pt\"><span style=\"line-height:115%\"><span style=\"font-family:&quot;Calibri&quot;,sans-serif\"><span style=\"font-size:14.0pt\"><span style=\"line-height:115%\">Webinar <b>The EIU&rsquo;s - Global Economic Outlook 2022<\/b>, <strong><span style=\"font-family:&quot;Calibri&quot;,sans-serif\">Wednesday July 20th, <\/span><\/strong><\/span><\/span><a href=\"https:\/\/www.eiu.com\/n\/webinars\/global-economic-outlook-july-2022\/?utm_source=mkt-webinar&amp;utm_medium=email&amp;utm_campaign=global-outlook-webinar-july-22&amp;utm_term=register-now&amp;utm_content=anchor-1&amp;mkt_tok=NzUzLVJJUS00MzgAAAGFsEMBe1On-XmXIj4QGSAGE-35ouTwv9-pHIt8GxhBnBpwSDGlTtf70ZhX0qu29vlL8i7kg3wWWAHR2PlC0QvsZVN-OkKoM6jl-pKD65yZUzo#mktoForm_anchor\" style=\"color:blue; text-decoration:underline\"><span style=\"font-size:14.0pt\"><span style=\"line-height:115%\">Register here<\/span><\/span><\/a><strong><span style=\"font-size:14.0pt\"><span style=\"line-height:115%\"><span style=\"font-family:&quot;Calibri&quot;,sans-serif\">.<\/span><\/span><\/span><\/strong><\/span><\/span><\/span><\/p>\r\n\r\n<p style=\"text-align:justify\"><span style=\"font-size:11pt\"><span style=\"line-height:normal\"><span style=\"font-family:&quot;Calibri&quot;,sans-serif\"><strong><span style=\"font-size:14.0pt\"><span style=\"font-family:&quot;Calibri&quot;,sans-serif\">Session 1: <\/span><\/span><\/strong><span style=\"font-size:14.0pt\"><span style=\"background:yellow\">9am BST<\/span><\/span><span style=\"font-size:14.0pt\"> | 10am CET | 4pm HKT<\/span><\/span><\/span><\/span><\/p>\r\n\r\n<p style=\"text-align:justify\"><span style=\"font-size:11pt\"><span style=\"line-height:normal\"><span style=\"font-family:&quot;Calibri&quot;,sans-serif\"><strong><span style=\"font-size:14.0pt\"><span style=\"font-family:&quot;Calibri&quot;,sans-serif\">Session 2: <\/span><\/span><\/strong><span style=\"font-size:14.0pt\">10am EDT | 3pm BST | 4pm CET<\/span><\/span><\/span><\/span><\/p>\r\n\r\n<p style=\"text-align:justify\"><span style=\"font-size:11pt\"><span style=\"line-height:normal\"><span style=\"font-family:&quot;Calibri&quot;,sans-serif\"><span class=\"MsoHyperlink\" style=\"color:blue\"><span style=\"text-decoration:underline\"><b><span style=\"font-size:14.0pt\">Workshop ABIT | Seguran&ccedil;a do trabalho - A ergonomia na ind&uacute;stria t&ecirc;xtil<\/span><\/b><\/span><\/span><span class=\"MsoHyperlink\" style=\"color:blue\"><span style=\"text-decoration:underline\"><span style=\"font-size:14.0pt\">, 27 de julho, Rua Marqu&ecirc;s de Itu, 968, S&atilde;o Paulo. <\/span><\/span><\/span><a href=\"https:\/\/app.rdstation.email\/mail\/0a901722-a1dc-4ea7-9228-5f0274591810?utm_campaign=convite_workshop_abit_-seguranca_trabalho&amp;utm_medium=email&amp;utm_source=RD+Station\" style=\"color:blue; text-decoration:underline\"><span style=\"font-size:14.0pt\">Informa&ccedil;&otilde;es aqui<\/span><\/a><span class=\"MsoHyperlink\" style=\"color:blue\"><span style=\"text-decoration:underline\"><span style=\"font-size:14.0pt\">.<\/span><\/span><\/span><\/span><\/span><\/span><\/p>\r\n\r\n<p style=\"text-align:justify\"><span style=\"font-size:11pt\"><span style=\"line-height:normal\"><span style=\"font-family:&quot;Calibri&quot;,sans-serif\"><span class=\"MsoHyperlink\" style=\"color:blue\"><span style=\"text-decoration:underline\"><span style=\"font-size:14.0pt\">Webinar <b>VDI-Brasil P&iacute;lulas do Conhecimento: 5 Li&ccedil;&otilde;es Aprendidas com a Implementa&ccedil;&atilde;o de Projetos de Ind&uacute;stria 4.0<\/b>, com Professor e Pesquisador Ari Nelson Rodrigues Costa, do IMT - Instituto Mau&aacute; de Tecnologia, 27 de julho, &agrave;s 10h00. <\/span><\/span><\/span><a href=\"https:\/\/us02web.zoom.us\/webinar\/register\/WN_bnXrw8oASIiPgg2tpK7Jtg?utm_campaign=engineering_pills_-_ari_117&amp;utm_medium=email&amp;utm_source=RD+Station\" style=\"color:blue; text-decoration:underline\"><span style=\"font-size:14.0pt\">Inscreva-se aqui<\/span><\/a><span class=\"MsoHyperlink\" style=\"color:blue\"><span style=\"text-decoration:underline\"><span style=\"font-size:14.0pt\">.<\/span><\/span><\/span><\/span><\/span><\/span><\/p>\r\n\r\n<p style=\"text-align:justify\"><span style=\"font-size:11pt\"><span style=\"line-height:normal\"><span style=\"font-family:&quot;Calibri&quot;,sans-serif\"><span class=\"MsoHyperlink\" style=\"color:blue\"><span style=\"text-decoration:underline\"><b><span style=\"font-size:14.0pt\">Instituto Avan&ccedil;ado do Pl&aacute;stico: Curso Reciclagem de Pl&aacute;sticos<\/span><\/b><\/span><\/span><span class=\"MsoHyperlink\" style=\"color:blue\"><span style=\"text-decoration:underline\"><span style=\"font-size:14.0pt\">, 05 e 06 de agosto. <\/span><\/span><\/span><a href=\"https:\/\/www.planetaplastico.com.br\/curso-reciclagem-de-plasticos\" style=\"color:blue; text-decoration:underline\"><span style=\"font-size:14.0pt\">Informa&ccedil;&otilde;es aqui<\/span><\/a><span class=\"MsoHyperlink\" style=\"color:blue\"><span style=\"text-decoration:underline\"><span style=\"font-size:14.0pt\">.<\/span><\/span><\/span><\/span><\/span><\/span><\/p>\r\n\r\n<p style=\"text-align:justify\"><span style=\"font-size:11pt\"><span style=\"line-height:normal\"><span style=\"font-family:&quot;Calibri&quot;,sans-serif\"><span class=\"MsoHyperlink\" style=\"color:blue\"><span style=\"text-decoration:underline\"><b><span style=\"font-size:14.0pt\">Jornada de Enfermagem em Central de Material e Esteriliza&ccedil;&atilde;o<\/span><\/b><\/span><\/span><span class=\"MsoHyperlink\" style=\"color:blue\"><span style=\"text-decoration:underline\"><span style=\"font-size:14.0pt\">, 23 de agosto, Expominas, Belo Horizonte. <\/span><\/span><\/span><a href=\"https:\/\/nascecme.com.br\/jornada-de-enfermagem-em-central-de-material-e-esterilizacao\/\" style=\"color:blue; text-decoration:underline\"><span style=\"font-size:14.0pt\">Informa&ccedil;&otilde;es aqui<\/span><\/a><span class=\"MsoHyperlink\" style=\"color:blue\"><span style=\"text-decoration:underline\"><span style=\"font-size:14.0pt\">.<\/span><\/span><\/span><\/span><\/span><\/span><\/p>\r\n\r\n<p style=\"text-align:justify\"><span style=\"font-size:11pt\"><span style=\"line-height:normal\"><span style=\"font-family:&quot;Calibri&quot;,sans-serif\"><span class=\"MsoHyperlink\" style=\"color:blue\"><span style=\"text-decoration:underline\"><b><span style=\"font-size:14.0pt\">FICONS &ndash; XII Feira Internacional de Materiais, Equipamentos e Servi&ccedil;os da Constru&ccedil;&atilde;o<\/span><\/b><\/span><\/span><span class=\"MsoHyperlink\" style=\"color:blue\"><span style=\"text-decoration:underline\"><span style=\"font-size:14.0pt\">, 26 de agosto, no Centro de Conven&ccedil;&otilde;es de Pernambuco. <\/span><\/span><\/span><a href=\"https:\/\/www.ficons.com.br\/2022\/index\" style=\"color:blue; text-decoration:underline\"><span style=\"font-size:14.0pt\">Informa&ccedil;&otilde;es aqui<\/span><\/a><span class=\"MsoHyperlink\" style=\"color:blue\"><span style=\"text-decoration:underline\"><span style=\"font-size:14.0pt\">.<\/span><\/span><\/span><\/span><\/span><\/span><\/p>\r\n\r\n<p style=\"text-align:justify\"><span style=\"font-size:11pt\"><span style=\"line-height:normal\"><span style=\"font-family:&quot;Calibri&quot;,sans-serif\"><span class=\"MsoHyperlink\" style=\"color:blue\"><span style=\"text-decoration:underline\"><span style=\"font-size:14.0pt\">Semin&aacute;rio Sindit&ecirc;xtil-SP &ldquo;Efici&ecirc;ncia e Transi&ccedil;&atilde;o Energ&eacute;tica&rdquo;, 28 de agosto, Rua Marqu&ecirc;s de Itu, 968, S&atilde;o Paulo. <\/span><\/span><\/span><a href=\"https:\/\/s3.sa-east-1.amazonaws.com\/sindi-files.sinditextilsp.org.br\/site\/sindi_90anos\/Seminario_eficiencia_energetica\/Programa%C3%A7%C3%A3o+Semin%C3%A1rio+Efici%C3%AAncia+e+Transi%C3%A7%C3%A3o+Energ%C3%A9tica.pdf?utm_campaign=convite_seminario_energia&amp;utm_medium=email&amp;utm_source=RD+Station\" style=\"color:blue; text-decoration:underline\"><span style=\"font-size:14.0pt\">Programa&ccedil;&atilde;o<\/span><\/a><span class=\"MsoHyperlink\" style=\"color:blue\"><span style=\"text-decoration:underline\"><span style=\"font-size:14.0pt\">. <\/span><\/span><\/span><a href=\"https:\/\/eventos.abit.org.br\/Subs.aspx?key=e76786ff-e0ac-447b-81b1-a7dd2c2c3217&amp;utm_campaign=convite_seminario_energia&amp;utm_medium=email&amp;utm_source=RD+Station\" style=\"color:blue; text-decoration:underline\"><span style=\"font-size:14.0pt\">Inscri&ccedil;&otilde;es<\/span><\/a><span class=\"MsoHyperlink\" style=\"color:blue\"><span style=\"text-decoration:underline\"><span style=\"font-size:14.0pt\">.<\/span><\/span><\/span><\/span><\/span><\/span><\/p>\r\n\r\n<p style=\"text-align:justify\"><span style=\"font-size:11pt\"><span style=\"line-height:normal\"><span style=\"font-family:&quot;Calibri&quot;,sans-serif\"><span class=\"MsoHyperlink\" style=\"color:blue\"><span style=\"text-decoration:underline\"><b><span style=\"font-size:14.0pt\">Feira HospitalMed, <\/span><\/b><\/span><\/span><span class=\"MsoHyperlink\" style=\"color:blue\"><span style=\"text-decoration:underline\"><span style=\"font-size:14.0pt\">19 a 21 de outubro, Centro de Conven&ccedil;&otilde;es de Pernambuco. <\/span><\/span><\/span><a href=\"https:\/\/hospitalmed.com.br\/feira\/\" style=\"color:blue; text-decoration:underline\"><span style=\"font-size:14.0pt\">Informa&ccedil;&otilde;es aqui.<\/span><\/a><\/span><\/span><\/span><\/p>\r\n\r\n<p class=\"MsoTitle\" style=\"text-align:justify\"><span style=\"font-size:28pt\"><span style=\"font-family:&quot;Cambria&quot;,serif\"><span style=\"letter-spacing:-0.5pt\"><b><span style=\"font-size:18.0pt\"><span style=\"font-family:&quot;Calibri&quot;,sans-serif\"><span style=\"font-variant:small-caps\">Setor<\/span><\/span><\/span><\/b><\/span><\/span><\/span><\/p>\r\n\r\n<h4 style=\"margin-top:3px\"><span style=\"font-size:11pt\"><span style=\"line-height:115%\"><span style=\"font-family:&quot;Cambria&quot;,serif\"><span style=\"color:#365f91\"><span style=\"font-weight:normal\"><span style=\"font-style:italic\"><a href=\"https:\/\/agenciabrasil.ebc.com.br\/economia\/noticia\/2022-07\/camex-reduz-imposto-de-importacao-de-13-produtos\" style=\"color:blue; text-decoration:underline\"><span style=\"font-size:14.0pt\"><span style=\"line-height:115%\"><span style=\"font-family:&quot;Calibri&quot;,sans-serif\">Camex reduz Imposto de Importa&ccedil;&atilde;o de 13 produtos<\/span><\/span><\/span><\/a><\/span><\/span><\/span><\/span><\/span><\/span><\/h4>\r\n\r\n<p style=\"text-align:justify\"><span style=\"font-size:11pt\"><span style=\"line-height:normal\"><span style=\"font-family:&quot;Calibri&quot;,sans-serif\"><a href=\"https:\/\/pressroom.ifc.org\/all\/pages\/PressDetail.aspx?ID=27099\" style=\"color:blue; text-decoration:underline\"><span style=\"font-size:14.0pt\">IFC, Fitesa to increase non-woven production capacity in Brazil with sustainable technology<\/span><\/a><\/span><\/span><\/span><\/p>\r\n\r\n<p style=\"text-align:justify\"><span style=\"font-size:11pt\"><span style=\"line-height:normal\"><span style=\"font-family:&quot;Calibri&quot;,sans-serif\"><a href=\"https:\/\/www.kunststoffweb.de\/branchen-news\/perlen_brasilianische_cipatex_liefert_pvc-folie_an_verpackungsherstell_t250743\" style=\"color:blue; text-decoration:underline\"><span style=\"font-size:14.0pt\">Perlen: Brasilianische Cipatex liefert PVC-Folie an Verpackungshersteller<\/span><\/a><\/span><\/span><\/span><\/p>\r\n\r\n<p style=\"text-align:justify\"><span style=\"font-size:11pt\"><span style=\"line-height:normal\"><span style=\"font-family:&quot;Calibri&quot;,sans-serif\"><a href=\"https:\/\/www.cnnbrasil.com.br\/business\/fraldas-apresentam-alta-superior-a-inflacao-nacional-em-duas-capitais-diz-ibge\/\" style=\"color:blue; text-decoration:underline\"><span style=\"font-size:14.0pt\">Fraldas apresentam alta superior &agrave; infla&ccedil;&atilde;o nacional em duas capitais, diz IBGE<\/span><\/a><\/span><\/span><\/span><\/p>\r\n\r\n<p style=\"text-align:justify\"><span style=\"font-size:11pt\"><span style=\"line-height:normal\"><span style=\"font-family:&quot;Calibri&quot;,sans-serif\"><a href=\"https:\/\/tissueonline.com.br\/em-alta-consumo-de-produtos-intimos-deve-crescer-39-ate-2025\/?utm_campaign=newsletter_15072022_novo_modelo&amp;utm_medium=email&amp;utm_source=RD+Station\" style=\"color:blue; text-decoration:underline\"><span style=\"font-size:14.0pt\">Em alta, consumo de produtos &iacute;ntimos deve crescer 39% at&eacute; 2025<\/span><\/a><\/span><\/span><\/span><\/p>\r\n\r\n<p style=\"text-align:justify\"><span style=\"font-size:11pt\"><span style=\"line-height:normal\"><span style=\"font-family:&quot;Calibri&quot;,sans-serif\"><a href=\"https:\/\/www.fibre2fashion.com\/news\/apparel-news\/global-footwear-market-yet-to-recover-from-severe-dent-of-covid-19-281935-newsdetails.htm\" style=\"color:blue; text-decoration:underline\"><span style=\"font-size:14.0pt\">Global footwear market yet to recover from severe dent of COVID-19<\/span><\/a><\/span><\/span><\/span><\/p>\r\n\r\n<p style=\"text-align:justify\"><span style=\"font-size:11pt\"><span style=\"line-height:normal\"><span style=\"font-family:&quot;Calibri&quot;,sans-serif\"><a href=\"https:\/\/www.portugaltextil.com\/portugal-compra-mais-ao-brasil\/?utm_term=Portugal+Textil+a%3F%3F%3F%3F+18.07.2022&amp;utm_campaign=Portugal+Textil+FInal&amp;utm_source=e-goi&amp;utm_medium=email\" style=\"color:blue; text-decoration:underline\"><span style=\"font-size:14.0pt\">Cal&ccedil;ados: Portugal compra mais ao Brasil<\/span><\/a><\/span><\/span><\/span><\/p>\r\n\r\n<p style=\"text-align:justify\"><span style=\"font-size:11pt\"><span style=\"line-height:normal\"><span style=\"font-family:&quot;Calibri&quot;,sans-serif\"><a href=\"https:\/\/www.textiletechnology.net\/nonwovens\/news\/edana-quality-and-audit-program-operational-32532?utm_source=%2Fmeta%2Fnewsletter%2Fnewsletter&amp;utm_medium=newsletter&amp;utm_campaign=nl911&amp;utm_term=0801b20e08c3242125d512808cd74302\" style=\"color:blue; text-decoration:underline\"><span style=\"font-size:14.0pt\">Edana: Quality and audit program operational<\/span><\/a><\/span><\/span><\/span><\/p>\r\n\r\n<p class=\"MsoTitle\" style=\"text-align:justify\"><span style=\"font-size:28pt\"><span style=\"font-family:&quot;Cambria&quot;,serif\"><span style=\"letter-spacing:-0.5pt\"><b><span style=\"font-size:18.0pt\"><span style=\"font-family:&quot;Calibri&quot;,sans-serif\"><span style=\"font-variant:small-caps\">Ind&uacute;stria<\/span><\/span><\/span><\/b><\/span><\/span><\/span><\/p>\r\n\r\n<p style=\"text-align:justify\"><span style=\"font-size:11pt\"><span style=\"line-height:normal\"><span style=\"font-family:&quot;Calibri&quot;,sans-serif\"><a href=\"https:\/\/plasticosemrevista.com.br\/quando-a-bolsa-e-a-vida\/\" style=\"color:blue; text-decoration:underline\"><span style=\"font-size:14.0pt\">Quando a bolsa &eacute; a vida<\/span><\/a><\/span><\/span><\/span><\/p>\r\n\r\n<p style=\"text-align:justify\"><span style=\"font-size:11pt\"><span style=\"line-height:normal\"><span style=\"font-family:&quot;Calibri&quot;,sans-serif\"><a href=\"https:\/\/grandesconstrucoes.com.br\/Noticias\/Exibir\/producao-de-materiais-registra-4-resultado-negativo-consecutivo-em-abril?utm_source=akna&amp;utm_medium=email&amp;utm_campaign=Grandes-Construcoes-Informativo-820-14-07-2022&amp;utm_source=akna&amp;utm_medium=email&amp;utm_campaign=Grandes-Construcoes-Informativo-820-14-07-2022\" style=\"color:blue; text-decoration:underline\"><span style=\"font-size:14.0pt\">Produ&ccedil;&atilde;o de materiais registra 4&deg; resultado negativo consecutivo em abril<\/span><\/a><\/span><\/span><\/span><\/p>\r\n\r\n<p style=\"text-align:justify\"><span style=\"font-size:11pt\"><span style=\"line-height:normal\"><span style=\"font-family:&quot;Calibri&quot;,sans-serif\"><a href=\"https:\/\/revistamt.com.br\/Materias\/Exibir\/o-desafio-da-sustentabilidade\" style=\"color:blue; text-decoration:underline\"><span style=\"font-size:14.0pt\">MINERA&Ccedil;&Atilde;O: O desafio da sustentabilidade<\/span><\/a><\/span><\/span><\/span><\/p>\r\n\r\n<p style=\"text-align:justify\"><span style=\"font-size:11pt\"><span style=\"line-height:normal\"><span style=\"font-family:&quot;Calibri&quot;,sans-serif\"><a href=\"https:\/\/revistamt.com.br\/Materias\/Exibir\/a-estrategia-esg-na-construcao\" style=\"color:blue; text-decoration:underline\"><span style=\"font-size:14.0pt\">ESPECIAL INFRAESTRUTURA: A estrat&eacute;gia ESG na constru&ccedil;&atilde;o<\/span><\/a><\/span><\/span><\/span><\/p>\r\n\r\n<p style=\"text-align:justify\"><span style=\"font-size:11pt\"><span style=\"line-height:normal\"><span style=\"font-family:&quot;Calibri&quot;,sans-serif\"><a href=\"https:\/\/www.moveisdevalor.com.br\/portal\/producao-de-moveis-sobe-pelo-segundo-mes-consecutivo-diz-ibge?source=news\" style=\"color:blue; text-decoration:underline\"><span style=\"font-size:14.0pt\">Produ&ccedil;&atilde;o de m&oacute;veis sobe pelo segundo m&ecirc;s, mas cai forte no ano<\/span><\/a><\/span><\/span><\/span><\/p>\r\n\r\n<p class=\"MsoTitle\" style=\"text-align:justify\"><span style=\"font-size:28pt\"><span style=\"font-family:&quot;Cambria&quot;,serif\"><span style=\"letter-spacing:-0.5pt\"><b><span style=\"font-size:18.0pt\"><span style=\"font-family:&quot;Calibri&quot;,sans-serif\"><span style=\"font-variant:small-caps\">Sustentabilidade<\/span><\/span><\/span><\/b><\/span><\/span><\/span><\/p>\r\n\r\n<p style=\"text-align:justify\"><span style=\"font-size:11pt\"><span style=\"line-height:normal\"><span style=\"font-family:&quot;Calibri&quot;,sans-serif\"><a href=\"https:\/\/plasticosemrevista.com.br\/os-pingos-nos-is\/\" style=\"color:blue; text-decoration:underline\"><span style=\"font-size:14.0pt\">Os pingos nos is - Mentiras repetidas contra os pl&aacute;sticos s&atilde;o aceitas como verdade, mas isso n&atilde;o as torna verdadeiras<\/span><\/a><\/span><\/span><\/span><\/p>\r\n\r\n<p style=\"text-align:justify\"><span style=\"font-size:11pt\"><span style=\"line-height:normal\"><span style=\"font-family:&quot;Calibri&quot;,sans-serif\"><a href=\"https:\/\/www.archdaily.com.br\/br\/984613\/qual-o-impacto-de-cada-material-de-construcao?ad_medium=gallery\" style=\"color:blue; text-decoration:underline\"><span style=\"font-size:14.0pt\">Qual o impacto ambiental de cada material de constru&ccedil;&atilde;o?<\/span><\/a><\/span><\/span><\/span><\/p>\r\n\r\n<p style=\"text-align:justify\"><span style=\"font-size:11pt\"><span style=\"line-height:normal\"><span style=\"font-family:&quot;Calibri&quot;,sans-serif\"><span class=\"MsoHyperlink\" style=\"color:blue\"><span style=\"text-decoration:underline\"><span style=\"font-size:14.0pt\">Detalhes da ferramenta <\/span><\/span><\/span><a href=\"https:\/\/www.materialepyramiden.dk\/\" style=\"color:blue; text-decoration:underline\"><span style=\"font-size:14.0pt\">The Construction Material Pyramid<\/span><\/a><\/span><\/span><\/span><\/p>\r\n\r\n<p style=\"text-align:justify\"><span style=\"font-size:11pt\"><span style=\"line-height:normal\"><span style=\"font-family:&quot;Calibri&quot;,sans-serif\"><a href=\"https:\/\/conectaverde.com.br\/estudo-do-pacto-global-da-onu-revela-que-brasileiro-descartara-ate-16-kg-de-plastico-no-mar-por-ano\/?utm_campaign=conecta_verde_news_15&amp;utm_medium=email&amp;utm_source=RD+Station\" style=\"color:blue; text-decoration:underline\"><span style=\"font-size:14.0pt\">Estudo do Pacto Global da ONU revela que brasileiro descartar&aacute; at&eacute; 16 kg de pl&aacute;stico no mar por ano<\/span><\/a><\/span><\/span><\/span><\/p>\r\n\r\n<p style=\"text-align:justify\"><span style=\"font-size:11pt\"><span style=\"line-height:normal\"><span style=\"font-family:&quot;Calibri&quot;,sans-serif\"><a href=\"https:\/\/www.fibre2fashion.com\/news\/textile-news\/europe-can-achieve-fibre-to-fibre-recycling-at-scale-by-2030-mckinsey-281917-newsdetails.htm\" style=\"color:blue; text-decoration:underline\"><span style=\"font-size:14.0pt\">Europe can achieve fibre-to-fibre recycling at scale by 2030: McKinsey<\/span><\/a><\/span><\/span><\/span><\/p>\r\n\r\n<p style=\"text-align:justify\"><span style=\"font-size:11pt\"><span style=\"line-height:normal\"><span style=\"font-family:&quot;Calibri&quot;,sans-serif\"><a href=\"https:\/\/www.textiletechnology.net\/nonwovens\/news\/ifg-sustainable-plastic-free-tea-bags-32537?utm_source=%2Fmeta%2Fnewsletter%2Fnewsletter&amp;utm_medium=newsletter&amp;utm_campaign=nl911&amp;utm_term=0801b20e08c3242125d512808cd74302\" style=\"color:blue; text-decoration:underline\"><span style=\"font-size:14.0pt\">Sustainable plastic-free tea bags<\/span><\/a><\/span><\/span><\/span><\/p>\r\n\r\n<p style=\"text-align:justify\"><span style=\"font-size:11pt\"><span style=\"line-height:normal\"><span style=\"font-family:&quot;Calibri&quot;,sans-serif\"><a href=\"https:\/\/ciclovivo-com-br.cdn.ampproject.org\/c\/s\/ciclovivo.com.br\/arq-urb\/design\/calcas-jeans-recicladas-viram-vasos-para-o-jardim-e-varanda\/amp\/\" style=\"color:blue; text-decoration:underline\"><span style=\"font-size:14.0pt\">Cal&ccedil;as jeans recicladas viram vasos para o jardim e varanda<\/span><\/a><\/span><\/span><\/span><\/p>\r\n\r\n<p style=\"text-align:justify\"><span style=\"font-size:11pt\"><span style=\"line-height:normal\"><span style=\"font-family:&quot;Calibri&quot;,sans-serif\"><a href=\"https:\/\/www.gov.br\/mdr\/pt-br\/ultimas-noticias\/marco-legal-do-saneamento-completa-dois-anos-nesta-sexta-feira-15\" style=\"color:blue; text-decoration:underline\"><span style=\"font-size:14.0pt\">Marco Legal do Saneamento completou dois anos no dia 15 de julho<\/span><\/a><\/span><\/span><\/span><\/p>\r\n\r\n<p style=\"text-align:justify\"><span style=\"font-size:11pt\"><span style=\"line-height:normal\"><span style=\"font-family:&quot;Calibri&quot;,sans-serif\"><a href=\"https:\/\/noticias.r7.com\/cidades\/folha-vitoria\/pesquisa-revela-que-nao-havera-universalizacao-do-saneamento-ate-2033-no-pais-18072022\" style=\"color:blue; text-decoration:underline\"><span style=\"font-size:14.0pt\">Pesquisa revela que n&atilde;o haver&aacute; universaliza&ccedil;&atilde;o do saneamento at&eacute; 2033 no pa&iacute;s<\/span><\/a><\/span><\/span><\/span><\/p>\r\n\r\n<p style=\"text-align:justify\"><span style=\"font-size:11pt\"><span style=\"line-height:normal\"><span style=\"font-family:&quot;Calibri&quot;,sans-serif\"><a href=\"https:\/\/revistadospneus.com\/pt\/2022\/07\/12\/michelin-lidera-consorcio-reciclagem-residuos-plasticos\/\" style=\"color:blue; text-decoration:underline\"><span style=\"font-size:14.0pt\">Michelin lidera cons&oacute;rcio reciclagem res&iacute;duos pl&aacute;sticos comp&oacute;sitos &agrave; base de t&ecirc;xtil<\/span><\/a><\/span><\/span><\/span><\/p>\r\n\r\n<p style=\"text-align:justify\"><span style=\"font-size:11pt\"><span style=\"line-height:normal\"><span style=\"font-family:&quot;Calibri&quot;,sans-serif\"><a href=\"https:\/\/www.gov.br\/mma\/pt-br\/noticias\/brasil-e-japao-assinam-primeiro-acordo-bilateral-para-fomento-do-mercado-regulado-de-carbono-entre-os-dois-paises\" style=\"color:blue; text-decoration:underline\"><span style=\"font-size:14.0pt\">Brasil e Jap&atilde;o assinam primeiro acordo bilateral para fomento do mercado regulado de carbono entre os dois pa&iacute;ses<\/span><\/a><\/span><\/span><\/span><\/p>\r\n\r\n<p class=\"MsoTitle\" style=\"text-align:justify\"><span style=\"font-size:28pt\"><span style=\"font-family:&quot;Cambria&quot;,serif\"><span style=\"letter-spacing:-0.5pt\"><b><span style=\"font-size:18.0pt\"><span style=\"font-family:&quot;Calibri&quot;,sans-serif\"><span style=\"font-variant:small-caps\">Inova&ccedil;&atilde;o<\/span><\/span><\/span><\/b><\/span><\/span><\/span><\/p>\r\n\r\n<p style=\"text-align:justify\"><span style=\"font-size:11pt\"><span style=\"line-height:normal\"><span style=\"font-family:&quot;Calibri&quot;,sans-serif\"><a href=\"https:\/\/www.tempo.com\/noticias\/ciencia\/metodo-inovador-de-reciclagem-pode-transformar-lixo-em-plastico-meio-ambiente-microplastico.html\" style=\"color:blue; text-decoration:underline\"><span style=\"font-size:14.0pt\">M&eacute;todo inovador de reciclagem pode transformar lixo em pl&aacute;stico<\/span><\/a><\/span><\/span><\/span><\/p>\r\n\r\n<p style=\"text-align:justify\"><span style=\"font-size:11pt\"><span style=\"line-height:normal\"><span style=\"font-family:&quot;Calibri&quot;,sans-serif\"><a href=\"https:\/\/www.technicaltextile.net\/news\/new-york-researchers-develop-n95-masks-that-kill-viruses-on-contact-281757.html\" style=\"color:blue; text-decoration:underline\"><span style=\"font-size:14.0pt\">New York researchers develop N95 masks that kill viruses on contact<\/span><\/a><\/span><\/span><\/span><\/p>\r\n\r\n<p style=\"text-align:justify\"><span style=\"font-size:11pt\"><span style=\"line-height:normal\"><span style=\"font-family:&quot;Calibri&quot;,sans-serif\"><a href=\"http:\/\/textileindustry.ning.com\/forum\/topics\/microsoft-desenvolve-tecido-inteligente-que-identifica-objetos\" style=\"color:blue; text-decoration:underline\"><span style=\"font-size:14.0pt\">Microsoft desenvolve tecido inteligente que identifica objetos<\/span><\/a><\/span><\/span><\/span><\/p>\r\n\r\n<p style=\"text-align:justify\"><span style=\"font-size:11pt\"><span style=\"line-height:normal\"><span style=\"font-family:&quot;Calibri&quot;,sans-serif\"><a href=\"https:\/\/www.technicaltextile.net\/news\/us-researchers-develop-fabric-that-senses-wearers-movements--281796.html\" style=\"color:blue; text-decoration:underline\"><span style=\"font-size:14.0pt\">US researchers develop fabric that senses wearers&#39; movements<\/span><\/a><\/span><\/span><\/span><\/p>\r\n\r\n<p style=\"text-align:justify\"><span style=\"font-size:11pt\"><span style=\"line-height:normal\"><span style=\"font-family:&quot;Calibri&quot;,sans-serif\"><a href=\"https:\/\/www.textiletechnology.net\/technology\/news\/acimit-digitalization-and-sustainability-are-key-to-resiliency-32546?utm_source=%2Fmeta%2Fnewsletter%2Fnewsletter&amp;utm_medium=newsletter&amp;utm_campaign=nl912&amp;utm_term=0801b20e08c3242125d512808cd74302\" style=\"color:blue; text-decoration:underline\"><span style=\"font-size:14.0pt\">ACIMIT: Digitalization and sustainability are key to resiliency<\/span><\/a><\/span><\/span><\/span><\/p>\r\n\r\n<p class=\"MsoTitle\" style=\"text-align:justify\"><span style=\"font-size:28pt\"><span style=\"font-family:&quot;Cambria&quot;,serif\"><span style=\"letter-spacing:-0.5pt\"><b><span style=\"font-size:18.0pt\"><span style=\"font-family:&quot;Calibri&quot;,sans-serif\"><span style=\"font-variant:small-caps\">Com&eacute;rcio Exterior<\/span><\/span><\/span><\/b><\/span><\/span><\/span><\/p>\r\n\r\n<p style=\"text-align:justify\"><span style=\"font-size:11pt\"><span style=\"line-height:normal\"><span style=\"font-family:&quot;Calibri&quot;,sans-serif\"><a href=\"https:\/\/noticias.portaldaindustria.com.br\/noticias\/internacional\/cni-apresenta-agenda-de-prioridades-da-industria-a-corpo-diplomatico\/\" style=\"color:blue; text-decoration:underline\"><span style=\"font-size:14.0pt\">CNI apresenta agenda de prioridades da ind&uacute;stria a corpo diplom&aacute;tico<\/span><\/a><\/span><\/span><\/span><\/p>\r\n\r\n<p style=\"text-align:justify\"><span style=\"font-size:11pt\"><span style=\"line-height:normal\"><span style=\"font-family:&quot;Calibri&quot;,sans-serif\"><a href=\"https:\/\/sovos.com\/pt-br\/blog\/tributos\/revisao-de-imposto-global-deve-entrar-em-vigor-em-2024-diz-ocde\/?utm_source=&amp;utm_medium=&amp;utm_campaign=&amp;utm_term=&amp;utm_content=&amp;mkt_tok=MzM0LUhWTi0yNDkAAAGFoe_9go5aDaWSSQ-BIBykgKrfRShPR7xKqKL4VH53qjDCczVCpldN1H9QudLyU65cuYcLu7hZgvDcaBym5y66DPjpkJTW46-Rvi074rZ_GiA\" style=\"color:blue; text-decoration:underline\"><span style=\"font-size:14.0pt\">Revis&atilde;o de imposto global deve entrar em vigor em 2024, diz OCDE<\/span><\/a><\/span><\/span><\/span><\/p>\r\n\r\n<p style=\"text-align:justify\"><span style=\"font-size:11pt\"><span style=\"line-height:normal\"><span style=\"font-family:&quot;Calibri&quot;,sans-serif\"><a href=\"https:\/\/www.fibre2fashion.com\/news\/textile-news\/us-economy-shows-slowdown-signs-concerns-of-recession-rising-fed-281913-newsdetails.htm\" style=\"color:blue; text-decoration:underline\"><span style=\"font-size:14.0pt\">US economy shows slowdown signs, concerns of recession rising: Fed<\/span><\/a><\/span><\/span><\/span><\/p>\r\n\r\n<p style=\"text-align:justify\"><span style=\"font-size:11pt\"><span style=\"line-height:normal\"><span style=\"font-family:&quot;Calibri&quot;,sans-serif\"><a href=\"https:\/\/portalibre.fgv.br\/noticias\/indicadores-de-comercio-exterior-crescimento-em-valor-dos-fluxos-de-comercio-no-1o-sem22\" style=\"color:blue; text-decoration:underline\"><span style=\"font-size:14.0pt\">Indicadores de Com&eacute;rcio Exterior | Crescimento, em valor, dos fluxos de com&eacute;rcio no 1&ordm; sem.\/22 foi liderado pelos pre&ccedil;os<\/span><\/a><\/span><\/span><\/span><\/p>\r\n\r\n<p class=\"MsoTitle\" style=\"text-align:justify\"><span style=\"font-size:28pt\"><span style=\"font-family:&quot;Cambria&quot;,serif\"><span style=\"letter-spacing:-0.5pt\"><b><span style=\"font-size:18.0pt\"><span style=\"font-family:&quot;Calibri&quot;,sans-serif\"><span style=\"font-variant:small-caps\">Economia<\/span><\/span><\/span><\/b><\/span><\/span><\/span><\/p>\r\n\r\n<p style=\"text-align:justify\"><span style=\"font-size:11pt\"><span style=\"line-height:normal\"><span style=\"font-family:&quot;Calibri&quot;,sans-serif\"><a href=\"https:\/\/www.bcb.gov.br\/content\/focus\/focus\/R20220715.pdf\" style=\"color:blue; text-decoration:underline\"><span style=\"font-size:14.0pt\">Focus - Relat&oacute;rio de Mercado<\/span><\/a><\/span><\/span><\/span><\/p>\r\n\r\n<p style=\"text-align:justify\"><span style=\"font-size:11pt\"><span style=\"line-height:normal\"><span style=\"font-family:&quot;Calibri&quot;,sans-serif\"><a href=\"https:\/\/pages.eiu.com\/rs\/753-RIQ-438\/images\/global-economic-outlook-july-22.pdf?mkt_tok=NzUzLVJJUS00MzgAAAGFsKUPjhwDm39asGdYETGXHFVUwOOz2kOzeVo6MGi95r94qSNxjyv1Kr2Ny1LHXq1YNNpAM1T6hN-Ogm2Ht5eS_MH8hhZv-rdAaOc-YRVv_RY\" style=\"color:blue; text-decoration:underline\"><span style=\"font-size:14.0pt\">The Economist Intelligence Unit - Global Economic Outlook: July 2022 - Assessing the global economic impact of war in Ukraine and China&rsquo;s &ldquo;zero-covid&rdquo; policy<\/span><\/a><\/span><\/span><\/span><\/p>\r\n\r\n<p style=\"text-align:justify\"><span style=\"font-size:11pt\"><span style=\"line-height:normal\"><span style=\"font-family:&quot;Calibri&quot;,sans-serif\"><a href=\"https:\/\/portalibre.fgv.br\/noticias\/monitor-do-pib-fgv-aponta-retracao-de-08-na-atividade-economica-em-maio\" style=\"color:blue; text-decoration:underline\"><span style=\"font-size:14.0pt\">Monitor do PIB-FGV aponta retra&ccedil;&atilde;o de 0,8% na atividade econ&ocirc;mica em maio<\/span><\/a><\/span><\/span><\/span><\/p>\r\n\r\n<p style=\"text-align:justify\"><span style=\"font-size:11pt\"><span style=\"line-height:normal\"><span style=\"font-family:&quot;Calibri&quot;,sans-serif\"><a href=\"https:\/\/agenciabrasil.ebc.com.br\/economia\/noticia\/2022-07\/mercado-financeiro-preve-inflacao-de-754-em-2022\" style=\"color:blue; text-decoration:underline\"><span style=\"font-size:14.0pt\">Mercado financeiro prev&ecirc; infla&ccedil;&atilde;o de 7,54% em 2022<\/span><\/a><\/span><\/span><\/span><\/p>\r\n\r\n<p style=\"text-align:justify\"><span style=\"font-size:11pt\"><span style=\"line-height:normal\"><span style=\"font-family:&quot;Calibri&quot;,sans-serif\"><a href=\"https:\/\/noticias.portaldaindustria.com.br\/noticias\/economia\/indice-de-confianca-do-empresario-industrial-fica-em-578-pontos-em-julho\/\" style=\"color:blue; text-decoration:underline\"><span style=\"font-size:14.0pt\">&Iacute;ndice de Confian&ccedil;a do Empres&aacute;rio Industrial fica em 57,8 pontos em julho<\/span><\/a><\/span><\/span><\/span><\/p>\r\n","texto_en":"","7":"","imagem":"COMP_banner-padrao-home-destaques-boletim_20220725175955A6UhtRV040.jpg","8":"COMP_banner-padrao-home-destaques-boletim_20220725175955A6UhtRV040.jpg","arquivo":"20220719-NOTICIAS-SEMANAIS.PDF","9":"20220719-NOTICIAS-SEMANAIS.PDF","titulo_arquivo":"","10":"","titulo_arquivo_en":"","11":"","created_at":"2022-07-25 18:00:04","12":"2022-07-25 18:00:04","updated_at":"2022-07-25 18:00:04","13":"2022-07-25 18:00:04"},{"id":25,"0":25,"ordem":198,"1":198,"data":"2022-07-12","2":"2022-07-12","slug":"boletim-de-noticias-semanais-22","3":"boletim-de-noticias-semanais-22","titulo":"Boletim de Not\u00edcias Semanais","4":"Boletim de Not\u00edcias Semanais","titulo_en":"","5":"","texto":"<p style=\"text-align:justify\"><span style=\"font-size:11pt\"><span style=\"line-height:normal\"><span style=\"font-family:&quot;Calibri&quot;,sans-serif\"><span style=\"font-size:14.0pt\">Esta &eacute; uma compila&ccedil;&atilde;o das not&iacute;cias mais relevantes para o setor, incluindo informa&ccedil;&otilde;es sobre acordos internacionais, economia brasileira, sustentabilidade e mat&eacute;rias primas, al&eacute;m de novidades do setor de N&atilde;otecidos e Tecidos T&eacute;cnicos.<\/span><\/span><\/span><\/span><\/p>\r\n\r\n<p class=\"MsoTitle\" style=\"text-align:justify\"><span style=\"font-size:28pt\"><span style=\"font-family:&quot;Cambria&quot;,serif\"><span style=\"letter-spacing:-0.5pt\"><b><span style=\"font-size:18.0pt\"><span style=\"font-family:&quot;Calibri&quot;,sans-serif\"><span style=\"font-variant:small-caps\">A&ccedil;&otilde;es da ABINT<\/span><\/span><\/span><\/b><\/span><\/span><\/span><\/p>\r\n\r\n<p style=\"text-align:justify\"><span style=\"font-size:11pt\"><span style=\"line-height:normal\"><span style=\"font-family:&quot;Calibri&quot;,sans-serif\"><a href=\"https:\/\/www.revistatae.com.br\/Noticia\/68009\/abint-anuncia-a-retomada-de-sua-agenda-de-cursos-presenciais-sobre-tecnologia-de-naotecidos\" style=\"color:blue; text-decoration:underline\"><span style=\"font-size:14.0pt\">ABINT anuncia a retomada de sua agenda de cursos presenciais sobre Tecnologia de N&atilde;otecidos<\/span><\/a><\/span><\/span><\/span><\/p>\r\n\r\n<p style=\"text-align:justify\">&nbsp;<\/p>\r\n\r\n<p style=\"text-align:justify\"><span style=\"font-size:11pt\"><span style=\"line-height:normal\"><span style=\"font-family:&quot;Calibri&quot;,sans-serif\"><span style=\"font-size:14.0pt\"><img height=\"450\" src=\"https:\/\/www.abint.org.br\/assets\/img\/editor\/20220719-live-ctg-instagram-daniel_20220712171216p1wa1HRBnD.jpeg\" width=\"450\" \/><\/span><\/span><\/span><\/span><\/p>\r\n\r\n<h2>O CTG Entrevista recebe o Engenheiro Civil Daniel Moreno Meucci, para falar sobre suas experi&ecirc;ncias com os Geossint&eacute;ticos em campo. Dia 19 de julho, &agrave;s 18:00, no <a href=\"https:\/\/www.instagram.com\/ctg_abint\/?hl=en\">Instagram do CTG.<\/a><\/h2>\r\n\r\n<p>&nbsp;<\/p>\r\n\r\n<p><img height=\"263\" src=\"https:\/\/www.abint.org.br\/assets\/img\/editor\/logo-feiplar-2_202207121715315rb04KpI5c.jpg\" width=\"455\" \/><\/p>\r\n\r\n<h2>A ABINT apoia a FEIPLAR COMPOSITES &amp; FEIPUR, feira que visa auxiliar o crescimento e desenvolvimento dos mercados de composites, poliuretano e pl&aacute;sticos de engenharia\/ compostos termopl&aacute;sticos em toda a Am&eacute;rica do Sul. Estes mercados t&ecirc;m registrado importante crescimento nos &uacute;ltimos anos e apontam interessantes perspectivas para os pr&oacute;ximos anos tamb&eacute;m. <a href=\"https:\/\/feiplar.com\/\">Informa&ccedil;&otilde;es aqui<\/a>.<\/h2>\r\n\r\n<p>&nbsp;<\/p>\r\n\r\n<p><img height=\"279\" src=\"https:\/\/www.abint.org.br\/assets\/img\/editor\/partnerkit-conahp-retangular-cth-abint_20220712171729PQjws01ExY.png\" width=\"494\" \/><\/p>\r\n\r\n<h2>O CTH ABINT &eacute; patrocinador do CONAHP 2022 - Congresso Nacional de Hospitais Privados, evento que ocorrer&aacute; presencialmente nos dias 10 e 11 de novembro, Transam&eacute;rica Expo Center, S&atilde;o Paulo, SP. <a href=\"https:\/\/conahp.org.br\/2022\/\">Informa&ccedil;&otilde;es aqui<\/a>.<\/h2>\r\n\r\n<p style=\"text-align:justify\">&nbsp;<\/p>\r\n\r\n<p style=\"text-align:justify\"><span style=\"font-size:11pt\"><span style=\"line-height:normal\"><span style=\"font-family:&quot;Calibri&quot;,sans-serif\"><b><span style=\"font-size:18.0pt\"><span style=\"font-variant:small-caps\">Eventos<\/span><\/span><\/b><\/span><\/span><\/span><\/p>\r\n\r\n<p style=\"text-align:justify\"><span style=\"font-size:11pt\"><span style=\"line-height:normal\"><span style=\"font-family:&quot;Calibri&quot;,sans-serif\"><span class=\"MsoHyperlink\" style=\"color:blue\"><span style=\"text-decoration:underline\"><b><span style=\"font-size:14.0pt\"><span style=\"text-decoration:none\"><span style=\"text-underline:none\">BID Webinar &ndash; Lanzamiento: Gu&iacute;a para dise&ntilde;ar estrategias de bioeconomia<\/span><\/span><\/span><\/b><\/span><\/span><span class=\"MsoHyperlink\" style=\"color:blue\"><span style=\"text-decoration:underline\"><span style=\"font-size:14.0pt\"><span style=\"text-decoration:none\"><span style=\"text-underline:none\">, 12 de julho. <\/span><\/span><\/span><\/span><\/span><a href=\"https:\/\/events.iadb.org\/calendar\/event\/25545?lang=en\" style=\"color:blue; text-decoration:underline\"><span style=\"font-size:14.0pt\">Informa&ccedil;&otilde;es aqui<\/span><\/a><span class=\"MsoHyperlink\" style=\"color:blue\"><span style=\"text-decoration:underline\"><span style=\"font-size:14.0pt\"><span style=\"text-decoration:none\"><span style=\"text-underline:none\">.<\/span><\/span><\/span><\/span><\/span><\/span><\/span><\/span><\/p>\r\n\r\n<p style=\"text-align:justify\"><span style=\"font-size:11pt\"><span style=\"line-height:normal\"><span style=\"font-family:&quot;Calibri&quot;,sans-serif\"><span class=\"MsoHyperlink\" style=\"color:blue\"><span style=\"text-decoration:underline\"><b><span style=\"font-size:14.0pt\"><span style=\"text-decoration:none\"><span style=\"text-underline:none\">Workshop ABIT | Seguran&ccedil;a do trabalho - A ergonomia na ind&uacute;stria t&ecirc;xtil<\/span><\/span><\/span><\/b><\/span><\/span><span class=\"MsoHyperlink\" style=\"color:blue\"><span style=\"text-decoration:underline\"><span style=\"font-size:14.0pt\"><span style=\"text-decoration:none\"><span style=\"text-underline:none\">, 27 de julho, Rua Marqu&ecirc;s de Itu, 968, S&atilde;o Paulo. <\/span><\/span><\/span><\/span><\/span><a href=\"https:\/\/app.rdstation.email\/mail\/0a901722-a1dc-4ea7-9228-5f0274591810?utm_campaign=convite_workshop_abit_-seguranca_trabalho&amp;utm_medium=email&amp;utm_source=RD+Station\" style=\"color:blue; text-decoration:underline\"><span style=\"font-size:14.0pt\">Informa&ccedil;&otilde;es aqui<\/span><\/a><span class=\"MsoHyperlink\" style=\"color:blue\"><span style=\"text-decoration:underline\"><span style=\"font-size:14.0pt\"><span style=\"text-decoration:none\"><span style=\"text-underline:none\">.<\/span><\/span><\/span><\/span><\/span><\/span><\/span><\/span><\/p>\r\n\r\n<p style=\"text-align:justify\"><span style=\"font-size:11pt\"><span style=\"line-height:normal\"><span style=\"font-family:&quot;Calibri&quot;,sans-serif\"><span class=\"MsoHyperlink\" style=\"color:blue\"><span style=\"text-decoration:underline\"><b><span style=\"font-size:14.0pt\"><span style=\"text-decoration:none\"><span style=\"text-underline:none\">Instituto Avan&ccedil;ado do Pl&aacute;stico: Curso Reciclagem de Pl&aacute;sticos<\/span><\/span><\/span><\/b><\/span><\/span><span class=\"MsoHyperlink\" style=\"color:blue\"><span style=\"text-decoration:underline\"><span style=\"font-size:14.0pt\"><span style=\"text-decoration:none\"><span style=\"text-underline:none\">, 05 e 06 de agosto. <\/span><\/span><\/span><\/span><\/span><a href=\"https:\/\/www.planetaplastico.com.br\/curso-reciclagem-de-plasticos\" style=\"color:blue; text-decoration:underline\"><span style=\"font-size:14.0pt\">Informa&ccedil;&otilde;es aqui<\/span><\/a><span class=\"MsoHyperlink\" style=\"color:blue\"><span style=\"text-decoration:underline\"><span style=\"font-size:14.0pt\"><span style=\"text-decoration:none\"><span style=\"text-underline:none\">.<\/span><\/span><\/span><\/span><\/span><\/span><\/span><\/span><\/p>\r\n\r\n<p style=\"text-align:justify\"><span style=\"font-size:11pt\"><span style=\"line-height:normal\"><span style=\"font-family:&quot;Calibri&quot;,sans-serif\"><span class=\"MsoHyperlink\" style=\"color:blue\"><span style=\"text-decoration:underline\"><b><span style=\"font-size:14.0pt\"><span style=\"text-decoration:none\"><span style=\"text-underline:none\">Feiplar Composites &amp; Feipur<\/span><\/span><\/span><\/b><\/span><\/span><span class=\"MsoHyperlink\" style=\"color:blue\"><span style=\"text-decoration:underline\"><span style=\"font-size:14.0pt\"><span style=\"text-decoration:none\"><span style=\"text-underline:none\">, 16 a 18 de agosto, S&atilde;o Paulo Expo (Pavilh&atilde;o 5). <\/span><\/span><\/span><\/span><\/span><a href=\"http:\/\/www.feiplar.com.br\/O-Evento\/Apresentacao.php\" style=\"color:blue; text-decoration:underline\"><span style=\"font-size:14.0pt\">Informa&ccedil;&otilde;es aqui<\/span><\/a><span class=\"MsoHyperlink\" style=\"color:blue\"><span style=\"text-decoration:underline\"><span style=\"font-size:14.0pt\"><span style=\"text-decoration:none\"><span style=\"text-underline:none\">.<\/span><\/span><\/span><\/span><\/span><\/span><\/span><\/span><\/p>\r\n\r\n<p style=\"text-align:justify\"><span style=\"font-size:11pt\"><span style=\"line-height:normal\"><span style=\"font-family:&quot;Calibri&quot;,sans-serif\"><span class=\"MsoHyperlink\" style=\"color:blue\"><span style=\"text-decoration:underline\"><b><span style=\"font-size:14.0pt\"><span style=\"text-decoration:none\"><span style=\"text-underline:none\">Jornada de Enfermagem em Central de Material e Esteriliza&ccedil;&atilde;o<\/span><\/span><\/span><\/b><\/span><\/span><span class=\"MsoHyperlink\" style=\"color:blue\"><span style=\"text-decoration:underline\"><span style=\"font-size:14.0pt\"><span style=\"text-decoration:none\"><span style=\"text-underline:none\">, 23 de agosto, Expominas, Belo Horizonte. <\/span><\/span><\/span><\/span><\/span><a href=\"https:\/\/nascecme.com.br\/jornada-de-enfermagem-em-central-de-material-e-esterilizacao\/\" style=\"color:blue; text-decoration:underline\"><span style=\"font-size:14.0pt\">Informa&ccedil;&otilde;es aqui<\/span><\/a><span class=\"MsoHyperlink\" style=\"color:blue\"><span style=\"text-decoration:underline\"><span style=\"font-size:14.0pt\"><span style=\"text-decoration:none\"><span style=\"text-underline:none\">.<\/span><\/span><\/span><\/span><\/span><\/span><\/span><\/span><\/p>\r\n\r\n<p style=\"text-align:justify\"><span style=\"font-size:11pt\"><span style=\"line-height:normal\"><span style=\"font-family:&quot;Calibri&quot;,sans-serif\"><span class=\"MsoHyperlink\" style=\"color:blue\"><span style=\"text-decoration:underline\"><b><span style=\"font-size:14.0pt\"><span style=\"text-decoration:none\"><span style=\"text-underline:none\">FICONS &ndash; XII Feira Internacional de Materiais, Equipamentos e Servi&ccedil;os da Constru&ccedil;&atilde;o<\/span><\/span><\/span><\/b><\/span><\/span><span class=\"MsoHyperlink\" style=\"color:blue\"><span style=\"text-decoration:underline\"><span style=\"font-size:14.0pt\"><span style=\"text-decoration:none\"><span style=\"text-underline:none\">, 26 de agosto, no Centro de Conven&ccedil;&otilde;es de Pernambuco. <\/span><\/span><\/span><\/span><\/span><a href=\"https:\/\/www.ficons.com.br\/2022\/index\" style=\"color:blue; text-decoration:underline\"><span style=\"font-size:14.0pt\">Informa&ccedil;&otilde;es aqui<\/span><\/a><span class=\"MsoHyperlink\" style=\"color:blue\"><span style=\"text-decoration:underline\"><span style=\"font-size:14.0pt\"><span style=\"text-decoration:none\"><span style=\"text-underline:none\">.<\/span><\/span><\/span><\/span><\/span><\/span><\/span><\/span><\/p>\r\n\r\n<p style=\"text-align:justify\"><span style=\"font-size:11pt\"><span style=\"line-height:normal\"><span style=\"font-family:&quot;Calibri&quot;,sans-serif\"><span class=\"MsoHyperlink\" style=\"color:blue\"><span style=\"text-decoration:underline\"><span style=\"font-size:14.0pt\"><span style=\"text-decoration:none\"><span style=\"text-underline:none\">Semin&aacute;rio Sindit&ecirc;xtil-SP &ldquo;Efici&ecirc;ncia e Transi&ccedil;&atilde;o Energ&eacute;tica&rdquo;, 28 de agosto, Rua Marqu&ecirc;s de Itu, 968, S&atilde;o Paulo. <\/span><\/span><\/span><\/span><\/span><a href=\"https:\/\/s3.sa-east-1.amazonaws.com\/sindi-files.sinditextilsp.org.br\/site\/sindi_90anos\/Seminario_eficiencia_energetica\/Programa%C3%A7%C3%A3o+Semin%C3%A1rio+Efici%C3%AAncia+e+Transi%C3%A7%C3%A3o+Energ%C3%A9tica.pdf?utm_campaign=convite_seminario_energia&amp;utm_medium=email&amp;utm_source=RD+Station\" style=\"color:blue; text-decoration:underline\"><span style=\"font-size:14.0pt\">Programa&ccedil;&atilde;o<\/span><\/a><span class=\"MsoHyperlink\" style=\"color:blue\"><span style=\"text-decoration:underline\"><span style=\"font-size:14.0pt\"><span style=\"text-decoration:none\"><span style=\"text-underline:none\">. <\/span><\/span><\/span><\/span><\/span><a href=\"https:\/\/eventos.abit.org.br\/Subs.aspx?key=e76786ff-e0ac-447b-81b1-a7dd2c2c3217&amp;utm_campaign=convite_seminario_energia&amp;utm_medium=email&amp;utm_source=RD+Station\" style=\"color:blue; text-decoration:underline\"><span style=\"font-size:14.0pt\">Inscri&ccedil;&otilde;es<\/span><\/a><span class=\"MsoHyperlink\" style=\"color:blue\"><span style=\"text-decoration:underline\"><span style=\"font-size:14.0pt\"><span style=\"text-decoration:none\"><span style=\"text-underline:none\">.<\/span><\/span><\/span><\/span><\/span><\/span><\/span><\/span><\/p>\r\n\r\n<p style=\"text-align:justify\"><span style=\"font-size:11pt\"><span style=\"line-height:normal\"><span style=\"font-family:&quot;Calibri&quot;,sans-serif\"><span class=\"MsoHyperlink\" style=\"color:blue\"><span style=\"text-decoration:underline\"><b><span style=\"font-size:14.0pt\"><span style=\"text-decoration:none\"><span style=\"text-underline:none\">Feira HospitalMed, <\/span><\/span><\/span><\/b><\/span><\/span><span class=\"MsoHyperlink\" style=\"color:blue\"><span style=\"text-decoration:underline\"><span style=\"font-size:14.0pt\"><span style=\"text-decoration:none\"><span style=\"text-underline:none\">19 a 21 de outubro, Centro de Conven&ccedil;&otilde;es de Pernambuco. <\/span><\/span><\/span><\/span><\/span><a href=\"https:\/\/hospitalmed.com.br\/feira\/\" style=\"color:blue; text-decoration:underline\"><span style=\"font-size:14.0pt\">Informa&ccedil;&otilde;es aqui.<\/span><\/a><\/span><\/span><\/span><\/p>\r\n\r\n<p class=\"MsoTitle\" style=\"text-align:justify\"><span style=\"font-size:28pt\"><span style=\"font-family:&quot;Cambria&quot;,serif\"><span style=\"letter-spacing:-0.5pt\"><b><span style=\"font-size:18.0pt\"><span style=\"font-family:&quot;Calibri&quot;,sans-serif\"><span style=\"font-variant:small-caps\">Setor<\/span><\/span><\/span><\/b><\/span><\/span><\/span><\/p>\r\n\r\n<p style=\"text-align:justify\"><span style=\"font-size:11pt\"><span style=\"line-height:normal\"><span style=\"font-family:&quot;Calibri&quot;,sans-serif\"><a href=\"https:\/\/plasticosemrevista.com.br\/resinas-nivel-alto-de-precos-internacionais-no-1o-semestre\/\" style=\"color:blue; text-decoration:underline\"><span style=\"font-size:14.0pt\">Resinas: N&iacute;vel alto de pre&ccedil;os internacionais no 1&ordm; semestre<\/span><\/a><\/span><\/span><\/span><\/p>\r\n\r\n<p style=\"text-align:justify\"><span style=\"font-size:11pt\"><span style=\"line-height:normal\"><span style=\"font-family:&quot;Calibri&quot;,sans-serif\"><a href=\"http:\/\/textileindustry.ning.com\/forum\/topics\/aumento-de-pre-os-dos-insumos-afeta-ind-stria-t-xtil-e-de-confec\" style=\"color:blue; text-decoration:underline\"><span style=\"font-size:14.0pt\">Aumento de pre&ccedil;os dos insumos afeta ind&uacute;stria t&ecirc;xtil e de confec&ccedil;&atilde;o<\/span><\/a><\/span><\/span><\/span><\/p>\r\n\r\n<p style=\"text-align:justify\"><span style=\"font-size:11pt\"><span style=\"line-height:normal\"><span style=\"font-family:&quot;Calibri&quot;,sans-serif\"><a href=\"https:\/\/globallegalchronicle.com\/fitesa-naotecidos-s-a-s-us50-million-financing-from-ifc\/\" style=\"color:blue; text-decoration:underline\"><span style=\"font-size:14.0pt\">Fitesa N&atilde;otecidos S.A.&rsquo;s US$50 Million Financing From IFC<\/span><\/a><\/span><\/span><\/span><\/p>\r\n\r\n<p style=\"text-align:justify\"><span style=\"font-size:11pt\"><span style=\"line-height:normal\"><span style=\"font-family:&quot;Calibri&quot;,sans-serif\"><a href=\"https:\/\/plasticosemrevista.com.br\/eua-inflacao-descontrolada-castiga-transformacao-de-plastico\/\" style=\"color:blue; text-decoration:underline\"><span style=\"font-size:14.0pt\">EUA: infla&ccedil;&atilde;o descontrolada castiga transforma&ccedil;&atilde;o de pl&aacute;stico<\/span><\/a><\/span><\/span><\/span><\/p>\r\n\r\n<p style=\"text-align:justify\"><span style=\"font-size:11pt\"><span style=\"line-height:normal\"><span style=\"font-family:&quot;Calibri&quot;,sans-serif\"><a href=\"https:\/\/m.br.investing.com\/news\/commodities-news\/petroleo-afunda-diante-do-temor-de-recessao-citi-ve-barril-a-us-65-1015190\" style=\"color:blue; text-decoration:underline\"><span style=\"font-size:14.0pt\">Petr&oacute;leo afunda diante do temor de recess&atilde;o; Citi v&ecirc; barril a US$ 65<\/span><\/a><\/span><\/span><\/span><\/p>\r\n\r\n<p style=\"text-align:justify\"><span style=\"font-size:11pt\"><span style=\"line-height:normal\"><span style=\"font-family:&quot;Calibri&quot;,sans-serif\"><a href=\"https:\/\/www.moveisdevalor.com.br\/portal\/abicol-fara-sondagem-para-apurar-informacoes-do-setor-colchoeiro?source=news\" style=\"color:blue; text-decoration:underline\"><span style=\"font-size:14.0pt\">Abicol far&aacute; sondagem para apurar informa&ccedil;&otilde;es do setor colchoeiro<\/span><\/a><\/span><\/span><\/span><\/p>\r\n\r\n<p style=\"text-align:justify\"><span style=\"font-size:11pt\"><span style=\"line-height:normal\"><span style=\"font-family:&quot;Calibri&quot;,sans-serif\"><a href=\"https:\/\/www.textiletechnology.net\/technology\/news\/itmf-global-textile-machinery-deliveries-higher-than-pre-pandemic-32498?utm_source=%2Fmeta%2Fnewsletter%2Fnewsletter&amp;utm_medium=newsletter&amp;utm_campaign=nl908&amp;utm_term=0801b20e08c3242125d512808cd74302\" style=\"color:blue; text-decoration:underline\"><span style=\"font-size:14.0pt\">ITMF: Global textile machinery deliveries higher than pre-pandemic<\/span><\/a><\/span><\/span><\/span><\/p>\r\n\r\n<p style=\"text-align:justify\"><span style=\"font-size:11pt\"><span style=\"line-height:normal\"><span style=\"font-family:&quot;Calibri&quot;,sans-serif\"><a href=\"https:\/\/www.technicaltextile.net\/news\/edana-elects-new-board-for-2022-23-281742.html\" style=\"color:blue; text-decoration:underline\"><span style=\"font-size:14.0pt\">EDANA elects new board for 2022-23<\/span><\/a><\/span><\/span><\/span><\/p>\r\n\r\n<p class=\"MsoTitle\" style=\"text-align:justify\"><span style=\"font-size:28pt\"><span style=\"font-family:&quot;Cambria&quot;,serif\"><span style=\"letter-spacing:-0.5pt\"><b><span style=\"font-size:18.0pt\"><span style=\"font-family:&quot;Calibri&quot;,sans-serif\"><span style=\"font-variant:small-caps\">Ind&uacute;stria<\/span><\/span><\/span><\/b><\/span><\/span><\/span><\/p>\r\n\r\n<p style=\"text-align:justify\"><span style=\"font-size:11pt\"><span style=\"line-height:normal\"><span style=\"font-family:&quot;Calibri&quot;,sans-serif\"><a href=\"https:\/\/noticias.portaldaindustria.com.br\/noticias\/economia\/79-das-grandes-industrias-fizeram-investimentos-produtivos-em-2021\/\" style=\"color:blue; text-decoration:underline\"><span style=\"font-size:14.0pt\">CNI: 79% das grandes ind&uacute;strias fizeram investimentos produtivos em 2021<\/span><\/a><\/span><\/span><\/span><\/p>\r\n\r\n<p style=\"text-align:justify\"><span style=\"font-size:11pt\"><span style=\"line-height:normal\"><span style=\"font-family:&quot;Calibri&quot;,sans-serif\"><a href=\"https:\/\/agenciabrasil.ebc.com.br\/economia\/noticia\/2022-07\/fiesp-66-das-industrias-de-sp-nao-buscaram-credito-em-2022\" style=\"color:blue; text-decoration:underline\"><span style=\"font-size:14.0pt\">Fiesp: 66% das ind&uacute;strias de SP n&atilde;o buscaram cr&eacute;dito em 2022<\/span><\/a><\/span><\/span><\/span><\/p>\r\n\r\n<p style=\"text-align:justify\"><span style=\"font-size:11pt\"><span style=\"line-height:normal\"><span style=\"font-family:&quot;Calibri&quot;,sans-serif\"><a href=\"https:\/\/g1.globo.com\/economia\/noticia\/2022\/07\/08\/producao-de-veiculos-cai-5percent-no-1o-semestre-e-vendas-recuam-145percent-diz-anfavea.ghtml\" style=\"color:blue; text-decoration:underline\"><span style=\"font-size:14.0pt\">Produ&ccedil;&atilde;o de ve&iacute;culos cai 5% no 1&ordm; semestre e vendas recuam 14,5%, diz Anfavea<\/span><\/a><\/span><\/span><\/span><\/p>\r\n\r\n<p style=\"text-align:justify\"><span style=\"font-size:11pt\"><span style=\"line-height:normal\"><span style=\"font-family:&quot;Calibri&quot;,sans-serif\"><a href=\"https:\/\/cbic.org.br\/aumento-dos-insumos-e-o-maior-problema-enfrentado-pelo-setor-diz-cbic\/\" style=\"color:blue; text-decoration:underline\"><span style=\"font-size:14.0pt\">Aumento dos insumos &eacute; o maior problema enfrentado pelo setor, diz CBIC<\/span><\/a><\/span><\/span><\/span><\/p>\r\n\r\n<p style=\"text-align:justify\"><span style=\"font-size:11pt\"><span style=\"line-height:normal\"><span style=\"font-family:&quot;Calibri&quot;,sans-serif\"><a href=\"https:\/\/grandesconstrucoes.com.br\/Noticias\/Exibir\/a-importancia-da-utilizacao-de-materiais-de-qualidade-no-mercado-de-construcao-civil?utm_source=akna&amp;utm_medium=email&amp;utm_campaign=Grandes-Construcoes-Informativo-819-07-07-2022&amp;utm_source=akna&amp;utm_medium=email&amp;utm_campaign=Grandes-Construcoes-Informativo-819-07-07-2022\" style=\"color:blue; text-decoration:underline\"><span style=\"font-size:14.0pt\">A import&acirc;ncia da utiliza&ccedil;&atilde;o de materiais de qualidade no mercado de constru&ccedil;&atilde;o civil<\/span><\/a><\/span><\/span><\/span><\/p>\r\n\r\n<p style=\"text-align:justify\"><span style=\"font-size:11pt\"><span style=\"line-height:normal\"><span style=\"font-family:&quot;Calibri&quot;,sans-serif\"><a href=\"https:\/\/www.sesisp.org.br\/para-industria\/baixar-conteudo\/14452\/Mudan%C3%A7as-na-NR-5-Comiss%C3%A3o-Interna-de-Preven%C3%A7%C3%A3o-de-Acidentes-(CIPA)\" style=\"color:blue; text-decoration:underline\"><span style=\"font-size:14.0pt\">SESI - Guia informativo: Mudan&ccedil;as na NR-5 Comiss&atilde;o Interna de Preven&ccedil;&atilde;o de Acidentes (CIPA)<\/span><\/a><\/span><\/span><\/span><\/p>\r\n\r\n<p class=\"MsoTitle\" style=\"text-align:justify\"><span style=\"font-size:28pt\"><span style=\"font-family:&quot;Cambria&quot;,serif\"><span style=\"letter-spacing:-0.5pt\"><b><span style=\"font-size:18.0pt\"><span style=\"font-family:&quot;Calibri&quot;,sans-serif\"><span style=\"font-variant:small-caps\">Sustentabilidade<\/span><\/span><\/span><\/b><\/span><\/span><\/span><\/p>\r\n\r\n<p style=\"text-align:justify\"><span style=\"font-size:11pt\"><span style=\"line-height:normal\"><span style=\"font-family:&quot;Calibri&quot;,sans-serif\"><a href=\"https:\/\/tissueonline.com.br\/daio-faz-parceria-com-a-livedo-para-reciclar-fraldas\/?utm_campaign=newsletter_08072022_novo_modelo&amp;utm_medium=email&amp;utm_source=RD+Station\" style=\"color:blue; text-decoration:underline\"><span style=\"font-size:14.0pt\">Daio faz parceria com a LiveDo para reciclar fraldas<\/span><\/a><\/span><\/span><\/span><\/p>\r\n\r\n<p style=\"text-align:justify\"><span style=\"font-size:11pt\"><span style=\"line-height:normal\"><span style=\"font-family:&quot;Calibri&quot;,sans-serif\"><a href=\"https:\/\/www.inovacaotecnologica.com.br\/noticias\/noticia.php?artigo=bioplastico-tipo-pet-feito-biomassa-vegetal&amp;id=010160220706\" style=\"color:blue; text-decoration:underline\"><span style=\"font-size:14.0pt\">Biopl&aacute;stico PET &eacute; feito diretamente de biomassa vegetal<\/span><\/a><\/span><\/span><\/span><\/p>\r\n\r\n<p style=\"text-align:justify\"><span style=\"font-size:11pt\"><span style=\"line-height:normal\"><span style=\"font-family:&quot;Calibri&quot;,sans-serif\"><a href=\"https:\/\/www12.senado.leg.br\/tv\/programas\/agenda-economica\/2022\/07\/reciclagem-de-plastico-e-a-quarta-atividade-que-mais-gera-empregos-na-industria-da-transformacao\" style=\"color:blue; text-decoration:underline\"><span style=\"font-size:14.0pt\">Reciclagem de pl&aacute;stico &eacute; a quarta atividade que mais gera empregos na ind&uacute;stria da transforma&ccedil;&atilde;o<\/span><\/a><\/span><\/span><\/span><\/p>\r\n\r\n<p style=\"text-align:justify\"><span style=\"font-size:11pt\"><span style=\"line-height:normal\"><span style=\"font-family:&quot;Calibri&quot;,sans-serif\"><a href=\"https:\/\/www.tempo.com\/noticias\/ciencia\/peixes-robotizados-podem-resolver-o-problema-dos-microplasticos-oceano.html\" style=\"color:blue; text-decoration:underline\"><span style=\"font-size:14.0pt\">Peixes robotizados podem resolver o problema dos micropl&aacute;sticos<\/span><\/a><\/span><\/span><\/span><\/p>\r\n\r\n<p style=\"text-align:justify\"><span style=\"font-size:11pt\"><span style=\"line-height:normal\"><span style=\"font-family:&quot;Calibri&quot;,sans-serif\"><a href=\"https:\/\/www.innovationintextiles.com\/fibres-yarns-fabrics\/towards-a-circular-plasticfree-and-regenerative-fabrics-future\/\" style=\"color:blue; text-decoration:underline\"><span style=\"font-size:14.0pt\">Towards a circular, plastic-free and regenerative fabrics future<\/span><\/a><\/span><\/span><\/span><\/p>\r\n\r\n<p class=\"MsoTitle\" style=\"text-align:justify\"><span style=\"font-size:28pt\"><span style=\"font-family:&quot;Cambria&quot;,serif\"><span style=\"letter-spacing:-0.5pt\"><b><span style=\"font-size:18.0pt\"><span style=\"font-family:&quot;Calibri&quot;,sans-serif\"><span style=\"font-variant:small-caps\">Inova&ccedil;&atilde;o<\/span><\/span><\/span><\/b><\/span><\/span><\/span><\/p>\r\n\r\n<p style=\"text-align:justify\"><span style=\"font-size:11pt\"><span style=\"line-height:normal\"><span style=\"font-family:&quot;Calibri&quot;,sans-serif\"><a href=\"https:\/\/www.nature.com\/articles\/d41586-022-01781-1\" style=\"color:blue; text-decoration:underline\"><span style=\"font-size:14.0pt\">&lsquo;Smart&rsquo; clothing flexes to provide relief from the heat<\/span><\/a><\/span><\/span><\/span><\/p>\r\n\r\n<p style=\"text-align:justify\"><span style=\"font-size:11pt\"><span style=\"line-height:normal\"><span style=\"font-family:&quot;Calibri&quot;,sans-serif\"><a href=\"https:\/\/www.fibre2fashion.com\/news\/textile-news\/china-to-promote-smart-manufacturing-for-textile-apparel-sectors-281733-newsdetails.htm\" style=\"color:blue; text-decoration:underline\"><span style=\"font-size:14.0pt\">China to promote smart manufacturing for textile &amp; apparel sectors<\/span><\/a><\/span><\/span><\/span><\/p>\r\n\r\n<p class=\"MsoTitle\" style=\"text-align:justify\"><span style=\"font-size:28pt\"><span style=\"font-family:&quot;Cambria&quot;,serif\"><span style=\"letter-spacing:-0.5pt\"><b><span style=\"font-size:18.0pt\"><span style=\"font-family:&quot;Calibri&quot;,sans-serif\"><span style=\"font-variant:small-caps\">Com&eacute;rcio Exterior<\/span><\/span><\/span><\/b><\/span><\/span><\/span><\/p>\r\n\r\n<p style=\"text-align:justify\"><span style=\"font-size:11pt\"><span style=\"line-height:normal\"><span style=\"font-family:&quot;Calibri&quot;,sans-serif\"><a href=\"https:\/\/www.abicalcados.com.br\/noticia\/exportacoes-de-calcados-tem-incremento-de-67-no-semestre\" style=\"color:blue; text-decoration:underline\"><span style=\"font-size:14.0pt\">Exporta&ccedil;&otilde;es de cal&ccedil;ados t&ecirc;m incremento de 67% no semestre<\/span><\/a><\/span><\/span><\/span><\/p>\r\n\r\n<p style=\"text-align:justify\"><span style=\"font-size:11pt\"><span style=\"line-height:normal\"><span style=\"font-family:&quot;Calibri&quot;,sans-serif\"><a href=\"https:\/\/tissueonline.com.br\/paises-latino-americanos-reduzem-impostos-sobre-absorventes\/?utm_campaign=newsletter_08072022_novo_modelo&amp;utm_medium=email&amp;utm_source=RD+Station\" style=\"color:blue; text-decoration:underline\"><span style=\"font-size:14.0pt\">Pa&iacute;ses latino-americanos reduzem impostos sobre absorventes<\/span><\/a><\/span><\/span><\/span><\/p>\r\n\r\n<p style=\"text-align:justify\"><span style=\"font-size:11pt\"><span style=\"line-height:normal\"><span style=\"font-family:&quot;Calibri&quot;,sans-serif\"><a href=\"https:\/\/www.abicalcados.com.br\/noticia\/caso-argentina-abicalcados-vai-a-comissao-do-mercosul\" style=\"color:blue; text-decoration:underline\"><span style=\"font-size:14.0pt\">Caso Argentina: Abical&ccedil;ados vai &agrave; Comiss&atilde;o do Mercosul<\/span><\/a><\/span><\/span><\/span><\/p>\r\n\r\n<p style=\"text-align:justify\"><span style=\"font-size:11pt\"><span style=\"line-height:normal\"><span style=\"font-family:&quot;Calibri&quot;,sans-serif\"><a href=\"https:\/\/www.fibre2fashion.com\/news\/textile-news\/egypt-brazil-to-boost-trade-in-textile-and-other-sectors-281779-newsdetails.htm\" style=\"color:blue; text-decoration:underline\"><span style=\"font-size:14.0pt\">Egypt, Brazil to boost trade in textile and other sectors<\/span><\/a><\/span><\/span><\/span><\/p>\r\n\r\n<p class=\"MsoTitle\" style=\"text-align:justify\"><span style=\"font-size:28pt\"><span style=\"font-family:&quot;Cambria&quot;,serif\"><span style=\"letter-spacing:-0.5pt\"><b><span style=\"font-size:18.0pt\"><span style=\"font-family:&quot;Calibri&quot;,sans-serif\"><span style=\"font-variant:small-caps\">Economia<\/span><\/span><\/span><\/b><\/span><\/span><\/span><\/p>\r\n\r\n<p style=\"text-align:justify\"><span style=\"font-size:11pt\"><span style=\"line-height:normal\"><span style=\"font-family:&quot;Calibri&quot;,sans-serif\"><a href=\"https:\/\/www.bcb.gov.br\/publicacoes\/focus\" style=\"color:blue; text-decoration:underline\"><span style=\"font-size:14.0pt\">Focus - Relat&oacute;rio de Mercado - 08\/07\/2022<\/span><\/a><\/span><\/span><\/span><\/p>\r\n\r\n<p style=\"text-align:justify\"><span style=\"font-size:11pt\"><span style=\"line-height:normal\"><span style=\"font-family:&quot;Calibri&quot;,sans-serif\"><a href=\"https:\/\/www.bcb.gov.br\/controleinflacao\/focusdistribuicoesfrequencia\" style=\"color:blue; text-decoration:underline\"><span style=\"font-size:14.0pt\">Focus &ndash; Distribui&ccedil;&otilde;es de Frequ&ecirc;ncia das Expectativas de Mercado para IPCA, Selic, PIB e C&acirc;mbio.<\/span><\/a><\/span><\/span><\/span><\/p>\r\n\r\n<p style=\"text-align:justify\"><span style=\"font-size:11pt\"><span style=\"line-height:normal\"><span style=\"font-family:&quot;Calibri&quot;,sans-serif\"><a href=\"https:\/\/www.thisismoney.co.uk\/money\/markets\/article-10983453\/Bank-England-paints-bleak-picture-global-economy.html\" style=\"color:blue; text-decoration:underline\"><span style=\"font-size:14.0pt\">Banco da Inglaterra pinta quadro sombrio da economia global<\/span><\/a><\/span><\/span><\/span><\/p>\r\n\r\n<p style=\"text-align:justify\"><span style=\"font-size:11pt\"><span style=\"line-height:normal\"><span style=\"font-family:&quot;Calibri&quot;,sans-serif\"><a href=\"https:\/\/portalibre.fgv.br\/noticias\/economia-mundial-em-franca-desaceleracao\" style=\"color:blue; text-decoration:underline\"><span style=\"font-size:14.0pt\">Economia Mundial em franca desacelera&ccedil;&atilde;o<\/span><\/a><\/span><\/span><\/span><\/p>\r\n\r\n<p style=\"text-align:justify\"><span style=\"font-size:11.0pt\"><span style=\"line-height:115%\"><span style=\"font-family:&quot;Calibri&quot;,sans-serif\"><a href=\"https:\/\/www.fibre2fashion.com\/industry-article\/9426\/us-economy-expected-to-slow-down-in-fy23-with-other-significant-risks\" style=\"color:blue; text-decoration:underline\"><span style=\"font-size:14.0pt\"><span style=\"line-height:115%\">US economy expected to slow down in FY23 with other significant risks<\/span><\/span><\/a><\/span><\/span><\/span><\/p>\r\n","6":"<p style=\"text-align:justify\"><span style=\"font-size:11pt\"><span style=\"line-height:normal\"><span style=\"font-family:&quot;Calibri&quot;,sans-serif\"><span style=\"font-size:14.0pt\">Esta &eacute; uma compila&ccedil;&atilde;o das not&iacute;cias mais relevantes para o setor, incluindo informa&ccedil;&otilde;es sobre acordos internacionais, economia brasileira, sustentabilidade e mat&eacute;rias primas, al&eacute;m de novidades do setor de N&atilde;otecidos e Tecidos T&eacute;cnicos.<\/span><\/span><\/span><\/span><\/p>\r\n\r\n<p class=\"MsoTitle\" style=\"text-align:justify\"><span style=\"font-size:28pt\"><span style=\"font-family:&quot;Cambria&quot;,serif\"><span style=\"letter-spacing:-0.5pt\"><b><span style=\"font-size:18.0pt\"><span style=\"font-family:&quot;Calibri&quot;,sans-serif\"><span style=\"font-variant:small-caps\">A&ccedil;&otilde;es da ABINT<\/span><\/span><\/span><\/b><\/span><\/span><\/span><\/p>\r\n\r\n<p style=\"text-align:justify\"><span style=\"font-size:11pt\"><span style=\"line-height:normal\"><span style=\"font-family:&quot;Calibri&quot;,sans-serif\"><a href=\"https:\/\/www.revistatae.com.br\/Noticia\/68009\/abint-anuncia-a-retomada-de-sua-agenda-de-cursos-presenciais-sobre-tecnologia-de-naotecidos\" style=\"color:blue; text-decoration:underline\"><span style=\"font-size:14.0pt\">ABINT anuncia a retomada de sua agenda de cursos presenciais sobre Tecnologia de N&atilde;otecidos<\/span><\/a><\/span><\/span><\/span><\/p>\r\n\r\n<p style=\"text-align:justify\">&nbsp;<\/p>\r\n\r\n<p style=\"text-align:justify\"><span style=\"font-size:11pt\"><span style=\"line-height:normal\"><span style=\"font-family:&quot;Calibri&quot;,sans-serif\"><span style=\"font-size:14.0pt\"><img height=\"450\" src=\"https:\/\/www.abint.org.br\/assets\/img\/editor\/20220719-live-ctg-instagram-daniel_20220712171216p1wa1HRBnD.jpeg\" width=\"450\" \/><\/span><\/span><\/span><\/span><\/p>\r\n\r\n<h2>O CTG Entrevista recebe o Engenheiro Civil Daniel Moreno Meucci, para falar sobre suas experi&ecirc;ncias com os Geossint&eacute;ticos em campo. Dia 19 de julho, &agrave;s 18:00, no <a href=\"https:\/\/www.instagram.com\/ctg_abint\/?hl=en\">Instagram do CTG.<\/a><\/h2>\r\n\r\n<p>&nbsp;<\/p>\r\n\r\n<p><img height=\"263\" src=\"https:\/\/www.abint.org.br\/assets\/img\/editor\/logo-feiplar-2_202207121715315rb04KpI5c.jpg\" width=\"455\" \/><\/p>\r\n\r\n<h2>A ABINT apoia a FEIPLAR COMPOSITES &amp; FEIPUR, feira que visa auxiliar o crescimento e desenvolvimento dos mercados de composites, poliuretano e pl&aacute;sticos de engenharia\/ compostos termopl&aacute;sticos em toda a Am&eacute;rica do Sul. Estes mercados t&ecirc;m registrado importante crescimento nos &uacute;ltimos anos e apontam interessantes perspectivas para os pr&oacute;ximos anos tamb&eacute;m. <a href=\"https:\/\/feiplar.com\/\">Informa&ccedil;&otilde;es aqui<\/a>.<\/h2>\r\n\r\n<p>&nbsp;<\/p>\r\n\r\n<p><img height=\"279\" src=\"https:\/\/www.abint.org.br\/assets\/img\/editor\/partnerkit-conahp-retangular-cth-abint_20220712171729PQjws01ExY.png\" width=\"494\" \/><\/p>\r\n\r\n<h2>O CTH ABINT &eacute; patrocinador do CONAHP 2022 - Congresso Nacional de Hospitais Privados, evento que ocorrer&aacute; presencialmente nos dias 10 e 11 de novembro, Transam&eacute;rica Expo Center, S&atilde;o Paulo, SP. <a href=\"https:\/\/conahp.org.br\/2022\/\">Informa&ccedil;&otilde;es aqui<\/a>.<\/h2>\r\n\r\n<p style=\"text-align:justify\">&nbsp;<\/p>\r\n\r\n<p style=\"text-align:justify\"><span style=\"font-size:11pt\"><span style=\"line-height:normal\"><span style=\"font-family:&quot;Calibri&quot;,sans-serif\"><b><span style=\"font-size:18.0pt\"><span style=\"font-variant:small-caps\">Eventos<\/span><\/span><\/b><\/span><\/span><\/span><\/p>\r\n\r\n<p style=\"text-align:justify\"><span style=\"font-size:11pt\"><span style=\"line-height:normal\"><span style=\"font-family:&quot;Calibri&quot;,sans-serif\"><span class=\"MsoHyperlink\" style=\"color:blue\"><span style=\"text-decoration:underline\"><b><span style=\"font-size:14.0pt\"><span style=\"text-decoration:none\"><span style=\"text-underline:none\">BID Webinar &ndash; Lanzamiento: Gu&iacute;a para dise&ntilde;ar estrategias de bioeconomia<\/span><\/span><\/span><\/b><\/span><\/span><span class=\"MsoHyperlink\" style=\"color:blue\"><span style=\"text-decoration:underline\"><span style=\"font-size:14.0pt\"><span style=\"text-decoration:none\"><span style=\"text-underline:none\">, 12 de julho. <\/span><\/span><\/span><\/span><\/span><a href=\"https:\/\/events.iadb.org\/calendar\/event\/25545?lang=en\" style=\"color:blue; text-decoration:underline\"><span style=\"font-size:14.0pt\">Informa&ccedil;&otilde;es aqui<\/span><\/a><span class=\"MsoHyperlink\" style=\"color:blue\"><span style=\"text-decoration:underline\"><span style=\"font-size:14.0pt\"><span style=\"text-decoration:none\"><span style=\"text-underline:none\">.<\/span><\/span><\/span><\/span><\/span><\/span><\/span><\/span><\/p>\r\n\r\n<p style=\"text-align:justify\"><span style=\"font-size:11pt\"><span style=\"line-height:normal\"><span style=\"font-family:&quot;Calibri&quot;,sans-serif\"><span class=\"MsoHyperlink\" style=\"color:blue\"><span style=\"text-decoration:underline\"><b><span style=\"font-size:14.0pt\"><span style=\"text-decoration:none\"><span style=\"text-underline:none\">Workshop ABIT | Seguran&ccedil;a do trabalho - A ergonomia na ind&uacute;stria t&ecirc;xtil<\/span><\/span><\/span><\/b><\/span><\/span><span class=\"MsoHyperlink\" style=\"color:blue\"><span style=\"text-decoration:underline\"><span style=\"font-size:14.0pt\"><span style=\"text-decoration:none\"><span style=\"text-underline:none\">, 27 de julho, Rua Marqu&ecirc;s de Itu, 968, S&atilde;o Paulo. <\/span><\/span><\/span><\/span><\/span><a href=\"https:\/\/app.rdstation.email\/mail\/0a901722-a1dc-4ea7-9228-5f0274591810?utm_campaign=convite_workshop_abit_-seguranca_trabalho&amp;utm_medium=email&amp;utm_source=RD+Station\" style=\"color:blue; text-decoration:underline\"><span style=\"font-size:14.0pt\">Informa&ccedil;&otilde;es aqui<\/span><\/a><span class=\"MsoHyperlink\" style=\"color:blue\"><span style=\"text-decoration:underline\"><span style=\"font-size:14.0pt\"><span style=\"text-decoration:none\"><span style=\"text-underline:none\">.<\/span><\/span><\/span><\/span><\/span><\/span><\/span><\/span><\/p>\r\n\r\n<p style=\"text-align:justify\"><span style=\"font-size:11pt\"><span style=\"line-height:normal\"><span style=\"font-family:&quot;Calibri&quot;,sans-serif\"><span class=\"MsoHyperlink\" style=\"color:blue\"><span style=\"text-decoration:underline\"><b><span style=\"font-size:14.0pt\"><span style=\"text-decoration:none\"><span style=\"text-underline:none\">Instituto Avan&ccedil;ado do Pl&aacute;stico: Curso Reciclagem de Pl&aacute;sticos<\/span><\/span><\/span><\/b><\/span><\/span><span class=\"MsoHyperlink\" style=\"color:blue\"><span style=\"text-decoration:underline\"><span style=\"font-size:14.0pt\"><span style=\"text-decoration:none\"><span style=\"text-underline:none\">, 05 e 06 de agosto. <\/span><\/span><\/span><\/span><\/span><a href=\"https:\/\/www.planetaplastico.com.br\/curso-reciclagem-de-plasticos\" style=\"color:blue; text-decoration:underline\"><span style=\"font-size:14.0pt\">Informa&ccedil;&otilde;es aqui<\/span><\/a><span class=\"MsoHyperlink\" style=\"color:blue\"><span style=\"text-decoration:underline\"><span style=\"font-size:14.0pt\"><span style=\"text-decoration:none\"><span style=\"text-underline:none\">.<\/span><\/span><\/span><\/span><\/span><\/span><\/span><\/span><\/p>\r\n\r\n<p style=\"text-align:justify\"><span style=\"font-size:11pt\"><span style=\"line-height:normal\"><span style=\"font-family:&quot;Calibri&quot;,sans-serif\"><span class=\"MsoHyperlink\" style=\"color:blue\"><span style=\"text-decoration:underline\"><b><span style=\"font-size:14.0pt\"><span style=\"text-decoration:none\"><span style=\"text-underline:none\">Feiplar Composites &amp; Feipur<\/span><\/span><\/span><\/b><\/span><\/span><span class=\"MsoHyperlink\" style=\"color:blue\"><span style=\"text-decoration:underline\"><span style=\"font-size:14.0pt\"><span style=\"text-decoration:none\"><span style=\"text-underline:none\">, 16 a 18 de agosto, S&atilde;o Paulo Expo (Pavilh&atilde;o 5). <\/span><\/span><\/span><\/span><\/span><a href=\"http:\/\/www.feiplar.com.br\/O-Evento\/Apresentacao.php\" style=\"color:blue; text-decoration:underline\"><span style=\"font-size:14.0pt\">Informa&ccedil;&otilde;es aqui<\/span><\/a><span class=\"MsoHyperlink\" style=\"color:blue\"><span style=\"text-decoration:underline\"><span style=\"font-size:14.0pt\"><span style=\"text-decoration:none\"><span style=\"text-underline:none\">.<\/span><\/span><\/span><\/span><\/span><\/span><\/span><\/span><\/p>\r\n\r\n<p style=\"text-align:justify\"><span style=\"font-size:11pt\"><span style=\"line-height:normal\"><span style=\"font-family:&quot;Calibri&quot;,sans-serif\"><span class=\"MsoHyperlink\" style=\"color:blue\"><span style=\"text-decoration:underline\"><b><span style=\"font-size:14.0pt\"><span style=\"text-decoration:none\"><span style=\"text-underline:none\">Jornada de Enfermagem em Central de Material e Esteriliza&ccedil;&atilde;o<\/span><\/span><\/span><\/b><\/span><\/span><span class=\"MsoHyperlink\" style=\"color:blue\"><span style=\"text-decoration:underline\"><span style=\"font-size:14.0pt\"><span style=\"text-decoration:none\"><span style=\"text-underline:none\">, 23 de agosto, Expominas, Belo Horizonte. <\/span><\/span><\/span><\/span><\/span><a href=\"https:\/\/nascecme.com.br\/jornada-de-enfermagem-em-central-de-material-e-esterilizacao\/\" style=\"color:blue; text-decoration:underline\"><span style=\"font-size:14.0pt\">Informa&ccedil;&otilde;es aqui<\/span><\/a><span class=\"MsoHyperlink\" style=\"color:blue\"><span style=\"text-decoration:underline\"><span style=\"font-size:14.0pt\"><span style=\"text-decoration:none\"><span style=\"text-underline:none\">.<\/span><\/span><\/span><\/span><\/span><\/span><\/span><\/span><\/p>\r\n\r\n<p style=\"text-align:justify\"><span style=\"font-size:11pt\"><span style=\"line-height:normal\"><span style=\"font-family:&quot;Calibri&quot;,sans-serif\"><span class=\"MsoHyperlink\" style=\"color:blue\"><span style=\"text-decoration:underline\"><b><span style=\"font-size:14.0pt\"><span style=\"text-decoration:none\"><span style=\"text-underline:none\">FICONS &ndash; XII Feira Internacional de Materiais, Equipamentos e Servi&ccedil;os da Constru&ccedil;&atilde;o<\/span><\/span><\/span><\/b><\/span><\/span><span class=\"MsoHyperlink\" style=\"color:blue\"><span style=\"text-decoration:underline\"><span style=\"font-size:14.0pt\"><span style=\"text-decoration:none\"><span style=\"text-underline:none\">, 26 de agosto, no Centro de Conven&ccedil;&otilde;es de Pernambuco. <\/span><\/span><\/span><\/span><\/span><a href=\"https:\/\/www.ficons.com.br\/2022\/index\" style=\"color:blue; text-decoration:underline\"><span style=\"font-size:14.0pt\">Informa&ccedil;&otilde;es aqui<\/span><\/a><span class=\"MsoHyperlink\" style=\"color:blue\"><span style=\"text-decoration:underline\"><span style=\"font-size:14.0pt\"><span style=\"text-decoration:none\"><span style=\"text-underline:none\">.<\/span><\/span><\/span><\/span><\/span><\/span><\/span><\/span><\/p>\r\n\r\n<p style=\"text-align:justify\"><span style=\"font-size:11pt\"><span style=\"line-height:normal\"><span style=\"font-family:&quot;Calibri&quot;,sans-serif\"><span class=\"MsoHyperlink\" style=\"color:blue\"><span style=\"text-decoration:underline\"><span style=\"font-size:14.0pt\"><span style=\"text-decoration:none\"><span style=\"text-underline:none\">Semin&aacute;rio Sindit&ecirc;xtil-SP &ldquo;Efici&ecirc;ncia e Transi&ccedil;&atilde;o Energ&eacute;tica&rdquo;, 28 de agosto, Rua Marqu&ecirc;s de Itu, 968, S&atilde;o Paulo. <\/span><\/span><\/span><\/span><\/span><a href=\"https:\/\/s3.sa-east-1.amazonaws.com\/sindi-files.sinditextilsp.org.br\/site\/sindi_90anos\/Seminario_eficiencia_energetica\/Programa%C3%A7%C3%A3o+Semin%C3%A1rio+Efici%C3%AAncia+e+Transi%C3%A7%C3%A3o+Energ%C3%A9tica.pdf?utm_campaign=convite_seminario_energia&amp;utm_medium=email&amp;utm_source=RD+Station\" style=\"color:blue; text-decoration:underline\"><span style=\"font-size:14.0pt\">Programa&ccedil;&atilde;o<\/span><\/a><span class=\"MsoHyperlink\" style=\"color:blue\"><span style=\"text-decoration:underline\"><span style=\"font-size:14.0pt\"><span style=\"text-decoration:none\"><span style=\"text-underline:none\">. <\/span><\/span><\/span><\/span><\/span><a href=\"https:\/\/eventos.abit.org.br\/Subs.aspx?key=e76786ff-e0ac-447b-81b1-a7dd2c2c3217&amp;utm_campaign=convite_seminario_energia&amp;utm_medium=email&amp;utm_source=RD+Station\" style=\"color:blue; text-decoration:underline\"><span style=\"font-size:14.0pt\">Inscri&ccedil;&otilde;es<\/span><\/a><span class=\"MsoHyperlink\" style=\"color:blue\"><span style=\"text-decoration:underline\"><span style=\"font-size:14.0pt\"><span style=\"text-decoration:none\"><span style=\"text-underline:none\">.<\/span><\/span><\/span><\/span><\/span><\/span><\/span><\/span><\/p>\r\n\r\n<p style=\"text-align:justify\"><span style=\"font-size:11pt\"><span style=\"line-height:normal\"><span style=\"font-family:&quot;Calibri&quot;,sans-serif\"><span class=\"MsoHyperlink\" style=\"color:blue\"><span style=\"text-decoration:underline\"><b><span style=\"font-size:14.0pt\"><span style=\"text-decoration:none\"><span style=\"text-underline:none\">Feira HospitalMed, <\/span><\/span><\/span><\/b><\/span><\/span><span class=\"MsoHyperlink\" style=\"color:blue\"><span style=\"text-decoration:underline\"><span style=\"font-size:14.0pt\"><span style=\"text-decoration:none\"><span style=\"text-underline:none\">19 a 21 de outubro, Centro de Conven&ccedil;&otilde;es de Pernambuco. <\/span><\/span><\/span><\/span><\/span><a href=\"https:\/\/hospitalmed.com.br\/feira\/\" style=\"color:blue; text-decoration:underline\"><span style=\"font-size:14.0pt\">Informa&ccedil;&otilde;es aqui.<\/span><\/a><\/span><\/span><\/span><\/p>\r\n\r\n<p class=\"MsoTitle\" style=\"text-align:justify\"><span style=\"font-size:28pt\"><span style=\"font-family:&quot;Cambria&quot;,serif\"><span style=\"letter-spacing:-0.5pt\"><b><span style=\"font-size:18.0pt\"><span style=\"font-family:&quot;Calibri&quot;,sans-serif\"><span style=\"font-variant:small-caps\">Setor<\/span><\/span><\/span><\/b><\/span><\/span><\/span><\/p>\r\n\r\n<p style=\"text-align:justify\"><span style=\"font-size:11pt\"><span style=\"line-height:normal\"><span style=\"font-family:&quot;Calibri&quot;,sans-serif\"><a href=\"https:\/\/plasticosemrevista.com.br\/resinas-nivel-alto-de-precos-internacionais-no-1o-semestre\/\" style=\"color:blue; text-decoration:underline\"><span style=\"font-size:14.0pt\">Resinas: N&iacute;vel alto de pre&ccedil;os internacionais no 1&ordm; semestre<\/span><\/a><\/span><\/span><\/span><\/p>\r\n\r\n<p style=\"text-align:justify\"><span style=\"font-size:11pt\"><span style=\"line-height:normal\"><span style=\"font-family:&quot;Calibri&quot;,sans-serif\"><a href=\"http:\/\/textileindustry.ning.com\/forum\/topics\/aumento-de-pre-os-dos-insumos-afeta-ind-stria-t-xtil-e-de-confec\" style=\"color:blue; text-decoration:underline\"><span style=\"font-size:14.0pt\">Aumento de pre&ccedil;os dos insumos afeta ind&uacute;stria t&ecirc;xtil e de confec&ccedil;&atilde;o<\/span><\/a><\/span><\/span><\/span><\/p>\r\n\r\n<p style=\"text-align:justify\"><span style=\"font-size:11pt\"><span style=\"line-height:normal\"><span style=\"font-family:&quot;Calibri&quot;,sans-serif\"><a href=\"https:\/\/globallegalchronicle.com\/fitesa-naotecidos-s-a-s-us50-million-financing-from-ifc\/\" style=\"color:blue; text-decoration:underline\"><span style=\"font-size:14.0pt\">Fitesa N&atilde;otecidos S.A.&rsquo;s US$50 Million Financing From IFC<\/span><\/a><\/span><\/span><\/span><\/p>\r\n\r\n<p style=\"text-align:justify\"><span style=\"font-size:11pt\"><span style=\"line-height:normal\"><span style=\"font-family:&quot;Calibri&quot;,sans-serif\"><a href=\"https:\/\/plasticosemrevista.com.br\/eua-inflacao-descontrolada-castiga-transformacao-de-plastico\/\" style=\"color:blue; text-decoration:underline\"><span style=\"font-size:14.0pt\">EUA: infla&ccedil;&atilde;o descontrolada castiga transforma&ccedil;&atilde;o de pl&aacute;stico<\/span><\/a><\/span><\/span><\/span><\/p>\r\n\r\n<p style=\"text-align:justify\"><span style=\"font-size:11pt\"><span style=\"line-height:normal\"><span style=\"font-family:&quot;Calibri&quot;,sans-serif\"><a href=\"https:\/\/m.br.investing.com\/news\/commodities-news\/petroleo-afunda-diante-do-temor-de-recessao-citi-ve-barril-a-us-65-1015190\" style=\"color:blue; text-decoration:underline\"><span style=\"font-size:14.0pt\">Petr&oacute;leo afunda diante do temor de recess&atilde;o; Citi v&ecirc; barril a US$ 65<\/span><\/a><\/span><\/span><\/span><\/p>\r\n\r\n<p style=\"text-align:justify\"><span style=\"font-size:11pt\"><span style=\"line-height:normal\"><span style=\"font-family:&quot;Calibri&quot;,sans-serif\"><a href=\"https:\/\/www.moveisdevalor.com.br\/portal\/abicol-fara-sondagem-para-apurar-informacoes-do-setor-colchoeiro?source=news\" style=\"color:blue; text-decoration:underline\"><span style=\"font-size:14.0pt\">Abicol far&aacute; sondagem para apurar informa&ccedil;&otilde;es do setor colchoeiro<\/span><\/a><\/span><\/span><\/span><\/p>\r\n\r\n<p style=\"text-align:justify\"><span style=\"font-size:11pt\"><span style=\"line-height:normal\"><span style=\"font-family:&quot;Calibri&quot;,sans-serif\"><a href=\"https:\/\/www.textiletechnology.net\/technology\/news\/itmf-global-textile-machinery-deliveries-higher-than-pre-pandemic-32498?utm_source=%2Fmeta%2Fnewsletter%2Fnewsletter&amp;utm_medium=newsletter&amp;utm_campaign=nl908&amp;utm_term=0801b20e08c3242125d512808cd74302\" style=\"color:blue; text-decoration:underline\"><span style=\"font-size:14.0pt\">ITMF: Global textile machinery deliveries higher than pre-pandemic<\/span><\/a><\/span><\/span><\/span><\/p>\r\n\r\n<p style=\"text-align:justify\"><span style=\"font-size:11pt\"><span style=\"line-height:normal\"><span style=\"font-family:&quot;Calibri&quot;,sans-serif\"><a href=\"https:\/\/www.technicaltextile.net\/news\/edana-elects-new-board-for-2022-23-281742.html\" style=\"color:blue; text-decoration:underline\"><span style=\"font-size:14.0pt\">EDANA elects new board for 2022-23<\/span><\/a><\/span><\/span><\/span><\/p>\r\n\r\n<p class=\"MsoTitle\" style=\"text-align:justify\"><span style=\"font-size:28pt\"><span style=\"font-family:&quot;Cambria&quot;,serif\"><span style=\"letter-spacing:-0.5pt\"><b><span style=\"font-size:18.0pt\"><span style=\"font-family:&quot;Calibri&quot;,sans-serif\"><span style=\"font-variant:small-caps\">Ind&uacute;stria<\/span><\/span><\/span><\/b><\/span><\/span><\/span><\/p>\r\n\r\n<p style=\"text-align:justify\"><span style=\"font-size:11pt\"><span style=\"line-height:normal\"><span style=\"font-family:&quot;Calibri&quot;,sans-serif\"><a href=\"https:\/\/noticias.portaldaindustria.com.br\/noticias\/economia\/79-das-grandes-industrias-fizeram-investimentos-produtivos-em-2021\/\" style=\"color:blue; text-decoration:underline\"><span style=\"font-size:14.0pt\">CNI: 79% das grandes ind&uacute;strias fizeram investimentos produtivos em 2021<\/span><\/a><\/span><\/span><\/span><\/p>\r\n\r\n<p style=\"text-align:justify\"><span style=\"font-size:11pt\"><span style=\"line-height:normal\"><span style=\"font-family:&quot;Calibri&quot;,sans-serif\"><a href=\"https:\/\/agenciabrasil.ebc.com.br\/economia\/noticia\/2022-07\/fiesp-66-das-industrias-de-sp-nao-buscaram-credito-em-2022\" style=\"color:blue; text-decoration:underline\"><span style=\"font-size:14.0pt\">Fiesp: 66% das ind&uacute;strias de SP n&atilde;o buscaram cr&eacute;dito em 2022<\/span><\/a><\/span><\/span><\/span><\/p>\r\n\r\n<p style=\"text-align:justify\"><span style=\"font-size:11pt\"><span style=\"line-height:normal\"><span style=\"font-family:&quot;Calibri&quot;,sans-serif\"><a href=\"https:\/\/g1.globo.com\/economia\/noticia\/2022\/07\/08\/producao-de-veiculos-cai-5percent-no-1o-semestre-e-vendas-recuam-145percent-diz-anfavea.ghtml\" style=\"color:blue; text-decoration:underline\"><span style=\"font-size:14.0pt\">Produ&ccedil;&atilde;o de ve&iacute;culos cai 5% no 1&ordm; semestre e vendas recuam 14,5%, diz Anfavea<\/span><\/a><\/span><\/span><\/span><\/p>\r\n\r\n<p style=\"text-align:justify\"><span style=\"font-size:11pt\"><span style=\"line-height:normal\"><span style=\"font-family:&quot;Calibri&quot;,sans-serif\"><a href=\"https:\/\/cbic.org.br\/aumento-dos-insumos-e-o-maior-problema-enfrentado-pelo-setor-diz-cbic\/\" style=\"color:blue; text-decoration:underline\"><span style=\"font-size:14.0pt\">Aumento dos insumos &eacute; o maior problema enfrentado pelo setor, diz CBIC<\/span><\/a><\/span><\/span><\/span><\/p>\r\n\r\n<p style=\"text-align:justify\"><span style=\"font-size:11pt\"><span style=\"line-height:normal\"><span style=\"font-family:&quot;Calibri&quot;,sans-serif\"><a href=\"https:\/\/grandesconstrucoes.com.br\/Noticias\/Exibir\/a-importancia-da-utilizacao-de-materiais-de-qualidade-no-mercado-de-construcao-civil?utm_source=akna&amp;utm_medium=email&amp;utm_campaign=Grandes-Construcoes-Informativo-819-07-07-2022&amp;utm_source=akna&amp;utm_medium=email&amp;utm_campaign=Grandes-Construcoes-Informativo-819-07-07-2022\" style=\"color:blue; text-decoration:underline\"><span style=\"font-size:14.0pt\">A import&acirc;ncia da utiliza&ccedil;&atilde;o de materiais de qualidade no mercado de constru&ccedil;&atilde;o civil<\/span><\/a><\/span><\/span><\/span><\/p>\r\n\r\n<p style=\"text-align:justify\"><span style=\"font-size:11pt\"><span style=\"line-height:normal\"><span style=\"font-family:&quot;Calibri&quot;,sans-serif\"><a href=\"https:\/\/www.sesisp.org.br\/para-industria\/baixar-conteudo\/14452\/Mudan%C3%A7as-na-NR-5-Comiss%C3%A3o-Interna-de-Preven%C3%A7%C3%A3o-de-Acidentes-(CIPA)\" style=\"color:blue; text-decoration:underline\"><span style=\"font-size:14.0pt\">SESI - Guia informativo: Mudan&ccedil;as na NR-5 Comiss&atilde;o Interna de Preven&ccedil;&atilde;o de Acidentes (CIPA)<\/span><\/a><\/span><\/span><\/span><\/p>\r\n\r\n<p class=\"MsoTitle\" style=\"text-align:justify\"><span style=\"font-size:28pt\"><span style=\"font-family:&quot;Cambria&quot;,serif\"><span style=\"letter-spacing:-0.5pt\"><b><span style=\"font-size:18.0pt\"><span style=\"font-family:&quot;Calibri&quot;,sans-serif\"><span style=\"font-variant:small-caps\">Sustentabilidade<\/span><\/span><\/span><\/b><\/span><\/span><\/span><\/p>\r\n\r\n<p style=\"text-align:justify\"><span style=\"font-size:11pt\"><span style=\"line-height:normal\"><span style=\"font-family:&quot;Calibri&quot;,sans-serif\"><a href=\"https:\/\/tissueonline.com.br\/daio-faz-parceria-com-a-livedo-para-reciclar-fraldas\/?utm_campaign=newsletter_08072022_novo_modelo&amp;utm_medium=email&amp;utm_source=RD+Station\" style=\"color:blue; text-decoration:underline\"><span style=\"font-size:14.0pt\">Daio faz parceria com a LiveDo para reciclar fraldas<\/span><\/a><\/span><\/span><\/span><\/p>\r\n\r\n<p style=\"text-align:justify\"><span style=\"font-size:11pt\"><span style=\"line-height:normal\"><span style=\"font-family:&quot;Calibri&quot;,sans-serif\"><a href=\"https:\/\/www.inovacaotecnologica.com.br\/noticias\/noticia.php?artigo=bioplastico-tipo-pet-feito-biomassa-vegetal&amp;id=010160220706\" style=\"color:blue; text-decoration:underline\"><span style=\"font-size:14.0pt\">Biopl&aacute;stico PET &eacute; feito diretamente de biomassa vegetal<\/span><\/a><\/span><\/span><\/span><\/p>\r\n\r\n<p style=\"text-align:justify\"><span style=\"font-size:11pt\"><span style=\"line-height:normal\"><span style=\"font-family:&quot;Calibri&quot;,sans-serif\"><a href=\"https:\/\/www12.senado.leg.br\/tv\/programas\/agenda-economica\/2022\/07\/reciclagem-de-plastico-e-a-quarta-atividade-que-mais-gera-empregos-na-industria-da-transformacao\" style=\"color:blue; text-decoration:underline\"><span style=\"font-size:14.0pt\">Reciclagem de pl&aacute;stico &eacute; a quarta atividade que mais gera empregos na ind&uacute;stria da transforma&ccedil;&atilde;o<\/span><\/a><\/span><\/span><\/span><\/p>\r\n\r\n<p style=\"text-align:justify\"><span style=\"font-size:11pt\"><span style=\"line-height:normal\"><span style=\"font-family:&quot;Calibri&quot;,sans-serif\"><a href=\"https:\/\/www.tempo.com\/noticias\/ciencia\/peixes-robotizados-podem-resolver-o-problema-dos-microplasticos-oceano.html\" style=\"color:blue; text-decoration:underline\"><span style=\"font-size:14.0pt\">Peixes robotizados podem resolver o problema dos micropl&aacute;sticos<\/span><\/a><\/span><\/span><\/span><\/p>\r\n\r\n<p style=\"text-align:justify\"><span style=\"font-size:11pt\"><span style=\"line-height:normal\"><span style=\"font-family:&quot;Calibri&quot;,sans-serif\"><a href=\"https:\/\/www.innovationintextiles.com\/fibres-yarns-fabrics\/towards-a-circular-plasticfree-and-regenerative-fabrics-future\/\" style=\"color:blue; text-decoration:underline\"><span style=\"font-size:14.0pt\">Towards a circular, plastic-free and regenerative fabrics future<\/span><\/a><\/span><\/span><\/span><\/p>\r\n\r\n<p class=\"MsoTitle\" style=\"text-align:justify\"><span style=\"font-size:28pt\"><span style=\"font-family:&quot;Cambria&quot;,serif\"><span style=\"letter-spacing:-0.5pt\"><b><span style=\"font-size:18.0pt\"><span style=\"font-family:&quot;Calibri&quot;,sans-serif\"><span style=\"font-variant:small-caps\">Inova&ccedil;&atilde;o<\/span><\/span><\/span><\/b><\/span><\/span><\/span><\/p>\r\n\r\n<p style=\"text-align:justify\"><span style=\"font-size:11pt\"><span style=\"line-height:normal\"><span style=\"font-family:&quot;Calibri&quot;,sans-serif\"><a href=\"https:\/\/www.nature.com\/articles\/d41586-022-01781-1\" style=\"color:blue; text-decoration:underline\"><span style=\"font-size:14.0pt\">&lsquo;Smart&rsquo; clothing flexes to provide relief from the heat<\/span><\/a><\/span><\/span><\/span><\/p>\r\n\r\n<p style=\"text-align:justify\"><span style=\"font-size:11pt\"><span style=\"line-height:normal\"><span style=\"font-family:&quot;Calibri&quot;,sans-serif\"><a href=\"https:\/\/www.fibre2fashion.com\/news\/textile-news\/china-to-promote-smart-manufacturing-for-textile-apparel-sectors-281733-newsdetails.htm\" style=\"color:blue; text-decoration:underline\"><span style=\"font-size:14.0pt\">China to promote smart manufacturing for textile &amp; apparel sectors<\/span><\/a><\/span><\/span><\/span><\/p>\r\n\r\n<p class=\"MsoTitle\" style=\"text-align:justify\"><span style=\"font-size:28pt\"><span style=\"font-family:&quot;Cambria&quot;,serif\"><span style=\"letter-spacing:-0.5pt\"><b><span style=\"font-size:18.0pt\"><span style=\"font-family:&quot;Calibri&quot;,sans-serif\"><span style=\"font-variant:small-caps\">Com&eacute;rcio Exterior<\/span><\/span><\/span><\/b><\/span><\/span><\/span><\/p>\r\n\r\n<p style=\"text-align:justify\"><span style=\"font-size:11pt\"><span style=\"line-height:normal\"><span style=\"font-family:&quot;Calibri&quot;,sans-serif\"><a href=\"https:\/\/www.abicalcados.com.br\/noticia\/exportacoes-de-calcados-tem-incremento-de-67-no-semestre\" style=\"color:blue; text-decoration:underline\"><span style=\"font-size:14.0pt\">Exporta&ccedil;&otilde;es de cal&ccedil;ados t&ecirc;m incremento de 67% no semestre<\/span><\/a><\/span><\/span><\/span><\/p>\r\n\r\n<p style=\"text-align:justify\"><span style=\"font-size:11pt\"><span style=\"line-height:normal\"><span style=\"font-family:&quot;Calibri&quot;,sans-serif\"><a href=\"https:\/\/tissueonline.com.br\/paises-latino-americanos-reduzem-impostos-sobre-absorventes\/?utm_campaign=newsletter_08072022_novo_modelo&amp;utm_medium=email&amp;utm_source=RD+Station\" style=\"color:blue; text-decoration:underline\"><span style=\"font-size:14.0pt\">Pa&iacute;ses latino-americanos reduzem impostos sobre absorventes<\/span><\/a><\/span><\/span><\/span><\/p>\r\n\r\n<p style=\"text-align:justify\"><span style=\"font-size:11pt\"><span style=\"line-height:normal\"><span style=\"font-family:&quot;Calibri&quot;,sans-serif\"><a href=\"https:\/\/www.abicalcados.com.br\/noticia\/caso-argentina-abicalcados-vai-a-comissao-do-mercosul\" style=\"color:blue; text-decoration:underline\"><span style=\"font-size:14.0pt\">Caso Argentina: Abical&ccedil;ados vai &agrave; Comiss&atilde;o do Mercosul<\/span><\/a><\/span><\/span><\/span><\/p>\r\n\r\n<p style=\"text-align:justify\"><span style=\"font-size:11pt\"><span style=\"line-height:normal\"><span style=\"font-family:&quot;Calibri&quot;,sans-serif\"><a href=\"https:\/\/www.fibre2fashion.com\/news\/textile-news\/egypt-brazil-to-boost-trade-in-textile-and-other-sectors-281779-newsdetails.htm\" style=\"color:blue; text-decoration:underline\"><span style=\"font-size:14.0pt\">Egypt, Brazil to boost trade in textile and other sectors<\/span><\/a><\/span><\/span><\/span><\/p>\r\n\r\n<p class=\"MsoTitle\" style=\"text-align:justify\"><span style=\"font-size:28pt\"><span style=\"font-family:&quot;Cambria&quot;,serif\"><span style=\"letter-spacing:-0.5pt\"><b><span style=\"font-size:18.0pt\"><span style=\"font-family:&quot;Calibri&quot;,sans-serif\"><span style=\"font-variant:small-caps\">Economia<\/span><\/span><\/span><\/b><\/span><\/span><\/span><\/p>\r\n\r\n<p style=\"text-align:justify\"><span style=\"font-size:11pt\"><span style=\"line-height:normal\"><span style=\"font-family:&quot;Calibri&quot;,sans-serif\"><a href=\"https:\/\/www.bcb.gov.br\/publicacoes\/focus\" style=\"color:blue; text-decoration:underline\"><span style=\"font-size:14.0pt\">Focus - Relat&oacute;rio de Mercado - 08\/07\/2022<\/span><\/a><\/span><\/span><\/span><\/p>\r\n\r\n<p style=\"text-align:justify\"><span style=\"font-size:11pt\"><span style=\"line-height:normal\"><span style=\"font-family:&quot;Calibri&quot;,sans-serif\"><a href=\"https:\/\/www.bcb.gov.br\/controleinflacao\/focusdistribuicoesfrequencia\" style=\"color:blue; text-decoration:underline\"><span style=\"font-size:14.0pt\">Focus &ndash; Distribui&ccedil;&otilde;es de Frequ&ecirc;ncia das Expectativas de Mercado para IPCA, Selic, PIB e C&acirc;mbio.<\/span><\/a><\/span><\/span><\/span><\/p>\r\n\r\n<p style=\"text-align:justify\"><span style=\"font-size:11pt\"><span style=\"line-height:normal\"><span style=\"font-family:&quot;Calibri&quot;,sans-serif\"><a href=\"https:\/\/www.thisismoney.co.uk\/money\/markets\/article-10983453\/Bank-England-paints-bleak-picture-global-economy.html\" style=\"color:blue; text-decoration:underline\"><span style=\"font-size:14.0pt\">Banco da Inglaterra pinta quadro sombrio da economia global<\/span><\/a><\/span><\/span><\/span><\/p>\r\n\r\n<p style=\"text-align:justify\"><span style=\"font-size:11pt\"><span style=\"line-height:normal\"><span style=\"font-family:&quot;Calibri&quot;,sans-serif\"><a href=\"https:\/\/portalibre.fgv.br\/noticias\/economia-mundial-em-franca-desaceleracao\" style=\"color:blue; text-decoration:underline\"><span style=\"font-size:14.0pt\">Economia Mundial em franca desacelera&ccedil;&atilde;o<\/span><\/a><\/span><\/span><\/span><\/p>\r\n\r\n<p style=\"text-align:justify\"><span style=\"font-size:11.0pt\"><span style=\"line-height:115%\"><span style=\"font-family:&quot;Calibri&quot;,sans-serif\"><a href=\"https:\/\/www.fibre2fashion.com\/industry-article\/9426\/us-economy-expected-to-slow-down-in-fy23-with-other-significant-risks\" style=\"color:blue; text-decoration:underline\"><span style=\"font-size:14.0pt\"><span style=\"line-height:115%\">US economy expected to slow down in FY23 with other significant risks<\/span><\/span><\/a><\/span><\/span><\/span><\/p>\r\n","texto_en":"","7":"","imagem":"COMP_banner-padrao-home-destaques-boletim_20220712172114bhQI6BSvD9.jpg","8":"COMP_banner-padrao-home-destaques-boletim_20220712172114bhQI6BSvD9.jpg","arquivo":"20220712-NOTICIAS-SEMANAIS.PDF","9":"20220712-NOTICIAS-SEMANAIS.PDF","titulo_arquivo":"","10":"","titulo_arquivo_en":"","11":"","created_at":"2022-07-12 17:21:23","12":"2022-07-12 17:21:23","updated_at":"2022-07-12 17:21:23","13":"2022-07-12 17:21:23"},{"id":24,"0":24,"ordem":199,"1":199,"data":"2022-07-05","2":"2022-07-05","slug":"boletim-de-noticias-semanais-21","3":"boletim-de-noticias-semanais-21","titulo":"Boletim de Not\u00edcias Semanais","4":"Boletim de Not\u00edcias Semanais","titulo_en":"","5":"","texto":"<p style=\"text-align:justify\"><span style=\"font-size:11pt\"><span style=\"line-height:normal\"><span calibri=\"\" style=\"font-family:\"><span style=\"font-size:14.0pt\">Esta &eacute; uma compila&ccedil;&atilde;o das not&iacute;cias mais relevantes para o setor, incluindo informa&ccedil;&otilde;es sobre acordos internacionais, economia brasileira, sustentabilidade e mat&eacute;rias primas, al&eacute;m de novidades do setor de N&atilde;otecidos e Tecidos T&eacute;cnicos.<\/span><\/span><\/span><\/span><\/p>\r\n\r\n<p class=\"MsoTitle\" style=\"text-align:justify\"><span style=\"font-size:28pt\"><span cambria=\"\" style=\"font-family:\"><span style=\"letter-spacing:-0.5pt\"><b><span style=\"font-size:18.0pt\"><span calibri=\"\" style=\"font-family:\"><span style=\"font-variant:small-caps\">A&ccedil;&otilde;es da ABINT<\/span><\/span><\/span><\/b><\/span><\/span><\/span><\/p>\r\n\r\n<p class=\"MsoTitle\" style=\"text-align:justify\"><span style=\"font-size:28pt\"><span cambria=\"\" style=\"font-family:\"><span style=\"letter-spacing:-0.5pt\"><b><span style=\"font-size:18.0pt\"><span calibri=\"\" style=\"font-family:\"><span style=\"font-variant:small-caps\"><img height=\"337\" src=\"https:\/\/www.abint.org.br\/assets\/img\/editor\/logo-feiplar-2_20220705134436nerpmzGbRd.jpg\" width=\"582\" \/><\/span><\/span><\/span><\/b><\/span><\/span><\/span><\/p>\r\n\r\n<p><strong>A ABINT apoia a FEIPLAR COMPOSITES &amp; FEIPUR<\/strong>, feira que visa auxiliar o crescimento e desenvolvimento dos mercados de composites, poliuretano e pl&aacute;sticos de engenharia\/ compostos termopl&aacute;sticos em toda a Am&eacute;rica do Sul. Estes mercados t&ecirc;m registrado importante crescimento nos &uacute;ltimos anos e apontam interessantes perspectivas para os pr&oacute;ximos anos tamb&eacute;m.<span class=\"MsoHyperlink\" style=\"color:blue\"><span style=\"text-decoration:underline\"><span style=\"font-size:14.0pt\"><span style=\"line-height:115%\"><span calibri=\"\" style=\"font-family:\"><span style=\"text-decoration:none\"><span style=\"text-underline:none\"><a href=\"https:\/\/feiplar.com\/\" style=\"color:blue; text-decoration:underline\">Informa&ccedil;&otilde;es aqui<\/a>.<\/span><\/span><\/span><\/span><\/span><\/span><\/span><\/p>\r\n\r\n<p><img src=\"https:\/\/www.abint.org.br\/assets\/img\/editor\/logo-final-nonwonvens-day-39ae8e-24-03_20220705135025mDFpy4MGKI.png\" \/><\/p>\r\n\r\n<p style=\"text-align:justify\">&nbsp;<\/p>\r\n\r\n<p style=\"text-align:justify\"><span style=\"font-size:11pt\"><span style=\"line-height:normal\"><span calibri=\"\" style=\"font-family:\"><b><span style=\"font-size:14.0pt\">Confira as palestras do Nonwovens Day 2022!<\/span><\/b><\/span><\/span><\/span><\/p>\r\n\r\n<p style=\"text-align:justify\"><span style=\"font-size:11pt\"><span style=\"line-height:normal\"><span calibri=\"\" style=\"font-family:\"><b><span style=\"font-size:14.0pt\"><span style=\"background:white\"><span style=\"color:#444444\">As palestras<\/span><\/span><\/span><\/b><span style=\"font-size:14.0pt\"><span style=\"background:white\"><span style=\"color:#444444\"> do evento, que aconteceu dias 08 e 09 de junho de 2022,<b> ficar&atilde;o dispon&iacute;veis at&eacute; 08\/07\/2022<\/b>. <\/span><\/span><\/span><a href=\"https:\/\/hall.inteegra.com.br\/83736\/\" style=\"color:blue; text-decoration:underline\"><b><span style=\"font-size:14.0pt\">ASSISTA AQUI<\/span><\/b><\/a><span style=\"font-size:14.0pt\">! Se voc&ecirc; n&atilde;o teve oportunidade de se inscrever e quer assistir as palestras, basta preencher o cadastro.<\/span><\/span><\/span><\/span><\/p>\r\n\r\n<p style=\"text-align:justify\">&nbsp;<\/p>\r\n\r\n<p style=\"text-align:justify\"><span style=\"font-size:11pt\"><span style=\"line-height:normal\"><span calibri=\"\" style=\"font-family:\"><b><span style=\"font-size:18.0pt\"><span style=\"font-variant:small-caps\">Eventos<\/span><\/span><\/b><\/span><\/span><\/span><\/p>\r\n\r\n<p style=\"text-align:justify\"><span style=\"font-size:11pt\"><span style=\"line-height:normal\"><span calibri=\"\" style=\"font-family:\"><span class=\"MsoHyperlink\" style=\"color:blue\"><span style=\"text-decoration:underline\"><b><span style=\"font-size:14.0pt\"><span style=\"text-decoration:none\"><span style=\"text-underline:none\">Form&oacute;bile 2022, Feira Internacional da Ind&uacute;stria de M&oacute;veis e Madeira, <\/span><\/span><\/span><\/b><\/span><\/span><span class=\"MsoHyperlink\" style=\"color:blue\"><span style=\"text-decoration:underline\"><span style=\"font-size:14.0pt\"><span style=\"text-decoration:none\"><span style=\"text-underline:none\">&eacute; realizada de 5 a 8 de julho, das 10h &agrave;s 22h, no S&atilde;o Paulo Expo (Rod. dos Imigrantes - KM 1,5). Para informa&ccedil;&otilde;es, <\/span><\/span><\/span><\/span><\/span><a href=\"https:\/\/www.formobile.com.br\/pt\/a-feira.html\" style=\"color:blue; text-decoration:underline\"><span style=\"font-size:14.0pt\">clique aqui<\/span><\/a><span class=\"MsoHyperlink\" style=\"color:blue\"><span style=\"text-decoration:underline\"><span style=\"font-size:14.0pt\"><span style=\"text-decoration:none\"><span style=\"text-underline:none\">.<\/span><\/span><\/span><\/span><\/span><\/span><\/span><\/span><\/p>\r\n\r\n<p style=\"text-align:justify\"><span style=\"font-size:11pt\"><span style=\"line-height:normal\"><span calibri=\"\" style=\"font-family:\"><span class=\"MsoHyperlink\" style=\"color:blue\"><span style=\"text-decoration:underline\"><b><span style=\"font-size:14.0pt\"><span style=\"text-decoration:none\"><span style=\"text-underline:none\">BID Webinar &ndash; Lanzamiento: Gu&iacute;a para dise&ntilde;ar estrategias de bioeconomia<\/span><\/span><\/span><\/b><\/span><\/span><span class=\"MsoHyperlink\" style=\"color:blue\"><span style=\"text-decoration:underline\"><span style=\"font-size:14.0pt\"><span style=\"text-decoration:none\"><span style=\"text-underline:none\">, 12 de julho. <\/span><\/span><\/span><\/span><\/span><a href=\"https:\/\/events.iadb.org\/calendar\/event\/25545?lang=en\" style=\"color:blue; text-decoration:underline\"><span style=\"font-size:14.0pt\">Informa&ccedil;&otilde;es aqui<\/span><\/a><span class=\"MsoHyperlink\" style=\"color:blue\"><span style=\"text-decoration:underline\"><span style=\"font-size:14.0pt\"><span style=\"text-decoration:none\"><span style=\"text-underline:none\">.<\/span><\/span><\/span><\/span><\/span><\/span><\/span><\/span><\/p>\r\n\r\n<p style=\"text-align:justify\"><span style=\"font-size:11pt\"><span style=\"line-height:normal\"><span calibri=\"\" style=\"font-family:\"><span class=\"MsoHyperlink\" style=\"color:blue\"><span style=\"text-decoration:underline\"><b><span style=\"font-size:14.0pt\"><span style=\"text-decoration:none\"><span style=\"text-underline:none\">Instituto Avan&ccedil;ado do Pl&aacute;stico: Curso Reciclagem de Pl&aacute;sticos<\/span><\/span><\/span><\/b><\/span><\/span><span class=\"MsoHyperlink\" style=\"color:blue\"><span style=\"text-decoration:underline\"><span style=\"font-size:14.0pt\"><span style=\"text-decoration:none\"><span style=\"text-underline:none\">, 05 e 06 de agosto. <\/span><\/span><\/span><\/span><\/span><a href=\"https:\/\/www.planetaplastico.com.br\/curso-reciclagem-de-plasticos\" style=\"color:blue; text-decoration:underline\"><span style=\"font-size:14.0pt\">Informa&ccedil;&otilde;es aqui<\/span><\/a><span class=\"MsoHyperlink\" style=\"color:blue\"><span style=\"text-decoration:underline\"><span style=\"font-size:14.0pt\"><span style=\"text-decoration:none\"><span style=\"text-underline:none\">.<\/span><\/span><\/span><\/span><\/span><\/span><\/span><\/span><\/p>\r\n\r\n<p style=\"text-align:justify\"><span style=\"font-size:11pt\"><span style=\"line-height:normal\"><span calibri=\"\" style=\"font-family:\"><span class=\"MsoHyperlink\" style=\"color:blue\"><span style=\"text-decoration:underline\"><b><span style=\"font-size:14.0pt\"><span style=\"text-decoration:none\"><span style=\"text-underline:none\">Feiplar Composites &amp; Feipur<\/span><\/span><\/span><\/b><\/span><\/span><span class=\"MsoHyperlink\" style=\"color:blue\"><span style=\"text-decoration:underline\"><span style=\"font-size:14.0pt\"><span style=\"text-decoration:none\"><span style=\"text-underline:none\">, 16 a 18 de agosto 2022, S&atilde;o Paulo Expo (Pavilh&atilde;o 5). <\/span><\/span><\/span><\/span><\/span><a href=\"http:\/\/www.feiplar.com.br\/O-Evento\/Apresentacao.php\" style=\"color:blue; text-decoration:underline\"><span style=\"font-size:14.0pt\">Informa&ccedil;&otilde;es aqui<\/span><\/a><span class=\"MsoHyperlink\" style=\"color:blue\"><span style=\"text-decoration:underline\"><span style=\"font-size:14.0pt\"><span style=\"text-decoration:none\"><span style=\"text-underline:none\">.<\/span><\/span><\/span><\/span><\/span><\/span><\/span><\/span><\/p>\r\n\r\n<p style=\"text-align:justify\"><span style=\"font-size:11pt\"><span style=\"line-height:normal\"><span calibri=\"\" style=\"font-family:\"><span class=\"MsoHyperlink\" style=\"color:blue\"><span style=\"text-decoration:underline\"><b><span style=\"font-size:14.0pt\"><span style=\"text-decoration:none\"><span style=\"text-underline:none\">Feira HospitalMed, <\/span><\/span><\/span><\/b><\/span><\/span><span class=\"MsoHyperlink\" style=\"color:blue\"><span style=\"text-decoration:underline\"><span style=\"font-size:14.0pt\"><span style=\"text-decoration:none\"><span style=\"text-underline:none\">19 a 21 de outubro de 2022, Centro de Conven&ccedil;&otilde;es de Pernambuco. <\/span><\/span><\/span><\/span><\/span><a href=\"https:\/\/hospitalmed.com.br\/feira\/\" style=\"color:blue; text-decoration:underline\"><span style=\"font-size:14.0pt\">Informa&ccedil;&otilde;es aqui.<\/span><\/a><\/span><\/span><\/span><\/p>\r\n\r\n<p style=\"text-align:justify\"><span style=\"font-size:11pt\"><span style=\"line-height:normal\"><span calibri=\"\" style=\"font-family:\"><span class=\"MsoHyperlink\" style=\"color:blue\"><span style=\"text-decoration:underline\"><b><span style=\"font-size:14.0pt\"><span style=\"text-decoration:none\"><span style=\"text-underline:none\">CONAHP 2022 - Congresso Nacional de Hospitais Privados<\/span><\/span><\/span><\/b><\/span><\/span><span class=\"MsoHyperlink\" style=\"color:blue\"><span style=\"text-decoration:underline\"><span style=\"font-size:14.0pt\"><span style=\"text-decoration:none\"><span style=\"text-underline:none\">, 07 a 09 de novembro online, 10 e 11 de novembro no Transam&eacute;rica Expo Center. <\/span><\/span><\/span><\/span><\/span><a href=\"https:\/\/conahp.org.br\/2022\/\" style=\"color:blue; text-decoration:underline\"><span style=\"font-size:14.0pt\">Informa&ccedil;&otilde;es aqui<\/span><\/a><span class=\"MsoHyperlink\" style=\"color:blue\"><span style=\"text-decoration:underline\"><span style=\"font-size:14.0pt\"><span style=\"text-decoration:none\"><span style=\"text-underline:none\">.<\/span><\/span><\/span><\/span><\/span><\/span><\/span><\/span><\/p>\r\n\r\n<p class=\"MsoTitle\" style=\"text-align:justify\"><span style=\"font-size:28pt\"><span cambria=\"\" style=\"font-family:\"><span style=\"letter-spacing:-0.5pt\"><b><span style=\"font-size:18.0pt\"><span calibri=\"\" style=\"font-family:\"><span style=\"font-variant:small-caps\">Setor<\/span><\/span><\/span><\/b><\/span><\/span><\/span><\/p>\r\n\r\n<p style=\"text-align:justify\"><span style=\"font-size:11pt\"><span style=\"line-height:normal\"><span calibri=\"\" style=\"font-family:\"><a href=\"https:\/\/www.nonwovens-industry.com\/live-from-shows\/world-of-wipes\/2022-06-27\/australia-releases-national-flushability-standards?utm_campaign=NON+Live+From+Show&amp;utm_medium=email&amp;_hsmi=217825124&amp;_hsenc=p2ANqtz-9ILrM48AFlbmfMkuXhYgsyPETGN5p6W2YcLZBywTlE6YcrXF2fGlB5w4oLb5rJdecaCekVjVaRsPh6RRg4wBmUN1a0iA&amp;utm_content=217825124&amp;utm_source=hs_email\" style=\"color:blue; text-decoration:underline\"><span style=\"font-size:14.0pt\">Australia Releases National Flushability Standards<\/span><\/a><\/span><\/span><\/span><\/p>\r\n\r\n<p style=\"text-align:justify\"><span style=\"font-size:11pt\"><span style=\"line-height:normal\"><span calibri=\"\" style=\"font-family:\"><a href=\"https:\/\/www.moveisdevalor.com.br\/portal\/encontro-da-abicol-estimula-evolucao-do-setor-colchoeiro?source=news\" style=\"color:blue; text-decoration:underline\"><span style=\"font-size:14.0pt\">Encontro da Abicol estimula evolu&ccedil;&atilde;o do setor colchoeiro<\/span><\/a><\/span><\/span><\/span><\/p>\r\n\r\n<p style=\"text-align:justify\"><span style=\"font-size:11pt\"><span style=\"line-height:normal\"><span calibri=\"\" style=\"font-family:\"><a href=\"https:\/\/segurancadopaciente.com.br\/qualidade-assist\/com-implementacao-de-protocolos-nsp-contribui-com-a-reducao-das-infeccoes-relacionadas-a-assistencia-a-saude\/?utm_campaign=newsletter_semanal_-_28062022&amp;utm_medium=email&amp;utm_source=RD+Station\" style=\"color:blue; text-decoration:underline\"><span style=\"font-size:14.0pt\">Com implementa&ccedil;&atilde;o de protocolos, NSP contribui com a redu&ccedil;&atilde;o das infec&ccedil;&otilde;es relacionadas &agrave; assist&ecirc;ncia &agrave; sa&uacute;de<\/span><\/a><\/span><\/span><\/span><\/p>\r\n\r\n<p style=\"text-align:justify\"><span style=\"font-size:11pt\"><span style=\"line-height:normal\"><span calibri=\"\" style=\"font-family:\"><a href=\"https:\/\/www.anahp.com.br\/pdf\/manual-desafios-qualidade-em-saude-no-brasil.pdf\" style=\"color:blue; text-decoration:underline\"><span style=\"font-size:14.0pt\">ANAHP: Desafios de Qualidade em Sa&uacute;de no Brasil 2022 - Os elementos fundamentais para medir a qualidade das institui&ccedil;&otilde;es hospitalares<\/span><\/a><\/span><\/span><\/span><\/p>\r\n\r\n<p style=\"text-align:justify\"><span style=\"font-size:11pt\"><span style=\"line-height:normal\"><span calibri=\"\" style=\"font-family:\"><a href=\"https:\/\/www.nonwovens-industry.com\/contents\/view_breaking-news\/2022-06-28\/andritz-sets-up-wetlace-cp-pilot-line-in-montbonnot?utm_campaign=NON+eNewsletter&amp;utm_medium=email&amp;_hsmi=218231850&amp;_hsenc=p2ANqtz-_ofyC8X4P4IFIIqy7WcQNUj60p4t5FA0j9apxvO8mm3OJhmcqw1N6MQYtLgA8hhSLKzqzxDieZJ8zczUO77QYxQYMSvQ&amp;utm_content=218231850&amp;utm_source=hs_email\" style=\"color:blue; text-decoration:underline\"><span style=\"font-size:14.0pt\">Andritz Sets Up Wetlace CP Pilot Line in Montbonnot<\/span><\/a><\/span><\/span><\/span><\/p>\r\n\r\n<p style=\"text-align:justify\"><span style=\"font-size:11pt\"><span style=\"line-height:normal\"><span calibri=\"\" style=\"font-family:\"><a href=\"https:\/\/www.nonwovens-industry.com\/issues\/temp2022\/view_breaking-news\/suominen-launches-hydraspun-reserve?utm_campaign=NON+eNewsletter&amp;utm_medium=email&amp;_hsmi=218231850&amp;_hsenc=p2ANqtz-8pWRADp-mdI8PawSmXq6cZdGUoExju9kdi34LiPq4xOZQC6c6VTZB3cW1vFMDZijkOV1Ag5243Vc5C4pOHS7zvT1NKbQ&amp;utm_content=218231850&amp;utm_source=hs_email\" style=\"color:blue; text-decoration:underline\"><span style=\"font-size:14.0pt\">Suominen Launches Hydraspun Reserve<\/span><\/a><\/span><\/span><\/span><\/p>\r\n\r\n<p class=\"MsoTitle\" style=\"text-align:justify\"><span style=\"font-size:28pt\"><span cambria=\"\" style=\"font-family:\"><span style=\"letter-spacing:-0.5pt\"><b><span style=\"font-size:18.0pt\"><span calibri=\"\" style=\"font-family:\"><span style=\"font-variant:small-caps\">Ind&uacute;stria<\/span><\/span><\/span><\/b><\/span><\/span><\/span><\/p>\r\n\r\n<p style=\"text-align:justify\"><span style=\"font-size:11pt\"><span style=\"line-height:normal\"><span calibri=\"\" style=\"font-family:\"><a href=\"https:\/\/plasticosemrevista.com.br\/crise-mundial-de-alimentos-piora-em-2023-e-golpeia-pead\/\" style=\"color:blue; text-decoration:underline\"><span style=\"font-size:14.0pt\">Crise mundial de alimentos piora em 2023 e golpeia PEAD<\/span><\/a><\/span><\/span><\/span><\/p>\r\n\r\n<p style=\"text-align:justify\"><span style=\"font-size:11pt\"><span style=\"line-height:normal\"><span calibri=\"\" style=\"font-family:\"><a href=\"http:\/\/emkt.fiesp.ind.br\/emkt\/tracer\/?1,7225845,460d08b8,229c\" style=\"color:blue; text-decoration:underline\"><span style=\"font-size:14.0pt\">FIESP - Central de Credito: Guia de Financiamento para Inova&ccedil;&atilde;o<\/span><\/a><\/span><\/span><\/span><\/p>\r\n\r\n<p class=\"MsoTitle\" style=\"text-align:justify\"><span style=\"font-size:28pt\"><span cambria=\"\" style=\"font-family:\"><span style=\"letter-spacing:-0.5pt\"><b><span style=\"font-size:18.0pt\"><span calibri=\"\" style=\"font-family:\"><span style=\"font-variant:small-caps\">Sustentabilidade<\/span><\/span><\/span><\/b><\/span><\/span><\/span><\/p>\r\n\r\n<p style=\"text-align:justify\"><span style=\"font-size:11pt\"><span style=\"line-height:normal\"><span calibri=\"\" style=\"font-family:\"><a href=\"https:\/\/www.plastico.com.br\/medidas-de-eficiencia-energetica-promovem-economia-de-ate-31-do-consumo-de-energia-de-industrias-de-plastico-e-borracha\/?utm_campaign=newsletter_plastico_-_junho_2022&amp;utm_medium=email&amp;utm_source=RD+Station\" style=\"color:blue; text-decoration:underline\"><span style=\"font-size:14.0pt\">Medidas de efici&ecirc;ncia energ&eacute;tica promovem economia de at&eacute; 31% do consumo de energia de ind&uacute;strias de pl&aacute;stico e borracha<\/span><\/a><\/span><\/span><\/span><\/p>\r\n\r\n<p style=\"text-align:justify\"><span style=\"font-size:11pt\"><span style=\"line-height:normal\"><span calibri=\"\" style=\"font-family:\"><a href=\"https:\/\/ciclovivo.com.br\/planeta\/meio-ambiente\/brasileiro-responsavel-16kg-de-plastico-no-mar-por-ano\/\" style=\"color:blue; text-decoration:underline\"><span style=\"font-size:14.0pt\">Cada brasileiro pode ser respons&aacute;vel por 16kg de pl&aacute;stico no mar por ano<\/span><\/a><\/span><\/span><\/span><\/p>\r\n\r\n<p style=\"text-align:justify\"><span style=\"font-size:11pt\"><span style=\"line-height:normal\"><span calibri=\"\" style=\"font-family:\"><a href=\"https:\/\/ciclovivo.com.br\/planeta\/crise-climatica\/dinamarca-faz-acordo-historico-para-taxar-carbono-das-empresas\/\" style=\"color:blue; text-decoration:underline\"><span style=\"font-size:14.0pt\">Dinamarca faz acordo hist&oacute;rico para taxar carbono das empresas<\/span><\/a><\/span><\/span><\/span><\/p>\r\n\r\n<p style=\"text-align:justify\"><span style=\"font-size:11pt\"><span style=\"line-height:normal\"><span calibri=\"\" style=\"font-family:\"><a href=\"https:\/\/www.anahp.com.br\/podcast\/jornada-esg-um-olhar-amplo-e-coletivo-especial-danone\/?utm_campaign=pds_-_danone&amp;utm_medium=email&amp;utm_source=RD+Station\" style=\"color:blue; text-decoration:underline\"><span style=\"font-size:14.0pt\">ANAHP: Jornada ESG: um olhar amplo e coletivo<\/span><\/a><\/span><\/span><\/span><\/p>\r\n\r\n<p style=\"text-align:justify\"><span style=\"font-size:11pt\"><span style=\"line-height:normal\"><span calibri=\"\" style=\"font-family:\"><a href=\"https:\/\/www.nonwovens-industry.com\/contents\/view_breaking-news\/2022-06-27\/fibertex-personal-care-awarded-ecovadis-awards-for-sustainability?utm_campaign=NON+eNewsletter&amp;utm_medium=email&amp;_hsmi=218231850&amp;_hsenc=p2ANqtz-_HuhhKRmeMlkqZgjJMEgLoMvKFTc5lXiRoo3An6xfFfJ9PLBl2efLk9i8ZuF1U2SdlQEfmPqjn2UhRayqrmOgHIYmJ2A&amp;utm_content=218231850&amp;utm_source=hs_email\" style=\"color:blue; text-decoration:underline\"><span style=\"font-size:14.0pt\">Fibertex Personal Care Awarded EcoVadis Awards for Sustainability<\/span><\/a><\/span><\/span><\/span><\/p>\r\n\r\n<p style=\"text-align:justify\"><span style=\"font-size:11pt\"><span style=\"line-height:normal\"><span calibri=\"\" style=\"font-family:\"><a href=\"https:\/\/www.textiletechnology.net\/nonwovens\/news\/suominen-test-of-biodegradability-of-nonwovens-32454?utm_source=%2Fmeta%2Fnewsletter%2Fnewsletter&amp;utm_medium=newsletter&amp;utm_campaign=nl903&amp;utm_term=0801b20e08c3242125d512808cd74302\" style=\"color:blue; text-decoration:underline\"><span style=\"font-size:14.0pt\">Suominen: Test of biodegradability of nonwovens<\/span><\/a><\/span><\/span><\/span><\/p>\r\n\r\n<p style=\"text-align:justify\"><span style=\"font-size:11pt\"><span style=\"line-height:normal\"><span calibri=\"\" style=\"font-family:\"><a href=\"https:\/\/mercadoeconsumo.com.br\/2022\/07\/04\/braskem-cria-centro-de-desenvolvimento-focado-em-economia-circular\/?utm_campaign=news_04-07_geral&amp;utm_medium=email&amp;utm_source=RD+Station\" style=\"color:blue; text-decoration:underline\"><span style=\"font-size:14.0pt\">Braskem cria centro de desenvolvimento focado em economia circular<\/span><\/a><\/span><\/span><\/span><\/p>\r\n\r\n<p style=\"text-align:justify\"><span style=\"font-size:11pt\"><span style=\"line-height:normal\"><span calibri=\"\" style=\"font-family:\"><a href=\"https:\/\/www.nonwovens-industry.com\/contents\/view_breaking-news\/2022-06-30\/daio-livedo-partner-to-recycle-diapers?utm_campaign=NON+eNewsletter&amp;utm_medium=email&amp;_hsmi=218231850&amp;_hsenc=p2ANqtz-85onHObaM5D-mqm_9rlKbMzd17P0K32FIrr55quvWxn2li9QsXYJn52CjYXLxAiC-7mAgz3I6gYvSoANiFrch3x3V59Q&amp;utm_content=218231850&amp;utm_source=hs_email\" style=\"color:blue; text-decoration:underline\"><span style=\"font-size:14.0pt\">Daio, Livedo Partner to Recycle Diapers<\/span><\/a><\/span><\/span><\/span><\/p>\r\n\r\n<p class=\"MsoTitle\" style=\"text-align:justify\"><span style=\"font-size:28pt\"><span cambria=\"\" style=\"font-family:\"><span style=\"letter-spacing:-0.5pt\"><b><span style=\"font-size:18.0pt\"><span calibri=\"\" style=\"font-family:\"><span style=\"font-variant:small-caps\">Inova&ccedil;&atilde;o<\/span><\/span><\/span><\/b><\/span><\/span><\/span><\/p>\r\n\r\n<p style=\"text-align:justify\"><span style=\"font-size:11pt\"><span style=\"line-height:normal\"><span calibri=\"\" style=\"font-family:\"><a href=\"https:\/\/www.inovacaotecnologica.com.br\/noticias\/noticia.php?artigo=polimero-absorvente-extrai-agua-purifica-diesel-biodiesel&amp;id=010170220627&amp;ebol=sim#.Yr3SnYTMKUk\" style=\"color:blue; text-decoration:underline\"><span style=\"font-size:14.0pt\">Pol&iacute;mero absorvente extrai &aacute;gua e purifica diesel e biodiesel<\/span><\/a><\/span><\/span><\/span><\/p>\r\n\r\n<p style=\"text-align:justify\"><span style=\"font-size:11pt\"><span style=\"line-height:normal\"><span calibri=\"\" style=\"font-family:\"><a href=\"https:\/\/www.nonwovens-industry.com\/issues\/temp2022\/view_online-exclusives\/hygiene-product-startups-gain-investors?utm_campaign=NON+eNewsletter&amp;utm_medium=email&amp;_hsmi=218231850&amp;_hsenc=p2ANqtz-97Y3sQrsv32-GcFQ5oAGrACK17ipMyXrlPGqcKbuLv8HjT-bdsRCseKVXjwjMG7VcZKVi87HX7mE5hsJV5kEFDoCddWA&amp;utm_content=218231850&amp;utm_source=hs_email\" style=\"color:blue; text-decoration:underline\"><span style=\"font-size:14.0pt\">Hygiene Product Startups Gain Investors<\/span><\/a><\/span><\/span><\/span><\/p>\r\n\r\n<p style=\"text-align:justify\"><span style=\"font-size:11pt\"><span style=\"line-height:normal\"><span calibri=\"\" style=\"font-family:\"><a href=\"https:\/\/www.technicaltextile.net\/news\/swiss-researchers-develop-wearable-textile-exomuscle-281604.html\" style=\"color:blue; text-decoration:underline\"><span style=\"font-size:14.0pt\">Swiss researchers develop wearable textile exomuscle<\/span><\/a><\/span><\/span><\/span><\/p>\r\n\r\n<p class=\"MsoTitle\" style=\"text-align:justify\"><span style=\"font-size:28pt\"><span cambria=\"\" style=\"font-family:\"><span style=\"letter-spacing:-0.5pt\"><b><span style=\"font-size:18.0pt\"><span calibri=\"\" style=\"font-family:\"><span style=\"font-variant:small-caps\">Com&eacute;rcio Exterior<\/span><\/span><\/span><\/b><\/span><\/span><\/span><\/p>\r\n\r\n<p style=\"text-align:justify\"><span style=\"font-size:11pt\"><span style=\"line-height:normal\"><span calibri=\"\" style=\"font-family:\"><a href=\"https:\/\/agenciabrasil.ebc.com.br\/economia\/noticia\/2022-06\/brasil-e-argentina-concluem-acordo-de-homologacao-de-veiculos\" style=\"color:blue; text-decoration:underline\"><span style=\"font-size:14.0pt\">Brasil e Argentina concluem acordo de homologa&ccedil;&atilde;o de ve&iacute;culos<\/span><\/a><\/span><\/span><\/span><\/p>\r\n\r\n<p style=\"text-align:justify\"><span style=\"font-size:11pt\"><span style=\"line-height:normal\"><span calibri=\"\" style=\"font-family:\"><a href=\"https:\/\/indiantextilejournal.com\/can-chinas-loss-be-indias-gain\/\" style=\"color:blue; text-decoration:underline\"><span style=\"font-size:14.0pt\">Can China&rsquo;s loss be India&rsquo;s gain?<\/span><\/a><\/span><\/span><\/span><\/p>\r\n\r\n<p class=\"MsoTitle\" style=\"text-align:justify\"><span style=\"font-size:28pt\"><span cambria=\"\" style=\"font-family:\"><span style=\"letter-spacing:-0.5pt\"><b><span style=\"font-size:18.0pt\"><span calibri=\"\" style=\"font-family:\"><span style=\"font-variant:small-caps\">Economia<\/span><\/span><\/span><\/b><\/span><\/span><\/span><\/p>\r\n\r\n<p style=\"text-align:justify\"><span style=\"font-size:11pt\"><span style=\"line-height:normal\"><span calibri=\"\" style=\"font-family:\"><a href=\"https:\/\/www.ipea.gov.br\/portal\/index.php?option=com_content&amp;view=article&amp;id=39398&amp;catid=3&amp;Itemid=3\" style=\"color:blue; text-decoration:underline\"><span style=\"font-size:14.0pt\">Ipea prev&ecirc; crescimento de 1,8% para o PIB em 2022<\/span><\/a><\/span><\/span><\/span><\/p>\r\n\r\n<p style=\"text-align:justify\"><span style=\"font-size:11pt\"><span style=\"line-height:normal\"><span calibri=\"\" style=\"font-family:\"><a href=\"https:\/\/agenciabrasil.ebc.com.br\/economia\/noticia\/2022-06\/ibge-desemprego-cai-para-98-rendimento-fica-estavel\" style=\"color:blue; text-decoration:underline\"><span style=\"font-size:14.0pt\">IBGE: desemprego cai para 9,8%; rendimento fica est&aacute;vel<\/span><\/a><\/span><\/span><\/span><\/p>\r\n\r\n<p style=\"text-align:justify\"><span style=\"font-size:11pt\"><span style=\"line-height:normal\"><span calibri=\"\" style=\"font-family:\"><a href=\"https:\/\/www.infomoney.com.br\/mercados\/petroleo-pode-chegar-a-us-380-o-barril-em-cenario-extremo-se-russia-cortar-producao-diz-jpmorgan\/\" style=\"color:blue; text-decoration:underline\"><span style=\"font-size:14.0pt\">Petr&oacute;leo pode chegar a US$ 380 o barril em cen&aacute;rio extremo se R&uacute;ssia cortar produ&ccedil;&atilde;o, diz JPMorgan<\/span><\/a><\/span><\/span><\/span><\/p>\r\n\r\n<p style=\"text-align:justify\"><span style=\"font-size:11pt\"><span style=\"line-height:normal\"><span calibri=\"\" style=\"font-family:\"><a href=\"https:\/\/m.economictimes.com\/small-biz\/trade\/exports\/insights\/charting-the-global-economy-factories-slow-down-from-us-to-asia\/articleshow\/92628820.cms\" style=\"color:blue; text-decoration:underline\"><span style=\"font-size:14.0pt\">Economia global: tra&ccedil;ando a economia global: f&aacute;bricas desaceleram dos EUA &agrave; &Aacute;sia - The Economic Times<\/span><\/a><\/span><\/span><\/span><\/p>\r\n\r\n<p style=\"text-align:justify\"><span style=\"font-size:11pt\"><span style=\"line-height:normal\"><span calibri=\"\" style=\"font-family:\"><a href=\"https:\/\/portalibre.fgv.br\/noticias\/indicador-de-incerteza-da-economia-sobe-05-ponto-em-junho\" style=\"color:blue; text-decoration:underline\"><span style=\"font-size:14.0pt\">Indicador de Incerteza da Economia sobe 0,5 ponto em junho <\/span><\/a><\/span><\/span><\/span><\/p>\r\n\r\n<p style=\"text-align:justify\"><span style=\"font-size:11pt\"><span style=\"line-height:normal\"><span calibri=\"\" style=\"font-family:\"><a href=\"https:\/\/portalibre.fgv.br\/noticias\/confianca-empresarial-sobe-14-ponto-em-junho-e-registra-sua-quarta-alta-consecutiva\" style=\"color:blue; text-decoration:underline\"><span style=\"font-size:14.0pt\">Confian&ccedil;a Empresarial sobe 1,4 ponto em junho e registra sua quarta alta consecutiva<\/span><\/a><\/span><\/span><\/span><\/p>\r\n\r\n<p style=\"text-align:justify\"><span style=\"font-size:11pt\"><span style=\"line-height:normal\"><span calibri=\"\" style=\"font-family:\"><a href=\"https:\/\/portalibre.fgv.br\/noticias\/sintese-das-sondagens-de-junho-de-2022\" style=\"color:blue; text-decoration:underline\"><span style=\"font-size:14.0pt\">S&iacute;ntese das Sondagens de junho de 2022<\/span><\/a><\/span><\/span><\/span><\/p>\r\n","6":"<p style=\"text-align:justify\"><span style=\"font-size:11pt\"><span style=\"line-height:normal\"><span calibri=\"\" style=\"font-family:\"><span style=\"font-size:14.0pt\">Esta &eacute; uma compila&ccedil;&atilde;o das not&iacute;cias mais relevantes para o setor, incluindo informa&ccedil;&otilde;es sobre acordos internacionais, economia brasileira, sustentabilidade e mat&eacute;rias primas, al&eacute;m de novidades do setor de N&atilde;otecidos e Tecidos T&eacute;cnicos.<\/span><\/span><\/span><\/span><\/p>\r\n\r\n<p class=\"MsoTitle\" style=\"text-align:justify\"><span style=\"font-size:28pt\"><span cambria=\"\" style=\"font-family:\"><span style=\"letter-spacing:-0.5pt\"><b><span style=\"font-size:18.0pt\"><span calibri=\"\" style=\"font-family:\"><span style=\"font-variant:small-caps\">A&ccedil;&otilde;es da ABINT<\/span><\/span><\/span><\/b><\/span><\/span><\/span><\/p>\r\n\r\n<p class=\"MsoTitle\" style=\"text-align:justify\"><span style=\"font-size:28pt\"><span cambria=\"\" style=\"font-family:\"><span style=\"letter-spacing:-0.5pt\"><b><span style=\"font-size:18.0pt\"><span calibri=\"\" style=\"font-family:\"><span style=\"font-variant:small-caps\"><img height=\"337\" src=\"https:\/\/www.abint.org.br\/assets\/img\/editor\/logo-feiplar-2_20220705134436nerpmzGbRd.jpg\" width=\"582\" \/><\/span><\/span><\/span><\/b><\/span><\/span><\/span><\/p>\r\n\r\n<p><strong>A ABINT apoia a FEIPLAR COMPOSITES &amp; FEIPUR<\/strong>, feira que visa auxiliar o crescimento e desenvolvimento dos mercados de composites, poliuretano e pl&aacute;sticos de engenharia\/ compostos termopl&aacute;sticos em toda a Am&eacute;rica do Sul. Estes mercados t&ecirc;m registrado importante crescimento nos &uacute;ltimos anos e apontam interessantes perspectivas para os pr&oacute;ximos anos tamb&eacute;m.<span class=\"MsoHyperlink\" style=\"color:blue\"><span style=\"text-decoration:underline\"><span style=\"font-size:14.0pt\"><span style=\"line-height:115%\"><span calibri=\"\" style=\"font-family:\"><span style=\"text-decoration:none\"><span style=\"text-underline:none\"><a href=\"https:\/\/feiplar.com\/\" style=\"color:blue; text-decoration:underline\">Informa&ccedil;&otilde;es aqui<\/a>.<\/span><\/span><\/span><\/span><\/span><\/span><\/span><\/p>\r\n\r\n<p><img src=\"https:\/\/www.abint.org.br\/assets\/img\/editor\/logo-final-nonwonvens-day-39ae8e-24-03_20220705135025mDFpy4MGKI.png\" \/><\/p>\r\n\r\n<p style=\"text-align:justify\">&nbsp;<\/p>\r\n\r\n<p style=\"text-align:justify\"><span style=\"font-size:11pt\"><span style=\"line-height:normal\"><span calibri=\"\" style=\"font-family:\"><b><span style=\"font-size:14.0pt\">Confira as palestras do Nonwovens Day 2022!<\/span><\/b><\/span><\/span><\/span><\/p>\r\n\r\n<p style=\"text-align:justify\"><span style=\"font-size:11pt\"><span style=\"line-height:normal\"><span calibri=\"\" style=\"font-family:\"><b><span style=\"font-size:14.0pt\"><span style=\"background:white\"><span style=\"color:#444444\">As palestras<\/span><\/span><\/span><\/b><span style=\"font-size:14.0pt\"><span style=\"background:white\"><span style=\"color:#444444\"> do evento, que aconteceu dias 08 e 09 de junho de 2022,<b> ficar&atilde;o dispon&iacute;veis at&eacute; 08\/07\/2022<\/b>. <\/span><\/span><\/span><a href=\"https:\/\/hall.inteegra.com.br\/83736\/\" style=\"color:blue; text-decoration:underline\"><b><span style=\"font-size:14.0pt\">ASSISTA AQUI<\/span><\/b><\/a><span style=\"font-size:14.0pt\">! Se voc&ecirc; n&atilde;o teve oportunidade de se inscrever e quer assistir as palestras, basta preencher o cadastro.<\/span><\/span><\/span><\/span><\/p>\r\n\r\n<p style=\"text-align:justify\">&nbsp;<\/p>\r\n\r\n<p style=\"text-align:justify\"><span style=\"font-size:11pt\"><span style=\"line-height:normal\"><span calibri=\"\" style=\"font-family:\"><b><span style=\"font-size:18.0pt\"><span style=\"font-variant:small-caps\">Eventos<\/span><\/span><\/b><\/span><\/span><\/span><\/p>\r\n\r\n<p style=\"text-align:justify\"><span style=\"font-size:11pt\"><span style=\"line-height:normal\"><span calibri=\"\" style=\"font-family:\"><span class=\"MsoHyperlink\" style=\"color:blue\"><span style=\"text-decoration:underline\"><b><span style=\"font-size:14.0pt\"><span style=\"text-decoration:none\"><span style=\"text-underline:none\">Form&oacute;bile 2022, Feira Internacional da Ind&uacute;stria de M&oacute;veis e Madeira, <\/span><\/span><\/span><\/b><\/span><\/span><span class=\"MsoHyperlink\" style=\"color:blue\"><span style=\"text-decoration:underline\"><span style=\"font-size:14.0pt\"><span style=\"text-decoration:none\"><span style=\"text-underline:none\">&eacute; realizada de 5 a 8 de julho, das 10h &agrave;s 22h, no S&atilde;o Paulo Expo (Rod. dos Imigrantes - KM 1,5). Para informa&ccedil;&otilde;es, <\/span><\/span><\/span><\/span><\/span><a href=\"https:\/\/www.formobile.com.br\/pt\/a-feira.html\" style=\"color:blue; text-decoration:underline\"><span style=\"font-size:14.0pt\">clique aqui<\/span><\/a><span class=\"MsoHyperlink\" style=\"color:blue\"><span style=\"text-decoration:underline\"><span style=\"font-size:14.0pt\"><span style=\"text-decoration:none\"><span style=\"text-underline:none\">.<\/span><\/span><\/span><\/span><\/span><\/span><\/span><\/span><\/p>\r\n\r\n<p style=\"text-align:justify\"><span style=\"font-size:11pt\"><span style=\"line-height:normal\"><span calibri=\"\" style=\"font-family:\"><span class=\"MsoHyperlink\" style=\"color:blue\"><span style=\"text-decoration:underline\"><b><span style=\"font-size:14.0pt\"><span style=\"text-decoration:none\"><span style=\"text-underline:none\">BID Webinar &ndash; Lanzamiento: Gu&iacute;a para dise&ntilde;ar estrategias de bioeconomia<\/span><\/span><\/span><\/b><\/span><\/span><span class=\"MsoHyperlink\" style=\"color:blue\"><span style=\"text-decoration:underline\"><span style=\"font-size:14.0pt\"><span style=\"text-decoration:none\"><span style=\"text-underline:none\">, 12 de julho. <\/span><\/span><\/span><\/span><\/span><a href=\"https:\/\/events.iadb.org\/calendar\/event\/25545?lang=en\" style=\"color:blue; text-decoration:underline\"><span style=\"font-size:14.0pt\">Informa&ccedil;&otilde;es aqui<\/span><\/a><span class=\"MsoHyperlink\" style=\"color:blue\"><span style=\"text-decoration:underline\"><span style=\"font-size:14.0pt\"><span style=\"text-decoration:none\"><span style=\"text-underline:none\">.<\/span><\/span><\/span><\/span><\/span><\/span><\/span><\/span><\/p>\r\n\r\n<p style=\"text-align:justify\"><span style=\"font-size:11pt\"><span style=\"line-height:normal\"><span calibri=\"\" style=\"font-family:\"><span class=\"MsoHyperlink\" style=\"color:blue\"><span style=\"text-decoration:underline\"><b><span style=\"font-size:14.0pt\"><span style=\"text-decoration:none\"><span style=\"text-underline:none\">Instituto Avan&ccedil;ado do Pl&aacute;stico: Curso Reciclagem de Pl&aacute;sticos<\/span><\/span><\/span><\/b><\/span><\/span><span class=\"MsoHyperlink\" style=\"color:blue\"><span style=\"text-decoration:underline\"><span style=\"font-size:14.0pt\"><span style=\"text-decoration:none\"><span style=\"text-underline:none\">, 05 e 06 de agosto. <\/span><\/span><\/span><\/span><\/span><a href=\"https:\/\/www.planetaplastico.com.br\/curso-reciclagem-de-plasticos\" style=\"color:blue; text-decoration:underline\"><span style=\"font-size:14.0pt\">Informa&ccedil;&otilde;es aqui<\/span><\/a><span class=\"MsoHyperlink\" style=\"color:blue\"><span style=\"text-decoration:underline\"><span style=\"font-size:14.0pt\"><span style=\"text-decoration:none\"><span style=\"text-underline:none\">.<\/span><\/span><\/span><\/span><\/span><\/span><\/span><\/span><\/p>\r\n\r\n<p style=\"text-align:justify\"><span style=\"font-size:11pt\"><span style=\"line-height:normal\"><span calibri=\"\" style=\"font-family:\"><span class=\"MsoHyperlink\" style=\"color:blue\"><span style=\"text-decoration:underline\"><b><span style=\"font-size:14.0pt\"><span style=\"text-decoration:none\"><span style=\"text-underline:none\">Feiplar Composites &amp; Feipur<\/span><\/span><\/span><\/b><\/span><\/span><span class=\"MsoHyperlink\" style=\"color:blue\"><span style=\"text-decoration:underline\"><span style=\"font-size:14.0pt\"><span style=\"text-decoration:none\"><span style=\"text-underline:none\">, 16 a 18 de agosto 2022, S&atilde;o Paulo Expo (Pavilh&atilde;o 5). <\/span><\/span><\/span><\/span><\/span><a href=\"http:\/\/www.feiplar.com.br\/O-Evento\/Apresentacao.php\" style=\"color:blue; text-decoration:underline\"><span style=\"font-size:14.0pt\">Informa&ccedil;&otilde;es aqui<\/span><\/a><span class=\"MsoHyperlink\" style=\"color:blue\"><span style=\"text-decoration:underline\"><span style=\"font-size:14.0pt\"><span style=\"text-decoration:none\"><span style=\"text-underline:none\">.<\/span><\/span><\/span><\/span><\/span><\/span><\/span><\/span><\/p>\r\n\r\n<p style=\"text-align:justify\"><span style=\"font-size:11pt\"><span style=\"line-height:normal\"><span calibri=\"\" style=\"font-family:\"><span class=\"MsoHyperlink\" style=\"color:blue\"><span style=\"text-decoration:underline\"><b><span style=\"font-size:14.0pt\"><span style=\"text-decoration:none\"><span style=\"text-underline:none\">Feira HospitalMed, <\/span><\/span><\/span><\/b><\/span><\/span><span class=\"MsoHyperlink\" style=\"color:blue\"><span style=\"text-decoration:underline\"><span style=\"font-size:14.0pt\"><span style=\"text-decoration:none\"><span style=\"text-underline:none\">19 a 21 de outubro de 2022, Centro de Conven&ccedil;&otilde;es de Pernambuco. <\/span><\/span><\/span><\/span><\/span><a href=\"https:\/\/hospitalmed.com.br\/feira\/\" style=\"color:blue; text-decoration:underline\"><span style=\"font-size:14.0pt\">Informa&ccedil;&otilde;es aqui.<\/span><\/a><\/span><\/span><\/span><\/p>\r\n\r\n<p style=\"text-align:justify\"><span style=\"font-size:11pt\"><span style=\"line-height:normal\"><span calibri=\"\" style=\"font-family:\"><span class=\"MsoHyperlink\" style=\"color:blue\"><span style=\"text-decoration:underline\"><b><span style=\"font-size:14.0pt\"><span style=\"text-decoration:none\"><span style=\"text-underline:none\">CONAHP 2022 - Congresso Nacional de Hospitais Privados<\/span><\/span><\/span><\/b><\/span><\/span><span class=\"MsoHyperlink\" style=\"color:blue\"><span style=\"text-decoration:underline\"><span style=\"font-size:14.0pt\"><span style=\"text-decoration:none\"><span style=\"text-underline:none\">, 07 a 09 de novembro online, 10 e 11 de novembro no Transam&eacute;rica Expo Center. <\/span><\/span><\/span><\/span><\/span><a href=\"https:\/\/conahp.org.br\/2022\/\" style=\"color:blue; text-decoration:underline\"><span style=\"font-size:14.0pt\">Informa&ccedil;&otilde;es aqui<\/span><\/a><span class=\"MsoHyperlink\" style=\"color:blue\"><span style=\"text-decoration:underline\"><span style=\"font-size:14.0pt\"><span style=\"text-decoration:none\"><span style=\"text-underline:none\">.<\/span><\/span><\/span><\/span><\/span><\/span><\/span><\/span><\/p>\r\n\r\n<p class=\"MsoTitle\" style=\"text-align:justify\"><span style=\"font-size:28pt\"><span cambria=\"\" style=\"font-family:\"><span style=\"letter-spacing:-0.5pt\"><b><span style=\"font-size:18.0pt\"><span calibri=\"\" style=\"font-family:\"><span style=\"font-variant:small-caps\">Setor<\/span><\/span><\/span><\/b><\/span><\/span><\/span><\/p>\r\n\r\n<p style=\"text-align:justify\"><span style=\"font-size:11pt\"><span style=\"line-height:normal\"><span calibri=\"\" style=\"font-family:\"><a href=\"https:\/\/www.nonwovens-industry.com\/live-from-shows\/world-of-wipes\/2022-06-27\/australia-releases-national-flushability-standards?utm_campaign=NON+Live+From+Show&amp;utm_medium=email&amp;_hsmi=217825124&amp;_hsenc=p2ANqtz-9ILrM48AFlbmfMkuXhYgsyPETGN5p6W2YcLZBywTlE6YcrXF2fGlB5w4oLb5rJdecaCekVjVaRsPh6RRg4wBmUN1a0iA&amp;utm_content=217825124&amp;utm_source=hs_email\" style=\"color:blue; text-decoration:underline\"><span style=\"font-size:14.0pt\">Australia Releases National Flushability Standards<\/span><\/a><\/span><\/span><\/span><\/p>\r\n\r\n<p style=\"text-align:justify\"><span style=\"font-size:11pt\"><span style=\"line-height:normal\"><span calibri=\"\" style=\"font-family:\"><a href=\"https:\/\/www.moveisdevalor.com.br\/portal\/encontro-da-abicol-estimula-evolucao-do-setor-colchoeiro?source=news\" style=\"color:blue; text-decoration:underline\"><span style=\"font-size:14.0pt\">Encontro da Abicol estimula evolu&ccedil;&atilde;o do setor colchoeiro<\/span><\/a><\/span><\/span><\/span><\/p>\r\n\r\n<p style=\"text-align:justify\"><span style=\"font-size:11pt\"><span style=\"line-height:normal\"><span calibri=\"\" style=\"font-family:\"><a href=\"https:\/\/segurancadopaciente.com.br\/qualidade-assist\/com-implementacao-de-protocolos-nsp-contribui-com-a-reducao-das-infeccoes-relacionadas-a-assistencia-a-saude\/?utm_campaign=newsletter_semanal_-_28062022&amp;utm_medium=email&amp;utm_source=RD+Station\" style=\"color:blue; text-decoration:underline\"><span style=\"font-size:14.0pt\">Com implementa&ccedil;&atilde;o de protocolos, NSP contribui com a redu&ccedil;&atilde;o das infec&ccedil;&otilde;es relacionadas &agrave; assist&ecirc;ncia &agrave; sa&uacute;de<\/span><\/a><\/span><\/span><\/span><\/p>\r\n\r\n<p style=\"text-align:justify\"><span style=\"font-size:11pt\"><span style=\"line-height:normal\"><span calibri=\"\" style=\"font-family:\"><a href=\"https:\/\/www.anahp.com.br\/pdf\/manual-desafios-qualidade-em-saude-no-brasil.pdf\" style=\"color:blue; text-decoration:underline\"><span style=\"font-size:14.0pt\">ANAHP: Desafios de Qualidade em Sa&uacute;de no Brasil 2022 - Os elementos fundamentais para medir a qualidade das institui&ccedil;&otilde;es hospitalares<\/span><\/a><\/span><\/span><\/span><\/p>\r\n\r\n<p style=\"text-align:justify\"><span style=\"font-size:11pt\"><span style=\"line-height:normal\"><span calibri=\"\" style=\"font-family:\"><a href=\"https:\/\/www.nonwovens-industry.com\/contents\/view_breaking-news\/2022-06-28\/andritz-sets-up-wetlace-cp-pilot-line-in-montbonnot?utm_campaign=NON+eNewsletter&amp;utm_medium=email&amp;_hsmi=218231850&amp;_hsenc=p2ANqtz-_ofyC8X4P4IFIIqy7WcQNUj60p4t5FA0j9apxvO8mm3OJhmcqw1N6MQYtLgA8hhSLKzqzxDieZJ8zczUO77QYxQYMSvQ&amp;utm_content=218231850&amp;utm_source=hs_email\" style=\"color:blue; text-decoration:underline\"><span style=\"font-size:14.0pt\">Andritz Sets Up Wetlace CP Pilot Line in Montbonnot<\/span><\/a><\/span><\/span><\/span><\/p>\r\n\r\n<p style=\"text-align:justify\"><span style=\"font-size:11pt\"><span style=\"line-height:normal\"><span calibri=\"\" style=\"font-family:\"><a href=\"https:\/\/www.nonwovens-industry.com\/issues\/temp2022\/view_breaking-news\/suominen-launches-hydraspun-reserve?utm_campaign=NON+eNewsletter&amp;utm_medium=email&amp;_hsmi=218231850&amp;_hsenc=p2ANqtz-8pWRADp-mdI8PawSmXq6cZdGUoExju9kdi34LiPq4xOZQC6c6VTZB3cW1vFMDZijkOV1Ag5243Vc5C4pOHS7zvT1NKbQ&amp;utm_content=218231850&amp;utm_source=hs_email\" style=\"color:blue; text-decoration:underline\"><span style=\"font-size:14.0pt\">Suominen Launches Hydraspun Reserve<\/span><\/a><\/span><\/span><\/span><\/p>\r\n\r\n<p class=\"MsoTitle\" style=\"text-align:justify\"><span style=\"font-size:28pt\"><span cambria=\"\" style=\"font-family:\"><span style=\"letter-spacing:-0.5pt\"><b><span style=\"font-size:18.0pt\"><span calibri=\"\" style=\"font-family:\"><span style=\"font-variant:small-caps\">Ind&uacute;stria<\/span><\/span><\/span><\/b><\/span><\/span><\/span><\/p>\r\n\r\n<p style=\"text-align:justify\"><span style=\"font-size:11pt\"><span style=\"line-height:normal\"><span calibri=\"\" style=\"font-family:\"><a href=\"https:\/\/plasticosemrevista.com.br\/crise-mundial-de-alimentos-piora-em-2023-e-golpeia-pead\/\" style=\"color:blue; text-decoration:underline\"><span style=\"font-size:14.0pt\">Crise mundial de alimentos piora em 2023 e golpeia PEAD<\/span><\/a><\/span><\/span><\/span><\/p>\r\n\r\n<p style=\"text-align:justify\"><span style=\"font-size:11pt\"><span style=\"line-height:normal\"><span calibri=\"\" style=\"font-family:\"><a href=\"http:\/\/emkt.fiesp.ind.br\/emkt\/tracer\/?1,7225845,460d08b8,229c\" style=\"color:blue; text-decoration:underline\"><span style=\"font-size:14.0pt\">FIESP - Central de Credito: Guia de Financiamento para Inova&ccedil;&atilde;o<\/span><\/a><\/span><\/span><\/span><\/p>\r\n\r\n<p class=\"MsoTitle\" style=\"text-align:justify\"><span style=\"font-size:28pt\"><span cambria=\"\" style=\"font-family:\"><span style=\"letter-spacing:-0.5pt\"><b><span style=\"font-size:18.0pt\"><span calibri=\"\" style=\"font-family:\"><span style=\"font-variant:small-caps\">Sustentabilidade<\/span><\/span><\/span><\/b><\/span><\/span><\/span><\/p>\r\n\r\n<p style=\"text-align:justify\"><span style=\"font-size:11pt\"><span style=\"line-height:normal\"><span calibri=\"\" style=\"font-family:\"><a href=\"https:\/\/www.plastico.com.br\/medidas-de-eficiencia-energetica-promovem-economia-de-ate-31-do-consumo-de-energia-de-industrias-de-plastico-e-borracha\/?utm_campaign=newsletter_plastico_-_junho_2022&amp;utm_medium=email&amp;utm_source=RD+Station\" style=\"color:blue; text-decoration:underline\"><span style=\"font-size:14.0pt\">Medidas de efici&ecirc;ncia energ&eacute;tica promovem economia de at&eacute; 31% do consumo de energia de ind&uacute;strias de pl&aacute;stico e borracha<\/span><\/a><\/span><\/span><\/span><\/p>\r\n\r\n<p style=\"text-align:justify\"><span style=\"font-size:11pt\"><span style=\"line-height:normal\"><span calibri=\"\" style=\"font-family:\"><a href=\"https:\/\/ciclovivo.com.br\/planeta\/meio-ambiente\/brasileiro-responsavel-16kg-de-plastico-no-mar-por-ano\/\" style=\"color:blue; text-decoration:underline\"><span style=\"font-size:14.0pt\">Cada brasileiro pode ser respons&aacute;vel por 16kg de pl&aacute;stico no mar por ano<\/span><\/a><\/span><\/span><\/span><\/p>\r\n\r\n<p style=\"text-align:justify\"><span style=\"font-size:11pt\"><span style=\"line-height:normal\"><span calibri=\"\" style=\"font-family:\"><a href=\"https:\/\/ciclovivo.com.br\/planeta\/crise-climatica\/dinamarca-faz-acordo-historico-para-taxar-carbono-das-empresas\/\" style=\"color:blue; text-decoration:underline\"><span style=\"font-size:14.0pt\">Dinamarca faz acordo hist&oacute;rico para taxar carbono das empresas<\/span><\/a><\/span><\/span><\/span><\/p>\r\n\r\n<p style=\"text-align:justify\"><span style=\"font-size:11pt\"><span style=\"line-height:normal\"><span calibri=\"\" style=\"font-family:\"><a href=\"https:\/\/www.anahp.com.br\/podcast\/jornada-esg-um-olhar-amplo-e-coletivo-especial-danone\/?utm_campaign=pds_-_danone&amp;utm_medium=email&amp;utm_source=RD+Station\" style=\"color:blue; text-decoration:underline\"><span style=\"font-size:14.0pt\">ANAHP: Jornada ESG: um olhar amplo e coletivo<\/span><\/a><\/span><\/span><\/span><\/p>\r\n\r\n<p style=\"text-align:justify\"><span style=\"font-size:11pt\"><span style=\"line-height:normal\"><span calibri=\"\" style=\"font-family:\"><a href=\"https:\/\/www.nonwovens-industry.com\/contents\/view_breaking-news\/2022-06-27\/fibertex-personal-care-awarded-ecovadis-awards-for-sustainability?utm_campaign=NON+eNewsletter&amp;utm_medium=email&amp;_hsmi=218231850&amp;_hsenc=p2ANqtz-_HuhhKRmeMlkqZgjJMEgLoMvKFTc5lXiRoo3An6xfFfJ9PLBl2efLk9i8ZuF1U2SdlQEfmPqjn2UhRayqrmOgHIYmJ2A&amp;utm_content=218231850&amp;utm_source=hs_email\" style=\"color:blue; text-decoration:underline\"><span style=\"font-size:14.0pt\">Fibertex Personal Care Awarded EcoVadis Awards for Sustainability<\/span><\/a><\/span><\/span><\/span><\/p>\r\n\r\n<p style=\"text-align:justify\"><span style=\"font-size:11pt\"><span style=\"line-height:normal\"><span calibri=\"\" style=\"font-family:\"><a href=\"https:\/\/www.textiletechnology.net\/nonwovens\/news\/suominen-test-of-biodegradability-of-nonwovens-32454?utm_source=%2Fmeta%2Fnewsletter%2Fnewsletter&amp;utm_medium=newsletter&amp;utm_campaign=nl903&amp;utm_term=0801b20e08c3242125d512808cd74302\" style=\"color:blue; text-decoration:underline\"><span style=\"font-size:14.0pt\">Suominen: Test of biodegradability of nonwovens<\/span><\/a><\/span><\/span><\/span><\/p>\r\n\r\n<p style=\"text-align:justify\"><span style=\"font-size:11pt\"><span style=\"line-height:normal\"><span calibri=\"\" style=\"font-family:\"><a href=\"https:\/\/mercadoeconsumo.com.br\/2022\/07\/04\/braskem-cria-centro-de-desenvolvimento-focado-em-economia-circular\/?utm_campaign=news_04-07_geral&amp;utm_medium=email&amp;utm_source=RD+Station\" style=\"color:blue; text-decoration:underline\"><span style=\"font-size:14.0pt\">Braskem cria centro de desenvolvimento focado em economia circular<\/span><\/a><\/span><\/span><\/span><\/p>\r\n\r\n<p style=\"text-align:justify\"><span style=\"font-size:11pt\"><span style=\"line-height:normal\"><span calibri=\"\" style=\"font-family:\"><a href=\"https:\/\/www.nonwovens-industry.com\/contents\/view_breaking-news\/2022-06-30\/daio-livedo-partner-to-recycle-diapers?utm_campaign=NON+eNewsletter&amp;utm_medium=email&amp;_hsmi=218231850&amp;_hsenc=p2ANqtz-85onHObaM5D-mqm_9rlKbMzd17P0K32FIrr55quvWxn2li9QsXYJn52CjYXLxAiC-7mAgz3I6gYvSoANiFrch3x3V59Q&amp;utm_content=218231850&amp;utm_source=hs_email\" style=\"color:blue; text-decoration:underline\"><span style=\"font-size:14.0pt\">Daio, Livedo Partner to Recycle Diapers<\/span><\/a><\/span><\/span><\/span><\/p>\r\n\r\n<p class=\"MsoTitle\" style=\"text-align:justify\"><span style=\"font-size:28pt\"><span cambria=\"\" style=\"font-family:\"><span style=\"letter-spacing:-0.5pt\"><b><span style=\"font-size:18.0pt\"><span calibri=\"\" style=\"font-family:\"><span style=\"font-variant:small-caps\">Inova&ccedil;&atilde;o<\/span><\/span><\/span><\/b><\/span><\/span><\/span><\/p>\r\n\r\n<p style=\"text-align:justify\"><span style=\"font-size:11pt\"><span style=\"line-height:normal\"><span calibri=\"\" style=\"font-family:\"><a href=\"https:\/\/www.inovacaotecnologica.com.br\/noticias\/noticia.php?artigo=polimero-absorvente-extrai-agua-purifica-diesel-biodiesel&amp;id=010170220627&amp;ebol=sim#.Yr3SnYTMKUk\" style=\"color:blue; text-decoration:underline\"><span style=\"font-size:14.0pt\">Pol&iacute;mero absorvente extrai &aacute;gua e purifica diesel e biodiesel<\/span><\/a><\/span><\/span><\/span><\/p>\r\n\r\n<p style=\"text-align:justify\"><span style=\"font-size:11pt\"><span style=\"line-height:normal\"><span calibri=\"\" style=\"font-family:\"><a href=\"https:\/\/www.nonwovens-industry.com\/issues\/temp2022\/view_online-exclusives\/hygiene-product-startups-gain-investors?utm_campaign=NON+eNewsletter&amp;utm_medium=email&amp;_hsmi=218231850&amp;_hsenc=p2ANqtz-97Y3sQrsv32-GcFQ5oAGrACK17ipMyXrlPGqcKbuLv8HjT-bdsRCseKVXjwjMG7VcZKVi87HX7mE5hsJV5kEFDoCddWA&amp;utm_content=218231850&amp;utm_source=hs_email\" style=\"color:blue; text-decoration:underline\"><span style=\"font-size:14.0pt\">Hygiene Product Startups Gain Investors<\/span><\/a><\/span><\/span><\/span><\/p>\r\n\r\n<p style=\"text-align:justify\"><span style=\"font-size:11pt\"><span style=\"line-height:normal\"><span calibri=\"\" style=\"font-family:\"><a href=\"https:\/\/www.technicaltextile.net\/news\/swiss-researchers-develop-wearable-textile-exomuscle-281604.html\" style=\"color:blue; text-decoration:underline\"><span style=\"font-size:14.0pt\">Swiss researchers develop wearable textile exomuscle<\/span><\/a><\/span><\/span><\/span><\/p>\r\n\r\n<p class=\"MsoTitle\" style=\"text-align:justify\"><span style=\"font-size:28pt\"><span cambria=\"\" style=\"font-family:\"><span style=\"letter-spacing:-0.5pt\"><b><span style=\"font-size:18.0pt\"><span calibri=\"\" style=\"font-family:\"><span style=\"font-variant:small-caps\">Com&eacute;rcio Exterior<\/span><\/span><\/span><\/b><\/span><\/span><\/span><\/p>\r\n\r\n<p style=\"text-align:justify\"><span style=\"font-size:11pt\"><span style=\"line-height:normal\"><span calibri=\"\" style=\"font-family:\"><a href=\"https:\/\/agenciabrasil.ebc.com.br\/economia\/noticia\/2022-06\/brasil-e-argentina-concluem-acordo-de-homologacao-de-veiculos\" style=\"color:blue; text-decoration:underline\"><span style=\"font-size:14.0pt\">Brasil e Argentina concluem acordo de homologa&ccedil;&atilde;o de ve&iacute;culos<\/span><\/a><\/span><\/span><\/span><\/p>\r\n\r\n<p style=\"text-align:justify\"><span style=\"font-size:11pt\"><span style=\"line-height:normal\"><span calibri=\"\" style=\"font-family:\"><a href=\"https:\/\/indiantextilejournal.com\/can-chinas-loss-be-indias-gain\/\" style=\"color:blue; text-decoration:underline\"><span style=\"font-size:14.0pt\">Can China&rsquo;s loss be India&rsquo;s gain?<\/span><\/a><\/span><\/span><\/span><\/p>\r\n\r\n<p class=\"MsoTitle\" style=\"text-align:justify\"><span style=\"font-size:28pt\"><span cambria=\"\" style=\"font-family:\"><span style=\"letter-spacing:-0.5pt\"><b><span style=\"font-size:18.0pt\"><span calibri=\"\" style=\"font-family:\"><span style=\"font-variant:small-caps\">Economia<\/span><\/span><\/span><\/b><\/span><\/span><\/span><\/p>\r\n\r\n<p style=\"text-align:justify\"><span style=\"font-size:11pt\"><span style=\"line-height:normal\"><span calibri=\"\" style=\"font-family:\"><a href=\"https:\/\/www.ipea.gov.br\/portal\/index.php?option=com_content&amp;view=article&amp;id=39398&amp;catid=3&amp;Itemid=3\" style=\"color:blue; text-decoration:underline\"><span style=\"font-size:14.0pt\">Ipea prev&ecirc; crescimento de 1,8% para o PIB em 2022<\/span><\/a><\/span><\/span><\/span><\/p>\r\n\r\n<p style=\"text-align:justify\"><span style=\"font-size:11pt\"><span style=\"line-height:normal\"><span calibri=\"\" style=\"font-family:\"><a href=\"https:\/\/agenciabrasil.ebc.com.br\/economia\/noticia\/2022-06\/ibge-desemprego-cai-para-98-rendimento-fica-estavel\" style=\"color:blue; text-decoration:underline\"><span style=\"font-size:14.0pt\">IBGE: desemprego cai para 9,8%; rendimento fica est&aacute;vel<\/span><\/a><\/span><\/span><\/span><\/p>\r\n\r\n<p style=\"text-align:justify\"><span style=\"font-size:11pt\"><span style=\"line-height:normal\"><span calibri=\"\" style=\"font-family:\"><a href=\"https:\/\/www.infomoney.com.br\/mercados\/petroleo-pode-chegar-a-us-380-o-barril-em-cenario-extremo-se-russia-cortar-producao-diz-jpmorgan\/\" style=\"color:blue; text-decoration:underline\"><span style=\"font-size:14.0pt\">Petr&oacute;leo pode chegar a US$ 380 o barril em cen&aacute;rio extremo se R&uacute;ssia cortar produ&ccedil;&atilde;o, diz JPMorgan<\/span><\/a><\/span><\/span><\/span><\/p>\r\n\r\n<p style=\"text-align:justify\"><span style=\"font-size:11pt\"><span style=\"line-height:normal\"><span calibri=\"\" style=\"font-family:\"><a href=\"https:\/\/m.economictimes.com\/small-biz\/trade\/exports\/insights\/charting-the-global-economy-factories-slow-down-from-us-to-asia\/articleshow\/92628820.cms\" style=\"color:blue; text-decoration:underline\"><span style=\"font-size:14.0pt\">Economia global: tra&ccedil;ando a economia global: f&aacute;bricas desaceleram dos EUA &agrave; &Aacute;sia - The Economic Times<\/span><\/a><\/span><\/span><\/span><\/p>\r\n\r\n<p style=\"text-align:justify\"><span style=\"font-size:11pt\"><span style=\"line-height:normal\"><span calibri=\"\" style=\"font-family:\"><a href=\"https:\/\/portalibre.fgv.br\/noticias\/indicador-de-incerteza-da-economia-sobe-05-ponto-em-junho\" style=\"color:blue; text-decoration:underline\"><span style=\"font-size:14.0pt\">Indicador de Incerteza da Economia sobe 0,5 ponto em junho <\/span><\/a><\/span><\/span><\/span><\/p>\r\n\r\n<p style=\"text-align:justify\"><span style=\"font-size:11pt\"><span style=\"line-height:normal\"><span calibri=\"\" style=\"font-family:\"><a href=\"https:\/\/portalibre.fgv.br\/noticias\/confianca-empresarial-sobe-14-ponto-em-junho-e-registra-sua-quarta-alta-consecutiva\" style=\"color:blue; text-decoration:underline\"><span style=\"font-size:14.0pt\">Confian&ccedil;a Empresarial sobe 1,4 ponto em junho e registra sua quarta alta consecutiva<\/span><\/a><\/span><\/span><\/span><\/p>\r\n\r\n<p style=\"text-align:justify\"><span style=\"font-size:11pt\"><span style=\"line-height:normal\"><span calibri=\"\" style=\"font-family:\"><a href=\"https:\/\/portalibre.fgv.br\/noticias\/sintese-das-sondagens-de-junho-de-2022\" style=\"color:blue; text-decoration:underline\"><span style=\"font-size:14.0pt\">S&iacute;ntese das Sondagens de junho de 2022<\/span><\/a><\/span><\/span><\/span><\/p>\r\n","texto_en":"","7":"","imagem":"COMP_banner-padrao-home-destaques-boletim_20220705135228yjgzAlQnMF.jpg","8":"COMP_banner-padrao-home-destaques-boletim_20220705135228yjgzAlQnMF.jpg","arquivo":"20220705-NOTICIAS-SEMANAIS.PDF","9":"20220705-NOTICIAS-SEMANAIS.PDF","titulo_arquivo":"","10":"","titulo_arquivo_en":"","11":"","created_at":"2022-07-05 13:52:37","12":"2022-07-05 13:52:37","updated_at":"2022-07-05 17:04:11","13":"2022-07-05 17:04:11"},{"id":23,"0":23,"ordem":200,"1":200,"data":"2022-06-28","2":"2022-06-28","slug":"boletim-de-noticias-semanais-20","3":"boletim-de-noticias-semanais-20","titulo":"Boletim de Not\u00edcias Semanais","4":"Boletim de Not\u00edcias Semanais","titulo_en":"","5":"","texto":"<p style=\"text-align:justify\"><span style=\"font-size:11pt\"><span style=\"line-height:normal\"><span style=\"font-family:&quot;Calibri&quot;,sans-serif\"><span style=\"font-size:14.0pt\">Esta &eacute; uma compila&ccedil;&atilde;o das not&iacute;cias mais relevantes para o setor, incluindo informa&ccedil;&otilde;es sobre acordos internacionais, economia brasileira, sustentabilidade e mat&eacute;rias primas, al&eacute;m de novidades do setor de N&atilde;otecidos e Tecidos T&eacute;cnicos.<\/span><\/span><\/span><\/span><\/p>\r\n\r\n<p class=\"MsoTitle\" style=\"text-align:justify\"><span style=\"font-size:28pt\"><span style=\"font-family:&quot;Cambria&quot;,serif\"><span style=\"letter-spacing:-0.5pt\"><b><span style=\"font-size:18.0pt\"><span style=\"font-family:&quot;Calibri&quot;,sans-serif\"><span style=\"font-variant:small-caps\">A&ccedil;&otilde;es da ABINT<\/span><\/span><\/span><\/b><\/span><\/span><\/span><\/p>\r\n\r\n<p style=\"margin-bottom:13px\"><span style=\"font-size:11pt\"><span style=\"line-height:115%\"><span style=\"font-family:&quot;Calibri&quot;,sans-serif\"><span style=\"font-size:14.0pt\"><span style=\"line-height:115%\"><a href=\"https:\/\/plastico.com.br\/revistas\/pm565\/index.html#p=39\" style=\"color:blue; text-decoration:underline\">GEOSSINT&Eacute;TICOS: Mercado firme para pl&aacute;sticos em aplica&ccedil;&otilde;es de grande porte e de relev&acirc;ncia crescente<\/a>, entrevista do Eng. Fernando Lavoie, Coordenador do CTG ABINT para a revista Pl&aacute;stico Moderno.<\/span><\/span><\/span><\/span><\/span><\/p>\r\n\r\n<p style=\"text-align:justify\"><img src=\"https:\/\/www.abint.org.br\/assets\/img\/editor\/logo-azul-64-85-165-e-verde-57-174-142-pequeno_202206281732560hSJIqrV5D.png\" \/><\/p>\r\n\r\n<p style=\"text-align:justify\"><span style=\"font-size:11pt\"><span style=\"line-height:normal\"><span style=\"font-family:&quot;Calibri&quot;,sans-serif\"><b><span style=\"font-size:14.0pt\">Confira as palestras do Nonwovens Day 2022!<\/span><\/b><\/span><\/span><\/span><\/p>\r\n\r\n<p style=\"text-align:justify\"><span style=\"font-size:11pt\"><span style=\"line-height:normal\"><span style=\"font-family:&quot;Calibri&quot;,sans-serif\"><span style=\"font-size:14.0pt\"><span style=\"background:white\"><span style=\"color:#444444\">As palestras do evento, que aconteceu dias <b>08 e 09 de junho de 2022, <\/b>ficar&atilde;o dispon&iacute;veis at&eacute; 08\/07\/2022. <\/span><\/span><\/span><a href=\"https:\/\/hall.inteegra.com.br\/83736\/\" style=\"color:blue; text-decoration:underline\"><b><span style=\"font-size:14.0pt\">ASSISTA AQUI<\/span><\/b><\/a><span style=\"font-size:14.0pt\">! Se voc&ecirc; n&atilde;o teve oportunidade de se inscrever e quer assistir as palestras, basta preencher o cadastro.<\/span><\/span><\/span><\/span><\/p>\r\n\r\n<p style=\"text-align:justify\">&nbsp;<\/p>\r\n\r\n<p style=\"text-align:justify\"><span style=\"font-size:11pt\"><span style=\"line-height:normal\"><span style=\"font-family:&quot;Calibri&quot;,sans-serif\"><b><span style=\"font-size:18.0pt\"><span style=\"font-variant:small-caps\">Eventos<\/span><\/span><\/b><\/span><\/span><\/span><\/p>\r\n\r\n<p style=\"text-align:justify\"><span style=\"font-size:11pt\"><span style=\"line-height:normal\"><span style=\"font-family:&quot;Calibri&quot;,sans-serif\"><span class=\"MsoHyperlink\" style=\"color:blue\"><span style=\"text-decoration:underline\"><b><span style=\"font-size:14.0pt\"><span style=\"text-decoration:none\"><span style=\"text-underline:none\">Semin&aacute;rio FIESP: O Papel dos Bancos de Desenvolvimento na Agenda de Sustentabilidade<\/span><\/span><\/span><\/b><\/span><\/span><span class=\"MsoHyperlink\" style=\"color:blue\"><span style=\"text-decoration:underline\"><span style=\"font-size:14.0pt\"><span style=\"text-decoration:none\"><span style=\"text-underline:none\">, 29 de junho de 2022. <\/span><\/span><\/span><\/span><\/span><a href=\"http:\/\/emkt.fiesp.ind.br\/emkt\/tracer\/?2,7220803,460d08b8,931d,2\" style=\"color:blue; text-decoration:underline\"><span style=\"font-size:14.0pt\">Informa&ccedil;&otilde;es aqui<\/span><\/a><span class=\"MsoHyperlink\" style=\"color:blue\"><span style=\"text-decoration:underline\"><span style=\"font-size:14.0pt\"><span style=\"text-decoration:none\"><span style=\"text-underline:none\">.<\/span><\/span><\/span><\/span><\/span><\/span><\/span><\/span><\/p>\r\n\r\n<p style=\"text-align:justify\"><span style=\"font-size:11pt\"><span style=\"line-height:normal\"><span style=\"font-family:&quot;Calibri&quot;,sans-serif\"><span class=\"MsoHyperlink\" style=\"color:blue\"><span style=\"text-decoration:underline\"><b><span style=\"font-size:14.0pt\"><span style=\"text-decoration:none\"><span style=\"text-underline:none\">CNI: Propostas da Ind&uacute;stria para as Elei&ccedil;&otilde;es 2022<\/span><\/span><\/span><\/b><\/span><\/span><span class=\"MsoHyperlink\" style=\"color:blue\"><span style=\"text-decoration:underline\"><span style=\"font-size:14.0pt\"><span style=\"text-decoration:none\"><span style=\"text-underline:none\">, 29 de junho, <b>e ENAI - Encontro Nacional da Ind&uacute;stria<\/b>, data 30 de junho. <\/span><\/span><\/span><\/span><\/span><a href=\"https:\/\/www.portaldaindustria.com.br\/cni\/canais\/propostas-da-industria-para-eleicoes\/home\/\" style=\"color:blue; text-decoration:underline\"><span style=\"font-size:14.0pt\">Informa&ccedil;&otilde;es aqui<\/span><\/a><span class=\"MsoHyperlink\" style=\"color:blue\"><span style=\"text-decoration:underline\"><span style=\"font-size:14.0pt\"><span style=\"text-decoration:none\"><span style=\"text-underline:none\">.<\/span><\/span><\/span><\/span><\/span><\/span><\/span><\/span><\/p>\r\n\r\n<p style=\"text-align:justify\"><span style=\"font-size:11pt\"><span style=\"line-height:normal\"><span style=\"font-family:&quot;Calibri&quot;,sans-serif\"><span class=\"MsoHyperlink\" style=\"color:blue\"><span style=\"text-decoration:underline\"><b><span style=\"font-size:14.0pt\"><span style=\"text-decoration:none\"><span style=\"text-underline:none\">Form&oacute;bile 2022, Feira Internacional da Ind&uacute;stria de M&oacute;veis e Madeira, <\/span><\/span><\/span><\/b><\/span><\/span><span class=\"MsoHyperlink\" style=\"color:blue\"><span style=\"text-decoration:underline\"><span style=\"font-size:14.0pt\"><span style=\"text-decoration:none\"><span style=\"text-underline:none\">&eacute; realizada de 5 a 8 de julho, das 10h &agrave;s 22h, no S&atilde;o Paulo Expo (Rod. dos Imigrantes - KM 1,5). Para informa&ccedil;&otilde;es, <\/span><\/span><\/span><\/span><\/span><a href=\"https:\/\/www.formobile.com.br\/pt\/a-feira.html\" style=\"color:blue; text-decoration:underline\"><span style=\"font-size:14.0pt\">clique aqui<\/span><\/a><span class=\"MsoHyperlink\" style=\"color:blue\"><span style=\"text-decoration:underline\"><span style=\"font-size:14.0pt\"><span style=\"text-decoration:none\"><span style=\"text-underline:none\">.<\/span><\/span><\/span><\/span><\/span><\/span><\/span><\/span><\/p>\r\n\r\n<p style=\"text-align:justify\"><span style=\"font-size:11pt\"><span style=\"line-height:normal\"><span style=\"font-family:&quot;Calibri&quot;,sans-serif\"><span class=\"MsoHyperlink\" style=\"color:blue\"><span style=\"text-decoration:underline\"><b><span style=\"font-size:14.0pt\"><span style=\"text-decoration:none\"><span style=\"text-underline:none\">Instituto Avan&ccedil;ado do Pl&aacute;stico: Curso Reciclagem de Pl&aacute;sticos<\/span><\/span><\/span><\/b><\/span><\/span><span class=\"MsoHyperlink\" style=\"color:blue\"><span style=\"text-decoration:underline\"><span style=\"font-size:14.0pt\"><span style=\"text-decoration:none\"><span style=\"text-underline:none\">, 05 e 06 de agosto. <\/span><\/span><\/span><\/span><\/span><a href=\"https:\/\/www.planetaplastico.com.br\/curso-reciclagem-de-plasticos\" style=\"color:blue; text-decoration:underline\"><span style=\"font-size:14.0pt\">Informa&ccedil;&otilde;es aqui<\/span><\/a><span class=\"MsoHyperlink\" style=\"color:blue\"><span style=\"text-decoration:underline\"><span style=\"font-size:14.0pt\"><span style=\"text-decoration:none\"><span style=\"text-underline:none\">.<\/span><\/span><\/span><\/span><\/span><\/span><\/span><\/span><\/p>\r\n\r\n<p style=\"text-align:justify\"><span style=\"font-size:11pt\"><span style=\"line-height:normal\"><span style=\"font-family:&quot;Calibri&quot;,sans-serif\"><span class=\"MsoHyperlink\" style=\"color:blue\"><span style=\"text-decoration:underline\"><b><span style=\"font-size:14.0pt\"><span style=\"text-decoration:none\"><span style=\"text-underline:none\">Feiplar Composites &amp; Feipur<\/span><\/span><\/span><\/b><\/span><\/span><span class=\"MsoHyperlink\" style=\"color:blue\"><span style=\"text-decoration:underline\"><span style=\"font-size:14.0pt\"><span style=\"text-decoration:none\"><span style=\"text-underline:none\">, 16 a 18 de agosto 2022, S&atilde;o Paulo Expo (Pavilh&atilde;o 5). <\/span><\/span><\/span><\/span><\/span><a href=\"http:\/\/www.feiplar.com.br\/O-Evento\/Apresentacao.php\" style=\"color:blue; text-decoration:underline\"><span style=\"font-size:14.0pt\">Informa&ccedil;&otilde;es aqui<\/span><\/a><span class=\"MsoHyperlink\" style=\"color:blue\"><span style=\"text-decoration:underline\"><span style=\"font-size:14.0pt\"><span style=\"text-decoration:none\"><span style=\"text-underline:none\">.<\/span><\/span><\/span><\/span><\/span><\/span><\/span><\/span><\/p>\r\n\r\n<p style=\"text-align:justify\"><span style=\"font-size:11pt\"><span style=\"line-height:normal\"><span style=\"font-family:&quot;Calibri&quot;,sans-serif\"><span class=\"MsoHyperlink\" style=\"color:blue\"><span style=\"text-decoration:underline\"><b><span style=\"font-size:14.0pt\"><span style=\"text-decoration:none\"><span style=\"text-underline:none\">Feira HospitalMed, <\/span><\/span><\/span><\/b><\/span><\/span><span class=\"MsoHyperlink\" style=\"color:blue\"><span style=\"text-decoration:underline\"><span style=\"font-size:14.0pt\"><span style=\"text-decoration:none\"><span style=\"text-underline:none\">19 a 21 de outubro de 2022, Centro de Conven&ccedil;&otilde;es de Pernambuco. <\/span><\/span><\/span><\/span><\/span><a href=\"https:\/\/hospitalmed.com.br\/feira\/\" style=\"color:blue; text-decoration:underline\"><span style=\"font-size:14.0pt\">Informa&ccedil;&otilde;es aqui.<\/span><\/a><\/span><\/span><\/span><\/p>\r\n\r\n<p style=\"text-align:justify\"><span style=\"font-size:11pt\"><span style=\"line-height:normal\"><span style=\"font-family:&quot;Calibri&quot;,sans-serif\"><span class=\"MsoHyperlink\" style=\"color:blue\"><span style=\"text-decoration:underline\"><b><span style=\"font-size:14.0pt\"><span style=\"text-decoration:none\"><span style=\"text-underline:none\">CONAHP 2022 - Congresso Nacional de Hospitais Privados<\/span><\/span><\/span><\/b><\/span><\/span><span class=\"MsoHyperlink\" style=\"color:blue\"><span style=\"text-decoration:underline\"><span style=\"font-size:14.0pt\"><span style=\"text-decoration:none\"><span style=\"text-underline:none\">, 07 a 09 de novembro online, 10 e 11 de novembro no Transam&eacute;rica Expo Center. <\/span><\/span><\/span><\/span><\/span><a href=\"https:\/\/conahp.org.br\/2022\/\" style=\"color:blue; text-decoration:underline\"><span style=\"font-size:14.0pt\">Informa&ccedil;&otilde;es aqui<\/span><\/a><span class=\"MsoHyperlink\" style=\"color:blue\"><span style=\"text-decoration:underline\"><span style=\"font-size:14.0pt\"><span style=\"text-decoration:none\"><span style=\"text-underline:none\">.<\/span><\/span><\/span><\/span><\/span><\/span><\/span><\/span><\/p>\r\n\r\n<p class=\"MsoTitle\" style=\"text-align:justify\"><span style=\"font-size:28pt\"><span style=\"font-family:&quot;Cambria&quot;,serif\"><span style=\"letter-spacing:-0.5pt\"><b><span style=\"font-size:18.0pt\"><span style=\"font-family:&quot;Calibri&quot;,sans-serif\"><span style=\"font-variant:small-caps\">Setor<\/span><\/span><\/span><\/b><\/span><\/span><\/span><\/p>\r\n\r\n<p style=\"text-align:justify\"><span style=\"font-size:11pt\"><span style=\"line-height:normal\"><span style=\"font-family:&quot;Calibri&quot;,sans-serif\"><a href=\"https:\/\/istoe.com.br\/o-corante-que-destroi-o-coronavirus\/\" style=\"color:blue; text-decoration:underline\"><span style=\"font-size:14.0pt\">O corante que destr&oacute;i o coronav&iacute;rus<\/span><\/a><\/span><\/span><\/span><\/p>\r\n\r\n<p style=\"text-align:justify\"><span style=\"font-size:11pt\"><span style=\"line-height:normal\"><span style=\"font-family:&quot;Calibri&quot;,sans-serif\"><a href=\"https:\/\/www.innovationintextiles.com\/wipes-market-will-approach-30-billion-by-2027\/\" style=\"color:blue; text-decoration:underline\"><span style=\"font-size:14.0pt\">Wipes market will approach $30 billion by 2027<\/span><\/a><\/span><\/span><\/span><\/p>\r\n\r\n<p style=\"text-align:justify\"><span style=\"font-size:11pt\"><span style=\"line-height:normal\"><span style=\"font-family:&quot;Calibri&quot;,sans-serif\"><a href=\"https:\/\/www.technicaltextile.net\/articles\/nonwoven-wipes-and-its-patent-filing-trends-9334\" style=\"color:blue; text-decoration:underline\"><span style=\"font-size:14.0pt\">Nonwoven Wipes and its Patent filing Trends<\/span><\/a><\/span><\/span><\/span><\/p>\r\n\r\n<p style=\"text-align:justify\"><span style=\"font-size:11pt\"><span style=\"line-height:normal\"><span style=\"font-family:&quot;Calibri&quot;,sans-serif\"><a href=\"https:\/\/gizmodo.uol.com.br\/mais-que-um-filtro-cientistas-testam-mascaras-n95-que-neutralizam-virus\/\" style=\"color:blue; text-decoration:underline\"><span style=\"font-size:14.0pt\">Mais que um filtro: cientistas testam m&aacute;scaras N95 que neutralizam v&iacute;rus<\/span><\/a><\/span><\/span><\/span><\/p>\r\n\r\n<p style=\"text-align:justify\"><span style=\"font-size:11pt\"><span style=\"line-height:normal\"><span style=\"font-family:&quot;Calibri&quot;,sans-serif\"><a href=\"https:\/\/www.acrlatinoamerica.com\/2022062118171\/productos\/aire-acondicionado-y-ventilacion\/medio-filtrante-de-aire-de-polipropileno.html\" style=\"color:blue; text-decoration:underline\"><span style=\"font-size:14.0pt\">Medio filtrante de aire de polipropileno<\/span><\/a><\/span><\/span><\/span><\/p>\r\n\r\n<p style=\"text-align:justify\"><span style=\"font-size:11pt\"><span style=\"line-height:normal\"><span style=\"font-family:&quot;Calibri&quot;,sans-serif\"><a href=\"https:\/\/www.textiletechnology.net\/technical-textiles\/news\/truetzschler-partnership-with-texnology-32433?utm_source=%2Fmeta%2Fnewsletter%2Fnewsletter&amp;utm_medium=newsletter&amp;utm_campaign=nl900&amp;utm_term=0801b20e08c3242125d512808cd74302\" style=\"color:blue; text-decoration:underline\"><span style=\"font-size:14.0pt\">Tr&uuml;tzschler: Partnership with Texnology<\/span><\/a><\/span><\/span><\/span><\/p>\r\n\r\n<p style=\"text-align:justify\"><span style=\"font-size:11pt\"><span style=\"line-height:normal\"><span style=\"font-family:&quot;Calibri&quot;,sans-serif\"><a href=\"https:\/\/canalenergia.com.br\/noticias\/53216029\/braskem-e-veolia-iniciam-obras-de-construcao-de-usina-de-biomassa-em-alagoas\" style=\"color:blue; text-decoration:underline\"><span style=\"font-size:14.0pt\">Braskem e Veolia iniciam obras de constru&ccedil;&atilde;o de usina de biomassa em Alagoas<\/span><\/a><\/span><\/span><\/span><\/p>\r\n\r\n<p style=\"text-align:justify\"><span style=\"font-size:11pt\"><span style=\"line-height:normal\"><span style=\"font-family:&quot;Calibri&quot;,sans-serif\"><a href=\"https:\/\/www.nonwovens-industry.com\/live-from-shows\/techtextil\/2022-06-21\/berry-introduces-enduron-nonwovens?utm_source=SilverpopMailing&amp;utm_medium=email&amp;utm_campaign=NON_Live+from+Techtextil+2022+%286-22-2022%29+%28Final%29&amp;utm_content=&amp;spMailingID=8411149&amp;spUserID=NzcxNzIyNDQyMzgS1&amp;spJobID=1520511118&amp;spReportId=MTUyMDUxMTExOAS2\" style=\"color:blue; text-decoration:underline\"><span style=\"font-size:14.0pt\">Berry Introduces Endura Nonwovens<\/span><\/a><\/span><\/span><\/span><\/p>\r\n\r\n<p style=\"text-align:justify\"><span style=\"font-size:11pt\"><span style=\"line-height:normal\"><span style=\"font-family:&quot;Calibri&quot;,sans-serif\"><a href=\"https:\/\/www.technicaltextile.net\/news\/germany-s-freudenberg-endorses-sustainable-eco-check-label-products-281532.html\" style=\"color:blue; text-decoration:underline\"><span style=\"font-size:14.0pt\">Germany&rsquo;s Freudenberg endorses sustainable Eco-Check label products<\/span><\/a><\/span><\/span><\/span><\/p>\r\n\r\n<p style=\"text-align:justify\"><span style=\"font-size:11pt\"><span style=\"line-height:normal\"><span style=\"font-family:&quot;Calibri&quot;,sans-serif\"><a href=\"https:\/\/www.textiletechnology.net\/technical-textiles\/interview\/interview-with-frank-heislitz-of-freudenberg-pm-a-broader-technological-platform-32421?utm_source=%2Fmeta%2Fnewsletter%2Fnewsletter&amp;utm_medium=newsletter&amp;utm_campaign=nl899&amp;utm_term=0801b20e08c3242125d512808cd74302\" style=\"color:blue; text-decoration:underline\"><span style=\"font-size:14.0pt\">Interview with Frank Heislitz of Freudenberg PM: A broader technological platform<\/span><\/a><\/span><\/span><\/span><\/p>\r\n\r\n<p style=\"text-align:justify\"><span style=\"font-size:11pt\"><span style=\"line-height:normal\"><span style=\"font-family:&quot;Calibri&quot;,sans-serif\"><a href=\"https:\/\/www.technicaltextile.net\/news\/finland-s-suominen-launches-biolace-silva-baby-wipes-281582.html\" style=\"color:blue; text-decoration:underline\"><span style=\"font-size:14.0pt\">Finland&rsquo;s Suominen launches Biolace Silva baby wipes<\/span><\/a><\/span><\/span><\/span><\/p>\r\n\r\n<p style=\"text-align:justify\"><span style=\"font-size:11pt\"><span style=\"line-height:normal\"><span style=\"font-family:&quot;Calibri&quot;,sans-serif\"><a href=\"https:\/\/anahp.com.br\/pdf\/Indicadores-Qualidade-Hospitalar-Anahp-1T2022.pdf\" style=\"color:blue; text-decoration:underline\"><span style=\"font-size:14.0pt\">ANAHP: Indicadores de qualidade hospitalar<\/span><\/a><\/span><\/span><\/span><\/p>\r\n\r\n<p class=\"MsoTitle\" style=\"text-align:justify\"><span style=\"font-size:28pt\"><span style=\"font-family:&quot;Cambria&quot;,serif\"><span style=\"letter-spacing:-0.5pt\"><b><span style=\"font-size:18.0pt\"><span style=\"font-family:&quot;Calibri&quot;,sans-serif\"><span style=\"font-variant:small-caps\">Ind&uacute;stria<\/span><\/span><\/span><\/b><\/span><\/span><\/span><\/p>\r\n\r\n<p style=\"text-align:justify\"><span style=\"font-size:11pt\"><span style=\"line-height:normal\"><span style=\"font-family:&quot;Calibri&quot;,sans-serif\"><a href=\"https:\/\/grandesconstrucoes.com.br\/Noticias\/Exibir\/construcao-civil-enfrenta-conjuntura-desafiadora-aponta-estudo\" style=\"color:blue; text-decoration:underline\"><span style=\"font-size:14.0pt\">Constru&ccedil;&atilde;o civil enfrenta conjuntura desafiadora, aponta estudo<\/span><\/a><\/span><\/span><\/span><\/p>\r\n\r\n<p style=\"text-align:justify\"><span style=\"font-size:11pt\"><span style=\"line-height:normal\"><span style=\"font-family:&quot;Calibri&quot;,sans-serif\"><a href=\"https:\/\/diariodorio.com\/petroquimica-pode-atrair-r-65-bilhoes-para-o-rio-de-janeiro\/\" style=\"color:blue; text-decoration:underline\"><span style=\"font-size:14.0pt\">Ind&uacute;stria petroqu&iacute;mica pode atrair R$ 65 bilh&otilde;es para o Rio de Janeiro<\/span><\/a><\/span><\/span><\/span><\/p>\r\n\r\n<p style=\"text-align:justify\"><span style=\"font-size:11pt\"><span style=\"line-height:normal\"><span style=\"font-family:&quot;Calibri&quot;,sans-serif\"><a href=\"https:\/\/clickpetroleoegas.com.br\/escassez-de-componentes-eletronicos-gera-paralisacoes-em-industria-de-eletroeletronicos-e-em-fabricas-montadoras-de-veiculos-por-todo-o-brasil\/\" style=\"color:blue; text-decoration:underline\"><span style=\"font-size:14.0pt\">Escassez de componentes eletr&ocirc;nicos gera paralisa&ccedil;&otilde;es em ind&uacute;stria de eletroeletr&ocirc;nicos e em f&aacute;bricas montadoras de ve&iacute;culos por todo o Brasil<\/span><\/a><\/span><\/span><\/span><\/p>\r\n\r\n<p style=\"text-align:justify\"><span style=\"font-size:11pt\"><span style=\"line-height:normal\"><span style=\"font-family:&quot;Calibri&quot;,sans-serif\"><a href=\"https:\/\/www.fibre2fashion.com\/industry-article\/9407\/global-manufacturing-output-growth-stalled-by-supply-delays-and-price-hikes\" style=\"color:blue; text-decoration:underline\"><span style=\"font-size:14.0pt\">Global manufacturing output growth stalled by supply delays and price hikes<\/span><\/a><\/span><\/span><\/span><\/p>\r\n\r\n<p class=\"MsoTitle\" style=\"text-align:justify\"><span style=\"font-size:28pt\"><span style=\"font-family:&quot;Cambria&quot;,serif\"><span style=\"letter-spacing:-0.5pt\"><b><span style=\"font-size:18.0pt\"><span style=\"font-family:&quot;Calibri&quot;,sans-serif\"><span style=\"font-variant:small-caps\">Sustentabilidade<\/span><\/span><\/span><\/b><\/span><\/span><\/span><\/p>\r\n\r\n<p style=\"text-align:justify\"><span style=\"font-size:11pt\"><span style=\"line-height:normal\"><span style=\"font-family:&quot;Calibri&quot;,sans-serif\"><a href=\"https:\/\/cbn.globoradio.globo.com\/media\/audio\/378936\/empresas-esbarram-em-desafios-ao-tentar-contratar-.htm\" style=\"color:blue; text-decoration:underline\"><span style=\"font-size:14.0pt\">Empresas esbarram em desafios ao tentar contratar fornecedores que respeitem a agenda ESG<\/span><\/a><\/span><\/span><\/span><\/p>\r\n\r\n<p style=\"text-align:justify\"><span style=\"font-size:11pt\"><span style=\"line-height:normal\"><span style=\"font-family:&quot;Calibri&quot;,sans-serif\"><a href=\"https:\/\/exame.com\/esg\/financiamentos-sustentaveis-o-que-e-e-como-acessar\/\" style=\"color:blue; text-decoration:underline\"><span style=\"font-size:14.0pt\">Financiamentos sustent&aacute;veis: o que &eacute; e como acessar<\/span><\/a><\/span><\/span><\/span><\/p>\r\n\r\n<p style=\"text-align:justify\"><span style=\"font-size:11pt\"><span style=\"line-height:normal\"><span style=\"font-family:&quot;Calibri&quot;,sans-serif\"><a href=\"https:\/\/www.gov.br\/casacivil\/pt-br\/assuntos\/noticias\/2022\/junho\/destinados-rs-166-milhoes-para-continuidade-de-obras-de-saneamento-em-11%20estados\" style=\"color:blue; text-decoration:underline\"><span style=\"font-size:14.0pt\">Destinados R$ 16,6 milh&otilde;es para continuidade de obras de saneamento em 11 estados<\/span><\/a><\/span><\/span><\/span><\/p>\r\n\r\n<p style=\"text-align:justify\"><span style=\"font-size:11pt\"><span style=\"line-height:normal\"><span style=\"font-family:&quot;Calibri&quot;,sans-serif\"><a href=\"http:\/\/textileindustry.ning.com\/forum\/topics\/senai-cetiqt-debate-a-biologia-sint-tica-como-um-dos-pilares-para\" style=\"color:blue; text-decoration:underline\"><span style=\"font-size:14.0pt\">SENAI CETIQT debate a Biologia Sint&eacute;tica como um dos pilares para o desenvolvimento da bioeconomia<\/span><\/a><\/span><\/span><\/span><\/p>\r\n\r\n<p style=\"text-align:justify\"><span style=\"font-size:11pt\"><span style=\"line-height:normal\"><span style=\"font-family:&quot;Calibri&quot;,sans-serif\"><a href=\"https:\/\/exclusivo.com.br\/_conteudo\/negocios\/2022\/06\/21\/sustentabilidade-e-tema-de-webserie-do-exclusivo.html?utm_campaign=Webs%C3%A9rie+mostra+a+ado%C3%A7%C3%A3o+da+sustentabilidade+pela+ind%C3%BAstria+brasileira&amp;utm_content=Sustentabilidade+%C3%A9+tema+de+webs%C3%A9rie+do+Exclusivo+-+Jornal+Exclusivo+%283%29&amp;utm_medium=email&amp;utm_source=EmailMarketing&amp;utm_term=Webs%C3%A9rie+mostra+a+ado%C3%A7%C3%A3o+da+sustentabilidade+pela+ind%C3%BAstria+brasileira\" style=\"color:blue; text-decoration:underline\"><span style=\"font-size:14.0pt\">Sustentabilidade &eacute; tema de webs&eacute;rie do Exclusivo<\/span><\/a><\/span><\/span><\/span><\/p>\r\n\r\n<p style=\"text-align:justify\"><span style=\"font-size:11pt\"><span style=\"line-height:normal\"><span style=\"font-family:&quot;Calibri&quot;,sans-serif\"><a href=\"https:\/\/euratex.eu\/139\/rehubs-2022-circulating-textile-waste-into-value\/\" style=\"color:blue; text-decoration:underline\"><span style=\"font-size:14.0pt\">ReHubs 2022: circulating textile waste into value<\/span><\/a><\/span><\/span><\/span><\/p>\r\n\r\n<p style=\"text-align:justify\"><span style=\"font-size:11pt\"><span style=\"line-height:normal\"><span style=\"font-family:&quot;Calibri&quot;,sans-serif\"><a href=\"https:\/\/www.fibre2fashion.com\/news\/textile-news\/china-unveils-national-climate-change-adaptation-strategy-2035-281340-newsdetails.htm\" style=\"color:blue; text-decoration:underline\"><span style=\"font-size:14.0pt\">China unveils National Climate Change Adaptation Strategy 2035<\/span><\/a><\/span><\/span><\/span><\/p>\r\n\r\n<p class=\"MsoTitle\" style=\"text-align:justify\"><span style=\"font-size:28pt\"><span style=\"font-family:&quot;Cambria&quot;,serif\"><span style=\"letter-spacing:-0.5pt\"><b><span style=\"font-size:18.0pt\"><span style=\"font-family:&quot;Calibri&quot;,sans-serif\"><span style=\"font-variant:small-caps\">Inova&ccedil;&atilde;o<\/span><\/span><\/span><\/b><\/span><\/span><\/span><\/p>\r\n\r\n<p style=\"text-align:justify\"><span style=\"font-size:11pt\"><span style=\"line-height:normal\"><span style=\"font-family:&quot;Calibri&quot;,sans-serif\"><a href=\"https:\/\/www.correiobraziliense.com.br\/tecnologia\/2022\/06\/5017862-mascara-inteligente-monitora-tosses-para-doencas-respiratorias.html\" style=\"color:blue; text-decoration:underline\"><span style=\"font-size:14.0pt\">M&aacute;scara inteligente monitora tosses para doen&ccedil;as respirat&oacute;rias<\/span><\/a><\/span><\/span><\/span><\/p>\r\n\r\n<p class=\"MsoTitle\" style=\"text-align:justify\"><span style=\"font-size:28pt\"><span style=\"font-family:&quot;Cambria&quot;,serif\"><span style=\"letter-spacing:-0.5pt\"><b><span style=\"font-size:18.0pt\"><span style=\"font-family:&quot;Calibri&quot;,sans-serif\"><span style=\"font-variant:small-caps\">Com&eacute;rcio Exterior<\/span><\/span><\/span><\/b><\/span><\/span><\/span><\/p>\r\n\r\n<p style=\"text-align:justify\"><span style=\"font-size:11pt\"><span style=\"line-height:normal\"><span style=\"font-family:&quot;Calibri&quot;,sans-serif\"><a href=\"https:\/\/www.assintecal.org.br\/noticias\/4126\/exportacoes-de-componentes-somam-us-175-milhoes\" style=\"color:blue; text-decoration:underline\"><span style=\"font-size:14.0pt\">Exporta&ccedil;&otilde;es de componentes somam US$ 175 milh&otilde;es<\/span><\/a><\/span><\/span><\/span><\/p>\r\n\r\n<p style=\"text-align:justify\"><span style=\"font-size:11pt\"><span style=\"line-height:normal\"><span style=\"font-family:&quot;Calibri&quot;,sans-serif\"><a href=\"https:\/\/sovos.com\/pt-br\/blog\/tributos\/fim-da-taxa-de-capatazia-no-imposto-de-importacao-de-cargas-deve-arrecadar-r-3075-milhoes-aos-portos-brasileiros-em-2022\/?utm_source=&amp;utm_medium=&amp;utm_campaign=&amp;utm_term=&amp;utm_content=&amp;mkt_tok=MzM0LUhWTi0yNDkAAAGFNODTG2gUiWvtmt0ZmG_iip_MKcW7_qCZkJgaiDCo2rwAqqPw2dZ2yTEmehFFf4-UIWvDmX4Uix5yRO63Kq0ANJ8QfoViXKfXspqKfZRctvI\" style=\"color:blue; text-decoration:underline\"><span style=\"font-size:14.0pt\">Fim da taxa de capatazia no imposto de importa&ccedil;&atilde;o de cargas deve arrecadar R$ 307,5 milh&otilde;es aos portos brasileiros em 2022<\/span><\/a><\/span><\/span><\/span><\/p>\r\n\r\n<p style=\"text-align:justify\"><span style=\"font-size:11pt\"><span style=\"line-height:normal\"><span style=\"font-family:&quot;Calibri&quot;,sans-serif\"><a href=\"https:\/\/www.fibre2fashion.com\/news\/textile-news\/colombia-zeroes-import-duty-on-60-textile-items-to-fight-inflation-281348-newsdetails.htm\" style=\"color:blue; text-decoration:underline\"><span style=\"font-size:14.0pt\">Colombia zeroes import duty on 60 textile items to fight inflation<\/span><\/a><\/span><\/span><\/span><\/p>\r\n\r\n<p style=\"text-align:justify\"><span style=\"font-size:11pt\"><span style=\"line-height:normal\"><span style=\"font-family:&quot;Calibri&quot;,sans-serif\"><a href=\"https:\/\/agenciabrasil.ebc.com.br\/economia\/noticia\/2022-06\/entrada-na-ocde-ajudara-destravar-acordo-mercosul-ue-diz-chanceler\" style=\"color:blue; text-decoration:underline\"><span style=\"font-size:14.0pt\">Entrada na OCDE ajudar&aacute; a destravar acordo Mercosul-UE, diz chanceler<\/span><\/a><\/span><\/span><\/span><\/p>\r\n\r\n<p style=\"text-align:justify\"><span style=\"font-size:11pt\"><span style=\"line-height:normal\"><span style=\"font-family:&quot;Calibri&quot;,sans-serif\"><a href=\"https:\/\/www.gov.br\/casacivil\/pt-br\/assuntos\/noticias\/2022\/junho\/brasil-registra-superavit-na-balanca-comercial-com-us-32-19-bilhoes\" style=\"color:blue; text-decoration:underline\"><span style=\"font-size:14.0pt\">Brasil registra super&aacute;vit na balan&ccedil;a comercial, com US$ 32,19 bilh&otilde;es<\/span><\/a><\/span><\/span><\/span><\/p>\r\n\r\n<p style=\"text-align:justify\"><span style=\"font-size:11pt\"><span style=\"line-height:normal\"><span style=\"font-family:&quot;Calibri&quot;,sans-serif\"><a href=\"https:\/\/www.gov.br\/receitafederal\/pt-br\/assuntos\/noticias\/2022\/junho\/receita-federal-consolida-e-simplifica-regras-de-valoracao-aduaneira-de-mercadorias-importadas\" style=\"color:blue; text-decoration:underline\"><span style=\"font-size:14.0pt\">Receita Federal consolida e simplifica regras de valora&ccedil;&atilde;o aduaneira de mercadorias importadas<\/span><\/a><\/span><\/span><\/span><\/p>\r\n\r\n<p class=\"MsoTitle\" style=\"text-align:justify\"><span style=\"font-size:28pt\"><span style=\"font-family:&quot;Cambria&quot;,serif\"><span style=\"letter-spacing:-0.5pt\"><b><span style=\"font-size:18.0pt\"><span style=\"font-family:&quot;Calibri&quot;,sans-serif\"><span style=\"font-variant:small-caps\">Economia<\/span><\/span><\/span><\/b><\/span><\/span><\/span><\/p>\r\n\r\n<p style=\"text-align:justify\"><span style=\"font-size:11pt\"><span style=\"line-height:normal\"><span style=\"font-family:&quot;Calibri&quot;,sans-serif\"><a href=\"https:\/\/portalibre.fgv.br\/sites\/default\/files\/2022-06\/2022-06-boletim-macro.pdf\" style=\"color:blue; text-decoration:underline\"><span style=\"font-size:14.0pt\">FGV\/ IBRE - Boletim Macro: Desacelera&ccedil;&atilde;o &agrave; vista<\/span><\/a><\/span><\/span><\/span><\/p>\r\n\r\n<p style=\"text-align:justify\"><span style=\"font-size:11pt\"><span style=\"line-height:normal\"><span style=\"font-family:&quot;Calibri&quot;,sans-serif\"><a href=\"https:\/\/noticias.portaldaindustria.com.br\/noticias\/economia\/confianca-da-industria-aumenta-em-20-setores-e-cai-em-oito-em-junho\/\" style=\"color:blue; text-decoration:underline\"><span style=\"font-size:14.0pt\">Confian&ccedil;a da ind&uacute;stria aumenta em 20 setores e cai em oito em junho<\/span><\/a><\/span><\/span><\/span><\/p>\r\n\r\n<p style=\"text-align:justify\"><span style=\"font-size:11pt\"><span style=\"line-height:normal\"><span style=\"font-family:&quot;Calibri&quot;,sans-serif\"><a href=\"https:\/\/agenciabrasil.ebc.com.br\/economia\/noticia\/2022-06\/bc-projeta-crescimento-de-17-do-pib-para-2022\" style=\"color:blue; text-decoration:underline\"><span style=\"font-size:14.0pt\">BC projeta crescimento de 1,7% do PIB para 2022<\/span><\/a><\/span><\/span><\/span><\/p>\r\n\r\n<p style=\"text-align:justify\"><span style=\"font-size:11pt\"><span style=\"line-height:normal\"><span style=\"font-family:&quot;Calibri&quot;,sans-serif\"><a href=\"https:\/\/agenciabrasil.ebc.com.br\/economia\/noticia\/2022-06\/cmn-fixa-em-3-meta-de-inflacao-para-2025\" style=\"color:blue; text-decoration:underline\"><span style=\"font-size:14.0pt\">CMN fixa em 3% a meta de infla&ccedil;&atilde;o para 2025<\/span><\/a><\/span><\/span><\/span><\/p>\r\n\r\n<p style=\"text-align:justify\"><span style=\"font-size:11pt\"><span style=\"line-height:normal\"><span style=\"font-family:&quot;Calibri&quot;,sans-serif\"><a href=\"https:\/\/ibre.fgv.br\/blog-da-conjuntura-economica\/artigos\/desaceleracao-economica-e-inflacao\" style=\"color:blue; text-decoration:underline\"><span style=\"font-size:14.0pt\">Desacelera&ccedil;&atilde;o econ&ocirc;mica e infla&ccedil;&atilde;o<\/span><\/a><\/span><\/span><\/span><\/p>\r\n\r\n<p style=\"text-align:justify\"><span style=\"font-size:11pt\"><span style=\"line-height:normal\"><span style=\"font-family:&quot;Calibri&quot;,sans-serif\"><a href=\"https:\/\/portalibre.fgv.br\/noticias\/confianca-da-construcao-sobe-12-ponto-em-junho\" style=\"color:blue; text-decoration:underline\"><span style=\"font-size:14.0pt\">Confian&ccedil;a da Constru&ccedil;&atilde;o sobe 1,2 ponto em junho<\/span><\/a><\/span><\/span><\/span><\/p>\r\n\r\n<p style=\"text-align:justify\"><span style=\"font-size:11pt\"><span style=\"line-height:normal\"><span style=\"font-family:&quot;Calibri&quot;,sans-serif\"><a href=\"https:\/\/portal.fgv.br\/noticias\/incc-m-junho-2022\" style=\"color:blue; text-decoration:underline\"><span style=\"font-size:14.0pt\">INCC-M: &Iacute;ndice Nacional de Custos da Constru&ccedil;&atilde;o sobe 2,81% em junho de 2022<\/span><\/a><\/span><\/span><\/span><\/p>\r\n\r\n<p style=\"text-align:justify\"><span style=\"font-size:11pt\"><span style=\"line-height:normal\"><span style=\"font-family:&quot;Calibri&quot;,sans-serif\"><a href=\"https:\/\/www.ipea.gov.br\/portal\/index.php?option=com_content&amp;view=article&amp;id=39375&amp;catid=3&amp;Itemid=3\" style=\"color:blue; text-decoration:underline\"><span style=\"font-size:14.0pt\">Desemprego chega a 9,4% em abril, menor patamar desde outubro de 2015<\/span><\/a><\/span><\/span><\/span><\/p>\r\n\r\n<p style=\"text-align:justify\"><span style=\"font-size:11pt\"><span style=\"line-height:normal\"><span style=\"font-family:&quot;Calibri&quot;,sans-serif\"><a href=\"https:\/\/blogs.iadb.org\/ideas-matter\/en\/tackling-informality-for-fiscal-health-in-the-post-pandemic-period\/?j=724402&amp;sfmc_sub=194913938&amp;l=295_HTML&amp;u=13262174&amp;mid=100028582&amp;jb=9\" style=\"color:blue; text-decoration:underline\"><span style=\"font-size:14.0pt\">Tackling Informality for Fiscal Health in the Post-Pandemic Period<\/span><\/a><\/span><\/span><\/span><\/p>\r\n","6":"<p style=\"text-align:justify\"><span style=\"font-size:11pt\"><span style=\"line-height:normal\"><span style=\"font-family:&quot;Calibri&quot;,sans-serif\"><span style=\"font-size:14.0pt\">Esta &eacute; uma compila&ccedil;&atilde;o das not&iacute;cias mais relevantes para o setor, incluindo informa&ccedil;&otilde;es sobre acordos internacionais, economia brasileira, sustentabilidade e mat&eacute;rias primas, al&eacute;m de novidades do setor de N&atilde;otecidos e Tecidos T&eacute;cnicos.<\/span><\/span><\/span><\/span><\/p>\r\n\r\n<p class=\"MsoTitle\" style=\"text-align:justify\"><span style=\"font-size:28pt\"><span style=\"font-family:&quot;Cambria&quot;,serif\"><span style=\"letter-spacing:-0.5pt\"><b><span style=\"font-size:18.0pt\"><span style=\"font-family:&quot;Calibri&quot;,sans-serif\"><span style=\"font-variant:small-caps\">A&ccedil;&otilde;es da ABINT<\/span><\/span><\/span><\/b><\/span><\/span><\/span><\/p>\r\n\r\n<p style=\"margin-bottom:13px\"><span style=\"font-size:11pt\"><span style=\"line-height:115%\"><span style=\"font-family:&quot;Calibri&quot;,sans-serif\"><span style=\"font-size:14.0pt\"><span style=\"line-height:115%\"><a href=\"https:\/\/plastico.com.br\/revistas\/pm565\/index.html#p=39\" style=\"color:blue; text-decoration:underline\">GEOSSINT&Eacute;TICOS: Mercado firme para pl&aacute;sticos em aplica&ccedil;&otilde;es de grande porte e de relev&acirc;ncia crescente<\/a>, entrevista do Eng. Fernando Lavoie, Coordenador do CTG ABINT para a revista Pl&aacute;stico Moderno.<\/span><\/span><\/span><\/span><\/span><\/p>\r\n\r\n<p style=\"text-align:justify\"><img src=\"https:\/\/www.abint.org.br\/assets\/img\/editor\/logo-azul-64-85-165-e-verde-57-174-142-pequeno_202206281732560hSJIqrV5D.png\" \/><\/p>\r\n\r\n<p style=\"text-align:justify\"><span style=\"font-size:11pt\"><span style=\"line-height:normal\"><span style=\"font-family:&quot;Calibri&quot;,sans-serif\"><b><span style=\"font-size:14.0pt\">Confira as palestras do Nonwovens Day 2022!<\/span><\/b><\/span><\/span><\/span><\/p>\r\n\r\n<p style=\"text-align:justify\"><span style=\"font-size:11pt\"><span style=\"line-height:normal\"><span style=\"font-family:&quot;Calibri&quot;,sans-serif\"><span style=\"font-size:14.0pt\"><span style=\"background:white\"><span style=\"color:#444444\">As palestras do evento, que aconteceu dias <b>08 e 09 de junho de 2022, <\/b>ficar&atilde;o dispon&iacute;veis at&eacute; 08\/07\/2022. <\/span><\/span><\/span><a href=\"https:\/\/hall.inteegra.com.br\/83736\/\" style=\"color:blue; text-decoration:underline\"><b><span style=\"font-size:14.0pt\">ASSISTA AQUI<\/span><\/b><\/a><span style=\"font-size:14.0pt\">! Se voc&ecirc; n&atilde;o teve oportunidade de se inscrever e quer assistir as palestras, basta preencher o cadastro.<\/span><\/span><\/span><\/span><\/p>\r\n\r\n<p style=\"text-align:justify\">&nbsp;<\/p>\r\n\r\n<p style=\"text-align:justify\"><span style=\"font-size:11pt\"><span style=\"line-height:normal\"><span style=\"font-family:&quot;Calibri&quot;,sans-serif\"><b><span style=\"font-size:18.0pt\"><span style=\"font-variant:small-caps\">Eventos<\/span><\/span><\/b><\/span><\/span><\/span><\/p>\r\n\r\n<p style=\"text-align:justify\"><span style=\"font-size:11pt\"><span style=\"line-height:normal\"><span style=\"font-family:&quot;Calibri&quot;,sans-serif\"><span class=\"MsoHyperlink\" style=\"color:blue\"><span style=\"text-decoration:underline\"><b><span style=\"font-size:14.0pt\"><span style=\"text-decoration:none\"><span style=\"text-underline:none\">Semin&aacute;rio FIESP: O Papel dos Bancos de Desenvolvimento na Agenda de Sustentabilidade<\/span><\/span><\/span><\/b><\/span><\/span><span class=\"MsoHyperlink\" style=\"color:blue\"><span style=\"text-decoration:underline\"><span style=\"font-size:14.0pt\"><span style=\"text-decoration:none\"><span style=\"text-underline:none\">, 29 de junho de 2022. <\/span><\/span><\/span><\/span><\/span><a href=\"http:\/\/emkt.fiesp.ind.br\/emkt\/tracer\/?2,7220803,460d08b8,931d,2\" style=\"color:blue; text-decoration:underline\"><span style=\"font-size:14.0pt\">Informa&ccedil;&otilde;es aqui<\/span><\/a><span class=\"MsoHyperlink\" style=\"color:blue\"><span style=\"text-decoration:underline\"><span style=\"font-size:14.0pt\"><span style=\"text-decoration:none\"><span style=\"text-underline:none\">.<\/span><\/span><\/span><\/span><\/span><\/span><\/span><\/span><\/p>\r\n\r\n<p style=\"text-align:justify\"><span style=\"font-size:11pt\"><span style=\"line-height:normal\"><span style=\"font-family:&quot;Calibri&quot;,sans-serif\"><span class=\"MsoHyperlink\" style=\"color:blue\"><span style=\"text-decoration:underline\"><b><span style=\"font-size:14.0pt\"><span style=\"text-decoration:none\"><span style=\"text-underline:none\">CNI: Propostas da Ind&uacute;stria para as Elei&ccedil;&otilde;es 2022<\/span><\/span><\/span><\/b><\/span><\/span><span class=\"MsoHyperlink\" style=\"color:blue\"><span style=\"text-decoration:underline\"><span style=\"font-size:14.0pt\"><span style=\"text-decoration:none\"><span style=\"text-underline:none\">, 29 de junho, <b>e ENAI - Encontro Nacional da Ind&uacute;stria<\/b>, data 30 de junho. <\/span><\/span><\/span><\/span><\/span><a href=\"https:\/\/www.portaldaindustria.com.br\/cni\/canais\/propostas-da-industria-para-eleicoes\/home\/\" style=\"color:blue; text-decoration:underline\"><span style=\"font-size:14.0pt\">Informa&ccedil;&otilde;es aqui<\/span><\/a><span class=\"MsoHyperlink\" style=\"color:blue\"><span style=\"text-decoration:underline\"><span style=\"font-size:14.0pt\"><span style=\"text-decoration:none\"><span style=\"text-underline:none\">.<\/span><\/span><\/span><\/span><\/span><\/span><\/span><\/span><\/p>\r\n\r\n<p style=\"text-align:justify\"><span style=\"font-size:11pt\"><span style=\"line-height:normal\"><span style=\"font-family:&quot;Calibri&quot;,sans-serif\"><span class=\"MsoHyperlink\" style=\"color:blue\"><span style=\"text-decoration:underline\"><b><span style=\"font-size:14.0pt\"><span style=\"text-decoration:none\"><span style=\"text-underline:none\">Form&oacute;bile 2022, Feira Internacional da Ind&uacute;stria de M&oacute;veis e Madeira, <\/span><\/span><\/span><\/b><\/span><\/span><span class=\"MsoHyperlink\" style=\"color:blue\"><span style=\"text-decoration:underline\"><span style=\"font-size:14.0pt\"><span style=\"text-decoration:none\"><span style=\"text-underline:none\">&eacute; realizada de 5 a 8 de julho, das 10h &agrave;s 22h, no S&atilde;o Paulo Expo (Rod. dos Imigrantes - KM 1,5). Para informa&ccedil;&otilde;es, <\/span><\/span><\/span><\/span><\/span><a href=\"https:\/\/www.formobile.com.br\/pt\/a-feira.html\" style=\"color:blue; text-decoration:underline\"><span style=\"font-size:14.0pt\">clique aqui<\/span><\/a><span class=\"MsoHyperlink\" style=\"color:blue\"><span style=\"text-decoration:underline\"><span style=\"font-size:14.0pt\"><span style=\"text-decoration:none\"><span style=\"text-underline:none\">.<\/span><\/span><\/span><\/span><\/span><\/span><\/span><\/span><\/p>\r\n\r\n<p style=\"text-align:justify\"><span style=\"font-size:11pt\"><span style=\"line-height:normal\"><span style=\"font-family:&quot;Calibri&quot;,sans-serif\"><span class=\"MsoHyperlink\" style=\"color:blue\"><span style=\"text-decoration:underline\"><b><span style=\"font-size:14.0pt\"><span style=\"text-decoration:none\"><span style=\"text-underline:none\">Instituto Avan&ccedil;ado do Pl&aacute;stico: Curso Reciclagem de Pl&aacute;sticos<\/span><\/span><\/span><\/b><\/span><\/span><span class=\"MsoHyperlink\" style=\"color:blue\"><span style=\"text-decoration:underline\"><span style=\"font-size:14.0pt\"><span style=\"text-decoration:none\"><span style=\"text-underline:none\">, 05 e 06 de agosto. <\/span><\/span><\/span><\/span><\/span><a href=\"https:\/\/www.planetaplastico.com.br\/curso-reciclagem-de-plasticos\" style=\"color:blue; text-decoration:underline\"><span style=\"font-size:14.0pt\">Informa&ccedil;&otilde;es aqui<\/span><\/a><span class=\"MsoHyperlink\" style=\"color:blue\"><span style=\"text-decoration:underline\"><span style=\"font-size:14.0pt\"><span style=\"text-decoration:none\"><span style=\"text-underline:none\">.<\/span><\/span><\/span><\/span><\/span><\/span><\/span><\/span><\/p>\r\n\r\n<p style=\"text-align:justify\"><span style=\"font-size:11pt\"><span style=\"line-height:normal\"><span style=\"font-family:&quot;Calibri&quot;,sans-serif\"><span class=\"MsoHyperlink\" style=\"color:blue\"><span style=\"text-decoration:underline\"><b><span style=\"font-size:14.0pt\"><span style=\"text-decoration:none\"><span style=\"text-underline:none\">Feiplar Composites &amp; Feipur<\/span><\/span><\/span><\/b><\/span><\/span><span class=\"MsoHyperlink\" style=\"color:blue\"><span style=\"text-decoration:underline\"><span style=\"font-size:14.0pt\"><span style=\"text-decoration:none\"><span style=\"text-underline:none\">, 16 a 18 de agosto 2022, S&atilde;o Paulo Expo (Pavilh&atilde;o 5). <\/span><\/span><\/span><\/span><\/span><a href=\"http:\/\/www.feiplar.com.br\/O-Evento\/Apresentacao.php\" style=\"color:blue; text-decoration:underline\"><span style=\"font-size:14.0pt\">Informa&ccedil;&otilde;es aqui<\/span><\/a><span class=\"MsoHyperlink\" style=\"color:blue\"><span style=\"text-decoration:underline\"><span style=\"font-size:14.0pt\"><span style=\"text-decoration:none\"><span style=\"text-underline:none\">.<\/span><\/span><\/span><\/span><\/span><\/span><\/span><\/span><\/p>\r\n\r\n<p style=\"text-align:justify\"><span style=\"font-size:11pt\"><span style=\"line-height:normal\"><span style=\"font-family:&quot;Calibri&quot;,sans-serif\"><span class=\"MsoHyperlink\" style=\"color:blue\"><span style=\"text-decoration:underline\"><b><span style=\"font-size:14.0pt\"><span style=\"text-decoration:none\"><span style=\"text-underline:none\">Feira HospitalMed, <\/span><\/span><\/span><\/b><\/span><\/span><span class=\"MsoHyperlink\" style=\"color:blue\"><span style=\"text-decoration:underline\"><span style=\"font-size:14.0pt\"><span style=\"text-decoration:none\"><span style=\"text-underline:none\">19 a 21 de outubro de 2022, Centro de Conven&ccedil;&otilde;es de Pernambuco. <\/span><\/span><\/span><\/span><\/span><a href=\"https:\/\/hospitalmed.com.br\/feira\/\" style=\"color:blue; text-decoration:underline\"><span style=\"font-size:14.0pt\">Informa&ccedil;&otilde;es aqui.<\/span><\/a><\/span><\/span><\/span><\/p>\r\n\r\n<p style=\"text-align:justify\"><span style=\"font-size:11pt\"><span style=\"line-height:normal\"><span style=\"font-family:&quot;Calibri&quot;,sans-serif\"><span class=\"MsoHyperlink\" style=\"color:blue\"><span style=\"text-decoration:underline\"><b><span style=\"font-size:14.0pt\"><span style=\"text-decoration:none\"><span style=\"text-underline:none\">CONAHP 2022 - Congresso Nacional de Hospitais Privados<\/span><\/span><\/span><\/b><\/span><\/span><span class=\"MsoHyperlink\" style=\"color:blue\"><span style=\"text-decoration:underline\"><span style=\"font-size:14.0pt\"><span style=\"text-decoration:none\"><span style=\"text-underline:none\">, 07 a 09 de novembro online, 10 e 11 de novembro no Transam&eacute;rica Expo Center. <\/span><\/span><\/span><\/span><\/span><a href=\"https:\/\/conahp.org.br\/2022\/\" style=\"color:blue; text-decoration:underline\"><span style=\"font-size:14.0pt\">Informa&ccedil;&otilde;es aqui<\/span><\/a><span class=\"MsoHyperlink\" style=\"color:blue\"><span style=\"text-decoration:underline\"><span style=\"font-size:14.0pt\"><span style=\"text-decoration:none\"><span style=\"text-underline:none\">.<\/span><\/span><\/span><\/span><\/span><\/span><\/span><\/span><\/p>\r\n\r\n<p class=\"MsoTitle\" style=\"text-align:justify\"><span style=\"font-size:28pt\"><span style=\"font-family:&quot;Cambria&quot;,serif\"><span style=\"letter-spacing:-0.5pt\"><b><span style=\"font-size:18.0pt\"><span style=\"font-family:&quot;Calibri&quot;,sans-serif\"><span style=\"font-variant:small-caps\">Setor<\/span><\/span><\/span><\/b><\/span><\/span><\/span><\/p>\r\n\r\n<p style=\"text-align:justify\"><span style=\"font-size:11pt\"><span style=\"line-height:normal\"><span style=\"font-family:&quot;Calibri&quot;,sans-serif\"><a href=\"https:\/\/istoe.com.br\/o-corante-que-destroi-o-coronavirus\/\" style=\"color:blue; text-decoration:underline\"><span style=\"font-size:14.0pt\">O corante que destr&oacute;i o coronav&iacute;rus<\/span><\/a><\/span><\/span><\/span><\/p>\r\n\r\n<p style=\"text-align:justify\"><span style=\"font-size:11pt\"><span style=\"line-height:normal\"><span style=\"font-family:&quot;Calibri&quot;,sans-serif\"><a href=\"https:\/\/www.innovationintextiles.com\/wipes-market-will-approach-30-billion-by-2027\/\" style=\"color:blue; text-decoration:underline\"><span style=\"font-size:14.0pt\">Wipes market will approach $30 billion by 2027<\/span><\/a><\/span><\/span><\/span><\/p>\r\n\r\n<p style=\"text-align:justify\"><span style=\"font-size:11pt\"><span style=\"line-height:normal\"><span style=\"font-family:&quot;Calibri&quot;,sans-serif\"><a href=\"https:\/\/www.technicaltextile.net\/articles\/nonwoven-wipes-and-its-patent-filing-trends-9334\" style=\"color:blue; text-decoration:underline\"><span style=\"font-size:14.0pt\">Nonwoven Wipes and its Patent filing Trends<\/span><\/a><\/span><\/span><\/span><\/p>\r\n\r\n<p style=\"text-align:justify\"><span style=\"font-size:11pt\"><span style=\"line-height:normal\"><span style=\"font-family:&quot;Calibri&quot;,sans-serif\"><a href=\"https:\/\/gizmodo.uol.com.br\/mais-que-um-filtro-cientistas-testam-mascaras-n95-que-neutralizam-virus\/\" style=\"color:blue; text-decoration:underline\"><span style=\"font-size:14.0pt\">Mais que um filtro: cientistas testam m&aacute;scaras N95 que neutralizam v&iacute;rus<\/span><\/a><\/span><\/span><\/span><\/p>\r\n\r\n<p style=\"text-align:justify\"><span style=\"font-size:11pt\"><span style=\"line-height:normal\"><span style=\"font-family:&quot;Calibri&quot;,sans-serif\"><a href=\"https:\/\/www.acrlatinoamerica.com\/2022062118171\/productos\/aire-acondicionado-y-ventilacion\/medio-filtrante-de-aire-de-polipropileno.html\" style=\"color:blue; text-decoration:underline\"><span style=\"font-size:14.0pt\">Medio filtrante de aire de polipropileno<\/span><\/a><\/span><\/span><\/span><\/p>\r\n\r\n<p style=\"text-align:justify\"><span style=\"font-size:11pt\"><span style=\"line-height:normal\"><span style=\"font-family:&quot;Calibri&quot;,sans-serif\"><a href=\"https:\/\/www.textiletechnology.net\/technical-textiles\/news\/truetzschler-partnership-with-texnology-32433?utm_source=%2Fmeta%2Fnewsletter%2Fnewsletter&amp;utm_medium=newsletter&amp;utm_campaign=nl900&amp;utm_term=0801b20e08c3242125d512808cd74302\" style=\"color:blue; text-decoration:underline\"><span style=\"font-size:14.0pt\">Tr&uuml;tzschler: Partnership with Texnology<\/span><\/a><\/span><\/span><\/span><\/p>\r\n\r\n<p style=\"text-align:justify\"><span style=\"font-size:11pt\"><span style=\"line-height:normal\"><span style=\"font-family:&quot;Calibri&quot;,sans-serif\"><a href=\"https:\/\/canalenergia.com.br\/noticias\/53216029\/braskem-e-veolia-iniciam-obras-de-construcao-de-usina-de-biomassa-em-alagoas\" style=\"color:blue; text-decoration:underline\"><span style=\"font-size:14.0pt\">Braskem e Veolia iniciam obras de constru&ccedil;&atilde;o de usina de biomassa em Alagoas<\/span><\/a><\/span><\/span><\/span><\/p>\r\n\r\n<p style=\"text-align:justify\"><span style=\"font-size:11pt\"><span style=\"line-height:normal\"><span style=\"font-family:&quot;Calibri&quot;,sans-serif\"><a href=\"https:\/\/www.nonwovens-industry.com\/live-from-shows\/techtextil\/2022-06-21\/berry-introduces-enduron-nonwovens?utm_source=SilverpopMailing&amp;utm_medium=email&amp;utm_campaign=NON_Live+from+Techtextil+2022+%286-22-2022%29+%28Final%29&amp;utm_content=&amp;spMailingID=8411149&amp;spUserID=NzcxNzIyNDQyMzgS1&amp;spJobID=1520511118&amp;spReportId=MTUyMDUxMTExOAS2\" style=\"color:blue; text-decoration:underline\"><span style=\"font-size:14.0pt\">Berry Introduces Endura Nonwovens<\/span><\/a><\/span><\/span><\/span><\/p>\r\n\r\n<p style=\"text-align:justify\"><span style=\"font-size:11pt\"><span style=\"line-height:normal\"><span style=\"font-family:&quot;Calibri&quot;,sans-serif\"><a href=\"https:\/\/www.technicaltextile.net\/news\/germany-s-freudenberg-endorses-sustainable-eco-check-label-products-281532.html\" style=\"color:blue; text-decoration:underline\"><span style=\"font-size:14.0pt\">Germany&rsquo;s Freudenberg endorses sustainable Eco-Check label products<\/span><\/a><\/span><\/span><\/span><\/p>\r\n\r\n<p style=\"text-align:justify\"><span style=\"font-size:11pt\"><span style=\"line-height:normal\"><span style=\"font-family:&quot;Calibri&quot;,sans-serif\"><a href=\"https:\/\/www.textiletechnology.net\/technical-textiles\/interview\/interview-with-frank-heislitz-of-freudenberg-pm-a-broader-technological-platform-32421?utm_source=%2Fmeta%2Fnewsletter%2Fnewsletter&amp;utm_medium=newsletter&amp;utm_campaign=nl899&amp;utm_term=0801b20e08c3242125d512808cd74302\" style=\"color:blue; text-decoration:underline\"><span style=\"font-size:14.0pt\">Interview with Frank Heislitz of Freudenberg PM: A broader technological platform<\/span><\/a><\/span><\/span><\/span><\/p>\r\n\r\n<p style=\"text-align:justify\"><span style=\"font-size:11pt\"><span style=\"line-height:normal\"><span style=\"font-family:&quot;Calibri&quot;,sans-serif\"><a href=\"https:\/\/www.technicaltextile.net\/news\/finland-s-suominen-launches-biolace-silva-baby-wipes-281582.html\" style=\"color:blue; text-decoration:underline\"><span style=\"font-size:14.0pt\">Finland&rsquo;s Suominen launches Biolace Silva baby wipes<\/span><\/a><\/span><\/span><\/span><\/p>\r\n\r\n<p style=\"text-align:justify\"><span style=\"font-size:11pt\"><span style=\"line-height:normal\"><span style=\"font-family:&quot;Calibri&quot;,sans-serif\"><a href=\"https:\/\/anahp.com.br\/pdf\/Indicadores-Qualidade-Hospitalar-Anahp-1T2022.pdf\" style=\"color:blue; text-decoration:underline\"><span style=\"font-size:14.0pt\">ANAHP: Indicadores de qualidade hospitalar<\/span><\/a><\/span><\/span><\/span><\/p>\r\n\r\n<p class=\"MsoTitle\" style=\"text-align:justify\"><span style=\"font-size:28pt\"><span style=\"font-family:&quot;Cambria&quot;,serif\"><span style=\"letter-spacing:-0.5pt\"><b><span style=\"font-size:18.0pt\"><span style=\"font-family:&quot;Calibri&quot;,sans-serif\"><span style=\"font-variant:small-caps\">Ind&uacute;stria<\/span><\/span><\/span><\/b><\/span><\/span><\/span><\/p>\r\n\r\n<p style=\"text-align:justify\"><span style=\"font-size:11pt\"><span style=\"line-height:normal\"><span style=\"font-family:&quot;Calibri&quot;,sans-serif\"><a href=\"https:\/\/grandesconstrucoes.com.br\/Noticias\/Exibir\/construcao-civil-enfrenta-conjuntura-desafiadora-aponta-estudo\" style=\"color:blue; text-decoration:underline\"><span style=\"font-size:14.0pt\">Constru&ccedil;&atilde;o civil enfrenta conjuntura desafiadora, aponta estudo<\/span><\/a><\/span><\/span><\/span><\/p>\r\n\r\n<p style=\"text-align:justify\"><span style=\"font-size:11pt\"><span style=\"line-height:normal\"><span style=\"font-family:&quot;Calibri&quot;,sans-serif\"><a href=\"https:\/\/diariodorio.com\/petroquimica-pode-atrair-r-65-bilhoes-para-o-rio-de-janeiro\/\" style=\"color:blue; text-decoration:underline\"><span style=\"font-size:14.0pt\">Ind&uacute;stria petroqu&iacute;mica pode atrair R$ 65 bilh&otilde;es para o Rio de Janeiro<\/span><\/a><\/span><\/span><\/span><\/p>\r\n\r\n<p style=\"text-align:justify\"><span style=\"font-size:11pt\"><span style=\"line-height:normal\"><span style=\"font-family:&quot;Calibri&quot;,sans-serif\"><a href=\"https:\/\/clickpetroleoegas.com.br\/escassez-de-componentes-eletronicos-gera-paralisacoes-em-industria-de-eletroeletronicos-e-em-fabricas-montadoras-de-veiculos-por-todo-o-brasil\/\" style=\"color:blue; text-decoration:underline\"><span style=\"font-size:14.0pt\">Escassez de componentes eletr&ocirc;nicos gera paralisa&ccedil;&otilde;es em ind&uacute;stria de eletroeletr&ocirc;nicos e em f&aacute;bricas montadoras de ve&iacute;culos por todo o Brasil<\/span><\/a><\/span><\/span><\/span><\/p>\r\n\r\n<p style=\"text-align:justify\"><span style=\"font-size:11pt\"><span style=\"line-height:normal\"><span style=\"font-family:&quot;Calibri&quot;,sans-serif\"><a href=\"https:\/\/www.fibre2fashion.com\/industry-article\/9407\/global-manufacturing-output-growth-stalled-by-supply-delays-and-price-hikes\" style=\"color:blue; text-decoration:underline\"><span style=\"font-size:14.0pt\">Global manufacturing output growth stalled by supply delays and price hikes<\/span><\/a><\/span><\/span><\/span><\/p>\r\n\r\n<p class=\"MsoTitle\" style=\"text-align:justify\"><span style=\"font-size:28pt\"><span style=\"font-family:&quot;Cambria&quot;,serif\"><span style=\"letter-spacing:-0.5pt\"><b><span style=\"font-size:18.0pt\"><span style=\"font-family:&quot;Calibri&quot;,sans-serif\"><span style=\"font-variant:small-caps\">Sustentabilidade<\/span><\/span><\/span><\/b><\/span><\/span><\/span><\/p>\r\n\r\n<p style=\"text-align:justify\"><span style=\"font-size:11pt\"><span style=\"line-height:normal\"><span style=\"font-family:&quot;Calibri&quot;,sans-serif\"><a href=\"https:\/\/cbn.globoradio.globo.com\/media\/audio\/378936\/empresas-esbarram-em-desafios-ao-tentar-contratar-.htm\" style=\"color:blue; text-decoration:underline\"><span style=\"font-size:14.0pt\">Empresas esbarram em desafios ao tentar contratar fornecedores que respeitem a agenda ESG<\/span><\/a><\/span><\/span><\/span><\/p>\r\n\r\n<p style=\"text-align:justify\"><span style=\"font-size:11pt\"><span style=\"line-height:normal\"><span style=\"font-family:&quot;Calibri&quot;,sans-serif\"><a href=\"https:\/\/exame.com\/esg\/financiamentos-sustentaveis-o-que-e-e-como-acessar\/\" style=\"color:blue; text-decoration:underline\"><span style=\"font-size:14.0pt\">Financiamentos sustent&aacute;veis: o que &eacute; e como acessar<\/span><\/a><\/span><\/span><\/span><\/p>\r\n\r\n<p style=\"text-align:justify\"><span style=\"font-size:11pt\"><span style=\"line-height:normal\"><span style=\"font-family:&quot;Calibri&quot;,sans-serif\"><a href=\"https:\/\/www.gov.br\/casacivil\/pt-br\/assuntos\/noticias\/2022\/junho\/destinados-rs-166-milhoes-para-continuidade-de-obras-de-saneamento-em-11%20estados\" style=\"color:blue; text-decoration:underline\"><span style=\"font-size:14.0pt\">Destinados R$ 16,6 milh&otilde;es para continuidade de obras de saneamento em 11 estados<\/span><\/a><\/span><\/span><\/span><\/p>\r\n\r\n<p style=\"text-align:justify\"><span style=\"font-size:11pt\"><span style=\"line-height:normal\"><span style=\"font-family:&quot;Calibri&quot;,sans-serif\"><a href=\"http:\/\/textileindustry.ning.com\/forum\/topics\/senai-cetiqt-debate-a-biologia-sint-tica-como-um-dos-pilares-para\" style=\"color:blue; text-decoration:underline\"><span style=\"font-size:14.0pt\">SENAI CETIQT debate a Biologia Sint&eacute;tica como um dos pilares para o desenvolvimento da bioeconomia<\/span><\/a><\/span><\/span><\/span><\/p>\r\n\r\n<p style=\"text-align:justify\"><span style=\"font-size:11pt\"><span style=\"line-height:normal\"><span style=\"font-family:&quot;Calibri&quot;,sans-serif\"><a href=\"https:\/\/exclusivo.com.br\/_conteudo\/negocios\/2022\/06\/21\/sustentabilidade-e-tema-de-webserie-do-exclusivo.html?utm_campaign=Webs%C3%A9rie+mostra+a+ado%C3%A7%C3%A3o+da+sustentabilidade+pela+ind%C3%BAstria+brasileira&amp;utm_content=Sustentabilidade+%C3%A9+tema+de+webs%C3%A9rie+do+Exclusivo+-+Jornal+Exclusivo+%283%29&amp;utm_medium=email&amp;utm_source=EmailMarketing&amp;utm_term=Webs%C3%A9rie+mostra+a+ado%C3%A7%C3%A3o+da+sustentabilidade+pela+ind%C3%BAstria+brasileira\" style=\"color:blue; text-decoration:underline\"><span style=\"font-size:14.0pt\">Sustentabilidade &eacute; tema de webs&eacute;rie do Exclusivo<\/span><\/a><\/span><\/span><\/span><\/p>\r\n\r\n<p style=\"text-align:justify\"><span style=\"font-size:11pt\"><span style=\"line-height:normal\"><span style=\"font-family:&quot;Calibri&quot;,sans-serif\"><a href=\"https:\/\/euratex.eu\/139\/rehubs-2022-circulating-textile-waste-into-value\/\" style=\"color:blue; text-decoration:underline\"><span style=\"font-size:14.0pt\">ReHubs 2022: circulating textile waste into value<\/span><\/a><\/span><\/span><\/span><\/p>\r\n\r\n<p style=\"text-align:justify\"><span style=\"font-size:11pt\"><span style=\"line-height:normal\"><span style=\"font-family:&quot;Calibri&quot;,sans-serif\"><a href=\"https:\/\/www.fibre2fashion.com\/news\/textile-news\/china-unveils-national-climate-change-adaptation-strategy-2035-281340-newsdetails.htm\" style=\"color:blue; text-decoration:underline\"><span style=\"font-size:14.0pt\">China unveils National Climate Change Adaptation Strategy 2035<\/span><\/a><\/span><\/span><\/span><\/p>\r\n\r\n<p class=\"MsoTitle\" style=\"text-align:justify\"><span style=\"font-size:28pt\"><span style=\"font-family:&quot;Cambria&quot;,serif\"><span style=\"letter-spacing:-0.5pt\"><b><span style=\"font-size:18.0pt\"><span style=\"font-family:&quot;Calibri&quot;,sans-serif\"><span style=\"font-variant:small-caps\">Inova&ccedil;&atilde;o<\/span><\/span><\/span><\/b><\/span><\/span><\/span><\/p>\r\n\r\n<p style=\"text-align:justify\"><span style=\"font-size:11pt\"><span style=\"line-height:normal\"><span style=\"font-family:&quot;Calibri&quot;,sans-serif\"><a href=\"https:\/\/www.correiobraziliense.com.br\/tecnologia\/2022\/06\/5017862-mascara-inteligente-monitora-tosses-para-doencas-respiratorias.html\" style=\"color:blue; text-decoration:underline\"><span style=\"font-size:14.0pt\">M&aacute;scara inteligente monitora tosses para doen&ccedil;as respirat&oacute;rias<\/span><\/a><\/span><\/span><\/span><\/p>\r\n\r\n<p class=\"MsoTitle\" style=\"text-align:justify\"><span style=\"font-size:28pt\"><span style=\"font-family:&quot;Cambria&quot;,serif\"><span style=\"letter-spacing:-0.5pt\"><b><span style=\"font-size:18.0pt\"><span style=\"font-family:&quot;Calibri&quot;,sans-serif\"><span style=\"font-variant:small-caps\">Com&eacute;rcio Exterior<\/span><\/span><\/span><\/b><\/span><\/span><\/span><\/p>\r\n\r\n<p style=\"text-align:justify\"><span style=\"font-size:11pt\"><span style=\"line-height:normal\"><span style=\"font-family:&quot;Calibri&quot;,sans-serif\"><a href=\"https:\/\/www.assintecal.org.br\/noticias\/4126\/exportacoes-de-componentes-somam-us-175-milhoes\" style=\"color:blue; text-decoration:underline\"><span style=\"font-size:14.0pt\">Exporta&ccedil;&otilde;es de componentes somam US$ 175 milh&otilde;es<\/span><\/a><\/span><\/span><\/span><\/p>\r\n\r\n<p style=\"text-align:justify\"><span style=\"font-size:11pt\"><span style=\"line-height:normal\"><span style=\"font-family:&quot;Calibri&quot;,sans-serif\"><a href=\"https:\/\/sovos.com\/pt-br\/blog\/tributos\/fim-da-taxa-de-capatazia-no-imposto-de-importacao-de-cargas-deve-arrecadar-r-3075-milhoes-aos-portos-brasileiros-em-2022\/?utm_source=&amp;utm_medium=&amp;utm_campaign=&amp;utm_term=&amp;utm_content=&amp;mkt_tok=MzM0LUhWTi0yNDkAAAGFNODTG2gUiWvtmt0ZmG_iip_MKcW7_qCZkJgaiDCo2rwAqqPw2dZ2yTEmehFFf4-UIWvDmX4Uix5yRO63Kq0ANJ8QfoViXKfXspqKfZRctvI\" style=\"color:blue; text-decoration:underline\"><span style=\"font-size:14.0pt\">Fim da taxa de capatazia no imposto de importa&ccedil;&atilde;o de cargas deve arrecadar R$ 307,5 milh&otilde;es aos portos brasileiros em 2022<\/span><\/a><\/span><\/span><\/span><\/p>\r\n\r\n<p style=\"text-align:justify\"><span style=\"font-size:11pt\"><span style=\"line-height:normal\"><span style=\"font-family:&quot;Calibri&quot;,sans-serif\"><a href=\"https:\/\/www.fibre2fashion.com\/news\/textile-news\/colombia-zeroes-import-duty-on-60-textile-items-to-fight-inflation-281348-newsdetails.htm\" style=\"color:blue; text-decoration:underline\"><span style=\"font-size:14.0pt\">Colombia zeroes import duty on 60 textile items to fight inflation<\/span><\/a><\/span><\/span><\/span><\/p>\r\n\r\n<p style=\"text-align:justify\"><span style=\"font-size:11pt\"><span style=\"line-height:normal\"><span style=\"font-family:&quot;Calibri&quot;,sans-serif\"><a href=\"https:\/\/agenciabrasil.ebc.com.br\/economia\/noticia\/2022-06\/entrada-na-ocde-ajudara-destravar-acordo-mercosul-ue-diz-chanceler\" style=\"color:blue; text-decoration:underline\"><span style=\"font-size:14.0pt\">Entrada na OCDE ajudar&aacute; a destravar acordo Mercosul-UE, diz chanceler<\/span><\/a><\/span><\/span><\/span><\/p>\r\n\r\n<p style=\"text-align:justify\"><span style=\"font-size:11pt\"><span style=\"line-height:normal\"><span style=\"font-family:&quot;Calibri&quot;,sans-serif\"><a href=\"https:\/\/www.gov.br\/casacivil\/pt-br\/assuntos\/noticias\/2022\/junho\/brasil-registra-superavit-na-balanca-comercial-com-us-32-19-bilhoes\" style=\"color:blue; text-decoration:underline\"><span style=\"font-size:14.0pt\">Brasil registra super&aacute;vit na balan&ccedil;a comercial, com US$ 32,19 bilh&otilde;es<\/span><\/a><\/span><\/span><\/span><\/p>\r\n\r\n<p style=\"text-align:justify\"><span style=\"font-size:11pt\"><span style=\"line-height:normal\"><span style=\"font-family:&quot;Calibri&quot;,sans-serif\"><a href=\"https:\/\/www.gov.br\/receitafederal\/pt-br\/assuntos\/noticias\/2022\/junho\/receita-federal-consolida-e-simplifica-regras-de-valoracao-aduaneira-de-mercadorias-importadas\" style=\"color:blue; text-decoration:underline\"><span style=\"font-size:14.0pt\">Receita Federal consolida e simplifica regras de valora&ccedil;&atilde;o aduaneira de mercadorias importadas<\/span><\/a><\/span><\/span><\/span><\/p>\r\n\r\n<p class=\"MsoTitle\" style=\"text-align:justify\"><span style=\"font-size:28pt\"><span style=\"font-family:&quot;Cambria&quot;,serif\"><span style=\"letter-spacing:-0.5pt\"><b><span style=\"font-size:18.0pt\"><span style=\"font-family:&quot;Calibri&quot;,sans-serif\"><span style=\"font-variant:small-caps\">Economia<\/span><\/span><\/span><\/b><\/span><\/span><\/span><\/p>\r\n\r\n<p style=\"text-align:justify\"><span style=\"font-size:11pt\"><span style=\"line-height:normal\"><span style=\"font-family:&quot;Calibri&quot;,sans-serif\"><a href=\"https:\/\/portalibre.fgv.br\/sites\/default\/files\/2022-06\/2022-06-boletim-macro.pdf\" style=\"color:blue; text-decoration:underline\"><span style=\"font-size:14.0pt\">FGV\/ IBRE - Boletim Macro: Desacelera&ccedil;&atilde;o &agrave; vista<\/span><\/a><\/span><\/span><\/span><\/p>\r\n\r\n<p style=\"text-align:justify\"><span style=\"font-size:11pt\"><span style=\"line-height:normal\"><span style=\"font-family:&quot;Calibri&quot;,sans-serif\"><a href=\"https:\/\/noticias.portaldaindustria.com.br\/noticias\/economia\/confianca-da-industria-aumenta-em-20-setores-e-cai-em-oito-em-junho\/\" style=\"color:blue; text-decoration:underline\"><span style=\"font-size:14.0pt\">Confian&ccedil;a da ind&uacute;stria aumenta em 20 setores e cai em oito em junho<\/span><\/a><\/span><\/span><\/span><\/p>\r\n\r\n<p style=\"text-align:justify\"><span style=\"font-size:11pt\"><span style=\"line-height:normal\"><span style=\"font-family:&quot;Calibri&quot;,sans-serif\"><a href=\"https:\/\/agenciabrasil.ebc.com.br\/economia\/noticia\/2022-06\/bc-projeta-crescimento-de-17-do-pib-para-2022\" style=\"color:blue; text-decoration:underline\"><span style=\"font-size:14.0pt\">BC projeta crescimento de 1,7% do PIB para 2022<\/span><\/a><\/span><\/span><\/span><\/p>\r\n\r\n<p style=\"text-align:justify\"><span style=\"font-size:11pt\"><span style=\"line-height:normal\"><span style=\"font-family:&quot;Calibri&quot;,sans-serif\"><a href=\"https:\/\/agenciabrasil.ebc.com.br\/economia\/noticia\/2022-06\/cmn-fixa-em-3-meta-de-inflacao-para-2025\" style=\"color:blue; text-decoration:underline\"><span style=\"font-size:14.0pt\">CMN fixa em 3% a meta de infla&ccedil;&atilde;o para 2025<\/span><\/a><\/span><\/span><\/span><\/p>\r\n\r\n<p style=\"text-align:justify\"><span style=\"font-size:11pt\"><span style=\"line-height:normal\"><span style=\"font-family:&quot;Calibri&quot;,sans-serif\"><a href=\"https:\/\/ibre.fgv.br\/blog-da-conjuntura-economica\/artigos\/desaceleracao-economica-e-inflacao\" style=\"color:blue; text-decoration:underline\"><span style=\"font-size:14.0pt\">Desacelera&ccedil;&atilde;o econ&ocirc;mica e infla&ccedil;&atilde;o<\/span><\/a><\/span><\/span><\/span><\/p>\r\n\r\n<p style=\"text-align:justify\"><span style=\"font-size:11pt\"><span style=\"line-height:normal\"><span style=\"font-family:&quot;Calibri&quot;,sans-serif\"><a href=\"https:\/\/portalibre.fgv.br\/noticias\/confianca-da-construcao-sobe-12-ponto-em-junho\" style=\"color:blue; text-decoration:underline\"><span style=\"font-size:14.0pt\">Confian&ccedil;a da Constru&ccedil;&atilde;o sobe 1,2 ponto em junho<\/span><\/a><\/span><\/span><\/span><\/p>\r\n\r\n<p style=\"text-align:justify\"><span style=\"font-size:11pt\"><span style=\"line-height:normal\"><span style=\"font-family:&quot;Calibri&quot;,sans-serif\"><a href=\"https:\/\/portal.fgv.br\/noticias\/incc-m-junho-2022\" style=\"color:blue; text-decoration:underline\"><span style=\"font-size:14.0pt\">INCC-M: &Iacute;ndice Nacional de Custos da Constru&ccedil;&atilde;o sobe 2,81% em junho de 2022<\/span><\/a><\/span><\/span><\/span><\/p>\r\n\r\n<p style=\"text-align:justify\"><span style=\"font-size:11pt\"><span style=\"line-height:normal\"><span style=\"font-family:&quot;Calibri&quot;,sans-serif\"><a href=\"https:\/\/www.ipea.gov.br\/portal\/index.php?option=com_content&amp;view=article&amp;id=39375&amp;catid=3&amp;Itemid=3\" style=\"color:blue; text-decoration:underline\"><span style=\"font-size:14.0pt\">Desemprego chega a 9,4% em abril, menor patamar desde outubro de 2015<\/span><\/a><\/span><\/span><\/span><\/p>\r\n\r\n<p style=\"text-align:justify\"><span style=\"font-size:11pt\"><span style=\"line-height:normal\"><span style=\"font-family:&quot;Calibri&quot;,sans-serif\"><a href=\"https:\/\/blogs.iadb.org\/ideas-matter\/en\/tackling-informality-for-fiscal-health-in-the-post-pandemic-period\/?j=724402&amp;sfmc_sub=194913938&amp;l=295_HTML&amp;u=13262174&amp;mid=100028582&amp;jb=9\" style=\"color:blue; text-decoration:underline\"><span style=\"font-size:14.0pt\">Tackling Informality for Fiscal Health in the Post-Pandemic Period<\/span><\/a><\/span><\/span><\/span><\/p>\r\n","texto_en":"","7":"","imagem":"COMP_banner-padrao-home-destaques-boletim_20220628173823ewTFFBEi96.jpg","8":"COMP_banner-padrao-home-destaques-boletim_20220628173823ewTFFBEi96.jpg","arquivo":"20220628-NOTICIAS-SEMANAIS.PDF","9":"20220628-NOTICIAS-SEMANAIS.PDF","titulo_arquivo":"","10":"","titulo_arquivo_en":"","11":"","created_at":"2022-06-28 17:38:33","12":"2022-06-28 17:38:33","updated_at":"2022-06-28 17:38:33","13":"2022-06-28 17:38:33"},{"id":22,"0":22,"ordem":201,"1":201,"data":"2022-06-21","2":"2022-06-21","slug":"boletim-de-noticias-semanais-19","3":"boletim-de-noticias-semanais-19","titulo":"Boletim de Not\u00edcias Semanais","4":"Boletim de Not\u00edcias Semanais","titulo_en":"","5":"","texto":"<p style=\"text-align:justify\"><span style=\"font-size:11pt\"><span style=\"line-height:normal\"><span calibri=\"\" style=\"font-family:\"><span style=\"font-size:14.0pt\">Esta &eacute; uma compila&ccedil;&atilde;o das not&iacute;cias mais relevantes para o setor, incluindo informa&ccedil;&otilde;es sobre acordos internacionais, economia brasileira, sustentabilidade e mat&eacute;rias primas, al&eacute;m de novidades do setor de N&atilde;otecidos e Tecidos T&eacute;cnicos.<\/span><\/span><\/span><\/span><\/p>\r\n\r\n<p class=\"MsoTitle\" style=\"text-align:justify\"><span style=\"font-size:28pt\"><span cambria=\"\" style=\"font-family:\"><span style=\"letter-spacing:-0.5pt\"><b><span style=\"font-size:18.0pt\"><span calibri=\"\" style=\"font-family:\"><span style=\"font-variant:small-caps\">A&ccedil;&otilde;es da ABINT<\/span><\/span><\/span><\/b><\/span><\/span><\/span><\/p>\r\n\r\n<p style=\"text-align:justify\"><span style=\"font-size:11pt\"><span style=\"line-height:normal\"><span calibri=\"\" style=\"font-family:\"><a href=\"https:\/\/valor.globo.com\/empresas\/noticia\/2022\/06\/20\/fabricantes-de-nao-tecidos-postergam-novos-investimentos.ghtml\" style=\"color:blue; text-decoration:underline\"><span style=\"font-size:14.0pt\">Fabricantes de n&atilde;o tecidos postergam novos investimentos<\/span><\/a><span class=\"MsoHyperlink\" style=\"color:blue\"><span style=\"text-decoration:underline\"><span style=\"font-size:14.0pt\"><span style=\"text-decoration:none\"><span style=\"text-underline:none\">, Valor Econ&ocirc;mico 20\/06\/2022<\/span><\/span><\/span><\/span><\/span><\/span><\/span><\/span><\/p>\r\n\r\n<p style=\"text-align:justify\">&nbsp;<\/p>\r\n\r\n<p style=\"text-align:justify\"><img src=\"https:\/\/www.abint.org.br\/assets\/img\/editor\/logo-final-nonwonvens-day-39ae8e-24-03_20220621125024WHuxSKthKR.png\" \/><\/p>\r\n\r\n<p style=\"text-align:justify\">&nbsp;<\/p>\r\n\r\n<p style=\"text-align:justify\">&nbsp;<\/p>\r\n\r\n<p style=\"text-align:justify\"><span style=\"font-size:11pt\"><span style=\"line-height:normal\"><span calibri=\"\" style=\"font-family:\"><b><span style=\"font-size:14.0pt\">Confira as palestras do Nonwovens Day 2022!<\/span><\/b><\/span><\/span><\/span><\/p>\r\n\r\n<p style=\"text-align:justify\"><span style=\"font-size:11pt\"><span style=\"line-height:normal\"><span calibri=\"\" style=\"font-family:\"><span style=\"font-size:14.0pt\"><span style=\"background:white\"><span style=\"color:#444444\">As palestras do evento, que aconteceu dias <b>08 e 09 de junho de 2022, <\/b>ficar&atilde;o dispon&iacute;veis at&eacute; 08\/07\/2022. <\/span><\/span><\/span><a href=\"https:\/\/hall.inteegra.com.br\/83736\/\" style=\"color:blue; text-decoration:underline\"><b><span style=\"font-size:14.0pt\">ASSISTA AQUI<\/span><\/b><\/a><span style=\"font-size:14.0pt\">! Se voc&ecirc; n&atilde;o teve oportunidade de se inscrever e quer assistir as palestras, basta preencher o cadastro.<\/span><\/span><\/span><\/span><\/p>\r\n\r\n<p style=\"text-align:justify\">&nbsp;<\/p>\r\n\r\n<p style=\"text-align:justify\"><span style=\"font-size:11pt\"><span style=\"line-height:normal\"><span calibri=\"\" style=\"font-family:\"><b><span style=\"font-size:18.0pt\"><span style=\"font-variant:small-caps\">Eventos<\/span><\/span><\/b><\/span><\/span><\/span><\/p>\r\n\r\n<p style=\"text-align:justify\"><span style=\"font-size:11pt\"><span style=\"line-height:normal\"><span calibri=\"\" style=\"font-family:\"><span class=\"MsoHyperlink\" style=\"color:blue\"><span style=\"text-decoration:underline\"><b><span style=\"font-size:14.0pt\"><span style=\"text-decoration:none\"><span style=\"text-underline:none\">F&oacute;rum Brasil &ndash; OCDE<\/span><\/span><\/span><\/b><\/span><\/span><span class=\"MsoHyperlink\" style=\"color:blue\"><span style=\"text-decoration:underline\"><span style=\"font-size:14.0pt\"><span style=\"text-decoration:none\"><span style=\"text-underline:none\">, Pal&aacute;cio do Itamaraty, data 20 a 22 de junho, evento h&iacute;brido. <\/span><\/span><\/span><\/span><\/span><a href=\"https:\/\/forms.office.com\/pages\/responsepage.aspx?id=oPRyEk2sBkK2gcpWHkGAGFfeen7gZhdPiwv8JRAJHTtUMTkzUE8wRlNSNU4xWkRLTkI0VUVCTDY5MC4u&amp;wdLOR=c1F16DB40-0541-4988-8460-E13229177DE9\" style=\"color:blue; text-decoration:underline\"><span style=\"font-size:14.0pt\">Informa&ccedil;&otilde;es aqui<\/span><\/a><span class=\"MsoHyperlink\" style=\"color:blue\"><span style=\"text-decoration:underline\"><span style=\"font-size:14.0pt\"><span style=\"text-decoration:none\"><span style=\"text-underline:none\">.<\/span><\/span><\/span><\/span><\/span><\/span><\/span><\/span><\/p>\r\n\r\n<p style=\"text-align:justify\"><span style=\"font-size:11pt\"><span style=\"line-height:normal\"><span calibri=\"\" style=\"font-family:\"><span class=\"MsoHyperlink\" style=\"color:blue\"><span style=\"text-decoration:underline\"><b><span style=\"font-size:14.0pt\"><span style=\"text-decoration:none\"><span style=\"text-underline:none\">Abit e SENAI|CETIQT: Vis&atilde;o do futuro T&ecirc;xtil 2030<\/span><\/span><\/span><\/b><\/span><\/span><span class=\"MsoHyperlink\" style=\"color:blue\"><span style=\"text-decoration:underline\"><span style=\"font-size:14.0pt\"><span style=\"text-decoration:none\"><span style=\"text-underline:none\">, encontro presencial, data 23 de junho de 2022. <\/span><\/span><\/span><\/span><\/span><a href=\"https:\/\/app.rdstation.email\/mail\/837609f2-3c74-4754-8c54-f4c22eecead3?utm_campaign=convite_textil_2030_-_09052022&amp;utm_medium=email&amp;utm_source=RD+Station\" style=\"color:blue; text-decoration:underline\"><span style=\"font-size:14.0pt\">Informa&ccedil;&otilde;es aqui<\/span><\/a><span class=\"MsoHyperlink\" style=\"color:blue\"><span style=\"text-decoration:underline\"><span style=\"font-size:14.0pt\"><span style=\"text-decoration:none\"><span style=\"text-underline:none\">.<\/span><\/span><\/span><\/span><\/span><\/span><\/span><\/span><\/p>\r\n\r\n<p style=\"text-align:justify\"><span style=\"font-size:11pt\"><span style=\"line-height:normal\"><span calibri=\"\" style=\"font-family:\"><span class=\"MsoHyperlink\" style=\"color:blue\"><span style=\"text-decoration:underline\"><b><span style=\"font-size:14.0pt\"><span style=\"text-decoration:none\"><span style=\"text-underline:none\">FIESP: Jornada ESG na Cadeia Produtiva, <\/span><\/span><\/span><\/b><\/span><\/span><span class=\"MsoHyperlink\" style=\"color:blue\"><span style=\"text-decoration:underline\"><span style=\"font-size:14.0pt\"><span style=\"text-decoration:none\"><span style=\"text-underline:none\">evento h&iacute;brido, data 24 de junho de 2022. <\/span><\/span><\/span><\/span><\/span><a href=\"https:\/\/www.fiesp.com.br\/agenda\/jornada-esg-na-cadeia-produtiva\/\" style=\"color:blue; text-decoration:underline\"><span style=\"font-size:14.0pt\">Informa&ccedil;&otilde;es aqui<\/span><\/a><span class=\"MsoHyperlink\" style=\"color:blue\"><span style=\"text-decoration:underline\"><span style=\"font-size:14.0pt\"><span style=\"text-decoration:none\"><span style=\"text-underline:none\">.<\/span><\/span><\/span><\/span><\/span><\/span><\/span><\/span><\/p>\r\n\r\n<p style=\"text-align:justify\"><span style=\"font-size:11pt\"><span style=\"line-height:normal\"><span calibri=\"\" style=\"font-family:\"><span class=\"MsoHyperlink\" style=\"color:blue\"><span style=\"text-decoration:underline\"><b><span style=\"font-size:14.0pt\"><span style=\"text-decoration:none\"><span style=\"text-underline:none\">Geotecnia: Prefeitura e UFF realizam webin&aacute;rio sobre as complexidades e desafios na gest&atilde;o de riscos e desastres<\/span><\/span><\/span><\/b><\/span><\/span><span class=\"MsoHyperlink\" style=\"color:blue\"><span style=\"text-decoration:underline\"><span style=\"font-size:14.0pt\"><span style=\"text-decoration:none\"><span style=\"text-underline:none\">, dia 21 de junho, &agrave;s 16h: <\/span><\/span><\/span><\/span><\/span><a href=\"https:\/\/www.youtube.com\/c\/CEPPreD\" style=\"color:blue; text-decoration:underline\"><span style=\"font-size:14.0pt\">clique aqui<\/span><\/a><\/span><\/span><\/span><\/p>\r\n\r\n<p style=\"text-align:justify\"><span style=\"font-size:11pt\"><span style=\"line-height:normal\"><span calibri=\"\" style=\"font-family:\"><span class=\"MsoHyperlink\" style=\"color:blue\"><span style=\"text-decoration:underline\"><b><span style=\"font-size:14.0pt\"><span style=\"text-decoration:none\"><span style=\"text-underline:none\">CNI: Propostas da Ind&uacute;stria para as Elei&ccedil;&otilde;es 2022<\/span><\/span><\/span><\/b><\/span><\/span><span class=\"MsoHyperlink\" style=\"color:blue\"><span style=\"text-decoration:underline\"><span style=\"font-size:14.0pt\"><span style=\"text-decoration:none\"><span style=\"text-underline:none\">, data 29 de junho, <b>e ENAI - Encontro Nacional da Ind&uacute;stria<\/b>, data 30 de junho. <\/span><\/span><\/span><\/span><\/span><a href=\"https:\/\/www.portaldaindustria.com.br\/cni\/canais\/propostas-da-industria-para-eleicoes\/home\/\" style=\"color:blue; text-decoration:underline\"><span style=\"font-size:14.0pt\">Informa&ccedil;&otilde;es aqui<\/span><\/a><span class=\"MsoHyperlink\" style=\"color:blue\"><span style=\"text-decoration:underline\"><span style=\"font-size:14.0pt\"><span style=\"text-decoration:none\"><span style=\"text-underline:none\">.<\/span><\/span><\/span><\/span><\/span><\/span><\/span><\/span><\/p>\r\n\r\n<p class=\"MsoTitle\" style=\"text-align:justify\"><span style=\"font-size:28pt\"><span cambria=\"\" style=\"font-family:\"><span style=\"letter-spacing:-0.5pt\"><b><span style=\"font-size:18.0pt\"><span calibri=\"\" style=\"font-family:\"><span style=\"font-variant:small-caps\">Setor<\/span><\/span><\/span><\/b><\/span><\/span><\/span><\/p>\r\n\r\n<p style=\"text-align:justify\"><span style=\"font-size:11pt\"><span style=\"line-height:normal\"><span calibri=\"\" style=\"font-family:\"><a href=\"https:\/\/www.technicaltextile.net\/news\/american-medical-association-aims-to-improve-the-nation-s-health-281450.html\" style=\"color:blue; text-decoration:underline\"><span style=\"font-size:14.0pt\">American Medical Association aims to improve the nation&#39;s health<\/span><\/a><\/span><\/span><\/span><\/p>\r\n\r\n<p style=\"text-align:justify\"><span style=\"font-size:11pt\"><span style=\"line-height:normal\"><span calibri=\"\" style=\"font-family:\"><a href=\"https:\/\/www.nonwovens-industry.com\/live-from-shows\/techtextil\/2022-06-15\/trutzschler-nonwovens-to-present-new-and-proven-solutions-for-nonwovens?utm_source=SilverpopMailing&amp;utm_medium=email&amp;utm_campaign=NON_Live+from+Techtextil+2022+%286-15-2022%29+%28Final%29&amp;utm_content=&amp;spMailingID=8391520&amp;spUserID=NzcxNzIyNDQyMzgS1&amp;spJobID=1520375260&amp;spReportId=MTUyMDM3NTI2MAS2\" style=\"color:blue; text-decoration:underline\"><span style=\"font-size:14.0pt\">Tr&uuml;tzschler Nonwovens to Present New and Proven Solutions for Nonwovens<\/span><\/a><\/span><\/span><\/span><\/p>\r\n\r\n<p style=\"text-align:justify\"><span style=\"font-size:11pt\"><span style=\"line-height:normal\"><span calibri=\"\" style=\"font-family:\"><a href=\"https:\/\/www.nonwovens-industry.com\/live-from-shows\/techtextil\/2022-06-17\/indorama-ventures-filzfabrik-fulda-and-strauss-develop-fully-circular-acoustic-insulation?widget=listSection\" style=\"color:blue; text-decoration:underline\"><span style=\"font-size:14.0pt\">Indorama Ventures, Filzfabrik Fulda and Strauss Develop Fully Circular Acoustic Insulation<\/span><\/a><\/span><\/span><\/span><\/p>\r\n\r\n<p style=\"text-align:justify\"><span style=\"font-size:11pt\"><span style=\"line-height:normal\"><span calibri=\"\" style=\"font-family:\"><a href=\"https:\/\/www.nonwovens-industry.com\/live-from-shows\/techtextil\/2022-06-17\/freudenberg-to-focus-on-sustainbility?widget=listSection\" style=\"color:blue; text-decoration:underline\"><span style=\"font-size:14.0pt\">Freudenberg to Focus on Sustainbility<\/span><\/a><\/span><\/span><\/span><\/p>\r\n\r\n<p class=\"MsoTitle\" style=\"text-align:justify\"><span style=\"font-size:28pt\"><span cambria=\"\" style=\"font-family:\"><span style=\"letter-spacing:-0.5pt\"><b><span style=\"font-size:18.0pt\"><span calibri=\"\" style=\"font-family:\"><span style=\"font-variant:small-caps\">Ind&uacute;stria<\/span><\/span><\/span><\/b><\/span><\/span><\/span><\/p>\r\n\r\n<p style=\"text-align:justify\"><span style=\"font-size:11pt\"><span style=\"line-height:normal\"><span calibri=\"\" style=\"font-family:\"><a href=\"https:\/\/noticias.portaldaindustria.com.br\/noticias\/economia\/producao-e-emprego-na-industria-crescem-em-maio-aponta-sondagem-industrial\/\" style=\"color:blue; text-decoration:underline\"><span style=\"font-size:14.0pt\">Produ&ccedil;&atilde;o e emprego na ind&uacute;stria crescem em maio, aponta Sondagem Industrial<\/span><\/a><\/span><\/span><\/span><\/p>\r\n\r\n<p style=\"text-align:justify\"><span style=\"font-size:11pt\"><span style=\"line-height:normal\"><span calibri=\"\" style=\"font-family:\"><a href=\"https:\/\/noticias.portaldaindustria.com.br\/noticias\/economia\/as-propostas-da-industria-para-economia-tributacao-e-comercio-exterior\/\" style=\"color:blue; text-decoration:underline\"><span style=\"font-size:14.0pt\">As propostas da ind&uacute;stria para economia, tributa&ccedil;&atilde;o e com&eacute;rcio exterior<\/span><\/a><\/span><\/span><\/span><\/p>\r\n\r\n<p style=\"text-align:justify\"><span style=\"font-size:11pt\"><span style=\"line-height:normal\"><span calibri=\"\" style=\"font-family:\"><a href=\"https:\/\/grandesconstrucoes.com.br\/Noticias\/Exibir\/as-propostas-da-industria-para-infraestrutura-e-sustentabilidade?utm_source=akna&amp;utm_medium=email&amp;utm_campaign=Grandes-Construcoes-Informativo-816-16-06-2022&amp;utm_source=akna&amp;utm_medium=email&amp;utm_campaign=Grandes-Construcoes-Informativo-816-16-06-2022\" style=\"color:blue; text-decoration:underline\"><span style=\"font-size:14.0pt\">As propostas da ind&uacute;stria para infraestrutura e sustentabilidade<\/span><\/a><\/span><\/span><\/span><\/p>\r\n\r\n<p style=\"text-align:justify\"><span style=\"font-size:11pt\"><span style=\"line-height:normal\"><span calibri=\"\" style=\"font-family:\"><a href=\"https:\/\/news.mit.edu\/2022\/companies-use-mit-research-identify-respond-supply-chain-risks-0615\" style=\"color:blue; text-decoration:underline\"><span style=\"font-size:14.0pt\">Companies use MIT research to identify and respond to supply chain risks<\/span><\/a><\/span><\/span><\/span><\/p>\r\n\r\n<p style=\"text-align:justify\"><span style=\"font-size:11pt\"><span style=\"line-height:normal\"><span calibri=\"\" style=\"font-family:\"><a href=\"https:\/\/www.noticiasautomotivas.com.br\/brasil-montadoras-prometem-r-50-bilhoes-ate-2025\/\" style=\"color:blue; text-decoration:underline\"><span style=\"font-size:14.0pt\">Brasil: montadoras prometem R$ 50 bilh&otilde;es at&eacute; 2025<\/span><\/a><\/span><\/span><\/span><\/p>\r\n\r\n<p style=\"text-align:justify\"><span style=\"font-size:11pt\"><span style=\"line-height:normal\"><span calibri=\"\" style=\"font-family:\"><a href=\"http:\/\/abimovel.com\/abimovel-divulga-resultados-do-fechamento-do-1o-trimestre-para-o-setor-moveleiro-nacional\/?utm_campaign=abimovel_divulga_resultados_do_fechamento_do_1_trimestre_para_o_setor_moveleiro_nacional&amp;utm_medium=email&amp;utm_source=RD+Station\" style=\"color:blue; text-decoration:underline\"><span style=\"font-size:14.0pt\">ABIM&Oacute;VEL divulga resultados do fechamento do 1&ordm; trimestre para o setor moveleiro nacional<\/span><\/a><\/span><\/span><\/span><\/p>\r\n\r\n<p style=\"text-align:justify\"><span style=\"font-size:11pt\"><span style=\"line-height:normal\"><span calibri=\"\" style=\"font-family:\"><a href=\"https:\/\/mercadoeconsumo.com.br\/2022\/06\/20\/frete-deve-subir-pelo-menos-5-apos-nova-alta-do-diesel\/?utm_campaign=news_20-06_geral&amp;utm_medium=email&amp;utm_source=RD+Station\" style=\"color:blue; text-decoration:underline\"><span style=\"font-size:14.0pt\">Frete deve subir pelo menos 5% ap&oacute;s nova alta do diesel<\/span><\/a><\/span><\/span><\/span><\/p>\r\n\r\n<p class=\"MsoTitle\" style=\"text-align:justify\"><span style=\"font-size:28pt\"><span cambria=\"\" style=\"font-family:\"><span style=\"letter-spacing:-0.5pt\"><b><span style=\"font-size:18.0pt\"><span calibri=\"\" style=\"font-family:\"><span style=\"font-variant:small-caps\">Sustentabilidade<\/span><\/span><\/span><\/b><\/span><\/span><\/span><\/p>\r\n\r\n<p style=\"text-align:justify\"><span style=\"font-size:11pt\"><span style=\"line-height:normal\"><span calibri=\"\" style=\"font-family:\"><a href=\"https:\/\/plasticosemrevista.com.br\/eua-contagem-regressiva-para-plasticos-descartaveis-em-parques-nacionais\/\" style=\"color:blue; text-decoration:underline\"><span style=\"font-size:14.0pt\">EUA: contagem regressiva para pl&aacute;sticos descart&aacute;veis em parques nacionais<\/span><\/a><\/span><\/span><\/span><\/p>\r\n\r\n<p style=\"text-align:justify\"><span style=\"font-size:11pt\"><span style=\"line-height:normal\"><span calibri=\"\" style=\"font-family:\"><a href=\"https:\/\/www.interempresas.net\/Quimica\/Articulos\/392183-AITEX-impulsa-el-reciclado-quimico-del-poliester-a-partir-de-residuos-textiles.html\" style=\"color:blue; text-decoration:underline\"><span style=\"font-size:14.0pt\">AITEX (Asociaci&oacute;n de investigaci&oacute;n de la Industria Textil) impulsa el reciclado qu&iacute;mico del poli&eacute;ster a partir de residuos textiles<\/span><\/a><\/span><\/span><\/span><\/p>\r\n\r\n<p style=\"text-align:justify\"><span style=\"font-size:11pt\"><span style=\"line-height:normal\"><span calibri=\"\" style=\"font-family:\"><a href=\"https:\/\/metsul.com\/ciencia-comeca-a-desvendar-impactos-dos-microplasticos-no-clima\/\" style=\"color:blue; text-decoration:underline\"><span style=\"font-size:14.0pt\">Ci&ecirc;ncia come&ccedil;a a desvendar impactos dos micropl&aacute;sticos no clima<\/span><\/a><\/span><\/span><\/span><\/p>\r\n\r\n<p style=\"text-align:justify\"><span style=\"font-size:11pt\"><span style=\"line-height:normal\"><span calibri=\"\" style=\"font-family:\"><a href=\"https:\/\/tissueonline.com.br\/pg-divulga-nova-estrategia-de-combate-a-crise-global-da-agua\/?utm_campaign=newsletter_17062022_novo_modelo&amp;utm_medium=email&amp;utm_source=RD+Station\" style=\"color:blue; text-decoration:underline\"><span style=\"font-size:14.0pt\">P&amp;G divulga nova estrat&eacute;gia de combate &agrave; crise global da &aacute;gua<\/span><\/a><\/span><\/span><\/span><\/p>\r\n\r\n<p style=\"text-align:justify\"><span style=\"font-size:11pt\"><span style=\"line-height:normal\"><span calibri=\"\" style=\"font-family:\"><a href=\"https:\/\/docs.google.com\/viewer?url=https:\/\/abiquim-files.s3-us-west-2.amazonaws.com\/uploads\/guias_estudos\/Posicionamento%20Economia%20Circular%20jun%2022_compressed%20(1).pdf&amp;embeded=true\" style=\"color:blue; text-decoration:underline\"><span style=\"font-size:14.0pt\">Posicionamento Abiquim sobre Economia Circular<\/span><\/a><\/span><\/span><\/span><\/p>\r\n\r\n<p class=\"MsoTitle\" style=\"text-align:justify\"><span style=\"font-size:28pt\"><span cambria=\"\" style=\"font-family:\"><span style=\"letter-spacing:-0.5pt\"><b><span style=\"font-size:18.0pt\"><span calibri=\"\" style=\"font-family:\"><span style=\"font-variant:small-caps\">Inova&ccedil;&atilde;o<\/span><\/span><\/span><\/b><\/span><\/span><\/span><\/p>\r\n\r\n<p style=\"text-align:justify\"><span style=\"font-size:11pt\"><span style=\"line-height:normal\"><span calibri=\"\" style=\"font-family:\"><a href=\"https:\/\/www.technicaltextile.net\/news\/swedish-university-student-develops-conductive-fibres-281441.html\" style=\"color:blue; text-decoration:underline\"><span style=\"font-size:14.0pt\">Swedish University student develops conductive fibres<\/span><\/a><\/span><\/span><\/span><\/p>\r\n\r\n<p style=\"text-align:justify\"><span style=\"font-size:11pt\"><span style=\"line-height:normal\"><span calibri=\"\" style=\"font-family:\"><a href=\"https:\/\/ciclovivo.com.br\/inovacao\/inspiracao\/projeto-transforma-meias-velhas-em-cobertores-para-pessoas-carentes-2\/\" style=\"color:blue; text-decoration:underline\"><span style=\"font-size:14.0pt\">Projeto transforma meias velhas em cobertores para pessoas carentes<\/span><\/a><\/span><\/span><\/span><\/p>\r\n\r\n<p style=\"text-align:justify\"><span style=\"font-size:11pt\"><span style=\"line-height:normal\"><span calibri=\"\" style=\"font-family:\"><a href=\"http:\/\/textileindustry.ning.com\/forum\/topics\/brandili-transforma-sobras-de-alimentos-em-adubo-e-res-duos-t\" style=\"color:blue; text-decoration:underline\"><span style=\"font-size:14.0pt\">Brandili transforma sobras de alimentos em adubo e res&iacute;duos t&ecirc;xteis em fios ecol&oacute;gicos<\/span><\/a><\/span><\/span><\/span><\/p>\r\n\r\n<p class=\"MsoTitle\" style=\"text-align:justify\"><span style=\"font-size:28pt\"><span cambria=\"\" style=\"font-family:\"><span style=\"letter-spacing:-0.5pt\"><b><span style=\"font-size:18.0pt\"><span calibri=\"\" style=\"font-family:\"><span style=\"font-variant:small-caps\">Com&eacute;rcio Exterior<\/span><\/span><\/span><\/b><\/span><\/span><\/span><\/p>\r\n\r\n<p style=\"text-align:justify\"><span style=\"font-size:11pt\"><span style=\"line-height:normal\"><span style=\"font-family:&quot;Calibri&quot;,sans-serif\"><a href=\"https:\/\/agenciabrasil.ebc.com.br\/internacional\/noticia\/2022-06\/ue-precisa-acelerar-com-urgencia-acordos-comerciais-dizem-15-paises\" style=\"color:blue; text-decoration:underline\"><span style=\"font-size:14.0pt\">UE precisa acelerar com urg&ecirc;ncia acordos comerciais, dizem 15 pa&iacute;ses<\/span><\/a><\/span><\/span><\/span><\/p>\r\n\r\n<p style=\"text-align:justify\"><span style=\"font-size:11pt\"><span style=\"line-height:normal\"><span calibri=\"\" style=\"font-family:\"><a href=\"https:\/\/www.comexdobrasil.com\/estudo-da-cni-mostra-concentracao-das-exportacoes-industriais-do-brasil-dez-vezes-maior-que-nos-membros-do-g-20-e-pais-na-contramao-dos-demais-membros-do-bloco\/\" style=\"color:blue; text-decoration:underline\"><span style=\"font-size:14.0pt\">Estudo da CNI mostra concentra&ccedil;&atilde;o das exporta&ccedil;&otilde;es industriais do Brasil dez vezes maior que nos membros do G20 e pa&iacute;s na contram&atilde;o dos demais membros do bloco<\/span><\/a><\/span><\/span><\/span><\/p>\r\n\r\n<p style=\"text-align:justify\"><span style=\"font-size:11pt\"><span style=\"line-height:normal\"><span calibri=\"\" style=\"font-family:\"><a href=\"https:\/\/www.comexdobrasil.com\/vendas-para-os-eua-crescem-1086-em-receita-e-impulsionam-desempenho-do-setor-calcadista-em-2022\/\" style=\"color:blue; text-decoration:underline\"><span style=\"font-size:14.0pt\">Vendas para os EUA crescem 108,6% em receita e impulsionam desempenho do setor cal&ccedil;adista em 2022<\/span><\/a><\/span><\/span><\/span><\/p>\r\n\r\n<p style=\"text-align:justify\"><span style=\"font-size:11pt\"><span style=\"line-height:normal\"><span calibri=\"\" style=\"font-family:\"><a href=\"https:\/\/www-fibre2fashion-com.translate.goog\/news\/textile-news\/chinese-ports-container-handling-volume-rose-2-3-during-jan-may-281470-newsdetails.htm?_x_tr_sl=en&amp;_x_tr_tl=pt&amp;_x_tr_hl=pt-BR&amp;_x_tr_pto=op,wapp\" style=\"color:blue; text-decoration:underline\"><span style=\"font-size:14.0pt\">Chinese ports&#39; container handling volume rose 2.3% during Jan-May<\/span><\/a><\/span><\/span><\/span><\/p>\r\n\r\n<p class=\"MsoTitle\" style=\"text-align:justify\"><span style=\"font-size:28pt\"><span cambria=\"\" style=\"font-family:\"><span style=\"letter-spacing:-0.5pt\"><b><span style=\"font-size:18.0pt\"><span calibri=\"\" style=\"font-family:\"><span style=\"font-variant:small-caps\">Economia<\/span><\/span><\/span><\/b><\/span><\/span><\/span><\/p>\r\n\r\n<p style=\"text-align:justify\"><span style=\"font-size:11pt\"><span style=\"line-height:normal\"><span calibri=\"\" style=\"font-family:\"><a href=\"https:\/\/www.iadb.org\/pt\/noticias\/bid-estimula-grandes-oportunidades-de-investimento-no-brasil-e-aprova-credito-em?utm_source=Email&amp;utm_medium=News&amp;utm_campaign=BID%20estimula%20grandes%20oportunidades%20de%20investimento%20no%20Brasil%20e%20aprova%20cr%C3%A9dito%20em%20infraestrutura&amp;utm_term=NEWS\" style=\"color:blue; text-decoration:underline\"><span style=\"font-size:14.0pt\">BID estimula grandes oportunidades de investimento no Brasil e aprova cr&eacute;dito em infraestrutura<\/span><\/a><\/span><\/span><\/span><\/p>\r\n\r\n<p style=\"text-align:justify\"><span style=\"font-size:11pt\"><span style=\"line-height:normal\"><span calibri=\"\" style=\"font-family:\"><a href=\"https:\/\/www.eiu.com\/n\/us-inflation-picks-up-in-may\/?utm_source=mkt-newsletter&amp;utm_medium=email&amp;utm_campaign=foce&amp;utm_content=17-june-2022&amp;mkt_tok=NzUzLVJJUS00MzgAAAGFELqmWYYAjULcLRv0-1pclIf-sUq7i2IHxgxYtdyiCM2BFc2oIUXzqPL3FS7qmx488KG61qOL1kiBNUJQYOzf2KP1laaJzSedfKQhlM-GAEH4Lg\" style=\"color:blue; text-decoration:underline\"><span style=\"font-size:14.0pt\">US inflation picks up in May<\/span><\/a><\/span><\/span><\/span><\/p>\r\n\r\n<p style=\"text-align:justify\"><span style=\"font-size:11pt\"><span style=\"line-height:normal\"><span calibri=\"\" style=\"font-family:\"><a href=\"https:\/\/agenciabrasil.ebc.com.br\/economia\/noticia\/2022-06\/entidades-do-setor-produtivo-criticam-aumento-da-selic\" style=\"color:blue; text-decoration:underline\"><span style=\"font-size:14.0pt\">Entidades do setor produtivo criticam aumento da Selic<\/span><\/a><\/span><\/span><\/span><\/p>\r\n\r\n<p style=\"text-align:justify\"><span style=\"font-size:11pt\"><span style=\"line-height:normal\"><span calibri=\"\" style=\"font-family:\"><a href=\"https:\/\/agenciabrasil.ebc.com.br\/geral\/noticia\/2022-06\/petrobras-nomeia-fernando-borges-como-presidente-interino\" style=\"color:blue; text-decoration:underline\"><span style=\"font-size:14.0pt\">Petrobras nomeia Fernando Borges como presidente interino<\/span><\/a><\/span><\/span><\/span><\/p>\r\n","6":"<p style=\"text-align:justify\"><span style=\"font-size:11pt\"><span style=\"line-height:normal\"><span calibri=\"\" style=\"font-family:\"><span style=\"font-size:14.0pt\">Esta &eacute; uma compila&ccedil;&atilde;o das not&iacute;cias mais relevantes para o setor, incluindo informa&ccedil;&otilde;es sobre acordos internacionais, economia brasileira, sustentabilidade e mat&eacute;rias primas, al&eacute;m de novidades do setor de N&atilde;otecidos e Tecidos T&eacute;cnicos.<\/span><\/span><\/span><\/span><\/p>\r\n\r\n<p class=\"MsoTitle\" style=\"text-align:justify\"><span style=\"font-size:28pt\"><span cambria=\"\" style=\"font-family:\"><span style=\"letter-spacing:-0.5pt\"><b><span style=\"font-size:18.0pt\"><span calibri=\"\" style=\"font-family:\"><span style=\"font-variant:small-caps\">A&ccedil;&otilde;es da ABINT<\/span><\/span><\/span><\/b><\/span><\/span><\/span><\/p>\r\n\r\n<p style=\"text-align:justify\"><span style=\"font-size:11pt\"><span style=\"line-height:normal\"><span calibri=\"\" style=\"font-family:\"><a href=\"https:\/\/valor.globo.com\/empresas\/noticia\/2022\/06\/20\/fabricantes-de-nao-tecidos-postergam-novos-investimentos.ghtml\" style=\"color:blue; text-decoration:underline\"><span style=\"font-size:14.0pt\">Fabricantes de n&atilde;o tecidos postergam novos investimentos<\/span><\/a><span class=\"MsoHyperlink\" style=\"color:blue\"><span style=\"text-decoration:underline\"><span style=\"font-size:14.0pt\"><span style=\"text-decoration:none\"><span style=\"text-underline:none\">, Valor Econ&ocirc;mico 20\/06\/2022<\/span><\/span><\/span><\/span><\/span><\/span><\/span><\/span><\/p>\r\n\r\n<p style=\"text-align:justify\">&nbsp;<\/p>\r\n\r\n<p style=\"text-align:justify\"><img src=\"https:\/\/www.abint.org.br\/assets\/img\/editor\/logo-final-nonwonvens-day-39ae8e-24-03_20220621125024WHuxSKthKR.png\" \/><\/p>\r\n\r\n<p style=\"text-align:justify\">&nbsp;<\/p>\r\n\r\n<p style=\"text-align:justify\">&nbsp;<\/p>\r\n\r\n<p style=\"text-align:justify\"><span style=\"font-size:11pt\"><span style=\"line-height:normal\"><span calibri=\"\" style=\"font-family:\"><b><span style=\"font-size:14.0pt\">Confira as palestras do Nonwovens Day 2022!<\/span><\/b><\/span><\/span><\/span><\/p>\r\n\r\n<p style=\"text-align:justify\"><span style=\"font-size:11pt\"><span style=\"line-height:normal\"><span calibri=\"\" style=\"font-family:\"><span style=\"font-size:14.0pt\"><span style=\"background:white\"><span style=\"color:#444444\">As palestras do evento, que aconteceu dias <b>08 e 09 de junho de 2022, <\/b>ficar&atilde;o dispon&iacute;veis at&eacute; 08\/07\/2022. <\/span><\/span><\/span><a href=\"https:\/\/hall.inteegra.com.br\/83736\/\" style=\"color:blue; text-decoration:underline\"><b><span style=\"font-size:14.0pt\">ASSISTA AQUI<\/span><\/b><\/a><span style=\"font-size:14.0pt\">! Se voc&ecirc; n&atilde;o teve oportunidade de se inscrever e quer assistir as palestras, basta preencher o cadastro.<\/span><\/span><\/span><\/span><\/p>\r\n\r\n<p style=\"text-align:justify\">&nbsp;<\/p>\r\n\r\n<p style=\"text-align:justify\"><span style=\"font-size:11pt\"><span style=\"line-height:normal\"><span calibri=\"\" style=\"font-family:\"><b><span style=\"font-size:18.0pt\"><span style=\"font-variant:small-caps\">Eventos<\/span><\/span><\/b><\/span><\/span><\/span><\/p>\r\n\r\n<p style=\"text-align:justify\"><span style=\"font-size:11pt\"><span style=\"line-height:normal\"><span calibri=\"\" style=\"font-family:\"><span class=\"MsoHyperlink\" style=\"color:blue\"><span style=\"text-decoration:underline\"><b><span style=\"font-size:14.0pt\"><span style=\"text-decoration:none\"><span style=\"text-underline:none\">F&oacute;rum Brasil &ndash; OCDE<\/span><\/span><\/span><\/b><\/span><\/span><span class=\"MsoHyperlink\" style=\"color:blue\"><span style=\"text-decoration:underline\"><span style=\"font-size:14.0pt\"><span style=\"text-decoration:none\"><span style=\"text-underline:none\">, Pal&aacute;cio do Itamaraty, data 20 a 22 de junho, evento h&iacute;brido. <\/span><\/span><\/span><\/span><\/span><a href=\"https:\/\/forms.office.com\/pages\/responsepage.aspx?id=oPRyEk2sBkK2gcpWHkGAGFfeen7gZhdPiwv8JRAJHTtUMTkzUE8wRlNSNU4xWkRLTkI0VUVCTDY5MC4u&amp;wdLOR=c1F16DB40-0541-4988-8460-E13229177DE9\" style=\"color:blue; text-decoration:underline\"><span style=\"font-size:14.0pt\">Informa&ccedil;&otilde;es aqui<\/span><\/a><span class=\"MsoHyperlink\" style=\"color:blue\"><span style=\"text-decoration:underline\"><span style=\"font-size:14.0pt\"><span style=\"text-decoration:none\"><span style=\"text-underline:none\">.<\/span><\/span><\/span><\/span><\/span><\/span><\/span><\/span><\/p>\r\n\r\n<p style=\"text-align:justify\"><span style=\"font-size:11pt\"><span style=\"line-height:normal\"><span calibri=\"\" style=\"font-family:\"><span class=\"MsoHyperlink\" style=\"color:blue\"><span style=\"text-decoration:underline\"><b><span style=\"font-size:14.0pt\"><span style=\"text-decoration:none\"><span style=\"text-underline:none\">Abit e SENAI|CETIQT: Vis&atilde;o do futuro T&ecirc;xtil 2030<\/span><\/span><\/span><\/b><\/span><\/span><span class=\"MsoHyperlink\" style=\"color:blue\"><span style=\"text-decoration:underline\"><span style=\"font-size:14.0pt\"><span style=\"text-decoration:none\"><span style=\"text-underline:none\">, encontro presencial, data 23 de junho de 2022. <\/span><\/span><\/span><\/span><\/span><a href=\"https:\/\/app.rdstation.email\/mail\/837609f2-3c74-4754-8c54-f4c22eecead3?utm_campaign=convite_textil_2030_-_09052022&amp;utm_medium=email&amp;utm_source=RD+Station\" style=\"color:blue; text-decoration:underline\"><span style=\"font-size:14.0pt\">Informa&ccedil;&otilde;es aqui<\/span><\/a><span class=\"MsoHyperlink\" style=\"color:blue\"><span style=\"text-decoration:underline\"><span style=\"font-size:14.0pt\"><span style=\"text-decoration:none\"><span style=\"text-underline:none\">.<\/span><\/span><\/span><\/span><\/span><\/span><\/span><\/span><\/p>\r\n\r\n<p style=\"text-align:justify\"><span style=\"font-size:11pt\"><span style=\"line-height:normal\"><span calibri=\"\" style=\"font-family:\"><span class=\"MsoHyperlink\" style=\"color:blue\"><span style=\"text-decoration:underline\"><b><span style=\"font-size:14.0pt\"><span style=\"text-decoration:none\"><span style=\"text-underline:none\">FIESP: Jornada ESG na Cadeia Produtiva, <\/span><\/span><\/span><\/b><\/span><\/span><span class=\"MsoHyperlink\" style=\"color:blue\"><span style=\"text-decoration:underline\"><span style=\"font-size:14.0pt\"><span style=\"text-decoration:none\"><span style=\"text-underline:none\">evento h&iacute;brido, data 24 de junho de 2022. <\/span><\/span><\/span><\/span><\/span><a href=\"https:\/\/www.fiesp.com.br\/agenda\/jornada-esg-na-cadeia-produtiva\/\" style=\"color:blue; text-decoration:underline\"><span style=\"font-size:14.0pt\">Informa&ccedil;&otilde;es aqui<\/span><\/a><span class=\"MsoHyperlink\" style=\"color:blue\"><span style=\"text-decoration:underline\"><span style=\"font-size:14.0pt\"><span style=\"text-decoration:none\"><span style=\"text-underline:none\">.<\/span><\/span><\/span><\/span><\/span><\/span><\/span><\/span><\/p>\r\n\r\n<p style=\"text-align:justify\"><span style=\"font-size:11pt\"><span style=\"line-height:normal\"><span calibri=\"\" style=\"font-family:\"><span class=\"MsoHyperlink\" style=\"color:blue\"><span style=\"text-decoration:underline\"><b><span style=\"font-size:14.0pt\"><span style=\"text-decoration:none\"><span style=\"text-underline:none\">Geotecnia: Prefeitura e UFF realizam webin&aacute;rio sobre as complexidades e desafios na gest&atilde;o de riscos e desastres<\/span><\/span><\/span><\/b><\/span><\/span><span class=\"MsoHyperlink\" style=\"color:blue\"><span style=\"text-decoration:underline\"><span style=\"font-size:14.0pt\"><span style=\"text-decoration:none\"><span style=\"text-underline:none\">, dia 21 de junho, &agrave;s 16h: <\/span><\/span><\/span><\/span><\/span><a href=\"https:\/\/www.youtube.com\/c\/CEPPreD\" style=\"color:blue; text-decoration:underline\"><span style=\"font-size:14.0pt\">clique aqui<\/span><\/a><\/span><\/span><\/span><\/p>\r\n\r\n<p style=\"text-align:justify\"><span style=\"font-size:11pt\"><span style=\"line-height:normal\"><span calibri=\"\" style=\"font-family:\"><span class=\"MsoHyperlink\" style=\"color:blue\"><span style=\"text-decoration:underline\"><b><span style=\"font-size:14.0pt\"><span style=\"text-decoration:none\"><span style=\"text-underline:none\">CNI: Propostas da Ind&uacute;stria para as Elei&ccedil;&otilde;es 2022<\/span><\/span><\/span><\/b><\/span><\/span><span class=\"MsoHyperlink\" style=\"color:blue\"><span style=\"text-decoration:underline\"><span style=\"font-size:14.0pt\"><span style=\"text-decoration:none\"><span style=\"text-underline:none\">, data 29 de junho, <b>e ENAI - Encontro Nacional da Ind&uacute;stria<\/b>, data 30 de junho. <\/span><\/span><\/span><\/span><\/span><a href=\"https:\/\/www.portaldaindustria.com.br\/cni\/canais\/propostas-da-industria-para-eleicoes\/home\/\" style=\"color:blue; text-decoration:underline\"><span style=\"font-size:14.0pt\">Informa&ccedil;&otilde;es aqui<\/span><\/a><span class=\"MsoHyperlink\" style=\"color:blue\"><span style=\"text-decoration:underline\"><span style=\"font-size:14.0pt\"><span style=\"text-decoration:none\"><span style=\"text-underline:none\">.<\/span><\/span><\/span><\/span><\/span><\/span><\/span><\/span><\/p>\r\n\r\n<p class=\"MsoTitle\" style=\"text-align:justify\"><span style=\"font-size:28pt\"><span cambria=\"\" style=\"font-family:\"><span style=\"letter-spacing:-0.5pt\"><b><span style=\"font-size:18.0pt\"><span calibri=\"\" style=\"font-family:\"><span style=\"font-variant:small-caps\">Setor<\/span><\/span><\/span><\/b><\/span><\/span><\/span><\/p>\r\n\r\n<p style=\"text-align:justify\"><span style=\"font-size:11pt\"><span style=\"line-height:normal\"><span calibri=\"\" style=\"font-family:\"><a href=\"https:\/\/www.technicaltextile.net\/news\/american-medical-association-aims-to-improve-the-nation-s-health-281450.html\" style=\"color:blue; text-decoration:underline\"><span style=\"font-size:14.0pt\">American Medical Association aims to improve the nation&#39;s health<\/span><\/a><\/span><\/span><\/span><\/p>\r\n\r\n<p style=\"text-align:justify\"><span style=\"font-size:11pt\"><span style=\"line-height:normal\"><span calibri=\"\" style=\"font-family:\"><a href=\"https:\/\/www.nonwovens-industry.com\/live-from-shows\/techtextil\/2022-06-15\/trutzschler-nonwovens-to-present-new-and-proven-solutions-for-nonwovens?utm_source=SilverpopMailing&amp;utm_medium=email&amp;utm_campaign=NON_Live+from+Techtextil+2022+%286-15-2022%29+%28Final%29&amp;utm_content=&amp;spMailingID=8391520&amp;spUserID=NzcxNzIyNDQyMzgS1&amp;spJobID=1520375260&amp;spReportId=MTUyMDM3NTI2MAS2\" style=\"color:blue; text-decoration:underline\"><span style=\"font-size:14.0pt\">Tr&uuml;tzschler Nonwovens to Present New and Proven Solutions for Nonwovens<\/span><\/a><\/span><\/span><\/span><\/p>\r\n\r\n<p style=\"text-align:justify\"><span style=\"font-size:11pt\"><span style=\"line-height:normal\"><span calibri=\"\" style=\"font-family:\"><a href=\"https:\/\/www.nonwovens-industry.com\/live-from-shows\/techtextil\/2022-06-17\/indorama-ventures-filzfabrik-fulda-and-strauss-develop-fully-circular-acoustic-insulation?widget=listSection\" style=\"color:blue; text-decoration:underline\"><span style=\"font-size:14.0pt\">Indorama Ventures, Filzfabrik Fulda and Strauss Develop Fully Circular Acoustic Insulation<\/span><\/a><\/span><\/span><\/span><\/p>\r\n\r\n<p style=\"text-align:justify\"><span style=\"font-size:11pt\"><span style=\"line-height:normal\"><span calibri=\"\" style=\"font-family:\"><a href=\"https:\/\/www.nonwovens-industry.com\/live-from-shows\/techtextil\/2022-06-17\/freudenberg-to-focus-on-sustainbility?widget=listSection\" style=\"color:blue; text-decoration:underline\"><span style=\"font-size:14.0pt\">Freudenberg to Focus on Sustainbility<\/span><\/a><\/span><\/span><\/span><\/p>\r\n\r\n<p class=\"MsoTitle\" style=\"text-align:justify\"><span style=\"font-size:28pt\"><span cambria=\"\" style=\"font-family:\"><span style=\"letter-spacing:-0.5pt\"><b><span style=\"font-size:18.0pt\"><span calibri=\"\" style=\"font-family:\"><span style=\"font-variant:small-caps\">Ind&uacute;stria<\/span><\/span><\/span><\/b><\/span><\/span><\/span><\/p>\r\n\r\n<p style=\"text-align:justify\"><span style=\"font-size:11pt\"><span style=\"line-height:normal\"><span calibri=\"\" style=\"font-family:\"><a href=\"https:\/\/noticias.portaldaindustria.com.br\/noticias\/economia\/producao-e-emprego-na-industria-crescem-em-maio-aponta-sondagem-industrial\/\" style=\"color:blue; text-decoration:underline\"><span style=\"font-size:14.0pt\">Produ&ccedil;&atilde;o e emprego na ind&uacute;stria crescem em maio, aponta Sondagem Industrial<\/span><\/a><\/span><\/span><\/span><\/p>\r\n\r\n<p style=\"text-align:justify\"><span style=\"font-size:11pt\"><span style=\"line-height:normal\"><span calibri=\"\" style=\"font-family:\"><a href=\"https:\/\/noticias.portaldaindustria.com.br\/noticias\/economia\/as-propostas-da-industria-para-economia-tributacao-e-comercio-exterior\/\" style=\"color:blue; text-decoration:underline\"><span style=\"font-size:14.0pt\">As propostas da ind&uacute;stria para economia, tributa&ccedil;&atilde;o e com&eacute;rcio exterior<\/span><\/a><\/span><\/span><\/span><\/p>\r\n\r\n<p style=\"text-align:justify\"><span style=\"font-size:11pt\"><span style=\"line-height:normal\"><span calibri=\"\" style=\"font-family:\"><a href=\"https:\/\/grandesconstrucoes.com.br\/Noticias\/Exibir\/as-propostas-da-industria-para-infraestrutura-e-sustentabilidade?utm_source=akna&amp;utm_medium=email&amp;utm_campaign=Grandes-Construcoes-Informativo-816-16-06-2022&amp;utm_source=akna&amp;utm_medium=email&amp;utm_campaign=Grandes-Construcoes-Informativo-816-16-06-2022\" style=\"color:blue; text-decoration:underline\"><span style=\"font-size:14.0pt\">As propostas da ind&uacute;stria para infraestrutura e sustentabilidade<\/span><\/a><\/span><\/span><\/span><\/p>\r\n\r\n<p style=\"text-align:justify\"><span style=\"font-size:11pt\"><span style=\"line-height:normal\"><span calibri=\"\" style=\"font-family:\"><a href=\"https:\/\/news.mit.edu\/2022\/companies-use-mit-research-identify-respond-supply-chain-risks-0615\" style=\"color:blue; text-decoration:underline\"><span style=\"font-size:14.0pt\">Companies use MIT research to identify and respond to supply chain risks<\/span><\/a><\/span><\/span><\/span><\/p>\r\n\r\n<p style=\"text-align:justify\"><span style=\"font-size:11pt\"><span style=\"line-height:normal\"><span calibri=\"\" style=\"font-family:\"><a href=\"https:\/\/www.noticiasautomotivas.com.br\/brasil-montadoras-prometem-r-50-bilhoes-ate-2025\/\" style=\"color:blue; text-decoration:underline\"><span style=\"font-size:14.0pt\">Brasil: montadoras prometem R$ 50 bilh&otilde;es at&eacute; 2025<\/span><\/a><\/span><\/span><\/span><\/p>\r\n\r\n<p style=\"text-align:justify\"><span style=\"font-size:11pt\"><span style=\"line-height:normal\"><span calibri=\"\" style=\"font-family:\"><a href=\"http:\/\/abimovel.com\/abimovel-divulga-resultados-do-fechamento-do-1o-trimestre-para-o-setor-moveleiro-nacional\/?utm_campaign=abimovel_divulga_resultados_do_fechamento_do_1_trimestre_para_o_setor_moveleiro_nacional&amp;utm_medium=email&amp;utm_source=RD+Station\" style=\"color:blue; text-decoration:underline\"><span style=\"font-size:14.0pt\">ABIM&Oacute;VEL divulga resultados do fechamento do 1&ordm; trimestre para o setor moveleiro nacional<\/span><\/a><\/span><\/span><\/span><\/p>\r\n\r\n<p style=\"text-align:justify\"><span style=\"font-size:11pt\"><span style=\"line-height:normal\"><span calibri=\"\" style=\"font-family:\"><a href=\"https:\/\/mercadoeconsumo.com.br\/2022\/06\/20\/frete-deve-subir-pelo-menos-5-apos-nova-alta-do-diesel\/?utm_campaign=news_20-06_geral&amp;utm_medium=email&amp;utm_source=RD+Station\" style=\"color:blue; text-decoration:underline\"><span style=\"font-size:14.0pt\">Frete deve subir pelo menos 5% ap&oacute;s nova alta do diesel<\/span><\/a><\/span><\/span><\/span><\/p>\r\n\r\n<p class=\"MsoTitle\" style=\"text-align:justify\"><span style=\"font-size:28pt\"><span cambria=\"\" style=\"font-family:\"><span style=\"letter-spacing:-0.5pt\"><b><span style=\"font-size:18.0pt\"><span calibri=\"\" style=\"font-family:\"><span style=\"font-variant:small-caps\">Sustentabilidade<\/span><\/span><\/span><\/b><\/span><\/span><\/span><\/p>\r\n\r\n<p style=\"text-align:justify\"><span style=\"font-size:11pt\"><span style=\"line-height:normal\"><span calibri=\"\" style=\"font-family:\"><a href=\"https:\/\/plasticosemrevista.com.br\/eua-contagem-regressiva-para-plasticos-descartaveis-em-parques-nacionais\/\" style=\"color:blue; text-decoration:underline\"><span style=\"font-size:14.0pt\">EUA: contagem regressiva para pl&aacute;sticos descart&aacute;veis em parques nacionais<\/span><\/a><\/span><\/span><\/span><\/p>\r\n\r\n<p style=\"text-align:justify\"><span style=\"font-size:11pt\"><span style=\"line-height:normal\"><span calibri=\"\" style=\"font-family:\"><a href=\"https:\/\/www.interempresas.net\/Quimica\/Articulos\/392183-AITEX-impulsa-el-reciclado-quimico-del-poliester-a-partir-de-residuos-textiles.html\" style=\"color:blue; text-decoration:underline\"><span style=\"font-size:14.0pt\">AITEX (Asociaci&oacute;n de investigaci&oacute;n de la Industria Textil) impulsa el reciclado qu&iacute;mico del poli&eacute;ster a partir de residuos textiles<\/span><\/a><\/span><\/span><\/span><\/p>\r\n\r\n<p style=\"text-align:justify\"><span style=\"font-size:11pt\"><span style=\"line-height:normal\"><span calibri=\"\" style=\"font-family:\"><a href=\"https:\/\/metsul.com\/ciencia-comeca-a-desvendar-impactos-dos-microplasticos-no-clima\/\" style=\"color:blue; text-decoration:underline\"><span style=\"font-size:14.0pt\">Ci&ecirc;ncia come&ccedil;a a desvendar impactos dos micropl&aacute;sticos no clima<\/span><\/a><\/span><\/span><\/span><\/p>\r\n\r\n<p style=\"text-align:justify\"><span style=\"font-size:11pt\"><span style=\"line-height:normal\"><span calibri=\"\" style=\"font-family:\"><a href=\"https:\/\/tissueonline.com.br\/pg-divulga-nova-estrategia-de-combate-a-crise-global-da-agua\/?utm_campaign=newsletter_17062022_novo_modelo&amp;utm_medium=email&amp;utm_source=RD+Station\" style=\"color:blue; text-decoration:underline\"><span style=\"font-size:14.0pt\">P&amp;G divulga nova estrat&eacute;gia de combate &agrave; crise global da &aacute;gua<\/span><\/a><\/span><\/span><\/span><\/p>\r\n\r\n<p style=\"text-align:justify\"><span style=\"font-size:11pt\"><span style=\"line-height:normal\"><span calibri=\"\" style=\"font-family:\"><a href=\"https:\/\/docs.google.com\/viewer?url=https:\/\/abiquim-files.s3-us-west-2.amazonaws.com\/uploads\/guias_estudos\/Posicionamento%20Economia%20Circular%20jun%2022_compressed%20(1).pdf&amp;embeded=true\" style=\"color:blue; text-decoration:underline\"><span style=\"font-size:14.0pt\">Posicionamento Abiquim sobre Economia Circular<\/span><\/a><\/span><\/span><\/span><\/p>\r\n\r\n<p class=\"MsoTitle\" style=\"text-align:justify\"><span style=\"font-size:28pt\"><span cambria=\"\" style=\"font-family:\"><span style=\"letter-spacing:-0.5pt\"><b><span style=\"font-size:18.0pt\"><span calibri=\"\" style=\"font-family:\"><span style=\"font-variant:small-caps\">Inova&ccedil;&atilde;o<\/span><\/span><\/span><\/b><\/span><\/span><\/span><\/p>\r\n\r\n<p style=\"text-align:justify\"><span style=\"font-size:11pt\"><span style=\"line-height:normal\"><span calibri=\"\" style=\"font-family:\"><a href=\"https:\/\/www.technicaltextile.net\/news\/swedish-university-student-develops-conductive-fibres-281441.html\" style=\"color:blue; text-decoration:underline\"><span style=\"font-size:14.0pt\">Swedish University student develops conductive fibres<\/span><\/a><\/span><\/span><\/span><\/p>\r\n\r\n<p style=\"text-align:justify\"><span style=\"font-size:11pt\"><span style=\"line-height:normal\"><span calibri=\"\" style=\"font-family:\"><a href=\"https:\/\/ciclovivo.com.br\/inovacao\/inspiracao\/projeto-transforma-meias-velhas-em-cobertores-para-pessoas-carentes-2\/\" style=\"color:blue; text-decoration:underline\"><span style=\"font-size:14.0pt\">Projeto transforma meias velhas em cobertores para pessoas carentes<\/span><\/a><\/span><\/span><\/span><\/p>\r\n\r\n<p style=\"text-align:justify\"><span style=\"font-size:11pt\"><span style=\"line-height:normal\"><span calibri=\"\" style=\"font-family:\"><a href=\"http:\/\/textileindustry.ning.com\/forum\/topics\/brandili-transforma-sobras-de-alimentos-em-adubo-e-res-duos-t\" style=\"color:blue; text-decoration:underline\"><span style=\"font-size:14.0pt\">Brandili transforma sobras de alimentos em adubo e res&iacute;duos t&ecirc;xteis em fios ecol&oacute;gicos<\/span><\/a><\/span><\/span><\/span><\/p>\r\n\r\n<p class=\"MsoTitle\" style=\"text-align:justify\"><span style=\"font-size:28pt\"><span cambria=\"\" style=\"font-family:\"><span style=\"letter-spacing:-0.5pt\"><b><span style=\"font-size:18.0pt\"><span calibri=\"\" style=\"font-family:\"><span style=\"font-variant:small-caps\">Com&eacute;rcio Exterior<\/span><\/span><\/span><\/b><\/span><\/span><\/span><\/p>\r\n\r\n<p style=\"text-align:justify\"><span style=\"font-size:11pt\"><span style=\"line-height:normal\"><span style=\"font-family:&quot;Calibri&quot;,sans-serif\"><a href=\"https:\/\/agenciabrasil.ebc.com.br\/internacional\/noticia\/2022-06\/ue-precisa-acelerar-com-urgencia-acordos-comerciais-dizem-15-paises\" style=\"color:blue; text-decoration:underline\"><span style=\"font-size:14.0pt\">UE precisa acelerar com urg&ecirc;ncia acordos comerciais, dizem 15 pa&iacute;ses<\/span><\/a><\/span><\/span><\/span><\/p>\r\n\r\n<p style=\"text-align:justify\"><span style=\"font-size:11pt\"><span style=\"line-height:normal\"><span calibri=\"\" style=\"font-family:\"><a href=\"https:\/\/www.comexdobrasil.com\/estudo-da-cni-mostra-concentracao-das-exportacoes-industriais-do-brasil-dez-vezes-maior-que-nos-membros-do-g-20-e-pais-na-contramao-dos-demais-membros-do-bloco\/\" style=\"color:blue; text-decoration:underline\"><span style=\"font-size:14.0pt\">Estudo da CNI mostra concentra&ccedil;&atilde;o das exporta&ccedil;&otilde;es industriais do Brasil dez vezes maior que nos membros do G20 e pa&iacute;s na contram&atilde;o dos demais membros do bloco<\/span><\/a><\/span><\/span><\/span><\/p>\r\n\r\n<p style=\"text-align:justify\"><span style=\"font-size:11pt\"><span style=\"line-height:normal\"><span calibri=\"\" style=\"font-family:\"><a href=\"https:\/\/www.comexdobrasil.com\/vendas-para-os-eua-crescem-1086-em-receita-e-impulsionam-desempenho-do-setor-calcadista-em-2022\/\" style=\"color:blue; text-decoration:underline\"><span style=\"font-size:14.0pt\">Vendas para os EUA crescem 108,6% em receita e impulsionam desempenho do setor cal&ccedil;adista em 2022<\/span><\/a><\/span><\/span><\/span><\/p>\r\n\r\n<p style=\"text-align:justify\"><span style=\"font-size:11pt\"><span style=\"line-height:normal\"><span calibri=\"\" style=\"font-family:\"><a href=\"https:\/\/www-fibre2fashion-com.translate.goog\/news\/textile-news\/chinese-ports-container-handling-volume-rose-2-3-during-jan-may-281470-newsdetails.htm?_x_tr_sl=en&amp;_x_tr_tl=pt&amp;_x_tr_hl=pt-BR&amp;_x_tr_pto=op,wapp\" style=\"color:blue; text-decoration:underline\"><span style=\"font-size:14.0pt\">Chinese ports&#39; container handling volume rose 2.3% during Jan-May<\/span><\/a><\/span><\/span><\/span><\/p>\r\n\r\n<p class=\"MsoTitle\" style=\"text-align:justify\"><span style=\"font-size:28pt\"><span cambria=\"\" style=\"font-family:\"><span style=\"letter-spacing:-0.5pt\"><b><span style=\"font-size:18.0pt\"><span calibri=\"\" style=\"font-family:\"><span style=\"font-variant:small-caps\">Economia<\/span><\/span><\/span><\/b><\/span><\/span><\/span><\/p>\r\n\r\n<p style=\"text-align:justify\"><span style=\"font-size:11pt\"><span style=\"line-height:normal\"><span calibri=\"\" style=\"font-family:\"><a href=\"https:\/\/www.iadb.org\/pt\/noticias\/bid-estimula-grandes-oportunidades-de-investimento-no-brasil-e-aprova-credito-em?utm_source=Email&amp;utm_medium=News&amp;utm_campaign=BID%20estimula%20grandes%20oportunidades%20de%20investimento%20no%20Brasil%20e%20aprova%20cr%C3%A9dito%20em%20infraestrutura&amp;utm_term=NEWS\" style=\"color:blue; text-decoration:underline\"><span style=\"font-size:14.0pt\">BID estimula grandes oportunidades de investimento no Brasil e aprova cr&eacute;dito em infraestrutura<\/span><\/a><\/span><\/span><\/span><\/p>\r\n\r\n<p style=\"text-align:justify\"><span style=\"font-size:11pt\"><span style=\"line-height:normal\"><span calibri=\"\" style=\"font-family:\"><a href=\"https:\/\/www.eiu.com\/n\/us-inflation-picks-up-in-may\/?utm_source=mkt-newsletter&amp;utm_medium=email&amp;utm_campaign=foce&amp;utm_content=17-june-2022&amp;mkt_tok=NzUzLVJJUS00MzgAAAGFELqmWYYAjULcLRv0-1pclIf-sUq7i2IHxgxYtdyiCM2BFc2oIUXzqPL3FS7qmx488KG61qOL1kiBNUJQYOzf2KP1laaJzSedfKQhlM-GAEH4Lg\" style=\"color:blue; text-decoration:underline\"><span style=\"font-size:14.0pt\">US inflation picks up in May<\/span><\/a><\/span><\/span><\/span><\/p>\r\n\r\n<p style=\"text-align:justify\"><span style=\"font-size:11pt\"><span style=\"line-height:normal\"><span calibri=\"\" style=\"font-family:\"><a href=\"https:\/\/agenciabrasil.ebc.com.br\/economia\/noticia\/2022-06\/entidades-do-setor-produtivo-criticam-aumento-da-selic\" style=\"color:blue; text-decoration:underline\"><span style=\"font-size:14.0pt\">Entidades do setor produtivo criticam aumento da Selic<\/span><\/a><\/span><\/span><\/span><\/p>\r\n\r\n<p style=\"text-align:justify\"><span style=\"font-size:11pt\"><span style=\"line-height:normal\"><span calibri=\"\" style=\"font-family:\"><a href=\"https:\/\/agenciabrasil.ebc.com.br\/geral\/noticia\/2022-06\/petrobras-nomeia-fernando-borges-como-presidente-interino\" style=\"color:blue; text-decoration:underline\"><span style=\"font-size:14.0pt\">Petrobras nomeia Fernando Borges como presidente interino<\/span><\/a><\/span><\/span><\/span><\/p>\r\n","texto_en":"","7":"","imagem":"COMP_banner-padrao-home-destaques-boletim_20220621125207XyKNZz6h2v.jpg","8":"COMP_banner-padrao-home-destaques-boletim_20220621125207XyKNZz6h2v.jpg","arquivo":"20220621-NOTICIAS-SEMANAIS.PDF","9":"20220621-NOTICIAS-SEMANAIS.PDF","titulo_arquivo":"","10":"","titulo_arquivo_en":"","11":"","created_at":"2022-06-21 12:52:14","12":"2022-06-21 12:52:14","updated_at":"2022-06-21 13:35:28","13":"2022-06-21 13:35:28"},{"id":21,"0":21,"ordem":202,"1":202,"data":"2022-06-14","2":"2022-06-14","slug":"boletim-de-noticias-semanais-18","3":"boletim-de-noticias-semanais-18","titulo":"Boletim de Not\u00edcias Semanais","4":"Boletim de Not\u00edcias Semanais","titulo_en":"","5":"","texto":"<p style=\"text-align:justify\"><span style=\"font-size:11pt\"><span style=\"line-height:normal\"><span style=\"font-family:&quot;Calibri&quot;,sans-serif\"><span style=\"font-size:14.0pt\">Esta &eacute; uma compila&ccedil;&atilde;o das not&iacute;cias mais relevantes para o setor, incluindo informa&ccedil;&otilde;es sobre acordos internacionais, economia brasileira, sustentabilidade e mat&eacute;rias primas, al&eacute;m de novidades do setor de N&atilde;otecidos e Tecidos T&eacute;cnicos.<\/span><\/span><\/span><\/span><\/p>\r\n\r\n<p class=\"MsoTitle\" style=\"text-align:justify\"><span style=\"font-size:28pt\"><span style=\"font-family:&quot;Cambria&quot;,serif\"><span style=\"letter-spacing:-0.5pt\"><b><span style=\"font-size:18.0pt\"><span style=\"font-family:&quot;Calibri&quot;,sans-serif\"><span style=\"font-variant:small-caps\">A&ccedil;&otilde;es da ABINT<\/span><\/span><\/span><\/b><\/span><\/span><\/span><\/p>\r\n\r\n<p style=\"text-align:justify\"><img src=\"https:\/\/www.abint.org.br\/assets\/img\/editor\/logo-final-nonwonvens-day-39ae8e-24-03_20220621123050REPh0tbkyh.png\" \/><\/p>\r\n\r\n<p style=\"text-align:justify\">&nbsp;<\/p>\r\n\r\n<p style=\"text-align:justify\">&nbsp;<\/p>\r\n\r\n<p style=\"text-align:justify\"><span style=\"font-size:11pt\"><span style=\"line-height:normal\"><span style=\"font-family:&quot;Calibri&quot;,sans-serif\"><b><span style=\"font-size:14.0pt\">Confira as palestras do Nonwovens Day 2022!<\/span><\/b><\/span><\/span><\/span><\/p>\r\n\r\n<p style=\"text-align:justify\"><span style=\"font-size:11pt\"><span style=\"line-height:normal\"><span style=\"font-family:&quot;Calibri&quot;,sans-serif\"><span style=\"font-size:14.0pt\"><span style=\"background:white\"><span style=\"color:#444444\">As palestras do evento, que aconteceu dias <b>08 e 09 de junho de 2022, <\/b>ficar&atilde;o dispon&iacute;veis at&eacute; 08\/07\/2022. <\/span><\/span><\/span><a href=\"https:\/\/hall.inteegra.com.br\/83736\/\" style=\"color:blue; text-decoration:underline\"><b><span style=\"font-size:14.0pt\">ASSISTA AQUI<\/span><\/b><\/a><span style=\"font-size:14.0pt\">! Se voc&ecirc; n&atilde;o teve oportunidade de se inscrever e quer assistir as palestras, basta preencher o cadastro.<\/span><\/span><\/span><\/span><\/p>\r\n\r\n<p style=\"text-align:justify\">&nbsp;<\/p>\r\n\r\n<p style=\"text-align:justify\"><span style=\"font-size:11pt\"><span style=\"line-height:normal\"><span style=\"font-family:&quot;Calibri&quot;,sans-serif\"><b><span style=\"font-size:18.0pt\"><span style=\"font-variant:small-caps\">Eventos<\/span><\/span><\/b><\/span><\/span><\/span><\/p>\r\n\r\n<p style=\"text-align:justify\"><span style=\"font-size:11pt\"><span style=\"line-height:normal\"><span style=\"font-family:&quot;Calibri&quot;,sans-serif\"><span class=\"MsoHyperlink\" style=\"color:blue\"><span style=\"text-decoration:underline\"><span style=\"font-size:14.0pt\"><span style=\"text-decoration:none\"><span style=\"text-underline:none\">Webinar Think Pl&aacute;sticos: <b>Cen&aacute;rio log&iacute;stico global e o impacto das negocia&ccedil;&otilde;es internacionais<\/b>, data 21 de junho de 2022. <\/span><\/span><\/span><\/span><\/span><a href=\"https:\/\/us12.campaign-archive.com\/?u=2362c2ef23b5f6f86b32d9fbd&amp;id=d30607b525&amp;utm_source=P+-+Prospects&amp;utm_campaign=d30607b525-Informativo+Think+Plastic+Brazil+-+175_COPY_02&amp;utm_medium=email&amp;utm_term=0_b8d29de0ef-d30607b525-119848522\" style=\"color:blue; text-decoration:underline\"><span style=\"font-size:14.0pt\">Informa&ccedil;&otilde;es aqui<\/span><\/a><span class=\"MsoHyperlink\" style=\"color:blue\"><span style=\"text-decoration:underline\"><span style=\"font-size:14.0pt\"><span style=\"text-decoration:none\"><span style=\"text-underline:none\">.<\/span><\/span><\/span><\/span><\/span><\/span><\/span><\/span><\/p>\r\n\r\n<p style=\"text-align:justify\"><span style=\"font-size:11pt\"><span style=\"line-height:normal\"><span style=\"font-family:&quot;Calibri&quot;,sans-serif\"><span class=\"MsoHyperlink\" style=\"color:blue\"><span style=\"text-decoration:underline\"><b><span style=\"font-size:14.0pt\"><span style=\"text-decoration:none\"><span style=\"text-underline:none\">F&oacute;rum Brasil &ndash; OCDE<\/span><\/span><\/span><\/b><\/span><\/span><span class=\"MsoHyperlink\" style=\"color:blue\"><span style=\"text-decoration:underline\"><span style=\"font-size:14.0pt\"><span style=\"text-decoration:none\"><span style=\"text-underline:none\">, Pal&aacute;cio do Itamaraty, data 20 a 22 de junho, evento h&iacute;brido. <\/span><\/span><\/span><\/span><\/span><a href=\"https:\/\/forms.office.com\/pages\/responsepage.aspx?id=oPRyEk2sBkK2gcpWHkGAGFfeen7gZhdPiwv8JRAJHTtUMTkzUE8wRlNSNU4xWkRLTkI0VUVCTDY5MC4u&amp;wdLOR=c1F16DB40-0541-4988-8460-E13229177DE9\" style=\"color:blue; text-decoration:underline\"><span style=\"font-size:14.0pt\">Informa&ccedil;&otilde;es aqui<\/span><\/a><span class=\"MsoHyperlink\" style=\"color:blue\"><span style=\"text-decoration:underline\"><span style=\"font-size:14.0pt\"><span style=\"text-decoration:none\"><span style=\"text-underline:none\">.<\/span><\/span><\/span><\/span><\/span><\/span><\/span><\/span><\/p>\r\n\r\n<p style=\"text-align:justify\"><span style=\"font-size:11pt\"><span style=\"line-height:normal\"><span style=\"font-family:&quot;Calibri&quot;,sans-serif\"><span class=\"MsoHyperlink\" style=\"color:blue\"><span style=\"text-decoration:underline\"><b><span style=\"font-size:14.0pt\"><span style=\"text-decoration:none\"><span style=\"text-underline:none\">Abit e SENAI|CETIQT: Vis&atilde;o do futuro T&ecirc;xtil 2030<\/span><\/span><\/span><\/b><\/span><\/span><span class=\"MsoHyperlink\" style=\"color:blue\"><span style=\"text-decoration:underline\"><span style=\"font-size:14.0pt\"><span style=\"text-decoration:none\"><span style=\"text-underline:none\">, encontro presencial, data 23 de junho de 2022. <\/span><\/span><\/span><\/span><\/span><a href=\"https:\/\/app.rdstation.email\/mail\/837609f2-3c74-4754-8c54-f4c22eecead3?utm_campaign=convite_textil_2030_-_09052022&amp;utm_medium=email&amp;utm_source=RD+Station\" style=\"color:blue; text-decoration:underline\"><span style=\"font-size:14.0pt\">Informa&ccedil;&otilde;es aqui<\/span><\/a><span class=\"MsoHyperlink\" style=\"color:blue\"><span style=\"text-decoration:underline\"><span style=\"font-size:14.0pt\"><span style=\"text-decoration:none\"><span style=\"text-underline:none\">.<\/span><\/span><\/span><\/span><\/span><\/span><\/span><\/span><\/p>\r\n\r\n<p class=\"MsoTitle\" style=\"text-align:justify\"><span style=\"font-size:28pt\"><span style=\"font-family:&quot;Cambria&quot;,serif\"><span style=\"letter-spacing:-0.5pt\"><b><span style=\"font-size:18.0pt\"><span style=\"font-family:&quot;Calibri&quot;,sans-serif\"><span style=\"font-variant:small-caps\">Setor<\/span><\/span><\/span><\/b><\/span><\/span><\/span><\/p>\r\n\r\n<p style=\"text-align:justify\"><span style=\"font-size:11pt\"><span style=\"line-height:normal\"><span style=\"font-family:&quot;Calibri&quot;,sans-serif\"><a href=\"https:\/\/plasticosemrevista.com.br\/vento-bravo\/\" style=\"color:blue; text-decoration:underline\"><span style=\"font-size:14.0pt\">Vento bravo<\/span><\/a><\/span><\/span><\/span><\/p>\r\n\r\n<p style=\"text-align:justify\"><span style=\"font-size:11pt\"><span style=\"line-height:normal\"><span style=\"font-family:&quot;Calibri&quot;,sans-serif\"><a href=\"https:\/\/revistaforum.com.br\/saude\/2022\/6\/11\/phitta-mask-conhea-mascara-criada-na-usp-que-elimina-virus-da-covid-da-influenza-118640.html\" style=\"color:blue; text-decoration:underline\"><span style=\"font-size:14.0pt\">Phitta Mask: conhe&ccedil;a a m&aacute;scara criada na USP que elimina o v&iacute;rus da Covid e da influenza<\/span><\/a><\/span><\/span><\/span><\/p>\r\n\r\n<p style=\"text-align:justify\"><span style=\"font-size:11pt\"><span style=\"line-height:normal\"><span style=\"font-family:&quot;Calibri&quot;,sans-serif\"><a href=\"https:\/\/www.diariodepernambuco.com.br\/noticia\/vidaurbana\/2022\/06\/crea-pe-promove-debate-para-discutir-medidas-para-minimizar-o-impacto.html\" style=\"color:blue; text-decoration:underline\"><span style=\"font-size:14.0pt\">Geotecnia: Crea-PE promove debate para discutir medidas que reduzam o impacto das chuvas<\/span><\/a><\/span><\/span><\/span><\/p>\r\n\r\n<p style=\"text-align:justify\"><span style=\"font-size:11pt\"><span style=\"line-height:normal\"><span style=\"font-family:&quot;Calibri&quot;,sans-serif\"><a href=\"https:\/\/www.textiletechnology.net\/technology\/news\/fact.mr-textiles-industry-to-reach--1440-billion-by-2032-32247?utm_source=%2Fmeta%2Fnewsletter%2Fnewsletter&amp;utm_medium=newsletter&amp;utm_campaign=nl881&amp;utm_term=0801b20e08c3242125d512808cd74302\" style=\"color:blue; text-decoration:underline\"><span style=\"font-size:14.0pt\">Textiles industry to reach $ 1,440 billion by 2032<\/span><\/a><\/span><\/span><\/span><\/p>\r\n\r\n<p style=\"text-align:justify\"><span style=\"font-size:11pt\"><span style=\"line-height:normal\"><span style=\"font-family:&quot;Calibri&quot;,sans-serif\"><a href=\"https:\/\/www.textiletechnology.net\/technology\/news\/itmf-international-textile-production-costs-vary-up-to-72-32260?utm_source=%2Fmeta%2Fnewsletter%2Fnewsletter&amp;utm_medium=newsletter&amp;utm_campaign=nl881&amp;utm_term=0801b20e08c3242125d512808cd74302\" style=\"color:blue; text-decoration:underline\"><span style=\"font-size:14.0pt\">International textile production costs vary up to 72%<\/span><\/a><\/span><\/span><\/span><\/p>\r\n\r\n<p style=\"text-align:justify\"><span style=\"font-size:11pt\"><span style=\"line-height:normal\"><span style=\"font-family:&quot;Calibri&quot;,sans-serif\"><a href=\"https:\/\/www.textileworld.com\/textile-world\/nonwovens-technical-textiles\/2022\/06\/world-of-wipes-international-conference-features-industry-experts-addressing-key-issues-to-help-attendees-meet-new-challenges\/\" style=\"color:blue; text-decoration:underline\"><span style=\"font-size:14.0pt\">World Of Wipes&reg; International Conference Features Industry Experts Addressing Key Issues To Help Attendees Meet New Challenges<\/span><\/a><\/span><\/span><\/span><\/p>\r\n\r\n<p style=\"text-align:justify\"><span style=\"font-size:11pt\"><span style=\"line-height:normal\"><span style=\"font-family:&quot;Calibri&quot;,sans-serif\"><a href=\"https:\/\/www.innovationintextiles.com\/uk-to-burn-unusable-ppe-valued-at-4-billion\/\" style=\"color:blue; text-decoration:underline\"><span style=\"font-size:14.0pt\">UK to burn unusable PPE valued at &pound;4 billion<\/span><\/a><\/span><\/span><\/span><\/p>\r\n\r\n<p style=\"text-align:justify\"><span style=\"font-size:11pt\"><span style=\"line-height:normal\"><span style=\"font-family:&quot;Calibri&quot;,sans-serif\"><a href=\"https:\/\/www.technicaltextile.net\/news\/finland-s-suominen-launches-new-nonwoven-with-recycled-paper-281155.html\" style=\"color:blue; text-decoration:underline\"><span style=\"font-size:14.0pt\">Finland&#39;s Suominen launches new nonwoven with recycled paper<\/span><\/a><\/span><\/span><\/span><\/p>\r\n\r\n<p style=\"text-align:justify\"><span style=\"font-size:11pt\"><span style=\"line-height:normal\"><span style=\"font-family:&quot;Calibri&quot;,sans-serif\"><a href=\"https:\/\/www.textiletechnology.net\/nonwovens\/news\/freudenberg-liquid-absorbers-for-battery-packs-32310?utm_source=%2Fmeta%2Fnewsletter%2Fnewsletter&amp;utm_medium=newsletter&amp;utm_campaign=nl880&amp;utm_term=0801b20e08c3242125d512808cd74302\" style=\"color:blue; text-decoration:underline\"><span style=\"font-size:14.0pt\">Freudenberg: Liquid absorbers for battery packs<\/span><\/a><\/span><\/span><\/span><\/p>\r\n\r\n<p style=\"text-align:justify\"><span style=\"font-size:11pt\"><span style=\"line-height:normal\"><span style=\"font-family:&quot;Calibri&quot;,sans-serif\"><a href=\"https:\/\/www.innovationintextiles.com\/nonwovens\/trtzschler-to-present-broad-portfolio\/\" style=\"color:blue; text-decoration:underline\"><span style=\"font-size:14.0pt\">Tr&uuml;tzschler to present broad portfolio<\/span><\/a><\/span><\/span><\/span><\/p>\r\n\r\n<p class=\"MsoTitle\" style=\"text-align:justify\"><span style=\"font-size:28pt\"><span style=\"font-family:&quot;Cambria&quot;,serif\"><span style=\"letter-spacing:-0.5pt\"><b><span style=\"font-size:18.0pt\"><span style=\"font-family:&quot;Calibri&quot;,sans-serif\"><span style=\"font-variant:small-caps\">Ind&uacute;stria<\/span><\/span><\/span><\/b><\/span><\/span><\/span><\/p>\r\n\r\n<p style=\"text-align:justify\"><span style=\"font-size:11pt\"><span style=\"line-height:normal\"><span style=\"font-family:&quot;Calibri&quot;,sans-serif\"><a href=\"https:\/\/agenciabrasil.ebc.com.br\/economia\/noticia\/2022-06\/producao-de-veiculos-tem-alta-de-68-em-maio\" style=\"color:blue; text-decoration:underline\"><span style=\"font-size:14.0pt\">Produ&ccedil;&atilde;o de ve&iacute;culos aumenta 6,8% no m&ecirc;s de maio, diz Anfavea<\/span><\/a><\/span><\/span><\/span><\/p>\r\n\r\n<p style=\"text-align:justify\"><span style=\"font-size:11pt\"><span style=\"line-height:normal\"><span style=\"font-family:&quot;Calibri&quot;,sans-serif\"><a href=\"https:\/\/www.istoedinheiro.com.br\/industria-calcadista-gera-20-mil-vagas-no-ano-e-volta-ao-nivel-pre-pandemia\/\" style=\"color:blue; text-decoration:underline\"><span style=\"font-size:14.0pt\">Ind&uacute;stria cal&ccedil;adista gera 20 mil vagas no ano e volta ao n&iacute;vel pr&eacute;-pandemia<\/span><\/a><\/span><\/span><\/span><\/p>\r\n\r\n<p style=\"text-align:justify\"><span style=\"font-size:11pt\"><span style=\"line-height:normal\"><span style=\"font-family:&quot;Calibri&quot;,sans-serif\"><a href=\"https:\/\/revistamt.com.br\/Materias\/Exibir\/os-desafios-da-integracao-no-saneamento\" style=\"color:blue; text-decoration:underline\"><span style=\"font-size:14.0pt\">Os desafios da integra&ccedil;&atilde;o no saneamento<\/span><\/a><\/span><\/span><\/span><\/p>\r\n\r\n<p style=\"text-align:justify\"><span style=\"font-size:11pt\"><span style=\"line-height:normal\"><span style=\"font-family:&quot;Calibri&quot;,sans-serif\"><a href=\"https:\/\/sfcb.com.br\/noticias\/publicada-portaria-mtp-n-1-486-2022-que-altera-pontos-importantes-na-area-trabalhista\/\" style=\"color:blue; text-decoration:underline\"><span style=\"font-size:14.0pt\">Publicada Portaria MTP n&deg; 1.486\/2022, que altera pontos importantes na &aacute;rea trabalhista<\/span><\/a><\/span><\/span><\/span><\/p>\r\n\r\n<p style=\"text-align:justify\"><span style=\"font-size:11pt\"><span style=\"line-height:normal\"><span style=\"font-family:&quot;Calibri&quot;,sans-serif\"><a href=\"https:\/\/www.textiletechnology.net\/technical-textiles\/news\/textile-intelligence-increase-in-demand-for-automotive-technical-textiles-32223?utm_source=%2Fmeta%2Fnewsletter%2Fnewsletter&amp;utm_medium=newsletter&amp;utm_campaign=nl880&amp;utm_term=0801b20e08c3242125d512808cd74302\" style=\"color:blue; text-decoration:underline\"><span style=\"font-size:14.0pt\">Increase in demand for automotive technical textiles<\/span><\/a><\/span><\/span><\/span><\/p>\r\n\r\n<p style=\"text-align:justify\"><span style=\"font-size:11pt\"><span style=\"line-height:normal\"><span style=\"font-family:&quot;Calibri&quot;,sans-serif\"><a href=\"https:\/\/www.textiletechnology.net\/technical-textiles\/news\/ita-showcasing-the-research-spectrum-at-techtextil-32315?utm_source=%2Fmeta%2Fnewsletter%2Fnewsletter&amp;utm_medium=newsletter&amp;utm_campaign=nl880&amp;utm_term=0801b20e08c3242125d512808cd74302\" style=\"color:blue; text-decoration:underline\"><span style=\"font-size:14.0pt\">Institut f&uuml;r Textiltechnik of RWTH Aachen University (ITA): Showcasing the research spectrum at Techtextil<\/span><\/a><\/span><\/span><\/span><\/p>\r\n\r\n<p class=\"MsoTitle\" style=\"text-align:justify\"><span style=\"font-size:28pt\"><span style=\"font-family:&quot;Cambria&quot;,serif\"><span style=\"letter-spacing:-0.5pt\"><b><span style=\"font-size:18.0pt\"><span style=\"font-family:&quot;Calibri&quot;,sans-serif\"><span style=\"font-variant:small-caps\">Sustentabilidade<\/span><\/span><\/span><\/b><\/span><\/span><\/span><\/p>\r\n\r\n<p style=\"text-align:justify\"><span style=\"font-size:11pt\"><span style=\"line-height:normal\"><span style=\"font-family:&quot;Calibri&quot;,sans-serif\"><a href=\"https:\/\/fcem.com.br\/noticias\/novidades-sustentaveis-no-mundo-textil-o-que-vem-por-ai\/?utm_campaign=febratex_news_090622&amp;utm_medium=email&amp;utm_source=RD+Station\" style=\"color:blue; text-decoration:underline\"><span style=\"font-size:14.0pt\">Novidades sustent&aacute;veis no mundo t&ecirc;xtil: o que vem por a&iacute;<\/span><\/a><\/span><\/span><\/span><\/p>\r\n\r\n<p style=\"text-align:justify\"><span style=\"font-size:11pt\"><span style=\"line-height:normal\"><span style=\"font-family:&quot;Calibri&quot;,sans-serif\"><a href=\"https:\/\/plasticosemrevista.com.br\/ps-e-pvc-na-lista-negra-de-us-plastic-pact\/\" style=\"color:blue; text-decoration:underline\"><span style=\"font-size:14.0pt\">PS e PVC na lista negra de US Plastic Pact<\/span><\/a><\/span><\/span><\/span><\/p>\r\n\r\n<p style=\"text-align:justify\"><span style=\"font-size:11pt\"><span style=\"line-height:normal\"><span style=\"font-family:&quot;Calibri&quot;,sans-serif\"><a href=\"https:\/\/plasticonews.com.br\/os-plasticos-podem-ajudar-a-construir-um-futuro-sustentavel-eis-como\/\" style=\"color:blue; text-decoration:underline\"><span style=\"font-size:14.0pt\">Os pl&aacute;sticos podem ajudar a construir um futuro sustent&aacute;vel &ndash; eis como<\/span><\/a><\/span><\/span><\/span><\/p>\r\n\r\n<p style=\"text-align:justify\"><span style=\"font-size:11pt\"><span style=\"line-height:normal\"><span style=\"font-family:&quot;Calibri&quot;,sans-serif\"><a href=\"https:\/\/www.agrolink.com.br\/noticias\/tectextil-entra-de-vez-na-economia-circular-do-polipropileno_466565.html\" style=\"color:blue; text-decoration:underline\"><span style=\"font-size:14.0pt\">Tectextil entra de vez na economia circular do polipropileno<\/span><\/a><\/span><\/span><\/span><\/p>\r\n\r\n<p style=\"text-align:justify\"><span style=\"font-size:11pt\"><span style=\"line-height:normal\"><span style=\"font-family:&quot;Calibri&quot;,sans-serif\"><a href=\"https:\/\/www12.senado.leg.br\/noticias\/materias\/2022\/06\/08\/cma-vai-propor-marco-regulatorio-da-economia-circular-do-plastico\" style=\"color:blue; text-decoration:underline\"><span style=\"font-size:14.0pt\">CMA vai propor marco regulat&oacute;rio da economia circular do pl&aacute;stico<\/span><\/a><\/span><\/span><\/span><\/p>\r\n\r\n<p style=\"text-align:justify\"><span style=\"font-size:11pt\"><span style=\"line-height:normal\"><span style=\"font-family:&quot;Calibri&quot;,sans-serif\"><a href=\"https:\/\/grandesconstrucoes.com.br\/Materias\/Exibir\/novo-plano-estipula-fim-dos-lixoes\" style=\"color:blue; text-decoration:underline\"><span style=\"font-size:14.0pt\">Novo plano estipula fim dos lix&otilde;es<\/span><\/a><\/span><\/span><\/span><\/p>\r\n\r\n<p class=\"MsoTitle\" style=\"text-align:justify\"><span style=\"font-size:28pt\"><span style=\"font-family:&quot;Cambria&quot;,serif\"><span style=\"letter-spacing:-0.5pt\"><b><span style=\"font-size:18.0pt\"><span style=\"font-family:&quot;Calibri&quot;,sans-serif\"><span style=\"font-variant:small-caps\">Inova&ccedil;&atilde;o<\/span><\/span><\/span><\/b><\/span><\/span><\/span><\/p>\r\n\r\n<p style=\"text-align:justify\"><span style=\"font-size:11pt\"><span style=\"line-height:normal\"><span style=\"font-family:&quot;Calibri&quot;,sans-serif\"><a href=\"https:\/\/noticias.portaldaindustria.com.br\/noticias\/sustentabilidade\/casca-de-banana-nem-sempre-e-lixo-no-senai-cetiqt-ela-vira-tecido\/\" style=\"color:blue; text-decoration:underline\"><span style=\"font-size:14.0pt\">Casca de banana nem sempre &eacute; lixo! No SENAI CETIQT ela vira tecido<\/span><\/a><\/span><\/span><\/span><\/p>\r\n\r\n<p style=\"text-align:justify\"><span style=\"font-size:11pt\"><span style=\"line-height:normal\"><span style=\"font-family:&quot;Calibri&quot;,sans-serif\"><a href=\"https:\/\/www.technicaltextile.net\/articles\/mit-s-digital-fibre-to-revolutionise-wearable-tech-9117\" style=\"color:blue; text-decoration:underline\"><span style=\"font-size:14.0pt\">MIT&#39;s digital fibre to revolutionise wearable tech<\/span><\/a><\/span><\/span><\/span><\/p>\r\n\r\n<p class=\"MsoTitle\" style=\"text-align:justify\"><span style=\"font-size:28pt\"><span style=\"font-family:&quot;Cambria&quot;,serif\"><span style=\"letter-spacing:-0.5pt\"><b><span style=\"font-size:18.0pt\"><span style=\"font-family:&quot;Calibri&quot;,sans-serif\"><span style=\"font-variant:small-caps\">Com&eacute;rcio Exterior<\/span><\/span><\/span><\/b><\/span><\/span><\/span><\/p>\r\n\r\n<p style=\"text-align:justify\"><span style=\"font-size:11pt\"><span style=\"line-height:normal\"><span style=\"font-family:&quot;Calibri&quot;,sans-serif\"><a href=\"https:\/\/www.comexdobrasil.com\/brasil-e-o-6o-pais-que-mais-atrai-investimentos-estrangeiros-e-apexbrasil-intermediou-us-136-bilhoes-do-total-captado\/\" style=\"color:blue; text-decoration:underline\"><span style=\"font-size:14.0pt\">Brasil &eacute; o 6&ordm; pa&iacute;s que mais atrai investimentos estrangeiros e ApexBrasil intermediou US$ 136 bilh&otilde;es do total captado<\/span><\/a><\/span><\/span><\/span><\/p>\r\n\r\n<p style=\"text-align:justify\"><span style=\"font-size:11pt\"><span style=\"line-height:normal\"><span style=\"font-family:&quot;Calibri&quot;,sans-serif\"><a href=\"https:\/\/agenciabrasil.ebc.com.br\/economia\/noticia\/2022-06\/ocde-aprova-plano-de-adesao-do-brasil-e-de-outros-paises-ao-grupo\" style=\"color:blue; text-decoration:underline\"><span style=\"font-size:14.0pt\">OCDE aprova plano de ades&atilde;o do Brasil e de outros pa&iacute;ses ao grupo<\/span><\/a><\/span><\/span><\/span><\/p>\r\n\r\n<p style=\"text-align:justify\"><span style=\"font-size:11pt\"><span style=\"line-height:normal\"><span style=\"font-family:&quot;Calibri&quot;,sans-serif\"><a href=\"https:\/\/agenciabrasil.ebc.com.br\/economia\/noticia\/2022-06\/governo-reduz-custo-de-movimentacao-de-produtos-importados-em-portos\" style=\"color:blue; text-decoration:underline\"><span style=\"font-size:14.0pt\">Governo reduz custo de movimenta&ccedil;&atilde;o de produtos importados em portos<\/span><\/a><\/span><\/span><\/span><\/p>\r\n\r\n<p style=\"text-align:justify\"><span style=\"font-size:11pt\"><span style=\"line-height:normal\"><span style=\"font-family:&quot;Calibri&quot;,sans-serif\"><a href=\"https:\/\/agenciabrasil.ebc.com.br\/economia\/noticia\/2022-06\/decreto-reforca-parcerias-comerciais-entre-brasil-e-eua\" style=\"color:blue; text-decoration:underline\"><span style=\"font-size:14.0pt\">Decreto refor&ccedil;a parcerias comerciais entre Brasil e EUA<\/span><\/a><\/span><\/span><\/span><\/p>\r\n\r\n<p class=\"MsoTitle\" style=\"text-align:justify\"><span style=\"font-size:28pt\"><span style=\"font-family:&quot;Cambria&quot;,serif\"><span style=\"letter-spacing:-0.5pt\"><b><span style=\"font-size:18.0pt\"><span style=\"font-family:&quot;Calibri&quot;,sans-serif\"><span style=\"font-variant:small-caps\">Economia<\/span><\/span><\/span><\/b><\/span><\/span><\/span><\/p>\r\n\r\n<p style=\"text-align:justify\"><span style=\"font-size:11pt\"><span style=\"line-height:normal\"><span style=\"font-family:&quot;Calibri&quot;,sans-serif\"><a href=\"https:\/\/agenciabrasil.ebc.com.br\/economia\/noticia\/2022-06\/copom-inicia-quarta-reuniao-do-ano-avaliando-fim-de-altas-da-selic\" style=\"color:blue; text-decoration:underline\"><span style=\"font-size:14.0pt\">Copom inicia&nbsp;quarta&nbsp;reuni&atilde;o do ano avaliando fim de altas da Selic<\/span><\/a><\/span><\/span><\/span><\/p>\r\n\r\n<p style=\"text-align:justify\"><span style=\"font-size:11pt\"><span style=\"line-height:normal\"><span style=\"font-family:&quot;Calibri&quot;,sans-serif\"><a href=\"https:\/\/agenciabrasil.ebc.com.br\/economia\/noticia\/2022-06\/ministro-diz-que-governo-esta-atuando-para-reduzir-impostos-e-inflacao\" style=\"color:blue; text-decoration:underline\"><span style=\"font-size:14.0pt\">Ministro diz que governo est&aacute; atuando para reduzir impostos e infla&ccedil;&atilde;o<\/span><\/a><\/span><\/span><\/span><\/p>\r\n\r\n<p style=\"text-align:justify\"><span style=\"font-size:11pt\"><span style=\"line-height:normal\"><span style=\"font-family:&quot;Calibri&quot;,sans-serif\"><a href=\"https:\/\/portalibre.fgv.br\/sites\/default\/files\/2022-06\/barometros-globais-kof-fgv_press-release_06_2022_0.pdf\" style=\"color:blue; text-decoration:underline\"><span style=\"font-size:14.0pt\">Bar&ocirc;metros Globais acomodam em n&iacute;vel baixo<\/span><\/a><\/span><\/span><\/span><\/p>\r\n\r\n<p style=\"text-align:justify\"><span style=\"font-size:11pt\"><span style=\"line-height:normal\"><span style=\"font-family:&quot;Calibri&quot;,sans-serif\"><a href=\"https:\/\/noticias.portaldaindustria.com.br\/noticias\/economia\/indice-de-confianca-do-empresario-industrial-sobe-13-ponto-em-junho-aponta-cni\/\" style=\"color:blue; text-decoration:underline\"><span style=\"font-size:14.0pt\">&Iacute;ndice de Confian&ccedil;a do Empres&aacute;rio Industrial sobe 1,3 ponto em junho, aponta CNI<\/span><\/a><\/span><\/span><\/span><\/p>\r\n","6":"<p style=\"text-align:justify\"><span style=\"font-size:11pt\"><span style=\"line-height:normal\"><span style=\"font-family:&quot;Calibri&quot;,sans-serif\"><span style=\"font-size:14.0pt\">Esta &eacute; uma compila&ccedil;&atilde;o das not&iacute;cias mais relevantes para o setor, incluindo informa&ccedil;&otilde;es sobre acordos internacionais, economia brasileira, sustentabilidade e mat&eacute;rias primas, al&eacute;m de novidades do setor de N&atilde;otecidos e Tecidos T&eacute;cnicos.<\/span><\/span><\/span><\/span><\/p>\r\n\r\n<p class=\"MsoTitle\" style=\"text-align:justify\"><span style=\"font-size:28pt\"><span style=\"font-family:&quot;Cambria&quot;,serif\"><span style=\"letter-spacing:-0.5pt\"><b><span style=\"font-size:18.0pt\"><span style=\"font-family:&quot;Calibri&quot;,sans-serif\"><span style=\"font-variant:small-caps\">A&ccedil;&otilde;es da ABINT<\/span><\/span><\/span><\/b><\/span><\/span><\/span><\/p>\r\n\r\n<p style=\"text-align:justify\"><img src=\"https:\/\/www.abint.org.br\/assets\/img\/editor\/logo-final-nonwonvens-day-39ae8e-24-03_20220621123050REPh0tbkyh.png\" \/><\/p>\r\n\r\n<p style=\"text-align:justify\">&nbsp;<\/p>\r\n\r\n<p style=\"text-align:justify\">&nbsp;<\/p>\r\n\r\n<p style=\"text-align:justify\"><span style=\"font-size:11pt\"><span style=\"line-height:normal\"><span style=\"font-family:&quot;Calibri&quot;,sans-serif\"><b><span style=\"font-size:14.0pt\">Confira as palestras do Nonwovens Day 2022!<\/span><\/b><\/span><\/span><\/span><\/p>\r\n\r\n<p style=\"text-align:justify\"><span style=\"font-size:11pt\"><span style=\"line-height:normal\"><span style=\"font-family:&quot;Calibri&quot;,sans-serif\"><span style=\"font-size:14.0pt\"><span style=\"background:white\"><span style=\"color:#444444\">As palestras do evento, que aconteceu dias <b>08 e 09 de junho de 2022, <\/b>ficar&atilde;o dispon&iacute;veis at&eacute; 08\/07\/2022. <\/span><\/span><\/span><a href=\"https:\/\/hall.inteegra.com.br\/83736\/\" style=\"color:blue; text-decoration:underline\"><b><span style=\"font-size:14.0pt\">ASSISTA AQUI<\/span><\/b><\/a><span style=\"font-size:14.0pt\">! Se voc&ecirc; n&atilde;o teve oportunidade de se inscrever e quer assistir as palestras, basta preencher o cadastro.<\/span><\/span><\/span><\/span><\/p>\r\n\r\n<p style=\"text-align:justify\">&nbsp;<\/p>\r\n\r\n<p style=\"text-align:justify\"><span style=\"font-size:11pt\"><span style=\"line-height:normal\"><span style=\"font-family:&quot;Calibri&quot;,sans-serif\"><b><span style=\"font-size:18.0pt\"><span style=\"font-variant:small-caps\">Eventos<\/span><\/span><\/b><\/span><\/span><\/span><\/p>\r\n\r\n<p style=\"text-align:justify\"><span style=\"font-size:11pt\"><span style=\"line-height:normal\"><span style=\"font-family:&quot;Calibri&quot;,sans-serif\"><span class=\"MsoHyperlink\" style=\"color:blue\"><span style=\"text-decoration:underline\"><span style=\"font-size:14.0pt\"><span style=\"text-decoration:none\"><span style=\"text-underline:none\">Webinar Think Pl&aacute;sticos: <b>Cen&aacute;rio log&iacute;stico global e o impacto das negocia&ccedil;&otilde;es internacionais<\/b>, data 21 de junho de 2022. <\/span><\/span><\/span><\/span><\/span><a href=\"https:\/\/us12.campaign-archive.com\/?u=2362c2ef23b5f6f86b32d9fbd&amp;id=d30607b525&amp;utm_source=P+-+Prospects&amp;utm_campaign=d30607b525-Informativo+Think+Plastic+Brazil+-+175_COPY_02&amp;utm_medium=email&amp;utm_term=0_b8d29de0ef-d30607b525-119848522\" style=\"color:blue; text-decoration:underline\"><span style=\"font-size:14.0pt\">Informa&ccedil;&otilde;es aqui<\/span><\/a><span class=\"MsoHyperlink\" style=\"color:blue\"><span style=\"text-decoration:underline\"><span style=\"font-size:14.0pt\"><span style=\"text-decoration:none\"><span style=\"text-underline:none\">.<\/span><\/span><\/span><\/span><\/span><\/span><\/span><\/span><\/p>\r\n\r\n<p style=\"text-align:justify\"><span style=\"font-size:11pt\"><span style=\"line-height:normal\"><span style=\"font-family:&quot;Calibri&quot;,sans-serif\"><span class=\"MsoHyperlink\" style=\"color:blue\"><span style=\"text-decoration:underline\"><b><span style=\"font-size:14.0pt\"><span style=\"text-decoration:none\"><span style=\"text-underline:none\">F&oacute;rum Brasil &ndash; OCDE<\/span><\/span><\/span><\/b><\/span><\/span><span class=\"MsoHyperlink\" style=\"color:blue\"><span style=\"text-decoration:underline\"><span style=\"font-size:14.0pt\"><span style=\"text-decoration:none\"><span style=\"text-underline:none\">, Pal&aacute;cio do Itamaraty, data 20 a 22 de junho, evento h&iacute;brido. <\/span><\/span><\/span><\/span><\/span><a href=\"https:\/\/forms.office.com\/pages\/responsepage.aspx?id=oPRyEk2sBkK2gcpWHkGAGFfeen7gZhdPiwv8JRAJHTtUMTkzUE8wRlNSNU4xWkRLTkI0VUVCTDY5MC4u&amp;wdLOR=c1F16DB40-0541-4988-8460-E13229177DE9\" style=\"color:blue; text-decoration:underline\"><span style=\"font-size:14.0pt\">Informa&ccedil;&otilde;es aqui<\/span><\/a><span class=\"MsoHyperlink\" style=\"color:blue\"><span style=\"text-decoration:underline\"><span style=\"font-size:14.0pt\"><span style=\"text-decoration:none\"><span style=\"text-underline:none\">.<\/span><\/span><\/span><\/span><\/span><\/span><\/span><\/span><\/p>\r\n\r\n<p style=\"text-align:justify\"><span style=\"font-size:11pt\"><span style=\"line-height:normal\"><span style=\"font-family:&quot;Calibri&quot;,sans-serif\"><span class=\"MsoHyperlink\" style=\"color:blue\"><span style=\"text-decoration:underline\"><b><span style=\"font-size:14.0pt\"><span style=\"text-decoration:none\"><span style=\"text-underline:none\">Abit e SENAI|CETIQT: Vis&atilde;o do futuro T&ecirc;xtil 2030<\/span><\/span><\/span><\/b><\/span><\/span><span class=\"MsoHyperlink\" style=\"color:blue\"><span style=\"text-decoration:underline\"><span style=\"font-size:14.0pt\"><span style=\"text-decoration:none\"><span style=\"text-underline:none\">, encontro presencial, data 23 de junho de 2022. <\/span><\/span><\/span><\/span><\/span><a href=\"https:\/\/app.rdstation.email\/mail\/837609f2-3c74-4754-8c54-f4c22eecead3?utm_campaign=convite_textil_2030_-_09052022&amp;utm_medium=email&amp;utm_source=RD+Station\" style=\"color:blue; text-decoration:underline\"><span style=\"font-size:14.0pt\">Informa&ccedil;&otilde;es aqui<\/span><\/a><span class=\"MsoHyperlink\" style=\"color:blue\"><span style=\"text-decoration:underline\"><span style=\"font-size:14.0pt\"><span style=\"text-decoration:none\"><span style=\"text-underline:none\">.<\/span><\/span><\/span><\/span><\/span><\/span><\/span><\/span><\/p>\r\n\r\n<p class=\"MsoTitle\" style=\"text-align:justify\"><span style=\"font-size:28pt\"><span style=\"font-family:&quot;Cambria&quot;,serif\"><span style=\"letter-spacing:-0.5pt\"><b><span style=\"font-size:18.0pt\"><span style=\"font-family:&quot;Calibri&quot;,sans-serif\"><span style=\"font-variant:small-caps\">Setor<\/span><\/span><\/span><\/b><\/span><\/span><\/span><\/p>\r\n\r\n<p style=\"text-align:justify\"><span style=\"font-size:11pt\"><span style=\"line-height:normal\"><span style=\"font-family:&quot;Calibri&quot;,sans-serif\"><a href=\"https:\/\/plasticosemrevista.com.br\/vento-bravo\/\" style=\"color:blue; text-decoration:underline\"><span style=\"font-size:14.0pt\">Vento bravo<\/span><\/a><\/span><\/span><\/span><\/p>\r\n\r\n<p style=\"text-align:justify\"><span style=\"font-size:11pt\"><span style=\"line-height:normal\"><span style=\"font-family:&quot;Calibri&quot;,sans-serif\"><a href=\"https:\/\/revistaforum.com.br\/saude\/2022\/6\/11\/phitta-mask-conhea-mascara-criada-na-usp-que-elimina-virus-da-covid-da-influenza-118640.html\" style=\"color:blue; text-decoration:underline\"><span style=\"font-size:14.0pt\">Phitta Mask: conhe&ccedil;a a m&aacute;scara criada na USP que elimina o v&iacute;rus da Covid e da influenza<\/span><\/a><\/span><\/span><\/span><\/p>\r\n\r\n<p style=\"text-align:justify\"><span style=\"font-size:11pt\"><span style=\"line-height:normal\"><span style=\"font-family:&quot;Calibri&quot;,sans-serif\"><a href=\"https:\/\/www.diariodepernambuco.com.br\/noticia\/vidaurbana\/2022\/06\/crea-pe-promove-debate-para-discutir-medidas-para-minimizar-o-impacto.html\" style=\"color:blue; text-decoration:underline\"><span style=\"font-size:14.0pt\">Geotecnia: Crea-PE promove debate para discutir medidas que reduzam o impacto das chuvas<\/span><\/a><\/span><\/span><\/span><\/p>\r\n\r\n<p style=\"text-align:justify\"><span style=\"font-size:11pt\"><span style=\"line-height:normal\"><span style=\"font-family:&quot;Calibri&quot;,sans-serif\"><a href=\"https:\/\/www.textiletechnology.net\/technology\/news\/fact.mr-textiles-industry-to-reach--1440-billion-by-2032-32247?utm_source=%2Fmeta%2Fnewsletter%2Fnewsletter&amp;utm_medium=newsletter&amp;utm_campaign=nl881&amp;utm_term=0801b20e08c3242125d512808cd74302\" style=\"color:blue; text-decoration:underline\"><span style=\"font-size:14.0pt\">Textiles industry to reach $ 1,440 billion by 2032<\/span><\/a><\/span><\/span><\/span><\/p>\r\n\r\n<p style=\"text-align:justify\"><span style=\"font-size:11pt\"><span style=\"line-height:normal\"><span style=\"font-family:&quot;Calibri&quot;,sans-serif\"><a href=\"https:\/\/www.textiletechnology.net\/technology\/news\/itmf-international-textile-production-costs-vary-up-to-72-32260?utm_source=%2Fmeta%2Fnewsletter%2Fnewsletter&amp;utm_medium=newsletter&amp;utm_campaign=nl881&amp;utm_term=0801b20e08c3242125d512808cd74302\" style=\"color:blue; text-decoration:underline\"><span style=\"font-size:14.0pt\">International textile production costs vary up to 72%<\/span><\/a><\/span><\/span><\/span><\/p>\r\n\r\n<p style=\"text-align:justify\"><span style=\"font-size:11pt\"><span style=\"line-height:normal\"><span style=\"font-family:&quot;Calibri&quot;,sans-serif\"><a href=\"https:\/\/www.textileworld.com\/textile-world\/nonwovens-technical-textiles\/2022\/06\/world-of-wipes-international-conference-features-industry-experts-addressing-key-issues-to-help-attendees-meet-new-challenges\/\" style=\"color:blue; text-decoration:underline\"><span style=\"font-size:14.0pt\">World Of Wipes&reg; International Conference Features Industry Experts Addressing Key Issues To Help Attendees Meet New Challenges<\/span><\/a><\/span><\/span><\/span><\/p>\r\n\r\n<p style=\"text-align:justify\"><span style=\"font-size:11pt\"><span style=\"line-height:normal\"><span style=\"font-family:&quot;Calibri&quot;,sans-serif\"><a href=\"https:\/\/www.innovationintextiles.com\/uk-to-burn-unusable-ppe-valued-at-4-billion\/\" style=\"color:blue; text-decoration:underline\"><span style=\"font-size:14.0pt\">UK to burn unusable PPE valued at &pound;4 billion<\/span><\/a><\/span><\/span><\/span><\/p>\r\n\r\n<p style=\"text-align:justify\"><span style=\"font-size:11pt\"><span style=\"line-height:normal\"><span style=\"font-family:&quot;Calibri&quot;,sans-serif\"><a href=\"https:\/\/www.technicaltextile.net\/news\/finland-s-suominen-launches-new-nonwoven-with-recycled-paper-281155.html\" style=\"color:blue; text-decoration:underline\"><span style=\"font-size:14.0pt\">Finland&#39;s Suominen launches new nonwoven with recycled paper<\/span><\/a><\/span><\/span><\/span><\/p>\r\n\r\n<p style=\"text-align:justify\"><span style=\"font-size:11pt\"><span style=\"line-height:normal\"><span style=\"font-family:&quot;Calibri&quot;,sans-serif\"><a href=\"https:\/\/www.textiletechnology.net\/nonwovens\/news\/freudenberg-liquid-absorbers-for-battery-packs-32310?utm_source=%2Fmeta%2Fnewsletter%2Fnewsletter&amp;utm_medium=newsletter&amp;utm_campaign=nl880&amp;utm_term=0801b20e08c3242125d512808cd74302\" style=\"color:blue; text-decoration:underline\"><span style=\"font-size:14.0pt\">Freudenberg: Liquid absorbers for battery packs<\/span><\/a><\/span><\/span><\/span><\/p>\r\n\r\n<p style=\"text-align:justify\"><span style=\"font-size:11pt\"><span style=\"line-height:normal\"><span style=\"font-family:&quot;Calibri&quot;,sans-serif\"><a href=\"https:\/\/www.innovationintextiles.com\/nonwovens\/trtzschler-to-present-broad-portfolio\/\" style=\"color:blue; text-decoration:underline\"><span style=\"font-size:14.0pt\">Tr&uuml;tzschler to present broad portfolio<\/span><\/a><\/span><\/span><\/span><\/p>\r\n\r\n<p class=\"MsoTitle\" style=\"text-align:justify\"><span style=\"font-size:28pt\"><span style=\"font-family:&quot;Cambria&quot;,serif\"><span style=\"letter-spacing:-0.5pt\"><b><span style=\"font-size:18.0pt\"><span style=\"font-family:&quot;Calibri&quot;,sans-serif\"><span style=\"font-variant:small-caps\">Ind&uacute;stria<\/span><\/span><\/span><\/b><\/span><\/span><\/span><\/p>\r\n\r\n<p style=\"text-align:justify\"><span style=\"font-size:11pt\"><span style=\"line-height:normal\"><span style=\"font-family:&quot;Calibri&quot;,sans-serif\"><a href=\"https:\/\/agenciabrasil.ebc.com.br\/economia\/noticia\/2022-06\/producao-de-veiculos-tem-alta-de-68-em-maio\" style=\"color:blue; text-decoration:underline\"><span style=\"font-size:14.0pt\">Produ&ccedil;&atilde;o de ve&iacute;culos aumenta 6,8% no m&ecirc;s de maio, diz Anfavea<\/span><\/a><\/span><\/span><\/span><\/p>\r\n\r\n<p style=\"text-align:justify\"><span style=\"font-size:11pt\"><span style=\"line-height:normal\"><span style=\"font-family:&quot;Calibri&quot;,sans-serif\"><a href=\"https:\/\/www.istoedinheiro.com.br\/industria-calcadista-gera-20-mil-vagas-no-ano-e-volta-ao-nivel-pre-pandemia\/\" style=\"color:blue; text-decoration:underline\"><span style=\"font-size:14.0pt\">Ind&uacute;stria cal&ccedil;adista gera 20 mil vagas no ano e volta ao n&iacute;vel pr&eacute;-pandemia<\/span><\/a><\/span><\/span><\/span><\/p>\r\n\r\n<p style=\"text-align:justify\"><span style=\"font-size:11pt\"><span style=\"line-height:normal\"><span style=\"font-family:&quot;Calibri&quot;,sans-serif\"><a href=\"https:\/\/revistamt.com.br\/Materias\/Exibir\/os-desafios-da-integracao-no-saneamento\" style=\"color:blue; text-decoration:underline\"><span style=\"font-size:14.0pt\">Os desafios da integra&ccedil;&atilde;o no saneamento<\/span><\/a><\/span><\/span><\/span><\/p>\r\n\r\n<p style=\"text-align:justify\"><span style=\"font-size:11pt\"><span style=\"line-height:normal\"><span style=\"font-family:&quot;Calibri&quot;,sans-serif\"><a href=\"https:\/\/sfcb.com.br\/noticias\/publicada-portaria-mtp-n-1-486-2022-que-altera-pontos-importantes-na-area-trabalhista\/\" style=\"color:blue; text-decoration:underline\"><span style=\"font-size:14.0pt\">Publicada Portaria MTP n&deg; 1.486\/2022, que altera pontos importantes na &aacute;rea trabalhista<\/span><\/a><\/span><\/span><\/span><\/p>\r\n\r\n<p style=\"text-align:justify\"><span style=\"font-size:11pt\"><span style=\"line-height:normal\"><span style=\"font-family:&quot;Calibri&quot;,sans-serif\"><a href=\"https:\/\/www.textiletechnology.net\/technical-textiles\/news\/textile-intelligence-increase-in-demand-for-automotive-technical-textiles-32223?utm_source=%2Fmeta%2Fnewsletter%2Fnewsletter&amp;utm_medium=newsletter&amp;utm_campaign=nl880&amp;utm_term=0801b20e08c3242125d512808cd74302\" style=\"color:blue; text-decoration:underline\"><span style=\"font-size:14.0pt\">Increase in demand for automotive technical textiles<\/span><\/a><\/span><\/span><\/span><\/p>\r\n\r\n<p style=\"text-align:justify\"><span style=\"font-size:11pt\"><span style=\"line-height:normal\"><span style=\"font-family:&quot;Calibri&quot;,sans-serif\"><a href=\"https:\/\/www.textiletechnology.net\/technical-textiles\/news\/ita-showcasing-the-research-spectrum-at-techtextil-32315?utm_source=%2Fmeta%2Fnewsletter%2Fnewsletter&amp;utm_medium=newsletter&amp;utm_campaign=nl880&amp;utm_term=0801b20e08c3242125d512808cd74302\" style=\"color:blue; text-decoration:underline\"><span style=\"font-size:14.0pt\">Institut f&uuml;r Textiltechnik of RWTH Aachen University (ITA): Showcasing the research spectrum at Techtextil<\/span><\/a><\/span><\/span><\/span><\/p>\r\n\r\n<p class=\"MsoTitle\" style=\"text-align:justify\"><span style=\"font-size:28pt\"><span style=\"font-family:&quot;Cambria&quot;,serif\"><span style=\"letter-spacing:-0.5pt\"><b><span style=\"font-size:18.0pt\"><span style=\"font-family:&quot;Calibri&quot;,sans-serif\"><span style=\"font-variant:small-caps\">Sustentabilidade<\/span><\/span><\/span><\/b><\/span><\/span><\/span><\/p>\r\n\r\n<p style=\"text-align:justify\"><span style=\"font-size:11pt\"><span style=\"line-height:normal\"><span style=\"font-family:&quot;Calibri&quot;,sans-serif\"><a href=\"https:\/\/fcem.com.br\/noticias\/novidades-sustentaveis-no-mundo-textil-o-que-vem-por-ai\/?utm_campaign=febratex_news_090622&amp;utm_medium=email&amp;utm_source=RD+Station\" style=\"color:blue; text-decoration:underline\"><span style=\"font-size:14.0pt\">Novidades sustent&aacute;veis no mundo t&ecirc;xtil: o que vem por a&iacute;<\/span><\/a><\/span><\/span><\/span><\/p>\r\n\r\n<p style=\"text-align:justify\"><span style=\"font-size:11pt\"><span style=\"line-height:normal\"><span style=\"font-family:&quot;Calibri&quot;,sans-serif\"><a href=\"https:\/\/plasticosemrevista.com.br\/ps-e-pvc-na-lista-negra-de-us-plastic-pact\/\" style=\"color:blue; text-decoration:underline\"><span style=\"font-size:14.0pt\">PS e PVC na lista negra de US Plastic Pact<\/span><\/a><\/span><\/span><\/span><\/p>\r\n\r\n<p style=\"text-align:justify\"><span style=\"font-size:11pt\"><span style=\"line-height:normal\"><span style=\"font-family:&quot;Calibri&quot;,sans-serif\"><a href=\"https:\/\/plasticonews.com.br\/os-plasticos-podem-ajudar-a-construir-um-futuro-sustentavel-eis-como\/\" style=\"color:blue; text-decoration:underline\"><span style=\"font-size:14.0pt\">Os pl&aacute;sticos podem ajudar a construir um futuro sustent&aacute;vel &ndash; eis como<\/span><\/a><\/span><\/span><\/span><\/p>\r\n\r\n<p style=\"text-align:justify\"><span style=\"font-size:11pt\"><span style=\"line-height:normal\"><span style=\"font-family:&quot;Calibri&quot;,sans-serif\"><a href=\"https:\/\/www.agrolink.com.br\/noticias\/tectextil-entra-de-vez-na-economia-circular-do-polipropileno_466565.html\" style=\"color:blue; text-decoration:underline\"><span style=\"font-size:14.0pt\">Tectextil entra de vez na economia circular do polipropileno<\/span><\/a><\/span><\/span><\/span><\/p>\r\n\r\n<p style=\"text-align:justify\"><span style=\"font-size:11pt\"><span style=\"line-height:normal\"><span style=\"font-family:&quot;Calibri&quot;,sans-serif\"><a href=\"https:\/\/www12.senado.leg.br\/noticias\/materias\/2022\/06\/08\/cma-vai-propor-marco-regulatorio-da-economia-circular-do-plastico\" style=\"color:blue; text-decoration:underline\"><span style=\"font-size:14.0pt\">CMA vai propor marco regulat&oacute;rio da economia circular do pl&aacute;stico<\/span><\/a><\/span><\/span><\/span><\/p>\r\n\r\n<p style=\"text-align:justify\"><span style=\"font-size:11pt\"><span style=\"line-height:normal\"><span style=\"font-family:&quot;Calibri&quot;,sans-serif\"><a href=\"https:\/\/grandesconstrucoes.com.br\/Materias\/Exibir\/novo-plano-estipula-fim-dos-lixoes\" style=\"color:blue; text-decoration:underline\"><span style=\"font-size:14.0pt\">Novo plano estipula fim dos lix&otilde;es<\/span><\/a><\/span><\/span><\/span><\/p>\r\n\r\n<p class=\"MsoTitle\" style=\"text-align:justify\"><span style=\"font-size:28pt\"><span style=\"font-family:&quot;Cambria&quot;,serif\"><span style=\"letter-spacing:-0.5pt\"><b><span style=\"font-size:18.0pt\"><span style=\"font-family:&quot;Calibri&quot;,sans-serif\"><span style=\"font-variant:small-caps\">Inova&ccedil;&atilde;o<\/span><\/span><\/span><\/b><\/span><\/span><\/span><\/p>\r\n\r\n<p style=\"text-align:justify\"><span style=\"font-size:11pt\"><span style=\"line-height:normal\"><span style=\"font-family:&quot;Calibri&quot;,sans-serif\"><a href=\"https:\/\/noticias.portaldaindustria.com.br\/noticias\/sustentabilidade\/casca-de-banana-nem-sempre-e-lixo-no-senai-cetiqt-ela-vira-tecido\/\" style=\"color:blue; text-decoration:underline\"><span style=\"font-size:14.0pt\">Casca de banana nem sempre &eacute; lixo! No SENAI CETIQT ela vira tecido<\/span><\/a><\/span><\/span><\/span><\/p>\r\n\r\n<p style=\"text-align:justify\"><span style=\"font-size:11pt\"><span style=\"line-height:normal\"><span style=\"font-family:&quot;Calibri&quot;,sans-serif\"><a href=\"https:\/\/www.technicaltextile.net\/articles\/mit-s-digital-fibre-to-revolutionise-wearable-tech-9117\" style=\"color:blue; text-decoration:underline\"><span style=\"font-size:14.0pt\">MIT&#39;s digital fibre to revolutionise wearable tech<\/span><\/a><\/span><\/span><\/span><\/p>\r\n\r\n<p class=\"MsoTitle\" style=\"text-align:justify\"><span style=\"font-size:28pt\"><span style=\"font-family:&quot;Cambria&quot;,serif\"><span style=\"letter-spacing:-0.5pt\"><b><span style=\"font-size:18.0pt\"><span style=\"font-family:&quot;Calibri&quot;,sans-serif\"><span style=\"font-variant:small-caps\">Com&eacute;rcio Exterior<\/span><\/span><\/span><\/b><\/span><\/span><\/span><\/p>\r\n\r\n<p style=\"text-align:justify\"><span style=\"font-size:11pt\"><span style=\"line-height:normal\"><span style=\"font-family:&quot;Calibri&quot;,sans-serif\"><a href=\"https:\/\/www.comexdobrasil.com\/brasil-e-o-6o-pais-que-mais-atrai-investimentos-estrangeiros-e-apexbrasil-intermediou-us-136-bilhoes-do-total-captado\/\" style=\"color:blue; text-decoration:underline\"><span style=\"font-size:14.0pt\">Brasil &eacute; o 6&ordm; pa&iacute;s que mais atrai investimentos estrangeiros e ApexBrasil intermediou US$ 136 bilh&otilde;es do total captado<\/span><\/a><\/span><\/span><\/span><\/p>\r\n\r\n<p style=\"text-align:justify\"><span style=\"font-size:11pt\"><span style=\"line-height:normal\"><span style=\"font-family:&quot;Calibri&quot;,sans-serif\"><a href=\"https:\/\/agenciabrasil.ebc.com.br\/economia\/noticia\/2022-06\/ocde-aprova-plano-de-adesao-do-brasil-e-de-outros-paises-ao-grupo\" style=\"color:blue; text-decoration:underline\"><span style=\"font-size:14.0pt\">OCDE aprova plano de ades&atilde;o do Brasil e de outros pa&iacute;ses ao grupo<\/span><\/a><\/span><\/span><\/span><\/p>\r\n\r\n<p style=\"text-align:justify\"><span style=\"font-size:11pt\"><span style=\"line-height:normal\"><span style=\"font-family:&quot;Calibri&quot;,sans-serif\"><a href=\"https:\/\/agenciabrasil.ebc.com.br\/economia\/noticia\/2022-06\/governo-reduz-custo-de-movimentacao-de-produtos-importados-em-portos\" style=\"color:blue; text-decoration:underline\"><span style=\"font-size:14.0pt\">Governo reduz custo de movimenta&ccedil;&atilde;o de produtos importados em portos<\/span><\/a><\/span><\/span><\/span><\/p>\r\n\r\n<p style=\"text-align:justify\"><span style=\"font-size:11pt\"><span style=\"line-height:normal\"><span style=\"font-family:&quot;Calibri&quot;,sans-serif\"><a href=\"https:\/\/agenciabrasil.ebc.com.br\/economia\/noticia\/2022-06\/decreto-reforca-parcerias-comerciais-entre-brasil-e-eua\" style=\"color:blue; text-decoration:underline\"><span style=\"font-size:14.0pt\">Decreto refor&ccedil;a parcerias comerciais entre Brasil e EUA<\/span><\/a><\/span><\/span><\/span><\/p>\r\n\r\n<p class=\"MsoTitle\" style=\"text-align:justify\"><span style=\"font-size:28pt\"><span style=\"font-family:&quot;Cambria&quot;,serif\"><span style=\"letter-spacing:-0.5pt\"><b><span style=\"font-size:18.0pt\"><span style=\"font-family:&quot;Calibri&quot;,sans-serif\"><span style=\"font-variant:small-caps\">Economia<\/span><\/span><\/span><\/b><\/span><\/span><\/span><\/p>\r\n\r\n<p style=\"text-align:justify\"><span style=\"font-size:11pt\"><span style=\"line-height:normal\"><span style=\"font-family:&quot;Calibri&quot;,sans-serif\"><a href=\"https:\/\/agenciabrasil.ebc.com.br\/economia\/noticia\/2022-06\/copom-inicia-quarta-reuniao-do-ano-avaliando-fim-de-altas-da-selic\" style=\"color:blue; text-decoration:underline\"><span style=\"font-size:14.0pt\">Copom inicia&nbsp;quarta&nbsp;reuni&atilde;o do ano avaliando fim de altas da Selic<\/span><\/a><\/span><\/span><\/span><\/p>\r\n\r\n<p style=\"text-align:justify\"><span style=\"font-size:11pt\"><span style=\"line-height:normal\"><span style=\"font-family:&quot;Calibri&quot;,sans-serif\"><a href=\"https:\/\/agenciabrasil.ebc.com.br\/economia\/noticia\/2022-06\/ministro-diz-que-governo-esta-atuando-para-reduzir-impostos-e-inflacao\" style=\"color:blue; text-decoration:underline\"><span style=\"font-size:14.0pt\">Ministro diz que governo est&aacute; atuando para reduzir impostos e infla&ccedil;&atilde;o<\/span><\/a><\/span><\/span><\/span><\/p>\r\n\r\n<p style=\"text-align:justify\"><span style=\"font-size:11pt\"><span style=\"line-height:normal\"><span style=\"font-family:&quot;Calibri&quot;,sans-serif\"><a href=\"https:\/\/portalibre.fgv.br\/sites\/default\/files\/2022-06\/barometros-globais-kof-fgv_press-release_06_2022_0.pdf\" style=\"color:blue; text-decoration:underline\"><span style=\"font-size:14.0pt\">Bar&ocirc;metros Globais acomodam em n&iacute;vel baixo<\/span><\/a><\/span><\/span><\/span><\/p>\r\n\r\n<p style=\"text-align:justify\"><span style=\"font-size:11pt\"><span style=\"line-height:normal\"><span style=\"font-family:&quot;Calibri&quot;,sans-serif\"><a href=\"https:\/\/noticias.portaldaindustria.com.br\/noticias\/economia\/indice-de-confianca-do-empresario-industrial-sobe-13-ponto-em-junho-aponta-cni\/\" style=\"color:blue; text-decoration:underline\"><span style=\"font-size:14.0pt\">&Iacute;ndice de Confian&ccedil;a do Empres&aacute;rio Industrial sobe 1,3 ponto em junho, aponta CNI<\/span><\/a><\/span><\/span><\/span><\/p>\r\n","texto_en":"","7":"","imagem":"COMP_banner-padrao-home-destaques-boletim_20220621123241TnXhF1SEVq.jpg","8":"COMP_banner-padrao-home-destaques-boletim_20220621123241TnXhF1SEVq.jpg","arquivo":"20220614-NOTICIAS-SEMANAIS.PDF","9":"20220614-NOTICIAS-SEMANAIS.PDF","titulo_arquivo":"","10":"","titulo_arquivo_en":"","11":"","created_at":"2022-06-21 12:32:51","12":"2022-06-21 12:32:51","updated_at":"2022-06-21 12:32:51","13":"2022-06-21 12:32:51"},{"id":20,"0":20,"ordem":203,"1":203,"data":"2022-06-07","2":"2022-06-07","slug":"boletim-de-noticias-semanais-17","3":"boletim-de-noticias-semanais-17","titulo":"Boletim de Not\u00edcias Semanais","4":"Boletim de Not\u00edcias Semanais","titulo_en":"","5":"","texto":"<p style=\"text-align:justify\"><span style=\"font-size:11pt\"><span style=\"line-height:normal\"><span calibri=\"\" style=\"font-family:\"><span style=\"font-size:14.0pt\">Esta &eacute; uma compila&ccedil;&atilde;o das not&iacute;cias mais relevantes para o setor, incluindo informa&ccedil;&otilde;es sobre acordos internacionais, economia brasileira, sustentabilidade e mat&eacute;rias primas, al&eacute;m de novidades do setor de N&atilde;otecidos e Tecidos T&eacute;cnicos.<\/span><\/span><\/span><\/span><\/p>\r\n\r\n<p class=\"MsoTitle\" style=\"text-align:justify\"><span style=\"font-size:28pt\"><span cambria=\"\" style=\"font-family:\"><span style=\"letter-spacing:-0.5pt\"><b><span style=\"font-size:18.0pt\"><span calibri=\"\" style=\"font-family:\"><span style=\"font-variant:small-caps\">A&ccedil;&otilde;es da ABINT<\/span><\/span><\/span><\/b><\/span><\/span><\/span><\/p>\r\n\r\n<p style=\"text-align:justify\"><span style=\"font-size:11pt\"><span style=\"line-height:normal\"><span calibri=\"\" style=\"font-family:\"><a href=\"https:\/\/youtu.be\/AohIbmNrvnY\" style=\"color:blue; text-decoration:underline\"><span style=\"font-size:14.0pt\">&ldquo;O uso do N&atilde;otecido no Agro&rdquo; (a partir dos 44:54 minutos)<\/span><\/a><span class=\"MsoHyperlink\" style=\"color:blue\"><span style=\"text-decoration:underline\"><span style=\"font-size:14.0pt\"><span style=\"text-decoration:none\"><span style=\"text-underline:none\">, entrevista com Laerte Gui&atilde;o Maroni no programa &ldquo;Bem da Terra&rdquo;, aconteceu dia 03\/06\/2022 no Canal Terraviva.<\/span><\/span><\/span><\/span><\/span><\/span><\/span><\/span><\/p>\r\n\r\n<p style=\"text-align:justify\">&nbsp;<\/p>\r\n\r\n<p style=\"text-align:justify\"><span style=\"font-size:11pt\"><span style=\"line-height:normal\"><span calibri=\"\" style=\"font-family:\"><b><span style=\"font-size:14.0pt\">A ABINT realizar&aacute; o Nonwovens Day 2022<\/span><\/b><\/span><\/span><\/span><\/p>\r\n\r\n<p style=\"text-align:justify\"><span style=\"font-size:11pt\"><span style=\"line-height:normal\"><span calibri=\"\" style=\"font-family:\"><b><span style=\"font-size:14.0pt\">A ABINT realizar&aacute; o Nonwovens Day 2022<\/span><\/b><\/span><\/span><\/span><\/p>\r\n\r\n<p style=\"text-align:justify\"><span style=\"font-size:11pt\"><span style=\"line-height:normal\"><span calibri=\"\" style=\"font-family:\"><span style=\"font-size:14.0pt\"><span style=\"background:white\"><span style=\"color:#444444\">O evento, online e gratuito, ocorrer&aacute; nos dias <b>08 e 09 de junho de 2022 <\/b>e reunir&aacute; a cadeia produtiva dos N&atilde;otecidos, de fornecedores a usu&aacute;rios, para debaterem as quest&otilde;es relacionadas &agrave; Sustentabilidade do setor. <\/span><\/span><\/span><b><span style=\"font-size:14.0pt\"><span style=\"background:white\"><span style=\"color:black\"><a href=\"https:\/\/hall.inteegra.com.br\/83736\" style=\"color:blue; text-decoration:underline\">INSCREVA-SE<\/a><\/span><\/span><\/span><\/b><span style=\"font-size:14.0pt\"><span style=\"background:white\"><span style=\"color:#444444\">.<\/span><\/span><\/span><\/span><\/span><\/span><\/p>\r\n\r\n<p style=\"text-align:justify\"><span style=\"font-size:11pt\"><span style=\"line-height:normal\"><span calibri=\"\" style=\"font-family:\"><span style=\"font-size:14.0pt\"><span style=\"background:white\"><span style=\"color:#444444\"><img height=\"774\" src=\"https:\/\/www.abint.org.br\/assets\/img\/editor\/palestras-0806_20220607115312gestSO5XtD.jpeg\" width=\"774\" \/><\/span><\/span><\/span><\/span><\/span><\/span><\/p>\r\n\r\n<p style=\"text-align:justify\"><span style=\"font-size:11pt\"><span style=\"line-height:normal\"><span calibri=\"\" style=\"font-family:\"><span style=\"font-size:14.0pt\"><span style=\"background:white\"><span style=\"color:#444444\"><img height=\"777\" src=\"https:\/\/www.abint.org.br\/assets\/img\/editor\/palestras-0906_20220607115336H3TwNBKD0Z.jpeg\" width=\"777\" \/><\/span><\/span><\/span><\/span><\/span><\/span><\/p>\r\n\r\n<p style=\"text-align:justify\">&nbsp;<\/p>\r\n\r\n<p style=\"text-align:justify\"><span style=\"font-size:11pt\"><span style=\"line-height:normal\"><span calibri=\"\" style=\"font-family:\"><a href=\"file:\/\/\/C:\/Users\/cristiane\/AppData\/Local\/Microsoft\/Windows\/INetCache\/Content.Outlook\/FQ9JKWRP\/email.mht\" style=\"color:blue; text-decoration:underline\"><span style=\"font-size:14.0pt\">Newsletter Maio | eureciclo<\/span><\/a> <\/span><\/span><\/span><\/p>\r\n\r\n<p style=\"text-align:justify\">&nbsp;<\/p>\r\n\r\n<p style=\"text-align:justify\"><span style=\"font-size:11pt\"><span style=\"line-height:normal\"><span calibri=\"\" style=\"font-family:\"><b><span style=\"font-size:18.0pt\"><span style=\"font-variant:small-caps\">Eventos<\/span><\/span><\/b><\/span><\/span><\/span><\/p>\r\n\r\n<p style=\"text-align:justify\"><span style=\"font-size:11pt\"><span style=\"line-height:normal\"><span calibri=\"\" style=\"font-family:\"><span class=\"MsoHyperlink\" style=\"color:blue\"><span style=\"text-decoration:underline\"><b><span style=\"font-size:14.0pt\"><span style=\"text-decoration:none\"><span style=\"text-underline:none\">FIESP: O Mercado de Carbono no Brasil - Regulamenta&ccedil;&atilde;o e Oportunidade<\/span><\/span><\/span><\/b><\/span><\/span><span class=\"MsoHyperlink\" style=\"color:blue\"><span style=\"text-decoration:underline\"><span style=\"font-size:14.0pt\"><span style=\"text-decoration:none\"><span style=\"text-underline:none\">, data 10 de junho de 2022. Informa&ccedil;&otilde;es: <\/span><\/span><\/span><\/span><\/span><a href=\"http:\/\/emkt.fiesp.ind.br\/emkt\/tracer\/?1,7213162,460d08b8,c43d\" style=\"color:blue; text-decoration:underline\"><span style=\"font-size:14.0pt\">clique aqui<\/span><\/a><span class=\"MsoHyperlink\" style=\"color:blue\"><span style=\"text-decoration:underline\"><span style=\"font-size:14.0pt\"><span style=\"text-decoration:none\"><span style=\"text-underline:none\">.<\/span><\/span><\/span><\/span><\/span><\/span><\/span><\/span><\/p>\r\n\r\n<p style=\"text-align:justify\"><span style=\"font-size:11pt\"><span style=\"line-height:normal\"><span calibri=\"\" style=\"font-family:\"><span class=\"MsoHyperlink\" style=\"color:blue\"><span style=\"text-decoration:underline\"><b><span style=\"font-size:14.0pt\"><span style=\"text-decoration:none\"><span style=\"text-underline:none\">FIESP: Treinamento Online para Cadastro T&eacute;cnico Federal<\/span><\/span><\/span><\/b><\/span><\/span><span class=\"MsoHyperlink\" style=\"color:blue\"><span style=\"text-decoration:underline\"><span style=\"font-size:14.0pt\"><span style=\"text-decoration:none\"><span style=\"text-underline:none\">, data 13 de junho, Informa&ccedil;&otilde;es: <\/span><\/span><\/span><\/span><\/span><a href=\"http:\/\/emkt.fiesp.ind.br\/emkt\/tracer\/?1,7212267,460d08b8,6828\" style=\"color:blue; text-decoration:underline\"><span style=\"font-size:14.0pt\">clique aqui<\/span><\/a><span class=\"MsoHyperlink\" style=\"color:blue\"><span style=\"text-decoration:underline\"><span style=\"font-size:14.0pt\"><span style=\"text-decoration:none\"><span style=\"text-underline:none\">.<\/span><\/span><\/span><\/span><\/span><\/span><\/span><\/span><\/p>\r\n\r\n<p style=\"text-align:justify\"><span style=\"font-size:11pt\"><span style=\"line-height:normal\"><span calibri=\"\" style=\"font-family:\"><span class=\"MsoHyperlink\" style=\"color:blue\"><span style=\"text-decoration:underline\"><b><span style=\"font-size:14.0pt\"><span style=\"text-decoration:none\"><span style=\"text-underline:none\">F&oacute;rum Brasil &ndash; OCDE<\/span><\/span><\/span><\/b><\/span><\/span><span class=\"MsoHyperlink\" style=\"color:blue\"><span style=\"text-decoration:underline\"><span style=\"font-size:14.0pt\"><span style=\"text-decoration:none\"><span style=\"text-underline:none\">, Pal&aacute;cio do Itamaraty, data 20 a 22 de junho, evento h&iacute;brido. Informa&ccedil;&otilde;es: <\/span><\/span><\/span><\/span><\/span><a href=\"https:\/\/forms.office.com\/pages\/responsepage.aspx?id=oPRyEk2sBkK2gcpWHkGAGFfeen7gZhdPiwv8JRAJHTtUMTkzUE8wRlNSNU4xWkRLTkI0VUVCTDY5MC4u&amp;wdLOR=c1F16DB40-0541-4988-8460-E13229177DE9\" style=\"color:blue; text-decoration:underline\"><span style=\"font-size:14.0pt\">clique aqui<\/span><\/a><span class=\"MsoHyperlink\" style=\"color:blue\"><span style=\"text-decoration:underline\"><span style=\"font-size:14.0pt\"><span style=\"text-decoration:none\"><span style=\"text-underline:none\">.<\/span><\/span><\/span><\/span><\/span><\/span><\/span><\/span><\/p>\r\n\r\n<p style=\"text-align:justify\"><span style=\"font-size:11pt\"><span style=\"line-height:normal\"><span calibri=\"\" style=\"font-family:\"><span class=\"MsoHyperlink\" style=\"color:blue\"><span style=\"text-decoration:underline\"><b><span style=\"font-size:14.0pt\"><span style=\"text-decoration:none\"><span style=\"text-underline:none\">Abit e SENAI|CETIQT: Vis&atilde;o do futuro T&ecirc;xtil 2030<\/span><\/span><\/span><\/b><\/span><\/span><span class=\"MsoHyperlink\" style=\"color:blue\"><span style=\"text-decoration:underline\"><span style=\"font-size:14.0pt\"><span style=\"text-decoration:none\"><span style=\"text-underline:none\">, encontro presencial, data 23 de junho de 2022. Informa&ccedil;&otilde;es: <\/span><\/span><\/span><\/span><\/span><a href=\"https:\/\/app.rdstation.email\/mail\/837609f2-3c74-4754-8c54-f4c22eecead3?utm_campaign=convite_textil_2030_-_09052022&amp;utm_medium=email&amp;utm_source=RD+Station\" style=\"color:blue; text-decoration:underline\"><span style=\"font-size:14.0pt\">clique aqui<\/span><\/a><span class=\"MsoHyperlink\" style=\"color:blue\"><span style=\"text-decoration:underline\"><span style=\"font-size:14.0pt\"><span style=\"text-decoration:none\"><span style=\"text-underline:none\">.<\/span><\/span><\/span><\/span><\/span><\/span><\/span><\/span><\/p>\r\n\r\n<p class=\"MsoTitle\" style=\"text-align:justify\"><span style=\"font-size:28pt\"><span cambria=\"\" style=\"font-family:\"><span style=\"letter-spacing:-0.5pt\"><b><span style=\"font-size:18.0pt\"><span calibri=\"\" style=\"font-family:\"><span style=\"font-variant:small-caps\">Setor<\/span><\/span><\/span><\/b><\/span><\/span><\/span><\/p>\r\n\r\n<p style=\"text-align:justify\"><span style=\"font-size:11pt\"><span style=\"line-height:normal\"><span calibri=\"\" style=\"font-family:\"><span class=\"MsoHyperlink\" style=\"color:blue\"><span style=\"text-decoration:underline\"><span style=\"font-size:14.0pt\"><span style=\"text-decoration:none\"><span style=\"text-underline:none\"><a href=\"https:\/\/www.textiletechnology.net\/technology\/news\/itmf-international-textile-production-costs-vary-up-to-72-32260?utm_source=%2Fmeta%2Fnewsletter%2Fnewsletter&amp;utm_medium=newsletter&amp;utm_campaign=nl879&amp;utm_term=0801b20e08c3242125d512808cd74302\" style=\"color:blue; text-decoration:underline\">International textile production costs vary up to 72%<\/a><\/span><\/span><\/span><\/span><\/span><\/span><\/span><\/span><\/p>\r\n\r\n<p style=\"text-align:justify\"><span style=\"font-size:11pt\"><span style=\"line-height:normal\"><span calibri=\"\" style=\"font-family:\"><a href=\"https:\/\/www.textiletechnology.net\/nonwovens\/news\/inda-2022-nonwovens-supply-report-now-available-32185?utm_source=%2Fmeta%2Fnewsletter%2Fnewsletter&amp;utm_medium=newsletter&amp;utm_campaign=nl876&amp;utm_term=0801b20e08c3242125d512808cd74302\" style=\"color:blue; text-decoration:underline\"><span style=\"font-size:14.0pt\">2022 Nonwovens Supply Report now available<\/span><\/a><\/span><\/span><\/span><\/p>\r\n\r\n<p style=\"text-align:justify\"><span style=\"font-size:11pt\"><span style=\"line-height:normal\"><span calibri=\"\" style=\"font-family:\"><a href=\"https:\/\/www.textiletechnology.net\/nonwovens\/management\/inda-tony-fragnito-promoted-to-president-32224?utm_source=%2Fmeta%2Fnewsletter%2Fnewsletter&amp;utm_medium=newsletter&amp;utm_campaign=nl876&amp;utm_term=0801b20e08c3242125d512808cd74302\" style=\"color:blue; text-decoration:underline\"><span style=\"font-size:14.0pt\">INDA - Tony Fragnito promoted to President<\/span><\/a><\/span><\/span><\/span><\/p>\r\n\r\n<p style=\"text-align:justify\"><span style=\"font-size:11pt\"><span style=\"line-height:normal\"><span calibri=\"\" style=\"font-family:\"><a href=\"https:\/\/segurancadopaciente.com.br\/seguranca-e-gestao\/covid-19-leva-a-retrocesso-de-5-anos-na-seguranca-do-paciente\/?utm_campaign=newsletter_semanal_-_31052022&amp;utm_medium=email&amp;utm_source=RD+Station\" style=\"color:blue; text-decoration:underline\"><span style=\"font-size:14.0pt\">Covid-19 leva a retrocesso de 5 anos na seguran&ccedil;a do paciente<\/span><\/a><\/span><\/span><\/span><\/p>\r\n\r\n<p style=\"text-align:justify\"><span style=\"font-size:11pt\"><span style=\"line-height:normal\"><span calibri=\"\" style=\"font-family:\"><a href=\"https:\/\/www.textiletechnology.net\/technology\/news\/truetzschler-technologies-for-spinning-card-clothing-nonwovens-and-man-made-fibers-32218?utm_source=%2Fmeta%2Fnewsletter%2Fnewsletter&amp;utm_medium=newsletter&amp;utm_campaign=nl877&amp;utm_term=0801b20e08c3242125d512808cd74302\" style=\"color:blue; text-decoration:underline\"><span style=\"font-size:14.0pt\">Tr&uuml;tzschler: Technology innovations for fibers to nonwovens<\/span><\/a><\/span><\/span><\/span><\/p>\r\n\r\n<p style=\"text-align:justify\"><span style=\"font-size:11pt\"><span style=\"line-height:normal\"><span calibri=\"\" style=\"font-family:\"><a href=\"https:\/\/almaco.org.br\/2022\/06\/02\/industria-do-plastico-vai-ao-stf-para-tentar-reverter-aumento-de-ipi\/\" style=\"color:blue; text-decoration:underline\"><span style=\"font-size:14.0pt\">Ind&uacute;stria do pl&aacute;stico vai ao STF para tentar reverter aumento de IPI<\/span><\/a><\/span><\/span><\/span><\/p>\r\n\r\n<p style=\"text-align:justify\"><span style=\"font-size:11pt\"><span style=\"line-height:normal\"><span calibri=\"\" style=\"font-family:\"><a href=\"http:\/\/www.revistaanamaco.com.br\/primeiros-fabricantes-associados-ao-ibi-recebem-certificacao-inedita?utm_campaign=Revista+Anamaco+Online&amp;utm_content=Primeiros+fabricantes+associados+ao%C2%A0IBI%C2%A0recebem+certifica%C3%A7%C3%A3o+in%C3%A9dita+-+Revista+Anamaco+%282%29&amp;utm_medium=email&amp;utm_source=EmailMarketing&amp;utm_term=Revista+Anamaco+Online-Newsletter%2337-2022\" style=\"color:blue; text-decoration:underline\"><span style=\"font-size:14.0pt\">Primeiros fabricantes associados ao IBI recebem certifica&ccedil;&atilde;o in&eacute;dita<\/span><\/a><\/span><\/span><\/span><\/p>\r\n\r\n<p style=\"text-align:justify\">&nbsp;<\/p>\r\n\r\n<p class=\"MsoTitle\" style=\"text-align:justify\"><span style=\"font-size:28pt\"><span cambria=\"\" style=\"font-family:\"><span style=\"letter-spacing:-0.5pt\"><b><span style=\"font-size:18.0pt\"><span calibri=\"\" style=\"font-family:\"><span style=\"font-variant:small-caps\">Ind&uacute;stria<\/span><\/span><\/span><\/b><\/span><\/span><\/span><\/p>\r\n\r\n<p style=\"text-align:justify\"><span style=\"font-size:11pt\"><span style=\"line-height:normal\"><span calibri=\"\" style=\"font-family:\"><a href=\"https:\/\/noticias.portaldaindustria.com.br\/noticias\/economia\/materia-prima-71-das-industrias-registraram-alta-acima-do-esperado\/\" style=\"color:blue; text-decoration:underline\"><span style=\"font-size:14.0pt\">Mat&eacute;ria-prima: 71% das ind&uacute;strias registraram alta acima do esperado<\/span><\/a><\/span><\/span><\/span><\/p>\r\n\r\n<p style=\"text-align:justify\"><span style=\"font-size:11pt\"><span style=\"line-height:normal\"><span calibri=\"\" style=\"font-family:\"><a href=\"https:\/\/www.fiesp.com.br\/noticias\/producao-industrial-fica-perto-da-estabilidade-em-abril-preservando-expectativas-de-baixo-dinamismo-para-o-restante-do-ano\/\" style=\"color:blue; text-decoration:underline\"><span style=\"font-size:14.0pt\">Produ&ccedil;&atilde;o industrial fica perto da estabilidade em abril, preservando expectativas de baixo dinamismo para o restante do ano<\/span><\/a><\/span><\/span><\/span><\/p>\r\n\r\n<p style=\"text-align:justify\"><span style=\"font-size:11pt\"><span style=\"line-height:normal\"><span calibri=\"\" style=\"font-family:\"><a href=\"https:\/\/portalibre.fgv.br\/noticias\/confianca-empresarial-avanca-29-pontos-em-maio-e-registra-maior-nivel-desde-outubro-de\" style=\"color:blue; text-decoration:underline\"><span style=\"font-size:14.0pt\">Confian&ccedil;a Empresarial avan&ccedil;a 2,9 pontos em maio e registra maior n&iacute;vel desde outubro de 2021<\/span><\/a><\/span><\/span><\/span><\/p>\r\n\r\n<p style=\"text-align:justify\"><span style=\"font-size:11pt\"><span style=\"line-height:normal\"><span calibri=\"\" style=\"font-family:\"><a href=\"https:\/\/grandesconstrucoes.com.br\/Noticias\/Exibir\/barometro-da-infraestrutura-mostra-leve-recuperacao-do-otimismo?utm_source=akna&amp;utm_medium=email&amp;utm_campaign=Grandes-Construcoes-Informativo-814-02-06-2022&amp;utm_source=akna&amp;utm_medium=email&amp;utm_campaign=Grandes-Construcoes-Informativo-814-02-06-2022\" style=\"color:blue; text-decoration:underline\"><span style=\"font-size:14.0pt\">Bar&ocirc;metro da infraestrutura mostra leve recupera&ccedil;&atilde;o das expectativas<\/span><\/a><\/span><\/span><\/span><\/p>\r\n\r\n<p style=\"text-align:justify\"><span style=\"font-size:11pt\"><span style=\"line-height:normal\"><span calibri=\"\" style=\"font-family:\"><a href=\"https:\/\/grandesconstrucoes.com.br\/Noticias\/Exibir\/tecnologias-de-simulacao-de-frete-ganham-forca-no-mercado?utm_source=akna&amp;utm_medium=email&amp;utm_campaign=Grandes-Construcoes-Informativo-814-02-06-2022&amp;utm_source=akna&amp;utm_medium=email&amp;utm_campaign=Grandes-Construcoes-Informativo-814-02-06-2022\" style=\"color:blue; text-decoration:underline\"><span style=\"font-size:14.0pt\">Tecnologias de simula&ccedil;&atilde;o de frete ganham for&ccedil;a no mercado<\/span><\/a><\/span><\/span><\/span><\/p>\r\n\r\n<p style=\"text-align:justify\"><span style=\"font-size:11pt\"><span style=\"line-height:normal\"><span calibri=\"\" style=\"font-family:\"><a href=\"https:\/\/olhardigital.com.br\/2022\/06\/03\/carros-e-tecnologia\/ceo-da-ford-diz-que-industria-automotiva-vai-passar-por-grande-abalo-e-redefinicao-em-massa\/\" style=\"color:blue; text-decoration:underline\"><span style=\"font-size:14.0pt\">CEO da Ford diz que ind&uacute;stria automotiva vai passar por grande abalo e redefini&ccedil;&atilde;o em massa<\/span><\/a><\/span><\/span><\/span><\/p>\r\n\r\n<p style=\"text-align:justify\"><span style=\"font-size:11pt\"><span style=\"line-height:normal\"><span calibri=\"\" style=\"font-family:\"><a href=\"https:\/\/expansao.co\/calcadistas-apontam-desafios-para-o-desenvolvimento\/\" style=\"color:blue; text-decoration:underline\"><span style=\"font-size:14.0pt\">Cal&ccedil;adistas apontam desafios para o desenvolvimento<\/span><\/a><\/span><\/span><\/span><\/p>\r\n\r\n<p style=\"text-align:justify\"><span style=\"font-size:11pt\"><span style=\"line-height:normal\"><span calibri=\"\" style=\"font-family:\"><a href=\"https:\/\/www.autoindustria.com.br\/2022\/06\/01\/em-maio-o-melhor-mes-do-ano-no-mercado-de-veiculos-leves\/\" style=\"color:blue; text-decoration:underline\"><span style=\"font-size:14.0pt\">Em maio, o melhor m&ecirc;s do ano no mercado de ve&iacute;culos leves<\/span><\/a><\/span><\/span><\/span><\/p>\r\n\r\n<p class=\"MsoTitle\" style=\"text-align:justify\"><span style=\"font-size:28pt\"><span cambria=\"\" style=\"font-family:\"><span style=\"letter-spacing:-0.5pt\"><b><span style=\"font-size:18.0pt\"><span calibri=\"\" style=\"font-family:\"><span style=\"font-variant:small-caps\">Sustentabilidade<\/span><\/span><\/span><\/b><\/span><\/span><\/span><\/p>\r\n\r\n<p style=\"text-align:justify\"><span style=\"font-size:11pt\"><span style=\"line-height:normal\"><span calibri=\"\" style=\"font-family:\"><a href=\"https:\/\/www-fibre2fashion-com.translate.goog\/news\/apparel-news\/eurocham-in-cambodia-urges-garment-factories-to-switch-to-solar-power-281099-newsdetails.htm?_x_tr_sl=en&amp;_x_tr_tl=pt&amp;_x_tr_hl=pt-BR&amp;_x_tr_pto=op,wapp\" style=\"color:blue; text-decoration:underline\"><span style=\"font-size:14.0pt\">EuroCham in Cambodia urges garment factories to switch to solar power<\/span><\/a><\/span><\/span><\/span><\/p>\r\n\r\n<p style=\"text-align:justify\"><span style=\"font-size:11pt\"><span style=\"line-height:normal\"><span calibri=\"\" style=\"font-family:\"><a href=\"http:\/\/textileindustry.ning.com\/forum\/topics\/brasil-descarta-mais-de-4-milh-es-de-toneladas-de-res-duos-t\" style=\"color:blue; text-decoration:underline\"><span style=\"font-size:14.0pt\">Brasil descarta mais de 4 milh&otilde;es de toneladas de res&iacute;duos t&ecirc;xteis por ano<\/span><\/a><\/span><\/span><\/span><\/p>\r\n\r\n<p style=\"text-align:justify\"><span style=\"font-size:11pt\"><span style=\"line-height:normal\"><span calibri=\"\" style=\"font-family:\"><a href=\"https:\/\/engenhariacompartilhada.com.br\/noticia\/exibir\/6401183_construcoes-sustentaveis-exigem-preocupacao-com-materiais-e-processos\" style=\"color:blue; text-decoration:underline\"><span style=\"font-size:14.0pt\">Constru&ccedil;&otilde;es sustent&aacute;veis exigem preocupa&ccedil;&atilde;o com materiais e processos<\/span><\/a><\/span><\/span><\/span><\/p>\r\n\r\n<p class=\"MsoTitle\" style=\"text-align:justify\"><span style=\"font-size:28pt\"><span cambria=\"\" style=\"font-family:\"><span style=\"letter-spacing:-0.5pt\"><b><span style=\"font-size:18.0pt\"><span calibri=\"\" style=\"font-family:\"><span style=\"font-variant:small-caps\">Inova&ccedil;&atilde;o<\/span><\/span><\/span><\/b><\/span><\/span><\/span><\/p>\r\n\r\n<p style=\"text-align:justify\"><span style=\"font-size:11pt\"><span style=\"line-height:normal\"><span calibri=\"\" style=\"font-family:\"><a href=\"https:\/\/www.fapesc.sc.gov.br\/com-nanotecnologia-e-apoio-da-fapesc-startup-empreende-na-area-da-saude\/\" style=\"color:blue; text-decoration:underline\"><span style=\"font-size:14.0pt\">Com nanotecnologia e apoio da Fapesc, startup empreende na &aacute;rea da sa&uacute;de<\/span><\/a><\/span><\/span><\/span><\/p>\r\n\r\n<p style=\"text-align:justify\"><span style=\"font-size:11pt\"><span style=\"line-height:normal\"><span calibri=\"\" style=\"font-family:\"><a href=\"https:\/\/www.inovacaotecnologica.com.br\/noticias\/noticia.php?artigo=enzima-decompoe-pet-menos-dia&amp;id=020125220531#.Yp4Xw-zMKUk\" style=\"color:blue; text-decoration:underline\"><span style=\"font-size:14.0pt\">Descoberta enzima que decomp&otilde;e PET em menos de um dia<\/span><\/a><\/span><\/span><\/span><\/p>\r\n\r\n<p style=\"text-align:justify\"><span style=\"font-size:11pt\"><span style=\"line-height:normal\"><span calibri=\"\" style=\"font-family:\"><a href=\"https:\/\/www.gov.br\/capes\/pt-br\/assuntos\/noticias\/ufrn-desenvolve-novo-processo-de-beneficiamento-textil\" style=\"color:blue; text-decoration:underline\"><span style=\"font-size:14.0pt\">N&atilde;otecidos: UFRN desenvolve novo processo de beneficiamento t&ecirc;xtil<\/span><\/a><\/span><\/span><\/span><\/p>\r\n\r\n<p style=\"text-align:justify\"><span style=\"font-size:11pt\"><span style=\"line-height:normal\"><span calibri=\"\" style=\"font-family:\"><a href=\"https:\/\/canaltech.com.br\/inovacao\/nova-tecnica-transforma-lixo-plastico-automotivo-em-grafeno-217480\/\" style=\"color:blue; text-decoration:underline\"><span style=\"font-size:14.0pt\">Nova t&eacute;cnica transforma lixo pl&aacute;stico automotivo em grafeno<\/span><\/a><\/span><\/span><\/span><\/p>\r\n\r\n<p class=\"MsoTitle\" style=\"text-align:justify\"><span style=\"font-size:28pt\"><span cambria=\"\" style=\"font-family:\"><span style=\"letter-spacing:-0.5pt\"><b><span style=\"font-size:18.0pt\"><span calibri=\"\" style=\"font-family:\"><span style=\"font-variant:small-caps\">Com&eacute;rcio Exterior<\/span><\/span><\/span><\/b><\/span><\/span><\/span><\/p>\r\n\r\n<p style=\"text-align:justify\"><span style=\"font-size:11pt\"><span style=\"line-height:normal\"><span calibri=\"\" style=\"font-family:\"><a href=\"https:\/\/mercadoeconsumo.com.br\/2022\/06\/02\/ceo-do-jpmorgan-alerta-para-furacao-na-economia-americana\/?utm_campaign=02-06_geral__gouvea&amp;utm_medium=email&amp;utm_source=RD+Station\" style=\"color:blue; text-decoration:underline\"><span style=\"font-size:14.0pt\">CEO do JPMorgan alerta para &ldquo;furac&atilde;o&rdquo; na economia americana<\/span><\/a><\/span><\/span><\/span><\/p>\r\n\r\n<p style=\"text-align:justify\"><span style=\"font-size:11pt\"><span style=\"line-height:normal\"><span calibri=\"\" style=\"font-family:\"><a href=\"https:\/\/jornal-t.pt\/noticia\/atividade-industrial-cai-para-minimos-na-zona-euro\/\" style=\"color:blue; text-decoration:underline\"><span style=\"font-size:14.0pt\">Atividade industrial cai para m&iacute;nimos na Zona Euro<\/span><\/a><\/span><\/span><\/span><\/p>\r\n\r\n<p style=\"text-align:justify\"><span style=\"font-size:11pt\"><span style=\"line-height:normal\"><span calibri=\"\" style=\"font-family:\"><a href=\"https:\/\/www.ipea.gov.br\/portal\/index.php?option=com_content&amp;view=article&amp;id=39315&amp;catid=4&amp;Itemid=2\" style=\"color:blue; text-decoration:underline\"><span style=\"font-size:14.0pt\">Entrada na OCDE pode aumentar o PIB brasileiro em 0,4% ao ano<\/span><\/a><\/span><\/span><\/span><\/p>\r\n\r\n<p class=\"MsoTitle\" style=\"text-align:justify\"><span style=\"font-size:28pt\"><span cambria=\"\" style=\"font-family:\"><span style=\"letter-spacing:-0.5pt\"><b><span style=\"font-size:18.0pt\"><span calibri=\"\" style=\"font-family:\"><span style=\"font-variant:small-caps\">Economia<\/span><\/span><\/span><\/b><\/span><\/span><\/span><\/p>\r\n\r\n<p style=\"text-align:justify\"><span style=\"font-size:11pt\"><span style=\"line-height:normal\"><span calibri=\"\" style=\"font-family:\"><a href=\"https:\/\/agenciadenoticias.ibge.gov.br\/agencia-sala-de-imprensa\/2013-agencia-de-noticias\/releases\/33935-pib-cresce-1-0-no-1-trimestre-de-2022\" style=\"color:blue; text-decoration:underline\"><span style=\"font-size:14.0pt\">PIB cresce 1,0% no 1&ordm; trimestre de 2022<\/span><\/a><\/span><\/span><\/span><\/p>\r\n\r\n<p style=\"text-align:justify\"><span style=\"font-size:11pt\"><span style=\"line-height:normal\"><span calibri=\"\" style=\"font-family:\"><a href=\"https:\/\/noticias.portaldaindustria.com.br\/noticias\/infraestrutura\/indicadores-de-infraestrutura-revelam-recuperacao-da-atividade-economica-ao-nivel-pre-pandemia\/\" style=\"color:blue; text-decoration:underline\"><span style=\"font-size:14.0pt\">Indicadores de infraestrutura revelam recupera&ccedil;&atilde;o da atividade econ&ocirc;mica ao n&iacute;vel pr&eacute;-pandemia<\/span><\/a><\/span><\/span><\/span><\/p>\r\n\r\n<p style=\"text-align:justify\"><span style=\"font-size:11pt\"><span style=\"line-height:normal\"><span calibri=\"\" style=\"font-family:\"><a href=\"https:\/\/clickpetroleoegas.com.br\/brasil-tem-maior-queda-de-desemprego-do-g20-em-recuperacao-impressionante-da-economia-no-primeiro-trimestre-de-2022\/\" style=\"color:blue; text-decoration:underline\"><span style=\"font-size:14.0pt\">Brasil tem maior queda de desemprego do G20 em recupera&ccedil;&atilde;o impressionante da economia no primeiro trimestre de 2022<\/span><\/a><\/span><\/span><\/span><\/p>\r\n\r\n<p style=\"text-align:justify\"><span style=\"font-size:11.0pt\"><span style=\"line-height:115%\"><span calibri=\"\" style=\"font-family:\"><a href=\"https:\/\/portalibre.fgv.br\/noticias\/indicador-de-incerteza-da-economia-sobe-10-ponto-em-maio\" style=\"color:blue; text-decoration:underline\"><span style=\"font-size:14.0pt\"><span style=\"line-height:115%\">Indicador de Incerteza da Economia sobe 1,0 ponto em maio<\/span><\/span><\/a><\/span><\/span><\/span><\/p>\r\n","6":"<p style=\"text-align:justify\"><span style=\"font-size:11pt\"><span style=\"line-height:normal\"><span calibri=\"\" style=\"font-family:\"><span style=\"font-size:14.0pt\">Esta &eacute; uma compila&ccedil;&atilde;o das not&iacute;cias mais relevantes para o setor, incluindo informa&ccedil;&otilde;es sobre acordos internacionais, economia brasileira, sustentabilidade e mat&eacute;rias primas, al&eacute;m de novidades do setor de N&atilde;otecidos e Tecidos T&eacute;cnicos.<\/span><\/span><\/span><\/span><\/p>\r\n\r\n<p class=\"MsoTitle\" style=\"text-align:justify\"><span style=\"font-size:28pt\"><span cambria=\"\" style=\"font-family:\"><span style=\"letter-spacing:-0.5pt\"><b><span style=\"font-size:18.0pt\"><span calibri=\"\" style=\"font-family:\"><span style=\"font-variant:small-caps\">A&ccedil;&otilde;es da ABINT<\/span><\/span><\/span><\/b><\/span><\/span><\/span><\/p>\r\n\r\n<p style=\"text-align:justify\"><span style=\"font-size:11pt\"><span style=\"line-height:normal\"><span calibri=\"\" style=\"font-family:\"><a href=\"https:\/\/youtu.be\/AohIbmNrvnY\" style=\"color:blue; text-decoration:underline\"><span style=\"font-size:14.0pt\">&ldquo;O uso do N&atilde;otecido no Agro&rdquo; (a partir dos 44:54 minutos)<\/span><\/a><span class=\"MsoHyperlink\" style=\"color:blue\"><span style=\"text-decoration:underline\"><span style=\"font-size:14.0pt\"><span style=\"text-decoration:none\"><span style=\"text-underline:none\">, entrevista com Laerte Gui&atilde;o Maroni no programa &ldquo;Bem da Terra&rdquo;, aconteceu dia 03\/06\/2022 no Canal Terraviva.<\/span><\/span><\/span><\/span><\/span><\/span><\/span><\/span><\/p>\r\n\r\n<p style=\"text-align:justify\">&nbsp;<\/p>\r\n\r\n<p style=\"text-align:justify\"><span style=\"font-size:11pt\"><span style=\"line-height:normal\"><span calibri=\"\" style=\"font-family:\"><b><span style=\"font-size:14.0pt\">A ABINT realizar&aacute; o Nonwovens Day 2022<\/span><\/b><\/span><\/span><\/span><\/p>\r\n\r\n<p style=\"text-align:justify\"><span style=\"font-size:11pt\"><span style=\"line-height:normal\"><span calibri=\"\" style=\"font-family:\"><b><span style=\"font-size:14.0pt\">A ABINT realizar&aacute; o Nonwovens Day 2022<\/span><\/b><\/span><\/span><\/span><\/p>\r\n\r\n<p style=\"text-align:justify\"><span style=\"font-size:11pt\"><span style=\"line-height:normal\"><span calibri=\"\" style=\"font-family:\"><span style=\"font-size:14.0pt\"><span style=\"background:white\"><span style=\"color:#444444\">O evento, online e gratuito, ocorrer&aacute; nos dias <b>08 e 09 de junho de 2022 <\/b>e reunir&aacute; a cadeia produtiva dos N&atilde;otecidos, de fornecedores a usu&aacute;rios, para debaterem as quest&otilde;es relacionadas &agrave; Sustentabilidade do setor. <\/span><\/span><\/span><b><span style=\"font-size:14.0pt\"><span style=\"background:white\"><span style=\"color:black\"><a href=\"https:\/\/hall.inteegra.com.br\/83736\" style=\"color:blue; text-decoration:underline\">INSCREVA-SE<\/a><\/span><\/span><\/span><\/b><span style=\"font-size:14.0pt\"><span style=\"background:white\"><span style=\"color:#444444\">.<\/span><\/span><\/span><\/span><\/span><\/span><\/p>\r\n\r\n<p style=\"text-align:justify\"><span style=\"font-size:11pt\"><span style=\"line-height:normal\"><span calibri=\"\" style=\"font-family:\"><span style=\"font-size:14.0pt\"><span style=\"background:white\"><span style=\"color:#444444\"><img height=\"774\" src=\"https:\/\/www.abint.org.br\/assets\/img\/editor\/palestras-0806_20220607115312gestSO5XtD.jpeg\" width=\"774\" \/><\/span><\/span><\/span><\/span><\/span><\/span><\/p>\r\n\r\n<p style=\"text-align:justify\"><span style=\"font-size:11pt\"><span style=\"line-height:normal\"><span calibri=\"\" style=\"font-family:\"><span style=\"font-size:14.0pt\"><span style=\"background:white\"><span style=\"color:#444444\"><img height=\"777\" src=\"https:\/\/www.abint.org.br\/assets\/img\/editor\/palestras-0906_20220607115336H3TwNBKD0Z.jpeg\" width=\"777\" \/><\/span><\/span><\/span><\/span><\/span><\/span><\/p>\r\n\r\n<p style=\"text-align:justify\">&nbsp;<\/p>\r\n\r\n<p style=\"text-align:justify\"><span style=\"font-size:11pt\"><span style=\"line-height:normal\"><span calibri=\"\" style=\"font-family:\"><a href=\"file:\/\/\/C:\/Users\/cristiane\/AppData\/Local\/Microsoft\/Windows\/INetCache\/Content.Outlook\/FQ9JKWRP\/email.mht\" style=\"color:blue; text-decoration:underline\"><span style=\"font-size:14.0pt\">Newsletter Maio | eureciclo<\/span><\/a> <\/span><\/span><\/span><\/p>\r\n\r\n<p style=\"text-align:justify\">&nbsp;<\/p>\r\n\r\n<p style=\"text-align:justify\"><span style=\"font-size:11pt\"><span style=\"line-height:normal\"><span calibri=\"\" style=\"font-family:\"><b><span style=\"font-size:18.0pt\"><span style=\"font-variant:small-caps\">Eventos<\/span><\/span><\/b><\/span><\/span><\/span><\/p>\r\n\r\n<p style=\"text-align:justify\"><span style=\"font-size:11pt\"><span style=\"line-height:normal\"><span calibri=\"\" style=\"font-family:\"><span class=\"MsoHyperlink\" style=\"color:blue\"><span style=\"text-decoration:underline\"><b><span style=\"font-size:14.0pt\"><span style=\"text-decoration:none\"><span style=\"text-underline:none\">FIESP: O Mercado de Carbono no Brasil - Regulamenta&ccedil;&atilde;o e Oportunidade<\/span><\/span><\/span><\/b><\/span><\/span><span class=\"MsoHyperlink\" style=\"color:blue\"><span style=\"text-decoration:underline\"><span style=\"font-size:14.0pt\"><span style=\"text-decoration:none\"><span style=\"text-underline:none\">, data 10 de junho de 2022. Informa&ccedil;&otilde;es: <\/span><\/span><\/span><\/span><\/span><a href=\"http:\/\/emkt.fiesp.ind.br\/emkt\/tracer\/?1,7213162,460d08b8,c43d\" style=\"color:blue; text-decoration:underline\"><span style=\"font-size:14.0pt\">clique aqui<\/span><\/a><span class=\"MsoHyperlink\" style=\"color:blue\"><span style=\"text-decoration:underline\"><span style=\"font-size:14.0pt\"><span style=\"text-decoration:none\"><span style=\"text-underline:none\">.<\/span><\/span><\/span><\/span><\/span><\/span><\/span><\/span><\/p>\r\n\r\n<p style=\"text-align:justify\"><span style=\"font-size:11pt\"><span style=\"line-height:normal\"><span calibri=\"\" style=\"font-family:\"><span class=\"MsoHyperlink\" style=\"color:blue\"><span style=\"text-decoration:underline\"><b><span style=\"font-size:14.0pt\"><span style=\"text-decoration:none\"><span style=\"text-underline:none\">FIESP: Treinamento Online para Cadastro T&eacute;cnico Federal<\/span><\/span><\/span><\/b><\/span><\/span><span class=\"MsoHyperlink\" style=\"color:blue\"><span style=\"text-decoration:underline\"><span style=\"font-size:14.0pt\"><span style=\"text-decoration:none\"><span style=\"text-underline:none\">, data 13 de junho, Informa&ccedil;&otilde;es: <\/span><\/span><\/span><\/span><\/span><a href=\"http:\/\/emkt.fiesp.ind.br\/emkt\/tracer\/?1,7212267,460d08b8,6828\" style=\"color:blue; text-decoration:underline\"><span style=\"font-size:14.0pt\">clique aqui<\/span><\/a><span class=\"MsoHyperlink\" style=\"color:blue\"><span style=\"text-decoration:underline\"><span style=\"font-size:14.0pt\"><span style=\"text-decoration:none\"><span style=\"text-underline:none\">.<\/span><\/span><\/span><\/span><\/span><\/span><\/span><\/span><\/p>\r\n\r\n<p style=\"text-align:justify\"><span style=\"font-size:11pt\"><span style=\"line-height:normal\"><span calibri=\"\" style=\"font-family:\"><span class=\"MsoHyperlink\" style=\"color:blue\"><span style=\"text-decoration:underline\"><b><span style=\"font-size:14.0pt\"><span style=\"text-decoration:none\"><span style=\"text-underline:none\">F&oacute;rum Brasil &ndash; OCDE<\/span><\/span><\/span><\/b><\/span><\/span><span class=\"MsoHyperlink\" style=\"color:blue\"><span style=\"text-decoration:underline\"><span style=\"font-size:14.0pt\"><span style=\"text-decoration:none\"><span style=\"text-underline:none\">, Pal&aacute;cio do Itamaraty, data 20 a 22 de junho, evento h&iacute;brido. Informa&ccedil;&otilde;es: <\/span><\/span><\/span><\/span><\/span><a href=\"https:\/\/forms.office.com\/pages\/responsepage.aspx?id=oPRyEk2sBkK2gcpWHkGAGFfeen7gZhdPiwv8JRAJHTtUMTkzUE8wRlNSNU4xWkRLTkI0VUVCTDY5MC4u&amp;wdLOR=c1F16DB40-0541-4988-8460-E13229177DE9\" style=\"color:blue; text-decoration:underline\"><span style=\"font-size:14.0pt\">clique aqui<\/span><\/a><span class=\"MsoHyperlink\" style=\"color:blue\"><span style=\"text-decoration:underline\"><span style=\"font-size:14.0pt\"><span style=\"text-decoration:none\"><span style=\"text-underline:none\">.<\/span><\/span><\/span><\/span><\/span><\/span><\/span><\/span><\/p>\r\n\r\n<p style=\"text-align:justify\"><span style=\"font-size:11pt\"><span style=\"line-height:normal\"><span calibri=\"\" style=\"font-family:\"><span class=\"MsoHyperlink\" style=\"color:blue\"><span style=\"text-decoration:underline\"><b><span style=\"font-size:14.0pt\"><span style=\"text-decoration:none\"><span style=\"text-underline:none\">Abit e SENAI|CETIQT: Vis&atilde;o do futuro T&ecirc;xtil 2030<\/span><\/span><\/span><\/b><\/span><\/span><span class=\"MsoHyperlink\" style=\"color:blue\"><span style=\"text-decoration:underline\"><span style=\"font-size:14.0pt\"><span style=\"text-decoration:none\"><span style=\"text-underline:none\">, encontro presencial, data 23 de junho de 2022. Informa&ccedil;&otilde;es: <\/span><\/span><\/span><\/span><\/span><a href=\"https:\/\/app.rdstation.email\/mail\/837609f2-3c74-4754-8c54-f4c22eecead3?utm_campaign=convite_textil_2030_-_09052022&amp;utm_medium=email&amp;utm_source=RD+Station\" style=\"color:blue; text-decoration:underline\"><span style=\"font-size:14.0pt\">clique aqui<\/span><\/a><span class=\"MsoHyperlink\" style=\"color:blue\"><span style=\"text-decoration:underline\"><span style=\"font-size:14.0pt\"><span style=\"text-decoration:none\"><span style=\"text-underline:none\">.<\/span><\/span><\/span><\/span><\/span><\/span><\/span><\/span><\/p>\r\n\r\n<p class=\"MsoTitle\" style=\"text-align:justify\"><span style=\"font-size:28pt\"><span cambria=\"\" style=\"font-family:\"><span style=\"letter-spacing:-0.5pt\"><b><span style=\"font-size:18.0pt\"><span calibri=\"\" style=\"font-family:\"><span style=\"font-variant:small-caps\">Setor<\/span><\/span><\/span><\/b><\/span><\/span><\/span><\/p>\r\n\r\n<p style=\"text-align:justify\"><span style=\"font-size:11pt\"><span style=\"line-height:normal\"><span calibri=\"\" style=\"font-family:\"><span class=\"MsoHyperlink\" style=\"color:blue\"><span style=\"text-decoration:underline\"><span style=\"font-size:14.0pt\"><span style=\"text-decoration:none\"><span style=\"text-underline:none\"><a href=\"https:\/\/www.textiletechnology.net\/technology\/news\/itmf-international-textile-production-costs-vary-up-to-72-32260?utm_source=%2Fmeta%2Fnewsletter%2Fnewsletter&amp;utm_medium=newsletter&amp;utm_campaign=nl879&amp;utm_term=0801b20e08c3242125d512808cd74302\" style=\"color:blue; text-decoration:underline\">International textile production costs vary up to 72%<\/a><\/span><\/span><\/span><\/span><\/span><\/span><\/span><\/span><\/p>\r\n\r\n<p style=\"text-align:justify\"><span style=\"font-size:11pt\"><span style=\"line-height:normal\"><span calibri=\"\" style=\"font-family:\"><a href=\"https:\/\/www.textiletechnology.net\/nonwovens\/news\/inda-2022-nonwovens-supply-report-now-available-32185?utm_source=%2Fmeta%2Fnewsletter%2Fnewsletter&amp;utm_medium=newsletter&amp;utm_campaign=nl876&amp;utm_term=0801b20e08c3242125d512808cd74302\" style=\"color:blue; text-decoration:underline\"><span style=\"font-size:14.0pt\">2022 Nonwovens Supply Report now available<\/span><\/a><\/span><\/span><\/span><\/p>\r\n\r\n<p style=\"text-align:justify\"><span style=\"font-size:11pt\"><span style=\"line-height:normal\"><span calibri=\"\" style=\"font-family:\"><a href=\"https:\/\/www.textiletechnology.net\/nonwovens\/management\/inda-tony-fragnito-promoted-to-president-32224?utm_source=%2Fmeta%2Fnewsletter%2Fnewsletter&amp;utm_medium=newsletter&amp;utm_campaign=nl876&amp;utm_term=0801b20e08c3242125d512808cd74302\" style=\"color:blue; text-decoration:underline\"><span style=\"font-size:14.0pt\">INDA - Tony Fragnito promoted to President<\/span><\/a><\/span><\/span><\/span><\/p>\r\n\r\n<p style=\"text-align:justify\"><span style=\"font-size:11pt\"><span style=\"line-height:normal\"><span calibri=\"\" style=\"font-family:\"><a href=\"https:\/\/segurancadopaciente.com.br\/seguranca-e-gestao\/covid-19-leva-a-retrocesso-de-5-anos-na-seguranca-do-paciente\/?utm_campaign=newsletter_semanal_-_31052022&amp;utm_medium=email&amp;utm_source=RD+Station\" style=\"color:blue; text-decoration:underline\"><span style=\"font-size:14.0pt\">Covid-19 leva a retrocesso de 5 anos na seguran&ccedil;a do paciente<\/span><\/a><\/span><\/span><\/span><\/p>\r\n\r\n<p style=\"text-align:justify\"><span style=\"font-size:11pt\"><span style=\"line-height:normal\"><span calibri=\"\" style=\"font-family:\"><a href=\"https:\/\/www.textiletechnology.net\/technology\/news\/truetzschler-technologies-for-spinning-card-clothing-nonwovens-and-man-made-fibers-32218?utm_source=%2Fmeta%2Fnewsletter%2Fnewsletter&amp;utm_medium=newsletter&amp;utm_campaign=nl877&amp;utm_term=0801b20e08c3242125d512808cd74302\" style=\"color:blue; text-decoration:underline\"><span style=\"font-size:14.0pt\">Tr&uuml;tzschler: Technology innovations for fibers to nonwovens<\/span><\/a><\/span><\/span><\/span><\/p>\r\n\r\n<p style=\"text-align:justify\"><span style=\"font-size:11pt\"><span style=\"line-height:normal\"><span calibri=\"\" style=\"font-family:\"><a href=\"https:\/\/almaco.org.br\/2022\/06\/02\/industria-do-plastico-vai-ao-stf-para-tentar-reverter-aumento-de-ipi\/\" style=\"color:blue; text-decoration:underline\"><span style=\"font-size:14.0pt\">Ind&uacute;stria do pl&aacute;stico vai ao STF para tentar reverter aumento de IPI<\/span><\/a><\/span><\/span><\/span><\/p>\r\n\r\n<p style=\"text-align:justify\"><span style=\"font-size:11pt\"><span style=\"line-height:normal\"><span calibri=\"\" style=\"font-family:\"><a href=\"http:\/\/www.revistaanamaco.com.br\/primeiros-fabricantes-associados-ao-ibi-recebem-certificacao-inedita?utm_campaign=Revista+Anamaco+Online&amp;utm_content=Primeiros+fabricantes+associados+ao%C2%A0IBI%C2%A0recebem+certifica%C3%A7%C3%A3o+in%C3%A9dita+-+Revista+Anamaco+%282%29&amp;utm_medium=email&amp;utm_source=EmailMarketing&amp;utm_term=Revista+Anamaco+Online-Newsletter%2337-2022\" style=\"color:blue; text-decoration:underline\"><span style=\"font-size:14.0pt\">Primeiros fabricantes associados ao IBI recebem certifica&ccedil;&atilde;o in&eacute;dita<\/span><\/a><\/span><\/span><\/span><\/p>\r\n\r\n<p style=\"text-align:justify\">&nbsp;<\/p>\r\n\r\n<p class=\"MsoTitle\" style=\"text-align:justify\"><span style=\"font-size:28pt\"><span cambria=\"\" style=\"font-family:\"><span style=\"letter-spacing:-0.5pt\"><b><span style=\"font-size:18.0pt\"><span calibri=\"\" style=\"font-family:\"><span style=\"font-variant:small-caps\">Ind&uacute;stria<\/span><\/span><\/span><\/b><\/span><\/span><\/span><\/p>\r\n\r\n<p style=\"text-align:justify\"><span style=\"font-size:11pt\"><span style=\"line-height:normal\"><span calibri=\"\" style=\"font-family:\"><a href=\"https:\/\/noticias.portaldaindustria.com.br\/noticias\/economia\/materia-prima-71-das-industrias-registraram-alta-acima-do-esperado\/\" style=\"color:blue; text-decoration:underline\"><span style=\"font-size:14.0pt\">Mat&eacute;ria-prima: 71% das ind&uacute;strias registraram alta acima do esperado<\/span><\/a><\/span><\/span><\/span><\/p>\r\n\r\n<p style=\"text-align:justify\"><span style=\"font-size:11pt\"><span style=\"line-height:normal\"><span calibri=\"\" style=\"font-family:\"><a href=\"https:\/\/www.fiesp.com.br\/noticias\/producao-industrial-fica-perto-da-estabilidade-em-abril-preservando-expectativas-de-baixo-dinamismo-para-o-restante-do-ano\/\" style=\"color:blue; text-decoration:underline\"><span style=\"font-size:14.0pt\">Produ&ccedil;&atilde;o industrial fica perto da estabilidade em abril, preservando expectativas de baixo dinamismo para o restante do ano<\/span><\/a><\/span><\/span><\/span><\/p>\r\n\r\n<p style=\"text-align:justify\"><span style=\"font-size:11pt\"><span style=\"line-height:normal\"><span calibri=\"\" style=\"font-family:\"><a href=\"https:\/\/portalibre.fgv.br\/noticias\/confianca-empresarial-avanca-29-pontos-em-maio-e-registra-maior-nivel-desde-outubro-de\" style=\"color:blue; text-decoration:underline\"><span style=\"font-size:14.0pt\">Confian&ccedil;a Empresarial avan&ccedil;a 2,9 pontos em maio e registra maior n&iacute;vel desde outubro de 2021<\/span><\/a><\/span><\/span><\/span><\/p>\r\n\r\n<p style=\"text-align:justify\"><span style=\"font-size:11pt\"><span style=\"line-height:normal\"><span calibri=\"\" style=\"font-family:\"><a href=\"https:\/\/grandesconstrucoes.com.br\/Noticias\/Exibir\/barometro-da-infraestrutura-mostra-leve-recuperacao-do-otimismo?utm_source=akna&amp;utm_medium=email&amp;utm_campaign=Grandes-Construcoes-Informativo-814-02-06-2022&amp;utm_source=akna&amp;utm_medium=email&amp;utm_campaign=Grandes-Construcoes-Informativo-814-02-06-2022\" style=\"color:blue; text-decoration:underline\"><span style=\"font-size:14.0pt\">Bar&ocirc;metro da infraestrutura mostra leve recupera&ccedil;&atilde;o das expectativas<\/span><\/a><\/span><\/span><\/span><\/p>\r\n\r\n<p style=\"text-align:justify\"><span style=\"font-size:11pt\"><span style=\"line-height:normal\"><span calibri=\"\" style=\"font-family:\"><a href=\"https:\/\/grandesconstrucoes.com.br\/Noticias\/Exibir\/tecnologias-de-simulacao-de-frete-ganham-forca-no-mercado?utm_source=akna&amp;utm_medium=email&amp;utm_campaign=Grandes-Construcoes-Informativo-814-02-06-2022&amp;utm_source=akna&amp;utm_medium=email&amp;utm_campaign=Grandes-Construcoes-Informativo-814-02-06-2022\" style=\"color:blue; text-decoration:underline\"><span style=\"font-size:14.0pt\">Tecnologias de simula&ccedil;&atilde;o de frete ganham for&ccedil;a no mercado<\/span><\/a><\/span><\/span><\/span><\/p>\r\n\r\n<p style=\"text-align:justify\"><span style=\"font-size:11pt\"><span style=\"line-height:normal\"><span calibri=\"\" style=\"font-family:\"><a href=\"https:\/\/olhardigital.com.br\/2022\/06\/03\/carros-e-tecnologia\/ceo-da-ford-diz-que-industria-automotiva-vai-passar-por-grande-abalo-e-redefinicao-em-massa\/\" style=\"color:blue; text-decoration:underline\"><span style=\"font-size:14.0pt\">CEO da Ford diz que ind&uacute;stria automotiva vai passar por grande abalo e redefini&ccedil;&atilde;o em massa<\/span><\/a><\/span><\/span><\/span><\/p>\r\n\r\n<p style=\"text-align:justify\"><span style=\"font-size:11pt\"><span style=\"line-height:normal\"><span calibri=\"\" style=\"font-family:\"><a href=\"https:\/\/expansao.co\/calcadistas-apontam-desafios-para-o-desenvolvimento\/\" style=\"color:blue; text-decoration:underline\"><span style=\"font-size:14.0pt\">Cal&ccedil;adistas apontam desafios para o desenvolvimento<\/span><\/a><\/span><\/span><\/span><\/p>\r\n\r\n<p style=\"text-align:justify\"><span style=\"font-size:11pt\"><span style=\"line-height:normal\"><span calibri=\"\" style=\"font-family:\"><a href=\"https:\/\/www.autoindustria.com.br\/2022\/06\/01\/em-maio-o-melhor-mes-do-ano-no-mercado-de-veiculos-leves\/\" style=\"color:blue; text-decoration:underline\"><span style=\"font-size:14.0pt\">Em maio, o melhor m&ecirc;s do ano no mercado de ve&iacute;culos leves<\/span><\/a><\/span><\/span><\/span><\/p>\r\n\r\n<p class=\"MsoTitle\" style=\"text-align:justify\"><span style=\"font-size:28pt\"><span cambria=\"\" style=\"font-family:\"><span style=\"letter-spacing:-0.5pt\"><b><span style=\"font-size:18.0pt\"><span calibri=\"\" style=\"font-family:\"><span style=\"font-variant:small-caps\">Sustentabilidade<\/span><\/span><\/span><\/b><\/span><\/span><\/span><\/p>\r\n\r\n<p style=\"text-align:justify\"><span style=\"font-size:11pt\"><span style=\"line-height:normal\"><span calibri=\"\" style=\"font-family:\"><a href=\"https:\/\/www-fibre2fashion-com.translate.goog\/news\/apparel-news\/eurocham-in-cambodia-urges-garment-factories-to-switch-to-solar-power-281099-newsdetails.htm?_x_tr_sl=en&amp;_x_tr_tl=pt&amp;_x_tr_hl=pt-BR&amp;_x_tr_pto=op,wapp\" style=\"color:blue; text-decoration:underline\"><span style=\"font-size:14.0pt\">EuroCham in Cambodia urges garment factories to switch to solar power<\/span><\/a><\/span><\/span><\/span><\/p>\r\n\r\n<p style=\"text-align:justify\"><span style=\"font-size:11pt\"><span style=\"line-height:normal\"><span calibri=\"\" style=\"font-family:\"><a href=\"http:\/\/textileindustry.ning.com\/forum\/topics\/brasil-descarta-mais-de-4-milh-es-de-toneladas-de-res-duos-t\" style=\"color:blue; text-decoration:underline\"><span style=\"font-size:14.0pt\">Brasil descarta mais de 4 milh&otilde;es de toneladas de res&iacute;duos t&ecirc;xteis por ano<\/span><\/a><\/span><\/span><\/span><\/p>\r\n\r\n<p style=\"text-align:justify\"><span style=\"font-size:11pt\"><span style=\"line-height:normal\"><span calibri=\"\" style=\"font-family:\"><a href=\"https:\/\/engenhariacompartilhada.com.br\/noticia\/exibir\/6401183_construcoes-sustentaveis-exigem-preocupacao-com-materiais-e-processos\" style=\"color:blue; text-decoration:underline\"><span style=\"font-size:14.0pt\">Constru&ccedil;&otilde;es sustent&aacute;veis exigem preocupa&ccedil;&atilde;o com materiais e processos<\/span><\/a><\/span><\/span><\/span><\/p>\r\n\r\n<p class=\"MsoTitle\" style=\"text-align:justify\"><span style=\"font-size:28pt\"><span cambria=\"\" style=\"font-family:\"><span style=\"letter-spacing:-0.5pt\"><b><span style=\"font-size:18.0pt\"><span calibri=\"\" style=\"font-family:\"><span style=\"font-variant:small-caps\">Inova&ccedil;&atilde;o<\/span><\/span><\/span><\/b><\/span><\/span><\/span><\/p>\r\n\r\n<p style=\"text-align:justify\"><span style=\"font-size:11pt\"><span style=\"line-height:normal\"><span calibri=\"\" style=\"font-family:\"><a href=\"https:\/\/www.fapesc.sc.gov.br\/com-nanotecnologia-e-apoio-da-fapesc-startup-empreende-na-area-da-saude\/\" style=\"color:blue; text-decoration:underline\"><span style=\"font-size:14.0pt\">Com nanotecnologia e apoio da Fapesc, startup empreende na &aacute;rea da sa&uacute;de<\/span><\/a><\/span><\/span><\/span><\/p>\r\n\r\n<p style=\"text-align:justify\"><span style=\"font-size:11pt\"><span style=\"line-height:normal\"><span calibri=\"\" style=\"font-family:\"><a href=\"https:\/\/www.inovacaotecnologica.com.br\/noticias\/noticia.php?artigo=enzima-decompoe-pet-menos-dia&amp;id=020125220531#.Yp4Xw-zMKUk\" style=\"color:blue; text-decoration:underline\"><span style=\"font-size:14.0pt\">Descoberta enzima que decomp&otilde;e PET em menos de um dia<\/span><\/a><\/span><\/span><\/span><\/p>\r\n\r\n<p style=\"text-align:justify\"><span style=\"font-size:11pt\"><span style=\"line-height:normal\"><span calibri=\"\" style=\"font-family:\"><a href=\"https:\/\/www.gov.br\/capes\/pt-br\/assuntos\/noticias\/ufrn-desenvolve-novo-processo-de-beneficiamento-textil\" style=\"color:blue; text-decoration:underline\"><span style=\"font-size:14.0pt\">N&atilde;otecidos: UFRN desenvolve novo processo de beneficiamento t&ecirc;xtil<\/span><\/a><\/span><\/span><\/span><\/p>\r\n\r\n<p style=\"text-align:justify\"><span style=\"font-size:11pt\"><span style=\"line-height:normal\"><span calibri=\"\" style=\"font-family:\"><a href=\"https:\/\/canaltech.com.br\/inovacao\/nova-tecnica-transforma-lixo-plastico-automotivo-em-grafeno-217480\/\" style=\"color:blue; text-decoration:underline\"><span style=\"font-size:14.0pt\">Nova t&eacute;cnica transforma lixo pl&aacute;stico automotivo em grafeno<\/span><\/a><\/span><\/span><\/span><\/p>\r\n\r\n<p class=\"MsoTitle\" style=\"text-align:justify\"><span style=\"font-size:28pt\"><span cambria=\"\" style=\"font-family:\"><span style=\"letter-spacing:-0.5pt\"><b><span style=\"font-size:18.0pt\"><span calibri=\"\" style=\"font-family:\"><span style=\"font-variant:small-caps\">Com&eacute;rcio Exterior<\/span><\/span><\/span><\/b><\/span><\/span><\/span><\/p>\r\n\r\n<p style=\"text-align:justify\"><span style=\"font-size:11pt\"><span style=\"line-height:normal\"><span calibri=\"\" style=\"font-family:\"><a href=\"https:\/\/mercadoeconsumo.com.br\/2022\/06\/02\/ceo-do-jpmorgan-alerta-para-furacao-na-economia-americana\/?utm_campaign=02-06_geral__gouvea&amp;utm_medium=email&amp;utm_source=RD+Station\" style=\"color:blue; text-decoration:underline\"><span style=\"font-size:14.0pt\">CEO do JPMorgan alerta para &ldquo;furac&atilde;o&rdquo; na economia americana<\/span><\/a><\/span><\/span><\/span><\/p>\r\n\r\n<p style=\"text-align:justify\"><span style=\"font-size:11pt\"><span style=\"line-height:normal\"><span calibri=\"\" style=\"font-family:\"><a href=\"https:\/\/jornal-t.pt\/noticia\/atividade-industrial-cai-para-minimos-na-zona-euro\/\" style=\"color:blue; text-decoration:underline\"><span style=\"font-size:14.0pt\">Atividade industrial cai para m&iacute;nimos na Zona Euro<\/span><\/a><\/span><\/span><\/span><\/p>\r\n\r\n<p style=\"text-align:justify\"><span style=\"font-size:11pt\"><span style=\"line-height:normal\"><span calibri=\"\" style=\"font-family:\"><a href=\"https:\/\/www.ipea.gov.br\/portal\/index.php?option=com_content&amp;view=article&amp;id=39315&amp;catid=4&amp;Itemid=2\" style=\"color:blue; text-decoration:underline\"><span style=\"font-size:14.0pt\">Entrada na OCDE pode aumentar o PIB brasileiro em 0,4% ao ano<\/span><\/a><\/span><\/span><\/span><\/p>\r\n\r\n<p class=\"MsoTitle\" style=\"text-align:justify\"><span style=\"font-size:28pt\"><span cambria=\"\" style=\"font-family:\"><span style=\"letter-spacing:-0.5pt\"><b><span style=\"font-size:18.0pt\"><span calibri=\"\" style=\"font-family:\"><span style=\"font-variant:small-caps\">Economia<\/span><\/span><\/span><\/b><\/span><\/span><\/span><\/p>\r\n\r\n<p style=\"text-align:justify\"><span style=\"font-size:11pt\"><span style=\"line-height:normal\"><span calibri=\"\" style=\"font-family:\"><a href=\"https:\/\/agenciadenoticias.ibge.gov.br\/agencia-sala-de-imprensa\/2013-agencia-de-noticias\/releases\/33935-pib-cresce-1-0-no-1-trimestre-de-2022\" style=\"color:blue; text-decoration:underline\"><span style=\"font-size:14.0pt\">PIB cresce 1,0% no 1&ordm; trimestre de 2022<\/span><\/a><\/span><\/span><\/span><\/p>\r\n\r\n<p style=\"text-align:justify\"><span style=\"font-size:11pt\"><span style=\"line-height:normal\"><span calibri=\"\" style=\"font-family:\"><a href=\"https:\/\/noticias.portaldaindustria.com.br\/noticias\/infraestrutura\/indicadores-de-infraestrutura-revelam-recuperacao-da-atividade-economica-ao-nivel-pre-pandemia\/\" style=\"color:blue; text-decoration:underline\"><span style=\"font-size:14.0pt\">Indicadores de infraestrutura revelam recupera&ccedil;&atilde;o da atividade econ&ocirc;mica ao n&iacute;vel pr&eacute;-pandemia<\/span><\/a><\/span><\/span><\/span><\/p>\r\n\r\n<p style=\"text-align:justify\"><span style=\"font-size:11pt\"><span style=\"line-height:normal\"><span calibri=\"\" style=\"font-family:\"><a href=\"https:\/\/clickpetroleoegas.com.br\/brasil-tem-maior-queda-de-desemprego-do-g20-em-recuperacao-impressionante-da-economia-no-primeiro-trimestre-de-2022\/\" style=\"color:blue; text-decoration:underline\"><span style=\"font-size:14.0pt\">Brasil tem maior queda de desemprego do G20 em recupera&ccedil;&atilde;o impressionante da economia no primeiro trimestre de 2022<\/span><\/a><\/span><\/span><\/span><\/p>\r\n\r\n<p style=\"text-align:justify\"><span style=\"font-size:11.0pt\"><span style=\"line-height:115%\"><span calibri=\"\" style=\"font-family:\"><a href=\"https:\/\/portalibre.fgv.br\/noticias\/indicador-de-incerteza-da-economia-sobe-10-ponto-em-maio\" style=\"color:blue; text-decoration:underline\"><span style=\"font-size:14.0pt\"><span style=\"line-height:115%\">Indicador de Incerteza da Economia sobe 1,0 ponto em maio<\/span><\/span><\/a><\/span><\/span><\/span><\/p>\r\n","texto_en":"","7":"","imagem":"COMP_banner-padrao-home-destaques-boletim_202206071149293FQ8qoFGe3.jpg","8":"COMP_banner-padrao-home-destaques-boletim_202206071149293FQ8qoFGe3.jpg","arquivo":"20220607-NOTICIAS-SEMANAIS.PDF","9":"20220607-NOTICIAS-SEMANAIS.PDF","titulo_arquivo":"","10":"","titulo_arquivo_en":"","11":"","created_at":"2022-06-07 11:49:40","12":"2022-06-07 11:49:40","updated_at":"2022-06-07 12:47:45","13":"2022-06-07 12:47:45"},{"id":19,"0":19,"ordem":204,"1":204,"data":"2021-05-31","2":"2021-05-31","slug":"boletim-de-noticias-semanais-16","3":"boletim-de-noticias-semanais-16","titulo":"Boletim de Not\u00edcias Semanais","4":"Boletim de Not\u00edcias Semanais","titulo_en":"","5":"","texto":"<p style=\"text-align:justify\"><span style=\"font-size:11pt\"><span style=\"line-height:normal\"><span calibri=\"\" style=\"font-family:\"><span style=\"font-size:14.0pt\">Esta &eacute; uma compila&ccedil;&atilde;o das not&iacute;cias mais relevantes para o setor, incluindo informa&ccedil;&otilde;es sobre acordos internacionais, economia brasileira, sustentabilidade e mat&eacute;rias primas, al&eacute;m de novidades do setor de N&atilde;otecidos e Tecidos T&eacute;cnicos.<\/span><\/span><\/span><\/span><\/p>\r\n\r\n<p class=\"MsoTitle\" style=\"text-align:justify\"><span style=\"font-size:28pt\"><span cambria=\"\" style=\"font-family:\"><span style=\"letter-spacing:-0.5pt\"><b><span style=\"font-size:18.0pt\"><span calibri=\"\" style=\"font-family:\"><span style=\"font-variant:small-caps\">A&ccedil;&otilde;es da ABINT<\/span><\/span><\/span><\/b><\/span><\/span><\/span><\/p>\r\n\r\n<p style=\"text-align:justify\"><span style=\"font-size:11pt\"><span style=\"line-height:normal\"><span calibri=\"\" style=\"font-family:\"><span class=\"MsoHyperlink\" style=\"color:blue\"><span style=\"text-decoration:underline\"><b><span style=\"font-size:14.0pt\"><span style=\"text-decoration:none\"><span style=\"text-underline:none\">Entrevista sobre os N&atilde;otecidos no Agroneg&oacute;cio no canal AgroMais, da TV Band, <\/span><\/span><\/span><\/b><\/span><\/span><span class=\"MsoHyperlink\" style=\"color:blue\"><span style=\"text-decoration:underline\"><span style=\"font-size:14.0pt\"><span style=\"text-decoration:none\"><span style=\"text-underline:none\">exibida em data 24 de maio. <\/span><\/span><\/span><\/span><\/span><a href=\"https:\/\/agromais.band.uol.com.br\/ao-vivo\" style=\"color:blue; text-decoration:underline\"><span style=\"font-size:14.0pt\">Clique para<\/span><\/a><span class=\"MsoHyperlink\" style=\"color:blue\"><span style=\"text-decoration:underline\"><span style=\"font-size:14.0pt\"> assistir<\/span><\/span><\/span><span class=\"MsoHyperlink\" style=\"color:blue\"><span style=\"text-decoration:underline\"><span style=\"font-size:14.0pt\"><span style=\"text-decoration:none\"><span style=\"text-underline:none\">.<\/span><\/span><\/span><\/span><\/span><\/span><\/span><\/span><\/p>\r\n\r\n<p style=\"text-align:justify\">&nbsp;<\/p>\r\n\r\n<p style=\"text-align:justify\"><span style=\"font-size:11pt\"><span style=\"line-height:normal\"><span calibri=\"\" style=\"font-family:\"><b><span style=\"font-size:14.0pt\">A ABINT realizar&aacute; o Nonwovens Day 2022<\/span><\/b><\/span><\/span><\/span><\/p>\r\n\r\n<p style=\"text-align:justify\"><span style=\"font-size:11pt\"><span style=\"line-height:normal\"><span calibri=\"\" style=\"font-family:\"><span style=\"font-size:14.0pt\"><span style=\"background:white\"><span style=\"color:#444444\">O evento, online e gratuito, ocorrer&aacute; nos dias <b>08 e 09 de junho de 2022 <\/b>e reunir&aacute; a cadeia produtiva dos N&atilde;otecidos, de fornecedores a usu&aacute;rios, para debaterem as quest&otilde;es relacionadas &agrave; Sustentabilidade do setor. <\/span><\/span><\/span><a href=\"https:\/\/nonwovensdaycom.wordpress.com\/\" style=\"color:blue; text-decoration:underline\"><span style=\"font-size:14.0pt\"><span style=\"background:white\">Clique aqui e INSCREVA SE<\/span><\/span><\/a><span style=\"font-size:14.0pt\"><span style=\"background:white\"><span style=\"color:#444444\">.<\/span><\/span><\/span><\/span><\/span><\/span><\/p>\r\n\r\n<p style=\"text-align:justify\"><span style=\"font-size:11pt\"><span style=\"line-height:normal\"><span calibri=\"\" style=\"font-family:\"><span style=\"font-size:14.0pt\"><span style=\"background:white\"><span style=\"color:#444444\"><img height=\"535\" src=\"https:\/\/www.abint.org.br\/assets\/img\/editor\/nonwovens-day-12_202206061852587bXecbB59e.png\" width=\"535\" \/><\/span><\/span><\/span><\/span><\/span><\/span><\/p>\r\n\r\n<p style=\"text-align:justify\"><span style=\"font-size:11pt\"><span style=\"line-height:normal\"><span calibri=\"\" style=\"font-family:\"><b><span style=\"font-size:18.0pt\"><span style=\"font-variant:small-caps\">Eventos<\/span><\/span><\/b><\/span><\/span><\/span><\/p>\r\n\r\n<p style=\"text-align:justify\"><span style=\"font-size:11pt\"><span style=\"line-height:normal\"><span calibri=\"\" style=\"font-family:\"><span class=\"MsoHyperlink\" style=\"color:blue\"><span style=\"text-decoration:underline\"><span style=\"font-size:14.0pt\"><span style=\"text-decoration:none\"><span style=\"text-underline:none\">A Subsecretaria de Opera&ccedil;&otilde;es de Com&eacute;rcio Exterior (SUEXT), da Secretaria de Com&eacute;rcio Exterior (SECEX) do Minist&eacute;rio da Economia, realizar&aacute;<b> III Webinar de Opera&ccedil;&otilde;es de Com&eacute;rcio Exterior<\/b>, data 31 de maio de 2022. Informa&ccedil;&otilde;es: <\/span><\/span><\/span><\/span><\/span><a href=\"https:\/\/docs.google.com\/forms\/d\/1EF0iyG4vIdxUErd2W0wWCGy81sTOh_g11drJ38BgH58\/viewform?edit_requested=true\" style=\"color:blue; text-decoration:underline\"><span style=\"font-size:14.0pt\">clique aqui<\/span><\/a><\/span><\/span><\/span><\/p>\r\n\r\n<p style=\"text-align:justify\"><span style=\"font-size:11pt\"><span style=\"line-height:normal\"><span calibri=\"\" style=\"font-family:\"><span class=\"MsoHyperlink\" style=\"color:blue\"><span style=\"text-decoration:underline\"><b><span style=\"font-size:14.0pt\"><span style=\"text-decoration:none\"><span style=\"text-underline:none\">Semin&aacute;rio Fiesp - Ades&atilde;o do Brasil &agrave; OCDE e os Pre&ccedil;os de Transfer&ecirc;ncia<\/span><\/span><\/span><\/b><\/span><\/span><span class=\"MsoHyperlink\" style=\"color:blue\"><span style=\"text-decoration:underline\"><span style=\"font-size:14.0pt\"><span style=\"text-decoration:none\"><span style=\"text-underline:none\">, data 6 de junho de 2022. Informa&ccedil;&otilde;es: <\/span><\/span><\/span><\/span><\/span><a href=\"https:\/\/www.fiesp.com.br\/agenda\/seminario-adesao-do-brasil-a-ocde-e-os-precos-de-transferencia\/\" style=\"color:blue; text-decoration:underline\"><span style=\"font-size:14.0pt\">clique aqui<\/span><\/a><span class=\"MsoHyperlink\" style=\"color:blue\"><span style=\"text-decoration:underline\"><span style=\"font-size:14.0pt\"><span style=\"text-decoration:none\"><span style=\"text-underline:none\">.<\/span><\/span><\/span><\/span><\/span><\/span><\/span><\/span><\/p>\r\n\r\n<p style=\"text-align:justify\"><span style=\"font-size:11pt\"><span style=\"line-height:normal\"><span calibri=\"\" style=\"font-family:\"><span class=\"MsoHyperlink\" style=\"color:blue\"><span style=\"text-decoration:underline\"><b><span style=\"font-size:14.0pt\"><span style=\"text-decoration:none\"><span style=\"text-underline:none\">Abit e SENAI|CETIQT: Vis&atilde;o do futuro T&ecirc;xtil 2030<\/span><\/span><\/span><\/b><\/span><\/span><span class=\"MsoHyperlink\" style=\"color:blue\"><span style=\"text-decoration:underline\"><span style=\"font-size:14.0pt\"><span style=\"text-decoration:none\"><span style=\"text-underline:none\">, encontro presencial, data 23 de junho de 2022. Informa&ccedil;&otilde;es: <\/span><\/span><\/span><\/span><\/span><a href=\"https:\/\/app.rdstation.email\/mail\/837609f2-3c74-4754-8c54-f4c22eecead3?utm_campaign=convite_textil_2030_-_09052022&amp;utm_medium=email&amp;utm_source=RD+Station\" style=\"color:blue; text-decoration:underline\"><span style=\"font-size:14.0pt\">clique aqui<\/span><\/a><span class=\"MsoHyperlink\" style=\"color:blue\"><span style=\"text-decoration:underline\"><span style=\"font-size:14.0pt\"><span style=\"text-decoration:none\"><span style=\"text-underline:none\">.<\/span><\/span><\/span><\/span><\/span><\/span><\/span><\/span><\/p>\r\n\r\n<p style=\"text-align:justify\"><span style=\"font-size:11pt\"><span style=\"line-height:normal\"><span calibri=\"\" style=\"font-family:\"><span class=\"MsoHyperlink\" style=\"color:blue\"><span style=\"text-decoration:underline\"><b><span style=\"font-size:14.0pt\"><span style=\"text-decoration:none\"><span style=\"text-underline:none\">The Global Digital Textile Conference<\/span><\/span><\/span><\/b><\/span><\/span><span class=\"MsoHyperlink\" style=\"color:blue\"><span style=\"text-decoration:underline\"><span style=\"font-size:14.0pt\"><span style=\"text-decoration:none\"><span style=\"text-underline:none\">, data 05 e 06 de outubro de 2022. Informa&ccedil;&otilde;es: <\/span><\/span><\/span><\/span><\/span><a href=\"http:\/\/www.events.wtin.com\/GDTC\" style=\"color:blue; text-decoration:underline\"><span style=\"font-size:14.0pt\">www.events.wtin.com\/GDTC<\/span><\/a> <\/span><\/span><\/span><\/p>\r\n\r\n<p class=\"MsoTitle\" style=\"text-align:justify\"><span style=\"font-size:28pt\"><span cambria=\"\" style=\"font-family:\"><span style=\"letter-spacing:-0.5pt\"><b><span style=\"font-size:18.0pt\"><span calibri=\"\" style=\"font-family:\"><span style=\"font-variant:small-caps\">Setor<\/span><\/span><\/span><\/b><\/span><\/span><\/span><\/p>\r\n\r\n<p style=\"text-align:justify\"><span style=\"font-size:11pt\"><span style=\"line-height:normal\"><span calibri=\"\" style=\"font-family:\"><a href=\"https:\/\/rpnews.com.br\/noticia\/27036\/conheca-os-palestrantes-do-nonwovens-day-2022\" style=\"color:blue; text-decoration:underline\"><span style=\"font-size:14.0pt\">Conhe&ccedil;a os palestrantes do Nonwovens Day 2022<\/span><\/a><\/span><\/span><\/span><\/p>\r\n\r\n<p style=\"text-align:justify\"><span style=\"font-size:11pt\"><span style=\"line-height:normal\"><span calibri=\"\" style=\"font-family:\"><a href=\"https:\/\/www.youtube.com\/watch?v=BkRZ77q0mWA\" style=\"color:blue; text-decoration:underline\"><span style=\"font-size:14.0pt\">A&ccedil;&atilde;o Sustent&aacute;vel, do canal Agro+ da Band, tem a participa&ccedil;&atilde;o de Laerte Gui&atilde;o Maroni, falando de N&atilde;otecidos no Agroneg&oacute;cio<\/span><\/a><\/span><\/span><\/span><\/p>\r\n\r\n<p style=\"text-align:justify\"><span style=\"font-size:11pt\"><span style=\"line-height:normal\"><span calibri=\"\" style=\"font-family:\"><a href=\"https:\/\/www.technicaltextile.net\/news\/inda-nonwovens-report-provides-overall-view-of-north-american-supply-280885.html\" style=\"color:blue; text-decoration:underline\"><span style=\"font-size:14.0pt\">INDA nonwovens report provides overall view of North American supply<\/span><\/a><\/span><\/span><\/span><\/p>\r\n\r\n<p style=\"text-align:justify\"><span style=\"font-size:11pt\"><span style=\"line-height:normal\"><span calibri=\"\" style=\"font-family:\"><a href=\"https:\/\/diariobahia.com.br\/cvr-costa-do-cacau-fortalece-destinacao-correta-de-residuos-e-incentiva-coleta-seletiva\/\" style=\"color:blue; text-decoration:underline\"><span style=\"font-size:14.0pt\">Geomembranas: CVR Costa do Cacau fortalece destina&ccedil;&atilde;o correta de res&iacute;duos e incentiva coleta seletiva<\/span><\/a><\/span><\/span><\/span><\/p>\r\n\r\n<p style=\"text-align:justify\"><span style=\"font-size:11pt\"><span style=\"line-height:normal\"><span calibri=\"\" style=\"font-family:\"><a href=\"https:\/\/folharegionalwebtv.com\/geral\/apos_8_anos_justica_determina_recuperacao_na_lagoa_de_oleo_em_capivari_de_baixo.30019\" style=\"color:blue; text-decoration:underline\"><span style=\"font-size:14.0pt\">Geomembranas: Ap&oacute;s 8 anos, Justi&ccedil;a determina recupera&ccedil;&atilde;o da lagoa de &oacute;leo em Capivari de Baixo<\/span><\/a><\/span><\/span><\/span><\/p>\r\n\r\n<p style=\"text-align:justify\"><span style=\"font-size:11pt\"><span style=\"line-height:normal\"><span calibri=\"\" style=\"font-family:\"><a href=\"https:\/\/www.segs.com.br\/veiculos\/346890-industria-de-autopecas-deve-ter-resultados-positivos-em-2022\" style=\"color:blue; text-decoration:underline\"><span style=\"font-size:14.0pt\">N&atilde;otecidos e filtra&ccedil;&atilde;o: Ind&uacute;stria de autope&ccedil;as deve ter resultados positivos em 2022<\/span><\/a><\/span><\/span><\/span><\/p>\r\n\r\n<p style=\"text-align:justify\"><span style=\"font-size:11pt\"><span style=\"line-height:normal\"><span calibri=\"\" style=\"font-family:\"><a href=\"https:\/\/segurancadopaciente.com.br\/seguranca-e-gestao\/tres-problemas-e-tres-desafios-para-a-seguranca-do-paciente\/?utm_campaign=newsletter_semanal_-_24052022&amp;utm_medium=email&amp;utm_source=RD+Station\" style=\"color:blue; text-decoration:underline\"><span style=\"font-size:14.0pt\">Tr&ecirc;s problemas e tr&ecirc;s desafios para a seguran&ccedil;a do paciente<\/span><\/a><\/span><\/span><\/span><\/p>\r\n\r\n<p style=\"text-align:justify\"><span style=\"font-size:11pt\"><span style=\"line-height:normal\"><span calibri=\"\" style=\"font-family:\"><a href=\"https:\/\/www.portugaltextil.com\/produtores-texteis-mostram-se-menos-otimistas\/?utm_term=Portugal+Textil+a%3F%3F%3F%3F+24.05.2022&amp;utm_campaign=Portugal+Textil+\" style=\"color:blue; text-decoration:underline\"><span style=\"font-size:14.0pt\">Produtores t&ecirc;xteis mostram-se menos otimistas<\/span><\/a><\/span><\/span><\/span><\/p>\r\n\r\n<p style=\"text-align:justify\"><span style=\"font-size:11pt\"><span style=\"line-height:normal\"><span calibri=\"\" style=\"font-family:\"><a href=\"https:\/\/www.jornaldocomercio.com\/_conteudo\/especiais\/dia_da_industria\/2022\/05\/848099-braskem-avanca-no-cronograma-das-paradas-para-manutencao.html\" style=\"color:blue; text-decoration:underline\"><span style=\"font-size:14.0pt\">Braskem avan&ccedil;a no cronograma das paradas para manuten&ccedil;&atilde;o<\/span><\/a><\/span><\/span><\/span><\/p>\r\n\r\n<p style=\"text-align:justify\"><span style=\"font-size:11pt\"><span style=\"line-height:normal\"><span calibri=\"\" style=\"font-family:\"><a href=\"https:\/\/www.technicaltextile.net\/news\/andritz-to-present-nonwovens-solutions-at-techtextil-in-germany-280866.html\" style=\"color:blue; text-decoration:underline\"><span style=\"font-size:14.0pt\">Andritz to present nonwovens solutions at Techtextil in Germany<\/span><\/a><\/span><\/span><\/span><\/p>\r\n\r\n<p class=\"MsoTitle\" style=\"text-align:justify\"><span style=\"font-size:28pt\"><span cambria=\"\" style=\"font-family:\"><span style=\"letter-spacing:-0.5pt\"><b><span style=\"font-size:18.0pt\"><span calibri=\"\" style=\"font-family:\"><span style=\"font-variant:small-caps\">Ind&uacute;stria<\/span><\/span><\/span><\/b><\/span><\/span><\/span><\/p>\r\n\r\n<p style=\"text-align:justify\"><span style=\"font-size:11pt\"><span style=\"line-height:normal\"><span calibri=\"\" style=\"font-family:\"><a href=\"https:\/\/tissueonline.com.br\/setor-de-personal-care-traz-inovacoes-para-a-apas-show-2022\/?utm_campaign=newsletter_27052022_novo_modelo&amp;utm_medium=email&amp;utm_source=RD+Station\" style=\"color:blue; text-decoration:underline\"><span style=\"font-size:14.0pt\">Setor de personal care leva inova&ccedil;&otilde;es para a APAS Show 2022<\/span><\/a><\/span><\/span><\/span><\/p>\r\n\r\n<p style=\"text-align:justify\"><span style=\"font-size:11pt\"><span style=\"line-height:normal\"><span calibri=\"\" style=\"font-family:\"><a href=\"https:\/\/www.em.com.br\/app\/noticia\/economia\/2022\/05\/26\/internas_economia,1369338\/exportacoes-de-calcados-aumentam-122-no-polo-calcadista-de-nova-serrana.shtml\" style=\"color:blue; text-decoration:underline\"><span style=\"font-size:14.0pt\">Exporta&ccedil;&otilde;es de cal&ccedil;ados aumentam 122% no polo cal&ccedil;adista de Nova Serrana<\/span><\/a><\/span><\/span><\/span><\/p>\r\n\r\n<p style=\"text-align:justify\"><span style=\"font-size:11pt\"><span style=\"line-height:normal\"><span calibri=\"\" style=\"font-family:\"><a href=\"https:\/\/www.comexdobrasil.com\/setor-calcadista-brasileiro-tera-participacao-recorde-na-historia-da-mostra-italiana-expo-riva-schuh\/\" style=\"color:blue; text-decoration:underline\"><span style=\"font-size:14.0pt\">Setor cal&ccedil;adista brasileiro ter&aacute; participa&ccedil;&atilde;o recorde na mostra italiana Expo Riva Schuh<\/span><\/a><\/span><\/span><\/span><\/p>\r\n\r\n<p style=\"text-align:justify\"><span style=\"font-size:11pt\"><span style=\"line-height:normal\"><span calibri=\"\" style=\"font-family:\"><a href=\"https:\/\/gauchazh.clicrbs.com.br\/pioneiro\/economia\/noticia\/2022\/05\/industria-de-couro-e-calcados-retoma-o-crescimento-com-o-salao-internacional-em-gramado-cl3m206ar009h0167wm9c4265.html\" style=\"color:blue; text-decoration:underline\"><span style=\"font-size:14.0pt\">Ind&uacute;stria de couro e cal&ccedil;ados retoma o crescimento com o Sal&atilde;o Internacional, em Gramado<\/span><\/a><\/span><\/span><\/span><\/p>\r\n\r\n<p style=\"text-align:justify\"><span style=\"font-size:11pt\"><span style=\"line-height:normal\"><span calibri=\"\" style=\"font-family:\"><a href=\"https:\/\/ccbc.org.br\/publicacoes\/noticias-ccbc\/o-novo-momento-da-economia-mundial\/?utm_campaign=ccbc_news_edicao_404_maio22&amp;utm_medium=email&amp;utm_source=RD+Station\" style=\"color:blue; text-decoration:underline\"><span style=\"font-size:14.0pt\">Empresas buscam se adaptar &agrave; tend&ecirc;ncia de &ldquo;desglobaliza&ccedil;&atilde;o&rdquo; das cadeias produtivas <\/span><\/a><\/span><\/span><\/span><\/p>\r\n\r\n<p style=\"text-align:justify\"><span style=\"font-size:11pt\"><span style=\"line-height:normal\"><span calibri=\"\" style=\"font-family:\"><a href=\"https:\/\/www.fibre2fashion.com\/news\/textile-news\/new-manufacturing-orders-fall-for-1st-time-in-eurozone-since-june-2020-280945-newsdetails.htm\" style=\"color:blue; text-decoration:underline\"><span style=\"font-size:14.0pt\">New manufacturing orders fall for 1st time in eurozone since June 2020<\/span><\/a><\/span><\/span><\/span><\/p>\r\n\r\n<p style=\"text-align:justify\"><span style=\"font-size:11pt\"><span style=\"line-height:normal\"><span calibri=\"\" style=\"font-family:\"><a href=\"https:\/\/grandesconstrucoes.com.br\/Noticias\/Exibir\/construcao-sofre-efeitos-de-novas-restricoes-na-china?utm_source=akna&amp;utm_medium=email&amp;utm_campaign=Grandes-Construcoes-Informativo-813-26-05-2022&amp;utm_source=akna&amp;utm_medium=email&amp;utm_campaign=Grandes-Construcoes-Informativo-813-26-05-2022\" style=\"color:blue; text-decoration:underline\"><span style=\"font-size:14.0pt\">Constru&ccedil;&atilde;o sofre efeitos de novas restri&ccedil;&otilde;es na China<\/span><\/a><\/span><\/span><\/span><\/p>\r\n\r\n<p style=\"text-align:justify\"><span style=\"font-size:11pt\"><span style=\"line-height:normal\"><span calibri=\"\" style=\"font-family:\"><a href=\"https:\/\/almaco.org.br\/2022\/05\/27\/mineracao-tem-cenario-favoravel-de-negocios-diz-estudo\/\" style=\"color:blue; text-decoration:underline\"><span style=\"font-size:14.0pt\">Minera&ccedil;&atilde;o tem cen&aacute;rio favor&aacute;vel de neg&oacute;cios, diz estudo<\/span><\/a><\/span><\/span><\/span><\/p>\r\n\r\n<p style=\"text-align:justify\"><span style=\"font-size:11pt\"><span style=\"line-height:normal\"><span calibri=\"\" style=\"font-family:\"><a href=\"https:\/\/grandesconstrucoes.com.br\/Noticias\/Exibir\/ministerio-da-infraestrutura-anuncia-investimentos-em-ferrovias?utm_source=akna&amp;utm_medium=email&amp;utm_campaign=Grandes-Construcoes-Informativo-813-26-05-2022&amp;utm_source=akna&amp;utm_medium=email&amp;utm_campaign=Grandes-Construcoes-Informativo-813-26-05-2022\" style=\"color:blue; text-decoration:underline\"><span style=\"font-size:14.0pt\">Minist&eacute;rio da Infraestrutura anuncia investimentos em ferrovias<\/span><\/a><\/span><\/span><\/span><\/p>\r\n\r\n<p class=\"MsoTitle\" style=\"text-align:justify\"><span style=\"font-size:28pt\"><span cambria=\"\" style=\"font-family:\"><span style=\"letter-spacing:-0.5pt\"><b><span style=\"font-size:18.0pt\"><span calibri=\"\" style=\"font-family:\"><span style=\"font-variant:small-caps\">Sustentabilidade<\/span><\/span><\/span><\/b><\/span><\/span><\/span><\/p>\r\n\r\n<p style=\"text-align:justify\"><span style=\"font-size:11pt\"><span style=\"line-height:normal\"><span calibri=\"\" style=\"font-family:\"><a href=\"http:\/\/textileindustry.ning.com\/forum\/topics\/um-mundo-em-r-pida-mudan-a\" style=\"color:blue; text-decoration:underline\"><span style=\"font-size:14.0pt\">Um mundo em r&aacute;pida mudan&ccedil;a<\/span><\/a><\/span><\/span><\/span><\/p>\r\n\r\n<p style=\"text-align:justify\"><span style=\"font-size:11pt\"><span style=\"line-height:normal\"><span calibri=\"\" style=\"font-family:\"><a href=\"https:\/\/www.textiletechnology.net\/technology\/interview\/interview-with-amrei-becker-and-lukasz-debicki-ita-textile-recycling-and-processes-for-the-future-32208?utm_source=%2Fmeta%2Fnewsletter%2Fnewsletter&amp;utm_medium=newsletter&amp;utm_campaign=nl873&amp;utm_term=0801b20e08c3242125d512808cd74302\" style=\"color:blue; text-decoration:underline\"><span style=\"font-size:14.0pt\">Textile recycling and processes for the future<\/span><\/a><\/span><\/span><\/span><\/p>\r\n\r\n<p style=\"text-align:justify\"><span style=\"font-size:11pt\"><span style=\"line-height:normal\"><span calibri=\"\" style=\"font-family:\"><a href=\"https:\/\/clickpetroleoegas.com.br\/conheca-o-navio-projetado-para-coletar-plastico-do-oceano-e-converte-lo-em-hidrogenio-limpo\/\" style=\"color:blue; text-decoration:underline\"><span style=\"font-size:14.0pt\">Conhe&ccedil;a o navio projetado para coletar pl&aacute;stico do oceano e convert&ecirc;-lo em hidrog&ecirc;nio limpo<\/span><\/a><\/span><\/span><\/span><\/p>\r\n\r\n<p style=\"text-align:justify\"><span style=\"font-size:11pt\"><span style=\"line-height:normal\"><span calibri=\"\" style=\"font-family:\"><a href=\"https:\/\/noticias.portaldaindustria.com.br\/noticias\/sustentabilidade\/parceria-estimula-praticas-sustentaveis-na-construcao-civil-da-regiao-amazonica\/\" style=\"color:blue; text-decoration:underline\"><span style=\"font-size:14.0pt\">Parceria estimula pr&aacute;ticas sustent&aacute;veis na constru&ccedil;&atilde;o civil da regi&atilde;o amaz&ocirc;nica<\/span><\/a><\/span><\/span><\/span><\/p>\r\n\r\n<p style=\"text-align:justify\"><span style=\"font-size:11pt\"><span style=\"line-height:normal\"><span calibri=\"\" style=\"font-family:\"><a href=\"https:\/\/ibre.fgv.br\/blog-da-conjuntura-economica\/artigos\/inovacoes-no-setor-de-energias-renovaveis-tendem-reduzir-papel\" style=\"color:blue; text-decoration:underline\"><span style=\"font-size:14.0pt\">Inova&ccedil;&otilde;es no setor de energias renov&aacute;veis tendem a reduzir papel do g&aacute;s natural na transi&ccedil;&atilde;o energ&eacute;tica, aponta relat&oacute;rio<\/span><\/a><\/span><\/span><\/span><\/p>\r\n\r\n<p style=\"text-align:justify\"><span style=\"font-size:11pt\"><span style=\"line-height:normal\"><span calibri=\"\" style=\"font-family:\"><a href=\"https:\/\/www.pensamentoverde.com.br\/im-green\/braskem-e-valoren-inauguram-primeira-planta-de-reciclagem-mecanica\/\" style=\"color:blue; text-decoration:underline\"><span style=\"font-size:14.0pt\">Braskem e Valoren inauguram primeira planta de reciclagem mec&acirc;nica<\/span><\/a><\/span><\/span><\/span><\/p>\r\n\r\n<p class=\"MsoTitle\" style=\"text-align:justify\"><span style=\"font-size:28pt\"><span cambria=\"\" style=\"font-family:\"><span style=\"letter-spacing:-0.5pt\"><b><span style=\"font-size:18.0pt\"><span calibri=\"\" style=\"font-family:\"><span style=\"font-variant:small-caps\">Inova&ccedil;&atilde;o<\/span><\/span><\/span><\/b><\/span><\/span><\/span><\/p>\r\n\r\n<p style=\"text-align:justify\"><span style=\"font-size:11pt\"><span style=\"line-height:normal\"><span calibri=\"\" style=\"font-family:\"><a href=\"https:\/\/www.cnnbrasil.com.br\/business\/inspirada-em-teias-de-aranha-startup-japonesa-inventa-tecidos-mais-sustentaveis\/\" style=\"color:blue; text-decoration:underline\"><span style=\"font-size:14.0pt\">Inspirada em teias de aranha, startup japonesa inventa tecidos mais sustent&aacute;veis<\/span><\/a><\/span><\/span><\/span><\/p>\r\n\r\n<p class=\"MsoTitle\" style=\"text-align:justify\"><span style=\"font-size:28pt\"><span cambria=\"\" style=\"font-family:\"><span style=\"letter-spacing:-0.5pt\"><b><span style=\"font-size:18.0pt\"><span calibri=\"\" style=\"font-family:\"><span style=\"font-variant:small-caps\">Com&eacute;rcio Exterior<\/span><\/span><\/span><\/b><\/span><\/span><\/span><\/p>\r\n\r\n<p style=\"text-align:justify\"><span style=\"font-size:11pt\"><span style=\"line-height:normal\"><span calibri=\"\" style=\"font-family:\"><a href=\"https:\/\/pages.eiu.com\/rs\/753-RIQ-438\/images\/operational-risk-review-22.pdf?mkt_tok=NzUzLVJJUS00MzgAAAGEpIDAeaXRRrXRigt487CpwKpTKzt1m5K5P3_2ZXVJ2rbBeV8_HHLKcUN9whXzEe2YhCVnL9px8IrWyn7-dQp44o0otF3idLjsUp8f3FBarp4\" style=\"color:blue; text-decoration:underline\"><span style=\"font-size:14.0pt\">The Economist Intelligence Unit - <b>Global operational risk review<\/b><\/span><\/a><\/span><\/span><\/span><\/p>\r\n\r\n<p style=\"text-align:justify\"><span style=\"font-size:11pt\"><span style=\"line-height:normal\"><span calibri=\"\" style=\"font-family:\"><a href=\"http:\/\/emkt.fiesp.ind.br\/emkt\/tracer\/?1,7209033,460d08b8,c390\" style=\"color:blue; text-decoration:underline\"><span style=\"font-size:14.0pt\">Redu&ccedil;&atilde;o da Tarifa Externa Comum (TEC) do Mercosul<\/span><\/a><\/span><\/span><\/span><\/p>\r\n\r\n<p style=\"text-align:justify\"><span style=\"font-size:11pt\"><span style=\"line-height:normal\"><span calibri=\"\" style=\"font-family:\"><a href=\"https:\/\/www.portugaltextil.com\/paises-fornecedores-exigem-mais-protecao\/\" style=\"color:blue; text-decoration:underline\"><span style=\"font-size:14.0pt\">Pa&iacute;ses fornecedores exigem mais prote&ccedil;&atilde;o<\/span><\/a><\/span><\/span><\/span><\/p>\r\n\r\n<p style=\"text-align:justify\"><span style=\"font-size:11pt\"><span style=\"line-height:normal\"><span calibri=\"\" style=\"font-family:\"><a href=\"https:\/\/plasticosemrevista.com.br\/pesadelo-logistico-nos-eua\/\" style=\"color:blue; text-decoration:underline\"><span style=\"font-size:14.0pt\">Pandem&ocirc;nio log&iacute;stico nos EUA<\/span><\/a><\/span><\/span><\/span><\/p>\r\n\r\n<p style=\"text-align:justify\"><span style=\"font-size:11pt\"><span style=\"line-height:normal\"><span calibri=\"\" style=\"font-family:\"><a href=\"https:\/\/ibre.fgv.br\/blog-da-conjuntura-economica\/artigos\/desaceleracao-economica-nao-deve-reduzir-papel-da-china-para-o\" style=\"color:blue; text-decoration:underline\"><span style=\"font-size:14.0pt\">Desacelera&ccedil;&atilde;o econ&ocirc;mica n&atilde;o deve reduzir papel da China para o super&aacute;vit comercial brasileiro em 2022<\/span><\/a><\/span><\/span><\/span><\/p>\r\n\r\n<p style=\"text-align:justify\"><span style=\"font-size:11pt\"><span style=\"line-height:normal\"><span calibri=\"\" style=\"font-family:\"><a href=\"https:\/\/www.gov.br\/pt-br\/noticias\/financas-impostos-e-gestao-publica\/2022\/05\/balanca-comercial-tem-superavit-acumulado-de-us-23-30-bilhoes-em-2022\" style=\"color:blue; text-decoration:underline\"><span style=\"font-size:14.0pt\">Balan&ccedil;a comercial tem super&aacute;vit acumulado de US$23,30 BI em 2022<\/span><\/a><\/span><\/span><\/span><\/p>\r\n\r\n<p class=\"MsoTitle\" style=\"text-align:justify\"><span style=\"font-size:28pt\"><span cambria=\"\" style=\"font-family:\"><span style=\"letter-spacing:-0.5pt\"><b><span style=\"font-size:18.0pt\"><span calibri=\"\" style=\"font-family:\"><span style=\"font-variant:small-caps\">Economia<\/span><\/span><\/span><\/b><\/span><\/span><\/span><\/p>\r\n\r\n<p style=\"text-align:justify\"><span style=\"font-size:11pt\"><span style=\"line-height:normal\"><span calibri=\"\" style=\"font-family:\"><a href=\"https:\/\/portalibre.fgv.br\/noticias\/clima-economico-da-america-latina-piora-com-expectativas-mais-pessimistas-em-relacao-aos\" style=\"color:blue; text-decoration:underline\"><span style=\"font-size:14.0pt\">Clima Econ&ocirc;mico da Am&eacute;rica Latina piora com expectativas mais pessimistas em rela&ccedil;&atilde;o aos pr&oacute;ximos meses<\/span><\/a><\/span><\/span><\/span><\/p>\r\n\r\n<p style=\"text-align:justify\"><span style=\"font-size:11pt\"><span style=\"line-height:normal\"><span calibri=\"\" style=\"font-family:\"><a href=\"https:\/\/portalibre.fgv.br\/noticias\/confianca-da-industria-sobe-pelo-segundo-mes-seguido\" style=\"color:blue; text-decoration:underline\"><span style=\"font-size:14.0pt\">Confian&ccedil;a da ind&uacute;stria sobe pelo segundo m&ecirc;s seguido<\/span><\/a><\/span><\/span><\/span><\/p>\r\n\r\n<p style=\"text-align:justify\"><span style=\"font-size:11pt\"><span style=\"line-height:normal\"><span calibri=\"\" style=\"font-family:\"><a href=\"https:\/\/portalibre.fgv.br\/noticias\/confianca-da-construcao-cai-14-ponto-em-maio\" style=\"color:blue; text-decoration:underline\"><span style=\"font-size:14.0pt\">Confian&ccedil;a da constru&ccedil;&atilde;o cai 1,4 ponto em maio<\/span><\/a><\/span><\/span><\/span><\/p>\r\n\r\n<p style=\"text-align:justify\"><span style=\"font-size:11pt\"><span style=\"line-height:normal\"><span calibri=\"\" style=\"font-family:\"><a href=\"https:\/\/portalibre.fgv.br\/noticias\/indice-nacional-de-custo-da-construcao-sobe-149-em-maio\" style=\"color:blue; text-decoration:underline\"><span style=\"font-size:14.0pt\">&Iacute;ndice Nacional de Custo da Constru&ccedil;&atilde;o sobe 1,49% em maio<\/span><\/a><\/span><\/span><\/span><\/p>\r\n\r\n<p style=\"text-align:justify\"><span style=\"font-size:11pt\"><span style=\"line-height:normal\"><span calibri=\"\" style=\"font-family:\"><a href=\"https:\/\/www.euromonitor.com\/article\/infographic-inflation-surge-implications-for-business?mkt_tok=ODA1LUtPSy03MTkAAAGEn1qNr0iUEXkHMPYp6W_FUwDKQQgytbHNke7ernnpbsXqXOzETwCGCsCwLfaYjpgMw14z7_aBsCN8nbRNAnWEabeaxSITtbiclcHlsoJHce9yOYBuUQ\" style=\"color:blue; text-decoration:underline\"><span style=\"font-size:14.0pt\">Global Inflation Surge: Causes and Implications for Businesses<\/span><\/a><\/span><\/span><\/span><\/p>\r\n\r\n<p style=\"text-align:justify\"><span style=\"font-size:11pt\"><span style=\"line-height:normal\"><span calibri=\"\" style=\"font-family:\"><a href=\"https:\/\/sfcb.com.br\/noticias\/carf-afasta-a-tributacao-nacional-de-lucros-auferidos-por-controlada-localizada-em-pais-com-tratado-de-bitributacao-com-o-brasil\/\" style=\"color:blue; text-decoration:underline\"><span style=\"font-size:14.0pt\">CARF afasta a tributa&ccedil;&atilde;o nacional de lucros auferidos por controlada localizada em pa&iacute;s com tratado de bitributa&ccedil;&atilde;o com o Brasil<\/span><\/a><\/span><\/span><\/span><\/p>\r\n","6":"<p style=\"text-align:justify\"><span style=\"font-size:11pt\"><span style=\"line-height:normal\"><span calibri=\"\" style=\"font-family:\"><span style=\"font-size:14.0pt\">Esta &eacute; uma compila&ccedil;&atilde;o das not&iacute;cias mais relevantes para o setor, incluindo informa&ccedil;&otilde;es sobre acordos internacionais, economia brasileira, sustentabilidade e mat&eacute;rias primas, al&eacute;m de novidades do setor de N&atilde;otecidos e Tecidos T&eacute;cnicos.<\/span><\/span><\/span><\/span><\/p>\r\n\r\n<p class=\"MsoTitle\" style=\"text-align:justify\"><span style=\"font-size:28pt\"><span cambria=\"\" style=\"font-family:\"><span style=\"letter-spacing:-0.5pt\"><b><span style=\"font-size:18.0pt\"><span calibri=\"\" style=\"font-family:\"><span style=\"font-variant:small-caps\">A&ccedil;&otilde;es da ABINT<\/span><\/span><\/span><\/b><\/span><\/span><\/span><\/p>\r\n\r\n<p style=\"text-align:justify\"><span style=\"font-size:11pt\"><span style=\"line-height:normal\"><span calibri=\"\" style=\"font-family:\"><span class=\"MsoHyperlink\" style=\"color:blue\"><span style=\"text-decoration:underline\"><b><span style=\"font-size:14.0pt\"><span style=\"text-decoration:none\"><span style=\"text-underline:none\">Entrevista sobre os N&atilde;otecidos no Agroneg&oacute;cio no canal AgroMais, da TV Band, <\/span><\/span><\/span><\/b><\/span><\/span><span class=\"MsoHyperlink\" style=\"color:blue\"><span style=\"text-decoration:underline\"><span style=\"font-size:14.0pt\"><span style=\"text-decoration:none\"><span style=\"text-underline:none\">exibida em data 24 de maio. <\/span><\/span><\/span><\/span><\/span><a href=\"https:\/\/agromais.band.uol.com.br\/ao-vivo\" style=\"color:blue; text-decoration:underline\"><span style=\"font-size:14.0pt\">Clique para<\/span><\/a><span class=\"MsoHyperlink\" style=\"color:blue\"><span style=\"text-decoration:underline\"><span style=\"font-size:14.0pt\"> assistir<\/span><\/span><\/span><span class=\"MsoHyperlink\" style=\"color:blue\"><span style=\"text-decoration:underline\"><span style=\"font-size:14.0pt\"><span style=\"text-decoration:none\"><span style=\"text-underline:none\">.<\/span><\/span><\/span><\/span><\/span><\/span><\/span><\/span><\/p>\r\n\r\n<p style=\"text-align:justify\">&nbsp;<\/p>\r\n\r\n<p style=\"text-align:justify\"><span style=\"font-size:11pt\"><span style=\"line-height:normal\"><span calibri=\"\" style=\"font-family:\"><b><span style=\"font-size:14.0pt\">A ABINT realizar&aacute; o Nonwovens Day 2022<\/span><\/b><\/span><\/span><\/span><\/p>\r\n\r\n<p style=\"text-align:justify\"><span style=\"font-size:11pt\"><span style=\"line-height:normal\"><span calibri=\"\" style=\"font-family:\"><span style=\"font-size:14.0pt\"><span style=\"background:white\"><span style=\"color:#444444\">O evento, online e gratuito, ocorrer&aacute; nos dias <b>08 e 09 de junho de 2022 <\/b>e reunir&aacute; a cadeia produtiva dos N&atilde;otecidos, de fornecedores a usu&aacute;rios, para debaterem as quest&otilde;es relacionadas &agrave; Sustentabilidade do setor. <\/span><\/span><\/span><a href=\"https:\/\/nonwovensdaycom.wordpress.com\/\" style=\"color:blue; text-decoration:underline\"><span style=\"font-size:14.0pt\"><span style=\"background:white\">Clique aqui e INSCREVA SE<\/span><\/span><\/a><span style=\"font-size:14.0pt\"><span style=\"background:white\"><span style=\"color:#444444\">.<\/span><\/span><\/span><\/span><\/span><\/span><\/p>\r\n\r\n<p style=\"text-align:justify\"><span style=\"font-size:11pt\"><span style=\"line-height:normal\"><span calibri=\"\" style=\"font-family:\"><span style=\"font-size:14.0pt\"><span style=\"background:white\"><span style=\"color:#444444\"><img height=\"535\" src=\"https:\/\/www.abint.org.br\/assets\/img\/editor\/nonwovens-day-12_202206061852587bXecbB59e.png\" width=\"535\" \/><\/span><\/span><\/span><\/span><\/span><\/span><\/p>\r\n\r\n<p style=\"text-align:justify\"><span style=\"font-size:11pt\"><span style=\"line-height:normal\"><span calibri=\"\" style=\"font-family:\"><b><span style=\"font-size:18.0pt\"><span style=\"font-variant:small-caps\">Eventos<\/span><\/span><\/b><\/span><\/span><\/span><\/p>\r\n\r\n<p style=\"text-align:justify\"><span style=\"font-size:11pt\"><span style=\"line-height:normal\"><span calibri=\"\" style=\"font-family:\"><span class=\"MsoHyperlink\" style=\"color:blue\"><span style=\"text-decoration:underline\"><span style=\"font-size:14.0pt\"><span style=\"text-decoration:none\"><span style=\"text-underline:none\">A Subsecretaria de Opera&ccedil;&otilde;es de Com&eacute;rcio Exterior (SUEXT), da Secretaria de Com&eacute;rcio Exterior (SECEX) do Minist&eacute;rio da Economia, realizar&aacute;<b> III Webinar de Opera&ccedil;&otilde;es de Com&eacute;rcio Exterior<\/b>, data 31 de maio de 2022. Informa&ccedil;&otilde;es: <\/span><\/span><\/span><\/span><\/span><a href=\"https:\/\/docs.google.com\/forms\/d\/1EF0iyG4vIdxUErd2W0wWCGy81sTOh_g11drJ38BgH58\/viewform?edit_requested=true\" style=\"color:blue; text-decoration:underline\"><span style=\"font-size:14.0pt\">clique aqui<\/span><\/a><\/span><\/span><\/span><\/p>\r\n\r\n<p style=\"text-align:justify\"><span style=\"font-size:11pt\"><span style=\"line-height:normal\"><span calibri=\"\" style=\"font-family:\"><span class=\"MsoHyperlink\" style=\"color:blue\"><span style=\"text-decoration:underline\"><b><span style=\"font-size:14.0pt\"><span style=\"text-decoration:none\"><span style=\"text-underline:none\">Semin&aacute;rio Fiesp - Ades&atilde;o do Brasil &agrave; OCDE e os Pre&ccedil;os de Transfer&ecirc;ncia<\/span><\/span><\/span><\/b><\/span><\/span><span class=\"MsoHyperlink\" style=\"color:blue\"><span style=\"text-decoration:underline\"><span style=\"font-size:14.0pt\"><span style=\"text-decoration:none\"><span style=\"text-underline:none\">, data 6 de junho de 2022. Informa&ccedil;&otilde;es: <\/span><\/span><\/span><\/span><\/span><a href=\"https:\/\/www.fiesp.com.br\/agenda\/seminario-adesao-do-brasil-a-ocde-e-os-precos-de-transferencia\/\" style=\"color:blue; text-decoration:underline\"><span style=\"font-size:14.0pt\">clique aqui<\/span><\/a><span class=\"MsoHyperlink\" style=\"color:blue\"><span style=\"text-decoration:underline\"><span style=\"font-size:14.0pt\"><span style=\"text-decoration:none\"><span style=\"text-underline:none\">.<\/span><\/span><\/span><\/span><\/span><\/span><\/span><\/span><\/p>\r\n\r\n<p style=\"text-align:justify\"><span style=\"font-size:11pt\"><span style=\"line-height:normal\"><span calibri=\"\" style=\"font-family:\"><span class=\"MsoHyperlink\" style=\"color:blue\"><span style=\"text-decoration:underline\"><b><span style=\"font-size:14.0pt\"><span style=\"text-decoration:none\"><span style=\"text-underline:none\">Abit e SENAI|CETIQT: Vis&atilde;o do futuro T&ecirc;xtil 2030<\/span><\/span><\/span><\/b><\/span><\/span><span class=\"MsoHyperlink\" style=\"color:blue\"><span style=\"text-decoration:underline\"><span style=\"font-size:14.0pt\"><span style=\"text-decoration:none\"><span style=\"text-underline:none\">, encontro presencial, data 23 de junho de 2022. Informa&ccedil;&otilde;es: <\/span><\/span><\/span><\/span><\/span><a href=\"https:\/\/app.rdstation.email\/mail\/837609f2-3c74-4754-8c54-f4c22eecead3?utm_campaign=convite_textil_2030_-_09052022&amp;utm_medium=email&amp;utm_source=RD+Station\" style=\"color:blue; text-decoration:underline\"><span style=\"font-size:14.0pt\">clique aqui<\/span><\/a><span class=\"MsoHyperlink\" style=\"color:blue\"><span style=\"text-decoration:underline\"><span style=\"font-size:14.0pt\"><span style=\"text-decoration:none\"><span style=\"text-underline:none\">.<\/span><\/span><\/span><\/span><\/span><\/span><\/span><\/span><\/p>\r\n\r\n<p style=\"text-align:justify\"><span style=\"font-size:11pt\"><span style=\"line-height:normal\"><span calibri=\"\" style=\"font-family:\"><span class=\"MsoHyperlink\" style=\"color:blue\"><span style=\"text-decoration:underline\"><b><span style=\"font-size:14.0pt\"><span style=\"text-decoration:none\"><span style=\"text-underline:none\">The Global Digital Textile Conference<\/span><\/span><\/span><\/b><\/span><\/span><span class=\"MsoHyperlink\" style=\"color:blue\"><span style=\"text-decoration:underline\"><span style=\"font-size:14.0pt\"><span style=\"text-decoration:none\"><span style=\"text-underline:none\">, data 05 e 06 de outubro de 2022. Informa&ccedil;&otilde;es: <\/span><\/span><\/span><\/span><\/span><a href=\"http:\/\/www.events.wtin.com\/GDTC\" style=\"color:blue; text-decoration:underline\"><span style=\"font-size:14.0pt\">www.events.wtin.com\/GDTC<\/span><\/a> <\/span><\/span><\/span><\/p>\r\n\r\n<p class=\"MsoTitle\" style=\"text-align:justify\"><span style=\"font-size:28pt\"><span cambria=\"\" style=\"font-family:\"><span style=\"letter-spacing:-0.5pt\"><b><span style=\"font-size:18.0pt\"><span calibri=\"\" style=\"font-family:\"><span style=\"font-variant:small-caps\">Setor<\/span><\/span><\/span><\/b><\/span><\/span><\/span><\/p>\r\n\r\n<p style=\"text-align:justify\"><span style=\"font-size:11pt\"><span style=\"line-height:normal\"><span calibri=\"\" style=\"font-family:\"><a href=\"https:\/\/rpnews.com.br\/noticia\/27036\/conheca-os-palestrantes-do-nonwovens-day-2022\" style=\"color:blue; text-decoration:underline\"><span style=\"font-size:14.0pt\">Conhe&ccedil;a os palestrantes do Nonwovens Day 2022<\/span><\/a><\/span><\/span><\/span><\/p>\r\n\r\n<p style=\"text-align:justify\"><span style=\"font-size:11pt\"><span style=\"line-height:normal\"><span calibri=\"\" style=\"font-family:\"><a href=\"https:\/\/www.youtube.com\/watch?v=BkRZ77q0mWA\" style=\"color:blue; text-decoration:underline\"><span style=\"font-size:14.0pt\">A&ccedil;&atilde;o Sustent&aacute;vel, do canal Agro+ da Band, tem a participa&ccedil;&atilde;o de Laerte Gui&atilde;o Maroni, falando de N&atilde;otecidos no Agroneg&oacute;cio<\/span><\/a><\/span><\/span><\/span><\/p>\r\n\r\n<p style=\"text-align:justify\"><span style=\"font-size:11pt\"><span style=\"line-height:normal\"><span calibri=\"\" style=\"font-family:\"><a href=\"https:\/\/www.technicaltextile.net\/news\/inda-nonwovens-report-provides-overall-view-of-north-american-supply-280885.html\" style=\"color:blue; text-decoration:underline\"><span style=\"font-size:14.0pt\">INDA nonwovens report provides overall view of North American supply<\/span><\/a><\/span><\/span><\/span><\/p>\r\n\r\n<p style=\"text-align:justify\"><span style=\"font-size:11pt\"><span style=\"line-height:normal\"><span calibri=\"\" style=\"font-family:\"><a href=\"https:\/\/diariobahia.com.br\/cvr-costa-do-cacau-fortalece-destinacao-correta-de-residuos-e-incentiva-coleta-seletiva\/\" style=\"color:blue; text-decoration:underline\"><span style=\"font-size:14.0pt\">Geomembranas: CVR Costa do Cacau fortalece destina&ccedil;&atilde;o correta de res&iacute;duos e incentiva coleta seletiva<\/span><\/a><\/span><\/span><\/span><\/p>\r\n\r\n<p style=\"text-align:justify\"><span style=\"font-size:11pt\"><span style=\"line-height:normal\"><span calibri=\"\" style=\"font-family:\"><a href=\"https:\/\/folharegionalwebtv.com\/geral\/apos_8_anos_justica_determina_recuperacao_na_lagoa_de_oleo_em_capivari_de_baixo.30019\" style=\"color:blue; text-decoration:underline\"><span style=\"font-size:14.0pt\">Geomembranas: Ap&oacute;s 8 anos, Justi&ccedil;a determina recupera&ccedil;&atilde;o da lagoa de &oacute;leo em Capivari de Baixo<\/span><\/a><\/span><\/span><\/span><\/p>\r\n\r\n<p style=\"text-align:justify\"><span style=\"font-size:11pt\"><span style=\"line-height:normal\"><span calibri=\"\" style=\"font-family:\"><a href=\"https:\/\/www.segs.com.br\/veiculos\/346890-industria-de-autopecas-deve-ter-resultados-positivos-em-2022\" style=\"color:blue; text-decoration:underline\"><span style=\"font-size:14.0pt\">N&atilde;otecidos e filtra&ccedil;&atilde;o: Ind&uacute;stria de autope&ccedil;as deve ter resultados positivos em 2022<\/span><\/a><\/span><\/span><\/span><\/p>\r\n\r\n<p style=\"text-align:justify\"><span style=\"font-size:11pt\"><span style=\"line-height:normal\"><span calibri=\"\" style=\"font-family:\"><a href=\"https:\/\/segurancadopaciente.com.br\/seguranca-e-gestao\/tres-problemas-e-tres-desafios-para-a-seguranca-do-paciente\/?utm_campaign=newsletter_semanal_-_24052022&amp;utm_medium=email&amp;utm_source=RD+Station\" style=\"color:blue; text-decoration:underline\"><span style=\"font-size:14.0pt\">Tr&ecirc;s problemas e tr&ecirc;s desafios para a seguran&ccedil;a do paciente<\/span><\/a><\/span><\/span><\/span><\/p>\r\n\r\n<p style=\"text-align:justify\"><span style=\"font-size:11pt\"><span style=\"line-height:normal\"><span calibri=\"\" style=\"font-family:\"><a href=\"https:\/\/www.portugaltextil.com\/produtores-texteis-mostram-se-menos-otimistas\/?utm_term=Portugal+Textil+a%3F%3F%3F%3F+24.05.2022&amp;utm_campaign=Portugal+Textil+\" style=\"color:blue; text-decoration:underline\"><span style=\"font-size:14.0pt\">Produtores t&ecirc;xteis mostram-se menos otimistas<\/span><\/a><\/span><\/span><\/span><\/p>\r\n\r\n<p style=\"text-align:justify\"><span style=\"font-size:11pt\"><span style=\"line-height:normal\"><span calibri=\"\" style=\"font-family:\"><a href=\"https:\/\/www.jornaldocomercio.com\/_conteudo\/especiais\/dia_da_industria\/2022\/05\/848099-braskem-avanca-no-cronograma-das-paradas-para-manutencao.html\" style=\"color:blue; text-decoration:underline\"><span style=\"font-size:14.0pt\">Braskem avan&ccedil;a no cronograma das paradas para manuten&ccedil;&atilde;o<\/span><\/a><\/span><\/span><\/span><\/p>\r\n\r\n<p style=\"text-align:justify\"><span style=\"font-size:11pt\"><span style=\"line-height:normal\"><span calibri=\"\" style=\"font-family:\"><a href=\"https:\/\/www.technicaltextile.net\/news\/andritz-to-present-nonwovens-solutions-at-techtextil-in-germany-280866.html\" style=\"color:blue; text-decoration:underline\"><span style=\"font-size:14.0pt\">Andritz to present nonwovens solutions at Techtextil in Germany<\/span><\/a><\/span><\/span><\/span><\/p>\r\n\r\n<p class=\"MsoTitle\" style=\"text-align:justify\"><span style=\"font-size:28pt\"><span cambria=\"\" style=\"font-family:\"><span style=\"letter-spacing:-0.5pt\"><b><span style=\"font-size:18.0pt\"><span calibri=\"\" style=\"font-family:\"><span style=\"font-variant:small-caps\">Ind&uacute;stria<\/span><\/span><\/span><\/b><\/span><\/span><\/span><\/p>\r\n\r\n<p style=\"text-align:justify\"><span style=\"font-size:11pt\"><span style=\"line-height:normal\"><span calibri=\"\" style=\"font-family:\"><a href=\"https:\/\/tissueonline.com.br\/setor-de-personal-care-traz-inovacoes-para-a-apas-show-2022\/?utm_campaign=newsletter_27052022_novo_modelo&amp;utm_medium=email&amp;utm_source=RD+Station\" style=\"color:blue; text-decoration:underline\"><span style=\"font-size:14.0pt\">Setor de personal care leva inova&ccedil;&otilde;es para a APAS Show 2022<\/span><\/a><\/span><\/span><\/span><\/p>\r\n\r\n<p style=\"text-align:justify\"><span style=\"font-size:11pt\"><span style=\"line-height:normal\"><span calibri=\"\" style=\"font-family:\"><a href=\"https:\/\/www.em.com.br\/app\/noticia\/economia\/2022\/05\/26\/internas_economia,1369338\/exportacoes-de-calcados-aumentam-122-no-polo-calcadista-de-nova-serrana.shtml\" style=\"color:blue; text-decoration:underline\"><span style=\"font-size:14.0pt\">Exporta&ccedil;&otilde;es de cal&ccedil;ados aumentam 122% no polo cal&ccedil;adista de Nova Serrana<\/span><\/a><\/span><\/span><\/span><\/p>\r\n\r\n<p style=\"text-align:justify\"><span style=\"font-size:11pt\"><span style=\"line-height:normal\"><span calibri=\"\" style=\"font-family:\"><a href=\"https:\/\/www.comexdobrasil.com\/setor-calcadista-brasileiro-tera-participacao-recorde-na-historia-da-mostra-italiana-expo-riva-schuh\/\" style=\"color:blue; text-decoration:underline\"><span style=\"font-size:14.0pt\">Setor cal&ccedil;adista brasileiro ter&aacute; participa&ccedil;&atilde;o recorde na mostra italiana Expo Riva Schuh<\/span><\/a><\/span><\/span><\/span><\/p>\r\n\r\n<p style=\"text-align:justify\"><span style=\"font-size:11pt\"><span style=\"line-height:normal\"><span calibri=\"\" style=\"font-family:\"><a href=\"https:\/\/gauchazh.clicrbs.com.br\/pioneiro\/economia\/noticia\/2022\/05\/industria-de-couro-e-calcados-retoma-o-crescimento-com-o-salao-internacional-em-gramado-cl3m206ar009h0167wm9c4265.html\" style=\"color:blue; text-decoration:underline\"><span style=\"font-size:14.0pt\">Ind&uacute;stria de couro e cal&ccedil;ados retoma o crescimento com o Sal&atilde;o Internacional, em Gramado<\/span><\/a><\/span><\/span><\/span><\/p>\r\n\r\n<p style=\"text-align:justify\"><span style=\"font-size:11pt\"><span style=\"line-height:normal\"><span calibri=\"\" style=\"font-family:\"><a href=\"https:\/\/ccbc.org.br\/publicacoes\/noticias-ccbc\/o-novo-momento-da-economia-mundial\/?utm_campaign=ccbc_news_edicao_404_maio22&amp;utm_medium=email&amp;utm_source=RD+Station\" style=\"color:blue; text-decoration:underline\"><span style=\"font-size:14.0pt\">Empresas buscam se adaptar &agrave; tend&ecirc;ncia de &ldquo;desglobaliza&ccedil;&atilde;o&rdquo; das cadeias produtivas <\/span><\/a><\/span><\/span><\/span><\/p>\r\n\r\n<p style=\"text-align:justify\"><span style=\"font-size:11pt\"><span style=\"line-height:normal\"><span calibri=\"\" style=\"font-family:\"><a href=\"https:\/\/www.fibre2fashion.com\/news\/textile-news\/new-manufacturing-orders-fall-for-1st-time-in-eurozone-since-june-2020-280945-newsdetails.htm\" style=\"color:blue; text-decoration:underline\"><span style=\"font-size:14.0pt\">New manufacturing orders fall for 1st time in eurozone since June 2020<\/span><\/a><\/span><\/span><\/span><\/p>\r\n\r\n<p style=\"text-align:justify\"><span style=\"font-size:11pt\"><span style=\"line-height:normal\"><span calibri=\"\" style=\"font-family:\"><a href=\"https:\/\/grandesconstrucoes.com.br\/Noticias\/Exibir\/construcao-sofre-efeitos-de-novas-restricoes-na-china?utm_source=akna&amp;utm_medium=email&amp;utm_campaign=Grandes-Construcoes-Informativo-813-26-05-2022&amp;utm_source=akna&amp;utm_medium=email&amp;utm_campaign=Grandes-Construcoes-Informativo-813-26-05-2022\" style=\"color:blue; text-decoration:underline\"><span style=\"font-size:14.0pt\">Constru&ccedil;&atilde;o sofre efeitos de novas restri&ccedil;&otilde;es na China<\/span><\/a><\/span><\/span><\/span><\/p>\r\n\r\n<p style=\"text-align:justify\"><span style=\"font-size:11pt\"><span style=\"line-height:normal\"><span calibri=\"\" style=\"font-family:\"><a href=\"https:\/\/almaco.org.br\/2022\/05\/27\/mineracao-tem-cenario-favoravel-de-negocios-diz-estudo\/\" style=\"color:blue; text-decoration:underline\"><span style=\"font-size:14.0pt\">Minera&ccedil;&atilde;o tem cen&aacute;rio favor&aacute;vel de neg&oacute;cios, diz estudo<\/span><\/a><\/span><\/span><\/span><\/p>\r\n\r\n<p style=\"text-align:justify\"><span style=\"font-size:11pt\"><span style=\"line-height:normal\"><span calibri=\"\" style=\"font-family:\"><a href=\"https:\/\/grandesconstrucoes.com.br\/Noticias\/Exibir\/ministerio-da-infraestrutura-anuncia-investimentos-em-ferrovias?utm_source=akna&amp;utm_medium=email&amp;utm_campaign=Grandes-Construcoes-Informativo-813-26-05-2022&amp;utm_source=akna&amp;utm_medium=email&amp;utm_campaign=Grandes-Construcoes-Informativo-813-26-05-2022\" style=\"color:blue; text-decoration:underline\"><span style=\"font-size:14.0pt\">Minist&eacute;rio da Infraestrutura anuncia investimentos em ferrovias<\/span><\/a><\/span><\/span><\/span><\/p>\r\n\r\n<p class=\"MsoTitle\" style=\"text-align:justify\"><span style=\"font-size:28pt\"><span cambria=\"\" style=\"font-family:\"><span style=\"letter-spacing:-0.5pt\"><b><span style=\"font-size:18.0pt\"><span calibri=\"\" style=\"font-family:\"><span style=\"font-variant:small-caps\">Sustentabilidade<\/span><\/span><\/span><\/b><\/span><\/span><\/span><\/p>\r\n\r\n<p style=\"text-align:justify\"><span style=\"font-size:11pt\"><span style=\"line-height:normal\"><span calibri=\"\" style=\"font-family:\"><a href=\"http:\/\/textileindustry.ning.com\/forum\/topics\/um-mundo-em-r-pida-mudan-a\" style=\"color:blue; text-decoration:underline\"><span style=\"font-size:14.0pt\">Um mundo em r&aacute;pida mudan&ccedil;a<\/span><\/a><\/span><\/span><\/span><\/p>\r\n\r\n<p style=\"text-align:justify\"><span style=\"font-size:11pt\"><span style=\"line-height:normal\"><span calibri=\"\" style=\"font-family:\"><a href=\"https:\/\/www.textiletechnology.net\/technology\/interview\/interview-with-amrei-becker-and-lukasz-debicki-ita-textile-recycling-and-processes-for-the-future-32208?utm_source=%2Fmeta%2Fnewsletter%2Fnewsletter&amp;utm_medium=newsletter&amp;utm_campaign=nl873&amp;utm_term=0801b20e08c3242125d512808cd74302\" style=\"color:blue; text-decoration:underline\"><span style=\"font-size:14.0pt\">Textile recycling and processes for the future<\/span><\/a><\/span><\/span><\/span><\/p>\r\n\r\n<p style=\"text-align:justify\"><span style=\"font-size:11pt\"><span style=\"line-height:normal\"><span calibri=\"\" style=\"font-family:\"><a href=\"https:\/\/clickpetroleoegas.com.br\/conheca-o-navio-projetado-para-coletar-plastico-do-oceano-e-converte-lo-em-hidrogenio-limpo\/\" style=\"color:blue; text-decoration:underline\"><span style=\"font-size:14.0pt\">Conhe&ccedil;a o navio projetado para coletar pl&aacute;stico do oceano e convert&ecirc;-lo em hidrog&ecirc;nio limpo<\/span><\/a><\/span><\/span><\/span><\/p>\r\n\r\n<p style=\"text-align:justify\"><span style=\"font-size:11pt\"><span style=\"line-height:normal\"><span calibri=\"\" style=\"font-family:\"><a href=\"https:\/\/noticias.portaldaindustria.com.br\/noticias\/sustentabilidade\/parceria-estimula-praticas-sustentaveis-na-construcao-civil-da-regiao-amazonica\/\" style=\"color:blue; text-decoration:underline\"><span style=\"font-size:14.0pt\">Parceria estimula pr&aacute;ticas sustent&aacute;veis na constru&ccedil;&atilde;o civil da regi&atilde;o amaz&ocirc;nica<\/span><\/a><\/span><\/span><\/span><\/p>\r\n\r\n<p style=\"text-align:justify\"><span style=\"font-size:11pt\"><span style=\"line-height:normal\"><span calibri=\"\" style=\"font-family:\"><a href=\"https:\/\/ibre.fgv.br\/blog-da-conjuntura-economica\/artigos\/inovacoes-no-setor-de-energias-renovaveis-tendem-reduzir-papel\" style=\"color:blue; text-decoration:underline\"><span style=\"font-size:14.0pt\">Inova&ccedil;&otilde;es no setor de energias renov&aacute;veis tendem a reduzir papel do g&aacute;s natural na transi&ccedil;&atilde;o energ&eacute;tica, aponta relat&oacute;rio<\/span><\/a><\/span><\/span><\/span><\/p>\r\n\r\n<p style=\"text-align:justify\"><span style=\"font-size:11pt\"><span style=\"line-height:normal\"><span calibri=\"\" style=\"font-family:\"><a href=\"https:\/\/www.pensamentoverde.com.br\/im-green\/braskem-e-valoren-inauguram-primeira-planta-de-reciclagem-mecanica\/\" style=\"color:blue; text-decoration:underline\"><span style=\"font-size:14.0pt\">Braskem e Valoren inauguram primeira planta de reciclagem mec&acirc;nica<\/span><\/a><\/span><\/span><\/span><\/p>\r\n\r\n<p class=\"MsoTitle\" style=\"text-align:justify\"><span style=\"font-size:28pt\"><span cambria=\"\" style=\"font-family:\"><span style=\"letter-spacing:-0.5pt\"><b><span style=\"font-size:18.0pt\"><span calibri=\"\" style=\"font-family:\"><span style=\"font-variant:small-caps\">Inova&ccedil;&atilde;o<\/span><\/span><\/span><\/b><\/span><\/span><\/span><\/p>\r\n\r\n<p style=\"text-align:justify\"><span style=\"font-size:11pt\"><span style=\"line-height:normal\"><span calibri=\"\" style=\"font-family:\"><a href=\"https:\/\/www.cnnbrasil.com.br\/business\/inspirada-em-teias-de-aranha-startup-japonesa-inventa-tecidos-mais-sustentaveis\/\" style=\"color:blue; text-decoration:underline\"><span style=\"font-size:14.0pt\">Inspirada em teias de aranha, startup japonesa inventa tecidos mais sustent&aacute;veis<\/span><\/a><\/span><\/span><\/span><\/p>\r\n\r\n<p class=\"MsoTitle\" style=\"text-align:justify\"><span style=\"font-size:28pt\"><span cambria=\"\" style=\"font-family:\"><span style=\"letter-spacing:-0.5pt\"><b><span style=\"font-size:18.0pt\"><span calibri=\"\" style=\"font-family:\"><span style=\"font-variant:small-caps\">Com&eacute;rcio Exterior<\/span><\/span><\/span><\/b><\/span><\/span><\/span><\/p>\r\n\r\n<p style=\"text-align:justify\"><span style=\"font-size:11pt\"><span style=\"line-height:normal\"><span calibri=\"\" style=\"font-family:\"><a href=\"https:\/\/pages.eiu.com\/rs\/753-RIQ-438\/images\/operational-risk-review-22.pdf?mkt_tok=NzUzLVJJUS00MzgAAAGEpIDAeaXRRrXRigt487CpwKpTKzt1m5K5P3_2ZXVJ2rbBeV8_HHLKcUN9whXzEe2YhCVnL9px8IrWyn7-dQp44o0otF3idLjsUp8f3FBarp4\" style=\"color:blue; text-decoration:underline\"><span style=\"font-size:14.0pt\">The Economist Intelligence Unit - <b>Global operational risk review<\/b><\/span><\/a><\/span><\/span><\/span><\/p>\r\n\r\n<p style=\"text-align:justify\"><span style=\"font-size:11pt\"><span style=\"line-height:normal\"><span calibri=\"\" style=\"font-family:\"><a href=\"http:\/\/emkt.fiesp.ind.br\/emkt\/tracer\/?1,7209033,460d08b8,c390\" style=\"color:blue; text-decoration:underline\"><span style=\"font-size:14.0pt\">Redu&ccedil;&atilde;o da Tarifa Externa Comum (TEC) do Mercosul<\/span><\/a><\/span><\/span><\/span><\/p>\r\n\r\n<p style=\"text-align:justify\"><span style=\"font-size:11pt\"><span style=\"line-height:normal\"><span calibri=\"\" style=\"font-family:\"><a href=\"https:\/\/www.portugaltextil.com\/paises-fornecedores-exigem-mais-protecao\/\" style=\"color:blue; text-decoration:underline\"><span style=\"font-size:14.0pt\">Pa&iacute;ses fornecedores exigem mais prote&ccedil;&atilde;o<\/span><\/a><\/span><\/span><\/span><\/p>\r\n\r\n<p style=\"text-align:justify\"><span style=\"font-size:11pt\"><span style=\"line-height:normal\"><span calibri=\"\" style=\"font-family:\"><a href=\"https:\/\/plasticosemrevista.com.br\/pesadelo-logistico-nos-eua\/\" style=\"color:blue; text-decoration:underline\"><span style=\"font-size:14.0pt\">Pandem&ocirc;nio log&iacute;stico nos EUA<\/span><\/a><\/span><\/span><\/span><\/p>\r\n\r\n<p style=\"text-align:justify\"><span style=\"font-size:11pt\"><span style=\"line-height:normal\"><span calibri=\"\" style=\"font-family:\"><a href=\"https:\/\/ibre.fgv.br\/blog-da-conjuntura-economica\/artigos\/desaceleracao-economica-nao-deve-reduzir-papel-da-china-para-o\" style=\"color:blue; text-decoration:underline\"><span style=\"font-size:14.0pt\">Desacelera&ccedil;&atilde;o econ&ocirc;mica n&atilde;o deve reduzir papel da China para o super&aacute;vit comercial brasileiro em 2022<\/span><\/a><\/span><\/span><\/span><\/p>\r\n\r\n<p style=\"text-align:justify\"><span style=\"font-size:11pt\"><span style=\"line-height:normal\"><span calibri=\"\" style=\"font-family:\"><a href=\"https:\/\/www.gov.br\/pt-br\/noticias\/financas-impostos-e-gestao-publica\/2022\/05\/balanca-comercial-tem-superavit-acumulado-de-us-23-30-bilhoes-em-2022\" style=\"color:blue; text-decoration:underline\"><span style=\"font-size:14.0pt\">Balan&ccedil;a comercial tem super&aacute;vit acumulado de US$23,30 BI em 2022<\/span><\/a><\/span><\/span><\/span><\/p>\r\n\r\n<p class=\"MsoTitle\" style=\"text-align:justify\"><span style=\"font-size:28pt\"><span cambria=\"\" style=\"font-family:\"><span style=\"letter-spacing:-0.5pt\"><b><span style=\"font-size:18.0pt\"><span calibri=\"\" style=\"font-family:\"><span style=\"font-variant:small-caps\">Economia<\/span><\/span><\/span><\/b><\/span><\/span><\/span><\/p>\r\n\r\n<p style=\"text-align:justify\"><span style=\"font-size:11pt\"><span style=\"line-height:normal\"><span calibri=\"\" style=\"font-family:\"><a href=\"https:\/\/portalibre.fgv.br\/noticias\/clima-economico-da-america-latina-piora-com-expectativas-mais-pessimistas-em-relacao-aos\" style=\"color:blue; text-decoration:underline\"><span style=\"font-size:14.0pt\">Clima Econ&ocirc;mico da Am&eacute;rica Latina piora com expectativas mais pessimistas em rela&ccedil;&atilde;o aos pr&oacute;ximos meses<\/span><\/a><\/span><\/span><\/span><\/p>\r\n\r\n<p style=\"text-align:justify\"><span style=\"font-size:11pt\"><span style=\"line-height:normal\"><span calibri=\"\" style=\"font-family:\"><a href=\"https:\/\/portalibre.fgv.br\/noticias\/confianca-da-industria-sobe-pelo-segundo-mes-seguido\" style=\"color:blue; text-decoration:underline\"><span style=\"font-size:14.0pt\">Confian&ccedil;a da ind&uacute;stria sobe pelo segundo m&ecirc;s seguido<\/span><\/a><\/span><\/span><\/span><\/p>\r\n\r\n<p style=\"text-align:justify\"><span style=\"font-size:11pt\"><span style=\"line-height:normal\"><span calibri=\"\" style=\"font-family:\"><a href=\"https:\/\/portalibre.fgv.br\/noticias\/confianca-da-construcao-cai-14-ponto-em-maio\" style=\"color:blue; text-decoration:underline\"><span style=\"font-size:14.0pt\">Confian&ccedil;a da constru&ccedil;&atilde;o cai 1,4 ponto em maio<\/span><\/a><\/span><\/span><\/span><\/p>\r\n\r\n<p style=\"text-align:justify\"><span style=\"font-size:11pt\"><span style=\"line-height:normal\"><span calibri=\"\" style=\"font-family:\"><a href=\"https:\/\/portalibre.fgv.br\/noticias\/indice-nacional-de-custo-da-construcao-sobe-149-em-maio\" style=\"color:blue; text-decoration:underline\"><span style=\"font-size:14.0pt\">&Iacute;ndice Nacional de Custo da Constru&ccedil;&atilde;o sobe 1,49% em maio<\/span><\/a><\/span><\/span><\/span><\/p>\r\n\r\n<p style=\"text-align:justify\"><span style=\"font-size:11pt\"><span style=\"line-height:normal\"><span calibri=\"\" style=\"font-family:\"><a href=\"https:\/\/www.euromonitor.com\/article\/infographic-inflation-surge-implications-for-business?mkt_tok=ODA1LUtPSy03MTkAAAGEn1qNr0iUEXkHMPYp6W_FUwDKQQgytbHNke7ernnpbsXqXOzETwCGCsCwLfaYjpgMw14z7_aBsCN8nbRNAnWEabeaxSITtbiclcHlsoJHce9yOYBuUQ\" style=\"color:blue; text-decoration:underline\"><span style=\"font-size:14.0pt\">Global Inflation Surge: Causes and Implications for Businesses<\/span><\/a><\/span><\/span><\/span><\/p>\r\n\r\n<p style=\"text-align:justify\"><span style=\"font-size:11pt\"><span style=\"line-height:normal\"><span calibri=\"\" style=\"font-family:\"><a href=\"https:\/\/sfcb.com.br\/noticias\/carf-afasta-a-tributacao-nacional-de-lucros-auferidos-por-controlada-localizada-em-pais-com-tratado-de-bitributacao-com-o-brasil\/\" style=\"color:blue; text-decoration:underline\"><span style=\"font-size:14.0pt\">CARF afasta a tributa&ccedil;&atilde;o nacional de lucros auferidos por controlada localizada em pa&iacute;s com tratado de bitributa&ccedil;&atilde;o com o Brasil<\/span><\/a><\/span><\/span><\/span><\/p>\r\n","texto_en":"","7":"","imagem":"COMP_banner-padrao-home-destaques-boletim_20220606185619JItVl3h3CB.jpg","8":"COMP_banner-padrao-home-destaques-boletim_20220606185619JItVl3h3CB.jpg","arquivo":"20220531-NOTICIAS-SEMANAIS.PDF","9":"20220531-NOTICIAS-SEMANAIS.PDF","titulo_arquivo":"","10":"","titulo_arquivo_en":"","11":"","created_at":"2022-06-06 18:56:28","12":"2022-06-06 18:56:28","updated_at":"2022-06-07 11:50:18","13":"2022-06-07 11:50:18"},{"id":18,"0":18,"ordem":205,"1":205,"data":"2022-05-24","2":"2022-05-24","slug":"boletim-de-noticias-semanais-15","3":"boletim-de-noticias-semanais-15","titulo":"Boletim de Not\u00edcias Semanais","4":"Boletim de Not\u00edcias Semanais","titulo_en":"","5":"","texto":"<p style=\"text-align:justify\"><span style=\"font-size:11pt\"><span style=\"line-height:normal\"><span style=\"font-family:&quot;Calibri&quot;,sans-serif\"><span style=\"font-size:14.0pt\">Esta &eacute; uma compila&ccedil;&atilde;o das not&iacute;cias mais relevantes para o setor, incluindo informa&ccedil;&otilde;es sobre acordos internacionais, economia brasileira, sustentabilidade e mat&eacute;rias primas, al&eacute;m de novidades do setor de N&atilde;otecidos e Tecidos T&eacute;cnicos.<\/span><\/span><\/span><\/span><\/p>\r\n\r\n<p class=\"MsoTitle\" style=\"text-align:justify\"><span style=\"font-size:28pt\"><span style=\"font-family:&quot;Cambria&quot;,serif\"><span style=\"letter-spacing:-0.5pt\"><b><span style=\"font-size:18.0pt\"><span style=\"font-family:&quot;Calibri&quot;,sans-serif\"><span style=\"font-variant:small-caps\">A&ccedil;&otilde;es da ABINT<\/span><\/span><\/span><\/b><\/span><\/span><\/span><\/p>\r\n\r\n<p style=\"text-align:justify\"><span style=\"font-size:11pt\"><span style=\"line-height:normal\"><span style=\"font-family:&quot;Calibri&quot;,sans-serif\"><span class=\"MsoHyperlink\" style=\"color:blue\"><span style=\"text-decoration:underline\"><b><span style=\"font-size:14.0pt\"><span style=\"text-decoration:none\"><span style=\"text-underline:none\">Entrevista sobre os N&atilde;otecidos no Agroneg&oacute;cio no canal Agro+, da TV Band: <\/span><\/span><\/span><\/b><\/span><\/span><span class=\"MsoHyperlink\" style=\"color:blue\"><span style=\"text-decoration:underline\"><span style=\"font-size:14.0pt\"><span style=\"text-decoration:none\"><span style=\"text-underline:none\">data 24 de maio, &agrave;s 18h30. <\/span><\/span><\/span><\/span><\/span><a href=\"https:\/\/agromais.band.uol.com.br\/ao-vivo\" style=\"color:blue; text-decoration:underline\"><span style=\"font-size:14.0pt\">Clique e assista ao vivo<\/span><\/a><span class=\"MsoHyperlink\" style=\"color:blue\"><span style=\"text-decoration:underline\"><span style=\"font-size:14.0pt\"><span style=\"text-decoration:none\"><span style=\"text-underline:none\">.<\/span><\/span><\/span><\/span><\/span><\/span><\/span><\/span><\/p>\r\n\r\n<p style=\"text-align:justify\">&nbsp;<\/p>\r\n\r\n<p style=\"text-align:justify\"><span style=\"font-size:11pt\"><span style=\"line-height:normal\"><span style=\"font-family:&quot;Calibri&quot;,sans-serif\"><b><span style=\"font-size:14.0pt\">A ABINT realizar&aacute; o Nonwovens Day 2022<\/span><\/b><\/span><\/span><\/span><\/p>\r\n\r\n<p style=\"text-align:justify\"><span style=\"font-size:11pt\"><span style=\"line-height:normal\"><span style=\"font-family:&quot;Calibri&quot;,sans-serif\"><span style=\"font-size:14.0pt\"><span style=\"background:white\"><span style=\"color:#444444\">O evento, online e gratuito, ocorrer&aacute; nos dias <b>08 e 09 de junho de 2022 <\/b>e reunir&aacute; a cadeia produtiva dos N&atilde;otecidos, de fornecedores a usu&aacute;rios, para debaterem as quest&otilde;es relacionadas &agrave; Sustentabilidade do setor. <\/span><\/span><\/span><a href=\"https:\/\/nonwovensdaycom.wordpress.com\/\" style=\"color:blue; text-decoration:underline\"><span style=\"font-size:14.0pt\"><span style=\"background:white\">Clique aqui e INSCREVA SE<\/span><\/span><\/a><span style=\"font-size:14.0pt\"><span style=\"background:white\"><span style=\"color:#444444\">.<\/span><\/span><\/span><\/span><\/span><\/span><\/p>\r\n\r\n<p style=\"text-align:justify\"><span style=\"font-size:11pt\"><span style=\"line-height:normal\"><span style=\"font-family:&quot;Calibri&quot;,sans-serif\"><span style=\"font-size:14.0pt\"><span style=\"background:white\"><span style=\"color:#444444\"><img height=\"475\" src=\"https:\/\/www.abint.org.br\/assets\/img\/editor\/nonwovens-day-12_20220526130255Wr5JCmyb0R.png\" width=\"475\" \/><\/span><\/span><\/span><\/span><\/span><\/span><\/p>\r\n\r\n<p style=\"text-align:justify\"><span style=\"font-size:11pt\"><span style=\"line-height:normal\"><span style=\"font-family:&quot;Calibri&quot;,sans-serif\"><b><span style=\"font-size:18.0pt\"><span style=\"font-variant:small-caps\">Eventos<\/span><\/span><\/b><\/span><\/span><\/span><\/p>\r\n\r\n<p style=\"text-align:justify\"><span style=\"font-size:11pt\"><span style=\"line-height:normal\"><span style=\"font-family:&quot;Calibri&quot;,sans-serif\"><span class=\"MsoHyperlink\" style=\"color:blue\"><span style=\"text-decoration:underline\"><b><span style=\"font-size:14.0pt\"><span style=\"text-decoration:none\"><span style=\"text-underline:none\">Webinar FGV IBRE e Valor Econ&ocirc;mico - &quot;VIII Semin&aacute;rio Anual de Pol&iacute;tica Monet&aacute;ria<\/span><\/span><\/span><\/b><\/span><\/span><span class=\"MsoHyperlink\" style=\"color:blue\"><span style=\"text-decoration:underline\"><span style=\"font-size:14.0pt\"><span style=\"text-decoration:none\"><span style=\"text-underline:none\">&quot;, data 25 de maio de 2022. Informa&ccedil;&otilde;es: <\/span><\/span><\/span><\/span><\/span><a href=\"https:\/\/evento.fgv.br\/politica_monetaria_25_05\/\" style=\"color:blue; text-decoration:underline\"><span style=\"font-size:14.0pt\">clique aqui<\/span><\/a><span class=\"MsoHyperlink\" style=\"color:blue\"><span style=\"text-decoration:underline\"><span style=\"font-size:14.0pt\"><span style=\"text-decoration:none\"><span style=\"text-underline:none\">.<\/span><\/span><\/span><\/span><\/span><\/span><\/span><\/span><\/p>\r\n\r\n<p style=\"text-align:justify\"><span style=\"font-size:11pt\"><span style=\"line-height:normal\"><span style=\"font-family:&quot;Calibri&quot;,sans-serif\"><span class=\"MsoHyperlink\" style=\"color:blue\"><span style=\"text-decoration:underline\"><b><span style=\"font-size:14.0pt\"><span style=\"text-decoration:none\"><span style=\"text-underline:none\">Abit e SENAI|CETIQT: Vis&atilde;o do futuro T&ecirc;xtil 2030<\/span><\/span><\/span><\/b><\/span><\/span><span class=\"MsoHyperlink\" style=\"color:blue\"><span style=\"text-decoration:underline\"><span style=\"font-size:14.0pt\"><span style=\"text-decoration:none\"><span style=\"text-underline:none\">, encontro presencial, data 26 de maio e 23 de junho de 2022. Informa&ccedil;&otilde;es: <\/span><\/span><\/span><\/span><\/span><a href=\"https:\/\/app.rdstation.email\/mail\/837609f2-3c74-4754-8c54-f4c22eecead3?utm_campaign=convite_textil_2030_-_09052022&amp;utm_medium=email&amp;utm_source=RD+Station\" style=\"color:blue; text-decoration:underline\"><span style=\"font-size:14.0pt\">clique aqui<\/span><\/a><span class=\"MsoHyperlink\" style=\"color:blue\"><span style=\"text-decoration:underline\"><span style=\"font-size:14.0pt\"><span style=\"text-decoration:none\"><span style=\"text-underline:none\">.<\/span><\/span><\/span><\/span><\/span><\/span><\/span><\/span><\/p>\r\n\r\n<p style=\"text-align:justify\"><span style=\"font-size:11pt\"><span style=\"line-height:normal\"><span style=\"font-family:&quot;Calibri&quot;,sans-serif\"><span class=\"MsoHyperlink\" style=\"color:blue\"><span style=\"text-decoration:underline\"><span style=\"font-size:14.0pt\"><span style=\"text-decoration:none\"><span style=\"text-underline:none\">A Subsecretaria de Opera&ccedil;&otilde;es de Com&eacute;rcio Exterior (SUEXT), da Secretaria de Com&eacute;rcio Exterior (SECEX) do Minist&eacute;rio da Economia, realizar&aacute;<b> III Webinar de Opera&ccedil;&otilde;es de Com&eacute;rcio Exterior<\/b>, data 31 de maio de 2022. Informa&ccedil;&otilde;es: <\/span><\/span><\/span><\/span><\/span><a href=\"https:\/\/docs.google.com\/forms\/d\/1EF0iyG4vIdxUErd2W0wWCGy81sTOh_g11drJ38BgH58\/viewform?edit_requested=true\" style=\"color:blue; text-decoration:underline\"><span style=\"font-size:14.0pt\">clique aqui<\/span><\/a><\/span><\/span><\/span><\/p>\r\n\r\n<p style=\"text-align:justify\"><span style=\"font-size:11pt\"><span style=\"line-height:normal\"><span style=\"font-family:&quot;Calibri&quot;,sans-serif\"><span class=\"MsoHyperlink\" style=\"color:blue\"><span style=\"text-decoration:underline\"><b><span style=\"font-size:14.0pt\"><span style=\"text-decoration:none\"><span style=\"text-underline:none\">The Global Digital Textile Conference<\/span><\/span><\/span><\/b><\/span><\/span><span class=\"MsoHyperlink\" style=\"color:blue\"><span style=\"text-decoration:underline\"><span style=\"font-size:14.0pt\"><span style=\"text-decoration:none\"><span style=\"text-underline:none\">, data 05 e 06 de outubro de 2022. Informa&ccedil;&otilde;es: <\/span><\/span><\/span><\/span><\/span><a href=\"http:\/\/www.events.wtin.com\/GDTC\" style=\"color:blue; text-decoration:underline\"><span style=\"font-size:14.0pt\">www.events.wtin.com\/GDTC<\/span><\/a> <\/span><\/span><\/span><\/p>\r\n\r\n<p class=\"MsoTitle\" style=\"text-align:justify\"><span style=\"font-size:28pt\"><span style=\"font-family:&quot;Cambria&quot;,serif\"><span style=\"letter-spacing:-0.5pt\"><b><span style=\"font-size:18.0pt\"><span style=\"font-family:&quot;Calibri&quot;,sans-serif\"><span style=\"font-variant:small-caps\">Setor<\/span><\/span><\/span><\/b><\/span><\/span><\/span><\/p>\r\n\r\n<p style=\"text-align:justify\"><span style=\"font-size:11pt\"><span style=\"line-height:normal\"><span style=\"font-family:&quot;Calibri&quot;,sans-serif\"><a href=\"https:\/\/www.assintecal.org.br\/noticias\/4096\/exportacoes-de-componentes-para-calcados-geraram-mais-de-us-137-milhoes\" style=\"color:blue; text-decoration:underline\"><span style=\"font-size:14.0pt\">Exporta&ccedil;&otilde;es de componentes para cal&ccedil;ados geraram mais de US$ 137 milh&otilde;es<\/span><\/a><\/span><\/span><\/span><\/p>\r\n\r\n<p style=\"text-align:justify\"><span style=\"font-size:11pt\"><span style=\"line-height:normal\"><span style=\"font-family:&quot;Calibri&quot;,sans-serif\"><a href=\"http:\/\/textileindustry.ning.com\/forum\/topics\/setor-t-xtil-o-segundo-maior-em-n-mero-de-vagas-no-brasil\" style=\"color:blue; text-decoration:underline\"><span style=\"font-size:14.0pt\">Setor t&ecirc;xtil &eacute; o segundo maior em n&uacute;mero de vagas no Brasil<\/span><\/a><\/span><\/span><\/span><\/p>\r\n\r\n<p style=\"text-align:justify\"><span style=\"font-size:11pt\"><span style=\"line-height:normal\"><span style=\"font-family:&quot;Calibri&quot;,sans-serif\"><a href=\"https:\/\/www.technicaltextile.net\/news\/us-igs-calls-on-ec-for-geosynthetics-sustainability-benefits-280781.html\" style=\"color:blue; text-decoration:underline\"><span style=\"font-size:14.0pt\">US&#39; IGS calls on EC for geosynthetics&#39; sustainability benefits<\/span><\/a><\/span><\/span><\/span><\/p>\r\n\r\n<p style=\"text-align:justify\"><span style=\"font-size:11pt\"><span style=\"line-height:normal\"><span style=\"font-family:&quot;Calibri&quot;,sans-serif\"><a href=\"https:\/\/www.textiletechnology.net\/nonwovens\/trendreports\/index23-trends-in-the-nonwovens-industry-32129?utm_source=%2Fmeta%2Fnewsletter%2Fnewsletter&amp;utm_medium=newsletter&amp;utm_campaign=nl862&amp;utm_term=0801b20e08c3242125d512808cd74302\" style=\"color:blue; text-decoration:underline\"><span style=\"font-size:14.0pt\">Trends in the nonwovens industry<\/span><\/a><\/span><\/span><\/span><\/p>\r\n\r\n<p style=\"text-align:justify\"><span style=\"font-size:11pt\"><span style=\"line-height:normal\"><span style=\"font-family:&quot;Calibri&quot;,sans-serif\"><a href=\"https:\/\/euratex.eu\/news\/euratex-2022-spring-report-putting-the-eu-textiles-strategy-in-a-global-context\/\" style=\"color:blue; text-decoration:underline\"><span style=\"font-size:14.0pt\">EURATEX 2022 Spring Report: putting the EU Textiles Strategy in a global context<\/span><\/a><\/span><\/span><\/span><\/p>\r\n\r\n<p style=\"text-align:justify\"><span style=\"font-size:11pt\"><span style=\"line-height:normal\"><span style=\"font-family:&quot;Calibri&quot;,sans-serif\"><a href=\"https:\/\/www.textiletechnology.net\/technical-textiles\/news\/cinte-techtextil-china-personal-hygiene-and-sustainability-demands-32161?utm_source=%2Fmeta%2Fnewsletter%2Fnewsletter&amp;utm_medium=newsletter&amp;utm_campaign=nl866&amp;utm_term=0801b20e08c3242125d512808cd74302\" style=\"color:blue; text-decoration:underline\"><span style=\"font-size:14.0pt\">Cinte Techtextil China - Personal hygiene and sustainability demands<\/span><\/a><\/span><\/span><\/span><\/p>\r\n\r\n<p style=\"text-align:justify\"><span style=\"font-size:11pt\"><span style=\"line-height:normal\"><span style=\"font-family:&quot;Calibri&quot;,sans-serif\"><a href=\"https:\/\/clickpetroleoegas.com.br\/andritz-inicia-com-sucesso-a-producao-de-celulose-soluvel-para-o-projeto-star-na-bracell\/\" style=\"color:blue; text-decoration:underline\"><span style=\"font-size:14.0pt\">Andritz inicia com sucesso a produ&ccedil;&atilde;o de celulose sol&uacute;vel para o projeto &ldquo;Star&rdquo; na Bracell<\/span><\/a><\/span><\/span><\/span><\/p>\r\n\r\n<p class=\"MsoTitle\" style=\"text-align:justify\"><span style=\"font-size:28pt\"><span style=\"font-family:&quot;Cambria&quot;,serif\"><span style=\"letter-spacing:-0.5pt\"><b><span style=\"font-size:18.0pt\"><span style=\"font-family:&quot;Calibri&quot;,sans-serif\"><span style=\"font-variant:small-caps\">Ind&uacute;stria<\/span><\/span><\/span><\/b><\/span><\/span><\/span><\/p>\r\n\r\n<p style=\"text-align:justify\"><span style=\"font-size:11pt\"><span style=\"line-height:normal\"><span style=\"font-family:&quot;Calibri&quot;,sans-serif\"><a href=\"https:\/\/noticias.portaldaindustria.com.br\/noticias\/economia\/utilizacao-da-capacidade-instalada-da-industria-ficou-em-69-em-abril\/\" style=\"color:blue; text-decoration:underline\"><span style=\"font-size:14.0pt\">Utiliza&ccedil;&atilde;o da Capacidade Instalada da ind&uacute;stria ficou em 69% em abril<\/span><\/a><\/span><\/span><\/span><\/p>\r\n\r\n<p style=\"text-align:justify\"><span style=\"font-size:11pt\"><span style=\"line-height:normal\"><span style=\"font-family:&quot;Calibri&quot;,sans-serif\"><a href=\"https:\/\/www.abicalcados.com.br\/noticia\/com-impulso-dos-estados-unidos-exportacoes-de-calcados-cresceram-68-ate-abril\" style=\"color:blue; text-decoration:underline\"><span style=\"font-size:14.0pt\">Com impulso dos Estados Unidos, exporta&ccedil;&otilde;es de cal&ccedil;ados cresceram 68% at&eacute; abril<\/span><\/a><\/span><\/span><\/span><\/p>\r\n\r\n<p style=\"text-align:justify\"><span style=\"font-size:11pt\"><span style=\"line-height:normal\"><span style=\"font-family:&quot;Calibri&quot;,sans-serif\"><a href=\"https:\/\/noticias.portaldaindustria.com.br\/noticias\/economia\/construcao-registra-melhor-nivel-de-atividade-e-de-emprego-no-quadrimestre-desde-2012\/\" style=\"color:blue; text-decoration:underline\"><span style=\"font-size:14.0pt\">Constru&ccedil;&atilde;o registra melhor n&iacute;vel de atividade e de emprego no quadrimestre desde 2012<\/span><\/a><\/span><\/span><\/span><\/p>\r\n\r\n<p style=\"text-align:justify\"><span style=\"font-size:11pt\"><span style=\"line-height:normal\"><span style=\"font-family:&quot;Calibri&quot;,sans-serif\"><a href=\"https:\/\/www.moveisdevalor.com.br\/portal\/psc-indica-que-fim-da-impunidade-no-setor-de-colchoes-esta-proximo?source=news\" style=\"color:blue; text-decoration:underline\"><span style=\"font-size:14.0pt\">PSC indica que fim da impunidade no setor de colch&otilde;es est&aacute; pr&oacute;ximo<\/span><\/a><\/span><\/span><\/span><\/p>\r\n\r\n<p style=\"text-align:justify\"><span style=\"font-size:11pt\"><span style=\"line-height:normal\"><span style=\"font-family:&quot;Calibri&quot;,sans-serif\"><a href=\"https:\/\/www.innovationintextiles.com\/industry-talk\/boost-for-european-manufacturers-in-2021\/\" style=\"color:blue; text-decoration:underline\"><span style=\"font-size:14.0pt\">Boost for European manufacturers in 2021<\/span><\/a><\/span><\/span><\/span><\/p>\r\n\r\n<p class=\"MsoTitle\" style=\"text-align:justify\"><span style=\"font-size:28pt\"><span style=\"font-family:&quot;Cambria&quot;,serif\"><span style=\"letter-spacing:-0.5pt\"><b><span style=\"font-size:18.0pt\"><span style=\"font-family:&quot;Calibri&quot;,sans-serif\"><span style=\"font-variant:small-caps\">Sustentabilidade<\/span><\/span><\/span><\/b><\/span><\/span><\/span><\/p>\r\n\r\n<p style=\"text-align:justify\"><span style=\"font-size:11pt\"><span style=\"line-height:normal\"><span style=\"font-family:&quot;Calibri&quot;,sans-serif\"><a href=\"https:\/\/agenciabrasil.ebc.com.br\/geral\/noticia\/2022-05\/agenda-de-sustentabilidade-envolve-todas-areas-afirmam-ministros\" style=\"color:blue; text-decoration:underline\"><span style=\"font-size:14.0pt\">Agenda de sustentabilidade envolve todas as &aacute;reas, afirmam ministros<\/span><\/a><\/span><\/span><\/span><\/p>\r\n\r\n<p style=\"text-align:justify\"><span style=\"font-size:11pt\"><span style=\"line-height:normal\"><span style=\"font-family:&quot;Calibri&quot;,sans-serif\"><a href=\"https:\/\/agenciabrasil.ebc.com.br\/economia\/noticia\/2022-05\/economia-verde-e-responsavel-por-22-da-carteira-de-credito-dos-bancos\" style=\"color:blue; text-decoration:underline\"><span style=\"font-size:14.0pt\">Economia verde &eacute; respons&aacute;vel por 22% da carteira de cr&eacute;dito dos bancos<\/span><\/a><\/span><\/span><\/span><\/p>\r\n\r\n<p style=\"text-align:justify\"><span style=\"font-size:11pt\"><span style=\"line-height:normal\"><span style=\"font-family:&quot;Calibri&quot;,sans-serif\"><a href=\"http:\/\/textileindustry.ning.com\/forum\/topics\/ind-stria-t-xtil-encontra-janela-de-oportunidade-em-tecidos\" style=\"color:blue; text-decoration:underline\"><span style=\"font-size:14.0pt\">Ind&uacute;stria t&ecirc;xtil encontra janela de oportunidade em tecidos sustent&aacute;veis<\/span><\/a><\/span><\/span><\/span><\/p>\r\n\r\n<p style=\"text-align:justify\"><span style=\"font-size:11pt\"><span style=\"line-height:normal\"><span style=\"font-family:&quot;Calibri&quot;,sans-serif\"><a href=\"https:\/\/www.streetinsider.com\/dr\/news.php?id=20087667\" style=\"color:blue; text-decoration:underline\"><span style=\"font-size:14.0pt\">Boxed Water&trade; Raises the Alarm on New Plastic Recycling Data<\/span><\/a><\/span><\/span><\/span><\/p>\r\n\r\n<p style=\"text-align:justify\"><span style=\"font-size:11pt\"><span style=\"line-height:normal\"><span style=\"font-family:&quot;Calibri&quot;,sans-serif\"><a href=\"https:\/\/www.innovationintextiles.com\/focus-on-fibre-fragmentation\/\" style=\"color:blue; text-decoration:underline\"><span style=\"font-size:14.0pt\">Focus on fibre fragmentation<\/span><\/a><\/span><\/span><\/span><\/p>\r\n\r\n<p style=\"text-align:justify\"><span style=\"font-size:11pt\"><span style=\"line-height:normal\"><span style=\"font-family:&quot;Calibri&quot;,sans-serif\"><a href=\"https:\/\/tribunahoje.com\/noticias\/cidades\/2022\/05\/23\/103746-4-edicao-do-plastitroque-arrecadou-mais-de-2-toneladas-de-residuos-plasticos\" style=\"color:blue; text-decoration:underline\"><span style=\"font-size:14.0pt\">4&deg; edi&ccedil;&atilde;o do Plastitroque arrecadou mais de 2 toneladas de res&iacute;duos pl&aacute;sticos<\/span><\/a><\/span><\/span><\/span><\/p>\r\n\r\n<p class=\"MsoTitle\" style=\"text-align:justify\"><span style=\"font-size:28pt\"><span style=\"font-family:&quot;Cambria&quot;,serif\"><span style=\"letter-spacing:-0.5pt\"><b><span style=\"font-size:18.0pt\"><span style=\"font-family:&quot;Calibri&quot;,sans-serif\"><span style=\"font-variant:small-caps\">Inova&ccedil;&atilde;o<\/span><\/span><\/span><\/b><\/span><\/span><\/span><\/p>\r\n\r\n<p style=\"text-align:justify\"><span style=\"font-size:11pt\"><span style=\"line-height:normal\"><span style=\"font-family:&quot;Calibri&quot;,sans-serif\"><a href=\"https:\/\/textileindustry.ning.com\/forum\/topics\/investigadores-criam-enzima-que-come-pet\" style=\"color:blue; text-decoration:underline\"><span style=\"font-size:14.0pt\">Investigadores criam enzima que come PET<\/span><\/a><\/span><\/span><\/span><\/p>\r\n\r\n<p style=\"text-align:justify\"><span style=\"font-size:11pt\"><span style=\"line-height:normal\"><span style=\"font-family:&quot;Calibri&quot;,sans-serif\"><a href=\"https:\/\/www.innovationintextiles.com\/inda-world-of-wipes-innovation-finalists\/\" style=\"color:blue; text-decoration:underline\"><span style=\"font-size:14.0pt\">Nonwovens\/\u200bConverting - INDA World of Wipes innovation finalists<\/span><\/a><\/span><\/span><\/span><\/p>\r\n\r\n<p class=\"MsoTitle\" style=\"text-align:justify\"><span style=\"font-size:28pt\"><span style=\"font-family:&quot;Cambria&quot;,serif\"><span style=\"letter-spacing:-0.5pt\"><b><span style=\"font-size:18.0pt\"><span style=\"font-family:&quot;Calibri&quot;,sans-serif\"><span style=\"font-variant:small-caps\">Com&eacute;rcio Exterior<\/span><\/span><\/span><\/b><\/span><\/span><\/span><\/p>\r\n\r\n<p style=\"text-align:justify\"><span style=\"font-size:11pt\"><span style=\"line-height:normal\"><span style=\"font-family:&quot;Calibri&quot;,sans-serif\"><a href=\"https:\/\/www.comexdobrasil.com\/brasil-quer-debater-diversificacao-da-pauta-exportadora-para-a-china-em-reuniao-de-comissao-de-alto-nivel\/\" style=\"color:blue; text-decoration:underline\"><span style=\"font-size:14.0pt\">Brasil quer debater diversifica&ccedil;&atilde;o da pauta exportadora para a China em reuni&atilde;o de Comiss&atilde;o de Alto N&iacute;vel<\/span><\/a><\/span><\/span><\/span><\/p>\r\n\r\n<p style=\"text-align:justify\"><span style=\"font-size:11pt\"><span style=\"line-height:normal\"><span style=\"font-family:&quot;Calibri&quot;,sans-serif\"><a href=\"https:\/\/noticias.portaldaindustria.com.br\/noticias\/internacional\/acordo-de-11-paises-no-oea-e-avanco-na-agenda-de-facilitacao-as-exportacoes\/\" style=\"color:blue; text-decoration:underline\"><span style=\"font-size:14.0pt\">Acordo entre aduanas de 11 pa&iacute;ses no OEA &eacute; avan&ccedil;o para a agenda de facilita&ccedil;&atilde;o de com&eacute;rcio brasileira<\/span><\/a><\/span><\/span><\/span><\/p>\r\n\r\n<p style=\"text-align:justify\"><span style=\"font-size:11pt\"><span style=\"line-height:normal\"><span style=\"font-family:&quot;Calibri&quot;,sans-serif\"><a href=\"https:\/\/portalibre.fgv.br\/noticias\/o-efeito-china-nos-indices-de-comercio-exterior\" style=\"color:blue; text-decoration:underline\"><span style=\"font-size:14.0pt\">O efeito China nos &iacute;ndices de com&eacute;rcio exterior<\/span><\/a><\/span><\/span><\/span><\/p>\r\n\r\n<p style=\"text-align:justify\"><span style=\"font-size:11pt\"><span style=\"line-height:normal\"><span style=\"font-family:&quot;Calibri&quot;,sans-serif\"><a href=\"https:\/\/clickpetroleoegas.com.br\/antaq-alerta-sobre-cenario-preocupante-nos-portos-brasileiros-causado-por-mudancas-nas-rotas-de-exportacao-e-acumulo-de-navios-com-cargas-no-complexo\/\" style=\"color:blue; text-decoration:underline\"><span style=\"font-size:14.0pt\">Antaq alerta sobre cen&aacute;rio preocupante nos portos brasileiros causado por mudan&ccedil;as nas rotas de exporta&ccedil;&atilde;o e ac&uacute;mulo de navios com cargas no complexo<\/span><\/a><\/span><\/span><\/span><\/p>\r\n\r\n<p style=\"text-align:justify\"><span style=\"font-size:11pt\"><span style=\"line-height:normal\"><span style=\"font-family:&quot;Calibri&quot;,sans-serif\"><a href=\"https:\/\/www.fibre2fashion.com\/news\/textile-news\/china-urges-brics-nations-for-consensus-to-tackle-global-challenges-280826-newsdetails.htm\" style=\"color:blue; text-decoration:underline\"><span style=\"font-size:14.0pt\">China urges BRICS nations for consensus to tackle global challenges<\/span><\/a><\/span><\/span><\/span><\/p>\r\n\r\n<p style=\"text-align:justify\"><span style=\"font-size:11pt\"><span style=\"line-height:normal\"><span style=\"font-family:&quot;Calibri&quot;,sans-serif\"><a href=\"https:\/\/www.fibre2fashion.com\/news\/textile-news\/uk-mexico-begin-negotiations-on-modern-trade-deal-280859-newsdetails.htm\" style=\"color:blue; text-decoration:underline\"><span style=\"font-size:14.0pt\">UK &amp; Mexico begin negotiations on modern trade deal<\/span><\/a><\/span><\/span><\/span><\/p>\r\n\r\n<p class=\"MsoTitle\" style=\"text-align:justify\"><span style=\"font-size:28pt\"><span style=\"font-family:&quot;Cambria&quot;,serif\"><span style=\"letter-spacing:-0.5pt\"><b><span style=\"font-size:18.0pt\"><span style=\"font-family:&quot;Calibri&quot;,sans-serif\"><span style=\"font-variant:small-caps\">Economia<\/span><\/span><\/span><\/b><\/span><\/span><\/span><\/p>\r\n\r\n<p style=\"text-align:justify\"><span style=\"font-size:11pt\"><span style=\"line-height:normal\"><span style=\"font-family:&quot;Calibri&quot;,sans-serif\"><a href=\"https:\/\/portalibre.fgv.br\/sites\/default\/files\/2022-05\/2022-05-boletim-macro.pdf\" style=\"color:blue; text-decoration:underline\"><span style=\"font-size:14.0pt\">FGV IBRE Boletim Macro: O tamanho do aperto monet&aacute;rio, l&aacute; fora e aqui<\/span><\/a><\/span><\/span><\/span><\/p>\r\n\r\n<p style=\"text-align:justify\"><span style=\"font-size:11pt\"><span style=\"line-height:normal\"><span style=\"font-family:&quot;Calibri&quot;,sans-serif\"><a href=\"https:\/\/portalibre.fgv.br\/noticias\/monitor-do-pib-fgv-sinaliza-crescimento-de-15-na-atividade-economica-no-primeiro-trimestre\" style=\"color:blue; text-decoration:underline\"><span style=\"font-size:14.0pt\">Monitor do PIB-FGV sinaliza crescimento de 1,5% na atividade econ&ocirc;mica no primeiro trimestre<\/span><\/a><\/span><\/span><\/span><\/p>\r\n\r\n<p style=\"text-align:justify\"><span style=\"font-size:11pt\"><span style=\"line-height:normal\"><span style=\"font-family:&quot;Calibri&quot;,sans-serif\"><a href=\"https:\/\/noticias.portaldaindustria.com.br\/noticias\/economia\/confianca-aumentou-em-14-setores-da-industria-e-caiu-em-outros-13-diz-cni\/\" style=\"color:blue; text-decoration:underline\"><span style=\"font-size:14.0pt\">Confian&ccedil;a aumentou em 14 setores da ind&uacute;stria e caiu em outros 13, diz CNI<\/span><\/a><\/span><\/span><\/span><\/p>\r\n\r\n<p style=\"text-align:justify\"><span style=\"font-size:11pt\"><span style=\"line-height:normal\"><span style=\"font-family:&quot;Calibri&quot;,sans-serif\"><a href=\"https:\/\/www.fibre2fashion.com\/news\/textile-news\/world-economy-projected-to-grow-by-3-1-in-2022-un-280802-newsdetails.htm\" style=\"color:blue; text-decoration:underline\"><span style=\"font-size:14.0pt\">World economy projected to grow by 3.1% in 2022: UN<\/span><\/a><\/span><\/span><\/span><\/p>\r\n\r\n<p style=\"text-align:justify\"><span style=\"font-size:11pt\"><span style=\"line-height:normal\"><span style=\"font-family:&quot;Calibri&quot;,sans-serif\"><a href=\"https:\/\/www.fibre2fashion.com\/news\/textile-news\/eu-gdp-projected-to-stay-in-positive-territory-over-spring-2022-280736-newsdetails.htm\" style=\"color:blue; text-decoration:underline\"><span style=\"font-size:14.0pt\">EU GDP projected to stay in positive territory over Spring 2022<\/span><\/a><\/span><\/span><\/span><\/p>\r\n","6":"<p style=\"text-align:justify\"><span style=\"font-size:11pt\"><span style=\"line-height:normal\"><span style=\"font-family:&quot;Calibri&quot;,sans-serif\"><span style=\"font-size:14.0pt\">Esta &eacute; uma compila&ccedil;&atilde;o das not&iacute;cias mais relevantes para o setor, incluindo informa&ccedil;&otilde;es sobre acordos internacionais, economia brasileira, sustentabilidade e mat&eacute;rias primas, al&eacute;m de novidades do setor de N&atilde;otecidos e Tecidos T&eacute;cnicos.<\/span><\/span><\/span><\/span><\/p>\r\n\r\n<p class=\"MsoTitle\" style=\"text-align:justify\"><span style=\"font-size:28pt\"><span style=\"font-family:&quot;Cambria&quot;,serif\"><span style=\"letter-spacing:-0.5pt\"><b><span style=\"font-size:18.0pt\"><span style=\"font-family:&quot;Calibri&quot;,sans-serif\"><span style=\"font-variant:small-caps\">A&ccedil;&otilde;es da ABINT<\/span><\/span><\/span><\/b><\/span><\/span><\/span><\/p>\r\n\r\n<p style=\"text-align:justify\"><span style=\"font-size:11pt\"><span style=\"line-height:normal\"><span style=\"font-family:&quot;Calibri&quot;,sans-serif\"><span class=\"MsoHyperlink\" style=\"color:blue\"><span style=\"text-decoration:underline\"><b><span style=\"font-size:14.0pt\"><span style=\"text-decoration:none\"><span style=\"text-underline:none\">Entrevista sobre os N&atilde;otecidos no Agroneg&oacute;cio no canal Agro+, da TV Band: <\/span><\/span><\/span><\/b><\/span><\/span><span class=\"MsoHyperlink\" style=\"color:blue\"><span style=\"text-decoration:underline\"><span style=\"font-size:14.0pt\"><span style=\"text-decoration:none\"><span style=\"text-underline:none\">data 24 de maio, &agrave;s 18h30. <\/span><\/span><\/span><\/span><\/span><a href=\"https:\/\/agromais.band.uol.com.br\/ao-vivo\" style=\"color:blue; text-decoration:underline\"><span style=\"font-size:14.0pt\">Clique e assista ao vivo<\/span><\/a><span class=\"MsoHyperlink\" style=\"color:blue\"><span style=\"text-decoration:underline\"><span style=\"font-size:14.0pt\"><span style=\"text-decoration:none\"><span style=\"text-underline:none\">.<\/span><\/span><\/span><\/span><\/span><\/span><\/span><\/span><\/p>\r\n\r\n<p style=\"text-align:justify\">&nbsp;<\/p>\r\n\r\n<p style=\"text-align:justify\"><span style=\"font-size:11pt\"><span style=\"line-height:normal\"><span style=\"font-family:&quot;Calibri&quot;,sans-serif\"><b><span style=\"font-size:14.0pt\">A ABINT realizar&aacute; o Nonwovens Day 2022<\/span><\/b><\/span><\/span><\/span><\/p>\r\n\r\n<p style=\"text-align:justify\"><span style=\"font-size:11pt\"><span style=\"line-height:normal\"><span style=\"font-family:&quot;Calibri&quot;,sans-serif\"><span style=\"font-size:14.0pt\"><span style=\"background:white\"><span style=\"color:#444444\">O evento, online e gratuito, ocorrer&aacute; nos dias <b>08 e 09 de junho de 2022 <\/b>e reunir&aacute; a cadeia produtiva dos N&atilde;otecidos, de fornecedores a usu&aacute;rios, para debaterem as quest&otilde;es relacionadas &agrave; Sustentabilidade do setor. <\/span><\/span><\/span><a href=\"https:\/\/nonwovensdaycom.wordpress.com\/\" style=\"color:blue; text-decoration:underline\"><span style=\"font-size:14.0pt\"><span style=\"background:white\">Clique aqui e INSCREVA SE<\/span><\/span><\/a><span style=\"font-size:14.0pt\"><span style=\"background:white\"><span style=\"color:#444444\">.<\/span><\/span><\/span><\/span><\/span><\/span><\/p>\r\n\r\n<p style=\"text-align:justify\"><span style=\"font-size:11pt\"><span style=\"line-height:normal\"><span style=\"font-family:&quot;Calibri&quot;,sans-serif\"><span style=\"font-size:14.0pt\"><span style=\"background:white\"><span style=\"color:#444444\"><img height=\"475\" src=\"https:\/\/www.abint.org.br\/assets\/img\/editor\/nonwovens-day-12_20220526130255Wr5JCmyb0R.png\" width=\"475\" \/><\/span><\/span><\/span><\/span><\/span><\/span><\/p>\r\n\r\n<p style=\"text-align:justify\"><span style=\"font-size:11pt\"><span style=\"line-height:normal\"><span style=\"font-family:&quot;Calibri&quot;,sans-serif\"><b><span style=\"font-size:18.0pt\"><span style=\"font-variant:small-caps\">Eventos<\/span><\/span><\/b><\/span><\/span><\/span><\/p>\r\n\r\n<p style=\"text-align:justify\"><span style=\"font-size:11pt\"><span style=\"line-height:normal\"><span style=\"font-family:&quot;Calibri&quot;,sans-serif\"><span class=\"MsoHyperlink\" style=\"color:blue\"><span style=\"text-decoration:underline\"><b><span style=\"font-size:14.0pt\"><span style=\"text-decoration:none\"><span style=\"text-underline:none\">Webinar FGV IBRE e Valor Econ&ocirc;mico - &quot;VIII Semin&aacute;rio Anual de Pol&iacute;tica Monet&aacute;ria<\/span><\/span><\/span><\/b><\/span><\/span><span class=\"MsoHyperlink\" style=\"color:blue\"><span style=\"text-decoration:underline\"><span style=\"font-size:14.0pt\"><span style=\"text-decoration:none\"><span style=\"text-underline:none\">&quot;, data 25 de maio de 2022. Informa&ccedil;&otilde;es: <\/span><\/span><\/span><\/span><\/span><a href=\"https:\/\/evento.fgv.br\/politica_monetaria_25_05\/\" style=\"color:blue; text-decoration:underline\"><span style=\"font-size:14.0pt\">clique aqui<\/span><\/a><span class=\"MsoHyperlink\" style=\"color:blue\"><span style=\"text-decoration:underline\"><span style=\"font-size:14.0pt\"><span style=\"text-decoration:none\"><span style=\"text-underline:none\">.<\/span><\/span><\/span><\/span><\/span><\/span><\/span><\/span><\/p>\r\n\r\n<p style=\"text-align:justify\"><span style=\"font-size:11pt\"><span style=\"line-height:normal\"><span style=\"font-family:&quot;Calibri&quot;,sans-serif\"><span class=\"MsoHyperlink\" style=\"color:blue\"><span style=\"text-decoration:underline\"><b><span style=\"font-size:14.0pt\"><span style=\"text-decoration:none\"><span style=\"text-underline:none\">Abit e SENAI|CETIQT: Vis&atilde;o do futuro T&ecirc;xtil 2030<\/span><\/span><\/span><\/b><\/span><\/span><span class=\"MsoHyperlink\" style=\"color:blue\"><span style=\"text-decoration:underline\"><span style=\"font-size:14.0pt\"><span style=\"text-decoration:none\"><span style=\"text-underline:none\">, encontro presencial, data 26 de maio e 23 de junho de 2022. Informa&ccedil;&otilde;es: <\/span><\/span><\/span><\/span><\/span><a href=\"https:\/\/app.rdstation.email\/mail\/837609f2-3c74-4754-8c54-f4c22eecead3?utm_campaign=convite_textil_2030_-_09052022&amp;utm_medium=email&amp;utm_source=RD+Station\" style=\"color:blue; text-decoration:underline\"><span style=\"font-size:14.0pt\">clique aqui<\/span><\/a><span class=\"MsoHyperlink\" style=\"color:blue\"><span style=\"text-decoration:underline\"><span style=\"font-size:14.0pt\"><span style=\"text-decoration:none\"><span style=\"text-underline:none\">.<\/span><\/span><\/span><\/span><\/span><\/span><\/span><\/span><\/p>\r\n\r\n<p style=\"text-align:justify\"><span style=\"font-size:11pt\"><span style=\"line-height:normal\"><span style=\"font-family:&quot;Calibri&quot;,sans-serif\"><span class=\"MsoHyperlink\" style=\"color:blue\"><span style=\"text-decoration:underline\"><span style=\"font-size:14.0pt\"><span style=\"text-decoration:none\"><span style=\"text-underline:none\">A Subsecretaria de Opera&ccedil;&otilde;es de Com&eacute;rcio Exterior (SUEXT), da Secretaria de Com&eacute;rcio Exterior (SECEX) do Minist&eacute;rio da Economia, realizar&aacute;<b> III Webinar de Opera&ccedil;&otilde;es de Com&eacute;rcio Exterior<\/b>, data 31 de maio de 2022. Informa&ccedil;&otilde;es: <\/span><\/span><\/span><\/span><\/span><a href=\"https:\/\/docs.google.com\/forms\/d\/1EF0iyG4vIdxUErd2W0wWCGy81sTOh_g11drJ38BgH58\/viewform?edit_requested=true\" style=\"color:blue; text-decoration:underline\"><span style=\"font-size:14.0pt\">clique aqui<\/span><\/a><\/span><\/span><\/span><\/p>\r\n\r\n<p style=\"text-align:justify\"><span style=\"font-size:11pt\"><span style=\"line-height:normal\"><span style=\"font-family:&quot;Calibri&quot;,sans-serif\"><span class=\"MsoHyperlink\" style=\"color:blue\"><span style=\"text-decoration:underline\"><b><span style=\"font-size:14.0pt\"><span style=\"text-decoration:none\"><span style=\"text-underline:none\">The Global Digital Textile Conference<\/span><\/span><\/span><\/b><\/span><\/span><span class=\"MsoHyperlink\" style=\"color:blue\"><span style=\"text-decoration:underline\"><span style=\"font-size:14.0pt\"><span style=\"text-decoration:none\"><span style=\"text-underline:none\">, data 05 e 06 de outubro de 2022. Informa&ccedil;&otilde;es: <\/span><\/span><\/span><\/span><\/span><a href=\"http:\/\/www.events.wtin.com\/GDTC\" style=\"color:blue; text-decoration:underline\"><span style=\"font-size:14.0pt\">www.events.wtin.com\/GDTC<\/span><\/a> <\/span><\/span><\/span><\/p>\r\n\r\n<p class=\"MsoTitle\" style=\"text-align:justify\"><span style=\"font-size:28pt\"><span style=\"font-family:&quot;Cambria&quot;,serif\"><span style=\"letter-spacing:-0.5pt\"><b><span style=\"font-size:18.0pt\"><span style=\"font-family:&quot;Calibri&quot;,sans-serif\"><span style=\"font-variant:small-caps\">Setor<\/span><\/span><\/span><\/b><\/span><\/span><\/span><\/p>\r\n\r\n<p style=\"text-align:justify\"><span style=\"font-size:11pt\"><span style=\"line-height:normal\"><span style=\"font-family:&quot;Calibri&quot;,sans-serif\"><a href=\"https:\/\/www.assintecal.org.br\/noticias\/4096\/exportacoes-de-componentes-para-calcados-geraram-mais-de-us-137-milhoes\" style=\"color:blue; text-decoration:underline\"><span style=\"font-size:14.0pt\">Exporta&ccedil;&otilde;es de componentes para cal&ccedil;ados geraram mais de US$ 137 milh&otilde;es<\/span><\/a><\/span><\/span><\/span><\/p>\r\n\r\n<p style=\"text-align:justify\"><span style=\"font-size:11pt\"><span style=\"line-height:normal\"><span style=\"font-family:&quot;Calibri&quot;,sans-serif\"><a href=\"http:\/\/textileindustry.ning.com\/forum\/topics\/setor-t-xtil-o-segundo-maior-em-n-mero-de-vagas-no-brasil\" style=\"color:blue; text-decoration:underline\"><span style=\"font-size:14.0pt\">Setor t&ecirc;xtil &eacute; o segundo maior em n&uacute;mero de vagas no Brasil<\/span><\/a><\/span><\/span><\/span><\/p>\r\n\r\n<p style=\"text-align:justify\"><span style=\"font-size:11pt\"><span style=\"line-height:normal\"><span style=\"font-family:&quot;Calibri&quot;,sans-serif\"><a href=\"https:\/\/www.technicaltextile.net\/news\/us-igs-calls-on-ec-for-geosynthetics-sustainability-benefits-280781.html\" style=\"color:blue; text-decoration:underline\"><span style=\"font-size:14.0pt\">US&#39; IGS calls on EC for geosynthetics&#39; sustainability benefits<\/span><\/a><\/span><\/span><\/span><\/p>\r\n\r\n<p style=\"text-align:justify\"><span style=\"font-size:11pt\"><span style=\"line-height:normal\"><span style=\"font-family:&quot;Calibri&quot;,sans-serif\"><a href=\"https:\/\/www.textiletechnology.net\/nonwovens\/trendreports\/index23-trends-in-the-nonwovens-industry-32129?utm_source=%2Fmeta%2Fnewsletter%2Fnewsletter&amp;utm_medium=newsletter&amp;utm_campaign=nl862&amp;utm_term=0801b20e08c3242125d512808cd74302\" style=\"color:blue; text-decoration:underline\"><span style=\"font-size:14.0pt\">Trends in the nonwovens industry<\/span><\/a><\/span><\/span><\/span><\/p>\r\n\r\n<p style=\"text-align:justify\"><span style=\"font-size:11pt\"><span style=\"line-height:normal\"><span style=\"font-family:&quot;Calibri&quot;,sans-serif\"><a href=\"https:\/\/euratex.eu\/news\/euratex-2022-spring-report-putting-the-eu-textiles-strategy-in-a-global-context\/\" style=\"color:blue; text-decoration:underline\"><span style=\"font-size:14.0pt\">EURATEX 2022 Spring Report: putting the EU Textiles Strategy in a global context<\/span><\/a><\/span><\/span><\/span><\/p>\r\n\r\n<p style=\"text-align:justify\"><span style=\"font-size:11pt\"><span style=\"line-height:normal\"><span style=\"font-family:&quot;Calibri&quot;,sans-serif\"><a href=\"https:\/\/www.textiletechnology.net\/technical-textiles\/news\/cinte-techtextil-china-personal-hygiene-and-sustainability-demands-32161?utm_source=%2Fmeta%2Fnewsletter%2Fnewsletter&amp;utm_medium=newsletter&amp;utm_campaign=nl866&amp;utm_term=0801b20e08c3242125d512808cd74302\" style=\"color:blue; text-decoration:underline\"><span style=\"font-size:14.0pt\">Cinte Techtextil China - Personal hygiene and sustainability demands<\/span><\/a><\/span><\/span><\/span><\/p>\r\n\r\n<p style=\"text-align:justify\"><span style=\"font-size:11pt\"><span style=\"line-height:normal\"><span style=\"font-family:&quot;Calibri&quot;,sans-serif\"><a href=\"https:\/\/clickpetroleoegas.com.br\/andritz-inicia-com-sucesso-a-producao-de-celulose-soluvel-para-o-projeto-star-na-bracell\/\" style=\"color:blue; text-decoration:underline\"><span style=\"font-size:14.0pt\">Andritz inicia com sucesso a produ&ccedil;&atilde;o de celulose sol&uacute;vel para o projeto &ldquo;Star&rdquo; na Bracell<\/span><\/a><\/span><\/span><\/span><\/p>\r\n\r\n<p class=\"MsoTitle\" style=\"text-align:justify\"><span style=\"font-size:28pt\"><span style=\"font-family:&quot;Cambria&quot;,serif\"><span style=\"letter-spacing:-0.5pt\"><b><span style=\"font-size:18.0pt\"><span style=\"font-family:&quot;Calibri&quot;,sans-serif\"><span style=\"font-variant:small-caps\">Ind&uacute;stria<\/span><\/span><\/span><\/b><\/span><\/span><\/span><\/p>\r\n\r\n<p style=\"text-align:justify\"><span style=\"font-size:11pt\"><span style=\"line-height:normal\"><span style=\"font-family:&quot;Calibri&quot;,sans-serif\"><a href=\"https:\/\/noticias.portaldaindustria.com.br\/noticias\/economia\/utilizacao-da-capacidade-instalada-da-industria-ficou-em-69-em-abril\/\" style=\"color:blue; text-decoration:underline\"><span style=\"font-size:14.0pt\">Utiliza&ccedil;&atilde;o da Capacidade Instalada da ind&uacute;stria ficou em 69% em abril<\/span><\/a><\/span><\/span><\/span><\/p>\r\n\r\n<p style=\"text-align:justify\"><span style=\"font-size:11pt\"><span style=\"line-height:normal\"><span style=\"font-family:&quot;Calibri&quot;,sans-serif\"><a href=\"https:\/\/www.abicalcados.com.br\/noticia\/com-impulso-dos-estados-unidos-exportacoes-de-calcados-cresceram-68-ate-abril\" style=\"color:blue; text-decoration:underline\"><span style=\"font-size:14.0pt\">Com impulso dos Estados Unidos, exporta&ccedil;&otilde;es de cal&ccedil;ados cresceram 68% at&eacute; abril<\/span><\/a><\/span><\/span><\/span><\/p>\r\n\r\n<p style=\"text-align:justify\"><span style=\"font-size:11pt\"><span style=\"line-height:normal\"><span style=\"font-family:&quot;Calibri&quot;,sans-serif\"><a href=\"https:\/\/noticias.portaldaindustria.com.br\/noticias\/economia\/construcao-registra-melhor-nivel-de-atividade-e-de-emprego-no-quadrimestre-desde-2012\/\" style=\"color:blue; text-decoration:underline\"><span style=\"font-size:14.0pt\">Constru&ccedil;&atilde;o registra melhor n&iacute;vel de atividade e de emprego no quadrimestre desde 2012<\/span><\/a><\/span><\/span><\/span><\/p>\r\n\r\n<p style=\"text-align:justify\"><span style=\"font-size:11pt\"><span style=\"line-height:normal\"><span style=\"font-family:&quot;Calibri&quot;,sans-serif\"><a href=\"https:\/\/www.moveisdevalor.com.br\/portal\/psc-indica-que-fim-da-impunidade-no-setor-de-colchoes-esta-proximo?source=news\" style=\"color:blue; text-decoration:underline\"><span style=\"font-size:14.0pt\">PSC indica que fim da impunidade no setor de colch&otilde;es est&aacute; pr&oacute;ximo<\/span><\/a><\/span><\/span><\/span><\/p>\r\n\r\n<p style=\"text-align:justify\"><span style=\"font-size:11pt\"><span style=\"line-height:normal\"><span style=\"font-family:&quot;Calibri&quot;,sans-serif\"><a href=\"https:\/\/www.innovationintextiles.com\/industry-talk\/boost-for-european-manufacturers-in-2021\/\" style=\"color:blue; text-decoration:underline\"><span style=\"font-size:14.0pt\">Boost for European manufacturers in 2021<\/span><\/a><\/span><\/span><\/span><\/p>\r\n\r\n<p class=\"MsoTitle\" style=\"text-align:justify\"><span style=\"font-size:28pt\"><span style=\"font-family:&quot;Cambria&quot;,serif\"><span style=\"letter-spacing:-0.5pt\"><b><span style=\"font-size:18.0pt\"><span style=\"font-family:&quot;Calibri&quot;,sans-serif\"><span style=\"font-variant:small-caps\">Sustentabilidade<\/span><\/span><\/span><\/b><\/span><\/span><\/span><\/p>\r\n\r\n<p style=\"text-align:justify\"><span style=\"font-size:11pt\"><span style=\"line-height:normal\"><span style=\"font-family:&quot;Calibri&quot;,sans-serif\"><a href=\"https:\/\/agenciabrasil.ebc.com.br\/geral\/noticia\/2022-05\/agenda-de-sustentabilidade-envolve-todas-areas-afirmam-ministros\" style=\"color:blue; text-decoration:underline\"><span style=\"font-size:14.0pt\">Agenda de sustentabilidade envolve todas as &aacute;reas, afirmam ministros<\/span><\/a><\/span><\/span><\/span><\/p>\r\n\r\n<p style=\"text-align:justify\"><span style=\"font-size:11pt\"><span style=\"line-height:normal\"><span style=\"font-family:&quot;Calibri&quot;,sans-serif\"><a href=\"https:\/\/agenciabrasil.ebc.com.br\/economia\/noticia\/2022-05\/economia-verde-e-responsavel-por-22-da-carteira-de-credito-dos-bancos\" style=\"color:blue; text-decoration:underline\"><span style=\"font-size:14.0pt\">Economia verde &eacute; respons&aacute;vel por 22% da carteira de cr&eacute;dito dos bancos<\/span><\/a><\/span><\/span><\/span><\/p>\r\n\r\n<p style=\"text-align:justify\"><span style=\"font-size:11pt\"><span style=\"line-height:normal\"><span style=\"font-family:&quot;Calibri&quot;,sans-serif\"><a href=\"http:\/\/textileindustry.ning.com\/forum\/topics\/ind-stria-t-xtil-encontra-janela-de-oportunidade-em-tecidos\" style=\"color:blue; text-decoration:underline\"><span style=\"font-size:14.0pt\">Ind&uacute;stria t&ecirc;xtil encontra janela de oportunidade em tecidos sustent&aacute;veis<\/span><\/a><\/span><\/span><\/span><\/p>\r\n\r\n<p style=\"text-align:justify\"><span style=\"font-size:11pt\"><span style=\"line-height:normal\"><span style=\"font-family:&quot;Calibri&quot;,sans-serif\"><a href=\"https:\/\/www.streetinsider.com\/dr\/news.php?id=20087667\" style=\"color:blue; text-decoration:underline\"><span style=\"font-size:14.0pt\">Boxed Water&trade; Raises the Alarm on New Plastic Recycling Data<\/span><\/a><\/span><\/span><\/span><\/p>\r\n\r\n<p style=\"text-align:justify\"><span style=\"font-size:11pt\"><span style=\"line-height:normal\"><span style=\"font-family:&quot;Calibri&quot;,sans-serif\"><a href=\"https:\/\/www.innovationintextiles.com\/focus-on-fibre-fragmentation\/\" style=\"color:blue; text-decoration:underline\"><span style=\"font-size:14.0pt\">Focus on fibre fragmentation<\/span><\/a><\/span><\/span><\/span><\/p>\r\n\r\n<p style=\"text-align:justify\"><span style=\"font-size:11pt\"><span style=\"line-height:normal\"><span style=\"font-family:&quot;Calibri&quot;,sans-serif\"><a href=\"https:\/\/tribunahoje.com\/noticias\/cidades\/2022\/05\/23\/103746-4-edicao-do-plastitroque-arrecadou-mais-de-2-toneladas-de-residuos-plasticos\" style=\"color:blue; text-decoration:underline\"><span style=\"font-size:14.0pt\">4&deg; edi&ccedil;&atilde;o do Plastitroque arrecadou mais de 2 toneladas de res&iacute;duos pl&aacute;sticos<\/span><\/a><\/span><\/span><\/span><\/p>\r\n\r\n<p class=\"MsoTitle\" style=\"text-align:justify\"><span style=\"font-size:28pt\"><span style=\"font-family:&quot;Cambria&quot;,serif\"><span style=\"letter-spacing:-0.5pt\"><b><span style=\"font-size:18.0pt\"><span style=\"font-family:&quot;Calibri&quot;,sans-serif\"><span style=\"font-variant:small-caps\">Inova&ccedil;&atilde;o<\/span><\/span><\/span><\/b><\/span><\/span><\/span><\/p>\r\n\r\n<p style=\"text-align:justify\"><span style=\"font-size:11pt\"><span style=\"line-height:normal\"><span style=\"font-family:&quot;Calibri&quot;,sans-serif\"><a href=\"https:\/\/textileindustry.ning.com\/forum\/topics\/investigadores-criam-enzima-que-come-pet\" style=\"color:blue; text-decoration:underline\"><span style=\"font-size:14.0pt\">Investigadores criam enzima que come PET<\/span><\/a><\/span><\/span><\/span><\/p>\r\n\r\n<p style=\"text-align:justify\"><span style=\"font-size:11pt\"><span style=\"line-height:normal\"><span style=\"font-family:&quot;Calibri&quot;,sans-serif\"><a href=\"https:\/\/www.innovationintextiles.com\/inda-world-of-wipes-innovation-finalists\/\" style=\"color:blue; text-decoration:underline\"><span style=\"font-size:14.0pt\">Nonwovens\/\u200bConverting - INDA World of Wipes innovation finalists<\/span><\/a><\/span><\/span><\/span><\/p>\r\n\r\n<p class=\"MsoTitle\" style=\"text-align:justify\"><span style=\"font-size:28pt\"><span style=\"font-family:&quot;Cambria&quot;,serif\"><span style=\"letter-spacing:-0.5pt\"><b><span style=\"font-size:18.0pt\"><span style=\"font-family:&quot;Calibri&quot;,sans-serif\"><span style=\"font-variant:small-caps\">Com&eacute;rcio Exterior<\/span><\/span><\/span><\/b><\/span><\/span><\/span><\/p>\r\n\r\n<p style=\"text-align:justify\"><span style=\"font-size:11pt\"><span style=\"line-height:normal\"><span style=\"font-family:&quot;Calibri&quot;,sans-serif\"><a href=\"https:\/\/www.comexdobrasil.com\/brasil-quer-debater-diversificacao-da-pauta-exportadora-para-a-china-em-reuniao-de-comissao-de-alto-nivel\/\" style=\"color:blue; text-decoration:underline\"><span style=\"font-size:14.0pt\">Brasil quer debater diversifica&ccedil;&atilde;o da pauta exportadora para a China em reuni&atilde;o de Comiss&atilde;o de Alto N&iacute;vel<\/span><\/a><\/span><\/span><\/span><\/p>\r\n\r\n<p style=\"text-align:justify\"><span style=\"font-size:11pt\"><span style=\"line-height:normal\"><span style=\"font-family:&quot;Calibri&quot;,sans-serif\"><a href=\"https:\/\/noticias.portaldaindustria.com.br\/noticias\/internacional\/acordo-de-11-paises-no-oea-e-avanco-na-agenda-de-facilitacao-as-exportacoes\/\" style=\"color:blue; text-decoration:underline\"><span style=\"font-size:14.0pt\">Acordo entre aduanas de 11 pa&iacute;ses no OEA &eacute; avan&ccedil;o para a agenda de facilita&ccedil;&atilde;o de com&eacute;rcio brasileira<\/span><\/a><\/span><\/span><\/span><\/p>\r\n\r\n<p style=\"text-align:justify\"><span style=\"font-size:11pt\"><span style=\"line-height:normal\"><span style=\"font-family:&quot;Calibri&quot;,sans-serif\"><a href=\"https:\/\/portalibre.fgv.br\/noticias\/o-efeito-china-nos-indices-de-comercio-exterior\" style=\"color:blue; text-decoration:underline\"><span style=\"font-size:14.0pt\">O efeito China nos &iacute;ndices de com&eacute;rcio exterior<\/span><\/a><\/span><\/span><\/span><\/p>\r\n\r\n<p style=\"text-align:justify\"><span style=\"font-size:11pt\"><span style=\"line-height:normal\"><span style=\"font-family:&quot;Calibri&quot;,sans-serif\"><a href=\"https:\/\/clickpetroleoegas.com.br\/antaq-alerta-sobre-cenario-preocupante-nos-portos-brasileiros-causado-por-mudancas-nas-rotas-de-exportacao-e-acumulo-de-navios-com-cargas-no-complexo\/\" style=\"color:blue; text-decoration:underline\"><span style=\"font-size:14.0pt\">Antaq alerta sobre cen&aacute;rio preocupante nos portos brasileiros causado por mudan&ccedil;as nas rotas de exporta&ccedil;&atilde;o e ac&uacute;mulo de navios com cargas no complexo<\/span><\/a><\/span><\/span><\/span><\/p>\r\n\r\n<p style=\"text-align:justify\"><span style=\"font-size:11pt\"><span style=\"line-height:normal\"><span style=\"font-family:&quot;Calibri&quot;,sans-serif\"><a href=\"https:\/\/www.fibre2fashion.com\/news\/textile-news\/china-urges-brics-nations-for-consensus-to-tackle-global-challenges-280826-newsdetails.htm\" style=\"color:blue; text-decoration:underline\"><span style=\"font-size:14.0pt\">China urges BRICS nations for consensus to tackle global challenges<\/span><\/a><\/span><\/span><\/span><\/p>\r\n\r\n<p style=\"text-align:justify\"><span style=\"font-size:11pt\"><span style=\"line-height:normal\"><span style=\"font-family:&quot;Calibri&quot;,sans-serif\"><a href=\"https:\/\/www.fibre2fashion.com\/news\/textile-news\/uk-mexico-begin-negotiations-on-modern-trade-deal-280859-newsdetails.htm\" style=\"color:blue; text-decoration:underline\"><span style=\"font-size:14.0pt\">UK &amp; Mexico begin negotiations on modern trade deal<\/span><\/a><\/span><\/span><\/span><\/p>\r\n\r\n<p class=\"MsoTitle\" style=\"text-align:justify\"><span style=\"font-size:28pt\"><span style=\"font-family:&quot;Cambria&quot;,serif\"><span style=\"letter-spacing:-0.5pt\"><b><span style=\"font-size:18.0pt\"><span style=\"font-family:&quot;Calibri&quot;,sans-serif\"><span style=\"font-variant:small-caps\">Economia<\/span><\/span><\/span><\/b><\/span><\/span><\/span><\/p>\r\n\r\n<p style=\"text-align:justify\"><span style=\"font-size:11pt\"><span style=\"line-height:normal\"><span style=\"font-family:&quot;Calibri&quot;,sans-serif\"><a href=\"https:\/\/portalibre.fgv.br\/sites\/default\/files\/2022-05\/2022-05-boletim-macro.pdf\" style=\"color:blue; text-decoration:underline\"><span style=\"font-size:14.0pt\">FGV IBRE Boletim Macro: O tamanho do aperto monet&aacute;rio, l&aacute; fora e aqui<\/span><\/a><\/span><\/span><\/span><\/p>\r\n\r\n<p style=\"text-align:justify\"><span style=\"font-size:11pt\"><span style=\"line-height:normal\"><span style=\"font-family:&quot;Calibri&quot;,sans-serif\"><a href=\"https:\/\/portalibre.fgv.br\/noticias\/monitor-do-pib-fgv-sinaliza-crescimento-de-15-na-atividade-economica-no-primeiro-trimestre\" style=\"color:blue; text-decoration:underline\"><span style=\"font-size:14.0pt\">Monitor do PIB-FGV sinaliza crescimento de 1,5% na atividade econ&ocirc;mica no primeiro trimestre<\/span><\/a><\/span><\/span><\/span><\/p>\r\n\r\n<p style=\"text-align:justify\"><span style=\"font-size:11pt\"><span style=\"line-height:normal\"><span style=\"font-family:&quot;Calibri&quot;,sans-serif\"><a href=\"https:\/\/noticias.portaldaindustria.com.br\/noticias\/economia\/confianca-aumentou-em-14-setores-da-industria-e-caiu-em-outros-13-diz-cni\/\" style=\"color:blue; text-decoration:underline\"><span style=\"font-size:14.0pt\">Confian&ccedil;a aumentou em 14 setores da ind&uacute;stria e caiu em outros 13, diz CNI<\/span><\/a><\/span><\/span><\/span><\/p>\r\n\r\n<p style=\"text-align:justify\"><span style=\"font-size:11pt\"><span style=\"line-height:normal\"><span style=\"font-family:&quot;Calibri&quot;,sans-serif\"><a href=\"https:\/\/www.fibre2fashion.com\/news\/textile-news\/world-economy-projected-to-grow-by-3-1-in-2022-un-280802-newsdetails.htm\" style=\"color:blue; text-decoration:underline\"><span style=\"font-size:14.0pt\">World economy projected to grow by 3.1% in 2022: UN<\/span><\/a><\/span><\/span><\/span><\/p>\r\n\r\n<p style=\"text-align:justify\"><span style=\"font-size:11pt\"><span style=\"line-height:normal\"><span style=\"font-family:&quot;Calibri&quot;,sans-serif\"><a href=\"https:\/\/www.fibre2fashion.com\/news\/textile-news\/eu-gdp-projected-to-stay-in-positive-territory-over-spring-2022-280736-newsdetails.htm\" style=\"color:blue; text-decoration:underline\"><span style=\"font-size:14.0pt\">EU GDP projected to stay in positive territory over Spring 2022<\/span><\/a><\/span><\/span><\/span><\/p>\r\n","texto_en":"","7":"","imagem":"COMP_banner-padrao-home-destaques-boletim_20220526131644fBN9P3Fu2T.jpg","8":"COMP_banner-padrao-home-destaques-boletim_20220526131644fBN9P3Fu2T.jpg","arquivo":"20220524-NOTICIAS-SEMANAIS.PDF","9":"20220524-NOTICIAS-SEMANAIS.PDF","titulo_arquivo":"","10":"","titulo_arquivo_en":"","11":"","created_at":"2022-05-26 13:16:53","12":"2022-05-26 13:16:53","updated_at":"2022-05-26 13:16:53","13":"2022-05-26 13:16:53"},{"id":17,"0":17,"ordem":206,"1":206,"data":"2022-05-17","2":"2022-05-17","slug":"boletim-de-noticias-semanais-14","3":"boletim-de-noticias-semanais-14","titulo":"Boletim de Not\u00edcias Semanais","4":"Boletim de Not\u00edcias Semanais","titulo_en":"","5":"","texto":"<p style=\"text-align:justify\"><span style=\"font-size:11pt\"><span style=\"line-height:normal\"><span style=\"font-family:&quot;Calibri&quot;,sans-serif\"><span style=\"font-size:14.0pt\">Esta &eacute; uma compila&ccedil;&atilde;o das not&iacute;cias mais relevantes para o setor, incluindo informa&ccedil;&otilde;es sobre acordos internacionais, economia brasileira, sustentabilidade e mat&eacute;rias primas, al&eacute;m de novidades do setor de N&atilde;otecidos e Tecidos T&eacute;cnicos.<\/span><\/span><\/span><\/span><\/p>\r\n\r\n<p class=\"MsoTitle\" style=\"text-align:justify\"><span style=\"font-size:28pt\"><span style=\"font-family:&quot;Cambria&quot;,serif\"><span style=\"letter-spacing:-0.5pt\"><b><span style=\"font-size:18.0pt\"><span style=\"font-family:&quot;Calibri&quot;,sans-serif\"><span style=\"font-variant:small-caps\">A&ccedil;&otilde;es da ABINT<\/span><\/span><\/span><\/b><\/span><\/span><\/span><\/p>\r\n\r\n<p class=\"MsoTitle\" style=\"text-align:justify\"><span style=\"font-size:28pt\"><span style=\"font-family:&quot;Cambria&quot;,serif\"><span style=\"letter-spacing:-0.5pt\"><b><span style=\"font-size:18.0pt\"><span style=\"font-family:&quot;Calibri&quot;,sans-serif\"><span style=\"font-variant:small-caps\"><img height=\"642\" src=\"https:\/\/www.abint.org.br\/assets\/img\/editor\/nonwovens-day-12_20220517182258rRlRpfVZTN.png\" width=\"639\" \/><\/span><\/span><\/span><\/b><\/span><\/span><\/span><\/p>\r\n\r\n<p style=\"text-align:justify\"><span style=\"font-size:11pt\"><span style=\"line-height:normal\"><span style=\"font-family:&quot;Calibri&quot;,sans-serif\"><b><span style=\"font-size:14.0pt\">A ABINT realizar&aacute; o Nonwovens Day 2022<\/span><\/b><\/span><\/span><\/span><\/p>\r\n\r\n<p style=\"text-align:justify\"><span style=\"font-size:11pt\"><span style=\"line-height:normal\"><span style=\"font-family:&quot;Calibri&quot;,sans-serif\"><span style=\"font-size:14.0pt\"><span style=\"background:white\"><span style=\"color:#444444\">O evento, online e gratuito, ocorrer&aacute; nos dias <b>08 e 09 de junho de 2022 <\/b>e reunir&aacute; a cadeia produtiva dos N&atilde;otecidos, de fornecedores a usu&aacute;rios, para debaterem as quest&otilde;es relacionadas &agrave; Sustentabilidade do setor. <\/span><\/span><\/span><a href=\"https:\/\/nonwovensdaycom.wordpress.com\/\" style=\"color:blue; text-decoration:underline\"><span style=\"font-size:14.0pt\"><span style=\"background:white\">Clique aqui e INSCREVA SE<\/span><\/span><\/a><span style=\"font-size:14.0pt\"><span style=\"background:white\"><span style=\"color:#444444\">.<\/span><\/span><\/span><\/span><\/span><\/span><\/p>\r\n\r\n<p style=\"text-align:justify\">&nbsp;<\/p>\r\n\r\n<p style=\"text-align:justify\"><span style=\"font-size:11pt\"><span style=\"line-height:normal\"><span style=\"font-family:&quot;Calibri&quot;,sans-serif\"><b><span style=\"font-size:18.0pt\"><span style=\"font-variant:small-caps\">Eventos<\/span><\/span><\/b><\/span><\/span><\/span><\/p>\r\n\r\n<p style=\"text-align:justify\"><span style=\"font-size:11pt\"><span style=\"line-height:normal\"><span style=\"font-family:&quot;Calibri&quot;,sans-serif\"><span class=\"MsoHyperlink\" style=\"color:blue\"><span style=\"text-decoration:underline\"><b><span style=\"font-size:14.0pt\"><span style=\"text-decoration:none\"><span style=\"text-underline:none\">Webin&aacute;rio INMETRO sobre Barreiras T&eacute;cnicas<\/span><\/span><\/span><\/b><\/span><\/span><span class=\"MsoHyperlink\" style=\"color:blue\"><span style=\"text-decoration:underline\"><span style=\"font-size:14.0pt\"><span style=\"text-decoration:none\"><span style=\"text-underline:none\">, data 18 de maio de 2022, das 14h &agrave;s 15h30. Informa&ccedil;&otilde;es: <\/span><\/span><\/span><\/span><\/span><a href=\"https:\/\/www.gov.br\/inmetro\/pt-br\/centrais-de-conteudo\/eventos\/webinario-sobre-barreiras-tecnicas\" style=\"color:blue; text-decoration:underline\"><span style=\"font-size:14.0pt\">clique aqui<\/span><\/a><\/span><\/span><\/span><\/p>\r\n\r\n<p style=\"text-align:justify\"><span style=\"font-size:11pt\"><span style=\"line-height:normal\"><span style=\"font-family:&quot;Calibri&quot;,sans-serif\"><span class=\"MsoHyperlink\" style=\"color:blue\"><span style=\"text-decoration:underline\"><b><span style=\"font-size:14.0pt\"><span style=\"text-decoration:none\"><span style=\"text-underline:none\">5th BIOTEXFUTURE Forum &quot;Shaping the future of the bio based textile value chain&quot;<\/span><\/span><\/span><\/b><\/span><\/span><span class=\"MsoHyperlink\" style=\"color:blue\"><span style=\"text-decoration:underline\"><span style=\"font-size:14.0pt\"><span style=\"text-decoration:none\"><span style=\"text-underline:none\">, data 18 de maio. Informa&ccedil;&otilde;es: <\/span><\/span><\/span><\/span><\/span><a href=\"https:\/\/www.biotexfuture.de\/event-details\/5th-biotexfuture-forum-shaping-the-future-of-the-bio-based-textile-value-chain\" style=\"color:blue; text-decoration:underline\"><span style=\"font-size:14.0pt\">clique aqui<\/span><\/a><\/span><\/span><\/span><\/p>\r\n\r\n<p style=\"text-align:justify\"><span style=\"font-size:11pt\"><span style=\"line-height:normal\"><span style=\"font-family:&quot;Calibri&quot;,sans-serif\"><span class=\"MsoHyperlink\" style=\"color:blue\"><span style=\"text-decoration:underline\"><b><span style=\"font-size:14.0pt\"><span style=\"text-decoration:none\"><span style=\"text-underline:none\">V Simp&oacute;sio de Engenharia Ferrovi&aacute;ria<\/span><\/span><\/span><\/b><\/span><\/span><span class=\"MsoHyperlink\" style=\"color:blue\"><span style=\"text-decoration:underline\"><span style=\"font-size:14.0pt\"><span style=\"text-decoration:none\"><span style=\"text-underline:none\">, data 18 e 19 de maio de 2022. Informa&ccedil;&otilde;es: <\/span><\/span><\/span><\/span><\/span><a href=\"https:\/\/eventos.galoa.com.br\/sef-2022\/page\/1492-home\" style=\"color:blue; text-decoration:underline\"><span style=\"font-size:14.0pt\">clique aqui<\/span><\/a><\/span><\/span><\/span><\/p>\r\n\r\n<p style=\"text-align:justify\"><span style=\"font-size:11pt\"><span style=\"line-height:normal\"><span style=\"font-family:&quot;Calibri&quot;,sans-serif\"><span class=\"MsoHyperlink\" style=\"color:blue\"><span style=\"text-decoration:underline\"><b><span style=\"font-size:14.0pt\"><span style=\"text-decoration:none\"><span style=\"text-underline:none\">Ciclo de Semin&aacute;rios TCU\/FIESP - Desafios da Economia Brasileira: Qualidade do Gasto P&uacute;blico<\/span><\/span><\/span><\/b><\/span><\/span><span class=\"MsoHyperlink\" style=\"color:blue\"><span style=\"text-decoration:underline\"><span style=\"font-size:14.0pt\"><span style=\"text-decoration:none\"><span style=\"text-underline:none\">, data 23 de maio de 2022. Informa&ccedil;&otilde;es: <\/span><\/span><\/span><\/span><\/span><a href=\"https:\/\/contas.tcu.gov.br\/ords\/f?p=706144:106:16620445722432::NO:106:P106_COD:204781&amp;utm_source=e-mkt&amp;utm_medium=e-mkt&amp;utm_campaign=TCU-Qualidade-do-gasto-p%20blico&amp;utm_id=TCU-Qualidade-do-gasto-p%20blico\" style=\"color:blue; text-decoration:underline\"><span style=\"font-size:14.0pt\">clique aqui<\/span><\/a><span class=\"MsoHyperlink\" style=\"color:blue\"><span style=\"text-decoration:underline\"><span style=\"font-size:14.0pt\"><span style=\"text-decoration:none\"><span style=\"text-underline:none\">.<\/span><\/span><\/span><\/span><\/span><\/span><\/span><\/span><\/p>\r\n\r\n<p style=\"text-align:justify\"><span style=\"font-size:11pt\"><span style=\"line-height:normal\"><span style=\"font-family:&quot;Calibri&quot;,sans-serif\"><span class=\"MsoHyperlink\" style=\"color:blue\"><span style=\"text-decoration:underline\"><b><span style=\"font-size:14.0pt\"><span style=\"text-decoration:none\"><span style=\"text-underline:none\">Webinar FGV IBRE e Valor Econ&ocirc;mico - &quot;VIII Semin&aacute;rio Anual de Pol&iacute;tica Monet&aacute;ria<\/span><\/span><\/span><\/b><\/span><\/span><span class=\"MsoHyperlink\" style=\"color:blue\"><span style=\"text-decoration:underline\"><span style=\"font-size:14.0pt\"><span style=\"text-decoration:none\"><span style=\"text-underline:none\">&quot;, data 25 de maio de 2022. Informa&ccedil;&otilde;es: <\/span><\/span><\/span><\/span><\/span><a href=\"https:\/\/evento.fgv.br\/politica_monetaria_25_05\/\" style=\"color:blue; text-decoration:underline\"><span style=\"font-size:14.0pt\">clique aqui<\/span><\/a><span class=\"MsoHyperlink\" style=\"color:blue\"><span style=\"text-decoration:underline\"><span style=\"font-size:14.0pt\"><span style=\"text-decoration:none\"><span style=\"text-underline:none\">.<\/span><\/span><\/span><\/span><\/span><\/span><\/span><\/span><\/p>\r\n\r\n<p style=\"text-align:justify\"><span style=\"font-size:11pt\"><span style=\"line-height:normal\"><span style=\"font-family:&quot;Calibri&quot;,sans-serif\"><span class=\"MsoHyperlink\" style=\"color:blue\"><span style=\"text-decoration:underline\"><b><span style=\"font-size:14.0pt\"><span style=\"text-decoration:none\"><span style=\"text-underline:none\">Abit e SENAI|CETIQT: Vis&atilde;o do futuro T&ecirc;xtil 2030<\/span><\/span><\/span><\/b><\/span><\/span><span class=\"MsoHyperlink\" style=\"color:blue\"><span style=\"text-decoration:underline\"><span style=\"font-size:14.0pt\"><span style=\"text-decoration:none\"><span style=\"text-underline:none\">, encontro presencial, data 26 de maio e 23 de junho de 2022. Informa&ccedil;&otilde;es: <\/span><\/span><\/span><\/span><\/span><a href=\"https:\/\/app.rdstation.email\/mail\/837609f2-3c74-4754-8c54-f4c22eecead3?utm_campaign=convite_textil_2030_-_09052022&amp;utm_medium=email&amp;utm_source=RD+Station\" style=\"color:blue; text-decoration:underline\"><span style=\"font-size:14.0pt\">clique aqui<\/span><\/a><span class=\"MsoHyperlink\" style=\"color:blue\"><span style=\"text-decoration:underline\"><span style=\"font-size:14.0pt\"><span style=\"text-decoration:none\"><span style=\"text-underline:none\">.<\/span><\/span><\/span><\/span><\/span><\/span><\/span><\/span><\/p>\r\n\r\n<p style=\"text-align:justify\"><span style=\"font-size:11pt\"><span style=\"line-height:normal\"><span style=\"font-family:&quot;Calibri&quot;,sans-serif\"><span class=\"MsoHyperlink\" style=\"color:blue\"><span style=\"text-decoration:underline\"><b><span style=\"font-size:14.0pt\"><span style=\"text-decoration:none\"><span style=\"text-underline:none\">The Global Digital Textile Conference<\/span><\/span><\/span><\/b><\/span><\/span><span class=\"MsoHyperlink\" style=\"color:blue\"><span style=\"text-decoration:underline\"><span style=\"font-size:14.0pt\"><span style=\"text-decoration:none\"><span style=\"text-underline:none\">, data 05 e 06 de outubro de 2022. Informa&ccedil;&otilde;es: <\/span><\/span><\/span><\/span><\/span><a href=\"http:\/\/www.events.wtin.com\/GDTC\" style=\"color:blue; text-decoration:underline\"><span style=\"font-size:14.0pt\">www.events.wtin.com\/GDTC<\/span><\/a> <\/span><\/span><\/span><\/p>\r\n\r\n<p class=\"MsoTitle\" style=\"text-align:justify\"><span style=\"font-size:28pt\"><span style=\"font-family:&quot;Cambria&quot;,serif\"><span style=\"letter-spacing:-0.5pt\"><b><span style=\"font-size:18.0pt\"><span style=\"font-family:&quot;Calibri&quot;,sans-serif\"><span style=\"font-variant:small-caps\">Setor<\/span><\/span><\/span><\/b><\/span><\/span><\/span><\/p>\r\n\r\n<p style=\"text-align:justify\"><span style=\"font-size:11pt\"><span style=\"line-height:normal\"><span style=\"font-family:&quot;Calibri&quot;,sans-serif\"><a href=\"http:\/\/textileindustry.ning.com\/forum\/topics\/ind-stria-t-xtil-e-de-confec-o-faturou-r-194-bilh-es-no-ano\" style=\"color:blue; text-decoration:underline\"><span style=\"font-size:14.0pt\">Ind&uacute;stria t&ecirc;xtil e de confec&ccedil;&atilde;o faturou R$ 194 bilh&otilde;es no ano passado<\/span><\/a><\/span><\/span><\/span><\/p>\r\n\r\n<p style=\"text-align:justify\"><span style=\"font-size:11pt\"><span style=\"line-height:normal\"><span style=\"font-family:&quot;Calibri&quot;,sans-serif\"><a href=\"https:\/\/www.textiletechnology.net\/technical-textiles\/news\/avk-european-composites-market-almost-back-to-pre-crisis-level-32082?utm_source=%2Fmeta%2Fnewsletter%2Fnewsletter&amp;utm_medium=newsletter&amp;utm_campaign=nl857&amp;utm_term=0801b20e08c3242125d512808cd74302\" style=\"color:blue; text-decoration:underline\"><span style=\"font-size:14.0pt\">European composites market almost back to pre-crisis level<\/span><\/a><\/span><\/span><\/span><\/p>\r\n\r\n<p style=\"text-align:justify\"><span style=\"font-size:11pt\"><span style=\"line-height:normal\"><span style=\"font-family:&quot;Calibri&quot;,sans-serif\"><a href=\"https:\/\/textilevaluechain.in\/in-depth-analysis\/application-of-jute-in-technical-textiles\/\" style=\"color:blue; text-decoration:underline\"><span style=\"font-size:14.0pt\">Application of jute in Technical Textiles<\/span><\/a><\/span><\/span><\/span><\/p>\r\n\r\n<p style=\"text-align:justify\"><span style=\"font-size:11pt\"><span style=\"line-height:normal\"><span style=\"font-family:&quot;Calibri&quot;,sans-serif\"><a href=\"https:\/\/www.technicaltextile.net\/articles\/innovative-medical-bandages-for-wound-healing-process-8694\" style=\"color:blue; text-decoration:underline\"><span style=\"font-size:14.0pt\">Innovative medical bandages for wound healing process<\/span><\/a><\/span><\/span><\/span><\/p>\r\n\r\n<p style=\"text-align:justify\"><span style=\"font-size:11pt\"><span style=\"line-height:normal\"><span style=\"font-family:&quot;Calibri&quot;,sans-serif\"><a href=\"https:\/\/www.istoedinheiro.com.br\/estas-marcas-brasileiras-fazem-sucesso-la-fora-e-voce-nao-conhece\/\" style=\"color:blue; text-decoration:underline\"><span style=\"font-size:14.0pt\">Estas marcas brasileiras fazem sucesso l&aacute; fora e voc&ecirc; n&atilde;o conhece<\/span><\/a><\/span><\/span><\/span><\/p>\r\n\r\n<p style=\"text-align:justify\"><span style=\"font-size:11pt\"><span style=\"line-height:normal\"><span style=\"font-family:&quot;Calibri&quot;,sans-serif\"><a href=\"https:\/\/grupomidia.com\/hcm\/kimberly-clark-aposta-no-brasil-como-hub-de-fabricacao-e-exportacao-para-america-latina\/\" style=\"color:blue; text-decoration:underline\"><span style=\"font-size:14.0pt\">Health Care - Kimberly-Clark aposta no Brasil como hub de fabrica&ccedil;&atilde;o e exporta&ccedil;&atilde;o para AL<\/span><\/a><\/span><\/span><\/span><\/p>\r\n\r\n<p class=\"MsoTitle\" style=\"text-align:justify\"><span style=\"font-size:28pt\"><span style=\"font-family:&quot;Cambria&quot;,serif\"><span style=\"letter-spacing:-0.5pt\"><b><span style=\"font-size:18.0pt\"><span style=\"font-family:&quot;Calibri&quot;,sans-serif\"><span style=\"font-variant:small-caps\">Ind&uacute;stria<\/span><\/span><\/span><\/b><\/span><\/span><\/span><\/p>\r\n\r\n<p style=\"text-align:justify\"><span style=\"font-size:11pt\"><span style=\"line-height:normal\"><span style=\"font-family:&quot;Calibri&quot;,sans-serif\"><a href=\"https:\/\/engenhariacompartilhada.com.br\/noticia\/exibir\/6347581_futuras-ferrovias-privadas-ja-somam-21-mil-quilometros-de-extensao\" style=\"color:blue; text-decoration:underline\"><span style=\"font-size:14.0pt\">Futuras ferrovias &ldquo;privadas&rdquo; j&aacute; somam 21 mil quil&ocirc;metros de extens&atilde;o<\/span><\/a><\/span><\/span><\/span><\/p>\r\n\r\n<p style=\"text-align:justify\"><span style=\"font-size:11pt\"><span style=\"line-height:normal\"><span style=\"font-family:&quot;Calibri&quot;,sans-serif\"><a href=\"https:\/\/www.grandesconstrucoes.com.br\/Noticias\/Exibir\/monitor-de-investimentos-preve-r-1881-bi-para-a-infraestrutura-brasileira-em-2022?utm_source=akna&amp;utm_medium=email&amp;utm_campaign=Grandes-Construcoes-Informativo-811-12-05-2022\" style=\"color:blue; text-decoration:underline\"><span style=\"font-size:14.0pt\">Monitor de investimentos prev&ecirc; R$ 188,1 bi para a infraestrutura brasileira em 2022<\/span><\/a><\/span><\/span><\/span><\/p>\r\n\r\n<p style=\"text-align:justify\"><span style=\"font-size:11pt\"><span style=\"line-height:normal\"><span style=\"font-family:&quot;Calibri&quot;,sans-serif\"><a href=\"http:\/\/abimovel.com\/exportacoes-brasileiras-de-moveis-e-colchoes-crescem-88-no-1o-trimestre-de-2022-segundo-abimovel\/?utm_campaign=exportacoes_brasileiras_de_moveis_e_colchoes_crescem_88_no_1_trimestre_de_2022_segundo_abimovel&amp;utm_medium=email&amp;utm_source=RD+Station\" style=\"color:blue; text-decoration:underline\"><span style=\"font-size:14.0pt\">Exporta&ccedil;&otilde;es brasileiras de m&oacute;veis e colch&otilde;es crescem 8,8% no 1&ordm; trimestre de 2022, segundo ABIM&Oacute;VEL<\/span><\/a><\/span><\/span><\/span><\/p>\r\n\r\n<p style=\"text-align:justify\"><span style=\"font-size:11pt\"><span style=\"line-height:normal\"><span style=\"font-family:&quot;Calibri&quot;,sans-serif\"><a href=\"https:\/\/www.automotivebusiness.com.br\/pt\/posts\/setor-automotivo\/conheca-os-principais-riscos-e-oportunidades-para-as-empresas-automotivas-em-2022\/\" style=\"color:blue; text-decoration:underline\"><span style=\"font-size:14.0pt\">Conhe&ccedil;a os principais riscos e oportunidades para as empresas automotivas em 2022<\/span><\/a><\/span><\/span><\/span><\/p>\r\n\r\n<p style=\"text-align:justify\"><span style=\"font-size:11pt\"><span style=\"line-height:normal\"><span style=\"font-family:&quot;Calibri&quot;,sans-serif\"><a href=\"https:\/\/agenciabrasil.ebc.com.br\/economia\/noticia\/2022-05\/industria-deve-qualificar-96-milhoes-de-pessoas-ate-2025\" style=\"color:blue; text-decoration:underline\"><span style=\"font-size:14.0pt\">Ind&uacute;stria deve qualificar 9,6 milh&otilde;es de pessoas at&eacute; 2025<\/span><\/a><\/span><\/span><\/span><\/p>\r\n\r\n<p class=\"MsoTitle\" style=\"text-align:justify\"><span style=\"font-size:28pt\"><span style=\"font-family:&quot;Cambria&quot;,serif\"><span style=\"letter-spacing:-0.5pt\"><b><span style=\"font-size:18.0pt\"><span style=\"font-family:&quot;Calibri&quot;,sans-serif\"><span style=\"font-variant:small-caps\">Sustentabilidade<\/span><\/span><\/span><\/b><\/span><\/span><\/span><\/p>\r\n\r\n<p style=\"text-align:justify\"><span style=\"font-size:11pt\"><span style=\"line-height:normal\"><span style=\"font-family:&quot;Calibri&quot;,sans-serif\"><a href=\"https:\/\/www.plastico.com.br\/economia-circular-coleta-de-residuos-exige-unir-esforcos\/\" style=\"color:blue; text-decoration:underline\"><span style=\"font-size:14.0pt\">Economia circular: Coleta de res&iacute;duos exige unir esfor&ccedil;os<\/span><\/a><\/span><\/span><\/span><\/p>\r\n\r\n<p style=\"text-align:justify\"><span style=\"font-size:11pt\"><span style=\"line-height:normal\"><span style=\"font-family:&quot;Calibri&quot;,sans-serif\"><a href=\"https:\/\/www.technicaltextile.net\/articles\/can-nonwovens-keep-up-in-an-ever-evolving-sustainable-world-9264\" style=\"color:blue; text-decoration:underline\"><span style=\"font-size:14.0pt\">Can Nonwovens Keep Up In An Ever-Evolving Sustainable World?<\/span><\/a><\/span><\/span><\/span><\/p>\r\n\r\n<p style=\"text-align:justify\"><span style=\"font-size:11pt\"><span style=\"line-height:normal\"><span style=\"font-family:&quot;Calibri&quot;,sans-serif\"><a href=\"https:\/\/www.technicaltextile.net\/news\/wsu-researchers-use-disposable-masks-to-make-durable-concrete-280457.html\" style=\"color:blue; text-decoration:underline\"><span style=\"font-size:14.0pt\">WSU researchers use disposable masks to make durable concrete<\/span><\/a><\/span><\/span><\/span><\/p>\r\n\r\n<p class=\"MsoTitle\" style=\"text-align:justify\"><span style=\"font-size:28pt\"><span style=\"font-family:&quot;Cambria&quot;,serif\"><span style=\"letter-spacing:-0.5pt\"><b><span style=\"font-size:18.0pt\"><span style=\"font-family:&quot;Calibri&quot;,sans-serif\"><span style=\"font-variant:small-caps\">Inova&ccedil;&atilde;o<\/span><\/span><\/span><\/b><\/span><\/span><\/span><\/p>\r\n\r\n<p style=\"text-align:justify\"><span style=\"font-size:11pt\"><span style=\"line-height:normal\"><span style=\"font-family:&quot;Calibri&quot;,sans-serif\"><a href=\"https:\/\/olhardigital.com.br\/2022\/05\/11\/ciencia-e-espaco\/estudante-produz-plastico-com-casca-de-laranja-e-busca-apoio-para-competicao-internacional-de-ciencia\/\" style=\"color:blue; text-decoration:underline\"><span style=\"font-size:14.0pt\">Estudante produz pl&aacute;stico com casca de laranja e busca apoio para competi&ccedil;&atilde;o internacional de ci&ecirc;ncia<\/span><\/a><\/span><\/span><\/span><\/p>\r\n\r\n<p style=\"text-align:justify\"><span style=\"font-size:11pt\"><span style=\"line-height:normal\"><span style=\"font-family:&quot;Calibri&quot;,sans-serif\"><a href=\"https:\/\/almaco.org.br\/2022\/05\/12\/5-tendencias-de-industria-4-0-que-setor-automotivo-precisa-acompanhar\/\" style=\"color:blue; text-decoration:underline\"><span style=\"font-size:14.0pt\">5 tend&ecirc;ncias de ind&uacute;stria 4.0 que setor automotivo precisa acompanhar<\/span><\/a><\/span><\/span><\/span><\/p>\r\n\r\n<p style=\"text-align:justify\"><span style=\"font-size:11pt\"><span style=\"line-height:normal\"><span style=\"font-family:&quot;Calibri&quot;,sans-serif\"><a href=\"https:\/\/tissueonline.com.br\/inda-escolhe-tres-finalistas-para-o-wow-innovation-award\/\" style=\"color:blue; text-decoration:underline\"><span style=\"font-size:14.0pt\">INDA escolhe tr&ecirc;s finalistas para o WOW Innovation Award<\/span><\/a><\/span><\/span><\/span><\/p>\r\n\r\n<p style=\"text-align:justify\"><span style=\"font-size:11pt\"><span style=\"line-height:normal\"><span style=\"font-family:&quot;Calibri&quot;,sans-serif\"><a href=\"https:\/\/www.technicaltextile.net\/news\/canadian-researchers-weave-threads-of-wi-fi-into-fabric-280582.html\" style=\"color:blue; text-decoration:underline\"><span style=\"font-size:14.0pt\">Canadian researchers weave &#39;threads&#39; of Wi-Fi into fabric<\/span><\/a><\/span><\/span><\/span><\/p>\r\n\r\n<p style=\"text-align:justify\"><span style=\"font-size:11pt\"><span style=\"line-height:normal\"><span style=\"font-family:&quot;Calibri&quot;,sans-serif\"><a href=\"https:\/\/www.innovationintextiles.com\/smart-textiles-nanotechnology\/towards-tactile-sensation-with-eskin\/\" style=\"color:blue; text-decoration:underline\"><span style=\"font-size:14.0pt\">Towards tactile sensation with e-skin - Electronic skin anticipates and perceives touch from different directions for the first time<\/span><\/a><\/span><\/span><\/span><\/p>\r\n\r\n<p style=\"text-align:justify\"><span style=\"font-size:11pt\"><span style=\"line-height:normal\"><span style=\"font-family:&quot;Calibri&quot;,sans-serif\"><a href=\"https:\/\/www.technicaltextile.net\/articles\/mit-s-digital-fibre-to-revolutionise-wearable-tech-9117\" style=\"color:blue; text-decoration:underline\"><span style=\"font-size:14.0pt\">MIT&#39;s digital fibre to revolutionise wearable tech<\/span><\/a><\/span><\/span><\/span><\/p>\r\n\r\n<p class=\"MsoTitle\" style=\"text-align:justify\"><span style=\"font-size:28pt\"><span style=\"font-family:&quot;Cambria&quot;,serif\"><span style=\"letter-spacing:-0.5pt\"><b><span style=\"font-size:18.0pt\"><span style=\"font-family:&quot;Calibri&quot;,sans-serif\"><span style=\"font-variant:small-caps\">Com&eacute;rcio Exterior<\/span><\/span><\/span><\/b><\/span><\/span><\/span><\/p>\r\n\r\n<p style=\"text-align:justify\"><span style=\"font-size:11pt\"><span style=\"line-height:normal\"><span style=\"font-family:&quot;Calibri&quot;,sans-serif\"><a href=\"https:\/\/agenciabrasil.ebc.com.br\/economia\/noticia\/2022-05\/ocde-convida-brasil-aderir-codigos-de-liberalizacao-financeira\" style=\"color:blue; text-decoration:underline\"><span style=\"font-size:14.0pt\">OCDE convida Brasil a aderir a c&oacute;digos de liberaliza&ccedil;&atilde;o financeira<\/span><\/a><\/span><\/span><\/span><\/p>\r\n\r\n<p style=\"text-align:justify\"><span style=\"font-size:11pt\"><span style=\"line-height:normal\"><span style=\"font-family:&quot;Calibri&quot;,sans-serif\"><a href=\"https:\/\/noticias.portaldaindustria.com.br\/noticias\/internacional\/producao-de-72-das-empresas-ouvidas-pela-cni-foi-afetada-por-greve-da-receita\/\" style=\"color:blue; text-decoration:underline\"><span style=\"font-size:14.0pt\">Produ&ccedil;&atilde;o de 72% das empresas ouvidas pela CNI foi afetada por greve da Receita<\/span><\/a><\/span><\/span><\/span><\/p>\r\n\r\n<p style=\"text-align:justify\"><span style=\"font-size:11pt\"><span style=\"line-height:normal\"><span style=\"font-family:&quot;Calibri&quot;,sans-serif\"><a href=\"https:\/\/tissueonline.com.br\/guerra-na-ucrania-e-lockdowns-na-china-aprofundam-caos-logistico-na-europa\/?utm_campaign=newsletter_13052022_novo_modelo&amp;utm_medium=email&amp;utm_source=RD+Station\" style=\"color:blue; text-decoration:underline\"><span style=\"font-size:14.0pt\">Guerra na Ucr&acirc;nia e lockdowns na China aprofundam caos log&iacute;stico na Europa<\/span><\/a><\/span><\/span><\/span><\/p>\r\n\r\n<p style=\"text-align:justify\"><span style=\"font-size:11pt\"><span style=\"line-height:normal\"><span style=\"font-family:&quot;Calibri&quot;,sans-serif\"><a href=\"https:\/\/agenciabrasil.ebc.com.br\/economia\/noticia\/2022-05\/senado-aprova-mp-que-prorroga-incentivo-fiscal-exportacao\" style=\"color:blue; text-decoration:underline\"><span style=\"font-size:14.0pt\">Senado aprova MP que prorroga incentivo fiscal &agrave; exporta&ccedil;&atilde;o<\/span><\/a><\/span><\/span><\/span><\/p>\r\n\r\n<p class=\"MsoTitle\" style=\"text-align:justify\"><span style=\"font-size:28pt\"><span style=\"font-family:&quot;Cambria&quot;,serif\"><span style=\"letter-spacing:-0.5pt\"><b><span style=\"font-size:18.0pt\"><span style=\"font-family:&quot;Calibri&quot;,sans-serif\"><span style=\"font-variant:small-caps\">Economia<\/span><\/span><\/span><\/b><\/span><\/span><\/span><\/p>\r\n\r\n<p style=\"text-align:justify\"><span style=\"font-size:11pt\"><span style=\"line-height:normal\"><span style=\"font-family:&quot;Calibri&quot;,sans-serif\"><a href=\"https:\/\/agenciabrasil.ebc.com.br\/internacional\/noticia\/2022-05\/economia-da-china-se-retrai-com-lockdowns-sobre-fabricas-e-varejistas\" style=\"color:blue; text-decoration:underline\"><span style=\"font-size:14.0pt\">Economia da China se retrai com lockdowns sobre f&aacute;bricas e varejistas<\/span><\/a><\/span><\/span><\/span><\/p>\r\n\r\n<p style=\"text-align:justify\"><span style=\"font-size:11pt\"><span style=\"line-height:normal\"><span style=\"font-family:&quot;Calibri&quot;,sans-serif\"><a href=\"http:\/\/textileindustry.ning.com\/forum\/topics\/varejo-reflete-sensa-o-de-fim-de-pandemia-mas-f-lego-limitado\" style=\"color:blue; text-decoration:underline\"><span style=\"font-size:14.0pt\">Varejo reflete sensa&ccedil;&atilde;o de &#39;fim de pandemia&#39;, mas f&ocirc;lego &eacute; limitado<\/span><\/a><\/span><\/span><\/span><\/p>\r\n\r\n<p style=\"text-align:justify\"><span style=\"font-size:11pt\"><span style=\"line-height:normal\"><span style=\"font-family:&quot;Calibri&quot;,sans-serif\"><a href=\"https:\/\/agenciabrasil.ebc.com.br\/economia\/noticia\/2022-05\/ibge-custo-da-construcao-sobe-121-em-abril\" style=\"color:blue; text-decoration:underline\"><span style=\"font-size:14.0pt\">IBGE: custo da constru&ccedil;&atilde;o sobe 1,21% em abril<\/span><\/a><\/span><\/span><\/span><\/p>\r\n\r\n<p style=\"text-align:justify\"><span style=\"font-size:11pt\"><span style=\"line-height:normal\"><span style=\"font-family:&quot;Calibri&quot;,sans-serif\"><a href=\"https:\/\/www.fibre2fashion.com\/news\/textile-news\/germany-s-inflation-rate-at-7-4-in-apr-2022-280669-newsdetails.htm\" style=\"color:blue; text-decoration:underline\"><span style=\"font-size:14.0pt\">Germany&#39;s inflation rate at 7.4% in Apr 2022<\/span><\/a><\/span><\/span><\/span><\/p>\r\n\r\n<p style=\"text-align:justify\"><span style=\"font-size:11pt\"><span style=\"line-height:normal\"><span style=\"font-family:&quot;Calibri&quot;,sans-serif\"><a href=\"https:\/\/www.fibre2fashion.com\/news\/textile-news\/china-s-share-of-global-economy-rises-to-over-18-top-govt-official-280712-newsdetails.htm\" style=\"color:blue; text-decoration:underline\"><span style=\"font-size:14.0pt\">China&#39;s share of global economy rises to over 18%: Top govt official<\/span><\/a><\/span><\/span><\/span><\/p>\r\n","6":"<p style=\"text-align:justify\"><span style=\"font-size:11pt\"><span style=\"line-height:normal\"><span style=\"font-family:&quot;Calibri&quot;,sans-serif\"><span style=\"font-size:14.0pt\">Esta &eacute; uma compila&ccedil;&atilde;o das not&iacute;cias mais relevantes para o setor, incluindo informa&ccedil;&otilde;es sobre acordos internacionais, economia brasileira, sustentabilidade e mat&eacute;rias primas, al&eacute;m de novidades do setor de N&atilde;otecidos e Tecidos T&eacute;cnicos.<\/span><\/span><\/span><\/span><\/p>\r\n\r\n<p class=\"MsoTitle\" style=\"text-align:justify\"><span style=\"font-size:28pt\"><span style=\"font-family:&quot;Cambria&quot;,serif\"><span style=\"letter-spacing:-0.5pt\"><b><span style=\"font-size:18.0pt\"><span style=\"font-family:&quot;Calibri&quot;,sans-serif\"><span style=\"font-variant:small-caps\">A&ccedil;&otilde;es da ABINT<\/span><\/span><\/span><\/b><\/span><\/span><\/span><\/p>\r\n\r\n<p class=\"MsoTitle\" style=\"text-align:justify\"><span style=\"font-size:28pt\"><span style=\"font-family:&quot;Cambria&quot;,serif\"><span style=\"letter-spacing:-0.5pt\"><b><span style=\"font-size:18.0pt\"><span style=\"font-family:&quot;Calibri&quot;,sans-serif\"><span style=\"font-variant:small-caps\"><img height=\"642\" src=\"https:\/\/www.abint.org.br\/assets\/img\/editor\/nonwovens-day-12_20220517182258rRlRpfVZTN.png\" width=\"639\" \/><\/span><\/span><\/span><\/b><\/span><\/span><\/span><\/p>\r\n\r\n<p style=\"text-align:justify\"><span style=\"font-size:11pt\"><span style=\"line-height:normal\"><span style=\"font-family:&quot;Calibri&quot;,sans-serif\"><b><span style=\"font-size:14.0pt\">A ABINT realizar&aacute; o Nonwovens Day 2022<\/span><\/b><\/span><\/span><\/span><\/p>\r\n\r\n<p style=\"text-align:justify\"><span style=\"font-size:11pt\"><span style=\"line-height:normal\"><span style=\"font-family:&quot;Calibri&quot;,sans-serif\"><span style=\"font-size:14.0pt\"><span style=\"background:white\"><span style=\"color:#444444\">O evento, online e gratuito, ocorrer&aacute; nos dias <b>08 e 09 de junho de 2022 <\/b>e reunir&aacute; a cadeia produtiva dos N&atilde;otecidos, de fornecedores a usu&aacute;rios, para debaterem as quest&otilde;es relacionadas &agrave; Sustentabilidade do setor. <\/span><\/span><\/span><a href=\"https:\/\/nonwovensdaycom.wordpress.com\/\" style=\"color:blue; text-decoration:underline\"><span style=\"font-size:14.0pt\"><span style=\"background:white\">Clique aqui e INSCREVA SE<\/span><\/span><\/a><span style=\"font-size:14.0pt\"><span style=\"background:white\"><span style=\"color:#444444\">.<\/span><\/span><\/span><\/span><\/span><\/span><\/p>\r\n\r\n<p style=\"text-align:justify\">&nbsp;<\/p>\r\n\r\n<p style=\"text-align:justify\"><span style=\"font-size:11pt\"><span style=\"line-height:normal\"><span style=\"font-family:&quot;Calibri&quot;,sans-serif\"><b><span style=\"font-size:18.0pt\"><span style=\"font-variant:small-caps\">Eventos<\/span><\/span><\/b><\/span><\/span><\/span><\/p>\r\n\r\n<p style=\"text-align:justify\"><span style=\"font-size:11pt\"><span style=\"line-height:normal\"><span style=\"font-family:&quot;Calibri&quot;,sans-serif\"><span class=\"MsoHyperlink\" style=\"color:blue\"><span style=\"text-decoration:underline\"><b><span style=\"font-size:14.0pt\"><span style=\"text-decoration:none\"><span style=\"text-underline:none\">Webin&aacute;rio INMETRO sobre Barreiras T&eacute;cnicas<\/span><\/span><\/span><\/b><\/span><\/span><span class=\"MsoHyperlink\" style=\"color:blue\"><span style=\"text-decoration:underline\"><span style=\"font-size:14.0pt\"><span style=\"text-decoration:none\"><span style=\"text-underline:none\">, data 18 de maio de 2022, das 14h &agrave;s 15h30. Informa&ccedil;&otilde;es: <\/span><\/span><\/span><\/span><\/span><a href=\"https:\/\/www.gov.br\/inmetro\/pt-br\/centrais-de-conteudo\/eventos\/webinario-sobre-barreiras-tecnicas\" style=\"color:blue; text-decoration:underline\"><span style=\"font-size:14.0pt\">clique aqui<\/span><\/a><\/span><\/span><\/span><\/p>\r\n\r\n<p style=\"text-align:justify\"><span style=\"font-size:11pt\"><span style=\"line-height:normal\"><span style=\"font-family:&quot;Calibri&quot;,sans-serif\"><span class=\"MsoHyperlink\" style=\"color:blue\"><span style=\"text-decoration:underline\"><b><span style=\"font-size:14.0pt\"><span style=\"text-decoration:none\"><span style=\"text-underline:none\">5th BIOTEXFUTURE Forum &quot;Shaping the future of the bio based textile value chain&quot;<\/span><\/span><\/span><\/b><\/span><\/span><span class=\"MsoHyperlink\" style=\"color:blue\"><span style=\"text-decoration:underline\"><span style=\"font-size:14.0pt\"><span style=\"text-decoration:none\"><span style=\"text-underline:none\">, data 18 de maio. Informa&ccedil;&otilde;es: <\/span><\/span><\/span><\/span><\/span><a href=\"https:\/\/www.biotexfuture.de\/event-details\/5th-biotexfuture-forum-shaping-the-future-of-the-bio-based-textile-value-chain\" style=\"color:blue; text-decoration:underline\"><span style=\"font-size:14.0pt\">clique aqui<\/span><\/a><\/span><\/span><\/span><\/p>\r\n\r\n<p style=\"text-align:justify\"><span style=\"font-size:11pt\"><span style=\"line-height:normal\"><span style=\"font-family:&quot;Calibri&quot;,sans-serif\"><span class=\"MsoHyperlink\" style=\"color:blue\"><span style=\"text-decoration:underline\"><b><span style=\"font-size:14.0pt\"><span style=\"text-decoration:none\"><span style=\"text-underline:none\">V Simp&oacute;sio de Engenharia Ferrovi&aacute;ria<\/span><\/span><\/span><\/b><\/span><\/span><span class=\"MsoHyperlink\" style=\"color:blue\"><span style=\"text-decoration:underline\"><span style=\"font-size:14.0pt\"><span style=\"text-decoration:none\"><span style=\"text-underline:none\">, data 18 e 19 de maio de 2022. Informa&ccedil;&otilde;es: <\/span><\/span><\/span><\/span><\/span><a href=\"https:\/\/eventos.galoa.com.br\/sef-2022\/page\/1492-home\" style=\"color:blue; text-decoration:underline\"><span style=\"font-size:14.0pt\">clique aqui<\/span><\/a><\/span><\/span><\/span><\/p>\r\n\r\n<p style=\"text-align:justify\"><span style=\"font-size:11pt\"><span style=\"line-height:normal\"><span style=\"font-family:&quot;Calibri&quot;,sans-serif\"><span class=\"MsoHyperlink\" style=\"color:blue\"><span style=\"text-decoration:underline\"><b><span style=\"font-size:14.0pt\"><span style=\"text-decoration:none\"><span style=\"text-underline:none\">Ciclo de Semin&aacute;rios TCU\/FIESP - Desafios da Economia Brasileira: Qualidade do Gasto P&uacute;blico<\/span><\/span><\/span><\/b><\/span><\/span><span class=\"MsoHyperlink\" style=\"color:blue\"><span style=\"text-decoration:underline\"><span style=\"font-size:14.0pt\"><span style=\"text-decoration:none\"><span style=\"text-underline:none\">, data 23 de maio de 2022. Informa&ccedil;&otilde;es: <\/span><\/span><\/span><\/span><\/span><a href=\"https:\/\/contas.tcu.gov.br\/ords\/f?p=706144:106:16620445722432::NO:106:P106_COD:204781&amp;utm_source=e-mkt&amp;utm_medium=e-mkt&amp;utm_campaign=TCU-Qualidade-do-gasto-p%20blico&amp;utm_id=TCU-Qualidade-do-gasto-p%20blico\" style=\"color:blue; text-decoration:underline\"><span style=\"font-size:14.0pt\">clique aqui<\/span><\/a><span class=\"MsoHyperlink\" style=\"color:blue\"><span style=\"text-decoration:underline\"><span style=\"font-size:14.0pt\"><span style=\"text-decoration:none\"><span style=\"text-underline:none\">.<\/span><\/span><\/span><\/span><\/span><\/span><\/span><\/span><\/p>\r\n\r\n<p style=\"text-align:justify\"><span style=\"font-size:11pt\"><span style=\"line-height:normal\"><span style=\"font-family:&quot;Calibri&quot;,sans-serif\"><span class=\"MsoHyperlink\" style=\"color:blue\"><span style=\"text-decoration:underline\"><b><span style=\"font-size:14.0pt\"><span style=\"text-decoration:none\"><span style=\"text-underline:none\">Webinar FGV IBRE e Valor Econ&ocirc;mico - &quot;VIII Semin&aacute;rio Anual de Pol&iacute;tica Monet&aacute;ria<\/span><\/span><\/span><\/b><\/span><\/span><span class=\"MsoHyperlink\" style=\"color:blue\"><span style=\"text-decoration:underline\"><span style=\"font-size:14.0pt\"><span style=\"text-decoration:none\"><span style=\"text-underline:none\">&quot;, data 25 de maio de 2022. Informa&ccedil;&otilde;es: <\/span><\/span><\/span><\/span><\/span><a href=\"https:\/\/evento.fgv.br\/politica_monetaria_25_05\/\" style=\"color:blue; text-decoration:underline\"><span style=\"font-size:14.0pt\">clique aqui<\/span><\/a><span class=\"MsoHyperlink\" style=\"color:blue\"><span style=\"text-decoration:underline\"><span style=\"font-size:14.0pt\"><span style=\"text-decoration:none\"><span style=\"text-underline:none\">.<\/span><\/span><\/span><\/span><\/span><\/span><\/span><\/span><\/p>\r\n\r\n<p style=\"text-align:justify\"><span style=\"font-size:11pt\"><span style=\"line-height:normal\"><span style=\"font-family:&quot;Calibri&quot;,sans-serif\"><span class=\"MsoHyperlink\" style=\"color:blue\"><span style=\"text-decoration:underline\"><b><span style=\"font-size:14.0pt\"><span style=\"text-decoration:none\"><span style=\"text-underline:none\">Abit e SENAI|CETIQT: Vis&atilde;o do futuro T&ecirc;xtil 2030<\/span><\/span><\/span><\/b><\/span><\/span><span class=\"MsoHyperlink\" style=\"color:blue\"><span style=\"text-decoration:underline\"><span style=\"font-size:14.0pt\"><span style=\"text-decoration:none\"><span style=\"text-underline:none\">, encontro presencial, data 26 de maio e 23 de junho de 2022. Informa&ccedil;&otilde;es: <\/span><\/span><\/span><\/span><\/span><a href=\"https:\/\/app.rdstation.email\/mail\/837609f2-3c74-4754-8c54-f4c22eecead3?utm_campaign=convite_textil_2030_-_09052022&amp;utm_medium=email&amp;utm_source=RD+Station\" style=\"color:blue; text-decoration:underline\"><span style=\"font-size:14.0pt\">clique aqui<\/span><\/a><span class=\"MsoHyperlink\" style=\"color:blue\"><span style=\"text-decoration:underline\"><span style=\"font-size:14.0pt\"><span style=\"text-decoration:none\"><span style=\"text-underline:none\">.<\/span><\/span><\/span><\/span><\/span><\/span><\/span><\/span><\/p>\r\n\r\n<p style=\"text-align:justify\"><span style=\"font-size:11pt\"><span style=\"line-height:normal\"><span style=\"font-family:&quot;Calibri&quot;,sans-serif\"><span class=\"MsoHyperlink\" style=\"color:blue\"><span style=\"text-decoration:underline\"><b><span style=\"font-size:14.0pt\"><span style=\"text-decoration:none\"><span style=\"text-underline:none\">The Global Digital Textile Conference<\/span><\/span><\/span><\/b><\/span><\/span><span class=\"MsoHyperlink\" style=\"color:blue\"><span style=\"text-decoration:underline\"><span style=\"font-size:14.0pt\"><span style=\"text-decoration:none\"><span style=\"text-underline:none\">, data 05 e 06 de outubro de 2022. Informa&ccedil;&otilde;es: <\/span><\/span><\/span><\/span><\/span><a href=\"http:\/\/www.events.wtin.com\/GDTC\" style=\"color:blue; text-decoration:underline\"><span style=\"font-size:14.0pt\">www.events.wtin.com\/GDTC<\/span><\/a> <\/span><\/span><\/span><\/p>\r\n\r\n<p class=\"MsoTitle\" style=\"text-align:justify\"><span style=\"font-size:28pt\"><span style=\"font-family:&quot;Cambria&quot;,serif\"><span style=\"letter-spacing:-0.5pt\"><b><span style=\"font-size:18.0pt\"><span style=\"font-family:&quot;Calibri&quot;,sans-serif\"><span style=\"font-variant:small-caps\">Setor<\/span><\/span><\/span><\/b><\/span><\/span><\/span><\/p>\r\n\r\n<p style=\"text-align:justify\"><span style=\"font-size:11pt\"><span style=\"line-height:normal\"><span style=\"font-family:&quot;Calibri&quot;,sans-serif\"><a href=\"http:\/\/textileindustry.ning.com\/forum\/topics\/ind-stria-t-xtil-e-de-confec-o-faturou-r-194-bilh-es-no-ano\" style=\"color:blue; text-decoration:underline\"><span style=\"font-size:14.0pt\">Ind&uacute;stria t&ecirc;xtil e de confec&ccedil;&atilde;o faturou R$ 194 bilh&otilde;es no ano passado<\/span><\/a><\/span><\/span><\/span><\/p>\r\n\r\n<p style=\"text-align:justify\"><span style=\"font-size:11pt\"><span style=\"line-height:normal\"><span style=\"font-family:&quot;Calibri&quot;,sans-serif\"><a href=\"https:\/\/www.textiletechnology.net\/technical-textiles\/news\/avk-european-composites-market-almost-back-to-pre-crisis-level-32082?utm_source=%2Fmeta%2Fnewsletter%2Fnewsletter&amp;utm_medium=newsletter&amp;utm_campaign=nl857&amp;utm_term=0801b20e08c3242125d512808cd74302\" style=\"color:blue; text-decoration:underline\"><span style=\"font-size:14.0pt\">European composites market almost back to pre-crisis level<\/span><\/a><\/span><\/span><\/span><\/p>\r\n\r\n<p style=\"text-align:justify\"><span style=\"font-size:11pt\"><span style=\"line-height:normal\"><span style=\"font-family:&quot;Calibri&quot;,sans-serif\"><a href=\"https:\/\/textilevaluechain.in\/in-depth-analysis\/application-of-jute-in-technical-textiles\/\" style=\"color:blue; text-decoration:underline\"><span style=\"font-size:14.0pt\">Application of jute in Technical Textiles<\/span><\/a><\/span><\/span><\/span><\/p>\r\n\r\n<p style=\"text-align:justify\"><span style=\"font-size:11pt\"><span style=\"line-height:normal\"><span style=\"font-family:&quot;Calibri&quot;,sans-serif\"><a href=\"https:\/\/www.technicaltextile.net\/articles\/innovative-medical-bandages-for-wound-healing-process-8694\" style=\"color:blue; text-decoration:underline\"><span style=\"font-size:14.0pt\">Innovative medical bandages for wound healing process<\/span><\/a><\/span><\/span><\/span><\/p>\r\n\r\n<p style=\"text-align:justify\"><span style=\"font-size:11pt\"><span style=\"line-height:normal\"><span style=\"font-family:&quot;Calibri&quot;,sans-serif\"><a href=\"https:\/\/www.istoedinheiro.com.br\/estas-marcas-brasileiras-fazem-sucesso-la-fora-e-voce-nao-conhece\/\" style=\"color:blue; text-decoration:underline\"><span style=\"font-size:14.0pt\">Estas marcas brasileiras fazem sucesso l&aacute; fora e voc&ecirc; n&atilde;o conhece<\/span><\/a><\/span><\/span><\/span><\/p>\r\n\r\n<p style=\"text-align:justify\"><span style=\"font-size:11pt\"><span style=\"line-height:normal\"><span style=\"font-family:&quot;Calibri&quot;,sans-serif\"><a href=\"https:\/\/grupomidia.com\/hcm\/kimberly-clark-aposta-no-brasil-como-hub-de-fabricacao-e-exportacao-para-america-latina\/\" style=\"color:blue; text-decoration:underline\"><span style=\"font-size:14.0pt\">Health Care - Kimberly-Clark aposta no Brasil como hub de fabrica&ccedil;&atilde;o e exporta&ccedil;&atilde;o para AL<\/span><\/a><\/span><\/span><\/span><\/p>\r\n\r\n<p class=\"MsoTitle\" style=\"text-align:justify\"><span style=\"font-size:28pt\"><span style=\"font-family:&quot;Cambria&quot;,serif\"><span style=\"letter-spacing:-0.5pt\"><b><span style=\"font-size:18.0pt\"><span style=\"font-family:&quot;Calibri&quot;,sans-serif\"><span style=\"font-variant:small-caps\">Ind&uacute;stria<\/span><\/span><\/span><\/b><\/span><\/span><\/span><\/p>\r\n\r\n<p style=\"text-align:justify\"><span style=\"font-size:11pt\"><span style=\"line-height:normal\"><span style=\"font-family:&quot;Calibri&quot;,sans-serif\"><a href=\"https:\/\/engenhariacompartilhada.com.br\/noticia\/exibir\/6347581_futuras-ferrovias-privadas-ja-somam-21-mil-quilometros-de-extensao\" style=\"color:blue; text-decoration:underline\"><span style=\"font-size:14.0pt\">Futuras ferrovias &ldquo;privadas&rdquo; j&aacute; somam 21 mil quil&ocirc;metros de extens&atilde;o<\/span><\/a><\/span><\/span><\/span><\/p>\r\n\r\n<p style=\"text-align:justify\"><span style=\"font-size:11pt\"><span style=\"line-height:normal\"><span style=\"font-family:&quot;Calibri&quot;,sans-serif\"><a href=\"https:\/\/www.grandesconstrucoes.com.br\/Noticias\/Exibir\/monitor-de-investimentos-preve-r-1881-bi-para-a-infraestrutura-brasileira-em-2022?utm_source=akna&amp;utm_medium=email&amp;utm_campaign=Grandes-Construcoes-Informativo-811-12-05-2022\" style=\"color:blue; text-decoration:underline\"><span style=\"font-size:14.0pt\">Monitor de investimentos prev&ecirc; R$ 188,1 bi para a infraestrutura brasileira em 2022<\/span><\/a><\/span><\/span><\/span><\/p>\r\n\r\n<p style=\"text-align:justify\"><span style=\"font-size:11pt\"><span style=\"line-height:normal\"><span style=\"font-family:&quot;Calibri&quot;,sans-serif\"><a href=\"http:\/\/abimovel.com\/exportacoes-brasileiras-de-moveis-e-colchoes-crescem-88-no-1o-trimestre-de-2022-segundo-abimovel\/?utm_campaign=exportacoes_brasileiras_de_moveis_e_colchoes_crescem_88_no_1_trimestre_de_2022_segundo_abimovel&amp;utm_medium=email&amp;utm_source=RD+Station\" style=\"color:blue; text-decoration:underline\"><span style=\"font-size:14.0pt\">Exporta&ccedil;&otilde;es brasileiras de m&oacute;veis e colch&otilde;es crescem 8,8% no 1&ordm; trimestre de 2022, segundo ABIM&Oacute;VEL<\/span><\/a><\/span><\/span><\/span><\/p>\r\n\r\n<p style=\"text-align:justify\"><span style=\"font-size:11pt\"><span style=\"line-height:normal\"><span style=\"font-family:&quot;Calibri&quot;,sans-serif\"><a href=\"https:\/\/www.automotivebusiness.com.br\/pt\/posts\/setor-automotivo\/conheca-os-principais-riscos-e-oportunidades-para-as-empresas-automotivas-em-2022\/\" style=\"color:blue; text-decoration:underline\"><span style=\"font-size:14.0pt\">Conhe&ccedil;a os principais riscos e oportunidades para as empresas automotivas em 2022<\/span><\/a><\/span><\/span><\/span><\/p>\r\n\r\n<p style=\"text-align:justify\"><span style=\"font-size:11pt\"><span style=\"line-height:normal\"><span style=\"font-family:&quot;Calibri&quot;,sans-serif\"><a href=\"https:\/\/agenciabrasil.ebc.com.br\/economia\/noticia\/2022-05\/industria-deve-qualificar-96-milhoes-de-pessoas-ate-2025\" style=\"color:blue; text-decoration:underline\"><span style=\"font-size:14.0pt\">Ind&uacute;stria deve qualificar 9,6 milh&otilde;es de pessoas at&eacute; 2025<\/span><\/a><\/span><\/span><\/span><\/p>\r\n\r\n<p class=\"MsoTitle\" style=\"text-align:justify\"><span style=\"font-size:28pt\"><span style=\"font-family:&quot;Cambria&quot;,serif\"><span style=\"letter-spacing:-0.5pt\"><b><span style=\"font-size:18.0pt\"><span style=\"font-family:&quot;Calibri&quot;,sans-serif\"><span style=\"font-variant:small-caps\">Sustentabilidade<\/span><\/span><\/span><\/b><\/span><\/span><\/span><\/p>\r\n\r\n<p style=\"text-align:justify\"><span style=\"font-size:11pt\"><span style=\"line-height:normal\"><span style=\"font-family:&quot;Calibri&quot;,sans-serif\"><a href=\"https:\/\/www.plastico.com.br\/economia-circular-coleta-de-residuos-exige-unir-esforcos\/\" style=\"color:blue; text-decoration:underline\"><span style=\"font-size:14.0pt\">Economia circular: Coleta de res&iacute;duos exige unir esfor&ccedil;os<\/span><\/a><\/span><\/span><\/span><\/p>\r\n\r\n<p style=\"text-align:justify\"><span style=\"font-size:11pt\"><span style=\"line-height:normal\"><span style=\"font-family:&quot;Calibri&quot;,sans-serif\"><a href=\"https:\/\/www.technicaltextile.net\/articles\/can-nonwovens-keep-up-in-an-ever-evolving-sustainable-world-9264\" style=\"color:blue; text-decoration:underline\"><span style=\"font-size:14.0pt\">Can Nonwovens Keep Up In An Ever-Evolving Sustainable World?<\/span><\/a><\/span><\/span><\/span><\/p>\r\n\r\n<p style=\"text-align:justify\"><span style=\"font-size:11pt\"><span style=\"line-height:normal\"><span style=\"font-family:&quot;Calibri&quot;,sans-serif\"><a href=\"https:\/\/www.technicaltextile.net\/news\/wsu-researchers-use-disposable-masks-to-make-durable-concrete-280457.html\" style=\"color:blue; text-decoration:underline\"><span style=\"font-size:14.0pt\">WSU researchers use disposable masks to make durable concrete<\/span><\/a><\/span><\/span><\/span><\/p>\r\n\r\n<p class=\"MsoTitle\" style=\"text-align:justify\"><span style=\"font-size:28pt\"><span style=\"font-family:&quot;Cambria&quot;,serif\"><span style=\"letter-spacing:-0.5pt\"><b><span style=\"font-size:18.0pt\"><span style=\"font-family:&quot;Calibri&quot;,sans-serif\"><span style=\"font-variant:small-caps\">Inova&ccedil;&atilde;o<\/span><\/span><\/span><\/b><\/span><\/span><\/span><\/p>\r\n\r\n<p style=\"text-align:justify\"><span style=\"font-size:11pt\"><span style=\"line-height:normal\"><span style=\"font-family:&quot;Calibri&quot;,sans-serif\"><a href=\"https:\/\/olhardigital.com.br\/2022\/05\/11\/ciencia-e-espaco\/estudante-produz-plastico-com-casca-de-laranja-e-busca-apoio-para-competicao-internacional-de-ciencia\/\" style=\"color:blue; text-decoration:underline\"><span style=\"font-size:14.0pt\">Estudante produz pl&aacute;stico com casca de laranja e busca apoio para competi&ccedil;&atilde;o internacional de ci&ecirc;ncia<\/span><\/a><\/span><\/span><\/span><\/p>\r\n\r\n<p style=\"text-align:justify\"><span style=\"font-size:11pt\"><span style=\"line-height:normal\"><span style=\"font-family:&quot;Calibri&quot;,sans-serif\"><a href=\"https:\/\/almaco.org.br\/2022\/05\/12\/5-tendencias-de-industria-4-0-que-setor-automotivo-precisa-acompanhar\/\" style=\"color:blue; text-decoration:underline\"><span style=\"font-size:14.0pt\">5 tend&ecirc;ncias de ind&uacute;stria 4.0 que setor automotivo precisa acompanhar<\/span><\/a><\/span><\/span><\/span><\/p>\r\n\r\n<p style=\"text-align:justify\"><span style=\"font-size:11pt\"><span style=\"line-height:normal\"><span style=\"font-family:&quot;Calibri&quot;,sans-serif\"><a href=\"https:\/\/tissueonline.com.br\/inda-escolhe-tres-finalistas-para-o-wow-innovation-award\/\" style=\"color:blue; text-decoration:underline\"><span style=\"font-size:14.0pt\">INDA escolhe tr&ecirc;s finalistas para o WOW Innovation Award<\/span><\/a><\/span><\/span><\/span><\/p>\r\n\r\n<p style=\"text-align:justify\"><span style=\"font-size:11pt\"><span style=\"line-height:normal\"><span style=\"font-family:&quot;Calibri&quot;,sans-serif\"><a href=\"https:\/\/www.technicaltextile.net\/news\/canadian-researchers-weave-threads-of-wi-fi-into-fabric-280582.html\" style=\"color:blue; text-decoration:underline\"><span style=\"font-size:14.0pt\">Canadian researchers weave &#39;threads&#39; of Wi-Fi into fabric<\/span><\/a><\/span><\/span><\/span><\/p>\r\n\r\n<p style=\"text-align:justify\"><span style=\"font-size:11pt\"><span style=\"line-height:normal\"><span style=\"font-family:&quot;Calibri&quot;,sans-serif\"><a href=\"https:\/\/www.innovationintextiles.com\/smart-textiles-nanotechnology\/towards-tactile-sensation-with-eskin\/\" style=\"color:blue; text-decoration:underline\"><span style=\"font-size:14.0pt\">Towards tactile sensation with e-skin - Electronic skin anticipates and perceives touch from different directions for the first time<\/span><\/a><\/span><\/span><\/span><\/p>\r\n\r\n<p style=\"text-align:justify\"><span style=\"font-size:11pt\"><span style=\"line-height:normal\"><span style=\"font-family:&quot;Calibri&quot;,sans-serif\"><a href=\"https:\/\/www.technicaltextile.net\/articles\/mit-s-digital-fibre-to-revolutionise-wearable-tech-9117\" style=\"color:blue; text-decoration:underline\"><span style=\"font-size:14.0pt\">MIT&#39;s digital fibre to revolutionise wearable tech<\/span><\/a><\/span><\/span><\/span><\/p>\r\n\r\n<p class=\"MsoTitle\" style=\"text-align:justify\"><span style=\"font-size:28pt\"><span style=\"font-family:&quot;Cambria&quot;,serif\"><span style=\"letter-spacing:-0.5pt\"><b><span style=\"font-size:18.0pt\"><span style=\"font-family:&quot;Calibri&quot;,sans-serif\"><span style=\"font-variant:small-caps\">Com&eacute;rcio Exterior<\/span><\/span><\/span><\/b><\/span><\/span><\/span><\/p>\r\n\r\n<p style=\"text-align:justify\"><span style=\"font-size:11pt\"><span style=\"line-height:normal\"><span style=\"font-family:&quot;Calibri&quot;,sans-serif\"><a href=\"https:\/\/agenciabrasil.ebc.com.br\/economia\/noticia\/2022-05\/ocde-convida-brasil-aderir-codigos-de-liberalizacao-financeira\" style=\"color:blue; text-decoration:underline\"><span style=\"font-size:14.0pt\">OCDE convida Brasil a aderir a c&oacute;digos de liberaliza&ccedil;&atilde;o financeira<\/span><\/a><\/span><\/span><\/span><\/p>\r\n\r\n<p style=\"text-align:justify\"><span style=\"font-size:11pt\"><span style=\"line-height:normal\"><span style=\"font-family:&quot;Calibri&quot;,sans-serif\"><a href=\"https:\/\/noticias.portaldaindustria.com.br\/noticias\/internacional\/producao-de-72-das-empresas-ouvidas-pela-cni-foi-afetada-por-greve-da-receita\/\" style=\"color:blue; text-decoration:underline\"><span style=\"font-size:14.0pt\">Produ&ccedil;&atilde;o de 72% das empresas ouvidas pela CNI foi afetada por greve da Receita<\/span><\/a><\/span><\/span><\/span><\/p>\r\n\r\n<p style=\"text-align:justify\"><span style=\"font-size:11pt\"><span style=\"line-height:normal\"><span style=\"font-family:&quot;Calibri&quot;,sans-serif\"><a href=\"https:\/\/tissueonline.com.br\/guerra-na-ucrania-e-lockdowns-na-china-aprofundam-caos-logistico-na-europa\/?utm_campaign=newsletter_13052022_novo_modelo&amp;utm_medium=email&amp;utm_source=RD+Station\" style=\"color:blue; text-decoration:underline\"><span style=\"font-size:14.0pt\">Guerra na Ucr&acirc;nia e lockdowns na China aprofundam caos log&iacute;stico na Europa<\/span><\/a><\/span><\/span><\/span><\/p>\r\n\r\n<p style=\"text-align:justify\"><span style=\"font-size:11pt\"><span style=\"line-height:normal\"><span style=\"font-family:&quot;Calibri&quot;,sans-serif\"><a href=\"https:\/\/agenciabrasil.ebc.com.br\/economia\/noticia\/2022-05\/senado-aprova-mp-que-prorroga-incentivo-fiscal-exportacao\" style=\"color:blue; text-decoration:underline\"><span style=\"font-size:14.0pt\">Senado aprova MP que prorroga incentivo fiscal &agrave; exporta&ccedil;&atilde;o<\/span><\/a><\/span><\/span><\/span><\/p>\r\n\r\n<p class=\"MsoTitle\" style=\"text-align:justify\"><span style=\"font-size:28pt\"><span style=\"font-family:&quot;Cambria&quot;,serif\"><span style=\"letter-spacing:-0.5pt\"><b><span style=\"font-size:18.0pt\"><span style=\"font-family:&quot;Calibri&quot;,sans-serif\"><span style=\"font-variant:small-caps\">Economia<\/span><\/span><\/span><\/b><\/span><\/span><\/span><\/p>\r\n\r\n<p style=\"text-align:justify\"><span style=\"font-size:11pt\"><span style=\"line-height:normal\"><span style=\"font-family:&quot;Calibri&quot;,sans-serif\"><a href=\"https:\/\/agenciabrasil.ebc.com.br\/internacional\/noticia\/2022-05\/economia-da-china-se-retrai-com-lockdowns-sobre-fabricas-e-varejistas\" style=\"color:blue; text-decoration:underline\"><span style=\"font-size:14.0pt\">Economia da China se retrai com lockdowns sobre f&aacute;bricas e varejistas<\/span><\/a><\/span><\/span><\/span><\/p>\r\n\r\n<p style=\"text-align:justify\"><span style=\"font-size:11pt\"><span style=\"line-height:normal\"><span style=\"font-family:&quot;Calibri&quot;,sans-serif\"><a href=\"http:\/\/textileindustry.ning.com\/forum\/topics\/varejo-reflete-sensa-o-de-fim-de-pandemia-mas-f-lego-limitado\" style=\"color:blue; text-decoration:underline\"><span style=\"font-size:14.0pt\">Varejo reflete sensa&ccedil;&atilde;o de &#39;fim de pandemia&#39;, mas f&ocirc;lego &eacute; limitado<\/span><\/a><\/span><\/span><\/span><\/p>\r\n\r\n<p style=\"text-align:justify\"><span style=\"font-size:11pt\"><span style=\"line-height:normal\"><span style=\"font-family:&quot;Calibri&quot;,sans-serif\"><a href=\"https:\/\/agenciabrasil.ebc.com.br\/economia\/noticia\/2022-05\/ibge-custo-da-construcao-sobe-121-em-abril\" style=\"color:blue; text-decoration:underline\"><span style=\"font-size:14.0pt\">IBGE: custo da constru&ccedil;&atilde;o sobe 1,21% em abril<\/span><\/a><\/span><\/span><\/span><\/p>\r\n\r\n<p style=\"text-align:justify\"><span style=\"font-size:11pt\"><span style=\"line-height:normal\"><span style=\"font-family:&quot;Calibri&quot;,sans-serif\"><a href=\"https:\/\/www.fibre2fashion.com\/news\/textile-news\/germany-s-inflation-rate-at-7-4-in-apr-2022-280669-newsdetails.htm\" style=\"color:blue; text-decoration:underline\"><span style=\"font-size:14.0pt\">Germany&#39;s inflation rate at 7.4% in Apr 2022<\/span><\/a><\/span><\/span><\/span><\/p>\r\n\r\n<p style=\"text-align:justify\"><span style=\"font-size:11pt\"><span style=\"line-height:normal\"><span style=\"font-family:&quot;Calibri&quot;,sans-serif\"><a href=\"https:\/\/www.fibre2fashion.com\/news\/textile-news\/china-s-share-of-global-economy-rises-to-over-18-top-govt-official-280712-newsdetails.htm\" style=\"color:blue; text-decoration:underline\"><span style=\"font-size:14.0pt\">China&#39;s share of global economy rises to over 18%: Top govt official<\/span><\/a><\/span><\/span><\/span><\/p>\r\n","texto_en":"","7":"","imagem":"COMP_banner-padrao-home-destaques-boletim_20220517182523CnaOpkN70j.jpg","8":"COMP_banner-padrao-home-destaques-boletim_20220517182523CnaOpkN70j.jpg","arquivo":"20220517-NOTICIAS-SEMANAIS.PDF","9":"20220517-NOTICIAS-SEMANAIS.PDF","titulo_arquivo":"","10":"","titulo_arquivo_en":"","11":"","created_at":"2022-05-17 18:25:31","12":"2022-05-17 18:25:31","updated_at":"2022-05-17 18:25:31","13":"2022-05-17 18:25:31"},{"id":16,"0":16,"ordem":207,"1":207,"data":"2022-05-10","2":"2022-05-10","slug":"boletim-de-noticias-semanais-13","3":"boletim-de-noticias-semanais-13","titulo":"Boletim de Not\u00edcias Semanais","4":"Boletim de Not\u00edcias Semanais","titulo_en":"","5":"","texto":"<p style=\"text-align:justify\"><span style=\"font-size:11pt\"><span style=\"line-height:normal\"><span style=\"font-family:&quot;Calibri&quot;,sans-serif\"><span style=\"font-size:14.0pt\">Esta &eacute; uma compila&ccedil;&atilde;o das not&iacute;cias mais relevantes para o setor, incluindo informa&ccedil;&otilde;es sobre acordos internacionais, economia brasileira, sustentabilidade e mat&eacute;rias primas, al&eacute;m de novidades do setor de N&atilde;otecidos e Tecidos T&eacute;cnicos.<\/span><\/span><\/span><\/span><\/p>\r\n\r\n<p class=\"MsoTitle\" style=\"text-align:justify\"><span style=\"font-size:28pt\"><span style=\"font-family:&quot;Cambria&quot;,serif\"><span style=\"letter-spacing:-0.5pt\"><b><span style=\"font-size:18.0pt\"><span style=\"font-family:&quot;Calibri&quot;,sans-serif\"><span style=\"font-variant:small-caps\">A&ccedil;&otilde;es da ABINT<\/span><\/span><\/span><\/b><\/span><\/span><\/span><\/p>\r\n\r\n<p class=\"MsoTitle\" style=\"text-align:justify\"><span style=\"font-size:28pt\"><span style=\"font-family:&quot;Cambria&quot;,serif\"><span style=\"letter-spacing:-0.5pt\"><b><span style=\"font-size:18.0pt\"><span style=\"font-family:&quot;Calibri&quot;,sans-serif\"><span style=\"font-variant:small-caps\"><img src=\"https:\/\/www.abint.org.br\/assets\/img\/editor\/nonwovens-day12_20220511121958aLbE4BGkrT.png\" \/><\/span><\/span><\/span><\/b><\/span><\/span><\/span><\/p>\r\n\r\n<p style=\"text-align:justify\"><span style=\"font-size:11pt\"><span style=\"line-height:normal\"><span style=\"font-family:&quot;Calibri&quot;,sans-serif\"><b><span style=\"font-size:14.0pt\">A ABINT realizar&aacute; o Nonwovens Day 2022<\/span><\/b><\/span><\/span><\/span><\/p>\r\n\r\n<p style=\"text-align:justify\"><span style=\"font-size:11pt\"><span style=\"line-height:normal\"><span style=\"font-family:&quot;Calibri&quot;,sans-serif\"><span style=\"font-size:14.0pt\"><span style=\"background:white\"><span style=\"color:#444444\">O evento, online e gratuito, ocorrer&aacute; nos dias <b>08 e 09 de junho de 2022 <\/b>e reunir&aacute; a cadeia produtiva dos N&atilde;otecidos, de fornecedores a usu&aacute;rios, para debaterem as quest&otilde;es relacionadas &agrave; Sustentabilidade do setor. <\/span><\/span><\/span><a href=\"https:\/\/nonwovensdaycom.wordpress.com\/\" style=\"color:blue; text-decoration:underline\"><span style=\"font-size:14.0pt\"><span style=\"background:white\">Clique aqui e INSCREVA SE<\/span><\/span><\/a><span style=\"font-size:14.0pt\"><span style=\"background:white\"><span style=\"color:#444444\">.<\/span><\/span><\/span><\/span><\/span><\/span><\/p>\r\n\r\n<p style=\"text-align:justify\">&nbsp;<\/p>\r\n\r\n<p style=\"text-align:justify\"><span style=\"font-size:11pt\"><span style=\"line-height:normal\"><span style=\"font-family:&quot;Calibri&quot;,sans-serif\"><b><span style=\"font-size:18.0pt\"><span style=\"font-variant:small-caps\">Eventos<\/span><\/span><\/b><\/span><\/span><\/span><\/p>\r\n\r\n<p style=\"text-align:justify\"><span style=\"font-size:11pt\"><span style=\"line-height:normal\"><span style=\"font-family:&quot;Calibri&quot;,sans-serif\"><span class=\"MsoHyperlink\" style=\"color:blue\"><span style=\"text-decoration:underline\"><b><span style=\"font-size:14.0pt\"><span style=\"text-decoration:none\"><span style=\"text-underline:none\">5th BIOTEXFUTURE Forum &quot;Shaping the future of the bio based textile value chain&quot;<\/span><\/span><\/span><\/b><\/span><\/span><span class=\"MsoHyperlink\" style=\"color:blue\"><span style=\"text-decoration:underline\"><span style=\"font-size:14.0pt\"><span style=\"text-decoration:none\"><span style=\"text-underline:none\">, data 18 de maio. Informa&ccedil;&otilde;es: <\/span><\/span><\/span><\/span><\/span><a href=\"https:\/\/www.biotexfuture.de\/event-details\/5th-biotexfuture-forum-shaping-the-future-of-the-bio-based-textile-value-chain\" style=\"color:blue; text-decoration:underline\"><span style=\"font-size:14.0pt\">clique aqui<\/span><\/a><\/span><\/span><\/span><\/p>\r\n\r\n<p style=\"text-align:justify\"><span style=\"font-size:11pt\"><span style=\"line-height:normal\"><span style=\"font-family:&quot;Calibri&quot;,sans-serif\"><span class=\"MsoHyperlink\" style=\"color:blue\"><span style=\"text-decoration:underline\"><b><span style=\"font-size:14.0pt\"><span style=\"text-decoration:none\"><span style=\"text-underline:none\">V Simp&oacute;sio de Engenharia Ferrovi&aacute;ria<\/span><\/span><\/span><\/b><\/span><\/span><span class=\"MsoHyperlink\" style=\"color:blue\"><span style=\"text-decoration:underline\"><span style=\"font-size:14.0pt\"><span style=\"text-decoration:none\"><span style=\"text-underline:none\">, data 18 e 19 de maio de 2022. Informa&ccedil;&otilde;es: <\/span><\/span><\/span><\/span><\/span><a href=\"https:\/\/eventos.galoa.com.br\/sef-2022\/page\/1492-home\" style=\"color:blue; text-decoration:underline\"><span style=\"font-size:14.0pt\">clique aqui<\/span><\/a><\/span><\/span><\/span><\/p>\r\n\r\n<p style=\"text-align:justify\"><span style=\"font-size:11pt\"><span style=\"line-height:normal\"><span style=\"font-family:&quot;Calibri&quot;,sans-serif\"><span class=\"MsoHyperlink\" style=\"color:blue\"><span style=\"text-decoration:underline\"><b><span style=\"font-size:14.0pt\"><span style=\"text-decoration:none\"><span style=\"text-underline:none\">The Global Digital Textile Conference<\/span><\/span><\/span><\/b><\/span><\/span><span class=\"MsoHyperlink\" style=\"color:blue\"><span style=\"text-decoration:underline\"><span style=\"font-size:14.0pt\"><span style=\"text-decoration:none\"><span style=\"text-underline:none\">, data 05 e 06 de outubro de 2022. Informa&ccedil;&otilde;es: <\/span><\/span><\/span><\/span><\/span><a href=\"http:\/\/www.events.wtin.com\/GDTC\" style=\"color:blue; text-decoration:underline\"><span style=\"font-size:14.0pt\">www.events.wtin.com\/GDTC<\/span><\/a> <\/span><\/span><\/span><\/p>\r\n\r\n<p class=\"MsoTitle\" style=\"text-align:justify\"><span style=\"font-size:28pt\"><span style=\"font-family:&quot;Cambria&quot;,serif\"><span style=\"letter-spacing:-0.5pt\"><b><span style=\"font-size:18.0pt\"><span style=\"font-family:&quot;Calibri&quot;,sans-serif\"><span style=\"font-variant:small-caps\">Setor<\/span><\/span><\/span><\/b><\/span><\/span><\/span><\/p>\r\n\r\n<p style=\"text-align:justify\"><span style=\"font-size:11pt\"><span style=\"line-height:normal\"><span style=\"font-family:&quot;Calibri&quot;,sans-serif\"><a href=\"https:\/\/sociedadeonline.com\/nova-geomanta-proporciona-seguranca-a-moradores-de-castelo-branco\/\" style=\"color:blue; text-decoration:underline\"><span style=\"font-size:14.0pt\">Nova geomanta proporciona seguran&ccedil;a a moradores de Castelo Branco<\/span><\/a><\/span><\/span><\/span><\/p>\r\n\r\n<p style=\"text-align:justify\"><span style=\"font-size:11pt\"><span style=\"line-height:normal\"><span style=\"font-family:&quot;Calibri&quot;,sans-serif\"><a href=\"https:\/\/www.innovationintextiles.com\/nonwovens\/edana-active-creative-and-handson\/\" style=\"color:blue; text-decoration:underline\"><span style=\"font-size:14.0pt\">EDANA &ndash; active, creative and hands on<\/span><\/a><\/span><\/span><\/span><\/p>\r\n\r\n<p style=\"text-align:justify\"><span style=\"font-size:11pt\"><span style=\"line-height:normal\"><span style=\"font-family:&quot;Calibri&quot;,sans-serif\"><a href=\"https:\/\/www.nonwovens-industry.com\/contents\/view_online-exclusives\/2022-05-03\/chinese-nonwovens-continues-to-increase?utm_source=SilverpopMailing&amp;utm_medium=email&amp;utm_campaign=NON_eNewsletter+%285-5-2022%29+%28Final%29&amp;utm_content=&amp;spMailingID=8246444&amp;spUserID=NzcxNzIyNDQyMzgS1&amp;spJobID=1500170109&amp;spReportId=MTUwMDE3MDEwOQS2\" style=\"color:blue; text-decoration:underline\"><span style=\"font-size:14.0pt\">Chinese Nonwovens Output Continues to Increase<\/span><\/a><\/span><\/span><\/span><\/p>\r\n\r\n<p style=\"text-align:justify\"><span style=\"font-size:11pt\"><span style=\"line-height:normal\"><span style=\"font-family:&quot;Calibri&quot;,sans-serif\"><a href=\"https:\/\/plasticosemrevista.com.br\/devagar-com-o-andor-e-ardor\/\" style=\"color:blue; text-decoration:underline\"><span style=\"font-size:14.0pt\">Devagar com o andor e ardor<\/span><\/a><\/span><\/span><\/span><\/p>\r\n\r\n<p style=\"text-align:justify\"><span style=\"font-size:11pt\"><span style=\"line-height:normal\"><span style=\"font-family:&quot;Calibri&quot;,sans-serif\"><a href=\"https:\/\/plasticosemrevista.com.br\/pesquisa-de-opiniao-4\/\" style=\"color:blue; text-decoration:underline\"><span style=\"font-size:14.0pt\">Por que o consumo de filmes para cultivo de hortifr&uacute;tis no Brasil, pot&ecirc;ncia mundial no agroneg&oacute;cio, perde longe, h&aacute; muito tempo, para o de pa&iacute;ses bem menores como Jap&atilde;o, M&eacute;xico e Espanha?<\/span><\/a><\/span><\/span><\/span><\/p>\r\n\r\n<p style=\"text-align:justify\"><span style=\"font-size:11pt\"><span style=\"line-height:normal\"><span style=\"font-family:&quot;Calibri&quot;,sans-serif\"><a href=\"https:\/\/www.abrafiltros.org.br\/noticias.asp?noticia=1728\" style=\"color:blue; text-decoration:underline\"><span style=\"font-size:14.0pt\">Abra Talks de 12 de maio traz mais tr&ecirc;s assuntos t&eacute;cnicos para setor de filtra&ccedil;&atilde;o<\/span><\/a><\/span><\/span><\/span><\/p>\r\n\r\n<p style=\"text-align:justify\"><span style=\"font-size:11pt\"><span style=\"line-height:normal\"><span style=\"font-family:&quot;Calibri&quot;,sans-serif\"><a href=\"https:\/\/www.braskem.com.br\/detalhe-noticia\/braskem-passa-a-integrar-instituto-combustivel-legal-para-contribuir-com-desenvolvimento-do-setor-e-expandir-sua-atuacao-no-segmento\" style=\"color:blue; text-decoration:underline\"><span style=\"font-size:14.0pt\">Braskem passa a integrar Instituto Combust&iacute;vel Legal para contribuir com desenvolvimento do setor e expandir sua atua&ccedil;&atilde;o no segmento<\/span><\/a><\/span><\/span><\/span><\/p>\r\n\r\n<p style=\"text-align:justify\"><span style=\"font-size:11pt\"><span style=\"line-height:normal\"><span style=\"font-family:&quot;Calibri&quot;,sans-serif\"><a href=\"https:\/\/www.agenciabrasilia.df.gov.br\/2022\/05\/07\/uniao-de-fundacoes-de-pesquisa-ajuda-df-a-superar-pandemia\/\" style=\"color:blue; text-decoration:underline\"><span style=\"font-size:14.0pt\">Uni&atilde;o de funda&ccedil;&otilde;es de pesquisa ajuda DF a superar pandemia<\/span><\/a><\/span><\/span><\/span><\/p>\r\n\r\n<p style=\"text-align:justify\"><span style=\"font-size:11pt\"><span style=\"line-height:normal\"><span style=\"font-family:&quot;Calibri&quot;,sans-serif\"><a href=\"https:\/\/www.agrolink.com.br\/noticias\/como-evitar-prejuizos-no-transporte-da-safra_465443.html\" style=\"color:blue; text-decoration:underline\"><span style=\"font-size:14.0pt\">Como evitar preju&iacute;zos no transporte da safra<\/span><\/a><\/span><\/span><\/span><\/p>\r\n\r\n<p class=\"MsoTitle\" style=\"text-align:justify\"><span style=\"font-size:28pt\"><span style=\"font-family:&quot;Cambria&quot;,serif\"><span style=\"letter-spacing:-0.5pt\"><b><span style=\"font-size:18.0pt\"><span style=\"font-family:&quot;Calibri&quot;,sans-serif\"><span style=\"font-variant:small-caps\">Ind&uacute;stria<\/span><\/span><\/span><\/b><\/span><\/span><\/span><\/p>\r\n\r\n<p style=\"text-align:justify\">&nbsp;<\/p>\r\n\r\n<p style=\"text-align:justify\"><span style=\"font-size:11pt\"><span style=\"line-height:normal\"><span style=\"font-family:&quot;Calibri&quot;,sans-serif\"><a href=\"https:\/\/www.fibre2fashion.com\/industry-article\/9388\/global-manufacturing-growth-continues-to-be-challenged\" style=\"color:blue; text-decoration:underline\"><span style=\"font-size:14.0pt\">Global Manufacturing Growth Continues to be Challenged<\/span><\/a><\/span><\/span><\/span><\/p>\r\n\r\n<p style=\"text-align:justify\"><span style=\"font-size:11pt\"><span style=\"line-height:normal\"><span style=\"font-family:&quot;Calibri&quot;,sans-serif\"><a href=\"http:\/\/textileindustry.ning.com\/forum\/topics\/ind-stria-prepara-se-para-a-desglobaliza-o\" style=\"color:blue; text-decoration:underline\"><span style=\"font-size:14.0pt\">Ind&uacute;stria prepara se para a desglobaliza&ccedil;&atilde;o<\/span><\/a><\/span><\/span><\/span><\/p>\r\n\r\n<p style=\"text-align:justify\"><span style=\"font-size:11pt\"><span style=\"line-height:normal\"><span style=\"font-family:&quot;Calibri&quot;,sans-serif\"><a href=\"https:\/\/www.revistamt.com.br\/Noticias\/Exibir\/mineracao-investira-r-200-bilhoes-em-cinco-anos-diz-ibram?utm_source=akna&amp;utm_medium=email&amp;utm_campaign=Revista-M-T-Informativo-575\" style=\"color:blue; text-decoration:underline\"><span style=\"font-size:14.0pt\">Minera&ccedil;&atilde;o investir&aacute; R$ 200 bilh&otilde;es em cinco anos, diz Ibram<\/span><\/a><\/span><\/span><\/span><\/p>\r\n\r\n<p style=\"text-align:justify\"><span style=\"font-size:11pt\"><span style=\"line-height:normal\"><span style=\"font-family:&quot;Calibri&quot;,sans-serif\"><a href=\"https:\/\/www.moveisdevalor.com.br\/portal\/producao-de-moveis-volta-a-cair-pelo-segundo-mes-no-ano?source=news\" style=\"color:blue; text-decoration:underline\"><span style=\"font-size:14.0pt\">Produ&ccedil;&atilde;o de m&oacute;veis volta a cair pelo segundo m&ecirc;s no ano<\/span><\/a><\/span><\/span><\/span><\/p>\r\n\r\n<p style=\"text-align:justify\"><span style=\"font-size:11pt\"><span style=\"line-height:normal\"><span style=\"font-family:&quot;Calibri&quot;,sans-serif\"><a href=\"https:\/\/agenciabrasil.ebc.com.br\/economia\/noticia\/2022-05\/por-falta-de-semicondutores-volkswagen-da-ferias-coletivas\" style=\"color:blue; text-decoration:underline\"><span style=\"font-size:14.0pt\">Por falta de semicondutores, Volkswagen d&aacute; f&eacute;rias coletivas<\/span><\/a><\/span><\/span><\/span><\/p>\r\n\r\n<p style=\"text-align:justify\"><span style=\"font-size:11pt\"><span style=\"line-height:normal\"><span style=\"font-family:&quot;Calibri&quot;,sans-serif\"><a href=\"https:\/\/agenciabrasil.ebc.com.br\/economia\/noticia\/2022-05\/caoa-anuncia-fechamento-da-fabrica-e-demissao-de-480-trabalhadores\" style=\"color:blue; text-decoration:underline\"><span style=\"font-size:14.0pt\">Caoa anuncia fechamento da f&aacute;brica e demiss&atilde;o de 480 trabalhadores<\/span><\/a><\/span><\/span><\/span><\/p>\r\n\r\n<p style=\"text-align:justify\"><span style=\"font-size:11pt\"><span style=\"line-height:normal\"><span style=\"font-family:&quot;Calibri&quot;,sans-serif\"><a href=\"https:\/\/www.innovationintextiles.com\/composites\/composites-bounce-back-in-2021\/\" style=\"color:blue; text-decoration:underline\"><span style=\"font-size:14.0pt\">Composites bounce back in 2021<\/span><\/a><\/span><\/span><\/span><\/p>\r\n\r\n<p style=\"text-align:justify\"><span style=\"font-size:11pt\"><span style=\"line-height:normal\"><span style=\"font-family:&quot;Calibri&quot;,sans-serif\"><a href=\"https:\/\/www.grandesconstrucoes.com.br\/Noticias\/Exibir\/deconcic-avalia-o-cenario-da-construcao-no-pais?utm_source=akna&amp;utm_medium=email&amp;utm_campaign=Grandes-Construcoes-News-810-05-05-2022\" style=\"color:blue; text-decoration:underline\"><span style=\"font-size:14.0pt\">Deconcic avalia o cen&aacute;rio da constru&ccedil;&atilde;o no pa&iacute;s<\/span><\/a><\/span><\/span><\/span><\/p>\r\n\r\n<p style=\"text-align:justify\"><span style=\"font-size:11pt\"><span style=\"line-height:normal\"><span style=\"font-family:&quot;Calibri&quot;,sans-serif\"><a href=\"https:\/\/noticias.portaldaindustria.com.br\/noticias\/competitividade\/produtividade-na-industria-em-2021-cai-para-patamar-mais-baixo-desde-2000-\/\" style=\"color:blue; text-decoration:underline\"><span style=\"font-size:14.0pt\">Produtividade na ind&uacute;stria em 2021 cai para patamar mais baixo desde 2000<\/span><\/a><\/span><\/span><\/span><\/p>\r\n\r\n<p style=\"text-align:justify\"><span style=\"font-size:11pt\"><span style=\"line-height:normal\"><span style=\"font-family:&quot;Calibri&quot;,sans-serif\"><a href=\"https:\/\/mobilidade.estadao.com.br\/mobilidade-para-que\/setor-automotivo-enfrenta-desafios-mas-vislumbra-boas-oportunidades-no-brasil\/\" style=\"color:blue; text-decoration:underline\"><span style=\"font-size:14.0pt\">Setor automotivo enfrenta desafios, mas vislumbra boas oportunidades no Brasil<\/span><\/a><\/span><\/span><\/span><\/p>\r\n\r\n<p style=\"text-align:justify\"><span style=\"font-size:11pt\"><span style=\"line-height:normal\"><span style=\"font-family:&quot;Calibri&quot;,sans-serif\"><a href=\"https:\/\/agenciabrasil.ebc.com.br\/economia\/noticia\/2022-05\/confianca-empresarial-atinge-maior-nivel-em-cinco-meses-diz-fgv\" style=\"color:blue; text-decoration:underline\"><span style=\"font-size:14.0pt\">Confian&ccedil;a empresarial atinge o maior n&iacute;vel em cinco meses<\/span><\/a><\/span><\/span><\/span><\/p>\r\n\r\n<p class=\"MsoTitle\" style=\"text-align:justify\"><span style=\"font-size:28pt\"><span style=\"font-family:&quot;Cambria&quot;,serif\"><span style=\"letter-spacing:-0.5pt\"><b><span style=\"font-size:18.0pt\"><span style=\"font-family:&quot;Calibri&quot;,sans-serif\"><span style=\"font-variant:small-caps\">Sustentabilidade<\/span><\/span><\/span><\/b><\/span><\/span><\/span><\/p>\r\n\r\n<p style=\"text-align:justify\"><span style=\"font-size:11pt\"><span style=\"line-height:normal\"><span style=\"font-family:&quot;Calibri&quot;,sans-serif\"><a href=\"https:\/\/fcem.com.br\/noticias\/a-viabilidade-de-negocios-sustentaveis-na-industria-textil\/?utm_campaign=febratex_news_050522&amp;utm_medium=email&amp;utm_source=RD+Station\" style=\"color:blue; text-decoration:underline\"><span style=\"font-size:14.0pt\">A viabilidade de neg&oacute;cios sustent&aacute;veis na ind&uacute;stria t&ecirc;xtil<\/span><\/a><\/span><\/span><\/span><\/p>\r\n\r\n<p style=\"text-align:justify\"><span style=\"font-size:11pt\"><span style=\"line-height:normal\"><span style=\"font-family:&quot;Calibri&quot;,sans-serif\"><a href=\"https:\/\/www.nonwovens-industry.com\/contents\/view_online-exclusives\/2022-05-05\/uk-retailers-vow-to-stop-selling-plastic-based-wipes?utm_source=SilverpopMailing&amp;utm_medium=email&amp;utm_campaign=NON_eNewsletter+%285-5-2022%29+%28Final%29&amp;utm_content=&amp;spMailingID=8246444&amp;spUserID=NzcxNzIyNDQyMzgS1&amp;spJobID=1500170109&amp;spReportId=MTUwMDE3MDEwOQS2\" style=\"color:blue; text-decoration:underline\"><span style=\"font-size:14.0pt\">U.K. Retailers Vow to Stop Selling Plastic Based Wipes<\/span><\/a><\/span><\/span><\/span><\/p>\r\n\r\n<p style=\"text-align:justify\"><span style=\"font-size:11pt\"><span style=\"line-height:normal\"><span style=\"font-family:&quot;Calibri&quot;,sans-serif\"><a href=\"https:\/\/www.plastico.com.br\/economia-circular-gestao-de-rsu-precisa-melhorar\/\" style=\"color:blue; text-decoration:underline\"><span style=\"font-size:14.0pt\">Economia circular &ndash; Gest&atilde;o de RSU precisa melhorar<\/span><\/a><\/span><\/span><\/span><\/p>\r\n\r\n<p style=\"text-align:justify\"><span style=\"font-size:11pt\"><span style=\"line-height:normal\"><span style=\"font-family:&quot;Calibri&quot;,sans-serif\"><a href=\"https:\/\/www.segs.com.br\/demais\/345195-braskem-lanca-edital-inedito-para-incentivo-de-ate-r-1-milhao-a-projetos-sociais-pelo-brasil\" style=\"color:blue; text-decoration:underline\"><span style=\"font-size:14.0pt\">Braskem lan&ccedil;a edital in&eacute;dito para incentivo de at&eacute; R$ 1 milh&atilde;o a projetos sociais pelo Brasil<\/span><\/a><\/span><\/span><\/span><\/p>\r\n\r\n<p class=\"MsoTitle\" style=\"text-align:justify\"><span style=\"font-size:28pt\"><span style=\"font-family:&quot;Cambria&quot;,serif\"><span style=\"letter-spacing:-0.5pt\"><b><span style=\"font-size:18.0pt\"><span style=\"font-family:&quot;Calibri&quot;,sans-serif\"><span style=\"font-variant:small-caps\">Inova&ccedil;&atilde;o<\/span><\/span><\/span><\/b><\/span><\/span><\/span><\/p>\r\n\r\n<p style=\"text-align:justify\"><span style=\"font-size:11pt\"><span style=\"line-height:normal\"><span style=\"font-family:&quot;Calibri&quot;,sans-serif\"><a href=\"https:\/\/canaltech.com.br\/saude\/nova-enzima-decompoe-plastico-em-apenas-24-horas-215330\/\" style=\"color:blue; text-decoration:underline\"><span style=\"font-size:14.0pt\">Nova enzima decomp&otilde;e pl&aacute;stico em apenas 24 horas<\/span><\/a><\/span><\/span><\/span><\/p>\r\n\r\n<p style=\"text-align:justify\"><span style=\"font-size:11pt\"><span style=\"line-height:normal\"><span style=\"font-family:&quot;Calibri&quot;,sans-serif\"><a href=\"https:\/\/www.inovacaotecnologica.com.br\/noticias\/noticia.php?artigo=tecidos-eletronicos-fabricados-pela-tradicional-tecnica-serigrafia&amp;id=010110220503#.YnRVrB5v80M\" style=\"color:blue; text-decoration:underline\"><span style=\"font-size:14.0pt\">Tecidos eletr&ocirc;nicos fabricados pela tradicional t&eacute;cnica da serigrafia<\/span><\/a><\/span><\/span><\/span><\/p>\r\n\r\n<p style=\"text-align:justify\"><span style=\"font-size:11pt\"><span style=\"line-height:normal\"><span style=\"font-family:&quot;Calibri&quot;,sans-serif\"><a href=\"https:\/\/www.news-medical.net\/news\/20220505\/e28098Smarte28099-diaper-could-provide-painless-and-quick-bedside-urinalyses.aspx\" style=\"color:blue; text-decoration:underline\"><span style=\"font-size:14.0pt\">&lsquo;Smart&rsquo; diaper could provide painless and quick bedside urinalyses<\/span><\/a><\/span><\/span><\/span><\/p>\r\n\r\n<p class=\"MsoTitle\" style=\"text-align:justify\"><span style=\"font-size:28pt\"><span style=\"font-family:&quot;Cambria&quot;,serif\"><span style=\"letter-spacing:-0.5pt\"><b><span style=\"font-size:18.0pt\"><span style=\"font-family:&quot;Calibri&quot;,sans-serif\"><span style=\"font-variant:small-caps\">Com&eacute;rcio Exterior<\/span><\/span><\/span><\/b><\/span><\/span><\/span><\/p>\r\n\r\n<p style=\"text-align:justify\"><span style=\"font-size:11pt\"><span style=\"line-height:normal\"><span style=\"font-family:&quot;Calibri&quot;,sans-serif\"><a href=\"https:\/\/www.comexdobrasil.com\/balanca-comercial-tem-recorde-de-exportacoes-em-abril-e-superavit-no-ano-ultrapassa-us-199-bilhoes\/\" style=\"color:blue; text-decoration:underline\"><span style=\"font-size:14.0pt\">Balan&ccedil;a comercial tem recorde de exporta&ccedil;&otilde;es em abril e superavit no ano ultrapassa US$ 199 bilh&otilde;es<\/span><\/a><\/span><\/span><\/span><\/p>\r\n\r\n<p style=\"text-align:justify\"><span style=\"font-size:11pt\"><span style=\"line-height:normal\"><span style=\"font-family:&quot;Calibri&quot;,sans-serif\"><a href=\"https:\/\/www.comexdobrasil.com\/paulo-guedes-considera-o-brasil-destaque-na-reconfiguracao-das-cadeias-produtivas-globais\/\" style=\"color:blue; text-decoration:underline\"><span style=\"font-size:14.0pt\">Paulo Guedes considera o Brasil destaque na reconfigura&ccedil;&atilde;o das cadeias produtivas globais<\/span><\/a><\/span><\/span><\/span><\/p>\r\n\r\n<p style=\"text-align:justify\"><span style=\"font-size:11pt\"><span style=\"line-height:normal\"><span style=\"font-family:&quot;Calibri&quot;,sans-serif\"><a href=\"https:\/\/www.grandesconstrucoes.com.br\/Noticias\/Exibir\/novo-lockdown-na-china-vai-acentuar-falta-de-insumos-e-inflacao-global?utm_source=akna&amp;utm_medium=email&amp;utm_campaign=Grandes-Construcoes-News-810-05-05-2022\" style=\"color:blue; text-decoration:underline\"><span style=\"font-size:14.0pt\">Novo lockdown na China vai acentuar falta de insumos e infla&ccedil;&atilde;o global<\/span><\/a><\/span><\/span><\/span><\/p>\r\n\r\n<p style=\"text-align:justify\"><span style=\"font-size:11pt\"><span style=\"line-height:normal\"><span style=\"font-family:&quot;Calibri&quot;,sans-serif\"><a href=\"https:\/\/www.grandesconstrucoes.com.br\/Noticias\/Exibir\/logistica-maritima-internacional-segue-em-compasso-de-espera\" style=\"color:blue; text-decoration:underline\"><span style=\"font-size:14.0pt\">Log&iacute;stica mar&iacute;tima internacional segue em compasso de espera<\/span><\/a><\/span><\/span><\/span><\/p>\r\n\r\n<p class=\"MsoTitle\" style=\"text-align:justify\"><span style=\"font-size:28pt\"><span style=\"font-family:&quot;Cambria&quot;,serif\"><span style=\"letter-spacing:-0.5pt\"><b><span style=\"font-size:18.0pt\"><span style=\"font-family:&quot;Calibri&quot;,sans-serif\"><span style=\"font-variant:small-caps\">Economia<\/span><\/span><\/span><\/b><\/span><\/span><\/span><\/p>\r\n\r\n<p style=\"text-align:justify\"><span style=\"font-size:11pt\"><span style=\"line-height:normal\"><span style=\"font-family:&quot;Calibri&quot;,sans-serif\"><a href=\"https:\/\/www.fiesp.com.br\/noticias\/apesar-do-resultado-positivo-em-marco-expectativa-da-fiesp-e-de-baixo-dinamismo-da-atividade-industrial-para-os-proximos-meses\/#_ftn1\" style=\"color:blue; text-decoration:underline\"><span style=\"font-size:14.0pt\">Apesar do resultado positivo em mar&ccedil;o, expectativa da FIESP &eacute; de baixo dinamismo da atividade industrial para os pr&oacute;ximos meses<\/span><\/a><\/span><\/span><\/span><\/p>\r\n\r\n<p style=\"text-align:justify\"><span style=\"font-size:11pt\"><span style=\"line-height:normal\"><span style=\"font-family:&quot;Calibri&quot;,sans-serif\"><a href=\"https:\/\/blogdoibre.fgv.br\/posts\/piora-no-cenario-economico-global\" style=\"color:blue; text-decoration:underline\"><span style=\"font-size:14.0pt\">Piora no cen&aacute;rio econ&ocirc;mico global<\/span><\/a><\/span><\/span><\/span><\/p>\r\n","6":"<p style=\"text-align:justify\"><span style=\"font-size:11pt\"><span style=\"line-height:normal\"><span style=\"font-family:&quot;Calibri&quot;,sans-serif\"><span style=\"font-size:14.0pt\">Esta &eacute; uma compila&ccedil;&atilde;o das not&iacute;cias mais relevantes para o setor, incluindo informa&ccedil;&otilde;es sobre acordos internacionais, economia brasileira, sustentabilidade e mat&eacute;rias primas, al&eacute;m de novidades do setor de N&atilde;otecidos e Tecidos T&eacute;cnicos.<\/span><\/span><\/span><\/span><\/p>\r\n\r\n<p class=\"MsoTitle\" style=\"text-align:justify\"><span style=\"font-size:28pt\"><span style=\"font-family:&quot;Cambria&quot;,serif\"><span style=\"letter-spacing:-0.5pt\"><b><span style=\"font-size:18.0pt\"><span style=\"font-family:&quot;Calibri&quot;,sans-serif\"><span style=\"font-variant:small-caps\">A&ccedil;&otilde;es da ABINT<\/span><\/span><\/span><\/b><\/span><\/span><\/span><\/p>\r\n\r\n<p class=\"MsoTitle\" style=\"text-align:justify\"><span style=\"font-size:28pt\"><span style=\"font-family:&quot;Cambria&quot;,serif\"><span style=\"letter-spacing:-0.5pt\"><b><span style=\"font-size:18.0pt\"><span style=\"font-family:&quot;Calibri&quot;,sans-serif\"><span style=\"font-variant:small-caps\"><img src=\"https:\/\/www.abint.org.br\/assets\/img\/editor\/nonwovens-day12_20220511121958aLbE4BGkrT.png\" \/><\/span><\/span><\/span><\/b><\/span><\/span><\/span><\/p>\r\n\r\n<p style=\"text-align:justify\"><span style=\"font-size:11pt\"><span style=\"line-height:normal\"><span style=\"font-family:&quot;Calibri&quot;,sans-serif\"><b><span style=\"font-size:14.0pt\">A ABINT realizar&aacute; o Nonwovens Day 2022<\/span><\/b><\/span><\/span><\/span><\/p>\r\n\r\n<p style=\"text-align:justify\"><span style=\"font-size:11pt\"><span style=\"line-height:normal\"><span style=\"font-family:&quot;Calibri&quot;,sans-serif\"><span style=\"font-size:14.0pt\"><span style=\"background:white\"><span style=\"color:#444444\">O evento, online e gratuito, ocorrer&aacute; nos dias <b>08 e 09 de junho de 2022 <\/b>e reunir&aacute; a cadeia produtiva dos N&atilde;otecidos, de fornecedores a usu&aacute;rios, para debaterem as quest&otilde;es relacionadas &agrave; Sustentabilidade do setor. <\/span><\/span><\/span><a href=\"https:\/\/nonwovensdaycom.wordpress.com\/\" style=\"color:blue; text-decoration:underline\"><span style=\"font-size:14.0pt\"><span style=\"background:white\">Clique aqui e INSCREVA SE<\/span><\/span><\/a><span style=\"font-size:14.0pt\"><span style=\"background:white\"><span style=\"color:#444444\">.<\/span><\/span><\/span><\/span><\/span><\/span><\/p>\r\n\r\n<p style=\"text-align:justify\">&nbsp;<\/p>\r\n\r\n<p style=\"text-align:justify\"><span style=\"font-size:11pt\"><span style=\"line-height:normal\"><span style=\"font-family:&quot;Calibri&quot;,sans-serif\"><b><span style=\"font-size:18.0pt\"><span style=\"font-variant:small-caps\">Eventos<\/span><\/span><\/b><\/span><\/span><\/span><\/p>\r\n\r\n<p style=\"text-align:justify\"><span style=\"font-size:11pt\"><span style=\"line-height:normal\"><span style=\"font-family:&quot;Calibri&quot;,sans-serif\"><span class=\"MsoHyperlink\" style=\"color:blue\"><span style=\"text-decoration:underline\"><b><span style=\"font-size:14.0pt\"><span style=\"text-decoration:none\"><span style=\"text-underline:none\">5th BIOTEXFUTURE Forum &quot;Shaping the future of the bio based textile value chain&quot;<\/span><\/span><\/span><\/b><\/span><\/span><span class=\"MsoHyperlink\" style=\"color:blue\"><span style=\"text-decoration:underline\"><span style=\"font-size:14.0pt\"><span style=\"text-decoration:none\"><span style=\"text-underline:none\">, data 18 de maio. Informa&ccedil;&otilde;es: <\/span><\/span><\/span><\/span><\/span><a href=\"https:\/\/www.biotexfuture.de\/event-details\/5th-biotexfuture-forum-shaping-the-future-of-the-bio-based-textile-value-chain\" style=\"color:blue; text-decoration:underline\"><span style=\"font-size:14.0pt\">clique aqui<\/span><\/a><\/span><\/span><\/span><\/p>\r\n\r\n<p style=\"text-align:justify\"><span style=\"font-size:11pt\"><span style=\"line-height:normal\"><span style=\"font-family:&quot;Calibri&quot;,sans-serif\"><span class=\"MsoHyperlink\" style=\"color:blue\"><span style=\"text-decoration:underline\"><b><span style=\"font-size:14.0pt\"><span style=\"text-decoration:none\"><span style=\"text-underline:none\">V Simp&oacute;sio de Engenharia Ferrovi&aacute;ria<\/span><\/span><\/span><\/b><\/span><\/span><span class=\"MsoHyperlink\" style=\"color:blue\"><span style=\"text-decoration:underline\"><span style=\"font-size:14.0pt\"><span style=\"text-decoration:none\"><span style=\"text-underline:none\">, data 18 e 19 de maio de 2022. Informa&ccedil;&otilde;es: <\/span><\/span><\/span><\/span><\/span><a href=\"https:\/\/eventos.galoa.com.br\/sef-2022\/page\/1492-home\" style=\"color:blue; text-decoration:underline\"><span style=\"font-size:14.0pt\">clique aqui<\/span><\/a><\/span><\/span><\/span><\/p>\r\n\r\n<p style=\"text-align:justify\"><span style=\"font-size:11pt\"><span style=\"line-height:normal\"><span style=\"font-family:&quot;Calibri&quot;,sans-serif\"><span class=\"MsoHyperlink\" style=\"color:blue\"><span style=\"text-decoration:underline\"><b><span style=\"font-size:14.0pt\"><span style=\"text-decoration:none\"><span style=\"text-underline:none\">The Global Digital Textile Conference<\/span><\/span><\/span><\/b><\/span><\/span><span class=\"MsoHyperlink\" style=\"color:blue\"><span style=\"text-decoration:underline\"><span style=\"font-size:14.0pt\"><span style=\"text-decoration:none\"><span style=\"text-underline:none\">, data 05 e 06 de outubro de 2022. Informa&ccedil;&otilde;es: <\/span><\/span><\/span><\/span><\/span><a href=\"http:\/\/www.events.wtin.com\/GDTC\" style=\"color:blue; text-decoration:underline\"><span style=\"font-size:14.0pt\">www.events.wtin.com\/GDTC<\/span><\/a> <\/span><\/span><\/span><\/p>\r\n\r\n<p class=\"MsoTitle\" style=\"text-align:justify\"><span style=\"font-size:28pt\"><span style=\"font-family:&quot;Cambria&quot;,serif\"><span style=\"letter-spacing:-0.5pt\"><b><span style=\"font-size:18.0pt\"><span style=\"font-family:&quot;Calibri&quot;,sans-serif\"><span style=\"font-variant:small-caps\">Setor<\/span><\/span><\/span><\/b><\/span><\/span><\/span><\/p>\r\n\r\n<p style=\"text-align:justify\"><span style=\"font-size:11pt\"><span style=\"line-height:normal\"><span style=\"font-family:&quot;Calibri&quot;,sans-serif\"><a href=\"https:\/\/sociedadeonline.com\/nova-geomanta-proporciona-seguranca-a-moradores-de-castelo-branco\/\" style=\"color:blue; text-decoration:underline\"><span style=\"font-size:14.0pt\">Nova geomanta proporciona seguran&ccedil;a a moradores de Castelo Branco<\/span><\/a><\/span><\/span><\/span><\/p>\r\n\r\n<p style=\"text-align:justify\"><span style=\"font-size:11pt\"><span style=\"line-height:normal\"><span style=\"font-family:&quot;Calibri&quot;,sans-serif\"><a href=\"https:\/\/www.innovationintextiles.com\/nonwovens\/edana-active-creative-and-handson\/\" style=\"color:blue; text-decoration:underline\"><span style=\"font-size:14.0pt\">EDANA &ndash; active, creative and hands on<\/span><\/a><\/span><\/span><\/span><\/p>\r\n\r\n<p style=\"text-align:justify\"><span style=\"font-size:11pt\"><span style=\"line-height:normal\"><span style=\"font-family:&quot;Calibri&quot;,sans-serif\"><a href=\"https:\/\/www.nonwovens-industry.com\/contents\/view_online-exclusives\/2022-05-03\/chinese-nonwovens-continues-to-increase?utm_source=SilverpopMailing&amp;utm_medium=email&amp;utm_campaign=NON_eNewsletter+%285-5-2022%29+%28Final%29&amp;utm_content=&amp;spMailingID=8246444&amp;spUserID=NzcxNzIyNDQyMzgS1&amp;spJobID=1500170109&amp;spReportId=MTUwMDE3MDEwOQS2\" style=\"color:blue; text-decoration:underline\"><span style=\"font-size:14.0pt\">Chinese Nonwovens Output Continues to Increase<\/span><\/a><\/span><\/span><\/span><\/p>\r\n\r\n<p style=\"text-align:justify\"><span style=\"font-size:11pt\"><span style=\"line-height:normal\"><span style=\"font-family:&quot;Calibri&quot;,sans-serif\"><a href=\"https:\/\/plasticosemrevista.com.br\/devagar-com-o-andor-e-ardor\/\" style=\"color:blue; text-decoration:underline\"><span style=\"font-size:14.0pt\">Devagar com o andor e ardor<\/span><\/a><\/span><\/span><\/span><\/p>\r\n\r\n<p style=\"text-align:justify\"><span style=\"font-size:11pt\"><span style=\"line-height:normal\"><span style=\"font-family:&quot;Calibri&quot;,sans-serif\"><a href=\"https:\/\/plasticosemrevista.com.br\/pesquisa-de-opiniao-4\/\" style=\"color:blue; text-decoration:underline\"><span style=\"font-size:14.0pt\">Por que o consumo de filmes para cultivo de hortifr&uacute;tis no Brasil, pot&ecirc;ncia mundial no agroneg&oacute;cio, perde longe, h&aacute; muito tempo, para o de pa&iacute;ses bem menores como Jap&atilde;o, M&eacute;xico e Espanha?<\/span><\/a><\/span><\/span><\/span><\/p>\r\n\r\n<p style=\"text-align:justify\"><span style=\"font-size:11pt\"><span style=\"line-height:normal\"><span style=\"font-family:&quot;Calibri&quot;,sans-serif\"><a href=\"https:\/\/www.abrafiltros.org.br\/noticias.asp?noticia=1728\" style=\"color:blue; text-decoration:underline\"><span style=\"font-size:14.0pt\">Abra Talks de 12 de maio traz mais tr&ecirc;s assuntos t&eacute;cnicos para setor de filtra&ccedil;&atilde;o<\/span><\/a><\/span><\/span><\/span><\/p>\r\n\r\n<p style=\"text-align:justify\"><span style=\"font-size:11pt\"><span style=\"line-height:normal\"><span style=\"font-family:&quot;Calibri&quot;,sans-serif\"><a href=\"https:\/\/www.braskem.com.br\/detalhe-noticia\/braskem-passa-a-integrar-instituto-combustivel-legal-para-contribuir-com-desenvolvimento-do-setor-e-expandir-sua-atuacao-no-segmento\" style=\"color:blue; text-decoration:underline\"><span style=\"font-size:14.0pt\">Braskem passa a integrar Instituto Combust&iacute;vel Legal para contribuir com desenvolvimento do setor e expandir sua atua&ccedil;&atilde;o no segmento<\/span><\/a><\/span><\/span><\/span><\/p>\r\n\r\n<p style=\"text-align:justify\"><span style=\"font-size:11pt\"><span style=\"line-height:normal\"><span style=\"font-family:&quot;Calibri&quot;,sans-serif\"><a href=\"https:\/\/www.agenciabrasilia.df.gov.br\/2022\/05\/07\/uniao-de-fundacoes-de-pesquisa-ajuda-df-a-superar-pandemia\/\" style=\"color:blue; text-decoration:underline\"><span style=\"font-size:14.0pt\">Uni&atilde;o de funda&ccedil;&otilde;es de pesquisa ajuda DF a superar pandemia<\/span><\/a><\/span><\/span><\/span><\/p>\r\n\r\n<p style=\"text-align:justify\"><span style=\"font-size:11pt\"><span style=\"line-height:normal\"><span style=\"font-family:&quot;Calibri&quot;,sans-serif\"><a href=\"https:\/\/www.agrolink.com.br\/noticias\/como-evitar-prejuizos-no-transporte-da-safra_465443.html\" style=\"color:blue; text-decoration:underline\"><span style=\"font-size:14.0pt\">Como evitar preju&iacute;zos no transporte da safra<\/span><\/a><\/span><\/span><\/span><\/p>\r\n\r\n<p class=\"MsoTitle\" style=\"text-align:justify\"><span style=\"font-size:28pt\"><span style=\"font-family:&quot;Cambria&quot;,serif\"><span style=\"letter-spacing:-0.5pt\"><b><span style=\"font-size:18.0pt\"><span style=\"font-family:&quot;Calibri&quot;,sans-serif\"><span style=\"font-variant:small-caps\">Ind&uacute;stria<\/span><\/span><\/span><\/b><\/span><\/span><\/span><\/p>\r\n\r\n<p style=\"text-align:justify\">&nbsp;<\/p>\r\n\r\n<p style=\"text-align:justify\"><span style=\"font-size:11pt\"><span style=\"line-height:normal\"><span style=\"font-family:&quot;Calibri&quot;,sans-serif\"><a href=\"https:\/\/www.fibre2fashion.com\/industry-article\/9388\/global-manufacturing-growth-continues-to-be-challenged\" style=\"color:blue; text-decoration:underline\"><span style=\"font-size:14.0pt\">Global Manufacturing Growth Continues to be Challenged<\/span><\/a><\/span><\/span><\/span><\/p>\r\n\r\n<p style=\"text-align:justify\"><span style=\"font-size:11pt\"><span style=\"line-height:normal\"><span style=\"font-family:&quot;Calibri&quot;,sans-serif\"><a href=\"http:\/\/textileindustry.ning.com\/forum\/topics\/ind-stria-prepara-se-para-a-desglobaliza-o\" style=\"color:blue; text-decoration:underline\"><span style=\"font-size:14.0pt\">Ind&uacute;stria prepara se para a desglobaliza&ccedil;&atilde;o<\/span><\/a><\/span><\/span><\/span><\/p>\r\n\r\n<p style=\"text-align:justify\"><span style=\"font-size:11pt\"><span style=\"line-height:normal\"><span style=\"font-family:&quot;Calibri&quot;,sans-serif\"><a href=\"https:\/\/www.revistamt.com.br\/Noticias\/Exibir\/mineracao-investira-r-200-bilhoes-em-cinco-anos-diz-ibram?utm_source=akna&amp;utm_medium=email&amp;utm_campaign=Revista-M-T-Informativo-575\" style=\"color:blue; text-decoration:underline\"><span style=\"font-size:14.0pt\">Minera&ccedil;&atilde;o investir&aacute; R$ 200 bilh&otilde;es em cinco anos, diz Ibram<\/span><\/a><\/span><\/span><\/span><\/p>\r\n\r\n<p style=\"text-align:justify\"><span style=\"font-size:11pt\"><span style=\"line-height:normal\"><span style=\"font-family:&quot;Calibri&quot;,sans-serif\"><a href=\"https:\/\/www.moveisdevalor.com.br\/portal\/producao-de-moveis-volta-a-cair-pelo-segundo-mes-no-ano?source=news\" style=\"color:blue; text-decoration:underline\"><span style=\"font-size:14.0pt\">Produ&ccedil;&atilde;o de m&oacute;veis volta a cair pelo segundo m&ecirc;s no ano<\/span><\/a><\/span><\/span><\/span><\/p>\r\n\r\n<p style=\"text-align:justify\"><span style=\"font-size:11pt\"><span style=\"line-height:normal\"><span style=\"font-family:&quot;Calibri&quot;,sans-serif\"><a href=\"https:\/\/agenciabrasil.ebc.com.br\/economia\/noticia\/2022-05\/por-falta-de-semicondutores-volkswagen-da-ferias-coletivas\" style=\"color:blue; text-decoration:underline\"><span style=\"font-size:14.0pt\">Por falta de semicondutores, Volkswagen d&aacute; f&eacute;rias coletivas<\/span><\/a><\/span><\/span><\/span><\/p>\r\n\r\n<p style=\"text-align:justify\"><span style=\"font-size:11pt\"><span style=\"line-height:normal\"><span style=\"font-family:&quot;Calibri&quot;,sans-serif\"><a href=\"https:\/\/agenciabrasil.ebc.com.br\/economia\/noticia\/2022-05\/caoa-anuncia-fechamento-da-fabrica-e-demissao-de-480-trabalhadores\" style=\"color:blue; text-decoration:underline\"><span style=\"font-size:14.0pt\">Caoa anuncia fechamento da f&aacute;brica e demiss&atilde;o de 480 trabalhadores<\/span><\/a><\/span><\/span><\/span><\/p>\r\n\r\n<p style=\"text-align:justify\"><span style=\"font-size:11pt\"><span style=\"line-height:normal\"><span style=\"font-family:&quot;Calibri&quot;,sans-serif\"><a href=\"https:\/\/www.innovationintextiles.com\/composites\/composites-bounce-back-in-2021\/\" style=\"color:blue; text-decoration:underline\"><span style=\"font-size:14.0pt\">Composites bounce back in 2021<\/span><\/a><\/span><\/span><\/span><\/p>\r\n\r\n<p style=\"text-align:justify\"><span style=\"font-size:11pt\"><span style=\"line-height:normal\"><span style=\"font-family:&quot;Calibri&quot;,sans-serif\"><a href=\"https:\/\/www.grandesconstrucoes.com.br\/Noticias\/Exibir\/deconcic-avalia-o-cenario-da-construcao-no-pais?utm_source=akna&amp;utm_medium=email&amp;utm_campaign=Grandes-Construcoes-News-810-05-05-2022\" style=\"color:blue; text-decoration:underline\"><span style=\"font-size:14.0pt\">Deconcic avalia o cen&aacute;rio da constru&ccedil;&atilde;o no pa&iacute;s<\/span><\/a><\/span><\/span><\/span><\/p>\r\n\r\n<p style=\"text-align:justify\"><span style=\"font-size:11pt\"><span style=\"line-height:normal\"><span style=\"font-family:&quot;Calibri&quot;,sans-serif\"><a href=\"https:\/\/noticias.portaldaindustria.com.br\/noticias\/competitividade\/produtividade-na-industria-em-2021-cai-para-patamar-mais-baixo-desde-2000-\/\" style=\"color:blue; text-decoration:underline\"><span style=\"font-size:14.0pt\">Produtividade na ind&uacute;stria em 2021 cai para patamar mais baixo desde 2000<\/span><\/a><\/span><\/span><\/span><\/p>\r\n\r\n<p style=\"text-align:justify\"><span style=\"font-size:11pt\"><span style=\"line-height:normal\"><span style=\"font-family:&quot;Calibri&quot;,sans-serif\"><a href=\"https:\/\/mobilidade.estadao.com.br\/mobilidade-para-que\/setor-automotivo-enfrenta-desafios-mas-vislumbra-boas-oportunidades-no-brasil\/\" style=\"color:blue; text-decoration:underline\"><span style=\"font-size:14.0pt\">Setor automotivo enfrenta desafios, mas vislumbra boas oportunidades no Brasil<\/span><\/a><\/span><\/span><\/span><\/p>\r\n\r\n<p style=\"text-align:justify\"><span style=\"font-size:11pt\"><span style=\"line-height:normal\"><span style=\"font-family:&quot;Calibri&quot;,sans-serif\"><a href=\"https:\/\/agenciabrasil.ebc.com.br\/economia\/noticia\/2022-05\/confianca-empresarial-atinge-maior-nivel-em-cinco-meses-diz-fgv\" style=\"color:blue; text-decoration:underline\"><span style=\"font-size:14.0pt\">Confian&ccedil;a empresarial atinge o maior n&iacute;vel em cinco meses<\/span><\/a><\/span><\/span><\/span><\/p>\r\n\r\n<p class=\"MsoTitle\" style=\"text-align:justify\"><span style=\"font-size:28pt\"><span style=\"font-family:&quot;Cambria&quot;,serif\"><span style=\"letter-spacing:-0.5pt\"><b><span style=\"font-size:18.0pt\"><span style=\"font-family:&quot;Calibri&quot;,sans-serif\"><span style=\"font-variant:small-caps\">Sustentabilidade<\/span><\/span><\/span><\/b><\/span><\/span><\/span><\/p>\r\n\r\n<p style=\"text-align:justify\"><span style=\"font-size:11pt\"><span style=\"line-height:normal\"><span style=\"font-family:&quot;Calibri&quot;,sans-serif\"><a href=\"https:\/\/fcem.com.br\/noticias\/a-viabilidade-de-negocios-sustentaveis-na-industria-textil\/?utm_campaign=febratex_news_050522&amp;utm_medium=email&amp;utm_source=RD+Station\" style=\"color:blue; text-decoration:underline\"><span style=\"font-size:14.0pt\">A viabilidade de neg&oacute;cios sustent&aacute;veis na ind&uacute;stria t&ecirc;xtil<\/span><\/a><\/span><\/span><\/span><\/p>\r\n\r\n<p style=\"text-align:justify\"><span style=\"font-size:11pt\"><span style=\"line-height:normal\"><span style=\"font-family:&quot;Calibri&quot;,sans-serif\"><a href=\"https:\/\/www.nonwovens-industry.com\/contents\/view_online-exclusives\/2022-05-05\/uk-retailers-vow-to-stop-selling-plastic-based-wipes?utm_source=SilverpopMailing&amp;utm_medium=email&amp;utm_campaign=NON_eNewsletter+%285-5-2022%29+%28Final%29&amp;utm_content=&amp;spMailingID=8246444&amp;spUserID=NzcxNzIyNDQyMzgS1&amp;spJobID=1500170109&amp;spReportId=MTUwMDE3MDEwOQS2\" style=\"color:blue; text-decoration:underline\"><span style=\"font-size:14.0pt\">U.K. Retailers Vow to Stop Selling Plastic Based Wipes<\/span><\/a><\/span><\/span><\/span><\/p>\r\n\r\n<p style=\"text-align:justify\"><span style=\"font-size:11pt\"><span style=\"line-height:normal\"><span style=\"font-family:&quot;Calibri&quot;,sans-serif\"><a href=\"https:\/\/www.plastico.com.br\/economia-circular-gestao-de-rsu-precisa-melhorar\/\" style=\"color:blue; text-decoration:underline\"><span style=\"font-size:14.0pt\">Economia circular &ndash; Gest&atilde;o de RSU precisa melhorar<\/span><\/a><\/span><\/span><\/span><\/p>\r\n\r\n<p style=\"text-align:justify\"><span style=\"font-size:11pt\"><span style=\"line-height:normal\"><span style=\"font-family:&quot;Calibri&quot;,sans-serif\"><a href=\"https:\/\/www.segs.com.br\/demais\/345195-braskem-lanca-edital-inedito-para-incentivo-de-ate-r-1-milhao-a-projetos-sociais-pelo-brasil\" style=\"color:blue; text-decoration:underline\"><span style=\"font-size:14.0pt\">Braskem lan&ccedil;a edital in&eacute;dito para incentivo de at&eacute; R$ 1 milh&atilde;o a projetos sociais pelo Brasil<\/span><\/a><\/span><\/span><\/span><\/p>\r\n\r\n<p class=\"MsoTitle\" style=\"text-align:justify\"><span style=\"font-size:28pt\"><span style=\"font-family:&quot;Cambria&quot;,serif\"><span style=\"letter-spacing:-0.5pt\"><b><span style=\"font-size:18.0pt\"><span style=\"font-family:&quot;Calibri&quot;,sans-serif\"><span style=\"font-variant:small-caps\">Inova&ccedil;&atilde;o<\/span><\/span><\/span><\/b><\/span><\/span><\/span><\/p>\r\n\r\n<p style=\"text-align:justify\"><span style=\"font-size:11pt\"><span style=\"line-height:normal\"><span style=\"font-family:&quot;Calibri&quot;,sans-serif\"><a href=\"https:\/\/canaltech.com.br\/saude\/nova-enzima-decompoe-plastico-em-apenas-24-horas-215330\/\" style=\"color:blue; text-decoration:underline\"><span style=\"font-size:14.0pt\">Nova enzima decomp&otilde;e pl&aacute;stico em apenas 24 horas<\/span><\/a><\/span><\/span><\/span><\/p>\r\n\r\n<p style=\"text-align:justify\"><span style=\"font-size:11pt\"><span style=\"line-height:normal\"><span style=\"font-family:&quot;Calibri&quot;,sans-serif\"><a href=\"https:\/\/www.inovacaotecnologica.com.br\/noticias\/noticia.php?artigo=tecidos-eletronicos-fabricados-pela-tradicional-tecnica-serigrafia&amp;id=010110220503#.YnRVrB5v80M\" style=\"color:blue; text-decoration:underline\"><span style=\"font-size:14.0pt\">Tecidos eletr&ocirc;nicos fabricados pela tradicional t&eacute;cnica da serigrafia<\/span><\/a><\/span><\/span><\/span><\/p>\r\n\r\n<p style=\"text-align:justify\"><span style=\"font-size:11pt\"><span style=\"line-height:normal\"><span style=\"font-family:&quot;Calibri&quot;,sans-serif\"><a href=\"https:\/\/www.news-medical.net\/news\/20220505\/e28098Smarte28099-diaper-could-provide-painless-and-quick-bedside-urinalyses.aspx\" style=\"color:blue; text-decoration:underline\"><span style=\"font-size:14.0pt\">&lsquo;Smart&rsquo; diaper could provide painless and quick bedside urinalyses<\/span><\/a><\/span><\/span><\/span><\/p>\r\n\r\n<p class=\"MsoTitle\" style=\"text-align:justify\"><span style=\"font-size:28pt\"><span style=\"font-family:&quot;Cambria&quot;,serif\"><span style=\"letter-spacing:-0.5pt\"><b><span style=\"font-size:18.0pt\"><span style=\"font-family:&quot;Calibri&quot;,sans-serif\"><span style=\"font-variant:small-caps\">Com&eacute;rcio Exterior<\/span><\/span><\/span><\/b><\/span><\/span><\/span><\/p>\r\n\r\n<p style=\"text-align:justify\"><span style=\"font-size:11pt\"><span style=\"line-height:normal\"><span style=\"font-family:&quot;Calibri&quot;,sans-serif\"><a href=\"https:\/\/www.comexdobrasil.com\/balanca-comercial-tem-recorde-de-exportacoes-em-abril-e-superavit-no-ano-ultrapassa-us-199-bilhoes\/\" style=\"color:blue; text-decoration:underline\"><span style=\"font-size:14.0pt\">Balan&ccedil;a comercial tem recorde de exporta&ccedil;&otilde;es em abril e superavit no ano ultrapassa US$ 199 bilh&otilde;es<\/span><\/a><\/span><\/span><\/span><\/p>\r\n\r\n<p style=\"text-align:justify\"><span style=\"font-size:11pt\"><span style=\"line-height:normal\"><span style=\"font-family:&quot;Calibri&quot;,sans-serif\"><a href=\"https:\/\/www.comexdobrasil.com\/paulo-guedes-considera-o-brasil-destaque-na-reconfiguracao-das-cadeias-produtivas-globais\/\" style=\"color:blue; text-decoration:underline\"><span style=\"font-size:14.0pt\">Paulo Guedes considera o Brasil destaque na reconfigura&ccedil;&atilde;o das cadeias produtivas globais<\/span><\/a><\/span><\/span><\/span><\/p>\r\n\r\n<p style=\"text-align:justify\"><span style=\"font-size:11pt\"><span style=\"line-height:normal\"><span style=\"font-family:&quot;Calibri&quot;,sans-serif\"><a href=\"https:\/\/www.grandesconstrucoes.com.br\/Noticias\/Exibir\/novo-lockdown-na-china-vai-acentuar-falta-de-insumos-e-inflacao-global?utm_source=akna&amp;utm_medium=email&amp;utm_campaign=Grandes-Construcoes-News-810-05-05-2022\" style=\"color:blue; text-decoration:underline\"><span style=\"font-size:14.0pt\">Novo lockdown na China vai acentuar falta de insumos e infla&ccedil;&atilde;o global<\/span><\/a><\/span><\/span><\/span><\/p>\r\n\r\n<p style=\"text-align:justify\"><span style=\"font-size:11pt\"><span style=\"line-height:normal\"><span style=\"font-family:&quot;Calibri&quot;,sans-serif\"><a href=\"https:\/\/www.grandesconstrucoes.com.br\/Noticias\/Exibir\/logistica-maritima-internacional-segue-em-compasso-de-espera\" style=\"color:blue; text-decoration:underline\"><span style=\"font-size:14.0pt\">Log&iacute;stica mar&iacute;tima internacional segue em compasso de espera<\/span><\/a><\/span><\/span><\/span><\/p>\r\n\r\n<p class=\"MsoTitle\" style=\"text-align:justify\"><span style=\"font-size:28pt\"><span style=\"font-family:&quot;Cambria&quot;,serif\"><span style=\"letter-spacing:-0.5pt\"><b><span style=\"font-size:18.0pt\"><span style=\"font-family:&quot;Calibri&quot;,sans-serif\"><span style=\"font-variant:small-caps\">Economia<\/span><\/span><\/span><\/b><\/span><\/span><\/span><\/p>\r\n\r\n<p style=\"text-align:justify\"><span style=\"font-size:11pt\"><span style=\"line-height:normal\"><span style=\"font-family:&quot;Calibri&quot;,sans-serif\"><a href=\"https:\/\/www.fiesp.com.br\/noticias\/apesar-do-resultado-positivo-em-marco-expectativa-da-fiesp-e-de-baixo-dinamismo-da-atividade-industrial-para-os-proximos-meses\/#_ftn1\" style=\"color:blue; text-decoration:underline\"><span style=\"font-size:14.0pt\">Apesar do resultado positivo em mar&ccedil;o, expectativa da FIESP &eacute; de baixo dinamismo da atividade industrial para os pr&oacute;ximos meses<\/span><\/a><\/span><\/span><\/span><\/p>\r\n\r\n<p style=\"text-align:justify\"><span style=\"font-size:11pt\"><span style=\"line-height:normal\"><span style=\"font-family:&quot;Calibri&quot;,sans-serif\"><a href=\"https:\/\/blogdoibre.fgv.br\/posts\/piora-no-cenario-economico-global\" style=\"color:blue; text-decoration:underline\"><span style=\"font-size:14.0pt\">Piora no cen&aacute;rio econ&ocirc;mico global<\/span><\/a><\/span><\/span><\/span><\/p>\r\n","texto_en":"","7":"","imagem":"COMP_banner-padrao-home-destaques-boletim_20220511122312CegcmTnZWq.jpg","8":"COMP_banner-padrao-home-destaques-boletim_20220511122312CegcmTnZWq.jpg","arquivo":"20220510-NOTICIAS-SEMANAIS.PDF","9":"20220510-NOTICIAS-SEMANAIS.PDF","titulo_arquivo":"","10":"","titulo_arquivo_en":"","11":"","created_at":"2022-05-11 12:23:21","12":"2022-05-11 12:23:21","updated_at":"2022-05-11 12:23:21","13":"2022-05-11 12:23:21"},{"id":15,"0":15,"ordem":208,"1":208,"data":"2022-05-03","2":"2022-05-03","slug":"boletim-de-noticias-semanais-12","3":"boletim-de-noticias-semanais-12","titulo":"Boletim de Not\u00edcias Semanais","4":"Boletim de Not\u00edcias Semanais","titulo_en":"","5":"","texto":"<p style=\"text-align:justify\"><span style=\"font-size:11pt\"><span style=\"line-height:normal\"><span style=\"font-family:&quot;Calibri&quot;,sans-serif\"><span style=\"font-size:14.0pt\">Esta &eacute; uma compila&ccedil;&atilde;o das not&iacute;cias mais relevantes para o setor, incluindo informa&ccedil;&otilde;es sobre acordos internacionais, economia brasileira, sustentabilidade e mat&eacute;rias-primas, al&eacute;m de novidades do setor de N&atilde;otecidos e Tecidos T&eacute;cnicos.<\/span><\/span><\/span><\/span><\/p>\r\n\r\n<p class=\"MsoTitle\" style=\"text-align:justify\"><span style=\"font-size:28pt\"><span style=\"font-family:&quot;Cambria&quot;,serif\"><span style=\"letter-spacing:-0.5pt\"><b><span style=\"font-size:18.0pt\"><span style=\"font-family:&quot;Calibri&quot;,sans-serif\"><span style=\"font-variant:small-caps\">A&ccedil;&otilde;es da ABINT<\/span><\/span><\/span><\/b><\/span><\/span><\/span><\/p>\r\n\r\n<p class=\"MsoTitle\" style=\"text-align:justify\"><span style=\"font-size:28pt\"><span style=\"font-family:&quot;Cambria&quot;,serif\"><span style=\"letter-spacing:-0.5pt\"><b><span style=\"font-size:18.0pt\"><span style=\"font-family:&quot;Calibri&quot;,sans-serif\"><span style=\"font-variant:small-caps\"><img src=\"https:\/\/www.abint.org.br\/assets\/img\/editor\/nonwovens-day-logomarca_20220503123755TUb9kKiSBt.jpg\" \/><\/span><\/span><\/span><\/b><\/span><\/span><\/span><\/p>\r\n\r\n<p style=\"text-align:justify\"><span style=\"font-size:11pt\"><span style=\"line-height:normal\"><span style=\"font-family:&quot;Calibri&quot;,sans-serif\"><b><span style=\"font-size:14.0pt\">A ABINT realizar&aacute; o Nonwovens Day 2022<\/span><\/b><\/span><\/span><\/span><\/p>\r\n\r\n<p style=\"text-align:justify\"><span style=\"font-size:11pt\"><span style=\"line-height:normal\"><span style=\"font-family:&quot;Calibri&quot;,sans-serif\"><span style=\"font-size:14.0pt\"><span style=\"background:white\"><span style=\"color:#444444\">O evento, online e gratuito, ocorrer&aacute; nos dias <b>08 e 09 de junho de 2022 <\/b>e reunir&aacute; a cadeia produtiva dos N&atilde;otecidos, de fornecedores a usu&aacute;rios, para debaterem as quest&otilde;es relacionadas &agrave; Sustentabilidade do setor. <\/span><\/span><\/span><a href=\"https:\/\/nonwovensdaycom.wordpress.com\/\" style=\"color:blue; text-decoration:underline\"><span style=\"font-size:14.0pt\"><span style=\"background:white\">Clique aqui e INSCREVA-SE<\/span><\/span><\/a><span style=\"font-size:14.0pt\"><span style=\"background:white\"><span style=\"color:#444444\">.<\/span><\/span><\/span><\/span><\/span><\/span><\/p>\r\n\r\n<p style=\"text-align:justify\"><img height=\"355\" src=\"https:\/\/www.abint.org.br\/assets\/img\/editor\/20220505-live-ctg-instagram-samira_20220503123832NAIxnBBU54.jpeg\" width=\"355\" \/><\/p>\r\n\r\n<p style=\"margin-bottom:13px\"><span style=\"font-size:11pt\"><span style=\"line-height:115%\"><span style=\"font-family:&quot;Calibri&quot;,sans-serif\"><b><span style=\"font-size:14.0pt\"><span style=\"line-height:115%\">CTG entrevista recebe a Engenheira Civil Samira Tessarolli de Souza Paranhos<\/span><\/span><\/b><span style=\"font-size:14.0pt\"><span style=\"line-height:115%\">, para contar sobre a participa&ccedil;&atilde;o das mulheres no universo dos Geossint&eacute;ticos e da Geotecnia. <b>Dia 05 de maio, &agrave;s 18:00<\/b>, no <\/span><\/span><a href=\"https:\/\/www.instagram.com\/ctg_abint\/\" style=\"color:blue; text-decoration:underline\"><span style=\"font-size:14.0pt\"><span style=\"line-height:115%\">Instagram do CTG<\/span><\/span><\/a><\/span><\/span><\/span><\/p>\r\n\r\n<p style=\"margin-bottom:13px\"><img src=\"https:\/\/www.abint.org.br\/assets\/img\/editor\/logo-premio-tcc-ic-2022_20220503124326hERSiEu1tn.jpg\" \/><\/p>\r\n\r\n<p style=\"margin-bottom:13px\"><span style=\"font-size:14.0pt\"><span style=\"line-height:115%\"><span style=\"font-family:&quot;Calibri&quot;,sans-serif\">Oferecido em parceria entre a IGS Brasil e o CTG-ABINT, este concurso seleciona e premia os melhores Trabalhos de Conclus&atilde;o de Curso e de Inicia&ccedil;&atilde;o Cient&iacute;fica publicados anualmente, desenvolvidos em institui&ccedil;&otilde;es de ensino brasileiras com tema relacionado aos Geossint&eacute;ticos. <\/span><\/span><\/span><b><span style=\"font-size:14.0pt\"><span style=\"line-height:115%\"><span style=\"font-family:&quot;Calibri&quot;,sans-serif\">Apoie nossos jovens pesquisadores e divulgue esta not&iacute;cia a seus contatos nas faculdades de engenharia! <\/span><\/span><\/span><\/b><span style=\"font-size:14.0pt\"><span style=\"line-height:115%\"><span style=\"font-family:&quot;Calibri&quot;,sans-serif\">As inscri&ccedil;&otilde;es devem ser feitas at&eacute; 15 de maio pelo site <\/span><\/span><\/span><span style=\"font-size:11.0pt\"><span style=\"line-height:115%\"><span style=\"font-family:&quot;Calibri&quot;,sans-serif\"><a href=\"https:\/\/geossinteticos.org.br\/premiotccic\" style=\"color:blue; text-decoration:underline\"><span style=\"font-size:14.0pt\"><span style=\"line-height:115%\">https:\/\/geossinteticos.org.br\/premiotccic<\/span><\/span><\/a><\/span><\/span><\/span><\/p>\r\n\r\n<p style=\"text-align:justify\">&nbsp;<\/p>\r\n\r\n<p style=\"text-align:justify\"><span style=\"font-size:11pt\"><span style=\"line-height:normal\"><span style=\"font-family:&quot;Calibri&quot;,sans-serif\"><b><span style=\"font-size:18.0pt\"><span style=\"font-variant:small-caps\">Eventos<\/span><\/span><\/b><\/span><\/span><\/span><\/p>\r\n\r\n<p style=\"text-align:justify\"><span style=\"font-size:11pt\"><span style=\"line-height:normal\"><span style=\"font-family:&quot;Calibri&quot;,sans-serif\"><span class=\"MsoHyperlink\" style=\"color:blue\"><span style=\"text-decoration:underline\"><span style=\"font-size:14.0pt\"><span style=\"text-decoration:none\"><span style=\"text-underline:none\">Workshop Abit: <b>Panorama das NRs e o Gerenciamento de Riscos Ocupacionais, <\/b>data 06 de maio de 2022. Informa&ccedil;&otilde;es: <\/span><\/span><\/span><\/span><\/span><a href=\"https:\/\/eventos.abit.org.br\/Subs.aspx?key=c579c318-d9eb-4102-8921-d61f2c065ae4&amp;utm_campaign=convite_workshop_panorama_nrs_-_19042022&amp;utm_medium=email&amp;utm_source=RD+Station\" style=\"color:blue; text-decoration:underline\"><span style=\"font-size:14.0pt\">clique aqui<\/span><\/a><\/span><\/span><\/span><\/p>\r\n\r\n<p style=\"text-align:justify\"><span style=\"font-size:11pt\"><span style=\"line-height:normal\"><span style=\"font-family:&quot;Calibri&quot;,sans-serif\"><span class=\"MsoHyperlink\" style=\"color:blue\"><span style=\"text-decoration:underline\"><b><span style=\"font-size:14.0pt\"><span style=\"text-decoration:none\"><span style=\"text-underline:none\">5th BIOTEXFUTURE Forum &quot;Shaping the future of the bio-based textile value chain&quot;<\/span><\/span><\/span><\/b><\/span><\/span><span class=\"MsoHyperlink\" style=\"color:blue\"><span style=\"text-decoration:underline\"><span style=\"font-size:14.0pt\"><span style=\"text-decoration:none\"><span style=\"text-underline:none\">, data 18 de maio. Informa&ccedil;&otilde;es: <\/span><\/span><\/span><\/span><\/span><a href=\"https:\/\/www.biotexfuture.de\/event-details\/5th-biotexfuture-forum-shaping-the-future-of-the-bio-based-textile-value-chain\" style=\"color:blue; text-decoration:underline\"><span style=\"font-size:14.0pt\">clique aqui<\/span><\/a><\/span><\/span><\/span><\/p>\r\n\r\n<p style=\"text-align:justify\"><span style=\"font-size:11pt\"><span style=\"line-height:normal\"><span style=\"font-family:&quot;Calibri&quot;,sans-serif\"><span class=\"MsoHyperlink\" style=\"color:blue\"><span style=\"text-decoration:underline\"><b><span style=\"font-size:14.0pt\"><span style=\"text-decoration:none\"><span style=\"text-underline:none\">V Simp&oacute;sio de Engenharia Ferrovi&aacute;ria<\/span><\/span><\/span><\/b><\/span><\/span><span class=\"MsoHyperlink\" style=\"color:blue\"><span style=\"text-decoration:underline\"><span style=\"font-size:14.0pt\"><span style=\"text-decoration:none\"><span style=\"text-underline:none\">, data 18 e 19 de maio de 2022. Informa&ccedil;&otilde;es: <\/span><\/span><\/span><\/span><\/span><a href=\"https:\/\/eventos.galoa.com.br\/sef-2022\/page\/1492-home\" style=\"color:blue; text-decoration:underline\"><span style=\"font-size:14.0pt\">clique aqui<\/span><\/a><\/span><\/span><\/span><\/p>\r\n\r\n<p style=\"text-align:justify\"><span style=\"font-size:11pt\"><span style=\"line-height:normal\"><span style=\"font-family:&quot;Calibri&quot;,sans-serif\"><span class=\"MsoHyperlink\" style=\"color:blue\"><span style=\"text-decoration:underline\"><b><span style=\"font-size:14.0pt\"><span style=\"text-decoration:none\"><span style=\"text-underline:none\">The Global Digital Textile Conference<\/span><\/span><\/span><\/b><\/span><\/span><span class=\"MsoHyperlink\" style=\"color:blue\"><span style=\"text-decoration:underline\"><span style=\"font-size:14.0pt\"><span style=\"text-decoration:none\"><span style=\"text-underline:none\">, data 05 e 06 de outubro de 2022. Informa&ccedil;&otilde;es: <\/span><\/span><\/span><\/span><\/span><a href=\"http:\/\/www.events.wtin.com\/GDTC\" style=\"color:blue; text-decoration:underline\"><span style=\"font-size:14.0pt\">www.events.wtin.com\/GDTC<\/span><\/a> <\/span><\/span><\/span><\/p>\r\n\r\n<p class=\"MsoTitle\" style=\"text-align:justify\"><span style=\"font-size:28pt\"><span style=\"font-family:&quot;Cambria&quot;,serif\"><span style=\"letter-spacing:-0.5pt\"><b><span style=\"font-size:18.0pt\"><span style=\"font-family:&quot;Calibri&quot;,sans-serif\"><span style=\"font-variant:small-caps\">Setor<\/span><\/span><\/span><\/b><\/span><\/span><\/span><\/p>\r\n\r\n<p style=\"text-align:justify\"><span style=\"font-size:11pt\"><span style=\"line-height:normal\"><span style=\"font-family:&quot;Calibri&quot;,sans-serif\"><a href=\"http:\/\/www.revistaplasticosul.com.br\/transformacao-aplicacoes\/cadeia-produtiva-de-naotecidos-e-tecidos-tecnicos-discutira-sobre-sustentabilidade-no-nonwovens-day-2022\/\" style=\"color:blue; text-decoration:underline\"><span style=\"font-size:14.0pt\">Cadeia produtiva de N&atilde;otecidos e Tecidos T&eacute;cnicos discutir&aacute; sobre sustentabilidade no Nonwovens Day 2022<\/span><\/a><\/span><\/span><\/span><\/p>\r\n\r\n<p style=\"text-align:justify\"><span style=\"font-size:11pt\"><span style=\"line-height:normal\"><span style=\"font-family:&quot;Calibri&quot;,sans-serif\"><a href=\"https:\/\/www.innovationintextiles.com\/interviews\/a-measure-of-comfort\/\" style=\"color:blue; text-decoration:underline\"><span style=\"font-size:14.0pt\">A measure of comfort<\/span><\/a><\/span><\/span><\/span><\/p>\r\n\r\n<p style=\"text-align:justify\"><span style=\"font-size:11pt\"><span style=\"line-height:normal\"><span style=\"font-family:&quot;Calibri&quot;,sans-serif\"><a href=\"http:\/\/textileindustry.ning.com\/forum\/topics\/nova-iniciativa-da-oit-abit-e-abvtex-vai-fortalecer-pequenas-e-m\" style=\"color:blue; text-decoration:underline\"><span style=\"font-size:14.0pt\">Nova iniciativa da OIT, Abit e ABVTEX vai fortalecer pequenas e m&eacute;dias empresas do setor t&ecirc;xtil de S&atilde;o Paulo<\/span><\/a><\/span><\/span><\/span><\/p>\r\n\r\n<p style=\"text-align:justify\"><span style=\"font-size:11pt\"><span style=\"line-height:normal\"><span style=\"font-family:&quot;Calibri&quot;,sans-serif\"><a href=\"https:\/\/www.dinheirorural.com.br\/braskem-vendas-de-produtos-quimicos-no-brasil-aumentam-3-no-1o-trimestre\/\" style=\"color:blue; text-decoration:underline\"><span style=\"font-size:14.0pt\">Braskem: vendas de produtos qu&iacute;micos no Brasil aumentam 3% no 1&ordm; trimestre<\/span><\/a><\/span><\/span><\/span><\/p>\r\n\r\n<p style=\"text-align:justify\"><span style=\"font-size:11pt\"><span style=\"line-height:normal\"><span style=\"font-family:&quot;Calibri&quot;,sans-serif\"><a href=\"https:\/\/clickpetroleoegas.com.br\/ferro-mineracao-esta-com-vagas-de-emprego-disponiveis-para-o-estado-de-minas-gerais-saiba-como-participar-dos-processos-seletivos\/\" style=\"color:blue; text-decoration:underline\"><span style=\"font-size:14.0pt\">Ferro+ Minera&ccedil;&atilde;o est&aacute; com vagas de emprego dispon&iacute;veis para o estado de Minas Gerais, inclusive para profissionais de Geotecnia<\/span><\/a><\/span><\/span><\/span><\/p>\r\n\r\n<p style=\"text-align:justify\"><span style=\"font-size:11pt\"><span style=\"line-height:normal\"><span style=\"font-family:&quot;Calibri&quot;,sans-serif\"><a href=\"https:\/\/noticias.portaldaindustria.com.br\/noticias\/economia\/conheca-a-industria-brasileira-de-produtos-texteis\/\" style=\"color:blue; text-decoration:underline\"><span style=\"font-size:14.0pt\">Conhe&ccedil;a a ind&uacute;stria brasileira de produtos t&ecirc;xteis<\/span><\/a><\/span><\/span><\/span><\/p>\r\n\r\n<p class=\"MsoTitle\" style=\"text-align:justify\"><span style=\"font-size:28pt\"><span style=\"font-family:&quot;Cambria&quot;,serif\"><span style=\"letter-spacing:-0.5pt\"><b><span style=\"font-size:18.0pt\"><span style=\"font-family:&quot;Calibri&quot;,sans-serif\"><span style=\"font-variant:small-caps\">Ind&uacute;stria<\/span><\/span><\/span><\/b><\/span><\/span><\/span><\/p>\r\n\r\n<p style=\"text-align:justify\"><span style=\"font-size:11pt\"><span style=\"line-height:normal\"><span style=\"font-family:&quot;Calibri&quot;,sans-serif\"><a href=\"https:\/\/app.rdstation.email\/mail\/7b7560ae-dc4a-4a45-bd40-565cd459dd69?utm_campaign=abimovel_apresenta_indicadores_da_industria_moveleira_no_1_bi_producao_aponta_para_leve_recuperacao&amp;utm_medium=email&amp;utm_source=RD+Station\" style=\"color:blue; text-decoration:underline\"><span style=\"font-size:14.0pt\">ABIM&Oacute;VEL apresenta indicadores da ind&uacute;stria moveleira no 1&ordm; bi: produ&ccedil;&atilde;o aponta para leve recupera&ccedil;&atilde;o<\/span><\/a><\/span><\/span><\/span><\/p>\r\n\r\n<p style=\"text-align:justify\"><span style=\"font-size:11pt\"><span style=\"line-height:normal\"><span style=\"font-family:&quot;Calibri&quot;,sans-serif\"><a href=\"https:\/\/almaco.org.br\/2022\/04\/27\/consumo-de-compositos-cresceu-178-em-2021\/\" style=\"color:blue; text-decoration:underline\"><span style=\"font-size:14.0pt\">Consumo de comp&oacute;sitos cresceu 17,8% em 2021<\/span><\/a><\/span><\/span><\/span><\/p>\r\n\r\n<p style=\"text-align:justify\"><span style=\"font-size:11pt\"><span style=\"line-height:normal\"><span style=\"font-family:&quot;Calibri&quot;,sans-serif\"><a href=\"https:\/\/www.automotivebusiness.com.br\/pt\/posts\/montadoras\/falta-de-chips-tirou-das-linhas-107-mil-veiculos-ate-abril\/\" style=\"color:blue; text-decoration:underline\"><span style=\"font-size:14.0pt\">Falta de chips tirou das linhas 107 mil ve&iacute;culos at&eacute; abril<\/span><\/a><\/span><\/span><\/span><\/p>\r\n\r\n<p style=\"text-align:justify\"><span style=\"font-size:11pt\"><span style=\"line-height:normal\"><span style=\"font-family:&quot;Calibri&quot;,sans-serif\"><a href=\"https:\/\/www.abicalcados.com.br\/noticia\/anunciada-a-realizacao-da-feira-da-industria-calcadista-brasileira\" style=\"color:blue; text-decoration:underline\"><span style=\"font-size:14.0pt\">Anunciada a realiza&ccedil;&atilde;o da feira da ind&uacute;stria cal&ccedil;adista brasileira<\/span><\/a><\/span><\/span><\/span><\/p>\r\n\r\n<p style=\"text-align:justify\"><span style=\"font-size:11pt\"><span style=\"line-height:normal\"><span style=\"font-family:&quot;Calibri&quot;,sans-serif\"><a href=\"https:\/\/www.terra.com.br\/noticias\/coronavirus\/industria-automobilistica-brasileira-deve-levar-de-5-a-6-anos-para-se-recuperar-da-pandemia,692bbcc946b391c3269e8e458ece68e9rjj8y9fh.html\" style=\"color:blue; text-decoration:underline\"><span style=\"font-size:14.0pt\">Ind&uacute;stria automobil&iacute;stica brasileira deve levar de 5 a 6 anos para se recuperar da pandemia<\/span><\/a><\/span><\/span><\/span><\/p>\r\n\r\n<p class=\"MsoTitle\" style=\"text-align:justify\"><span style=\"font-size:28pt\"><span style=\"font-family:&quot;Cambria&quot;,serif\"><span style=\"letter-spacing:-0.5pt\"><b><span style=\"font-size:18.0pt\"><span style=\"font-family:&quot;Calibri&quot;,sans-serif\"><span style=\"font-variant:small-caps\">Sustentabilidade<\/span><\/span><\/span><\/b><\/span><\/span><\/span><\/p>\r\n\r\n<p style=\"text-align:justify\"><span style=\"font-size:11pt\"><span style=\"line-height:normal\"><span style=\"font-family:&quot;Calibri&quot;,sans-serif\"><a href=\"https:\/\/www.textiletechnology.net\/fibers\/news\/ifc-99-recycled-content-certification-for-regenerated-fiber-32028?utm_source=%2Fmeta%2Fnewsletter%2Fnewsletter&amp;utm_medium=newsletter&amp;utm_campaign=nl833&amp;utm_term=0801b20e08c3242125d512808cd74302\" style=\"color:blue; text-decoration:underline\"><span style=\"font-size:14.0pt\">99% recycled content certification<\/span><\/a><\/span><\/span><\/span><\/p>\r\n\r\n<p style=\"text-align:justify\"><span style=\"font-size:11pt\"><span style=\"line-height:normal\"><span style=\"font-family:&quot;Calibri&quot;,sans-serif\"><a href=\"https:\/\/www.segs.com.br\/mais\/economia\/344312-reciclagem-reune-400-pessoas-em-brasilia-e-reforca-a-importancia-do-setor-para-a-economia-e-meio-ambiente\" style=\"color:blue; text-decoration:underline\"><span style=\"font-size:14.0pt\">Reciclagem Re&uacute;ne 400 Pessoas em Bras&iacute;lia e Refor&ccedil;a a Import&acirc;ncia do Setor Para a Economia e Meio Ambiente<\/span><\/a><\/span><\/span><\/span><\/p>\r\n\r\n<p class=\"MsoTitle\" style=\"text-align:justify\"><span style=\"font-size:28pt\"><span style=\"font-family:&quot;Cambria&quot;,serif\"><span style=\"letter-spacing:-0.5pt\"><b><span style=\"font-size:18.0pt\"><span style=\"font-family:&quot;Calibri&quot;,sans-serif\"><span style=\"font-variant:small-caps\">Inova&ccedil;&atilde;o<\/span><\/span><\/span><\/b><\/span><\/span><\/span><\/p>\r\n\r\n<p style=\"text-align:justify\"><span style=\"font-size:11pt\"><span style=\"line-height:normal\"><span style=\"font-family:&quot;Calibri&quot;,sans-serif\"><a href=\"https:\/\/vegazeta.com.br\/cipatex-lanca-laminado-vegano-para-calcados\/\" style=\"color:blue; text-decoration:underline\"><span style=\"font-size:14.0pt\">Cipatex lan&ccedil;a laminado vegano para cal&ccedil;ados<\/span><\/a><\/span><\/span><\/span><\/p>\r\n\r\n<p style=\"text-align:justify\"><span style=\"font-size:11pt\"><span style=\"line-height:normal\"><span style=\"font-family:&quot;Calibri&quot;,sans-serif\"><a href=\"https:\/\/olhardigital.com.br\/2022\/04\/29\/ciencia-e-espaco\/cientistas-criam-curativo-eletrificado-que-acelera-a-cicatrizacao-e-mata-bacterias\/\" style=\"color:blue; text-decoration:underline\"><span style=\"font-size:14.0pt\">Cientistas criam curativo eletrificado que acelera a cicatriza&ccedil;&atilde;o e mata bact&eacute;rias<\/span><\/a><\/span><\/span><\/span><\/p>\r\n\r\n<p style=\"text-align:justify\"><span style=\"font-size:11pt\"><span style=\"line-height:normal\"><span style=\"font-family:&quot;Calibri&quot;,sans-serif\"><a href=\"https:\/\/www.textiletechnology.net\/technical-textiles\/news\/mit-textile-sensor-for-activity-recognition-31998?utm_source=%2Fmeta%2Fnewsletter%2Fnewsletter&amp;utm_medium=newsletter&amp;utm_campaign=nl834&amp;utm_term=0801b20e08c3242125d512808cd74302\" style=\"color:blue; text-decoration:underline\"><span style=\"font-size:14.0pt\">Textile sensor for activity recognition<\/span><\/a><\/span><\/span><\/span><\/p>\r\n\r\n<p style=\"text-align:justify\"><span style=\"font-size:11pt\"><span style=\"line-height:normal\"><span style=\"font-family:&quot;Calibri&quot;,sans-serif\"><a href=\"https:\/\/www.textiletechnology.net\/technical-textiles\/news\/ncsu-yarn-shaped-supercapacitors-for-smart-textiles-32005?utm_source=%2Fmeta%2Fnewsletter%2Fnewsletter&amp;utm_medium=newsletter&amp;utm_campaign=nl834&amp;utm_term=0801b20e08c3242125d512808cd74302\" style=\"color:blue; text-decoration:underline\"><span style=\"font-size:14.0pt\">Yarn-shaped supercapacitors for smart textiles<\/span><\/a><\/span><\/span><\/span><\/p>\r\n\r\n<p style=\"text-align:justify\"><span style=\"font-size:11pt\"><span style=\"line-height:normal\"><span style=\"font-family:&quot;Calibri&quot;,sans-serif\"><a href=\"https:\/\/www.textiletechnology.net\/technical-textiles\/trendreports\/continental-printed-energy-harvesting-solutions-for-textile-based-automotive-applications-32024?utm_source=%2Fmeta%2Fnewsletter%2Fnewsletter&amp;utm_medium=newsletter&amp;utm_campaign=nl834&amp;utm_term=0801b20e08c3242125d512808cd74302\" style=\"color:blue; text-decoration:underline\"><span style=\"font-size:14.0pt\">Printed energy harvesting solutions for textile-based automotive applications<\/span><\/a><\/span><\/span><\/span><\/p>\r\n\r\n<p style=\"text-align:justify\"><span style=\"font-size:11pt\"><span style=\"line-height:normal\"><span style=\"font-family:&quot;Calibri&quot;,sans-serif\"><a href=\"http:\/\/textileindustry.ning.com\/forum\/topics\/roupa-do-futuro-vai-ser-um-filtro-do-instagram\" style=\"color:blue; text-decoration:underline\"><span style=\"font-size:14.0pt\">Roupa do futuro vai ser um filtro do Instagram<\/span><\/a><\/span><\/span><\/span><\/p>\r\n\r\n<p class=\"MsoTitle\" style=\"text-align:justify\"><span style=\"font-size:28pt\"><span style=\"font-family:&quot;Cambria&quot;,serif\"><span style=\"letter-spacing:-0.5pt\"><b><span style=\"font-size:18.0pt\"><span style=\"font-family:&quot;Calibri&quot;,sans-serif\"><span style=\"font-variant:small-caps\">Com&eacute;rcio Exterior<\/span><\/span><\/span><\/b><\/span><\/span><\/span><\/p>\r\n\r\n<p style=\"text-align:justify\"><span style=\"font-size:11pt\"><span style=\"line-height:normal\"><span style=\"font-family:&quot;Calibri&quot;,sans-serif\"><a href=\"https:\/\/noticias.portaldaindustria.com.br\/noticias\/institucional\/entidades-de-14-paises-pedem-maior-participacao-do-setor-privado-na-omc\/\" style=\"color:blue; text-decoration:underline\"><span style=\"font-size:14.0pt\">Entidades de 14 pa&iacute;ses pedem maior participa&ccedil;&atilde;o do setor privado na OMC<\/span><\/a><\/span><\/span><\/span><\/p>\r\n\r\n<p style=\"text-align:justify\"><span style=\"font-size:11pt\"><span style=\"line-height:normal\"><span style=\"font-family:&quot;Calibri&quot;,sans-serif\"><a href=\"https:\/\/www.comexdobrasil.com\/britcham-ve-brasil-no-caminho-certo-para-aderir-a-ocde-e-dinamizar-as-relacoes-comerciais-com-o-reino-unido\/\" style=\"color:blue; text-decoration:underline\"><span style=\"font-size:14.0pt\">Britcham v&ecirc; brasil no caminho certo para aderir &agrave; OCDE e dinamizar as rela&ccedil;&otilde;es comerciais com o Reino Unido<\/span><\/a><\/span><\/span><\/span><\/p>\r\n\r\n<p class=\"MsoTitle\" style=\"text-align:justify\"><span style=\"font-size:28pt\"><span style=\"font-family:&quot;Cambria&quot;,serif\"><span style=\"letter-spacing:-0.5pt\"><b><span style=\"font-size:18.0pt\"><span style=\"font-family:&quot;Calibri&quot;,sans-serif\"><span style=\"font-variant:small-caps\">Economia<\/span><\/span><\/span><\/b><\/span><\/span><\/span><\/p>\r\n\r\n<p style=\"text-align:justify\"><span style=\"font-size:11pt\"><span style=\"line-height:normal\"><span style=\"font-family:&quot;Calibri&quot;,sans-serif\"><a href=\"https:\/\/www.bcb.gov.br\/content\/focus\/focus\/R20220429.pdf\" style=\"color:blue; text-decoration:underline\"><span style=\"font-size:14.0pt\">Boletim Focus<\/span><\/a><\/span><\/span><\/span><\/p>\r\n\r\n<p style=\"text-align:justify\"><span style=\"font-size:11pt\"><span style=\"line-height:normal\"><span style=\"font-family:&quot;Calibri&quot;,sans-serif\"><a href=\"https:\/\/agenciabrasil.ebc.com.br\/economia\/noticia\/2022-04\/governo-amplia-reducao-do-ipi-para-35-partir-de-maio\" style=\"color:blue; text-decoration:underline\"><span style=\"font-size:14.0pt\">Governo amplia redu&ccedil;&atilde;o do IPI para 35% a partir de maio<\/span><\/a><\/span><\/span><\/span><\/p>\r\n\r\n<p style=\"text-align:justify\"><span style=\"font-size:11pt\"><span style=\"line-height:normal\"><span style=\"font-family:&quot;Calibri&quot;,sans-serif\"><a href=\"https:\/\/blogdoibre.fgv.br\/posts\/mundo-desacelera-mas-inflacao-nao-da-tregua\" style=\"color:blue; text-decoration:underline\"><span style=\"font-size:14.0pt\">Mundo desacelera, mas infla&ccedil;&atilde;o n&atilde;o d&aacute; tr&eacute;gua<\/span><\/a><\/span><\/span><\/span><\/p>\r\n\r\n<p style=\"text-align:justify\"><span style=\"font-size:11pt\"><span style=\"line-height:normal\"><span style=\"font-family:&quot;Calibri&quot;,sans-serif\"><a href=\"https:\/\/portalibre.fgv.br\/noticias\/confianca-da-construcao-sobe-48-pontos-em-abril-e-atinge-maior-pontuacao-desde-2014\" style=\"color:blue; text-decoration:underline\"><span style=\"font-size:14.0pt\">Confian&ccedil;a da Constru&ccedil;&atilde;o sobe 4,8 pontos em abril e atinge maior pontua&ccedil;&atilde;o desde 2014<\/span><\/a><\/span><\/span><\/span><\/p>\r\n\r\n<p style=\"text-align:justify\"><span style=\"font-size:11pt\"><span style=\"line-height:normal\"><span style=\"font-family:&quot;Calibri&quot;,sans-serif\"><a href=\"https:\/\/portalibre.fgv.br\/noticias\/apos-oito-meses-em-queda-confianca-da-industria-avanca-24-pontos-em-abril\" style=\"color:blue; text-decoration:underline\"><span style=\"font-size:14.0pt\">Ap&oacute;s oito meses em queda, confian&ccedil;a da ind&uacute;stria avan&ccedil;a 2,4 pontos em abril<\/span><\/a><\/span><\/span><\/span><\/p>\r\n\r\n<p style=\"text-align:justify\"><span style=\"font-size:11pt\"><span style=\"line-height:normal\"><span style=\"font-family:&quot;Calibri&quot;,sans-serif\"><span class=\"MsoHyperlink\" style=\"color:blue\"><span style=\"text-decoration:underline\"><span style=\"font-size:14.0pt\">Confian&ccedil;a Empresarial subiu 2,7 pontos em abril, atingindo o maior n&iacute;vel desde novembro do ano passado<\/span><\/span><\/span><\/span><\/span><\/span><\/p>\r\n\r\n<p style=\"text-align:justify\"><span style=\"font-size:11pt\"><span style=\"line-height:normal\"><span style=\"font-family:&quot;Calibri&quot;,sans-serif\"><a href=\"https:\/\/noticias.portaldaindustria.com.br\/noticias\/economia\/confianca-cresce-em-19-dos-29-setores-da-industria-em-abril-mostra-pesquisa-da-cni\/\" style=\"color:blue; text-decoration:underline\"><span style=\"font-size:14.0pt\">Confian&ccedil;a cresce em 19 dos 29 setores da ind&uacute;stria em abril, mostra pesquisa da CNI<\/span><\/a><\/span><\/span><\/span><\/p>\r\n","6":"<p style=\"text-align:justify\"><span style=\"font-size:11pt\"><span style=\"line-height:normal\"><span style=\"font-family:&quot;Calibri&quot;,sans-serif\"><span style=\"font-size:14.0pt\">Esta &eacute; uma compila&ccedil;&atilde;o das not&iacute;cias mais relevantes para o setor, incluindo informa&ccedil;&otilde;es sobre acordos internacionais, economia brasileira, sustentabilidade e mat&eacute;rias-primas, al&eacute;m de novidades do setor de N&atilde;otecidos e Tecidos T&eacute;cnicos.<\/span><\/span><\/span><\/span><\/p>\r\n\r\n<p class=\"MsoTitle\" style=\"text-align:justify\"><span style=\"font-size:28pt\"><span style=\"font-family:&quot;Cambria&quot;,serif\"><span style=\"letter-spacing:-0.5pt\"><b><span style=\"font-size:18.0pt\"><span style=\"font-family:&quot;Calibri&quot;,sans-serif\"><span style=\"font-variant:small-caps\">A&ccedil;&otilde;es da ABINT<\/span><\/span><\/span><\/b><\/span><\/span><\/span><\/p>\r\n\r\n<p class=\"MsoTitle\" style=\"text-align:justify\"><span style=\"font-size:28pt\"><span style=\"font-family:&quot;Cambria&quot;,serif\"><span style=\"letter-spacing:-0.5pt\"><b><span style=\"font-size:18.0pt\"><span style=\"font-family:&quot;Calibri&quot;,sans-serif\"><span style=\"font-variant:small-caps\"><img src=\"https:\/\/www.abint.org.br\/assets\/img\/editor\/nonwovens-day-logomarca_20220503123755TUb9kKiSBt.jpg\" \/><\/span><\/span><\/span><\/b><\/span><\/span><\/span><\/p>\r\n\r\n<p style=\"text-align:justify\"><span style=\"font-size:11pt\"><span style=\"line-height:normal\"><span style=\"font-family:&quot;Calibri&quot;,sans-serif\"><b><span style=\"font-size:14.0pt\">A ABINT realizar&aacute; o Nonwovens Day 2022<\/span><\/b><\/span><\/span><\/span><\/p>\r\n\r\n<p style=\"text-align:justify\"><span style=\"font-size:11pt\"><span style=\"line-height:normal\"><span style=\"font-family:&quot;Calibri&quot;,sans-serif\"><span style=\"font-size:14.0pt\"><span style=\"background:white\"><span style=\"color:#444444\">O evento, online e gratuito, ocorrer&aacute; nos dias <b>08 e 09 de junho de 2022 <\/b>e reunir&aacute; a cadeia produtiva dos N&atilde;otecidos, de fornecedores a usu&aacute;rios, para debaterem as quest&otilde;es relacionadas &agrave; Sustentabilidade do setor. <\/span><\/span><\/span><a href=\"https:\/\/nonwovensdaycom.wordpress.com\/\" style=\"color:blue; text-decoration:underline\"><span style=\"font-size:14.0pt\"><span style=\"background:white\">Clique aqui e INSCREVA-SE<\/span><\/span><\/a><span style=\"font-size:14.0pt\"><span style=\"background:white\"><span style=\"color:#444444\">.<\/span><\/span><\/span><\/span><\/span><\/span><\/p>\r\n\r\n<p style=\"text-align:justify\"><img height=\"355\" src=\"https:\/\/www.abint.org.br\/assets\/img\/editor\/20220505-live-ctg-instagram-samira_20220503123832NAIxnBBU54.jpeg\" width=\"355\" \/><\/p>\r\n\r\n<p style=\"margin-bottom:13px\"><span style=\"font-size:11pt\"><span style=\"line-height:115%\"><span style=\"font-family:&quot;Calibri&quot;,sans-serif\"><b><span style=\"font-size:14.0pt\"><span style=\"line-height:115%\">CTG entrevista recebe a Engenheira Civil Samira Tessarolli de Souza Paranhos<\/span><\/span><\/b><span style=\"font-size:14.0pt\"><span style=\"line-height:115%\">, para contar sobre a participa&ccedil;&atilde;o das mulheres no universo dos Geossint&eacute;ticos e da Geotecnia. <b>Dia 05 de maio, &agrave;s 18:00<\/b>, no <\/span><\/span><a href=\"https:\/\/www.instagram.com\/ctg_abint\/\" style=\"color:blue; text-decoration:underline\"><span style=\"font-size:14.0pt\"><span style=\"line-height:115%\">Instagram do CTG<\/span><\/span><\/a><\/span><\/span><\/span><\/p>\r\n\r\n<p style=\"margin-bottom:13px\"><img src=\"https:\/\/www.abint.org.br\/assets\/img\/editor\/logo-premio-tcc-ic-2022_20220503124326hERSiEu1tn.jpg\" \/><\/p>\r\n\r\n<p style=\"margin-bottom:13px\"><span style=\"font-size:14.0pt\"><span style=\"line-height:115%\"><span style=\"font-family:&quot;Calibri&quot;,sans-serif\">Oferecido em parceria entre a IGS Brasil e o CTG-ABINT, este concurso seleciona e premia os melhores Trabalhos de Conclus&atilde;o de Curso e de Inicia&ccedil;&atilde;o Cient&iacute;fica publicados anualmente, desenvolvidos em institui&ccedil;&otilde;es de ensino brasileiras com tema relacionado aos Geossint&eacute;ticos. <\/span><\/span><\/span><b><span style=\"font-size:14.0pt\"><span style=\"line-height:115%\"><span style=\"font-family:&quot;Calibri&quot;,sans-serif\">Apoie nossos jovens pesquisadores e divulgue esta not&iacute;cia a seus contatos nas faculdades de engenharia! <\/span><\/span><\/span><\/b><span style=\"font-size:14.0pt\"><span style=\"line-height:115%\"><span style=\"font-family:&quot;Calibri&quot;,sans-serif\">As inscri&ccedil;&otilde;es devem ser feitas at&eacute; 15 de maio pelo site <\/span><\/span><\/span><span style=\"font-size:11.0pt\"><span style=\"line-height:115%\"><span style=\"font-family:&quot;Calibri&quot;,sans-serif\"><a href=\"https:\/\/geossinteticos.org.br\/premiotccic\" style=\"color:blue; text-decoration:underline\"><span style=\"font-size:14.0pt\"><span style=\"line-height:115%\">https:\/\/geossinteticos.org.br\/premiotccic<\/span><\/span><\/a><\/span><\/span><\/span><\/p>\r\n\r\n<p style=\"text-align:justify\">&nbsp;<\/p>\r\n\r\n<p style=\"text-align:justify\"><span style=\"font-size:11pt\"><span style=\"line-height:normal\"><span style=\"font-family:&quot;Calibri&quot;,sans-serif\"><b><span style=\"font-size:18.0pt\"><span style=\"font-variant:small-caps\">Eventos<\/span><\/span><\/b><\/span><\/span><\/span><\/p>\r\n\r\n<p style=\"text-align:justify\"><span style=\"font-size:11pt\"><span style=\"line-height:normal\"><span style=\"font-family:&quot;Calibri&quot;,sans-serif\"><span class=\"MsoHyperlink\" style=\"color:blue\"><span style=\"text-decoration:underline\"><span style=\"font-size:14.0pt\"><span style=\"text-decoration:none\"><span style=\"text-underline:none\">Workshop Abit: <b>Panorama das NRs e o Gerenciamento de Riscos Ocupacionais, <\/b>data 06 de maio de 2022. Informa&ccedil;&otilde;es: <\/span><\/span><\/span><\/span><\/span><a href=\"https:\/\/eventos.abit.org.br\/Subs.aspx?key=c579c318-d9eb-4102-8921-d61f2c065ae4&amp;utm_campaign=convite_workshop_panorama_nrs_-_19042022&amp;utm_medium=email&amp;utm_source=RD+Station\" style=\"color:blue; text-decoration:underline\"><span style=\"font-size:14.0pt\">clique aqui<\/span><\/a><\/span><\/span><\/span><\/p>\r\n\r\n<p style=\"text-align:justify\"><span style=\"font-size:11pt\"><span style=\"line-height:normal\"><span style=\"font-family:&quot;Calibri&quot;,sans-serif\"><span class=\"MsoHyperlink\" style=\"color:blue\"><span style=\"text-decoration:underline\"><b><span style=\"font-size:14.0pt\"><span style=\"text-decoration:none\"><span style=\"text-underline:none\">5th BIOTEXFUTURE Forum &quot;Shaping the future of the bio-based textile value chain&quot;<\/span><\/span><\/span><\/b><\/span><\/span><span class=\"MsoHyperlink\" style=\"color:blue\"><span style=\"text-decoration:underline\"><span style=\"font-size:14.0pt\"><span style=\"text-decoration:none\"><span style=\"text-underline:none\">, data 18 de maio. Informa&ccedil;&otilde;es: <\/span><\/span><\/span><\/span><\/span><a href=\"https:\/\/www.biotexfuture.de\/event-details\/5th-biotexfuture-forum-shaping-the-future-of-the-bio-based-textile-value-chain\" style=\"color:blue; text-decoration:underline\"><span style=\"font-size:14.0pt\">clique aqui<\/span><\/a><\/span><\/span><\/span><\/p>\r\n\r\n<p style=\"text-align:justify\"><span style=\"font-size:11pt\"><span style=\"line-height:normal\"><span style=\"font-family:&quot;Calibri&quot;,sans-serif\"><span class=\"MsoHyperlink\" style=\"color:blue\"><span style=\"text-decoration:underline\"><b><span style=\"font-size:14.0pt\"><span style=\"text-decoration:none\"><span style=\"text-underline:none\">V Simp&oacute;sio de Engenharia Ferrovi&aacute;ria<\/span><\/span><\/span><\/b><\/span><\/span><span class=\"MsoHyperlink\" style=\"color:blue\"><span style=\"text-decoration:underline\"><span style=\"font-size:14.0pt\"><span style=\"text-decoration:none\"><span style=\"text-underline:none\">, data 18 e 19 de maio de 2022. Informa&ccedil;&otilde;es: <\/span><\/span><\/span><\/span><\/span><a href=\"https:\/\/eventos.galoa.com.br\/sef-2022\/page\/1492-home\" style=\"color:blue; text-decoration:underline\"><span style=\"font-size:14.0pt\">clique aqui<\/span><\/a><\/span><\/span><\/span><\/p>\r\n\r\n<p style=\"text-align:justify\"><span style=\"font-size:11pt\"><span style=\"line-height:normal\"><span style=\"font-family:&quot;Calibri&quot;,sans-serif\"><span class=\"MsoHyperlink\" style=\"color:blue\"><span style=\"text-decoration:underline\"><b><span style=\"font-size:14.0pt\"><span style=\"text-decoration:none\"><span style=\"text-underline:none\">The Global Digital Textile Conference<\/span><\/span><\/span><\/b><\/span><\/span><span class=\"MsoHyperlink\" style=\"color:blue\"><span style=\"text-decoration:underline\"><span style=\"font-size:14.0pt\"><span style=\"text-decoration:none\"><span style=\"text-underline:none\">, data 05 e 06 de outubro de 2022. Informa&ccedil;&otilde;es: <\/span><\/span><\/span><\/span><\/span><a href=\"http:\/\/www.events.wtin.com\/GDTC\" style=\"color:blue; text-decoration:underline\"><span style=\"font-size:14.0pt\">www.events.wtin.com\/GDTC<\/span><\/a> <\/span><\/span><\/span><\/p>\r\n\r\n<p class=\"MsoTitle\" style=\"text-align:justify\"><span style=\"font-size:28pt\"><span style=\"font-family:&quot;Cambria&quot;,serif\"><span style=\"letter-spacing:-0.5pt\"><b><span style=\"font-size:18.0pt\"><span style=\"font-family:&quot;Calibri&quot;,sans-serif\"><span style=\"font-variant:small-caps\">Setor<\/span><\/span><\/span><\/b><\/span><\/span><\/span><\/p>\r\n\r\n<p style=\"text-align:justify\"><span style=\"font-size:11pt\"><span style=\"line-height:normal\"><span style=\"font-family:&quot;Calibri&quot;,sans-serif\"><a href=\"http:\/\/www.revistaplasticosul.com.br\/transformacao-aplicacoes\/cadeia-produtiva-de-naotecidos-e-tecidos-tecnicos-discutira-sobre-sustentabilidade-no-nonwovens-day-2022\/\" style=\"color:blue; text-decoration:underline\"><span style=\"font-size:14.0pt\">Cadeia produtiva de N&atilde;otecidos e Tecidos T&eacute;cnicos discutir&aacute; sobre sustentabilidade no Nonwovens Day 2022<\/span><\/a><\/span><\/span><\/span><\/p>\r\n\r\n<p style=\"text-align:justify\"><span style=\"font-size:11pt\"><span style=\"line-height:normal\"><span style=\"font-family:&quot;Calibri&quot;,sans-serif\"><a href=\"https:\/\/www.innovationintextiles.com\/interviews\/a-measure-of-comfort\/\" style=\"color:blue; text-decoration:underline\"><span style=\"font-size:14.0pt\">A measure of comfort<\/span><\/a><\/span><\/span><\/span><\/p>\r\n\r\n<p style=\"text-align:justify\"><span style=\"font-size:11pt\"><span style=\"line-height:normal\"><span style=\"font-family:&quot;Calibri&quot;,sans-serif\"><a href=\"http:\/\/textileindustry.ning.com\/forum\/topics\/nova-iniciativa-da-oit-abit-e-abvtex-vai-fortalecer-pequenas-e-m\" style=\"color:blue; text-decoration:underline\"><span style=\"font-size:14.0pt\">Nova iniciativa da OIT, Abit e ABVTEX vai fortalecer pequenas e m&eacute;dias empresas do setor t&ecirc;xtil de S&atilde;o Paulo<\/span><\/a><\/span><\/span><\/span><\/p>\r\n\r\n<p style=\"text-align:justify\"><span style=\"font-size:11pt\"><span style=\"line-height:normal\"><span style=\"font-family:&quot;Calibri&quot;,sans-serif\"><a href=\"https:\/\/www.dinheirorural.com.br\/braskem-vendas-de-produtos-quimicos-no-brasil-aumentam-3-no-1o-trimestre\/\" style=\"color:blue; text-decoration:underline\"><span style=\"font-size:14.0pt\">Braskem: vendas de produtos qu&iacute;micos no Brasil aumentam 3% no 1&ordm; trimestre<\/span><\/a><\/span><\/span><\/span><\/p>\r\n\r\n<p style=\"text-align:justify\"><span style=\"font-size:11pt\"><span style=\"line-height:normal\"><span style=\"font-family:&quot;Calibri&quot;,sans-serif\"><a href=\"https:\/\/clickpetroleoegas.com.br\/ferro-mineracao-esta-com-vagas-de-emprego-disponiveis-para-o-estado-de-minas-gerais-saiba-como-participar-dos-processos-seletivos\/\" style=\"color:blue; text-decoration:underline\"><span style=\"font-size:14.0pt\">Ferro+ Minera&ccedil;&atilde;o est&aacute; com vagas de emprego dispon&iacute;veis para o estado de Minas Gerais, inclusive para profissionais de Geotecnia<\/span><\/a><\/span><\/span><\/span><\/p>\r\n\r\n<p style=\"text-align:justify\"><span style=\"font-size:11pt\"><span style=\"line-height:normal\"><span style=\"font-family:&quot;Calibri&quot;,sans-serif\"><a href=\"https:\/\/noticias.portaldaindustria.com.br\/noticias\/economia\/conheca-a-industria-brasileira-de-produtos-texteis\/\" style=\"color:blue; text-decoration:underline\"><span style=\"font-size:14.0pt\">Conhe&ccedil;a a ind&uacute;stria brasileira de produtos t&ecirc;xteis<\/span><\/a><\/span><\/span><\/span><\/p>\r\n\r\n<p class=\"MsoTitle\" style=\"text-align:justify\"><span style=\"font-size:28pt\"><span style=\"font-family:&quot;Cambria&quot;,serif\"><span style=\"letter-spacing:-0.5pt\"><b><span style=\"font-size:18.0pt\"><span style=\"font-family:&quot;Calibri&quot;,sans-serif\"><span style=\"font-variant:small-caps\">Ind&uacute;stria<\/span><\/span><\/span><\/b><\/span><\/span><\/span><\/p>\r\n\r\n<p style=\"text-align:justify\"><span style=\"font-size:11pt\"><span style=\"line-height:normal\"><span style=\"font-family:&quot;Calibri&quot;,sans-serif\"><a href=\"https:\/\/app.rdstation.email\/mail\/7b7560ae-dc4a-4a45-bd40-565cd459dd69?utm_campaign=abimovel_apresenta_indicadores_da_industria_moveleira_no_1_bi_producao_aponta_para_leve_recuperacao&amp;utm_medium=email&amp;utm_source=RD+Station\" style=\"color:blue; text-decoration:underline\"><span style=\"font-size:14.0pt\">ABIM&Oacute;VEL apresenta indicadores da ind&uacute;stria moveleira no 1&ordm; bi: produ&ccedil;&atilde;o aponta para leve recupera&ccedil;&atilde;o<\/span><\/a><\/span><\/span><\/span><\/p>\r\n\r\n<p style=\"text-align:justify\"><span style=\"font-size:11pt\"><span style=\"line-height:normal\"><span style=\"font-family:&quot;Calibri&quot;,sans-serif\"><a href=\"https:\/\/almaco.org.br\/2022\/04\/27\/consumo-de-compositos-cresceu-178-em-2021\/\" style=\"color:blue; text-decoration:underline\"><span style=\"font-size:14.0pt\">Consumo de comp&oacute;sitos cresceu 17,8% em 2021<\/span><\/a><\/span><\/span><\/span><\/p>\r\n\r\n<p style=\"text-align:justify\"><span style=\"font-size:11pt\"><span style=\"line-height:normal\"><span style=\"font-family:&quot;Calibri&quot;,sans-serif\"><a href=\"https:\/\/www.automotivebusiness.com.br\/pt\/posts\/montadoras\/falta-de-chips-tirou-das-linhas-107-mil-veiculos-ate-abril\/\" style=\"color:blue; text-decoration:underline\"><span style=\"font-size:14.0pt\">Falta de chips tirou das linhas 107 mil ve&iacute;culos at&eacute; abril<\/span><\/a><\/span><\/span><\/span><\/p>\r\n\r\n<p style=\"text-align:justify\"><span style=\"font-size:11pt\"><span style=\"line-height:normal\"><span style=\"font-family:&quot;Calibri&quot;,sans-serif\"><a href=\"https:\/\/www.abicalcados.com.br\/noticia\/anunciada-a-realizacao-da-feira-da-industria-calcadista-brasileira\" style=\"color:blue; text-decoration:underline\"><span style=\"font-size:14.0pt\">Anunciada a realiza&ccedil;&atilde;o da feira da ind&uacute;stria cal&ccedil;adista brasileira<\/span><\/a><\/span><\/span><\/span><\/p>\r\n\r\n<p style=\"text-align:justify\"><span style=\"font-size:11pt\"><span style=\"line-height:normal\"><span style=\"font-family:&quot;Calibri&quot;,sans-serif\"><a href=\"https:\/\/www.terra.com.br\/noticias\/coronavirus\/industria-automobilistica-brasileira-deve-levar-de-5-a-6-anos-para-se-recuperar-da-pandemia,692bbcc946b391c3269e8e458ece68e9rjj8y9fh.html\" style=\"color:blue; text-decoration:underline\"><span style=\"font-size:14.0pt\">Ind&uacute;stria automobil&iacute;stica brasileira deve levar de 5 a 6 anos para se recuperar da pandemia<\/span><\/a><\/span><\/span><\/span><\/p>\r\n\r\n<p class=\"MsoTitle\" style=\"text-align:justify\"><span style=\"font-size:28pt\"><span style=\"font-family:&quot;Cambria&quot;,serif\"><span style=\"letter-spacing:-0.5pt\"><b><span style=\"font-size:18.0pt\"><span style=\"font-family:&quot;Calibri&quot;,sans-serif\"><span style=\"font-variant:small-caps\">Sustentabilidade<\/span><\/span><\/span><\/b><\/span><\/span><\/span><\/p>\r\n\r\n<p style=\"text-align:justify\"><span style=\"font-size:11pt\"><span style=\"line-height:normal\"><span style=\"font-family:&quot;Calibri&quot;,sans-serif\"><a href=\"https:\/\/www.textiletechnology.net\/fibers\/news\/ifc-99-recycled-content-certification-for-regenerated-fiber-32028?utm_source=%2Fmeta%2Fnewsletter%2Fnewsletter&amp;utm_medium=newsletter&amp;utm_campaign=nl833&amp;utm_term=0801b20e08c3242125d512808cd74302\" style=\"color:blue; text-decoration:underline\"><span style=\"font-size:14.0pt\">99% recycled content certification<\/span><\/a><\/span><\/span><\/span><\/p>\r\n\r\n<p style=\"text-align:justify\"><span style=\"font-size:11pt\"><span style=\"line-height:normal\"><span style=\"font-family:&quot;Calibri&quot;,sans-serif\"><a href=\"https:\/\/www.segs.com.br\/mais\/economia\/344312-reciclagem-reune-400-pessoas-em-brasilia-e-reforca-a-importancia-do-setor-para-a-economia-e-meio-ambiente\" style=\"color:blue; text-decoration:underline\"><span style=\"font-size:14.0pt\">Reciclagem Re&uacute;ne 400 Pessoas em Bras&iacute;lia e Refor&ccedil;a a Import&acirc;ncia do Setor Para a Economia e Meio Ambiente<\/span><\/a><\/span><\/span><\/span><\/p>\r\n\r\n<p class=\"MsoTitle\" style=\"text-align:justify\"><span style=\"font-size:28pt\"><span style=\"font-family:&quot;Cambria&quot;,serif\"><span style=\"letter-spacing:-0.5pt\"><b><span style=\"font-size:18.0pt\"><span style=\"font-family:&quot;Calibri&quot;,sans-serif\"><span style=\"font-variant:small-caps\">Inova&ccedil;&atilde;o<\/span><\/span><\/span><\/b><\/span><\/span><\/span><\/p>\r\n\r\n<p style=\"text-align:justify\"><span style=\"font-size:11pt\"><span style=\"line-height:normal\"><span style=\"font-family:&quot;Calibri&quot;,sans-serif\"><a href=\"https:\/\/vegazeta.com.br\/cipatex-lanca-laminado-vegano-para-calcados\/\" style=\"color:blue; text-decoration:underline\"><span style=\"font-size:14.0pt\">Cipatex lan&ccedil;a laminado vegano para cal&ccedil;ados<\/span><\/a><\/span><\/span><\/span><\/p>\r\n\r\n<p style=\"text-align:justify\"><span style=\"font-size:11pt\"><span style=\"line-height:normal\"><span style=\"font-family:&quot;Calibri&quot;,sans-serif\"><a href=\"https:\/\/olhardigital.com.br\/2022\/04\/29\/ciencia-e-espaco\/cientistas-criam-curativo-eletrificado-que-acelera-a-cicatrizacao-e-mata-bacterias\/\" style=\"color:blue; text-decoration:underline\"><span style=\"font-size:14.0pt\">Cientistas criam curativo eletrificado que acelera a cicatriza&ccedil;&atilde;o e mata bact&eacute;rias<\/span><\/a><\/span><\/span><\/span><\/p>\r\n\r\n<p style=\"text-align:justify\"><span style=\"font-size:11pt\"><span style=\"line-height:normal\"><span style=\"font-family:&quot;Calibri&quot;,sans-serif\"><a href=\"https:\/\/www.textiletechnology.net\/technical-textiles\/news\/mit-textile-sensor-for-activity-recognition-31998?utm_source=%2Fmeta%2Fnewsletter%2Fnewsletter&amp;utm_medium=newsletter&amp;utm_campaign=nl834&amp;utm_term=0801b20e08c3242125d512808cd74302\" style=\"color:blue; text-decoration:underline\"><span style=\"font-size:14.0pt\">Textile sensor for activity recognition<\/span><\/a><\/span><\/span><\/span><\/p>\r\n\r\n<p style=\"text-align:justify\"><span style=\"font-size:11pt\"><span style=\"line-height:normal\"><span style=\"font-family:&quot;Calibri&quot;,sans-serif\"><a href=\"https:\/\/www.textiletechnology.net\/technical-textiles\/news\/ncsu-yarn-shaped-supercapacitors-for-smart-textiles-32005?utm_source=%2Fmeta%2Fnewsletter%2Fnewsletter&amp;utm_medium=newsletter&amp;utm_campaign=nl834&amp;utm_term=0801b20e08c3242125d512808cd74302\" style=\"color:blue; text-decoration:underline\"><span style=\"font-size:14.0pt\">Yarn-shaped supercapacitors for smart textiles<\/span><\/a><\/span><\/span><\/span><\/p>\r\n\r\n<p style=\"text-align:justify\"><span style=\"font-size:11pt\"><span style=\"line-height:normal\"><span style=\"font-family:&quot;Calibri&quot;,sans-serif\"><a href=\"https:\/\/www.textiletechnology.net\/technical-textiles\/trendreports\/continental-printed-energy-harvesting-solutions-for-textile-based-automotive-applications-32024?utm_source=%2Fmeta%2Fnewsletter%2Fnewsletter&amp;utm_medium=newsletter&amp;utm_campaign=nl834&amp;utm_term=0801b20e08c3242125d512808cd74302\" style=\"color:blue; text-decoration:underline\"><span style=\"font-size:14.0pt\">Printed energy harvesting solutions for textile-based automotive applications<\/span><\/a><\/span><\/span><\/span><\/p>\r\n\r\n<p style=\"text-align:justify\"><span style=\"font-size:11pt\"><span style=\"line-height:normal\"><span style=\"font-family:&quot;Calibri&quot;,sans-serif\"><a href=\"http:\/\/textileindustry.ning.com\/forum\/topics\/roupa-do-futuro-vai-ser-um-filtro-do-instagram\" style=\"color:blue; text-decoration:underline\"><span style=\"font-size:14.0pt\">Roupa do futuro vai ser um filtro do Instagram<\/span><\/a><\/span><\/span><\/span><\/p>\r\n\r\n<p class=\"MsoTitle\" style=\"text-align:justify\"><span style=\"font-size:28pt\"><span style=\"font-family:&quot;Cambria&quot;,serif\"><span style=\"letter-spacing:-0.5pt\"><b><span style=\"font-size:18.0pt\"><span style=\"font-family:&quot;Calibri&quot;,sans-serif\"><span style=\"font-variant:small-caps\">Com&eacute;rcio Exterior<\/span><\/span><\/span><\/b><\/span><\/span><\/span><\/p>\r\n\r\n<p style=\"text-align:justify\"><span style=\"font-size:11pt\"><span style=\"line-height:normal\"><span style=\"font-family:&quot;Calibri&quot;,sans-serif\"><a href=\"https:\/\/noticias.portaldaindustria.com.br\/noticias\/institucional\/entidades-de-14-paises-pedem-maior-participacao-do-setor-privado-na-omc\/\" style=\"color:blue; text-decoration:underline\"><span style=\"font-size:14.0pt\">Entidades de 14 pa&iacute;ses pedem maior participa&ccedil;&atilde;o do setor privado na OMC<\/span><\/a><\/span><\/span><\/span><\/p>\r\n\r\n<p style=\"text-align:justify\"><span style=\"font-size:11pt\"><span style=\"line-height:normal\"><span style=\"font-family:&quot;Calibri&quot;,sans-serif\"><a href=\"https:\/\/www.comexdobrasil.com\/britcham-ve-brasil-no-caminho-certo-para-aderir-a-ocde-e-dinamizar-as-relacoes-comerciais-com-o-reino-unido\/\" style=\"color:blue; text-decoration:underline\"><span style=\"font-size:14.0pt\">Britcham v&ecirc; brasil no caminho certo para aderir &agrave; OCDE e dinamizar as rela&ccedil;&otilde;es comerciais com o Reino Unido<\/span><\/a><\/span><\/span><\/span><\/p>\r\n\r\n<p class=\"MsoTitle\" style=\"text-align:justify\"><span style=\"font-size:28pt\"><span style=\"font-family:&quot;Cambria&quot;,serif\"><span style=\"letter-spacing:-0.5pt\"><b><span style=\"font-size:18.0pt\"><span style=\"font-family:&quot;Calibri&quot;,sans-serif\"><span style=\"font-variant:small-caps\">Economia<\/span><\/span><\/span><\/b><\/span><\/span><\/span><\/p>\r\n\r\n<p style=\"text-align:justify\"><span style=\"font-size:11pt\"><span style=\"line-height:normal\"><span style=\"font-family:&quot;Calibri&quot;,sans-serif\"><a href=\"https:\/\/www.bcb.gov.br\/content\/focus\/focus\/R20220429.pdf\" style=\"color:blue; text-decoration:underline\"><span style=\"font-size:14.0pt\">Boletim Focus<\/span><\/a><\/span><\/span><\/span><\/p>\r\n\r\n<p style=\"text-align:justify\"><span style=\"font-size:11pt\"><span style=\"line-height:normal\"><span style=\"font-family:&quot;Calibri&quot;,sans-serif\"><a href=\"https:\/\/agenciabrasil.ebc.com.br\/economia\/noticia\/2022-04\/governo-amplia-reducao-do-ipi-para-35-partir-de-maio\" style=\"color:blue; text-decoration:underline\"><span style=\"font-size:14.0pt\">Governo amplia redu&ccedil;&atilde;o do IPI para 35% a partir de maio<\/span><\/a><\/span><\/span><\/span><\/p>\r\n\r\n<p style=\"text-align:justify\"><span style=\"font-size:11pt\"><span style=\"line-height:normal\"><span style=\"font-family:&quot;Calibri&quot;,sans-serif\"><a href=\"https:\/\/blogdoibre.fgv.br\/posts\/mundo-desacelera-mas-inflacao-nao-da-tregua\" style=\"color:blue; text-decoration:underline\"><span style=\"font-size:14.0pt\">Mundo desacelera, mas infla&ccedil;&atilde;o n&atilde;o d&aacute; tr&eacute;gua<\/span><\/a><\/span><\/span><\/span><\/p>\r\n\r\n<p style=\"text-align:justify\"><span style=\"font-size:11pt\"><span style=\"line-height:normal\"><span style=\"font-family:&quot;Calibri&quot;,sans-serif\"><a href=\"https:\/\/portalibre.fgv.br\/noticias\/confianca-da-construcao-sobe-48-pontos-em-abril-e-atinge-maior-pontuacao-desde-2014\" style=\"color:blue; text-decoration:underline\"><span style=\"font-size:14.0pt\">Confian&ccedil;a da Constru&ccedil;&atilde;o sobe 4,8 pontos em abril e atinge maior pontua&ccedil;&atilde;o desde 2014<\/span><\/a><\/span><\/span><\/span><\/p>\r\n\r\n<p style=\"text-align:justify\"><span style=\"font-size:11pt\"><span style=\"line-height:normal\"><span style=\"font-family:&quot;Calibri&quot;,sans-serif\"><a href=\"https:\/\/portalibre.fgv.br\/noticias\/apos-oito-meses-em-queda-confianca-da-industria-avanca-24-pontos-em-abril\" style=\"color:blue; text-decoration:underline\"><span style=\"font-size:14.0pt\">Ap&oacute;s oito meses em queda, confian&ccedil;a da ind&uacute;stria avan&ccedil;a 2,4 pontos em abril<\/span><\/a><\/span><\/span><\/span><\/p>\r\n\r\n<p style=\"text-align:justify\"><span style=\"font-size:11pt\"><span style=\"line-height:normal\"><span style=\"font-family:&quot;Calibri&quot;,sans-serif\"><span class=\"MsoHyperlink\" style=\"color:blue\"><span style=\"text-decoration:underline\"><span style=\"font-size:14.0pt\">Confian&ccedil;a Empresarial subiu 2,7 pontos em abril, atingindo o maior n&iacute;vel desde novembro do ano passado<\/span><\/span><\/span><\/span><\/span><\/span><\/p>\r\n\r\n<p style=\"text-align:justify\"><span style=\"font-size:11pt\"><span style=\"line-height:normal\"><span style=\"font-family:&quot;Calibri&quot;,sans-serif\"><a href=\"https:\/\/noticias.portaldaindustria.com.br\/noticias\/economia\/confianca-cresce-em-19-dos-29-setores-da-industria-em-abril-mostra-pesquisa-da-cni\/\" style=\"color:blue; text-decoration:underline\"><span style=\"font-size:14.0pt\">Confian&ccedil;a cresce em 19 dos 29 setores da ind&uacute;stria em abril, mostra pesquisa da CNI<\/span><\/a><\/span><\/span><\/span><\/p>\r\n","texto_en":"","7":"","imagem":"COMP_banner-padrao-home-destaques-boletim_20220503124537u49qDCCxOB.jpg","8":"COMP_banner-padrao-home-destaques-boletim_20220503124537u49qDCCxOB.jpg","arquivo":"20220503-NOTICIAS-SEMANAIS.PDF","9":"20220503-NOTICIAS-SEMANAIS.PDF","titulo_arquivo":"","10":"","titulo_arquivo_en":"","11":"","created_at":"2022-05-03 12:45:46","12":"2022-05-03 12:45:46","updated_at":"2022-05-03 12:45:46","13":"2022-05-03 12:45:46"},{"id":14,"0":14,"ordem":209,"1":209,"data":"2022-04-26","2":"2022-04-26","slug":"boletim-de-noticias-semanais-11","3":"boletim-de-noticias-semanais-11","titulo":"Boletim de Not\u00edcias Semanais","4":"Boletim de Not\u00edcias Semanais","titulo_en":"","5":"","texto":"<p style=\"text-align:justify\"><span style=\"font-size:11pt\"><span style=\"line-height:normal\"><span style=\"font-family:&quot;Calibri&quot;,sans-serif\"><span style=\"font-size:14.0pt\">Esta &eacute; uma compila&ccedil;&atilde;o das not&iacute;cias mais relevantes para o setor, incluindo informa&ccedil;&otilde;es sobre acordos internacionais, economia brasileira, sustentabilidade e mat&eacute;rias-primas, al&eacute;m de novidades do setor de N&atilde;otecidos e Tecidos T&eacute;cnicos.<\/span><\/span><\/span><\/span><\/p>\r\n\r\n<p class=\"MsoTitle\" style=\"text-align:justify\"><span style=\"font-size:28pt\"><span style=\"font-family:&quot;Cambria&quot;,serif\"><span style=\"letter-spacing:-0.5pt\"><b><span style=\"font-size:18.0pt\"><span style=\"font-family:&quot;Calibri&quot;,sans-serif\"><span style=\"font-variant:small-caps\">A&ccedil;&otilde;es da ABINT<\/span><\/span><\/span><\/b><\/span><\/span><\/span><\/p>\r\n\r\n<p style=\"text-align:justify\"><span style=\"font-size:11pt\"><span style=\"line-height:normal\"><span style=\"font-family:&quot;Calibri&quot;,sans-serif\"><b><span style=\"font-size:14.0pt\">A ABINT realizar&aacute; o Nonwovens Day 2022<\/span><\/b><\/span><\/span><\/span><\/p>\r\n\r\n<p style=\"text-align:justify\"><span style=\"font-size:11pt\"><span style=\"line-height:normal\"><span style=\"font-family:&quot;Calibri&quot;,sans-serif\"><span style=\"font-size:14.0pt\"><span style=\"background:white\"><span style=\"color:#444444\">O Nonwovens Day, evento reunir&aacute; a cadeia produtiva dos N&atilde;otecidos, de fornecedores a usu&aacute;rios para debaterem as quest&otilde;es relacionadas &agrave; Sustentabilidade do setor, nos dias 08 e 09 de junho de 2022. Mais informa&ccedil;&otilde;es em breve.<\/span><\/span><\/span><\/span><\/span><\/span><\/p>\r\n\r\n<p class=\"MsoTitle\" style=\"text-align:justify\"><span style=\"font-size:28pt\"><span style=\"font-family:&quot;Cambria&quot;,serif\"><span style=\"letter-spacing:-0.5pt\"><b><span style=\"font-size:18.0pt\"><span style=\"font-family:&quot;Calibri&quot;,sans-serif\"><span style=\"font-variant:small-caps\"><img height=\"353\" src=\"https:\/\/www.abint.org.br\/assets\/img\/editor\/nonwovens-day-save-the-date_20220426113610bsrG9PfwNe.jpg\" width=\"353\" \/><\/span><\/span><\/span><\/b><\/span><\/span><\/span><\/p>\r\n\r\n<p style=\"margin-bottom:13px\"><span style=\"font-size:11pt\"><span style=\"line-height:115%\"><span style=\"font-family:&quot;Calibri&quot;,sans-serif\"><b><span style=\"font-size:14.0pt\"><span style=\"line-height:115%\">CTG entrevista recebe a Engenheira Civil Samira Tessarolli de Souza Paranhos<\/span><\/span><\/b><span style=\"font-size:14.0pt\"><span style=\"line-height:115%\">, para contar sobre a participa&ccedil;&atilde;o das mulheres no universo dos Geossint&eacute;ticos e da Geotecnia. Dia 05 de maio, &agrave;s 18:00, no <\/span><\/span><a href=\"https:\/\/www.instagram.com\/ctg_abint\/\" style=\"color:blue; text-decoration:underline\"><span style=\"font-size:14.0pt\"><span style=\"line-height:115%\">Instagram do CTG<\/span><\/span><\/a><\/span><\/span><\/span><\/p>\r\n\r\n<p style=\"margin-bottom:13px\"><span style=\"font-size:11pt\"><span style=\"line-height:115%\"><span style=\"font-family:&quot;Calibri&quot;,sans-serif\"><span style=\"font-size:14.0pt\"><span style=\"line-height:115%\"><img height=\"348\" src=\"https:\/\/www.abint.org.br\/assets\/img\/editor\/20220505-live-ctg-instagram-samira_20220426113724QbKlZHYVlZ.jpeg\" width=\"348\" \/><\/span><\/span><\/span><\/span><\/span><\/p>\r\n\r\n<p class=\"MsoTitle\" style=\"text-align:justify\"><span style=\"font-size:28pt\"><span style=\"font-family:&quot;Cambria&quot;,serif\"><span style=\"letter-spacing:-0.5pt\"><b><span style=\"font-size:18.0pt\"><span style=\"font-family:&quot;Calibri&quot;,sans-serif\"><span style=\"font-variant:small-caps\">Eventos<\/span><\/span><\/span><\/b><\/span><\/span><\/span><\/p>\r\n\r\n<p style=\"text-align:justify\"><span style=\"font-size:11pt\"><span style=\"line-height:normal\"><span style=\"font-family:&quot;Calibri&quot;,sans-serif\"><span class=\"MsoHyperlink\" style=\"color:blue\"><span style=\"text-decoration:underline\"><span style=\"font-size:14.0pt\"><span style=\"text-decoration:none\"><span style=\"text-underline:none\">Webinar eureciclo - <b>Novo Decreto Federal Recicla+<\/b>, data 26 de abril de 2022. Informa&ccedil;&otilde;es: <\/span><\/span><\/span><\/span><\/span><a href=\"https:\/\/info.eureciclo.com.br\/decreto_federal?utm_campaign=Comunica%C3%A7%C3%A3o%20Rel.%20Gov.&amp;utm_medium=email&amp;_hsmi=210410953&amp;_hsenc=p2ANqtz--tcSwmGH0NIQYy7uevuGU1aYpvDycXUsUPMP93IKRzAQfuU2TTbHiG_oNbSJgqOJG6FcmXndkJXFsOZ8N7oDKyAe0RFQ&amp;utm_content=210410953&amp;utm_source=hs_email\" style=\"color:blue; text-decoration:underline\"><span style=\"font-size:14.0pt\">clique aqui<\/span><\/a><\/span><\/span><\/span><\/p>\r\n\r\n<p style=\"text-align:justify\"><span style=\"font-size:11pt\"><span style=\"line-height:normal\"><span style=\"font-family:&quot;Calibri&quot;,sans-serif\"><span class=\"MsoHyperlink\" style=\"color:blue\"><span style=\"text-decoration:underline\"><span style=\"font-size:14.0pt\"><span style=\"text-decoration:none\"><span style=\"text-underline:none\">Curso online ABNT - <b>Etiquetagem de T&ecirc;xteis com &Ecirc;nfase na Norma ABNT NBR NM ISO 3758:2013<\/b>, data 25 e 27 de abril de 2022. Informa&ccedil;&otilde;es: <\/span><\/span><\/span><\/span><\/span><a href=\"https:\/\/abnlink.abnt.org.br\/cl\/PM8R9\/lp\/5bf3\/LCFJkUKAOaB\/BLNq\/GRMn4VkjCJO\/1\/\" style=\"color:blue; text-decoration:underline\"><span style=\"font-size:14.0pt\">clique aqui<\/span><\/a><\/span><\/span><\/span><\/p>\r\n\r\n<p style=\"text-align:justify\"><span style=\"font-size:11pt\"><span style=\"line-height:normal\"><span style=\"font-family:&quot;Calibri&quot;,sans-serif\"><span class=\"MsoHyperlink\" style=\"color:blue\"><span style=\"text-decoration:underline\"><span style=\"font-size:14.0pt\"><span style=\"text-decoration:none\"><span style=\"text-underline:none\">Sinduscon\/BA - <b>Semin&aacute;rio Pr&aacute;ticas e Tend&ecirc;ncias na Constru&ccedil;&atilde;o<\/b>, data 27 de abril de 2022. Informa&ccedil;&otilde;es: <\/span><\/span><\/span><\/span><\/span><a href=\"https:\/\/www.sympla.com.br\/evento\/seminario-praticas-e-tendencias-na-construcao-70-anos-sinduscon-ba\/1544935\" style=\"color:blue; text-decoration:underline\"><span style=\"font-size:14.0pt\">clique aqui<\/span><\/a><\/span><\/span><\/span><\/p>\r\n\r\n<p style=\"text-align:justify\"><span style=\"font-size:11pt\"><span style=\"line-height:normal\"><span style=\"font-family:&quot;Calibri&quot;,sans-serif\"><span class=\"MsoHyperlink\" style=\"color:blue\"><span style=\"text-decoration:underline\"><span style=\"font-size:14.0pt\"><span style=\"text-decoration:none\"><span style=\"text-underline:none\">Ciclo de Semin&aacute;rios TCU\/FIESP &ndash; <b>Desafios da Economia Brasileira: Investimentos, Infraestrutura e Crescimento Econ&ocirc;mico<\/b>, data 28 de abril de 2022. Informa&ccedil;&otilde;es: <\/span><\/span><\/span><\/span><\/span><a href=\"https:\/\/www.fiesp.com.br\/noticias\/fiesp-e-tcu-realizam-seminario-sobre-investimentos-e-infraestrutura\/\" style=\"color:blue; text-decoration:underline\"><span style=\"font-size:14.0pt\">clique aqui<\/span><\/a><\/span><\/span><\/span><\/p>\r\n\r\n<p style=\"text-align:justify\"><span style=\"font-size:11pt\"><span style=\"line-height:normal\"><span style=\"font-family:&quot;Calibri&quot;,sans-serif\"><span class=\"MsoHyperlink\" style=\"color:blue\"><span style=\"text-decoration:underline\"><span style=\"font-size:14.0pt\"><span style=\"text-decoration:none\"><span style=\"text-underline:none\">Webinar FGV IBRE - <b>Investimento e Crescimento Econ&ocirc;mico<\/b>, data 28 de abril de 2022. Informa&ccedil;&otilde;es: <\/span><\/span><\/span><\/span><\/span><a href=\"https:\/\/evento.fgv.br\/crescimento_economico\/\" style=\"color:blue; text-decoration:underline\"><span style=\"font-size:14.0pt\">clique aqui<\/span><\/a><span class=\"MsoHyperlink\" style=\"color:blue\"><span style=\"text-decoration:underline\"><span style=\"font-size:14.0pt\"><span style=\"text-decoration:none\"><span style=\"text-underline:none\">.<\/span><\/span><\/span><\/span><\/span><\/span><\/span><\/span><\/p>\r\n\r\n<p style=\"text-align:justify\"><span style=\"font-size:11pt\"><span style=\"line-height:normal\"><span style=\"font-family:&quot;Calibri&quot;,sans-serif\"><span class=\"MsoHyperlink\" style=\"color:blue\"><span style=\"text-decoration:underline\"><span style=\"font-size:14.0pt\"><span style=\"text-decoration:none\"><span style=\"text-underline:none\">Workshop Abit: <b>Panorama das NRs e o Gerenciamento de Riscos Ocupacionais, <\/b>data 06 de maio de 2022. Informa&ccedil;&otilde;es: <\/span><\/span><\/span><\/span><\/span><a href=\"https:\/\/eventos.abit.org.br\/Subs.aspx?key=c579c318-d9eb-4102-8921-d61f2c065ae4&amp;utm_campaign=convite_workshop_panorama_nrs_-_19042022&amp;utm_medium=email&amp;utm_source=RD+Station\" style=\"color:blue; text-decoration:underline\"><span style=\"font-size:14.0pt\">clique aqui<\/span><\/a><\/span><\/span><\/span><\/p>\r\n\r\n<p style=\"text-align:justify\"><span style=\"font-size:11pt\"><span style=\"line-height:normal\"><span style=\"font-family:&quot;Calibri&quot;,sans-serif\"><span class=\"MsoHyperlink\" style=\"color:blue\"><span style=\"text-decoration:underline\"><b><span style=\"font-size:14.0pt\"><span style=\"text-decoration:none\"><span style=\"text-underline:none\">V Simp&oacute;sio de Engenharia Ferrovi&aacute;ria<\/span><\/span><\/span><\/b><\/span><\/span><span class=\"MsoHyperlink\" style=\"color:blue\"><span style=\"text-decoration:underline\"><span style=\"font-size:14.0pt\"><span style=\"text-decoration:none\"><span style=\"text-underline:none\">, data 18 e 19 de maio de 2022. Informa&ccedil;&otilde;es: <\/span><\/span><\/span><\/span><\/span><a href=\"https:\/\/eventos.galoa.com.br\/sef-2022\/page\/1492-home\" style=\"color:blue; text-decoration:underline\"><span style=\"font-size:14.0pt\">clique aqui<\/span><\/a><\/span><\/span><\/span><\/p>\r\n\r\n<p style=\"text-align:justify\"><span style=\"font-size:11pt\"><span style=\"line-height:normal\"><span style=\"font-family:&quot;Calibri&quot;,sans-serif\"><span class=\"MsoHyperlink\" style=\"color:blue\"><span style=\"text-decoration:underline\"><b><span style=\"font-size:14.0pt\"><span style=\"text-decoration:none\"><span style=\"text-underline:none\">The Global Digital Textile Conference<\/span><\/span><\/span><\/b><\/span><\/span><span class=\"MsoHyperlink\" style=\"color:blue\"><span style=\"text-decoration:underline\"><span style=\"font-size:14.0pt\"><span style=\"text-decoration:none\"><span style=\"text-underline:none\">, data 05 e 06 de outubro de 2022. Informa&ccedil;&otilde;es: <\/span><\/span><\/span><\/span><\/span><a href=\"http:\/\/www.events.wtin.com\/GDTC\" style=\"color:blue; text-decoration:underline\"><span style=\"font-size:14.0pt\">www.events.wtin.com\/GDTC<\/span><\/a> <\/span><\/span><\/span><\/p>\r\n\r\n<p class=\"MsoTitle\" style=\"text-align:justify\"><span style=\"font-size:28pt\"><span style=\"font-family:&quot;Cambria&quot;,serif\"><span style=\"letter-spacing:-0.5pt\"><b><span style=\"font-size:18.0pt\"><span style=\"font-family:&quot;Calibri&quot;,sans-serif\"><span style=\"font-variant:small-caps\">Setor<\/span><\/span><\/span><\/b><\/span><\/span><\/span><\/p>\r\n\r\n<p style=\"text-align:justify\"><span style=\"font-size:11pt\"><span style=\"line-height:normal\"><span style=\"font-family:&quot;Calibri&quot;,sans-serif\"><a href=\"https:\/\/agenciabrasil.ebc.com.br\/saude\/noticia\/2022-04\/governo-publica-portaria-com-o-fim-da-emergencia-sanitaria\" style=\"color:blue; text-decoration:underline\"><span style=\"font-size:14.0pt\">Governo publica portaria com o fim da emerg&ecirc;ncia sanit&aacute;ria. Norma passa a valer em 30 dias<\/span><\/a><\/span><\/span><\/span><\/p>\r\n\r\n<p style=\"text-align:justify\"><span style=\"font-size:11pt\"><span style=\"line-height:normal\"><span style=\"font-family:&quot;Calibri&quot;,sans-serif\"><a href=\"http:\/\/www.folhadoabc.com.br\/index.php\/secoes\/cidade\/item\/22305-braskem-apresenta-solucoes-sustentaveis-do-plastico\" style=\"color:blue; text-decoration:underline\"><span style=\"font-size:14.0pt\">Braskem apresenta novas solu&ccedil;&otilde;es na Agrishow 2022<\/span><\/a><\/span><\/span><\/span><\/p>\r\n\r\n<p style=\"text-align:justify\"><span style=\"font-size:11pt\"><span style=\"line-height:normal\"><span style=\"font-family:&quot;Calibri&quot;,sans-serif\"><a href=\"https:\/\/sociedadeonline.com\/prefeitura-entrega-tres-novas-geomantas-na-regiao-de-pau-da-lima\/\" style=\"color:blue; text-decoration:underline\"><span style=\"font-size:14.0pt\">Prefeitura entrega tr&ecirc;s novas geomantas na regi&atilde;o de Pau da Lima<\/span><\/a><\/span><\/span><\/span><\/p>\r\n\r\n<p style=\"text-align:justify\"><span style=\"font-size:11pt\"><span style=\"line-height:normal\"><span style=\"font-family:&quot;Calibri&quot;,sans-serif\"><a href=\"https:\/\/www.abicalcados.com.br\/noticia\/relatorio-aponta-que-setor-calcadista-cresceu-9-8-em-2021\" style=\"color:blue; text-decoration:underline\"><span style=\"font-size:14.0pt\">Relat&oacute;rio aponta que setor cal&ccedil;adista cresceu 9,8% em 2021<\/span><\/a><\/span><\/span><\/span><\/p>\r\n\r\n<p style=\"text-align:justify\"><span style=\"font-size:11pt\"><span style=\"line-height:normal\"><span style=\"font-family:&quot;Calibri&quot;,sans-serif\"><a href=\"https:\/\/tissueonline.com.br\/mercado-de-celulose-fluff-deve-crescer-em-2022\/?utm_campaign=newsletter_22042022_novo_modelo&amp;utm_medium=email&amp;utm_source=RD+Station\" style=\"color:blue; text-decoration:underline\"><span style=\"font-size:14.0pt\">Mercado de celulose fluff deve crescer em 2022<\/span><\/a><\/span><\/span><\/span><\/p>\r\n\r\n<p class=\"MsoTitle\" style=\"text-align:justify\"><span style=\"font-size:28pt\"><span style=\"font-family:&quot;Cambria&quot;,serif\"><span style=\"letter-spacing:-0.5pt\"><b><span style=\"font-size:18.0pt\"><span style=\"font-family:&quot;Calibri&quot;,sans-serif\"><span style=\"font-variant:small-caps\">Ind&uacute;stria<\/span><\/span><\/span><\/b><\/span><\/span><\/span><\/p>\r\n\r\n<p style=\"text-align:justify\"><span style=\"font-size:11pt\"><span style=\"line-height:normal\"><span style=\"font-family:&quot;Calibri&quot;,sans-serif\"><a href=\"https:\/\/noticias.portaldaindustria.com.br\/noticias\/economia\/aumenta-a-preocupacao-do-empresario-com-queda-no-consumo-juros-altos-e-fretes-diz-cni\/?edit\" style=\"color:blue; text-decoration:underline\"><span style=\"font-size:14.0pt\">Aumenta a preocupa&ccedil;&atilde;o do empres&aacute;rio com queda no consumo, juros altos e fretes, diz CNI<\/span><\/a><\/span><\/span><\/span><\/p>\r\n\r\n<p style=\"text-align:justify\"><span style=\"font-size:11pt\"><span style=\"line-height:normal\"><span style=\"font-family:&quot;Calibri&quot;,sans-serif\"><a href=\"https:\/\/www.automotivebusiness.com.br\/pt\/posts\/setor-automotivo\/volkswagen-interrompe-producao-em-sao-bernardo-do-campo\/\" style=\"color:blue; text-decoration:underline\"><span style=\"font-size:14.0pt\">Volkswagen interrompe produ&ccedil;&atilde;o em S&atilde;o Bernardo do Campo<\/span><\/a><\/span><\/span><\/span><\/p>\r\n\r\n<p style=\"text-align:justify\"><span style=\"font-size:11pt\"><span style=\"line-height:normal\"><span style=\"font-family:&quot;Calibri&quot;,sans-serif\"><a href=\"https:\/\/emobile.com.br\/site\/industria\/exportacoes-de-moveis-e-colchoes-atingem-de-us-618-milhoes\/\" style=\"color:blue; text-decoration:underline\"><span style=\"font-size:14.0pt\">Exporta&ccedil;&otilde;es de m&oacute;veis e colch&otilde;es atingem de U$S 61,8 milh&otilde;es<\/span><\/a><\/span><\/span><\/span><\/p>\r\n\r\n<p style=\"text-align:justify\"><span style=\"font-size:11pt\"><span style=\"line-height:normal\"><span style=\"font-family:&quot;Calibri&quot;,sans-serif\"><a href=\"https:\/\/www.grandesconstrucoes.com.br\/Noticias\/Exibir\/construcao-deve-crescer-5-na-america-latina-em-2022-preve-a-globaldata?utm_source=akna&amp;utm_medium=email&amp;utm_campaign=Grandes-Construcoes-Informativo-808\" style=\"color:blue; text-decoration:underline\"><span style=\"font-size:14.0pt\">Constru&ccedil;&atilde;o deve crescer 5% na Am&eacute;rica Latina em 2022, prev&ecirc; a GlobalData<\/span><\/a><\/span><\/span><\/span><\/p>\r\n\r\n<p style=\"text-align:justify\"><span style=\"font-size:11pt\"><span style=\"line-height:normal\"><span style=\"font-family:&quot;Calibri&quot;,sans-serif\"><a href=\"https:\/\/www.abrafiltros.org.br\/noticias.asp?noticia=1725\" style=\"color:blue; text-decoration:underline\"><span style=\"font-size:14.0pt\">Import&acirc;ncia dos filtros em ve&iacute;culos de alta performance<\/span><\/a><\/span><\/span><\/span><\/p>\r\n\r\n<p class=\"MsoTitle\" style=\"text-align:justify\"><span style=\"font-size:28pt\"><span style=\"font-family:&quot;Cambria&quot;,serif\"><span style=\"letter-spacing:-0.5pt\"><b><span style=\"font-size:18.0pt\"><span style=\"font-family:&quot;Calibri&quot;,sans-serif\"><span style=\"font-variant:small-caps\">Sustentabilidade<\/span><\/span><\/span><\/b><\/span><\/span><\/span><\/p>\r\n\r\n<p style=\"text-align:justify\"><span style=\"font-size:11pt\"><span style=\"line-height:normal\"><span style=\"font-family:&quot;Calibri&quot;,sans-serif\"><a href=\"https:\/\/plasticosemrevista.com.br\/europa-reciclagem-de-resinas-atinge-82-milhoes-de-toneladas-em-2021\/\" style=\"color:blue; text-decoration:underline\"><span style=\"font-size:14.0pt\">Europa: reciclagem de resinas atinge 8,2 milh&otilde;es de toneladas em 2021<\/span><\/a><\/span><\/span><\/span><\/p>\r\n\r\n<p style=\"text-align:justify\"><span style=\"font-size:11pt\"><span style=\"line-height:normal\"><span style=\"font-family:&quot;Calibri&quot;,sans-serif\"><a href=\"https:\/\/www.fibre2fashion.com\/news\/apparel-news\/china-aims-to-recycle-25-of-textile-waste-hike-recycled-fibre-output-280122-newsdetails.htm?utm_source=sendinblue&amp;utm_campaign=General%20Newsletter%2019042022&amp;utm_medium=email\" style=\"color:blue; text-decoration:underline\"><span style=\"font-size:14.0pt\">China aims to recycle 25% of textile waste, hike recycled fibre output<\/span><\/a><\/span><\/span><\/span><\/p>\r\n\r\n<p style=\"text-align:justify\"><span style=\"font-size:11pt\"><span style=\"line-height:normal\"><span style=\"font-family:&quot;Calibri&quot;,sans-serif\"><a href=\"https:\/\/www.textiletechnology.net\/technology\/news\/eu-strategy-for-sustainable-and-circular-textiles-32014?utm_source=%2Fmeta%2Fnewsletter%2Fnewsletter&amp;utm_medium=newsletter&amp;utm_campaign=nl832&amp;utm_term=0801b20e08c3242125d512808cd74302\" style=\"color:blue; text-decoration:underline\"><span style=\"font-size:14.0pt\">EU: Strategy for sustainable and circular textiles<\/span><\/a><\/span><\/span><\/span><\/p>\r\n\r\n<p style=\"text-align:justify\"><span style=\"font-size:11pt\"><span style=\"line-height:normal\"><span style=\"font-family:&quot;Calibri&quot;,sans-serif\"><a href=\"https:\/\/www.agrolink.com.br\/noticias\/como-serao-as-embalagens-sustentaveis-para-fertilizantes-_464706.html\" style=\"color:blue; text-decoration:underline\"><span style=\"font-size:14.0pt\">Como ser&atilde;o as embalagens sustent&aacute;veis para fertilizantes?<\/span><\/a><\/span><\/span><\/span><\/p>\r\n\r\n<p class=\"MsoTitle\" style=\"text-align:justify\"><span style=\"font-size:28pt\"><span style=\"font-family:&quot;Cambria&quot;,serif\"><span style=\"letter-spacing:-0.5pt\"><b><span style=\"font-size:18.0pt\"><span style=\"font-family:&quot;Calibri&quot;,sans-serif\"><span style=\"font-variant:small-caps\">Inova&ccedil;&atilde;o<\/span><\/span><\/span><\/b><\/span><\/span><\/span><\/p>\r\n\r\n<p style=\"text-align:justify\"><span style=\"font-size:11pt\"><span style=\"line-height:normal\"><span style=\"font-family:&quot;Calibri&quot;,sans-serif\"><a href=\"https:\/\/www.abicalcados.com.br\/noticia\/retorno-dos-eventos-fisicos-impulsionam-exportacoes-de-calcados\" style=\"color:blue; text-decoration:underline\"><span style=\"font-size:14.0pt\">Retorno dos eventos f&iacute;sicos impulsionam exporta&ccedil;&otilde;es de cal&ccedil;ados<\/span><\/a><\/span><\/span><\/span><\/p>\r\n\r\n<p style=\"text-align:justify\"><span style=\"font-size:11pt\"><span style=\"line-height:normal\"><span style=\"font-family:&quot;Calibri&quot;,sans-serif\"><a href=\"file:\/\/\/C:\/Users\/cristiane\/Downloads\/Teijin%20Frontier%20desenvolve%20calculadora%20de%20emiss\u00f5es%20de%20CO2%20para%20fibra%20de%20poli\u00e9ster\" style=\"color:blue; text-decoration:underline\"><span style=\"font-size:14.0pt\">Teijin Frontier desenvolve calculadora de emiss&otilde;es de CO2 para fibra de poli&eacute;ster<\/span><\/a><\/span><\/span><\/span><\/p>\r\n\r\n<p style=\"text-align:justify\"><span style=\"font-size:11pt\"><span style=\"line-height:normal\"><span style=\"font-family:&quot;Calibri&quot;,sans-serif\"><a href=\"https:\/\/canaltech.com.br\/inovacao\/metal-liquido-e-polimero-de-algas-sao-usados-para-fabricar-roupas-inteligentes-214144\/\" style=\"color:blue; text-decoration:underline\"><span style=\"font-size:14.0pt\">Metal l&iacute;quido e pol&iacute;mero de algas s&atilde;o usados para fabricar roupas inteligentes<\/span><\/a><\/span><\/span><\/span><\/p>\r\n\r\n<p style=\"text-align:justify\"><span style=\"font-size:11pt\"><span style=\"line-height:normal\"><span style=\"font-family:&quot;Calibri&quot;,sans-serif\"><a href=\"https:\/\/www.terra.com.br\/comunidade\/visao-do-corre\/empreendedora-cria-1-absorvente-para-sondas-gastricas,4d2bfb7ca0eb8197b8298f625b438db6v3rmsquz.html\" style=\"color:blue; text-decoration:underline\"><span style=\"font-size:14.0pt\">Empreendedora cria 1&ordm; absorvente para sondas g&aacute;stricas<\/span><\/a><\/span><\/span><\/span><\/p>\r\n\r\n<p class=\"MsoTitle\" style=\"text-align:justify\"><span style=\"font-size:28pt\"><span style=\"font-family:&quot;Cambria&quot;,serif\"><span style=\"letter-spacing:-0.5pt\"><b><span style=\"font-size:18.0pt\"><span style=\"font-family:&quot;Calibri&quot;,sans-serif\"><span style=\"font-variant:small-caps\">Com&eacute;rcio Exterior<\/span><\/span><\/span><\/b><\/span><\/span><\/span><\/p>\r\n\r\n<p style=\"text-align:justify\"><span style=\"font-size:11pt\"><span style=\"line-height:normal\"><span style=\"font-family:&quot;Calibri&quot;,sans-serif\"><span class=\"MsoHyperlink\" style=\"color:blue\"><span style=\"text-decoration:underline\"><span style=\"font-size:14.0pt\"><span style=\"text-decoration:none\"><span style=\"text-underline:none\"><a href=\"https:\/\/static.portaldaindustria.com.br\/media\/filer_public\/1b\/93\/1b933082-d62f-4978-a077-a575437f603a\/analise_de_politica_comercial_no_4.pdf\" style=\"color:blue; text-decoration:underline\">CNI - An&aacute;lise de Pol&iacute;tica Comercial - Acordos comerciais entre Brasil e M&eacute;xico:<\/a><\/span><\/span> <a href=\"https:\/\/static.portaldaindustria.com.br\/media\/filer_public\/1b\/93\/1b933082-d62f-4978-a077-a575437f603a\/analise_de_politica_comercial_no_4.pdf\" style=\"color:blue; text-decoration:underline\">necessidade de aprofundamento<\/a><\/span><\/span><\/span><\/span><\/span><\/span><\/p>\r\n\r\n<p style=\"text-align:justify\"><span style=\"font-size:11pt\"><span style=\"line-height:normal\"><span style=\"font-family:&quot;Calibri&quot;,sans-serif\"><a href=\"https:\/\/www.fiesp.com.br\/noticias\/fiesp-e-cni-apresentam-agenda-de-prioridades-da-industria-a-diretora-geral-da-omc\/\" style=\"color:blue; text-decoration:underline\"><span style=\"font-size:14.0pt\">Fiesp e CNI apresentam agenda de prioridades da ind&uacute;stria &agrave; diretora-geral da OMC<\/span><\/a><\/span><\/span><\/span><\/p>\r\n\r\n<p style=\"text-align:justify\"><span style=\"font-size:11pt\"><span style=\"line-height:normal\"><span style=\"font-family:&quot;Calibri&quot;,sans-serif\"><a href=\"https:\/\/www.comexdobrasil.com\/regimes-aduaneiros-especiais-ajudam-a-desburocratizar-o-comercio-exterior-e-fortalecem-a-balanca-comercial-brasileira\/\" style=\"color:blue; text-decoration:underline\"><span style=\"font-size:14.0pt\">Regimes aduaneiros especiais ajudam a desburocratizar o comercio exterior e fortalecem a balan&ccedil;a comercial brasileira<\/span><\/a><\/span><\/span><\/span><\/p>\r\n\r\n<p style=\"text-align:justify\"><span style=\"font-size:11pt\"><span style=\"line-height:normal\"><span style=\"font-family:&quot;Calibri&quot;,sans-serif\"><a href=\"https:\/\/noticias.portaldaindustria.com.br\/noticias\/internacional\/internacionalizar-esta-na-moda-cni-promove-rodadas-negocios-para-setor-textil\/\" style=\"color:blue; text-decoration:underline\"><span style=\"font-size:14.0pt\">Internacionalizar est&aacute; na moda! CNI promove rodadas de neg&oacute;cios para setor t&ecirc;xtil<\/span><\/a><\/span><\/span><\/span><\/p>\r\n\r\n<p class=\"MsoTitle\" style=\"text-align:justify\"><span style=\"font-size:28pt\"><span style=\"font-family:&quot;Cambria&quot;,serif\"><span style=\"letter-spacing:-0.5pt\"><b><span style=\"font-size:18.0pt\"><span style=\"font-family:&quot;Calibri&quot;,sans-serif\"><span style=\"font-variant:small-caps\">Economia<\/span><\/span><\/span><\/b><\/span><\/span><\/span><\/p>\r\n\r\n<p style=\"text-align:justify\"><span style=\"font-size:11pt\"><span style=\"line-height:normal\"><span style=\"font-family:&quot;Calibri&quot;,sans-serif\"><a href=\"https:\/\/www.fibre2fashion.com\/news\/textile-news\/china-s-gdp-rises-by-4-8-yoy-in-q1-2022-280176-newsdetails.htm?utm_source=sendinblue&amp;utm_campaign=General%20Newsletter%2019042022&amp;utm_medium=email\" style=\"color:blue; text-decoration:underline\"><span style=\"font-size:14.0pt\">China&#39;s GDP rises by 4.8% YoY in Q1 2022<\/span><\/a><\/span><\/span><\/span><\/p>\r\n\r\n<p style=\"text-align:justify\"><span style=\"font-size:11pt\"><span style=\"line-height:normal\"><span style=\"font-family:&quot;Calibri&quot;,sans-serif\"><a href=\"https:\/\/www.revistamt.com.br\/Noticias\/Exibir\/lockdowns-contra-a-covid-19-na-china-repercutem-por-todos-os-setores-da-economia-do-pais?utm_source=akna&amp;utm_medium=email&amp;utm_campaign=Revista-M-T-Informativo-573\" style=\"color:blue; text-decoration:underline\"><span style=\"font-size:14.0pt\">Lockdowns contra a Covid-19 na China repercutem por todos os setores da economia do pa&iacute;s<\/span><\/a><\/span><\/span><\/span><\/p>\r\n\r\n<p style=\"text-align:justify\"><span style=\"font-size:11pt\"><span style=\"line-height:normal\"><span style=\"font-family:&quot;Calibri&quot;,sans-serif\"><a href=\"https:\/\/economia.uol.com.br\/noticias\/estadao-conteudo\/2022\/04\/24\/infraestrutura-e-exemplo-de-diferenca-de-gastos.htm\" style=\"color:blue; text-decoration:underline\"><span style=\"font-size:14.0pt\">Infraestrutura &eacute; exemplo de diferen&ccedil;a de gastos<\/span><\/a><\/span><\/span><\/span><\/p>\r\n\r\n<p style=\"text-align:justify\"><span style=\"font-size:11pt\"><span style=\"line-height:normal\"><span style=\"font-family:&quot;Calibri&quot;,sans-serif\"><a href=\"https:\/\/portalapas.org.br\/indice-de-precos-dos-supermercados-registra-alta-historica-em-marco\/\" style=\"color:blue; text-decoration:underline\"><span style=\"font-size:14.0pt\">&Iacute;ndice de Pre&ccedil;os dos Supermercados registra alta hist&oacute;rica em mar&ccedil;o<\/span><\/a><\/span><\/span><\/span><\/p>\r\n","6":"<p style=\"text-align:justify\"><span style=\"font-size:11pt\"><span style=\"line-height:normal\"><span style=\"font-family:&quot;Calibri&quot;,sans-serif\"><span style=\"font-size:14.0pt\">Esta &eacute; uma compila&ccedil;&atilde;o das not&iacute;cias mais relevantes para o setor, incluindo informa&ccedil;&otilde;es sobre acordos internacionais, economia brasileira, sustentabilidade e mat&eacute;rias-primas, al&eacute;m de novidades do setor de N&atilde;otecidos e Tecidos T&eacute;cnicos.<\/span><\/span><\/span><\/span><\/p>\r\n\r\n<p class=\"MsoTitle\" style=\"text-align:justify\"><span style=\"font-size:28pt\"><span style=\"font-family:&quot;Cambria&quot;,serif\"><span style=\"letter-spacing:-0.5pt\"><b><span style=\"font-size:18.0pt\"><span style=\"font-family:&quot;Calibri&quot;,sans-serif\"><span style=\"font-variant:small-caps\">A&ccedil;&otilde;es da ABINT<\/span><\/span><\/span><\/b><\/span><\/span><\/span><\/p>\r\n\r\n<p style=\"text-align:justify\"><span style=\"font-size:11pt\"><span style=\"line-height:normal\"><span style=\"font-family:&quot;Calibri&quot;,sans-serif\"><b><span style=\"font-size:14.0pt\">A ABINT realizar&aacute; o Nonwovens Day 2022<\/span><\/b><\/span><\/span><\/span><\/p>\r\n\r\n<p style=\"text-align:justify\"><span style=\"font-size:11pt\"><span style=\"line-height:normal\"><span style=\"font-family:&quot;Calibri&quot;,sans-serif\"><span style=\"font-size:14.0pt\"><span style=\"background:white\"><span style=\"color:#444444\">O Nonwovens Day, evento reunir&aacute; a cadeia produtiva dos N&atilde;otecidos, de fornecedores a usu&aacute;rios para debaterem as quest&otilde;es relacionadas &agrave; Sustentabilidade do setor, nos dias 08 e 09 de junho de 2022. Mais informa&ccedil;&otilde;es em breve.<\/span><\/span><\/span><\/span><\/span><\/span><\/p>\r\n\r\n<p class=\"MsoTitle\" style=\"text-align:justify\"><span style=\"font-size:28pt\"><span style=\"font-family:&quot;Cambria&quot;,serif\"><span style=\"letter-spacing:-0.5pt\"><b><span style=\"font-size:18.0pt\"><span style=\"font-family:&quot;Calibri&quot;,sans-serif\"><span style=\"font-variant:small-caps\"><img height=\"353\" src=\"https:\/\/www.abint.org.br\/assets\/img\/editor\/nonwovens-day-save-the-date_20220426113610bsrG9PfwNe.jpg\" width=\"353\" \/><\/span><\/span><\/span><\/b><\/span><\/span><\/span><\/p>\r\n\r\n<p style=\"margin-bottom:13px\"><span style=\"font-size:11pt\"><span style=\"line-height:115%\"><span style=\"font-family:&quot;Calibri&quot;,sans-serif\"><b><span style=\"font-size:14.0pt\"><span style=\"line-height:115%\">CTG entrevista recebe a Engenheira Civil Samira Tessarolli de Souza Paranhos<\/span><\/span><\/b><span style=\"font-size:14.0pt\"><span style=\"line-height:115%\">, para contar sobre a participa&ccedil;&atilde;o das mulheres no universo dos Geossint&eacute;ticos e da Geotecnia. Dia 05 de maio, &agrave;s 18:00, no <\/span><\/span><a href=\"https:\/\/www.instagram.com\/ctg_abint\/\" style=\"color:blue; text-decoration:underline\"><span style=\"font-size:14.0pt\"><span style=\"line-height:115%\">Instagram do CTG<\/span><\/span><\/a><\/span><\/span><\/span><\/p>\r\n\r\n<p style=\"margin-bottom:13px\"><span style=\"font-size:11pt\"><span style=\"line-height:115%\"><span style=\"font-family:&quot;Calibri&quot;,sans-serif\"><span style=\"font-size:14.0pt\"><span style=\"line-height:115%\"><img height=\"348\" src=\"https:\/\/www.abint.org.br\/assets\/img\/editor\/20220505-live-ctg-instagram-samira_20220426113724QbKlZHYVlZ.jpeg\" width=\"348\" \/><\/span><\/span><\/span><\/span><\/span><\/p>\r\n\r\n<p class=\"MsoTitle\" style=\"text-align:justify\"><span style=\"font-size:28pt\"><span style=\"font-family:&quot;Cambria&quot;,serif\"><span style=\"letter-spacing:-0.5pt\"><b><span style=\"font-size:18.0pt\"><span style=\"font-family:&quot;Calibri&quot;,sans-serif\"><span style=\"font-variant:small-caps\">Eventos<\/span><\/span><\/span><\/b><\/span><\/span><\/span><\/p>\r\n\r\n<p style=\"text-align:justify\"><span style=\"font-size:11pt\"><span style=\"line-height:normal\"><span style=\"font-family:&quot;Calibri&quot;,sans-serif\"><span class=\"MsoHyperlink\" style=\"color:blue\"><span style=\"text-decoration:underline\"><span style=\"font-size:14.0pt\"><span style=\"text-decoration:none\"><span style=\"text-underline:none\">Webinar eureciclo - <b>Novo Decreto Federal Recicla+<\/b>, data 26 de abril de 2022. Informa&ccedil;&otilde;es: <\/span><\/span><\/span><\/span><\/span><a href=\"https:\/\/info.eureciclo.com.br\/decreto_federal?utm_campaign=Comunica%C3%A7%C3%A3o%20Rel.%20Gov.&amp;utm_medium=email&amp;_hsmi=210410953&amp;_hsenc=p2ANqtz--tcSwmGH0NIQYy7uevuGU1aYpvDycXUsUPMP93IKRzAQfuU2TTbHiG_oNbSJgqOJG6FcmXndkJXFsOZ8N7oDKyAe0RFQ&amp;utm_content=210410953&amp;utm_source=hs_email\" style=\"color:blue; text-decoration:underline\"><span style=\"font-size:14.0pt\">clique aqui<\/span><\/a><\/span><\/span><\/span><\/p>\r\n\r\n<p style=\"text-align:justify\"><span style=\"font-size:11pt\"><span style=\"line-height:normal\"><span style=\"font-family:&quot;Calibri&quot;,sans-serif\"><span class=\"MsoHyperlink\" style=\"color:blue\"><span style=\"text-decoration:underline\"><span style=\"font-size:14.0pt\"><span style=\"text-decoration:none\"><span style=\"text-underline:none\">Curso online ABNT - <b>Etiquetagem de T&ecirc;xteis com &Ecirc;nfase na Norma ABNT NBR NM ISO 3758:2013<\/b>, data 25 e 27 de abril de 2022. Informa&ccedil;&otilde;es: <\/span><\/span><\/span><\/span><\/span><a href=\"https:\/\/abnlink.abnt.org.br\/cl\/PM8R9\/lp\/5bf3\/LCFJkUKAOaB\/BLNq\/GRMn4VkjCJO\/1\/\" style=\"color:blue; text-decoration:underline\"><span style=\"font-size:14.0pt\">clique aqui<\/span><\/a><\/span><\/span><\/span><\/p>\r\n\r\n<p style=\"text-align:justify\"><span style=\"font-size:11pt\"><span style=\"line-height:normal\"><span style=\"font-family:&quot;Calibri&quot;,sans-serif\"><span class=\"MsoHyperlink\" style=\"color:blue\"><span style=\"text-decoration:underline\"><span style=\"font-size:14.0pt\"><span style=\"text-decoration:none\"><span style=\"text-underline:none\">Sinduscon\/BA - <b>Semin&aacute;rio Pr&aacute;ticas e Tend&ecirc;ncias na Constru&ccedil;&atilde;o<\/b>, data 27 de abril de 2022. Informa&ccedil;&otilde;es: <\/span><\/span><\/span><\/span><\/span><a href=\"https:\/\/www.sympla.com.br\/evento\/seminario-praticas-e-tendencias-na-construcao-70-anos-sinduscon-ba\/1544935\" style=\"color:blue; text-decoration:underline\"><span style=\"font-size:14.0pt\">clique aqui<\/span><\/a><\/span><\/span><\/span><\/p>\r\n\r\n<p style=\"text-align:justify\"><span style=\"font-size:11pt\"><span style=\"line-height:normal\"><span style=\"font-family:&quot;Calibri&quot;,sans-serif\"><span class=\"MsoHyperlink\" style=\"color:blue\"><span style=\"text-decoration:underline\"><span style=\"font-size:14.0pt\"><span style=\"text-decoration:none\"><span style=\"text-underline:none\">Ciclo de Semin&aacute;rios TCU\/FIESP &ndash; <b>Desafios da Economia Brasileira: Investimentos, Infraestrutura e Crescimento Econ&ocirc;mico<\/b>, data 28 de abril de 2022. Informa&ccedil;&otilde;es: <\/span><\/span><\/span><\/span><\/span><a href=\"https:\/\/www.fiesp.com.br\/noticias\/fiesp-e-tcu-realizam-seminario-sobre-investimentos-e-infraestrutura\/\" style=\"color:blue; text-decoration:underline\"><span style=\"font-size:14.0pt\">clique aqui<\/span><\/a><\/span><\/span><\/span><\/p>\r\n\r\n<p style=\"text-align:justify\"><span style=\"font-size:11pt\"><span style=\"line-height:normal\"><span style=\"font-family:&quot;Calibri&quot;,sans-serif\"><span class=\"MsoHyperlink\" style=\"color:blue\"><span style=\"text-decoration:underline\"><span style=\"font-size:14.0pt\"><span style=\"text-decoration:none\"><span style=\"text-underline:none\">Webinar FGV IBRE - <b>Investimento e Crescimento Econ&ocirc;mico<\/b>, data 28 de abril de 2022. Informa&ccedil;&otilde;es: <\/span><\/span><\/span><\/span><\/span><a href=\"https:\/\/evento.fgv.br\/crescimento_economico\/\" style=\"color:blue; text-decoration:underline\"><span style=\"font-size:14.0pt\">clique aqui<\/span><\/a><span class=\"MsoHyperlink\" style=\"color:blue\"><span style=\"text-decoration:underline\"><span style=\"font-size:14.0pt\"><span style=\"text-decoration:none\"><span style=\"text-underline:none\">.<\/span><\/span><\/span><\/span><\/span><\/span><\/span><\/span><\/p>\r\n\r\n<p style=\"text-align:justify\"><span style=\"font-size:11pt\"><span style=\"line-height:normal\"><span style=\"font-family:&quot;Calibri&quot;,sans-serif\"><span class=\"MsoHyperlink\" style=\"color:blue\"><span style=\"text-decoration:underline\"><span style=\"font-size:14.0pt\"><span style=\"text-decoration:none\"><span style=\"text-underline:none\">Workshop Abit: <b>Panorama das NRs e o Gerenciamento de Riscos Ocupacionais, <\/b>data 06 de maio de 2022. Informa&ccedil;&otilde;es: <\/span><\/span><\/span><\/span><\/span><a href=\"https:\/\/eventos.abit.org.br\/Subs.aspx?key=c579c318-d9eb-4102-8921-d61f2c065ae4&amp;utm_campaign=convite_workshop_panorama_nrs_-_19042022&amp;utm_medium=email&amp;utm_source=RD+Station\" style=\"color:blue; text-decoration:underline\"><span style=\"font-size:14.0pt\">clique aqui<\/span><\/a><\/span><\/span><\/span><\/p>\r\n\r\n<p style=\"text-align:justify\"><span style=\"font-size:11pt\"><span style=\"line-height:normal\"><span style=\"font-family:&quot;Calibri&quot;,sans-serif\"><span class=\"MsoHyperlink\" style=\"color:blue\"><span style=\"text-decoration:underline\"><b><span style=\"font-size:14.0pt\"><span style=\"text-decoration:none\"><span style=\"text-underline:none\">V Simp&oacute;sio de Engenharia Ferrovi&aacute;ria<\/span><\/span><\/span><\/b><\/span><\/span><span class=\"MsoHyperlink\" style=\"color:blue\"><span style=\"text-decoration:underline\"><span style=\"font-size:14.0pt\"><span style=\"text-decoration:none\"><span style=\"text-underline:none\">, data 18 e 19 de maio de 2022. Informa&ccedil;&otilde;es: <\/span><\/span><\/span><\/span><\/span><a href=\"https:\/\/eventos.galoa.com.br\/sef-2022\/page\/1492-home\" style=\"color:blue; text-decoration:underline\"><span style=\"font-size:14.0pt\">clique aqui<\/span><\/a><\/span><\/span><\/span><\/p>\r\n\r\n<p style=\"text-align:justify\"><span style=\"font-size:11pt\"><span style=\"line-height:normal\"><span style=\"font-family:&quot;Calibri&quot;,sans-serif\"><span class=\"MsoHyperlink\" style=\"color:blue\"><span style=\"text-decoration:underline\"><b><span style=\"font-size:14.0pt\"><span style=\"text-decoration:none\"><span style=\"text-underline:none\">The Global Digital Textile Conference<\/span><\/span><\/span><\/b><\/span><\/span><span class=\"MsoHyperlink\" style=\"color:blue\"><span style=\"text-decoration:underline\"><span style=\"font-size:14.0pt\"><span style=\"text-decoration:none\"><span style=\"text-underline:none\">, data 05 e 06 de outubro de 2022. Informa&ccedil;&otilde;es: <\/span><\/span><\/span><\/span><\/span><a href=\"http:\/\/www.events.wtin.com\/GDTC\" style=\"color:blue; text-decoration:underline\"><span style=\"font-size:14.0pt\">www.events.wtin.com\/GDTC<\/span><\/a> <\/span><\/span><\/span><\/p>\r\n\r\n<p class=\"MsoTitle\" style=\"text-align:justify\"><span style=\"font-size:28pt\"><span style=\"font-family:&quot;Cambria&quot;,serif\"><span style=\"letter-spacing:-0.5pt\"><b><span style=\"font-size:18.0pt\"><span style=\"font-family:&quot;Calibri&quot;,sans-serif\"><span style=\"font-variant:small-caps\">Setor<\/span><\/span><\/span><\/b><\/span><\/span><\/span><\/p>\r\n\r\n<p style=\"text-align:justify\"><span style=\"font-size:11pt\"><span style=\"line-height:normal\"><span style=\"font-family:&quot;Calibri&quot;,sans-serif\"><a href=\"https:\/\/agenciabrasil.ebc.com.br\/saude\/noticia\/2022-04\/governo-publica-portaria-com-o-fim-da-emergencia-sanitaria\" style=\"color:blue; text-decoration:underline\"><span style=\"font-size:14.0pt\">Governo publica portaria com o fim da emerg&ecirc;ncia sanit&aacute;ria. Norma passa a valer em 30 dias<\/span><\/a><\/span><\/span><\/span><\/p>\r\n\r\n<p style=\"text-align:justify\"><span style=\"font-size:11pt\"><span style=\"line-height:normal\"><span style=\"font-family:&quot;Calibri&quot;,sans-serif\"><a href=\"http:\/\/www.folhadoabc.com.br\/index.php\/secoes\/cidade\/item\/22305-braskem-apresenta-solucoes-sustentaveis-do-plastico\" style=\"color:blue; text-decoration:underline\"><span style=\"font-size:14.0pt\">Braskem apresenta novas solu&ccedil;&otilde;es na Agrishow 2022<\/span><\/a><\/span><\/span><\/span><\/p>\r\n\r\n<p style=\"text-align:justify\"><span style=\"font-size:11pt\"><span style=\"line-height:normal\"><span style=\"font-family:&quot;Calibri&quot;,sans-serif\"><a href=\"https:\/\/sociedadeonline.com\/prefeitura-entrega-tres-novas-geomantas-na-regiao-de-pau-da-lima\/\" style=\"color:blue; text-decoration:underline\"><span style=\"font-size:14.0pt\">Prefeitura entrega tr&ecirc;s novas geomantas na regi&atilde;o de Pau da Lima<\/span><\/a><\/span><\/span><\/span><\/p>\r\n\r\n<p style=\"text-align:justify\"><span style=\"font-size:11pt\"><span style=\"line-height:normal\"><span style=\"font-family:&quot;Calibri&quot;,sans-serif\"><a href=\"https:\/\/www.abicalcados.com.br\/noticia\/relatorio-aponta-que-setor-calcadista-cresceu-9-8-em-2021\" style=\"color:blue; text-decoration:underline\"><span style=\"font-size:14.0pt\">Relat&oacute;rio aponta que setor cal&ccedil;adista cresceu 9,8% em 2021<\/span><\/a><\/span><\/span><\/span><\/p>\r\n\r\n<p style=\"text-align:justify\"><span style=\"font-size:11pt\"><span style=\"line-height:normal\"><span style=\"font-family:&quot;Calibri&quot;,sans-serif\"><a href=\"https:\/\/tissueonline.com.br\/mercado-de-celulose-fluff-deve-crescer-em-2022\/?utm_campaign=newsletter_22042022_novo_modelo&amp;utm_medium=email&amp;utm_source=RD+Station\" style=\"color:blue; text-decoration:underline\"><span style=\"font-size:14.0pt\">Mercado de celulose fluff deve crescer em 2022<\/span><\/a><\/span><\/span><\/span><\/p>\r\n\r\n<p class=\"MsoTitle\" style=\"text-align:justify\"><span style=\"font-size:28pt\"><span style=\"font-family:&quot;Cambria&quot;,serif\"><span style=\"letter-spacing:-0.5pt\"><b><span style=\"font-size:18.0pt\"><span style=\"font-family:&quot;Calibri&quot;,sans-serif\"><span style=\"font-variant:small-caps\">Ind&uacute;stria<\/span><\/span><\/span><\/b><\/span><\/span><\/span><\/p>\r\n\r\n<p style=\"text-align:justify\"><span style=\"font-size:11pt\"><span style=\"line-height:normal\"><span style=\"font-family:&quot;Calibri&quot;,sans-serif\"><a href=\"https:\/\/noticias.portaldaindustria.com.br\/noticias\/economia\/aumenta-a-preocupacao-do-empresario-com-queda-no-consumo-juros-altos-e-fretes-diz-cni\/?edit\" style=\"color:blue; text-decoration:underline\"><span style=\"font-size:14.0pt\">Aumenta a preocupa&ccedil;&atilde;o do empres&aacute;rio com queda no consumo, juros altos e fretes, diz CNI<\/span><\/a><\/span><\/span><\/span><\/p>\r\n\r\n<p style=\"text-align:justify\"><span style=\"font-size:11pt\"><span style=\"line-height:normal\"><span style=\"font-family:&quot;Calibri&quot;,sans-serif\"><a href=\"https:\/\/www.automotivebusiness.com.br\/pt\/posts\/setor-automotivo\/volkswagen-interrompe-producao-em-sao-bernardo-do-campo\/\" style=\"color:blue; text-decoration:underline\"><span style=\"font-size:14.0pt\">Volkswagen interrompe produ&ccedil;&atilde;o em S&atilde;o Bernardo do Campo<\/span><\/a><\/span><\/span><\/span><\/p>\r\n\r\n<p style=\"text-align:justify\"><span style=\"font-size:11pt\"><span style=\"line-height:normal\"><span style=\"font-family:&quot;Calibri&quot;,sans-serif\"><a href=\"https:\/\/emobile.com.br\/site\/industria\/exportacoes-de-moveis-e-colchoes-atingem-de-us-618-milhoes\/\" style=\"color:blue; text-decoration:underline\"><span style=\"font-size:14.0pt\">Exporta&ccedil;&otilde;es de m&oacute;veis e colch&otilde;es atingem de U$S 61,8 milh&otilde;es<\/span><\/a><\/span><\/span><\/span><\/p>\r\n\r\n<p style=\"text-align:justify\"><span style=\"font-size:11pt\"><span style=\"line-height:normal\"><span style=\"font-family:&quot;Calibri&quot;,sans-serif\"><a href=\"https:\/\/www.grandesconstrucoes.com.br\/Noticias\/Exibir\/construcao-deve-crescer-5-na-america-latina-em-2022-preve-a-globaldata?utm_source=akna&amp;utm_medium=email&amp;utm_campaign=Grandes-Construcoes-Informativo-808\" style=\"color:blue; text-decoration:underline\"><span style=\"font-size:14.0pt\">Constru&ccedil;&atilde;o deve crescer 5% na Am&eacute;rica Latina em 2022, prev&ecirc; a GlobalData<\/span><\/a><\/span><\/span><\/span><\/p>\r\n\r\n<p style=\"text-align:justify\"><span style=\"font-size:11pt\"><span style=\"line-height:normal\"><span style=\"font-family:&quot;Calibri&quot;,sans-serif\"><a href=\"https:\/\/www.abrafiltros.org.br\/noticias.asp?noticia=1725\" style=\"color:blue; text-decoration:underline\"><span style=\"font-size:14.0pt\">Import&acirc;ncia dos filtros em ve&iacute;culos de alta performance<\/span><\/a><\/span><\/span><\/span><\/p>\r\n\r\n<p class=\"MsoTitle\" style=\"text-align:justify\"><span style=\"font-size:28pt\"><span style=\"font-family:&quot;Cambria&quot;,serif\"><span style=\"letter-spacing:-0.5pt\"><b><span style=\"font-size:18.0pt\"><span style=\"font-family:&quot;Calibri&quot;,sans-serif\"><span style=\"font-variant:small-caps\">Sustentabilidade<\/span><\/span><\/span><\/b><\/span><\/span><\/span><\/p>\r\n\r\n<p style=\"text-align:justify\"><span style=\"font-size:11pt\"><span style=\"line-height:normal\"><span style=\"font-family:&quot;Calibri&quot;,sans-serif\"><a href=\"https:\/\/plasticosemrevista.com.br\/europa-reciclagem-de-resinas-atinge-82-milhoes-de-toneladas-em-2021\/\" style=\"color:blue; text-decoration:underline\"><span style=\"font-size:14.0pt\">Europa: reciclagem de resinas atinge 8,2 milh&otilde;es de toneladas em 2021<\/span><\/a><\/span><\/span><\/span><\/p>\r\n\r\n<p style=\"text-align:justify\"><span style=\"font-size:11pt\"><span style=\"line-height:normal\"><span style=\"font-family:&quot;Calibri&quot;,sans-serif\"><a href=\"https:\/\/www.fibre2fashion.com\/news\/apparel-news\/china-aims-to-recycle-25-of-textile-waste-hike-recycled-fibre-output-280122-newsdetails.htm?utm_source=sendinblue&amp;utm_campaign=General%20Newsletter%2019042022&amp;utm_medium=email\" style=\"color:blue; text-decoration:underline\"><span style=\"font-size:14.0pt\">China aims to recycle 25% of textile waste, hike recycled fibre output<\/span><\/a><\/span><\/span><\/span><\/p>\r\n\r\n<p style=\"text-align:justify\"><span style=\"font-size:11pt\"><span style=\"line-height:normal\"><span style=\"font-family:&quot;Calibri&quot;,sans-serif\"><a href=\"https:\/\/www.textiletechnology.net\/technology\/news\/eu-strategy-for-sustainable-and-circular-textiles-32014?utm_source=%2Fmeta%2Fnewsletter%2Fnewsletter&amp;utm_medium=newsletter&amp;utm_campaign=nl832&amp;utm_term=0801b20e08c3242125d512808cd74302\" style=\"color:blue; text-decoration:underline\"><span style=\"font-size:14.0pt\">EU: Strategy for sustainable and circular textiles<\/span><\/a><\/span><\/span><\/span><\/p>\r\n\r\n<p style=\"text-align:justify\"><span style=\"font-size:11pt\"><span style=\"line-height:normal\"><span style=\"font-family:&quot;Calibri&quot;,sans-serif\"><a href=\"https:\/\/www.agrolink.com.br\/noticias\/como-serao-as-embalagens-sustentaveis-para-fertilizantes-_464706.html\" style=\"color:blue; text-decoration:underline\"><span style=\"font-size:14.0pt\">Como ser&atilde;o as embalagens sustent&aacute;veis para fertilizantes?<\/span><\/a><\/span><\/span><\/span><\/p>\r\n\r\n<p class=\"MsoTitle\" style=\"text-align:justify\"><span style=\"font-size:28pt\"><span style=\"font-family:&quot;Cambria&quot;,serif\"><span style=\"letter-spacing:-0.5pt\"><b><span style=\"font-size:18.0pt\"><span style=\"font-family:&quot;Calibri&quot;,sans-serif\"><span style=\"font-variant:small-caps\">Inova&ccedil;&atilde;o<\/span><\/span><\/span><\/b><\/span><\/span><\/span><\/p>\r\n\r\n<p style=\"text-align:justify\"><span style=\"font-size:11pt\"><span style=\"line-height:normal\"><span style=\"font-family:&quot;Calibri&quot;,sans-serif\"><a href=\"https:\/\/www.abicalcados.com.br\/noticia\/retorno-dos-eventos-fisicos-impulsionam-exportacoes-de-calcados\" style=\"color:blue; text-decoration:underline\"><span style=\"font-size:14.0pt\">Retorno dos eventos f&iacute;sicos impulsionam exporta&ccedil;&otilde;es de cal&ccedil;ados<\/span><\/a><\/span><\/span><\/span><\/p>\r\n\r\n<p style=\"text-align:justify\"><span style=\"font-size:11pt\"><span style=\"line-height:normal\"><span style=\"font-family:&quot;Calibri&quot;,sans-serif\"><a href=\"file:\/\/\/C:\/Users\/cristiane\/Downloads\/Teijin%20Frontier%20desenvolve%20calculadora%20de%20emiss\u00f5es%20de%20CO2%20para%20fibra%20de%20poli\u00e9ster\" style=\"color:blue; text-decoration:underline\"><span style=\"font-size:14.0pt\">Teijin Frontier desenvolve calculadora de emiss&otilde;es de CO2 para fibra de poli&eacute;ster<\/span><\/a><\/span><\/span><\/span><\/p>\r\n\r\n<p style=\"text-align:justify\"><span style=\"font-size:11pt\"><span style=\"line-height:normal\"><span style=\"font-family:&quot;Calibri&quot;,sans-serif\"><a href=\"https:\/\/canaltech.com.br\/inovacao\/metal-liquido-e-polimero-de-algas-sao-usados-para-fabricar-roupas-inteligentes-214144\/\" style=\"color:blue; text-decoration:underline\"><span style=\"font-size:14.0pt\">Metal l&iacute;quido e pol&iacute;mero de algas s&atilde;o usados para fabricar roupas inteligentes<\/span><\/a><\/span><\/span><\/span><\/p>\r\n\r\n<p style=\"text-align:justify\"><span style=\"font-size:11pt\"><span style=\"line-height:normal\"><span style=\"font-family:&quot;Calibri&quot;,sans-serif\"><a href=\"https:\/\/www.terra.com.br\/comunidade\/visao-do-corre\/empreendedora-cria-1-absorvente-para-sondas-gastricas,4d2bfb7ca0eb8197b8298f625b438db6v3rmsquz.html\" style=\"color:blue; text-decoration:underline\"><span style=\"font-size:14.0pt\">Empreendedora cria 1&ordm; absorvente para sondas g&aacute;stricas<\/span><\/a><\/span><\/span><\/span><\/p>\r\n\r\n<p class=\"MsoTitle\" style=\"text-align:justify\"><span style=\"font-size:28pt\"><span style=\"font-family:&quot;Cambria&quot;,serif\"><span style=\"letter-spacing:-0.5pt\"><b><span style=\"font-size:18.0pt\"><span style=\"font-family:&quot;Calibri&quot;,sans-serif\"><span style=\"font-variant:small-caps\">Com&eacute;rcio Exterior<\/span><\/span><\/span><\/b><\/span><\/span><\/span><\/p>\r\n\r\n<p style=\"text-align:justify\"><span style=\"font-size:11pt\"><span style=\"line-height:normal\"><span style=\"font-family:&quot;Calibri&quot;,sans-serif\"><span class=\"MsoHyperlink\" style=\"color:blue\"><span style=\"text-decoration:underline\"><span style=\"font-size:14.0pt\"><span style=\"text-decoration:none\"><span style=\"text-underline:none\"><a href=\"https:\/\/static.portaldaindustria.com.br\/media\/filer_public\/1b\/93\/1b933082-d62f-4978-a077-a575437f603a\/analise_de_politica_comercial_no_4.pdf\" style=\"color:blue; text-decoration:underline\">CNI - An&aacute;lise de Pol&iacute;tica Comercial - Acordos comerciais entre Brasil e M&eacute;xico:<\/a><\/span><\/span> <a href=\"https:\/\/static.portaldaindustria.com.br\/media\/filer_public\/1b\/93\/1b933082-d62f-4978-a077-a575437f603a\/analise_de_politica_comercial_no_4.pdf\" style=\"color:blue; text-decoration:underline\">necessidade de aprofundamento<\/a><\/span><\/span><\/span><\/span><\/span><\/span><\/p>\r\n\r\n<p style=\"text-align:justify\"><span style=\"font-size:11pt\"><span style=\"line-height:normal\"><span style=\"font-family:&quot;Calibri&quot;,sans-serif\"><a href=\"https:\/\/www.fiesp.com.br\/noticias\/fiesp-e-cni-apresentam-agenda-de-prioridades-da-industria-a-diretora-geral-da-omc\/\" style=\"color:blue; text-decoration:underline\"><span style=\"font-size:14.0pt\">Fiesp e CNI apresentam agenda de prioridades da ind&uacute;stria &agrave; diretora-geral da OMC<\/span><\/a><\/span><\/span><\/span><\/p>\r\n\r\n<p style=\"text-align:justify\"><span style=\"font-size:11pt\"><span style=\"line-height:normal\"><span style=\"font-family:&quot;Calibri&quot;,sans-serif\"><a href=\"https:\/\/www.comexdobrasil.com\/regimes-aduaneiros-especiais-ajudam-a-desburocratizar-o-comercio-exterior-e-fortalecem-a-balanca-comercial-brasileira\/\" style=\"color:blue; text-decoration:underline\"><span style=\"font-size:14.0pt\">Regimes aduaneiros especiais ajudam a desburocratizar o comercio exterior e fortalecem a balan&ccedil;a comercial brasileira<\/span><\/a><\/span><\/span><\/span><\/p>\r\n\r\n<p style=\"text-align:justify\"><span style=\"font-size:11pt\"><span style=\"line-height:normal\"><span style=\"font-family:&quot;Calibri&quot;,sans-serif\"><a href=\"https:\/\/noticias.portaldaindustria.com.br\/noticias\/internacional\/internacionalizar-esta-na-moda-cni-promove-rodadas-negocios-para-setor-textil\/\" style=\"color:blue; text-decoration:underline\"><span style=\"font-size:14.0pt\">Internacionalizar est&aacute; na moda! CNI promove rodadas de neg&oacute;cios para setor t&ecirc;xtil<\/span><\/a><\/span><\/span><\/span><\/p>\r\n\r\n<p class=\"MsoTitle\" style=\"text-align:justify\"><span style=\"font-size:28pt\"><span style=\"font-family:&quot;Cambria&quot;,serif\"><span style=\"letter-spacing:-0.5pt\"><b><span style=\"font-size:18.0pt\"><span style=\"font-family:&quot;Calibri&quot;,sans-serif\"><span style=\"font-variant:small-caps\">Economia<\/span><\/span><\/span><\/b><\/span><\/span><\/span><\/p>\r\n\r\n<p style=\"text-align:justify\"><span style=\"font-size:11pt\"><span style=\"line-height:normal\"><span style=\"font-family:&quot;Calibri&quot;,sans-serif\"><a href=\"https:\/\/www.fibre2fashion.com\/news\/textile-news\/china-s-gdp-rises-by-4-8-yoy-in-q1-2022-280176-newsdetails.htm?utm_source=sendinblue&amp;utm_campaign=General%20Newsletter%2019042022&amp;utm_medium=email\" style=\"color:blue; text-decoration:underline\"><span style=\"font-size:14.0pt\">China&#39;s GDP rises by 4.8% YoY in Q1 2022<\/span><\/a><\/span><\/span><\/span><\/p>\r\n\r\n<p style=\"text-align:justify\"><span style=\"font-size:11pt\"><span style=\"line-height:normal\"><span style=\"font-family:&quot;Calibri&quot;,sans-serif\"><a href=\"https:\/\/www.revistamt.com.br\/Noticias\/Exibir\/lockdowns-contra-a-covid-19-na-china-repercutem-por-todos-os-setores-da-economia-do-pais?utm_source=akna&amp;utm_medium=email&amp;utm_campaign=Revista-M-T-Informativo-573\" style=\"color:blue; text-decoration:underline\"><span style=\"font-size:14.0pt\">Lockdowns contra a Covid-19 na China repercutem por todos os setores da economia do pa&iacute;s<\/span><\/a><\/span><\/span><\/span><\/p>\r\n\r\n<p style=\"text-align:justify\"><span style=\"font-size:11pt\"><span style=\"line-height:normal\"><span style=\"font-family:&quot;Calibri&quot;,sans-serif\"><a href=\"https:\/\/economia.uol.com.br\/noticias\/estadao-conteudo\/2022\/04\/24\/infraestrutura-e-exemplo-de-diferenca-de-gastos.htm\" style=\"color:blue; text-decoration:underline\"><span style=\"font-size:14.0pt\">Infraestrutura &eacute; exemplo de diferen&ccedil;a de gastos<\/span><\/a><\/span><\/span><\/span><\/p>\r\n\r\n<p style=\"text-align:justify\"><span style=\"font-size:11pt\"><span style=\"line-height:normal\"><span style=\"font-family:&quot;Calibri&quot;,sans-serif\"><a href=\"https:\/\/portalapas.org.br\/indice-de-precos-dos-supermercados-registra-alta-historica-em-marco\/\" style=\"color:blue; text-decoration:underline\"><span style=\"font-size:14.0pt\">&Iacute;ndice de Pre&ccedil;os dos Supermercados registra alta hist&oacute;rica em mar&ccedil;o<\/span><\/a><\/span><\/span><\/span><\/p>\r\n","texto_en":"","7":"","imagem":"COMP_banner-padrao-home-destaques-boletim_20220426114004qTQd5sBmvL.jpg","8":"COMP_banner-padrao-home-destaques-boletim_20220426114004qTQd5sBmvL.jpg","arquivo":"20220426-NOTICIAS-SEMANAIS.PDF","9":"20220426-NOTICIAS-SEMANAIS.PDF","titulo_arquivo":"","10":"","titulo_arquivo_en":"","11":"","created_at":"2022-04-26 11:40:12","12":"2022-04-26 11:40:12","updated_at":"2022-04-26 11:40:12","13":"2022-04-26 11:40:12"},{"id":13,"0":13,"ordem":210,"1":210,"data":"2022-04-19","2":"2022-04-19","slug":"boletim-de-noticias-semanais-10","3":"boletim-de-noticias-semanais-10","titulo":"Boletim de Not\u00edcias Semanais","4":"Boletim de Not\u00edcias Semanais","titulo_en":"","5":"","texto":"<p style=\"text-align:justify\"><span style=\"font-size:11pt\"><span style=\"line-height:normal\"><span calibri=\"\" style=\"font-family:\"><span style=\"font-size:14.0pt\">Esta &eacute; uma compila&ccedil;&atilde;o das not&iacute;cias mais relevantes para o setor, incluindo informa&ccedil;&otilde;es sobre acordos internacionais, economia brasileira, sustentabilidade e mat&eacute;rias-primas, al&eacute;m de novidades do setor de N&atilde;otecidos e Tecidos T&eacute;cnicos.<\/span><\/span><\/span><\/span><\/p>\r\n\r\n<p class=\"MsoTitle\" style=\"text-align:justify\"><span style=\"font-size:28pt\"><span cambria=\"\" style=\"font-family:\"><span style=\"letter-spacing:-0.5pt\"><b><span style=\"font-size:18.0pt\"><span calibri=\"\" style=\"font-family:\"><span style=\"font-variant:small-caps\">A&ccedil;&otilde;es da ABINT<\/span><\/span><\/span><\/b><\/span><\/span><\/span><\/p>\r\n\r\n<p style=\"text-align:justify\"><span style=\"font-size:11pt\"><span style=\"line-height:normal\"><span calibri=\"\" style=\"font-family:\"><b><span style=\"font-size:14.0pt\">A ABINT realizar&aacute; o Nonwovens Day 2022<\/span><\/b><\/span><\/span><\/span><\/p>\r\n\r\n<p style=\"text-align:justify\"><span style=\"font-size:11pt\"><span style=\"line-height:normal\"><span calibri=\"\" style=\"font-family:\"><span style=\"font-size:14.0pt\"><span style=\"background:white\"><span style=\"color:#444444\">O Nonwovens Day, evento reunir&aacute; a cadeia produtiva dos N&atilde;otecidos, de fornecedores a usu&aacute;rios para debaterem as quest&otilde;es relacionadas &agrave; Sustentabilidade do setor, nos dias 08 e 09 de junho de 2022. Mais informa&ccedil;&otilde;es em breve.<\/span><\/span><\/span><\/span><\/span><\/span><\/p>\r\n\r\n<p style=\"text-align:justify\"><span style=\"font-size:11pt\"><span style=\"line-height:normal\"><span calibri=\"\" style=\"font-family:\"><span style=\"font-size:14.0pt\"><span style=\"background:white\"><span style=\"color:#444444\"><img height=\"367\" src=\"https:\/\/www.abint.org.br\/assets\/img\/editor\/nonwovens-day-save-the-date_20220419123138g0Bro9eYCt.jpg\" width=\"367\" \/><\/span><\/span><\/span><\/span><\/span><\/span><\/p>\r\n\r\n<p style=\"text-align:justify\">&nbsp;<\/p>\r\n\r\n<p style=\"text-align:justify\"><b><span style=\"font-size:14.0pt\"><span style=\"line-height:115%\"><span calibri=\"\" style=\"font-family:\">CTG entrevista recebe a Engenheira Civil Samira Tessarolli de Souza Paranhos<\/span><\/span><\/span><\/b><span style=\"font-size:14.0pt\"><span style=\"line-height:115%\"><span calibri=\"\" style=\"font-family:\">, para contar sobre a participa&ccedil;&atilde;o das mulheres no universo dos Geossint&eacute;ticos e da Geotecnia. Dia 05 de maio, &agrave;s 18:00, no <\/span><\/span><\/span><span style=\"font-size:11.0pt\"><span style=\"line-height:115%\"><span calibri=\"\" style=\"font-family:\"><a href=\"https:\/\/www.instagram.com\/ctg_abint\/\" style=\"color:blue; text-decoration:underline\"><span style=\"font-size:14.0pt\"><span style=\"line-height:115%\">Instagram do CTG<\/span><\/span><\/a><\/span><\/span><\/span><\/p>\r\n\r\n<p style=\"text-align:justify\"><span style=\"font-size:11.0pt\"><span style=\"line-height:115%\"><span calibri=\"\" style=\"font-family:\"><span style=\"font-size:14.0pt\"><span style=\"line-height:115%\"><img height=\"383\" src=\"https:\/\/www.abint.org.br\/assets\/img\/editor\/20220505-live-ctg-instagram-samira_20220419123217RPHOhkSnbI.jpeg\" width=\"383\" \/><\/span><\/span><\/span><\/span><\/span><\/p>\r\n\r\n<p style=\"text-align:justify\">&nbsp;<\/p>\r\n\r\n<p style=\"text-align:justify\"><span style=\"font-size:11pt\"><span style=\"line-height:normal\"><span calibri=\"\" style=\"font-family:\"><b><span style=\"font-size:14.0pt\">O CTG - Comit&ecirc; T&eacute;cnico de Geossint&eacute;ticos da ABINT &eacute; apoiador da FENSAN 2022<\/span><\/b><\/span><\/span><\/span><\/p>\r\n\r\n<p style=\"text-align:justify\"><span style=\"font-size:14.0pt\"><span style=\"line-height:115%\"><span calibri=\"\" style=\"font-family:\">A FENASAN 2022 - Feira Nacional de Saneamento e Meio Ambiente ocorrer&aacute; de 13 a 15 de setembro de 2022, no Pavilh&atilde;o Branco do Expo Center Norte, em S&atilde;o Paulo, em paralelo ao 33&ordm; Encontro T&eacute;cnico AESabesp. Informa&ccedil;&otilde;es: <\/span><\/span><\/span><span style=\"font-size:11.0pt\"><span style=\"line-height:115%\"><span calibri=\"\" style=\"font-family:\"><a href=\"https:\/\/fenasan.com.br\/\" style=\"color:blue; text-decoration:underline\"><span style=\"font-size:14.0pt\"><span style=\"line-height:115%\">https:\/\/fenasan.com.br\/<\/span><\/span><\/a><\/span><\/span><\/span><\/p>\r\n\r\n<p class=\"MsoTitle\" style=\"text-align:justify\"><span style=\"font-size:28pt\"><span cambria=\"\" style=\"font-family:\"><span style=\"letter-spacing:-0.5pt\"><b><span style=\"font-size:18.0pt\"><span calibri=\"\" style=\"font-family:\"><span style=\"font-variant:small-caps\">Eventos<\/span><\/span><\/span><\/b><\/span><\/span><\/span><\/p>\r\n\r\n<p style=\"text-align:justify\"><span style=\"font-size:11pt\"><span style=\"line-height:normal\"><span calibri=\"\" style=\"font-family:\"><span class=\"MsoHyperlink\" style=\"color:blue\"><span style=\"text-decoration:underline\"><span style=\"font-size:14.0pt\"><span style=\"text-decoration:none\"><span style=\"text-underline:none\">Workshop ABIT - <b>Seguro Patrimonial &ndash; Desafios para o Setor t&ecirc;xtil e de Confec&ccedil;&atilde;o<\/b>, data 25 de abril de 2022. Informa&ccedil;&otilde;es: <\/span><\/span><\/span><\/span><\/span><a href=\"https:\/\/app.rdstation.email\/mail\/996aa505-63ce-4523-a32c-0a2a8855c808?utm_campaign=workshop_-_seguro_patrimonial_-_18042022&amp;utm_medium=email&amp;utm_source=RD+Station\" style=\"color:blue; text-decoration:underline\"><span style=\"font-size:14.0pt\">clique aqui<\/span><\/a><\/span><\/span><\/span><\/p>\r\n\r\n<p style=\"text-align:justify\"><span style=\"font-size:11pt\"><span style=\"line-height:normal\"><span style=\"font-family:&quot;Calibri&quot;,sans-serif\"><span class=\"MsoHyperlink\" style=\"color:blue\"><span style=\"text-decoration:underline\"><span style=\"font-size:14.0pt\"><span style=\"text-decoration:none\"><span style=\"text-underline:none\">Webinar eureciclo - <b>Novo Decreto Federal Recicla+<\/b>, data 26 de abril de 2022. Informa&ccedil;&otilde;es: <\/span><\/span><\/span><\/span><\/span><a href=\"https:\/\/info.eureciclo.com.br\/decreto_federal?utm_campaign=Comunica%C3%A7%C3%A3o%20Rel.%20Gov.&amp;utm_medium=email&amp;_hsmi=210410953&amp;_hsenc=p2ANqtz--tcSwmGH0NIQYy7uevuGU1aYpvDycXUsUPMP93IKRzAQfuU2TTbHiG_oNbSJgqOJG6FcmXndkJXFsOZ8N7oDKyAe0RFQ&amp;utm_content=210410953&amp;utm_source=hs_email\" style=\"color:blue; text-decoration:underline\"><span style=\"font-size:14.0pt\">clique aqui<\/span><\/a><\/span><\/span><\/span><\/p>\r\n\r\n<p style=\"text-align:justify\"><span style=\"font-size:11pt\"><span style=\"line-height:normal\"><span calibri=\"\" style=\"font-family:\"><span class=\"MsoHyperlink\" style=\"color:blue\"><span style=\"text-decoration:underline\"><span style=\"font-size:14.0pt\"><span style=\"text-decoration:none\"><span style=\"text-underline:none\">Curso online ABNT - <b>Etiquetagem de T&ecirc;xteis com &Ecirc;nfase na Norma ABNT NBR NM ISO 3758:2013<\/b>, data 25 e 27 de abril de 2022. Informa&ccedil;&otilde;es: <\/span><\/span><\/span><\/span><\/span><a href=\"https:\/\/abnlink.abnt.org.br\/cl\/PM8R9\/lp\/5bf3\/LCFJkUKAOaB\/BLNq\/GRMn4VkjCJO\/1\/\" style=\"color:blue; text-decoration:underline\"><span style=\"font-size:14.0pt\">clique aqui<\/span><\/a><\/span><\/span><\/span><\/p>\r\n\r\n<p style=\"text-align:justify\"><span style=\"font-size:11pt\"><span style=\"line-height:normal\"><span calibri=\"\" style=\"font-family:\"><span class=\"MsoHyperlink\" style=\"color:blue\"><span style=\"text-decoration:underline\"><span style=\"font-size:14.0pt\"><span style=\"text-decoration:none\"><span style=\"text-underline:none\">Ciclo de Semin&aacute;rios TCU\/FIESP &ndash; <b>Desafios da Economia Brasileira: Investimentos, Infraestrutura e Crescimento Econ&ocirc;mico<\/b>, data 28 de abril de 2022. Informa&ccedil;&otilde;es: <\/span><\/span><\/span><\/span><\/span><a href=\"https:\/\/www.fiesp.com.br\/noticias\/fiesp-e-tcu-realizam-seminario-sobre-investimentos-e-infraestrutura\/\" style=\"color:blue; text-decoration:underline\"><span style=\"font-size:14.0pt\">clique aqui<\/span><\/a><\/span><\/span><\/span><\/p>\r\n\r\n<p style=\"text-align:justify\"><span style=\"font-size:11pt\"><span style=\"line-height:normal\"><span calibri=\"\" style=\"font-family:\"><span class=\"MsoHyperlink\" style=\"color:blue\"><span style=\"text-decoration:underline\"><span style=\"font-size:14.0pt\"><span style=\"text-decoration:none\"><span style=\"text-underline:none\">Webinar FGV IBRE - <b>Investimento e Crescimento Econ&ocirc;mico<\/b>, data 28 de abril de 2022. Informa&ccedil;&otilde;es: <\/span><\/span><\/span><\/span><\/span><a href=\"https:\/\/evento.fgv.br\/crescimento_economico\/\" style=\"color:blue; text-decoration:underline\"><span style=\"font-size:14.0pt\">clique aqui<\/span><\/a><span class=\"MsoHyperlink\" style=\"color:blue\"><span style=\"text-decoration:underline\"><span style=\"font-size:14.0pt\"><span style=\"text-decoration:none\"><span style=\"text-underline:none\">.<\/span><\/span><\/span><\/span><\/span><\/span><\/span><\/span><\/p>\r\n\r\n<p style=\"text-align:justify\"><span style=\"font-size:11pt\"><span style=\"line-height:normal\"><span calibri=\"\" style=\"font-family:\"><span class=\"MsoHyperlink\" style=\"color:blue\"><span style=\"text-decoration:underline\"><b><span style=\"font-size:14.0pt\"><span style=\"text-decoration:none\"><span style=\"text-underline:none\">V Simp&oacute;sio de Engenharia Ferrovi&aacute;ria<\/span><\/span><\/span><\/b><\/span><\/span><span class=\"MsoHyperlink\" style=\"color:blue\"><span style=\"text-decoration:underline\"><span style=\"font-size:14.0pt\"><span style=\"text-decoration:none\"><span style=\"text-underline:none\">, data 18 e 19 de maio de 2022. Informa&ccedil;&otilde;es: <\/span><\/span><\/span><\/span><\/span><a href=\"https:\/\/eventos.galoa.com.br\/sef-2022\/page\/1492-home\" style=\"color:blue; text-decoration:underline\"><span style=\"font-size:14.0pt\">clique aqui<\/span><\/a><\/span><\/span><\/span><\/p>\r\n\r\n<p class=\"MsoTitle\" style=\"text-align:justify\"><span style=\"font-size:28pt\"><span cambria=\"\" style=\"font-family:\"><span style=\"letter-spacing:-0.5pt\"><b><span style=\"font-size:18.0pt\"><span calibri=\"\" style=\"font-family:\"><span style=\"font-variant:small-caps\">Setor<\/span><\/span><\/span><\/b><\/span><\/span><\/span><\/p>\r\n\r\n<p style=\"text-align:justify\"><span style=\"font-size:11pt\"><span style=\"line-height:normal\"><span calibri=\"\" style=\"font-family:\"><a href=\"http:\/\/textileindustry.ning.com\/forum\/topics\/europa-estabelece-nova-pol-tica-para-uma-ind-stria-t-xtil\" style=\"color:blue; text-decoration:underline\"><span style=\"font-size:14.0pt\">Europa estabelece nova pol&iacute;tica para uma ind&uacute;stria t&ecirc;xtil circular<\/span><\/a><\/span><\/span><\/span><\/p>\r\n\r\n<p style=\"text-align:justify\"><span style=\"font-size:11pt\"><span style=\"line-height:normal\"><span calibri=\"\" style=\"font-family:\"><a href=\"https:\/\/agenciabrasil.ebc.com.br\/saude\/noticia\/2022-04\/governo-anuncia-fim-da-emergencia-sanitaria-por-covid-19-no-pais\" style=\"color:blue; text-decoration:underline\"><span style=\"font-size:14.0pt\">Governo anuncia fim da emerg&ecirc;ncia sanit&aacute;ria por covid-19 no pa&iacute;s<\/span><\/a><\/span><\/span><\/span><\/p>\r\n\r\n<p class=\"MsoTitle\" style=\"text-align:justify\"><span style=\"font-size:28pt\"><span cambria=\"\" style=\"font-family:\"><span style=\"letter-spacing:-0.5pt\"><b><span style=\"font-size:18.0pt\"><span calibri=\"\" style=\"font-family:\"><span style=\"font-variant:small-caps\">Ind&uacute;stria<\/span><\/span><\/span><\/b><\/span><\/span><\/span><\/p>\r\n\r\n<p style=\"text-align:justify\"><span style=\"font-size:11pt\"><span style=\"line-height:normal\"><span calibri=\"\" style=\"font-family:\"><a href=\"https:\/\/noticias.portaldaindustria.com.br\/noticias\/economia\/confianca-da-industria-aumenta-em-abril-pela-primeira-vez-em-2022-diz-cni\/\" style=\"color:blue; text-decoration:underline\"><span style=\"font-size:14.0pt\">Confian&ccedil;a da ind&uacute;stria aumenta em abril pela primeira vez em 2022<\/span><\/a><\/span><\/span><\/span><\/p>\r\n\r\n<p style=\"text-align:justify\"><span style=\"font-size:11pt\"><span style=\"line-height:normal\"><span calibri=\"\" style=\"font-family:\"><a href=\"https:\/\/www.revistamt.com.br\/Noticias\/Exibir\/anfavea-apresenta-balanco-do-trimestre?utm_source=akna&amp;utm_medium=email&amp;utm_campaign=Revista-M-T-Informativo-572\" style=\"color:blue; text-decoration:underline\"><span style=\"font-size:14.0pt\">Anfavea apresenta balan&ccedil;o do trimestre<\/span><\/a><\/span><\/span><\/span><\/p>\r\n\r\n<p style=\"text-align:justify\"><span style=\"font-size:11pt\"><span style=\"line-height:normal\"><span calibri=\"\" style=\"font-family:\"><a href=\"https:\/\/exclusivo.com.br\/_conteudo\/exportacao\/2022\/04\/11\/exportacoes-de-calcados-aumentam-65--em-valor.html?utm_campaign=Exporta%C3%A7%C3%B5es+de+cal%C3%A7ados+aumentam+65%25+em+valor&amp;utm_content=Exporta%C3%A7%C3%B5es+de+cal%C3%A7ados+aumentam+65%25+em+valor+-+Jornal+Exclusivo+%283%29&amp;utm_medium=email&amp;utm_source=EmailMarketing&amp;utm_term=Exporta%C3%A7%C3%B5es+de+cal%C3%A7ados+aumentam+65%25+em+valor\" style=\"color:blue; text-decoration:underline\"><span style=\"font-size:14.0pt\">Exporta&ccedil;&otilde;es de cal&ccedil;ados aumentam 65% em valor<\/span><\/a><\/span><\/span><\/span><\/p>\r\n\r\n<p style=\"text-align:justify\"><span style=\"font-size:11pt\"><span style=\"line-height:normal\"><span calibri=\"\" style=\"font-family:\"><a href=\"https:\/\/www.abicalcados.com.br\/noticia\/puxado-pelas-exportacoes-setor-calcadista-deve-crescer-em-2022\" style=\"color:blue; text-decoration:underline\"><span style=\"font-size:14.0pt\">Puxado pelas exporta&ccedil;&otilde;es, setor cal&ccedil;adista deve crescer em 2022<\/span><\/a><\/span><\/span><\/span><\/p>\r\n\r\n<p style=\"text-align:justify\"><span style=\"font-size:11pt\"><span style=\"line-height:normal\"><span calibri=\"\" style=\"font-family:\"><a href=\"https:\/\/www.revistamt.com.br\/Noticias\/Exibir\/lockdowns-na-china-para-conter-covid-obrigam-fabricas-a-pararem-producao?utm_source=akna&amp;utm_medium=email&amp;utm_campaign=Revista-M-T-Informativo-572\" style=\"color:blue; text-decoration:underline\"><span style=\"font-size:14.0pt\">Lockdowns na China para conter covid obrigam f&aacute;bricas a pararem produ&ccedil;&atilde;o<\/span><\/a><\/span><\/span><\/span><\/p>\r\n\r\n<p style=\"text-align:justify\"><span style=\"font-size:11pt\"><span style=\"line-height:normal\"><span calibri=\"\" style=\"font-family:\"><a href=\"https:\/\/drive.google.com\/file\/d\/1xwkzwm7QkeubxfOrnuSwu9gw3yi__AC1\/view\" style=\"color:blue; text-decoration:underline\"><span style=\"font-size:14.0pt\">A Infraestrutura Brasileira Perante a Nova Lei de Licita&ccedil;&otilde;es<\/span><\/a><\/span><\/span><\/span><\/p>\r\n\r\n<p class=\"MsoTitle\" style=\"text-align:justify\"><span style=\"font-size:28pt\"><span cambria=\"\" style=\"font-family:\"><span style=\"letter-spacing:-0.5pt\"><b><span style=\"font-size:18.0pt\"><span calibri=\"\" style=\"font-family:\"><span style=\"font-variant:small-caps\">Sustentabilidade<\/span><\/span><\/span><\/b><\/span><\/span><\/span><\/p>\r\n\r\n<p style=\"text-align:justify\"><span style=\"font-size:11pt\"><span style=\"line-height:normal\"><span calibri=\"\" style=\"font-family:\"><a href=\"https:\/\/www.ipea.gov.br\/portal\/index.php?option=com_content&amp;view=article&amp;id=39142&amp;catid=1&amp;Itemid=7\" style=\"color:blue; text-decoration:underline\"><span style=\"font-size:14.0pt\">Cr&eacute;dito de reciclagem impulsiona a pol&iacute;tica ambiental e o desenvolvimento socioecon&ocirc;mico, aponta estudo<\/span><\/a><\/span><\/span><\/span><\/p>\r\n\r\n<p style=\"text-align:justify\"><span style=\"font-size:11pt\"><span style=\"line-height:normal\"><span calibri=\"\" style=\"font-family:\"><a href=\"https:\/\/www.innovationintextiles.com\/giving-used-ffp2-face-masks-a-second-life\/\" style=\"color:blue; text-decoration:underline\"><span style=\"font-size:14.0pt\">Giving used FFP2 face masks a second life<\/span><\/a><\/span><\/span><\/span><\/p>\r\n\r\n<p style=\"text-align:justify\"><span style=\"font-size:11pt\"><span style=\"line-height:normal\"><span calibri=\"\" style=\"font-family:\"><a href=\"https:\/\/www.segs.com.br\/demais\/341844-assintecal-e-beira-rio-estimulam-empresas-rumo-a-certificacao-em-sustentabilidade\" style=\"color:blue; text-decoration:underline\"><span style=\"font-size:14.0pt\">Assintecal e Beira Rio estimulam empresas rumo &agrave; certifica&ccedil;&atilde;o em sustentabilidade<\/span><\/a><\/span><\/span><\/span><\/p>\r\n\r\n<p class=\"MsoTitle\" style=\"text-align:justify\"><span style=\"font-size:28pt\"><span cambria=\"\" style=\"font-family:\"><span style=\"letter-spacing:-0.5pt\"><b><span style=\"font-size:18.0pt\"><span calibri=\"\" style=\"font-family:\"><span style=\"font-variant:small-caps\">Inova&ccedil;&atilde;o<\/span><\/span><\/span><\/b><\/span><\/span><\/span><\/p>\r\n\r\n<p style=\"text-align:justify\"><span style=\"font-size:11pt\"><span style=\"line-height:normal\"><span calibri=\"\" style=\"font-family:\"><a href=\"https:\/\/summitagro.estadao.com.br\/tendencias-e-tecnologia\/nova-fibra-textil-vegetal-permite-producao-com-baixo-carbono\/\" style=\"color:blue; text-decoration:underline\"><span style=\"font-size:14.0pt\">Nova fibra t&ecirc;xtil vegetal permite produ&ccedil;&atilde;o com baixo carbono<\/span><\/a><\/span><\/span><\/span><\/p>\r\n\r\n<p style=\"text-align:justify\"><span style=\"font-size:11pt\"><span style=\"line-height:normal\"><span calibri=\"\" style=\"font-family:\"><a href=\"http:\/\/www.textilia.net\/materias\/ler\/eventos\/ultimas_noticias_eventos\/encontro_da_academia_de_inovacao_de_naotecidos_2022_sera_na_finlandia\" style=\"color:blue; text-decoration:underline\"><span style=\"font-size:14.0pt\">Encontro da Academia de Inova&ccedil;&atilde;o de N&atilde;otecidos 2022 ser&aacute; na Finl&acirc;ndia<\/span><\/a><\/span><\/span><\/span><\/p>\r\n\r\n<p class=\"MsoTitle\" style=\"text-align:justify\"><span style=\"font-size:28pt\"><span cambria=\"\" style=\"font-family:\"><span style=\"letter-spacing:-0.5pt\"><b><span style=\"font-size:18.0pt\"><span calibri=\"\" style=\"font-family:\"><span style=\"font-variant:small-caps\">Com&eacute;rcio Exterior<\/span><\/span><\/span><\/b><\/span><\/span><\/span><\/p>\r\n\r\n<p style=\"text-align:justify\"><span style=\"font-size:11pt\"><span style=\"line-height:normal\"><span calibri=\"\" style=\"font-family:\"><a href=\"https:\/\/www.grandesconstrucoes.com.br\/Noticias\/Exibir\/portos-brasileiros-movimentaram-1798-milhoes-de-toneladas-no-primeiro-bimestre?utm_source=akna&amp;utm_medium=email&amp;utm_campaign=Grandes-Construcoes-News-807-14-04-2022\" style=\"color:blue; text-decoration:underline\"><span style=\"font-size:14.0pt\">Portos brasileiros movimentam 179,8 milh&otilde;es de toneladas no 1&deg; bimestre<\/span><\/a><\/span><\/span><\/span><\/p>\r\n\r\n<p style=\"text-align:justify\"><span style=\"font-size:11pt\"><span style=\"line-height:normal\"><span calibri=\"\" style=\"font-family:\"><a href=\"https:\/\/www.comexdobrasil.com\/comercio-exterior-da-china-cresce-13-em-dolar-no-1o-trimestre-e-totaliza-us-148-trilhao-apesar-dos-desafios-externos-e-internos\/\" style=\"color:blue; text-decoration:underline\"><span style=\"font-size:14.0pt\">Comercio exterior da China cresce 13% em d&oacute;lar no 1&ordm; trimestre e totaliza US$ 1,48 trilh&atilde;o apesar dos desafios externos e internos<\/span><\/a><\/span><\/span><\/span><\/p>\r\n\r\n<p style=\"text-align:justify\"><span style=\"font-size:11pt\"><span style=\"line-height:normal\"><span calibri=\"\" style=\"font-family:\"><a href=\"https:\/\/veja.abril.com.br\/economia\/industria-textil-espera-que-guerra-acelere-acordo-entre-mercosul-e-ue\/\" style=\"color:blue; text-decoration:underline\"><span style=\"font-size:14.0pt\">Ind&uacute;stria t&ecirc;xtil espera que guerra acelere acordo entre Mercosul e UE<\/span><\/a> <\/span><\/span><\/span><\/p>\r\n\r\n<p class=\"MsoTitle\" style=\"text-align:justify\"><span style=\"font-size:28pt\"><span cambria=\"\" style=\"font-family:\"><span style=\"letter-spacing:-0.5pt\"><b><span style=\"font-size:18.0pt\"><span calibri=\"\" style=\"font-family:\"><span style=\"font-variant:small-caps\">Economia<\/span><\/span><\/span><\/b><\/span><\/span><\/span><\/p>\r\n\r\n<p style=\"text-align:justify\"><span style=\"font-size:11pt\"><span style=\"line-height:normal\"><span calibri=\"\" style=\"font-family:\"><a href=\"https:\/\/noticias.portaldaindustria.com.br\/listas\/5-motivos-para-voce-defender-a-reforma-tributaria\/\" style=\"color:blue; text-decoration:underline\"><span style=\"font-size:14.0pt\">5 motivos para voc&ecirc; defender a reforma tribut&aacute;ria<\/span><\/a><\/span><\/span><\/span><\/p>\r\n\r\n<p style=\"text-align:justify\"><span style=\"font-size:11pt\"><span style=\"line-height:normal\"><span calibri=\"\" style=\"font-family:\"><a href=\"https:\/\/noticias.portaldaindustria.com.br\/noticias\/economia\/guerra-e-omicron-afetam-producao-e-pib-industrial-deve-cair-pela-7a-vez-em-10-anos\/\" style=\"color:blue; text-decoration:underline\"><span style=\"font-size:14.0pt\">Guerra e &ocirc;micron afetam produ&ccedil;&atilde;o e PIB industrial deve cair pela 7&ordf; vez em 10 anos<\/span><\/a><\/span><\/span><\/span><\/p>\r\n\r\n<p style=\"text-align:justify\"><span style=\"font-size:11pt\"><span style=\"line-height:normal\"><span calibri=\"\" style=\"font-family:\"><a href=\"https:\/\/agenciabrasil.ebc.com.br\/economia\/noticia\/2022-04\/governo-edita-decreto-que-reduz-aliquotas-de-produtos-industrializados\" style=\"color:blue; text-decoration:underline\"><span style=\"font-size:14.0pt\">Governo edita decreto que reduz al&iacute;quotas de produtos industrializados<\/span><\/a><\/span><\/span><\/span><\/p>\r\n","6":"<p style=\"text-align:justify\"><span style=\"font-size:11pt\"><span style=\"line-height:normal\"><span calibri=\"\" style=\"font-family:\"><span style=\"font-size:14.0pt\">Esta &eacute; uma compila&ccedil;&atilde;o das not&iacute;cias mais relevantes para o setor, incluindo informa&ccedil;&otilde;es sobre acordos internacionais, economia brasileira, sustentabilidade e mat&eacute;rias-primas, al&eacute;m de novidades do setor de N&atilde;otecidos e Tecidos T&eacute;cnicos.<\/span><\/span><\/span><\/span><\/p>\r\n\r\n<p class=\"MsoTitle\" style=\"text-align:justify\"><span style=\"font-size:28pt\"><span cambria=\"\" style=\"font-family:\"><span style=\"letter-spacing:-0.5pt\"><b><span style=\"font-size:18.0pt\"><span calibri=\"\" style=\"font-family:\"><span style=\"font-variant:small-caps\">A&ccedil;&otilde;es da ABINT<\/span><\/span><\/span><\/b><\/span><\/span><\/span><\/p>\r\n\r\n<p style=\"text-align:justify\"><span style=\"font-size:11pt\"><span style=\"line-height:normal\"><span calibri=\"\" style=\"font-family:\"><b><span style=\"font-size:14.0pt\">A ABINT realizar&aacute; o Nonwovens Day 2022<\/span><\/b><\/span><\/span><\/span><\/p>\r\n\r\n<p style=\"text-align:justify\"><span style=\"font-size:11pt\"><span style=\"line-height:normal\"><span calibri=\"\" style=\"font-family:\"><span style=\"font-size:14.0pt\"><span style=\"background:white\"><span style=\"color:#444444\">O Nonwovens Day, evento reunir&aacute; a cadeia produtiva dos N&atilde;otecidos, de fornecedores a usu&aacute;rios para debaterem as quest&otilde;es relacionadas &agrave; Sustentabilidade do setor, nos dias 08 e 09 de junho de 2022. Mais informa&ccedil;&otilde;es em breve.<\/span><\/span><\/span><\/span><\/span><\/span><\/p>\r\n\r\n<p style=\"text-align:justify\"><span style=\"font-size:11pt\"><span style=\"line-height:normal\"><span calibri=\"\" style=\"font-family:\"><span style=\"font-size:14.0pt\"><span style=\"background:white\"><span style=\"color:#444444\"><img height=\"367\" src=\"https:\/\/www.abint.org.br\/assets\/img\/editor\/nonwovens-day-save-the-date_20220419123138g0Bro9eYCt.jpg\" width=\"367\" \/><\/span><\/span><\/span><\/span><\/span><\/span><\/p>\r\n\r\n<p style=\"text-align:justify\">&nbsp;<\/p>\r\n\r\n<p style=\"text-align:justify\"><b><span style=\"font-size:14.0pt\"><span style=\"line-height:115%\"><span calibri=\"\" style=\"font-family:\">CTG entrevista recebe a Engenheira Civil Samira Tessarolli de Souza Paranhos<\/span><\/span><\/span><\/b><span style=\"font-size:14.0pt\"><span style=\"line-height:115%\"><span calibri=\"\" style=\"font-family:\">, para contar sobre a participa&ccedil;&atilde;o das mulheres no universo dos Geossint&eacute;ticos e da Geotecnia. Dia 05 de maio, &agrave;s 18:00, no <\/span><\/span><\/span><span style=\"font-size:11.0pt\"><span style=\"line-height:115%\"><span calibri=\"\" style=\"font-family:\"><a href=\"https:\/\/www.instagram.com\/ctg_abint\/\" style=\"color:blue; text-decoration:underline\"><span style=\"font-size:14.0pt\"><span style=\"line-height:115%\">Instagram do CTG<\/span><\/span><\/a><\/span><\/span><\/span><\/p>\r\n\r\n<p style=\"text-align:justify\"><span style=\"font-size:11.0pt\"><span style=\"line-height:115%\"><span calibri=\"\" style=\"font-family:\"><span style=\"font-size:14.0pt\"><span style=\"line-height:115%\"><img height=\"383\" src=\"https:\/\/www.abint.org.br\/assets\/img\/editor\/20220505-live-ctg-instagram-samira_20220419123217RPHOhkSnbI.jpeg\" width=\"383\" \/><\/span><\/span><\/span><\/span><\/span><\/p>\r\n\r\n<p style=\"text-align:justify\">&nbsp;<\/p>\r\n\r\n<p style=\"text-align:justify\"><span style=\"font-size:11pt\"><span style=\"line-height:normal\"><span calibri=\"\" style=\"font-family:\"><b><span style=\"font-size:14.0pt\">O CTG - Comit&ecirc; T&eacute;cnico de Geossint&eacute;ticos da ABINT &eacute; apoiador da FENSAN 2022<\/span><\/b><\/span><\/span><\/span><\/p>\r\n\r\n<p style=\"text-align:justify\"><span style=\"font-size:14.0pt\"><span style=\"line-height:115%\"><span calibri=\"\" style=\"font-family:\">A FENASAN 2022 - Feira Nacional de Saneamento e Meio Ambiente ocorrer&aacute; de 13 a 15 de setembro de 2022, no Pavilh&atilde;o Branco do Expo Center Norte, em S&atilde;o Paulo, em paralelo ao 33&ordm; Encontro T&eacute;cnico AESabesp. Informa&ccedil;&otilde;es: <\/span><\/span><\/span><span style=\"font-size:11.0pt\"><span style=\"line-height:115%\"><span calibri=\"\" style=\"font-family:\"><a href=\"https:\/\/fenasan.com.br\/\" style=\"color:blue; text-decoration:underline\"><span style=\"font-size:14.0pt\"><span style=\"line-height:115%\">https:\/\/fenasan.com.br\/<\/span><\/span><\/a><\/span><\/span><\/span><\/p>\r\n\r\n<p class=\"MsoTitle\" style=\"text-align:justify\"><span style=\"font-size:28pt\"><span cambria=\"\" style=\"font-family:\"><span style=\"letter-spacing:-0.5pt\"><b><span style=\"font-size:18.0pt\"><span calibri=\"\" style=\"font-family:\"><span style=\"font-variant:small-caps\">Eventos<\/span><\/span><\/span><\/b><\/span><\/span><\/span><\/p>\r\n\r\n<p style=\"text-align:justify\"><span style=\"font-size:11pt\"><span style=\"line-height:normal\"><span calibri=\"\" style=\"font-family:\"><span class=\"MsoHyperlink\" style=\"color:blue\"><span style=\"text-decoration:underline\"><span style=\"font-size:14.0pt\"><span style=\"text-decoration:none\"><span style=\"text-underline:none\">Workshop ABIT - <b>Seguro Patrimonial &ndash; Desafios para o Setor t&ecirc;xtil e de Confec&ccedil;&atilde;o<\/b>, data 25 de abril de 2022. Informa&ccedil;&otilde;es: <\/span><\/span><\/span><\/span><\/span><a href=\"https:\/\/app.rdstation.email\/mail\/996aa505-63ce-4523-a32c-0a2a8855c808?utm_campaign=workshop_-_seguro_patrimonial_-_18042022&amp;utm_medium=email&amp;utm_source=RD+Station\" style=\"color:blue; text-decoration:underline\"><span style=\"font-size:14.0pt\">clique aqui<\/span><\/a><\/span><\/span><\/span><\/p>\r\n\r\n<p style=\"text-align:justify\"><span style=\"font-size:11pt\"><span style=\"line-height:normal\"><span style=\"font-family:&quot;Calibri&quot;,sans-serif\"><span class=\"MsoHyperlink\" style=\"color:blue\"><span style=\"text-decoration:underline\"><span style=\"font-size:14.0pt\"><span style=\"text-decoration:none\"><span style=\"text-underline:none\">Webinar eureciclo - <b>Novo Decreto Federal Recicla+<\/b>, data 26 de abril de 2022. Informa&ccedil;&otilde;es: <\/span><\/span><\/span><\/span><\/span><a href=\"https:\/\/info.eureciclo.com.br\/decreto_federal?utm_campaign=Comunica%C3%A7%C3%A3o%20Rel.%20Gov.&amp;utm_medium=email&amp;_hsmi=210410953&amp;_hsenc=p2ANqtz--tcSwmGH0NIQYy7uevuGU1aYpvDycXUsUPMP93IKRzAQfuU2TTbHiG_oNbSJgqOJG6FcmXndkJXFsOZ8N7oDKyAe0RFQ&amp;utm_content=210410953&amp;utm_source=hs_email\" style=\"color:blue; text-decoration:underline\"><span style=\"font-size:14.0pt\">clique aqui<\/span><\/a><\/span><\/span><\/span><\/p>\r\n\r\n<p style=\"text-align:justify\"><span style=\"font-size:11pt\"><span style=\"line-height:normal\"><span calibri=\"\" style=\"font-family:\"><span class=\"MsoHyperlink\" style=\"color:blue\"><span style=\"text-decoration:underline\"><span style=\"font-size:14.0pt\"><span style=\"text-decoration:none\"><span style=\"text-underline:none\">Curso online ABNT - <b>Etiquetagem de T&ecirc;xteis com &Ecirc;nfase na Norma ABNT NBR NM ISO 3758:2013<\/b>, data 25 e 27 de abril de 2022. Informa&ccedil;&otilde;es: <\/span><\/span><\/span><\/span><\/span><a href=\"https:\/\/abnlink.abnt.org.br\/cl\/PM8R9\/lp\/5bf3\/LCFJkUKAOaB\/BLNq\/GRMn4VkjCJO\/1\/\" style=\"color:blue; text-decoration:underline\"><span style=\"font-size:14.0pt\">clique aqui<\/span><\/a><\/span><\/span><\/span><\/p>\r\n\r\n<p style=\"text-align:justify\"><span style=\"font-size:11pt\"><span style=\"line-height:normal\"><span calibri=\"\" style=\"font-family:\"><span class=\"MsoHyperlink\" style=\"color:blue\"><span style=\"text-decoration:underline\"><span style=\"font-size:14.0pt\"><span style=\"text-decoration:none\"><span style=\"text-underline:none\">Ciclo de Semin&aacute;rios TCU\/FIESP &ndash; <b>Desafios da Economia Brasileira: Investimentos, Infraestrutura e Crescimento Econ&ocirc;mico<\/b>, data 28 de abril de 2022. Informa&ccedil;&otilde;es: <\/span><\/span><\/span><\/span><\/span><a href=\"https:\/\/www.fiesp.com.br\/noticias\/fiesp-e-tcu-realizam-seminario-sobre-investimentos-e-infraestrutura\/\" style=\"color:blue; text-decoration:underline\"><span style=\"font-size:14.0pt\">clique aqui<\/span><\/a><\/span><\/span><\/span><\/p>\r\n\r\n<p style=\"text-align:justify\"><span style=\"font-size:11pt\"><span style=\"line-height:normal\"><span calibri=\"\" style=\"font-family:\"><span class=\"MsoHyperlink\" style=\"color:blue\"><span style=\"text-decoration:underline\"><span style=\"font-size:14.0pt\"><span style=\"text-decoration:none\"><span style=\"text-underline:none\">Webinar FGV IBRE - <b>Investimento e Crescimento Econ&ocirc;mico<\/b>, data 28 de abril de 2022. Informa&ccedil;&otilde;es: <\/span><\/span><\/span><\/span><\/span><a href=\"https:\/\/evento.fgv.br\/crescimento_economico\/\" style=\"color:blue; text-decoration:underline\"><span style=\"font-size:14.0pt\">clique aqui<\/span><\/a><span class=\"MsoHyperlink\" style=\"color:blue\"><span style=\"text-decoration:underline\"><span style=\"font-size:14.0pt\"><span style=\"text-decoration:none\"><span style=\"text-underline:none\">.<\/span><\/span><\/span><\/span><\/span><\/span><\/span><\/span><\/p>\r\n\r\n<p style=\"text-align:justify\"><span style=\"font-size:11pt\"><span style=\"line-height:normal\"><span calibri=\"\" style=\"font-family:\"><span class=\"MsoHyperlink\" style=\"color:blue\"><span style=\"text-decoration:underline\"><b><span style=\"font-size:14.0pt\"><span style=\"text-decoration:none\"><span style=\"text-underline:none\">V Simp&oacute;sio de Engenharia Ferrovi&aacute;ria<\/span><\/span><\/span><\/b><\/span><\/span><span class=\"MsoHyperlink\" style=\"color:blue\"><span style=\"text-decoration:underline\"><span style=\"font-size:14.0pt\"><span style=\"text-decoration:none\"><span style=\"text-underline:none\">, data 18 e 19 de maio de 2022. Informa&ccedil;&otilde;es: <\/span><\/span><\/span><\/span><\/span><a href=\"https:\/\/eventos.galoa.com.br\/sef-2022\/page\/1492-home\" style=\"color:blue; text-decoration:underline\"><span style=\"font-size:14.0pt\">clique aqui<\/span><\/a><\/span><\/span><\/span><\/p>\r\n\r\n<p class=\"MsoTitle\" style=\"text-align:justify\"><span style=\"font-size:28pt\"><span cambria=\"\" style=\"font-family:\"><span style=\"letter-spacing:-0.5pt\"><b><span style=\"font-size:18.0pt\"><span calibri=\"\" style=\"font-family:\"><span style=\"font-variant:small-caps\">Setor<\/span><\/span><\/span><\/b><\/span><\/span><\/span><\/p>\r\n\r\n<p style=\"text-align:justify\"><span style=\"font-size:11pt\"><span style=\"line-height:normal\"><span calibri=\"\" style=\"font-family:\"><a href=\"http:\/\/textileindustry.ning.com\/forum\/topics\/europa-estabelece-nova-pol-tica-para-uma-ind-stria-t-xtil\" style=\"color:blue; text-decoration:underline\"><span style=\"font-size:14.0pt\">Europa estabelece nova pol&iacute;tica para uma ind&uacute;stria t&ecirc;xtil circular<\/span><\/a><\/span><\/span><\/span><\/p>\r\n\r\n<p style=\"text-align:justify\"><span style=\"font-size:11pt\"><span style=\"line-height:normal\"><span calibri=\"\" style=\"font-family:\"><a href=\"https:\/\/agenciabrasil.ebc.com.br\/saude\/noticia\/2022-04\/governo-anuncia-fim-da-emergencia-sanitaria-por-covid-19-no-pais\" style=\"color:blue; text-decoration:underline\"><span style=\"font-size:14.0pt\">Governo anuncia fim da emerg&ecirc;ncia sanit&aacute;ria por covid-19 no pa&iacute;s<\/span><\/a><\/span><\/span><\/span><\/p>\r\n\r\n<p class=\"MsoTitle\" style=\"text-align:justify\"><span style=\"font-size:28pt\"><span cambria=\"\" style=\"font-family:\"><span style=\"letter-spacing:-0.5pt\"><b><span style=\"font-size:18.0pt\"><span calibri=\"\" style=\"font-family:\"><span style=\"font-variant:small-caps\">Ind&uacute;stria<\/span><\/span><\/span><\/b><\/span><\/span><\/span><\/p>\r\n\r\n<p style=\"text-align:justify\"><span style=\"font-size:11pt\"><span style=\"line-height:normal\"><span calibri=\"\" style=\"font-family:\"><a href=\"https:\/\/noticias.portaldaindustria.com.br\/noticias\/economia\/confianca-da-industria-aumenta-em-abril-pela-primeira-vez-em-2022-diz-cni\/\" style=\"color:blue; text-decoration:underline\"><span style=\"font-size:14.0pt\">Confian&ccedil;a da ind&uacute;stria aumenta em abril pela primeira vez em 2022<\/span><\/a><\/span><\/span><\/span><\/p>\r\n\r\n<p style=\"text-align:justify\"><span style=\"font-size:11pt\"><span style=\"line-height:normal\"><span calibri=\"\" style=\"font-family:\"><a href=\"https:\/\/www.revistamt.com.br\/Noticias\/Exibir\/anfavea-apresenta-balanco-do-trimestre?utm_source=akna&amp;utm_medium=email&amp;utm_campaign=Revista-M-T-Informativo-572\" style=\"color:blue; text-decoration:underline\"><span style=\"font-size:14.0pt\">Anfavea apresenta balan&ccedil;o do trimestre<\/span><\/a><\/span><\/span><\/span><\/p>\r\n\r\n<p style=\"text-align:justify\"><span style=\"font-size:11pt\"><span style=\"line-height:normal\"><span calibri=\"\" style=\"font-family:\"><a href=\"https:\/\/exclusivo.com.br\/_conteudo\/exportacao\/2022\/04\/11\/exportacoes-de-calcados-aumentam-65--em-valor.html?utm_campaign=Exporta%C3%A7%C3%B5es+de+cal%C3%A7ados+aumentam+65%25+em+valor&amp;utm_content=Exporta%C3%A7%C3%B5es+de+cal%C3%A7ados+aumentam+65%25+em+valor+-+Jornal+Exclusivo+%283%29&amp;utm_medium=email&amp;utm_source=EmailMarketing&amp;utm_term=Exporta%C3%A7%C3%B5es+de+cal%C3%A7ados+aumentam+65%25+em+valor\" style=\"color:blue; text-decoration:underline\"><span style=\"font-size:14.0pt\">Exporta&ccedil;&otilde;es de cal&ccedil;ados aumentam 65% em valor<\/span><\/a><\/span><\/span><\/span><\/p>\r\n\r\n<p style=\"text-align:justify\"><span style=\"font-size:11pt\"><span style=\"line-height:normal\"><span calibri=\"\" style=\"font-family:\"><a href=\"https:\/\/www.abicalcados.com.br\/noticia\/puxado-pelas-exportacoes-setor-calcadista-deve-crescer-em-2022\" style=\"color:blue; text-decoration:underline\"><span style=\"font-size:14.0pt\">Puxado pelas exporta&ccedil;&otilde;es, setor cal&ccedil;adista deve crescer em 2022<\/span><\/a><\/span><\/span><\/span><\/p>\r\n\r\n<p style=\"text-align:justify\"><span style=\"font-size:11pt\"><span style=\"line-height:normal\"><span calibri=\"\" style=\"font-family:\"><a href=\"https:\/\/www.revistamt.com.br\/Noticias\/Exibir\/lockdowns-na-china-para-conter-covid-obrigam-fabricas-a-pararem-producao?utm_source=akna&amp;utm_medium=email&amp;utm_campaign=Revista-M-T-Informativo-572\" style=\"color:blue; text-decoration:underline\"><span style=\"font-size:14.0pt\">Lockdowns na China para conter covid obrigam f&aacute;bricas a pararem produ&ccedil;&atilde;o<\/span><\/a><\/span><\/span><\/span><\/p>\r\n\r\n<p style=\"text-align:justify\"><span style=\"font-size:11pt\"><span style=\"line-height:normal\"><span calibri=\"\" style=\"font-family:\"><a href=\"https:\/\/drive.google.com\/file\/d\/1xwkzwm7QkeubxfOrnuSwu9gw3yi__AC1\/view\" style=\"color:blue; text-decoration:underline\"><span style=\"font-size:14.0pt\">A Infraestrutura Brasileira Perante a Nova Lei de Licita&ccedil;&otilde;es<\/span><\/a><\/span><\/span><\/span><\/p>\r\n\r\n<p class=\"MsoTitle\" style=\"text-align:justify\"><span style=\"font-size:28pt\"><span cambria=\"\" style=\"font-family:\"><span style=\"letter-spacing:-0.5pt\"><b><span style=\"font-size:18.0pt\"><span calibri=\"\" style=\"font-family:\"><span style=\"font-variant:small-caps\">Sustentabilidade<\/span><\/span><\/span><\/b><\/span><\/span><\/span><\/p>\r\n\r\n<p style=\"text-align:justify\"><span style=\"font-size:11pt\"><span style=\"line-height:normal\"><span calibri=\"\" style=\"font-family:\"><a href=\"https:\/\/www.ipea.gov.br\/portal\/index.php?option=com_content&amp;view=article&amp;id=39142&amp;catid=1&amp;Itemid=7\" style=\"color:blue; text-decoration:underline\"><span style=\"font-size:14.0pt\">Cr&eacute;dito de reciclagem impulsiona a pol&iacute;tica ambiental e o desenvolvimento socioecon&ocirc;mico, aponta estudo<\/span><\/a><\/span><\/span><\/span><\/p>\r\n\r\n<p style=\"text-align:justify\"><span style=\"font-size:11pt\"><span style=\"line-height:normal\"><span calibri=\"\" style=\"font-family:\"><a href=\"https:\/\/www.innovationintextiles.com\/giving-used-ffp2-face-masks-a-second-life\/\" style=\"color:blue; text-decoration:underline\"><span style=\"font-size:14.0pt\">Giving used FFP2 face masks a second life<\/span><\/a><\/span><\/span><\/span><\/p>\r\n\r\n<p style=\"text-align:justify\"><span style=\"font-size:11pt\"><span style=\"line-height:normal\"><span calibri=\"\" style=\"font-family:\"><a href=\"https:\/\/www.segs.com.br\/demais\/341844-assintecal-e-beira-rio-estimulam-empresas-rumo-a-certificacao-em-sustentabilidade\" style=\"color:blue; text-decoration:underline\"><span style=\"font-size:14.0pt\">Assintecal e Beira Rio estimulam empresas rumo &agrave; certifica&ccedil;&atilde;o em sustentabilidade<\/span><\/a><\/span><\/span><\/span><\/p>\r\n\r\n<p class=\"MsoTitle\" style=\"text-align:justify\"><span style=\"font-size:28pt\"><span cambria=\"\" style=\"font-family:\"><span style=\"letter-spacing:-0.5pt\"><b><span style=\"font-size:18.0pt\"><span calibri=\"\" style=\"font-family:\"><span style=\"font-variant:small-caps\">Inova&ccedil;&atilde;o<\/span><\/span><\/span><\/b><\/span><\/span><\/span><\/p>\r\n\r\n<p style=\"text-align:justify\"><span style=\"font-size:11pt\"><span style=\"line-height:normal\"><span calibri=\"\" style=\"font-family:\"><a href=\"https:\/\/summitagro.estadao.com.br\/tendencias-e-tecnologia\/nova-fibra-textil-vegetal-permite-producao-com-baixo-carbono\/\" style=\"color:blue; text-decoration:underline\"><span style=\"font-size:14.0pt\">Nova fibra t&ecirc;xtil vegetal permite produ&ccedil;&atilde;o com baixo carbono<\/span><\/a><\/span><\/span><\/span><\/p>\r\n\r\n<p style=\"text-align:justify\"><span style=\"font-size:11pt\"><span style=\"line-height:normal\"><span calibri=\"\" style=\"font-family:\"><a href=\"http:\/\/www.textilia.net\/materias\/ler\/eventos\/ultimas_noticias_eventos\/encontro_da_academia_de_inovacao_de_naotecidos_2022_sera_na_finlandia\" style=\"color:blue; text-decoration:underline\"><span style=\"font-size:14.0pt\">Encontro da Academia de Inova&ccedil;&atilde;o de N&atilde;otecidos 2022 ser&aacute; na Finl&acirc;ndia<\/span><\/a><\/span><\/span><\/span><\/p>\r\n\r\n<p class=\"MsoTitle\" style=\"text-align:justify\"><span style=\"font-size:28pt\"><span cambria=\"\" style=\"font-family:\"><span style=\"letter-spacing:-0.5pt\"><b><span style=\"font-size:18.0pt\"><span calibri=\"\" style=\"font-family:\"><span style=\"font-variant:small-caps\">Com&eacute;rcio Exterior<\/span><\/span><\/span><\/b><\/span><\/span><\/span><\/p>\r\n\r\n<p style=\"text-align:justify\"><span style=\"font-size:11pt\"><span style=\"line-height:normal\"><span calibri=\"\" style=\"font-family:\"><a href=\"https:\/\/www.grandesconstrucoes.com.br\/Noticias\/Exibir\/portos-brasileiros-movimentaram-1798-milhoes-de-toneladas-no-primeiro-bimestre?utm_source=akna&amp;utm_medium=email&amp;utm_campaign=Grandes-Construcoes-News-807-14-04-2022\" style=\"color:blue; text-decoration:underline\"><span style=\"font-size:14.0pt\">Portos brasileiros movimentam 179,8 milh&otilde;es de toneladas no 1&deg; bimestre<\/span><\/a><\/span><\/span><\/span><\/p>\r\n\r\n<p style=\"text-align:justify\"><span style=\"font-size:11pt\"><span style=\"line-height:normal\"><span calibri=\"\" style=\"font-family:\"><a href=\"https:\/\/www.comexdobrasil.com\/comercio-exterior-da-china-cresce-13-em-dolar-no-1o-trimestre-e-totaliza-us-148-trilhao-apesar-dos-desafios-externos-e-internos\/\" style=\"color:blue; text-decoration:underline\"><span style=\"font-size:14.0pt\">Comercio exterior da China cresce 13% em d&oacute;lar no 1&ordm; trimestre e totaliza US$ 1,48 trilh&atilde;o apesar dos desafios externos e internos<\/span><\/a><\/span><\/span><\/span><\/p>\r\n\r\n<p style=\"text-align:justify\"><span style=\"font-size:11pt\"><span style=\"line-height:normal\"><span calibri=\"\" style=\"font-family:\"><a href=\"https:\/\/veja.abril.com.br\/economia\/industria-textil-espera-que-guerra-acelere-acordo-entre-mercosul-e-ue\/\" style=\"color:blue; text-decoration:underline\"><span style=\"font-size:14.0pt\">Ind&uacute;stria t&ecirc;xtil espera que guerra acelere acordo entre Mercosul e UE<\/span><\/a> <\/span><\/span><\/span><\/p>\r\n\r\n<p class=\"MsoTitle\" style=\"text-align:justify\"><span style=\"font-size:28pt\"><span cambria=\"\" style=\"font-family:\"><span style=\"letter-spacing:-0.5pt\"><b><span style=\"font-size:18.0pt\"><span calibri=\"\" style=\"font-family:\"><span style=\"font-variant:small-caps\">Economia<\/span><\/span><\/span><\/b><\/span><\/span><\/span><\/p>\r\n\r\n<p style=\"text-align:justify\"><span style=\"font-size:11pt\"><span style=\"line-height:normal\"><span calibri=\"\" style=\"font-family:\"><a href=\"https:\/\/noticias.portaldaindustria.com.br\/listas\/5-motivos-para-voce-defender-a-reforma-tributaria\/\" style=\"color:blue; text-decoration:underline\"><span style=\"font-size:14.0pt\">5 motivos para voc&ecirc; defender a reforma tribut&aacute;ria<\/span><\/a><\/span><\/span><\/span><\/p>\r\n\r\n<p style=\"text-align:justify\"><span style=\"font-size:11pt\"><span style=\"line-height:normal\"><span calibri=\"\" style=\"font-family:\"><a href=\"https:\/\/noticias.portaldaindustria.com.br\/noticias\/economia\/guerra-e-omicron-afetam-producao-e-pib-industrial-deve-cair-pela-7a-vez-em-10-anos\/\" style=\"color:blue; text-decoration:underline\"><span style=\"font-size:14.0pt\">Guerra e &ocirc;micron afetam produ&ccedil;&atilde;o e PIB industrial deve cair pela 7&ordf; vez em 10 anos<\/span><\/a><\/span><\/span><\/span><\/p>\r\n\r\n<p style=\"text-align:justify\"><span style=\"font-size:11pt\"><span style=\"line-height:normal\"><span calibri=\"\" style=\"font-family:\"><a href=\"https:\/\/agenciabrasil.ebc.com.br\/economia\/noticia\/2022-04\/governo-edita-decreto-que-reduz-aliquotas-de-produtos-industrializados\" style=\"color:blue; text-decoration:underline\"><span style=\"font-size:14.0pt\">Governo edita decreto que reduz al&iacute;quotas de produtos industrializados<\/span><\/a><\/span><\/span><\/span><\/p>\r\n","texto_en":"","7":"","imagem":"COMP_banner-padrao-home-destaques-boletim_20220419123537nVBc8Qg1zJ.jpg","8":"COMP_banner-padrao-home-destaques-boletim_20220419123537nVBc8Qg1zJ.jpg","arquivo":"20220419-NOTICIAS-SEMANAIS.PDF","9":"20220419-NOTICIAS-SEMANAIS.PDF","titulo_arquivo":"","10":"","titulo_arquivo_en":"","11":"","created_at":"2022-04-19 12:35:47","12":"2022-04-19 12:35:47","updated_at":"2022-04-19 12:50:57","13":"2022-04-19 12:50:57"},{"id":12,"0":12,"ordem":211,"1":211,"data":"2022-04-12","2":"2022-04-12","slug":"boletim-de-noticias-semanais-9","3":"boletim-de-noticias-semanais-9","titulo":"Boletim de Not\u00edcias Semanais","4":"Boletim de Not\u00edcias Semanais","titulo_en":"","5":"","texto":"<p style=\"text-align:justify\"><span style=\"font-size:11pt\"><span style=\"line-height:normal\"><span style=\"font-family:&quot;Calibri&quot;,sans-serif\"><span style=\"font-size:14.0pt\">Esta &eacute; uma compila&ccedil;&atilde;o das not&iacute;cias mais relevantes para o setor, incluindo informa&ccedil;&otilde;es sobre acordos internacionais, economia brasileira, sustentabilidade e mat&eacute;rias-primas, al&eacute;m de novidades do setor de N&atilde;otecidos e Tecidos T&eacute;cnicos.<\/span><\/span><\/span><\/span><\/p>\r\n\r\n<p class=\"MsoTitle\" style=\"text-align:justify\"><span style=\"font-size:28pt\"><span style=\"font-family:&quot;Cambria&quot;,serif\"><span style=\"letter-spacing:-0.5pt\"><b><span style=\"font-size:18.0pt\"><span style=\"font-family:&quot;Calibri&quot;,sans-serif\"><span style=\"font-variant:small-caps\">A&ccedil;&otilde;es da ABINT<\/span><\/span><\/span><\/b><\/span><\/span><\/span><\/p>\r\n\r\n<p style=\"text-align:justify\"><span style=\"font-size:11pt\"><span style=\"line-height:normal\"><span style=\"font-family:&quot;Calibri&quot;,sans-serif\"><b><span style=\"font-size:14.0pt\">O CTG - Comit&ecirc; T&eacute;cnico de Geossint&eacute;ticos da ABINT &eacute; apoiador da FENSAN 2022<\/span><\/b><\/span><\/span><\/span><\/p>\r\n\r\n<p style=\"text-align:justify\"><span style=\"font-size:11pt\"><span style=\"line-height:normal\"><span style=\"font-family:&quot;Calibri&quot;,sans-serif\"><span style=\"font-size:14.0pt\">A FENASAN 2022 - Feira Nacional de Saneamento e Meio Ambiente ocorrer&aacute; de 13 a 15 de setembro de 2022, no Pavilh&atilde;o Branco do Expo Center Norte, em S&atilde;o Paulo, em paralelo ao 33&ordm; Encontro T&eacute;cnico AESabesp. Informa&ccedil;&otilde;es: <\/span><a href=\"https:\/\/fenasan.com.br\/\" style=\"color:blue; text-decoration:underline\"><span style=\"font-size:14.0pt\">https:\/\/fenasan.com.br\/<\/span><\/a> <\/span><\/span><\/span><\/p>\r\n\r\n<p style=\"text-align:justify\"><span style=\"font-size:11pt\"><span style=\"line-height:normal\"><span style=\"font-family:&quot;Calibri&quot;,sans-serif\"><b><span style=\"font-size:14.0pt\">A ABINT &eacute; apoiadora da ITMA 2023<\/span><\/b><span style=\"font-size:14.0pt\">.<\/span><\/span><\/span><\/span><\/p>\r\n\r\n<p style=\"text-align:justify\"><span style=\"font-size:11pt\"><span style=\"line-height:normal\"><span style=\"font-family:&quot;Calibri&quot;,sans-serif\"><span style=\"font-size:14.0pt\">O Cematex (Comit&ecirc; Europeu de Fabricantes de M&aacute;quinas T&ecirc;xteis) anunciou que esta, que ser&aacute; a 19&ordf; edi&ccedil;&atilde;o da feira internacional da ind&uacute;stria t&ecirc;xtil, ser&aacute; realizada em Mil&atilde;o, na It&aacute;lia, entre os dias 8 e 14 de junho de 2023. Informa&ccedil;&otilde;es: <\/span><a href=\"https:\/\/us10.campaign-archive.com\/?u=bfd40377d82c98d83d82824c4&amp;id=5bd5c4a7a5&amp;e=4d4cd8558e\" style=\"color:blue; text-decoration:underline\"><span style=\"font-size:14.0pt\"><span style=\"color:blue\">clique aqui<\/span><\/span><\/a> <\/span><\/span><\/span><\/p>\r\n\r\n<p style=\"text-align:justify\"><span style=\"font-size:11pt\"><span style=\"line-height:normal\"><span style=\"font-family:&quot;Calibri&quot;,sans-serif\"><a href=\"file:\/\/\/C:\/Users\/cristiane\/AppData\/Local\/Microsoft\/Windows\/INetCache\/Content.Outlook\/HSWD7C7I\/email.mht\" style=\"color:blue; text-decoration:underline\"><span style=\"font-size:14.0pt\">Relat&oacute;rio eureciclo mar&ccedil;o\/2022<\/span><\/a><\/span><\/span><\/span><\/p>\r\n\r\n<p class=\"MsoTitle\" style=\"text-align:justify\"><span style=\"font-size:28pt\"><span style=\"font-family:&quot;Cambria&quot;,serif\"><span style=\"letter-spacing:-0.5pt\"><b><span style=\"font-size:18.0pt\"><span style=\"font-family:&quot;Calibri&quot;,sans-serif\"><span style=\"font-variant:small-caps\">Eventos<\/span><\/span><\/span><\/b><\/span><\/span><\/span><\/p>\r\n\r\n<p style=\"text-align:justify\"><span style=\"font-size:11pt\"><span style=\"line-height:normal\"><span style=\"font-family:&quot;Calibri&quot;,sans-serif\"><span class=\"MsoHyperlink\" style=\"color:blue\"><span style=\"text-decoration:underline\"><b><span style=\"font-size:14.0pt\"><span style=\"text-decoration:none\"><span style=\"text-underline:none\">Webinar Abical&ccedil;ados: An&aacute;lise de Cen&aacute;rios<\/span><\/span><\/span><\/b><\/span><\/span><span class=\"MsoHyperlink\" style=\"color:blue\"><span style=\"text-decoration:underline\"><span style=\"font-size:14.0pt\"><span style=\"text-decoration:none\"><span style=\"text-underline:none\">, data 13 de abril. Informa&ccedil;&otilde;es: <\/span><\/span><\/span><\/span><\/span><a href=\"https:\/\/lp.abicalcados.com.br\/analise-de-cenarios-2022-1-edicao?utm_campaign=analise_de_cenarios_2022_-_1_edicao&amp;utm_medium=email&amp;utm_source=RD+Station\" style=\"color:blue; text-decoration:underline\"><span style=\"font-size:14.0pt\">clique aqui<\/span><\/a><\/span><\/span><\/span><\/p>\r\n\r\n<p style=\"text-align:justify\"><span style=\"font-size:11pt\"><span style=\"line-height:normal\"><span style=\"font-family:&quot;Calibri&quot;,sans-serif\"><span class=\"MsoHyperlink\" style=\"color:blue\"><span style=\"text-decoration:underline\"><span style=\"font-size:14.0pt\"><span style=\"text-decoration:none\"><span style=\"text-underline:none\">Curso online ABNT - <b>Etiquetagem de T&ecirc;xteis com &Ecirc;nfase na Norma ABNT NBR NM ISO 3758:2013<\/b>, data 25 e 27 de abril de 2022. Informa&ccedil;&otilde;es: <\/span><\/span><\/span><\/span><\/span><a href=\"https:\/\/abnlink.abnt.org.br\/cl\/PM8R9\/lp\/5bf3\/LCFJkUKAOaB\/BLNq\/GRMn4VkjCJO\/1\/\" style=\"color:blue; text-decoration:underline\"><span style=\"font-size:14.0pt\">clique aqui<\/span><\/a><\/span><\/span><\/span><\/p>\r\n\r\n<p style=\"text-align:justify\"><span style=\"font-size:11pt\"><span style=\"line-height:normal\"><span style=\"font-family:&quot;Calibri&quot;,sans-serif\"><span class=\"MsoHyperlink\" style=\"color:blue\"><span style=\"text-decoration:underline\"><b><span style=\"font-size:14.0pt\"><span style=\"text-decoration:none\"><span style=\"text-underline:none\">V Simp&oacute;sio de Engenharia Ferrovi&aacute;ria<\/span><\/span><\/span><\/b><\/span><\/span><span class=\"MsoHyperlink\" style=\"color:blue\"><span style=\"text-decoration:underline\"><span style=\"font-size:14.0pt\"><span style=\"text-decoration:none\"><span style=\"text-underline:none\">, data 18 e 19 de maio de 2022. Informa&ccedil;&otilde;es: <\/span><\/span><\/span><\/span><\/span><a href=\"https:\/\/eventos.galoa.com.br\/sef-2022\/page\/1492-home\" style=\"color:blue; text-decoration:underline\"><span style=\"font-size:14.0pt\">clique aqui<\/span><\/a><\/span><\/span><\/span><\/p>\r\n\r\n<p class=\"MsoTitle\" style=\"text-align:justify\"><span style=\"font-size:28pt\"><span style=\"font-family:&quot;Cambria&quot;,serif\"><span style=\"letter-spacing:-0.5pt\"><b><span style=\"font-size:18.0pt\"><span style=\"font-family:&quot;Calibri&quot;,sans-serif\"><span style=\"font-variant:small-caps\">Setor<\/span><\/span><\/span><\/b><\/span><\/span><\/span><\/p>\r\n\r\n<p style=\"text-align:justify\"><span style=\"font-size:11pt\"><span style=\"line-height:normal\"><span style=\"font-family:&quot;Calibri&quot;,sans-serif\"><a href=\"https:\/\/abihpec.org.br\/simbolos-da-pandemia-patinam-mas-estao-melhores-que-em-2019\/\" style=\"color:blue; text-decoration:underline\"><span style=\"font-size:14.0pt\">S&iacute;mbolos da pandemia patinam, mas est&atilde;o melhores que em 2019<\/span><\/a><\/span><\/span><\/span><\/p>\r\n\r\n<p style=\"text-align:justify\"><span style=\"font-size:11pt\"><span style=\"line-height:normal\"><span style=\"font-family:&quot;Calibri&quot;,sans-serif\"><a href=\"http:\/\/textileindustry.ning.com\/forum\/topics\/como-a-guerra-na-ucr-nia-e-a-queda-do-d-lar-afetam-a-ind-stria\" style=\"color:blue; text-decoration:underline\"><span style=\"font-size:14.0pt\">Como a guerra na Ucr&acirc;nia e a queda do d&oacute;lar afetam a ind&uacute;stria brasileira<\/span><\/a><\/span><\/span><\/span><\/p>\r\n\r\n<p style=\"text-align:justify\"><span style=\"font-size:11pt\"><span style=\"line-height:normal\"><span style=\"font-family:&quot;Calibri&quot;,sans-serif\"><a href=\"https:\/\/www.textiletechnology.net\/nonwovens\/news\/inda-face-to-face-business-at-idea-2022-and-filtxpo-31936?utm_source=%2Fmeta%2Fnewsletter%2Fnewsletter&amp;utm_medium=newsletter&amp;utm_campaign=nl817&amp;utm_term=0801b20e08c3242125d512808cd74302\" style=\"color:blue; text-decoration:underline\"><span style=\"font-size:14.0pt\">Face-to-face business at IDEA 2022 and FiltXPO<\/span><\/a><\/span><\/span><\/span><\/p>\r\n\r\n<p style=\"text-align:justify\"><span style=\"font-size:11pt\"><span style=\"line-height:normal\"><span style=\"font-family:&quot;Calibri&quot;,sans-serif\"><span class=\"MsoHyperlink\" style=\"color:blue\"><span style=\"text-decoration:underline\"><span style=\"font-size:14.0pt\"><span style=\"text-decoration:none\"><span style=\"text-underline:none\"><a href=\"http:\/\/textileindustry.ning.com\/forum\/topics\/ind-stria-dividida-com-nova-legisla-o-europeia\" style=\"color:blue; text-decoration:underline\">Ind&uacute;stria dividida com nova legisla&ccedil;&atilde;o europeia<\/a><\/span><\/span><\/span><\/span><\/span><\/span><\/span><\/span><\/p>\r\n\r\n<p class=\"MsoTitle\" style=\"text-align:justify\"><span style=\"font-size:28pt\"><span style=\"font-family:&quot;Cambria&quot;,serif\"><span style=\"letter-spacing:-0.5pt\"><b><span style=\"font-size:18.0pt\"><span style=\"font-family:&quot;Calibri&quot;,sans-serif\"><span style=\"font-variant:small-caps\">Ind&uacute;stria<\/span><\/span><\/span><\/b><\/span><\/span><\/span><\/p>\r\n\r\n<p style=\"text-align:justify\"><span style=\"font-size:11pt\"><span style=\"line-height:normal\"><span style=\"font-family:&quot;Calibri&quot;,sans-serif\"><a href=\"http:\/\/www.revistaanamaco.com.br\/construcao-abriu-39453-vagas-em-fevereiro-?utm_campaign=Revista+Anamaco+Online&amp;utm_content=Constru%C3%A7%C3%A3o+abriu+39.453+vagas+em+fevereiro+-+Revista+Anamaco+%286%29&amp;utm_medium=email&amp;utm_source=EmailMarketing&amp;utm_term=Revista+Anamaco+Online-Newsletter%2323-2022\" style=\"color:blue; text-decoration:underline\"><span style=\"font-size:14.0pt\">Constru&ccedil;&atilde;o abriu 39.453 vagas em fevereiro<\/span><\/a><\/span><\/span><\/span><\/p>\r\n\r\n<p style=\"text-align:justify\"><span style=\"font-size:11pt\"><span style=\"line-height:normal\"><span style=\"font-family:&quot;Calibri&quot;,sans-serif\"><a href=\"https:\/\/exclusivo.com.br\/_conteudo\/negocios\/2022\/04\/05\/setor-calcadista-abre-13-mil-postos-de-trabalho-no-primeiro-bimestre.html?utm_campaign=Setor+cal%C3%A7adista+abre+13+mil+empregos+no+bimestre&amp;utm_content=Setor+cal%C3%A7adista+abre+13+mil+postos+de+trabalho+no+primeiro+bimestre+-+Jornal+Exclusivo+%283%29&amp;utm_medium=email&amp;utm_source=EmailMarketing&amp;utm_term=Setor+cal%C3%A7adista+abre+13+mil+empregos+no+bimestre\" style=\"color:blue; text-decoration:underline\"><span style=\"font-size:14.0pt\">Setor cal&ccedil;adista abre 13 mil postos de trabalho no primeiro bimestre<\/span><\/a><\/span><\/span><\/span><\/p>\r\n\r\n<p style=\"text-align:justify\"><span style=\"font-size:11pt\"><span style=\"line-height:normal\"><span style=\"font-family:&quot;Calibri&quot;,sans-serif\"><a href=\"https:\/\/www.abrafiltros.org.br\/noticias.asp?noticia=1721\" style=\"color:blue; text-decoration:underline\"><span style=\"font-size:14.0pt\">Atua&ccedil;&atilde;o dos filtros no processo de fabrica&ccedil;&atilde;o de autope&ccedil;as<\/span><\/a><\/span><\/span><\/span><\/p>\r\n\r\n<p style=\"text-align:justify\"><span style=\"font-size:11pt\"><span style=\"line-height:normal\"><span style=\"font-family:&quot;Calibri&quot;,sans-serif\"><a href=\"http:\/\/textileindustry.ning.com\/profiles\/blogs\/inser-o-de-produtos-com-maior-valor-agregado-no-mercado\" style=\"color:blue; text-decoration:underline\"><span style=\"font-size:14.0pt\">Inser&ccedil;&atilde;o de produtos com maior valor agregado no mercado internacional &eacute; pauta priorit&aacute;ria da FIESP<\/span><\/a><\/span><\/span><\/span><\/p>\r\n\r\n<p style=\"text-align:justify\"><span style=\"font-size:11pt\"><span style=\"line-height:normal\"><span style=\"font-family:&quot;Calibri&quot;,sans-serif\"><a href=\"https:\/\/agenciadenoticias.ibge.gov.br\/agencia-sala-de-imprensa\/2013-agencia-de-noticias\/releases\/33433-em-fevereiro-industria-tem-alta-em-11-dos-15-locais-pesquisados\" style=\"color:blue; text-decoration:underline\"><span style=\"font-size:14.0pt\">Em fevereiro, ind&uacute;stria tem alta em 11 dos 15 locais pesquisados<\/span><\/a><\/span><\/span><\/span><\/p>\r\n\r\n<p style=\"text-align:justify\"><span style=\"font-size:11pt\"><span style=\"line-height:normal\"><span style=\"font-family:&quot;Calibri&quot;,sans-serif\"><a href=\"https:\/\/agenciabrasil.ebc.com.br\/economia\/noticia\/2022-04\/producao-de-veiculos-aumenta-114-em-marco-diz-anfavea\" style=\"color:blue; text-decoration:underline\"><span style=\"font-size:14.0pt\">Produ&ccedil;&atilde;o de ve&iacute;culos aumenta 11,4% em mar&ccedil;o, diz Anfavea<\/span><\/a><\/span><\/span><\/span><\/p>\r\n\r\n<p class=\"MsoTitle\" style=\"text-align:justify\"><span style=\"font-size:28pt\"><span style=\"font-family:&quot;Cambria&quot;,serif\"><span style=\"letter-spacing:-0.5pt\"><b><span style=\"font-size:18.0pt\"><span style=\"font-family:&quot;Calibri&quot;,sans-serif\"><span style=\"font-variant:small-caps\">Sustentabilidade<\/span><\/span><\/span><\/b><\/span><\/span><\/span><\/p>\r\n\r\n<p style=\"text-align:justify\"><span style=\"font-size:11pt\"><span style=\"line-height:normal\"><span style=\"font-family:&quot;Calibri&quot;,sans-serif\"><a href=\"https:\/\/ibre.fgv.br\/blog-da-conjuntura-economica\/artigos\/o-brasil-e-transicao-energetica\" style=\"color:blue; text-decoration:underline\"><span style=\"font-size:14.0pt\">O Brasil e a transi&ccedil;&atilde;o energ&eacute;tica<\/span><\/a><\/span><\/span><\/span><\/p>\r\n\r\n<p style=\"text-align:justify\"><span style=\"font-size:11pt\"><span style=\"line-height:normal\"><span style=\"font-family:&quot;Calibri&quot;,sans-serif\"><a href=\"https:\/\/www.revistamt.com.br\/Noticias\/Exibir\/mineracao-avanca-no-alinhamento-as-metricas-de-esg?utm_source=akna&amp;utm_medium=email&amp;utm_campaign=Revista-M-T-Informativo-571\" style=\"color:blue; text-decoration:underline\"><span style=\"font-size:14.0pt\">Minera&ccedil;&atilde;o avan&ccedil;a no alinhamento &agrave;s m&eacute;tricas de ESG<\/span><\/a><\/span><\/span><\/span><\/p>\r\n\r\n<p class=\"MsoTitle\" style=\"text-align:justify\"><span style=\"font-size:28pt\"><span style=\"font-family:&quot;Cambria&quot;,serif\"><span style=\"letter-spacing:-0.5pt\"><b><span style=\"font-size:18.0pt\"><span style=\"font-family:&quot;Calibri&quot;,sans-serif\"><span style=\"font-variant:small-caps\">Inova&ccedil;&atilde;o<\/span><\/span><\/span><\/b><\/span><\/span><\/span><\/p>\r\n\r\n<p style=\"text-align:justify\"><span style=\"font-size:11pt\"><span style=\"line-height:normal\"><span style=\"font-family:&quot;Calibri&quot;,sans-serif\"><a href=\"https:\/\/www.innovationintextiles.com\/robotic-collaboration-at-jec-world\/\" style=\"color:blue; text-decoration:underline\"><span style=\"font-size:14.0pt\">Robotic collaboration at JEC World<\/span><\/a><\/span><\/span><\/span><\/p>\r\n\r\n<p style=\"text-align:justify\"><span style=\"font-size:11pt\"><span style=\"line-height:normal\"><span style=\"font-family:&quot;Calibri&quot;,sans-serif\"><a href=\"https:\/\/economiasc.com\/2022\/04\/07\/centro-de-inovacao-blumenau-organiza-missao-para-portugal-com-foco-no-mercado-textil\/\" style=\"color:blue; text-decoration:underline\"><span style=\"font-size:14.0pt\">Centro de Inova&ccedil;&atilde;o Blumenau organiza miss&atilde;o para Portugal com foco no mercado t&ecirc;xtil<\/span><\/a><\/span><\/span><\/span><\/p>\r\n\r\n<p style=\"text-align:justify\"><span style=\"font-size:11pt\"><span style=\"line-height:normal\"><span style=\"font-family:&quot;Calibri&quot;,sans-serif\"><span class=\"MsoHyperlink\" style=\"color:blue\"><span style=\"text-decoration:underline\"><span style=\"font-size:14.0pt\"><span style=\"text-decoration:none\"><span style=\"text-underline:none\"><a href=\"https:\/\/www.innovationintextiles.com\/stretchable-displays-from-lightemitting-polymers\/\" style=\"color:blue; text-decoration:underline\">Smart Textiles - Stretchable displays from light-emitting polymers<\/a><\/span><\/span><\/span><\/span><\/span><\/span><\/span><\/span><\/p>\r\n\r\n<p class=\"MsoTitle\" style=\"text-align:justify\"><span style=\"font-size:28pt\"><span style=\"font-family:&quot;Cambria&quot;,serif\"><span style=\"letter-spacing:-0.5pt\"><b><span style=\"font-size:18.0pt\"><span style=\"font-family:&quot;Calibri&quot;,sans-serif\"><span style=\"font-variant:small-caps\">Com&eacute;rcio Exterior<\/span><\/span><\/span><\/b><\/span><\/span><\/span><\/p>\r\n\r\n<p style=\"text-align:justify\"><span style=\"font-size:11pt\"><span style=\"line-height:normal\"><span style=\"font-family:&quot;Calibri&quot;,sans-serif\"><span class=\"MsoHyperlink\" style=\"color:blue\"><span style=\"text-decoration:underline\"><span style=\"font-size:14.0pt\"><span style=\"text-decoration:none\"><span style=\"text-underline:none\"><a href=\"http:\/\/textileindustry.ning.com\/forum\/topics\/artigo-as-oportunidades-do-brasil-no-novo-cen-rio-geopol-tico\" style=\"color:blue; text-decoration:underline\">Artigo: As oportunidades do Brasil no novo cen&aacute;rio geopol&iacute;tico<\/a><\/span><\/span><\/span><\/span><\/span><\/span><\/span><\/span><\/p>\r\n\r\n<p style=\"text-align:justify\"><span style=\"font-size:11pt\"><span style=\"line-height:normal\"><span style=\"font-family:&quot;Calibri&quot;,sans-serif\"><a href=\"https:\/\/www.comexdobrasil.com\/paulo-guedes-revela-que-estuda-uma-nova-reducao-do-imposto-de-importacao-para-um-grupo-de-12-produtos\/\" style=\"color:blue; text-decoration:underline\"><span style=\"font-size:14.0pt\">Paulo Guedes revela que estuda uma nova redu&ccedil;&atilde;o do imposto de importa&ccedil;&atilde;o para um grupo de 12 produtos<\/span><\/a><\/span><\/span><\/span><\/p>\r\n\r\n<p style=\"text-align:justify\"><span style=\"font-size:11pt\"><span style=\"line-height:normal\"><span style=\"font-family:&quot;Calibri&quot;,sans-serif\"><a href=\"http:\/\/abimovel.com\/exportacoes-brasileiras-de-moveis-e-colchoes-no-1o-bimestre-de-2022-ultrapassam-resultados-do-ano-passado\/?utm_campaign=exportacoes_brasileiras_de_moveis_e_colchoes_no_1_bimestre_de_2022_ultrapassam_resultados_do_ano_passado&amp;utm_medium=email&amp;utm_source=RD+Station\" style=\"color:blue; text-decoration:underline\"><span style=\"font-size:14.0pt\">Exporta&ccedil;&otilde;es brasileiras de m&oacute;veis e colch&otilde;es no 1&ordm; bimestre de 2022 ultrapassam resultados do ano passado<\/span><\/a><\/span><\/span><\/span><\/p>\r\n\r\n<p style=\"text-align:justify\"><span style=\"font-size:11pt\"><span style=\"line-height:normal\"><span style=\"font-family:&quot;Calibri&quot;,sans-serif\"><a href=\"https:\/\/noticias.portaldaindustria.com.br\/noticias\/institucional\/guerra-provoca-debate-sobre-posicao-do-brasil-em-cadeias-estrategicas-de-suprimentos\/\" style=\"color:blue; text-decoration:underline\"><span style=\"font-size:14.0pt\">Guerra provoca debate sobre posi&ccedil;&atilde;o do Brasil em cadeias estrat&eacute;gicas de suprimentos<\/span><\/a><\/span><\/span><\/span><\/p>\r\n\r\n<p class=\"MsoTitle\" style=\"text-align:justify\"><span style=\"font-size:28pt\"><span style=\"font-family:&quot;Cambria&quot;,serif\"><span style=\"letter-spacing:-0.5pt\"><b><span style=\"font-size:18.0pt\"><span style=\"font-family:&quot;Calibri&quot;,sans-serif\"><span style=\"font-variant:small-caps\">Economia<\/span><\/span><\/span><\/b><\/span><\/span><\/span><\/p>\r\n\r\n<p style=\"text-align:justify\"><span style=\"font-size:11pt\"><span style=\"line-height:normal\"><span style=\"font-family:&quot;Calibri&quot;,sans-serif\"><a href=\"https:\/\/www.moveisdevalor.com.br\/portal\/brasil-e-o-2-pais-do-mundo-que-mais-tributa-empresas?source=news\" style=\"color:blue; text-decoration:underline\"><span style=\"font-size:14.0pt\">Brasil &eacute; o 2&ordm; pa&iacute;s do mundo que mais tributa empresas<\/span><\/a><\/span><\/span><\/span><\/p>\r\n\r\n<p style=\"text-align:justify\"><span style=\"font-size:11pt\"><span style=\"line-height:normal\"><span style=\"font-family:&quot;Calibri&quot;,sans-serif\"><a href=\"https:\/\/www.fibre2fashion.com\/news\/textile-news\/china-s-economic-growth-to-slow-to-5-in-2022-adb-279943-newsdetails.htm\" style=\"color:blue; text-decoration:underline\"><span style=\"font-size:14.0pt\">China&#39;s economic growth to slow to 5% in 2022: ADB<\/span><\/a><\/span><\/span><\/span><\/p>\r\n\r\n<p style=\"text-align:justify\"><span style=\"font-size:11pt\"><span style=\"line-height:normal\"><span style=\"font-family:&quot;Calibri&quot;,sans-serif\"><a href=\"https:\/\/www.fibre2fashion.com\/news\/textile-news\/east-asia-and-pacific-economy-recovery-faces-risks-from-ukraine-war-279951-newsdetails.htm\" style=\"color:blue; text-decoration:underline\"><span style=\"font-size:14.0pt\">East Asia and Pacific economy recovery faces risks from Ukraine war<\/span><\/a><\/span><\/span><\/span><\/p>\r\n\r\n<p style=\"text-align:justify\"><span style=\"font-size:11pt\"><span style=\"line-height:normal\"><span style=\"font-family:&quot;Calibri&quot;,sans-serif\"><a href=\"https:\/\/www.cnnbrasil.com.br\/business\/setor-de-servicos-puxa-confianca-do-empresariado-no-pais-diz-fgv\/\" style=\"color:blue; text-decoration:underline\"><span style=\"font-size:14.0pt\">Setor de servi&ccedil;os puxa confian&ccedil;a do empresariado no pa&iacute;s, diz FGV<\/span><\/a><\/span><\/span><\/span><\/p>\r\n","6":"<p style=\"text-align:justify\"><span style=\"font-size:11pt\"><span style=\"line-height:normal\"><span style=\"font-family:&quot;Calibri&quot;,sans-serif\"><span style=\"font-size:14.0pt\">Esta &eacute; uma compila&ccedil;&atilde;o das not&iacute;cias mais relevantes para o setor, incluindo informa&ccedil;&otilde;es sobre acordos internacionais, economia brasileira, sustentabilidade e mat&eacute;rias-primas, al&eacute;m de novidades do setor de N&atilde;otecidos e Tecidos T&eacute;cnicos.<\/span><\/span><\/span><\/span><\/p>\r\n\r\n<p class=\"MsoTitle\" style=\"text-align:justify\"><span style=\"font-size:28pt\"><span style=\"font-family:&quot;Cambria&quot;,serif\"><span style=\"letter-spacing:-0.5pt\"><b><span style=\"font-size:18.0pt\"><span style=\"font-family:&quot;Calibri&quot;,sans-serif\"><span style=\"font-variant:small-caps\">A&ccedil;&otilde;es da ABINT<\/span><\/span><\/span><\/b><\/span><\/span><\/span><\/p>\r\n\r\n<p style=\"text-align:justify\"><span style=\"font-size:11pt\"><span style=\"line-height:normal\"><span style=\"font-family:&quot;Calibri&quot;,sans-serif\"><b><span style=\"font-size:14.0pt\">O CTG - Comit&ecirc; T&eacute;cnico de Geossint&eacute;ticos da ABINT &eacute; apoiador da FENSAN 2022<\/span><\/b><\/span><\/span><\/span><\/p>\r\n\r\n<p style=\"text-align:justify\"><span style=\"font-size:11pt\"><span style=\"line-height:normal\"><span style=\"font-family:&quot;Calibri&quot;,sans-serif\"><span style=\"font-size:14.0pt\">A FENASAN 2022 - Feira Nacional de Saneamento e Meio Ambiente ocorrer&aacute; de 13 a 15 de setembro de 2022, no Pavilh&atilde;o Branco do Expo Center Norte, em S&atilde;o Paulo, em paralelo ao 33&ordm; Encontro T&eacute;cnico AESabesp. Informa&ccedil;&otilde;es: <\/span><a href=\"https:\/\/fenasan.com.br\/\" style=\"color:blue; text-decoration:underline\"><span style=\"font-size:14.0pt\">https:\/\/fenasan.com.br\/<\/span><\/a> <\/span><\/span><\/span><\/p>\r\n\r\n<p style=\"text-align:justify\"><span style=\"font-size:11pt\"><span style=\"line-height:normal\"><span style=\"font-family:&quot;Calibri&quot;,sans-serif\"><b><span style=\"font-size:14.0pt\">A ABINT &eacute; apoiadora da ITMA 2023<\/span><\/b><span style=\"font-size:14.0pt\">.<\/span><\/span><\/span><\/span><\/p>\r\n\r\n<p style=\"text-align:justify\"><span style=\"font-size:11pt\"><span style=\"line-height:normal\"><span style=\"font-family:&quot;Calibri&quot;,sans-serif\"><span style=\"font-size:14.0pt\">O Cematex (Comit&ecirc; Europeu de Fabricantes de M&aacute;quinas T&ecirc;xteis) anunciou que esta, que ser&aacute; a 19&ordf; edi&ccedil;&atilde;o da feira internacional da ind&uacute;stria t&ecirc;xtil, ser&aacute; realizada em Mil&atilde;o, na It&aacute;lia, entre os dias 8 e 14 de junho de 2023. Informa&ccedil;&otilde;es: <\/span><a href=\"https:\/\/us10.campaign-archive.com\/?u=bfd40377d82c98d83d82824c4&amp;id=5bd5c4a7a5&amp;e=4d4cd8558e\" style=\"color:blue; text-decoration:underline\"><span style=\"font-size:14.0pt\"><span style=\"color:blue\">clique aqui<\/span><\/span><\/a> <\/span><\/span><\/span><\/p>\r\n\r\n<p style=\"text-align:justify\"><span style=\"font-size:11pt\"><span style=\"line-height:normal\"><span style=\"font-family:&quot;Calibri&quot;,sans-serif\"><a href=\"file:\/\/\/C:\/Users\/cristiane\/AppData\/Local\/Microsoft\/Windows\/INetCache\/Content.Outlook\/HSWD7C7I\/email.mht\" style=\"color:blue; text-decoration:underline\"><span style=\"font-size:14.0pt\">Relat&oacute;rio eureciclo mar&ccedil;o\/2022<\/span><\/a><\/span><\/span><\/span><\/p>\r\n\r\n<p class=\"MsoTitle\" style=\"text-align:justify\"><span style=\"font-size:28pt\"><span style=\"font-family:&quot;Cambria&quot;,serif\"><span style=\"letter-spacing:-0.5pt\"><b><span style=\"font-size:18.0pt\"><span style=\"font-family:&quot;Calibri&quot;,sans-serif\"><span style=\"font-variant:small-caps\">Eventos<\/span><\/span><\/span><\/b><\/span><\/span><\/span><\/p>\r\n\r\n<p style=\"text-align:justify\"><span style=\"font-size:11pt\"><span style=\"line-height:normal\"><span style=\"font-family:&quot;Calibri&quot;,sans-serif\"><span class=\"MsoHyperlink\" style=\"color:blue\"><span style=\"text-decoration:underline\"><b><span style=\"font-size:14.0pt\"><span style=\"text-decoration:none\"><span style=\"text-underline:none\">Webinar Abical&ccedil;ados: An&aacute;lise de Cen&aacute;rios<\/span><\/span><\/span><\/b><\/span><\/span><span class=\"MsoHyperlink\" style=\"color:blue\"><span style=\"text-decoration:underline\"><span style=\"font-size:14.0pt\"><span style=\"text-decoration:none\"><span style=\"text-underline:none\">, data 13 de abril. Informa&ccedil;&otilde;es: <\/span><\/span><\/span><\/span><\/span><a href=\"https:\/\/lp.abicalcados.com.br\/analise-de-cenarios-2022-1-edicao?utm_campaign=analise_de_cenarios_2022_-_1_edicao&amp;utm_medium=email&amp;utm_source=RD+Station\" style=\"color:blue; text-decoration:underline\"><span style=\"font-size:14.0pt\">clique aqui<\/span><\/a><\/span><\/span><\/span><\/p>\r\n\r\n<p style=\"text-align:justify\"><span style=\"font-size:11pt\"><span style=\"line-height:normal\"><span style=\"font-family:&quot;Calibri&quot;,sans-serif\"><span class=\"MsoHyperlink\" style=\"color:blue\"><span style=\"text-decoration:underline\"><span style=\"font-size:14.0pt\"><span style=\"text-decoration:none\"><span style=\"text-underline:none\">Curso online ABNT - <b>Etiquetagem de T&ecirc;xteis com &Ecirc;nfase na Norma ABNT NBR NM ISO 3758:2013<\/b>, data 25 e 27 de abril de 2022. Informa&ccedil;&otilde;es: <\/span><\/span><\/span><\/span><\/span><a href=\"https:\/\/abnlink.abnt.org.br\/cl\/PM8R9\/lp\/5bf3\/LCFJkUKAOaB\/BLNq\/GRMn4VkjCJO\/1\/\" style=\"color:blue; text-decoration:underline\"><span style=\"font-size:14.0pt\">clique aqui<\/span><\/a><\/span><\/span><\/span><\/p>\r\n\r\n<p style=\"text-align:justify\"><span style=\"font-size:11pt\"><span style=\"line-height:normal\"><span style=\"font-family:&quot;Calibri&quot;,sans-serif\"><span class=\"MsoHyperlink\" style=\"color:blue\"><span style=\"text-decoration:underline\"><b><span style=\"font-size:14.0pt\"><span style=\"text-decoration:none\"><span style=\"text-underline:none\">V Simp&oacute;sio de Engenharia Ferrovi&aacute;ria<\/span><\/span><\/span><\/b><\/span><\/span><span class=\"MsoHyperlink\" style=\"color:blue\"><span style=\"text-decoration:underline\"><span style=\"font-size:14.0pt\"><span style=\"text-decoration:none\"><span style=\"text-underline:none\">, data 18 e 19 de maio de 2022. Informa&ccedil;&otilde;es: <\/span><\/span><\/span><\/span><\/span><a href=\"https:\/\/eventos.galoa.com.br\/sef-2022\/page\/1492-home\" style=\"color:blue; text-decoration:underline\"><span style=\"font-size:14.0pt\">clique aqui<\/span><\/a><\/span><\/span><\/span><\/p>\r\n\r\n<p class=\"MsoTitle\" style=\"text-align:justify\"><span style=\"font-size:28pt\"><span style=\"font-family:&quot;Cambria&quot;,serif\"><span style=\"letter-spacing:-0.5pt\"><b><span style=\"font-size:18.0pt\"><span style=\"font-family:&quot;Calibri&quot;,sans-serif\"><span style=\"font-variant:small-caps\">Setor<\/span><\/span><\/span><\/b><\/span><\/span><\/span><\/p>\r\n\r\n<p style=\"text-align:justify\"><span style=\"font-size:11pt\"><span style=\"line-height:normal\"><span style=\"font-family:&quot;Calibri&quot;,sans-serif\"><a href=\"https:\/\/abihpec.org.br\/simbolos-da-pandemia-patinam-mas-estao-melhores-que-em-2019\/\" style=\"color:blue; text-decoration:underline\"><span style=\"font-size:14.0pt\">S&iacute;mbolos da pandemia patinam, mas est&atilde;o melhores que em 2019<\/span><\/a><\/span><\/span><\/span><\/p>\r\n\r\n<p style=\"text-align:justify\"><span style=\"font-size:11pt\"><span style=\"line-height:normal\"><span style=\"font-family:&quot;Calibri&quot;,sans-serif\"><a href=\"http:\/\/textileindustry.ning.com\/forum\/topics\/como-a-guerra-na-ucr-nia-e-a-queda-do-d-lar-afetam-a-ind-stria\" style=\"color:blue; text-decoration:underline\"><span style=\"font-size:14.0pt\">Como a guerra na Ucr&acirc;nia e a queda do d&oacute;lar afetam a ind&uacute;stria brasileira<\/span><\/a><\/span><\/span><\/span><\/p>\r\n\r\n<p style=\"text-align:justify\"><span style=\"font-size:11pt\"><span style=\"line-height:normal\"><span style=\"font-family:&quot;Calibri&quot;,sans-serif\"><a href=\"https:\/\/www.textiletechnology.net\/nonwovens\/news\/inda-face-to-face-business-at-idea-2022-and-filtxpo-31936?utm_source=%2Fmeta%2Fnewsletter%2Fnewsletter&amp;utm_medium=newsletter&amp;utm_campaign=nl817&amp;utm_term=0801b20e08c3242125d512808cd74302\" style=\"color:blue; text-decoration:underline\"><span style=\"font-size:14.0pt\">Face-to-face business at IDEA 2022 and FiltXPO<\/span><\/a><\/span><\/span><\/span><\/p>\r\n\r\n<p style=\"text-align:justify\"><span style=\"font-size:11pt\"><span style=\"line-height:normal\"><span style=\"font-family:&quot;Calibri&quot;,sans-serif\"><span class=\"MsoHyperlink\" style=\"color:blue\"><span style=\"text-decoration:underline\"><span style=\"font-size:14.0pt\"><span style=\"text-decoration:none\"><span style=\"text-underline:none\"><a href=\"http:\/\/textileindustry.ning.com\/forum\/topics\/ind-stria-dividida-com-nova-legisla-o-europeia\" style=\"color:blue; text-decoration:underline\">Ind&uacute;stria dividida com nova legisla&ccedil;&atilde;o europeia<\/a><\/span><\/span><\/span><\/span><\/span><\/span><\/span><\/span><\/p>\r\n\r\n<p class=\"MsoTitle\" style=\"text-align:justify\"><span style=\"font-size:28pt\"><span style=\"font-family:&quot;Cambria&quot;,serif\"><span style=\"letter-spacing:-0.5pt\"><b><span style=\"font-size:18.0pt\"><span style=\"font-family:&quot;Calibri&quot;,sans-serif\"><span style=\"font-variant:small-caps\">Ind&uacute;stria<\/span><\/span><\/span><\/b><\/span><\/span><\/span><\/p>\r\n\r\n<p style=\"text-align:justify\"><span style=\"font-size:11pt\"><span style=\"line-height:normal\"><span style=\"font-family:&quot;Calibri&quot;,sans-serif\"><a href=\"http:\/\/www.revistaanamaco.com.br\/construcao-abriu-39453-vagas-em-fevereiro-?utm_campaign=Revista+Anamaco+Online&amp;utm_content=Constru%C3%A7%C3%A3o+abriu+39.453+vagas+em+fevereiro+-+Revista+Anamaco+%286%29&amp;utm_medium=email&amp;utm_source=EmailMarketing&amp;utm_term=Revista+Anamaco+Online-Newsletter%2323-2022\" style=\"color:blue; text-decoration:underline\"><span style=\"font-size:14.0pt\">Constru&ccedil;&atilde;o abriu 39.453 vagas em fevereiro<\/span><\/a><\/span><\/span><\/span><\/p>\r\n\r\n<p style=\"text-align:justify\"><span style=\"font-size:11pt\"><span style=\"line-height:normal\"><span style=\"font-family:&quot;Calibri&quot;,sans-serif\"><a href=\"https:\/\/exclusivo.com.br\/_conteudo\/negocios\/2022\/04\/05\/setor-calcadista-abre-13-mil-postos-de-trabalho-no-primeiro-bimestre.html?utm_campaign=Setor+cal%C3%A7adista+abre+13+mil+empregos+no+bimestre&amp;utm_content=Setor+cal%C3%A7adista+abre+13+mil+postos+de+trabalho+no+primeiro+bimestre+-+Jornal+Exclusivo+%283%29&amp;utm_medium=email&amp;utm_source=EmailMarketing&amp;utm_term=Setor+cal%C3%A7adista+abre+13+mil+empregos+no+bimestre\" style=\"color:blue; text-decoration:underline\"><span style=\"font-size:14.0pt\">Setor cal&ccedil;adista abre 13 mil postos de trabalho no primeiro bimestre<\/span><\/a><\/span><\/span><\/span><\/p>\r\n\r\n<p style=\"text-align:justify\"><span style=\"font-size:11pt\"><span style=\"line-height:normal\"><span style=\"font-family:&quot;Calibri&quot;,sans-serif\"><a href=\"https:\/\/www.abrafiltros.org.br\/noticias.asp?noticia=1721\" style=\"color:blue; text-decoration:underline\"><span style=\"font-size:14.0pt\">Atua&ccedil;&atilde;o dos filtros no processo de fabrica&ccedil;&atilde;o de autope&ccedil;as<\/span><\/a><\/span><\/span><\/span><\/p>\r\n\r\n<p style=\"text-align:justify\"><span style=\"font-size:11pt\"><span style=\"line-height:normal\"><span style=\"font-family:&quot;Calibri&quot;,sans-serif\"><a href=\"http:\/\/textileindustry.ning.com\/profiles\/blogs\/inser-o-de-produtos-com-maior-valor-agregado-no-mercado\" style=\"color:blue; text-decoration:underline\"><span style=\"font-size:14.0pt\">Inser&ccedil;&atilde;o de produtos com maior valor agregado no mercado internacional &eacute; pauta priorit&aacute;ria da FIESP<\/span><\/a><\/span><\/span><\/span><\/p>\r\n\r\n<p style=\"text-align:justify\"><span style=\"font-size:11pt\"><span style=\"line-height:normal\"><span style=\"font-family:&quot;Calibri&quot;,sans-serif\"><a href=\"https:\/\/agenciadenoticias.ibge.gov.br\/agencia-sala-de-imprensa\/2013-agencia-de-noticias\/releases\/33433-em-fevereiro-industria-tem-alta-em-11-dos-15-locais-pesquisados\" style=\"color:blue; text-decoration:underline\"><span style=\"font-size:14.0pt\">Em fevereiro, ind&uacute;stria tem alta em 11 dos 15 locais pesquisados<\/span><\/a><\/span><\/span><\/span><\/p>\r\n\r\n<p style=\"text-align:justify\"><span style=\"font-size:11pt\"><span style=\"line-height:normal\"><span style=\"font-family:&quot;Calibri&quot;,sans-serif\"><a href=\"https:\/\/agenciabrasil.ebc.com.br\/economia\/noticia\/2022-04\/producao-de-veiculos-aumenta-114-em-marco-diz-anfavea\" style=\"color:blue; text-decoration:underline\"><span style=\"font-size:14.0pt\">Produ&ccedil;&atilde;o de ve&iacute;culos aumenta 11,4% em mar&ccedil;o, diz Anfavea<\/span><\/a><\/span><\/span><\/span><\/p>\r\n\r\n<p class=\"MsoTitle\" style=\"text-align:justify\"><span style=\"font-size:28pt\"><span style=\"font-family:&quot;Cambria&quot;,serif\"><span style=\"letter-spacing:-0.5pt\"><b><span style=\"font-size:18.0pt\"><span style=\"font-family:&quot;Calibri&quot;,sans-serif\"><span style=\"font-variant:small-caps\">Sustentabilidade<\/span><\/span><\/span><\/b><\/span><\/span><\/span><\/p>\r\n\r\n<p style=\"text-align:justify\"><span style=\"font-size:11pt\"><span style=\"line-height:normal\"><span style=\"font-family:&quot;Calibri&quot;,sans-serif\"><a href=\"https:\/\/ibre.fgv.br\/blog-da-conjuntura-economica\/artigos\/o-brasil-e-transicao-energetica\" style=\"color:blue; text-decoration:underline\"><span style=\"font-size:14.0pt\">O Brasil e a transi&ccedil;&atilde;o energ&eacute;tica<\/span><\/a><\/span><\/span><\/span><\/p>\r\n\r\n<p style=\"text-align:justify\"><span style=\"font-size:11pt\"><span style=\"line-height:normal\"><span style=\"font-family:&quot;Calibri&quot;,sans-serif\"><a href=\"https:\/\/www.revistamt.com.br\/Noticias\/Exibir\/mineracao-avanca-no-alinhamento-as-metricas-de-esg?utm_source=akna&amp;utm_medium=email&amp;utm_campaign=Revista-M-T-Informativo-571\" style=\"color:blue; text-decoration:underline\"><span style=\"font-size:14.0pt\">Minera&ccedil;&atilde;o avan&ccedil;a no alinhamento &agrave;s m&eacute;tricas de ESG<\/span><\/a><\/span><\/span><\/span><\/p>\r\n\r\n<p class=\"MsoTitle\" style=\"text-align:justify\"><span style=\"font-size:28pt\"><span style=\"font-family:&quot;Cambria&quot;,serif\"><span style=\"letter-spacing:-0.5pt\"><b><span style=\"font-size:18.0pt\"><span style=\"font-family:&quot;Calibri&quot;,sans-serif\"><span style=\"font-variant:small-caps\">Inova&ccedil;&atilde;o<\/span><\/span><\/span><\/b><\/span><\/span><\/span><\/p>\r\n\r\n<p style=\"text-align:justify\"><span style=\"font-size:11pt\"><span style=\"line-height:normal\"><span style=\"font-family:&quot;Calibri&quot;,sans-serif\"><a href=\"https:\/\/www.innovationintextiles.com\/robotic-collaboration-at-jec-world\/\" style=\"color:blue; text-decoration:underline\"><span style=\"font-size:14.0pt\">Robotic collaboration at JEC World<\/span><\/a><\/span><\/span><\/span><\/p>\r\n\r\n<p style=\"text-align:justify\"><span style=\"font-size:11pt\"><span style=\"line-height:normal\"><span style=\"font-family:&quot;Calibri&quot;,sans-serif\"><a href=\"https:\/\/economiasc.com\/2022\/04\/07\/centro-de-inovacao-blumenau-organiza-missao-para-portugal-com-foco-no-mercado-textil\/\" style=\"color:blue; text-decoration:underline\"><span style=\"font-size:14.0pt\">Centro de Inova&ccedil;&atilde;o Blumenau organiza miss&atilde;o para Portugal com foco no mercado t&ecirc;xtil<\/span><\/a><\/span><\/span><\/span><\/p>\r\n\r\n<p style=\"text-align:justify\"><span style=\"font-size:11pt\"><span style=\"line-height:normal\"><span style=\"font-family:&quot;Calibri&quot;,sans-serif\"><span class=\"MsoHyperlink\" style=\"color:blue\"><span style=\"text-decoration:underline\"><span style=\"font-size:14.0pt\"><span style=\"text-decoration:none\"><span style=\"text-underline:none\"><a href=\"https:\/\/www.innovationintextiles.com\/stretchable-displays-from-lightemitting-polymers\/\" style=\"color:blue; text-decoration:underline\">Smart Textiles - Stretchable displays from light-emitting polymers<\/a><\/span><\/span><\/span><\/span><\/span><\/span><\/span><\/span><\/p>\r\n\r\n<p class=\"MsoTitle\" style=\"text-align:justify\"><span style=\"font-size:28pt\"><span style=\"font-family:&quot;Cambria&quot;,serif\"><span style=\"letter-spacing:-0.5pt\"><b><span style=\"font-size:18.0pt\"><span style=\"font-family:&quot;Calibri&quot;,sans-serif\"><span style=\"font-variant:small-caps\">Com&eacute;rcio Exterior<\/span><\/span><\/span><\/b><\/span><\/span><\/span><\/p>\r\n\r\n<p style=\"text-align:justify\"><span style=\"font-size:11pt\"><span style=\"line-height:normal\"><span style=\"font-family:&quot;Calibri&quot;,sans-serif\"><span class=\"MsoHyperlink\" style=\"color:blue\"><span style=\"text-decoration:underline\"><span style=\"font-size:14.0pt\"><span style=\"text-decoration:none\"><span style=\"text-underline:none\"><a href=\"http:\/\/textileindustry.ning.com\/forum\/topics\/artigo-as-oportunidades-do-brasil-no-novo-cen-rio-geopol-tico\" style=\"color:blue; text-decoration:underline\">Artigo: As oportunidades do Brasil no novo cen&aacute;rio geopol&iacute;tico<\/a><\/span><\/span><\/span><\/span><\/span><\/span><\/span><\/span><\/p>\r\n\r\n<p style=\"text-align:justify\"><span style=\"font-size:11pt\"><span style=\"line-height:normal\"><span style=\"font-family:&quot;Calibri&quot;,sans-serif\"><a href=\"https:\/\/www.comexdobrasil.com\/paulo-guedes-revela-que-estuda-uma-nova-reducao-do-imposto-de-importacao-para-um-grupo-de-12-produtos\/\" style=\"color:blue; text-decoration:underline\"><span style=\"font-size:14.0pt\">Paulo Guedes revela que estuda uma nova redu&ccedil;&atilde;o do imposto de importa&ccedil;&atilde;o para um grupo de 12 produtos<\/span><\/a><\/span><\/span><\/span><\/p>\r\n\r\n<p style=\"text-align:justify\"><span style=\"font-size:11pt\"><span style=\"line-height:normal\"><span style=\"font-family:&quot;Calibri&quot;,sans-serif\"><a href=\"http:\/\/abimovel.com\/exportacoes-brasileiras-de-moveis-e-colchoes-no-1o-bimestre-de-2022-ultrapassam-resultados-do-ano-passado\/?utm_campaign=exportacoes_brasileiras_de_moveis_e_colchoes_no_1_bimestre_de_2022_ultrapassam_resultados_do_ano_passado&amp;utm_medium=email&amp;utm_source=RD+Station\" style=\"color:blue; text-decoration:underline\"><span style=\"font-size:14.0pt\">Exporta&ccedil;&otilde;es brasileiras de m&oacute;veis e colch&otilde;es no 1&ordm; bimestre de 2022 ultrapassam resultados do ano passado<\/span><\/a><\/span><\/span><\/span><\/p>\r\n\r\n<p style=\"text-align:justify\"><span style=\"font-size:11pt\"><span style=\"line-height:normal\"><span style=\"font-family:&quot;Calibri&quot;,sans-serif\"><a href=\"https:\/\/noticias.portaldaindustria.com.br\/noticias\/institucional\/guerra-provoca-debate-sobre-posicao-do-brasil-em-cadeias-estrategicas-de-suprimentos\/\" style=\"color:blue; text-decoration:underline\"><span style=\"font-size:14.0pt\">Guerra provoca debate sobre posi&ccedil;&atilde;o do Brasil em cadeias estrat&eacute;gicas de suprimentos<\/span><\/a><\/span><\/span><\/span><\/p>\r\n\r\n<p class=\"MsoTitle\" style=\"text-align:justify\"><span style=\"font-size:28pt\"><span style=\"font-family:&quot;Cambria&quot;,serif\"><span style=\"letter-spacing:-0.5pt\"><b><span style=\"font-size:18.0pt\"><span style=\"font-family:&quot;Calibri&quot;,sans-serif\"><span style=\"font-variant:small-caps\">Economia<\/span><\/span><\/span><\/b><\/span><\/span><\/span><\/p>\r\n\r\n<p style=\"text-align:justify\"><span style=\"font-size:11pt\"><span style=\"line-height:normal\"><span style=\"font-family:&quot;Calibri&quot;,sans-serif\"><a href=\"https:\/\/www.moveisdevalor.com.br\/portal\/brasil-e-o-2-pais-do-mundo-que-mais-tributa-empresas?source=news\" style=\"color:blue; text-decoration:underline\"><span style=\"font-size:14.0pt\">Brasil &eacute; o 2&ordm; pa&iacute;s do mundo que mais tributa empresas<\/span><\/a><\/span><\/span><\/span><\/p>\r\n\r\n<p style=\"text-align:justify\"><span style=\"font-size:11pt\"><span style=\"line-height:normal\"><span style=\"font-family:&quot;Calibri&quot;,sans-serif\"><a href=\"https:\/\/www.fibre2fashion.com\/news\/textile-news\/china-s-economic-growth-to-slow-to-5-in-2022-adb-279943-newsdetails.htm\" style=\"color:blue; text-decoration:underline\"><span style=\"font-size:14.0pt\">China&#39;s economic growth to slow to 5% in 2022: ADB<\/span><\/a><\/span><\/span><\/span><\/p>\r\n\r\n<p style=\"text-align:justify\"><span style=\"font-size:11pt\"><span style=\"line-height:normal\"><span style=\"font-family:&quot;Calibri&quot;,sans-serif\"><a href=\"https:\/\/www.fibre2fashion.com\/news\/textile-news\/east-asia-and-pacific-economy-recovery-faces-risks-from-ukraine-war-279951-newsdetails.htm\" style=\"color:blue; text-decoration:underline\"><span style=\"font-size:14.0pt\">East Asia and Pacific economy recovery faces risks from Ukraine war<\/span><\/a><\/span><\/span><\/span><\/p>\r\n\r\n<p style=\"text-align:justify\"><span style=\"font-size:11pt\"><span style=\"line-height:normal\"><span style=\"font-family:&quot;Calibri&quot;,sans-serif\"><a href=\"https:\/\/www.cnnbrasil.com.br\/business\/setor-de-servicos-puxa-confianca-do-empresariado-no-pais-diz-fgv\/\" style=\"color:blue; text-decoration:underline\"><span style=\"font-size:14.0pt\">Setor de servi&ccedil;os puxa confian&ccedil;a do empresariado no pa&iacute;s, diz FGV<\/span><\/a><\/span><\/span><\/span><\/p>\r\n","texto_en":"","7":"","imagem":"COMP_banner-padrao-home-destaques-boletim_20220412120116QYWAegkg09.jpg","8":"COMP_banner-padrao-home-destaques-boletim_20220412120116QYWAegkg09.jpg","arquivo":"20220412-NOTICIAS-SEMANAIS.PDF","9":"20220412-NOTICIAS-SEMANAIS.PDF","titulo_arquivo":"","10":"","titulo_arquivo_en":"","11":"","created_at":"2022-04-12 12:01:25","12":"2022-04-12 12:01:25","updated_at":"2022-04-12 12:01:25","13":"2022-04-12 12:01:25"},{"id":11,"0":11,"ordem":212,"1":212,"data":"2022-04-05","2":"2022-04-05","slug":"boletim-de-noticias-semanais-8","3":"boletim-de-noticias-semanais-8","titulo":"Boletim de Not\u00edcias Semanais","4":"Boletim de Not\u00edcias Semanais","titulo_en":"","5":"","texto":"<p style=\"text-align:justify\"><span style=\"font-size:11pt\"><span style=\"line-height:normal\"><span style=\"font-family:&quot;Calibri&quot;,sans-serif\"><span style=\"font-size:14.0pt\">Esta &eacute; uma compila&ccedil;&atilde;o das not&iacute;cias mais relevantes para o setor, incluindo informa&ccedil;&otilde;es sobre acordos internacionais, economia brasileira, sustentabilidade e mat&eacute;rias-primas, al&eacute;m de novidades do setor de N&atilde;otecidos e Tecidos T&eacute;cnicos.<\/span><\/span><\/span><\/span><\/p>\r\n\r\n<p class=\"MsoTitle\" style=\"text-align:justify\"><span style=\"font-size:28pt\"><span style=\"font-family:&quot;Cambria&quot;,serif\"><span style=\"letter-spacing:-0.5pt\"><b><span style=\"font-size:18.0pt\"><span style=\"font-family:&quot;Calibri&quot;,sans-serif\"><span style=\"font-variant:small-caps\">A&ccedil;&otilde;es da ABINT<\/span><\/span><\/span><\/b><\/span><\/span><\/span><\/p>\r\n\r\n<p class=\"MsoTitle\" style=\"text-align:justify\"><img height=\"442\" src=\"https:\/\/www.abint.org.br\/assets\/img\/editor\/live-ctg-instagram-schiavon_20220405144305SNbgn7yKJh.jpeg\" width=\"442\" \/><\/p>\r\n\r\n<p style=\"text-align:justify\"><span style=\"font-size:11pt\"><span style=\"line-height:normal\"><span style=\"font-family:&quot;Calibri&quot;,sans-serif\"><b><span style=\"font-size:14.0pt\">O CTG - Comit&ecirc; T&eacute;cnico de Geossint&eacute;ticos da ABINT &eacute; apoiador da FENSAN 2022<\/span><\/b><\/span><\/span><\/span><\/p>\r\n\r\n<p style=\"text-align:justify\"><span style=\"font-size:11pt\"><span style=\"line-height:normal\"><span style=\"font-family:&quot;Calibri&quot;,sans-serif\"><span style=\"font-size:14.0pt\">A FENASAN 2022 - Feira Nacional de Saneamento e Meio Ambiente ocorrer&aacute; de 13 a 15 de setembro de 2022, no Pavilh&atilde;o Branco do Expo Center Norte, em S&atilde;o Paulo, em paralelo ao 33&ordm; Encontro T&eacute;cnico AESabesp. Informa&ccedil;&otilde;es: <\/span><a href=\"https:\/\/fenasan.com.br\/\" style=\"color:blue; text-decoration:underline\"><span style=\"font-size:14.0pt\">https:\/\/fenasan.com.br\/<\/span><\/a> <\/span><\/span><\/span><\/p>\r\n\r\n<p style=\"text-align:justify\">&nbsp;<\/p>\r\n\r\n<p style=\"text-align:justify\"><span style=\"font-size:11pt\"><span style=\"line-height:normal\"><span style=\"font-family:&quot;Calibri&quot;,sans-serif\"><b><span style=\"font-size:14.0pt\">A ABINT &eacute; apoiadora da ITMA 2023<\/span><\/b><span style=\"font-size:14.0pt\">.<\/span><\/span><\/span><\/span><\/p>\r\n\r\n<p style=\"text-align:justify\"><span style=\"font-size:11pt\"><span style=\"line-height:normal\"><span style=\"font-family:&quot;Calibri&quot;,sans-serif\"><span style=\"font-size:14.0pt\">O Cematex (Comit&ecirc; Europeu de Fabricantes de M&aacute;quinas T&ecirc;xteis) anunciou que esta, que ser&aacute; a 19&ordf; edi&ccedil;&atilde;o da feira internacional da ind&uacute;stria t&ecirc;xtil, ser&aacute; realizada em Mil&atilde;o, na It&aacute;lia, entre os dias 8 e 14 de junho de 2023. Informa&ccedil;&otilde;es: <\/span><a href=\"https:\/\/us10.campaign-archive.com\/?u=bfd40377d82c98d83d82824c4&amp;id=5bd5c4a7a5&amp;e=4d4cd8558e\" style=\"color:blue; text-decoration:underline\"><span style=\"font-size:14.0pt\"><span style=\"color:blue\">clique aqui<\/span><\/span><\/a> <\/span><\/span><\/span><\/p>\r\n\r\n<p class=\"MsoTitle\" style=\"text-align:justify\"><span style=\"font-size:28pt\"><span style=\"font-family:&quot;Cambria&quot;,serif\"><span style=\"letter-spacing:-0.5pt\"><b><span style=\"font-size:18.0pt\"><span style=\"font-family:&quot;Calibri&quot;,sans-serif\"><span style=\"font-variant:small-caps\">Eventos<\/span><\/span><\/span><\/b><\/span><\/span><\/span><\/p>\r\n\r\n<p style=\"text-align:justify\"><span style=\"font-size:11pt\"><span style=\"line-height:normal\"><span style=\"font-family:&quot;Calibri&quot;,sans-serif\"><span class=\"MsoHyperlink\" style=\"color:blue\"><span style=\"text-decoration:underline\"><b><span style=\"font-size:14.0pt\"><span style=\"text-decoration:none\"><span style=\"text-underline:none\">Webinar Abical&ccedil;ados: An&aacute;lise de Cen&aacute;rios<\/span><\/span><\/span><\/b><\/span><\/span><span class=\"MsoHyperlink\" style=\"color:blue\"><span style=\"text-decoration:underline\"><span style=\"font-size:14.0pt\"><span style=\"text-decoration:none\"><span style=\"text-underline:none\">, data 13 de abril. Informa&ccedil;&otilde;es: <\/span><\/span><\/span><\/span><\/span><a href=\"https:\/\/lp.abicalcados.com.br\/analise-de-cenarios-2022-1-edicao?utm_campaign=analise_de_cenarios_2022_-_1_edicao&amp;utm_medium=email&amp;utm_source=RD+Station\" style=\"color:blue; text-decoration:underline\"><span style=\"font-size:14.0pt\">clique aqui<\/span><\/a><\/span><\/span><\/span><\/p>\r\n\r\n<p style=\"text-align:justify\"><span style=\"font-size:11pt\"><span style=\"line-height:normal\"><span style=\"font-family:&quot;Calibri&quot;,sans-serif\"><span class=\"MsoHyperlink\" style=\"color:blue\"><span style=\"text-decoration:underline\"><span style=\"font-size:14.0pt\"><span style=\"text-decoration:none\"><span style=\"text-underline:none\">Curso online ABNT - <b>Etiquetagem de T&ecirc;xteis com &Ecirc;nfase na Norma ABNT NBR NM ISO 3758:2013<\/b>, data 25 e 27 de abril de 2022. Informa&ccedil;&otilde;es: <\/span><\/span><\/span><\/span><\/span><a href=\"https:\/\/abnlink.abnt.org.br\/cl\/PM8R9\/lp\/5bf3\/LCFJkUKAOaB\/BLNq\/GRMn4VkjCJO\/1\/\" style=\"color:blue; text-decoration:underline\"><span style=\"font-size:14.0pt\">clique aqui<\/span><\/a><\/span><\/span><\/span><\/p>\r\n\r\n<p class=\"MsoTitle\" style=\"text-align:justify\"><span style=\"font-size:28pt\"><span style=\"font-family:&quot;Cambria&quot;,serif\"><span style=\"letter-spacing:-0.5pt\"><b><span style=\"font-size:18.0pt\"><span style=\"font-family:&quot;Calibri&quot;,sans-serif\"><span style=\"font-variant:small-caps\">Setor<\/span><\/span><\/span><\/b><\/span><\/span><\/span><\/p>\r\n\r\n<p style=\"text-align:justify\"><span style=\"font-size:11pt\"><span style=\"line-height:normal\"><span style=\"font-family:&quot;Calibri&quot;,sans-serif\"><a href=\"https:\/\/www.quimica.com.br\/textil-pressao-de-custos-atinge-toda-a-cadeia-produtiva\/?utm_campaign=newsletter_quimica_-_marco__2022&amp;utm_medium=email&amp;utm_source=RD+Station\" style=\"color:blue; text-decoration:underline\"><span style=\"font-size:14.0pt\">T&ecirc;xtil &ndash; Press&atilde;o de custos atinge toda a cadeia produtiva<\/span><\/a><\/span><\/span><\/span><\/p>\r\n\r\n<p style=\"text-align:justify\"><span style=\"font-size:11pt\"><span style=\"line-height:normal\"><span style=\"font-family:&quot;Calibri&quot;,sans-serif\"><a href=\"https:\/\/www.nonwovens-industry.com\/live-from-shows\/itma\/2022-03-31\/edana-releases-figures-on-nonwovens-production-and-deliveries-for-2021?utm_source=SilverpopMailing&amp;utm_medium=email&amp;utm_campaign=Live+from+IDEA+2022+%283-31-2022%29+%28Final%29&amp;utm_content=&amp;spMailingID=8108932&amp;spUserID=NzcxNzIyNDQyMzgS1&amp;spJobID=1461135342&amp;spReportId=MTQ2MTEzNTM0MgS2\" style=\"color:blue; text-decoration:underline\"><span style=\"font-size:14.0pt\">EDANA Releases Figures on Nonwovens Production and Deliveries for 2021<\/span><\/a><\/span><\/span><\/span><\/p>\r\n\r\n<p style=\"text-align:justify\"><span style=\"font-size:11pt\"><span style=\"line-height:normal\"><span style=\"font-family:&quot;Calibri&quot;,sans-serif\"><a href=\"https:\/\/www.textiletechnology.net\/fibers\/trendreports\/ita-current-challenges-and-solutions-for-the-recycling-of-mixed-synthetic-textiles-31929?utm_source=%2Fmeta%2Fnewsletter%2Fnewsletter&amp;utm_medium=newsletter&amp;utm_campaign=nl815&amp;utm_term=0801b20e08c3242125d512808cd74302\" style=\"color:blue; text-decoration:underline\"><span style=\"font-size:14.0pt\">Current challenges and solutions for the recycling of (mixed) synthetic textiles<\/span><\/a><\/span><\/span><\/span><\/p>\r\n\r\n<p style=\"text-align:justify\"><span style=\"font-size:11pt\"><span style=\"line-height:normal\"><span style=\"font-family:&quot;Calibri&quot;,sans-serif\"><a href=\"https:\/\/www.textiletechnology.net\/fibers\/news\/itmf-drop-in-consumption-of-raw-materials-31892?utm_source=%2Fmeta%2Fnewsletter%2Fnewsletter&amp;utm_medium=newsletter&amp;utm_campaign=nl812&amp;utm_term=0801b20e08c3242125d512808cd74302\" style=\"color:blue; text-decoration:underline\"><span style=\"font-size:14.0pt\">Drop in consumption of raw materials<\/span><\/a><\/span><\/span><\/span><\/p>\r\n\r\n<p class=\"MsoTitle\" style=\"text-align:justify\"><span style=\"font-size:28pt\"><span style=\"font-family:&quot;Cambria&quot;,serif\"><span style=\"letter-spacing:-0.5pt\"><b><span style=\"font-size:18.0pt\"><span style=\"font-family:&quot;Calibri&quot;,sans-serif\"><span style=\"font-variant:small-caps\">Ind&uacute;stria<\/span><\/span><\/span><\/b><\/span><\/span><\/span><\/p>\r\n\r\n<p style=\"text-align:justify\"><span style=\"font-size:11pt\"><span style=\"line-height:normal\"><span style=\"font-family:&quot;Calibri&quot;,sans-serif\"><a href=\"https:\/\/noticias.portaldaindustria.com.br\/noticias\/institucional\/cni-apresenta-agenda-legislativa-2022-com-reforma-tributaria-como-prioridade\/\" style=\"color:blue; text-decoration:underline\"><span style=\"font-size:14.0pt\">CNI apresenta Agenda Legislativa 2022 com reforma tribut&aacute;ria como prioridade<\/span><\/a><\/span><\/span><\/span><\/p>\r\n\r\n<p style=\"text-align:justify\"><span style=\"font-size:11pt\"><span style=\"line-height:normal\"><span style=\"font-family:&quot;Calibri&quot;,sans-serif\"><a href=\"http:\/\/abimovel.com\/conjuntura-de-moveis-abimovel-apresenta-dados-oficiais-do-desempenho-da-industria-moveleira-no-inicio-de-2022\/?utm_campaign=conjuntura_de_moveis_abimovel_apresenta_dados_oficiais_do_desempenho_da_industria_moveleira_no_inicio_de_2022&amp;utm_medium=email&amp;utm_source=RD+Station\" style=\"color:blue; text-decoration:underline\"><span style=\"font-size:14.0pt\">Conjuntura de M&oacute;veis: ABIM&Oacute;VEL apresenta dados oficiais do desempenho da ind&uacute;stria moveleira no in&iacute;cio de 2022<\/span><\/a><\/span><\/span><\/span><\/p>\r\n\r\n<p style=\"text-align:justify\"><span style=\"font-size:11pt\"><span style=\"line-height:normal\"><span style=\"font-family:&quot;Calibri&quot;,sans-serif\"><a href=\"https:\/\/www.revistamt.com.br\/Noticias\/Exibir\/agricultura-e-construcao-puxam-investimentos-no-pais-desde-2019?utm_source=akna&amp;utm_medium=email&amp;utm_campaign=Revista-M-T-Informativo-570\" style=\"color:blue; text-decoration:underline\"><span style=\"font-size:14.0pt\">Agricultura e constru&ccedil;&atilde;o puxam investimentos no pa&iacute;s desde 2019<\/span><\/a><\/span><\/span><\/span><\/p>\r\n\r\n<p style=\"text-align:justify\"><span style=\"font-size:11pt\"><span style=\"line-height:normal\"><span style=\"font-family:&quot;Calibri&quot;,sans-serif\"><a href=\"https:\/\/www.automotivebusiness.com.br\/pt\/posts\/mercado\/vendas-de-veiculos-encerram-o-trimestre-em-queda-de-28\/\" style=\"color:blue; text-decoration:underline\"><span style=\"font-size:14.0pt\">Vendas de ve&iacute;culos encerram o trimestre em queda de 28%<\/span><\/a><\/span><\/span><\/span><\/p>\r\n\r\n<p class=\"MsoTitle\" style=\"text-align:justify\"><span style=\"font-size:28pt\"><span style=\"font-family:&quot;Cambria&quot;,serif\"><span style=\"letter-spacing:-0.5pt\"><b><span style=\"font-size:18.0pt\"><span style=\"font-family:&quot;Calibri&quot;,sans-serif\"><span style=\"font-variant:small-caps\">Sustentabilidade<\/span><\/span><\/span><\/b><\/span><\/span><\/span><\/p>\r\n\r\n<p style=\"text-align:justify\"><span style=\"font-size:11pt\"><span style=\"line-height:normal\"><span style=\"font-family:&quot;Calibri&quot;,sans-serif\"><a href=\"https:\/\/www.gov.br\/mcti\/pt-br\/acompanhe-o-mcti\/noticias\/2022\/03\/ministerio-institui-rede-de-especialistas-para-rede-oceano-sem-plastico-mcti\" style=\"color:blue; text-decoration:underline\"><span style=\"font-size:14.0pt\">Minist&eacute;rio institui comit&ecirc; de especialistas para Rede Oceano sem Pl&aacute;stico MCTI<\/span><\/a><\/span><\/span><\/span><\/p>\r\n\r\n<p style=\"text-align:justify\"><span style=\"font-size:11pt\"><span style=\"line-height:normal\"><span style=\"font-family:&quot;Calibri&quot;,sans-serif\"><a href=\"https:\/\/www.jornaldocomercio.com\/_conteudo\/economia\/2022\/03\/840079-assintecal-e-sebrae-selecionam-empresas-para-consultoria-em-sustentabilidade.html\" style=\"color:blue; text-decoration:underline\"><span style=\"font-size:14.0pt\">Assintecal e Sebrae selecionam empresas para consultoria em sustentabilidade<\/span><\/a><\/span><\/span><\/span><\/p>\r\n\r\n<p style=\"text-align:justify\"><span style=\"font-size:11pt\"><span style=\"line-height:normal\"><span style=\"font-family:&quot;Calibri&quot;,sans-serif\"><a href=\"https:\/\/www.textiletechnology.net\/technical-textiles\/news\/euratex-position-paper-on-eu-climate-and-energy-policy-31910?utm_source=%2Fmeta%2Fnewsletter%2Fnewsletter&amp;utm_medium=newsletter&amp;utm_campaign=nl814&amp;utm_term=0801b20e08c3242125d512808cd74302\" style=\"color:blue; text-decoration:underline\"><span style=\"font-size:14.0pt\">Position paper on EU climate and energy policy<\/span><\/a><\/span><\/span><\/span><\/p>\r\n\r\n<p style=\"text-align:justify\"><span style=\"font-size:11pt\"><span style=\"line-height:normal\"><span style=\"font-family:&quot;Calibri&quot;,sans-serif\"><a href=\"https:\/\/agenciadenoticias.bndes.gov.br\/detalhe\/noticia\/Em-encontro-com-CEO-da-COP26-Montezano-reafirma-papel-do-Brasil-como-protagonista-de-uma-economia-verde\/\" style=\"color:blue; text-decoration:underline\"><span style=\"font-size:14.0pt\">Em encontro com CEO da COP26, Montezano reafirma papel do Brasil como protagonista de uma economia verde<\/span><\/a><\/span><\/span><\/span><\/p>\r\n\r\n<p style=\"text-align:justify\"><span style=\"font-size:11pt\"><span style=\"line-height:normal\"><span style=\"font-family:&quot;Calibri&quot;,sans-serif\"><a href=\"https:\/\/textileindustry.ning.com\/forum\/topics\/senai-cetiqt-o-potencial-da-bioeconomia-para-fomentar-a-transi-o\" style=\"color:blue; text-decoration:underline\"><span style=\"font-size:14.0pt\">SENAI CETIQT: O potencial da Bioeconomia para fomentar a transi&ccedil;&atilde;o para uma economia de baixo carbono<\/span><\/a><\/span><\/span><\/span><\/p>\r\n\r\n<p style=\"text-align:justify\"><span style=\"font-size:11pt\"><span style=\"line-height:normal\"><span style=\"font-family:&quot;Calibri&quot;,sans-serif\"><a href=\"https:\/\/www.automotivebusiness.com.br\/pt\/posts\/marketing\/agenda-esg-e-experiencias-hibridas-sao-as-principais-tendencias-de-marketing-em-2022\/\" style=\"color:blue; text-decoration:underline\"><span style=\"font-size:14.0pt\">ESG e experi&ecirc;ncias h&iacute;bridas s&atilde;o as principais tend&ecirc;ncias de marketing automotivo<\/span><\/a><\/span><\/span><\/span><\/p>\r\n\r\n<p class=\"MsoTitle\" style=\"text-align:justify\"><span style=\"font-size:28pt\"><span style=\"font-family:&quot;Cambria&quot;,serif\"><span style=\"letter-spacing:-0.5pt\"><b><span style=\"font-size:18.0pt\"><span style=\"font-family:&quot;Calibri&quot;,sans-serif\"><span style=\"font-variant:small-caps\">Inova&ccedil;&atilde;o<\/span><\/span><\/span><\/b><\/span><\/span><\/span><\/p>\r\n\r\n<p style=\"text-align:justify\"><span style=\"font-size:11pt\"><span style=\"line-height:normal\"><span style=\"font-family:&quot;Calibri&quot;,sans-serif\"><a href=\"https:\/\/www.nonwovens-industry.com\/contents\/view_breaking-news\/2022-03-28\/niri-launches-filtration-platform-technology\/\" style=\"color:blue; text-decoration:underline\"><span style=\"font-size:14.0pt\">NIRI Launches Filtration Platform Technology<\/span><\/a><\/span><\/span><\/span><\/p>\r\n\r\n<p style=\"text-align:justify\"><span style=\"font-size:11pt\"><span style=\"line-height:normal\"><span style=\"font-family:&quot;Calibri&quot;,sans-serif\"><a href=\"https:\/\/textileindustry.ning.com\/forum\/topics\/sin-nimo-de-alta-tecnologia-senai-cetiqt-faz-parceria-com-fiocruz\" style=\"color:blue; text-decoration:underline\"><span style=\"font-size:14.0pt\">Sin&ocirc;nimo de alta tecnologia, SENAI CETIQT faz parceria com Fiocruz e Klabin no desenvolvimento de embalagem antiviral<\/span><\/a><\/span><\/span><\/span><\/p>\r\n\r\n<p class=\"MsoTitle\" style=\"text-align:justify\"><span style=\"font-size:28pt\"><span style=\"font-family:&quot;Cambria&quot;,serif\"><span style=\"letter-spacing:-0.5pt\"><b><span style=\"font-size:18.0pt\"><span style=\"font-family:&quot;Calibri&quot;,sans-serif\"><span style=\"font-variant:small-caps\">Com&eacute;rcio Exterior<\/span><\/span><\/span><\/b><\/span><\/span><\/span><\/p>\r\n\r\n<p style=\"text-align:justify\"><span style=\"font-size:11pt\"><span style=\"line-height:normal\"><span style=\"font-family:&quot;Calibri&quot;,sans-serif\"><a href=\"https:\/\/static.portaldaindustria.com.br\/media\/filer_public\/e3\/45\/e345ce8a-9a75-46ad-b709-430f0b751e26\/analise_de_politica_comercial_financiamento_mar22.pdf\" style=\"color:blue; text-decoration:underline\"><span style=\"font-size:14.0pt\">Mudan&ccedil;as no Or&ccedil;amento Geral da Uni&atilde;o reduz financiamento &agrave; exporta&ccedil;&atilde;o<\/span><\/a><\/span><\/span><\/span><\/p>\r\n\r\n<p style=\"text-align:justify\"><span style=\"font-size:11pt\"><span style=\"line-height:normal\"><span style=\"font-family:&quot;Calibri&quot;,sans-serif\"><a href=\"https:\/\/www.comexdobrasil.com\/em-visita-a-franca-paulo-guedes-reafirma-compromissos-do-brasil-para-tornar-se-membro-da-ocde\/\" style=\"color:blue; text-decoration:underline\"><span style=\"font-size:14.0pt\">Em visita &agrave; Fran&ccedil;a, Paulo Guedes reafirma compromissos do Brasil para tornar-se membro da OCDE<\/span><\/a><\/span><\/span><\/span><\/p>\r\n\r\n<p style=\"text-align:justify\"><span style=\"font-size:11pt\"><span style=\"line-height:normal\"><span style=\"font-family:&quot;Calibri&quot;,sans-serif\"><a href=\"https:\/\/agenciabrasil.ebc.com.br\/economia\/noticia\/2022-04\/balanca-comercial-tem-maior-superavit-para-meses-de-marco\" style=\"color:blue; text-decoration:underline\"><span style=\"font-size:14.0pt\">Balan&ccedil;a comercial tem maior super&aacute;vit para meses de mar&ccedil;o<\/span><\/a><\/span><\/span><\/span><\/p>\r\n\r\n<p style=\"text-align:justify\"><span style=\"font-size:11pt\"><span style=\"line-height:normal\"><span style=\"font-family:&quot;Calibri&quot;,sans-serif\"><a href=\"https:\/\/agenciabrasil.ebc.com.br\/economia\/noticia\/2022-04\/ministerio-eleva-para-r-1116-bi-projecao-de-superavit-comercial\" style=\"color:blue; text-decoration:underline\"><span style=\"font-size:14.0pt\">Minist&eacute;rio eleva para R$ 111,6 bi proje&ccedil;&atilde;o de super&aacute;vit comercial<\/span><\/a><\/span><\/span><\/span><\/p>\r\n\r\n<p class=\"MsoTitle\" style=\"text-align:justify\"><span style=\"font-size:28pt\"><span style=\"font-family:&quot;Cambria&quot;,serif\"><span style=\"letter-spacing:-0.5pt\"><b><span style=\"font-size:18.0pt\"><span style=\"font-family:&quot;Calibri&quot;,sans-serif\"><span style=\"font-variant:small-caps\">Economia<\/span><\/span><\/span><\/b><\/span><\/span><\/span><\/p>\r\n\r\n<p style=\"text-align:justify\"><span style=\"font-size:11pt\"><span style=\"line-height:normal\"><span style=\"font-family:&quot;Calibri&quot;,sans-serif\"><a href=\"https:\/\/www.ipea.gov.br\/portal\/index.php?option=com_content&amp;view=article&amp;id=39089&amp;catid=3&amp;Itemid=3\" style=\"color:blue; text-decoration:underline\"><span style=\"font-size:14.0pt\">Ipea projeta recupera&ccedil;&atilde;o da atividade econ&ocirc;mica para fevereiro<\/span><\/a><\/span><\/span><\/span><\/p>\r\n\r\n<p style=\"text-align:justify\"><span style=\"font-size:11pt\"><span style=\"line-height:normal\"><span style=\"font-family:&quot;Calibri&quot;,sans-serif\"><span class=\"MsoHyperlink\" style=\"color:blue\"><span style=\"text-decoration:underline\"><span style=\"font-size:14.0pt\"><a href=\"https:\/\/www.ipea.gov.br\/portal\/index.php?option=com_content&amp;view=article&amp;id=39094&amp;catid=3&amp;Itemid=3\" style=\"color:blue; text-decoration:underline\">Ipea mant&eacute;m previs&atilde;o de 1,1% para crescimento do PIB em 2022<\/a><\/span><\/span><\/span><\/span><\/span><\/span><\/p>\r\n\r\n<p style=\"text-align:justify\"><span style=\"font-size:11pt\"><span style=\"line-height:normal\"><span style=\"font-family:&quot;Calibri&quot;,sans-serif\"><a href=\"https:\/\/agenciadenoticias.ibge.gov.br\/agencia-sala-de-imprensa\/2013-agencia-de-noticias\/releases\/33369-producao-industrial-cresce-0-7-em-fevereiro2\" style=\"color:blue; text-decoration:underline\"><span style=\"font-size:14.0pt\">Produ&ccedil;&atilde;o industrial cresce 0,7% em fevereiro<\/span><\/a><\/span><\/span><\/span><\/p>\r\n\r\n<p style=\"text-align:justify\"><span style=\"font-size:11pt\"><span style=\"line-height:normal\"><span style=\"font-family:&quot;Calibri&quot;,sans-serif\"><a href=\"https:\/\/portalibre.fgv.br\/noticias\/confianca-empresarial-sobe-07-ponto-em-marco-interrompendo-sequencia-de-quedas\" style=\"color:blue; text-decoration:underline\"><span style=\"font-size:14.0pt\">Confian&ccedil;a Empresarial sobe 0,7 ponto em mar&ccedil;o, interrompendo sequ&ecirc;ncia de quedas<\/span><\/a><\/span><\/span><\/span><\/p>\r\n\r\n<p style=\"text-align:justify\"><span style=\"font-size:11pt\"><span style=\"line-height:normal\"><span style=\"font-family:&quot;Calibri&quot;,sans-serif\"><a href=\"https:\/\/portalibre.fgv.br\/sites\/default\/files\/users\/user2174\/apresentacao-sintese-das-sondagens-marco-2022.pdf\" style=\"color:blue; text-decoration:underline\"><span style=\"font-size:14.0pt\">S&iacute;ntese das Sondagens de mar&ccedil;o de 2022<\/span><\/a><\/span><\/span><\/span><\/p>\r\n","6":"<p style=\"text-align:justify\"><span style=\"font-size:11pt\"><span style=\"line-height:normal\"><span style=\"font-family:&quot;Calibri&quot;,sans-serif\"><span style=\"font-size:14.0pt\">Esta &eacute; uma compila&ccedil;&atilde;o das not&iacute;cias mais relevantes para o setor, incluindo informa&ccedil;&otilde;es sobre acordos internacionais, economia brasileira, sustentabilidade e mat&eacute;rias-primas, al&eacute;m de novidades do setor de N&atilde;otecidos e Tecidos T&eacute;cnicos.<\/span><\/span><\/span><\/span><\/p>\r\n\r\n<p class=\"MsoTitle\" style=\"text-align:justify\"><span style=\"font-size:28pt\"><span style=\"font-family:&quot;Cambria&quot;,serif\"><span style=\"letter-spacing:-0.5pt\"><b><span style=\"font-size:18.0pt\"><span style=\"font-family:&quot;Calibri&quot;,sans-serif\"><span style=\"font-variant:small-caps\">A&ccedil;&otilde;es da ABINT<\/span><\/span><\/span><\/b><\/span><\/span><\/span><\/p>\r\n\r\n<p class=\"MsoTitle\" style=\"text-align:justify\"><img height=\"442\" src=\"https:\/\/www.abint.org.br\/assets\/img\/editor\/live-ctg-instagram-schiavon_20220405144305SNbgn7yKJh.jpeg\" width=\"442\" \/><\/p>\r\n\r\n<p style=\"text-align:justify\"><span style=\"font-size:11pt\"><span style=\"line-height:normal\"><span style=\"font-family:&quot;Calibri&quot;,sans-serif\"><b><span style=\"font-size:14.0pt\">O CTG - Comit&ecirc; T&eacute;cnico de Geossint&eacute;ticos da ABINT &eacute; apoiador da FENSAN 2022<\/span><\/b><\/span><\/span><\/span><\/p>\r\n\r\n<p style=\"text-align:justify\"><span style=\"font-size:11pt\"><span style=\"line-height:normal\"><span style=\"font-family:&quot;Calibri&quot;,sans-serif\"><span style=\"font-size:14.0pt\">A FENASAN 2022 - Feira Nacional de Saneamento e Meio Ambiente ocorrer&aacute; de 13 a 15 de setembro de 2022, no Pavilh&atilde;o Branco do Expo Center Norte, em S&atilde;o Paulo, em paralelo ao 33&ordm; Encontro T&eacute;cnico AESabesp. Informa&ccedil;&otilde;es: <\/span><a href=\"https:\/\/fenasan.com.br\/\" style=\"color:blue; text-decoration:underline\"><span style=\"font-size:14.0pt\">https:\/\/fenasan.com.br\/<\/span><\/a> <\/span><\/span><\/span><\/p>\r\n\r\n<p style=\"text-align:justify\">&nbsp;<\/p>\r\n\r\n<p style=\"text-align:justify\"><span style=\"font-size:11pt\"><span style=\"line-height:normal\"><span style=\"font-family:&quot;Calibri&quot;,sans-serif\"><b><span style=\"font-size:14.0pt\">A ABINT &eacute; apoiadora da ITMA 2023<\/span><\/b><span style=\"font-size:14.0pt\">.<\/span><\/span><\/span><\/span><\/p>\r\n\r\n<p style=\"text-align:justify\"><span style=\"font-size:11pt\"><span style=\"line-height:normal\"><span style=\"font-family:&quot;Calibri&quot;,sans-serif\"><span style=\"font-size:14.0pt\">O Cematex (Comit&ecirc; Europeu de Fabricantes de M&aacute;quinas T&ecirc;xteis) anunciou que esta, que ser&aacute; a 19&ordf; edi&ccedil;&atilde;o da feira internacional da ind&uacute;stria t&ecirc;xtil, ser&aacute; realizada em Mil&atilde;o, na It&aacute;lia, entre os dias 8 e 14 de junho de 2023. Informa&ccedil;&otilde;es: <\/span><a href=\"https:\/\/us10.campaign-archive.com\/?u=bfd40377d82c98d83d82824c4&amp;id=5bd5c4a7a5&amp;e=4d4cd8558e\" style=\"color:blue; text-decoration:underline\"><span style=\"font-size:14.0pt\"><span style=\"color:blue\">clique aqui<\/span><\/span><\/a> <\/span><\/span><\/span><\/p>\r\n\r\n<p class=\"MsoTitle\" style=\"text-align:justify\"><span style=\"font-size:28pt\"><span style=\"font-family:&quot;Cambria&quot;,serif\"><span style=\"letter-spacing:-0.5pt\"><b><span style=\"font-size:18.0pt\"><span style=\"font-family:&quot;Calibri&quot;,sans-serif\"><span style=\"font-variant:small-caps\">Eventos<\/span><\/span><\/span><\/b><\/span><\/span><\/span><\/p>\r\n\r\n<p style=\"text-align:justify\"><span style=\"font-size:11pt\"><span style=\"line-height:normal\"><span style=\"font-family:&quot;Calibri&quot;,sans-serif\"><span class=\"MsoHyperlink\" style=\"color:blue\"><span style=\"text-decoration:underline\"><b><span style=\"font-size:14.0pt\"><span style=\"text-decoration:none\"><span style=\"text-underline:none\">Webinar Abical&ccedil;ados: An&aacute;lise de Cen&aacute;rios<\/span><\/span><\/span><\/b><\/span><\/span><span class=\"MsoHyperlink\" style=\"color:blue\"><span style=\"text-decoration:underline\"><span style=\"font-size:14.0pt\"><span style=\"text-decoration:none\"><span style=\"text-underline:none\">, data 13 de abril. Informa&ccedil;&otilde;es: <\/span><\/span><\/span><\/span><\/span><a href=\"https:\/\/lp.abicalcados.com.br\/analise-de-cenarios-2022-1-edicao?utm_campaign=analise_de_cenarios_2022_-_1_edicao&amp;utm_medium=email&amp;utm_source=RD+Station\" style=\"color:blue; text-decoration:underline\"><span style=\"font-size:14.0pt\">clique aqui<\/span><\/a><\/span><\/span><\/span><\/p>\r\n\r\n<p style=\"text-align:justify\"><span style=\"font-size:11pt\"><span style=\"line-height:normal\"><span style=\"font-family:&quot;Calibri&quot;,sans-serif\"><span class=\"MsoHyperlink\" style=\"color:blue\"><span style=\"text-decoration:underline\"><span style=\"font-size:14.0pt\"><span style=\"text-decoration:none\"><span style=\"text-underline:none\">Curso online ABNT - <b>Etiquetagem de T&ecirc;xteis com &Ecirc;nfase na Norma ABNT NBR NM ISO 3758:2013<\/b>, data 25 e 27 de abril de 2022. Informa&ccedil;&otilde;es: <\/span><\/span><\/span><\/span><\/span><a href=\"https:\/\/abnlink.abnt.org.br\/cl\/PM8R9\/lp\/5bf3\/LCFJkUKAOaB\/BLNq\/GRMn4VkjCJO\/1\/\" style=\"color:blue; text-decoration:underline\"><span style=\"font-size:14.0pt\">clique aqui<\/span><\/a><\/span><\/span><\/span><\/p>\r\n\r\n<p class=\"MsoTitle\" style=\"text-align:justify\"><span style=\"font-size:28pt\"><span style=\"font-family:&quot;Cambria&quot;,serif\"><span style=\"letter-spacing:-0.5pt\"><b><span style=\"font-size:18.0pt\"><span style=\"font-family:&quot;Calibri&quot;,sans-serif\"><span style=\"font-variant:small-caps\">Setor<\/span><\/span><\/span><\/b><\/span><\/span><\/span><\/p>\r\n\r\n<p style=\"text-align:justify\"><span style=\"font-size:11pt\"><span style=\"line-height:normal\"><span style=\"font-family:&quot;Calibri&quot;,sans-serif\"><a href=\"https:\/\/www.quimica.com.br\/textil-pressao-de-custos-atinge-toda-a-cadeia-produtiva\/?utm_campaign=newsletter_quimica_-_marco__2022&amp;utm_medium=email&amp;utm_source=RD+Station\" style=\"color:blue; text-decoration:underline\"><span style=\"font-size:14.0pt\">T&ecirc;xtil &ndash; Press&atilde;o de custos atinge toda a cadeia produtiva<\/span><\/a><\/span><\/span><\/span><\/p>\r\n\r\n<p style=\"text-align:justify\"><span style=\"font-size:11pt\"><span style=\"line-height:normal\"><span style=\"font-family:&quot;Calibri&quot;,sans-serif\"><a href=\"https:\/\/www.nonwovens-industry.com\/live-from-shows\/itma\/2022-03-31\/edana-releases-figures-on-nonwovens-production-and-deliveries-for-2021?utm_source=SilverpopMailing&amp;utm_medium=email&amp;utm_campaign=Live+from+IDEA+2022+%283-31-2022%29+%28Final%29&amp;utm_content=&amp;spMailingID=8108932&amp;spUserID=NzcxNzIyNDQyMzgS1&amp;spJobID=1461135342&amp;spReportId=MTQ2MTEzNTM0MgS2\" style=\"color:blue; text-decoration:underline\"><span style=\"font-size:14.0pt\">EDANA Releases Figures on Nonwovens Production and Deliveries for 2021<\/span><\/a><\/span><\/span><\/span><\/p>\r\n\r\n<p style=\"text-align:justify\"><span style=\"font-size:11pt\"><span style=\"line-height:normal\"><span style=\"font-family:&quot;Calibri&quot;,sans-serif\"><a href=\"https:\/\/www.textiletechnology.net\/fibers\/trendreports\/ita-current-challenges-and-solutions-for-the-recycling-of-mixed-synthetic-textiles-31929?utm_source=%2Fmeta%2Fnewsletter%2Fnewsletter&amp;utm_medium=newsletter&amp;utm_campaign=nl815&amp;utm_term=0801b20e08c3242125d512808cd74302\" style=\"color:blue; text-decoration:underline\"><span style=\"font-size:14.0pt\">Current challenges and solutions for the recycling of (mixed) synthetic textiles<\/span><\/a><\/span><\/span><\/span><\/p>\r\n\r\n<p style=\"text-align:justify\"><span style=\"font-size:11pt\"><span style=\"line-height:normal\"><span style=\"font-family:&quot;Calibri&quot;,sans-serif\"><a href=\"https:\/\/www.textiletechnology.net\/fibers\/news\/itmf-drop-in-consumption-of-raw-materials-31892?utm_source=%2Fmeta%2Fnewsletter%2Fnewsletter&amp;utm_medium=newsletter&amp;utm_campaign=nl812&amp;utm_term=0801b20e08c3242125d512808cd74302\" style=\"color:blue; text-decoration:underline\"><span style=\"font-size:14.0pt\">Drop in consumption of raw materials<\/span><\/a><\/span><\/span><\/span><\/p>\r\n\r\n<p class=\"MsoTitle\" style=\"text-align:justify\"><span style=\"font-size:28pt\"><span style=\"font-family:&quot;Cambria&quot;,serif\"><span style=\"letter-spacing:-0.5pt\"><b><span style=\"font-size:18.0pt\"><span style=\"font-family:&quot;Calibri&quot;,sans-serif\"><span style=\"font-variant:small-caps\">Ind&uacute;stria<\/span><\/span><\/span><\/b><\/span><\/span><\/span><\/p>\r\n\r\n<p style=\"text-align:justify\"><span style=\"font-size:11pt\"><span style=\"line-height:normal\"><span style=\"font-family:&quot;Calibri&quot;,sans-serif\"><a href=\"https:\/\/noticias.portaldaindustria.com.br\/noticias\/institucional\/cni-apresenta-agenda-legislativa-2022-com-reforma-tributaria-como-prioridade\/\" style=\"color:blue; text-decoration:underline\"><span style=\"font-size:14.0pt\">CNI apresenta Agenda Legislativa 2022 com reforma tribut&aacute;ria como prioridade<\/span><\/a><\/span><\/span><\/span><\/p>\r\n\r\n<p style=\"text-align:justify\"><span style=\"font-size:11pt\"><span style=\"line-height:normal\"><span style=\"font-family:&quot;Calibri&quot;,sans-serif\"><a href=\"http:\/\/abimovel.com\/conjuntura-de-moveis-abimovel-apresenta-dados-oficiais-do-desempenho-da-industria-moveleira-no-inicio-de-2022\/?utm_campaign=conjuntura_de_moveis_abimovel_apresenta_dados_oficiais_do_desempenho_da_industria_moveleira_no_inicio_de_2022&amp;utm_medium=email&amp;utm_source=RD+Station\" style=\"color:blue; text-decoration:underline\"><span style=\"font-size:14.0pt\">Conjuntura de M&oacute;veis: ABIM&Oacute;VEL apresenta dados oficiais do desempenho da ind&uacute;stria moveleira no in&iacute;cio de 2022<\/span><\/a><\/span><\/span><\/span><\/p>\r\n\r\n<p style=\"text-align:justify\"><span style=\"font-size:11pt\"><span style=\"line-height:normal\"><span style=\"font-family:&quot;Calibri&quot;,sans-serif\"><a href=\"https:\/\/www.revistamt.com.br\/Noticias\/Exibir\/agricultura-e-construcao-puxam-investimentos-no-pais-desde-2019?utm_source=akna&amp;utm_medium=email&amp;utm_campaign=Revista-M-T-Informativo-570\" style=\"color:blue; text-decoration:underline\"><span style=\"font-size:14.0pt\">Agricultura e constru&ccedil;&atilde;o puxam investimentos no pa&iacute;s desde 2019<\/span><\/a><\/span><\/span><\/span><\/p>\r\n\r\n<p style=\"text-align:justify\"><span style=\"font-size:11pt\"><span style=\"line-height:normal\"><span style=\"font-family:&quot;Calibri&quot;,sans-serif\"><a href=\"https:\/\/www.automotivebusiness.com.br\/pt\/posts\/mercado\/vendas-de-veiculos-encerram-o-trimestre-em-queda-de-28\/\" style=\"color:blue; text-decoration:underline\"><span style=\"font-size:14.0pt\">Vendas de ve&iacute;culos encerram o trimestre em queda de 28%<\/span><\/a><\/span><\/span><\/span><\/p>\r\n\r\n<p class=\"MsoTitle\" style=\"text-align:justify\"><span style=\"font-size:28pt\"><span style=\"font-family:&quot;Cambria&quot;,serif\"><span style=\"letter-spacing:-0.5pt\"><b><span style=\"font-size:18.0pt\"><span style=\"font-family:&quot;Calibri&quot;,sans-serif\"><span style=\"font-variant:small-caps\">Sustentabilidade<\/span><\/span><\/span><\/b><\/span><\/span><\/span><\/p>\r\n\r\n<p style=\"text-align:justify\"><span style=\"font-size:11pt\"><span style=\"line-height:normal\"><span style=\"font-family:&quot;Calibri&quot;,sans-serif\"><a href=\"https:\/\/www.gov.br\/mcti\/pt-br\/acompanhe-o-mcti\/noticias\/2022\/03\/ministerio-institui-rede-de-especialistas-para-rede-oceano-sem-plastico-mcti\" style=\"color:blue; text-decoration:underline\"><span style=\"font-size:14.0pt\">Minist&eacute;rio institui comit&ecirc; de especialistas para Rede Oceano sem Pl&aacute;stico MCTI<\/span><\/a><\/span><\/span><\/span><\/p>\r\n\r\n<p style=\"text-align:justify\"><span style=\"font-size:11pt\"><span style=\"line-height:normal\"><span style=\"font-family:&quot;Calibri&quot;,sans-serif\"><a href=\"https:\/\/www.jornaldocomercio.com\/_conteudo\/economia\/2022\/03\/840079-assintecal-e-sebrae-selecionam-empresas-para-consultoria-em-sustentabilidade.html\" style=\"color:blue; text-decoration:underline\"><span style=\"font-size:14.0pt\">Assintecal e Sebrae selecionam empresas para consultoria em sustentabilidade<\/span><\/a><\/span><\/span><\/span><\/p>\r\n\r\n<p style=\"text-align:justify\"><span style=\"font-size:11pt\"><span style=\"line-height:normal\"><span style=\"font-family:&quot;Calibri&quot;,sans-serif\"><a href=\"https:\/\/www.textiletechnology.net\/technical-textiles\/news\/euratex-position-paper-on-eu-climate-and-energy-policy-31910?utm_source=%2Fmeta%2Fnewsletter%2Fnewsletter&amp;utm_medium=newsletter&amp;utm_campaign=nl814&amp;utm_term=0801b20e08c3242125d512808cd74302\" style=\"color:blue; text-decoration:underline\"><span style=\"font-size:14.0pt\">Position paper on EU climate and energy policy<\/span><\/a><\/span><\/span><\/span><\/p>\r\n\r\n<p style=\"text-align:justify\"><span style=\"font-size:11pt\"><span style=\"line-height:normal\"><span style=\"font-family:&quot;Calibri&quot;,sans-serif\"><a href=\"https:\/\/agenciadenoticias.bndes.gov.br\/detalhe\/noticia\/Em-encontro-com-CEO-da-COP26-Montezano-reafirma-papel-do-Brasil-como-protagonista-de-uma-economia-verde\/\" style=\"color:blue; text-decoration:underline\"><span style=\"font-size:14.0pt\">Em encontro com CEO da COP26, Montezano reafirma papel do Brasil como protagonista de uma economia verde<\/span><\/a><\/span><\/span><\/span><\/p>\r\n\r\n<p style=\"text-align:justify\"><span style=\"font-size:11pt\"><span style=\"line-height:normal\"><span style=\"font-family:&quot;Calibri&quot;,sans-serif\"><a href=\"https:\/\/textileindustry.ning.com\/forum\/topics\/senai-cetiqt-o-potencial-da-bioeconomia-para-fomentar-a-transi-o\" style=\"color:blue; text-decoration:underline\"><span style=\"font-size:14.0pt\">SENAI CETIQT: O potencial da Bioeconomia para fomentar a transi&ccedil;&atilde;o para uma economia de baixo carbono<\/span><\/a><\/span><\/span><\/span><\/p>\r\n\r\n<p style=\"text-align:justify\"><span style=\"font-size:11pt\"><span style=\"line-height:normal\"><span style=\"font-family:&quot;Calibri&quot;,sans-serif\"><a href=\"https:\/\/www.automotivebusiness.com.br\/pt\/posts\/marketing\/agenda-esg-e-experiencias-hibridas-sao-as-principais-tendencias-de-marketing-em-2022\/\" style=\"color:blue; text-decoration:underline\"><span style=\"font-size:14.0pt\">ESG e experi&ecirc;ncias h&iacute;bridas s&atilde;o as principais tend&ecirc;ncias de marketing automotivo<\/span><\/a><\/span><\/span><\/span><\/p>\r\n\r\n<p class=\"MsoTitle\" style=\"text-align:justify\"><span style=\"font-size:28pt\"><span style=\"font-family:&quot;Cambria&quot;,serif\"><span style=\"letter-spacing:-0.5pt\"><b><span style=\"font-size:18.0pt\"><span style=\"font-family:&quot;Calibri&quot;,sans-serif\"><span style=\"font-variant:small-caps\">Inova&ccedil;&atilde;o<\/span><\/span><\/span><\/b><\/span><\/span><\/span><\/p>\r\n\r\n<p style=\"text-align:justify\"><span style=\"font-size:11pt\"><span style=\"line-height:normal\"><span style=\"font-family:&quot;Calibri&quot;,sans-serif\"><a href=\"https:\/\/www.nonwovens-industry.com\/contents\/view_breaking-news\/2022-03-28\/niri-launches-filtration-platform-technology\/\" style=\"color:blue; text-decoration:underline\"><span style=\"font-size:14.0pt\">NIRI Launches Filtration Platform Technology<\/span><\/a><\/span><\/span><\/span><\/p>\r\n\r\n<p style=\"text-align:justify\"><span style=\"font-size:11pt\"><span style=\"line-height:normal\"><span style=\"font-family:&quot;Calibri&quot;,sans-serif\"><a href=\"https:\/\/textileindustry.ning.com\/forum\/topics\/sin-nimo-de-alta-tecnologia-senai-cetiqt-faz-parceria-com-fiocruz\" style=\"color:blue; text-decoration:underline\"><span style=\"font-size:14.0pt\">Sin&ocirc;nimo de alta tecnologia, SENAI CETIQT faz parceria com Fiocruz e Klabin no desenvolvimento de embalagem antiviral<\/span><\/a><\/span><\/span><\/span><\/p>\r\n\r\n<p class=\"MsoTitle\" style=\"text-align:justify\"><span style=\"font-size:28pt\"><span style=\"font-family:&quot;Cambria&quot;,serif\"><span style=\"letter-spacing:-0.5pt\"><b><span style=\"font-size:18.0pt\"><span style=\"font-family:&quot;Calibri&quot;,sans-serif\"><span style=\"font-variant:small-caps\">Com&eacute;rcio Exterior<\/span><\/span><\/span><\/b><\/span><\/span><\/span><\/p>\r\n\r\n<p style=\"text-align:justify\"><span style=\"font-size:11pt\"><span style=\"line-height:normal\"><span style=\"font-family:&quot;Calibri&quot;,sans-serif\"><a href=\"https:\/\/static.portaldaindustria.com.br\/media\/filer_public\/e3\/45\/e345ce8a-9a75-46ad-b709-430f0b751e26\/analise_de_politica_comercial_financiamento_mar22.pdf\" style=\"color:blue; text-decoration:underline\"><span style=\"font-size:14.0pt\">Mudan&ccedil;as no Or&ccedil;amento Geral da Uni&atilde;o reduz financiamento &agrave; exporta&ccedil;&atilde;o<\/span><\/a><\/span><\/span><\/span><\/p>\r\n\r\n<p style=\"text-align:justify\"><span style=\"font-size:11pt\"><span style=\"line-height:normal\"><span style=\"font-family:&quot;Calibri&quot;,sans-serif\"><a href=\"https:\/\/www.comexdobrasil.com\/em-visita-a-franca-paulo-guedes-reafirma-compromissos-do-brasil-para-tornar-se-membro-da-ocde\/\" style=\"color:blue; text-decoration:underline\"><span style=\"font-size:14.0pt\">Em visita &agrave; Fran&ccedil;a, Paulo Guedes reafirma compromissos do Brasil para tornar-se membro da OCDE<\/span><\/a><\/span><\/span><\/span><\/p>\r\n\r\n<p style=\"text-align:justify\"><span style=\"font-size:11pt\"><span style=\"line-height:normal\"><span style=\"font-family:&quot;Calibri&quot;,sans-serif\"><a href=\"https:\/\/agenciabrasil.ebc.com.br\/economia\/noticia\/2022-04\/balanca-comercial-tem-maior-superavit-para-meses-de-marco\" style=\"color:blue; text-decoration:underline\"><span style=\"font-size:14.0pt\">Balan&ccedil;a comercial tem maior super&aacute;vit para meses de mar&ccedil;o<\/span><\/a><\/span><\/span><\/span><\/p>\r\n\r\n<p style=\"text-align:justify\"><span style=\"font-size:11pt\"><span style=\"line-height:normal\"><span style=\"font-family:&quot;Calibri&quot;,sans-serif\"><a href=\"https:\/\/agenciabrasil.ebc.com.br\/economia\/noticia\/2022-04\/ministerio-eleva-para-r-1116-bi-projecao-de-superavit-comercial\" style=\"color:blue; text-decoration:underline\"><span style=\"font-size:14.0pt\">Minist&eacute;rio eleva para R$ 111,6 bi proje&ccedil;&atilde;o de super&aacute;vit comercial<\/span><\/a><\/span><\/span><\/span><\/p>\r\n\r\n<p class=\"MsoTitle\" style=\"text-align:justify\"><span style=\"font-size:28pt\"><span style=\"font-family:&quot;Cambria&quot;,serif\"><span style=\"letter-spacing:-0.5pt\"><b><span style=\"font-size:18.0pt\"><span style=\"font-family:&quot;Calibri&quot;,sans-serif\"><span style=\"font-variant:small-caps\">Economia<\/span><\/span><\/span><\/b><\/span><\/span><\/span><\/p>\r\n\r\n<p style=\"text-align:justify\"><span style=\"font-size:11pt\"><span style=\"line-height:normal\"><span style=\"font-family:&quot;Calibri&quot;,sans-serif\"><a href=\"https:\/\/www.ipea.gov.br\/portal\/index.php?option=com_content&amp;view=article&amp;id=39089&amp;catid=3&amp;Itemid=3\" style=\"color:blue; text-decoration:underline\"><span style=\"font-size:14.0pt\">Ipea projeta recupera&ccedil;&atilde;o da atividade econ&ocirc;mica para fevereiro<\/span><\/a><\/span><\/span><\/span><\/p>\r\n\r\n<p style=\"text-align:justify\"><span style=\"font-size:11pt\"><span style=\"line-height:normal\"><span style=\"font-family:&quot;Calibri&quot;,sans-serif\"><span class=\"MsoHyperlink\" style=\"color:blue\"><span style=\"text-decoration:underline\"><span style=\"font-size:14.0pt\"><a href=\"https:\/\/www.ipea.gov.br\/portal\/index.php?option=com_content&amp;view=article&amp;id=39094&amp;catid=3&amp;Itemid=3\" style=\"color:blue; text-decoration:underline\">Ipea mant&eacute;m previs&atilde;o de 1,1% para crescimento do PIB em 2022<\/a><\/span><\/span><\/span><\/span><\/span><\/span><\/p>\r\n\r\n<p style=\"text-align:justify\"><span style=\"font-size:11pt\"><span style=\"line-height:normal\"><span style=\"font-family:&quot;Calibri&quot;,sans-serif\"><a href=\"https:\/\/agenciadenoticias.ibge.gov.br\/agencia-sala-de-imprensa\/2013-agencia-de-noticias\/releases\/33369-producao-industrial-cresce-0-7-em-fevereiro2\" style=\"color:blue; text-decoration:underline\"><span style=\"font-size:14.0pt\">Produ&ccedil;&atilde;o industrial cresce 0,7% em fevereiro<\/span><\/a><\/span><\/span><\/span><\/p>\r\n\r\n<p style=\"text-align:justify\"><span style=\"font-size:11pt\"><span style=\"line-height:normal\"><span style=\"font-family:&quot;Calibri&quot;,sans-serif\"><a href=\"https:\/\/portalibre.fgv.br\/noticias\/confianca-empresarial-sobe-07-ponto-em-marco-interrompendo-sequencia-de-quedas\" style=\"color:blue; text-decoration:underline\"><span style=\"font-size:14.0pt\">Confian&ccedil;a Empresarial sobe 0,7 ponto em mar&ccedil;o, interrompendo sequ&ecirc;ncia de quedas<\/span><\/a><\/span><\/span><\/span><\/p>\r\n\r\n<p style=\"text-align:justify\"><span style=\"font-size:11pt\"><span style=\"line-height:normal\"><span style=\"font-family:&quot;Calibri&quot;,sans-serif\"><a href=\"https:\/\/portalibre.fgv.br\/sites\/default\/files\/users\/user2174\/apresentacao-sintese-das-sondagens-marco-2022.pdf\" style=\"color:blue; text-decoration:underline\"><span style=\"font-size:14.0pt\">S&iacute;ntese das Sondagens de mar&ccedil;o de 2022<\/span><\/a><\/span><\/span><\/span><\/p>\r\n","texto_en":"","7":"","imagem":"COMP_banner-padrao-home-destaques-boletim_20220405144559m5Qgb44l9d.jpg","8":"COMP_banner-padrao-home-destaques-boletim_20220405144559m5Qgb44l9d.jpg","arquivo":"20220405-NOTICIAS-SEMANAIS.PDF","9":"20220405-NOTICIAS-SEMANAIS.PDF","titulo_arquivo":"","10":"","titulo_arquivo_en":"","11":"","created_at":"2022-04-05 14:46:08","12":"2022-04-05 14:46:08","updated_at":"2022-04-05 14:46:08","13":"2022-04-05 14:46:08"},{"id":10,"0":10,"ordem":213,"1":213,"data":"2022-03-29","2":"2022-03-29","slug":"boletim-de-noticias-semanais-7","3":"boletim-de-noticias-semanais-7","titulo":"Boletim de Not\u00edcias Semanais","4":"Boletim de Not\u00edcias Semanais","titulo_en":"","5":"","texto":"<p style=\"text-align:justify\"><span style=\"font-size:11pt\"><span style=\"line-height:normal\"><span style=\"font-family:&quot;Calibri&quot;,sans-serif\"><span style=\"font-size:14.0pt\">Esta &eacute; uma compila&ccedil;&atilde;o das not&iacute;cias mais relevantes para o setor, incluindo informa&ccedil;&otilde;es sobre acordos internacionais, economia brasileira, sustentabilidade e mat&eacute;rias-primas, al&eacute;m de novidades do setor de N&atilde;otecidos e Tecidos T&eacute;cnicos.<\/span><\/span><\/span><\/span><\/p>\r\n\r\n<p class=\"MsoTitle\" style=\"text-align:justify\"><span style=\"font-size:28pt\"><span style=\"font-family:&quot;Cambria&quot;,serif\"><span style=\"letter-spacing:-0.5pt\"><b><span style=\"font-size:18.0pt\"><span style=\"font-family:&quot;Calibri&quot;,sans-serif\"><span style=\"font-variant:small-caps\">A&ccedil;&otilde;es da ABINT<\/span><\/span><\/span><\/b><\/span><\/span><\/span><\/p>\r\n\r\n<p style=\"margin-bottom:13px\"><img height=\"457\" src=\"https:\/\/www.abint.org.br\/assets\/img\/editor\/live-abms-29-03-2022_2022032912521101B52LNAru.jpeg\" width=\"457\" \/><img height=\"456\" src=\"https:\/\/www.abint.org.br\/assets\/img\/editor\/live-ctg-instagram-schiavon_2022032912530009quHfLI8G.jpeg\" width=\"456\" \/><\/p>\r\n\r\n<p style=\"text-align:justify\"><span style=\"font-size:11pt\"><span style=\"line-height:normal\"><span style=\"font-family:&quot;Calibri&quot;,sans-serif\"><b><span style=\"font-size:14.0pt\">O CTG - Comit&ecirc; T&eacute;cnico de Geossint&eacute;ticos da ABINT &eacute; apoiador da FENSAN 2022<\/span><\/b><\/span><\/span><\/span><\/p>\r\n\r\n<p style=\"text-align:justify\"><span style=\"font-size:11pt\"><span style=\"line-height:normal\"><span style=\"font-family:&quot;Calibri&quot;,sans-serif\"><span style=\"font-size:14.0pt\">A FENASAN 2022 - Feira Nacional de Saneamento e Meio Ambiente ocorrer&aacute; de 13 a 15 de setembro de 2022, no Pavilh&atilde;o Branco do Expo Center Norte, em S&atilde;o Paulo, em paralelo ao 33&ordm; Encontro T&eacute;cnico AESabesp. Informa&ccedil;&otilde;es: <\/span><a href=\"https:\/\/fenasan.com.br\/\" style=\"color:blue; text-decoration:underline\"><span style=\"font-size:14.0pt\">https:\/\/fenasan.com.br\/<\/span><\/a> <\/span><\/span><\/span><\/p>\r\n\r\n<p style=\"text-align:justify\">&nbsp;<\/p>\r\n\r\n<p style=\"text-align:justify\"><span style=\"font-size:11pt\"><span style=\"line-height:normal\"><span style=\"font-family:&quot;Calibri&quot;,sans-serif\"><b><span style=\"font-size:14.0pt\">A ABINT &eacute; apoiadora da ITMA 2023<\/span><\/b><span style=\"font-size:14.0pt\">.<\/span><\/span><\/span><\/span><\/p>\r\n\r\n<p style=\"text-align:justify\"><span style=\"font-size:11pt\"><span style=\"line-height:normal\"><span style=\"font-family:&quot;Calibri&quot;,sans-serif\"><span style=\"font-size:14.0pt\">O Cematex (Comit&ecirc; Europeu de Fabricantes de M&aacute;quinas T&ecirc;xteis) anunciou que esta, que ser&aacute; a 19&ordf; edi&ccedil;&atilde;o da feira internacional da ind&uacute;stria t&ecirc;xtil, ser&aacute; realizada em Mil&atilde;o, na It&aacute;lia, entre os dias 8 e 14 de junho de 2023. Informa&ccedil;&otilde;es: <\/span><a href=\"https:\/\/us10.campaign-archive.com\/?u=bfd40377d82c98d83d82824c4&amp;id=5bd5c4a7a5&amp;e=4d4cd8558e\" style=\"color:blue; text-decoration:underline\"><span style=\"font-size:14.0pt\"><span style=\"color:blue\">clique aqui<\/span><\/span><\/a> <\/span><\/span><\/span><\/p>\r\n\r\n<p class=\"MsoTitle\" style=\"text-align:justify\"><span style=\"font-size:28pt\"><span style=\"font-family:&quot;Cambria&quot;,serif\"><span style=\"letter-spacing:-0.5pt\"><b><span style=\"font-size:18.0pt\"><span style=\"font-family:&quot;Calibri&quot;,sans-serif\"><span style=\"font-variant:small-caps\">Eventos<\/span><\/span><\/span><\/b><\/span><\/span><\/span><\/p>\r\n\r\n<h3>Curso online ABNT - <strong>Etiquetagem de T&ecirc;xteis com &Ecirc;nfase na Norma ABNT NBR NM ISO 3758:2013<\/strong>, data 25 e 27 de abril de 2022. Informa&ccedil;&otilde;es: <span style=\"font-size:11.0pt\"><span style=\"line-height:115%\"><span style=\"font-family:&quot;Calibri&quot;,sans-serif\"><a href=\"https:\/\/abnlink.abnt.org.br\/cl\/PM8R9\/lp\/5bf3\/LCFJkUKAOaB\/BLNq\/GRMn4VkjCJO\/1\/\" style=\"color:blue; text-decoration:underline\"><span style=\"font-size:14.0pt\"><span style=\"line-height:115%\">clique aqui<\/span><\/span><\/a><\/span><\/span><\/span><\/h3>\r\n\r\n<p class=\"MsoTitle\" style=\"text-align:justify\"><span style=\"font-size:28pt\"><span style=\"font-family:&quot;Cambria&quot;,serif\"><span style=\"letter-spacing:-0.5pt\"><b><span style=\"font-size:18.0pt\"><span style=\"font-family:&quot;Calibri&quot;,sans-serif\"><span style=\"font-variant:small-caps\">Setor<\/span><\/span><\/span><\/b><\/span><\/span><\/span><\/p>\r\n\r\n<p style=\"text-align:justify\"><span style=\"font-size:11pt\"><span style=\"line-height:normal\"><span style=\"font-family:&quot;Calibri&quot;,sans-serif\"><a href=\"https:\/\/www.assintecal.org.br\/noticias\/4058\/exportacoes-de-componentes-para-calcados-crescem-37-no-bimestre\" style=\"color:blue; text-decoration:underline\"><span style=\"font-size:14.0pt\">Exporta&ccedil;&otilde;es de componentes para cal&ccedil;ados crescem 37% no bimestre<\/span><\/a><\/span><\/span><\/span><\/p>\r\n\r\n<p style=\"text-align:justify\"><span style=\"font-size:11pt\"><span style=\"line-height:normal\"><span style=\"font-family:&quot;Calibri&quot;,sans-serif\"><a href=\"https:\/\/plasticosemrevista.com.br\/braskem-volumes-comedidos-das-resinas-no-brasil-em-2021\/\" style=\"color:blue; text-decoration:underline\"><span style=\"font-size:14.0pt\">Braskem: volumes comedidos das resinas no Brasil em 2021<\/span><\/a><\/span><\/span><\/span><\/p>\r\n\r\n<p style=\"text-align:justify\"><span style=\"font-size:11pt\"><span style=\"line-height:normal\"><span style=\"font-family:&quot;Calibri&quot;,sans-serif\"><a href=\"http:\/\/textileindustry.ning.com\/forum\/topics\/selic-juro-elevado-em-meio-a-incertezas-n-o-o-melhor-rem-dio\" style=\"color:blue; text-decoration:underline\"><span style=\"font-size:14.0pt\">Selic: Juro elevado em meio a incertezas n&atilde;o &eacute; o melhor rem&eacute;dio contra infla&ccedil;&atilde;o de oferta, diz Abit<\/span><\/a><\/span><\/span><\/span><\/p>\r\n\r\n<p style=\"text-align:justify\"><span style=\"font-size:11pt\"><span style=\"line-height:normal\"><span style=\"font-family:&quot;Calibri&quot;,sans-serif\"><a href=\"http:\/\/textileindustry.ning.com\/forum\/topics\/setor-t-xtil-mostra-bons-resultados-em-contrata-es-e-faturamento\" style=\"color:blue; text-decoration:underline\"><span style=\"font-size:14.0pt\">Setor t&ecirc;xtil mostra bons resultados em contrata&ccedil;&otilde;es e faturamento em 2021<\/span><\/a><\/span><\/span><\/span><\/p>\r\n\r\n<p style=\"text-align:justify\"><span style=\"font-size:11pt\"><span style=\"line-height:normal\"><span style=\"font-family:&quot;Calibri&quot;,sans-serif\"><a href=\"https:\/\/diariodocomercio.com.br\/negocios\/fabricas-ja-reduzem-producao-de-mascaras\/\" style=\"color:blue; text-decoration:underline\"><span style=\"font-size:14.0pt\">F&aacute;bricas j&aacute; reduzem produ&ccedil;&atilde;o de m&aacute;scaras<\/span><\/a><\/span><\/span><\/span><\/p>\r\n\r\n<p class=\"MsoTitle\" style=\"text-align:justify\"><span style=\"font-size:28pt\"><span style=\"font-family:&quot;Cambria&quot;,serif\"><span style=\"letter-spacing:-0.5pt\"><b><span style=\"font-size:18.0pt\"><span style=\"font-family:&quot;Calibri&quot;,sans-serif\"><span style=\"font-variant:small-caps\">Ind&uacute;stria<\/span><\/span><\/span><\/b><\/span><\/span><\/span><\/p>\r\n\r\n<p style=\"text-align:justify\"><span style=\"font-size:11pt\"><span style=\"line-height:normal\"><span style=\"font-family:&quot;Calibri&quot;,sans-serif\"><a href=\"https:\/\/noticias.portaldaindustria.com.br\/noticias\/economia\/indice-confianca-empresario-marco\/\" style=\"color:blue; text-decoration:underline\"><span style=\"font-size:14.0pt\">22 setores da ind&uacute;stria ficaram menos confiantes em mar&ccedil;o, diz CNI<\/span><\/a><\/span><\/span><\/span><\/p>\r\n\r\n<p style=\"text-align:justify\"><span style=\"font-size:11pt\"><span style=\"line-height:normal\"><span style=\"font-family:&quot;Calibri&quot;,sans-serif\"><a href=\"https:\/\/noticias.portaldaindustria.com.br\/noticias\/economia\/construcao-tem-desempenho-favoravel-em-fevereiro-mas-expectativas-recuam\/\" style=\"color:blue; text-decoration:underline\"><span style=\"font-size:14.0pt\">Constru&ccedil;&atilde;o tem desempenho favor&aacute;vel em fevereiro, mas expectativas recuam<\/span><\/a><\/span><\/span><\/span><\/p>\r\n\r\n<p style=\"text-align:justify\"><span style=\"font-size:11pt\"><span style=\"line-height:normal\"><span style=\"font-family:&quot;Calibri&quot;,sans-serif\"><a href=\"https:\/\/www.automotivebusiness.com.br\/pt\/posts\/ind%C3%BAstria\/de-olho-em-brasilia-montadoras-preparam-lista-de-pedidos-setoriais\/\" style=\"color:blue; text-decoration:underline\"><span style=\"font-size:14.0pt\">De olho em Bras&iacute;lia, montadoras preparam lista de pedidos setoriais<\/span><\/a><\/span><\/span><\/span><\/p>\r\n\r\n<p class=\"MsoTitle\" style=\"text-align:justify\"><span style=\"font-size:28pt\"><span style=\"font-family:&quot;Cambria&quot;,serif\"><span style=\"letter-spacing:-0.5pt\"><b><span style=\"font-size:18.0pt\"><span style=\"font-family:&quot;Calibri&quot;,sans-serif\"><span style=\"font-variant:small-caps\">Sustentabilidade<\/span><\/span><\/span><\/b><\/span><\/span><\/span><\/p>\r\n\r\n<p style=\"text-align:justify\"><span style=\"font-size:11pt\"><span style=\"line-height:normal\"><span style=\"font-family:&quot;Calibri&quot;,sans-serif\"><a href=\"https:\/\/www.abicalcados.com.br\/noticia\/certificacao-de-sustentabilidade-e-destaque-no-forum-internacional-do-calcado\" style=\"color:blue; text-decoration:underline\"><span style=\"font-size:14.0pt\">Certifica&ccedil;&atilde;o de sustentabilidade &eacute; destaque no F&oacute;rum Internacional do Cal&ccedil;ado<\/span><\/a><\/span><\/span><\/span><\/p>\r\n\r\n<p style=\"text-align:justify\"><span style=\"font-size:11pt\"><span style=\"line-height:normal\"><span style=\"font-family:&quot;Calibri&quot;,sans-serif\"><a href=\"http:\/\/textileindustry.ning.com\/forum\/topics\/fibras-sustent-veis-a-partir-de-res-duos-agr-colas\" style=\"color:blue; text-decoration:underline\"><span style=\"font-size:14.0pt\">Fibras sustent&aacute;veis a partir de res&iacute;duos agr&iacute;colas<\/span><\/a><\/span><\/span><\/span><\/p>\r\n\r\n<p style=\"text-align:justify\"><span style=\"font-size:11pt\"><span style=\"line-height:normal\"><span style=\"font-family:&quot;Calibri&quot;,sans-serif\"><a href=\"https:\/\/www.tempo.com\/noticias\/actualidade\/encontrado-pela-primeira-vez-microplastico-no-sague-humano-medicina-saude.html\" style=\"color:blue; text-decoration:underline\"><span style=\"font-size:14.0pt\">Encontrado pela primeira vez micropl&aacute;stico no sangue humano<\/span><\/a><\/span><\/span><\/span><\/p>\r\n\r\n<p class=\"MsoTitle\" style=\"text-align:justify\"><span style=\"font-size:28pt\"><span style=\"font-family:&quot;Cambria&quot;,serif\"><span style=\"letter-spacing:-0.5pt\"><b><span style=\"font-size:18.0pt\"><span style=\"font-family:&quot;Calibri&quot;,sans-serif\"><span style=\"font-variant:small-caps\">Inova&ccedil;&atilde;o<\/span><\/span><\/span><\/b><\/span><\/span><\/span><\/p>\r\n\r\n<p style=\"text-align:justify\"><span style=\"font-size:11pt\"><span style=\"line-height:normal\"><span style=\"font-family:&quot;Calibri&quot;,sans-serif\"><a href=\"https:\/\/www.braskem.com.br\/detalhe-noticia\/braskem-e-sojitz-corporation-se-unem-para-trazer-ao-mercado-tecnologia-de-meg-renovavel\" style=\"color:blue; text-decoration:underline\"><span style=\"font-size:14.0pt\">Braskem e Sojitz Corporation se unem para trazer ao mercado tecnologia de MEG renov&aacute;vel<\/span><\/a><\/span><\/span><\/span><\/p>\r\n\r\n<p style=\"text-align:justify\"><span style=\"font-size:11pt\"><span style=\"line-height:normal\"><span style=\"font-family:&quot;Calibri&quot;,sans-serif\"><a href=\"https:\/\/www.textiletechnology.net\/technical-textiles\/news\/mit-a-fabric-can-hear-31887?utm_source=%2Fmeta%2Fnewsletter%2Fnewsletter&amp;utm_medium=newsletter&amp;utm_campaign=nl810&amp;utm_term=0801b20e08c3242125d512808cd74302\" style=\"color:blue; text-decoration:underline\"><span style=\"font-size:14.0pt\">A fabric can hear<\/span><\/a><\/span><\/span><\/span><\/p>\r\n\r\n<p style=\"text-align:justify\"><span style=\"font-size:11pt\"><span style=\"line-height:normal\"><span style=\"font-family:&quot;Calibri&quot;,sans-serif\"><a href=\"https:\/\/www.innovationintextiles.com\/fibres-yarns-fabrics\/neorec-targets-difficult-waste\/\" style=\"color:blue; text-decoration:underline\"><span style=\"font-size:14.0pt\">Neorec targets difficult waste<\/span><\/a><\/span><\/span><\/span><\/p>\r\n\r\n<p class=\"MsoTitle\" style=\"text-align:justify\"><span style=\"font-size:28pt\"><span style=\"font-family:&quot;Cambria&quot;,serif\"><span style=\"letter-spacing:-0.5pt\"><b><span style=\"font-size:18.0pt\"><span style=\"font-family:&quot;Calibri&quot;,sans-serif\"><span style=\"font-variant:small-caps\">Com&eacute;rcio Exterior<\/span><\/span><\/span><\/b><\/span><\/span><\/span><\/p>\r\n\r\n<p style=\"text-align:justify\"><span style=\"font-size:11pt\"><span style=\"line-height:normal\"><span style=\"font-family:&quot;Calibri&quot;,sans-serif\"><a href=\"https:\/\/www.grandesconstrucoes.com.br\/Noticias\/Exibir\/novos-casos-de-covid-na-china-podem-agravar-crise-no-transporte-maritimo?utm_source=akna&amp;utm_medium=email&amp;utm_campaign=Grandes-Construcoes-News-804-24-03-2022\" style=\"color:blue; text-decoration:underline\"><span style=\"font-size:14.0pt\">Novos casos de Covid na China podem agravar crise no transporte mar&iacute;timo<\/span><\/a><\/span><\/span><\/span><\/p>\r\n\r\n<p style=\"text-align:justify\"><span style=\"font-size:11pt\"><span style=\"line-height:normal\"><span style=\"font-family:&quot;Calibri&quot;,sans-serif\"><a href=\"https:\/\/www.ipea.gov.br\/portal\/index.php?option=com_content&amp;view=article&amp;id=39054&amp;catid=6&amp;Itemid=4\" style=\"color:blue; text-decoration:underline\"><span style=\"font-size:14.0pt\">Publica&ccedil;&atilde;o analisa cen&aacute;rio internacional e pol&iacute;tica de inser&ccedil;&atilde;o do Brasil na economia global<\/span><\/a><\/span><\/span><\/span><\/p>\r\n\r\n<p style=\"text-align:justify\"><span style=\"font-size:11pt\"><span style=\"line-height:normal\"><span style=\"font-family:&quot;Calibri&quot;,sans-serif\"><a href=\"https:\/\/www.comexdobrasil.com\/unctad-avalia-impacto-dos-enormes-custos-da-guerra-na-ucrania-sobre-o-comercio-internacional-e-o-desenvolvimento\/\" style=\"color:blue; text-decoration:underline\"><span style=\"font-size:14.0pt\">UNCTAD avalia impacto dos &ldquo;enormes custos&rdquo; da guerra na Ucr&acirc;nia sobre o com&eacute;rcio internacional e o desenvolvimento<\/span><\/a><\/span><\/span><\/span><\/p>\r\n\r\n<p style=\"text-align:justify\"><span style=\"font-size:11pt\"><span style=\"line-height:normal\"><span style=\"font-family:&quot;Calibri&quot;,sans-serif\"><a href=\"https:\/\/www.comexdobrasil.com\/internacionalizacao-aumentar-e-diversificar-parceiros-comerciais-sao-desafios-para-economia-nacional-e-estadual-diz-cni\/\" style=\"color:blue; text-decoration:underline\"><span style=\"font-size:14.0pt\">Internacionaliza&ccedil;&atilde;o: aumentar e diversificar parceiros comerciais s&atilde;o desafios para a economia nacional e estadual, diz CNI<\/span><\/a><\/span><\/span><\/span><\/p>\r\n\r\n<p class=\"MsoTitle\" style=\"text-align:justify\"><span style=\"font-size:28pt\"><span style=\"font-family:&quot;Cambria&quot;,serif\"><span style=\"letter-spacing:-0.5pt\"><b><span style=\"font-size:18.0pt\"><span style=\"font-family:&quot;Calibri&quot;,sans-serif\"><span style=\"font-variant:small-caps\">Economia<\/span><\/span><\/span><\/b><\/span><\/span><\/span><\/p>\r\n\r\n<p style=\"text-align:justify\"><span style=\"font-size:11pt\"><span style=\"line-height:normal\"><span style=\"font-family:&quot;Calibri&quot;,sans-serif\"><a href=\"https:\/\/www.bcb.gov.br\/content\/focus\/focus\/R20220325.pdf\" style=\"color:blue; text-decoration:underline\"><span style=\"font-size:14.0pt\">Boletim Focus<\/span><\/a><\/span><\/span><\/span><\/p>\r\n\r\n<p style=\"text-align:justify\"><span style=\"font-size:11pt\"><span style=\"line-height:normal\"><span style=\"font-family:&quot;Calibri&quot;,sans-serif\"><a href=\"https:\/\/www.ipea.gov.br\/portal\/index.php?option=com_content&amp;view=article&amp;id=39062&amp;catid=3&amp;Itemid=3\" style=\"color:blue; text-decoration:underline\"><span style=\"font-size:14.0pt\">Indicador Ipea de Consumo Aparente de Bens Industriais registra recuo de 2,3% em janeiro<\/span><\/a><\/span><\/span><\/span><\/p>\r\n\r\n<p style=\"text-align:justify\"><span style=\"font-size:11pt\"><span style=\"line-height:normal\"><span style=\"font-family:&quot;Calibri&quot;,sans-serif\"><a href=\"https:\/\/sindusconsp.com.br\/reducao-de-ipi-chegara-a-33-afirma-guedes\/\" style=\"color:blue; text-decoration:underline\"><span style=\"font-size:14.0pt\">Redu&ccedil;&atilde;o de IPI chegar&aacute; a 33%, afirma Guedes<\/span><\/a><\/span><\/span><\/span><\/p>\r\n\r\n<p><span style=\"font-size:11.0pt\"><span style=\"line-height:115%\"><span style=\"font-family:&quot;Calibri&quot;,sans-serif\"><a href=\"http:\/\/textileindustry.ning.com\/forum\/topics\/varejo-registra-crescimento-ap-s-seis-meses-mas-situa-o-ainda\" style=\"color:blue; text-decoration:underline\"><span style=\"font-size:14.0pt\"><span style=\"line-height:115%\">Varejo registra crescimento ap&oacute;s seis meses, mas situa&ccedil;&atilde;o ainda preocupa<\/span><\/span><\/a><\/span><\/span><\/span><\/p>\r\n","6":"<p style=\"text-align:justify\"><span style=\"font-size:11pt\"><span style=\"line-height:normal\"><span style=\"font-family:&quot;Calibri&quot;,sans-serif\"><span style=\"font-size:14.0pt\">Esta &eacute; uma compila&ccedil;&atilde;o das not&iacute;cias mais relevantes para o setor, incluindo informa&ccedil;&otilde;es sobre acordos internacionais, economia brasileira, sustentabilidade e mat&eacute;rias-primas, al&eacute;m de novidades do setor de N&atilde;otecidos e Tecidos T&eacute;cnicos.<\/span><\/span><\/span><\/span><\/p>\r\n\r\n<p class=\"MsoTitle\" style=\"text-align:justify\"><span style=\"font-size:28pt\"><span style=\"font-family:&quot;Cambria&quot;,serif\"><span style=\"letter-spacing:-0.5pt\"><b><span style=\"font-size:18.0pt\"><span style=\"font-family:&quot;Calibri&quot;,sans-serif\"><span style=\"font-variant:small-caps\">A&ccedil;&otilde;es da ABINT<\/span><\/span><\/span><\/b><\/span><\/span><\/span><\/p>\r\n\r\n<p style=\"margin-bottom:13px\"><img height=\"457\" src=\"https:\/\/www.abint.org.br\/assets\/img\/editor\/live-abms-29-03-2022_2022032912521101B52LNAru.jpeg\" width=\"457\" \/><img height=\"456\" src=\"https:\/\/www.abint.org.br\/assets\/img\/editor\/live-ctg-instagram-schiavon_2022032912530009quHfLI8G.jpeg\" width=\"456\" \/><\/p>\r\n\r\n<p style=\"text-align:justify\"><span style=\"font-size:11pt\"><span style=\"line-height:normal\"><span style=\"font-family:&quot;Calibri&quot;,sans-serif\"><b><span style=\"font-size:14.0pt\">O CTG - Comit&ecirc; T&eacute;cnico de Geossint&eacute;ticos da ABINT &eacute; apoiador da FENSAN 2022<\/span><\/b><\/span><\/span><\/span><\/p>\r\n\r\n<p style=\"text-align:justify\"><span style=\"font-size:11pt\"><span style=\"line-height:normal\"><span style=\"font-family:&quot;Calibri&quot;,sans-serif\"><span style=\"font-size:14.0pt\">A FENASAN 2022 - Feira Nacional de Saneamento e Meio Ambiente ocorrer&aacute; de 13 a 15 de setembro de 2022, no Pavilh&atilde;o Branco do Expo Center Norte, em S&atilde;o Paulo, em paralelo ao 33&ordm; Encontro T&eacute;cnico AESabesp. Informa&ccedil;&otilde;es: <\/span><a href=\"https:\/\/fenasan.com.br\/\" style=\"color:blue; text-decoration:underline\"><span style=\"font-size:14.0pt\">https:\/\/fenasan.com.br\/<\/span><\/a> <\/span><\/span><\/span><\/p>\r\n\r\n<p style=\"text-align:justify\">&nbsp;<\/p>\r\n\r\n<p style=\"text-align:justify\"><span style=\"font-size:11pt\"><span style=\"line-height:normal\"><span style=\"font-family:&quot;Calibri&quot;,sans-serif\"><b><span style=\"font-size:14.0pt\">A ABINT &eacute; apoiadora da ITMA 2023<\/span><\/b><span style=\"font-size:14.0pt\">.<\/span><\/span><\/span><\/span><\/p>\r\n\r\n<p style=\"text-align:justify\"><span style=\"font-size:11pt\"><span style=\"line-height:normal\"><span style=\"font-family:&quot;Calibri&quot;,sans-serif\"><span style=\"font-size:14.0pt\">O Cematex (Comit&ecirc; Europeu de Fabricantes de M&aacute;quinas T&ecirc;xteis) anunciou que esta, que ser&aacute; a 19&ordf; edi&ccedil;&atilde;o da feira internacional da ind&uacute;stria t&ecirc;xtil, ser&aacute; realizada em Mil&atilde;o, na It&aacute;lia, entre os dias 8 e 14 de junho de 2023. Informa&ccedil;&otilde;es: <\/span><a href=\"https:\/\/us10.campaign-archive.com\/?u=bfd40377d82c98d83d82824c4&amp;id=5bd5c4a7a5&amp;e=4d4cd8558e\" style=\"color:blue; text-decoration:underline\"><span style=\"font-size:14.0pt\"><span style=\"color:blue\">clique aqui<\/span><\/span><\/a> <\/span><\/span><\/span><\/p>\r\n\r\n<p class=\"MsoTitle\" style=\"text-align:justify\"><span style=\"font-size:28pt\"><span style=\"font-family:&quot;Cambria&quot;,serif\"><span style=\"letter-spacing:-0.5pt\"><b><span style=\"font-size:18.0pt\"><span style=\"font-family:&quot;Calibri&quot;,sans-serif\"><span style=\"font-variant:small-caps\">Eventos<\/span><\/span><\/span><\/b><\/span><\/span><\/span><\/p>\r\n\r\n<h3>Curso online ABNT - <strong>Etiquetagem de T&ecirc;xteis com &Ecirc;nfase na Norma ABNT NBR NM ISO 3758:2013<\/strong>, data 25 e 27 de abril de 2022. Informa&ccedil;&otilde;es: <span style=\"font-size:11.0pt\"><span style=\"line-height:115%\"><span style=\"font-family:&quot;Calibri&quot;,sans-serif\"><a href=\"https:\/\/abnlink.abnt.org.br\/cl\/PM8R9\/lp\/5bf3\/LCFJkUKAOaB\/BLNq\/GRMn4VkjCJO\/1\/\" style=\"color:blue; text-decoration:underline\"><span style=\"font-size:14.0pt\"><span style=\"line-height:115%\">clique aqui<\/span><\/span><\/a><\/span><\/span><\/span><\/h3>\r\n\r\n<p class=\"MsoTitle\" style=\"text-align:justify\"><span style=\"font-size:28pt\"><span style=\"font-family:&quot;Cambria&quot;,serif\"><span style=\"letter-spacing:-0.5pt\"><b><span style=\"font-size:18.0pt\"><span style=\"font-family:&quot;Calibri&quot;,sans-serif\"><span style=\"font-variant:small-caps\">Setor<\/span><\/span><\/span><\/b><\/span><\/span><\/span><\/p>\r\n\r\n<p style=\"text-align:justify\"><span style=\"font-size:11pt\"><span style=\"line-height:normal\"><span style=\"font-family:&quot;Calibri&quot;,sans-serif\"><a href=\"https:\/\/www.assintecal.org.br\/noticias\/4058\/exportacoes-de-componentes-para-calcados-crescem-37-no-bimestre\" style=\"color:blue; text-decoration:underline\"><span style=\"font-size:14.0pt\">Exporta&ccedil;&otilde;es de componentes para cal&ccedil;ados crescem 37% no bimestre<\/span><\/a><\/span><\/span><\/span><\/p>\r\n\r\n<p style=\"text-align:justify\"><span style=\"font-size:11pt\"><span style=\"line-height:normal\"><span style=\"font-family:&quot;Calibri&quot;,sans-serif\"><a href=\"https:\/\/plasticosemrevista.com.br\/braskem-volumes-comedidos-das-resinas-no-brasil-em-2021\/\" style=\"color:blue; text-decoration:underline\"><span style=\"font-size:14.0pt\">Braskem: volumes comedidos das resinas no Brasil em 2021<\/span><\/a><\/span><\/span><\/span><\/p>\r\n\r\n<p style=\"text-align:justify\"><span style=\"font-size:11pt\"><span style=\"line-height:normal\"><span style=\"font-family:&quot;Calibri&quot;,sans-serif\"><a href=\"http:\/\/textileindustry.ning.com\/forum\/topics\/selic-juro-elevado-em-meio-a-incertezas-n-o-o-melhor-rem-dio\" style=\"color:blue; text-decoration:underline\"><span style=\"font-size:14.0pt\">Selic: Juro elevado em meio a incertezas n&atilde;o &eacute; o melhor rem&eacute;dio contra infla&ccedil;&atilde;o de oferta, diz Abit<\/span><\/a><\/span><\/span><\/span><\/p>\r\n\r\n<p style=\"text-align:justify\"><span style=\"font-size:11pt\"><span style=\"line-height:normal\"><span style=\"font-family:&quot;Calibri&quot;,sans-serif\"><a href=\"http:\/\/textileindustry.ning.com\/forum\/topics\/setor-t-xtil-mostra-bons-resultados-em-contrata-es-e-faturamento\" style=\"color:blue; text-decoration:underline\"><span style=\"font-size:14.0pt\">Setor t&ecirc;xtil mostra bons resultados em contrata&ccedil;&otilde;es e faturamento em 2021<\/span><\/a><\/span><\/span><\/span><\/p>\r\n\r\n<p style=\"text-align:justify\"><span style=\"font-size:11pt\"><span style=\"line-height:normal\"><span style=\"font-family:&quot;Calibri&quot;,sans-serif\"><a href=\"https:\/\/diariodocomercio.com.br\/negocios\/fabricas-ja-reduzem-producao-de-mascaras\/\" style=\"color:blue; text-decoration:underline\"><span style=\"font-size:14.0pt\">F&aacute;bricas j&aacute; reduzem produ&ccedil;&atilde;o de m&aacute;scaras<\/span><\/a><\/span><\/span><\/span><\/p>\r\n\r\n<p class=\"MsoTitle\" style=\"text-align:justify\"><span style=\"font-size:28pt\"><span style=\"font-family:&quot;Cambria&quot;,serif\"><span style=\"letter-spacing:-0.5pt\"><b><span style=\"font-size:18.0pt\"><span style=\"font-family:&quot;Calibri&quot;,sans-serif\"><span style=\"font-variant:small-caps\">Ind&uacute;stria<\/span><\/span><\/span><\/b><\/span><\/span><\/span><\/p>\r\n\r\n<p style=\"text-align:justify\"><span style=\"font-size:11pt\"><span style=\"line-height:normal\"><span style=\"font-family:&quot;Calibri&quot;,sans-serif\"><a href=\"https:\/\/noticias.portaldaindustria.com.br\/noticias\/economia\/indice-confianca-empresario-marco\/\" style=\"color:blue; text-decoration:underline\"><span style=\"font-size:14.0pt\">22 setores da ind&uacute;stria ficaram menos confiantes em mar&ccedil;o, diz CNI<\/span><\/a><\/span><\/span><\/span><\/p>\r\n\r\n<p style=\"text-align:justify\"><span style=\"font-size:11pt\"><span style=\"line-height:normal\"><span style=\"font-family:&quot;Calibri&quot;,sans-serif\"><a href=\"https:\/\/noticias.portaldaindustria.com.br\/noticias\/economia\/construcao-tem-desempenho-favoravel-em-fevereiro-mas-expectativas-recuam\/\" style=\"color:blue; text-decoration:underline\"><span style=\"font-size:14.0pt\">Constru&ccedil;&atilde;o tem desempenho favor&aacute;vel em fevereiro, mas expectativas recuam<\/span><\/a><\/span><\/span><\/span><\/p>\r\n\r\n<p style=\"text-align:justify\"><span style=\"font-size:11pt\"><span style=\"line-height:normal\"><span style=\"font-family:&quot;Calibri&quot;,sans-serif\"><a href=\"https:\/\/www.automotivebusiness.com.br\/pt\/posts\/ind%C3%BAstria\/de-olho-em-brasilia-montadoras-preparam-lista-de-pedidos-setoriais\/\" style=\"color:blue; text-decoration:underline\"><span style=\"font-size:14.0pt\">De olho em Bras&iacute;lia, montadoras preparam lista de pedidos setoriais<\/span><\/a><\/span><\/span><\/span><\/p>\r\n\r\n<p class=\"MsoTitle\" style=\"text-align:justify\"><span style=\"font-size:28pt\"><span style=\"font-family:&quot;Cambria&quot;,serif\"><span style=\"letter-spacing:-0.5pt\"><b><span style=\"font-size:18.0pt\"><span style=\"font-family:&quot;Calibri&quot;,sans-serif\"><span style=\"font-variant:small-caps\">Sustentabilidade<\/span><\/span><\/span><\/b><\/span><\/span><\/span><\/p>\r\n\r\n<p style=\"text-align:justify\"><span style=\"font-size:11pt\"><span style=\"line-height:normal\"><span style=\"font-family:&quot;Calibri&quot;,sans-serif\"><a href=\"https:\/\/www.abicalcados.com.br\/noticia\/certificacao-de-sustentabilidade-e-destaque-no-forum-internacional-do-calcado\" style=\"color:blue; text-decoration:underline\"><span style=\"font-size:14.0pt\">Certifica&ccedil;&atilde;o de sustentabilidade &eacute; destaque no F&oacute;rum Internacional do Cal&ccedil;ado<\/span><\/a><\/span><\/span><\/span><\/p>\r\n\r\n<p style=\"text-align:justify\"><span style=\"font-size:11pt\"><span style=\"line-height:normal\"><span style=\"font-family:&quot;Calibri&quot;,sans-serif\"><a href=\"http:\/\/textileindustry.ning.com\/forum\/topics\/fibras-sustent-veis-a-partir-de-res-duos-agr-colas\" style=\"color:blue; text-decoration:underline\"><span style=\"font-size:14.0pt\">Fibras sustent&aacute;veis a partir de res&iacute;duos agr&iacute;colas<\/span><\/a><\/span><\/span><\/span><\/p>\r\n\r\n<p style=\"text-align:justify\"><span style=\"font-size:11pt\"><span style=\"line-height:normal\"><span style=\"font-family:&quot;Calibri&quot;,sans-serif\"><a href=\"https:\/\/www.tempo.com\/noticias\/actualidade\/encontrado-pela-primeira-vez-microplastico-no-sague-humano-medicina-saude.html\" style=\"color:blue; text-decoration:underline\"><span style=\"font-size:14.0pt\">Encontrado pela primeira vez micropl&aacute;stico no sangue humano<\/span><\/a><\/span><\/span><\/span><\/p>\r\n\r\n<p class=\"MsoTitle\" style=\"text-align:justify\"><span style=\"font-size:28pt\"><span style=\"font-family:&quot;Cambria&quot;,serif\"><span style=\"letter-spacing:-0.5pt\"><b><span style=\"font-size:18.0pt\"><span style=\"font-family:&quot;Calibri&quot;,sans-serif\"><span style=\"font-variant:small-caps\">Inova&ccedil;&atilde;o<\/span><\/span><\/span><\/b><\/span><\/span><\/span><\/p>\r\n\r\n<p style=\"text-align:justify\"><span style=\"font-size:11pt\"><span style=\"line-height:normal\"><span style=\"font-family:&quot;Calibri&quot;,sans-serif\"><a href=\"https:\/\/www.braskem.com.br\/detalhe-noticia\/braskem-e-sojitz-corporation-se-unem-para-trazer-ao-mercado-tecnologia-de-meg-renovavel\" style=\"color:blue; text-decoration:underline\"><span style=\"font-size:14.0pt\">Braskem e Sojitz Corporation se unem para trazer ao mercado tecnologia de MEG renov&aacute;vel<\/span><\/a><\/span><\/span><\/span><\/p>\r\n\r\n<p style=\"text-align:justify\"><span style=\"font-size:11pt\"><span style=\"line-height:normal\"><span style=\"font-family:&quot;Calibri&quot;,sans-serif\"><a href=\"https:\/\/www.textiletechnology.net\/technical-textiles\/news\/mit-a-fabric-can-hear-31887?utm_source=%2Fmeta%2Fnewsletter%2Fnewsletter&amp;utm_medium=newsletter&amp;utm_campaign=nl810&amp;utm_term=0801b20e08c3242125d512808cd74302\" style=\"color:blue; text-decoration:underline\"><span style=\"font-size:14.0pt\">A fabric can hear<\/span><\/a><\/span><\/span><\/span><\/p>\r\n\r\n<p style=\"text-align:justify\"><span style=\"font-size:11pt\"><span style=\"line-height:normal\"><span style=\"font-family:&quot;Calibri&quot;,sans-serif\"><a href=\"https:\/\/www.innovationintextiles.com\/fibres-yarns-fabrics\/neorec-targets-difficult-waste\/\" style=\"color:blue; text-decoration:underline\"><span style=\"font-size:14.0pt\">Neorec targets difficult waste<\/span><\/a><\/span><\/span><\/span><\/p>\r\n\r\n<p class=\"MsoTitle\" style=\"text-align:justify\"><span style=\"font-size:28pt\"><span style=\"font-family:&quot;Cambria&quot;,serif\"><span style=\"letter-spacing:-0.5pt\"><b><span style=\"font-size:18.0pt\"><span style=\"font-family:&quot;Calibri&quot;,sans-serif\"><span style=\"font-variant:small-caps\">Com&eacute;rcio Exterior<\/span><\/span><\/span><\/b><\/span><\/span><\/span><\/p>\r\n\r\n<p style=\"text-align:justify\"><span style=\"font-size:11pt\"><span style=\"line-height:normal\"><span style=\"font-family:&quot;Calibri&quot;,sans-serif\"><a href=\"https:\/\/www.grandesconstrucoes.com.br\/Noticias\/Exibir\/novos-casos-de-covid-na-china-podem-agravar-crise-no-transporte-maritimo?utm_source=akna&amp;utm_medium=email&amp;utm_campaign=Grandes-Construcoes-News-804-24-03-2022\" style=\"color:blue; text-decoration:underline\"><span style=\"font-size:14.0pt\">Novos casos de Covid na China podem agravar crise no transporte mar&iacute;timo<\/span><\/a><\/span><\/span><\/span><\/p>\r\n\r\n<p style=\"text-align:justify\"><span style=\"font-size:11pt\"><span style=\"line-height:normal\"><span style=\"font-family:&quot;Calibri&quot;,sans-serif\"><a href=\"https:\/\/www.ipea.gov.br\/portal\/index.php?option=com_content&amp;view=article&amp;id=39054&amp;catid=6&amp;Itemid=4\" style=\"color:blue; text-decoration:underline\"><span style=\"font-size:14.0pt\">Publica&ccedil;&atilde;o analisa cen&aacute;rio internacional e pol&iacute;tica de inser&ccedil;&atilde;o do Brasil na economia global<\/span><\/a><\/span><\/span><\/span><\/p>\r\n\r\n<p style=\"text-align:justify\"><span style=\"font-size:11pt\"><span style=\"line-height:normal\"><span style=\"font-family:&quot;Calibri&quot;,sans-serif\"><a href=\"https:\/\/www.comexdobrasil.com\/unctad-avalia-impacto-dos-enormes-custos-da-guerra-na-ucrania-sobre-o-comercio-internacional-e-o-desenvolvimento\/\" style=\"color:blue; text-decoration:underline\"><span style=\"font-size:14.0pt\">UNCTAD avalia impacto dos &ldquo;enormes custos&rdquo; da guerra na Ucr&acirc;nia sobre o com&eacute;rcio internacional e o desenvolvimento<\/span><\/a><\/span><\/span><\/span><\/p>\r\n\r\n<p style=\"text-align:justify\"><span style=\"font-size:11pt\"><span style=\"line-height:normal\"><span style=\"font-family:&quot;Calibri&quot;,sans-serif\"><a href=\"https:\/\/www.comexdobrasil.com\/internacionalizacao-aumentar-e-diversificar-parceiros-comerciais-sao-desafios-para-economia-nacional-e-estadual-diz-cni\/\" style=\"color:blue; text-decoration:underline\"><span style=\"font-size:14.0pt\">Internacionaliza&ccedil;&atilde;o: aumentar e diversificar parceiros comerciais s&atilde;o desafios para a economia nacional e estadual, diz CNI<\/span><\/a><\/span><\/span><\/span><\/p>\r\n\r\n<p class=\"MsoTitle\" style=\"text-align:justify\"><span style=\"font-size:28pt\"><span style=\"font-family:&quot;Cambria&quot;,serif\"><span style=\"letter-spacing:-0.5pt\"><b><span style=\"font-size:18.0pt\"><span style=\"font-family:&quot;Calibri&quot;,sans-serif\"><span style=\"font-variant:small-caps\">Economia<\/span><\/span><\/span><\/b><\/span><\/span><\/span><\/p>\r\n\r\n<p style=\"text-align:justify\"><span style=\"font-size:11pt\"><span style=\"line-height:normal\"><span style=\"font-family:&quot;Calibri&quot;,sans-serif\"><a href=\"https:\/\/www.bcb.gov.br\/content\/focus\/focus\/R20220325.pdf\" style=\"color:blue; text-decoration:underline\"><span style=\"font-size:14.0pt\">Boletim Focus<\/span><\/a><\/span><\/span><\/span><\/p>\r\n\r\n<p style=\"text-align:justify\"><span style=\"font-size:11pt\"><span style=\"line-height:normal\"><span style=\"font-family:&quot;Calibri&quot;,sans-serif\"><a href=\"https:\/\/www.ipea.gov.br\/portal\/index.php?option=com_content&amp;view=article&amp;id=39062&amp;catid=3&amp;Itemid=3\" style=\"color:blue; text-decoration:underline\"><span style=\"font-size:14.0pt\">Indicador Ipea de Consumo Aparente de Bens Industriais registra recuo de 2,3% em janeiro<\/span><\/a><\/span><\/span><\/span><\/p>\r\n\r\n<p style=\"text-align:justify\"><span style=\"font-size:11pt\"><span style=\"line-height:normal\"><span style=\"font-family:&quot;Calibri&quot;,sans-serif\"><a href=\"https:\/\/sindusconsp.com.br\/reducao-de-ipi-chegara-a-33-afirma-guedes\/\" style=\"color:blue; text-decoration:underline\"><span style=\"font-size:14.0pt\">Redu&ccedil;&atilde;o de IPI chegar&aacute; a 33%, afirma Guedes<\/span><\/a><\/span><\/span><\/span><\/p>\r\n\r\n<p><span style=\"font-size:11.0pt\"><span style=\"line-height:115%\"><span style=\"font-family:&quot;Calibri&quot;,sans-serif\"><a href=\"http:\/\/textileindustry.ning.com\/forum\/topics\/varejo-registra-crescimento-ap-s-seis-meses-mas-situa-o-ainda\" style=\"color:blue; text-decoration:underline\"><span style=\"font-size:14.0pt\"><span style=\"line-height:115%\">Varejo registra crescimento ap&oacute;s seis meses, mas situa&ccedil;&atilde;o ainda preocupa<\/span><\/span><\/a><\/span><\/span><\/span><\/p>\r\n","texto_en":"","7":"","imagem":"COMP_banner-padrao-home-destaques-boletim_20220329130112E9wHwhnrZy.jpg","8":"COMP_banner-padrao-home-destaques-boletim_20220329130112E9wHwhnrZy.jpg","arquivo":"20220329-NOTICIAS-SEMANAIS.PDF","9":"20220329-NOTICIAS-SEMANAIS.PDF","titulo_arquivo":"","10":"","titulo_arquivo_en":"","11":"","created_at":"2022-03-29 13:01:21","12":"2022-03-29 13:01:21","updated_at":"2022-03-29 13:01:21","13":"2022-03-29 13:01:21"},{"id":9,"0":9,"ordem":214,"1":214,"data":"2022-03-22","2":"2022-03-22","slug":"boletim-de-noticias-semanais-5","3":"boletim-de-noticias-semanais-5","titulo":"Boletim de Not\u00edcias Semanais","4":"Boletim de Not\u00edcias Semanais","titulo_en":"","5":"","texto":"<p style=\"text-align:justify\"><span style=\"font-size:11pt\"><span style=\"line-height:normal\"><span calibri=\"\" style=\"font-family:\"><span style=\"font-size:14.0pt\">Esta &eacute; uma compila&ccedil;&atilde;o das not&iacute;cias mais relevantes para o setor, incluindo informa&ccedil;&otilde;es sobre acordos internacionais, economia brasileira, sustentabilidade e mat&eacute;rias-primas, al&eacute;m de novidades do setor de N&atilde;otecidos e Tecidos T&eacute;cnicos.<\/span><\/span><\/span><\/span><\/p>\r\n\r\n<p class=\"MsoTitle\" style=\"text-align:justify\"><span style=\"font-size:28pt\"><span cambria=\"\" style=\"font-family:\"><span style=\"letter-spacing:-0.5pt\"><b><span style=\"font-size:18.0pt\"><span calibri=\"\" style=\"font-family:\"><span style=\"font-variant:small-caps\">A&ccedil;&otilde;es da ABINT<\/span><\/span><\/span><\/b><\/span><\/span><\/span><\/p>\r\n\r\n<p style=\"text-align:justify\"><span style=\"font-size:11pt\"><span style=\"line-height:normal\"><span calibri=\"\" style=\"font-family:\"><b><span style=\"font-size:14.0pt\">O CTG - Comit&ecirc; T&eacute;cnico de Geossint&eacute;ticos da ABINT &eacute; apoiador da FENSAN 2022<\/span><\/b><\/span><\/span><\/span><\/p>\r\n\r\n<p style=\"text-align:justify\"><span style=\"font-size:11pt\"><span style=\"line-height:normal\"><span calibri=\"\" style=\"font-family:\"><span style=\"font-size:14.0pt\">A FENASAN 2022 - Feira Nacional de Saneamento e Meio Ambiente ocorrer&aacute; de 13 a 15 de setembro de 2022, no Pavilh&atilde;o Branco do Expo Center Norte, em S&atilde;o Paulo, em paralelo ao 33&ordm; Encontro T&eacute;cnico AESabesp. Informa&ccedil;&otilde;es: <\/span><a href=\"https:\/\/fenasan.com.br\/\" style=\"color:blue; text-decoration:underline\"><span style=\"font-size:14.0pt\">https:\/\/fenasan.com.br\/<\/span><\/a> <\/span><\/span><\/span><\/p>\r\n\r\n<p style=\"text-align:justify\"><span style=\"font-size:11pt\"><span style=\"line-height:normal\"><span calibri=\"\" style=\"font-family:\"><b><span style=\"font-size:14.0pt\">A ABINT &eacute; apoiadora da ITMA 2023<\/span><\/b><span style=\"font-size:14.0pt\">.<\/span><\/span><\/span><\/span><\/p>\r\n\r\n<p style=\"text-align:justify\"><span style=\"font-size:11pt\"><span style=\"line-height:normal\"><span calibri=\"\" style=\"font-family:\"><span style=\"font-size:14.0pt\">O Cematex (Comit&ecirc; Europeu de Fabricantes de M&aacute;quinas T&ecirc;xteis) anunciou que esta, que ser&aacute; a 19&ordf; edi&ccedil;&atilde;o da feira internacional da ind&uacute;stria t&ecirc;xtil, ser&aacute; realizada em Mil&atilde;o, na It&aacute;lia, entre os dias 8 e 14 de junho de 2023. Informa&ccedil;&otilde;es: <\/span><a href=\"https:\/\/us10.campaign-archive.com\/?u=bfd40377d82c98d83d82824c4&amp;id=5bd5c4a7a5&amp;e=4d4cd8558e\" style=\"color:blue; text-decoration:underline\"><span style=\"font-size:14.0pt\"><span style=\"color:blue\">clique aqui<\/span><\/span><\/a> <\/span><\/span><\/span><\/p>\r\n\r\n<p class=\"MsoTitle\" style=\"text-align:justify\"><span style=\"font-size:28pt\"><span cambria=\"\" style=\"font-family:\"><span style=\"letter-spacing:-0.5pt\"><b><span style=\"font-size:18.0pt\"><span calibri=\"\" style=\"font-family:\"><span style=\"font-variant:small-caps\">Eventos<\/span><\/span><\/span><\/b><\/span><\/span><\/span><\/p>\r\n\r\n<p style=\"text-align:justify\"><span style=\"font-size:11pt\"><span style=\"line-height:normal\"><span calibri=\"\" style=\"font-family:\"><span class=\"MsoHyperlink\" style=\"color:blue\"><span style=\"text-decoration:underline\"><b><span style=\"font-size:14.0pt\"><span style=\"text-decoration:none\"><span style=\"text-underline:none\">Ciclo de Semin&aacute;rios TCU|FIESP- Desafios da Economia Brasileira &ndash; Regras Fiscais: Tend&ecirc;ncias e Aprendizados Internacionais<\/span><\/span><\/span><\/b><\/span><\/span><span class=\"MsoHyperlink\" style=\"color:blue\"><span style=\"text-decoration:underline\"><span style=\"font-size:14.0pt\"><span style=\"text-decoration:none\"><span style=\"text-underline:none\">, data 23 de mar&ccedil;o. Informa&ccedil;&otilde;es: <\/span><\/span><\/span><\/span><\/span><a href=\"https:\/\/www.fiesp.com.br\/agenda\/ciclo-de-seminarios-tcu-fiesp-desafios-da-economia-brasileira-regras-fiscais-tendencias-e-aprendizados-internacionais\/?utm_source=akna&amp;utm_medium=email&amp;utm_campaign=DEPECON-Publico-Geral-Desafios-da-Economia-Brasileira-Regras-Fiscais-Tendencias-e-Aprendizados-Internacionais\" style=\"color:blue; text-decoration:underline\"><span style=\"font-size:14.0pt\">clique aqui<\/span><\/a><\/span><\/span><\/span><\/p>\r\n\r\n<p style=\"text-align:justify\"><span style=\"font-size:11pt\"><span style=\"line-height:normal\"><span calibri=\"\" style=\"font-family:\"><span class=\"MsoHyperlink\" style=\"color:blue\"><span style=\"text-decoration:underline\"><b><span style=\"font-size:14.0pt\"><span style=\"text-decoration:none\"><span style=\"text-underline:none\">Brasscom TecF&oacute;rum 2022, <\/span><\/span><\/span><\/b><\/span><\/span><span class=\"MsoHyperlink\" style=\"color:blue\"><span style=\"text-decoration:underline\"><span style=\"font-size:14.0pt\"><span style=\"text-decoration:none\"><span style=\"text-underline:none\">data 23 e 24 de mar&ccedil;o. Informa&ccedil;&otilde;es: <\/span><\/span><\/span><\/span><\/span><a href=\"https:\/\/app.rdstation.email\/mail\/84bfeb33-3147-4362-85f6-1881747be3c1?utm_campaign=brasscom&amp;utm_medium=email&amp;utm_source=RD+Station\" style=\"color:blue; text-decoration:underline\"><span style=\"font-size:14.0pt\">clique aqui<\/span><\/a><\/span><\/span><\/span><\/p>\r\n\r\n<p style=\"text-align:justify\"><span style=\"font-size:11pt\"><span style=\"line-height:normal\"><span calibri=\"\" style=\"font-family:\"><span class=\"MsoHyperlink\" style=\"color:blue\"><span style=\"text-decoration:underline\"><span style=\"font-size:14.0pt\"><span style=\"text-decoration:none\"><span style=\"text-underline:none\">Curso online ABNT - <b>Etiquetagem de T&ecirc;xteis com &Ecirc;nfase na Norma ABNT NBR NM ISO 3758:2013<\/b>, data 25 e 27 de abril de 2022. Informa&ccedil;&otilde;es: <\/span><\/span><\/span><\/span><\/span><a href=\"https:\/\/abnlink.abnt.org.br\/cl\/PM8R9\/lp\/5bf3\/LCFJkUKAOaB\/BLNq\/GRMn4VkjCJO\/1\/\" style=\"color:blue; text-decoration:underline\"><span style=\"font-size:14.0pt\">clique aqui<\/span><\/a><\/span><\/span><\/span><\/p>\r\n\r\n<p style=\"text-align:justify\">&nbsp;<\/p>\r\n\r\n<p class=\"MsoTitle\" style=\"text-align:justify\"><span style=\"font-size:28pt\"><span cambria=\"\" style=\"font-family:\"><span style=\"letter-spacing:-0.5pt\"><b><span style=\"font-size:18.0pt\"><span calibri=\"\" style=\"font-family:\"><span style=\"font-variant:small-caps\">Setor<\/span><\/span><\/span><\/b><\/span><\/span><\/span><\/p>\r\n\r\n<p style=\"text-align:justify\"><span style=\"font-size:11pt\"><span style=\"line-height:normal\"><span calibri=\"\" style=\"font-family:\"><a href=\"https:\/\/www.youtube.com\/watch?v=WEs9BC7BixQ\" style=\"color:blue; text-decoration:underline\"><span style=\"font-size:14.0pt\">Desonera&ccedil;&atilde;o da folha: Abit tem audi&ecirc;ncia no Planalto<\/span><\/a><\/span><\/span><\/span><\/p>\r\n\r\n<p style=\"text-align:justify\"><span style=\"font-size:11pt\"><span style=\"line-height:normal\"><span calibri=\"\" style=\"font-family:\"><a href=\"https:\/\/plasticosemrevista.com.br\/capacidade-insuficiente-de-pp-e-pe-na-america-latina\/\" style=\"color:blue; text-decoration:underline\"><span style=\"font-size:14.0pt\">Capacidade insuficiente de PP e PE na Am&eacute;rica Latina<\/span><\/a><\/span><\/span><\/span><\/p>\r\n\r\n<p style=\"text-align:justify\"><span style=\"font-size:11pt\"><span style=\"line-height:normal\"><span calibri=\"\" style=\"font-family:\"><a href=\"https:\/\/jornaldasoficinas.com\/pt\/repsol-e-ravago-constroem-fabrica-de-polipropileno\/\" style=\"color:blue; text-decoration:underline\"><span style=\"font-size:14.0pt\">Repsol e Ravago constroem f&aacute;brica de polipropilen<\/span><\/a><a href=\"https:\/\/jornaldasoficinas.com\/pt\/repsol-e-ravago-constroem-fabrica-de-polipropileno\/%5d\" style=\"color:blue; text-decoration:underline\"><span style=\"font-size:14.0pt\">o<\/span><\/a><\/span><\/span><\/span><\/p>\r\n\r\n<p style=\"text-align:justify\"><span style=\"font-size:11pt\"><span style=\"line-height:normal\"><span calibri=\"\" style=\"font-family:\"><a href=\"http:\/\/textileindustry.ning.com\/forum\/topics\/o-fim-dos-tecidos-de-base-petroqu-mica-as-fibras-biossint-ticas-s\" style=\"color:blue; text-decoration:underline\"><span style=\"font-size:14.0pt\">O fim dos tecidos de base petroqu&iacute;mica? As fibras biossint&eacute;ticas s&atilde;o o futuro dos t&ecirc;xteis<\/span><\/a><\/span><\/span><\/span><\/p>\r\n\r\n<p style=\"text-align:justify\"><span style=\"font-size:11pt\"><span style=\"line-height:normal\"><span calibri=\"\" style=\"font-family:\"><a href=\"https:\/\/www.textiletechnology.net\/fibers\/trendreports\/twe-group-is-there-still-a-future-for-polymer-based-fibers-for-textile-applications-post-cop26-31788?utm_source=%2Fmeta%2Fnewsletter%2Fnewsletter&amp;utm_medium=newsletter&amp;utm_campaign=nl793&amp;utm_term=0801b20e08c3242125d512808cd74302\" style=\"color:blue; text-decoration:underline\"><span style=\"font-size:14.0pt\">Is there still a future for polymer-based fibers for textile applications post COP26?<\/span><\/a><\/span><\/span><\/span><\/p>\r\n\r\n<p style=\"text-align:justify\"><span style=\"font-size:11pt\"><span style=\"line-height:normal\"><span calibri=\"\" style=\"font-family:\"><a href=\"https:\/\/www.nonwovens-industry.com\/issues\/2022-03-01\/view_features\/adult-incontinence-hygienes-fastest-growing-segment\/\" style=\"color:blue; text-decoration:underline\"><span style=\"font-size:14.0pt\">Adult Incontinence: Hygiene&rsquo;s Fastest Growing Segment<\/span><\/a><\/span><\/span><\/span><\/p>\r\n\r\n<p class=\"MsoTitle\" style=\"text-align:justify\"><span style=\"font-size:28pt\"><span cambria=\"\" style=\"font-family:\"><span style=\"letter-spacing:-0.5pt\"><b><span style=\"font-size:18.0pt\"><span calibri=\"\" style=\"font-family:\"><span style=\"font-variant:small-caps\">Ind&uacute;stria<\/span><\/span><\/span><\/b><\/span><\/span><\/span><\/p>\r\n\r\n<p style=\"text-align:justify\"><span style=\"font-size:11pt\"><span style=\"line-height:normal\"><span calibri=\"\" style=\"font-family:\"><a href=\"https:\/\/www.fibre2fashion.com\/news\/textile-news\/shutdown-in-china-s-shenzhen-may-disrupt-global-supply-chain-279505-newsdetails.htm?utm_source=sendinblue&amp;utm_campaign=General%20Newsletter%20Mar22&amp;utm_medium=email\" style=\"color:blue; text-decoration:underline\"><span style=\"font-size:14.0pt\">Shutdown in China&#39;s Shenzhen may disrupt global supply chain<\/span><\/a><\/span><\/span><\/span><\/p>\r\n\r\n<p style=\"text-align:justify\"><span style=\"font-size:11pt\"><span style=\"line-height:normal\"><span calibri=\"\" style=\"font-family:\"><a href=\"https:\/\/segurancadopaciente.com.br\/protocolo-diretrizes\/manter-os-produtos-para-saude-sujos-em-ambiente-umido-antes-do-processamento-impacta-no-resultado\/?utm_campaign=newsletter_semanal_-15032022&amp;utm_medium=email&amp;utm_source=RD+Station\" style=\"color:blue; text-decoration:underline\"><span style=\"font-size:14.0pt\">Manter os produtos para sa&uacute;de sujos em ambiente &uacute;mido antes do processamento impacta no resultado?<\/span><\/a><\/span><\/span><\/span><\/p>\r\n\r\n<p style=\"text-align:justify\"><span style=\"font-size:11pt\"><span style=\"line-height:normal\"><span calibri=\"\" style=\"font-family:\"><a href=\"https:\/\/www.automotivebusiness.com.br\/pt\/posts\/setor-automotivo\/como-o-avanco-do-carro-eletrico-muda-a-cadeia-de-valor-automotiva-no-brasil\/\" style=\"color:blue; text-decoration:underline\"><span style=\"font-size:14.0pt\">O impacto do carro el&eacute;trico na cadeia de valor automotiva no Brasil<\/span><\/a><\/span><\/span><\/span><\/p>\r\n\r\n<p style=\"text-align:justify\"><span style=\"font-size:11pt\"><span style=\"line-height:normal\"><span calibri=\"\" style=\"font-family:\"><a href=\"https:\/\/www.terra.com.br\/noticias\/mercado-de-construcao-civil-cresce-2-em-janeiro,4b8b6a10977bebd740364234372b9e26z84bgkia.html\" style=\"color:blue; text-decoration:underline\"><span style=\"font-size:14.0pt\">Mercado de constru&ccedil;&atilde;o civil cresce 2% em janeiro<\/span><\/a><\/span><\/span><\/span><\/p>\r\n\r\n<p style=\"text-align:justify\"><span style=\"font-size:11pt\"><span style=\"line-height:normal\"><span calibri=\"\" style=\"font-family:\"><a href=\"https:\/\/www.grandesconstrucoes.com.br\/Noticias\/Exibir\/investimentos-em-infraestrutura-aeroportuaria-devem-retornar-em-2022?utm_source=akna&amp;utm_medium=email&amp;utm_campaign=Grandes-Construcoes-News-803-17-03-2022\" style=\"color:blue; text-decoration:underline\"><span style=\"font-size:14.0pt\">Investimentos em infraestrutura aeroportu&aacute;ria devem retornar em 2022<\/span><\/a><\/span><\/span><\/span><\/p>\r\n\r\n<p class=\"MsoTitle\" style=\"text-align:justify\"><span style=\"font-size:28pt\"><span cambria=\"\" style=\"font-family:\"><span style=\"letter-spacing:-0.5pt\"><b><span style=\"font-size:18.0pt\"><span calibri=\"\" style=\"font-family:\"><span style=\"font-variant:small-caps\">Sustentabilidade<\/span><\/span><\/span><\/b><\/span><\/span><\/span><\/p>\r\n\r\n<p style=\"text-align:justify\"><span style=\"font-size:11pt\"><span style=\"line-height:normal\"><span calibri=\"\" style=\"font-family:\"><a href=\"https:\/\/bahia.ba\/economia\/braskem-e-valoren-implantam-fabrica-de-reciclagem-mecanica\/\" style=\"color:blue; text-decoration:underline\"><span style=\"font-size:14.0pt\">Braskem e Valoren implantam f&aacute;brica de reciclagem mec&acirc;nica<\/span><\/a><\/span><\/span><\/span><\/p>\r\n\r\n<p class=\"MsoTitle\" style=\"text-align:justify\"><span style=\"font-size:28pt\"><span cambria=\"\" style=\"font-family:\"><span style=\"letter-spacing:-0.5pt\"><b><span style=\"font-size:18.0pt\"><span calibri=\"\" style=\"font-family:\"><span style=\"font-variant:small-caps\">Inova&ccedil;&atilde;o<\/span><\/span><\/span><\/b><\/span><\/span><\/span><\/p>\r\n\r\n<p style=\"text-align:justify\"><span style=\"font-size:11pt\"><span style=\"line-height:normal\"><span calibri=\"\" style=\"font-family:\"><a href=\"file:\/\/\/C:\/Users\/cristiane\/Downloads\/metaverso\" style=\"color:blue; text-decoration:underline\"><span style=\"font-size:14.0pt\">Metaverso ganha sua pr&oacute;pria Semana de Moda<\/span><\/a><\/span><\/span><\/span><\/p>\r\n\r\n<p style=\"text-align:justify\"><span style=\"font-size:11pt\"><span style=\"line-height:normal\"><span calibri=\"\" style=\"font-family:\"><a href=\"https:\/\/www.braskem.com.br\/detalhe-noticia\/colormaq-e-braskem-inovam-e-lancam-o-primeiro-eletrodomestico-produzido-a-partir-de-plastico-pos-consumo\" style=\"color:blue; text-decoration:underline\"><span style=\"font-size:14.0pt\">Colormaq e Braskem inovam e lan&ccedil;am o primeiro eletrodom&eacute;stico produzido a partir de pl&aacute;stico p&oacute;s-consumo<\/span><\/a><\/span><\/span><\/span><\/p>\r\n\r\n<p class=\"MsoTitle\" style=\"text-align:justify\"><span style=\"font-size:28pt\"><span cambria=\"\" style=\"font-family:\"><span style=\"letter-spacing:-0.5pt\"><b><span style=\"font-size:18.0pt\"><span calibri=\"\" style=\"font-family:\"><span style=\"font-variant:small-caps\">Com&eacute;rcio Exterior<\/span><\/span><\/span><\/b><\/span><\/span><\/span><\/p>\r\n\r\n<p style=\"text-align:justify\"><span style=\"font-size:11pt\"><span style=\"line-height:normal\"><span calibri=\"\" style=\"font-family:\"><a href=\"https:\/\/www.grandesconstrucoes.com.br\/Noticias\/Exibir\/governo-estuda-reduzir-frete-maritimo-em-30-nas-proximas-semanas?utm_source=akna&amp;utm_medium=email&amp;utm_campaign=Grandes-Construcoes-News-803-17-03-2022\" style=\"color:blue; text-decoration:underline\"><span style=\"font-size:14.0pt\">Governo estuda reduzir frete mar&iacute;timo em 30% nas pr&oacute;ximas semanas<\/span><\/a><\/span><\/span><\/span><\/p>\r\n\r\n<p style=\"text-align:justify\"><span style=\"font-size:11pt\"><span style=\"line-height:normal\"><span calibri=\"\" style=\"font-family:\"><a href=\"https:\/\/emobile.com.br\/site\/industria\/exportacoes-de-moveis-comecam-2022-em-alta\/\" style=\"color:blue; text-decoration:underline\"><span style=\"font-size:14.0pt\">Exporta&ccedil;&otilde;es de m&oacute;veis come&ccedil;am 2022 em alta<\/span><\/a><\/span><\/span><\/span><\/p>\r\n\r\n<p style=\"text-align:justify\"><span style=\"font-size:11pt\"><span style=\"line-height:normal\"><span calibri=\"\" style=\"font-family:\"><a href=\"https:\/\/ansabrasil.com.br\/brasil\/noticias\/brasil\/entrevistas\/2022\/03\/18\/acordo-ue-mercosul-precisa-de-adendo-ambiental-diz-subsecretario-italiano_2afc47bc-a8f5-4bd3-afba-5b244ab081a6.html\" style=\"color:blue; text-decoration:underline\"><span style=\"font-size:14.0pt\">Acordo UE-Mercosul precisa de adendo ambiental, diz subsecret&aacute;rio italiano<\/span><\/a><\/span><\/span><\/span><\/p>\r\n\r\n<p style=\"text-align:justify\"><span style=\"font-size:11pt\"><span style=\"line-height:normal\"><span calibri=\"\" style=\"font-family:\"><a href=\"https:\/\/www.gov.br\/pt-br\/noticias\/financas-impostos-e-gestao-publica\/2022\/03\/superavit-da-balanca-comercial-sobe-18-4-e-chega-a-us-7-53-bilhoes-no-ano\" style=\"color:blue; text-decoration:underline\"><span style=\"font-size:14.0pt\">Super&aacute;vit da balan&ccedil;a comercial sobe 18,4% e chega a US$ 7,53 bilh&otilde;es no ano<\/span><\/a><\/span><\/span><\/span><\/p>\r\n\r\n<p style=\"text-align:justify\"><span style=\"font-size:11pt\"><span style=\"line-height:normal\"><span calibri=\"\" style=\"font-family:\"><a href=\"https:\/\/www.comexdobrasil.com\/especialistas-projetam-aumento-das-exportacoes-e-superavit-de-ate-us-75-bilhoes-com-alta-nos-precos-das-commodities\/\" style=\"color:blue; text-decoration:underline\"><span style=\"font-size:14.0pt\">Especialistas projetam aumento das exporta&ccedil;&otilde;es e super&aacute;vit de at&eacute; US$ 75 bilh&otilde;es com alta nos pre&ccedil;os das commodities<\/span><\/a><\/span><\/span><\/span><\/p>\r\n\r\n<p style=\"text-align:justify\"><span style=\"font-size:11pt\"><span style=\"line-height:normal\"><span calibri=\"\" style=\"font-family:\"><a href=\"https:\/\/www.comexdobrasil.com\/comercio-china-uniao-europeia-cresce-148-e-soma-us-137-bilhoes-no-primeiro-bimestre-de-2022\/\" style=\"color:blue; text-decoration:underline\"><span style=\"font-size:14.0pt\">Com&eacute;rcio China-Uni&atilde;o Europeia cresce 14,8% e soma US$ 137 bilh&otilde;es no primeiro bimestre de 2022<\/span><\/a><\/span><\/span><\/span><\/p>\r\n\r\n<p class=\"MsoTitle\" style=\"text-align:justify\"><span style=\"font-size:28pt\"><span cambria=\"\" style=\"font-family:\"><span style=\"letter-spacing:-0.5pt\"><b><span style=\"font-size:18.0pt\"><span calibri=\"\" style=\"font-family:\"><span style=\"font-variant:small-caps\">Economia<\/span><\/span><\/span><\/b><\/span><\/span><\/span><\/p>\r\n\r\n<p style=\"text-align:justify\"><span style=\"font-size:11pt\"><span style=\"line-height:normal\"><span calibri=\"\" style=\"font-family:\"><a href=\"https:\/\/www.bcb.gov.br\/content\/focus\/focus\/R20220318.pdf\" style=\"color:blue; text-decoration:underline\"><span style=\"font-size:14.0pt\">Boletim Focus<\/span><\/a><\/span><\/span><\/span><\/p>\r\n\r\n<p style=\"text-align:justify\"><span style=\"font-size:11pt\"><span style=\"line-height:normal\"><span calibri=\"\" style=\"font-family:\"><a href=\"https:\/\/noticias.portaldaindustria.com.br\/posicionamentos\/pressao-inflacionaria-e-primeiro-efeito-da-guerra-na-ucrania-avalia-cni\/\" style=\"color:blue; text-decoration:underline\"><span style=\"font-size:14.0pt\">Press&atilde;o inflacion&aacute;ria &eacute; primeiro efeito da guerra na Ucr&acirc;nia, avalia CNI<\/span><\/a><\/span><\/span><\/span><\/p>\r\n\r\n<p style=\"text-align:justify\"><span style=\"font-size:11pt\"><span style=\"line-height:normal\"><span calibri=\"\" style=\"font-family:\"><a href=\"https:\/\/noticias.portaldaindustria.com.br\/noticias\/economia\/industrias-operam-em-68-de-sua-capacidade-em-fevereiro-proximo\/\" style=\"color:blue; text-decoration:underline\"><span style=\"font-size:14.0pt\">Ind&uacute;strias operam em 68% de sua capacidade em fevereiro, diz CNI<\/span><\/a><\/span><\/span><\/span><\/p>\r\n\r\n<p style=\"text-align:justify\"><span style=\"font-size:11pt\"><span style=\"line-height:normal\"><span calibri=\"\" style=\"font-family:\"><a href=\"https:\/\/agenciadenoticias.ibge.gov.br\/agencia-sala-de-imprensa\/2013-agencia-de-noticias\/releases\/33238-pnad-continua-taxa-de-desocupacao-e-de-11-2-e-taxa-de-subutilizacao-e-de-23-9-no-trimestre-encerrado-em-janeiro\" style=\"color:blue; text-decoration:underline\"><span style=\"font-size:14.0pt\">PNAD Cont&iacute;nua: taxa de desocupa&ccedil;&atilde;o &eacute; de 11,2% e taxa de subutiliza&ccedil;&atilde;o &eacute; de 23,9% no trimestre encerrado em janeiro<\/span><\/a><\/span><\/span><\/span><\/p>\r\n\r\n<p style=\"text-align:justify\"><span style=\"font-size:11pt\"><span style=\"line-height:normal\"><span calibri=\"\" style=\"font-family:\"><a href=\"https:\/\/www.abicalcados.com.br\/noticia\/setor-calcadista-gerou-5-8-mil-vagas-em-janeiro\" style=\"color:blue; text-decoration:underline\"><span style=\"font-size:14.0pt\">Setor cal&ccedil;adista gerou 5,8 mil vagas em janeiro<\/span><\/a><\/span><\/span><\/span><\/p>\r\n\r\n<p style=\"text-align:justify\"><span style=\"font-size:11pt\"><span style=\"line-height:normal\"><span calibri=\"\" style=\"font-family:\"><a href=\"https:\/\/www.ipea.gov.br\/portal\/index.php?option=com_content&amp;view=article&amp;id=39031&amp;catid=3&amp;Itemid=3\" style=\"color:blue; text-decoration:underline\"><span style=\"font-size:14.0pt\">Ipea analisa impacto da guerra entre R&uacute;ssia e Ucr&acirc;nia na economia mundial e brasileira<\/span><\/a><\/span><\/span><\/span><\/p>\r\n","6":"<p style=\"text-align:justify\"><span style=\"font-size:11pt\"><span style=\"line-height:normal\"><span calibri=\"\" style=\"font-family:\"><span style=\"font-size:14.0pt\">Esta &eacute; uma compila&ccedil;&atilde;o das not&iacute;cias mais relevantes para o setor, incluindo informa&ccedil;&otilde;es sobre acordos internacionais, economia brasileira, sustentabilidade e mat&eacute;rias-primas, al&eacute;m de novidades do setor de N&atilde;otecidos e Tecidos T&eacute;cnicos.<\/span><\/span><\/span><\/span><\/p>\r\n\r\n<p class=\"MsoTitle\" style=\"text-align:justify\"><span style=\"font-size:28pt\"><span cambria=\"\" style=\"font-family:\"><span style=\"letter-spacing:-0.5pt\"><b><span style=\"font-size:18.0pt\"><span calibri=\"\" style=\"font-family:\"><span style=\"font-variant:small-caps\">A&ccedil;&otilde;es da ABINT<\/span><\/span><\/span><\/b><\/span><\/span><\/span><\/p>\r\n\r\n<p style=\"text-align:justify\"><span style=\"font-size:11pt\"><span style=\"line-height:normal\"><span calibri=\"\" style=\"font-family:\"><b><span style=\"font-size:14.0pt\">O CTG - Comit&ecirc; T&eacute;cnico de Geossint&eacute;ticos da ABINT &eacute; apoiador da FENSAN 2022<\/span><\/b><\/span><\/span><\/span><\/p>\r\n\r\n<p style=\"text-align:justify\"><span style=\"font-size:11pt\"><span style=\"line-height:normal\"><span calibri=\"\" style=\"font-family:\"><span style=\"font-size:14.0pt\">A FENASAN 2022 - Feira Nacional de Saneamento e Meio Ambiente ocorrer&aacute; de 13 a 15 de setembro de 2022, no Pavilh&atilde;o Branco do Expo Center Norte, em S&atilde;o Paulo, em paralelo ao 33&ordm; Encontro T&eacute;cnico AESabesp. Informa&ccedil;&otilde;es: <\/span><a href=\"https:\/\/fenasan.com.br\/\" style=\"color:blue; text-decoration:underline\"><span style=\"font-size:14.0pt\">https:\/\/fenasan.com.br\/<\/span><\/a> <\/span><\/span><\/span><\/p>\r\n\r\n<p style=\"text-align:justify\"><span style=\"font-size:11pt\"><span style=\"line-height:normal\"><span calibri=\"\" style=\"font-family:\"><b><span style=\"font-size:14.0pt\">A ABINT &eacute; apoiadora da ITMA 2023<\/span><\/b><span style=\"font-size:14.0pt\">.<\/span><\/span><\/span><\/span><\/p>\r\n\r\n<p style=\"text-align:justify\"><span style=\"font-size:11pt\"><span style=\"line-height:normal\"><span calibri=\"\" style=\"font-family:\"><span style=\"font-size:14.0pt\">O Cematex (Comit&ecirc; Europeu de Fabricantes de M&aacute;quinas T&ecirc;xteis) anunciou que esta, que ser&aacute; a 19&ordf; edi&ccedil;&atilde;o da feira internacional da ind&uacute;stria t&ecirc;xtil, ser&aacute; realizada em Mil&atilde;o, na It&aacute;lia, entre os dias 8 e 14 de junho de 2023. Informa&ccedil;&otilde;es: <\/span><a href=\"https:\/\/us10.campaign-archive.com\/?u=bfd40377d82c98d83d82824c4&amp;id=5bd5c4a7a5&amp;e=4d4cd8558e\" style=\"color:blue; text-decoration:underline\"><span style=\"font-size:14.0pt\"><span style=\"color:blue\">clique aqui<\/span><\/span><\/a> <\/span><\/span><\/span><\/p>\r\n\r\n<p class=\"MsoTitle\" style=\"text-align:justify\"><span style=\"font-size:28pt\"><span cambria=\"\" style=\"font-family:\"><span style=\"letter-spacing:-0.5pt\"><b><span style=\"font-size:18.0pt\"><span calibri=\"\" style=\"font-family:\"><span style=\"font-variant:small-caps\">Eventos<\/span><\/span><\/span><\/b><\/span><\/span><\/span><\/p>\r\n\r\n<p style=\"text-align:justify\"><span style=\"font-size:11pt\"><span style=\"line-height:normal\"><span calibri=\"\" style=\"font-family:\"><span class=\"MsoHyperlink\" style=\"color:blue\"><span style=\"text-decoration:underline\"><b><span style=\"font-size:14.0pt\"><span style=\"text-decoration:none\"><span style=\"text-underline:none\">Ciclo de Semin&aacute;rios TCU|FIESP- Desafios da Economia Brasileira &ndash; Regras Fiscais: Tend&ecirc;ncias e Aprendizados Internacionais<\/span><\/span><\/span><\/b><\/span><\/span><span class=\"MsoHyperlink\" style=\"color:blue\"><span style=\"text-decoration:underline\"><span style=\"font-size:14.0pt\"><span style=\"text-decoration:none\"><span style=\"text-underline:none\">, data 23 de mar&ccedil;o. Informa&ccedil;&otilde;es: <\/span><\/span><\/span><\/span><\/span><a href=\"https:\/\/www.fiesp.com.br\/agenda\/ciclo-de-seminarios-tcu-fiesp-desafios-da-economia-brasileira-regras-fiscais-tendencias-e-aprendizados-internacionais\/?utm_source=akna&amp;utm_medium=email&amp;utm_campaign=DEPECON-Publico-Geral-Desafios-da-Economia-Brasileira-Regras-Fiscais-Tendencias-e-Aprendizados-Internacionais\" style=\"color:blue; text-decoration:underline\"><span style=\"font-size:14.0pt\">clique aqui<\/span><\/a><\/span><\/span><\/span><\/p>\r\n\r\n<p style=\"text-align:justify\"><span style=\"font-size:11pt\"><span style=\"line-height:normal\"><span calibri=\"\" style=\"font-family:\"><span class=\"MsoHyperlink\" style=\"color:blue\"><span style=\"text-decoration:underline\"><b><span style=\"font-size:14.0pt\"><span style=\"text-decoration:none\"><span style=\"text-underline:none\">Brasscom TecF&oacute;rum 2022, <\/span><\/span><\/span><\/b><\/span><\/span><span class=\"MsoHyperlink\" style=\"color:blue\"><span style=\"text-decoration:underline\"><span style=\"font-size:14.0pt\"><span style=\"text-decoration:none\"><span style=\"text-underline:none\">data 23 e 24 de mar&ccedil;o. Informa&ccedil;&otilde;es: <\/span><\/span><\/span><\/span><\/span><a href=\"https:\/\/app.rdstation.email\/mail\/84bfeb33-3147-4362-85f6-1881747be3c1?utm_campaign=brasscom&amp;utm_medium=email&amp;utm_source=RD+Station\" style=\"color:blue; text-decoration:underline\"><span style=\"font-size:14.0pt\">clique aqui<\/span><\/a><\/span><\/span><\/span><\/p>\r\n\r\n<p style=\"text-align:justify\"><span style=\"font-size:11pt\"><span style=\"line-height:normal\"><span calibri=\"\" style=\"font-family:\"><span class=\"MsoHyperlink\" style=\"color:blue\"><span style=\"text-decoration:underline\"><span style=\"font-size:14.0pt\"><span style=\"text-decoration:none\"><span style=\"text-underline:none\">Curso online ABNT - <b>Etiquetagem de T&ecirc;xteis com &Ecirc;nfase na Norma ABNT NBR NM ISO 3758:2013<\/b>, data 25 e 27 de abril de 2022. Informa&ccedil;&otilde;es: <\/span><\/span><\/span><\/span><\/span><a href=\"https:\/\/abnlink.abnt.org.br\/cl\/PM8R9\/lp\/5bf3\/LCFJkUKAOaB\/BLNq\/GRMn4VkjCJO\/1\/\" style=\"color:blue; text-decoration:underline\"><span style=\"font-size:14.0pt\">clique aqui<\/span><\/a><\/span><\/span><\/span><\/p>\r\n\r\n<p style=\"text-align:justify\">&nbsp;<\/p>\r\n\r\n<p class=\"MsoTitle\" style=\"text-align:justify\"><span style=\"font-size:28pt\"><span cambria=\"\" style=\"font-family:\"><span style=\"letter-spacing:-0.5pt\"><b><span style=\"font-size:18.0pt\"><span calibri=\"\" style=\"font-family:\"><span style=\"font-variant:small-caps\">Setor<\/span><\/span><\/span><\/b><\/span><\/span><\/span><\/p>\r\n\r\n<p style=\"text-align:justify\"><span style=\"font-size:11pt\"><span style=\"line-height:normal\"><span calibri=\"\" style=\"font-family:\"><a href=\"https:\/\/www.youtube.com\/watch?v=WEs9BC7BixQ\" style=\"color:blue; text-decoration:underline\"><span style=\"font-size:14.0pt\">Desonera&ccedil;&atilde;o da folha: Abit tem audi&ecirc;ncia no Planalto<\/span><\/a><\/span><\/span><\/span><\/p>\r\n\r\n<p style=\"text-align:justify\"><span style=\"font-size:11pt\"><span style=\"line-height:normal\"><span calibri=\"\" style=\"font-family:\"><a href=\"https:\/\/plasticosemrevista.com.br\/capacidade-insuficiente-de-pp-e-pe-na-america-latina\/\" style=\"color:blue; text-decoration:underline\"><span style=\"font-size:14.0pt\">Capacidade insuficiente de PP e PE na Am&eacute;rica Latina<\/span><\/a><\/span><\/span><\/span><\/p>\r\n\r\n<p style=\"text-align:justify\"><span style=\"font-size:11pt\"><span style=\"line-height:normal\"><span calibri=\"\" style=\"font-family:\"><a href=\"https:\/\/jornaldasoficinas.com\/pt\/repsol-e-ravago-constroem-fabrica-de-polipropileno\/\" style=\"color:blue; text-decoration:underline\"><span style=\"font-size:14.0pt\">Repsol e Ravago constroem f&aacute;brica de polipropilen<\/span><\/a><a href=\"https:\/\/jornaldasoficinas.com\/pt\/repsol-e-ravago-constroem-fabrica-de-polipropileno\/%5d\" style=\"color:blue; text-decoration:underline\"><span style=\"font-size:14.0pt\">o<\/span><\/a><\/span><\/span><\/span><\/p>\r\n\r\n<p style=\"text-align:justify\"><span style=\"font-size:11pt\"><span style=\"line-height:normal\"><span calibri=\"\" style=\"font-family:\"><a href=\"http:\/\/textileindustry.ning.com\/forum\/topics\/o-fim-dos-tecidos-de-base-petroqu-mica-as-fibras-biossint-ticas-s\" style=\"color:blue; text-decoration:underline\"><span style=\"font-size:14.0pt\">O fim dos tecidos de base petroqu&iacute;mica? As fibras biossint&eacute;ticas s&atilde;o o futuro dos t&ecirc;xteis<\/span><\/a><\/span><\/span><\/span><\/p>\r\n\r\n<p style=\"text-align:justify\"><span style=\"font-size:11pt\"><span style=\"line-height:normal\"><span calibri=\"\" style=\"font-family:\"><a href=\"https:\/\/www.textiletechnology.net\/fibers\/trendreports\/twe-group-is-there-still-a-future-for-polymer-based-fibers-for-textile-applications-post-cop26-31788?utm_source=%2Fmeta%2Fnewsletter%2Fnewsletter&amp;utm_medium=newsletter&amp;utm_campaign=nl793&amp;utm_term=0801b20e08c3242125d512808cd74302\" style=\"color:blue; text-decoration:underline\"><span style=\"font-size:14.0pt\">Is there still a future for polymer-based fibers for textile applications post COP26?<\/span><\/a><\/span><\/span><\/span><\/p>\r\n\r\n<p style=\"text-align:justify\"><span style=\"font-size:11pt\"><span style=\"line-height:normal\"><span calibri=\"\" style=\"font-family:\"><a href=\"https:\/\/www.nonwovens-industry.com\/issues\/2022-03-01\/view_features\/adult-incontinence-hygienes-fastest-growing-segment\/\" style=\"color:blue; text-decoration:underline\"><span style=\"font-size:14.0pt\">Adult Incontinence: Hygiene&rsquo;s Fastest Growing Segment<\/span><\/a><\/span><\/span><\/span><\/p>\r\n\r\n<p class=\"MsoTitle\" style=\"text-align:justify\"><span style=\"font-size:28pt\"><span cambria=\"\" style=\"font-family:\"><span style=\"letter-spacing:-0.5pt\"><b><span style=\"font-size:18.0pt\"><span calibri=\"\" style=\"font-family:\"><span style=\"font-variant:small-caps\">Ind&uacute;stria<\/span><\/span><\/span><\/b><\/span><\/span><\/span><\/p>\r\n\r\n<p style=\"text-align:justify\"><span style=\"font-size:11pt\"><span style=\"line-height:normal\"><span calibri=\"\" style=\"font-family:\"><a href=\"https:\/\/www.fibre2fashion.com\/news\/textile-news\/shutdown-in-china-s-shenzhen-may-disrupt-global-supply-chain-279505-newsdetails.htm?utm_source=sendinblue&amp;utm_campaign=General%20Newsletter%20Mar22&amp;utm_medium=email\" style=\"color:blue; text-decoration:underline\"><span style=\"font-size:14.0pt\">Shutdown in China&#39;s Shenzhen may disrupt global supply chain<\/span><\/a><\/span><\/span><\/span><\/p>\r\n\r\n<p style=\"text-align:justify\"><span style=\"font-size:11pt\"><span style=\"line-height:normal\"><span calibri=\"\" style=\"font-family:\"><a href=\"https:\/\/segurancadopaciente.com.br\/protocolo-diretrizes\/manter-os-produtos-para-saude-sujos-em-ambiente-umido-antes-do-processamento-impacta-no-resultado\/?utm_campaign=newsletter_semanal_-15032022&amp;utm_medium=email&amp;utm_source=RD+Station\" style=\"color:blue; text-decoration:underline\"><span style=\"font-size:14.0pt\">Manter os produtos para sa&uacute;de sujos em ambiente &uacute;mido antes do processamento impacta no resultado?<\/span><\/a><\/span><\/span><\/span><\/p>\r\n\r\n<p style=\"text-align:justify\"><span style=\"font-size:11pt\"><span style=\"line-height:normal\"><span calibri=\"\" style=\"font-family:\"><a href=\"https:\/\/www.automotivebusiness.com.br\/pt\/posts\/setor-automotivo\/como-o-avanco-do-carro-eletrico-muda-a-cadeia-de-valor-automotiva-no-brasil\/\" style=\"color:blue; text-decoration:underline\"><span style=\"font-size:14.0pt\">O impacto do carro el&eacute;trico na cadeia de valor automotiva no Brasil<\/span><\/a><\/span><\/span><\/span><\/p>\r\n\r\n<p style=\"text-align:justify\"><span style=\"font-size:11pt\"><span style=\"line-height:normal\"><span calibri=\"\" style=\"font-family:\"><a href=\"https:\/\/www.terra.com.br\/noticias\/mercado-de-construcao-civil-cresce-2-em-janeiro,4b8b6a10977bebd740364234372b9e26z84bgkia.html\" style=\"color:blue; text-decoration:underline\"><span style=\"font-size:14.0pt\">Mercado de constru&ccedil;&atilde;o civil cresce 2% em janeiro<\/span><\/a><\/span><\/span><\/span><\/p>\r\n\r\n<p style=\"text-align:justify\"><span style=\"font-size:11pt\"><span style=\"line-height:normal\"><span calibri=\"\" style=\"font-family:\"><a href=\"https:\/\/www.grandesconstrucoes.com.br\/Noticias\/Exibir\/investimentos-em-infraestrutura-aeroportuaria-devem-retornar-em-2022?utm_source=akna&amp;utm_medium=email&amp;utm_campaign=Grandes-Construcoes-News-803-17-03-2022\" style=\"color:blue; text-decoration:underline\"><span style=\"font-size:14.0pt\">Investimentos em infraestrutura aeroportu&aacute;ria devem retornar em 2022<\/span><\/a><\/span><\/span><\/span><\/p>\r\n\r\n<p class=\"MsoTitle\" style=\"text-align:justify\"><span style=\"font-size:28pt\"><span cambria=\"\" style=\"font-family:\"><span style=\"letter-spacing:-0.5pt\"><b><span style=\"font-size:18.0pt\"><span calibri=\"\" style=\"font-family:\"><span style=\"font-variant:small-caps\">Sustentabilidade<\/span><\/span><\/span><\/b><\/span><\/span><\/span><\/p>\r\n\r\n<p style=\"text-align:justify\"><span style=\"font-size:11pt\"><span style=\"line-height:normal\"><span calibri=\"\" style=\"font-family:\"><a href=\"https:\/\/bahia.ba\/economia\/braskem-e-valoren-implantam-fabrica-de-reciclagem-mecanica\/\" style=\"color:blue; text-decoration:underline\"><span style=\"font-size:14.0pt\">Braskem e Valoren implantam f&aacute;brica de reciclagem mec&acirc;nica<\/span><\/a><\/span><\/span><\/span><\/p>\r\n\r\n<p class=\"MsoTitle\" style=\"text-align:justify\"><span style=\"font-size:28pt\"><span cambria=\"\" style=\"font-family:\"><span style=\"letter-spacing:-0.5pt\"><b><span style=\"font-size:18.0pt\"><span calibri=\"\" style=\"font-family:\"><span style=\"font-variant:small-caps\">Inova&ccedil;&atilde;o<\/span><\/span><\/span><\/b><\/span><\/span><\/span><\/p>\r\n\r\n<p style=\"text-align:justify\"><span style=\"font-size:11pt\"><span style=\"line-height:normal\"><span calibri=\"\" style=\"font-family:\"><a href=\"file:\/\/\/C:\/Users\/cristiane\/Downloads\/metaverso\" style=\"color:blue; text-decoration:underline\"><span style=\"font-size:14.0pt\">Metaverso ganha sua pr&oacute;pria Semana de Moda<\/span><\/a><\/span><\/span><\/span><\/p>\r\n\r\n<p style=\"text-align:justify\"><span style=\"font-size:11pt\"><span style=\"line-height:normal\"><span calibri=\"\" style=\"font-family:\"><a href=\"https:\/\/www.braskem.com.br\/detalhe-noticia\/colormaq-e-braskem-inovam-e-lancam-o-primeiro-eletrodomestico-produzido-a-partir-de-plastico-pos-consumo\" style=\"color:blue; text-decoration:underline\"><span style=\"font-size:14.0pt\">Colormaq e Braskem inovam e lan&ccedil;am o primeiro eletrodom&eacute;stico produzido a partir de pl&aacute;stico p&oacute;s-consumo<\/span><\/a><\/span><\/span><\/span><\/p>\r\n\r\n<p class=\"MsoTitle\" style=\"text-align:justify\"><span style=\"font-size:28pt\"><span cambria=\"\" style=\"font-family:\"><span style=\"letter-spacing:-0.5pt\"><b><span style=\"font-size:18.0pt\"><span calibri=\"\" style=\"font-family:\"><span style=\"font-variant:small-caps\">Com&eacute;rcio Exterior<\/span><\/span><\/span><\/b><\/span><\/span><\/span><\/p>\r\n\r\n<p style=\"text-align:justify\"><span style=\"font-size:11pt\"><span style=\"line-height:normal\"><span calibri=\"\" style=\"font-family:\"><a href=\"https:\/\/www.grandesconstrucoes.com.br\/Noticias\/Exibir\/governo-estuda-reduzir-frete-maritimo-em-30-nas-proximas-semanas?utm_source=akna&amp;utm_medium=email&amp;utm_campaign=Grandes-Construcoes-News-803-17-03-2022\" style=\"color:blue; text-decoration:underline\"><span style=\"font-size:14.0pt\">Governo estuda reduzir frete mar&iacute;timo em 30% nas pr&oacute;ximas semanas<\/span><\/a><\/span><\/span><\/span><\/p>\r\n\r\n<p style=\"text-align:justify\"><span style=\"font-size:11pt\"><span style=\"line-height:normal\"><span calibri=\"\" style=\"font-family:\"><a href=\"https:\/\/emobile.com.br\/site\/industria\/exportacoes-de-moveis-comecam-2022-em-alta\/\" style=\"color:blue; text-decoration:underline\"><span style=\"font-size:14.0pt\">Exporta&ccedil;&otilde;es de m&oacute;veis come&ccedil;am 2022 em alta<\/span><\/a><\/span><\/span><\/span><\/p>\r\n\r\n<p style=\"text-align:justify\"><span style=\"font-size:11pt\"><span style=\"line-height:normal\"><span calibri=\"\" style=\"font-family:\"><a href=\"https:\/\/ansabrasil.com.br\/brasil\/noticias\/brasil\/entrevistas\/2022\/03\/18\/acordo-ue-mercosul-precisa-de-adendo-ambiental-diz-subsecretario-italiano_2afc47bc-a8f5-4bd3-afba-5b244ab081a6.html\" style=\"color:blue; text-decoration:underline\"><span style=\"font-size:14.0pt\">Acordo UE-Mercosul precisa de adendo ambiental, diz subsecret&aacute;rio italiano<\/span><\/a><\/span><\/span><\/span><\/p>\r\n\r\n<p style=\"text-align:justify\"><span style=\"font-size:11pt\"><span style=\"line-height:normal\"><span calibri=\"\" style=\"font-family:\"><a href=\"https:\/\/www.gov.br\/pt-br\/noticias\/financas-impostos-e-gestao-publica\/2022\/03\/superavit-da-balanca-comercial-sobe-18-4-e-chega-a-us-7-53-bilhoes-no-ano\" style=\"color:blue; text-decoration:underline\"><span style=\"font-size:14.0pt\">Super&aacute;vit da balan&ccedil;a comercial sobe 18,4% e chega a US$ 7,53 bilh&otilde;es no ano<\/span><\/a><\/span><\/span><\/span><\/p>\r\n\r\n<p style=\"text-align:justify\"><span style=\"font-size:11pt\"><span style=\"line-height:normal\"><span calibri=\"\" style=\"font-family:\"><a href=\"https:\/\/www.comexdobrasil.com\/especialistas-projetam-aumento-das-exportacoes-e-superavit-de-ate-us-75-bilhoes-com-alta-nos-precos-das-commodities\/\" style=\"color:blue; text-decoration:underline\"><span style=\"font-size:14.0pt\">Especialistas projetam aumento das exporta&ccedil;&otilde;es e super&aacute;vit de at&eacute; US$ 75 bilh&otilde;es com alta nos pre&ccedil;os das commodities<\/span><\/a><\/span><\/span><\/span><\/p>\r\n\r\n<p style=\"text-align:justify\"><span style=\"font-size:11pt\"><span style=\"line-height:normal\"><span calibri=\"\" style=\"font-family:\"><a href=\"https:\/\/www.comexdobrasil.com\/comercio-china-uniao-europeia-cresce-148-e-soma-us-137-bilhoes-no-primeiro-bimestre-de-2022\/\" style=\"color:blue; text-decoration:underline\"><span style=\"font-size:14.0pt\">Com&eacute;rcio China-Uni&atilde;o Europeia cresce 14,8% e soma US$ 137 bilh&otilde;es no primeiro bimestre de 2022<\/span><\/a><\/span><\/span><\/span><\/p>\r\n\r\n<p class=\"MsoTitle\" style=\"text-align:justify\"><span style=\"font-size:28pt\"><span cambria=\"\" style=\"font-family:\"><span style=\"letter-spacing:-0.5pt\"><b><span style=\"font-size:18.0pt\"><span calibri=\"\" style=\"font-family:\"><span style=\"font-variant:small-caps\">Economia<\/span><\/span><\/span><\/b><\/span><\/span><\/span><\/p>\r\n\r\n<p style=\"text-align:justify\"><span style=\"font-size:11pt\"><span style=\"line-height:normal\"><span calibri=\"\" style=\"font-family:\"><a href=\"https:\/\/www.bcb.gov.br\/content\/focus\/focus\/R20220318.pdf\" style=\"color:blue; text-decoration:underline\"><span style=\"font-size:14.0pt\">Boletim Focus<\/span><\/a><\/span><\/span><\/span><\/p>\r\n\r\n<p style=\"text-align:justify\"><span style=\"font-size:11pt\"><span style=\"line-height:normal\"><span calibri=\"\" style=\"font-family:\"><a href=\"https:\/\/noticias.portaldaindustria.com.br\/posicionamentos\/pressao-inflacionaria-e-primeiro-efeito-da-guerra-na-ucrania-avalia-cni\/\" style=\"color:blue; text-decoration:underline\"><span style=\"font-size:14.0pt\">Press&atilde;o inflacion&aacute;ria &eacute; primeiro efeito da guerra na Ucr&acirc;nia, avalia CNI<\/span><\/a><\/span><\/span><\/span><\/p>\r\n\r\n<p style=\"text-align:justify\"><span style=\"font-size:11pt\"><span style=\"line-height:normal\"><span calibri=\"\" style=\"font-family:\"><a href=\"https:\/\/noticias.portaldaindustria.com.br\/noticias\/economia\/industrias-operam-em-68-de-sua-capacidade-em-fevereiro-proximo\/\" style=\"color:blue; text-decoration:underline\"><span style=\"font-size:14.0pt\">Ind&uacute;strias operam em 68% de sua capacidade em fevereiro, diz CNI<\/span><\/a><\/span><\/span><\/span><\/p>\r\n\r\n<p style=\"text-align:justify\"><span style=\"font-size:11pt\"><span style=\"line-height:normal\"><span calibri=\"\" style=\"font-family:\"><a href=\"https:\/\/agenciadenoticias.ibge.gov.br\/agencia-sala-de-imprensa\/2013-agencia-de-noticias\/releases\/33238-pnad-continua-taxa-de-desocupacao-e-de-11-2-e-taxa-de-subutilizacao-e-de-23-9-no-trimestre-encerrado-em-janeiro\" style=\"color:blue; text-decoration:underline\"><span style=\"font-size:14.0pt\">PNAD Cont&iacute;nua: taxa de desocupa&ccedil;&atilde;o &eacute; de 11,2% e taxa de subutiliza&ccedil;&atilde;o &eacute; de 23,9% no trimestre encerrado em janeiro<\/span><\/a><\/span><\/span><\/span><\/p>\r\n\r\n<p style=\"text-align:justify\"><span style=\"font-size:11pt\"><span style=\"line-height:normal\"><span calibri=\"\" style=\"font-family:\"><a href=\"https:\/\/www.abicalcados.com.br\/noticia\/setor-calcadista-gerou-5-8-mil-vagas-em-janeiro\" style=\"color:blue; text-decoration:underline\"><span style=\"font-size:14.0pt\">Setor cal&ccedil;adista gerou 5,8 mil vagas em janeiro<\/span><\/a><\/span><\/span><\/span><\/p>\r\n\r\n<p style=\"text-align:justify\"><span style=\"font-size:11pt\"><span style=\"line-height:normal\"><span calibri=\"\" style=\"font-family:\"><a href=\"https:\/\/www.ipea.gov.br\/portal\/index.php?option=com_content&amp;view=article&amp;id=39031&amp;catid=3&amp;Itemid=3\" style=\"color:blue; text-decoration:underline\"><span style=\"font-size:14.0pt\">Ipea analisa impacto da guerra entre R&uacute;ssia e Ucr&acirc;nia na economia mundial e brasileira<\/span><\/a><\/span><\/span><\/span><\/p>\r\n","texto_en":"","7":"","imagem":"COMP_banner-padrao-home-destaques-boletim_20220328132605jCaqLDxu0Q.jpg","8":"COMP_banner-padrao-home-destaques-boletim_20220328132605jCaqLDxu0Q.jpg","arquivo":"20220322-NOTICIAS-SEMANAIS.PDF","9":"20220322-NOTICIAS-SEMANAIS.PDF","titulo_arquivo":"","10":"","titulo_arquivo_en":"","11":"","created_at":"2022-03-28 13:26:14","12":"2022-03-28 13:26:14","updated_at":"2022-03-28 14:17:43","13":"2022-03-28 14:17:43"},{"id":8,"0":8,"ordem":215,"1":215,"data":"2022-03-15","2":"2022-03-15","slug":"boletim-de-noticias-semanais-6","3":"boletim-de-noticias-semanais-6","titulo":"Boletim de Not\u00edcias Semanais","4":"Boletim de Not\u00edcias Semanais","titulo_en":".","5":".","texto":"<p style=\"text-align:justify\"><span style=\"font-size:11pt\"><span style=\"line-height:normal\"><span calibri=\"\" style=\"font-family:\"><span style=\"font-size:14.0pt\">Esta &eacute; uma compila&ccedil;&atilde;o das not&iacute;cias mais relevantes para o setor, incluindo informa&ccedil;&otilde;es sobre acordos internacionais, economia brasileira, sustentabilidade e mat&eacute;rias-primas, al&eacute;m de novidades do setor de N&atilde;otecidos e Tecidos T&eacute;cnicos.<\/span><\/span><\/span><\/span><\/p>\r\n\r\n<p class=\"MsoTitle\" style=\"text-align:justify\"><span style=\"font-size:28pt\"><span cambria=\"\" style=\"font-family:\"><span style=\"letter-spacing:-0.5pt\"><b><span style=\"font-size:18.0pt\"><span calibri=\"\" style=\"font-family:\"><span style=\"font-variant:small-caps\">A&ccedil;&otilde;es da ABINT<\/span><\/span><\/span><\/b><\/span><\/span><\/span><\/p>\r\n\r\n<p style=\"text-align:justify\"><span style=\"font-size:11pt\"><span style=\"line-height:normal\"><span calibri=\"\" style=\"font-family:\">&nbsp;<b><span style=\"font-size:14.0pt\">O CTG - Comit&ecirc; T&eacute;cnico de Geossint&eacute;ticos da ABINT &eacute; apoiador da FENSAN 2022<\/span><\/b><\/span><\/span><\/span><\/p>\r\n\r\n<p style=\"text-align:justify\"><span style=\"font-size:11pt\"><span style=\"line-height:normal\"><span calibri=\"\" style=\"font-family:\"><span style=\"font-size:14.0pt\">A FENASAN 2022 - Feira Nacional de Saneamento e Meio Ambiente ocorrer&aacute; de 13 a 15 de setembro de 2022, no Pavilh&atilde;o Branco do Expo Center Norte, em S&atilde;o Paulo, em paralelo ao 33&ordm; Encontro T&eacute;cnico AESabesp. Informa&ccedil;&otilde;es: <\/span><a href=\"https:\/\/fenasan.com.br\/\" style=\"color:blue; text-decoration:underline\"><span style=\"font-size:14.0pt\">https:\/\/fenasan.com.br\/<\/span><\/a> <\/span><\/span><\/span><\/p>\r\n\r\n<p style=\"text-align:justify\"><span style=\"font-size:11pt\"><span style=\"line-height:normal\"><span calibri=\"\" style=\"font-family:\"><b><span style=\"font-size:14.0pt\">A ABINT &eacute; apoiadora da ITMA 2023<\/span><\/b><\/span><\/span><\/span><\/p>\r\n\r\n<p style=\"text-align:justify\"><span style=\"font-size:11pt\"><span style=\"line-height:normal\"><span calibri=\"\" style=\"font-family:\"><span style=\"font-size:14.0pt\">O Cematex (Comit&ecirc; Europeu de Fabricantes de M&aacute;quinas T&ecirc;xteis) anunciou que esta, que ser&aacute; a 19&ordf; edi&ccedil;&atilde;o da feira internacional da ind&uacute;stria t&ecirc;xtil, ser&aacute; realizada em Mil&atilde;o, na It&aacute;lia, entre os dias 8 e 14 de junho de 2023. Informa&ccedil;&otilde;es: <\/span><a href=\"https:\/\/us10.campaign-archive.com\/?u=bfd40377d82c98d83d82824c4&amp;id=5bd5c4a7a5&amp;e=4d4cd8558e\" style=\"color:blue; text-decoration:underline\"><span style=\"font-size:14.0pt\"><span style=\"color:blue\">clique aqui<\/span><\/span><\/a> <\/span><\/span><\/span><\/p>\r\n\r\n<p class=\"MsoTitleCxSpLast\" style=\"text-align:justify\"><span style=\"font-size:28pt\"><span cambria=\"\" style=\"font-family:\"><span style=\"letter-spacing:-0.5pt\"><b><span style=\"font-size:18.0pt\"><span calibri=\"\" style=\"font-family:\"><span style=\"font-variant:small-caps\">Eventos<\/span><\/span><\/span><\/b><\/span><\/span><\/span><\/p>\r\n\r\n<p style=\"text-align:justify\"><span style=\"font-size:11pt\"><span style=\"line-height:normal\"><span calibri=\"\" style=\"font-family:\"><span class=\"MsoHyperlink\" style=\"color:blue\"><span style=\"text-decoration:underline\"><b><span style=\"font-size:14.0pt\"><span style=\"text-decoration:none\"><span style=\"text-underline:none\">Webinar FGV: Os gargalos energ&eacute;ticos que desafiam o crescimento do pa&iacute;s<\/span><\/span><\/span><\/b><\/span><\/span><span class=\"MsoHyperlink\" style=\"color:blue\"><span style=\"text-decoration:underline\"><span style=\"font-size:14.0pt\"><span style=\"text-decoration:none\"><span style=\"text-underline:none\">, data 18 de mar&ccedil;o. Informa&ccedil;&otilde;es: <\/span><\/span><\/span><\/span><\/span><a href=\"https:\/\/evento.fgv.br\/gargalosenergeticos\/\" style=\"color:blue; text-decoration:underline\"><span style=\"font-size:14.0pt\">clique aqui<\/span><\/a><span class=\"MsoHyperlink\" style=\"color:blue\"><span style=\"text-decoration:underline\"><span style=\"font-size:14.0pt\"><span style=\"text-decoration:none\"><span style=\"text-underline:none\">.<\/span><\/span><\/span><\/span><\/span><\/span><\/span><\/span><\/p>\r\n\r\n<p style=\"text-align:justify\"><span style=\"font-size:11pt\"><span style=\"line-height:normal\"><span calibri=\"\" style=\"font-family:\"><span class=\"MsoHyperlink\" style=\"color:blue\"><span style=\"text-decoration:underline\"><b><span style=\"font-size:14.0pt\"><span style=\"text-decoration:none\"><span style=\"text-underline:none\">Brasscom TecF&oacute;rum 2022, <\/span><\/span><\/span><\/b><\/span><\/span><span class=\"MsoHyperlink\" style=\"color:blue\"><span style=\"text-decoration:underline\"><span style=\"font-size:14.0pt\"><span style=\"text-decoration:none\"><span style=\"text-underline:none\">data 23 e 24 de mar&ccedil;o. Informa&ccedil;&otilde;es: <\/span><\/span><\/span><\/span><\/span><a href=\"https:\/\/app.rdstation.email\/mail\/84bfeb33-3147-4362-85f6-1881747be3c1?utm_campaign=brasscom&amp;utm_medium=email&amp;utm_source=RD+Station\" style=\"color:blue; text-decoration:underline\"><span style=\"font-size:14.0pt\">clique aqui<\/span><\/a><\/span><\/span><\/span><\/p>\r\n\r\n<p class=\"MsoTitle\" style=\"text-align:justify\"><span style=\"font-size:28pt\"><span cambria=\"\" style=\"font-family:\"><span style=\"letter-spacing:-0.5pt\"><b><span style=\"font-size:18.0pt\"><span calibri=\"\" style=\"font-family:\"><span style=\"font-variant:small-caps\">Setor<\/span><\/span><\/span><\/b><\/span><\/span><\/span><\/p>\r\n\r\n<p style=\"text-align:justify\"><span style=\"font-size:11pt\"><span style=\"line-height:normal\"><span calibri=\"\" style=\"font-family:\"><a href=\"https:\/\/www.nonwovens-industry.com\/issues\/2022-03\/view_features\/retail-disposable-hygiene-in-southeast-asia-and-china-growth-outlook-challenges-opportunities\/?widget=listSection\" style=\"color:blue; text-decoration:underline\"><span style=\"font-size:14.0pt\">Retail Disposable Hygiene in Southeast Asia and China: Growth Outlook, Challenges, Opportunities<\/span><\/a><\/span><\/span><\/span><\/p>\r\n\r\n<p style=\"text-align:justify\"><span style=\"font-size:11pt\"><span style=\"line-height:normal\"><span calibri=\"\" style=\"font-family:\"><a href=\"https:\/\/engenhariacompartilhada.com.br\/noticia\/exibir\/6267793_as-consequencias-da-decisao-americanda-de-boicotar-o-petroleo-da-russia\" style=\"color:blue; text-decoration:underline\"><span style=\"font-size:14.0pt\">As Consequ&ecirc;ncias da Decis&atilde;o Americana de Boicotar o Petr&oacute;leo da R&uacute;ssia<\/span><\/a><\/span><\/span><\/span><\/p>\r\n\r\n<p style=\"text-align:justify\"><span style=\"font-size:11pt\"><span style=\"line-height:normal\"><span calibri=\"\" style=\"font-family:\"><a href=\"https:\/\/www.diariodepernambuco.com.br\/noticia\/vidaurbana\/2022\/03\/prefeitura-do-recife-investe-r-148-milhoes-na-acao-inverno-2022.html\" style=\"color:blue; text-decoration:underline\"><span style=\"font-size:14.0pt\">Prefeitura do Recife investe R$ 148 milh&otilde;es na A&ccedil;&atilde;o Inverno 2022<\/span><\/a><\/span><\/span><\/span><\/p>\r\n\r\n<p style=\"text-align:justify\"><span style=\"font-size:11pt\"><span style=\"line-height:normal\"><span calibri=\"\" style=\"font-family:\"><a href=\"https:\/\/revistaadnormas.com.br\/2022\/03\/08\/o-comportamento-em-deformacao-e-na-ruptura-de-geossinteticos\" style=\"color:blue; text-decoration:underline\"><span style=\"font-size:14.0pt\">O comportamento em deforma&ccedil;&atilde;o e na ruptura de geossint&eacute;ticos<\/span><\/a><\/span><\/span><\/span><\/p>\r\n\r\n<p style=\"text-align:justify\"><span style=\"font-size:11pt\"><span style=\"line-height:normal\"><span calibri=\"\" style=\"font-family:\"><a href=\"http:\/\/textileindustry.ning.com\/forum\/topics\/itv-mundial-mais-otimista\" style=\"color:blue; text-decoration:underline\"><span style=\"font-size:14.0pt\">Vestu&aacute;rio Mundial mais Otimista<\/span><\/a><\/span><\/span><\/span><\/p>\r\n\r\n<p class=\"MsoTitle\" style=\"text-align:justify\"><span style=\"font-size:28pt\"><span cambria=\"\" style=\"font-family:\"><span style=\"letter-spacing:-0.5pt\"><b><span style=\"font-size:18.0pt\"><span calibri=\"\" style=\"font-family:\"><span style=\"font-variant:small-caps\">Ind&uacute;stria<\/span><\/span><\/span><\/b><\/span><\/span><\/span><\/p>\r\n\r\n<p style=\"text-align:justify\"><span style=\"font-size:11pt\"><span style=\"line-height:normal\"><span calibri=\"\" style=\"font-family:\"><a href=\"http:\/\/textileindustry.ning.com\/forum\/topics\/brasil-pode-vir-a-ser-fornecedor-de-cal-ado-portugu-s\" style=\"color:blue; text-decoration:underline\"><span style=\"font-size:14.0pt\">Brasil pode vir a ser fornecedor de cal&ccedil;ado portugu&ecirc;s<\/span><\/a><\/span><\/span><\/span><\/p>\r\n\r\n<p style=\"text-align:justify\"><span style=\"font-size:11pt\"><span style=\"line-height:normal\"><span calibri=\"\" style=\"font-family:\"><a href=\"https:\/\/noticias.portaldaindustria.com.br\/noticias\/podcasts\/perfil-setorial-da-industria-o-mapa-da-atuacao-industrial\/\" style=\"color:blue; text-decoration:underline\"><span style=\"font-size:14.0pt\">Perfil Setorial da Ind&uacute;stria: o mapa da atua&ccedil;&atilde;o industrial<\/span><\/a><\/span><\/span><\/span><\/p>\r\n\r\n<p style=\"text-align:justify\"><span style=\"font-size:11pt\"><span style=\"line-height:normal\"><span calibri=\"\" style=\"font-family:\"><a href=\"https:\/\/agenciadenoticias.ibge.gov.br\/agencia-sala-de-imprensa\/2013-agencia-de-noticias\/releases\/33122-producao-industrial-recua-2-4-em-janeiro\" style=\"color:blue; text-decoration:underline\"><span style=\"font-size:14.0pt\">Produ&ccedil;&atilde;o industrial recua -2,4% em janeiro<\/span><\/a><\/span><\/span><\/span><\/p>\r\n\r\n<p style=\"text-align:justify\"><span style=\"font-size:11pt\"><span style=\"line-height:normal\"><span calibri=\"\" style=\"font-family:\"><a href=\"https:\/\/agenciabrasil.ebc.com.br\/economia\/noticia\/2022-03\/producao-de-veiculos-cai-158-em-fevereiro\" style=\"color:blue; text-decoration:underline\"><span style=\"font-size:14.0pt\">Produ&ccedil;&atilde;o de ve&iacute;culos cai 15,8% em fevereiro<\/span><\/a><\/span><\/span><\/span><\/p>\r\n\r\n<p style=\"text-align:justify\"><span style=\"font-size:11pt\"><span style=\"line-height:normal\"><span calibri=\"\" style=\"font-family:\"><a href=\"https:\/\/www.grandesconstrucoes.com.br\/Noticias\/Exibir\/industria-de-materiais-de-construcao-mantem-otimismo-moderado\" style=\"color:blue; text-decoration:underline\"><span style=\"font-size:14.0pt\">Ind&uacute;stria de materiais de constru&ccedil;&atilde;o mant&eacute;m otimismo moderado<\/span><\/a><\/span><\/span><\/span><\/p>\r\n\r\n<p class=\"MsoTitle\" style=\"text-align:justify\"><span style=\"font-size:28pt\"><span cambria=\"\" style=\"font-family:\"><span style=\"letter-spacing:-0.5pt\"><b><span style=\"font-size:18.0pt\"><span calibri=\"\" style=\"font-family:\"><span style=\"font-variant:small-caps\">Sustentabilidade<\/span><\/span><\/span><\/b><\/span><\/span><\/span><\/p>\r\n\r\n<p style=\"text-align:justify\"><span style=\"font-size:11pt\"><span style=\"line-height:normal\"><span calibri=\"\" style=\"font-family:\"><a href=\"https:\/\/www.textiletechnology.net\/technology\/interview\/interview-with-thomas-wagner-akzente-greenwashing---what-does-the-supply-chain-due-diligence-act-change-31805?utm_source=%2Fmeta%2Fnewsletter%2Fnewsletter&amp;utm_medium=newsletter&amp;utm_campaign=nl789&amp;utm_term=0801b20e08c3242125d512808cd74302\" style=\"color:blue; text-decoration:underline\"><span style=\"font-size:14.0pt\">Greenwashing - What does the Supply Chain Due Diligence Act change?<\/span><\/a><\/span><\/span><\/span><\/p>\r\n\r\n<p style=\"text-align:justify\"><span style=\"font-size:11pt\"><span style=\"line-height:normal\"><span calibri=\"\" style=\"font-family:\"><a href=\"https:\/\/www.istoedinheiro.com.br\/logistica-reversa-empresas-correm-para-se-adequar-sob-risco-de-multa-a-prisao-de-executivos\/\" style=\"color:blue; text-decoration:underline\"><span style=\"font-size:14.0pt\">Log&iacute;stica reversa: empresas correm para se adequar sob risco de multa a pris&atilde;o de executivos<\/span><\/a><\/span><\/span><\/span><\/p>\r\n\r\n<p style=\"text-align:justify\"><span style=\"font-size:11pt\"><span style=\"line-height:normal\"><span calibri=\"\" style=\"font-family:\"><a href=\"https:\/\/abiquim.org.br\/comunicacao\/noticia\/10034\" style=\"color:blue; text-decoration:underline\"><span style=\"font-size:14.0pt\">Despolui&ccedil;&atilde;o pl&aacute;stica foi o grande destaque da UNEA 5.2<\/span><\/a><\/span><\/span><\/span><\/p>\r\n\r\n<p class=\"MsoTitle\" style=\"text-align:justify\"><span style=\"font-size:28pt\"><span cambria=\"\" style=\"font-family:\"><span style=\"letter-spacing:-0.5pt\"><b><span style=\"font-size:18.0pt\"><span calibri=\"\" style=\"font-family:\"><span style=\"font-variant:small-caps\">Inova&ccedil;&atilde;o<\/span><\/span><\/span><\/b><\/span><\/span><\/span><\/p>\r\n\r\n<p style=\"text-align:justify\"><span style=\"font-size:11pt\"><span style=\"line-height:normal\"><span calibri=\"\" style=\"font-family:\"><a href=\"https:\/\/sagresonline.com.br\/lixo-hospitalar-da-pandemia-vira-adubo-bolsa-papel-higienico-e-ate-capsula-de-energia\/\" style=\"color:blue; text-decoration:underline\"><span style=\"font-size:14.0pt\">Lixo hospitalar da pandemia vira adubo, bolsa, papel higi&ecirc;nico e at&eacute; c&aacute;psula de energia<\/span><\/a><\/span><\/span><\/span><\/p>\r\n\r\n<p style=\"text-align:justify\"><span style=\"font-size:11pt\"><span style=\"line-height:normal\"><span calibri=\"\" style=\"font-family:\"><a href=\"https:\/\/noticias.portaldaindustria.com.br\/noticias\/inovacao-e-tecnologia\/apenas-10-das-empresas-usam-recursos-publicos-para-inovacao-diz-sondagem-da-cni\/\" style=\"color:blue; text-decoration:underline\"><span style=\"font-size:14.0pt\">Apenas 10% das empresas usam recursos p&uacute;blicos para inova&ccedil;&atilde;o, diz sondagem da CNI<\/span><\/a><\/span><\/span><\/span><\/p>\r\n\r\n<p class=\"MsoTitle\" style=\"text-align:justify\"><span style=\"font-size:28pt\"><span cambria=\"\" style=\"font-family:\"><span style=\"letter-spacing:-0.5pt\"><b><span style=\"font-size:18.0pt\"><span calibri=\"\" style=\"font-family:\"><span style=\"font-variant:small-caps\">Com&eacute;rcio Exterior<\/span><\/span><\/span><\/b><\/span><\/span><\/span><\/p>\r\n\r\n<p style=\"text-align:justify\"><span style=\"font-size:11pt\"><span style=\"line-height:normal\"><span calibri=\"\" style=\"font-family:\"><a href=\"https:\/\/www.comexdobrasil.com\/exportacoes-de-veiculos-se-recuperam-no-bienio-janeiro-fevereiro-mas-setor-acompanha-com-apreensao-guerra-na-ucrania\/\" style=\"color:blue; text-decoration:underline\"><span style=\"font-size:14.0pt\">Exporta&ccedil;&otilde;es de ve&iacute;culos se recuperam no bi&ecirc;nio janeiro-fevereiro mas setor acompanha com apreens&atilde;o guerra na Ucr&acirc;nia<\/span><\/a><\/span><\/span><\/span><\/p>\r\n\r\n<p style=\"text-align:justify\"><span style=\"font-size:11pt\"><span style=\"line-height:normal\"><span calibri=\"\" style=\"font-family:\"><a href=\"https:\/\/www.comexdobrasil.com\/vendas-externas-de-calcados-cresceram-em-volume-40-e-em-receita-708-no-primeiro-bimestre-do-ano\/\" style=\"color:blue; text-decoration:underline\"><span style=\"font-size:14.0pt\">Vendas externas de cal&ccedil;ados crescem em volume (+ 40%) e em receita (70,8%) no primeiro bimestre do ano<\/span><\/a> <\/span><\/span><\/span><\/p>\r\n\r\n<p class=\"MsoTitle\" style=\"text-align:justify\"><span style=\"font-size:28pt\"><span cambria=\"\" style=\"font-family:\"><span style=\"letter-spacing:-0.5pt\"><b><span style=\"font-size:18.0pt\"><span calibri=\"\" style=\"font-family:\"><span style=\"font-variant:small-caps\">Economia<\/span><\/span><\/span><\/b><\/span><\/span><\/span><\/p>\r\n\r\n<p style=\"text-align:justify\"><span style=\"font-size:11pt\"><span style=\"line-height:normal\"><span calibri=\"\" style=\"font-family:\"><a href=\"https:\/\/www.bcb.gov.br\/content\/focus\/focus\/R20220311.pdf\" style=\"color:blue; text-decoration:underline\"><span style=\"font-size:14.0pt\">Boletim Focus<\/span><\/a><\/span><\/span><\/span><\/p>\r\n\r\n<p style=\"text-align:justify\"><span style=\"font-size:11pt\"><span style=\"line-height:normal\"><span calibri=\"\" style=\"font-family:\"><a href=\"https:\/\/www.fibre2fashion.com\/news\/textile-news\/5-5-growth-to-see-output-close-to-mid-size-economy-chinese-premier-279484-newsdetails.htm\" style=\"color:blue; text-decoration:underline\"><span style=\"font-size:14.0pt\">5.5% growth to see output close to mid-size economy: Chinese Premier<\/span><\/a><\/span><\/span><\/span><\/p>\r\n\r\n<p style=\"text-align:justify\"><span style=\"font-size:11pt\"><span style=\"line-height:normal\"><span calibri=\"\" style=\"font-family:\"><a href=\"https:\/\/noticias.portaldaindustria.com.br\/noticias\/economia\/emprego-e-faturamento-na-industria-iniciaram-2022-com-novas-altas\/\" style=\"color:blue; text-decoration:underline\"><span style=\"font-size:14.0pt\">Emprego e faturamento na ind&uacute;stria iniciaram 2022 com novas altas<\/span><\/a><\/span><\/span><\/span><\/p>\r\n\r\n<p style=\"text-align:justify\"><span style=\"font-size:11pt\"><span style=\"line-height:normal\"><span calibri=\"\" style=\"font-family:\"><a href=\"https:\/\/portalibre.fgv.br\/noticias\/barometros-globais-recuam-e-reforcam-tendencia-de-normalizacao-no-primeiro-trimestre-de\" style=\"color:blue; text-decoration:underline\"><span style=\"font-size:14.0pt\">Bar&ocirc;metros Globais recuam e refor&ccedil;am a tend&ecirc;ncia de normaliza&ccedil;&atilde;o no primeiro trimestre de 2022<\/span><\/a><\/span><\/span><\/span><\/p>\r\n\r\n<p style=\"text-align:justify\"><span style=\"font-size:11pt\"><span style=\"line-height:normal\"><span calibri=\"\" style=\"font-family:\"><a href=\"https:\/\/agenciabrasil.ebc.com.br\/economia\/noticia\/2022-03\/caged-brasil-gera-155-mil-empregos-formais-em-janeiro\" style=\"color:blue; text-decoration:underline\"><span style=\"font-size:14.0pt\">Caged: Brasil gera 155 mil empregos formais em janeiro<\/span><\/a><\/span><\/span><\/span><\/p>\r\n","6":"<p style=\"text-align:justify\"><span style=\"font-size:11pt\"><span style=\"line-height:normal\"><span calibri=\"\" style=\"font-family:\"><span style=\"font-size:14.0pt\">Esta &eacute; uma compila&ccedil;&atilde;o das not&iacute;cias mais relevantes para o setor, incluindo informa&ccedil;&otilde;es sobre acordos internacionais, economia brasileira, sustentabilidade e mat&eacute;rias-primas, al&eacute;m de novidades do setor de N&atilde;otecidos e Tecidos T&eacute;cnicos.<\/span><\/span><\/span><\/span><\/p>\r\n\r\n<p class=\"MsoTitle\" style=\"text-align:justify\"><span style=\"font-size:28pt\"><span cambria=\"\" style=\"font-family:\"><span style=\"letter-spacing:-0.5pt\"><b><span style=\"font-size:18.0pt\"><span calibri=\"\" style=\"font-family:\"><span style=\"font-variant:small-caps\">A&ccedil;&otilde;es da ABINT<\/span><\/span><\/span><\/b><\/span><\/span><\/span><\/p>\r\n\r\n<p style=\"text-align:justify\"><span style=\"font-size:11pt\"><span style=\"line-height:normal\"><span calibri=\"\" style=\"font-family:\">&nbsp;<b><span style=\"font-size:14.0pt\">O CTG - Comit&ecirc; T&eacute;cnico de Geossint&eacute;ticos da ABINT &eacute; apoiador da FENSAN 2022<\/span><\/b><\/span><\/span><\/span><\/p>\r\n\r\n<p style=\"text-align:justify\"><span style=\"font-size:11pt\"><span style=\"line-height:normal\"><span calibri=\"\" style=\"font-family:\"><span style=\"font-size:14.0pt\">A FENASAN 2022 - Feira Nacional de Saneamento e Meio Ambiente ocorrer&aacute; de 13 a 15 de setembro de 2022, no Pavilh&atilde;o Branco do Expo Center Norte, em S&atilde;o Paulo, em paralelo ao 33&ordm; Encontro T&eacute;cnico AESabesp. Informa&ccedil;&otilde;es: <\/span><a href=\"https:\/\/fenasan.com.br\/\" style=\"color:blue; text-decoration:underline\"><span style=\"font-size:14.0pt\">https:\/\/fenasan.com.br\/<\/span><\/a> <\/span><\/span><\/span><\/p>\r\n\r\n<p style=\"text-align:justify\"><span style=\"font-size:11pt\"><span style=\"line-height:normal\"><span calibri=\"\" style=\"font-family:\"><b><span style=\"font-size:14.0pt\">A ABINT &eacute; apoiadora da ITMA 2023<\/span><\/b><\/span><\/span><\/span><\/p>\r\n\r\n<p style=\"text-align:justify\"><span style=\"font-size:11pt\"><span style=\"line-height:normal\"><span calibri=\"\" style=\"font-family:\"><span style=\"font-size:14.0pt\">O Cematex (Comit&ecirc; Europeu de Fabricantes de M&aacute;quinas T&ecirc;xteis) anunciou que esta, que ser&aacute; a 19&ordf; edi&ccedil;&atilde;o da feira internacional da ind&uacute;stria t&ecirc;xtil, ser&aacute; realizada em Mil&atilde;o, na It&aacute;lia, entre os dias 8 e 14 de junho de 2023. Informa&ccedil;&otilde;es: <\/span><a href=\"https:\/\/us10.campaign-archive.com\/?u=bfd40377d82c98d83d82824c4&amp;id=5bd5c4a7a5&amp;e=4d4cd8558e\" style=\"color:blue; text-decoration:underline\"><span style=\"font-size:14.0pt\"><span style=\"color:blue\">clique aqui<\/span><\/span><\/a> <\/span><\/span><\/span><\/p>\r\n\r\n<p class=\"MsoTitleCxSpLast\" style=\"text-align:justify\"><span style=\"font-size:28pt\"><span cambria=\"\" style=\"font-family:\"><span style=\"letter-spacing:-0.5pt\"><b><span style=\"font-size:18.0pt\"><span calibri=\"\" style=\"font-family:\"><span style=\"font-variant:small-caps\">Eventos<\/span><\/span><\/span><\/b><\/span><\/span><\/span><\/p>\r\n\r\n<p style=\"text-align:justify\"><span style=\"font-size:11pt\"><span style=\"line-height:normal\"><span calibri=\"\" style=\"font-family:\"><span class=\"MsoHyperlink\" style=\"color:blue\"><span style=\"text-decoration:underline\"><b><span style=\"font-size:14.0pt\"><span style=\"text-decoration:none\"><span style=\"text-underline:none\">Webinar FGV: Os gargalos energ&eacute;ticos que desafiam o crescimento do pa&iacute;s<\/span><\/span><\/span><\/b><\/span><\/span><span class=\"MsoHyperlink\" style=\"color:blue\"><span style=\"text-decoration:underline\"><span style=\"font-size:14.0pt\"><span style=\"text-decoration:none\"><span style=\"text-underline:none\">, data 18 de mar&ccedil;o. Informa&ccedil;&otilde;es: <\/span><\/span><\/span><\/span><\/span><a href=\"https:\/\/evento.fgv.br\/gargalosenergeticos\/\" style=\"color:blue; text-decoration:underline\"><span style=\"font-size:14.0pt\">clique aqui<\/span><\/a><span class=\"MsoHyperlink\" style=\"color:blue\"><span style=\"text-decoration:underline\"><span style=\"font-size:14.0pt\"><span style=\"text-decoration:none\"><span style=\"text-underline:none\">.<\/span><\/span><\/span><\/span><\/span><\/span><\/span><\/span><\/p>\r\n\r\n<p style=\"text-align:justify\"><span style=\"font-size:11pt\"><span style=\"line-height:normal\"><span calibri=\"\" style=\"font-family:\"><span class=\"MsoHyperlink\" style=\"color:blue\"><span style=\"text-decoration:underline\"><b><span style=\"font-size:14.0pt\"><span style=\"text-decoration:none\"><span style=\"text-underline:none\">Brasscom TecF&oacute;rum 2022, <\/span><\/span><\/span><\/b><\/span><\/span><span class=\"MsoHyperlink\" style=\"color:blue\"><span style=\"text-decoration:underline\"><span style=\"font-size:14.0pt\"><span style=\"text-decoration:none\"><span style=\"text-underline:none\">data 23 e 24 de mar&ccedil;o. Informa&ccedil;&otilde;es: <\/span><\/span><\/span><\/span><\/span><a href=\"https:\/\/app.rdstation.email\/mail\/84bfeb33-3147-4362-85f6-1881747be3c1?utm_campaign=brasscom&amp;utm_medium=email&amp;utm_source=RD+Station\" style=\"color:blue; text-decoration:underline\"><span style=\"font-size:14.0pt\">clique aqui<\/span><\/a><\/span><\/span><\/span><\/p>\r\n\r\n<p class=\"MsoTitle\" style=\"text-align:justify\"><span style=\"font-size:28pt\"><span cambria=\"\" style=\"font-family:\"><span style=\"letter-spacing:-0.5pt\"><b><span style=\"font-size:18.0pt\"><span calibri=\"\" style=\"font-family:\"><span style=\"font-variant:small-caps\">Setor<\/span><\/span><\/span><\/b><\/span><\/span><\/span><\/p>\r\n\r\n<p style=\"text-align:justify\"><span style=\"font-size:11pt\"><span style=\"line-height:normal\"><span calibri=\"\" style=\"font-family:\"><a href=\"https:\/\/www.nonwovens-industry.com\/issues\/2022-03\/view_features\/retail-disposable-hygiene-in-southeast-asia-and-china-growth-outlook-challenges-opportunities\/?widget=listSection\" style=\"color:blue; text-decoration:underline\"><span style=\"font-size:14.0pt\">Retail Disposable Hygiene in Southeast Asia and China: Growth Outlook, Challenges, Opportunities<\/span><\/a><\/span><\/span><\/span><\/p>\r\n\r\n<p style=\"text-align:justify\"><span style=\"font-size:11pt\"><span style=\"line-height:normal\"><span calibri=\"\" style=\"font-family:\"><a href=\"https:\/\/engenhariacompartilhada.com.br\/noticia\/exibir\/6267793_as-consequencias-da-decisao-americanda-de-boicotar-o-petroleo-da-russia\" style=\"color:blue; text-decoration:underline\"><span style=\"font-size:14.0pt\">As Consequ&ecirc;ncias da Decis&atilde;o Americana de Boicotar o Petr&oacute;leo da R&uacute;ssia<\/span><\/a><\/span><\/span><\/span><\/p>\r\n\r\n<p style=\"text-align:justify\"><span style=\"font-size:11pt\"><span style=\"line-height:normal\"><span calibri=\"\" style=\"font-family:\"><a href=\"https:\/\/www.diariodepernambuco.com.br\/noticia\/vidaurbana\/2022\/03\/prefeitura-do-recife-investe-r-148-milhoes-na-acao-inverno-2022.html\" style=\"color:blue; text-decoration:underline\"><span style=\"font-size:14.0pt\">Prefeitura do Recife investe R$ 148 milh&otilde;es na A&ccedil;&atilde;o Inverno 2022<\/span><\/a><\/span><\/span><\/span><\/p>\r\n\r\n<p style=\"text-align:justify\"><span style=\"font-size:11pt\"><span style=\"line-height:normal\"><span calibri=\"\" style=\"font-family:\"><a href=\"https:\/\/revistaadnormas.com.br\/2022\/03\/08\/o-comportamento-em-deformacao-e-na-ruptura-de-geossinteticos\" style=\"color:blue; text-decoration:underline\"><span style=\"font-size:14.0pt\">O comportamento em deforma&ccedil;&atilde;o e na ruptura de geossint&eacute;ticos<\/span><\/a><\/span><\/span><\/span><\/p>\r\n\r\n<p style=\"text-align:justify\"><span style=\"font-size:11pt\"><span style=\"line-height:normal\"><span calibri=\"\" style=\"font-family:\"><a href=\"http:\/\/textileindustry.ning.com\/forum\/topics\/itv-mundial-mais-otimista\" style=\"color:blue; text-decoration:underline\"><span style=\"font-size:14.0pt\">Vestu&aacute;rio Mundial mais Otimista<\/span><\/a><\/span><\/span><\/span><\/p>\r\n\r\n<p class=\"MsoTitle\" style=\"text-align:justify\"><span style=\"font-size:28pt\"><span cambria=\"\" style=\"font-family:\"><span style=\"letter-spacing:-0.5pt\"><b><span style=\"font-size:18.0pt\"><span calibri=\"\" style=\"font-family:\"><span style=\"font-variant:small-caps\">Ind&uacute;stria<\/span><\/span><\/span><\/b><\/span><\/span><\/span><\/p>\r\n\r\n<p style=\"text-align:justify\"><span style=\"font-size:11pt\"><span style=\"line-height:normal\"><span calibri=\"\" style=\"font-family:\"><a href=\"http:\/\/textileindustry.ning.com\/forum\/topics\/brasil-pode-vir-a-ser-fornecedor-de-cal-ado-portugu-s\" style=\"color:blue; text-decoration:underline\"><span style=\"font-size:14.0pt\">Brasil pode vir a ser fornecedor de cal&ccedil;ado portugu&ecirc;s<\/span><\/a><\/span><\/span><\/span><\/p>\r\n\r\n<p style=\"text-align:justify\"><span style=\"font-size:11pt\"><span style=\"line-height:normal\"><span calibri=\"\" style=\"font-family:\"><a href=\"https:\/\/noticias.portaldaindustria.com.br\/noticias\/podcasts\/perfil-setorial-da-industria-o-mapa-da-atuacao-industrial\/\" style=\"color:blue; text-decoration:underline\"><span style=\"font-size:14.0pt\">Perfil Setorial da Ind&uacute;stria: o mapa da atua&ccedil;&atilde;o industrial<\/span><\/a><\/span><\/span><\/span><\/p>\r\n\r\n<p style=\"text-align:justify\"><span style=\"font-size:11pt\"><span style=\"line-height:normal\"><span calibri=\"\" style=\"font-family:\"><a href=\"https:\/\/agenciadenoticias.ibge.gov.br\/agencia-sala-de-imprensa\/2013-agencia-de-noticias\/releases\/33122-producao-industrial-recua-2-4-em-janeiro\" style=\"color:blue; text-decoration:underline\"><span style=\"font-size:14.0pt\">Produ&ccedil;&atilde;o industrial recua -2,4% em janeiro<\/span><\/a><\/span><\/span><\/span><\/p>\r\n\r\n<p style=\"text-align:justify\"><span style=\"font-size:11pt\"><span style=\"line-height:normal\"><span calibri=\"\" style=\"font-family:\"><a href=\"https:\/\/agenciabrasil.ebc.com.br\/economia\/noticia\/2022-03\/producao-de-veiculos-cai-158-em-fevereiro\" style=\"color:blue; text-decoration:underline\"><span style=\"font-size:14.0pt\">Produ&ccedil;&atilde;o de ve&iacute;culos cai 15,8% em fevereiro<\/span><\/a><\/span><\/span><\/span><\/p>\r\n\r\n<p style=\"text-align:justify\"><span style=\"font-size:11pt\"><span style=\"line-height:normal\"><span calibri=\"\" style=\"font-family:\"><a href=\"https:\/\/www.grandesconstrucoes.com.br\/Noticias\/Exibir\/industria-de-materiais-de-construcao-mantem-otimismo-moderado\" style=\"color:blue; text-decoration:underline\"><span style=\"font-size:14.0pt\">Ind&uacute;stria de materiais de constru&ccedil;&atilde;o mant&eacute;m otimismo moderado<\/span><\/a><\/span><\/span><\/span><\/p>\r\n\r\n<p class=\"MsoTitle\" style=\"text-align:justify\"><span style=\"font-size:28pt\"><span cambria=\"\" style=\"font-family:\"><span style=\"letter-spacing:-0.5pt\"><b><span style=\"font-size:18.0pt\"><span calibri=\"\" style=\"font-family:\"><span style=\"font-variant:small-caps\">Sustentabilidade<\/span><\/span><\/span><\/b><\/span><\/span><\/span><\/p>\r\n\r\n<p style=\"text-align:justify\"><span style=\"font-size:11pt\"><span style=\"line-height:normal\"><span calibri=\"\" style=\"font-family:\"><a href=\"https:\/\/www.textiletechnology.net\/technology\/interview\/interview-with-thomas-wagner-akzente-greenwashing---what-does-the-supply-chain-due-diligence-act-change-31805?utm_source=%2Fmeta%2Fnewsletter%2Fnewsletter&amp;utm_medium=newsletter&amp;utm_campaign=nl789&amp;utm_term=0801b20e08c3242125d512808cd74302\" style=\"color:blue; text-decoration:underline\"><span style=\"font-size:14.0pt\">Greenwashing - What does the Supply Chain Due Diligence Act change?<\/span><\/a><\/span><\/span><\/span><\/p>\r\n\r\n<p style=\"text-align:justify\"><span style=\"font-size:11pt\"><span style=\"line-height:normal\"><span calibri=\"\" style=\"font-family:\"><a href=\"https:\/\/www.istoedinheiro.com.br\/logistica-reversa-empresas-correm-para-se-adequar-sob-risco-de-multa-a-prisao-de-executivos\/\" style=\"color:blue; text-decoration:underline\"><span style=\"font-size:14.0pt\">Log&iacute;stica reversa: empresas correm para se adequar sob risco de multa a pris&atilde;o de executivos<\/span><\/a><\/span><\/span><\/span><\/p>\r\n\r\n<p style=\"text-align:justify\"><span style=\"font-size:11pt\"><span style=\"line-height:normal\"><span calibri=\"\" style=\"font-family:\"><a href=\"https:\/\/abiquim.org.br\/comunicacao\/noticia\/10034\" style=\"color:blue; text-decoration:underline\"><span style=\"font-size:14.0pt\">Despolui&ccedil;&atilde;o pl&aacute;stica foi o grande destaque da UNEA 5.2<\/span><\/a><\/span><\/span><\/span><\/p>\r\n\r\n<p class=\"MsoTitle\" style=\"text-align:justify\"><span style=\"font-size:28pt\"><span cambria=\"\" style=\"font-family:\"><span style=\"letter-spacing:-0.5pt\"><b><span style=\"font-size:18.0pt\"><span calibri=\"\" style=\"font-family:\"><span style=\"font-variant:small-caps\">Inova&ccedil;&atilde;o<\/span><\/span><\/span><\/b><\/span><\/span><\/span><\/p>\r\n\r\n<p style=\"text-align:justify\"><span style=\"font-size:11pt\"><span style=\"line-height:normal\"><span calibri=\"\" style=\"font-family:\"><a href=\"https:\/\/sagresonline.com.br\/lixo-hospitalar-da-pandemia-vira-adubo-bolsa-papel-higienico-e-ate-capsula-de-energia\/\" style=\"color:blue; text-decoration:underline\"><span style=\"font-size:14.0pt\">Lixo hospitalar da pandemia vira adubo, bolsa, papel higi&ecirc;nico e at&eacute; c&aacute;psula de energia<\/span><\/a><\/span><\/span><\/span><\/p>\r\n\r\n<p style=\"text-align:justify\"><span style=\"font-size:11pt\"><span style=\"line-height:normal\"><span calibri=\"\" style=\"font-family:\"><a href=\"https:\/\/noticias.portaldaindustria.com.br\/noticias\/inovacao-e-tecnologia\/apenas-10-das-empresas-usam-recursos-publicos-para-inovacao-diz-sondagem-da-cni\/\" style=\"color:blue; text-decoration:underline\"><span style=\"font-size:14.0pt\">Apenas 10% das empresas usam recursos p&uacute;blicos para inova&ccedil;&atilde;o, diz sondagem da CNI<\/span><\/a><\/span><\/span><\/span><\/p>\r\n\r\n<p class=\"MsoTitle\" style=\"text-align:justify\"><span style=\"font-size:28pt\"><span cambria=\"\" style=\"font-family:\"><span style=\"letter-spacing:-0.5pt\"><b><span style=\"font-size:18.0pt\"><span calibri=\"\" style=\"font-family:\"><span style=\"font-variant:small-caps\">Com&eacute;rcio Exterior<\/span><\/span><\/span><\/b><\/span><\/span><\/span><\/p>\r\n\r\n<p style=\"text-align:justify\"><span style=\"font-size:11pt\"><span style=\"line-height:normal\"><span calibri=\"\" style=\"font-family:\"><a href=\"https:\/\/www.comexdobrasil.com\/exportacoes-de-veiculos-se-recuperam-no-bienio-janeiro-fevereiro-mas-setor-acompanha-com-apreensao-guerra-na-ucrania\/\" style=\"color:blue; text-decoration:underline\"><span style=\"font-size:14.0pt\">Exporta&ccedil;&otilde;es de ve&iacute;culos se recuperam no bi&ecirc;nio janeiro-fevereiro mas setor acompanha com apreens&atilde;o guerra na Ucr&acirc;nia<\/span><\/a><\/span><\/span><\/span><\/p>\r\n\r\n<p style=\"text-align:justify\"><span style=\"font-size:11pt\"><span style=\"line-height:normal\"><span calibri=\"\" style=\"font-family:\"><a href=\"https:\/\/www.comexdobrasil.com\/vendas-externas-de-calcados-cresceram-em-volume-40-e-em-receita-708-no-primeiro-bimestre-do-ano\/\" style=\"color:blue; text-decoration:underline\"><span style=\"font-size:14.0pt\">Vendas externas de cal&ccedil;ados crescem em volume (+ 40%) e em receita (70,8%) no primeiro bimestre do ano<\/span><\/a> <\/span><\/span><\/span><\/p>\r\n\r\n<p class=\"MsoTitle\" style=\"text-align:justify\"><span style=\"font-size:28pt\"><span cambria=\"\" style=\"font-family:\"><span style=\"letter-spacing:-0.5pt\"><b><span style=\"font-size:18.0pt\"><span calibri=\"\" style=\"font-family:\"><span style=\"font-variant:small-caps\">Economia<\/span><\/span><\/span><\/b><\/span><\/span><\/span><\/p>\r\n\r\n<p style=\"text-align:justify\"><span style=\"font-size:11pt\"><span style=\"line-height:normal\"><span calibri=\"\" style=\"font-family:\"><a href=\"https:\/\/www.bcb.gov.br\/content\/focus\/focus\/R20220311.pdf\" style=\"color:blue; text-decoration:underline\"><span style=\"font-size:14.0pt\">Boletim Focus<\/span><\/a><\/span><\/span><\/span><\/p>\r\n\r\n<p style=\"text-align:justify\"><span style=\"font-size:11pt\"><span style=\"line-height:normal\"><span calibri=\"\" style=\"font-family:\"><a href=\"https:\/\/www.fibre2fashion.com\/news\/textile-news\/5-5-growth-to-see-output-close-to-mid-size-economy-chinese-premier-279484-newsdetails.htm\" style=\"color:blue; text-decoration:underline\"><span style=\"font-size:14.0pt\">5.5% growth to see output close to mid-size economy: Chinese Premier<\/span><\/a><\/span><\/span><\/span><\/p>\r\n\r\n<p style=\"text-align:justify\"><span style=\"font-size:11pt\"><span style=\"line-height:normal\"><span calibri=\"\" style=\"font-family:\"><a href=\"https:\/\/noticias.portaldaindustria.com.br\/noticias\/economia\/emprego-e-faturamento-na-industria-iniciaram-2022-com-novas-altas\/\" style=\"color:blue; text-decoration:underline\"><span style=\"font-size:14.0pt\">Emprego e faturamento na ind&uacute;stria iniciaram 2022 com novas altas<\/span><\/a><\/span><\/span><\/span><\/p>\r\n\r\n<p style=\"text-align:justify\"><span style=\"font-size:11pt\"><span style=\"line-height:normal\"><span calibri=\"\" style=\"font-family:\"><a href=\"https:\/\/portalibre.fgv.br\/noticias\/barometros-globais-recuam-e-reforcam-tendencia-de-normalizacao-no-primeiro-trimestre-de\" style=\"color:blue; text-decoration:underline\"><span style=\"font-size:14.0pt\">Bar&ocirc;metros Globais recuam e refor&ccedil;am a tend&ecirc;ncia de normaliza&ccedil;&atilde;o no primeiro trimestre de 2022<\/span><\/a><\/span><\/span><\/span><\/p>\r\n\r\n<p style=\"text-align:justify\"><span style=\"font-size:11pt\"><span style=\"line-height:normal\"><span calibri=\"\" style=\"font-family:\"><a href=\"https:\/\/agenciabrasil.ebc.com.br\/economia\/noticia\/2022-03\/caged-brasil-gera-155-mil-empregos-formais-em-janeiro\" style=\"color:blue; text-decoration:underline\"><span style=\"font-size:14.0pt\">Caged: Brasil gera 155 mil empregos formais em janeiro<\/span><\/a><\/span><\/span><\/span><\/p>\r\n","texto_en":"","7":"","imagem":"COMP_banner-padrao-home-destaques-boletim_20220315150310Q1HTMqQRzP.jpg","8":"COMP_banner-padrao-home-destaques-boletim_20220315150310Q1HTMqQRzP.jpg","arquivo":"20220315-NOTICIAS-SEMANAIS.PDF","9":"20220315-NOTICIAS-SEMANAIS.PDF","titulo_arquivo":"","10":"","titulo_arquivo_en":"","11":"","created_at":"2022-03-15 15:03:19","12":"2022-03-15 15:03:19","updated_at":"2022-03-28 13:26:33","13":"2022-03-28 13:26:33"},{"id":7,"0":7,"ordem":216,"1":216,"data":"2022-03-03","2":"2022-03-03","slug":"boletim-de-noticias-semanais-4","3":"boletim-de-noticias-semanais-4","titulo":"Boletim de Not\u00edcias Semanais","4":"Boletim de Not\u00edcias Semanais","titulo_en":".","5":".","texto":"<p style=\"text-align:justify\"><span style=\"font-size:11pt\"><span style=\"line-height:normal\"><span calibri=\"\" style=\"font-family:\"><span style=\"font-size:12.0pt\">Esta &eacute; uma compila&ccedil;&atilde;o das not&iacute;cias mais relevantes para o setor, incluindo informa&ccedil;&otilde;es sobre acordos internacionais, economia brasileira, sustentabilidade e mat&eacute;rias-primas, al&eacute;m de novidades do setor de N&atilde;otecidos e Tecidos T&eacute;cnicos.<\/span><\/span><\/span><\/span><\/p>\r\n\r\n<p class=\"MsoTitle\" style=\"text-align:justify\"><span style=\"font-size:28pt\"><span cambria=\"\" style=\"font-family:\"><span style=\"letter-spacing:-0.5pt\"><b><span style=\"font-size:18.0pt\"><span calibri=\"\" style=\"font-family:\"><span style=\"font-variant:small-caps\">A&ccedil;&otilde;es da ABINT<\/span><\/span><\/span><\/b><\/span><\/span><\/span><\/p>\r\n\r\n<p style=\"text-align:justify\"><span style=\"font-size:11pt\"><span style=\"line-height:normal\"><span calibri=\"\" style=\"font-family:\"><b><span style=\"font-size:12.0pt\">O CTG - Comit&ecirc; T&eacute;cnico de Geossint&eacute;ticos da ABINT &eacute; apoiador da FENSAN 2022. <\/span><\/b><\/span><\/span><\/span><\/p>\r\n\r\n<p style=\"text-align:justify\"><span style=\"font-size:11pt\"><span style=\"line-height:normal\"><span calibri=\"\" style=\"font-family:\"><span style=\"font-size:12.0pt\">A FENASAN 2022 - Feira Nacional de Saneamento e Meio Ambiente ocorrer&aacute; de 13 a 15 de setembro de 2022, no Pavilh&atilde;o Branco do Expo Center Norte, em S&atilde;o Paulo, em paralelo ao 33&ordm; Encontro T&eacute;cnico AESabesp. Informa&ccedil;&otilde;es: <\/span><a href=\"https:\/\/fenasan.com.br\/\" style=\"color:blue; text-decoration:underline\"><span style=\"font-size:12.0pt\">https:\/\/fenasan.com.br\/<\/span><\/a> <\/span><\/span><\/span><\/p>\r\n\r\n<p style=\"text-align:justify\"><span style=\"font-size:11pt\"><span style=\"line-height:normal\"><span calibri=\"\" style=\"font-family:\"><b><span style=\"font-size:12.0pt\">A ABINT &eacute; apoiadora da ITMA 2023<\/span><\/b><span style=\"font-size:12.0pt\">.<\/span><\/span><\/span><\/span><\/p>\r\n\r\n<p style=\"text-align:justify\"><span style=\"font-size:11pt\"><span style=\"line-height:normal\"><span calibri=\"\" style=\"font-family:\"><span style=\"font-size:12.0pt\">O Cematex (Comit&ecirc; Europeu de Fabricantes de M&aacute;quinas T&ecirc;xteis) anunciou que esta, que ser&aacute; a 19&ordf; edi&ccedil;&atilde;o da feira internacional da ind&uacute;stria t&ecirc;xtil, ser&aacute; realizada em Mil&atilde;o, na It&aacute;lia, entre os dias 8 e 14 de junho de 2023. Informa&ccedil;&otilde;es: <\/span><a href=\"https:\/\/us10.campaign-archive.com\/?u=bfd40377d82c98d83d82824c4&amp;id=5bd5c4a7a5&amp;e=4d4cd8558e\" style=\"color:blue; text-decoration:underline\"><span style=\"font-size:12.0pt\"><span style=\"color:blue\">clique aqui<\/span><\/span><\/a> <\/span><\/span><\/span><\/p>\r\n\r\n<p class=\"MsoTitle\" style=\"text-align:justify\"><span style=\"font-size:28pt\"><span cambria=\"\" style=\"font-family:\"><span style=\"letter-spacing:-0.5pt\"><b><span style=\"font-size:18.0pt\"><span calibri=\"\" style=\"font-family:\"><span style=\"font-variant:small-caps\">Eventos<\/span><\/span><\/span><\/b><\/span><\/span><\/span><\/p>\r\n\r\n<p style=\"text-align:justify\"><span style=\"font-size:11pt\"><span style=\"line-height:normal\"><span calibri=\"\" style=\"font-family:\"><b><span style=\"font-size:12.0pt\">Nova Lei de Licita&ccedil;&otilde;es com Foco na Sa&uacute;de<\/span><\/b><span style=\"font-size:12.0pt\">, data 08 de mar&ccedil;o de 2022. Informa&ccedil;&otilde;es: <\/span><a href=\"http:\/\/emkt.fiesp.ind.br\/emkt\/tracer\/?1,7157074,56763a32,7b67\" style=\"color:blue; text-decoration:underline\"><span style=\"font-size:12.0pt\">clique aqui<\/span><\/a><span style=\"font-size:12.0pt\">.<\/span><\/span><\/span><\/span><\/p>\r\n\r\n<p style=\"text-align:justify\"><span style=\"font-size:11pt\"><span style=\"line-height:normal\"><span calibri=\"\" style=\"font-family:\"><b><span style=\"font-size:12.0pt\">45&ordf; FIMEC <\/span><\/b><span style=\"font-size:12.0pt\">(Feira Internacional de Couros, Produtos Qu&iacute;micos, Componentes, M&aacute;quinas e Equipamentos para Cal&ccedil;ados e Curtumes), data 08 a 10 de mar&ccedil;o de 2022, Novo Hamburgo\/RS. Informa&ccedil;&otilde;es: <\/span><a href=\"https:\/\/www.fimec.com.br\" style=\"color:blue; text-decoration:underline\"><span style=\"font-size:12.0pt\">https:\/\/www.fimec.com.br<\/span><\/a> <\/span><\/span><\/span><\/p>\r\n\r\n<p style=\"text-align:justify\"><span style=\"font-size:11pt\"><span style=\"line-height:normal\"><span calibri=\"\" style=\"font-family:\"><b><span style=\"font-size:12.0pt\">9&ordm; Congresso Brasileiro de Inova&ccedil;&atilde;o da Ind&uacute;stria, <\/span><\/b><span style=\"font-size:12.0pt\">data: 09 e 10 de mar&ccedil;o de 2022. Informa&ccedil;&otilde;es: <\/span><a href=\"https:\/\/www.congressodeinovacao.com.br\/\" style=\"color:blue; text-decoration:underline\">https:\/\/www.congressodeinovacao.com.br\/<\/a> <\/span><\/span><\/span><\/p>\r\n\r\n<p style=\"text-align:justify\"><span style=\"font-size:11pt\"><span style=\"line-height:normal\"><span calibri=\"\" style=\"font-family:\"><b><span style=\"font-size:12.0pt\">Panorama Nacional da Log&iacute;stica Reversa - Desafios e Perspectivas para 2022<\/span><\/b><span style=\"font-size:12.0pt\">, data: 10 de mar&ccedil;o. Informa&ccedil;&otilde;es e inscri&ccedil;&otilde;es: <\/span><a href=\"https:\/\/info.eureciclo.com.br\/panorama_nacional?utm_campaign=Webinars%20%7C%20Marketing&amp;utm_medium=email&amp;_hsmi=205680188&amp;_hsenc=p2ANqtz-8rJ5X2C76hRYjieLlbt85kJqNT4F_xg7XeXwUPWbtAgAgcg-R2jRHUYcV9U1tETsjHbgSv1SUTkmhJWX2lpBm2LTqfkA&amp;utm_content=205680188&amp;utm_source=hs_email\" style=\"color:blue; text-decoration:underline\"><span style=\"font-size:12.0pt\">clique aqui<\/span><\/a><\/span><\/span><\/span><\/p>\r\n\r\n<p style=\"text-align:justify\"><span style=\"font-size:11pt\"><span style=\"line-height:normal\"><span calibri=\"\" style=\"font-family:\"><b><span style=\"font-size:12.0pt\">FGV IBRE | I Semin&aacute;rio de An&aacute;lise Conjuntural<\/span><\/b><span style=\"font-size:12.0pt\">, data 10 de mar&ccedil;o de 2022. Informa&ccedil;&otilde;es: <\/span><a href=\"https:\/\/evento.fgv.br\/analiseconjuntural_1\/\" style=\"color:blue; text-decoration:underline\"><span style=\"font-size:12.0pt\">clique aqui<\/span><\/a><\/span><\/span><\/span><\/p>\r\n\r\n<p class=\"MsoTitle\" style=\"text-align:justify\"><span style=\"font-size:28pt\"><span cambria=\"\" style=\"font-family:\"><span style=\"letter-spacing:-0.5pt\"><b><span style=\"font-size:18.0pt\"><span calibri=\"\" style=\"font-family:\"><span style=\"font-variant:small-caps\">Setor<\/span><\/span><\/span><\/b><\/span><\/span><\/span><\/p>\r\n\r\n<p style=\"text-align:justify\"><span style=\"font-size:11pt\"><span style=\"line-height:normal\"><span calibri=\"\" style=\"font-family:\"><a href=\"https:\/\/www.textiletechnology.net\/technology\/news\/itmf-business-expectations-remain-favorable-along-value-chain-31709?utm_source=%2Fmeta%2Fnewsletter%2Fnewsletter&amp;utm_medium=newsletter&amp;utm_campaign=nl774&amp;utm_term=0801b20e08c3242125d512808cd74302\" style=\"color:blue; text-decoration:underline\"><span style=\"font-size:12.0pt\">Expectations remain favorable along value chain<\/span><\/a><\/span><\/span><\/span><\/p>\r\n\r\n<p style=\"text-align:justify\"><span style=\"font-size:11pt\"><span style=\"line-height:normal\"><span calibri=\"\" style=\"font-family:\"><a href=\"https:\/\/www.textiletechnology.net\/technology\/interview\/3-questions-for-thomas-waldmann-vdma-what-influence-does-the-current-situation-has-on-the-textile-machinery-industry-31717?utm_source=%2Fmeta%2Fnewsletter%2Fnewsletter&amp;utm_medium=newsletter&amp;utm_campaign=nl774&amp;utm_term=0801b20e08c3242125d512808cd74302\" style=\"color:blue; text-decoration:underline\"><span style=\"font-size:12.0pt\">What influence does the current situation has on the textile machinery industry?<\/span><\/a><\/span><\/span><\/span><\/p>\r\n\r\n<p style=\"text-align:justify\"><span style=\"font-size:11pt\"><span style=\"line-height:normal\"><span calibri=\"\" style=\"font-family:\"><a href=\"https:\/\/www.nonwovens-industry.com\/issues\/2022-02-01\/view_features\/personal-care-wipes?utm_source=SilverpopMailing&amp;utm_medium=email&amp;utm_campaign=NON_eNewsletter+%282-24-2022%29+%28Final%29&amp;utm_content=&amp;spMailingID=7975796&amp;spUserID=NzcxNzIyNDQyMzgS1&amp;spJobID=1440749824&amp;spReportId=MTQ0MDc0OTgyNAS2\" style=\"color:blue; text-decoration:underline\"><span style=\"font-size:12.0pt\">The Personal Care Wipes Market<\/span><\/a><\/span><\/span><\/span><\/p>\r\n\r\n<p class=\"MsoTitle\" style=\"text-align:justify\"><span style=\"font-size:28pt\"><span cambria=\"\" style=\"font-family:\"><span style=\"letter-spacing:-0.5pt\"><b><span style=\"font-size:18.0pt\"><span calibri=\"\" style=\"font-family:\"><span style=\"font-variant:small-caps\">Ind&uacute;stria<\/span><\/span><\/span><\/b><\/span><\/span><\/span><\/p>\r\n\r\n<p style=\"text-align:justify\"><span style=\"font-size:11pt\"><span style=\"line-height:normal\"><span calibri=\"\" style=\"font-family:\"><a href=\"https:\/\/www.fiesp.com.br\/noticias\/cenario-economico-em-2021-a-producao-da-industria-nacional-cresceu-39\/\" style=\"color:blue; text-decoration:underline\"><span style=\"font-size:12.0pt\">Em 2021, a produ&ccedil;&atilde;o da ind&uacute;stria nacional cresceu 3,9%. Conhe&ccedil;a o estudo<\/span><\/a><\/span><\/span><\/span><\/p>\r\n\r\n<p style=\"text-align:justify\"><span style=\"font-size:11pt\"><span style=\"line-height:normal\"><span calibri=\"\" style=\"font-family:\"><a href=\"https:\/\/noticias.portaldaindustria.com.br\/noticias\/economia\/conheca-a-industria-brasileira-de-couro-e-calcados\/\" style=\"color:blue; text-decoration:underline\"><span style=\"font-size:12.0pt\">Conhe&ccedil;a a ind&uacute;stria brasileira de couro e cal&ccedil;ados<\/span><\/a><\/span><\/span><\/span><\/p>\r\n\r\n<p class=\"MsoTitle\" style=\"text-align:justify\"><span style=\"font-size:28pt\"><span cambria=\"\" style=\"font-family:\"><span style=\"letter-spacing:-0.5pt\"><b><span style=\"font-size:18.0pt\"><span calibri=\"\" style=\"font-family:\"><span style=\"font-variant:small-caps\">Sustentabilidade<\/span><\/span><\/span><\/b><\/span><\/span><\/span><\/p>\r\n\r\n<p style=\"text-align:justify\"><span style=\"font-size:11pt\"><span style=\"line-height:normal\"><span calibri=\"\" style=\"font-family:\"><a href=\"https:\/\/plasticosemrevista.com.br\/reciclagem-quimica-a-caminho-dos-100-projetos\/\" style=\"color:blue; text-decoration:underline\"><span style=\"font-size:12.0pt\">Reciclagem qu&iacute;mica a caminho dos 100 projetos<\/span><\/a><\/span><\/span><\/span><\/p>\r\n\r\n<p style=\"text-align:justify\"><span style=\"font-size:11pt\"><span style=\"line-height:normal\"><span calibri=\"\" style=\"font-family:\"><a href=\"https:\/\/www.segs.com.br\/demais\/334813-sustentabilidade-e-esg-na-construcao-civil\" style=\"color:blue; text-decoration:underline\"><span style=\"font-size:12.0pt\">Sustentabilidade e ESG na constru&ccedil;&atilde;o civil<\/span><\/a><\/span><\/span><\/span><\/p>\r\n\r\n<p style=\"text-align:justify\"><span style=\"font-size:11pt\"><span style=\"line-height:normal\"><span calibri=\"\" style=\"font-family:\"><a href=\"http:\/\/textileindustry.ning.com\/forum\/topics\/consumidor-est-cada-vez-mais-preocupado-com-sustentabilidade-e\" style=\"color:blue; text-decoration:underline\"><span style=\"font-size:12.0pt\">Consumidor est&aacute; cada vez mais preocupado com sustentabilidade e transpar&ecirc;ncia de empresas<\/span><\/a><\/span><\/span><\/span><\/p>\r\n\r\n<p style=\"text-align:justify\"><span style=\"font-size:11pt\"><span style=\"line-height:normal\"><span calibri=\"\" style=\"font-family:\"><a href=\"https:\/\/embalagemmarca.com.br\/2022\/02\/braskem-e-molecoola-instalam-pontos-de-coleta-de-residuos\/\" style=\"color:blue; text-decoration:underline\"><span style=\"font-size:12.0pt\">Braskem e Mol&eacute;coola instalam pontos de coleta de res&iacute;duos<\/span><\/a><\/span><\/span><\/span><\/p>\r\n\r\n<p class=\"MsoTitle\" style=\"text-align:justify\"><span style=\"font-size:28pt\"><span cambria=\"\" style=\"font-family:\"><span style=\"letter-spacing:-0.5pt\"><b><span style=\"font-size:18.0pt\"><span calibri=\"\" style=\"font-family:\"><span style=\"font-variant:small-caps\">Inova&ccedil;&atilde;o<\/span><\/span><\/span><\/b><\/span><\/span><\/span><\/p>\r\n\r\n<p style=\"text-align:justify\"><span style=\"font-size:11pt\"><span style=\"line-height:normal\"><span calibri=\"\" style=\"font-family:\"><a href=\"https:\/\/gbljeans.com.br\/mercado\/producao-limpa\/residuos-agricolas-podem-virar-fibras\/\" style=\"color:blue; text-decoration:underline\"><span style=\"font-size:12.0pt\">Res&iacute;duos agr&iacute;colas podem virar fibras<\/span><\/a> <\/span><\/span><\/span><\/p>\r\n\r\n<p class=\"MsoTitle\" style=\"text-align:justify\"><span style=\"font-size:28pt\"><span cambria=\"\" style=\"font-family:\"><span style=\"letter-spacing:-0.5pt\"><b><span style=\"font-size:18.0pt\"><span calibri=\"\" style=\"font-family:\"><span style=\"font-variant:small-caps\">Com&eacute;rcio Exterior<\/span><\/span><\/span><\/b><\/span><\/span><\/span><\/p>\r\n\r\n<p style=\"text-align:justify\"><span style=\"font-size:11pt\"><span style=\"line-height:normal\"><span calibri=\"\" style=\"font-family:\"><a href=\"https:\/\/noticias.portaldaindustria.com.br\/artigos\/robson-braga-de-andrade\/ingresso-na-ocde-e-prioridade-de-estado\/\" style=\"color:blue; text-decoration:underline\"><span style=\"font-size:12.0pt\">Ingresso na OCDE &eacute; prioridade de Estado<\/span><\/a><\/span><\/span><\/span><\/p>\r\n\r\n<p style=\"text-align:justify\"><span style=\"font-size:11pt\"><span style=\"line-height:normal\"><span calibri=\"\" style=\"font-family:\"><a href=\"https:\/\/www.comexdobrasil.com\/avancos-em-facilitacao-do-comercio-defesa-comercial-e-modernizacao-do-mercosul-sao-destaques-do-anuario-do-comercio-exterior\/\" style=\"color:blue; text-decoration:underline\"><span style=\"font-size:12.0pt\">Avan&ccedil;o em facilita&ccedil;&atilde;o do com&eacute;rcio exterior, defesa comercial e moderniza&ccedil;&atilde;o do Mercosul s&atilde;o destaques do Anu&aacute;rio do Com&eacute;rcio Exterior<\/span><\/a><\/span><\/span><\/span><\/p>\r\n\r\n<p style=\"text-align:justify\"><span style=\"font-size:11pt\"><span style=\"line-height:normal\"><span calibri=\"\" style=\"font-family:\"><a href=\"https:\/\/noticias.portaldaindustria.com.br\/noticias\/competitividade\/paralisacao-na-receita-afetou-96-das-empresas-ouvidas-pela-cni\/\" style=\"color:blue; text-decoration:underline\"><span style=\"font-size:12.0pt\">Paralisa&ccedil;&atilde;o na Receita afetou 96% das empresas ouvidas pela CNI<\/span><\/a><\/span><\/span><\/span><\/p>\r\n\r\n<p style=\"text-align:justify\"><span style=\"font-size:11pt\"><span style=\"line-height:normal\"><span calibri=\"\" style=\"font-family:\"><a href=\"https:\/\/blogdoibre.fgv.br\/posts\/china-os-desafios-de-2022\" style=\"color:blue; text-decoration:underline\"><span style=\"font-size:12.0pt\">China: os desafios de 2022<\/span><\/a><\/span><\/span><\/span><\/p>\r\n\r\n<p class=\"MsoTitle\" style=\"text-align:justify\"><span style=\"font-size:28pt\"><span cambria=\"\" style=\"font-family:\"><span style=\"letter-spacing:-0.5pt\"><b><span style=\"font-size:18.0pt\"><span calibri=\"\" style=\"font-family:\"><span style=\"font-variant:small-caps\">Economia<\/span><\/span><\/span><\/b><\/span><\/span><\/span><\/p>\r\n\r\n<p style=\"text-align:justify\"><span style=\"font-size:11pt\"><span style=\"line-height:normal\"><span calibri=\"\" style=\"font-family:\"><a href=\"https:\/\/www.bcb.gov.br\/content\/focus\/focus\/R20220225.pdf\" style=\"color:blue; text-decoration:underline\"><span style=\"font-size:12.0pt\">Boletim FOCUS<\/span><\/a> <\/span><\/span><\/span><\/p>\r\n\r\n<p style=\"text-align:justify\"><span style=\"font-size:11pt\"><span style=\"line-height:normal\"><span calibri=\"\" style=\"font-family:\"><a href=\"https:\/\/noticias.portaldaindustria.com.br\/posicionamentos\/industria-apoia-novo-relatorio-da-pec-110-diz-cni\/\" style=\"color:blue; text-decoration:underline\"><span style=\"font-size:12.0pt\">Ind&uacute;stria apoia novo relat&oacute;rio da PEC 110, diz CNI<\/span><\/a><\/span><\/span><\/span><\/p>\r\n\r\n<p style=\"text-align:justify\"><span style=\"font-size:11pt\"><span style=\"line-height:normal\"><span calibri=\"\" style=\"font-family:\"><a href=\"https:\/\/www.fiesp.com.br\/noticias\/monitoramento-da-fiesp-revela-tendencias-que-vao-transformar-o-mundo-nas-proximas-decadas\/\" style=\"color:blue; text-decoration:underline\"><span style=\"font-size:12.0pt\">Monitoramento da Fiesp revela tend&ecirc;ncias que v&atilde;o transformar o mundo nas pr&oacute;ximas d&eacute;cadas<\/span><\/a><\/span><\/span><\/span><\/p>\r\n\r\n<p style=\"text-align:justify\"><span style=\"font-size:11pt\"><span style=\"line-height:normal\"><span calibri=\"\" style=\"font-family:\"><a href=\"https:\/\/portalibre.fgv.br\/noticias\/clima-economico-da-america-latina-mantem-trajetoria-de-queda-apesar-de-ligeira-melhora-das\" style=\"color:blue; text-decoration:underline\"><span style=\"font-size:12.0pt\">Clima Econ&ocirc;mico da Am&eacute;rica Latina mant&eacute;m a trajet&oacute;ria de queda apesar de ligeira melhora das expectativas<\/span><\/a><\/span><\/span><\/span><\/p>\r\n\r\n<p style=\"text-align:justify\"><span style=\"font-size:11pt\"><span style=\"line-height:normal\"><span calibri=\"\" style=\"font-family:\"><a href=\"https:\/\/agenciabrasil.ebc.com.br\/economia\/noticia\/2022-02\/ibge-desemprego-no-pais-cai-para-111-no-quarto-trimestre\" style=\"color:blue; text-decoration:underline\"><span style=\"font-size:12.0pt\">IBGE: desemprego no pa&iacute;s cai para 11,1% no quarto trimestre<\/span><\/a><\/span><\/span><\/span><\/p>\r\n\r\n<p style=\"text-align:justify\"><span style=\"font-size:11pt\"><span style=\"line-height:normal\"><span calibri=\"\" style=\"font-family:\"><a href=\"https:\/\/portalibre.fgv.br\/noticias\/confianca-da-industria-recua-17-ponto-em-fevereiro-7a-queda-consecutiva-do-indice\" style=\"color:blue; text-decoration:underline\"><span style=\"font-size:12.0pt\">Confian&ccedil;a da Ind&uacute;stria recua 1,7 ponto em fevereiro, 7&ordf; queda consecutiva do &iacute;ndice<\/span><\/a><\/span><\/span><\/span><\/p>\r\n\r\n<p style=\"text-align:justify\"><span style=\"font-size:11pt\"><span style=\"line-height:normal\"><span calibri=\"\" style=\"font-family:\"><a href=\"https:\/\/portalibre.fgv.br\/noticias\/confianca-empresarial-cai-05-ponto-em-fevereiro-e-atinge-menor-nivel-desde-abril-de-2021\" style=\"color:blue; text-decoration:underline\"><span style=\"font-size:12.0pt\">Confian&ccedil;a Empresarial cai 0,5 ponto em fevereiro e atinge menor n&iacute;vel desde abril de 2021<\/span><\/a> <\/span><\/span><\/span><\/p>\r\n\r\n<p style=\"text-align:justify\"><span style=\"font-size:11pt\"><span style=\"line-height:normal\"><span calibri=\"\" style=\"font-family:\"><a href=\"https:\/\/portalibre.fgv.br\/noticias\/confianca-da-construcao-sobe-09-ponto-em-fevereiro\" style=\"color:blue; text-decoration:underline\"><span style=\"font-size:12.0pt\">Confian&ccedil;a da Constru&ccedil;&atilde;o sobe 0,9 ponto em fevereiro<\/span><\/a><\/span><\/span><\/span><\/p>\r\n\r\n<p style=\"text-align:justify\"><span style=\"font-size:11pt\"><span style=\"line-height:normal\"><span calibri=\"\" style=\"font-family:\"><a href=\"https:\/\/portalibre.fgv.br\/noticias\/indice-nacional-de-custo-da-construcao-varia-048-em-fevereiro\" style=\"color:blue; text-decoration:underline\"><span style=\"font-size:12.0pt\">&Iacute;ndice Nacional de Custo da Constru&ccedil;&atilde;o varia 0,48% em fevereiro<\/span><\/a><\/span><\/span><\/span><\/p>\r\n","6":"<p style=\"text-align:justify\"><span style=\"font-size:11pt\"><span style=\"line-height:normal\"><span calibri=\"\" style=\"font-family:\"><span style=\"font-size:12.0pt\">Esta &eacute; uma compila&ccedil;&atilde;o das not&iacute;cias mais relevantes para o setor, incluindo informa&ccedil;&otilde;es sobre acordos internacionais, economia brasileira, sustentabilidade e mat&eacute;rias-primas, al&eacute;m de novidades do setor de N&atilde;otecidos e Tecidos T&eacute;cnicos.<\/span><\/span><\/span><\/span><\/p>\r\n\r\n<p class=\"MsoTitle\" style=\"text-align:justify\"><span style=\"font-size:28pt\"><span cambria=\"\" style=\"font-family:\"><span style=\"letter-spacing:-0.5pt\"><b><span style=\"font-size:18.0pt\"><span calibri=\"\" style=\"font-family:\"><span style=\"font-variant:small-caps\">A&ccedil;&otilde;es da ABINT<\/span><\/span><\/span><\/b><\/span><\/span><\/span><\/p>\r\n\r\n<p style=\"text-align:justify\"><span style=\"font-size:11pt\"><span style=\"line-height:normal\"><span calibri=\"\" style=\"font-family:\"><b><span style=\"font-size:12.0pt\">O CTG - Comit&ecirc; T&eacute;cnico de Geossint&eacute;ticos da ABINT &eacute; apoiador da FENSAN 2022. <\/span><\/b><\/span><\/span><\/span><\/p>\r\n\r\n<p style=\"text-align:justify\"><span style=\"font-size:11pt\"><span style=\"line-height:normal\"><span calibri=\"\" style=\"font-family:\"><span style=\"font-size:12.0pt\">A FENASAN 2022 - Feira Nacional de Saneamento e Meio Ambiente ocorrer&aacute; de 13 a 15 de setembro de 2022, no Pavilh&atilde;o Branco do Expo Center Norte, em S&atilde;o Paulo, em paralelo ao 33&ordm; Encontro T&eacute;cnico AESabesp. Informa&ccedil;&otilde;es: <\/span><a href=\"https:\/\/fenasan.com.br\/\" style=\"color:blue; text-decoration:underline\"><span style=\"font-size:12.0pt\">https:\/\/fenasan.com.br\/<\/span><\/a> <\/span><\/span><\/span><\/p>\r\n\r\n<p style=\"text-align:justify\"><span style=\"font-size:11pt\"><span style=\"line-height:normal\"><span calibri=\"\" style=\"font-family:\"><b><span style=\"font-size:12.0pt\">A ABINT &eacute; apoiadora da ITMA 2023<\/span><\/b><span style=\"font-size:12.0pt\">.<\/span><\/span><\/span><\/span><\/p>\r\n\r\n<p style=\"text-align:justify\"><span style=\"font-size:11pt\"><span style=\"line-height:normal\"><span calibri=\"\" style=\"font-family:\"><span style=\"font-size:12.0pt\">O Cematex (Comit&ecirc; Europeu de Fabricantes de M&aacute;quinas T&ecirc;xteis) anunciou que esta, que ser&aacute; a 19&ordf; edi&ccedil;&atilde;o da feira internacional da ind&uacute;stria t&ecirc;xtil, ser&aacute; realizada em Mil&atilde;o, na It&aacute;lia, entre os dias 8 e 14 de junho de 2023. Informa&ccedil;&otilde;es: <\/span><a href=\"https:\/\/us10.campaign-archive.com\/?u=bfd40377d82c98d83d82824c4&amp;id=5bd5c4a7a5&amp;e=4d4cd8558e\" style=\"color:blue; text-decoration:underline\"><span style=\"font-size:12.0pt\"><span style=\"color:blue\">clique aqui<\/span><\/span><\/a> <\/span><\/span><\/span><\/p>\r\n\r\n<p class=\"MsoTitle\" style=\"text-align:justify\"><span style=\"font-size:28pt\"><span cambria=\"\" style=\"font-family:\"><span style=\"letter-spacing:-0.5pt\"><b><span style=\"font-size:18.0pt\"><span calibri=\"\" style=\"font-family:\"><span style=\"font-variant:small-caps\">Eventos<\/span><\/span><\/span><\/b><\/span><\/span><\/span><\/p>\r\n\r\n<p style=\"text-align:justify\"><span style=\"font-size:11pt\"><span style=\"line-height:normal\"><span calibri=\"\" style=\"font-family:\"><b><span style=\"font-size:12.0pt\">Nova Lei de Licita&ccedil;&otilde;es com Foco na Sa&uacute;de<\/span><\/b><span style=\"font-size:12.0pt\">, data 08 de mar&ccedil;o de 2022. Informa&ccedil;&otilde;es: <\/span><a href=\"http:\/\/emkt.fiesp.ind.br\/emkt\/tracer\/?1,7157074,56763a32,7b67\" style=\"color:blue; text-decoration:underline\"><span style=\"font-size:12.0pt\">clique aqui<\/span><\/a><span style=\"font-size:12.0pt\">.<\/span><\/span><\/span><\/span><\/p>\r\n\r\n<p style=\"text-align:justify\"><span style=\"font-size:11pt\"><span style=\"line-height:normal\"><span calibri=\"\" style=\"font-family:\"><b><span style=\"font-size:12.0pt\">45&ordf; FIMEC <\/span><\/b><span style=\"font-size:12.0pt\">(Feira Internacional de Couros, Produtos Qu&iacute;micos, Componentes, M&aacute;quinas e Equipamentos para Cal&ccedil;ados e Curtumes), data 08 a 10 de mar&ccedil;o de 2022, Novo Hamburgo\/RS. Informa&ccedil;&otilde;es: <\/span><a href=\"https:\/\/www.fimec.com.br\" style=\"color:blue; text-decoration:underline\"><span style=\"font-size:12.0pt\">https:\/\/www.fimec.com.br<\/span><\/a> <\/span><\/span><\/span><\/p>\r\n\r\n<p style=\"text-align:justify\"><span style=\"font-size:11pt\"><span style=\"line-height:normal\"><span calibri=\"\" style=\"font-family:\"><b><span style=\"font-size:12.0pt\">9&ordm; Congresso Brasileiro de Inova&ccedil;&atilde;o da Ind&uacute;stria, <\/span><\/b><span style=\"font-size:12.0pt\">data: 09 e 10 de mar&ccedil;o de 2022. Informa&ccedil;&otilde;es: <\/span><a href=\"https:\/\/www.congressodeinovacao.com.br\/\" style=\"color:blue; text-decoration:underline\">https:\/\/www.congressodeinovacao.com.br\/<\/a> <\/span><\/span><\/span><\/p>\r\n\r\n<p style=\"text-align:justify\"><span style=\"font-size:11pt\"><span style=\"line-height:normal\"><span calibri=\"\" style=\"font-family:\"><b><span style=\"font-size:12.0pt\">Panorama Nacional da Log&iacute;stica Reversa - Desafios e Perspectivas para 2022<\/span><\/b><span style=\"font-size:12.0pt\">, data: 10 de mar&ccedil;o. Informa&ccedil;&otilde;es e inscri&ccedil;&otilde;es: <\/span><a href=\"https:\/\/info.eureciclo.com.br\/panorama_nacional?utm_campaign=Webinars%20%7C%20Marketing&amp;utm_medium=email&amp;_hsmi=205680188&amp;_hsenc=p2ANqtz-8rJ5X2C76hRYjieLlbt85kJqNT4F_xg7XeXwUPWbtAgAgcg-R2jRHUYcV9U1tETsjHbgSv1SUTkmhJWX2lpBm2LTqfkA&amp;utm_content=205680188&amp;utm_source=hs_email\" style=\"color:blue; text-decoration:underline\"><span style=\"font-size:12.0pt\">clique aqui<\/span><\/a><\/span><\/span><\/span><\/p>\r\n\r\n<p style=\"text-align:justify\"><span style=\"font-size:11pt\"><span style=\"line-height:normal\"><span calibri=\"\" style=\"font-family:\"><b><span style=\"font-size:12.0pt\">FGV IBRE | I Semin&aacute;rio de An&aacute;lise Conjuntural<\/span><\/b><span style=\"font-size:12.0pt\">, data 10 de mar&ccedil;o de 2022. Informa&ccedil;&otilde;es: <\/span><a href=\"https:\/\/evento.fgv.br\/analiseconjuntural_1\/\" style=\"color:blue; text-decoration:underline\"><span style=\"font-size:12.0pt\">clique aqui<\/span><\/a><\/span><\/span><\/span><\/p>\r\n\r\n<p class=\"MsoTitle\" style=\"text-align:justify\"><span style=\"font-size:28pt\"><span cambria=\"\" style=\"font-family:\"><span style=\"letter-spacing:-0.5pt\"><b><span style=\"font-size:18.0pt\"><span calibri=\"\" style=\"font-family:\"><span style=\"font-variant:small-caps\">Setor<\/span><\/span><\/span><\/b><\/span><\/span><\/span><\/p>\r\n\r\n<p style=\"text-align:justify\"><span style=\"font-size:11pt\"><span style=\"line-height:normal\"><span calibri=\"\" style=\"font-family:\"><a href=\"https:\/\/www.textiletechnology.net\/technology\/news\/itmf-business-expectations-remain-favorable-along-value-chain-31709?utm_source=%2Fmeta%2Fnewsletter%2Fnewsletter&amp;utm_medium=newsletter&amp;utm_campaign=nl774&amp;utm_term=0801b20e08c3242125d512808cd74302\" style=\"color:blue; text-decoration:underline\"><span style=\"font-size:12.0pt\">Expectations remain favorable along value chain<\/span><\/a><\/span><\/span><\/span><\/p>\r\n\r\n<p style=\"text-align:justify\"><span style=\"font-size:11pt\"><span style=\"line-height:normal\"><span calibri=\"\" style=\"font-family:\"><a href=\"https:\/\/www.textiletechnology.net\/technology\/interview\/3-questions-for-thomas-waldmann-vdma-what-influence-does-the-current-situation-has-on-the-textile-machinery-industry-31717?utm_source=%2Fmeta%2Fnewsletter%2Fnewsletter&amp;utm_medium=newsletter&amp;utm_campaign=nl774&amp;utm_term=0801b20e08c3242125d512808cd74302\" style=\"color:blue; text-decoration:underline\"><span style=\"font-size:12.0pt\">What influence does the current situation has on the textile machinery industry?<\/span><\/a><\/span><\/span><\/span><\/p>\r\n\r\n<p style=\"text-align:justify\"><span style=\"font-size:11pt\"><span style=\"line-height:normal\"><span calibri=\"\" style=\"font-family:\"><a href=\"https:\/\/www.nonwovens-industry.com\/issues\/2022-02-01\/view_features\/personal-care-wipes?utm_source=SilverpopMailing&amp;utm_medium=email&amp;utm_campaign=NON_eNewsletter+%282-24-2022%29+%28Final%29&amp;utm_content=&amp;spMailingID=7975796&amp;spUserID=NzcxNzIyNDQyMzgS1&amp;spJobID=1440749824&amp;spReportId=MTQ0MDc0OTgyNAS2\" style=\"color:blue; text-decoration:underline\"><span style=\"font-size:12.0pt\">The Personal Care Wipes Market<\/span><\/a><\/span><\/span><\/span><\/p>\r\n\r\n<p class=\"MsoTitle\" style=\"text-align:justify\"><span style=\"font-size:28pt\"><span cambria=\"\" style=\"font-family:\"><span style=\"letter-spacing:-0.5pt\"><b><span style=\"font-size:18.0pt\"><span calibri=\"\" style=\"font-family:\"><span style=\"font-variant:small-caps\">Ind&uacute;stria<\/span><\/span><\/span><\/b><\/span><\/span><\/span><\/p>\r\n\r\n<p style=\"text-align:justify\"><span style=\"font-size:11pt\"><span style=\"line-height:normal\"><span calibri=\"\" style=\"font-family:\"><a href=\"https:\/\/www.fiesp.com.br\/noticias\/cenario-economico-em-2021-a-producao-da-industria-nacional-cresceu-39\/\" style=\"color:blue; text-decoration:underline\"><span style=\"font-size:12.0pt\">Em 2021, a produ&ccedil;&atilde;o da ind&uacute;stria nacional cresceu 3,9%. Conhe&ccedil;a o estudo<\/span><\/a><\/span><\/span><\/span><\/p>\r\n\r\n<p style=\"text-align:justify\"><span style=\"font-size:11pt\"><span style=\"line-height:normal\"><span calibri=\"\" style=\"font-family:\"><a href=\"https:\/\/noticias.portaldaindustria.com.br\/noticias\/economia\/conheca-a-industria-brasileira-de-couro-e-calcados\/\" style=\"color:blue; text-decoration:underline\"><span style=\"font-size:12.0pt\">Conhe&ccedil;a a ind&uacute;stria brasileira de couro e cal&ccedil;ados<\/span><\/a><\/span><\/span><\/span><\/p>\r\n\r\n<p class=\"MsoTitle\" style=\"text-align:justify\"><span style=\"font-size:28pt\"><span cambria=\"\" style=\"font-family:\"><span style=\"letter-spacing:-0.5pt\"><b><span style=\"font-size:18.0pt\"><span calibri=\"\" style=\"font-family:\"><span style=\"font-variant:small-caps\">Sustentabilidade<\/span><\/span><\/span><\/b><\/span><\/span><\/span><\/p>\r\n\r\n<p style=\"text-align:justify\"><span style=\"font-size:11pt\"><span style=\"line-height:normal\"><span calibri=\"\" style=\"font-family:\"><a href=\"https:\/\/plasticosemrevista.com.br\/reciclagem-quimica-a-caminho-dos-100-projetos\/\" style=\"color:blue; text-decoration:underline\"><span style=\"font-size:12.0pt\">Reciclagem qu&iacute;mica a caminho dos 100 projetos<\/span><\/a><\/span><\/span><\/span><\/p>\r\n\r\n<p style=\"text-align:justify\"><span style=\"font-size:11pt\"><span style=\"line-height:normal\"><span calibri=\"\" style=\"font-family:\"><a href=\"https:\/\/www.segs.com.br\/demais\/334813-sustentabilidade-e-esg-na-construcao-civil\" style=\"color:blue; text-decoration:underline\"><span style=\"font-size:12.0pt\">Sustentabilidade e ESG na constru&ccedil;&atilde;o civil<\/span><\/a><\/span><\/span><\/span><\/p>\r\n\r\n<p style=\"text-align:justify\"><span style=\"font-size:11pt\"><span style=\"line-height:normal\"><span calibri=\"\" style=\"font-family:\"><a href=\"http:\/\/textileindustry.ning.com\/forum\/topics\/consumidor-est-cada-vez-mais-preocupado-com-sustentabilidade-e\" style=\"color:blue; text-decoration:underline\"><span style=\"font-size:12.0pt\">Consumidor est&aacute; cada vez mais preocupado com sustentabilidade e transpar&ecirc;ncia de empresas<\/span><\/a><\/span><\/span><\/span><\/p>\r\n\r\n<p style=\"text-align:justify\"><span style=\"font-size:11pt\"><span style=\"line-height:normal\"><span calibri=\"\" style=\"font-family:\"><a href=\"https:\/\/embalagemmarca.com.br\/2022\/02\/braskem-e-molecoola-instalam-pontos-de-coleta-de-residuos\/\" style=\"color:blue; text-decoration:underline\"><span style=\"font-size:12.0pt\">Braskem e Mol&eacute;coola instalam pontos de coleta de res&iacute;duos<\/span><\/a><\/span><\/span><\/span><\/p>\r\n\r\n<p class=\"MsoTitle\" style=\"text-align:justify\"><span style=\"font-size:28pt\"><span cambria=\"\" style=\"font-family:\"><span style=\"letter-spacing:-0.5pt\"><b><span style=\"font-size:18.0pt\"><span calibri=\"\" style=\"font-family:\"><span style=\"font-variant:small-caps\">Inova&ccedil;&atilde;o<\/span><\/span><\/span><\/b><\/span><\/span><\/span><\/p>\r\n\r\n<p style=\"text-align:justify\"><span style=\"font-size:11pt\"><span style=\"line-height:normal\"><span calibri=\"\" style=\"font-family:\"><a href=\"https:\/\/gbljeans.com.br\/mercado\/producao-limpa\/residuos-agricolas-podem-virar-fibras\/\" style=\"color:blue; text-decoration:underline\"><span style=\"font-size:12.0pt\">Res&iacute;duos agr&iacute;colas podem virar fibras<\/span><\/a> <\/span><\/span><\/span><\/p>\r\n\r\n<p class=\"MsoTitle\" style=\"text-align:justify\"><span style=\"font-size:28pt\"><span cambria=\"\" style=\"font-family:\"><span style=\"letter-spacing:-0.5pt\"><b><span style=\"font-size:18.0pt\"><span calibri=\"\" style=\"font-family:\"><span style=\"font-variant:small-caps\">Com&eacute;rcio Exterior<\/span><\/span><\/span><\/b><\/span><\/span><\/span><\/p>\r\n\r\n<p style=\"text-align:justify\"><span style=\"font-size:11pt\"><span style=\"line-height:normal\"><span calibri=\"\" style=\"font-family:\"><a href=\"https:\/\/noticias.portaldaindustria.com.br\/artigos\/robson-braga-de-andrade\/ingresso-na-ocde-e-prioridade-de-estado\/\" style=\"color:blue; text-decoration:underline\"><span style=\"font-size:12.0pt\">Ingresso na OCDE &eacute; prioridade de Estado<\/span><\/a><\/span><\/span><\/span><\/p>\r\n\r\n<p style=\"text-align:justify\"><span style=\"font-size:11pt\"><span style=\"line-height:normal\"><span calibri=\"\" style=\"font-family:\"><a href=\"https:\/\/www.comexdobrasil.com\/avancos-em-facilitacao-do-comercio-defesa-comercial-e-modernizacao-do-mercosul-sao-destaques-do-anuario-do-comercio-exterior\/\" style=\"color:blue; text-decoration:underline\"><span style=\"font-size:12.0pt\">Avan&ccedil;o em facilita&ccedil;&atilde;o do com&eacute;rcio exterior, defesa comercial e moderniza&ccedil;&atilde;o do Mercosul s&atilde;o destaques do Anu&aacute;rio do Com&eacute;rcio Exterior<\/span><\/a><\/span><\/span><\/span><\/p>\r\n\r\n<p style=\"text-align:justify\"><span style=\"font-size:11pt\"><span style=\"line-height:normal\"><span calibri=\"\" style=\"font-family:\"><a href=\"https:\/\/noticias.portaldaindustria.com.br\/noticias\/competitividade\/paralisacao-na-receita-afetou-96-das-empresas-ouvidas-pela-cni\/\" style=\"color:blue; text-decoration:underline\"><span style=\"font-size:12.0pt\">Paralisa&ccedil;&atilde;o na Receita afetou 96% das empresas ouvidas pela CNI<\/span><\/a><\/span><\/span><\/span><\/p>\r\n\r\n<p style=\"text-align:justify\"><span style=\"font-size:11pt\"><span style=\"line-height:normal\"><span calibri=\"\" style=\"font-family:\"><a href=\"https:\/\/blogdoibre.fgv.br\/posts\/china-os-desafios-de-2022\" style=\"color:blue; text-decoration:underline\"><span style=\"font-size:12.0pt\">China: os desafios de 2022<\/span><\/a><\/span><\/span><\/span><\/p>\r\n\r\n<p class=\"MsoTitle\" style=\"text-align:justify\"><span style=\"font-size:28pt\"><span cambria=\"\" style=\"font-family:\"><span style=\"letter-spacing:-0.5pt\"><b><span style=\"font-size:18.0pt\"><span calibri=\"\" style=\"font-family:\"><span style=\"font-variant:small-caps\">Economia<\/span><\/span><\/span><\/b><\/span><\/span><\/span><\/p>\r\n\r\n<p style=\"text-align:justify\"><span style=\"font-size:11pt\"><span style=\"line-height:normal\"><span calibri=\"\" style=\"font-family:\"><a href=\"https:\/\/www.bcb.gov.br\/content\/focus\/focus\/R20220225.pdf\" style=\"color:blue; text-decoration:underline\"><span style=\"font-size:12.0pt\">Boletim FOCUS<\/span><\/a> <\/span><\/span><\/span><\/p>\r\n\r\n<p style=\"text-align:justify\"><span style=\"font-size:11pt\"><span style=\"line-height:normal\"><span calibri=\"\" style=\"font-family:\"><a href=\"https:\/\/noticias.portaldaindustria.com.br\/posicionamentos\/industria-apoia-novo-relatorio-da-pec-110-diz-cni\/\" style=\"color:blue; text-decoration:underline\"><span style=\"font-size:12.0pt\">Ind&uacute;stria apoia novo relat&oacute;rio da PEC 110, diz CNI<\/span><\/a><\/span><\/span><\/span><\/p>\r\n\r\n<p style=\"text-align:justify\"><span style=\"font-size:11pt\"><span style=\"line-height:normal\"><span calibri=\"\" style=\"font-family:\"><a href=\"https:\/\/www.fiesp.com.br\/noticias\/monitoramento-da-fiesp-revela-tendencias-que-vao-transformar-o-mundo-nas-proximas-decadas\/\" style=\"color:blue; text-decoration:underline\"><span style=\"font-size:12.0pt\">Monitoramento da Fiesp revela tend&ecirc;ncias que v&atilde;o transformar o mundo nas pr&oacute;ximas d&eacute;cadas<\/span><\/a><\/span><\/span><\/span><\/p>\r\n\r\n<p style=\"text-align:justify\"><span style=\"font-size:11pt\"><span style=\"line-height:normal\"><span calibri=\"\" style=\"font-family:\"><a href=\"https:\/\/portalibre.fgv.br\/noticias\/clima-economico-da-america-latina-mantem-trajetoria-de-queda-apesar-de-ligeira-melhora-das\" style=\"color:blue; text-decoration:underline\"><span style=\"font-size:12.0pt\">Clima Econ&ocirc;mico da Am&eacute;rica Latina mant&eacute;m a trajet&oacute;ria de queda apesar de ligeira melhora das expectativas<\/span><\/a><\/span><\/span><\/span><\/p>\r\n\r\n<p style=\"text-align:justify\"><span style=\"font-size:11pt\"><span style=\"line-height:normal\"><span calibri=\"\" style=\"font-family:\"><a href=\"https:\/\/agenciabrasil.ebc.com.br\/economia\/noticia\/2022-02\/ibge-desemprego-no-pais-cai-para-111-no-quarto-trimestre\" style=\"color:blue; text-decoration:underline\"><span style=\"font-size:12.0pt\">IBGE: desemprego no pa&iacute;s cai para 11,1% no quarto trimestre<\/span><\/a><\/span><\/span><\/span><\/p>\r\n\r\n<p style=\"text-align:justify\"><span style=\"font-size:11pt\"><span style=\"line-height:normal\"><span calibri=\"\" style=\"font-family:\"><a href=\"https:\/\/portalibre.fgv.br\/noticias\/confianca-da-industria-recua-17-ponto-em-fevereiro-7a-queda-consecutiva-do-indice\" style=\"color:blue; text-decoration:underline\"><span style=\"font-size:12.0pt\">Confian&ccedil;a da Ind&uacute;stria recua 1,7 ponto em fevereiro, 7&ordf; queda consecutiva do &iacute;ndice<\/span><\/a><\/span><\/span><\/span><\/p>\r\n\r\n<p style=\"text-align:justify\"><span style=\"font-size:11pt\"><span style=\"line-height:normal\"><span calibri=\"\" style=\"font-family:\"><a href=\"https:\/\/portalibre.fgv.br\/noticias\/confianca-empresarial-cai-05-ponto-em-fevereiro-e-atinge-menor-nivel-desde-abril-de-2021\" style=\"color:blue; text-decoration:underline\"><span style=\"font-size:12.0pt\">Confian&ccedil;a Empresarial cai 0,5 ponto em fevereiro e atinge menor n&iacute;vel desde abril de 2021<\/span><\/a> <\/span><\/span><\/span><\/p>\r\n\r\n<p style=\"text-align:justify\"><span style=\"font-size:11pt\"><span style=\"line-height:normal\"><span calibri=\"\" style=\"font-family:\"><a href=\"https:\/\/portalibre.fgv.br\/noticias\/confianca-da-construcao-sobe-09-ponto-em-fevereiro\" style=\"color:blue; text-decoration:underline\"><span style=\"font-size:12.0pt\">Confian&ccedil;a da Constru&ccedil;&atilde;o sobe 0,9 ponto em fevereiro<\/span><\/a><\/span><\/span><\/span><\/p>\r\n\r\n<p style=\"text-align:justify\"><span style=\"font-size:11pt\"><span style=\"line-height:normal\"><span calibri=\"\" style=\"font-family:\"><a href=\"https:\/\/portalibre.fgv.br\/noticias\/indice-nacional-de-custo-da-construcao-varia-048-em-fevereiro\" style=\"color:blue; text-decoration:underline\"><span style=\"font-size:12.0pt\">&Iacute;ndice Nacional de Custo da Constru&ccedil;&atilde;o varia 0,48% em fevereiro<\/span><\/a><\/span><\/span><\/span><\/p>\r\n","texto_en":"<p>.<\/p>\r\n","7":"<p>.<\/p>\r\n","imagem":"COMP_banner-padrao-home-destaques-boletim_20220303145910VSaWsyCdDs.jpg","8":"COMP_banner-padrao-home-destaques-boletim_20220303145910VSaWsyCdDs.jpg","arquivo":"20220303-NOTICIAS-SEMANAIS.PDF","9":"20220303-NOTICIAS-SEMANAIS.PDF","titulo_arquivo":"","10":"","titulo_arquivo_en":"","11":"","created_at":"2022-03-03 14:59:18","12":"2022-03-03 14:59:18","updated_at":"2022-03-29 16:52:08","13":"2022-03-29 16:52:08"},{"id":6,"0":6,"ordem":217,"1":217,"data":"2022-02-22","2":"2022-02-22","slug":"boletim-de-noticias-semanais-3","3":"boletim-de-noticias-semanais-3","titulo":"Boletim de Not\u00edcias Semanais","4":"Boletim de Not\u00edcias Semanais","titulo_en":"","5":"","texto":"<p style=\"text-align:justify\"><span style=\"font-size:11pt\"><span style=\"line-height:normal\"><span style=\"font-family:&quot;Calibri&quot;,sans-serif\"><span style=\"font-size:12.0pt\">Esta &eacute; uma compila&ccedil;&atilde;o das not&iacute;cias mais relevantes para o setor, incluindo informa&ccedil;&otilde;es sobre acordos internacionais, economia brasileira, sustentabilidade e mat&eacute;rias-primas, al&eacute;m de novidades do setor de N&atilde;otecidos e Tecidos T&eacute;cnicos.<\/span><\/span><\/span><\/span><\/p>\r\n\r\n<p class=\"MsoTitle\" style=\"text-align:justify\"><span style=\"font-size:28pt\"><span style=\"font-family:&quot;Cambria&quot;,serif\"><span style=\"letter-spacing:-0.5pt\"><b><span style=\"font-size:18.0pt\"><span style=\"font-family:&quot;Calibri&quot;,sans-serif\"><span style=\"font-variant:small-caps\">A&ccedil;&otilde;es da ABINT<\/span><\/span><\/span><\/b><\/span><\/span><\/span><\/p>\r\n\r\n<p style=\"text-align:justify\"><span style=\"font-size:11pt\"><span style=\"line-height:normal\"><span style=\"font-family:&quot;Calibri&quot;,sans-serif\"><b><span style=\"font-size:12.0pt\">A ABINT &eacute; apoiadora da ITMA 2023<\/span><\/b><span style=\"font-size:12.0pt\">. O Cematex (Comit&ecirc; Europeu de Fabricantes de M&aacute;quinas T&ecirc;xteis) anunciou que esta, que ser&aacute; a 19&ordf; edi&ccedil;&atilde;o da feira internacional da ind&uacute;stria t&ecirc;xtil, ser&aacute; realizada em Mil&atilde;o, na It&aacute;lia, entre os dias 8 e 14 de junho de 2023. Informa&ccedil;&otilde;es: <\/span><a href=\"https:\/\/us10.campaign-archive.com\/?u=bfd40377d82c98d83d82824c4&amp;id=5bd5c4a7a5&amp;e=4d4cd8558e\" style=\"color:blue; text-decoration:underline\"><span style=\"font-size:12.0pt\"><span style=\"color:blue\">clique aqui<\/span><\/span><\/a> <\/span><\/span><\/span><\/p>\r\n\r\n<p class=\"MsoTitle\" style=\"text-align:justify\"><span style=\"font-size:28pt\"><span style=\"font-family:&quot;Cambria&quot;,serif\"><span style=\"letter-spacing:-0.5pt\"><b><span style=\"font-size:18.0pt\"><span style=\"font-family:&quot;Calibri&quot;,sans-serif\"><span style=\"font-variant:small-caps\">Eventos<\/span><\/span><\/span><\/b><\/span><\/span><\/span><\/p>\r\n\r\n<p style=\"text-align:justify\"><span style=\"font-size:11pt\"><span style=\"line-height:normal\"><span style=\"font-family:&quot;Calibri&quot;,sans-serif\"><b><span style=\"font-size:12.0pt\">ABIT ACADEMY: Gest&atilde;o de riscos em opera&ccedil;&otilde;es de Com&eacute;rcio Exterior, <\/span><\/b><span style=\"font-size:12.0pt\">data: 22 de fevereiro de 2022. Informa&ccedil;&otilde;es: <\/span><a href=\"https:\/\/app.rdstation.email\/mail\/67efaa15-f8a4-4163-9081-da3e16d9c742?utm_campaign=convite_workshop_trade_compliance_-_31012022&amp;utm_medium=email&amp;utm_source=RD+Station\" style=\"color:blue; text-decoration:underline\"><span style=\"font-size:12.0pt\"><span style=\"color:blue\">clique aqui<\/span><\/span><\/a><span style=\"font-size:12.0pt\">.<\/span><\/span><\/span><\/span><\/p>\r\n\r\n<p style=\"text-align:justify\"><span style=\"font-size:11pt\"><span style=\"line-height:normal\"><span style=\"font-family:&quot;Calibri&quot;,sans-serif\"><b><span style=\"font-size:12.0pt\">Pol&iacute;tica Nacional de Barragens &eacute; tema do pr&oacute;ximo &quot;Ambiente em Foco Virtual&rdquo;,<\/span><\/b><span style=\"font-size:12.0pt\"> data: 22 de fevereiro de 2022. Informa&ccedil;&otilde;es: <\/span><a href=\"https:\/\/prefeitura.pbh.gov.br\/noticias\/inscricoes-para-o-primeiro-ambiente-em-foco-virtual-de-2022-ja-estao-abertas\" style=\"color:blue; text-decoration:underline\"><span style=\"font-size:12.0pt\"><span style=\"color:blue\">clique aqui<\/span><\/span><\/a><span style=\"font-size:12.0pt\">.<\/span><\/span><\/span><\/span><\/p>\r\n\r\n<p style=\"text-align:justify\"><span style=\"font-size:11pt\"><span style=\"line-height:normal\"><span style=\"font-family:&quot;Calibri&quot;,sans-serif\"><b><span style=\"font-size:12.0pt\">&ldquo;Programa Filtra A&ccedil;&atilde;o&rdquo;: Perspectiva para o com&eacute;rcio internacional em 2022<\/span><\/b><span style=\"font-size:12.0pt\">, data: 24 de fevereiro de 2022.<b> <\/b>Informa&ccedil;&otilde;es: <\/span><a href=\"https:\/\/www.abrafiltros.org.br\/noticias.asp?noticia=1708\" style=\"color:blue; text-decoration:underline\"><span style=\"font-size:12.0pt\">clique aqui<\/span><\/a><span style=\"font-size:12.0pt\">.<\/span><\/span><\/span><\/span><\/p>\r\n\r\n<p style=\"text-align:justify\"><span style=\"font-size:11pt\"><span style=\"line-height:normal\"><span style=\"font-family:&quot;Calibri&quot;,sans-serif\"><b><span style=\"font-size:12.0pt\">Nova Lei de Licita&ccedil;&otilde;es com Foco na Sa&uacute;de<\/span><\/b><span style=\"font-size:12.0pt\">, data 08 de mar&ccedil;o de 2022. Informa&ccedil;&otilde;es: <\/span><a href=\"http:\/\/emkt.fiesp.ind.br\/emkt\/tracer\/?1,7157074,56763a32,7b67\" style=\"color:blue; text-decoration:underline\"><span style=\"font-size:12.0pt\">clique aqui<\/span><\/a><span style=\"font-size:12.0pt\">.<\/span><\/span><\/span><\/span><\/p>\r\n\r\n<p style=\"text-align:justify\"><span style=\"font-size:11pt\"><span style=\"line-height:normal\"><span style=\"font-family:&quot;Calibri&quot;,sans-serif\"><b><span style=\"font-size:12.0pt\">9&ordm; Congresso Brasileiro de Inova&ccedil;&atilde;o da Ind&uacute;stria, <\/span><\/b><span style=\"font-size:12.0pt\">data: 09 e 10 de mar&ccedil;o de 2022. Informa&ccedil;&otilde;es: <\/span><a href=\"https:\/\/www.congressodeinovacao.com.br\/\" style=\"color:blue; text-decoration:underline\">https:\/\/www.congressodeinovacao.com.br\/<\/a> <\/span><\/span><\/span><\/p>\r\n\r\n<p style=\"text-align:justify\"><span style=\"font-size:11pt\"><span style=\"line-height:normal\"><span style=\"font-family:&quot;Calibri&quot;,sans-serif\"><b><span style=\"font-size:12.0pt\">Fenasan 2022 - maior evento de saneamento da Am&eacute;rica Latina, <\/span><\/b><span style=\"font-size:12.0pt\">data: de 13 a 15 de setembro. Informa&ccedil;&otilde;es: <\/span><a href=\"https:\/\/fenasan.com.br\/\" style=\"color:blue; text-decoration:underline\">https:\/\/fenasan.com.br\/<\/a> <\/span><\/span><\/span><\/p>\r\n\r\n<p class=\"MsoTitle\" style=\"text-align:justify\"><span style=\"font-size:28pt\"><span style=\"font-family:&quot;Cambria&quot;,serif\"><span style=\"letter-spacing:-0.5pt\"><b><span style=\"font-size:18.0pt\"><span style=\"font-family:&quot;Calibri&quot;,sans-serif\"><span style=\"font-variant:small-caps\">Setor<\/span><\/span><\/span><\/b><\/span><\/span><\/span><\/p>\r\n\r\n<p style=\"text-align:justify\"><span style=\"font-size:11pt\"><span style=\"line-height:normal\"><span style=\"font-family:&quot;Calibri&quot;,sans-serif\"><a href=\"https:\/\/valor.globo.com\/empresas\/noticia\/2022\/02\/22\/importacao-e-custos-ameacam-producao-de-mascaras-no-pais.ghtml\" style=\"color:blue; text-decoration:underline\"><span style=\"font-size:12.0pt\">Importa&ccedil;&atilde;o e custos amea&ccedil;am produ&ccedil;&atilde;o de m&aacute;scaras no pa&iacute;s<\/span><\/a><\/span><\/span><\/span><\/p>\r\n\r\n<p style=\"text-align:justify\"><span style=\"font-size:11pt\"><span style=\"line-height:normal\"><span style=\"font-family:&quot;Calibri&quot;,sans-serif\"><a href=\"https:\/\/www.nonwovens-industry.com\/contents\/view_breaking-news\/2022-02-16\/berry-global-recognized-as-supplier-engagement-leader-from-cdp\/15303\" style=\"color:blue; text-decoration:underline\">Berry Global Recognized as Supplier Engagement Leader from CDP<\/a><\/span><\/span><\/span><\/p>\r\n\r\n<p style=\"text-align:justify\"><span style=\"font-size:11pt\"><span style=\"line-height:normal\"><span style=\"font-family:&quot;Calibri&quot;,sans-serif\"><a href=\"https:\/\/www.assintecal.org.br\/noticias\/4036\/exportacoes-de-componentes-para-calcados-somaram-us-3725-milhoes\" style=\"color:blue; text-decoration:underline\"><span style=\"font-size:12.0pt\">Exporta&ccedil;&otilde;es de componentes para cal&ccedil;ados somaram US$ 37,25 milh&otilde;es<\/span><\/a><\/span><\/span><\/span><\/p>\r\n\r\n<p style=\"text-align:justify\"><span style=\"font-size:11pt\"><span style=\"line-height:normal\"><span style=\"font-family:&quot;Calibri&quot;,sans-serif\"><a href=\"https:\/\/www.capitalreset.com\/petropolis-e-a-urgencia-de-preparar-cidades-para-gerir-riscos-climaticos\/\" style=\"color:blue; text-decoration:underline\"><span style=\"font-size:12.0pt\">Geotecnia: Petr&oacute;polis e a urg&ecirc;ncia de preparar cidades para gerir riscos clim&aacute;ticos<\/span><\/a><\/span><\/span><\/span><\/p>\r\n\r\n<p style=\"text-align:justify\"><span style=\"font-size:11pt\"><span style=\"line-height:normal\"><span style=\"font-family:&quot;Calibri&quot;,sans-serif\"><a href=\"https:\/\/www.braskem.com.br\/detalhe-noticia\/com-aporte-de-r-130-mi-braskem-fecha-o-ciclo-da-economia-circular\" style=\"color:blue; text-decoration:underline\">Com aporte de R$ 130 mi, Braskem fecha o ciclo da economia circular<\/a><\/span><\/span><\/span><\/p>\r\n\r\n<p style=\"text-align:justify\"><span style=\"font-size:11pt\"><span style=\"line-height:normal\"><span style=\"font-family:&quot;Calibri&quot;,sans-serif\"><a href=\"http:\/\/textileindustry.ning.com\/forum\/topics\/sufoco-da-ind-stria-brasileira-mostra-que-a-economia-est-em-situa\" style=\"color:blue; text-decoration:underline\">Sufoco da ind&uacute;stria brasileira mostra que a economia est&aacute; em situa&ccedil;&atilde;o cr&iacute;tica<\/a><\/span><\/span><\/span><\/p>\r\n\r\n<p class=\"MsoTitle\" style=\"text-align:justify\"><span style=\"font-size:28pt\"><span style=\"font-family:&quot;Cambria&quot;,serif\"><span style=\"letter-spacing:-0.5pt\"><b><span style=\"font-size:18.0pt\"><span style=\"font-family:&quot;Calibri&quot;,sans-serif\"><span style=\"font-variant:small-caps\">Ind&uacute;stria<\/span><\/span><\/span><\/b><\/span><\/span><\/span><\/p>\r\n\r\n<p style=\"text-align:justify\"><span style=\"font-size:11pt\"><span style=\"line-height:normal\"><span style=\"font-family:&quot;Calibri&quot;,sans-serif\"><a href=\"https:\/\/www.abicalcados.com.br\/noticia\/apos-dez-anos-china-volta-a-ser-a-principal-origem-das-importacoes\" style=\"color:blue; text-decoration:underline\"><span style=\"font-size:12.0pt\">Ap&oacute;s dez anos, China volta a ser a principal origem das importa&ccedil;&otilde;es<\/span><\/a><\/span><\/span><\/span><\/p>\r\n\r\n<p style=\"text-align:justify\"><span style=\"font-size:11pt\"><span style=\"line-height:normal\"><span style=\"font-family:&quot;Calibri&quot;,sans-serif\"><a href=\"https:\/\/exame.com\/economia\/frete-maritimo-sobe-472-na-pandemia\/\" style=\"color:blue; text-decoration:underline\"><span style=\"font-size:12.0pt\">Frete mar&iacute;timo sobe 472% na pandemia<\/span><\/a><\/span><\/span><\/span><\/p>\r\n\r\n<p style=\"text-align:justify\"><span style=\"font-size:11pt\"><span style=\"line-height:normal\"><span style=\"font-family:&quot;Calibri&quot;,sans-serif\"><a href=\"https:\/\/www.grandesconstrucoes.com.br\/Noticias\/Exibir\/indice-abramat-preve-crescimento-timido-para-2022\" style=\"color:blue; text-decoration:underline\"><span style=\"font-size:12.0pt\">&Iacute;ndice Abramat prev&ecirc; crescimento t&iacute;mido para 2022<\/span><\/a><\/span><\/span><\/span><\/p>\r\n\r\n<p style=\"text-align:justify\"><span style=\"font-size:11pt\"><span style=\"line-height:normal\"><span style=\"font-family:&quot;Calibri&quot;,sans-serif\"><a href=\"https:\/\/www.abicol.org\/impactovarianteomicron-2-2\/\" style=\"color:blue; text-decoration:underline\"><span style=\"font-size:12.0pt\">Abicol: Reflex&otilde;es sobre o primeiro trimestre de 2022<\/span><\/a><\/span><\/span><\/span><\/p>\r\n\r\n<p style=\"text-align:justify\"><span style=\"font-size:11pt\"><span style=\"line-height:normal\"><span style=\"font-family:&quot;Calibri&quot;,sans-serif\"><a href=\"https:\/\/noticias.portaldaindustria.com.br\/noticias\/economia\/atividade-industrial-caiu-no-primeiro-mes-de-2022-aponta-pesquisa-da-cni\/\" style=\"color:blue; text-decoration:underline\"><span style=\"font-size:12.0pt\">Atividade industrial caiu no primeiro m&ecirc;s de 2022, aponta pesquisa da CNI<\/span><\/a><\/span><\/span><\/span><\/p>\r\n\r\n<p style=\"text-align:justify\"><span style=\"font-size:11pt\"><span style=\"line-height:normal\"><span style=\"font-family:&quot;Calibri&quot;,sans-serif\"><a href=\"https:\/\/noticias.portaldaindustria.com.br\/noticias\/economia\/construcao-civil-esta-otimista-em-relacao-aos-proximos-seis-meses-diz-cni\/?edit_off\" style=\"color:blue; text-decoration:underline\"><span style=\"font-size:12.0pt\">Constru&ccedil;&atilde;o civil est&aacute; otimista em rela&ccedil;&atilde;o aos pr&oacute;ximos seis meses, diz CNI<\/span><\/a><\/span><\/span><\/span><\/p>\r\n\r\n<p style=\"text-align:justify\"><span style=\"font-size:11pt\"><span style=\"line-height:normal\"><span style=\"font-family:&quot;Calibri&quot;,sans-serif\"><a href=\"https:\/\/www.aesabesp.org.br\/2022\/02\/18\/especialistas-reforcam-a-engenharia-e-fundamental-para-dar-as-respostas-necessarias-em-acidentes-como-o-da-obra-do-metro-de-sp\/\" style=\"color:blue; text-decoration:underline\"><span style=\"font-size:12.0pt\">Especialistas refor&ccedil;am: &ldquo;a Engenharia &eacute; fundamental para dar as respostas necess&aacute;rias em acidentes como o da obra do Metr&ocirc; de SP&rdquo;<\/span><\/a><\/span><\/span><\/span><\/p>\r\n\r\n<p class=\"MsoTitle\" style=\"text-align:justify\"><span style=\"font-size:28pt\"><span style=\"font-family:&quot;Cambria&quot;,serif\"><span style=\"letter-spacing:-0.5pt\"><b><span style=\"font-size:18.0pt\"><span style=\"font-family:&quot;Calibri&quot;,sans-serif\"><span style=\"font-variant:small-caps\">Sustentabilidade<\/span><\/span><\/span><\/b><\/span><\/span><\/span><\/p>\r\n\r\n<p style=\"text-align:justify\"><span style=\"font-size:11pt\"><span style=\"line-height:normal\"><span style=\"font-family:&quot;Calibri&quot;,sans-serif\"><a href=\"https:\/\/plasticosemrevista.com.br\/obra-em-progresso-2\/\" style=\"color:blue; text-decoration:underline\"><span style=\"font-size:12.0pt\">Obra em progresso<\/span><\/a><\/span><\/span><\/span><\/p>\r\n\r\n<p style=\"text-align:justify\"><span style=\"font-size:11pt\"><span style=\"line-height:normal\"><span style=\"font-family:&quot;Calibri&quot;,sans-serif\"><a href=\"https:\/\/embalagemmarca.com.br\/2022\/02\/pepsico-adota-paletes-produzidos-com-plastico-a-base-de-lixo-domestico\/\" style=\"color:blue; text-decoration:underline\"><span style=\"font-size:12.0pt\">Pepsico adota paletes produzidos com pl&aacute;stico &agrave; base de lixo dom&eacute;stico<\/span><\/a><\/span><\/span><\/span><\/p>\r\n\r\n<p style=\"text-align:justify\"><span style=\"font-size:11pt\"><span style=\"line-height:normal\"><span style=\"font-family:&quot;Calibri&quot;,sans-serif\"><a href=\"http:\/\/textileindustry.ning.com\/forum\/topics\/a-economia-circular-no-mundo-t-xtil\" style=\"color:blue; text-decoration:underline\"><span style=\"font-size:12.0pt\">A economia circular no mundo t&ecirc;xtil<\/span><\/a><\/span><\/span><\/span><\/p>\r\n\r\n<p class=\"MsoTitle\" style=\"text-align:justify\"><span style=\"font-size:28pt\"><span style=\"font-family:&quot;Cambria&quot;,serif\"><span style=\"letter-spacing:-0.5pt\"><b><span style=\"font-size:18.0pt\"><span style=\"font-family:&quot;Calibri&quot;,sans-serif\"><span style=\"font-variant:small-caps\">Inova&ccedil;&atilde;o<\/span><\/span><\/span><\/b><\/span><\/span><\/span><\/p>\r\n\r\n<p style=\"text-align:justify\"><span style=\"font-size:11pt\"><span style=\"line-height:normal\"><span style=\"font-family:&quot;Calibri&quot;,sans-serif\"><a href=\"https:\/\/www.ecycle.com.br\/projeto-investiga-como-transformar-co2-de-algas-e-cianobacterias-em-bioetanol-e-plastico-verde\/\" style=\"color:blue; text-decoration:underline\"><span style=\"font-size:12.0pt\">Projeto investiga como transformar CO2 de algas e cianobact&eacute;rias em bioetanol e pl&aacute;stico verde<\/span><\/a><\/span><\/span><\/span><\/p>\r\n\r\n<p class=\"MsoTitle\" style=\"text-align:justify\"><span style=\"font-size:28pt\"><span style=\"font-family:&quot;Cambria&quot;,serif\"><span style=\"letter-spacing:-0.5pt\"><b><span style=\"font-size:18.0pt\"><span style=\"font-family:&quot;Calibri&quot;,sans-serif\"><span style=\"font-variant:small-caps\">Com&eacute;rcio Exterior<\/span><\/span><\/span><\/b><\/span><\/span><\/span><\/p>\r\n\r\n<p style=\"text-align:justify\"><span style=\"font-size:11pt\"><span style=\"line-height:normal\"><span style=\"font-family:&quot;Calibri&quot;,sans-serif\"><a href=\"https:\/\/www.comexdobrasil.com\/comercio-global-cresce-25-em-2021-e-atinge-recorde-de-us-285-trilhoes-mas-podera-reduzir-expansao-em-2022-projeta-unctad\/\" style=\"color:blue; text-decoration:underline\"><span style=\"font-size:12.0pt\">Com&eacute;rcio global cresce 25% em 2021 e atinge recorde de US$ 28,5 trilh&otilde;es mas poder&aacute; reduzir expans&atilde;o em 2022, projeta UNCTAD<\/span><\/a><\/span><\/span><\/span><\/p>\r\n\r\n<p style=\"text-align:justify\"><span style=\"font-size:11pt\"><span style=\"line-height:normal\"><span style=\"font-family:&quot;Calibri&quot;,sans-serif\"><a href=\"https:\/\/portalibre.fgv.br\/noticias\/volume-de-exportacoes-para-china-desacelera-mas-resultado-cresce-em-outros-mercados\" style=\"color:blue; text-decoration:underline\"><span style=\"font-size:12.0pt\">Volume de exporta&ccedil;&otilde;es para China desacelera, mas resultado cresce em outros mercados<\/span><\/a><\/span><\/span><\/span><\/p>\r\n\r\n<p class=\"MsoTitle\" style=\"text-align:justify\"><span style=\"font-size:28pt\"><span style=\"font-family:&quot;Cambria&quot;,serif\"><span style=\"letter-spacing:-0.5pt\"><b><span style=\"font-size:18.0pt\"><span style=\"font-family:&quot;Calibri&quot;,sans-serif\"><span style=\"font-variant:small-caps\">Economia<\/span><\/span><\/span><\/b><\/span><\/span><\/span><\/p>\r\n\r\n<p style=\"text-align:justify\"><span style=\"font-size:11pt\"><span style=\"line-height:normal\"><span style=\"font-family:&quot;Calibri&quot;,sans-serif\"><a href=\"https:\/\/www.bcb.gov.br\/content\/focus\/focus\/R20220218.pdf\" style=\"color:blue; text-decoration:underline\"><span style=\"font-size:12.0pt\">Boletim Focus<\/span><\/a><\/span><\/span><\/span><\/p>\r\n\r\n<p style=\"text-align:justify\"><span style=\"font-size:11pt\"><span style=\"line-height:normal\"><span style=\"font-family:&quot;Calibri&quot;,sans-serif\"><a href=\"https:\/\/agenciabrasil.ebc.com.br\/economia\" style=\"color:blue; text-decoration:underline\"><span style=\"font-size:12.0pt\">Ministro Paulo Guedes diz que Brasil preservou responsabilidade fiscal<\/span><\/a><\/span><\/span><\/span><\/p>\r\n\r\n<p style=\"text-align:justify\"><span style=\"font-size:11pt\"><span style=\"line-height:normal\"><span style=\"font-family:&quot;Calibri&quot;,sans-serif\"><a href=\"https:\/\/agenciabrasil.ebc.com.br\/economia\/noticia\/2022-02\/cnc-intencao-de-consumo-das-familias-tem-ligeira-alta-em-fevereiro\" style=\"color:blue; text-decoration:underline\"><span style=\"font-size:12.0pt\">CNC: inten&ccedil;&atilde;o de consumo das fam&iacute;lias tem ligeira alta em fevereiro<\/span><\/a><\/span><\/span><\/span><\/p>\r\n\r\n<p style=\"text-align:justify\"><span style=\"font-size:11pt\"><span style=\"line-height:normal\"><span style=\"font-family:&quot;Calibri&quot;,sans-serif\"><a href=\"https:\/\/blogdoibre.fgv.br\/posts\/sobre-pib-chuvas-e-caciques\" style=\"color:blue; text-decoration:underline\"><span style=\"font-size:12.0pt\">Sobre PIB, chuvas e caciques<\/span><\/a><\/span><\/span><\/span><\/p>\r\n\r\n<p style=\"text-align:justify\"><span style=\"font-size:11pt\"><span style=\"line-height:normal\"><span style=\"font-family:&quot;Calibri&quot;,sans-serif\"><a href=\"https:\/\/economia.uol.com.br\/noticias\/redacao\/2022\/02\/20\/volta-do-pessimismo-entre-empresas-e-consumidores-ameaca-pib-do-brasil.htm\" style=\"color:blue; text-decoration:underline\"><span style=\"font-size:12.0pt\">Volta do pessimismo entre empresas e consumidores amea&ccedil;a PIB do Brasil<\/span><\/a><\/span><\/span><\/span><\/p>\r\n","6":"<p style=\"text-align:justify\"><span style=\"font-size:11pt\"><span style=\"line-height:normal\"><span style=\"font-family:&quot;Calibri&quot;,sans-serif\"><span style=\"font-size:12.0pt\">Esta &eacute; uma compila&ccedil;&atilde;o das not&iacute;cias mais relevantes para o setor, incluindo informa&ccedil;&otilde;es sobre acordos internacionais, economia brasileira, sustentabilidade e mat&eacute;rias-primas, al&eacute;m de novidades do setor de N&atilde;otecidos e Tecidos T&eacute;cnicos.<\/span><\/span><\/span><\/span><\/p>\r\n\r\n<p class=\"MsoTitle\" style=\"text-align:justify\"><span style=\"font-size:28pt\"><span style=\"font-family:&quot;Cambria&quot;,serif\"><span style=\"letter-spacing:-0.5pt\"><b><span style=\"font-size:18.0pt\"><span style=\"font-family:&quot;Calibri&quot;,sans-serif\"><span style=\"font-variant:small-caps\">A&ccedil;&otilde;es da ABINT<\/span><\/span><\/span><\/b><\/span><\/span><\/span><\/p>\r\n\r\n<p style=\"text-align:justify\"><span style=\"font-size:11pt\"><span style=\"line-height:normal\"><span style=\"font-family:&quot;Calibri&quot;,sans-serif\"><b><span style=\"font-size:12.0pt\">A ABINT &eacute; apoiadora da ITMA 2023<\/span><\/b><span style=\"font-size:12.0pt\">. O Cematex (Comit&ecirc; Europeu de Fabricantes de M&aacute;quinas T&ecirc;xteis) anunciou que esta, que ser&aacute; a 19&ordf; edi&ccedil;&atilde;o da feira internacional da ind&uacute;stria t&ecirc;xtil, ser&aacute; realizada em Mil&atilde;o, na It&aacute;lia, entre os dias 8 e 14 de junho de 2023. Informa&ccedil;&otilde;es: <\/span><a href=\"https:\/\/us10.campaign-archive.com\/?u=bfd40377d82c98d83d82824c4&amp;id=5bd5c4a7a5&amp;e=4d4cd8558e\" style=\"color:blue; text-decoration:underline\"><span style=\"font-size:12.0pt\"><span style=\"color:blue\">clique aqui<\/span><\/span><\/a> <\/span><\/span><\/span><\/p>\r\n\r\n<p class=\"MsoTitle\" style=\"text-align:justify\"><span style=\"font-size:28pt\"><span style=\"font-family:&quot;Cambria&quot;,serif\"><span style=\"letter-spacing:-0.5pt\"><b><span style=\"font-size:18.0pt\"><span style=\"font-family:&quot;Calibri&quot;,sans-serif\"><span style=\"font-variant:small-caps\">Eventos<\/span><\/span><\/span><\/b><\/span><\/span><\/span><\/p>\r\n\r\n<p style=\"text-align:justify\"><span style=\"font-size:11pt\"><span style=\"line-height:normal\"><span style=\"font-family:&quot;Calibri&quot;,sans-serif\"><b><span style=\"font-size:12.0pt\">ABIT ACADEMY: Gest&atilde;o de riscos em opera&ccedil;&otilde;es de Com&eacute;rcio Exterior, <\/span><\/b><span style=\"font-size:12.0pt\">data: 22 de fevereiro de 2022. Informa&ccedil;&otilde;es: <\/span><a href=\"https:\/\/app.rdstation.email\/mail\/67efaa15-f8a4-4163-9081-da3e16d9c742?utm_campaign=convite_workshop_trade_compliance_-_31012022&amp;utm_medium=email&amp;utm_source=RD+Station\" style=\"color:blue; text-decoration:underline\"><span style=\"font-size:12.0pt\"><span style=\"color:blue\">clique aqui<\/span><\/span><\/a><span style=\"font-size:12.0pt\">.<\/span><\/span><\/span><\/span><\/p>\r\n\r\n<p style=\"text-align:justify\"><span style=\"font-size:11pt\"><span style=\"line-height:normal\"><span style=\"font-family:&quot;Calibri&quot;,sans-serif\"><b><span style=\"font-size:12.0pt\">Pol&iacute;tica Nacional de Barragens &eacute; tema do pr&oacute;ximo &quot;Ambiente em Foco Virtual&rdquo;,<\/span><\/b><span style=\"font-size:12.0pt\"> data: 22 de fevereiro de 2022. Informa&ccedil;&otilde;es: <\/span><a href=\"https:\/\/prefeitura.pbh.gov.br\/noticias\/inscricoes-para-o-primeiro-ambiente-em-foco-virtual-de-2022-ja-estao-abertas\" style=\"color:blue; text-decoration:underline\"><span style=\"font-size:12.0pt\"><span style=\"color:blue\">clique aqui<\/span><\/span><\/a><span style=\"font-size:12.0pt\">.<\/span><\/span><\/span><\/span><\/p>\r\n\r\n<p style=\"text-align:justify\"><span style=\"font-size:11pt\"><span style=\"line-height:normal\"><span style=\"font-family:&quot;Calibri&quot;,sans-serif\"><b><span style=\"font-size:12.0pt\">&ldquo;Programa Filtra A&ccedil;&atilde;o&rdquo;: Perspectiva para o com&eacute;rcio internacional em 2022<\/span><\/b><span style=\"font-size:12.0pt\">, data: 24 de fevereiro de 2022.<b> <\/b>Informa&ccedil;&otilde;es: <\/span><a href=\"https:\/\/www.abrafiltros.org.br\/noticias.asp?noticia=1708\" style=\"color:blue; text-decoration:underline\"><span style=\"font-size:12.0pt\">clique aqui<\/span><\/a><span style=\"font-size:12.0pt\">.<\/span><\/span><\/span><\/span><\/p>\r\n\r\n<p style=\"text-align:justify\"><span style=\"font-size:11pt\"><span style=\"line-height:normal\"><span style=\"font-family:&quot;Calibri&quot;,sans-serif\"><b><span style=\"font-size:12.0pt\">Nova Lei de Licita&ccedil;&otilde;es com Foco na Sa&uacute;de<\/span><\/b><span style=\"font-size:12.0pt\">, data 08 de mar&ccedil;o de 2022. Informa&ccedil;&otilde;es: <\/span><a href=\"http:\/\/emkt.fiesp.ind.br\/emkt\/tracer\/?1,7157074,56763a32,7b67\" style=\"color:blue; text-decoration:underline\"><span style=\"font-size:12.0pt\">clique aqui<\/span><\/a><span style=\"font-size:12.0pt\">.<\/span><\/span><\/span><\/span><\/p>\r\n\r\n<p style=\"text-align:justify\"><span style=\"font-size:11pt\"><span style=\"line-height:normal\"><span style=\"font-family:&quot;Calibri&quot;,sans-serif\"><b><span style=\"font-size:12.0pt\">9&ordm; Congresso Brasileiro de Inova&ccedil;&atilde;o da Ind&uacute;stria, <\/span><\/b><span style=\"font-size:12.0pt\">data: 09 e 10 de mar&ccedil;o de 2022. Informa&ccedil;&otilde;es: <\/span><a href=\"https:\/\/www.congressodeinovacao.com.br\/\" style=\"color:blue; text-decoration:underline\">https:\/\/www.congressodeinovacao.com.br\/<\/a> <\/span><\/span><\/span><\/p>\r\n\r\n<p style=\"text-align:justify\"><span style=\"font-size:11pt\"><span style=\"line-height:normal\"><span style=\"font-family:&quot;Calibri&quot;,sans-serif\"><b><span style=\"font-size:12.0pt\">Fenasan 2022 - maior evento de saneamento da Am&eacute;rica Latina, <\/span><\/b><span style=\"font-size:12.0pt\">data: de 13 a 15 de setembro. Informa&ccedil;&otilde;es: <\/span><a href=\"https:\/\/fenasan.com.br\/\" style=\"color:blue; text-decoration:underline\">https:\/\/fenasan.com.br\/<\/a> <\/span><\/span><\/span><\/p>\r\n\r\n<p class=\"MsoTitle\" style=\"text-align:justify\"><span style=\"font-size:28pt\"><span style=\"font-family:&quot;Cambria&quot;,serif\"><span style=\"letter-spacing:-0.5pt\"><b><span style=\"font-size:18.0pt\"><span style=\"font-family:&quot;Calibri&quot;,sans-serif\"><span style=\"font-variant:small-caps\">Setor<\/span><\/span><\/span><\/b><\/span><\/span><\/span><\/p>\r\n\r\n<p style=\"text-align:justify\"><span style=\"font-size:11pt\"><span style=\"line-height:normal\"><span style=\"font-family:&quot;Calibri&quot;,sans-serif\"><a href=\"https:\/\/valor.globo.com\/empresas\/noticia\/2022\/02\/22\/importacao-e-custos-ameacam-producao-de-mascaras-no-pais.ghtml\" style=\"color:blue; text-decoration:underline\"><span style=\"font-size:12.0pt\">Importa&ccedil;&atilde;o e custos amea&ccedil;am produ&ccedil;&atilde;o de m&aacute;scaras no pa&iacute;s<\/span><\/a><\/span><\/span><\/span><\/p>\r\n\r\n<p style=\"text-align:justify\"><span style=\"font-size:11pt\"><span style=\"line-height:normal\"><span style=\"font-family:&quot;Calibri&quot;,sans-serif\"><a href=\"https:\/\/www.nonwovens-industry.com\/contents\/view_breaking-news\/2022-02-16\/berry-global-recognized-as-supplier-engagement-leader-from-cdp\/15303\" style=\"color:blue; text-decoration:underline\">Berry Global Recognized as Supplier Engagement Leader from CDP<\/a><\/span><\/span><\/span><\/p>\r\n\r\n<p style=\"text-align:justify\"><span style=\"font-size:11pt\"><span style=\"line-height:normal\"><span style=\"font-family:&quot;Calibri&quot;,sans-serif\"><a href=\"https:\/\/www.assintecal.org.br\/noticias\/4036\/exportacoes-de-componentes-para-calcados-somaram-us-3725-milhoes\" style=\"color:blue; text-decoration:underline\"><span style=\"font-size:12.0pt\">Exporta&ccedil;&otilde;es de componentes para cal&ccedil;ados somaram US$ 37,25 milh&otilde;es<\/span><\/a><\/span><\/span><\/span><\/p>\r\n\r\n<p style=\"text-align:justify\"><span style=\"font-size:11pt\"><span style=\"line-height:normal\"><span style=\"font-family:&quot;Calibri&quot;,sans-serif\"><a href=\"https:\/\/www.capitalreset.com\/petropolis-e-a-urgencia-de-preparar-cidades-para-gerir-riscos-climaticos\/\" style=\"color:blue; text-decoration:underline\"><span style=\"font-size:12.0pt\">Geotecnia: Petr&oacute;polis e a urg&ecirc;ncia de preparar cidades para gerir riscos clim&aacute;ticos<\/span><\/a><\/span><\/span><\/span><\/p>\r\n\r\n<p style=\"text-align:justify\"><span style=\"font-size:11pt\"><span style=\"line-height:normal\"><span style=\"font-family:&quot;Calibri&quot;,sans-serif\"><a href=\"https:\/\/www.braskem.com.br\/detalhe-noticia\/com-aporte-de-r-130-mi-braskem-fecha-o-ciclo-da-economia-circular\" style=\"color:blue; text-decoration:underline\">Com aporte de R$ 130 mi, Braskem fecha o ciclo da economia circular<\/a><\/span><\/span><\/span><\/p>\r\n\r\n<p style=\"text-align:justify\"><span style=\"font-size:11pt\"><span style=\"line-height:normal\"><span style=\"font-family:&quot;Calibri&quot;,sans-serif\"><a href=\"http:\/\/textileindustry.ning.com\/forum\/topics\/sufoco-da-ind-stria-brasileira-mostra-que-a-economia-est-em-situa\" style=\"color:blue; text-decoration:underline\">Sufoco da ind&uacute;stria brasileira mostra que a economia est&aacute; em situa&ccedil;&atilde;o cr&iacute;tica<\/a><\/span><\/span><\/span><\/p>\r\n\r\n<p class=\"MsoTitle\" style=\"text-align:justify\"><span style=\"font-size:28pt\"><span style=\"font-family:&quot;Cambria&quot;,serif\"><span style=\"letter-spacing:-0.5pt\"><b><span style=\"font-size:18.0pt\"><span style=\"font-family:&quot;Calibri&quot;,sans-serif\"><span style=\"font-variant:small-caps\">Ind&uacute;stria<\/span><\/span><\/span><\/b><\/span><\/span><\/span><\/p>\r\n\r\n<p style=\"text-align:justify\"><span style=\"font-size:11pt\"><span style=\"line-height:normal\"><span style=\"font-family:&quot;Calibri&quot;,sans-serif\"><a href=\"https:\/\/www.abicalcados.com.br\/noticia\/apos-dez-anos-china-volta-a-ser-a-principal-origem-das-importacoes\" style=\"color:blue; text-decoration:underline\"><span style=\"font-size:12.0pt\">Ap&oacute;s dez anos, China volta a ser a principal origem das importa&ccedil;&otilde;es<\/span><\/a><\/span><\/span><\/span><\/p>\r\n\r\n<p style=\"text-align:justify\"><span style=\"font-size:11pt\"><span style=\"line-height:normal\"><span style=\"font-family:&quot;Calibri&quot;,sans-serif\"><a href=\"https:\/\/exame.com\/economia\/frete-maritimo-sobe-472-na-pandemia\/\" style=\"color:blue; text-decoration:underline\"><span style=\"font-size:12.0pt\">Frete mar&iacute;timo sobe 472% na pandemia<\/span><\/a><\/span><\/span><\/span><\/p>\r\n\r\n<p style=\"text-align:justify\"><span style=\"font-size:11pt\"><span style=\"line-height:normal\"><span style=\"font-family:&quot;Calibri&quot;,sans-serif\"><a href=\"https:\/\/www.grandesconstrucoes.com.br\/Noticias\/Exibir\/indice-abramat-preve-crescimento-timido-para-2022\" style=\"color:blue; text-decoration:underline\"><span style=\"font-size:12.0pt\">&Iacute;ndice Abramat prev&ecirc; crescimento t&iacute;mido para 2022<\/span><\/a><\/span><\/span><\/span><\/p>\r\n\r\n<p style=\"text-align:justify\"><span style=\"font-size:11pt\"><span style=\"line-height:normal\"><span style=\"font-family:&quot;Calibri&quot;,sans-serif\"><a href=\"https:\/\/www.abicol.org\/impactovarianteomicron-2-2\/\" style=\"color:blue; text-decoration:underline\"><span style=\"font-size:12.0pt\">Abicol: Reflex&otilde;es sobre o primeiro trimestre de 2022<\/span><\/a><\/span><\/span><\/span><\/p>\r\n\r\n<p style=\"text-align:justify\"><span style=\"font-size:11pt\"><span style=\"line-height:normal\"><span style=\"font-family:&quot;Calibri&quot;,sans-serif\"><a href=\"https:\/\/noticias.portaldaindustria.com.br\/noticias\/economia\/atividade-industrial-caiu-no-primeiro-mes-de-2022-aponta-pesquisa-da-cni\/\" style=\"color:blue; text-decoration:underline\"><span style=\"font-size:12.0pt\">Atividade industrial caiu no primeiro m&ecirc;s de 2022, aponta pesquisa da CNI<\/span><\/a><\/span><\/span><\/span><\/p>\r\n\r\n<p style=\"text-align:justify\"><span style=\"font-size:11pt\"><span style=\"line-height:normal\"><span style=\"font-family:&quot;Calibri&quot;,sans-serif\"><a href=\"https:\/\/noticias.portaldaindustria.com.br\/noticias\/economia\/construcao-civil-esta-otimista-em-relacao-aos-proximos-seis-meses-diz-cni\/?edit_off\" style=\"color:blue; text-decoration:underline\"><span style=\"font-size:12.0pt\">Constru&ccedil;&atilde;o civil est&aacute; otimista em rela&ccedil;&atilde;o aos pr&oacute;ximos seis meses, diz CNI<\/span><\/a><\/span><\/span><\/span><\/p>\r\n\r\n<p style=\"text-align:justify\"><span style=\"font-size:11pt\"><span style=\"line-height:normal\"><span style=\"font-family:&quot;Calibri&quot;,sans-serif\"><a href=\"https:\/\/www.aesabesp.org.br\/2022\/02\/18\/especialistas-reforcam-a-engenharia-e-fundamental-para-dar-as-respostas-necessarias-em-acidentes-como-o-da-obra-do-metro-de-sp\/\" style=\"color:blue; text-decoration:underline\"><span style=\"font-size:12.0pt\">Especialistas refor&ccedil;am: &ldquo;a Engenharia &eacute; fundamental para dar as respostas necess&aacute;rias em acidentes como o da obra do Metr&ocirc; de SP&rdquo;<\/span><\/a><\/span><\/span><\/span><\/p>\r\n\r\n<p class=\"MsoTitle\" style=\"text-align:justify\"><span style=\"font-size:28pt\"><span style=\"font-family:&quot;Cambria&quot;,serif\"><span style=\"letter-spacing:-0.5pt\"><b><span style=\"font-size:18.0pt\"><span style=\"font-family:&quot;Calibri&quot;,sans-serif\"><span style=\"font-variant:small-caps\">Sustentabilidade<\/span><\/span><\/span><\/b><\/span><\/span><\/span><\/p>\r\n\r\n<p style=\"text-align:justify\"><span style=\"font-size:11pt\"><span style=\"line-height:normal\"><span style=\"font-family:&quot;Calibri&quot;,sans-serif\"><a href=\"https:\/\/plasticosemrevista.com.br\/obra-em-progresso-2\/\" style=\"color:blue; text-decoration:underline\"><span style=\"font-size:12.0pt\">Obra em progresso<\/span><\/a><\/span><\/span><\/span><\/p>\r\n\r\n<p style=\"text-align:justify\"><span style=\"font-size:11pt\"><span style=\"line-height:normal\"><span style=\"font-family:&quot;Calibri&quot;,sans-serif\"><a href=\"https:\/\/embalagemmarca.com.br\/2022\/02\/pepsico-adota-paletes-produzidos-com-plastico-a-base-de-lixo-domestico\/\" style=\"color:blue; text-decoration:underline\"><span style=\"font-size:12.0pt\">Pepsico adota paletes produzidos com pl&aacute;stico &agrave; base de lixo dom&eacute;stico<\/span><\/a><\/span><\/span><\/span><\/p>\r\n\r\n<p style=\"text-align:justify\"><span style=\"font-size:11pt\"><span style=\"line-height:normal\"><span style=\"font-family:&quot;Calibri&quot;,sans-serif\"><a href=\"http:\/\/textileindustry.ning.com\/forum\/topics\/a-economia-circular-no-mundo-t-xtil\" style=\"color:blue; text-decoration:underline\"><span style=\"font-size:12.0pt\">A economia circular no mundo t&ecirc;xtil<\/span><\/a><\/span><\/span><\/span><\/p>\r\n\r\n<p class=\"MsoTitle\" style=\"text-align:justify\"><span style=\"font-size:28pt\"><span style=\"font-family:&quot;Cambria&quot;,serif\"><span style=\"letter-spacing:-0.5pt\"><b><span style=\"font-size:18.0pt\"><span style=\"font-family:&quot;Calibri&quot;,sans-serif\"><span style=\"font-variant:small-caps\">Inova&ccedil;&atilde;o<\/span><\/span><\/span><\/b><\/span><\/span><\/span><\/p>\r\n\r\n<p style=\"text-align:justify\"><span style=\"font-size:11pt\"><span style=\"line-height:normal\"><span style=\"font-family:&quot;Calibri&quot;,sans-serif\"><a href=\"https:\/\/www.ecycle.com.br\/projeto-investiga-como-transformar-co2-de-algas-e-cianobacterias-em-bioetanol-e-plastico-verde\/\" style=\"color:blue; text-decoration:underline\"><span style=\"font-size:12.0pt\">Projeto investiga como transformar CO2 de algas e cianobact&eacute;rias em bioetanol e pl&aacute;stico verde<\/span><\/a><\/span><\/span><\/span><\/p>\r\n\r\n<p class=\"MsoTitle\" style=\"text-align:justify\"><span style=\"font-size:28pt\"><span style=\"font-family:&quot;Cambria&quot;,serif\"><span style=\"letter-spacing:-0.5pt\"><b><span style=\"font-size:18.0pt\"><span style=\"font-family:&quot;Calibri&quot;,sans-serif\"><span style=\"font-variant:small-caps\">Com&eacute;rcio Exterior<\/span><\/span><\/span><\/b><\/span><\/span><\/span><\/p>\r\n\r\n<p style=\"text-align:justify\"><span style=\"font-size:11pt\"><span style=\"line-height:normal\"><span style=\"font-family:&quot;Calibri&quot;,sans-serif\"><a href=\"https:\/\/www.comexdobrasil.com\/comercio-global-cresce-25-em-2021-e-atinge-recorde-de-us-285-trilhoes-mas-podera-reduzir-expansao-em-2022-projeta-unctad\/\" style=\"color:blue; text-decoration:underline\"><span style=\"font-size:12.0pt\">Com&eacute;rcio global cresce 25% em 2021 e atinge recorde de US$ 28,5 trilh&otilde;es mas poder&aacute; reduzir expans&atilde;o em 2022, projeta UNCTAD<\/span><\/a><\/span><\/span><\/span><\/p>\r\n\r\n<p style=\"text-align:justify\"><span style=\"font-size:11pt\"><span style=\"line-height:normal\"><span style=\"font-family:&quot;Calibri&quot;,sans-serif\"><a href=\"https:\/\/portalibre.fgv.br\/noticias\/volume-de-exportacoes-para-china-desacelera-mas-resultado-cresce-em-outros-mercados\" style=\"color:blue; text-decoration:underline\"><span style=\"font-size:12.0pt\">Volume de exporta&ccedil;&otilde;es para China desacelera, mas resultado cresce em outros mercados<\/span><\/a><\/span><\/span><\/span><\/p>\r\n\r\n<p class=\"MsoTitle\" style=\"text-align:justify\"><span style=\"font-size:28pt\"><span style=\"font-family:&quot;Cambria&quot;,serif\"><span style=\"letter-spacing:-0.5pt\"><b><span style=\"font-size:18.0pt\"><span style=\"font-family:&quot;Calibri&quot;,sans-serif\"><span style=\"font-variant:small-caps\">Economia<\/span><\/span><\/span><\/b><\/span><\/span><\/span><\/p>\r\n\r\n<p style=\"text-align:justify\"><span style=\"font-size:11pt\"><span style=\"line-height:normal\"><span style=\"font-family:&quot;Calibri&quot;,sans-serif\"><a href=\"https:\/\/www.bcb.gov.br\/content\/focus\/focus\/R20220218.pdf\" style=\"color:blue; text-decoration:underline\"><span style=\"font-size:12.0pt\">Boletim Focus<\/span><\/a><\/span><\/span><\/span><\/p>\r\n\r\n<p style=\"text-align:justify\"><span style=\"font-size:11pt\"><span style=\"line-height:normal\"><span style=\"font-family:&quot;Calibri&quot;,sans-serif\"><a href=\"https:\/\/agenciabrasil.ebc.com.br\/economia\" style=\"color:blue; text-decoration:underline\"><span style=\"font-size:12.0pt\">Ministro Paulo Guedes diz que Brasil preservou responsabilidade fiscal<\/span><\/a><\/span><\/span><\/span><\/p>\r\n\r\n<p style=\"text-align:justify\"><span style=\"font-size:11pt\"><span style=\"line-height:normal\"><span style=\"font-family:&quot;Calibri&quot;,sans-serif\"><a href=\"https:\/\/agenciabrasil.ebc.com.br\/economia\/noticia\/2022-02\/cnc-intencao-de-consumo-das-familias-tem-ligeira-alta-em-fevereiro\" style=\"color:blue; text-decoration:underline\"><span style=\"font-size:12.0pt\">CNC: inten&ccedil;&atilde;o de consumo das fam&iacute;lias tem ligeira alta em fevereiro<\/span><\/a><\/span><\/span><\/span><\/p>\r\n\r\n<p style=\"text-align:justify\"><span style=\"font-size:11pt\"><span style=\"line-height:normal\"><span style=\"font-family:&quot;Calibri&quot;,sans-serif\"><a href=\"https:\/\/blogdoibre.fgv.br\/posts\/sobre-pib-chuvas-e-caciques\" style=\"color:blue; text-decoration:underline\"><span style=\"font-size:12.0pt\">Sobre PIB, chuvas e caciques<\/span><\/a><\/span><\/span><\/span><\/p>\r\n\r\n<p style=\"text-align:justify\"><span style=\"font-size:11pt\"><span style=\"line-height:normal\"><span style=\"font-family:&quot;Calibri&quot;,sans-serif\"><a href=\"https:\/\/economia.uol.com.br\/noticias\/redacao\/2022\/02\/20\/volta-do-pessimismo-entre-empresas-e-consumidores-ameaca-pib-do-brasil.htm\" style=\"color:blue; text-decoration:underline\"><span style=\"font-size:12.0pt\">Volta do pessimismo entre empresas e consumidores amea&ccedil;a PIB do Brasil<\/span><\/a><\/span><\/span><\/span><\/p>\r\n","texto_en":"","7":"","imagem":"COMP_banner-padrao-home-destaques-boletim_20220222132446jSMBR1WMGi.jpg","8":"COMP_banner-padrao-home-destaques-boletim_20220222132446jSMBR1WMGi.jpg","arquivo":"20220222-NOTICIAS-SEMANAIS.PDF","9":"20220222-NOTICIAS-SEMANAIS.PDF","titulo_arquivo":"","10":"","titulo_arquivo_en":"","11":"","created_at":"2022-02-22 13:24:56","12":"2022-02-22 13:24:56","updated_at":"2022-02-22 13:24:56","13":"2022-02-22 13:24:56"},{"id":5,"0":5,"ordem":218,"1":218,"data":"2022-02-15","2":"2022-02-15","slug":"boletim-de-noticias-semanais-2","3":"boletim-de-noticias-semanais-2","titulo":"Boletim de Not\u00edcias Semanais","4":"Boletim de Not\u00edcias Semanais","titulo_en":"","5":"","texto":"<p style=\"text-align:justify\"><span style=\"font-size:11pt\"><span style=\"line-height:normal\"><span style=\"font-family:&quot;Calibri&quot;,sans-serif\"><span style=\"font-size:12.0pt\">Esta &eacute; uma compila&ccedil;&atilde;o das not&iacute;cias mais relevantes para o setor, incluindo informa&ccedil;&otilde;es sobre acordos internacionais, economia brasileira, sustentabilidade e mat&eacute;rias-primas, al&eacute;m de novidades do setor de N&atilde;otecidos e Tecidos T&eacute;cnicos.<\/span><\/span><\/span><\/span><\/p>\r\n\r\n<p class=\"MsoTitle\" style=\"text-align:justify\"><span style=\"font-size:28pt\"><span style=\"font-family:&quot;Cambria&quot;,serif\"><span style=\"letter-spacing:-0.5pt\"><b><span style=\"font-size:18.0pt\"><span style=\"font-family:&quot;Calibri&quot;,sans-serif\"><span style=\"font-variant:small-caps\">A&ccedil;&otilde;es da ABINT<\/span><\/span><\/span><\/b><\/span><\/span><\/span><\/p>\r\n\r\n<p style=\"text-align:justify\"><span style=\"font-size:11pt\"><span style=\"line-height:normal\"><span style=\"font-family:&quot;Calibri&quot;,sans-serif\"><b><span style=\"font-size:12.0pt\">A ABINT &eacute; apoiadora da ITMA 2023<\/span><\/b><span style=\"font-size:12.0pt\">. O Cematex (Comit&ecirc; Europeu de Fabricantes de M&aacute;quinas T&ecirc;xteis) anunciou que esta, que ser&aacute; a 19&ordf; edi&ccedil;&atilde;o da feira internacional da ind&uacute;stria t&ecirc;xtil, ser&aacute; realizada em Mil&atilde;o, na It&aacute;lia, entre os dias 8 e 14 de junho de 2023. Informa&ccedil;&otilde;es: <\/span><a href=\"https:\/\/us10.campaign-archive.com\/?u=bfd40377d82c98d83d82824c4&amp;id=5bd5c4a7a5&amp;e=4d4cd8558e\" style=\"color:blue; text-decoration:underline\"><span style=\"font-size:12.0pt\"><span style=\"color:blue\">clique aqui<\/span><\/span><\/a> <\/span><\/span><\/span><\/p>\r\n\r\n<p class=\"MsoTitle\" style=\"text-align:justify\"><span style=\"font-size:28pt\"><span style=\"font-family:&quot;Cambria&quot;,serif\"><span style=\"letter-spacing:-0.5pt\"><b><span style=\"font-size:18.0pt\"><span style=\"font-family:&quot;Calibri&quot;,sans-serif\"><span style=\"font-variant:small-caps\">Eventos<\/span><\/span><\/span><\/b><\/span><\/span><\/span><\/p>\r\n\r\n<p style=\"text-align:justify\"><span style=\"font-size:11pt\"><span style=\"line-height:normal\"><span style=\"font-family:&quot;Calibri&quot;,sans-serif\"><b><span style=\"font-size:12.0pt\">ABIT ACADEMY: Gest&atilde;o de riscos em opera&ccedil;&otilde;es de Com&eacute;rcio Exterior, <\/span><\/b><span style=\"font-size:12.0pt\">data: 22 de fevereiro de 2022. Informa&ccedil;&otilde;es: <\/span><a href=\"https:\/\/app.rdstation.email\/mail\/67efaa15-f8a4-4163-9081-da3e16d9c742?utm_campaign=convite_workshop_trade_compliance_-_31012022&amp;utm_medium=email&amp;utm_source=RD+Station\" style=\"color:blue; text-decoration:underline\"><span style=\"font-size:12.0pt\">clique aqui<\/span><\/a><span style=\"font-size:12.0pt\"><span style=\"color:#215868\">.<\/span><\/span><\/span><\/span><\/span><\/p>\r\n\r\n<p style=\"text-align:justify\"><span style=\"font-size:11pt\"><span style=\"line-height:normal\"><span style=\"font-family:&quot;Calibri&quot;,sans-serif\"><b><span style=\"font-size:12.0pt\">9&ordm; Congresso Brasileiro de Inova&ccedil;&atilde;o da Ind&uacute;stria, <\/span><\/b><span style=\"font-size:12.0pt\">data: 09 e 10 de mar&ccedil;o de 2022. Informa&ccedil;&otilde;es: <\/span><a href=\"https:\/\/www.congressodeinovacao.com.br\/\" style=\"color:blue; text-decoration:underline\">https:\/\/www.congressodeinovacao.com.br\/<\/a> <\/span><\/span><\/span><\/p>\r\n\r\n<p style=\"text-align:justify\"><span style=\"font-size:11pt\"><span style=\"line-height:normal\"><span style=\"font-family:&quot;Calibri&quot;,sans-serif\"><b><span style=\"font-size:12.0pt\">Fenasan 2022 - maior evento de saneamento da Am&eacute;rica Latina, <\/span><\/b><span style=\"font-size:12.0pt\">data: de 13 a 15 de setembro. Informa&ccedil;&otilde;es: <\/span><a href=\"https:\/\/fenasan.com.br\/\" style=\"color:blue; text-decoration:underline\">https:\/\/fenasan.com.br\/<\/a> <\/span><\/span><\/span><\/p>\r\n\r\n<p class=\"MsoTitle\" style=\"text-align:justify\"><span style=\"font-size:28pt\"><span style=\"font-family:&quot;Cambria&quot;,serif\"><span style=\"letter-spacing:-0.5pt\"><b><span style=\"font-size:18.0pt\"><span style=\"font-family:&quot;Calibri&quot;,sans-serif\"><span style=\"font-variant:small-caps\">Setor<\/span><\/span><\/span><\/b><\/span><\/span><\/span><\/p>\r\n\r\n<p style=\"text-align:justify\"><span style=\"font-size:11pt\"><span style=\"line-height:normal\"><span style=\"font-family:&quot;Calibri&quot;,sans-serif\"><a href=\"https:\/\/www.segs.com.br\/demais\/332059-setor-plastico-exerceu-influencia-positiva-nos-resultados-da-industria-em-2021\" style=\"color:blue; text-decoration:underline\"><span style=\"font-size:12.0pt\">Setor pl&aacute;stico exerceu influ&ecirc;ncia positiva nos resultados da ind&uacute;stria, em 2021<\/span><\/a><\/span><\/span><\/span><\/p>\r\n\r\n<p style=\"text-align:justify\"><span style=\"font-size:11pt\"><span style=\"line-height:normal\"><span style=\"font-family:&quot;Calibri&quot;,sans-serif\"><a href=\"https:\/\/www.nonwovens-industry.com\/contents\/view_breaking-news\/2022-02-10\/nelson-labs-launches-verification-program-for-face-masks-and-respitors?utm_source=SilverpopMailing&amp;utm_medium=email&amp;utm_campaign=NON_eNewsletter+%282-10-2022%29+%28Final%29&amp;utm_content=&amp;spMailingID=7921971&amp;spUserID=NzcxNzIyNDQyMzgS1&amp;spJobID=1440314254&amp;spReportId=MTQ0MDMxNDI1NAS2\" style=\"color:blue; text-decoration:underline\"><span style=\"font-size:12.0pt\">Nelson Labs Launches Verification Program for Face Masks and Respirators<\/span><\/a><\/span><\/span><\/span><\/p>\r\n\r\n<p style=\"text-align:justify\"><span style=\"font-size:11pt\"><span style=\"line-height:normal\"><span style=\"font-family:&quot;Calibri&quot;,sans-serif\"><a href=\"https:\/\/segurancadopaciente.com.br\/seguranca-e-gestao\/conheca-o-plano-de-acao-da-oms-na-busca-pela-seguranca-do-paciente-em-todo-o-mundo\/?utm_campaign=newsletter_semanal_08022022&amp;utm_medium=email&amp;utm_source=RD+Station\" style=\"color:blue; text-decoration:underline\"><span style=\"font-size:12.0pt\">Conhe&ccedil;a o Plano de A&ccedil;&atilde;o da OMS na busca pela seguran&ccedil;a do paciente em todo o mundo<\/span><\/a><\/span><\/span><\/span><\/p>\r\n\r\n<p class=\"MsoTitle\" style=\"text-align:justify\"><span style=\"font-size:28pt\"><span style=\"font-family:&quot;Cambria&quot;,serif\"><span style=\"letter-spacing:-0.5pt\"><b><span style=\"font-size:18.0pt\"><span style=\"font-family:&quot;Calibri&quot;,sans-serif\"><span style=\"font-variant:small-caps\">Ind&uacute;stria<\/span><\/span><\/span><\/b><\/span><\/span><\/span><\/p>\r\n\r\n<p style=\"text-align:justify\"><span style=\"font-size:11pt\"><span style=\"line-height:normal\"><span style=\"font-family:&quot;Calibri&quot;,sans-serif\"><a href=\"https:\/\/www.youtube.com\/watch?v=cSgYjYJSdHk\" style=\"color:blue; text-decoration:underline\"><span style=\"font-size:12.0pt\">INMETRO, ABNT e SENACON discutiram sobre a profundidade das mudan&ccedil;as e impactos que o novo Modelo regulat&oacute;rio do Inmetro<\/span><\/a><\/span><\/span><\/span><\/p>\r\n\r\n<p style=\"text-align:justify\"><span style=\"font-size:11pt\"><span style=\"line-height:normal\"><span style=\"font-family:&quot;Calibri&quot;,sans-serif\"><a href=\"https:\/\/tissueonline.com.br\/kimberly-clark-investira-us-30-milhoes-em-fabricas-colombianas\/\" style=\"color:blue; text-decoration:underline\"><span style=\"font-size:12.0pt\">Kimberly-Clark investir&aacute; US$ 30 milh&otilde;es em f&aacute;bricas colombianas<\/span><\/a><\/span><\/span><\/span><\/p>\r\n\r\n<p style=\"text-align:justify\"><span style=\"font-size:11pt\"><span style=\"line-height:normal\"><span style=\"font-family:&quot;Calibri&quot;,sans-serif\"><a href=\"https:\/\/amanha.com.br\/categoria\/industria\/setor-automotivo-inicia-o-ano-com-freio-de-mao-puxado\" style=\"color:blue; text-decoration:underline\"><span style=\"font-size:12.0pt\">Setor automotivo inicia o ano com freio de m&atilde;o puxado<\/span><\/a><\/span><\/span><\/span><\/p>\r\n\r\n<p style=\"text-align:justify\"><span style=\"font-size:11pt\"><span style=\"line-height:normal\"><span style=\"font-family:&quot;Calibri&quot;,sans-serif\"><a href=\"https:\/\/www.automotivebusiness.com.br\/pt\/posts\/setor-automotivo\/entenda-por-que-o-mercado-de-veiculos-vai-melhorar\/\" style=\"color:blue; text-decoration:underline\"><span style=\"font-size:12.0pt\">Entenda por que o mercado de ve&iacute;culos vai melhorar<\/span><\/a><\/span><\/span><\/span><\/p>\r\n\r\n<p style=\"text-align:justify\"><span style=\"font-size:11pt\"><span style=\"line-height:normal\"><span style=\"font-family:&quot;Calibri&quot;,sans-serif\"><a href=\"https:\/\/noticias.portaldaindustria.com.br\/noticias\/economia\/industria-mantem-confianca-em-fevereiro-mas-condicoes-atuais-da-economia-desagradam\/\" style=\"color:blue; text-decoration:underline\"><span style=\"font-size:12.0pt\">Ind&uacute;stria mant&eacute;m confian&ccedil;a em fevereiro, mas condi&ccedil;&otilde;es atuais da economia desagradam<\/span><\/a><\/span><\/span><\/span><\/p>\r\n\r\n<p style=\"text-align:justify\"><span style=\"font-size:11pt\"><span style=\"line-height:normal\"><span style=\"font-family:&quot;Calibri&quot;,sans-serif\"><a href=\"https:\/\/www.correiobraziliense.com.br\/economia\/2022\/02\/4983044-com-fartura-de-empregos-agronegocio-criou-mais-de-150-mil-vagas-em-2021.html\" style=\"color:blue; text-decoration:underline\"><span style=\"font-size:12.0pt\">Com fartura de empregos, agroneg&oacute;cio criou mais de 150 mil vagas em 2021<\/span><\/a><\/span><\/span><\/span><\/p>\r\n\r\n<p style=\"text-align:justify\"><span style=\"font-size:11pt\"><span style=\"line-height:normal\"><span style=\"font-family:&quot;Calibri&quot;,sans-serif\"><a href=\"https:\/\/agenciadenoticias.ibge.gov.br\/agencia-noticias\/2012-agencia-de-noticias\/noticias\/32914-custos-da-construcao-crescem-0-72-em-janeiro-com-menor-pressao-dos-materiais\" style=\"color:blue; text-decoration:underline\"><span style=\"font-size:12.0pt\">Custos da constru&ccedil;&atilde;o crescem 0,72% em janeiro, com menor press&atilde;o dos materiais<\/span><\/a><\/span><\/span><\/span><\/p>\r\n\r\n<p style=\"text-align:justify\"><span style=\"font-size:11pt\"><span style=\"line-height:normal\"><span style=\"font-family:&quot;Calibri&quot;,sans-serif\"><a href=\"https:\/\/agenciadenoticias.ibge.gov.br\/agencia-noticias\/2012-agencia-de-noticias\/noticias\/32920-producao-industrial-fecha-2021-com-expansao-em-9-dos-15-locais-pesquisados\" style=\"color:blue; text-decoration:underline\"><span style=\"font-size:12.0pt\">Produ&ccedil;&atilde;o industrial fecha 2021 com expans&atilde;o em 9 dos 15 locais pesquisados<\/span><\/a><\/span><\/span><\/span><\/p>\r\n\r\n<p class=\"MsoTitle\" style=\"text-align:justify\"><span style=\"font-size:28pt\"><span style=\"font-family:&quot;Cambria&quot;,serif\"><span style=\"letter-spacing:-0.5pt\"><b><span style=\"font-size:18.0pt\"><span style=\"font-family:&quot;Calibri&quot;,sans-serif\"><span style=\"font-variant:small-caps\">Sustentabilidade<\/span><\/span><\/span><\/b><\/span><\/span><\/span><\/p>\r\n\r\n<p style=\"text-align:justify\"><span style=\"font-size:11pt\"><span style=\"line-height:normal\"><span style=\"font-family:&quot;Calibri&quot;,sans-serif\"><a href=\"https:\/\/epocanegocios.globo.com\/Um-So-Planeta\/noticia\/2022\/02\/os-microorganismos-comedores-de-plastico-que-podem-ajudar-na-luta-contra-residuos.html\" style=\"color:blue; text-decoration:underline\"><span style=\"font-size:12.0pt\">Os microorganismos comedores de pl&aacute;stico que podem ajudar na luta contra res&iacute;duos<\/span><\/a><\/span><\/span><\/span><\/p>\r\n\r\n<p style=\"text-align:justify\"><span style=\"font-size:11pt\"><span style=\"line-height:normal\"><span style=\"font-family:&quot;Calibri&quot;,sans-serif\"><a href=\"https:\/\/www.istoedinheiro.com.br\/economia-circular-em-pauta\/\" style=\"color:blue; text-decoration:underline\"><span style=\"font-size:12.0pt\">Economia circular em pauta<\/span><\/a><\/span><\/span><\/span><\/p>\r\n\r\n<p style=\"text-align:justify\"><span style=\"font-size:11pt\"><span style=\"line-height:normal\"><span style=\"font-family:&quot;Calibri&quot;,sans-serif\"><a href=\"https:\/\/www.pensamentoverde.com.br\/imgreen\/braskem-e-basf-juntas-pela-economia-circular\/\" style=\"color:blue; text-decoration:underline\"><span style=\"font-size:12.0pt\">Braskem e BASF juntas pela economia circular<\/span><\/a><\/span><\/span><\/span><\/p>\r\n\r\n<p style=\"text-align:justify\"><span style=\"font-size:11pt\"><span style=\"line-height:normal\"><span style=\"font-family:&quot;Calibri&quot;,sans-serif\"><a href=\"https:\/\/plasticosemrevista.com.br\/braskem-estreia-na-reciclagem-quimica-pela-nexus\/\" style=\"color:blue; text-decoration:underline\"><span style=\"font-size:12.0pt\">Braskem estreia na reciclagem qu&iacute;mica pela Nexus<\/span><\/a><\/span><\/span><\/span><\/p>\r\n\r\n<p class=\"MsoTitle\" style=\"text-align:justify\"><span style=\"font-size:28pt\"><span style=\"font-family:&quot;Cambria&quot;,serif\"><span style=\"letter-spacing:-0.5pt\"><b><span style=\"font-size:18.0pt\"><span style=\"font-family:&quot;Calibri&quot;,sans-serif\"><span style=\"font-variant:small-caps\">Inova&ccedil;&atilde;o<\/span><\/span><\/span><\/b><\/span><\/span><\/span><\/p>\r\n\r\n<p style=\"text-align:justify\"><span style=\"font-size:11pt\"><span style=\"line-height:normal\"><span style=\"font-family:&quot;Calibri&quot;,sans-serif\"><a href=\"https:\/\/www.tecmundo.com.br\/ciencia\/233317-cientistas-brasileiros-criam-plastico-biodegradavel-comestivel.htm\" style=\"color:blue; text-decoration:underline\">Cientistas brasileiros criam pl&aacute;stico biodegrad&aacute;vel e comest&iacute;vel<\/a><\/span><\/span><\/span><\/p>\r\n\r\n<p style=\"text-align:justify\"><span style=\"font-size:11pt\"><span style=\"line-height:normal\"><span style=\"font-family:&quot;Calibri&quot;,sans-serif\"><a href=\"http:\/\/textileindustry.ning.com\/forum\/topics\/investimento-da-ind-stria-em-pesquisa-e-desenvolvimento-cresceu\" style=\"color:blue; text-decoration:underline\">Investimento da ind&uacute;stria em pesquisa e desenvolvimento cresceu 33,4%, ap&oacute;s 2016<\/a><\/span><\/span><\/span><\/p>\r\n\r\n<p class=\"MsoTitle\" style=\"text-align:justify\"><span style=\"font-size:28pt\"><span style=\"font-family:&quot;Cambria&quot;,serif\"><span style=\"letter-spacing:-0.5pt\"><b><span style=\"font-size:18.0pt\"><span style=\"font-family:&quot;Calibri&quot;,sans-serif\"><span style=\"font-variant:small-caps\">Com&eacute;rcio Exterior<\/span><\/span><\/span><\/b><\/span><\/span><\/span><\/p>\r\n\r\n<p style=\"text-align:justify\"><span style=\"font-size:11pt\"><span style=\"line-height:normal\"><span style=\"font-family:&quot;Calibri&quot;,sans-serif\"><a href=\"https:\/\/www.comexdobrasil.com\/argentina-china-avanca-e-supera-o-brasil-na-disputa-pelo-principal-mercado-para-os-produtos-manufaturados-brasileiros\/\" style=\"color:blue; text-decoration:underline\"><span style=\"font-size:12.0pt\">Argentina: China avan&ccedil;a e supera o Brasil na disputa pel principal mercado para os produtos manufaturados brasileiros<\/span><\/a><\/span><\/span><\/span><\/p>\r\n\r\n<p style=\"text-align:justify\"><span style=\"font-size:11pt\"><span style=\"line-height:normal\"><span style=\"font-family:&quot;Calibri&quot;,sans-serif\"><a href=\"https:\/\/www.comexdobrasil.com\/china-avanca-na-america-do-sul-e-inicia-negociacao-de-acordo-de-livre-comercio-com-o-equador\/\" style=\"color:blue; text-decoration:underline\"><span style=\"font-size:12.0pt\">China avan&ccedil;a na Am&eacute;rica do Sul e inicia negocia&ccedil;&atilde;o de acordo de livre com&eacute;rcio com o Equador<\/span><\/a><\/span><\/span><\/span><\/p>\r\n\r\n<p style=\"text-align:justify\"><span style=\"font-size:11pt\"><span style=\"line-height:normal\"><span style=\"font-family:&quot;Calibri&quot;,sans-serif\"><a href=\"https:\/\/www.comexdobrasil.com\/calcadistas-exportaram-14-milhoes-de-pares-em-janeiro-confirmando-recuperacao-registrada-ao-longo-de-2021\/\" style=\"color:blue; text-decoration:underline\"><span style=\"font-size:12.0pt\">Cal&ccedil;adistas exportaram 14 milh&otilde;es de pares em janeiro<\/span><\/a> <\/span><\/span><\/span><\/p>\r\n\r\n<p style=\"text-align:justify\"><span style=\"font-size:11pt\"><span style=\"line-height:normal\"><span style=\"font-family:&quot;Calibri&quot;,sans-serif\"><a href=\"https:\/\/www.comexdobrasil.com\/marcas-brasileiras-de-calcados-de-malas-prontas-para-participar-de-quatro-feiras-nos-eua\/\" style=\"color:blue; text-decoration:underline\"><span style=\"font-size:12.0pt\">Marcas brasileiras de cal&ccedil;ados de malas prontas para participar de quatro feiras nos EUA<\/span><\/a><\/span><\/span><\/span><\/p>\r\n\r\n<p class=\"MsoTitle\" style=\"text-align:justify\"><span style=\"font-size:28pt\"><span style=\"font-family:&quot;Cambria&quot;,serif\"><span style=\"letter-spacing:-0.5pt\"><b><span style=\"font-size:18.0pt\"><span style=\"font-family:&quot;Calibri&quot;,sans-serif\"><span style=\"font-variant:small-caps\">Economia<\/span><\/span><\/span><\/b><\/span><\/span><\/span><\/p>\r\n\r\n<p style=\"text-align:justify\"><span style=\"font-size:11pt\"><span style=\"line-height:normal\"><span style=\"font-family:&quot;Calibri&quot;,sans-serif\"><a href=\"https:\/\/www.bcb.gov.br\/content\/focus\/focus\/R20220211.pdf\" style=\"color:blue; text-decoration:underline\"><b><span style=\"font-size:12.0pt\">Boletim Focus<\/span><\/b><\/a><\/span><\/span><\/span><\/p>\r\n\r\n<p style=\"text-align:justify\"><span style=\"font-size:11pt\"><span style=\"line-height:normal\"><span style=\"font-family:&quot;Calibri&quot;,sans-serif\"><a href=\"https:\/\/app.rdstation.email\/mail\/ecfbf75c-ffff-41df-8edc-fe6063769662?utm_campaign=cni_-_custo_brasil_-_fev_2022&amp;utm_medium=email&amp;utm_source=RD+Station\" style=\"color:blue; text-decoration:underline\"><span style=\"font-size:12.0pt\">O Custo Brasil e seus impactos no Pa&iacute;s<\/span><\/a><\/span><\/span><\/span><\/p>\r\n\r\n<p style=\"text-align:justify\"><span style=\"font-size:11pt\"><span style=\"line-height:normal\"><span style=\"font-family:&quot;Calibri&quot;,sans-serif\"><a href=\"https:\/\/agenciabrasil.ebc.com.br\/economia\/noticia\/2022-02\/atividade-economica-cresce-45-em-2021-diz-bc\" style=\"color:blue; text-decoration:underline\"><span style=\"font-size:12.0pt\">Atividade econ&ocirc;mica cresce 4,5% em 2021, diz BC<\/span><\/a><\/span><\/span><\/span><\/p>\r\n\r\n<p style=\"text-align:justify\"><span style=\"font-size:11pt\"><span style=\"line-height:normal\"><span style=\"font-family:&quot;Calibri&quot;,sans-serif\"><a href=\"https:\/\/agenciabrasil.ebc.com.br\/economia\/noticia\/2022-02\/inflacao-atingira-pico-em-abril-ou-maio-diz-presidente-do-bc\" style=\"color:blue; text-decoration:underline\"><span style=\"font-size:12.0pt\">Infla&ccedil;&atilde;o atingir&aacute; pico em abril ou maio, diz presidente do BC<\/span><\/a><\/span><\/span><\/span><\/p>\r\n","6":"<p style=\"text-align:justify\"><span style=\"font-size:11pt\"><span style=\"line-height:normal\"><span style=\"font-family:&quot;Calibri&quot;,sans-serif\"><span style=\"font-size:12.0pt\">Esta &eacute; uma compila&ccedil;&atilde;o das not&iacute;cias mais relevantes para o setor, incluindo informa&ccedil;&otilde;es sobre acordos internacionais, economia brasileira, sustentabilidade e mat&eacute;rias-primas, al&eacute;m de novidades do setor de N&atilde;otecidos e Tecidos T&eacute;cnicos.<\/span><\/span><\/span><\/span><\/p>\r\n\r\n<p class=\"MsoTitle\" style=\"text-align:justify\"><span style=\"font-size:28pt\"><span style=\"font-family:&quot;Cambria&quot;,serif\"><span style=\"letter-spacing:-0.5pt\"><b><span style=\"font-size:18.0pt\"><span style=\"font-family:&quot;Calibri&quot;,sans-serif\"><span style=\"font-variant:small-caps\">A&ccedil;&otilde;es da ABINT<\/span><\/span><\/span><\/b><\/span><\/span><\/span><\/p>\r\n\r\n<p style=\"text-align:justify\"><span style=\"font-size:11pt\"><span style=\"line-height:normal\"><span style=\"font-family:&quot;Calibri&quot;,sans-serif\"><b><span style=\"font-size:12.0pt\">A ABINT &eacute; apoiadora da ITMA 2023<\/span><\/b><span style=\"font-size:12.0pt\">. O Cematex (Comit&ecirc; Europeu de Fabricantes de M&aacute;quinas T&ecirc;xteis) anunciou que esta, que ser&aacute; a 19&ordf; edi&ccedil;&atilde;o da feira internacional da ind&uacute;stria t&ecirc;xtil, ser&aacute; realizada em Mil&atilde;o, na It&aacute;lia, entre os dias 8 e 14 de junho de 2023. Informa&ccedil;&otilde;es: <\/span><a href=\"https:\/\/us10.campaign-archive.com\/?u=bfd40377d82c98d83d82824c4&amp;id=5bd5c4a7a5&amp;e=4d4cd8558e\" style=\"color:blue; text-decoration:underline\"><span style=\"font-size:12.0pt\"><span style=\"color:blue\">clique aqui<\/span><\/span><\/a> <\/span><\/span><\/span><\/p>\r\n\r\n<p class=\"MsoTitle\" style=\"text-align:justify\"><span style=\"font-size:28pt\"><span style=\"font-family:&quot;Cambria&quot;,serif\"><span style=\"letter-spacing:-0.5pt\"><b><span style=\"font-size:18.0pt\"><span style=\"font-family:&quot;Calibri&quot;,sans-serif\"><span style=\"font-variant:small-caps\">Eventos<\/span><\/span><\/span><\/b><\/span><\/span><\/span><\/p>\r\n\r\n<p style=\"text-align:justify\"><span style=\"font-size:11pt\"><span style=\"line-height:normal\"><span style=\"font-family:&quot;Calibri&quot;,sans-serif\"><b><span style=\"font-size:12.0pt\">ABIT ACADEMY: Gest&atilde;o de riscos em opera&ccedil;&otilde;es de Com&eacute;rcio Exterior, <\/span><\/b><span style=\"font-size:12.0pt\">data: 22 de fevereiro de 2022. Informa&ccedil;&otilde;es: <\/span><a href=\"https:\/\/app.rdstation.email\/mail\/67efaa15-f8a4-4163-9081-da3e16d9c742?utm_campaign=convite_workshop_trade_compliance_-_31012022&amp;utm_medium=email&amp;utm_source=RD+Station\" style=\"color:blue; text-decoration:underline\"><span style=\"font-size:12.0pt\">clique aqui<\/span><\/a><span style=\"font-size:12.0pt\"><span style=\"color:#215868\">.<\/span><\/span><\/span><\/span><\/span><\/p>\r\n\r\n<p style=\"text-align:justify\"><span style=\"font-size:11pt\"><span style=\"line-height:normal\"><span style=\"font-family:&quot;Calibri&quot;,sans-serif\"><b><span style=\"font-size:12.0pt\">9&ordm; Congresso Brasileiro de Inova&ccedil;&atilde;o da Ind&uacute;stria, <\/span><\/b><span style=\"font-size:12.0pt\">data: 09 e 10 de mar&ccedil;o de 2022. Informa&ccedil;&otilde;es: <\/span><a href=\"https:\/\/www.congressodeinovacao.com.br\/\" style=\"color:blue; text-decoration:underline\">https:\/\/www.congressodeinovacao.com.br\/<\/a> <\/span><\/span><\/span><\/p>\r\n\r\n<p style=\"text-align:justify\"><span style=\"font-size:11pt\"><span style=\"line-height:normal\"><span style=\"font-family:&quot;Calibri&quot;,sans-serif\"><b><span style=\"font-size:12.0pt\">Fenasan 2022 - maior evento de saneamento da Am&eacute;rica Latina, <\/span><\/b><span style=\"font-size:12.0pt\">data: de 13 a 15 de setembro. Informa&ccedil;&otilde;es: <\/span><a href=\"https:\/\/fenasan.com.br\/\" style=\"color:blue; text-decoration:underline\">https:\/\/fenasan.com.br\/<\/a> <\/span><\/span><\/span><\/p>\r\n\r\n<p class=\"MsoTitle\" style=\"text-align:justify\"><span style=\"font-size:28pt\"><span style=\"font-family:&quot;Cambria&quot;,serif\"><span style=\"letter-spacing:-0.5pt\"><b><span style=\"font-size:18.0pt\"><span style=\"font-family:&quot;Calibri&quot;,sans-serif\"><span style=\"font-variant:small-caps\">Setor<\/span><\/span><\/span><\/b><\/span><\/span><\/span><\/p>\r\n\r\n<p style=\"text-align:justify\"><span style=\"font-size:11pt\"><span style=\"line-height:normal\"><span style=\"font-family:&quot;Calibri&quot;,sans-serif\"><a href=\"https:\/\/www.segs.com.br\/demais\/332059-setor-plastico-exerceu-influencia-positiva-nos-resultados-da-industria-em-2021\" style=\"color:blue; text-decoration:underline\"><span style=\"font-size:12.0pt\">Setor pl&aacute;stico exerceu influ&ecirc;ncia positiva nos resultados da ind&uacute;stria, em 2021<\/span><\/a><\/span><\/span><\/span><\/p>\r\n\r\n<p style=\"text-align:justify\"><span style=\"font-size:11pt\"><span style=\"line-height:normal\"><span style=\"font-family:&quot;Calibri&quot;,sans-serif\"><a href=\"https:\/\/www.nonwovens-industry.com\/contents\/view_breaking-news\/2022-02-10\/nelson-labs-launches-verification-program-for-face-masks-and-respitors?utm_source=SilverpopMailing&amp;utm_medium=email&amp;utm_campaign=NON_eNewsletter+%282-10-2022%29+%28Final%29&amp;utm_content=&amp;spMailingID=7921971&amp;spUserID=NzcxNzIyNDQyMzgS1&amp;spJobID=1440314254&amp;spReportId=MTQ0MDMxNDI1NAS2\" style=\"color:blue; text-decoration:underline\"><span style=\"font-size:12.0pt\">Nelson Labs Launches Verification Program for Face Masks and Respirators<\/span><\/a><\/span><\/span><\/span><\/p>\r\n\r\n<p style=\"text-align:justify\"><span style=\"font-size:11pt\"><span style=\"line-height:normal\"><span style=\"font-family:&quot;Calibri&quot;,sans-serif\"><a href=\"https:\/\/segurancadopaciente.com.br\/seguranca-e-gestao\/conheca-o-plano-de-acao-da-oms-na-busca-pela-seguranca-do-paciente-em-todo-o-mundo\/?utm_campaign=newsletter_semanal_08022022&amp;utm_medium=email&amp;utm_source=RD+Station\" style=\"color:blue; text-decoration:underline\"><span style=\"font-size:12.0pt\">Conhe&ccedil;a o Plano de A&ccedil;&atilde;o da OMS na busca pela seguran&ccedil;a do paciente em todo o mundo<\/span><\/a><\/span><\/span><\/span><\/p>\r\n\r\n<p class=\"MsoTitle\" style=\"text-align:justify\"><span style=\"font-size:28pt\"><span style=\"font-family:&quot;Cambria&quot;,serif\"><span style=\"letter-spacing:-0.5pt\"><b><span style=\"font-size:18.0pt\"><span style=\"font-family:&quot;Calibri&quot;,sans-serif\"><span style=\"font-variant:small-caps\">Ind&uacute;stria<\/span><\/span><\/span><\/b><\/span><\/span><\/span><\/p>\r\n\r\n<p style=\"text-align:justify\"><span style=\"font-size:11pt\"><span style=\"line-height:normal\"><span style=\"font-family:&quot;Calibri&quot;,sans-serif\"><a href=\"https:\/\/www.youtube.com\/watch?v=cSgYjYJSdHk\" style=\"color:blue; text-decoration:underline\"><span style=\"font-size:12.0pt\">INMETRO, ABNT e SENACON discutiram sobre a profundidade das mudan&ccedil;as e impactos que o novo Modelo regulat&oacute;rio do Inmetro<\/span><\/a><\/span><\/span><\/span><\/p>\r\n\r\n<p style=\"text-align:justify\"><span style=\"font-size:11pt\"><span style=\"line-height:normal\"><span style=\"font-family:&quot;Calibri&quot;,sans-serif\"><a href=\"https:\/\/tissueonline.com.br\/kimberly-clark-investira-us-30-milhoes-em-fabricas-colombianas\/\" style=\"color:blue; text-decoration:underline\"><span style=\"font-size:12.0pt\">Kimberly-Clark investir&aacute; US$ 30 milh&otilde;es em f&aacute;bricas colombianas<\/span><\/a><\/span><\/span><\/span><\/p>\r\n\r\n<p style=\"text-align:justify\"><span style=\"font-size:11pt\"><span style=\"line-height:normal\"><span style=\"font-family:&quot;Calibri&quot;,sans-serif\"><a href=\"https:\/\/amanha.com.br\/categoria\/industria\/setor-automotivo-inicia-o-ano-com-freio-de-mao-puxado\" style=\"color:blue; text-decoration:underline\"><span style=\"font-size:12.0pt\">Setor automotivo inicia o ano com freio de m&atilde;o puxado<\/span><\/a><\/span><\/span><\/span><\/p>\r\n\r\n<p style=\"text-align:justify\"><span style=\"font-size:11pt\"><span style=\"line-height:normal\"><span style=\"font-family:&quot;Calibri&quot;,sans-serif\"><a href=\"https:\/\/www.automotivebusiness.com.br\/pt\/posts\/setor-automotivo\/entenda-por-que-o-mercado-de-veiculos-vai-melhorar\/\" style=\"color:blue; text-decoration:underline\"><span style=\"font-size:12.0pt\">Entenda por que o mercado de ve&iacute;culos vai melhorar<\/span><\/a><\/span><\/span><\/span><\/p>\r\n\r\n<p style=\"text-align:justify\"><span style=\"font-size:11pt\"><span style=\"line-height:normal\"><span style=\"font-family:&quot;Calibri&quot;,sans-serif\"><a href=\"https:\/\/noticias.portaldaindustria.com.br\/noticias\/economia\/industria-mantem-confianca-em-fevereiro-mas-condicoes-atuais-da-economia-desagradam\/\" style=\"color:blue; text-decoration:underline\"><span style=\"font-size:12.0pt\">Ind&uacute;stria mant&eacute;m confian&ccedil;a em fevereiro, mas condi&ccedil;&otilde;es atuais da economia desagradam<\/span><\/a><\/span><\/span><\/span><\/p>\r\n\r\n<p style=\"text-align:justify\"><span style=\"font-size:11pt\"><span style=\"line-height:normal\"><span style=\"font-family:&quot;Calibri&quot;,sans-serif\"><a href=\"https:\/\/www.correiobraziliense.com.br\/economia\/2022\/02\/4983044-com-fartura-de-empregos-agronegocio-criou-mais-de-150-mil-vagas-em-2021.html\" style=\"color:blue; text-decoration:underline\"><span style=\"font-size:12.0pt\">Com fartura de empregos, agroneg&oacute;cio criou mais de 150 mil vagas em 2021<\/span><\/a><\/span><\/span><\/span><\/p>\r\n\r\n<p style=\"text-align:justify\"><span style=\"font-size:11pt\"><span style=\"line-height:normal\"><span style=\"font-family:&quot;Calibri&quot;,sans-serif\"><a href=\"https:\/\/agenciadenoticias.ibge.gov.br\/agencia-noticias\/2012-agencia-de-noticias\/noticias\/32914-custos-da-construcao-crescem-0-72-em-janeiro-com-menor-pressao-dos-materiais\" style=\"color:blue; text-decoration:underline\"><span style=\"font-size:12.0pt\">Custos da constru&ccedil;&atilde;o crescem 0,72% em janeiro, com menor press&atilde;o dos materiais<\/span><\/a><\/span><\/span><\/span><\/p>\r\n\r\n<p style=\"text-align:justify\"><span style=\"font-size:11pt\"><span style=\"line-height:normal\"><span style=\"font-family:&quot;Calibri&quot;,sans-serif\"><a href=\"https:\/\/agenciadenoticias.ibge.gov.br\/agencia-noticias\/2012-agencia-de-noticias\/noticias\/32920-producao-industrial-fecha-2021-com-expansao-em-9-dos-15-locais-pesquisados\" style=\"color:blue; text-decoration:underline\"><span style=\"font-size:12.0pt\">Produ&ccedil;&atilde;o industrial fecha 2021 com expans&atilde;o em 9 dos 15 locais pesquisados<\/span><\/a><\/span><\/span><\/span><\/p>\r\n\r\n<p class=\"MsoTitle\" style=\"text-align:justify\"><span style=\"font-size:28pt\"><span style=\"font-family:&quot;Cambria&quot;,serif\"><span style=\"letter-spacing:-0.5pt\"><b><span style=\"font-size:18.0pt\"><span style=\"font-family:&quot;Calibri&quot;,sans-serif\"><span style=\"font-variant:small-caps\">Sustentabilidade<\/span><\/span><\/span><\/b><\/span><\/span><\/span><\/p>\r\n\r\n<p style=\"text-align:justify\"><span style=\"font-size:11pt\"><span style=\"line-height:normal\"><span style=\"font-family:&quot;Calibri&quot;,sans-serif\"><a href=\"https:\/\/epocanegocios.globo.com\/Um-So-Planeta\/noticia\/2022\/02\/os-microorganismos-comedores-de-plastico-que-podem-ajudar-na-luta-contra-residuos.html\" style=\"color:blue; text-decoration:underline\"><span style=\"font-size:12.0pt\">Os microorganismos comedores de pl&aacute;stico que podem ajudar na luta contra res&iacute;duos<\/span><\/a><\/span><\/span><\/span><\/p>\r\n\r\n<p style=\"text-align:justify\"><span style=\"font-size:11pt\"><span style=\"line-height:normal\"><span style=\"font-family:&quot;Calibri&quot;,sans-serif\"><a href=\"https:\/\/www.istoedinheiro.com.br\/economia-circular-em-pauta\/\" style=\"color:blue; text-decoration:underline\"><span style=\"font-size:12.0pt\">Economia circular em pauta<\/span><\/a><\/span><\/span><\/span><\/p>\r\n\r\n<p style=\"text-align:justify\"><span style=\"font-size:11pt\"><span style=\"line-height:normal\"><span style=\"font-family:&quot;Calibri&quot;,sans-serif\"><a href=\"https:\/\/www.pensamentoverde.com.br\/imgreen\/braskem-e-basf-juntas-pela-economia-circular\/\" style=\"color:blue; text-decoration:underline\"><span style=\"font-size:12.0pt\">Braskem e BASF juntas pela economia circular<\/span><\/a><\/span><\/span><\/span><\/p>\r\n\r\n<p style=\"text-align:justify\"><span style=\"font-size:11pt\"><span style=\"line-height:normal\"><span style=\"font-family:&quot;Calibri&quot;,sans-serif\"><a href=\"https:\/\/plasticosemrevista.com.br\/braskem-estreia-na-reciclagem-quimica-pela-nexus\/\" style=\"color:blue; text-decoration:underline\"><span style=\"font-size:12.0pt\">Braskem estreia na reciclagem qu&iacute;mica pela Nexus<\/span><\/a><\/span><\/span><\/span><\/p>\r\n\r\n<p class=\"MsoTitle\" style=\"text-align:justify\"><span style=\"font-size:28pt\"><span style=\"font-family:&quot;Cambria&quot;,serif\"><span style=\"letter-spacing:-0.5pt\"><b><span style=\"font-size:18.0pt\"><span style=\"font-family:&quot;Calibri&quot;,sans-serif\"><span style=\"font-variant:small-caps\">Inova&ccedil;&atilde;o<\/span><\/span><\/span><\/b><\/span><\/span><\/span><\/p>\r\n\r\n<p style=\"text-align:justify\"><span style=\"font-size:11pt\"><span style=\"line-height:normal\"><span style=\"font-family:&quot;Calibri&quot;,sans-serif\"><a href=\"https:\/\/www.tecmundo.com.br\/ciencia\/233317-cientistas-brasileiros-criam-plastico-biodegradavel-comestivel.htm\" style=\"color:blue; text-decoration:underline\">Cientistas brasileiros criam pl&aacute;stico biodegrad&aacute;vel e comest&iacute;vel<\/a><\/span><\/span><\/span><\/p>\r\n\r\n<p style=\"text-align:justify\"><span style=\"font-size:11pt\"><span style=\"line-height:normal\"><span style=\"font-family:&quot;Calibri&quot;,sans-serif\"><a href=\"http:\/\/textileindustry.ning.com\/forum\/topics\/investimento-da-ind-stria-em-pesquisa-e-desenvolvimento-cresceu\" style=\"color:blue; text-decoration:underline\">Investimento da ind&uacute;stria em pesquisa e desenvolvimento cresceu 33,4%, ap&oacute;s 2016<\/a><\/span><\/span><\/span><\/p>\r\n\r\n<p class=\"MsoTitle\" style=\"text-align:justify\"><span style=\"font-size:28pt\"><span style=\"font-family:&quot;Cambria&quot;,serif\"><span style=\"letter-spacing:-0.5pt\"><b><span style=\"font-size:18.0pt\"><span style=\"font-family:&quot;Calibri&quot;,sans-serif\"><span style=\"font-variant:small-caps\">Com&eacute;rcio Exterior<\/span><\/span><\/span><\/b><\/span><\/span><\/span><\/p>\r\n\r\n<p style=\"text-align:justify\"><span style=\"font-size:11pt\"><span style=\"line-height:normal\"><span style=\"font-family:&quot;Calibri&quot;,sans-serif\"><a href=\"https:\/\/www.comexdobrasil.com\/argentina-china-avanca-e-supera-o-brasil-na-disputa-pelo-principal-mercado-para-os-produtos-manufaturados-brasileiros\/\" style=\"color:blue; text-decoration:underline\"><span style=\"font-size:12.0pt\">Argentina: China avan&ccedil;a e supera o Brasil na disputa pel principal mercado para os produtos manufaturados brasileiros<\/span><\/a><\/span><\/span><\/span><\/p>\r\n\r\n<p style=\"text-align:justify\"><span style=\"font-size:11pt\"><span style=\"line-height:normal\"><span style=\"font-family:&quot;Calibri&quot;,sans-serif\"><a href=\"https:\/\/www.comexdobrasil.com\/china-avanca-na-america-do-sul-e-inicia-negociacao-de-acordo-de-livre-comercio-com-o-equador\/\" style=\"color:blue; text-decoration:underline\"><span style=\"font-size:12.0pt\">China avan&ccedil;a na Am&eacute;rica do Sul e inicia negocia&ccedil;&atilde;o de acordo de livre com&eacute;rcio com o Equador<\/span><\/a><\/span><\/span><\/span><\/p>\r\n\r\n<p style=\"text-align:justify\"><span style=\"font-size:11pt\"><span style=\"line-height:normal\"><span style=\"font-family:&quot;Calibri&quot;,sans-serif\"><a href=\"https:\/\/www.comexdobrasil.com\/calcadistas-exportaram-14-milhoes-de-pares-em-janeiro-confirmando-recuperacao-registrada-ao-longo-de-2021\/\" style=\"color:blue; text-decoration:underline\"><span style=\"font-size:12.0pt\">Cal&ccedil;adistas exportaram 14 milh&otilde;es de pares em janeiro<\/span><\/a> <\/span><\/span><\/span><\/p>\r\n\r\n<p style=\"text-align:justify\"><span style=\"font-size:11pt\"><span style=\"line-height:normal\"><span style=\"font-family:&quot;Calibri&quot;,sans-serif\"><a href=\"https:\/\/www.comexdobrasil.com\/marcas-brasileiras-de-calcados-de-malas-prontas-para-participar-de-quatro-feiras-nos-eua\/\" style=\"color:blue; text-decoration:underline\"><span style=\"font-size:12.0pt\">Marcas brasileiras de cal&ccedil;ados de malas prontas para participar de quatro feiras nos EUA<\/span><\/a><\/span><\/span><\/span><\/p>\r\n\r\n<p class=\"MsoTitle\" style=\"text-align:justify\"><span style=\"font-size:28pt\"><span style=\"font-family:&quot;Cambria&quot;,serif\"><span style=\"letter-spacing:-0.5pt\"><b><span style=\"font-size:18.0pt\"><span style=\"font-family:&quot;Calibri&quot;,sans-serif\"><span style=\"font-variant:small-caps\">Economia<\/span><\/span><\/span><\/b><\/span><\/span><\/span><\/p>\r\n\r\n<p style=\"text-align:justify\"><span style=\"font-size:11pt\"><span style=\"line-height:normal\"><span style=\"font-family:&quot;Calibri&quot;,sans-serif\"><a href=\"https:\/\/www.bcb.gov.br\/content\/focus\/focus\/R20220211.pdf\" style=\"color:blue; text-decoration:underline\"><b><span style=\"font-size:12.0pt\">Boletim Focus<\/span><\/b><\/a><\/span><\/span><\/span><\/p>\r\n\r\n<p style=\"text-align:justify\"><span style=\"font-size:11pt\"><span style=\"line-height:normal\"><span style=\"font-family:&quot;Calibri&quot;,sans-serif\"><a href=\"https:\/\/app.rdstation.email\/mail\/ecfbf75c-ffff-41df-8edc-fe6063769662?utm_campaign=cni_-_custo_brasil_-_fev_2022&amp;utm_medium=email&amp;utm_source=RD+Station\" style=\"color:blue; text-decoration:underline\"><span style=\"font-size:12.0pt\">O Custo Brasil e seus impactos no Pa&iacute;s<\/span><\/a><\/span><\/span><\/span><\/p>\r\n\r\n<p style=\"text-align:justify\"><span style=\"font-size:11pt\"><span style=\"line-height:normal\"><span style=\"font-family:&quot;Calibri&quot;,sans-serif\"><a href=\"https:\/\/agenciabrasil.ebc.com.br\/economia\/noticia\/2022-02\/atividade-economica-cresce-45-em-2021-diz-bc\" style=\"color:blue; text-decoration:underline\"><span style=\"font-size:12.0pt\">Atividade econ&ocirc;mica cresce 4,5% em 2021, diz BC<\/span><\/a><\/span><\/span><\/span><\/p>\r\n\r\n<p style=\"text-align:justify\"><span style=\"font-size:11pt\"><span style=\"line-height:normal\"><span style=\"font-family:&quot;Calibri&quot;,sans-serif\"><a href=\"https:\/\/agenciabrasil.ebc.com.br\/economia\/noticia\/2022-02\/inflacao-atingira-pico-em-abril-ou-maio-diz-presidente-do-bc\" style=\"color:blue; text-decoration:underline\"><span style=\"font-size:12.0pt\">Infla&ccedil;&atilde;o atingir&aacute; pico em abril ou maio, diz presidente do BC<\/span><\/a><\/span><\/span><\/span><\/p>\r\n","texto_en":"","7":"","imagem":"COMP_banner-padrao-home-destaques-boletim_202202151624150dDlsvGFyh.jpg","8":"COMP_banner-padrao-home-destaques-boletim_202202151624150dDlsvGFyh.jpg","arquivo":"20220215-NOTICIAS-SEMANAIS.PDF","9":"20220215-NOTICIAS-SEMANAIS.PDF","titulo_arquivo":"","10":"","titulo_arquivo_en":"","11":"","created_at":"2022-02-15 16:24:23","12":"2022-02-15 16:24:23","updated_at":"2022-02-15 16:24:23","13":"2022-02-15 16:24:23"},{"id":4,"0":4,"ordem":219,"1":219,"data":"2022-02-08","2":"2022-02-08","slug":"boletim-de-noticias-semanais-1","3":"boletim-de-noticias-semanais-1","titulo":"Boletim de Not\u00edcias Semanais","4":"Boletim de Not\u00edcias Semanais","titulo_en":".","5":".","texto":"<p style=\"text-align:justify\"><span style=\"font-size:11pt\"><span style=\"line-height:normal\"><span style=\"font-family:&quot;Calibri&quot;,sans-serif\"><span style=\"font-size:12.0pt\">Esta &eacute; uma compila&ccedil;&atilde;o das not&iacute;cias mais relevantes para o setor, incluindo informa&ccedil;&otilde;es sobre acordos internacionais, economia brasileira, sustentabilidade e mat&eacute;rias-primas, al&eacute;m de novidades do setor de N&atilde;otecidos e Tecidos T&eacute;cnicos.<\/span><\/span><\/span><\/span><\/p>\r\n\r\n<p class=\"MsoTitle\" style=\"text-align:justify\"><span style=\"font-size:28pt\"><span style=\"font-family:&quot;Cambria&quot;,serif\"><span style=\"letter-spacing:-0.5pt\"><b><span style=\"font-size:18.0pt\"><span style=\"font-family:&quot;Calibri&quot;,sans-serif\"><span style=\"font-variant:small-caps\">A&ccedil;&otilde;es da ABINT<\/span><\/span><\/span><\/b><\/span><\/span><\/span><\/p>\r\n\r\n<p style=\"text-align:justify\"><span style=\"font-size:11pt\"><span style=\"line-height:normal\"><span style=\"font-family:&quot;Calibri&quot;,sans-serif\"><b><span style=\"font-size:12.0pt\">A ABINT &eacute; apoiadora da ITMA 2023<\/span><\/b><span style=\"font-size:12.0pt\">. O Cematex (Comit&ecirc; Europeu de Fabricantes de M&aacute;quinas T&ecirc;xteis) anunciou que esta, que ser&aacute; a 19&ordf; edi&ccedil;&atilde;o da feira internacional da ind&uacute;stria t&ecirc;xtil, ser&aacute; realizada em Mil&atilde;o, na It&aacute;lia, entre os dias 8 e 14 de junho de 2023. Informa&ccedil;&otilde;es: <\/span><a href=\"https:\/\/us10.campaign-archive.com\/?u=bfd40377d82c98d83d82824c4&amp;id=5bd5c4a7a5&amp;e=4d4cd8558e\" style=\"color:blue; text-decoration:underline\"><span style=\"font-size:12.0pt\"><span style=\"color:blue\">clique aqui<\/span><\/span><\/a> <\/span><\/span><\/span><\/p>\r\n\r\n<p class=\"MsoTitle\" style=\"text-align:justify\"><span style=\"font-size:28pt\"><span style=\"font-family:&quot;Cambria&quot;,serif\"><span style=\"letter-spacing:-0.5pt\"><b><span style=\"font-size:18.0pt\"><span style=\"font-family:&quot;Calibri&quot;,sans-serif\"><span style=\"font-variant:small-caps\">Eventos<\/span><\/span><\/span><\/b><\/span><\/span><\/span><\/p>\r\n\r\n<p style=\"text-align:justify\"><span style=\"font-size:11pt\"><span style=\"line-height:normal\"><span style=\"font-family:&quot;Calibri&quot;,sans-serif\"><b><span style=\"font-size:12.0pt\">WEBINAR &ndash; Modelo Regulat&oacute;rio do Inmetro e seus impactos, <\/span><\/b><span style=\"font-size:12.0pt\">data: 09 de fevereiro de 2022. Informa&ccedil;&otilde;es: <\/span><a href=\"https:\/\/siamfesp.org.br\/imprensa\/acontece\/1201-webinar-modelo-regulatorio-do-inmetro-e-seus-impactos\" style=\"color:blue; text-decoration:underline\"><span style=\"font-size:12.0pt\">clique aqui<\/span><\/a><\/span><\/span><\/span><\/p>\r\n\r\n<p style=\"text-align:justify\"><span style=\"font-size:11pt\"><span style=\"line-height:normal\"><span style=\"font-family:&quot;Calibri&quot;,sans-serif\"><b><span style=\"font-size:12.0pt\">Abra Talks Fevereiro 2022, data: 10 de fevereiro. Informa&ccedil;&otilde;es<\/span><\/b><span style=\"font-size:12.0pt\">: <\/span><a href=\"https:\/\/www.sympla.com.br\/evento-online\/abra-talks-fevereiro-2022\/1464531\" style=\"color:blue; text-decoration:underline\"><span style=\"font-size:12.0pt\"><span style=\"color:blue\">clique aqui<\/span><\/span><\/a><\/span><\/span><\/span><\/p>\r\n\r\n<p style=\"text-align:justify\"><span style=\"font-size:11pt\"><span style=\"line-height:normal\"><span style=\"font-family:&quot;Calibri&quot;,sans-serif\"><b><span style=\"font-size:12.0pt\">ABIT ACADEMY: Gest&atilde;o de riscos em opera&ccedil;&otilde;es de Com&eacute;rcio Exterior, <\/span><\/b><span style=\"font-size:12.0pt\">data: 22 de fevereiro de 2022. Informa&ccedil;&otilde;es: <\/span><a href=\"https:\/\/app.rdstation.email\/mail\/67efaa15-f8a4-4163-9081-da3e16d9c742?utm_campaign=convite_workshop_trade_compliance_-_31012022&amp;utm_medium=email&amp;utm_source=RD+Station\" style=\"color:blue; text-decoration:underline\"><span style=\"font-size:12.0pt\">clique aqui<\/span><\/a><span style=\"font-size:12.0pt\"><span style=\"color:#215868\">.<\/span><\/span><\/span><\/span><\/span><\/p>\r\n\r\n<p style=\"text-align:justify\"><span style=\"font-size:11pt\"><span style=\"line-height:normal\"><span style=\"font-family:&quot;Calibri&quot;,sans-serif\"><b><span style=\"font-size:12.0pt\">9&ordm; Congresso Brasileiro de Inova&ccedil;&atilde;o da Ind&uacute;stria, <\/span><\/b><span style=\"font-size:12.0pt\">data: 09 e 10 de mar&ccedil;o de 2022. Informa&ccedil;&otilde;es: <\/span><a href=\"https:\/\/www.congressodeinovacao.com.br\/\" style=\"color:blue; text-decoration:underline\"><span style=\"font-size:12.0pt\"><span style=\"color:blue\">clique aqui<\/span><\/span><\/a><\/span><\/span><\/span><\/p>\r\n\r\n<p style=\"text-align:justify\"><span style=\"font-size:11pt\"><span style=\"line-height:normal\"><span style=\"font-family:&quot;Calibri&quot;,sans-serif\"><b><span style=\"font-size:12.0pt\">Fenasan 2022 - maior evento de saneamento da Am&eacute;rica Latina, <\/span><\/b><span style=\"font-size:12.0pt\">data: de 13 a 15 de setembro. Informa&ccedil;&otilde;es e inscri&ccedil;&otilde;es: <\/span><a href=\"https:\/\/fenasan.com.br\/\" style=\"color:blue; text-decoration:underline\"><span style=\"font-size:12.0pt\"><span style=\"color:blue\">clique aqui<\/span><\/span><\/a> <\/span><\/span><\/span><\/p>\r\n\r\n<p class=\"MsoTitle\" style=\"text-align:justify\"><span style=\"font-size:28pt\"><span style=\"font-family:&quot;Cambria&quot;,serif\"><span style=\"letter-spacing:-0.5pt\"><b><span style=\"font-size:18.0pt\"><span style=\"font-family:&quot;Calibri&quot;,sans-serif\"><span style=\"font-variant:small-caps\">Setor<\/span><\/span><\/span><\/b><\/span><\/span><\/span><\/p>\r\n\r\n<p style=\"text-align:justify\"><span style=\"font-size:11pt\"><span style=\"line-height:normal\"><span style=\"font-family:&quot;Calibri&quot;,sans-serif\"><a href=\"http:\/\/textileindustry.ning.com\/forum\/topics\/ind-stria-t-xtil-e-de-confec-o-faturou-r-194-bilh-es-em-2021\" style=\"color:blue; text-decoration:underline\"><span style=\"font-size:12.0pt\"><span style=\"color:blue\">Ind&uacute;stria t&ecirc;xtil e de confec&ccedil;&atilde;o faturou R$ 194 bilh&otilde;es em 2021<\/span><\/span><\/a><\/span><\/span><\/span><\/p>\r\n\r\n<p style=\"text-align:justify\"><span style=\"font-size:11pt\"><span style=\"line-height:normal\"><span style=\"font-family:&quot;Calibri&quot;,sans-serif\"><a href=\"http:\/\/textileindustry.ning.com\/forum\/topics\/obst-culos-s-o-para-todos-os-setores-mas-segmento-t-xtil-v\" style=\"color:blue; text-decoration:underline\"><span style=\"font-size:12.0pt\"><span style=\"color:blue\">Obst&aacute;culos s&atilde;o para todos os setores, mas segmento t&ecirc;xtil v&ecirc; &ldquo;apreens&atilde;o&rdquo;<\/span><\/span><\/a><\/span><\/span><\/span><\/p>\r\n\r\n<p style=\"text-align:justify\"><span style=\"font-size:11pt\"><span style=\"line-height:normal\"><span style=\"font-family:&quot;Calibri&quot;,sans-serif\"><a href=\"http:\/\/textileindustry.ning.com\/forum\/topics\/setor-t-xtil-pede-parem-de-aumentar-os-juros\" style=\"color:blue; text-decoration:underline\"><span style=\"font-size:12.0pt\"><span style=\"color:blue\">Setor t&ecirc;xtil pede: Parem de aumentar os juros<\/span><\/span><\/a><\/span><\/span><\/span><\/p>\r\n\r\n<p style=\"text-align:justify\"><span style=\"font-size:11pt\"><span style=\"line-height:normal\"><span style=\"font-family:&quot;Calibri&quot;,sans-serif\"><a href=\"https:\/\/www.chumbogordo.com.br\/401491-vidas-importam-por-flavio-f-de-figueiredo\/\" style=\"color:blue; text-decoration:underline\"><span style=\"font-size:12.0pt\"><span style=\"color:blue\">Vidas importam<\/span><\/span><\/a> <span class=\"MsoHyperlink\" style=\"color:blue\"><span style=\"text-decoration:underline\"><span style=\"font-size:12.0pt\"><span style=\"text-decoration:none\"><span style=\"text-underline:none\">Por Flavio F. de Figueiredo<\/span><\/span><\/span><\/span><\/span><\/span><\/span><\/span><\/p>\r\n\r\n<p style=\"text-align:justify\"><span style=\"font-size:11pt\"><span style=\"line-height:normal\"><span style=\"font-family:&quot;Calibri&quot;,sans-serif\"><a href=\"https:\/\/www.inovacaotecnologica.com.br\/noticias\/noticia.php?artigo=material-leve-como-plastico-forte-como-aco&amp;id=010160220203#.Yf0XhOrMK3A\" style=\"color:blue; text-decoration:underline\"><span style=\"font-size:12.0pt\"><span style=\"color:blue\">Novo material &eacute; forte como a&ccedil;o e leve como pl&aacute;stico<\/span><\/span><\/a><\/span><\/span><\/span><\/p>\r\n\r\n<p style=\"text-align:justify\"><span style=\"font-size:11pt\"><span style=\"line-height:normal\"><span style=\"font-family:&quot;Calibri&quot;,sans-serif\"><a href=\"https:\/\/sindipetrosp.org.br\/braskem-2023\/\" style=\"color:blue; text-decoration:underline\"><span style=\"font-size:12.0pt\"><span style=\"color:blue\">Venda da Braskem &eacute; suspensa e deve ocorrer em 2023<\/span><\/span><\/a><\/span><\/span><\/span><\/p>\r\n\r\n<p style=\"text-align:justify\"><span style=\"font-size:11pt\"><span style=\"line-height:normal\"><span style=\"font-family:&quot;Calibri&quot;,sans-serif\"><a href=\"https:\/\/www.segs.com.br\/eventos\/331311-inspiramais-desembarca-em-franca\" style=\"color:blue; text-decoration:underline\"><span style=\"font-size:12.0pt\"><span style=\"color:blue\">INSPIRAMAIS desembarca em Franca<\/span><\/span><\/a><\/span><\/span><\/span><\/p>\r\n\r\n<p style=\"text-align:justify\"><span style=\"font-size:11pt\"><span style=\"line-height:normal\"><span style=\"font-family:&quot;Calibri&quot;,sans-serif\"><a href=\"https:\/\/app.rdstation.email\/mail\/37e662b8-961f-478b-971c-a492066cb600?utm_campaign=emkt_revista_abit_review_ed02_-_04022022&amp;utm_medium=email&amp;utm_source=RD+Station\" style=\"color:blue; text-decoration:underline\"><span style=\"font-size:12.0pt\"><span style=\"color:blue\">Acesse a nova edi&ccedil;&atilde;o da Abit Review<\/span><\/span><\/a><\/span><\/span><\/span><\/p>\r\n\r\n<p class=\"MsoTitle\" style=\"text-align:justify\"><span style=\"font-size:28pt\"><span style=\"font-family:&quot;Cambria&quot;,serif\"><span style=\"letter-spacing:-0.5pt\"><b><span style=\"font-size:18.0pt\"><span style=\"font-family:&quot;Calibri&quot;,sans-serif\"><span style=\"font-variant:small-caps\">Ind&uacute;stria<\/span><\/span><\/span><\/b><\/span><\/span><\/span><\/p>\r\n\r\n<p style=\"text-align:justify\"><span style=\"font-size:11pt\"><span style=\"line-height:normal\"><span style=\"font-family:&quot;Calibri&quot;,sans-serif\"><a href=\"https:\/\/automotivebusiness.com.br\/pt\/posts\/setor-automotivo\/volvo-vai-investir-r-15-bilhao-no-brasil-ate-2025\/\" style=\"color:blue; text-decoration:underline\"><span style=\"font-size:12.0pt\"><span style=\"color:blue\">Volvo vai investir R$ 1,5 bilh&atilde;o no Brasil at&eacute; 2025<\/span><\/span><\/a><\/span><\/span><\/span><\/p>\r\n\r\n<p style=\"text-align:justify\"><span style=\"font-size:11pt\"><span style=\"line-height:normal\"><span style=\"font-family:&quot;Calibri&quot;,sans-serif\"><a href=\"https:\/\/www.autoindustria.com.br\/2022\/02\/03\/america-do-sul-crescera-acima-da-media-mundial-em-2022\/\" style=\"color:blue; text-decoration:underline\"><span style=\"font-size:12.0pt\"><span style=\"color:blue\">Automotivo: Am&eacute;rica do Sul crescer&aacute; acima da m&eacute;dia mundial em 2022<\/span><\/span><\/a><\/span><\/span><\/span><\/p>\r\n\r\n<p style=\"text-align:justify\"><span style=\"font-size:11pt\"><span style=\"line-height:normal\"><span style=\"font-family:&quot;Calibri&quot;,sans-serif\"><a href=\"https:\/\/www.jornaldocomercio.com\/_conteudo\/economia\/2022\/02\/831676-setor-calcadista-gerou-26-78-mil-vagas-em-2021.html\" style=\"color:blue; text-decoration:underline\"><span style=\"font-size:12.0pt\"><span style=\"color:blue\">Setor cal&ccedil;adista gerou 26,78 mil vagas em 2021<\/span><\/span><\/a><\/span><\/span><\/span><\/p>\r\n\r\n<p style=\"text-align:justify\"><span style=\"font-size:11pt\"><span style=\"line-height:normal\"><span style=\"font-family:&quot;Calibri&quot;,sans-serif\"><a href=\"https:\/\/mercadoeconsumo.com.br\/2022\/02\/04\/construcao-civil-e-um-dos-motores-da-recuperacao-da-economia-brasileira\/?utm_campaign=news_04-02_geral&amp;utm_medium=email&amp;utm_source=RD+Station\" style=\"color:blue; text-decoration:underline\"><span style=\"font-size:12.0pt\"><span style=\"color:blue\">Constru&ccedil;&atilde;o civil &eacute; um dos motores da recupera&ccedil;&atilde;o da economia brasileira: conhe&ccedil;a os n&uacute;meros do setor e o que esperar para 2022<\/span><\/span><\/a><\/span><\/span><\/span><\/p>\r\n\r\n<p style=\"text-align:justify\"><span style=\"font-size:11pt\"><span style=\"line-height:normal\"><span style=\"font-family:&quot;Calibri&quot;,sans-serif\"><a href=\"https:\/\/www.grandesconstrucoes.com.br\/Noticias\/Exibir\/custo-da-construcao-desacelera-mostram-indicadores-da-fiesp\" style=\"color:blue; text-decoration:underline\"><span style=\"font-size:12.0pt\"><span style=\"color:blue\">Custo da constru&ccedil;&atilde;o desacelera, mostram indicadores da Fiesp<\/span><\/span><\/a><\/span><\/span><\/span><\/p>\r\n\r\n<p class=\"MsoTitle\" style=\"text-align:justify\"><span style=\"font-size:28pt\"><span style=\"font-family:&quot;Cambria&quot;,serif\"><span style=\"letter-spacing:-0.5pt\"><b><span style=\"font-size:18.0pt\"><span style=\"font-family:&quot;Calibri&quot;,sans-serif\"><span style=\"font-variant:small-caps\">Sustentabilidade<\/span><\/span><\/span><\/b><\/span><\/span><\/span><\/p>\r\n\r\n<p style=\"text-align:justify\"><span style=\"font-size:11pt\"><span style=\"line-height:normal\"><span style=\"font-family:&quot;Calibri&quot;,sans-serif\"><a href=\"https:\/\/www.portaldotransito.com.br\/noticias\/falta-de-infraestrutura-das-rodovias-brasileiras-gera-impactos-no-meio-ambiente\/\" style=\"color:blue; text-decoration:underline\"><span style=\"font-size:12.0pt\"><span style=\"color:blue\">Falta de infraestrutura das rodovias brasileiras gera impactos no meio ambiente<\/span><\/span><\/a><\/span><\/span><\/span><\/p>\r\n\r\n<p style=\"text-align:justify\"><span style=\"font-size:11pt\"><span style=\"line-height:normal\"><span style=\"font-family:&quot;Calibri&quot;,sans-serif\"><a href=\"https:\/\/plasticosemrevista.com.br\/eua-regulamentacao-do-uso-de-plastico-pos-consumo-reciclado-em-new-jersey\/\" style=\"color:blue; text-decoration:underline\"><span style=\"font-size:12.0pt\"><span style=\"color:blue\">EUA: regulamenta&ccedil;&atilde;o do uso de pl&aacute;stico p&oacute;s-consumo reciclado em New Jersey<\/span><\/span><\/a><\/span><\/span><\/span><\/p>\r\n\r\n<p style=\"text-align:justify\"><span style=\"font-size:11pt\"><span style=\"line-height:normal\"><span style=\"font-family:&quot;Calibri&quot;,sans-serif\"><a href=\"https:\/\/www.segs.com.br\/mais\/economia\/330450-hub-de-economia-circular-brasil-inicia-o-ano-com-a-assinatura-de-ndas-entre-nove-empresas-para-a-construcao-de-projetos-conjuntos\" style=\"color:blue; text-decoration:underline\"><span style=\"font-size:12.0pt\"><span style=\"color:blue\">Hub de Economia Circular Brasil inicia o ano com a assinatura de NDAs entre nove empresas para a constru&ccedil;&atilde;o de projetos conjuntos<\/span><\/span><\/a><\/span><\/span><\/span><\/p>\r\n\r\n<p style=\"text-align:justify\"><span style=\"font-size:11pt\"><span style=\"line-height:normal\"><span style=\"font-family:&quot;Calibri&quot;,sans-serif\"><a href=\"https:\/\/forbes.com.br\/forbesesg\/2022\/02\/haroldo-rodrigues-plastico-problema-requer-uma-solucao-global\/\" style=\"color:blue; text-decoration:underline\"><span style=\"font-size:12.0pt\"><span style=\"color:blue\">Pl&aacute;stico: problema requer uma solu&ccedil;&atilde;o global<\/span><\/span><\/a><\/span><\/span><\/span><\/p>\r\n\r\n<p style=\"text-align:justify\"><span style=\"font-size:11pt\"><span style=\"line-height:normal\"><span style=\"font-family:&quot;Calibri&quot;,sans-serif\"><a href=\"https:\/\/www.camara.leg.br\/noticias\/847990-camara-aprova-adesao-do-brasil-a-alianca-internacional-para-promover-energia-solar\/\" style=\"color:blue; text-decoration:underline\"><span style=\"font-size:12.0pt\"><span style=\"color:blue\">C&acirc;mara aprova ades&atilde;o do Brasil a alian&ccedil;a internacional para promover energia solar<\/span><\/span><\/a><\/span><\/span><\/span><\/p>\r\n\r\n<p class=\"MsoTitle\" style=\"text-align:justify\"><span style=\"font-size:28pt\"><span style=\"font-family:&quot;Cambria&quot;,serif\"><span style=\"letter-spacing:-0.5pt\"><b><span style=\"font-size:18.0pt\"><span style=\"font-family:&quot;Calibri&quot;,sans-serif\"><span style=\"font-variant:small-caps\">Com&eacute;rcio Exterior<\/span><\/span><\/span><\/b><\/span><\/span><\/span><\/p>\r\n\r\n<p style=\"text-align:justify\"><span style=\"font-size:11pt\"><span style=\"line-height:normal\"><span style=\"font-family:&quot;Calibri&quot;,sans-serif\"><a href=\"https:\/\/www.comexdobrasil.com\/balanca-comercial-de-janeiro-mostra-alta-de-6938-nas-exportacoes-aos-eua-e-de-47-na-compra-de-produtos-da-china\/\" style=\"color:blue; text-decoration:underline\"><span style=\"font-size:12.0pt\"><span style=\"color:blue\">Balan&ccedil;a comercial de janeiro mostra alta de 69,38% nas exporta&ccedil;&otilde;es aos EUA e de 47% na compra de produtos da China<\/span><\/span><\/a><\/span><\/span><\/span><\/p>\r\n\r\n<p style=\"text-align:justify\"><span style=\"font-size:11pt\"><span style=\"line-height:normal\"><span style=\"font-family:&quot;Calibri&quot;,sans-serif\"><a href=\"https:\/\/www.comexdobrasil.com\/anvisa-aprova-a-realizacao-de-inspecao-em-portos-e-aeroportos-de-bens-e-produtos-importados-em-portos-e-aeroportos\/\" style=\"color:blue; text-decoration:underline\"><span style=\"font-size:12.0pt\"><span style=\"color:blue\">ANVISA aprova a realiza&ccedil;&atilde;o de inspe&ccedil;&atilde;o em portos e aeroportos de bens e produtos importados<\/span><\/span><\/a> <\/span><\/span><\/span><\/p>\r\n\r\n<p style=\"text-align:justify\"><span style=\"font-size:11pt\"><span style=\"line-height:normal\"><span style=\"font-family:&quot;Calibri&quot;,sans-serif\"><a href=\"https:\/\/www.comexdobrasil.com\/exportacoes-de-automoveis-da-china-superam-2-milhoes-em-2021-com-310-mil-veiculos-eletricos\/\" style=\"color:blue; text-decoration:underline\"><span style=\"font-size:12.0pt\"><span style=\"color:blue\">Exporta&ccedil;&otilde;es de autom&oacute;veis da China superam 2 milh&otilde;es em 2021<\/span><\/span><\/a><\/span><\/span><\/span><\/p>\r\n\r\n<p style=\"text-align:justify\"><span style=\"font-size:11pt\"><span style=\"line-height:normal\"><span style=\"font-family:&quot;Calibri&quot;,sans-serif\"><a href=\"https:\/\/agenciabrasil.ebc.com.br\/economia\/noticia\/2022-02\/chanceler-manifesta-apoio-da-espanha-acordo-entre-mercosul-e-ue\" style=\"color:blue; text-decoration:underline\"><span style=\"font-size:12.0pt\"><span style=\"color:blue\">Chanceler manifesta apoio da Espanha entre Mercosul e UE<\/span><\/span><\/a><\/span><\/span><\/span><\/p>\r\n\r\n<p class=\"MsoTitle\" style=\"text-align:justify\"><span style=\"font-size:28pt\"><span style=\"font-family:&quot;Cambria&quot;,serif\"><span style=\"letter-spacing:-0.5pt\"><b><span style=\"font-size:18.0pt\"><span style=\"font-family:&quot;Calibri&quot;,sans-serif\"><span style=\"font-variant:small-caps\">Economia<\/span><\/span><\/span><\/b><\/span><\/span><\/span><\/p>\r\n\r\n<p style=\"text-align:justify\"><span style=\"font-size:11pt\"><span style=\"line-height:normal\"><span style=\"font-family:&quot;Calibri&quot;,sans-serif\"><a href=\"https:\/\/www.bcb.gov.br\/publicacoes\/focus\" style=\"color:blue; text-decoration:underline\"><span style=\"font-size:10.0pt\"><span style=\"font-family:&quot;Arial&quot;,sans-serif\"><span style=\"color:blue\">Boletim Focus<\/span><\/span><\/span><\/a><\/span><\/span><\/span><\/p>\r\n\r\n<p style=\"text-align:justify\"><span style=\"font-size:11pt\"><span style=\"line-height:normal\"><span style=\"font-family:&quot;Calibri&quot;,sans-serif\"><a href=\"https:\/\/www.poder360.com.br\/economia\/economia-tem-novo-secretario-de-infraestrutura\/\" style=\"color:blue; text-decoration:underline\"><span style=\"font-size:10.0pt\"><span style=\"font-family:&quot;Arial&quot;,sans-serif\"><span style=\"color:blue\">Economia tem novo secret&aacute;rio de infraestrutura<\/span><\/span><\/span><\/a><\/span><\/span><\/span><\/p>\r\n\r\n<p style=\"text-align:justify\"><span style=\"font-size:11pt\"><span style=\"line-height:normal\"><span style=\"font-family:&quot;Calibri&quot;,sans-serif\"><a href=\"http:\/\/textileindustry.ning.com\/forum\/topics\/setor-produtivo-critica-aumento-da-taxa-selic\" style=\"color:blue; text-decoration:underline\"><span style=\"font-size:10.0pt\"><span style=\"font-family:&quot;Arial&quot;,sans-serif\"><span style=\"color:blue\">Setor produtivo critica aumento da taxa Selic<\/span><\/span><\/span><\/a><\/span><\/span><\/span><\/p>\r\n\r\n<p style=\"text-align:justify\"><span style=\"font-size:11pt\"><span style=\"line-height:normal\"><span style=\"font-family:&quot;Calibri&quot;,sans-serif\"><a href=\"https:\/\/www.eiu.com\/n\/global-outlook-the-causes-consequences-and-outlook-for-us-inflation\/?utm_source=mkt-newsletter&amp;utm_medium=email&amp;utm_campaign=monthly-insights&amp;utm_term=global-outlook-video&amp;utm_content=anchor-1&amp;mkt_tok=NzUzLVJJUS00MzgAAAGCY5R5WD4Qp_HHEpzbFLF4feLniiZoQZvpIihuvsLuwEMXDp8b-HcYxEWHjhKH-qwAizM5jg-BoFW3cQV6GJpf6UkjUdZm4LG2jZybvUAC_sY\" style=\"color:blue; text-decoration:underline\"><span style=\"font-size:10.0pt\"><span style=\"font-family:&quot;Arial&quot;,sans-serif\"><span style=\"color:blue\">Global Outlook: the causes, consequences and outlook for US inflation<\/span><\/span><\/span><\/a><\/span><\/span><\/span><\/p>\r\n\r\n<p style=\"text-align:justify\"><span style=\"font-size:11pt\"><span style=\"line-height:normal\"><span style=\"font-family:&quot;Calibri&quot;,sans-serif\"><span class=\"MsoHyperlink\" style=\"color:blue\"><span style=\"text-decoration:underline\"><span style=\"font-size:10.0pt\"><span style=\"font-family:&quot;Arial&quot;,sans-serif\"><span style=\"color:blue\"><span style=\"text-decoration:none\"><span style=\"text-underline:none\"><a href=\"https:\/\/www.comexdobrasil.com\/ceos-do-agronegocio-no-brasil-confiam-na-retomada-da-economia-global-em-2022-indica-pesquisa-da-pwc\/\" style=\"color:blue; text-decoration:underline\"><span style=\"color:blue\">CEOs do agroneg&oacute;cio no Brasil confiam na retomada da economia global em 2022, indica pesquisa da Pwc<\/span><\/a><\/span><\/span><\/span><\/span><\/span><\/span><\/span><\/span><\/span><\/span><\/p>\r\n\r\n<p style=\"text-align:justify\"><span style=\"font-size:11pt\"><span style=\"line-height:normal\"><span style=\"font-family:&quot;Calibri&quot;,sans-serif\"><a href=\"https:\/\/agenciabrasil.ebc.com.br\/economia\/noticia\/2022-02\/indicador-de-emprego-da-fgv-atinge-menor-nivel-desde-agosto-de-2020\" style=\"color:blue; text-decoration:underline\"><span style=\"font-size:10.0pt\"><span style=\"font-family:&quot;Arial&quot;,sans-serif\"><span style=\"color:blue\">Indicador de emprego da FGV atinge o menor n&iacute;vel desde agosto de 2020<\/span><\/span><\/span><\/a><\/span><\/span><\/span><\/p>\r\n\r\n<p style=\"text-align:justify\"><span style=\"font-size:11pt\"><span style=\"line-height:normal\"><span style=\"font-family:&quot;Calibri&quot;,sans-serif\"><a href=\"https:\/\/agenciabrasil.ebc.com.br\/radioagencia-nacional\/economia\/audio\/2022-02\/ibge-producao-industrial-cresceu-29-entre-novembro-e-dezembro\" style=\"color:blue; text-decoration:underline\"><span style=\"font-size:10.0pt\"><span style=\"font-family:&quot;Arial&quot;,sans-serif\"><span style=\"color:blue\">IBGE: produ&ccedil;&atilde;o industrial cresceu 2,9%entre novembro e dezembro<\/span><\/span><\/span><\/a><\/span><\/span><\/span><\/p>\r\n\r\n<p style=\"text-align:justify\"><span style=\"font-size:11pt\"><span style=\"line-height:normal\"><span style=\"font-family:&quot;Calibri&quot;,sans-serif\"><span class=\"MsoHyperlink\" style=\"color:blue\"><span style=\"text-decoration:underline\"><span style=\"font-size:10.0pt\"><span style=\"font-family:&quot;Arial&quot;,sans-serif\"><span style=\"text-decoration:none\"><span style=\"text-underline:none\"><a href=\"https:\/\/agenciabrasil.ebc.com.br\/economia\/noticia\/2022-02\/mercado-financeiro-projeta-inflacao-de-544-para-este-ano\" style=\"color:blue; text-decoration:underline\">Mercado financeiro projeta infla&ccedil;&atilde;o de 5,44% para este ano<\/a><\/span><\/span><\/span><\/span><\/span><\/span><\/span><\/span><\/span><\/p>\r\n","6":"<p style=\"text-align:justify\"><span style=\"font-size:11pt\"><span style=\"line-height:normal\"><span style=\"font-family:&quot;Calibri&quot;,sans-serif\"><span style=\"font-size:12.0pt\">Esta &eacute; uma compila&ccedil;&atilde;o das not&iacute;cias mais relevantes para o setor, incluindo informa&ccedil;&otilde;es sobre acordos internacionais, economia brasileira, sustentabilidade e mat&eacute;rias-primas, al&eacute;m de novidades do setor de N&atilde;otecidos e Tecidos T&eacute;cnicos.<\/span><\/span><\/span><\/span><\/p>\r\n\r\n<p class=\"MsoTitle\" style=\"text-align:justify\"><span style=\"font-size:28pt\"><span style=\"font-family:&quot;Cambria&quot;,serif\"><span style=\"letter-spacing:-0.5pt\"><b><span style=\"font-size:18.0pt\"><span style=\"font-family:&quot;Calibri&quot;,sans-serif\"><span style=\"font-variant:small-caps\">A&ccedil;&otilde;es da ABINT<\/span><\/span><\/span><\/b><\/span><\/span><\/span><\/p>\r\n\r\n<p style=\"text-align:justify\"><span style=\"font-size:11pt\"><span style=\"line-height:normal\"><span style=\"font-family:&quot;Calibri&quot;,sans-serif\"><b><span style=\"font-size:12.0pt\">A ABINT &eacute; apoiadora da ITMA 2023<\/span><\/b><span style=\"font-size:12.0pt\">. O Cematex (Comit&ecirc; Europeu de Fabricantes de M&aacute;quinas T&ecirc;xteis) anunciou que esta, que ser&aacute; a 19&ordf; edi&ccedil;&atilde;o da feira internacional da ind&uacute;stria t&ecirc;xtil, ser&aacute; realizada em Mil&atilde;o, na It&aacute;lia, entre os dias 8 e 14 de junho de 2023. Informa&ccedil;&otilde;es: <\/span><a href=\"https:\/\/us10.campaign-archive.com\/?u=bfd40377d82c98d83d82824c4&amp;id=5bd5c4a7a5&amp;e=4d4cd8558e\" style=\"color:blue; text-decoration:underline\"><span style=\"font-size:12.0pt\"><span style=\"color:blue\">clique aqui<\/span><\/span><\/a> <\/span><\/span><\/span><\/p>\r\n\r\n<p class=\"MsoTitle\" style=\"text-align:justify\"><span style=\"font-size:28pt\"><span style=\"font-family:&quot;Cambria&quot;,serif\"><span style=\"letter-spacing:-0.5pt\"><b><span style=\"font-size:18.0pt\"><span style=\"font-family:&quot;Calibri&quot;,sans-serif\"><span style=\"font-variant:small-caps\">Eventos<\/span><\/span><\/span><\/b><\/span><\/span><\/span><\/p>\r\n\r\n<p style=\"text-align:justify\"><span style=\"font-size:11pt\"><span style=\"line-height:normal\"><span style=\"font-family:&quot;Calibri&quot;,sans-serif\"><b><span style=\"font-size:12.0pt\">WEBINAR &ndash; Modelo Regulat&oacute;rio do Inmetro e seus impactos, <\/span><\/b><span style=\"font-size:12.0pt\">data: 09 de fevereiro de 2022. Informa&ccedil;&otilde;es: <\/span><a href=\"https:\/\/siamfesp.org.br\/imprensa\/acontece\/1201-webinar-modelo-regulatorio-do-inmetro-e-seus-impactos\" style=\"color:blue; text-decoration:underline\"><span style=\"font-size:12.0pt\">clique aqui<\/span><\/a><\/span><\/span><\/span><\/p>\r\n\r\n<p style=\"text-align:justify\"><span style=\"font-size:11pt\"><span style=\"line-height:normal\"><span style=\"font-family:&quot;Calibri&quot;,sans-serif\"><b><span style=\"font-size:12.0pt\">Abra Talks Fevereiro 2022, data: 10 de fevereiro. Informa&ccedil;&otilde;es<\/span><\/b><span style=\"font-size:12.0pt\">: <\/span><a href=\"https:\/\/www.sympla.com.br\/evento-online\/abra-talks-fevereiro-2022\/1464531\" style=\"color:blue; text-decoration:underline\"><span style=\"font-size:12.0pt\"><span style=\"color:blue\">clique aqui<\/span><\/span><\/a><\/span><\/span><\/span><\/p>\r\n\r\n<p style=\"text-align:justify\"><span style=\"font-size:11pt\"><span style=\"line-height:normal\"><span style=\"font-family:&quot;Calibri&quot;,sans-serif\"><b><span style=\"font-size:12.0pt\">ABIT ACADEMY: Gest&atilde;o de riscos em opera&ccedil;&otilde;es de Com&eacute;rcio Exterior, <\/span><\/b><span style=\"font-size:12.0pt\">data: 22 de fevereiro de 2022. Informa&ccedil;&otilde;es: <\/span><a href=\"https:\/\/app.rdstation.email\/mail\/67efaa15-f8a4-4163-9081-da3e16d9c742?utm_campaign=convite_workshop_trade_compliance_-_31012022&amp;utm_medium=email&amp;utm_source=RD+Station\" style=\"color:blue; text-decoration:underline\"><span style=\"font-size:12.0pt\">clique aqui<\/span><\/a><span style=\"font-size:12.0pt\"><span style=\"color:#215868\">.<\/span><\/span><\/span><\/span><\/span><\/p>\r\n\r\n<p style=\"text-align:justify\"><span style=\"font-size:11pt\"><span style=\"line-height:normal\"><span style=\"font-family:&quot;Calibri&quot;,sans-serif\"><b><span style=\"font-size:12.0pt\">9&ordm; Congresso Brasileiro de Inova&ccedil;&atilde;o da Ind&uacute;stria, <\/span><\/b><span style=\"font-size:12.0pt\">data: 09 e 10 de mar&ccedil;o de 2022. Informa&ccedil;&otilde;es: <\/span><a href=\"https:\/\/www.congressodeinovacao.com.br\/\" style=\"color:blue; text-decoration:underline\"><span style=\"font-size:12.0pt\"><span style=\"color:blue\">clique aqui<\/span><\/span><\/a><\/span><\/span><\/span><\/p>\r\n\r\n<p style=\"text-align:justify\"><span style=\"font-size:11pt\"><span style=\"line-height:normal\"><span style=\"font-family:&quot;Calibri&quot;,sans-serif\"><b><span style=\"font-size:12.0pt\">Fenasan 2022 - maior evento de saneamento da Am&eacute;rica Latina, <\/span><\/b><span style=\"font-size:12.0pt\">data: de 13 a 15 de setembro. Informa&ccedil;&otilde;es e inscri&ccedil;&otilde;es: <\/span><a href=\"https:\/\/fenasan.com.br\/\" style=\"color:blue; text-decoration:underline\"><span style=\"font-size:12.0pt\"><span style=\"color:blue\">clique aqui<\/span><\/span><\/a> <\/span><\/span><\/span><\/p>\r\n\r\n<p class=\"MsoTitle\" style=\"text-align:justify\"><span style=\"font-size:28pt\"><span style=\"font-family:&quot;Cambria&quot;,serif\"><span style=\"letter-spacing:-0.5pt\"><b><span style=\"font-size:18.0pt\"><span style=\"font-family:&quot;Calibri&quot;,sans-serif\"><span style=\"font-variant:small-caps\">Setor<\/span><\/span><\/span><\/b><\/span><\/span><\/span><\/p>\r\n\r\n<p style=\"text-align:justify\"><span style=\"font-size:11pt\"><span style=\"line-height:normal\"><span style=\"font-family:&quot;Calibri&quot;,sans-serif\"><a href=\"http:\/\/textileindustry.ning.com\/forum\/topics\/ind-stria-t-xtil-e-de-confec-o-faturou-r-194-bilh-es-em-2021\" style=\"color:blue; text-decoration:underline\"><span style=\"font-size:12.0pt\"><span style=\"color:blue\">Ind&uacute;stria t&ecirc;xtil e de confec&ccedil;&atilde;o faturou R$ 194 bilh&otilde;es em 2021<\/span><\/span><\/a><\/span><\/span><\/span><\/p>\r\n\r\n<p style=\"text-align:justify\"><span style=\"font-size:11pt\"><span style=\"line-height:normal\"><span style=\"font-family:&quot;Calibri&quot;,sans-serif\"><a href=\"http:\/\/textileindustry.ning.com\/forum\/topics\/obst-culos-s-o-para-todos-os-setores-mas-segmento-t-xtil-v\" style=\"color:blue; text-decoration:underline\"><span style=\"font-size:12.0pt\"><span style=\"color:blue\">Obst&aacute;culos s&atilde;o para todos os setores, mas segmento t&ecirc;xtil v&ecirc; &ldquo;apreens&atilde;o&rdquo;<\/span><\/span><\/a><\/span><\/span><\/span><\/p>\r\n\r\n<p style=\"text-align:justify\"><span style=\"font-size:11pt\"><span style=\"line-height:normal\"><span style=\"font-family:&quot;Calibri&quot;,sans-serif\"><a href=\"http:\/\/textileindustry.ning.com\/forum\/topics\/setor-t-xtil-pede-parem-de-aumentar-os-juros\" style=\"color:blue; text-decoration:underline\"><span style=\"font-size:12.0pt\"><span style=\"color:blue\">Setor t&ecirc;xtil pede: Parem de aumentar os juros<\/span><\/span><\/a><\/span><\/span><\/span><\/p>\r\n\r\n<p style=\"text-align:justify\"><span style=\"font-size:11pt\"><span style=\"line-height:normal\"><span style=\"font-family:&quot;Calibri&quot;,sans-serif\"><a href=\"https:\/\/www.chumbogordo.com.br\/401491-vidas-importam-por-flavio-f-de-figueiredo\/\" style=\"color:blue; text-decoration:underline\"><span style=\"font-size:12.0pt\"><span style=\"color:blue\">Vidas importam<\/span><\/span><\/a> <span class=\"MsoHyperlink\" style=\"color:blue\"><span style=\"text-decoration:underline\"><span style=\"font-size:12.0pt\"><span style=\"text-decoration:none\"><span style=\"text-underline:none\">Por Flavio F. de Figueiredo<\/span><\/span><\/span><\/span><\/span><\/span><\/span><\/span><\/p>\r\n\r\n<p style=\"text-align:justify\"><span style=\"font-size:11pt\"><span style=\"line-height:normal\"><span style=\"font-family:&quot;Calibri&quot;,sans-serif\"><a href=\"https:\/\/www.inovacaotecnologica.com.br\/noticias\/noticia.php?artigo=material-leve-como-plastico-forte-como-aco&amp;id=010160220203#.Yf0XhOrMK3A\" style=\"color:blue; text-decoration:underline\"><span style=\"font-size:12.0pt\"><span style=\"color:blue\">Novo material &eacute; forte como a&ccedil;o e leve como pl&aacute;stico<\/span><\/span><\/a><\/span><\/span><\/span><\/p>\r\n\r\n<p style=\"text-align:justify\"><span style=\"font-size:11pt\"><span style=\"line-height:normal\"><span style=\"font-family:&quot;Calibri&quot;,sans-serif\"><a href=\"https:\/\/sindipetrosp.org.br\/braskem-2023\/\" style=\"color:blue; text-decoration:underline\"><span style=\"font-size:12.0pt\"><span style=\"color:blue\">Venda da Braskem &eacute; suspensa e deve ocorrer em 2023<\/span><\/span><\/a><\/span><\/span><\/span><\/p>\r\n\r\n<p style=\"text-align:justify\"><span style=\"font-size:11pt\"><span style=\"line-height:normal\"><span style=\"font-family:&quot;Calibri&quot;,sans-serif\"><a href=\"https:\/\/www.segs.com.br\/eventos\/331311-inspiramais-desembarca-em-franca\" style=\"color:blue; text-decoration:underline\"><span style=\"font-size:12.0pt\"><span style=\"color:blue\">INSPIRAMAIS desembarca em Franca<\/span><\/span><\/a><\/span><\/span><\/span><\/p>\r\n\r\n<p style=\"text-align:justify\"><span style=\"font-size:11pt\"><span style=\"line-height:normal\"><span style=\"font-family:&quot;Calibri&quot;,sans-serif\"><a href=\"https:\/\/app.rdstation.email\/mail\/37e662b8-961f-478b-971c-a492066cb600?utm_campaign=emkt_revista_abit_review_ed02_-_04022022&amp;utm_medium=email&amp;utm_source=RD+Station\" style=\"color:blue; text-decoration:underline\"><span style=\"font-size:12.0pt\"><span style=\"color:blue\">Acesse a nova edi&ccedil;&atilde;o da Abit Review<\/span><\/span><\/a><\/span><\/span><\/span><\/p>\r\n\r\n<p class=\"MsoTitle\" style=\"text-align:justify\"><span style=\"font-size:28pt\"><span style=\"font-family:&quot;Cambria&quot;,serif\"><span style=\"letter-spacing:-0.5pt\"><b><span style=\"font-size:18.0pt\"><span style=\"font-family:&quot;Calibri&quot;,sans-serif\"><span style=\"font-variant:small-caps\">Ind&uacute;stria<\/span><\/span><\/span><\/b><\/span><\/span><\/span><\/p>\r\n\r\n<p style=\"text-align:justify\"><span style=\"font-size:11pt\"><span style=\"line-height:normal\"><span style=\"font-family:&quot;Calibri&quot;,sans-serif\"><a href=\"https:\/\/automotivebusiness.com.br\/pt\/posts\/setor-automotivo\/volvo-vai-investir-r-15-bilhao-no-brasil-ate-2025\/\" style=\"color:blue; text-decoration:underline\"><span style=\"font-size:12.0pt\"><span style=\"color:blue\">Volvo vai investir R$ 1,5 bilh&atilde;o no Brasil at&eacute; 2025<\/span><\/span><\/a><\/span><\/span><\/span><\/p>\r\n\r\n<p style=\"text-align:justify\"><span style=\"font-size:11pt\"><span style=\"line-height:normal\"><span style=\"font-family:&quot;Calibri&quot;,sans-serif\"><a href=\"https:\/\/www.autoindustria.com.br\/2022\/02\/03\/america-do-sul-crescera-acima-da-media-mundial-em-2022\/\" style=\"color:blue; text-decoration:underline\"><span style=\"font-size:12.0pt\"><span style=\"color:blue\">Automotivo: Am&eacute;rica do Sul crescer&aacute; acima da m&eacute;dia mundial em 2022<\/span><\/span><\/a><\/span><\/span><\/span><\/p>\r\n\r\n<p style=\"text-align:justify\"><span style=\"font-size:11pt\"><span style=\"line-height:normal\"><span style=\"font-family:&quot;Calibri&quot;,sans-serif\"><a href=\"https:\/\/www.jornaldocomercio.com\/_conteudo\/economia\/2022\/02\/831676-setor-calcadista-gerou-26-78-mil-vagas-em-2021.html\" style=\"color:blue; text-decoration:underline\"><span style=\"font-size:12.0pt\"><span style=\"color:blue\">Setor cal&ccedil;adista gerou 26,78 mil vagas em 2021<\/span><\/span><\/a><\/span><\/span><\/span><\/p>\r\n\r\n<p style=\"text-align:justify\"><span style=\"font-size:11pt\"><span style=\"line-height:normal\"><span style=\"font-family:&quot;Calibri&quot;,sans-serif\"><a href=\"https:\/\/mercadoeconsumo.com.br\/2022\/02\/04\/construcao-civil-e-um-dos-motores-da-recuperacao-da-economia-brasileira\/?utm_campaign=news_04-02_geral&amp;utm_medium=email&amp;utm_source=RD+Station\" style=\"color:blue; text-decoration:underline\"><span style=\"font-size:12.0pt\"><span style=\"color:blue\">Constru&ccedil;&atilde;o civil &eacute; um dos motores da recupera&ccedil;&atilde;o da economia brasileira: conhe&ccedil;a os n&uacute;meros do setor e o que esperar para 2022<\/span><\/span><\/a><\/span><\/span><\/span><\/p>\r\n\r\n<p style=\"text-align:justify\"><span style=\"font-size:11pt\"><span style=\"line-height:normal\"><span style=\"font-family:&quot;Calibri&quot;,sans-serif\"><a href=\"https:\/\/www.grandesconstrucoes.com.br\/Noticias\/Exibir\/custo-da-construcao-desacelera-mostram-indicadores-da-fiesp\" style=\"color:blue; text-decoration:underline\"><span style=\"font-size:12.0pt\"><span style=\"color:blue\">Custo da constru&ccedil;&atilde;o desacelera, mostram indicadores da Fiesp<\/span><\/span><\/a><\/span><\/span><\/span><\/p>\r\n\r\n<p class=\"MsoTitle\" style=\"text-align:justify\"><span style=\"font-size:28pt\"><span style=\"font-family:&quot;Cambria&quot;,serif\"><span style=\"letter-spacing:-0.5pt\"><b><span style=\"font-size:18.0pt\"><span style=\"font-family:&quot;Calibri&quot;,sans-serif\"><span style=\"font-variant:small-caps\">Sustentabilidade<\/span><\/span><\/span><\/b><\/span><\/span><\/span><\/p>\r\n\r\n<p style=\"text-align:justify\"><span style=\"font-size:11pt\"><span style=\"line-height:normal\"><span style=\"font-family:&quot;Calibri&quot;,sans-serif\"><a href=\"https:\/\/www.portaldotransito.com.br\/noticias\/falta-de-infraestrutura-das-rodovias-brasileiras-gera-impactos-no-meio-ambiente\/\" style=\"color:blue; text-decoration:underline\"><span style=\"font-size:12.0pt\"><span style=\"color:blue\">Falta de infraestrutura das rodovias brasileiras gera impactos no meio ambiente<\/span><\/span><\/a><\/span><\/span><\/span><\/p>\r\n\r\n<p style=\"text-align:justify\"><span style=\"font-size:11pt\"><span style=\"line-height:normal\"><span style=\"font-family:&quot;Calibri&quot;,sans-serif\"><a href=\"https:\/\/plasticosemrevista.com.br\/eua-regulamentacao-do-uso-de-plastico-pos-consumo-reciclado-em-new-jersey\/\" style=\"color:blue; text-decoration:underline\"><span style=\"font-size:12.0pt\"><span style=\"color:blue\">EUA: regulamenta&ccedil;&atilde;o do uso de pl&aacute;stico p&oacute;s-consumo reciclado em New Jersey<\/span><\/span><\/a><\/span><\/span><\/span><\/p>\r\n\r\n<p style=\"text-align:justify\"><span style=\"font-size:11pt\"><span style=\"line-height:normal\"><span style=\"font-family:&quot;Calibri&quot;,sans-serif\"><a href=\"https:\/\/www.segs.com.br\/mais\/economia\/330450-hub-de-economia-circular-brasil-inicia-o-ano-com-a-assinatura-de-ndas-entre-nove-empresas-para-a-construcao-de-projetos-conjuntos\" style=\"color:blue; text-decoration:underline\"><span style=\"font-size:12.0pt\"><span style=\"color:blue\">Hub de Economia Circular Brasil inicia o ano com a assinatura de NDAs entre nove empresas para a constru&ccedil;&atilde;o de projetos conjuntos<\/span><\/span><\/a><\/span><\/span><\/span><\/p>\r\n\r\n<p style=\"text-align:justify\"><span style=\"font-size:11pt\"><span style=\"line-height:normal\"><span style=\"font-family:&quot;Calibri&quot;,sans-serif\"><a href=\"https:\/\/forbes.com.br\/forbesesg\/2022\/02\/haroldo-rodrigues-plastico-problema-requer-uma-solucao-global\/\" style=\"color:blue; text-decoration:underline\"><span style=\"font-size:12.0pt\"><span style=\"color:blue\">Pl&aacute;stico: problema requer uma solu&ccedil;&atilde;o global<\/span><\/span><\/a><\/span><\/span><\/span><\/p>\r\n\r\n<p style=\"text-align:justify\"><span style=\"font-size:11pt\"><span style=\"line-height:normal\"><span style=\"font-family:&quot;Calibri&quot;,sans-serif\"><a href=\"https:\/\/www.camara.leg.br\/noticias\/847990-camara-aprova-adesao-do-brasil-a-alianca-internacional-para-promover-energia-solar\/\" style=\"color:blue; text-decoration:underline\"><span style=\"font-size:12.0pt\"><span style=\"color:blue\">C&acirc;mara aprova ades&atilde;o do Brasil a alian&ccedil;a internacional para promover energia solar<\/span><\/span><\/a><\/span><\/span><\/span><\/p>\r\n\r\n<p class=\"MsoTitle\" style=\"text-align:justify\"><span style=\"font-size:28pt\"><span style=\"font-family:&quot;Cambria&quot;,serif\"><span style=\"letter-spacing:-0.5pt\"><b><span style=\"font-size:18.0pt\"><span style=\"font-family:&quot;Calibri&quot;,sans-serif\"><span style=\"font-variant:small-caps\">Com&eacute;rcio Exterior<\/span><\/span><\/span><\/b><\/span><\/span><\/span><\/p>\r\n\r\n<p style=\"text-align:justify\"><span style=\"font-size:11pt\"><span style=\"line-height:normal\"><span style=\"font-family:&quot;Calibri&quot;,sans-serif\"><a href=\"https:\/\/www.comexdobrasil.com\/balanca-comercial-de-janeiro-mostra-alta-de-6938-nas-exportacoes-aos-eua-e-de-47-na-compra-de-produtos-da-china\/\" style=\"color:blue; text-decoration:underline\"><span style=\"font-size:12.0pt\"><span style=\"color:blue\">Balan&ccedil;a comercial de janeiro mostra alta de 69,38% nas exporta&ccedil;&otilde;es aos EUA e de 47% na compra de produtos da China<\/span><\/span><\/a><\/span><\/span><\/span><\/p>\r\n\r\n<p style=\"text-align:justify\"><span style=\"font-size:11pt\"><span style=\"line-height:normal\"><span style=\"font-family:&quot;Calibri&quot;,sans-serif\"><a href=\"https:\/\/www.comexdobrasil.com\/anvisa-aprova-a-realizacao-de-inspecao-em-portos-e-aeroportos-de-bens-e-produtos-importados-em-portos-e-aeroportos\/\" style=\"color:blue; text-decoration:underline\"><span style=\"font-size:12.0pt\"><span style=\"color:blue\">ANVISA aprova a realiza&ccedil;&atilde;o de inspe&ccedil;&atilde;o em portos e aeroportos de bens e produtos importados<\/span><\/span><\/a> <\/span><\/span><\/span><\/p>\r\n\r\n<p style=\"text-align:justify\"><span style=\"font-size:11pt\"><span style=\"line-height:normal\"><span style=\"font-family:&quot;Calibri&quot;,sans-serif\"><a href=\"https:\/\/www.comexdobrasil.com\/exportacoes-de-automoveis-da-china-superam-2-milhoes-em-2021-com-310-mil-veiculos-eletricos\/\" style=\"color:blue; text-decoration:underline\"><span style=\"font-size:12.0pt\"><span style=\"color:blue\">Exporta&ccedil;&otilde;es de autom&oacute;veis da China superam 2 milh&otilde;es em 2021<\/span><\/span><\/a><\/span><\/span><\/span><\/p>\r\n\r\n<p style=\"text-align:justify\"><span style=\"font-size:11pt\"><span style=\"line-height:normal\"><span style=\"font-family:&quot;Calibri&quot;,sans-serif\"><a href=\"https:\/\/agenciabrasil.ebc.com.br\/economia\/noticia\/2022-02\/chanceler-manifesta-apoio-da-espanha-acordo-entre-mercosul-e-ue\" style=\"color:blue; text-decoration:underline\"><span style=\"font-size:12.0pt\"><span style=\"color:blue\">Chanceler manifesta apoio da Espanha entre Mercosul e UE<\/span><\/span><\/a><\/span><\/span><\/span><\/p>\r\n\r\n<p class=\"MsoTitle\" style=\"text-align:justify\"><span style=\"font-size:28pt\"><span style=\"font-family:&quot;Cambria&quot;,serif\"><span style=\"letter-spacing:-0.5pt\"><b><span style=\"font-size:18.0pt\"><span style=\"font-family:&quot;Calibri&quot;,sans-serif\"><span style=\"font-variant:small-caps\">Economia<\/span><\/span><\/span><\/b><\/span><\/span><\/span><\/p>\r\n\r\n<p style=\"text-align:justify\"><span style=\"font-size:11pt\"><span style=\"line-height:normal\"><span style=\"font-family:&quot;Calibri&quot;,sans-serif\"><a href=\"https:\/\/www.bcb.gov.br\/publicacoes\/focus\" style=\"color:blue; text-decoration:underline\"><span style=\"font-size:10.0pt\"><span style=\"font-family:&quot;Arial&quot;,sans-serif\"><span style=\"color:blue\">Boletim Focus<\/span><\/span><\/span><\/a><\/span><\/span><\/span><\/p>\r\n\r\n<p style=\"text-align:justify\"><span style=\"font-size:11pt\"><span style=\"line-height:normal\"><span style=\"font-family:&quot;Calibri&quot;,sans-serif\"><a href=\"https:\/\/www.poder360.com.br\/economia\/economia-tem-novo-secretario-de-infraestrutura\/\" style=\"color:blue; text-decoration:underline\"><span style=\"font-size:10.0pt\"><span style=\"font-family:&quot;Arial&quot;,sans-serif\"><span style=\"color:blue\">Economia tem novo secret&aacute;rio de infraestrutura<\/span><\/span><\/span><\/a><\/span><\/span><\/span><\/p>\r\n\r\n<p style=\"text-align:justify\"><span style=\"font-size:11pt\"><span style=\"line-height:normal\"><span style=\"font-family:&quot;Calibri&quot;,sans-serif\"><a href=\"http:\/\/textileindustry.ning.com\/forum\/topics\/setor-produtivo-critica-aumento-da-taxa-selic\" style=\"color:blue; text-decoration:underline\"><span style=\"font-size:10.0pt\"><span style=\"font-family:&quot;Arial&quot;,sans-serif\"><span style=\"color:blue\">Setor produtivo critica aumento da taxa Selic<\/span><\/span><\/span><\/a><\/span><\/span><\/span><\/p>\r\n\r\n<p style=\"text-align:justify\"><span style=\"font-size:11pt\"><span style=\"line-height:normal\"><span style=\"font-family:&quot;Calibri&quot;,sans-serif\"><a href=\"https:\/\/www.eiu.com\/n\/global-outlook-the-causes-consequences-and-outlook-for-us-inflation\/?utm_source=mkt-newsletter&amp;utm_medium=email&amp;utm_campaign=monthly-insights&amp;utm_term=global-outlook-video&amp;utm_content=anchor-1&amp;mkt_tok=NzUzLVJJUS00MzgAAAGCY5R5WD4Qp_HHEpzbFLF4feLniiZoQZvpIihuvsLuwEMXDp8b-HcYxEWHjhKH-qwAizM5jg-BoFW3cQV6GJpf6UkjUdZm4LG2jZybvUAC_sY\" style=\"color:blue; text-decoration:underline\"><span style=\"font-size:10.0pt\"><span style=\"font-family:&quot;Arial&quot;,sans-serif\"><span style=\"color:blue\">Global Outlook: the causes, consequences and outlook for US inflation<\/span><\/span><\/span><\/a><\/span><\/span><\/span><\/p>\r\n\r\n<p style=\"text-align:justify\"><span style=\"font-size:11pt\"><span style=\"line-height:normal\"><span style=\"font-family:&quot;Calibri&quot;,sans-serif\"><span class=\"MsoHyperlink\" style=\"color:blue\"><span style=\"text-decoration:underline\"><span style=\"font-size:10.0pt\"><span style=\"font-family:&quot;Arial&quot;,sans-serif\"><span style=\"color:blue\"><span style=\"text-decoration:none\"><span style=\"text-underline:none\"><a href=\"https:\/\/www.comexdobrasil.com\/ceos-do-agronegocio-no-brasil-confiam-na-retomada-da-economia-global-em-2022-indica-pesquisa-da-pwc\/\" style=\"color:blue; text-decoration:underline\"><span style=\"color:blue\">CEOs do agroneg&oacute;cio no Brasil confiam na retomada da economia global em 2022, indica pesquisa da Pwc<\/span><\/a><\/span><\/span><\/span><\/span><\/span><\/span><\/span><\/span><\/span><\/span><\/p>\r\n\r\n<p style=\"text-align:justify\"><span style=\"font-size:11pt\"><span style=\"line-height:normal\"><span style=\"font-family:&quot;Calibri&quot;,sans-serif\"><a href=\"https:\/\/agenciabrasil.ebc.com.br\/economia\/noticia\/2022-02\/indicador-de-emprego-da-fgv-atinge-menor-nivel-desde-agosto-de-2020\" style=\"color:blue; text-decoration:underline\"><span style=\"font-size:10.0pt\"><span style=\"font-family:&quot;Arial&quot;,sans-serif\"><span style=\"color:blue\">Indicador de emprego da FGV atinge o menor n&iacute;vel desde agosto de 2020<\/span><\/span><\/span><\/a><\/span><\/span><\/span><\/p>\r\n\r\n<p style=\"text-align:justify\"><span style=\"font-size:11pt\"><span style=\"line-height:normal\"><span style=\"font-family:&quot;Calibri&quot;,sans-serif\"><a href=\"https:\/\/agenciabrasil.ebc.com.br\/radioagencia-nacional\/economia\/audio\/2022-02\/ibge-producao-industrial-cresceu-29-entre-novembro-e-dezembro\" style=\"color:blue; text-decoration:underline\"><span style=\"font-size:10.0pt\"><span style=\"font-family:&quot;Arial&quot;,sans-serif\"><span style=\"color:blue\">IBGE: produ&ccedil;&atilde;o industrial cresceu 2,9%entre novembro e dezembro<\/span><\/span><\/span><\/a><\/span><\/span><\/span><\/p>\r\n\r\n<p style=\"text-align:justify\"><span style=\"font-size:11pt\"><span style=\"line-height:normal\"><span style=\"font-family:&quot;Calibri&quot;,sans-serif\"><span class=\"MsoHyperlink\" style=\"color:blue\"><span style=\"text-decoration:underline\"><span style=\"font-size:10.0pt\"><span style=\"font-family:&quot;Arial&quot;,sans-serif\"><span style=\"text-decoration:none\"><span style=\"text-underline:none\"><a href=\"https:\/\/agenciabrasil.ebc.com.br\/economia\/noticia\/2022-02\/mercado-financeiro-projeta-inflacao-de-544-para-este-ano\" style=\"color:blue; text-decoration:underline\">Mercado financeiro projeta infla&ccedil;&atilde;o de 5,44% para este ano<\/a><\/span><\/span><\/span><\/span><\/span><\/span><\/span><\/span><\/span><\/p>\r\n","texto_en":"<p>.<\/p>\r\n","7":"<p>.<\/p>\r\n","imagem":"COMP_banner-padrao-home-destaques-boletim_20220208131026rYbpDOc9WS.jpg","8":"COMP_banner-padrao-home-destaques-boletim_20220208131026rYbpDOc9WS.jpg","arquivo":"20220208-NOTICIAS-SEMANAIS.PDF","9":"20220208-NOTICIAS-SEMANAIS.PDF","titulo_arquivo":"","10":"","titulo_arquivo_en":"","11":"","created_at":"2022-02-08 13:10:36","12":"2022-02-08 13:10:36","updated_at":"2022-02-08 13:10:36","13":"2022-02-08 13:10:36"},{"id":2,"0":2,"ordem":220,"1":220,"data":"2022-02-01","2":"2022-02-01","slug":"boletim-de-noticias-semanais","3":"boletim-de-noticias-semanais","titulo":"Boletim de Not\u00edcias Semanais","4":"Boletim de Not\u00edcias Semanais","titulo_en":".","5":".","texto":"<p style=\"text-align:justify\"><span style=\"font-size:11pt\"><span style=\"line-height:normal\"><span calibri=\"\" style=\"font-family:\"><span style=\"font-size:12.0pt\">Esta &eacute; uma compila&ccedil;&atilde;o das not&iacute;cias mais relevantes para o setor, incluindo informa&ccedil;&otilde;es sobre acordos internacionais, economia brasileira, sustentabilidade e mat&eacute;rias-primas, al&eacute;m de novidades do setor de N&atilde;otecidos e Tecidos T&eacute;cnicos.<\/span><\/span><\/span><\/span><\/p>\r\n\r\n<p class=\"MsoTitle\"><span style=\"font-size:28pt\"><span cambria=\"\" style=\"font-family:\"><span style=\"letter-spacing:-0.5pt\"><span style=\"font-size:18.0pt\"><span calibri=\"\" style=\"font-family:\">A&ccedil;&otilde;es da ABINT<\/span><\/span><\/span><\/span><\/span><\/p>\r\n\r\n<p style=\"text-align:justify\"><span style=\"font-size:11pt\"><span style=\"line-height:normal\"><span calibri=\"\" style=\"font-family:\"><b><span style=\"font-size:12.0pt\">A ABINT &eacute; apoiadora da ITMA 2023<\/span><\/b><span style=\"font-size:12.0pt\">. O Cematex (Comit&ecirc; Europeu de Fabricantes de M&aacute;quinas T&ecirc;xteis) anunciou que esta, que ser&aacute; a 19&ordf; edi&ccedil;&atilde;o da feira internacional da ind&uacute;stria t&ecirc;xtil, ser&aacute; realizada em Mil&atilde;o, na It&aacute;lia, entre os dias 8 e 14 de junho de 2023. Informa&ccedil;&otilde;es: <a href=\"https:\/\/us10.campaign-archive.com\/?u=bfd40377d82c98d83d82824c4&amp;id=5bd5c4a7a5&amp;e=4d4cd8558e\" style=\"color:blue; text-decoration:underline\">clique aqui<\/a> <\/span><\/span><\/span><\/span><\/p>\r\n\r\n<p class=\"MsoTitle\"><span style=\"font-size:28pt\"><span cambria=\"\" style=\"font-family:\"><span style=\"letter-spacing:-0.5pt\"><span style=\"font-size:18.0pt\"><span calibri=\"\" style=\"font-family:\">Eventos<\/span><\/span><\/span><\/span><\/span><\/p>\r\n\r\n<p style=\"text-align:justify\"><span style=\"font-size:11pt\"><span style=\"line-height:normal\"><span calibri=\"\" style=\"font-family:\"><b><span style=\"font-size:12.0pt\">9&ordm; Congresso Brasileiro de Inova&ccedil;&atilde;o da Ind&uacute;stria, <\/span><\/b>d<span style=\"font-size:12.0pt\">ata: 09 e 10 de mar&ccedil;o de 2022. Informa&ccedil;&otilde;es: <a href=\"https:\/\/www.congressodeinovacao.com.br\/\" style=\"color:blue; text-decoration:underline\">clique aqui<\/a><\/span><\/span><\/span><\/span><\/p>\r\n\r\n<p style=\"text-align:justify\"><span style=\"font-size:11pt\"><span style=\"line-height:normal\"><span calibri=\"\" style=\"font-family:\"><b><span style=\"font-size:12.0pt\">Abra Talks Fevereiro 2022, <\/span><\/b><span style=\"font-size:12.0pt\">data: 10 de fevereiro. Informa&ccedil;&otilde;es: <a href=\"https:\/\/www.sympla.com.br\/evento-online\/abra-talks-fevereiro-2022\/1464531\" style=\"color:blue; text-decoration:underline\">clique aqui<\/a><\/span><\/span><\/span><\/span><\/p>\r\n\r\n<p style=\"text-align:justify\"><span style=\"font-size:11pt\"><span style=\"line-height:normal\"><span calibri=\"\" style=\"font-family:\"><b><span style=\"font-size:12.0pt\">Fenasan 2022 - maior evento de saneamento da Am&eacute;rica Latina, <\/span><\/b><span style=\"font-size:12.0pt\">data: de 13 a 15 de setembro. Informa&ccedil;&otilde;es e inscri&ccedil;&otilde;es: <a href=\"https:\/\/fenasan.com.br\/\" style=\"color:blue; text-decoration:underline\">clique aqui<\/a> <\/span><\/span><\/span><\/span><\/p>\r\n\r\n<p class=\"MsoTitle\"><span style=\"font-size:28pt\"><span cambria=\"\" style=\"font-family:\"><span style=\"letter-spacing:-0.5pt\"><span style=\"font-size:18.0pt\"><span calibri=\"\" style=\"font-family:\">Setor<\/span><\/span><\/span><\/span><\/span><\/p>\r\n\r\n<p style=\"text-align:justify\"><span style=\"font-size:11pt\"><span style=\"line-height:normal\"><span calibri=\"\" style=\"font-family:\"><span style=\"font-size:12.0pt\"><a href=\"http:\/\/www.textilia.net\/materias\/ler\/moda\/moda-hit-da-estacao\/cipatex_apresenta_nova_colecao_de_laminados_durante_o_inspiramais\" style=\"color:blue; text-decoration:underline\">Cipatex&reg; apresenta nova cole&ccedil;&atilde;o de laminados durante o Inspiramais<\/a><\/span><\/span><\/span><\/span><\/p>\r\n\r\n<p style=\"text-align:justify\"><span style=\"font-size:11pt\"><span style=\"line-height:normal\"><span calibri=\"\" style=\"font-family:\"><span style=\"font-size:12.0pt\"><a href=\"https:\/\/web.arapiraca.al.gov.br\/2022\/01\/colheita-de-melancias-em-terra-cultivada-e-realidade-em-arapiraca\/\" style=\"color:blue; text-decoration:underline\">Manta geossint&eacute;tica: colheita de melancias em terra cultivada &eacute; realidade em Arapiraca (AL)<\/a><\/span><\/span><\/span><\/span><\/p>\r\n\r\n<p style=\"text-align:justify\"><span style=\"font-size:11pt\"><span style=\"line-height:normal\"><span calibri=\"\" style=\"font-family:\"><span style=\"font-size:12.0pt\"><a href=\"https:\/\/agencia.fapesp.br\/fapesp-e-braskem-criam-centro-de-pesquisa-em-plasticultura-para-o-agronegocio\/37802\/\" style=\"color:blue; text-decoration:underline\">Fapesp e Braskem criam centro de pesquisa em plasticultura para o agroneg&oacute;cio<\/a><\/span><\/span><\/span><\/span><\/p>\r\n\r\n<p style=\"text-align:justify\"><span style=\"font-size:11pt\"><span style=\"line-height:normal\"><span calibri=\"\" style=\"font-family:\"><span style=\"font-size:12.0pt\"><a href=\"http:\/\/textileindustry.ning.com\/forum\/topics\/qual-ser-o-lugar-da-china-em-2022-1\" style=\"color:blue; text-decoration:underline\">Setor t&ecirc;xtil: Qual ser&aacute; o lugar da China em 2022?<\/a><\/span><\/span><\/span><\/span><\/p>\r\n\r\n<p style=\"text-align:justify\"><span style=\"font-size:11pt\"><span style=\"line-height:normal\"><span calibri=\"\" style=\"font-family:\"><span style=\"font-size:12.0pt\"><a href=\"http:\/\/textileindustry.ning.com\/forum\/topics\/itv-procura-da-pr-xima-gera-o-de-materiais\" style=\"color:blue; text-decoration:underline\">T&ecirc;xtil e Vestu&aacute;rio &agrave; procura da pr&oacute;xima gera&ccedil;&atilde;o de materiais<\/a><\/span><\/span><\/span><\/span><\/p>\r\n\r\n<p style=\"text-align:justify\"><span style=\"font-size:11pt\"><span style=\"line-height:normal\"><span calibri=\"\" style=\"font-family:\"><span style=\"font-size:12.0pt\"><a href=\"https:\/\/tnonline.uol.com.br\/noticias\/apucarana\/utfpr-vai-ganhar-novo-laboratorio-para-analises-texteis-606753?d=1\" style=\"color:blue; text-decoration:underline\">Apucarana: UTFPR vai ganhar novo laborat&oacute;rio para an&aacute;lises t&ecirc;xteis<\/a><\/span><\/span><\/span><\/span><\/p>\r\n\r\n<p style=\"text-align:justify\"><span style=\"font-size:11pt\"><span style=\"line-height:normal\"><span calibri=\"\" style=\"font-family:\"><span style=\"font-size:12.0pt\"><a href=\"https:\/\/www.portugaltextil.com\/brexit-foi-negativo-para-os-texteis\/\" style=\"color:blue; text-decoration:underline\">Brexit foi negativo para os t&ecirc;xteis<\/a><\/span><\/span><\/span><\/span><\/p>\r\n\r\n<p style=\"text-align:justify\"><span style=\"font-size:11pt\"><span style=\"line-height:normal\"><span calibri=\"\" style=\"font-family:\"><span style=\"font-size:12.0pt\"><a href=\"https:\/\/www.portugaltextil.com\/riopele-investe-nos-texteis-tecnicos\/\" style=\"color:blue; text-decoration:underline\">Riopele investe nos t&ecirc;xteis t&eacute;cnicos<\/a><\/span><\/span><\/span><\/span><\/p>\r\n\r\n<p style=\"text-align:justify\"><span style=\"font-size:11pt\"><span style=\"line-height:normal\"><span calibri=\"\" style=\"font-family:\"><span style=\"font-size:12.0pt\"><a href=\"https:\/\/br.fashionnetwork.com\/news\/Brasil-se-firma-como-quarto-fornecedor-de-texteis-da-colombia-e-chega-com-delegacao-a-colombiatex,1371463.html\" style=\"color:blue; text-decoration:underline\">Brasil se firma como quarto fornecedor de t&ecirc;xteis da Col&ocirc;mbia e chega com delega&ccedil;&atilde;o &agrave; Colombiatex<\/a><\/span><\/span><\/span><\/span><\/p>\r\n\r\n<p class=\"MsoTitle\"><span style=\"font-size:28pt\"><span cambria=\"\" style=\"font-family:\"><span style=\"letter-spacing:-0.5pt\"><span style=\"font-size:18.0pt\"><span calibri=\"\" style=\"font-family:\">Ind&uacute;stria <\/span><\/span><\/span><\/span><\/span><\/p>\r\n\r\n<p style=\"text-align:justify\"><span style=\"font-size:11pt\"><span style=\"line-height:normal\"><span calibri=\"\" style=\"font-family:\"><span style=\"font-size:12.0pt\"><a href=\"https:\/\/www.comexdobrasil.com\/calcadistas-comemoram-liminar-fixando-prazo-de-8-dias-para-desembaraco-de-mercadorias-no-porto-de-rio-grande\/\" style=\"color:blue; text-decoration:underline\">Cal&ccedil;adistas comemoram liminar fixando prazo de 8 dias para desembara&ccedil;o de mercadorias no porto de Rio Grande (RS)<\/a><\/span><\/span><\/span><\/span><\/p>\r\n\r\n<p style=\"text-align:justify\"><span style=\"font-size:11pt\"><span style=\"line-height:normal\"><span calibri=\"\" style=\"font-family:\"><span style=\"font-size:12.0pt\"><a href=\"https:\/\/br.fashionnetwork.com\/news\/25%C2%AA-edicao-do-inspiramais-gera-mais-de-us-7-5-milhoes-em-negocios,1372831.html\" style=\"color:blue; text-decoration:underline\">25&ordf; edi&ccedil;&atilde;o do Inspiramais gera mais de US$ 7,5 milh&otilde;es em neg&oacute;cios<\/a><\/span><\/span><\/span><\/span><\/p>\r\n\r\n<p style=\"text-align:justify\"><span style=\"font-size:11pt\"><span style=\"line-height:normal\"><span calibri=\"\" style=\"font-family:\"><span style=\"font-size:12.0pt\"><a href=\"https:\/\/www.automotivebusiness.com.br\/pt\/posts\/setor-automotivo\/volkswagen-vai-reabrir-2o-turno-na-fabrica-de-taubate-em-abril\/\" style=\"color:blue; text-decoration:underline\">Volkswagen vai reabrir 2&ordm; turno na f&aacute;brica de Taubat&eacute; em abril<\/a><\/span><\/span><\/span><\/span><\/p>\r\n\r\n<p style=\"text-align:justify\"><span style=\"font-size:11pt\"><span style=\"line-height:normal\"><span calibri=\"\" style=\"font-family:\"><span style=\"font-size:12.0pt\"><a href=\"https:\/\/www.uol.com.br\/carros\/colunas\/paula-gama\/2022\/01\/28\/o-preco-do-carro-nao-vai-baixar-tao-cedo-garante-presidente-da-anfavea.htm\" style=\"color:blue; text-decoration:underline\">&quot;O pre&ccedil;o do carro n&atilde;o vai baixar t&atilde;o cedo&quot;, afirma presidente da Anfavea<\/a><\/span><\/span><\/span><\/span><\/p>\r\n\r\n<p style=\"text-align:justify\"><span style=\"font-size:11pt\"><span style=\"line-height:normal\"><span calibri=\"\" style=\"font-family:\"><span style=\"font-size:12.0pt\"><a href=\"https:\/\/www.grandesconstrucoes.com.br\/Noticias\/Exibir\/pib-da-construcao-civil-sobe-76-e-previsoes-para-2022-sao-positivas\" style=\"color:blue; text-decoration:underline\">PIB da constru&ccedil;&atilde;o civil sobe 7,6%, e previs&otilde;es para 2022 s&atilde;o positivas<\/a><\/span><\/span><\/span><\/span><\/p>\r\n\r\n<p style=\"text-align:justify\"><span style=\"font-size:11pt\"><span style=\"line-height:normal\"><span calibri=\"\" style=\"font-family:\"><span style=\"font-size:12.0pt\"><a href=\"https:\/\/www.paranacooperativo.coop.br\/ppc\/index.php\/sistema-ocepar\/comunicacao\/2011-12-07-11-06-29\/ultimas-noticias\/139038-infraestrutura-com-investimentos-de-r-11-bilhao-estado-vai-entregar-250-km-de-obras-rodoviarias-em-2022\" style=\"color:blue; text-decoration:underline\">Com investimentos de R$ 1,1 bilh&atilde;o, Estado vai entregar 250 km de obras rodovi&aacute;rias em 2022<\/a><\/span><\/span><\/span><\/span><\/p>\r\n\r\n<p style=\"text-align:justify\"><span style=\"font-size:11pt\"><span style=\"line-height:normal\"><span calibri=\"\" style=\"font-family:\"><span style=\"font-size:12.0pt\"><a href=\"https:\/\/orlanoticias.com.br\/dinheiro-destinado-a-rodovias-federais-em-2022-e-o-menor-em-dez-anos\/\" style=\"color:blue; text-decoration:underline\">Dinheiro destinado a rodovias federais em 2022 &eacute; o menor em 10 anos<\/a><\/span><\/span><\/span><\/span><\/p>\r\n\r\n<p class=\"MsoTitle\"><span style=\"font-size:28pt\"><span cambria=\"\" style=\"font-family:\"><span style=\"letter-spacing:-0.5pt\"><span style=\"font-size:18.0pt\"><span calibri=\"\" style=\"font-family:\">Sustentabilidade <\/span><\/span><\/span><\/span><\/span><\/p>\r\n\r\n<p style=\"text-align:justify\"><span style=\"font-size:11pt\"><span style=\"line-height:normal\"><span calibri=\"\" style=\"font-family:\"><span style=\"font-size:12.0pt\"><a href=\"https:\/\/afrebras.org.br\/noticias\/afrebrasnamidia-pet-reciclada-custa-mais-do-que-a-resina\/\" style=\"color:blue; text-decoration:underline\">PET reciclada custa mais do que a resina<\/a><\/span><\/span><\/span><\/span><\/p>\r\n\r\n<p style=\"text-align:justify\"><span style=\"font-size:11pt\"><span style=\"line-height:normal\"><span calibri=\"\" style=\"font-family:\"><span style=\"font-size:12.0pt\"><a href=\"https:\/\/www.terra.com.br\/noticias\/marco-legal-do-saneamento-pode-apoiar-iniciativas-privadas,0882cabac214b1adc45ec8ee3f45e3eaect0pycw.html\" style=\"color:blue; text-decoration:underline\">Marco Legal do Saneamento pode apoiar iniciativas privadas<\/a><\/span><\/span><\/span><\/span><\/p>\r\n\r\n<p style=\"text-align:justify\"><span style=\"font-size:11pt\"><span style=\"line-height:normal\"><span calibri=\"\" style=\"font-family:\"><span style=\"font-size:12.0pt\"><a href=\"https:\/\/www.assintecal.org.br\/noticias\/4020\/materiais-sustentaveis-sao-destaque-no-inspiramais\" style=\"color:blue; text-decoration:underline\">Materiais sustent&aacute;veis s&atilde;o destaque no INSPIRAMAIS<\/a><\/span><\/span><\/span><\/span><\/p>\r\n\r\n<p style=\"text-align:justify\"><span style=\"font-size:11pt\"><span style=\"line-height:normal\"><span calibri=\"\" style=\"font-family:\"><span style=\"font-size:12.0pt\"><a href=\"https:\/\/www.assintecal.org.br\/noticias\/4022\/empresas-ecologicamente-responsaveis-lucram-mais\" style=\"color:blue; text-decoration:underline\">Empresas ecologicamente respons&aacute;veis lucram mais<\/a><\/span><\/span><\/span><\/span><\/p>\r\n\r\n<p class=\"MsoTitle\"><span style=\"font-size:28pt\"><span cambria=\"\" style=\"font-family:\"><span style=\"letter-spacing:-0.5pt\"><span style=\"font-size:18.0pt\"><span calibri=\"\" style=\"font-family:\">Com&eacute;rcio Exterior<\/span><\/span><\/span><\/span><\/span><\/p>\r\n\r\n<p style=\"text-align:justify\"><span style=\"font-size:11pt\"><span style=\"line-height:normal\"><span calibri=\"\" style=\"font-family:\"><span style=\"font-size:12.0pt\"><a href=\"https:\/\/www.comexdobrasil.com\/desafios-e-oportunidades-para-o-comercio-exterior-em-2022\/\" style=\"color:blue; text-decoration:underline\">Desafios e oportunidades para o com&eacute;rcio exterior em 2022<\/a><\/span><\/span><\/span><\/span><\/p>\r\n\r\n<p style=\"text-align:justify\"><span style=\"font-size:11pt\"><span style=\"line-height:normal\"><span calibri=\"\" style=\"font-family:\"><span style=\"font-size:12.0pt\"><a href=\"https:\/\/www.gaz.com.br\/operacao-padrao-causa-lentidao-no-comercio-exterior\/\" style=\"color:blue; text-decoration:underline\">Opera&ccedil;&atilde;o-padr&atilde;o causa lentid&atilde;o no Com&eacute;rcio Exterior<\/a><\/span><\/span><\/span><\/span><\/p>\r\n\r\n<p style=\"text-align:justify\"><span style=\"font-size:11pt\"><span style=\"line-height:normal\"><span calibri=\"\" style=\"font-family:\"><span style=\"font-size:12.0pt\"><a href=\"https:\/\/g1.globo.com\/economia\/noticia\/2022\/01\/28\/argentina-fecha-acordo-com-fmi-para-reestruturar-divida-de-mais-de-us-40-bilhoes.ghtml\" style=\"color:blue; text-decoration:underline\">Argentina fecha acordo com FMI para reestruturar d&iacute;vida de mais de US$ 40 bilh&otilde;es<\/a><\/span><\/span><\/span><\/span><\/p>\r\n\r\n<p class=\"MsoTitle\"><span style=\"font-size:28pt\"><span cambria=\"\" style=\"font-family:\"><span style=\"letter-spacing:-0.5pt\"><span style=\"font-size:18.0pt\"><span calibri=\"\" style=\"font-family:\">Economia <\/span><\/span><\/span><\/span><\/span><\/p>\r\n\r\n<p style=\"text-align:justify\"><span style=\"font-size:11pt\"><span style=\"line-height:normal\"><span calibri=\"\" style=\"font-family:\"><span style=\"font-size:12.0pt\"><a href=\"https:\/\/www.bcb.gov.br\/content\/focus\/focus\/R20220128.pdf\" style=\"color:blue; text-decoration:underline\"><b>Boletim Focus<\/b><\/a><\/span><\/span><\/span><\/span><\/p>\r\n\r\n<p style=\"text-align:justify\"><span style=\"font-size:11pt\"><span style=\"line-height:normal\"><span calibri=\"\" style=\"font-family:\"><span style=\"font-size:12.0pt\"><a href=\"https:\/\/noticias.portaldaindustria.com.br\/posicionamentos\/convite-de-acessao-a-ocde-e-passo-fundamental-para-crescimento-economico\/\" style=\"color:blue; text-decoration:underline\">Convite de acess&atilde;o &agrave; OCDE &eacute; passo fundamental para crescimento econ&ocirc;mico<\/a><\/span><\/span><\/span><\/span><\/p>\r\n\r\n<p style=\"text-align:justify\"><span style=\"font-size:11pt\"><span style=\"line-height:normal\"><span calibri=\"\" style=\"font-family:\"><span style=\"font-size:12.0pt\"><a href=\"https:\/\/agenciabrasil.ebc.com.br\/economia\/noticia\/2022-01\/taxa-media-de-juros-em-dezembro-registrou-244-ao-ano\" style=\"color:blue; text-decoration:underline\">Taxa m&eacute;dia de juros em dezembro registrou 24,4% ao ano<\/a><\/span><\/span><\/span><\/span><\/p>\r\n\r\n<p style=\"text-align:justify\"><span style=\"font-size:11pt\"><span style=\"line-height:normal\"><span calibri=\"\" style=\"font-family:\"><span style=\"font-size:12.0pt\"><a href=\"https:\/\/agenciabrasil.ebc.com.br\/economia\/noticia\/2022-01\/governo-vai-priorizar-criacao-de-empregos-em-2022-diz-presidente\" style=\"color:blue; text-decoration:underline\">Governo vai priorizar cria&ccedil;&atilde;o de empregos em 2022, diz presidente<\/a><\/span><\/span><\/span><\/span><\/p>\r\n\r\n<p style=\"text-align:justify\"><span style=\"font-size:11pt\"><span style=\"line-height:normal\"><span calibri=\"\" style=\"font-family:\"><span style=\"font-size:12.0pt\"><a href=\"https:\/\/portalibre.fgv.br\/noticias\/confianca-da-construcao-recua-39-pontos-em-janeiro-e-atinge-menor-nivel-desde-junho-de\" style=\"color:blue; text-decoration:underline\">Confian&ccedil;a da Constru&ccedil;&atilde;o recua 3,9 pontos em janeiro e atinge menor n&iacute;vel desde junho de 2021<\/a><\/span><\/span><\/span><\/span><\/p>\r\n\r\n<p style=\"text-align:justify\"><span style=\"font-size:11pt\"><span style=\"line-height:normal\"><span calibri=\"\" style=\"font-family:\"><span style=\"font-size:12.0pt\"><a href=\"https:\/\/portalibre.fgv.br\/noticias\/confianca-da-industria-registra-6a-queda-consecutiva\" style=\"color:blue; text-decoration:underline\">Confian&ccedil;a da Ind&uacute;stria registra 6&ordf; queda consecutiva<\/a><\/span><\/span><\/span><\/span><\/p>\r\n\r\n<p style=\"text-align:justify\"><span style=\"font-size:11pt\"><span style=\"line-height:normal\"><span calibri=\"\" style=\"font-family:\"><span style=\"font-size:12.0pt\"><a href=\"https:\/\/portalibre.fgv.br\/noticias\/confianca-do-comercio-recua-e-atinge-menor-nivel-desde-abril-de-2021\" style=\"color:blue; text-decoration:underline\">Confian&ccedil;a do Com&eacute;rcio recua e atinge menor n&iacute;vel desde abril de 2021<\/a><\/span><\/span><\/span><\/span><\/p>\r\n\r\n<p style=\"text-align:justify\">&nbsp;<\/p>\r\n","6":"<p style=\"text-align:justify\"><span style=\"font-size:11pt\"><span style=\"line-height:normal\"><span calibri=\"\" style=\"font-family:\"><span style=\"font-size:12.0pt\">Esta &eacute; uma compila&ccedil;&atilde;o das not&iacute;cias mais relevantes para o setor, incluindo informa&ccedil;&otilde;es sobre acordos internacionais, economia brasileira, sustentabilidade e mat&eacute;rias-primas, al&eacute;m de novidades do setor de N&atilde;otecidos e Tecidos T&eacute;cnicos.<\/span><\/span><\/span><\/span><\/p>\r\n\r\n<p class=\"MsoTitle\"><span style=\"font-size:28pt\"><span cambria=\"\" style=\"font-family:\"><span style=\"letter-spacing:-0.5pt\"><span style=\"font-size:18.0pt\"><span calibri=\"\" style=\"font-family:\">A&ccedil;&otilde;es da ABINT<\/span><\/span><\/span><\/span><\/span><\/p>\r\n\r\n<p style=\"text-align:justify\"><span style=\"font-size:11pt\"><span style=\"line-height:normal\"><span calibri=\"\" style=\"font-family:\"><b><span style=\"font-size:12.0pt\">A ABINT &eacute; apoiadora da ITMA 2023<\/span><\/b><span style=\"font-size:12.0pt\">. O Cematex (Comit&ecirc; Europeu de Fabricantes de M&aacute;quinas T&ecirc;xteis) anunciou que esta, que ser&aacute; a 19&ordf; edi&ccedil;&atilde;o da feira internacional da ind&uacute;stria t&ecirc;xtil, ser&aacute; realizada em Mil&atilde;o, na It&aacute;lia, entre os dias 8 e 14 de junho de 2023. Informa&ccedil;&otilde;es: <a href=\"https:\/\/us10.campaign-archive.com\/?u=bfd40377d82c98d83d82824c4&amp;id=5bd5c4a7a5&amp;e=4d4cd8558e\" style=\"color:blue; text-decoration:underline\">clique aqui<\/a> <\/span><\/span><\/span><\/span><\/p>\r\n\r\n<p class=\"MsoTitle\"><span style=\"font-size:28pt\"><span cambria=\"\" style=\"font-family:\"><span style=\"letter-spacing:-0.5pt\"><span style=\"font-size:18.0pt\"><span calibri=\"\" style=\"font-family:\">Eventos<\/span><\/span><\/span><\/span><\/span><\/p>\r\n\r\n<p style=\"text-align:justify\"><span style=\"font-size:11pt\"><span style=\"line-height:normal\"><span calibri=\"\" style=\"font-family:\"><b><span style=\"font-size:12.0pt\">9&ordm; Congresso Brasileiro de Inova&ccedil;&atilde;o da Ind&uacute;stria, <\/span><\/b>d<span style=\"font-size:12.0pt\">ata: 09 e 10 de mar&ccedil;o de 2022. Informa&ccedil;&otilde;es: <a href=\"https:\/\/www.congressodeinovacao.com.br\/\" style=\"color:blue; text-decoration:underline\">clique aqui<\/a><\/span><\/span><\/span><\/span><\/p>\r\n\r\n<p style=\"text-align:justify\"><span style=\"font-size:11pt\"><span style=\"line-height:normal\"><span calibri=\"\" style=\"font-family:\"><b><span style=\"font-size:12.0pt\">Abra Talks Fevereiro 2022, <\/span><\/b><span style=\"font-size:12.0pt\">data: 10 de fevereiro. Informa&ccedil;&otilde;es: <a href=\"https:\/\/www.sympla.com.br\/evento-online\/abra-talks-fevereiro-2022\/1464531\" style=\"color:blue; text-decoration:underline\">clique aqui<\/a><\/span><\/span><\/span><\/span><\/p>\r\n\r\n<p style=\"text-align:justify\"><span style=\"font-size:11pt\"><span style=\"line-height:normal\"><span calibri=\"\" style=\"font-family:\"><b><span style=\"font-size:12.0pt\">Fenasan 2022 - maior evento de saneamento da Am&eacute;rica Latina, <\/span><\/b><span style=\"font-size:12.0pt\">data: de 13 a 15 de setembro. Informa&ccedil;&otilde;es e inscri&ccedil;&otilde;es: <a href=\"https:\/\/fenasan.com.br\/\" style=\"color:blue; text-decoration:underline\">clique aqui<\/a> <\/span><\/span><\/span><\/span><\/p>\r\n\r\n<p class=\"MsoTitle\"><span style=\"font-size:28pt\"><span cambria=\"\" style=\"font-family:\"><span style=\"letter-spacing:-0.5pt\"><span style=\"font-size:18.0pt\"><span calibri=\"\" style=\"font-family:\">Setor<\/span><\/span><\/span><\/span><\/span><\/p>\r\n\r\n<p style=\"text-align:justify\"><span style=\"font-size:11pt\"><span style=\"line-height:normal\"><span calibri=\"\" style=\"font-family:\"><span style=\"font-size:12.0pt\"><a href=\"http:\/\/www.textilia.net\/materias\/ler\/moda\/moda-hit-da-estacao\/cipatex_apresenta_nova_colecao_de_laminados_durante_o_inspiramais\" style=\"color:blue; text-decoration:underline\">Cipatex&reg; apresenta nova cole&ccedil;&atilde;o de laminados durante o Inspiramais<\/a><\/span><\/span><\/span><\/span><\/p>\r\n\r\n<p style=\"text-align:justify\"><span style=\"font-size:11pt\"><span style=\"line-height:normal\"><span calibri=\"\" style=\"font-family:\"><span style=\"font-size:12.0pt\"><a href=\"https:\/\/web.arapiraca.al.gov.br\/2022\/01\/colheita-de-melancias-em-terra-cultivada-e-realidade-em-arapiraca\/\" style=\"color:blue; text-decoration:underline\">Manta geossint&eacute;tica: colheita de melancias em terra cultivada &eacute; realidade em Arapiraca (AL)<\/a><\/span><\/span><\/span><\/span><\/p>\r\n\r\n<p style=\"text-align:justify\"><span style=\"font-size:11pt\"><span style=\"line-height:normal\"><span calibri=\"\" style=\"font-family:\"><span style=\"font-size:12.0pt\"><a href=\"https:\/\/agencia.fapesp.br\/fapesp-e-braskem-criam-centro-de-pesquisa-em-plasticultura-para-o-agronegocio\/37802\/\" style=\"color:blue; text-decoration:underline\">Fapesp e Braskem criam centro de pesquisa em plasticultura para o agroneg&oacute;cio<\/a><\/span><\/span><\/span><\/span><\/p>\r\n\r\n<p style=\"text-align:justify\"><span style=\"font-size:11pt\"><span style=\"line-height:normal\"><span calibri=\"\" style=\"font-family:\"><span style=\"font-size:12.0pt\"><a href=\"http:\/\/textileindustry.ning.com\/forum\/topics\/qual-ser-o-lugar-da-china-em-2022-1\" style=\"color:blue; text-decoration:underline\">Setor t&ecirc;xtil: Qual ser&aacute; o lugar da China em 2022?<\/a><\/span><\/span><\/span><\/span><\/p>\r\n\r\n<p style=\"text-align:justify\"><span style=\"font-size:11pt\"><span style=\"line-height:normal\"><span calibri=\"\" style=\"font-family:\"><span style=\"font-size:12.0pt\"><a href=\"http:\/\/textileindustry.ning.com\/forum\/topics\/itv-procura-da-pr-xima-gera-o-de-materiais\" style=\"color:blue; text-decoration:underline\">T&ecirc;xtil e Vestu&aacute;rio &agrave; procura da pr&oacute;xima gera&ccedil;&atilde;o de materiais<\/a><\/span><\/span><\/span><\/span><\/p>\r\n\r\n<p style=\"text-align:justify\"><span style=\"font-size:11pt\"><span style=\"line-height:normal\"><span calibri=\"\" style=\"font-family:\"><span style=\"font-size:12.0pt\"><a href=\"https:\/\/tnonline.uol.com.br\/noticias\/apucarana\/utfpr-vai-ganhar-novo-laboratorio-para-analises-texteis-606753?d=1\" style=\"color:blue; text-decoration:underline\">Apucarana: UTFPR vai ganhar novo laborat&oacute;rio para an&aacute;lises t&ecirc;xteis<\/a><\/span><\/span><\/span><\/span><\/p>\r\n\r\n<p style=\"text-align:justify\"><span style=\"font-size:11pt\"><span style=\"line-height:normal\"><span calibri=\"\" style=\"font-family:\"><span style=\"font-size:12.0pt\"><a href=\"https:\/\/www.portugaltextil.com\/brexit-foi-negativo-para-os-texteis\/\" style=\"color:blue; text-decoration:underline\">Brexit foi negativo para os t&ecirc;xteis<\/a><\/span><\/span><\/span><\/span><\/p>\r\n\r\n<p style=\"text-align:justify\"><span style=\"font-size:11pt\"><span style=\"line-height:normal\"><span calibri=\"\" style=\"font-family:\"><span style=\"font-size:12.0pt\"><a href=\"https:\/\/www.portugaltextil.com\/riopele-investe-nos-texteis-tecnicos\/\" style=\"color:blue; text-decoration:underline\">Riopele investe nos t&ecirc;xteis t&eacute;cnicos<\/a><\/span><\/span><\/span><\/span><\/p>\r\n\r\n<p style=\"text-align:justify\"><span style=\"font-size:11pt\"><span style=\"line-height:normal\"><span calibri=\"\" style=\"font-family:\"><span style=\"font-size:12.0pt\"><a href=\"https:\/\/br.fashionnetwork.com\/news\/Brasil-se-firma-como-quarto-fornecedor-de-texteis-da-colombia-e-chega-com-delegacao-a-colombiatex,1371463.html\" style=\"color:blue; text-decoration:underline\">Brasil se firma como quarto fornecedor de t&ecirc;xteis da Col&ocirc;mbia e chega com delega&ccedil;&atilde;o &agrave; Colombiatex<\/a><\/span><\/span><\/span><\/span><\/p>\r\n\r\n<p class=\"MsoTitle\"><span style=\"font-size:28pt\"><span cambria=\"\" style=\"font-family:\"><span style=\"letter-spacing:-0.5pt\"><span style=\"font-size:18.0pt\"><span calibri=\"\" style=\"font-family:\">Ind&uacute;stria <\/span><\/span><\/span><\/span><\/span><\/p>\r\n\r\n<p style=\"text-align:justify\"><span style=\"font-size:11pt\"><span style=\"line-height:normal\"><span calibri=\"\" style=\"font-family:\"><span style=\"font-size:12.0pt\"><a href=\"https:\/\/www.comexdobrasil.com\/calcadistas-comemoram-liminar-fixando-prazo-de-8-dias-para-desembaraco-de-mercadorias-no-porto-de-rio-grande\/\" style=\"color:blue; text-decoration:underline\">Cal&ccedil;adistas comemoram liminar fixando prazo de 8 dias para desembara&ccedil;o de mercadorias no porto de Rio Grande (RS)<\/a><\/span><\/span><\/span><\/span><\/p>\r\n\r\n<p style=\"text-align:justify\"><span style=\"font-size:11pt\"><span style=\"line-height:normal\"><span calibri=\"\" style=\"font-family:\"><span style=\"font-size:12.0pt\"><a href=\"https:\/\/br.fashionnetwork.com\/news\/25%C2%AA-edicao-do-inspiramais-gera-mais-de-us-7-5-milhoes-em-negocios,1372831.html\" style=\"color:blue; text-decoration:underline\">25&ordf; edi&ccedil;&atilde;o do Inspiramais gera mais de US$ 7,5 milh&otilde;es em neg&oacute;cios<\/a><\/span><\/span><\/span><\/span><\/p>\r\n\r\n<p style=\"text-align:justify\"><span style=\"font-size:11pt\"><span style=\"line-height:normal\"><span calibri=\"\" style=\"font-family:\"><span style=\"font-size:12.0pt\"><a href=\"https:\/\/www.automotivebusiness.com.br\/pt\/posts\/setor-automotivo\/volkswagen-vai-reabrir-2o-turno-na-fabrica-de-taubate-em-abril\/\" style=\"color:blue; text-decoration:underline\">Volkswagen vai reabrir 2&ordm; turno na f&aacute;brica de Taubat&eacute; em abril<\/a><\/span><\/span><\/span><\/span><\/p>\r\n\r\n<p style=\"text-align:justify\"><span style=\"font-size:11pt\"><span style=\"line-height:normal\"><span calibri=\"\" style=\"font-family:\"><span style=\"font-size:12.0pt\"><a href=\"https:\/\/www.uol.com.br\/carros\/colunas\/paula-gama\/2022\/01\/28\/o-preco-do-carro-nao-vai-baixar-tao-cedo-garante-presidente-da-anfavea.htm\" style=\"color:blue; text-decoration:underline\">&quot;O pre&ccedil;o do carro n&atilde;o vai baixar t&atilde;o cedo&quot;, afirma presidente da Anfavea<\/a><\/span><\/span><\/span><\/span><\/p>\r\n\r\n<p style=\"text-align:justify\"><span style=\"font-size:11pt\"><span style=\"line-height:normal\"><span calibri=\"\" style=\"font-family:\"><span style=\"font-size:12.0pt\"><a href=\"https:\/\/www.grandesconstrucoes.com.br\/Noticias\/Exibir\/pib-da-construcao-civil-sobe-76-e-previsoes-para-2022-sao-positivas\" style=\"color:blue; text-decoration:underline\">PIB da constru&ccedil;&atilde;o civil sobe 7,6%, e previs&otilde;es para 2022 s&atilde;o positivas<\/a><\/span><\/span><\/span><\/span><\/p>\r\n\r\n<p style=\"text-align:justify\"><span style=\"font-size:11pt\"><span style=\"line-height:normal\"><span calibri=\"\" style=\"font-family:\"><span style=\"font-size:12.0pt\"><a href=\"https:\/\/www.paranacooperativo.coop.br\/ppc\/index.php\/sistema-ocepar\/comunicacao\/2011-12-07-11-06-29\/ultimas-noticias\/139038-infraestrutura-com-investimentos-de-r-11-bilhao-estado-vai-entregar-250-km-de-obras-rodoviarias-em-2022\" style=\"color:blue; text-decoration:underline\">Com investimentos de R$ 1,1 bilh&atilde;o, Estado vai entregar 250 km de obras rodovi&aacute;rias em 2022<\/a><\/span><\/span><\/span><\/span><\/p>\r\n\r\n<p style=\"text-align:justify\"><span style=\"font-size:11pt\"><span style=\"line-height:normal\"><span calibri=\"\" style=\"font-family:\"><span style=\"font-size:12.0pt\"><a href=\"https:\/\/orlanoticias.com.br\/dinheiro-destinado-a-rodovias-federais-em-2022-e-o-menor-em-dez-anos\/\" style=\"color:blue; text-decoration:underline\">Dinheiro destinado a rodovias federais em 2022 &eacute; o menor em 10 anos<\/a><\/span><\/span><\/span><\/span><\/p>\r\n\r\n<p class=\"MsoTitle\"><span style=\"font-size:28pt\"><span cambria=\"\" style=\"font-family:\"><span style=\"letter-spacing:-0.5pt\"><span style=\"font-size:18.0pt\"><span calibri=\"\" style=\"font-family:\">Sustentabilidade <\/span><\/span><\/span><\/span><\/span><\/p>\r\n\r\n<p style=\"text-align:justify\"><span style=\"font-size:11pt\"><span style=\"line-height:normal\"><span calibri=\"\" style=\"font-family:\"><span style=\"font-size:12.0pt\"><a href=\"https:\/\/afrebras.org.br\/noticias\/afrebrasnamidia-pet-reciclada-custa-mais-do-que-a-resina\/\" style=\"color:blue; text-decoration:underline\">PET reciclada custa mais do que a resina<\/a><\/span><\/span><\/span><\/span><\/p>\r\n\r\n<p style=\"text-align:justify\"><span style=\"font-size:11pt\"><span style=\"line-height:normal\"><span calibri=\"\" style=\"font-family:\"><span style=\"font-size:12.0pt\"><a href=\"https:\/\/www.terra.com.br\/noticias\/marco-legal-do-saneamento-pode-apoiar-iniciativas-privadas,0882cabac214b1adc45ec8ee3f45e3eaect0pycw.html\" style=\"color:blue; text-decoration:underline\">Marco Legal do Saneamento pode apoiar iniciativas privadas<\/a><\/span><\/span><\/span><\/span><\/p>\r\n\r\n<p style=\"text-align:justify\"><span style=\"font-size:11pt\"><span style=\"line-height:normal\"><span calibri=\"\" style=\"font-family:\"><span style=\"font-size:12.0pt\"><a href=\"https:\/\/www.assintecal.org.br\/noticias\/4020\/materiais-sustentaveis-sao-destaque-no-inspiramais\" style=\"color:blue; text-decoration:underline\">Materiais sustent&aacute;veis s&atilde;o destaque no INSPIRAMAIS<\/a><\/span><\/span><\/span><\/span><\/p>\r\n\r\n<p style=\"text-align:justify\"><span style=\"font-size:11pt\"><span style=\"line-height:normal\"><span calibri=\"\" style=\"font-family:\"><span style=\"font-size:12.0pt\"><a href=\"https:\/\/www.assintecal.org.br\/noticias\/4022\/empresas-ecologicamente-responsaveis-lucram-mais\" style=\"color:blue; text-decoration:underline\">Empresas ecologicamente respons&aacute;veis lucram mais<\/a><\/span><\/span><\/span><\/span><\/p>\r\n\r\n<p class=\"MsoTitle\"><span style=\"font-size:28pt\"><span cambria=\"\" style=\"font-family:\"><span style=\"letter-spacing:-0.5pt\"><span style=\"font-size:18.0pt\"><span calibri=\"\" style=\"font-family:\">Com&eacute;rcio Exterior<\/span><\/span><\/span><\/span><\/span><\/p>\r\n\r\n<p style=\"text-align:justify\"><span style=\"font-size:11pt\"><span style=\"line-height:normal\"><span calibri=\"\" style=\"font-family:\"><span style=\"font-size:12.0pt\"><a href=\"https:\/\/www.comexdobrasil.com\/desafios-e-oportunidades-para-o-comercio-exterior-em-2022\/\" style=\"color:blue; text-decoration:underline\">Desafios e oportunidades para o com&eacute;rcio exterior em 2022<\/a><\/span><\/span><\/span><\/span><\/p>\r\n\r\n<p style=\"text-align:justify\"><span style=\"font-size:11pt\"><span style=\"line-height:normal\"><span calibri=\"\" style=\"font-family:\"><span style=\"font-size:12.0pt\"><a href=\"https:\/\/www.gaz.com.br\/operacao-padrao-causa-lentidao-no-comercio-exterior\/\" style=\"color:blue; text-decoration:underline\">Opera&ccedil;&atilde;o-padr&atilde;o causa lentid&atilde;o no Com&eacute;rcio Exterior<\/a><\/span><\/span><\/span><\/span><\/p>\r\n\r\n<p style=\"text-align:justify\"><span style=\"font-size:11pt\"><span style=\"line-height:normal\"><span calibri=\"\" style=\"font-family:\"><span style=\"font-size:12.0pt\"><a href=\"https:\/\/g1.globo.com\/economia\/noticia\/2022\/01\/28\/argentina-fecha-acordo-com-fmi-para-reestruturar-divida-de-mais-de-us-40-bilhoes.ghtml\" style=\"color:blue; text-decoration:underline\">Argentina fecha acordo com FMI para reestruturar d&iacute;vida de mais de US$ 40 bilh&otilde;es<\/a><\/span><\/span><\/span><\/span><\/p>\r\n\r\n<p class=\"MsoTitle\"><span style=\"font-size:28pt\"><span cambria=\"\" style=\"font-family:\"><span style=\"letter-spacing:-0.5pt\"><span style=\"font-size:18.0pt\"><span calibri=\"\" style=\"font-family:\">Economia <\/span><\/span><\/span><\/span><\/span><\/p>\r\n\r\n<p style=\"text-align:justify\"><span style=\"font-size:11pt\"><span style=\"line-height:normal\"><span calibri=\"\" style=\"font-family:\"><span style=\"font-size:12.0pt\"><a href=\"https:\/\/www.bcb.gov.br\/content\/focus\/focus\/R20220128.pdf\" style=\"color:blue; text-decoration:underline\"><b>Boletim Focus<\/b><\/a><\/span><\/span><\/span><\/span><\/p>\r\n\r\n<p style=\"text-align:justify\"><span style=\"font-size:11pt\"><span style=\"line-height:normal\"><span calibri=\"\" style=\"font-family:\"><span style=\"font-size:12.0pt\"><a href=\"https:\/\/noticias.portaldaindustria.com.br\/posicionamentos\/convite-de-acessao-a-ocde-e-passo-fundamental-para-crescimento-economico\/\" style=\"color:blue; text-decoration:underline\">Convite de acess&atilde;o &agrave; OCDE &eacute; passo fundamental para crescimento econ&ocirc;mico<\/a><\/span><\/span><\/span><\/span><\/p>\r\n\r\n<p style=\"text-align:justify\"><span style=\"font-size:11pt\"><span style=\"line-height:normal\"><span calibri=\"\" style=\"font-family:\"><span style=\"font-size:12.0pt\"><a href=\"https:\/\/agenciabrasil.ebc.com.br\/economia\/noticia\/2022-01\/taxa-media-de-juros-em-dezembro-registrou-244-ao-ano\" style=\"color:blue; text-decoration:underline\">Taxa m&eacute;dia de juros em dezembro registrou 24,4% ao ano<\/a><\/span><\/span><\/span><\/span><\/p>\r\n\r\n<p style=\"text-align:justify\"><span style=\"font-size:11pt\"><span style=\"line-height:normal\"><span calibri=\"\" style=\"font-family:\"><span style=\"font-size:12.0pt\"><a href=\"https:\/\/agenciabrasil.ebc.com.br\/economia\/noticia\/2022-01\/governo-vai-priorizar-criacao-de-empregos-em-2022-diz-presidente\" style=\"color:blue; text-decoration:underline\">Governo vai priorizar cria&ccedil;&atilde;o de empregos em 2022, diz presidente<\/a><\/span><\/span><\/span><\/span><\/p>\r\n\r\n<p style=\"text-align:justify\"><span style=\"font-size:11pt\"><span style=\"line-height:normal\"><span calibri=\"\" style=\"font-family:\"><span style=\"font-size:12.0pt\"><a href=\"https:\/\/portalibre.fgv.br\/noticias\/confianca-da-construcao-recua-39-pontos-em-janeiro-e-atinge-menor-nivel-desde-junho-de\" style=\"color:blue; text-decoration:underline\">Confian&ccedil;a da Constru&ccedil;&atilde;o recua 3,9 pontos em janeiro e atinge menor n&iacute;vel desde junho de 2021<\/a><\/span><\/span><\/span><\/span><\/p>\r\n\r\n<p style=\"text-align:justify\"><span style=\"font-size:11pt\"><span style=\"line-height:normal\"><span calibri=\"\" style=\"font-family:\"><span style=\"font-size:12.0pt\"><a href=\"https:\/\/portalibre.fgv.br\/noticias\/confianca-da-industria-registra-6a-queda-consecutiva\" style=\"color:blue; text-decoration:underline\">Confian&ccedil;a da Ind&uacute;stria registra 6&ordf; queda consecutiva<\/a><\/span><\/span><\/span><\/span><\/p>\r\n\r\n<p style=\"text-align:justify\"><span style=\"font-size:11pt\"><span style=\"line-height:normal\"><span calibri=\"\" style=\"font-family:\"><span style=\"font-size:12.0pt\"><a href=\"https:\/\/portalibre.fgv.br\/noticias\/confianca-do-comercio-recua-e-atinge-menor-nivel-desde-abril-de-2021\" style=\"color:blue; text-decoration:underline\">Confian&ccedil;a do Com&eacute;rcio recua e atinge menor n&iacute;vel desde abril de 2021<\/a><\/span><\/span><\/span><\/span><\/p>\r\n\r\n<p style=\"text-align:justify\">&nbsp;<\/p>\r\n","texto_en":"","7":"","imagem":"COMP_banner-padrao-home-destaques-boletim_20220201190305dF4ZxQKfuo.jpg","8":"COMP_banner-padrao-home-destaques-boletim_20220201190305dF4ZxQKfuo.jpg","arquivo":"20220201-NOTICIAS-SEMANAIS.PDF","9":"20220201-NOTICIAS-SEMANAIS.PDF","titulo_arquivo":"","10":"","titulo_arquivo_en":"","11":"","created_at":"2022-02-01 19:03:16","12":"2022-02-01 19:03:16","updated_at":"2022-02-07 14:39:46","13":"2022-02-07 14:39:46"}],"titulo":"Imprensa"}